{"_terms_":{"phrase":"*","category_id":"1759","category_ids":"1759","facets":"n","p":"1","pp":"100","sort_by":"create_date","sort_direction":"desc","product_type":"kezmuves|alapanyag|vintage","session_id":"7960ah7rpf1cl3m69d1mcoah7r"},"total":112,"products":[{"id":"5477522","shop_id":"42490","user_id":"565022","shop_name":"NArtStudio","shop_zip":"1215","product_code":"5367627","product_name_old":null,"product_name":"Sz\u00fclinapi eml\u00e9k\u0151rz\u0151 plak\u00e1t","category_string":"Baba - mama, Babaposzter, Babaszoba dekor\u00e1ci\u00f3","technic_string":"Fot\u00f3, grafika, rajz, illusztr\u00e1ci\u00f3","category_1":"1735","category_2":"1759","category_3":"1466","category_4":"0","merged_category_1":null,"merged_category_2":null,"merged_category_3":null,"technic_1":"483","technic_2":"0","technic_3":"0","color_1":"525","color_2":"0","color_3":"0","product_description_old":null,"product_description":"Sz\u00fclinapra vagy hivatalos, vagy szeretn\u00e9d k\u00fcl\u00f6nlegess\u00e9 tenni a bab\u00e1d sz\u00fclet\u00e9snapj\u00e1t? Akkor megtal\u00e1ltad a t\u00f6k\u00e9letes aj\u00e1nd\u00e9kot, a sz\u00fclinapi plak\u00e1t form\u00e1j\u00e1ban!\n\nMi\u00e9rt j\u00f3 aj\u00e1nd\u00e9k egy ilyen plak\u00e1t?\n\u27a1\ufe0fszem\u00e9lyre szabva k\u00e9sz\u00fcl, egyedi grafik\u00e1val\n\u27a1\ufe0fegyedi a sz\u00f6vegez\u00e9se\n\u27a1\ufe0ffelhaszn\u00e1lhat\u00f3 sz\u00fclinapi fot\u00f3z\u00e1shoz\n\u27a1\ufe0feml\u00e9k \u0151rz\u0151 aj\u00e1nd\u00e9k\n\u27a1\ufe0f\u00e9s egyben dekor\u00e1ci\u00f3\n\nK\u00e9rheted digit\u00e1lisan, nyomtatva : A\/3-as \u00e9s A\/4-es m\u00e9retben, ak\u00e1r kerettel!\nA plak\u00e1t megrendel\u00e9sre k\u00e9sz\u00fcl, egyedi sz\u00f6vegez\u00e9ssel, k\u00e9rlek megrendel\u00e9skor vedd figyelemben az elk\u00e9sz\u00edt\u00e9si idej\u00e9t!\n\nA post\u00e1z\u00e1s foxposttal vagy packett\u00e1val t\u00f6rt\u00e9nik! Ha digit\u00e1lisan k\u00e9red megsp\u00f3rolod a post\u00e1z\u00e1s k\u00f6lts\u00e9g\u00e9t. Ilyenkor a megrendelt m\u00e9retnek megfelel\u0151en pdf. form\u00e1tumban, e-mailben k\u00fcld\u00f6m el plak\u00e1tot, amit b\u00e1rmilyen m\u00f3don nyomtathatsz.\n\nSzem\u00e9lyes \u00e1tv\u00e9telre Budapest 21. ker\u00fcletben van lehet\u0151s\u00e9g! ( el\u0151re egyeztetett id\u0151pontban)\n\nMegrendel\u00e9s ut\u00e1n k\u00e9rlek \u00fczenetben vedd fel velem a kapcsolatot a felirat megbesz\u00e9l\u00e9s\u00e9hez! :)","price":"2780.00","unit":"db","recommended":"0","status":"1","sponsored":"0","exp_notify":"0","own_material":"0","own_material_description_old":null,"own_material_description":"","jury":"0","jury_number":"","product_nature":"","meskaracsony":"0","create_date":"2026-05-03 10:32:23","shelve_id":"0","image":"nartstudio_product_565022_240910083818_051756.jpeg","image_width":"480","image_height":"592","image_alt":"Sz\u00fclinapi eml\u00e9k\u0151rz\u0151 plak\u00e1t, Sz\u00fclinapra vagy hivatalos, vagy szeretn\u00e9d k\u00fcl\u00f6nlegess\u00e9 tenni a bab\u00e1d sz\u00fclet\u00e9snapj\u00e1t? Akkor megtal\u00e1lt..., Meska","image_title":"Sz\u00fclinapi eml\u00e9k\u0151rz\u0151 plak\u00e1t, Meska","view_count":"364","favourite_count":"0","trending_score":"0","last2MonthFavouriteCount":"0","promotion":"0","giftcard_accept":"0","creditcard_accept":true,"enhanced_background":"0","domain":"meska","specific_customer_id":null,"specific_customer_name":null,"to_order_product":"1","to_order_product_time":"5","product_different":null,"product_different_description":"","vintage":"0","vintage_category_id":"0","recycled":"0","gemstone_id":"0","customizable":"1","type_category":"digital","zerowaste":"0","postage_price":"1290.00","shop_order":"0","has_category":"1","landing_pages":null,"microdata":{"number":1,"category":""},"title":"Sz\u00fclinapi eml\u00e9k\u0151rz\u0151 plak\u00e1t","description":"Sz\u00fclinapra vagy hivatalos, vagy szeretn\u00e9d k\u00fcl\u00f6nlegess\u00e9 tenni a bab\u00e1d sz\u00fclet\u00e9snapj\u00e1t? Akkor megtal\u00e1ltad a t\u00f6k\u00e9letes aj\u00e1nd\u00e9kot, a sz\u00fclinapi plak\u00e1t form\u00e1j\u00e1ban!\n\nMi\u00e9rt j\u00f3 aj\u00e1nd\u00e9k egy ilyen plak\u00e1t?\n\u27a1\ufe0fszem\u00e9lyre szabva k\u00e9sz\u00fcl, egyedi grafik\u00e1val\n\u27a1\ufe0fegyedi a sz\u00f6vegez\u00e9se\n\u27a1\ufe0ffelhaszn\u00e1lhat\u00f3 sz\u00fclinapi fot\u00f3z\u00e1shoz\n\u27a1\ufe0feml\u00e9k \u0151rz\u0151 aj\u00e1nd\u00e9k\n\u27a1\ufe0f\u00e9s egyben dekor\u00e1ci\u00f3\n\nK\u00e9rheted digit\u00e1lisan, nyomtatva : A\/3-as \u00e9s A\/4-es m\u00e9retben, ak\u00e1r kerettel!\nA plak\u00e1t megrendel\u00e9sre k\u00e9sz\u00fcl, egyedi sz\u00f6vegez\u00e9ssel, k\u00e9rlek megrendel\u00e9skor vedd figyelemben az elk\u00e9sz\u00edt\u00e9si idej\u00e9t!\n\nA post\u00e1z\u00e1s foxposttal vagy packett\u00e1val t\u00f6rt\u00e9nik! Ha digit\u00e1lisan k\u00e9red megsp\u00f3rolod a post\u00e1z\u00e1s k\u00f6lts\u00e9g\u00e9t. Ilyenkor a megrendelt m\u00e9retnek megfelel\u0151en pdf. form\u00e1tumban, e-mailben k\u00fcld\u00f6m el plak\u00e1tot, amit b\u00e1rmilyen m\u00f3don nyomtathatsz.\n\nSzem\u00e9lyes \u00e1tv\u00e9telre Budapest 21. ker\u00fcletben van lehet\u0151s\u00e9g! ( el\u0151re egyeztetett id\u0151pontban)\n\nMegrendel\u00e9s ut\u00e1n k\u00e9rlek \u00fczenetben vedd fel velem a kapcsolatot a felirat megbesz\u00e9l\u00e9s\u00e9hez! :)","score":0,"formatted_price":"2 780 Ft","image_url":"https:\/\/www.meska.hu\/img\/product\/small\/n\/a\/nartstudio_product_565022_240910083818_051756.jpeg","formatted_url":"https:\/\/www.meska.hu\/p5367627-szulinapi-emlekorzo-plakat","favourite":false,"in_stock":false,"avatar":"565022_avatar_1695829553.jpeg","delete_from":0,"is_enhanced_background":false,"is_enhanced":false,"product_selection_started":false,"is_active":true,"image_webp_url":"https:\/\/www.meska.hu\/img\/product\/small\/n\/a\/nartstudio_product_565022_240910083818_051756.webp"},{"id":"3402013","shop_id":"31438","user_id":"400253","shop_name":"KataLineDesign","shop_zip":"535600","product_code":"4161947","product_name_old":null,"product_name":"Babaposzter elef\u00e1ntos mint\u00e1val, k\u00e9pkerettel","category_string":"Baba - mama, Babaposzter, Babaszoba dekor\u00e1ci\u00f3","technic_string":"Fot\u00f3, grafika, rajz, illusztr\u00e1ci\u00f3","category_1":"1735","category_2":"1759","category_3":"1466","category_4":"0","merged_category_1":null,"merged_category_2":null,"merged_category_3":null,"technic_1":"483","technic_2":"0","technic_3":"0","color_1":"519","color_2":"0","color_3":"0","product_description_old":null,"product_description":"Egyedi tervez\u00e9s\u0171, n\u00e9vre sz\u00f3l\u00f3 babaposzter. Saj\u00e1t adatokkal A3 m\u00e9retben, \u0151zik\u00e9s illusztr\u00e1ci\u00f3val, feh\u00e9r kerettel.\n\nEgy csal\u00e1d \u00e9let\u00e9ben rendk\u00edv\u00fcl fontos \u00e9s eml\u00e9kezetes esem\u00e9ny, amikor kisbaba sz\u00fcletik. Ezt az esem\u00e9nyt minden sz\u00fcl\u0151 szeretn\u00e9 maradand\u00f3v\u00e1 \u00e9s m\u00e9g eml\u00e9kezetesebb\u00e9 tenni f\u00e9nyk\u00e9pekkel, vide\u00f3kkal. Viszont a baba sz\u00fclet\u00e9s\u00e9nek k\u00f6r\u00fclm\u00e9nyei \u00e9s sz\u00fclet\u00e9si adatai is sz\u00e9p eml\u00e9kk\u00e9 v\u00e1lhatnak. Ehhez ny\u00fajtunk seg\u00edts\u00e9get neked, hogy ezek az adatok egy sz\u00e9p \u00e9s m\u00e9lt\u00f3 eml\u00e9kk\u00e9 v\u00e1lhassanak az otthon fal\u00e1n.\n\nA babaposzterehez a szem\u00e9lyes adatokat emailen kell elk\u00fcldened az info@katalinedesign.com cimre\nA k\u00e9p 240g-os matt pr\u00e9mium m\u0171v\u00e9szpap\u00edrra nyomtatva k\u00e9sz\u00fcl.\nA k\u00e9pkeret anyaga fa, sz\u00edne feh\u00e9r, m\u00e9rete A3","price":"5400.00","unit":"db","recommended":"0","status":"1","sponsored":"0","exp_notify":"0","own_material":"0","own_material_description_old":null,"own_material_description":"","jury":"0","jury_number":"","product_nature":"","meskaracsony":"0","create_date":"2026-04-30 23:13:42","shelve_id":"0","image":"katalinedesign_product_400253_210526142136_116128.jpeg","image_width":"480","image_height":"480","image_alt":"Babaposzter elef\u00e1ntos mint\u00e1val, k\u00e9pkerettel, Egyedi tervez\u00e9s\u0171, n\u00e9vre sz\u00f3l\u00f3 babaposzter. Saj\u00e1t adatokkal A3 m\u00e9retben, \u0151zik\u00e9s illusztr\u00e1ci\u00f3val, feh\u00e9..., Meska","image_title":"Babaposzter elef\u00e1ntos mint\u00e1val, k\u00e9pkerettel, Meska","view_count":"1089","favourite_count":"0","trending_score":"0","last2MonthFavouriteCount":"0","promotion":"0","giftcard_accept":"0","creditcard_accept":false,"enhanced_background":"0","domain":"meska","specific_customer_id":null,"specific_customer_name":null,"to_order_product":"1","to_order_product_time":"3","product_different":"not_different","product_different_description":"","vintage":"0","vintage_category_id":"0","recycled":"0","gemstone_id":"0","customizable":"0","type_category":"physical","zerowaste":"0","postage_price":"1900.00","shop_order":"0","has_category":"1","landing_pages":null,"microdata":{"number":2,"category":""},"title":"Babaposzter elef\u00e1ntos mint\u00e1val, k\u00e9pkerettel","description":"Egyedi tervez\u00e9s\u0171, n\u00e9vre sz\u00f3l\u00f3 babaposzter. Saj\u00e1t adatokkal A3 m\u00e9retben, \u0151zik\u00e9s illusztr\u00e1ci\u00f3val, feh\u00e9r kerettel.\n\nEgy csal\u00e1d \u00e9let\u00e9ben rendk\u00edv\u00fcl fontos \u00e9s eml\u00e9kezetes esem\u00e9ny, amikor kisbaba sz\u00fcletik. Ezt az esem\u00e9nyt minden sz\u00fcl\u0151 szeretn\u00e9 maradand\u00f3v\u00e1 \u00e9s m\u00e9g eml\u00e9kezetesebb\u00e9 tenni f\u00e9nyk\u00e9pekkel, vide\u00f3kkal. Viszont a baba sz\u00fclet\u00e9s\u00e9nek k\u00f6r\u00fclm\u00e9nyei \u00e9s sz\u00fclet\u00e9si adatai is sz\u00e9p eml\u00e9kk\u00e9 v\u00e1lhatnak. Ehhez ny\u00fajtunk seg\u00edts\u00e9get neked, hogy ezek az adatok egy sz\u00e9p \u00e9s m\u00e9lt\u00f3 eml\u00e9kk\u00e9 v\u00e1lhassanak az otthon fal\u00e1n.\n\nA babaposzterehez a szem\u00e9lyes adatokat emailen kell elk\u00fcldened az info@katalinedesign.com cimre\nA k\u00e9p 240g-os matt pr\u00e9mium m\u0171v\u00e9szpap\u00edrra nyomtatva k\u00e9sz\u00fcl.\nA k\u00e9pkeret anyaga fa, sz\u00edne feh\u00e9r, m\u00e9rete A3","score":0,"formatted_price":"5 400 Ft","image_url":"https:\/\/www.meska.hu\/img\/product\/small\/k\/a\/katalinedesign_product_400253_210526142136_116128.jpeg","formatted_url":"https:\/\/www.meska.hu\/p4161947-babaposzter-elefantos-mintaval-kepkerettel","favourite":false,"in_stock":false,"avatar":"KataLineDesign_avatar_400253_1605440815.jpg","delete_from":0,"is_enhanced_background":false,"is_enhanced":false,"product_selection_started":false,"is_active":true,"image_webp_url":"https:\/\/www.meska.hu\/img\/product\/small\/k\/a\/katalinedesign_product_400253_210526142136_116128.webp"},{"id":"2825546","shop_id":"31288","user_id":"398004","shop_name":"panadesign","shop_zip":"2071","product_code":"5030845","product_name_old":null,"product_name":"Babaposzter, Sz\u00fclet\u00e9snapi poszter, aj\u00e1nd\u00e9k bab\u00e1knak, els\u0151 sz\u00fclet\u00e9snap","category_string":"Baba - mama, Babaposzter, Babaszoba dekor\u00e1ci\u00f3","technic_string":"Fot\u00f3, grafika, rajz, illusztr\u00e1ci\u00f3","category_1":"1735","category_2":"1759","category_3":"1466","category_4":"0","merged_category_1":"0","merged_category_2":"0","merged_category_3":"785","technic_1":"483","technic_2":"0","technic_3":"0","color_1":"532","color_2":"0","color_3":"0","product_description_old":null,"product_description":"FIGYELEM: A TERM\u00c9K CSAK DIGIT\u00c1LISAN KER\u00dcL KIK\u00dcLD\u00c9SRE!\n\n\u00d6r\u00f6k\u00edtsd meg az eddigi id\u0151szakot \u00e9s lepd meg vele sz\u00fclet\u00e9snapj\u00e1n saj\u00e1t gyermekedet, de ak\u00e1r aj\u00e1nd\u00e9kk\u00e9nt is t\u00f6k\u00e9letes vagy egy fot\u00f3z\u00e1s alkalm\u00e1val! :) Els\u0151, m\u00e1sodik, harmadik stb. sz\u00fclet\u00e9snapra is k\u00e9rhet\u0151!\n\nK\u00e9rlek hogy a v\u00e1s\u00e1rl\u00e1s ut\u00e1n a poszteren tal\u00e1lhat\u00f3 sz\u00f6vegnek megfelel\u0151en k\u00fcldd el azokat az adatokat, amiket viszont szeretn\u00e9l l\u00e1tni a poszteren! (Pl: S\u00faly, fogak sz\u00e1ma, hossza, miket szeret enni\/inni\/csin\u00e1lni, miket tud m\u00e1r csin\u00e1lni, stb.)\n\nAz adatok alapj\u00e1n elk\u00e9sz\u00edtem a posztert \u00e9s az el\u0151reutal\u00e1s ut\u00e1n elk\u00fcld\u00f6m neked a k\u00e9sz grafik\u00e1t egy kiv\u00e1l\u00f3 min\u0151s\u00e9g\u0171 nyomdai pdf-ben, melyet azonnal ki tudsz nyomtatni.\nA term\u00e9k m\u00e9rete: A4-es m\u00e9ret\u0171, azaz 210 x 297 mm, de k\u00e9rhet\u0151 A3 m\u00e9retben is!\n\nAmennyiben egyedi elk\u00e9pzel\u00e9sed lenne, keress bizalommal \u00fczenetben!","price":"4900.00","unit":"db","recommended":"0","status":"1","sponsored":"0","exp_notify":"0","own_material":"0","own_material_description_old":null,"own_material_description":"","jury":"0","jury_number":"","product_nature":"","meskaracsony":"0","create_date":"2026-04-30 14:11:54","shelve_id":"0","image":"panadesign_product_398004_201121120744_548426.jpeg","image_width":"480","image_height":"384","image_alt":"Babaposzter, Sz\u00fclet\u00e9snapi poszter, aj\u00e1nd\u00e9k bab\u00e1knak, els\u0151 sz\u00fclet\u00e9snap, FIGYELEM: A TERM\u00c9K CSAK DIGIT\u00c1LISAN KER\u00dcL KIK\u00dcLD\u00c9SRE!\\n\\n\u00d6r\u00f6k\u00edtsd meg az eddigi id\u0151szakot \u00e9s lepd meg ..., Meska","image_title":"Babaposzter, Sz\u00fclet\u00e9snapi poszter, aj\u00e1nd\u00e9k bab\u00e1knak, els\u0151 sz\u00fclet\u00e9snap, Meska","view_count":"3698","favourite_count":"0","trending_score":"0","last2MonthFavouriteCount":"0","promotion":"0","giftcard_accept":"1","creditcard_accept":true,"enhanced_background":"0","domain":"meska","specific_customer_id":null,"specific_customer_name":null,"to_order_product":"1","to_order_product_time":"3","product_different":"quite_different","product_different_description":"Bet\u0171k, sz\u00f3k\u00f6z\u00f6k, sz\u00ednek, bet\u0171t\u00edpusok","vintage":"0","vintage_category_id":"0","recycled":"0","gemstone_id":"0","customizable":"0","type_category":"digital","zerowaste":"0","postage_price":"0.00","shop_order":"0","has_category":"1","landing_pages":null,"microdata":{"number":3,"category":""},"title":"Babaposzter, Sz\u00fclet\u00e9snapi poszter, aj\u00e1nd\u00e9k bab\u00e1knak, els\u0151 sz\u00fclet\u00e9snap","description":"FIGYELEM: A TERM\u00c9K CSAK DIGIT\u00c1LISAN KER\u00dcL KIK\u00dcLD\u00c9SRE!\n\n\u00d6r\u00f6k\u00edtsd meg az eddigi id\u0151szakot \u00e9s lepd meg vele sz\u00fclet\u00e9snapj\u00e1n saj\u00e1t gyermekedet, de ak\u00e1r aj\u00e1nd\u00e9kk\u00e9nt is t\u00f6k\u00e9letes vagy egy fot\u00f3z\u00e1s alkalm\u00e1val! :) Els\u0151, m\u00e1sodik, harmadik stb. sz\u00fclet\u00e9snapra is k\u00e9rhet\u0151!\n\nK\u00e9rlek hogy a v\u00e1s\u00e1rl\u00e1s ut\u00e1n a poszteren tal\u00e1lhat\u00f3 sz\u00f6vegnek megfelel\u0151en k\u00fcldd el azokat az adatokat, amiket viszont szeretn\u00e9l l\u00e1tni a poszteren! (Pl: S\u00faly, fogak sz\u00e1ma, hossza, miket szeret enni\/inni\/csin\u00e1lni, miket tud m\u00e1r csin\u00e1lni, stb.)\n\nAz adatok alapj\u00e1n elk\u00e9sz\u00edtem a posztert \u00e9s az el\u0151reutal\u00e1s ut\u00e1n elk\u00fcld\u00f6m neked a k\u00e9sz grafik\u00e1t egy kiv\u00e1l\u00f3 min\u0151s\u00e9g\u0171 nyomdai pdf-ben, melyet azonnal ki tudsz nyomtatni.\nA term\u00e9k m\u00e9rete: A4-es m\u00e9ret\u0171, azaz 210 x 297 mm, de k\u00e9rhet\u0151 A3 m\u00e9retben is!\n\nAmennyiben egyedi elk\u00e9pzel\u00e9sed lenne, keress bizalommal \u00fczenetben!","score":0,"formatted_price":"4 900 Ft","image_url":"https:\/\/www.meska.hu\/img\/product\/small\/p\/a\/panadesign_product_398004_201121120744_548426.jpeg","formatted_url":"https:\/\/www.meska.hu\/p5030845-babaposzter-szuletesnapi-poszter-ajandek-babaknak-elso-szuletesnap","favourite":false,"in_stock":false,"avatar":"panadesign_avatar_398004_1605705071.jpg","delete_from":0,"is_enhanced_background":false,"is_enhanced":false,"product_selection_started":false,"is_active":true,"image_webp_url":"https:\/\/www.meska.hu\/img\/product\/small\/p\/a\/panadesign_product_398004_201121120744_548426.webp"},{"id":"3499403","shop_id":"35774","user_id":"467733","shop_name":"Norakreativ","shop_zip":"2518","product_code":"4722703","product_name_old":null,"product_name":"Babaposzter, \u00fajsz\u00fcl\u00f6tt aj\u00e1nd\u00e9k, babak\u00f6sz\u00f6nt\u0151, babal\u00e1togat\u00f3 aj\u00e1nd\u00e9k","category_string":"Baba - mama, Babaposzter, Babaszoba dekor\u00e1ci\u00f3","technic_string":"Fot\u00f3, grafika, rajz, illusztr\u00e1ci\u00f3, Pap\u00edrm\u0171v\u00e9szet","category_1":"1735","category_2":"1759","category_3":"1466","category_4":"0","merged_category_1":"0","merged_category_2":"0","merged_category_3":"0","technic_1":"483","technic_2":"497","technic_3":"0","color_1":"1474","color_2":"519","color_3":"568","product_description_old":null,"product_description":"Egyedi, n\u00e9vre sz\u00f3l\u00f3 babal\u00e1togat\u00f3 aj\u00e1nd\u00e9k vagy gyerekszoba dekor\u00e1ci\u00f3!\nA v\u00e1s\u00e1rl\u00e1st k\u00f6vet\u0151en k\u00e9rlek a pontos adatok megad\u00e1s\u00e1ra, melyeket viszont szeretn\u00e9l l\u00e1tni a poszteren. \n\nAmennyiben digit\u00e1lis v\u00e1ltozatban szeretn\u00e9d megrendelni, \u00fagy az elk\u00e9sz\u00edt\u00e9si id\u0151 a megrendel\u00e9st\u0151l (illetve az adatok megk\u00fcld\u00e9s\u00e9t\u0151l) sz\u00e1m\u00edtott 48 \u00f3ra, a fizet\u00e9st k\u00f6vet\u0151en e-mailen k\u00fcld\u00f6m majd pdf \u00e9s jpg form\u00e1tumban is. B\u00e1rhol nyomtathat\u00f3, sz\u00e1ll\u00edt\u00e1si k\u00f6lts\u00e9g ebben az esetben nincs!\n\nNyomtat\u00e1s eset\u00e9n: 250 g-os min\u0151s\u00e9gi feh\u00e9r pap\u00edrra k\u00e9sz\u00fcl\nM\u00e9ret: A4-es\nA k\u00e9pkeretet az \u00e1r nem tartalmazza!\nAz \u00e1r tartalmazza a szerkeszt\u00e9si d\u00edjat is, de a design-grafika v\u00e1ltoztat\u00e1s\u00e1t nem, sz\u00edvesen v\u00e1llalok egyedi elk\u00e9pzel\u00e9seken alapul\u00f3 megrendel\u00e9seket is, keress b\u00e1tran!","price":"1900.00","unit":"db","recommended":"0","status":"1","sponsored":"0","exp_notify":"0","own_material":"0","own_material_description_old":null,"own_material_description":"","jury":"0","jury_number":"","product_nature":"","meskaracsony":"0","create_date":"2026-04-28 12:50:11","shelve_id":"0","image":"norakreativ_product_467733_221211215727_135415.jpeg","image_width":"480","image_height":"548","image_alt":"Babaposzter, \u00fajsz\u00fcl\u00f6tt aj\u00e1nd\u00e9k, babak\u00f6sz\u00f6nt\u0151, babal\u00e1togat\u00f3 aj\u00e1nd\u00e9k, Egyedi, n\u00e9vre sz\u00f3l\u00f3 babal\u00e1togat\u00f3 aj\u00e1nd\u00e9k vagy gyerekszoba dekor\u00e1ci\u00f3!\\nA v\u00e1s\u00e1rl\u00e1st k\u00f6vet\u0151en k\u00e9rlek a p..., Meska","image_title":"Babaposzter, \u00fajsz\u00fcl\u00f6tt aj\u00e1nd\u00e9k, babak\u00f6sz\u00f6nt\u0151, babal\u00e1togat\u00f3 aj\u00e1nd\u00e9k, Meska","view_count":"1281","favourite_count":"0","trending_score":"0","last2MonthFavouriteCount":"0","promotion":"0","giftcard_accept":"0","creditcard_accept":true,"enhanced_background":"0","domain":"meska","specific_customer_id":null,"specific_customer_name":null,"to_order_product":"1","to_order_product_time":"2","product_different":null,"product_different_description":"","vintage":"0","vintage_category_id":"0","recycled":"0","gemstone_id":"0","customizable":"0","type_category":"digital","zerowaste":"0","postage_price":"2390.00","shop_order":"0","has_category":"1","landing_pages":null,"microdata":{"number":4,"category":""},"title":"Babaposzter, \u00fajsz\u00fcl\u00f6tt aj\u00e1nd\u00e9k, babak\u00f6sz\u00f6nt\u0151, babal\u00e1togat\u00f3 aj\u00e1nd\u00e9k","description":"Egyedi, n\u00e9vre sz\u00f3l\u00f3 babal\u00e1togat\u00f3 aj\u00e1nd\u00e9k vagy gyerekszoba dekor\u00e1ci\u00f3!\nA v\u00e1s\u00e1rl\u00e1st k\u00f6vet\u0151en k\u00e9rlek a pontos adatok megad\u00e1s\u00e1ra, melyeket viszont szeretn\u00e9l l\u00e1tni a poszteren. \n\nAmennyiben digit\u00e1lis v\u00e1ltozatban szeretn\u00e9d megrendelni, \u00fagy az elk\u00e9sz\u00edt\u00e9si id\u0151 a megrendel\u00e9st\u0151l (illetve az adatok megk\u00fcld\u00e9s\u00e9t\u0151l) sz\u00e1m\u00edtott 48 \u00f3ra, a fizet\u00e9st k\u00f6vet\u0151en e-mailen k\u00fcld\u00f6m majd pdf \u00e9s jpg form\u00e1tumban is. B\u00e1rhol nyomtathat\u00f3, sz\u00e1ll\u00edt\u00e1si k\u00f6lts\u00e9g ebben az esetben nincs!\n\nNyomtat\u00e1s eset\u00e9n: 250 g-os min\u0151s\u00e9gi feh\u00e9r pap\u00edrra k\u00e9sz\u00fcl\nM\u00e9ret: A4-es\nA k\u00e9pkeretet az \u00e1r nem tartalmazza!\nAz \u00e1r tartalmazza a szerkeszt\u00e9si d\u00edjat is, de a design-grafika v\u00e1ltoztat\u00e1s\u00e1t nem, sz\u00edvesen v\u00e1llalok egyedi elk\u00e9pzel\u00e9seken alapul\u00f3 megrendel\u00e9seket is, keress b\u00e1tran!","score":0,"formatted_price":"1 900 Ft","image_url":"https:\/\/www.meska.hu\/img\/product\/small\/n\/o\/norakreativ_product_467733_221211215727_135415.jpeg","formatted_url":"https:\/\/www.meska.hu\/p4722703-babaposzter-ujszulott-ajandek-babakoszonto-babalatogato-ajandek","favourite":false,"in_stock":false,"avatar":"467733_avatar_1638217998.png","delete_from":0,"is_enhanced_background":false,"is_enhanced":false,"product_selection_started":false,"is_active":true,"image_webp_url":"https:\/\/www.meska.hu\/img\/product\/small\/n\/o\/norakreativ_product_467733_221211215727_135415.webp"},{"id":"4966182","shop_id":"38351","user_id":"234951","shop_name":"AbbeyDesign","shop_zip":"6078","product_code":"5054198","product_name_old":null,"product_name":"Baba k\u00f6sz\u00f6nt\u0151, eml\u00e9k\u00f6rz\u0151, sz\u00fclet\u00e9si k\u00e9p (kisfi\u00fa)","category_string":"Baba - mama, Babaszoba dekor\u00e1ci\u00f3, Babaposzter","technic_string":"Fot\u00f3, grafika, rajz, illusztr\u00e1ci\u00f3","category_1":"1735","category_2":"1466","category_3":"1759","category_4":"0","merged_category_1":"0","merged_category_2":"784","merged_category_3":"0","technic_1":"483","technic_2":"0","technic_3":"0","color_1":"521","color_2":"525","color_3":"529","product_description_old":null,"product_description":"Kedves V\u00e1s\u00e1rl\u00f3!\n\nEz a term\u00e9k kedves aj\u00e1nd\u00e9k,ha babal\u00e1togat\u00f3ba k\u00e9sz\u00fclsz vagy a te kisbab\u00e1d sz\u00fcletett.\nEgy biztos , \u00f6r\u00f6k eml\u00e9k marad. :)\n\n\nAz \u00e1r tartalmazza:\n-A4 m\u00e9ret\u0171 k\u00e9p 250gr-os pap\u00edron elk\u00e9sz\u00edtve vagy digit\u00e1lis form\u00e1ban.\n\nK\u00e9rhet\u0151 a k\u00e9pek alapj\u00e1n is,de v\u00e1ltoztathat\u00f3 a h\u00e1tt\u00e9r vagy az \u00e1llatka rajta.\nAz egyedi elk\u00e9pzel\u00e9st is sz\u00edvesen elk\u00e9sz\u00edtem!\n\nTov\u00e1bbi term\u00e9keim megtekinthet\u0151k az al\u00e1bbi linken:https:\/\/www.meska.hu\/shop\/AbbeyDesign","price":"1500.00","unit":"db","recommended":"0","status":"1","sponsored":"0","exp_notify":"0","own_material":"0","own_material_description_old":null,"own_material_description":"","jury":"0","jury_number":"","product_nature":"","meskaracsony":"0","create_date":"2026-04-27 14:38:13","shelve_id":"73507","image":"abbeydesign_product_234951_230909141316_474572.png","image_width":"480","image_height":"626","image_alt":"Baba k\u00f6sz\u00f6nt\u0151, eml\u00e9k\u00f6rz\u0151, sz\u00fclet\u00e9si k\u00e9p (kisfi\u00fa), Kedves V\u00e1s\u00e1rl\u00f3!\\n\\nEz a term\u00e9k kedves aj\u00e1nd\u00e9k,ha babal\u00e1togat\u00f3ba k\u00e9sz\u00fclsz vagy a te kisbab\u00e1d sz\u00fcletett...., Meska","image_title":"Baba k\u00f6sz\u00f6nt\u0151, eml\u00e9k\u00f6rz\u0151, sz\u00fclet\u00e9si k\u00e9p (kisfi\u00fa), Meska","view_count":"1016","favourite_count":"0","trending_score":"0","last2MonthFavouriteCount":"0","promotion":"0","giftcard_accept":"0","creditcard_accept":false,"enhanced_background":"0","domain":"meska","specific_customer_id":null,"specific_customer_name":null,"to_order_product":"1","to_order_product_time":"5","product_different":null,"product_different_description":"","vintage":"0","vintage_category_id":"0","recycled":"0","gemstone_id":"0","customizable":"0","type_category":"physical","zerowaste":"0","postage_price":"2390.00","shop_order":"0","has_category":"1","landing_pages":null,"microdata":{"number":5,"category":""},"title":"Baba k\u00f6sz\u00f6nt\u0151, eml\u00e9k\u00f6rz\u0151, sz\u00fclet\u00e9si k\u00e9p (kisfi\u00fa)","description":"Kedves V\u00e1s\u00e1rl\u00f3!\n\nEz a term\u00e9k kedves aj\u00e1nd\u00e9k,ha babal\u00e1togat\u00f3ba k\u00e9sz\u00fclsz vagy a te kisbab\u00e1d sz\u00fcletett.\nEgy biztos , \u00f6r\u00f6k eml\u00e9k marad. :)\n\n\nAz \u00e1r tartalmazza:\n-A4 m\u00e9ret\u0171 k\u00e9p 250gr-os pap\u00edron elk\u00e9sz\u00edtve vagy digit\u00e1lis form\u00e1ban.\n\nK\u00e9rhet\u0151 a k\u00e9pek alapj\u00e1n is,de v\u00e1ltoztathat\u00f3 a h\u00e1tt\u00e9r vagy az \u00e1llatka rajta.\nAz egyedi elk\u00e9pzel\u00e9st is sz\u00edvesen elk\u00e9sz\u00edtem!\n\nTov\u00e1bbi term\u00e9keim megtekinthet\u0151k az al\u00e1bbi linken:https:\/\/www.meska.hu\/shop\/AbbeyDesign","score":0,"formatted_price":"1 500 Ft","image_url":"https:\/\/www.meska.hu\/img\/product\/small\/a\/b\/abbeydesign_product_234951_230909141316_474572.png","formatted_url":"https:\/\/www.meska.hu\/p5054198-baba-koszonto-emlekorzo-szuletesi-kep-kisfiu","favourite":false,"in_stock":false,"avatar":"234951_avatar_1746007531.png","delete_from":0,"is_enhanced_background":false,"is_enhanced":false,"product_selection_started":false,"is_active":true,"image_webp_url":"https:\/\/www.meska.hu\/img\/product\/small\/a\/b\/abbeydesign_product_234951_230909141316_474572.webp"},{"id":"4966180","shop_id":"38351","user_id":"234951","shop_name":"AbbeyDesign","shop_zip":"6078","product_code":"5054196","product_name_old":null,"product_name":"Baba k\u00f6sz\u00f6nt\u0151, eml\u00e9k\u00f6rz\u0151, sz\u00fclet\u00e9si k\u00e9p (kisl\u00e1ny)","category_string":"Baba - mama, Babaszoba dekor\u00e1ci\u00f3, Babaposzter","technic_string":"Fot\u00f3, grafika, rajz, illusztr\u00e1ci\u00f3","category_1":"1735","category_2":"1466","category_3":"1759","category_4":"0","merged_category_1":"0","merged_category_2":"784","merged_category_3":"0","technic_1":"483","technic_2":"0","technic_3":"0","color_1":"521","color_2":"525","color_3":"529","product_description_old":null,"product_description":"Kedves V\u00e1s\u00e1rl\u00f3!\n\nEz a term\u00e9k kedves aj\u00e1nd\u00e9k,ha babal\u00e1togat\u00f3ba k\u00e9sz\u00fclsz vagy a te kisbab\u00e1d sz\u00fcletett.\nEgy biztos , \u00f6r\u00f6k eml\u00e9k marad. :)\n\n\nAz \u00e1r tartalmazza:\n-A4 m\u00e9ret\u0171 k\u00e9p 250gr-os pap\u00edron elk\u00e9sz\u00edtve vagy digit\u00e1lis form\u00e1ban.\n\nK\u00e9rhet\u0151 a k\u00e9pek alapj\u00e1n is,de v\u00e1ltoztathat\u00f3 a h\u00e1tt\u00e9r vagy az \u00e1llatka rajta.\nAz egyedi elk\u00e9pzel\u00e9st is sz\u00edvesen elk\u00e9sz\u00edtem!\n\nTov\u00e1bbi term\u00e9keim megtekinthet\u0151k az al\u00e1bbi linken:https:\/\/www.meska.hu\/shop\/AbbeyDesign","price":"1500.00","unit":"db","recommended":"0","status":"1","sponsored":"0","exp_notify":"0","own_material":"0","own_material_description_old":null,"own_material_description":"","jury":"0","jury_number":"","product_nature":"","meskaracsony":"0","create_date":"2026-04-27 14:37:56","shelve_id":"73507","image":"abbeydesign_product_234951_230909142039_533559.png","image_width":"480","image_height":"629","image_alt":"Baba k\u00f6sz\u00f6nt\u0151, eml\u00e9k\u00f6rz\u0151, sz\u00fclet\u00e9si k\u00e9p (kisl\u00e1ny), Kedves V\u00e1s\u00e1rl\u00f3!\\n\\nEz a term\u00e9k kedves aj\u00e1nd\u00e9k,ha babal\u00e1togat\u00f3ba k\u00e9sz\u00fclsz vagy a te kisbab\u00e1d sz\u00fcletett...., Meska","image_title":"Baba k\u00f6sz\u00f6nt\u0151, eml\u00e9k\u00f6rz\u0151, sz\u00fclet\u00e9si k\u00e9p (kisl\u00e1ny), Meska","view_count":"1275","favourite_count":"0","trending_score":"0","last2MonthFavouriteCount":"0","promotion":"0","giftcard_accept":"0","creditcard_accept":false,"enhanced_background":"0","domain":"meska","specific_customer_id":null,"specific_customer_name":null,"to_order_product":"1","to_order_product_time":"5","product_different":null,"product_different_description":"","vintage":"0","vintage_category_id":"0","recycled":"0","gemstone_id":"0","customizable":"0","type_category":"physical","zerowaste":"0","postage_price":"2390.00","shop_order":"0","has_category":"1","landing_pages":null,"microdata":{"number":6,"category":""},"title":"Baba k\u00f6sz\u00f6nt\u0151, eml\u00e9k\u00f6rz\u0151, sz\u00fclet\u00e9si k\u00e9p (kisl\u00e1ny)","description":"Kedves V\u00e1s\u00e1rl\u00f3!\n\nEz a term\u00e9k kedves aj\u00e1nd\u00e9k,ha babal\u00e1togat\u00f3ba k\u00e9sz\u00fclsz vagy a te kisbab\u00e1d sz\u00fcletett.\nEgy biztos , \u00f6r\u00f6k eml\u00e9k marad. :)\n\n\nAz \u00e1r tartalmazza:\n-A4 m\u00e9ret\u0171 k\u00e9p 250gr-os pap\u00edron elk\u00e9sz\u00edtve vagy digit\u00e1lis form\u00e1ban.\n\nK\u00e9rhet\u0151 a k\u00e9pek alapj\u00e1n is,de v\u00e1ltoztathat\u00f3 a h\u00e1tt\u00e9r vagy az \u00e1llatka rajta.\nAz egyedi elk\u00e9pzel\u00e9st is sz\u00edvesen elk\u00e9sz\u00edtem!\n\nTov\u00e1bbi term\u00e9keim megtekinthet\u0151k az al\u00e1bbi linken:https:\/\/www.meska.hu\/shop\/AbbeyDesign","score":0,"formatted_price":"1 500 Ft","image_url":"https:\/\/www.meska.hu\/img\/product\/small\/a\/b\/abbeydesign_product_234951_230909142039_533559.png","formatted_url":"https:\/\/www.meska.hu\/p5054196-baba-koszonto-emlekorzo-szuletesi-kep-kislany","favourite":false,"in_stock":false,"avatar":"234951_avatar_1746007531.png","delete_from":0,"is_enhanced_background":false,"is_enhanced":false,"product_selection_started":false,"is_active":true,"image_webp_url":"https:\/\/www.meska.hu\/img\/product\/small\/a\/b\/abbeydesign_product_234951_230909142039_533559.webp"},{"id":"4965425","shop_id":"38351","user_id":"234951","shop_name":"AbbeyDesign","shop_zip":"6078","product_code":"5053749","product_name_old":null,"product_name":"Baba k\u00f6sz\u00f6nt\u0151, eml\u00e9k\u00f6rz\u0151, sz\u00fclet\u00e9si k\u00e9p (kisl\u00e1ny)","category_string":"Baba - mama, Babaszoba dekor\u00e1ci\u00f3, Babaposzter","technic_string":"Fot\u00f3, grafika, rajz, illusztr\u00e1ci\u00f3","category_1":"1735","category_2":"1466","category_3":"1759","category_4":"0","merged_category_1":"0","merged_category_2":"0","merged_category_3":"785","technic_1":"483","technic_2":"0","technic_3":"0","color_1":"521","color_2":"525","color_3":"529","product_description_old":null,"product_description":"Kedves V\u00e1s\u00e1rl\u00f3!\n\nEz a term\u00e9k kedves aj\u00e1nd\u00e9k,ha babal\u00e1togat\u00f3ba k\u00e9sz\u00fclsz vagy a te kisbab\u00e1d sz\u00fcletett.\nEgy biztos , \u00f6r\u00f6k eml\u00e9k marad. :)\n\n\nAz \u00e1r tartalmazza:\n-A4 m\u00e9ret\u0171 k\u00e9p 250gr-os pap\u00edron elk\u00e9sz\u00edtve vagy digit\u00e1lis form\u00e1ban.\n\nK\u00e9rhet\u0151 a k\u00e9pek alapj\u00e1n is,de v\u00e1ltoztathat\u00f3 a h\u00e1tt\u00e9r vagy az \u00e1llatka rajta.\nAz egyedi elk\u00e9pzel\u00e9st is sz\u00edvesen elk\u00e9sz\u00edtem!\n\nTov\u00e1bbi term\u00e9keim megtekinthet\u0151k az al\u00e1bbi linken:https:\/\/www.meska.hu\/shop\/AbbeyDesign","price":"1500.00","unit":"db","recommended":"0","status":"1","sponsored":"0","exp_notify":"0","own_material":"0","own_material_description_old":null,"own_material_description":"","jury":"0","jury_number":"","product_nature":"","meskaracsony":"0","create_date":"2026-04-26 17:31:48","shelve_id":"73507","image":"abbeydesign_product_234951_230909142039_533559.png","image_width":"480","image_height":"629","image_alt":"Baba k\u00f6sz\u00f6nt\u0151, eml\u00e9k\u00f6rz\u0151, sz\u00fclet\u00e9si k\u00e9p (kisl\u00e1ny), Kedves V\u00e1s\u00e1rl\u00f3!\\n\\nEz a term\u00e9k kedves aj\u00e1nd\u00e9k,ha babal\u00e1togat\u00f3ba k\u00e9sz\u00fclsz vagy a te kisbab\u00e1d sz\u00fcletett...., Meska","image_title":"Baba k\u00f6sz\u00f6nt\u0151, eml\u00e9k\u00f6rz\u0151, sz\u00fclet\u00e9si k\u00e9p (kisl\u00e1ny), Meska","view_count":"1309","favourite_count":"0","trending_score":"0","last2MonthFavouriteCount":"0","promotion":"0","giftcard_accept":"0","creditcard_accept":false,"enhanced_background":"0","domain":"meska","specific_customer_id":null,"specific_customer_name":null,"to_order_product":"1","to_order_product_time":"5","product_different":null,"product_different_description":"","vintage":"0","vintage_category_id":"0","recycled":"0","gemstone_id":"0","customizable":"0","type_category":"physical","zerowaste":"0","postage_price":"2390.00","shop_order":"0","has_category":"1","landing_pages":null,"microdata":{"number":7,"category":""},"title":"Baba k\u00f6sz\u00f6nt\u0151, eml\u00e9k\u00f6rz\u0151, sz\u00fclet\u00e9si k\u00e9p (kisl\u00e1ny)","description":"Kedves V\u00e1s\u00e1rl\u00f3!\n\nEz a term\u00e9k kedves aj\u00e1nd\u00e9k,ha babal\u00e1togat\u00f3ba k\u00e9sz\u00fclsz vagy a te kisbab\u00e1d sz\u00fcletett.\nEgy biztos , \u00f6r\u00f6k eml\u00e9k marad. :)\n\n\nAz \u00e1r tartalmazza:\n-A4 m\u00e9ret\u0171 k\u00e9p 250gr-os pap\u00edron elk\u00e9sz\u00edtve vagy digit\u00e1lis form\u00e1ban.\n\nK\u00e9rhet\u0151 a k\u00e9pek alapj\u00e1n is,de v\u00e1ltoztathat\u00f3 a h\u00e1tt\u00e9r vagy az \u00e1llatka rajta.\nAz egyedi elk\u00e9pzel\u00e9st is sz\u00edvesen elk\u00e9sz\u00edtem!\n\nTov\u00e1bbi term\u00e9keim megtekinthet\u0151k az al\u00e1bbi linken:https:\/\/www.meska.hu\/shop\/AbbeyDesign","score":0,"formatted_price":"1 500 Ft","image_url":"https:\/\/www.meska.hu\/img\/product\/small\/a\/b\/abbeydesign_product_234951_230909142039_533559.png","formatted_url":"https:\/\/www.meska.hu\/p5053749-baba-koszonto-emlekorzo-szuletesi-kep-kislany","favourite":false,"in_stock":false,"avatar":"234951_avatar_1746007531.png","delete_from":0,"is_enhanced_background":false,"is_enhanced":false,"product_selection_started":false,"is_active":true,"image_webp_url":"https:\/\/www.meska.hu\/img\/product\/small\/a\/b\/abbeydesign_product_234951_230909142039_533559.webp"},{"id":"5168079","shop_id":"40310","user_id":"559877","shop_name":"inciajandekgyar","shop_zip":"4400","product_code":"5178359","product_name_old":null,"product_name":"Babaposzter keretezve sz\u00fclet\u00e9si adatokkal baby, Babaszob\u00e1ba, Sz\u00fclet\u00e9snapra, \u00dajsz\u00fcl\u00f6tt aj\u00e1nd\u00e9k","category_string":"Baba - mama, Babaposzter, Babaszoba dekor\u00e1ci\u00f3","technic_string":"Fot\u00f3, grafika, rajz, illusztr\u00e1ci\u00f3","category_1":"1735","category_2":"1759","category_3":"1466","category_4":"0","merged_category_1":"0","merged_category_2":"0","merged_category_3":"0","technic_1":"483","technic_2":"0","technic_3":"0","color_1":"519","color_2":"0","color_3":"0","product_description_old":null,"product_description":"M\u00e9rete: v\u00e1laszthat\u00f3\nAnyaga: Fa k\u00e9pkeret, M\u0171anyag el\u0151lap\nA sz\u00f6veges adatok tetsz\u00e9s szerint szerkeszthet\u0151ek.\nA k\u00e9rt adatokat \u00edrd le \u00e9s mi elk\u00e9sz\u00edtj\u00fck sz\u00e1modra.\n\nA Norm\u00e1l gy\u00e1rt\u00e1si id\u0151 4-8 munkanap, ha ett\u0151l gyorsabban szeretn\u00e9d a term\u00e9ket vedd fel vel\u00fcnk a kapcsolatot \u00e9s expressz gy\u00e1rt\u00e1ssal el tudjuk sz\u00e1modra k\u00e9sz\u00edteni.\n\nCikksz\u00e1m: bposzter3","price":"2990.00","unit":"db","recommended":"0","status":"1","sponsored":"0","exp_notify":"0","own_material":"0","own_material_description_old":null,"own_material_description":"","jury":"0","jury_number":"","product_nature":"","meskaracsony":"0","create_date":"2026-04-25 22:27:02","shelve_id":"0","image":"inciajandekgyar_product_559877_240106202312_483317.jpeg","image_width":"480","image_height":"480","image_alt":"Babaposzter keretezve sz\u00fclet\u00e9si adatokkal baby, Babaszob\u00e1ba, Sz\u00fclet\u00e9snapra, \u00dajsz\u00fcl\u00f6tt aj\u00e1nd\u00e9k, M\u00e9rete: v\u00e1laszthat\u00f3\\nAnyaga: Fa k\u00e9pkeret, M\u0171anyag el\u0151lap\\nA sz\u00f6veges adatok tetsz\u00e9s szerint szerkeszth..., Meska","image_title":"Babaposzter keretezve sz\u00fclet\u00e9si adatokkal baby, Babaszob\u00e1ba, Sz\u00fclet\u00e9snapra, \u00dajsz\u00fcl\u00f6tt aj\u00e1nd\u00e9k, Meska","view_count":"461","favourite_count":"0","trending_score":"0","last2MonthFavouriteCount":"0","promotion":"0","giftcard_accept":"0","creditcard_accept":false,"enhanced_background":"0","domain":"meska","specific_customer_id":null,"specific_customer_name":null,"to_order_product":"1","to_order_product_time":"4","product_different":null,"product_different_description":"","vintage":"0","vintage_category_id":"0","recycled":"0","gemstone_id":"0","customizable":"1","type_category":"physical","zerowaste":"0","postage_price":"1290.00","shop_order":"0","has_category":"1","landing_pages":null,"microdata":{"number":8,"category":""},"title":"Babaposzter keretezve sz\u00fclet\u00e9si adatokkal baby, Babaszob\u00e1ba, Sz\u00fclet\u00e9snapra, \u00dajsz\u00fcl\u00f6tt aj\u00e1nd\u00e9k","description":"M\u00e9rete: v\u00e1laszthat\u00f3\nAnyaga: Fa k\u00e9pkeret, M\u0171anyag el\u0151lap\nA sz\u00f6veges adatok tetsz\u00e9s szerint szerkeszthet\u0151ek.\nA k\u00e9rt adatokat \u00edrd le \u00e9s mi elk\u00e9sz\u00edtj\u00fck sz\u00e1modra.\n\nA Norm\u00e1l gy\u00e1rt\u00e1si id\u0151 4-8 munkanap, ha ett\u0151l gyorsabban szeretn\u00e9d a term\u00e9ket vedd fel vel\u00fcnk a kapcsolatot \u00e9s expressz gy\u00e1rt\u00e1ssal el tudjuk sz\u00e1modra k\u00e9sz\u00edteni.\n\nCikksz\u00e1m: bposzter3","score":0,"formatted_price":"2 990 Ft","image_url":"https:\/\/www.meska.hu\/img\/product\/small\/i\/n\/inciajandekgyar_product_559877_240106202312_483317.jpeg","formatted_url":"https:\/\/www.meska.hu\/p5178359-babaposzter-keretezve-szuletesi-adatokkal-baby-babaszobaba-szuletesnapra-ujszulott-ajandek","favourite":false,"in_stock":false,"avatar":"559877_avatar_1677149998.jpeg","delete_from":0,"is_enhanced_background":false,"is_enhanced":false,"product_selection_started":false,"is_active":true,"image_webp_url":"https:\/\/www.meska.hu\/img\/product\/small\/i\/n\/inciajandekgyar_product_559877_240106202312_483317.webp"},{"id":"5168089","shop_id":"40310","user_id":"559877","shop_name":"inciajandekgyar","shop_zip":"4400","product_code":"5178367","product_name_old":null,"product_name":"Babaposzter keretezve sz\u00fclet\u00e9si adatokkal baby, Babaszob\u00e1ba, Sz\u00fclet\u00e9snapra, \u00dajsz\u00fcl\u00f6tt aj\u00e1nd\u00e9k","category_string":"Baba - mama, Babaposzter, Babaszoba dekor\u00e1ci\u00f3","technic_string":"Fot\u00f3, grafika, rajz, illusztr\u00e1ci\u00f3","category_1":"1735","category_2":"1759","category_3":"1466","category_4":"0","merged_category_1":"0","merged_category_2":"0","merged_category_3":"0","technic_1":"483","technic_2":"0","technic_3":"0","color_1":"519","color_2":"0","color_3":"0","product_description_old":null,"product_description":"M\u00e9rete: v\u00e1laszthat\u00f3\nAnyaga: Fa k\u00e9pkeret, M\u0171anyag el\u0151lap\nA sz\u00f6veges adatok tetsz\u00e9s szerint szerkeszthet\u0151ek.\nA k\u00e9rt adatokat \u00edrd le \u00e9s mi elk\u00e9sz\u00edtj\u00fck sz\u00e1modra.\n\nA Norm\u00e1l gy\u00e1rt\u00e1si id\u0151 4-8 munkanap, ha ett\u0151l gyorsabban szeretn\u00e9d a term\u00e9ket vedd fel vel\u00fcnk a kapcsolatot \u00e9s expressz gy\u00e1rt\u00e1ssal el tudjuk sz\u00e1modra k\u00e9sz\u00edteni.\n\nCikksz\u00e1m: bposzter6","price":"2990.00","unit":"db","recommended":"0","status":"1","sponsored":"0","exp_notify":"0","own_material":"0","own_material_description_old":null,"own_material_description":"","jury":"0","jury_number":"","product_nature":"","meskaracsony":"0","create_date":"2026-04-25 22:27:02","shelve_id":"0","image":"inciajandekgyar_product_559877_240106202649_576826.jpeg","image_width":"480","image_height":"480","image_alt":"Babaposzter keretezve sz\u00fclet\u00e9si adatokkal baby, Babaszob\u00e1ba, Sz\u00fclet\u00e9snapra, \u00dajsz\u00fcl\u00f6tt aj\u00e1nd\u00e9k, M\u00e9rete: v\u00e1laszthat\u00f3\\nAnyaga: Fa k\u00e9pkeret, M\u0171anyag el\u0151lap\\nA sz\u00f6veges adatok tetsz\u00e9s szerint szerkeszth..., Meska","image_title":"Babaposzter keretezve sz\u00fclet\u00e9si adatokkal baby, Babaszob\u00e1ba, Sz\u00fclet\u00e9snapra, \u00dajsz\u00fcl\u00f6tt aj\u00e1nd\u00e9k, Meska","view_count":"445","favourite_count":"0","trending_score":"0","last2MonthFavouriteCount":"0","promotion":"0","giftcard_accept":"0","creditcard_accept":false,"enhanced_background":"0","domain":"meska","specific_customer_id":null,"specific_customer_name":null,"to_order_product":"1","to_order_product_time":"4","product_different":null,"product_different_description":"","vintage":"0","vintage_category_id":"0","recycled":"0","gemstone_id":"0","customizable":"1","type_category":"physical","zerowaste":"0","postage_price":"1290.00","shop_order":"0","has_category":"1","landing_pages":null,"microdata":{"number":9,"category":""},"title":"Babaposzter keretezve sz\u00fclet\u00e9si adatokkal baby, Babaszob\u00e1ba, Sz\u00fclet\u00e9snapra, \u00dajsz\u00fcl\u00f6tt aj\u00e1nd\u00e9k","description":"M\u00e9rete: v\u00e1laszthat\u00f3\nAnyaga: Fa k\u00e9pkeret, M\u0171anyag el\u0151lap\nA sz\u00f6veges adatok tetsz\u00e9s szerint szerkeszthet\u0151ek.\nA k\u00e9rt adatokat \u00edrd le \u00e9s mi elk\u00e9sz\u00edtj\u00fck sz\u00e1modra.\n\nA Norm\u00e1l gy\u00e1rt\u00e1si id\u0151 4-8 munkanap, ha ett\u0151l gyorsabban szeretn\u00e9d a term\u00e9ket vedd fel vel\u00fcnk a kapcsolatot \u00e9s expressz gy\u00e1rt\u00e1ssal el tudjuk sz\u00e1modra k\u00e9sz\u00edteni.\n\nCikksz\u00e1m: bposzter6","score":0,"formatted_price":"2 990 Ft","image_url":"https:\/\/www.meska.hu\/img\/product\/small\/i\/n\/inciajandekgyar_product_559877_240106202649_576826.jpeg","formatted_url":"https:\/\/www.meska.hu\/p5178367-babaposzter-keretezve-szuletesi-adatokkal-baby-babaszobaba-szuletesnapra-ujszulott-ajandek","favourite":false,"in_stock":false,"avatar":"559877_avatar_1677149998.jpeg","delete_from":0,"is_enhanced_background":false,"is_enhanced":false,"product_selection_started":false,"is_active":true,"image_webp_url":"https:\/\/www.meska.hu\/img\/product\/small\/i\/n\/inciajandekgyar_product_559877_240106202649_576826.webp"},{"id":"5168090","shop_id":"40310","user_id":"559877","shop_name":"inciajandekgyar","shop_zip":"4400","product_code":"5178368","product_name_old":null,"product_name":"Babaposzter keretezve sz\u00fclet\u00e9si adatokkal pergamen, Babaszob\u00e1ba, Sz\u00fclet\u00e9snapra, \u00dajsz\u00fcl\u00f6tt aj\u00e1nd\u00e9k","category_string":"Baba - mama, Babaposzter, Babaszoba dekor\u00e1ci\u00f3","technic_string":"Fot\u00f3, grafika, rajz, illusztr\u00e1ci\u00f3","category_1":"1735","category_2":"1759","category_3":"1466","category_4":"0","merged_category_1":"0","merged_category_2":"0","merged_category_3":"0","technic_1":"483","technic_2":"0","technic_3":"0","color_1":"519","color_2":"0","color_3":"0","product_description_old":null,"product_description":"M\u00e9rete: v\u00e1laszthat\u00f3\nAnyaga: Fa k\u00e9pkeret, M\u0171anyag el\u0151lap\nA sz\u00f6veges adatok tetsz\u00e9s szerint szerkeszthet\u0151ek.\nA k\u00e9rt adatokat \u00edrd le \u00e9s mi elk\u00e9sz\u00edtj\u00fck sz\u00e1modra.\n\nA Norm\u00e1l gy\u00e1rt\u00e1si id\u0151 4-8 munkanap, ha ett\u0151l gyorsabban szeretn\u00e9d a term\u00e9ket vedd fel vel\u00fcnk a kapcsolatot \u00e9s expressz gy\u00e1rt\u00e1ssal el tudjuk sz\u00e1modra k\u00e9sz\u00edteni.\n\nCikksz\u00e1m: bposzter7","price":"2990.00","unit":"db","recommended":"0","status":"1","sponsored":"0","exp_notify":"0","own_material":"0","own_material_description_old":null,"own_material_description":"","jury":"0","jury_number":"","product_nature":"","meskaracsony":"0","create_date":"2026-04-25 22:27:01","shelve_id":"0","image":"inciajandekgyar_product_559877_240106202749_244877.jpeg","image_width":"480","image_height":"480","image_alt":"Babaposzter keretezve sz\u00fclet\u00e9si adatokkal pergamen, Babaszob\u00e1ba, Sz\u00fclet\u00e9snapra, \u00dajsz\u00fcl\u00f6tt aj\u00e1nd\u00e9k, M\u00e9rete: v\u00e1laszthat\u00f3\\nAnyaga: Fa k\u00e9pkeret, M\u0171anyag el\u0151lap\\nA sz\u00f6veges adatok tetsz\u00e9s szerint szerkeszth..., Meska","image_title":"Babaposzter keretezve sz\u00fclet\u00e9si adatokkal pergamen, Babaszob\u00e1ba, Sz\u00fclet\u00e9snapra, \u00dajsz\u00fcl\u00f6tt aj\u00e1nd\u00e9k, Meska","view_count":"426","favourite_count":"0","trending_score":"0","last2MonthFavouriteCount":"0","promotion":"0","giftcard_accept":"0","creditcard_accept":false,"enhanced_background":"0","domain":"meska","specific_customer_id":null,"specific_customer_name":null,"to_order_product":"1","to_order_product_time":"4","product_different":null,"product_different_description":"","vintage":"0","vintage_category_id":"0","recycled":"0","gemstone_id":"0","customizable":"1","type_category":"physical","zerowaste":"0","postage_price":"1290.00","shop_order":"0","has_category":"1","landing_pages":null,"microdata":{"number":10,"category":""},"title":"Babaposzter keretezve sz\u00fclet\u00e9si adatokkal pergamen, Babaszob\u00e1ba, Sz\u00fclet\u00e9snapra, \u00dajsz\u00fcl\u00f6tt aj\u00e1nd\u00e9k","description":"M\u00e9rete: v\u00e1laszthat\u00f3\nAnyaga: Fa k\u00e9pkeret, M\u0171anyag el\u0151lap\nA sz\u00f6veges adatok tetsz\u00e9s szerint szerkeszthet\u0151ek.\nA k\u00e9rt adatokat \u00edrd le \u00e9s mi elk\u00e9sz\u00edtj\u00fck sz\u00e1modra.\n\nA Norm\u00e1l gy\u00e1rt\u00e1si id\u0151 4-8 munkanap, ha ett\u0151l gyorsabban szeretn\u00e9d a term\u00e9ket vedd fel vel\u00fcnk a kapcsolatot \u00e9s expressz gy\u00e1rt\u00e1ssal el tudjuk sz\u00e1modra k\u00e9sz\u00edteni.\n\nCikksz\u00e1m: bposzter7","score":0,"formatted_price":"2 990 Ft","image_url":"https:\/\/www.meska.hu\/img\/product\/small\/i\/n\/inciajandekgyar_product_559877_240106202749_244877.jpeg","formatted_url":"https:\/\/www.meska.hu\/p5178368-babaposzter-keretezve-szuletesi-adatokkal-pergamen-babaszobaba-szuletesnapra-ujszulott-ajandek","favourite":false,"in_stock":false,"avatar":"559877_avatar_1677149998.jpeg","delete_from":0,"is_enhanced_background":false,"is_enhanced":false,"product_selection_started":false,"is_active":true,"image_webp_url":"https:\/\/www.meska.hu\/img\/product\/small\/i\/n\/inciajandekgyar_product_559877_240106202749_244877.webp"},{"id":"5168092","shop_id":"40310","user_id":"559877","shop_name":"inciajandekgyar","shop_zip":"4400","product_code":"5178373","product_name_old":null,"product_name":"Babaposzter keretezve sz\u00fclet\u00e9si adatokkal \u00fajs\u00e1g, Babaszob\u00e1ba, Sz\u00fclet\u00e9snapra, \u00dajsz\u00fcl\u00f6tt aj\u00e1nd\u00e9k","category_string":"Baba - mama, Babaposzter, Babaszoba dekor\u00e1ci\u00f3","technic_string":"Fot\u00f3, grafika, rajz, illusztr\u00e1ci\u00f3","category_1":"1735","category_2":"1759","category_3":"1466","category_4":"0","merged_category_1":"0","merged_category_2":"0","merged_category_3":"0","technic_1":"483","technic_2":"0","technic_3":"0","color_1":"519","color_2":"0","color_3":"0","product_description_old":null,"product_description":"M\u00e9rete: v\u00e1laszthat\u00f3\nAnyaga: Fa k\u00e9pkeret, M\u0171anyag el\u0151lap\nA sz\u00f6veges adatok tetsz\u00e9s szerint szerkeszthet\u0151ek.\nA k\u00e9rt adatokat \u00edrd le \u00e9s mi elk\u00e9sz\u00edtj\u00fck sz\u00e1modra.\n\nA Norm\u00e1l gy\u00e1rt\u00e1si id\u0151 4-8 munkanap, ha ett\u0151l gyorsabban szeretn\u00e9d a term\u00e9ket vedd fel vel\u00fcnk a kapcsolatot \u00e9s expressz gy\u00e1rt\u00e1ssal el tudjuk sz\u00e1modra k\u00e9sz\u00edteni.\n\nCikksz\u00e1m: bposzter8","price":"2990.00","unit":"db","recommended":"0","status":"1","sponsored":"0","exp_notify":"0","own_material":"0","own_material_description_old":null,"own_material_description":"","jury":"0","jury_number":"","product_nature":"","meskaracsony":"0","create_date":"2026-04-25 22:27:01","shelve_id":"0","image":"inciajandekgyar_product_559877_240106202841_585539.jpeg","image_width":"480","image_height":"480","image_alt":"Babaposzter keretezve sz\u00fclet\u00e9si adatokkal \u00fajs\u00e1g, Babaszob\u00e1ba, Sz\u00fclet\u00e9snapra, \u00dajsz\u00fcl\u00f6tt aj\u00e1nd\u00e9k, M\u00e9rete: v\u00e1laszthat\u00f3\\nAnyaga: Fa k\u00e9pkeret, M\u0171anyag el\u0151lap\\nA sz\u00f6veges adatok tetsz\u00e9s szerint szerkeszth..., Meska","image_title":"Babaposzter keretezve sz\u00fclet\u00e9si adatokkal \u00fajs\u00e1g, Babaszob\u00e1ba, Sz\u00fclet\u00e9snapra, \u00dajsz\u00fcl\u00f6tt aj\u00e1nd\u00e9k, Meska","view_count":"490","favourite_count":"0","trending_score":"0","last2MonthFavouriteCount":"0","promotion":"0","giftcard_accept":"0","creditcard_accept":false,"enhanced_background":"0","domain":"meska","specific_customer_id":null,"specific_customer_name":null,"to_order_product":"1","to_order_product_time":"4","product_different":null,"product_different_description":"","vintage":"0","vintage_category_id":"0","recycled":"0","gemstone_id":"0","customizable":"1","type_category":"physical","zerowaste":"0","postage_price":"1290.00","shop_order":"0","has_category":"1","landing_pages":null,"microdata":{"number":11,"category":""},"title":"Babaposzter keretezve sz\u00fclet\u00e9si adatokkal \u00fajs\u00e1g, Babaszob\u00e1ba, Sz\u00fclet\u00e9snapra, \u00dajsz\u00fcl\u00f6tt aj\u00e1nd\u00e9k","description":"M\u00e9rete: v\u00e1laszthat\u00f3\nAnyaga: Fa k\u00e9pkeret, M\u0171anyag el\u0151lap\nA sz\u00f6veges adatok tetsz\u00e9s szerint szerkeszthet\u0151ek.\nA k\u00e9rt adatokat \u00edrd le \u00e9s mi elk\u00e9sz\u00edtj\u00fck sz\u00e1modra.\n\nA Norm\u00e1l gy\u00e1rt\u00e1si id\u0151 4-8 munkanap, ha ett\u0151l gyorsabban szeretn\u00e9d a term\u00e9ket vedd fel vel\u00fcnk a kapcsolatot \u00e9s expressz gy\u00e1rt\u00e1ssal el tudjuk sz\u00e1modra k\u00e9sz\u00edteni.\n\nCikksz\u00e1m: bposzter8","score":0,"formatted_price":"2 990 Ft","image_url":"https:\/\/www.meska.hu\/img\/product\/small\/i\/n\/inciajandekgyar_product_559877_240106202841_585539.jpeg","formatted_url":"https:\/\/www.meska.hu\/p5178373-babaposzter-keretezve-szuletesi-adatokkal-ujsag-babaszobaba-szuletesnapra-ujszulott-ajandek","favourite":false,"in_stock":false,"avatar":"559877_avatar_1677149998.jpeg","delete_from":0,"is_enhanced_background":false,"is_enhanced":false,"product_selection_started":false,"is_active":true,"image_webp_url":"https:\/\/www.meska.hu\/img\/product\/small\/i\/n\/inciajandekgyar_product_559877_240106202841_585539.webp"},{"id":"5168087","shop_id":"40310","user_id":"559877","shop_name":"inciajandekgyar","shop_zip":"4400","product_code":"5178365","product_name_old":null,"product_name":"Babaposzter keretezve sz\u00fclet\u00e9si adatokkal unikornis, Babaszob\u00e1ba, Sz\u00fclet\u00e9snapra, \u00dajsz\u00fcl\u00f6tt aj\u00e1nd\u00e9k","category_string":"Baba - mama, Babaposzter, Babaszoba dekor\u00e1ci\u00f3","technic_string":"Fot\u00f3, grafika, rajz, illusztr\u00e1ci\u00f3","category_1":"1735","category_2":"1759","category_3":"1466","category_4":"0","merged_category_1":"0","merged_category_2":"0","merged_category_3":"0","technic_1":"483","technic_2":"0","technic_3":"0","color_1":"519","color_2":"0","color_3":"0","product_description_old":null,"product_description":"M\u00e9rete: v\u00e1laszthat\u00f3\nAnyaga: Fa k\u00e9pkeret, M\u0171anyag el\u0151lap\nA sz\u00f6veges adatok tetsz\u00e9s szerint szerkeszthet\u0151ek.\nA k\u00e9rt adatokat \u00edrd le \u00e9s mi elk\u00e9sz\u00edtj\u00fck sz\u00e1modra.\n\nA Norm\u00e1l gy\u00e1rt\u00e1si id\u0151 4-8 munkanap, ha ett\u0151l gyorsabban szeretn\u00e9d a term\u00e9ket vedd fel vel\u00fcnk a kapcsolatot \u00e9s expressz gy\u00e1rt\u00e1ssal el tudjuk sz\u00e1modra k\u00e9sz\u00edteni.\n\nCikksz\u00e1m: bposzter5","price":"2990.00","unit":"db","recommended":"0","status":"1","sponsored":"0","exp_notify":"0","own_material":"0","own_material_description_old":null,"own_material_description":"","jury":"0","jury_number":"","product_nature":"","meskaracsony":"0","create_date":"2026-04-25 22:27:00","shelve_id":"0","image":"inciajandekgyar_product_559877_240106202547_721829.jpeg","image_width":"480","image_height":"480","image_alt":"Babaposzter keretezve sz\u00fclet\u00e9si adatokkal unikornis, Babaszob\u00e1ba, Sz\u00fclet\u00e9snapra, \u00dajsz\u00fcl\u00f6tt aj\u00e1nd\u00e9k, M\u00e9rete: v\u00e1laszthat\u00f3\\nAnyaga: Fa k\u00e9pkeret, M\u0171anyag el\u0151lap\\nA sz\u00f6veges adatok tetsz\u00e9s szerint szerkeszth..., Meska","image_title":"Babaposzter keretezve sz\u00fclet\u00e9si adatokkal unikornis, Babaszob\u00e1ba, Sz\u00fclet\u00e9snapra, \u00dajsz\u00fcl\u00f6tt aj\u00e1nd\u00e9k, Meska","view_count":"424","favourite_count":"0","trending_score":"0","last2MonthFavouriteCount":"0","promotion":"0","giftcard_accept":"0","creditcard_accept":false,"enhanced_background":"0","domain":"meska","specific_customer_id":null,"specific_customer_name":null,"to_order_product":"1","to_order_product_time":"4","product_different":null,"product_different_description":"","vintage":"0","vintage_category_id":"0","recycled":"0","gemstone_id":"0","customizable":"1","type_category":"physical","zerowaste":"0","postage_price":"1290.00","shop_order":"0","has_category":"1","landing_pages":null,"microdata":{"number":12,"category":""},"title":"Babaposzter keretezve sz\u00fclet\u00e9si adatokkal unikornis, Babaszob\u00e1ba, Sz\u00fclet\u00e9snapra, \u00dajsz\u00fcl\u00f6tt aj\u00e1nd\u00e9k","description":"M\u00e9rete: v\u00e1laszthat\u00f3\nAnyaga: Fa k\u00e9pkeret, M\u0171anyag el\u0151lap\nA sz\u00f6veges adatok tetsz\u00e9s szerint szerkeszthet\u0151ek.\nA k\u00e9rt adatokat \u00edrd le \u00e9s mi elk\u00e9sz\u00edtj\u00fck sz\u00e1modra.\n\nA Norm\u00e1l gy\u00e1rt\u00e1si id\u0151 4-8 munkanap, ha ett\u0151l gyorsabban szeretn\u00e9d a term\u00e9ket vedd fel vel\u00fcnk a kapcsolatot \u00e9s expressz gy\u00e1rt\u00e1ssal el tudjuk sz\u00e1modra k\u00e9sz\u00edteni.\n\nCikksz\u00e1m: bposzter5","score":0,"formatted_price":"2 990 Ft","image_url":"https:\/\/www.meska.hu\/img\/product\/small\/i\/n\/inciajandekgyar_product_559877_240106202547_721829.jpeg","formatted_url":"https:\/\/www.meska.hu\/p5178365-babaposzter-keretezve-szuletesi-adatokkal-unikornis-babaszobaba-szuletesnapra-ujszulott-ajandek","favourite":false,"in_stock":false,"avatar":"559877_avatar_1677149998.jpeg","delete_from":0,"is_enhanced_background":false,"is_enhanced":false,"product_selection_started":false,"is_active":true,"image_webp_url":"https:\/\/www.meska.hu\/img\/product\/small\/i\/n\/inciajandekgyar_product_559877_240106202547_721829.webp"},{"id":"5168078","shop_id":"40310","user_id":"559877","shop_name":"inciajandekgyar","shop_zip":"4400","product_code":"5178357","product_name_old":null,"product_name":"Babaposzter keretezve sz\u00fclet\u00e9si adatokkal zsir\u00e1f, Babaszob\u00e1ba, Sz\u00fclet\u00e9snapra, \u00dajsz\u00fcl\u00f6tt aj\u00e1nd\u00e9k","category_string":"Baba - mama, Babaposzter, Babaszoba dekor\u00e1ci\u00f3","technic_string":"Fot\u00f3, grafika, rajz, illusztr\u00e1ci\u00f3","category_1":"1735","category_2":"1759","category_3":"1466","category_4":"0","merged_category_1":"0","merged_category_2":"0","merged_category_3":"0","technic_1":"483","technic_2":"0","technic_3":"0","color_1":"519","color_2":"0","color_3":"0","product_description_old":null,"product_description":"M\u00e9rete: v\u00e1laszthat\u00f3\nAnyaga: Fa k\u00e9pkeret, M\u0171anyag el\u0151lap\nA sz\u00f6veges adatok tetsz\u00e9s szerint szerkeszthet\u0151ek.\nA k\u00e9rt adatokat \u00edrd le \u00e9s mi elk\u00e9sz\u00edtj\u00fck sz\u00e1modra.\n\nA Norm\u00e1l gy\u00e1rt\u00e1si id\u0151 4-8 munkanap, ha ett\u0151l gyorsabban szeretn\u00e9d a term\u00e9ket vedd fel vel\u00fcnk a kapcsolatot \u00e9s expressz gy\u00e1rt\u00e1ssal el tudjuk sz\u00e1modra k\u00e9sz\u00edteni.\n\nCikksz\u00e1m: bposzter2","price":"2990.00","unit":"db","recommended":"0","status":"1","sponsored":"0","exp_notify":"0","own_material":"0","own_material_description_old":null,"own_material_description":"","jury":"0","jury_number":"","product_nature":"","meskaracsony":"0","create_date":"2026-04-25 22:26:58","shelve_id":"0","image":"inciajandekgyar_product_559877_240106202227_980543.jpeg","image_width":"480","image_height":"480","image_alt":"Babaposzter keretezve sz\u00fclet\u00e9si adatokkal zsir\u00e1f, Babaszob\u00e1ba, Sz\u00fclet\u00e9snapra, \u00dajsz\u00fcl\u00f6tt aj\u00e1nd\u00e9k, M\u00e9rete: v\u00e1laszthat\u00f3\\nAnyaga: Fa k\u00e9pkeret, M\u0171anyag el\u0151lap\\nA sz\u00f6veges adatok tetsz\u00e9s szerint szerkeszth..., Meska","image_title":"Babaposzter keretezve sz\u00fclet\u00e9si adatokkal zsir\u00e1f, Babaszob\u00e1ba, Sz\u00fclet\u00e9snapra, \u00dajsz\u00fcl\u00f6tt aj\u00e1nd\u00e9k, Meska","view_count":"422","favourite_count":"0","trending_score":"0","last2MonthFavouriteCount":"0","promotion":"0","giftcard_accept":"0","creditcard_accept":false,"enhanced_background":"0","domain":"meska","specific_customer_id":null,"specific_customer_name":null,"to_order_product":"1","to_order_product_time":"4","product_different":null,"product_different_description":"","vintage":"0","vintage_category_id":"0","recycled":"0","gemstone_id":"0","customizable":"1","type_category":"physical","zerowaste":"0","postage_price":"1290.00","shop_order":"0","has_category":"1","landing_pages":null,"microdata":{"number":13,"category":""},"title":"Babaposzter keretezve sz\u00fclet\u00e9si adatokkal zsir\u00e1f, Babaszob\u00e1ba, Sz\u00fclet\u00e9snapra, \u00dajsz\u00fcl\u00f6tt aj\u00e1nd\u00e9k","description":"M\u00e9rete: v\u00e1laszthat\u00f3\nAnyaga: Fa k\u00e9pkeret, M\u0171anyag el\u0151lap\nA sz\u00f6veges adatok tetsz\u00e9s szerint szerkeszthet\u0151ek.\nA k\u00e9rt adatokat \u00edrd le \u00e9s mi elk\u00e9sz\u00edtj\u00fck sz\u00e1modra.\n\nA Norm\u00e1l gy\u00e1rt\u00e1si id\u0151 4-8 munkanap, ha ett\u0151l gyorsabban szeretn\u00e9d a term\u00e9ket vedd fel vel\u00fcnk a kapcsolatot \u00e9s expressz gy\u00e1rt\u00e1ssal el tudjuk sz\u00e1modra k\u00e9sz\u00edteni.\n\nCikksz\u00e1m: bposzter2","score":0,"formatted_price":"2 990 Ft","image_url":"https:\/\/www.meska.hu\/img\/product\/small\/i\/n\/inciajandekgyar_product_559877_240106202227_980543.jpeg","formatted_url":"https:\/\/www.meska.hu\/p5178357-babaposzter-keretezve-szuletesi-adatokkal-zsiraf-babaszobaba-szuletesnapra-ujszulott-ajandek","favourite":false,"in_stock":false,"avatar":"559877_avatar_1677149998.jpeg","delete_from":0,"is_enhanced_background":false,"is_enhanced":false,"product_selection_started":false,"is_active":true,"image_webp_url":"https:\/\/www.meska.hu\/img\/product\/small\/i\/n\/inciajandekgyar_product_559877_240106202227_980543.webp"},{"id":"5168074","shop_id":"40310","user_id":"559877","shop_name":"inciajandekgyar","shop_zip":"4400","product_code":"5178354","product_name_old":null,"product_name":"Babaposzter keretezve sz\u00fclet\u00e9si adatokkal oroszl\u00e1n, Babaszob\u00e1ba, Sz\u00fclet\u00e9snapra, \u00dajsz\u00fcl\u00f6tt aj\u00e1nd\u00e9k","category_string":"Baba - mama, Babaposzter, Babaszoba dekor\u00e1ci\u00f3","technic_string":"Fot\u00f3, grafika, rajz, illusztr\u00e1ci\u00f3","category_1":"1735","category_2":"1759","category_3":"1466","category_4":"0","merged_category_1":"0","merged_category_2":"0","merged_category_3":"0","technic_1":"483","technic_2":"0","technic_3":"0","color_1":"519","color_2":"0","color_3":"0","product_description_old":null,"product_description":"M\u00e9rete: v\u00e1laszthat\u00f3\nAnyaga: Fa k\u00e9pkeret, M\u0171anyag el\u0151lap\nA sz\u00f6veges adatok tetsz\u00e9s szerint szerkeszthet\u0151ek.\nA k\u00e9rt adatokat \u00edrd le \u00e9s mi elk\u00e9sz\u00edtj\u00fck sz\u00e1modra.\n\nA Norm\u00e1l gy\u00e1rt\u00e1si id\u0151 4-8 munkanap, ha ett\u0151l gyorsabban szeretn\u00e9d a term\u00e9ket vedd fel vel\u00fcnk a kapcsolatot \u00e9s expressz gy\u00e1rt\u00e1ssal el tudjuk sz\u00e1modra k\u00e9sz\u00edteni.\n\nCikksz\u00e1m: bposzter1","price":"2990.00","unit":"db","recommended":"0","status":"1","sponsored":"0","exp_notify":"0","own_material":"0","own_material_description_old":null,"own_material_description":"","jury":"0","jury_number":"","product_nature":"","meskaracsony":"0","create_date":"2026-04-25 22:26:58","shelve_id":"0","image":"inciajandekgyar_product_559877_240106201033_547711.jpeg","image_width":"480","image_height":"480","image_alt":"Babaposzter keretezve sz\u00fclet\u00e9si adatokkal oroszl\u00e1n, Babaszob\u00e1ba, Sz\u00fclet\u00e9snapra, \u00dajsz\u00fcl\u00f6tt aj\u00e1nd\u00e9k, M\u00e9rete: v\u00e1laszthat\u00f3\\nAnyaga: Fa k\u00e9pkeret, M\u0171anyag el\u0151lap\\nA sz\u00f6veges adatok tetsz\u00e9s szerint szerkeszth..., Meska","image_title":"Babaposzter keretezve sz\u00fclet\u00e9si adatokkal oroszl\u00e1n, Babaszob\u00e1ba, Sz\u00fclet\u00e9snapra, \u00dajsz\u00fcl\u00f6tt aj\u00e1nd\u00e9k, Meska","view_count":"410","favourite_count":"0","trending_score":"0","last2MonthFavouriteCount":"0","promotion":"0","giftcard_accept":"0","creditcard_accept":false,"enhanced_background":"0","domain":"meska","specific_customer_id":null,"specific_customer_name":null,"to_order_product":"1","to_order_product_time":"4","product_different":null,"product_different_description":"","vintage":"0","vintage_category_id":"0","recycled":"0","gemstone_id":"0","customizable":"1","type_category":"physical","zerowaste":"0","postage_price":"1290.00","shop_order":"0","has_category":"1","landing_pages":null,"microdata":{"number":14,"category":""},"title":"Babaposzter keretezve sz\u00fclet\u00e9si adatokkal oroszl\u00e1n, Babaszob\u00e1ba, Sz\u00fclet\u00e9snapra, \u00dajsz\u00fcl\u00f6tt aj\u00e1nd\u00e9k","description":"M\u00e9rete: v\u00e1laszthat\u00f3\nAnyaga: Fa k\u00e9pkeret, M\u0171anyag el\u0151lap\nA sz\u00f6veges adatok tetsz\u00e9s szerint szerkeszthet\u0151ek.\nA k\u00e9rt adatokat \u00edrd le \u00e9s mi elk\u00e9sz\u00edtj\u00fck sz\u00e1modra.\n\nA Norm\u00e1l gy\u00e1rt\u00e1si id\u0151 4-8 munkanap, ha ett\u0151l gyorsabban szeretn\u00e9d a term\u00e9ket vedd fel vel\u00fcnk a kapcsolatot \u00e9s expressz gy\u00e1rt\u00e1ssal el tudjuk sz\u00e1modra k\u00e9sz\u00edteni.\n\nCikksz\u00e1m: bposzter1","score":0,"formatted_price":"2 990 Ft","image_url":"https:\/\/www.meska.hu\/img\/product\/small\/i\/n\/inciajandekgyar_product_559877_240106201033_547711.jpeg","formatted_url":"https:\/\/www.meska.hu\/p5178354-babaposzter-keretezve-szuletesi-adatokkal-oroszlan-babaszobaba-szuletesnapra-ujszulott-ajandek","favourite":false,"in_stock":false,"avatar":"559877_avatar_1677149998.jpeg","delete_from":0,"is_enhanced_background":false,"is_enhanced":false,"product_selection_started":false,"is_active":true,"image_webp_url":"https:\/\/www.meska.hu\/img\/product\/small\/i\/n\/inciajandekgyar_product_559877_240106201033_547711.webp"},{"id":"5168082","shop_id":"40310","user_id":"559877","shop_name":"inciajandekgyar","shop_zip":"4400","product_code":"5178362","product_name_old":null,"product_name":"Babaposzter keretezve sz\u00fclet\u00e9si adatokkal oroszl\u00e1n, Babaszob\u00e1ba, Sz\u00fclet\u00e9snapra, \u00dajsz\u00fcl\u00f6tt aj\u00e1nd\u00e9k","category_string":"Baba - mama, Babaposzter, Babaszoba dekor\u00e1ci\u00f3","technic_string":"Fot\u00f3, grafika, rajz, illusztr\u00e1ci\u00f3","category_1":"1735","category_2":"1759","category_3":"1466","category_4":"0","merged_category_1":"0","merged_category_2":"0","merged_category_3":"0","technic_1":"483","technic_2":"0","technic_3":"0","color_1":"519","color_2":"0","color_3":"0","product_description_old":null,"product_description":"M\u00e9rete: v\u00e1laszthat\u00f3\nAnyaga: Fa k\u00e9pkeret, M\u0171anyag el\u0151lap\nA sz\u00f6veges adatok tetsz\u00e9s szerint szerkeszthet\u0151ek.\nA k\u00e9rt adatokat \u00edrd le \u00e9s mi elk\u00e9sz\u00edtj\u00fck sz\u00e1modra.\n\nA Norm\u00e1l gy\u00e1rt\u00e1si id\u0151 4-8 munkanap, ha ett\u0151l gyorsabban szeretn\u00e9d a term\u00e9ket vedd fel vel\u00fcnk a kapcsolatot \u00e9s expressz gy\u00e1rt\u00e1ssal el tudjuk sz\u00e1modra k\u00e9sz\u00edteni.\n\nCikksz\u00e1m: bposzter4","price":"2990.00","unit":"db","recommended":"0","status":"1","sponsored":"0","exp_notify":"0","own_material":"0","own_material_description_old":null,"own_material_description":"","jury":"0","jury_number":"","product_nature":"","meskaracsony":"0","create_date":"2026-04-25 22:26:57","shelve_id":"0","image":"inciajandekgyar_product_559877_240106202355_850625.jpeg","image_width":"480","image_height":"480","image_alt":"Babaposzter keretezve sz\u00fclet\u00e9si adatokkal oroszl\u00e1n, Babaszob\u00e1ba, Sz\u00fclet\u00e9snapra, \u00dajsz\u00fcl\u00f6tt aj\u00e1nd\u00e9k, M\u00e9rete: v\u00e1laszthat\u00f3\\nAnyaga: Fa k\u00e9pkeret, M\u0171anyag el\u0151lap\\nA sz\u00f6veges adatok tetsz\u00e9s szerint szerkeszth..., Meska","image_title":"Babaposzter keretezve sz\u00fclet\u00e9si adatokkal oroszl\u00e1n, Babaszob\u00e1ba, Sz\u00fclet\u00e9snapra, \u00dajsz\u00fcl\u00f6tt aj\u00e1nd\u00e9k, Meska","view_count":"451","favourite_count":"0","trending_score":"0","last2MonthFavouriteCount":"0","promotion":"0","giftcard_accept":"0","creditcard_accept":false,"enhanced_background":"0","domain":"meska","specific_customer_id":null,"specific_customer_name":null,"to_order_product":"1","to_order_product_time":"4","product_different":null,"product_different_description":"","vintage":"0","vintage_category_id":"0","recycled":"0","gemstone_id":"0","customizable":"1","type_category":"physical","zerowaste":"0","postage_price":"1290.00","shop_order":"0","has_category":"1","landing_pages":null,"microdata":{"number":15,"category":""},"title":"Babaposzter keretezve sz\u00fclet\u00e9si adatokkal oroszl\u00e1n, Babaszob\u00e1ba, Sz\u00fclet\u00e9snapra, \u00dajsz\u00fcl\u00f6tt aj\u00e1nd\u00e9k","description":"M\u00e9rete: v\u00e1laszthat\u00f3\nAnyaga: Fa k\u00e9pkeret, M\u0171anyag el\u0151lap\nA sz\u00f6veges adatok tetsz\u00e9s szerint szerkeszthet\u0151ek.\nA k\u00e9rt adatokat \u00edrd le \u00e9s mi elk\u00e9sz\u00edtj\u00fck sz\u00e1modra.\n\nA Norm\u00e1l gy\u00e1rt\u00e1si id\u0151 4-8 munkanap, ha ett\u0151l gyorsabban szeretn\u00e9d a term\u00e9ket vedd fel vel\u00fcnk a kapcsolatot \u00e9s expressz gy\u00e1rt\u00e1ssal el tudjuk sz\u00e1modra k\u00e9sz\u00edteni.\n\nCikksz\u00e1m: bposzter4","score":0,"formatted_price":"2 990 Ft","image_url":"https:\/\/www.meska.hu\/img\/product\/small\/i\/n\/inciajandekgyar_product_559877_240106202355_850625.jpeg","formatted_url":"https:\/\/www.meska.hu\/p5178362-babaposzter-keretezve-szuletesi-adatokkal-oroszlan-babaszobaba-szuletesnapra-ujszulott-ajandek","favourite":false,"in_stock":false,"avatar":"559877_avatar_1677149998.jpeg","delete_from":0,"is_enhanced_background":false,"is_enhanced":false,"product_selection_started":false,"is_active":true,"image_webp_url":"https:\/\/www.meska.hu\/img\/product\/small\/i\/n\/inciajandekgyar_product_559877_240106202355_850625.webp"},{"id":"5168093","shop_id":"40310","user_id":"559877","shop_name":"inciajandekgyar","shop_zip":"4400","product_code":"5178374","product_name_old":null,"product_name":"Babaposzter keretezve sz\u00fclet\u00e9si adatokkal \u00fajs\u00e1g, Babaszob\u00e1ba, Sz\u00fclet\u00e9snapra, \u00dajsz\u00fcl\u00f6tt aj\u00e1nd\u00e9k","category_string":"Baba - mama, Babaposzter, Babaszoba dekor\u00e1ci\u00f3","technic_string":"Fot\u00f3, grafika, rajz, illusztr\u00e1ci\u00f3","category_1":"1735","category_2":"1759","category_3":"1466","category_4":"0","merged_category_1":"0","merged_category_2":"0","merged_category_3":"0","technic_1":"483","technic_2":"0","technic_3":"0","color_1":"519","color_2":"0","color_3":"0","product_description_old":null,"product_description":"M\u00e9rete: v\u00e1laszthat\u00f3\nAnyaga: Fa k\u00e9pkeret, M\u0171anyag el\u0151lap\nA sz\u00f6veges adatok tetsz\u00e9s szerint szerkeszthet\u0151ek.\nA k\u00e9rt adatokat \u00edrd le \u00e9s mi elk\u00e9sz\u00edtj\u00fck sz\u00e1modra.\n\nA Norm\u00e1l gy\u00e1rt\u00e1si id\u0151 4-8 munkanap, ha ett\u0151l gyorsabban szeretn\u00e9d a term\u00e9ket vedd fel vel\u00fcnk a kapcsolatot \u00e9s expressz gy\u00e1rt\u00e1ssal el tudjuk sz\u00e1modra k\u00e9sz\u00edteni.\n\nCikksz\u00e1m: bposzter8","price":"2990.00","unit":"db","recommended":"0","status":"1","sponsored":"0","exp_notify":"0","own_material":"0","own_material_description_old":null,"own_material_description":"","jury":"0","jury_number":"","product_nature":"","meskaracsony":"0","create_date":"2026-04-25 22:26:55","shelve_id":"0","image":"inciajandekgyar_product_559877_240106203015_665185.jpeg","image_width":"480","image_height":"480","image_alt":"Babaposzter keretezve sz\u00fclet\u00e9si adatokkal \u00fajs\u00e1g, Babaszob\u00e1ba, Sz\u00fclet\u00e9snapra, \u00dajsz\u00fcl\u00f6tt aj\u00e1nd\u00e9k, M\u00e9rete: v\u00e1laszthat\u00f3\\nAnyaga: Fa k\u00e9pkeret, M\u0171anyag el\u0151lap\\nA sz\u00f6veges adatok tetsz\u00e9s szerint szerkeszth..., Meska","image_title":"Babaposzter keretezve sz\u00fclet\u00e9si adatokkal \u00fajs\u00e1g, Babaszob\u00e1ba, Sz\u00fclet\u00e9snapra, \u00dajsz\u00fcl\u00f6tt aj\u00e1nd\u00e9k, Meska","view_count":"462","favourite_count":"0","trending_score":"0","last2MonthFavouriteCount":"0","promotion":"0","giftcard_accept":"0","creditcard_accept":false,"enhanced_background":"0","domain":"meska","specific_customer_id":null,"specific_customer_name":null,"to_order_product":"1","to_order_product_time":"4","product_different":null,"product_different_description":"","vintage":"0","vintage_category_id":"0","recycled":"0","gemstone_id":"0","customizable":"1","type_category":"physical","zerowaste":"0","postage_price":"1290.00","shop_order":"0","has_category":"1","landing_pages":null,"microdata":{"number":16,"category":""},"title":"Babaposzter keretezve sz\u00fclet\u00e9si adatokkal \u00fajs\u00e1g, Babaszob\u00e1ba, Sz\u00fclet\u00e9snapra, \u00dajsz\u00fcl\u00f6tt aj\u00e1nd\u00e9k","description":"M\u00e9rete: v\u00e1laszthat\u00f3\nAnyaga: Fa k\u00e9pkeret, M\u0171anyag el\u0151lap\nA sz\u00f6veges adatok tetsz\u00e9s szerint szerkeszthet\u0151ek.\nA k\u00e9rt adatokat \u00edrd le \u00e9s mi elk\u00e9sz\u00edtj\u00fck sz\u00e1modra.\n\nA Norm\u00e1l gy\u00e1rt\u00e1si id\u0151 4-8 munkanap, ha ett\u0151l gyorsabban szeretn\u00e9d a term\u00e9ket vedd fel vel\u00fcnk a kapcsolatot \u00e9s expressz gy\u00e1rt\u00e1ssal el tudjuk sz\u00e1modra k\u00e9sz\u00edteni.\n\nCikksz\u00e1m: bposzter8","score":0,"formatted_price":"2 990 Ft","image_url":"https:\/\/www.meska.hu\/img\/product\/small\/i\/n\/inciajandekgyar_product_559877_240106203015_665185.jpeg","formatted_url":"https:\/\/www.meska.hu\/p5178374-babaposzter-keretezve-szuletesi-adatokkal-ujsag-babaszobaba-szuletesnapra-ujszulott-ajandek","favourite":false,"in_stock":false,"avatar":"559877_avatar_1677149998.jpeg","delete_from":0,"is_enhanced_background":false,"is_enhanced":false,"product_selection_started":false,"is_active":true,"image_webp_url":"https:\/\/www.meska.hu\/img\/product\/small\/i\/n\/inciajandekgyar_product_559877_240106203015_665185.webp"},{"id":"2983112","shop_id":"25784","user_id":"307344","shop_name":"Krisztadesign","shop_zip":"4034","product_code":"4620577","product_name_old":null,"product_name":"Kisl\u00e1ny babaposzter sz\u00edv grafik\u00e1val","category_string":"Baba - mama, Babaposzter, Babaszoba dekor\u00e1ci\u00f3","technic_string":"Fot\u00f3, grafika, rajz, illusztr\u00e1ci\u00f3, Mindenm\u00e1s","category_1":"1735","category_2":"1759","category_3":"1466","category_4":"0","merged_category_1":"0","merged_category_2":"0","merged_category_3":"785","technic_1":"483","technic_2":"493","technic_3":"0","color_1":"519","color_2":"525","color_3":"0","product_description_old":null,"product_description":"Kisl\u00e1ny babaposzter r\u00f3zsasz\u00edn sz\u00edv grafik\u00e1val keret n\u00e9lk\u00fcl.\nN\u00e9vre sz\u00f3l\u00f3, magas min\u0151s\u00e9g\u0171 pdf form\u00e1tum\u00fa, A\/4 es m\u00e9ret\u0171, digit\u00e1lis term\u00e9k. \n\nV\u00e1s\u00e1rl\u00e1skor k\u00e9rlek add meg a k\u00e9rt nevet \u00e9s sz\u00fclet\u00e9si adatokat, amelyek a poszteren szerepeljenek.\n\nA posztert elektronikus form\u00e1ban, e-mailben, a Mesk\u00e1n regisztr\u00e1lt e-mail c\u00edmre k\u00fcld\u00f6m el a rendel\u00e9s kiegyenl\u00edt\u00e9s\u00e9t k\u00f6vet\u0151en.\nRendel\u00e9skor a szem\u00e9lyes \u00e1tv\u00e9tel lehet\u0151s\u00e9get v\u00e1laszd.\nA kinyomtatott poszter a k\u00e9pen l\u00e1tottakt\u00f3l n\u00e9mileg elt\u00e9rhet a nyomtat\u00f3 teljes\u00edtm\u00e9ny\u00e9t\u0151l f\u00fcgg\u0151en.\n\nEgyedi grafik\u00e1imat, digit\u00e1lis illusztr\u00e1ci\u00f3imat szerz\u0151i jog v\u00e9di!\nSemmilyen form\u00e1ban nem sokszoros\u00edthat\u00f3, m\u00e1solhat\u00f3, oszthat\u00f3, gy\u00e1rthat\u00f3. Csak szem\u00e9lyes haszn\u00e1latra vehet\u0151, kereskedelemben nem \u00e9rt\u00e9kes\u00edthet\u0151 az Alkot\u00f3 enged\u00e9lye n\u00e9lk\u00fcl.","price":"850.00","unit":"db","recommended":"0","status":"1","sponsored":"0","exp_notify":"0","own_material":"0","own_material_description_old":null,"own_material_description":"","jury":"0","jury_number":"","product_nature":"","meskaracsony":"0","create_date":"2026-04-19 16:31:04","shelve_id":"0","image":"krisztadesign_product_307344_191123175336_94222.jpeg","image_width":"480","image_height":"480","image_alt":"Kisl\u00e1ny babaposzter sz\u00edv grafik\u00e1val, Kisl\u00e1ny babaposzter r\u00f3zsasz\u00edn sz\u00edv grafik\u00e1val keret n\u00e9lk\u00fcl.\\nN\u00e9vre sz\u00f3l\u00f3, magas min\u0151s\u00e9g\u0171 pdf form\u00e1tum..., Meska","image_title":"Kisl\u00e1ny babaposzter sz\u00edv grafik\u00e1val, Meska","view_count":"1044","favourite_count":"0","trending_score":"0","last2MonthFavouriteCount":"0","promotion":"0","giftcard_accept":"1","creditcard_accept":false,"enhanced_background":"0","domain":"meska","specific_customer_id":null,"specific_customer_name":null,"to_order_product":"0","to_order_product_time":"0","product_different":null,"product_different_description":"","vintage":"0","vintage_category_id":"0","recycled":"0","gemstone_id":"0","customizable":"0","type_category":"physical","zerowaste":"0","postage_price":"0.00","shop_order":"0","has_category":"1","landing_pages":null,"microdata":{"number":17,"category":""},"title":"Kisl\u00e1ny babaposzter sz\u00edv grafik\u00e1val","description":"Kisl\u00e1ny babaposzter r\u00f3zsasz\u00edn sz\u00edv grafik\u00e1val keret n\u00e9lk\u00fcl.\nN\u00e9vre sz\u00f3l\u00f3, magas min\u0151s\u00e9g\u0171 pdf form\u00e1tum\u00fa, A\/4 es m\u00e9ret\u0171, digit\u00e1lis term\u00e9k. \n\nV\u00e1s\u00e1rl\u00e1skor k\u00e9rlek add meg a k\u00e9rt nevet \u00e9s sz\u00fclet\u00e9si adatokat, amelyek a poszteren szerepeljenek.\n\nA posztert elektronikus form\u00e1ban, e-mailben, a Mesk\u00e1n regisztr\u00e1lt e-mail c\u00edmre k\u00fcld\u00f6m el a rendel\u00e9s kiegyenl\u00edt\u00e9s\u00e9t k\u00f6vet\u0151en.\nRendel\u00e9skor a szem\u00e9lyes \u00e1tv\u00e9tel lehet\u0151s\u00e9get v\u00e1laszd.\nA kinyomtatott poszter a k\u00e9pen l\u00e1tottakt\u00f3l n\u00e9mileg elt\u00e9rhet a nyomtat\u00f3 teljes\u00edtm\u00e9ny\u00e9t\u0151l f\u00fcgg\u0151en.\n\nEgyedi grafik\u00e1imat, digit\u00e1lis illusztr\u00e1ci\u00f3imat szerz\u0151i jog v\u00e9di!\nSemmilyen form\u00e1ban nem sokszoros\u00edthat\u00f3, m\u00e1solhat\u00f3, oszthat\u00f3, gy\u00e1rthat\u00f3. Csak szem\u00e9lyes haszn\u00e1latra vehet\u0151, kereskedelemben nem \u00e9rt\u00e9kes\u00edthet\u0151 az Alkot\u00f3 enged\u00e9lye n\u00e9lk\u00fcl.","score":0,"formatted_price":"850 Ft","image_url":"https:\/\/www.meska.hu\/img\/product\/small\/k\/r\/krisztadesign_product_307344_191123175336_94222.jpeg","formatted_url":"https:\/\/www.meska.hu\/p4620577-kislany-babaposzter-sziv-grafikaval","favourite":false,"in_stock":true,"avatar":null,"delete_from":0,"is_enhanced_background":false,"is_enhanced":false,"product_selection_started":false,"is_active":true,"image_webp_url":"https:\/\/www.meska.hu\/img\/product\/small\/k\/r\/krisztadesign_product_307344_191123175336_94222.webp"},{"id":"6187361","shop_id":"52266","user_id":"777880","shop_name":"NettDesign2025","shop_zip":"4090","product_code":"5774167","product_name_old":null,"product_name":"Szem\u00e9lyre szabhat\u00f3 gyerekszoba falik\u00e9p - Borz illusztr\u00e1ci\u00f3val","category_string":"Baba - mama, Babaszoba dekor\u00e1ci\u00f3, Babaposzter","technic_string":"Fot\u00f3, grafika, rajz, illusztr\u00e1ci\u00f3","category_1":"1735","category_2":"1466","category_3":"1759","category_4":"0","merged_category_1":null,"merged_category_2":null,"merged_category_3":null,"technic_1":"483","technic_2":"0","technic_3":"0","color_1":"519","color_2":"520","color_3":"527","product_description_old":null,"product_description":"\"Minden nap egy \u00faj kaland!\"\ud83e\udda8\ud83c\udf3f\n\nA legszebb terek nem csup\u00e1n eszt\u00e9tikusak, hanem t\u00f6rt\u00e9netet mes\u00e9lnek.\ud83c\udf3f\u2728\ufe0f\n__________\n\nA finoman kidolgozott, fa\u00e1gon m\u00e1szk\u00e1l\u00f3 borzot \u00e1br\u00e1zol\u00f3 akvarell illusztr\u00e1ci\u00f3val k\u00e9sz\u00fclt falik\u00e9p, igaz\u00e1n k\u00fcl\u00f6nleges dekor\u00e1ci\u00f3, amely melegs\u00e9get \u00e9s term\u00e9szetk\u00f6zeli hangulatot visz a gyerekszob\u00e1ba.\nL\u00e1gy sz\u00ednei \u00e9s kedves r\u00e9szletei nyugalmat \u00e1rasztanak, mik\u00f6zben egy csipetnyi erdei var\u00e1zst csemp\u00e9sznek a t\u00e9rbe.\ud83e\udda1\ud83e\udd0e\n\nLetisztult, skandin\u00e1v ihlet\u00e9s\u0171 megjelen\u00e9se id\u0151t\u00e1ll\u00f3 v\u00e1laszt\u00e1ss\u00e1 teszi, amely harmonikusan illeszkedik a modern, szeretettel berendezett enteri\u0151r\u00f6kbe.\n\n__________\n\nMinden darab egyedileg k\u00e9sz\u00fcl, \u00edgy nem csup\u00e1n dekor\u00e1ci\u00f3, hanem egy szem\u00e9lyes eml\u00e9k, amely hossz\u00fa \u00e9veken \u00e1t meg\u0151rzi jelent\u0151s\u00e9g\u00e9t.\ud83e\udef6\n\n\nSzem\u00e9lyre szab\u00e1s teljes szabads\u00e1ga!\ud83d\udca5\n\nA tervez\u00e9s sor\u00e1n lehet\u0151s\u00e9ged van arra, hogy a k\u00e9pet teljes m\u00e9rt\u00e9kben a saj\u00e1t elk\u00e9pzel\u00e9seidhez igaz\u00edtsd.\nA sz\u00f6veg szabadon m\u00f3dos\u00edthat\u00f3 \u2013 k\u00e9rhet\u0151 n\u00e9vvel, d\u00e1tummal, id\u00e9zettel vagy ak\u00e1r egy kedves \u00fczenettel.\nAz illusztr\u00e1ci\u00f3 elrendez\u00e9se is finoman alak\u00edthat\u00f3, \u00edgy egy igaz\u00e1n egyedi, hozz\u00e1tok ill\u0151 alkot\u00e1s sz\u00fcletik.\u2728\ufe0f\ud83c\udf3f\n\n__________\n\nEl\u00e9rhet\u0151 kivitelek \u00e9s \u00e1rak:\n\n\ud83e\udda8 Digit\u00e1lis v\u00e1ltozat\n\nE-mailben k\u00fcld\u00f6tt, magas felbont\u00e1s\u00fa f\u00e1jl, azonnali felhaszn\u00e1l\u00e1sra. Gyors, ak\u00e1r 48 \u00f3r\u00e1n bel\u00fcli elk\u00e9sz\u00edt\u00e9ssel.\n\n\ud83e\udda8 Pr\u00e9mium nyomtatott kivitel\n\nGondosan v\u00e1logatott, PR\u00c9MIUM 270 grammos pap\u00edron\nA\/4 \u00e9s A\/3 m\u00e9retben\n\n\ud83e\udda8 Keretezett, k\u00e9sz dekor\u00e1ci\u00f3\n\nAzonnal falra helyezhet\u0151, eleg\u00e1ns megjelen\u00e9s.\nV\u00e1laszthat\u00f3 fekete, feh\u00e9r vagy nat\u00far fa kerettel.\nIg\u00e9ny eset\u00e9n paszpartuval ell\u00e1tott nagy, 40\u00d750 cm-es extra l\u00e1tv\u00e1nyos kivitelben.\n\n__________\n\n\u2728\ufe0fElk\u00e9sz\u00edt\u00e9si id\u0151\u2728\ufe0f\n5\u201310 munkanap, gondos odafigyel\u00e9ssel \u00e9s szeretettel.\n__________\n\n\ud83c\udf3fRendel\u00e9s\ud83c\udf3f\nA v\u00e1s\u00e1rl\u00e1s sor\u00e1n add meg a k\u00edv\u00e1nt nevet, d\u00e1tumot \u00e9s egy\u00e9b r\u00e9szleteket.\nEzut\u00e1n felveszem veled a kapcsolatot, hogy minden apr\u00f3 r\u00e9szlet pontosan olyan legyen, amilyennek meg\u00e1lmodtad.\ud83e\udef6\n\nRendeld meg b\u00e1tran, vagy ha k\u00e9rd\u00e9sed van, \u00edrj \u00fczenetet!\ud83e\udd70\ud83e\udda8\ud83c\udf3f\n\n","price":"2790.00","unit":"db","recommended":"0","status":"1","sponsored":"0","exp_notify":"0","own_material":"0","own_material_description_old":null,"own_material_description":"","jury":"0","jury_number":"","product_nature":"","meskaracsony":"0","create_date":"2026-04-18 08:04:10","shelve_id":"0","image":"nettdesign2025_product_777880_260418075443_152561.png","image_width":"480","image_height":"480","image_alt":"Szem\u00e9lyre szabhat\u00f3 gyerekszoba falik\u00e9p - Borz illusztr\u00e1ci\u00f3val, \\\"Minden nap egy \u00faj kaland!\\\"\ud83e\udda8\ud83c\udf3f\\n\\nA legszebb terek nem csup\u00e1n eszt\u00e9tikusak, hanem t\u00f6rt\u00e9netet mes\u00e9lnek.\ud83c\udf3f..., Meska","image_title":"Szem\u00e9lyre szabhat\u00f3 gyerekszoba falik\u00e9p - Borz illusztr\u00e1ci\u00f3val, Meska","view_count":"16","favourite_count":"0","trending_score":"0","last2MonthFavouriteCount":"0","promotion":"0","giftcard_accept":"0","creditcard_accept":true,"enhanced_background":"0","domain":"meska","specific_customer_id":null,"specific_customer_name":null,"to_order_product":"1","to_order_product_time":"5","product_different":null,"product_different_description":"","vintage":"0","vintage_category_id":"0","recycled":"0","gemstone_id":"0","customizable":"1","type_category":"digital","zerowaste":"0","postage_price":"1290.00","shop_order":"0","has_category":"1","landing_pages":null,"microdata":{"number":18,"category":""},"title":"Szem\u00e9lyre szabhat\u00f3 gyerekszoba falik\u00e9p - Borz illusztr\u00e1ci\u00f3val","description":"\"Minden nap egy \u00faj kaland!\"\ud83e\udda8\ud83c\udf3f\n\nA legszebb terek nem csup\u00e1n eszt\u00e9tikusak, hanem t\u00f6rt\u00e9netet mes\u00e9lnek.\ud83c\udf3f\u2728\ufe0f\n__________\n\nA finoman kidolgozott, fa\u00e1gon m\u00e1szk\u00e1l\u00f3 borzot \u00e1br\u00e1zol\u00f3 akvarell illusztr\u00e1ci\u00f3val k\u00e9sz\u00fclt falik\u00e9p, igaz\u00e1n k\u00fcl\u00f6nleges dekor\u00e1ci\u00f3, amely melegs\u00e9get \u00e9s term\u00e9szetk\u00f6zeli hangulatot visz a gyerekszob\u00e1ba.\nL\u00e1gy sz\u00ednei \u00e9s kedves r\u00e9szletei nyugalmat \u00e1rasztanak, mik\u00f6zben egy csipetnyi erdei var\u00e1zst csemp\u00e9sznek a t\u00e9rbe.\ud83e\udda1\ud83e\udd0e\n\nLetisztult, skandin\u00e1v ihlet\u00e9s\u0171 megjelen\u00e9se id\u0151t\u00e1ll\u00f3 v\u00e1laszt\u00e1ss\u00e1 teszi, amely harmonikusan illeszkedik a modern, szeretettel berendezett enteri\u0151r\u00f6kbe.\n\n__________\n\nMinden darab egyedileg k\u00e9sz\u00fcl, \u00edgy nem csup\u00e1n dekor\u00e1ci\u00f3, hanem egy szem\u00e9lyes eml\u00e9k, amely hossz\u00fa \u00e9veken \u00e1t meg\u0151rzi jelent\u0151s\u00e9g\u00e9t.\ud83e\udef6\n\n\nSzem\u00e9lyre szab\u00e1s teljes szabads\u00e1ga!\ud83d\udca5\n\nA tervez\u00e9s sor\u00e1n lehet\u0151s\u00e9ged van arra, hogy a k\u00e9pet teljes m\u00e9rt\u00e9kben a saj\u00e1t elk\u00e9pzel\u00e9seidhez igaz\u00edtsd.\nA sz\u00f6veg szabadon m\u00f3dos\u00edthat\u00f3 \u2013 k\u00e9rhet\u0151 n\u00e9vvel, d\u00e1tummal, id\u00e9zettel vagy ak\u00e1r egy kedves \u00fczenettel.\nAz illusztr\u00e1ci\u00f3 elrendez\u00e9se is finoman alak\u00edthat\u00f3, \u00edgy egy igaz\u00e1n egyedi, hozz\u00e1tok ill\u0151 alkot\u00e1s sz\u00fcletik.\u2728\ufe0f\ud83c\udf3f\n\n__________\n\nEl\u00e9rhet\u0151 kivitelek \u00e9s \u00e1rak:\n\n\ud83e\udda8 Digit\u00e1lis v\u00e1ltozat\n\nE-mailben k\u00fcld\u00f6tt, magas felbont\u00e1s\u00fa f\u00e1jl, azonnali felhaszn\u00e1l\u00e1sra. Gyors, ak\u00e1r 48 \u00f3r\u00e1n bel\u00fcli elk\u00e9sz\u00edt\u00e9ssel.\n\n\ud83e\udda8 Pr\u00e9mium nyomtatott kivitel\n\nGondosan v\u00e1logatott, PR\u00c9MIUM 270 grammos pap\u00edron\nA\/4 \u00e9s A\/3 m\u00e9retben\n\n\ud83e\udda8 Keretezett, k\u00e9sz dekor\u00e1ci\u00f3\n\nAzonnal falra helyezhet\u0151, eleg\u00e1ns megjelen\u00e9s.\nV\u00e1laszthat\u00f3 fekete, feh\u00e9r vagy nat\u00far fa kerettel.\nIg\u00e9ny eset\u00e9n paszpartuval ell\u00e1tott nagy, 40\u00d750 cm-es extra l\u00e1tv\u00e1nyos kivitelben.\n\n__________\n\n\u2728\ufe0fElk\u00e9sz\u00edt\u00e9si id\u0151\u2728\ufe0f\n5\u201310 munkanap, gondos odafigyel\u00e9ssel \u00e9s szeretettel.\n__________\n\n\ud83c\udf3fRendel\u00e9s\ud83c\udf3f\nA v\u00e1s\u00e1rl\u00e1s sor\u00e1n add meg a k\u00edv\u00e1nt nevet, d\u00e1tumot \u00e9s egy\u00e9b r\u00e9szleteket.\nEzut\u00e1n felveszem veled a kapcsolatot, hogy minden apr\u00f3 r\u00e9szlet pontosan olyan legyen, amilyennek meg\u00e1lmodtad.\ud83e\udef6\n\nRendeld meg b\u00e1tran, vagy ha k\u00e9rd\u00e9sed van, \u00edrj \u00fczenetet!\ud83e\udd70\ud83e\udda8\ud83c\udf3f\n\n","score":0,"formatted_price":"2 790 Ft","image_url":"https:\/\/www.meska.hu\/img\/product\/small\/n\/e\/nettdesign2025_product_777880_260418075443_152561.png","formatted_url":"https:\/\/www.meska.hu\/p5774167-szemelyre-szabhato-gyerekszoba-falikep-borz-illusztracioval","favourite":false,"in_stock":false,"avatar":"777880_avatar_1773874503.png","delete_from":0,"is_enhanced_background":false,"is_enhanced":false,"product_selection_started":false,"is_active":true,"image_webp_url":"https:\/\/www.meska.hu\/img\/product\/small\/n\/e\/nettdesign2025_product_777880_260418075443_152561.webp"},{"id":"6187357","shop_id":"52266","user_id":"777880","shop_name":"NettDesign2025","shop_zip":"4090","product_code":"5774166","product_name_old":null,"product_name":"Szem\u00e9lyre szabhat\u00f3 gyerekszoba falik\u00e9p - R\u00f3ka illusztr\u00e1ci\u00f3val","category_string":"Baba - mama, Babaszoba dekor\u00e1ci\u00f3, Babaposzter","technic_string":"Fot\u00f3, grafika, rajz, illusztr\u00e1ci\u00f3","category_1":"1735","category_2":"1466","category_3":"1759","category_4":"0","merged_category_1":null,"merged_category_2":null,"merged_category_3":null,"technic_1":"483","technic_2":"0","technic_3":"0","color_1":"514","color_2":"519","color_3":"524","product_description_old":null,"product_description":"A legszebb terek nem csup\u00e1n eszt\u00e9tikusak, hanem t\u00f6rt\u00e9netet mes\u00e9lnek.\ud83c\udf3f\u2728\ufe0f\n__________\n\nA finoman kidolgozott, fa\u00e1gon pihen\u0151 r\u00f3k\u00e1t \u00e1br\u00e1zol\u00f3 akvarell illusztr\u00e1ci\u00f3val k\u00e9sz\u00fclt falik\u00e9p igaz\u00e1n k\u00fcl\u00f6nleges dekor\u00e1ci\u00f3, amely melegs\u00e9get \u00e9s term\u00e9szetk\u00f6zeli hangulatot visz a gyerekszob\u00e1ba.\nL\u00e1gy sz\u00ednei \u00e9s kedves r\u00e9szletei nyugalmat \u00e1rasztanak, mik\u00f6zben egy csipetnyi mesebeli var\u00e1zst csemp\u00e9sznek a t\u00e9rbe.\ud83e\udd8a\ud83e\udd0e\n\nLetisztult, skandin\u00e1v ihlet\u00e9s\u0171 megjelen\u00e9se id\u0151t\u00e1ll\u00f3 v\u00e1laszt\u00e1ss\u00e1 teszi, amely harmonikusan illeszkedik a modern, szeretettel berendezett enteri\u0151r\u00f6kbe.\n\n__________\n\nMinden darab egyedileg k\u00e9sz\u00fcl, \u00edgy nem csup\u00e1n dekor\u00e1ci\u00f3, hanem egy szem\u00e9lyes eml\u00e9k, amely hossz\u00fa \u00e9veken \u00e1t meg\u0151rzi jelent\u0151s\u00e9g\u00e9t.\ud83e\udef6\n\n\nSzem\u00e9lyre szab\u00e1s teljes szabads\u00e1ga!\ud83d\udca5\n\nA tervez\u00e9s sor\u00e1n lehet\u0151s\u00e9ged van arra, hogy a k\u00e9pet teljes m\u00e9rt\u00e9kben a saj\u00e1t elk\u00e9pzel\u00e9seidhez igaz\u00edtsd.\nA sz\u00f6veg szabadon m\u00f3dos\u00edthat\u00f3 \u2013 k\u00e9rhet\u0151 n\u00e9vvel, d\u00e1tummal, id\u00e9zettel vagy ak\u00e1r egy kedves \u00fczenettel.\nAz illusztr\u00e1ci\u00f3 elrendez\u00e9se is finoman alak\u00edthat\u00f3, \u00edgy egy igaz\u00e1n egyedi, hozz\u00e1tok ill\u0151 alkot\u00e1s sz\u00fcletik.\u2728\ufe0f\ud83c\udf3f\n\n__________\n\nEl\u00e9rhet\u0151 kivitelek \u00e9s \u00e1rak:\n\n\ud83e\udd8a Digit\u00e1lis v\u00e1ltozat\n\nE-mailben k\u00fcld\u00f6tt, magas felbont\u00e1s\u00fa f\u00e1jl, azonnali felhaszn\u00e1l\u00e1sra. Gyors, ak\u00e1r 48 \u00f3r\u00e1n bel\u00fcli elk\u00e9sz\u00edt\u00e9ssel.\n\n\ud83e\udd8a Pr\u00e9mium nyomtatott kivitel\n\nGondosan v\u00e1logatott, PR\u00c9MIUM 270 grammos pap\u00edron\nA\/4 \u00e9s A\/3 m\u00e9retben\n\n\ud83e\udd8a Keretezett, k\u00e9sz dekor\u00e1ci\u00f3\n\nAzonnal falra helyezhet\u0151, eleg\u00e1ns megjelen\u00e9s.\nV\u00e1laszthat\u00f3 fekete, feh\u00e9r vagy nat\u00far fa kerettel.\nIg\u00e9ny eset\u00e9n paszpartuval ell\u00e1tott nagy, 40\u00d750 cm-es extra l\u00e1tv\u00e1nyos kivitelben.\n\n__________\n\n\u2728\ufe0fElk\u00e9sz\u00edt\u00e9si id\u0151\u2728\ufe0f\n5\u201310 munkanap, gondos odafigyel\u00e9ssel \u00e9s szeretettel.\n__________\n\n\ud83c\udf3fRendel\u00e9s\ud83c\udf3f\nA v\u00e1s\u00e1rl\u00e1s sor\u00e1n add meg a k\u00edv\u00e1nt nevet, d\u00e1tumot \u00e9s egy\u00e9b r\u00e9szleteket.\nEzut\u00e1n felveszem veled a kapcsolatot, hogy minden apr\u00f3 r\u00e9szlet pontosan olyan legyen, amilyennek meg\u00e1lmodtad.\ud83e\udef6\n\nRendeld meg b\u00e1tran, vagy ha k\u00e9rd\u00e9sed van, \u00edrj \u00fczenetet!\ud83e\udd70\ud83e\udd8a\ud83c\udf3f","price":"2790.00","unit":"db","recommended":"0","status":"1","sponsored":"0","exp_notify":"0","own_material":"0","own_material_description_old":null,"own_material_description":"","jury":"0","jury_number":"","product_nature":"","meskaracsony":"0","create_date":"2026-04-18 07:48:10","shelve_id":"0","image":"nettdesign2025_product_777880_260418073553_701733.png","image_width":"480","image_height":"480","image_alt":"Szem\u00e9lyre szabhat\u00f3 gyerekszoba falik\u00e9p - R\u00f3ka illusztr\u00e1ci\u00f3val, A legszebb terek nem csup\u00e1n eszt\u00e9tikusak, hanem t\u00f6rt\u00e9netet mes\u00e9lnek.\ud83c\udf3f\u2728\ufe0f\\n__________\\n\\nA finoman kidolg..., Meska","image_title":"Szem\u00e9lyre szabhat\u00f3 gyerekszoba falik\u00e9p - R\u00f3ka illusztr\u00e1ci\u00f3val, Meska","view_count":"19","favourite_count":"0","trending_score":"0","last2MonthFavouriteCount":"0","promotion":"0","giftcard_accept":"0","creditcard_accept":true,"enhanced_background":"0","domain":"meska","specific_customer_id":null,"specific_customer_name":null,"to_order_product":"1","to_order_product_time":"5","product_different":null,"product_different_description":"","vintage":"0","vintage_category_id":"0","recycled":"0","gemstone_id":"0","customizable":"1","type_category":"physical","zerowaste":"0","postage_price":"1290.00","shop_order":"0","has_category":"1","landing_pages":null,"microdata":{"number":19,"category":""},"title":"Szem\u00e9lyre szabhat\u00f3 gyerekszoba falik\u00e9p - R\u00f3ka illusztr\u00e1ci\u00f3val","description":"A legszebb terek nem csup\u00e1n eszt\u00e9tikusak, hanem t\u00f6rt\u00e9netet mes\u00e9lnek.\ud83c\udf3f\u2728\ufe0f\n__________\n\nA finoman kidolgozott, fa\u00e1gon pihen\u0151 r\u00f3k\u00e1t \u00e1br\u00e1zol\u00f3 akvarell illusztr\u00e1ci\u00f3val k\u00e9sz\u00fclt falik\u00e9p igaz\u00e1n k\u00fcl\u00f6nleges dekor\u00e1ci\u00f3, amely melegs\u00e9get \u00e9s term\u00e9szetk\u00f6zeli hangulatot visz a gyerekszob\u00e1ba.\nL\u00e1gy sz\u00ednei \u00e9s kedves r\u00e9szletei nyugalmat \u00e1rasztanak, mik\u00f6zben egy csipetnyi mesebeli var\u00e1zst csemp\u00e9sznek a t\u00e9rbe.\ud83e\udd8a\ud83e\udd0e\n\nLetisztult, skandin\u00e1v ihlet\u00e9s\u0171 megjelen\u00e9se id\u0151t\u00e1ll\u00f3 v\u00e1laszt\u00e1ss\u00e1 teszi, amely harmonikusan illeszkedik a modern, szeretettel berendezett enteri\u0151r\u00f6kbe.\n\n__________\n\nMinden darab egyedileg k\u00e9sz\u00fcl, \u00edgy nem csup\u00e1n dekor\u00e1ci\u00f3, hanem egy szem\u00e9lyes eml\u00e9k, amely hossz\u00fa \u00e9veken \u00e1t meg\u0151rzi jelent\u0151s\u00e9g\u00e9t.\ud83e\udef6\n\n\nSzem\u00e9lyre szab\u00e1s teljes szabads\u00e1ga!\ud83d\udca5\n\nA tervez\u00e9s sor\u00e1n lehet\u0151s\u00e9ged van arra, hogy a k\u00e9pet teljes m\u00e9rt\u00e9kben a saj\u00e1t elk\u00e9pzel\u00e9seidhez igaz\u00edtsd.\nA sz\u00f6veg szabadon m\u00f3dos\u00edthat\u00f3 \u2013 k\u00e9rhet\u0151 n\u00e9vvel, d\u00e1tummal, id\u00e9zettel vagy ak\u00e1r egy kedves \u00fczenettel.\nAz illusztr\u00e1ci\u00f3 elrendez\u00e9se is finoman alak\u00edthat\u00f3, \u00edgy egy igaz\u00e1n egyedi, hozz\u00e1tok ill\u0151 alkot\u00e1s sz\u00fcletik.\u2728\ufe0f\ud83c\udf3f\n\n__________\n\nEl\u00e9rhet\u0151 kivitelek \u00e9s \u00e1rak:\n\n\ud83e\udd8a Digit\u00e1lis v\u00e1ltozat\n\nE-mailben k\u00fcld\u00f6tt, magas felbont\u00e1s\u00fa f\u00e1jl, azonnali felhaszn\u00e1l\u00e1sra. Gyors, ak\u00e1r 48 \u00f3r\u00e1n bel\u00fcli elk\u00e9sz\u00edt\u00e9ssel.\n\n\ud83e\udd8a Pr\u00e9mium nyomtatott kivitel\n\nGondosan v\u00e1logatott, PR\u00c9MIUM 270 grammos pap\u00edron\nA\/4 \u00e9s A\/3 m\u00e9retben\n\n\ud83e\udd8a Keretezett, k\u00e9sz dekor\u00e1ci\u00f3\n\nAzonnal falra helyezhet\u0151, eleg\u00e1ns megjelen\u00e9s.\nV\u00e1laszthat\u00f3 fekete, feh\u00e9r vagy nat\u00far fa kerettel.\nIg\u00e9ny eset\u00e9n paszpartuval ell\u00e1tott nagy, 40\u00d750 cm-es extra l\u00e1tv\u00e1nyos kivitelben.\n\n__________\n\n\u2728\ufe0fElk\u00e9sz\u00edt\u00e9si id\u0151\u2728\ufe0f\n5\u201310 munkanap, gondos odafigyel\u00e9ssel \u00e9s szeretettel.\n__________\n\n\ud83c\udf3fRendel\u00e9s\ud83c\udf3f\nA v\u00e1s\u00e1rl\u00e1s sor\u00e1n add meg a k\u00edv\u00e1nt nevet, d\u00e1tumot \u00e9s egy\u00e9b r\u00e9szleteket.\nEzut\u00e1n felveszem veled a kapcsolatot, hogy minden apr\u00f3 r\u00e9szlet pontosan olyan legyen, amilyennek meg\u00e1lmodtad.\ud83e\udef6\n\nRendeld meg b\u00e1tran, vagy ha k\u00e9rd\u00e9sed van, \u00edrj \u00fczenetet!\ud83e\udd70\ud83e\udd8a\ud83c\udf3f","score":0,"formatted_price":"2 790 Ft","image_url":"https:\/\/www.meska.hu\/img\/product\/small\/n\/e\/nettdesign2025_product_777880_260418073553_701733.png","formatted_url":"https:\/\/www.meska.hu\/p5774166-szemelyre-szabhato-gyerekszoba-falikep-roka-illusztracioval","favourite":false,"in_stock":false,"avatar":"777880_avatar_1773874503.png","delete_from":0,"is_enhanced_background":false,"is_enhanced":false,"product_selection_started":false,"is_active":true,"image_webp_url":"https:\/\/www.meska.hu\/img\/product\/small\/n\/e\/nettdesign2025_product_777880_260418073553_701733.webp"},{"id":"6187342","shop_id":"52266","user_id":"777880","shop_name":"NettDesign2025","shop_zip":"4090","product_code":"5774164","product_name_old":null,"product_name":"Szem\u00e9lyre szabhat\u00f3 gyerekszoba falik\u00e9p - Mos\u00f3medve illusztr\u00e1ci\u00f3val","category_string":"Baba - mama, Babaszoba dekor\u00e1ci\u00f3, Babaposzter","technic_string":"Fot\u00f3, grafika, rajz, illusztr\u00e1ci\u00f3","category_1":"1735","category_2":"1466","category_3":"1759","category_4":"0","merged_category_1":null,"merged_category_2":null,"merged_category_3":null,"technic_1":"483","technic_2":"0","technic_3":"0","color_1":"514","color_2":"519","color_3":"520","product_description_old":null,"product_description":"A legszebb terek nem csup\u00e1n eszt\u00e9tikusak, hanem t\u00f6rt\u00e9netet mes\u00e9lnek.\ud83c\udf3f\u2728\ufe0f\n__________\n\nA finoman kidolgozott, \u00e1gon kapaszkod\u00f3 mos\u00f3medv\u00e9s akvarell illusztr\u00e1ci\u00f3val k\u00e9sz\u00fclt falik\u00e9p egy igaz\u00e1n k\u00fcl\u00f6nleges dekor\u00e1ci\u00f3, amely melegs\u00e9get \u00e9s term\u00e9szetk\u00f6zeli hangulatot visz a gyerekszob\u00e1ba.\nL\u00e1gy sz\u00ednei \u00e9s kedves r\u00e9szletei nyugalmat \u00e1rasztanak, mik\u00f6zben j\u00e1t\u00e9kos b\u00e1jt csemp\u00e9sznek a t\u00e9rbe.\ud83e\udd0e\n\nLetisztult, skandin\u00e1v ihlet\u00e9s\u0171 megjelen\u00e9se id\u0151t\u00e1ll\u00f3 v\u00e1laszt\u00e1ss\u00e1 teszi, amely harmonikusan illeszkedik a modern, szeretettel berendezett enteri\u0151r\u00f6kbe.\n\n__________\n\nMinden darab egyedileg k\u00e9sz\u00fcl, \u00edgy nem csup\u00e1n dekor\u00e1ci\u00f3, hanem egy szem\u00e9lyes eml\u00e9k, amely hossz\u00fa \u00e9veken \u00e1t meg\u0151rzi jelent\u0151s\u00e9g\u00e9t.\ud83e\udef6\n\n\nSzem\u00e9lyre szab\u00e1s teljes szabads\u00e1ga!\ud83d\udca5\n\nA tervez\u00e9s sor\u00e1n lehet\u0151s\u00e9ged van arra, hogy a k\u00e9pet teljes m\u00e9rt\u00e9kben a saj\u00e1t elk\u00e9pzel\u00e9seidhez igaz\u00edtsd.\nA sz\u00f6veg szabadon m\u00f3dos\u00edthat\u00f3 \u2013 k\u00e9rhet\u0151 n\u00e9vvel, d\u00e1tummal, id\u00e9zettel vagy ak\u00e1r egy kedves \u00fczenettel.\nAz illusztr\u00e1ci\u00f3 elrendez\u00e9se is finoman alak\u00edthat\u00f3, \u00edgy egy igaz\u00e1n egyedi, hozz\u00e1tok ill\u0151 alkot\u00e1s sz\u00fcletik.\u2728\ufe0f\ud83c\udf3f\n\n__________\n\nEl\u00e9rhet\u0151 kivitelek \u00e9s \u00e1rak:\n\n\ud83e\udd9d Digit\u00e1lis v\u00e1ltozat\n\nE-mailben k\u00fcld\u00f6tt, magas felbont\u00e1s\u00fa f\u00e1jl, azonnali felhaszn\u00e1l\u00e1sra. Gyors, ak\u00e1r 48 \u00f3r\u00e1n bel\u00fcli elk\u00e9sz\u00edt\u00e9ssel.\n\n\ud83e\udd9d Pr\u00e9mium nyomtatott kivitel\n\nGondosan v\u00e1logatott, PR\u00c9MIUM 270 grammos pap\u00edron\nA\/4 \u00e9s A\/3 m\u00e9retben\n\n\ud83e\udd9d Keretezett, k\u00e9sz dekor\u00e1ci\u00f3\n\nAzonnal falra helyezhet\u0151, eleg\u00e1ns megjelen\u00e9s.\nV\u00e1laszthat\u00f3 fekete, feh\u00e9r vagy nat\u00far fa kerettel.\nIg\u00e9ny eset\u00e9n paszpartuval ell\u00e1tott nagy, 40\u00d750 cm-es extra l\u00e1tv\u00e1nyos kivitelben.\n\n__________\n\n\u2728\ufe0fElk\u00e9sz\u00edt\u00e9si id\u0151\u2728\ufe0f\n5\u201310 munkanap, gondos odafigyel\u00e9ssel \u00e9s szeretettel.\n__________\n\n\ud83c\udf3fRendel\u00e9s\ud83c\udf3f\nA v\u00e1s\u00e1rl\u00e1s sor\u00e1n add meg a k\u00edv\u00e1nt nevet, d\u00e1tumot \u00e9s egy\u00e9b r\u00e9szleteket.\nEzut\u00e1n felveszem veled a kapcsolatot, hogy minden apr\u00f3 r\u00e9szlet pontosan olyan legyen, amilyennek meg\u00e1lmodtad.\ud83e\udef6\n\nRendeld meg b\u00e1tran, vagy ha k\u00e9rd\u00e9sed van, \u00edrj \u00fczenetet!\ud83e\udd70\ud83e\udd9d\ud83c\udf3f","price":"2790.00","unit":"db","recommended":"0","status":"1","sponsored":"0","exp_notify":"0","own_material":"0","own_material_description_old":null,"own_material_description":"","jury":"0","jury_number":"","product_nature":"","meskaracsony":"0","create_date":"2026-04-18 07:12:44","shelve_id":"0","image":"nettdesign2025_product_777880_260418064820_731936.png","image_width":"480","image_height":"480","image_alt":"Szem\u00e9lyre szabhat\u00f3 gyerekszoba falik\u00e9p - Mos\u00f3medve illusztr\u00e1ci\u00f3val, A legszebb terek nem csup\u00e1n eszt\u00e9tikusak, hanem t\u00f6rt\u00e9netet mes\u00e9lnek.\ud83c\udf3f\u2728\ufe0f\\n__________\\n\\nA finoman kidolg..., Meska","image_title":"Szem\u00e9lyre szabhat\u00f3 gyerekszoba falik\u00e9p - Mos\u00f3medve illusztr\u00e1ci\u00f3val, Meska","view_count":"16","favourite_count":"0","trending_score":"0","last2MonthFavouriteCount":"0","promotion":"0","giftcard_accept":"0","creditcard_accept":true,"enhanced_background":"0","domain":"meska","specific_customer_id":null,"specific_customer_name":null,"to_order_product":"1","to_order_product_time":"5","product_different":null,"product_different_description":"","vintage":"0","vintage_category_id":"0","recycled":"0","gemstone_id":"0","customizable":"1","type_category":"digital","zerowaste":"0","postage_price":"1290.00","shop_order":"0","has_category":"1","landing_pages":null,"microdata":{"number":20,"category":""},"title":"Szem\u00e9lyre szabhat\u00f3 gyerekszoba falik\u00e9p - Mos\u00f3medve illusztr\u00e1ci\u00f3val","description":"A legszebb terek nem csup\u00e1n eszt\u00e9tikusak, hanem t\u00f6rt\u00e9netet mes\u00e9lnek.\ud83c\udf3f\u2728\ufe0f\n__________\n\nA finoman kidolgozott, \u00e1gon kapaszkod\u00f3 mos\u00f3medv\u00e9s akvarell illusztr\u00e1ci\u00f3val k\u00e9sz\u00fclt falik\u00e9p egy igaz\u00e1n k\u00fcl\u00f6nleges dekor\u00e1ci\u00f3, amely melegs\u00e9get \u00e9s term\u00e9szetk\u00f6zeli hangulatot visz a gyerekszob\u00e1ba.\nL\u00e1gy sz\u00ednei \u00e9s kedves r\u00e9szletei nyugalmat \u00e1rasztanak, mik\u00f6zben j\u00e1t\u00e9kos b\u00e1jt csemp\u00e9sznek a t\u00e9rbe.\ud83e\udd0e\n\nLetisztult, skandin\u00e1v ihlet\u00e9s\u0171 megjelen\u00e9se id\u0151t\u00e1ll\u00f3 v\u00e1laszt\u00e1ss\u00e1 teszi, amely harmonikusan illeszkedik a modern, szeretettel berendezett enteri\u0151r\u00f6kbe.\n\n__________\n\nMinden darab egyedileg k\u00e9sz\u00fcl, \u00edgy nem csup\u00e1n dekor\u00e1ci\u00f3, hanem egy szem\u00e9lyes eml\u00e9k, amely hossz\u00fa \u00e9veken \u00e1t meg\u0151rzi jelent\u0151s\u00e9g\u00e9t.\ud83e\udef6\n\n\nSzem\u00e9lyre szab\u00e1s teljes szabads\u00e1ga!\ud83d\udca5\n\nA tervez\u00e9s sor\u00e1n lehet\u0151s\u00e9ged van arra, hogy a k\u00e9pet teljes m\u00e9rt\u00e9kben a saj\u00e1t elk\u00e9pzel\u00e9seidhez igaz\u00edtsd.\nA sz\u00f6veg szabadon m\u00f3dos\u00edthat\u00f3 \u2013 k\u00e9rhet\u0151 n\u00e9vvel, d\u00e1tummal, id\u00e9zettel vagy ak\u00e1r egy kedves \u00fczenettel.\nAz illusztr\u00e1ci\u00f3 elrendez\u00e9se is finoman alak\u00edthat\u00f3, \u00edgy egy igaz\u00e1n egyedi, hozz\u00e1tok ill\u0151 alkot\u00e1s sz\u00fcletik.\u2728\ufe0f\ud83c\udf3f\n\n__________\n\nEl\u00e9rhet\u0151 kivitelek \u00e9s \u00e1rak:\n\n\ud83e\udd9d Digit\u00e1lis v\u00e1ltozat\n\nE-mailben k\u00fcld\u00f6tt, magas felbont\u00e1s\u00fa f\u00e1jl, azonnali felhaszn\u00e1l\u00e1sra. Gyors, ak\u00e1r 48 \u00f3r\u00e1n bel\u00fcli elk\u00e9sz\u00edt\u00e9ssel.\n\n\ud83e\udd9d Pr\u00e9mium nyomtatott kivitel\n\nGondosan v\u00e1logatott, PR\u00c9MIUM 270 grammos pap\u00edron\nA\/4 \u00e9s A\/3 m\u00e9retben\n\n\ud83e\udd9d Keretezett, k\u00e9sz dekor\u00e1ci\u00f3\n\nAzonnal falra helyezhet\u0151, eleg\u00e1ns megjelen\u00e9s.\nV\u00e1laszthat\u00f3 fekete, feh\u00e9r vagy nat\u00far fa kerettel.\nIg\u00e9ny eset\u00e9n paszpartuval ell\u00e1tott nagy, 40\u00d750 cm-es extra l\u00e1tv\u00e1nyos kivitelben.\n\n__________\n\n\u2728\ufe0fElk\u00e9sz\u00edt\u00e9si id\u0151\u2728\ufe0f\n5\u201310 munkanap, gondos odafigyel\u00e9ssel \u00e9s szeretettel.\n__________\n\n\ud83c\udf3fRendel\u00e9s\ud83c\udf3f\nA v\u00e1s\u00e1rl\u00e1s sor\u00e1n add meg a k\u00edv\u00e1nt nevet, d\u00e1tumot \u00e9s egy\u00e9b r\u00e9szleteket.\nEzut\u00e1n felveszem veled a kapcsolatot, hogy minden apr\u00f3 r\u00e9szlet pontosan olyan legyen, amilyennek meg\u00e1lmodtad.\ud83e\udef6\n\nRendeld meg b\u00e1tran, vagy ha k\u00e9rd\u00e9sed van, \u00edrj \u00fczenetet!\ud83e\udd70\ud83e\udd9d\ud83c\udf3f","score":0,"formatted_price":"2 790 Ft","image_url":"https:\/\/www.meska.hu\/img\/product\/small\/n\/e\/nettdesign2025_product_777880_260418064820_731936.png","formatted_url":"https:\/\/www.meska.hu\/p5774164-szemelyre-szabhato-gyerekszoba-falikep-mosomedve-illusztracioval","favourite":false,"in_stock":false,"avatar":"777880_avatar_1773874503.png","delete_from":0,"is_enhanced_background":false,"is_enhanced":false,"product_selection_started":false,"is_active":true,"image_webp_url":"https:\/\/www.meska.hu\/img\/product\/small\/n\/e\/nettdesign2025_product_777880_260418064820_731936.webp"},{"id":"6187087","shop_id":"52266","user_id":"777880","shop_name":"NettDesign2025","shop_zip":"4090","product_code":"5774060","product_name_old":null,"product_name":"Szem\u00e9lyre szabhat\u00f3 gyerekszoba falik\u00e9p - Lajh\u00e1r illusztr\u00e1ci\u00f3val","category_string":"Baba - mama, Babaszoba dekor\u00e1ci\u00f3, Babaposzter","technic_string":"Fot\u00f3, grafika, rajz, illusztr\u00e1ci\u00f3","category_1":"1735","category_2":"1466","category_3":"1759","category_4":"0","merged_category_1":null,"merged_category_2":null,"merged_category_3":null,"technic_1":"483","technic_2":"0","technic_3":"0","color_1":"514","color_2":"519","color_3":"0","product_description_old":null,"product_description":"A legszebb terek nem csup\u00e1n berendezettek - hanem t\u00f6rt\u00e9netet mes\u00e9lnek.\ud83c\udf3f\u2728\ufe0f\n\n__________\n\nA finoman kidolgozott lajh\u00e1ros aquarell illusztr\u00e1ci\u00f3val k\u00e9sz\u00fclt falik\u00e9p egy olyan k\u00fcl\u00f6nleges dekor\u00e1ci\u00f3, amely eleganci\u00e1t \u00e9s meghitts\u00e9get visz a gyerekszob\u00e1ba.\nLetisztult, term\u00e9szetk\u00f6zeli meg|elen\u00e9se id\u0151t\u00e1ll\u00f3 v\u00e1laszt\u00e1ss\u00e1 teszi, amely harmonikusan illeszkedik a modern, ig\u00e9nyesen kialak\u00edtott enteri\u0151r\u00f6kbe.\ud83e\udd0e\n\n__________\n\nMinden darab egyedileg k\u00e9sz\u00fcl, \u00edgy nem csup\u00e1n dekor\u00e1ci\u00f3, hanem egy szem\u00e9lyes eml\u00e9k, amely hossz\u00fa \u00e9veken \u00e1t meg\u0151rzl jelent\u0151s\u00e9g\u00e9t.\ud83e\udef6\n\nSzem\u00e9lyre szab\u00e1s teljes szabads\u00e1ga!\ud83d\udca5\n\nA tervez\u00e9s sor\u00e1n lehet\u0151s\u00e9ged van arra, hogy a k\u00e9pet teljes m\u00e9rt\u00e9kben a saj\u00e1t\nelk\u00e9pzel\u00e9seidhez igaz\u00edtsd.\nA sz\u00f6veg, szabadon m\u00f3dos\u00edthat\u00f3.\nK\u00e9rhet\u0151 n\u00e9vvel, d\u00e1tummal, id\u00e9zettel vagy egyedi \u00fczenettel.\nAz illusztr\u00e1ci\u00f3 m\u00e9rete is ig\u00e9ny szerint finoman alak\u00edthat\u00f3, ez\u00e1ltal \negy olyan kompoz\u00edci\u00f3 sz\u00fcletik, amely val\u00f3ban hozz\u00e1d \u00e9s gyermeked vil\u00e1g\u00e1hoz illeszkedik.\u2728\ufe0f\ud83c\udf3f\n\n__________\n\n\ud83d\udd05El\u00e9rhet\u0151 klvitelek \u00e9s \u00e1rak:\n\n\ud83d\udd38\ufe0fDigit\u00e1lis v\u00e1ltozat\nE-mail c\u00edmre k\u00fcldve, magas felbont\u00e1s\u00fa f\u00e1jl, azonnali felhaszn\u00e1l\u00e1sra. Gyors, 48 \u00f3r\u00e1n bel\u00fcl megkapod.\n\n\ud83d\udd38\ufe0fPr\u00e9mium nyomtatott kivitel\nGondosan v\u00e1logatott, PR\u00c9MIUM 270 grammos Canvas pap\u00edron\nA\/4 \u00e9s A\/3 m\u00e9retben\n\n\ud83d\udd38\ufe0fKeretezett, k\u00e9sz dekor\u00e1ci\u00f3\nAzonnal falra helyezhet\u0151, eleg\u00e1ns megjelen\u00e9s, \u00e1ltalad v\u00e1lasztott fekete, feh\u00e9r, fa kerettel \u00e9s m\u00e9retben. Lehet\u0151s\u00e9ged van \u00f3ri\u00e1s, Paszparguval ell\u00e1tott keretetben is k\u00e9rni a posztered, mely t\u00e9nyleg a gyerekszoba \u00e9ke lehet.\n\n__________\n\n\ud83c\udf88V\u00e1laszd k\u00fcl\u00f6nleges alkalmakra,\na falik\u00e9p kifinomult, egyedi aj\u00e1nd\u00e9kv\u00e1laszt\u00e1s lehet:\ud83c\udf89\n\n\ud83c\udf88babav\u00e1r\u00f3ra\n\ud83c\udf88\u00fajsz\u00fclott \u00e9rkez\u00e9s\u00e9re\n\ud83c\udf88els\u0151 sz\u00fclet\u00e9snapra\n\n__________\n\n\u2728\ufe0fElk\u00e9sz\u00edt\u00e9si id\u0151\u2728\ufe0f\n 5-10 munkanap, gondos odafigyel\u00e9ssel, szeretettel\n\n__________\n\n\ud83c\udf3fRendel\u00e9s\ud83c\udf3f\nA v\u00e1s\u00e1rl\u00e1s sor\u00e1n add meg a k\u00edv\u00e1nt sz\u00f6veget, adatokat \u00e9s a tov\u00e1bbi r\u00e9szleteket amit szeretn\u00e9l. Ezut\u00e1n megkereslek \u00e9s\negyeztet\u00fcnk, hogy a v\u00e9geredm\u00e9ny minden apr\u00f3 r\u00e9szlet\u00e9ben t\u00f6k\u00e9letes\nlegyen.\ud83e\udef6\n\nRendeld meg b\u00e1tran, vagy ha k\u00e9rd\u00e9sed van, keress \u00fczenetben!\ud83e\udd70\ud83e\udda5\ud83c\udf3f","price":"2790.00","unit":"db","recommended":"0","status":"1","sponsored":"0","exp_notify":"0","own_material":"0","own_material_description_old":null,"own_material_description":"","jury":"0","jury_number":"","product_nature":"","meskaracsony":"0","create_date":"2026-04-17 18:56:19","shelve_id":"0","image":"nettdesign2025_product_777880_260417175622_75078.png","image_width":"480","image_height":"480","image_alt":"Szem\u00e9lyre szabhat\u00f3 gyerekszoba falik\u00e9p - Lajh\u00e1r illusztr\u00e1ci\u00f3val, A legszebb terek nem csup\u00e1n berendezettek - hanem t\u00f6rt\u00e9netet mes\u00e9lnek.\ud83c\udf3f\u2728\ufe0f\\n\\n__________\\n\\nA finoman kid..., Meska","image_title":"Szem\u00e9lyre szabhat\u00f3 gyerekszoba falik\u00e9p - Lajh\u00e1r illusztr\u00e1ci\u00f3val, Meska","view_count":"15","favourite_count":"0","trending_score":"0","last2MonthFavouriteCount":"0","promotion":"0","giftcard_accept":"0","creditcard_accept":true,"enhanced_background":"0","domain":"meska","specific_customer_id":null,"specific_customer_name":null,"to_order_product":"1","to_order_product_time":"5","product_different":null,"product_different_description":"","vintage":"0","vintage_category_id":"0","recycled":"0","gemstone_id":"0","customizable":"1","type_category":"digital","zerowaste":"0","postage_price":"1290.00","shop_order":"0","has_category":"1","landing_pages":null,"microdata":{"number":21,"category":""},"title":"Szem\u00e9lyre szabhat\u00f3 gyerekszoba falik\u00e9p - Lajh\u00e1r illusztr\u00e1ci\u00f3val","description":"A legszebb terek nem csup\u00e1n berendezettek - hanem t\u00f6rt\u00e9netet mes\u00e9lnek.\ud83c\udf3f\u2728\ufe0f\n\n__________\n\nA finoman kidolgozott lajh\u00e1ros aquarell illusztr\u00e1ci\u00f3val k\u00e9sz\u00fclt falik\u00e9p egy olyan k\u00fcl\u00f6nleges dekor\u00e1ci\u00f3, amely eleganci\u00e1t \u00e9s meghitts\u00e9get visz a gyerekszob\u00e1ba.\nLetisztult, term\u00e9szetk\u00f6zeli meg|elen\u00e9se id\u0151t\u00e1ll\u00f3 v\u00e1laszt\u00e1ss\u00e1 teszi, amely harmonikusan illeszkedik a modern, ig\u00e9nyesen kialak\u00edtott enteri\u0151r\u00f6kbe.\ud83e\udd0e\n\n__________\n\nMinden darab egyedileg k\u00e9sz\u00fcl, \u00edgy nem csup\u00e1n dekor\u00e1ci\u00f3, hanem egy szem\u00e9lyes eml\u00e9k, amely hossz\u00fa \u00e9veken \u00e1t meg\u0151rzl jelent\u0151s\u00e9g\u00e9t.\ud83e\udef6\n\nSzem\u00e9lyre szab\u00e1s teljes szabads\u00e1ga!\ud83d\udca5\n\nA tervez\u00e9s sor\u00e1n lehet\u0151s\u00e9ged van arra, hogy a k\u00e9pet teljes m\u00e9rt\u00e9kben a saj\u00e1t\nelk\u00e9pzel\u00e9seidhez igaz\u00edtsd.\nA sz\u00f6veg, szabadon m\u00f3dos\u00edthat\u00f3.\nK\u00e9rhet\u0151 n\u00e9vvel, d\u00e1tummal, id\u00e9zettel vagy egyedi \u00fczenettel.\nAz illusztr\u00e1ci\u00f3 m\u00e9rete is ig\u00e9ny szerint finoman alak\u00edthat\u00f3, ez\u00e1ltal \negy olyan kompoz\u00edci\u00f3 sz\u00fcletik, amely val\u00f3ban hozz\u00e1d \u00e9s gyermeked vil\u00e1g\u00e1hoz illeszkedik.\u2728\ufe0f\ud83c\udf3f\n\n__________\n\n\ud83d\udd05El\u00e9rhet\u0151 klvitelek \u00e9s \u00e1rak:\n\n\ud83d\udd38\ufe0fDigit\u00e1lis v\u00e1ltozat\nE-mail c\u00edmre k\u00fcldve, magas felbont\u00e1s\u00fa f\u00e1jl, azonnali felhaszn\u00e1l\u00e1sra. Gyors, 48 \u00f3r\u00e1n bel\u00fcl megkapod.\n\n\ud83d\udd38\ufe0fPr\u00e9mium nyomtatott kivitel\nGondosan v\u00e1logatott, PR\u00c9MIUM 270 grammos Canvas pap\u00edron\nA\/4 \u00e9s A\/3 m\u00e9retben\n\n\ud83d\udd38\ufe0fKeretezett, k\u00e9sz dekor\u00e1ci\u00f3\nAzonnal falra helyezhet\u0151, eleg\u00e1ns megjelen\u00e9s, \u00e1ltalad v\u00e1lasztott fekete, feh\u00e9r, fa kerettel \u00e9s m\u00e9retben. Lehet\u0151s\u00e9ged van \u00f3ri\u00e1s, Paszparguval ell\u00e1tott keretetben is k\u00e9rni a posztered, mely t\u00e9nyleg a gyerekszoba \u00e9ke lehet.\n\n__________\n\n\ud83c\udf88V\u00e1laszd k\u00fcl\u00f6nleges alkalmakra,\na falik\u00e9p kifinomult, egyedi aj\u00e1nd\u00e9kv\u00e1laszt\u00e1s lehet:\ud83c\udf89\n\n\ud83c\udf88babav\u00e1r\u00f3ra\n\ud83c\udf88\u00fajsz\u00fclott \u00e9rkez\u00e9s\u00e9re\n\ud83c\udf88els\u0151 sz\u00fclet\u00e9snapra\n\n__________\n\n\u2728\ufe0fElk\u00e9sz\u00edt\u00e9si id\u0151\u2728\ufe0f\n 5-10 munkanap, gondos odafigyel\u00e9ssel, szeretettel\n\n__________\n\n\ud83c\udf3fRendel\u00e9s\ud83c\udf3f\nA v\u00e1s\u00e1rl\u00e1s sor\u00e1n add meg a k\u00edv\u00e1nt sz\u00f6veget, adatokat \u00e9s a tov\u00e1bbi r\u00e9szleteket amit szeretn\u00e9l. Ezut\u00e1n megkereslek \u00e9s\negyeztet\u00fcnk, hogy a v\u00e9geredm\u00e9ny minden apr\u00f3 r\u00e9szlet\u00e9ben t\u00f6k\u00e9letes\nlegyen.\ud83e\udef6\n\nRendeld meg b\u00e1tran, vagy ha k\u00e9rd\u00e9sed van, keress \u00fczenetben!\ud83e\udd70\ud83e\udda5\ud83c\udf3f","score":0,"formatted_price":"2 790 Ft","image_url":"https:\/\/www.meska.hu\/img\/product\/small\/n\/e\/nettdesign2025_product_777880_260417175622_75078.png","formatted_url":"https:\/\/www.meska.hu\/p5774060-szemelyre-szabhato-gyerekszoba-falikep-lajhar-illusztracioval","favourite":false,"in_stock":false,"avatar":"777880_avatar_1773874503.png","delete_from":0,"is_enhanced_background":false,"is_enhanced":false,"product_selection_started":false,"is_active":true,"image_webp_url":"https:\/\/www.meska.hu\/img\/product\/small\/n\/e\/nettdesign2025_product_777880_260417175622_75078.webp"},{"id":"3432566","shop_id":"31438","user_id":"400253","shop_name":"KataLineDesign","shop_zip":"535600","product_code":"4161955","product_name_old":null,"product_name":"Keretezett els\u0151 sz\u00fclet\u00e9snapi babaposzter \u00e1llatk\u00e1s illusztr\u00e1ci\u00f3kal","category_string":"Baba - mama, Babaposzter, Babaszoba dekor\u00e1ci\u00f3","technic_string":"Fot\u00f3, grafika, rajz, illusztr\u00e1ci\u00f3","category_1":"1735","category_2":"1759","category_3":"1466","category_4":"0","merged_category_1":null,"merged_category_2":null,"merged_category_3":null,"technic_1":"483","technic_2":"0","technic_3":"0","color_1":"519","color_2":"0","color_3":"0","product_description_old":null,"product_description":"Egyedi tervez\u00e9s\u0171, n\u00e9vre sz\u00f3l\u00f3 babaposzter. Saj\u00e1t adatokkal A3 m\u00e9retben, \u0151zik\u00e9s illusztr\u00e1ci\u00f3val, feh\u00e9r kerettel.\n\nEgy csal\u00e1d \u00e9let\u00e9ben rendk\u00edv\u00fcl fontos \u00e9s eml\u00e9kezetes esem\u00e9ny, amikor kisbaba sz\u00fcletik. Ezt az esem\u00e9nyt minden sz\u00fcl\u0151 szeretn\u00e9 maradand\u00f3v\u00e1 \u00e9s m\u00e9g eml\u00e9kezetesebb\u00e9 tenni f\u00e9nyk\u00e9pekkel, vide\u00f3kkal. Viszont a baba sz\u00fclet\u00e9s\u00e9nek k\u00f6r\u00fclm\u00e9nyei \u00e9s sz\u00fclet\u00e9si adatai is sz\u00e9p eml\u00e9kk\u00e9 v\u00e1lhatnak. Ehhez ny\u00fajtunk seg\u00edts\u00e9get neked, hogy ezek az adatok egy sz\u00e9p \u00e9s m\u00e9lt\u00f3 eml\u00e9kk\u00e9 v\u00e1lhassanak az otthon fal\u00e1n.\n\nA babaposzterehez a szem\u00e9lyes adatokat emailen kell elk\u00fcldened az info@katalinedesign.com cimre\nA k\u00e9p 240g-os matt pr\u00e9mium m\u0171v\u00e9szpap\u00edrra nyomtatva k\u00e9sz\u00fcl.\nA k\u00e9pkeret anyaga fa, sz\u00edne feh\u00e9r, m\u00e9rete A3","price":"5400.00","unit":"db","recommended":"0","status":"1","sponsored":"0","exp_notify":"0","own_material":"0","own_material_description_old":null,"own_material_description":"","jury":"0","jury_number":"","product_nature":"","meskaracsony":"0","create_date":"2026-04-15 16:03:27","shelve_id":"0","image":"katalinedesign_product_400253_210526143208_137789.jpeg","image_width":"480","image_height":"480","image_alt":"Keretezett els\u0151 sz\u00fclet\u00e9snapi babaposzter \u00e1llatk\u00e1s illusztr\u00e1ci\u00f3kal, Egyedi tervez\u00e9s\u0171, n\u00e9vre sz\u00f3l\u00f3 babaposzter. Saj\u00e1t adatokkal A3 m\u00e9retben, \u0151zik\u00e9s illusztr\u00e1ci\u00f3val, feh\u00e9..., Meska","image_title":"Keretezett els\u0151 sz\u00fclet\u00e9snapi babaposzter \u00e1llatk\u00e1s illusztr\u00e1ci\u00f3kal, Meska","view_count":"1493","favourite_count":"0","trending_score":"0","last2MonthFavouriteCount":"0","promotion":"0","giftcard_accept":"0","creditcard_accept":false,"enhanced_background":"0","domain":"meska","specific_customer_id":null,"specific_customer_name":null,"to_order_product":"1","to_order_product_time":"3","product_different":"different","product_different_description":"n\u00e9v \u00e9s sz\u00fclet\u00e9si adatok","vintage":"0","vintage_category_id":"0","recycled":"0","gemstone_id":"0","customizable":"1","type_category":"physical","zerowaste":"0","postage_price":"1900.00","shop_order":"0","has_category":"1","landing_pages":null,"microdata":{"number":22,"category":""},"title":"Keretezett els\u0151 sz\u00fclet\u00e9snapi babaposzter \u00e1llatk\u00e1s illusztr\u00e1ci\u00f3kal","description":"Egyedi tervez\u00e9s\u0171, n\u00e9vre sz\u00f3l\u00f3 babaposzter. Saj\u00e1t adatokkal A3 m\u00e9retben, \u0151zik\u00e9s illusztr\u00e1ci\u00f3val, feh\u00e9r kerettel.\n\nEgy csal\u00e1d \u00e9let\u00e9ben rendk\u00edv\u00fcl fontos \u00e9s eml\u00e9kezetes esem\u00e9ny, amikor kisbaba sz\u00fcletik. Ezt az esem\u00e9nyt minden sz\u00fcl\u0151 szeretn\u00e9 maradand\u00f3v\u00e1 \u00e9s m\u00e9g eml\u00e9kezetesebb\u00e9 tenni f\u00e9nyk\u00e9pekkel, vide\u00f3kkal. Viszont a baba sz\u00fclet\u00e9s\u00e9nek k\u00f6r\u00fclm\u00e9nyei \u00e9s sz\u00fclet\u00e9si adatai is sz\u00e9p eml\u00e9kk\u00e9 v\u00e1lhatnak. Ehhez ny\u00fajtunk seg\u00edts\u00e9get neked, hogy ezek az adatok egy sz\u00e9p \u00e9s m\u00e9lt\u00f3 eml\u00e9kk\u00e9 v\u00e1lhassanak az otthon fal\u00e1n.\n\nA babaposzterehez a szem\u00e9lyes adatokat emailen kell elk\u00fcldened az info@katalinedesign.com cimre\nA k\u00e9p 240g-os matt pr\u00e9mium m\u0171v\u00e9szpap\u00edrra nyomtatva k\u00e9sz\u00fcl.\nA k\u00e9pkeret anyaga fa, sz\u00edne feh\u00e9r, m\u00e9rete A3","score":0,"formatted_price":"5 400 Ft","image_url":"https:\/\/www.meska.hu\/img\/product\/small\/k\/a\/katalinedesign_product_400253_210526143208_137789.jpeg","formatted_url":"https:\/\/www.meska.hu\/p4161955-keretezett-elso-szuletesnapi-babaposzter-allatkas-illusztraciokal","favourite":false,"in_stock":false,"avatar":"KataLineDesign_avatar_400253_1605440815.jpg","delete_from":0,"is_enhanced_background":false,"is_enhanced":false,"product_selection_started":false,"is_active":true,"image_webp_url":"https:\/\/www.meska.hu\/img\/product\/small\/k\/a\/katalinedesign_product_400253_210526143208_137789.webp"},{"id":"5808000","shop_id":"47960","user_id":"702930","shop_name":"VICREADesign","shop_zip":"8372","product_code":"5561858","product_name_old":null,"product_name":"\"A nap, amikor az apuk\u00e1m lett\u00e9l\" eml\u00e9kposzter- Szem\u00e9lyre szabhat\u00f3 aj\u00e1nd\u00e9k Ap\u00e1k napj\u00e1ra","category_string":"Baba - mama, Babaszoba dekor\u00e1ci\u00f3, Babaposzter","technic_string":"Fot\u00f3, grafika, rajz, illusztr\u00e1ci\u00f3","category_1":"1735","category_2":"1466","category_3":"1759","category_4":"0","merged_category_1":null,"merged_category_2":null,"merged_category_3":null,"technic_1":"483","technic_2":"0","technic_3":"0","color_1":"519","color_2":"521","color_3":"527","product_description_old":null,"product_description":"Szem\u00e9lyre szabhat\u00f3 baba poszter \u2013 \"A nap, amikor az apuk\u00e1m lett\u00e9l\"\nEgyedi, sz\u00edvhez sz\u00f3l\u00f3 eml\u00e9k az ap\u00e1v\u00e1 v\u00e1l\u00e1s pillanat\u00e1r\u00f3l\n\nEz a letisztult, minimalista st\u00edlus\u00fa poszter t\u00f6k\u00e9letes aj\u00e1nd\u00e9k \u00fajdons\u00fclt apuk\u00e1knak. Meg\u00f6r\u00f6k\u00edti a legfontosabb adatokat \u2013 a baba sz\u00fclet\u00e9s\u00e9nek d\u00e1tum\u00e1t, s\u00faly\u00e1t, hossz\u00e1t, sz\u00fclet\u00e9si idej\u00e9t \u2013 valamint helyet biztos\u00edt k\u00e9t kedvenc k\u00f6z\u00f6s fot\u00f3 sz\u00e1m\u00e1ra.\n\nA poszter tartalma:\n\u2714\ufe0fA sz\u00fclet\u00e9s h\u00f3napja \u00e9s pontos d\u00e1tuma napt\u00e1r form\u00e1ban\n\u2714\ufe0fA baba s\u00falya \u00e9s hossza ikonokkal\n\u2714\ufe0fSz\u00fclet\u00e9si id\u0151 \u00f3ra \u00e9s digit\u00e1lis form\u00e1tumban\n\u2714\ufe0fK\u00e9t fot\u00f3 az apuk\u00e1val (vagy ig\u00e9ny szerint a csal\u00e1ddal\/bab\u00e1val)\n\u2714\ufe0fFelirat: \u201eA nap, amikor az apuk\u00e1m lett\u00e9l.\u201d\n\nSzem\u00e9lyre szabhat\u00f3 adatok:\n\u2714\ufe0fBaba neve (ha szeretn\u00e9d, elhelyezz\u00fck a k\u00e9pre)\n\u2714\ufe0fSz\u00fclet\u00e9si d\u00e1tum\n\u2714\ufe0fId\u0151pont\n\u2714\ufe0fS\u00faly, hossz\n\u2714\ufe0fFot\u00f3k (k\u00e9rlek, j\u00f3 min\u0151s\u00e9g\u0171 k\u00e9pet k\u00fcldj)\n\u2714\ufe0fSz\u00ednek (Ig\u00e9ny szerint m\u00f3dos\u00edthat\u00f3)\n\nT\u00f6k\u00e9letes aj\u00e1nd\u00e9k, ha valami igaz\u00e1n k\u00fcl\u00f6nlegeset keresel:\n\u2714\ufe0fAp\u00e1k napj\u00e1ra\n\u2714\ufe0fSz\u00fclet\u00e9snapra\n\u2714\ufe0fKar\u00e1csonyra\n\u2714\ufe0fVagy b\u00e1rmikor, amikor szeretn\u00e9d elmondani, hogyfontos nektek!\n\n\nFontos! A k\u00e9pen l\u00e1that\u00f3 keret illusztr\u00e1ci\u00f3, a rendel\u00e9shez v\u00e1laszd ki a neked tetsz\u0151 v\u00e1ltozatot!\n\nHogyan m\u0171k\u00f6dik?\n1\ufe0f\u20e3 V\u00e1s\u00e1rl\u00e1s ut\u00e1n \u00fczenetben felveszem veled a kapcsolatot, hogy egyeztess\u00fck a sz\u00fcks\u00e9ges inform\u00e1ci\u00f3kat.\n2\ufe0f\u20e3 1 napon bel\u00fcl elk\u00e9sz\u00edtem a l\u00e1tv\u00e1nytervet, amelyet egyszer van lehet\u0151s\u00e9g m\u00f3dos\u00edtani.\n3\ufe0f\u20e3A v\u00e9gleges verzi\u00f3t az \u00e1ltalad v\u00e1lasztott form\u00e1ban kapod meg:\n\n\u2714\ufe0f Digit\u00e1lis rendel\u00e9s eset\u00e9n nagy felbont\u00e1s\u00fa PDF form\u00e1tumban e-mailben \nElk\u00e9sz\u00edt\u00e9si id\u0151: 1-2 munkanap (Adatok be\u00e9rkez\u00e9s\u00e9t\u0151l sz\u00e1m\u00edtva)\n\u2714\ufe0f Nyomtatott, k\u00e9pkeretes verzi\u00f3ban post\u00e1zva\nElk\u00e9sz\u00edt\u00e9si id\u0151: 5-6 munkanap (Adatok be\u00e9rkez\u00e9s\u00e9t\u0151l sz\u00e1m\u00edtva)\n\nT\u00f6k\u00e9letes dekor\u00e1ci\u00f3, egyedi aj\u00e1nd\u00e9k \u00e9s garant\u00e1ltan mosolyt csal az arcokra!\n\nTedd m\u00e9g k\u00fcl\u00f6nlegesebb\u00e9 az Ap\u00e1k  napj\u00e1t ezzel az egyedi aj\u00e1nd\u00e9kkal! ","price":"2790.00","unit":"db","recommended":"0","status":"1","sponsored":"0","exp_notify":"0","own_material":"0","own_material_description_old":null,"own_material_description":"","jury":"0","jury_number":"","product_nature":"","meskaracsony":"0","create_date":"2026-04-14 18:54:37","shelve_id":"0","image":"vicreadesign_product_702930_250602072150_5179100.jpeg","image_width":"480","image_height":"480","image_alt":"\\\"A nap, amikor az apuk\u00e1m lett\u00e9l\\\" eml\u00e9kposzter- Szem\u00e9lyre szabhat\u00f3 aj\u00e1nd\u00e9k Ap\u00e1k napj\u00e1ra, Szem\u00e9lyre szabhat\u00f3 baba poszter \u2013 \\\"A nap, amikor az apuk\u00e1m lett\u00e9l\\\"\\nEgyedi, sz\u00edvhez sz\u00f3l\u00f3 eml\u00e9k az ap..., Meska","image_title":"\\\"A nap, amikor az apuk\u00e1m lett\u00e9l\\\" eml\u00e9kposzter- Szem\u00e9lyre szabhat\u00f3 aj\u00e1nd\u00e9k Ap\u00e1k napj\u00e1ra, Meska","view_count":"570","favourite_count":"0","trending_score":"0","last2MonthFavouriteCount":"0","promotion":"0","giftcard_accept":"0","creditcard_accept":true,"enhanced_background":"0","domain":"meska","specific_customer_id":null,"specific_customer_name":null,"to_order_product":"1","to_order_product_time":"2","product_different":null,"product_different_description":"","vintage":"0","vintage_category_id":"0","recycled":"0","gemstone_id":"0","customizable":"0","type_category":"digital","zerowaste":"0","postage_price":"1290.00","shop_order":"0","has_category":"1","landing_pages":null,"microdata":{"number":23,"category":""},"title":"\"A nap, amikor az apuk\u00e1m lett\u00e9l\" eml\u00e9kposzter- Szem\u00e9lyre szabhat\u00f3 aj\u00e1nd\u00e9k Ap\u00e1k napj\u00e1ra","description":"Szem\u00e9lyre szabhat\u00f3 baba poszter \u2013 \"A nap, amikor az apuk\u00e1m lett\u00e9l\"\nEgyedi, sz\u00edvhez sz\u00f3l\u00f3 eml\u00e9k az ap\u00e1v\u00e1 v\u00e1l\u00e1s pillanat\u00e1r\u00f3l\n\nEz a letisztult, minimalista st\u00edlus\u00fa poszter t\u00f6k\u00e9letes aj\u00e1nd\u00e9k \u00fajdons\u00fclt apuk\u00e1knak. Meg\u00f6r\u00f6k\u00edti a legfontosabb adatokat \u2013 a baba sz\u00fclet\u00e9s\u00e9nek d\u00e1tum\u00e1t, s\u00faly\u00e1t, hossz\u00e1t, sz\u00fclet\u00e9si idej\u00e9t \u2013 valamint helyet biztos\u00edt k\u00e9t kedvenc k\u00f6z\u00f6s fot\u00f3 sz\u00e1m\u00e1ra.\n\nA poszter tartalma:\n\u2714\ufe0fA sz\u00fclet\u00e9s h\u00f3napja \u00e9s pontos d\u00e1tuma napt\u00e1r form\u00e1ban\n\u2714\ufe0fA baba s\u00falya \u00e9s hossza ikonokkal\n\u2714\ufe0fSz\u00fclet\u00e9si id\u0151 \u00f3ra \u00e9s digit\u00e1lis form\u00e1tumban\n\u2714\ufe0fK\u00e9t fot\u00f3 az apuk\u00e1val (vagy ig\u00e9ny szerint a csal\u00e1ddal\/bab\u00e1val)\n\u2714\ufe0fFelirat: \u201eA nap, amikor az apuk\u00e1m lett\u00e9l.\u201d\n\nSzem\u00e9lyre szabhat\u00f3 adatok:\n\u2714\ufe0fBaba neve (ha szeretn\u00e9d, elhelyezz\u00fck a k\u00e9pre)\n\u2714\ufe0fSz\u00fclet\u00e9si d\u00e1tum\n\u2714\ufe0fId\u0151pont\n\u2714\ufe0fS\u00faly, hossz\n\u2714\ufe0fFot\u00f3k (k\u00e9rlek, j\u00f3 min\u0151s\u00e9g\u0171 k\u00e9pet k\u00fcldj)\n\u2714\ufe0fSz\u00ednek (Ig\u00e9ny szerint m\u00f3dos\u00edthat\u00f3)\n\nT\u00f6k\u00e9letes aj\u00e1nd\u00e9k, ha valami igaz\u00e1n k\u00fcl\u00f6nlegeset keresel:\n\u2714\ufe0fAp\u00e1k napj\u00e1ra\n\u2714\ufe0fSz\u00fclet\u00e9snapra\n\u2714\ufe0fKar\u00e1csonyra\n\u2714\ufe0fVagy b\u00e1rmikor, amikor szeretn\u00e9d elmondani, hogyfontos nektek!\n\n\nFontos! A k\u00e9pen l\u00e1that\u00f3 keret illusztr\u00e1ci\u00f3, a rendel\u00e9shez v\u00e1laszd ki a neked tetsz\u0151 v\u00e1ltozatot!\n\nHogyan m\u0171k\u00f6dik?\n1\ufe0f\u20e3 V\u00e1s\u00e1rl\u00e1s ut\u00e1n \u00fczenetben felveszem veled a kapcsolatot, hogy egyeztess\u00fck a sz\u00fcks\u00e9ges inform\u00e1ci\u00f3kat.\n2\ufe0f\u20e3 1 napon bel\u00fcl elk\u00e9sz\u00edtem a l\u00e1tv\u00e1nytervet, amelyet egyszer van lehet\u0151s\u00e9g m\u00f3dos\u00edtani.\n3\ufe0f\u20e3A v\u00e9gleges verzi\u00f3t az \u00e1ltalad v\u00e1lasztott form\u00e1ban kapod meg:\n\n\u2714\ufe0f Digit\u00e1lis rendel\u00e9s eset\u00e9n nagy felbont\u00e1s\u00fa PDF form\u00e1tumban e-mailben \nElk\u00e9sz\u00edt\u00e9si id\u0151: 1-2 munkanap (Adatok be\u00e9rkez\u00e9s\u00e9t\u0151l sz\u00e1m\u00edtva)\n\u2714\ufe0f Nyomtatott, k\u00e9pkeretes verzi\u00f3ban post\u00e1zva\nElk\u00e9sz\u00edt\u00e9si id\u0151: 5-6 munkanap (Adatok be\u00e9rkez\u00e9s\u00e9t\u0151l sz\u00e1m\u00edtva)\n\nT\u00f6k\u00e9letes dekor\u00e1ci\u00f3, egyedi aj\u00e1nd\u00e9k \u00e9s garant\u00e1ltan mosolyt csal az arcokra!\n\nTedd m\u00e9g k\u00fcl\u00f6nlegesebb\u00e9 az Ap\u00e1k  napj\u00e1t ezzel az egyedi aj\u00e1nd\u00e9kkal! ","score":0,"formatted_price":"2 790 Ft","image_url":"https:\/\/www.meska.hu\/img\/product\/small\/v\/i\/vicreadesign_product_702930_250602072150_5179100.jpeg","formatted_url":"https:\/\/www.meska.hu\/p5561858-a-nap-amikor-az-apukam-lettel-emlekposzter-szemelyre-szabhato-ajandek-apak-napjara","favourite":false,"in_stock":false,"avatar":"702930_avatar_1741901247.png","delete_from":0,"is_enhanced_background":false,"is_enhanced":false,"product_selection_started":false,"is_active":true,"image_webp_url":"https:\/\/www.meska.hu\/img\/product\/small\/v\/i\/vicreadesign_product_702930_250602072150_5179100.webp"},{"id":"5708186","shop_id":"47960","user_id":"702930","shop_name":"VICREADesign","shop_zip":"8372","product_code":"5505917","product_name_old":null,"product_name":"H\u00fasv\u00e9ti l\u00e1blenyomatos poszter!","category_string":"Baba - mama, Babaszoba dekor\u00e1ci\u00f3, Babaposzter","technic_string":"Fot\u00f3, grafika, rajz, illusztr\u00e1ci\u00f3","category_1":"1735","category_2":"1466","category_3":"1759","category_4":"0","merged_category_1":null,"merged_category_2":null,"merged_category_3":null,"technic_1":"483","technic_2":"0","technic_3":"0","color_1":"515","color_2":"521","color_3":"525","product_description_old":null,"product_description":"Tedd felejthetetlenn\u00e9 kisbab\u00e1d\/gyermeked h\u00fasv\u00e9tj\u00e1t ezzel a k\u00fcl\u00f6nleges, k\u00e9zzel k\u00e9sz\u00fclt eml\u00e9klappal! A nyuszi arc\u00e1t a baba\/gyermek saj\u00e1t l\u00e1blenyomata teszi igaz\u00e1n egyediv\u00e9, \u00edgy egy meghat\u00f3 \u00e9s szem\u00e9lyes eml\u00e9k marad.\n\nMit tartalmaz ?\nPDF f\u00e1jl (alap\u00e1r) \u2013 saj\u00e1t nyomtat\u00e1sra.\nNyomtatott poszter opci\u00f3 \u2013 k\u00e9rhet\u0151 fekete, feh\u00e9r vagy fahat\u00e1s\u00fa k\u00e9pkeretben (fel\u00e1r ellen\u00e9ben).\n\nM\u00e9ret: A4 \n\nHogyan k\u00e9sz\u00fcl?\nA poszter egy digit\u00e1lisan k\u00fcld\u00f6tt vagy el\u0151re nyomtatott, eleg\u00e1ns grafik\u00e1val ell\u00e1tott lap, amelyet baba- vagy gyermekbar\u00e1t fest\u00e9kkel otthon lehet kieg\u00e9sz\u00edteni a gyermek l\u00e1blenyomat\u00e1val \u2013 \u00edgy v\u00e1lik igaz\u00e1n egyediv\u00e9 \u00e9s szem\u00e9lyess\u00e9! (A fest\u00e9k nem tartoz\u00e9k.)\n\n\u2714\ufe0f Digit\u00e1lis rendel\u00e9s eset\u00e9n nagy felbont\u00e1s\u00fa PDF form\u00e1tumban e-mailben\nElk\u00e9sz\u00edt\u00e9si id\u0151: 1-2 munkanap (Adatok be\u00e9rkez\u00e9s\u00e9t\u0151l sz\u00e1m\u00edtva)\n\u2714\ufe0f Nyomtatott, k\u00e9pkeretes verzi\u00f3ban post\u00e1zva\nElk\u00e9sz\u00edt\u00e9si id\u0151: 5-6 munkanap (Adatok be\u00e9rkez\u00e9s\u00e9t\u0151l sz\u00e1m\u00edtva)\n\nFontos inform\u00e1ci\u00f3:\nV\u00e1s\u00e1rl\u00e1s ut\u00e1n \u00fczenetben felveszem veled a kapcsolatot, hogy fi\u00fas vagy l\u00e1nyos verzi\u00f3t szeretn\u00e9l. \n\nTedd eml\u00e9kezetess\u00e9 a k\u00fcl\u00f6nleges pillanatokat ezzel a kedves \u00e9s szem\u00e9lyre szabott aj\u00e1nd\u00e9kkal! \n\n T\u00f6k\u00e9letes aj\u00e1nd\u00e9k:\n\u2013 Nagysz\u00fcl\u0151knek, d\u00e9dsz\u00fcl\u0151knek, keresztsz\u00fcl\u0151knek\n\u2013 Saj\u00e1t kisbab\u00e1d els\u0151 h\u00fasv\u00e9ti eml\u00e9kek\u00e9nt\n\u2013 Id\u0151t\u00e1ll\u00f3 d\u00edszk\u00e9nt a babaszob\u00e1ba","price":"1690.00","unit":"db","recommended":"0","status":"1","sponsored":"0","exp_notify":"0","own_material":"0","own_material_description_old":null,"own_material_description":"","jury":"0","jury_number":"","product_nature":"","meskaracsony":"0","create_date":"2026-04-05 18:36:52","shelve_id":"0","image":"vicreadesign_product_702930_250227131851_704997.jpeg","image_width":"480","image_height":"480","image_alt":"H\u00fasv\u00e9ti l\u00e1blenyomatos poszter!, Tedd felejthetetlenn\u00e9 kisbab\u00e1d\/gyermeked h\u00fasv\u00e9tj\u00e1t ezzel a k\u00fcl\u00f6nleges, k\u00e9zzel k\u00e9sz\u00fclt eml\u00e9klappal! A..., Meska","image_title":"H\u00fasv\u00e9ti l\u00e1blenyomatos poszter!, Meska","view_count":"563","favourite_count":"0","trending_score":"0","last2MonthFavouriteCount":"0","promotion":"0","giftcard_accept":"0","creditcard_accept":true,"enhanced_background":"0","domain":"meska","specific_customer_id":null,"specific_customer_name":null,"to_order_product":"1","to_order_product_time":"2","product_different":null,"product_different_description":"","vintage":"0","vintage_category_id":"0","recycled":"0","gemstone_id":"0","customizable":"0","type_category":"digital","zerowaste":"0","postage_price":"1290.00","shop_order":"0","has_category":"1","landing_pages":null,"microdata":{"number":24,"category":""},"title":"H\u00fasv\u00e9ti l\u00e1blenyomatos poszter!","description":"Tedd felejthetetlenn\u00e9 kisbab\u00e1d\/gyermeked h\u00fasv\u00e9tj\u00e1t ezzel a k\u00fcl\u00f6nleges, k\u00e9zzel k\u00e9sz\u00fclt eml\u00e9klappal! A nyuszi arc\u00e1t a baba\/gyermek saj\u00e1t l\u00e1blenyomata teszi igaz\u00e1n egyediv\u00e9, \u00edgy egy meghat\u00f3 \u00e9s szem\u00e9lyes eml\u00e9k marad.\n\nMit tartalmaz ?\nPDF f\u00e1jl (alap\u00e1r) \u2013 saj\u00e1t nyomtat\u00e1sra.\nNyomtatott poszter opci\u00f3 \u2013 k\u00e9rhet\u0151 fekete, feh\u00e9r vagy fahat\u00e1s\u00fa k\u00e9pkeretben (fel\u00e1r ellen\u00e9ben).\n\nM\u00e9ret: A4 \n\nHogyan k\u00e9sz\u00fcl?\nA poszter egy digit\u00e1lisan k\u00fcld\u00f6tt vagy el\u0151re nyomtatott, eleg\u00e1ns grafik\u00e1val ell\u00e1tott lap, amelyet baba- vagy gyermekbar\u00e1t fest\u00e9kkel otthon lehet kieg\u00e9sz\u00edteni a gyermek l\u00e1blenyomat\u00e1val \u2013 \u00edgy v\u00e1lik igaz\u00e1n egyediv\u00e9 \u00e9s szem\u00e9lyess\u00e9! (A fest\u00e9k nem tartoz\u00e9k.)\n\n\u2714\ufe0f Digit\u00e1lis rendel\u00e9s eset\u00e9n nagy felbont\u00e1s\u00fa PDF form\u00e1tumban e-mailben\nElk\u00e9sz\u00edt\u00e9si id\u0151: 1-2 munkanap (Adatok be\u00e9rkez\u00e9s\u00e9t\u0151l sz\u00e1m\u00edtva)\n\u2714\ufe0f Nyomtatott, k\u00e9pkeretes verzi\u00f3ban post\u00e1zva\nElk\u00e9sz\u00edt\u00e9si id\u0151: 5-6 munkanap (Adatok be\u00e9rkez\u00e9s\u00e9t\u0151l sz\u00e1m\u00edtva)\n\nFontos inform\u00e1ci\u00f3:\nV\u00e1s\u00e1rl\u00e1s ut\u00e1n \u00fczenetben felveszem veled a kapcsolatot, hogy fi\u00fas vagy l\u00e1nyos verzi\u00f3t szeretn\u00e9l. \n\nTedd eml\u00e9kezetess\u00e9 a k\u00fcl\u00f6nleges pillanatokat ezzel a kedves \u00e9s szem\u00e9lyre szabott aj\u00e1nd\u00e9kkal! \n\n T\u00f6k\u00e9letes aj\u00e1nd\u00e9k:\n\u2013 Nagysz\u00fcl\u0151knek, d\u00e9dsz\u00fcl\u0151knek, keresztsz\u00fcl\u0151knek\n\u2013 Saj\u00e1t kisbab\u00e1d els\u0151 h\u00fasv\u00e9ti eml\u00e9kek\u00e9nt\n\u2013 Id\u0151t\u00e1ll\u00f3 d\u00edszk\u00e9nt a babaszob\u00e1ba","score":0,"formatted_price":"1 690 Ft","image_url":"https:\/\/www.meska.hu\/img\/product\/small\/v\/i\/vicreadesign_product_702930_250227131851_704997.jpeg","formatted_url":"https:\/\/www.meska.hu\/p5505917-husveti-lablenyomatos-poszter","favourite":false,"in_stock":false,"avatar":"702930_avatar_1741901247.png","delete_from":0,"is_enhanced_background":false,"is_enhanced":false,"product_selection_started":false,"is_active":true,"image_webp_url":"https:\/\/www.meska.hu\/img\/product\/small\/v\/i\/vicreadesign_product_702930_250227131851_704997.webp"},{"id":"3462682","shop_id":"31288","user_id":"398004","shop_name":"panadesign","shop_zip":"2071","product_code":"4550342","product_name_old":null,"product_name":"Poszter, babaszoba k\u00e9p, falik\u00e9p szett, elef\u00e1ntos k\u00e9p, fi\u00fas poszter","category_string":"Baba - mama, Babaposzter, Babaszoba dekor\u00e1ci\u00f3","technic_string":"Fot\u00f3, grafika, rajz, illusztr\u00e1ci\u00f3","category_1":"1735","category_2":"1759","category_3":"1466","category_4":"0","merged_category_1":"0","merged_category_2":"0","merged_category_3":"785","technic_1":"483","technic_2":"0","technic_3":"0","color_1":"532","color_2":"0","color_3":"0","product_description_old":null,"product_description":"FIGYELEM: A TERM\u00c9K CSAK DIGIT\u00c1LISAN KER\u00dcL KIK\u00dcLD\u00c9SRE!\n\n3 k\u00e9pb\u0151l \u00e1ll\u00f3 babaszoba poszter, amelyik k\u00f6zep\u00e9n a gyermek neve \u00e9s annak kezd\u0151bet\u0171je tal\u00e1lhat\u00f3!\n\nK\u00e9rlek hogy a v\u00e1s\u00e1rl\u00e1s ut\u00e1n a k\u00e9rt nevet t\u00fcntesd fel a megjegyz\u00e9s mez\u0151ben.\n\nEzut\u00e1n elk\u00e9sz\u00edtem a posztert \u00e9s amint be\u00e9rkezett az \u00f6sszeg, elk\u00fcld\u00f6m neked a k\u00e9sz grafik\u00e1t egy kiv\u00e1l\u00f3 min\u0151s\u00e9g\u0171 nyomdai pdf-ben, melyet azonnal ki tudsz nyomtatni.\nA term\u00e9k m\u00e9rete: A4 (210x297 mm), k\u00e9rhet\u0151 m\u00e1s m\u00e9retben is.\n\nSzeretn\u00e9m felh\u00edvni a figyelmed, hogy a k\u00fcl\u00f6nb\u00f6z\u0151 laptopok\/mobiltelefonok a k\u00e9perny\u0151felbont\u00e1suk miatt elt\u00e9r\u0151 m\u00f3don reproduk\u00e1lhatj\u00e1k a sz\u00edneket, \u00edgy a v\u00e9gs\u0151 nyomtatott megjelen\u00e9s minim\u00e1lisan elt\u00e9r\u0151 lehet a k\u00e9perny\u0151n l\u00e1that\u00f3t\u00f3l!\n\nEz egy digit\u00e1lis pdf f\u00e1jl, \u00edgy term\u00e9szetesen nincs sz\u00e1ll\u00edt\u00e1si k\u00f6lts\u00e9g, ekkor a szem\u00e9lyes \u00e1tv\u00e9tel lehet\u0151s\u00e9get kell v\u00e1lasztani megrendel\u00e9skor. \n\nAmennyiben egyedi elk\u00e9pzel\u00e9sed lenne, keress bizalommal \u00fczenetben, igyekszem min\u00e9l el\u0151bb v\u00e1laszolni! :)","price":"4500.00","unit":"db","recommended":"0","status":"1","sponsored":"0","exp_notify":"0","own_material":"0","own_material_description_old":null,"own_material_description":"","jury":"0","jury_number":"","product_nature":"","meskaracsony":"0","create_date":"2026-04-05 00:32:26","shelve_id":"0","image":"panadesign_product_398004_220321125043_442282.jpeg","image_width":"480","image_height":"416","image_alt":"Poszter, babaszoba k\u00e9p, falik\u00e9p szett, elef\u00e1ntos k\u00e9p, fi\u00fas poszter, FIGYELEM: A TERM\u00c9K CSAK DIGIT\u00c1LISAN KER\u00dcL KIK\u00dcLD\u00c9SRE!\\n\\n3 k\u00e9pb\u0151l \u00e1ll\u00f3 babaszoba poszter, amelyik k\u00f6ze..., Meska","image_title":"Poszter, babaszoba k\u00e9p, falik\u00e9p szett, elef\u00e1ntos k\u00e9p, fi\u00fas poszter, Meska","view_count":"1827","favourite_count":"0","trending_score":"0","last2MonthFavouriteCount":"0","promotion":"0","giftcard_accept":"1","creditcard_accept":true,"enhanced_background":"0","domain":"meska","specific_customer_id":null,"specific_customer_name":null,"to_order_product":"1","to_order_product_time":"6","product_different":"quite_different","product_different_description":"nevek, d\u00e1tum","vintage":"0","vintage_category_id":"0","recycled":"0","gemstone_id":"0","customizable":"0","type_category":"digital","zerowaste":"0","postage_price":"0.00","shop_order":"0","has_category":"1","landing_pages":null,"microdata":{"number":25,"category":""},"title":"Poszter, babaszoba k\u00e9p, falik\u00e9p szett, elef\u00e1ntos k\u00e9p, fi\u00fas poszter","description":"FIGYELEM: A TERM\u00c9K CSAK DIGIT\u00c1LISAN KER\u00dcL KIK\u00dcLD\u00c9SRE!\n\n3 k\u00e9pb\u0151l \u00e1ll\u00f3 babaszoba poszter, amelyik k\u00f6zep\u00e9n a gyermek neve \u00e9s annak kezd\u0151bet\u0171je tal\u00e1lhat\u00f3!\n\nK\u00e9rlek hogy a v\u00e1s\u00e1rl\u00e1s ut\u00e1n a k\u00e9rt nevet t\u00fcntesd fel a megjegyz\u00e9s mez\u0151ben.\n\nEzut\u00e1n elk\u00e9sz\u00edtem a posztert \u00e9s amint be\u00e9rkezett az \u00f6sszeg, elk\u00fcld\u00f6m neked a k\u00e9sz grafik\u00e1t egy kiv\u00e1l\u00f3 min\u0151s\u00e9g\u0171 nyomdai pdf-ben, melyet azonnal ki tudsz nyomtatni.\nA term\u00e9k m\u00e9rete: A4 (210x297 mm), k\u00e9rhet\u0151 m\u00e1s m\u00e9retben is.\n\nSzeretn\u00e9m felh\u00edvni a figyelmed, hogy a k\u00fcl\u00f6nb\u00f6z\u0151 laptopok\/mobiltelefonok a k\u00e9perny\u0151felbont\u00e1suk miatt elt\u00e9r\u0151 m\u00f3don reproduk\u00e1lhatj\u00e1k a sz\u00edneket, \u00edgy a v\u00e9gs\u0151 nyomtatott megjelen\u00e9s minim\u00e1lisan elt\u00e9r\u0151 lehet a k\u00e9perny\u0151n l\u00e1that\u00f3t\u00f3l!\n\nEz egy digit\u00e1lis pdf f\u00e1jl, \u00edgy term\u00e9szetesen nincs sz\u00e1ll\u00edt\u00e1si k\u00f6lts\u00e9g, ekkor a szem\u00e9lyes \u00e1tv\u00e9tel lehet\u0151s\u00e9get kell v\u00e1lasztani megrendel\u00e9skor. \n\nAmennyiben egyedi elk\u00e9pzel\u00e9sed lenne, keress bizalommal \u00fczenetben, igyekszem min\u00e9l el\u0151bb v\u00e1laszolni! :)","score":0,"formatted_price":"4 500 Ft","image_url":"https:\/\/www.meska.hu\/img\/product\/small\/p\/a\/panadesign_product_398004_220321125043_442282.jpeg","formatted_url":"https:\/\/www.meska.hu\/p4550342-poszter-babaszoba-kep-falikep-szett-elefantos-kep-fius-poszter","favourite":false,"in_stock":false,"avatar":"panadesign_avatar_398004_1605705071.jpg","delete_from":0,"is_enhanced_background":false,"is_enhanced":false,"product_selection_started":false,"is_active":true,"image_webp_url":"https:\/\/www.meska.hu\/img\/product\/small\/p\/a\/panadesign_product_398004_220321125043_442282.webp"},{"id":"6171451","shop_id":"52355","user_id":"699688","shop_name":"Peppy","shop_zip":"4050","product_code":"5766419","product_name_old":null,"product_name":"Erdei f\u00e1s egyedi falik\u00e9p gyerekszob\u00e1ba","category_string":"Baba - mama, Babaszoba dekor\u00e1ci\u00f3, Babaposzter","technic_string":"Fot\u00f3, grafika, rajz, illusztr\u00e1ci\u00f3","category_1":"1735","category_2":"1466","category_3":"1759","category_4":"0","merged_category_1":null,"merged_category_2":null,"merged_category_3":null,"technic_1":"483","technic_2":"0","technic_3":"0","color_1":"522","color_2":"528","color_3":"529","product_description_old":null,"product_description":"Dobd fel gyermeked szob\u00e1j\u00e1t mosolyg\u00f3 erdei f\u00e1kkal! \nEz a digit\u00e1lis falik\u00e9p k\u00e9pkeretbe ker\u00fclhet ak\u00e1r m\u00e1r ma!\n\nEzt az egyedi \u00e9s letisztult erdei f\u00e1s plak\u00e1tot az\u00e9rt k\u00e9sz\u00edtettem, hogy b\u00e1rmilyen gyerekszob\u00e1t feld\u00edsz\u00edthess vele k\u00f6nnyed\u00e9n. Hiszem, hogy m\u0171v\u00e9szettel nem csup\u00e1n dekor\u00e1lni, de inspir\u00e1lni \u00e9s t\u00f6rt\u00e9netet mes\u00e9lni is lehet. \n\nHogyan m\u0171k\u00f6dik?\n\n1. Rendel\u00e9skor az \u00dczenet k\u00fcld\u00e9sn\u00e9l \u00edrd meg a gyermek nev\u00e9t \u00e9s sz\u00fclet\u00e9si d\u00e1tum\u00e1t. \n2. V\u00e1s\u00e1rold meg a term\u00e9ket.\n3. 12 \u00f3r\u00e1n bel\u00fcl elk\u00e9sz\u00fcl az egyedi rendel\u00e9sed, \u00e9s let\u00f6lthet\u0151 lesz. E-mailben \u00e9rtes\u00edt\u00e9st kapsz, amikor a f\u00e1jl el\u00e9rhet\u0151. Ha enn\u00e9l gyorsabban van r\u00e1 sz\u00fcks\u00e9ged k\u00e9rlek \u00edrd meg \u00fczenetben. \n\nA csomag 8 darab, nagy felbont\u00e1s\u00fa (300 dpi) JPG k\u00e9pf\u00e1jlt tartalmaz az egyedi designnal (A m\u00e9reteket l\u00e1sd az inform\u00e1ci\u00f3s k\u00e9pen.)\n\nHa olyan m\u00e9retre van sz\u00fcks\u00e9ged, ami nincs felt\u00fcntetve, \u00edrj \u00fczenetet.\n\nEz a babaszoba falik\u00e9p egy nyomtathat\u00f3 JPG f\u00e1jl, amit te magad nyomtathatsz ki, \u00e9s keretezhetsz be. Kiv\u00e1l\u00f3 v\u00e1laszt\u00e1s azoknak, akik szeretn\u00e9k a postai k\u00f6lts\u00e9get megsp\u00f3rolva min\u00e9l hamarabb megkapni a megv\u00e1s\u00e1rolt term\u00e9ket. A 8 f\u00e1jlm\u00e9ret megfelel a legt\u00f6bb forgalomban l\u00e9v\u0151 k\u00e9pkeret m\u00e9ret\u00e9vel, \u00edgy ha megl\u00e9v\u0151 keretbe szeretn\u00e9d a falik\u00e9pet, akkor is praktikus ez a digit\u00e1lis term\u00e9k, hiszen akkora m\u00e9retben nyomtatod ki, amekkor\u00e1ba szeretn\u00e9d. ","price":"2000.00","unit":"db","recommended":"0","status":"1","sponsored":"0","exp_notify":"0","own_material":"0","own_material_description_old":null,"own_material_description":"","jury":"0","jury_number":"","product_nature":"","meskaracsony":"0","create_date":"2026-03-30 14:49:32","shelve_id":"83031","image":"peppy_product_699688_260330144747_287729.jpeg","image_width":"480","image_height":"533","image_alt":"Erdei f\u00e1s egyedi falik\u00e9p gyerekszob\u00e1ba, Dobd fel gyermeked szob\u00e1j\u00e1t mosolyg\u00f3 erdei f\u00e1kkal! \\nEz a digit\u00e1lis falik\u00e9p k\u00e9pkeretbe ker\u00fclhet ak\u00e1r ..., Meska","image_title":"Erdei f\u00e1s egyedi falik\u00e9p gyerekszob\u00e1ba, Meska","view_count":"33","favourite_count":"0","trending_score":"0","last2MonthFavouriteCount":"0","promotion":"0","giftcard_accept":"0","creditcard_accept":true,"enhanced_background":"0","domain":"meska","specific_customer_id":null,"specific_customer_name":null,"to_order_product":"1","to_order_product_time":"1","product_different":null,"product_different_description":"","vintage":"0","vintage_category_id":"0","recycled":"0","gemstone_id":"0","customizable":"1","type_category":"digital","zerowaste":"0","postage_price":"0.00","shop_order":"0","has_category":"1","landing_pages":null,"microdata":{"number":26,"category":""},"title":"Erdei f\u00e1s egyedi falik\u00e9p gyerekszob\u00e1ba","description":"Dobd fel gyermeked szob\u00e1j\u00e1t mosolyg\u00f3 erdei f\u00e1kkal! \nEz a digit\u00e1lis falik\u00e9p k\u00e9pkeretbe ker\u00fclhet ak\u00e1r m\u00e1r ma!\n\nEzt az egyedi \u00e9s letisztult erdei f\u00e1s plak\u00e1tot az\u00e9rt k\u00e9sz\u00edtettem, hogy b\u00e1rmilyen gyerekszob\u00e1t feld\u00edsz\u00edthess vele k\u00f6nnyed\u00e9n. Hiszem, hogy m\u0171v\u00e9szettel nem csup\u00e1n dekor\u00e1lni, de inspir\u00e1lni \u00e9s t\u00f6rt\u00e9netet mes\u00e9lni is lehet. \n\nHogyan m\u0171k\u00f6dik?\n\n1. Rendel\u00e9skor az \u00dczenet k\u00fcld\u00e9sn\u00e9l \u00edrd meg a gyermek nev\u00e9t \u00e9s sz\u00fclet\u00e9si d\u00e1tum\u00e1t. \n2. V\u00e1s\u00e1rold meg a term\u00e9ket.\n3. 12 \u00f3r\u00e1n bel\u00fcl elk\u00e9sz\u00fcl az egyedi rendel\u00e9sed, \u00e9s let\u00f6lthet\u0151 lesz. E-mailben \u00e9rtes\u00edt\u00e9st kapsz, amikor a f\u00e1jl el\u00e9rhet\u0151. Ha enn\u00e9l gyorsabban van r\u00e1 sz\u00fcks\u00e9ged k\u00e9rlek \u00edrd meg \u00fczenetben. \n\nA csomag 8 darab, nagy felbont\u00e1s\u00fa (300 dpi) JPG k\u00e9pf\u00e1jlt tartalmaz az egyedi designnal (A m\u00e9reteket l\u00e1sd az inform\u00e1ci\u00f3s k\u00e9pen.)\n\nHa olyan m\u00e9retre van sz\u00fcks\u00e9ged, ami nincs felt\u00fcntetve, \u00edrj \u00fczenetet.\n\nEz a babaszoba falik\u00e9p egy nyomtathat\u00f3 JPG f\u00e1jl, amit te magad nyomtathatsz ki, \u00e9s keretezhetsz be. Kiv\u00e1l\u00f3 v\u00e1laszt\u00e1s azoknak, akik szeretn\u00e9k a postai k\u00f6lts\u00e9get megsp\u00f3rolva min\u00e9l hamarabb megkapni a megv\u00e1s\u00e1rolt term\u00e9ket. A 8 f\u00e1jlm\u00e9ret megfelel a legt\u00f6bb forgalomban l\u00e9v\u0151 k\u00e9pkeret m\u00e9ret\u00e9vel, \u00edgy ha megl\u00e9v\u0151 keretbe szeretn\u00e9d a falik\u00e9pet, akkor is praktikus ez a digit\u00e1lis term\u00e9k, hiszen akkora m\u00e9retben nyomtatod ki, amekkor\u00e1ba szeretn\u00e9d. ","score":0,"formatted_price":"2 000 Ft","image_url":"https:\/\/www.meska.hu\/img\/product\/small\/p\/e\/peppy_product_699688_260330144747_287729.jpeg","formatted_url":"https:\/\/www.meska.hu\/p5766419-erdei-fas-egyedi-falikep-gyerekszobaba","favourite":false,"in_stock":false,"avatar":"699688_avatar_1774538681.jpeg","delete_from":0,"is_enhanced_background":false,"is_enhanced":false,"product_selection_started":false,"is_active":true,"image_webp_url":"https:\/\/www.meska.hu\/img\/product\/small\/p\/e\/peppy_product_699688_260330144747_287729.webp"},{"id":"6171449","shop_id":"52355","user_id":"699688","shop_name":"Peppy","shop_zip":"4050","product_code":"5766418","product_name_old":null,"product_name":"\u00c9p\u00edt\u0151kock\u00e1s egyedi falik\u00e9p gyerekszob\u00e1ba","category_string":"Baba - mama, Babaszoba dekor\u00e1ci\u00f3, Babaposzter","technic_string":"Fot\u00f3, grafika, rajz, illusztr\u00e1ci\u00f3","category_1":"1735","category_2":"1466","category_3":"1759","category_4":"0","merged_category_1":null,"merged_category_2":null,"merged_category_3":null,"technic_1":"483","technic_2":"0","technic_3":"0","color_1":"522","color_2":"523","color_3":"526","product_description_old":null,"product_description":"Dobd fel gyermeked szob\u00e1j\u00e1t sz\u00ednes \u00e9p\u00edt\u0151kocka v\u00e1rral! \nEz a digit\u00e1lis falik\u00e9p k\u00e9pkeretbe ker\u00fclhet ak\u00e1r m\u00e1r ma!\n\nEzt az egyedi \u00e9s letisztult \u00e9p\u00edt\u0151kock\u00e1s plak\u00e1tot az\u00e9rt k\u00e9sz\u00edtettem, hogy b\u00e1rmilyen gyerekszob\u00e1t feld\u00edsz\u00edthess vele k\u00f6nnyed\u00e9n. Hiszem, hogy m\u0171v\u00e9szettel nem csup\u00e1n dekor\u00e1lni, de inspir\u00e1lni \u00e9s t\u00f6rt\u00e9netet mes\u00e9lni is lehet. \n\nHogyan m\u0171k\u00f6dik?\n\n1. Rendel\u00e9skor az \u00dczenet k\u00fcld\u00e9sn\u00e9l \u00edrd meg a gyermek nev\u00e9t \u00e9s sz\u00fclet\u00e9si d\u00e1tum\u00e1t. \n2. V\u00e1s\u00e1rold meg a term\u00e9ket.\n3. 12 \u00f3r\u00e1n bel\u00fcl elk\u00e9sz\u00fcl az egyedi rendel\u00e9sed, \u00e9s let\u00f6lthet\u0151 lesz. E-mailben \u00e9rtes\u00edt\u00e9st kapsz, amikor a f\u00e1jl el\u00e9rhet\u0151. Ha enn\u00e9l gyorsabban van r\u00e1 sz\u00fcks\u00e9ged k\u00e9rlek \u00edrd meg \u00fczenetben. \n\nA csomag 8 darab, nagy felbont\u00e1s\u00fa (300 dpi) JPG k\u00e9pf\u00e1jlt tartalmaz az egyedi designnal (A m\u00e9reteket l\u00e1sd az inform\u00e1ci\u00f3s k\u00e9pen.)\n\nHa olyan m\u00e9retre van sz\u00fcks\u00e9ged, ami nincs felt\u00fcntetve, \u00edrj \u00fczenetet.\n\nEz a babaszoba falik\u00e9p egy nyomtathat\u00f3 JPG f\u00e1jl, amit te magad nyomtathatsz ki, \u00e9s keretezhetsz be. Kiv\u00e1l\u00f3 v\u00e1laszt\u00e1s azoknak, akik szeretn\u00e9k a postai k\u00f6lts\u00e9get megsp\u00f3rolva min\u00e9l hamarabb megkapni a megv\u00e1s\u00e1rolt term\u00e9ket. A 8 f\u00e1jlm\u00e9ret megfelel a legt\u00f6bb forgalomban l\u00e9v\u0151 k\u00e9pkeret m\u00e9ret\u00e9vel, \u00edgy ha megl\u00e9v\u0151 keretbe szeretn\u00e9d a falik\u00e9pet, akkor is praktikus ez a digit\u00e1lis term\u00e9k, hiszen akkora m\u00e9retben nyomtatod ki, amekkor\u00e1ba szeretn\u00e9d. ","price":"2000.00","unit":"db","recommended":"0","status":"1","sponsored":"0","exp_notify":"0","own_material":"0","own_material_description_old":null,"own_material_description":"","jury":"0","jury_number":"","product_nature":"","meskaracsony":"0","create_date":"2026-03-30 14:47:06","shelve_id":"83031","image":"peppy_product_699688_260330144504_65999.jpeg","image_width":"480","image_height":"533","image_alt":"\u00c9p\u00edt\u0151kock\u00e1s egyedi falik\u00e9p gyerekszob\u00e1ba, Dobd fel gyermeked szob\u00e1j\u00e1t sz\u00ednes \u00e9p\u00edt\u0151kocka v\u00e1rral! \\nEz a digit\u00e1lis falik\u00e9p k\u00e9pkeretbe ker\u00fclhet ak..., Meska","image_title":"\u00c9p\u00edt\u0151kock\u00e1s egyedi falik\u00e9p gyerekszob\u00e1ba, Meska","view_count":"25","favourite_count":"0","trending_score":"0","last2MonthFavouriteCount":"0","promotion":"0","giftcard_accept":"0","creditcard_accept":true,"enhanced_background":"0","domain":"meska","specific_customer_id":null,"specific_customer_name":null,"to_order_product":"1","to_order_product_time":"1","product_different":null,"product_different_description":"","vintage":"0","vintage_category_id":"0","recycled":"0","gemstone_id":"0","customizable":"1","type_category":"digital","zerowaste":"0","postage_price":"0.00","shop_order":"0","has_category":"1","landing_pages":null,"microdata":{"number":27,"category":""},"title":"\u00c9p\u00edt\u0151kock\u00e1s egyedi falik\u00e9p gyerekszob\u00e1ba","description":"Dobd fel gyermeked szob\u00e1j\u00e1t sz\u00ednes \u00e9p\u00edt\u0151kocka v\u00e1rral! \nEz a digit\u00e1lis falik\u00e9p k\u00e9pkeretbe ker\u00fclhet ak\u00e1r m\u00e1r ma!\n\nEzt az egyedi \u00e9s letisztult \u00e9p\u00edt\u0151kock\u00e1s plak\u00e1tot az\u00e9rt k\u00e9sz\u00edtettem, hogy b\u00e1rmilyen gyerekszob\u00e1t feld\u00edsz\u00edthess vele k\u00f6nnyed\u00e9n. Hiszem, hogy m\u0171v\u00e9szettel nem csup\u00e1n dekor\u00e1lni, de inspir\u00e1lni \u00e9s t\u00f6rt\u00e9netet mes\u00e9lni is lehet. \n\nHogyan m\u0171k\u00f6dik?\n\n1. Rendel\u00e9skor az \u00dczenet k\u00fcld\u00e9sn\u00e9l \u00edrd meg a gyermek nev\u00e9t \u00e9s sz\u00fclet\u00e9si d\u00e1tum\u00e1t. \n2. V\u00e1s\u00e1rold meg a term\u00e9ket.\n3. 12 \u00f3r\u00e1n bel\u00fcl elk\u00e9sz\u00fcl az egyedi rendel\u00e9sed, \u00e9s let\u00f6lthet\u0151 lesz. E-mailben \u00e9rtes\u00edt\u00e9st kapsz, amikor a f\u00e1jl el\u00e9rhet\u0151. Ha enn\u00e9l gyorsabban van r\u00e1 sz\u00fcks\u00e9ged k\u00e9rlek \u00edrd meg \u00fczenetben. \n\nA csomag 8 darab, nagy felbont\u00e1s\u00fa (300 dpi) JPG k\u00e9pf\u00e1jlt tartalmaz az egyedi designnal (A m\u00e9reteket l\u00e1sd az inform\u00e1ci\u00f3s k\u00e9pen.)\n\nHa olyan m\u00e9retre van sz\u00fcks\u00e9ged, ami nincs felt\u00fcntetve, \u00edrj \u00fczenetet.\n\nEz a babaszoba falik\u00e9p egy nyomtathat\u00f3 JPG f\u00e1jl, amit te magad nyomtathatsz ki, \u00e9s keretezhetsz be. Kiv\u00e1l\u00f3 v\u00e1laszt\u00e1s azoknak, akik szeretn\u00e9k a postai k\u00f6lts\u00e9get megsp\u00f3rolva min\u00e9l hamarabb megkapni a megv\u00e1s\u00e1rolt term\u00e9ket. A 8 f\u00e1jlm\u00e9ret megfelel a legt\u00f6bb forgalomban l\u00e9v\u0151 k\u00e9pkeret m\u00e9ret\u00e9vel, \u00edgy ha megl\u00e9v\u0151 keretbe szeretn\u00e9d a falik\u00e9pet, akkor is praktikus ez a digit\u00e1lis term\u00e9k, hiszen akkora m\u00e9retben nyomtatod ki, amekkor\u00e1ba szeretn\u00e9d. ","score":0,"formatted_price":"2 000 Ft","image_url":"https:\/\/www.meska.hu\/img\/product\/small\/p\/e\/peppy_product_699688_260330144504_65999.jpeg","formatted_url":"https:\/\/www.meska.hu\/p5766418-epitokockas-egyedi-falikep-gyerekszobaba","favourite":false,"in_stock":false,"avatar":"699688_avatar_1774538681.jpeg","delete_from":0,"is_enhanced_background":false,"is_enhanced":false,"product_selection_started":false,"is_active":true,"image_webp_url":"https:\/\/www.meska.hu\/img\/product\/small\/p\/e\/peppy_product_699688_260330144504_65999.webp"},{"id":"5822147","shop_id":"47960","user_id":"702930","shop_name":"VICREADesign","shop_zip":"8372","product_code":"5568441","product_name_old":null,"product_name":"Egyedi Babaposzter \u2013 Els\u0151 \u00e9vem szem\u00e9lyre szabott f\u00e9nyk\u00e9pes babaposzter","category_string":"Baba - mama, Babaszoba dekor\u00e1ci\u00f3, Babaposzter","technic_string":"Fot\u00f3, grafika, rajz, illusztr\u00e1ci\u00f3","category_1":"1735","category_2":"1466","category_3":"1759","category_4":"0","merged_category_1":null,"merged_category_2":null,"merged_category_3":null,"technic_1":"483","technic_2":"0","technic_3":"0","color_1":"519","color_2":"520","color_3":"529","product_description_old":null,"product_description":"Egy k\u00fcl\u00f6nleges eml\u00e9k az els\u0151 \u00e9v legfontosabb pillanatair\u00f3l\n\nAz \u201eEls\u0151 \u00e9vem\u201d poszter t\u00f6k\u00e9letes v\u00e1laszt\u00e1s, ha szeretn\u00e9d meg\u0151rizni gyermeked els\u0151 \u00e9v\u00e9nek m\u00e9rf\u00f6ldk\u00f6veit \u00e9s kedves eml\u00e9keit. A poszteren helyet kapnak a legfontosabb adatok: s\u00faly, hossz, els\u0151 szavak, kedvenc \u00e9telek, j\u00e1t\u00e9kok, becenevek, \u00e9s sok m\u00e1s szem\u00e9lyes r\u00e9szlet.\n\nMit tartalmazhat?\n\u2714\ufe0f Baba neve \u00e9s \u00e9letkora\n\u2714\ufe0f S\u00falya, magass\u00e1ga, fogacsk\u00e1inak sz\u00e1ma\n\u2714\ufe0f Els\u0151 szavai, kedvenc \u00e9telei, j\u00e1t\u00e9kai\n\u2714\ufe0f Szeretett tev\u00e9kenys\u00e9gek, becenevek \u00e9s egy\u00e9b kedves eml\u00e9kek\n\u2714\ufe0f 13 db f\u00e9nyk\u00e9p\n\nEl\u00e9rhet\u0151 digit\u00e1lis \u00e9s nyomtatott form\u00e1ban is\n\nK\u00e9pkerettel is k\u00e9rhet\u0151 \u2013 v\u00e1laszthat\u00f3 feh\u00e9r, fekete vagy fahat\u00e1s\u00fa keret. (A k\u00e9pen l\u00e1that\u00f3 keret illusztr\u00e1ci\u00f3.)\n\nHogyan m\u0171k\u00f6dik?\n1\ufe0f\u20e3 V\u00e1s\u00e1rl\u00e1s ut\u00e1n \u00fczenetben felveszem veled a kapcsolatot, hogy egyeztess\u00fck a sz\u00fcks\u00e9ges inform\u00e1ci\u00f3kat.\n2\ufe0f\u20e3 1 napon bel\u00fcl elk\u00e9sz\u00edtem a l\u00e1tv\u00e1nytervet, amelyet egyszer van lehet\u0151s\u00e9g m\u00f3dos\u00edtani.\n3\ufe0f\u20e3A v\u00e9gleges verzi\u00f3t az \u00e1ltalad v\u00e1lasztott form\u00e1ban kapod meg:\n\n\u2714\ufe0f Digit\u00e1lis rendel\u00e9s eset\u00e9n nagy felbont\u00e1s\u00fa PDF form\u00e1tumban e-mailben\nElk\u00e9sz\u00edt\u00e9si id\u0151: 1-2 munkanap (Adatok be\u00e9rkez\u00e9s\u00e9t\u0151l sz\u00e1m\u00edtva)\n\u2714\ufe0f Nyomtatott, k\u00e9pkeretes verzi\u00f3ban post\u00e1zva\nElk\u00e9sz\u00edt\u00e9si id\u0151: 5-6 munkanap (Adatok be\u00e9rkez\u00e9s\u00e9t\u0151l sz\u00e1m\u00edtva)\n\nT\u00f6k\u00e9letes dekor\u00e1ci\u00f3, egyedi aj\u00e1nd\u00e9k \u00e9s garant\u00e1ltan mosolyt csal az arcokra!","price":"2790.00","unit":"db","recommended":"0","status":"1","sponsored":"0","exp_notify":"0","own_material":"0","own_material_description_old":null,"own_material_description":"","jury":"0","jury_number":"","product_nature":"","meskaracsony":"0","create_date":"2026-03-28 11:40:44","shelve_id":"0","image":"vicreadesign_product_702930_250605131201_7095100.jpeg","image_width":"480","image_height":"480","image_alt":"Egyedi Babaposzter \u2013 Els\u0151 \u00e9vem szem\u00e9lyre szabott f\u00e9nyk\u00e9pes babaposzter, Egy k\u00fcl\u00f6nleges eml\u00e9k az els\u0151 \u00e9v legfontosabb pillanatair\u00f3l\\n\\nAz \u201eEls\u0151 \u00e9vem\u201d poszter t\u00f6k\u00e9letes v\u00e1laszt..., Meska","image_title":"Egyedi Babaposzter \u2013 Els\u0151 \u00e9vem szem\u00e9lyre szabott f\u00e9nyk\u00e9pes babaposzter, Meska","view_count":"332","favourite_count":"0","trending_score":"0","last2MonthFavouriteCount":"0","promotion":"0","giftcard_accept":"0","creditcard_accept":true,"enhanced_background":"0","domain":"meska","specific_customer_id":null,"specific_customer_name":null,"to_order_product":"1","to_order_product_time":"2","product_different":null,"product_different_description":"","vintage":"0","vintage_category_id":"0","recycled":"0","gemstone_id":"0","customizable":"0","type_category":"digital","zerowaste":"0","postage_price":"1290.00","shop_order":"0","has_category":"1","landing_pages":null,"microdata":{"number":28,"category":""},"title":"Egyedi Babaposzter \u2013 Els\u0151 \u00e9vem szem\u00e9lyre szabott f\u00e9nyk\u00e9pes babaposzter","description":"Egy k\u00fcl\u00f6nleges eml\u00e9k az els\u0151 \u00e9v legfontosabb pillanatair\u00f3l\n\nAz \u201eEls\u0151 \u00e9vem\u201d poszter t\u00f6k\u00e9letes v\u00e1laszt\u00e1s, ha szeretn\u00e9d meg\u0151rizni gyermeked els\u0151 \u00e9v\u00e9nek m\u00e9rf\u00f6ldk\u00f6veit \u00e9s kedves eml\u00e9keit. A poszteren helyet kapnak a legfontosabb adatok: s\u00faly, hossz, els\u0151 szavak, kedvenc \u00e9telek, j\u00e1t\u00e9kok, becenevek, \u00e9s sok m\u00e1s szem\u00e9lyes r\u00e9szlet.\n\nMit tartalmazhat?\n\u2714\ufe0f Baba neve \u00e9s \u00e9letkora\n\u2714\ufe0f S\u00falya, magass\u00e1ga, fogacsk\u00e1inak sz\u00e1ma\n\u2714\ufe0f Els\u0151 szavai, kedvenc \u00e9telei, j\u00e1t\u00e9kai\n\u2714\ufe0f Szeretett tev\u00e9kenys\u00e9gek, becenevek \u00e9s egy\u00e9b kedves eml\u00e9kek\n\u2714\ufe0f 13 db f\u00e9nyk\u00e9p\n\nEl\u00e9rhet\u0151 digit\u00e1lis \u00e9s nyomtatott form\u00e1ban is\n\nK\u00e9pkerettel is k\u00e9rhet\u0151 \u2013 v\u00e1laszthat\u00f3 feh\u00e9r, fekete vagy fahat\u00e1s\u00fa keret. (A k\u00e9pen l\u00e1that\u00f3 keret illusztr\u00e1ci\u00f3.)\n\nHogyan m\u0171k\u00f6dik?\n1\ufe0f\u20e3 V\u00e1s\u00e1rl\u00e1s ut\u00e1n \u00fczenetben felveszem veled a kapcsolatot, hogy egyeztess\u00fck a sz\u00fcks\u00e9ges inform\u00e1ci\u00f3kat.\n2\ufe0f\u20e3 1 napon bel\u00fcl elk\u00e9sz\u00edtem a l\u00e1tv\u00e1nytervet, amelyet egyszer van lehet\u0151s\u00e9g m\u00f3dos\u00edtani.\n3\ufe0f\u20e3A v\u00e9gleges verzi\u00f3t az \u00e1ltalad v\u00e1lasztott form\u00e1ban kapod meg:\n\n\u2714\ufe0f Digit\u00e1lis rendel\u00e9s eset\u00e9n nagy felbont\u00e1s\u00fa PDF form\u00e1tumban e-mailben\nElk\u00e9sz\u00edt\u00e9si id\u0151: 1-2 munkanap (Adatok be\u00e9rkez\u00e9s\u00e9t\u0151l sz\u00e1m\u00edtva)\n\u2714\ufe0f Nyomtatott, k\u00e9pkeretes verzi\u00f3ban post\u00e1zva\nElk\u00e9sz\u00edt\u00e9si id\u0151: 5-6 munkanap (Adatok be\u00e9rkez\u00e9s\u00e9t\u0151l sz\u00e1m\u00edtva)\n\nT\u00f6k\u00e9letes dekor\u00e1ci\u00f3, egyedi aj\u00e1nd\u00e9k \u00e9s garant\u00e1ltan mosolyt csal az arcokra!","score":0,"formatted_price":"2 790 Ft","image_url":"https:\/\/www.meska.hu\/img\/product\/small\/v\/i\/vicreadesign_product_702930_250605131201_7095100.jpeg","formatted_url":"https:\/\/www.meska.hu\/p5568441-egyedi-babaposzter-elso-evem-szemelyre-szabott-fenykepes-babaposzter","favourite":false,"in_stock":false,"avatar":"702930_avatar_1741901247.png","delete_from":0,"is_enhanced_background":false,"is_enhanced":false,"product_selection_started":false,"is_active":true,"image_webp_url":"https:\/\/www.meska.hu\/img\/product\/small\/v\/i\/vicreadesign_product_702930_250605131201_7095100.webp"},{"id":"6168311","shop_id":"52355","user_id":"699688","shop_name":"Peppy","shop_zip":"4050","product_code":"5764897","product_name_old":null,"product_name":"Vir\u00e1gos egyedi falik\u00e9p gyerekszob\u00e1ba","category_string":"Baba - mama, Babaszoba dekor\u00e1ci\u00f3, Babaposzter","technic_string":"Fot\u00f3, grafika, rajz, illusztr\u00e1ci\u00f3","category_1":"1735","category_2":"1466","category_3":"1759","category_4":"0","merged_category_1":null,"merged_category_2":null,"merged_category_3":null,"technic_1":"483","technic_2":"0","technic_3":"0","color_1":"522","color_2":"523","color_3":"526","product_description_old":null,"product_description":"Dobd fel gyermeked szob\u00e1j\u00e1t n\u00e9h\u00e1ny sz\u00ednes vir\u00e1ggal! \nEz a digit\u00e1lis falik\u00e9p k\u00e9pkeretbe ker\u00fclhet ak\u00e1r m\u00e1r ma!\n\nEzt az egyedi \u00e9s letisztult vir\u00e1gmint\u00e1t az\u00e9rt k\u00e9sz\u00edtettem, hogy b\u00e1rmilyen gyerekszob\u00e1t feld\u00edsz\u00edthess vele k\u00f6nnyed\u00e9n. Hiszem, hogy m\u0171v\u00e9szettel nem csup\u00e1n dekor\u00e1lni, de inspir\u00e1lni \u00e9s t\u00f6rt\u00e9netet mes\u00e9lni is lehet. \n\nHogyan m\u0171k\u00f6dik?\n\n1. Rendel\u00e9skor az \u00dczenet k\u00fcld\u00e9sn\u00e9l \u00edrd meg a gyermek nev\u00e9t \u00e9s sz\u00fclet\u00e9si d\u00e1tum\u00e1t. \n2. V\u00e1s\u00e1rold meg a term\u00e9ket.\n3. 12 \u00f3r\u00e1n bel\u00fcl elk\u00e9sz\u00fcl az egyedi rendel\u00e9sed, \u00e9s let\u00f6lthet\u0151 lesz. E-mailben \u00e9rtes\u00edt\u00e9st kapsz, amikor a f\u00e1jl el\u00e9rhet\u0151. Ha enn\u00e9l gyorsabban van r\u00e1 sz\u00fcks\u00e9ged k\u00e9rlek \u00edrd meg \u00fczenetben. \n\nA csomag 8 darab, nagy felbont\u00e1s\u00fa (300 dpi) JPG k\u00e9pf\u00e1jlt tartalmaz az egyedi designnal (A m\u00e9reteket l\u00e1sd az inform\u00e1ci\u00f3s k\u00e9pen.)\n\nHa olyan m\u00e9retre van sz\u00fcks\u00e9ged, ami nincs felt\u00fcntetve, \u00edrj \u00fczenetet.\n\nEz a babaszoba falik\u00e9p egy nyomtathat\u00f3 JPG f\u00e1jl, amit te magad nyomtathatsz ki, \u00e9s keretezhetsz be. Kiv\u00e1l\u00f3 v\u00e1laszt\u00e1s azoknak, akik szeretn\u00e9k a postai k\u00f6lts\u00e9get megsp\u00f3rolva min\u00e9l hamarabb megkapni a megv\u00e1s\u00e1rolt term\u00e9ket. A 8 f\u00e1jlm\u00e9ret megfelel a legt\u00f6bb forgalomban l\u00e9v\u0151 k\u00e9pkeret m\u00e9ret\u00e9vel, \u00edgy ha megl\u00e9v\u0151 keretbe szeretn\u00e9d a falik\u00e9pet, akkor is praktikus ez a digit\u00e1lis term\u00e9k, hiszen akkora m\u00e9retben nyomtatod ki, amekkor\u00e1ba szeretn\u00e9d. ","price":"2000.00","unit":"db","recommended":"0","status":"1","sponsored":"0","exp_notify":"0","own_material":"0","own_material_description_old":null,"own_material_description":"","jury":"0","jury_number":"","product_nature":"","meskaracsony":"0","create_date":"2026-03-26 17:29:21","shelve_id":"83031","image":"peppy_product_699688_260326165122_900246.png","image_width":"480","image_height":"595","image_alt":"Vir\u00e1gos egyedi falik\u00e9p gyerekszob\u00e1ba, Dobd fel gyermeked szob\u00e1j\u00e1t n\u00e9h\u00e1ny sz\u00ednes vir\u00e1ggal! \\nEz a digit\u00e1lis falik\u00e9p k\u00e9pkeretbe ker\u00fclhet ak\u00e1r..., Meska","image_title":"Vir\u00e1gos egyedi falik\u00e9p gyerekszob\u00e1ba, Meska","view_count":"38","favourite_count":"0","trending_score":"0","last2MonthFavouriteCount":"0","promotion":"0","giftcard_accept":"0","creditcard_accept":true,"enhanced_background":"0","domain":"meska","specific_customer_id":null,"specific_customer_name":null,"to_order_product":"1","to_order_product_time":"1","product_different":null,"product_different_description":"","vintage":"0","vintage_category_id":"0","recycled":"0","gemstone_id":"0","customizable":"1","type_category":"digital","zerowaste":"0","postage_price":"0.00","shop_order":"0","has_category":"1","landing_pages":null,"microdata":{"number":29,"category":""},"title":"Vir\u00e1gos egyedi falik\u00e9p gyerekszob\u00e1ba","description":"Dobd fel gyermeked szob\u00e1j\u00e1t n\u00e9h\u00e1ny sz\u00ednes vir\u00e1ggal! \nEz a digit\u00e1lis falik\u00e9p k\u00e9pkeretbe ker\u00fclhet ak\u00e1r m\u00e1r ma!\n\nEzt az egyedi \u00e9s letisztult vir\u00e1gmint\u00e1t az\u00e9rt k\u00e9sz\u00edtettem, hogy b\u00e1rmilyen gyerekszob\u00e1t feld\u00edsz\u00edthess vele k\u00f6nnyed\u00e9n. Hiszem, hogy m\u0171v\u00e9szettel nem csup\u00e1n dekor\u00e1lni, de inspir\u00e1lni \u00e9s t\u00f6rt\u00e9netet mes\u00e9lni is lehet. \n\nHogyan m\u0171k\u00f6dik?\n\n1. Rendel\u00e9skor az \u00dczenet k\u00fcld\u00e9sn\u00e9l \u00edrd meg a gyermek nev\u00e9t \u00e9s sz\u00fclet\u00e9si d\u00e1tum\u00e1t. \n2. V\u00e1s\u00e1rold meg a term\u00e9ket.\n3. 12 \u00f3r\u00e1n bel\u00fcl elk\u00e9sz\u00fcl az egyedi rendel\u00e9sed, \u00e9s let\u00f6lthet\u0151 lesz. E-mailben \u00e9rtes\u00edt\u00e9st kapsz, amikor a f\u00e1jl el\u00e9rhet\u0151. Ha enn\u00e9l gyorsabban van r\u00e1 sz\u00fcks\u00e9ged k\u00e9rlek \u00edrd meg \u00fczenetben. \n\nA csomag 8 darab, nagy felbont\u00e1s\u00fa (300 dpi) JPG k\u00e9pf\u00e1jlt tartalmaz az egyedi designnal (A m\u00e9reteket l\u00e1sd az inform\u00e1ci\u00f3s k\u00e9pen.)\n\nHa olyan m\u00e9retre van sz\u00fcks\u00e9ged, ami nincs felt\u00fcntetve, \u00edrj \u00fczenetet.\n\nEz a babaszoba falik\u00e9p egy nyomtathat\u00f3 JPG f\u00e1jl, amit te magad nyomtathatsz ki, \u00e9s keretezhetsz be. Kiv\u00e1l\u00f3 v\u00e1laszt\u00e1s azoknak, akik szeretn\u00e9k a postai k\u00f6lts\u00e9get megsp\u00f3rolva min\u00e9l hamarabb megkapni a megv\u00e1s\u00e1rolt term\u00e9ket. A 8 f\u00e1jlm\u00e9ret megfelel a legt\u00f6bb forgalomban l\u00e9v\u0151 k\u00e9pkeret m\u00e9ret\u00e9vel, \u00edgy ha megl\u00e9v\u0151 keretbe szeretn\u00e9d a falik\u00e9pet, akkor is praktikus ez a digit\u00e1lis term\u00e9k, hiszen akkora m\u00e9retben nyomtatod ki, amekkor\u00e1ba szeretn\u00e9d. ","score":0,"formatted_price":"2 000 Ft","image_url":"https:\/\/www.meska.hu\/img\/product\/small\/p\/e\/peppy_product_699688_260326165122_900246.png","formatted_url":"https:\/\/www.meska.hu\/p5764897-viragos-egyedi-falikep-gyerekszobaba","favourite":false,"in_stock":false,"avatar":"699688_avatar_1774538681.jpeg","delete_from":0,"is_enhanced_background":false,"is_enhanced":false,"product_selection_started":false,"is_active":true,"image_webp_url":"https:\/\/www.meska.hu\/img\/product\/small\/p\/e\/peppy_product_699688_260326165122_900246.webp"},{"id":"6168309","shop_id":"52355","user_id":"699688","shop_name":"Peppy","shop_zip":"4050","product_code":"5764896","product_name_old":null,"product_name":"Csereszny\u00e9s egyedi falik\u00e9p gyerekszob\u00e1ba","category_string":"Baba - mama, Babaszoba dekor\u00e1ci\u00f3, Babaposzter","technic_string":"Fot\u00f3, grafika, rajz, illusztr\u00e1ci\u00f3","category_1":"1735","category_2":"1466","category_3":"1759","category_4":"0","merged_category_1":null,"merged_category_2":null,"merged_category_3":null,"technic_1":"483","technic_2":"0","technic_3":"0","color_1":"523","color_2":"0","color_3":"0","product_description_old":null,"product_description":"Dobd fel gyermeked szob\u00e1j\u00e1t mosolyg\u00f3 csereszny\u00e9kkel! \nEz a digit\u00e1lis falik\u00e9p k\u00e9pkeretbe ker\u00fclhet ak\u00e1r m\u00e1r ma!\n\nEzt az egyedi \u00e9s letisztult csereszny\u00e9s rajzot az\u00e9rt k\u00e9sz\u00edtettem, hogy b\u00e1rmilyen gyerekszob\u00e1t feld\u00edsz\u00edthess vele k\u00f6nnyed\u00e9n. Hiszem, hogy m\u0171v\u00e9szettel nem csup\u00e1n dekor\u00e1lni, de inspir\u00e1lni \u00e9s t\u00f6rt\u00e9netet mes\u00e9lni is lehet. \n\nHogyan m\u0171k\u00f6dik?\n\n1. Rendel\u00e9skor az \u00dczenet k\u00fcld\u00e9sn\u00e9l \u00edrd meg a gyermek nev\u00e9t \u00e9s sz\u00fclet\u00e9si d\u00e1tum\u00e1t. \n2. V\u00e1s\u00e1rold meg a term\u00e9ket.\n3. 12 \u00f3r\u00e1n bel\u00fcl elk\u00e9sz\u00fcl az egyedi rendel\u00e9sed, \u00e9s let\u00f6lthet\u0151 lesz. E-mailben \u00e9rtes\u00edt\u00e9st kapsz, amikor a f\u00e1jl el\u00e9rhet\u0151. Ha enn\u00e9l gyorsabban van r\u00e1 sz\u00fcks\u00e9ged k\u00e9rlek \u00edrd meg \u00fczenetben. \n\nA csomag 8 darab, nagy felbont\u00e1s\u00fa (300 dpi) JPG k\u00e9pf\u00e1jlt tartalmaz az egyedi designnal (A m\u00e9reteket l\u00e1sd az inform\u00e1ci\u00f3s k\u00e9pen.)\n\nHa olyan m\u00e9retre van sz\u00fcks\u00e9ged, ami nincs felt\u00fcntetve, \u00edrj \u00fczenetet.\n\nEz a babaszoba falik\u00e9p egy nyomtathat\u00f3 JPG f\u00e1jl, amit te magad nyomtathatsz ki, \u00e9s keretezhetsz be. Kiv\u00e1l\u00f3 v\u00e1laszt\u00e1s azoknak, akik szeretn\u00e9k a postai k\u00f6lts\u00e9get megsp\u00f3rolva min\u00e9l hamarabb megkapni a megv\u00e1s\u00e1rolt term\u00e9ket. A 8 f\u00e1jlm\u00e9ret megfelel a legt\u00f6bb forgalomban l\u00e9v\u0151 k\u00e9pkeret m\u00e9ret\u00e9vel, \u00edgy ha megl\u00e9v\u0151 keretbe szeretn\u00e9d a falik\u00e9pet, akkor is praktikus ez a digit\u00e1lis term\u00e9k, hiszen akkora m\u00e9retben nyomtatod ki, amekkor\u00e1ba szeretn\u00e9d. ","price":"2000.00","unit":"db","recommended":"0","status":"1","sponsored":"0","exp_notify":"0","own_material":"0","own_material_description_old":null,"own_material_description":"","jury":"0","jury_number":"","product_nature":"","meskaracsony":"0","create_date":"2026-03-26 17:29:10","shelve_id":"83031","image":"peppy_product_699688_260326172202_595661.jpeg","image_width":"480","image_height":"600","image_alt":"Csereszny\u00e9s egyedi falik\u00e9p gyerekszob\u00e1ba, Dobd fel gyermeked szob\u00e1j\u00e1t mosolyg\u00f3 csereszny\u00e9kkel! \\nEz a digit\u00e1lis falik\u00e9p k\u00e9pkeretbe ker\u00fclhet ak\u00e1..., Meska","image_title":"Csereszny\u00e9s egyedi falik\u00e9p gyerekszob\u00e1ba, Meska","view_count":"30","favourite_count":"0","trending_score":"0","last2MonthFavouriteCount":"0","promotion":"0","giftcard_accept":"0","creditcard_accept":true,"enhanced_background":"0","domain":"meska","specific_customer_id":null,"specific_customer_name":null,"to_order_product":"1","to_order_product_time":"1","product_different":null,"product_different_description":"","vintage":"0","vintage_category_id":"0","recycled":"0","gemstone_id":"0","customizable":"1","type_category":"digital","zerowaste":"0","postage_price":"0.00","shop_order":"0","has_category":"1","landing_pages":null,"microdata":{"number":30,"category":""},"title":"Csereszny\u00e9s egyedi falik\u00e9p gyerekszob\u00e1ba","description":"Dobd fel gyermeked szob\u00e1j\u00e1t mosolyg\u00f3 csereszny\u00e9kkel! \nEz a digit\u00e1lis falik\u00e9p k\u00e9pkeretbe ker\u00fclhet ak\u00e1r m\u00e1r ma!\n\nEzt az egyedi \u00e9s letisztult csereszny\u00e9s rajzot az\u00e9rt k\u00e9sz\u00edtettem, hogy b\u00e1rmilyen gyerekszob\u00e1t feld\u00edsz\u00edthess vele k\u00f6nnyed\u00e9n. Hiszem, hogy m\u0171v\u00e9szettel nem csup\u00e1n dekor\u00e1lni, de inspir\u00e1lni \u00e9s t\u00f6rt\u00e9netet mes\u00e9lni is lehet. \n\nHogyan m\u0171k\u00f6dik?\n\n1. Rendel\u00e9skor az \u00dczenet k\u00fcld\u00e9sn\u00e9l \u00edrd meg a gyermek nev\u00e9t \u00e9s sz\u00fclet\u00e9si d\u00e1tum\u00e1t. \n2. V\u00e1s\u00e1rold meg a term\u00e9ket.\n3. 12 \u00f3r\u00e1n bel\u00fcl elk\u00e9sz\u00fcl az egyedi rendel\u00e9sed, \u00e9s let\u00f6lthet\u0151 lesz. E-mailben \u00e9rtes\u00edt\u00e9st kapsz, amikor a f\u00e1jl el\u00e9rhet\u0151. Ha enn\u00e9l gyorsabban van r\u00e1 sz\u00fcks\u00e9ged k\u00e9rlek \u00edrd meg \u00fczenetben. \n\nA csomag 8 darab, nagy felbont\u00e1s\u00fa (300 dpi) JPG k\u00e9pf\u00e1jlt tartalmaz az egyedi designnal (A m\u00e9reteket l\u00e1sd az inform\u00e1ci\u00f3s k\u00e9pen.)\n\nHa olyan m\u00e9retre van sz\u00fcks\u00e9ged, ami nincs felt\u00fcntetve, \u00edrj \u00fczenetet.\n\nEz a babaszoba falik\u00e9p egy nyomtathat\u00f3 JPG f\u00e1jl, amit te magad nyomtathatsz ki, \u00e9s keretezhetsz be. Kiv\u00e1l\u00f3 v\u00e1laszt\u00e1s azoknak, akik szeretn\u00e9k a postai k\u00f6lts\u00e9get megsp\u00f3rolva min\u00e9l hamarabb megkapni a megv\u00e1s\u00e1rolt term\u00e9ket. A 8 f\u00e1jlm\u00e9ret megfelel a legt\u00f6bb forgalomban l\u00e9v\u0151 k\u00e9pkeret m\u00e9ret\u00e9vel, \u00edgy ha megl\u00e9v\u0151 keretbe szeretn\u00e9d a falik\u00e9pet, akkor is praktikus ez a digit\u00e1lis term\u00e9k, hiszen akkora m\u00e9retben nyomtatod ki, amekkor\u00e1ba szeretn\u00e9d. ","score":0,"formatted_price":"2 000 Ft","image_url":"https:\/\/www.meska.hu\/img\/product\/small\/p\/e\/peppy_product_699688_260326172202_595661.jpeg","formatted_url":"https:\/\/www.meska.hu\/p5764896-cseresznyes-egyedi-falikep-gyerekszobaba","favourite":false,"in_stock":false,"avatar":"699688_avatar_1774538681.jpeg","delete_from":0,"is_enhanced_background":false,"is_enhanced":false,"product_selection_started":false,"is_active":true,"image_webp_url":"https:\/\/www.meska.hu\/img\/product\/small\/p\/e\/peppy_product_699688_260326172202_595661.webp"},{"id":"6168307","shop_id":"52355","user_id":"699688","shop_name":"Peppy","shop_zip":"4050","product_code":"5764894","product_name_old":null,"product_name":"Szafari egyedi falik\u00e9p gyerekszob\u00e1ba","category_string":"Baba - mama, Babaszoba dekor\u00e1ci\u00f3, Babaposzter","technic_string":"Fot\u00f3, grafika, rajz, illusztr\u00e1ci\u00f3","category_1":"1735","category_2":"1466","category_3":"1759","category_4":"0","merged_category_1":null,"merged_category_2":null,"merged_category_3":null,"technic_1":"483","technic_2":"0","technic_3":"0","color_1":"521","color_2":"525","color_3":"526","product_description_old":null,"product_description":"Dobd fel gyermeked szob\u00e1j\u00e1t szafari \u00e1llatokkal! \nEz a digit\u00e1lis falik\u00e9p k\u00e9pkeretbe ker\u00fclhet ak\u00e1r m\u00e1r ma!\n\nEzt az egyedi \u00e9s letisztult szafari \u00e1llatos rajzot az\u00e9rt k\u00e9sz\u00edtettem, hogy b\u00e1rmilyen gyerekszob\u00e1t feld\u00edsz\u00edthess vele k\u00f6nnyed\u00e9n. Hiszem, hogy m\u0171v\u00e9szettel nem csup\u00e1n dekor\u00e1lni, de inspir\u00e1lni \u00e9s t\u00f6rt\u00e9netet mes\u00e9lni is lehet. \n\nHogyan m\u0171k\u00f6dik?\n\n1. Rendel\u00e9skor az \u00dczenet k\u00fcld\u00e9sn\u00e9l \u00edrd meg a gyermek nev\u00e9t \u00e9s sz\u00fclet\u00e9si d\u00e1tum\u00e1t. \n2. V\u00e1s\u00e1rold meg a term\u00e9ket.\n3. 12 \u00f3r\u00e1n bel\u00fcl elk\u00e9sz\u00fcl az egyedi rendel\u00e9sed, \u00e9s let\u00f6lthet\u0151 lesz. E-mailben \u00e9rtes\u00edt\u00e9st kapsz, amikor a f\u00e1jl el\u00e9rhet\u0151. Ha enn\u00e9l gyorsabban van r\u00e1 sz\u00fcks\u00e9ged k\u00e9rlek \u00edrd meg \u00fczenetben. \n\nA csomag 8 darab, nagy felbont\u00e1s\u00fa (300 dpi) JPG k\u00e9pf\u00e1jlt tartalmaz az egyedi designnal (A m\u00e9reteket l\u00e1sd az inform\u00e1ci\u00f3s k\u00e9pen.)\n\nHa olyan m\u00e9retre van sz\u00fcks\u00e9ged, ami nincs felt\u00fcntetve, \u00edrj \u00fczenetet.\n\nEz a babaszoba falik\u00e9p egy nyomtathat\u00f3 JPG f\u00e1jl, amit te magad nyomtathatsz ki, \u00e9s keretezhetsz be. Kiv\u00e1l\u00f3 v\u00e1laszt\u00e1s azoknak, akik szeretn\u00e9k a postai k\u00f6lts\u00e9get megsp\u00f3rolva min\u00e9l hamarabb megkapni a megv\u00e1s\u00e1rolt term\u00e9ket. A 8 f\u00e1jlm\u00e9ret megfelel a legt\u00f6bb forgalomban l\u00e9v\u0151 k\u00e9pkeret m\u00e9ret\u00e9vel, \u00edgy ha megl\u00e9v\u0151 keretbe szeretn\u00e9d a falik\u00e9pet, akkor is praktikus ez a digit\u00e1lis term\u00e9k, hiszen akkora m\u00e9retben nyomtatod ki, amekkor\u00e1ba szeretn\u00e9d. ","price":"2000.00","unit":"db","recommended":"0","status":"1","sponsored":"0","exp_notify":"0","own_material":"0","own_material_description_old":null,"own_material_description":"","jury":"0","jury_number":"","product_nature":"","meskaracsony":"0","create_date":"2026-03-26 17:28:47","shelve_id":"83031","image":"peppy_product_699688_260326172728_867185.jpeg","image_width":"480","image_height":"600","image_alt":"Szafari egyedi falik\u00e9p gyerekszob\u00e1ba, Dobd fel gyermeked szob\u00e1j\u00e1t szafari \u00e1llatokkal! \\nEz a digit\u00e1lis falik\u00e9p k\u00e9pkeretbe ker\u00fclhet ak\u00e1r m\u00e1r..., Meska","image_title":"Szafari egyedi falik\u00e9p gyerekszob\u00e1ba, Meska","view_count":"25","favourite_count":"0","trending_score":"0","last2MonthFavouriteCount":"0","promotion":"0","giftcard_accept":"0","creditcard_accept":true,"enhanced_background":"0","domain":"meska","specific_customer_id":null,"specific_customer_name":null,"to_order_product":"1","to_order_product_time":"1","product_different":null,"product_different_description":"","vintage":"0","vintage_category_id":"0","recycled":"0","gemstone_id":"0","customizable":"1","type_category":"digital","zerowaste":"0","postage_price":"0.00","shop_order":"0","has_category":"1","landing_pages":null,"microdata":{"number":31,"category":""},"title":"Szafari egyedi falik\u00e9p gyerekszob\u00e1ba","description":"Dobd fel gyermeked szob\u00e1j\u00e1t szafari \u00e1llatokkal! \nEz a digit\u00e1lis falik\u00e9p k\u00e9pkeretbe ker\u00fclhet ak\u00e1r m\u00e1r ma!\n\nEzt az egyedi \u00e9s letisztult szafari \u00e1llatos rajzot az\u00e9rt k\u00e9sz\u00edtettem, hogy b\u00e1rmilyen gyerekszob\u00e1t feld\u00edsz\u00edthess vele k\u00f6nnyed\u00e9n. Hiszem, hogy m\u0171v\u00e9szettel nem csup\u00e1n dekor\u00e1lni, de inspir\u00e1lni \u00e9s t\u00f6rt\u00e9netet mes\u00e9lni is lehet. \n\nHogyan m\u0171k\u00f6dik?\n\n1. Rendel\u00e9skor az \u00dczenet k\u00fcld\u00e9sn\u00e9l \u00edrd meg a gyermek nev\u00e9t \u00e9s sz\u00fclet\u00e9si d\u00e1tum\u00e1t. \n2. V\u00e1s\u00e1rold meg a term\u00e9ket.\n3. 12 \u00f3r\u00e1n bel\u00fcl elk\u00e9sz\u00fcl az egyedi rendel\u00e9sed, \u00e9s let\u00f6lthet\u0151 lesz. E-mailben \u00e9rtes\u00edt\u00e9st kapsz, amikor a f\u00e1jl el\u00e9rhet\u0151. Ha enn\u00e9l gyorsabban van r\u00e1 sz\u00fcks\u00e9ged k\u00e9rlek \u00edrd meg \u00fczenetben. \n\nA csomag 8 darab, nagy felbont\u00e1s\u00fa (300 dpi) JPG k\u00e9pf\u00e1jlt tartalmaz az egyedi designnal (A m\u00e9reteket l\u00e1sd az inform\u00e1ci\u00f3s k\u00e9pen.)\n\nHa olyan m\u00e9retre van sz\u00fcks\u00e9ged, ami nincs felt\u00fcntetve, \u00edrj \u00fczenetet.\n\nEz a babaszoba falik\u00e9p egy nyomtathat\u00f3 JPG f\u00e1jl, amit te magad nyomtathatsz ki, \u00e9s keretezhetsz be. Kiv\u00e1l\u00f3 v\u00e1laszt\u00e1s azoknak, akik szeretn\u00e9k a postai k\u00f6lts\u00e9get megsp\u00f3rolva min\u00e9l hamarabb megkapni a megv\u00e1s\u00e1rolt term\u00e9ket. A 8 f\u00e1jlm\u00e9ret megfelel a legt\u00f6bb forgalomban l\u00e9v\u0151 k\u00e9pkeret m\u00e9ret\u00e9vel, \u00edgy ha megl\u00e9v\u0151 keretbe szeretn\u00e9d a falik\u00e9pet, akkor is praktikus ez a digit\u00e1lis term\u00e9k, hiszen akkora m\u00e9retben nyomtatod ki, amekkor\u00e1ba szeretn\u00e9d. ","score":0,"formatted_price":"2 000 Ft","image_url":"https:\/\/www.meska.hu\/img\/product\/small\/p\/e\/peppy_product_699688_260326172728_867185.jpeg","formatted_url":"https:\/\/www.meska.hu\/p5764894-szafari-egyedi-falikep-gyerekszobaba","favourite":false,"in_stock":false,"avatar":"699688_avatar_1774538681.jpeg","delete_from":0,"is_enhanced_background":false,"is_enhanced":false,"product_selection_started":false,"is_active":true,"image_webp_url":"https:\/\/www.meska.hu\/img\/product\/small\/p\/e\/peppy_product_699688_260326172728_867185.webp"},{"id":"6168305","shop_id":"52355","user_id":"699688","shop_name":"Peppy","shop_zip":"4050","product_code":"5764892","product_name_old":null,"product_name":"Csillagos \u00e9g egyedi falik\u00e9p gyerekszob\u00e1ba","category_string":"Baba - mama, Babaszoba dekor\u00e1ci\u00f3, Babaposzter","technic_string":"Fot\u00f3, grafika, rajz, illusztr\u00e1ci\u00f3","category_1":"1735","category_2":"1466","category_3":"1759","category_4":"0","merged_category_1":null,"merged_category_2":null,"merged_category_3":null,"technic_1":"483","technic_2":"0","technic_3":"0","color_1":"521","color_2":"522","color_3":"526","product_description_old":null,"product_description":"Dobd fel gyermeked szob\u00e1j\u00e1t egy csillagos \u00e9ggel! \nEz a digit\u00e1lis falik\u00e9p k\u00e9pkeretbe ker\u00fclhet ak\u00e1r m\u00e1r ma!\n\nEzt az egyedi \u00e9s letisztult csillagos \u00e9g rajzot az\u00e9rt k\u00e9sz\u00edtettem, hogy b\u00e1rmilyen gyerekszob\u00e1t feld\u00edsz\u00edthess vele k\u00f6nnyed\u00e9n. Hiszem, hogy m\u0171v\u00e9szettel nem csup\u00e1n dekor\u00e1lni, de inspir\u00e1lni \u00e9s t\u00f6rt\u00e9netet mes\u00e9lni is lehet. \n\nHogyan m\u0171k\u00f6dik?\n\n1. Rendel\u00e9skor az \u00dczenet k\u00fcld\u00e9sn\u00e9l \u00edrd meg a gyermek nev\u00e9t \u00e9s sz\u00fclet\u00e9si d\u00e1tum\u00e1t. \n2. V\u00e1s\u00e1rold meg a term\u00e9ket.\n3. 12 \u00f3r\u00e1n bel\u00fcl elk\u00e9sz\u00fcl az egyedi rendel\u00e9sed, \u00e9s let\u00f6lthet\u0151 lesz. E-mailben \u00e9rtes\u00edt\u00e9st kapsz, amikor a f\u00e1jl el\u00e9rhet\u0151. Ha enn\u00e9l gyorsabban van r\u00e1 sz\u00fcks\u00e9ged k\u00e9rlek \u00edrd meg \u00fczenetben. \n\nA csomag 8 darab, nagy felbont\u00e1s\u00fa (300 dpi) JPG k\u00e9pf\u00e1jlt tartalmaz az egyedi designnal (A m\u00e9reteket l\u00e1sd az inform\u00e1ci\u00f3s k\u00e9pen.)\n\nHa olyan m\u00e9retre van sz\u00fcks\u00e9ged, ami nincs felt\u00fcntetve, \u00edrj \u00fczenetet.\n\nEz a babaszoba falik\u00e9p egy nyomtathat\u00f3 JPG f\u00e1jl, amit te magad nyomtathatsz ki, \u00e9s keretezhetsz be. Kiv\u00e1l\u00f3 v\u00e1laszt\u00e1s azoknak, akik szeretn\u00e9k a postai k\u00f6lts\u00e9get megsp\u00f3rolva min\u00e9l hamarabb megkapni a megv\u00e1s\u00e1rolt term\u00e9ket. A 8 f\u00e1jlm\u00e9ret megfelel a legt\u00f6bb forgalomban l\u00e9v\u0151 k\u00e9pkeret m\u00e9ret\u00e9vel, \u00edgy ha megl\u00e9v\u0151 keretbe szeretn\u00e9d a falik\u00e9pet, akkor is praktikus ez a digit\u00e1lis term\u00e9k, hiszen akkora m\u00e9retben nyomtatod ki, amekkor\u00e1ba szeretn\u00e9d. ","price":"2000.00","unit":"db","recommended":"0","status":"1","sponsored":"0","exp_notify":"0","own_material":"0","own_material_description_old":null,"own_material_description":"","jury":"0","jury_number":"","product_nature":"","meskaracsony":"0","create_date":"2026-03-26 17:27:03","shelve_id":"83031","image":"peppy_product_699688_260330141956_028577.jpeg","image_width":"480","image_height":"480","image_alt":"Csillagos \u00e9g egyedi falik\u00e9p gyerekszob\u00e1ba, Dobd fel gyermeked szob\u00e1j\u00e1t egy csillagos \u00e9ggel! \\nEz a digit\u00e1lis falik\u00e9p k\u00e9pkeretbe ker\u00fclhet ak\u00e1r m\u00e1..., Meska","image_title":"Csillagos \u00e9g egyedi falik\u00e9p gyerekszob\u00e1ba, Meska","view_count":"29","favourite_count":"0","trending_score":"0","last2MonthFavouriteCount":"0","promotion":"0","giftcard_accept":"0","creditcard_accept":true,"enhanced_background":"0","domain":"meska","specific_customer_id":null,"specific_customer_name":null,"to_order_product":"1","to_order_product_time":"1","product_different":null,"product_different_description":"","vintage":"0","vintage_category_id":"0","recycled":"0","gemstone_id":"0","customizable":"1","type_category":"digital","zerowaste":"0","postage_price":"0.00","shop_order":"0","has_category":"1","landing_pages":null,"microdata":{"number":32,"category":""},"title":"Csillagos \u00e9g egyedi falik\u00e9p gyerekszob\u00e1ba","description":"Dobd fel gyermeked szob\u00e1j\u00e1t egy csillagos \u00e9ggel! \nEz a digit\u00e1lis falik\u00e9p k\u00e9pkeretbe ker\u00fclhet ak\u00e1r m\u00e1r ma!\n\nEzt az egyedi \u00e9s letisztult csillagos \u00e9g rajzot az\u00e9rt k\u00e9sz\u00edtettem, hogy b\u00e1rmilyen gyerekszob\u00e1t feld\u00edsz\u00edthess vele k\u00f6nnyed\u00e9n. Hiszem, hogy m\u0171v\u00e9szettel nem csup\u00e1n dekor\u00e1lni, de inspir\u00e1lni \u00e9s t\u00f6rt\u00e9netet mes\u00e9lni is lehet. \n\nHogyan m\u0171k\u00f6dik?\n\n1. Rendel\u00e9skor az \u00dczenet k\u00fcld\u00e9sn\u00e9l \u00edrd meg a gyermek nev\u00e9t \u00e9s sz\u00fclet\u00e9si d\u00e1tum\u00e1t. \n2. V\u00e1s\u00e1rold meg a term\u00e9ket.\n3. 12 \u00f3r\u00e1n bel\u00fcl elk\u00e9sz\u00fcl az egyedi rendel\u00e9sed, \u00e9s let\u00f6lthet\u0151 lesz. E-mailben \u00e9rtes\u00edt\u00e9st kapsz, amikor a f\u00e1jl el\u00e9rhet\u0151. Ha enn\u00e9l gyorsabban van r\u00e1 sz\u00fcks\u00e9ged k\u00e9rlek \u00edrd meg \u00fczenetben. \n\nA csomag 8 darab, nagy felbont\u00e1s\u00fa (300 dpi) JPG k\u00e9pf\u00e1jlt tartalmaz az egyedi designnal (A m\u00e9reteket l\u00e1sd az inform\u00e1ci\u00f3s k\u00e9pen.)\n\nHa olyan m\u00e9retre van sz\u00fcks\u00e9ged, ami nincs felt\u00fcntetve, \u00edrj \u00fczenetet.\n\nEz a babaszoba falik\u00e9p egy nyomtathat\u00f3 JPG f\u00e1jl, amit te magad nyomtathatsz ki, \u00e9s keretezhetsz be. Kiv\u00e1l\u00f3 v\u00e1laszt\u00e1s azoknak, akik szeretn\u00e9k a postai k\u00f6lts\u00e9get megsp\u00f3rolva min\u00e9l hamarabb megkapni a megv\u00e1s\u00e1rolt term\u00e9ket. A 8 f\u00e1jlm\u00e9ret megfelel a legt\u00f6bb forgalomban l\u00e9v\u0151 k\u00e9pkeret m\u00e9ret\u00e9vel, \u00edgy ha megl\u00e9v\u0151 keretbe szeretn\u00e9d a falik\u00e9pet, akkor is praktikus ez a digit\u00e1lis term\u00e9k, hiszen akkora m\u00e9retben nyomtatod ki, amekkor\u00e1ba szeretn\u00e9d. ","score":0,"formatted_price":"2 000 Ft","image_url":"https:\/\/www.meska.hu\/img\/product\/small\/p\/e\/peppy_product_699688_260330141956_028577.jpeg","formatted_url":"https:\/\/www.meska.hu\/p5764892-csillagos-eg-egyedi-falikep-gyerekszobaba","favourite":false,"in_stock":false,"avatar":"699688_avatar_1774538681.jpeg","delete_from":0,"is_enhanced_background":false,"is_enhanced":false,"product_selection_started":false,"is_active":true,"image_webp_url":"https:\/\/www.meska.hu\/img\/product\/small\/p\/e\/peppy_product_699688_260330141956_028577.webp"},{"id":"6168287","shop_id":"52355","user_id":"699688","shop_name":"Peppy","shop_zip":"4050","product_code":"5764881","product_name_old":null,"product_name":"Mad\u00e1rk\u00e1s egyedi falik\u00e9p gyerekszob\u00e1ba","category_string":"Baba - mama, Babaszoba dekor\u00e1ci\u00f3, Babaposzter","technic_string":"Fot\u00f3, grafika, rajz, illusztr\u00e1ci\u00f3","category_1":"1735","category_2":"1466","category_3":"1759","category_4":"0","merged_category_1":null,"merged_category_2":null,"merged_category_3":null,"technic_1":"483","technic_2":"0","technic_3":"0","color_1":"522","color_2":"526","color_3":"529","product_description_old":null,"product_description":"Dobd fel gyermeked szob\u00e1j\u00e1t n\u00e9h\u00e1ny rep\u00fcl\u0151 kismad\u00e1rral! \n\nEzt az egyedi \u00e9s letisztult mad\u00e1rk\u00e1s rajzot az\u00e9rt k\u00e9sz\u00edtettem, hogy b\u00e1rmilyen gyerekszob\u00e1t feld\u00edsz\u00edthess vele. Hiszem, hogy a m\u0171v\u00e9szettel nem csup\u00e1n dekor\u00e1lni de inspir\u00e1lni \u00e9s t\u00f6rt\u00e9netet mes\u00e9lni is lehet.\n\nHogyan m\u0171k\u00f6dik?\n\n1. Rendel\u00e9skor az \u00dczenet k\u00fcld\u00e9sn\u00e9l \u00edrd meg a gyermek nev\u00e9t \u00e9s sz\u00fclet\u00e9si d\u00e1tum\u00e1t. \n2. V\u00e1s\u00e1rold meg a term\u00e9ket.\n3. 12 \u00f3r\u00e1n bel\u00fcl elk\u00e9sz\u00fcl az egyedi rendel\u00e9sed, \u00e9s let\u00f6lthet\u0151 lesz. E-mailben \u00e9rtes\u00edt\u00e9st kapsz, amikor a f\u00e1jl el\u00e9rhet\u0151. Ha enn\u00e9l gyorsabban van r\u00e1 sz\u00fcks\u00e9ged k\u00e9rlek \u00edrd meg \u00fczenetben. \n\nA csomag 8 darab, nagy felbont\u00e1s\u00fa (300 dpi) JPG k\u00e9pf\u00e1jlt tartalmaz az egyedi designnal (A m\u00e9reteket l\u00e1sd az inform\u00e1ci\u00f3s k\u00e9pen.)\n\nHa olyan m\u00e9retre van sz\u00fcks\u00e9ged, ami nincs felt\u00fcntetve, \u00edrj \u00fczenetet.\n\nEz a babaszoba falik\u00e9p egy nyomtathat\u00f3 JPG f\u00e1jl, amit te magad nyomtathatsz ki, \u00e9s keretezhetsz be. Kiv\u00e1l\u00f3 v\u00e1laszt\u00e1s azoknak, akik szeretn\u00e9k a postai k\u00f6lts\u00e9get megsp\u00f3rolva min\u00e9l hamarabb megkapni a megv\u00e1s\u00e1rolt term\u00e9ket. A 8 f\u00e1jlm\u00e9ret megfelel a legt\u00f6bb forgalomban l\u00e9v\u0151 k\u00e9pkeret m\u00e9ret\u00e9vel, \u00edgy ha megl\u00e9v\u0151 keretbe szeretn\u00e9d a falik\u00e9pet, akkor is praktikus ez a digit\u00e1lis term\u00e9k, hiszen akkora m\u00e9retben nyomtatod ki, amekkor\u00e1ba szeretn\u00e9d. ","price":"2000.00","unit":"db","recommended":"0","status":"1","sponsored":"0","exp_notify":"0","own_material":"0","own_material_description_old":null,"own_material_description":"","jury":"0","jury_number":"","product_nature":"","meskaracsony":"0","create_date":"2026-03-26 17:06:59","shelve_id":"83031","image":"peppy_product_699688_260326170601_477920.jpeg","image_width":"480","image_height":"600","image_alt":"Mad\u00e1rk\u00e1s egyedi falik\u00e9p gyerekszob\u00e1ba, Dobd fel gyermeked szob\u00e1j\u00e1t n\u00e9h\u00e1ny rep\u00fcl\u0151 kismad\u00e1rral! \\n\\nEzt az egyedi \u00e9s letisztult mad\u00e1rk\u00e1s rajzot..., Meska","image_title":"Mad\u00e1rk\u00e1s egyedi falik\u00e9p gyerekszob\u00e1ba, Meska","view_count":"28","favourite_count":"0","trending_score":"0","last2MonthFavouriteCount":"0","promotion":"0","giftcard_accept":"0","creditcard_accept":true,"enhanced_background":"0","domain":"meska","specific_customer_id":null,"specific_customer_name":null,"to_order_product":"1","to_order_product_time":"1","product_different":null,"product_different_description":"","vintage":"0","vintage_category_id":"0","recycled":"0","gemstone_id":"0","customizable":"1","type_category":"digital","zerowaste":"0","postage_price":"0.00","shop_order":"0","has_category":"1","landing_pages":null,"microdata":{"number":33,"category":""},"title":"Mad\u00e1rk\u00e1s egyedi falik\u00e9p gyerekszob\u00e1ba","description":"Dobd fel gyermeked szob\u00e1j\u00e1t n\u00e9h\u00e1ny rep\u00fcl\u0151 kismad\u00e1rral! \n\nEzt az egyedi \u00e9s letisztult mad\u00e1rk\u00e1s rajzot az\u00e9rt k\u00e9sz\u00edtettem, hogy b\u00e1rmilyen gyerekszob\u00e1t feld\u00edsz\u00edthess vele. Hiszem, hogy a m\u0171v\u00e9szettel nem csup\u00e1n dekor\u00e1lni de inspir\u00e1lni \u00e9s t\u00f6rt\u00e9netet mes\u00e9lni is lehet.\n\nHogyan m\u0171k\u00f6dik?\n\n1. Rendel\u00e9skor az \u00dczenet k\u00fcld\u00e9sn\u00e9l \u00edrd meg a gyermek nev\u00e9t \u00e9s sz\u00fclet\u00e9si d\u00e1tum\u00e1t. \n2. V\u00e1s\u00e1rold meg a term\u00e9ket.\n3. 12 \u00f3r\u00e1n bel\u00fcl elk\u00e9sz\u00fcl az egyedi rendel\u00e9sed, \u00e9s let\u00f6lthet\u0151 lesz. E-mailben \u00e9rtes\u00edt\u00e9st kapsz, amikor a f\u00e1jl el\u00e9rhet\u0151. Ha enn\u00e9l gyorsabban van r\u00e1 sz\u00fcks\u00e9ged k\u00e9rlek \u00edrd meg \u00fczenetben. \n\nA csomag 8 darab, nagy felbont\u00e1s\u00fa (300 dpi) JPG k\u00e9pf\u00e1jlt tartalmaz az egyedi designnal (A m\u00e9reteket l\u00e1sd az inform\u00e1ci\u00f3s k\u00e9pen.)\n\nHa olyan m\u00e9retre van sz\u00fcks\u00e9ged, ami nincs felt\u00fcntetve, \u00edrj \u00fczenetet.\n\nEz a babaszoba falik\u00e9p egy nyomtathat\u00f3 JPG f\u00e1jl, amit te magad nyomtathatsz ki, \u00e9s keretezhetsz be. Kiv\u00e1l\u00f3 v\u00e1laszt\u00e1s azoknak, akik szeretn\u00e9k a postai k\u00f6lts\u00e9get megsp\u00f3rolva min\u00e9l hamarabb megkapni a megv\u00e1s\u00e1rolt term\u00e9ket. A 8 f\u00e1jlm\u00e9ret megfelel a legt\u00f6bb forgalomban l\u00e9v\u0151 k\u00e9pkeret m\u00e9ret\u00e9vel, \u00edgy ha megl\u00e9v\u0151 keretbe szeretn\u00e9d a falik\u00e9pet, akkor is praktikus ez a digit\u00e1lis term\u00e9k, hiszen akkora m\u00e9retben nyomtatod ki, amekkor\u00e1ba szeretn\u00e9d. ","score":0,"formatted_price":"2 000 Ft","image_url":"https:\/\/www.meska.hu\/img\/product\/small\/p\/e\/peppy_product_699688_260326170601_477920.jpeg","formatted_url":"https:\/\/www.meska.hu\/p5764881-madarkas-egyedi-falikep-gyerekszobaba","favourite":false,"in_stock":false,"avatar":"699688_avatar_1774538681.jpeg","delete_from":0,"is_enhanced_background":false,"is_enhanced":false,"product_selection_started":false,"is_active":true,"image_webp_url":"https:\/\/www.meska.hu\/img\/product\/small\/p\/e\/peppy_product_699688_260326170601_477920.webp"},{"id":"6168283","shop_id":"52355","user_id":"699688","shop_name":"Peppy","shop_zip":"4050","product_code":"5764880","product_name_old":null,"product_name":"Kisaut\u00f3s egyedi falik\u00e9p gyerekszob\u00e1ba","category_string":"Baba - mama, Babaszoba dekor\u00e1ci\u00f3, Babaposzter","technic_string":"Fot\u00f3, grafika, rajz, illusztr\u00e1ci\u00f3","category_1":"1735","category_2":"1466","category_3":"1759","category_4":"0","merged_category_1":null,"merged_category_2":null,"merged_category_3":null,"technic_1":"483","technic_2":"0","technic_3":"0","color_1":"523","color_2":"526","color_3":"529","product_description_old":null,"product_description":"Dobd fel gyermeked szob\u00e1j\u00e1t n\u00e9h\u00e1ny sz\u00ednes kisaut\u00f3val! \n\nEzt az egyedi \u00e9s letisztult aut\u00f3s rajzot az\u00e9rt k\u00e9sz\u00edtettem, hogy b\u00e1rmilyen gyerekszob\u00e1t feld\u00edsz\u00edthess vele. Hiszem, hogy a m\u0171v\u00e9szettel nem csup\u00e1n dekor\u00e1lni de inspir\u00e1lni \u00e9s t\u00f6rt\u00e9netet mes\u00e9lni is lehet.\n\nHogyan m\u0171k\u00f6dik?\n\n1. Rendel\u00e9skor az \u00dczenet k\u00fcld\u00e9sn\u00e9l \u00edrd meg a gyermek nev\u00e9t \u00e9s sz\u00fclet\u00e9si d\u00e1tum\u00e1t. \n2. V\u00e1s\u00e1rold meg a term\u00e9ket.\n3. 12 \u00f3r\u00e1n bel\u00fcl elk\u00e9sz\u00fcl az egyedi rendel\u00e9sed, \u00e9s let\u00f6lthet\u0151 lesz. E-mailben \u00e9rtes\u00edt\u00e9st kapsz, amikor a f\u00e1jl el\u00e9rhet\u0151. Ha enn\u00e9l gyorsabban van r\u00e1 sz\u00fcks\u00e9ged k\u00e9rlek \u00edrd meg \u00fczenetben. \n\nA csomag 8 darab, nagy felbont\u00e1s\u00fa (300 dpi) JPG k\u00e9pf\u00e1jlt tartalmaz az egyedi designnal (A m\u00e9reteket l\u00e1sd az inform\u00e1ci\u00f3s k\u00e9pen.)\n\nHa olyan m\u00e9retre van sz\u00fcks\u00e9ged, ami nincs felt\u00fcntetve, \u00edrj \u00fczenetet.\n\nEz a babaszoba falik\u00e9p egy nyomtathat\u00f3 JPG f\u00e1jl, amit te magad nyomtathatsz ki, \u00e9s keretezhetsz be. Kiv\u00e1l\u00f3 v\u00e1laszt\u00e1s azoknak, akik szeretn\u00e9k a postai k\u00f6lts\u00e9get megsp\u00f3rolva min\u00e9l hamarabb megkapni a megv\u00e1s\u00e1rolt term\u00e9ket. A 8 f\u00e1jlm\u00e9ret megfelel a legt\u00f6bb forgalomban l\u00e9v\u0151 k\u00e9pkeret m\u00e9ret\u00e9vel, \u00edgy ha megl\u00e9v\u0151 keretbe szeretn\u00e9d a falik\u00e9pet, akkor is praktikus ez a digit\u00e1lis term\u00e9k, hiszen akkora m\u00e9retben nyomtatod ki, amekkor\u00e1ba szeretn\u00e9d. ","price":"2000.00","unit":"db","recommended":"0","status":"1","sponsored":"0","exp_notify":"0","own_material":"0","own_material_description_old":null,"own_material_description":"","jury":"0","jury_number":"","product_nature":"","meskaracsony":"0","create_date":"2026-03-26 17:03:09","shelve_id":"83031","image":"peppy_product_699688_260326170108_799316.jpeg","image_width":"480","image_height":"600","image_alt":"Kisaut\u00f3s egyedi falik\u00e9p gyerekszob\u00e1ba, Dobd fel gyermeked szob\u00e1j\u00e1t n\u00e9h\u00e1ny sz\u00ednes kisaut\u00f3val! \\n\\nEzt az egyedi \u00e9s letisztult aut\u00f3s rajzot az\u00e9..., Meska","image_title":"Kisaut\u00f3s egyedi falik\u00e9p gyerekszob\u00e1ba, Meska","view_count":"33","favourite_count":"0","trending_score":"0","last2MonthFavouriteCount":"0","promotion":"0","giftcard_accept":"0","creditcard_accept":true,"enhanced_background":"0","domain":"meska","specific_customer_id":null,"specific_customer_name":null,"to_order_product":"1","to_order_product_time":"1","product_different":null,"product_different_description":"","vintage":"0","vintage_category_id":"0","recycled":"0","gemstone_id":"0","customizable":"1","type_category":"digital","zerowaste":"0","postage_price":"0.00","shop_order":"0","has_category":"1","landing_pages":null,"microdata":{"number":34,"category":""},"title":"Kisaut\u00f3s egyedi falik\u00e9p gyerekszob\u00e1ba","description":"Dobd fel gyermeked szob\u00e1j\u00e1t n\u00e9h\u00e1ny sz\u00ednes kisaut\u00f3val! \n\nEzt az egyedi \u00e9s letisztult aut\u00f3s rajzot az\u00e9rt k\u00e9sz\u00edtettem, hogy b\u00e1rmilyen gyerekszob\u00e1t feld\u00edsz\u00edthess vele. Hiszem, hogy a m\u0171v\u00e9szettel nem csup\u00e1n dekor\u00e1lni de inspir\u00e1lni \u00e9s t\u00f6rt\u00e9netet mes\u00e9lni is lehet.\n\nHogyan m\u0171k\u00f6dik?\n\n1. Rendel\u00e9skor az \u00dczenet k\u00fcld\u00e9sn\u00e9l \u00edrd meg a gyermek nev\u00e9t \u00e9s sz\u00fclet\u00e9si d\u00e1tum\u00e1t. \n2. V\u00e1s\u00e1rold meg a term\u00e9ket.\n3. 12 \u00f3r\u00e1n bel\u00fcl elk\u00e9sz\u00fcl az egyedi rendel\u00e9sed, \u00e9s let\u00f6lthet\u0151 lesz. E-mailben \u00e9rtes\u00edt\u00e9st kapsz, amikor a f\u00e1jl el\u00e9rhet\u0151. Ha enn\u00e9l gyorsabban van r\u00e1 sz\u00fcks\u00e9ged k\u00e9rlek \u00edrd meg \u00fczenetben. \n\nA csomag 8 darab, nagy felbont\u00e1s\u00fa (300 dpi) JPG k\u00e9pf\u00e1jlt tartalmaz az egyedi designnal (A m\u00e9reteket l\u00e1sd az inform\u00e1ci\u00f3s k\u00e9pen.)\n\nHa olyan m\u00e9retre van sz\u00fcks\u00e9ged, ami nincs felt\u00fcntetve, \u00edrj \u00fczenetet.\n\nEz a babaszoba falik\u00e9p egy nyomtathat\u00f3 JPG f\u00e1jl, amit te magad nyomtathatsz ki, \u00e9s keretezhetsz be. Kiv\u00e1l\u00f3 v\u00e1laszt\u00e1s azoknak, akik szeretn\u00e9k a postai k\u00f6lts\u00e9get megsp\u00f3rolva min\u00e9l hamarabb megkapni a megv\u00e1s\u00e1rolt term\u00e9ket. A 8 f\u00e1jlm\u00e9ret megfelel a legt\u00f6bb forgalomban l\u00e9v\u0151 k\u00e9pkeret m\u00e9ret\u00e9vel, \u00edgy ha megl\u00e9v\u0151 keretbe szeretn\u00e9d a falik\u00e9pet, akkor is praktikus ez a digit\u00e1lis term\u00e9k, hiszen akkora m\u00e9retben nyomtatod ki, amekkor\u00e1ba szeretn\u00e9d. ","score":0,"formatted_price":"2 000 Ft","image_url":"https:\/\/www.meska.hu\/img\/product\/small\/p\/e\/peppy_product_699688_260326170108_799316.jpeg","formatted_url":"https:\/\/www.meska.hu\/p5764880-kisautos-egyedi-falikep-gyerekszobaba","favourite":false,"in_stock":false,"avatar":"699688_avatar_1774538681.jpeg","delete_from":0,"is_enhanced_background":false,"is_enhanced":false,"product_selection_started":false,"is_active":true,"image_webp_url":"https:\/\/www.meska.hu\/img\/product\/small\/p\/e\/peppy_product_699688_260326170108_799316.webp"},{"id":"3507943","shop_id":"31288","user_id":"398004","shop_name":"panadesign","shop_zip":"2071","product_code":"3934578","product_name_old":null,"product_name":"Babaposzter, Sz\u00fclet\u00e9snapi poszter, aj\u00e1nd\u00e9k bab\u00e1knak, els\u0151 sz\u00fclet\u00e9snap, zsir\u00e1fos poszter","category_string":"Baba - mama, Babaposzter, Babaszoba dekor\u00e1ci\u00f3","technic_string":"Fot\u00f3, grafika, rajz, illusztr\u00e1ci\u00f3","category_1":"1735","category_2":"1759","category_3":"1466","category_4":"0","merged_category_1":"0","merged_category_2":"0","merged_category_3":"785","technic_1":"483","technic_2":"0","technic_3":"0","color_1":"532","color_2":"0","color_3":"0","product_description_old":null,"product_description":"FIGYELEM: A TERM\u00c9K CSAK DIGIT\u00c1LISAN KER\u00dcL KIK\u00dcLD\u00c9SRE!\n\n\u00d6r\u00f6k\u00edtsd meg az eddigi id\u0151szakot \u00e9s lepd meg vele sz\u00fclet\u00e9snapj\u00e1n saj\u00e1t gyermekedet, de ak\u00e1r aj\u00e1nd\u00e9kk\u00e9nt is t\u00f6k\u00e9letes vagy egy fot\u00f3z\u00e1s alkalm\u00e1val! :) Els\u0151, m\u00e1sodik, harmadik stb. sz\u00fclet\u00e9snapra is k\u00e9rhet\u0151!\n\nK\u00e9rlek hogy a v\u00e1s\u00e1rl\u00e1s ut\u00e1n a poszteren tal\u00e1lhat\u00f3 sz\u00f6vegnek megfelel\u0151en k\u00fcldd el azokat az adatokat, amiket viszont szeretn\u00e9l l\u00e1tni a poszteren! (Pl: S\u00faly, fogak sz\u00e1ma, hossza, miket szeret enni\/inni\/csin\u00e1lni, miket tud m\u00e1r csin\u00e1lni, stb.)\n\nAz adatok alapj\u00e1n elk\u00e9sz\u00edtem a posztert \u00e9s az el\u0151reutal\u00e1s ut\u00e1n elk\u00fcld\u00f6m neked a k\u00e9sz grafik\u00e1t egy kiv\u00e1l\u00f3 min\u0151s\u00e9g\u0171 nyomdai pdf-ben, melyet azonnal ki tudsz nyomtatni.\nA term\u00e9k m\u00e9rete: A4-es m\u00e9ret\u0171, azaz 210 x 297 mm, de k\u00e9rhet\u0151 A3 m\u00e9retben is.\n\nAmennyiben egyedi elk\u00e9pzel\u00e9sed lenne, keress bizalommal \u00fczenetben!","price":"4900.00","unit":"db","recommended":"0","status":"1","sponsored":"0","exp_notify":"0","own_material":"0","own_material_description_old":null,"own_material_description":"","jury":"0","jury_number":"","product_nature":"","meskaracsony":"0","create_date":"2026-03-23 22:09:31","shelve_id":"0","image":"panadesign_product_398004_201121120744_548426.jpeg","image_width":"480","image_height":"384","image_alt":"Babaposzter, Sz\u00fclet\u00e9snapi poszter, aj\u00e1nd\u00e9k bab\u00e1knak, els\u0151 sz\u00fclet\u00e9snap, zsir\u00e1fos poszter, FIGYELEM: A TERM\u00c9K CSAK DIGIT\u00c1LISAN KER\u00dcL KIK\u00dcLD\u00c9SRE!\\n\\n\u00d6r\u00f6k\u00edtsd meg az eddigi id\u0151szakot \u00e9s lepd meg ..., Meska","image_title":"Babaposzter, Sz\u00fclet\u00e9snapi poszter, aj\u00e1nd\u00e9k bab\u00e1knak, els\u0151 sz\u00fclet\u00e9snap, zsir\u00e1fos poszter, Meska","view_count":"4650","favourite_count":"0","trending_score":"0","last2MonthFavouriteCount":"0","promotion":"0","giftcard_accept":"1","creditcard_accept":true,"enhanced_background":"0","domain":"meska","specific_customer_id":null,"specific_customer_name":null,"to_order_product":"1","to_order_product_time":"3","product_different":"quite_different","product_different_description":"Bet\u0171k, sz\u00f3k\u00f6z\u00f6k, sz\u00ednek, bet\u0171t\u00edpusok","vintage":"0","vintage_category_id":"0","recycled":"0","gemstone_id":"0","customizable":"0","type_category":"digital","zerowaste":"0","postage_price":"0.00","shop_order":"0","has_category":"1","landing_pages":null,"microdata":{"number":35,"category":""},"title":"Babaposzter, Sz\u00fclet\u00e9snapi poszter, aj\u00e1nd\u00e9k bab\u00e1knak, els\u0151 sz\u00fclet\u00e9snap, zsir\u00e1fos poszter","description":"FIGYELEM: A TERM\u00c9K CSAK DIGIT\u00c1LISAN KER\u00dcL KIK\u00dcLD\u00c9SRE!\n\n\u00d6r\u00f6k\u00edtsd meg az eddigi id\u0151szakot \u00e9s lepd meg vele sz\u00fclet\u00e9snapj\u00e1n saj\u00e1t gyermekedet, de ak\u00e1r aj\u00e1nd\u00e9kk\u00e9nt is t\u00f6k\u00e9letes vagy egy fot\u00f3z\u00e1s alkalm\u00e1val! :) Els\u0151, m\u00e1sodik, harmadik stb. sz\u00fclet\u00e9snapra is k\u00e9rhet\u0151!\n\nK\u00e9rlek hogy a v\u00e1s\u00e1rl\u00e1s ut\u00e1n a poszteren tal\u00e1lhat\u00f3 sz\u00f6vegnek megfelel\u0151en k\u00fcldd el azokat az adatokat, amiket viszont szeretn\u00e9l l\u00e1tni a poszteren! (Pl: S\u00faly, fogak sz\u00e1ma, hossza, miket szeret enni\/inni\/csin\u00e1lni, miket tud m\u00e1r csin\u00e1lni, stb.)\n\nAz adatok alapj\u00e1n elk\u00e9sz\u00edtem a posztert \u00e9s az el\u0151reutal\u00e1s ut\u00e1n elk\u00fcld\u00f6m neked a k\u00e9sz grafik\u00e1t egy kiv\u00e1l\u00f3 min\u0151s\u00e9g\u0171 nyomdai pdf-ben, melyet azonnal ki tudsz nyomtatni.\nA term\u00e9k m\u00e9rete: A4-es m\u00e9ret\u0171, azaz 210 x 297 mm, de k\u00e9rhet\u0151 A3 m\u00e9retben is.\n\nAmennyiben egyedi elk\u00e9pzel\u00e9sed lenne, keress bizalommal \u00fczenetben!","score":0,"formatted_price":"4 900 Ft","image_url":"https:\/\/www.meska.hu\/img\/product\/small\/p\/a\/panadesign_product_398004_201121120744_548426.jpeg","formatted_url":"https:\/\/www.meska.hu\/p3934578-babaposzter-szuletesnapi-poszter-ajandek-babaknak-elso-szuletesnap","favourite":false,"in_stock":false,"avatar":"panadesign_avatar_398004_1605705071.jpg","delete_from":0,"is_enhanced_background":false,"is_enhanced":false,"product_selection_started":false,"is_active":true,"image_webp_url":"https:\/\/www.meska.hu\/img\/product\/small\/p\/a\/panadesign_product_398004_201121120744_548426.webp"},{"id":"5211909","shop_id":"44118","user_id":"322526","shop_name":"MEMORIIS","shop_zip":"4225","product_code":"5211541","product_name_old":null,"product_name":"Els\u0151 sz\u00fclet\u00e9snapom - L\u00e1nyos baba poszter - Rozina","category_string":"Baba - mama, Babaposzter, Babaszoba dekor\u00e1ci\u00f3","technic_string":"Fot\u00f3, grafika, rajz, illusztr\u00e1ci\u00f3","category_1":"1735","category_2":"1759","category_3":"1466","category_4":"0","merged_category_1":"0","merged_category_2":"0","merged_category_3":"785","technic_1":"483","technic_2":"0","technic_3":"0","color_1":"514","color_2":"519","color_3":"520","product_description_old":null,"product_description":"K\u00f6zeleg a csemet\u00e9d els\u0151 sz\u00fclet\u00e9snapja? Itt a remek alkalom, hogy ezzel a csod\u00e1latos eml\u00e9kk\u00e9ppel \u00f6r\u00f6k\u00edts\u00e9tek meg gyermeketek els\u0151 \u00e9v\u00e9t.\n\nR E N D E L \u00c9 S   M E N E T E :\n=========================\n\u27a4 Tedd a kos\u00e1rba a v\u00e1lasztott term\u00e9k vari\u00e1ci\u00f3t.\n\u27a4 \u00dczenetben k\u00fcldd el az al\u00e1bbiakat:\n         - Keresztn\u00e9v\n         - Sz\u00fclet\u00e9si d\u00e1tum\n         - Sz\u00fclet\u00e9si adatok ( id\u0151, s\u00faly, hossz )\n         - Jelenlegi adatok ( s\u00faly, magass\u00e1g )\n         - Amit tudok\n         - Beceneveim\n         - Fogak sz\u00e1ma\n         - Amit szeretek\n         - Kedvenc mes\u00e9im\n         - Amiket mondok\n         - Els\u0151 szavam\n         - Kedvenc \u00e9teleim\n\u27a4 Ha minden sz\u00fcks\u00e9ges elem be\u00e9rkezett akkor 1 munkanapon bel\u00fcl megkapod a l\u00e1tv\u00e1nytervet,\n\u27a4 Ha b\u00e1rmit szeretn\u00e9l v\u00e1ltoztatni itt m\u00e9g megteheted,\n\u27a4 Miut\u00e1n meger\u0151s\u00edtetted, hogy rendben van a l\u00e1tv\u00e1nyterv, k\u00e9rlek fizesd ki a term\u00e9ket.\n\u27a4 Amint be\u00e9rkezik az \u00f6sszeg elkezdem legy\u00e1rtani az aj\u00e1nd\u00e9kot\n\n\nS Z \u00c1 L L \u00cd T \u00c1 S I    I N F O R M \u00c1 C I \u00d3 K :\n===================================\n\u27a4 Elk\u00e9sz\u00edt\u00e9si id\u0151 1 - 3 munkanap + sz\u00e1ll\u00edt\u00e1si id\u0151.\n\n\nE G Y \u00c9 B   T U D N I V A L \u00d3 K :\n===========================\n\u27a4 \"Digit\u00e1lis\" rendel\u00e9s eset\u00e9n csak az elk\u00e9sz\u00fclt grafika ker\u00fcl elk\u00fcld\u00e9sre PDF form\u00e1tumban.\n\u27a4 A term\u00e9k rendel\u00e9sre k\u00e9sz\u00fcl, ez\u00e9rt csere, visszak\u00fcld\u00e9s \u00e9s lemond\u00e1s nem lehets\u00e9ges.\n\u27a4 A v\u00e1laszhat\u00f3 vari\u00e1ci\u00f3k 30x40-es \u00e9s 40x50-es m\u00e9ret, illetve fekete, feh\u00e9r vagy fahat\u00e1s\u00fa k\u00e9pkeret.\n\u27a4 A felt\u00f6lt\u00f6tt k\u00e9pek illusztr\u00e1ci\u00f3k, a k\u00fcld\u00f6tt k\u00e9pkeret vastags\u00e1gban\/sz\u00ednben elt\u00e9r\u0151 lehet.","price":"8999.00","unit":"db","recommended":"0","status":"1","sponsored":"0","exp_notify":"0","own_material":"0","own_material_description_old":null,"own_material_description":"","jury":"0","jury_number":"","product_nature":"","meskaracsony":"0","create_date":"2026-03-21 11:53:13","shelve_id":"0","image":"memoriis_product_322526_240203150114_885356.jpeg","image_width":"480","image_height":"653","image_alt":"Els\u0151 sz\u00fclet\u00e9snapom - L\u00e1nyos baba poszter - Rozina, K\u00f6zeleg a csemet\u00e9d els\u0151 sz\u00fclet\u00e9snapja? Itt a remek alkalom, hogy ezzel a csod\u00e1latos eml\u00e9kk\u00e9ppel \u00f6r\u00f6k..., Meska","image_title":"Els\u0151 sz\u00fclet\u00e9snapom - L\u00e1nyos baba poszter - Rozina, Meska","view_count":"665","favourite_count":"0","trending_score":"0","last2MonthFavouriteCount":"0","promotion":"0","giftcard_accept":"0","creditcard_accept":false,"enhanced_background":"0","domain":"meska","specific_customer_id":null,"specific_customer_name":null,"to_order_product":"1","to_order_product_time":"2","product_different":null,"product_different_description":"","vintage":"0","vintage_category_id":"0","recycled":"0","gemstone_id":"0","customizable":"1","type_category":"digital","zerowaste":"0","postage_price":"0.00","shop_order":"0","has_category":"1","landing_pages":null,"microdata":{"number":36,"category":""},"title":"Els\u0151 sz\u00fclet\u00e9snapom - L\u00e1nyos baba poszter - Rozina","description":"K\u00f6zeleg a csemet\u00e9d els\u0151 sz\u00fclet\u00e9snapja? Itt a remek alkalom, hogy ezzel a csod\u00e1latos eml\u00e9kk\u00e9ppel \u00f6r\u00f6k\u00edts\u00e9tek meg gyermeketek els\u0151 \u00e9v\u00e9t.\n\nR E N D E L \u00c9 S   M E N E T E :\n=========================\n\u27a4 Tedd a kos\u00e1rba a v\u00e1lasztott term\u00e9k vari\u00e1ci\u00f3t.\n\u27a4 \u00dczenetben k\u00fcldd el az al\u00e1bbiakat:\n         - Keresztn\u00e9v\n         - Sz\u00fclet\u00e9si d\u00e1tum\n         - Sz\u00fclet\u00e9si adatok ( id\u0151, s\u00faly, hossz )\n         - Jelenlegi adatok ( s\u00faly, magass\u00e1g )\n         - Amit tudok\n         - Beceneveim\n         - Fogak sz\u00e1ma\n         - Amit szeretek\n         - Kedvenc mes\u00e9im\n         - Amiket mondok\n         - Els\u0151 szavam\n         - Kedvenc \u00e9teleim\n\u27a4 Ha minden sz\u00fcks\u00e9ges elem be\u00e9rkezett akkor 1 munkanapon bel\u00fcl megkapod a l\u00e1tv\u00e1nytervet,\n\u27a4 Ha b\u00e1rmit szeretn\u00e9l v\u00e1ltoztatni itt m\u00e9g megteheted,\n\u27a4 Miut\u00e1n meger\u0151s\u00edtetted, hogy rendben van a l\u00e1tv\u00e1nyterv, k\u00e9rlek fizesd ki a term\u00e9ket.\n\u27a4 Amint be\u00e9rkezik az \u00f6sszeg elkezdem legy\u00e1rtani az aj\u00e1nd\u00e9kot\n\n\nS Z \u00c1 L L \u00cd T \u00c1 S I    I N F O R M \u00c1 C I \u00d3 K :\n===================================\n\u27a4 Elk\u00e9sz\u00edt\u00e9si id\u0151 1 - 3 munkanap + sz\u00e1ll\u00edt\u00e1si id\u0151.\n\n\nE G Y \u00c9 B   T U D N I V A L \u00d3 K :\n===========================\n\u27a4 \"Digit\u00e1lis\" rendel\u00e9s eset\u00e9n csak az elk\u00e9sz\u00fclt grafika ker\u00fcl elk\u00fcld\u00e9sre PDF form\u00e1tumban.\n\u27a4 A term\u00e9k rendel\u00e9sre k\u00e9sz\u00fcl, ez\u00e9rt csere, visszak\u00fcld\u00e9s \u00e9s lemond\u00e1s nem lehets\u00e9ges.\n\u27a4 A v\u00e1laszhat\u00f3 vari\u00e1ci\u00f3k 30x40-es \u00e9s 40x50-es m\u00e9ret, illetve fekete, feh\u00e9r vagy fahat\u00e1s\u00fa k\u00e9pkeret.\n\u27a4 A felt\u00f6lt\u00f6tt k\u00e9pek illusztr\u00e1ci\u00f3k, a k\u00fcld\u00f6tt k\u00e9pkeret vastags\u00e1gban\/sz\u00ednben elt\u00e9r\u0151 lehet.","score":0,"formatted_price":"8 999 Ft","image_url":"https:\/\/www.meska.hu\/img\/product\/small\/m\/e\/memoriis_product_322526_240203150114_885356.jpeg","formatted_url":"https:\/\/www.meska.hu\/p5211541-elso-szuletesnapom-lanyos-baba-poszter-rozina","favourite":false,"in_stock":false,"avatar":"322526_avatar_1706691547.png","delete_from":0,"is_enhanced_background":false,"is_enhanced":false,"product_selection_started":false,"is_active":true,"image_webp_url":"https:\/\/www.meska.hu\/img\/product\/small\/m\/e\/memoriis_product_322526_240203150114_885356.webp"},{"id":"5708182","shop_id":"47960","user_id":"702930","shop_name":"VICREADesign","shop_zip":"8372","product_code":"5505915","product_name_old":null,"product_name":"Els\u0151 H\u00fasv\u00e9tom l\u00e1blenyomatos poszter!","category_string":"Baba - mama, Babaszoba dekor\u00e1ci\u00f3, Babaposzter","technic_string":"Fot\u00f3, grafika, rajz, illusztr\u00e1ci\u00f3","category_1":"1735","category_2":"1466","category_3":"1759","category_4":"0","merged_category_1":null,"merged_category_2":null,"merged_category_3":null,"technic_1":"483","technic_2":"0","technic_3":"0","color_1":"515","color_2":"521","color_3":"525","product_description_old":null,"product_description":"Tedd felejthetetlenn\u00e9 kisbab\u00e1d els\u0151 h\u00fasv\u00e9tj\u00e1t ezzel a k\u00fcl\u00f6nleges, k\u00e9zzel k\u00e9sz\u00fclt eml\u00e9klappal! A nyuszi arc\u00e1t a baba saj\u00e1t l\u00e1blenyomata teszi igaz\u00e1n egyediv\u00e9, \u00edgy egy meghat\u00f3 \u00e9s szem\u00e9lyes eml\u00e9k marad.\n\nMit tartalmaz ?\nPDF f\u00e1jl (alap\u00e1r) \u2013 saj\u00e1t nyomtat\u00e1sra.\nNyomtatott poszter opci\u00f3 \u2013 k\u00e9rhet\u0151 fekete, feh\u00e9r vagy fahat\u00e1s\u00fa k\u00e9pkeretben (fel\u00e1r ellen\u00e9ben).\n\nM\u00e9ret: A4 \n\nHogyan k\u00e9sz\u00fcl?\nA poszter egy digit\u00e1lisan k\u00fcld\u00f6tt vagy el\u0151re nyomtatott, eleg\u00e1ns grafik\u00e1val ell\u00e1tott lap, amelyet baba- vagy gyermekbar\u00e1t fest\u00e9kkel otthon lehet kieg\u00e9sz\u00edteni a gyermek l\u00e1blenyomat\u00e1val \u2013 \u00edgy v\u00e1lik igaz\u00e1n egyediv\u00e9 \u00e9s szem\u00e9lyess\u00e9! (A fest\u00e9k nem tartoz\u00e9k.)\n\n\u2714\ufe0f Digit\u00e1lis rendel\u00e9s eset\u00e9n nagy felbont\u00e1s\u00fa PDF form\u00e1tumban e-mailben\nElk\u00e9sz\u00edt\u00e9si id\u0151: 1-2 munkanap (Adatok be\u00e9rkez\u00e9s\u00e9t\u0151l sz\u00e1m\u00edtva)\n\u2714\ufe0f Nyomtatott, k\u00e9pkeretes verzi\u00f3ban post\u00e1zva\nElk\u00e9sz\u00edt\u00e9si id\u0151: 5-6 munkanap (Adatok be\u00e9rkez\u00e9s\u00e9t\u0151l sz\u00e1m\u00edtva)\n\nFontos inform\u00e1ci\u00f3:\nV\u00e1s\u00e1rl\u00e1s ut\u00e1n \u00fczenetben felveszem veled a kapcsolatot, hogy fi\u00fas vagy l\u00e1nyos verzi\u00f3t szeretn\u00e9l. \n\nTedd eml\u00e9kezetess\u00e9 a k\u00fcl\u00f6nleges pillanatokat ezzel a kedves \u00e9s szem\u00e9lyre szabott aj\u00e1nd\u00e9kkal! \n\n T\u00f6k\u00e9letes aj\u00e1nd\u00e9k:\n\u2013 Nagysz\u00fcl\u0151knek, d\u00e9dsz\u00fcl\u0151knek\n\u2013 Saj\u00e1t kisbab\u00e1d els\u0151 h\u00fasv\u00e9ti eml\u00e9kek\u00e9nt\n\u2013 Id\u0151t\u00e1ll\u00f3 d\u00edszk\u00e9nt a babaszob\u00e1ba","price":"1690.00","unit":"db","recommended":"0","status":"1","sponsored":"0","exp_notify":"0","own_material":"0","own_material_description_old":null,"own_material_description":"","jury":"0","jury_number":"","product_nature":"","meskaracsony":"0","create_date":"2026-03-19 19:33:16","shelve_id":"0","image":"vicreadesign_product_702930_250227131548_169574.jpeg","image_width":"480","image_height":"480","image_alt":"Els\u0151 H\u00fasv\u00e9tom l\u00e1blenyomatos poszter!, Tedd felejthetetlenn\u00e9 kisbab\u00e1d els\u0151 h\u00fasv\u00e9tj\u00e1t ezzel a k\u00fcl\u00f6nleges, k\u00e9zzel k\u00e9sz\u00fclt eml\u00e9klappal! A nyus..., Meska","image_title":"Els\u0151 H\u00fasv\u00e9tom l\u00e1blenyomatos poszter!, Meska","view_count":"692","favourite_count":"0","trending_score":"0","last2MonthFavouriteCount":"0","promotion":"0","giftcard_accept":"0","creditcard_accept":true,"enhanced_background":"0","domain":"meska","specific_customer_id":null,"specific_customer_name":null,"to_order_product":"1","to_order_product_time":"2","product_different":null,"product_different_description":"","vintage":"0","vintage_category_id":"0","recycled":"0","gemstone_id":"0","customizable":"0","type_category":"digital","zerowaste":"0","postage_price":"1290.00","shop_order":"0","has_category":"1","landing_pages":null,"microdata":{"number":37,"category":""},"title":"Els\u0151 H\u00fasv\u00e9tom l\u00e1blenyomatos poszter!","description":"Tedd felejthetetlenn\u00e9 kisbab\u00e1d els\u0151 h\u00fasv\u00e9tj\u00e1t ezzel a k\u00fcl\u00f6nleges, k\u00e9zzel k\u00e9sz\u00fclt eml\u00e9klappal! A nyuszi arc\u00e1t a baba saj\u00e1t l\u00e1blenyomata teszi igaz\u00e1n egyediv\u00e9, \u00edgy egy meghat\u00f3 \u00e9s szem\u00e9lyes eml\u00e9k marad.\n\nMit tartalmaz ?\nPDF f\u00e1jl (alap\u00e1r) \u2013 saj\u00e1t nyomtat\u00e1sra.\nNyomtatott poszter opci\u00f3 \u2013 k\u00e9rhet\u0151 fekete, feh\u00e9r vagy fahat\u00e1s\u00fa k\u00e9pkeretben (fel\u00e1r ellen\u00e9ben).\n\nM\u00e9ret: A4 \n\nHogyan k\u00e9sz\u00fcl?\nA poszter egy digit\u00e1lisan k\u00fcld\u00f6tt vagy el\u0151re nyomtatott, eleg\u00e1ns grafik\u00e1val ell\u00e1tott lap, amelyet baba- vagy gyermekbar\u00e1t fest\u00e9kkel otthon lehet kieg\u00e9sz\u00edteni a gyermek l\u00e1blenyomat\u00e1val \u2013 \u00edgy v\u00e1lik igaz\u00e1n egyediv\u00e9 \u00e9s szem\u00e9lyess\u00e9! (A fest\u00e9k nem tartoz\u00e9k.)\n\n\u2714\ufe0f Digit\u00e1lis rendel\u00e9s eset\u00e9n nagy felbont\u00e1s\u00fa PDF form\u00e1tumban e-mailben\nElk\u00e9sz\u00edt\u00e9si id\u0151: 1-2 munkanap (Adatok be\u00e9rkez\u00e9s\u00e9t\u0151l sz\u00e1m\u00edtva)\n\u2714\ufe0f Nyomtatott, k\u00e9pkeretes verzi\u00f3ban post\u00e1zva\nElk\u00e9sz\u00edt\u00e9si id\u0151: 5-6 munkanap (Adatok be\u00e9rkez\u00e9s\u00e9t\u0151l sz\u00e1m\u00edtva)\n\nFontos inform\u00e1ci\u00f3:\nV\u00e1s\u00e1rl\u00e1s ut\u00e1n \u00fczenetben felveszem veled a kapcsolatot, hogy fi\u00fas vagy l\u00e1nyos verzi\u00f3t szeretn\u00e9l. \n\nTedd eml\u00e9kezetess\u00e9 a k\u00fcl\u00f6nleges pillanatokat ezzel a kedves \u00e9s szem\u00e9lyre szabott aj\u00e1nd\u00e9kkal! \n\n T\u00f6k\u00e9letes aj\u00e1nd\u00e9k:\n\u2013 Nagysz\u00fcl\u0151knek, d\u00e9dsz\u00fcl\u0151knek\n\u2013 Saj\u00e1t kisbab\u00e1d els\u0151 h\u00fasv\u00e9ti eml\u00e9kek\u00e9nt\n\u2013 Id\u0151t\u00e1ll\u00f3 d\u00edszk\u00e9nt a babaszob\u00e1ba","score":0,"formatted_price":"1 690 Ft","image_url":"https:\/\/www.meska.hu\/img\/product\/small\/v\/i\/vicreadesign_product_702930_250227131548_169574.jpeg","formatted_url":"https:\/\/www.meska.hu\/p5505915-elso-husvetom-lablenyomatos-poszter","favourite":false,"in_stock":false,"avatar":"702930_avatar_1741901247.png","delete_from":0,"is_enhanced_background":false,"is_enhanced":false,"product_selection_started":false,"is_active":true,"image_webp_url":"https:\/\/www.meska.hu\/img\/product\/small\/v\/i\/vicreadesign_product_702930_250227131548_169574.webp"},{"id":"3490569","shop_id":"31288","user_id":"398004","shop_name":"panadesign","shop_zip":"2071","product_code":"3969071","product_name_old":null,"product_name":"Babaposzter, megsz\u00fclettem poszter, aj\u00e1nd\u00e9k bab\u00e1knak, \u00fajsz\u00fcl\u00f6t aj\u00e1nd\u00e9k babaszob\u00e1ba","category_string":"Baba - mama, Babaposzter, Babaszoba dekor\u00e1ci\u00f3","technic_string":"Fot\u00f3, grafika, rajz, illusztr\u00e1ci\u00f3","category_1":"1735","category_2":"1759","category_3":"1466","category_4":"0","merged_category_1":"0","merged_category_2":"0","merged_category_3":"785","technic_1":"483","technic_2":"0","technic_3":"0","color_1":"532","color_2":"0","color_3":"0","product_description_old":null,"product_description":"FIGYELEM, A TERM\u00c9K CSAK DIGIT\u00c1LISAN KER\u00dcL KIK\u00dcLD\u00c9SRE!\n\nEgyedi, n\u00e9vre sz\u00f3l\u00f3 \u00fajsz\u00fcl\u00f6tt babaposzter ak\u00e1r aj\u00e1nd\u00e9kba, ak\u00e1r a babaszob\u00e1ba!\n\nK\u00e9rlek hogy a v\u00e1s\u00e1rl\u00e1s ut\u00e1n a poszteren tal\u00e1lhat\u00f3 sz\u00f6vegnek megfelel\u0151en k\u00fcldd el azokat az adatokat, amiket viszont szeretn\u00e9l l\u00e1tni a poszteren! (N\u00e9v, sz\u00fclet\u00e9s pontos id\u0151pontja, sz\u00fclet\u00e9si s\u00faly \u00e9s a sz\u00fclet\u00e9si testhossz,stb.)\n\nAz adatok alapj\u00e1n elk\u00e9sz\u00edtem a posztert \u00e9s az el\u0151reutal\u00e1s ut\u00e1n elk\u00fcld\u00f6m neked a k\u00e9sz grafik\u00e1t egy kiv\u00e1l\u00f3 min\u0151s\u00e9g\u0171 nyomdai pdf-ben, melyet azonnal ki tudsz nyomtatni.\nA term\u00e9k m\u00e9rete: 250x250 mm.\nSzeretn\u00e9m felh\u00edvni a figyelmed, hogy a k\u00fcl\u00f6nb\u00f6z\u0151 laptopok,\/mobiltelefonok a k\u00e9perny\u0151felbont\u00e1suk miatt elt\u00e9r\u0151 m\u00f3don reproduk\u00e1lhatj\u00e1k a sz\u00edneket, \u00edgy a v\u00e9gs\u0151 nyomtatott megjelen\u00e9s minim\u00e1lisan elt\u00e9r\u0151 lehet a k\u00e9perny\u0151n l\u00e1that\u00f3t\u00f3l!\n\nMivel digit\u00e1lis term\u00e9k, term\u00e9szetesen nincs sz\u00e1ll\u00edt\u00e1si k\u00f6lts\u00e9g, a szem\u00e9lyes \u00e1tv\u00e9tel lehet\u0151s\u00e9get kell v\u00e1lasztani megrendel\u00e9skor. \n\nAmennyiben egyedi elk\u00e9pzel\u00e9sed lenne, keress bizalommal \u00fczenetben!","price":"3500.00","unit":"db","recommended":"0","status":"1","sponsored":"0","exp_notify":"0","own_material":"0","own_material_description_old":null,"own_material_description":"","jury":"0","jury_number":"","product_nature":"","meskaracsony":"0","create_date":"2026-03-18 23:37:52","shelve_id":"0","image":"panadesign_product_398004_201214142453_254932.jpeg","image_width":"480","image_height":"480","image_alt":"Babaposzter, megsz\u00fclettem poszter, aj\u00e1nd\u00e9k bab\u00e1knak, \u00fajsz\u00fcl\u00f6t aj\u00e1nd\u00e9k babaszob\u00e1ba, FIGYELEM, A TERM\u00c9K CSAK DIGIT\u00c1LISAN KER\u00dcL KIK\u00dcLD\u00c9SRE!\\n\\nEgyedi, n\u00e9vre sz\u00f3l\u00f3 \u00fajsz\u00fcl\u00f6tt babaposzter ak\u00e1..., Meska","image_title":"Babaposzter, megsz\u00fclettem poszter, aj\u00e1nd\u00e9k bab\u00e1knak, \u00fajsz\u00fcl\u00f6t aj\u00e1nd\u00e9k babaszob\u00e1ba, Meska","view_count":"1642","favourite_count":"0","trending_score":"0","last2MonthFavouriteCount":"0","promotion":"0","giftcard_accept":"1","creditcard_accept":true,"enhanced_background":"0","domain":"meska","specific_customer_id":null,"specific_customer_name":null,"to_order_product":"1","to_order_product_time":"6","product_different":"quite_different","product_different_description":"Bet\u0171k, sz\u00f3k\u00f6z\u00f6k, sz\u00ednek, bet\u0171t\u00edpusok","vintage":"0","vintage_category_id":"0","recycled":"0","gemstone_id":"0","customizable":"0","type_category":"physical","zerowaste":"0","postage_price":"0.00","shop_order":"0","has_category":"1","landing_pages":null,"microdata":{"number":38,"category":""},"title":"Babaposzter, megsz\u00fclettem poszter, aj\u00e1nd\u00e9k bab\u00e1knak, \u00fajsz\u00fcl\u00f6t aj\u00e1nd\u00e9k babaszob\u00e1ba","description":"FIGYELEM, A TERM\u00c9K CSAK DIGIT\u00c1LISAN KER\u00dcL KIK\u00dcLD\u00c9SRE!\n\nEgyedi, n\u00e9vre sz\u00f3l\u00f3 \u00fajsz\u00fcl\u00f6tt babaposzter ak\u00e1r aj\u00e1nd\u00e9kba, ak\u00e1r a babaszob\u00e1ba!\n\nK\u00e9rlek hogy a v\u00e1s\u00e1rl\u00e1s ut\u00e1n a poszteren tal\u00e1lhat\u00f3 sz\u00f6vegnek megfelel\u0151en k\u00fcldd el azokat az adatokat, amiket viszont szeretn\u00e9l l\u00e1tni a poszteren! (N\u00e9v, sz\u00fclet\u00e9s pontos id\u0151pontja, sz\u00fclet\u00e9si s\u00faly \u00e9s a sz\u00fclet\u00e9si testhossz,stb.)\n\nAz adatok alapj\u00e1n elk\u00e9sz\u00edtem a posztert \u00e9s az el\u0151reutal\u00e1s ut\u00e1n elk\u00fcld\u00f6m neked a k\u00e9sz grafik\u00e1t egy kiv\u00e1l\u00f3 min\u0151s\u00e9g\u0171 nyomdai pdf-ben, melyet azonnal ki tudsz nyomtatni.\nA term\u00e9k m\u00e9rete: 250x250 mm.\nSzeretn\u00e9m felh\u00edvni a figyelmed, hogy a k\u00fcl\u00f6nb\u00f6z\u0151 laptopok,\/mobiltelefonok a k\u00e9perny\u0151felbont\u00e1suk miatt elt\u00e9r\u0151 m\u00f3don reproduk\u00e1lhatj\u00e1k a sz\u00edneket, \u00edgy a v\u00e9gs\u0151 nyomtatott megjelen\u00e9s minim\u00e1lisan elt\u00e9r\u0151 lehet a k\u00e9perny\u0151n l\u00e1that\u00f3t\u00f3l!\n\nMivel digit\u00e1lis term\u00e9k, term\u00e9szetesen nincs sz\u00e1ll\u00edt\u00e1si k\u00f6lts\u00e9g, a szem\u00e9lyes \u00e1tv\u00e9tel lehet\u0151s\u00e9get kell v\u00e1lasztani megrendel\u00e9skor. \n\nAmennyiben egyedi elk\u00e9pzel\u00e9sed lenne, keress bizalommal \u00fczenetben!","score":0,"formatted_price":"3 500 Ft","image_url":"https:\/\/www.meska.hu\/img\/product\/small\/p\/a\/panadesign_product_398004_201214142453_254932.jpeg","formatted_url":"https:\/\/www.meska.hu\/p3969071-babaposzter-megszulettem-poszter-ajandek-babaknak-ujszulot-ajandek-babaszobaba","favourite":false,"in_stock":false,"avatar":"panadesign_avatar_398004_1605705071.jpg","delete_from":0,"is_enhanced_background":false,"is_enhanced":false,"product_selection_started":false,"is_active":true,"image_webp_url":"https:\/\/www.meska.hu\/img\/product\/small\/p\/a\/panadesign_product_398004_201214142453_254932.webp"},{"id":"3490499","shop_id":"31288","user_id":"398004","shop_name":"panadesign","shop_zip":"2071","product_code":"3969037","product_name_old":null,"product_name":"Babaposzter, megsz\u00fclettem poszter, aj\u00e1nd\u00e9k bab\u00e1knak, \u00fajsz\u00fcl\u00f6t aj\u00e1nd\u00e9k babaszob\u00e1ba","category_string":"Baba - mama, Babaposzter, Babaszoba dekor\u00e1ci\u00f3","technic_string":"Fot\u00f3, grafika, rajz, illusztr\u00e1ci\u00f3","category_1":"1735","category_2":"1759","category_3":"1466","category_4":"0","merged_category_1":"0","merged_category_2":"0","merged_category_3":"785","technic_1":"483","technic_2":"0","technic_3":"0","color_1":"515","color_2":"521","color_3":"532","product_description_old":null,"product_description":"FIGYELEM: A TERM\u00c9K CSAK DIGIT\u00c1LISAN KER\u00dcL KIK\u00dcLD\u00c9SRE!\n\nEgyedi, n\u00e9vre sz\u00f3l\u00f3 \u00fajsz\u00fcl\u00f6tt babaposzter ak\u00e1r aj\u00e1nd\u00e9kba, ak\u00e1r a babaszob\u00e1ba!\n\nK\u00e9rlek hogy a v\u00e1s\u00e1rl\u00e1s ut\u00e1n a poszteren tal\u00e1lhat\u00f3 sz\u00f6vegnek megfelel\u0151en k\u00fcldd el azokat az adatokat, amiket viszont szeretn\u00e9l l\u00e1tni a poszteren! (N\u00e9v, sz\u00fclet\u00e9s pontos id\u0151pontja, sz\u00fclet\u00e9si s\u00faly \u00e9s a sz\u00fclet\u00e9si testhossz)\n\nAz adatok alapj\u00e1n elk\u00e9sz\u00edtem a posztert \u00e9s az el\u0151reutal\u00e1s ut\u00e1n elk\u00fcld\u00f6m neked a k\u00e9sz grafik\u00e1t egy kiv\u00e1l\u00f3 min\u0151s\u00e9g\u0171 nyomdai pdf-ben, melyet azonnal ki tudsz nyomtatni.\nA term\u00e9k m\u00e9rete: A4-es m\u00e9ret\u0171, azaz 210 x 297 mm, de k\u00e9rhet\u0151 m\u00e1s m\u00e9retben is!\n\nSzeretn\u00e9m felh\u00edvni a figyelmed, hogy a k\u00fcl\u00f6nb\u00f6z\u0151 laptopok,\/mobiltelefonok a k\u00e9perny\u0151felbont\u00e1suk miatt elt\u00e9r\u0151 m\u00f3don reproduk\u00e1lhatj\u00e1k a sz\u00edneket, \u00edgy a v\u00e9gs\u0151 nyomtatott megjelen\u00e9s minim\u00e1lisan elt\u00e9r\u0151 lehet a k\u00e9perny\u0151n l\u00e1that\u00f3t\u00f3l!\n\nDigit\u00e1lis, pdf f\u00e1jl eset\u00e9ben term\u00e9szetesen nincs sz\u00e1ll\u00edt\u00e1si k\u00f6lts\u00e9g, a szem\u00e9lyes \u00e1tv\u00e9tel lehet\u0151s\u00e9get kell v\u00e1lasztani megrendel\u00e9skor. \n\nAmennyiben egyedi elk\u00e9pzel\u00e9sed lenne, keress bizalommal \u00fczenetben!","price":"3500.00","unit":"db","recommended":"0","status":"1","sponsored":"0","exp_notify":"0","own_material":"0","own_material_description_old":null,"own_material_description":"","jury":"0","jury_number":"","product_nature":"","meskaracsony":"0","create_date":"2026-03-18 22:37:53","shelve_id":"0","image":"panadesign_product_398004_201214140508_947875.jpeg","image_width":"480","image_height":"332","image_alt":"Babaposzter, megsz\u00fclettem poszter, aj\u00e1nd\u00e9k bab\u00e1knak, \u00fajsz\u00fcl\u00f6t aj\u00e1nd\u00e9k babaszob\u00e1ba, FIGYELEM: A TERM\u00c9K CSAK DIGIT\u00c1LISAN KER\u00dcL KIK\u00dcLD\u00c9SRE!\\n\\nEgyedi, n\u00e9vre sz\u00f3l\u00f3 \u00fajsz\u00fcl\u00f6tt babaposzter ak\u00e1..., Meska","image_title":"Babaposzter, megsz\u00fclettem poszter, aj\u00e1nd\u00e9k bab\u00e1knak, \u00fajsz\u00fcl\u00f6t aj\u00e1nd\u00e9k babaszob\u00e1ba, Meska","view_count":"1441","favourite_count":"0","trending_score":"0","last2MonthFavouriteCount":"0","promotion":"0","giftcard_accept":"1","creditcard_accept":true,"enhanced_background":"0","domain":"meska","specific_customer_id":null,"specific_customer_name":null,"to_order_product":"1","to_order_product_time":"6","product_different":"quite_different","product_different_description":"Bet\u0171k, sz\u00f3k\u00f6z\u00f6k, sz\u00ednek, bet\u0171t\u00edpusok","vintage":"0","vintage_category_id":"0","recycled":"0","gemstone_id":"0","customizable":"0","type_category":"digital","zerowaste":"0","postage_price":"0.00","shop_order":"0","has_category":"1","landing_pages":null,"microdata":{"number":39,"category":""},"title":"Babaposzter, megsz\u00fclettem poszter, aj\u00e1nd\u00e9k bab\u00e1knak, \u00fajsz\u00fcl\u00f6t aj\u00e1nd\u00e9k babaszob\u00e1ba","description":"FIGYELEM: A TERM\u00c9K CSAK DIGIT\u00c1LISAN KER\u00dcL KIK\u00dcLD\u00c9SRE!\n\nEgyedi, n\u00e9vre sz\u00f3l\u00f3 \u00fajsz\u00fcl\u00f6tt babaposzter ak\u00e1r aj\u00e1nd\u00e9kba, ak\u00e1r a babaszob\u00e1ba!\n\nK\u00e9rlek hogy a v\u00e1s\u00e1rl\u00e1s ut\u00e1n a poszteren tal\u00e1lhat\u00f3 sz\u00f6vegnek megfelel\u0151en k\u00fcldd el azokat az adatokat, amiket viszont szeretn\u00e9l l\u00e1tni a poszteren! (N\u00e9v, sz\u00fclet\u00e9s pontos id\u0151pontja, sz\u00fclet\u00e9si s\u00faly \u00e9s a sz\u00fclet\u00e9si testhossz)\n\nAz adatok alapj\u00e1n elk\u00e9sz\u00edtem a posztert \u00e9s az el\u0151reutal\u00e1s ut\u00e1n elk\u00fcld\u00f6m neked a k\u00e9sz grafik\u00e1t egy kiv\u00e1l\u00f3 min\u0151s\u00e9g\u0171 nyomdai pdf-ben, melyet azonnal ki tudsz nyomtatni.\nA term\u00e9k m\u00e9rete: A4-es m\u00e9ret\u0171, azaz 210 x 297 mm, de k\u00e9rhet\u0151 m\u00e1s m\u00e9retben is!\n\nSzeretn\u00e9m felh\u00edvni a figyelmed, hogy a k\u00fcl\u00f6nb\u00f6z\u0151 laptopok,\/mobiltelefonok a k\u00e9perny\u0151felbont\u00e1suk miatt elt\u00e9r\u0151 m\u00f3don reproduk\u00e1lhatj\u00e1k a sz\u00edneket, \u00edgy a v\u00e9gs\u0151 nyomtatott megjelen\u00e9s minim\u00e1lisan elt\u00e9r\u0151 lehet a k\u00e9perny\u0151n l\u00e1that\u00f3t\u00f3l!\n\nDigit\u00e1lis, pdf f\u00e1jl eset\u00e9ben term\u00e9szetesen nincs sz\u00e1ll\u00edt\u00e1si k\u00f6lts\u00e9g, a szem\u00e9lyes \u00e1tv\u00e9tel lehet\u0151s\u00e9get kell v\u00e1lasztani megrendel\u00e9skor. \n\nAmennyiben egyedi elk\u00e9pzel\u00e9sed lenne, keress bizalommal \u00fczenetben!","score":0,"formatted_price":"3 500 Ft","image_url":"https:\/\/www.meska.hu\/img\/product\/small\/p\/a\/panadesign_product_398004_201214140508_947875.jpeg","formatted_url":"https:\/\/www.meska.hu\/p3969037-babaposzter-megszulettem-poszter-ajandek-babaknak-ujszulot-ajandek-babaszobaba","favourite":false,"in_stock":false,"avatar":"panadesign_avatar_398004_1605705071.jpg","delete_from":0,"is_enhanced_background":false,"is_enhanced":false,"product_selection_started":false,"is_active":true,"image_webp_url":"https:\/\/www.meska.hu\/img\/product\/small\/p\/a\/panadesign_product_398004_201214140508_947875.webp"},{"id":"3490520","shop_id":"31288","user_id":"398004","shop_name":"panadesign","shop_zip":"2071","product_code":"3969028","product_name_old":null,"product_name":"Babaposzter, megsz\u00fclettem poszter, aj\u00e1nd\u00e9k bab\u00e1knak, \u00fajsz\u00fcl\u00f6t aj\u00e1nd\u00e9k babaszob\u00e1ba","category_string":"Baba - mama, Babaposzter, Babaszoba dekor\u00e1ci\u00f3","technic_string":"Fot\u00f3, grafika, rajz, illusztr\u00e1ci\u00f3","category_1":"1735","category_2":"1759","category_3":"1466","category_4":"0","merged_category_1":"0","merged_category_2":"0","merged_category_3":"785","technic_1":"483","technic_2":"0","technic_3":"0","color_1":"522","color_2":"532","color_3":"791","product_description_old":null,"product_description":"FIGYELEM, A TERM\u00c9K CSAK DIGIT\u00c1LISAN KER\u00dcL KIK\u00dcLD\u00c9SRE!\n\nEgyedi, n\u00e9vre sz\u00f3l\u00f3 \u00fajsz\u00fcl\u00f6tt babaposzter ak\u00e1r aj\u00e1nd\u00e9kba, ak\u00e1r a babaszob\u00e1ba!\n\nK\u00e9rlek hogy a v\u00e1s\u00e1rl\u00e1s ut\u00e1n a poszteren tal\u00e1lhat\u00f3 sz\u00f6vegnek megfelel\u0151en k\u00fcldd el azokat az adatokat, amiket viszont szeretn\u00e9l l\u00e1tni a poszteren! (N\u00e9v, sz\u00fclet\u00e9s pontos id\u0151pontja, sz\u00fclet\u00e9si s\u00faly \u00e9s a sz\u00fclet\u00e9si testhossz)\n\nAz adatok alapj\u00e1n elk\u00e9sz\u00edtem a posztert \u00e9s az el\u0151reutal\u00e1s ut\u00e1n elk\u00fcld\u00f6m neked a k\u00e9sz grafik\u00e1t egy kiv\u00e1l\u00f3 min\u0151s\u00e9g\u0171 nyomdai pdf-ben, melyet azonnal ki tudsz nyomtatni.\nA term\u00e9k m\u00e9rete: A4-es m\u00e9ret\u0171, azaz 210 x 297 mm.\nSzeretn\u00e9m felh\u00edvni a figyelmed, hogy a k\u00fcl\u00f6nb\u00f6z\u0151 laptopok,\/mobiltelefonok a k\u00e9perny\u0151felbont\u00e1suk miatt elt\u00e9r\u0151 m\u00f3don reproduk\u00e1lhatj\u00e1k a sz\u00edneket, \u00edgy a v\u00e9gs\u0151 nyomtatott megjelen\u00e9s minim\u00e1lisan elt\u00e9r\u0151 lehet a k\u00e9perny\u0151n l\u00e1that\u00f3t\u00f3l!\n\nMivel digit\u00e1lis term\u00e9k, term\u00e9szetesen nincs sz\u00e1ll\u00edt\u00e1si k\u00f6lts\u00e9g, a szem\u00e9lyes \u00e1tv\u00e9tel lehet\u0151s\u00e9get kell v\u00e1lasztani megrendel\u00e9skor.\n\nAmennyiben egyedi elk\u00e9pzel\u00e9sed lenne, keress bizalommal \u00fczenetben!","price":"3500.00","unit":"db","recommended":"0","status":"1","sponsored":"0","exp_notify":"0","own_material":"0","own_material_description_old":null,"own_material_description":"","jury":"0","jury_number":"","product_nature":"","meskaracsony":"0","create_date":"2026-03-18 22:37:53","shelve_id":"0","image":"panadesign_product_398004_201214135900_952493.jpeg","image_width":"480","image_height":"332","image_alt":"Babaposzter, megsz\u00fclettem poszter, aj\u00e1nd\u00e9k bab\u00e1knak, \u00fajsz\u00fcl\u00f6t aj\u00e1nd\u00e9k babaszob\u00e1ba, FIGYELEM, A TERM\u00c9K CSAK DIGIT\u00c1LISAN KER\u00dcL KIK\u00dcLD\u00c9SRE!\\n\\nEgyedi, n\u00e9vre sz\u00f3l\u00f3 \u00fajsz\u00fcl\u00f6tt babaposzter ak\u00e1..., Meska","image_title":"Babaposzter, megsz\u00fclettem poszter, aj\u00e1nd\u00e9k bab\u00e1knak, \u00fajsz\u00fcl\u00f6t aj\u00e1nd\u00e9k babaszob\u00e1ba, Meska","view_count":"946","favourite_count":"0","trending_score":"0","last2MonthFavouriteCount":"0","promotion":"0","giftcard_accept":"1","creditcard_accept":true,"enhanced_background":"0","domain":"meska","specific_customer_id":null,"specific_customer_name":null,"to_order_product":"1","to_order_product_time":"6","product_different":"quite_different","product_different_description":"Bet\u0171k, sz\u00f3k\u00f6z\u00f6k, sz\u00ednek, bet\u0171t\u00edpusok","vintage":"0","vintage_category_id":"0","recycled":"0","gemstone_id":"0","customizable":"0","type_category":"physical","zerowaste":"0","postage_price":"0.00","shop_order":"0","has_category":"1","landing_pages":null,"microdata":{"number":40,"category":""},"title":"Babaposzter, megsz\u00fclettem poszter, aj\u00e1nd\u00e9k bab\u00e1knak, \u00fajsz\u00fcl\u00f6t aj\u00e1nd\u00e9k babaszob\u00e1ba","description":"FIGYELEM, A TERM\u00c9K CSAK DIGIT\u00c1LISAN KER\u00dcL KIK\u00dcLD\u00c9SRE!\n\nEgyedi, n\u00e9vre sz\u00f3l\u00f3 \u00fajsz\u00fcl\u00f6tt babaposzter ak\u00e1r aj\u00e1nd\u00e9kba, ak\u00e1r a babaszob\u00e1ba!\n\nK\u00e9rlek hogy a v\u00e1s\u00e1rl\u00e1s ut\u00e1n a poszteren tal\u00e1lhat\u00f3 sz\u00f6vegnek megfelel\u0151en k\u00fcldd el azokat az adatokat, amiket viszont szeretn\u00e9l l\u00e1tni a poszteren! (N\u00e9v, sz\u00fclet\u00e9s pontos id\u0151pontja, sz\u00fclet\u00e9si s\u00faly \u00e9s a sz\u00fclet\u00e9si testhossz)\n\nAz adatok alapj\u00e1n elk\u00e9sz\u00edtem a posztert \u00e9s az el\u0151reutal\u00e1s ut\u00e1n elk\u00fcld\u00f6m neked a k\u00e9sz grafik\u00e1t egy kiv\u00e1l\u00f3 min\u0151s\u00e9g\u0171 nyomdai pdf-ben, melyet azonnal ki tudsz nyomtatni.\nA term\u00e9k m\u00e9rete: A4-es m\u00e9ret\u0171, azaz 210 x 297 mm.\nSzeretn\u00e9m felh\u00edvni a figyelmed, hogy a k\u00fcl\u00f6nb\u00f6z\u0151 laptopok,\/mobiltelefonok a k\u00e9perny\u0151felbont\u00e1suk miatt elt\u00e9r\u0151 m\u00f3don reproduk\u00e1lhatj\u00e1k a sz\u00edneket, \u00edgy a v\u00e9gs\u0151 nyomtatott megjelen\u00e9s minim\u00e1lisan elt\u00e9r\u0151 lehet a k\u00e9perny\u0151n l\u00e1that\u00f3t\u00f3l!\n\nMivel digit\u00e1lis term\u00e9k, term\u00e9szetesen nincs sz\u00e1ll\u00edt\u00e1si k\u00f6lts\u00e9g, a szem\u00e9lyes \u00e1tv\u00e9tel lehet\u0151s\u00e9get kell v\u00e1lasztani megrendel\u00e9skor.\n\nAmennyiben egyedi elk\u00e9pzel\u00e9sed lenne, keress bizalommal \u00fczenetben!","score":0,"formatted_price":"3 500 Ft","image_url":"https:\/\/www.meska.hu\/img\/product\/small\/p\/a\/panadesign_product_398004_201214135900_952493.jpeg","formatted_url":"https:\/\/www.meska.hu\/p3969028-babaposzter-megszulettem-poszter-ajandek-babaknak-ujszulot-ajandek-babaszobaba","favourite":false,"in_stock":false,"avatar":"panadesign_avatar_398004_1605705071.jpg","delete_from":0,"is_enhanced_background":false,"is_enhanced":false,"product_selection_started":false,"is_active":true,"image_webp_url":"https:\/\/www.meska.hu\/img\/product\/small\/p\/a\/panadesign_product_398004_201214135900_952493.webp"},{"id":"3490502","shop_id":"31288","user_id":"398004","shop_name":"panadesign","shop_zip":"2071","product_code":"3969021","product_name_old":null,"product_name":"Babaposzter, megsz\u00fclettem poszter, aj\u00e1nd\u00e9k bab\u00e1knak, \u00fajsz\u00fcl\u00f6t aj\u00e1nd\u00e9k babaszob\u00e1ba","category_string":"Baba - mama, Babaposzter, Babaszoba dekor\u00e1ci\u00f3","technic_string":"Fot\u00f3, grafika, rajz, illusztr\u00e1ci\u00f3","category_1":"1735","category_2":"1759","category_3":"1466","category_4":"0","merged_category_1":"0","merged_category_2":"0","merged_category_3":"785","technic_1":"483","technic_2":"0","technic_3":"0","color_1":"532","color_2":"0","color_3":"0","product_description_old":null,"product_description":"FIGYELEM, A TERM\u00c9K CSAK DIGIT\u00c1LISAN KER\u00dcL KIK\u00dcLD\u00c9SRE!\n\nEgyedi \u00e9s k\u00fcl\u00f6nleges eml\u00e9k lehet az ujjlenyomatos vend\u00e9gk\u00f6nyv ,  amennyiben az esk\u00fcv\u0151 napj\u00e1n nem a megszokott vend\u00e9gk\u00f6nyvet tenn\u00e9d ki. Sz\u00ednes\u00edtsd meg ezzel a nappalitok\/h\u00e1l\u00f3szob\u00e1tok fal\u00e1t! :)\n\nA term\u00e9k m\u00e9rete A4, de k\u00e9rhet\u0151 A3 m\u00e9retben is!\n\nA term\u00e9khez pedig szint\u00e9n k\u00e9rhet\u0151 sz\u00ednes tintap\u00e1rna, mely 4 f\u00e9le sz\u00ednben el\u00e9rhet\u0151.\n\nA rendel\u00e9sn\u00e9l k\u00e9rlek k\u00fcldd el az adatokat, amiket szeretn\u00e9l viszontl\u00e1tni a poszteren.\n\nA postak\u00f6lts\u00e9get csak a pap\u00edr alap\u00fa term\u00e9k vagy k\u00e9pkeretes term\u00e9k v\u00e1s\u00e1rl\u00e1sakor kell fizetni. Digit\u00e1lis, pdf f\u00e1jl eset\u00e9ben term\u00e9szetesen nincs sz\u00e1ll\u00edt\u00e1si k\u00f6lts\u00e9g, ekkor a szem\u00e9lyes \u00e1tv\u00e9tel lehet\u0151s\u00e9get kell v\u00e1lasztani megrendel\u00e9skor. \n\nAmennyiben egyedi elk\u00e9pzel\u00e9sed lenne, keress bizalommal \u00fczenetben, igyekszem min\u00e9l el\u0151bb v\u00e1laszolni! :)\n\nA term\u00e9ket term\u00e9szetesen m\u00e1s alkalmakra is k\u00e9rhet\u0151, nem csak esk\u00fcv\u0151re!\n\nFIGYELEM! A k\u00fcl\u00f6nb\u00f6z\u0151 k\u00e9perny\u0151k k\u00fcl\u00f6nb\u00f6z\u0151 m\u00f3don jelen\u00edtik meg a grafik\u00e1t, ez\u00e9rt a nyomtatott v\u00e1ltozat minim\u00e1lisan elt\u00e9rhet a k\u00e9perny\u0151n l\u00e1tottakt\u00f3l!","price":"3500.00","unit":"db","recommended":"0","status":"1","sponsored":"0","exp_notify":"0","own_material":"0","own_material_description_old":null,"own_material_description":"","jury":"0","jury_number":"","product_nature":"","meskaracsony":"0","create_date":"2026-03-18 22:37:48","shelve_id":"0","image":"panadesign_product_398004_201214135342_99128.jpeg","image_width":"480","image_height":"332","image_alt":"Babaposzter, megsz\u00fclettem poszter, aj\u00e1nd\u00e9k bab\u00e1knak, \u00fajsz\u00fcl\u00f6t aj\u00e1nd\u00e9k babaszob\u00e1ba, FIGYELEM, A TERM\u00c9K CSAK DIGIT\u00c1LISAN KER\u00dcL KIK\u00dcLD\u00c9SRE!\\n\\nEgyedi \u00e9s k\u00fcl\u00f6nleges eml\u00e9k lehet az ujjlenyom..., Meska","image_title":"Babaposzter, megsz\u00fclettem poszter, aj\u00e1nd\u00e9k bab\u00e1knak, \u00fajsz\u00fcl\u00f6t aj\u00e1nd\u00e9k babaszob\u00e1ba, Meska","view_count":"1693","favourite_count":"0","trending_score":"0","last2MonthFavouriteCount":"0","promotion":"0","giftcard_accept":"1","creditcard_accept":true,"enhanced_background":"0","domain":"meska","specific_customer_id":null,"specific_customer_name":null,"to_order_product":"1","to_order_product_time":"6","product_different":"quite_different","product_different_description":"Bet\u0171k, sz\u00f3k\u00f6z\u00f6k, sz\u00ednek, bet\u0171t\u00edpusok","vintage":"0","vintage_category_id":"0","recycled":"0","gemstone_id":"0","customizable":"0","type_category":"physical","zerowaste":"0","postage_price":"0.00","shop_order":"0","has_category":"1","landing_pages":null,"microdata":{"number":41,"category":""},"title":"Babaposzter, megsz\u00fclettem poszter, aj\u00e1nd\u00e9k bab\u00e1knak, \u00fajsz\u00fcl\u00f6t aj\u00e1nd\u00e9k babaszob\u00e1ba","description":"FIGYELEM, A TERM\u00c9K CSAK DIGIT\u00c1LISAN KER\u00dcL KIK\u00dcLD\u00c9SRE!\n\nEgyedi \u00e9s k\u00fcl\u00f6nleges eml\u00e9k lehet az ujjlenyomatos vend\u00e9gk\u00f6nyv ,  amennyiben az esk\u00fcv\u0151 napj\u00e1n nem a megszokott vend\u00e9gk\u00f6nyvet tenn\u00e9d ki. Sz\u00ednes\u00edtsd meg ezzel a nappalitok\/h\u00e1l\u00f3szob\u00e1tok fal\u00e1t! :)\n\nA term\u00e9k m\u00e9rete A4, de k\u00e9rhet\u0151 A3 m\u00e9retben is!\n\nA term\u00e9khez pedig szint\u00e9n k\u00e9rhet\u0151 sz\u00ednes tintap\u00e1rna, mely 4 f\u00e9le sz\u00ednben el\u00e9rhet\u0151.\n\nA rendel\u00e9sn\u00e9l k\u00e9rlek k\u00fcldd el az adatokat, amiket szeretn\u00e9l viszontl\u00e1tni a poszteren.\n\nA postak\u00f6lts\u00e9get csak a pap\u00edr alap\u00fa term\u00e9k vagy k\u00e9pkeretes term\u00e9k v\u00e1s\u00e1rl\u00e1sakor kell fizetni. Digit\u00e1lis, pdf f\u00e1jl eset\u00e9ben term\u00e9szetesen nincs sz\u00e1ll\u00edt\u00e1si k\u00f6lts\u00e9g, ekkor a szem\u00e9lyes \u00e1tv\u00e9tel lehet\u0151s\u00e9get kell v\u00e1lasztani megrendel\u00e9skor. \n\nAmennyiben egyedi elk\u00e9pzel\u00e9sed lenne, keress bizalommal \u00fczenetben, igyekszem min\u00e9l el\u0151bb v\u00e1laszolni! :)\n\nA term\u00e9ket term\u00e9szetesen m\u00e1s alkalmakra is k\u00e9rhet\u0151, nem csak esk\u00fcv\u0151re!\n\nFIGYELEM! A k\u00fcl\u00f6nb\u00f6z\u0151 k\u00e9perny\u0151k k\u00fcl\u00f6nb\u00f6z\u0151 m\u00f3don jelen\u00edtik meg a grafik\u00e1t, ez\u00e9rt a nyomtatott v\u00e1ltozat minim\u00e1lisan elt\u00e9rhet a k\u00e9perny\u0151n l\u00e1tottakt\u00f3l!","score":0,"formatted_price":"3 500 Ft","image_url":"https:\/\/www.meska.hu\/img\/product\/small\/p\/a\/panadesign_product_398004_201214135342_99128.jpeg","formatted_url":"https:\/\/www.meska.hu\/p3969021-babaposzter-megszulettem-poszter-ajandek-babaknak-ujszulot-ajandek-babaszobaba","favourite":false,"in_stock":false,"avatar":"panadesign_avatar_398004_1605705071.jpg","delete_from":0,"is_enhanced_background":false,"is_enhanced":false,"product_selection_started":false,"is_active":true,"image_webp_url":"https:\/\/www.meska.hu\/img\/product\/small\/p\/a\/panadesign_product_398004_201214135342_99128.webp"},{"id":"3489590","shop_id":"31288","user_id":"398004","shop_name":"panadesign","shop_zip":"2071","product_code":"4076526","product_name_old":null,"product_name":"Babaposzter, megsz\u00fclettem poszter, aj\u00e1nd\u00e9k bab\u00e1knak, \u00fajsz\u00fcl\u00f6t aj\u00e1nd\u00e9k babaszob\u00e1ba","category_string":"Baba - mama, Babaposzter, Babaszoba dekor\u00e1ci\u00f3","technic_string":"Fot\u00f3, grafika, rajz, illusztr\u00e1ci\u00f3","category_1":"1735","category_2":"1759","category_3":"1466","category_4":"0","merged_category_1":"0","merged_category_2":"0","merged_category_3":"785","technic_1":"483","technic_2":"0","technic_3":"0","color_1":"532","color_2":"0","color_3":"0","product_description_old":null,"product_description":"FIGYELEM, A TERM\u00c9K CSAK DIGIT\u00c1LISAN KER\u00dcL KIK\u00dcLD\u00c9SRE!\n\nEgyedi, n\u00e9vre sz\u00f3l\u00f3 \u00fajsz\u00fcl\u00f6tt babaposzter ak\u00e1r aj\u00e1nd\u00e9kba, ak\u00e1r a babaszob\u00e1ba!\n\nK\u00e9rlek hogy a v\u00e1s\u00e1rl\u00e1s ut\u00e1n a poszteren tal\u00e1lhat\u00f3 sz\u00f6vegnek megfelel\u0151en k\u00fcldd el azokat az adatokat, amiket viszont szeretn\u00e9l l\u00e1tni a poszteren! (N\u00e9v, sz\u00fclet\u00e9s pontos id\u0151pontja, sz\u00fclet\u00e9si s\u00faly \u00e9s a sz\u00fclet\u00e9si testhossz,stb.)\n\nAz adatok alapj\u00e1n elk\u00e9sz\u00edtem a posztert \u00e9s az el\u0151reutal\u00e1s ut\u00e1n elk\u00fcld\u00f6m neked a k\u00e9sz grafik\u00e1t egy kiv\u00e1l\u00f3 min\u0151s\u00e9g\u0171 nyomdai pdf-ben, melyet azonnal ki tudsz nyomtatni.\nA term\u00e9k m\u00e9rete: 250x250 mm - de k\u00e9r\u00e9sre term\u00e9szetesen m\u00e1s m\u00e9retben is tudom k\u00fcldeni!\n\nSzeretn\u00e9m felh\u00edvni a figyelmed, hogy a k\u00fcl\u00f6nb\u00f6z\u0151 laptopok\/mobiltelefonok a k\u00e9perny\u0151felbont\u00e1suk miatt elt\u00e9r\u0151 m\u00f3don reproduk\u00e1lhatj\u00e1k a sz\u00edneket, \u00edgy a v\u00e9gs\u0151 nyomtatott megjelen\u00e9s minim\u00e1lisan elt\u00e9r\u0151 lehet a k\u00e9perny\u0151n l\u00e1that\u00f3t\u00f3l!\n\nMivel digit\u00e1lis term\u00e9k, term\u00e9szetesen nincs sz\u00e1ll\u00edt\u00e1si k\u00f6lts\u00e9g, a szem\u00e9lyes \u00e1tv\u00e9tel lehet\u0151s\u00e9get kell v\u00e1lasztani megrendel\u00e9skor.\n\nAmennyiben egyedi elk\u00e9pzel\u00e9sed lenne, keress bizalommal \u00fczenetben!","price":"3500.00","unit":"db","recommended":"0","status":"1","sponsored":"0","exp_notify":"0","own_material":"0","own_material_description_old":null,"own_material_description":"","jury":"0","jury_number":"","product_nature":"","meskaracsony":"0","create_date":"2026-03-18 02:31:57","shelve_id":"0","image":"panadesign_product_398004_210313164837_515772.jpeg","image_width":"480","image_height":"269","image_alt":"Babaposzter, megsz\u00fclettem poszter, aj\u00e1nd\u00e9k bab\u00e1knak, \u00fajsz\u00fcl\u00f6t aj\u00e1nd\u00e9k babaszob\u00e1ba, FIGYELEM, A TERM\u00c9K CSAK DIGIT\u00c1LISAN KER\u00dcL KIK\u00dcLD\u00c9SRE!\\n\\nEgyedi, n\u00e9vre sz\u00f3l\u00f3 \u00fajsz\u00fcl\u00f6tt babaposzter ak\u00e1..., Meska","image_title":"Babaposzter, megsz\u00fclettem poszter, aj\u00e1nd\u00e9k bab\u00e1knak, \u00fajsz\u00fcl\u00f6t aj\u00e1nd\u00e9k babaszob\u00e1ba, Meska","view_count":"819","favourite_count":"0","trending_score":"0","last2MonthFavouriteCount":"0","promotion":"0","giftcard_accept":"1","creditcard_accept":true,"enhanced_background":"0","domain":"meska","specific_customer_id":null,"specific_customer_name":null,"to_order_product":"1","to_order_product_time":"6","product_different":"quite_different","product_different_description":"Bet\u0171k, sz\u00f3k\u00f6z\u00f6k, sz\u00ednek, bet\u0171t\u00edpusok","vintage":"0","vintage_category_id":"0","recycled":"0","gemstone_id":"0","customizable":"0","type_category":"physical","zerowaste":"0","postage_price":"0.00","shop_order":"0","has_category":"1","landing_pages":null,"microdata":{"number":42,"category":""},"title":"Babaposzter, megsz\u00fclettem poszter, aj\u00e1nd\u00e9k bab\u00e1knak, \u00fajsz\u00fcl\u00f6t aj\u00e1nd\u00e9k babaszob\u00e1ba","description":"FIGYELEM, A TERM\u00c9K CSAK DIGIT\u00c1LISAN KER\u00dcL KIK\u00dcLD\u00c9SRE!\n\nEgyedi, n\u00e9vre sz\u00f3l\u00f3 \u00fajsz\u00fcl\u00f6tt babaposzter ak\u00e1r aj\u00e1nd\u00e9kba, ak\u00e1r a babaszob\u00e1ba!\n\nK\u00e9rlek hogy a v\u00e1s\u00e1rl\u00e1s ut\u00e1n a poszteren tal\u00e1lhat\u00f3 sz\u00f6vegnek megfelel\u0151en k\u00fcldd el azokat az adatokat, amiket viszont szeretn\u00e9l l\u00e1tni a poszteren! (N\u00e9v, sz\u00fclet\u00e9s pontos id\u0151pontja, sz\u00fclet\u00e9si s\u00faly \u00e9s a sz\u00fclet\u00e9si testhossz,stb.)\n\nAz adatok alapj\u00e1n elk\u00e9sz\u00edtem a posztert \u00e9s az el\u0151reutal\u00e1s ut\u00e1n elk\u00fcld\u00f6m neked a k\u00e9sz grafik\u00e1t egy kiv\u00e1l\u00f3 min\u0151s\u00e9g\u0171 nyomdai pdf-ben, melyet azonnal ki tudsz nyomtatni.\nA term\u00e9k m\u00e9rete: 250x250 mm - de k\u00e9r\u00e9sre term\u00e9szetesen m\u00e1s m\u00e9retben is tudom k\u00fcldeni!\n\nSzeretn\u00e9m felh\u00edvni a figyelmed, hogy a k\u00fcl\u00f6nb\u00f6z\u0151 laptopok\/mobiltelefonok a k\u00e9perny\u0151felbont\u00e1suk miatt elt\u00e9r\u0151 m\u00f3don reproduk\u00e1lhatj\u00e1k a sz\u00edneket, \u00edgy a v\u00e9gs\u0151 nyomtatott megjelen\u00e9s minim\u00e1lisan elt\u00e9r\u0151 lehet a k\u00e9perny\u0151n l\u00e1that\u00f3t\u00f3l!\n\nMivel digit\u00e1lis term\u00e9k, term\u00e9szetesen nincs sz\u00e1ll\u00edt\u00e1si k\u00f6lts\u00e9g, a szem\u00e9lyes \u00e1tv\u00e9tel lehet\u0151s\u00e9get kell v\u00e1lasztani megrendel\u00e9skor.\n\nAmennyiben egyedi elk\u00e9pzel\u00e9sed lenne, keress bizalommal \u00fczenetben!","score":0,"formatted_price":"3 500 Ft","image_url":"https:\/\/www.meska.hu\/img\/product\/small\/p\/a\/panadesign_product_398004_210313164837_515772.jpeg","formatted_url":"https:\/\/www.meska.hu\/p4076526-babaposzter-megszulettem-poszter-ajandek-babaknak-ujszulot-ajandek-babaszobaba","favourite":false,"in_stock":false,"avatar":"panadesign_avatar_398004_1605705071.jpg","delete_from":0,"is_enhanced_background":false,"is_enhanced":false,"product_selection_started":false,"is_active":true,"image_webp_url":"https:\/\/www.meska.hu\/img\/product\/small\/p\/a\/panadesign_product_398004_210313164837_515772.webp"},{"id":"5416154","shop_id":"42490","user_id":"565022","shop_name":"NArtStudio","shop_zip":"1215","product_code":"5331027","product_name_old":null,"product_name":"1. sz\u00fclinapom plak\u00e1t","category_string":"Baba - mama, Babaposzter, Babaszoba dekor\u00e1ci\u00f3","technic_string":"Fot\u00f3, grafika, rajz, illusztr\u00e1ci\u00f3","category_1":"1735","category_2":"1759","category_3":"1466","category_4":"0","merged_category_1":null,"merged_category_2":null,"merged_category_3":null,"technic_1":"483","technic_2":"0","technic_3":"0","color_1":"529","color_2":"0","color_3":"0","product_description_old":null,"product_description":"Sz\u00fclinapra vagy hivatalos, vagy szeretn\u00e9d k\u00fcl\u00f6nlegess\u00e9 tenni a bab\u00e1d sz\u00fclet\u00e9snapj\u00e1t? Akkor megtal\u00e1ltad a t\u00f6k\u00e9letes aj\u00e1nd\u00e9kot, a sz\u00fclinapi plak\u00e1t form\u00e1j\u00e1ban!\n\nMi\u00e9rt j\u00f3 aj\u00e1nd\u00e9k egy ilyen plak\u00e1t?\n\u27a1\ufe0fszem\u00e9lyre szabva k\u00e9sz\u00fcl, egyedi grafik\u00e1val\n\u27a1\ufe0fegyedi a sz\u00f6vegez\u00e9se\n\u27a1\ufe0ffelhaszn\u00e1lhat\u00f3 sz\u00fclinapi fot\u00f3z\u00e1shoz\n\u27a1\ufe0feml\u00e9k \u0151rz\u0151 aj\u00e1nd\u00e9k\n\u27a1\ufe0f\u00e9s egyben dekor\u00e1ci\u00f3\n\nK\u00e9rheted digit\u00e1lisan, nyomtatva : A\/3-as \u00e9s A\/4-es m\u00e9retben, ak\u00e1r kerettel!\nA plak\u00e1t megrendel\u00e9sre k\u00e9sz\u00fcl, egyedi sz\u00f6vegez\u00e9ssel, k\u00e9rlek megrendel\u00e9skor vedd figyelemben az elk\u00e9sz\u00edt\u00e9si idej\u00e9t!\n\nA post\u00e1z\u00e1s foxposttal vagy packett\u00e1val t\u00f6rt\u00e9nik! Ha digit\u00e1lisan k\u00e9red megsp\u00f3rolod a post\u00e1z\u00e1s k\u00f6lts\u00e9g\u00e9t. Ilyenkor a megrendelt m\u00e9retnek megfelel\u0151en pdf. form\u00e1tumban, e-mailben k\u00fcld\u00f6m el plak\u00e1tot, amit b\u00e1rmilyen m\u00f3don nyomtathatsz. Ebben az esetben k\u00e9rlek a szem\u00e9lyes \u00e1tv\u00e9telt jel\u00f6ld meg sz\u00e1ll\u00edt\u00e1si m\u00f3dn\u00e1l, mert az \u00e1tad\u00e1s e-mailben t\u00f6rt\u00e9nik!\n\n\nSzem\u00e9lyes \u00e1tv\u00e9telre Budapest 21. ker\u00fcletben van lehet\u0151s\u00e9g! ( el\u0151re egyeztetett id\u0151pontban)\n\nMegrendel\u00e9s ut\u00e1n k\u00e9rlek \u00fczenetben vedd fel velem a kapcsolatot a felirat megbesz\u00e9l\u00e9s\u00e9hez! :)","price":"2780.00","unit":"db","recommended":"0","status":"1","sponsored":"0","exp_notify":"0","own_material":"0","own_material_description_old":null,"own_material_description":"","jury":"0","jury_number":"","product_nature":"","meskaracsony":"0","create_date":"2026-03-12 21:52:19","shelve_id":"0","image":"nartstudio_product_565022_240720190659_453319.jpeg","image_width":"480","image_height":"480","image_alt":"1. sz\u00fclinapom plak\u00e1t, Sz\u00fclinapra vagy hivatalos, vagy szeretn\u00e9d k\u00fcl\u00f6nlegess\u00e9 tenni a bab\u00e1d sz\u00fclet\u00e9snapj\u00e1t? Akkor megtal\u00e1lt..., Meska","image_title":"1. sz\u00fclinapom plak\u00e1t, Meska","view_count":"405","favourite_count":"0","trending_score":"0","last2MonthFavouriteCount":"0","promotion":"0","giftcard_accept":"0","creditcard_accept":true,"enhanced_background":"0","domain":"meska","specific_customer_id":null,"specific_customer_name":null,"to_order_product":"1","to_order_product_time":"6","product_different":null,"product_different_description":"","vintage":"0","vintage_category_id":"0","recycled":"0","gemstone_id":"0","customizable":"1","type_category":"digital","zerowaste":"0","postage_price":"2390.00","shop_order":"0","has_category":"1","landing_pages":null,"microdata":{"number":43,"category":""},"title":"1. sz\u00fclinapom plak\u00e1t","description":"Sz\u00fclinapra vagy hivatalos, vagy szeretn\u00e9d k\u00fcl\u00f6nlegess\u00e9 tenni a bab\u00e1d sz\u00fclet\u00e9snapj\u00e1t? Akkor megtal\u00e1ltad a t\u00f6k\u00e9letes aj\u00e1nd\u00e9kot, a sz\u00fclinapi plak\u00e1t form\u00e1j\u00e1ban!\n\nMi\u00e9rt j\u00f3 aj\u00e1nd\u00e9k egy ilyen plak\u00e1t?\n\u27a1\ufe0fszem\u00e9lyre szabva k\u00e9sz\u00fcl, egyedi grafik\u00e1val\n\u27a1\ufe0fegyedi a sz\u00f6vegez\u00e9se\n\u27a1\ufe0ffelhaszn\u00e1lhat\u00f3 sz\u00fclinapi fot\u00f3z\u00e1shoz\n\u27a1\ufe0feml\u00e9k \u0151rz\u0151 aj\u00e1nd\u00e9k\n\u27a1\ufe0f\u00e9s egyben dekor\u00e1ci\u00f3\n\nK\u00e9rheted digit\u00e1lisan, nyomtatva : A\/3-as \u00e9s A\/4-es m\u00e9retben, ak\u00e1r kerettel!\nA plak\u00e1t megrendel\u00e9sre k\u00e9sz\u00fcl, egyedi sz\u00f6vegez\u00e9ssel, k\u00e9rlek megrendel\u00e9skor vedd figyelemben az elk\u00e9sz\u00edt\u00e9si idej\u00e9t!\n\nA post\u00e1z\u00e1s foxposttal vagy packett\u00e1val t\u00f6rt\u00e9nik! Ha digit\u00e1lisan k\u00e9red megsp\u00f3rolod a post\u00e1z\u00e1s k\u00f6lts\u00e9g\u00e9t. Ilyenkor a megrendelt m\u00e9retnek megfelel\u0151en pdf. form\u00e1tumban, e-mailben k\u00fcld\u00f6m el plak\u00e1tot, amit b\u00e1rmilyen m\u00f3don nyomtathatsz. Ebben az esetben k\u00e9rlek a szem\u00e9lyes \u00e1tv\u00e9telt jel\u00f6ld meg sz\u00e1ll\u00edt\u00e1si m\u00f3dn\u00e1l, mert az \u00e1tad\u00e1s e-mailben t\u00f6rt\u00e9nik!\n\n\nSzem\u00e9lyes \u00e1tv\u00e9telre Budapest 21. ker\u00fcletben van lehet\u0151s\u00e9g! ( el\u0151re egyeztetett id\u0151pontban)\n\nMegrendel\u00e9s ut\u00e1n k\u00e9rlek \u00fczenetben vedd fel velem a kapcsolatot a felirat megbesz\u00e9l\u00e9s\u00e9hez! :)","score":0,"formatted_price":"2 780 Ft","image_url":"https:\/\/www.meska.hu\/img\/product\/small\/n\/a\/nartstudio_product_565022_240720190659_453319.jpeg","formatted_url":"https:\/\/www.meska.hu\/p5331027-1-szulinapom-plakat","favourite":false,"in_stock":false,"avatar":"565022_avatar_1695829553.jpeg","delete_from":0,"is_enhanced_background":false,"is_enhanced":false,"product_selection_started":false,"is_active":true,"image_webp_url":"https:\/\/www.meska.hu\/img\/product\/small\/n\/a\/nartstudio_product_565022_240720190659_453319.webp"},{"id":"6150257","shop_id":"50842","user_id":"556831","shop_name":"MeglepiBox","shop_zip":"8143","product_code":"5756345","product_name_old":null,"product_name":"Egyedi Sz\u00fclet\u00e9si \u00c9rtes\u00edt\u0151 Poszter","category_string":"Baba - mama, Babaszoba dekor\u00e1ci\u00f3, Babaposzter","technic_string":"Fot\u00f3, grafika, rajz, illusztr\u00e1ci\u00f3","category_1":"1735","category_2":"1466","category_3":"1759","category_4":"0","merged_category_1":null,"merged_category_2":null,"merged_category_3":null,"technic_1":"483","technic_2":"0","technic_3":"0","color_1":"519","color_2":"520","color_3":"0","product_description_old":null,"product_description":"A sz\u00e1mok, amelyek megv\u00e1ltoztatt\u00e1k az \u00e9let\u00e9t. 3260 gramm, 52 centi... Apr\u00f3 sz\u00e1moknak t\u0171nnek, m\u00e9gis egy eg\u00e9sz vil\u00e1got jelentenek a sz\u00fcl\u0151knek. Ez az A4 m\u00e9ret\u0171 poszter nemcsak egy d\u00edsz a falon, hanem az els\u0151 fejezet a gyermek t\u00f6rt\u00e9net\u00e9ben.\n\n\ud83c\udf38 Eleg\u00e1ns diz\u00e1jn: Pasztell \u00e1rnyalat\u00fa leveles-vir\u00e1gos mot\u00edvum, amely b\u00e9k\u00e9t \u00e9s harm\u00f3ni\u00e1t sug\u00e1roz.\n\ud83d\udcca Minden fontos adat: N\u00e9v, sz\u00fclet\u00e9si d\u00e1tum, pontos id\u0151, s\u00faly \u00e9s hossz m\u0171v\u00e9szi elrendez\u00e9sben.\n\ud83d\uddbc\ufe0f Pr\u00e9mium kivitel: Magas min\u0151s\u00e9g\u0171 fot\u00f3pap\u00edrra nyomtatva, v\u00e1lasztott sz\u00edn\u0171 (fekete vagy feh\u00e9r) kerettel.\n\ud83c\udf81 T\u00f6k\u00e9letes Babak\u00f6sz\u00f6nt\u0151: Szem\u00e9lyes \u00e9s maradand\u00f3 aj\u00e1nd\u00e9k \u00fajdons\u00fclt sz\u00fcl\u0151knek.","price":"7490.00","unit":"db","recommended":"0","status":"1","sponsored":"0","exp_notify":"0","own_material":"0","own_material_description_old":null,"own_material_description":"","jury":"0","jury_number":"","product_nature":"","meskaracsony":"0","create_date":"2026-03-08 21:43:53","shelve_id":"0","image":"meglepibox_product_556831_260308214153_501222.jpeg","image_width":"480","image_height":"795","image_alt":"Egyedi Sz\u00fclet\u00e9si \u00c9rtes\u00edt\u0151 Poszter, A sz\u00e1mok, amelyek megv\u00e1ltoztatt\u00e1k az \u00e9let\u00e9t. 3260 gramm, 52 centi... Apr\u00f3 sz\u00e1moknak t\u0171nnek, m\u00e9gis eg..., Meska","image_title":"Egyedi Sz\u00fclet\u00e9si \u00c9rtes\u00edt\u0151 Poszter, Meska","view_count":"57","favourite_count":"0","trending_score":"0","last2MonthFavouriteCount":"0","promotion":"0","giftcard_accept":"0","creditcard_accept":true,"enhanced_background":"0","domain":"meska","specific_customer_id":null,"specific_customer_name":null,"to_order_product":"1","to_order_product_time":"2","product_different":null,"product_different_description":"","vintage":"0","vintage_category_id":"0","recycled":"0","gemstone_id":"0","customizable":"0","type_category":"physical","zerowaste":"0","postage_price":"1290.00","shop_order":"0","has_category":"1","landing_pages":null,"microdata":{"number":44,"category":""},"title":"Egyedi Sz\u00fclet\u00e9si \u00c9rtes\u00edt\u0151 Poszter","description":"A sz\u00e1mok, amelyek megv\u00e1ltoztatt\u00e1k az \u00e9let\u00e9t. 3260 gramm, 52 centi... Apr\u00f3 sz\u00e1moknak t\u0171nnek, m\u00e9gis egy eg\u00e9sz vil\u00e1got jelentenek a sz\u00fcl\u0151knek. Ez az A4 m\u00e9ret\u0171 poszter nemcsak egy d\u00edsz a falon, hanem az els\u0151 fejezet a gyermek t\u00f6rt\u00e9net\u00e9ben.\n\n\ud83c\udf38 Eleg\u00e1ns diz\u00e1jn: Pasztell \u00e1rnyalat\u00fa leveles-vir\u00e1gos mot\u00edvum, amely b\u00e9k\u00e9t \u00e9s harm\u00f3ni\u00e1t sug\u00e1roz.\n\ud83d\udcca Minden fontos adat: N\u00e9v, sz\u00fclet\u00e9si d\u00e1tum, pontos id\u0151, s\u00faly \u00e9s hossz m\u0171v\u00e9szi elrendez\u00e9sben.\n\ud83d\uddbc\ufe0f Pr\u00e9mium kivitel: Magas min\u0151s\u00e9g\u0171 fot\u00f3pap\u00edrra nyomtatva, v\u00e1lasztott sz\u00edn\u0171 (fekete vagy feh\u00e9r) kerettel.\n\ud83c\udf81 T\u00f6k\u00e9letes Babak\u00f6sz\u00f6nt\u0151: Szem\u00e9lyes \u00e9s maradand\u00f3 aj\u00e1nd\u00e9k \u00fajdons\u00fclt sz\u00fcl\u0151knek.","score":0,"formatted_price":"7 490 Ft","image_url":"https:\/\/www.meska.hu\/img\/product\/small\/m\/e\/meglepibox_product_556831_260308214153_501222.jpeg","formatted_url":"https:\/\/www.meska.hu\/p5756345-egyedi-szuletesi-ertesito-poszter","favourite":false,"in_stock":false,"avatar":"556831_avatar_1763065608.jpeg","delete_from":0,"is_enhanced_background":false,"is_enhanced":false,"product_selection_started":false,"is_active":true,"image_webp_url":"https:\/\/www.meska.hu\/img\/product\/small\/m\/e\/meglepibox_product_556831_260308214153_501222.webp"},{"id":"6150218","shop_id":"50842","user_id":"556831","shop_name":"MeglepiBox","shop_zip":"8143","product_code":"5756308","product_name_old":null,"product_name":"Mes\u00e9s Kezdetek\u2013 Sz\u00fclet\u00e9si \u00c9rtes\u00edt\u0151 Poszter \u00c1llatk\u00e1kkal (K\u00e9k vagy R\u00f3zsasz\u00edn sz\u00ednben)","category_string":"Baba - mama, Babaszoba dekor\u00e1ci\u00f3, Babaposzter","technic_string":"Fot\u00f3, grafika, rajz, illusztr\u00e1ci\u00f3","category_1":"1735","category_2":"1466","category_3":"1759","category_4":"0","merged_category_1":null,"merged_category_2":null,"merged_category_3":null,"technic_1":"483","technic_2":"0","technic_3":"0","color_1":"521","color_2":"525","color_3":"0","product_description_old":null,"product_description":"Egy A4-es m\u00e9ret\u0171 poszter, ami mes\u00e9t mes\u00e9l a baba \u00e9rkez\u00e9s\u00e9r\u0151l. A legels\u0151 adatok, amiket sosem felejt\u00fcnk el, most egy var\u00e1zslatos vil\u00e1gba cs\u00f6ppennek kedves \u00e1llatfigur\u00e1k \u00e9s j\u00e1t\u00e9kos mot\u00edvumok k\u00eds\u00e9ret\u00e9ben.\n\n\ud83c\udfa8 Testreszabhat\u00f3 sz\u00ednek: V\u00e1laszthat\u00f3 babak\u00e9k (fi\u00fas) vagy p\u00faderr\u00f3zsasz\u00edn (l\u00e1nyos) grafika.\n\ud83d\udc18 Vid\u00e1m illusztr\u00e1ci\u00f3k: Cuki kiselef\u00e1nt, g\u00f3lya \u00e9s lufik teremtenek igazi bab\u00e1s hangulatot.\n\ud83d\udcca Minden fontos adat: J\u00e1t\u00e9kos ikonok jelzik a sz\u00fclet\u00e9si d\u00e1tumot, id\u0151t, s\u00falyt \u00e9s hosszt a fot\u00f3 mellett.\n\ud83d\uddbc\ufe0f Komplett aj\u00e1nd\u00e9k: Magas min\u0151s\u00e9g\u0171 fot\u00f3nyomat, v\u00e1lasztott sz\u00edn\u0171 keretben \u00e1tadva.\n","price":"7490.00","unit":"db","recommended":"0","status":"1","sponsored":"0","exp_notify":"0","own_material":"0","own_material_description_old":null,"own_material_description":"","jury":"0","jury_number":"","product_nature":"","meskaracsony":"0","create_date":"2026-03-08 21:40:59","shelve_id":"0","image":"meglepibox_product_556831_260308213836_936779.jpeg","image_width":"480","image_height":"677","image_alt":"Mes\u00e9s Kezdetek\u2013 Sz\u00fclet\u00e9si \u00c9rtes\u00edt\u0151 Poszter \u00c1llatk\u00e1kkal (K\u00e9k vagy R\u00f3zsasz\u00edn sz\u00ednben), Egy A4-es m\u00e9ret\u0171 poszter, ami mes\u00e9t mes\u00e9l a baba \u00e9rkez\u00e9s\u00e9r\u0151l. A legels\u0151 adatok, amiket sosem felejt\u00fc..., Meska","image_title":"Mes\u00e9s Kezdetek\u2013 Sz\u00fclet\u00e9si \u00c9rtes\u00edt\u0151 Poszter \u00c1llatk\u00e1kkal (K\u00e9k vagy R\u00f3zsasz\u00edn sz\u00ednben), Meska","view_count":"32","favourite_count":"0","trending_score":"0","last2MonthFavouriteCount":"0","promotion":"0","giftcard_accept":"0","creditcard_accept":true,"enhanced_background":"0","domain":"meska","specific_customer_id":null,"specific_customer_name":null,"to_order_product":"1","to_order_product_time":"2","product_different":null,"product_different_description":"","vintage":"0","vintage_category_id":"0","recycled":"0","gemstone_id":"0","customizable":"0","type_category":"physical","zerowaste":"0","postage_price":"1290.00","shop_order":"0","has_category":"1","landing_pages":null,"microdata":{"number":45,"category":""},"title":"Mes\u00e9s Kezdetek\u2013 Sz\u00fclet\u00e9si \u00c9rtes\u00edt\u0151 Poszter \u00c1llatk\u00e1kkal (K\u00e9k vagy R\u00f3zsasz\u00edn sz\u00ednben)","description":"Egy A4-es m\u00e9ret\u0171 poszter, ami mes\u00e9t mes\u00e9l a baba \u00e9rkez\u00e9s\u00e9r\u0151l. A legels\u0151 adatok, amiket sosem felejt\u00fcnk el, most egy var\u00e1zslatos vil\u00e1gba cs\u00f6ppennek kedves \u00e1llatfigur\u00e1k \u00e9s j\u00e1t\u00e9kos mot\u00edvumok k\u00eds\u00e9ret\u00e9ben.\n\n\ud83c\udfa8 Testreszabhat\u00f3 sz\u00ednek: V\u00e1laszthat\u00f3 babak\u00e9k (fi\u00fas) vagy p\u00faderr\u00f3zsasz\u00edn (l\u00e1nyos) grafika.\n\ud83d\udc18 Vid\u00e1m illusztr\u00e1ci\u00f3k: Cuki kiselef\u00e1nt, g\u00f3lya \u00e9s lufik teremtenek igazi bab\u00e1s hangulatot.\n\ud83d\udcca Minden fontos adat: J\u00e1t\u00e9kos ikonok jelzik a sz\u00fclet\u00e9si d\u00e1tumot, id\u0151t, s\u00falyt \u00e9s hosszt a fot\u00f3 mellett.\n\ud83d\uddbc\ufe0f Komplett aj\u00e1nd\u00e9k: Magas min\u0151s\u00e9g\u0171 fot\u00f3nyomat, v\u00e1lasztott sz\u00edn\u0171 keretben \u00e1tadva.\n","score":0,"formatted_price":"7 490 Ft","image_url":"https:\/\/www.meska.hu\/img\/product\/small\/m\/e\/meglepibox_product_556831_260308213836_936779.jpeg","formatted_url":"https:\/\/www.meska.hu\/p5756308-meses-kezdetek-szuletesi-ertesito-poszter-allatkakkal-kek-vagy-rozsaszin-szinben","favourite":false,"in_stock":false,"avatar":"556831_avatar_1763065608.jpeg","delete_from":0,"is_enhanced_background":false,"is_enhanced":false,"product_selection_started":false,"is_active":true,"image_webp_url":"https:\/\/www.meska.hu\/img\/product\/small\/m\/e\/meglepibox_product_556831_260308213836_936779.webp"},{"id":"6150183","shop_id":"50842","user_id":"556831","shop_name":"MeglepiBox","shop_zip":"8143","product_code":"5756278","product_name_old":null,"product_name":"C\u00edmlapsztori \u2013 Egyedi Sz\u00fclet\u00e9snapi \u00dajs\u00e1g Poszter (Breaking News Kiad\u00e1s)","category_string":"Baba - mama, Babaszoba dekor\u00e1ci\u00f3, Babaposzter","technic_string":"Fot\u00f3, grafika, rajz, illusztr\u00e1ci\u00f3","category_1":"1735","category_2":"1466","category_3":"1759","category_4":"0","merged_category_1":null,"merged_category_2":null,"merged_category_3":null,"technic_1":"483","technic_2":"0","technic_3":"0","color_1":"519","color_2":"520","color_3":"0","product_description_old":null,"product_description":"RENDK\u00cdV\u00dcLI H\u00cdR: A csal\u00e1d szeme f\u00e9nye bet\u00f6lt\u00f6tte az els\u0151 \u00e9vet! Ez a vintage \u00fajs\u00e1g st\u00edlus\u00fa A4-es poszter a legkreat\u00edvabb m\u00f3dja annak, hogy \u00f6sszefoglald az elm\u00falt \u00e9v nagy m\u00e9rf\u00f6ldk\u00f6veit \u00e9s legm\u00f3k\u00e1sabb adatait.\n\n\ud83d\udcf0 Autentikus Diz\u00e1jn: \"Breaking News\" fejl\u00e9c \u00e9s klasszikus retr\u00f3 hangulat.\n\ud83d\udcdd Minden fontos t\u00e9ny: S\u00faly, magass\u00e1g, fogak sz\u00e1ma, els\u0151 szavak \u00e9s kedvenc \u00e9telek egy helyen.\n\ud83d\udcf8 4 db saj\u00e1t fot\u00f3: Egy nagy portr\u00e9 \u00e9s h\u00e1rom kisebb pillanatk\u00e9p a c\u00edmlapon.\n\ud83d\uddbc\ufe0f K\u00e9sz dekor\u00e1ci\u00f3: A v\u00e1lasztott sz\u00edn\u0171 keretben k\u00fcldj\u00fck, hogy a buli ut\u00e1n azonnal a falra ker\u00fclhessen.\n","price":"7490.00","unit":"db","recommended":"0","status":"1","sponsored":"0","exp_notify":"0","own_material":"0","own_material_description_old":null,"own_material_description":"","jury":"0","jury_number":"","product_nature":"","meskaracsony":"0","create_date":"2026-03-08 21:37:54","shelve_id":"0","image":"meglepibox_product_556831_260308213449_9178.jpeg","image_width":"480","image_height":"687","image_alt":"C\u00edmlapsztori \u2013 Egyedi Sz\u00fclet\u00e9snapi \u00dajs\u00e1g Poszter (Breaking News Kiad\u00e1s), RENDK\u00cdV\u00dcLI H\u00cdR: A csal\u00e1d szeme f\u00e9nye bet\u00f6lt\u00f6tte az els\u0151 \u00e9vet! Ez a vintage \u00fajs\u00e1g st\u00edlus\u00fa A4-es poszt..., Meska","image_title":"C\u00edmlapsztori \u2013 Egyedi Sz\u00fclet\u00e9snapi \u00dajs\u00e1g Poszter (Breaking News Kiad\u00e1s), Meska","view_count":"66","favourite_count":"0","trending_score":"0","last2MonthFavouriteCount":"0","promotion":"0","giftcard_accept":"0","creditcard_accept":true,"enhanced_background":"0","domain":"meska","specific_customer_id":null,"specific_customer_name":null,"to_order_product":"1","to_order_product_time":"2","product_different":null,"product_different_description":"","vintage":"0","vintage_category_id":"0","recycled":"0","gemstone_id":"0","customizable":"0","type_category":"physical","zerowaste":"0","postage_price":"1290.00","shop_order":"0","has_category":"1","landing_pages":null,"microdata":{"number":46,"category":""},"title":"C\u00edmlapsztori \u2013 Egyedi Sz\u00fclet\u00e9snapi \u00dajs\u00e1g Poszter (Breaking News Kiad\u00e1s)","description":"RENDK\u00cdV\u00dcLI H\u00cdR: A csal\u00e1d szeme f\u00e9nye bet\u00f6lt\u00f6tte az els\u0151 \u00e9vet! Ez a vintage \u00fajs\u00e1g st\u00edlus\u00fa A4-es poszter a legkreat\u00edvabb m\u00f3dja annak, hogy \u00f6sszefoglald az elm\u00falt \u00e9v nagy m\u00e9rf\u00f6ldk\u00f6veit \u00e9s legm\u00f3k\u00e1sabb adatait.\n\n\ud83d\udcf0 Autentikus Diz\u00e1jn: \"Breaking News\" fejl\u00e9c \u00e9s klasszikus retr\u00f3 hangulat.\n\ud83d\udcdd Minden fontos t\u00e9ny: S\u00faly, magass\u00e1g, fogak sz\u00e1ma, els\u0151 szavak \u00e9s kedvenc \u00e9telek egy helyen.\n\ud83d\udcf8 4 db saj\u00e1t fot\u00f3: Egy nagy portr\u00e9 \u00e9s h\u00e1rom kisebb pillanatk\u00e9p a c\u00edmlapon.\n\ud83d\uddbc\ufe0f K\u00e9sz dekor\u00e1ci\u00f3: A v\u00e1lasztott sz\u00edn\u0171 keretben k\u00fcldj\u00fck, hogy a buli ut\u00e1n azonnal a falra ker\u00fclhessen.\n","score":0,"formatted_price":"7 490 Ft","image_url":"https:\/\/www.meska.hu\/img\/product\/small\/m\/e\/meglepibox_product_556831_260308213449_9178.jpeg","formatted_url":"https:\/\/www.meska.hu\/p5756278-cimlapsztori-egyedi-szuletesnapi-ujsag-poszter-breaking-news-kiadas","favourite":false,"in_stock":false,"avatar":"556831_avatar_1763065608.jpeg","delete_from":0,"is_enhanced_background":false,"is_enhanced":false,"product_selection_started":false,"is_active":true,"image_webp_url":"https:\/\/www.meska.hu\/img\/product\/small\/m\/e\/meglepibox_product_556831_260308213449_9178.webp"},{"id":"6147946","shop_id":"51312","user_id":"507788","shop_name":"GZStudio","shop_zip":"9178","product_code":"5754223","product_name_old":null,"product_name":"Lovas \u00e9jjeli f\u00e9ny","category_string":"Baba - mama, Babaszoba dekor\u00e1ci\u00f3, Babaposzter","technic_string":"Famegmunk\u00e1l\u00e1s, Festett t\u00e1rgyak","category_1":"1735","category_2":"1466","category_3":"1759","category_4":"0","merged_category_1":null,"merged_category_2":null,"merged_category_3":null,"technic_1":"478","technic_2":"481","technic_3":"0","color_1":"514","color_2":"520","color_3":"0","product_description_old":null,"product_description":"Nem csak dekor. Hangulat is.  Ez a k\u00e9zzel k\u00e9sz\u00fclt, fali l\u00e1mpa nappal kedves gyerekszobai dekor, este pedig kellemes, hidegfeh\u00e9r f\u00e9ny\u00e9vel megnyugtat\u00f3 hangulatot teremt. T\u00f6k\u00e9letes v\u00e1laszt\u00e1s kisgyerekes szob\u00e1ba, olvas\u00e1shoz, esti mes\u00e9hez vagy halk \u00e9jszakai f\u00e9nyk\u00e9nt.  \u2022 k\u00e9zzel k\u00e9sz\u00fclt fa dekor \u2022 falra szerelhet\u0151 \u20225v-os adapterrel m\u0171k\u00f6dik \u2022 letisztult, id\u0151t\u00e1ll\u00f3 design  Ha valami igaz\u00e1n k\u00fcl\u00f6nlegeset keresel a gyerekszob\u00e1ba, ami nem tucatterm\u00e9k, ez a l\u00e1mpa pont ilyen. 330x282cm","price":"17000.00","unit":"db","recommended":"0","status":"1","sponsored":"0","exp_notify":"0","own_material":"0","own_material_description_old":null,"own_material_description":"","jury":"0","jury_number":"","product_nature":"","meskaracsony":"0","create_date":"2026-03-08 17:03:58","shelve_id":"0","image":"gzstudio_product_507788_260308170346_634699.png","image_width":"480","image_height":"720","image_alt":"Lovas \u00e9jjeli f\u00e9ny, Nem csak dekor. Hangulat is.  Ez a k\u00e9zzel k\u00e9sz\u00fclt, fali l\u00e1mpa nappal kedves gyerekszobai dekor, este..., Meska","image_title":"Lovas \u00e9jjeli f\u00e9ny, Meska","view_count":"54","favourite_count":"0","trending_score":"0","last2MonthFavouriteCount":"0","promotion":"0","giftcard_accept":"0","creditcard_accept":false,"enhanced_background":"0","domain":"meska","specific_customer_id":null,"specific_customer_name":null,"to_order_product":"1","to_order_product_time":"7","product_different":null,"product_different_description":"","vintage":"0","vintage_category_id":"0","recycled":"0","gemstone_id":"0","customizable":"0","type_category":"physical","zerowaste":"0","postage_price":"1349.00","shop_order":"0","has_category":"1","landing_pages":null,"microdata":{"number":47,"category":""},"title":"Lovas \u00e9jjeli f\u00e9ny","description":"Nem csak dekor. Hangulat is.  Ez a k\u00e9zzel k\u00e9sz\u00fclt, fali l\u00e1mpa nappal kedves gyerekszobai dekor, este pedig kellemes, hidegfeh\u00e9r f\u00e9ny\u00e9vel megnyugtat\u00f3 hangulatot teremt. T\u00f6k\u00e9letes v\u00e1laszt\u00e1s kisgyerekes szob\u00e1ba, olvas\u00e1shoz, esti mes\u00e9hez vagy halk \u00e9jszakai f\u00e9nyk\u00e9nt.  \u2022 k\u00e9zzel k\u00e9sz\u00fclt fa dekor \u2022 falra szerelhet\u0151 \u20225v-os adapterrel m\u0171k\u00f6dik \u2022 letisztult, id\u0151t\u00e1ll\u00f3 design  Ha valami igaz\u00e1n k\u00fcl\u00f6nlegeset keresel a gyerekszob\u00e1ba, ami nem tucatterm\u00e9k, ez a l\u00e1mpa pont ilyen. 330x282cm","score":0,"formatted_price":"17 000 Ft","image_url":"https:\/\/www.meska.hu\/img\/product\/small\/g\/z\/gzstudio_product_507788_260308170346_634699.png","formatted_url":"https:\/\/www.meska.hu\/p5754223-lovas-ejjeli-feny","favourite":false,"in_stock":false,"avatar":"507788_avatar_1767097667.png","delete_from":0,"is_enhanced_background":false,"is_enhanced":false,"product_selection_started":false,"is_active":true,"image_webp_url":"https:\/\/www.meska.hu\/img\/product\/small\/g\/z\/gzstudio_product_507788_260308170346_634699.webp"},{"id":"6147024","shop_id":"21205","user_id":"4334","shop_name":"zsu4478","shop_zip":"1181","product_code":"5753364","product_name_old":null,"product_name":"Keresztszemes himz\u00e9ssel k\u00e9sz\u00fclt Baba szoba d\u00edsz","category_string":"Baba - mama, Babaszoba dekor\u00e1ci\u00f3, Babaposzter","technic_string":"H\u00edmz\u00e9s","category_1":"1735","category_2":"1466","category_3":"1759","category_4":"0","merged_category_1":null,"merged_category_2":null,"merged_category_3":null,"technic_1":"487","technic_2":"0","technic_3":"0","color_1":"519","color_2":"523","color_3":"0","product_description_old":null,"product_description":"Saj\u00e1t k\u00e9sz\u00edt\u00e9s\u0171, keresztszemes h\u00edmz\u00e9ssel k\u00e9sz\u00fclt ajt\u00f3 t\u00e1bla d\u00edsz.\nM\u00e9rete 22 cm az \u00e1tm\u00e9r\u0151.\n30 fokon k\u00edm\u00e9l\u0151 g\u00e9pi mos\u00e1s javasolt mos\u00f3zs\u00e1kban vagy k\u00e9zi mos\u00e1s.\nBabal\u00e1togat\u00f3 aj\u00e1nd\u00e9knak is ide\u00e1lis.\nAj\u00e1nlom m\u00e9g fot\u00f3z\u00e1shoz, kisbab\u00e1knak \u00e9s \u00fcnnepi aj\u00e1nd\u00e9knak.\n\n\n\n","price":"1000.00","unit":"db","recommended":"0","status":"1","sponsored":"0","exp_notify":"0","own_material":"0","own_material_description_old":null,"own_material_description":"","jury":"0","jury_number":"","product_nature":"","meskaracsony":"0","create_date":"2026-03-08 14:58:32","shelve_id":"0","image":"zsu4478_product_4334_220710233742_032373.jpeg","image_width":"480","image_height":"640","image_alt":"Keresztszemes himz\u00e9ssel k\u00e9sz\u00fclt Baba szoba d\u00edsz, Saj\u00e1t k\u00e9sz\u00edt\u00e9s\u0171, keresztszemes h\u00edmz\u00e9ssel k\u00e9sz\u00fclt ajt\u00f3 t\u00e1bla d\u00edsz.\\nM\u00e9rete 22 cm az \u00e1tm\u00e9r\u0151.\\n30 fokon k..., Meska","image_title":"Keresztszemes himz\u00e9ssel k\u00e9sz\u00fclt Baba szoba d\u00edsz, Meska","view_count":"38","favourite_count":"0","trending_score":"0","last2MonthFavouriteCount":"0","promotion":"0","giftcard_accept":"1","creditcard_accept":false,"enhanced_background":"0","domain":"meska","specific_customer_id":null,"specific_customer_name":null,"to_order_product":"0","to_order_product_time":"0","product_different":null,"product_different_description":"","vintage":"0","vintage_category_id":"0","recycled":"0","gemstone_id":"0","customizable":"0","type_category":"physical","zerowaste":"0","postage_price":"815.00","shop_order":"0","has_category":"1","landing_pages":null,"microdata":{"number":48,"category":""},"title":"Keresztszemes himz\u00e9ssel k\u00e9sz\u00fclt Baba szoba d\u00edsz","description":"Saj\u00e1t k\u00e9sz\u00edt\u00e9s\u0171, keresztszemes h\u00edmz\u00e9ssel k\u00e9sz\u00fclt ajt\u00f3 t\u00e1bla d\u00edsz.\nM\u00e9rete 22 cm az \u00e1tm\u00e9r\u0151.\n30 fokon k\u00edm\u00e9l\u0151 g\u00e9pi mos\u00e1s javasolt mos\u00f3zs\u00e1kban vagy k\u00e9zi mos\u00e1s.\nBabal\u00e1togat\u00f3 aj\u00e1nd\u00e9knak is ide\u00e1lis.\nAj\u00e1nlom m\u00e9g fot\u00f3z\u00e1shoz, kisbab\u00e1knak \u00e9s \u00fcnnepi aj\u00e1nd\u00e9knak.\n\n\n\n","score":0,"formatted_price":"1 000 Ft","image_url":"https:\/\/www.meska.hu\/img\/product\/small\/z\/s\/zsu4478_product_4334_220710233742_032373.jpeg","formatted_url":"https:\/\/www.meska.hu\/p5753364-keresztszemes-himzessel-keszult-baba-szoba-disz","favourite":false,"in_stock":true,"avatar":"zsu4478_avatar_4334.JPG","delete_from":0,"is_enhanced_background":false,"is_enhanced":false,"product_selection_started":false,"is_active":true,"image_webp_url":"https:\/\/www.meska.hu\/img\/product\/small\/z\/s\/zsu4478_product_4334_220710233742_032373.webp"},{"id":"5849994","shop_id":"47960","user_id":"702930","shop_name":"VICREADesign","shop_zip":"8372","product_code":"5581577","product_name_old":null,"product_name":"Egyedi Babaposzter \u2013 Els\u0151 \u00e9vem szem\u00e9lyre szabott f\u00e9nyk\u00e9pes babaposzter","category_string":"Baba - mama, Babaszoba dekor\u00e1ci\u00f3, Babaposzter","technic_string":"Fot\u00f3, grafika, rajz, illusztr\u00e1ci\u00f3","category_1":"1735","category_2":"1466","category_3":"1759","category_4":"0","merged_category_1":null,"merged_category_2":null,"merged_category_3":null,"technic_1":"483","technic_2":"0","technic_3":"0","color_1":"519","color_2":"521","color_3":"0","product_description_old":null,"product_description":"Egy k\u00fcl\u00f6nleges eml\u00e9k az els\u0151 \u00e9v legfontosabb pillanatair\u00f3l\n\nAz \u201eEls\u0151 \u00e9vem\u201d poszter t\u00f6k\u00e9letes v\u00e1laszt\u00e1s, ha szeretn\u00e9d meg\u0151rizni gyermeked els\u0151 \u00e9v\u00e9nek m\u00e9rf\u00f6ldk\u00f6veit \u00e9s kedves eml\u00e9keit. A poszteren helyet kapnak a legfontosabb adatok: s\u00faly, hossz, els\u0151 szavak, kedvenc \u00e9telek, j\u00e1t\u00e9kok, becenevek, \u00e9s sok m\u00e1s szem\u00e9lyes r\u00e9szlet.\n\nMit tartalmazhat?\n\u2714\ufe0f Baba neve \u00e9s \u00e9letkora\n\u2714\ufe0f S\u00falya, magass\u00e1ga, fogacsk\u00e1inak sz\u00e1ma\n\u2714\ufe0f Els\u0151 szavai, kedvenc \u00e9telei, j\u00e1t\u00e9kai\n\u2714\ufe0f Szeretett tev\u00e9kenys\u00e9gek, becenevek \u00e9s egy\u00e9b kedves eml\u00e9kek\n\u2714\ufe0f Egy f\u00e9nyk\u00e9p r\u00f3la\n\nEl\u00e9rhet\u0151 digit\u00e1lis \u00e9s nyomtatott form\u00e1ban is\n\nK\u00e9pkerettel is k\u00e9rhet\u0151 \u2013 v\u00e1laszthat\u00f3 feh\u00e9r, fekete vagy fahat\u00e1s\u00fa keret. \n\nHogyan m\u0171k\u00f6dik?\n1\ufe0f\u20e3 V\u00e1s\u00e1rl\u00e1s ut\u00e1n \u00fczenetben felveszem veled a kapcsolatot, hogy egyeztess\u00fck a sz\u00fcks\u00e9ges inform\u00e1ci\u00f3kat.\n2\ufe0f\u20e3 1 napon bel\u00fcl elk\u00e9sz\u00edtem a l\u00e1tv\u00e1nytervet, amelyet egyszer van lehet\u0151s\u00e9g m\u00f3dos\u00edtani.\n3\ufe0f\u20e3A v\u00e9gleges verzi\u00f3t az \u00e1ltalad v\u00e1lasztott form\u00e1ban kapod meg:\n\n\u2714\ufe0f Digit\u00e1lis rendel\u00e9s eset\u00e9n nagy felbont\u00e1s\u00fa PDF form\u00e1tumban e-mailben\nElk\u00e9sz\u00edt\u00e9si id\u0151: 1-2 munkanap (Adatok be\u00e9rkez\u00e9s\u00e9t\u0151l sz\u00e1m\u00edtva)\n\u2714\ufe0f Nyomtatott, k\u00e9pkeretes verzi\u00f3ban post\u00e1zva\nElk\u00e9sz\u00edt\u00e9si id\u0151: 5-6 munkanap (Adatok be\u00e9rkez\u00e9s\u00e9t\u0151l sz\u00e1m\u00edtva)\n\nT\u00f6k\u00e9letes dekor\u00e1ci\u00f3, egyedi aj\u00e1nd\u00e9k \u00e9s garant\u00e1ltan mosolyt csal az arcokra!","price":"2790.00","unit":"db","recommended":"0","status":"1","sponsored":"0","exp_notify":"0","own_material":"0","own_material_description_old":null,"own_material_description":"","jury":"0","jury_number":"","product_nature":"","meskaracsony":"0","create_date":"2026-03-05 20:54:31","shelve_id":"0","image":"vicreadesign_product_702930_250707115248_139220.jpeg","image_width":"480","image_height":"480","image_alt":"Egyedi Babaposzter \u2013 Els\u0151 \u00e9vem szem\u00e9lyre szabott f\u00e9nyk\u00e9pes babaposzter, Egy k\u00fcl\u00f6nleges eml\u00e9k az els\u0151 \u00e9v legfontosabb pillanatair\u00f3l\\n\\nAz \u201eEls\u0151 \u00e9vem\u201d poszter t\u00f6k\u00e9letes v\u00e1laszt..., Meska","image_title":"Egyedi Babaposzter \u2013 Els\u0151 \u00e9vem szem\u00e9lyre szabott f\u00e9nyk\u00e9pes babaposzter, Meska","view_count":"330","favourite_count":"0","trending_score":"0","last2MonthFavouriteCount":"0","promotion":"0","giftcard_accept":"0","creditcard_accept":true,"enhanced_background":"0","domain":"meska","specific_customer_id":null,"specific_customer_name":null,"to_order_product":"1","to_order_product_time":"2","product_different":null,"product_different_description":"","vintage":"0","vintage_category_id":"0","recycled":"0","gemstone_id":"0","customizable":"0","type_category":"digital","zerowaste":"0","postage_price":"1290.00","shop_order":"0","has_category":"1","landing_pages":null,"microdata":{"number":49,"category":""},"title":"Egyedi Babaposzter \u2013 Els\u0151 \u00e9vem szem\u00e9lyre szabott f\u00e9nyk\u00e9pes babaposzter","description":"Egy k\u00fcl\u00f6nleges eml\u00e9k az els\u0151 \u00e9v legfontosabb pillanatair\u00f3l\n\nAz \u201eEls\u0151 \u00e9vem\u201d poszter t\u00f6k\u00e9letes v\u00e1laszt\u00e1s, ha szeretn\u00e9d meg\u0151rizni gyermeked els\u0151 \u00e9v\u00e9nek m\u00e9rf\u00f6ldk\u00f6veit \u00e9s kedves eml\u00e9keit. A poszteren helyet kapnak a legfontosabb adatok: s\u00faly, hossz, els\u0151 szavak, kedvenc \u00e9telek, j\u00e1t\u00e9kok, becenevek, \u00e9s sok m\u00e1s szem\u00e9lyes r\u00e9szlet.\n\nMit tartalmazhat?\n\u2714\ufe0f Baba neve \u00e9s \u00e9letkora\n\u2714\ufe0f S\u00falya, magass\u00e1ga, fogacsk\u00e1inak sz\u00e1ma\n\u2714\ufe0f Els\u0151 szavai, kedvenc \u00e9telei, j\u00e1t\u00e9kai\n\u2714\ufe0f Szeretett tev\u00e9kenys\u00e9gek, becenevek \u00e9s egy\u00e9b kedves eml\u00e9kek\n\u2714\ufe0f Egy f\u00e9nyk\u00e9p r\u00f3la\n\nEl\u00e9rhet\u0151 digit\u00e1lis \u00e9s nyomtatott form\u00e1ban is\n\nK\u00e9pkerettel is k\u00e9rhet\u0151 \u2013 v\u00e1laszthat\u00f3 feh\u00e9r, fekete vagy fahat\u00e1s\u00fa keret. \n\nHogyan m\u0171k\u00f6dik?\n1\ufe0f\u20e3 V\u00e1s\u00e1rl\u00e1s ut\u00e1n \u00fczenetben felveszem veled a kapcsolatot, hogy egyeztess\u00fck a sz\u00fcks\u00e9ges inform\u00e1ci\u00f3kat.\n2\ufe0f\u20e3 1 napon bel\u00fcl elk\u00e9sz\u00edtem a l\u00e1tv\u00e1nytervet, amelyet egyszer van lehet\u0151s\u00e9g m\u00f3dos\u00edtani.\n3\ufe0f\u20e3A v\u00e9gleges verzi\u00f3t az \u00e1ltalad v\u00e1lasztott form\u00e1ban kapod meg:\n\n\u2714\ufe0f Digit\u00e1lis rendel\u00e9s eset\u00e9n nagy felbont\u00e1s\u00fa PDF form\u00e1tumban e-mailben\nElk\u00e9sz\u00edt\u00e9si id\u0151: 1-2 munkanap (Adatok be\u00e9rkez\u00e9s\u00e9t\u0151l sz\u00e1m\u00edtva)\n\u2714\ufe0f Nyomtatott, k\u00e9pkeretes verzi\u00f3ban post\u00e1zva\nElk\u00e9sz\u00edt\u00e9si id\u0151: 5-6 munkanap (Adatok be\u00e9rkez\u00e9s\u00e9t\u0151l sz\u00e1m\u00edtva)\n\nT\u00f6k\u00e9letes dekor\u00e1ci\u00f3, egyedi aj\u00e1nd\u00e9k \u00e9s garant\u00e1ltan mosolyt csal az arcokra!","score":0,"formatted_price":"2 790 Ft","image_url":"https:\/\/www.meska.hu\/img\/product\/small\/v\/i\/vicreadesign_product_702930_250707115248_139220.jpeg","formatted_url":"https:\/\/www.meska.hu\/p5581577-egyedi-babaposzter-elso-evem-szemelyre-szabott-fenykepes-babaposzter","favourite":false,"in_stock":false,"avatar":"702930_avatar_1741901247.png","delete_from":0,"is_enhanced_background":false,"is_enhanced":false,"product_selection_started":false,"is_active":true,"image_webp_url":"https:\/\/www.meska.hu\/img\/product\/small\/v\/i\/vicreadesign_product_702930_250707115248_139220.webp"},{"id":"3467058","shop_id":"31288","user_id":"398004","shop_name":"panadesign","shop_zip":"2071","product_code":"4600497","product_name_old":null,"product_name":"Babaposzter, Sz\u00fclet\u00e9snapi poszter, aj\u00e1nd\u00e9k bab\u00e1knak, els\u0151 sz\u00fclet\u00e9snap, nyuszis poszter","category_string":"Baba - mama, Babaposzter, Babaszoba dekor\u00e1ci\u00f3","technic_string":"Fot\u00f3, grafika, rajz, illusztr\u00e1ci\u00f3","category_1":"1735","category_2":"1759","category_3":"1466","category_4":"0","merged_category_1":"0","merged_category_2":"0","merged_category_3":"785","technic_1":"483","technic_2":"0","technic_3":"0","color_1":"532","color_2":"0","color_3":"0","product_description_old":null,"product_description":"FIGYELEM: A TERM\u00c9K CSAK DIGIT\u00c1LISAN KER\u00dcL KIK\u00dcLD\u00c9SRE!\n\n\u00d6r\u00f6k\u00edtsd meg az eddigi id\u0151szakot \u00e9s lepd meg vele saj\u00e1t gyermekedet, de ak\u00e1r aj\u00e1nd\u00e9kk\u00e9nt is t\u00f6k\u00e9letes! :) Els\u0151, m\u00e1sodik, harmadik stb. sz\u00fclet\u00e9snapra is k\u00e9rhet\u0151!\n\nK\u00e9rlek hogy a v\u00e1s\u00e1rl\u00e1s ut\u00e1n a poszteren tal\u00e1lhat\u00f3 sz\u00f6vegnek megfelel\u0151en k\u00fcldd el azokat az adatokat, amiket viszont szeretn\u00e9l l\u00e1tni a poszteren! (Pl: S\u00faly, fogak sz\u00e1ma, hossza, miket szeret enni\/inni\/csin\u00e1lni, miket tud m\u00e1r csin\u00e1lni, stb.)\n\nAz adatok alapj\u00e1n elk\u00e9sz\u00edtem a posztert \u00e9s az el\u0151reutal\u00e1s ut\u00e1n elk\u00fcld\u00f6m neked a k\u00e9sz grafik\u00e1t egy kiv\u00e1l\u00f3 min\u0151s\u00e9g\u0171 nyomdai pdf-ben, melyet azonnal ki tudsz nyomtatni.\nA term\u00e9k m\u00e9rete: A4-es m\u00e9ret\u0171, azaz 210 x 297 mm, de k\u00e9rhet\u0151 A3 m\u00e9retben is!\n\nAmennyiben egyedi elk\u00e9pzel\u00e9sed lenne, keress bizalommal \u00fczenetben! :)\n\nFIGYELEM: A k\u00fcl\u00f6nb\u00f6z\u0151 k\u00e9perny\u0151k k\u00fcl\u00f6nb\u00f6z\u0151 m\u00f3don jelen\u00edtik meg a k\u00e9pet, ez\u00e9rt a nyomtatott v\u00e1ltozat sz\u00ednei elt\u00e9rhetnek a k\u00e9perny\u0151n l\u00e1tottakt\u00f3l!","price":"4900.00","unit":"db","recommended":"0","status":"1","sponsored":"0","exp_notify":"0","own_material":"0","own_material_description_old":null,"own_material_description":"","jury":"0","jury_number":"","product_nature":"","meskaracsony":"0","create_date":"2026-03-05 10:51:07","shelve_id":"0","image":"panadesign_product_398004_220422151322_474379.jpeg","image_width":"480","image_height":"320","image_alt":"Babaposzter, Sz\u00fclet\u00e9snapi poszter, aj\u00e1nd\u00e9k bab\u00e1knak, els\u0151 sz\u00fclet\u00e9snap, nyuszis poszter, FIGYELEM: A TERM\u00c9K CSAK DIGIT\u00c1LISAN KER\u00dcL KIK\u00dcLD\u00c9SRE!\\n\\n\u00d6r\u00f6k\u00edtsd meg az eddigi id\u0151szakot \u00e9s lepd meg ..., Meska","image_title":"Babaposzter, Sz\u00fclet\u00e9snapi poszter, aj\u00e1nd\u00e9k bab\u00e1knak, els\u0151 sz\u00fclet\u00e9snap, nyuszis poszter, Meska","view_count":"4811","favourite_count":"0","trending_score":"0","last2MonthFavouriteCount":"0","promotion":"0","giftcard_accept":"1","creditcard_accept":true,"enhanced_background":"0","domain":"meska","specific_customer_id":null,"specific_customer_name":null,"to_order_product":"1","to_order_product_time":"6","product_different":"quite_different","product_different_description":"Bet\u0171k, sz\u00f3k\u00f6z\u00f6k, sz\u00ednek, bet\u0171t\u00edpusok","vintage":"0","vintage_category_id":"0","recycled":"0","gemstone_id":"0","customizable":"0","type_category":"digital","zerowaste":"0","postage_price":"0.00","shop_order":"0","has_category":"1","landing_pages":null,"microdata":{"number":50,"category":""},"title":"Babaposzter, Sz\u00fclet\u00e9snapi poszter, aj\u00e1nd\u00e9k bab\u00e1knak, els\u0151 sz\u00fclet\u00e9snap, nyuszis poszter","description":"FIGYELEM: A TERM\u00c9K CSAK DIGIT\u00c1LISAN KER\u00dcL KIK\u00dcLD\u00c9SRE!\n\n\u00d6r\u00f6k\u00edtsd meg az eddigi id\u0151szakot \u00e9s lepd meg vele saj\u00e1t gyermekedet, de ak\u00e1r aj\u00e1nd\u00e9kk\u00e9nt is t\u00f6k\u00e9letes! :) Els\u0151, m\u00e1sodik, harmadik stb. sz\u00fclet\u00e9snapra is k\u00e9rhet\u0151!\n\nK\u00e9rlek hogy a v\u00e1s\u00e1rl\u00e1s ut\u00e1n a poszteren tal\u00e1lhat\u00f3 sz\u00f6vegnek megfelel\u0151en k\u00fcldd el azokat az adatokat, amiket viszont szeretn\u00e9l l\u00e1tni a poszteren! (Pl: S\u00faly, fogak sz\u00e1ma, hossza, miket szeret enni\/inni\/csin\u00e1lni, miket tud m\u00e1r csin\u00e1lni, stb.)\n\nAz adatok alapj\u00e1n elk\u00e9sz\u00edtem a posztert \u00e9s az el\u0151reutal\u00e1s ut\u00e1n elk\u00fcld\u00f6m neked a k\u00e9sz grafik\u00e1t egy kiv\u00e1l\u00f3 min\u0151s\u00e9g\u0171 nyomdai pdf-ben, melyet azonnal ki tudsz nyomtatni.\nA term\u00e9k m\u00e9rete: A4-es m\u00e9ret\u0171, azaz 210 x 297 mm, de k\u00e9rhet\u0151 A3 m\u00e9retben is!\n\nAmennyiben egyedi elk\u00e9pzel\u00e9sed lenne, keress bizalommal \u00fczenetben! :)\n\nFIGYELEM: A k\u00fcl\u00f6nb\u00f6z\u0151 k\u00e9perny\u0151k k\u00fcl\u00f6nb\u00f6z\u0151 m\u00f3don jelen\u00edtik meg a k\u00e9pet, ez\u00e9rt a nyomtatott v\u00e1ltozat sz\u00ednei elt\u00e9rhetnek a k\u00e9perny\u0151n l\u00e1tottakt\u00f3l!","score":0,"formatted_price":"4 900 Ft","image_url":"https:\/\/www.meska.hu\/img\/product\/small\/p\/a\/panadesign_product_398004_220422151322_474379.jpeg","formatted_url":"https:\/\/www.meska.hu\/p4600497-babaposzter-szuletesnapi-poszter-ajandek-babaknak-elso-szuletesnap-nyuszis-poszter","favourite":false,"in_stock":false,"avatar":"panadesign_avatar_398004_1605705071.jpg","delete_from":0,"is_enhanced_background":false,"is_enhanced":false,"product_selection_started":false,"is_active":true,"image_webp_url":"https:\/\/www.meska.hu\/img\/product\/small\/p\/a\/panadesign_product_398004_220422151322_474379.webp"},{"id":"3474148","shop_id":"31288","user_id":"398004","shop_name":"panadesign","shop_zip":"2071","product_code":"4557150","product_name_old":null,"product_name":"Poszter, babaszoba k\u00e9p, falik\u00e9p szett, erdei k\u00e9p","category_string":"Baba - mama, Babaposzter, Babaszoba dekor\u00e1ci\u00f3","technic_string":"Fot\u00f3, grafika, rajz, illusztr\u00e1ci\u00f3","category_1":"1735","category_2":"1759","category_3":"1466","category_4":"0","merged_category_1":"0","merged_category_2":"0","merged_category_3":"785","technic_1":"483","technic_2":"0","technic_3":"0","color_1":"532","color_2":"0","color_3":"0","product_description_old":null,"product_description":"FIGYELEM, A TERM\u00c9K CSAK DIGIT\u00c1LISAN KER\u00dcL KIK\u00dcLD\u00c9SRE!\n\n3 k\u00e9pb\u0151l \u00e1ll\u00f3 babaszoba poszter, amelyik k\u00f6zep\u00e9n a gyermek nev\u00e9nek kezd\u0151bet\u0171je l\u00e1that\u00f3!\n\nK\u00e9rlek hogy a v\u00e1s\u00e1rl\u00e1s ut\u00e1n a k\u00e9rt nevet (kezd\u0151bet\u0171t) t\u00fcntesd fel a megjegyz\u00e9s mez\u0151ben.\n\nEzut\u00e1n elk\u00e9sz\u00edtem a posztert \u00e9s amint be\u00e9rkezett az \u00f6sszeg, elk\u00fcld\u00f6m neked a k\u00e9sz grafik\u00e1t egy kiv\u00e1l\u00f3 min\u0151s\u00e9g\u0171 nyomdai pdf-ben, melyet azonnal ki tudsz nyomtatni.\nA term\u00e9k m\u00e9rete: A4 (210x297 mm), de k\u00e9rhet\u0151 m\u00e1s m\u00e9retben is.\n\nSzeretn\u00e9m felh\u00edvni a figyelmed, hogy a k\u00fcl\u00f6nb\u00f6z\u0151 laptopok\/mobiltelefonok a k\u00e9perny\u0151felbont\u00e1suk miatt elt\u00e9r\u0151 m\u00f3don reproduk\u00e1lhatj\u00e1k a sz\u00edneket, \u00edgy a v\u00e9gs\u0151 nyomtatott megjelen\u00e9s minim\u00e1lisan elt\u00e9r\u0151 lehet a k\u00e9perny\u0151n l\u00e1that\u00f3t\u00f3l!\n\nMivel digit\u00e1lis term\u00e9k, term\u00e9szetesen nincs sz\u00e1ll\u00edt\u00e1si k\u00f6lts\u00e9g, a szem\u00e9lyes \u00e1tv\u00e9tel lehet\u0151s\u00e9get kell v\u00e1lasztani megrendel\u00e9skor.\n\nAmennyiben egyedi elk\u00e9pzel\u00e9sed lenne, keress bizalommal \u00fczenetben.","price":"4500.00","unit":"db","recommended":"0","status":"1","sponsored":"0","exp_notify":"0","own_material":"0","own_material_description_old":null,"own_material_description":"","jury":"0","jury_number":"","product_nature":"","meskaracsony":"0","create_date":"2026-03-04 19:46:22","shelve_id":"0","image":"panadesign_product_398004_220325151025_137727.jpeg","image_width":"480","image_height":"360","image_alt":"Poszter, babaszoba k\u00e9p, falik\u00e9p szett, erdei k\u00e9p, FIGYELEM, A TERM\u00c9K CSAK DIGIT\u00c1LISAN KER\u00dcL KIK\u00dcLD\u00c9SRE!\\n\\n3 k\u00e9pb\u0151l \u00e1ll\u00f3 babaszoba poszter, amelyik k\u00f6ze..., Meska","image_title":"Poszter, babaszoba k\u00e9p, falik\u00e9p szett, erdei k\u00e9p, Meska","view_count":"1174","favourite_count":"0","trending_score":"0","last2MonthFavouriteCount":"0","promotion":"0","giftcard_accept":"1","creditcard_accept":true,"enhanced_background":"0","domain":"meska","specific_customer_id":null,"specific_customer_name":null,"to_order_product":"1","to_order_product_time":"6","product_different":"quite_different","product_different_description":"nevek, d\u00e1tum","vintage":"0","vintage_category_id":"0","recycled":"0","gemstone_id":"0","customizable":"0","type_category":"digital","zerowaste":"0","postage_price":"0.00","shop_order":"0","has_category":"1","landing_pages":null,"microdata":{"number":51,"category":""},"title":"Poszter, babaszoba k\u00e9p, falik\u00e9p szett, erdei k\u00e9p","description":"FIGYELEM, A TERM\u00c9K CSAK DIGIT\u00c1LISAN KER\u00dcL KIK\u00dcLD\u00c9SRE!\n\n3 k\u00e9pb\u0151l \u00e1ll\u00f3 babaszoba poszter, amelyik k\u00f6zep\u00e9n a gyermek nev\u00e9nek kezd\u0151bet\u0171je l\u00e1that\u00f3!\n\nK\u00e9rlek hogy a v\u00e1s\u00e1rl\u00e1s ut\u00e1n a k\u00e9rt nevet (kezd\u0151bet\u0171t) t\u00fcntesd fel a megjegyz\u00e9s mez\u0151ben.\n\nEzut\u00e1n elk\u00e9sz\u00edtem a posztert \u00e9s amint be\u00e9rkezett az \u00f6sszeg, elk\u00fcld\u00f6m neked a k\u00e9sz grafik\u00e1t egy kiv\u00e1l\u00f3 min\u0151s\u00e9g\u0171 nyomdai pdf-ben, melyet azonnal ki tudsz nyomtatni.\nA term\u00e9k m\u00e9rete: A4 (210x297 mm), de k\u00e9rhet\u0151 m\u00e1s m\u00e9retben is.\n\nSzeretn\u00e9m felh\u00edvni a figyelmed, hogy a k\u00fcl\u00f6nb\u00f6z\u0151 laptopok\/mobiltelefonok a k\u00e9perny\u0151felbont\u00e1suk miatt elt\u00e9r\u0151 m\u00f3don reproduk\u00e1lhatj\u00e1k a sz\u00edneket, \u00edgy a v\u00e9gs\u0151 nyomtatott megjelen\u00e9s minim\u00e1lisan elt\u00e9r\u0151 lehet a k\u00e9perny\u0151n l\u00e1that\u00f3t\u00f3l!\n\nMivel digit\u00e1lis term\u00e9k, term\u00e9szetesen nincs sz\u00e1ll\u00edt\u00e1si k\u00f6lts\u00e9g, a szem\u00e9lyes \u00e1tv\u00e9tel lehet\u0151s\u00e9get kell v\u00e1lasztani megrendel\u00e9skor.\n\nAmennyiben egyedi elk\u00e9pzel\u00e9sed lenne, keress bizalommal \u00fczenetben.","score":0,"formatted_price":"4 500 Ft","image_url":"https:\/\/www.meska.hu\/img\/product\/small\/p\/a\/panadesign_product_398004_220325151025_137727.jpeg","formatted_url":"https:\/\/www.meska.hu\/p4557150-poszter-babaszoba-kep-falikep-szett-erdei-kep","favourite":false,"in_stock":false,"avatar":"panadesign_avatar_398004_1605705071.jpg","delete_from":0,"is_enhanced_background":false,"is_enhanced":false,"product_selection_started":false,"is_active":true,"image_webp_url":"https:\/\/www.meska.hu\/img\/product\/small\/p\/a\/panadesign_product_398004_220325151025_137727.webp"},{"id":"5161032","shop_id":"16431","user_id":"128496","shop_name":"Studioin","shop_zip":"1195","product_code":"5173281","product_name_old":null,"product_name":"Sz\u00fclet\u00e9snapi fot\u00f3s babaposzter minim\u00e1l st\u00edlusban, 1 \u00e9ves lettem poszter","category_string":"Baba - mama, Babaposzter","technic_string":"Fot\u00f3, grafika, rajz, illusztr\u00e1ci\u00f3","category_1":"1735","category_2":"1759","category_3":"0","category_4":"0","merged_category_1":null,"merged_category_2":null,"merged_category_3":null,"technic_1":"483","technic_2":"0","technic_3":"0","color_1":"519","color_2":"534","color_3":"0","product_description_old":null,"product_description":"Babafot\u00f3s 1 \u00e9ves lettem sz\u00fclet\u00e9snapi falik\u00e9p, egyedi szem\u00e9lyre szabott adatokkal\nA fot\u00f3s sz\u00fclet\u00e9snapi poszter haszn\u00e1lhat\u00f3 a sz\u00fclinapi zs\u00faron dekor\u00e1ci\u00f3nak,  k\u00e9s\u0151bb d\u00edsze lehet a gyerekszob\u00e1nak. Els\u0151, m\u00e1sodik, harmadik stb. sz\u00fclet\u00e9snapra is k\u00e9rhet\u0151!\n\nHa valami igaz\u00e1n k\u00fcl\u00f6nleges \u00e9s egyedi aj\u00e1nd\u00e9kkal szeretn\u00e9d meglepni a kis sz\u00fclinapost, akkor ez a minim\u00e1l st\u00edlus\u00fa m\u00e9rf\u00f6ldk\u0151 poszter t\u00f6k\u00e9letes v\u00e1laszt\u00e1s!\nNagysz\u00fcl\u0151knek vagy keresztel\u0151re is remek aj\u00e1nd\u00e9k.\nK\u00e9rheted saj\u00e1t gyermeked r\u00e9sz\u00e9re, de aj\u00e1nd\u00e9knak is kit\u0171n\u0151, nagymam\u00e1k \u00e9s nagypap\u00e1k mindig \u00f6r\u00f6mmel fogadj\u00e1k a gyermek fot\u00f3s falik\u00e9peket.\n\nA v\u00e1s\u00e1rl\u00e1s menete:\n- Helyezd a kosaradba a term\u00e9ket \u00e9s ind\u00edtsd el a rendel\u00e9st. A rendel\u00e9s lead\u00e1sa ut\u00e1n a visszaigazol\u00f3 email-ben megadott el\u00e9rhet\u0151s\u00e9geken tudod elk\u00fcldeni az adatokat \u00e9s a nagy felbont\u00e1s\u00fa f\u00e9nyk\u00e9pet.\nFIGYELEM: Csak nagy felbont\u00e1s\u00fa, \u00e9les k\u00e9pekkel tudunk dolgozni. A rossz min\u0151s\u00e9g\u0171 fot\u00f3k\u00e9rt nem tudunk felel\u0151ss\u00e9get v\u00e1llalni! \nAz \u00e1r kiz\u00e1r\u00f3lag a poszter sz\u00f6veg\u00e9nek szerkeszt\u00e9s\u00e9t tartalmazza. Grafikai v\u00e1ltoztat\u00e1st extra szerkeszt\u00e9si d\u00edj ellen\u00e9ben tudsz k\u00e9rni ez\u00e9rt k\u00e9rlek, hogy a k\u00e9pen l\u00e1that\u00f3 mennyis\u00e9g\u0171 inform\u00e1ci\u00f3t k\u00fcldd el r\u00e9sz\u00fcnkre:\nBaba neve (a k\u00e9p tetej\u00e9n)\nS\u00falya\nmagass\u00e1ga\nfogacsk\u00e1k sz\u00e1ma\nKedvenc ennival\u00f3\nMit szeret csin\u00e1lni\nMit tud csin\u00e1lni\nsz\u00fclet\u00e9si d\u00e1tum (a fot\u00f3 alatt)\nhoroszk\u00f3pja\n\n- A term\u00e9k \u00e1r\u00e1nak rendez\u00e9se ut\u00e1n a rendel\u00e9sen szerepl\u0151 email c\u00edmre k\u00fcld\u00f6m az elk\u00e9sz\u00edtett mint\u00e1t, amelyet a j\u00f3v\u00e1hagy\u00e1sod ut\u00e1n nyomtatok \u00e9s csomagolok.\n\nAz \u00e1r 1 db k\u00e9p megv\u00e1s\u00e1rl\u00e1sa eset\u00e9n \u00e9rv\u00e9nyes.\nA megv\u00e1s\u00e1rolt k\u00e9pen a v\u00edzjel nem l\u00e1that\u00f3 \u00e9s az \u00e1r keret n\u00e9lk\u00fcl \u00e9rtend\u0151!\n\nEgyedi rendel\u00e9si ig\u00e9ny eset\u00e9n k\u00e9rj\u00fck, hogy vedd fel vel\u00fcnk a kapcsolatot miel\u0151tt megrendeln\u00e9d a term\u00e9ket.\n\nA k\u00e9p \u00e1rnyalataiban elt\u00e9rhetnek a monitoron l\u00e1that\u00f3 sz\u00ednekt\u0151l.\n\nFIGYELEM! Csak abban az esetben k\u00fcldj\u00fck a term\u00e9ket, ha a teljes \u00f6sszeg be\u00e9rkezett banksz\u00e1ml\u00e1nkra.\n\nGondosan csomagolva post\u00e1zzuk a term\u00e9ket, hogy ne s\u00e9r\u00fclj\u00f6n.\n\nA k\u00e9sz term\u00e9keken a v\u00edzjel nem l\u00e1that\u00f3!\nA k\u00e9peken l\u00e1that\u00f3 minden egy\u00e9b dekor\u00e1ci\u00f3 (ilyen pl. a k\u00e9pkeret vagy a rongybaba, stb.) csak illusztr\u00e1ci\u00f3, nem k\u00e9pezi a term\u00e9k r\u00e9sz\u00e9t, teh\u00e1t sem keretet, sem j\u00e1t\u00e9kot nem k\u00fcld\u00fcnk!:)\n\nSZERZ\u0150I JOG:\nA term\u00e9ken tal\u00e1lhat\u00f3 grafika, valamint a hozz\u00e1 tartoz\u00f3 k\u00e9pek szerz\u0151i jogv\u00e9delem alatt \u00e1llnak \u00e9s a szerz\u0151i jog ide vonatkoz\u00f3 r\u00e9szei v\u00e9dik. A term\u00e9k megv\u00e1s\u00e1rl\u00e1s\u00e1val a grafika tulajdonjoga nem ker\u00fcl \u00e1t a v\u00e1s\u00e1rl\u00f3ra, az tov\u00e1bbra is az alkot\u00f3 tulajdon\u00e1t k\u00e9pezi.","price":"3000.00","unit":"db","recommended":"0","status":"1","sponsored":"0","exp_notify":"0","own_material":"0","own_material_description_old":null,"own_material_description":"","jury":"0","jury_number":"","product_nature":"","meskaracsony":"0","create_date":"2026-03-03 13:46:44","shelve_id":"53662","image":"studioin_product_128496_231231125418_769197.jpeg","image_width":"480","image_height":"582","image_alt":"Sz\u00fclet\u00e9snapi fot\u00f3s babaposzter minim\u00e1l st\u00edlusban, 1 \u00e9ves lettem poszter, Babafot\u00f3s 1 \u00e9ves lettem sz\u00fclet\u00e9snapi falik\u00e9p, egyedi szem\u00e9lyre szabott adatokkal\\nA fot\u00f3s sz\u00fclet\u00e9snap..., Meska","image_title":"Sz\u00fclet\u00e9snapi fot\u00f3s babaposzter minim\u00e1l st\u00edlusban, 1 \u00e9ves lettem poszter, Meska","view_count":"962","favourite_count":"0","trending_score":"0","last2MonthFavouriteCount":"0","promotion":"0","giftcard_accept":"1","creditcard_accept":true,"enhanced_background":"0","domain":"meska","specific_customer_id":null,"specific_customer_name":null,"to_order_product":"1","to_order_product_time":"8","product_different":"quite_different","product_different_description":"Fot\u00f3, n\u00e9v, sz\u00fclet\u00e9si adatok a megrendel\u00e9snek megfelel\u0151en v\u00e1ltoznak.","vintage":"0","vintage_category_id":"0","recycled":"0","gemstone_id":"0","customizable":"0","type_category":"physical","zerowaste":"0","postage_price":"1290.00","shop_order":"172","has_category":"1","landing_pages":null,"microdata":{"number":52,"category":""},"title":"Sz\u00fclet\u00e9snapi fot\u00f3s babaposzter minim\u00e1l st\u00edlusban, 1 \u00e9ves lettem poszter","description":"Babafot\u00f3s 1 \u00e9ves lettem sz\u00fclet\u00e9snapi falik\u00e9p, egyedi szem\u00e9lyre szabott adatokkal\nA fot\u00f3s sz\u00fclet\u00e9snapi poszter haszn\u00e1lhat\u00f3 a sz\u00fclinapi zs\u00faron dekor\u00e1ci\u00f3nak,  k\u00e9s\u0151bb d\u00edsze lehet a gyerekszob\u00e1nak. Els\u0151, m\u00e1sodik, harmadik stb. sz\u00fclet\u00e9snapra is k\u00e9rhet\u0151!\n\nHa valami igaz\u00e1n k\u00fcl\u00f6nleges \u00e9s egyedi aj\u00e1nd\u00e9kkal szeretn\u00e9d meglepni a kis sz\u00fclinapost, akkor ez a minim\u00e1l st\u00edlus\u00fa m\u00e9rf\u00f6ldk\u0151 poszter t\u00f6k\u00e9letes v\u00e1laszt\u00e1s!\nNagysz\u00fcl\u0151knek vagy keresztel\u0151re is remek aj\u00e1nd\u00e9k.\nK\u00e9rheted saj\u00e1t gyermeked r\u00e9sz\u00e9re, de aj\u00e1nd\u00e9knak is kit\u0171n\u0151, nagymam\u00e1k \u00e9s nagypap\u00e1k mindig \u00f6r\u00f6mmel fogadj\u00e1k a gyermek fot\u00f3s falik\u00e9peket.\n\nA v\u00e1s\u00e1rl\u00e1s menete:\n- Helyezd a kosaradba a term\u00e9ket \u00e9s ind\u00edtsd el a rendel\u00e9st. A rendel\u00e9s lead\u00e1sa ut\u00e1n a visszaigazol\u00f3 email-ben megadott el\u00e9rhet\u0151s\u00e9geken tudod elk\u00fcldeni az adatokat \u00e9s a nagy felbont\u00e1s\u00fa f\u00e9nyk\u00e9pet.\nFIGYELEM: Csak nagy felbont\u00e1s\u00fa, \u00e9les k\u00e9pekkel tudunk dolgozni. A rossz min\u0151s\u00e9g\u0171 fot\u00f3k\u00e9rt nem tudunk felel\u0151ss\u00e9get v\u00e1llalni! \nAz \u00e1r kiz\u00e1r\u00f3lag a poszter sz\u00f6veg\u00e9nek szerkeszt\u00e9s\u00e9t tartalmazza. Grafikai v\u00e1ltoztat\u00e1st extra szerkeszt\u00e9si d\u00edj ellen\u00e9ben tudsz k\u00e9rni ez\u00e9rt k\u00e9rlek, hogy a k\u00e9pen l\u00e1that\u00f3 mennyis\u00e9g\u0171 inform\u00e1ci\u00f3t k\u00fcldd el r\u00e9sz\u00fcnkre:\nBaba neve (a k\u00e9p tetej\u00e9n)\nS\u00falya\nmagass\u00e1ga\nfogacsk\u00e1k sz\u00e1ma\nKedvenc ennival\u00f3\nMit szeret csin\u00e1lni\nMit tud csin\u00e1lni\nsz\u00fclet\u00e9si d\u00e1tum (a fot\u00f3 alatt)\nhoroszk\u00f3pja\n\n- A term\u00e9k \u00e1r\u00e1nak rendez\u00e9se ut\u00e1n a rendel\u00e9sen szerepl\u0151 email c\u00edmre k\u00fcld\u00f6m az elk\u00e9sz\u00edtett mint\u00e1t, amelyet a j\u00f3v\u00e1hagy\u00e1sod ut\u00e1n nyomtatok \u00e9s csomagolok.\n\nAz \u00e1r 1 db k\u00e9p megv\u00e1s\u00e1rl\u00e1sa eset\u00e9n \u00e9rv\u00e9nyes.\nA megv\u00e1s\u00e1rolt k\u00e9pen a v\u00edzjel nem l\u00e1that\u00f3 \u00e9s az \u00e1r keret n\u00e9lk\u00fcl \u00e9rtend\u0151!\n\nEgyedi rendel\u00e9si ig\u00e9ny eset\u00e9n k\u00e9rj\u00fck, hogy vedd fel vel\u00fcnk a kapcsolatot miel\u0151tt megrendeln\u00e9d a term\u00e9ket.\n\nA k\u00e9p \u00e1rnyalataiban elt\u00e9rhetnek a monitoron l\u00e1that\u00f3 sz\u00ednekt\u0151l.\n\nFIGYELEM! Csak abban az esetben k\u00fcldj\u00fck a term\u00e9ket, ha a teljes \u00f6sszeg be\u00e9rkezett banksz\u00e1ml\u00e1nkra.\n\nGondosan csomagolva post\u00e1zzuk a term\u00e9ket, hogy ne s\u00e9r\u00fclj\u00f6n.\n\nA k\u00e9sz term\u00e9keken a v\u00edzjel nem l\u00e1that\u00f3!\nA k\u00e9peken l\u00e1that\u00f3 minden egy\u00e9b dekor\u00e1ci\u00f3 (ilyen pl. a k\u00e9pkeret vagy a rongybaba, stb.) csak illusztr\u00e1ci\u00f3, nem k\u00e9pezi a term\u00e9k r\u00e9sz\u00e9t, teh\u00e1t sem keretet, sem j\u00e1t\u00e9kot nem k\u00fcld\u00fcnk!:)\n\nSZERZ\u0150I JOG:\nA term\u00e9ken tal\u00e1lhat\u00f3 grafika, valamint a hozz\u00e1 tartoz\u00f3 k\u00e9pek szerz\u0151i jogv\u00e9delem alatt \u00e1llnak \u00e9s a szerz\u0151i jog ide vonatkoz\u00f3 r\u00e9szei v\u00e9dik. A term\u00e9k megv\u00e1s\u00e1rl\u00e1s\u00e1val a grafika tulajdonjoga nem ker\u00fcl \u00e1t a v\u00e1s\u00e1rl\u00f3ra, az tov\u00e1bbra is az alkot\u00f3 tulajdon\u00e1t k\u00e9pezi.","score":0,"formatted_price":"3 000 Ft","image_url":"https:\/\/www.meska.hu\/img\/product\/small\/s\/t\/studioin_product_128496_231231125418_769197.jpeg","formatted_url":"https:\/\/www.meska.hu\/p5173281-szuletesnapi-fotos-babaposzter-minimal-stilusban-1-eves-lettem-poszter","favourite":false,"in_stock":false,"avatar":"128496_avatar_1698519404.jpeg","delete_from":0,"is_enhanced_background":false,"is_enhanced":false,"product_selection_started":false,"is_active":true,"image_webp_url":"https:\/\/www.meska.hu\/img\/product\/small\/s\/t\/studioin_product_128496_231231125418_769197.webp"},{"id":"5717176","shop_id":"44507","user_id":"633137","shop_name":"BrabDesign","shop_zip":"7122","product_code":"5511502","product_name_old":null,"product_name":"Szem\u00e9lyre szabhat\u00f3 babav\u00e1r\u00f3 buli poszter \u2013 egyedi f\u00f3li\u00e1zott eml\u00e9k a vend\u00e9gek neveivel! ????????\u2728","category_string":"Baba - mama, Babaposzter, Babaszoba dekor\u00e1ci\u00f3","technic_string":"Fot\u00f3, grafika, rajz, illusztr\u00e1ci\u00f3","category_1":"1735","category_2":"1759","category_3":"1466","category_4":"0","merged_category_1":null,"merged_category_2":null,"merged_category_3":null,"technic_1":"483","technic_2":"0","technic_3":"0","color_1":"525","color_2":"0","color_3":"0","product_description_old":null,"product_description":"Egyedi, f\u00f3li\u00e1zott babav\u00e1r\u00f3 buli poszter \u2013 szem\u00e9lyre szabott eml\u00e9k a k\u00fcl\u00f6nleges pillanatokhoz! ????\u2728\n\nTedd m\u00e9g eml\u00e9kezetesebb\u00e9 a babav\u00e1r\u00f3 bulit ezzel a k\u00fcl\u00f6nleges, szem\u00e9lyre szabhat\u00f3 poszterrel, amely a vend\u00e9gek neveit tartalmazza! A csillog\u00f3 f\u00f3li\u00e1z\u00e1s eleg\u00e1ns \u00e9s pr\u00e9mium megjelen\u00e9st k\u00f6lcs\u00f6n\u00f6z a dekor\u00e1ci\u00f3nak, \u00edgy t\u00f6k\u00e9letes aj\u00e1nd\u00e9k vagy eml\u00e9k a jeles esem\u00e9nyr\u0151l.\n\n???? R\u00e9szletek:\n\u2714 Szem\u00e9lyre szabhat\u00f3 \u2013 a nevek sz\u00e1ma rugalmas, lehet t\u00f6bb vagy kevesebb is.\n\u2714 M\u00e9ret: A4 (21x29,7 cm), amely t\u00f6k\u00e9letesen illeszkedik a legt\u00f6bb k\u00e9pkeretbe.\n\u2714 Pr\u00e9mium min\u0151s\u00e9g\u0171 pap\u00edrra k\u00e9sz\u00fcl, \u00edgy tart\u00f3s \u00e9s eleg\u00e1ns megjelen\u00e9st biztos\u00edt.\n\u2714 Elk\u00e9sz\u00edt\u00e9si id\u0151: 3 munkanap.\n\u2714 Fontos: A term\u00e9k csak a posztert tartalmazza, a k\u00e9pkeret nem r\u00e9sze a csomagnak!\n\n???? Ha egyedi elk\u00e9pzel\u00e9sed van, b\u00e1tran \u00edrj \u00fczenetet! ????","price":"3490.00","unit":"db","recommended":"0","status":"1","sponsored":"0","exp_notify":"0","own_material":"0","own_material_description_old":null,"own_material_description":"","jury":"0","jury_number":"","product_nature":"","meskaracsony":"0","create_date":"2026-03-02 10:28:27","shelve_id":"0","image":"brabdesign_product_633137_250310164251_5993.jpeg","image_width":"480","image_height":"360","image_alt":"Szem\u00e9lyre szabhat\u00f3 babav\u00e1r\u00f3 buli poszter \u2013 egyedi f\u00f3li\u00e1zott eml\u00e9k a vend\u00e9gek neveivel! ????????\u2728, Egyedi, f\u00f3li\u00e1zott babav\u00e1r\u00f3 buli poszter \u2013 szem\u00e9lyre szabott eml\u00e9k a k\u00fcl\u00f6nleges pillanatokhoz! ????\u2728\\n..., Meska","image_title":"Szem\u00e9lyre szabhat\u00f3 babav\u00e1r\u00f3 buli poszter \u2013 egyedi f\u00f3li\u00e1zott eml\u00e9k a vend\u00e9gek neveivel! ????????\u2728, Meska","view_count":"369","favourite_count":"0","trending_score":"0","last2MonthFavouriteCount":"0","promotion":"0","giftcard_accept":"0","creditcard_accept":false,"enhanced_background":"0","domain":"meska","specific_customer_id":null,"specific_customer_name":null,"to_order_product":"1","to_order_product_time":"3","product_different":null,"product_different_description":"","vintage":"0","vintage_category_id":"0","recycled":"0","gemstone_id":"0","customizable":"1","type_category":"physical","zerowaste":"0","postage_price":"1349.00","shop_order":"0","has_category":"1","landing_pages":null,"microdata":{"number":53,"category":""},"title":"Szem\u00e9lyre szabhat\u00f3 babav\u00e1r\u00f3 buli poszter \u2013 egyedi f\u00f3li\u00e1zott eml\u00e9k a vend\u00e9gek neveivel! ????????\u2728","description":"Egyedi, f\u00f3li\u00e1zott babav\u00e1r\u00f3 buli poszter \u2013 szem\u00e9lyre szabott eml\u00e9k a k\u00fcl\u00f6nleges pillanatokhoz! ????\u2728\n\nTedd m\u00e9g eml\u00e9kezetesebb\u00e9 a babav\u00e1r\u00f3 bulit ezzel a k\u00fcl\u00f6nleges, szem\u00e9lyre szabhat\u00f3 poszterrel, amely a vend\u00e9gek neveit tartalmazza! A csillog\u00f3 f\u00f3li\u00e1z\u00e1s eleg\u00e1ns \u00e9s pr\u00e9mium megjelen\u00e9st k\u00f6lcs\u00f6n\u00f6z a dekor\u00e1ci\u00f3nak, \u00edgy t\u00f6k\u00e9letes aj\u00e1nd\u00e9k vagy eml\u00e9k a jeles esem\u00e9nyr\u0151l.\n\n???? R\u00e9szletek:\n\u2714 Szem\u00e9lyre szabhat\u00f3 \u2013 a nevek sz\u00e1ma rugalmas, lehet t\u00f6bb vagy kevesebb is.\n\u2714 M\u00e9ret: A4 (21x29,7 cm), amely t\u00f6k\u00e9letesen illeszkedik a legt\u00f6bb k\u00e9pkeretbe.\n\u2714 Pr\u00e9mium min\u0151s\u00e9g\u0171 pap\u00edrra k\u00e9sz\u00fcl, \u00edgy tart\u00f3s \u00e9s eleg\u00e1ns megjelen\u00e9st biztos\u00edt.\n\u2714 Elk\u00e9sz\u00edt\u00e9si id\u0151: 3 munkanap.\n\u2714 Fontos: A term\u00e9k csak a posztert tartalmazza, a k\u00e9pkeret nem r\u00e9sze a csomagnak!\n\n???? Ha egyedi elk\u00e9pzel\u00e9sed van, b\u00e1tran \u00edrj \u00fczenetet! ????","score":0,"formatted_price":"3 490 Ft","image_url":"https:\/\/www.meska.hu\/img\/product\/small\/b\/r\/brabdesign_product_633137_250310164251_5993.jpeg","formatted_url":"https:\/\/www.meska.hu\/p5511502-szemelyre-szabhato-babavaro-buli-poszter-egyedi-foliazott-emlek-a-vendegek-neveivel","favourite":false,"in_stock":false,"avatar":"633137_avatar_1709316564.jpeg","delete_from":0,"is_enhanced_background":false,"is_enhanced":false,"product_selection_started":false,"is_active":true,"image_webp_url":"https:\/\/www.meska.hu\/img\/product\/small\/b\/r\/brabdesign_product_633137_250310164251_5993.webp"},{"id":"5717189","shop_id":"44507","user_id":"633137","shop_name":"BrabDesign","shop_zip":"7122","product_code":"5511512","product_name_old":null,"product_name":"Egyedi, f\u00f3li\u00e1zott babav\u00e1r\u00f3 buli poszter \u2013 szem\u00e9lyre szabott eml\u00e9k a k\u00fcl\u00f6nleges pillanatokhoz!","category_string":"Baba - mama, Babaposzter, Babaszoba dekor\u00e1ci\u00f3","technic_string":"Fot\u00f3, grafika, rajz, illusztr\u00e1ci\u00f3","category_1":"1735","category_2":"1759","category_3":"1466","category_4":"0","merged_category_1":null,"merged_category_2":null,"merged_category_3":null,"technic_1":"483","technic_2":"0","technic_3":"0","color_1":"521","color_2":"0","color_3":"0","product_description_old":null,"product_description":"Egyedi, f\u00f3li\u00e1zott babav\u00e1r\u00f3 buli poszter \u2013 szem\u00e9lyre szabott eml\u00e9k a k\u00fcl\u00f6nleges pillanatokhoz! ????\u2728\n\nTedd m\u00e9g eml\u00e9kezetesebb\u00e9 a babav\u00e1r\u00f3 bulit ezzel a k\u00fcl\u00f6nleges, szem\u00e9lyre szabhat\u00f3 poszterrel, amely a vend\u00e9gek neveit tartalmazza! A csillog\u00f3 f\u00f3li\u00e1z\u00e1s eleg\u00e1ns \u00e9s pr\u00e9mium megjelen\u00e9st k\u00f6lcs\u00f6n\u00f6z a dekor\u00e1ci\u00f3nak, \u00edgy t\u00f6k\u00e9letes aj\u00e1nd\u00e9k vagy eml\u00e9k a jeles esem\u00e9nyr\u0151l.\n\n???? R\u00e9szletek:\n\u2714 Szem\u00e9lyre szabhat\u00f3 \u2013 a nevek sz\u00e1ma rugalmas, lehet t\u00f6bb vagy kevesebb is.\n\u2714 M\u00e9ret: A4 (21x29,7 cm), amely t\u00f6k\u00e9letesen illeszkedik a legt\u00f6bb k\u00e9pkeretbe.\n\u2714 Pr\u00e9mium min\u0151s\u00e9g\u0171 pap\u00edrra k\u00e9sz\u00fcl, \u00edgy tart\u00f3s \u00e9s eleg\u00e1ns megjelen\u00e9st biztos\u00edt.\n\u2714 Elk\u00e9sz\u00edt\u00e9si id\u0151: 3 munkanap.\n\u2714 Fontos: A term\u00e9k csak a posztert tartalmazza, a k\u00e9pkeret nem r\u00e9sze a csomagnak!\n\n???? Ha egyedi elk\u00e9pzel\u00e9sed van, b\u00e1tran \u00edrj \u00fczenetet! ????","price":"3490.00","unit":"db","recommended":"0","status":"1","sponsored":"0","exp_notify":"0","own_material":"0","own_material_description_old":null,"own_material_description":"","jury":"0","jury_number":"","product_nature":"","meskaracsony":"0","create_date":"2026-03-02 10:28:20","shelve_id":"0","image":"brabdesign_product_633137_250310164150_591745.jpeg","image_width":"480","image_height":"527","image_alt":"Egyedi, f\u00f3li\u00e1zott babav\u00e1r\u00f3 buli poszter \u2013 szem\u00e9lyre szabott eml\u00e9k a k\u00fcl\u00f6nleges pillanatokhoz!, Egyedi, f\u00f3li\u00e1zott babav\u00e1r\u00f3 buli poszter \u2013 szem\u00e9lyre szabott eml\u00e9k a k\u00fcl\u00f6nleges pillanatokhoz! ????\u2728\\n..., Meska","image_title":"Egyedi, f\u00f3li\u00e1zott babav\u00e1r\u00f3 buli poszter \u2013 szem\u00e9lyre szabott eml\u00e9k a k\u00fcl\u00f6nleges pillanatokhoz!, Meska","view_count":"427","favourite_count":"0","trending_score":"0","last2MonthFavouriteCount":"0","promotion":"0","giftcard_accept":"0","creditcard_accept":false,"enhanced_background":"0","domain":"meska","specific_customer_id":null,"specific_customer_name":null,"to_order_product":"1","to_order_product_time":"3","product_different":null,"product_different_description":"","vintage":"0","vintage_category_id":"0","recycled":"0","gemstone_id":"0","customizable":"1","type_category":"physical","zerowaste":"0","postage_price":"1349.00","shop_order":"0","has_category":"1","landing_pages":null,"microdata":{"number":54,"category":""},"title":"Egyedi, f\u00f3li\u00e1zott babav\u00e1r\u00f3 buli poszter \u2013 szem\u00e9lyre szabott eml\u00e9k a k\u00fcl\u00f6nleges pillanatokhoz!","description":"Egyedi, f\u00f3li\u00e1zott babav\u00e1r\u00f3 buli poszter \u2013 szem\u00e9lyre szabott eml\u00e9k a k\u00fcl\u00f6nleges pillanatokhoz! ????\u2728\n\nTedd m\u00e9g eml\u00e9kezetesebb\u00e9 a babav\u00e1r\u00f3 bulit ezzel a k\u00fcl\u00f6nleges, szem\u00e9lyre szabhat\u00f3 poszterrel, amely a vend\u00e9gek neveit tartalmazza! A csillog\u00f3 f\u00f3li\u00e1z\u00e1s eleg\u00e1ns \u00e9s pr\u00e9mium megjelen\u00e9st k\u00f6lcs\u00f6n\u00f6z a dekor\u00e1ci\u00f3nak, \u00edgy t\u00f6k\u00e9letes aj\u00e1nd\u00e9k vagy eml\u00e9k a jeles esem\u00e9nyr\u0151l.\n\n???? R\u00e9szletek:\n\u2714 Szem\u00e9lyre szabhat\u00f3 \u2013 a nevek sz\u00e1ma rugalmas, lehet t\u00f6bb vagy kevesebb is.\n\u2714 M\u00e9ret: A4 (21x29,7 cm), amely t\u00f6k\u00e9letesen illeszkedik a legt\u00f6bb k\u00e9pkeretbe.\n\u2714 Pr\u00e9mium min\u0151s\u00e9g\u0171 pap\u00edrra k\u00e9sz\u00fcl, \u00edgy tart\u00f3s \u00e9s eleg\u00e1ns megjelen\u00e9st biztos\u00edt.\n\u2714 Elk\u00e9sz\u00edt\u00e9si id\u0151: 3 munkanap.\n\u2714 Fontos: A term\u00e9k csak a posztert tartalmazza, a k\u00e9pkeret nem r\u00e9sze a csomagnak!\n\n???? Ha egyedi elk\u00e9pzel\u00e9sed van, b\u00e1tran \u00edrj \u00fczenetet! ????","score":0,"formatted_price":"3 490 Ft","image_url":"https:\/\/www.meska.hu\/img\/product\/small\/b\/r\/brabdesign_product_633137_250310164150_591745.jpeg","formatted_url":"https:\/\/www.meska.hu\/p5511512-egyedi-foliazott-babavaro-buli-poszter-szemelyre-szabott-emlek-a-kulonleges-pillanatokhoz","favourite":false,"in_stock":false,"avatar":"633137_avatar_1709316564.jpeg","delete_from":0,"is_enhanced_background":false,"is_enhanced":false,"product_selection_started":false,"is_active":true,"image_webp_url":"https:\/\/www.meska.hu\/img\/product\/small\/b\/r\/brabdesign_product_633137_250310164150_591745.webp"},{"id":"5846024","shop_id":"47960","user_id":"702930","shop_name":"VICREADesign","shop_zip":"8372","product_code":"5578619","product_name_old":null,"product_name":"Egyedi Babaposzter \u2013 Els\u0151 \u00e9vem szem\u00e9lyre szabott f\u00e9nyk\u00e9pes babaposzter","category_string":"Baba - mama, Babaszoba dekor\u00e1ci\u00f3, Babaposzter","technic_string":"Fot\u00f3, grafika, rajz, illusztr\u00e1ci\u00f3","category_1":"1735","category_2":"1466","category_3":"1759","category_4":"0","merged_category_1":null,"merged_category_2":null,"merged_category_3":null,"technic_1":"483","technic_2":"0","technic_3":"0","color_1":"519","color_2":"520","color_3":"525","product_description_old":null,"product_description":"Egy k\u00fcl\u00f6nleges eml\u00e9k az els\u0151 \u00e9v legfontosabb pillanatair\u00f3l\n\nAz \u201eEls\u0151 \u00e9vem\u201d poszter t\u00f6k\u00e9letes v\u00e1laszt\u00e1s, ha szeretn\u00e9d meg\u0151rizni gyermeked els\u0151 \u00e9v\u00e9nek m\u00e9rf\u00f6ldk\u00f6veit \u00e9s kedves eml\u00e9keit. A poszteren helyet kapnak a legfontosabb adatok: s\u00faly, hossz, els\u0151 szavak, kedvenc \u00e9telek, j\u00e1t\u00e9kok, becenevek, \u00e9s sok m\u00e1s szem\u00e9lyes r\u00e9szlet.\n\nMit tartalmazhat?\n\u2714\ufe0f Baba neve \u00e9s \u00e9letkora\n\u2714\ufe0f S\u00falya, magass\u00e1ga, fogacsk\u00e1inak sz\u00e1ma\n\u2714\ufe0f Els\u0151 szavai, kedvenc \u00e9telei, j\u00e1t\u00e9kai\n\u2714\ufe0f Szeretett tev\u00e9kenys\u00e9gek, becenevek \u00e9s egy\u00e9b kedves eml\u00e9kek\n\u2714\ufe0f Egy f\u00e9nyk\u00e9p r\u00f3la\n\nEl\u00e9rhet\u0151 digit\u00e1lis \u00e9s nyomtatott form\u00e1ban is\n\nK\u00e9pkerettel is k\u00e9rhet\u0151 \u2013 v\u00e1laszthat\u00f3 feh\u00e9r, fekete vagy fahat\u00e1s\u00fa keret. \n\nHogyan m\u0171k\u00f6dik?\n1\ufe0f\u20e3 V\u00e1s\u00e1rl\u00e1s ut\u00e1n \u00fczenetben felveszem veled a kapcsolatot, hogy egyeztess\u00fck a sz\u00fcks\u00e9ges inform\u00e1ci\u00f3kat.\n2\ufe0f\u20e3 1 napon bel\u00fcl elk\u00e9sz\u00edtem a l\u00e1tv\u00e1nytervet, amelyet egyszer van lehet\u0151s\u00e9g m\u00f3dos\u00edtani.\n3\ufe0f\u20e3A v\u00e9gleges verzi\u00f3t az \u00e1ltalad v\u00e1lasztott form\u00e1ban kapod meg:\n\n\u2714\ufe0f Digit\u00e1lis rendel\u00e9s eset\u00e9n nagy felbont\u00e1s\u00fa PDF form\u00e1tumban e-mailben\nElk\u00e9sz\u00edt\u00e9si id\u0151: 1-2 munkanap (Adatok be\u00e9rkez\u00e9s\u00e9t\u0151l sz\u00e1m\u00edtva)\n\u2714\ufe0f Nyomtatott, k\u00e9pkeretes verzi\u00f3ban post\u00e1zva\nElk\u00e9sz\u00edt\u00e9si id\u0151: 5-6 munkanap (Adatok be\u00e9rkez\u00e9s\u00e9t\u0151l sz\u00e1m\u00edtva)\n\nT\u00f6k\u00e9letes dekor\u00e1ci\u00f3, egyedi aj\u00e1nd\u00e9k \u00e9s garant\u00e1ltan mosolyt csal az arcokra!","price":"2790.00","unit":"db","recommended":"0","status":"1","sponsored":"0","exp_notify":"0","own_material":"0","own_material_description_old":null,"own_material_description":"","jury":"0","jury_number":"","product_nature":"","meskaracsony":"0","create_date":"2026-03-01 17:25:39","shelve_id":"0","image":"vicreadesign_product_702930_250704164441_805980.jpeg","image_width":"480","image_height":"480","image_alt":"Egyedi Babaposzter \u2013 Els\u0151 \u00e9vem szem\u00e9lyre szabott f\u00e9nyk\u00e9pes babaposzter, Egy k\u00fcl\u00f6nleges eml\u00e9k az els\u0151 \u00e9v legfontosabb pillanatair\u00f3l\\n\\nAz \u201eEls\u0151 \u00e9vem\u201d poszter t\u00f6k\u00e9letes v\u00e1laszt..., Meska","image_title":"Egyedi Babaposzter \u2013 Els\u0151 \u00e9vem szem\u00e9lyre szabott f\u00e9nyk\u00e9pes babaposzter, Meska","view_count":"304","favourite_count":"0","trending_score":"0","last2MonthFavouriteCount":"0","promotion":"0","giftcard_accept":"0","creditcard_accept":true,"enhanced_background":"0","domain":"meska","specific_customer_id":null,"specific_customer_name":null,"to_order_product":"1","to_order_product_time":"2","product_different":null,"product_different_description":"","vintage":"0","vintage_category_id":"0","recycled":"0","gemstone_id":"0","customizable":"0","type_category":"digital","zerowaste":"0","postage_price":"1290.00","shop_order":"0","has_category":"1","landing_pages":null,"microdata":{"number":55,"category":""},"title":"Egyedi Babaposzter \u2013 Els\u0151 \u00e9vem szem\u00e9lyre szabott f\u00e9nyk\u00e9pes babaposzter","description":"Egy k\u00fcl\u00f6nleges eml\u00e9k az els\u0151 \u00e9v legfontosabb pillanatair\u00f3l\n\nAz \u201eEls\u0151 \u00e9vem\u201d poszter t\u00f6k\u00e9letes v\u00e1laszt\u00e1s, ha szeretn\u00e9d meg\u0151rizni gyermeked els\u0151 \u00e9v\u00e9nek m\u00e9rf\u00f6ldk\u00f6veit \u00e9s kedves eml\u00e9keit. A poszteren helyet kapnak a legfontosabb adatok: s\u00faly, hossz, els\u0151 szavak, kedvenc \u00e9telek, j\u00e1t\u00e9kok, becenevek, \u00e9s sok m\u00e1s szem\u00e9lyes r\u00e9szlet.\n\nMit tartalmazhat?\n\u2714\ufe0f Baba neve \u00e9s \u00e9letkora\n\u2714\ufe0f S\u00falya, magass\u00e1ga, fogacsk\u00e1inak sz\u00e1ma\n\u2714\ufe0f Els\u0151 szavai, kedvenc \u00e9telei, j\u00e1t\u00e9kai\n\u2714\ufe0f Szeretett tev\u00e9kenys\u00e9gek, becenevek \u00e9s egy\u00e9b kedves eml\u00e9kek\n\u2714\ufe0f Egy f\u00e9nyk\u00e9p r\u00f3la\n\nEl\u00e9rhet\u0151 digit\u00e1lis \u00e9s nyomtatott form\u00e1ban is\n\nK\u00e9pkerettel is k\u00e9rhet\u0151 \u2013 v\u00e1laszthat\u00f3 feh\u00e9r, fekete vagy fahat\u00e1s\u00fa keret. \n\nHogyan m\u0171k\u00f6dik?\n1\ufe0f\u20e3 V\u00e1s\u00e1rl\u00e1s ut\u00e1n \u00fczenetben felveszem veled a kapcsolatot, hogy egyeztess\u00fck a sz\u00fcks\u00e9ges inform\u00e1ci\u00f3kat.\n2\ufe0f\u20e3 1 napon bel\u00fcl elk\u00e9sz\u00edtem a l\u00e1tv\u00e1nytervet, amelyet egyszer van lehet\u0151s\u00e9g m\u00f3dos\u00edtani.\n3\ufe0f\u20e3A v\u00e9gleges verzi\u00f3t az \u00e1ltalad v\u00e1lasztott form\u00e1ban kapod meg:\n\n\u2714\ufe0f Digit\u00e1lis rendel\u00e9s eset\u00e9n nagy felbont\u00e1s\u00fa PDF form\u00e1tumban e-mailben\nElk\u00e9sz\u00edt\u00e9si id\u0151: 1-2 munkanap (Adatok be\u00e9rkez\u00e9s\u00e9t\u0151l sz\u00e1m\u00edtva)\n\u2714\ufe0f Nyomtatott, k\u00e9pkeretes verzi\u00f3ban post\u00e1zva\nElk\u00e9sz\u00edt\u00e9si id\u0151: 5-6 munkanap (Adatok be\u00e9rkez\u00e9s\u00e9t\u0151l sz\u00e1m\u00edtva)\n\nT\u00f6k\u00e9letes dekor\u00e1ci\u00f3, egyedi aj\u00e1nd\u00e9k \u00e9s garant\u00e1ltan mosolyt csal az arcokra!","score":0,"formatted_price":"2 790 Ft","image_url":"https:\/\/www.meska.hu\/img\/product\/small\/v\/i\/vicreadesign_product_702930_250704164441_805980.jpeg","formatted_url":"https:\/\/www.meska.hu\/p5578619-egyedi-babaposzter-elso-evem-szemelyre-szabott-fenykepes-babaposzter","favourite":false,"in_stock":false,"avatar":"702930_avatar_1741901247.png","delete_from":0,"is_enhanced_background":false,"is_enhanced":false,"product_selection_started":false,"is_active":true,"image_webp_url":"https:\/\/www.meska.hu\/img\/product\/small\/v\/i\/vicreadesign_product_702930_250704164441_805980.webp"},{"id":"3456669","shop_id":"31288","user_id":"398004","shop_name":"panadesign","shop_zip":"2071","product_code":"3969088","product_name_old":null,"product_name":"Babaposzter, megsz\u00fclettem poszter, aj\u00e1nd\u00e9k bab\u00e1knak, \u00fajsz\u00fcl\u00f6t aj\u00e1nd\u00e9k babaszob\u00e1ba","category_string":"Baba - mama, Babaposzter, Babaszoba dekor\u00e1ci\u00f3","technic_string":"Fot\u00f3, grafika, rajz, illusztr\u00e1ci\u00f3","category_1":"1735","category_2":"1759","category_3":"1466","category_4":"0","merged_category_1":"0","merged_category_2":"0","merged_category_3":"785","technic_1":"483","technic_2":"0","technic_3":"0","color_1":"532","color_2":"0","color_3":"0","product_description_old":null,"product_description":"FIGYELEM, A TERM\u00c9K CSAK DIGIT\u00c1LISAN KER\u00dcL KIK\u00dcLD\u00c9SRE!\n\nEgyedi, n\u00e9vre sz\u00f3l\u00f3 \u00fajsz\u00fcl\u00f6tt babaposzter ak\u00e1r aj\u00e1nd\u00e9kba, ak\u00e1r a babaszob\u00e1ba!\n\nK\u00e9rlek hogy a v\u00e1s\u00e1rl\u00e1s ut\u00e1n a poszteren tal\u00e1lhat\u00f3 sz\u00f6vegnek megfelel\u0151en k\u00fcldd el azokat az adatokat, amiket viszont szeretn\u00e9l l\u00e1tni a poszteren! (N\u00e9v, sz\u00fclet\u00e9s pontos id\u0151pontja, sz\u00fclet\u00e9si s\u00faly \u00e9s a sz\u00fclet\u00e9si testhossz,stb.)\n\nAz adatok alapj\u00e1n elk\u00e9sz\u00edtem a posztert \u00e9s az el\u0151reutal\u00e1s ut\u00e1n elk\u00fcld\u00f6m neked a k\u00e9sz grafik\u00e1t egy kiv\u00e1l\u00f3 min\u0151s\u00e9g\u0171 nyomdai pdf-ben, melyet azonnal ki tudsz nyomtatni.\nA term\u00e9k m\u00e9rete: 250x250 mm - de k\u00e9r\u00e9sre term\u00e9szetesen m\u00e1s m\u00e9retben is tudom k\u00fcldeni!\n\nSzeretn\u00e9m felh\u00edvni a figyelmed, hogy a k\u00fcl\u00f6nb\u00f6z\u0151 laptopok,\/mobiltelefonok a k\u00e9perny\u0151felbont\u00e1suk miatt elt\u00e9r\u0151 m\u00f3don reproduk\u00e1lhatj\u00e1k a sz\u00edneket, \u00edgy a v\u00e9gs\u0151 nyomtatott megjelen\u00e9s minim\u00e1lisan elt\u00e9r\u0151 lehet a k\u00e9perny\u0151n l\u00e1that\u00f3t\u00f3l!\n\nMivel digit\u00e1lis term\u00e9k, term\u00e9szetesen nincs sz\u00e1ll\u00edt\u00e1si k\u00f6lts\u00e9g, a szem\u00e9lyes \u00e1tv\u00e9tel lehet\u0151s\u00e9get kell v\u00e1lasztani megrendel\u00e9skor.\n\nAmennyiben egyedi elk\u00e9pzel\u00e9sed lenne, keress bizalommal \u00fczenetben!","price":"3500.00","unit":"db","recommended":"0","status":"1","sponsored":"0","exp_notify":"0","own_material":"0","own_material_description_old":null,"own_material_description":"","jury":"0","jury_number":"","product_nature":"","meskaracsony":"0","create_date":"2026-02-27 18:12:37","shelve_id":"0","image":"panadesign_product_398004_201214143653_907583.jpeg","image_width":"480","image_height":"480","image_alt":"Babaposzter, megsz\u00fclettem poszter, aj\u00e1nd\u00e9k bab\u00e1knak, \u00fajsz\u00fcl\u00f6t aj\u00e1nd\u00e9k babaszob\u00e1ba, FIGYELEM, A TERM\u00c9K CSAK DIGIT\u00c1LISAN KER\u00dcL KIK\u00dcLD\u00c9SRE!\\n\\nEgyedi, n\u00e9vre sz\u00f3l\u00f3 \u00fajsz\u00fcl\u00f6tt babaposzter ak\u00e1..., Meska","image_title":"Babaposzter, megsz\u00fclettem poszter, aj\u00e1nd\u00e9k bab\u00e1knak, \u00fajsz\u00fcl\u00f6t aj\u00e1nd\u00e9k babaszob\u00e1ba, Meska","view_count":"871","favourite_count":"0","trending_score":"0","last2MonthFavouriteCount":"0","promotion":"0","giftcard_accept":"1","creditcard_accept":true,"enhanced_background":"0","domain":"meska","specific_customer_id":null,"specific_customer_name":null,"to_order_product":"1","to_order_product_time":"6","product_different":"quite_different","product_different_description":"Bet\u0171k, sz\u00f3k\u00f6z\u00f6k, sz\u00ednek, bet\u0171t\u00edpusok","vintage":"0","vintage_category_id":"0","recycled":"0","gemstone_id":"0","customizable":"0","type_category":"digital","zerowaste":"0","postage_price":"0.00","shop_order":"0","has_category":"1","landing_pages":null,"microdata":{"number":56,"category":""},"title":"Babaposzter, megsz\u00fclettem poszter, aj\u00e1nd\u00e9k bab\u00e1knak, \u00fajsz\u00fcl\u00f6t aj\u00e1nd\u00e9k babaszob\u00e1ba","description":"FIGYELEM, A TERM\u00c9K CSAK DIGIT\u00c1LISAN KER\u00dcL KIK\u00dcLD\u00c9SRE!\n\nEgyedi, n\u00e9vre sz\u00f3l\u00f3 \u00fajsz\u00fcl\u00f6tt babaposzter ak\u00e1r aj\u00e1nd\u00e9kba, ak\u00e1r a babaszob\u00e1ba!\n\nK\u00e9rlek hogy a v\u00e1s\u00e1rl\u00e1s ut\u00e1n a poszteren tal\u00e1lhat\u00f3 sz\u00f6vegnek megfelel\u0151en k\u00fcldd el azokat az adatokat, amiket viszont szeretn\u00e9l l\u00e1tni a poszteren! (N\u00e9v, sz\u00fclet\u00e9s pontos id\u0151pontja, sz\u00fclet\u00e9si s\u00faly \u00e9s a sz\u00fclet\u00e9si testhossz,stb.)\n\nAz adatok alapj\u00e1n elk\u00e9sz\u00edtem a posztert \u00e9s az el\u0151reutal\u00e1s ut\u00e1n elk\u00fcld\u00f6m neked a k\u00e9sz grafik\u00e1t egy kiv\u00e1l\u00f3 min\u0151s\u00e9g\u0171 nyomdai pdf-ben, melyet azonnal ki tudsz nyomtatni.\nA term\u00e9k m\u00e9rete: 250x250 mm - de k\u00e9r\u00e9sre term\u00e9szetesen m\u00e1s m\u00e9retben is tudom k\u00fcldeni!\n\nSzeretn\u00e9m felh\u00edvni a figyelmed, hogy a k\u00fcl\u00f6nb\u00f6z\u0151 laptopok,\/mobiltelefonok a k\u00e9perny\u0151felbont\u00e1suk miatt elt\u00e9r\u0151 m\u00f3don reproduk\u00e1lhatj\u00e1k a sz\u00edneket, \u00edgy a v\u00e9gs\u0151 nyomtatott megjelen\u00e9s minim\u00e1lisan elt\u00e9r\u0151 lehet a k\u00e9perny\u0151n l\u00e1that\u00f3t\u00f3l!\n\nMivel digit\u00e1lis term\u00e9k, term\u00e9szetesen nincs sz\u00e1ll\u00edt\u00e1si k\u00f6lts\u00e9g, a szem\u00e9lyes \u00e1tv\u00e9tel lehet\u0151s\u00e9get kell v\u00e1lasztani megrendel\u00e9skor.\n\nAmennyiben egyedi elk\u00e9pzel\u00e9sed lenne, keress bizalommal \u00fczenetben!","score":0,"formatted_price":"3 500 Ft","image_url":"https:\/\/www.meska.hu\/img\/product\/small\/p\/a\/panadesign_product_398004_201214143653_907583.jpeg","formatted_url":"https:\/\/www.meska.hu\/p3969088-babaposzter-megszulettem-poszter-ajandek-babaknak-ujszulot-ajandek-babaszobaba","favourite":false,"in_stock":false,"avatar":"panadesign_avatar_398004_1605705071.jpg","delete_from":0,"is_enhanced_background":false,"is_enhanced":false,"product_selection_started":false,"is_active":true,"image_webp_url":"https:\/\/www.meska.hu\/img\/product\/small\/p\/a\/panadesign_product_398004_201214143653_907583.webp"},{"id":"3467943","shop_id":"31288","user_id":"398004","shop_name":"panadesign","shop_zip":"2071","product_code":"3937054","product_name_old":null,"product_name":"Sz\u00fclet\u00e9snap, sz\u00fclet\u00e9snapi csillagjegy poszter, horoszk\u00f3pos aj\u00e1nd\u00e9k","category_string":"Baba - mama, Babaposzter, Babaszoba dekor\u00e1ci\u00f3","technic_string":"Fot\u00f3, grafika, rajz, illusztr\u00e1ci\u00f3","category_1":"1735","category_2":"1759","category_3":"1466","category_4":"0","merged_category_1":"0","merged_category_2":"0","merged_category_3":"785","technic_1":"483","technic_2":"0","technic_3":"0","color_1":"532","color_2":"0","color_3":"0","product_description_old":null,"product_description":"FIGYELEM, A TERM\u00c9K CSAK DIGIT\u00c1LISAN KER\u00dcL KIK\u00dcLD\u00c9SRE!\n\nNyomtathat\u00f3 csillagjegy horoszk\u00f3p sz\u00fclet\u00e9snapra vagy ak\u00e1r \u00fajsz\u00fcl\u00f6tt bab\u00e1knak aj\u00e1nd\u00e9kba - szem\u00e9lyre szabva!\nLepd meg az \u00fcnnepeltet a sz\u00fclet\u00e9snapj\u00e1n\/kar\u00e1csonykor azzal, ami igaz\u00e1n jellemz\u0151 r\u00e1 - a csillagjegyeket nagyvonalakban meg lehet k\u00fcl\u00f6nb\u00f6ztetni a saj\u00e1tos viselked\u00e9si form\u00e1ik alapj\u00e1n, ezekkel pedig nem lehet mell\u00e9l\u0151ni :) \n\nBak: kitart\u00f3, magabiztos, \u00e1llhatatos\nBika: nagylelk\u0171, megb\u00edzhat\u00f3, \u00f6ntudatos\nHalak: j\u00f3akarat\u00fa, egy\u00fctt\u00e9rz\u0151, seg\u00edt\u0151k\u00e9sz\nIkrek: k\u00edv\u00e1ncsi, seg\u00edt\u0151k\u00e9sz, kedves\nKos: vakmer\u0151, tal\u00e1l\u00e9kony, \u0151szinte\nM\u00e9rleg: j\u00f3sz\u00edv\u0171, t\u00e1rsas\u00e1gkedvel\u0151, meg\u00e9rt\u0151\nNyilas: j\u00f3akarat\u00fa, der\u0171s, b\u00e9keszeret\u0151\nOroszl\u00e1n: kitart\u00f3, nagylelk\u0171, \u0151szinte\nR\u00e1k: gondoskod\u00f3, intuit\u00edv, seg\u00edt\u0151k\u00e9sz\nSkorpi\u00f3: b\u00e1tor, szenved\u00e9lyes, kitart\u00f3\nSz\u0171z: nagylelk\u0171, gyakorlatias, figyelmes\nV\u00edz\u00f6nt\u0151: vid\u00e1m, seg\u00edt\u0151k\u00e9sz, meg\u00e9rt\u0151\n\nMindegyik csillagjegyn\u00e9l a r\u00e1 jellemz\u0151 tulajdons\u00e1gok szerepelnek, de term\u00e9szetesen egyedi, \u00e1ltalad kiv\u00e1lasztott tulajdons\u00e1gokat is lehet r\u00e1\u00edrni - ezt \u00fczenetben k\u00e9rlek majd \u00edrd meg.\n\nK\u00e9rlek hogy a v\u00e1s\u00e1rl\u00e1s ut\u00e1n a poszteren tal\u00e1lhat\u00f3 sz\u00f6vegnek megfelel\u0151en k\u00fcldd el azokat az adatokat, amiket viszont szeretn\u00e9l l\u00e1tni a poszteren, illetve melyik sz\u00ednben szeretn\u00e9d k\u00e9rni azt!\n\nAz adatok alapj\u00e1n elk\u00e9sz\u00edtem a posztert \u00e9s az el\u0151reutal\u00e1s ut\u00e1n elk\u00fcld\u00f6m neked a k\u00e9sz grafik\u00e1t egy kiv\u00e1l\u00f3 min\u0151s\u00e9g\u0171 nyomdai pdf-ben, melyet azonnal ki tudsz nyomtatni.\nA term\u00e9k m\u00e9rete: 25x25 cm, de k\u00e9rhet\u0151 m\u00e1s m\u00e9retben is.\n\nMivel digit\u00e1lis term\u00e9k, term\u00e9szetesen nincs sz\u00e1ll\u00edt\u00e1si k\u00f6lts\u00e9g, a szem\u00e9lyes \u00e1tv\u00e9tel lehet\u0151s\u00e9get kell v\u00e1lasztani megrendel\u00e9skor.\n\nAmennyiben egyedi elk\u00e9pzel\u00e9sed lenne, keress bizalommal \u00fczenetben!","price":"3500.00","unit":"db","recommended":"0","status":"1","sponsored":"0","exp_notify":"0","own_material":"0","own_material_description_old":null,"own_material_description":"","jury":"0","jury_number":"","product_nature":"","meskaracsony":"0","create_date":"2026-02-27 18:12:30","shelve_id":"0","image":"panadesign_product_398004_201122175356_716554.jpeg","image_width":"480","image_height":"300","image_alt":"Sz\u00fclet\u00e9snap, sz\u00fclet\u00e9snapi csillagjegy poszter, horoszk\u00f3pos aj\u00e1nd\u00e9k, FIGYELEM, A TERM\u00c9K CSAK DIGIT\u00c1LISAN KER\u00dcL KIK\u00dcLD\u00c9SRE!\\n\\nNyomtathat\u00f3 csillagjegy horoszk\u00f3p sz\u00fclet\u00e9snap..., Meska","image_title":"Sz\u00fclet\u00e9snap, sz\u00fclet\u00e9snapi csillagjegy poszter, horoszk\u00f3pos aj\u00e1nd\u00e9k, Meska","view_count":"2458","favourite_count":"0","trending_score":"0","last2MonthFavouriteCount":"0","promotion":"0","giftcard_accept":"1","creditcard_accept":true,"enhanced_background":"0","domain":"meska","specific_customer_id":null,"specific_customer_name":null,"to_order_product":"1","to_order_product_time":"6","product_different":"not_different","product_different_description":"","vintage":"0","vintage_category_id":"0","recycled":"0","gemstone_id":"0","customizable":"0","type_category":"digital","zerowaste":"0","postage_price":"0.00","shop_order":"0","has_category":"1","landing_pages":null,"microdata":{"number":57,"category":""},"title":"Sz\u00fclet\u00e9snap, sz\u00fclet\u00e9snapi csillagjegy poszter, horoszk\u00f3pos aj\u00e1nd\u00e9k","description":"FIGYELEM, A TERM\u00c9K CSAK DIGIT\u00c1LISAN KER\u00dcL KIK\u00dcLD\u00c9SRE!\n\nNyomtathat\u00f3 csillagjegy horoszk\u00f3p sz\u00fclet\u00e9snapra vagy ak\u00e1r \u00fajsz\u00fcl\u00f6tt bab\u00e1knak aj\u00e1nd\u00e9kba - szem\u00e9lyre szabva!\nLepd meg az \u00fcnnepeltet a sz\u00fclet\u00e9snapj\u00e1n\/kar\u00e1csonykor azzal, ami igaz\u00e1n jellemz\u0151 r\u00e1 - a csillagjegyeket nagyvonalakban meg lehet k\u00fcl\u00f6nb\u00f6ztetni a saj\u00e1tos viselked\u00e9si form\u00e1ik alapj\u00e1n, ezekkel pedig nem lehet mell\u00e9l\u0151ni :) \n\nBak: kitart\u00f3, magabiztos, \u00e1llhatatos\nBika: nagylelk\u0171, megb\u00edzhat\u00f3, \u00f6ntudatos\nHalak: j\u00f3akarat\u00fa, egy\u00fctt\u00e9rz\u0151, seg\u00edt\u0151k\u00e9sz\nIkrek: k\u00edv\u00e1ncsi, seg\u00edt\u0151k\u00e9sz, kedves\nKos: vakmer\u0151, tal\u00e1l\u00e9kony, \u0151szinte\nM\u00e9rleg: j\u00f3sz\u00edv\u0171, t\u00e1rsas\u00e1gkedvel\u0151, meg\u00e9rt\u0151\nNyilas: j\u00f3akarat\u00fa, der\u0171s, b\u00e9keszeret\u0151\nOroszl\u00e1n: kitart\u00f3, nagylelk\u0171, \u0151szinte\nR\u00e1k: gondoskod\u00f3, intuit\u00edv, seg\u00edt\u0151k\u00e9sz\nSkorpi\u00f3: b\u00e1tor, szenved\u00e9lyes, kitart\u00f3\nSz\u0171z: nagylelk\u0171, gyakorlatias, figyelmes\nV\u00edz\u00f6nt\u0151: vid\u00e1m, seg\u00edt\u0151k\u00e9sz, meg\u00e9rt\u0151\n\nMindegyik csillagjegyn\u00e9l a r\u00e1 jellemz\u0151 tulajdons\u00e1gok szerepelnek, de term\u00e9szetesen egyedi, \u00e1ltalad kiv\u00e1lasztott tulajdons\u00e1gokat is lehet r\u00e1\u00edrni - ezt \u00fczenetben k\u00e9rlek majd \u00edrd meg.\n\nK\u00e9rlek hogy a v\u00e1s\u00e1rl\u00e1s ut\u00e1n a poszteren tal\u00e1lhat\u00f3 sz\u00f6vegnek megfelel\u0151en k\u00fcldd el azokat az adatokat, amiket viszont szeretn\u00e9l l\u00e1tni a poszteren, illetve melyik sz\u00ednben szeretn\u00e9d k\u00e9rni azt!\n\nAz adatok alapj\u00e1n elk\u00e9sz\u00edtem a posztert \u00e9s az el\u0151reutal\u00e1s ut\u00e1n elk\u00fcld\u00f6m neked a k\u00e9sz grafik\u00e1t egy kiv\u00e1l\u00f3 min\u0151s\u00e9g\u0171 nyomdai pdf-ben, melyet azonnal ki tudsz nyomtatni.\nA term\u00e9k m\u00e9rete: 25x25 cm, de k\u00e9rhet\u0151 m\u00e1s m\u00e9retben is.\n\nMivel digit\u00e1lis term\u00e9k, term\u00e9szetesen nincs sz\u00e1ll\u00edt\u00e1si k\u00f6lts\u00e9g, a szem\u00e9lyes \u00e1tv\u00e9tel lehet\u0151s\u00e9get kell v\u00e1lasztani megrendel\u00e9skor.\n\nAmennyiben egyedi elk\u00e9pzel\u00e9sed lenne, keress bizalommal \u00fczenetben!","score":0,"formatted_price":"3 500 Ft","image_url":"https:\/\/www.meska.hu\/img\/product\/small\/p\/a\/panadesign_product_398004_201122175356_716554.jpeg","formatted_url":"https:\/\/www.meska.hu\/p3937054-szuletesnap-szuletesnapi-csillagjegy-poszter-horoszkopos-ajandek","favourite":false,"in_stock":false,"avatar":"panadesign_avatar_398004_1605705071.jpg","delete_from":0,"is_enhanced_background":false,"is_enhanced":false,"product_selection_started":false,"is_active":true,"image_webp_url":"https:\/\/www.meska.hu\/img\/product\/small\/p\/a\/panadesign_product_398004_201122175356_716554.webp"},{"id":"3467046","shop_id":"31288","user_id":"398004","shop_name":"panadesign","shop_zip":"2071","product_code":"3934779","product_name_old":null,"product_name":"Babaposzter, Sz\u00fclet\u00e9snapi poszter, aj\u00e1nd\u00e9k bab\u00e1knak, els\u0151 sz\u00fclet\u00e9snap, elef\u00e1ntos poszter","category_string":"Baba - mama, Babaposzter, Babaszoba dekor\u00e1ci\u00f3","technic_string":"Fot\u00f3, grafika, rajz, illusztr\u00e1ci\u00f3","category_1":"1735","category_2":"1759","category_3":"1466","category_4":"0","merged_category_1":"0","merged_category_2":"0","merged_category_3":"785","technic_1":"483","technic_2":"0","technic_3":"0","color_1":"532","color_2":"0","color_3":"0","product_description_old":null,"product_description":"FIGYELEM: A TERM\u00c9K CSAK DIGIT\u00c1LISAN KER\u00dcL KIK\u00dcLD\u00c9SRE!\n\n\u00d6r\u00f6k\u00edtsd meg az eddigi id\u0151szakot \u00e9s lepd meg vele sz\u00fclet\u00e9snapj\u00e1n saj\u00e1t gyermekedet, de ak\u00e1r aj\u00e1nd\u00e9kk\u00e9nt is t\u00f6k\u00e9letes vagy egy fot\u00f3z\u00e1s alkalm\u00e1val meg\u00f6r\u00f6k\u00edteni az eddigieket! :) Els\u0151, m\u00e1sodik, harmadik stb. sz\u00fclet\u00e9snapra is k\u00e9rhet\u0151!\n\nK\u00e9rlek hogy a v\u00e1s\u00e1rl\u00e1s ut\u00e1n a poszteren tal\u00e1lhat\u00f3 sz\u00f6vegnek megfelel\u0151en k\u00fcldd el azokat az adatokat, amiket viszont szeretn\u00e9l l\u00e1tni a poszteren! (Pl: S\u00faly, fogak sz\u00e1ma, hossza, miket szeret enni\/inni\/csin\u00e1lni, miket tud m\u00e1r csin\u00e1lni, stb.)\n\nAz adatok alapj\u00e1n elk\u00e9sz\u00edtem a posztert \u00e9s az el\u0151reutal\u00e1s ut\u00e1n elk\u00fcld\u00f6m neked a k\u00e9sz grafik\u00e1t egy kiv\u00e1l\u00f3 min\u0151s\u00e9g\u0171 nyomdai pdf-ben, melyet azonnal ki tudsz nyomtatni.\nA term\u00e9k m\u00e9rete: A4-es m\u00e9ret\u0171, azaz 210 x 297 mm, de k\u00e9rhet\u0151 A3 m\u00e9retben is.\n\nAmennyiben egyedi elk\u00e9pzel\u00e9sed lenne, keress bizalommal \u00fczenetben!","price":"4900.00","unit":"db","recommended":"0","status":"1","sponsored":"0","exp_notify":"0","own_material":"0","own_material_description_old":null,"own_material_description":"","jury":"0","jury_number":"","product_nature":"","meskaracsony":"0","create_date":"2026-02-27 18:12:25","shelve_id":"0","image":"panadesign_product_398004_201121150242_026115.jpeg","image_width":"480","image_height":"360","image_alt":"Babaposzter, Sz\u00fclet\u00e9snapi poszter, aj\u00e1nd\u00e9k bab\u00e1knak, els\u0151 sz\u00fclet\u00e9snap, elef\u00e1ntos poszter, FIGYELEM: A TERM\u00c9K CSAK DIGIT\u00c1LISAN KER\u00dcL KIK\u00dcLD\u00c9SRE!\\n\\n\u00d6r\u00f6k\u00edtsd meg az eddigi id\u0151szakot \u00e9s lepd meg ..., Meska","image_title":"Babaposzter, Sz\u00fclet\u00e9snapi poszter, aj\u00e1nd\u00e9k bab\u00e1knak, els\u0151 sz\u00fclet\u00e9snap, elef\u00e1ntos poszter, Meska","view_count":"3849","favourite_count":"0","trending_score":"0","last2MonthFavouriteCount":"0","promotion":"0","giftcard_accept":"1","creditcard_accept":true,"enhanced_background":"0","domain":"meska","specific_customer_id":null,"specific_customer_name":null,"to_order_product":"1","to_order_product_time":"6","product_different":"quite_different","product_different_description":"Bet\u0171k, sz\u00f3k\u00f6z\u00f6k, sz\u00ednek, bet\u0171t\u00edpusok","vintage":"0","vintage_category_id":"0","recycled":"0","gemstone_id":"0","customizable":"0","type_category":"digital","zerowaste":"0","postage_price":"0.00","shop_order":"0","has_category":"1","landing_pages":null,"microdata":{"number":58,"category":""},"title":"Babaposzter, Sz\u00fclet\u00e9snapi poszter, aj\u00e1nd\u00e9k bab\u00e1knak, els\u0151 sz\u00fclet\u00e9snap, elef\u00e1ntos poszter","description":"FIGYELEM: A TERM\u00c9K CSAK DIGIT\u00c1LISAN KER\u00dcL KIK\u00dcLD\u00c9SRE!\n\n\u00d6r\u00f6k\u00edtsd meg az eddigi id\u0151szakot \u00e9s lepd meg vele sz\u00fclet\u00e9snapj\u00e1n saj\u00e1t gyermekedet, de ak\u00e1r aj\u00e1nd\u00e9kk\u00e9nt is t\u00f6k\u00e9letes vagy egy fot\u00f3z\u00e1s alkalm\u00e1val meg\u00f6r\u00f6k\u00edteni az eddigieket! :) Els\u0151, m\u00e1sodik, harmadik stb. sz\u00fclet\u00e9snapra is k\u00e9rhet\u0151!\n\nK\u00e9rlek hogy a v\u00e1s\u00e1rl\u00e1s ut\u00e1n a poszteren tal\u00e1lhat\u00f3 sz\u00f6vegnek megfelel\u0151en k\u00fcldd el azokat az adatokat, amiket viszont szeretn\u00e9l l\u00e1tni a poszteren! (Pl: S\u00faly, fogak sz\u00e1ma, hossza, miket szeret enni\/inni\/csin\u00e1lni, miket tud m\u00e1r csin\u00e1lni, stb.)\n\nAz adatok alapj\u00e1n elk\u00e9sz\u00edtem a posztert \u00e9s az el\u0151reutal\u00e1s ut\u00e1n elk\u00fcld\u00f6m neked a k\u00e9sz grafik\u00e1t egy kiv\u00e1l\u00f3 min\u0151s\u00e9g\u0171 nyomdai pdf-ben, melyet azonnal ki tudsz nyomtatni.\nA term\u00e9k m\u00e9rete: A4-es m\u00e9ret\u0171, azaz 210 x 297 mm, de k\u00e9rhet\u0151 A3 m\u00e9retben is.\n\nAmennyiben egyedi elk\u00e9pzel\u00e9sed lenne, keress bizalommal \u00fczenetben!","score":0,"formatted_price":"4 900 Ft","image_url":"https:\/\/www.meska.hu\/img\/product\/small\/p\/a\/panadesign_product_398004_201121150242_026115.jpeg","formatted_url":"https:\/\/www.meska.hu\/p3934779-babaposzter-szuletesnapi-poszter-ajandek-babaknak-elso-szuletesnap","favourite":false,"in_stock":false,"avatar":"panadesign_avatar_398004_1605705071.jpg","delete_from":0,"is_enhanced_background":false,"is_enhanced":false,"product_selection_started":false,"is_active":true,"image_webp_url":"https:\/\/www.meska.hu\/img\/product\/small\/p\/a\/panadesign_product_398004_201121150242_026115.webp"},{"id":"3466178","shop_id":"31288","user_id":"398004","shop_name":"panadesign","shop_zip":"2071","product_code":"4544881","product_name_old":null,"product_name":"Babaposzter, megsz\u00fclettem poszter, aj\u00e1nd\u00e9k bab\u00e1knak, \u00fajsz\u00fcl\u00f6tt aj\u00e1nd\u00e9k babaszob\u00e1ba","category_string":"Baba - mama, Babaposzter, Babaszoba dekor\u00e1ci\u00f3","technic_string":"Fot\u00f3, grafika, rajz, illusztr\u00e1ci\u00f3","category_1":"1735","category_2":"1759","category_3":"1466","category_4":"0","merged_category_1":"0","merged_category_2":"0","merged_category_3":"785","technic_1":"483","technic_2":"0","technic_3":"0","color_1":"532","color_2":"0","color_3":"0","product_description_old":null,"product_description":"FIGYELEM, A TERM\u00c9K CSAK DIGIT\u00c1LISAN KER\u00dcL KIK\u00dcLD\u00c9SRE!\n\nEgyedi, n\u00e9vre sz\u00f3l\u00f3 \u00fajsz\u00fcl\u00f6tt babaposzter ak\u00e1r aj\u00e1nd\u00e9kba, ak\u00e1r a babaszob\u00e1ba!\n\nK\u00e9rlek hogy a v\u00e1s\u00e1rl\u00e1s ut\u00e1n a poszteren tal\u00e1lhat\u00f3 sz\u00f6vegnek megfelel\u0151en k\u00fcldd el azokat az adatokat, amiket viszont szeretn\u00e9l l\u00e1tni a poszteren! (N\u00e9v, sz\u00fclet\u00e9s pontos id\u0151pontja, sz\u00fclet\u00e9si s\u00faly \u00e9s a sz\u00fclet\u00e9si testhossz)\n\nAz adatok alapj\u00e1n elk\u00e9sz\u00edtem a posztert \u00e9s az el\u0151reutal\u00e1s ut\u00e1n elk\u00fcld\u00f6m neked a k\u00e9sz grafik\u00e1t egy kiv\u00e1l\u00f3 min\u0151s\u00e9g\u0171 nyomdai pdf-ben, melyet azonnal ki tudsz nyomtatni.\nA term\u00e9k m\u00e9rete: A4 (210mmx297mm) - de k\u00e9r\u00e9sre term\u00e9szetesen m\u00e1s m\u00e9retben is tudom k\u00fcldeni!\n\nSzeretn\u00e9m felh\u00edvni a figyelmed, hogy a k\u00fcl\u00f6nb\u00f6z\u0151 laptopok,\/mobiltelefonok a k\u00e9perny\u0151felbont\u00e1suk miatt elt\u00e9r\u0151 m\u00f3don reproduk\u00e1lhatj\u00e1k a sz\u00edneket, \u00edgy a v\u00e9gs\u0151 nyomtatott megjelen\u00e9s minim\u00e1lisan elt\u00e9r\u0151 lehet a k\u00e9perny\u0151n l\u00e1that\u00f3t\u00f3l!\n\nMivel digit\u00e1lis term\u00e9k, term\u00e9szetesen nincs sz\u00e1ll\u00edt\u00e1si k\u00f6lts\u00e9g, a szem\u00e9lyes \u00e1tv\u00e9tel lehet\u0151s\u00e9get kell v\u00e1lasztani megrendel\u00e9skor.\n\nAmennyiben egyedi elk\u00e9pzel\u00e9sed lenne, keress bizalommal \u00fczenetben! :)","price":"3500.00","unit":"db","recommended":"0","status":"1","sponsored":"0","exp_notify":"0","own_material":"0","own_material_description_old":null,"own_material_description":"","jury":"0","jury_number":"","product_nature":"","meskaracsony":"0","create_date":"2026-02-24 17:56:53","shelve_id":"0","image":"panadesign_product_398004_220317124102_401523.jpeg","image_width":"480","image_height":"360","image_alt":"Babaposzter, megsz\u00fclettem poszter, aj\u00e1nd\u00e9k bab\u00e1knak, \u00fajsz\u00fcl\u00f6tt aj\u00e1nd\u00e9k babaszob\u00e1ba, FIGYELEM, A TERM\u00c9K CSAK DIGIT\u00c1LISAN KER\u00dcL KIK\u00dcLD\u00c9SRE!\\n\\nEgyedi, n\u00e9vre sz\u00f3l\u00f3 \u00fajsz\u00fcl\u00f6tt babaposzter ak\u00e1..., Meska","image_title":"Babaposzter, megsz\u00fclettem poszter, aj\u00e1nd\u00e9k bab\u00e1knak, \u00fajsz\u00fcl\u00f6tt aj\u00e1nd\u00e9k babaszob\u00e1ba, Meska","view_count":"2121","favourite_count":"0","trending_score":"0","last2MonthFavouriteCount":"0","promotion":"0","giftcard_accept":"1","creditcard_accept":true,"enhanced_background":"0","domain":"meska","specific_customer_id":null,"specific_customer_name":null,"to_order_product":"1","to_order_product_time":"6","product_different":"quite_different","product_different_description":"Bet\u0171k, sz\u00f3k\u00f6z\u00f6k, sz\u00ednek, bet\u0171t\u00edpusok","vintage":"0","vintage_category_id":"0","recycled":"0","gemstone_id":"0","customizable":"0","type_category":"digital","zerowaste":"0","postage_price":"0.00","shop_order":"0","has_category":"1","landing_pages":null,"microdata":{"number":59,"category":""},"title":"Babaposzter, megsz\u00fclettem poszter, aj\u00e1nd\u00e9k bab\u00e1knak, \u00fajsz\u00fcl\u00f6tt aj\u00e1nd\u00e9k babaszob\u00e1ba","description":"FIGYELEM, A TERM\u00c9K CSAK DIGIT\u00c1LISAN KER\u00dcL KIK\u00dcLD\u00c9SRE!\n\nEgyedi, n\u00e9vre sz\u00f3l\u00f3 \u00fajsz\u00fcl\u00f6tt babaposzter ak\u00e1r aj\u00e1nd\u00e9kba, ak\u00e1r a babaszob\u00e1ba!\n\nK\u00e9rlek hogy a v\u00e1s\u00e1rl\u00e1s ut\u00e1n a poszteren tal\u00e1lhat\u00f3 sz\u00f6vegnek megfelel\u0151en k\u00fcldd el azokat az adatokat, amiket viszont szeretn\u00e9l l\u00e1tni a poszteren! (N\u00e9v, sz\u00fclet\u00e9s pontos id\u0151pontja, sz\u00fclet\u00e9si s\u00faly \u00e9s a sz\u00fclet\u00e9si testhossz)\n\nAz adatok alapj\u00e1n elk\u00e9sz\u00edtem a posztert \u00e9s az el\u0151reutal\u00e1s ut\u00e1n elk\u00fcld\u00f6m neked a k\u00e9sz grafik\u00e1t egy kiv\u00e1l\u00f3 min\u0151s\u00e9g\u0171 nyomdai pdf-ben, melyet azonnal ki tudsz nyomtatni.\nA term\u00e9k m\u00e9rete: A4 (210mmx297mm) - de k\u00e9r\u00e9sre term\u00e9szetesen m\u00e1s m\u00e9retben is tudom k\u00fcldeni!\n\nSzeretn\u00e9m felh\u00edvni a figyelmed, hogy a k\u00fcl\u00f6nb\u00f6z\u0151 laptopok,\/mobiltelefonok a k\u00e9perny\u0151felbont\u00e1suk miatt elt\u00e9r\u0151 m\u00f3don reproduk\u00e1lhatj\u00e1k a sz\u00edneket, \u00edgy a v\u00e9gs\u0151 nyomtatott megjelen\u00e9s minim\u00e1lisan elt\u00e9r\u0151 lehet a k\u00e9perny\u0151n l\u00e1that\u00f3t\u00f3l!\n\nMivel digit\u00e1lis term\u00e9k, term\u00e9szetesen nincs sz\u00e1ll\u00edt\u00e1si k\u00f6lts\u00e9g, a szem\u00e9lyes \u00e1tv\u00e9tel lehet\u0151s\u00e9get kell v\u00e1lasztani megrendel\u00e9skor.\n\nAmennyiben egyedi elk\u00e9pzel\u00e9sed lenne, keress bizalommal \u00fczenetben! :)","score":0,"formatted_price":"3 500 Ft","image_url":"https:\/\/www.meska.hu\/img\/product\/small\/p\/a\/panadesign_product_398004_220317124102_401523.jpeg","formatted_url":"https:\/\/www.meska.hu\/p4544881-babaposzter-megszulettem-poszter-ajandek-babaknak-ujszulott-ajandek-babaszobaba","favourite":false,"in_stock":false,"avatar":"panadesign_avatar_398004_1605705071.jpg","delete_from":0,"is_enhanced_background":false,"is_enhanced":false,"product_selection_started":false,"is_active":true,"image_webp_url":"https:\/\/www.meska.hu\/img\/product\/small\/p\/a\/panadesign_product_398004_220317124102_401523.webp"},{"id":"3465158","shop_id":"31288","user_id":"398004","shop_name":"panadesign","shop_zip":"2071","product_code":"3934583","product_name_old":null,"product_name":"Babaposzter, Sz\u00fclet\u00e9snapi poszter, aj\u00e1nd\u00e9k bab\u00e1knak, els\u0151 sz\u00fclet\u00e9snap","category_string":"Baba - mama, Babaposzter, Babaszoba dekor\u00e1ci\u00f3","technic_string":"Fot\u00f3, grafika, rajz, illusztr\u00e1ci\u00f3","category_1":"1735","category_2":"1759","category_3":"1466","category_4":"0","merged_category_1":"0","merged_category_2":"0","merged_category_3":"785","technic_1":"483","technic_2":"0","technic_3":"0","color_1":"532","color_2":"0","color_3":"0","product_description_old":null,"product_description":"FIGYELEM, A TERM\u00c9K CSAK DIGIT\u00c1LISAN KER\u00dcL KIK\u00dcLD\u00c9SRE!\n\n\u00d6r\u00f6k\u00edtsd meg az eddigi id\u0151szakot \u00e9s lepd meg vele sz\u00fclet\u00e9snapj\u00e1n saj\u00e1t gyermekedet, de ak\u00e1r aj\u00e1nd\u00e9kk\u00e9nt is t\u00f6k\u00e9letes vagy egy fot\u00f3z\u00e1s alkalm\u00e1val! :) Els\u0151, m\u00e1sodik, harmadik stb. sz\u00fclet\u00e9snapra is k\u00e9rhet\u0151!\n\nK\u00e9rlek hogy a v\u00e1s\u00e1rl\u00e1s ut\u00e1n a poszteren tal\u00e1lhat\u00f3 sz\u00f6vegnek megfelel\u0151en k\u00fcldd el azokat az adatokat, amiket viszont szeretn\u00e9l l\u00e1tni a poszteren! (Pl: S\u00faly, fogak sz\u00e1ma, hossza, miket szeret enni\/inni\/csin\u00e1lni, miket tud m\u00e1r csin\u00e1lni, stb.)\n\nAz adatok alapj\u00e1n elk\u00e9sz\u00edtem a posztert \u00e9s az el\u0151reutal\u00e1s ut\u00e1n elk\u00fcld\u00f6m neked a k\u00e9sz grafik\u00e1t egy kiv\u00e1l\u00f3 min\u0151s\u00e9g\u0171 nyomdai pdf-ben, melyet azonnal ki tudsz nyomtatni.\nA term\u00e9k m\u00e9rete: 25x25 cm, de k\u00e9rhet\u0151 m\u00e1s m\u00e9retben is.\n\nMivel digit\u00e1lis term\u00e9k, term\u00e9szetesen nincs sz\u00e1ll\u00edt\u00e1si k\u00f6lts\u00e9g, a szem\u00e9lyes \u00e1tv\u00e9tel lehet\u0151s\u00e9get kell v\u00e1lasztani megrendel\u00e9skor.\n\nAmennyiben egyedi elk\u00e9pzel\u00e9sed lenne, keress bizalommal \u00fczenetben!","price":"4000.00","unit":"db","recommended":"0","status":"1","sponsored":"0","exp_notify":"0","own_material":"0","own_material_description_old":null,"own_material_description":"","jury":"0","jury_number":"","product_nature":"","meskaracsony":"0","create_date":"2026-02-23 19:52:11","shelve_id":"0","image":"panadesign_product_398004_201121121248_864720.jpeg","image_width":"480","image_height":"320","image_alt":"Babaposzter, Sz\u00fclet\u00e9snapi poszter, aj\u00e1nd\u00e9k bab\u00e1knak, els\u0151 sz\u00fclet\u00e9snap, FIGYELEM, A TERM\u00c9K CSAK DIGIT\u00c1LISAN KER\u00dcL KIK\u00dcLD\u00c9SRE!\\n\\n\u00d6r\u00f6k\u00edtsd meg az eddigi id\u0151szakot \u00e9s lepd meg ..., Meska","image_title":"Babaposzter, Sz\u00fclet\u00e9snapi poszter, aj\u00e1nd\u00e9k bab\u00e1knak, els\u0151 sz\u00fclet\u00e9snap, Meska","view_count":"1954","favourite_count":"0","trending_score":"0","last2MonthFavouriteCount":"0","promotion":"0","giftcard_accept":"1","creditcard_accept":true,"enhanced_background":"0","domain":"meska","specific_customer_id":null,"specific_customer_name":null,"to_order_product":"1","to_order_product_time":"6","product_different":"quite_different","product_different_description":"Bet\u0171k, sz\u00f3k\u00f6z\u00f6k, sz\u00ednek, bet\u0171t\u00edpusok","vintage":"0","vintage_category_id":"0","recycled":"0","gemstone_id":"0","customizable":"0","type_category":"digital","zerowaste":"0","postage_price":"0.00","shop_order":"0","has_category":"1","landing_pages":null,"microdata":{"number":60,"category":""},"title":"Babaposzter, Sz\u00fclet\u00e9snapi poszter, aj\u00e1nd\u00e9k bab\u00e1knak, els\u0151 sz\u00fclet\u00e9snap","description":"FIGYELEM, A TERM\u00c9K CSAK DIGIT\u00c1LISAN KER\u00dcL KIK\u00dcLD\u00c9SRE!\n\n\u00d6r\u00f6k\u00edtsd meg az eddigi id\u0151szakot \u00e9s lepd meg vele sz\u00fclet\u00e9snapj\u00e1n saj\u00e1t gyermekedet, de ak\u00e1r aj\u00e1nd\u00e9kk\u00e9nt is t\u00f6k\u00e9letes vagy egy fot\u00f3z\u00e1s alkalm\u00e1val! :) Els\u0151, m\u00e1sodik, harmadik stb. sz\u00fclet\u00e9snapra is k\u00e9rhet\u0151!\n\nK\u00e9rlek hogy a v\u00e1s\u00e1rl\u00e1s ut\u00e1n a poszteren tal\u00e1lhat\u00f3 sz\u00f6vegnek megfelel\u0151en k\u00fcldd el azokat az adatokat, amiket viszont szeretn\u00e9l l\u00e1tni a poszteren! (Pl: S\u00faly, fogak sz\u00e1ma, hossza, miket szeret enni\/inni\/csin\u00e1lni, miket tud m\u00e1r csin\u00e1lni, stb.)\n\nAz adatok alapj\u00e1n elk\u00e9sz\u00edtem a posztert \u00e9s az el\u0151reutal\u00e1s ut\u00e1n elk\u00fcld\u00f6m neked a k\u00e9sz grafik\u00e1t egy kiv\u00e1l\u00f3 min\u0151s\u00e9g\u0171 nyomdai pdf-ben, melyet azonnal ki tudsz nyomtatni.\nA term\u00e9k m\u00e9rete: 25x25 cm, de k\u00e9rhet\u0151 m\u00e1s m\u00e9retben is.\n\nMivel digit\u00e1lis term\u00e9k, term\u00e9szetesen nincs sz\u00e1ll\u00edt\u00e1si k\u00f6lts\u00e9g, a szem\u00e9lyes \u00e1tv\u00e9tel lehet\u0151s\u00e9get kell v\u00e1lasztani megrendel\u00e9skor.\n\nAmennyiben egyedi elk\u00e9pzel\u00e9sed lenne, keress bizalommal \u00fczenetben!","score":0,"formatted_price":"4 000 Ft","image_url":"https:\/\/www.meska.hu\/img\/product\/small\/p\/a\/panadesign_product_398004_201121121248_864720.jpeg","formatted_url":"https:\/\/www.meska.hu\/p3934583-babaposzter-szuletesnapi-poszter-ajandek-babaknak-elso-szuletesnap","favourite":false,"in_stock":false,"avatar":"panadesign_avatar_398004_1605705071.jpg","delete_from":0,"is_enhanced_background":false,"is_enhanced":false,"product_selection_started":false,"is_active":true,"image_webp_url":"https:\/\/www.meska.hu\/img\/product\/small\/p\/a\/panadesign_product_398004_201121121248_864720.webp"},{"id":"3463501","shop_id":"31288","user_id":"398004","shop_name":"panadesign","shop_zip":"2071","product_code":"3932459","product_name_old":null,"product_name":"Baba els\u0151 kar\u00e1csonya poszter, Els\u0151 kar\u00e1csony babaposzter","category_string":"Baba - mama, Babaposzter, Babaszoba dekor\u00e1ci\u00f3","technic_string":"Fot\u00f3, grafika, rajz, illusztr\u00e1ci\u00f3","category_1":"1735","category_2":"1759","category_3":"1466","category_4":"0","merged_category_1":"0","merged_category_2":"0","merged_category_3":"785","technic_1":"483","technic_2":"0","technic_3":"0","color_1":"532","color_2":"0","color_3":"0","product_description_old":null,"product_description":"FIGYELEM, A TERM\u00c9K CSAK DIGIT\u00c1LISAN KER\u00dcL KIK\u00dcLD\u00c9SRE!\n\n\u00d6r\u00f6k\u00edtsd meg az eddigi id\u0151szakot \u00e9s lepd meg vele saj\u00e1t gyermekedet az els\u0151 kKar\u00e1csony\u00e1n, de ak\u00e1r aj\u00e1nd\u00e9kk\u00e9nt is t\u00f6k\u00e9letes. A szoba d\u00edsze \u00e9s a Kar\u00e1csonyfa \u00e9ke, de ak\u00e1r egy fot\u00f3z\u00e1s kell\u00e9ke is lehet! :)\n\nK\u00e9rlek hogy a v\u00e1s\u00e1rl\u00e1s ut\u00e1n a poszteren tal\u00e1lhat\u00f3 sz\u00f6vegnek megfelel\u0151en k\u00fcldd el azokat az adatokat, amiket viszont szeretn\u00e9l l\u00e1tni a poszteren! (Pl: S\u00faly, fogak sz\u00e1ma, hossza, miket szeret enni\/inni\/csin\u00e1lni, miket tud m\u00e1r csin\u00e1lni, stb.)\n\nAz adatok alapj\u00e1n elk\u00e9sz\u00edtem a posztert \u00e9s az el\u0151reutal\u00e1s ut\u00e1n elk\u00fcld\u00f6m neked a k\u00e9sz grafik\u00e1t egy kiv\u00e1l\u00f3 min\u0151s\u00e9g\u0171 nyomdai pdf-ben, melyet azonnal ki tudsz nyomtatni.\nA term\u00e9k m\u00e9rete 25x25 cm, de k\u00e9rhet\u0151 m\u00e1s m\u00e9retben is!\n\nMivel digit\u00e1lis term\u00e9k, term\u00e9szetesen nincs sz\u00e1ll\u00edt\u00e1si k\u00f6lts\u00e9g, a szem\u00e9lyes \u00e1tv\u00e9tel lehet\u0151s\u00e9get kell v\u00e1lasztani megrendel\u00e9skor.","price":"4000.00","unit":"db","recommended":"0","status":"1","sponsored":"0","exp_notify":"0","own_material":"0","own_material_description_old":null,"own_material_description":"","jury":"0","jury_number":"","product_nature":"","meskaracsony":"0","create_date":"2026-02-22 09:42:42","shelve_id":"0","image":"panadesign_product_398004_201120000340_212365.jpeg","image_width":"480","image_height":"417","image_alt":"Baba els\u0151 kar\u00e1csonya poszter, Els\u0151 kar\u00e1csony babaposzter, FIGYELEM, A TERM\u00c9K CSAK DIGIT\u00c1LISAN KER\u00dcL KIK\u00dcLD\u00c9SRE!\\n\\n\u00d6r\u00f6k\u00edtsd meg az eddigi id\u0151szakot \u00e9s lepd meg ..., Meska","image_title":"Baba els\u0151 kar\u00e1csonya poszter, Els\u0151 kar\u00e1csony babaposzter, Meska","view_count":"1297","favourite_count":"0","trending_score":"0","last2MonthFavouriteCount":"0","promotion":"0","giftcard_accept":"1","creditcard_accept":true,"enhanced_background":"0","domain":"meska","specific_customer_id":null,"specific_customer_name":null,"to_order_product":"1","to_order_product_time":"6","product_different":"quite_different","product_different_description":"Bet\u0171k, sz\u00f3k\u00f6z\u00f6k, sz\u00ednek, bet\u0171t\u00edpusok","vintage":"0","vintage_category_id":"0","recycled":"0","gemstone_id":"0","customizable":"0","type_category":"digital","zerowaste":"0","postage_price":"0.00","shop_order":"0","has_category":"1","landing_pages":null,"microdata":{"number":61,"category":""},"title":"Baba els\u0151 kar\u00e1csonya poszter, Els\u0151 kar\u00e1csony babaposzter","description":"FIGYELEM, A TERM\u00c9K CSAK DIGIT\u00c1LISAN KER\u00dcL KIK\u00dcLD\u00c9SRE!\n\n\u00d6r\u00f6k\u00edtsd meg az eddigi id\u0151szakot \u00e9s lepd meg vele saj\u00e1t gyermekedet az els\u0151 kKar\u00e1csony\u00e1n, de ak\u00e1r aj\u00e1nd\u00e9kk\u00e9nt is t\u00f6k\u00e9letes. A szoba d\u00edsze \u00e9s a Kar\u00e1csonyfa \u00e9ke, de ak\u00e1r egy fot\u00f3z\u00e1s kell\u00e9ke is lehet! :)\n\nK\u00e9rlek hogy a v\u00e1s\u00e1rl\u00e1s ut\u00e1n a poszteren tal\u00e1lhat\u00f3 sz\u00f6vegnek megfelel\u0151en k\u00fcldd el azokat az adatokat, amiket viszont szeretn\u00e9l l\u00e1tni a poszteren! (Pl: S\u00faly, fogak sz\u00e1ma, hossza, miket szeret enni\/inni\/csin\u00e1lni, miket tud m\u00e1r csin\u00e1lni, stb.)\n\nAz adatok alapj\u00e1n elk\u00e9sz\u00edtem a posztert \u00e9s az el\u0151reutal\u00e1s ut\u00e1n elk\u00fcld\u00f6m neked a k\u00e9sz grafik\u00e1t egy kiv\u00e1l\u00f3 min\u0151s\u00e9g\u0171 nyomdai pdf-ben, melyet azonnal ki tudsz nyomtatni.\nA term\u00e9k m\u00e9rete 25x25 cm, de k\u00e9rhet\u0151 m\u00e1s m\u00e9retben is!\n\nMivel digit\u00e1lis term\u00e9k, term\u00e9szetesen nincs sz\u00e1ll\u00edt\u00e1si k\u00f6lts\u00e9g, a szem\u00e9lyes \u00e1tv\u00e9tel lehet\u0151s\u00e9get kell v\u00e1lasztani megrendel\u00e9skor.","score":0,"formatted_price":"4 000 Ft","image_url":"https:\/\/www.meska.hu\/img\/product\/small\/p\/a\/panadesign_product_398004_201120000340_212365.jpeg","formatted_url":"https:\/\/www.meska.hu\/p3932459-baba-elso-karacsonya-poszter-elso-karacsony-babaposzter","favourite":false,"in_stock":false,"avatar":"panadesign_avatar_398004_1605705071.jpg","delete_from":0,"is_enhanced_background":false,"is_enhanced":false,"product_selection_started":false,"is_active":true,"image_webp_url":"https:\/\/www.meska.hu\/img\/product\/small\/p\/a\/panadesign_product_398004_201120000340_212365.webp"},{"id":"3463499","shop_id":"31288","user_id":"398004","shop_name":"panadesign","shop_zip":"2071","product_code":"3932460","product_name_old":null,"product_name":"Els\u0151 kar\u00e1csony babaposzter, baba els\u0151 kar\u00e1csonya poszter","category_string":"Baba - mama, Babaposzter, Babaszoba dekor\u00e1ci\u00f3","technic_string":"Fot\u00f3, grafika, rajz, illusztr\u00e1ci\u00f3","category_1":"1735","category_2":"1759","category_3":"1466","category_4":"0","merged_category_1":"0","merged_category_2":"0","merged_category_3":"785","technic_1":"483","technic_2":"0","technic_3":"0","color_1":"532","color_2":"0","color_3":"0","product_description_old":null,"product_description":"FIGYELEM, A TERM\u00c9K CSAK DIGIT\u00c1LISAN KER\u00dcL KIK\u00dcLD\u00c9SRE!\n\n\u00d6r\u00f6k\u00edtsd meg az eddigi id\u0151szakot \u00e9s lepd meg vele saj\u00e1t gyermekedet, de ak\u00e1r aj\u00e1nd\u00e9kk\u00e9nt is t\u00f6k\u00e9letes. A szoba d\u00edsze \u00e9s a Kar\u00e1csonyfa \u00e9ke, de ak\u00e1r egy fot\u00f3z\u00e1s kell\u00e9ke is lehet! :)\n\nK\u00e9rlek hogy a v\u00e1s\u00e1rl\u00e1s ut\u00e1n a poszteren tal\u00e1lhat\u00f3 sz\u00f6vegnek megfelel\u0151en k\u00fcldd el azokat az adatokat, amiket viszont szeretn\u00e9l l\u00e1tni a poszteren! (Pl: S\u00faly, fogak sz\u00e1ma, hossza, miket szeret enni\/inni\/csin\u00e1lni, miket tud m\u00e1r csin\u00e1lni, stb.)\n\nAz adatok alapj\u00e1n elk\u00e9sz\u00edtem a posztert \u00e9s az el\u0151reutal\u00e1s ut\u00e1n elk\u00fcld\u00f6m neked a k\u00e9sz grafik\u00e1t egy kiv\u00e1l\u00f3 min\u0151s\u00e9g\u0171 nyomdai pdf-ben, melyet azonnal ki tudsz nyomtatni.\nA term\u00e9k m\u00e9rete: A4-es, azaz 21x297 cm, de k\u00e9rhet\u0151 m\u00e1s m\u00e9retben is!\n\nMivel digit\u00e1lis term\u00e9k, term\u00e9szetesen nincs sz\u00e1ll\u00edt\u00e1si k\u00f6lts\u00e9g, a szem\u00e9lyes \u00e1tv\u00e9tel lehet\u0151s\u00e9get kell v\u00e1lasztani megrendel\u00e9skor.","price":"4900.00","unit":"db","recommended":"0","status":"1","sponsored":"0","exp_notify":"0","own_material":"0","own_material_description_old":null,"own_material_description":"","jury":"0","jury_number":"","product_nature":"","meskaracsony":"0","create_date":"2026-02-22 09:42:37","shelve_id":"0","image":"panadesign_product_398004_201120002844_668569.png","image_width":"480","image_height":"320","image_alt":"Els\u0151 kar\u00e1csony babaposzter, baba els\u0151 kar\u00e1csonya poszter, FIGYELEM, A TERM\u00c9K CSAK DIGIT\u00c1LISAN KER\u00dcL KIK\u00dcLD\u00c9SRE!\\n\\n\u00d6r\u00f6k\u00edtsd meg az eddigi id\u0151szakot \u00e9s lepd meg ..., Meska","image_title":"Els\u0151 kar\u00e1csony babaposzter, baba els\u0151 kar\u00e1csonya poszter, Meska","view_count":"1246","favourite_count":"0","trending_score":"0","last2MonthFavouriteCount":"0","promotion":"0","giftcard_accept":"1","creditcard_accept":true,"enhanced_background":"0","domain":"meska","specific_customer_id":null,"specific_customer_name":null,"to_order_product":"1","to_order_product_time":"6","product_different":"quite_different","product_different_description":"Bet\u0171k, sz\u00f3k\u00f6z\u00f6k, sz\u00ednek, bet\u0171t\u00edpusok","vintage":"0","vintage_category_id":"0","recycled":"0","gemstone_id":"0","customizable":"0","type_category":"digital","zerowaste":"0","postage_price":"0.00","shop_order":"0","has_category":"1","landing_pages":null,"microdata":{"number":62,"category":""},"title":"Els\u0151 kar\u00e1csony babaposzter, baba els\u0151 kar\u00e1csonya poszter","description":"FIGYELEM, A TERM\u00c9K CSAK DIGIT\u00c1LISAN KER\u00dcL KIK\u00dcLD\u00c9SRE!\n\n\u00d6r\u00f6k\u00edtsd meg az eddigi id\u0151szakot \u00e9s lepd meg vele saj\u00e1t gyermekedet, de ak\u00e1r aj\u00e1nd\u00e9kk\u00e9nt is t\u00f6k\u00e9letes. A szoba d\u00edsze \u00e9s a Kar\u00e1csonyfa \u00e9ke, de ak\u00e1r egy fot\u00f3z\u00e1s kell\u00e9ke is lehet! :)\n\nK\u00e9rlek hogy a v\u00e1s\u00e1rl\u00e1s ut\u00e1n a poszteren tal\u00e1lhat\u00f3 sz\u00f6vegnek megfelel\u0151en k\u00fcldd el azokat az adatokat, amiket viszont szeretn\u00e9l l\u00e1tni a poszteren! (Pl: S\u00faly, fogak sz\u00e1ma, hossza, miket szeret enni\/inni\/csin\u00e1lni, miket tud m\u00e1r csin\u00e1lni, stb.)\n\nAz adatok alapj\u00e1n elk\u00e9sz\u00edtem a posztert \u00e9s az el\u0151reutal\u00e1s ut\u00e1n elk\u00fcld\u00f6m neked a k\u00e9sz grafik\u00e1t egy kiv\u00e1l\u00f3 min\u0151s\u00e9g\u0171 nyomdai pdf-ben, melyet azonnal ki tudsz nyomtatni.\nA term\u00e9k m\u00e9rete: A4-es, azaz 21x297 cm, de k\u00e9rhet\u0151 m\u00e1s m\u00e9retben is!\n\nMivel digit\u00e1lis term\u00e9k, term\u00e9szetesen nincs sz\u00e1ll\u00edt\u00e1si k\u00f6lts\u00e9g, a szem\u00e9lyes \u00e1tv\u00e9tel lehet\u0151s\u00e9get kell v\u00e1lasztani megrendel\u00e9skor.","score":0,"formatted_price":"4 900 Ft","image_url":"https:\/\/www.meska.hu\/img\/product\/small\/p\/a\/panadesign_product_398004_201120002844_668569.png","formatted_url":"https:\/\/www.meska.hu\/p3932460-elso-karacsony-babaposzter-baba-elso-karacsonya-poszter","favourite":false,"in_stock":false,"avatar":"panadesign_avatar_398004_1605705071.jpg","delete_from":0,"is_enhanced_background":false,"is_enhanced":false,"product_selection_started":false,"is_active":true,"image_webp_url":"https:\/\/www.meska.hu\/img\/product\/small\/p\/a\/panadesign_product_398004_201120002844_668569.webp"},{"id":"3463500","shop_id":"31288","user_id":"398004","shop_name":"panadesign","shop_zip":"2071","product_code":"3932461","product_name_old":null,"product_name":"Baba els\u0151 kar\u00e1csonya poszter, els\u0151 kar\u00e1csony, babaposzter az els\u0151 kar\u00e1csonyra","category_string":"Baba - mama, Babaposzter, Babaszoba dekor\u00e1ci\u00f3","technic_string":"Fot\u00f3, grafika, rajz, illusztr\u00e1ci\u00f3","category_1":"1735","category_2":"1759","category_3":"1466","category_4":"0","merged_category_1":"0","merged_category_2":"0","merged_category_3":"785","technic_1":"483","technic_2":"0","technic_3":"0","color_1":"532","color_2":"0","color_3":"0","product_description_old":null,"product_description":"FIGYELEM, A TERM\u00c9K CSAK DIGIT\u00c1LISAN KER\u00dcL KIK\u00dcLD\u00c9SRE!\n\n\u00d6r\u00f6k\u00edtsd meg az eddigi id\u0151szakot \u00e9s lepd meg vele saj\u00e1t gyermekedet, de ak\u00e1r aj\u00e1nd\u00e9kk\u00e9nt is t\u00f6k\u00e9letes. A szoba d\u00edsze \u00e9s a Kar\u00e1csonyfa \u00e9ke, de ak\u00e1r egy fot\u00f3z\u00e1s kell\u00e9ke is lehet! :)\n\nK\u00e9rlek hogy a v\u00e1s\u00e1rl\u00e1s ut\u00e1n a poszteren tal\u00e1lhat\u00f3 sz\u00f6vegnek megfelel\u0151en k\u00fcldd el azokat az adatokat, amiket viszont szeretn\u00e9l l\u00e1tni a poszteren! (Pl: S\u00faly, fogak sz\u00e1ma, hossza, miket szeret enni\/inni\/csin\u00e1lni, miket tud m\u00e1r csin\u00e1lni, stb.)\n\nAz adatok alapj\u00e1n elk\u00e9sz\u00edtem a posztert \u00e9s az el\u0151reutal\u00e1s ut\u00e1n elk\u00fcld\u00f6m neked a k\u00e9sz grafik\u00e1t egy kiv\u00e1l\u00f3 min\u0151s\u00e9g\u0171 nyomdai pdf-ben, melyet azonnal ki tudsz nyomtatni.\nA term\u00e9k m\u00e9rete: A4-es m\u00e9ret\u0171, azaz 21x297 cm, de k\u00e9rhet\u0151 m\u00e1s m\u00e9retben is!\n\nMivel digit\u00e1lis term\u00e9k, term\u00e9szetesen nincs sz\u00e1ll\u00edt\u00e1si k\u00f6lts\u00e9g, a szem\u00e9lyes \u00e1tv\u00e9tel lehet\u0151s\u00e9get kell v\u00e1lasztani megrendel\u00e9skor.\n\nAmennyiben egyedi elk\u00e9pzel\u00e9sed lenne, keress bizalommal \u00fczenetben!","price":"4900.00","unit":"db","recommended":"0","status":"1","sponsored":"0","exp_notify":"0","own_material":"0","own_material_description_old":null,"own_material_description":"","jury":"0","jury_number":"","product_nature":"","meskaracsony":"0","create_date":"2026-02-22 09:42:33","shelve_id":"0","image":"panadesign_product_398004_201120003423_9354.jpeg","image_width":"480","image_height":"344","image_alt":"Baba els\u0151 kar\u00e1csonya poszter, els\u0151 kar\u00e1csony, babaposzter az els\u0151 kar\u00e1csonyra, FIGYELEM, A TERM\u00c9K CSAK DIGIT\u00c1LISAN KER\u00dcL KIK\u00dcLD\u00c9SRE!\\n\\n\u00d6r\u00f6k\u00edtsd meg az eddigi id\u0151szakot \u00e9s lepd meg ..., Meska","image_title":"Baba els\u0151 kar\u00e1csonya poszter, els\u0151 kar\u00e1csony, babaposzter az els\u0151 kar\u00e1csonyra, Meska","view_count":"1652","favourite_count":"0","trending_score":"0","last2MonthFavouriteCount":"0","promotion":"0","giftcard_accept":"1","creditcard_accept":true,"enhanced_background":"0","domain":"meska","specific_customer_id":null,"specific_customer_name":null,"to_order_product":"1","to_order_product_time":"6","product_different":"quite_different","product_different_description":"Bet\u0171k, sz\u00f3k\u00f6z\u00f6k, sz\u00ednek, bet\u0171t\u00edpusok","vintage":"0","vintage_category_id":"0","recycled":"0","gemstone_id":"0","customizable":"0","type_category":"digital","zerowaste":"0","postage_price":"0.00","shop_order":"0","has_category":"1","landing_pages":null,"microdata":{"number":63,"category":""},"title":"Baba els\u0151 kar\u00e1csonya poszter, els\u0151 kar\u00e1csony, babaposzter az els\u0151 kar\u00e1csonyra","description":"FIGYELEM, A TERM\u00c9K CSAK DIGIT\u00c1LISAN KER\u00dcL KIK\u00dcLD\u00c9SRE!\n\n\u00d6r\u00f6k\u00edtsd meg az eddigi id\u0151szakot \u00e9s lepd meg vele saj\u00e1t gyermekedet, de ak\u00e1r aj\u00e1nd\u00e9kk\u00e9nt is t\u00f6k\u00e9letes. A szoba d\u00edsze \u00e9s a Kar\u00e1csonyfa \u00e9ke, de ak\u00e1r egy fot\u00f3z\u00e1s kell\u00e9ke is lehet! :)\n\nK\u00e9rlek hogy a v\u00e1s\u00e1rl\u00e1s ut\u00e1n a poszteren tal\u00e1lhat\u00f3 sz\u00f6vegnek megfelel\u0151en k\u00fcldd el azokat az adatokat, amiket viszont szeretn\u00e9l l\u00e1tni a poszteren! (Pl: S\u00faly, fogak sz\u00e1ma, hossza, miket szeret enni\/inni\/csin\u00e1lni, miket tud m\u00e1r csin\u00e1lni, stb.)\n\nAz adatok alapj\u00e1n elk\u00e9sz\u00edtem a posztert \u00e9s az el\u0151reutal\u00e1s ut\u00e1n elk\u00fcld\u00f6m neked a k\u00e9sz grafik\u00e1t egy kiv\u00e1l\u00f3 min\u0151s\u00e9g\u0171 nyomdai pdf-ben, melyet azonnal ki tudsz nyomtatni.\nA term\u00e9k m\u00e9rete: A4-es m\u00e9ret\u0171, azaz 21x297 cm, de k\u00e9rhet\u0151 m\u00e1s m\u00e9retben is!\n\nMivel digit\u00e1lis term\u00e9k, term\u00e9szetesen nincs sz\u00e1ll\u00edt\u00e1si k\u00f6lts\u00e9g, a szem\u00e9lyes \u00e1tv\u00e9tel lehet\u0151s\u00e9get kell v\u00e1lasztani megrendel\u00e9skor.\n\nAmennyiben egyedi elk\u00e9pzel\u00e9sed lenne, keress bizalommal \u00fczenetben!","score":0,"formatted_price":"4 900 Ft","image_url":"https:\/\/www.meska.hu\/img\/product\/small\/p\/a\/panadesign_product_398004_201120003423_9354.jpeg","formatted_url":"https:\/\/www.meska.hu\/p3932461-baba-elso-karacsonya-poszter-elso-karacsony-babaposzter-az-elso-karacsonyra","favourite":false,"in_stock":false,"avatar":"panadesign_avatar_398004_1605705071.jpg","delete_from":0,"is_enhanced_background":false,"is_enhanced":false,"product_selection_started":false,"is_active":true,"image_webp_url":"https:\/\/www.meska.hu\/img\/product\/small\/p\/a\/panadesign_product_398004_201120003423_9354.webp"},{"id":"3463026","shop_id":"31288","user_id":"398004","shop_name":"panadesign","shop_zip":"2071","product_code":"3931265","product_name_old":null,"product_name":"Els\u0151 kar\u00e1csony babaposzter, baba els\u0151 kar\u00e1csonya poszter","category_string":"Baba - mama, Babaposzter, Babaszoba dekor\u00e1ci\u00f3","technic_string":"Fot\u00f3, grafika, rajz, illusztr\u00e1ci\u00f3","category_1":"1735","category_2":"1759","category_3":"1466","category_4":"0","merged_category_1":"0","merged_category_2":"0","merged_category_3":"785","technic_1":"483","technic_2":"0","technic_3":"0","color_1":"532","color_2":"0","color_3":"0","product_description_old":null,"product_description":"FIGYELEM, A TERM\u00c9K CSAK DIGIT\u00c1LISAN KER\u00dcL KIK\u00dcLD\u00c9SRE!\n\n\u00d6r\u00f6k\u00edtsd meg az eddigi id\u0151szakot \u00e9s lepd meg vele saj\u00e1t gyermekedet, de ak\u00e1r aj\u00e1nd\u00e9kk\u00e9nt is t\u00f6k\u00e9letes. A szoba d\u00edsze \u00e9s a Kar\u00e1csonyfa \u00e9ke, de ak\u00e1r egy fot\u00f3z\u00e1s kell\u00e9ke is lehet! :)\n\nK\u00e9rlek hogy a v\u00e1s\u00e1rl\u00e1s ut\u00e1n a poszteren tal\u00e1lhat\u00f3 sz\u00f6vegnek megfelel\u0151en k\u00fcldd el azokat az adatokat, amiket viszont szeretn\u00e9l l\u00e1tni a poszteren! (Pl: S\u00faly, fogak sz\u00e1ma, hossza, miket szeret enni\/inni\/csin\u00e1lni, miket tud m\u00e1r csin\u00e1lni, stb.)\n\nAz adatok alapj\u00e1n elk\u00e9sz\u00edtem a posztert \u00e9s az el\u0151reutal\u00e1s ut\u00e1n elk\u00fcld\u00f6m neked a k\u00e9sz grafik\u00e1t egy kiv\u00e1l\u00f3 min\u0151s\u00e9g\u0171 nyomdai pdf-ben, melyet azonnal ki tudsz nyomtatni.\nA term\u00e9k m\u00e9rete 25x25 cm, de k\u00e9rhet\u0151 m\u00e1s m\u00e9retben is!\n\nMivel digit\u00e1lis term\u00e9k, term\u00e9szetesen nincs sz\u00e1ll\u00edt\u00e1si k\u00f6lts\u00e9g, a szem\u00e9lyes \u00e1tv\u00e9tel lehet\u0151s\u00e9get kell v\u00e1lasztani megrendel\u00e9skor.\n\nSzem\u00e9lyes \u00e1tv\u00e9tel Biatorb\u00e1gyon, Budakeszin, P\u00e1tyon lehets\u00e9ges!","price":"4500.00","unit":"db","recommended":"0","status":"1","sponsored":"0","exp_notify":"0","own_material":"0","own_material_description_old":null,"own_material_description":"","jury":"0","jury_number":"","product_nature":"","meskaracsony":"0","create_date":"2026-02-21 22:40:52","shelve_id":"0","image":"panadesign_product_398004_201119132227_294478.jpeg","image_width":"480","image_height":"384","image_alt":"Els\u0151 kar\u00e1csony babaposzter, baba els\u0151 kar\u00e1csonya poszter, FIGYELEM, A TERM\u00c9K CSAK DIGIT\u00c1LISAN KER\u00dcL KIK\u00dcLD\u00c9SRE!\\n\\n\u00d6r\u00f6k\u00edtsd meg az eddigi id\u0151szakot \u00e9s lepd meg ..., Meska","image_title":"Els\u0151 kar\u00e1csony babaposzter, baba els\u0151 kar\u00e1csonya poszter, Meska","view_count":"1944","favourite_count":"0","trending_score":"0","last2MonthFavouriteCount":"0","promotion":"0","giftcard_accept":"1","creditcard_accept":true,"enhanced_background":"0","domain":"meska","specific_customer_id":null,"specific_customer_name":null,"to_order_product":"1","to_order_product_time":"6","product_different":"quite_different","product_different_description":"Bet\u0171k, sz\u00f3k\u00f6z\u00f6k, sz\u00ednek, bet\u0171t\u00edpusok","vintage":"0","vintage_category_id":"0","recycled":"0","gemstone_id":"0","customizable":"0","type_category":"digital","zerowaste":"0","postage_price":"0.00","shop_order":"0","has_category":"1","landing_pages":null,"microdata":{"number":64,"category":""},"title":"Els\u0151 kar\u00e1csony babaposzter, baba els\u0151 kar\u00e1csonya poszter","description":"FIGYELEM, A TERM\u00c9K CSAK DIGIT\u00c1LISAN KER\u00dcL KIK\u00dcLD\u00c9SRE!\n\n\u00d6r\u00f6k\u00edtsd meg az eddigi id\u0151szakot \u00e9s lepd meg vele saj\u00e1t gyermekedet, de ak\u00e1r aj\u00e1nd\u00e9kk\u00e9nt is t\u00f6k\u00e9letes. A szoba d\u00edsze \u00e9s a Kar\u00e1csonyfa \u00e9ke, de ak\u00e1r egy fot\u00f3z\u00e1s kell\u00e9ke is lehet! :)\n\nK\u00e9rlek hogy a v\u00e1s\u00e1rl\u00e1s ut\u00e1n a poszteren tal\u00e1lhat\u00f3 sz\u00f6vegnek megfelel\u0151en k\u00fcldd el azokat az adatokat, amiket viszont szeretn\u00e9l l\u00e1tni a poszteren! (Pl: S\u00faly, fogak sz\u00e1ma, hossza, miket szeret enni\/inni\/csin\u00e1lni, miket tud m\u00e1r csin\u00e1lni, stb.)\n\nAz adatok alapj\u00e1n elk\u00e9sz\u00edtem a posztert \u00e9s az el\u0151reutal\u00e1s ut\u00e1n elk\u00fcld\u00f6m neked a k\u00e9sz grafik\u00e1t egy kiv\u00e1l\u00f3 min\u0151s\u00e9g\u0171 nyomdai pdf-ben, melyet azonnal ki tudsz nyomtatni.\nA term\u00e9k m\u00e9rete 25x25 cm, de k\u00e9rhet\u0151 m\u00e1s m\u00e9retben is!\n\nMivel digit\u00e1lis term\u00e9k, term\u00e9szetesen nincs sz\u00e1ll\u00edt\u00e1si k\u00f6lts\u00e9g, a szem\u00e9lyes \u00e1tv\u00e9tel lehet\u0151s\u00e9get kell v\u00e1lasztani megrendel\u00e9skor.\n\nSzem\u00e9lyes \u00e1tv\u00e9tel Biatorb\u00e1gyon, Budakeszin, P\u00e1tyon lehets\u00e9ges!","score":0,"formatted_price":"4 500 Ft","image_url":"https:\/\/www.meska.hu\/img\/product\/small\/p\/a\/panadesign_product_398004_201119132227_294478.jpeg","formatted_url":"https:\/\/www.meska.hu\/p3931265-elso-karacsony-babaposzter-baba-elso-karacsonya-poszter","favourite":false,"in_stock":false,"avatar":"panadesign_avatar_398004_1605705071.jpg","delete_from":0,"is_enhanced_background":false,"is_enhanced":false,"product_selection_started":false,"is_active":true,"image_webp_url":"https:\/\/www.meska.hu\/img\/product\/small\/p\/a\/panadesign_product_398004_201119132227_294478.webp"},{"id":"5707273","shop_id":"47960","user_id":"702930","shop_name":"VICREADesign","shop_zip":"8372","product_code":"5505388","product_name_old":null,"product_name":"Szem\u00e9lyre szabott babaposzter \u2013 Egyedi eml\u00e9k a legszebb pillanatr\u00f3l!","category_string":"Baba - mama, Babaszoba dekor\u00e1ci\u00f3, Babaposzter","technic_string":"Fot\u00f3, grafika, rajz, illusztr\u00e1ci\u00f3","category_1":"1735","category_2":"1466","category_3":"1759","category_4":"0","merged_category_1":null,"merged_category_2":null,"merged_category_3":null,"technic_1":"483","technic_2":"0","technic_3":"0","color_1":"519","color_2":"521","color_3":"525","product_description_old":null,"product_description":"Meg\u00f6r\u00f6k\u00edten\u00e9d kisbab\u00e1d legfontosabb m\u00e9rf\u00f6ldk\u00f6veit egy k\u00fcl\u00f6nleges poszteren? Ez a szem\u00e9lyre szabhat\u00f3 babaposzter t\u00f6k\u00e9letes v\u00e1laszt\u00e1s! \n\nMit tartalmazhat?\n\u2714\ufe0f Baba neve \u00e9s \u00e9letkora\n\u2714\ufe0f S\u00falya, magass\u00e1ga, \n\u2714\ufe0f Sz\u00fclet\u00e9si d\u00e1tum, id\u0151pont\n\nEl\u00e9rhet\u0151 digit\u00e1lis \u00e9s nyomtatott form\u00e1ban is\n\nK\u00e9pkerettel is k\u00e9rhet\u0151 \u2013 v\u00e1laszthat\u00f3 feh\u00e9r, fekete vagy fahat\u00e1s\u00fa keret. (A k\u00e9pen l\u00e1that\u00f3 keret illusztr\u00e1ci\u00f3.)\n\nRendel\u00e9s ut\u00e1n \u00fczenetben egyeztetj\u00fck az adatokat.  \n\nLepd meg magad vagy szeretteidet egy igaz\u00e1n egyedi \u00e9s sz\u00edvhez sz\u00f3l\u00f3 aj\u00e1nd\u00e9kkal! \n\nT\u00f6k\u00e9letes aj\u00e1nd\u00e9k babal\u00e1togat\u00e1skor, keresztel\u0151re vagy a babaszoba dekor\u00e1l\u00e1s\u00e1hoz!\n\nDigit\u00e1lis verzi\u00f3: 24 \u00f3r\u00e1n bel\u00fcl e-mailben. (Az adatok be\u00e9rkez\u00e9s\u00e9t\u0151l sz\u00e1m\u00edtva)\nNyomtatott poszter: 3-5 munkanap alatt k\u00e9zbes\u00edtj\u00fck.","price":"1990.00","unit":"db","recommended":"0","status":"1","sponsored":"0","exp_notify":"0","own_material":"0","own_material_description_old":null,"own_material_description":"","jury":"0","jury_number":"","product_nature":"","meskaracsony":"0","create_date":"2026-02-21 17:39:37","shelve_id":"0","image":"vicreadesign_product_702930_250226152426_399255.jpeg","image_width":"480","image_height":"480","image_alt":"Szem\u00e9lyre szabott babaposzter \u2013 Egyedi eml\u00e9k a legszebb pillanatr\u00f3l!, Meg\u00f6r\u00f6k\u00edten\u00e9d kisbab\u00e1d legfontosabb m\u00e9rf\u00f6ldk\u00f6veit egy k\u00fcl\u00f6nleges poszteren? Ez a szem\u00e9lyre szabhat\u00f3 ..., Meska","image_title":"Szem\u00e9lyre szabott babaposzter \u2013 Egyedi eml\u00e9k a legszebb pillanatr\u00f3l!, Meska","view_count":"508","favourite_count":"0","trending_score":"0","last2MonthFavouriteCount":"0","promotion":"0","giftcard_accept":"0","creditcard_accept":true,"enhanced_background":"0","domain":"meska","specific_customer_id":null,"specific_customer_name":null,"to_order_product":"1","to_order_product_time":"2","product_different":null,"product_different_description":"","vintage":"0","vintage_category_id":"0","recycled":"0","gemstone_id":"0","customizable":"0","type_category":"digital","zerowaste":"0","postage_price":"1290.00","shop_order":"0","has_category":"1","landing_pages":null,"microdata":{"number":65,"category":""},"title":"Szem\u00e9lyre szabott babaposzter \u2013 Egyedi eml\u00e9k a legszebb pillanatr\u00f3l!","description":"Meg\u00f6r\u00f6k\u00edten\u00e9d kisbab\u00e1d legfontosabb m\u00e9rf\u00f6ldk\u00f6veit egy k\u00fcl\u00f6nleges poszteren? Ez a szem\u00e9lyre szabhat\u00f3 babaposzter t\u00f6k\u00e9letes v\u00e1laszt\u00e1s! \n\nMit tartalmazhat?\n\u2714\ufe0f Baba neve \u00e9s \u00e9letkora\n\u2714\ufe0f S\u00falya, magass\u00e1ga, \n\u2714\ufe0f Sz\u00fclet\u00e9si d\u00e1tum, id\u0151pont\n\nEl\u00e9rhet\u0151 digit\u00e1lis \u00e9s nyomtatott form\u00e1ban is\n\nK\u00e9pkerettel is k\u00e9rhet\u0151 \u2013 v\u00e1laszthat\u00f3 feh\u00e9r, fekete vagy fahat\u00e1s\u00fa keret. (A k\u00e9pen l\u00e1that\u00f3 keret illusztr\u00e1ci\u00f3.)\n\nRendel\u00e9s ut\u00e1n \u00fczenetben egyeztetj\u00fck az adatokat.  \n\nLepd meg magad vagy szeretteidet egy igaz\u00e1n egyedi \u00e9s sz\u00edvhez sz\u00f3l\u00f3 aj\u00e1nd\u00e9kkal! \n\nT\u00f6k\u00e9letes aj\u00e1nd\u00e9k babal\u00e1togat\u00e1skor, keresztel\u0151re vagy a babaszoba dekor\u00e1l\u00e1s\u00e1hoz!\n\nDigit\u00e1lis verzi\u00f3: 24 \u00f3r\u00e1n bel\u00fcl e-mailben. (Az adatok be\u00e9rkez\u00e9s\u00e9t\u0151l sz\u00e1m\u00edtva)\nNyomtatott poszter: 3-5 munkanap alatt k\u00e9zbes\u00edtj\u00fck.","score":0,"formatted_price":"1 990 Ft","image_url":"https:\/\/www.meska.hu\/img\/product\/small\/v\/i\/vicreadesign_product_702930_250226152426_399255.jpeg","formatted_url":"https:\/\/www.meska.hu\/p5505388-szemelyre-szabott-babaposzter-egyedi-emlek-a-legszebb-pillanatrol","favourite":false,"in_stock":false,"avatar":"702930_avatar_1741901247.png","delete_from":0,"is_enhanced_background":false,"is_enhanced":false,"product_selection_started":false,"is_active":true,"image_webp_url":"https:\/\/www.meska.hu\/img\/product\/small\/v\/i\/vicreadesign_product_702930_250226152426_399255.webp"},{"id":"3401964","shop_id":"31438","user_id":"400253","shop_name":"KataLineDesign","shop_zip":"535600","product_code":"4161938","product_name_old":null,"product_name":"\u0150zik\u00e9s babaposzter","category_string":"Baba - mama, Babaposzter, Babaszoba dekor\u00e1ci\u00f3","technic_string":"Fot\u00f3, grafika, rajz, illusztr\u00e1ci\u00f3","category_1":"1735","category_2":"1759","category_3":"1466","category_4":"0","merged_category_1":null,"merged_category_2":null,"merged_category_3":null,"technic_1":"483","technic_2":"0","technic_3":"0","color_1":"519","color_2":"0","color_3":"0","product_description_old":null,"product_description":"Egyedi tervez\u00e9s\u0171, n\u00e9vre sz\u00f3l\u00f3 babaposzter. Saj\u00e1t adatokkal A3 m\u00e9retben, \u0151zik\u00e9s illusztr\u00e1ci\u00f3val, feh\u00e9r kerettel.\n\nEgy csal\u00e1d \u00e9let\u00e9ben rendk\u00edv\u00fcl fontos \u00e9s eml\u00e9kezetes esem\u00e9ny, amikor kisbaba sz\u00fcletik. Ezt az esem\u00e9nyt minden sz\u00fcl\u0151 szeretn\u00e9 maradand\u00f3v\u00e1 \u00e9s m\u00e9g eml\u00e9kezetesebb\u00e9 tenni f\u00e9nyk\u00e9pekkel, vide\u00f3kkal. Viszont a baba sz\u00fclet\u00e9s\u00e9nek k\u00f6r\u00fclm\u00e9nyei \u00e9s sz\u00fclet\u00e9si adatai is sz\u00e9p eml\u00e9kk\u00e9 v\u00e1lhatnak. Ehhez ny\u00fajtunk seg\u00edts\u00e9get neked, hogy ezek az adatok egy sz\u00e9p \u00e9s m\u00e9lt\u00f3 eml\u00e9kk\u00e9 v\u00e1lhassanak az otthon fal\u00e1n.\n\n A babaposzterehez a szem\u00e9lyes adatokat emailen kell elk\u00fcldened az info@katalinedesign.com cimre\nA k\u00e9p 240g-os matt pr\u00e9mium m\u0171v\u00e9szpap\u00edrra nyomtatva k\u00e9sz\u00fcl. \nA k\u00e9pkeret anyaga fa, sz\u00edne feh\u00e9r, m\u00e9rete A3\n","price":"5400.00","unit":"db","recommended":"0","status":"1","sponsored":"0","exp_notify":"0","own_material":"0","own_material_description_old":null,"own_material_description":"","jury":"0","jury_number":"","product_nature":"","meskaracsony":"0","create_date":"2026-02-20 18:33:41","shelve_id":"0","image":"katalinedesign_product_400253_210526141305_454574.jpeg","image_width":"480","image_height":"480","image_alt":"\u0150zik\u00e9s babaposzter, Egyedi tervez\u00e9s\u0171, n\u00e9vre sz\u00f3l\u00f3 babaposzter. Saj\u00e1t adatokkal A3 m\u00e9retben, \u0151zik\u00e9s illusztr\u00e1ci\u00f3val, feh\u00e9..., Meska","image_title":"\u0150zik\u00e9s babaposzter, Meska","view_count":"1923","favourite_count":"0","trending_score":"0","last2MonthFavouriteCount":"0","promotion":"0","giftcard_accept":"0","creditcard_accept":false,"enhanced_background":"0","domain":"meska","specific_customer_id":null,"specific_customer_name":null,"to_order_product":"1","to_order_product_time":"3","product_different":"different","product_different_description":"n\u00e9v \u00e9s sz\u00fclet\u00e9si adatok","vintage":"0","vintage_category_id":"0","recycled":"0","gemstone_id":"0","customizable":"1","type_category":"physical","zerowaste":"0","postage_price":"1900.00","shop_order":"0","has_category":"1","landing_pages":null,"microdata":{"number":66,"category":""},"title":"\u0150zik\u00e9s babaposzter","description":"Egyedi tervez\u00e9s\u0171, n\u00e9vre sz\u00f3l\u00f3 babaposzter. Saj\u00e1t adatokkal A3 m\u00e9retben, \u0151zik\u00e9s illusztr\u00e1ci\u00f3val, feh\u00e9r kerettel.\n\nEgy csal\u00e1d \u00e9let\u00e9ben rendk\u00edv\u00fcl fontos \u00e9s eml\u00e9kezetes esem\u00e9ny, amikor kisbaba sz\u00fcletik. Ezt az esem\u00e9nyt minden sz\u00fcl\u0151 szeretn\u00e9 maradand\u00f3v\u00e1 \u00e9s m\u00e9g eml\u00e9kezetesebb\u00e9 tenni f\u00e9nyk\u00e9pekkel, vide\u00f3kkal. Viszont a baba sz\u00fclet\u00e9s\u00e9nek k\u00f6r\u00fclm\u00e9nyei \u00e9s sz\u00fclet\u00e9si adatai is sz\u00e9p eml\u00e9kk\u00e9 v\u00e1lhatnak. Ehhez ny\u00fajtunk seg\u00edts\u00e9get neked, hogy ezek az adatok egy sz\u00e9p \u00e9s m\u00e9lt\u00f3 eml\u00e9kk\u00e9 v\u00e1lhassanak az otthon fal\u00e1n.\n\n A babaposzterehez a szem\u00e9lyes adatokat emailen kell elk\u00fcldened az info@katalinedesign.com cimre\nA k\u00e9p 240g-os matt pr\u00e9mium m\u0171v\u00e9szpap\u00edrra nyomtatva k\u00e9sz\u00fcl. \nA k\u00e9pkeret anyaga fa, sz\u00edne feh\u00e9r, m\u00e9rete A3\n","score":0,"formatted_price":"5 400 Ft","image_url":"https:\/\/www.meska.hu\/img\/product\/small\/k\/a\/katalinedesign_product_400253_210526141305_454574.jpeg","formatted_url":"https:\/\/www.meska.hu\/p4161938-ozikes-babaposzter","favourite":false,"in_stock":false,"avatar":"KataLineDesign_avatar_400253_1605440815.jpg","delete_from":0,"is_enhanced_background":false,"is_enhanced":false,"product_selection_started":false,"is_active":true,"image_webp_url":"https:\/\/www.meska.hu\/img\/product\/small\/k\/a\/katalinedesign_product_400253_210526141305_454574.webp"},{"id":"3489609","shop_id":"31288","user_id":"398004","shop_name":"panadesign","shop_zip":"2071","product_code":"4076545","product_name_old":null,"product_name":"Babaposzter, megsz\u00fclettem poszter, aj\u00e1nd\u00e9k bab\u00e1knak, \u00fajsz\u00fcl\u00f6t aj\u00e1nd\u00e9k babaszob\u00e1ba","category_string":"Baba - mama, Babaposzter, Babaszoba dekor\u00e1ci\u00f3","technic_string":"Fot\u00f3, grafika, rajz, illusztr\u00e1ci\u00f3","category_1":"1735","category_2":"1759","category_3":"1466","category_4":"0","merged_category_1":"0","merged_category_2":"0","merged_category_3":"0","technic_1":"483","technic_2":"0","technic_3":"0","color_1":"532","color_2":"0","color_3":"0","product_description_old":null,"product_description":"FIGYELEM, A TERM\u00c9K CSAK DIGIT\u00c1LISAN KER\u00dcL KIK\u00dcLD\u00c9SRE!\n\nEgyedi, n\u00e9vre sz\u00f3l\u00f3 \u00fajsz\u00fcl\u00f6tt babaposzter ak\u00e1r aj\u00e1nd\u00e9kba, ak\u00e1r a babaszob\u00e1ba!\n\nK\u00e9rlek hogy a v\u00e1s\u00e1rl\u00e1s ut\u00e1n a poszteren tal\u00e1lhat\u00f3 sz\u00f6vegnek megfelel\u0151en k\u00fcldd el azokat az adatokat, amiket viszont szeretn\u00e9l l\u00e1tni a poszteren! (N\u00e9v, sz\u00fclet\u00e9s pontos id\u0151pontja, sz\u00fclet\u00e9si s\u00faly \u00e9s a sz\u00fclet\u00e9si testhossz,stb.)\n\nAz adatok alapj\u00e1n elk\u00e9sz\u00edtem a posztert \u00e9s az el\u0151reutal\u00e1s ut\u00e1n elk\u00fcld\u00f6m neked a k\u00e9sz grafik\u00e1t egy kiv\u00e1l\u00f3 min\u0151s\u00e9g\u0171 nyomdai pdf-ben, melyet azonnal ki tudsz nyomtatni.\nA term\u00e9k m\u00e9rete: 250x250 mm - de k\u00e9r\u00e9sre term\u00e9szetesen m\u00e1s m\u00e9retben is tudom k\u00fcldeni!\n\nSzeretn\u00e9m felh\u00edvni a figyelmed, hogy a k\u00fcl\u00f6nb\u00f6z\u0151 laptopok,\/mobiltelefonok a k\u00e9perny\u0151felbont\u00e1suk miatt elt\u00e9r\u0151 m\u00f3don reproduk\u00e1lhatj\u00e1k a sz\u00edneket, \u00edgy a v\u00e9gs\u0151 nyomtatott megjelen\u00e9s minim\u00e1lisan elt\u00e9r\u0151 lehet a k\u00e9perny\u0151n l\u00e1that\u00f3t\u00f3l!\n\nMivel digit\u00e1lis term\u00e9k, term\u00e9szetesen nincs sz\u00e1ll\u00edt\u00e1si k\u00f6lts\u00e9g, a szem\u00e9lyes \u00e1tv\u00e9tel lehet\u0151s\u00e9get kell v\u00e1lasztani megrendel\u00e9skor.\n\nAmennyiben egyedi elk\u00e9pzel\u00e9sed lenne, keress bizalommal \u00fczenetben!","price":"3500.00","unit":"db","recommended":"0","status":"1","sponsored":"0","exp_notify":"0","own_material":"0","own_material_description_old":null,"own_material_description":"","jury":"0","jury_number":"","product_nature":"","meskaracsony":"0","create_date":"2026-02-20 01:27:34","shelve_id":"0","image":"panadesign_product_398004_210313165049_415557.jpeg","image_width":"480","image_height":"240","image_alt":"Babaposzter, megsz\u00fclettem poszter, aj\u00e1nd\u00e9k bab\u00e1knak, \u00fajsz\u00fcl\u00f6t aj\u00e1nd\u00e9k babaszob\u00e1ba, FIGYELEM, A TERM\u00c9K CSAK DIGIT\u00c1LISAN KER\u00dcL KIK\u00dcLD\u00c9SRE!\\n\\nEgyedi, n\u00e9vre sz\u00f3l\u00f3 \u00fajsz\u00fcl\u00f6tt babaposzter ak\u00e1..., Meska","image_title":"Babaposzter, megsz\u00fclettem poszter, aj\u00e1nd\u00e9k bab\u00e1knak, \u00fajsz\u00fcl\u00f6t aj\u00e1nd\u00e9k babaszob\u00e1ba, Meska","view_count":"1008","favourite_count":"0","trending_score":"0","last2MonthFavouriteCount":"0","promotion":"0","giftcard_accept":"1","creditcard_accept":true,"enhanced_background":"0","domain":"meska","specific_customer_id":null,"specific_customer_name":null,"to_order_product":"1","to_order_product_time":"6","product_different":"quite_different","product_different_description":"Bet\u0171k, sz\u00f3k\u00f6z\u00f6k, sz\u00ednek, bet\u0171t\u00edpusok","vintage":"0","vintage_category_id":"0","recycled":"0","gemstone_id":"0","customizable":"0","type_category":"digital","zerowaste":"0","postage_price":"0.00","shop_order":"0","has_category":"1","landing_pages":null,"microdata":{"number":67,"category":""},"title":"Babaposzter, megsz\u00fclettem poszter, aj\u00e1nd\u00e9k bab\u00e1knak, \u00fajsz\u00fcl\u00f6t aj\u00e1nd\u00e9k babaszob\u00e1ba","description":"FIGYELEM, A TERM\u00c9K CSAK DIGIT\u00c1LISAN KER\u00dcL KIK\u00dcLD\u00c9SRE!\n\nEgyedi, n\u00e9vre sz\u00f3l\u00f3 \u00fajsz\u00fcl\u00f6tt babaposzter ak\u00e1r aj\u00e1nd\u00e9kba, ak\u00e1r a babaszob\u00e1ba!\n\nK\u00e9rlek hogy a v\u00e1s\u00e1rl\u00e1s ut\u00e1n a poszteren tal\u00e1lhat\u00f3 sz\u00f6vegnek megfelel\u0151en k\u00fcldd el azokat az adatokat, amiket viszont szeretn\u00e9l l\u00e1tni a poszteren! (N\u00e9v, sz\u00fclet\u00e9s pontos id\u0151pontja, sz\u00fclet\u00e9si s\u00faly \u00e9s a sz\u00fclet\u00e9si testhossz,stb.)\n\nAz adatok alapj\u00e1n elk\u00e9sz\u00edtem a posztert \u00e9s az el\u0151reutal\u00e1s ut\u00e1n elk\u00fcld\u00f6m neked a k\u00e9sz grafik\u00e1t egy kiv\u00e1l\u00f3 min\u0151s\u00e9g\u0171 nyomdai pdf-ben, melyet azonnal ki tudsz nyomtatni.\nA term\u00e9k m\u00e9rete: 250x250 mm - de k\u00e9r\u00e9sre term\u00e9szetesen m\u00e1s m\u00e9retben is tudom k\u00fcldeni!\n\nSzeretn\u00e9m felh\u00edvni a figyelmed, hogy a k\u00fcl\u00f6nb\u00f6z\u0151 laptopok,\/mobiltelefonok a k\u00e9perny\u0151felbont\u00e1suk miatt elt\u00e9r\u0151 m\u00f3don reproduk\u00e1lhatj\u00e1k a sz\u00edneket, \u00edgy a v\u00e9gs\u0151 nyomtatott megjelen\u00e9s minim\u00e1lisan elt\u00e9r\u0151 lehet a k\u00e9perny\u0151n l\u00e1that\u00f3t\u00f3l!\n\nMivel digit\u00e1lis term\u00e9k, term\u00e9szetesen nincs sz\u00e1ll\u00edt\u00e1si k\u00f6lts\u00e9g, a szem\u00e9lyes \u00e1tv\u00e9tel lehet\u0151s\u00e9get kell v\u00e1lasztani megrendel\u00e9skor.\n\nAmennyiben egyedi elk\u00e9pzel\u00e9sed lenne, keress bizalommal \u00fczenetben!","score":0,"formatted_price":"3 500 Ft","image_url":"https:\/\/www.meska.hu\/img\/product\/small\/p\/a\/panadesign_product_398004_210313165049_415557.jpeg","formatted_url":"https:\/\/www.meska.hu\/p4076545-babaposzter-megszulettem-poszter-ajandek-babaknak-ujszulot-ajandek-babaszobaba","favourite":false,"in_stock":false,"avatar":"panadesign_avatar_398004_1605705071.jpg","delete_from":0,"is_enhanced_background":false,"is_enhanced":false,"product_selection_started":false,"is_active":true,"image_webp_url":"https:\/\/www.meska.hu\/img\/product\/small\/p\/a\/panadesign_product_398004_210313165049_415557.webp"},{"id":"4071197","shop_id":"19751","user_id":"192651","shop_name":"CristalloDesign","shop_zip":"2483","product_code":"2477639","product_name_old":null,"product_name":"Meg\u00e9rkeztem baba poszter, sz\u00fclet\u00e9si adatok poszter, csillagjegyes k\u00e9p","category_string":"Baba - mama, Babaposzter, Babaszoba dekor\u00e1ci\u00f3","technic_string":"Fot\u00f3, grafika, rajz, illusztr\u00e1ci\u00f3","category_1":"1735","category_2":"1759","category_3":"1466","category_4":"0","merged_category_1":null,"merged_category_2":null,"merged_category_3":null,"technic_1":"483","technic_2":"0","technic_3":"0","color_1":"515","color_2":"521","color_3":"523","product_description_old":null,"product_description":"A baba nev\u00e9t, sz\u00fclet\u00e9si adatait \u00e9s csillagjegy\u00e9t tartalmaz\u00f3, kedves grafik\u00e1val illusztr\u00e1lt poszter. Remek aj\u00e1nd\u00e9k \u00fajsz\u00fcl\u00f6tteknek, korh\u00e1zb\u00f3l hazaj\u00f6vetelre, n\u00e9vnapra, keresztel\u0151re, kar\u00e1csonyra!  \n\nA fenti \u00e1r 1 db k\u00e9pre vonatkozik A\/4 m\u00e9retben, keret n\u00e9lk\u00fcl!  \n\nM\u00e9retek:    \n210 \u00d7 297 mm A\/4\n297 \u00d7 420 mm A\/3 \nPap\u00edr:     200 g matt pr\u00e9mium pap\u00edr\n\nK\u00e9rlek hogy a v\u00e1s\u00e1rl\u00e1s ut\u00e1n a poszteren tal\u00e1lhat\u00f3 sz\u00f6vegnek megfelel\u0151en k\u00fcldd el azokat az adatokat, amiket viszont szeretn\u00e9l l\u00e1tni a poszteren! (N\u00e9v, sz\u00fclet\u00e9s pontos id\u0151pontja, sz\u00fclet\u00e9si s\u00faly, m\u00e9ret)\n\nDIGIT\u00c1LIS V\u00c1LTOZATBAN IS MEGRENDELHETED!\nA posztert csak t\u00f6ltsd le, nyomtasd ki \u00e9s m\u00e1r aj\u00e1nd\u00e9kozhatod is.\n\n\u2605 t\u00f6ltsd le \u2605 nyomtasd ki \u2605 keretezd be \u2605 akaszd fel \u2605 ilyen egyszer\u0171!\n\nA posztereket nagy felbont\u00e1s\u00fa Jpg form\u00e1tumban elektronikusan k\u00fcld\u00f6m el\u0151re utal\u00e1st k\u00f6vet\u0151en. \n\nFIZIKAI TERM\u00c9K NEM KER\u00dcL POST\u00c1Z\u00c1SRA!\n\nA let\u00f6lthet\u0151, digit\u00e1lis k\u00e9p vagy poszter egyszer\u0171 \u00e9s megfizethet\u0151 m\u00f3dja annak, hogy egyediv\u00e9 var\u00e1zsold otthonod vagy irod\u00e1d bels\u0151 ter\u00e9t. Kinyomtathatod a k\u00e9peket otthon, vagy ak\u00e1r a helyi f\u00e9nym\u00e1sol\u00f3 \u00fczletben is.\n\nV\u00e1logass a t\u00f6bbi bababejelent\u0151 term\u00e9keim k\u00f6z\u00f6tt is, melyeket itt tal\u00e1lsz\nhttps:\/\/www.meska.hu\/shop\/Cristallodesign?s=76498\n\nA V\u00c1S\u00c1RL\u00c1S MENETE:  \n\n1. Tedd a megfelel\u0151 darabsz\u00e1mot a kosaradba, \u00e9s a v\u00e1s\u00e1rl\u00e1s ut\u00e1n k\u00fcldd el a r\u00e1\u00edrand\u00f3 sz\u00f6vegeket (esetleges egy\u00e9b k\u00e9r\u00e9seket) a megadott e-mail c\u00edmre. Erre a v\u00e1s\u00e1rl\u00e1s lead\u00e1sakor is van lehet\u0151s\u00e9ged a Kos\u00e1r oldalon. \n2. Hamarosan, 1-2 napon bel\u00fcl e-mailben megkapod a l\u00e1tv\u00e1nytervet az \u00e1ltalad k\u00fcld\u00f6tt sz\u00f6veggel (ha sz\u00fcks\u00e9ges, m\u00f3dos\u00edtani 2x van lehet\u0151s\u00e9ged).\n3. Amint v\u00e9gleges, \u00e1ltalad j\u00f3v\u00e1hagyott a terv, \u00e9s az \u00f6sszeg be\u00e9rkezett a banksz\u00e1ml\u00e1ra, akkor ker\u00fcl nyomd\u00e1ba a megrendelt term\u00e9k. Csak abban az esetben kezd\u0151dik meg a k\u00e9p nyomtat\u00e1sa, ha a teljes \u00f6sszeg be\u00e9rkezett a banksz\u00e1ml\u00e1ra.\n\n\nFONTOS!\n\n1. Az \u00e1r a k\u00e9pen l\u00e1that\u00f3 grafik\u00e1ra vonatkozik, szem\u00e9lyre szabott sz\u00f6veggel.\n2. Rendel\u00e9s lead\u00e1s ut\u00e1n e-mailben t\u00f6rt\u00e9nik a kommunik\u00e1ci\u00f3. \n3. Az \u00e1r a l\u00e1tv\u00e1nyterven 2 db sz\u00f6vegbeli m\u00f3dos\u00edt\u00e1st (el\u00edr\u00e1sok jav\u00edt\u00e1sa) tartalmaz, mely szint\u00e9n e-mailes \u00fczenetv\u00e1lt\u00e1sban t\u00f6rt\u00e9nik. K\u00e9rlek, hogy mindig alaposan olvasd \u00e9s n\u00e9zd \u00e1t a tervet!\n4. A l\u00e1tv\u00e1nyterv v\u00e9gleges j\u00f3v\u00e1hagy\u00e1sa \u00e9s a kifizet\u00e9s ut\u00e1n ker\u00fcl nyomd\u00e1ba az \u00e1ltalad megrendelt term\u00e9k. \u00c1tlagosan 7-10 munkanappal kell sz\u00e1molnod a term\u00e9k k\u00e9zhezv\u00e9tel\u00e9re. (kivitelez\u00e9s + sz\u00e1ll\u00edt\u00e1si id\u0151)\n5. Egyedi kivitelez\u00e9sre, a k\u00e9pen l\u00e1that\u00f3 tervt\u0151l elt\u00e9r\u0151 grafik\u00e1ra van lehet\u0151s\u00e9ged, el\u0151zetes egyeztet\u00e9s ut\u00e1n. \n\nA k\u00e9p matt 200 g min\u0151s\u00e9gi pap\u00edrra ker\u00fcl kinyomtat\u00e1sra az \u00e1ltalad kiv\u00e1lasztott m\u00e9retben.\n*A k\u00e9pen l\u00e1that\u00f3 dekor\u00e1ci\u00f3k nem k\u00e9pezik a term\u00e9k r\u00e9sz\u00e9t \n\nHa egyedi k\u00e9r\u00e9sed vagy k\u00e9rd\u00e9sed van, k\u00e9rlek k\u00fcldj \u00fczenetet. \nA k\u00fcl\u00f6nb\u00f6z\u0151 k\u00e9perny\u0151k k\u00fcl\u00f6nb\u00f6z\u0151 m\u00f3don jelen\u00edthetik meg a grafik\u00e1t, ez\u00e9rt kis m\u00e9rt\u00e9kben elt\u00e9rhet a k\u00e9perny\u0151n l\u00e1tott a nyomtatott v\u00e1ltozatt\u00f3l. \nA term\u00e9keim nagyobb t\u00e9telben is kaphat\u00f3k.  \n\nFIZET\u00c9S:  \n\nEl\u0151re utal\u00e1ssal vagy bankk\u00e1rty\u00e1val tudsz fizetni, az utal\u00e1shoz a v\u00e1s\u00e1rl\u00e1s ut\u00e1n megadott email c\u00edmre k\u00fcld\u00f6m az adatokat.\n\nSZERZ\u0150I JOG:\n\nFelh\u00edvom figyelmedet, hogy a term\u00e9keken tal\u00e1lhat\u00f3 grafika, valamint a hozz\u00e1 tartoz\u00f3 k\u00e9pek szerz\u0151i jogv\u00e9delem alatt \u00e1llnak \u00e9s a szerz\u0151i jog ide vonatkoz\u00f3 r\u00e9szei v\u00e9dik. A term\u00e9k megv\u00e1s\u00e1rl\u00e1s\u00e1val a grafika tulajdonjoga nem ker\u00fcl \u00e1t a v\u00e1s\u00e1rl\u00f3ra, az tov\u00e1bbra is az alkot\u00f3 tulajdon\u00e1t k\u00e9pezi, ez\u00e9rt az alkot\u00f3 tudt\u00e1n k\u00edv\u00fcl b\u00e1rmilyen felhaszn\u00e1l\u00e1sa \u00e9s sokszoros\u00edt\u00e1sa TILOS.","price":"1690.00","unit":"db","recommended":"0","status":"1","sponsored":"0","exp_notify":"0","own_material":"0","own_material_description_old":null,"own_material_description":"","jury":"0","jury_number":"","product_nature":"","meskaracsony":"0","create_date":"2026-02-19 08:09:10","shelve_id":"76498","image":"cristallodesign_product_192651_251020091415_639764.jpeg","image_width":"480","image_height":"360","image_alt":"Meg\u00e9rkeztem baba poszter, sz\u00fclet\u00e9si adatok poszter, csillagjegyes k\u00e9p, A baba nev\u00e9t, sz\u00fclet\u00e9si adatait \u00e9s csillagjegy\u00e9t tartalmaz\u00f3, kedves grafik\u00e1val illusztr\u00e1lt poszter. ..., Meska","image_title":"Meg\u00e9rkeztem baba poszter, sz\u00fclet\u00e9si adatok poszter, csillagjegyes k\u00e9p, Meska","view_count":"1066","favourite_count":"0","trending_score":"0","last2MonthFavouriteCount":"0","promotion":"0","giftcard_accept":"1","creditcard_accept":true,"enhanced_background":"0","domain":"meska","specific_customer_id":null,"specific_customer_name":null,"to_order_product":"1","to_order_product_time":"3","product_different":null,"product_different_description":"","vintage":"0","vintage_category_id":"0","recycled":"0","gemstone_id":"0","customizable":"1","type_category":"physical","zerowaste":"0","postage_price":"1290.00","shop_order":"264","has_category":"1","landing_pages":null,"microdata":{"number":68,"category":""},"title":"Meg\u00e9rkeztem baba poszter, sz\u00fclet\u00e9si adatok poszter, csillagjegyes k\u00e9p","description":"A baba nev\u00e9t, sz\u00fclet\u00e9si adatait \u00e9s csillagjegy\u00e9t tartalmaz\u00f3, kedves grafik\u00e1val illusztr\u00e1lt poszter. Remek aj\u00e1nd\u00e9k \u00fajsz\u00fcl\u00f6tteknek, korh\u00e1zb\u00f3l hazaj\u00f6vetelre, n\u00e9vnapra, keresztel\u0151re, kar\u00e1csonyra!  \n\nA fenti \u00e1r 1 db k\u00e9pre vonatkozik A\/4 m\u00e9retben, keret n\u00e9lk\u00fcl!  \n\nM\u00e9retek:    \n210 \u00d7 297 mm A\/4\n297 \u00d7 420 mm A\/3 \nPap\u00edr:     200 g matt pr\u00e9mium pap\u00edr\n\nK\u00e9rlek hogy a v\u00e1s\u00e1rl\u00e1s ut\u00e1n a poszteren tal\u00e1lhat\u00f3 sz\u00f6vegnek megfelel\u0151en k\u00fcldd el azokat az adatokat, amiket viszont szeretn\u00e9l l\u00e1tni a poszteren! (N\u00e9v, sz\u00fclet\u00e9s pontos id\u0151pontja, sz\u00fclet\u00e9si s\u00faly, m\u00e9ret)\n\nDIGIT\u00c1LIS V\u00c1LTOZATBAN IS MEGRENDELHETED!\nA posztert csak t\u00f6ltsd le, nyomtasd ki \u00e9s m\u00e1r aj\u00e1nd\u00e9kozhatod is.\n\n\u2605 t\u00f6ltsd le \u2605 nyomtasd ki \u2605 keretezd be \u2605 akaszd fel \u2605 ilyen egyszer\u0171!\n\nA posztereket nagy felbont\u00e1s\u00fa Jpg form\u00e1tumban elektronikusan k\u00fcld\u00f6m el\u0151re utal\u00e1st k\u00f6vet\u0151en. \n\nFIZIKAI TERM\u00c9K NEM KER\u00dcL POST\u00c1Z\u00c1SRA!\n\nA let\u00f6lthet\u0151, digit\u00e1lis k\u00e9p vagy poszter egyszer\u0171 \u00e9s megfizethet\u0151 m\u00f3dja annak, hogy egyediv\u00e9 var\u00e1zsold otthonod vagy irod\u00e1d bels\u0151 ter\u00e9t. Kinyomtathatod a k\u00e9peket otthon, vagy ak\u00e1r a helyi f\u00e9nym\u00e1sol\u00f3 \u00fczletben is.\n\nV\u00e1logass a t\u00f6bbi bababejelent\u0151 term\u00e9keim k\u00f6z\u00f6tt is, melyeket itt tal\u00e1lsz\nhttps:\/\/www.meska.hu\/shop\/Cristallodesign?s=76498\n\nA V\u00c1S\u00c1RL\u00c1S MENETE:  \n\n1. Tedd a megfelel\u0151 darabsz\u00e1mot a kosaradba, \u00e9s a v\u00e1s\u00e1rl\u00e1s ut\u00e1n k\u00fcldd el a r\u00e1\u00edrand\u00f3 sz\u00f6vegeket (esetleges egy\u00e9b k\u00e9r\u00e9seket) a megadott e-mail c\u00edmre. Erre a v\u00e1s\u00e1rl\u00e1s lead\u00e1sakor is van lehet\u0151s\u00e9ged a Kos\u00e1r oldalon. \n2. Hamarosan, 1-2 napon bel\u00fcl e-mailben megkapod a l\u00e1tv\u00e1nytervet az \u00e1ltalad k\u00fcld\u00f6tt sz\u00f6veggel (ha sz\u00fcks\u00e9ges, m\u00f3dos\u00edtani 2x van lehet\u0151s\u00e9ged).\n3. Amint v\u00e9gleges, \u00e1ltalad j\u00f3v\u00e1hagyott a terv, \u00e9s az \u00f6sszeg be\u00e9rkezett a banksz\u00e1ml\u00e1ra, akkor ker\u00fcl nyomd\u00e1ba a megrendelt term\u00e9k. Csak abban az esetben kezd\u0151dik meg a k\u00e9p nyomtat\u00e1sa, ha a teljes \u00f6sszeg be\u00e9rkezett a banksz\u00e1ml\u00e1ra.\n\n\nFONTOS!\n\n1. Az \u00e1r a k\u00e9pen l\u00e1that\u00f3 grafik\u00e1ra vonatkozik, szem\u00e9lyre szabott sz\u00f6veggel.\n2. Rendel\u00e9s lead\u00e1s ut\u00e1n e-mailben t\u00f6rt\u00e9nik a kommunik\u00e1ci\u00f3. \n3. Az \u00e1r a l\u00e1tv\u00e1nyterven 2 db sz\u00f6vegbeli m\u00f3dos\u00edt\u00e1st (el\u00edr\u00e1sok jav\u00edt\u00e1sa) tartalmaz, mely szint\u00e9n e-mailes \u00fczenetv\u00e1lt\u00e1sban t\u00f6rt\u00e9nik. K\u00e9rlek, hogy mindig alaposan olvasd \u00e9s n\u00e9zd \u00e1t a tervet!\n4. A l\u00e1tv\u00e1nyterv v\u00e9gleges j\u00f3v\u00e1hagy\u00e1sa \u00e9s a kifizet\u00e9s ut\u00e1n ker\u00fcl nyomd\u00e1ba az \u00e1ltalad megrendelt term\u00e9k. \u00c1tlagosan 7-10 munkanappal kell sz\u00e1molnod a term\u00e9k k\u00e9zhezv\u00e9tel\u00e9re. (kivitelez\u00e9s + sz\u00e1ll\u00edt\u00e1si id\u0151)\n5. Egyedi kivitelez\u00e9sre, a k\u00e9pen l\u00e1that\u00f3 tervt\u0151l elt\u00e9r\u0151 grafik\u00e1ra van lehet\u0151s\u00e9ged, el\u0151zetes egyeztet\u00e9s ut\u00e1n. \n\nA k\u00e9p matt 200 g min\u0151s\u00e9gi pap\u00edrra ker\u00fcl kinyomtat\u00e1sra az \u00e1ltalad kiv\u00e1lasztott m\u00e9retben.\n*A k\u00e9pen l\u00e1that\u00f3 dekor\u00e1ci\u00f3k nem k\u00e9pezik a term\u00e9k r\u00e9sz\u00e9t \n\nHa egyedi k\u00e9r\u00e9sed vagy k\u00e9rd\u00e9sed van, k\u00e9rlek k\u00fcldj \u00fczenetet. \nA k\u00fcl\u00f6nb\u00f6z\u0151 k\u00e9perny\u0151k k\u00fcl\u00f6nb\u00f6z\u0151 m\u00f3don jelen\u00edthetik meg a grafik\u00e1t, ez\u00e9rt kis m\u00e9rt\u00e9kben elt\u00e9rhet a k\u00e9perny\u0151n l\u00e1tott a nyomtatott v\u00e1ltozatt\u00f3l. \nA term\u00e9keim nagyobb t\u00e9telben is kaphat\u00f3k.  \n\nFIZET\u00c9S:  \n\nEl\u0151re utal\u00e1ssal vagy bankk\u00e1rty\u00e1val tudsz fizetni, az utal\u00e1shoz a v\u00e1s\u00e1rl\u00e1s ut\u00e1n megadott email c\u00edmre k\u00fcld\u00f6m az adatokat.\n\nSZERZ\u0150I JOG:\n\nFelh\u00edvom figyelmedet, hogy a term\u00e9keken tal\u00e1lhat\u00f3 grafika, valamint a hozz\u00e1 tartoz\u00f3 k\u00e9pek szerz\u0151i jogv\u00e9delem alatt \u00e1llnak \u00e9s a szerz\u0151i jog ide vonatkoz\u00f3 r\u00e9szei v\u00e9dik. A term\u00e9k megv\u00e1s\u00e1rl\u00e1s\u00e1val a grafika tulajdonjoga nem ker\u00fcl \u00e1t a v\u00e1s\u00e1rl\u00f3ra, az tov\u00e1bbra is az alkot\u00f3 tulajdon\u00e1t k\u00e9pezi, ez\u00e9rt az alkot\u00f3 tudt\u00e1n k\u00edv\u00fcl b\u00e1rmilyen felhaszn\u00e1l\u00e1sa \u00e9s sokszoros\u00edt\u00e1sa TILOS.","score":0,"formatted_price":"1 690 Ft","image_url":"https:\/\/www.meska.hu\/img\/product\/small\/c\/r\/cristallodesign_product_192651_251020091415_639764.jpeg","formatted_url":"https:\/\/www.meska.hu\/p2477639-h-betu-monogram-nevnapi-kep-gyerekszoba-kep-babaszoba-dekoracio-falikep-nevre-szolo","favourite":false,"in_stock":false,"avatar":"192651_avatar_1694586040.jpeg","delete_from":0,"is_enhanced_background":false,"is_enhanced":false,"product_selection_started":false,"is_active":true,"image_webp_url":"https:\/\/www.meska.hu\/img\/product\/small\/c\/r\/cristallodesign_product_192651_251020091415_639764.webp"},{"id":"6121563","shop_id":"51937","user_id":"772494","shop_name":"KiZsoM","shop_zip":"8089","product_code":"5736212","product_name_old":null,"product_name":" \ud83c\udf38 N\u00e9gy \u00e9vszak gyerek poszter \u2013 mes\u00e9s faldekor\u00e1ci\u00f3 gyerekszob\u00e1ba","category_string":"Baba - mama, Babaszoba dekor\u00e1ci\u00f3, Babaposzter","technic_string":"","category_1":"1735","category_2":"1466","category_3":"1759","category_4":"0","merged_category_1":null,"merged_category_2":null,"merged_category_3":null,"technic_1":"0","technic_2":"0","technic_3":"0","color_1":"514","color_2":"568","color_3":"526","product_description_old":null,"product_description":"\ud83c\udf38 N\u00e9gy \u00e9vszak gyerek poszter \u2013 mes\u00e9s faldekor\u00e1ci\u00f3 gyerekszob\u00e1ba\n\nVar\u00e1zsold mesebeli hangulat\u00fav\u00e1 a gyerekszob\u00e1t ezzel a b\u00e1jos, n\u00e9gy \u00e9vszakot bemutat\u00f3 illusztr\u00e1ci\u00f3val! \ud83c\udf42\u2744\ufe0f\ud83c\udf37\u2600\ufe0f\n\nA poszter finom akvarell st\u00edlusban mutatja be az \u0151sz, t\u00e9l, tavasz \u00e9s ny\u00e1r sz\u00e9ps\u00e9g\u00e9t \u2013 \u00edgy nemcsak dekor\u00e1ci\u00f3, hanem j\u00e1t\u00e9kos tanul\u00e1si lehet\u0151s\u00e9g is a kicsik sz\u00e1m\u00e1ra.\n\n\u2714 Meghitt, pasztell sz\u00ednek \u2013 nyugodt, harmonikus hangulat\n\u2714 Fejleszt\u0151 jelleg\u0171 \u2013 seg\u00edt megismerni az \u00e9vszakokat\n\u2714 Id\u0151t\u00e1ll\u00f3 design \u2013 babaszob\u00e1ba \u00e9s nagyobb gyerekeknek is t\u00f6k\u00e9letes\n\u2714 Aj\u00e1nd\u00e9knak is ide\u00e1lis (sz\u00fclet\u00e9snapra, keresztel\u0151re ,babav\u00e1r\u00f3ra)\n\nT\u00f6k\u00e9letes v\u00e1laszt\u00e1s:\n\n\u2013 Gyerekszob\u00e1ba\n\u2013 \u00d3vodai dekor\u00e1ci\u00f3nak\n\u2013 Montessori inspir\u00e1lt k\u00f6rnyezetbe\n\u2013 Keresztel\u0151i vagy babal\u00e1togat\u00f3 aj\u00e1nd\u00e9knak\n\nEgy\u00e9b tudnival\u00f3k:\n-az \u00e1r nem tartalmazza a keretet \n-min\u0151s\u00e9gi matt pap\u00edrra nyomtatva \n-megv\u00e1s\u00e1rolt term\u00e9ken a v\u00edzjel nem l\u00e1that\u00f3 \n-3 m\u00e9retben kaphat\u00f3: \n\nA4 (21\u00d729,7 cm): 6.990 Ft \n\nA3 (29,7\u00d742 cm): 8.990 Ft \n\n40x60: 11.990 Ft ","price":"8990.00","unit":"db","recommended":"0","status":"1","sponsored":"0","exp_notify":"0","own_material":"0","own_material_description_old":null,"own_material_description":"","jury":"0","jury_number":"","product_nature":"","meskaracsony":"0","create_date":"2026-02-18 20:57:12","shelve_id":"0","image":"kizsom_product_772494_260219074116_24267.png","image_width":"480","image_height":"679","image_alt":" \ud83c\udf38 N\u00e9gy \u00e9vszak gyerek poszter \u2013 mes\u00e9s faldekor\u00e1ci\u00f3 gyerekszob\u00e1ba, \ud83c\udf38 N\u00e9gy \u00e9vszak gyerek poszter \u2013 mes\u00e9s faldekor\u00e1ci\u00f3 gyerekszob\u00e1ba\\n\\nVar\u00e1zsold mesebeli hangulat\u00fav\u00e1 a gy..., Meska","image_title":" \ud83c\udf38 N\u00e9gy \u00e9vszak gyerek poszter \u2013 mes\u00e9s faldekor\u00e1ci\u00f3 gyerekszob\u00e1ba, Meska","view_count":"78","favourite_count":"0","trending_score":"0","last2MonthFavouriteCount":"0","promotion":"0","giftcard_accept":"0","creditcard_accept":true,"enhanced_background":"0","domain":"meska","specific_customer_id":null,"specific_customer_name":null,"to_order_product":"1","to_order_product_time":"2","product_different":null,"product_different_description":"","vintage":"0","vintage_category_id":"0","recycled":"0","gemstone_id":"0","customizable":"0","type_category":"physical","zerowaste":"0","postage_price":"1290.00","shop_order":"0","has_category":"1","landing_pages":null,"microdata":{"number":69,"category":""},"title":" \ud83c\udf38 N\u00e9gy \u00e9vszak gyerek poszter \u2013 mes\u00e9s faldekor\u00e1ci\u00f3 gyerekszob\u00e1ba","description":"\ud83c\udf38 N\u00e9gy \u00e9vszak gyerek poszter \u2013 mes\u00e9s faldekor\u00e1ci\u00f3 gyerekszob\u00e1ba\n\nVar\u00e1zsold mesebeli hangulat\u00fav\u00e1 a gyerekszob\u00e1t ezzel a b\u00e1jos, n\u00e9gy \u00e9vszakot bemutat\u00f3 illusztr\u00e1ci\u00f3val! \ud83c\udf42\u2744\ufe0f\ud83c\udf37\u2600\ufe0f\n\nA poszter finom akvarell st\u00edlusban mutatja be az \u0151sz, t\u00e9l, tavasz \u00e9s ny\u00e1r sz\u00e9ps\u00e9g\u00e9t \u2013 \u00edgy nemcsak dekor\u00e1ci\u00f3, hanem j\u00e1t\u00e9kos tanul\u00e1si lehet\u0151s\u00e9g is a kicsik sz\u00e1m\u00e1ra.\n\n\u2714 Meghitt, pasztell sz\u00ednek \u2013 nyugodt, harmonikus hangulat\n\u2714 Fejleszt\u0151 jelleg\u0171 \u2013 seg\u00edt megismerni az \u00e9vszakokat\n\u2714 Id\u0151t\u00e1ll\u00f3 design \u2013 babaszob\u00e1ba \u00e9s nagyobb gyerekeknek is t\u00f6k\u00e9letes\n\u2714 Aj\u00e1nd\u00e9knak is ide\u00e1lis (sz\u00fclet\u00e9snapra, keresztel\u0151re ,babav\u00e1r\u00f3ra)\n\nT\u00f6k\u00e9letes v\u00e1laszt\u00e1s:\n\n\u2013 Gyerekszob\u00e1ba\n\u2013 \u00d3vodai dekor\u00e1ci\u00f3nak\n\u2013 Montessori inspir\u00e1lt k\u00f6rnyezetbe\n\u2013 Keresztel\u0151i vagy babal\u00e1togat\u00f3 aj\u00e1nd\u00e9knak\n\nEgy\u00e9b tudnival\u00f3k:\n-az \u00e1r nem tartalmazza a keretet \n-min\u0151s\u00e9gi matt pap\u00edrra nyomtatva \n-megv\u00e1s\u00e1rolt term\u00e9ken a v\u00edzjel nem l\u00e1that\u00f3 \n-3 m\u00e9retben kaphat\u00f3: \n\nA4 (21\u00d729,7 cm): 6.990 Ft \n\nA3 (29,7\u00d742 cm): 8.990 Ft \n\n40x60: 11.990 Ft ","score":0,"formatted_price":"8 990 Ft","image_url":"https:\/\/www.meska.hu\/img\/product\/small\/k\/i\/kizsom_product_772494_260219074116_24267.png","formatted_url":"https:\/\/www.meska.hu\/p5736212-gyerek-baba-poszter","favourite":false,"in_stock":false,"avatar":"772494_avatar_1771435084.png","delete_from":0,"is_enhanced_background":false,"is_enhanced":false,"product_selection_started":false,"is_active":true,"image_webp_url":"https:\/\/www.meska.hu\/img\/product\/small\/k\/i\/kizsom_product_772494_260219074116_24267.webp"},{"id":"6121558","shop_id":"51937","user_id":"772494","shop_name":"KiZsoM","shop_zip":"8089","product_code":"5736209","product_name_old":null,"product_name":"\ud83d\udcda Magyar ABC falik\u00e9p gyerekeknek \u2013 Illusztr\u00e1lt \u00e1b\u00e9c\u00e9 poszter","category_string":"Baba - mama, Babaszoba dekor\u00e1ci\u00f3, Babaposzter","technic_string":"","category_1":"1735","category_2":"1466","category_3":"1759","category_4":"0","merged_category_1":null,"merged_category_2":null,"merged_category_3":null,"technic_1":"0","technic_2":"0","technic_3":"0","color_1":"521","color_2":"525","color_3":"529","product_description_old":null,"product_description":"Tedd j\u00e1t\u00e9koss\u00e1 a bet\u0171tanul\u00e1st ezzel a kedves, illusztr\u00e1lt magyar ABC poszterrel! \ud83d\udc9b\n\nEz a vid\u00e1m, m\u00e9gis letisztult falik\u00e9p a teljes magyar \u00e1b\u00e9c\u00e9t tartalmazza, minden bet\u0171h\u00f6z egy szerethet\u0151 rajzzal \u2013 \u00edgy a tanul\u00e1s term\u00e9szetesen, j\u00e1t\u00e9k k\u00f6zben t\u00f6rt\u00e9nik.\n\nMi\u00e9rt k\u00fcl\u00f6nleges?\n\n\u2714 A teljes magyar ABC (\u00e9kezetes bet\u0171kkel is)\n\u2714 Minden bet\u0171h\u00f6z egy k\u00f6nnyen felismerhet\u0151 illusztr\u00e1ci\u00f3\n\u2714 Letisztult, harmonikus design \u2013 nem t\u00falzs\u00fafolt\n\u2714 Fi\u00faknak \u00e9s l\u00e1nyoknak is t\u00f6k\u00e9letes\n\u2714 Tanul\u00e1st seg\u00edt\u0151, m\u00e9gis dekorat\u00edv\n\nIde\u00e1lis:\n\n\u2013 \u00d3vod\u00e1s \u00e9s kisiskol\u00e1s gyerekeknek\n\u2013 Gyerekszob\u00e1ba faldekor\u00e1ci\u00f3nak\n\u2013 Montessori inspir\u00e1lt k\u00f6rnyezetbe\n\u2013 Aj\u00e1nd\u00e9knak (ovis ballag\u00e1s, sz\u00fclet\u00e9snap, iskolakezd\u00e9s)\n\nA kedves rajzok seg\u00edtik:\n\ud83e\udde0 a bet\u0171felismer\u00e9st\n\ud83d\udc40 a vizu\u00e1lis mem\u00f3ri\u00e1t\n\ud83d\udde3 a sz\u00f3kincsb\u0151v\u00edt\u00e9st\n\nEz nem csak egy poszter \u2013 hanem egy j\u00e1t\u00e9kos tanul\u00e1si eszk\u00f6z, ami nap mint nap a falon van.\n\nEgy\u00e9b tudnival\u00f3k:\n-az \u00e1r nem tartalmazza a keretet \n-min\u0151s\u00e9gi matt pap\u00edrra nyomtatva \n-megv\u00e1s\u00e1rolt term\u00e9ken a v\u00edzjel nem l\u00e1that\u00f3 \n-3 m\u00e9retben kaphat\u00f3:\n\nA4 (21\u00d729,7 cm): 6.990 Ft \n\nA3 (29,7\u00d742 cm): 8.990 Ft \n\n40x60: 11.990 Ft \n","price":"8990.00","unit":"db","recommended":"0","status":"1","sponsored":"0","exp_notify":"0","own_material":"0","own_material_description_old":null,"own_material_description":"","jury":"0","jury_number":"","product_nature":"","meskaracsony":"0","create_date":"2026-02-18 20:52:56","shelve_id":"0","image":"kizsom_product_772494_260219074140_190797.png","image_width":"480","image_height":"679","image_alt":"\ud83d\udcda Magyar ABC falik\u00e9p gyerekeknek \u2013 Illusztr\u00e1lt \u00e1b\u00e9c\u00e9 poszter, Tedd j\u00e1t\u00e9koss\u00e1 a bet\u0171tanul\u00e1st ezzel a kedves, illusztr\u00e1lt magyar ABC poszterrel! \ud83d\udc9b\\n\\nEz a vid\u00e1m, m\u00e9gi..., Meska","image_title":"\ud83d\udcda Magyar ABC falik\u00e9p gyerekeknek \u2013 Illusztr\u00e1lt \u00e1b\u00e9c\u00e9 poszter, Meska","view_count":"171","favourite_count":"2","trending_score":"0","last2MonthFavouriteCount":"2","promotion":"0","giftcard_accept":"0","creditcard_accept":true,"enhanced_background":"0","domain":"meska","specific_customer_id":null,"specific_customer_name":null,"to_order_product":"1","to_order_product_time":"2","product_different":null,"product_different_description":"","vintage":"0","vintage_category_id":"0","recycled":"0","gemstone_id":"0","customizable":"0","type_category":"physical","zerowaste":"0","postage_price":"1290.00","shop_order":"0","has_category":"1","landing_pages":null,"microdata":{"number":70,"category":""},"title":"\ud83d\udcda Magyar ABC falik\u00e9p gyerekeknek \u2013 Illusztr\u00e1lt \u00e1b\u00e9c\u00e9 poszter","description":"Tedd j\u00e1t\u00e9koss\u00e1 a bet\u0171tanul\u00e1st ezzel a kedves, illusztr\u00e1lt magyar ABC poszterrel! \ud83d\udc9b\n\nEz a vid\u00e1m, m\u00e9gis letisztult falik\u00e9p a teljes magyar \u00e1b\u00e9c\u00e9t tartalmazza, minden bet\u0171h\u00f6z egy szerethet\u0151 rajzzal \u2013 \u00edgy a tanul\u00e1s term\u00e9szetesen, j\u00e1t\u00e9k k\u00f6zben t\u00f6rt\u00e9nik.\n\nMi\u00e9rt k\u00fcl\u00f6nleges?\n\n\u2714 A teljes magyar ABC (\u00e9kezetes bet\u0171kkel is)\n\u2714 Minden bet\u0171h\u00f6z egy k\u00f6nnyen felismerhet\u0151 illusztr\u00e1ci\u00f3\n\u2714 Letisztult, harmonikus design \u2013 nem t\u00falzs\u00fafolt\n\u2714 Fi\u00faknak \u00e9s l\u00e1nyoknak is t\u00f6k\u00e9letes\n\u2714 Tanul\u00e1st seg\u00edt\u0151, m\u00e9gis dekorat\u00edv\n\nIde\u00e1lis:\n\n\u2013 \u00d3vod\u00e1s \u00e9s kisiskol\u00e1s gyerekeknek\n\u2013 Gyerekszob\u00e1ba faldekor\u00e1ci\u00f3nak\n\u2013 Montessori inspir\u00e1lt k\u00f6rnyezetbe\n\u2013 Aj\u00e1nd\u00e9knak (ovis ballag\u00e1s, sz\u00fclet\u00e9snap, iskolakezd\u00e9s)\n\nA kedves rajzok seg\u00edtik:\n\ud83e\udde0 a bet\u0171felismer\u00e9st\n\ud83d\udc40 a vizu\u00e1lis mem\u00f3ri\u00e1t\n\ud83d\udde3 a sz\u00f3kincsb\u0151v\u00edt\u00e9st\n\nEz nem csak egy poszter \u2013 hanem egy j\u00e1t\u00e9kos tanul\u00e1si eszk\u00f6z, ami nap mint nap a falon van.\n\nEgy\u00e9b tudnival\u00f3k:\n-az \u00e1r nem tartalmazza a keretet \n-min\u0151s\u00e9gi matt pap\u00edrra nyomtatva \n-megv\u00e1s\u00e1rolt term\u00e9ken a v\u00edzjel nem l\u00e1that\u00f3 \n-3 m\u00e9retben kaphat\u00f3:\n\nA4 (21\u00d729,7 cm): 6.990 Ft \n\nA3 (29,7\u00d742 cm): 8.990 Ft \n\n40x60: 11.990 Ft \n","score":0,"formatted_price":"8 990 Ft","image_url":"https:\/\/www.meska.hu\/img\/product\/small\/k\/i\/kizsom_product_772494_260219074140_190797.png","formatted_url":"https:\/\/www.meska.hu\/p5736209-gyerek-baba-poszter","favourite":false,"in_stock":false,"avatar":"772494_avatar_1771435084.png","delete_from":0,"is_enhanced_background":false,"is_enhanced":false,"product_selection_started":false,"is_active":true,"image_webp_url":"https:\/\/www.meska.hu\/img\/product\/small\/k\/i\/kizsom_product_772494_260219074140_190797.webp"},{"id":"6121544","shop_id":"51937","user_id":"772494","shop_name":"KiZsoM","shop_zip":"8089","product_code":"5736200","product_name_old":null,"product_name":"\ud83c\udf08 A h\u00e9t napjai  gyerek falik\u00e9p  Pasztell oktat\u00f3 poszter","category_string":"Baba - mama, Babaszoba dekor\u00e1ci\u00f3, Babaposzter","technic_string":"Pap\u00edrm\u0171v\u00e9szet","category_1":"1735","category_2":"1466","category_3":"1759","category_4":"0","merged_category_1":null,"merged_category_2":null,"merged_category_3":null,"technic_1":"497","technic_2":"0","technic_3":"0","color_1":"521","color_2":"522","color_3":"526","product_description_old":null,"product_description":"Seg\u00edts gyermekednek j\u00e1t\u00e9kosan megtanulni a h\u00e9t napjait ezzel a kedves, pasztell sz\u00edn\u0171 falik\u00e9ppel! \ud83d\udc9b\n\nLetisztult, modern design, amely egyszerre dekor\u00e1ci\u00f3 \u00e9s fejleszt\u0151 eszk\u00f6z \u2013 t\u00f6k\u00e9letes v\u00e1laszt\u00e1s gyerekszob\u00e1ba vagy \u00f3vodai k\u00f6rnyezetbe.\n\nMi\u00e9rt fogj\u00e1k szeretni ?\n\n\u2714 Seg\u00edti az id\u0151beli t\u00e1j\u00e9koz\u00f3d\u00e1st\n\u2714 T\u00e1mogatja a napi rutin kialak\u00edt\u00e1s\u00e1t\n\u2714 Harmonikus, nyugodt sz\u00ednek\n\u2714 Fi\u00faknak \u00e9s l\u00e1nyoknak is ide\u00e1lis\n\u2714 Minimalista, modern st\u00edlus\n\nA sz\u00ednes, ecsethat\u00e1s\u00fa h\u00e1tterek j\u00e1t\u00e9koss\u00e1 teszik a tanul\u00e1st, mik\u00f6zben nem terhelik t\u00fal vizu\u00e1lisan a gyerekszob\u00e1t.\n\n Egy\u00e9b tudnival\u00f3k:\n-az \u00e1r nem tartalmazza a keretet \n-min\u0151s\u00e9gi matt pap\u00edrra nyomtatva \n-megv\u00e1s\u00e1rolt term\u00e9ken a v\u00edzjel nem l\u00e1that\u00f3 \n-3 m\u00e9retben kaphat\u00f3:\n\nA4 (21\u00d729,7 cm): 5.450 Ft \n\nA3 (29,7\u00d742 cm): 7.450 Ft \n\n40x60: 10.450 Ft \n","price":"7450.00","unit":"db","recommended":"0","status":"1","sponsored":"0","exp_notify":"0","own_material":"0","own_material_description_old":null,"own_material_description":"","jury":"0","jury_number":"","product_nature":"","meskaracsony":"0","create_date":"2026-02-18 20:39:40","shelve_id":"0","image":"kizsom_product_772494_260219074239_846481.png","image_width":"480","image_height":"679","image_alt":"\ud83c\udf08 A h\u00e9t napjai  gyerek falik\u00e9p  Pasztell oktat\u00f3 poszter, Seg\u00edts gyermekednek j\u00e1t\u00e9kosan megtanulni a h\u00e9t napjait ezzel a kedves, pasztell sz\u00edn\u0171 falik\u00e9ppel! \ud83d\udc9b\\n..., Meska","image_title":"\ud83c\udf08 A h\u00e9t napjai  gyerek falik\u00e9p  Pasztell oktat\u00f3 poszter, Meska","view_count":"77","favourite_count":"1","trending_score":"0","last2MonthFavouriteCount":"0","promotion":"0","giftcard_accept":"0","creditcard_accept":true,"enhanced_background":"0","domain":"meska","specific_customer_id":null,"specific_customer_name":null,"to_order_product":"1","to_order_product_time":"2","product_different":null,"product_different_description":"","vintage":"0","vintage_category_id":"0","recycled":"0","gemstone_id":"0","customizable":"0","type_category":"physical","zerowaste":"0","postage_price":"1290.00","shop_order":"0","has_category":"1","landing_pages":null,"microdata":{"number":71,"category":""},"title":"\ud83c\udf08 A h\u00e9t napjai  gyerek falik\u00e9p  Pasztell oktat\u00f3 poszter","description":"Seg\u00edts gyermekednek j\u00e1t\u00e9kosan megtanulni a h\u00e9t napjait ezzel a kedves, pasztell sz\u00edn\u0171 falik\u00e9ppel! \ud83d\udc9b\n\nLetisztult, modern design, amely egyszerre dekor\u00e1ci\u00f3 \u00e9s fejleszt\u0151 eszk\u00f6z \u2013 t\u00f6k\u00e9letes v\u00e1laszt\u00e1s gyerekszob\u00e1ba vagy \u00f3vodai k\u00f6rnyezetbe.\n\nMi\u00e9rt fogj\u00e1k szeretni ?\n\n\u2714 Seg\u00edti az id\u0151beli t\u00e1j\u00e9koz\u00f3d\u00e1st\n\u2714 T\u00e1mogatja a napi rutin kialak\u00edt\u00e1s\u00e1t\n\u2714 Harmonikus, nyugodt sz\u00ednek\n\u2714 Fi\u00faknak \u00e9s l\u00e1nyoknak is ide\u00e1lis\n\u2714 Minimalista, modern st\u00edlus\n\nA sz\u00ednes, ecsethat\u00e1s\u00fa h\u00e1tterek j\u00e1t\u00e9koss\u00e1 teszik a tanul\u00e1st, mik\u00f6zben nem terhelik t\u00fal vizu\u00e1lisan a gyerekszob\u00e1t.\n\n Egy\u00e9b tudnival\u00f3k:\n-az \u00e1r nem tartalmazza a keretet \n-min\u0151s\u00e9gi matt pap\u00edrra nyomtatva \n-megv\u00e1s\u00e1rolt term\u00e9ken a v\u00edzjel nem l\u00e1that\u00f3 \n-3 m\u00e9retben kaphat\u00f3:\n\nA4 (21\u00d729,7 cm): 5.450 Ft \n\nA3 (29,7\u00d742 cm): 7.450 Ft \n\n40x60: 10.450 Ft \n","score":0,"formatted_price":"7 450 Ft","image_url":"https:\/\/www.meska.hu\/img\/product\/small\/k\/i\/kizsom_product_772494_260219074239_846481.png","formatted_url":"https:\/\/www.meska.hu\/p5736200-gyermek-baba-poszter","favourite":false,"in_stock":false,"avatar":"772494_avatar_1771435084.png","delete_from":0,"is_enhanced_background":false,"is_enhanced":false,"product_selection_started":false,"is_active":true,"image_webp_url":"https:\/\/www.meska.hu\/img\/product\/small\/k\/i\/kizsom_product_772494_260219074239_846481.webp"},{"id":"6121538","shop_id":"51937","user_id":"772494","shop_name":"KiZsoM","shop_zip":"8089","product_code":"5736194","product_name_old":null,"product_name":"\u2600\ufe0f Id\u0151j\u00e1r\u00e1s gyerek poszter  Tanulj j\u00e1t\u00e9kosan a term\u00e9szetr\u0151l","category_string":"Baba - mama, Babaszoba dekor\u00e1ci\u00f3, Babaposzter","technic_string":"","category_1":"1735","category_2":"1466","category_3":"1759","category_4":"0","merged_category_1":null,"merged_category_2":null,"merged_category_3":null,"technic_1":"0","technic_2":"0","technic_3":"0","color_1":"521","color_2":"523","color_3":"526","product_description_old":null,"product_description":"Seg\u00edts gyermekednek megismerni az id\u0151j\u00e1r\u00e1s jelens\u00e9geit ezzel a kedves, akvarell st\u00edlus\u00fa falik\u00e9ppel! \ud83c\udf08\n\nA bar\u00e1ts\u00e1gos illusztr\u00e1ci\u00f3k \u00e9s finom pasztell sz\u00ednek j\u00e1t\u00e9koss\u00e1 teszik a tanul\u00e1st, mik\u00f6zben harmonikusan illeszkednek a gyerekszoba dekor\u00e1ci\u00f3j\u00e1hoz.\n\nA poszteren szerepel:\n\n\u2600\ufe0f Napos\n\ud83c\udf27 Es\u0151s\n\ud83c\udf08 Sziv\u00e1rv\u00e1ny\n\ud83c\udf2a Torn\u00e1d\u00f3\n\ud83c\udf24 R\u00e9szben felh\u0151s\n\ud83d\udca8 Szeles\n\u2601\ufe0f Felh\u0151s\n\u26c8 Viharos\n\u2744\ufe0f Havas\n\n\u2e3b\n\nMi\u00e9rt fogj\u00e1k szeretni?\n\n\u2714 Seg\u00edti az id\u0151j\u00e1r\u00e1ssal kapcsolatos sz\u00f3kincs fejl\u0151d\u00e9s\u00e9t\n\u2714 T\u00e1mogatja a megfigyel\u00e9st \u00e9s a mindennapi besz\u00e9lget\u00e9seket\n\u2714 \u00d3vod\u00e1s \u00e9s kisiskol\u00e1s koroszt\u00e1lynak ide\u00e1lis\n\u2714 Letisztult, m\u00e9gis vid\u00e1m design\n\u2714 Dekor\u00e1ci\u00f3 \u00e9s fejleszt\u0151 eszk\u00f6z egyben\n\nT\u00f6k\u00e9letes reggeli rutin mell\u00e9: n\u00e9zzetek ki az ablakon, \u00e9s v\u00e1lassz\u00e1tok ki egy\u00fctt, milyen az id\u0151! \ud83d\udc9b\n\nEgy\u00e9b tudnival\u00f3k:\n-az \u00e1r nem tartalmazza a keretet \n-min\u0151s\u00e9gi matt pap\u00edrra nyomtatva \n-megv\u00e1s\u00e1rolt term\u00e9ken a v\u00edzjel nem l\u00e1that\u00f3 \n-3 m\u00e9retben kaphat\u00f3:\n\nA4 (21\u00d729,7 cm): 5.450 Ft \n\nA3 (29,7\u00d742 cm): 7.450 Ft \n\n40x60: 10.450 Ft \n","price":"7450.00","unit":"db","recommended":"0","status":"1","sponsored":"0","exp_notify":"0","own_material":"0","own_material_description_old":null,"own_material_description":"","jury":"0","jury_number":"","product_nature":"","meskaracsony":"0","create_date":"2026-02-18 20:34:57","shelve_id":"0","image":"kizsom_product_772494_260219074312_278427.png","image_width":"480","image_height":"679","image_alt":"\u2600\ufe0f Id\u0151j\u00e1r\u00e1s gyerek poszter  Tanulj j\u00e1t\u00e9kosan a term\u00e9szetr\u0151l, Seg\u00edts gyermekednek megismerni az id\u0151j\u00e1r\u00e1s jelens\u00e9geit ezzel a kedves, akvarell st\u00edlus\u00fa falik\u00e9ppel! ..., Meska","image_title":"\u2600\ufe0f Id\u0151j\u00e1r\u00e1s gyerek poszter  Tanulj j\u00e1t\u00e9kosan a term\u00e9szetr\u0151l, Meska","view_count":"79","favourite_count":"1","trending_score":"0","last2MonthFavouriteCount":"1","promotion":"0","giftcard_accept":"0","creditcard_accept":true,"enhanced_background":"0","domain":"meska","specific_customer_id":null,"specific_customer_name":null,"to_order_product":"1","to_order_product_time":"2","product_different":null,"product_different_description":"","vintage":"0","vintage_category_id":"0","recycled":"0","gemstone_id":"0","customizable":"0","type_category":"physical","zerowaste":"0","postage_price":"1290.00","shop_order":"0","has_category":"1","landing_pages":null,"microdata":{"number":72,"category":""},"title":"\u2600\ufe0f Id\u0151j\u00e1r\u00e1s gyerek poszter  Tanulj j\u00e1t\u00e9kosan a term\u00e9szetr\u0151l","description":"Seg\u00edts gyermekednek megismerni az id\u0151j\u00e1r\u00e1s jelens\u00e9geit ezzel a kedves, akvarell st\u00edlus\u00fa falik\u00e9ppel! \ud83c\udf08\n\nA bar\u00e1ts\u00e1gos illusztr\u00e1ci\u00f3k \u00e9s finom pasztell sz\u00ednek j\u00e1t\u00e9koss\u00e1 teszik a tanul\u00e1st, mik\u00f6zben harmonikusan illeszkednek a gyerekszoba dekor\u00e1ci\u00f3j\u00e1hoz.\n\nA poszteren szerepel:\n\n\u2600\ufe0f Napos\n\ud83c\udf27 Es\u0151s\n\ud83c\udf08 Sziv\u00e1rv\u00e1ny\n\ud83c\udf2a Torn\u00e1d\u00f3\n\ud83c\udf24 R\u00e9szben felh\u0151s\n\ud83d\udca8 Szeles\n\u2601\ufe0f Felh\u0151s\n\u26c8 Viharos\n\u2744\ufe0f Havas\n\n\u2e3b\n\nMi\u00e9rt fogj\u00e1k szeretni?\n\n\u2714 Seg\u00edti az id\u0151j\u00e1r\u00e1ssal kapcsolatos sz\u00f3kincs fejl\u0151d\u00e9s\u00e9t\n\u2714 T\u00e1mogatja a megfigyel\u00e9st \u00e9s a mindennapi besz\u00e9lget\u00e9seket\n\u2714 \u00d3vod\u00e1s \u00e9s kisiskol\u00e1s koroszt\u00e1lynak ide\u00e1lis\n\u2714 Letisztult, m\u00e9gis vid\u00e1m design\n\u2714 Dekor\u00e1ci\u00f3 \u00e9s fejleszt\u0151 eszk\u00f6z egyben\n\nT\u00f6k\u00e9letes reggeli rutin mell\u00e9: n\u00e9zzetek ki az ablakon, \u00e9s v\u00e1lassz\u00e1tok ki egy\u00fctt, milyen az id\u0151! \ud83d\udc9b\n\nEgy\u00e9b tudnival\u00f3k:\n-az \u00e1r nem tartalmazza a keretet \n-min\u0151s\u00e9gi matt pap\u00edrra nyomtatva \n-megv\u00e1s\u00e1rolt term\u00e9ken a v\u00edzjel nem l\u00e1that\u00f3 \n-3 m\u00e9retben kaphat\u00f3:\n\nA4 (21\u00d729,7 cm): 5.450 Ft \n\nA3 (29,7\u00d742 cm): 7.450 Ft \n\n40x60: 10.450 Ft \n","score":0,"formatted_price":"7 450 Ft","image_url":"https:\/\/www.meska.hu\/img\/product\/small\/k\/i\/kizsom_product_772494_260219074312_278427.png","formatted_url":"https:\/\/www.meska.hu\/p5736194-gyerek-baba-poszter","favourite":false,"in_stock":false,"avatar":"772494_avatar_1771435084.png","delete_from":0,"is_enhanced_background":false,"is_enhanced":false,"product_selection_started":false,"is_active":true,"image_webp_url":"https:\/\/www.meska.hu\/img\/product\/small\/k\/i\/kizsom_product_772494_260219074312_278427.webp"},{"id":"6121518","shop_id":"51937","user_id":"772494","shop_name":"KiZsoM","shop_zip":"8089","product_code":"5736183","product_name_old":null,"product_name":"\ud83d\udd22 1\u201310 Sz\u00e1mol\u00f3s gyerek poszter \u2013 Tanulj j\u00e1t\u00e9kosan","category_string":"Baba - mama, Babaszoba dekor\u00e1ci\u00f3, Babaposzter","technic_string":"Pap\u00edrm\u0171v\u00e9szet","category_1":"1735","category_2":"1466","category_3":"1759","category_4":"0","merged_category_1":null,"merged_category_2":null,"merged_category_3":null,"technic_1":"497","technic_2":"0","technic_3":"0","color_1":"1474","color_2":"521","color_3":"522","product_description_old":null,"product_description":"Tedd \u00e9lm\u00e9nny\u00e9 a sz\u00e1mol\u00e1st ezzel a b\u00e1jos, akvarell st\u00edlus\u00fa sz\u00e1mol\u00f3s falik\u00e9ppel! \ud83e\udd81\ud83d\udc1d\ud83d\udc2c\n\nA 1-t\u0151l 10-ig terjed\u0151 sz\u00e1mokat aranyos \u00e1llatok \u00e9s kedves illusztr\u00e1ci\u00f3k seg\u00edtenek meg\u00e9rteni \u2013 \u00edgy a tanul\u00e1s term\u00e9szetesen, j\u00e1t\u00e9k k\u00f6zben t\u00f6rt\u00e9nik.\n\nMit tartalmaz?\n\n\u2714 Sz\u00e1mok 1\u201310\n\u2714 Minden sz\u00e1mhoz a mennyis\u00e9get megjelen\u00edt\u0151 illusztr\u00e1ci\u00f3\n\u2714 Vid\u00e1m, m\u00e9gis harmonikus pasztell sz\u00ednek\n\u2714 Letisztult, modern design\n\nA kedves \u00e1llatok (zsir\u00e1f, elef\u00e1nt, oroszl\u00e1n, delfin, m\u00e9hecske, pillang\u00f3, mad\u00e1rka stb.) seg\u00edtik a vizu\u00e1lis mem\u00f3ri\u00e1t \u00e9s a mennyis\u00e9gek meg\u00e9rt\u00e9s\u00e9t.\n\nMi\u00e9rt fogj\u00e1k szeretni ?\n\n\ud83e\udde0 Fejleszti a sz\u00e1mfogalmat\n\ud83d\udc40 T\u00e1mogatja a vizu\u00e1lis tanul\u00e1st\n\ud83c\udfa8 Dekor\u00e1ci\u00f3 \u00e9s oktat\u00f3 eszk\u00f6z egyben\n\ud83d\udc9b \u00d3vod\u00e1s \u00e9s kisiskol\u00e1s koroszt\u00e1lynak ide\u00e1lis\n\nT\u00f6k\u00e9letes besz\u00e9lget\u00e9sind\u00edt\u00f3: \u201eH\u00e1ny m\u00e9hecske van? Sz\u00e1moljuk meg egy\u00fctt!\u201d\n\n\u2e3b\n\nAj\u00e1nlott:\n\n\u2013 Gyerekszob\u00e1ba\n\u2013 \u00d3vodai csoportszob\u00e1ba\n\u2013 Fejleszt\u0151 sarokba\n\u2013 Iskolakezd\u00e9si aj\u00e1nd\u00e9knak\n\u2013 Babaszob\u00e1ba dekor\u00e1ci\u00f3nak\n\nEz a poszter nemcsak sz\u00e9p, hanem seg\u00edt magabiztos alapokat adni a sz\u00e1mol\u00e1s tanul\u00e1s\u00e1hoz.\n\nEgy\u00e9b tudnival\u00f3k:\n-az \u00e1r nem tartalmazza a keretet \n-min\u0151s\u00e9gi matt pap\u00edrra nyomtatva \n-megv\u00e1s\u00e1rolt term\u00e9ken a v\u00edzjel nem l\u00e1that\u00f3 \n-3 m\u00e9retben kaphat\u00f3:\n\nA4 (21\u00d729,7 cm): 5.450 Ft \n\nA3 (29,7\u00d742 cm): 7.450 Ft \n\n40x60: 10.450 Ft \n","price":"7450.00","unit":"db","recommended":"0","status":"1","sponsored":"0","exp_notify":"0","own_material":"0","own_material_description_old":null,"own_material_description":"","jury":"0","jury_number":"","product_nature":"","meskaracsony":"0","create_date":"2026-02-18 20:22:45","shelve_id":"0","image":"kizsom_product_772494_260219074351_347922.png","image_width":"480","image_height":"679","image_alt":"\ud83d\udd22 1\u201310 Sz\u00e1mol\u00f3s gyerek poszter \u2013 Tanulj j\u00e1t\u00e9kosan, Tedd \u00e9lm\u00e9nny\u00e9 a sz\u00e1mol\u00e1st ezzel a b\u00e1jos, akvarell st\u00edlus\u00fa sz\u00e1mol\u00f3s falik\u00e9ppel! \ud83e\udd81\ud83d\udc1d\ud83d\udc2c\\n\\nA 1-t\u0151l 10-ig te..., Meska","image_title":"\ud83d\udd22 1\u201310 Sz\u00e1mol\u00f3s gyerek poszter \u2013 Tanulj j\u00e1t\u00e9kosan, Meska","view_count":"73","favourite_count":"0","trending_score":"0","last2MonthFavouriteCount":"0","promotion":"0","giftcard_accept":"0","creditcard_accept":true,"enhanced_background":"0","domain":"meska","specific_customer_id":null,"specific_customer_name":null,"to_order_product":"1","to_order_product_time":"2","product_different":null,"product_different_description":"","vintage":"0","vintage_category_id":"0","recycled":"0","gemstone_id":"0","customizable":"0","type_category":"physical","zerowaste":"0","postage_price":"1290.00","shop_order":"0","has_category":"1","landing_pages":null,"microdata":{"number":73,"category":""},"title":"\ud83d\udd22 1\u201310 Sz\u00e1mol\u00f3s gyerek poszter \u2013 Tanulj j\u00e1t\u00e9kosan","description":"Tedd \u00e9lm\u00e9nny\u00e9 a sz\u00e1mol\u00e1st ezzel a b\u00e1jos, akvarell st\u00edlus\u00fa sz\u00e1mol\u00f3s falik\u00e9ppel! \ud83e\udd81\ud83d\udc1d\ud83d\udc2c\n\nA 1-t\u0151l 10-ig terjed\u0151 sz\u00e1mokat aranyos \u00e1llatok \u00e9s kedves illusztr\u00e1ci\u00f3k seg\u00edtenek meg\u00e9rteni \u2013 \u00edgy a tanul\u00e1s term\u00e9szetesen, j\u00e1t\u00e9k k\u00f6zben t\u00f6rt\u00e9nik.\n\nMit tartalmaz?\n\n\u2714 Sz\u00e1mok 1\u201310\n\u2714 Minden sz\u00e1mhoz a mennyis\u00e9get megjelen\u00edt\u0151 illusztr\u00e1ci\u00f3\n\u2714 Vid\u00e1m, m\u00e9gis harmonikus pasztell sz\u00ednek\n\u2714 Letisztult, modern design\n\nA kedves \u00e1llatok (zsir\u00e1f, elef\u00e1nt, oroszl\u00e1n, delfin, m\u00e9hecske, pillang\u00f3, mad\u00e1rka stb.) seg\u00edtik a vizu\u00e1lis mem\u00f3ri\u00e1t \u00e9s a mennyis\u00e9gek meg\u00e9rt\u00e9s\u00e9t.\n\nMi\u00e9rt fogj\u00e1k szeretni ?\n\n\ud83e\udde0 Fejleszti a sz\u00e1mfogalmat\n\ud83d\udc40 T\u00e1mogatja a vizu\u00e1lis tanul\u00e1st\n\ud83c\udfa8 Dekor\u00e1ci\u00f3 \u00e9s oktat\u00f3 eszk\u00f6z egyben\n\ud83d\udc9b \u00d3vod\u00e1s \u00e9s kisiskol\u00e1s koroszt\u00e1lynak ide\u00e1lis\n\nT\u00f6k\u00e9letes besz\u00e9lget\u00e9sind\u00edt\u00f3: \u201eH\u00e1ny m\u00e9hecske van? Sz\u00e1moljuk meg egy\u00fctt!\u201d\n\n\u2e3b\n\nAj\u00e1nlott:\n\n\u2013 Gyerekszob\u00e1ba\n\u2013 \u00d3vodai csoportszob\u00e1ba\n\u2013 Fejleszt\u0151 sarokba\n\u2013 Iskolakezd\u00e9si aj\u00e1nd\u00e9knak\n\u2013 Babaszob\u00e1ba dekor\u00e1ci\u00f3nak\n\nEz a poszter nemcsak sz\u00e9p, hanem seg\u00edt magabiztos alapokat adni a sz\u00e1mol\u00e1s tanul\u00e1s\u00e1hoz.\n\nEgy\u00e9b tudnival\u00f3k:\n-az \u00e1r nem tartalmazza a keretet \n-min\u0151s\u00e9gi matt pap\u00edrra nyomtatva \n-megv\u00e1s\u00e1rolt term\u00e9ken a v\u00edzjel nem l\u00e1that\u00f3 \n-3 m\u00e9retben kaphat\u00f3:\n\nA4 (21\u00d729,7 cm): 5.450 Ft \n\nA3 (29,7\u00d742 cm): 7.450 Ft \n\n40x60: 10.450 Ft \n","score":0,"formatted_price":"7 450 Ft","image_url":"https:\/\/www.meska.hu\/img\/product\/small\/k\/i\/kizsom_product_772494_260219074351_347922.png","formatted_url":"https:\/\/www.meska.hu\/p5736183-gyerek-baba-poszter","favourite":false,"in_stock":false,"avatar":"772494_avatar_1771435084.png","delete_from":0,"is_enhanced_background":false,"is_enhanced":false,"product_selection_started":false,"is_active":true,"image_webp_url":"https:\/\/www.meska.hu\/img\/product\/small\/k\/i\/kizsom_product_772494_260219074351_347922.webp"},{"id":"5822146","shop_id":"47960","user_id":"702930","shop_name":"VICREADesign","shop_zip":"8372","product_code":"5568440","product_name_old":null,"product_name":"Egyedi Babaposzter \u2013 Els\u0151 \u00e9vem szem\u00e9lyre szabott f\u00e9nyk\u00e9pes babaposzter","category_string":"Baba - mama, Babaszoba dekor\u00e1ci\u00f3, Babaposzter","technic_string":"Fot\u00f3, grafika, rajz, illusztr\u00e1ci\u00f3","category_1":"1735","category_2":"1466","category_3":"1759","category_4":"0","merged_category_1":null,"merged_category_2":null,"merged_category_3":null,"technic_1":"483","technic_2":"0","technic_3":"0","color_1":"519","color_2":"520","color_3":"529","product_description_old":null,"product_description":"Egy k\u00fcl\u00f6nleges eml\u00e9k az els\u0151 \u00e9v legfontosabb pillanatair\u00f3l\n\nAz \u201eEls\u0151 \u00e9vem\u201d poszter t\u00f6k\u00e9letes v\u00e1laszt\u00e1s, ha szeretn\u00e9d meg\u0151rizni gyermeked els\u0151 \u00e9v\u00e9nek m\u00e9rf\u00f6ldk\u00f6veit \u00e9s kedves eml\u00e9keit. A poszteren helyet kapnak a legfontosabb adatok: s\u00faly, hossz, els\u0151 szavak, kedvenc \u00e9telek, j\u00e1t\u00e9kok, becenevek, \u00e9s sok m\u00e1s szem\u00e9lyes r\u00e9szlet.\n\nMit tartalmazhat?\n\u2714\ufe0f Baba neve \u00e9s \u00e9letkora\n\u2714\ufe0f S\u00falya, magass\u00e1ga, fogacsk\u00e1inak sz\u00e1ma\n\u2714\ufe0f Els\u0151 szavai, kedvenc \u00e9telei, j\u00e1t\u00e9kai\n\u2714\ufe0f Szeretett tev\u00e9kenys\u00e9gek, becenevek \u00e9s egy\u00e9b kedves eml\u00e9kek\n\u2714\ufe0f 13 db f\u00e9nyk\u00e9p\n\nEl\u00e9rhet\u0151 digit\u00e1lis \u00e9s nyomtatott form\u00e1ban is\n\nK\u00e9pkerettel is k\u00e9rhet\u0151 \u2013 v\u00e1laszthat\u00f3 feh\u00e9r, fekete vagy fahat\u00e1s\u00fa keret. (A k\u00e9pen l\u00e1that\u00f3 keret illusztr\u00e1ci\u00f3.)\n\nHogyan m\u0171k\u00f6dik?\n1\ufe0f\u20e3 V\u00e1s\u00e1rl\u00e1s ut\u00e1n \u00fczenetben felveszem veled a kapcsolatot, hogy egyeztess\u00fck a sz\u00fcks\u00e9ges inform\u00e1ci\u00f3kat.\n2\ufe0f\u20e3 1 napon bel\u00fcl elk\u00e9sz\u00edtem a l\u00e1tv\u00e1nytervet, amelyet egyszer van lehet\u0151s\u00e9g m\u00f3dos\u00edtani.\n3\ufe0f\u20e3A v\u00e9gleges verzi\u00f3t az \u00e1ltalad v\u00e1lasztott form\u00e1ban kapod meg:\n\n\u2714\ufe0f Digit\u00e1lis rendel\u00e9s eset\u00e9n nagy felbont\u00e1s\u00fa PDF form\u00e1tumban e-mailben\nElk\u00e9sz\u00edt\u00e9si id\u0151: 1-2 munkanap (Adatok be\u00e9rkez\u00e9s\u00e9t\u0151l sz\u00e1m\u00edtva)\n\u2714\ufe0f Nyomtatott, k\u00e9pkeretes verzi\u00f3ban post\u00e1zva\nElk\u00e9sz\u00edt\u00e9si id\u0151: 5-6 munkanap (Adatok be\u00e9rkez\u00e9s\u00e9t\u0151l sz\u00e1m\u00edtva)\n\nT\u00f6k\u00e9letes dekor\u00e1ci\u00f3, egyedi aj\u00e1nd\u00e9k \u00e9s garant\u00e1ltan mosolyt csal az arcokra!","price":"2790.00","unit":"db","recommended":"0","status":"1","sponsored":"0","exp_notify":"0","own_material":"0","own_material_description_old":null,"own_material_description":"","jury":"0","jury_number":"","product_nature":"","meskaracsony":"0","create_date":"2026-02-18 14:17:12","shelve_id":"0","image":"vicreadesign_product_702930_250605130502_377242.jpeg","image_width":"480","image_height":"480","image_alt":"Egyedi Babaposzter \u2013 Els\u0151 \u00e9vem szem\u00e9lyre szabott f\u00e9nyk\u00e9pes babaposzter, Egy k\u00fcl\u00f6nleges eml\u00e9k az els\u0151 \u00e9v legfontosabb pillanatair\u00f3l\\n\\nAz \u201eEls\u0151 \u00e9vem\u201d poszter t\u00f6k\u00e9letes v\u00e1laszt..., Meska","image_title":"Egyedi Babaposzter \u2013 Els\u0151 \u00e9vem szem\u00e9lyre szabott f\u00e9nyk\u00e9pes babaposzter, Meska","view_count":"516","favourite_count":"0","trending_score":"0","last2MonthFavouriteCount":"0","promotion":"0","giftcard_accept":"0","creditcard_accept":true,"enhanced_background":"0","domain":"meska","specific_customer_id":null,"specific_customer_name":null,"to_order_product":"1","to_order_product_time":"2","product_different":null,"product_different_description":"","vintage":"0","vintage_category_id":"0","recycled":"0","gemstone_id":"0","customizable":"0","type_category":"digital","zerowaste":"0","postage_price":"1290.00","shop_order":"0","has_category":"1","landing_pages":null,"microdata":{"number":74,"category":""},"title":"Egyedi Babaposzter \u2013 Els\u0151 \u00e9vem szem\u00e9lyre szabott f\u00e9nyk\u00e9pes babaposzter","description":"Egy k\u00fcl\u00f6nleges eml\u00e9k az els\u0151 \u00e9v legfontosabb pillanatair\u00f3l\n\nAz \u201eEls\u0151 \u00e9vem\u201d poszter t\u00f6k\u00e9letes v\u00e1laszt\u00e1s, ha szeretn\u00e9d meg\u0151rizni gyermeked els\u0151 \u00e9v\u00e9nek m\u00e9rf\u00f6ldk\u00f6veit \u00e9s kedves eml\u00e9keit. A poszteren helyet kapnak a legfontosabb adatok: s\u00faly, hossz, els\u0151 szavak, kedvenc \u00e9telek, j\u00e1t\u00e9kok, becenevek, \u00e9s sok m\u00e1s szem\u00e9lyes r\u00e9szlet.\n\nMit tartalmazhat?\n\u2714\ufe0f Baba neve \u00e9s \u00e9letkora\n\u2714\ufe0f S\u00falya, magass\u00e1ga, fogacsk\u00e1inak sz\u00e1ma\n\u2714\ufe0f Els\u0151 szavai, kedvenc \u00e9telei, j\u00e1t\u00e9kai\n\u2714\ufe0f Szeretett tev\u00e9kenys\u00e9gek, becenevek \u00e9s egy\u00e9b kedves eml\u00e9kek\n\u2714\ufe0f 13 db f\u00e9nyk\u00e9p\n\nEl\u00e9rhet\u0151 digit\u00e1lis \u00e9s nyomtatott form\u00e1ban is\n\nK\u00e9pkerettel is k\u00e9rhet\u0151 \u2013 v\u00e1laszthat\u00f3 feh\u00e9r, fekete vagy fahat\u00e1s\u00fa keret. (A k\u00e9pen l\u00e1that\u00f3 keret illusztr\u00e1ci\u00f3.)\n\nHogyan m\u0171k\u00f6dik?\n1\ufe0f\u20e3 V\u00e1s\u00e1rl\u00e1s ut\u00e1n \u00fczenetben felveszem veled a kapcsolatot, hogy egyeztess\u00fck a sz\u00fcks\u00e9ges inform\u00e1ci\u00f3kat.\n2\ufe0f\u20e3 1 napon bel\u00fcl elk\u00e9sz\u00edtem a l\u00e1tv\u00e1nytervet, amelyet egyszer van lehet\u0151s\u00e9g m\u00f3dos\u00edtani.\n3\ufe0f\u20e3A v\u00e9gleges verzi\u00f3t az \u00e1ltalad v\u00e1lasztott form\u00e1ban kapod meg:\n\n\u2714\ufe0f Digit\u00e1lis rendel\u00e9s eset\u00e9n nagy felbont\u00e1s\u00fa PDF form\u00e1tumban e-mailben\nElk\u00e9sz\u00edt\u00e9si id\u0151: 1-2 munkanap (Adatok be\u00e9rkez\u00e9s\u00e9t\u0151l sz\u00e1m\u00edtva)\n\u2714\ufe0f Nyomtatott, k\u00e9pkeretes verzi\u00f3ban post\u00e1zva\nElk\u00e9sz\u00edt\u00e9si id\u0151: 5-6 munkanap (Adatok be\u00e9rkez\u00e9s\u00e9t\u0151l sz\u00e1m\u00edtva)\n\nT\u00f6k\u00e9letes dekor\u00e1ci\u00f3, egyedi aj\u00e1nd\u00e9k \u00e9s garant\u00e1ltan mosolyt csal az arcokra!","score":0,"formatted_price":"2 790 Ft","image_url":"https:\/\/www.meska.hu\/img\/product\/small\/v\/i\/vicreadesign_product_702930_250605130502_377242.jpeg","formatted_url":"https:\/\/www.meska.hu\/p5568440-egyedi-babaposzter-elso-evem-szemelyre-szabott-fenykepes-babaposzter","favourite":false,"in_stock":false,"avatar":"702930_avatar_1741901247.png","delete_from":0,"is_enhanced_background":false,"is_enhanced":false,"product_selection_started":false,"is_active":true,"image_webp_url":"https:\/\/www.meska.hu\/img\/product\/small\/v\/i\/vicreadesign_product_702930_250605130502_377242.webp"},{"id":"5238131","shop_id":"44437","user_id":"637818","shop_name":"DoBeRiDesign","shop_zip":"6000","product_code":"5228117","product_name_old":null,"product_name":"Meg\u00e9rkeztem baba poszter","category_string":"Baba - mama, Babaposzter, Babaszoba dekor\u00e1ci\u00f3","technic_string":"","category_1":"1735","category_2":"1759","category_3":"1466","category_4":"0","merged_category_1":"0","merged_category_2":"0","merged_category_3":"0","technic_1":"0","technic_2":"0","technic_3":"0","color_1":"515","color_2":"525","color_3":"526","product_description_old":null,"product_description":"Sz\u00fclet\u00e9si adatokkal ell\u00e1tott baba poszter\n\nA grafika, sz\u00f6veg, sz\u00edn teljes eg\u00e9sz\u00e9ben m\u00f3dos\u00edthat\u00f3 k\u00e9r\u00e9sre.\n\nAz alap \u00e1r csak a k\u00e9p \u00e9s sz\u00f6veg m\u00f3dos\u00edt\u00e1st foglalja mag\u00e1ban!\n\nTerm\u00e9keim mindegyike egyedi, szem\u00e9lyre szabott.\n\nNEM CSAK DIGIT\u00c1LIS FORM\u00c1BAN!\n\nPosztereket lehet\u0151s\u00e9ged van nyomtatott form\u00e1ban is megv\u00e1s\u00e1rolni ak\u00e1r k\u00e9pkerettel.\n\nV\u00e1laszthat\u00f3:\nA4-es m\u00e9ret: \n                          -180 grammos f\u00e9nyes fot\u00f3pap\u00edr\n                          -120 grammos matt fot\u00f3pap\u00edr\n                          -fekete vagy feh\u00e9r k\u00e9pkeret v\u00e1s\u00e1rolhat\u00f3 hozz\u00e1\n\nDigit\u00e1lis form\u00e1ban A4 \u00e9s A3 m\u00e9retben\n\nA k\u00e9sz term\u00e9kek sz\u00edne, minim\u00e1lisan elt\u00e9rhet a minta sz\u00edn\u00e9t\u0151l\n\n","price":"2690.00","unit":"db","recommended":"0","status":"1","sponsored":"0","exp_notify":"0","own_material":"0","own_material_description_old":null,"own_material_description":"","jury":"0","jury_number":"","product_nature":"","meskaracsony":"0","create_date":"2026-02-13 21:44:05","shelve_id":"0","image":"doberidesign_product_637818_240224182137_606269.jpeg","image_width":"480","image_height":"480","image_alt":"Meg\u00e9rkeztem baba poszter, Sz\u00fclet\u00e9si adatokkal ell\u00e1tott baba poszter\\n\\nA grafika, sz\u00f6veg, sz\u00edn teljes eg\u00e9sz\u00e9ben m\u00f3dos\u00edthat\u00f3 k\u00e9r\u00e9..., Meska","image_title":"Meg\u00e9rkeztem baba poszter, Meska","view_count":"638","favourite_count":"0","trending_score":"0","last2MonthFavouriteCount":"0","promotion":"0","giftcard_accept":"0","creditcard_accept":false,"enhanced_background":"0","domain":"meska","specific_customer_id":null,"specific_customer_name":null,"to_order_product":"1","to_order_product_time":"3","product_different":null,"product_different_description":"","vintage":"0","vintage_category_id":"0","recycled":"0","gemstone_id":"0","customizable":"1","type_category":"physical","zerowaste":"0","postage_price":"1349.00","shop_order":"0","has_category":"1","landing_pages":null,"microdata":{"number":75,"category":""},"title":"Meg\u00e9rkeztem baba poszter","description":"Sz\u00fclet\u00e9si adatokkal ell\u00e1tott baba poszter\n\nA grafika, sz\u00f6veg, sz\u00edn teljes eg\u00e9sz\u00e9ben m\u00f3dos\u00edthat\u00f3 k\u00e9r\u00e9sre.\n\nAz alap \u00e1r csak a k\u00e9p \u00e9s sz\u00f6veg m\u00f3dos\u00edt\u00e1st foglalja mag\u00e1ban!\n\nTerm\u00e9keim mindegyike egyedi, szem\u00e9lyre szabott.\n\nNEM CSAK DIGIT\u00c1LIS FORM\u00c1BAN!\n\nPosztereket lehet\u0151s\u00e9ged van nyomtatott form\u00e1ban is megv\u00e1s\u00e1rolni ak\u00e1r k\u00e9pkerettel.\n\nV\u00e1laszthat\u00f3:\nA4-es m\u00e9ret: \n                          -180 grammos f\u00e9nyes fot\u00f3pap\u00edr\n                          -120 grammos matt fot\u00f3pap\u00edr\n                          -fekete vagy feh\u00e9r k\u00e9pkeret v\u00e1s\u00e1rolhat\u00f3 hozz\u00e1\n\nDigit\u00e1lis form\u00e1ban A4 \u00e9s A3 m\u00e9retben\n\nA k\u00e9sz term\u00e9kek sz\u00edne, minim\u00e1lisan elt\u00e9rhet a minta sz\u00edn\u00e9t\u0151l\n\n","score":0,"formatted_price":"2 690 Ft","image_url":"https:\/\/www.meska.hu\/img\/product\/small\/d\/o\/doberidesign_product_637818_240224182137_606269.jpeg","formatted_url":"https:\/\/www.meska.hu\/p5228117-megerkeztem-baba-poszter","favourite":false,"in_stock":false,"avatar":"637818_avatar_1708782973.png","delete_from":0,"is_enhanced_background":false,"is_enhanced":false,"product_selection_started":false,"is_active":true,"image_webp_url":"https:\/\/www.meska.hu\/img\/product\/small\/d\/o\/doberidesign_product_637818_240224182137_606269.webp"},{"id":"5238132","shop_id":"44437","user_id":"637818","shop_name":"DoBeRiDesign","shop_zip":"6000","product_code":"5228118","product_name_old":null,"product_name":"Meg\u00e9rkeztem baba poszter","category_string":"Baba - mama, Babaposzter, Babaszoba dekor\u00e1ci\u00f3","technic_string":"","category_1":"1735","category_2":"1759","category_3":"1466","category_4":"0","merged_category_1":"0","merged_category_2":"0","merged_category_3":"0","technic_1":"0","technic_2":"0","technic_3":"0","color_1":"515","color_2":"525","color_3":"526","product_description_old":null,"product_description":"Sz\u00fclet\u00e9si adatokkal ell\u00e1tott baba poszter\n\nA grafika, sz\u00f6veg, sz\u00edn teljes eg\u00e9sz\u00e9ben m\u00f3dos\u00edthat\u00f3 k\u00e9r\u00e9sre.\n\nAz alap \u00e1r csak a k\u00e9p \u00e9s sz\u00f6veg m\u00f3dos\u00edt\u00e1st foglalja mag\u00e1ban!\n\nTerm\u00e9keim mindegyike egyedi, szem\u00e9lyre szabott.\n\nNEM CSAK DIGIT\u00c1LIS FORM\u00c1BAN!\n\nPosztereket lehet\u0151s\u00e9ged van nyomtatott form\u00e1ban is megv\u00e1s\u00e1rolni ak\u00e1r k\u00e9pkerettel.\n\nV\u00e1laszthat\u00f3:\nA4-es m\u00e9ret: \n                          -180 grammos f\u00e9nyes fot\u00f3pap\u00edr\n                          -120 grammos matt fot\u00f3pap\u00edr\n                          -fekete vagy feh\u00e9r k\u00e9pkeret v\u00e1s\u00e1rolhat\u00f3 hozz\u00e1\n\nDigit\u00e1lis form\u00e1ban A4 \u00e9s A3 m\u00e9retben\n\nA k\u00e9sz term\u00e9kek sz\u00edne, minim\u00e1lisan elt\u00e9rhet a minta sz\u00edn\u00e9t\u0151l\n\n","price":"2690.00","unit":"db","recommended":"0","status":"1","sponsored":"0","exp_notify":"0","own_material":"0","own_material_description_old":null,"own_material_description":"","jury":"0","jury_number":"","product_nature":"","meskaracsony":"0","create_date":"2026-02-13 21:44:00","shelve_id":"0","image":"doberidesign_product_637818_240224182928_332722.jpeg","image_width":"480","image_height":"480","image_alt":"Meg\u00e9rkeztem baba poszter, Sz\u00fclet\u00e9si adatokkal ell\u00e1tott baba poszter\\n\\nA grafika, sz\u00f6veg, sz\u00edn teljes eg\u00e9sz\u00e9ben m\u00f3dos\u00edthat\u00f3 k\u00e9r\u00e9..., Meska","image_title":"Meg\u00e9rkeztem baba poszter, Meska","view_count":"561","favourite_count":"0","trending_score":"0","last2MonthFavouriteCount":"0","promotion":"0","giftcard_accept":"0","creditcard_accept":false,"enhanced_background":"0","domain":"meska","specific_customer_id":null,"specific_customer_name":null,"to_order_product":"1","to_order_product_time":"3","product_different":null,"product_different_description":"","vintage":"0","vintage_category_id":"0","recycled":"0","gemstone_id":"0","customizable":"1","type_category":"physical","zerowaste":"0","postage_price":"1349.00","shop_order":"0","has_category":"1","landing_pages":null,"microdata":{"number":76,"category":""},"title":"Meg\u00e9rkeztem baba poszter","description":"Sz\u00fclet\u00e9si adatokkal ell\u00e1tott baba poszter\n\nA grafika, sz\u00f6veg, sz\u00edn teljes eg\u00e9sz\u00e9ben m\u00f3dos\u00edthat\u00f3 k\u00e9r\u00e9sre.\n\nAz alap \u00e1r csak a k\u00e9p \u00e9s sz\u00f6veg m\u00f3dos\u00edt\u00e1st foglalja mag\u00e1ban!\n\nTerm\u00e9keim mindegyike egyedi, szem\u00e9lyre szabott.\n\nNEM CSAK DIGIT\u00c1LIS FORM\u00c1BAN!\n\nPosztereket lehet\u0151s\u00e9ged van nyomtatott form\u00e1ban is megv\u00e1s\u00e1rolni ak\u00e1r k\u00e9pkerettel.\n\nV\u00e1laszthat\u00f3:\nA4-es m\u00e9ret: \n                          -180 grammos f\u00e9nyes fot\u00f3pap\u00edr\n                          -120 grammos matt fot\u00f3pap\u00edr\n                          -fekete vagy feh\u00e9r k\u00e9pkeret v\u00e1s\u00e1rolhat\u00f3 hozz\u00e1\n\nDigit\u00e1lis form\u00e1ban A4 \u00e9s A3 m\u00e9retben\n\nA k\u00e9sz term\u00e9kek sz\u00edne, minim\u00e1lisan elt\u00e9rhet a minta sz\u00edn\u00e9t\u0151l\n\n","score":0,"formatted_price":"2 690 Ft","image_url":"https:\/\/www.meska.hu\/img\/product\/small\/d\/o\/doberidesign_product_637818_240224182928_332722.jpeg","formatted_url":"https:\/\/www.meska.hu\/p5228118-megerkeztem-baba-poszter","favourite":false,"in_stock":false,"avatar":"637818_avatar_1708782973.png","delete_from":0,"is_enhanced_background":false,"is_enhanced":false,"product_selection_started":false,"is_active":true,"image_webp_url":"https:\/\/www.meska.hu\/img\/product\/small\/d\/o\/doberidesign_product_637818_240224182928_332722.webp"},{"id":"3115281","shop_id":"31288","user_id":"398004","shop_name":"panadesign","shop_zip":"2071","product_code":"3934577","product_name_old":null,"product_name":"Babaposzter, Sz\u00fclet\u00e9snapi poszter, aj\u00e1nd\u00e9k bab\u00e1knak, els\u0151 sz\u00fclet\u00e9snap, unikornisos poszter","category_string":"Baba - mama, Babaposzter, Babaszoba dekor\u00e1ci\u00f3","technic_string":"Fot\u00f3, grafika, rajz, illusztr\u00e1ci\u00f3","category_1":"1735","category_2":"1759","category_3":"1466","category_4":"0","merged_category_1":"0","merged_category_2":"0","merged_category_3":"785","technic_1":"483","technic_2":"0","technic_3":"0","color_1":"532","color_2":"0","color_3":"0","product_description_old":null,"product_description":"FIGYELEM: A TERM\u00c9K CSAK DIGIT\u00c1LISAN KER\u00dcL KIK\u00dcLD\u00c9SRE!\n\n\u00d6r\u00f6k\u00edtsd meg az eddigi id\u0151szakot \u00e9s lepd meg vele sz\u00fclet\u00e9snapj\u00e1n saj\u00e1t gyermekedet, de ak\u00e1r aj\u00e1nd\u00e9kk\u00e9nt is t\u00f6k\u00e9letes vagy egy fot\u00f3z\u00e1s alkalm\u00e1val! :) Els\u0151, m\u00e1sodik, harmadik stb. sz\u00fclet\u00e9snapra is k\u00e9rhet\u0151!\n\nK\u00e9rlek hogy a v\u00e1s\u00e1rl\u00e1s ut\u00e1n a poszteren tal\u00e1lhat\u00f3 sz\u00f6vegnek megfelel\u0151en k\u00fcldd el azokat az adatokat, amiket viszont szeretn\u00e9l l\u00e1tni a poszteren! (Pl: S\u00faly, fogak sz\u00e1ma, hossza, miket szeret enni\/inni\/csin\u00e1lni, miket tud m\u00e1r csin\u00e1lni, stb.)\n\nAz adatok alapj\u00e1n elk\u00e9sz\u00edtem a posztert \u00e9s az el\u0151reutal\u00e1s ut\u00e1n elk\u00fcld\u00f6m neked a k\u00e9sz grafik\u00e1t egy kiv\u00e1l\u00f3 min\u0151s\u00e9g\u0171 nyomdai pdf-ben, melyet azonnal ki tudsz nyomtatni.\nA term\u00e9k m\u00e9rete: A4-es m\u00e9ret\u0171, azaz 210 x 297 mm, de ha m\u00e1s m\u00e9retben nyomtatn\u00e1d, k\u00e9rlek jelezd :)\n\nAmennyiben egyedi elk\u00e9pzel\u00e9sed lenne, keress bizalommal \u00fczenetben!","price":"4900.00","unit":"db","recommended":"0","status":"1","sponsored":"0","exp_notify":"0","own_material":"0","own_material_description_old":null,"own_material_description":"","jury":"0","jury_number":"","product_nature":"","meskaracsony":"0","create_date":"2026-02-13 07:42:50","shelve_id":"0","image":"panadesign_product_398004_201121120447_338140.jpeg","image_width":"480","image_height":"384","image_alt":"Babaposzter, Sz\u00fclet\u00e9snapi poszter, aj\u00e1nd\u00e9k bab\u00e1knak, els\u0151 sz\u00fclet\u00e9snap, unikornisos poszter, FIGYELEM: A TERM\u00c9K CSAK DIGIT\u00c1LISAN KER\u00dcL KIK\u00dcLD\u00c9SRE!\\n\\n\u00d6r\u00f6k\u00edtsd meg az eddigi id\u0151szakot \u00e9s lepd meg ..., Meska","image_title":"Babaposzter, Sz\u00fclet\u00e9snapi poszter, aj\u00e1nd\u00e9k bab\u00e1knak, els\u0151 sz\u00fclet\u00e9snap, unikornisos poszter, Meska","view_count":"4182","favourite_count":"0","trending_score":"0","last2MonthFavouriteCount":"0","promotion":"0","giftcard_accept":"1","creditcard_accept":true,"enhanced_background":"0","domain":"meska","specific_customer_id":null,"specific_customer_name":null,"to_order_product":"1","to_order_product_time":"6","product_different":"quite_different","product_different_description":"Bet\u0171k, sz\u00f3k\u00f6z\u00f6k, sz\u00ednek, bet\u0171t\u00edpusok","vintage":"0","vintage_category_id":"0","recycled":"0","gemstone_id":"0","customizable":"0","type_category":"digital","zerowaste":"0","postage_price":"0.00","shop_order":"0","has_category":"1","landing_pages":null,"microdata":{"number":77,"category":""},"title":"Babaposzter, Sz\u00fclet\u00e9snapi poszter, aj\u00e1nd\u00e9k bab\u00e1knak, els\u0151 sz\u00fclet\u00e9snap, unikornisos poszter","description":"FIGYELEM: A TERM\u00c9K CSAK DIGIT\u00c1LISAN KER\u00dcL KIK\u00dcLD\u00c9SRE!\n\n\u00d6r\u00f6k\u00edtsd meg az eddigi id\u0151szakot \u00e9s lepd meg vele sz\u00fclet\u00e9snapj\u00e1n saj\u00e1t gyermekedet, de ak\u00e1r aj\u00e1nd\u00e9kk\u00e9nt is t\u00f6k\u00e9letes vagy egy fot\u00f3z\u00e1s alkalm\u00e1val! :) Els\u0151, m\u00e1sodik, harmadik stb. sz\u00fclet\u00e9snapra is k\u00e9rhet\u0151!\n\nK\u00e9rlek hogy a v\u00e1s\u00e1rl\u00e1s ut\u00e1n a poszteren tal\u00e1lhat\u00f3 sz\u00f6vegnek megfelel\u0151en k\u00fcldd el azokat az adatokat, amiket viszont szeretn\u00e9l l\u00e1tni a poszteren! (Pl: S\u00faly, fogak sz\u00e1ma, hossza, miket szeret enni\/inni\/csin\u00e1lni, miket tud m\u00e1r csin\u00e1lni, stb.)\n\nAz adatok alapj\u00e1n elk\u00e9sz\u00edtem a posztert \u00e9s az el\u0151reutal\u00e1s ut\u00e1n elk\u00fcld\u00f6m neked a k\u00e9sz grafik\u00e1t egy kiv\u00e1l\u00f3 min\u0151s\u00e9g\u0171 nyomdai pdf-ben, melyet azonnal ki tudsz nyomtatni.\nA term\u00e9k m\u00e9rete: A4-es m\u00e9ret\u0171, azaz 210 x 297 mm, de ha m\u00e1s m\u00e9retben nyomtatn\u00e1d, k\u00e9rlek jelezd :)\n\nAmennyiben egyedi elk\u00e9pzel\u00e9sed lenne, keress bizalommal \u00fczenetben!","score":0,"formatted_price":"4 900 Ft","image_url":"https:\/\/www.meska.hu\/img\/product\/small\/p\/a\/panadesign_product_398004_201121120447_338140.jpeg","formatted_url":"https:\/\/www.meska.hu\/p3934577-babaposzter-szuletesnapi-poszter-ajandek-babaknak-elso-szuletesnap","favourite":false,"in_stock":false,"avatar":"panadesign_avatar_398004_1605705071.jpg","delete_from":0,"is_enhanced_background":false,"is_enhanced":false,"product_selection_started":false,"is_active":true,"image_webp_url":"https:\/\/www.meska.hu\/img\/product\/small\/p\/a\/panadesign_product_398004_201121120447_338140.webp"},{"id":"4727279","shop_id":"36912","user_id":"488901","shop_name":"JanoMoni","shop_zip":"1145","product_code":"4914376","product_name_old":null,"product_name":"Szem\u00e9lyes baba poszter","category_string":"Baba - mama, Babaposzter, Babaszoba dekor\u00e1ci\u00f3","technic_string":"Fot\u00f3, grafika, rajz, illusztr\u00e1ci\u00f3","category_1":"1735","category_2":"1759","category_3":"1466","category_4":"0","merged_category_1":"0","merged_category_2":"0","merged_category_3":"0","technic_1":"483","technic_2":"0","technic_3":"0","color_1":"532","color_2":"0","color_3":"0","product_description_old":null,"product_description":"Kreat\u00edv pap\u00edrra k\u00e9sz\u00fcl\u0151 nyomat, egyedi k\u00edv\u00e1ns\u00e1g szerint. M\u00e9rete 30x42cm (A3), de m\u00e1s m\u00e9retben is k\u00e9rhet\u0151.\nEgyedi grafik\u00e1val is k\u00e9rhet\u0151, el\u0151re egyeztet\u00e9s alapj\u00e1n. A k\u00e9pkeret sz\u00edne is v\u00e1laszthat\u00f3.\n","price":"6900.00","unit":"db","recommended":"0","status":"1","sponsored":"0","exp_notify":"0","own_material":"0","own_material_description_old":null,"own_material_description":"","jury":"0","jury_number":"","product_nature":"","meskaracsony":"0","create_date":"2026-02-11 04:30:25","shelve_id":"0","image":"janomoni_product_488901_230227001502_350160.jpeg","image_width":"480","image_height":"590","image_alt":"Szem\u00e9lyes baba poszter, Kreat\u00edv pap\u00edrra k\u00e9sz\u00fcl\u0151 nyomat, egyedi k\u00edv\u00e1ns\u00e1g szerint. M\u00e9rete 30x42cm (A3), de m\u00e1s m\u00e9retben is k\u00e9r..., Meska","image_title":"Szem\u00e9lyes baba poszter, Meska","view_count":"955","favourite_count":"0","trending_score":"0","last2MonthFavouriteCount":"0","promotion":"0","giftcard_accept":"0","creditcard_accept":true,"enhanced_background":"0","domain":"meska","specific_customer_id":null,"specific_customer_name":null,"to_order_product":"1","to_order_product_time":"5","product_different":null,"product_different_description":"","vintage":"0","vintage_category_id":"0","recycled":"1","gemstone_id":"0","customizable":"1","type_category":"physical","zerowaste":"1","postage_price":"1290.00","shop_order":"0","has_category":"1","landing_pages":null,"microdata":{"number":78,"category":""},"title":"Szem\u00e9lyes baba poszter","description":"Kreat\u00edv pap\u00edrra k\u00e9sz\u00fcl\u0151 nyomat, egyedi k\u00edv\u00e1ns\u00e1g szerint. M\u00e9rete 30x42cm (A3), de m\u00e1s m\u00e9retben is k\u00e9rhet\u0151.\nEgyedi grafik\u00e1val is k\u00e9rhet\u0151, el\u0151re egyeztet\u00e9s alapj\u00e1n. A k\u00e9pkeret sz\u00edne is v\u00e1laszthat\u00f3.\n","score":0,"formatted_price":"6 900 Ft","image_url":"https:\/\/www.meska.hu\/img\/product\/small\/j\/a\/janomoni_product_488901_230227001502_350160.jpeg","formatted_url":"https:\/\/www.meska.hu\/p4914376-szemelyes-baba-poszter","favourite":false,"in_stock":false,"avatar":"JanoMoni_avatar_488901_1683966638.jpg","delete_from":0,"is_enhanced_background":false,"is_enhanced":false,"product_selection_started":false,"is_active":true,"image_webp_url":"https:\/\/www.meska.hu\/img\/product\/small\/j\/a\/janomoni_product_488901_230227001502_350160.webp"},{"id":"3185239","shop_id":"19751","user_id":"192651","shop_name":"CristalloDesign","shop_zip":"2483","product_code":"3464948","product_name_old":null,"product_name":"Erdei party gyerekszoba, \u00f3vodai poszter, jazz band falik\u00e9p szett 3 db ","category_string":"Baba - mama, Babaposzter, Babaszoba dekor\u00e1ci\u00f3","technic_string":"Fot\u00f3, grafika, rajz, illusztr\u00e1ci\u00f3, Pap\u00edrm\u0171v\u00e9szet","category_1":"1735","category_2":"1759","category_3":"1466","category_4":"0","merged_category_1":null,"merged_category_2":null,"merged_category_3":null,"technic_1":"483","technic_2":"497","technic_3":"0","color_1":"522","color_2":"523","color_3":"528","product_description_old":null,"product_description":"Kedves zen\u00e9l\u0151, t\u00e1ncol\u00f3 erdei \u00e1llatokkal illusztr\u00e1lt akvarell k\u00e9pek, mely igaz\u00e1n remek aj\u00e1nd\u00e9k, ha babav\u00e1r\u00f3 partira k\u00e9sz\u00fclsz, vagy sz\u00fclet\u00e9snapi aj\u00e1nd\u00e9kot keresel.\n\nA fenti \u00e1r 1 db k\u00e9pre vonatkozik A\/4 m\u00e9retben, keret n\u00e9lk\u00fcl.\n\nM\u00e9retek:    \n210 \u00d7 297 mm A\/4\n297 \u00d7 420 mm A\/3 \nPap\u00edr:     200 g matt pr\u00e9mium pap\u00edr\n\nDIGIT\u00c1LIS V\u00c1LTOZATBAN IS MEGRENDELHETED!\nA posztert csak t\u00f6ltsd le, nyomtasd ki \u00e9s m\u00e1r aj\u00e1nd\u00e9kozhatod is.\n\n\u2605 t\u00f6ltsd le \u2605 nyomtasd ki \u2605 keretezd be \u2605 akaszd fel \u2605 ilyen egyszer\u0171!\n\nA posztereket nagy felbont\u00e1s\u00fa Jpg form\u00e1tumban elektronikusan k\u00fcld\u00f6m el\u0151re utal\u00e1st k\u00f6vet\u0151en. \n\nFIZIKAI TERM\u00c9K NEM KER\u00dcL POST\u00c1Z\u00c1SRA!\n\nA let\u00f6lthet\u0151, digit\u00e1lis k\u00e9p vagy poszter egyszer\u0171 \u00e9s megfizethet\u0151 m\u00f3dja annak, hogy egyediv\u00e9 var\u00e1zsold otthonod vagy irod\u00e1d bels\u0151 ter\u00e9t. Kinyomtathatod a k\u00e9peket otthon, vagy ak\u00e1r a helyi f\u00e9nym\u00e1sol\u00f3 \u00fczletben is.\n\nA posztersorozat t\u00f6bbi darabj\u00e1t itt tal\u00e1lod:\nhttps:\/\/www.meska.hu\/p4790992-kislany-sapkaban-falikep-skandinav-poszter-gyerekszoba-falikep-ajandek-lanynak\nhttps:\/\/www.meska.hu\/p4872916-viragos-falikep-skandinav-poszter-gyerekszoba-falikep-ajandek\nhttps:\/\/www.meska.hu\/p4792208-teli-oszi-falikep-skandinav-poszter-gyerekszoba-falikep-ajandek\nhttps:\/\/www.meska.hu\/p4789985-ozikes-falikep-skandinav-poszter-gyerekszoba-falikep-karacsonyi-ajandek\nhttps:\/\/www.meska.hu\/p4870067-lepkes-falikep-skandinav-poszter-gyerekszoba-falikep-ajandek\n\nItt tal\u00e1lsz m\u00e9g t\u00f6bb gyerekszoba dekor\u00e1ci\u00f3t:\nhttps:\/\/www.meska.hu\/shop\/Cristallodesign?s=44837\n\nA V\u00c1S\u00c1RL\u00c1S MENETE:  \n\n1. A megfelel\u0151 mennyis\u00e9g\u0171 k\u00e9pet helyezd a kosaradba \u00e9s ind\u00edtsd el a v\u00e1s\u00e1rl\u00e1st. \n2. A teljes \u00f6sszeg be\u00e9rkez\u00e9se ut\u00e1n ker\u00fcl nyomtat\u00e1sra, vagy digit\u00e1lis v\u00e1ltozatban elk\u00fcld\u00e9sre a k\u00e9p\n\n*A k\u00e9pen l\u00e1that\u00f3 dekor\u00e1ci\u00f3k nem k\u00e9pezik a term\u00e9k r\u00e9sz\u00e9t \n\nHa egyedi k\u00e9r\u00e9sed vagy k\u00e9rd\u00e9sed van, k\u00e9rlek k\u00fcldj \u00fczenetet. \nA k\u00fcl\u00f6nb\u00f6z\u0151 k\u00e9perny\u0151k k\u00fcl\u00f6nb\u00f6z\u0151 m\u00f3don jelen\u00edthetik meg a grafik\u00e1t, ez\u00e9rt kis m\u00e9rt\u00e9kben elt\u00e9rhet a k\u00e9perny\u0151n l\u00e1tott a nyomtatott v\u00e1ltozatt\u00f3l. \nA term\u00e9keim nagyobb t\u00e9telben is kaphat\u00f3k.  \n\nFIZET\u00c9S:  \n\nEl\u0151re utal\u00e1ssal vagy bankk\u00e1rty\u00e1val tudsz fizetni, az utal\u00e1shoz a v\u00e1s\u00e1rl\u00e1s ut\u00e1n megadott email c\u00edmre k\u00fcld\u00f6m az adatokat.\n\nSZERZ\u0150I JOG:\n\nFelh\u00edvom figyelmedet, hogy a term\u00e9keken tal\u00e1lhat\u00f3 grafika, valamint a hozz\u00e1 tartoz\u00f3 k\u00e9pek szerz\u0151i jogv\u00e9delem alatt \u00e1llnak \u00e9s a szerz\u0151i jog ide vonatkoz\u00f3 r\u00e9szei v\u00e9dik. A term\u00e9k megv\u00e1s\u00e1rl\u00e1s\u00e1val a grafika tulajdonjoga nem ker\u00fcl \u00e1t a v\u00e1s\u00e1rl\u00f3ra, az tov\u00e1bbra is az alkot\u00f3 tulajdon\u00e1t k\u00e9pezi, ez\u00e9rt az alkot\u00f3 tudt\u00e1n k\u00edv\u00fcl b\u00e1rmilyen felhaszn\u00e1l\u00e1sa \u00e9s sokszoros\u00edt\u00e1sa TILOS.","price":"1590.00","unit":"db","recommended":"0","status":"1","sponsored":"0","exp_notify":"0","own_material":"0","own_material_description_old":null,"own_material_description":"","jury":"0","jury_number":"","product_nature":"","meskaracsony":"0","create_date":"2026-02-07 17:34:16","shelve_id":"44837","image":"cristallodesign_product_192651_250221052417_51582.jpeg","image_width":"480","image_height":"480","image_alt":"Erdei party gyerekszoba, \u00f3vodai poszter, jazz band falik\u00e9p szett 3 db , Kedves zen\u00e9l\u0151, t\u00e1ncol\u00f3 erdei \u00e1llatokkal illusztr\u00e1lt akvarell k\u00e9pek, mely igaz\u00e1n remek aj\u00e1nd\u00e9k, ha ba..., Meska","image_title":"Erdei party gyerekszoba, \u00f3vodai poszter, jazz band falik\u00e9p szett 3 db , Meska","view_count":"2990","favourite_count":"0","trending_score":"0","last2MonthFavouriteCount":"0","promotion":"0","giftcard_accept":"1","creditcard_accept":true,"enhanced_background":"0","domain":"meska","specific_customer_id":null,"specific_customer_name":null,"to_order_product":"0","to_order_product_time":"0","product_different":null,"product_different_description":"","vintage":"0","vintage_category_id":"0","recycled":"0","gemstone_id":"0","customizable":"0","type_category":"physical","zerowaste":"0","postage_price":"1290.00","shop_order":"419","has_category":"1","landing_pages":null,"microdata":{"number":79,"category":""},"title":"Erdei party gyerekszoba, \u00f3vodai poszter, jazz band falik\u00e9p szett 3 db ","description":"Kedves zen\u00e9l\u0151, t\u00e1ncol\u00f3 erdei \u00e1llatokkal illusztr\u00e1lt akvarell k\u00e9pek, mely igaz\u00e1n remek aj\u00e1nd\u00e9k, ha babav\u00e1r\u00f3 partira k\u00e9sz\u00fclsz, vagy sz\u00fclet\u00e9snapi aj\u00e1nd\u00e9kot keresel.\n\nA fenti \u00e1r 1 db k\u00e9pre vonatkozik A\/4 m\u00e9retben, keret n\u00e9lk\u00fcl.\n\nM\u00e9retek:    \n210 \u00d7 297 mm A\/4\n297 \u00d7 420 mm A\/3 \nPap\u00edr:     200 g matt pr\u00e9mium pap\u00edr\n\nDIGIT\u00c1LIS V\u00c1LTOZATBAN IS MEGRENDELHETED!\nA posztert csak t\u00f6ltsd le, nyomtasd ki \u00e9s m\u00e1r aj\u00e1nd\u00e9kozhatod is.\n\n\u2605 t\u00f6ltsd le \u2605 nyomtasd ki \u2605 keretezd be \u2605 akaszd fel \u2605 ilyen egyszer\u0171!\n\nA posztereket nagy felbont\u00e1s\u00fa Jpg form\u00e1tumban elektronikusan k\u00fcld\u00f6m el\u0151re utal\u00e1st k\u00f6vet\u0151en. \n\nFIZIKAI TERM\u00c9K NEM KER\u00dcL POST\u00c1Z\u00c1SRA!\n\nA let\u00f6lthet\u0151, digit\u00e1lis k\u00e9p vagy poszter egyszer\u0171 \u00e9s megfizethet\u0151 m\u00f3dja annak, hogy egyediv\u00e9 var\u00e1zsold otthonod vagy irod\u00e1d bels\u0151 ter\u00e9t. Kinyomtathatod a k\u00e9peket otthon, vagy ak\u00e1r a helyi f\u00e9nym\u00e1sol\u00f3 \u00fczletben is.\n\nA posztersorozat t\u00f6bbi darabj\u00e1t itt tal\u00e1lod:\nhttps:\/\/www.meska.hu\/p4790992-kislany-sapkaban-falikep-skandinav-poszter-gyerekszoba-falikep-ajandek-lanynak\nhttps:\/\/www.meska.hu\/p4872916-viragos-falikep-skandinav-poszter-gyerekszoba-falikep-ajandek\nhttps:\/\/www.meska.hu\/p4792208-teli-oszi-falikep-skandinav-poszter-gyerekszoba-falikep-ajandek\nhttps:\/\/www.meska.hu\/p4789985-ozikes-falikep-skandinav-poszter-gyerekszoba-falikep-karacsonyi-ajandek\nhttps:\/\/www.meska.hu\/p4870067-lepkes-falikep-skandinav-poszter-gyerekszoba-falikep-ajandek\n\nItt tal\u00e1lsz m\u00e9g t\u00f6bb gyerekszoba dekor\u00e1ci\u00f3t:\nhttps:\/\/www.meska.hu\/shop\/Cristallodesign?s=44837\n\nA V\u00c1S\u00c1RL\u00c1S MENETE:  \n\n1. A megfelel\u0151 mennyis\u00e9g\u0171 k\u00e9pet helyezd a kosaradba \u00e9s ind\u00edtsd el a v\u00e1s\u00e1rl\u00e1st. \n2. A teljes \u00f6sszeg be\u00e9rkez\u00e9se ut\u00e1n ker\u00fcl nyomtat\u00e1sra, vagy digit\u00e1lis v\u00e1ltozatban elk\u00fcld\u00e9sre a k\u00e9p\n\n*A k\u00e9pen l\u00e1that\u00f3 dekor\u00e1ci\u00f3k nem k\u00e9pezik a term\u00e9k r\u00e9sz\u00e9t \n\nHa egyedi k\u00e9r\u00e9sed vagy k\u00e9rd\u00e9sed van, k\u00e9rlek k\u00fcldj \u00fczenetet. \nA k\u00fcl\u00f6nb\u00f6z\u0151 k\u00e9perny\u0151k k\u00fcl\u00f6nb\u00f6z\u0151 m\u00f3don jelen\u00edthetik meg a grafik\u00e1t, ez\u00e9rt kis m\u00e9rt\u00e9kben elt\u00e9rhet a k\u00e9perny\u0151n l\u00e1tott a nyomtatott v\u00e1ltozatt\u00f3l. \nA term\u00e9keim nagyobb t\u00e9telben is kaphat\u00f3k.  \n\nFIZET\u00c9S:  \n\nEl\u0151re utal\u00e1ssal vagy bankk\u00e1rty\u00e1val tudsz fizetni, az utal\u00e1shoz a v\u00e1s\u00e1rl\u00e1s ut\u00e1n megadott email c\u00edmre k\u00fcld\u00f6m az adatokat.\n\nSZERZ\u0150I JOG:\n\nFelh\u00edvom figyelmedet, hogy a term\u00e9keken tal\u00e1lhat\u00f3 grafika, valamint a hozz\u00e1 tartoz\u00f3 k\u00e9pek szerz\u0151i jogv\u00e9delem alatt \u00e1llnak \u00e9s a szerz\u0151i jog ide vonatkoz\u00f3 r\u00e9szei v\u00e9dik. A term\u00e9k megv\u00e1s\u00e1rl\u00e1s\u00e1val a grafika tulajdonjoga nem ker\u00fcl \u00e1t a v\u00e1s\u00e1rl\u00f3ra, az tov\u00e1bbra is az alkot\u00f3 tulajdon\u00e1t k\u00e9pezi, ez\u00e9rt az alkot\u00f3 tudt\u00e1n k\u00edv\u00fcl b\u00e1rmilyen felhaszn\u00e1l\u00e1sa \u00e9s sokszoros\u00edt\u00e1sa TILOS.","score":0,"formatted_price":"1 590 Ft","image_url":"https:\/\/www.meska.hu\/img\/product\/small\/c\/r\/cristallodesign_product_192651_250221052417_51582.jpeg","formatted_url":"https:\/\/www.meska.hu\/p3464948-babaszuletesi-ertesito-babakoszonto-lap-megerkeztem-babafoto-kartya-bababejelento-kartya-baba-kartya-kislanyoknak","favourite":false,"in_stock":true,"avatar":"192651_avatar_1694586040.jpeg","delete_from":0,"is_enhanced_background":false,"is_enhanced":false,"product_selection_started":false,"is_active":true,"image_webp_url":"https:\/\/www.meska.hu\/img\/product\/small\/c\/r\/cristallodesign_product_192651_250221052417_51582.webp"},{"id":"4521807","shop_id":"19751","user_id":"192651","shop_name":"CristalloDesign","shop_zip":"2483","product_code":"4794256","product_name_old":null,"product_name":"Meg\u00e9rkeztem baba poszter, megsz\u00fclettem adatok, keresztel\u0151 aj\u00e1nd\u00e9k","category_string":"Baba - mama, Babaposzter, Babaszoba dekor\u00e1ci\u00f3","technic_string":"Fot\u00f3, grafika, rajz, illusztr\u00e1ci\u00f3, Pap\u00edrm\u0171v\u00e9szet","category_1":"1735","category_2":"1759","category_3":"1466","category_4":"0","merged_category_1":null,"merged_category_2":null,"merged_category_3":null,"technic_1":"483","technic_2":"497","technic_3":"0","color_1":"568","color_2":"523","color_3":"529","product_description_old":null,"product_description":"Egyedi, n\u00e9vre sz\u00f3l\u00f3 meg\u00e9rkeztem poszter, im\u00e1dnival\u00f3 eg\u00e9rk\u00e9vel illusztr\u00e1lt babaszoba falik\u00e9p. Remek aj\u00e1nd\u00e9k \u00fajsz\u00fcl\u00f6tteknek, korh\u00e1zb\u00f3l hazaj\u00f6vetelre, n\u00e9vnapra, keresztel\u0151re, kar\u00e1csonyra!  \n\nA fenti \u00e1r 1 db k\u00e9pre vonatkozik A\/4 m\u00e9retben, keret n\u00e9lk\u00fcl!  \n\nM\u00e9retek:    \n210 \u00d7 297 mm A\/4\n297 \u00d7 420 mm A\/3 \nPap\u00edr:     200 g matt pr\u00e9mium pap\u00edr\n\nK\u00e9rlek hogy a v\u00e1s\u00e1rl\u00e1s ut\u00e1n a poszteren tal\u00e1lhat\u00f3 sz\u00f6vegnek megfelel\u0151en k\u00fcldd el azokat az adatokat, amiket viszont szeretn\u00e9l l\u00e1tni a poszteren! (N\u00e9v, sz\u00fclet\u00e9s pontos id\u0151pontja, sz\u00fclet\u00e9si s\u00faly, m\u00e9ret)\n\nDIGIT\u00c1LIS V\u00c1LTOZATBAN IS MEGRENDELHETED!\nA posztert csak t\u00f6ltsd le, nyomtasd ki \u00e9s m\u00e1r aj\u00e1nd\u00e9kozhatod is.\n\n\u2605 t\u00f6ltsd le \u2605 nyomtasd ki \u2605 keretezd be \u2605 akaszd fel \u2605 ilyen egyszer\u0171!\n\nA posztereket nagy felbont\u00e1s\u00fa Jpg form\u00e1tumban elektronikusan k\u00fcld\u00f6m el\u0151re utal\u00e1st k\u00f6vet\u0151en. \n\nFIZIKAI TERM\u00c9K NEM KER\u00dcL POST\u00c1Z\u00c1SRA!\n\nA let\u00f6lthet\u0151, digit\u00e1lis k\u00e9p vagy poszter egyszer\u0171 \u00e9s megfizethet\u0151 m\u00f3dja annak, hogy egyediv\u00e9 var\u00e1zsold otthonod vagy irod\u00e1d bels\u0151 ter\u00e9t. Kinyomtathatod a k\u00e9peket otthon, vagy ak\u00e1r a helyi f\u00e9nym\u00e1sol\u00f3 \u00fczletben is.\n\nRendelhetsz a poszter grafik\u00e1j\u00e1hoz passzol\u00f3 kieg\u00e9sz\u00edt\u0151ket is:\nhttps:\/\/www.meska.hu\/p4794280-egyedi-fenykepes-kepeslap-keresztelo-meghivo-kislanynak-kisfiunak\n\nhttps:\/\/www.meska.hu\/p5277884-keresztszulo-felkero-kartya\n\nV\u00e1logass a t\u00f6bbi bababejelent\u0151 term\u00e9keim k\u00f6z\u00f6tt is, melyeket itt tal\u00e1lsz\nhttps:\/\/www.meska.hu\/shop\/Cristallodesign?s=76498\n\nA V\u00c1S\u00c1RL\u00c1S MENETE:  \n\n1. Tedd a megfelel\u0151 darabsz\u00e1mot a kosaradba, \u00e9s a v\u00e1s\u00e1rl\u00e1s ut\u00e1n k\u00fcldd el a r\u00e1\u00edrand\u00f3 sz\u00f6vegeket (esetleges egy\u00e9b k\u00e9r\u00e9seket) a megadott e-mail c\u00edmre. Erre a v\u00e1s\u00e1rl\u00e1s lead\u00e1sakor is van lehet\u0151s\u00e9ged a Kos\u00e1r oldalon. \n2. Hamarosan, 1-2 napon bel\u00fcl e-mailben megkapod a l\u00e1tv\u00e1nytervet az \u00e1ltalad k\u00fcld\u00f6tt sz\u00f6veggel (ha sz\u00fcks\u00e9ges, m\u00f3dos\u00edtani 2x van lehet\u0151s\u00e9ged).\n3. Amint v\u00e9gleges, \u00e1ltalad j\u00f3v\u00e1hagyott a terv, \u00e9s az \u00f6sszeg be\u00e9rkezett a banksz\u00e1ml\u00e1ra, akkor ker\u00fcl nyomd\u00e1ba a megrendelt term\u00e9k. Csak abban az esetben kezd\u0151dik meg a k\u00e9p nyomtat\u00e1sa, ha a teljes \u00f6sszeg be\u00e9rkezett a banksz\u00e1ml\u00e1ra.\n\n\nFONTOS!\n\n1. Az \u00e1r a k\u00e9pen l\u00e1that\u00f3 grafik\u00e1ra vonatkozik, szem\u00e9lyre szabott sz\u00f6veggel.\n2. Rendel\u00e9s lead\u00e1s ut\u00e1n e-mailben t\u00f6rt\u00e9nik a kommunik\u00e1ci\u00f3. \n3. Az \u00e1r a l\u00e1tv\u00e1nyterven 2 db sz\u00f6vegbeli m\u00f3dos\u00edt\u00e1st (el\u00edr\u00e1sok jav\u00edt\u00e1sa) tartalmaz, mely szint\u00e9n e-mailes \u00fczenetv\u00e1lt\u00e1sban t\u00f6rt\u00e9nik. K\u00e9rlek, hogy mindig alaposan olvasd \u00e9s n\u00e9zd \u00e1t a tervet!\n4. A l\u00e1tv\u00e1nyterv v\u00e9gleges j\u00f3v\u00e1hagy\u00e1sa \u00e9s a kifizet\u00e9s ut\u00e1n ker\u00fcl nyomd\u00e1ba az \u00e1ltalad megrendelt term\u00e9k. \u00c1tlagosan 7-10 munkanappal kell sz\u00e1molnod a term\u00e9k k\u00e9zhezv\u00e9tel\u00e9re. (kivitelez\u00e9s + sz\u00e1ll\u00edt\u00e1si id\u0151)\n5. Egyedi kivitelez\u00e9sre, a k\u00e9pen l\u00e1that\u00f3 tervt\u0151l elt\u00e9r\u0151 grafik\u00e1ra van lehet\u0151s\u00e9ged, el\u0151zetes egyeztet\u00e9s ut\u00e1n. \n\nA k\u00e9p matt 200 g min\u0151s\u00e9gi pap\u00edrra ker\u00fcl kinyomtat\u00e1sra az \u00e1ltalad kiv\u00e1lasztott m\u00e9retben.\n*A k\u00e9pen l\u00e1that\u00f3 dekor\u00e1ci\u00f3k nem k\u00e9pezik a term\u00e9k r\u00e9sz\u00e9t \n\nHa egyedi k\u00e9r\u00e9sed vagy k\u00e9rd\u00e9sed van, k\u00e9rlek k\u00fcldj \u00fczenetet. \nA k\u00fcl\u00f6nb\u00f6z\u0151 k\u00e9perny\u0151k k\u00fcl\u00f6nb\u00f6z\u0151 m\u00f3don jelen\u00edthetik meg a grafik\u00e1t, ez\u00e9rt kis m\u00e9rt\u00e9kben elt\u00e9rhet a k\u00e9perny\u0151n l\u00e1tott a nyomtatott v\u00e1ltozatt\u00f3l. \nA term\u00e9keim nagyobb t\u00e9telben is kaphat\u00f3k.  \n\nFIZET\u00c9S:  \n\nEl\u0151re utal\u00e1ssal vagy bankk\u00e1rty\u00e1val tudsz fizetni, az utal\u00e1shoz a v\u00e1s\u00e1rl\u00e1s ut\u00e1n megadott email c\u00edmre k\u00fcld\u00f6m az adatokat.\n\nSZERZ\u0150I JOG:\n\nFelh\u00edvom figyelmedet, hogy a term\u00e9keken tal\u00e1lhat\u00f3 grafika, valamint a hozz\u00e1 tartoz\u00f3 k\u00e9pek szerz\u0151i jogv\u00e9delem alatt \u00e1llnak \u00e9s a szerz\u0151i jog ide vonatkoz\u00f3 r\u00e9szei v\u00e9dik. A term\u00e9k megv\u00e1s\u00e1rl\u00e1s\u00e1val a grafika tulajdonjoga nem ker\u00fcl \u00e1t a v\u00e1s\u00e1rl\u00f3ra, az tov\u00e1bbra is az alkot\u00f3 tulajdon\u00e1t k\u00e9pezi, ez\u00e9rt az alkot\u00f3 tudt\u00e1n k\u00edv\u00fcl b\u00e1rmilyen felhaszn\u00e1l\u00e1sa \u00e9s sokszoros\u00edt\u00e1sa TILOS.","price":"1890.00","unit":"db","recommended":"0","status":"1","sponsored":"0","exp_notify":"0","own_material":"0","own_material_description_old":null,"own_material_description":"","jury":"0","jury_number":"","product_nature":"","meskaracsony":"0","create_date":"2026-02-07 17:29:52","shelve_id":"76498","image":"cristallodesign_product_192651_250715132648_072284.jpeg","image_width":"480","image_height":"383","image_alt":"Meg\u00e9rkeztem baba poszter, megsz\u00fclettem adatok, keresztel\u0151 aj\u00e1nd\u00e9k, Egyedi, n\u00e9vre sz\u00f3l\u00f3 meg\u00e9rkeztem poszter, im\u00e1dnival\u00f3 eg\u00e9rk\u00e9vel illusztr\u00e1lt babaszoba falik\u00e9p. Remek a..., Meska","image_title":"Meg\u00e9rkeztem baba poszter, megsz\u00fclettem adatok, keresztel\u0151 aj\u00e1nd\u00e9k, Meska","view_count":"1305","favourite_count":"0","trending_score":"0","last2MonthFavouriteCount":"1","promotion":"0","giftcard_accept":"1","creditcard_accept":true,"enhanced_background":"0","domain":"meska","specific_customer_id":null,"specific_customer_name":null,"to_order_product":"1","to_order_product_time":"4","product_different":null,"product_different_description":"","vintage":"1","vintage_category_id":"885","recycled":"0","gemstone_id":"835","customizable":"1","type_category":"physical","zerowaste":"0","postage_price":"1290.00","shop_order":"444","has_category":"1","landing_pages":null,"microdata":{"number":80,"category":""},"title":"Meg\u00e9rkeztem baba poszter, megsz\u00fclettem adatok, keresztel\u0151 aj\u00e1nd\u00e9k","description":"Egyedi, n\u00e9vre sz\u00f3l\u00f3 meg\u00e9rkeztem poszter, im\u00e1dnival\u00f3 eg\u00e9rk\u00e9vel illusztr\u00e1lt babaszoba falik\u00e9p. Remek aj\u00e1nd\u00e9k \u00fajsz\u00fcl\u00f6tteknek, korh\u00e1zb\u00f3l hazaj\u00f6vetelre, n\u00e9vnapra, keresztel\u0151re, kar\u00e1csonyra!  \n\nA fenti \u00e1r 1 db k\u00e9pre vonatkozik A\/4 m\u00e9retben, keret n\u00e9lk\u00fcl!  \n\nM\u00e9retek:    \n210 \u00d7 297 mm A\/4\n297 \u00d7 420 mm A\/3 \nPap\u00edr:     200 g matt pr\u00e9mium pap\u00edr\n\nK\u00e9rlek hogy a v\u00e1s\u00e1rl\u00e1s ut\u00e1n a poszteren tal\u00e1lhat\u00f3 sz\u00f6vegnek megfelel\u0151en k\u00fcldd el azokat az adatokat, amiket viszont szeretn\u00e9l l\u00e1tni a poszteren! (N\u00e9v, sz\u00fclet\u00e9s pontos id\u0151pontja, sz\u00fclet\u00e9si s\u00faly, m\u00e9ret)\n\nDIGIT\u00c1LIS V\u00c1LTOZATBAN IS MEGRENDELHETED!\nA posztert csak t\u00f6ltsd le, nyomtasd ki \u00e9s m\u00e1r aj\u00e1nd\u00e9kozhatod is.\n\n\u2605 t\u00f6ltsd le \u2605 nyomtasd ki \u2605 keretezd be \u2605 akaszd fel \u2605 ilyen egyszer\u0171!\n\nA posztereket nagy felbont\u00e1s\u00fa Jpg form\u00e1tumban elektronikusan k\u00fcld\u00f6m el\u0151re utal\u00e1st k\u00f6vet\u0151en. \n\nFIZIKAI TERM\u00c9K NEM KER\u00dcL POST\u00c1Z\u00c1SRA!\n\nA let\u00f6lthet\u0151, digit\u00e1lis k\u00e9p vagy poszter egyszer\u0171 \u00e9s megfizethet\u0151 m\u00f3dja annak, hogy egyediv\u00e9 var\u00e1zsold otthonod vagy irod\u00e1d bels\u0151 ter\u00e9t. Kinyomtathatod a k\u00e9peket otthon, vagy ak\u00e1r a helyi f\u00e9nym\u00e1sol\u00f3 \u00fczletben is.\n\nRendelhetsz a poszter grafik\u00e1j\u00e1hoz passzol\u00f3 kieg\u00e9sz\u00edt\u0151ket is:\nhttps:\/\/www.meska.hu\/p4794280-egyedi-fenykepes-kepeslap-keresztelo-meghivo-kislanynak-kisfiunak\n\nhttps:\/\/www.meska.hu\/p5277884-keresztszulo-felkero-kartya\n\nV\u00e1logass a t\u00f6bbi bababejelent\u0151 term\u00e9keim k\u00f6z\u00f6tt is, melyeket itt tal\u00e1lsz\nhttps:\/\/www.meska.hu\/shop\/Cristallodesign?s=76498\n\nA V\u00c1S\u00c1RL\u00c1S MENETE:  \n\n1. Tedd a megfelel\u0151 darabsz\u00e1mot a kosaradba, \u00e9s a v\u00e1s\u00e1rl\u00e1s ut\u00e1n k\u00fcldd el a r\u00e1\u00edrand\u00f3 sz\u00f6vegeket (esetleges egy\u00e9b k\u00e9r\u00e9seket) a megadott e-mail c\u00edmre. Erre a v\u00e1s\u00e1rl\u00e1s lead\u00e1sakor is van lehet\u0151s\u00e9ged a Kos\u00e1r oldalon. \n2. Hamarosan, 1-2 napon bel\u00fcl e-mailben megkapod a l\u00e1tv\u00e1nytervet az \u00e1ltalad k\u00fcld\u00f6tt sz\u00f6veggel (ha sz\u00fcks\u00e9ges, m\u00f3dos\u00edtani 2x van lehet\u0151s\u00e9ged).\n3. Amint v\u00e9gleges, \u00e1ltalad j\u00f3v\u00e1hagyott a terv, \u00e9s az \u00f6sszeg be\u00e9rkezett a banksz\u00e1ml\u00e1ra, akkor ker\u00fcl nyomd\u00e1ba a megrendelt term\u00e9k. Csak abban az esetben kezd\u0151dik meg a k\u00e9p nyomtat\u00e1sa, ha a teljes \u00f6sszeg be\u00e9rkezett a banksz\u00e1ml\u00e1ra.\n\n\nFONTOS!\n\n1. Az \u00e1r a k\u00e9pen l\u00e1that\u00f3 grafik\u00e1ra vonatkozik, szem\u00e9lyre szabott sz\u00f6veggel.\n2. Rendel\u00e9s lead\u00e1s ut\u00e1n e-mailben t\u00f6rt\u00e9nik a kommunik\u00e1ci\u00f3. \n3. Az \u00e1r a l\u00e1tv\u00e1nyterven 2 db sz\u00f6vegbeli m\u00f3dos\u00edt\u00e1st (el\u00edr\u00e1sok jav\u00edt\u00e1sa) tartalmaz, mely szint\u00e9n e-mailes \u00fczenetv\u00e1lt\u00e1sban t\u00f6rt\u00e9nik. K\u00e9rlek, hogy mindig alaposan olvasd \u00e9s n\u00e9zd \u00e1t a tervet!\n4. A l\u00e1tv\u00e1nyterv v\u00e9gleges j\u00f3v\u00e1hagy\u00e1sa \u00e9s a kifizet\u00e9s ut\u00e1n ker\u00fcl nyomd\u00e1ba az \u00e1ltalad megrendelt term\u00e9k. \u00c1tlagosan 7-10 munkanappal kell sz\u00e1molnod a term\u00e9k k\u00e9zhezv\u00e9tel\u00e9re. (kivitelez\u00e9s + sz\u00e1ll\u00edt\u00e1si id\u0151)\n5. Egyedi kivitelez\u00e9sre, a k\u00e9pen l\u00e1that\u00f3 tervt\u0151l elt\u00e9r\u0151 grafik\u00e1ra van lehet\u0151s\u00e9ged, el\u0151zetes egyeztet\u00e9s ut\u00e1n. \n\nA k\u00e9p matt 200 g min\u0151s\u00e9gi pap\u00edrra ker\u00fcl kinyomtat\u00e1sra az \u00e1ltalad kiv\u00e1lasztott m\u00e9retben.\n*A k\u00e9pen l\u00e1that\u00f3 dekor\u00e1ci\u00f3k nem k\u00e9pezik a term\u00e9k r\u00e9sz\u00e9t \n\nHa egyedi k\u00e9r\u00e9sed vagy k\u00e9rd\u00e9sed van, k\u00e9rlek k\u00fcldj \u00fczenetet. \nA k\u00fcl\u00f6nb\u00f6z\u0151 k\u00e9perny\u0151k k\u00fcl\u00f6nb\u00f6z\u0151 m\u00f3don jelen\u00edthetik meg a grafik\u00e1t, ez\u00e9rt kis m\u00e9rt\u00e9kben elt\u00e9rhet a k\u00e9perny\u0151n l\u00e1tott a nyomtatott v\u00e1ltozatt\u00f3l. \nA term\u00e9keim nagyobb t\u00e9telben is kaphat\u00f3k.  \n\nFIZET\u00c9S:  \n\nEl\u0151re utal\u00e1ssal vagy bankk\u00e1rty\u00e1val tudsz fizetni, az utal\u00e1shoz a v\u00e1s\u00e1rl\u00e1s ut\u00e1n megadott email c\u00edmre k\u00fcld\u00f6m az adatokat.\n\nSZERZ\u0150I JOG:\n\nFelh\u00edvom figyelmedet, hogy a term\u00e9keken tal\u00e1lhat\u00f3 grafika, valamint a hozz\u00e1 tartoz\u00f3 k\u00e9pek szerz\u0151i jogv\u00e9delem alatt \u00e1llnak \u00e9s a szerz\u0151i jog ide vonatkoz\u00f3 r\u00e9szei v\u00e9dik. A term\u00e9k megv\u00e1s\u00e1rl\u00e1s\u00e1val a grafika tulajdonjoga nem ker\u00fcl \u00e1t a v\u00e1s\u00e1rl\u00f3ra, az tov\u00e1bbra is az alkot\u00f3 tulajdon\u00e1t k\u00e9pezi, ez\u00e9rt az alkot\u00f3 tudt\u00e1n k\u00edv\u00fcl b\u00e1rmilyen felhaszn\u00e1l\u00e1sa \u00e9s sokszoros\u00edt\u00e1sa TILOS.","score":0,"formatted_price":"1 890 Ft","image_url":"https:\/\/www.meska.hu\/img\/product\/small\/c\/r\/cristallodesign_product_192651_250715132648_072284.jpeg","formatted_url":"https:\/\/www.meska.hu\/p4794256-megerkeztem-egerkes-babaposzter-megszulettem-szemelyre-szolo-ajandek-keresztelore-ujszulott-ajandek-babaszobaba-kep","favourite":false,"in_stock":false,"avatar":"192651_avatar_1694586040.jpeg","delete_from":0,"is_enhanced_background":false,"is_enhanced":false,"product_selection_started":false,"is_active":true,"image_webp_url":"https:\/\/www.meska.hu\/img\/product\/small\/c\/r\/cristallodesign_product_192651_250715132648_072284.webp"},{"id":"5026352","shop_id":"19751","user_id":"192651","shop_name":"CristalloDesign","shop_zip":"2483","product_code":"5100364","product_name_old":null,"product_name":"Meg\u00e9rkeztem baba poszter, megsz\u00fclettem adatok, nyuszis keresztel\u0151 aj\u00e1nd\u00e9k","category_string":"Baba - mama, Babaposzter, Babaszoba dekor\u00e1ci\u00f3","technic_string":"Fot\u00f3, grafika, rajz, illusztr\u00e1ci\u00f3, Pap\u00edrm\u0171v\u00e9szet","category_1":"1735","category_2":"1759","category_3":"1466","category_4":"0","merged_category_1":null,"merged_category_2":null,"merged_category_3":null,"technic_1":"483","technic_2":"497","technic_3":"0","color_1":"515","color_2":"568","color_3":"529","product_description_old":null,"product_description":"Egyedi, n\u00e9vre sz\u00f3l\u00f3 meg\u00e9rkeztem poszter, im\u00e1dnival\u00f3 nyuszival illusztr\u00e1lt babaszoba falik\u00e9p. Remek aj\u00e1nd\u00e9k \u00fajsz\u00fcl\u00f6tteknek, korh\u00e1zb\u00f3l hazaj\u00f6vetelre, n\u00e9vnapra, keresztel\u0151re, kar\u00e1csonyra!  \n\nA fenti \u00e1r 1 db k\u00e9pre vonatkozik A\/4 m\u00e9retben, keret n\u00e9lk\u00fcl!  \n\nM\u00e9retek:    \n210 \u00d7 297 mm A\/4\n297 \u00d7 420 mm A\/3 \nPap\u00edr:     200 g matt pr\u00e9mium pap\u00edr\n\nK\u00e9rlek hogy a v\u00e1s\u00e1rl\u00e1s ut\u00e1n a poszteren tal\u00e1lhat\u00f3 sz\u00f6vegnek megfelel\u0151en k\u00fcldd el azokat az adatokat, amiket viszont szeretn\u00e9l l\u00e1tni a poszteren! (N\u00e9v, sz\u00fclet\u00e9s pontos id\u0151pontja, sz\u00fclet\u00e9si s\u00faly, m\u00e9ret)\n\nDIGIT\u00c1LIS V\u00c1LTOZATBAN IS MEGRENDELHETED!\nA posztert csak t\u00f6ltsd le, nyomtasd ki \u00e9s m\u00e1r aj\u00e1nd\u00e9kozhatod is.\n\n\u2605 t\u00f6ltsd le \u2605 nyomtasd ki \u2605 keretezd be \u2605 akaszd fel \u2605 ilyen egyszer\u0171!\n\nA posztereket nagy felbont\u00e1s\u00fa Jpg form\u00e1tumban elektronikusan k\u00fcld\u00f6m el\u0151re utal\u00e1st k\u00f6vet\u0151en. \n\nFIZIKAI TERM\u00c9K NEM KER\u00dcL POST\u00c1Z\u00c1SRA!\n\nA let\u00f6lthet\u0151, digit\u00e1lis k\u00e9p vagy poszter egyszer\u0171 \u00e9s megfizethet\u0151 m\u00f3dja annak, hogy egyediv\u00e9 var\u00e1zsold otthonod vagy irod\u00e1d bels\u0151 ter\u00e9t. Kinyomtathatod a k\u00e9peket otthon, vagy ak\u00e1r a helyi f\u00e9nym\u00e1sol\u00f3 \u00fczletben is.\n\nRendelhetsz a poszter grafik\u00e1j\u00e1hoz passzol\u00f3 kieg\u00e9sz\u00edt\u0151ket is:\n\nhttps:\/\/www.meska.hu\/p4794195-egyedi-fenykepes-kepeslap-nyuszis-keresztelo-meghivo-kislanynak\nhttps:\/\/www.meska.hu\/p4789951-baba-body-egyedi-szemelyre-szolo-ujszulottnek-babakoszonto-babaszuletesre-keresztelore-ajandek-feliratos-body\n\nV\u00e1logass a t\u00f6bbi bababejelent\u0151 term\u00e9keim k\u00f6z\u00f6tt is, melyeket itt tal\u00e1lsz\nhttps:\/\/www.meska.hu\/shop\/Cristallodesign?s=76498\n\nA V\u00c1S\u00c1RL\u00c1S MENETE:  \n\n*A k\u00e9pen l\u00e1that\u00f3 dekor\u00e1ci\u00f3k nem k\u00e9pezik a term\u00e9k r\u00e9sz\u00e9t \n\n1. Tedd a megfelel\u0151 darabsz\u00e1mot a kosaradba, \u00e9s a v\u00e1s\u00e1rl\u00e1s ut\u00e1n k\u00fcldd el a r\u00e1\u00edrand\u00f3 sz\u00f6vegeket (esetleges egy\u00e9b k\u00e9r\u00e9seket) a megadott e-mail c\u00edmre. Erre a v\u00e1s\u00e1rl\u00e1s lead\u00e1sakor is van lehet\u0151s\u00e9ged a Kos\u00e1r oldalon. \n2. Hamarosan, 1-2 napon bel\u00fcl e-mailben megkapod a l\u00e1tv\u00e1nytervet az \u00e1ltalad k\u00fcld\u00f6tt sz\u00f6veggel (ha sz\u00fcks\u00e9ges, m\u00f3dos\u00edtani 2x van lehet\u0151s\u00e9ged).\n3. Amint v\u00e9gleges, \u00e1ltalad j\u00f3v\u00e1hagyott a terv, \u00e9s az \u00f6sszeg be\u00e9rkezett a banksz\u00e1ml\u00e1ra, akkor ker\u00fcl nyomd\u00e1ba a megrendelt term\u00e9k. Csak abban az esetben kezd\u0151dik meg a k\u00e9p nyomtat\u00e1sa, ha a teljes \u00f6sszeg be\u00e9rkezett a banksz\u00e1ml\u00e1ra.\n\nFONTOS!\n\n1. Az \u00e1r a k\u00e9pen l\u00e1that\u00f3 grafik\u00e1ra vonatkozik, szem\u00e9lyre szabott sz\u00f6veggel.\n2. Rendel\u00e9s lead\u00e1s ut\u00e1n e-mailben t\u00f6rt\u00e9nik a kommunik\u00e1ci\u00f3. \n3. Az \u00e1r a l\u00e1tv\u00e1nyterven 2 db sz\u00f6vegbeli m\u00f3dos\u00edt\u00e1st (el\u00edr\u00e1sok jav\u00edt\u00e1sa) tartalmaz, mely szint\u00e9n e-mailes \u00fczenetv\u00e1lt\u00e1sban t\u00f6rt\u00e9nik. K\u00e9rlek, hogy mindig alaposan olvasd \u00e9s n\u00e9zd \u00e1t a tervet!\n4. A l\u00e1tv\u00e1nyterv v\u00e9gleges j\u00f3v\u00e1hagy\u00e1sa \u00e9s a kifizet\u00e9s ut\u00e1n ker\u00fcl nyomd\u00e1ba az \u00e1ltalad megrendelt term\u00e9k. \u00c1tlagosan 7-10 munkanappal kell sz\u00e1molnod a term\u00e9k k\u00e9zhezv\u00e9tel\u00e9re. (kivitelez\u00e9s + sz\u00e1ll\u00edt\u00e1si id\u0151)\n5. Egyedi kivitelez\u00e9sre, a k\u00e9pen l\u00e1that\u00f3 tervt\u0151l elt\u00e9r\u0151 grafik\u00e1ra van lehet\u0151s\u00e9ged, el\u0151zetes egyeztet\u00e9s ut\u00e1n. \n\nHa egyedi k\u00e9r\u00e9sed vagy k\u00e9rd\u00e9sed van, k\u00e9rlek k\u00fcldj \u00fczenetet. \nA k\u00fcl\u00f6nb\u00f6z\u0151 k\u00e9perny\u0151k k\u00fcl\u00f6nb\u00f6z\u0151 m\u00f3don jelen\u00edthetik meg a grafik\u00e1t, ez\u00e9rt kis m\u00e9rt\u00e9kben elt\u00e9rhet a k\u00e9perny\u0151n l\u00e1tott a nyomtatott v\u00e1ltozatt\u00f3l. \nA term\u00e9keim nagyobb t\u00e9telben is kaphat\u00f3k.  \n\nFIZET\u00c9S:  \n\nEl\u0151re utal\u00e1ssal vagy bankk\u00e1rty\u00e1val tudsz fizetni, az utal\u00e1shoz a v\u00e1s\u00e1rl\u00e1s ut\u00e1n megadott email c\u00edmre k\u00fcld\u00f6m az adatokat.\n\nSZERZ\u0150I JOG:\n\nFelh\u00edvom figyelmedet, hogy a term\u00e9keken tal\u00e1lhat\u00f3 grafika, valamint a hozz\u00e1 tartoz\u00f3 k\u00e9pek szerz\u0151i jogv\u00e9delem alatt \u00e1llnak \u00e9s a szerz\u0151i jog ide vonatkoz\u00f3 r\u00e9szei v\u00e9dik. A term\u00e9k megv\u00e1s\u00e1rl\u00e1s\u00e1val a grafika tulajdonjoga nem ker\u00fcl \u00e1t a v\u00e1s\u00e1rl\u00f3ra, az tov\u00e1bbra is az alkot\u00f3 tulajdon\u00e1t k\u00e9pezi, ez\u00e9rt az alkot\u00f3 tudt\u00e1n k\u00edv\u00fcl b\u00e1rmilyen felhaszn\u00e1l\u00e1sa \u00e9s sokszoros\u00edt\u00e1sa TILOS.","price":"1890.00","unit":"db","recommended":"0","status":"1","sponsored":"0","exp_notify":"0","own_material":"0","own_material_description_old":null,"own_material_description":"","jury":"0","jury_number":"","product_nature":"","meskaracsony":"0","create_date":"2026-02-07 17:29:07","shelve_id":"76498","image":"cristallodesign_product_192651_250716082615_243683.jpeg","image_width":"480","image_height":"383","image_alt":"Meg\u00e9rkeztem baba poszter, megsz\u00fclettem adatok, nyuszis keresztel\u0151 aj\u00e1nd\u00e9k, Egyedi, n\u00e9vre sz\u00f3l\u00f3 meg\u00e9rkeztem poszter, im\u00e1dnival\u00f3 nyuszival illusztr\u00e1lt babaszoba falik\u00e9p. Remek a..., Meska","image_title":"Meg\u00e9rkeztem baba poszter, megsz\u00fclettem adatok, nyuszis keresztel\u0151 aj\u00e1nd\u00e9k, Meska","view_count":"682","favourite_count":"0","trending_score":"0","last2MonthFavouriteCount":"0","promotion":"0","giftcard_accept":"1","creditcard_accept":true,"enhanced_background":"0","domain":"meska","specific_customer_id":null,"specific_customer_name":null,"to_order_product":"1","to_order_product_time":"4","product_different":null,"product_different_description":"","vintage":"0","vintage_category_id":"0","recycled":"0","gemstone_id":"0","customizable":"1","type_category":"physical","zerowaste":"0","postage_price":"1290.00","shop_order":"450","has_category":"1","landing_pages":null,"microdata":{"number":81,"category":""},"title":"Meg\u00e9rkeztem baba poszter, megsz\u00fclettem adatok, nyuszis keresztel\u0151 aj\u00e1nd\u00e9k","description":"Egyedi, n\u00e9vre sz\u00f3l\u00f3 meg\u00e9rkeztem poszter, im\u00e1dnival\u00f3 nyuszival illusztr\u00e1lt babaszoba falik\u00e9p. Remek aj\u00e1nd\u00e9k \u00fajsz\u00fcl\u00f6tteknek, korh\u00e1zb\u00f3l hazaj\u00f6vetelre, n\u00e9vnapra, keresztel\u0151re, kar\u00e1csonyra!  \n\nA fenti \u00e1r 1 db k\u00e9pre vonatkozik A\/4 m\u00e9retben, keret n\u00e9lk\u00fcl!  \n\nM\u00e9retek:    \n210 \u00d7 297 mm A\/4\n297 \u00d7 420 mm A\/3 \nPap\u00edr:     200 g matt pr\u00e9mium pap\u00edr\n\nK\u00e9rlek hogy a v\u00e1s\u00e1rl\u00e1s ut\u00e1n a poszteren tal\u00e1lhat\u00f3 sz\u00f6vegnek megfelel\u0151en k\u00fcldd el azokat az adatokat, amiket viszont szeretn\u00e9l l\u00e1tni a poszteren! (N\u00e9v, sz\u00fclet\u00e9s pontos id\u0151pontja, sz\u00fclet\u00e9si s\u00faly, m\u00e9ret)\n\nDIGIT\u00c1LIS V\u00c1LTOZATBAN IS MEGRENDELHETED!\nA posztert csak t\u00f6ltsd le, nyomtasd ki \u00e9s m\u00e1r aj\u00e1nd\u00e9kozhatod is.\n\n\u2605 t\u00f6ltsd le \u2605 nyomtasd ki \u2605 keretezd be \u2605 akaszd fel \u2605 ilyen egyszer\u0171!\n\nA posztereket nagy felbont\u00e1s\u00fa Jpg form\u00e1tumban elektronikusan k\u00fcld\u00f6m el\u0151re utal\u00e1st k\u00f6vet\u0151en. \n\nFIZIKAI TERM\u00c9K NEM KER\u00dcL POST\u00c1Z\u00c1SRA!\n\nA let\u00f6lthet\u0151, digit\u00e1lis k\u00e9p vagy poszter egyszer\u0171 \u00e9s megfizethet\u0151 m\u00f3dja annak, hogy egyediv\u00e9 var\u00e1zsold otthonod vagy irod\u00e1d bels\u0151 ter\u00e9t. Kinyomtathatod a k\u00e9peket otthon, vagy ak\u00e1r a helyi f\u00e9nym\u00e1sol\u00f3 \u00fczletben is.\n\nRendelhetsz a poszter grafik\u00e1j\u00e1hoz passzol\u00f3 kieg\u00e9sz\u00edt\u0151ket is:\n\nhttps:\/\/www.meska.hu\/p4794195-egyedi-fenykepes-kepeslap-nyuszis-keresztelo-meghivo-kislanynak\nhttps:\/\/www.meska.hu\/p4789951-baba-body-egyedi-szemelyre-szolo-ujszulottnek-babakoszonto-babaszuletesre-keresztelore-ajandek-feliratos-body\n\nV\u00e1logass a t\u00f6bbi bababejelent\u0151 term\u00e9keim k\u00f6z\u00f6tt is, melyeket itt tal\u00e1lsz\nhttps:\/\/www.meska.hu\/shop\/Cristallodesign?s=76498\n\nA V\u00c1S\u00c1RL\u00c1S MENETE:  \n\n*A k\u00e9pen l\u00e1that\u00f3 dekor\u00e1ci\u00f3k nem k\u00e9pezik a term\u00e9k r\u00e9sz\u00e9t \n\n1. Tedd a megfelel\u0151 darabsz\u00e1mot a kosaradba, \u00e9s a v\u00e1s\u00e1rl\u00e1s ut\u00e1n k\u00fcldd el a r\u00e1\u00edrand\u00f3 sz\u00f6vegeket (esetleges egy\u00e9b k\u00e9r\u00e9seket) a megadott e-mail c\u00edmre. Erre a v\u00e1s\u00e1rl\u00e1s lead\u00e1sakor is van lehet\u0151s\u00e9ged a Kos\u00e1r oldalon. \n2. Hamarosan, 1-2 napon bel\u00fcl e-mailben megkapod a l\u00e1tv\u00e1nytervet az \u00e1ltalad k\u00fcld\u00f6tt sz\u00f6veggel (ha sz\u00fcks\u00e9ges, m\u00f3dos\u00edtani 2x van lehet\u0151s\u00e9ged).\n3. Amint v\u00e9gleges, \u00e1ltalad j\u00f3v\u00e1hagyott a terv, \u00e9s az \u00f6sszeg be\u00e9rkezett a banksz\u00e1ml\u00e1ra, akkor ker\u00fcl nyomd\u00e1ba a megrendelt term\u00e9k. Csak abban az esetben kezd\u0151dik meg a k\u00e9p nyomtat\u00e1sa, ha a teljes \u00f6sszeg be\u00e9rkezett a banksz\u00e1ml\u00e1ra.\n\nFONTOS!\n\n1. Az \u00e1r a k\u00e9pen l\u00e1that\u00f3 grafik\u00e1ra vonatkozik, szem\u00e9lyre szabott sz\u00f6veggel.\n2. Rendel\u00e9s lead\u00e1s ut\u00e1n e-mailben t\u00f6rt\u00e9nik a kommunik\u00e1ci\u00f3. \n3. Az \u00e1r a l\u00e1tv\u00e1nyterven 2 db sz\u00f6vegbeli m\u00f3dos\u00edt\u00e1st (el\u00edr\u00e1sok jav\u00edt\u00e1sa) tartalmaz, mely szint\u00e9n e-mailes \u00fczenetv\u00e1lt\u00e1sban t\u00f6rt\u00e9nik. K\u00e9rlek, hogy mindig alaposan olvasd \u00e9s n\u00e9zd \u00e1t a tervet!\n4. A l\u00e1tv\u00e1nyterv v\u00e9gleges j\u00f3v\u00e1hagy\u00e1sa \u00e9s a kifizet\u00e9s ut\u00e1n ker\u00fcl nyomd\u00e1ba az \u00e1ltalad megrendelt term\u00e9k. \u00c1tlagosan 7-10 munkanappal kell sz\u00e1molnod a term\u00e9k k\u00e9zhezv\u00e9tel\u00e9re. (kivitelez\u00e9s + sz\u00e1ll\u00edt\u00e1si id\u0151)\n5. Egyedi kivitelez\u00e9sre, a k\u00e9pen l\u00e1that\u00f3 tervt\u0151l elt\u00e9r\u0151 grafik\u00e1ra van lehet\u0151s\u00e9ged, el\u0151zetes egyeztet\u00e9s ut\u00e1n. \n\nHa egyedi k\u00e9r\u00e9sed vagy k\u00e9rd\u00e9sed van, k\u00e9rlek k\u00fcldj \u00fczenetet. \nA k\u00fcl\u00f6nb\u00f6z\u0151 k\u00e9perny\u0151k k\u00fcl\u00f6nb\u00f6z\u0151 m\u00f3don jelen\u00edthetik meg a grafik\u00e1t, ez\u00e9rt kis m\u00e9rt\u00e9kben elt\u00e9rhet a k\u00e9perny\u0151n l\u00e1tott a nyomtatott v\u00e1ltozatt\u00f3l. \nA term\u00e9keim nagyobb t\u00e9telben is kaphat\u00f3k.  \n\nFIZET\u00c9S:  \n\nEl\u0151re utal\u00e1ssal vagy bankk\u00e1rty\u00e1val tudsz fizetni, az utal\u00e1shoz a v\u00e1s\u00e1rl\u00e1s ut\u00e1n megadott email c\u00edmre k\u00fcld\u00f6m az adatokat.\n\nSZERZ\u0150I JOG:\n\nFelh\u00edvom figyelmedet, hogy a term\u00e9keken tal\u00e1lhat\u00f3 grafika, valamint a hozz\u00e1 tartoz\u00f3 k\u00e9pek szerz\u0151i jogv\u00e9delem alatt \u00e1llnak \u00e9s a szerz\u0151i jog ide vonatkoz\u00f3 r\u00e9szei v\u00e9dik. A term\u00e9k megv\u00e1s\u00e1rl\u00e1s\u00e1val a grafika tulajdonjoga nem ker\u00fcl \u00e1t a v\u00e1s\u00e1rl\u00f3ra, az tov\u00e1bbra is az alkot\u00f3 tulajdon\u00e1t k\u00e9pezi, ez\u00e9rt az alkot\u00f3 tudt\u00e1n k\u00edv\u00fcl b\u00e1rmilyen felhaszn\u00e1l\u00e1sa \u00e9s sokszoros\u00edt\u00e1sa TILOS.","score":0,"formatted_price":"1 890 Ft","image_url":"https:\/\/www.meska.hu\/img\/product\/small\/c\/r\/cristallodesign_product_192651_250716082615_243683.jpeg","formatted_url":"https:\/\/www.meska.hu\/p5100364-marci-cica-falikep-dekoracio-cicas-kep-poszter","favourite":false,"in_stock":false,"avatar":"192651_avatar_1694586040.jpeg","delete_from":0,"is_enhanced_background":false,"is_enhanced":false,"product_selection_started":false,"is_active":true,"image_webp_url":"https:\/\/www.meska.hu\/img\/product\/small\/c\/r\/cristallodesign_product_192651_250716082615_243683.webp"},{"id":"5026297","shop_id":"19751","user_id":"192651","shop_name":"CristalloDesign","shop_zip":"2483","product_code":"5100319","product_name_old":null,"product_name":"Meg\u00e9rkeztem baba poszter, megsz\u00fclettem adatok, nyuszis keresztel\u0151 aj\u00e1nd\u00e9k","category_string":"Baba - mama, Babaposzter, Babaszoba dekor\u00e1ci\u00f3","technic_string":"Fot\u00f3, grafika, rajz, illusztr\u00e1ci\u00f3, Pap\u00edrm\u0171v\u00e9szet","category_1":"1735","category_2":"1759","category_3":"1466","category_4":"0","merged_category_1":null,"merged_category_2":null,"merged_category_3":null,"technic_1":"483","technic_2":"497","technic_3":"0","color_1":"521","color_2":"568","color_3":"529","product_description_old":null,"product_description":"Egyedi, n\u00e9vre sz\u00f3l\u00f3 meg\u00e9rkeztem poszter, im\u00e1dnival\u00f3 nyuszival illusztr\u00e1lt babaszoba falik\u00e9p. Remek aj\u00e1nd\u00e9k \u00fajsz\u00fcl\u00f6tteknek, korh\u00e1zb\u00f3l hazaj\u00f6vetelre, n\u00e9vnapra, keresztel\u0151re, kar\u00e1csonyra!  \n\nA fenti \u00e1r 1 db k\u00e9pre vonatkozik A\/4 m\u00e9retben, keret n\u00e9lk\u00fcl!  \n\nM\u00e9retek:    \n210 \u00d7 297 mm A\/4\n297 \u00d7 420 mm A\/3 \nPap\u00edr:     200 g matt pr\u00e9mium pap\u00edr\n\nK\u00e9rlek hogy a v\u00e1s\u00e1rl\u00e1s ut\u00e1n a poszteren tal\u00e1lhat\u00f3 sz\u00f6vegnek megfelel\u0151en k\u00fcldd el azokat az adatokat, amiket viszont szeretn\u00e9l l\u00e1tni a poszteren! (N\u00e9v, sz\u00fclet\u00e9s pontos id\u0151pontja, sz\u00fclet\u00e9si s\u00faly, m\u00e9ret)\n\nDIGIT\u00c1LIS V\u00c1LTOZATBAN IS MEGRENDELHETED!\nA posztert csak t\u00f6ltsd le, nyomtasd ki \u00e9s m\u00e1r aj\u00e1nd\u00e9kozhatod is.\n\n\u2605 t\u00f6ltsd le \u2605 nyomtasd ki \u2605 keretezd be \u2605 akaszd fel \u2605 ilyen egyszer\u0171!\n\nA posztereket nagy felbont\u00e1s\u00fa Jpg form\u00e1tumban elektronikusan k\u00fcld\u00f6m el\u0151re utal\u00e1st k\u00f6vet\u0151en. \n\nFIZIKAI TERM\u00c9K NEM KER\u00dcL POST\u00c1Z\u00c1SRA!\n\nA let\u00f6lthet\u0151, digit\u00e1lis k\u00e9p vagy poszter egyszer\u0171 \u00e9s megfizethet\u0151 m\u00f3dja annak, hogy egyediv\u00e9 var\u00e1zsold otthonod vagy irod\u00e1d bels\u0151 ter\u00e9t. Kinyomtathatod a k\u00e9peket otthon, vagy ak\u00e1r a helyi f\u00e9nym\u00e1sol\u00f3 \u00fczletben is.\n\nRendelhetsz a poszter grafik\u00e1j\u00e1hoz passzol\u00f3 kieg\u00e9sz\u00edt\u0151ket is:\n\nhttps:\/\/www.meska.hu\/p4794276-egyedi-fenykepes-nyuszis-keresztelo-meghivo-kepeslap-kisfiunak\nhttps:\/\/www.meska.hu\/p5462401-keresztszulo-felkero-kartya-dino\n\nV\u00e1logass a t\u00f6bbi bababejelent\u0151 term\u00e9keim k\u00f6z\u00f6tt is, melyeket itt tal\u00e1lsz\nhttps:\/\/www.meska.hu\/shop\/Cristallodesign?s=76498\n\nA V\u00c1S\u00c1RL\u00c1S MENETE:  \n\n*A k\u00e9pen l\u00e1that\u00f3 dekor\u00e1ci\u00f3k nem k\u00e9pezik a term\u00e9k r\u00e9sz\u00e9t \n\n1. Tedd a megfelel\u0151 darabsz\u00e1mot a kosaradba, \u00e9s a v\u00e1s\u00e1rl\u00e1s ut\u00e1n k\u00fcldd el a r\u00e1\u00edrand\u00f3 sz\u00f6vegeket (esetleges egy\u00e9b k\u00e9r\u00e9seket) a megadott e-mail c\u00edmre. Erre a v\u00e1s\u00e1rl\u00e1s lead\u00e1sakor is van lehet\u0151s\u00e9ged a Kos\u00e1r oldalon. \n2. Hamarosan, 1-2 napon bel\u00fcl e-mailben megkapod a l\u00e1tv\u00e1nytervet az \u00e1ltalad k\u00fcld\u00f6tt sz\u00f6veggel (ha sz\u00fcks\u00e9ges, m\u00f3dos\u00edtani 2x van lehet\u0151s\u00e9ged).\n3. Amint v\u00e9gleges, \u00e1ltalad j\u00f3v\u00e1hagyott a terv, \u00e9s az \u00f6sszeg be\u00e9rkezett a banksz\u00e1ml\u00e1ra, akkor ker\u00fcl nyomd\u00e1ba a megrendelt term\u00e9k. Csak abban az esetben kezd\u0151dik meg a k\u00e9p nyomtat\u00e1sa, ha a teljes \u00f6sszeg be\u00e9rkezett a banksz\u00e1ml\u00e1ra.\n\nFONTOS!\n\n1. Az \u00e1r a k\u00e9pen l\u00e1that\u00f3 grafik\u00e1ra vonatkozik, szem\u00e9lyre szabott sz\u00f6veggel.\n2. Rendel\u00e9s lead\u00e1s ut\u00e1n e-mailben t\u00f6rt\u00e9nik a kommunik\u00e1ci\u00f3. \n3. Az \u00e1r a l\u00e1tv\u00e1nyterven 2 db sz\u00f6vegbeli m\u00f3dos\u00edt\u00e1st (el\u00edr\u00e1sok jav\u00edt\u00e1sa) tartalmaz, mely szint\u00e9n e-mailes \u00fczenetv\u00e1lt\u00e1sban t\u00f6rt\u00e9nik. K\u00e9rlek, hogy mindig alaposan olvasd \u00e9s n\u00e9zd \u00e1t a tervet!\n4. A l\u00e1tv\u00e1nyterv v\u00e9gleges j\u00f3v\u00e1hagy\u00e1sa \u00e9s a kifizet\u00e9s ut\u00e1n ker\u00fcl nyomd\u00e1ba az \u00e1ltalad megrendelt term\u00e9k. \u00c1tlagosan 7-10 munkanappal kell sz\u00e1molnod a term\u00e9k k\u00e9zhezv\u00e9tel\u00e9re. (kivitelez\u00e9s + sz\u00e1ll\u00edt\u00e1si id\u0151)\n5. Egyedi kivitelez\u00e9sre, a k\u00e9pen l\u00e1that\u00f3 tervt\u0151l elt\u00e9r\u0151 grafik\u00e1ra van lehet\u0151s\u00e9ged, el\u0151zetes egyeztet\u00e9s ut\u00e1n. \n\nHa egyedi k\u00e9r\u00e9sed vagy k\u00e9rd\u00e9sed van, k\u00e9rlek k\u00fcldj \u00fczenetet. \nA k\u00fcl\u00f6nb\u00f6z\u0151 k\u00e9perny\u0151k k\u00fcl\u00f6nb\u00f6z\u0151 m\u00f3don jelen\u00edthetik meg a grafik\u00e1t, ez\u00e9rt kis m\u00e9rt\u00e9kben elt\u00e9rhet a k\u00e9perny\u0151n l\u00e1tott a nyomtatott v\u00e1ltozatt\u00f3l. \nA term\u00e9keim nagyobb t\u00e9telben is kaphat\u00f3k.  \n\nFIZET\u00c9S:  \n\nEl\u0151re utal\u00e1ssal vagy bankk\u00e1rty\u00e1val tudsz fizetni, az utal\u00e1shoz a v\u00e1s\u00e1rl\u00e1s ut\u00e1n megadott email c\u00edmre k\u00fcld\u00f6m az adatokat.\n\nSZERZ\u0150I JOG:\n\nFelh\u00edvom figyelmedet, hogy a term\u00e9keken tal\u00e1lhat\u00f3 grafika, valamint a hozz\u00e1 tartoz\u00f3 k\u00e9pek szerz\u0151i jogv\u00e9delem alatt \u00e1llnak \u00e9s a szerz\u0151i jog ide vonatkoz\u00f3 r\u00e9szei v\u00e9dik. A term\u00e9k megv\u00e1s\u00e1rl\u00e1s\u00e1val a grafika tulajdonjoga nem ker\u00fcl \u00e1t a v\u00e1s\u00e1rl\u00f3ra, az tov\u00e1bbra is az alkot\u00f3 tulajdon\u00e1t k\u00e9pezi, ez\u00e9rt az alkot\u00f3 tudt\u00e1n k\u00edv\u00fcl b\u00e1rmilyen felhaszn\u00e1l\u00e1sa \u00e9s sokszoros\u00edt\u00e1sa TILOS.","price":"1890.00","unit":"db","recommended":"0","status":"1","sponsored":"0","exp_notify":"0","own_material":"0","own_material_description_old":null,"own_material_description":"","jury":"0","jury_number":"","product_nature":"","meskaracsony":"0","create_date":"2026-02-07 17:29:01","shelve_id":"76498","image":"cristallodesign_product_192651_250715204958_05683.jpeg","image_width":"480","image_height":"383","image_alt":"Meg\u00e9rkeztem baba poszter, megsz\u00fclettem adatok, nyuszis keresztel\u0151 aj\u00e1nd\u00e9k, Egyedi, n\u00e9vre sz\u00f3l\u00f3 meg\u00e9rkeztem poszter, im\u00e1dnival\u00f3 nyuszival illusztr\u00e1lt babaszoba falik\u00e9p. Remek a..., Meska","image_title":"Meg\u00e9rkeztem baba poszter, megsz\u00fclettem adatok, nyuszis keresztel\u0151 aj\u00e1nd\u00e9k, Meska","view_count":"738","favourite_count":"0","trending_score":"0","last2MonthFavouriteCount":"0","promotion":"0","giftcard_accept":"1","creditcard_accept":true,"enhanced_background":"0","domain":"meska","specific_customer_id":null,"specific_customer_name":null,"to_order_product":"1","to_order_product_time":"4","product_different":null,"product_different_description":"","vintage":"0","vintage_category_id":"0","recycled":"0","gemstone_id":"0","customizable":"1","type_category":"physical","zerowaste":"0","postage_price":"1290.00","shop_order":"451","has_category":"1","landing_pages":null,"microdata":{"number":82,"category":""},"title":"Meg\u00e9rkeztem baba poszter, megsz\u00fclettem adatok, nyuszis keresztel\u0151 aj\u00e1nd\u00e9k","description":"Egyedi, n\u00e9vre sz\u00f3l\u00f3 meg\u00e9rkeztem poszter, im\u00e1dnival\u00f3 nyuszival illusztr\u00e1lt babaszoba falik\u00e9p. Remek aj\u00e1nd\u00e9k \u00fajsz\u00fcl\u00f6tteknek, korh\u00e1zb\u00f3l hazaj\u00f6vetelre, n\u00e9vnapra, keresztel\u0151re, kar\u00e1csonyra!  \n\nA fenti \u00e1r 1 db k\u00e9pre vonatkozik A\/4 m\u00e9retben, keret n\u00e9lk\u00fcl!  \n\nM\u00e9retek:    \n210 \u00d7 297 mm A\/4\n297 \u00d7 420 mm A\/3 \nPap\u00edr:     200 g matt pr\u00e9mium pap\u00edr\n\nK\u00e9rlek hogy a v\u00e1s\u00e1rl\u00e1s ut\u00e1n a poszteren tal\u00e1lhat\u00f3 sz\u00f6vegnek megfelel\u0151en k\u00fcldd el azokat az adatokat, amiket viszont szeretn\u00e9l l\u00e1tni a poszteren! (N\u00e9v, sz\u00fclet\u00e9s pontos id\u0151pontja, sz\u00fclet\u00e9si s\u00faly, m\u00e9ret)\n\nDIGIT\u00c1LIS V\u00c1LTOZATBAN IS MEGRENDELHETED!\nA posztert csak t\u00f6ltsd le, nyomtasd ki \u00e9s m\u00e1r aj\u00e1nd\u00e9kozhatod is.\n\n\u2605 t\u00f6ltsd le \u2605 nyomtasd ki \u2605 keretezd be \u2605 akaszd fel \u2605 ilyen egyszer\u0171!\n\nA posztereket nagy felbont\u00e1s\u00fa Jpg form\u00e1tumban elektronikusan k\u00fcld\u00f6m el\u0151re utal\u00e1st k\u00f6vet\u0151en. \n\nFIZIKAI TERM\u00c9K NEM KER\u00dcL POST\u00c1Z\u00c1SRA!\n\nA let\u00f6lthet\u0151, digit\u00e1lis k\u00e9p vagy poszter egyszer\u0171 \u00e9s megfizethet\u0151 m\u00f3dja annak, hogy egyediv\u00e9 var\u00e1zsold otthonod vagy irod\u00e1d bels\u0151 ter\u00e9t. Kinyomtathatod a k\u00e9peket otthon, vagy ak\u00e1r a helyi f\u00e9nym\u00e1sol\u00f3 \u00fczletben is.\n\nRendelhetsz a poszter grafik\u00e1j\u00e1hoz passzol\u00f3 kieg\u00e9sz\u00edt\u0151ket is:\n\nhttps:\/\/www.meska.hu\/p4794276-egyedi-fenykepes-nyuszis-keresztelo-meghivo-kepeslap-kisfiunak\nhttps:\/\/www.meska.hu\/p5462401-keresztszulo-felkero-kartya-dino\n\nV\u00e1logass a t\u00f6bbi bababejelent\u0151 term\u00e9keim k\u00f6z\u00f6tt is, melyeket itt tal\u00e1lsz\nhttps:\/\/www.meska.hu\/shop\/Cristallodesign?s=76498\n\nA V\u00c1S\u00c1RL\u00c1S MENETE:  \n\n*A k\u00e9pen l\u00e1that\u00f3 dekor\u00e1ci\u00f3k nem k\u00e9pezik a term\u00e9k r\u00e9sz\u00e9t \n\n1. Tedd a megfelel\u0151 darabsz\u00e1mot a kosaradba, \u00e9s a v\u00e1s\u00e1rl\u00e1s ut\u00e1n k\u00fcldd el a r\u00e1\u00edrand\u00f3 sz\u00f6vegeket (esetleges egy\u00e9b k\u00e9r\u00e9seket) a megadott e-mail c\u00edmre. Erre a v\u00e1s\u00e1rl\u00e1s lead\u00e1sakor is van lehet\u0151s\u00e9ged a Kos\u00e1r oldalon. \n2. Hamarosan, 1-2 napon bel\u00fcl e-mailben megkapod a l\u00e1tv\u00e1nytervet az \u00e1ltalad k\u00fcld\u00f6tt sz\u00f6veggel (ha sz\u00fcks\u00e9ges, m\u00f3dos\u00edtani 2x van lehet\u0151s\u00e9ged).\n3. Amint v\u00e9gleges, \u00e1ltalad j\u00f3v\u00e1hagyott a terv, \u00e9s az \u00f6sszeg be\u00e9rkezett a banksz\u00e1ml\u00e1ra, akkor ker\u00fcl nyomd\u00e1ba a megrendelt term\u00e9k. Csak abban az esetben kezd\u0151dik meg a k\u00e9p nyomtat\u00e1sa, ha a teljes \u00f6sszeg be\u00e9rkezett a banksz\u00e1ml\u00e1ra.\n\nFONTOS!\n\n1. Az \u00e1r a k\u00e9pen l\u00e1that\u00f3 grafik\u00e1ra vonatkozik, szem\u00e9lyre szabott sz\u00f6veggel.\n2. Rendel\u00e9s lead\u00e1s ut\u00e1n e-mailben t\u00f6rt\u00e9nik a kommunik\u00e1ci\u00f3. \n3. Az \u00e1r a l\u00e1tv\u00e1nyterven 2 db sz\u00f6vegbeli m\u00f3dos\u00edt\u00e1st (el\u00edr\u00e1sok jav\u00edt\u00e1sa) tartalmaz, mely szint\u00e9n e-mailes \u00fczenetv\u00e1lt\u00e1sban t\u00f6rt\u00e9nik. K\u00e9rlek, hogy mindig alaposan olvasd \u00e9s n\u00e9zd \u00e1t a tervet!\n4. A l\u00e1tv\u00e1nyterv v\u00e9gleges j\u00f3v\u00e1hagy\u00e1sa \u00e9s a kifizet\u00e9s ut\u00e1n ker\u00fcl nyomd\u00e1ba az \u00e1ltalad megrendelt term\u00e9k. \u00c1tlagosan 7-10 munkanappal kell sz\u00e1molnod a term\u00e9k k\u00e9zhezv\u00e9tel\u00e9re. (kivitelez\u00e9s + sz\u00e1ll\u00edt\u00e1si id\u0151)\n5. Egyedi kivitelez\u00e9sre, a k\u00e9pen l\u00e1that\u00f3 tervt\u0151l elt\u00e9r\u0151 grafik\u00e1ra van lehet\u0151s\u00e9ged, el\u0151zetes egyeztet\u00e9s ut\u00e1n. \n\nHa egyedi k\u00e9r\u00e9sed vagy k\u00e9rd\u00e9sed van, k\u00e9rlek k\u00fcldj \u00fczenetet. \nA k\u00fcl\u00f6nb\u00f6z\u0151 k\u00e9perny\u0151k k\u00fcl\u00f6nb\u00f6z\u0151 m\u00f3don jelen\u00edthetik meg a grafik\u00e1t, ez\u00e9rt kis m\u00e9rt\u00e9kben elt\u00e9rhet a k\u00e9perny\u0151n l\u00e1tott a nyomtatott v\u00e1ltozatt\u00f3l. \nA term\u00e9keim nagyobb t\u00e9telben is kaphat\u00f3k.  \n\nFIZET\u00c9S:  \n\nEl\u0151re utal\u00e1ssal vagy bankk\u00e1rty\u00e1val tudsz fizetni, az utal\u00e1shoz a v\u00e1s\u00e1rl\u00e1s ut\u00e1n megadott email c\u00edmre k\u00fcld\u00f6m az adatokat.\n\nSZERZ\u0150I JOG:\n\nFelh\u00edvom figyelmedet, hogy a term\u00e9keken tal\u00e1lhat\u00f3 grafika, valamint a hozz\u00e1 tartoz\u00f3 k\u00e9pek szerz\u0151i jogv\u00e9delem alatt \u00e1llnak \u00e9s a szerz\u0151i jog ide vonatkoz\u00f3 r\u00e9szei v\u00e9dik. A term\u00e9k megv\u00e1s\u00e1rl\u00e1s\u00e1val a grafika tulajdonjoga nem ker\u00fcl \u00e1t a v\u00e1s\u00e1rl\u00f3ra, az tov\u00e1bbra is az alkot\u00f3 tulajdon\u00e1t k\u00e9pezi, ez\u00e9rt az alkot\u00f3 tudt\u00e1n k\u00edv\u00fcl b\u00e1rmilyen felhaszn\u00e1l\u00e1sa \u00e9s sokszoros\u00edt\u00e1sa TILOS.","score":0,"formatted_price":"1 890 Ft","image_url":"https:\/\/www.meska.hu\/img\/product\/small\/c\/r\/cristallodesign_product_192651_250715204958_05683.jpeg","formatted_url":"https:\/\/www.meska.hu\/p5100319-jean-cica-falikep-dekoracio-cicas-kep-poszter","favourite":false,"in_stock":false,"avatar":"192651_avatar_1694586040.jpeg","delete_from":0,"is_enhanced_background":false,"is_enhanced":false,"product_selection_started":false,"is_active":true,"image_webp_url":"https:\/\/www.meska.hu\/img\/product\/small\/c\/r\/cristallodesign_product_192651_250715204958_05683.webp"},{"id":"4667721","shop_id":"19751","user_id":"192651","shop_name":"CristalloDesign","shop_zip":"2483","product_code":"4874226","product_name_old":null,"product_name":"Meg\u00e9rkeztem baba poszter, megsz\u00fclettem poszter, koala macis","category_string":"Baba - mama, Babaposzter, Babaszoba dekor\u00e1ci\u00f3","technic_string":"Fot\u00f3, grafika, rajz, illusztr\u00e1ci\u00f3, Pap\u00edrm\u0171v\u00e9szet","category_1":"1735","category_2":"1759","category_3":"1466","category_4":"0","merged_category_1":null,"merged_category_2":null,"merged_category_3":null,"technic_1":"483","technic_2":"497","technic_3":"0","color_1":"521","color_2":"526","color_3":"529","product_description_old":null,"product_description":"Egyedi, n\u00e9vre sz\u00f3l\u00f3 meg\u00e9rkeztem poszter, im\u00e1dnival\u00f3 koala macikkal \u00e9s gy\u00f6ny\u00f6r\u0171 vir\u00e1gos bet\u0171vel illusztr\u00e1lt \u00fajsz\u00fcl\u00f6tt baba poszter. Remek aj\u00e1nd\u00e9k \u00fajsz\u00fcl\u00f6tteknek, korh\u00e1zb\u00f3l hazaj\u00f6vetelre, n\u00e9vnapra, keresztel\u0151re, kar\u00e1csonyra!  \n\nM\u00e9retek:    \n210 \u00d7 297 mm A\/4\n297 \u00d7 420 mm A\/3 \nPap\u00edr:     200 g matt pr\u00e9mium pap\u00edr\n\nK\u00e9rlek hogy a v\u00e1s\u00e1rl\u00e1s ut\u00e1n a poszteren tal\u00e1lhat\u00f3 sz\u00f6vegnek megfelel\u0151en k\u00fcldd el azokat az adatokat, amiket viszont szeretn\u00e9l l\u00e1tni a poszteren! (N\u00e9v, sz\u00fclet\u00e9s pontos id\u0151pontja, sz\u00fclet\u00e9si s\u00faly)\n\nA fenti \u00e1r 1 db k\u00e9pre vonatkozik A\/4 m\u00e9retben, keret n\u00e9lk\u00fcl!  \n\nDIGIT\u00c1LIS V\u00c1LTOZATBAN IS MEGRENDELHETED!\nA posztert csak t\u00f6ltsd le, nyomtasd ki \u00e9s m\u00e1r aj\u00e1nd\u00e9kozhatod is.\n\n\u2605 t\u00f6ltsd le \u2605 nyomtasd ki \u2605 keretezd be \u2605 akaszd fel \u2605 ilyen egyszer\u0171!\n\nA posztereket nagy felbont\u00e1s\u00fa Jpg form\u00e1tumban elektronikusan k\u00fcld\u00f6m el\u0151re utal\u00e1st k\u00f6vet\u0151en. \n\nFIZIKAI TERM\u00c9K NEM KER\u00dcL POST\u00c1Z\u00c1SRA!\n\nA let\u00f6lthet\u0151, digit\u00e1lis k\u00e9p vagy poszter egyszer\u0171 \u00e9s megfizethet\u0151 m\u00f3dja annak, hogy egyediv\u00e9 var\u00e1zsold otthonod vagy irod\u00e1d bels\u0151 ter\u00e9t. Kinyomtathatod a k\u00e9peket otthon, vagy ak\u00e1r a helyi f\u00e9nym\u00e1sol\u00f3 \u00fczletben is.\n\n\nRendelhet\u0151 a poszter grafik\u00e1j\u00e1val megegyez\u0151 egyedi baba k\u00f6sz\u00f6nt\u0151 k\u00e9peslap is: \nhttps:\/\/www.meska.hu\/p4870101-babakoszonto-lap-kisfiuknak-babaszuletesi-ertesito-megerkeztem-babafoto-kartya-bababejelento-kartya-baba-kartya\n\nV\u00e1logass a t\u00f6bbi bababejelent\u0151 term\u00e9keim k\u00f6z\u00f6tt is, melyeket itt tal\u00e1lsz\nhttps:\/\/www.meska.hu\/shop\/Cristallodesign?s=76498\n\nA V\u00c1S\u00c1RL\u00c1S MENETE:  \n\n1. Tedd a megfelel\u0151 darabsz\u00e1mot a kosaradba, \u00e9s a v\u00e1s\u00e1rl\u00e1s ut\u00e1n k\u00fcldd el a r\u00e1\u00edrand\u00f3 sz\u00f6vegeket (esetleges egy\u00e9b k\u00e9r\u00e9seket) a megadott e-mail c\u00edmre. Erre a v\u00e1s\u00e1rl\u00e1s lead\u00e1sakor is van lehet\u0151s\u00e9ged a Kos\u00e1r oldalon. \n2. Hamarosan, 1-2 napon bel\u00fcl e-mailben megkapod a l\u00e1tv\u00e1nytervet az \u00e1ltalad k\u00fcld\u00f6tt sz\u00f6veggel (ha sz\u00fcks\u00e9ges, m\u00f3dos\u00edtani 2x van lehet\u0151s\u00e9ged).\n3. Amint v\u00e9gleges, \u00e1ltalad j\u00f3v\u00e1hagyott a terv, \u00e9s az \u00f6sszeg be\u00e9rkezett a banksz\u00e1ml\u00e1ra, akkor ker\u00fcl nyomd\u00e1ba a megrendelt term\u00e9k. Csak abban az esetben kezd\u0151dik meg a k\u00e9p nyomtat\u00e1sa, ha a teljes \u00f6sszeg be\u00e9rkezett a banksz\u00e1ml\u00e1ra.\n\n\nFONTOS!\n\n1. Az \u00e1r a k\u00e9pen l\u00e1that\u00f3 grafik\u00e1ra vonatkozik, szem\u00e9lyre szabott sz\u00f6veggel.\n2. Rendel\u00e9s lead\u00e1s ut\u00e1n e-mailben t\u00f6rt\u00e9nik a kommunik\u00e1ci\u00f3. \n3. Az \u00e1r a l\u00e1tv\u00e1nyterven 2 db sz\u00f6vegbeli m\u00f3dos\u00edt\u00e1st (el\u00edr\u00e1sok jav\u00edt\u00e1sa) tartalmaz, mely szint\u00e9n e-mailes \u00fczenetv\u00e1lt\u00e1sban t\u00f6rt\u00e9nik. K\u00e9rlek, hogy mindig alaposan olvasd \u00e9s n\u00e9zd \u00e1t a tervet!\n4. A l\u00e1tv\u00e1nyterv v\u00e9gleges j\u00f3v\u00e1hagy\u00e1sa \u00e9s a kifizet\u00e9s ut\u00e1n ker\u00fcl nyomd\u00e1ba az \u00e1ltalad megrendelt term\u00e9k. \u00c1tlagosan 7-10 munkanappal kell sz\u00e1molnod a term\u00e9k k\u00e9zhezv\u00e9tel\u00e9re. (kivitelez\u00e9s + sz\u00e1ll\u00edt\u00e1si id\u0151)\n5. Egyedi kivitelez\u00e9sre, a k\u00e9pen l\u00e1that\u00f3 tervt\u0151l elt\u00e9r\u0151 grafik\u00e1ra van lehet\u0151s\u00e9ged, el\u0151zetes egyeztet\u00e9s ut\u00e1n. \n\nA k\u00e9p matt 200 g min\u0151s\u00e9gi pap\u00edrra ker\u00fcl kinyomtat\u00e1sra az \u00e1ltalad kiv\u00e1lasztott m\u00e9retben.\n*A k\u00e9pen l\u00e1that\u00f3 dekor\u00e1ci\u00f3k nem k\u00e9pezik a term\u00e9k r\u00e9sz\u00e9t \n\nHa egyedi k\u00e9r\u00e9sed vagy k\u00e9rd\u00e9sed van, k\u00e9rlek k\u00fcldj \u00fczenetet. \nA k\u00fcl\u00f6nb\u00f6z\u0151 k\u00e9perny\u0151k k\u00fcl\u00f6nb\u00f6z\u0151 m\u00f3don jelen\u00edthetik meg a grafik\u00e1t, ez\u00e9rt kis m\u00e9rt\u00e9kben elt\u00e9rhet a k\u00e9perny\u0151n l\u00e1tott a nyomtatott v\u00e1ltozatt\u00f3l. \nA term\u00e9keim nagyobb t\u00e9telben is kaphat\u00f3k.  \n\nFIZET\u00c9S:  \n\nEl\u0151re utal\u00e1ssal vagy bankk\u00e1rty\u00e1val tudsz fizetni, az utal\u00e1shoz a v\u00e1s\u00e1rl\u00e1s ut\u00e1n megadott email c\u00edmre k\u00fcld\u00f6m az adatokat.\n\nSZERZ\u0150I JOG:\n\nFelh\u00edvom figyelmedet, hogy a term\u00e9keken tal\u00e1lhat\u00f3 grafika, valamint a hozz\u00e1 tartoz\u00f3 k\u00e9pek szerz\u0151i jogv\u00e9delem alatt \u00e1llnak \u00e9s a szerz\u0151i jog ide vonatkoz\u00f3 r\u00e9szei v\u00e9dik. A term\u00e9k megv\u00e1s\u00e1rl\u00e1s\u00e1val a grafika tulajdonjoga nem ker\u00fcl \u00e1t a v\u00e1s\u00e1rl\u00f3ra, az tov\u00e1bbra is az alkot\u00f3 tulajdon\u00e1t k\u00e9pezi, ez\u00e9rt az alkot\u00f3 tudt\u00e1n k\u00edv\u00fcl b\u00e1rmilyen felhaszn\u00e1l\u00e1sa \u00e9s sokszoros\u00edt\u00e1sa TILOS.","price":"1690.00","unit":"db","recommended":"0","status":"1","sponsored":"0","exp_notify":"0","own_material":"0","own_material_description_old":null,"own_material_description":"","jury":"0","jury_number":"","product_nature":"","meskaracsony":"0","create_date":"2026-02-07 14:32:55","shelve_id":"76498","image":"cristallodesign_product_192651_241009113113_640651.jpeg","image_width":"480","image_height":"383","image_alt":"Meg\u00e9rkeztem baba poszter, megsz\u00fclettem poszter, koala macis, Egyedi, n\u00e9vre sz\u00f3l\u00f3 meg\u00e9rkeztem poszter, im\u00e1dnival\u00f3 koala macikkal \u00e9s gy\u00f6ny\u00f6r\u0171 vir\u00e1gos bet\u0171vel illus..., Meska","image_title":"Meg\u00e9rkeztem baba poszter, megsz\u00fclettem poszter, koala macis, Meska","view_count":"1413","favourite_count":"0","trending_score":"0","last2MonthFavouriteCount":"0","promotion":"0","giftcard_accept":"1","creditcard_accept":true,"enhanced_background":"0","domain":"meska","specific_customer_id":null,"specific_customer_name":null,"to_order_product":"0","to_order_product_time":"0","product_different":null,"product_different_description":"","vintage":"0","vintage_category_id":"0","recycled":"0","gemstone_id":"0","customizable":"1","type_category":"physical","zerowaste":"0","postage_price":"1290.00","shop_order":"612","has_category":"1","landing_pages":null,"microdata":{"number":83,"category":""},"title":"Meg\u00e9rkeztem baba poszter, megsz\u00fclettem poszter, koala macis","description":"Egyedi, n\u00e9vre sz\u00f3l\u00f3 meg\u00e9rkeztem poszter, im\u00e1dnival\u00f3 koala macikkal \u00e9s gy\u00f6ny\u00f6r\u0171 vir\u00e1gos bet\u0171vel illusztr\u00e1lt \u00fajsz\u00fcl\u00f6tt baba poszter. Remek aj\u00e1nd\u00e9k \u00fajsz\u00fcl\u00f6tteknek, korh\u00e1zb\u00f3l hazaj\u00f6vetelre, n\u00e9vnapra, keresztel\u0151re, kar\u00e1csonyra!  \n\nM\u00e9retek:    \n210 \u00d7 297 mm A\/4\n297 \u00d7 420 mm A\/3 \nPap\u00edr:     200 g matt pr\u00e9mium pap\u00edr\n\nK\u00e9rlek hogy a v\u00e1s\u00e1rl\u00e1s ut\u00e1n a poszteren tal\u00e1lhat\u00f3 sz\u00f6vegnek megfelel\u0151en k\u00fcldd el azokat az adatokat, amiket viszont szeretn\u00e9l l\u00e1tni a poszteren! (N\u00e9v, sz\u00fclet\u00e9s pontos id\u0151pontja, sz\u00fclet\u00e9si s\u00faly)\n\nA fenti \u00e1r 1 db k\u00e9pre vonatkozik A\/4 m\u00e9retben, keret n\u00e9lk\u00fcl!  \n\nDIGIT\u00c1LIS V\u00c1LTOZATBAN IS MEGRENDELHETED!\nA posztert csak t\u00f6ltsd le, nyomtasd ki \u00e9s m\u00e1r aj\u00e1nd\u00e9kozhatod is.\n\n\u2605 t\u00f6ltsd le \u2605 nyomtasd ki \u2605 keretezd be \u2605 akaszd fel \u2605 ilyen egyszer\u0171!\n\nA posztereket nagy felbont\u00e1s\u00fa Jpg form\u00e1tumban elektronikusan k\u00fcld\u00f6m el\u0151re utal\u00e1st k\u00f6vet\u0151en. \n\nFIZIKAI TERM\u00c9K NEM KER\u00dcL POST\u00c1Z\u00c1SRA!\n\nA let\u00f6lthet\u0151, digit\u00e1lis k\u00e9p vagy poszter egyszer\u0171 \u00e9s megfizethet\u0151 m\u00f3dja annak, hogy egyediv\u00e9 var\u00e1zsold otthonod vagy irod\u00e1d bels\u0151 ter\u00e9t. Kinyomtathatod a k\u00e9peket otthon, vagy ak\u00e1r a helyi f\u00e9nym\u00e1sol\u00f3 \u00fczletben is.\n\n\nRendelhet\u0151 a poszter grafik\u00e1j\u00e1val megegyez\u0151 egyedi baba k\u00f6sz\u00f6nt\u0151 k\u00e9peslap is: \nhttps:\/\/www.meska.hu\/p4870101-babakoszonto-lap-kisfiuknak-babaszuletesi-ertesito-megerkeztem-babafoto-kartya-bababejelento-kartya-baba-kartya\n\nV\u00e1logass a t\u00f6bbi bababejelent\u0151 term\u00e9keim k\u00f6z\u00f6tt is, melyeket itt tal\u00e1lsz\nhttps:\/\/www.meska.hu\/shop\/Cristallodesign?s=76498\n\nA V\u00c1S\u00c1RL\u00c1S MENETE:  \n\n1. Tedd a megfelel\u0151 darabsz\u00e1mot a kosaradba, \u00e9s a v\u00e1s\u00e1rl\u00e1s ut\u00e1n k\u00fcldd el a r\u00e1\u00edrand\u00f3 sz\u00f6vegeket (esetleges egy\u00e9b k\u00e9r\u00e9seket) a megadott e-mail c\u00edmre. Erre a v\u00e1s\u00e1rl\u00e1s lead\u00e1sakor is van lehet\u0151s\u00e9ged a Kos\u00e1r oldalon. \n2. Hamarosan, 1-2 napon bel\u00fcl e-mailben megkapod a l\u00e1tv\u00e1nytervet az \u00e1ltalad k\u00fcld\u00f6tt sz\u00f6veggel (ha sz\u00fcks\u00e9ges, m\u00f3dos\u00edtani 2x van lehet\u0151s\u00e9ged).\n3. Amint v\u00e9gleges, \u00e1ltalad j\u00f3v\u00e1hagyott a terv, \u00e9s az \u00f6sszeg be\u00e9rkezett a banksz\u00e1ml\u00e1ra, akkor ker\u00fcl nyomd\u00e1ba a megrendelt term\u00e9k. Csak abban az esetben kezd\u0151dik meg a k\u00e9p nyomtat\u00e1sa, ha a teljes \u00f6sszeg be\u00e9rkezett a banksz\u00e1ml\u00e1ra.\n\n\nFONTOS!\n\n1. Az \u00e1r a k\u00e9pen l\u00e1that\u00f3 grafik\u00e1ra vonatkozik, szem\u00e9lyre szabott sz\u00f6veggel.\n2. Rendel\u00e9s lead\u00e1s ut\u00e1n e-mailben t\u00f6rt\u00e9nik a kommunik\u00e1ci\u00f3. \n3. Az \u00e1r a l\u00e1tv\u00e1nyterven 2 db sz\u00f6vegbeli m\u00f3dos\u00edt\u00e1st (el\u00edr\u00e1sok jav\u00edt\u00e1sa) tartalmaz, mely szint\u00e9n e-mailes \u00fczenetv\u00e1lt\u00e1sban t\u00f6rt\u00e9nik. K\u00e9rlek, hogy mindig alaposan olvasd \u00e9s n\u00e9zd \u00e1t a tervet!\n4. A l\u00e1tv\u00e1nyterv v\u00e9gleges j\u00f3v\u00e1hagy\u00e1sa \u00e9s a kifizet\u00e9s ut\u00e1n ker\u00fcl nyomd\u00e1ba az \u00e1ltalad megrendelt term\u00e9k. \u00c1tlagosan 7-10 munkanappal kell sz\u00e1molnod a term\u00e9k k\u00e9zhezv\u00e9tel\u00e9re. (kivitelez\u00e9s + sz\u00e1ll\u00edt\u00e1si id\u0151)\n5. Egyedi kivitelez\u00e9sre, a k\u00e9pen l\u00e1that\u00f3 tervt\u0151l elt\u00e9r\u0151 grafik\u00e1ra van lehet\u0151s\u00e9ged, el\u0151zetes egyeztet\u00e9s ut\u00e1n. \n\nA k\u00e9p matt 200 g min\u0151s\u00e9gi pap\u00edrra ker\u00fcl kinyomtat\u00e1sra az \u00e1ltalad kiv\u00e1lasztott m\u00e9retben.\n*A k\u00e9pen l\u00e1that\u00f3 dekor\u00e1ci\u00f3k nem k\u00e9pezik a term\u00e9k r\u00e9sz\u00e9t \n\nHa egyedi k\u00e9r\u00e9sed vagy k\u00e9rd\u00e9sed van, k\u00e9rlek k\u00fcldj \u00fczenetet. \nA k\u00fcl\u00f6nb\u00f6z\u0151 k\u00e9perny\u0151k k\u00fcl\u00f6nb\u00f6z\u0151 m\u00f3don jelen\u00edthetik meg a grafik\u00e1t, ez\u00e9rt kis m\u00e9rt\u00e9kben elt\u00e9rhet a k\u00e9perny\u0151n l\u00e1tott a nyomtatott v\u00e1ltozatt\u00f3l. \nA term\u00e9keim nagyobb t\u00e9telben is kaphat\u00f3k.  \n\nFIZET\u00c9S:  \n\nEl\u0151re utal\u00e1ssal vagy bankk\u00e1rty\u00e1val tudsz fizetni, az utal\u00e1shoz a v\u00e1s\u00e1rl\u00e1s ut\u00e1n megadott email c\u00edmre k\u00fcld\u00f6m az adatokat.\n\nSZERZ\u0150I JOG:\n\nFelh\u00edvom figyelmedet, hogy a term\u00e9keken tal\u00e1lhat\u00f3 grafika, valamint a hozz\u00e1 tartoz\u00f3 k\u00e9pek szerz\u0151i jogv\u00e9delem alatt \u00e1llnak \u00e9s a szerz\u0151i jog ide vonatkoz\u00f3 r\u00e9szei v\u00e9dik. A term\u00e9k megv\u00e1s\u00e1rl\u00e1s\u00e1val a grafika tulajdonjoga nem ker\u00fcl \u00e1t a v\u00e1s\u00e1rl\u00f3ra, az tov\u00e1bbra is az alkot\u00f3 tulajdon\u00e1t k\u00e9pezi, ez\u00e9rt az alkot\u00f3 tudt\u00e1n k\u00edv\u00fcl b\u00e1rmilyen felhaszn\u00e1l\u00e1sa \u00e9s sokszoros\u00edt\u00e1sa TILOS.","score":0,"formatted_price":"1 690 Ft","image_url":"https:\/\/www.meska.hu\/img\/product\/small\/c\/r\/cristallodesign_product_192651_241009113113_640651.jpeg","formatted_url":"https:\/\/www.meska.hu\/p4874226-megerkeztem-babaposzter-kisfiuknak-megszulettem-poszter-ajandek-babaknak-ujszulott-ajandek-babaszobaba","favourite":false,"in_stock":true,"avatar":"192651_avatar_1694586040.jpeg","delete_from":0,"is_enhanced_background":false,"is_enhanced":false,"product_selection_started":false,"is_active":true,"image_webp_url":"https:\/\/www.meska.hu\/img\/product\/small\/c\/r\/cristallodesign_product_192651_241009113113_640651.webp"},{"id":"6105505","shop_id":"51590","user_id":"768028","shop_name":"BriiArt","shop_zip":"6331","product_code":"5726094","product_name_old":null,"product_name":"Sz\u00fclet\u00e9snapi eml\u00e9k poszter unikornis","category_string":"Baba - mama, Babaszoba dekor\u00e1ci\u00f3, Babaposzter","technic_string":"Mindenm\u00e1s, Pap\u00edrm\u0171v\u00e9szet","category_1":"1735","category_2":"1466","category_3":"1759","category_4":"0","merged_category_1":null,"merged_category_2":null,"merged_category_3":null,"technic_1":"493","technic_2":"497","technic_3":"0","color_1":"532","color_2":"525","color_3":"534","product_description_old":null,"product_description":" Egyedi sz\u00fclet\u00e9snapi eml\u00e9kposzter \u2013 mes\u00e9s eml\u00e9k egy k\u00fcl\u00f6nleges napr\u00f3l \ud83e\udd70\n\nEz a sz\u00fclet\u00e9snapi eml\u00e9kposzter egy igaz\u00e1n szem\u00e9lyes \u00e9s maradand\u00f3 aj\u00e1nd\u00e9k, amely meg\u0151rzi gyermeked legszebb pillanatait \u00e9s az \u00fcnnep var\u00e1zs\u00e1t.\nMinden posztert egyedileg, szeretettel k\u00e9sz\u00edtek, a gyermek \u00e9letkor\u00e1hoz \u00e9s kedvenc vil\u00e1g\u00e1hoz igaz\u00edtva.\n\n  Amit k\u00e9rhetsz:\n-b\u00e1rmilyen minta vagy t\u00e9ma\n-szabadon v\u00e1laszthat\u00f3 sz\u00ednek\n-a gyermek kedvenc meseh\u0151se, \u00e1llatk\u00e1ja vagy figur\u00e1ja\n-n\u00e9v, \u00e9letkor, d\u00e1tum (ig\u00e9ny szerint)\n\nA poszter t\u00f6k\u00e9letes:\n-sz\u00fclet\u00e9snapi dekor\u00e1ci\u00f3nak\n-aj\u00e1nd\u00e9knak\n-gyerekszob\u00e1ba eml\u00e9knek\n\nDigit\u00e1lis form\u00e1ban k\u00e9sz\u00fcl, \u00edgy k\u00f6nnyen nyomtathat\u00f3, bekeretezhet\u0151, vagy ak\u00e1r t\u00f6bb p\u00e9ld\u00e1nyban is elk\u00e9sz\u00edthet\u0151.\n","price":"5200.00","unit":"db","recommended":"0","status":"1","sponsored":"0","exp_notify":"0","own_material":"0","own_material_description_old":null,"own_material_description":"","jury":"0","jury_number":"","product_nature":"","meskaracsony":"0","create_date":"2026-02-06 12:31:51","shelve_id":"0","image":"briiart_product_768028_260206122142_745919.png","image_width":"480","image_height":"678","image_alt":"Sz\u00fclet\u00e9snapi eml\u00e9k poszter unikornis,  Egyedi sz\u00fclet\u00e9snapi eml\u00e9kposzter \u2013 mes\u00e9s eml\u00e9k egy k\u00fcl\u00f6nleges napr\u00f3l \ud83e\udd70\\n\\nEz a sz\u00fclet\u00e9snapi eml\u00e9kposz..., Meska","image_title":"Sz\u00fclet\u00e9snapi eml\u00e9k poszter unikornis, Meska","view_count":"36","favourite_count":"0","trending_score":"0","last2MonthFavouriteCount":"0","promotion":"0","giftcard_accept":"0","creditcard_accept":true,"enhanced_background":"0","domain":"meska","specific_customer_id":null,"specific_customer_name":null,"to_order_product":"1","to_order_product_time":"3","product_different":null,"product_different_description":"","vintage":"0","vintage_category_id":"0","recycled":"0","gemstone_id":"0","customizable":"0","type_category":"digital","zerowaste":"0","postage_price":"0.00","shop_order":"0","has_category":"1","landing_pages":null,"microdata":{"number":84,"category":""},"title":"Sz\u00fclet\u00e9snapi eml\u00e9k poszter unikornis","description":" Egyedi sz\u00fclet\u00e9snapi eml\u00e9kposzter \u2013 mes\u00e9s eml\u00e9k egy k\u00fcl\u00f6nleges napr\u00f3l \ud83e\udd70\n\nEz a sz\u00fclet\u00e9snapi eml\u00e9kposzter egy igaz\u00e1n szem\u00e9lyes \u00e9s maradand\u00f3 aj\u00e1nd\u00e9k, amely meg\u0151rzi gyermeked legszebb pillanatait \u00e9s az \u00fcnnep var\u00e1zs\u00e1t.\nMinden posztert egyedileg, szeretettel k\u00e9sz\u00edtek, a gyermek \u00e9letkor\u00e1hoz \u00e9s kedvenc vil\u00e1g\u00e1hoz igaz\u00edtva.\n\n  Amit k\u00e9rhetsz:\n-b\u00e1rmilyen minta vagy t\u00e9ma\n-szabadon v\u00e1laszthat\u00f3 sz\u00ednek\n-a gyermek kedvenc meseh\u0151se, \u00e1llatk\u00e1ja vagy figur\u00e1ja\n-n\u00e9v, \u00e9letkor, d\u00e1tum (ig\u00e9ny szerint)\n\nA poszter t\u00f6k\u00e9letes:\n-sz\u00fclet\u00e9snapi dekor\u00e1ci\u00f3nak\n-aj\u00e1nd\u00e9knak\n-gyerekszob\u00e1ba eml\u00e9knek\n\nDigit\u00e1lis form\u00e1ban k\u00e9sz\u00fcl, \u00edgy k\u00f6nnyen nyomtathat\u00f3, bekeretezhet\u0151, vagy ak\u00e1r t\u00f6bb p\u00e9ld\u00e1nyban is elk\u00e9sz\u00edthet\u0151.\n","score":0,"formatted_price":"5 200 Ft","image_url":"https:\/\/www.meska.hu\/img\/product\/small\/b\/r\/briiart_product_768028_260206122142_745919.png","formatted_url":"https:\/\/www.meska.hu\/p5726094-szuletesnapi-emlek-poszter-unikornis","favourite":false,"in_stock":false,"avatar":"768028_avatar_1769260748.png","delete_from":0,"is_enhanced_background":false,"is_enhanced":false,"product_selection_started":false,"is_active":true,"image_webp_url":"https:\/\/www.meska.hu\/img\/product\/small\/b\/r\/briiart_product_768028_260206122142_745919.webp"},{"id":"5202832","shop_id":"44118","user_id":"322526","shop_name":"MEMORIIS","shop_zip":"4225","product_code":"5203609","product_name_old":null,"product_name":"Els\u0151 sz\u00fclet\u00e9snapom - L\u00e1nyos baba poszter - Rebeka","category_string":"Baba - mama, Babaposzter, Babaszoba dekor\u00e1ci\u00f3","technic_string":"Fot\u00f3, grafika, rajz, illusztr\u00e1ci\u00f3","category_1":"1735","category_2":"1759","category_3":"1466","category_4":"0","merged_category_1":"0","merged_category_2":"0","merged_category_3":"785","technic_1":"483","technic_2":"0","technic_3":"0","color_1":"514","color_2":"519","color_3":"520","product_description_old":null,"product_description":"K\u00f6zeleg a csemet\u00e9d els\u0151 sz\u00fclet\u00e9snapja? Itt a remek alkalom, hogy ezzel a csod\u00e1latos eml\u00e9kk\u00e9ppel \u00f6r\u00f6k\u00edts\u00e9tek meg gyermeketek els\u0151 \u00e9v\u00e9t.\n\nR E N D E L \u00c9 S   M E N E T E :\n=========================\n\u27a4 Tedd a kos\u00e1rba a v\u00e1lasztott term\u00e9k vari\u00e1ci\u00f3t.\n\u27a4 \u00dczenetben k\u00fcldd el az al\u00e1bbiakat:\n         - Keresztn\u00e9v\n         - Sz\u00fclet\u00e9si d\u00e1tum\n         - Sz\u00fclet\u00e9si adatok ( id\u0151, s\u00faly, hossz )\n         - Jelenlegi adatok ( s\u00faly, magass\u00e1g )\n         - Amit tudok\n         - Beceneveim\n         - Fogak sz\u00e1ma\n         - Amit szeretek\n         - Kedvenc mes\u00e9im\n         - Amiket mondok\n         - Els\u0151 szavam\n         - Kedvenc \u00e9teleim\n\u27a4 Ha minden sz\u00fcks\u00e9ges elem be\u00e9rkezett akkor 1 munkanapon bel\u00fcl megkapod a l\u00e1tv\u00e1nytervet,\n\u27a4 Ha b\u00e1rmit szeretn\u00e9l v\u00e1ltoztatni itt m\u00e9g megteheted,\n\u27a4 Miut\u00e1n meger\u0151s\u00edtetted, hogy rendben van a l\u00e1tv\u00e1nyterv, k\u00e9rlek fizesd ki a term\u00e9ket.\n\u27a4 Amint be\u00e9rkezik az \u00f6sszeg elkezdem legy\u00e1rtani az aj\u00e1nd\u00e9kot\n\n\nS Z \u00c1 L L \u00cd T \u00c1 S I    I N F O R M \u00c1 C I \u00d3 K :\n===================================\n\u27a4 Elk\u00e9sz\u00edt\u00e9si id\u0151 1 - 3 munkanap + sz\u00e1ll\u00edt\u00e1si id\u0151.\n\n\nE G Y \u00c9 B   T U D N I V A L \u00d3 K :\n===========================\n\u27a4 \"Digit\u00e1lis\" rendel\u00e9s eset\u00e9n csak az elk\u00e9sz\u00fclt grafika ker\u00fcl elk\u00fcld\u00e9sre PDF form\u00e1tumban.\n\u27a4 A term\u00e9k rendel\u00e9sre k\u00e9sz\u00fcl, ez\u00e9rt csere, visszak\u00fcld\u00e9s \u00e9s lemond\u00e1s nem lehets\u00e9ges.\n\u27a4 A v\u00e1laszhat\u00f3 vari\u00e1ci\u00f3k 30x40-es \u00e9s 40x50-es m\u00e9ret, illetve fekete, feh\u00e9r vagy fahat\u00e1s\u00fa k\u00e9pkeret.\n\u27a4 A felt\u00f6lt\u00f6tt k\u00e9pek illusztr\u00e1ci\u00f3k, a k\u00fcld\u00f6tt k\u00e9pkeret vastags\u00e1gban elt\u00e9r\u0151 lehet.","price":"8999.00","unit":"db","recommended":"0","status":"1","sponsored":"0","exp_notify":"0","own_material":"0","own_material_description_old":null,"own_material_description":"","jury":"0","jury_number":"","product_nature":"","meskaracsony":"0","create_date":"2026-02-05 22:47:16","shelve_id":"0","image":"memoriis_product_322526_240201110918_7470.jpeg","image_width":"480","image_height":"480","image_alt":"Els\u0151 sz\u00fclet\u00e9snapom - L\u00e1nyos baba poszter - Rebeka, K\u00f6zeleg a csemet\u00e9d els\u0151 sz\u00fclet\u00e9snapja? Itt a remek alkalom, hogy ezzel a csod\u00e1latos eml\u00e9kk\u00e9ppel \u00f6r\u00f6k..., Meska","image_title":"Els\u0151 sz\u00fclet\u00e9snapom - L\u00e1nyos baba poszter - Rebeka, Meska","view_count":"722","favourite_count":"0","trending_score":"0","last2MonthFavouriteCount":"0","promotion":"0","giftcard_accept":"0","creditcard_accept":false,"enhanced_background":"0","domain":"meska","specific_customer_id":null,"specific_customer_name":null,"to_order_product":"1","to_order_product_time":"2","product_different":null,"product_different_description":"","vintage":"0","vintage_category_id":"0","recycled":"0","gemstone_id":"0","customizable":"1","type_category":"digital","zerowaste":"0","postage_price":"0.00","shop_order":"0","has_category":"1","landing_pages":null,"microdata":{"number":85,"category":""},"title":"Els\u0151 sz\u00fclet\u00e9snapom - L\u00e1nyos baba poszter - Rebeka","description":"K\u00f6zeleg a csemet\u00e9d els\u0151 sz\u00fclet\u00e9snapja? Itt a remek alkalom, hogy ezzel a csod\u00e1latos eml\u00e9kk\u00e9ppel \u00f6r\u00f6k\u00edts\u00e9tek meg gyermeketek els\u0151 \u00e9v\u00e9t.\n\nR E N D E L \u00c9 S   M E N E T E :\n=========================\n\u27a4 Tedd a kos\u00e1rba a v\u00e1lasztott term\u00e9k vari\u00e1ci\u00f3t.\n\u27a4 \u00dczenetben k\u00fcldd el az al\u00e1bbiakat:\n         - Keresztn\u00e9v\n         - Sz\u00fclet\u00e9si d\u00e1tum\n         - Sz\u00fclet\u00e9si adatok ( id\u0151, s\u00faly, hossz )\n         - Jelenlegi adatok ( s\u00faly, magass\u00e1g )\n         - Amit tudok\n         - Beceneveim\n         - Fogak sz\u00e1ma\n         - Amit szeretek\n         - Kedvenc mes\u00e9im\n         - Amiket mondok\n         - Els\u0151 szavam\n         - Kedvenc \u00e9teleim\n\u27a4 Ha minden sz\u00fcks\u00e9ges elem be\u00e9rkezett akkor 1 munkanapon bel\u00fcl megkapod a l\u00e1tv\u00e1nytervet,\n\u27a4 Ha b\u00e1rmit szeretn\u00e9l v\u00e1ltoztatni itt m\u00e9g megteheted,\n\u27a4 Miut\u00e1n meger\u0151s\u00edtetted, hogy rendben van a l\u00e1tv\u00e1nyterv, k\u00e9rlek fizesd ki a term\u00e9ket.\n\u27a4 Amint be\u00e9rkezik az \u00f6sszeg elkezdem legy\u00e1rtani az aj\u00e1nd\u00e9kot\n\n\nS Z \u00c1 L L \u00cd T \u00c1 S I    I N F O R M \u00c1 C I \u00d3 K :\n===================================\n\u27a4 Elk\u00e9sz\u00edt\u00e9si id\u0151 1 - 3 munkanap + sz\u00e1ll\u00edt\u00e1si id\u0151.\n\n\nE G Y \u00c9 B   T U D N I V A L \u00d3 K :\n===========================\n\u27a4 \"Digit\u00e1lis\" rendel\u00e9s eset\u00e9n csak az elk\u00e9sz\u00fclt grafika ker\u00fcl elk\u00fcld\u00e9sre PDF form\u00e1tumban.\n\u27a4 A term\u00e9k rendel\u00e9sre k\u00e9sz\u00fcl, ez\u00e9rt csere, visszak\u00fcld\u00e9s \u00e9s lemond\u00e1s nem lehets\u00e9ges.\n\u27a4 A v\u00e1laszhat\u00f3 vari\u00e1ci\u00f3k 30x40-es \u00e9s 40x50-es m\u00e9ret, illetve fekete, feh\u00e9r vagy fahat\u00e1s\u00fa k\u00e9pkeret.\n\u27a4 A felt\u00f6lt\u00f6tt k\u00e9pek illusztr\u00e1ci\u00f3k, a k\u00fcld\u00f6tt k\u00e9pkeret vastags\u00e1gban elt\u00e9r\u0151 lehet.","score":0,"formatted_price":"8 999 Ft","image_url":"https:\/\/www.meska.hu\/img\/product\/small\/m\/e\/memoriis_product_322526_240201110918_7470.jpeg","formatted_url":"https:\/\/www.meska.hu\/p5203609-elso-szuletesnapom-lanyos-baba-poszter","favourite":false,"in_stock":false,"avatar":"322526_avatar_1706691547.png","delete_from":0,"is_enhanced_background":false,"is_enhanced":false,"product_selection_started":false,"is_active":true,"image_webp_url":"https:\/\/www.meska.hu\/img\/product\/small\/m\/e\/memoriis_product_322526_240201110918_7470.webp"},{"id":"5378463","shop_id":"45000","user_id":"646039","shop_name":"kreativokneked","shop_zip":"3400","product_code":"5310541","product_name_old":null,"product_name":"Egyedi baba poszter","category_string":"Baba - mama, Babaposzter, Babaszoba dekor\u00e1ci\u00f3","technic_string":"Fot\u00f3, grafika, rajz, illusztr\u00e1ci\u00f3","category_1":"1735","category_2":"1759","category_3":"1466","category_4":"0","merged_category_1":null,"merged_category_2":null,"merged_category_3":null,"technic_1":"483","technic_2":"0","technic_3":"0","color_1":"519","color_2":"521","color_3":"525","product_description_old":null,"product_description":"Egyedi baba poszter, ami nemcsak a gyerekszob\u00e1t var\u00e1zsolja otthonoss\u00e1, de \u00f6r\u00f6k eml\u00e9k is marad! Ez a szem\u00e9lyre szabott poszter, meg\u00f6r\u00f6k\u00edti gyermeked sz\u00fclet\u00e9si adatait, \u00e9s gyermekkori k\u00e9peit. \u2764\ufe0f\n\nTerm\u00e9k inform\u00e1ci\u00f3k:\n\u2022\tM\u00e9rete: A3\/A4\n\u2022\tAz al\u00e1bbi, k\u00e9pen lev\u0151 grafikai sablon mellett, lehet\u0151s\u00e9ged van egyedi tervez\u00e9s\u0171 grafik\u00e1j\u00fa term\u00e9k rendel\u00e9s\u00e9re is, amennyiben ilyen ig\u00e9nyed van k\u00e9rlek  vedd fel velem a kapcsolatot!\n\nMilyen form\u00e1ban k\u00e9rheted?   \n\u2022\tDigit\u00e1lisan - nyomtathat\u00f3 PDF verzi\u00f3ban, a k\u00e9sz term\u00e9ket emailben k\u00fcld\u00f6m el. K\u00e9nyelmesen kinyomtathatod otthon vagy a hozz\u00e1d k\u00f6zel es\u0151 nyomd\u00e1k egyik\u00e9ben, ezzel id\u0151t \u00e9s postak\u00f6lts\u00e9get sp\u00f3rolva. \n\u2022\tNyomtatott form\u00e1ban - A4\/A3 poszter pap\u00edrra nyomtatva. \n\nRendel\u00e9s menete: \n\u2022\tEl\u0151sz\u00f6r tedd a kosaradba, majd v\u00e1s\u00e1rold meg a term\u00e9ket. \n\u2022\tA megjegyz\u00e9sbe \u00edrd bele a baba sz\u00fclet\u00e9si adatait (n\u00e9v, d\u00e1tum, s\u00faly, id\u0151)\n\u2022\tMiut\u00e1n elk\u00fcldted a rendel\u00e9st, az \u00e1ltalad megadott e-mail c\u00edmre egy v\u00e1s\u00e1rl\u00e1st visszaigazol\u00f3 e-mail \u00e9rkezik majd, amely tartalmazza a szem\u00e9lyes adataimat, valamint az utal\u00e1shoz sz\u00fcks\u00e9ges banksz\u00e1mlasz\u00e1momat is. \n\u2022\tK\u00fcldj nekem 6 db J\u00d3 MIN\u0150S\u00c9G\u0170 fot\u00f3t e-mailen kereszt\u00fcl. \n\u2022\tEzut\u00e1n az \u00f6sszeget utald \u00e1t. \n\u2022\tAz \u00f6sszeg meg\u00e9rkez\u00e9se ut\u00e1n elk\u00fcld\u00f6m neked e-mailen a v\u00e1s\u00e1rolt digit\u00e1lis term\u00e9ket, innent\u0151l nincs m\u00e1s dolgod csak elfogadni a l\u00e1tv\u00e1nytervet vagy ha m\u00f3dos\u00edtani szeretn\u00e9l rajta akkor egyszeri m\u00f3dos\u00edt\u00e1st k\u00e9rni a szem\u00e9lyre sz\u00f3l\u00f3 poszterr\u0151l.\n\nSz\u00e1ll\u00edt\u00e1si inform\u00e1ci\u00f3k:\n\u2022\tAz \u00f6sszeg be\u00e9rkez\u00e9se ut\u00e1n maximum 2 munkanapon bel\u00fcl e-mailben kapod meg.\n\nFigyelem:\n\u2022\tA k\u00e9pen l\u00e1that\u00f3 kieg\u00e9sz\u00edt\u0151k nem a term\u00e9k r\u00e9szei, csak dekor\u00e1ci\u00f3s elemek. \n\u2022\tA sz\u00ednek minim\u00e1lisan elt\u00e9rhetnek a te k\u00e9perny\u0151d\u00f6n l\u00e1that\u00f3 term\u00e9kt\u0151l. \n\u2022\tA grafika, eg\u00e9sz dokumentum r\u00e9szei nem m\u00e1solhat\u00f3k, terjeszthet\u0151k, \u00e9rt\u00e9kes\u00edthet\u0151k tov\u00e1bb semmilyen form\u00e1ban!\n","price":"2500.00","unit":"db","recommended":"0","status":"1","sponsored":"0","exp_notify":"0","own_material":"0","own_material_description_old":null,"own_material_description":"","jury":"0","jury_number":"","product_nature":"","meskaracsony":"0","create_date":"2026-02-02 17:21:41","shelve_id":"0","image":"kreativokneked_product_646039_240612142643_218848.png","image_width":"480","image_height":"384","image_alt":"Egyedi baba poszter, Egyedi baba poszter, ami nemcsak a gyerekszob\u00e1t var\u00e1zsolja otthonoss\u00e1, de \u00f6r\u00f6k eml\u00e9k is marad! Ez a ..., Meska","image_title":"Egyedi baba poszter, Meska","view_count":"467","favourite_count":"0","trending_score":"0","last2MonthFavouriteCount":"0","promotion":"0","giftcard_accept":"0","creditcard_accept":false,"enhanced_background":"0","domain":"meska","specific_customer_id":null,"specific_customer_name":null,"to_order_product":"1","to_order_product_time":"2","product_different":null,"product_different_description":"","vintage":"0","vintage_category_id":"0","recycled":"0","gemstone_id":"0","customizable":"0","type_category":"digital","zerowaste":"0","postage_price":"1290.00","shop_order":"0","has_category":"1","landing_pages":null,"microdata":{"number":86,"category":""},"title":"Egyedi baba poszter","description":"Egyedi baba poszter, ami nemcsak a gyerekszob\u00e1t var\u00e1zsolja otthonoss\u00e1, de \u00f6r\u00f6k eml\u00e9k is marad! Ez a szem\u00e9lyre szabott poszter, meg\u00f6r\u00f6k\u00edti gyermeked sz\u00fclet\u00e9si adatait, \u00e9s gyermekkori k\u00e9peit. \u2764\ufe0f\n\nTerm\u00e9k inform\u00e1ci\u00f3k:\n\u2022\tM\u00e9rete: A3\/A4\n\u2022\tAz al\u00e1bbi, k\u00e9pen lev\u0151 grafikai sablon mellett, lehet\u0151s\u00e9ged van egyedi tervez\u00e9s\u0171 grafik\u00e1j\u00fa term\u00e9k rendel\u00e9s\u00e9re is, amennyiben ilyen ig\u00e9nyed van k\u00e9rlek  vedd fel velem a kapcsolatot!\n\nMilyen form\u00e1ban k\u00e9rheted?   \n\u2022\tDigit\u00e1lisan - nyomtathat\u00f3 PDF verzi\u00f3ban, a k\u00e9sz term\u00e9ket emailben k\u00fcld\u00f6m el. K\u00e9nyelmesen kinyomtathatod otthon vagy a hozz\u00e1d k\u00f6zel es\u0151 nyomd\u00e1k egyik\u00e9ben, ezzel id\u0151t \u00e9s postak\u00f6lts\u00e9get sp\u00f3rolva. \n\u2022\tNyomtatott form\u00e1ban - A4\/A3 poszter pap\u00edrra nyomtatva. \n\nRendel\u00e9s menete: \n\u2022\tEl\u0151sz\u00f6r tedd a kosaradba, majd v\u00e1s\u00e1rold meg a term\u00e9ket. \n\u2022\tA megjegyz\u00e9sbe \u00edrd bele a baba sz\u00fclet\u00e9si adatait (n\u00e9v, d\u00e1tum, s\u00faly, id\u0151)\n\u2022\tMiut\u00e1n elk\u00fcldted a rendel\u00e9st, az \u00e1ltalad megadott e-mail c\u00edmre egy v\u00e1s\u00e1rl\u00e1st visszaigazol\u00f3 e-mail \u00e9rkezik majd, amely tartalmazza a szem\u00e9lyes adataimat, valamint az utal\u00e1shoz sz\u00fcks\u00e9ges banksz\u00e1mlasz\u00e1momat is. \n\u2022\tK\u00fcldj nekem 6 db J\u00d3 MIN\u0150S\u00c9G\u0170 fot\u00f3t e-mailen kereszt\u00fcl. \n\u2022\tEzut\u00e1n az \u00f6sszeget utald \u00e1t. \n\u2022\tAz \u00f6sszeg meg\u00e9rkez\u00e9se ut\u00e1n elk\u00fcld\u00f6m neked e-mailen a v\u00e1s\u00e1rolt digit\u00e1lis term\u00e9ket, innent\u0151l nincs m\u00e1s dolgod csak elfogadni a l\u00e1tv\u00e1nytervet vagy ha m\u00f3dos\u00edtani szeretn\u00e9l rajta akkor egyszeri m\u00f3dos\u00edt\u00e1st k\u00e9rni a szem\u00e9lyre sz\u00f3l\u00f3 poszterr\u0151l.\n\nSz\u00e1ll\u00edt\u00e1si inform\u00e1ci\u00f3k:\n\u2022\tAz \u00f6sszeg be\u00e9rkez\u00e9se ut\u00e1n maximum 2 munkanapon bel\u00fcl e-mailben kapod meg.\n\nFigyelem:\n\u2022\tA k\u00e9pen l\u00e1that\u00f3 kieg\u00e9sz\u00edt\u0151k nem a term\u00e9k r\u00e9szei, csak dekor\u00e1ci\u00f3s elemek. \n\u2022\tA sz\u00ednek minim\u00e1lisan elt\u00e9rhetnek a te k\u00e9perny\u0151d\u00f6n l\u00e1that\u00f3 term\u00e9kt\u0151l. \n\u2022\tA grafika, eg\u00e9sz dokumentum r\u00e9szei nem m\u00e1solhat\u00f3k, terjeszthet\u0151k, \u00e9rt\u00e9kes\u00edthet\u0151k tov\u00e1bb semmilyen form\u00e1ban!\n","score":0,"formatted_price":"2 500 Ft","image_url":"https:\/\/www.meska.hu\/img\/product\/small\/k\/r\/kreativokneked_product_646039_240612142643_218848.png","formatted_url":"https:\/\/www.meska.hu\/p5310541-egyedi-baba-poszter","favourite":false,"in_stock":false,"avatar":"646039_avatar_1713503072.png","delete_from":0,"is_enhanced_background":false,"is_enhanced":false,"product_selection_started":false,"is_active":true,"image_webp_url":"https:\/\/www.meska.hu\/img\/product\/small\/k\/r\/kreativokneked_product_646039_240612142643_218848.webp"},{"id":"6100340","shop_id":"51711","user_id":"769474","shop_name":"szandraromanovics","shop_zip":"4027","product_code":"5723486","product_name_old":null,"product_name":"Egyedi babaposzter a baba adataival - szem\u00e9lyre szabott illusztr\u00e1ci\u00f3 \u00fajsz\u00fcl\u00f6tt aj\u00e1nd\u00e9k","category_string":"Baba - mama, Babaszoba dekor\u00e1ci\u00f3, Babaposzter","technic_string":"Fot\u00f3, grafika, rajz, illusztr\u00e1ci\u00f3","category_1":"1735","category_2":"1466","category_3":"1759","category_4":"0","merged_category_1":null,"merged_category_2":null,"merged_category_3":null,"technic_1":"483","technic_2":"0","technic_3":"0","color_1":"514","color_2":"519","color_3":"521","product_description_old":null,"product_description":"Finom, akvarell st\u00edlus\u00fa babaposzter a baba sz\u00fclet\u00e9si adataival. Egyedi illusztr\u00e1ci\u00f3, amely \u00f6r\u00f6k eml\u00e9k marad a gyerekszob\u00e1ban, \u00e9s t\u00f6k\u00e9letes aj\u00e1nd\u00e9k \u00fajsz\u00fcl\u00f6tt \u00e9rkez\u00e9sekor.\nMit tartalmaz a babaposzter?\n- Egyedi, k\u00e9zzel rajzolt digit\u00e1lis illusztr\u00e1ci\u00f3\n- Sz\u00fclet\u00e9si d\u00e1tum\n- Sz\u00fclet\u00e9si id\u0151pont\n- S\u00faly \u00e9s hossz\n- Letisztult, harmonikus sz\u00ednvil\u00e1g\n- Babaszob\u00e1ba ill\u0151, id\u0151t\u00e1ll\u00f3 diz\u00e1jn\n\nHogyan t\u00f6rt\u00e9nik a rendel\u00e9s?\n1. Rendel\u00e9s ut\u00e1n \u00fczenetben elk\u00e9rem a baba adatait\n2. Elk\u00e9sz\u00edtem az egyedi plak\u00e1tot\n3. J\u00f3v\u00e1hagy\u00e1s ut\u00e1n k\u00fcld\u00f6m a v\u00e9gleges f\u00e1jlt\/nyomatot (v\u00e1laszt\u00e1st\u00f3l f\u00fcgg\u0151en)\n\nV\u00e1laszthat\u00f3 kivitel:\n- digit\u00e1lis f\u00e1jl (nyomtathat\u00f3)\n- magas min\u0151s\u00e9g\u0171 pap\u00edrra nyomtatva\n\nAj\u00e1nlom:\n- babal\u00e1togat\u00f3 aj\u00e1nd\u00e9knak\n- keresztel\u0151re\n- sz\u00fclet\u00e9si eml\u00e9knek\n- babaszoba dekor\u00e1ci\u00f3nak\n","price":"9900.00","unit":"db","recommended":"0","status":"1","sponsored":"0","exp_notify":"0","own_material":"0","own_material_description_old":null,"own_material_description":"","jury":"0","jury_number":"","product_nature":"","meskaracsony":"0","create_date":"2026-02-01 22:29:53","shelve_id":"0","image":"szandraromanovics_product_769474_260201220133_53857.jpeg","image_width":"480","image_height":"678","image_alt":"Egyedi babaposzter a baba adataival - szem\u00e9lyre szabott illusztr\u00e1ci\u00f3 \u00fajsz\u00fcl\u00f6tt aj\u00e1nd\u00e9k, Finom, akvarell st\u00edlus\u00fa babaposzter a baba sz\u00fclet\u00e9si adataival. Egyedi illusztr\u00e1ci\u00f3, amely \u00f6r\u00f6k eml\u00e9..., Meska","image_title":"Egyedi babaposzter a baba adataival - szem\u00e9lyre szabott illusztr\u00e1ci\u00f3 \u00fajsz\u00fcl\u00f6tt aj\u00e1nd\u00e9k, Meska","view_count":"59","favourite_count":"0","trending_score":"0","last2MonthFavouriteCount":"0","promotion":"0","giftcard_accept":"0","creditcard_accept":false,"enhanced_background":"0","domain":"meska","specific_customer_id":null,"specific_customer_name":null,"to_order_product":"1","to_order_product_time":"5","product_different":null,"product_different_description":"","vintage":"0","vintage_category_id":"0","recycled":"0","gemstone_id":"0","customizable":"1","type_category":"digital","zerowaste":"0","postage_price":"1290.00","shop_order":"0","has_category":"1","landing_pages":null,"microdata":{"number":87,"category":""},"title":"Egyedi babaposzter a baba adataival - szem\u00e9lyre szabott illusztr\u00e1ci\u00f3 \u00fajsz\u00fcl\u00f6tt aj\u00e1nd\u00e9k","description":"Finom, akvarell st\u00edlus\u00fa babaposzter a baba sz\u00fclet\u00e9si adataival. Egyedi illusztr\u00e1ci\u00f3, amely \u00f6r\u00f6k eml\u00e9k marad a gyerekszob\u00e1ban, \u00e9s t\u00f6k\u00e9letes aj\u00e1nd\u00e9k \u00fajsz\u00fcl\u00f6tt \u00e9rkez\u00e9sekor.\nMit tartalmaz a babaposzter?\n- Egyedi, k\u00e9zzel rajzolt digit\u00e1lis illusztr\u00e1ci\u00f3\n- Sz\u00fclet\u00e9si d\u00e1tum\n- Sz\u00fclet\u00e9si id\u0151pont\n- S\u00faly \u00e9s hossz\n- Letisztult, harmonikus sz\u00ednvil\u00e1g\n- Babaszob\u00e1ba ill\u0151, id\u0151t\u00e1ll\u00f3 diz\u00e1jn\n\nHogyan t\u00f6rt\u00e9nik a rendel\u00e9s?\n1. Rendel\u00e9s ut\u00e1n \u00fczenetben elk\u00e9rem a baba adatait\n2. Elk\u00e9sz\u00edtem az egyedi plak\u00e1tot\n3. J\u00f3v\u00e1hagy\u00e1s ut\u00e1n k\u00fcld\u00f6m a v\u00e9gleges f\u00e1jlt\/nyomatot (v\u00e1laszt\u00e1st\u00f3l f\u00fcgg\u0151en)\n\nV\u00e1laszthat\u00f3 kivitel:\n- digit\u00e1lis f\u00e1jl (nyomtathat\u00f3)\n- magas min\u0151s\u00e9g\u0171 pap\u00edrra nyomtatva\n\nAj\u00e1nlom:\n- babal\u00e1togat\u00f3 aj\u00e1nd\u00e9knak\n- keresztel\u0151re\n- sz\u00fclet\u00e9si eml\u00e9knek\n- babaszoba dekor\u00e1ci\u00f3nak\n","score":0,"formatted_price":"9 900 Ft","image_url":"https:\/\/www.meska.hu\/img\/product\/small\/s\/z\/szandraromanovics_product_769474_260201220133_53857.jpeg","formatted_url":"https:\/\/www.meska.hu\/p5723486-egyedi-babaposzter-a-baba-adataival-szemelyre-szabott-illusztracio-ujszulott-ajandek","favourite":false,"in_stock":false,"avatar":"769474_avatar_1769979510.jpeg","delete_from":0,"is_enhanced_background":false,"is_enhanced":false,"product_selection_started":false,"is_active":true,"image_webp_url":"https:\/\/www.meska.hu\/img\/product\/small\/s\/z\/szandraromanovics_product_769474_260201220133_53857.webp"},{"id":"3437580","shop_id":"31288","user_id":"398004","shop_name":"panadesign","shop_zip":"2071","product_code":"3934573","product_name_old":null,"product_name":"Babaposzter, Sz\u00fclet\u00e9snapi poszter, aj\u00e1nd\u00e9k bab\u00e1knak, els\u0151 sz\u00fclet\u00e9snap","category_string":"Baba - mama, Babaposzter, Babaszoba dekor\u00e1ci\u00f3","technic_string":"Fot\u00f3, grafika, rajz, illusztr\u00e1ci\u00f3","category_1":"1735","category_2":"1759","category_3":"1466","category_4":"0","merged_category_1":"0","merged_category_2":"0","merged_category_3":"785","technic_1":"483","technic_2":"0","technic_3":"0","color_1":"532","color_2":"0","color_3":"0","product_description_old":null,"product_description":"FIGYELEM: A TERM\u00c9K CSAK DIGIT\u00c1LISAN KER\u00dcL KIK\u00dcLD\u00c9SRE!\n\n\u00d6r\u00f6k\u00edtsd meg az eddigi id\u0151szakot \u00e9s lepd meg vele saj\u00e1t gyermekedet, de ak\u00e1r aj\u00e1nd\u00e9kk\u00e9nt is t\u00f6k\u00e9letes! :) Els\u0151, m\u00e1sodik, harmadik stb. sz\u00fclet\u00e9snapra is k\u00e9rhet\u0151!\n\nK\u00e9rlek hogy a v\u00e1s\u00e1rl\u00e1s ut\u00e1n a poszteren tal\u00e1lhat\u00f3 sz\u00f6vegnek megfelel\u0151en k\u00fcldd el azokat az adatokat, amiket viszont szeretn\u00e9l l\u00e1tni a poszteren! (Pl: S\u00faly, fogak sz\u00e1ma, hossza, miket szeret enni\/inni\/csin\u00e1lni, miket tud m\u00e1r csin\u00e1lni, stb.)\n\nAz adatok alapj\u00e1n elk\u00e9sz\u00edtem a posztert \u00e9s az el\u0151reutal\u00e1s ut\u00e1n elk\u00fcld\u00f6m neked a k\u00e9sz grafik\u00e1t egy kiv\u00e1l\u00f3 min\u0151s\u00e9g\u0171 nyomdai pdf-ben, melyet azonnal ki tudsz nyomtatni.\nA term\u00e9k m\u00e9rete: A4-es m\u00e9ret\u0171, azaz 210 x 297 mm, de k\u00e9rhet\u0151 A3 m\u00e9retben is!\n\nAmennyiben egyedi elk\u00e9pzel\u00e9sed lenne, keress bizalommal \u00fczenetben!\n\nFigyelem: a k\u00fcl\u00f6nb\u00f6z\u0151 k\u00e9perny\u0151k k\u00fcl\u00f6nb\u00f6z\u0151 m\u00f3don jelen\u00edtik meg a grafik\u00e1t, ez\u00e9rt a nyomtatott v\u00e1ltozat elt\u00e9rhet a k\u00e9perny\u0151n l\u00e1tottakt\u00f3l!","price":"4900.00","unit":"db","recommended":"0","status":"1","sponsored":"0","exp_notify":"0","own_material":"0","own_material_description_old":null,"own_material_description":"","jury":"0","jury_number":"","product_nature":"","meskaracsony":"0","create_date":"2026-01-30 20:59:14","shelve_id":"0","image":"panadesign_product_398004_201121115921_483493.jpeg","image_width":"480","image_height":"360","image_alt":"Babaposzter, Sz\u00fclet\u00e9snapi poszter, aj\u00e1nd\u00e9k bab\u00e1knak, els\u0151 sz\u00fclet\u00e9snap, FIGYELEM: A TERM\u00c9K CSAK DIGIT\u00c1LISAN KER\u00dcL KIK\u00dcLD\u00c9SRE!\\n\\n\u00d6r\u00f6k\u00edtsd meg az eddigi id\u0151szakot \u00e9s lepd meg ..., Meska","image_title":"Babaposzter, Sz\u00fclet\u00e9snapi poszter, aj\u00e1nd\u00e9k bab\u00e1knak, els\u0151 sz\u00fclet\u00e9snap, Meska","view_count":"4092","favourite_count":"0","trending_score":"0","last2MonthFavouriteCount":"0","promotion":"0","giftcard_accept":"1","creditcard_accept":true,"enhanced_background":"0","domain":"meska","specific_customer_id":null,"specific_customer_name":null,"to_order_product":"1","to_order_product_time":"3","product_different":"quite_different","product_different_description":"Bet\u0171k, sz\u00f3k\u00f6z\u00f6k, sz\u00ednek, bet\u0171t\u00edpusok","vintage":"0","vintage_category_id":"0","recycled":"0","gemstone_id":"0","customizable":"0","type_category":"digital","zerowaste":"0","postage_price":"0.00","shop_order":"0","has_category":"1","landing_pages":null,"microdata":{"number":88,"category":""},"title":"Babaposzter, Sz\u00fclet\u00e9snapi poszter, aj\u00e1nd\u00e9k bab\u00e1knak, els\u0151 sz\u00fclet\u00e9snap","description":"FIGYELEM: A TERM\u00c9K CSAK DIGIT\u00c1LISAN KER\u00dcL KIK\u00dcLD\u00c9SRE!\n\n\u00d6r\u00f6k\u00edtsd meg az eddigi id\u0151szakot \u00e9s lepd meg vele saj\u00e1t gyermekedet, de ak\u00e1r aj\u00e1nd\u00e9kk\u00e9nt is t\u00f6k\u00e9letes! :) Els\u0151, m\u00e1sodik, harmadik stb. sz\u00fclet\u00e9snapra is k\u00e9rhet\u0151!\n\nK\u00e9rlek hogy a v\u00e1s\u00e1rl\u00e1s ut\u00e1n a poszteren tal\u00e1lhat\u00f3 sz\u00f6vegnek megfelel\u0151en k\u00fcldd el azokat az adatokat, amiket viszont szeretn\u00e9l l\u00e1tni a poszteren! (Pl: S\u00faly, fogak sz\u00e1ma, hossza, miket szeret enni\/inni\/csin\u00e1lni, miket tud m\u00e1r csin\u00e1lni, stb.)\n\nAz adatok alapj\u00e1n elk\u00e9sz\u00edtem a posztert \u00e9s az el\u0151reutal\u00e1s ut\u00e1n elk\u00fcld\u00f6m neked a k\u00e9sz grafik\u00e1t egy kiv\u00e1l\u00f3 min\u0151s\u00e9g\u0171 nyomdai pdf-ben, melyet azonnal ki tudsz nyomtatni.\nA term\u00e9k m\u00e9rete: A4-es m\u00e9ret\u0171, azaz 210 x 297 mm, de k\u00e9rhet\u0151 A3 m\u00e9retben is!\n\nAmennyiben egyedi elk\u00e9pzel\u00e9sed lenne, keress bizalommal \u00fczenetben!\n\nFigyelem: a k\u00fcl\u00f6nb\u00f6z\u0151 k\u00e9perny\u0151k k\u00fcl\u00f6nb\u00f6z\u0151 m\u00f3don jelen\u00edtik meg a grafik\u00e1t, ez\u00e9rt a nyomtatott v\u00e1ltozat elt\u00e9rhet a k\u00e9perny\u0151n l\u00e1tottakt\u00f3l!","score":0,"formatted_price":"4 900 Ft","image_url":"https:\/\/www.meska.hu\/img\/product\/small\/p\/a\/panadesign_product_398004_201121115921_483493.jpeg","formatted_url":"https:\/\/www.meska.hu\/p3934573-babaposzter-szuletesnapi-poszter-ajandek-babaknak-elso-szuletesnap","favourite":false,"in_stock":false,"avatar":"panadesign_avatar_398004_1605705071.jpg","delete_from":0,"is_enhanced_background":false,"is_enhanced":false,"product_selection_started":false,"is_active":true,"image_webp_url":"https:\/\/www.meska.hu\/img\/product\/small\/p\/a\/panadesign_product_398004_201121115921_483493.webp"},{"id":"3492820","shop_id":"31288","user_id":"398004","shop_name":"panadesign","shop_zip":"2071","product_code":"4398427","product_name_old":null,"product_name":"Babaposzter, Sz\u00fclet\u00e9snapi poszter, aj\u00e1nd\u00e9k bab\u00e1knak, sz\u00fclet\u00e9snap, j\u00e1rm\u0171vek","category_string":"Baba - mama, Babaposzter, Babaszoba dekor\u00e1ci\u00f3","technic_string":"Fot\u00f3, grafika, rajz, illusztr\u00e1ci\u00f3","category_1":"1735","category_2":"1759","category_3":"1466","category_4":"0","merged_category_1":"0","merged_category_2":"0","merged_category_3":"785","technic_1":"483","technic_2":"0","technic_3":"0","color_1":"532","color_2":"0","color_3":"0","product_description_old":null,"product_description":"FIGYELEM: A TERM\u00c9K CSAK DIGIT\u00c1LISAN KER\u00dcL KIK\u00dcLD\u00c9SRE!\n\n\u00d6r\u00f6k\u00edtsd meg az eddigi id\u0151szakot \u00e9s lepd meg vele sz\u00fclet\u00e9snapj\u00e1n saj\u00e1t gyermekedet, de ak\u00e1r aj\u00e1nd\u00e9kk\u00e9nt is t\u00f6k\u00e9letes vagy egy fot\u00f3z\u00e1s alkalm\u00e1val meg\u00f6r\u00f6k\u00edteni az addigi eml\u00e9keket! :) Els\u0151, m\u00e1sodik, harmadik stb. sz\u00fclet\u00e9snapra is k\u00e9rhet\u0151!\n\nK\u00e9rlek hogy a v\u00e1s\u00e1rl\u00e1s ut\u00e1n a poszteren tal\u00e1lhat\u00f3 sz\u00f6vegnek megfelel\u0151en k\u00fcldd el azokat az adatokat, amiket viszont szeretn\u00e9l l\u00e1tni a poszteren! (Pl: S\u00faly, fogak sz\u00e1ma, hossza, miket szeret enni\/inni\/csin\u00e1lni, miket tud m\u00e1r csin\u00e1lni, stb.)\n\nAz adatok alapj\u00e1n elk\u00e9sz\u00edtem a posztert \u00e9s az el\u0151reutal\u00e1s ut\u00e1n elk\u00fcld\u00f6m neked a k\u00e9sz grafik\u00e1t egy kiv\u00e1l\u00f3 min\u0151s\u00e9g\u0171 nyomdai pdf-ben, melyet azonnal ki tudsz nyomtatni.\nA term\u00e9k m\u00e9rete: A4-es m\u00e9ret\u0171, azaz 210 x 297 mm, de A3 m\u00e9retben is k\u00e9rhet\u0151.\n\nAmennyiben egyedi elk\u00e9pzel\u00e9sed lenne, keress bizalommal \u00fczenetben!\n\nFIGYELEM: A k\u00fcl\u00f6nb\u00f6z\u0151 k\u00e9perny\u0151k k\u00fcl\u00f6nb\u00f6z\u0151 m\u00f3don jelen\u00edthetik meg a sz\u00edneket, ez\u00e9rt kis m\u00e9rt\u00e9kben elt\u00e9rhet a nyomtatott v\u00e1ltozatt\u00f3l!","price":"4900.00","unit":"db","recommended":"0","status":"1","sponsored":"0","exp_notify":"0","own_material":"0","own_material_description_old":null,"own_material_description":"","jury":"0","jury_number":"","product_nature":"","meskaracsony":"0","create_date":"2026-01-29 19:53:09","shelve_id":"0","image":"panadesign_product_398004_211127194522_165877.jpeg","image_width":"480","image_height":"480","image_alt":"Babaposzter, Sz\u00fclet\u00e9snapi poszter, aj\u00e1nd\u00e9k bab\u00e1knak, sz\u00fclet\u00e9snap, j\u00e1rm\u0171vek, FIGYELEM: A TERM\u00c9K CSAK DIGIT\u00c1LISAN KER\u00dcL KIK\u00dcLD\u00c9SRE!\\n\\n\u00d6r\u00f6k\u00edtsd meg az eddigi id\u0151szakot \u00e9s lepd meg ..., Meska","image_title":"Babaposzter, Sz\u00fclet\u00e9snapi poszter, aj\u00e1nd\u00e9k bab\u00e1knak, sz\u00fclet\u00e9snap, j\u00e1rm\u0171vek, Meska","view_count":"7118","favourite_count":"0","trending_score":"0","last2MonthFavouriteCount":"0","promotion":"0","giftcard_accept":"1","creditcard_accept":true,"enhanced_background":"0","domain":"meska","specific_customer_id":null,"specific_customer_name":null,"to_order_product":"1","to_order_product_time":"6","product_different":"quite_different","product_different_description":"Bet\u0171k, sz\u00f3k\u00f6z\u00f6k, sz\u00ednek, bet\u0171t\u00edpusok","vintage":"0","vintage_category_id":"0","recycled":"0","gemstone_id":"0","customizable":"0","type_category":"digital","zerowaste":"0","postage_price":"0.00","shop_order":"0","has_category":"1","landing_pages":null,"microdata":{"number":89,"category":""},"title":"Babaposzter, Sz\u00fclet\u00e9snapi poszter, aj\u00e1nd\u00e9k bab\u00e1knak, sz\u00fclet\u00e9snap, j\u00e1rm\u0171vek","description":"FIGYELEM: A TERM\u00c9K CSAK DIGIT\u00c1LISAN KER\u00dcL KIK\u00dcLD\u00c9SRE!\n\n\u00d6r\u00f6k\u00edtsd meg az eddigi id\u0151szakot \u00e9s lepd meg vele sz\u00fclet\u00e9snapj\u00e1n saj\u00e1t gyermekedet, de ak\u00e1r aj\u00e1nd\u00e9kk\u00e9nt is t\u00f6k\u00e9letes vagy egy fot\u00f3z\u00e1s alkalm\u00e1val meg\u00f6r\u00f6k\u00edteni az addigi eml\u00e9keket! :) Els\u0151, m\u00e1sodik, harmadik stb. sz\u00fclet\u00e9snapra is k\u00e9rhet\u0151!\n\nK\u00e9rlek hogy a v\u00e1s\u00e1rl\u00e1s ut\u00e1n a poszteren tal\u00e1lhat\u00f3 sz\u00f6vegnek megfelel\u0151en k\u00fcldd el azokat az adatokat, amiket viszont szeretn\u00e9l l\u00e1tni a poszteren! (Pl: S\u00faly, fogak sz\u00e1ma, hossza, miket szeret enni\/inni\/csin\u00e1lni, miket tud m\u00e1r csin\u00e1lni, stb.)\n\nAz adatok alapj\u00e1n elk\u00e9sz\u00edtem a posztert \u00e9s az el\u0151reutal\u00e1s ut\u00e1n elk\u00fcld\u00f6m neked a k\u00e9sz grafik\u00e1t egy kiv\u00e1l\u00f3 min\u0151s\u00e9g\u0171 nyomdai pdf-ben, melyet azonnal ki tudsz nyomtatni.\nA term\u00e9k m\u00e9rete: A4-es m\u00e9ret\u0171, azaz 210 x 297 mm, de A3 m\u00e9retben is k\u00e9rhet\u0151.\n\nAmennyiben egyedi elk\u00e9pzel\u00e9sed lenne, keress bizalommal \u00fczenetben!\n\nFIGYELEM: A k\u00fcl\u00f6nb\u00f6z\u0151 k\u00e9perny\u0151k k\u00fcl\u00f6nb\u00f6z\u0151 m\u00f3don jelen\u00edthetik meg a sz\u00edneket, ez\u00e9rt kis m\u00e9rt\u00e9kben elt\u00e9rhet a nyomtatott v\u00e1ltozatt\u00f3l!","score":0,"formatted_price":"4 900 Ft","image_url":"https:\/\/www.meska.hu\/img\/product\/small\/p\/a\/panadesign_product_398004_211127194522_165877.jpeg","formatted_url":"https:\/\/www.meska.hu\/p4398427-babaposzter-szuletesnapi-poszter-ajandek-babaknak-szuletesnap-jarmuvek","favourite":false,"in_stock":false,"avatar":"panadesign_avatar_398004_1605705071.jpg","delete_from":0,"is_enhanced_background":false,"is_enhanced":false,"product_selection_started":false,"is_active":true,"image_webp_url":"https:\/\/www.meska.hu\/img\/product\/small\/p\/a\/panadesign_product_398004_211127194522_165877.webp"},{"id":"6097261","shop_id":"51417","user_id":"521892","shop_name":"Pillanatka","shop_zip":"1165","product_code":"5721677","product_name_old":null,"product_name":"Vintage Garden \u2013 szem\u00e9lyre szabhat\u00f3 babaposzter szett kisl\u00e1nyoknak","category_string":"Baba - mama, Babaszoba dekor\u00e1ci\u00f3, Babaposzter","technic_string":"Fot\u00f3, grafika, rajz, illusztr\u00e1ci\u00f3","category_1":"1735","category_2":"1466","category_3":"1759","category_4":"0","merged_category_1":null,"merged_category_2":null,"merged_category_3":null,"technic_1":"483","technic_2":"0","technic_3":"0","color_1":"515","color_2":"532","color_3":"525","product_description_old":null,"product_description":"Ez a romantikus, vintage hangulat\u00fa babaszoba poszter szett finom pasztell sz\u00edneivel \u00e9s kedves \u00e1llatfigur\u00e1ival meghitt, nyugodt l\u00e9gk\u00f6rt teremt a kisl\u00e1nyok szob\u00e1j\u00e1ban.\n\nA h\u00e1rom darabb\u00f3l \u00e1ll\u00f3 kollekci\u00f3 egys\u00e9ges st\u00edlusban k\u00e9sz\u00fclt, m\u00e9gis k\u00fcl\u00f6n-k\u00fcl\u00f6n is gy\u00f6ny\u00f6r\u0171 dekor\u00e1ci\u00f3.\n\nA poszter teljes m\u00e9rt\u00e9kben szem\u00e9lyre szabhat\u00f3, \u00edgy igaz\u00e1n k\u00fcl\u00f6nleges eml\u00e9k marad \u2013 ak\u00e1r saj\u00e1t bab\u00e1nak, ak\u00e1r aj\u00e1nd\u00e9kba.\n\n\u2728 A szett tartalma:\n3 db egym\u00e1ssal harmoniz\u00e1l\u00f3 falik\u00e9p digit\u00e1lis v\u00e1ltozata\n\n\u270d\ufe0f Szem\u00e9lyre szabhat\u00f3 adatok:\nn\u00e9v\nsz\u00fclet\u00e9si d\u00e1tum\ns\u00faly\nhossz\n\n\ud83d\udcd0 M\u00e9ret:\nA4 \n\n\ud83d\udda8\ufe0f Kivitel:\nDigit\u00e1lis grafika, keret n\u00e9lk\u00fcl\nNyomtat\u00e1sra optimaliz\u00e1lt, magas felbont\u00e1s\u00fa f\u00e1jl\n\n\n\ud83c\udf81 T\u00f6k\u00e9letes v\u00e1laszt\u00e1s:\nbabaszoba dekor\u00e1ci\u00f3nak\nkeresztel\u0151i aj\u00e1nd\u00e9knak\n\u00fajsz\u00fcl\u00f6tt l\u00e1togat\u00f3 aj\u00e1nd\u00e9knak\neml\u00e9knek egy k\u00fcl\u00f6nleges \u00e9letkezdethez\n\nFontos:\nA term\u00e9k digit\u00e1lis, fizikai poszter nem ker\u00fcl post\u00e1z\u00e1sra.\n\nA v\u00e1s\u00e1rl\u00e1st k\u00f6vet\u0151en \u00fczenetben egyeztetj\u00fck a szem\u00e9lyre szab\u00e1shoz sz\u00fcks\u00e9ges adatokat, majd a nyomtat\u00e1sra k\u00e9sz poszter szettet PDF \u00e9s PNG form\u00e1tumban, digit\u00e1lisan k\u00fcld\u00f6m el 2\u20133 munkanapon bel\u00fcl.\n","price":"6000.00","unit":"db","recommended":"0","status":"1","sponsored":"0","exp_notify":"0","own_material":"0","own_material_description_old":null,"own_material_description":"","jury":"0","jury_number":"","product_nature":"","meskaracsony":"0","create_date":"2026-01-29 15:33:58","shelve_id":"0","image":"pillanatka_product_521892_260129153224_828812.png","image_width":"480","image_height":"320","image_alt":"Vintage Garden \u2013 szem\u00e9lyre szabhat\u00f3 babaposzter szett kisl\u00e1nyoknak, Ez a romantikus, vintage hangulat\u00fa babaszoba poszter szett finom pasztell sz\u00edneivel \u00e9s kedves \u00e1llatf..., Meska","image_title":"Vintage Garden \u2013 szem\u00e9lyre szabhat\u00f3 babaposzter szett kisl\u00e1nyoknak, Meska","view_count":"55","favourite_count":"0","trending_score":"0","last2MonthFavouriteCount":"0","promotion":"0","giftcard_accept":"0","creditcard_accept":true,"enhanced_background":"0","domain":"meska","specific_customer_id":null,"specific_customer_name":null,"to_order_product":"1","to_order_product_time":"2","product_different":null,"product_different_description":"","vintage":"0","vintage_category_id":"0","recycled":"0","gemstone_id":"0","customizable":"1","type_category":"digital","zerowaste":"0","postage_price":"0.00","shop_order":"0","has_category":"1","landing_pages":null,"microdata":{"number":90,"category":""},"title":"Vintage Garden \u2013 szem\u00e9lyre szabhat\u00f3 babaposzter szett kisl\u00e1nyoknak","description":"Ez a romantikus, vintage hangulat\u00fa babaszoba poszter szett finom pasztell sz\u00edneivel \u00e9s kedves \u00e1llatfigur\u00e1ival meghitt, nyugodt l\u00e9gk\u00f6rt teremt a kisl\u00e1nyok szob\u00e1j\u00e1ban.\n\nA h\u00e1rom darabb\u00f3l \u00e1ll\u00f3 kollekci\u00f3 egys\u00e9ges st\u00edlusban k\u00e9sz\u00fclt, m\u00e9gis k\u00fcl\u00f6n-k\u00fcl\u00f6n is gy\u00f6ny\u00f6r\u0171 dekor\u00e1ci\u00f3.\n\nA poszter teljes m\u00e9rt\u00e9kben szem\u00e9lyre szabhat\u00f3, \u00edgy igaz\u00e1n k\u00fcl\u00f6nleges eml\u00e9k marad \u2013 ak\u00e1r saj\u00e1t bab\u00e1nak, ak\u00e1r aj\u00e1nd\u00e9kba.\n\n\u2728 A szett tartalma:\n3 db egym\u00e1ssal harmoniz\u00e1l\u00f3 falik\u00e9p digit\u00e1lis v\u00e1ltozata\n\n\u270d\ufe0f Szem\u00e9lyre szabhat\u00f3 adatok:\nn\u00e9v\nsz\u00fclet\u00e9si d\u00e1tum\ns\u00faly\nhossz\n\n\ud83d\udcd0 M\u00e9ret:\nA4 \n\n\ud83d\udda8\ufe0f Kivitel:\nDigit\u00e1lis grafika, keret n\u00e9lk\u00fcl\nNyomtat\u00e1sra optimaliz\u00e1lt, magas felbont\u00e1s\u00fa f\u00e1jl\n\n\n\ud83c\udf81 T\u00f6k\u00e9letes v\u00e1laszt\u00e1s:\nbabaszoba dekor\u00e1ci\u00f3nak\nkeresztel\u0151i aj\u00e1nd\u00e9knak\n\u00fajsz\u00fcl\u00f6tt l\u00e1togat\u00f3 aj\u00e1nd\u00e9knak\neml\u00e9knek egy k\u00fcl\u00f6nleges \u00e9letkezdethez\n\nFontos:\nA term\u00e9k digit\u00e1lis, fizikai poszter nem ker\u00fcl post\u00e1z\u00e1sra.\n\nA v\u00e1s\u00e1rl\u00e1st k\u00f6vet\u0151en \u00fczenetben egyeztetj\u00fck a szem\u00e9lyre szab\u00e1shoz sz\u00fcks\u00e9ges adatokat, majd a nyomtat\u00e1sra k\u00e9sz poszter szettet PDF \u00e9s PNG form\u00e1tumban, digit\u00e1lisan k\u00fcld\u00f6m el 2\u20133 munkanapon bel\u00fcl.\n","score":0,"formatted_price":"6 000 Ft","image_url":"https:\/\/www.meska.hu\/img\/product\/small\/p\/i\/pillanatka_product_521892_260129153224_828812.png","formatted_url":"https:\/\/www.meska.hu\/p5721677-vintage-garden-szemelyre-szabhato-babaposzter-szett-kislanyoknak","favourite":false,"in_stock":false,"avatar":"521892_avatar_1768846564.png","delete_from":0,"is_enhanced_background":false,"is_enhanced":false,"product_selection_started":false,"is_active":true,"image_webp_url":"https:\/\/www.meska.hu\/img\/product\/small\/p\/i\/pillanatka_product_521892_260129153224_828812.webp"},{"id":"6097253","shop_id":"51417","user_id":"521892","shop_name":"Pillanatka","shop_zip":"1165","product_code":"5721675","product_name_old":null,"product_name":"Vintage Teddy \u2013 szem\u00e9lyre szabhat\u00f3 poszter szett fi\u00faknak","category_string":"Baba - mama, Babaszoba dekor\u00e1ci\u00f3, Babaposzter","technic_string":"Fot\u00f3, grafika, rajz, illusztr\u00e1ci\u00f3","category_1":"1735","category_2":"1466","category_3":"1759","category_4":"0","merged_category_1":null,"merged_category_2":null,"merged_category_3":null,"technic_1":"483","technic_2":"0","technic_3":"0","color_1":"514","color_2":"515","color_3":"521","product_description_old":null,"product_description":"Vintage hangulat\u00fa, eleg\u00e1ns babaposzter szett kisfi\u00faknak, amely t\u00f6k\u00e9letes v\u00e1laszt\u00e1s klasszikus, id\u0151t\u00e1ll\u00f3 st\u00edlus\u00fa gyerekszob\u00e1ba.\n\nA h\u00e1rom darabb\u00f3l \u00e1ll\u00f3 kollekci\u00f3 finom pasztell sz\u00edneivel, kedves mack\u00f3 illusztr\u00e1ci\u00f3ival \u00e9s letisztult r\u00e9szleteivel meghitt, nyugodt hangulatot teremt.\n\nA poszter teljes m\u00e9rt\u00e9kben szem\u00e9lyre szabhat\u00f3, \u00edgy igaz\u00e1n k\u00fcl\u00f6nleges eml\u00e9k marad \u2013 ak\u00e1r saj\u00e1t bab\u00e1nak, ak\u00e1r aj\u00e1nd\u00e9kba.\n\n\u2728 A szett tartalma:\n3 db egym\u00e1ssal harmoniz\u00e1l\u00f3 falik\u00e9p digit\u00e1lis v\u00e1ltozata\n\n\u270d\ufe0f Szem\u00e9lyre szabhat\u00f3 adatok:\nn\u00e9v\nsz\u00fclet\u00e9si d\u00e1tum\ns\u00faly\nhossz\n\n\ud83d\udcd0 M\u00e9ret:\nA4 \n\n\ud83d\udda8\ufe0f Kivitel:\nDigit\u00e1lis grafika, keret n\u00e9lk\u00fcl\nNyomtat\u00e1sra optimaliz\u00e1lt, magas felbont\u00e1s\u00fa f\u00e1jl\n\n\n\ud83c\udf81 T\u00f6k\u00e9letes v\u00e1laszt\u00e1s:\nbabaszoba dekor\u00e1ci\u00f3nak\nkeresztel\u0151i aj\u00e1nd\u00e9knak\n\u00fajsz\u00fcl\u00f6tt l\u00e1togat\u00f3 aj\u00e1nd\u00e9knak\neml\u00e9knek egy k\u00fcl\u00f6nleges \u00e9letkezdethez\n\nFontos:\nA term\u00e9k digit\u00e1lis, fizikai poszter nem ker\u00fcl post\u00e1z\u00e1sra.\n\nA v\u00e1s\u00e1rl\u00e1st k\u00f6vet\u0151en \u00fczenetben egyeztetj\u00fck a szem\u00e9lyre szab\u00e1shoz sz\u00fcks\u00e9ges adatokat, majd a nyomtat\u00e1sra k\u00e9sz poszter szettet PDF \u00e9s PNG form\u00e1tumban, digit\u00e1lisan k\u00fcld\u00f6m el 2\u20133 munkanapon bel\u00fcl.\n","price":"6000.00","unit":"db","recommended":"0","status":"1","sponsored":"0","exp_notify":"0","own_material":"0","own_material_description_old":null,"own_material_description":"","jury":"0","jury_number":"","product_nature":"","meskaracsony":"0","create_date":"2026-01-29 15:27:09","shelve_id":"0","image":"pillanatka_product_521892_260129151046_365237.png","image_width":"480","image_height":"600","image_alt":"Vintage Teddy \u2013 szem\u00e9lyre szabhat\u00f3 poszter szett fi\u00faknak, Vintage hangulat\u00fa, eleg\u00e1ns babaposzter szett kisfi\u00faknak, amely t\u00f6k\u00e9letes v\u00e1laszt\u00e1s klasszikus, id\u0151t\u00e1..., Meska","image_title":"Vintage Teddy \u2013 szem\u00e9lyre szabhat\u00f3 poszter szett fi\u00faknak, Meska","view_count":"40","favourite_count":"0","trending_score":"0","last2MonthFavouriteCount":"0","promotion":"0","giftcard_accept":"0","creditcard_accept":true,"enhanced_background":"0","domain":"meska","specific_customer_id":null,"specific_customer_name":null,"to_order_product":"1","to_order_product_time":"2","product_different":null,"product_different_description":"","vintage":"0","vintage_category_id":"0","recycled":"0","gemstone_id":"0","customizable":"1","type_category":"digital","zerowaste":"0","postage_price":"0.00","shop_order":"0","has_category":"1","landing_pages":null,"microdata":{"number":91,"category":""},"title":"Vintage Teddy \u2013 szem\u00e9lyre szabhat\u00f3 poszter szett fi\u00faknak","description":"Vintage hangulat\u00fa, eleg\u00e1ns babaposzter szett kisfi\u00faknak, amely t\u00f6k\u00e9letes v\u00e1laszt\u00e1s klasszikus, id\u0151t\u00e1ll\u00f3 st\u00edlus\u00fa gyerekszob\u00e1ba.\n\nA h\u00e1rom darabb\u00f3l \u00e1ll\u00f3 kollekci\u00f3 finom pasztell sz\u00edneivel, kedves mack\u00f3 illusztr\u00e1ci\u00f3ival \u00e9s letisztult r\u00e9szleteivel meghitt, nyugodt hangulatot teremt.\n\nA poszter teljes m\u00e9rt\u00e9kben szem\u00e9lyre szabhat\u00f3, \u00edgy igaz\u00e1n k\u00fcl\u00f6nleges eml\u00e9k marad \u2013 ak\u00e1r saj\u00e1t bab\u00e1nak, ak\u00e1r aj\u00e1nd\u00e9kba.\n\n\u2728 A szett tartalma:\n3 db egym\u00e1ssal harmoniz\u00e1l\u00f3 falik\u00e9p digit\u00e1lis v\u00e1ltozata\n\n\u270d\ufe0f Szem\u00e9lyre szabhat\u00f3 adatok:\nn\u00e9v\nsz\u00fclet\u00e9si d\u00e1tum\ns\u00faly\nhossz\n\n\ud83d\udcd0 M\u00e9ret:\nA4 \n\n\ud83d\udda8\ufe0f Kivitel:\nDigit\u00e1lis grafika, keret n\u00e9lk\u00fcl\nNyomtat\u00e1sra optimaliz\u00e1lt, magas felbont\u00e1s\u00fa f\u00e1jl\n\n\n\ud83c\udf81 T\u00f6k\u00e9letes v\u00e1laszt\u00e1s:\nbabaszoba dekor\u00e1ci\u00f3nak\nkeresztel\u0151i aj\u00e1nd\u00e9knak\n\u00fajsz\u00fcl\u00f6tt l\u00e1togat\u00f3 aj\u00e1nd\u00e9knak\neml\u00e9knek egy k\u00fcl\u00f6nleges \u00e9letkezdethez\n\nFontos:\nA term\u00e9k digit\u00e1lis, fizikai poszter nem ker\u00fcl post\u00e1z\u00e1sra.\n\nA v\u00e1s\u00e1rl\u00e1st k\u00f6vet\u0151en \u00fczenetben egyeztetj\u00fck a szem\u00e9lyre szab\u00e1shoz sz\u00fcks\u00e9ges adatokat, majd a nyomtat\u00e1sra k\u00e9sz poszter szettet PDF \u00e9s PNG form\u00e1tumban, digit\u00e1lisan k\u00fcld\u00f6m el 2\u20133 munkanapon bel\u00fcl.\n","score":0,"formatted_price":"6 000 Ft","image_url":"https:\/\/www.meska.hu\/img\/product\/small\/p\/i\/pillanatka_product_521892_260129151046_365237.png","formatted_url":"https:\/\/www.meska.hu\/p5721675-vintage-teddy-szemelyre-szabhato-poszter-szett-fiuknak","favourite":false,"in_stock":false,"avatar":"521892_avatar_1768846564.png","delete_from":0,"is_enhanced_background":false,"is_enhanced":false,"product_selection_started":false,"is_active":true,"image_webp_url":"https:\/\/www.meska.hu\/img\/product\/small\/p\/i\/pillanatka_product_521892_260129151046_365237.webp"},{"id":"4521814","shop_id":"19751","user_id":"192651","shop_name":"CristalloDesign","shop_zip":"2483","product_code":"4794262","product_name_old":null,"product_name":"Meg\u00e9rkeztem baba poszter, megsz\u00fclettem adatok, nyuszis keresztel\u0151 aj\u00e1nd\u00e9k","category_string":"Baba - mama, Babaposzter, Babaszoba dekor\u00e1ci\u00f3","technic_string":"Fot\u00f3, grafika, rajz, illusztr\u00e1ci\u00f3, Pap\u00edrm\u0171v\u00e9szet","category_1":"1735","category_2":"1759","category_3":"1466","category_4":"0","merged_category_1":null,"merged_category_2":null,"merged_category_3":null,"technic_1":"483","technic_2":"497","technic_3":"0","color_1":"515","color_2":"568","color_3":"525","product_description_old":null,"product_description":"Egyedi, n\u00e9vre sz\u00f3l\u00f3 meg\u00e9rkeztem poszter, im\u00e1dnival\u00f3 nyuszival, gy\u00f6ny\u00f6r\u0171 akvarell c\u00edmerrel \u00e9s bet\u0171vel illusztr\u00e1lt babaszoba falik\u00e9p. Remek aj\u00e1nd\u00e9k \u00fajsz\u00fcl\u00f6tteknek, korh\u00e1zb\u00f3l hazaj\u00f6vetelre, n\u00e9vnapra, keresztel\u0151re, kar\u00e1csonyra!  \n\nA fenti \u00e1r 1 db k\u00e9pre vonatkozik A\/4 m\u00e9retben, keret n\u00e9lk\u00fcl!  \n\nM\u00e9retek:    \n210 \u00d7 297 mm A\/4\n297 \u00d7 420 mm A\/3 \nPap\u00edr:     200 g matt pr\u00e9mium pap\u00edr\n\nK\u00e9rlek hogy a v\u00e1s\u00e1rl\u00e1s ut\u00e1n a poszteren tal\u00e1lhat\u00f3 sz\u00f6vegnek megfelel\u0151en k\u00fcldd el azokat az adatokat, amiket viszont szeretn\u00e9l l\u00e1tni a poszteren! (N\u00e9v, sz\u00fclet\u00e9s pontos id\u0151pontja, sz\u00fclet\u00e9si s\u00faly, m\u00e9ret)\n\nDIGIT\u00c1LIS V\u00c1LTOZATBAN IS MEGRENDELHETED!\nA posztert csak t\u00f6ltsd le, nyomtasd ki \u00e9s m\u00e1r aj\u00e1nd\u00e9kozhatod is.\n\n\u2605 t\u00f6ltsd le \u2605 nyomtasd ki \u2605 keretezd be \u2605 akaszd fel \u2605 ilyen egyszer\u0171!\n\nA posztereket nagy felbont\u00e1s\u00fa Jpg form\u00e1tumban elektronikusan k\u00fcld\u00f6m el\u0151re utal\u00e1st k\u00f6vet\u0151en. \n\nFIZIKAI TERM\u00c9K NEM KER\u00dcL POST\u00c1Z\u00c1SRA!\n\nA let\u00f6lthet\u0151, digit\u00e1lis k\u00e9p vagy poszter egyszer\u0171 \u00e9s megfizethet\u0151 m\u00f3dja annak, hogy egyediv\u00e9 var\u00e1zsold otthonod vagy irod\u00e1d bels\u0151 ter\u00e9t. Kinyomtathatod a k\u00e9peket otthon, vagy ak\u00e1r a helyi f\u00e9nym\u00e1sol\u00f3 \u00fczletben is.\n\nV\u00e1logass a t\u00f6bbi bababejelent\u0151 term\u00e9keim k\u00f6z\u00f6tt is, melyeket itt tal\u00e1lsz\nhttps:\/\/www.meska.hu\/shop\/Cristallodesign?s=76498\n\nA V\u00c1S\u00c1RL\u00c1S MENETE:  \n\n1. Tedd a megfelel\u0151 darabsz\u00e1mot a kosaradba, \u00e9s a v\u00e1s\u00e1rl\u00e1s ut\u00e1n k\u00fcldd el a r\u00e1\u00edrand\u00f3 sz\u00f6vegeket (esetleges egy\u00e9b k\u00e9r\u00e9seket) a megadott e-mail c\u00edmre. Erre a v\u00e1s\u00e1rl\u00e1s lead\u00e1sakor is van lehet\u0151s\u00e9ged a Kos\u00e1r oldalon. \n2. Hamarosan, 1-2 napon bel\u00fcl e-mailben megkapod a l\u00e1tv\u00e1nytervet az \u00e1ltalad k\u00fcld\u00f6tt sz\u00f6veggel (ha sz\u00fcks\u00e9ges, m\u00f3dos\u00edtani 2x van lehet\u0151s\u00e9ged).\n3. Amint v\u00e9gleges, \u00e1ltalad j\u00f3v\u00e1hagyott a terv, \u00e9s az \u00f6sszeg be\u00e9rkezett a banksz\u00e1ml\u00e1ra, akkor ker\u00fcl nyomd\u00e1ba a megrendelt term\u00e9k. Csak abban az esetben kezd\u0151dik meg a k\u00e9p nyomtat\u00e1sa, ha a teljes \u00f6sszeg be\u00e9rkezett a banksz\u00e1ml\u00e1ra.\n\n\nFONTOS!\n\n1. Az \u00e1r a k\u00e9pen l\u00e1that\u00f3 grafik\u00e1ra vonatkozik, szem\u00e9lyre szabott sz\u00f6veggel.\n2. Rendel\u00e9s lead\u00e1s ut\u00e1n e-mailben t\u00f6rt\u00e9nik a kommunik\u00e1ci\u00f3. \n3. Az \u00e1r a l\u00e1tv\u00e1nyterven 2 db sz\u00f6vegbeli m\u00f3dos\u00edt\u00e1st (el\u00edr\u00e1sok jav\u00edt\u00e1sa) tartalmaz, mely szint\u00e9n e-mailes \u00fczenetv\u00e1lt\u00e1sban t\u00f6rt\u00e9nik. K\u00e9rlek, hogy mindig alaposan olvasd \u00e9s n\u00e9zd \u00e1t a tervet!\n4. A l\u00e1tv\u00e1nyterv v\u00e9gleges j\u00f3v\u00e1hagy\u00e1sa \u00e9s a kifizet\u00e9s ut\u00e1n ker\u00fcl nyomd\u00e1ba az \u00e1ltalad megrendelt term\u00e9k. \u00c1tlagosan 7-10 munkanappal kell sz\u00e1molnod a term\u00e9k k\u00e9zhezv\u00e9tel\u00e9re. (kivitelez\u00e9s + sz\u00e1ll\u00edt\u00e1si id\u0151)\n5. Egyedi kivitelez\u00e9sre, a k\u00e9pen l\u00e1that\u00f3 tervt\u0151l elt\u00e9r\u0151 grafik\u00e1ra van lehet\u0151s\u00e9ged, el\u0151zetes egyeztet\u00e9s ut\u00e1n. \n\nA k\u00e9p matt 200 g min\u0151s\u00e9gi pap\u00edrra ker\u00fcl kinyomtat\u00e1sra az \u00e1ltalad kiv\u00e1lasztott m\u00e9retben.\n*A k\u00e9pen l\u00e1that\u00f3 dekor\u00e1ci\u00f3k nem k\u00e9pezik a term\u00e9k r\u00e9sz\u00e9t \n\nHa egyedi k\u00e9r\u00e9sed vagy k\u00e9rd\u00e9sed van, k\u00e9rlek k\u00fcldj \u00fczenetet. \nA k\u00fcl\u00f6nb\u00f6z\u0151 k\u00e9perny\u0151k k\u00fcl\u00f6nb\u00f6z\u0151 m\u00f3don jelen\u00edthetik meg a grafik\u00e1t, ez\u00e9rt kis m\u00e9rt\u00e9kben elt\u00e9rhet a k\u00e9perny\u0151n l\u00e1tott a nyomtatott v\u00e1ltozatt\u00f3l. \nA term\u00e9keim nagyobb t\u00e9telben is kaphat\u00f3k.  \n\nFIZET\u00c9S:  \n\nEl\u0151re utal\u00e1ssal vagy bankk\u00e1rty\u00e1val tudsz fizetni, az utal\u00e1shoz a v\u00e1s\u00e1rl\u00e1s ut\u00e1n megadott email c\u00edmre k\u00fcld\u00f6m az adatokat.\n\nSZERZ\u0150I JOG:\n\nFelh\u00edvom figyelmedet, hogy a term\u00e9keken tal\u00e1lhat\u00f3 grafika, valamint a hozz\u00e1 tartoz\u00f3 k\u00e9pek szerz\u0151i jogv\u00e9delem alatt \u00e1llnak \u00e9s a szerz\u0151i jog ide vonatkoz\u00f3 r\u00e9szei v\u00e9dik. A term\u00e9k megv\u00e1s\u00e1rl\u00e1s\u00e1val a grafika tulajdonjoga nem ker\u00fcl \u00e1t a v\u00e1s\u00e1rl\u00f3ra, az tov\u00e1bbra is az alkot\u00f3 tulajdon\u00e1t k\u00e9pezi, ez\u00e9rt az alkot\u00f3 tudt\u00e1n k\u00edv\u00fcl b\u00e1rmilyen felhaszn\u00e1l\u00e1sa \u00e9s sokszoros\u00edt\u00e1sa TILOS.","price":"1890.00","unit":"db","recommended":"0","status":"1","sponsored":"0","exp_notify":"0","own_material":"0","own_material_description_old":null,"own_material_description":"","jury":"0","jury_number":"","product_nature":"","meskaracsony":"0","create_date":"2026-01-29 11:03:07","shelve_id":"76498","image":"cristallodesign_product_192651_250715130929_383220.jpeg","image_width":"480","image_height":"360","image_alt":"Meg\u00e9rkeztem baba poszter, megsz\u00fclettem adatok, nyuszis keresztel\u0151 aj\u00e1nd\u00e9k, Egyedi, n\u00e9vre sz\u00f3l\u00f3 meg\u00e9rkeztem poszter, im\u00e1dnival\u00f3 nyuszival, gy\u00f6ny\u00f6r\u0171 akvarell c\u00edmerrel \u00e9s bet\u0171vel..., Meska","image_title":"Meg\u00e9rkeztem baba poszter, megsz\u00fclettem adatok, nyuszis keresztel\u0151 aj\u00e1nd\u00e9k, Meska","view_count":"1902","favourite_count":"0","trending_score":"0","last2MonthFavouriteCount":"0","promotion":"0","giftcard_accept":"1","creditcard_accept":true,"enhanced_background":"0","domain":"meska","specific_customer_id":null,"specific_customer_name":null,"to_order_product":"1","to_order_product_time":"4","product_different":null,"product_different_description":"","vintage":"1","vintage_category_id":"885","recycled":"0","gemstone_id":"823","customizable":"1","type_category":"physical","zerowaste":"0","postage_price":"1290.00","shop_order":"754","has_category":"1","landing_pages":null,"microdata":{"number":92,"category":""},"title":"Meg\u00e9rkeztem baba poszter, megsz\u00fclettem adatok, nyuszis keresztel\u0151 aj\u00e1nd\u00e9k","description":"Egyedi, n\u00e9vre sz\u00f3l\u00f3 meg\u00e9rkeztem poszter, im\u00e1dnival\u00f3 nyuszival, gy\u00f6ny\u00f6r\u0171 akvarell c\u00edmerrel \u00e9s bet\u0171vel illusztr\u00e1lt babaszoba falik\u00e9p. Remek aj\u00e1nd\u00e9k \u00fajsz\u00fcl\u00f6tteknek, korh\u00e1zb\u00f3l hazaj\u00f6vetelre, n\u00e9vnapra, keresztel\u0151re, kar\u00e1csonyra!  \n\nA fenti \u00e1r 1 db k\u00e9pre vonatkozik A\/4 m\u00e9retben, keret n\u00e9lk\u00fcl!  \n\nM\u00e9retek:    \n210 \u00d7 297 mm A\/4\n297 \u00d7 420 mm A\/3 \nPap\u00edr:     200 g matt pr\u00e9mium pap\u00edr\n\nK\u00e9rlek hogy a v\u00e1s\u00e1rl\u00e1s ut\u00e1n a poszteren tal\u00e1lhat\u00f3 sz\u00f6vegnek megfelel\u0151en k\u00fcldd el azokat az adatokat, amiket viszont szeretn\u00e9l l\u00e1tni a poszteren! (N\u00e9v, sz\u00fclet\u00e9s pontos id\u0151pontja, sz\u00fclet\u00e9si s\u00faly, m\u00e9ret)\n\nDIGIT\u00c1LIS V\u00c1LTOZATBAN IS MEGRENDELHETED!\nA posztert csak t\u00f6ltsd le, nyomtasd ki \u00e9s m\u00e1r aj\u00e1nd\u00e9kozhatod is.\n\n\u2605 t\u00f6ltsd le \u2605 nyomtasd ki \u2605 keretezd be \u2605 akaszd fel \u2605 ilyen egyszer\u0171!\n\nA posztereket nagy felbont\u00e1s\u00fa Jpg form\u00e1tumban elektronikusan k\u00fcld\u00f6m el\u0151re utal\u00e1st k\u00f6vet\u0151en. \n\nFIZIKAI TERM\u00c9K NEM KER\u00dcL POST\u00c1Z\u00c1SRA!\n\nA let\u00f6lthet\u0151, digit\u00e1lis k\u00e9p vagy poszter egyszer\u0171 \u00e9s megfizethet\u0151 m\u00f3dja annak, hogy egyediv\u00e9 var\u00e1zsold otthonod vagy irod\u00e1d bels\u0151 ter\u00e9t. Kinyomtathatod a k\u00e9peket otthon, vagy ak\u00e1r a helyi f\u00e9nym\u00e1sol\u00f3 \u00fczletben is.\n\nV\u00e1logass a t\u00f6bbi bababejelent\u0151 term\u00e9keim k\u00f6z\u00f6tt is, melyeket itt tal\u00e1lsz\nhttps:\/\/www.meska.hu\/shop\/Cristallodesign?s=76498\n\nA V\u00c1S\u00c1RL\u00c1S MENETE:  \n\n1. Tedd a megfelel\u0151 darabsz\u00e1mot a kosaradba, \u00e9s a v\u00e1s\u00e1rl\u00e1s ut\u00e1n k\u00fcldd el a r\u00e1\u00edrand\u00f3 sz\u00f6vegeket (esetleges egy\u00e9b k\u00e9r\u00e9seket) a megadott e-mail c\u00edmre. Erre a v\u00e1s\u00e1rl\u00e1s lead\u00e1sakor is van lehet\u0151s\u00e9ged a Kos\u00e1r oldalon. \n2. Hamarosan, 1-2 napon bel\u00fcl e-mailben megkapod a l\u00e1tv\u00e1nytervet az \u00e1ltalad k\u00fcld\u00f6tt sz\u00f6veggel (ha sz\u00fcks\u00e9ges, m\u00f3dos\u00edtani 2x van lehet\u0151s\u00e9ged).\n3. Amint v\u00e9gleges, \u00e1ltalad j\u00f3v\u00e1hagyott a terv, \u00e9s az \u00f6sszeg be\u00e9rkezett a banksz\u00e1ml\u00e1ra, akkor ker\u00fcl nyomd\u00e1ba a megrendelt term\u00e9k. Csak abban az esetben kezd\u0151dik meg a k\u00e9p nyomtat\u00e1sa, ha a teljes \u00f6sszeg be\u00e9rkezett a banksz\u00e1ml\u00e1ra.\n\n\nFONTOS!\n\n1. Az \u00e1r a k\u00e9pen l\u00e1that\u00f3 grafik\u00e1ra vonatkozik, szem\u00e9lyre szabott sz\u00f6veggel.\n2. Rendel\u00e9s lead\u00e1s ut\u00e1n e-mailben t\u00f6rt\u00e9nik a kommunik\u00e1ci\u00f3. \n3. Az \u00e1r a l\u00e1tv\u00e1nyterven 2 db sz\u00f6vegbeli m\u00f3dos\u00edt\u00e1st (el\u00edr\u00e1sok jav\u00edt\u00e1sa) tartalmaz, mely szint\u00e9n e-mailes \u00fczenetv\u00e1lt\u00e1sban t\u00f6rt\u00e9nik. K\u00e9rlek, hogy mindig alaposan olvasd \u00e9s n\u00e9zd \u00e1t a tervet!\n4. A l\u00e1tv\u00e1nyterv v\u00e9gleges j\u00f3v\u00e1hagy\u00e1sa \u00e9s a kifizet\u00e9s ut\u00e1n ker\u00fcl nyomd\u00e1ba az \u00e1ltalad megrendelt term\u00e9k. \u00c1tlagosan 7-10 munkanappal kell sz\u00e1molnod a term\u00e9k k\u00e9zhezv\u00e9tel\u00e9re. (kivitelez\u00e9s + sz\u00e1ll\u00edt\u00e1si id\u0151)\n5. Egyedi kivitelez\u00e9sre, a k\u00e9pen l\u00e1that\u00f3 tervt\u0151l elt\u00e9r\u0151 grafik\u00e1ra van lehet\u0151s\u00e9ged, el\u0151zetes egyeztet\u00e9s ut\u00e1n. \n\nA k\u00e9p matt 200 g min\u0151s\u00e9gi pap\u00edrra ker\u00fcl kinyomtat\u00e1sra az \u00e1ltalad kiv\u00e1lasztott m\u00e9retben.\n*A k\u00e9pen l\u00e1that\u00f3 dekor\u00e1ci\u00f3k nem k\u00e9pezik a term\u00e9k r\u00e9sz\u00e9t \n\nHa egyedi k\u00e9r\u00e9sed vagy k\u00e9rd\u00e9sed van, k\u00e9rlek k\u00fcldj \u00fczenetet. \nA k\u00fcl\u00f6nb\u00f6z\u0151 k\u00e9perny\u0151k k\u00fcl\u00f6nb\u00f6z\u0151 m\u00f3don jelen\u00edthetik meg a grafik\u00e1t, ez\u00e9rt kis m\u00e9rt\u00e9kben elt\u00e9rhet a k\u00e9perny\u0151n l\u00e1tott a nyomtatott v\u00e1ltozatt\u00f3l. \nA term\u00e9keim nagyobb t\u00e9telben is kaphat\u00f3k.  \n\nFIZET\u00c9S:  \n\nEl\u0151re utal\u00e1ssal vagy bankk\u00e1rty\u00e1val tudsz fizetni, az utal\u00e1shoz a v\u00e1s\u00e1rl\u00e1s ut\u00e1n megadott email c\u00edmre k\u00fcld\u00f6m az adatokat.\n\nSZERZ\u0150I JOG:\n\nFelh\u00edvom figyelmedet, hogy a term\u00e9keken tal\u00e1lhat\u00f3 grafika, valamint a hozz\u00e1 tartoz\u00f3 k\u00e9pek szerz\u0151i jogv\u00e9delem alatt \u00e1llnak \u00e9s a szerz\u0151i jog ide vonatkoz\u00f3 r\u00e9szei v\u00e9dik. A term\u00e9k megv\u00e1s\u00e1rl\u00e1s\u00e1val a grafika tulajdonjoga nem ker\u00fcl \u00e1t a v\u00e1s\u00e1rl\u00f3ra, az tov\u00e1bbra is az alkot\u00f3 tulajdon\u00e1t k\u00e9pezi, ez\u00e9rt az alkot\u00f3 tudt\u00e1n k\u00edv\u00fcl b\u00e1rmilyen felhaszn\u00e1l\u00e1sa \u00e9s sokszoros\u00edt\u00e1sa TILOS.","score":0,"formatted_price":"1 890 Ft","image_url":"https:\/\/www.meska.hu\/img\/product\/small\/c\/r\/cristallodesign_product_192651_250715130929_383220.jpeg","formatted_url":"https:\/\/www.meska.hu\/p4794262-megerkeztem-cimeres-babaposzter-megszulettem-poszter-ajandek-keresztelore-ujszulott-ajandek-babaszobaba-baba-cimer","favourite":false,"in_stock":false,"avatar":"192651_avatar_1694586040.jpeg","delete_from":0,"is_enhanced_background":false,"is_enhanced":false,"product_selection_started":false,"is_active":true,"image_webp_url":"https:\/\/www.meska.hu\/img\/product\/small\/c\/r\/cristallodesign_product_192651_250715130929_383220.webp"},{"id":"5218029","shop_id":"44118","user_id":"322526","shop_name":"MEMORIIS","shop_zip":"4225","product_code":"5214912","product_name_old":null,"product_name":"Baba c\u00edmlap poszter - VOGUE","category_string":"Baba - mama, Babaposzter, Babaszoba dekor\u00e1ci\u00f3","technic_string":"Fot\u00f3, grafika, rajz, illusztr\u00e1ci\u00f3","category_1":"1735","category_2":"1759","category_3":"1466","category_4":"0","merged_category_1":"0","merged_category_2":"0","merged_category_3":"785","technic_1":"483","technic_2":"0","technic_3":"0","color_1":"514","color_2":"519","color_3":"520","product_description_old":null,"product_description":"Minden sz\u00fcl\u0151 \u00e1lma, hogy gyermeke olyan sikereket \u00e9rjen el az \u00e9letben, hogy egy neves \u00fajs\u00e1g c\u00edmlapj\u00e1ra ker\u00fclj\u00f6n. Ez az \u00e1lom most val\u00f3ra v\u00e1lhat. :) Lepd meg magatokat, p\u00e1rodat, esetleg bar\u00e1taidat csemet\u00e9j\u00fck c\u00edmlap poszter\u00e9vel. A f\u0151c\u00edmek \/ id\u00e9zet, sz\u00ednek tetsz\u00e9s szerint m\u00f3dos\u00edthat\u00f3k. \n\nR E N D E L \u00c9 S   M E N E T E :\n=========================\n\u27a4 Tedd a kos\u00e1rba a v\u00e1lasztott term\u00e9k vari\u00e1ci\u00f3t.\n\u27a4 \u00dczenetben k\u00fcldd el az al\u00e1bbiakat:\n         - Nagy felbont\u00e1s\u00fa \u00e1ll\u00f3 k\u00e9p\n         - Keresztn\u00e9v\n         - Kiad\u00e1s d\u00e1tuma ( \u00c9v, H\u00f3nap )\n         - 3-4 f\u0151c\u00edm le\u00edr\u00e1ssal \/ id\u00e9zet \/ egy\u00e9b sz\u00f6veges tartalom\n\n\u27a4 Ha minden sz\u00fcks\u00e9ges elem be\u00e9rkezett akkor 1 munkanapon bel\u00fcl megkapod a l\u00e1tv\u00e1nytervet,\n\u27a4 Ha b\u00e1rmit szeretn\u00e9l v\u00e1ltoztatni itt m\u00e9g megteheted,\n\u27a4 Miut\u00e1n meger\u0151s\u00edtetted, hogy rendben van a l\u00e1tv\u00e1nyterv, k\u00e9rlek fizesd ki a term\u00e9ket.\n\u27a4 Amint be\u00e9rkezik az \u00f6sszeg elkezdem legy\u00e1rtani az aj\u00e1nd\u00e9kot\n\n\nS Z \u00c1 L L \u00cd T \u00c1 S I    I N F O R M \u00c1 C I \u00d3 K :\n===================================\n\u27a4 Elk\u00e9sz\u00edt\u00e9si id\u0151 1 - 3 munkanap + sz\u00e1ll\u00edt\u00e1si id\u0151.\n\n\nE G Y \u00c9 B   T U D N I V A L \u00d3 K :\n===========================\n\u27a4 \"Digit\u00e1lis\" rendel\u00e9s eset\u00e9n csak az elk\u00e9sz\u00fclt grafika ker\u00fcl elk\u00fcld\u00e9sre PDF form\u00e1tumban.\n\u27a4 A term\u00e9k rendel\u00e9sre k\u00e9sz\u00fcl, ez\u00e9rt csere, visszak\u00fcld\u00e9s \u00e9s lemond\u00e1s nem lehets\u00e9ges.\n\u27a4 A v\u00e1laszhat\u00f3 vari\u00e1ci\u00f3k A4-es \u00e9s A3-as m\u00e9ret, illetve fekete, feh\u00e9r vagy fahat\u00e1s\u00fa k\u00e9pkeret.\n\u27a4 A felt\u00f6lt\u00f6tt k\u00e9pek illusztr\u00e1ci\u00f3k, a k\u00fcld\u00f6tt k\u00e9pkeret vastags\u00e1gban\/sz\u00ednben elt\u00e9r\u0151 lehet.","price":"4999.00","unit":"db","recommended":"0","status":"1","sponsored":"0","exp_notify":"0","own_material":"0","own_material_description_old":null,"own_material_description":"","jury":"0","jury_number":"","product_nature":"","meskaracsony":"0","create_date":"2026-01-28 15:46:13","shelve_id":"0","image":"memoriis_product_322526_240208120709_191394.jpeg","image_width":"480","image_height":"719","image_alt":"Baba c\u00edmlap poszter - VOGUE, Minden sz\u00fcl\u0151 \u00e1lma, hogy gyermeke olyan sikereket \u00e9rjen el az \u00e9letben, hogy egy neves \u00fajs\u00e1g c\u00edmlapj\u00e1r..., Meska","image_title":"Baba c\u00edmlap poszter - VOGUE, Meska","view_count":"773","favourite_count":"0","trending_score":"0","last2MonthFavouriteCount":"0","promotion":"0","giftcard_accept":"0","creditcard_accept":false,"enhanced_background":"0","domain":"meska","specific_customer_id":null,"specific_customer_name":null,"to_order_product":"1","to_order_product_time":"2","product_different":null,"product_different_description":"","vintage":"0","vintage_category_id":"0","recycled":"0","gemstone_id":"0","customizable":"1","type_category":"digital","zerowaste":"0","postage_price":"0.00","shop_order":"0","has_category":"1","landing_pages":null,"microdata":{"number":93,"category":""},"title":"Baba c\u00edmlap poszter - VOGUE","description":"Minden sz\u00fcl\u0151 \u00e1lma, hogy gyermeke olyan sikereket \u00e9rjen el az \u00e9letben, hogy egy neves \u00fajs\u00e1g c\u00edmlapj\u00e1ra ker\u00fclj\u00f6n. Ez az \u00e1lom most val\u00f3ra v\u00e1lhat. :) Lepd meg magatokat, p\u00e1rodat, esetleg bar\u00e1taidat csemet\u00e9j\u00fck c\u00edmlap poszter\u00e9vel. A f\u0151c\u00edmek \/ id\u00e9zet, sz\u00ednek tetsz\u00e9s szerint m\u00f3dos\u00edthat\u00f3k. \n\nR E N D E L \u00c9 S   M E N E T E :\n=========================\n\u27a4 Tedd a kos\u00e1rba a v\u00e1lasztott term\u00e9k vari\u00e1ci\u00f3t.\n\u27a4 \u00dczenetben k\u00fcldd el az al\u00e1bbiakat:\n         - Nagy felbont\u00e1s\u00fa \u00e1ll\u00f3 k\u00e9p\n         - Keresztn\u00e9v\n         - Kiad\u00e1s d\u00e1tuma ( \u00c9v, H\u00f3nap )\n         - 3-4 f\u0151c\u00edm le\u00edr\u00e1ssal \/ id\u00e9zet \/ egy\u00e9b sz\u00f6veges tartalom\n\n\u27a4 Ha minden sz\u00fcks\u00e9ges elem be\u00e9rkezett akkor 1 munkanapon bel\u00fcl megkapod a l\u00e1tv\u00e1nytervet,\n\u27a4 Ha b\u00e1rmit szeretn\u00e9l v\u00e1ltoztatni itt m\u00e9g megteheted,\n\u27a4 Miut\u00e1n meger\u0151s\u00edtetted, hogy rendben van a l\u00e1tv\u00e1nyterv, k\u00e9rlek fizesd ki a term\u00e9ket.\n\u27a4 Amint be\u00e9rkezik az \u00f6sszeg elkezdem legy\u00e1rtani az aj\u00e1nd\u00e9kot\n\n\nS Z \u00c1 L L \u00cd T \u00c1 S I    I N F O R M \u00c1 C I \u00d3 K :\n===================================\n\u27a4 Elk\u00e9sz\u00edt\u00e9si id\u0151 1 - 3 munkanap + sz\u00e1ll\u00edt\u00e1si id\u0151.\n\n\nE G Y \u00c9 B   T U D N I V A L \u00d3 K :\n===========================\n\u27a4 \"Digit\u00e1lis\" rendel\u00e9s eset\u00e9n csak az elk\u00e9sz\u00fclt grafika ker\u00fcl elk\u00fcld\u00e9sre PDF form\u00e1tumban.\n\u27a4 A term\u00e9k rendel\u00e9sre k\u00e9sz\u00fcl, ez\u00e9rt csere, visszak\u00fcld\u00e9s \u00e9s lemond\u00e1s nem lehets\u00e9ges.\n\u27a4 A v\u00e1laszhat\u00f3 vari\u00e1ci\u00f3k A4-es \u00e9s A3-as m\u00e9ret, illetve fekete, feh\u00e9r vagy fahat\u00e1s\u00fa k\u00e9pkeret.\n\u27a4 A felt\u00f6lt\u00f6tt k\u00e9pek illusztr\u00e1ci\u00f3k, a k\u00fcld\u00f6tt k\u00e9pkeret vastags\u00e1gban\/sz\u00ednben elt\u00e9r\u0151 lehet.","score":0,"formatted_price":"4 999 Ft","image_url":"https:\/\/www.meska.hu\/img\/product\/small\/m\/e\/memoriis_product_322526_240208120709_191394.jpeg","formatted_url":"https:\/\/www.meska.hu\/p5214912-baba-cimlap-poszter-vogue","favourite":false,"in_stock":false,"avatar":"322526_avatar_1706691547.png","delete_from":0,"is_enhanced_background":false,"is_enhanced":false,"product_selection_started":false,"is_active":true,"image_webp_url":"https:\/\/www.meska.hu\/img\/product\/small\/m\/e\/memoriis_product_322526_240208120709_191394.webp"},{"id":"5808003","shop_id":"47960","user_id":"702930","shop_name":"VICREADesign","shop_zip":"8372","product_code":"5561861","product_name_old":null,"product_name":"\"A nap, amikor az apuk\u00e1m lett\u00e9l\" eml\u00e9kposzter- Szem\u00e9lyre szabhat\u00f3 aj\u00e1nd\u00e9k Ap\u00e1k napj\u00e1ra","category_string":"Baba - mama, Babaszoba dekor\u00e1ci\u00f3, Babaposzter","technic_string":"Fot\u00f3, grafika, rajz, illusztr\u00e1ci\u00f3","category_1":"1735","category_2":"1466","category_3":"1759","category_4":"0","merged_category_1":null,"merged_category_2":null,"merged_category_3":null,"technic_1":"483","technic_2":"0","technic_3":"0","color_1":"519","color_2":"525","color_3":"527","product_description_old":null,"product_description":"Szem\u00e9lyre szabhat\u00f3 baba poszter \u2013 \"A nap, amikor az apuk\u00e1m lett\u00e9l\"\nEgyedi, sz\u00edvhez sz\u00f3l\u00f3 eml\u00e9k az ap\u00e1v\u00e1 v\u00e1l\u00e1s pillanat\u00e1r\u00f3l\n\nEz a letisztult, minimalista st\u00edlus\u00fa poszter t\u00f6k\u00e9letes aj\u00e1nd\u00e9k \u00fajdons\u00fclt apuk\u00e1knak. Meg\u00f6r\u00f6k\u00edti a legfontosabb adatokat \u2013 a baba sz\u00fclet\u00e9s\u00e9nek d\u00e1tum\u00e1t, s\u00faly\u00e1t, hossz\u00e1t, sz\u00fclet\u00e9si idej\u00e9t \u2013 valamint helyet biztos\u00edt k\u00e9t kedvenc k\u00f6z\u00f6s fot\u00f3 sz\u00e1m\u00e1ra.\n\nA poszter tartalma:\n\u2714\ufe0fA sz\u00fclet\u00e9s h\u00f3napja \u00e9s pontos d\u00e1tuma napt\u00e1r form\u00e1ban\n\u2714\ufe0fA baba s\u00falya \u00e9s hossza ikonokkal\n\u2714\ufe0fSz\u00fclet\u00e9si id\u0151 \u00f3ra \u00e9s digit\u00e1lis form\u00e1tumban\n\u2714\ufe0fK\u00e9t fot\u00f3 az apuk\u00e1val (vagy ig\u00e9ny szerint a csal\u00e1ddal\/bab\u00e1val)\n\u2714\ufe0fFelirat: \u201eA nap, amikor az apuk\u00e1m lett\u00e9l.\u201d\n\nSzem\u00e9lyre szabhat\u00f3 adatok:\n\u2714\ufe0fBaba neve (ha szeretn\u00e9d, elhelyezz\u00fck a k\u00e9pre)\n\u2714\ufe0fSz\u00fclet\u00e9si d\u00e1tum\n\u2714\ufe0fId\u0151pont\n\u2714\ufe0fS\u00faly, hossz\n\u2714\ufe0fFot\u00f3k (k\u00e9rlek, j\u00f3 min\u0151s\u00e9g\u0171 k\u00e9pet k\u00fcldj)\n\u2714\ufe0fSz\u00ednek (Ig\u00e9ny szerint m\u00f3dos\u00edthat\u00f3)\n\nT\u00f6k\u00e9letes aj\u00e1nd\u00e9k, ha valami igaz\u00e1n k\u00fcl\u00f6nlegeset keresel:\n\u2714\ufe0fAp\u00e1k napj\u00e1ra\n\u2714\ufe0fSz\u00fclet\u00e9snapra\n\u2714\ufe0fKar\u00e1csonyra\n\u2714\ufe0fVagy b\u00e1rmikor, amikor szeretn\u00e9d elmondani, hogyfontos nektek!\n\n\nFontos! A k\u00e9pen l\u00e1that\u00f3 keret illusztr\u00e1ci\u00f3, a rendel\u00e9shez v\u00e1laszd ki a neked tetsz\u0151 v\u00e1ltozatot!\n\nHogyan m\u0171k\u00f6dik?\n1\ufe0f\u20e3 V\u00e1s\u00e1rl\u00e1s ut\u00e1n \u00fczenetben felveszem veled a kapcsolatot, hogy egyeztess\u00fck a sz\u00fcks\u00e9ges inform\u00e1ci\u00f3kat.\n2\ufe0f\u20e3 1 napon bel\u00fcl elk\u00e9sz\u00edtem a l\u00e1tv\u00e1nytervet, amelyet egyszer van lehet\u0151s\u00e9g m\u00f3dos\u00edtani.\n3\ufe0f\u20e3A v\u00e9gleges verzi\u00f3t az \u00e1ltalad v\u00e1lasztott form\u00e1ban kapod meg:\n\n\u2714\ufe0f Digit\u00e1lis rendel\u00e9s eset\u00e9n nagy felbont\u00e1s\u00fa PDF form\u00e1tumban e-mailben \nElk\u00e9sz\u00edt\u00e9si id\u0151: 1-2 munkanap (Adatok be\u00e9rkez\u00e9s\u00e9t\u0151l sz\u00e1m\u00edtva)\n\u2714\ufe0f Nyomtatott, k\u00e9pkeretes verzi\u00f3ban post\u00e1zva\nElk\u00e9sz\u00edt\u00e9si id\u0151: 5-6 munkanap (Adatok be\u00e9rkez\u00e9s\u00e9t\u0151l sz\u00e1m\u00edtva)\n\nT\u00f6k\u00e9letes dekor\u00e1ci\u00f3, egyedi aj\u00e1nd\u00e9k \u00e9s garant\u00e1ltan mosolyt csal az arcokra!\n\nTedd m\u00e9g k\u00fcl\u00f6nlegesebb\u00e9 az Ap\u00e1k  napj\u00e1t ezzel az egyedi aj\u00e1nd\u00e9kkal! ","price":"2790.00","unit":"db","recommended":"0","status":"1","sponsored":"0","exp_notify":"0","own_material":"0","own_material_description_old":null,"own_material_description":"","jury":"0","jury_number":"","product_nature":"","meskaracsony":"0","create_date":"2026-01-26 10:30:39","shelve_id":"0","image":"vicreadesign_product_702930_250602072206_944516.jpeg","image_width":"480","image_height":"480","image_alt":"\\\"A nap, amikor az apuk\u00e1m lett\u00e9l\\\" eml\u00e9kposzter- Szem\u00e9lyre szabhat\u00f3 aj\u00e1nd\u00e9k Ap\u00e1k napj\u00e1ra, Szem\u00e9lyre szabhat\u00f3 baba poszter \u2013 \\\"A nap, amikor az apuk\u00e1m lett\u00e9l\\\"\\nEgyedi, sz\u00edvhez sz\u00f3l\u00f3 eml\u00e9k az ap..., Meska","image_title":"\\\"A nap, amikor az apuk\u00e1m lett\u00e9l\\\" eml\u00e9kposzter- Szem\u00e9lyre szabhat\u00f3 aj\u00e1nd\u00e9k Ap\u00e1k napj\u00e1ra, Meska","view_count":"444","favourite_count":"0","trending_score":"0","last2MonthFavouriteCount":"0","promotion":"0","giftcard_accept":"0","creditcard_accept":true,"enhanced_background":"0","domain":"meska","specific_customer_id":null,"specific_customer_name":null,"to_order_product":"1","to_order_product_time":"2","product_different":null,"product_different_description":"","vintage":"0","vintage_category_id":"0","recycled":"0","gemstone_id":"0","customizable":"0","type_category":"digital","zerowaste":"0","postage_price":"1290.00","shop_order":"0","has_category":"1","landing_pages":null,"microdata":{"number":94,"category":""},"title":"\"A nap, amikor az apuk\u00e1m lett\u00e9l\" eml\u00e9kposzter- Szem\u00e9lyre szabhat\u00f3 aj\u00e1nd\u00e9k Ap\u00e1k napj\u00e1ra","description":"Szem\u00e9lyre szabhat\u00f3 baba poszter \u2013 \"A nap, amikor az apuk\u00e1m lett\u00e9l\"\nEgyedi, sz\u00edvhez sz\u00f3l\u00f3 eml\u00e9k az ap\u00e1v\u00e1 v\u00e1l\u00e1s pillanat\u00e1r\u00f3l\n\nEz a letisztult, minimalista st\u00edlus\u00fa poszter t\u00f6k\u00e9letes aj\u00e1nd\u00e9k \u00fajdons\u00fclt apuk\u00e1knak. Meg\u00f6r\u00f6k\u00edti a legfontosabb adatokat \u2013 a baba sz\u00fclet\u00e9s\u00e9nek d\u00e1tum\u00e1t, s\u00faly\u00e1t, hossz\u00e1t, sz\u00fclet\u00e9si idej\u00e9t \u2013 valamint helyet biztos\u00edt k\u00e9t kedvenc k\u00f6z\u00f6s fot\u00f3 sz\u00e1m\u00e1ra.\n\nA poszter tartalma:\n\u2714\ufe0fA sz\u00fclet\u00e9s h\u00f3napja \u00e9s pontos d\u00e1tuma napt\u00e1r form\u00e1ban\n\u2714\ufe0fA baba s\u00falya \u00e9s hossza ikonokkal\n\u2714\ufe0fSz\u00fclet\u00e9si id\u0151 \u00f3ra \u00e9s digit\u00e1lis form\u00e1tumban\n\u2714\ufe0fK\u00e9t fot\u00f3 az apuk\u00e1val (vagy ig\u00e9ny szerint a csal\u00e1ddal\/bab\u00e1val)\n\u2714\ufe0fFelirat: \u201eA nap, amikor az apuk\u00e1m lett\u00e9l.\u201d\n\nSzem\u00e9lyre szabhat\u00f3 adatok:\n\u2714\ufe0fBaba neve (ha szeretn\u00e9d, elhelyezz\u00fck a k\u00e9pre)\n\u2714\ufe0fSz\u00fclet\u00e9si d\u00e1tum\n\u2714\ufe0fId\u0151pont\n\u2714\ufe0fS\u00faly, hossz\n\u2714\ufe0fFot\u00f3k (k\u00e9rlek, j\u00f3 min\u0151s\u00e9g\u0171 k\u00e9pet k\u00fcldj)\n\u2714\ufe0fSz\u00ednek (Ig\u00e9ny szerint m\u00f3dos\u00edthat\u00f3)\n\nT\u00f6k\u00e9letes aj\u00e1nd\u00e9k, ha valami igaz\u00e1n k\u00fcl\u00f6nlegeset keresel:\n\u2714\ufe0fAp\u00e1k napj\u00e1ra\n\u2714\ufe0fSz\u00fclet\u00e9snapra\n\u2714\ufe0fKar\u00e1csonyra\n\u2714\ufe0fVagy b\u00e1rmikor, amikor szeretn\u00e9d elmondani, hogyfontos nektek!\n\n\nFontos! A k\u00e9pen l\u00e1that\u00f3 keret illusztr\u00e1ci\u00f3, a rendel\u00e9shez v\u00e1laszd ki a neked tetsz\u0151 v\u00e1ltozatot!\n\nHogyan m\u0171k\u00f6dik?\n1\ufe0f\u20e3 V\u00e1s\u00e1rl\u00e1s ut\u00e1n \u00fczenetben felveszem veled a kapcsolatot, hogy egyeztess\u00fck a sz\u00fcks\u00e9ges inform\u00e1ci\u00f3kat.\n2\ufe0f\u20e3 1 napon bel\u00fcl elk\u00e9sz\u00edtem a l\u00e1tv\u00e1nytervet, amelyet egyszer van lehet\u0151s\u00e9g m\u00f3dos\u00edtani.\n3\ufe0f\u20e3A v\u00e9gleges verzi\u00f3t az \u00e1ltalad v\u00e1lasztott form\u00e1ban kapod meg:\n\n\u2714\ufe0f Digit\u00e1lis rendel\u00e9s eset\u00e9n nagy felbont\u00e1s\u00fa PDF form\u00e1tumban e-mailben \nElk\u00e9sz\u00edt\u00e9si id\u0151: 1-2 munkanap (Adatok be\u00e9rkez\u00e9s\u00e9t\u0151l sz\u00e1m\u00edtva)\n\u2714\ufe0f Nyomtatott, k\u00e9pkeretes verzi\u00f3ban post\u00e1zva\nElk\u00e9sz\u00edt\u00e9si id\u0151: 5-6 munkanap (Adatok be\u00e9rkez\u00e9s\u00e9t\u0151l sz\u00e1m\u00edtva)\n\nT\u00f6k\u00e9letes dekor\u00e1ci\u00f3, egyedi aj\u00e1nd\u00e9k \u00e9s garant\u00e1ltan mosolyt csal az arcokra!\n\nTedd m\u00e9g k\u00fcl\u00f6nlegesebb\u00e9 az Ap\u00e1k  napj\u00e1t ezzel az egyedi aj\u00e1nd\u00e9kkal! ","score":0,"formatted_price":"2 790 Ft","image_url":"https:\/\/www.meska.hu\/img\/product\/small\/v\/i\/vicreadesign_product_702930_250602072206_944516.jpeg","formatted_url":"https:\/\/www.meska.hu\/p5561861-a-nap-amikor-az-apukam-lettel-emlekposzter-szemelyre-szabhato-ajandek-apak-napjara","favourite":false,"in_stock":false,"avatar":"702930_avatar_1741901247.png","delete_from":0,"is_enhanced_background":false,"is_enhanced":false,"product_selection_started":false,"is_active":true,"image_webp_url":"https:\/\/www.meska.hu\/img\/product\/small\/v\/i\/vicreadesign_product_702930_250602072206_944516.webp"},{"id":"3510684","shop_id":"31288","user_id":"398004","shop_name":"panadesign","shop_zip":"2071","product_code":"4592300","product_name_old":null,"product_name":"Babaposzter, Sz\u00fclet\u00e9snapi poszter, aj\u00e1nd\u00e9k bab\u00e1knak, els\u0151 sz\u00fclet\u00e9snap, unikornis poszter","category_string":"Baba - mama, Babaposzter, Babaszoba dekor\u00e1ci\u00f3","technic_string":"Fot\u00f3, grafika, rajz, illusztr\u00e1ci\u00f3","category_1":"1735","category_2":"1759","category_3":"1466","category_4":"0","merged_category_1":"0","merged_category_2":"0","merged_category_3":"785","technic_1":"483","technic_2":"0","technic_3":"0","color_1":"532","color_2":"0","color_3":"0","product_description_old":null,"product_description":"FIGYELEM: A TERM\u00c9K CSAK DIGIT\u00c1LISAN KER\u00dcL KIK\u00dcLD\u00c9SRE!\n\n\u00d6r\u00f6k\u00edtsd meg az eddigi id\u0151szakot \u00e9s lepd meg vele saj\u00e1t gyermekedet, de ak\u00e1r aj\u00e1nd\u00e9kk\u00e9nt is t\u00f6k\u00e9letes! :) Els\u0151, m\u00e1sodik, harmadik stb. sz\u00fclet\u00e9snapra is k\u00e9rhet\u0151!\n\nK\u00e9rlek hogy a v\u00e1s\u00e1rl\u00e1s ut\u00e1n a poszteren tal\u00e1lhat\u00f3 sz\u00f6vegnek megfelel\u0151en k\u00fcldd el azokat az adatokat, amiket viszont szeretn\u00e9l l\u00e1tni a poszteren! (Pl: S\u00faly, fogak sz\u00e1ma, hossza, miket szeret enni\/inni\/csin\u00e1lni, miket tud m\u00e1r csin\u00e1lni, stb.)\n\nAmennyiben egyedi elk\u00e9pzel\u00e9sed lenne, keress bizalommal \u00fczenetben!\n\nFIGYELEM: A k\u00fcl\u00f6nb\u00f6z\u0151 k\u00e9perny\u0151k k\u00fcl\u00f6nb\u00f6z\u0151 m\u00f3don jelen\u00edtik meg a k\u00e9pet, ez\u00e9rt a nyomtatott v\u00e1ltozat sz\u00ednei elt\u00e9rhetnek a k\u00e9perny\u0151n l\u00e1tottakt\u00f3l!","price":"4900.00","unit":"db","recommended":"0","status":"1","sponsored":"0","exp_notify":"0","own_material":"0","own_material_description_old":null,"own_material_description":"","jury":"0","jury_number":"","product_nature":"","meskaracsony":"0","create_date":"2026-01-25 15:26:46","shelve_id":"0","image":"panadesign_product_398004_220415163150_938628.jpeg","image_width":"480","image_height":"480","image_alt":"Babaposzter, Sz\u00fclet\u00e9snapi poszter, aj\u00e1nd\u00e9k bab\u00e1knak, els\u0151 sz\u00fclet\u00e9snap, unikornis poszter, FIGYELEM: A TERM\u00c9K CSAK DIGIT\u00c1LISAN KER\u00dcL KIK\u00dcLD\u00c9SRE!\\n\\n\u00d6r\u00f6k\u00edtsd meg az eddigi id\u0151szakot \u00e9s lepd meg ..., Meska","image_title":"Babaposzter, Sz\u00fclet\u00e9snapi poszter, aj\u00e1nd\u00e9k bab\u00e1knak, els\u0151 sz\u00fclet\u00e9snap, unikornis poszter, Meska","view_count":"2753","favourite_count":"0","trending_score":"0","last2MonthFavouriteCount":"0","promotion":"0","giftcard_accept":"1","creditcard_accept":true,"enhanced_background":"0","domain":"meska","specific_customer_id":null,"specific_customer_name":null,"to_order_product":"1","to_order_product_time":"6","product_different":"quite_different","product_different_description":"Bet\u0171k, sz\u00f3k\u00f6z\u00f6k, sz\u00ednek, bet\u0171t\u00edpusok","vintage":"0","vintage_category_id":"0","recycled":"0","gemstone_id":"0","customizable":"0","type_category":"digital","zerowaste":"0","postage_price":"0.00","shop_order":"0","has_category":"1","landing_pages":null,"microdata":{"number":95,"category":""},"title":"Babaposzter, Sz\u00fclet\u00e9snapi poszter, aj\u00e1nd\u00e9k bab\u00e1knak, els\u0151 sz\u00fclet\u00e9snap, unikornis poszter","description":"FIGYELEM: A TERM\u00c9K CSAK DIGIT\u00c1LISAN KER\u00dcL KIK\u00dcLD\u00c9SRE!\n\n\u00d6r\u00f6k\u00edtsd meg az eddigi id\u0151szakot \u00e9s lepd meg vele saj\u00e1t gyermekedet, de ak\u00e1r aj\u00e1nd\u00e9kk\u00e9nt is t\u00f6k\u00e9letes! :) Els\u0151, m\u00e1sodik, harmadik stb. sz\u00fclet\u00e9snapra is k\u00e9rhet\u0151!\n\nK\u00e9rlek hogy a v\u00e1s\u00e1rl\u00e1s ut\u00e1n a poszteren tal\u00e1lhat\u00f3 sz\u00f6vegnek megfelel\u0151en k\u00fcldd el azokat az adatokat, amiket viszont szeretn\u00e9l l\u00e1tni a poszteren! (Pl: S\u00faly, fogak sz\u00e1ma, hossza, miket szeret enni\/inni\/csin\u00e1lni, miket tud m\u00e1r csin\u00e1lni, stb.)\n\nAmennyiben egyedi elk\u00e9pzel\u00e9sed lenne, keress bizalommal \u00fczenetben!\n\nFIGYELEM: A k\u00fcl\u00f6nb\u00f6z\u0151 k\u00e9perny\u0151k k\u00fcl\u00f6nb\u00f6z\u0151 m\u00f3don jelen\u00edtik meg a k\u00e9pet, ez\u00e9rt a nyomtatott v\u00e1ltozat sz\u00ednei elt\u00e9rhetnek a k\u00e9perny\u0151n l\u00e1tottakt\u00f3l!","score":0,"formatted_price":"4 900 Ft","image_url":"https:\/\/www.meska.hu\/img\/product\/small\/p\/a\/panadesign_product_398004_220415163150_938628.jpeg","formatted_url":"https:\/\/www.meska.hu\/p4592300-babaposzter-szuletesnapi-poszter-ajandek-babaknak-elso-szuletesnap-unikornis-poszter","favourite":false,"in_stock":false,"avatar":"panadesign_avatar_398004_1605705071.jpg","delete_from":0,"is_enhanced_background":false,"is_enhanced":false,"product_selection_started":false,"is_active":true,"image_webp_url":"https:\/\/www.meska.hu\/img\/product\/small\/p\/a\/panadesign_product_398004_220415163150_938628.webp"},{"id":"5213104","shop_id":"44118","user_id":"322526","shop_name":"MEMORIIS","shop_zip":"4225","product_code":"5212259","product_name_old":null,"product_name":"Els\u0151 sz\u00fclet\u00e9snapom - L\u00e1nyos baba poszter - Izabella","category_string":"Baba - mama, Babaposzter, Babaszoba dekor\u00e1ci\u00f3","technic_string":"Fot\u00f3, grafika, rajz, illusztr\u00e1ci\u00f3","category_1":"1735","category_2":"1759","category_3":"1466","category_4":"0","merged_category_1":"0","merged_category_2":"0","merged_category_3":"785","technic_1":"483","technic_2":"0","technic_3":"0","color_1":"514","color_2":"519","color_3":"520","product_description_old":null,"product_description":"K\u00f6zeleg a csemet\u00e9d els\u0151 sz\u00fclet\u00e9snapja? Itt a remek alkalom, hogy ezzel a csod\u00e1latos eml\u00e9kk\u00e9ppel \u00f6r\u00f6k\u00edts\u00e9tek meg gyermeketek els\u0151 \u00e9v\u00e9t.\n\nR E N D E L \u00c9 S   M E N E T E :\n=========================\n\u27a4 Tedd a kos\u00e1rba a v\u00e1lasztott term\u00e9k vari\u00e1ci\u00f3t.\n\u27a4 \u00dczenetben k\u00fcldd el az al\u00e1bbiakat:\n         - Keresztn\u00e9v\n         - Jelenlegi adatok ( s\u00faly, magass\u00e1g, fogacsk\u00e1k )\n         - Beceneveim\n         - Amit szeretek\n         - Kedvenc mes\u00e9im\n         - Amiket mondok\n         - Kedvenc \u00e9teleim\n\u27a4 Ha minden sz\u00fcks\u00e9ges elem be\u00e9rkezett akkor 1 munkanapon bel\u00fcl megkapod a l\u00e1tv\u00e1nytervet,\n\u27a4 Ha b\u00e1rmit szeretn\u00e9l v\u00e1ltoztatni itt m\u00e9g megteheted,\n\u27a4 Miut\u00e1n meger\u0151s\u00edtetted, hogy rendben van a l\u00e1tv\u00e1nyterv, k\u00e9rlek fizesd ki a term\u00e9ket.\n\u27a4 Amint be\u00e9rkezik az \u00f6sszeg elkezdem legy\u00e1rtani az aj\u00e1nd\u00e9kot\n\n\nS Z \u00c1 L L \u00cd T \u00c1 S I    I N F O R M \u00c1 C I \u00d3 K :\n===================================\n\u27a4 Elk\u00e9sz\u00edt\u00e9si id\u0151 1 - 3 munkanap + sz\u00e1ll\u00edt\u00e1si id\u0151.\n\n\nE G Y \u00c9 B   T U D N I V A L \u00d3 K :\n===========================\n\u27a4 \"Digit\u00e1lis\" rendel\u00e9s eset\u00e9n csak az elk\u00e9sz\u00fclt grafika ker\u00fcl elk\u00fcld\u00e9sre PDF form\u00e1tumban.\n\u27a4 A term\u00e9k rendel\u00e9sre k\u00e9sz\u00fcl, ez\u00e9rt csere, visszak\u00fcld\u00e9s \u00e9s lemond\u00e1s nem lehets\u00e9ges.\n\u27a4 A v\u00e1laszhat\u00f3 vari\u00e1ci\u00f3k 30x40-es \u00e9s 40x50-es m\u00e9ret, illetve fekete, feh\u00e9r vagy fahat\u00e1s\u00fa k\u00e9pkeret.\n\u27a4 A felt\u00f6lt\u00f6tt k\u00e9pek illusztr\u00e1ci\u00f3k, a k\u00fcld\u00f6tt k\u00e9pkeret vastags\u00e1gban\/sz\u00ednben elt\u00e9r\u0151 lehet.","price":"8999.00","unit":"db","recommended":"0","status":"1","sponsored":"0","exp_notify":"0","own_material":"0","own_material_description_old":null,"own_material_description":"","jury":"0","jury_number":"","product_nature":"","meskaracsony":"0","create_date":"2026-01-24 18:22:01","shelve_id":"0","image":"memoriis_product_322526_240204153540_145545.jpeg","image_width":"480","image_height":"720","image_alt":"Els\u0151 sz\u00fclet\u00e9snapom - L\u00e1nyos baba poszter - Izabella, K\u00f6zeleg a csemet\u00e9d els\u0151 sz\u00fclet\u00e9snapja? Itt a remek alkalom, hogy ezzel a csod\u00e1latos eml\u00e9kk\u00e9ppel \u00f6r\u00f6k..., Meska","image_title":"Els\u0151 sz\u00fclet\u00e9snapom - L\u00e1nyos baba poszter - Izabella, Meska","view_count":"626","favourite_count":"0","trending_score":"0","last2MonthFavouriteCount":"0","promotion":"0","giftcard_accept":"0","creditcard_accept":false,"enhanced_background":"0","domain":"meska","specific_customer_id":null,"specific_customer_name":null,"to_order_product":"1","to_order_product_time":"2","product_different":null,"product_different_description":"","vintage":"0","vintage_category_id":"0","recycled":"0","gemstone_id":"0","customizable":"1","type_category":"digital","zerowaste":"0","postage_price":"0.00","shop_order":"0","has_category":"1","landing_pages":null,"microdata":{"number":96,"category":""},"title":"Els\u0151 sz\u00fclet\u00e9snapom - L\u00e1nyos baba poszter - Izabella","description":"K\u00f6zeleg a csemet\u00e9d els\u0151 sz\u00fclet\u00e9snapja? Itt a remek alkalom, hogy ezzel a csod\u00e1latos eml\u00e9kk\u00e9ppel \u00f6r\u00f6k\u00edts\u00e9tek meg gyermeketek els\u0151 \u00e9v\u00e9t.\n\nR E N D E L \u00c9 S   M E N E T E :\n=========================\n\u27a4 Tedd a kos\u00e1rba a v\u00e1lasztott term\u00e9k vari\u00e1ci\u00f3t.\n\u27a4 \u00dczenetben k\u00fcldd el az al\u00e1bbiakat:\n         - Keresztn\u00e9v\n         - Jelenlegi adatok ( s\u00faly, magass\u00e1g, fogacsk\u00e1k )\n         - Beceneveim\n         - Amit szeretek\n         - Kedvenc mes\u00e9im\n         - Amiket mondok\n         - Kedvenc \u00e9teleim\n\u27a4 Ha minden sz\u00fcks\u00e9ges elem be\u00e9rkezett akkor 1 munkanapon bel\u00fcl megkapod a l\u00e1tv\u00e1nytervet,\n\u27a4 Ha b\u00e1rmit szeretn\u00e9l v\u00e1ltoztatni itt m\u00e9g megteheted,\n\u27a4 Miut\u00e1n meger\u0151s\u00edtetted, hogy rendben van a l\u00e1tv\u00e1nyterv, k\u00e9rlek fizesd ki a term\u00e9ket.\n\u27a4 Amint be\u00e9rkezik az \u00f6sszeg elkezdem legy\u00e1rtani az aj\u00e1nd\u00e9kot\n\n\nS Z \u00c1 L L \u00cd T \u00c1 S I    I N F O R M \u00c1 C I \u00d3 K :\n===================================\n\u27a4 Elk\u00e9sz\u00edt\u00e9si id\u0151 1 - 3 munkanap + sz\u00e1ll\u00edt\u00e1si id\u0151.\n\n\nE G Y \u00c9 B   T U D N I V A L \u00d3 K :\n===========================\n\u27a4 \"Digit\u00e1lis\" rendel\u00e9s eset\u00e9n csak az elk\u00e9sz\u00fclt grafika ker\u00fcl elk\u00fcld\u00e9sre PDF form\u00e1tumban.\n\u27a4 A term\u00e9k rendel\u00e9sre k\u00e9sz\u00fcl, ez\u00e9rt csere, visszak\u00fcld\u00e9s \u00e9s lemond\u00e1s nem lehets\u00e9ges.\n\u27a4 A v\u00e1laszhat\u00f3 vari\u00e1ci\u00f3k 30x40-es \u00e9s 40x50-es m\u00e9ret, illetve fekete, feh\u00e9r vagy fahat\u00e1s\u00fa k\u00e9pkeret.\n\u27a4 A felt\u00f6lt\u00f6tt k\u00e9pek illusztr\u00e1ci\u00f3k, a k\u00fcld\u00f6tt k\u00e9pkeret vastags\u00e1gban\/sz\u00ednben elt\u00e9r\u0151 lehet.","score":0,"formatted_price":"8 999 Ft","image_url":"https:\/\/www.meska.hu\/img\/product\/small\/m\/e\/memoriis_product_322526_240204153540_145545.jpeg","formatted_url":"https:\/\/www.meska.hu\/p5212259-elso-szuletesnapom-lanyos-baba-poszter-izabella","favourite":false,"in_stock":false,"avatar":"322526_avatar_1706691547.png","delete_from":0,"is_enhanced_background":false,"is_enhanced":false,"product_selection_started":false,"is_active":true,"image_webp_url":"https:\/\/www.meska.hu\/img\/product\/small\/m\/e\/memoriis_product_322526_240204153540_145545.webp"},{"id":"5212912","shop_id":"44118","user_id":"322526","shop_name":"MEMORIIS","shop_zip":"4225","product_code":"5212129","product_name_old":null,"product_name":"Els\u0151 sz\u00fclet\u00e9snapom - Fi\u00fas baba poszter - Mil\u00e1n","category_string":"Baba - mama, Babaposzter, Babaszoba dekor\u00e1ci\u00f3","technic_string":"Fot\u00f3, grafika, rajz, illusztr\u00e1ci\u00f3","category_1":"1735","category_2":"1759","category_3":"1466","category_4":"0","merged_category_1":"0","merged_category_2":"0","merged_category_3":"785","technic_1":"483","technic_2":"0","technic_3":"0","color_1":"514","color_2":"519","color_3":"520","product_description_old":null,"product_description":"K\u00f6zeleg a csemet\u00e9d els\u0151 sz\u00fclet\u00e9snapja? Itt a remek alkalom, hogy ezzel a csod\u00e1latos eml\u00e9kk\u00e9ppel \u00f6r\u00f6k\u00edts\u00e9tek meg gyermeketek els\u0151 \u00e9v\u00e9t.\n\nR E N D E L \u00c9 S   M E N E T E :\n=========================\n\u27a4 Tedd a kos\u00e1rba a v\u00e1lasztott term\u00e9k vari\u00e1ci\u00f3t.\n\u27a4 \u00dczenetben k\u00fcldd el az al\u00e1bbiakat:\n         - Keresztn\u00e9v\n         - Jelenlegi adatok ( s\u00faly, magass\u00e1g, fogak sz\u00e1ma )\n         - Beceneveim\n         - Amit szeretek\n         - Amit mondok\n         - Kedvenc \u00e9teleim\n         - Kedvenc mes\u00e9im\n         - Kedvenc dalaim\n\n\u27a4 Ha minden sz\u00fcks\u00e9ges elem be\u00e9rkezett akkor 1 munkanapon bel\u00fcl megkapod a l\u00e1tv\u00e1nytervet,\n\u27a4 Ha b\u00e1rmit szeretn\u00e9l v\u00e1ltoztatni itt m\u00e9g megteheted,\n\u27a4 Miut\u00e1n meger\u0151s\u00edtetted, hogy rendben van a l\u00e1tv\u00e1nyterv, k\u00e9rlek fizesd ki a term\u00e9ket.\n\u27a4 Amint be\u00e9rkezik az \u00f6sszeg elkezdem legy\u00e1rtani az aj\u00e1nd\u00e9kot\n\n\nS Z \u00c1 L L \u00cd T \u00c1 S I    I N F O R M \u00c1 C I \u00d3 K :\n===================================\n\u27a4 Elk\u00e9sz\u00edt\u00e9si id\u0151 1 - 3 munkanap + sz\u00e1ll\u00edt\u00e1si id\u0151.\n\n\nE G Y \u00c9 B   T U D N I V A L \u00d3 K :\n===========================\n\u27a4 \"Digit\u00e1lis\" rendel\u00e9s eset\u00e9n csak az elk\u00e9sz\u00fclt grafika ker\u00fcl elk\u00fcld\u00e9sre PDF form\u00e1tumban.\n\u27a4 A term\u00e9k rendel\u00e9sre k\u00e9sz\u00fcl, ez\u00e9rt csere, visszak\u00fcld\u00e9s \u00e9s lemond\u00e1s nem lehets\u00e9ges.\n\u27a4 A v\u00e1laszhat\u00f3 vari\u00e1ci\u00f3k 30x40-es \u00e9s 40x50-es m\u00e9ret, illetve fekete, feh\u00e9r vagy fahat\u00e1s\u00fa k\u00e9pkeret.\n\u27a4 A felt\u00f6lt\u00f6tt k\u00e9pek illusztr\u00e1ci\u00f3k, a k\u00fcld\u00f6tt k\u00e9pkeret vastags\u00e1gban\/sz\u00ednben elt\u00e9r\u0151 lehet.","price":"8999.00","unit":"db","recommended":"0","status":"1","sponsored":"0","exp_notify":"0","own_material":"0","own_material_description_old":null,"own_material_description":"","jury":"0","jury_number":"","product_nature":"","meskaracsony":"0","create_date":"2026-01-24 16:20:53","shelve_id":"0","image":"memoriis_product_322526_240204131546_307957.jpeg","image_width":"480","image_height":"320","image_alt":"Els\u0151 sz\u00fclet\u00e9snapom - Fi\u00fas baba poszter - Mil\u00e1n, K\u00f6zeleg a csemet\u00e9d els\u0151 sz\u00fclet\u00e9snapja? Itt a remek alkalom, hogy ezzel a csod\u00e1latos eml\u00e9kk\u00e9ppel \u00f6r\u00f6k..., Meska","image_title":"Els\u0151 sz\u00fclet\u00e9snapom - Fi\u00fas baba poszter - Mil\u00e1n, Meska","view_count":"565","favourite_count":"0","trending_score":"0","last2MonthFavouriteCount":"0","promotion":"0","giftcard_accept":"0","creditcard_accept":false,"enhanced_background":"0","domain":"meska","specific_customer_id":null,"specific_customer_name":null,"to_order_product":"1","to_order_product_time":"2","product_different":null,"product_different_description":"","vintage":"0","vintage_category_id":"0","recycled":"0","gemstone_id":"0","customizable":"1","type_category":"digital","zerowaste":"0","postage_price":"0.00","shop_order":"0","has_category":"1","landing_pages":null,"microdata":{"number":97,"category":""},"title":"Els\u0151 sz\u00fclet\u00e9snapom - Fi\u00fas baba poszter - Mil\u00e1n","description":"K\u00f6zeleg a csemet\u00e9d els\u0151 sz\u00fclet\u00e9snapja? Itt a remek alkalom, hogy ezzel a csod\u00e1latos eml\u00e9kk\u00e9ppel \u00f6r\u00f6k\u00edts\u00e9tek meg gyermeketek els\u0151 \u00e9v\u00e9t.\n\nR E N D E L \u00c9 S   M E N E T E :\n=========================\n\u27a4 Tedd a kos\u00e1rba a v\u00e1lasztott term\u00e9k vari\u00e1ci\u00f3t.\n\u27a4 \u00dczenetben k\u00fcldd el az al\u00e1bbiakat:\n         - Keresztn\u00e9v\n         - Jelenlegi adatok ( s\u00faly, magass\u00e1g, fogak sz\u00e1ma )\n         - Beceneveim\n         - Amit szeretek\n         - Amit mondok\n         - Kedvenc \u00e9teleim\n         - Kedvenc mes\u00e9im\n         - Kedvenc dalaim\n\n\u27a4 Ha minden sz\u00fcks\u00e9ges elem be\u00e9rkezett akkor 1 munkanapon bel\u00fcl megkapod a l\u00e1tv\u00e1nytervet,\n\u27a4 Ha b\u00e1rmit szeretn\u00e9l v\u00e1ltoztatni itt m\u00e9g megteheted,\n\u27a4 Miut\u00e1n meger\u0151s\u00edtetted, hogy rendben van a l\u00e1tv\u00e1nyterv, k\u00e9rlek fizesd ki a term\u00e9ket.\n\u27a4 Amint be\u00e9rkezik az \u00f6sszeg elkezdem legy\u00e1rtani az aj\u00e1nd\u00e9kot\n\n\nS Z \u00c1 L L \u00cd T \u00c1 S I    I N F O R M \u00c1 C I \u00d3 K :\n===================================\n\u27a4 Elk\u00e9sz\u00edt\u00e9si id\u0151 1 - 3 munkanap + sz\u00e1ll\u00edt\u00e1si id\u0151.\n\n\nE G Y \u00c9 B   T U D N I V A L \u00d3 K :\n===========================\n\u27a4 \"Digit\u00e1lis\" rendel\u00e9s eset\u00e9n csak az elk\u00e9sz\u00fclt grafika ker\u00fcl elk\u00fcld\u00e9sre PDF form\u00e1tumban.\n\u27a4 A term\u00e9k rendel\u00e9sre k\u00e9sz\u00fcl, ez\u00e9rt csere, visszak\u00fcld\u00e9s \u00e9s lemond\u00e1s nem lehets\u00e9ges.\n\u27a4 A v\u00e1laszhat\u00f3 vari\u00e1ci\u00f3k 30x40-es \u00e9s 40x50-es m\u00e9ret, illetve fekete, feh\u00e9r vagy fahat\u00e1s\u00fa k\u00e9pkeret.\n\u27a4 A felt\u00f6lt\u00f6tt k\u00e9pek illusztr\u00e1ci\u00f3k, a k\u00fcld\u00f6tt k\u00e9pkeret vastags\u00e1gban\/sz\u00ednben elt\u00e9r\u0151 lehet.","score":0,"formatted_price":"8 999 Ft","image_url":"https:\/\/www.meska.hu\/img\/product\/small\/m\/e\/memoriis_product_322526_240204131546_307957.jpeg","formatted_url":"https:\/\/www.meska.hu\/p5212129-elso-szuletesnapom-fius-baba-poszter-milan","favourite":false,"in_stock":false,"avatar":"322526_avatar_1706691547.png","delete_from":0,"is_enhanced_background":false,"is_enhanced":false,"product_selection_started":false,"is_active":true,"image_webp_url":"https:\/\/www.meska.hu\/img\/product\/small\/m\/e\/memoriis_product_322526_240204131546_307957.webp"},{"id":"5211382","shop_id":"44118","user_id":"322526","shop_name":"MEMORIIS","shop_zip":"4225","product_code":"5211244","product_name_old":null,"product_name":"Els\u0151 sz\u00fclet\u00e9snapom - Fi\u00fas baba poszter - Marcell","category_string":"Baba - mama, Babaposzter, Babaszoba dekor\u00e1ci\u00f3","technic_string":"Fot\u00f3, grafika, rajz, illusztr\u00e1ci\u00f3","category_1":"1735","category_2":"1759","category_3":"1466","category_4":"0","merged_category_1":"0","merged_category_2":"0","merged_category_3":"785","technic_1":"483","technic_2":"0","technic_3":"0","color_1":"514","color_2":"519","color_3":"520","product_description_old":null,"product_description":"K\u00f6zeleg a csemet\u00e9d els\u0151 sz\u00fclet\u00e9snapja? Itt a remek alkalom, hogy ezzel a csod\u00e1latos eml\u00e9kk\u00e9ppel \u00f6r\u00f6k\u00edts\u00e9tek meg gyermeketek els\u0151 \u00e9v\u00e9t.\n\nR E N D E L \u00c9 S   M E N E T E :\n=========================\n\u27a4 Tedd a kos\u00e1rba a v\u00e1lasztott term\u00e9k vari\u00e1ci\u00f3t.\n\u27a4 \u00dczenetben k\u00fcldd el az al\u00e1bbiakat:\n         - Keresztn\u00e9v\n         - Sz\u00fclet\u00e9si d\u00e1tum\n         - Sz\u00fclet\u00e9si adatok ( id\u0151, s\u00faly, hossz )\n         - Jelenlegi adatok ( s\u00faly, magass\u00e1g )\n         - Amit tudok\n         - Beceneveim\n         - Fogak sz\u00e1ma\n         - Amit szeretek\n         - Kedvenc mes\u00e9im\n         - Amiket mondok\n         - Els\u0151 szavam\n         - Kedvenc \u00e9teleim\n\u27a4 Ha minden sz\u00fcks\u00e9ges elem be\u00e9rkezett akkor 1 munkanapon bel\u00fcl megkapod a l\u00e1tv\u00e1nytervet,\n\u27a4 Ha b\u00e1rmit szeretn\u00e9l v\u00e1ltoztatni itt m\u00e9g megteheted,\n\u27a4 Miut\u00e1n meger\u0151s\u00edtetted, hogy rendben van a l\u00e1tv\u00e1nyterv, k\u00e9rlek fizesd ki a term\u00e9ket.\n\u27a4 Amint be\u00e9rkezik az \u00f6sszeg elkezdem legy\u00e1rtani az aj\u00e1nd\u00e9kot\n\n\nS Z \u00c1 L L \u00cd T \u00c1 S I    I N F O R M \u00c1 C I \u00d3 K :\n===================================\n\u27a4 Elk\u00e9sz\u00edt\u00e9si id\u0151 1 - 3 munkanap + sz\u00e1ll\u00edt\u00e1si id\u0151.\n\n\nE G Y \u00c9 B   T U D N I V A L \u00d3 K :\n===========================\n\u27a4 \"Digit\u00e1lis\" rendel\u00e9s eset\u00e9n csak az elk\u00e9sz\u00fclt grafika ker\u00fcl elk\u00fcld\u00e9sre PDF form\u00e1tumban.\n\u27a4 A term\u00e9k rendel\u00e9sre k\u00e9sz\u00fcl, ez\u00e9rt csere, visszak\u00fcld\u00e9s \u00e9s lemond\u00e1s nem lehets\u00e9ges.\n\u27a4 A v\u00e1laszhat\u00f3 vari\u00e1ci\u00f3k 30x40-es \u00e9s 40x50-es m\u00e9ret, illetve fekete, feh\u00e9r vagy fahat\u00e1s\u00fa k\u00e9pkeret.\n\u27a4 A felt\u00f6lt\u00f6tt k\u00e9pek illusztr\u00e1ci\u00f3k, a k\u00fcld\u00f6tt k\u00e9pkeret vastags\u00e1gban\/sz\u00ednben elt\u00e9r\u0151 lehet.","price":"8999.00","unit":"db","recommended":"0","status":"1","sponsored":"0","exp_notify":"0","own_material":"0","own_material_description_old":null,"own_material_description":"","jury":"0","jury_number":"","product_nature":"","meskaracsony":"0","create_date":"2026-01-23 04:06:38","shelve_id":"0","image":"memoriis_product_322526_240203004926_973687.jpeg","image_width":"480","image_height":"319","image_alt":"Els\u0151 sz\u00fclet\u00e9snapom - Fi\u00fas baba poszter - Marcell, K\u00f6zeleg a csemet\u00e9d els\u0151 sz\u00fclet\u00e9snapja? Itt a remek alkalom, hogy ezzel a csod\u00e1latos eml\u00e9kk\u00e9ppel \u00f6r\u00f6k..., Meska","image_title":"Els\u0151 sz\u00fclet\u00e9snapom - Fi\u00fas baba poszter - Marcell, Meska","view_count":"664","favourite_count":"0","trending_score":"0","last2MonthFavouriteCount":"0","promotion":"0","giftcard_accept":"0","creditcard_accept":false,"enhanced_background":"0","domain":"meska","specific_customer_id":null,"specific_customer_name":null,"to_order_product":"1","to_order_product_time":"2","product_different":null,"product_different_description":"","vintage":"0","vintage_category_id":"0","recycled":"0","gemstone_id":"0","customizable":"1","type_category":"digital","zerowaste":"0","postage_price":"0.00","shop_order":"0","has_category":"1","landing_pages":null,"microdata":{"number":98,"category":""},"title":"Els\u0151 sz\u00fclet\u00e9snapom - Fi\u00fas baba poszter - Marcell","description":"K\u00f6zeleg a csemet\u00e9d els\u0151 sz\u00fclet\u00e9snapja? Itt a remek alkalom, hogy ezzel a csod\u00e1latos eml\u00e9kk\u00e9ppel \u00f6r\u00f6k\u00edts\u00e9tek meg gyermeketek els\u0151 \u00e9v\u00e9t.\n\nR E N D E L \u00c9 S   M E N E T E :\n=========================\n\u27a4 Tedd a kos\u00e1rba a v\u00e1lasztott term\u00e9k vari\u00e1ci\u00f3t.\n\u27a4 \u00dczenetben k\u00fcldd el az al\u00e1bbiakat:\n         - Keresztn\u00e9v\n         - Sz\u00fclet\u00e9si d\u00e1tum\n         - Sz\u00fclet\u00e9si adatok ( id\u0151, s\u00faly, hossz )\n         - Jelenlegi adatok ( s\u00faly, magass\u00e1g )\n         - Amit tudok\n         - Beceneveim\n         - Fogak sz\u00e1ma\n         - Amit szeretek\n         - Kedvenc mes\u00e9im\n         - Amiket mondok\n         - Els\u0151 szavam\n         - Kedvenc \u00e9teleim\n\u27a4 Ha minden sz\u00fcks\u00e9ges elem be\u00e9rkezett akkor 1 munkanapon bel\u00fcl megkapod a l\u00e1tv\u00e1nytervet,\n\u27a4 Ha b\u00e1rmit szeretn\u00e9l v\u00e1ltoztatni itt m\u00e9g megteheted,\n\u27a4 Miut\u00e1n meger\u0151s\u00edtetted, hogy rendben van a l\u00e1tv\u00e1nyterv, k\u00e9rlek fizesd ki a term\u00e9ket.\n\u27a4 Amint be\u00e9rkezik az \u00f6sszeg elkezdem legy\u00e1rtani az aj\u00e1nd\u00e9kot\n\n\nS Z \u00c1 L L \u00cd T \u00c1 S I    I N F O R M \u00c1 C I \u00d3 K :\n===================================\n\u27a4 Elk\u00e9sz\u00edt\u00e9si id\u0151 1 - 3 munkanap + sz\u00e1ll\u00edt\u00e1si id\u0151.\n\n\nE G Y \u00c9 B   T U D N I V A L \u00d3 K :\n===========================\n\u27a4 \"Digit\u00e1lis\" rendel\u00e9s eset\u00e9n csak az elk\u00e9sz\u00fclt grafika ker\u00fcl elk\u00fcld\u00e9sre PDF form\u00e1tumban.\n\u27a4 A term\u00e9k rendel\u00e9sre k\u00e9sz\u00fcl, ez\u00e9rt csere, visszak\u00fcld\u00e9s \u00e9s lemond\u00e1s nem lehets\u00e9ges.\n\u27a4 A v\u00e1laszhat\u00f3 vari\u00e1ci\u00f3k 30x40-es \u00e9s 40x50-es m\u00e9ret, illetve fekete, feh\u00e9r vagy fahat\u00e1s\u00fa k\u00e9pkeret.\n\u27a4 A felt\u00f6lt\u00f6tt k\u00e9pek illusztr\u00e1ci\u00f3k, a k\u00fcld\u00f6tt k\u00e9pkeret vastags\u00e1gban\/sz\u00ednben elt\u00e9r\u0151 lehet.","score":0,"formatted_price":"8 999 Ft","image_url":"https:\/\/www.meska.hu\/img\/product\/small\/m\/e\/memoriis_product_322526_240203004926_973687.jpeg","formatted_url":"https:\/\/www.meska.hu\/p5211244-elso-szuletesnapom-fius-baba-poszter-marcell","favourite":false,"in_stock":false,"avatar":"322526_avatar_1706691547.png","delete_from":0,"is_enhanced_background":false,"is_enhanced":false,"product_selection_started":false,"is_active":true,"image_webp_url":"https:\/\/www.meska.hu\/img\/product\/small\/m\/e\/memoriis_product_322526_240203004926_973687.webp"},{"id":"3399732","shop_id":"31288","user_id":"398004","shop_name":"panadesign","shop_zip":"2071","product_code":"4208500","product_name_old":null,"product_name":"Babaposzter, Sz\u00fclet\u00e9snapi poszter, aj\u00e1nd\u00e9k bab\u00e1knak, sz\u00fclet\u00e9snap","category_string":"Baba - mama, Babaposzter, Babaszoba dekor\u00e1ci\u00f3","technic_string":"Fot\u00f3, grafika, rajz, illusztr\u00e1ci\u00f3","category_1":"1735","category_2":"1759","category_3":"1466","category_4":"0","merged_category_1":"0","merged_category_2":"0","merged_category_3":"785","technic_1":"483","technic_2":"0","technic_3":"0","color_1":"532","color_2":"0","color_3":"0","product_description_old":null,"product_description":"FIGYELEM: A TERM\u00c9K CSAK DIGIT\u00c1LISAN KER\u00dcL KIK\u00dcLD\u00c9SRE!\n\n\u00d6r\u00f6k\u00edtsd meg az eddigi id\u0151szakot \u00e9s lepd meg vele sz\u00fclet\u00e9snapj\u00e1n saj\u00e1t gyermekedet, de ak\u00e1r aj\u00e1nd\u00e9kk\u00e9nt is t\u00f6k\u00e9letes vagy egy fot\u00f3z\u00e1s alkalm\u00e1val meg\u00f6r\u00f6k\u00edteni az eddigieket! :) Els\u0151, m\u00e1sodik, harmadik stb. sz\u00fclet\u00e9snapra is k\u00e9rhet\u0151!\n\nK\u00e9rlek hogy a v\u00e1s\u00e1rl\u00e1s ut\u00e1n a poszteren tal\u00e1lhat\u00f3 sz\u00f6vegnek megfelel\u0151en k\u00fcldd el azokat az adatokat, amiket viszont szeretn\u00e9l l\u00e1tni a poszteren! (Pl: S\u00faly, fogak sz\u00e1ma, hossza, miket szeret enni\/inni\/csin\u00e1lni, miket tud m\u00e1r csin\u00e1lni, stb.)\n\nAz adatok alapj\u00e1n elk\u00e9sz\u00edtem a posztert \u00e9s az el\u0151reutal\u00e1s ut\u00e1n elk\u00fcld\u00f6m neked a k\u00e9sz grafik\u00e1t egy kiv\u00e1l\u00f3 min\u0151s\u00e9g\u0171 nyomdai pdf-ben, melyet azonnal ki tudsz nyomtatni.\nA term\u00e9k m\u00e9rete: A4-es m\u00e9ret\u0171, azaz 210 x 297 mm, de A3 m\u00e9retben is k\u00e9rhet\u0151.\n\nAmennyiben egyedi elk\u00e9pzel\u00e9sed lenne, keress bizalommal \u00fczenetben!\n\nA k\u00fcl\u00f6nb\u00f6z\u0151 k\u00e9perny\u0151k k\u00fcl\u00f6nb\u00f6z\u0151 m\u00f3don jelen\u00edthetik meg a sz\u00edneket, ez\u00e9rt kis m\u00e9rt\u00e9kben elt\u00e9rhet a nyomtatott v\u00e1ltozatt\u00f3l!","price":"4900.00","unit":"db","recommended":"0","status":"1","sponsored":"0","exp_notify":"0","own_material":"0","own_material_description_old":null,"own_material_description":"","jury":"0","jury_number":"","product_nature":"","meskaracsony":"0","create_date":"2026-01-19 22:42:54","shelve_id":"0","image":"panadesign_product_398004_210706130059_875156.jpeg","image_width":"480","image_height":"339","image_alt":"Babaposzter, Sz\u00fclet\u00e9snapi poszter, aj\u00e1nd\u00e9k bab\u00e1knak, sz\u00fclet\u00e9snap, FIGYELEM: A TERM\u00c9K CSAK DIGIT\u00c1LISAN KER\u00dcL KIK\u00dcLD\u00c9SRE!\\n\\n\u00d6r\u00f6k\u00edtsd meg az eddigi id\u0151szakot \u00e9s lepd meg ..., Meska","image_title":"Babaposzter, Sz\u00fclet\u00e9snapi poszter, aj\u00e1nd\u00e9k bab\u00e1knak, sz\u00fclet\u00e9snap, Meska","view_count":"3079","favourite_count":"0","trending_score":"0","last2MonthFavouriteCount":"0","promotion":"0","giftcard_accept":"1","creditcard_accept":true,"enhanced_background":"0","domain":"meska","specific_customer_id":null,"specific_customer_name":null,"to_order_product":"1","to_order_product_time":"6","product_different":"quite_different","product_different_description":"Bet\u0171k, sz\u00f3k\u00f6z\u00f6k, sz\u00ednek, bet\u0171t\u00edpusok","vintage":"0","vintage_category_id":"0","recycled":"0","gemstone_id":"0","customizable":"0","type_category":"digital","zerowaste":"0","postage_price":"0.00","shop_order":"0","has_category":"1","landing_pages":null,"microdata":{"number":99,"category":""},"title":"Babaposzter, Sz\u00fclet\u00e9snapi poszter, aj\u00e1nd\u00e9k bab\u00e1knak, sz\u00fclet\u00e9snap","description":"FIGYELEM: A TERM\u00c9K CSAK DIGIT\u00c1LISAN KER\u00dcL KIK\u00dcLD\u00c9SRE!\n\n\u00d6r\u00f6k\u00edtsd meg az eddigi id\u0151szakot \u00e9s lepd meg vele sz\u00fclet\u00e9snapj\u00e1n saj\u00e1t gyermekedet, de ak\u00e1r aj\u00e1nd\u00e9kk\u00e9nt is t\u00f6k\u00e9letes vagy egy fot\u00f3z\u00e1s alkalm\u00e1val meg\u00f6r\u00f6k\u00edteni az eddigieket! :) Els\u0151, m\u00e1sodik, harmadik stb. sz\u00fclet\u00e9snapra is k\u00e9rhet\u0151!\n\nK\u00e9rlek hogy a v\u00e1s\u00e1rl\u00e1s ut\u00e1n a poszteren tal\u00e1lhat\u00f3 sz\u00f6vegnek megfelel\u0151en k\u00fcldd el azokat az adatokat, amiket viszont szeretn\u00e9l l\u00e1tni a poszteren! (Pl: S\u00faly, fogak sz\u00e1ma, hossza, miket szeret enni\/inni\/csin\u00e1lni, miket tud m\u00e1r csin\u00e1lni, stb.)\n\nAz adatok alapj\u00e1n elk\u00e9sz\u00edtem a posztert \u00e9s az el\u0151reutal\u00e1s ut\u00e1n elk\u00fcld\u00f6m neked a k\u00e9sz grafik\u00e1t egy kiv\u00e1l\u00f3 min\u0151s\u00e9g\u0171 nyomdai pdf-ben, melyet azonnal ki tudsz nyomtatni.\nA term\u00e9k m\u00e9rete: A4-es m\u00e9ret\u0171, azaz 210 x 297 mm, de A3 m\u00e9retben is k\u00e9rhet\u0151.\n\nAmennyiben egyedi elk\u00e9pzel\u00e9sed lenne, keress bizalommal \u00fczenetben!\n\nA k\u00fcl\u00f6nb\u00f6z\u0151 k\u00e9perny\u0151k k\u00fcl\u00f6nb\u00f6z\u0151 m\u00f3don jelen\u00edthetik meg a sz\u00edneket, ez\u00e9rt kis m\u00e9rt\u00e9kben elt\u00e9rhet a nyomtatott v\u00e1ltozatt\u00f3l!","score":0,"formatted_price":"4 900 Ft","image_url":"https:\/\/www.meska.hu\/img\/product\/small\/p\/a\/panadesign_product_398004_210706130059_875156.jpeg","formatted_url":"https:\/\/www.meska.hu\/p4208500-babaposzter-szuletesnapi-poszter-ajandek-babaknak-szuletesnap","favourite":false,"in_stock":false,"avatar":"panadesign_avatar_398004_1605705071.jpg","delete_from":0,"is_enhanced_background":false,"is_enhanced":false,"product_selection_started":false,"is_active":true,"image_webp_url":"https:\/\/www.meska.hu\/img\/product\/small\/p\/a\/panadesign_product_398004_210706130059_875156.webp"},{"id":"3451014","shop_id":"31026","user_id":"389752","shop_name":"pasztella","shop_zip":"2600","product_code":"4212869","product_name_old":null,"product_name":"Egyedi kalligr\u00e1fi\u00e1val \u00edrt fot\u00f3k (babaposzterek, sz\u00fclet\u00e9snapi aj\u00e1nd\u00e9k stb,)","category_string":"Baba - mama, Babaposzter, Babaszoba dekor\u00e1ci\u00f3","technic_string":"Fot\u00f3, grafika, rajz, illusztr\u00e1ci\u00f3","category_1":"1735","category_2":"1759","category_3":"1466","category_4":"0","merged_category_1":null,"merged_category_2":null,"merged_category_3":null,"technic_1":"483","technic_2":"0","technic_3":"0","color_1":"512","color_2":"515","color_3":"525","product_description_old":null,"product_description":"Egyedi k\u00e9zzel \u00edrt fot\u00f3k rendelhet\u0151ek. (sz\u00edn , m\u00e9ret, felirat teljesen egyedien rendelhet\u0151).\n-Babaszoba dekor\u00e1ci\u00f3nak\n-Aj\u00e1nd\u00e9kba\n-Sz\u00fcl\u0151k\u00f6sz\u00f6nt\u0151nek\n-Sz\u00fclet\u00e9snapra\n\u00c9s m\u00e9g sorolhatn\u00e1m.. b\u00e1rhol meg\u00e1llja a hely\u00e9t, szabd egyedire, k\u00e9rd olyanra ami azt\u00e1n t\u00e9nyleg csak arra az illet\u0151re vonatkozik aki kapja.\nA fot\u00f3 m\u00e9rete: 25x19 nagyobba is rendelhet\u0151)\nSz\u00ednvil\u00e1ga: k\u00e9k,arany (v\u00e1ltoztathat\u00f3) ","price":"6000.00","unit":"db","recommended":"0","status":"1","sponsored":"0","exp_notify":"0","own_material":"0","own_material_description_old":null,"own_material_description":"","jury":"0","jury_number":"","product_nature":"","meskaracsony":"0","create_date":"2026-01-17 17:32:10","shelve_id":"0","image":"pasztella_product_389752_210711174314_81344.jpeg","image_width":"480","image_height":"600","image_alt":"Egyedi kalligr\u00e1fi\u00e1val \u00edrt fot\u00f3k (babaposzterek, sz\u00fclet\u00e9snapi aj\u00e1nd\u00e9k stb,), Egyedi k\u00e9zzel \u00edrt fot\u00f3k rendelhet\u0151ek. (sz\u00edn , m\u00e9ret, felirat teljesen egyedien rendelhet\u0151).\\n-Babaszo..., Meska","image_title":"Egyedi kalligr\u00e1fi\u00e1val \u00edrt fot\u00f3k (babaposzterek, sz\u00fclet\u00e9snapi aj\u00e1nd\u00e9k stb,), Meska","view_count":"535","favourite_count":"0","trending_score":"0","last2MonthFavouriteCount":"0","promotion":"0","giftcard_accept":"1","creditcard_accept":false,"enhanced_background":"0","domain":"meska","specific_customer_id":null,"specific_customer_name":null,"to_order_product":"1","to_order_product_time":"3","product_different":"different","product_different_description":"egyedi felirat , sz\u00edn","vintage":"0","vintage_category_id":"0","recycled":"0","gemstone_id":"0","customizable":"1","type_category":"physical","zerowaste":"0","postage_price":"2100.00","shop_order":"0","has_category":"1","landing_pages":null,"microdata":{"number":100,"category":""},"title":"Egyedi kalligr\u00e1fi\u00e1val \u00edrt fot\u00f3k (babaposzterek, sz\u00fclet\u00e9snapi aj\u00e1nd\u00e9k stb,)","description":"Egyedi k\u00e9zzel \u00edrt fot\u00f3k rendelhet\u0151ek. (sz\u00edn , m\u00e9ret, felirat teljesen egyedien rendelhet\u0151).\n-Babaszoba dekor\u00e1ci\u00f3nak\n-Aj\u00e1nd\u00e9kba\n-Sz\u00fcl\u0151k\u00f6sz\u00f6nt\u0151nek\n-Sz\u00fclet\u00e9snapra\n\u00c9s m\u00e9g sorolhatn\u00e1m.. b\u00e1rhol meg\u00e1llja a hely\u00e9t, szabd egyedire, k\u00e9rd olyanra ami azt\u00e1n t\u00e9nyleg csak arra az illet\u0151re vonatkozik aki kapja.\nA fot\u00f3 m\u00e9rete: 25x19 nagyobba is rendelhet\u0151)\nSz\u00ednvil\u00e1ga: k\u00e9k,arany (v\u00e1ltoztathat\u00f3) ","score":0,"formatted_price":"6 000 Ft","image_url":"https:\/\/www.meska.hu\/img\/product\/small\/p\/a\/pasztella_product_389752_210711174314_81344.jpeg","formatted_url":"https:\/\/www.meska.hu\/p4212869-egyedi-kalligrafiaval-irt-fotok-babaposzterek-szuletesnapi-ajandek-stb","favourite":false,"in_stock":false,"avatar":"pasztella_avatar_389752_1617014250.jpeg","delete_from":0,"is_enhanced_background":false,"is_enhanced":false,"product_selection_started":false,"is_active":true,"image_webp_url":"https:\/\/www.meska.hu\/img\/product\/small\/p\/a\/pasztella_product_389752_210711174314_81344.webp"}],"canonicals":{"canonical":"https:\/\/www.meska.hu\/s\/babaposzter\/c-1759","next":"https:\/\/www.meska.hu\/s\/babaposzter\/c-1759:p-2"},"seo":{"title":"Babaposzter, k\u00e9zm\u0171ves babaszoba poszter | Meska","seoTitle":"Babaposzter","seoDescription":"A <strong>babaposzter<\/strong> kateg\u00f3ri\u00e1ban olyan egyedi, k\u00e9zzel k\u00e9sz\u00edtett falidekor\u00e1ci\u00f3k tal\u00e1lhat\u00f3k, amelyek szem\u00e9lyess\u00e9 \u00e9s meghitt\u00e9 var\u00e1zsolj\u00e1k a legkisebbek szob\u00e1j\u00e1t. A Meska k\u00e9zm\u0171vesei \u00e1ltal k\u00e9sz\u00edtett <strong>babaszoba poszter<\/strong> darabok nemcsak d\u00edsz\u00edtik, hanem eml\u00e9ket is \u0151riznek a gyermekkor legszebb pillanatair\u00f3l. Ezek a k\u00e9zm\u0171ves poszterek egyedi grafik\u00e1kkal, n\u00e9vre sz\u00f3l\u00f3 feliratokkal \u00e9s gondosan kidolgozott diz\u00e1jnokkal k\u00e9sz\u00fclnek, \u00edgy minden darab k\u00fcl\u00f6nleges aj\u00e1nd\u00e9k lehet egy \u00fajsz\u00fcl\u00f6tt \u00e9rkez\u00e9sekor vagy babaszoba berendez\u00e9sekor.\n\nA k\u00e9zm\u0171ves <strong>babaposzter<\/strong> term\u00e9kek praktikus \u00e9s tart\u00f3s dekor\u00e1ci\u00f3s elemek, amelyek \u00e9vekig d\u00edsz\u00edthetik a gyermekszob\u00e1t. A Meska alkot\u00f3i k\u00fcl\u00f6nb\u00f6z\u0151 st\u00edlusokat \u00e9s technik\u00e1kat k\u00edn\u00e1lnak: akvarell hat\u00e1s\u00fa illusztr\u00e1ci\u00f3kt\u00f3l a modern, minim\u00e1l diz\u00e1jnig minden megtal\u00e1lhat\u00f3 a k\u00edn\u00e1latban. A <strong>babaszoba poszter<\/strong> v\u00e1logat\u00e1sban el\u00e9rhet\u0151 darabok k\u00f6z\u00f6tt szerepelnek megszem\u00e9lyes\u00edthet\u0151 n\u00e9vt\u00e1bl\u00e1k, sz\u00fclet\u00e9si adatokat tartalmaz\u00f3 grafikai alkot\u00e1sok, valamint kedves \u00e1llatos \u00e9s mesei mot\u00edvumokkal d\u00edsz\u00edtett falk\u00e9pek. Ezek a k\u00e9zzel k\u00e9sz\u00edtett alkot\u00e1sok nemcsak sz\u00e9pek, hanem k\u00f6rnyezetbar\u00e1t anyagokb\u00f3l k\u00e9sz\u00fclnek, \u00edgy nyugodt sz\u00edvvel helyezhet\u0151k el a legkisebbek k\u00f6zel\u00e9ben.\n\n<h2 class=\"text-meska\/base-orange\"><strong>Babaszoba poszter<\/strong> \u2013 egyedi falidekor\u00e1ci\u00f3 k\u00e9zm\u0171ves min\u0151s\u00e9gben<\/h2>\n\nA <strong>babaszoba poszter<\/strong> term\u00e9kek k\u00f6z\u00f6tt sz\u00e9les v\u00e1laszt\u00e9kban tal\u00e1lhat\u00f3k olyan falidekor\u00e1ci\u00f3k, amelyek t\u00f6k\u00e9letesen illeszkednek a gyermekszoba hangulat\u00e1hoz. A Meska alkot\u00f3i k\u00fcl\u00f6n\u00f6s figyelmet ford\u00edtanak arra, hogy minden egyes darab harmoniz\u00e1ljon a babaszoba sz\u00ednvil\u00e1g\u00e1val \u00e9s st\u00edlus\u00e1val. Ezek a k\u00e9zm\u0171ves alkot\u00e1sok kiv\u00e1l\u00f3 min\u0151s\u00e9g\u0171 pap\u00edrra vagy v\u00e1szonra k\u00e9sz\u00fclnek, \u00edgy hossz\u00fa \u00e9veken \u00e1t meg\u0151rzik sz\u00e9ps\u00e9g\u00fcket \u00e9s \u00e9l\u00e9nk sz\u00edneiket. A <strong>babaposzter<\/strong> v\u00e1logat\u00e1sban megtal\u00e1lhat\u00f3 grafik\u00e1k k\u00f6z\u00f6tt szerepelnek vid\u00e1m sz\u00ednekkel d\u00edsz\u00edtett \u00e1llatos mot\u00edvumok, nyugtat\u00f3 pasztell \u00e1rnyalat\u00fa illusztr\u00e1ci\u00f3k \u00e9s modern geometrikus mint\u00e1k is. A sz\u00fcl\u0151k szabadon v\u00e1laszthatnak a k\u00fcl\u00f6nb\u00f6z\u0151 m\u00e9ret\u0171 \u00e9s t\u00e9m\u00e1j\u00fa alkot\u00e1sok k\u00f6z\u00fcl, hogy a legmegfelel\u0151bbet tal\u00e1lj\u00e1k meg gyermek\u00fck szob\u00e1j\u00e1ba. Ezek a poszterek nemcsak vizu\u00e1lis \u00e9lm\u00e9nyt ny\u00fajtanak, hanem seg\u00edtenek megteremteni azt a biztons\u00e1gos \u00e9s szeretetteljes k\u00f6rnyezetet, amelyben a kisbab\u00e1k boldogan fejl\u0151dhetnek.\n\n<h2 class=\"text-meska\/base-orange\"><strong>Babaposzter<\/strong> \u2013 szem\u00e9lyre szabott aj\u00e1nd\u00e9k \u00fajsz\u00fcl\u00f6tteknek<\/h2>\n\nA <strong>babaposzter<\/strong> kateg\u00f3ria k\u00fcl\u00f6nlegess\u00e9ge, hogy minden darab szem\u00e9lyre szabhat\u00f3 \u00e9s egyedi lehet. A Meska k\u00e9zm\u0171vesei lehet\u0151s\u00e9get biztos\u00edtanak arra, hogy a v\u00e1lasztott <strong>babaszoba poszter<\/strong> tartalmazza a gyermek nev\u00e9t, sz\u00fclet\u00e9si d\u00e1tum\u00e1t, s\u00faly\u00e1t \u00e9s hossz\u00e1t, \u00edgy igaz\u00e1n eml\u00e9kezetes aj\u00e1nd\u00e9kk\u00e1 v\u00e1lik. Ezek a megszem\u00e9lyes\u00edtett falidekor\u00e1ci\u00f3k t\u00f6k\u00e9letes v\u00e1laszt\u00e1st jelentenek babav\u00e1r\u00f3 bulira, keresztel\u0151re vagy els\u0151 sz\u00fclet\u00e9snapra. A k\u00e9zm\u0171ves alkot\u00f3k gondosan dolgoznak minden r\u00e9szleten, figyelembe veszik a sz\u00fcl\u0151k k\u00edv\u00e1ns\u00e1gait \u00e9s ig\u00e9nyeit, \u00edgy a v\u00e9geredm\u00e9ny mindig egyedi \u00e9s megism\u00e9telhetetlen lesz. A poszterek nemcsak a babaszob\u00e1ban tal\u00e1lhatj\u00e1k meg hely\u00fcket, hanem j\u00e1tsz\u00f3szob\u00e1ban vagy nappali gyerekzug\u00e1ban is csod\u00e1latosan mutatnak. Tart\u00f3s anyagokb\u00f3l k\u00e9sz\u00fclnek, \u00edgy \u00e9veken \u00e1t \u0151rzik az eml\u00e9keket \u00e9s d\u00edsz\u00edtik a csal\u00e1di otthont.\n\n<h2 class=\"text-meska\/base-orange\">Kinek aj\u00e1nljuk \u00e9s mi\u00e9rt a babaposzter term\u00e9keket<\/h2>\n\nA <strong>babaposzter<\/strong> kateg\u00f3ri\u00e1ban tal\u00e1lhat\u00f3 k\u00e9zm\u0171ves falidekor\u00e1ci\u00f3k els\u0151sorban kismam\u00e1knak \u00e9s leend\u0151 sz\u00fcl\u0151knek aj\u00e1nljuk, akik szeretettel k\u00e9sz\u00fclnek gyermek\u00fck \u00e9rkez\u00e9s\u00e9re \u00e9s olyan otthont szeretn\u00e9nek teremteni, ahol minden apr\u00f3 r\u00e9szlet fontoss\u00e1ggal b\u00edr. Ezek a fiatal sz\u00fcl\u0151k \u00e9rt\u00e9kelik a szem\u00e9lyre szabott, egyedi dekor\u00e1ci\u00f3kat, amelyek megk\u00fcl\u00f6nb\u00f6ztetik gyermek\u00fck szob\u00e1j\u00e1t a t\u00f6megterm\u00e9kekkel berendezett helyis\u00e9gekt\u0151l. A <strong>babaszoba poszter<\/strong> v\u00e1laszt\u00e9k ide\u00e1lis azok sz\u00e1m\u00e1ra is, akik tudatosan v\u00e1lasztanak k\u00e9zm\u0171ves min\u0151s\u00e9get \u00e9s t\u00e1mogatj\u00e1k a magyar alkot\u00f3kat. M\u00e1sodlagosan aj\u00e1nljuk ezeket a term\u00e9keket nagysz\u00fcl\u0151knek, akik k\u00fcl\u00f6nleges \u00e9s maradand\u00f3 aj\u00e1nd\u00e9kot keresnek unok\u00e1juknak sz\u00fclet\u00e9sekor vagy keresztel\u0151j\u00e9re. A bar\u00e1ti \u00e9s csal\u00e1di k\u00f6rb\u0151l \u00e9rkez\u0151k, akik babav\u00e1r\u00f3 bulira vagy els\u0151 sz\u00fclet\u00e9snapra szeretn\u00e9nek valami igaz\u00e1n szem\u00e9lyeset adni, szint\u00e9n megtal\u00e1lj\u00e1k a t\u00f6k\u00e9letes v\u00e1laszt\u00e1st ebben a kateg\u00f3ri\u00e1ban. Keresztsz\u00fcl\u0151k sz\u00e1m\u00e1ra pedig ezek a k\u00e9zm\u0171ves poszterek kiv\u00e1l\u00f3 lehet\u0151s\u00e9get k\u00edn\u00e1lnak arra, hogy keresztgyermek\u00fcknek olyan aj\u00e1nd\u00e9kot adjanak, amely hossz\u00fa \u00e9veken \u00e1t eml\u00e9kezteti \u0151ket a k\u00f6z\u00f6s kapcsolatukra \u00e9s a keresztel\u00e9s k\u00fcl\u00f6nleges pillanat\u00e1ra.\n\nFedezd fel a Meska <strong>babaposzter<\/strong> kateg\u00f3ri\u00e1j\u00e1nak k\u00e9zm\u0171ves kincseit, \u00e9s v\u00e1lassz olyan egyedi <strong>babaszoba poszter<\/strong> darabot, amely t\u00f6k\u00e9letesen illik a kicsik vil\u00e1g\u00e1ba! A magyar alkot\u00f3k gondosan k\u00e9sz\u00edtett falidekor\u00e1ci\u00f3i nemcsak sz\u00e9pek, hanem tart\u00f3sak is, \u00edgy \u00e9veken \u00e1t \u0151rzik a legszebb eml\u00e9keket. V\u00e1s\u00e1rolj most, \u00e9s teremts meghitt, szem\u00e9lyes hangulatot a babaszob\u00e1ban!","metaDescription":"Babaszoba poszter v\u00e1laszt\u00e9k egyedi grafik\u00e1kkal. \u2705 N\u00e9vre sz\u00f3l\u00f3 \u2705 K\u00e9zm\u0171ves \u2705 Tart\u00f3s. Fedezd fel a Meska k\u00edn\u00e1lat\u00e1t!","metaNoIndex":0,"metaNoFollow":0,"seoFound":true,"ogImage":"https:\/\/www.meska.hu\/img\/category_seo\/1759-babaposzter-kezmuves-babaszoba-poszter--meska_ELhf3.jpg","canonicals":"https:\/\/www.meska.hu\/s\/babaposzter\/c-1759"},"breadcrumb":[{"position":1,"name":"Meska.hu","url":"https:\/\/www.meska.hu","last":false},{"position":2,"name":"Baba - mama","url":"https:\/\/www.meska.hu\/s\/baba-mama\/c-1735","last":false},{"position":3,"name":"Babaszoba dekor\u00e1ci\u00f3","url":"https:\/\/www.meska.hu\/s\/babaszoba-dekoracio\/c-1466","last":false},{"position":4,"name":"Babaposzter","url":"https:\/\/www.meska.hu\/s\/babaposzter\/c-1759","last":true}],"h1":"Babaposzter","url":{"url":"https:\/\/www.meska.hu\/s\/babaposzter\/c-1759","title":"Mind","_debug_":false},"_count_":100}