{"_terms_":{"phrase":"utcatbla, nvtbla","facets":"n","p":"1","pp":"100","sort_by":"","sort_direction":"desc","product_type":"kezmuves","session_id":"6dfci7dbfi3lqia6ebkki4s1n6"},"total":251945,"products":[{"id":"5459999","shop_id":"22440","user_id":"192827","shop_name":"zsukica","shop_zip":"2114","product_code":"5356800","product_name_old":null,"product_name":"Kuty\u00e1s rajzzal, k\u00e9zzel k\u00e9sz\u00edtett egyedi n\u00e9vt\u00e1bla","category_string":"Otthon & \u00c9letm\u00f3d, H\u00e1z & Kert, N\u00e9vt\u00e1bla","technic_string":"Famegmunk\u00e1l\u00e1s, Grav\u00edroz\u00e1s, pirogr\u00e1fia","category_1":"813","category_2":"897","category_3":"965","category_4":"0","merged_category_1":null,"merged_category_2":null,"merged_category_3":null,"technic_1":"478","technic_2":"796","technic_3":"0","color_1":"514","color_2":"516","color_3":"520","product_description_old":null,"product_description":"Ezt a n\u00e9vt\u00e1bl\u00e1t h\u00e1rsf\u00e1ra k\u00e9sz\u00edtem. K\u00e9rhetsz r\u00e1 t\u00f6bb nevet, \u00e9s term\u00e9szetesen m\u00e1s grafik\u00e1t is. A m\u00e9rete 12 x 5 cm. K\u00fclt\u00e9rre \u00e9s belt\u00e9rre is egyar\u00e1nt elk\u00e9sz\u00edtem, ezt a megrendel\u00e9skor egyeztess\u00fck, hogy a fel\u00fcletkezel\u00e9st ennek megfelel\u0151en k\u00e9sz\u00edtsem el. \u00edgy lesz m\u00e9g tart\u00f3sabb a kis t\u00e1bl\u00e1nk. \nAjt\u00f3ra, kapura, \u00e9s lev\u00e9lszekr\u00e9nyre is j\u00f3 v\u00e1laszt\u00e1s. A megrendel\u00e9skor a megjegyz\u00e9s rovatba \u00edrd le hogy milyen n\u00e9v legyen a t\u00e1bl\u00e1n, \u00e9s milyen rajzzal szeretn\u00e9d. Mindannyi\u00f3tokat telefonon h\u00edvni fogok, hogy pontos\u00edtsuk a r\u00e9szleteket.","price":"3950.00","unit":"db","recommended":"0","status":"1","sponsored":"0","exp_notify":"0","own_material":"0","own_material_description_old":null,"own_material_description":"","jury":"0","jury_number":"","product_nature":"","meskaracsony":"0","create_date":"2026-01-11 20:26:58","shelve_id":"76806","image":"zsukica_product_192827_240827134608_315211.jpeg","image_width":"480","image_height":"480","image_alt":"Kuty\u00e1s rajzzal, k\u00e9zzel k\u00e9sz\u00edtett egyedi n\u00e9vt\u00e1bla, Ezt a n\u00e9vt\u00e1bl\u00e1t h\u00e1rsf\u00e1ra k\u00e9sz\u00edtem. K\u00e9rhetsz r\u00e1 t\u00f6bb nevet, \u00e9s term\u00e9szetesen m\u00e1s grafik\u00e1t is. A m\u00e9ret..., Meska","image_title":"Kuty\u00e1s rajzzal, k\u00e9zzel k\u00e9sz\u00edtett egyedi n\u00e9vt\u00e1bla, Meska","view_count":"422","favourite_count":"0","trending_score":"0","last2MonthFavouriteCount":"0","promotion":"0","giftcard_accept":"1","creditcard_accept":false,"enhanced_background":"0","domain":"meska","specific_customer_id":null,"specific_customer_name":null,"to_order_product":"1","to_order_product_time":"4","product_different":null,"product_different_description":"","vintage":"0","vintage_category_id":"0","recycled":"0","gemstone_id":"0","customizable":"0","type_category":"physical","zerowaste":"0","postage_price":"1290.00","shop_order":"0","has_category":"1","landing_pages":null,"microdata":{"number":1,"category":""},"title":"Kuty\u00e1s rajzzal, k\u00e9zzel k\u00e9sz\u00edtett egyedi n\u00e9vt\u00e1bla","description":"Ezt a n\u00e9vt\u00e1bl\u00e1t h\u00e1rsf\u00e1ra k\u00e9sz\u00edtem. K\u00e9rhetsz r\u00e1 t\u00f6bb nevet, \u00e9s term\u00e9szetesen m\u00e1s grafik\u00e1t is. A m\u00e9rete 12 x 5 cm. K\u00fclt\u00e9rre \u00e9s belt\u00e9rre is egyar\u00e1nt elk\u00e9sz\u00edtem, ezt a megrendel\u00e9skor egyeztess\u00fck, hogy a fel\u00fcletkezel\u00e9st ennek megfelel\u0151en k\u00e9sz\u00edtsem el. \u00edgy lesz m\u00e9g tart\u00f3sabb a kis t\u00e1bl\u00e1nk. \nAjt\u00f3ra, kapura, \u00e9s lev\u00e9lszekr\u00e9nyre is j\u00f3 v\u00e1laszt\u00e1s. A megrendel\u00e9skor a megjegyz\u00e9s rovatba \u00edrd le hogy milyen n\u00e9v legyen a t\u00e1bl\u00e1n, \u00e9s milyen rajzzal szeretn\u00e9d. Mindannyi\u00f3tokat telefonon h\u00edvni fogok, hogy pontos\u00edtsuk a r\u00e9szleteket.","score":11.078467,"formatted_price":"3 950 Ft","image_url":"https:\/\/www.meska.hu\/img\/product\/small\/z\/s\/zsukica_product_192827_240827134608_315211.jpeg","formatted_url":"https:\/\/www.meska.hu\/p5356800-kutyas-rajzzal-kezzel-keszitett-egyedi-nevtabla","favourite":false,"in_stock":false,"avatar":"zsukica_avatar_192827.JPG","delete_from":0,"is_enhanced_background":false,"is_enhanced":false,"product_selection_started":false,"is_active":true,"image_webp_url":"https:\/\/www.meska.hu\/img\/product\/small\/z\/s\/zsukica_product_192827_240827134608_315211.webp"},{"id":"5476555","shop_id":"38741","user_id":"526655","shop_name":"ENGravING","shop_zip":"6725","product_code":"5366907","product_name_old":null,"product_name":"Vir\u00e1g z\u00e1szl\u00f3 n\u00e9vt\u00e1bla ","category_string":"Baba - mama, Gyerek n\u00e9vt\u00e1bla, Babaszoba dekor\u00e1ci\u00f3","technic_string":"Famegmunk\u00e1l\u00e1s, Festett t\u00e1rgyak","category_1":"1497","category_2":"1735","category_3":"1466","category_4":"0","merged_category_1":null,"merged_category_2":null,"merged_category_3":null,"technic_1":"478","technic_2":"481","technic_3":"0","color_1":"515","color_2":"519","color_3":"524","product_description_old":null,"product_description":"Z\u00e1szl\u00f3 n\u00e9vt\u00e1bla vir\u00e1ggal ell\u00e1tva.Ig\u00e9ny szerinti mot\u00edvumokkal \u00e9s n\u00e9vvel, melyet \u00fczenetben tudunk eggyeztetni.\nFa r\u00e9tegelt lemezb\u0151l k\u00e9sz\u00edtett\nK\u00e9zzel festett, v\u00edzb\u00e1zis\u00fa fest\u00e9kkel\nEgy z\u00e1szl\u00f3 m\u00e9rete:12*15\nAz \u00e1r v\u00e1ltoz\u00f3 z\u00e1szl\u00f3k sz\u00e1m\u00e1t\u00f3l.\n\nA RENDEL\u00c9S MENETE:\n\n1. Rakd a kos\u00e1rba a kiv\u00e1lasztott term\u00e9ket majd v\u00e1s\u00e1rold meg \u0151ket a Meska fel\u00fclet\u00e9n\n\n2. Ezut\u00e1n megkapjuk egym\u00e1s el\u00e9rhet\u0151s\u00e9g\u00e9t, \u00e9s e-mailben egyeztetj\u00fck a r\u00e9szleteket\n\n3. Egyedi \u00f6tlet, vagy n\u00e9vresz\u00f3l\u00f3 term\u00e9k eset\u00e9n k\u00fcldeni fogok egy l\u00e1tv\u00e1nytervet a v\u00e1s\u00e1rolt term\u00e9kr\u0151l, amit meg tudsz n\u00e9zni. A tervez\u00e9s, illetve a l\u00e1tv\u00e1nyterv k\u00e9sz\u00edt\u00e9se nem j\u00e1r t\u00f6bbletk\u00f6lts\u00e9ggel, azt az \u00e1r tartalmazza.\n\n4. Amikor v\u00e9glegesen elfogadod a terveket, \u00e1tutal\u00e1ssal tudsz majd fizetni.\n\n5. Az \u00f6sszeg be\u00e9rkez\u00e9se ut\u00e1n k\u00e9sz\u00edtj\u00fck \u00e9s k\u00fcldj\u00fck a term\u00e9keidet.\n\n6. A term\u00e9keinket FOXPOST vagy Posta sz\u00e1ll\u00edtja\n\n7. Szeretn\u00e9nk folyamatosan fejl\u0151dni, \u00edgy fontos sz\u00e1munkra v\u00e1s\u00e1rl\u00f3ink v\u00e9lem\u00e9nye. Ez\u00e9rt k\u00e9rj\u00fck, hogy a sz\u00e1ll\u00edt\u00e1s megt\u00f6rt\u00e9nte ut\u00e1n \u00e9rt\u00e9keld boltunkat, melyet ez\u00faton is k\u00f6sz\u00f6n\u00fcnk!\n\nB\u00e1rmilyen egyedi \u00f6tlet vagy n\u00e9vresz\u00f3l\u00f3 aj\u00e1nd\u00e9k elk\u00e9sz\u00edt\u00e9s\u00e9vel kapcsoltban keress minket bizalommal. (:","price":"10000.00","unit":"db","recommended":"0","status":"1","sponsored":"0","exp_notify":"0","own_material":"0","own_material_description_old":null,"own_material_description":"","jury":"0","jury_number":"","product_nature":"","meskaracsony":"0","create_date":"2026-01-02 20:00:41","shelve_id":"0","image":"engraving_product_526655_240909174654_866781.jpeg","image_width":"480","image_height":"360","image_alt":"Vir\u00e1g z\u00e1szl\u00f3 n\u00e9vt\u00e1bla , Z\u00e1szl\u00f3 n\u00e9vt\u00e1bla vir\u00e1ggal ell\u00e1tva.Ig\u00e9ny szerinti mot\u00edvumokkal \u00e9s n\u00e9vvel, melyet \u00fczenetben tudunk eggy..., Meska","image_title":"Vir\u00e1g z\u00e1szl\u00f3 n\u00e9vt\u00e1bla , Meska","view_count":"458","favourite_count":"0","trending_score":"0","last2MonthFavouriteCount":"0","promotion":"0","giftcard_accept":"0","creditcard_accept":false,"enhanced_background":"0","domain":"meska","specific_customer_id":null,"specific_customer_name":null,"to_order_product":"1","to_order_product_time":"15","product_different":null,"product_different_description":"","vintage":"0","vintage_category_id":"0","recycled":"0","gemstone_id":"0","customizable":"1","type_category":"physical","zerowaste":"0","postage_price":"1290.00","shop_order":"0","has_category":"1","landing_pages":null,"microdata":{"number":2,"category":""},"title":"Vir\u00e1g z\u00e1szl\u00f3 n\u00e9vt\u00e1bla ","description":"Z\u00e1szl\u00f3 n\u00e9vt\u00e1bla vir\u00e1ggal ell\u00e1tva.Ig\u00e9ny szerinti mot\u00edvumokkal \u00e9s n\u00e9vvel, melyet \u00fczenetben tudunk eggyeztetni.\nFa r\u00e9tegelt lemezb\u0151l k\u00e9sz\u00edtett\nK\u00e9zzel festett, v\u00edzb\u00e1zis\u00fa fest\u00e9kkel\nEgy z\u00e1szl\u00f3 m\u00e9rete:12*15\nAz \u00e1r v\u00e1ltoz\u00f3 z\u00e1szl\u00f3k sz\u00e1m\u00e1t\u00f3l.\n\nA RENDEL\u00c9S MENETE:\n\n1. Rakd a kos\u00e1rba a kiv\u00e1lasztott term\u00e9ket majd v\u00e1s\u00e1rold meg \u0151ket a Meska fel\u00fclet\u00e9n\n\n2. Ezut\u00e1n megkapjuk egym\u00e1s el\u00e9rhet\u0151s\u00e9g\u00e9t, \u00e9s e-mailben egyeztetj\u00fck a r\u00e9szleteket\n\n3. Egyedi \u00f6tlet, vagy n\u00e9vresz\u00f3l\u00f3 term\u00e9k eset\u00e9n k\u00fcldeni fogok egy l\u00e1tv\u00e1nytervet a v\u00e1s\u00e1rolt term\u00e9kr\u0151l, amit meg tudsz n\u00e9zni. A tervez\u00e9s, illetve a l\u00e1tv\u00e1nyterv k\u00e9sz\u00edt\u00e9se nem j\u00e1r t\u00f6bbletk\u00f6lts\u00e9ggel, azt az \u00e1r tartalmazza.\n\n4. Amikor v\u00e9glegesen elfogadod a terveket, \u00e1tutal\u00e1ssal tudsz majd fizetni.\n\n5. Az \u00f6sszeg be\u00e9rkez\u00e9se ut\u00e1n k\u00e9sz\u00edtj\u00fck \u00e9s k\u00fcldj\u00fck a term\u00e9keidet.\n\n6. A term\u00e9keinket FOXPOST vagy Posta sz\u00e1ll\u00edtja\n\n7. Szeretn\u00e9nk folyamatosan fejl\u0151dni, \u00edgy fontos sz\u00e1munkra v\u00e1s\u00e1rl\u00f3ink v\u00e9lem\u00e9nye. Ez\u00e9rt k\u00e9rj\u00fck, hogy a sz\u00e1ll\u00edt\u00e1s megt\u00f6rt\u00e9nte ut\u00e1n \u00e9rt\u00e9keld boltunkat, melyet ez\u00faton is k\u00f6sz\u00f6n\u00fcnk!\n\nB\u00e1rmilyen egyedi \u00f6tlet vagy n\u00e9vresz\u00f3l\u00f3 aj\u00e1nd\u00e9k elk\u00e9sz\u00edt\u00e9s\u00e9vel kapcsoltban keress minket bizalommal. (:","score":11.078467,"formatted_price":"10 000 Ft","image_url":"https:\/\/www.meska.hu\/img\/product\/small\/e\/n\/engraving_product_526655_240909174654_866781.jpeg","formatted_url":"https:\/\/www.meska.hu\/p5366907-virag-zaszlo-nevtabla","favourite":false,"in_stock":false,"avatar":"526655_avatar_1665417359.jpeg","delete_from":0,"is_enhanced_background":false,"is_enhanced":false,"product_selection_started":false,"is_active":true,"image_webp_url":"https:\/\/www.meska.hu\/img\/product\/small\/e\/n\/engraving_product_526655_240909174654_866781.webp"},{"id":"5356766","shop_id":"38741","user_id":"526655","shop_name":"ENGravING","shop_zip":"6725","product_code":"5298122","product_name_old":null,"product_name":"Unikornis n\u00e9vt\u00e1bla ","category_string":"Baba - mama, Gyerek n\u00e9vt\u00e1bla, Babaszoba dekor\u00e1ci\u00f3","technic_string":"Famegmunk\u00e1l\u00e1s, Festett t\u00e1rgyak","category_1":"1497","category_2":"1735","category_3":"1466","category_4":"0","merged_category_1":null,"merged_category_2":null,"merged_category_3":null,"technic_1":"478","technic_2":"481","technic_3":"0","color_1":"518","color_2":"522","color_3":"525","product_description_old":null,"product_description":"Csillog\u00f3 unikornis vir\u00e1gokkal ell\u00e1tott n\u00e9vt\u00e1bla, ig\u00e9ny szerinti mot\u00edvumokkal \u00e9s n\u00e9vvel, melyet \u00fczenetben tudunk eggyeztetni\nFa r\u00e9tegelt lemezb\u0151l k\u00e9sz\u00edtett\nK\u00e9zzel festett, v\u00edzb\u00e1zis\u00fa fest\u00e9kkel\nM\u00e9ret 28 cm\nA falra akaszt\u00f3val lehet felhelyezni.\n\nA RENDEL\u00c9S MENETE:\n\n1. Rakd a kos\u00e1rba a kiv\u00e1lasztott term\u00e9ket majd v\u00e1s\u00e1rold meg \u0151ket a Meska fel\u00fclet\u00e9n\n\n2. Ezut\u00e1n megkapjuk egym\u00e1s el\u00e9rhet\u0151s\u00e9g\u00e9t, \u00e9s e-mailben egyeztetj\u00fck a r\u00e9szleteket\n\n3. Egyedi \u00f6tlet, vagy n\u00e9vresz\u00f3l\u00f3 term\u00e9k eset\u00e9n k\u00fcldeni fogok egy l\u00e1tv\u00e1nytervet a v\u00e1s\u00e1rolt term\u00e9kr\u0151l, amit meg tudsz n\u00e9zni. A tervez\u00e9s, illetve a l\u00e1tv\u00e1nyterv k\u00e9sz\u00edt\u00e9se nem j\u00e1r t\u00f6bbletk\u00f6lts\u00e9ggel, azt az \u00e1r tartalmazza.\n\n4. Amikor v\u00e9glegesen elfogadod a terveket, \u00e1tutal\u00e1ssal tudsz majd fizetni.\n\n5. Az \u00f6sszeg be\u00e9rkez\u00e9se ut\u00e1n k\u00e9sz\u00edtj\u00fck \u00e9s k\u00fcldj\u00fck a term\u00e9keidet.\n\n6. A term\u00e9keinket FOXPOST vagy Posta sz\u00e1ll\u00edtja\n\n7. Szeretn\u00e9nk folyamatosan fejl\u0151dni, \u00edgy fontos sz\u00e1munkra v\u00e1s\u00e1rl\u00f3ink v\u00e9lem\u00e9nye. Ez\u00e9rt k\u00e9rj\u00fck, hogy a sz\u00e1ll\u00edt\u00e1s megt\u00f6rt\u00e9nte ut\u00e1n \u00e9rt\u00e9keld boltunkat, melyet ez\u00faton is k\u00f6sz\u00f6n\u00fcnk!\n\nB\u00e1rmilyen egyedi \u00f6tlet vagy n\u00e9vresz\u00f3l\u00f3 aj\u00e1nd\u00e9k elk\u00e9sz\u00edt\u00e9s\u00e9vel kapcsoltban keress minket bizalommal. (:","price":"8500.00","unit":"db","recommended":"0","status":"1","sponsored":"0","exp_notify":"0","own_material":"0","own_material_description_old":null,"own_material_description":"","jury":"0","jury_number":"","product_nature":"","meskaracsony":"0","create_date":"2026-01-21 00:53:07","shelve_id":"0","image":"engraving_product_526655_240530214631_88731.jpeg","image_width":"480","image_height":"665","image_alt":"Unikornis n\u00e9vt\u00e1bla , Csillog\u00f3 unikornis vir\u00e1gokkal ell\u00e1tott n\u00e9vt\u00e1bla, ig\u00e9ny szerinti mot\u00edvumokkal \u00e9s n\u00e9vvel, melyet \u00fczene..., Meska","image_title":"Unikornis n\u00e9vt\u00e1bla , Meska","view_count":"452","favourite_count":"0","trending_score":"0","last2MonthFavouriteCount":"0","promotion":"0","giftcard_accept":"0","creditcard_accept":false,"enhanced_background":"0","domain":"meska","specific_customer_id":null,"specific_customer_name":null,"to_order_product":"1","to_order_product_time":"10","product_different":null,"product_different_description":"","vintage":"0","vintage_category_id":"0","recycled":"0","gemstone_id":"0","customizable":"1","type_category":"physical","zerowaste":"0","postage_price":"1290.00","shop_order":"0","has_category":"1","landing_pages":null,"microdata":{"number":3,"category":""},"title":"Unikornis n\u00e9vt\u00e1bla ","description":"Csillog\u00f3 unikornis vir\u00e1gokkal ell\u00e1tott n\u00e9vt\u00e1bla, ig\u00e9ny szerinti mot\u00edvumokkal \u00e9s n\u00e9vvel, melyet \u00fczenetben tudunk eggyeztetni\nFa r\u00e9tegelt lemezb\u0151l k\u00e9sz\u00edtett\nK\u00e9zzel festett, v\u00edzb\u00e1zis\u00fa fest\u00e9kkel\nM\u00e9ret 28 cm\nA falra akaszt\u00f3val lehet felhelyezni.\n\nA RENDEL\u00c9S MENETE:\n\n1. Rakd a kos\u00e1rba a kiv\u00e1lasztott term\u00e9ket majd v\u00e1s\u00e1rold meg \u0151ket a Meska fel\u00fclet\u00e9n\n\n2. Ezut\u00e1n megkapjuk egym\u00e1s el\u00e9rhet\u0151s\u00e9g\u00e9t, \u00e9s e-mailben egyeztetj\u00fck a r\u00e9szleteket\n\n3. Egyedi \u00f6tlet, vagy n\u00e9vresz\u00f3l\u00f3 term\u00e9k eset\u00e9n k\u00fcldeni fogok egy l\u00e1tv\u00e1nytervet a v\u00e1s\u00e1rolt term\u00e9kr\u0151l, amit meg tudsz n\u00e9zni. A tervez\u00e9s, illetve a l\u00e1tv\u00e1nyterv k\u00e9sz\u00edt\u00e9se nem j\u00e1r t\u00f6bbletk\u00f6lts\u00e9ggel, azt az \u00e1r tartalmazza.\n\n4. Amikor v\u00e9glegesen elfogadod a terveket, \u00e1tutal\u00e1ssal tudsz majd fizetni.\n\n5. Az \u00f6sszeg be\u00e9rkez\u00e9se ut\u00e1n k\u00e9sz\u00edtj\u00fck \u00e9s k\u00fcldj\u00fck a term\u00e9keidet.\n\n6. A term\u00e9keinket FOXPOST vagy Posta sz\u00e1ll\u00edtja\n\n7. Szeretn\u00e9nk folyamatosan fejl\u0151dni, \u00edgy fontos sz\u00e1munkra v\u00e1s\u00e1rl\u00f3ink v\u00e9lem\u00e9nye. Ez\u00e9rt k\u00e9rj\u00fck, hogy a sz\u00e1ll\u00edt\u00e1s megt\u00f6rt\u00e9nte ut\u00e1n \u00e9rt\u00e9keld boltunkat, melyet ez\u00faton is k\u00f6sz\u00f6n\u00fcnk!\n\nB\u00e1rmilyen egyedi \u00f6tlet vagy n\u00e9vresz\u00f3l\u00f3 aj\u00e1nd\u00e9k elk\u00e9sz\u00edt\u00e9s\u00e9vel kapcsoltban keress minket bizalommal. (:","score":11.078467,"formatted_price":"8 500 Ft","image_url":"https:\/\/www.meska.hu\/img\/product\/small\/e\/n\/engraving_product_526655_240530214631_88731.jpeg","formatted_url":"https:\/\/www.meska.hu\/p5298122-unikornis-nevtabla","favourite":false,"in_stock":false,"avatar":"526655_avatar_1665417359.jpeg","delete_from":0,"is_enhanced_background":false,"is_enhanced":false,"product_selection_started":false,"is_active":true,"image_webp_url":"https:\/\/www.meska.hu\/img\/product\/small\/e\/n\/engraving_product_526655_240530214631_88731.webp"},{"id":"5787197","shop_id":"48773","user_id":"714823","shop_name":"mkkreativlezer","shop_zip":"2500","product_code":"5550126","product_name_old":null,"product_name":"Cic\u00e1s baba, gyerek egyedi n\u00e9vt\u00e1bla","category_string":"Baba - mama, Gyerek n\u00e9vt\u00e1bla, Babaszoba dekor\u00e1ci\u00f3","technic_string":"Famegmunk\u00e1l\u00e1s, Grav\u00edroz\u00e1s, pirogr\u00e1fia","category_1":"1497","category_2":"1735","category_3":"1466","category_4":"0","merged_category_1":null,"merged_category_2":null,"merged_category_3":null,"technic_1":"478","technic_2":"796","technic_3":"0","color_1":"514","color_2":"519","color_3":"525","product_description_old":null,"product_description":"Egyedi, n\u00e9vre sz\u00f3l\u00f3 fal- vagy ajt\u00f3d\u00edsz gyerekszob\u00e1ba, amivel k\u00fcl\u00f6nlegess\u00e9 teheted a kicsik birodalm\u00e1t. \nMinden n\u00e9vt\u00e1bl\u00e1t gondosan tervez\u00fcnk \u00e9s l\u00e9zerv\u00e1g\u00e1ssal, grav\u00edroz\u00e1ssal k\u00e9sz\u00edt\u00fcnk el, k\u00e9zzel fest\u00fcnk. \nA n\u00e9v \u00e1ltal szem\u00e9lyre szabhat\u00f3. \nEgy ilyen t\u00e1bla nemcsak d\u00edsz, hanem eml\u00e9k is, ami v\u00e9gigk\u00eds\u00e9ri a gyermekkort.\n\n29 cm-es nagys\u00e1g\u00fa.\n\nV\u00edzb\u00e1zis\u00fa, k\u00f6rnyezetbar\u00e1t fest\u00e9k felhaszn\u00e1l\u00e1s\u00e1val k\u00e9sz\u00fclt, mely gyerekeknek sz\u00e1nt j\u00e1t\u00e9kok \u00e9s t\u00e1rgyak fest\u00e9s\u00e9re is alkalmas (EN 71-3 min\u0151s\u00edt\u00e9s)\n\nK\u00e9rem a nevet a megrendel\u00e9sben vagy emailben megadni!\n\nHa k\u00e9rd\u00e9sed van, sz\u00edvesen v\u00e1laszolok! :)\n","price":"9990.00","unit":"db","recommended":"0","status":"1","sponsored":"0","exp_notify":"0","own_material":"0","own_material_description_old":null,"own_material_description":"","jury":"0","jury_number":"","product_nature":"","meskaracsony":"0","create_date":"2026-01-04 23:13:05","shelve_id":"0","image":"mkkreativlezer_product_714823_250509222212_479365.jpeg","image_width":"480","image_height":"360","image_alt":"Cic\u00e1s baba, gyerek egyedi n\u00e9vt\u00e1bla, Egyedi, n\u00e9vre sz\u00f3l\u00f3 fal- vagy ajt\u00f3d\u00edsz gyerekszob\u00e1ba, amivel k\u00fcl\u00f6nlegess\u00e9 teheted a kicsik birodalm\u00e1..., Meska","image_title":"Cic\u00e1s baba, gyerek egyedi n\u00e9vt\u00e1bla, Meska","view_count":"353","favourite_count":"0","trending_score":"0","last2MonthFavouriteCount":"0","promotion":"0","giftcard_accept":"0","creditcard_accept":true,"enhanced_background":"0","domain":"meska","specific_customer_id":null,"specific_customer_name":null,"to_order_product":"1","to_order_product_time":"5","product_different":null,"product_different_description":"","vintage":"0","vintage_category_id":"0","recycled":"0","gemstone_id":"0","customizable":"1","type_category":"physical","zerowaste":"0","postage_price":"1290.00","shop_order":"0","has_category":"1","landing_pages":null,"microdata":{"number":4,"category":""},"title":"Cic\u00e1s baba, gyerek egyedi n\u00e9vt\u00e1bla","description":"Egyedi, n\u00e9vre sz\u00f3l\u00f3 fal- vagy ajt\u00f3d\u00edsz gyerekszob\u00e1ba, amivel k\u00fcl\u00f6nlegess\u00e9 teheted a kicsik birodalm\u00e1t. \nMinden n\u00e9vt\u00e1bl\u00e1t gondosan tervez\u00fcnk \u00e9s l\u00e9zerv\u00e1g\u00e1ssal, grav\u00edroz\u00e1ssal k\u00e9sz\u00edt\u00fcnk el, k\u00e9zzel fest\u00fcnk. \nA n\u00e9v \u00e1ltal szem\u00e9lyre szabhat\u00f3. \nEgy ilyen t\u00e1bla nemcsak d\u00edsz, hanem eml\u00e9k is, ami v\u00e9gigk\u00eds\u00e9ri a gyermekkort.\n\n29 cm-es nagys\u00e1g\u00fa.\n\nV\u00edzb\u00e1zis\u00fa, k\u00f6rnyezetbar\u00e1t fest\u00e9k felhaszn\u00e1l\u00e1s\u00e1val k\u00e9sz\u00fclt, mely gyerekeknek sz\u00e1nt j\u00e1t\u00e9kok \u00e9s t\u00e1rgyak fest\u00e9s\u00e9re is alkalmas (EN 71-3 min\u0151s\u00edt\u00e9s)\n\nK\u00e9rem a nevet a megrendel\u00e9sben vagy emailben megadni!\n\nHa k\u00e9rd\u00e9sed van, sz\u00edvesen v\u00e1laszolok! :)\n","score":11.078467,"formatted_price":"9 990 Ft","image_url":"https:\/\/www.meska.hu\/img\/product\/small\/m\/k\/mkkreativlezer_product_714823_250509222212_479365.jpeg","formatted_url":"https:\/\/www.meska.hu\/p5550126-cicas-baba-gyerek-egyedi-nevtabla","favourite":false,"in_stock":false,"avatar":"714823_avatar_1744620885.png","delete_from":0,"is_enhanced_background":false,"is_enhanced":false,"product_selection_started":false,"is_active":true,"image_webp_url":"https:\/\/www.meska.hu\/img\/product\/small\/m\/k\/mkkreativlezer_product_714823_250509222212_479365.webp"},{"id":"5667140","shop_id":"44862","user_id":"643583","shop_name":"SugiDesign","shop_zip":"3346","product_code":"5481670","product_name_old":null,"product_name":"Baba n\u00e9vtabla fi\u00fas","category_string":"Baba - mama, Baba n\u00e9vt\u00e1bla, Babaszoba dekor\u00e1ci\u00f3","technic_string":"Grav\u00edroz\u00e1s, pirogr\u00e1fia","category_1":"1735","category_2":"1760","category_3":"1466","category_4":"0","merged_category_1":null,"merged_category_2":null,"merged_category_3":null,"technic_1":"796","technic_2":"0","technic_3":"0","color_1":"519","color_2":"521","color_3":"0","product_description_old":null,"product_description":"Egy kisbaba sz\u00fclet\u00e9se minden csal\u00e1d \u00e9let\u00e9ben fontos esem\u00e9ny, amely mindig \u00f6r\u00f6k eml\u00e9k! Szuper aj\u00e1nd\u00e9k babak\u00f6sz\u00f6nt\u0151re, sz\u00fclet\u00e9snapra, n\u00e9vnapra, keresztel\u0151 vagy n\u00e9vad\u00f3 alkalm\u00e1b\u00f3l! Ez a kis t\u00e1bla a gyerekszoba cs\u00facspontja lehet a sz\u00fclet\u00e9s legfontosabb adataival szem\u00e9lyre szabva, n\u00e9vre sz\u00f3l\u00f3, ez\u00e9rt az egyik legkeresettebb aj\u00e1nd\u00e9k. A sz\u00fclet\u00e9si adatok a n\u00e9vt\u00e1bl\u00e1n  van grav\u00edrozva. A n\u00e9v \u00e9s a l\u00f3g\u00f3k t\u00f6bb sz\u00ednben  is k\u00e9rhet\u0151 \u00e9s a szalag sz\u00edne is v\u00e1laszthat\u00f3. Rendel\u00e9skor k\u00e9rj\u00fck \u00edrd meg a grav\u00edrozand\u00f3 adatokat \u00e9s sz\u00edneket. A t\u00e1bla kb 15x24 cm .","price":"6590.00","unit":"db","recommended":"0","status":"1","sponsored":"0","exp_notify":"0","own_material":"0","own_material_description_old":null,"own_material_description":"","jury":"0","jury_number":"","product_nature":"","meskaracsony":"0","create_date":"2026-01-14 20:14:53","shelve_id":"0","image":"sugidesign_product_643583_250119194204_906297.jpeg","image_width":"480","image_height":"296","image_alt":"Baba n\u00e9vtabla fi\u00fas, Egy kisbaba sz\u00fclet\u00e9se minden csal\u00e1d \u00e9let\u00e9ben fontos esem\u00e9ny, amely mindig \u00f6r\u00f6k eml\u00e9k! Szuper aj\u00e1nd\u00e9k..., Meska","image_title":"Baba n\u00e9vtabla fi\u00fas, Meska","view_count":"282","favourite_count":"0","trending_score":"0","last2MonthFavouriteCount":"0","promotion":"0","giftcard_accept":"0","creditcard_accept":false,"enhanced_background":"0","domain":"meska","specific_customer_id":null,"specific_customer_name":null,"to_order_product":"1","to_order_product_time":"5","product_different":null,"product_different_description":"","vintage":"0","vintage_category_id":"0","recycled":"0","gemstone_id":"0","customizable":"0","type_category":"physical","zerowaste":"0","postage_price":"1290.00","shop_order":"0","has_category":"1","landing_pages":null,"microdata":{"number":5,"category":""},"title":"Baba n\u00e9vtabla fi\u00fas","description":"Egy kisbaba sz\u00fclet\u00e9se minden csal\u00e1d \u00e9let\u00e9ben fontos esem\u00e9ny, amely mindig \u00f6r\u00f6k eml\u00e9k! Szuper aj\u00e1nd\u00e9k babak\u00f6sz\u00f6nt\u0151re, sz\u00fclet\u00e9snapra, n\u00e9vnapra, keresztel\u0151 vagy n\u00e9vad\u00f3 alkalm\u00e1b\u00f3l! Ez a kis t\u00e1bla a gyerekszoba cs\u00facspontja lehet a sz\u00fclet\u00e9s legfontosabb adataival szem\u00e9lyre szabva, n\u00e9vre sz\u00f3l\u00f3, ez\u00e9rt az egyik legkeresettebb aj\u00e1nd\u00e9k. A sz\u00fclet\u00e9si adatok a n\u00e9vt\u00e1bl\u00e1n  van grav\u00edrozva. A n\u00e9v \u00e9s a l\u00f3g\u00f3k t\u00f6bb sz\u00ednben  is k\u00e9rhet\u0151 \u00e9s a szalag sz\u00edne is v\u00e1laszthat\u00f3. Rendel\u00e9skor k\u00e9rj\u00fck \u00edrd meg a grav\u00edrozand\u00f3 adatokat \u00e9s sz\u00edneket. A t\u00e1bla kb 15x24 cm .","score":11.078467,"formatted_price":"6 590 Ft","image_url":"https:\/\/www.meska.hu\/img\/product\/small\/s\/u\/sugidesign_product_643583_250119194204_906297.jpeg","formatted_url":"https:\/\/www.meska.hu\/p5481670-ajandek-talpak-babalatogatoba","favourite":false,"in_stock":false,"avatar":"643583_avatar_1712137235.jpeg","delete_from":0,"is_enhanced_background":false,"is_enhanced":false,"product_selection_started":false,"is_active":true,"image_webp_url":"https:\/\/www.meska.hu\/img\/product\/small\/s\/u\/sugidesign_product_643583_250119194204_906297.webp"},{"id":"5918808","shop_id":"45615","user_id":"639679","shop_name":"KataArtAndDecor","shop_zip":"9400","product_code":"5618718","product_name_old":null,"product_name":"Ajt\u00f3d\u00edsz, n\u00e9vt\u00e1bla lamin\u00e1lt parkett\u00e1ra polcra, ajt\u00f3ra, falra gyerekszob\u00e1ba","category_string":"Baba - mama, Babaszoba k\u00e9p, Babaszoba dekor\u00e1ci\u00f3","technic_string":"Festett t\u00e1rgyak, Fest\u00e9szet","category_1":"1430","category_2":"1735","category_3":"1466","category_4":"0","merged_category_1":null,"merged_category_2":null,"merged_category_3":null,"technic_1":"481","technic_2":"480","technic_3":"0","color_1":"514","color_2":"519","color_3":"0","product_description_old":null,"product_description":"\u00dajrahasznos\u00edtott lamin\u00e1lt parketta \u2013 k\u00e9zzel festett m\u00f3kus k\u00e9ppel d\u00edsz\u00edtve\n\n\u2728\ufe0f Az \u00fajrahasznos\u00edtott lamin\u00e1lt parketta nemcsak k\u00f6rnyezetbar\u00e1t \u00e9s tart\u00f3s v\u00e1laszt\u00e1s, hanem kreat\u00edv m\u00f3don egyediv\u00e9 is tehet\u0151. \n\u2728\ufe0f Egyre n\u00e9pszer\u0171bb trend a lakberendez\u00e9sben, hogy a r\u00e9gi anyagokat \u00faj funkci\u00f3val ruh\u00e1zzuk fel. \u00cdgy sz\u00fcletett meg ez a k\u00fcl\u00f6nleges darab: k\u00e9zzel festett m\u00f3kus k\u00e9ppel d\u00edsz\u00edtett lamin\u00e1lt parketta.\n\nA m\u00f3kus a term\u00e9szet j\u00e1t\u00e9kos, k\u00edv\u00e1ncsi \u00e9s szorgalmas jelk\u00e9pe. \n\nA t\u00e1bla k\u00e9sz\u00fclhet n\u00e9vt\u00e1bl\u00e1nak is 3D felirattal.\n\nA t\u00e1bla minden esetben a k\u00e9zzel festett k\u00e9p sz\u00edneivel harmoniz\u00e1l\u00f3 k\u00f6rszalagot \u00e9s akaszt\u00f3t kap. \n\n\u00c1tm\u00e9r\u0151: 19 cm\n\nK\u00e9rlek v\u00e1s\u00e1rl\u00e1s  el\u0151tt egyeztess velem milyen \u00fajrahasznos\u00edtott lamin\u00e1lt parketta \u00e9s szalag van k\u00e9szleten.\n\nA sz\u00ednek a lamin\u00e1lt parketta alapsz\u00edne miatt elt\u00e9r\u0151ek lehetnek.\n\nRendel\u00e9s menete:\n\n1. Rakd a term\u00e9ket a kos\u00e1rba megv\u00e1s\u00e1rolhatod bankk\u00e1rty\u00e1val vagy \u00e1tutal\u00e1ssal is fizezhetsz.\n\n2. A term\u00e9k elk\u00e9sz\u00edt\u00e9s\u00e9t az \u00f6sszeg be\u00e9rkez\u00e9se ut\u00e1n kezdem el.\n\n3. A k\u00e9sz term\u00e9ket foxpost vagy Posta sz\u00e1ll\u00edtja ki sz\u00e1modra. \n\n4. V\u00e9lem\u00e9nyed fontos sz\u00e1momra! K\u00e9rlek a term\u00e9k meg\u00e9rkez\u00e9se ut\u00e1n \u00edrj v\u00e9lem\u00e9nyt a term\u00e9kr\u0151l. \n\n","price":"5500.00","unit":"db","recommended":"0","status":"1","sponsored":"0","exp_notify":"0","own_material":"0","own_material_description_old":null,"own_material_description":"","jury":"0","jury_number":"","product_nature":"","meskaracsony":"0","create_date":"2026-01-11 19:51:45","shelve_id":"0","image":"kataartanddecor_product_639679_250913192228_79936.png","image_width":"480","image_height":"720","image_alt":"Ajt\u00f3d\u00edsz, n\u00e9vt\u00e1bla lamin\u00e1lt parkett\u00e1ra polcra, ajt\u00f3ra, falra gyerekszob\u00e1ba, \u00dajrahasznos\u00edtott lamin\u00e1lt parketta \u2013 k\u00e9zzel festett m\u00f3kus k\u00e9ppel d\u00edsz\u00edtve\\n\\n\u2728\ufe0f Az \u00fajrahasznos\u00edtott la..., Meska","image_title":"Ajt\u00f3d\u00edsz, n\u00e9vt\u00e1bla lamin\u00e1lt parkett\u00e1ra polcra, ajt\u00f3ra, falra gyerekszob\u00e1ba, Meska","view_count":"115","favourite_count":"0","trending_score":"0","last2MonthFavouriteCount":"0","promotion":"0","giftcard_accept":"0","creditcard_accept":true,"enhanced_background":"0","domain":"meska","specific_customer_id":null,"specific_customer_name":null,"to_order_product":"1","to_order_product_time":"15","product_different":null,"product_different_description":"","vintage":"0","vintage_category_id":"0","recycled":"1","gemstone_id":"0","customizable":"0","type_category":"physical","zerowaste":"0","postage_price":"2390.00","shop_order":"0","has_category":"1","landing_pages":null,"microdata":{"number":6,"category":""},"title":"Ajt\u00f3d\u00edsz, n\u00e9vt\u00e1bla lamin\u00e1lt parkett\u00e1ra polcra, ajt\u00f3ra, falra gyerekszob\u00e1ba","description":"\u00dajrahasznos\u00edtott lamin\u00e1lt parketta \u2013 k\u00e9zzel festett m\u00f3kus k\u00e9ppel d\u00edsz\u00edtve\n\n\u2728\ufe0f Az \u00fajrahasznos\u00edtott lamin\u00e1lt parketta nemcsak k\u00f6rnyezetbar\u00e1t \u00e9s tart\u00f3s v\u00e1laszt\u00e1s, hanem kreat\u00edv m\u00f3don egyediv\u00e9 is tehet\u0151. \n\u2728\ufe0f Egyre n\u00e9pszer\u0171bb trend a lakberendez\u00e9sben, hogy a r\u00e9gi anyagokat \u00faj funkci\u00f3val ruh\u00e1zzuk fel. \u00cdgy sz\u00fcletett meg ez a k\u00fcl\u00f6nleges darab: k\u00e9zzel festett m\u00f3kus k\u00e9ppel d\u00edsz\u00edtett lamin\u00e1lt parketta.\n\nA m\u00f3kus a term\u00e9szet j\u00e1t\u00e9kos, k\u00edv\u00e1ncsi \u00e9s szorgalmas jelk\u00e9pe. \n\nA t\u00e1bla k\u00e9sz\u00fclhet n\u00e9vt\u00e1bl\u00e1nak is 3D felirattal.\n\nA t\u00e1bla minden esetben a k\u00e9zzel festett k\u00e9p sz\u00edneivel harmoniz\u00e1l\u00f3 k\u00f6rszalagot \u00e9s akaszt\u00f3t kap. \n\n\u00c1tm\u00e9r\u0151: 19 cm\n\nK\u00e9rlek v\u00e1s\u00e1rl\u00e1s  el\u0151tt egyeztess velem milyen \u00fajrahasznos\u00edtott lamin\u00e1lt parketta \u00e9s szalag van k\u00e9szleten.\n\nA sz\u00ednek a lamin\u00e1lt parketta alapsz\u00edne miatt elt\u00e9r\u0151ek lehetnek.\n\nRendel\u00e9s menete:\n\n1. Rakd a term\u00e9ket a kos\u00e1rba megv\u00e1s\u00e1rolhatod bankk\u00e1rty\u00e1val vagy \u00e1tutal\u00e1ssal is fizezhetsz.\n\n2. A term\u00e9k elk\u00e9sz\u00edt\u00e9s\u00e9t az \u00f6sszeg be\u00e9rkez\u00e9se ut\u00e1n kezdem el.\n\n3. A k\u00e9sz term\u00e9ket foxpost vagy Posta sz\u00e1ll\u00edtja ki sz\u00e1modra. \n\n4. V\u00e9lem\u00e9nyed fontos sz\u00e1momra! K\u00e9rlek a term\u00e9k meg\u00e9rkez\u00e9se ut\u00e1n \u00edrj v\u00e9lem\u00e9nyt a term\u00e9kr\u0151l. \n\n","score":11.078467,"formatted_price":"5 500 Ft","image_url":"https:\/\/www.meska.hu\/img\/product\/small\/k\/a\/kataartanddecor_product_639679_250913192228_79936.png","formatted_url":"https:\/\/www.meska.hu\/p5618718-ajtodisz-nevtabla-laminalt-parkettara-polcra-ajtora-falra-gyerekszobaba","favourite":false,"in_stock":false,"avatar":"639679_avatar_1755797000.png","delete_from":0,"is_enhanced_background":false,"is_enhanced":false,"product_selection_started":false,"is_active":true,"image_webp_url":"https:\/\/www.meska.hu\/img\/product\/small\/k\/a\/kataartanddecor_product_639679_250913192228_79936.webp"},{"id":"5918838","shop_id":"45615","user_id":"639679","shop_name":"KataArtAndDecor","shop_zip":"9400","product_code":"5618739","product_name_old":null,"product_name":"Ajt\u00f3d\u00edsz gyerekszoba dekor\u00e1ci\u00f3\/n\u00e9vt\u00e1bla \u00dajrahasznos\u00edtott  k\u00e9zzel festett m\u00f3kus falik\u00e9p","category_string":"Baba - mama, Babaszoba k\u00e9p, Babaszoba dekor\u00e1ci\u00f3","technic_string":"Festett t\u00e1rgyak, Fest\u00e9szet","category_1":"1430","category_2":"1735","category_3":"1466","category_4":"0","merged_category_1":null,"merged_category_2":null,"merged_category_3":null,"technic_1":"481","technic_2":"480","technic_3":"0","color_1":"514","color_2":"515","color_3":"0","product_description_old":null,"product_description":"\u2728\ufe0f A k\u00e9p az egyedi \u00e9s bar\u00e1ts\u00e1gos hangulat mellett fenntarthat\u00f3 megold\u00e1s is, hiszen \u00faj \u00e9letet ad egy m\u00e1r nem haszn\u00e1lt anyagnak vagyis k\u00f6rnyezettudatos.\n\n\u2728\ufe0f A k\u00e9p nyugodt atmoszf\u00e9r\u00e1t teremt a gyerekszob\u00e1ban a m\u00f3kus kedves figur\u00e1j\u00e1val.\n\n\u2728\ufe0f A t\u00e1bla minden esetben a k\u00e9zzel festett k\u00e9p sz\u00edneivel harmoniz\u00e1l\u00f3 k\u00f6rszalagot \u00e9s akaszt\u00f3t kap. \n\n\u2728\ufe0f A t\u00e1bl\u00e1ra ker\u00fclhet gyermeked neve is 3D felirattal.\n\n\u2764\ufe0f Mi\u00e9rt v\u00e1lassz \u00fajrahasznos\u00edtott lamin\u00e1lt parkett\u00e1t?\n\n- Fenntarthat\u00f3s\u00e1g:\nA megl\u00e9v\u0151 anyag \u00fajrahasznos\u00edt\u00e1s\u00e1val cs\u00f6kkentj\u00fck a hullad\u00e9kot \u00e9s a k\u00f6rnyezeti terhel\u00e9st.\n\n- K\u00f6lts\u00e9ghat\u00e9konys\u00e1g:\nAz \u00faj alapanyagok v\u00e1s\u00e1rl\u00e1sa helyett a megl\u00e9v\u0151 parketta \u00fajj\u00e1var\u00e1zsolhat\u00f3.\n\n- Egyedis\u00e9g: \nA k\u00e9zzel k\u00e9sz\u00fclt festm\u00e9nyek minden darabot k\u00fcl\u00f6nlegess\u00e9 tesznek.\n\n\u00c1tm\u00e9r\u0151: 19 cm\n\nK\u00e9rlek v\u00e1s\u00e1rl\u00e1s  el\u0151tt egyeztess velem milyen \u00fajrahasznos\u00edtott lamin\u00e1lt parketta \u00e9s szalag van k\u00e9szleten.\n\nA sz\u00ednek a lamin\u00e1lt parketta alapsz\u00edne miatt elt\u00e9r\u0151ek lehetnek.\n\nRendel\u00e9s menete:\n\n1. Rakd a term\u00e9ket a kos\u00e1rba megv\u00e1s\u00e1rolhatod bankk\u00e1rty\u00e1val vagy \u00e1tutal\u00e1ssal is fizezhetsz.\n\n2. A term\u00e9k elk\u00e9sz\u00edt\u00e9s\u00e9t az \u00f6sszeg be\u00e9rkez\u00e9se ut\u00e1n kezdem el.\n\n3. A k\u00e9sz term\u00e9ket foxpost vagy Posta sz\u00e1ll\u00edtja ki sz\u00e1modra. \n\n4. V\u00e9lem\u00e9nyed fontos sz\u00e1momra! K\u00e9rlek a term\u00e9k meg\u00e9rkez\u00e9se ut\u00e1n \u00edrj v\u00e9lem\u00e9nyt a term\u00e9kr\u0151l. \n\n","price":"5500.00","unit":"db","recommended":"0","status":"1","sponsored":"0","exp_notify":"0","own_material":"0","own_material_description_old":null,"own_material_description":"","jury":"0","jury_number":"","product_nature":"","meskaracsony":"0","create_date":"2026-01-11 20:51:50","shelve_id":"0","image":"kataartanddecor_product_639679_250913202253_92867.png","image_width":"480","image_height":"640","image_alt":"Ajt\u00f3d\u00edsz gyerekszoba dekor\u00e1ci\u00f3\/n\u00e9vt\u00e1bla \u00dajrahasznos\u00edtott  k\u00e9zzel festett m\u00f3kus falik\u00e9p, \u2728\ufe0f A k\u00e9p az egyedi \u00e9s bar\u00e1ts\u00e1gos hangulat mellett fenntarthat\u00f3 megold\u00e1s is, hiszen \u00faj \u00e9letet ad egy ..., Meska","image_title":"Ajt\u00f3d\u00edsz gyerekszoba dekor\u00e1ci\u00f3\/n\u00e9vt\u00e1bla \u00dajrahasznos\u00edtott  k\u00e9zzel festett m\u00f3kus falik\u00e9p, Meska","view_count":"135","favourite_count":"0","trending_score":"0","last2MonthFavouriteCount":"0","promotion":"0","giftcard_accept":"0","creditcard_accept":true,"enhanced_background":"0","domain":"meska","specific_customer_id":null,"specific_customer_name":null,"to_order_product":"1","to_order_product_time":"15","product_different":null,"product_different_description":"","vintage":"0","vintage_category_id":"0","recycled":"1","gemstone_id":"0","customizable":"0","type_category":"physical","zerowaste":"0","postage_price":"2390.00","shop_order":"0","has_category":"1","landing_pages":null,"microdata":{"number":7,"category":""},"title":"Ajt\u00f3d\u00edsz gyerekszoba dekor\u00e1ci\u00f3\/n\u00e9vt\u00e1bla \u00dajrahasznos\u00edtott  k\u00e9zzel festett m\u00f3kus falik\u00e9p","description":"\u2728\ufe0f A k\u00e9p az egyedi \u00e9s bar\u00e1ts\u00e1gos hangulat mellett fenntarthat\u00f3 megold\u00e1s is, hiszen \u00faj \u00e9letet ad egy m\u00e1r nem haszn\u00e1lt anyagnak vagyis k\u00f6rnyezettudatos.\n\n\u2728\ufe0f A k\u00e9p nyugodt atmoszf\u00e9r\u00e1t teremt a gyerekszob\u00e1ban a m\u00f3kus kedves figur\u00e1j\u00e1val.\n\n\u2728\ufe0f A t\u00e1bla minden esetben a k\u00e9zzel festett k\u00e9p sz\u00edneivel harmoniz\u00e1l\u00f3 k\u00f6rszalagot \u00e9s akaszt\u00f3t kap. \n\n\u2728\ufe0f A t\u00e1bl\u00e1ra ker\u00fclhet gyermeked neve is 3D felirattal.\n\n\u2764\ufe0f Mi\u00e9rt v\u00e1lassz \u00fajrahasznos\u00edtott lamin\u00e1lt parkett\u00e1t?\n\n- Fenntarthat\u00f3s\u00e1g:\nA megl\u00e9v\u0151 anyag \u00fajrahasznos\u00edt\u00e1s\u00e1val cs\u00f6kkentj\u00fck a hullad\u00e9kot \u00e9s a k\u00f6rnyezeti terhel\u00e9st.\n\n- K\u00f6lts\u00e9ghat\u00e9konys\u00e1g:\nAz \u00faj alapanyagok v\u00e1s\u00e1rl\u00e1sa helyett a megl\u00e9v\u0151 parketta \u00fajj\u00e1var\u00e1zsolhat\u00f3.\n\n- Egyedis\u00e9g: \nA k\u00e9zzel k\u00e9sz\u00fclt festm\u00e9nyek minden darabot k\u00fcl\u00f6nlegess\u00e9 tesznek.\n\n\u00c1tm\u00e9r\u0151: 19 cm\n\nK\u00e9rlek v\u00e1s\u00e1rl\u00e1s  el\u0151tt egyeztess velem milyen \u00fajrahasznos\u00edtott lamin\u00e1lt parketta \u00e9s szalag van k\u00e9szleten.\n\nA sz\u00ednek a lamin\u00e1lt parketta alapsz\u00edne miatt elt\u00e9r\u0151ek lehetnek.\n\nRendel\u00e9s menete:\n\n1. Rakd a term\u00e9ket a kos\u00e1rba megv\u00e1s\u00e1rolhatod bankk\u00e1rty\u00e1val vagy \u00e1tutal\u00e1ssal is fizezhetsz.\n\n2. A term\u00e9k elk\u00e9sz\u00edt\u00e9s\u00e9t az \u00f6sszeg be\u00e9rkez\u00e9se ut\u00e1n kezdem el.\n\n3. A k\u00e9sz term\u00e9ket foxpost vagy Posta sz\u00e1ll\u00edtja ki sz\u00e1modra. \n\n4. V\u00e9lem\u00e9nyed fontos sz\u00e1momra! K\u00e9rlek a term\u00e9k meg\u00e9rkez\u00e9se ut\u00e1n \u00edrj v\u00e9lem\u00e9nyt a term\u00e9kr\u0151l. \n\n","score":11.078467,"formatted_price":"5 500 Ft","image_url":"https:\/\/www.meska.hu\/img\/product\/small\/k\/a\/kataartanddecor_product_639679_250913202253_92867.png","formatted_url":"https:\/\/www.meska.hu\/p5618739-ajtodisz-gyerekszoba-dekoracio-nevtabla-ujrahasznositott-kezzel-festett-mokus-falikep","favourite":false,"in_stock":false,"avatar":"639679_avatar_1755797000.png","delete_from":0,"is_enhanced_background":false,"is_enhanced":false,"product_selection_started":false,"is_active":true,"image_webp_url":"https:\/\/www.meska.hu\/img\/product\/small\/k\/a\/kataartanddecor_product_639679_250913202253_92867.webp"},{"id":"5923780","shop_id":"45615","user_id":"639679","shop_name":"KataArtAndDecor","shop_zip":"9400","product_code":"5621389","product_name_old":null,"product_name":"K\u00e9zzel festett ajt\u00f3d\u00edsz, gyerekszoba dekor\u00e1c\u00ed\u00f3\/n\u00e9vt\u00e1bla \u00fajrahasznos\u00edtott anyagra Pillang\u00f3 ","category_string":"Baba - mama, Babaszoba k\u00e9p, Babaszoba dekor\u00e1ci\u00f3","technic_string":"Fest\u00e9szet, Festett t\u00e1rgyak","category_1":"1430","category_2":"1735","category_3":"1466","category_4":"0","merged_category_1":null,"merged_category_2":null,"merged_category_3":null,"technic_1":"480","technic_2":"481","technic_3":"0","color_1":"525","color_2":"526","color_3":"534","product_description_old":null,"product_description":"\u00c9szrevetted a szitak\u00f6t\u0151t a kezemen?\nL\u00e1tod!  Neki is tetszik ez a r\u00f3zsasz\u00edn sz\u00e1rny\u00fa pillang\u00f3 vir\u00e1ggal. \nGyermeked szob\u00e1j\u00e1ba is vid\u00e1ms\u00e1got hoz. \nMosolyt csalhat gyermeked arc\u00e1ra, ah\u00e1nyszor csak megpillantja.\n\nMi\u00e9rt k\u00fcl\u00f6nleges?\n\n\u00dajrahasznos\u00edtott lamin\u00e1lt parkett\u00e1b\u00f3l k\u00e9sz\u00fcl, \u00edgy nem ker\u00fcl hullad\u00e9k a kuk\u00e1ba.\n\nK\u00e9zzel festett \u2013 minden darab egyedi, pont mint egy val\u00f3di pillang\u00f3.\n\nBar\u00e1ts\u00e1gos pillang\u00f3-vir\u00e1gon minta, amit a gyerekek is im\u00e1dnak. \n\nEz a t\u00e1bla t\u00f6k\u00e9letes v\u00e1laszt\u00e1s lehet:\n\n- gyerekszoba fal\u00e1ra,\n\n- ajt\u00f3d\u00edsznek,\n\n- n\u00e9vt\u00e1bl\u00e1nak, ak\u00e1r  3D felirattal\n\n- polcra dekor\u00e1ci\u00f3nak\n\nA term\u00e9k az \u00fajrahasznos\u00edt\u00e1s jegy\u00e9ben k\u00e9zzel festve k\u00e9sz\u00fclt.\n\n\u00dajrahasznos\u00edtott lamin\u00e1lt parketta az alapja. \n\nA k\u00e9p s\u00f6t\u00e9tebb, vil\u00e1gosabb lamin\u00e1lt parkett\u00e1ra m\u00e1s-m\u00e1s hat\u00e1s\u00fa m\u00e9g akkor is, ha ugyanazokkal a sz\u00ednekkel lett festve. \n\nKer\u00fclhet r\u00e1 gyermeked neve, de ha szeretn\u00e9d egyedi felirat is. \n\nA k\u00e9p minden esetben a festett sz\u00ednekhez ill\u0151 k\u00f6rszalagot, akaszt\u00f3t kap.\n\nK\u00e9rlek rendel\u00e9s el\u0151tt egyeztess velem az \u00e9ppen k\u00e9szleten l\u00e9v\u0151 \u00fajrahasznos\u00edtott lamin\u00e1lt parketta alapokr\u00f3l, k\u00f6rszalagokr\u00f3l, hisz minden \u00fajrahasznos\u00edtott, ez\u00e9rt a k\u00e9szlet v\u00e9ges.\nHa szeretn\u00e9d a k\u00e9p alapsz\u00edne is lehet egysz\u00edn\u0171. \n\n\u00c1tm\u00e9r\u0151je: 19 cm\n\nA MEGRENDEL\u00c9S MENETE:\n\n1. Rakd a term\u00e9ket a kos\u00e1rba, majd v\u00e1s\u00e1rold meg a Meska fel\u00fclet\u00e9n.\n\n2. Ekkor megkapjuk egym\u00e1s el\u00e9rhet\u0151s\u00e9g\u00e9t.\n\n3. Boltomban m\u00e1r bankk\u00e1rty\u00e1val is tudsz fizetni, de ha szeretn\u00e9d \u00e1tutal\u00e1ssal is fizethetsz.\nAz \u00f6sszeg be\u00e9rkez\u00e9se ut\u00e1n kezdem el k\u00e9sz\u00edteni. K\u00f6zben folyamatosan t\u00e1j\u00e9koztatlak.\n\n4. Foxpost sz\u00e1ll\u00edtja ki a term\u00e9ket. Ha post\u00e1val szeretn\u00e9d k\u00e9rlek el\u0151re egyeztess\u00fcnk.\n\n5. Szeretn\u00e9k folyamatosan fejl\u0151dni, ez\u00e9rt v\u00e9lem\u00e9nyed nagyon fontos sz\u00e1momra. Ez\u00e9rt k\u00e9rlek a term\u00e9k meg\u00e9rkez\u00e9se ut\u00e1n \u00e9rt\u00e9keld munk\u00e1mat.  ","price":"5500.00","unit":"db","recommended":"0","status":"1","sponsored":"0","exp_notify":"0","own_material":"0","own_material_description_old":null,"own_material_description":"","jury":"0","jury_number":"","product_nature":"","meskaracsony":"0","create_date":"2026-01-18 14:37:22","shelve_id":"0","image":"kataartanddecor_product_639679_250920133852_827385.jpeg","image_width":"480","image_height":"640","image_alt":"K\u00e9zzel festett ajt\u00f3d\u00edsz, gyerekszoba dekor\u00e1c\u00ed\u00f3\/n\u00e9vt\u00e1bla \u00fajrahasznos\u00edtott anyagra Pillang\u00f3 , \u00c9szrevetted a szitak\u00f6t\u0151t a kezemen?\\nL\u00e1tod!  Neki is tetszik ez a r\u00f3zsasz\u00edn sz\u00e1rny\u00fa pillang\u00f3 vir\u00e1ggal..., Meska","image_title":"K\u00e9zzel festett ajt\u00f3d\u00edsz, gyerekszoba dekor\u00e1c\u00ed\u00f3\/n\u00e9vt\u00e1bla \u00fajrahasznos\u00edtott anyagra Pillang\u00f3 , Meska","view_count":"148","favourite_count":"0","trending_score":"0","last2MonthFavouriteCount":"0","promotion":"0","giftcard_accept":"0","creditcard_accept":true,"enhanced_background":"0","domain":"meska","specific_customer_id":null,"specific_customer_name":null,"to_order_product":"1","to_order_product_time":"15","product_different":null,"product_different_description":"","vintage":"0","vintage_category_id":"0","recycled":"1","gemstone_id":"0","customizable":"1","type_category":"physical","zerowaste":"0","postage_price":"2390.00","shop_order":"0","has_category":"1","landing_pages":null,"microdata":{"number":8,"category":""},"title":"K\u00e9zzel festett ajt\u00f3d\u00edsz, gyerekszoba dekor\u00e1c\u00ed\u00f3\/n\u00e9vt\u00e1bla \u00fajrahasznos\u00edtott anyagra Pillang\u00f3 ","description":"\u00c9szrevetted a szitak\u00f6t\u0151t a kezemen?\nL\u00e1tod!  Neki is tetszik ez a r\u00f3zsasz\u00edn sz\u00e1rny\u00fa pillang\u00f3 vir\u00e1ggal. \nGyermeked szob\u00e1j\u00e1ba is vid\u00e1ms\u00e1got hoz. \nMosolyt csalhat gyermeked arc\u00e1ra, ah\u00e1nyszor csak megpillantja.\n\nMi\u00e9rt k\u00fcl\u00f6nleges?\n\n\u00dajrahasznos\u00edtott lamin\u00e1lt parkett\u00e1b\u00f3l k\u00e9sz\u00fcl, \u00edgy nem ker\u00fcl hullad\u00e9k a kuk\u00e1ba.\n\nK\u00e9zzel festett \u2013 minden darab egyedi, pont mint egy val\u00f3di pillang\u00f3.\n\nBar\u00e1ts\u00e1gos pillang\u00f3-vir\u00e1gon minta, amit a gyerekek is im\u00e1dnak. \n\nEz a t\u00e1bla t\u00f6k\u00e9letes v\u00e1laszt\u00e1s lehet:\n\n- gyerekszoba fal\u00e1ra,\n\n- ajt\u00f3d\u00edsznek,\n\n- n\u00e9vt\u00e1bl\u00e1nak, ak\u00e1r  3D felirattal\n\n- polcra dekor\u00e1ci\u00f3nak\n\nA term\u00e9k az \u00fajrahasznos\u00edt\u00e1s jegy\u00e9ben k\u00e9zzel festve k\u00e9sz\u00fclt.\n\n\u00dajrahasznos\u00edtott lamin\u00e1lt parketta az alapja. \n\nA k\u00e9p s\u00f6t\u00e9tebb, vil\u00e1gosabb lamin\u00e1lt parkett\u00e1ra m\u00e1s-m\u00e1s hat\u00e1s\u00fa m\u00e9g akkor is, ha ugyanazokkal a sz\u00ednekkel lett festve. \n\nKer\u00fclhet r\u00e1 gyermeked neve, de ha szeretn\u00e9d egyedi felirat is. \n\nA k\u00e9p minden esetben a festett sz\u00ednekhez ill\u0151 k\u00f6rszalagot, akaszt\u00f3t kap.\n\nK\u00e9rlek rendel\u00e9s el\u0151tt egyeztess velem az \u00e9ppen k\u00e9szleten l\u00e9v\u0151 \u00fajrahasznos\u00edtott lamin\u00e1lt parketta alapokr\u00f3l, k\u00f6rszalagokr\u00f3l, hisz minden \u00fajrahasznos\u00edtott, ez\u00e9rt a k\u00e9szlet v\u00e9ges.\nHa szeretn\u00e9d a k\u00e9p alapsz\u00edne is lehet egysz\u00edn\u0171. \n\n\u00c1tm\u00e9r\u0151je: 19 cm\n\nA MEGRENDEL\u00c9S MENETE:\n\n1. Rakd a term\u00e9ket a kos\u00e1rba, majd v\u00e1s\u00e1rold meg a Meska fel\u00fclet\u00e9n.\n\n2. Ekkor megkapjuk egym\u00e1s el\u00e9rhet\u0151s\u00e9g\u00e9t.\n\n3. Boltomban m\u00e1r bankk\u00e1rty\u00e1val is tudsz fizetni, de ha szeretn\u00e9d \u00e1tutal\u00e1ssal is fizethetsz.\nAz \u00f6sszeg be\u00e9rkez\u00e9se ut\u00e1n kezdem el k\u00e9sz\u00edteni. K\u00f6zben folyamatosan t\u00e1j\u00e9koztatlak.\n\n4. Foxpost sz\u00e1ll\u00edtja ki a term\u00e9ket. Ha post\u00e1val szeretn\u00e9d k\u00e9rlek el\u0151re egyeztess\u00fcnk.\n\n5. Szeretn\u00e9k folyamatosan fejl\u0151dni, ez\u00e9rt v\u00e9lem\u00e9nyed nagyon fontos sz\u00e1momra. Ez\u00e9rt k\u00e9rlek a term\u00e9k meg\u00e9rkez\u00e9se ut\u00e1n \u00e9rt\u00e9keld munk\u00e1mat.  ","score":11.078467,"formatted_price":"5 500 Ft","image_url":"https:\/\/www.meska.hu\/img\/product\/small\/k\/a\/kataartanddecor_product_639679_250920133852_827385.jpeg","formatted_url":"https:\/\/www.meska.hu\/p5621389-kezzel-festett-ajtodisz-gyerekszoba-dekoracio-nevtabla-ujrahasznositott-anyagra-pillango","favourite":false,"in_stock":false,"avatar":"639679_avatar_1755797000.png","delete_from":0,"is_enhanced_background":false,"is_enhanced":false,"product_selection_started":false,"is_active":true,"image_webp_url":"https:\/\/www.meska.hu\/img\/product\/small\/k\/a\/kataartanddecor_product_639679_250920133852_827385.webp"},{"id":"5914923","shop_id":"45615","user_id":"639679","shop_name":"KataArtAndDecor","shop_zip":"9400","product_code":"5616871","product_name_old":null,"product_name":"N\u00e9vt\u00e1bla gyerekszoba dekor\u00e1ci\u00f3 \u00fajrahasznos\u00edtott lamin\u00e1lt parkett\u00e1ra 3D felirattal","category_string":"Baba - mama, Babaszoba k\u00e9p, Babaszoba dekor\u00e1ci\u00f3","technic_string":"Fest\u00e9szet, Festett t\u00e1rgyak","category_1":"1430","category_2":"1735","category_3":"1466","category_4":"0","merged_category_1":null,"merged_category_2":null,"merged_category_3":null,"technic_1":"480","technic_2":"481","technic_3":"0","color_1":"534","color_2":"0","color_3":"0","product_description_old":null,"product_description":"Szeretn\u00e9d, hogy gyermeked szob\u00e1ja igaz\u00e1n k\u00fcl\u00f6nleges \u00e9s egyedi legyen?\nAlak\u00edtsuk egy\u00fctt mes\u00e9s vil\u00e1gg\u00e1 a gyerekszob\u00e1t k\u00e9zzel festett faldekor\u00e1ci\u00f3val! ????\ufe0f????\n\n\u2705 Egyedi tervez\u00e9s\n\u2705 Mesefigur\u00e1k, \u00e1llatok, term\u00e9szet, vagy ak\u00e1r \u0171rutaz\u00e1s \u2013 csak a k\u00e9pzelet szab hat\u00e1rt!\n\u2705 Teljesen szem\u00e9lyre szabott mot\u00edvumok \u2013 ak\u00e1r a gyermek kedvenc mes\u00e9je alapj\u00e1n!\n\n\u267b\ufe0f \u00dajrahasznos\u00edtott lamin\u00e1lt parkett\u00e1ra k\u00e9zzel festett. 3D felirattal!!\n\n???? \u00cdrj \u00fczenetet, \u00e9s \u00e1lmodjuk meg egy\u00fctt a t\u00f6k\u00e9letes gyerekszob\u00e1t!\n????\n\n\u00c1tm\u00e9r\u0151je: 19 cm\n\nA MEGRENDEL\u00c9S MENETE:\n\n1. Rakd a term\u00e9ket a kos\u00e1rba, majd v\u00e1s\u00e1rold meg a Meska fel\u00fclet\u00e9n.\n\n2. Ekkor megkapjuk egym\u00e1s el\u00e9rhet\u0151s\u00e9g\u00e9t, \u00edgy tudjuk egyeztetni az elk\u00e9sz\u00edt\u00e9s r\u00e9szleteit. \n\n3. Ha szeretn\u00e9d v\u00e1s\u00e1rl\u00e1s el\u0151tt is egyeztethet\u00fcnk. Akkor direkt neked teszem fel \u00e9s azt v\u00e1s\u00e1rolod meg.\n\n4. Az \u00f6sszeg be\u00e9rkez\u00e9se ut\u00e1n Foxpost sz\u00e1ll\u00edtja ki a term\u00e9ket. Ha m\u00e1s sz\u00e1ll\u00edt\u00e1st  szeretn\u00e9l k\u00e9rlek el\u0151re egyeztess\u00fcnk.\n\n5. Szeretn\u00e9k folyamatosan fejl\u0151dni, ez\u00e9rt v\u00e9lem\u00e9nyed nagyon fontos sz\u00e1momra. Ez\u00e9rt k\u00e9rlek a term\u00e9k meg\u00e9rkez\u00e9se ut\u00e1n \u00e9rt\u00e9keld munk\u00e1mat.  H\u00e1l\u00e1san k\u00f6sz\u00f6n\u00f6m.","price":"5500.00","unit":"db","recommended":"0","status":"1","sponsored":"0","exp_notify":"0","own_material":"0","own_material_description_old":null,"own_material_description":"","jury":"0","jury_number":"","product_nature":"","meskaracsony":"0","create_date":"2026-01-06 22:22:10","shelve_id":"0","image":"kataartanddecor_product_639679_250908214939_875169.png","image_width":"480","image_height":"720","image_alt":"N\u00e9vt\u00e1bla gyerekszoba dekor\u00e1ci\u00f3 \u00fajrahasznos\u00edtott lamin\u00e1lt parkett\u00e1ra 3D felirattal, Szeretn\u00e9d, hogy gyermeked szob\u00e1ja igaz\u00e1n k\u00fcl\u00f6nleges \u00e9s egyedi legyen?\\nAlak\u00edtsuk egy\u00fctt mes\u00e9s vil\u00e1gg\u00e1..., Meska","image_title":"N\u00e9vt\u00e1bla gyerekszoba dekor\u00e1ci\u00f3 \u00fajrahasznos\u00edtott lamin\u00e1lt parkett\u00e1ra 3D felirattal, Meska","view_count":"164","favourite_count":"0","trending_score":"0","last2MonthFavouriteCount":"0","promotion":"0","giftcard_accept":"0","creditcard_accept":true,"enhanced_background":"0","domain":"meska","specific_customer_id":null,"specific_customer_name":null,"to_order_product":"1","to_order_product_time":"15","product_different":null,"product_different_description":"","vintage":"0","vintage_category_id":"0","recycled":"1","gemstone_id":"0","customizable":"1","type_category":"physical","zerowaste":"0","postage_price":"2390.00","shop_order":"0","has_category":"1","landing_pages":null,"microdata":{"number":9,"category":""},"title":"N\u00e9vt\u00e1bla gyerekszoba dekor\u00e1ci\u00f3 \u00fajrahasznos\u00edtott lamin\u00e1lt parkett\u00e1ra 3D felirattal","description":"Szeretn\u00e9d, hogy gyermeked szob\u00e1ja igaz\u00e1n k\u00fcl\u00f6nleges \u00e9s egyedi legyen?\nAlak\u00edtsuk egy\u00fctt mes\u00e9s vil\u00e1gg\u00e1 a gyerekszob\u00e1t k\u00e9zzel festett faldekor\u00e1ci\u00f3val! ????\ufe0f????\n\n\u2705 Egyedi tervez\u00e9s\n\u2705 Mesefigur\u00e1k, \u00e1llatok, term\u00e9szet, vagy ak\u00e1r \u0171rutaz\u00e1s \u2013 csak a k\u00e9pzelet szab hat\u00e1rt!\n\u2705 Teljesen szem\u00e9lyre szabott mot\u00edvumok \u2013 ak\u00e1r a gyermek kedvenc mes\u00e9je alapj\u00e1n!\n\n\u267b\ufe0f \u00dajrahasznos\u00edtott lamin\u00e1lt parkett\u00e1ra k\u00e9zzel festett. 3D felirattal!!\n\n???? \u00cdrj \u00fczenetet, \u00e9s \u00e1lmodjuk meg egy\u00fctt a t\u00f6k\u00e9letes gyerekszob\u00e1t!\n????\n\n\u00c1tm\u00e9r\u0151je: 19 cm\n\nA MEGRENDEL\u00c9S MENETE:\n\n1. Rakd a term\u00e9ket a kos\u00e1rba, majd v\u00e1s\u00e1rold meg a Meska fel\u00fclet\u00e9n.\n\n2. Ekkor megkapjuk egym\u00e1s el\u00e9rhet\u0151s\u00e9g\u00e9t, \u00edgy tudjuk egyeztetni az elk\u00e9sz\u00edt\u00e9s r\u00e9szleteit. \n\n3. Ha szeretn\u00e9d v\u00e1s\u00e1rl\u00e1s el\u0151tt is egyeztethet\u00fcnk. Akkor direkt neked teszem fel \u00e9s azt v\u00e1s\u00e1rolod meg.\n\n4. Az \u00f6sszeg be\u00e9rkez\u00e9se ut\u00e1n Foxpost sz\u00e1ll\u00edtja ki a term\u00e9ket. Ha m\u00e1s sz\u00e1ll\u00edt\u00e1st  szeretn\u00e9l k\u00e9rlek el\u0151re egyeztess\u00fcnk.\n\n5. Szeretn\u00e9k folyamatosan fejl\u0151dni, ez\u00e9rt v\u00e9lem\u00e9nyed nagyon fontos sz\u00e1momra. Ez\u00e9rt k\u00e9rlek a term\u00e9k meg\u00e9rkez\u00e9se ut\u00e1n \u00e9rt\u00e9keld munk\u00e1mat.  H\u00e1l\u00e1san k\u00f6sz\u00f6n\u00f6m.","score":11.078467,"formatted_price":"5 500 Ft","image_url":"https:\/\/www.meska.hu\/img\/product\/small\/k\/a\/kataartanddecor_product_639679_250908214939_875169.png","formatted_url":"https:\/\/www.meska.hu\/p5616871-nevtabla-gyerekszoba-dekoracio-ujrahasznositott-laminalt-parkettara-3d-felirattal","favourite":false,"in_stock":false,"avatar":"639679_avatar_1755797000.png","delete_from":0,"is_enhanced_background":false,"is_enhanced":false,"product_selection_started":false,"is_active":true,"image_webp_url":"https:\/\/www.meska.hu\/img\/product\/small\/k\/a\/kataartanddecor_product_639679_250908214939_875169.webp"},{"id":"5811264","shop_id":"45164","user_id":"650131","shop_name":"CsuporkaDekormuhely","shop_zip":"2534","product_code":"5564757","product_name_old":null,"product_name":"N\u00e9vt\u00e1bla esk\u00fcv\u0151re - egyedi ","category_string":"Esk\u00fcv\u0151, Megh\u00edv\u00f3 & K\u00e1rtya, \u00dcltet\u00e9si rend","technic_string":"","category_1":"317","category_2":"727","category_3":"1087","category_4":"0","merged_category_1":null,"merged_category_2":null,"merged_category_3":null,"technic_1":"0","technic_2":"0","technic_3":"0","color_1":"512","color_2":"513","color_3":"525","product_description_old":null,"product_description":"\u2728Plexi n\u00e9vt\u00e1bla \u2013 Egyedi sz\u00ednekben \u00e9s st\u00edlusban\u2728\n\nTedd egyediv\u00e9 az esk\u00fcv\u0151d, rendezv\u00e9nyed vagy otthonod dekor\u00e1ci\u00f3j\u00e1t st\u00edlusos, szem\u00e9lyre szabhat\u00f3 plexi n\u00e9vt\u00e1bl\u00e1kkal! Ezek a modern \u00e9s letisztult diz\u00e1jn\u00fa t\u00e1bl\u00e1k t\u00f6k\u00e9letesek \u00fcltet\u0151k\u00e1rtyak\u00e9nt, asztalsz\u00e1moz\u00f3k\u00e9nt vagy ak\u00e1r ajt\u00f3d\u00edszk\u00e9nt.\n\nA plexi n\u00e9vt\u00e1bla k\u00fcl\u00f6nlegess\u00e9ge, hogy a felirat sz\u00edne \u00e9s a szalag sz\u00edne egyar\u00e1nt szabadon v\u00e1laszthat\u00f3, \u00edgy garant\u00e1ltan harmoniz\u00e1l az esem\u00e9ny sz\u00ednvil\u00e1g\u00e1val vagy az otthoni dekor\u00e1ci\u00f3val.\n\nAnyaga: pr\u00e9mium min\u0151s\u00e9g\u0171 plexi, tart\u00f3s \u00e9s eleg\u00e1ns megjelen\u00e9s\n\nFelirat sz\u00edne: arany, ez\u00fcst, fekete, feh\u00e9r, vagy egyedi sz\u00ednig\u00e9ny\n\nSzalag sz\u00edne: sz\u00e9les sz\u00ednv\u00e1laszt\u00e9kban el\u00e9rhet\u0151\n\nT\u00f6k\u00e9letes v\u00e1laszt\u00e1s:\n\u2728esk\u00fcv\u0151i dekor\u00e1ci\u00f3hoz (\u00fcltet\u0151k\u00e1rtya, asztalsz\u00e1moz\u00f3, k\u00f6sz\u00f6n\u0151aj\u00e1nd\u00e9k)\n\n\u2728c\u00e9ges rendezv\u00e9nyekre\n\nElk\u00e9sz\u00edt\u00e9si hat\u00e1rid\u0151: 14-21 nap\nA neveket e-mailben, beg\u00e9pelt form\u00e1ban k\u00e9rem elk\u00fcldeni. \n\nAz \u00e1r 1 db plexi n\u00e9vt\u00e1bl\u00e1ra vonatkozik, a k\u00e9pen l\u00e1that\u00f3 \u00e9tlap k\u00fcl\u00f6n rendelhet\u0151. \n\nRendeld meg most, \u00e9s var\u00e1zsolj eleganci\u00e1t \u00e9s egyedis\u00e9get a rendezv\u00e9nyedre vagy otthonodba!\n","price":"590.00","unit":"db","recommended":"0","status":"1","sponsored":"0","exp_notify":"0","own_material":"0","own_material_description_old":null,"own_material_description":"","jury":"0","jury_number":"","product_nature":"","meskaracsony":"0","create_date":"2026-01-10 16:25:50","shelve_id":"80322","image":"csuporkadekormuhely_product_650131_250525231930_900915.jpeg","image_width":"480","image_height":"640","image_alt":"N\u00e9vt\u00e1bla esk\u00fcv\u0151re - egyedi , \u2728Plexi n\u00e9vt\u00e1bla \u2013 Egyedi sz\u00ednekben \u00e9s st\u00edlusban\u2728\\n\\nTedd egyediv\u00e9 az esk\u00fcv\u0151d, rendezv\u00e9nyed vagy otthon..., Meska","image_title":"N\u00e9vt\u00e1bla esk\u00fcv\u0151re - egyedi , Meska","view_count":"278","favourite_count":"1","trending_score":"0","last2MonthFavouriteCount":"0","promotion":"0","giftcard_accept":"0","creditcard_accept":false,"enhanced_background":"0","domain":"meska","specific_customer_id":null,"specific_customer_name":null,"to_order_product":"1","to_order_product_time":"14","product_different":null,"product_different_description":"","vintage":"0","vintage_category_id":"0","recycled":"0","gemstone_id":"0","customizable":"1","type_category":"physical","zerowaste":"0","postage_price":"1349.00","shop_order":"0","has_category":"1","landing_pages":null,"microdata":{"number":10,"category":""},"title":"N\u00e9vt\u00e1bla esk\u00fcv\u0151re - egyedi ","description":"\u2728Plexi n\u00e9vt\u00e1bla \u2013 Egyedi sz\u00ednekben \u00e9s st\u00edlusban\u2728\n\nTedd egyediv\u00e9 az esk\u00fcv\u0151d, rendezv\u00e9nyed vagy otthonod dekor\u00e1ci\u00f3j\u00e1t st\u00edlusos, szem\u00e9lyre szabhat\u00f3 plexi n\u00e9vt\u00e1bl\u00e1kkal! Ezek a modern \u00e9s letisztult diz\u00e1jn\u00fa t\u00e1bl\u00e1k t\u00f6k\u00e9letesek \u00fcltet\u0151k\u00e1rtyak\u00e9nt, asztalsz\u00e1moz\u00f3k\u00e9nt vagy ak\u00e1r ajt\u00f3d\u00edszk\u00e9nt.\n\nA plexi n\u00e9vt\u00e1bla k\u00fcl\u00f6nlegess\u00e9ge, hogy a felirat sz\u00edne \u00e9s a szalag sz\u00edne egyar\u00e1nt szabadon v\u00e1laszthat\u00f3, \u00edgy garant\u00e1ltan harmoniz\u00e1l az esem\u00e9ny sz\u00ednvil\u00e1g\u00e1val vagy az otthoni dekor\u00e1ci\u00f3val.\n\nAnyaga: pr\u00e9mium min\u0151s\u00e9g\u0171 plexi, tart\u00f3s \u00e9s eleg\u00e1ns megjelen\u00e9s\n\nFelirat sz\u00edne: arany, ez\u00fcst, fekete, feh\u00e9r, vagy egyedi sz\u00ednig\u00e9ny\n\nSzalag sz\u00edne: sz\u00e9les sz\u00ednv\u00e1laszt\u00e9kban el\u00e9rhet\u0151\n\nT\u00f6k\u00e9letes v\u00e1laszt\u00e1s:\n\u2728esk\u00fcv\u0151i dekor\u00e1ci\u00f3hoz (\u00fcltet\u0151k\u00e1rtya, asztalsz\u00e1moz\u00f3, k\u00f6sz\u00f6n\u0151aj\u00e1nd\u00e9k)\n\n\u2728c\u00e9ges rendezv\u00e9nyekre\n\nElk\u00e9sz\u00edt\u00e9si hat\u00e1rid\u0151: 14-21 nap\nA neveket e-mailben, beg\u00e9pelt form\u00e1ban k\u00e9rem elk\u00fcldeni. \n\nAz \u00e1r 1 db plexi n\u00e9vt\u00e1bl\u00e1ra vonatkozik, a k\u00e9pen l\u00e1that\u00f3 \u00e9tlap k\u00fcl\u00f6n rendelhet\u0151. \n\nRendeld meg most, \u00e9s var\u00e1zsolj eleganci\u00e1t \u00e9s egyedis\u00e9get a rendezv\u00e9nyedre vagy otthonodba!\n","score":11.078467,"formatted_price":"590 Ft","image_url":"https:\/\/www.meska.hu\/img\/product\/small\/c\/s\/csuporkadekormuhely_product_650131_250525231930_900915.jpeg","formatted_url":"https:\/\/www.meska.hu\/p5564757-nevtabla-eskuvore-egyedi","favourite":false,"in_stock":false,"avatar":"650131_avatar_1715066940.jpeg","delete_from":0,"is_enhanced_background":false,"is_enhanced":false,"product_selection_started":false,"is_active":true,"image_webp_url":"https:\/\/www.meska.hu\/img\/product\/small\/c\/s\/csuporkadekormuhely_product_650131_250525231930_900915.webp"},{"id":"5787130","shop_id":"45615","user_id":"639679","shop_name":"KataArtAndDecor","shop_zip":"9400","product_code":"5550088","product_name_old":null,"product_name":"Ajt\u00f3d\u00edsz, n\u00e9vt\u00e1bla, dekor\u00e1ci\u00f3 gyerekszob\u00e1ba \u00fajrahasznos\u00edtott k\u00e9zzel festett mad\u00e1r mot\u00edvummal","category_string":"Baba - mama, Babaszoba k\u00e9p, Babaszoba dekor\u00e1ci\u00f3","technic_string":"Fest\u00e9szet, Festett t\u00e1rgyak","category_1":"1430","category_2":"1735","category_3":"1466","category_4":"0","merged_category_1":null,"merged_category_2":null,"merged_category_3":null,"technic_1":"480","technic_2":"481","technic_3":"0","color_1":"534","color_2":"0","color_3":"0","product_description_old":null,"product_description":"Csipog\u00f3 kis mad\u00e1rka \u00e9rkezett, hogy \u0151rizze a gyerekszoba ajtaj\u00e1t ????????????\n\n\u2728\ufe0f Ez a k\u00e9zzel festett, \u00fajrahasznos\u00edtott parkett\u00e1b\u00f3l k\u00e9sz\u00fclt dekor\u00e1ci\u00f3 nemcsak aranyos, hanem k\u00fcl\u00f6nleges is \u2013 pont, mint a kis gazd\u00e1ja! ????\n\u2728\ufe0f N\u00e9vt\u00e1bl\u00e1nak, ajt\u00f3d\u00edsznek vagy var\u00e1zslatos szobad\u00edsznek is t\u00f6k\u00e9letes! \u2728\n\n\u2728\ufe0f A t\u00e1bla sz\u00ednei szabadon vari\u00e1lhat\u00f3, a h\u00e1tt\u00e9r, a mad\u00e1r \u00e9s a vir\u00e1gok sz\u00edneit is meghat\u00e1rozhatod.\nHa szeretn\u00e9d a lamin\u00e1lt parketta sz\u00edne is maradhat alap-sz\u00ednnek.\n\n\u2728\ufe0f A t\u00e1bl\u00e1ra ker\u00fclhet gyermeked neve is 3D-felirattal.\n\n\u2728\ufe0f A k\u00e9zzel festett k\u00e9p minden esetben a k\u00e9pen l\u00e9v\u0151 sz\u00ednekkel harmoniz\u00e1l\u00f3 k\u00f6rszalagot \u00e9s akaszt\u00f3t kap el\u0151re egyeztetve. \n\n\u00c1tm\u00e9r\u0151je: 19 cm\n\nA MEGRENDEL\u00c9S MENETE:\n\n1. Rakd a term\u00e9ket a kos\u00e1rba, majd v\u00e1s\u00e1rold meg a Meska fel\u00fclet\u00e9n.\n\n2. Boltomban bankk\u00e1rty\u00e1val vagy \u00e1tutal\u00e1ssal is tudsz fizetni.\n\n3. Ha szeretn\u00e9d v\u00e1s\u00e1rl\u00e1s el\u0151tt is egyeztethet\u00fcnk. Akkor direkt neked teszem fel \u00e9s azt v\u00e1s\u00e1rolod meg.\n\n4. Az \u00f6sszeg be\u00e9rkez\u00e9se ut\u00e1n kezdem el k\u00e9sz\u00edteni a term\u00e9ket.\n\n5. Foxpost sz\u00e1ll\u00edtja ki a term\u00e9ket. Ha m\u00e1s sz\u00e1ll\u00edt\u00e1st  szeretn\u00e9l k\u00e9rlek el\u0151re egyeztess\u00fcnk.\n\n6. Szeretn\u00e9k folyamatosan fejl\u0151dni, ez\u00e9rt v\u00e9lem\u00e9nyed nagyon fontos sz\u00e1momra. Ez\u00e9rt k\u00e9rlek a term\u00e9k meg\u00e9rkez\u00e9se ut\u00e1n \u00e9rt\u00e9keld munk\u00e1mat.  H\u00e1l\u00e1san k\u00f6sz\u00f6n\u00f6m.","price":"5500.00","unit":"db","recommended":"0","status":"1","sponsored":"0","exp_notify":"0","own_material":"0","own_material_description_old":null,"own_material_description":"","jury":"0","jury_number":"","product_nature":"","meskaracsony":"0","create_date":"2026-01-04 22:13:07","shelve_id":"0","image":"kataartanddecor_product_639679_250914194658_706896.png","image_width":"480","image_height":"853","image_alt":"Ajt\u00f3d\u00edsz, n\u00e9vt\u00e1bla, dekor\u00e1ci\u00f3 gyerekszob\u00e1ba \u00fajrahasznos\u00edtott k\u00e9zzel festett mad\u00e1r mot\u00edvummal, Csipog\u00f3 kis mad\u00e1rka \u00e9rkezett, hogy \u0151rizze a gyerekszoba ajtaj\u00e1t ????????????\\n\\n\u2728\ufe0f Ez a k\u00e9zzel festett..., Meska","image_title":"Ajt\u00f3d\u00edsz, n\u00e9vt\u00e1bla, dekor\u00e1ci\u00f3 gyerekszob\u00e1ba \u00fajrahasznos\u00edtott k\u00e9zzel festett mad\u00e1r mot\u00edvummal, Meska","view_count":"349","favourite_count":"0","trending_score":"0","last2MonthFavouriteCount":"0","promotion":"0","giftcard_accept":"0","creditcard_accept":true,"enhanced_background":"0","domain":"meska","specific_customer_id":null,"specific_customer_name":null,"to_order_product":"1","to_order_product_time":"15","product_different":null,"product_different_description":"","vintage":"0","vintage_category_id":"0","recycled":"1","gemstone_id":"0","customizable":"1","type_category":"physical","zerowaste":"0","postage_price":"2390.00","shop_order":"0","has_category":"1","landing_pages":null,"microdata":{"number":11,"category":""},"title":"Ajt\u00f3d\u00edsz, n\u00e9vt\u00e1bla, dekor\u00e1ci\u00f3 gyerekszob\u00e1ba \u00fajrahasznos\u00edtott k\u00e9zzel festett mad\u00e1r mot\u00edvummal","description":"Csipog\u00f3 kis mad\u00e1rka \u00e9rkezett, hogy \u0151rizze a gyerekszoba ajtaj\u00e1t ????????????\n\n\u2728\ufe0f Ez a k\u00e9zzel festett, \u00fajrahasznos\u00edtott parkett\u00e1b\u00f3l k\u00e9sz\u00fclt dekor\u00e1ci\u00f3 nemcsak aranyos, hanem k\u00fcl\u00f6nleges is \u2013 pont, mint a kis gazd\u00e1ja! ????\n\u2728\ufe0f N\u00e9vt\u00e1bl\u00e1nak, ajt\u00f3d\u00edsznek vagy var\u00e1zslatos szobad\u00edsznek is t\u00f6k\u00e9letes! \u2728\n\n\u2728\ufe0f A t\u00e1bla sz\u00ednei szabadon vari\u00e1lhat\u00f3, a h\u00e1tt\u00e9r, a mad\u00e1r \u00e9s a vir\u00e1gok sz\u00edneit is meghat\u00e1rozhatod.\nHa szeretn\u00e9d a lamin\u00e1lt parketta sz\u00edne is maradhat alap-sz\u00ednnek.\n\n\u2728\ufe0f A t\u00e1bl\u00e1ra ker\u00fclhet gyermeked neve is 3D-felirattal.\n\n\u2728\ufe0f A k\u00e9zzel festett k\u00e9p minden esetben a k\u00e9pen l\u00e9v\u0151 sz\u00ednekkel harmoniz\u00e1l\u00f3 k\u00f6rszalagot \u00e9s akaszt\u00f3t kap el\u0151re egyeztetve. \n\n\u00c1tm\u00e9r\u0151je: 19 cm\n\nA MEGRENDEL\u00c9S MENETE:\n\n1. Rakd a term\u00e9ket a kos\u00e1rba, majd v\u00e1s\u00e1rold meg a Meska fel\u00fclet\u00e9n.\n\n2. Boltomban bankk\u00e1rty\u00e1val vagy \u00e1tutal\u00e1ssal is tudsz fizetni.\n\n3. Ha szeretn\u00e9d v\u00e1s\u00e1rl\u00e1s el\u0151tt is egyeztethet\u00fcnk. Akkor direkt neked teszem fel \u00e9s azt v\u00e1s\u00e1rolod meg.\n\n4. Az \u00f6sszeg be\u00e9rkez\u00e9se ut\u00e1n kezdem el k\u00e9sz\u00edteni a term\u00e9ket.\n\n5. Foxpost sz\u00e1ll\u00edtja ki a term\u00e9ket. Ha m\u00e1s sz\u00e1ll\u00edt\u00e1st  szeretn\u00e9l k\u00e9rlek el\u0151re egyeztess\u00fcnk.\n\n6. Szeretn\u00e9k folyamatosan fejl\u0151dni, ez\u00e9rt v\u00e9lem\u00e9nyed nagyon fontos sz\u00e1momra. Ez\u00e9rt k\u00e9rlek a term\u00e9k meg\u00e9rkez\u00e9se ut\u00e1n \u00e9rt\u00e9keld munk\u00e1mat.  H\u00e1l\u00e1san k\u00f6sz\u00f6n\u00f6m.","score":11.078467,"formatted_price":"5 500 Ft","image_url":"https:\/\/www.meska.hu\/img\/product\/small\/k\/a\/kataartanddecor_product_639679_250914194658_706896.png","formatted_url":"https:\/\/www.meska.hu\/p5550088-kek-madarka-falikep","favourite":false,"in_stock":false,"avatar":"639679_avatar_1755797000.png","delete_from":0,"is_enhanced_background":false,"is_enhanced":false,"product_selection_started":false,"is_active":true,"image_webp_url":"https:\/\/www.meska.hu\/img\/product\/small\/k\/a\/kataartanddecor_product_639679_250914194658_706896.webp"},{"id":"5787199","shop_id":"48773","user_id":"714823","shop_name":"mkkreativlezer","shop_zip":"2500","product_code":"5550128","product_name_old":null,"product_name":"Kuty\u00e1s baba, gyerek egyedi n\u00e9vt\u00e1bla","category_string":"Baba - mama, Gyerek n\u00e9vt\u00e1bla, Babaszoba dekor\u00e1ci\u00f3","technic_string":"Famegmunk\u00e1l\u00e1s, Grav\u00edroz\u00e1s, pirogr\u00e1fia","category_1":"1497","category_2":"1735","category_3":"1466","category_4":"0","merged_category_1":null,"merged_category_2":null,"merged_category_3":null,"technic_1":"478","technic_2":"796","technic_3":"0","color_1":"514","color_2":"519","color_3":"521","product_description_old":null,"product_description":"Egyedi, n\u00e9vre sz\u00f3l\u00f3 fal- vagy ajt\u00f3d\u00edsz gyerekszob\u00e1ba, amivel k\u00fcl\u00f6nlegess\u00e9 teheted a kicsik birodalm\u00e1t. \nMinden n\u00e9vt\u00e1bl\u00e1t gondosan tervez\u00fcnk \u00e9s l\u00e9zerv\u00e1g\u00e1ssal, grav\u00edroz\u00e1ssal k\u00e9sz\u00edt\u00fcnk el, k\u00e9zzel fest\u00fcnk. \nA n\u00e9v \u00e1ltal szem\u00e9lyre szabhat\u00f3. \nEgy ilyen t\u00e1bla nemcsak d\u00edsz, hanem eml\u00e9k is, ami v\u00e9gigk\u00eds\u00e9ri a gyermekkort.\n\n29 cm-es nagys\u00e1g\u00fa.\n\nV\u00edzb\u00e1zis\u00fa, k\u00f6rnyezetbar\u00e1t fest\u00e9k felhaszn\u00e1l\u00e1s\u00e1val k\u00e9sz\u00fcl, mely gyerekeknek sz\u00e1nt j\u00e1t\u00e9kok \u00e9s t\u00e1rgyak fest\u00e9s\u00e9re is alkalmas (EN 71-3 min\u0151s\u00edt\u00e9s).\n\nK\u00e9rem a nevet a megrendel\u00e9sben vagy emailben megadni!\n\nHa k\u00e9rd\u00e9sed van, sz\u00edvesen v\u00e1laszolok! :)\n","price":"9990.00","unit":"db","recommended":"0","status":"1","sponsored":"0","exp_notify":"0","own_material":"0","own_material_description_old":null,"own_material_description":"","jury":"0","jury_number":"","product_nature":"","meskaracsony":"0","create_date":"2026-01-12 20:58:41","shelve_id":"0","image":"mkkreativlezer_product_714823_250509223245_289511.jpeg","image_width":"480","image_height":"599","image_alt":"Kuty\u00e1s baba, gyerek egyedi n\u00e9vt\u00e1bla, Egyedi, n\u00e9vre sz\u00f3l\u00f3 fal- vagy ajt\u00f3d\u00edsz gyerekszob\u00e1ba, amivel k\u00fcl\u00f6nlegess\u00e9 teheted a kicsik birodalm\u00e1..., Meska","image_title":"Kuty\u00e1s baba, gyerek egyedi n\u00e9vt\u00e1bla, Meska","view_count":"370","favourite_count":"0","trending_score":"0","last2MonthFavouriteCount":"0","promotion":"0","giftcard_accept":"0","creditcard_accept":true,"enhanced_background":"0","domain":"meska","specific_customer_id":null,"specific_customer_name":null,"to_order_product":"1","to_order_product_time":"5","product_different":null,"product_different_description":"","vintage":"0","vintage_category_id":"0","recycled":"0","gemstone_id":"0","customizable":"1","type_category":"physical","zerowaste":"0","postage_price":"1290.00","shop_order":"0","has_category":"1","landing_pages":null,"microdata":{"number":12,"category":""},"title":"Kuty\u00e1s baba, gyerek egyedi n\u00e9vt\u00e1bla","description":"Egyedi, n\u00e9vre sz\u00f3l\u00f3 fal- vagy ajt\u00f3d\u00edsz gyerekszob\u00e1ba, amivel k\u00fcl\u00f6nlegess\u00e9 teheted a kicsik birodalm\u00e1t. \nMinden n\u00e9vt\u00e1bl\u00e1t gondosan tervez\u00fcnk \u00e9s l\u00e9zerv\u00e1g\u00e1ssal, grav\u00edroz\u00e1ssal k\u00e9sz\u00edt\u00fcnk el, k\u00e9zzel fest\u00fcnk. \nA n\u00e9v \u00e1ltal szem\u00e9lyre szabhat\u00f3. \nEgy ilyen t\u00e1bla nemcsak d\u00edsz, hanem eml\u00e9k is, ami v\u00e9gigk\u00eds\u00e9ri a gyermekkort.\n\n29 cm-es nagys\u00e1g\u00fa.\n\nV\u00edzb\u00e1zis\u00fa, k\u00f6rnyezetbar\u00e1t fest\u00e9k felhaszn\u00e1l\u00e1s\u00e1val k\u00e9sz\u00fcl, mely gyerekeknek sz\u00e1nt j\u00e1t\u00e9kok \u00e9s t\u00e1rgyak fest\u00e9s\u00e9re is alkalmas (EN 71-3 min\u0151s\u00edt\u00e9s).\n\nK\u00e9rem a nevet a megrendel\u00e9sben vagy emailben megadni!\n\nHa k\u00e9rd\u00e9sed van, sz\u00edvesen v\u00e1laszolok! :)\n","score":11.078467,"formatted_price":"9 990 Ft","image_url":"https:\/\/www.meska.hu\/img\/product\/small\/m\/k\/mkkreativlezer_product_714823_250509223245_289511.jpeg","formatted_url":"https:\/\/www.meska.hu\/p5550128-kutyas-baba-gyerek-egyedi-nevtabla","favourite":false,"in_stock":false,"avatar":"714823_avatar_1744620885.png","delete_from":0,"is_enhanced_background":false,"is_enhanced":false,"product_selection_started":false,"is_active":true,"image_webp_url":"https:\/\/www.meska.hu\/img\/product\/small\/m\/k\/mkkreativlezer_product_714823_250509223245_289511.webp"},{"id":"5645761","shop_id":"9289","user_id":"29118","shop_name":"Mirkaland","shop_zip":"1161","product_code":"5465429","product_name_old":null,"product_name":"H\u00e1zsz\u00e1mt\u00e1bla, \u00fcdv\u00f6zl\u0151t\u00e1bla, utcat\u00e1bla","category_string":"Otthon & \u00c9letm\u00f3d, Dekor\u00e1ci\u00f3, Ajt\u00f3- \u00e9s ablak dekor\u00e1ci\u00f3, Ajt\u00f3t\u00e1bla","technic_string":"Fest\u00e9szet, Festett t\u00e1rgyak","category_1":"813","category_2":"314","category_3":"1468","category_4":"1469","merged_category_1":null,"merged_category_2":null,"merged_category_3":null,"technic_1":"480","technic_2":"481","technic_3":"0","color_1":"519","color_2":"520","color_3":"532","product_description_old":null,"product_description":"K\u00e9zzel festett, egyedi h\u00e1zsz\u00e1mt\u00e1bla \u2013 boh\u00e9m st\u00edlusban\nTedd otthonod val\u00f3ban egyediv\u00e9 a k\u00e9zzel festett, k\u00fcl\u00f6nleges h\u00e1zsz\u00e1mt\u00e1bl\u00e1kkal! Ezek az egyedi elk\u00e9pzel\u00e9sek alapj\u00e1n k\u00e9sz\u00fclt fa t\u00e1bl\u00e1k nemcsak praktikusak, hanem st\u00edlusos lak\u00e1s- \u00e9s k\u00fclt\u00e9ri dekor\u00e1ci\u00f3k\u00e9nt is meg\u00e1llj\u00e1k a hely\u00fcket.\n\nMi\u00e9rt v\u00e1laszd a mandal\u00e1s h\u00e1zsz\u00e1mt\u00e1bl\u00e1t?\nTeljesen egyedi design: Minden t\u00e1bla k\u00e9zzel festett, a te ig\u00e9nyeidhez igaz\u00edtva, legyen sz\u00f3 boh\u00e9m, mandal\u00e1s mint\u00e1kr\u00f3l, minimalista vagy \u00e9ppen mer\u00e9sz sz\u00ednekr\u0151l.\nId\u0151t\u00e1ll\u00f3 min\u0151s\u00e9g: Tart\u00f3s f\u00e1b\u00f3l k\u00e9sz\u00fcl, id\u0151j\u00e1r\u00e1s\u00e1ll\u00f3 t\u00f6bbsz\u00f6r\u00f6s lakkbevonattal v\u00e9dve, \u00edgy hossz\u00fa \u00e9vekig d\u00edsz\u00edtheti otthonod h\u00e1zfal\u00e1t, ker\u00edt\u00e9s\u00e9t, kertkapuj\u00e1t vagy ajtaj\u00e1t.\nBoh\u00e9m lakberendez\u00e9s: A k\u00fcl\u00f6nleges mandal\u00e1s mint\u00e1k \u00f6lt\u00f6ztetik otthonodat, \u00e9s azonnal kit\u0171nnek a h\u00e9tk\u00f6znapi h\u00e1zsz\u00e1mt\u00e1bl\u00e1k k\u00f6z\u00fcl.\nSokoldal\u00fa elhelyez\u00e9s: K\u00f6nny\u0171, m\u00e9gis er\u0151s kialak\u00edt\u00e1s\u00e1nak k\u00f6sz\u00f6nhet\u0151en b\u00e1rmilyen fel\u00fcletre r\u00f6gz\u00edthet\u0151, legyen az fa, k\u0151 vagy f\u00e9m.\n\nR\u00e9szletek:\nAnyag: Kiv\u00e1l\u00f3 min\u0151s\u00e9g\u0171 fa.\nM\u00e9ret: Ig\u00e9ny szerint v\u00e1laszthat\u00f3.\nFel\u00fcletkezel\u00e9s: K\u00fclt\u00e9ri, UV-\u00e1ll\u00f3 \u00e9s id\u0151j\u00e1r\u00e1s\u00e1ll\u00f3 lakk.\nDesign: Teljesen k\u00e9zzel festett, a v\u00e1s\u00e1rl\u00f3val egyeztetett st\u00edlusban \u00e9s sz\u00ednekben.\nT\u00f6k\u00e9letes aj\u00e1nd\u00e9k vagy szem\u00e9lyes kieg\u00e9sz\u00edt\u0151\nAk\u00e1r \u00faj otthonba k\u00f6lt\u00f6z\u00f6l, ak\u00e1r egy k\u00fcl\u00f6nleges, szem\u00e9lyre szabott aj\u00e1nd\u00e9kot keresel, a mandal\u00e1s h\u00e1zsz\u00e1mt\u00e1bla t\u00f6k\u00e9letes v\u00e1laszt\u00e1s.\n\n- k\u00e9tf\u00e9le m\u00e9retben \u00e9s kivitelben rendelhet\u0151: \u00edves tetej\u0171 27x16 cm vagy egyenese tetej\u0171 29,5x13 cm\n- 3 mm r\u00e9tegelt lemez alap\n- akrilfest\u00e9k \u00e9s k\u00e9tszeres lakkv\u00e9delem, tart\u00f3s, id\u0151j\u00e1r\u00e1s\u00e1ll\u00f3\n- a tetej\u00e9n k\u00e9t db lyukkal\n-tetsz\u0151leges felirattal \u00e9s sz\u00ednben rendelhet\u0151\n\nMi\u00e9rt j\u00f3 d\u00f6nt\u00e9s?\nEgyedi st\u00edlusoddal mutatod meg a vil\u00e1gnak, hogy otthonod val\u00f3ban a te szem\u00e9lyis\u00e9gedet t\u00fckr\u00f6zi. Mindezt a legjobb min\u0151s\u00e9gben, praktikus \u00e9s eszt\u00e9tikus megold\u00e1ssal.\n\nRendelj most, \u00e9s tedd egyediv\u00e9 otthonod vagy lepd meg szeretteidet ezzel a k\u00fcl\u00f6nleges k\u00e9zm\u0171ves alkot\u00e1ssal!\n\nk\u00e9zzel festett h\u00e1zsz\u00e1mt\u00e1bla, egyedi h\u00e1zsz\u00e1mt\u00e1bla, mandal\u00e1s lak\u00e1sdekor\u00e1ci\u00f3, boh\u00e9m st\u00edlus\u00fa c\u00e9gt\u00e1bla, ajt\u00f3t\u00e1bla, tart\u00f3s k\u00fclt\u00e9ri t\u00e1bl\u00e1k, lak\u00e1sdekor\u00e1ci\u00f3 term\u00e9szetes anyagokb\u00f3l, id\u0151j\u00e1r\u00e1s\u00e1ll\u00f3 h\u00e1zsz\u00e1mok, k\u00fcl\u00f6nleges aj\u00e1nd\u00e9k\u00f6tlet.\n\n","price":"14900.00","unit":"db","recommended":"0","status":"1","sponsored":"0","exp_notify":"0","own_material":"0","own_material_description_old":null,"own_material_description":"","jury":"0","jury_number":"","product_nature":"","meskaracsony":"0","create_date":"2026-01-01 10:53:07","shelve_id":"0","image":"mirkaland_product_29118_250702121512_440851.jpeg","image_width":"480","image_height":"480","image_alt":"H\u00e1zsz\u00e1mt\u00e1bla, \u00fcdv\u00f6zl\u0151t\u00e1bla, utcat\u00e1bla, K\u00e9zzel festett, egyedi h\u00e1zsz\u00e1mt\u00e1bla \u2013 boh\u00e9m st\u00edlusban\\nTedd otthonod val\u00f3ban egyediv\u00e9 a k\u00e9zzel festet..., Meska","image_title":"H\u00e1zsz\u00e1mt\u00e1bla, \u00fcdv\u00f6zl\u0151t\u00e1bla, utcat\u00e1bla, Meska","view_count":"539","favourite_count":"0","trending_score":"0","last2MonthFavouriteCount":"0","promotion":"0","giftcard_accept":"0","creditcard_accept":true,"enhanced_background":"0","domain":"meska","specific_customer_id":null,"specific_customer_name":null,"to_order_product":"1","to_order_product_time":"5","product_different":null,"product_different_description":"","vintage":"0","vintage_category_id":"0","recycled":"0","gemstone_id":"0","customizable":"1","type_category":"physical","zerowaste":"0","postage_price":"2390.00","shop_order":"21","has_category":"1","landing_pages":null,"microdata":{"number":13,"category":""},"title":"H\u00e1zsz\u00e1mt\u00e1bla, \u00fcdv\u00f6zl\u0151t\u00e1bla, utcat\u00e1bla","description":"K\u00e9zzel festett, egyedi h\u00e1zsz\u00e1mt\u00e1bla \u2013 boh\u00e9m st\u00edlusban\nTedd otthonod val\u00f3ban egyediv\u00e9 a k\u00e9zzel festett, k\u00fcl\u00f6nleges h\u00e1zsz\u00e1mt\u00e1bl\u00e1kkal! Ezek az egyedi elk\u00e9pzel\u00e9sek alapj\u00e1n k\u00e9sz\u00fclt fa t\u00e1bl\u00e1k nemcsak praktikusak, hanem st\u00edlusos lak\u00e1s- \u00e9s k\u00fclt\u00e9ri dekor\u00e1ci\u00f3k\u00e9nt is meg\u00e1llj\u00e1k a hely\u00fcket.\n\nMi\u00e9rt v\u00e1laszd a mandal\u00e1s h\u00e1zsz\u00e1mt\u00e1bl\u00e1t?\nTeljesen egyedi design: Minden t\u00e1bla k\u00e9zzel festett, a te ig\u00e9nyeidhez igaz\u00edtva, legyen sz\u00f3 boh\u00e9m, mandal\u00e1s mint\u00e1kr\u00f3l, minimalista vagy \u00e9ppen mer\u00e9sz sz\u00ednekr\u0151l.\nId\u0151t\u00e1ll\u00f3 min\u0151s\u00e9g: Tart\u00f3s f\u00e1b\u00f3l k\u00e9sz\u00fcl, id\u0151j\u00e1r\u00e1s\u00e1ll\u00f3 t\u00f6bbsz\u00f6r\u00f6s lakkbevonattal v\u00e9dve, \u00edgy hossz\u00fa \u00e9vekig d\u00edsz\u00edtheti otthonod h\u00e1zfal\u00e1t, ker\u00edt\u00e9s\u00e9t, kertkapuj\u00e1t vagy ajtaj\u00e1t.\nBoh\u00e9m lakberendez\u00e9s: A k\u00fcl\u00f6nleges mandal\u00e1s mint\u00e1k \u00f6lt\u00f6ztetik otthonodat, \u00e9s azonnal kit\u0171nnek a h\u00e9tk\u00f6znapi h\u00e1zsz\u00e1mt\u00e1bl\u00e1k k\u00f6z\u00fcl.\nSokoldal\u00fa elhelyez\u00e9s: K\u00f6nny\u0171, m\u00e9gis er\u0151s kialak\u00edt\u00e1s\u00e1nak k\u00f6sz\u00f6nhet\u0151en b\u00e1rmilyen fel\u00fcletre r\u00f6gz\u00edthet\u0151, legyen az fa, k\u0151 vagy f\u00e9m.\n\nR\u00e9szletek:\nAnyag: Kiv\u00e1l\u00f3 min\u0151s\u00e9g\u0171 fa.\nM\u00e9ret: Ig\u00e9ny szerint v\u00e1laszthat\u00f3.\nFel\u00fcletkezel\u00e9s: K\u00fclt\u00e9ri, UV-\u00e1ll\u00f3 \u00e9s id\u0151j\u00e1r\u00e1s\u00e1ll\u00f3 lakk.\nDesign: Teljesen k\u00e9zzel festett, a v\u00e1s\u00e1rl\u00f3val egyeztetett st\u00edlusban \u00e9s sz\u00ednekben.\nT\u00f6k\u00e9letes aj\u00e1nd\u00e9k vagy szem\u00e9lyes kieg\u00e9sz\u00edt\u0151\nAk\u00e1r \u00faj otthonba k\u00f6lt\u00f6z\u00f6l, ak\u00e1r egy k\u00fcl\u00f6nleges, szem\u00e9lyre szabott aj\u00e1nd\u00e9kot keresel, a mandal\u00e1s h\u00e1zsz\u00e1mt\u00e1bla t\u00f6k\u00e9letes v\u00e1laszt\u00e1s.\n\n- k\u00e9tf\u00e9le m\u00e9retben \u00e9s kivitelben rendelhet\u0151: \u00edves tetej\u0171 27x16 cm vagy egyenese tetej\u0171 29,5x13 cm\n- 3 mm r\u00e9tegelt lemez alap\n- akrilfest\u00e9k \u00e9s k\u00e9tszeres lakkv\u00e9delem, tart\u00f3s, id\u0151j\u00e1r\u00e1s\u00e1ll\u00f3\n- a tetej\u00e9n k\u00e9t db lyukkal\n-tetsz\u0151leges felirattal \u00e9s sz\u00ednben rendelhet\u0151\n\nMi\u00e9rt j\u00f3 d\u00f6nt\u00e9s?\nEgyedi st\u00edlusoddal mutatod meg a vil\u00e1gnak, hogy otthonod val\u00f3ban a te szem\u00e9lyis\u00e9gedet t\u00fckr\u00f6zi. Mindezt a legjobb min\u0151s\u00e9gben, praktikus \u00e9s eszt\u00e9tikus megold\u00e1ssal.\n\nRendelj most, \u00e9s tedd egyediv\u00e9 otthonod vagy lepd meg szeretteidet ezzel a k\u00fcl\u00f6nleges k\u00e9zm\u0171ves alkot\u00e1ssal!\n\nk\u00e9zzel festett h\u00e1zsz\u00e1mt\u00e1bla, egyedi h\u00e1zsz\u00e1mt\u00e1bla, mandal\u00e1s lak\u00e1sdekor\u00e1ci\u00f3, boh\u00e9m st\u00edlus\u00fa c\u00e9gt\u00e1bla, ajt\u00f3t\u00e1bla, tart\u00f3s k\u00fclt\u00e9ri t\u00e1bl\u00e1k, lak\u00e1sdekor\u00e1ci\u00f3 term\u00e9szetes anyagokb\u00f3l, id\u0151j\u00e1r\u00e1s\u00e1ll\u00f3 h\u00e1zsz\u00e1mok, k\u00fcl\u00f6nleges aj\u00e1nd\u00e9k\u00f6tlet.\n\n","score":11.078467,"formatted_price":"14 900 Ft","image_url":"https:\/\/www.meska.hu\/img\/product\/small\/m\/i\/mirkaland_product_29118_250702121512_440851.jpeg","formatted_url":"https:\/\/www.meska.hu\/p5465429-hazszamtabla-udvozlotabla-utcatabla","favourite":false,"in_stock":false,"avatar":"Mantina_avatar_29118_1675622243.jpg","delete_from":0,"is_enhanced_background":false,"is_enhanced":false,"product_selection_started":false,"is_active":true,"image_webp_url":"https:\/\/www.meska.hu\/img\/product\/small\/m\/i\/mirkaland_product_29118_250702121512_440851.webp"},{"id":"5839627","shop_id":"48773","user_id":"714823","shop_name":"mkkreativlezer","shop_zip":"2500","product_code":"5575445","product_name_old":null,"product_name":"Focis baba, gyerek egyedi n\u00e9vt\u00e1bla","category_string":"Baba - mama, Gyerek n\u00e9vt\u00e1bla, Babaszoba dekor\u00e1ci\u00f3","technic_string":"Famegmunk\u00e1l\u00e1s, Grav\u00edroz\u00e1s, pirogr\u00e1fia","category_1":"1497","category_2":"1735","category_3":"1466","category_4":"0","merged_category_1":null,"merged_category_2":null,"merged_category_3":null,"technic_1":"478","technic_2":"796","technic_3":"0","color_1":"514","color_2":"519","color_3":"529","product_description_old":null,"product_description":"Egyedi, n\u00e9vre sz\u00f3l\u00f3 fal- vagy ajt\u00f3d\u00edsz gyerekszob\u00e1ba, amivel k\u00fcl\u00f6nlegess\u00e9 teheted a kicsik birodalm\u00e1t. \nMinden n\u00e9vt\u00e1bl\u00e1t gondosan tervez\u00fcnk \u00e9s l\u00e9zerv\u00e1g\u00e1ssal, grav\u00edroz\u00e1ssal k\u00e9sz\u00edt\u00fcnk el, k\u00e9zzel fest\u00fcnk. \nA n\u00e9v \u00e1ltal szem\u00e9lyre szabhat\u00f3. \nEgy ilyen t\u00e1bla nemcsak d\u00edsz, hanem eml\u00e9k is, ami v\u00e9gigk\u00eds\u00e9ri a gyermekkort.\n\n29 cm-es nagys\u00e1g\u00fa.\n\nV\u00edzb\u00e1zis\u00fa, k\u00f6rnyezetbar\u00e1t fest\u00e9k felhaszn\u00e1l\u00e1s\u00e1val k\u00e9sz\u00fcl, mely gyerekeknek sz\u00e1nt j\u00e1t\u00e9kok \u00e9s t\u00e1rgyak fest\u00e9s\u00e9re is alkalmas (EN 71-3 min\u0151s\u00edt\u00e9s).\n\nK\u00e9rem a nevet a megrendel\u00e9sben vagy emailben megadni!\n\nHa k\u00e9rd\u00e9sed van, sz\u00edvesen v\u00e1laszolok! :)\n","price":"9990.00","unit":"db","recommended":"0","status":"1","sponsored":"0","exp_notify":"0","own_material":"0","own_material_description_old":null,"own_material_description":"","jury":"0","jury_number":"","product_nature":"","meskaracsony":"0","create_date":"2026-02-20 14:32:36","shelve_id":"0","image":"mkkreativlezer_product_714823_250625133856_333619.jpeg","image_width":"480","image_height":"470","image_alt":"Focis baba, gyerek egyedi n\u00e9vt\u00e1bla, Egyedi, n\u00e9vre sz\u00f3l\u00f3 fal- vagy ajt\u00f3d\u00edsz gyerekszob\u00e1ba, amivel k\u00fcl\u00f6nlegess\u00e9 teheted a kicsik birodalm\u00e1..., Meska","image_title":"Focis baba, gyerek egyedi n\u00e9vt\u00e1bla, Meska","view_count":"187","favourite_count":"0","trending_score":"0","last2MonthFavouriteCount":"0","promotion":"0","giftcard_accept":"0","creditcard_accept":true,"enhanced_background":"0","domain":"meska","specific_customer_id":null,"specific_customer_name":null,"to_order_product":"1","to_order_product_time":"5","product_different":null,"product_different_description":"","vintage":"0","vintage_category_id":"0","recycled":"0","gemstone_id":"0","customizable":"1","type_category":"physical","zerowaste":"0","postage_price":"1290.00","shop_order":"0","has_category":"1","landing_pages":null,"microdata":{"number":14,"category":""},"title":"Focis baba, gyerek egyedi n\u00e9vt\u00e1bla","description":"Egyedi, n\u00e9vre sz\u00f3l\u00f3 fal- vagy ajt\u00f3d\u00edsz gyerekszob\u00e1ba, amivel k\u00fcl\u00f6nlegess\u00e9 teheted a kicsik birodalm\u00e1t. \nMinden n\u00e9vt\u00e1bl\u00e1t gondosan tervez\u00fcnk \u00e9s l\u00e9zerv\u00e1g\u00e1ssal, grav\u00edroz\u00e1ssal k\u00e9sz\u00edt\u00fcnk el, k\u00e9zzel fest\u00fcnk. \nA n\u00e9v \u00e1ltal szem\u00e9lyre szabhat\u00f3. \nEgy ilyen t\u00e1bla nemcsak d\u00edsz, hanem eml\u00e9k is, ami v\u00e9gigk\u00eds\u00e9ri a gyermekkort.\n\n29 cm-es nagys\u00e1g\u00fa.\n\nV\u00edzb\u00e1zis\u00fa, k\u00f6rnyezetbar\u00e1t fest\u00e9k felhaszn\u00e1l\u00e1s\u00e1val k\u00e9sz\u00fcl, mely gyerekeknek sz\u00e1nt j\u00e1t\u00e9kok \u00e9s t\u00e1rgyak fest\u00e9s\u00e9re is alkalmas (EN 71-3 min\u0151s\u00edt\u00e9s).\n\nK\u00e9rem a nevet a megrendel\u00e9sben vagy emailben megadni!\n\nHa k\u00e9rd\u00e9sed van, sz\u00edvesen v\u00e1laszolok! :)\n","score":11.078467,"formatted_price":"9 990 Ft","image_url":"https:\/\/www.meska.hu\/img\/product\/small\/m\/k\/mkkreativlezer_product_714823_250625133856_333619.jpeg","formatted_url":"https:\/\/www.meska.hu\/p5575445-focis-baba-gyerek-egyedi-nevtabla","favourite":false,"in_stock":false,"avatar":"714823_avatar_1744620885.png","delete_from":0,"is_enhanced_background":false,"is_enhanced":false,"product_selection_started":false,"is_active":true,"image_webp_url":"https:\/\/www.meska.hu\/img\/product\/small\/m\/k\/mkkreativlezer_product_714823_250625133856_333619.webp"},{"id":"5947622","shop_id":"36715","user_id":"431554","shop_name":"Lasergravir","shop_zip":"4029","product_code":"5639526","product_name_old":null,"product_name":"Egyedi grav\u00edrozott f\u00e9m kit\u0171z\u0151, n\u00e9vt\u00e1bla","category_string":"\u00c9kszer, Kit\u0171z\u0151 \u00e9s Bross","technic_string":"Grav\u00edroz\u00e1s, pirogr\u00e1fia","category_1":"327","category_2":"329","category_3":"0","category_4":"0","merged_category_1":null,"merged_category_2":null,"merged_category_3":null,"technic_1":"796","technic_2":"0","technic_3":"0","color_1":"515","color_2":"0","color_3":"0","product_description_old":null,"product_description":"Nem csak egy kit\u0171z\u0151 \u2013 a saj\u00e1t illetve c\u00e9ged arca.\n\nA grav\u00edrozott f\u00e9m kit\u0171z\u0151 t\u00f6k\u00e9letes  megjelen\u00e9st biztos\u00edt minden alkalommal \u2013 legyen sz\u00f3 konferenci\u00e1r\u00f3l, rendezv\u00e9nyr\u0151l, \u00fcgyf\u00e9ltal\u00e1lkoz\u00f3r\u00f3l vagy mindennapi munk\u00e1r\u00f3l. \nAk\u00e1r log\u00f3val, n\u00e9vvel vagy beoszt\u00e1ssal grav\u00edrozva igazi mini n\u00e9vjegyk\u00e9nt m\u0171k\u00f6dik \u2013 tart\u00f3s, letisztult \u00e9s bizalmat sug\u00e1rz\u00f3.\n\nMutasd meg, kik vagytok \u2013 st\u00edlusosan, egys\u00e9gesen, profin.\n\nJellemz\u0151i:\n- Id\u0151t\u00e1ll\u00f3 f\u00e9m kivitel \u2013 eleg\u00e1ns \u00e9s tart\u00f3s\n- L\u00e9zergrav\u00edroz\u00e1s c\u00e9gn\u00e9vre, log\u00f3ra, n\u00e9vre, poz\u00edci\u00f3ra (fel\u00e1r n\u00e9lk\u00fcl)\n- Egys\u00e9ges megjelen\u00e9s munkat\u00e1rsaknak\n- T\u00f6k\u00e9letes konferenci\u00e1ra, \u00fcgyf\u00e9lszolg\u00e1latra, \u00fczleti esem\u00e9nyekre\n\nK\u00e9tf\u00e9le v\u00e1ltozatban el\u00e9rhet\u0151:\n- Kisebb: ez\u00fcst sz\u00edn\u0171, m\u00e1gnessel felfogathat\u00f3, m\u00e9rete: 5 x 1,8 x 0.8 cm   (3-4. k\u00e9p)\n- Nagyobb: arany sz\u00edn\u0171, t\u0171vel felfogathat\u00f3, m\u00e9rete:  7,5 x 2,5 x 0,7 cm (1-2. k\u00e9p)\n\nAz \u00e1r tartalmazza a kit\u0171z\u0151 alapot, az egyedi grav\u00edroz\u00e1st illetve m\u00e1gneses vagy t\u0171s felfogat\u00e1st \nis. \nA k\u00edv\u00e1nt feliratot\/log\u00f3t v\u00e1s\u00e1rl\u00e1st k\u00f6vet\u0151en e-mailben v\u00e1rom!\n\nHa mindkett\u0151b\u0151l szeretn\u00e9l rendelni, a darabsz\u00e1mot add meg, a t\u00f6bbit v\u00e1s\u00e1rl\u00e1st k\u00f6vet\u0151en e-mailben egyeztetj\u00fck.\n\nElk\u00e9sz\u00edt\u00e9se: utal\u00e1st k\u00f6vet\u0151en 4-10 munkanap\nS\u00fcrg\u0151ss\u00e9gi fel\u00e1r (+ 3.000 Ft)  eset\u00e9n: 1-3 munkanap\n\nSzem\u00e9lyes \u00e1tv\u00e9tel Debrecenben lehets\u00e9ges\n\nPost\u00e1z\u00e1s: mindenkori d\u00edjszab\u00e1s szerint\n\nV\u00e1s\u00e1rolt alapanyagra saj\u00e1t munka a tervez\u00e9s, v\u00e1g\u00e1s, grav\u00edroz\u00e1s","price":"650.00","unit":"db","recommended":"0","status":"1","sponsored":"0","exp_notify":"0","own_material":"0","own_material_description_old":null,"own_material_description":"","jury":"0","jury_number":"","product_nature":"","meskaracsony":"0","create_date":"2026-02-02 20:23:52","shelve_id":"0","image":"lasergravir_product_431554_251005201639_662971.jpeg","image_width":"480","image_height":"320","image_alt":"Egyedi grav\u00edrozott f\u00e9m kit\u0171z\u0151, n\u00e9vt\u00e1bla, Nem csak egy kit\u0171z\u0151 \u2013 a saj\u00e1t illetve c\u00e9ged arca.\\n\\nA grav\u00edrozott f\u00e9m kit\u0171z\u0151 t\u00f6k\u00e9letes  megjelen\u00e9st b..., Meska","image_title":"Egyedi grav\u00edrozott f\u00e9m kit\u0171z\u0151, n\u00e9vt\u00e1bla, Meska","view_count":"378","favourite_count":"0","trending_score":"0","last2MonthFavouriteCount":"0","promotion":"0","giftcard_accept":"0","creditcard_accept":false,"enhanced_background":"0","domain":"meska","specific_customer_id":null,"specific_customer_name":null,"to_order_product":"1","to_order_product_time":"8","product_different":null,"product_different_description":"","vintage":"0","vintage_category_id":"0","recycled":"0","gemstone_id":"0","customizable":"1","type_category":"physical","zerowaste":"0","postage_price":"1500.00","shop_order":"0","has_category":"1","landing_pages":null,"microdata":{"number":15,"category":""},"title":"Egyedi grav\u00edrozott f\u00e9m kit\u0171z\u0151, n\u00e9vt\u00e1bla","description":"Nem csak egy kit\u0171z\u0151 \u2013 a saj\u00e1t illetve c\u00e9ged arca.\n\nA grav\u00edrozott f\u00e9m kit\u0171z\u0151 t\u00f6k\u00e9letes  megjelen\u00e9st biztos\u00edt minden alkalommal \u2013 legyen sz\u00f3 konferenci\u00e1r\u00f3l, rendezv\u00e9nyr\u0151l, \u00fcgyf\u00e9ltal\u00e1lkoz\u00f3r\u00f3l vagy mindennapi munk\u00e1r\u00f3l. \nAk\u00e1r log\u00f3val, n\u00e9vvel vagy beoszt\u00e1ssal grav\u00edrozva igazi mini n\u00e9vjegyk\u00e9nt m\u0171k\u00f6dik \u2013 tart\u00f3s, letisztult \u00e9s bizalmat sug\u00e1rz\u00f3.\n\nMutasd meg, kik vagytok \u2013 st\u00edlusosan, egys\u00e9gesen, profin.\n\nJellemz\u0151i:\n- Id\u0151t\u00e1ll\u00f3 f\u00e9m kivitel \u2013 eleg\u00e1ns \u00e9s tart\u00f3s\n- L\u00e9zergrav\u00edroz\u00e1s c\u00e9gn\u00e9vre, log\u00f3ra, n\u00e9vre, poz\u00edci\u00f3ra (fel\u00e1r n\u00e9lk\u00fcl)\n- Egys\u00e9ges megjelen\u00e9s munkat\u00e1rsaknak\n- T\u00f6k\u00e9letes konferenci\u00e1ra, \u00fcgyf\u00e9lszolg\u00e1latra, \u00fczleti esem\u00e9nyekre\n\nK\u00e9tf\u00e9le v\u00e1ltozatban el\u00e9rhet\u0151:\n- Kisebb: ez\u00fcst sz\u00edn\u0171, m\u00e1gnessel felfogathat\u00f3, m\u00e9rete: 5 x 1,8 x 0.8 cm   (3-4. k\u00e9p)\n- Nagyobb: arany sz\u00edn\u0171, t\u0171vel felfogathat\u00f3, m\u00e9rete:  7,5 x 2,5 x 0,7 cm (1-2. k\u00e9p)\n\nAz \u00e1r tartalmazza a kit\u0171z\u0151 alapot, az egyedi grav\u00edroz\u00e1st illetve m\u00e1gneses vagy t\u0171s felfogat\u00e1st \nis. \nA k\u00edv\u00e1nt feliratot\/log\u00f3t v\u00e1s\u00e1rl\u00e1st k\u00f6vet\u0151en e-mailben v\u00e1rom!\n\nHa mindkett\u0151b\u0151l szeretn\u00e9l rendelni, a darabsz\u00e1mot add meg, a t\u00f6bbit v\u00e1s\u00e1rl\u00e1st k\u00f6vet\u0151en e-mailben egyeztetj\u00fck.\n\nElk\u00e9sz\u00edt\u00e9se: utal\u00e1st k\u00f6vet\u0151en 4-10 munkanap\nS\u00fcrg\u0151ss\u00e9gi fel\u00e1r (+ 3.000 Ft)  eset\u00e9n: 1-3 munkanap\n\nSzem\u00e9lyes \u00e1tv\u00e9tel Debrecenben lehets\u00e9ges\n\nPost\u00e1z\u00e1s: mindenkori d\u00edjszab\u00e1s szerint\n\nV\u00e1s\u00e1rolt alapanyagra saj\u00e1t munka a tervez\u00e9s, v\u00e1g\u00e1s, grav\u00edroz\u00e1s","score":11.078467,"formatted_price":"650 Ft","image_url":"https:\/\/www.meska.hu\/img\/product\/small\/l\/a\/lasergravir_product_431554_251005201639_662971.jpeg","formatted_url":"https:\/\/www.meska.hu\/p5639526-egyedi-gravirozott-fem-kituzo-nevtabla","favourite":false,"in_stock":false,"avatar":"431554_avatar_1645183874.jpeg","delete_from":0,"is_enhanced_background":false,"is_enhanced":false,"product_selection_started":false,"is_active":true,"image_webp_url":"https:\/\/www.meska.hu\/img\/product\/small\/l\/a\/lasergravir_product_431554_251005201639_662971.webp"},{"id":"3397281","shop_id":"30281","user_id":"381656","shop_name":"Fremira","shop_zip":"5350","product_code":"3916199","product_name_old":null,"product_name":"N\u00e9vt\u00e1bla","category_string":"Baba - mama, Gyerek n\u00e9vt\u00e1bla, Babaszoba dekor\u00e1ci\u00f3","technic_string":"Famegmunk\u00e1l\u00e1s","category_1":"1497","category_2":"1735","category_3":"1466","category_4":"0","merged_category_1":"0","merged_category_2":"0","merged_category_3":"0","technic_1":"478","technic_2":"0","technic_3":"0","color_1":"514","color_2":"521","color_3":"528","product_description_old":null,"product_description":"Egyedi ig\u00e9nyek alapj\u00e1n, k\u00fcl\u00f6nb\u00f6z\u0151 sz\u00ednekben, mint\u00e1kkal, n\u00e9vre sz\u00f3l\u00f3an k\u00e9sz\u00edtett n\u00e9vt\u00e1bl\u00e1k.","price":"8500.00","unit":"db","recommended":"0","status":"1","sponsored":"0","exp_notify":"0","own_material":"0","own_material_description_old":null,"own_material_description":"","jury":"0","jury_number":"","product_nature":"","meskaracsony":"0","create_date":"2026-02-21 14:37:50","shelve_id":"0","image":"fremira_product_381656_201111213330_290550.jpeg","image_width":"480","image_height":"480","image_alt":"N\u00e9vt\u00e1bla, Egyedi ig\u00e9nyek alapj\u00e1n, k\u00fcl\u00f6nb\u00f6z\u0151 sz\u00ednekben, mint\u00e1kkal, n\u00e9vre sz\u00f3l\u00f3an k\u00e9sz\u00edtett n\u00e9vt\u00e1bl\u00e1k...., Meska","image_title":"N\u00e9vt\u00e1bla, Meska","view_count":"1854","favourite_count":"0","trending_score":"0","last2MonthFavouriteCount":"0","promotion":"0","giftcard_accept":"1","creditcard_accept":false,"enhanced_background":"0","domain":"meska","specific_customer_id":null,"specific_customer_name":null,"to_order_product":"1","to_order_product_time":"15","product_different":"different","product_different_description":"Egyedi ig\u00e9nyek alapj\u00e1n, k\u00fcl\u00f6nb\u00f6z\u0151 sz\u00ednekben, mint\u00e1kkal, n\u00e9vre sz\u00f3l\u00f3an k\u00e9sz\u00edtett n\u00e9vt\u00e1bl\u00e1k.","vintage":"0","vintage_category_id":"0","recycled":"0","gemstone_id":"0","customizable":"0","type_category":"physical","zerowaste":"0","postage_price":"1290.00","shop_order":"0","has_category":"1","landing_pages":null,"microdata":{"number":16,"category":""},"title":"N\u00e9vt\u00e1bla","description":"Egyedi ig\u00e9nyek alapj\u00e1n, k\u00fcl\u00f6nb\u00f6z\u0151 sz\u00ednekben, mint\u00e1kkal, n\u00e9vre sz\u00f3l\u00f3an k\u00e9sz\u00edtett n\u00e9vt\u00e1bl\u00e1k.","score":11.078467,"formatted_price":"8 500 Ft","image_url":"https:\/\/www.meska.hu\/img\/product\/small\/f\/r\/fremira_product_381656_201111213330_290550.jpeg","formatted_url":"https:\/\/www.meska.hu\/p3916199-nevtabla","favourite":false,"in_stock":false,"avatar":"381656_avatar_1705338345.jpeg","delete_from":0,"is_enhanced_background":false,"is_enhanced":false,"product_selection_started":false,"is_active":true,"image_webp_url":"https:\/\/www.meska.hu\/img\/product\/small\/f\/r\/fremira_product_381656_201111213330_290550.webp"},{"id":"6124907","shop_id":"42555","user_id":"605557","shop_name":"LaserMemories","shop_zip":"3350","product_code":"5738371","product_name_old":null,"product_name":"Esk\u00fcv\u0151i dupla hatsz\u00f6g alak\u00fa n\u00e9vt\u00e1bla","category_string":"Esk\u00fcv\u0151, Dekor\u00e1ci\u00f3, Helysz\u00edni dekor","technic_string":"Famegmunk\u00e1l\u00e1s","category_1":"317","category_2":"907","category_3":"731","category_4":"0","merged_category_1":null,"merged_category_2":null,"merged_category_3":null,"technic_1":"478","technic_2":"0","technic_3":"0","color_1":"512","color_2":"0","color_3":"0","product_description_old":null,"product_description":"Figyelem !! Csak h\u00e1zhoz sz\u00e1ll\u00edt\u00e1ssal k\u00e9rhet\u0151 term\u00e9k !!!\n\n\nEleg\u00e1ns, egyedi k\u00e9sz\u00edt\u00e9s\u0171 l\u00e9zerv\u00e1gott esk\u00fcv\u0151i t\u00e1bla, amely t\u00f6k\u00e9letes d\u00edsze lehet a f\u0151asztal h\u00e1tter\u00e9nek. A hatsz\u00f6g (hexagon) form\u00e1j\u00fa t\u00e1bl\u00e1ra a p\u00e1r neve ker\u00fcl  kiv\u00e1gva \u2013 letisztult, st\u00edlusos megjelen\u00e9ssel, ami illik boh\u00f3, rusztikus, vintage vagy modern esk\u00fcv\u0151i dekor\u00e1ci\u00f3hoz is.\n\nT\u00f6k\u00e9letes v\u00e1laszt\u00e1s:\n\nf\u0151asztal m\u00f6g\u00e9 h\u00e1tt\u00e9rdekor\u00e1ci\u00f3nak,\n\nfot\u00f3fal el\u00e9,\n\ncerem\u00f3nia helysz\u00ednre,\n\notthoni eml\u00e9kk\u00e9nt az esk\u00fcv\u0151 ut\u00e1n.\n\n\nSz\u00ednek, bet\u0171t\u00edpusok \u00e9s m\u00e9retek ig\u00e9ny szerint v\u00e1laszthat\u00f3k \u2013 \u00edrj \u00fczenetet, \u00e9s egyeztetj\u00fck a r\u00e9szleteket!\n\nEz a t\u00e1bla nemcsak l\u00e1tv\u00e1nyos esk\u00fcv\u0151i dekor\u00e1ci\u00f3, de \u00f6r\u00f6k eml\u00e9k is, amely az otthonotok fal\u00e1n is gy\u00f6ny\u00f6r\u0171en mutat majd.","price":"11000.00","unit":"db","recommended":"0","status":"1","sponsored":"0","exp_notify":"0","own_material":"0","own_material_description_old":null,"own_material_description":"","jury":"0","jury_number":"","product_nature":"","meskaracsony":"0","create_date":"2026-02-22 07:07:09","shelve_id":"80729","image":"lasermemories_product_605557_240724111819_166527.jpeg","image_width":"480","image_height":"640","image_alt":"Esk\u00fcv\u0151i dupla hatsz\u00f6g alak\u00fa n\u00e9vt\u00e1bla, Figyelem !! Csak h\u00e1zhoz sz\u00e1ll\u00edt\u00e1ssal k\u00e9rhet\u0151 term\u00e9k !!!\\n\\n\\nEleg\u00e1ns, egyedi k\u00e9sz\u00edt\u00e9s\u0171 l\u00e9zerv\u00e1gott esk\u00fc..., Meska","image_title":"Esk\u00fcv\u0151i dupla hatsz\u00f6g alak\u00fa n\u00e9vt\u00e1bla, Meska","view_count":"57","favourite_count":"0","trending_score":"0","last2MonthFavouriteCount":"0","promotion":"0","giftcard_accept":"0","creditcard_accept":true,"enhanced_background":"0","domain":"meska","specific_customer_id":null,"specific_customer_name":null,"to_order_product":"1","to_order_product_time":"2","product_different":null,"product_different_description":"","vintage":"0","vintage_category_id":"0","recycled":"0","gemstone_id":"0","customizable":"1","type_category":"physical","zerowaste":"0","postage_price":"2500.00","shop_order":"0","has_category":"1","landing_pages":null,"microdata":{"number":17,"category":""},"title":"Esk\u00fcv\u0151i dupla hatsz\u00f6g alak\u00fa n\u00e9vt\u00e1bla","description":"Figyelem !! Csak h\u00e1zhoz sz\u00e1ll\u00edt\u00e1ssal k\u00e9rhet\u0151 term\u00e9k !!!\n\n\nEleg\u00e1ns, egyedi k\u00e9sz\u00edt\u00e9s\u0171 l\u00e9zerv\u00e1gott esk\u00fcv\u0151i t\u00e1bla, amely t\u00f6k\u00e9letes d\u00edsze lehet a f\u0151asztal h\u00e1tter\u00e9nek. A hatsz\u00f6g (hexagon) form\u00e1j\u00fa t\u00e1bl\u00e1ra a p\u00e1r neve ker\u00fcl  kiv\u00e1gva \u2013 letisztult, st\u00edlusos megjelen\u00e9ssel, ami illik boh\u00f3, rusztikus, vintage vagy modern esk\u00fcv\u0151i dekor\u00e1ci\u00f3hoz is.\n\nT\u00f6k\u00e9letes v\u00e1laszt\u00e1s:\n\nf\u0151asztal m\u00f6g\u00e9 h\u00e1tt\u00e9rdekor\u00e1ci\u00f3nak,\n\nfot\u00f3fal el\u00e9,\n\ncerem\u00f3nia helysz\u00ednre,\n\notthoni eml\u00e9kk\u00e9nt az esk\u00fcv\u0151 ut\u00e1n.\n\n\nSz\u00ednek, bet\u0171t\u00edpusok \u00e9s m\u00e9retek ig\u00e9ny szerint v\u00e1laszthat\u00f3k \u2013 \u00edrj \u00fczenetet, \u00e9s egyeztetj\u00fck a r\u00e9szleteket!\n\nEz a t\u00e1bla nemcsak l\u00e1tv\u00e1nyos esk\u00fcv\u0151i dekor\u00e1ci\u00f3, de \u00f6r\u00f6k eml\u00e9k is, amely az otthonotok fal\u00e1n is gy\u00f6ny\u00f6r\u0171en mutat majd.","score":11.078467,"formatted_price":"11 000 Ft","image_url":"https:\/\/www.meska.hu\/img\/product\/small\/l\/a\/lasermemories_product_605557_240724111819_166527.jpeg","formatted_url":"https:\/\/www.meska.hu\/p5738371-eskuvoi-dupla-hatszog-alaku-nevtabla","favourite":false,"in_stock":false,"avatar":"605557_avatar_1696093903.jpeg","delete_from":0,"is_enhanced_background":false,"is_enhanced":false,"product_selection_started":false,"is_active":true,"image_webp_url":"https:\/\/www.meska.hu\/img\/product\/small\/l\/a\/lasermemories_product_605557_240724111819_166527.webp"},{"id":"5790718","shop_id":"48906","user_id":"718119","shop_name":"handmadebyagi","shop_zip":"5502","product_code":"5551584","product_name_old":null,"product_name":"\u00c9getett n\u00e9vt\u00e1bla kedvencednek","category_string":"Otthon & \u00c9letm\u00f3d, Dekor\u00e1ci\u00f3, K\u00e9p & Falik\u00e9p, F\u00e1b\u00f3l k\u00e9sz\u00fclt k\u00e9p","technic_string":"Grav\u00edroz\u00e1s, pirogr\u00e1fia","category_1":"813","category_2":"314","category_3":"417","category_4":"1433","merged_category_1":null,"merged_category_2":null,"merged_category_3":null,"technic_1":"796","technic_2":"0","technic_3":"0","color_1":"514","color_2":"0","color_3":"0","product_description_old":null,"product_description":"K\u00e9zzel k\u00e9sz\u00fclt n\u00e9vt\u00e1bla kedvencednek! Ebben az esetben egy 10*10cm-es fa lemezre lett \u00e9getve, mely 2 mm vastag.\nK\u00e9rhet\u0151 m\u00e1s m\u00e9retben, illetve \u00edves falemezre is. Ebben az esetben a v\u00e1laszt\u00e9kr\u00f3l k\u00fcl\u00f6n \u00fczenetben kell egyeztetni.\n","price":"899.00","unit":"db","recommended":"0","status":"1","sponsored":"0","exp_notify":"0","own_material":"0","own_material_description_old":null,"own_material_description":"","jury":"0","jury_number":"","product_nature":"","meskaracsony":"0","create_date":"2026-02-22 14:09:21","shelve_id":"81658","image":"handmadebyagi_product_718119_250513165143_162464.jpeg","image_width":"480","image_height":"467","image_alt":"\u00c9getett n\u00e9vt\u00e1bla kedvencednek, K\u00e9zzel k\u00e9sz\u00fclt n\u00e9vt\u00e1bla kedvencednek! Ebben az esetben egy 10*10cm-es fa lemezre lett \u00e9getve, mely 2..., Meska","image_title":"\u00c9getett n\u00e9vt\u00e1bla kedvencednek, Meska","view_count":"286","favourite_count":"0","trending_score":"0","last2MonthFavouriteCount":"0","promotion":"0","giftcard_accept":"0","creditcard_accept":true,"enhanced_background":"0","domain":"meska","specific_customer_id":null,"specific_customer_name":null,"to_order_product":"1","to_order_product_time":"3","product_different":null,"product_different_description":"","vintage":"0","vintage_category_id":"0","recycled":"0","gemstone_id":"0","customizable":"0","type_category":"physical","zerowaste":"0","postage_price":"2390.00","shop_order":"0","has_category":"1","landing_pages":null,"microdata":{"number":18,"category":""},"title":"\u00c9getett n\u00e9vt\u00e1bla kedvencednek","description":"K\u00e9zzel k\u00e9sz\u00fclt n\u00e9vt\u00e1bla kedvencednek! Ebben az esetben egy 10*10cm-es fa lemezre lett \u00e9getve, mely 2 mm vastag.\nK\u00e9rhet\u0151 m\u00e1s m\u00e9retben, illetve \u00edves falemezre is. Ebben az esetben a v\u00e1laszt\u00e9kr\u00f3l k\u00fcl\u00f6n \u00fczenetben kell egyeztetni.\n","score":11.078467,"formatted_price":"899 Ft","image_url":"https:\/\/www.meska.hu\/img\/product\/small\/h\/a\/handmadebyagi_product_718119_250513165143_162464.jpeg","formatted_url":"https:\/\/www.meska.hu\/p5551584-egetett-nevtabla-kedvencednek","favourite":false,"in_stock":false,"avatar":"718119_avatar_1746174488.jpeg","delete_from":0,"is_enhanced_background":false,"is_enhanced":false,"product_selection_started":false,"is_active":true,"image_webp_url":"https:\/\/www.meska.hu\/img\/product\/small\/h\/a\/handmadebyagi_product_718119_250513165143_162464.webp"},{"id":"5953896","shop_id":"44512","user_id":"638839","shop_name":"Retrolett","shop_zip":"1222","product_code":"5643849","product_name_old":null,"product_name":"Vizil\u00f3 kerek n\u00e9vt\u00e1bla gyerekszob\u00e1ba, ajt\u00f3ra f\u00e1b\u00f3l, gyerekszoba dekor\u00e1ci\u00f3, babav\u00e1r\u00f3 buliba aj\u00e1nd\u00e9k\u00f6tlet","category_string":"Baba - mama, Gyerek n\u00e9vt\u00e1bla, Babaszoba dekor\u00e1ci\u00f3","technic_string":"Festett t\u00e1rgyak, Famegmunk\u00e1l\u00e1s","category_1":"1497","category_2":"1735","category_3":"1466","category_4":"0","merged_category_1":null,"merged_category_2":null,"merged_category_3":null,"technic_1":"481","technic_2":"478","technic_3":"0","color_1":"515","color_2":"519","color_3":"521","product_description_old":null,"product_description":"Vizil\u00f3 kerek n\u00e9vt\u00e1bla gyerekszob\u00e1ba t\u00f6bb r\u00e9tegb\u0151l \u00e1ll, k\u00e9zzel festem\nAj\u00e1nlom ajt\u00f3ra, gyerekszoba falra, kedves kis dekor\u00e1ci\u00f3, babav\u00e1r\u00f3 buliba, sz\u00fclet\u00e9snapra is szuper aj\u00e1nd\u00e9k\u00f6tlet, k\u00e9toldal\u00fa ragaszt\u00f3t teszek a h\u00e1tulj\u00e1ra, \u00edgy r\u00f6gz\u00edtheted a k\u00edv\u00e1nt fel\u00fcletre. \nA h\u00e1tt\u00e9r sz\u00edne v\u00e1laszthat\u00f3\n 25x23,5 cm","price":"15600.00","unit":"db","recommended":"0","status":"1","sponsored":"0","exp_notify":"0","own_material":"0","own_material_description_old":null,"own_material_description":"","jury":"0","jury_number":"","product_nature":"","meskaracsony":"0","create_date":"2026-02-07 14:02:54","shelve_id":"75790","image":"retrolett_product_638839_251010134655_942263.jpeg","image_width":"480","image_height":"485","image_alt":"Vizil\u00f3 kerek n\u00e9vt\u00e1bla gyerekszob\u00e1ba, ajt\u00f3ra f\u00e1b\u00f3l, gyerekszoba dekor\u00e1ci\u00f3, babav\u00e1r\u00f3 buliba aj\u00e1nd\u00e9k\u00f6tlet, Vizil\u00f3 kerek n\u00e9vt\u00e1bla gyerekszob\u00e1ba t\u00f6bb r\u00e9tegb\u0151l \u00e1ll, k\u00e9zzel festem\\nAj\u00e1nlom ajt\u00f3ra, gyerekszoba fal..., Meska","image_title":"Vizil\u00f3 kerek n\u00e9vt\u00e1bla gyerekszob\u00e1ba, ajt\u00f3ra f\u00e1b\u00f3l, gyerekszoba dekor\u00e1ci\u00f3, babav\u00e1r\u00f3 buliba aj\u00e1nd\u00e9k\u00f6tlet, Meska","view_count":"98","favourite_count":"0","trending_score":"0","last2MonthFavouriteCount":"0","promotion":"0","giftcard_accept":"0","creditcard_accept":true,"enhanced_background":"0","domain":"meska","specific_customer_id":null,"specific_customer_name":null,"to_order_product":"1","to_order_product_time":"7","product_different":null,"product_different_description":"","vintage":"0","vintage_category_id":"0","recycled":"0","gemstone_id":"0","customizable":"1","type_category":"physical","zerowaste":"0","postage_price":"1290.00","shop_order":"0","has_category":"1","landing_pages":null,"microdata":{"number":19,"category":""},"title":"Vizil\u00f3 kerek n\u00e9vt\u00e1bla gyerekszob\u00e1ba, ajt\u00f3ra f\u00e1b\u00f3l, gyerekszoba dekor\u00e1ci\u00f3, babav\u00e1r\u00f3 buliba aj\u00e1nd\u00e9k\u00f6tlet","description":"Vizil\u00f3 kerek n\u00e9vt\u00e1bla gyerekszob\u00e1ba t\u00f6bb r\u00e9tegb\u0151l \u00e1ll, k\u00e9zzel festem\nAj\u00e1nlom ajt\u00f3ra, gyerekszoba falra, kedves kis dekor\u00e1ci\u00f3, babav\u00e1r\u00f3 buliba, sz\u00fclet\u00e9snapra is szuper aj\u00e1nd\u00e9k\u00f6tlet, k\u00e9toldal\u00fa ragaszt\u00f3t teszek a h\u00e1tulj\u00e1ra, \u00edgy r\u00f6gz\u00edtheted a k\u00edv\u00e1nt fel\u00fcletre. \nA h\u00e1tt\u00e9r sz\u00edne v\u00e1laszthat\u00f3\n 25x23,5 cm","score":11.078467,"formatted_price":"15 600 Ft","image_url":"https:\/\/www.meska.hu\/img\/product\/small\/r\/e\/retrolett_product_638839_251010134655_942263.jpeg","formatted_url":"https:\/\/www.meska.hu\/p5643849-vizilo-kerek-nevtabla-gyerekszobaba-ajtora-fabol-gyerekszoba-dekoracio-babavaro-buliba-ajandekotlet","favourite":false,"in_stock":false,"avatar":"638839_avatar_1731403103.jpeg","delete_from":0,"is_enhanced_background":false,"is_enhanced":false,"product_selection_started":false,"is_active":true,"image_webp_url":"https:\/\/www.meska.hu\/img\/product\/small\/r\/e\/retrolett_product_638839_251010134655_942263.webp"},{"id":"5953895","shop_id":"44512","user_id":"638839","shop_name":"Retrolett","shop_zip":"1222","product_code":"5643848","product_name_old":null,"product_name":"M\u00e9hecske kerek n\u00e9vt\u00e1bla gyerekszob\u00e1ba, ajt\u00f3ra f\u00e1b\u00f3l, gyerekszoba dekor\u00e1ci\u00f3, babav\u00e1r\u00f3 buliba aj\u00e1nd\u00e9k\u00f6tlet","category_string":"Baba - mama, Gyerek n\u00e9vt\u00e1bla, Babaszoba dekor\u00e1ci\u00f3","technic_string":"Festett t\u00e1rgyak, Famegmunk\u00e1l\u00e1s","category_1":"1497","category_2":"1735","category_3":"1466","category_4":"0","merged_category_1":null,"merged_category_2":null,"merged_category_3":null,"technic_1":"481","technic_2":"478","technic_3":"0","color_1":"515","color_2":"519","color_3":"521","product_description_old":null,"product_description":"M\u00e9hecske kerek n\u00e9vt\u00e1bla gyerekszob\u00e1ba t\u00f6bb r\u00e9tegb\u0151l \u00e1ll, k\u00e9zzel festem\nAj\u00e1nlom ajt\u00f3ra, gyerekszoba falra, kedves kis dekor\u00e1ci\u00f3, babav\u00e1r\u00f3 buliba, sz\u00fclet\u00e9snapra is szuper aj\u00e1nd\u00e9k\u00f6tlet, k\u00e9toldal\u00fa ragaszt\u00f3t teszek a h\u00e1tulj\u00e1ra, \u00edgy r\u00f6gz\u00edtheted a k\u00edv\u00e1nt fel\u00fcletre. \nA h\u00e1tt\u00e9r sz\u00edne v\u00e1laszthat\u00f3\n 25x23,5 cm","price":"15600.00","unit":"db","recommended":"0","status":"1","sponsored":"0","exp_notify":"0","own_material":"0","own_material_description_old":null,"own_material_description":"","jury":"0","jury_number":"","product_nature":"","meskaracsony":"0","create_date":"2026-02-07 14:02:53","shelve_id":"75790","image":"retrolett_product_638839_251010134558_061838.jpeg","image_width":"480","image_height":"478","image_alt":"M\u00e9hecske kerek n\u00e9vt\u00e1bla gyerekszob\u00e1ba, ajt\u00f3ra f\u00e1b\u00f3l, gyerekszoba dekor\u00e1ci\u00f3, babav\u00e1r\u00f3 buliba aj\u00e1nd\u00e9k\u00f6tlet, M\u00e9hecske kerek n\u00e9vt\u00e1bla gyerekszob\u00e1ba t\u00f6bb r\u00e9tegb\u0151l \u00e1ll, k\u00e9zzel festem\\nAj\u00e1nlom ajt\u00f3ra, gyerekszoba f..., Meska","image_title":"M\u00e9hecske kerek n\u00e9vt\u00e1bla gyerekszob\u00e1ba, ajt\u00f3ra f\u00e1b\u00f3l, gyerekszoba dekor\u00e1ci\u00f3, babav\u00e1r\u00f3 buliba aj\u00e1nd\u00e9k\u00f6tlet, Meska","view_count":"115","favourite_count":"0","trending_score":"0","last2MonthFavouriteCount":"0","promotion":"0","giftcard_accept":"0","creditcard_accept":true,"enhanced_background":"0","domain":"meska","specific_customer_id":null,"specific_customer_name":null,"to_order_product":"1","to_order_product_time":"7","product_different":null,"product_different_description":"","vintage":"0","vintage_category_id":"0","recycled":"0","gemstone_id":"0","customizable":"1","type_category":"physical","zerowaste":"0","postage_price":"1290.00","shop_order":"0","has_category":"1","landing_pages":null,"microdata":{"number":20,"category":""},"title":"M\u00e9hecske kerek n\u00e9vt\u00e1bla gyerekszob\u00e1ba, ajt\u00f3ra f\u00e1b\u00f3l, gyerekszoba dekor\u00e1ci\u00f3, babav\u00e1r\u00f3 buliba aj\u00e1nd\u00e9k\u00f6tlet","description":"M\u00e9hecske kerek n\u00e9vt\u00e1bla gyerekszob\u00e1ba t\u00f6bb r\u00e9tegb\u0151l \u00e1ll, k\u00e9zzel festem\nAj\u00e1nlom ajt\u00f3ra, gyerekszoba falra, kedves kis dekor\u00e1ci\u00f3, babav\u00e1r\u00f3 buliba, sz\u00fclet\u00e9snapra is szuper aj\u00e1nd\u00e9k\u00f6tlet, k\u00e9toldal\u00fa ragaszt\u00f3t teszek a h\u00e1tulj\u00e1ra, \u00edgy r\u00f6gz\u00edtheted a k\u00edv\u00e1nt fel\u00fcletre. \nA h\u00e1tt\u00e9r sz\u00edne v\u00e1laszthat\u00f3\n 25x23,5 cm","score":11.078467,"formatted_price":"15 600 Ft","image_url":"https:\/\/www.meska.hu\/img\/product\/small\/r\/e\/retrolett_product_638839_251010134558_061838.jpeg","formatted_url":"https:\/\/www.meska.hu\/p5643848-mehecske-kerek-nevtabla-gyerekszobaba-ajtora-fabol-gyerekszoba-dekoracio-babavaro-buliba-ajandekotlet","favourite":false,"in_stock":false,"avatar":"638839_avatar_1731403103.jpeg","delete_from":0,"is_enhanced_background":false,"is_enhanced":false,"product_selection_started":false,"is_active":true,"image_webp_url":"https:\/\/www.meska.hu\/img\/product\/small\/r\/e\/retrolett_product_638839_251010134558_061838.webp"},{"id":"5667211","shop_id":"44862","user_id":"643583","shop_name":"SugiDesign","shop_zip":"3346","product_code":"5481737","product_name_old":null,"product_name":"Baba n\u00e9vtabla l\u00e1nyos","category_string":"Baba - mama, Baba n\u00e9vt\u00e1bla, Babaszoba dekor\u00e1ci\u00f3","technic_string":"Grav\u00edroz\u00e1s, pirogr\u00e1fia","category_1":"1735","category_2":"1760","category_3":"1466","category_4":"0","merged_category_1":null,"merged_category_2":null,"merged_category_3":null,"technic_1":"796","technic_2":"0","technic_3":"0","color_1":"519","color_2":"525","color_3":"0","product_description_old":null,"product_description":"Egy kisbaba sz\u00fclet\u00e9se minden csal\u00e1d \u00e9let\u00e9ben fontos esem\u00e9ny, amely mindig \u00f6r\u00f6k eml\u00e9k! Szuper aj\u00e1nd\u00e9k babak\u00f6sz\u00f6nt\u0151re, sz\u00fclet\u00e9snapra, n\u00e9vnapra, keresztel\u0151 vagy n\u00e9vad\u00f3 alkalm\u00e1b\u00f3l! Ez a kis t\u00e1bla a gyerekszoba cs\u00facspontja lehet a sz\u00fclet\u00e9s legfontosabb adataival szem\u00e9lyre szabva, n\u00e9vre sz\u00f3l\u00f3, ez\u00e9rt az egyik legkeresettebb aj\u00e1nd\u00e9k. A sz\u00fclet\u00e9si adatok a n\u00e9vt\u00e1bl\u00e1n  van grav\u00edrozva. A n\u00e9v \u00e9s a l\u00f3g\u00f3k t\u00f6bb sz\u00ednben  is k\u00e9rhet\u0151 \u00e9s a szalag sz\u00edne is v\u00e1laszthat\u00f3. Rendel\u00e9skor k\u00e9rj\u00fck \u00edrd meg a grav\u00edrozand\u00f3 adatokat \u00e9s sz\u00edneket. A t\u00e1bla kb 15x24 cm .","price":"6590.00","unit":"db","recommended":"0","status":"1","sponsored":"0","exp_notify":"0","own_material":"0","own_material_description_old":null,"own_material_description":"","jury":"0","jury_number":"","product_nature":"","meskaracsony":"0","create_date":"2026-01-14 22:14:41","shelve_id":"0","image":"sugidesign_product_643583_250119195133_852832.jpeg","image_width":"480","image_height":"396","image_alt":"Baba n\u00e9vtabla l\u00e1nyos, Egy kisbaba sz\u00fclet\u00e9se minden csal\u00e1d \u00e9let\u00e9ben fontos esem\u00e9ny, amely mindig \u00f6r\u00f6k eml\u00e9k! Szuper aj\u00e1nd\u00e9k..., Meska","image_title":"Baba n\u00e9vtabla l\u00e1nyos, Meska","view_count":"306","favourite_count":"0","trending_score":"0","last2MonthFavouriteCount":"0","promotion":"0","giftcard_accept":"0","creditcard_accept":false,"enhanced_background":"0","domain":"meska","specific_customer_id":null,"specific_customer_name":null,"to_order_product":"1","to_order_product_time":"5","product_different":null,"product_different_description":"","vintage":"0","vintage_category_id":"0","recycled":"0","gemstone_id":"0","customizable":"0","type_category":"physical","zerowaste":"0","postage_price":"1290.00","shop_order":"0","has_category":"1","landing_pages":null,"microdata":{"number":21,"category":""},"title":"Baba n\u00e9vtabla l\u00e1nyos","description":"Egy kisbaba sz\u00fclet\u00e9se minden csal\u00e1d \u00e9let\u00e9ben fontos esem\u00e9ny, amely mindig \u00f6r\u00f6k eml\u00e9k! Szuper aj\u00e1nd\u00e9k babak\u00f6sz\u00f6nt\u0151re, sz\u00fclet\u00e9snapra, n\u00e9vnapra, keresztel\u0151 vagy n\u00e9vad\u00f3 alkalm\u00e1b\u00f3l! Ez a kis t\u00e1bla a gyerekszoba cs\u00facspontja lehet a sz\u00fclet\u00e9s legfontosabb adataival szem\u00e9lyre szabva, n\u00e9vre sz\u00f3l\u00f3, ez\u00e9rt az egyik legkeresettebb aj\u00e1nd\u00e9k. A sz\u00fclet\u00e9si adatok a n\u00e9vt\u00e1bl\u00e1n  van grav\u00edrozva. A n\u00e9v \u00e9s a l\u00f3g\u00f3k t\u00f6bb sz\u00ednben  is k\u00e9rhet\u0151 \u00e9s a szalag sz\u00edne is v\u00e1laszthat\u00f3. Rendel\u00e9skor k\u00e9rj\u00fck \u00edrd meg a grav\u00edrozand\u00f3 adatokat \u00e9s sz\u00edneket. A t\u00e1bla kb 15x24 cm .","score":11.078467,"formatted_price":"6 590 Ft","image_url":"https:\/\/www.meska.hu\/img\/product\/small\/s\/u\/sugidesign_product_643583_250119195133_852832.jpeg","formatted_url":"https:\/\/www.meska.hu\/p5481737-baba-nevtabla-lanyos","favourite":false,"in_stock":false,"avatar":"643583_avatar_1712137235.jpeg","delete_from":0,"is_enhanced_background":false,"is_enhanced":false,"product_selection_started":false,"is_active":true,"image_webp_url":"https:\/\/www.meska.hu\/img\/product\/small\/s\/u\/sugidesign_product_643583_250119195133_852832.webp"},{"id":"5953892","shop_id":"44512","user_id":"638839","shop_name":"Retrolett","shop_zip":"1222","product_code":"5643846","product_name_old":null,"product_name":"Unikornis kerek n\u00e9vt\u00e1bla gyerekszob\u00e1ba, ajt\u00f3ra f\u00e1b\u00f3l, gyerekszoba dekor\u00e1ci\u00f3, babav\u00e1r\u00f3 buliba aj\u00e1nd\u00e9k\u00f6tlet","category_string":"Baba - mama, Gyerek n\u00e9vt\u00e1bla, Babaszoba dekor\u00e1ci\u00f3","technic_string":"Festett t\u00e1rgyak, Famegmunk\u00e1l\u00e1s","category_1":"1497","category_2":"1735","category_3":"1466","category_4":"0","merged_category_1":null,"merged_category_2":null,"merged_category_3":null,"technic_1":"481","technic_2":"478","technic_3":"0","color_1":"515","color_2":"519","color_3":"521","product_description_old":null,"product_description":"Unikornis kerek n\u00e9vt\u00e1bla gyerekszob\u00e1ba t\u00f6bb r\u00e9tegb\u0151l \u00e1ll, k\u00e9zzel festem\nAj\u00e1nlom ajt\u00f3ra, gyerekszoba falra, kedves kis dekor\u00e1ci\u00f3, babav\u00e1r\u00f3 buliba, sz\u00fclet\u00e9snapra is szuper aj\u00e1nd\u00e9k\u00f6tlet, k\u00e9toldal\u00fa ragaszt\u00f3t teszek a h\u00e1tulj\u00e1ra, \u00edgy r\u00f6gz\u00edtheted a k\u00edv\u00e1nt fel\u00fcletre. \nA h\u00e1tt\u00e9r sz\u00edne v\u00e1laszthat\u00f3\n 25x23,5 cm","price":"15600.00","unit":"db","recommended":"0","status":"1","sponsored":"0","exp_notify":"0","own_material":"0","own_material_description_old":null,"own_material_description":"","jury":"0","jury_number":"","product_nature":"","meskaracsony":"0","create_date":"2026-02-07 14:02:47","shelve_id":"75790","image":"retrolett_product_638839_251010134439_481297.jpeg","image_width":"480","image_height":"548","image_alt":"Unikornis kerek n\u00e9vt\u00e1bla gyerekszob\u00e1ba, ajt\u00f3ra f\u00e1b\u00f3l, gyerekszoba dekor\u00e1ci\u00f3, babav\u00e1r\u00f3 buliba aj\u00e1nd\u00e9k\u00f6tlet, Unikornis kerek n\u00e9vt\u00e1bla gyerekszob\u00e1ba t\u00f6bb r\u00e9tegb\u0151l \u00e1ll, k\u00e9zzel festem\\nAj\u00e1nlom ajt\u00f3ra, gyerekszoba ..., Meska","image_title":"Unikornis kerek n\u00e9vt\u00e1bla gyerekszob\u00e1ba, ajt\u00f3ra f\u00e1b\u00f3l, gyerekszoba dekor\u00e1ci\u00f3, babav\u00e1r\u00f3 buliba aj\u00e1nd\u00e9k\u00f6tlet, Meska","view_count":"101","favourite_count":"0","trending_score":"0","last2MonthFavouriteCount":"0","promotion":"0","giftcard_accept":"0","creditcard_accept":true,"enhanced_background":"0","domain":"meska","specific_customer_id":null,"specific_customer_name":null,"to_order_product":"1","to_order_product_time":"7","product_different":null,"product_different_description":"","vintage":"0","vintage_category_id":"0","recycled":"0","gemstone_id":"0","customizable":"1","type_category":"physical","zerowaste":"0","postage_price":"1290.00","shop_order":"0","has_category":"1","landing_pages":null,"microdata":{"number":22,"category":""},"title":"Unikornis kerek n\u00e9vt\u00e1bla gyerekszob\u00e1ba, ajt\u00f3ra f\u00e1b\u00f3l, gyerekszoba dekor\u00e1ci\u00f3, babav\u00e1r\u00f3 buliba aj\u00e1nd\u00e9k\u00f6tlet","description":"Unikornis kerek n\u00e9vt\u00e1bla gyerekszob\u00e1ba t\u00f6bb r\u00e9tegb\u0151l \u00e1ll, k\u00e9zzel festem\nAj\u00e1nlom ajt\u00f3ra, gyerekszoba falra, kedves kis dekor\u00e1ci\u00f3, babav\u00e1r\u00f3 buliba, sz\u00fclet\u00e9snapra is szuper aj\u00e1nd\u00e9k\u00f6tlet, k\u00e9toldal\u00fa ragaszt\u00f3t teszek a h\u00e1tulj\u00e1ra, \u00edgy r\u00f6gz\u00edtheted a k\u00edv\u00e1nt fel\u00fcletre. \nA h\u00e1tt\u00e9r sz\u00edne v\u00e1laszthat\u00f3\n 25x23,5 cm","score":11.078467,"formatted_price":"15 600 Ft","image_url":"https:\/\/www.meska.hu\/img\/product\/small\/r\/e\/retrolett_product_638839_251010134439_481297.jpeg","formatted_url":"https:\/\/www.meska.hu\/p5643846-unikornis-kerek-nevtabla-gyerekszobaba-ajtora-fabol-gyerekszoba-dekoracio-babavaro-buliba-ajandekotlet","favourite":false,"in_stock":false,"avatar":"638839_avatar_1731403103.jpeg","delete_from":0,"is_enhanced_background":false,"is_enhanced":false,"product_selection_started":false,"is_active":true,"image_webp_url":"https:\/\/www.meska.hu\/img\/product\/small\/r\/e\/retrolett_product_638839_251010134439_481297.webp"},{"id":"4532762","shop_id":"38741","user_id":"526655","shop_name":"ENGravING","shop_zip":"6725","product_code":"4803656","product_name_old":null,"product_name":"N\u00e9vt\u00e1bla","category_string":"Baba - mama, Gyerek n\u00e9vt\u00e1bla, Babaszoba dekor\u00e1ci\u00f3","technic_string":"Famegmunk\u00e1l\u00e1s, Festett t\u00e1rgyak","category_1":"1497","category_2":"1735","category_3":"1466","category_4":"0","merged_category_1":"0","merged_category_2":"0","merged_category_3":"0","technic_1":"478","technic_2":"481","technic_3":"0","color_1":"515","color_2":"0","color_3":"0","product_description_old":null,"product_description":"Egyedi n\u00e9vt\u00e1bl\u00e1k, ig\u00e9ny szerinti mot\u00edvumokkal, melyet e-mailben tudunk eggyeztetni\nR\u00e9tegelt lemezb\u0151l k\u00e9sz\u00edtett\nK\u00e9zzel festett, v\u00edzb\u00e1zis\u00fa fest\u00e9kkel\nM\u00e9ret 28 cm\n\nA RENDEL\u00c9S MENETE:\n\n1. Rakd a kos\u00e1rba a kiv\u00e1lasztott term\u00e9ket majd v\u00e1s\u00e1rold meg \u0151ket a Meska fel\u00fclet\u00e9n\n\n2. Ezut\u00e1n megkapjuk egym\u00e1s el\u00e9rhet\u0151s\u00e9g\u00e9t, \u00e9s e-mailben egyeztetj\u00fck a r\u00e9szleteket\n\n3. Egyedi \u00f6tlet, vagy n\u00e9vresz\u00f3l\u00f3 term\u00e9k eset\u00e9n k\u00fcldeni fogok egy l\u00e1tv\u00e1nytervet a v\u00e1s\u00e1rolt term\u00e9kr\u0151l, amit meg tudsz n\u00e9zni. A tervez\u00e9s, illetve a l\u00e1tv\u00e1nyterv k\u00e9sz\u00edt\u00e9se nem j\u00e1r t\u00f6bbletk\u00f6lts\u00e9ggel, azt az \u00e1r tartalmazza.\n\n4. Amikor v\u00e9glegesen elfogadod a terveket, \u00e1tutal\u00e1ssal tudsz majd fizetni.\n\n5. Az \u00f6sszeg be\u00e9rkez\u00e9se ut\u00e1n k\u00e9sz\u00edtj\u00fck \u00e9s k\u00fcldj\u00fck a term\u00e9keidet.\n\n6. A term\u00e9keinket FOXPOST vagy Posta sz\u00e1ll\u00edtja\n\n7. Szeretn\u00e9nk folyamatosan fejl\u0151dni, \u00edgy fontos sz\u00e1munkra v\u00e1s\u00e1rl\u00f3ink v\u00e9lem\u00e9nye. Ez\u00e9rt k\u00e9rj\u00fck, hogy a sz\u00e1ll\u00edt\u00e1s megt\u00f6rt\u00e9nte ut\u00e1n \u00e9rt\u00e9keld boltunkat, melyet ez\u00faton is k\u00f6sz\u00f6n\u00fcnk!\n\nB\u00e1rmilyen egyedi \u00f6tlet vagy n\u00e9vresz\u00f3l\u00f3 aj\u00e1nd\u00e9k elk\u00e9sz\u00edt\u00e9s\u00e9vel kapcsoltban keress minket bizalommal. (:","price":"8500.00","unit":"db","recommended":"0","status":"1","sponsored":"0","exp_notify":"0","own_material":"0","own_material_description_old":null,"own_material_description":"","jury":"0","jury_number":"","product_nature":"","meskaracsony":"0","create_date":"2026-01-23 01:06:24","shelve_id":"0","image":"engraving_product_526655_221010200352_35412.jpeg","image_width":"480","image_height":"411","image_alt":"N\u00e9vt\u00e1bla, Egyedi n\u00e9vt\u00e1bl\u00e1k, ig\u00e9ny szerinti mot\u00edvumokkal, melyet e-mailben tudunk eggyeztetni\\nR\u00e9tegelt lemezb\u0151l..., Meska","image_title":"N\u00e9vt\u00e1bla, Meska","view_count":"1572","favourite_count":"0","trending_score":"0","last2MonthFavouriteCount":"0","promotion":"0","giftcard_accept":"0","creditcard_accept":false,"enhanced_background":"0","domain":"meska","specific_customer_id":null,"specific_customer_name":null,"to_order_product":"1","to_order_product_time":"10","product_different":null,"product_different_description":"","vintage":"0","vintage_category_id":"0","recycled":"0","gemstone_id":"0","customizable":"1","type_category":"physical","zerowaste":"0","postage_price":"1290.00","shop_order":"0","has_category":"1","landing_pages":null,"microdata":{"number":23,"category":""},"title":"N\u00e9vt\u00e1bla","description":"Egyedi n\u00e9vt\u00e1bl\u00e1k, ig\u00e9ny szerinti mot\u00edvumokkal, melyet e-mailben tudunk eggyeztetni\nR\u00e9tegelt lemezb\u0151l k\u00e9sz\u00edtett\nK\u00e9zzel festett, v\u00edzb\u00e1zis\u00fa fest\u00e9kkel\nM\u00e9ret 28 cm\n\nA RENDEL\u00c9S MENETE:\n\n1. Rakd a kos\u00e1rba a kiv\u00e1lasztott term\u00e9ket majd v\u00e1s\u00e1rold meg \u0151ket a Meska fel\u00fclet\u00e9n\n\n2. Ezut\u00e1n megkapjuk egym\u00e1s el\u00e9rhet\u0151s\u00e9g\u00e9t, \u00e9s e-mailben egyeztetj\u00fck a r\u00e9szleteket\n\n3. Egyedi \u00f6tlet, vagy n\u00e9vresz\u00f3l\u00f3 term\u00e9k eset\u00e9n k\u00fcldeni fogok egy l\u00e1tv\u00e1nytervet a v\u00e1s\u00e1rolt term\u00e9kr\u0151l, amit meg tudsz n\u00e9zni. A tervez\u00e9s, illetve a l\u00e1tv\u00e1nyterv k\u00e9sz\u00edt\u00e9se nem j\u00e1r t\u00f6bbletk\u00f6lts\u00e9ggel, azt az \u00e1r tartalmazza.\n\n4. Amikor v\u00e9glegesen elfogadod a terveket, \u00e1tutal\u00e1ssal tudsz majd fizetni.\n\n5. Az \u00f6sszeg be\u00e9rkez\u00e9se ut\u00e1n k\u00e9sz\u00edtj\u00fck \u00e9s k\u00fcldj\u00fck a term\u00e9keidet.\n\n6. A term\u00e9keinket FOXPOST vagy Posta sz\u00e1ll\u00edtja\n\n7. Szeretn\u00e9nk folyamatosan fejl\u0151dni, \u00edgy fontos sz\u00e1munkra v\u00e1s\u00e1rl\u00f3ink v\u00e9lem\u00e9nye. Ez\u00e9rt k\u00e9rj\u00fck, hogy a sz\u00e1ll\u00edt\u00e1s megt\u00f6rt\u00e9nte ut\u00e1n \u00e9rt\u00e9keld boltunkat, melyet ez\u00faton is k\u00f6sz\u00f6n\u00fcnk!\n\nB\u00e1rmilyen egyedi \u00f6tlet vagy n\u00e9vresz\u00f3l\u00f3 aj\u00e1nd\u00e9k elk\u00e9sz\u00edt\u00e9s\u00e9vel kapcsoltban keress minket bizalommal. (:","score":11.078467,"formatted_price":"8 500 Ft","image_url":"https:\/\/www.meska.hu\/img\/product\/small\/e\/n\/engraving_product_526655_221010200352_35412.jpeg","formatted_url":"https:\/\/www.meska.hu\/p4803656-nevtabla","favourite":false,"in_stock":false,"avatar":"526655_avatar_1665417359.jpeg","delete_from":0,"is_enhanced_background":false,"is_enhanced":false,"product_selection_started":false,"is_active":true,"image_webp_url":"https:\/\/www.meska.hu\/img\/product\/small\/e\/n\/engraving_product_526655_221010200352_35412.webp"},{"id":"5953879","shop_id":"44512","user_id":"638839","shop_name":"Retrolett","shop_zip":"1222","product_code":"5643837","product_name_old":null,"product_name":"Oroszl\u00e1n kerek n\u00e9vt\u00e1bla gyerekszob\u00e1ba, ajt\u00f3ra f\u00e1b\u00f3l, gyerekszoba dekor\u00e1ci\u00f3, babav\u00e1r\u00f3 buliba aj\u00e1nd\u00e9k\u00f6tlet","category_string":"Baba - mama, Gyerek n\u00e9vt\u00e1bla, Babaszoba dekor\u00e1ci\u00f3","technic_string":"Festett t\u00e1rgyak, Famegmunk\u00e1l\u00e1s","category_1":"1497","category_2":"1735","category_3":"1466","category_4":"0","merged_category_1":null,"merged_category_2":null,"merged_category_3":null,"technic_1":"481","technic_2":"478","technic_3":"0","color_1":"515","color_2":"519","color_3":"521","product_description_old":null,"product_description":"Oroszl\u00e1n kerek n\u00e9vt\u00e1bla gyerekszob\u00e1ba t\u00f6bb r\u00e9tegb\u0151l \u00e1ll, k\u00e9zzel festem\nAj\u00e1nlom ajt\u00f3ra, gyerekszoba falra, kedves kis dekor\u00e1ci\u00f3, babav\u00e1r\u00f3 buliba, sz\u00fclet\u00e9snapra is szuper aj\u00e1nd\u00e9k\u00f6tlet, k\u00e9toldal\u00fa ragaszt\u00f3t teszek a h\u00e1tulj\u00e1ra, \u00edgy r\u00f6gz\u00edtheted a k\u00edv\u00e1nt fel\u00fcletre. \nA h\u00e1tt\u00e9r sz\u00edne v\u00e1laszthat\u00f3\n 25x23,5 cm","price":"15600.00","unit":"db","recommended":"0","status":"1","sponsored":"0","exp_notify":"0","own_material":"0","own_material_description_old":null,"own_material_description":"","jury":"0","jury_number":"","product_nature":"","meskaracsony":"0","create_date":"2026-02-07 14:02:43","shelve_id":"75790","image":"retrolett_product_638839_251010133232_815131.jpeg","image_width":"480","image_height":"508","image_alt":"Oroszl\u00e1n kerek n\u00e9vt\u00e1bla gyerekszob\u00e1ba, ajt\u00f3ra f\u00e1b\u00f3l, gyerekszoba dekor\u00e1ci\u00f3, babav\u00e1r\u00f3 buliba aj\u00e1nd\u00e9k\u00f6tlet, Oroszl\u00e1n kerek n\u00e9vt\u00e1bla gyerekszob\u00e1ba t\u00f6bb r\u00e9tegb\u0151l \u00e1ll, k\u00e9zzel festem\\nAj\u00e1nlom ajt\u00f3ra, gyerekszoba f..., Meska","image_title":"Oroszl\u00e1n kerek n\u00e9vt\u00e1bla gyerekszob\u00e1ba, ajt\u00f3ra f\u00e1b\u00f3l, gyerekszoba dekor\u00e1ci\u00f3, babav\u00e1r\u00f3 buliba aj\u00e1nd\u00e9k\u00f6tlet, Meska","view_count":"130","favourite_count":"0","trending_score":"0","last2MonthFavouriteCount":"0","promotion":"0","giftcard_accept":"0","creditcard_accept":true,"enhanced_background":"0","domain":"meska","specific_customer_id":null,"specific_customer_name":null,"to_order_product":"1","to_order_product_time":"7","product_different":null,"product_different_description":"","vintage":"0","vintage_category_id":"0","recycled":"0","gemstone_id":"0","customizable":"1","type_category":"physical","zerowaste":"0","postage_price":"1290.00","shop_order":"0","has_category":"1","landing_pages":null,"microdata":{"number":24,"category":""},"title":"Oroszl\u00e1n kerek n\u00e9vt\u00e1bla gyerekszob\u00e1ba, ajt\u00f3ra f\u00e1b\u00f3l, gyerekszoba dekor\u00e1ci\u00f3, babav\u00e1r\u00f3 buliba aj\u00e1nd\u00e9k\u00f6tlet","description":"Oroszl\u00e1n kerek n\u00e9vt\u00e1bla gyerekszob\u00e1ba t\u00f6bb r\u00e9tegb\u0151l \u00e1ll, k\u00e9zzel festem\nAj\u00e1nlom ajt\u00f3ra, gyerekszoba falra, kedves kis dekor\u00e1ci\u00f3, babav\u00e1r\u00f3 buliba, sz\u00fclet\u00e9snapra is szuper aj\u00e1nd\u00e9k\u00f6tlet, k\u00e9toldal\u00fa ragaszt\u00f3t teszek a h\u00e1tulj\u00e1ra, \u00edgy r\u00f6gz\u00edtheted a k\u00edv\u00e1nt fel\u00fcletre. \nA h\u00e1tt\u00e9r sz\u00edne v\u00e1laszthat\u00f3\n 25x23,5 cm","score":11.078467,"formatted_price":"15 600 Ft","image_url":"https:\/\/www.meska.hu\/img\/product\/small\/r\/e\/retrolett_product_638839_251010133232_815131.jpeg","formatted_url":"https:\/\/www.meska.hu\/p5643837-oroszlan-kerek-nevtabla-gyerekszobaba-ajtora-fabol-gyerekszoba-dekoracio-babavaro-buliba-ajandekotlet","favourite":false,"in_stock":false,"avatar":"638839_avatar_1731403103.jpeg","delete_from":0,"is_enhanced_background":false,"is_enhanced":false,"product_selection_started":false,"is_active":true,"image_webp_url":"https:\/\/www.meska.hu\/img\/product\/small\/r\/e\/retrolett_product_638839_251010133232_815131.webp"},{"id":"5256527","shop_id":"44512","user_id":"638839","shop_name":"Retrolett","shop_zip":"1222","product_code":"5242198","product_name_old":null,"product_name":"Unikornis n\u00e9vt\u00e1bla gyerekszob\u00e1ba, ajt\u00f3ra f\u00e1b\u00f3l, gyerekszoba dekor\u00e1ci\u00f3, babav\u00e1r\u00f3 buliba aj\u00e1nd\u00e9k\u00f6tlet","category_string":"Baba - mama, Baba n\u00e9vt\u00e1bla, Babaszoba dekor\u00e1ci\u00f3","technic_string":"Festett t\u00e1rgyak, Famegmunk\u00e1l\u00e1s","category_1":"1735","category_2":"1760","category_3":"1466","category_4":"0","merged_category_1":"0","merged_category_2":"0","merged_category_3":"0","technic_1":"481","technic_2":"478","technic_3":"0","color_1":"519","color_2":"0","color_3":"0","product_description_old":null,"product_description":"Unikornis n\u00e9vt\u00e1bla gyerekszob\u00e1ba, ajt\u00f3ra f\u00e1b\u00f3l, gyerekszoba dekor\u00e1ci\u00f3, babav\u00e1r\u00f3 buliba aj\u00e1nd\u00e9k\u00f6tlet\nkb 40-50 cm hossz\u00fa, a l\u00f3g\u00f3 figur\u00e1kkal egy\u00fctt 30 cm magas.\n4 db l\u00f3g\u00f3 figur\u00e1val (7-8 cm magasak), melyekre a baba sz\u00fclet\u00e9si adatai ker\u00fclnek.\n\nA n\u00e9v hossz\u00e1t\u00f3l f\u00fcgg\u0151en v\u00e1ltozik a m\u00e9ret.\nA kis k\u00f6rbe teheted a baba fot\u00f3j\u00e1t. (3-5 cm-es) opcion\u00e1lis, hogy k\u00e9red-e hozz\u00e1\nMell\u00e9kelek egy kis fakorongot is, aminek m\u00e1gnes van a h\u00e1toldal\u00e1n, erre tudod ragasztani a fot\u00f3t \u00e9s a hely\u00e9re tudod illeszteni.","price":"15900.00","unit":"db","recommended":"0","status":"1","sponsored":"0","exp_notify":"0","own_material":"0","own_material_description_old":null,"own_material_description":"","jury":"0","jury_number":"","product_nature":"","meskaracsony":"0","create_date":"2026-01-24 23:23:14","shelve_id":"75790","image":"retrolett_product_638839_251010134034_767512.jpeg","image_width":"480","image_height":"628","image_alt":"Unikornis n\u00e9vt\u00e1bla gyerekszob\u00e1ba, ajt\u00f3ra f\u00e1b\u00f3l, gyerekszoba dekor\u00e1ci\u00f3, babav\u00e1r\u00f3 buliba aj\u00e1nd\u00e9k\u00f6tlet, Unikornis n\u00e9vt\u00e1bla gyerekszob\u00e1ba, ajt\u00f3ra f\u00e1b\u00f3l, gyerekszoba dekor\u00e1ci\u00f3, babav\u00e1r\u00f3 buliba aj\u00e1nd\u00e9k\u00f6tlet\\n..., Meska","image_title":"Unikornis n\u00e9vt\u00e1bla gyerekszob\u00e1ba, ajt\u00f3ra f\u00e1b\u00f3l, gyerekszoba dekor\u00e1ci\u00f3, babav\u00e1r\u00f3 buliba aj\u00e1nd\u00e9k\u00f6tlet, Meska","view_count":"804","favourite_count":"0","trending_score":"0","last2MonthFavouriteCount":"0","promotion":"0","giftcard_accept":"0","creditcard_accept":true,"enhanced_background":"0","domain":"meska","specific_customer_id":null,"specific_customer_name":null,"to_order_product":"1","to_order_product_time":"10","product_different":null,"product_different_description":"","vintage":"0","vintage_category_id":"0","recycled":"0","gemstone_id":"0","customizable":"1","type_category":"physical","zerowaste":"0","postage_price":"1290.00","shop_order":"0","has_category":"1","landing_pages":null,"microdata":{"number":25,"category":""},"title":"Unikornis n\u00e9vt\u00e1bla gyerekszob\u00e1ba, ajt\u00f3ra f\u00e1b\u00f3l, gyerekszoba dekor\u00e1ci\u00f3, babav\u00e1r\u00f3 buliba aj\u00e1nd\u00e9k\u00f6tlet","description":"Unikornis n\u00e9vt\u00e1bla gyerekszob\u00e1ba, ajt\u00f3ra f\u00e1b\u00f3l, gyerekszoba dekor\u00e1ci\u00f3, babav\u00e1r\u00f3 buliba aj\u00e1nd\u00e9k\u00f6tlet\nkb 40-50 cm hossz\u00fa, a l\u00f3g\u00f3 figur\u00e1kkal egy\u00fctt 30 cm magas.\n4 db l\u00f3g\u00f3 figur\u00e1val (7-8 cm magasak), melyekre a baba sz\u00fclet\u00e9si adatai ker\u00fclnek.\n\nA n\u00e9v hossz\u00e1t\u00f3l f\u00fcgg\u0151en v\u00e1ltozik a m\u00e9ret.\nA kis k\u00f6rbe teheted a baba fot\u00f3j\u00e1t. (3-5 cm-es) opcion\u00e1lis, hogy k\u00e9red-e hozz\u00e1\nMell\u00e9kelek egy kis fakorongot is, aminek m\u00e1gnes van a h\u00e1toldal\u00e1n, erre tudod ragasztani a fot\u00f3t \u00e9s a hely\u00e9re tudod illeszteni.","score":11.078467,"formatted_price":"15 900 Ft","image_url":"https:\/\/www.meska.hu\/img\/product\/small\/r\/e\/retrolett_product_638839_251010134034_767512.jpeg","formatted_url":"https:\/\/www.meska.hu\/p5242198-unikornis-nevtabla-gyerekszobaba-ajtora-fabol-gyerekszoba-dekoracio-babavaro-buliba-ajandekotlet","favourite":false,"in_stock":false,"avatar":"638839_avatar_1731403103.jpeg","delete_from":0,"is_enhanced_background":false,"is_enhanced":false,"product_selection_started":false,"is_active":true,"image_webp_url":"https:\/\/www.meska.hu\/img\/product\/small\/r\/e\/retrolett_product_638839_251010134034_767512.webp"},{"id":"5839624","shop_id":"48773","user_id":"714823","shop_name":"mkkreativlezer","shop_zip":"2500","product_code":"5575444","product_name_old":null,"product_name":"Din\u00f3s baba, gyerek egyedi n\u00e9vt\u00e1bla","category_string":"Baba - mama, Gyerek n\u00e9vt\u00e1bla, Babaszoba dekor\u00e1ci\u00f3","technic_string":"Famegmunk\u00e1l\u00e1s, Grav\u00edroz\u00e1s, pirogr\u00e1fia","category_1":"1497","category_2":"1735","category_3":"1466","category_4":"0","merged_category_1":null,"merged_category_2":null,"merged_category_3":null,"technic_1":"478","technic_2":"796","technic_3":"0","color_1":"514","color_2":"519","color_3":"521","product_description_old":null,"product_description":"Egyedi, n\u00e9vre sz\u00f3l\u00f3 fal- vagy ajt\u00f3d\u00edsz gyerekszob\u00e1ba, amivel k\u00fcl\u00f6nlegess\u00e9 teheted a kicsik birodalm\u00e1t. \nMinden n\u00e9vt\u00e1bl\u00e1t gondosan tervez\u00fcnk \u00e9s l\u00e9zerv\u00e1g\u00e1ssal, grav\u00edroz\u00e1ssal k\u00e9sz\u00edt\u00fcnk el, k\u00e9zzel fest\u00fcnk. \nA n\u00e9v \u00e1ltal szem\u00e9lyre szabhat\u00f3. \nEgy ilyen t\u00e1bla nemcsak d\u00edsz, hanem eml\u00e9k is, ami v\u00e9gigk\u00eds\u00e9ri a gyermekkort.\n\n29 cm-es nagys\u00e1g\u00fa.\n\nV\u00edzb\u00e1zis\u00fa, k\u00f6rnyezetbar\u00e1t fest\u00e9k felhaszn\u00e1l\u00e1s\u00e1val k\u00e9sz\u00fcl, mely gyerekeknek sz\u00e1nt j\u00e1t\u00e9kok \u00e9s t\u00e1rgyak fest\u00e9s\u00e9re is alkalmas (EN 71-3 min\u0151s\u00edt\u00e9s).\n\nK\u00e9rem a nevet a megrendel\u00e9sben vagy emailben megadni!\n\nHa k\u00e9rd\u00e9sed van, sz\u00edvesen v\u00e1laszolok! :)\n","price":"9990.00","unit":"db","recommended":"0","status":"1","sponsored":"0","exp_notify":"0","own_material":"0","own_material_description_old":null,"own_material_description":"","jury":"0","jury_number":"","product_nature":"","meskaracsony":"0","create_date":"2026-02-20 14:32:35","shelve_id":"0","image":"mkkreativlezer_product_714823_250625133716_319173.jpeg","image_width":"480","image_height":"445","image_alt":"Din\u00f3s baba, gyerek egyedi n\u00e9vt\u00e1bla, Egyedi, n\u00e9vre sz\u00f3l\u00f3 fal- vagy ajt\u00f3d\u00edsz gyerekszob\u00e1ba, amivel k\u00fcl\u00f6nlegess\u00e9 teheted a kicsik birodalm\u00e1..., Meska","image_title":"Din\u00f3s baba, gyerek egyedi n\u00e9vt\u00e1bla, Meska","view_count":"319","favourite_count":"1","trending_score":"0","last2MonthFavouriteCount":"0","promotion":"0","giftcard_accept":"0","creditcard_accept":true,"enhanced_background":"0","domain":"meska","specific_customer_id":null,"specific_customer_name":null,"to_order_product":"1","to_order_product_time":"5","product_different":null,"product_different_description":"","vintage":"0","vintage_category_id":"0","recycled":"0","gemstone_id":"0","customizable":"1","type_category":"physical","zerowaste":"0","postage_price":"1290.00","shop_order":"0","has_category":"1","landing_pages":null,"microdata":{"number":26,"category":""},"title":"Din\u00f3s baba, gyerek egyedi n\u00e9vt\u00e1bla","description":"Egyedi, n\u00e9vre sz\u00f3l\u00f3 fal- vagy ajt\u00f3d\u00edsz gyerekszob\u00e1ba, amivel k\u00fcl\u00f6nlegess\u00e9 teheted a kicsik birodalm\u00e1t. \nMinden n\u00e9vt\u00e1bl\u00e1t gondosan tervez\u00fcnk \u00e9s l\u00e9zerv\u00e1g\u00e1ssal, grav\u00edroz\u00e1ssal k\u00e9sz\u00edt\u00fcnk el, k\u00e9zzel fest\u00fcnk. \nA n\u00e9v \u00e1ltal szem\u00e9lyre szabhat\u00f3. \nEgy ilyen t\u00e1bla nemcsak d\u00edsz, hanem eml\u00e9k is, ami v\u00e9gigk\u00eds\u00e9ri a gyermekkort.\n\n29 cm-es nagys\u00e1g\u00fa.\n\nV\u00edzb\u00e1zis\u00fa, k\u00f6rnyezetbar\u00e1t fest\u00e9k felhaszn\u00e1l\u00e1s\u00e1val k\u00e9sz\u00fcl, mely gyerekeknek sz\u00e1nt j\u00e1t\u00e9kok \u00e9s t\u00e1rgyak fest\u00e9s\u00e9re is alkalmas (EN 71-3 min\u0151s\u00edt\u00e9s).\n\nK\u00e9rem a nevet a megrendel\u00e9sben vagy emailben megadni!\n\nHa k\u00e9rd\u00e9sed van, sz\u00edvesen v\u00e1laszolok! :)\n","score":11.078467,"formatted_price":"9 990 Ft","image_url":"https:\/\/www.meska.hu\/img\/product\/small\/m\/k\/mkkreativlezer_product_714823_250625133716_319173.jpeg","formatted_url":"https:\/\/www.meska.hu\/p5575444-dinos-baba-gyerek-egyedi-nevtabla","favourite":false,"in_stock":false,"avatar":"714823_avatar_1744620885.png","delete_from":0,"is_enhanced_background":false,"is_enhanced":false,"product_selection_started":false,"is_active":true,"image_webp_url":"https:\/\/www.meska.hu\/img\/product\/small\/m\/k\/mkkreativlezer_product_714823_250625133716_319173.webp"},{"id":"5459526","shop_id":"22440","user_id":"192827","shop_name":"zsukica","shop_zip":"2114","product_code":"5356642","product_name_old":null,"product_name":"Egyedi, fa, k\u00e9zzel k\u00e9sz\u00edtett n\u00e9vt\u00e1bla, csal\u00e1dt\u00e1bla.","category_string":"Otthon & \u00c9letm\u00f3d, H\u00e1z & Kert, N\u00e9vt\u00e1bla","technic_string":"","category_1":"813","category_2":"897","category_3":"965","category_4":"0","merged_category_1":null,"merged_category_2":null,"merged_category_3":null,"technic_1":"0","technic_2":"0","technic_3":"0","color_1":"514","color_2":"520","color_3":"0","product_description_old":null,"product_description":"Ezt a kis n\u00e9vt\u00e1bl\u00e1t ak\u00e1cf\u00e1b\u00f3l k\u00e9sz\u00edtettem. K\u00e9zzel rajzoltam \u00e9s grav\u00edroztam a k\u00e9rt grafik\u00e1t. Term\u00e9szetesen sz\u00e1modra, a k\u00e9rt n\u00e9vvel, nevekkel k\u00e9sz\u00edtem el. Ennek a kis t\u00e1bl\u00e1nak a m\u00e9rete kb 10 cm \u00e1tm\u00e9r\u0151j\u0171. Amennyiben Neked m\u00e1s m\u00e9ret\u0171 t\u00e1bl\u00e1ra van sz\u00fcks\u00e9ged az is megoldhat\u00f3.\nA n\u00e9vt\u00e1bl\u00e1t ajt\u00f3ra, lev\u00e9lszekr\u00e9nyre, kapura is fel tudod tenni. K\u00fclt\u00e9rre \u00e9s belt\u00e9rre is egyar\u00e1nt helyezhet\u0151. Ez\u00e9rt is v\u00e1lasztottam az ak\u00e1cf\u00e1t, mert ez a fa jobban ellen\u00e1ll a k\u00fclt\u00e9ri id\u0151j\u00e1r\u00e1si viszontags\u00e1goknak. A megrendel\u00e9skor k\u00e9rlek jelezd, hogy kinti vagy v\u00e9dett helyen lesz majd a te t\u00e1bl\u00e1csk\u00e1d, mert aszerinti fel\u00fcletkezel\u00e9ssel k\u00e9sz\u00edtem el.","price":"4500.00","unit":"db","recommended":"0","status":"1","sponsored":"0","exp_notify":"0","own_material":"0","own_material_description_old":null,"own_material_description":"","jury":"0","jury_number":"","product_nature":"","meskaracsony":"0","create_date":"2026-02-24 10:52:32","shelve_id":"0","image":"zsukica_product_192827_240826231407_572281.jpeg","image_width":"480","image_height":"480","image_alt":"Egyedi, fa, k\u00e9zzel k\u00e9sz\u00edtett n\u00e9vt\u00e1bla, csal\u00e1dt\u00e1bla., Ezt a kis n\u00e9vt\u00e1bl\u00e1t ak\u00e1cf\u00e1b\u00f3l k\u00e9sz\u00edtettem. K\u00e9zzel rajzoltam \u00e9s grav\u00edroztam a k\u00e9rt grafik\u00e1t. Term\u00e9sze..., Meska","image_title":"Egyedi, fa, k\u00e9zzel k\u00e9sz\u00edtett n\u00e9vt\u00e1bla, csal\u00e1dt\u00e1bla., Meska","view_count":"589","favourite_count":"0","trending_score":"0","last2MonthFavouriteCount":"0","promotion":"0","giftcard_accept":"1","creditcard_accept":false,"enhanced_background":"0","domain":"meska","specific_customer_id":null,"specific_customer_name":null,"to_order_product":"0","to_order_product_time":"0","product_different":null,"product_different_description":"","vintage":"0","vintage_category_id":"0","recycled":"0","gemstone_id":"0","customizable":"0","type_category":"physical","zerowaste":"0","postage_price":"1290.00","shop_order":"0","has_category":"1","landing_pages":null,"microdata":{"number":27,"category":""},"title":"Egyedi, fa, k\u00e9zzel k\u00e9sz\u00edtett n\u00e9vt\u00e1bla, csal\u00e1dt\u00e1bla.","description":"Ezt a kis n\u00e9vt\u00e1bl\u00e1t ak\u00e1cf\u00e1b\u00f3l k\u00e9sz\u00edtettem. K\u00e9zzel rajzoltam \u00e9s grav\u00edroztam a k\u00e9rt grafik\u00e1t. Term\u00e9szetesen sz\u00e1modra, a k\u00e9rt n\u00e9vvel, nevekkel k\u00e9sz\u00edtem el. Ennek a kis t\u00e1bl\u00e1nak a m\u00e9rete kb 10 cm \u00e1tm\u00e9r\u0151j\u0171. Amennyiben Neked m\u00e1s m\u00e9ret\u0171 t\u00e1bl\u00e1ra van sz\u00fcks\u00e9ged az is megoldhat\u00f3.\nA n\u00e9vt\u00e1bl\u00e1t ajt\u00f3ra, lev\u00e9lszekr\u00e9nyre, kapura is fel tudod tenni. K\u00fclt\u00e9rre \u00e9s belt\u00e9rre is egyar\u00e1nt helyezhet\u0151. Ez\u00e9rt is v\u00e1lasztottam az ak\u00e1cf\u00e1t, mert ez a fa jobban ellen\u00e1ll a k\u00fclt\u00e9ri id\u0151j\u00e1r\u00e1si viszontags\u00e1goknak. A megrendel\u00e9skor k\u00e9rlek jelezd, hogy kinti vagy v\u00e9dett helyen lesz majd a te t\u00e1bl\u00e1csk\u00e1d, mert aszerinti fel\u00fcletkezel\u00e9ssel k\u00e9sz\u00edtem el.","score":11.078467,"formatted_price":"4 500 Ft","image_url":"https:\/\/www.meska.hu\/img\/product\/small\/z\/s\/zsukica_product_192827_240826231407_572281.jpeg","formatted_url":"https:\/\/www.meska.hu\/p5356642-egyedi-fa-kezzel-keszitett-nevtabla-csaladtabla","favourite":false,"in_stock":true,"avatar":"zsukica_avatar_192827.JPG","delete_from":0,"is_enhanced_background":false,"is_enhanced":false,"product_selection_started":false,"is_active":true,"image_webp_url":"https:\/\/www.meska.hu\/img\/product\/small\/z\/s\/zsukica_product_192827_240826231407_572281.webp"},{"id":"6101182","shop_id":"51610","user_id":"768311","shop_name":"LelekFabyFazekasAdam","shop_zip":"4551","product_code":"5723955","product_name_old":null,"product_name":"Gyerekszoba n\u00e9vt\u00e1bla (falra \/ ajt\u00f3ra)","category_string":"Baba - mama, Babaszoba dekor\u00e1ci\u00f3, Gyerek n\u00e9vt\u00e1bla","technic_string":"","category_1":"1735","category_2":"1466","category_3":"1497","category_4":"0","merged_category_1":null,"merged_category_2":null,"merged_category_3":null,"technic_1":"0","technic_2":"0","technic_3":"0","color_1":"1474","color_2":"514","color_3":"515","product_description_old":null,"product_description":"Saj\u00e1t k\u00e9sz\u00edt\u00e9s\u0171 egyedi n\u00e9vt\u00e1bla, b\u00e1rmilyen n\u00e9vvel, sz\u00ednnel \u00e9s d\u00edsz\u00edt\u00e9ssel k\u00e9rhet\u0151\n","price":"3590.00","unit":"db","recommended":"0","status":"1","sponsored":"0","exp_notify":"0","own_material":"0","own_material_description_old":null,"own_material_description":"","jury":"0","jury_number":"","product_nature":"","meskaracsony":"0","create_date":"2026-02-02 19:19:01","shelve_id":"0","image":"lelekfabyfazekasadam_product_768311_260202191507_139233.jpeg","image_width":"480","image_height":"640","image_alt":"Gyerekszoba n\u00e9vt\u00e1bla (falra \/ ajt\u00f3ra), Saj\u00e1t k\u00e9sz\u00edt\u00e9s\u0171 egyedi n\u00e9vt\u00e1bla, b\u00e1rmilyen n\u00e9vvel, sz\u00ednnel \u00e9s d\u00edsz\u00edt\u00e9ssel k\u00e9rhet\u0151\\n, Meska","image_title":"Gyerekszoba n\u00e9vt\u00e1bla (falra \/ ajt\u00f3ra), Meska","view_count":"107","favourite_count":"1","trending_score":"0","last2MonthFavouriteCount":"0","promotion":"0","giftcard_accept":"0","creditcard_accept":false,"enhanced_background":"0","domain":"meska","specific_customer_id":null,"specific_customer_name":null,"to_order_product":"1","to_order_product_time":"3","product_different":null,"product_different_description":"","vintage":"0","vintage_category_id":"0","recycled":"0","gemstone_id":"0","customizable":"1","type_category":"physical","zerowaste":"0","postage_price":"1349.00","shop_order":"0","has_category":"1","landing_pages":null,"microdata":{"number":28,"category":""},"title":"Gyerekszoba n\u00e9vt\u00e1bla (falra \/ ajt\u00f3ra)","description":"Saj\u00e1t k\u00e9sz\u00edt\u00e9s\u0171 egyedi n\u00e9vt\u00e1bla, b\u00e1rmilyen n\u00e9vvel, sz\u00ednnel \u00e9s d\u00edsz\u00edt\u00e9ssel k\u00e9rhet\u0151\n","score":11.078467,"formatted_price":"3 590 Ft","image_url":"https:\/\/www.meska.hu\/img\/product\/small\/l\/e\/lelekfabyfazekasadam_product_768311_260202191507_139233.jpeg","formatted_url":"https:\/\/www.meska.hu\/p5723955-nevtabla","favourite":false,"in_stock":false,"avatar":"768311_avatar_1769362042.png","delete_from":0,"is_enhanced_background":false,"is_enhanced":false,"product_selection_started":false,"is_active":true,"image_webp_url":"https:\/\/www.meska.hu\/img\/product\/small\/l\/e\/lelekfabyfazekasadam_product_768311_260202191507_139233.webp"},{"id":"3445484","shop_id":"22902","user_id":"251937","shop_name":"verocska22","shop_zip":"2641","product_code":"2962413","product_name_old":null,"product_name":"Festett Utcat\u00e1bla (vir\u00e1gos)","category_string":"Otthon & \u00c9letm\u00f3d, H\u00e1z & Kert, H\u00e1zsz\u00e1m","technic_string":"Festett t\u00e1rgyak","category_1":"813","category_2":"897","category_3":"431","category_4":"0","merged_category_1":null,"merged_category_2":null,"merged_category_3":null,"technic_1":"481","technic_2":"0","technic_3":"0","color_1":"514","color_2":"522","color_3":"532","product_description_old":null,"product_description":"N\u00e9v- \u00e9s utcat\u00e1bl\u00e1inkat mindig k\u00f6z\u00f6s megbesz\u00e9l\u00e9s alapj\u00e1n k\u00e9sz\u00edtj\u00fck, \u00edgy teret kapnak a megrendel\u0151 elk\u00e9pzel\u00e9sei \u00e9s egy\u00e9ni \u00edzl\u00e9svil\u00e1ga is.\nA k\u00e9rt minta bonyolults\u00e1g\u00e1t\u00f3l f\u00fcgg\u0151en a term\u00e9k \u00e1ra elt\u00e9rhet az alap\u00e1rt\u00f3l. Mindig sz\u00fcks\u00e9ges az egyeztet\u00e9s!\n\nCserepeink alapos g\u0151zborotv\u00e1s tiszt\u00edt\u00e1s \u00e9s csiszol\u00e1s ut\u00e1n t\u00f6bbsz\u00f6r\u00f6s alapoz\u00e1st kapnak.\nEzut\u00e1n akril fest\u00e9kkel egyenk\u00e9nt r\u00e1juk festj\u00fck az felv\u00e1zolt k\u00e9pet. A k\u00f6nny\u0171 r\u00f6gz\u00edt\u00e9s \u00e9rdek\u00e9ben cserepeink h\u00e1tul be vannak metszve, hogy stabilan fel lehessen akasztani \u0151ket ak\u00e1r egy egyszer\u0171 sz\u00f6gre is. Mivel minden egyes cser\u00e9p hajdan\u00e1n egy-egy h\u00e1z tetej\u00e9n szolg\u00e1lt, fel\u00fclet\u00fck\u00f6n kisebb lyukak, lepattan\u00e1sok vannak, amik j\u00f3l illeszkednek a k\u00e9pek antik hangulat\u00e1hoz, \u00e9s er\u0151s\u00edtik az egyedis\u00e9get.\nA k\u00fclt\u00e9ri t\u00e1bl\u00e1inkat (utcat\u00e1bl\u00e1k, kerti cserepek) UV \u00e9s id\u0151j\u00e1r\u00e1s\u00e1ll\u00f3 lakkal kezelj\u00fck.\n\nK\u00e9sz\u00edt\u00fcnk egyszer\u0171 h\u00e1zsz\u00e1mokat feles m\u00e9ret\u0171 n\u00e9gysz\u00f6gletes, vagy \u00edves cser\u00e9pre. A sz\u00e1mok sz\u00edne \u00e9s d\u00edsz\u00edt\u00e9se szabadon v\u00e1laszthat\u00f3, a sz\u00e1mokat  a v\u00e1lasztott sz\u00ednt\u0151l f\u00fcggetlen\u00fcl \u00e1rnyaljuk, hogy messzir\u0151l is j\u00f3l olvashat\u00f3ak legyenek.\nGyakran fest\u00fcnk kis t\u00e1jk\u00e9p jelleg\u0171 cserepeket mez\u0151vel, hegyekkel, erd\u0151vel, t\u00f3val foly\u00f3val, att\u00f3l f\u00fcgg\u0151en, hogy milyen t\u00e1jon fekszik a h\u00e1z.\nIlletve v\u00e1llaljuk olyan bonyolultabb festett utcat\u00e1bl\u00e1k elk\u00e9sz\u00edt\u00e9s\u00e9t is, mint amilyen p\u00e9ld\u00e1ul az \u00c1rp\u00e1d vez\u00e9r utca, \u00c1rp\u00e1d fejedelem portr\u00e9j\u00e1val.\nT\u00e1bl\u00e1inkra alul- fel\u00fcl, vagy k\u00e9t oldalt furatot k\u00e9sz\u00edt\u00fcnk, hogy k\u00f6nnyen r\u00f6gz\u00edthet\u0151ek legyenek a h\u00e1z fal\u00e1ra. Vannak, akik csemperagaszt\u00f3val teszik fel a falra a cserepet, ugyanakkor nem akad\u00e1ly a hungarocell szigetel\u00e9s sem, csak hosszabb csavart \u00e9rdemes haszn\u00e1lni a t\u00e1bla felfogat\u00e1s\u00e1n\u00e1l. Fontos, hogy a r\u00f6gz\u00edt\u00e9sn\u00e9l ne h\u00fazz\u00e1k t\u00fal a csavarokat, mert a cser\u00e9p elpattanhat.\n\nCserepeink m\u00e9rete 36*16*1,5cm.","price":"18500.00","unit":"db","recommended":"0","status":"1","sponsored":"0","exp_notify":"0","own_material":"0","own_material_description_old":null,"own_material_description":"","jury":"0","jury_number":"","product_nature":"","meskaracsony":"0","create_date":"2026-02-24 20:59:05","shelve_id":"0","image":"verocska22_product_251937_171031224610_988266.jpeg","image_width":"480","image_height":"320","image_alt":"Festett Utcat\u00e1bla (vir\u00e1gos), N\u00e9v- \u00e9s utcat\u00e1bl\u00e1inkat mindig k\u00f6z\u00f6s megbesz\u00e9l\u00e9s alapj\u00e1n k\u00e9sz\u00edtj\u00fck, \u00edgy teret kapnak a megrendel\u0151 elk..., Meska","image_title":"Festett Utcat\u00e1bla (vir\u00e1gos), Meska","view_count":"3329","favourite_count":"0","trending_score":"0","last2MonthFavouriteCount":"0","promotion":"0","giftcard_accept":"1","creditcard_accept":false,"enhanced_background":"0","domain":"meska","specific_customer_id":null,"specific_customer_name":null,"to_order_product":"1","to_order_product_time":"10","product_different":"quite_different","product_different_description":"Mivel minden cserep\u00fcnket egyedileg k\u00e9zzel festj\u00fck, apr\u00f3bb vonalvezet\u00e9sbeli elt\u00e9r\u00e9sek lehetnek az egyes festm\u00e9nyek k\u00f6z\u00f6tt.","vintage":"0","vintage_category_id":"0","recycled":"0","gemstone_id":"0","customizable":"0","type_category":"physical","zerowaste":"0","postage_price":"2390.00","shop_order":"0","has_category":"1","landing_pages":null,"microdata":{"number":29,"category":""},"title":"Festett Utcat\u00e1bla (vir\u00e1gos)","description":"N\u00e9v- \u00e9s utcat\u00e1bl\u00e1inkat mindig k\u00f6z\u00f6s megbesz\u00e9l\u00e9s alapj\u00e1n k\u00e9sz\u00edtj\u00fck, \u00edgy teret kapnak a megrendel\u0151 elk\u00e9pzel\u00e9sei \u00e9s egy\u00e9ni \u00edzl\u00e9svil\u00e1ga is.\nA k\u00e9rt minta bonyolults\u00e1g\u00e1t\u00f3l f\u00fcgg\u0151en a term\u00e9k \u00e1ra elt\u00e9rhet az alap\u00e1rt\u00f3l. Mindig sz\u00fcks\u00e9ges az egyeztet\u00e9s!\n\nCserepeink alapos g\u0151zborotv\u00e1s tiszt\u00edt\u00e1s \u00e9s csiszol\u00e1s ut\u00e1n t\u00f6bbsz\u00f6r\u00f6s alapoz\u00e1st kapnak.\nEzut\u00e1n akril fest\u00e9kkel egyenk\u00e9nt r\u00e1juk festj\u00fck az felv\u00e1zolt k\u00e9pet. A k\u00f6nny\u0171 r\u00f6gz\u00edt\u00e9s \u00e9rdek\u00e9ben cserepeink h\u00e1tul be vannak metszve, hogy stabilan fel lehessen akasztani \u0151ket ak\u00e1r egy egyszer\u0171 sz\u00f6gre is. Mivel minden egyes cser\u00e9p hajdan\u00e1n egy-egy h\u00e1z tetej\u00e9n szolg\u00e1lt, fel\u00fclet\u00fck\u00f6n kisebb lyukak, lepattan\u00e1sok vannak, amik j\u00f3l illeszkednek a k\u00e9pek antik hangulat\u00e1hoz, \u00e9s er\u0151s\u00edtik az egyedis\u00e9get.\nA k\u00fclt\u00e9ri t\u00e1bl\u00e1inkat (utcat\u00e1bl\u00e1k, kerti cserepek) UV \u00e9s id\u0151j\u00e1r\u00e1s\u00e1ll\u00f3 lakkal kezelj\u00fck.\n\nK\u00e9sz\u00edt\u00fcnk egyszer\u0171 h\u00e1zsz\u00e1mokat feles m\u00e9ret\u0171 n\u00e9gysz\u00f6gletes, vagy \u00edves cser\u00e9pre. A sz\u00e1mok sz\u00edne \u00e9s d\u00edsz\u00edt\u00e9se szabadon v\u00e1laszthat\u00f3, a sz\u00e1mokat  a v\u00e1lasztott sz\u00ednt\u0151l f\u00fcggetlen\u00fcl \u00e1rnyaljuk, hogy messzir\u0151l is j\u00f3l olvashat\u00f3ak legyenek.\nGyakran fest\u00fcnk kis t\u00e1jk\u00e9p jelleg\u0171 cserepeket mez\u0151vel, hegyekkel, erd\u0151vel, t\u00f3val foly\u00f3val, att\u00f3l f\u00fcgg\u0151en, hogy milyen t\u00e1jon fekszik a h\u00e1z.\nIlletve v\u00e1llaljuk olyan bonyolultabb festett utcat\u00e1bl\u00e1k elk\u00e9sz\u00edt\u00e9s\u00e9t is, mint amilyen p\u00e9ld\u00e1ul az \u00c1rp\u00e1d vez\u00e9r utca, \u00c1rp\u00e1d fejedelem portr\u00e9j\u00e1val.\nT\u00e1bl\u00e1inkra alul- fel\u00fcl, vagy k\u00e9t oldalt furatot k\u00e9sz\u00edt\u00fcnk, hogy k\u00f6nnyen r\u00f6gz\u00edthet\u0151ek legyenek a h\u00e1z fal\u00e1ra. Vannak, akik csemperagaszt\u00f3val teszik fel a falra a cserepet, ugyanakkor nem akad\u00e1ly a hungarocell szigetel\u00e9s sem, csak hosszabb csavart \u00e9rdemes haszn\u00e1lni a t\u00e1bla felfogat\u00e1s\u00e1n\u00e1l. Fontos, hogy a r\u00f6gz\u00edt\u00e9sn\u00e9l ne h\u00fazz\u00e1k t\u00fal a csavarokat, mert a cser\u00e9p elpattanhat.\n\nCserepeink m\u00e9rete 36*16*1,5cm.","score":11.078467,"formatted_price":"18 500 Ft","image_url":"https:\/\/www.meska.hu\/img\/product\/small\/v\/e\/verocska22_product_251937_171031224610_988266.jpeg","formatted_url":"https:\/\/www.meska.hu\/p2962413-festett-utcatabla-viragos","favourite":false,"in_stock":false,"avatar":null,"delete_from":0,"is_enhanced_background":false,"is_enhanced":false,"product_selection_started":false,"is_active":true,"image_webp_url":"https:\/\/www.meska.hu\/img\/product\/small\/v\/e\/verocska22_product_251937_171031224610_988266.webp"},{"id":"4963732","shop_id":"8514","user_id":"40710","shop_name":"ntakeramia","shop_zip":"8200","product_code":"5052845","product_name_old":null,"product_name":"Mesev\u00e1ros-man\u00f3lak  ker\u00e1mia utca n\u00e9vt\u00e1bla","category_string":"Otthon & \u00c9letm\u00f3d, H\u00e1z & Kert, H\u00e1zsz\u00e1m","technic_string":"Ker\u00e1mia","category_1":"813","category_2":"897","category_3":"431","category_4":"0","merged_category_1":null,"merged_category_2":null,"merged_category_3":null,"technic_1":"489","technic_2":"0","technic_3":"0","color_1":"514","color_2":"515","color_3":"0","product_description_old":null,"product_description":"Egy j\u00f3l v\u00e1lasztott egyedi utca vagy h\u00e1zsz\u00e1m kiemeli hangs\u00falyozza otthonunk.\nEhhez pr\u00f3b\u00e1lok seg\u00edts\u00e9get ny\u00fajtani.\nEgyedi h\u00e1z \u00e9s utca n\u00e9vt\u00e1bl\u00e1kat k\u00e9sz\u00edt\u00fcnk azoknak akik szeretik az egyedit a st\u00edlusos\u00e1t.\n\nFeh\u00e9r agyagb\u00f3l k\u00e9sz\u00edtettem ezt az egyedi h\u00e1zsz\u00e1mt\u00e1bl\u00e1t. 2 X \u00e9getem magas h\u0151m\u00e9rs\u00e9kleten \u00edgy lesz id\u0151j\u00e1r\u00e1s \u00e1ll\u00f3.\nSaj\u00e1t egyedi tervez\u00e9s \u00e9s k\u00e9sz\u00edt\u00e9s a ker\u00e1mia \u00e9s saj\u00e1t egyedi tervez\u00e9s \u00e9s k\u00e9zi fest\u00e9s a minta.\nM\u00e9ret:\n20 X 20 cm\nAz \u00e1r elt\u00e9rhet..f\u00fcgg a fest\u00e9s t\u00e9m\u00e1j\u00e1t\u00f3l...a kidolgoz\u00e1st\u00f3l.\nEz\u00e9rt k\u00e9rlek a kos\u00e1rba helyez\u00e9s el\u0151tt ,bels\u0151 \u00fczenetben keress.\nAz egyedi t\u00e1bl\u00e1r\u00f3l ,mindig rajzos skiccet k\u00e9sz\u00edtek.\n\n\nK\u00f6sz\u00f6n\u00f6m hogy ben\u00e9zt\u00e9l.","price":"15500.00","unit":"db","recommended":"0","status":"1","sponsored":"0","exp_notify":"0","own_material":"0","own_material_description_old":null,"own_material_description":"","jury":"0","jury_number":"","product_nature":"","meskaracsony":"0","create_date":"2026-02-19 09:55:46","shelve_id":"19622","image":"ntakeramia_product_40710_230907142215_701284.jpeg","image_width":"480","image_height":"548","image_alt":"Mesev\u00e1ros-man\u00f3lak  ker\u00e1mia utca n\u00e9vt\u00e1bla, Egy j\u00f3l v\u00e1lasztott egyedi utca vagy h\u00e1zsz\u00e1m kiemeli hangs\u00falyozza otthonunk.\\nEhhez pr\u00f3b\u00e1lok seg\u00edts\u00e9ge..., Meska","image_title":"Mesev\u00e1ros-man\u00f3lak  ker\u00e1mia utca n\u00e9vt\u00e1bla, Meska","view_count":"1660","favourite_count":"1","trending_score":"0","last2MonthFavouriteCount":"0","promotion":"0","giftcard_accept":"0","creditcard_accept":false,"enhanced_background":"0","domain":"meska","specific_customer_id":null,"specific_customer_name":null,"to_order_product":"1","to_order_product_time":"18","product_different":"quite_different","product_different_description":"Egyedi ker\u00e1mia","vintage":"0","vintage_category_id":"0","recycled":"0","gemstone_id":"0","customizable":"0","type_category":"physical","zerowaste":"0","postage_price":"1990.00","shop_order":"13","has_category":"1","landing_pages":null,"microdata":{"number":30,"category":""},"title":"Mesev\u00e1ros-man\u00f3lak  ker\u00e1mia utca n\u00e9vt\u00e1bla","description":"Egy j\u00f3l v\u00e1lasztott egyedi utca vagy h\u00e1zsz\u00e1m kiemeli hangs\u00falyozza otthonunk.\nEhhez pr\u00f3b\u00e1lok seg\u00edts\u00e9get ny\u00fajtani.\nEgyedi h\u00e1z \u00e9s utca n\u00e9vt\u00e1bl\u00e1kat k\u00e9sz\u00edt\u00fcnk azoknak akik szeretik az egyedit a st\u00edlusos\u00e1t.\n\nFeh\u00e9r agyagb\u00f3l k\u00e9sz\u00edtettem ezt az egyedi h\u00e1zsz\u00e1mt\u00e1bl\u00e1t. 2 X \u00e9getem magas h\u0151m\u00e9rs\u00e9kleten \u00edgy lesz id\u0151j\u00e1r\u00e1s \u00e1ll\u00f3.\nSaj\u00e1t egyedi tervez\u00e9s \u00e9s k\u00e9sz\u00edt\u00e9s a ker\u00e1mia \u00e9s saj\u00e1t egyedi tervez\u00e9s \u00e9s k\u00e9zi fest\u00e9s a minta.\nM\u00e9ret:\n20 X 20 cm\nAz \u00e1r elt\u00e9rhet..f\u00fcgg a fest\u00e9s t\u00e9m\u00e1j\u00e1t\u00f3l...a kidolgoz\u00e1st\u00f3l.\nEz\u00e9rt k\u00e9rlek a kos\u00e1rba helyez\u00e9s el\u0151tt ,bels\u0151 \u00fczenetben keress.\nAz egyedi t\u00e1bl\u00e1r\u00f3l ,mindig rajzos skiccet k\u00e9sz\u00edtek.\n\n\nK\u00f6sz\u00f6n\u00f6m hogy ben\u00e9zt\u00e9l.","score":11.078467,"formatted_price":"15 500 Ft","image_url":"https:\/\/www.meska.hu\/img\/product\/small\/n\/t\/ntakeramia_product_40710_230907142215_701284.jpeg","formatted_url":"https:\/\/www.meska.hu\/p5052845-mesevaros-keramia-utca-nevtabla","favourite":false,"in_stock":false,"avatar":"ntakeramia_avatar_40710_1569066083.JPG","delete_from":0,"is_enhanced_background":false,"is_enhanced":false,"product_selection_started":false,"is_active":true,"image_webp_url":"https:\/\/www.meska.hu\/img\/product\/small\/n\/t\/ntakeramia_product_40710_230907142215_701284.webp"},{"id":"4889664","shop_id":"40503","user_id":"562843","shop_name":"Varazsbolt","shop_zip":"4400","product_code":"5010078","product_name_old":null,"product_name":"Gyerekszoba dekor\u00e1ci\u00f3,  N\u00e9vt\u00e1bla dekor\u00e1ci\u00f3, Gyerekszoba ajt\u00f3d\u00edsz","category_string":"Baba - mama, Gyerek n\u00e9vt\u00e1bla, Babaszoba dekor\u00e1ci\u00f3","technic_string":"Grav\u00edroz\u00e1s, pirogr\u00e1fia, Fot\u00f3, grafika, rajz, illusztr\u00e1ci\u00f3","category_1":"1497","category_2":"1735","category_3":"1466","category_4":"0","merged_category_1":null,"merged_category_2":null,"merged_category_3":null,"technic_1":"796","technic_2":"483","technic_3":"0","color_1":"514","color_2":"0","color_3":"0","product_description_old":null,"product_description":"A l\u00e9zergrav\u00edrozott \u00e1llatos gyerekszoba n\u00e9vt\u00e1bla t\u00f6k\u00e9letes v\u00e1laszt\u00e1s minden kisgyerek szob\u00e1j\u00e1ba! Ez a szem\u00e9lyre szabott term\u00e9k egyedi \u00e9s var\u00e1zslatos megjelen\u00e9st ad b\u00e1rmilyen gyerekszoba dekor\u00e1ci\u00f3j\u00e1nak.\n\nA n\u00e9vt\u00e1bla kiv\u00e1l\u00f3 min\u0151s\u00e9g\u0171 faanyagb\u00f3l k\u00e9sz\u00fcl, ami tart\u00f3ss\u00e1got \u00e9s hossz\u00fa \u00e9lettartamot biztos\u00edt illetve nemcsak egy eszt\u00e9tikus dekor\u00e1ci\u00f3s elem, hanem egyben egy szem\u00e9lyes t\u00e1rgy is, ami meghat\u00e1rozza a gyermek szem\u00e9lyis\u00e9g\u00e9t \u00e9s otthonoss\u00e1got sug\u00e1roz a szob\u00e1ban.\n\nA term\u00e9k 2 r\u00e9tegb\u0151l \u00e1ll, a gyermek neve szint\u00e9n l\u00e9zer v\u00e1gott \u00e9s ragasztott ahogy az oroszl\u00e1n is illetve a szob\u00e1ja sz\u00f6veg l\u00e9zer grav\u00edrozott az als\u00f3 kerek r\u00e9tegbe.","price":"4000.00","unit":"db","recommended":"0","status":"1","sponsored":"0","exp_notify":"0","own_material":"0","own_material_description_old":null,"own_material_description":"","jury":"0","jury_number":"","product_nature":"","meskaracsony":"0","create_date":"2026-02-25 13:02:49","shelve_id":"0","image":"varazsbolt_product_562843_230704120619_997854.jpeg","image_width":"480","image_height":"456","image_alt":"Gyerekszoba dekor\u00e1ci\u00f3,  N\u00e9vt\u00e1bla dekor\u00e1ci\u00f3, Gyerekszoba ajt\u00f3d\u00edsz, A l\u00e9zergrav\u00edrozott \u00e1llatos gyerekszoba n\u00e9vt\u00e1bla t\u00f6k\u00e9letes v\u00e1laszt\u00e1s minden kisgyerek szob\u00e1j\u00e1ba! Ez a..., Meska","image_title":"Gyerekszoba dekor\u00e1ci\u00f3,  N\u00e9vt\u00e1bla dekor\u00e1ci\u00f3, Gyerekszoba ajt\u00f3d\u00edsz, Meska","view_count":"1116","favourite_count":"0","trending_score":"0","last2MonthFavouriteCount":"0","promotion":"0","giftcard_accept":"0","creditcard_accept":true,"enhanced_background":"0","domain":"meska","specific_customer_id":null,"specific_customer_name":null,"to_order_product":"1","to_order_product_time":"4","product_different":null,"product_different_description":"","vintage":"0","vintage_category_id":"0","recycled":"0","gemstone_id":"0","customizable":"1","type_category":"physical","zerowaste":"0","postage_price":"1290.00","shop_order":"0","has_category":"1","landing_pages":null,"microdata":{"number":31,"category":""},"title":"Gyerekszoba dekor\u00e1ci\u00f3,  N\u00e9vt\u00e1bla dekor\u00e1ci\u00f3, Gyerekszoba ajt\u00f3d\u00edsz","description":"A l\u00e9zergrav\u00edrozott \u00e1llatos gyerekszoba n\u00e9vt\u00e1bla t\u00f6k\u00e9letes v\u00e1laszt\u00e1s minden kisgyerek szob\u00e1j\u00e1ba! Ez a szem\u00e9lyre szabott term\u00e9k egyedi \u00e9s var\u00e1zslatos megjelen\u00e9st ad b\u00e1rmilyen gyerekszoba dekor\u00e1ci\u00f3j\u00e1nak.\n\nA n\u00e9vt\u00e1bla kiv\u00e1l\u00f3 min\u0151s\u00e9g\u0171 faanyagb\u00f3l k\u00e9sz\u00fcl, ami tart\u00f3ss\u00e1got \u00e9s hossz\u00fa \u00e9lettartamot biztos\u00edt illetve nemcsak egy eszt\u00e9tikus dekor\u00e1ci\u00f3s elem, hanem egyben egy szem\u00e9lyes t\u00e1rgy is, ami meghat\u00e1rozza a gyermek szem\u00e9lyis\u00e9g\u00e9t \u00e9s otthonoss\u00e1got sug\u00e1roz a szob\u00e1ban.\n\nA term\u00e9k 2 r\u00e9tegb\u0151l \u00e1ll, a gyermek neve szint\u00e9n l\u00e9zer v\u00e1gott \u00e9s ragasztott ahogy az oroszl\u00e1n is illetve a szob\u00e1ja sz\u00f6veg l\u00e9zer grav\u00edrozott az als\u00f3 kerek r\u00e9tegbe.","score":11.078467,"formatted_price":"4 000 Ft","image_url":"https:\/\/www.meska.hu\/img\/product\/small\/v\/a\/varazsbolt_product_562843_230704120619_997854.jpeg","formatted_url":"https:\/\/www.meska.hu\/p5010078-lezer-vagott-nevtabla-gyerek-szoba-dekoracio","favourite":false,"in_stock":false,"avatar":"Varazsbolt_avatar_562843_1679315664.jpg","delete_from":0,"is_enhanced_background":false,"is_enhanced":false,"product_selection_started":false,"is_active":true,"image_webp_url":"https:\/\/www.meska.hu\/img\/product\/small\/v\/a\/varazsbolt_product_562843_230704120619_997854.webp"},{"id":"4889554","shop_id":"40503","user_id":"562843","shop_name":"Varazsbolt","shop_zip":"4400","product_code":"5009970","product_name_old":null,"product_name":"N\u00e9vt\u00e1bla, Gyerekszoba dekor\u00e1ci\u00f3, gyerekszoba ajt\u00f3d\u00edsz","category_string":"Baba - mama, Gyerek n\u00e9vt\u00e1bla, Babaszoba dekor\u00e1ci\u00f3","technic_string":"Grav\u00edroz\u00e1s, pirogr\u00e1fia, Fot\u00f3, grafika, rajz, illusztr\u00e1ci\u00f3","category_1":"1497","category_2":"1735","category_3":"1466","category_4":"0","merged_category_1":null,"merged_category_2":null,"merged_category_3":null,"technic_1":"796","technic_2":"483","technic_3":"0","color_1":"514","color_2":"0","color_3":"0","product_description_old":null,"product_description":"A l\u00e9zergrav\u00edrozott \u00e1llatos gyerekszoba n\u00e9vt\u00e1bla t\u00f6k\u00e9letes v\u00e1laszt\u00e1s minden kisgyerek szob\u00e1j\u00e1ba! Ez a szem\u00e9lyre szabott term\u00e9k egyedi \u00e9s var\u00e1zslatos megjelen\u00e9st ad b\u00e1rmilyen gyerekszoba dekor\u00e1ci\u00f3j\u00e1nak.\n\nA n\u00e9vt\u00e1bla kiv\u00e1l\u00f3 min\u0151s\u00e9g\u0171 faanyagb\u00f3l k\u00e9sz\u00fcl, ami tart\u00f3ss\u00e1got \u00e9s hossz\u00fa \u00e9lettartamot biztos\u00edt illetve nemcsak egy eszt\u00e9tikus dekor\u00e1ci\u00f3s elem, hanem egyben egy szem\u00e9lyes t\u00e1rgy is, ami meghat\u00e1rozza a gyermek szem\u00e9lyis\u00e9g\u00e9t \u00e9s otthonoss\u00e1got sug\u00e1roz a szob\u00e1ban.\n\nA term\u00e9k 2 r\u00e9tegb\u0151l \u00e1ll illetve a n\u00e9v az als\u00f3 kerek r\u00e9tegbe ker\u00fcl grav\u00edroz\u00e1sra.\n\nAmennyiben a n\u00e9v mell\u00e9 sz\u00f6veget is szeretne k\u00e9rem ne habozzon felvenni vel\u00fcnk a kapcsolatot.","price":"4000.00","unit":"db","recommended":"0","status":"1","sponsored":"0","exp_notify":"0","own_material":"0","own_material_description_old":null,"own_material_description":"","jury":"0","jury_number":"","product_nature":"","meskaracsony":"0","create_date":"2026-02-25 13:02:47","shelve_id":"0","image":"varazsbolt_product_562843_230704115012_056898.jpeg","image_width":"480","image_height":"456","image_alt":"N\u00e9vt\u00e1bla, Gyerekszoba dekor\u00e1ci\u00f3, gyerekszoba ajt\u00f3d\u00edsz, A l\u00e9zergrav\u00edrozott \u00e1llatos gyerekszoba n\u00e9vt\u00e1bla t\u00f6k\u00e9letes v\u00e1laszt\u00e1s minden kisgyerek szob\u00e1j\u00e1ba! Ez a..., Meska","image_title":"N\u00e9vt\u00e1bla, Gyerekszoba dekor\u00e1ci\u00f3, gyerekszoba ajt\u00f3d\u00edsz, Meska","view_count":"1223","favourite_count":"0","trending_score":"0","last2MonthFavouriteCount":"0","promotion":"0","giftcard_accept":"0","creditcard_accept":true,"enhanced_background":"0","domain":"meska","specific_customer_id":null,"specific_customer_name":null,"to_order_product":"1","to_order_product_time":"4","product_different":null,"product_different_description":"","vintage":"0","vintage_category_id":"0","recycled":"0","gemstone_id":"0","customizable":"1","type_category":"physical","zerowaste":"0","postage_price":"1290.00","shop_order":"0","has_category":"1","landing_pages":null,"microdata":{"number":32,"category":""},"title":"N\u00e9vt\u00e1bla, Gyerekszoba dekor\u00e1ci\u00f3, gyerekszoba ajt\u00f3d\u00edsz","description":"A l\u00e9zergrav\u00edrozott \u00e1llatos gyerekszoba n\u00e9vt\u00e1bla t\u00f6k\u00e9letes v\u00e1laszt\u00e1s minden kisgyerek szob\u00e1j\u00e1ba! Ez a szem\u00e9lyre szabott term\u00e9k egyedi \u00e9s var\u00e1zslatos megjelen\u00e9st ad b\u00e1rmilyen gyerekszoba dekor\u00e1ci\u00f3j\u00e1nak.\n\nA n\u00e9vt\u00e1bla kiv\u00e1l\u00f3 min\u0151s\u00e9g\u0171 faanyagb\u00f3l k\u00e9sz\u00fcl, ami tart\u00f3ss\u00e1got \u00e9s hossz\u00fa \u00e9lettartamot biztos\u00edt illetve nemcsak egy eszt\u00e9tikus dekor\u00e1ci\u00f3s elem, hanem egyben egy szem\u00e9lyes t\u00e1rgy is, ami meghat\u00e1rozza a gyermek szem\u00e9lyis\u00e9g\u00e9t \u00e9s otthonoss\u00e1got sug\u00e1roz a szob\u00e1ban.\n\nA term\u00e9k 2 r\u00e9tegb\u0151l \u00e1ll illetve a n\u00e9v az als\u00f3 kerek r\u00e9tegbe ker\u00fcl grav\u00edroz\u00e1sra.\n\nAmennyiben a n\u00e9v mell\u00e9 sz\u00f6veget is szeretne k\u00e9rem ne habozzon felvenni vel\u00fcnk a kapcsolatot.","score":11.078467,"formatted_price":"4 000 Ft","image_url":"https:\/\/www.meska.hu\/img\/product\/small\/v\/a\/varazsbolt_product_562843_230704115012_056898.jpeg","formatted_url":"https:\/\/www.meska.hu\/p5009970-nevtabla-gyerek-szoba-dekoracio","favourite":false,"in_stock":false,"avatar":"Varazsbolt_avatar_562843_1679315664.jpg","delete_from":0,"is_enhanced_background":false,"is_enhanced":false,"product_selection_started":false,"is_active":true,"image_webp_url":"https:\/\/www.meska.hu\/img\/product\/small\/v\/a\/varazsbolt_product_562843_230704115012_056898.webp"},{"id":"5970251","shop_id":"21477","user_id":"224153","shop_name":"lezerdekor","shop_zip":"7090","product_code":"5654262","product_name_old":null,"product_name":"N\u00e9vt\u00e1bla saj\u00e1t elk\u00e9pzel\u00e9sed szerint hobbikkal, vagy csal\u00e1dtagokkal \u00e9s h\u00e1zi kedvencekkel","category_string":"Otthon & \u00c9letm\u00f3d, H\u00e1z & Kert, N\u00e9vt\u00e1bla","technic_string":"Famegmunk\u00e1l\u00e1s","category_1":"813","category_2":"897","category_3":"965","category_4":"0","merged_category_1":null,"merged_category_2":null,"merged_category_3":null,"technic_1":"478","technic_2":"0","technic_3":"0","color_1":"515","color_2":"0","color_3":"0","product_description_old":null,"product_description":"K\u00fcl\u00f6nleges n\u00e9vt\u00e1bl\u00e1t k\u00e9sz\u00edt\u00fcnk a csal\u00e1d minden tagj\u00e1nak hobbikkal vagy nevekkel \u00e9s a kis h\u00e1zi kedvencekkel a kis sz\u00edveken.\nEz a dekorat\u00edv fa t\u00e1bla ajt\u00f3ra, ablakba vagy falra akaszthat\u00f3. Kis sz\u00edvekre grav\u00edrozzuk a hobbikat, a neveket, beceneveket, \u00e9s a h\u00e1zi\u00e1llatok nev\u00e9t, abban a sorrendben \u00e9s azzal a felirattal, ahogyan Te szeretn\u00e9d.\n\nK\u00e9rhet\u0151 id\u00e9zettel is :-)\n\nNat\u00far, 4 mm vastag, r\u00e9tegelt ny\u00edrf\u00e1b\u00f3l k\u00e9sz\u00fclt fa aj\u00e1nd\u00e9kt\u00e1rgy, dekor\u00e1ci\u00f3s term\u00e9k. \nM\u00e9rete: kb. 10x25 cm. \n\nV\u00e1s\u00e1rl\u00e1sn\u00e1l k\u00e9rj\u00fck \u00edrd be megjegyz\u00e9sbe a neveket, beceneveket olyan sorrendben, ahogy a t\u00e1bl\u00e1ra szeretn\u00e9d :-)\n\n","price":"6500.00","unit":"db","recommended":"0","status":"1","sponsored":"0","exp_notify":"0","own_material":"0","own_material_description_old":null,"own_material_description":"","jury":"0","jury_number":"","product_nature":"","meskaracsony":"0","create_date":"2026-02-25 16:03:00","shelve_id":"60095","image":"lezerdekor_product_224153_251028113942_617680.jpeg","image_width":"480","image_height":"404","image_alt":"N\u00e9vt\u00e1bla saj\u00e1t elk\u00e9pzel\u00e9sed szerint hobbikkal, vagy csal\u00e1dtagokkal \u00e9s h\u00e1zi kedvencekkel, K\u00fcl\u00f6nleges n\u00e9vt\u00e1bl\u00e1t k\u00e9sz\u00edt\u00fcnk a csal\u00e1d minden tagj\u00e1nak hobbikkal vagy nevekkel \u00e9s a kis h\u00e1zi kedven..., Meska","image_title":"N\u00e9vt\u00e1bla saj\u00e1t elk\u00e9pzel\u00e9sed szerint hobbikkal, vagy csal\u00e1dtagokkal \u00e9s h\u00e1zi kedvencekkel, Meska","view_count":"136","favourite_count":"0","trending_score":"0","last2MonthFavouriteCount":"0","promotion":"0","giftcard_accept":"0","creditcard_accept":false,"enhanced_background":"0","domain":"meska","specific_customer_id":null,"specific_customer_name":null,"to_order_product":"1","to_order_product_time":"2","product_different":null,"product_different_description":"","vintage":"0","vintage_category_id":"0","recycled":"0","gemstone_id":"0","customizable":"0","type_category":"physical","zerowaste":"0","postage_price":"2300.00","shop_order":"0","has_category":"1","landing_pages":null,"microdata":{"number":33,"category":""},"title":"N\u00e9vt\u00e1bla saj\u00e1t elk\u00e9pzel\u00e9sed szerint hobbikkal, vagy csal\u00e1dtagokkal \u00e9s h\u00e1zi kedvencekkel","description":"K\u00fcl\u00f6nleges n\u00e9vt\u00e1bl\u00e1t k\u00e9sz\u00edt\u00fcnk a csal\u00e1d minden tagj\u00e1nak hobbikkal vagy nevekkel \u00e9s a kis h\u00e1zi kedvencekkel a kis sz\u00edveken.\nEz a dekorat\u00edv fa t\u00e1bla ajt\u00f3ra, ablakba vagy falra akaszthat\u00f3. Kis sz\u00edvekre grav\u00edrozzuk a hobbikat, a neveket, beceneveket, \u00e9s a h\u00e1zi\u00e1llatok nev\u00e9t, abban a sorrendben \u00e9s azzal a felirattal, ahogyan Te szeretn\u00e9d.\n\nK\u00e9rhet\u0151 id\u00e9zettel is :-)\n\nNat\u00far, 4 mm vastag, r\u00e9tegelt ny\u00edrf\u00e1b\u00f3l k\u00e9sz\u00fclt fa aj\u00e1nd\u00e9kt\u00e1rgy, dekor\u00e1ci\u00f3s term\u00e9k. \nM\u00e9rete: kb. 10x25 cm. \n\nV\u00e1s\u00e1rl\u00e1sn\u00e1l k\u00e9rj\u00fck \u00edrd be megjegyz\u00e9sbe a neveket, beceneveket olyan sorrendben, ahogy a t\u00e1bl\u00e1ra szeretn\u00e9d :-)\n\n","score":11.078467,"formatted_price":"6 500 Ft","image_url":"https:\/\/www.meska.hu\/img\/product\/small\/l\/e\/lezerdekor_product_224153_251028113942_617680.jpeg","formatted_url":"https:\/\/www.meska.hu\/p5654262-nevtabla-sajat-elkepzelesed-szerint-hobbikkal-vagy-csaladtagokkal-es-hazi-kedvencekkel","favourite":false,"in_stock":false,"avatar":"lezerdekor_avatar_224153_1654619787.jpg","delete_from":0,"is_enhanced_background":false,"is_enhanced":false,"product_selection_started":false,"is_active":true,"image_webp_url":"https:\/\/www.meska.hu\/img\/product\/small\/l\/e\/lezerdekor_product_224153_251028113942_617680.webp"},{"id":"2142055","shop_id":"20777","user_id":"208051","shop_name":"Mesme","shop_zip":"5623","product_code":"3220856","product_name_old":null,"product_name":"Gyermek n\u00e9vt\u00e1bla","category_string":"M\u0171v\u00e9szet, Festm\u00e9ny, Akril","technic_string":"Fest\u00e9szet, Festett t\u00e1rgyak","category_1":"357","category_2":"358","category_3":"359","category_4":"0","merged_category_1":null,"merged_category_2":null,"merged_category_3":null,"technic_1":"480","technic_2":"481","technic_3":"0","color_1":"519","color_2":"522","color_3":"529","product_description_old":null,"product_description":"Egyedi, k\u00e9zzel festett n\u00e9vt\u00e1bla, melyre a gyereked nev\u00e9t festem.\nAz \u00e1ltalad meg\u00e1lmodott sz\u00ednvil\u00e1gban \u00e9s mint\u00e1val.\nA t\u00e1bla h\u00e1toldal\u00e1ra k\u00e9toldal\u00fa ragaszt\u00f3t tettem, hogy a szobaajt\u00f3ra k\u00f6nnyed\u00e9n felhelyezhet\u0151 legyen.\n\nA t\u00e1bla alapanyaga: MDF\nA t\u00e1bla m\u00e9rete: 15*30cm","price":"15000.00","unit":"db","recommended":"0","status":"1","sponsored":"0","exp_notify":"0","own_material":"0","own_material_description_old":null,"own_material_description":"","jury":"0","jury_number":"","product_nature":"","meskaracsony":"0","create_date":"2026-02-25 19:03:27","shelve_id":"57097","image":"mesme_product_208051_180922085036_996335.jpeg","image_width":"480","image_height":"295","image_alt":"Gyermek n\u00e9vt\u00e1bla, Egyedi, k\u00e9zzel festett n\u00e9vt\u00e1bla, melyre a gyereked nev\u00e9t festem.\\nAz \u00e1ltalad meg\u00e1lmodott sz\u00ednvil\u00e1gban..., Meska","image_title":"Gyermek n\u00e9vt\u00e1bla, Meska","view_count":"565","favourite_count":"0","trending_score":"0","last2MonthFavouriteCount":"0","promotion":"0","giftcard_accept":"0","creditcard_accept":false,"enhanced_background":"0","domain":"meska","specific_customer_id":null,"specific_customer_name":null,"to_order_product":"1","to_order_product_time":"14","product_different":"quite_different","product_different_description":"A term\u00e9ket a te ig\u00e9nyeidre szabva fogom elk\u00e9sz\u00edteni.","vintage":"0","vintage_category_id":"0","recycled":"0","gemstone_id":"0","customizable":"1","type_category":"physical","zerowaste":"0","postage_price":"1290.00","shop_order":"0","has_category":"1","landing_pages":null,"microdata":{"number":34,"category":""},"title":"Gyermek n\u00e9vt\u00e1bla","description":"Egyedi, k\u00e9zzel festett n\u00e9vt\u00e1bla, melyre a gyereked nev\u00e9t festem.\nAz \u00e1ltalad meg\u00e1lmodott sz\u00ednvil\u00e1gban \u00e9s mint\u00e1val.\nA t\u00e1bla h\u00e1toldal\u00e1ra k\u00e9toldal\u00fa ragaszt\u00f3t tettem, hogy a szobaajt\u00f3ra k\u00f6nnyed\u00e9n felhelyezhet\u0151 legyen.\n\nA t\u00e1bla alapanyaga: MDF\nA t\u00e1bla m\u00e9rete: 15*30cm","score":11.078467,"formatted_price":"15 000 Ft","image_url":"https:\/\/www.meska.hu\/img\/product\/small\/m\/e\/mesme_product_208051_180922085036_996335.jpeg","formatted_url":"https:\/\/www.meska.hu\/p3220856-gyermek-nevtabla","favourite":false,"in_stock":false,"avatar":"208051_avatar_1720192353.jpeg","delete_from":0,"is_enhanced_background":false,"is_enhanced":false,"product_selection_started":false,"is_active":true,"image_webp_url":"https:\/\/www.meska.hu\/img\/product\/small\/m\/e\/mesme_product_208051_180922085036_996335.webp"},{"id":"1691701","shop_id":"20777","user_id":"208051","shop_name":"Mesme","shop_zip":"5623","product_code":"2834144","product_name_old":null,"product_name":"Gyermek n\u00e9vt\u00e1bla","category_string":"M\u0171v\u00e9szet, Festm\u00e9ny, Akril","technic_string":"Fest\u00e9szet, Festett t\u00e1rgyak","category_1":"357","category_2":"358","category_3":"359","category_4":"0","merged_category_1":null,"merged_category_2":null,"merged_category_3":null,"technic_1":"480","technic_2":"481","technic_3":"0","color_1":"521","color_2":"523","color_3":"529","product_description_old":null,"product_description":"Micimack\u00f3s n\u00e9vt\u00e1bla.\n\nM\u00e9retei: 15*30 cm\n\nA nat\u00far fa t\u00e1bl\u00e1t akril fest\u00e9kkel festettem, majd akril lakkal fel\u00fcletkezeltem, hogy let\u00f6r\u00f6lhet\u0151 legyen.\n\nKiv\u00e1l\u00f3 d\u00edsz lehet falra akasztva vagy ajt\u00f3ra r\u00f6gz\u00edtve.\n\nEz a term\u00e9k m\u00e1r elkelt, de sz\u00edvesen elk\u00e9sz\u00edtem a te ig\u00e9nyeid szerint is.\n\nB\u00e1rmilyen mesefigur\u00e1val elk\u00e9sz\u00edtem, ami gyermeked kedvence.","price":"15000.00","unit":"db","recommended":"0","status":"1","sponsored":"0","exp_notify":"0","own_material":"0","own_material_description_old":null,"own_material_description":"","jury":"0","jury_number":"","product_nature":"","meskaracsony":"0","create_date":"2026-02-25 21:04:41","shelve_id":"57097","image":"mesme_product_208051_170531164658_093418.jpeg","image_width":"480","image_height":"311","image_alt":"Gyermek n\u00e9vt\u00e1bla, Micimack\u00f3s n\u00e9vt\u00e1bla.\\n\\nM\u00e9retei: 15*30 cm\\n\\nA nat\u00far fa t\u00e1bl\u00e1t akril fest\u00e9kkel festettem, majd akril lak..., Meska","image_title":"Gyermek n\u00e9vt\u00e1bla, Meska","view_count":"877","favourite_count":"0","trending_score":"0","last2MonthFavouriteCount":"0","promotion":"0","giftcard_accept":"0","creditcard_accept":false,"enhanced_background":"0","domain":"meska","specific_customer_id":null,"specific_customer_name":null,"to_order_product":"1","to_order_product_time":"14","product_different":"quite_different","product_different_description":"A term\u00e9k a te ig\u00e9nyeid alapj\u00e1n fog elk\u00e9sz\u00fclni.","vintage":"0","vintage_category_id":"0","recycled":"0","gemstone_id":"0","customizable":"1","type_category":"physical","zerowaste":"0","postage_price":"1290.00","shop_order":"0","has_category":"1","landing_pages":null,"microdata":{"number":35,"category":""},"title":"Gyermek n\u00e9vt\u00e1bla","description":"Micimack\u00f3s n\u00e9vt\u00e1bla.\n\nM\u00e9retei: 15*30 cm\n\nA nat\u00far fa t\u00e1bl\u00e1t akril fest\u00e9kkel festettem, majd akril lakkal fel\u00fcletkezeltem, hogy let\u00f6r\u00f6lhet\u0151 legyen.\n\nKiv\u00e1l\u00f3 d\u00edsz lehet falra akasztva vagy ajt\u00f3ra r\u00f6gz\u00edtve.\n\nEz a term\u00e9k m\u00e1r elkelt, de sz\u00edvesen elk\u00e9sz\u00edtem a te ig\u00e9nyeid szerint is.\n\nB\u00e1rmilyen mesefigur\u00e1val elk\u00e9sz\u00edtem, ami gyermeked kedvence.","score":11.078467,"formatted_price":"15 000 Ft","image_url":"https:\/\/www.meska.hu\/img\/product\/small\/m\/e\/mesme_product_208051_170531164658_093418.jpeg","formatted_url":"https:\/\/www.meska.hu\/p2834144-gyermek-nevtabla","favourite":false,"in_stock":false,"avatar":"208051_avatar_1720192353.jpeg","delete_from":0,"is_enhanced_background":false,"is_enhanced":false,"product_selection_started":false,"is_active":true,"image_webp_url":"https:\/\/www.meska.hu\/img\/product\/small\/m\/e\/mesme_product_208051_170531164658_093418.webp"},{"id":"5397760","shop_id":"20777","user_id":"208051","shop_name":"Mesme","shop_zip":"5623","product_code":"5319305","product_name_old":null,"product_name":"Gyermek n\u00e9vt\u00e1bla","category_string":"M\u0171v\u00e9szet, Festm\u00e9ny, Akril","technic_string":"Fest\u00e9szet, Festett t\u00e1rgyak","category_1":"357","category_2":"358","category_3":"359","category_4":"0","merged_category_1":null,"merged_category_2":null,"merged_category_3":null,"technic_1":"480","technic_2":"481","technic_3":"0","color_1":"521","color_2":"568","color_3":"525","product_description_old":null,"product_description":"A nat\u00far fa t\u00e1bl\u00e1t akril fest\u00e9kkel festettem, majd akril lakkal fel\u00fcletkezeltem, hogy let\u00f6r\u00f6lhet\u0151 legyen. A t\u00e1bl\u00e1ra sp\u00e1rg\u00e1b\u00f3l akaszt\u00f3t tettem, hogy k\u00f6nnyed\u00e9n a falra vagy gyermeked ajtaj\u00e1ra helyezhesd.\n\nM\u00e9retei: 30*15 cm\n\n","price":"15000.00","unit":"db","recommended":"0","status":"1","sponsored":"0","exp_notify":"0","own_material":"0","own_material_description_old":null,"own_material_description":"","jury":"0","jury_number":"","product_nature":"","meskaracsony":"0","create_date":"2026-02-25 21:04:41","shelve_id":"57097","image":"mesme_product_208051_240705184854_309919.jpeg","image_width":"480","image_height":"304","image_alt":"Gyermek n\u00e9vt\u00e1bla, A nat\u00far fa t\u00e1bl\u00e1t akril fest\u00e9kkel festettem, majd akril lakkal fel\u00fcletkezeltem, hogy let\u00f6r\u00f6lhet\u0151 leg..., Meska","image_title":"Gyermek n\u00e9vt\u00e1bla, Meska","view_count":"430","favourite_count":"0","trending_score":"0","last2MonthFavouriteCount":"0","promotion":"0","giftcard_accept":"0","creditcard_accept":false,"enhanced_background":"0","domain":"meska","specific_customer_id":null,"specific_customer_name":null,"to_order_product":"1","to_order_product_time":"14","product_different":"quite_different","product_different_description":"A term\u00e9k a te ig\u00e9nyeidre szabva fog elk\u00e9sz\u00fclni.","vintage":"0","vintage_category_id":"0","recycled":"0","gemstone_id":"0","customizable":"1","type_category":"physical","zerowaste":"0","postage_price":"1290.00","shop_order":"0","has_category":"1","landing_pages":null,"microdata":{"number":36,"category":""},"title":"Gyermek n\u00e9vt\u00e1bla","description":"A nat\u00far fa t\u00e1bl\u00e1t akril fest\u00e9kkel festettem, majd akril lakkal fel\u00fcletkezeltem, hogy let\u00f6r\u00f6lhet\u0151 legyen. A t\u00e1bl\u00e1ra sp\u00e1rg\u00e1b\u00f3l akaszt\u00f3t tettem, hogy k\u00f6nnyed\u00e9n a falra vagy gyermeked ajtaj\u00e1ra helyezhesd.\n\nM\u00e9retei: 30*15 cm\n\n","score":11.078467,"formatted_price":"15 000 Ft","image_url":"https:\/\/www.meska.hu\/img\/product\/small\/m\/e\/mesme_product_208051_240705184854_309919.jpeg","formatted_url":"https:\/\/www.meska.hu\/p5319305-gyermek-nevtabla","favourite":false,"in_stock":false,"avatar":"208051_avatar_1720192353.jpeg","delete_from":0,"is_enhanced_background":false,"is_enhanced":false,"product_selection_started":false,"is_active":true,"image_webp_url":"https:\/\/www.meska.hu\/img\/product\/small\/m\/e\/mesme_product_208051_240705184854_309919.webp"},{"id":"5397757","shop_id":"20777","user_id":"208051","shop_name":"Mesme","shop_zip":"5623","product_code":"5319302","product_name_old":null,"product_name":"Gyermek n\u00e9vt\u00e1bla","category_string":"M\u0171v\u00e9szet, Festm\u00e9ny, Akril","technic_string":"Fest\u00e9szet, Festett t\u00e1rgyak","category_1":"357","category_2":"358","category_3":"359","category_4":"0","merged_category_1":null,"merged_category_2":null,"merged_category_3":null,"technic_1":"480","technic_2":"481","technic_3":"0","color_1":"521","color_2":"568","color_3":"525","product_description_old":null,"product_description":"Csajos n\u00e9vt\u00e1bla.\n\nA nat\u00far fa t\u00e1bl\u00e1t akril fest\u00e9kkel festettem, majd akril lakkal fel\u00fcletkezeltem, hogy let\u00f6r\u00f6lhet\u0151 legyen. A t\u00e1bl\u00e1ra sp\u00e1rg\u00e1b\u00f3l akaszt\u00f3t tettem, hogy k\u00f6nnyed\u00e9n a falra vagy gyermeked ajtaj\u00e1ra helyezhesd.\n\nM\u00e9retei: 30*15 cm\n\n","price":"15000.00","unit":"db","recommended":"0","status":"1","sponsored":"0","exp_notify":"0","own_material":"0","own_material_description_old":null,"own_material_description":"","jury":"0","jury_number":"","product_nature":"","meskaracsony":"0","create_date":"2026-02-25 21:04:28","shelve_id":"57097","image":"mesme_product_208051_240705184804_693769.jpeg","image_width":"480","image_height":"274","image_alt":"Gyermek n\u00e9vt\u00e1bla, Csajos n\u00e9vt\u00e1bla.\\n\\nA nat\u00far fa t\u00e1bl\u00e1t akril fest\u00e9kkel festettem, majd akril lakkal fel\u00fcletkezeltem, ho..., Meska","image_title":"Gyermek n\u00e9vt\u00e1bla, Meska","view_count":"483","favourite_count":"0","trending_score":"0","last2MonthFavouriteCount":"0","promotion":"0","giftcard_accept":"0","creditcard_accept":false,"enhanced_background":"0","domain":"meska","specific_customer_id":null,"specific_customer_name":null,"to_order_product":"1","to_order_product_time":"14","product_different":"quite_different","product_different_description":"A term\u00e9k a te ig\u00e9nyeidre szabva fog elk\u00e9sz\u00fclni.","vintage":"0","vintage_category_id":"0","recycled":"0","gemstone_id":"0","customizable":"1","type_category":"physical","zerowaste":"0","postage_price":"1290.00","shop_order":"0","has_category":"1","landing_pages":null,"microdata":{"number":37,"category":""},"title":"Gyermek n\u00e9vt\u00e1bla","description":"Csajos n\u00e9vt\u00e1bla.\n\nA nat\u00far fa t\u00e1bl\u00e1t akril fest\u00e9kkel festettem, majd akril lakkal fel\u00fcletkezeltem, hogy let\u00f6r\u00f6lhet\u0151 legyen. A t\u00e1bl\u00e1ra sp\u00e1rg\u00e1b\u00f3l akaszt\u00f3t tettem, hogy k\u00f6nnyed\u00e9n a falra vagy gyermeked ajtaj\u00e1ra helyezhesd.\n\nM\u00e9retei: 30*15 cm\n\n","score":11.078467,"formatted_price":"15 000 Ft","image_url":"https:\/\/www.meska.hu\/img\/product\/small\/m\/e\/mesme_product_208051_240705184804_693769.jpeg","formatted_url":"https:\/\/www.meska.hu\/p5319302-gyermek-nevtabla","favourite":false,"in_stock":false,"avatar":"208051_avatar_1720192353.jpeg","delete_from":0,"is_enhanced_background":false,"is_enhanced":false,"product_selection_started":false,"is_active":true,"image_webp_url":"https:\/\/www.meska.hu\/img\/product\/small\/m\/e\/mesme_product_208051_240705184804_693769.webp"},{"id":"4897427","shop_id":"33879","user_id":"439136","shop_name":"ajandekdesign","shop_zip":"4220","product_code":"5013500","product_name_old":null,"product_name":"Baba n\u00e9vt\u00e1bla m\u00e9rf\u00f6ldk\u0151 korongokkal","category_string":"Baba - mama, Baba n\u00e9vt\u00e1bla, Babaszoba dekor\u00e1ci\u00f3","technic_string":"Grav\u00edroz\u00e1s, pirogr\u00e1fia","category_1":"1735","category_2":"1760","category_3":"1466","category_4":"0","merged_category_1":null,"merged_category_2":null,"merged_category_3":null,"technic_1":"796","technic_2":"0","technic_3":"0","color_1":"514","color_2":"521","color_3":"525","product_description_old":null,"product_description":"Grav\u00edrozott m\u00e9rf\u00f6ldk\u0151 korongok egyedi n\u00e9vt\u00e1bl\u00e1val.\nA szett tartalma:\n-12db 85mm \u00e1tm\u00e9r\u0151j\u0171 korong felirattal, sz\u00ednes sz\u00e1mokkal\n-1db 18cm \u00e1tm\u00e9r\u0151j\u0171 egyedi n\u00e9vvel ell\u00e1tott festett elef\u00e1nt mint\u00e1j\u00fa n\u00e9vt\u00e1bla\n\nA sz\u00ednt a megadott lehet\u0151s\u00e9gek k\u00f6z\u00fcl tudod kiv\u00e1lasztani.\n\nAmennyiben meg szeretn\u00e9d v\u00e1s\u00e1rolni, \u00fagy rakd kos\u00e1rba a term\u00e9ket. A \u201emegjegyz\u00e9s ajandekdesign r\u00e9sz\u00e9re\u201d mez\u0151ben megadhatod az elk\u00e9sz\u00edt\u00e9shez sz\u00fcks\u00e9ges inform\u00e1ci\u00f3kat. Ezt k\u00f6vet\u0151en fogjuk l\u00e1tni egym\u00e1s el\u00e9rhet\u0151s\u00e9geit, ha sz\u00fcks\u00e9ges emailben is egyeztethet\u00fcnk. Minden term\u00e9ket el\u0151re fizet\u00e9st k\u00f6vet\u0151en k\u00e9sz\u00edtek el, mivel teljesen egyediek (n\u00e9vre sz\u00f3l\u00f3k).\nT\u00f6bbf\u00e9le fizet\u00e9si lehet\u0151s\u00e9g k\u00f6z\u00fcl v\u00e1laszthatsz: - a fel\u00fcleten kereszt\u00fcl fizethetsz bankk\u00e1rty\u00e1val vagy el\u0151re utal\u00e1ssal is. Az utal\u00e1si adatokat megtal\u00e1lod a visszaigazol\u00f3 emailben.\nAz \u00f6sszeg be\u00e9rkez\u00e9s\u00e9t k\u00f6vet\u0151en kezdj\u00fck el k\u00e9sz\u00edteni a term\u00e9keket. \n\nK\u00e9rd\u00e9sekkel, k\u00e9r\u00e9sekkel nyugodtan kereshettek \u00fczenetben.\n","price":"13290.00","unit":"db","recommended":"0","status":"1","sponsored":"0","exp_notify":"0","own_material":"0","own_material_description_old":null,"own_material_description":"","jury":"0","jury_number":"","product_nature":"","meskaracsony":"0","create_date":"2026-02-23 23:52:20","shelve_id":"0","image":"tundekorhb_product_439136_230712122748_070333.jpeg","image_width":"480","image_height":"640","image_alt":"Baba n\u00e9vt\u00e1bla m\u00e9rf\u00f6ldk\u0151 korongokkal, Grav\u00edrozott m\u00e9rf\u00f6ldk\u0151 korongok egyedi n\u00e9vt\u00e1bl\u00e1val.\\nA szett tartalma:\\n-12db 85mm \u00e1tm\u00e9r\u0151j\u0171 korong feli..., Meska","image_title":"Baba n\u00e9vt\u00e1bla m\u00e9rf\u00f6ldk\u0151 korongokkal, Meska","view_count":"1249","favourite_count":"0","trending_score":"0","last2MonthFavouriteCount":"0","promotion":"0","giftcard_accept":"0","creditcard_accept":true,"enhanced_background":"0","domain":"meska","specific_customer_id":null,"specific_customer_name":null,"to_order_product":"1","to_order_product_time":"7","product_different":null,"product_different_description":"","vintage":"0","vintage_category_id":"0","recycled":"0","gemstone_id":"0","customizable":"0","type_category":"physical","zerowaste":"0","postage_price":"1290.00","shop_order":"0","has_category":"1","landing_pages":null,"microdata":{"number":38,"category":""},"title":"Baba n\u00e9vt\u00e1bla m\u00e9rf\u00f6ldk\u0151 korongokkal","description":"Grav\u00edrozott m\u00e9rf\u00f6ldk\u0151 korongok egyedi n\u00e9vt\u00e1bl\u00e1val.\nA szett tartalma:\n-12db 85mm \u00e1tm\u00e9r\u0151j\u0171 korong felirattal, sz\u00ednes sz\u00e1mokkal\n-1db 18cm \u00e1tm\u00e9r\u0151j\u0171 egyedi n\u00e9vvel ell\u00e1tott festett elef\u00e1nt mint\u00e1j\u00fa n\u00e9vt\u00e1bla\n\nA sz\u00ednt a megadott lehet\u0151s\u00e9gek k\u00f6z\u00fcl tudod kiv\u00e1lasztani.\n\nAmennyiben meg szeretn\u00e9d v\u00e1s\u00e1rolni, \u00fagy rakd kos\u00e1rba a term\u00e9ket. A \u201emegjegyz\u00e9s ajandekdesign r\u00e9sz\u00e9re\u201d mez\u0151ben megadhatod az elk\u00e9sz\u00edt\u00e9shez sz\u00fcks\u00e9ges inform\u00e1ci\u00f3kat. Ezt k\u00f6vet\u0151en fogjuk l\u00e1tni egym\u00e1s el\u00e9rhet\u0151s\u00e9geit, ha sz\u00fcks\u00e9ges emailben is egyeztethet\u00fcnk. Minden term\u00e9ket el\u0151re fizet\u00e9st k\u00f6vet\u0151en k\u00e9sz\u00edtek el, mivel teljesen egyediek (n\u00e9vre sz\u00f3l\u00f3k).\nT\u00f6bbf\u00e9le fizet\u00e9si lehet\u0151s\u00e9g k\u00f6z\u00fcl v\u00e1laszthatsz: - a fel\u00fcleten kereszt\u00fcl fizethetsz bankk\u00e1rty\u00e1val vagy el\u0151re utal\u00e1ssal is. Az utal\u00e1si adatokat megtal\u00e1lod a visszaigazol\u00f3 emailben.\nAz \u00f6sszeg be\u00e9rkez\u00e9s\u00e9t k\u00f6vet\u0151en kezdj\u00fck el k\u00e9sz\u00edteni a term\u00e9keket. \n\nK\u00e9rd\u00e9sekkel, k\u00e9r\u00e9sekkel nyugodtan kereshettek \u00fczenetben.\n","score":11.078467,"formatted_price":"13 290 Ft","image_url":"https:\/\/www.meska.hu\/img\/product\/small\/t\/u\/tundekorhb_product_439136_230712122748_070333.jpeg","formatted_url":"https:\/\/www.meska.hu\/p5013500-baba-nevtabla-merfoldko-korongokkal","favourite":false,"in_stock":false,"avatar":"439136_avatar_1708769647.jpeg","delete_from":0,"is_enhanced_background":false,"is_enhanced":false,"product_selection_started":false,"is_active":true,"image_webp_url":"https:\/\/www.meska.hu\/img\/product\/small\/t\/u\/tundekorhb_product_439136_230712122748_070333.webp"},{"id":"5256509","shop_id":"44512","user_id":"638839","shop_name":"Retrolett","shop_zip":"1222","product_code":"5242189","product_name_old":null,"product_name":"Zebra n\u00e9vt\u00e1bla gyerekszob\u00e1ba, ajt\u00f3ra f\u00e1b\u00f3l, gyerekszoba dekor\u00e1ci\u00f3, babav\u00e1r\u00f3 buliba aj\u00e1nd\u00e9k\u00f6tlet","category_string":"Baba - mama, Baba n\u00e9vt\u00e1bla, Babaszoba dekor\u00e1ci\u00f3","technic_string":"Festett t\u00e1rgyak, Famegmunk\u00e1l\u00e1s","category_1":"1735","category_2":"1760","category_3":"1466","category_4":"0","merged_category_1":"0","merged_category_2":"0","merged_category_3":"0","technic_1":"481","technic_2":"478","technic_3":"0","color_1":"519","color_2":"0","color_3":"0","product_description_old":null,"product_description":"Zebra n\u00e9vt\u00e1bla gyerekszob\u00e1ba, ajt\u00f3ra f\u00e1b\u00f3l, gyerekszoba dekor\u00e1ci\u00f3, babav\u00e1r\u00f3 buliba aj\u00e1nd\u00e9k\u00f6tlet\nkb 40-50 cm hossz\u00fa, a l\u00f3g\u00f3 figur\u00e1kkal egy\u00fctt 30 cm magas.\n4 db l\u00f3g\u00f3 figur\u00e1val (7-8 cm magasak), melyekre a baba sz\u00fclet\u00e9si adatai ker\u00fclnek.\n\nA n\u00e9v hossz\u00e1t\u00f3l f\u00fcgg\u0151en v\u00e1ltozik a m\u00e9ret.\nA kis k\u00f6rbe teheted a baba fot\u00f3j\u00e1t. (3-5 cm-es) opcion\u00e1lis, hogy k\u00e9red-e hozz\u00e1\nMell\u00e9kelek egy kis fakorongot is, aminek m\u00e1gnes van a h\u00e1toldal\u00e1n, erre tudod ragasztani a fot\u00f3t \u00e9s a hely\u00e9re tudod illeszteni.","price":"15900.00","unit":"db","recommended":"0","status":"1","sponsored":"0","exp_notify":"0","own_material":"0","own_material_description_old":null,"own_material_description":"","jury":"0","jury_number":"","product_nature":"","meskaracsony":"0","create_date":"2026-02-24 00:52:24","shelve_id":"75790","image":"retrolett_product_638839_240305220425_003497.jpeg","image_width":"480","image_height":"494","image_alt":"Zebra n\u00e9vt\u00e1bla gyerekszob\u00e1ba, ajt\u00f3ra f\u00e1b\u00f3l, gyerekszoba dekor\u00e1ci\u00f3, babav\u00e1r\u00f3 buliba aj\u00e1nd\u00e9k\u00f6tlet, Zebra n\u00e9vt\u00e1bla gyerekszob\u00e1ba, ajt\u00f3ra f\u00e1b\u00f3l, gyerekszoba dekor\u00e1ci\u00f3, babav\u00e1r\u00f3 buliba aj\u00e1nd\u00e9k\u00f6tlet\\nkb 4..., Meska","image_title":"Zebra n\u00e9vt\u00e1bla gyerekszob\u00e1ba, ajt\u00f3ra f\u00e1b\u00f3l, gyerekszoba dekor\u00e1ci\u00f3, babav\u00e1r\u00f3 buliba aj\u00e1nd\u00e9k\u00f6tlet, Meska","view_count":"714","favourite_count":"0","trending_score":"0","last2MonthFavouriteCount":"0","promotion":"0","giftcard_accept":"0","creditcard_accept":true,"enhanced_background":"0","domain":"meska","specific_customer_id":null,"specific_customer_name":null,"to_order_product":"1","to_order_product_time":"10","product_different":null,"product_different_description":"","vintage":"0","vintage_category_id":"0","recycled":"0","gemstone_id":"0","customizable":"1","type_category":"physical","zerowaste":"0","postage_price":"1290.00","shop_order":"0","has_category":"1","landing_pages":null,"microdata":{"number":39,"category":""},"title":"Zebra n\u00e9vt\u00e1bla gyerekszob\u00e1ba, ajt\u00f3ra f\u00e1b\u00f3l, gyerekszoba dekor\u00e1ci\u00f3, babav\u00e1r\u00f3 buliba aj\u00e1nd\u00e9k\u00f6tlet","description":"Zebra n\u00e9vt\u00e1bla gyerekszob\u00e1ba, ajt\u00f3ra f\u00e1b\u00f3l, gyerekszoba dekor\u00e1ci\u00f3, babav\u00e1r\u00f3 buliba aj\u00e1nd\u00e9k\u00f6tlet\nkb 40-50 cm hossz\u00fa, a l\u00f3g\u00f3 figur\u00e1kkal egy\u00fctt 30 cm magas.\n4 db l\u00f3g\u00f3 figur\u00e1val (7-8 cm magasak), melyekre a baba sz\u00fclet\u00e9si adatai ker\u00fclnek.\n\nA n\u00e9v hossz\u00e1t\u00f3l f\u00fcgg\u0151en v\u00e1ltozik a m\u00e9ret.\nA kis k\u00f6rbe teheted a baba fot\u00f3j\u00e1t. (3-5 cm-es) opcion\u00e1lis, hogy k\u00e9red-e hozz\u00e1\nMell\u00e9kelek egy kis fakorongot is, aminek m\u00e1gnes van a h\u00e1toldal\u00e1n, erre tudod ragasztani a fot\u00f3t \u00e9s a hely\u00e9re tudod illeszteni.","score":11.078467,"formatted_price":"15 900 Ft","image_url":"https:\/\/www.meska.hu\/img\/product\/small\/r\/e\/retrolett_product_638839_240305220425_003497.jpeg","formatted_url":"https:\/\/www.meska.hu\/p5242189-zebra-nevtabla-gyerekszobaba-ajtora-fabol-gyerekszoba-dekoracio-babavaro-buliba-ajandekotlet","favourite":false,"in_stock":false,"avatar":"638839_avatar_1731403103.jpeg","delete_from":0,"is_enhanced_background":false,"is_enhanced":false,"product_selection_started":false,"is_active":true,"image_webp_url":"https:\/\/www.meska.hu\/img\/product\/small\/r\/e\/retrolett_product_638839_240305220425_003497.webp"},{"id":"5256514","shop_id":"44512","user_id":"638839","shop_name":"Retrolett","shop_zip":"1222","product_code":"5242191","product_name_old":null,"product_name":"Mignon n\u00e9vt\u00e1bla gyerekszob\u00e1ba, ajt\u00f3ra f\u00e1b\u00f3l, gyerekszoba dekor\u00e1ci\u00f3, babav\u00e1r\u00f3 buliba aj\u00e1nd\u00e9k\u00f6tlet","category_string":"Baba - mama, Baba n\u00e9vt\u00e1bla, Babaszoba dekor\u00e1ci\u00f3","technic_string":"Festett t\u00e1rgyak, Famegmunk\u00e1l\u00e1s","category_1":"1735","category_2":"1760","category_3":"1466","category_4":"0","merged_category_1":"0","merged_category_2":"0","merged_category_3":"0","technic_1":"481","technic_2":"478","technic_3":"0","color_1":"519","color_2":"0","color_3":"0","product_description_old":null,"product_description":"Mignon n\u00e9vt\u00e1bla gyerekszob\u00e1ba, ajt\u00f3ra f\u00e1b\u00f3l, gyerekszoba dekor\u00e1ci\u00f3, babav\u00e1r\u00f3 buliba aj\u00e1nd\u00e9k\u00f6tlet\nkb 40-50 cm hossz\u00fa, a l\u00f3g\u00f3 figur\u00e1kkal egy\u00fctt 30 cm magas.\n4 db l\u00f3g\u00f3 figur\u00e1val (7-8 cm magasak), melyekre a baba sz\u00fclet\u00e9si adatai ker\u00fclnek.\n\nA n\u00e9v hossz\u00e1t\u00f3l f\u00fcgg\u0151en v\u00e1ltozik a m\u00e9ret.\nA kis k\u00f6rbe teheted a baba fot\u00f3j\u00e1t. (3-5 cm-es) opcion\u00e1lis, hogy k\u00e9red-e hozz\u00e1\nMell\u00e9kelek egy kis fakorongot is, aminek m\u00e1gnes van a h\u00e1toldal\u00e1n, erre tudod ragasztani a fot\u00f3t \u00e9s a hely\u00e9re tudod illeszteni.","price":"15900.00","unit":"db","recommended":"0","status":"1","sponsored":"0","exp_notify":"0","own_material":"0","own_material_description_old":null,"own_material_description":"","jury":"0","jury_number":"","product_nature":"","meskaracsony":"0","create_date":"2026-02-24 00:52:23","shelve_id":"75790","image":"retrolett_product_638839_240305220628_80192.jpeg","image_width":"480","image_height":"459","image_alt":"Mignon n\u00e9vt\u00e1bla gyerekszob\u00e1ba, ajt\u00f3ra f\u00e1b\u00f3l, gyerekszoba dekor\u00e1ci\u00f3, babav\u00e1r\u00f3 buliba aj\u00e1nd\u00e9k\u00f6tlet, Mignon n\u00e9vt\u00e1bla gyerekszob\u00e1ba, ajt\u00f3ra f\u00e1b\u00f3l, gyerekszoba dekor\u00e1ci\u00f3, babav\u00e1r\u00f3 buliba aj\u00e1nd\u00e9k\u00f6tlet\\nkb ..., Meska","image_title":"Mignon n\u00e9vt\u00e1bla gyerekszob\u00e1ba, ajt\u00f3ra f\u00e1b\u00f3l, gyerekszoba dekor\u00e1ci\u00f3, babav\u00e1r\u00f3 buliba aj\u00e1nd\u00e9k\u00f6tlet, Meska","view_count":"595","favourite_count":"0","trending_score":"0","last2MonthFavouriteCount":"0","promotion":"0","giftcard_accept":"0","creditcard_accept":true,"enhanced_background":"0","domain":"meska","specific_customer_id":null,"specific_customer_name":null,"to_order_product":"1","to_order_product_time":"10","product_different":null,"product_different_description":"","vintage":"0","vintage_category_id":"0","recycled":"0","gemstone_id":"0","customizable":"1","type_category":"physical","zerowaste":"0","postage_price":"1290.00","shop_order":"0","has_category":"1","landing_pages":null,"microdata":{"number":40,"category":""},"title":"Mignon n\u00e9vt\u00e1bla gyerekszob\u00e1ba, ajt\u00f3ra f\u00e1b\u00f3l, gyerekszoba dekor\u00e1ci\u00f3, babav\u00e1r\u00f3 buliba aj\u00e1nd\u00e9k\u00f6tlet","description":"Mignon n\u00e9vt\u00e1bla gyerekszob\u00e1ba, ajt\u00f3ra f\u00e1b\u00f3l, gyerekszoba dekor\u00e1ci\u00f3, babav\u00e1r\u00f3 buliba aj\u00e1nd\u00e9k\u00f6tlet\nkb 40-50 cm hossz\u00fa, a l\u00f3g\u00f3 figur\u00e1kkal egy\u00fctt 30 cm magas.\n4 db l\u00f3g\u00f3 figur\u00e1val (7-8 cm magasak), melyekre a baba sz\u00fclet\u00e9si adatai ker\u00fclnek.\n\nA n\u00e9v hossz\u00e1t\u00f3l f\u00fcgg\u0151en v\u00e1ltozik a m\u00e9ret.\nA kis k\u00f6rbe teheted a baba fot\u00f3j\u00e1t. (3-5 cm-es) opcion\u00e1lis, hogy k\u00e9red-e hozz\u00e1\nMell\u00e9kelek egy kis fakorongot is, aminek m\u00e1gnes van a h\u00e1toldal\u00e1n, erre tudod ragasztani a fot\u00f3t \u00e9s a hely\u00e9re tudod illeszteni.","score":11.078467,"formatted_price":"15 900 Ft","image_url":"https:\/\/www.meska.hu\/img\/product\/small\/r\/e\/retrolett_product_638839_240305220628_80192.jpeg","formatted_url":"https:\/\/www.meska.hu\/p5242191-mignon-nevtabla-gyerekszobaba-ajtora-fabol-gyerekszoba-dekoracio-babavaro-buliba-ajandekotlet","favourite":false,"in_stock":false,"avatar":"638839_avatar_1731403103.jpeg","delete_from":0,"is_enhanced_background":false,"is_enhanced":false,"product_selection_started":false,"is_active":true,"image_webp_url":"https:\/\/www.meska.hu\/img\/product\/small\/r\/e\/retrolett_product_638839_240305220628_80192.webp"},{"id":"5256569","shop_id":"44512","user_id":"638839","shop_name":"Retrolett","shop_zip":"1222","product_code":"5242223","product_name_old":null,"product_name":"Vizil\u00f3 fi\u00fa n\u00e9vt\u00e1bla gyerekszob\u00e1ba, ajt\u00f3ra f\u00e1b\u00f3l, gyerekszoba dekor\u00e1ci\u00f3, babav\u00e1r\u00f3 buliba aj\u00e1nd\u00e9k\u00f6tlet","category_string":"Baba - mama, Baba n\u00e9vt\u00e1bla, Babaszoba dekor\u00e1ci\u00f3","technic_string":"Festett t\u00e1rgyak, Famegmunk\u00e1l\u00e1s","category_1":"1735","category_2":"1760","category_3":"1466","category_4":"0","merged_category_1":"0","merged_category_2":"0","merged_category_3":"0","technic_1":"481","technic_2":"478","technic_3":"0","color_1":"519","color_2":"0","color_3":"0","product_description_old":null,"product_description":"Vizil\u00f3 fi\u00fa n\u00e9vt\u00e1bla gyerekszob\u00e1ba, ajt\u00f3ra f\u00e1b\u00f3l, gyerekszoba dekor\u00e1ci\u00f3, babav\u00e1r\u00f3 buliba aj\u00e1nd\u00e9k\u00f6tlet\nkb 40-50 cm hossz\u00fa, a l\u00f3g\u00f3 figur\u00e1kkal egy\u00fctt 30 cm magas.\n4 db l\u00f3g\u00f3 figur\u00e1val (7-8 cm magasak), melyekre a baba sz\u00fclet\u00e9si adatai ker\u00fclnek.\n\nA n\u00e9v hossz\u00e1t\u00f3l f\u00fcgg\u0151en v\u00e1ltozik a m\u00e9ret.\nA kis k\u00f6rbe teheted a baba fot\u00f3j\u00e1t. (3-5 cm-es) opcion\u00e1lis, hogy k\u00e9red-e hozz\u00e1\nMell\u00e9kelek egy kis fakorongot is, aminek m\u00e1gnes van a h\u00e1toldal\u00e1n, erre tudod ragasztani a fot\u00f3t \u00e9s a hely\u00e9re tudod illeszteni.","price":"15900.00","unit":"db","recommended":"0","status":"1","sponsored":"0","exp_notify":"0","own_material":"0","own_material_description_old":null,"own_material_description":"","jury":"0","jury_number":"","product_nature":"","meskaracsony":"0","create_date":"2026-02-24 00:52:24","shelve_id":"75790","image":"retrolett_product_638839_240305224033_006657.jpeg","image_width":"480","image_height":"442","image_alt":"Vizil\u00f3 fi\u00fa n\u00e9vt\u00e1bla gyerekszob\u00e1ba, ajt\u00f3ra f\u00e1b\u00f3l, gyerekszoba dekor\u00e1ci\u00f3, babav\u00e1r\u00f3 buliba aj\u00e1nd\u00e9k\u00f6tlet, Vizil\u00f3 fi\u00fa n\u00e9vt\u00e1bla gyerekszob\u00e1ba, ajt\u00f3ra f\u00e1b\u00f3l, gyerekszoba dekor\u00e1ci\u00f3, babav\u00e1r\u00f3 buliba aj\u00e1nd\u00e9k\u00f6tlet..., Meska","image_title":"Vizil\u00f3 fi\u00fa n\u00e9vt\u00e1bla gyerekszob\u00e1ba, ajt\u00f3ra f\u00e1b\u00f3l, gyerekszoba dekor\u00e1ci\u00f3, babav\u00e1r\u00f3 buliba aj\u00e1nd\u00e9k\u00f6tlet, Meska","view_count":"657","favourite_count":"0","trending_score":"0","last2MonthFavouriteCount":"0","promotion":"0","giftcard_accept":"0","creditcard_accept":true,"enhanced_background":"0","domain":"meska","specific_customer_id":null,"specific_customer_name":null,"to_order_product":"1","to_order_product_time":"10","product_different":null,"product_different_description":"","vintage":"0","vintage_category_id":"0","recycled":"0","gemstone_id":"0","customizable":"1","type_category":"physical","zerowaste":"0","postage_price":"1290.00","shop_order":"0","has_category":"1","landing_pages":null,"microdata":{"number":41,"category":""},"title":"Vizil\u00f3 fi\u00fa n\u00e9vt\u00e1bla gyerekszob\u00e1ba, ajt\u00f3ra f\u00e1b\u00f3l, gyerekszoba dekor\u00e1ci\u00f3, babav\u00e1r\u00f3 buliba aj\u00e1nd\u00e9k\u00f6tlet","description":"Vizil\u00f3 fi\u00fa n\u00e9vt\u00e1bla gyerekszob\u00e1ba, ajt\u00f3ra f\u00e1b\u00f3l, gyerekszoba dekor\u00e1ci\u00f3, babav\u00e1r\u00f3 buliba aj\u00e1nd\u00e9k\u00f6tlet\nkb 40-50 cm hossz\u00fa, a l\u00f3g\u00f3 figur\u00e1kkal egy\u00fctt 30 cm magas.\n4 db l\u00f3g\u00f3 figur\u00e1val (7-8 cm magasak), melyekre a baba sz\u00fclet\u00e9si adatai ker\u00fclnek.\n\nA n\u00e9v hossz\u00e1t\u00f3l f\u00fcgg\u0151en v\u00e1ltozik a m\u00e9ret.\nA kis k\u00f6rbe teheted a baba fot\u00f3j\u00e1t. (3-5 cm-es) opcion\u00e1lis, hogy k\u00e9red-e hozz\u00e1\nMell\u00e9kelek egy kis fakorongot is, aminek m\u00e1gnes van a h\u00e1toldal\u00e1n, erre tudod ragasztani a fot\u00f3t \u00e9s a hely\u00e9re tudod illeszteni.","score":11.078467,"formatted_price":"15 900 Ft","image_url":"https:\/\/www.meska.hu\/img\/product\/small\/r\/e\/retrolett_product_638839_240305224033_006657.jpeg","formatted_url":"https:\/\/www.meska.hu\/p5242223-vizilo-fiu-nevtabla-gyerekszobaba-ajtora-fabol-gyerekszoba-dekoracio-babavaro-buliba-ajandekotlet","favourite":false,"in_stock":false,"avatar":"638839_avatar_1731403103.jpeg","delete_from":0,"is_enhanced_background":false,"is_enhanced":false,"product_selection_started":false,"is_active":true,"image_webp_url":"https:\/\/www.meska.hu\/img\/product\/small\/r\/e\/retrolett_product_638839_240305224033_006657.webp"},{"id":"5256573","shop_id":"44512","user_id":"638839","shop_name":"Retrolett","shop_zip":"1222","product_code":"5242226","product_name_old":null,"product_name":"D\u00edn\u00f3 n\u00e9vt\u00e1bla gyerekszob\u00e1ba, ajt\u00f3ra f\u00e1b\u00f3l, gyerekszoba dekor\u00e1ci\u00f3, babav\u00e1r\u00f3 buliba aj\u00e1nd\u00e9k\u00f6tlet","category_string":"Baba - mama, Gyerek n\u00e9vt\u00e1bla, Babaszoba dekor\u00e1ci\u00f3","technic_string":"Festett t\u00e1rgyak, Famegmunk\u00e1l\u00e1s","category_1":"1735","category_2":"1497","category_3":"1466","category_4":"0","merged_category_1":"0","merged_category_2":"0","merged_category_3":"0","technic_1":"481","technic_2":"478","technic_3":"0","color_1":"519","color_2":"0","color_3":"0","product_description_old":null,"product_description":"D\u00edn\u00f3 n\u00e9vt\u00e1bla gyerekszob\u00e1ba, ajt\u00f3ra f\u00e1b\u00f3l, gyerekszoba dekor\u00e1ci\u00f3, babav\u00e1r\u00f3 buliba aj\u00e1nd\u00e9k\u00f6tlet\nkb 40-50 cm hossz\u00fa, a l\u00f3g\u00f3 figur\u00e1kkal egy\u00fctt 30 cm magas.\n4 db l\u00f3g\u00f3 figur\u00e1val (7-8 cm magasak), melyekre a baba sz\u00fclet\u00e9si adatai ker\u00fclnek.\n\nA n\u00e9v hossz\u00e1t\u00f3l f\u00fcgg\u0151en v\u00e1ltozik a m\u00e9ret.\nA kis k\u00f6rbe teheted a baba fot\u00f3j\u00e1t. (3-5 cm-es) opcion\u00e1lis, hogy k\u00e9red-e hozz\u00e1\nMell\u00e9kelek egy kis fakorongot is, aminek m\u00e1gnes van a h\u00e1toldal\u00e1n, erre tudod ragasztani a fot\u00f3t \u00e9s a hely\u00e9re tudod illeszteni.","price":"15900.00","unit":"db","recommended":"0","status":"1","sponsored":"0","exp_notify":"0","own_material":"0","own_material_description_old":null,"own_material_description":"","jury":"0","jury_number":"","product_nature":"","meskaracsony":"0","create_date":"2026-02-24 00:52:24","shelve_id":"75790","image":"retrolett_product_638839_240305224127_003622.jpeg","image_width":"480","image_height":"435","image_alt":"D\u00edn\u00f3 n\u00e9vt\u00e1bla gyerekszob\u00e1ba, ajt\u00f3ra f\u00e1b\u00f3l, gyerekszoba dekor\u00e1ci\u00f3, babav\u00e1r\u00f3 buliba aj\u00e1nd\u00e9k\u00f6tlet, D\u00edn\u00f3 n\u00e9vt\u00e1bla gyerekszob\u00e1ba, ajt\u00f3ra f\u00e1b\u00f3l, gyerekszoba dekor\u00e1ci\u00f3, babav\u00e1r\u00f3 buliba aj\u00e1nd\u00e9k\u00f6tlet\\nkb 40..., Meska","image_title":"D\u00edn\u00f3 n\u00e9vt\u00e1bla gyerekszob\u00e1ba, ajt\u00f3ra f\u00e1b\u00f3l, gyerekszoba dekor\u00e1ci\u00f3, babav\u00e1r\u00f3 buliba aj\u00e1nd\u00e9k\u00f6tlet, Meska","view_count":"707","favourite_count":"0","trending_score":"0","last2MonthFavouriteCount":"0","promotion":"0","giftcard_accept":"0","creditcard_accept":true,"enhanced_background":"0","domain":"meska","specific_customer_id":null,"specific_customer_name":null,"to_order_product":"1","to_order_product_time":"10","product_different":null,"product_different_description":"","vintage":"0","vintage_category_id":"0","recycled":"0","gemstone_id":"0","customizable":"1","type_category":"physical","zerowaste":"0","postage_price":"1290.00","shop_order":"0","has_category":"1","landing_pages":null,"microdata":{"number":42,"category":""},"title":"D\u00edn\u00f3 n\u00e9vt\u00e1bla gyerekszob\u00e1ba, ajt\u00f3ra f\u00e1b\u00f3l, gyerekszoba dekor\u00e1ci\u00f3, babav\u00e1r\u00f3 buliba aj\u00e1nd\u00e9k\u00f6tlet","description":"D\u00edn\u00f3 n\u00e9vt\u00e1bla gyerekszob\u00e1ba, ajt\u00f3ra f\u00e1b\u00f3l, gyerekszoba dekor\u00e1ci\u00f3, babav\u00e1r\u00f3 buliba aj\u00e1nd\u00e9k\u00f6tlet\nkb 40-50 cm hossz\u00fa, a l\u00f3g\u00f3 figur\u00e1kkal egy\u00fctt 30 cm magas.\n4 db l\u00f3g\u00f3 figur\u00e1val (7-8 cm magasak), melyekre a baba sz\u00fclet\u00e9si adatai ker\u00fclnek.\n\nA n\u00e9v hossz\u00e1t\u00f3l f\u00fcgg\u0151en v\u00e1ltozik a m\u00e9ret.\nA kis k\u00f6rbe teheted a baba fot\u00f3j\u00e1t. (3-5 cm-es) opcion\u00e1lis, hogy k\u00e9red-e hozz\u00e1\nMell\u00e9kelek egy kis fakorongot is, aminek m\u00e1gnes van a h\u00e1toldal\u00e1n, erre tudod ragasztani a fot\u00f3t \u00e9s a hely\u00e9re tudod illeszteni.","score":11.078467,"formatted_price":"15 900 Ft","image_url":"https:\/\/www.meska.hu\/img\/product\/small\/r\/e\/retrolett_product_638839_240305224127_003622.jpeg","formatted_url":"https:\/\/www.meska.hu\/p5242226-dino-nevtabla-gyerekszobaba-ajtora-fabol-gyerekszoba-dekoracio-babavaro-buliba-ajandekotlet","favourite":false,"in_stock":false,"avatar":"638839_avatar_1731403103.jpeg","delete_from":0,"is_enhanced_background":false,"is_enhanced":false,"product_selection_started":false,"is_active":true,"image_webp_url":"https:\/\/www.meska.hu\/img\/product\/small\/r\/e\/retrolett_product_638839_240305224127_003622.webp"},{"id":"5256504","shop_id":"44512","user_id":"638839","shop_name":"Retrolett","shop_zip":"1222","product_code":"5242185","product_name_old":null,"product_name":"Flaming\u00f3s n\u00e9vt\u00e1bla gyerekszob\u00e1ba, ajt\u00f3ra f\u00e1b\u00f3l, gyerekszoba dekor\u00e1ci\u00f3, babav\u00e1r\u00f3 buliba aj\u00e1nd\u00e9k\u00f6tlet","category_string":"Baba - mama, Baba n\u00e9vt\u00e1bla, Babaszoba dekor\u00e1ci\u00f3","technic_string":"Festett t\u00e1rgyak, Famegmunk\u00e1l\u00e1s","category_1":"1735","category_2":"1760","category_3":"1466","category_4":"0","merged_category_1":"0","merged_category_2":"0","merged_category_3":"0","technic_1":"481","technic_2":"478","technic_3":"0","color_1":"519","color_2":"0","color_3":"0","product_description_old":null,"product_description":"Flaming\u00f3s n\u00e9vt\u00e1bla gyerekszob\u00e1ba, ajt\u00f3ra f\u00e1b\u00f3l, gyerekszoba dekor\u00e1ci\u00f3, babav\u00e1r\u00f3 buliba aj\u00e1nd\u00e9k\u00f6tlet\nkb 40-50 cm hossz\u00fa, a l\u00f3g\u00f3 figur\u00e1kkal egy\u00fctt 30 cm magas.\n4 db l\u00f3g\u00f3 figur\u00e1val (7-8 cm magasak), melyekre a baba sz\u00fclet\u00e9si adatai ker\u00fclnek.\n\nA n\u00e9v hossz\u00e1t\u00f3l f\u00fcgg\u0151en v\u00e1ltozik a m\u00e9ret.\nA kis k\u00f6rbe teheted a baba fot\u00f3j\u00e1t. (3-5 cm-es) opcion\u00e1lis, hogy k\u00e9red-e hozz\u00e1\nMell\u00e9kelek egy kis fakorongot is, aminek m\u00e1gnes van a h\u00e1toldal\u00e1n, erre tudod ragasztani a fot\u00f3t \u00e9s a hely\u00e9re tudod illeszteni.","price":"15900.00","unit":"db","recommended":"0","status":"1","sponsored":"0","exp_notify":"0","own_material":"0","own_material_description_old":null,"own_material_description":"","jury":"0","jury_number":"","product_nature":"","meskaracsony":"0","create_date":"2026-02-24 00:52:25","shelve_id":"75790","image":"retrolett_product_638839_240305220000_679962.jpeg","image_width":"480","image_height":"465","image_alt":"Flaming\u00f3s n\u00e9vt\u00e1bla gyerekszob\u00e1ba, ajt\u00f3ra f\u00e1b\u00f3l, gyerekszoba dekor\u00e1ci\u00f3, babav\u00e1r\u00f3 buliba aj\u00e1nd\u00e9k\u00f6tlet, Flaming\u00f3s n\u00e9vt\u00e1bla gyerekszob\u00e1ba, ajt\u00f3ra f\u00e1b\u00f3l, gyerekszoba dekor\u00e1ci\u00f3, babav\u00e1r\u00f3 buliba aj\u00e1nd\u00e9k\u00f6tlet\\n..., Meska","image_title":"Flaming\u00f3s n\u00e9vt\u00e1bla gyerekszob\u00e1ba, ajt\u00f3ra f\u00e1b\u00f3l, gyerekszoba dekor\u00e1ci\u00f3, babav\u00e1r\u00f3 buliba aj\u00e1nd\u00e9k\u00f6tlet, Meska","view_count":"580","favourite_count":"0","trending_score":"0","last2MonthFavouriteCount":"0","promotion":"0","giftcard_accept":"0","creditcard_accept":true,"enhanced_background":"0","domain":"meska","specific_customer_id":null,"specific_customer_name":null,"to_order_product":"1","to_order_product_time":"10","product_different":null,"product_different_description":"","vintage":"0","vintage_category_id":"0","recycled":"0","gemstone_id":"0","customizable":"1","type_category":"physical","zerowaste":"0","postage_price":"1290.00","shop_order":"0","has_category":"1","landing_pages":null,"microdata":{"number":43,"category":""},"title":"Flaming\u00f3s n\u00e9vt\u00e1bla gyerekszob\u00e1ba, ajt\u00f3ra f\u00e1b\u00f3l, gyerekszoba dekor\u00e1ci\u00f3, babav\u00e1r\u00f3 buliba aj\u00e1nd\u00e9k\u00f6tlet","description":"Flaming\u00f3s n\u00e9vt\u00e1bla gyerekszob\u00e1ba, ajt\u00f3ra f\u00e1b\u00f3l, gyerekszoba dekor\u00e1ci\u00f3, babav\u00e1r\u00f3 buliba aj\u00e1nd\u00e9k\u00f6tlet\nkb 40-50 cm hossz\u00fa, a l\u00f3g\u00f3 figur\u00e1kkal egy\u00fctt 30 cm magas.\n4 db l\u00f3g\u00f3 figur\u00e1val (7-8 cm magasak), melyekre a baba sz\u00fclet\u00e9si adatai ker\u00fclnek.\n\nA n\u00e9v hossz\u00e1t\u00f3l f\u00fcgg\u0151en v\u00e1ltozik a m\u00e9ret.\nA kis k\u00f6rbe teheted a baba fot\u00f3j\u00e1t. (3-5 cm-es) opcion\u00e1lis, hogy k\u00e9red-e hozz\u00e1\nMell\u00e9kelek egy kis fakorongot is, aminek m\u00e1gnes van a h\u00e1toldal\u00e1n, erre tudod ragasztani a fot\u00f3t \u00e9s a hely\u00e9re tudod illeszteni.","score":11.078467,"formatted_price":"15 900 Ft","image_url":"https:\/\/www.meska.hu\/img\/product\/small\/r\/e\/retrolett_product_638839_240305220000_679962.jpeg","formatted_url":"https:\/\/www.meska.hu\/p5242185-flamingos-nevtabla-gyerekszobaba-ajtora-fabol-gyerekszoba-dekoracio-babavaro-buliba-ajandekotlet","favourite":false,"in_stock":false,"avatar":"638839_avatar_1731403103.jpeg","delete_from":0,"is_enhanced_background":false,"is_enhanced":false,"product_selection_started":false,"is_active":true,"image_webp_url":"https:\/\/www.meska.hu\/img\/product\/small\/r\/e\/retrolett_product_638839_240305220000_679962.webp"},{"id":"5256539","shop_id":"44512","user_id":"638839","shop_name":"Retrolett","shop_zip":"1222","product_code":"5242204","product_name_old":null,"product_name":"Tekn\u0151s n\u00e9vt\u00e1bla gyerekszob\u00e1ba, ajt\u00f3ra f\u00e1b\u00f3l, gyerekszoba dekor\u00e1ci\u00f3, babav\u00e1r\u00f3 buliba aj\u00e1nd\u00e9k\u00f6tlet","category_string":"Baba - mama, Baba n\u00e9vt\u00e1bla, Babaszoba dekor\u00e1ci\u00f3","technic_string":"Festett t\u00e1rgyak, Famegmunk\u00e1l\u00e1s","category_1":"1735","category_2":"1760","category_3":"1466","category_4":"0","merged_category_1":"0","merged_category_2":"0","merged_category_3":"0","technic_1":"481","technic_2":"478","technic_3":"0","color_1":"519","color_2":"0","color_3":"0","product_description_old":null,"product_description":"tekn\u0151s n\u00e9vt\u00e1bla gyerekszob\u00e1ba, ajt\u00f3ra f\u00e1b\u00f3l, gyerekszoba dekor\u00e1ci\u00f3, babav\u00e1r\u00f3 buliba aj\u00e1nd\u00e9k\u00f6tlet\nkb 40-50 cm hossz\u00fa, a l\u00f3g\u00f3 figur\u00e1kkal egy\u00fctt 30 cm magas.\n4 db l\u00f3g\u00f3 figur\u00e1val (7-8 cm magasak), melyekre a baba sz\u00fclet\u00e9si adatai ker\u00fclnek.\n\nA n\u00e9v hossz\u00e1t\u00f3l f\u00fcgg\u0151en v\u00e1ltozik a m\u00e9ret.\nA kis k\u00f6rbe teheted a baba fot\u00f3j\u00e1t. (3-5 cm-es) opcion\u00e1lis, hogy k\u00e9red-e hozz\u00e1\nMell\u00e9kelek egy kis fakorongot is, aminek m\u00e1gnes van a h\u00e1toldal\u00e1n, erre tudod ragasztani a fot\u00f3t \u00e9s a hely\u00e9re tudod illeszteni.","price":"15900.00","unit":"db","recommended":"0","status":"1","sponsored":"0","exp_notify":"0","own_material":"0","own_material_description_old":null,"own_material_description":"","jury":"0","jury_number":"","product_nature":"","meskaracsony":"0","create_date":"2026-02-24 00:52:25","shelve_id":"75790","image":"retrolett_product_638839_240712084849_916232.jpeg","image_width":"480","image_height":"640","image_alt":"Tekn\u0151s n\u00e9vt\u00e1bla gyerekszob\u00e1ba, ajt\u00f3ra f\u00e1b\u00f3l, gyerekszoba dekor\u00e1ci\u00f3, babav\u00e1r\u00f3 buliba aj\u00e1nd\u00e9k\u00f6tlet, tekn\u0151s n\u00e9vt\u00e1bla gyerekszob\u00e1ba, ajt\u00f3ra f\u00e1b\u00f3l, gyerekszoba dekor\u00e1ci\u00f3, babav\u00e1r\u00f3 buliba aj\u00e1nd\u00e9k\u00f6tlet\\nkb ..., Meska","image_title":"Tekn\u0151s n\u00e9vt\u00e1bla gyerekszob\u00e1ba, ajt\u00f3ra f\u00e1b\u00f3l, gyerekszoba dekor\u00e1ci\u00f3, babav\u00e1r\u00f3 buliba aj\u00e1nd\u00e9k\u00f6tlet, Meska","view_count":"704","favourite_count":"0","trending_score":"0","last2MonthFavouriteCount":"0","promotion":"0","giftcard_accept":"0","creditcard_accept":true,"enhanced_background":"0","domain":"meska","specific_customer_id":null,"specific_customer_name":null,"to_order_product":"1","to_order_product_time":"10","product_different":null,"product_different_description":"","vintage":"0","vintage_category_id":"0","recycled":"0","gemstone_id":"0","customizable":"1","type_category":"physical","zerowaste":"0","postage_price":"1290.00","shop_order":"0","has_category":"1","landing_pages":null,"microdata":{"number":44,"category":""},"title":"Tekn\u0151s n\u00e9vt\u00e1bla gyerekszob\u00e1ba, ajt\u00f3ra f\u00e1b\u00f3l, gyerekszoba dekor\u00e1ci\u00f3, babav\u00e1r\u00f3 buliba aj\u00e1nd\u00e9k\u00f6tlet","description":"tekn\u0151s n\u00e9vt\u00e1bla gyerekszob\u00e1ba, ajt\u00f3ra f\u00e1b\u00f3l, gyerekszoba dekor\u00e1ci\u00f3, babav\u00e1r\u00f3 buliba aj\u00e1nd\u00e9k\u00f6tlet\nkb 40-50 cm hossz\u00fa, a l\u00f3g\u00f3 figur\u00e1kkal egy\u00fctt 30 cm magas.\n4 db l\u00f3g\u00f3 figur\u00e1val (7-8 cm magasak), melyekre a baba sz\u00fclet\u00e9si adatai ker\u00fclnek.\n\nA n\u00e9v hossz\u00e1t\u00f3l f\u00fcgg\u0151en v\u00e1ltozik a m\u00e9ret.\nA kis k\u00f6rbe teheted a baba fot\u00f3j\u00e1t. (3-5 cm-es) opcion\u00e1lis, hogy k\u00e9red-e hozz\u00e1\nMell\u00e9kelek egy kis fakorongot is, aminek m\u00e1gnes van a h\u00e1toldal\u00e1n, erre tudod ragasztani a fot\u00f3t \u00e9s a hely\u00e9re tudod illeszteni.","score":11.078467,"formatted_price":"15 900 Ft","image_url":"https:\/\/www.meska.hu\/img\/product\/small\/r\/e\/retrolett_product_638839_240712084849_916232.jpeg","formatted_url":"https:\/\/www.meska.hu\/p5242204-teknos-nevtabla-gyerekszobaba-ajtora-fabol-gyerekszoba-dekoracio-babavaro-buliba-ajandekotlet","favourite":false,"in_stock":false,"avatar":"638839_avatar_1731403103.jpeg","delete_from":0,"is_enhanced_background":false,"is_enhanced":false,"product_selection_started":false,"is_active":true,"image_webp_url":"https:\/\/www.meska.hu\/img\/product\/small\/r\/e\/retrolett_product_638839_240712084849_916232.webp"},{"id":"5256559","shop_id":"44512","user_id":"638839","shop_name":"Retrolett","shop_zip":"1222","product_code":"5242215","product_name_old":null,"product_name":"Lajh\u00e1r n\u00e9vt\u00e1bla gyerekszob\u00e1ba, ajt\u00f3ra f\u00e1b\u00f3l, gyerekszoba dekor\u00e1ci\u00f3, babav\u00e1r\u00f3 buliba aj\u00e1nd\u00e9k\u00f6tlet","category_string":"Baba - mama, Baba n\u00e9vt\u00e1bla, Babaszoba dekor\u00e1ci\u00f3","technic_string":"Festett t\u00e1rgyak, Famegmunk\u00e1l\u00e1s","category_1":"1735","category_2":"1760","category_3":"1466","category_4":"0","merged_category_1":"0","merged_category_2":"0","merged_category_3":"0","technic_1":"481","technic_2":"478","technic_3":"0","color_1":"519","color_2":"0","color_3":"0","product_description_old":null,"product_description":"Lajh\u00e1r n\u00e9vt\u00e1bla gyerekszob\u00e1ba, ajt\u00f3ra f\u00e1b\u00f3l, gyerekszoba dekor\u00e1ci\u00f3, babav\u00e1r\u00f3 buliba aj\u00e1nd\u00e9k\u00f6tlet\nkb 40-50 cm hossz\u00fa, a l\u00f3g\u00f3 figur\u00e1kkal egy\u00fctt 30 cm magas.\n4 db l\u00f3g\u00f3 figur\u00e1val (7-8 cm magasak), melyekre a baba sz\u00fclet\u00e9si adatai ker\u00fclnek.\n\nA n\u00e9v hossz\u00e1t\u00f3l f\u00fcgg\u0151en v\u00e1ltozik a m\u00e9ret.\nA kis k\u00f6rbe teheted a baba fot\u00f3j\u00e1t. (3-5 cm-es) opcion\u00e1lis, hogy k\u00e9red-e hozz\u00e1\nMell\u00e9kelek egy kis fakorongot is, aminek m\u00e1gnes van a h\u00e1toldal\u00e1n, erre tudod ragasztani a fot\u00f3t \u00e9s a hely\u00e9re tudod illeszteni.","price":"15900.00","unit":"db","recommended":"0","status":"1","sponsored":"0","exp_notify":"0","own_material":"0","own_material_description_old":null,"own_material_description":"","jury":"0","jury_number":"","product_nature":"","meskaracsony":"0","create_date":"2026-02-24 00:52:25","shelve_id":"75790","image":"retrolett_product_638839_240305223124_157644.jpeg","image_width":"480","image_height":"444","image_alt":"Lajh\u00e1r n\u00e9vt\u00e1bla gyerekszob\u00e1ba, ajt\u00f3ra f\u00e1b\u00f3l, gyerekszoba dekor\u00e1ci\u00f3, babav\u00e1r\u00f3 buliba aj\u00e1nd\u00e9k\u00f6tlet, Lajh\u00e1r n\u00e9vt\u00e1bla gyerekszob\u00e1ba, ajt\u00f3ra f\u00e1b\u00f3l, gyerekszoba dekor\u00e1ci\u00f3, babav\u00e1r\u00f3 buliba aj\u00e1nd\u00e9k\u00f6tlet\\nkb ..., Meska","image_title":"Lajh\u00e1r n\u00e9vt\u00e1bla gyerekszob\u00e1ba, ajt\u00f3ra f\u00e1b\u00f3l, gyerekszoba dekor\u00e1ci\u00f3, babav\u00e1r\u00f3 buliba aj\u00e1nd\u00e9k\u00f6tlet, Meska","view_count":"799","favourite_count":"0","trending_score":"0","last2MonthFavouriteCount":"0","promotion":"0","giftcard_accept":"0","creditcard_accept":true,"enhanced_background":"0","domain":"meska","specific_customer_id":null,"specific_customer_name":null,"to_order_product":"1","to_order_product_time":"10","product_different":null,"product_different_description":"","vintage":"0","vintage_category_id":"0","recycled":"0","gemstone_id":"0","customizable":"1","type_category":"physical","zerowaste":"0","postage_price":"1290.00","shop_order":"0","has_category":"1","landing_pages":null,"microdata":{"number":45,"category":""},"title":"Lajh\u00e1r n\u00e9vt\u00e1bla gyerekszob\u00e1ba, ajt\u00f3ra f\u00e1b\u00f3l, gyerekszoba dekor\u00e1ci\u00f3, babav\u00e1r\u00f3 buliba aj\u00e1nd\u00e9k\u00f6tlet","description":"Lajh\u00e1r n\u00e9vt\u00e1bla gyerekszob\u00e1ba, ajt\u00f3ra f\u00e1b\u00f3l, gyerekszoba dekor\u00e1ci\u00f3, babav\u00e1r\u00f3 buliba aj\u00e1nd\u00e9k\u00f6tlet\nkb 40-50 cm hossz\u00fa, a l\u00f3g\u00f3 figur\u00e1kkal egy\u00fctt 30 cm magas.\n4 db l\u00f3g\u00f3 figur\u00e1val (7-8 cm magasak), melyekre a baba sz\u00fclet\u00e9si adatai ker\u00fclnek.\n\nA n\u00e9v hossz\u00e1t\u00f3l f\u00fcgg\u0151en v\u00e1ltozik a m\u00e9ret.\nA kis k\u00f6rbe teheted a baba fot\u00f3j\u00e1t. (3-5 cm-es) opcion\u00e1lis, hogy k\u00e9red-e hozz\u00e1\nMell\u00e9kelek egy kis fakorongot is, aminek m\u00e1gnes van a h\u00e1toldal\u00e1n, erre tudod ragasztani a fot\u00f3t \u00e9s a hely\u00e9re tudod illeszteni.","score":11.078467,"formatted_price":"15 900 Ft","image_url":"https:\/\/www.meska.hu\/img\/product\/small\/r\/e\/retrolett_product_638839_240305223124_157644.jpeg","formatted_url":"https:\/\/www.meska.hu\/p5242215-lajhar-nevtabla-gyerekszobaba-ajtora-fabol-gyerekszoba-dekoracio-babavaro-buliba-ajandekotlet","favourite":false,"in_stock":false,"avatar":"638839_avatar_1731403103.jpeg","delete_from":0,"is_enhanced_background":false,"is_enhanced":false,"product_selection_started":false,"is_active":true,"image_webp_url":"https:\/\/www.meska.hu\/img\/product\/small\/r\/e\/retrolett_product_638839_240305223124_157644.webp"},{"id":"5256562","shop_id":"44512","user_id":"638839","shop_name":"Retrolett","shop_zip":"1222","product_code":"5242217","product_name_old":null,"product_name":"Koal\u00e1s n\u00e9vt\u00e1bla gyerekszob\u00e1ba, ajt\u00f3ra f\u00e1b\u00f3l, gyerekszoba dekor\u00e1ci\u00f3, babav\u00e1r\u00f3 buliba aj\u00e1nd\u00e9k\u00f6tlet","category_string":"Baba - mama, Baba n\u00e9vt\u00e1bla, Babaszoba dekor\u00e1ci\u00f3","technic_string":"Festett t\u00e1rgyak, Famegmunk\u00e1l\u00e1s","category_1":"1735","category_2":"1760","category_3":"1466","category_4":"0","merged_category_1":"0","merged_category_2":"0","merged_category_3":"0","technic_1":"481","technic_2":"478","technic_3":"0","color_1":"519","color_2":"0","color_3":"0","product_description_old":null,"product_description":"Koal\u00e1s n\u00e9vt\u00e1bla gyerekszob\u00e1ba, ajt\u00f3ra f\u00e1b\u00f3l, gyerekszoba dekor\u00e1ci\u00f3, babav\u00e1r\u00f3 buliba aj\u00e1nd\u00e9k\u00f6tlet\nkb 40-50 cm hossz\u00fa, a l\u00f3g\u00f3 figur\u00e1kkal egy\u00fctt 30 cm magas.\n4 db l\u00f3g\u00f3 figur\u00e1val (7-8 cm magasak), melyekre a baba sz\u00fclet\u00e9si adatai ker\u00fclnek.\n\nA n\u00e9v hossz\u00e1t\u00f3l f\u00fcgg\u0151en v\u00e1ltozik a m\u00e9ret.\nA kis k\u00f6rbe teheted a baba fot\u00f3j\u00e1t. (3-5 cm-es) opcion\u00e1lis, hogy k\u00e9red-e hozz\u00e1\nMell\u00e9kelek egy kis fakorongot is, aminek m\u00e1gnes van a h\u00e1toldal\u00e1n, erre tudod ragasztani a fot\u00f3t \u00e9s a hely\u00e9re tudod illeszteni.","price":"15900.00","unit":"db","recommended":"0","status":"1","sponsored":"0","exp_notify":"0","own_material":"0","own_material_description_old":null,"own_material_description":"","jury":"0","jury_number":"","product_nature":"","meskaracsony":"0","create_date":"2026-02-24 00:52:25","shelve_id":"75790","image":"retrolett_product_638839_240305223519_221619.jpeg","image_width":"480","image_height":"640","image_alt":"Koal\u00e1s n\u00e9vt\u00e1bla gyerekszob\u00e1ba, ajt\u00f3ra f\u00e1b\u00f3l, gyerekszoba dekor\u00e1ci\u00f3, babav\u00e1r\u00f3 buliba aj\u00e1nd\u00e9k\u00f6tlet, Koal\u00e1s n\u00e9vt\u00e1bla gyerekszob\u00e1ba, ajt\u00f3ra f\u00e1b\u00f3l, gyerekszoba dekor\u00e1ci\u00f3, babav\u00e1r\u00f3 buliba aj\u00e1nd\u00e9k\u00f6tlet\\nkb ..., Meska","image_title":"Koal\u00e1s n\u00e9vt\u00e1bla gyerekszob\u00e1ba, ajt\u00f3ra f\u00e1b\u00f3l, gyerekszoba dekor\u00e1ci\u00f3, babav\u00e1r\u00f3 buliba aj\u00e1nd\u00e9k\u00f6tlet, Meska","view_count":"876","favourite_count":"0","trending_score":"0","last2MonthFavouriteCount":"0","promotion":"0","giftcard_accept":"0","creditcard_accept":true,"enhanced_background":"0","domain":"meska","specific_customer_id":null,"specific_customer_name":null,"to_order_product":"1","to_order_product_time":"10","product_different":null,"product_different_description":"","vintage":"0","vintage_category_id":"0","recycled":"0","gemstone_id":"0","customizable":"1","type_category":"physical","zerowaste":"0","postage_price":"1290.00","shop_order":"0","has_category":"1","landing_pages":null,"microdata":{"number":46,"category":""},"title":"Koal\u00e1s n\u00e9vt\u00e1bla gyerekszob\u00e1ba, ajt\u00f3ra f\u00e1b\u00f3l, gyerekszoba dekor\u00e1ci\u00f3, babav\u00e1r\u00f3 buliba aj\u00e1nd\u00e9k\u00f6tlet","description":"Koal\u00e1s n\u00e9vt\u00e1bla gyerekszob\u00e1ba, ajt\u00f3ra f\u00e1b\u00f3l, gyerekszoba dekor\u00e1ci\u00f3, babav\u00e1r\u00f3 buliba aj\u00e1nd\u00e9k\u00f6tlet\nkb 40-50 cm hossz\u00fa, a l\u00f3g\u00f3 figur\u00e1kkal egy\u00fctt 30 cm magas.\n4 db l\u00f3g\u00f3 figur\u00e1val (7-8 cm magasak), melyekre a baba sz\u00fclet\u00e9si adatai ker\u00fclnek.\n\nA n\u00e9v hossz\u00e1t\u00f3l f\u00fcgg\u0151en v\u00e1ltozik a m\u00e9ret.\nA kis k\u00f6rbe teheted a baba fot\u00f3j\u00e1t. (3-5 cm-es) opcion\u00e1lis, hogy k\u00e9red-e hozz\u00e1\nMell\u00e9kelek egy kis fakorongot is, aminek m\u00e1gnes van a h\u00e1toldal\u00e1n, erre tudod ragasztani a fot\u00f3t \u00e9s a hely\u00e9re tudod illeszteni.","score":11.078467,"formatted_price":"15 900 Ft","image_url":"https:\/\/www.meska.hu\/img\/product\/small\/r\/e\/retrolett_product_638839_240305223519_221619.jpeg","formatted_url":"https:\/\/www.meska.hu\/p5242217-hajoskapitany-nevtabla-gyerekszobaba-ajtora-fabol-gyerekszoba-dekoracio-babavaro-buliba-ajandekotlet","favourite":false,"in_stock":false,"avatar":"638839_avatar_1731403103.jpeg","delete_from":0,"is_enhanced_background":false,"is_enhanced":false,"product_selection_started":false,"is_active":true,"image_webp_url":"https:\/\/www.meska.hu\/img\/product\/small\/r\/e\/retrolett_product_638839_240305223519_221619.webp"},{"id":"5256567","shop_id":"44512","user_id":"638839","shop_name":"Retrolett","shop_zip":"1222","product_code":"5242221","product_name_old":null,"product_name":"Lufis n\u00e9vt\u00e1bla gyerekszob\u00e1ba, ajt\u00f3ra f\u00e1b\u00f3l, gyerekszoba dekor\u00e1ci\u00f3, babav\u00e1r\u00f3 buliba aj\u00e1nd\u00e9k\u00f6tlet","category_string":"Baba - mama, Gyerek n\u00e9vt\u00e1bla, Babaszoba dekor\u00e1ci\u00f3","technic_string":"Festett t\u00e1rgyak, Famegmunk\u00e1l\u00e1s","category_1":"1735","category_2":"1497","category_3":"1466","category_4":"0","merged_category_1":"0","merged_category_2":"0","merged_category_3":"0","technic_1":"481","technic_2":"478","technic_3":"0","color_1":"519","color_2":"0","color_3":"0","product_description_old":null,"product_description":"Lufis n\u00e9vt\u00e1bla gyerekszob\u00e1ba, ajt\u00f3ra f\u00e1b\u00f3l, gyerekszoba dekor\u00e1ci\u00f3, babav\u00e1r\u00f3 buliba aj\u00e1nd\u00e9k\u00f6tlet\nkb 40-50 cm hossz\u00fa, a l\u00f3g\u00f3 figur\u00e1kkal egy\u00fctt 30 cm magas.\n4 db l\u00f3g\u00f3 figur\u00e1val (7-8 cm magasak), melyekre a baba sz\u00fclet\u00e9si adatai ker\u00fclnek.\n\nA n\u00e9v hossz\u00e1t\u00f3l f\u00fcgg\u0151en v\u00e1ltozik a m\u00e9ret.\nA kis k\u00f6rbe teheted a baba fot\u00f3j\u00e1t. (3-5 cm-es) opcion\u00e1lis, hogy k\u00e9red-e hozz\u00e1\nMell\u00e9kelek egy kis fakorongot is, aminek m\u00e1gnes van a h\u00e1toldal\u00e1n, erre tudod ragasztani a fot\u00f3t \u00e9s a hely\u00e9re tudod illeszteni.","price":"15900.00","unit":"db","recommended":"0","status":"1","sponsored":"0","exp_notify":"0","own_material":"0","own_material_description_old":null,"own_material_description":"","jury":"0","jury_number":"","product_nature":"","meskaracsony":"0","create_date":"2026-02-24 00:52:24","shelve_id":"75790","image":"retrolett_product_638839_240305223834_871760.jpeg","image_width":"480","image_height":"438","image_alt":"Lufis n\u00e9vt\u00e1bla gyerekszob\u00e1ba, ajt\u00f3ra f\u00e1b\u00f3l, gyerekszoba dekor\u00e1ci\u00f3, babav\u00e1r\u00f3 buliba aj\u00e1nd\u00e9k\u00f6tlet, Lufis n\u00e9vt\u00e1bla gyerekszob\u00e1ba, ajt\u00f3ra f\u00e1b\u00f3l, gyerekszoba dekor\u00e1ci\u00f3, babav\u00e1r\u00f3 buliba aj\u00e1nd\u00e9k\u00f6tlet\\nkb 4..., Meska","image_title":"Lufis n\u00e9vt\u00e1bla gyerekszob\u00e1ba, ajt\u00f3ra f\u00e1b\u00f3l, gyerekszoba dekor\u00e1ci\u00f3, babav\u00e1r\u00f3 buliba aj\u00e1nd\u00e9k\u00f6tlet, Meska","view_count":"554","favourite_count":"0","trending_score":"0","last2MonthFavouriteCount":"0","promotion":"0","giftcard_accept":"0","creditcard_accept":true,"enhanced_background":"0","domain":"meska","specific_customer_id":null,"specific_customer_name":null,"to_order_product":"1","to_order_product_time":"10","product_different":null,"product_different_description":"","vintage":"0","vintage_category_id":"0","recycled":"0","gemstone_id":"0","customizable":"1","type_category":"physical","zerowaste":"0","postage_price":"1290.00","shop_order":"0","has_category":"1","landing_pages":null,"microdata":{"number":47,"category":""},"title":"Lufis n\u00e9vt\u00e1bla gyerekszob\u00e1ba, ajt\u00f3ra f\u00e1b\u00f3l, gyerekszoba dekor\u00e1ci\u00f3, babav\u00e1r\u00f3 buliba aj\u00e1nd\u00e9k\u00f6tlet","description":"Lufis n\u00e9vt\u00e1bla gyerekszob\u00e1ba, ajt\u00f3ra f\u00e1b\u00f3l, gyerekszoba dekor\u00e1ci\u00f3, babav\u00e1r\u00f3 buliba aj\u00e1nd\u00e9k\u00f6tlet\nkb 40-50 cm hossz\u00fa, a l\u00f3g\u00f3 figur\u00e1kkal egy\u00fctt 30 cm magas.\n4 db l\u00f3g\u00f3 figur\u00e1val (7-8 cm magasak), melyekre a baba sz\u00fclet\u00e9si adatai ker\u00fclnek.\n\nA n\u00e9v hossz\u00e1t\u00f3l f\u00fcgg\u0151en v\u00e1ltozik a m\u00e9ret.\nA kis k\u00f6rbe teheted a baba fot\u00f3j\u00e1t. (3-5 cm-es) opcion\u00e1lis, hogy k\u00e9red-e hozz\u00e1\nMell\u00e9kelek egy kis fakorongot is, aminek m\u00e1gnes van a h\u00e1toldal\u00e1n, erre tudod ragasztani a fot\u00f3t \u00e9s a hely\u00e9re tudod illeszteni.","score":11.078467,"formatted_price":"15 900 Ft","image_url":"https:\/\/www.meska.hu\/img\/product\/small\/r\/e\/retrolett_product_638839_240305223834_871760.jpeg","formatted_url":"https:\/\/www.meska.hu\/p5242221-lufis-nevtabla-gyerekszobaba-ajtora-fabol-gyerekszoba-dekoracio-babavaro-buliba-ajandekotlet","favourite":false,"in_stock":false,"avatar":"638839_avatar_1731403103.jpeg","delete_from":0,"is_enhanced_background":false,"is_enhanced":false,"product_selection_started":false,"is_active":true,"image_webp_url":"https:\/\/www.meska.hu\/img\/product\/small\/r\/e\/retrolett_product_638839_240305223834_871760.webp"},{"id":"5256542","shop_id":"44512","user_id":"638839","shop_name":"Retrolett","shop_zip":"1222","product_code":"5242206","product_name_old":null,"product_name":"Bocika n\u00e9vt\u00e1bla gyerekszob\u00e1ba, ajt\u00f3ra f\u00e1b\u00f3l, gyerekszoba dekor\u00e1ci\u00f3, babav\u00e1r\u00f3 buliba aj\u00e1nd\u00e9k\u00f6tlet","category_string":"Baba - mama, Baba n\u00e9vt\u00e1bla, Babaszoba dekor\u00e1ci\u00f3","technic_string":"Festett t\u00e1rgyak, Famegmunk\u00e1l\u00e1s","category_1":"1735","category_2":"1760","category_3":"1466","category_4":"0","merged_category_1":"0","merged_category_2":"0","merged_category_3":"0","technic_1":"481","technic_2":"478","technic_3":"0","color_1":"519","color_2":"0","color_3":"0","product_description_old":null,"product_description":"Bocika n\u00e9vt\u00e1bla gyerekszob\u00e1ba, ajt\u00f3ra f\u00e1b\u00f3l, gyerekszoba dekor\u00e1ci\u00f3, babav\u00e1r\u00f3 buliba aj\u00e1nd\u00e9k\u00f6tlet\nkb 40-50 cm hossz\u00fa, a l\u00f3g\u00f3 figur\u00e1kkal egy\u00fctt 30 cm magas.\n4 db l\u00f3g\u00f3 figur\u00e1val (7-8 cm magasak), melyekre a baba sz\u00fclet\u00e9si adatai ker\u00fclnek.\n\nA n\u00e9v hossz\u00e1t\u00f3l f\u00fcgg\u0151en v\u00e1ltozik a m\u00e9ret.\nA kis k\u00f6rbe teheted a baba fot\u00f3j\u00e1t. (3-5 cm-es) opcion\u00e1lis, hogy k\u00e9red-e hozz\u00e1\nMell\u00e9kelek egy kis fakorongot is, aminek m\u00e1gnes van a h\u00e1toldal\u00e1n, erre tudod ragasztani a fot\u00f3t \u00e9s a hely\u00e9re tudod illeszteni.","price":"15900.00","unit":"db","recommended":"0","status":"1","sponsored":"0","exp_notify":"0","own_material":"0","own_material_description_old":null,"own_material_description":"","jury":"0","jury_number":"","product_nature":"","meskaracsony":"0","create_date":"2026-02-24 00:52:26","shelve_id":"75790","image":"retrolett_product_638839_240305222513_000592.jpeg","image_width":"480","image_height":"427","image_alt":"Bocika n\u00e9vt\u00e1bla gyerekszob\u00e1ba, ajt\u00f3ra f\u00e1b\u00f3l, gyerekszoba dekor\u00e1ci\u00f3, babav\u00e1r\u00f3 buliba aj\u00e1nd\u00e9k\u00f6tlet, Bocika n\u00e9vt\u00e1bla gyerekszob\u00e1ba, ajt\u00f3ra f\u00e1b\u00f3l, gyerekszoba dekor\u00e1ci\u00f3, babav\u00e1r\u00f3 buliba aj\u00e1nd\u00e9k\u00f6tlet\\nkb ..., Meska","image_title":"Bocika n\u00e9vt\u00e1bla gyerekszob\u00e1ba, ajt\u00f3ra f\u00e1b\u00f3l, gyerekszoba dekor\u00e1ci\u00f3, babav\u00e1r\u00f3 buliba aj\u00e1nd\u00e9k\u00f6tlet, Meska","view_count":"747","favourite_count":"0","trending_score":"0","last2MonthFavouriteCount":"0","promotion":"0","giftcard_accept":"0","creditcard_accept":true,"enhanced_background":"0","domain":"meska","specific_customer_id":null,"specific_customer_name":null,"to_order_product":"1","to_order_product_time":"10","product_different":null,"product_different_description":"","vintage":"0","vintage_category_id":"0","recycled":"0","gemstone_id":"0","customizable":"1","type_category":"physical","zerowaste":"0","postage_price":"1290.00","shop_order":"0","has_category":"1","landing_pages":null,"microdata":{"number":48,"category":""},"title":"Bocika n\u00e9vt\u00e1bla gyerekszob\u00e1ba, ajt\u00f3ra f\u00e1b\u00f3l, gyerekszoba dekor\u00e1ci\u00f3, babav\u00e1r\u00f3 buliba aj\u00e1nd\u00e9k\u00f6tlet","description":"Bocika n\u00e9vt\u00e1bla gyerekszob\u00e1ba, ajt\u00f3ra f\u00e1b\u00f3l, gyerekszoba dekor\u00e1ci\u00f3, babav\u00e1r\u00f3 buliba aj\u00e1nd\u00e9k\u00f6tlet\nkb 40-50 cm hossz\u00fa, a l\u00f3g\u00f3 figur\u00e1kkal egy\u00fctt 30 cm magas.\n4 db l\u00f3g\u00f3 figur\u00e1val (7-8 cm magasak), melyekre a baba sz\u00fclet\u00e9si adatai ker\u00fclnek.\n\nA n\u00e9v hossz\u00e1t\u00f3l f\u00fcgg\u0151en v\u00e1ltozik a m\u00e9ret.\nA kis k\u00f6rbe teheted a baba fot\u00f3j\u00e1t. (3-5 cm-es) opcion\u00e1lis, hogy k\u00e9red-e hozz\u00e1\nMell\u00e9kelek egy kis fakorongot is, aminek m\u00e1gnes van a h\u00e1toldal\u00e1n, erre tudod ragasztani a fot\u00f3t \u00e9s a hely\u00e9re tudod illeszteni.","score":11.078467,"formatted_price":"15 900 Ft","image_url":"https:\/\/www.meska.hu\/img\/product\/small\/r\/e\/retrolett_product_638839_240305222513_000592.jpeg","formatted_url":"https:\/\/www.meska.hu\/p5242206-bocika-nevtabla-gyerekszobaba-ajtora-fabol-gyerekszoba-dekoracio-babavaro-buliba-ajandekotlet","favourite":false,"in_stock":false,"avatar":"638839_avatar_1731403103.jpeg","delete_from":0,"is_enhanced_background":false,"is_enhanced":false,"product_selection_started":false,"is_active":true,"image_webp_url":"https:\/\/www.meska.hu\/img\/product\/small\/r\/e\/retrolett_product_638839_240305222513_000592.webp"},{"id":"5256566","shop_id":"44512","user_id":"638839","shop_name":"Retrolett","shop_zip":"1222","product_code":"5242220","product_name_old":null,"product_name":"Vir\u00e1g n\u00e9vt\u00e1bla gyerekszob\u00e1ba, ajt\u00f3ra f\u00e1b\u00f3l, gyerekszoba dekor\u00e1ci\u00f3, babav\u00e1r\u00f3 buliba aj\u00e1nd\u00e9k\u00f6tlet","category_string":"Baba - mama, Baba n\u00e9vt\u00e1bla, Babaszoba dekor\u00e1ci\u00f3","technic_string":"Festett t\u00e1rgyak, Famegmunk\u00e1l\u00e1s","category_1":"1735","category_2":"1760","category_3":"1466","category_4":"0","merged_category_1":"0","merged_category_2":"0","merged_category_3":"0","technic_1":"481","technic_2":"478","technic_3":"0","color_1":"519","color_2":"0","color_3":"0","product_description_old":null,"product_description":"Vir\u00e1g n\u00e9vt\u00e1bla gyerekszob\u00e1ba, ajt\u00f3ra f\u00e1b\u00f3l, gyerekszoba dekor\u00e1ci\u00f3, babav\u00e1r\u00f3 buliba aj\u00e1nd\u00e9k\u00f6tlet\nkb 40-50 cm hossz\u00fa, a l\u00f3g\u00f3 figur\u00e1kkal egy\u00fctt 30 cm magas.\n4 db l\u00f3g\u00f3 figur\u00e1val (7-8 cm magasak), melyekre a baba sz\u00fclet\u00e9si adatai ker\u00fclnek.\n\nA n\u00e9v hossz\u00e1t\u00f3l f\u00fcgg\u0151en v\u00e1ltozik a m\u00e9ret.\nA kis k\u00f6rbe teheted a baba fot\u00f3j\u00e1t. (3-5 cm-es) opcion\u00e1lis, hogy k\u00e9red-e hozz\u00e1\nMell\u00e9kelek egy kis fakorongot is, aminek m\u00e1gnes van a h\u00e1toldal\u00e1n, erre tudod ragasztani a fot\u00f3t \u00e9s a hely\u00e9re tudod illeszteni.","price":"15900.00","unit":"db","recommended":"0","status":"1","sponsored":"0","exp_notify":"0","own_material":"0","own_material_description_old":null,"own_material_description":"","jury":"0","jury_number":"","product_nature":"","meskaracsony":"0","create_date":"2026-02-24 00:52:26","shelve_id":"75790","image":"retrolett_product_638839_240305223709_508738.jpeg","image_width":"480","image_height":"447","image_alt":"Vir\u00e1g n\u00e9vt\u00e1bla gyerekszob\u00e1ba, ajt\u00f3ra f\u00e1b\u00f3l, gyerekszoba dekor\u00e1ci\u00f3, babav\u00e1r\u00f3 buliba aj\u00e1nd\u00e9k\u00f6tlet, Vir\u00e1g n\u00e9vt\u00e1bla gyerekszob\u00e1ba, ajt\u00f3ra f\u00e1b\u00f3l, gyerekszoba dekor\u00e1ci\u00f3, babav\u00e1r\u00f3 buliba aj\u00e1nd\u00e9k\u00f6tlet\\nkb 4..., Meska","image_title":"Vir\u00e1g n\u00e9vt\u00e1bla gyerekszob\u00e1ba, ajt\u00f3ra f\u00e1b\u00f3l, gyerekszoba dekor\u00e1ci\u00f3, babav\u00e1r\u00f3 buliba aj\u00e1nd\u00e9k\u00f6tlet, Meska","view_count":"623","favourite_count":"0","trending_score":"0","last2MonthFavouriteCount":"0","promotion":"0","giftcard_accept":"0","creditcard_accept":true,"enhanced_background":"0","domain":"meska","specific_customer_id":null,"specific_customer_name":null,"to_order_product":"1","to_order_product_time":"10","product_different":null,"product_different_description":"","vintage":"0","vintage_category_id":"0","recycled":"0","gemstone_id":"0","customizable":"1","type_category":"physical","zerowaste":"0","postage_price":"1290.00","shop_order":"0","has_category":"1","landing_pages":null,"microdata":{"number":49,"category":""},"title":"Vir\u00e1g n\u00e9vt\u00e1bla gyerekszob\u00e1ba, ajt\u00f3ra f\u00e1b\u00f3l, gyerekszoba dekor\u00e1ci\u00f3, babav\u00e1r\u00f3 buliba aj\u00e1nd\u00e9k\u00f6tlet","description":"Vir\u00e1g n\u00e9vt\u00e1bla gyerekszob\u00e1ba, ajt\u00f3ra f\u00e1b\u00f3l, gyerekszoba dekor\u00e1ci\u00f3, babav\u00e1r\u00f3 buliba aj\u00e1nd\u00e9k\u00f6tlet\nkb 40-50 cm hossz\u00fa, a l\u00f3g\u00f3 figur\u00e1kkal egy\u00fctt 30 cm magas.\n4 db l\u00f3g\u00f3 figur\u00e1val (7-8 cm magasak), melyekre a baba sz\u00fclet\u00e9si adatai ker\u00fclnek.\n\nA n\u00e9v hossz\u00e1t\u00f3l f\u00fcgg\u0151en v\u00e1ltozik a m\u00e9ret.\nA kis k\u00f6rbe teheted a baba fot\u00f3j\u00e1t. (3-5 cm-es) opcion\u00e1lis, hogy k\u00e9red-e hozz\u00e1\nMell\u00e9kelek egy kis fakorongot is, aminek m\u00e1gnes van a h\u00e1toldal\u00e1n, erre tudod ragasztani a fot\u00f3t \u00e9s a hely\u00e9re tudod illeszteni.","score":11.078467,"formatted_price":"15 900 Ft","image_url":"https:\/\/www.meska.hu\/img\/product\/small\/r\/e\/retrolett_product_638839_240305223709_508738.jpeg","formatted_url":"https:\/\/www.meska.hu\/p5242220-virag-nevtabla-gyerekszobaba-ajtora-fabol-gyerekszoba-dekoracio-babavaro-buliba-ajandekotlet","favourite":false,"in_stock":false,"avatar":"638839_avatar_1731403103.jpeg","delete_from":0,"is_enhanced_background":false,"is_enhanced":false,"product_selection_started":false,"is_active":true,"image_webp_url":"https:\/\/www.meska.hu\/img\/product\/small\/r\/e\/retrolett_product_638839_240305223709_508738.webp"},{"id":"5256505","shop_id":"44512","user_id":"638839","shop_name":"Retrolett","shop_zip":"1222","product_code":"5242186","product_name_old":null,"product_name":"Minnie n\u00e9vt\u00e1bla gyerekszob\u00e1ba, ajt\u00f3ra f\u00e1b\u00f3l, gyerekszoba dekor\u00e1ci\u00f3, babav\u00e1r\u00f3 buliba aj\u00e1nd\u00e9k\u00f6tlet","category_string":"Baba - mama, Gyerek n\u00e9vt\u00e1bla, Babaszoba dekor\u00e1ci\u00f3","technic_string":"Festett t\u00e1rgyak, Famegmunk\u00e1l\u00e1s","category_1":"1497","category_2":"1735","category_3":"1466","category_4":"0","merged_category_1":"0","merged_category_2":"0","merged_category_3":"0","technic_1":"481","technic_2":"478","technic_3":"0","color_1":"519","color_2":"0","color_3":"0","product_description_old":null,"product_description":"Minnie n\u00e9vt\u00e1bla gyerekszob\u00e1ba, ajt\u00f3ra f\u00e1b\u00f3l, gyerekszoba dekor\u00e1ci\u00f3, babav\u00e1r\u00f3 buliba aj\u00e1nd\u00e9k\u00f6tlet\nkb 40-50 cm hossz\u00fa, a l\u00f3g\u00f3 figur\u00e1kkal egy\u00fctt 30 cm magas.\n4 db l\u00f3g\u00f3 figur\u00e1val (7-8 cm magasak), melyekre a baba sz\u00fclet\u00e9si adatai ker\u00fclnek.\n\nA n\u00e9v hossz\u00e1t\u00f3l f\u00fcgg\u0151en v\u00e1ltozik a m\u00e9ret.\nA kis k\u00f6rbe teheted a baba fot\u00f3j\u00e1t. (3-5 cm-es) opcion\u00e1lis, hogy k\u00e9red-e hozz\u00e1\nMell\u00e9kelek egy kis fakorongot is, aminek m\u00e1gnes van a h\u00e1toldal\u00e1n, erre tudod ragasztani a fot\u00f3t \u00e9s a hely\u00e9re tudod illeszteni.","price":"15900.00","unit":"db","recommended":"0","status":"1","sponsored":"0","exp_notify":"0","own_material":"0","own_material_description_old":null,"own_material_description":"","jury":"0","jury_number":"","product_nature":"","meskaracsony":"0","create_date":"2026-02-24 00:52:27","shelve_id":"75790","image":"retrolett_product_638839_240305220202_995626.jpeg","image_width":"480","image_height":"526","image_alt":"Minnie n\u00e9vt\u00e1bla gyerekszob\u00e1ba, ajt\u00f3ra f\u00e1b\u00f3l, gyerekszoba dekor\u00e1ci\u00f3, babav\u00e1r\u00f3 buliba aj\u00e1nd\u00e9k\u00f6tlet, Minnie n\u00e9vt\u00e1bla gyerekszob\u00e1ba, ajt\u00f3ra f\u00e1b\u00f3l, gyerekszoba dekor\u00e1ci\u00f3, babav\u00e1r\u00f3 buliba aj\u00e1nd\u00e9k\u00f6tlet\\nkb ..., Meska","image_title":"Minnie n\u00e9vt\u00e1bla gyerekszob\u00e1ba, ajt\u00f3ra f\u00e1b\u00f3l, gyerekszoba dekor\u00e1ci\u00f3, babav\u00e1r\u00f3 buliba aj\u00e1nd\u00e9k\u00f6tlet, Meska","view_count":"676","favourite_count":"0","trending_score":"0","last2MonthFavouriteCount":"0","promotion":"0","giftcard_accept":"0","creditcard_accept":true,"enhanced_background":"0","domain":"meska","specific_customer_id":null,"specific_customer_name":null,"to_order_product":"1","to_order_product_time":"10","product_different":null,"product_different_description":"","vintage":"0","vintage_category_id":"0","recycled":"0","gemstone_id":"0","customizable":"1","type_category":"physical","zerowaste":"0","postage_price":"1290.00","shop_order":"0","has_category":"1","landing_pages":null,"microdata":{"number":50,"category":""},"title":"Minnie n\u00e9vt\u00e1bla gyerekszob\u00e1ba, ajt\u00f3ra f\u00e1b\u00f3l, gyerekszoba dekor\u00e1ci\u00f3, babav\u00e1r\u00f3 buliba aj\u00e1nd\u00e9k\u00f6tlet","description":"Minnie n\u00e9vt\u00e1bla gyerekszob\u00e1ba, ajt\u00f3ra f\u00e1b\u00f3l, gyerekszoba dekor\u00e1ci\u00f3, babav\u00e1r\u00f3 buliba aj\u00e1nd\u00e9k\u00f6tlet\nkb 40-50 cm hossz\u00fa, a l\u00f3g\u00f3 figur\u00e1kkal egy\u00fctt 30 cm magas.\n4 db l\u00f3g\u00f3 figur\u00e1val (7-8 cm magasak), melyekre a baba sz\u00fclet\u00e9si adatai ker\u00fclnek.\n\nA n\u00e9v hossz\u00e1t\u00f3l f\u00fcgg\u0151en v\u00e1ltozik a m\u00e9ret.\nA kis k\u00f6rbe teheted a baba fot\u00f3j\u00e1t. (3-5 cm-es) opcion\u00e1lis, hogy k\u00e9red-e hozz\u00e1\nMell\u00e9kelek egy kis fakorongot is, aminek m\u00e1gnes van a h\u00e1toldal\u00e1n, erre tudod ragasztani a fot\u00f3t \u00e9s a hely\u00e9re tudod illeszteni.","score":11.078467,"formatted_price":"15 900 Ft","image_url":"https:\/\/www.meska.hu\/img\/product\/small\/r\/e\/retrolett_product_638839_240305220202_995626.jpeg","formatted_url":"https:\/\/www.meska.hu\/p5242186-minnie-nevtabla-gyerekszobaba-ajtora-fabol-gyerekszoba-dekoracio-babavaro-buliba-ajandekotlet","favourite":false,"in_stock":false,"avatar":"638839_avatar_1731403103.jpeg","delete_from":0,"is_enhanced_background":false,"is_enhanced":false,"product_selection_started":false,"is_active":true,"image_webp_url":"https:\/\/www.meska.hu\/img\/product\/small\/r\/e\/retrolett_product_638839_240305220202_995626.webp"},{"id":"5256557","shop_id":"44512","user_id":"638839","shop_name":"Retrolett","shop_zip":"1222","product_code":"5242213","product_name_old":null,"product_name":"L\u00e1ma n\u00e9vt\u00e1bla gyerekszob\u00e1ba, ajt\u00f3ra f\u00e1b\u00f3l, gyerekszoba dekor\u00e1ci\u00f3, babav\u00e1r\u00f3 buliba aj\u00e1nd\u00e9k\u00f6tlet","category_string":"Baba - mama, Baba n\u00e9vt\u00e1bla, Babaszoba dekor\u00e1ci\u00f3","technic_string":"Festett t\u00e1rgyak, Famegmunk\u00e1l\u00e1s","category_1":"1735","category_2":"1760","category_3":"1466","category_4":"0","merged_category_1":"0","merged_category_2":"0","merged_category_3":"0","technic_1":"481","technic_2":"478","technic_3":"0","color_1":"519","color_2":"0","color_3":"0","product_description_old":null,"product_description":"L\u00e1ma n\u00e9vt\u00e1bla gyerekszob\u00e1ba, ajt\u00f3ra f\u00e1b\u00f3l, gyerekszoba dekor\u00e1ci\u00f3, babav\u00e1r\u00f3 buliba aj\u00e1nd\u00e9k\u00f6tlet\nkb 40-50 cm hossz\u00fa, a l\u00f3g\u00f3 figur\u00e1kkal egy\u00fctt 30 cm magas.\n4 db l\u00f3g\u00f3 figur\u00e1val (7-8 cm magasak), melyekre a baba sz\u00fclet\u00e9si adatai ker\u00fclnek.\n\nA n\u00e9v hossz\u00e1t\u00f3l f\u00fcgg\u0151en v\u00e1ltozik a m\u00e9ret.\nA kis k\u00f6rbe teheted a baba fot\u00f3j\u00e1t. (3-5 cm-es) opcion\u00e1lis, hogy k\u00e9red-e hozz\u00e1\nMell\u00e9kelek egy kis fakorongot is, aminek m\u00e1gnes van a h\u00e1toldal\u00e1n, erre tudod ragasztani a fot\u00f3t \u00e9s a hely\u00e9re tudod illeszteni.","price":"15900.00","unit":"db","recommended":"0","status":"1","sponsored":"0","exp_notify":"0","own_material":"0","own_material_description_old":null,"own_material_description":"","jury":"0","jury_number":"","product_nature":"","meskaracsony":"0","create_date":"2026-02-24 00:52:27","shelve_id":"75790","image":"retrolett_product_638839_240305223014_457960.jpeg","image_width":"480","image_height":"453","image_alt":"L\u00e1ma n\u00e9vt\u00e1bla gyerekszob\u00e1ba, ajt\u00f3ra f\u00e1b\u00f3l, gyerekszoba dekor\u00e1ci\u00f3, babav\u00e1r\u00f3 buliba aj\u00e1nd\u00e9k\u00f6tlet, L\u00e1ma n\u00e9vt\u00e1bla gyerekszob\u00e1ba, ajt\u00f3ra f\u00e1b\u00f3l, gyerekszoba dekor\u00e1ci\u00f3, babav\u00e1r\u00f3 buliba aj\u00e1nd\u00e9k\u00f6tlet\\nkb 40..., Meska","image_title":"L\u00e1ma n\u00e9vt\u00e1bla gyerekszob\u00e1ba, ajt\u00f3ra f\u00e1b\u00f3l, gyerekszoba dekor\u00e1ci\u00f3, babav\u00e1r\u00f3 buliba aj\u00e1nd\u00e9k\u00f6tlet, Meska","view_count":"696","favourite_count":"0","trending_score":"0","last2MonthFavouriteCount":"0","promotion":"0","giftcard_accept":"0","creditcard_accept":true,"enhanced_background":"0","domain":"meska","specific_customer_id":null,"specific_customer_name":null,"to_order_product":"1","to_order_product_time":"10","product_different":null,"product_different_description":"","vintage":"0","vintage_category_id":"0","recycled":"0","gemstone_id":"0","customizable":"1","type_category":"physical","zerowaste":"0","postage_price":"1290.00","shop_order":"0","has_category":"1","landing_pages":null,"microdata":{"number":51,"category":""},"title":"L\u00e1ma n\u00e9vt\u00e1bla gyerekszob\u00e1ba, ajt\u00f3ra f\u00e1b\u00f3l, gyerekszoba dekor\u00e1ci\u00f3, babav\u00e1r\u00f3 buliba aj\u00e1nd\u00e9k\u00f6tlet","description":"L\u00e1ma n\u00e9vt\u00e1bla gyerekszob\u00e1ba, ajt\u00f3ra f\u00e1b\u00f3l, gyerekszoba dekor\u00e1ci\u00f3, babav\u00e1r\u00f3 buliba aj\u00e1nd\u00e9k\u00f6tlet\nkb 40-50 cm hossz\u00fa, a l\u00f3g\u00f3 figur\u00e1kkal egy\u00fctt 30 cm magas.\n4 db l\u00f3g\u00f3 figur\u00e1val (7-8 cm magasak), melyekre a baba sz\u00fclet\u00e9si adatai ker\u00fclnek.\n\nA n\u00e9v hossz\u00e1t\u00f3l f\u00fcgg\u0151en v\u00e1ltozik a m\u00e9ret.\nA kis k\u00f6rbe teheted a baba fot\u00f3j\u00e1t. (3-5 cm-es) opcion\u00e1lis, hogy k\u00e9red-e hozz\u00e1\nMell\u00e9kelek egy kis fakorongot is, aminek m\u00e1gnes van a h\u00e1toldal\u00e1n, erre tudod ragasztani a fot\u00f3t \u00e9s a hely\u00e9re tudod illeszteni.","score":11.078467,"formatted_price":"15 900 Ft","image_url":"https:\/\/www.meska.hu\/img\/product\/small\/r\/e\/retrolett_product_638839_240305223014_457960.jpeg","formatted_url":"https:\/\/www.meska.hu\/p5242213-lama-nevtabla-gyerekszobaba-ajtora-fabol-gyerekszoba-dekoracio-babavaro-buliba-ajandekotlet","favourite":false,"in_stock":false,"avatar":"638839_avatar_1731403103.jpeg","delete_from":0,"is_enhanced_background":false,"is_enhanced":false,"product_selection_started":false,"is_active":true,"image_webp_url":"https:\/\/www.meska.hu\/img\/product\/small\/r\/e\/retrolett_product_638839_240305223014_457960.webp"},{"id":"5256519","shop_id":"44512","user_id":"638839","shop_name":"Retrolett","shop_zip":"1222","product_code":"5242194","product_name_old":null,"product_name":"Cicus n\u00e9vt\u00e1bla gyerekszob\u00e1ba, ajt\u00f3ra f\u00e1b\u00f3l, gyerekszoba dekor\u00e1ci\u00f3, babav\u00e1r\u00f3 buliba aj\u00e1nd\u00e9k\u00f6tlet","category_string":"Baba - mama, Baba n\u00e9vt\u00e1bla, Babaszoba dekor\u00e1ci\u00f3","technic_string":"Festett t\u00e1rgyak, Famegmunk\u00e1l\u00e1s","category_1":"1735","category_2":"1760","category_3":"1466","category_4":"0","merged_category_1":"0","merged_category_2":"0","merged_category_3":"0","technic_1":"481","technic_2":"478","technic_3":"0","color_1":"519","color_2":"0","color_3":"0","product_description_old":null,"product_description":"Cicus n\u00e9vt\u00e1bla gyerekszob\u00e1ba, ajt\u00f3ra f\u00e1b\u00f3l, gyerekszoba dekor\u00e1ci\u00f3, babav\u00e1r\u00f3 buliba aj\u00e1nd\u00e9k\u00f6tlet\nkb 40-50 cm hossz\u00fa, a l\u00f3g\u00f3 figur\u00e1kkal egy\u00fctt 30 cm magas.\n4 db l\u00f3g\u00f3 figur\u00e1val (7-8 cm magasak), melyekre a baba sz\u00fclet\u00e9si adatai ker\u00fclnek.\n\nA n\u00e9v hossz\u00e1t\u00f3l f\u00fcgg\u0151en v\u00e1ltozik a m\u00e9ret.\nA kis k\u00f6rbe teheted a baba fot\u00f3j\u00e1t. (3-5 cm-es) opcion\u00e1lis, hogy k\u00e9red-e hozz\u00e1\nMell\u00e9kelek egy kis fakorongot is, aminek m\u00e1gnes van a h\u00e1toldal\u00e1n, erre tudod ragasztani a fot\u00f3t \u00e9s a hely\u00e9re tudod illeszteni.","price":"15900.00","unit":"db","recommended":"0","status":"1","sponsored":"0","exp_notify":"0","own_material":"0","own_material_description_old":null,"own_material_description":"","jury":"0","jury_number":"","product_nature":"","meskaracsony":"0","create_date":"2026-02-24 00:52:28","shelve_id":"75790","image":"retrolett_product_638839_240305220813_58158.jpeg","image_width":"480","image_height":"458","image_alt":"Cicus n\u00e9vt\u00e1bla gyerekszob\u00e1ba, ajt\u00f3ra f\u00e1b\u00f3l, gyerekszoba dekor\u00e1ci\u00f3, babav\u00e1r\u00f3 buliba aj\u00e1nd\u00e9k\u00f6tlet, Cicus n\u00e9vt\u00e1bla gyerekszob\u00e1ba, ajt\u00f3ra f\u00e1b\u00f3l, gyerekszoba dekor\u00e1ci\u00f3, babav\u00e1r\u00f3 buliba aj\u00e1nd\u00e9k\u00f6tlet\\nkb 4..., Meska","image_title":"Cicus n\u00e9vt\u00e1bla gyerekszob\u00e1ba, ajt\u00f3ra f\u00e1b\u00f3l, gyerekszoba dekor\u00e1ci\u00f3, babav\u00e1r\u00f3 buliba aj\u00e1nd\u00e9k\u00f6tlet, Meska","view_count":"658","favourite_count":"0","trending_score":"0","last2MonthFavouriteCount":"0","promotion":"0","giftcard_accept":"0","creditcard_accept":true,"enhanced_background":"0","domain":"meska","specific_customer_id":null,"specific_customer_name":null,"to_order_product":"1","to_order_product_time":"10","product_different":null,"product_different_description":"","vintage":"0","vintage_category_id":"0","recycled":"0","gemstone_id":"0","customizable":"1","type_category":"physical","zerowaste":"0","postage_price":"1290.00","shop_order":"0","has_category":"1","landing_pages":null,"microdata":{"number":52,"category":""},"title":"Cicus n\u00e9vt\u00e1bla gyerekszob\u00e1ba, ajt\u00f3ra f\u00e1b\u00f3l, gyerekszoba dekor\u00e1ci\u00f3, babav\u00e1r\u00f3 buliba aj\u00e1nd\u00e9k\u00f6tlet","description":"Cicus n\u00e9vt\u00e1bla gyerekszob\u00e1ba, ajt\u00f3ra f\u00e1b\u00f3l, gyerekszoba dekor\u00e1ci\u00f3, babav\u00e1r\u00f3 buliba aj\u00e1nd\u00e9k\u00f6tlet\nkb 40-50 cm hossz\u00fa, a l\u00f3g\u00f3 figur\u00e1kkal egy\u00fctt 30 cm magas.\n4 db l\u00f3g\u00f3 figur\u00e1val (7-8 cm magasak), melyekre a baba sz\u00fclet\u00e9si adatai ker\u00fclnek.\n\nA n\u00e9v hossz\u00e1t\u00f3l f\u00fcgg\u0151en v\u00e1ltozik a m\u00e9ret.\nA kis k\u00f6rbe teheted a baba fot\u00f3j\u00e1t. (3-5 cm-es) opcion\u00e1lis, hogy k\u00e9red-e hozz\u00e1\nMell\u00e9kelek egy kis fakorongot is, aminek m\u00e1gnes van a h\u00e1toldal\u00e1n, erre tudod ragasztani a fot\u00f3t \u00e9s a hely\u00e9re tudod illeszteni.","score":11.078467,"formatted_price":"15 900 Ft","image_url":"https:\/\/www.meska.hu\/img\/product\/small\/r\/e\/retrolett_product_638839_240305220813_58158.jpeg","formatted_url":"https:\/\/www.meska.hu\/p5242194-cicus-nevtabla-gyerekszobaba-ajtora-fabol-gyerekszoba-dekoracio-babavaro-buliba-ajandekotlet","favourite":false,"in_stock":false,"avatar":"638839_avatar_1731403103.jpeg","delete_from":0,"is_enhanced_background":false,"is_enhanced":false,"product_selection_started":false,"is_active":true,"image_webp_url":"https:\/\/www.meska.hu\/img\/product\/small\/r\/e\/retrolett_product_638839_240305220813_58158.webp"},{"id":"5256532","shop_id":"44512","user_id":"638839","shop_name":"Retrolett","shop_zip":"1222","product_code":"5242200","product_name_old":null,"product_name":"Zsir\u00e1f n\u00e9vt\u00e1bla gyerekszob\u00e1ba, ajt\u00f3ra f\u00e1b\u00f3l, gyerekszoba dekor\u00e1ci\u00f3, babav\u00e1r\u00f3 buliba aj\u00e1nd\u00e9k\u00f6tlet","category_string":"Baba - mama, Baba n\u00e9vt\u00e1bla, Babaszoba dekor\u00e1ci\u00f3","technic_string":"Festett t\u00e1rgyak, Famegmunk\u00e1l\u00e1s","category_1":"1735","category_2":"1760","category_3":"1466","category_4":"0","merged_category_1":"0","merged_category_2":"0","merged_category_3":"0","technic_1":"481","technic_2":"478","technic_3":"0","color_1":"519","color_2":"0","color_3":"0","product_description_old":null,"product_description":"zsir\u00e1f n\u00e9vt\u00e1bla gyerekszob\u00e1ba, ajt\u00f3ra f\u00e1b\u00f3l, gyerekszoba dekor\u00e1ci\u00f3, babav\u00e1r\u00f3 buliba aj\u00e1nd\u00e9k\u00f6tlet\nkb 40-50 cm hossz\u00fa, a l\u00f3g\u00f3 figur\u00e1kkal egy\u00fctt 30 cm magas.\n4 db l\u00f3g\u00f3 figur\u00e1val (7-8 cm magasak), melyekre a baba sz\u00fclet\u00e9si adatai ker\u00fclnek.\n\nA n\u00e9v hossz\u00e1t\u00f3l f\u00fcgg\u0151en v\u00e1ltozik a m\u00e9ret.\nA kis k\u00f6rbe teheted a baba fot\u00f3j\u00e1t. (3-5 cm-es) opcion\u00e1lis, hogy k\u00e9red-e hozz\u00e1\nMell\u00e9kelek egy kis fakorongot is, aminek m\u00e1gnes van a h\u00e1toldal\u00e1n, erre tudod ragasztani a fot\u00f3t \u00e9s a hely\u00e9re tudod illeszteni.","price":"15900.00","unit":"db","recommended":"0","status":"1","sponsored":"0","exp_notify":"0","own_material":"0","own_material_description_old":null,"own_material_description":"","jury":"0","jury_number":"","product_nature":"","meskaracsony":"0","create_date":"2026-02-24 00:52:27","shelve_id":"75790","image":"retrolett_product_638839_240305221705_755747.jpeg","image_width":"480","image_height":"452","image_alt":"Zsir\u00e1f n\u00e9vt\u00e1bla gyerekszob\u00e1ba, ajt\u00f3ra f\u00e1b\u00f3l, gyerekszoba dekor\u00e1ci\u00f3, babav\u00e1r\u00f3 buliba aj\u00e1nd\u00e9k\u00f6tlet, zsir\u00e1f n\u00e9vt\u00e1bla gyerekszob\u00e1ba, ajt\u00f3ra f\u00e1b\u00f3l, gyerekszoba dekor\u00e1ci\u00f3, babav\u00e1r\u00f3 buliba aj\u00e1nd\u00e9k\u00f6tlet\\nkb ..., Meska","image_title":"Zsir\u00e1f n\u00e9vt\u00e1bla gyerekszob\u00e1ba, ajt\u00f3ra f\u00e1b\u00f3l, gyerekszoba dekor\u00e1ci\u00f3, babav\u00e1r\u00f3 buliba aj\u00e1nd\u00e9k\u00f6tlet, Meska","view_count":"904","favourite_count":"0","trending_score":"0","last2MonthFavouriteCount":"0","promotion":"0","giftcard_accept":"0","creditcard_accept":true,"enhanced_background":"0","domain":"meska","specific_customer_id":null,"specific_customer_name":null,"to_order_product":"1","to_order_product_time":"10","product_different":null,"product_different_description":"","vintage":"0","vintage_category_id":"0","recycled":"0","gemstone_id":"0","customizable":"1","type_category":"physical","zerowaste":"0","postage_price":"1290.00","shop_order":"0","has_category":"1","landing_pages":null,"microdata":{"number":53,"category":""},"title":"Zsir\u00e1f n\u00e9vt\u00e1bla gyerekszob\u00e1ba, ajt\u00f3ra f\u00e1b\u00f3l, gyerekszoba dekor\u00e1ci\u00f3, babav\u00e1r\u00f3 buliba aj\u00e1nd\u00e9k\u00f6tlet","description":"zsir\u00e1f n\u00e9vt\u00e1bla gyerekszob\u00e1ba, ajt\u00f3ra f\u00e1b\u00f3l, gyerekszoba dekor\u00e1ci\u00f3, babav\u00e1r\u00f3 buliba aj\u00e1nd\u00e9k\u00f6tlet\nkb 40-50 cm hossz\u00fa, a l\u00f3g\u00f3 figur\u00e1kkal egy\u00fctt 30 cm magas.\n4 db l\u00f3g\u00f3 figur\u00e1val (7-8 cm magasak), melyekre a baba sz\u00fclet\u00e9si adatai ker\u00fclnek.\n\nA n\u00e9v hossz\u00e1t\u00f3l f\u00fcgg\u0151en v\u00e1ltozik a m\u00e9ret.\nA kis k\u00f6rbe teheted a baba fot\u00f3j\u00e1t. (3-5 cm-es) opcion\u00e1lis, hogy k\u00e9red-e hozz\u00e1\nMell\u00e9kelek egy kis fakorongot is, aminek m\u00e1gnes van a h\u00e1toldal\u00e1n, erre tudod ragasztani a fot\u00f3t \u00e9s a hely\u00e9re tudod illeszteni.","score":11.078467,"formatted_price":"15 900 Ft","image_url":"https:\/\/www.meska.hu\/img\/product\/small\/r\/e\/retrolett_product_638839_240305221705_755747.jpeg","formatted_url":"https:\/\/www.meska.hu\/p5242200-zsiraf-nevtabla-gyerekszobaba-ajtora-fabol-gyerekszoba-dekoracio-babavaro-buliba-ajandekotlet","favourite":false,"in_stock":false,"avatar":"638839_avatar_1731403103.jpeg","delete_from":0,"is_enhanced_background":false,"is_enhanced":false,"product_selection_started":false,"is_active":true,"image_webp_url":"https:\/\/www.meska.hu\/img\/product\/small\/r\/e\/retrolett_product_638839_240305221705_755747.webp"},{"id":"5256511","shop_id":"44512","user_id":"638839","shop_name":"Retrolett","shop_zip":"1222","product_code":"5242190","product_name_old":null,"product_name":"Nyuszi n\u00e9vt\u00e1bla gyerekszob\u00e1ba, ajt\u00f3ra f\u00e1b\u00f3l, gyerekszoba dekor\u00e1ci\u00f3, babav\u00e1r\u00f3 buliba aj\u00e1nd\u00e9k\u00f6tlet","category_string":"Baba - mama, Gyerek n\u00e9vt\u00e1bla, Babaszoba dekor\u00e1ci\u00f3","technic_string":"Festett t\u00e1rgyak, Famegmunk\u00e1l\u00e1s","category_1":"1735","category_2":"1497","category_3":"1466","category_4":"0","merged_category_1":"0","merged_category_2":"0","merged_category_3":"0","technic_1":"481","technic_2":"478","technic_3":"0","color_1":"519","color_2":"0","color_3":"0","product_description_old":null,"product_description":"Nyuszi n\u00e9vt\u00e1bla gyerekszob\u00e1ba, ajt\u00f3ra f\u00e1b\u00f3l, gyerekszoba dekor\u00e1ci\u00f3, babav\u00e1r\u00f3 buliba aj\u00e1nd\u00e9k\u00f6tlet\nkb 40-50 cm hossz\u00fa, a l\u00f3g\u00f3 figur\u00e1kkal egy\u00fctt 30 cm magas.\n4 db l\u00f3g\u00f3 figur\u00e1val (7-8 cm magasak), melyekre a baba sz\u00fclet\u00e9si adatai ker\u00fclnek.\n\nA n\u00e9v hossz\u00e1t\u00f3l f\u00fcgg\u0151en v\u00e1ltozik a m\u00e9ret.\nA kis k\u00f6rbe teheted a baba fot\u00f3j\u00e1t. (3-5 cm-es) opcion\u00e1lis, hogy k\u00e9red-e hozz\u00e1\nMell\u00e9kelek egy kis fakorongot is, aminek m\u00e1gnes van a h\u00e1toldal\u00e1n, erre tudod ragasztani a fot\u00f3t \u00e9s a hely\u00e9re tudod illeszteni.","price":"15900.00","unit":"db","recommended":"0","status":"1","sponsored":"0","exp_notify":"0","own_material":"0","own_material_description_old":null,"own_material_description":"","jury":"0","jury_number":"","product_nature":"","meskaracsony":"0","create_date":"2026-02-24 00:52:28","shelve_id":"75790","image":"retrolett_product_638839_240305220541_16353.jpeg","image_width":"480","image_height":"501","image_alt":"Nyuszi n\u00e9vt\u00e1bla gyerekszob\u00e1ba, ajt\u00f3ra f\u00e1b\u00f3l, gyerekszoba dekor\u00e1ci\u00f3, babav\u00e1r\u00f3 buliba aj\u00e1nd\u00e9k\u00f6tlet, Nyuszi n\u00e9vt\u00e1bla gyerekszob\u00e1ba, ajt\u00f3ra f\u00e1b\u00f3l, gyerekszoba dekor\u00e1ci\u00f3, babav\u00e1r\u00f3 buliba aj\u00e1nd\u00e9k\u00f6tlet\\nkb ..., Meska","image_title":"Nyuszi n\u00e9vt\u00e1bla gyerekszob\u00e1ba, ajt\u00f3ra f\u00e1b\u00f3l, gyerekszoba dekor\u00e1ci\u00f3, babav\u00e1r\u00f3 buliba aj\u00e1nd\u00e9k\u00f6tlet, Meska","view_count":"655","favourite_count":"0","trending_score":"0","last2MonthFavouriteCount":"0","promotion":"0","giftcard_accept":"0","creditcard_accept":true,"enhanced_background":"0","domain":"meska","specific_customer_id":null,"specific_customer_name":null,"to_order_product":"1","to_order_product_time":"10","product_different":null,"product_different_description":"","vintage":"0","vintage_category_id":"0","recycled":"0","gemstone_id":"0","customizable":"1","type_category":"physical","zerowaste":"0","postage_price":"1290.00","shop_order":"0","has_category":"1","landing_pages":null,"microdata":{"number":54,"category":""},"title":"Nyuszi n\u00e9vt\u00e1bla gyerekszob\u00e1ba, ajt\u00f3ra f\u00e1b\u00f3l, gyerekszoba dekor\u00e1ci\u00f3, babav\u00e1r\u00f3 buliba aj\u00e1nd\u00e9k\u00f6tlet","description":"Nyuszi n\u00e9vt\u00e1bla gyerekszob\u00e1ba, ajt\u00f3ra f\u00e1b\u00f3l, gyerekszoba dekor\u00e1ci\u00f3, babav\u00e1r\u00f3 buliba aj\u00e1nd\u00e9k\u00f6tlet\nkb 40-50 cm hossz\u00fa, a l\u00f3g\u00f3 figur\u00e1kkal egy\u00fctt 30 cm magas.\n4 db l\u00f3g\u00f3 figur\u00e1val (7-8 cm magasak), melyekre a baba sz\u00fclet\u00e9si adatai ker\u00fclnek.\n\nA n\u00e9v hossz\u00e1t\u00f3l f\u00fcgg\u0151en v\u00e1ltozik a m\u00e9ret.\nA kis k\u00f6rbe teheted a baba fot\u00f3j\u00e1t. (3-5 cm-es) opcion\u00e1lis, hogy k\u00e9red-e hozz\u00e1\nMell\u00e9kelek egy kis fakorongot is, aminek m\u00e1gnes van a h\u00e1toldal\u00e1n, erre tudod ragasztani a fot\u00f3t \u00e9s a hely\u00e9re tudod illeszteni.","score":11.078467,"formatted_price":"15 900 Ft","image_url":"https:\/\/www.meska.hu\/img\/product\/small\/r\/e\/retrolett_product_638839_240305220541_16353.jpeg","formatted_url":"https:\/\/www.meska.hu\/p5242190-nyuszi-nevtabla-gyerekszobaba-ajtora-fabol-gyerekszoba-dekoracio-babavaro-buliba-ajandekotlet","favourite":false,"in_stock":false,"avatar":"638839_avatar_1731403103.jpeg","delete_from":0,"is_enhanced_background":false,"is_enhanced":false,"product_selection_started":false,"is_active":true,"image_webp_url":"https:\/\/www.meska.hu\/img\/product\/small\/r\/e\/retrolett_product_638839_240305220541_16353.webp"},{"id":"5256529","shop_id":"44512","user_id":"638839","shop_name":"Retrolett","shop_zip":"1222","product_code":"5242199","product_name_old":null,"product_name":"Kutyus n\u00e9vt\u00e1bla gyerekszob\u00e1ba, ajt\u00f3ra f\u00e1b\u00f3l, gyerekszoba dekor\u00e1ci\u00f3, babav\u00e1r\u00f3 buliba aj\u00e1nd\u00e9k\u00f6tlet","category_string":"Baba - mama, Baba n\u00e9vt\u00e1bla, Babaszoba dekor\u00e1ci\u00f3","technic_string":"Festett t\u00e1rgyak, Famegmunk\u00e1l\u00e1s","category_1":"1735","category_2":"1760","category_3":"1466","category_4":"0","merged_category_1":"0","merged_category_2":"0","merged_category_3":"0","technic_1":"481","technic_2":"478","technic_3":"0","color_1":"519","color_2":"0","color_3":"0","product_description_old":null,"product_description":"Kutyus n\u00e9vt\u00e1bla gyerekszob\u00e1ba, ajt\u00f3ra f\u00e1b\u00f3l, gyerekszoba dekor\u00e1ci\u00f3, babav\u00e1r\u00f3 buliba aj\u00e1nd\u00e9k\u00f6tlet\nkb 40-50 cm hossz\u00fa, a l\u00f3g\u00f3 figur\u00e1kkal egy\u00fctt 30 cm magas.\n4 db l\u00f3g\u00f3 figur\u00e1val (7-8 cm magasak), melyekre a baba sz\u00fclet\u00e9si adatai ker\u00fclnek.\n\nA n\u00e9v hossz\u00e1t\u00f3l f\u00fcgg\u0151en v\u00e1ltozik a m\u00e9ret.\nA kis k\u00f6rbe teheted a baba fot\u00f3j\u00e1t. (3-5 cm-es) opcion\u00e1lis, hogy k\u00e9red-e hozz\u00e1\nMell\u00e9kelek egy kis fakorongot is, aminek m\u00e1gnes van a h\u00e1toldal\u00e1n, erre tudod ragasztani a fot\u00f3t \u00e9s a hely\u00e9re tudod illeszteni.","price":"15900.00","unit":"db","recommended":"0","status":"1","sponsored":"0","exp_notify":"0","own_material":"0","own_material_description_old":null,"own_material_description":"","jury":"0","jury_number":"","product_nature":"","meskaracsony":"0","create_date":"2026-02-24 00:52:28","shelve_id":"75790","image":"retrolett_product_638839_240305221609_860781.jpeg","image_width":"480","image_height":"454","image_alt":"Kutyus n\u00e9vt\u00e1bla gyerekszob\u00e1ba, ajt\u00f3ra f\u00e1b\u00f3l, gyerekszoba dekor\u00e1ci\u00f3, babav\u00e1r\u00f3 buliba aj\u00e1nd\u00e9k\u00f6tlet, Kutyus n\u00e9vt\u00e1bla gyerekszob\u00e1ba, ajt\u00f3ra f\u00e1b\u00f3l, gyerekszoba dekor\u00e1ci\u00f3, babav\u00e1r\u00f3 buliba aj\u00e1nd\u00e9k\u00f6tlet\\nkb ..., Meska","image_title":"Kutyus n\u00e9vt\u00e1bla gyerekszob\u00e1ba, ajt\u00f3ra f\u00e1b\u00f3l, gyerekszoba dekor\u00e1ci\u00f3, babav\u00e1r\u00f3 buliba aj\u00e1nd\u00e9k\u00f6tlet, Meska","view_count":"616","favourite_count":"0","trending_score":"0","last2MonthFavouriteCount":"0","promotion":"0","giftcard_accept":"0","creditcard_accept":true,"enhanced_background":"0","domain":"meska","specific_customer_id":null,"specific_customer_name":null,"to_order_product":"1","to_order_product_time":"10","product_different":null,"product_different_description":"","vintage":"0","vintage_category_id":"0","recycled":"0","gemstone_id":"0","customizable":"1","type_category":"physical","zerowaste":"0","postage_price":"1290.00","shop_order":"0","has_category":"1","landing_pages":"Kar\u00e1csonyi aj\u00e1nd\u00e9kok","microdata":{"number":55,"category":""},"title":"Kutyus n\u00e9vt\u00e1bla gyerekszob\u00e1ba, ajt\u00f3ra f\u00e1b\u00f3l, gyerekszoba dekor\u00e1ci\u00f3, babav\u00e1r\u00f3 buliba aj\u00e1nd\u00e9k\u00f6tlet","description":"Kutyus n\u00e9vt\u00e1bla gyerekszob\u00e1ba, ajt\u00f3ra f\u00e1b\u00f3l, gyerekszoba dekor\u00e1ci\u00f3, babav\u00e1r\u00f3 buliba aj\u00e1nd\u00e9k\u00f6tlet\nkb 40-50 cm hossz\u00fa, a l\u00f3g\u00f3 figur\u00e1kkal egy\u00fctt 30 cm magas.\n4 db l\u00f3g\u00f3 figur\u00e1val (7-8 cm magasak), melyekre a baba sz\u00fclet\u00e9si adatai ker\u00fclnek.\n\nA n\u00e9v hossz\u00e1t\u00f3l f\u00fcgg\u0151en v\u00e1ltozik a m\u00e9ret.\nA kis k\u00f6rbe teheted a baba fot\u00f3j\u00e1t. (3-5 cm-es) opcion\u00e1lis, hogy k\u00e9red-e hozz\u00e1\nMell\u00e9kelek egy kis fakorongot is, aminek m\u00e1gnes van a h\u00e1toldal\u00e1n, erre tudod ragasztani a fot\u00f3t \u00e9s a hely\u00e9re tudod illeszteni.","score":11.078467,"formatted_price":"15 900 Ft","image_url":"https:\/\/www.meska.hu\/img\/product\/small\/r\/e\/retrolett_product_638839_240305221609_860781.jpeg","formatted_url":"https:\/\/www.meska.hu\/p5242199-kutyus-nevtabla-gyerekszobaba-ajtora-fabol-gyerekszoba-dekoracio-babavaro-buliba-ajandekotlet","favourite":false,"in_stock":false,"avatar":"638839_avatar_1731403103.jpeg","delete_from":0,"is_enhanced_background":false,"is_enhanced":false,"product_selection_started":false,"is_active":true,"image_webp_url":"https:\/\/www.meska.hu\/img\/product\/small\/r\/e\/retrolett_product_638839_240305221609_860781.webp"},{"id":"5256568","shop_id":"44512","user_id":"638839","shop_name":"Retrolett","shop_zip":"1222","product_code":"5242222","product_name_old":null,"product_name":"Vizil\u00f3 l\u00e1ny n\u00e9vt\u00e1bla gyerekszob\u00e1ba, ajt\u00f3ra f\u00e1b\u00f3l, gyerekszoba dekor\u00e1ci\u00f3, babav\u00e1r\u00f3 buliba aj\u00e1nd\u00e9k\u00f6tlet","category_string":"Baba - mama, Baba n\u00e9vt\u00e1bla, Babaszoba dekor\u00e1ci\u00f3","technic_string":"Festett t\u00e1rgyak, Famegmunk\u00e1l\u00e1s","category_1":"1735","category_2":"1760","category_3":"1466","category_4":"0","merged_category_1":"0","merged_category_2":"0","merged_category_3":"0","technic_1":"481","technic_2":"478","technic_3":"0","color_1":"519","color_2":"0","color_3":"0","product_description_old":null,"product_description":"Vizil\u00f3 l\u00e1ny n\u00e9vt\u00e1bla gyerekszob\u00e1ba, ajt\u00f3ra f\u00e1b\u00f3l, gyerekszoba dekor\u00e1ci\u00f3, babav\u00e1r\u00f3 buliba aj\u00e1nd\u00e9k\u00f6tlet\nkb 40-50 cm hossz\u00fa, a l\u00f3g\u00f3 figur\u00e1kkal egy\u00fctt 30 cm magas.\n4 db l\u00f3g\u00f3 figur\u00e1val (7-8 cm magasak), melyekre a baba sz\u00fclet\u00e9si adatai ker\u00fclnek.\n\nA n\u00e9v hossz\u00e1t\u00f3l f\u00fcgg\u0151en v\u00e1ltozik a m\u00e9ret.\nA kis k\u00f6rbe teheted a baba fot\u00f3j\u00e1t. (3-5 cm-es) opcion\u00e1lis, hogy k\u00e9red-e hozz\u00e1\nMell\u00e9kelek egy kis fakorongot is, aminek m\u00e1gnes van a h\u00e1toldal\u00e1n, erre tudod ragasztani a fot\u00f3t \u00e9s a hely\u00e9re tudod illeszteni.","price":"15900.00","unit":"db","recommended":"0","status":"1","sponsored":"0","exp_notify":"0","own_material":"0","own_material_description_old":null,"own_material_description":"","jury":"0","jury_number":"","product_nature":"","meskaracsony":"0","create_date":"2026-02-24 00:52:29","shelve_id":"75790","image":"retrolett_product_638839_240305223924_297166.jpeg","image_width":"480","image_height":"440","image_alt":"Vizil\u00f3 l\u00e1ny n\u00e9vt\u00e1bla gyerekszob\u00e1ba, ajt\u00f3ra f\u00e1b\u00f3l, gyerekszoba dekor\u00e1ci\u00f3, babav\u00e1r\u00f3 buliba aj\u00e1nd\u00e9k\u00f6tlet, Vizil\u00f3 l\u00e1ny n\u00e9vt\u00e1bla gyerekszob\u00e1ba, ajt\u00f3ra f\u00e1b\u00f3l, gyerekszoba dekor\u00e1ci\u00f3, babav\u00e1r\u00f3 buliba aj\u00e1nd\u00e9k\u00f6tle..., Meska","image_title":"Vizil\u00f3 l\u00e1ny n\u00e9vt\u00e1bla gyerekszob\u00e1ba, ajt\u00f3ra f\u00e1b\u00f3l, gyerekszoba dekor\u00e1ci\u00f3, babav\u00e1r\u00f3 buliba aj\u00e1nd\u00e9k\u00f6tlet, Meska","view_count":"666","favourite_count":"0","trending_score":"0","last2MonthFavouriteCount":"0","promotion":"0","giftcard_accept":"0","creditcard_accept":true,"enhanced_background":"0","domain":"meska","specific_customer_id":null,"specific_customer_name":null,"to_order_product":"1","to_order_product_time":"10","product_different":null,"product_different_description":"","vintage":"0","vintage_category_id":"0","recycled":"0","gemstone_id":"0","customizable":"1","type_category":"physical","zerowaste":"0","postage_price":"1290.00","shop_order":"0","has_category":"1","landing_pages":null,"microdata":{"number":56,"category":""},"title":"Vizil\u00f3 l\u00e1ny n\u00e9vt\u00e1bla gyerekszob\u00e1ba, ajt\u00f3ra f\u00e1b\u00f3l, gyerekszoba dekor\u00e1ci\u00f3, babav\u00e1r\u00f3 buliba aj\u00e1nd\u00e9k\u00f6tlet","description":"Vizil\u00f3 l\u00e1ny n\u00e9vt\u00e1bla gyerekszob\u00e1ba, ajt\u00f3ra f\u00e1b\u00f3l, gyerekszoba dekor\u00e1ci\u00f3, babav\u00e1r\u00f3 buliba aj\u00e1nd\u00e9k\u00f6tlet\nkb 40-50 cm hossz\u00fa, a l\u00f3g\u00f3 figur\u00e1kkal egy\u00fctt 30 cm magas.\n4 db l\u00f3g\u00f3 figur\u00e1val (7-8 cm magasak), melyekre a baba sz\u00fclet\u00e9si adatai ker\u00fclnek.\n\nA n\u00e9v hossz\u00e1t\u00f3l f\u00fcgg\u0151en v\u00e1ltozik a m\u00e9ret.\nA kis k\u00f6rbe teheted a baba fot\u00f3j\u00e1t. (3-5 cm-es) opcion\u00e1lis, hogy k\u00e9red-e hozz\u00e1\nMell\u00e9kelek egy kis fakorongot is, aminek m\u00e1gnes van a h\u00e1toldal\u00e1n, erre tudod ragasztani a fot\u00f3t \u00e9s a hely\u00e9re tudod illeszteni.","score":11.078467,"formatted_price":"15 900 Ft","image_url":"https:\/\/www.meska.hu\/img\/product\/small\/r\/e\/retrolett_product_638839_240305223924_297166.jpeg","formatted_url":"https:\/\/www.meska.hu\/p5242222-vizilo-lany-nevtabla-gyerekszobaba-ajtora-fabol-gyerekszoba-dekoracio-babavaro-buliba-ajandekotlet","favourite":false,"in_stock":false,"avatar":"638839_avatar_1731403103.jpeg","delete_from":0,"is_enhanced_background":false,"is_enhanced":false,"product_selection_started":false,"is_active":true,"image_webp_url":"https:\/\/www.meska.hu\/img\/product\/small\/r\/e\/retrolett_product_638839_240305223924_297166.webp"},{"id":"5256501","shop_id":"44512","user_id":"638839","shop_name":"Retrolett","shop_zip":"1222","product_code":"5242183","product_name_old":null,"product_name":"S\u00fcnis n\u00e9vt\u00e1bla gyerekszob\u00e1ba, ajt\u00f3ra f\u00e1b\u00f3l, gyerekszoba dekor\u00e1ci\u00f3, babav\u00e1r\u00f3 buliba aj\u00e1nd\u00e9k\u00f6tlet","category_string":"Baba - mama, Baba n\u00e9vt\u00e1bla, Babaszoba dekor\u00e1ci\u00f3","technic_string":"Festett t\u00e1rgyak, Famegmunk\u00e1l\u00e1s","category_1":"1735","category_2":"1760","category_3":"1466","category_4":"0","merged_category_1":"0","merged_category_2":"0","merged_category_3":"0","technic_1":"481","technic_2":"478","technic_3":"0","color_1":"519","color_2":"521","color_3":"527","product_description_old":null,"product_description":"\nkb 40-50 cm hossz\u00fa, a l\u00f3g\u00f3 figur\u00e1kkal egy\u00fctt 30 cm magas.\n4 db l\u00f3g\u00f3 figur\u00e1val (7-8 cm magasak), melyekre a baba sz\u00fclet\u00e9si adatai ker\u00fclnek.\n\nA n\u00e9v hossz\u00e1t\u00f3l f\u00fcgg\u0151en v\u00e1ltozik a m\u00e9ret.\nA kis k\u00f6rbe teheted a baba fot\u00f3j\u00e1t. (3-5 cm-es) opcion\u00e1lis, hogy k\u00e9red-e hozz\u00e1\nMell\u00e9kelek egy kis fakorongot is, aminek m\u00e1gnes van a h\u00e1toldal\u00e1n, erre tudod ragasztani a fot\u00f3t \u00e9s a hely\u00e9re tudod illeszteni.","price":"15900.00","unit":"db","recommended":"0","status":"1","sponsored":"0","exp_notify":"0","own_material":"0","own_material_description_old":null,"own_material_description":"","jury":"0","jury_number":"","product_nature":"","meskaracsony":"0","create_date":"2026-02-24 00:52:24","shelve_id":"75790","image":"retrolett_product_638839_240305215126_909935.jpeg","image_width":"480","image_height":"478","image_alt":"S\u00fcnis n\u00e9vt\u00e1bla gyerekszob\u00e1ba, ajt\u00f3ra f\u00e1b\u00f3l, gyerekszoba dekor\u00e1ci\u00f3, babav\u00e1r\u00f3 buliba aj\u00e1nd\u00e9k\u00f6tlet, \\nkb 40-50 cm hossz\u00fa, a l\u00f3g\u00f3 figur\u00e1kkal egy\u00fctt 30 cm magas.\\n4 db l\u00f3g\u00f3 figur\u00e1val (7-8 cm magasak), mel..., Meska","image_title":"S\u00fcnis n\u00e9vt\u00e1bla gyerekszob\u00e1ba, ajt\u00f3ra f\u00e1b\u00f3l, gyerekszoba dekor\u00e1ci\u00f3, babav\u00e1r\u00f3 buliba aj\u00e1nd\u00e9k\u00f6tlet, Meska","view_count":"772","favourite_count":"0","trending_score":"0","last2MonthFavouriteCount":"0","promotion":"0","giftcard_accept":"0","creditcard_accept":true,"enhanced_background":"0","domain":"meska","specific_customer_id":null,"specific_customer_name":null,"to_order_product":"1","to_order_product_time":"10","product_different":null,"product_different_description":"","vintage":"0","vintage_category_id":"0","recycled":"0","gemstone_id":"0","customizable":"1","type_category":"physical","zerowaste":"0","postage_price":"1290.00","shop_order":"0","has_category":"1","landing_pages":null,"microdata":{"number":57,"category":""},"title":"S\u00fcnis n\u00e9vt\u00e1bla gyerekszob\u00e1ba, ajt\u00f3ra f\u00e1b\u00f3l, gyerekszoba dekor\u00e1ci\u00f3, babav\u00e1r\u00f3 buliba aj\u00e1nd\u00e9k\u00f6tlet","description":"\nkb 40-50 cm hossz\u00fa, a l\u00f3g\u00f3 figur\u00e1kkal egy\u00fctt 30 cm magas.\n4 db l\u00f3g\u00f3 figur\u00e1val (7-8 cm magasak), melyekre a baba sz\u00fclet\u00e9si adatai ker\u00fclnek.\n\nA n\u00e9v hossz\u00e1t\u00f3l f\u00fcgg\u0151en v\u00e1ltozik a m\u00e9ret.\nA kis k\u00f6rbe teheted a baba fot\u00f3j\u00e1t. (3-5 cm-es) opcion\u00e1lis, hogy k\u00e9red-e hozz\u00e1\nMell\u00e9kelek egy kis fakorongot is, aminek m\u00e1gnes van a h\u00e1toldal\u00e1n, erre tudod ragasztani a fot\u00f3t \u00e9s a hely\u00e9re tudod illeszteni.","score":11.078467,"formatted_price":"15 900 Ft","image_url":"https:\/\/www.meska.hu\/img\/product\/small\/r\/e\/retrolett_product_638839_240305215126_909935.jpeg","formatted_url":"https:\/\/www.meska.hu\/p5242183-sunis-nevtabla-gyerekszobaba-ajtora-fabol-gyerekszoba-dekoracio-babavaro-buliba-ajandekotlet","favourite":false,"in_stock":false,"avatar":"638839_avatar_1731403103.jpeg","delete_from":0,"is_enhanced_background":false,"is_enhanced":false,"product_selection_started":false,"is_active":true,"image_webp_url":"https:\/\/www.meska.hu\/img\/product\/small\/r\/e\/retrolett_product_638839_240305215126_909935.webp"},{"id":"4701225","shop_id":"21477","user_id":"224153","shop_name":"lezerdekor","shop_zip":"7090","product_code":"4899636","product_name_old":null,"product_name":"Baba n\u00e9vt\u00e1bla f\u00e1b\u00f3l, baban\u00e9vt\u00e1bla","category_string":"Baba - mama, Gyerek n\u00e9vt\u00e1bla, Babaszoba dekor\u00e1ci\u00f3","technic_string":"Famegmunk\u00e1l\u00e1s","category_1":"1735","category_2":"1497","category_3":"1466","category_4":"0","merged_category_1":"0","merged_category_2":"0","merged_category_3":"0","technic_1":"478","technic_2":"0","technic_3":"0","color_1":"534","color_2":"0","color_3":"0","product_description_old":null,"product_description":"Term\u00e9szetes f\u00e1b\u00f3l, az \u00e1ltalad v\u00e1lasztott sz\u00f3val vagy n\u00e9vvel k\u00e9sz\u00edtj\u00fck ezt az ig\u00e9nyes, letisztult, minim\u00e1l st\u00edlus\u00fa fa t\u00e1bl\u00e1t.\nT\u00f6k\u00e9letes baba- vagy gyerekszob\u00e1ba, n\u00e9vad\u00f3 \u00fcnneps\u00e9ghez vagy keresztel\u0151h\u00f6z.\nAz als\u00f3 r\u00e9teg feh\u00e9rre festett, a fels\u0151 r\u00e9teg nat\u00far ny\u00edrf\u00e1b\u00f3l k\u00e9sz\u00fcl l\u00e9zerv\u00e1g\u00e1ssal.\n\nA t\u00e1bl\u00e1k k\u00f6nny\u0171ek, k\u00e9toldalas ragaszt\u00f3val r\u00f6gz\u00edthet\u0151ek, amely a csomag tartalma.\n\nHa babak\u00f6sz\u00f6nt\u00e9sre, sz\u00fclet\u00e9snapra, keresztel\u0151re  k\u00fcl\u00f6nleges, egyedi aj\u00e1nd\u00e9kot keresel, v\u00e1laszd a Baba n\u00e9vt\u00e1bl\u00e1t, melyet minden Megrendel\u0151nknek egyedileg ig\u00e9ny szerint k\u00e9sz\u00edt\u00fcnk el a kisbaba nev\u00e9re.\n\nM\u00e9rete f\u00fcgg a k\u00edv\u00e1nt n\u00e9v hossz\u00fas\u00e1g\u00e1t\u00f3l. A k\u00e9pen l\u00e1that\u00f3 t\u00e1bla 30x12 cm m\u00e9ret\u0171\n\nKis\u00e1gy f\u00f6l\u00e9 is helyezhet\u0151 a baba szob\u00e1ba, vagy ajt\u00f3-, ablak dekor\u00e1ci\u00f3nak is t\u00f6k\u00e9letes v\u00e1laszt\u00e1s.\n","price":"4990.00","unit":"db","recommended":"0","status":"1","sponsored":"0","exp_notify":"0","own_material":"0","own_material_description_old":null,"own_material_description":"","jury":"0","jury_number":"","product_nature":"","meskaracsony":"0","create_date":"2026-01-09 06:35:18","shelve_id":"48890","image":"lezerdekor_product_224153_230202103843_333643.jpeg","image_width":"480","image_height":"235","image_alt":"Baba n\u00e9vt\u00e1bla f\u00e1b\u00f3l, baban\u00e9vt\u00e1bla, Term\u00e9szetes f\u00e1b\u00f3l, az \u00e1ltalad v\u00e1lasztott sz\u00f3val vagy n\u00e9vvel k\u00e9sz\u00edtj\u00fck ezt az ig\u00e9nyes, letisztult, mi..., Meska","image_title":"Baba n\u00e9vt\u00e1bla f\u00e1b\u00f3l, baban\u00e9vt\u00e1bla, Meska","view_count":"2988","favourite_count":"0","trending_score":"0","last2MonthFavouriteCount":"0","promotion":"0","giftcard_accept":"0","creditcard_accept":false,"enhanced_background":"0","domain":"meska","specific_customer_id":null,"specific_customer_name":null,"to_order_product":"0","to_order_product_time":"0","product_different":null,"product_different_description":"","vintage":"0","vintage_category_id":"0","recycled":"0","gemstone_id":"0","customizable":"0","type_category":"physical","zerowaste":"0","postage_price":"2900.00","shop_order":"0","has_category":"1","landing_pages":null,"microdata":{"number":58,"category":""},"title":"Baba n\u00e9vt\u00e1bla f\u00e1b\u00f3l, baban\u00e9vt\u00e1bla","description":"Term\u00e9szetes f\u00e1b\u00f3l, az \u00e1ltalad v\u00e1lasztott sz\u00f3val vagy n\u00e9vvel k\u00e9sz\u00edtj\u00fck ezt az ig\u00e9nyes, letisztult, minim\u00e1l st\u00edlus\u00fa fa t\u00e1bl\u00e1t.\nT\u00f6k\u00e9letes baba- vagy gyerekszob\u00e1ba, n\u00e9vad\u00f3 \u00fcnneps\u00e9ghez vagy keresztel\u0151h\u00f6z.\nAz als\u00f3 r\u00e9teg feh\u00e9rre festett, a fels\u0151 r\u00e9teg nat\u00far ny\u00edrf\u00e1b\u00f3l k\u00e9sz\u00fcl l\u00e9zerv\u00e1g\u00e1ssal.\n\nA t\u00e1bl\u00e1k k\u00f6nny\u0171ek, k\u00e9toldalas ragaszt\u00f3val r\u00f6gz\u00edthet\u0151ek, amely a csomag tartalma.\n\nHa babak\u00f6sz\u00f6nt\u00e9sre, sz\u00fclet\u00e9snapra, keresztel\u0151re  k\u00fcl\u00f6nleges, egyedi aj\u00e1nd\u00e9kot keresel, v\u00e1laszd a Baba n\u00e9vt\u00e1bl\u00e1t, melyet minden Megrendel\u0151nknek egyedileg ig\u00e9ny szerint k\u00e9sz\u00edt\u00fcnk el a kisbaba nev\u00e9re.\n\nM\u00e9rete f\u00fcgg a k\u00edv\u00e1nt n\u00e9v hossz\u00fas\u00e1g\u00e1t\u00f3l. A k\u00e9pen l\u00e1that\u00f3 t\u00e1bla 30x12 cm m\u00e9ret\u0171\n\nKis\u00e1gy f\u00f6l\u00e9 is helyezhet\u0151 a baba szob\u00e1ba, vagy ajt\u00f3-, ablak dekor\u00e1ci\u00f3nak is t\u00f6k\u00e9letes v\u00e1laszt\u00e1s.\n","score":11.078467,"formatted_price":"4 990 Ft","image_url":"https:\/\/www.meska.hu\/img\/product\/small\/l\/e\/lezerdekor_product_224153_230202103843_333643.jpeg","formatted_url":"https:\/\/www.meska.hu\/p4899636-baba-nevtabla-fabol-babanevtabla","favourite":false,"in_stock":true,"avatar":"lezerdekor_avatar_224153_1654619787.jpg","delete_from":0,"is_enhanced_background":false,"is_enhanced":false,"product_selection_started":false,"is_active":true,"image_webp_url":"https:\/\/www.meska.hu\/img\/product\/small\/l\/e\/lezerdekor_product_224153_230202103843_333643.webp"},{"id":"3465108","shop_id":"7767","user_id":"34210","shop_name":"hermareszdekor","shop_zip":"4551","product_code":"2562321","product_name_old":null,"product_name":"Egyedi n\u00e9vt\u00e1bla Kisl\u00e1nyoknak","category_string":"Baba - mama, Gyerek n\u00e9vt\u00e1bla, Babaszoba dekor\u00e1ci\u00f3","technic_string":"Famegmunk\u00e1l\u00e1s","category_1":"1497","category_2":"1735","category_3":"1466","category_4":"0","merged_category_1":"0","merged_category_2":"0","merged_category_3":"0","technic_1":"478","technic_2":"0","technic_3":"0","color_1":"534","color_2":"0","color_3":"0","product_description_old":null,"product_description":"hermaresz dekor\nAz aukci\u00f3 t\u00e1rgya:\n1db n\u00e9vt\u00e1bla\nM\u00e9rete:Kb:20x30cm\nGY\u00d6NY\u00d6R\u0170 K\u00c9ZZEL FESTETT GYEREKSZOBA DEKOR\u00c1CI\u00d3(M\u00c9G T\u00d6BBET TAL\u00c1LSZ A TERM\u00c9KEIM K\u00d6Z\u00d6TT)\n\nNAGYON SZ\u00c9P FA ALAPANYAGB\u00d3L K\u00d6RNYEZETBAR\u00c1T FEST\u00c9KKEL,FEL\u00dcLETKEZEL\u0150 ANYAGGAL LEKENVE\n\nNEDVES RUH\u00c1VAL TISZT\u00cdTHAT\u00d3\n\nA NAGYOBBAK SZ\u00d6GRE ,VAGY GYURMARAGASZT\u00d3VAL IS R\u00d6GZ\u00cdTHET\u0150\n\nFALRA B\u00daTORRA AJT\u00d3RA \u00c1GYRA FELHELYEZHET\u0150 EGYSZER\u0170EN GYORSAN\n\nK\u00d6NNYEN \u00c1THELYEZHET\u0150 B\u00c1RHOVA\n\n\nNAGYON SZ\u00c9P \u00c9L\u00c9NK SZ\u00cdNEIVEL VID\u00c1M FIGUR\u00c1VAL FELKELTI A GYEREK FIGYELM\u00c9T\n\nM\u00c9LT\u00d3 D\u00cdSZE A GYEREKSZOB\u00c1NAK!\n\nSZEM\u00c9LYESEN NY\u00cdREGYH\u00c1Z\u00c1N VEHET\u0150 \u00c1T\n","price":"3500.00","unit":"db","recommended":"0","status":"1","sponsored":"0","exp_notify":"0","own_material":"0","own_material_description_old":null,"own_material_description":"","jury":"0","jury_number":"","product_nature":"","meskaracsony":"0","create_date":"2026-02-23 18:52:09","shelve_id":"19633","image":"hermareszdekor_product_34210_170718161725_51559.jpeg","image_width":"480","image_height":"640","image_alt":"Egyedi n\u00e9vt\u00e1bla Kisl\u00e1nyoknak, hermaresz dekor\\nAz aukci\u00f3 t\u00e1rgya:\\n1db n\u00e9vt\u00e1bla\\nM\u00e9rete:Kb:20x30cm\\nGY\u00d6NY\u00d6R\u0170 K\u00c9ZZEL FESTETT GYEREKSZOBA..., Meska","image_title":"Egyedi n\u00e9vt\u00e1bla Kisl\u00e1nyoknak, Meska","view_count":"2074","favourite_count":"0","trending_score":"0","last2MonthFavouriteCount":"0","promotion":"0","giftcard_accept":"1","creditcard_accept":false,"enhanced_background":"0","domain":"meska","specific_customer_id":null,"specific_customer_name":null,"to_order_product":"1","to_order_product_time":"10","product_different":"quite_different","product_different_description":"sz\u00edn\u00e1rnalat","vintage":"0","vintage_category_id":"0","recycled":"0","gemstone_id":"0","customizable":"0","type_category":"physical","zerowaste":"0","postage_price":"4500.00","shop_order":"0","has_category":"1","landing_pages":null,"microdata":{"number":59,"category":""},"title":"Egyedi n\u00e9vt\u00e1bla Kisl\u00e1nyoknak","description":"hermaresz dekor\nAz aukci\u00f3 t\u00e1rgya:\n1db n\u00e9vt\u00e1bla\nM\u00e9rete:Kb:20x30cm\nGY\u00d6NY\u00d6R\u0170 K\u00c9ZZEL FESTETT GYEREKSZOBA DEKOR\u00c1CI\u00d3(M\u00c9G T\u00d6BBET TAL\u00c1LSZ A TERM\u00c9KEIM K\u00d6Z\u00d6TT)\n\nNAGYON SZ\u00c9P FA ALAPANYAGB\u00d3L K\u00d6RNYEZETBAR\u00c1T FEST\u00c9KKEL,FEL\u00dcLETKEZEL\u0150 ANYAGGAL LEKENVE\n\nNEDVES RUH\u00c1VAL TISZT\u00cdTHAT\u00d3\n\nA NAGYOBBAK SZ\u00d6GRE ,VAGY GYURMARAGASZT\u00d3VAL IS R\u00d6GZ\u00cdTHET\u0150\n\nFALRA B\u00daTORRA AJT\u00d3RA \u00c1GYRA FELHELYEZHET\u0150 EGYSZER\u0170EN GYORSAN\n\nK\u00d6NNYEN \u00c1THELYEZHET\u0150 B\u00c1RHOVA\n\n\nNAGYON SZ\u00c9P \u00c9L\u00c9NK SZ\u00cdNEIVEL VID\u00c1M FIGUR\u00c1VAL FELKELTI A GYEREK FIGYELM\u00c9T\n\nM\u00c9LT\u00d3 D\u00cdSZE A GYEREKSZOB\u00c1NAK!\n\nSZEM\u00c9LYESEN NY\u00cdREGYH\u00c1Z\u00c1N VEHET\u0150 \u00c1T\n","score":11.078467,"formatted_price":"3 500 Ft","image_url":"https:\/\/www.meska.hu\/img\/product\/small\/h\/e\/hermareszdekor_product_34210_170718161725_51559.jpeg","formatted_url":"https:\/\/www.meska.hu\/p2562321-egyedi-nevtabla-kislanyoknak","favourite":false,"in_stock":false,"avatar":"hermareszdekor_avatar_34210_1535693442.jpg","delete_from":0,"is_enhanced_background":false,"is_enhanced":false,"product_selection_started":false,"is_active":true,"image_webp_url":"https:\/\/www.meska.hu\/img\/product\/small\/h\/e\/hermareszdekor_product_34210_170718161725_51559.webp"},{"id":"5706318","shop_id":"47493","user_id":"696316","shop_name":"Tamasilezer","shop_zip":"7090","product_code":"5504868","product_name_old":null,"product_name":"Baba n\u00e9vt\u00e1bla f\u00e1b\u00f3l","category_string":"Baba - mama, Baba n\u00e9vt\u00e1bla, Babaszoba dekor\u00e1ci\u00f3","technic_string":"Famegmunk\u00e1l\u00e1s, Grav\u00edroz\u00e1s, pirogr\u00e1fia","category_1":"1735","category_2":"1760","category_3":"1466","category_4":"0","merged_category_1":null,"merged_category_2":null,"merged_category_3":null,"technic_1":"478","technic_2":"796","technic_3":"0","color_1":"514","color_2":"0","color_3":"0","product_description_old":null,"product_description":"Ez a grav\u00edrozott t\u00e1bla egy egyedi, f\u00e1b\u00f3l k\u00e9sz\u00fclt babaeml\u00e9kt\u00e1bla, amely a gyermek sz\u00fclet\u00e9si adatait tartalmazza.\n        A t\u00e1bla tetej\u00e9n a gyermek neve tal\u00e1lhat\u00f3, egy sz\u00e9p, \u00edvelt, kaligrafikus bet\u0171t\u00edpussal kiv\u00e1gva \u00e9s k\u00e9k sz\u00ednnel festve. Kisl\u00e1ny n\u00e9v eset\u00e9n r\u00f3zsasz\u00ednnel, vagy ak\u00e1r m\u00e1s sz\u00ednnel is k\u00e9rhet\u0151.\n        A n\u00e9vt\u00e1bla alj\u00e1ra n\u00e9gy kis fa f\u00fcgg\u0151elem van r\u00f6gz\u00edtve dekorat\u00edv k\u00e9k szalaggal.\n        A f\u00fcgg\u0151elemek form\u00e1ja \u00e9s felirata:\n            Sz\u00edv \u2013 A sz\u00fclet\u00e9s d\u00e1tuma\n            \u00c9breszt\u0151\u00f3ra \u2013 A sz\u00fclet\u00e9s pontos ideje\n            Rugdal\u00f3z\u00f3 (body forma) \u2013 A baba hossza cm-ben\n            K\u00f6r alak\u00fa med\u00e1l \u2013 A baba sz\u00fclet\u00e9si s\u00falya grammokban\n    F\u00fcggeszt\u00e9s: mint\u00e1s szalaggal, masnikkal d\u00edsz\u00edtett, \u00e9s akaszt\u00e1sra alkalmas.\n\nFelhaszn\u00e1l\u00e1s:\n\n    Babaszoba dekor\u00e1ci\u00f3\n    Egyedi aj\u00e1nd\u00e9k \u00fajsz\u00fcl\u00f6tt \u00e9rkez\u00e9s\u00e9re\n    Eml\u00e9kt\u00e1rgy a gyermek sz\u00fclet\u00e9s\u00e9r\u0151l\n\nTestreszabhat\u00f3s\u00e1g:\n\n    A n\u00e9v \u00e9s a sz\u00fclet\u00e9si adatok egyedileg k\u00e9rhet\u0151k term\u00e9szetesen.\n    A bet\u0171sz\u00edn v\u00e1ltoztathat\u00f3 (pl. r\u00f3zsasz\u00edn, feh\u00e9r, nat\u00far, stb.)\n    Szalagok k\u00fcl\u00f6nb\u00f6z\u0151 sz\u00ednekben v\u00e1laszthat\u00f3k.\n\nEz egy sz\u00e9p \u00e9s szem\u00e9lyes aj\u00e1nd\u00e9k, amely \u00f6r\u00f6k eml\u00e9k marad a csal\u00e1d sz\u00e1m\u00e1ra.\nElk\u00e9sz\u00edt\u00e9si id\u0151: 1-2 nap","price":"5990.00","unit":"db","recommended":"0","status":"1","sponsored":"0","exp_notify":"0","own_material":"0","own_material_description_old":null,"own_material_description":"","jury":"0","jury_number":"","product_nature":"","meskaracsony":"0","create_date":"2026-02-20 16:32:34","shelve_id":"0","image":"tamasilezer_product_696316_250225155419_102556.jpeg","image_width":"480","image_height":"480","image_alt":"Baba n\u00e9vt\u00e1bla f\u00e1b\u00f3l, Ez a grav\u00edrozott t\u00e1bla egy egyedi, f\u00e1b\u00f3l k\u00e9sz\u00fclt babaeml\u00e9kt\u00e1bla, amely a gyermek sz\u00fclet\u00e9si adatait t..., Meska","image_title":"Baba n\u00e9vt\u00e1bla f\u00e1b\u00f3l, Meska","view_count":"452","favourite_count":"0","trending_score":"0","last2MonthFavouriteCount":"0","promotion":"0","giftcard_accept":"0","creditcard_accept":false,"enhanced_background":"0","domain":"meska","specific_customer_id":null,"specific_customer_name":null,"to_order_product":"0","to_order_product_time":"0","product_different":null,"product_different_description":"","vintage":"0","vintage_category_id":"0","recycled":"0","gemstone_id":"0","customizable":"0","type_category":"physical","zerowaste":"0","postage_price":"2200.00","shop_order":"0","has_category":"1","landing_pages":null,"microdata":{"number":60,"category":""},"title":"Baba n\u00e9vt\u00e1bla f\u00e1b\u00f3l","description":"Ez a grav\u00edrozott t\u00e1bla egy egyedi, f\u00e1b\u00f3l k\u00e9sz\u00fclt babaeml\u00e9kt\u00e1bla, amely a gyermek sz\u00fclet\u00e9si adatait tartalmazza.\n        A t\u00e1bla tetej\u00e9n a gyermek neve tal\u00e1lhat\u00f3, egy sz\u00e9p, \u00edvelt, kaligrafikus bet\u0171t\u00edpussal kiv\u00e1gva \u00e9s k\u00e9k sz\u00ednnel festve. Kisl\u00e1ny n\u00e9v eset\u00e9n r\u00f3zsasz\u00ednnel, vagy ak\u00e1r m\u00e1s sz\u00ednnel is k\u00e9rhet\u0151.\n        A n\u00e9vt\u00e1bla alj\u00e1ra n\u00e9gy kis fa f\u00fcgg\u0151elem van r\u00f6gz\u00edtve dekorat\u00edv k\u00e9k szalaggal.\n        A f\u00fcgg\u0151elemek form\u00e1ja \u00e9s felirata:\n            Sz\u00edv \u2013 A sz\u00fclet\u00e9s d\u00e1tuma\n            \u00c9breszt\u0151\u00f3ra \u2013 A sz\u00fclet\u00e9s pontos ideje\n            Rugdal\u00f3z\u00f3 (body forma) \u2013 A baba hossza cm-ben\n            K\u00f6r alak\u00fa med\u00e1l \u2013 A baba sz\u00fclet\u00e9si s\u00falya grammokban\n    F\u00fcggeszt\u00e9s: mint\u00e1s szalaggal, masnikkal d\u00edsz\u00edtett, \u00e9s akaszt\u00e1sra alkalmas.\n\nFelhaszn\u00e1l\u00e1s:\n\n    Babaszoba dekor\u00e1ci\u00f3\n    Egyedi aj\u00e1nd\u00e9k \u00fajsz\u00fcl\u00f6tt \u00e9rkez\u00e9s\u00e9re\n    Eml\u00e9kt\u00e1rgy a gyermek sz\u00fclet\u00e9s\u00e9r\u0151l\n\nTestreszabhat\u00f3s\u00e1g:\n\n    A n\u00e9v \u00e9s a sz\u00fclet\u00e9si adatok egyedileg k\u00e9rhet\u0151k term\u00e9szetesen.\n    A bet\u0171sz\u00edn v\u00e1ltoztathat\u00f3 (pl. r\u00f3zsasz\u00edn, feh\u00e9r, nat\u00far, stb.)\n    Szalagok k\u00fcl\u00f6nb\u00f6z\u0151 sz\u00ednekben v\u00e1laszthat\u00f3k.\n\nEz egy sz\u00e9p \u00e9s szem\u00e9lyes aj\u00e1nd\u00e9k, amely \u00f6r\u00f6k eml\u00e9k marad a csal\u00e1d sz\u00e1m\u00e1ra.\nElk\u00e9sz\u00edt\u00e9si id\u0151: 1-2 nap","score":11.078467,"formatted_price":"5 990 Ft","image_url":"https:\/\/www.meska.hu\/img\/product\/small\/t\/a\/tamasilezer_product_696316_250225155419_102556.jpeg","formatted_url":"https:\/\/www.meska.hu\/p5504868-baba-nevtabla-fabol","favourite":false,"in_stock":true,"avatar":"696316_avatar_1734446196.jpeg","delete_from":0,"is_enhanced_background":false,"is_enhanced":false,"product_selection_started":false,"is_active":true,"image_webp_url":"https:\/\/www.meska.hu\/img\/product\/small\/t\/a\/tamasilezer_product_696316_250225155419_102556.webp"},{"id":"5953888","shop_id":"44512","user_id":"638839","shop_name":"Retrolett","shop_zip":"1222","product_code":"5643843","product_name_old":null,"product_name":"D\u00edn\u00f3 kerek n\u00e9vt\u00e1bla gyerekszob\u00e1ba, ajt\u00f3ra f\u00e1b\u00f3l, gyerekszoba dekor\u00e1ci\u00f3, babav\u00e1r\u00f3 buliba aj\u00e1nd\u00e9k\u00f6tlet","category_string":"Baba - mama, Gyerek n\u00e9vt\u00e1bla, Babaszoba dekor\u00e1ci\u00f3","technic_string":"Festett t\u00e1rgyak, Famegmunk\u00e1l\u00e1s","category_1":"1497","category_2":"1735","category_3":"1466","category_4":"0","merged_category_1":null,"merged_category_2":null,"merged_category_3":null,"technic_1":"481","technic_2":"478","technic_3":"0","color_1":"514","color_2":"519","color_3":"529","product_description_old":null,"product_description":"D\u00edn\u00f3 kerek n\u00e9vt\u00e1bla gyerekszob\u00e1ba t\u00f6bb r\u00e9tegb\u0151l \u00e1ll, k\u00e9zzel festem\nAj\u00e1nlom ajt\u00f3ra, gyerekszoba falra, kedves kis dekor\u00e1ci\u00f3, babav\u00e1r\u00f3 buliba, sz\u00fclet\u00e9snapra is szuper aj\u00e1nd\u00e9k\u00f6tlet, k\u00e9toldal\u00fa ragaszt\u00f3t teszek a h\u00e1tulj\u00e1ra, \u00edgy r\u00f6gz\u00edtheted a k\u00edv\u00e1nt fel\u00fcletre. \nA h\u00e1tt\u00e9r sz\u00edne v\u00e1laszthat\u00f3\n 25x23,5 cm","price":"15600.00","unit":"db","recommended":"0","status":"1","sponsored":"0","exp_notify":"0","own_material":"0","own_material_description_old":null,"own_material_description":"","jury":"0","jury_number":"","product_nature":"","meskaracsony":"0","create_date":"2026-02-07 14:02:38","shelve_id":"75790","image":"retrolett_product_638839_251010134142_606237.jpeg","image_width":"480","image_height":"591","image_alt":"D\u00edn\u00f3 kerek n\u00e9vt\u00e1bla gyerekszob\u00e1ba, ajt\u00f3ra f\u00e1b\u00f3l, gyerekszoba dekor\u00e1ci\u00f3, babav\u00e1r\u00f3 buliba aj\u00e1nd\u00e9k\u00f6tlet, D\u00edn\u00f3 kerek n\u00e9vt\u00e1bla gyerekszob\u00e1ba t\u00f6bb r\u00e9tegb\u0151l \u00e1ll, k\u00e9zzel festem\\nAj\u00e1nlom ajt\u00f3ra, gyerekszoba falra..., Meska","image_title":"D\u00edn\u00f3 kerek n\u00e9vt\u00e1bla gyerekszob\u00e1ba, ajt\u00f3ra f\u00e1b\u00f3l, gyerekszoba dekor\u00e1ci\u00f3, babav\u00e1r\u00f3 buliba aj\u00e1nd\u00e9k\u00f6tlet, Meska","view_count":"115","favourite_count":"0","trending_score":"0","last2MonthFavouriteCount":"0","promotion":"0","giftcard_accept":"0","creditcard_accept":true,"enhanced_background":"0","domain":"meska","specific_customer_id":null,"specific_customer_name":null,"to_order_product":"1","to_order_product_time":"7","product_different":null,"product_different_description":"","vintage":"0","vintage_category_id":"0","recycled":"0","gemstone_id":"0","customizable":"1","type_category":"physical","zerowaste":"0","postage_price":"1290.00","shop_order":"0","has_category":"1","landing_pages":null,"microdata":{"number":61,"category":""},"title":"D\u00edn\u00f3 kerek n\u00e9vt\u00e1bla gyerekszob\u00e1ba, ajt\u00f3ra f\u00e1b\u00f3l, gyerekszoba dekor\u00e1ci\u00f3, babav\u00e1r\u00f3 buliba aj\u00e1nd\u00e9k\u00f6tlet","description":"D\u00edn\u00f3 kerek n\u00e9vt\u00e1bla gyerekszob\u00e1ba t\u00f6bb r\u00e9tegb\u0151l \u00e1ll, k\u00e9zzel festem\nAj\u00e1nlom ajt\u00f3ra, gyerekszoba falra, kedves kis dekor\u00e1ci\u00f3, babav\u00e1r\u00f3 buliba, sz\u00fclet\u00e9snapra is szuper aj\u00e1nd\u00e9k\u00f6tlet, k\u00e9toldal\u00fa ragaszt\u00f3t teszek a h\u00e1tulj\u00e1ra, \u00edgy r\u00f6gz\u00edtheted a k\u00edv\u00e1nt fel\u00fcletre. \nA h\u00e1tt\u00e9r sz\u00edne v\u00e1laszthat\u00f3\n 25x23,5 cm","score":11.078467,"formatted_price":"15 600 Ft","image_url":"https:\/\/www.meska.hu\/img\/product\/small\/r\/e\/retrolett_product_638839_251010134142_606237.jpeg","formatted_url":"https:\/\/www.meska.hu\/p5643843-dino-kerek-nevtabla-gyerekszobaba-ajtora-fabol-gyerekszoba-dekoracio-babavaro-buliba-ajandekotlet","favourite":false,"in_stock":false,"avatar":"638839_avatar_1731403103.jpeg","delete_from":0,"is_enhanced_background":false,"is_enhanced":false,"product_selection_started":false,"is_active":true,"image_webp_url":"https:\/\/www.meska.hu\/img\/product\/small\/r\/e\/retrolett_product_638839_251010134142_606237.webp"},{"id":"5658875","shop_id":"42212","user_id":"597634","shop_name":"IbyLdesign","shop_zip":"4432","product_code":"5474149","product_name_old":null,"product_name":"Baba n\u00e9vt\u00e1bla","category_string":"Baba - mama, Gyerek n\u00e9vt\u00e1bla, Babaszoba dekor\u00e1ci\u00f3","technic_string":"Grav\u00edroz\u00e1s, pirogr\u00e1fia","category_1":"1735","category_2":"1497","category_3":"1466","category_4":"0","merged_category_1":null,"merged_category_2":null,"merged_category_3":null,"technic_1":"796","technic_2":"0","technic_3":"0","color_1":"521","color_2":"1475","color_3":"525","product_description_old":null,"product_description":"Dobd fel kisbab\u00e1d szob\u00e1j\u00e1t ezzel a gy\u00f6ny\u00f6r\u0171 n\u00e9v t\u00e1bl\u00e1val. \nH\u00e1rom f\u00e9le m\u00e9retb\u0151l tudtok v\u00e1lasztani:\n- 25cm\n- 30cm\n-35cm\n\nV\u00e1laszthat\u00f3 sz\u00ednek, babar\u00f3zsasz\u00edn, \u00e9l\u00e9nk r\u00f3zsasz\u00edn, vil\u00e1gos z\u00f6ld, vil\u00e1gos k\u00e9k\nHa m\u00e1s sz\u00ednben szeretn\u00e9d, akkor rendel\u00e9s el\u0151tt k\u00e9rlek vedd fel velem a kapcsolatot.\nSzerepelhet a t\u00e1bl\u00e1n a baba sz\u00fclet\u00e9si adata is, ebbben az esetben ezek az adatok a be3t\u0171 alatt egy sorban helyezkednek el. (+350FT)\n\nT\u00f6k\u00e9letes aj\u00e1nd\u00e9k sz\u00fclet\u00e9snapra, keresztel\u00f6re,  baba l\u00e1togat\u00f3ba.\nA t\u00e1bla tetej\u00e9re kett\u0151 lyuk ker\u00fcl, \u00edgy felk\u00f6thet\u0151. Vagy k\u00e9toldal\u00fa ragaszt\u00f3val a falra is ragaszthat\u00f3( a ragaszt\u00f3t nem tartalmazza a csomag)\n\n\nFONTOS!!!A term\u00e9ket el\u0151re utal\u00e1s ut\u00e1n k\u00e9sz\u00edtj\u00fck \u00e9s post\u00e1zzuk. (Utal\u00e1si adatokat a visszaigazol\u00f3 e-mailben k\u00fcldj\u00fck el) .  Rendel\u00e9s ut\u00e1n a r\u00e9szleteket a Meska \u00dczeneteken kereszt\u00fcl egyeztetj\u00fck le, \u00edgy k\u00e9rlek sz\u00e1m\u00edts r\u00e1, hogy \u00edrni fogok,n\u00e9zd az \u00fczeneteidet. Elk\u00e9sz\u00edt\u00e9si hat\u00e1rid\u0151 KB: 14 MUNKANAP!! ( a h\u00e9tv\u00e9g\u00e9k, \u00fcnnepnapok nem sz\u00e1molnak bele) ezt vedd figyelembe rendel\u00e9s lead\u00e1s\u00e1n\u00e1l. \nMinden esetben k\u00fcld\u00f6k k\u00e9pet a k\u00e9sz term\u00e9kr\u0151l post\u00e1z\u00e1s el\u0151tt","price":"3500.00","unit":"db","recommended":"0","status":"1","sponsored":"0","exp_notify":"0","own_material":"0","own_material_description_old":null,"own_material_description":"","jury":"0","jury_number":"","product_nature":"","meskaracsony":"0","create_date":"2026-01-12 13:56:36","shelve_id":"0","image":"ibyldesign_product_597634_250117131211_97687.jpeg","image_width":"480","image_height":"640","image_alt":"Baba n\u00e9vt\u00e1bla, Dobd fel kisbab\u00e1d szob\u00e1j\u00e1t ezzel a gy\u00f6ny\u00f6r\u0171 n\u00e9v t\u00e1bl\u00e1val. \\nH\u00e1rom f\u00e9le m\u00e9retb\u0151l tudtok v\u00e1lasztani:\\n- ..., Meska","image_title":"Baba n\u00e9vt\u00e1bla, Meska","view_count":"310","favourite_count":"0","trending_score":"0","last2MonthFavouriteCount":"0","promotion":"0","giftcard_accept":"0","creditcard_accept":false,"enhanced_background":"0","domain":"meska","specific_customer_id":null,"specific_customer_name":null,"to_order_product":"1","to_order_product_time":"10","product_different":null,"product_different_description":"","vintage":"0","vintage_category_id":"0","recycled":"0","gemstone_id":"0","customizable":"1","type_category":"physical","zerowaste":"0","postage_price":"1290.00","shop_order":"0","has_category":"1","landing_pages":null,"microdata":{"number":62,"category":""},"title":"Baba n\u00e9vt\u00e1bla","description":"Dobd fel kisbab\u00e1d szob\u00e1j\u00e1t ezzel a gy\u00f6ny\u00f6r\u0171 n\u00e9v t\u00e1bl\u00e1val. \nH\u00e1rom f\u00e9le m\u00e9retb\u0151l tudtok v\u00e1lasztani:\n- 25cm\n- 30cm\n-35cm\n\nV\u00e1laszthat\u00f3 sz\u00ednek, babar\u00f3zsasz\u00edn, \u00e9l\u00e9nk r\u00f3zsasz\u00edn, vil\u00e1gos z\u00f6ld, vil\u00e1gos k\u00e9k\nHa m\u00e1s sz\u00ednben szeretn\u00e9d, akkor rendel\u00e9s el\u0151tt k\u00e9rlek vedd fel velem a kapcsolatot.\nSzerepelhet a t\u00e1bl\u00e1n a baba sz\u00fclet\u00e9si adata is, ebbben az esetben ezek az adatok a be3t\u0171 alatt egy sorban helyezkednek el. (+350FT)\n\nT\u00f6k\u00e9letes aj\u00e1nd\u00e9k sz\u00fclet\u00e9snapra, keresztel\u00f6re,  baba l\u00e1togat\u00f3ba.\nA t\u00e1bla tetej\u00e9re kett\u0151 lyuk ker\u00fcl, \u00edgy felk\u00f6thet\u0151. Vagy k\u00e9toldal\u00fa ragaszt\u00f3val a falra is ragaszthat\u00f3( a ragaszt\u00f3t nem tartalmazza a csomag)\n\n\nFONTOS!!!A term\u00e9ket el\u0151re utal\u00e1s ut\u00e1n k\u00e9sz\u00edtj\u00fck \u00e9s post\u00e1zzuk. (Utal\u00e1si adatokat a visszaigazol\u00f3 e-mailben k\u00fcldj\u00fck el) .  Rendel\u00e9s ut\u00e1n a r\u00e9szleteket a Meska \u00dczeneteken kereszt\u00fcl egyeztetj\u00fck le, \u00edgy k\u00e9rlek sz\u00e1m\u00edts r\u00e1, hogy \u00edrni fogok,n\u00e9zd az \u00fczeneteidet. Elk\u00e9sz\u00edt\u00e9si hat\u00e1rid\u0151 KB: 14 MUNKANAP!! ( a h\u00e9tv\u00e9g\u00e9k, \u00fcnnepnapok nem sz\u00e1molnak bele) ezt vedd figyelembe rendel\u00e9s lead\u00e1s\u00e1n\u00e1l. \nMinden esetben k\u00fcld\u00f6k k\u00e9pet a k\u00e9sz term\u00e9kr\u0151l post\u00e1z\u00e1s el\u0151tt","score":11.078467,"formatted_price":"3 500 Ft","image_url":"https:\/\/www.meska.hu\/img\/product\/small\/i\/b\/ibyldesign_product_597634_250117131211_97687.jpeg","formatted_url":"https:\/\/www.meska.hu\/p5474149-baba-nevtabla","favourite":false,"in_stock":false,"avatar":"597634_avatar_1693308683.jpeg","delete_from":0,"is_enhanced_background":false,"is_enhanced":false,"product_selection_started":false,"is_active":true,"image_webp_url":"https:\/\/www.meska.hu\/img\/product\/small\/i\/b\/ibyldesign_product_597634_250117131211_97687.webp"},{"id":"5658925","shop_id":"42212","user_id":"597634","shop_name":"IbyLdesign","shop_zip":"4432","product_code":"5474194","product_name_old":null,"product_name":"Sziv\u00e1rv\u00e1nyos n\u00e9vt\u00e1bla","category_string":"Baba - mama, Baba n\u00e9vt\u00e1bla, Babaszoba dekor\u00e1ci\u00f3","technic_string":"Grav\u00edroz\u00e1s, pirogr\u00e1fia","category_1":"1735","category_2":"1760","category_3":"1466","category_4":"0","merged_category_1":null,"merged_category_2":null,"merged_category_3":null,"technic_1":"796","technic_2":"0","technic_3":"0","color_1":"521","color_2":"1475","color_3":"525","product_description_old":null,"product_description":"Dobd fel kisbab\u00e1d szob\u00e1j\u00e1t ezzel a gy\u00f6ny\u00f6r\u0171 n\u00e9v t\u00e1bl\u00e1val. \nH\u00e1rom f\u00e9le m\u00e9retb\u0151l tudtok v\u00e1lasztani:\n- 25cm\n- 30cm\n-35cm\n\nHa m\u00e1s sz\u00ednben szeretn\u00e9d, akkor rendel\u00e9s el\u0151tt k\u00e9rlek vedd fel velem a kapcsolatot.\n\n\nT\u00f6k\u00e9letes aj\u00e1nd\u00e9k sz\u00fclet\u00e9snapra, keresztel\u00f6re,  baba l\u00e1togat\u00f3ba.\nA t\u00e1bla tetej\u00e9re kett\u0151 lyuk ker\u00fcl, \u00edgy felk\u00f6thet\u0151. Vagy k\u00e9toldal\u00fa ragaszt\u00f3val a falra is ragaszthat\u00f3( a ragaszt\u00f3t nem tartalmazza a csomag)\n\n\nFONTOS!!!A term\u00e9ket el\u0151re utal\u00e1s ut\u00e1n k\u00e9sz\u00edtj\u00fck \u00e9s post\u00e1zzuk. (Utal\u00e1si adatokat a visszaigazol\u00f3 e-mailben k\u00fcldj\u00fck el) .  Rendel\u00e9s ut\u00e1n a r\u00e9szleteket a Meska \u00dczeneteken kereszt\u00fcl egyeztetj\u00fck le, \u00edgy k\u00e9rlek sz\u00e1m\u00edts r\u00e1, hogy \u00edrni fogok,n\u00e9zd az \u00fczeneteidet. Elk\u00e9sz\u00edt\u00e9si hat\u00e1rid\u0151 KB: 14 MUNKANAP!! ( a h\u00e9tv\u00e9g\u00e9k, \u00fcnnepnapok nem sz\u00e1molnak bele) ezt vedd figyelembe rendel\u00e9s lead\u00e1s\u00e1n\u00e1l. \nMinden esetben k\u00fcld\u00f6k k\u00e9pet a k\u00e9sz term\u00e9kr\u0151l post\u00e1z\u00e1s el\u0151ttt","price":"6000.00","unit":"db","recommended":"0","status":"1","sponsored":"0","exp_notify":"0","own_material":"0","own_material_description_old":null,"own_material_description":"","jury":"0","jury_number":"","product_nature":"","meskaracsony":"0","create_date":"2026-01-12 14:57:38","shelve_id":"0","image":"ibyldesign_product_597634_250117132958_791968.jpeg","image_width":"480","image_height":"548","image_alt":"Sziv\u00e1rv\u00e1nyos n\u00e9vt\u00e1bla, Dobd fel kisbab\u00e1d szob\u00e1j\u00e1t ezzel a gy\u00f6ny\u00f6r\u0171 n\u00e9v t\u00e1bl\u00e1val. \\nH\u00e1rom f\u00e9le m\u00e9retb\u0151l tudtok v\u00e1lasztani:\\n- ..., Meska","image_title":"Sziv\u00e1rv\u00e1nyos n\u00e9vt\u00e1bla, Meska","view_count":"323","favourite_count":"0","trending_score":"0","last2MonthFavouriteCount":"0","promotion":"0","giftcard_accept":"0","creditcard_accept":false,"enhanced_background":"0","domain":"meska","specific_customer_id":null,"specific_customer_name":null,"to_order_product":"1","to_order_product_time":"10","product_different":null,"product_different_description":"","vintage":"0","vintage_category_id":"0","recycled":"0","gemstone_id":"0","customizable":"1","type_category":"physical","zerowaste":"0","postage_price":"1290.00","shop_order":"0","has_category":"1","landing_pages":null,"microdata":{"number":63,"category":""},"title":"Sziv\u00e1rv\u00e1nyos n\u00e9vt\u00e1bla","description":"Dobd fel kisbab\u00e1d szob\u00e1j\u00e1t ezzel a gy\u00f6ny\u00f6r\u0171 n\u00e9v t\u00e1bl\u00e1val. \nH\u00e1rom f\u00e9le m\u00e9retb\u0151l tudtok v\u00e1lasztani:\n- 25cm\n- 30cm\n-35cm\n\nHa m\u00e1s sz\u00ednben szeretn\u00e9d, akkor rendel\u00e9s el\u0151tt k\u00e9rlek vedd fel velem a kapcsolatot.\n\n\nT\u00f6k\u00e9letes aj\u00e1nd\u00e9k sz\u00fclet\u00e9snapra, keresztel\u00f6re,  baba l\u00e1togat\u00f3ba.\nA t\u00e1bla tetej\u00e9re kett\u0151 lyuk ker\u00fcl, \u00edgy felk\u00f6thet\u0151. Vagy k\u00e9toldal\u00fa ragaszt\u00f3val a falra is ragaszthat\u00f3( a ragaszt\u00f3t nem tartalmazza a csomag)\n\n\nFONTOS!!!A term\u00e9ket el\u0151re utal\u00e1s ut\u00e1n k\u00e9sz\u00edtj\u00fck \u00e9s post\u00e1zzuk. (Utal\u00e1si adatokat a visszaigazol\u00f3 e-mailben k\u00fcldj\u00fck el) .  Rendel\u00e9s ut\u00e1n a r\u00e9szleteket a Meska \u00dczeneteken kereszt\u00fcl egyeztetj\u00fck le, \u00edgy k\u00e9rlek sz\u00e1m\u00edts r\u00e1, hogy \u00edrni fogok,n\u00e9zd az \u00fczeneteidet. Elk\u00e9sz\u00edt\u00e9si hat\u00e1rid\u0151 KB: 14 MUNKANAP!! ( a h\u00e9tv\u00e9g\u00e9k, \u00fcnnepnapok nem sz\u00e1molnak bele) ezt vedd figyelembe rendel\u00e9s lead\u00e1s\u00e1n\u00e1l. \nMinden esetben k\u00fcld\u00f6k k\u00e9pet a k\u00e9sz term\u00e9kr\u0151l post\u00e1z\u00e1s el\u0151ttt","score":11.078467,"formatted_price":"6 000 Ft","image_url":"https:\/\/www.meska.hu\/img\/product\/small\/i\/b\/ibyldesign_product_597634_250117132958_791968.jpeg","formatted_url":"https:\/\/www.meska.hu\/p5474194-szivarvanyos-nevtabla","favourite":false,"in_stock":false,"avatar":"597634_avatar_1693308683.jpeg","delete_from":0,"is_enhanced_background":false,"is_enhanced":false,"product_selection_started":false,"is_active":true,"image_webp_url":"https:\/\/www.meska.hu\/img\/product\/small\/i\/b\/ibyldesign_product_597634_250117132958_791968.webp"},{"id":"3248711","shop_id":"8514","user_id":"40710","shop_name":"ntakeramia","shop_zip":"8200","product_code":"4630261","product_name_old":null,"product_name":"K\u00e9k  ker\u00e1mia utca n\u00e9vt\u00e1bla","category_string":"Otthon & \u00c9letm\u00f3d, H\u00e1z & Kert, H\u00e1zsz\u00e1m","technic_string":"Ker\u00e1mia","category_1":"813","category_2":"897","category_3":"431","category_4":"0","merged_category_1":null,"merged_category_2":null,"merged_category_3":null,"technic_1":"489","technic_2":"0","technic_3":"0","color_1":"515","color_2":"521","color_3":"0","product_description_old":null,"product_description":"Egy j\u00f3l v\u00e1lasztott egyedi utca vagy h\u00e1zsz\u00e1m kiemeli hangs\u00falyozza otthonunk.\nEhhez pr\u00f3b\u00e1lok seg\u00edts\u00e9get ny\u00fajtani.\nEgyedi h\u00e1z \u00e9s utca n\u00e9vt\u00e1bl\u00e1kat k\u00e9sz\u00edt\u00fcnk azoknak akik szeretik az egyedit a st\u00edlusos\u00e1t.\n\nFeh\u00e9r agyagb\u00f3l k\u00e9sz\u00edtettem ezt az egyedi h\u00e1zsz\u00e1mt\u00e1bl\u00e1t. 2 X \u00e9getem magas h\u0151m\u00e9rs\u00e9kleten \u00edgy lesz id\u0151j\u00e1r\u00e1s \u00e1ll\u00f3.\nSaj\u00e1t egyedi tervez\u00e9s \u00e9s k\u00e9sz\u00edt\u00e9s a ker\u00e1mia \u00e9s saj\u00e1t egyedi tervez\u00e9s \u00e9s k\u00e9zi fest\u00e9s a minta.\nM\u00e9ret:\n20 X 20 cm\nK\u00e9pkerethez hasonl\u00f3 sz\u00e9l, kidomborod\u00f3 sz\u00e1m.\nA t\u00e1bl\u00e1ra 3 db sz\u00e1m f\u00e9r a k\u00e9pen l\u00e1that\u00f3 m\u00e9retben.\nHa enn\u00e9l t\u00f6bb sz\u00e1m, vagy hosszabb az utca n\u00e9v, a t\u00e1bla karaktere, kin\u00e9zete megv\u00e1ltozik, kisebbek lesznek a fel\u00edratok.\n\n\nAz \u00e1r elt\u00e9rhet..f\u00fcgg a fest\u00e9s t\u00e9m\u00e1j\u00e1t\u00f3l...a kidolgoz\u00e1st\u00f3l.\nEz\u00e9rt k\u00e9rlek a kos\u00e1rba helyez\u00e9s el\u0151tt ,bels\u0151 \u00fczenetben keress.\nAz egyedi t\u00e1bl\u00e1r\u00f3l ,mindig rajzos skiccet k\u00e9sz\u00edtek.\n\n\nK\u00f6sz\u00f6n\u00f6m hogy ben\u00e9zt\u00e9l.","price":"14500.00","unit":"db","recommended":"0","status":"1","sponsored":"0","exp_notify":"0","own_material":"0","own_material_description_old":null,"own_material_description":"","jury":"0","jury_number":"","product_nature":"","meskaracsony":"0","create_date":"2026-01-10 12:30:33","shelve_id":"19622","image":"ntakeramia_product_40710_220116101644_485363.jpeg","image_width":"480","image_height":"480","image_alt":"K\u00e9k  ker\u00e1mia utca n\u00e9vt\u00e1bla, Egy j\u00f3l v\u00e1lasztott egyedi utca vagy h\u00e1zsz\u00e1m kiemeli hangs\u00falyozza otthonunk.\\nEhhez pr\u00f3b\u00e1lok seg\u00edts\u00e9ge..., Meska","image_title":"K\u00e9k  ker\u00e1mia utca n\u00e9vt\u00e1bla, Meska","view_count":"1479","favourite_count":"0","trending_score":"0","last2MonthFavouriteCount":"0","promotion":"0","giftcard_accept":"0","creditcard_accept":false,"enhanced_background":"0","domain":"meska","specific_customer_id":null,"specific_customer_name":null,"to_order_product":"1","to_order_product_time":"18","product_different":"quite_different","product_different_description":"Egyedi ker\u00e1mia","vintage":"0","vintage_category_id":"0","recycled":"0","gemstone_id":"0","customizable":"0","type_category":"physical","zerowaste":"0","postage_price":"1990.00","shop_order":"113","has_category":"1","landing_pages":null,"microdata":{"number":64,"category":""},"title":"K\u00e9k  ker\u00e1mia utca n\u00e9vt\u00e1bla","description":"Egy j\u00f3l v\u00e1lasztott egyedi utca vagy h\u00e1zsz\u00e1m kiemeli hangs\u00falyozza otthonunk.\nEhhez pr\u00f3b\u00e1lok seg\u00edts\u00e9get ny\u00fajtani.\nEgyedi h\u00e1z \u00e9s utca n\u00e9vt\u00e1bl\u00e1kat k\u00e9sz\u00edt\u00fcnk azoknak akik szeretik az egyedit a st\u00edlusos\u00e1t.\n\nFeh\u00e9r agyagb\u00f3l k\u00e9sz\u00edtettem ezt az egyedi h\u00e1zsz\u00e1mt\u00e1bl\u00e1t. 2 X \u00e9getem magas h\u0151m\u00e9rs\u00e9kleten \u00edgy lesz id\u0151j\u00e1r\u00e1s \u00e1ll\u00f3.\nSaj\u00e1t egyedi tervez\u00e9s \u00e9s k\u00e9sz\u00edt\u00e9s a ker\u00e1mia \u00e9s saj\u00e1t egyedi tervez\u00e9s \u00e9s k\u00e9zi fest\u00e9s a minta.\nM\u00e9ret:\n20 X 20 cm\nK\u00e9pkerethez hasonl\u00f3 sz\u00e9l, kidomborod\u00f3 sz\u00e1m.\nA t\u00e1bl\u00e1ra 3 db sz\u00e1m f\u00e9r a k\u00e9pen l\u00e1that\u00f3 m\u00e9retben.\nHa enn\u00e9l t\u00f6bb sz\u00e1m, vagy hosszabb az utca n\u00e9v, a t\u00e1bla karaktere, kin\u00e9zete megv\u00e1ltozik, kisebbek lesznek a fel\u00edratok.\n\n\nAz \u00e1r elt\u00e9rhet..f\u00fcgg a fest\u00e9s t\u00e9m\u00e1j\u00e1t\u00f3l...a kidolgoz\u00e1st\u00f3l.\nEz\u00e9rt k\u00e9rlek a kos\u00e1rba helyez\u00e9s el\u0151tt ,bels\u0151 \u00fczenetben keress.\nAz egyedi t\u00e1bl\u00e1r\u00f3l ,mindig rajzos skiccet k\u00e9sz\u00edtek.\n\n\nK\u00f6sz\u00f6n\u00f6m hogy ben\u00e9zt\u00e9l.","score":11.078467,"formatted_price":"14 500 Ft","image_url":"https:\/\/www.meska.hu\/img\/product\/small\/n\/t\/ntakeramia_product_40710_220116101644_485363.jpeg","formatted_url":"https:\/\/www.meska.hu\/p4630261-kek-keramia-utca-nevtabla","favourite":false,"in_stock":false,"avatar":"ntakeramia_avatar_40710_1569066083.JPG","delete_from":0,"is_enhanced_background":false,"is_enhanced":false,"product_selection_started":false,"is_active":true,"image_webp_url":"https:\/\/www.meska.hu\/img\/product\/small\/n\/t\/ntakeramia_product_40710_220116101644_485363.webp"},{"id":"3072113","shop_id":"8514","user_id":"40710","shop_name":"ntakeramia","shop_zip":"8200","product_code":"4616034","product_name_old":null,"product_name":"Barna \u00e9s ekr\u00fc egyedi ker\u00e1mia utca n\u00e9vt\u00e1bla","category_string":"Otthon & \u00c9letm\u00f3d, H\u00e1z & Kert, H\u00e1zsz\u00e1m","technic_string":"Ker\u00e1mia","category_1":"813","category_2":"897","category_3":"431","category_4":"0","merged_category_1":null,"merged_category_2":null,"merged_category_3":null,"technic_1":"489","technic_2":"0","technic_3":"0","color_1":"514","color_2":"515","color_3":"0","product_description_old":null,"product_description":"\nEgyedi st\u00edlusos utca \u00e9s h\u00e1zsz\u00e1mt\u00e1bla.\nMindenhol j\u00f3 de legjobb OTTHON!\nEgy hossz\u00fa f\u00e1raszt\u00f3 nap ut\u00e1n mindenki \u00f6r\u00fcl ha v\u00e9gre bel\u00e9phet otthon\u00e1ba,\u00e9s ki ne \u00f6r\u00fclne ha egy ilyen kedves t\u00e1bla fogadn\u00e1!\n\nFeh\u00e9r agyagb\u00f3l k\u00e9sz\u00fclt, m\u00e1zalatti fest\u00e9kkel, sz\u00edntelen, vagy sz\u00ednes m\u00e1zzal, magas t\u0171z\u0151n, k\u00e9tszer \u00e9getve.\nK\u00edv\u00e1ns\u00e1g szerinti felirattal , \u00e9s mot\u00edvummal k\u00e9sz\u00edtek kidomborodott, festett, vagy csak festet, m\u00e1zas, utcan\u00e9v t\u00e1bl\u00e1t.\nSaj\u00e1t egyedi tervez\u00e9s a ker\u00e1mia \u00e9s saj\u00e1t egyedi tervez\u00e9s \u00e9s k\u00e9zi fest\u00e9s a minta.\n\nM\u00e9ret\nKb. 33 X 25 cm\nKb.1,8 kg\n\n\nMegbesz\u00e9l\u00e9st\u0151l sz\u00e1m\u00edtva kb. 3-4 h\u00e9t az elk\u00e9sz\u00fcl\u00e9s ideje.\n\nRendel\u00e9s el\u0151tt k\u00e9rlek bels\u0151 \u00fczenetben keress!!!!!\nEgyedi minta\"egyedi \u00e1r.\n\nMinden 100% ban k\u00e9zzel k\u00e9sz\u00fclt:))\n\nK\u00f6sz\u00f6n\u00f6m hogy ben\u00e9zt\u00e9l!","price":"18500.00","unit":"db","recommended":"0","status":"1","sponsored":"0","exp_notify":"0","own_material":"0","own_material_description_old":null,"own_material_description":"","jury":"0","jury_number":"","product_nature":"","meskaracsony":"0","create_date":"2025-12-30 15:41:38","shelve_id":"19622","image":"ntakeramia_product_40710_201031072146_845381.jpeg","image_width":"480","image_height":"548","image_alt":"Barna \u00e9s ekr\u00fc egyedi ker\u00e1mia utca n\u00e9vt\u00e1bla, \\nEgyedi st\u00edlusos utca \u00e9s h\u00e1zsz\u00e1mt\u00e1bla.\\nMindenhol j\u00f3 de legjobb OTTHON!\\nEgy hossz\u00fa f\u00e1raszt\u00f3 nap ut\u00e1n ..., Meska","image_title":"Barna \u00e9s ekr\u00fc egyedi ker\u00e1mia utca n\u00e9vt\u00e1bla, Meska","view_count":"1665","favourite_count":"0","trending_score":"0","last2MonthFavouriteCount":"0","promotion":"0","giftcard_accept":"0","creditcard_accept":false,"enhanced_background":"0","domain":"meska","specific_customer_id":null,"specific_customer_name":null,"to_order_product":"1","to_order_product_time":"19","product_different":"quite_different","product_different_description":"Egyedi ker\u00e1mia","vintage":"0","vintage_category_id":"0","recycled":"0","gemstone_id":"0","customizable":"0","type_category":"physical","zerowaste":"0","postage_price":"1990.00","shop_order":"185","has_category":"1","landing_pages":null,"microdata":{"number":65,"category":""},"title":"Barna \u00e9s ekr\u00fc egyedi ker\u00e1mia utca n\u00e9vt\u00e1bla","description":"\nEgyedi st\u00edlusos utca \u00e9s h\u00e1zsz\u00e1mt\u00e1bla.\nMindenhol j\u00f3 de legjobb OTTHON!\nEgy hossz\u00fa f\u00e1raszt\u00f3 nap ut\u00e1n mindenki \u00f6r\u00fcl ha v\u00e9gre bel\u00e9phet otthon\u00e1ba,\u00e9s ki ne \u00f6r\u00fclne ha egy ilyen kedves t\u00e1bla fogadn\u00e1!\n\nFeh\u00e9r agyagb\u00f3l k\u00e9sz\u00fclt, m\u00e1zalatti fest\u00e9kkel, sz\u00edntelen, vagy sz\u00ednes m\u00e1zzal, magas t\u0171z\u0151n, k\u00e9tszer \u00e9getve.\nK\u00edv\u00e1ns\u00e1g szerinti felirattal , \u00e9s mot\u00edvummal k\u00e9sz\u00edtek kidomborodott, festett, vagy csak festet, m\u00e1zas, utcan\u00e9v t\u00e1bl\u00e1t.\nSaj\u00e1t egyedi tervez\u00e9s a ker\u00e1mia \u00e9s saj\u00e1t egyedi tervez\u00e9s \u00e9s k\u00e9zi fest\u00e9s a minta.\n\nM\u00e9ret\nKb. 33 X 25 cm\nKb.1,8 kg\n\n\nMegbesz\u00e9l\u00e9st\u0151l sz\u00e1m\u00edtva kb. 3-4 h\u00e9t az elk\u00e9sz\u00fcl\u00e9s ideje.\n\nRendel\u00e9s el\u0151tt k\u00e9rlek bels\u0151 \u00fczenetben keress!!!!!\nEgyedi minta\"egyedi \u00e1r.\n\nMinden 100% ban k\u00e9zzel k\u00e9sz\u00fclt:))\n\nK\u00f6sz\u00f6n\u00f6m hogy ben\u00e9zt\u00e9l!","score":11.078467,"formatted_price":"18 500 Ft","image_url":"https:\/\/www.meska.hu\/img\/product\/small\/n\/t\/ntakeramia_product_40710_201031072146_845381.jpeg","formatted_url":"https:\/\/www.meska.hu\/p4616034-barna-es-ekru-egyedi-keramia-utca-nevtabla","favourite":false,"in_stock":false,"avatar":"ntakeramia_avatar_40710_1569066083.JPG","delete_from":0,"is_enhanced_background":false,"is_enhanced":false,"product_selection_started":false,"is_active":true,"image_webp_url":"https:\/\/www.meska.hu\/img\/product\/small\/n\/t\/ntakeramia_product_40710_201031072146_845381.webp"},{"id":"3409199","shop_id":"22902","user_id":"251937","shop_name":"verocska22","shop_zip":"2641","product_code":"3543608","product_name_old":null,"product_name":"Festett Utcat\u00e1bla \"DUPLA\"","category_string":"Otthon & \u00c9letm\u00f3d, H\u00e1z & Kert, H\u00e1zsz\u00e1m","technic_string":"Festett t\u00e1rgyak","category_1":"813","category_2":"897","category_3":"431","category_4":"0","merged_category_1":null,"merged_category_2":null,"merged_category_3":null,"technic_1":"481","technic_2":"0","technic_3":"0","color_1":"514","color_2":"532","color_3":"529","product_description_old":null,"product_description":"N\u00e9v- \u00e9s utcat\u00e1bl\u00e1inkat mindig k\u00f6z\u00f6s megbesz\u00e9l\u00e9s alapj\u00e1n k\u00e9sz\u00edtj\u00fck, \u00edgy teret kapnak a megrendel\u0151 elk\u00e9pzel\u00e9sei \u00e9s egy\u00e9ni \u00edzl\u00e9svil\u00e1ga is. \u00cdgy kezdt\u00fcnk hozz\u00e1 a k\u00e9t cser\u00e9pb\u0151l \u00e1ll\u00f3 utcat\u00e1bl\u00e1k fest\u00e9s\u00e9hez is.\nA k\u00e9rt minta bonyolults\u00e1g\u00e1t\u00f3l f\u00fcgg\u0151en a term\u00e9k \u00e1ra elt\u00e9rhet az alap\u00e1rt\u00f3l. Mindig sz\u00fcks\u00e9ges az egyeztet\u00e9s!\n\nCserepeink alapos g\u0151zborotv\u00e1s tiszt\u00edt\u00e1s \u00e9s csiszol\u00e1s ut\u00e1n t\u00f6bbsz\u00f6r\u00f6s alapoz\u00e1st kapnak.\nEzut\u00e1n akril fest\u00e9kkel egyenk\u00e9nt r\u00e1juk festj\u00fck az felv\u00e1zolt k\u00e9pet. A k\u00f6nny\u0171 r\u00f6gz\u00edt\u00e9s \u00e9rdek\u00e9ben cserepeink h\u00e1tul be vannak metszve, hogy stabilan fel lehessen akasztani \u0151ket ak\u00e1r egy egyszer\u0171 sz\u00f6gre is. Mivel minden egyes cser\u00e9p hajdan\u00e1n egy-egy h\u00e1z tetej\u00e9n szolg\u00e1lt, fel\u00fclet\u00fck\u00f6n kisebb lyukak, lepattan\u00e1sok vannak, amik j\u00f3l illeszkednek a k\u00e9pek antik hangulat\u00e1hoz, \u00e9s er\u0151s\u00edtik az egyedis\u00e9get.\nA k\u00fclt\u00e9ri t\u00e1bl\u00e1inkat (utcat\u00e1bl\u00e1k, kerti cserepek) UV \u00e9s id\u0151j\u00e1r\u00e1s\u00e1ll\u00f3 lakkal kezelj\u00fck.\n\nK\u00e9sz\u00edt\u00fcnk egyszer\u0171 h\u00e1zsz\u00e1mokat feles m\u00e9ret\u0171 n\u00e9gysz\u00f6gletes, vagy \u00edves cser\u00e9pre. A sz\u00e1mok sz\u00edne \u00e9s d\u00edsz\u00edt\u00e9se szabadon v\u00e1laszthat\u00f3, a sz\u00e1mokat  a v\u00e1lasztott sz\u00ednt\u0151l f\u00fcggetlen\u00fcl \u00e1rnyaljuk, hogy messzir\u0151l is j\u00f3l olvashat\u00f3ak legyenek.\nGyakran fest\u00fcnk kis t\u00e1jk\u00e9p jelleg\u0171 cserepeket mez\u0151vel, hegyekkel, erd\u0151vel, t\u00f3val foly\u00f3val, att\u00f3l f\u00fcgg\u0151en, hogy milyen t\u00e1jon fekszik a h\u00e1z.\nIlletve v\u00e1llaljuk olyan bonyolultabb festett utcat\u00e1bl\u00e1k elk\u00e9sz\u00edt\u00e9s\u00e9t is, mint amilyen p\u00e9ld\u00e1ul az \u00c1rp\u00e1d vez\u00e9r utca, \u00c1rp\u00e1d fejedelem portr\u00e9j\u00e1val.\nT\u00e1bl\u00e1inkra alul- fel\u00fcl, vagy k\u00e9t oldalt furatot k\u00e9sz\u00edt\u00fcnk, hogy k\u00f6nnyen r\u00f6gz\u00edthet\u0151ek legyenek a h\u00e1z fal\u00e1ra. Vannak, akik csemperagaszt\u00f3val teszik fel a falra a cserepet, ugyanakkor nem akad\u00e1ly a hungarocell szigetel\u00e9s sem, csak hosszabb csavart \u00e9rdemes haszn\u00e1lni a t\u00e1bla felfogat\u00e1s\u00e1n\u00e1l. Fontos, hogy a r\u00f6gz\u00edt\u00e9sn\u00e9l ne h\u00fazz\u00e1k t\u00fal a csavarokat, mert a cser\u00e9p elpattanhat.\n\nDupla cserepeink m\u00e9rete 36*16*1,5cm + 18*16*1,5cm","price":"27500.00","unit":"db","recommended":"0","status":"1","sponsored":"0","exp_notify":"0","own_material":"0","own_material_description_old":null,"own_material_description":"","jury":"0","jury_number":"","product_nature":"","meskaracsony":"0","create_date":"2026-01-16 17:28:40","shelve_id":"0","image":"verocska22_product_251937_191010091416_898917.jpeg","image_width":"480","image_height":"319","image_alt":"Festett Utcat\u00e1bla \\\"DUPLA\\\", N\u00e9v- \u00e9s utcat\u00e1bl\u00e1inkat mindig k\u00f6z\u00f6s megbesz\u00e9l\u00e9s alapj\u00e1n k\u00e9sz\u00edtj\u00fck, \u00edgy teret kapnak a megrendel\u0151 elk..., Meska","image_title":"Festett Utcat\u00e1bla \\\"DUPLA\\\", Meska","view_count":"1863","favourite_count":"0","trending_score":"0","last2MonthFavouriteCount":"0","promotion":"0","giftcard_accept":"1","creditcard_accept":false,"enhanced_background":"0","domain":"meska","specific_customer_id":null,"specific_customer_name":null,"to_order_product":"1","to_order_product_time":"10","product_different":"quite_different","product_different_description":"Mivel minden cserep\u00fcnket egyedileg k\u00e9zzel festj\u00fck, apr\u00f3bb vonalvezet\u00e9sbeli elt\u00e9r\u00e9sek lehetnek az egyes festm\u00e9nyek k\u00f6z\u00f6tt.","vintage":"0","vintage_category_id":"0","recycled":"0","gemstone_id":"0","customizable":"0","type_category":"physical","zerowaste":"0","postage_price":"2390.00","shop_order":"0","has_category":"1","landing_pages":null,"microdata":{"number":66,"category":""},"title":"Festett Utcat\u00e1bla \"DUPLA\"","description":"N\u00e9v- \u00e9s utcat\u00e1bl\u00e1inkat mindig k\u00f6z\u00f6s megbesz\u00e9l\u00e9s alapj\u00e1n k\u00e9sz\u00edtj\u00fck, \u00edgy teret kapnak a megrendel\u0151 elk\u00e9pzel\u00e9sei \u00e9s egy\u00e9ni \u00edzl\u00e9svil\u00e1ga is. \u00cdgy kezdt\u00fcnk hozz\u00e1 a k\u00e9t cser\u00e9pb\u0151l \u00e1ll\u00f3 utcat\u00e1bl\u00e1k fest\u00e9s\u00e9hez is.\nA k\u00e9rt minta bonyolults\u00e1g\u00e1t\u00f3l f\u00fcgg\u0151en a term\u00e9k \u00e1ra elt\u00e9rhet az alap\u00e1rt\u00f3l. Mindig sz\u00fcks\u00e9ges az egyeztet\u00e9s!\n\nCserepeink alapos g\u0151zborotv\u00e1s tiszt\u00edt\u00e1s \u00e9s csiszol\u00e1s ut\u00e1n t\u00f6bbsz\u00f6r\u00f6s alapoz\u00e1st kapnak.\nEzut\u00e1n akril fest\u00e9kkel egyenk\u00e9nt r\u00e1juk festj\u00fck az felv\u00e1zolt k\u00e9pet. A k\u00f6nny\u0171 r\u00f6gz\u00edt\u00e9s \u00e9rdek\u00e9ben cserepeink h\u00e1tul be vannak metszve, hogy stabilan fel lehessen akasztani \u0151ket ak\u00e1r egy egyszer\u0171 sz\u00f6gre is. Mivel minden egyes cser\u00e9p hajdan\u00e1n egy-egy h\u00e1z tetej\u00e9n szolg\u00e1lt, fel\u00fclet\u00fck\u00f6n kisebb lyukak, lepattan\u00e1sok vannak, amik j\u00f3l illeszkednek a k\u00e9pek antik hangulat\u00e1hoz, \u00e9s er\u0151s\u00edtik az egyedis\u00e9get.\nA k\u00fclt\u00e9ri t\u00e1bl\u00e1inkat (utcat\u00e1bl\u00e1k, kerti cserepek) UV \u00e9s id\u0151j\u00e1r\u00e1s\u00e1ll\u00f3 lakkal kezelj\u00fck.\n\nK\u00e9sz\u00edt\u00fcnk egyszer\u0171 h\u00e1zsz\u00e1mokat feles m\u00e9ret\u0171 n\u00e9gysz\u00f6gletes, vagy \u00edves cser\u00e9pre. A sz\u00e1mok sz\u00edne \u00e9s d\u00edsz\u00edt\u00e9se szabadon v\u00e1laszthat\u00f3, a sz\u00e1mokat  a v\u00e1lasztott sz\u00ednt\u0151l f\u00fcggetlen\u00fcl \u00e1rnyaljuk, hogy messzir\u0151l is j\u00f3l olvashat\u00f3ak legyenek.\nGyakran fest\u00fcnk kis t\u00e1jk\u00e9p jelleg\u0171 cserepeket mez\u0151vel, hegyekkel, erd\u0151vel, t\u00f3val foly\u00f3val, att\u00f3l f\u00fcgg\u0151en, hogy milyen t\u00e1jon fekszik a h\u00e1z.\nIlletve v\u00e1llaljuk olyan bonyolultabb festett utcat\u00e1bl\u00e1k elk\u00e9sz\u00edt\u00e9s\u00e9t is, mint amilyen p\u00e9ld\u00e1ul az \u00c1rp\u00e1d vez\u00e9r utca, \u00c1rp\u00e1d fejedelem portr\u00e9j\u00e1val.\nT\u00e1bl\u00e1inkra alul- fel\u00fcl, vagy k\u00e9t oldalt furatot k\u00e9sz\u00edt\u00fcnk, hogy k\u00f6nnyen r\u00f6gz\u00edthet\u0151ek legyenek a h\u00e1z fal\u00e1ra. Vannak, akik csemperagaszt\u00f3val teszik fel a falra a cserepet, ugyanakkor nem akad\u00e1ly a hungarocell szigetel\u00e9s sem, csak hosszabb csavart \u00e9rdemes haszn\u00e1lni a t\u00e1bla felfogat\u00e1s\u00e1n\u00e1l. Fontos, hogy a r\u00f6gz\u00edt\u00e9sn\u00e9l ne h\u00fazz\u00e1k t\u00fal a csavarokat, mert a cser\u00e9p elpattanhat.\n\nDupla cserepeink m\u00e9rete 36*16*1,5cm + 18*16*1,5cm","score":11.078467,"formatted_price":"27 500 Ft","image_url":"https:\/\/www.meska.hu\/img\/product\/small\/v\/e\/verocska22_product_251937_191010091416_898917.jpeg","formatted_url":"https:\/\/www.meska.hu\/p3543608-festett-utcatabla-dupla","favourite":false,"in_stock":false,"avatar":null,"delete_from":0,"is_enhanced_background":false,"is_enhanced":false,"product_selection_started":false,"is_active":true,"image_webp_url":"https:\/\/www.meska.hu\/img\/product\/small\/v\/e\/verocska22_product_251937_191010091416_898917.webp"},{"id":"2711219","shop_id":"8514","user_id":"40710","shop_name":"ntakeramia","shop_zip":"8200","product_code":"4703789","product_name_old":null,"product_name":"Borosty\u00e1nos egyedi ker\u00e1mia utca n\u00e9vt\u00e1bla","category_string":"Otthon & \u00c9letm\u00f3d, H\u00e1z & Kert, H\u00e1zsz\u00e1m","technic_string":"Ker\u00e1mia","category_1":"813","category_2":"897","category_3":"431","category_4":"0","merged_category_1":null,"merged_category_2":null,"merged_category_3":null,"technic_1":"489","technic_2":"0","technic_3":"0","color_1":"514","color_2":"515","color_3":"529","product_description_old":null,"product_description":"\nEgyedi st\u00edlusos utca \u00e9s h\u00e1zsz\u00e1mt\u00e1bla.\nMindenhol j\u00f3 de legjobb OTTHON!\nEgy hossz\u00fa f\u00e1raszt\u00f3 nap ut\u00e1n mindenki \u00f6r\u00fcl ha v\u00e9gre bel\u00e9phet otthon\u00e1ba,\u00e9s ki ne \u00f6r\u00fclne ha egy ilyen kedves t\u00e1bla fogadn\u00e1!\n\nFeh\u00e9r agyagb\u00f3l k\u00e9sz\u00fclt, m\u00e1zalatti fest\u00e9kkel, sz\u00edntelen, vagy sz\u00ednes m\u00e1zzal, magas t\u0171z\u0151n, k\u00e9tszer \u00e9getve.\nK\u00edv\u00e1ns\u00e1g szerinti felirattal , \u00e9s mot\u00edvummal k\u00e9sz\u00edtek kidomborodott, festett, vagy csak festet, m\u00e1zas, utcan\u00e9v t\u00e1bl\u00e1t.\nSaj\u00e1t egyedi tervez\u00e9s a ker\u00e1mia \u00e9s saj\u00e1t egyedi tervez\u00e9s \u00e9s k\u00e9zi fest\u00e9s a minta.\n\nM\u00e9ret\nKb. 33 X 25 cm\nKb.1,8 kg\n\n\nMegbesz\u00e9l\u00e9st\u0151l sz\u00e1m\u00edtva kb. 3-4 h\u00e9t az elk\u00e9sz\u00fcl\u00e9s ideje.\n\nRendel\u00e9s el\u0151tt k\u00e9rlek bels\u0151 \u00fczenetben keress!!!!!\nEgyedi minta\"egyedi \u00e1r.\n\nMinden 100% ban k\u00e9zzel k\u00e9sz\u00fclt:))\n\nK\u00f6sz\u00f6n\u00f6m hogy ben\u00e9zt\u00e9l!","price":"17000.00","unit":"db","recommended":"0","status":"1","sponsored":"0","exp_notify":"0","own_material":"0","own_material_description_old":null,"own_material_description":"","jury":"0","jury_number":"","product_nature":"","meskaracsony":"0","create_date":"2026-01-16 06:32:32","shelve_id":"19622","image":"ntakeramia_product_40710_200718073137_571694.jpeg","image_width":"480","image_height":"480","image_alt":"Borosty\u00e1nos egyedi ker\u00e1mia utca n\u00e9vt\u00e1bla, \\nEgyedi st\u00edlusos utca \u00e9s h\u00e1zsz\u00e1mt\u00e1bla.\\nMindenhol j\u00f3 de legjobb OTTHON!\\nEgy hossz\u00fa f\u00e1raszt\u00f3 nap ut\u00e1n ..., Meska","image_title":"Borosty\u00e1nos egyedi ker\u00e1mia utca n\u00e9vt\u00e1bla, Meska","view_count":"2141","favourite_count":"0","trending_score":"0","last2MonthFavouriteCount":"0","promotion":"0","giftcard_accept":"0","creditcard_accept":false,"enhanced_background":"0","domain":"meska","specific_customer_id":null,"specific_customer_name":null,"to_order_product":"1","to_order_product_time":"15","product_different":"quite_different","product_different_description":"Egyedi ker\u00e1mia","vintage":"0","vintage_category_id":"0","recycled":"0","gemstone_id":"0","customizable":"0","type_category":"physical","zerowaste":"0","postage_price":"1990.00","shop_order":"81","has_category":"1","landing_pages":null,"microdata":{"number":67,"category":""},"title":"Borosty\u00e1nos egyedi ker\u00e1mia utca n\u00e9vt\u00e1bla","description":"\nEgyedi st\u00edlusos utca \u00e9s h\u00e1zsz\u00e1mt\u00e1bla.\nMindenhol j\u00f3 de legjobb OTTHON!\nEgy hossz\u00fa f\u00e1raszt\u00f3 nap ut\u00e1n mindenki \u00f6r\u00fcl ha v\u00e9gre bel\u00e9phet otthon\u00e1ba,\u00e9s ki ne \u00f6r\u00fclne ha egy ilyen kedves t\u00e1bla fogadn\u00e1!\n\nFeh\u00e9r agyagb\u00f3l k\u00e9sz\u00fclt, m\u00e1zalatti fest\u00e9kkel, sz\u00edntelen, vagy sz\u00ednes m\u00e1zzal, magas t\u0171z\u0151n, k\u00e9tszer \u00e9getve.\nK\u00edv\u00e1ns\u00e1g szerinti felirattal , \u00e9s mot\u00edvummal k\u00e9sz\u00edtek kidomborodott, festett, vagy csak festet, m\u00e1zas, utcan\u00e9v t\u00e1bl\u00e1t.\nSaj\u00e1t egyedi tervez\u00e9s a ker\u00e1mia \u00e9s saj\u00e1t egyedi tervez\u00e9s \u00e9s k\u00e9zi fest\u00e9s a minta.\n\nM\u00e9ret\nKb. 33 X 25 cm\nKb.1,8 kg\n\n\nMegbesz\u00e9l\u00e9st\u0151l sz\u00e1m\u00edtva kb. 3-4 h\u00e9t az elk\u00e9sz\u00fcl\u00e9s ideje.\n\nRendel\u00e9s el\u0151tt k\u00e9rlek bels\u0151 \u00fczenetben keress!!!!!\nEgyedi minta\"egyedi \u00e1r.\n\nMinden 100% ban k\u00e9zzel k\u00e9sz\u00fclt:))\n\nK\u00f6sz\u00f6n\u00f6m hogy ben\u00e9zt\u00e9l!","score":11.078467,"formatted_price":"17 000 Ft","image_url":"https:\/\/www.meska.hu\/img\/product\/small\/n\/t\/ntakeramia_product_40710_200718073137_571694.jpeg","formatted_url":"https:\/\/www.meska.hu\/p4703789-borostyanos-egyedi-keramia-utca-nevtabla","favourite":false,"in_stock":false,"avatar":"ntakeramia_avatar_40710_1569066083.JPG","delete_from":0,"is_enhanced_background":false,"is_enhanced":false,"product_selection_started":false,"is_active":true,"image_webp_url":"https:\/\/www.meska.hu\/img\/product\/small\/n\/t\/ntakeramia_product_40710_200718073137_571694.webp"},{"id":"3381154","shop_id":"22902","user_id":"251937","shop_name":"verocska22","shop_zip":"2641","product_code":"4446134","product_name_old":null,"product_name":"Festett Utcat\u00e1bla (egyedi minta)","category_string":"Otthon & \u00c9letm\u00f3d, H\u00e1z & Kert, H\u00e1zsz\u00e1m","technic_string":"Festett t\u00e1rgyak","category_1":"813","category_2":"897","category_3":"431","category_4":"0","merged_category_1":null,"merged_category_2":null,"merged_category_3":null,"technic_1":"481","technic_2":"0","technic_3":"0","color_1":"514","color_2":"516","color_3":"532","product_description_old":null,"product_description":"N\u00e9v- \u00e9s utcat\u00e1bl\u00e1inkat mindig k\u00f6z\u00f6s megbesz\u00e9l\u00e9s alapj\u00e1n k\u00e9sz\u00edtj\u00fck, \u00edgy teret kapnak a megrendel\u0151 elk\u00e9pzel\u00e9sei \u00e9s egy\u00e9ni \u00edzl\u00e9svil\u00e1ga is.\nA k\u00e9rt minta bonyolults\u00e1g\u00e1t\u00f3l f\u00fcgg\u0151en a term\u00e9k \u00e1ra elt\u00e9rhet az alap\u00e1rt\u00f3l. Mindig sz\u00fcks\u00e9ges az egyeztet\u00e9s!\n\nCserepeink alapos g\u0151zborotv\u00e1s tiszt\u00edt\u00e1s \u00e9s csiszol\u00e1s ut\u00e1n t\u00f6bbsz\u00f6r\u00f6s alapoz\u00e1st kapnak.\nEzut\u00e1n akril fest\u00e9kkel egyenk\u00e9nt r\u00e1juk festj\u00fck az felv\u00e1zolt k\u00e9pet. A k\u00f6nny\u0171 r\u00f6gz\u00edt\u00e9s \u00e9rdek\u00e9ben cserepeink h\u00e1tul be vannak metszve, hogy stabilan fel lehessen akasztani \u0151ket ak\u00e1r egy egyszer\u0171 sz\u00f6gre is. Mivel minden egyes cser\u00e9p hajdan\u00e1n egy-egy h\u00e1z tetej\u00e9n szolg\u00e1lt, fel\u00fclet\u00fck\u00f6n kisebb lyukak, lepattan\u00e1sok vannak, amik j\u00f3l illeszkednek a k\u00e9pek antik hangulat\u00e1hoz, \u00e9s er\u0151s\u00edtik az egyedis\u00e9get.\nA k\u00fclt\u00e9ri t\u00e1bl\u00e1inkat (utcat\u00e1bl\u00e1k, kerti cserepek) UV \u00e9s id\u0151j\u00e1r\u00e1s\u00e1ll\u00f3 lakkal kezelj\u00fck.\n\nK\u00e9sz\u00edt\u00fcnk egyszer\u0171 h\u00e1zsz\u00e1mokat feles m\u00e9ret\u0171 n\u00e9gysz\u00f6gletes, vagy \u00edves cser\u00e9pre. A sz\u00e1mok sz\u00edne \u00e9s d\u00edsz\u00edt\u00e9se szabadon v\u00e1laszthat\u00f3, a sz\u00e1mokat  a v\u00e1lasztott sz\u00ednt\u0151l f\u00fcggetlen\u00fcl \u00e1rnyaljuk, hogy messzir\u0151l is j\u00f3l olvashat\u00f3ak legyenek.\nGyakran fest\u00fcnk kis t\u00e1jk\u00e9p jelleg\u0171 cserepeket mez\u0151vel, hegyekkel, erd\u0151vel, t\u00f3val foly\u00f3val, att\u00f3l f\u00fcgg\u0151en, hogy milyen t\u00e1jon fekszik a h\u00e1z.\nIlletve v\u00e1llaljuk olyan bonyolultabb festett utcat\u00e1bl\u00e1k elk\u00e9sz\u00edt\u00e9s\u00e9t is, mint amilyen p\u00e9ld\u00e1ul az \u00c1rp\u00e1d vez\u00e9r utca, \u00c1rp\u00e1d fejedelem portr\u00e9j\u00e1val.\nT\u00e1bl\u00e1inkra alul- fel\u00fcl, vagy k\u00e9t oldalt furatot k\u00e9sz\u00edt\u00fcnk, hogy k\u00f6nnyen r\u00f6gz\u00edthet\u0151ek legyenek a h\u00e1z fal\u00e1ra. Vannak, akik csemperagaszt\u00f3val teszik fel a falra a cserepet, ugyanakkor nem akad\u00e1ly a hungarocell szigetel\u00e9s sem, csak hosszabb csavart \u00e9rdemes haszn\u00e1lni a t\u00e1bla felfogat\u00e1s\u00e1n\u00e1l. Fontos, hogy a r\u00f6gz\u00edt\u00e9sn\u00e9l ne h\u00fazz\u00e1k t\u00fal a csavarokat, mert a cser\u00e9p elpattanhat.\n\nCserepeink m\u00e9rete 36*16*1,5cm.","price":"20500.00","unit":"db","recommended":"0","status":"1","sponsored":"0","exp_notify":"0","own_material":"0","own_material_description_old":null,"own_material_description":"","jury":"0","jury_number":"","product_nature":"","meskaracsony":"0","create_date":"2026-01-18 22:39:47","shelve_id":"0","image":"verocska22_product_251937_220104231844_875952.jpeg","image_width":"480","image_height":"360","image_alt":"Festett Utcat\u00e1bla (egyedi minta), N\u00e9v- \u00e9s utcat\u00e1bl\u00e1inkat mindig k\u00f6z\u00f6s megbesz\u00e9l\u00e9s alapj\u00e1n k\u00e9sz\u00edtj\u00fck, \u00edgy teret kapnak a megrendel\u0151 elk..., Meska","image_title":"Festett Utcat\u00e1bla (egyedi minta), Meska","view_count":"1300","favourite_count":"0","trending_score":"0","last2MonthFavouriteCount":"0","promotion":"0","giftcard_accept":"1","creditcard_accept":false,"enhanced_background":"0","domain":"meska","specific_customer_id":null,"specific_customer_name":null,"to_order_product":"1","to_order_product_time":"10","product_different":"quite_different","product_different_description":"Mivel minden cser\u00e9p egyedileg festett, \u00e9s egyedi egyeztet\u00e9s alapj\u00e1n k\u00e9sz\u00fcl, lehetnek vonalvezet\u00e9sbeli elt\u00e9r\u00e9sek k\u00f6z\u00f6tt\u00fck.","vintage":"0","vintage_category_id":"0","recycled":"0","gemstone_id":"0","customizable":"0","type_category":"physical","zerowaste":"0","postage_price":"2390.00","shop_order":"0","has_category":"1","landing_pages":null,"microdata":{"number":68,"category":""},"title":"Festett Utcat\u00e1bla (egyedi minta)","description":"N\u00e9v- \u00e9s utcat\u00e1bl\u00e1inkat mindig k\u00f6z\u00f6s megbesz\u00e9l\u00e9s alapj\u00e1n k\u00e9sz\u00edtj\u00fck, \u00edgy teret kapnak a megrendel\u0151 elk\u00e9pzel\u00e9sei \u00e9s egy\u00e9ni \u00edzl\u00e9svil\u00e1ga is.\nA k\u00e9rt minta bonyolults\u00e1g\u00e1t\u00f3l f\u00fcgg\u0151en a term\u00e9k \u00e1ra elt\u00e9rhet az alap\u00e1rt\u00f3l. Mindig sz\u00fcks\u00e9ges az egyeztet\u00e9s!\n\nCserepeink alapos g\u0151zborotv\u00e1s tiszt\u00edt\u00e1s \u00e9s csiszol\u00e1s ut\u00e1n t\u00f6bbsz\u00f6r\u00f6s alapoz\u00e1st kapnak.\nEzut\u00e1n akril fest\u00e9kkel egyenk\u00e9nt r\u00e1juk festj\u00fck az felv\u00e1zolt k\u00e9pet. A k\u00f6nny\u0171 r\u00f6gz\u00edt\u00e9s \u00e9rdek\u00e9ben cserepeink h\u00e1tul be vannak metszve, hogy stabilan fel lehessen akasztani \u0151ket ak\u00e1r egy egyszer\u0171 sz\u00f6gre is. Mivel minden egyes cser\u00e9p hajdan\u00e1n egy-egy h\u00e1z tetej\u00e9n szolg\u00e1lt, fel\u00fclet\u00fck\u00f6n kisebb lyukak, lepattan\u00e1sok vannak, amik j\u00f3l illeszkednek a k\u00e9pek antik hangulat\u00e1hoz, \u00e9s er\u0151s\u00edtik az egyedis\u00e9get.\nA k\u00fclt\u00e9ri t\u00e1bl\u00e1inkat (utcat\u00e1bl\u00e1k, kerti cserepek) UV \u00e9s id\u0151j\u00e1r\u00e1s\u00e1ll\u00f3 lakkal kezelj\u00fck.\n\nK\u00e9sz\u00edt\u00fcnk egyszer\u0171 h\u00e1zsz\u00e1mokat feles m\u00e9ret\u0171 n\u00e9gysz\u00f6gletes, vagy \u00edves cser\u00e9pre. A sz\u00e1mok sz\u00edne \u00e9s d\u00edsz\u00edt\u00e9se szabadon v\u00e1laszthat\u00f3, a sz\u00e1mokat  a v\u00e1lasztott sz\u00ednt\u0151l f\u00fcggetlen\u00fcl \u00e1rnyaljuk, hogy messzir\u0151l is j\u00f3l olvashat\u00f3ak legyenek.\nGyakran fest\u00fcnk kis t\u00e1jk\u00e9p jelleg\u0171 cserepeket mez\u0151vel, hegyekkel, erd\u0151vel, t\u00f3val foly\u00f3val, att\u00f3l f\u00fcgg\u0151en, hogy milyen t\u00e1jon fekszik a h\u00e1z.\nIlletve v\u00e1llaljuk olyan bonyolultabb festett utcat\u00e1bl\u00e1k elk\u00e9sz\u00edt\u00e9s\u00e9t is, mint amilyen p\u00e9ld\u00e1ul az \u00c1rp\u00e1d vez\u00e9r utca, \u00c1rp\u00e1d fejedelem portr\u00e9j\u00e1val.\nT\u00e1bl\u00e1inkra alul- fel\u00fcl, vagy k\u00e9t oldalt furatot k\u00e9sz\u00edt\u00fcnk, hogy k\u00f6nnyen r\u00f6gz\u00edthet\u0151ek legyenek a h\u00e1z fal\u00e1ra. Vannak, akik csemperagaszt\u00f3val teszik fel a falra a cserepet, ugyanakkor nem akad\u00e1ly a hungarocell szigetel\u00e9s sem, csak hosszabb csavart \u00e9rdemes haszn\u00e1lni a t\u00e1bla felfogat\u00e1s\u00e1n\u00e1l. Fontos, hogy a r\u00f6gz\u00edt\u00e9sn\u00e9l ne h\u00fazz\u00e1k t\u00fal a csavarokat, mert a cser\u00e9p elpattanhat.\n\nCserepeink m\u00e9rete 36*16*1,5cm.","score":11.078467,"formatted_price":"20 500 Ft","image_url":"https:\/\/www.meska.hu\/img\/product\/small\/v\/e\/verocska22_product_251937_220104231844_875952.jpeg","formatted_url":"https:\/\/www.meska.hu\/p4446134-festett-utcatabla-egyedi-minta","favourite":false,"in_stock":false,"avatar":null,"delete_from":0,"is_enhanced_background":false,"is_enhanced":false,"product_selection_started":false,"is_active":true,"image_webp_url":"https:\/\/www.meska.hu\/img\/product\/small\/v\/e\/verocska22_product_251937_220104231844_875952.webp"},{"id":"4899346","shop_id":"38741","user_id":"526655","shop_name":"ENGravING","shop_zip":"6725","product_code":"5014374","product_name_old":null,"product_name":"Vir\u00e1gos N\u00e9vt\u00e1bla ","category_string":"Baba - mama, Gyerek n\u00e9vt\u00e1bla, Babaszoba dekor\u00e1ci\u00f3","technic_string":"Famegmunk\u00e1l\u00e1s, Festett t\u00e1rgyak","category_1":"1497","category_2":"1735","category_3":"1466","category_4":"0","merged_category_1":"0","merged_category_2":"0","merged_category_3":"0","technic_1":"478","technic_2":"481","technic_3":"0","color_1":"519","color_2":"525","color_3":"528","product_description_old":null,"product_description":"Egyedi n\u00e9vt\u00e1bl\u00e1k, ig\u00e9ny szerinti mot\u00edvumokkal \u00e9s n\u00e9vvel, melyet \u00fczenetben tudunk eggyeztetni\nFa r\u00e9tegelt lemezb\u0151l k\u00e9sz\u00edtett\nK\u00e9zzel festett, v\u00edzb\u00e1zis\u00fa fest\u00e9kkel\nM\u00e9ret 28 cm\nA falra akaszt\u00f3val lehet felhelyezni.\n\nA RENDEL\u00c9S MENETE:\n\n1. Rakd a kos\u00e1rba a kiv\u00e1lasztott term\u00e9ket majd v\u00e1s\u00e1rold meg \u0151ket a Meska fel\u00fclet\u00e9n\n\n2. Ezut\u00e1n megkapjuk egym\u00e1s el\u00e9rhet\u0151s\u00e9g\u00e9t, \u00e9s e-mailben egyeztetj\u00fck a r\u00e9szleteket\n\n3. Egyedi \u00f6tlet, vagy n\u00e9vresz\u00f3l\u00f3 term\u00e9k eset\u00e9n k\u00fcldeni fogok egy l\u00e1tv\u00e1nytervet a v\u00e1s\u00e1rolt term\u00e9kr\u0151l, amit meg tudsz n\u00e9zni. A tervez\u00e9s, illetve a l\u00e1tv\u00e1nyterv k\u00e9sz\u00edt\u00e9se nem j\u00e1r t\u00f6bbletk\u00f6lts\u00e9ggel, azt az \u00e1r tartalmazza.\n\n4. Amikor v\u00e9glegesen elfogadod a terveket, \u00e1tutal\u00e1ssal tudsz majd fizetni.\n\n5. Az \u00f6sszeg be\u00e9rkez\u00e9se ut\u00e1n k\u00e9sz\u00edtj\u00fck \u00e9s k\u00fcldj\u00fck a term\u00e9keidet.\n\n6. A term\u00e9keinket FOXPOST vagy Posta sz\u00e1ll\u00edtja\n\n7. Szeretn\u00e9nk folyamatosan fejl\u0151dni, \u00edgy fontos sz\u00e1munkra v\u00e1s\u00e1rl\u00f3ink v\u00e9lem\u00e9nye. Ez\u00e9rt k\u00e9rj\u00fck, hogy a sz\u00e1ll\u00edt\u00e1s megt\u00f6rt\u00e9nte ut\u00e1n \u00e9rt\u00e9keld boltunkat, melyet ez\u00faton is k\u00f6sz\u00f6n\u00fcnk!\n\nB\u00e1rmilyen egyedi \u00f6tlet vagy n\u00e9vresz\u00f3l\u00f3 aj\u00e1nd\u00e9k elk\u00e9sz\u00edt\u00e9s\u00e9vel kapcsoltban keress minket bizalommal. (:\nK\u00e9rd\u00e9sem van a term\u00e9kr\u0151l","price":"8500.00","unit":"db","recommended":"0","status":"1","sponsored":"0","exp_notify":"0","own_material":"0","own_material_description_old":null,"own_material_description":"","jury":"0","jury_number":"","product_nature":"","meskaracsony":"0","create_date":"2026-01-19 16:13:23","shelve_id":"0","image":"engraving_product_526655_230714112803_632775.jpeg","image_width":"480","image_height":"622","image_alt":"Vir\u00e1gos N\u00e9vt\u00e1bla , Egyedi n\u00e9vt\u00e1bl\u00e1k, ig\u00e9ny szerinti mot\u00edvumokkal \u00e9s n\u00e9vvel, melyet \u00fczenetben tudunk eggyeztetni\\nFa r\u00e9te..., Meska","image_title":"Vir\u00e1gos N\u00e9vt\u00e1bla , Meska","view_count":"1209","favourite_count":"1","trending_score":"0","last2MonthFavouriteCount":"0","promotion":"0","giftcard_accept":"0","creditcard_accept":false,"enhanced_background":"0","domain":"meska","specific_customer_id":null,"specific_customer_name":null,"to_order_product":"1","to_order_product_time":"15","product_different":null,"product_different_description":"","vintage":"0","vintage_category_id":"0","recycled":"0","gemstone_id":"0","customizable":"1","type_category":"physical","zerowaste":"0","postage_price":"1290.00","shop_order":"0","has_category":"1","landing_pages":null,"microdata":{"number":69,"category":""},"title":"Vir\u00e1gos N\u00e9vt\u00e1bla ","description":"Egyedi n\u00e9vt\u00e1bl\u00e1k, ig\u00e9ny szerinti mot\u00edvumokkal \u00e9s n\u00e9vvel, melyet \u00fczenetben tudunk eggyeztetni\nFa r\u00e9tegelt lemezb\u0151l k\u00e9sz\u00edtett\nK\u00e9zzel festett, v\u00edzb\u00e1zis\u00fa fest\u00e9kkel\nM\u00e9ret 28 cm\nA falra akaszt\u00f3val lehet felhelyezni.\n\nA RENDEL\u00c9S MENETE:\n\n1. Rakd a kos\u00e1rba a kiv\u00e1lasztott term\u00e9ket majd v\u00e1s\u00e1rold meg \u0151ket a Meska fel\u00fclet\u00e9n\n\n2. Ezut\u00e1n megkapjuk egym\u00e1s el\u00e9rhet\u0151s\u00e9g\u00e9t, \u00e9s e-mailben egyeztetj\u00fck a r\u00e9szleteket\n\n3. Egyedi \u00f6tlet, vagy n\u00e9vresz\u00f3l\u00f3 term\u00e9k eset\u00e9n k\u00fcldeni fogok egy l\u00e1tv\u00e1nytervet a v\u00e1s\u00e1rolt term\u00e9kr\u0151l, amit meg tudsz n\u00e9zni. A tervez\u00e9s, illetve a l\u00e1tv\u00e1nyterv k\u00e9sz\u00edt\u00e9se nem j\u00e1r t\u00f6bbletk\u00f6lts\u00e9ggel, azt az \u00e1r tartalmazza.\n\n4. Amikor v\u00e9glegesen elfogadod a terveket, \u00e1tutal\u00e1ssal tudsz majd fizetni.\n\n5. Az \u00f6sszeg be\u00e9rkez\u00e9se ut\u00e1n k\u00e9sz\u00edtj\u00fck \u00e9s k\u00fcldj\u00fck a term\u00e9keidet.\n\n6. A term\u00e9keinket FOXPOST vagy Posta sz\u00e1ll\u00edtja\n\n7. Szeretn\u00e9nk folyamatosan fejl\u0151dni, \u00edgy fontos sz\u00e1munkra v\u00e1s\u00e1rl\u00f3ink v\u00e9lem\u00e9nye. Ez\u00e9rt k\u00e9rj\u00fck, hogy a sz\u00e1ll\u00edt\u00e1s megt\u00f6rt\u00e9nte ut\u00e1n \u00e9rt\u00e9keld boltunkat, melyet ez\u00faton is k\u00f6sz\u00f6n\u00fcnk!\n\nB\u00e1rmilyen egyedi \u00f6tlet vagy n\u00e9vresz\u00f3l\u00f3 aj\u00e1nd\u00e9k elk\u00e9sz\u00edt\u00e9s\u00e9vel kapcsoltban keress minket bizalommal. (:\nK\u00e9rd\u00e9sem van a term\u00e9kr\u0151l","score":11.078467,"formatted_price":"8 500 Ft","image_url":"https:\/\/www.meska.hu\/img\/product\/small\/e\/n\/engraving_product_526655_230714112803_632775.jpeg","formatted_url":"https:\/\/www.meska.hu\/p5014374-viragos-nevtabla","favourite":false,"in_stock":false,"avatar":"526655_avatar_1665417359.jpeg","delete_from":0,"is_enhanced_background":false,"is_enhanced":false,"product_selection_started":false,"is_active":true,"image_webp_url":"https:\/\/www.meska.hu\/img\/product\/small\/e\/n\/engraving_product_526655_230714112803_632775.webp"},{"id":"5002677","shop_id":"8514","user_id":"40710","shop_name":"ntakeramia","shop_zip":"8200","product_code":"5082698","product_name_old":null,"product_name":"Vir\u00e1gos egyedi  ker\u00e1mia utca n\u00e9vt\u00e1bla ","category_string":"Otthon & \u00c9letm\u00f3d, H\u00e1z & Kert, H\u00e1zsz\u00e1m","technic_string":"Ker\u00e1mia","category_1":"813","category_2":"897","category_3":"431","category_4":"0","merged_category_1":null,"merged_category_2":null,"merged_category_3":null,"technic_1":"489","technic_2":"0","technic_3":"0","color_1":"515","color_2":"791","color_3":"529","product_description_old":null,"product_description":"Egyedi st\u00edlusos utca \u00e9s h\u00e1zsz\u00e1mt\u00e1bla.\nMindenhol j\u00f3 de legjobb OTTHON!\nEgy hossz\u00fa f\u00e1raszt\u00f3 nap ut\u00e1n mindenki \u00f6r\u00fcl ha v\u00e9gre bel\u00e9phet otthon\u00e1ba,\u00e9s ki ne \u00f6r\u00fclne ha egy ilyen kedves t\u00e1bla fogadn\u00e1!\n\nFeh\u00e9r agyagb\u00f3l k\u00e9sz\u00fclt, m\u00e1zalatti fest\u00e9kkel, sz\u00edntelen, vagy sz\u00ednes m\u00e1zzal, magas t\u0171z\u0151n, k\u00e9tszer \u00e9getve.\nK\u00edv\u00e1ns\u00e1g szerinti felirattal , \u00e9s mot\u00edvummal k\u00e9sz\u00edtek kidomborodott, festett, vagy csak festet, m\u00e1zas, utcan\u00e9v t\u00e1bl\u00e1t.\nSaj\u00e1t egyedi tervez\u00e9s a ker\u00e1mia \u00e9s saj\u00e1t egyedi tervez\u00e9s \u00e9s k\u00e9zi fest\u00e9s a minta.\nm\u00e9ret:\nkb. 33 X 25 cm\nKb. 1,8 kg.\n\nMegbesz\u00e9l\u00e9st\u0151l sz\u00e1m\u00edtva kb. 3-4 h\u00e9t az elk\u00e9sz\u00fcl\u00e9s ideje. \n\nRendel\u00e9s el\u0151tt k\u00e9rlek bels\u0151 \u00fczenetben keress!!!!!\nEgyedi minta\"egyedi \u00e1r.\n\nMinden 100% ban k\u00e9zzel k\u00e9sz\u00fclt:))\n\nK\u00f6sz\u00f6n\u00f6m hogy ben\u00e9zt\u00e9l!","price":"17500.00","unit":"db","recommended":"0","status":"1","sponsored":"0","exp_notify":"0","own_material":"0","own_material_description_old":null,"own_material_description":"","jury":"0","jury_number":"","product_nature":"","meskaracsony":"0","create_date":"2025-12-30 16:35:11","shelve_id":"19622","image":"ntakeramia_product_40710_230928114656_443743.jpeg","image_width":"480","image_height":"548","image_alt":"Vir\u00e1gos egyedi  ker\u00e1mia utca n\u00e9vt\u00e1bla , Egyedi st\u00edlusos utca \u00e9s h\u00e1zsz\u00e1mt\u00e1bla.\\nMindenhol j\u00f3 de legjobb OTTHON!\\nEgy hossz\u00fa f\u00e1raszt\u00f3 nap ut\u00e1n m..., Meska","image_title":"Vir\u00e1gos egyedi  ker\u00e1mia utca n\u00e9vt\u00e1bla , Meska","view_count":"1147","favourite_count":"0","trending_score":"0","last2MonthFavouriteCount":"0","promotion":"0","giftcard_accept":"0","creditcard_accept":false,"enhanced_background":"0","domain":"meska","specific_customer_id":null,"specific_customer_name":null,"to_order_product":"1","to_order_product_time":"15","product_different":"quite_different","product_different_description":"Egyedi ker\u00e1mia","vintage":"0","vintage_category_id":"0","recycled":"0","gemstone_id":"0","customizable":"0","type_category":"physical","zerowaste":"0","postage_price":"1990.00","shop_order":"169","has_category":"1","landing_pages":null,"microdata":{"number":70,"category":""},"title":"Vir\u00e1gos egyedi  ker\u00e1mia utca n\u00e9vt\u00e1bla ","description":"Egyedi st\u00edlusos utca \u00e9s h\u00e1zsz\u00e1mt\u00e1bla.\nMindenhol j\u00f3 de legjobb OTTHON!\nEgy hossz\u00fa f\u00e1raszt\u00f3 nap ut\u00e1n mindenki \u00f6r\u00fcl ha v\u00e9gre bel\u00e9phet otthon\u00e1ba,\u00e9s ki ne \u00f6r\u00fclne ha egy ilyen kedves t\u00e1bla fogadn\u00e1!\n\nFeh\u00e9r agyagb\u00f3l k\u00e9sz\u00fclt, m\u00e1zalatti fest\u00e9kkel, sz\u00edntelen, vagy sz\u00ednes m\u00e1zzal, magas t\u0171z\u0151n, k\u00e9tszer \u00e9getve.\nK\u00edv\u00e1ns\u00e1g szerinti felirattal , \u00e9s mot\u00edvummal k\u00e9sz\u00edtek kidomborodott, festett, vagy csak festet, m\u00e1zas, utcan\u00e9v t\u00e1bl\u00e1t.\nSaj\u00e1t egyedi tervez\u00e9s a ker\u00e1mia \u00e9s saj\u00e1t egyedi tervez\u00e9s \u00e9s k\u00e9zi fest\u00e9s a minta.\nm\u00e9ret:\nkb. 33 X 25 cm\nKb. 1,8 kg.\n\nMegbesz\u00e9l\u00e9st\u0151l sz\u00e1m\u00edtva kb. 3-4 h\u00e9t az elk\u00e9sz\u00fcl\u00e9s ideje. \n\nRendel\u00e9s el\u0151tt k\u00e9rlek bels\u0151 \u00fczenetben keress!!!!!\nEgyedi minta\"egyedi \u00e1r.\n\nMinden 100% ban k\u00e9zzel k\u00e9sz\u00fclt:))\n\nK\u00f6sz\u00f6n\u00f6m hogy ben\u00e9zt\u00e9l!","score":11.078467,"formatted_price":"17 500 Ft","image_url":"https:\/\/www.meska.hu\/img\/product\/small\/n\/t\/ntakeramia_product_40710_230928114656_443743.jpeg","formatted_url":"https:\/\/www.meska.hu\/p5082698-viragos-egyedi-keramia-utca-nevtabla","favourite":false,"in_stock":false,"avatar":"ntakeramia_avatar_40710_1569066083.JPG","delete_from":0,"is_enhanced_background":false,"is_enhanced":false,"product_selection_started":false,"is_active":true,"image_webp_url":"https:\/\/www.meska.hu\/img\/product\/small\/n\/t\/ntakeramia_product_40710_230928114656_443743.webp"},{"id":"4497088","shop_id":"8514","user_id":"40710","shop_name":"ntakeramia","shop_zip":"8200","product_code":"4776351","product_name_old":null,"product_name":"Mesev\u00e1ros  ker\u00e1mia utca n\u00e9vt\u00e1bla","category_string":"Otthon & \u00c9letm\u00f3d, H\u00e1z & Kert, H\u00e1zsz\u00e1m","technic_string":"Ker\u00e1mia","category_1":"813","category_2":"897","category_3":"431","category_4":"0","merged_category_1":null,"merged_category_2":null,"merged_category_3":null,"technic_1":"489","technic_2":"0","technic_3":"0","color_1":"514","color_2":"515","color_3":"0","product_description_old":null,"product_description":"Egy j\u00f3l v\u00e1lasztott egyedi utca vagy h\u00e1zsz\u00e1m kiemeli hangs\u00falyozza otthonunk.\nEhhez pr\u00f3b\u00e1lok seg\u00edts\u00e9get ny\u00fajtani.\nEgyedi h\u00e1z \u00e9s utca n\u00e9vt\u00e1bl\u00e1kat k\u00e9sz\u00edt\u00fcnk azoknak akik szeretik az egyedit a st\u00edlusos\u00e1t.\n\nFeh\u00e9r agyagb\u00f3l k\u00e9sz\u00edtettem ezt az egyedi h\u00e1zsz\u00e1mt\u00e1bl\u00e1t. 2 X \u00e9getem magas h\u0151m\u00e9rs\u00e9kleten \u00edgy lesz id\u0151j\u00e1r\u00e1s \u00e1ll\u00f3.\nSaj\u00e1t egyedi tervez\u00e9s \u00e9s k\u00e9sz\u00edt\u00e9s a ker\u00e1mia \u00e9s saj\u00e1t egyedi tervez\u00e9s \u00e9s k\u00e9zi fest\u00e9s a minta.\nM\u00e9ret:\n20 X 20 cm\nK\u00e9pkerethez hasonl\u00f3 sz\u00e9l, kidomborod\u00f3 sz\u00e1m.\nA t\u00e1bl\u00e1ra 3 db sz\u00e1m f\u00e9r a k\u00e9pen l\u00e1that\u00f3 m\u00e9retben.\nHa enn\u00e9l t\u00f6bb sz\u00e1m, vagy hosszabb az utca n\u00e9v, a t\u00e1bla karaktere, kin\u00e9zete megv\u00e1ltozik, kisebbek lesznek a fel\u00edratok.\n\n\nAz \u00e1r elt\u00e9rhet..f\u00fcgg a fest\u00e9s t\u00e9m\u00e1j\u00e1t\u00f3l...a kidolgoz\u00e1st\u00f3l.\nEz\u00e9rt k\u00e9rlek a kos\u00e1rba helyez\u00e9s el\u0151tt ,bels\u0151 \u00fczenetben keress.\nAz egyedi t\u00e1bl\u00e1r\u00f3l ,mindig rajzos skiccet k\u00e9sz\u00edtek.\n\n\nK\u00f6sz\u00f6n\u00f6m hogy ben\u00e9zt\u00e9l.","price":"15000.00","unit":"db","recommended":"0","status":"1","sponsored":"0","exp_notify":"0","own_material":"0","own_material_description_old":null,"own_material_description":"","jury":"0","jury_number":"","product_nature":"","meskaracsony":"0","create_date":"2026-01-08 16:47:28","shelve_id":"19622","image":"ntakeramia_product_40710_220918122029_44999.jpeg","image_width":"480","image_height":"480","image_alt":"Mesev\u00e1ros  ker\u00e1mia utca n\u00e9vt\u00e1bla, Egy j\u00f3l v\u00e1lasztott egyedi utca vagy h\u00e1zsz\u00e1m kiemeli hangs\u00falyozza otthonunk.\\nEhhez pr\u00f3b\u00e1lok seg\u00edts\u00e9ge..., Meska","image_title":"Mesev\u00e1ros  ker\u00e1mia utca n\u00e9vt\u00e1bla, Meska","view_count":"1634","favourite_count":"0","trending_score":"0","last2MonthFavouriteCount":"0","promotion":"0","giftcard_accept":"0","creditcard_accept":false,"enhanced_background":"0","domain":"meska","specific_customer_id":null,"specific_customer_name":null,"to_order_product":"1","to_order_product_time":"18","product_different":"quite_different","product_different_description":"Egyedi ker\u00e1mia","vintage":"0","vintage_category_id":"0","recycled":"0","gemstone_id":"0","customizable":"0","type_category":"physical","zerowaste":"0","postage_price":"1990.00","shop_order":"136","has_category":"1","landing_pages":null,"microdata":{"number":71,"category":""},"title":"Mesev\u00e1ros  ker\u00e1mia utca n\u00e9vt\u00e1bla","description":"Egy j\u00f3l v\u00e1lasztott egyedi utca vagy h\u00e1zsz\u00e1m kiemeli hangs\u00falyozza otthonunk.\nEhhez pr\u00f3b\u00e1lok seg\u00edts\u00e9get ny\u00fajtani.\nEgyedi h\u00e1z \u00e9s utca n\u00e9vt\u00e1bl\u00e1kat k\u00e9sz\u00edt\u00fcnk azoknak akik szeretik az egyedit a st\u00edlusos\u00e1t.\n\nFeh\u00e9r agyagb\u00f3l k\u00e9sz\u00edtettem ezt az egyedi h\u00e1zsz\u00e1mt\u00e1bl\u00e1t. 2 X \u00e9getem magas h\u0151m\u00e9rs\u00e9kleten \u00edgy lesz id\u0151j\u00e1r\u00e1s \u00e1ll\u00f3.\nSaj\u00e1t egyedi tervez\u00e9s \u00e9s k\u00e9sz\u00edt\u00e9s a ker\u00e1mia \u00e9s saj\u00e1t egyedi tervez\u00e9s \u00e9s k\u00e9zi fest\u00e9s a minta.\nM\u00e9ret:\n20 X 20 cm\nK\u00e9pkerethez hasonl\u00f3 sz\u00e9l, kidomborod\u00f3 sz\u00e1m.\nA t\u00e1bl\u00e1ra 3 db sz\u00e1m f\u00e9r a k\u00e9pen l\u00e1that\u00f3 m\u00e9retben.\nHa enn\u00e9l t\u00f6bb sz\u00e1m, vagy hosszabb az utca n\u00e9v, a t\u00e1bla karaktere, kin\u00e9zete megv\u00e1ltozik, kisebbek lesznek a fel\u00edratok.\n\n\nAz \u00e1r elt\u00e9rhet..f\u00fcgg a fest\u00e9s t\u00e9m\u00e1j\u00e1t\u00f3l...a kidolgoz\u00e1st\u00f3l.\nEz\u00e9rt k\u00e9rlek a kos\u00e1rba helyez\u00e9s el\u0151tt ,bels\u0151 \u00fczenetben keress.\nAz egyedi t\u00e1bl\u00e1r\u00f3l ,mindig rajzos skiccet k\u00e9sz\u00edtek.\n\n\nK\u00f6sz\u00f6n\u00f6m hogy ben\u00e9zt\u00e9l.","score":11.078467,"formatted_price":"15 000 Ft","image_url":"https:\/\/www.meska.hu\/img\/product\/small\/n\/t\/ntakeramia_product_40710_220918122029_44999.jpeg","formatted_url":"https:\/\/www.meska.hu\/p4776351-mesevaros-keramia-utca-nevtabla","favourite":false,"in_stock":false,"avatar":"ntakeramia_avatar_40710_1569066083.JPG","delete_from":0,"is_enhanced_background":false,"is_enhanced":false,"product_selection_started":false,"is_active":true,"image_webp_url":"https:\/\/www.meska.hu\/img\/product\/small\/n\/t\/ntakeramia_product_40710_220918122029_44999.webp"},{"id":"4334763","shop_id":"8514","user_id":"40710","shop_name":"ntakeramia","shop_zip":"8200","product_code":"4163508","product_name_old":null,"product_name":"Borosty\u00e1sos kidomborod\u00f3 mint\u00e1val...ker\u00e1mia egyedi utca n\u00e9vt\u00e1bla","category_string":"Otthon & \u00c9letm\u00f3d, H\u00e1z & Kert, H\u00e1zsz\u00e1m","technic_string":"Ker\u00e1mia, Festett t\u00e1rgyak","category_1":"813","category_2":"897","category_3":"431","category_4":"0","merged_category_1":null,"merged_category_2":null,"merged_category_3":null,"technic_1":"489","technic_2":"481","technic_3":"0","color_1":"514","color_2":"515","color_3":"0","product_description_old":null,"product_description":"Egyedi st\u00edlusos utca \u00e9s h\u00e1zsz\u00e1mt\u00e1bla.\nMindenhol j\u00f3 de legjobb OTTHON!\nEgy hossz\u00fa f\u00e1raszt\u00f3 nap ut\u00e1n mindenki \u00f6r\u00fcl ha v\u00e9gre bel\u00e9phet otthon\u00e1ba, \u00e9s ki ne \u00f6r\u00fclne ha egy ilyen kedves t\u00e1bla fogadn\u00e1!\nm\u00e9ret\nKb.\n33 x 25 cm\n\n Feh\u00e9r agyagb\u00f3l k\u00e9sz\u00fclt, m\u00e1zalatti fest\u00e9kkel, sz\u00edntelen, vagy sz\u00ednes m\u00e1zzal, magas t\u0171z\u0151n, k\u00e9tszer \u00e9getve.\nK\u00edv\u00e1ns\u00e1g szerinti felirattal , \u00e9s mot\u00edvummal k\u00e9sz\u00edtek kidomborodott, festett, vagy csak festet, m\u00e1zas, utcan\u00e9v t\u00e1bl\u00e1t.\nSaj\u00e1t egyedi tervez\u00e9s a ker\u00e1mia \u00e9s saj\u00e1t egyedi tervez\u00e9s \u00e9s k\u00e9zi fest\u00e9s a minta.\n\nRendel\u00e9s el\u0151tt k\u00e9rlek bels\u0151 \u00fczenetben keress.\nMinden minta m\u00e1s \u00e1r.\n\nMinden 100% ban k\u00e9zzel k\u00e9sz\u00fclt:))\n\nK\u00f6sz\u00f6n\u00f6m hogy ben\u00e9zt\u00e9l!","price":"23900.00","unit":"db","recommended":"0","status":"1","sponsored":"0","exp_notify":"0","own_material":"0","own_material_description_old":null,"own_material_description":"","jury":"0","jury_number":"","product_nature":"","meskaracsony":"0","create_date":"2025-12-30 15:41:24","shelve_id":"19622","image":"ntakeramia_product_40710_240826110437_823172.jpeg","image_width":"480","image_height":"480","image_alt":"Borosty\u00e1sos kidomborod\u00f3 mint\u00e1val...ker\u00e1mia egyedi utca n\u00e9vt\u00e1bla, Egyedi st\u00edlusos utca \u00e9s h\u00e1zsz\u00e1mt\u00e1bla.\\nMindenhol j\u00f3 de legjobb OTTHON!\\nEgy hossz\u00fa f\u00e1raszt\u00f3 nap ut\u00e1n m..., Meska","image_title":"Borosty\u00e1sos kidomborod\u00f3 mint\u00e1val...ker\u00e1mia egyedi utca n\u00e9vt\u00e1bla, Meska","view_count":"1123","favourite_count":"0","trending_score":"0","last2MonthFavouriteCount":"0","promotion":"0","giftcard_accept":"0","creditcard_accept":false,"enhanced_background":"0","domain":"meska","specific_customer_id":null,"specific_customer_name":null,"to_order_product":"1","to_order_product_time":"22","product_different":"quite_different","product_different_description":"K\u00e9zzel k\u00e9sz\u00edtett \u00e9s festett ker\u00e1mia.Az apr\u00f3 elt\u00e9r\u00e9sek miatt egyedi.Minden ker\u00e1mi\u00e1nk hordozza k\u00e9zjegy\u00fcnk \u00e9s v\u00e9djegy\u00fcnk:)","vintage":"0","vintage_category_id":"0","recycled":"0","gemstone_id":"0","customizable":"0","type_category":"physical","zerowaste":"0","postage_price":"1990.00","shop_order":"188","has_category":"1","landing_pages":null,"microdata":{"number":72,"category":""},"title":"Borosty\u00e1sos kidomborod\u00f3 mint\u00e1val...ker\u00e1mia egyedi utca n\u00e9vt\u00e1bla","description":"Egyedi st\u00edlusos utca \u00e9s h\u00e1zsz\u00e1mt\u00e1bla.\nMindenhol j\u00f3 de legjobb OTTHON!\nEgy hossz\u00fa f\u00e1raszt\u00f3 nap ut\u00e1n mindenki \u00f6r\u00fcl ha v\u00e9gre bel\u00e9phet otthon\u00e1ba, \u00e9s ki ne \u00f6r\u00fclne ha egy ilyen kedves t\u00e1bla fogadn\u00e1!\nm\u00e9ret\nKb.\n33 x 25 cm\n\n Feh\u00e9r agyagb\u00f3l k\u00e9sz\u00fclt, m\u00e1zalatti fest\u00e9kkel, sz\u00edntelen, vagy sz\u00ednes m\u00e1zzal, magas t\u0171z\u0151n, k\u00e9tszer \u00e9getve.\nK\u00edv\u00e1ns\u00e1g szerinti felirattal , \u00e9s mot\u00edvummal k\u00e9sz\u00edtek kidomborodott, festett, vagy csak festet, m\u00e1zas, utcan\u00e9v t\u00e1bl\u00e1t.\nSaj\u00e1t egyedi tervez\u00e9s a ker\u00e1mia \u00e9s saj\u00e1t egyedi tervez\u00e9s \u00e9s k\u00e9zi fest\u00e9s a minta.\n\nRendel\u00e9s el\u0151tt k\u00e9rlek bels\u0151 \u00fczenetben keress.\nMinden minta m\u00e1s \u00e1r.\n\nMinden 100% ban k\u00e9zzel k\u00e9sz\u00fclt:))\n\nK\u00f6sz\u00f6n\u00f6m hogy ben\u00e9zt\u00e9l!","score":11.078467,"formatted_price":"23 900 Ft","image_url":"https:\/\/www.meska.hu\/img\/product\/small\/n\/t\/ntakeramia_product_40710_240826110437_823172.jpeg","formatted_url":"https:\/\/www.meska.hu\/p4163508-natur-barna-modernkeramia-egyedi-utca-nevtabla","favourite":false,"in_stock":false,"avatar":"ntakeramia_avatar_40710_1569066083.JPG","delete_from":0,"is_enhanced_background":false,"is_enhanced":false,"product_selection_started":false,"is_active":true,"image_webp_url":"https:\/\/www.meska.hu\/img\/product\/small\/n\/t\/ntakeramia_product_40710_240826110437_823172.webp"},{"id":"4343981","shop_id":"8514","user_id":"40710","shop_name":"ntakeramia","shop_zip":"8200","product_code":"4418490","product_name_old":null,"product_name":"K\u00e9knefelejcs koszor\u00fa egyedi ker\u00e1mia utca n\u00e9vt\u00e1bla","category_string":"Otthon & \u00c9letm\u00f3d, H\u00e1z & Kert, H\u00e1zsz\u00e1m","technic_string":"Ker\u00e1mia","category_1":"813","category_2":"897","category_3":"431","category_4":"0","merged_category_1":null,"merged_category_2":null,"merged_category_3":null,"technic_1":"489","technic_2":"0","technic_3":"0","color_1":"515","color_2":"521","color_3":"529","product_description_old":null,"product_description":"Egyedi st\u00edlusos utca \u00e9s h\u00e1zsz\u00e1mt\u00e1bla.\nMindenhol j\u00f3 de legjobb OTTHON!\nEgy hossz\u00fa f\u00e1raszt\u00f3 nap ut\u00e1n mindenki \u00f6r\u00fcl ha v\u00e9gre bel\u00e9phet otthon\u00e1ba,\u00e9s ki ne \u00f6r\u00fclne ha egy ilyen kedves t\u00e1bla fogadn\u00e1!\n\nFeh\u00e9r agyagb\u00f3l k\u00e9sz\u00fclt, m\u00e1zalatti fest\u00e9kkel, sz\u00edntelen, vagy sz\u00ednes m\u00e1zzal, magas t\u0171z\u0151n, k\u00e9tszer \u00e9getve.\nK\u00edv\u00e1ns\u00e1g szerinti felirattal , \u00e9s mot\u00edvummal k\u00e9sz\u00edtek kidomborodott, festett, vagy csak festet, m\u00e1zas, utcan\u00e9v t\u00e1bl\u00e1t.\nSaj\u00e1t egyedi tervez\u00e9s a ker\u00e1mia \u00e9s saj\u00e1t egyedi tervez\u00e9s \u00e9s k\u00e9zi fest\u00e9s a minta.\n\nM\u00e9ret\nKb. 33 X 25 cm\nKb.1,8 kg\n\n\n\nRendel\u00e9s el\u0151tt k\u00e9rlek bels\u0151 \u00fczenetben keress!!!!!\nEgyedi minta\"egyedi \u00e1r.\n\nMinden 100% ban k\u00e9zzel k\u00e9sz\u00fclt:))\n\nK\u00f6sz\u00f6n\u00f6m hogy ben\u00e9zt\u00e9l!","price":"17900.00","unit":"db","recommended":"0","status":"1","sponsored":"0","exp_notify":"0","own_material":"0","own_material_description_old":null,"own_material_description":"","jury":"0","jury_number":"","product_nature":"","meskaracsony":"0","create_date":"2026-01-15 13:32:44","shelve_id":"19622","image":"ntakeramia_product_40710_251231111454_563470.jpeg","image_width":"480","image_height":"480","image_alt":"K\u00e9knefelejcs koszor\u00fa egyedi ker\u00e1mia utca n\u00e9vt\u00e1bla, Egyedi st\u00edlusos utca \u00e9s h\u00e1zsz\u00e1mt\u00e1bla.\\nMindenhol j\u00f3 de legjobb OTTHON!\\nEgy hossz\u00fa f\u00e1raszt\u00f3 nap ut\u00e1n m..., Meska","image_title":"K\u00e9knefelejcs koszor\u00fa egyedi ker\u00e1mia utca n\u00e9vt\u00e1bla, Meska","view_count":"918","favourite_count":"0","trending_score":"0","last2MonthFavouriteCount":"0","promotion":"0","giftcard_accept":"0","creditcard_accept":false,"enhanced_background":"0","domain":"meska","specific_customer_id":null,"specific_customer_name":null,"to_order_product":"1","to_order_product_time":"14","product_different":"quite_different","product_different_description":"Egyedi ker\u00e1mia","vintage":"0","vintage_category_id":"0","recycled":"0","gemstone_id":"0","customizable":"0","type_category":"physical","zerowaste":"0","postage_price":"1990.00","shop_order":"87","has_category":"1","landing_pages":null,"microdata":{"number":73,"category":""},"title":"K\u00e9knefelejcs koszor\u00fa egyedi ker\u00e1mia utca n\u00e9vt\u00e1bla","description":"Egyedi st\u00edlusos utca \u00e9s h\u00e1zsz\u00e1mt\u00e1bla.\nMindenhol j\u00f3 de legjobb OTTHON!\nEgy hossz\u00fa f\u00e1raszt\u00f3 nap ut\u00e1n mindenki \u00f6r\u00fcl ha v\u00e9gre bel\u00e9phet otthon\u00e1ba,\u00e9s ki ne \u00f6r\u00fclne ha egy ilyen kedves t\u00e1bla fogadn\u00e1!\n\nFeh\u00e9r agyagb\u00f3l k\u00e9sz\u00fclt, m\u00e1zalatti fest\u00e9kkel, sz\u00edntelen, vagy sz\u00ednes m\u00e1zzal, magas t\u0171z\u0151n, k\u00e9tszer \u00e9getve.\nK\u00edv\u00e1ns\u00e1g szerinti felirattal , \u00e9s mot\u00edvummal k\u00e9sz\u00edtek kidomborodott, festett, vagy csak festet, m\u00e1zas, utcan\u00e9v t\u00e1bl\u00e1t.\nSaj\u00e1t egyedi tervez\u00e9s a ker\u00e1mia \u00e9s saj\u00e1t egyedi tervez\u00e9s \u00e9s k\u00e9zi fest\u00e9s a minta.\n\nM\u00e9ret\nKb. 33 X 25 cm\nKb.1,8 kg\n\n\n\nRendel\u00e9s el\u0151tt k\u00e9rlek bels\u0151 \u00fczenetben keress!!!!!\nEgyedi minta\"egyedi \u00e1r.\n\nMinden 100% ban k\u00e9zzel k\u00e9sz\u00fclt:))\n\nK\u00f6sz\u00f6n\u00f6m hogy ben\u00e9zt\u00e9l!","score":11.078467,"formatted_price":"17 900 Ft","image_url":"https:\/\/www.meska.hu\/img\/product\/small\/n\/t\/ntakeramia_product_40710_251231111454_563470.jpeg","formatted_url":"https:\/\/www.meska.hu\/p4418490-kek-es-lila-egyedi-keramia-utca-nevtabla","favourite":false,"in_stock":false,"avatar":"ntakeramia_avatar_40710_1569066083.JPG","delete_from":0,"is_enhanced_background":false,"is_enhanced":false,"product_selection_started":false,"is_active":true,"image_webp_url":"https:\/\/www.meska.hu\/img\/product\/small\/n\/t\/ntakeramia_product_40710_251231111454_563470.webp"},{"id":"4346419","shop_id":"8514","user_id":"40710","shop_name":"ntakeramia","shop_zip":"8200","product_code":"4062473","product_name_old":null,"product_name":"Konyhakert\u00fcnk Egyedi ker\u00e1mia utca n\u00e9vt\u00e1bla","category_string":"Otthon & \u00c9letm\u00f3d, H\u00e1z & Kert, H\u00e1zsz\u00e1m","technic_string":"Ker\u00e1mia","category_1":"813","category_2":"897","category_3":"431","category_4":"0","merged_category_1":null,"merged_category_2":null,"merged_category_3":null,"technic_1":"489","technic_2":"0","technic_3":"0","color_1":"515","color_2":"568","color_3":"534","product_description_old":null,"product_description":"\nEgyedi st\u00edlusos utca \u00e9s h\u00e1zsz\u00e1mt\u00e1bla.\nMindenhol j\u00f3 de legjobb OTTHON!\nEgy hossz\u00fa f\u00e1raszt\u00f3 nap ut\u00e1n mindenki \u00f6r\u00fcl ha v\u00e9gre bel\u00e9phet otthon\u00e1ba,\u00e9s ki ne \u00f6r\u00fclne ha egy ilyen kedves t\u00e1bla fogadn\u00e1!\n\nFeh\u00e9r agyagb\u00f3l k\u00e9sz\u00fclt, m\u00e1zalatti fest\u00e9kkel, sz\u00edntelen, vagy sz\u00ednes m\u00e1zzal, magas t\u0171z\u0151n, k\u00e9tszer \u00e9getve.\nK\u00edv\u00e1ns\u00e1g szerinti felirattal , \u00e9s mot\u00edvummal k\u00e9sz\u00edtek kidomborodott, festett, vagy csak festet, m\u00e1zas, utcan\u00e9v t\u00e1bl\u00e1t.\nSaj\u00e1t egyedi tervez\u00e9s a ker\u00e1mia \u00e9s saj\u00e1t egyedi tervez\u00e9s \u00e9s k\u00e9zi fest\u00e9s a minta.\n\nM\u00e9ret\nKb. 33 X 25 cm\nKb.1,8 kg\n\n\nMegbesz\u00e9l\u00e9st\u0151l sz\u00e1m\u00edtva kb. 3-4 h\u00e9t az elk\u00e9sz\u00fcl\u00e9s ideje.\n\nRendel\u00e9s el\u0151tt k\u00e9rlek bels\u0151 \u00fczenetben keress!!!!!\nEgyedi minta\"egyedi \u00e1r.\n\nMinden 100% ban k\u00e9zzel k\u00e9sz\u00fclt:))\n\nK\u00f6sz\u00f6n\u00f6m hogy ben\u00e9zt\u00e9l!","price":"18900.00","unit":"db","recommended":"0","status":"1","sponsored":"0","exp_notify":"0","own_material":"0","own_material_description_old":null,"own_material_description":"","jury":"0","jury_number":"","product_nature":"","meskaracsony":"0","create_date":"2026-01-08 16:47:35","shelve_id":"19622","image":"ntakeramia_product_40710_201105071618_317234.jpeg","image_width":"480","image_height":"480","image_alt":"Konyhakert\u00fcnk Egyedi ker\u00e1mia utca n\u00e9vt\u00e1bla, \\nEgyedi st\u00edlusos utca \u00e9s h\u00e1zsz\u00e1mt\u00e1bla.\\nMindenhol j\u00f3 de legjobb OTTHON!\\nEgy hossz\u00fa f\u00e1raszt\u00f3 nap ut\u00e1n ..., Meska","image_title":"Konyhakert\u00fcnk Egyedi ker\u00e1mia utca n\u00e9vt\u00e1bla, Meska","view_count":"878","favourite_count":"0","trending_score":"0","last2MonthFavouriteCount":"0","promotion":"0","giftcard_accept":"0","creditcard_accept":false,"enhanced_background":"0","domain":"meska","specific_customer_id":null,"specific_customer_name":null,"to_order_product":"1","to_order_product_time":"20","product_different":"quite_different","product_different_description":"Egyedi ker\u00e1mia","vintage":"0","vintage_category_id":"0","recycled":"0","gemstone_id":"0","customizable":"0","type_category":"physical","zerowaste":"0","postage_price":"1990.00","shop_order":"134","has_category":"1","landing_pages":null,"microdata":{"number":74,"category":""},"title":"Konyhakert\u00fcnk Egyedi ker\u00e1mia utca n\u00e9vt\u00e1bla","description":"\nEgyedi st\u00edlusos utca \u00e9s h\u00e1zsz\u00e1mt\u00e1bla.\nMindenhol j\u00f3 de legjobb OTTHON!\nEgy hossz\u00fa f\u00e1raszt\u00f3 nap ut\u00e1n mindenki \u00f6r\u00fcl ha v\u00e9gre bel\u00e9phet otthon\u00e1ba,\u00e9s ki ne \u00f6r\u00fclne ha egy ilyen kedves t\u00e1bla fogadn\u00e1!\n\nFeh\u00e9r agyagb\u00f3l k\u00e9sz\u00fclt, m\u00e1zalatti fest\u00e9kkel, sz\u00edntelen, vagy sz\u00ednes m\u00e1zzal, magas t\u0171z\u0151n, k\u00e9tszer \u00e9getve.\nK\u00edv\u00e1ns\u00e1g szerinti felirattal , \u00e9s mot\u00edvummal k\u00e9sz\u00edtek kidomborodott, festett, vagy csak festet, m\u00e1zas, utcan\u00e9v t\u00e1bl\u00e1t.\nSaj\u00e1t egyedi tervez\u00e9s a ker\u00e1mia \u00e9s saj\u00e1t egyedi tervez\u00e9s \u00e9s k\u00e9zi fest\u00e9s a minta.\n\nM\u00e9ret\nKb. 33 X 25 cm\nKb.1,8 kg\n\n\nMegbesz\u00e9l\u00e9st\u0151l sz\u00e1m\u00edtva kb. 3-4 h\u00e9t az elk\u00e9sz\u00fcl\u00e9s ideje.\n\nRendel\u00e9s el\u0151tt k\u00e9rlek bels\u0151 \u00fczenetben keress!!!!!\nEgyedi minta\"egyedi \u00e1r.\n\nMinden 100% ban k\u00e9zzel k\u00e9sz\u00fclt:))\n\nK\u00f6sz\u00f6n\u00f6m hogy ben\u00e9zt\u00e9l!","score":11.078467,"formatted_price":"18 900 Ft","image_url":"https:\/\/www.meska.hu\/img\/product\/small\/n\/t\/ntakeramia_product_40710_201105071618_317234.jpeg","formatted_url":"https:\/\/www.meska.hu\/p4062473-konyhakertunk-egyedi-keramia-utca-nevtabla","favourite":false,"in_stock":false,"avatar":"ntakeramia_avatar_40710_1569066083.JPG","delete_from":0,"is_enhanced_background":false,"is_enhanced":false,"product_selection_started":false,"is_active":true,"image_webp_url":"https:\/\/www.meska.hu\/img\/product\/small\/n\/t\/ntakeramia_product_40710_201105071618_317234.webp"},{"id":"4447097","shop_id":"8514","user_id":"40710","shop_name":"ntakeramia","shop_zip":"8200","product_code":"4688363","product_name_old":null,"product_name":"Provanszi hangulat p\u00fader \u00e9s k\u00e1v\u00e9  ker\u00e1mia utca n\u00e9vt\u00e1bla","category_string":"Otthon & \u00c9letm\u00f3d, H\u00e1z & Kert, H\u00e1zsz\u00e1m","technic_string":"Ker\u00e1mia","category_1":"813","category_2":"897","category_3":"431","category_4":"0","merged_category_1":null,"merged_category_2":null,"merged_category_3":null,"technic_1":"489","technic_2":"0","technic_3":"0","color_1":"514","color_2":"515","color_3":"525","product_description_old":null,"product_description":"Mindenhol j\u00f3 de legjobb OTTHON!\nEgy hossz\u00fa f\u00e1raszt\u00f3 nap ut\u00e1n mindenki \u00f6r\u00fcl ha v\u00e9gre bel\u00e9phet otthon\u00e1ba,\u00e9s ki ne \u00f6r\u00fclne ha egy ilyen kedves t\u00e1bla fogadn\u00e1!\n\n\n Feh\u00e9r agyagb\u00f3l k\u00e9sz\u00fclt, m\u00e1zalatti fest\u00e9kkel, sz\u00edntelen, vagy sz\u00ednes m\u00e1zzal, magas t\u0171z\u0151n, k\u00e9tszer \u00e9getve.\nK\u00edv\u00e1ns\u00e1g szerinti felirattal , \u00e9s mot\u00edvummal k\u00e9sz\u00edtek kidomborodott, festett, vagy csak festet, m\u00e1zas, utcan\u00e9v t\u00e1bl\u00e1t.\nSaj\u00e1t egyedi tervez\u00e9s a ker\u00e1mia \u00e9s saj\u00e1t egyedi tervez\u00e9s \u00e9s k\u00e9zi fest\u00e9s a minta.\n\nMegbesz\u00e9l\u00e9st\u0151l sz\u00e1m\u00edtva kb. 3-4 h\u00e9t az elk\u00e9sz\u00fcl\u00e9s ideje. \n\n\nM\u00e9retei: \nsz\u00e9less\u00e9g: 30 cm\nmagass\u00e1g: 24 cm\nS\u00falya: 1,8 kg\n\nK\u00e9t sz\u00e9l\u00e9n el\u0151f\u00fart lukakn\u00e1l csavarral szerelhet\u0151 fel a ker\u00edt\u00e9s oszlopra, vagy a h\u00e1z fal\u00e1ra.\n\nMunk\u00e1s.apr\u00f3l\u00e9kosan kidolgozott term\u00e9k.\nCsak t\u00f6r\u00e9sbiztos csomagk\u00e9nt adom fel.\nA v\u00e9tel\u00e1rat \u00e9s a posta k\u00f6lts\u00e9get minden esetben a kos\u00e1rba helyez\u00e9s ut\u00e1n megkapott e mail c\u00edmre k\u00fcld\u00f6tt sz\u00e1mlasz\u00e1mra el\u0151re k\u00e9rem utalni.\n\nMINDEN ESETBEN BELS\u0150 \u00dcZENETBEN KERESS EGYEDI RENDEL\u00c9SSEL!!!!!!!!!\n\n\nK\u00f6sz\u00f6n\u00f6m hogy ben\u00e9zt\u00e9l!","price":"19000.00","unit":"db","recommended":"0","status":"1","sponsored":"0","exp_notify":"0","own_material":"0","own_material_description_old":null,"own_material_description":"","jury":"0","jury_number":"","product_nature":"","meskaracsony":"0","create_date":"2026-01-05 12:42:56","shelve_id":"19622","image":"ntakeramia_product_40710_200908202319_330311.jpeg","image_width":"480","image_height":"480","image_alt":"Provanszi hangulat p\u00fader \u00e9s k\u00e1v\u00e9  ker\u00e1mia utca n\u00e9vt\u00e1bla, Mindenhol j\u00f3 de legjobb OTTHON!\\nEgy hossz\u00fa f\u00e1raszt\u00f3 nap ut\u00e1n mindenki \u00f6r\u00fcl ha v\u00e9gre bel\u00e9phet otthon\u00e1..., Meska","image_title":"Provanszi hangulat p\u00fader \u00e9s k\u00e1v\u00e9  ker\u00e1mia utca n\u00e9vt\u00e1bla, Meska","view_count":"1163","favourite_count":"0","trending_score":"0","last2MonthFavouriteCount":"0","promotion":"0","giftcard_accept":"0","creditcard_accept":false,"enhanced_background":"0","domain":"meska","specific_customer_id":null,"specific_customer_name":null,"to_order_product":"1","to_order_product_time":"18","product_different":"quite_different","product_different_description":"egyedi ker\u00e1mia","vintage":"0","vintage_category_id":"0","recycled":"0","gemstone_id":"0","customizable":"0","type_category":"physical","zerowaste":"0","postage_price":"1990.00","shop_order":"152","has_category":"1","landing_pages":null,"microdata":{"number":75,"category":""},"title":"Provanszi hangulat p\u00fader \u00e9s k\u00e1v\u00e9  ker\u00e1mia utca n\u00e9vt\u00e1bla","description":"Mindenhol j\u00f3 de legjobb OTTHON!\nEgy hossz\u00fa f\u00e1raszt\u00f3 nap ut\u00e1n mindenki \u00f6r\u00fcl ha v\u00e9gre bel\u00e9phet otthon\u00e1ba,\u00e9s ki ne \u00f6r\u00fclne ha egy ilyen kedves t\u00e1bla fogadn\u00e1!\n\n\n Feh\u00e9r agyagb\u00f3l k\u00e9sz\u00fclt, m\u00e1zalatti fest\u00e9kkel, sz\u00edntelen, vagy sz\u00ednes m\u00e1zzal, magas t\u0171z\u0151n, k\u00e9tszer \u00e9getve.\nK\u00edv\u00e1ns\u00e1g szerinti felirattal , \u00e9s mot\u00edvummal k\u00e9sz\u00edtek kidomborodott, festett, vagy csak festet, m\u00e1zas, utcan\u00e9v t\u00e1bl\u00e1t.\nSaj\u00e1t egyedi tervez\u00e9s a ker\u00e1mia \u00e9s saj\u00e1t egyedi tervez\u00e9s \u00e9s k\u00e9zi fest\u00e9s a minta.\n\nMegbesz\u00e9l\u00e9st\u0151l sz\u00e1m\u00edtva kb. 3-4 h\u00e9t az elk\u00e9sz\u00fcl\u00e9s ideje. \n\n\nM\u00e9retei: \nsz\u00e9less\u00e9g: 30 cm\nmagass\u00e1g: 24 cm\nS\u00falya: 1,8 kg\n\nK\u00e9t sz\u00e9l\u00e9n el\u0151f\u00fart lukakn\u00e1l csavarral szerelhet\u0151 fel a ker\u00edt\u00e9s oszlopra, vagy a h\u00e1z fal\u00e1ra.\n\nMunk\u00e1s.apr\u00f3l\u00e9kosan kidolgozott term\u00e9k.\nCsak t\u00f6r\u00e9sbiztos csomagk\u00e9nt adom fel.\nA v\u00e9tel\u00e1rat \u00e9s a posta k\u00f6lts\u00e9get minden esetben a kos\u00e1rba helyez\u00e9s ut\u00e1n megkapott e mail c\u00edmre k\u00fcld\u00f6tt sz\u00e1mlasz\u00e1mra el\u0151re k\u00e9rem utalni.\n\nMINDEN ESETBEN BELS\u0150 \u00dcZENETBEN KERESS EGYEDI RENDEL\u00c9SSEL!!!!!!!!!\n\n\nK\u00f6sz\u00f6n\u00f6m hogy ben\u00e9zt\u00e9l!","score":11.078467,"formatted_price":"19 000 Ft","image_url":"https:\/\/www.meska.hu\/img\/product\/small\/n\/t\/ntakeramia_product_40710_200908202319_330311.jpeg","formatted_url":"https:\/\/www.meska.hu\/p4688363-provanszi-hangulat-puder-es-kave-keramia-utca-nevtabla","favourite":false,"in_stock":false,"avatar":"ntakeramia_avatar_40710_1569066083.JPG","delete_from":0,"is_enhanced_background":false,"is_enhanced":false,"product_selection_started":false,"is_active":true,"image_webp_url":"https:\/\/www.meska.hu\/img\/product\/small\/n\/t\/ntakeramia_product_40710_200908202319_330311.webp"},{"id":"4671554","shop_id":"8514","user_id":"40710","shop_name":"ntakeramia","shop_zip":"8200","product_code":"4877735","product_name_old":null,"product_name":"Must\u00e1r-s\u00e1rga gerber\u00e1s  ker\u00e1mia utca n\u00e9vt\u00e1bla","category_string":"Otthon & \u00c9letm\u00f3d, H\u00e1z & Kert, H\u00e1zsz\u00e1m","technic_string":"Ker\u00e1mia","category_1":"813","category_2":"897","category_3":"431","category_4":"0","merged_category_1":null,"merged_category_2":null,"merged_category_3":null,"technic_1":"489","technic_2":"0","technic_3":"0","color_1":"519","color_2":"568","color_3":"526","product_description_old":null,"product_description":"Egy j\u00f3l v\u00e1lasztott egyedi utca vagy h\u00e1zsz\u00e1m kiemeli hangs\u00falyozza otthonunk.\nEhhez pr\u00f3b\u00e1lok seg\u00edts\u00e9get ny\u00fajtani.\nEgyedi h\u00e1z \u00e9s utcan\u00e9vt\u00e1bl\u00e1kat k\u00e9sz\u00edt\u00fcnk azoknak akik szeretik az egyedit a st\u00edlusosat.\n\nFeh\u00e9r agyagb\u00f3l k\u00e9sz\u00edtettem ezt az egyedi h\u00e1zsz\u00e1mt\u00e1bl\u00e1t. 2 X \u00e9getem magas h\u0151m\u00e9rs\u00e9kleten \u00edgy lesz id\u0151j\u00e1r\u00e1s \u00e1ll\u00f3.\nSaj\u00e1t egyedi tervez\u00e9s \u00e9s k\u00e9sz\u00edt\u00e9s a ker\u00e1mia \u00e9s saj\u00e1t egyedi tervez\u00e9s \u00e9s k\u00e9zi fest\u00e9s a minta.\nM\u00e9ret:\nkb.   33 X 25 cm\n\nAz \u00e1r elt\u00e9rhet..f\u00fcgg a fest\u00e9s t\u00e9m\u00e1j\u00e1t\u00f3l...a kidolgoz\u00e1st\u00f3l.\nEz\u00e9rt k\u00e9rlek a kos\u00e1rba helyez\u00e9s el\u0151tt ,bels\u0151 \u00fczenetben keress.\nAz egyedi t\u00e1bl\u00e1r\u00f3l ,mindig rajzos skiccet k\u00e9sz\u00edtek.\n\n\nK\u00f6sz\u00f6n\u00f6m hogy ben\u00e9zt\u00e9l.","price":"18000.00","unit":"db","recommended":"0","status":"1","sponsored":"0","exp_notify":"0","own_material":"0","own_material_description_old":null,"own_material_description":"","jury":"0","jury_number":"","product_nature":"","meskaracsony":"0","create_date":"2026-01-10 12:30:16","shelve_id":"19622","image":"ntakeramia_product_40710_230115094030_602174.jpeg","image_width":"480","image_height":"480","image_alt":"Must\u00e1r-s\u00e1rga gerber\u00e1s  ker\u00e1mia utca n\u00e9vt\u00e1bla, Egy j\u00f3l v\u00e1lasztott egyedi utca vagy h\u00e1zsz\u00e1m kiemeli hangs\u00falyozza otthonunk.\\nEhhez pr\u00f3b\u00e1lok seg\u00edts\u00e9ge..., Meska","image_title":"Must\u00e1r-s\u00e1rga gerber\u00e1s  ker\u00e1mia utca n\u00e9vt\u00e1bla, Meska","view_count":"1107","favourite_count":"0","trending_score":"0","last2MonthFavouriteCount":"0","promotion":"0","giftcard_accept":"0","creditcard_accept":false,"enhanced_background":"0","domain":"meska","specific_customer_id":null,"specific_customer_name":null,"to_order_product":"1","to_order_product_time":"14","product_different":"quite_different","product_different_description":"Egyedi ker\u00e1mia","vintage":"0","vintage_category_id":"0","recycled":"0","gemstone_id":"0","customizable":"0","type_category":"physical","zerowaste":"0","postage_price":"1990.00","shop_order":"117","has_category":"1","landing_pages":null,"microdata":{"number":76,"category":""},"title":"Must\u00e1r-s\u00e1rga gerber\u00e1s  ker\u00e1mia utca n\u00e9vt\u00e1bla","description":"Egy j\u00f3l v\u00e1lasztott egyedi utca vagy h\u00e1zsz\u00e1m kiemeli hangs\u00falyozza otthonunk.\nEhhez pr\u00f3b\u00e1lok seg\u00edts\u00e9get ny\u00fajtani.\nEgyedi h\u00e1z \u00e9s utcan\u00e9vt\u00e1bl\u00e1kat k\u00e9sz\u00edt\u00fcnk azoknak akik szeretik az egyedit a st\u00edlusosat.\n\nFeh\u00e9r agyagb\u00f3l k\u00e9sz\u00edtettem ezt az egyedi h\u00e1zsz\u00e1mt\u00e1bl\u00e1t. 2 X \u00e9getem magas h\u0151m\u00e9rs\u00e9kleten \u00edgy lesz id\u0151j\u00e1r\u00e1s \u00e1ll\u00f3.\nSaj\u00e1t egyedi tervez\u00e9s \u00e9s k\u00e9sz\u00edt\u00e9s a ker\u00e1mia \u00e9s saj\u00e1t egyedi tervez\u00e9s \u00e9s k\u00e9zi fest\u00e9s a minta.\nM\u00e9ret:\nkb.   33 X 25 cm\n\nAz \u00e1r elt\u00e9rhet..f\u00fcgg a fest\u00e9s t\u00e9m\u00e1j\u00e1t\u00f3l...a kidolgoz\u00e1st\u00f3l.\nEz\u00e9rt k\u00e9rlek a kos\u00e1rba helyez\u00e9s el\u0151tt ,bels\u0151 \u00fczenetben keress.\nAz egyedi t\u00e1bl\u00e1r\u00f3l ,mindig rajzos skiccet k\u00e9sz\u00edtek.\n\n\nK\u00f6sz\u00f6n\u00f6m hogy ben\u00e9zt\u00e9l.","score":11.078467,"formatted_price":"18 000 Ft","image_url":"https:\/\/www.meska.hu\/img\/product\/small\/n\/t\/ntakeramia_product_40710_230115094030_602174.jpeg","formatted_url":"https:\/\/www.meska.hu\/p4877735-mustar-sarga-gerberas-keramia-utca-nevtabla","favourite":false,"in_stock":false,"avatar":"ntakeramia_avatar_40710_1569066083.JPG","delete_from":0,"is_enhanced_background":false,"is_enhanced":false,"product_selection_started":false,"is_active":true,"image_webp_url":"https:\/\/www.meska.hu\/img\/product\/small\/n\/t\/ntakeramia_product_40710_230115094030_602174.webp"},{"id":"4689375","shop_id":"38741","user_id":"526655","shop_name":"ENGravING","shop_zip":"6725","product_code":"4892382","product_name_old":null,"product_name":"N\u00e9vt\u00e1bla","category_string":"Baba - mama, Gyerek n\u00e9vt\u00e1bla, Babaszoba dekor\u00e1ci\u00f3","technic_string":"Famegmunk\u00e1l\u00e1s, Fest\u00e9szet","category_1":"1497","category_2":"1735","category_3":"1466","category_4":"0","merged_category_1":"0","merged_category_2":"0","merged_category_3":"0","technic_1":"478","technic_2":"480","technic_3":"0","color_1":"519","color_2":"521","color_3":"526","product_description_old":null,"product_description":"Egyedi n\u00e9vt\u00e1bl\u00e1k, ig\u00e9ny szerinti mot\u00edvumokkal \u00e9s n\u00e9vvel, melyet \u00fczenetben tudunk eggyeztetni\nFa r\u00e9tegelt lemezb\u0151l k\u00e9sz\u00edtett\nK\u00e9zzel festett, v\u00edzb\u00e1zis\u00fa fest\u00e9kkel\nM\u00e9ret 28 cm\nA falra akaszt\u00f3val lehet felhelyezni.\n\nA RENDEL\u00c9S MENETE:\n\n1. Rakd a kos\u00e1rba a kiv\u00e1lasztott term\u00e9ket majd v\u00e1s\u00e1rold meg \u0151ket a Meska fel\u00fclet\u00e9n\n\n2. Ezut\u00e1n megkapjuk egym\u00e1s el\u00e9rhet\u0151s\u00e9g\u00e9t, \u00e9s e-mailben egyeztetj\u00fck a r\u00e9szleteket\n\n3. Egyedi \u00f6tlet, vagy n\u00e9vresz\u00f3l\u00f3 term\u00e9k eset\u00e9n k\u00fcldeni fogok egy l\u00e1tv\u00e1nytervet a v\u00e1s\u00e1rolt term\u00e9kr\u0151l, amit meg tudsz n\u00e9zni. A tervez\u00e9s, illetve a l\u00e1tv\u00e1nyterv k\u00e9sz\u00edt\u00e9se nem j\u00e1r t\u00f6bbletk\u00f6lts\u00e9ggel, azt az \u00e1r tartalmazza.\n\n4. Amikor v\u00e9glegesen elfogadod a terveket, \u00e1tutal\u00e1ssal tudsz majd fizetni.\n\n5. Az \u00f6sszeg be\u00e9rkez\u00e9se ut\u00e1n k\u00e9sz\u00edtj\u00fck \u00e9s k\u00fcldj\u00fck a term\u00e9keidet.\n\n6. A term\u00e9keinket FOXPOST vagy Posta sz\u00e1ll\u00edtja\n\n7. Szeretn\u00e9nk folyamatosan fejl\u0151dni, \u00edgy fontos sz\u00e1munkra v\u00e1s\u00e1rl\u00f3ink v\u00e9lem\u00e9nye. Ez\u00e9rt k\u00e9rj\u00fck, hogy a sz\u00e1ll\u00edt\u00e1s megt\u00f6rt\u00e9nte ut\u00e1n \u00e9rt\u00e9keld boltunkat, melyet ez\u00faton is k\u00f6sz\u00f6n\u00fcnk!\n\nB\u00e1rmilyen egyedi \u00f6tlet vagy n\u00e9vresz\u00f3l\u00f3 aj\u00e1nd\u00e9k elk\u00e9sz\u00edt\u00e9s\u00e9vel kapcsoltban keress minket bizalommal. (:","price":"8500.00","unit":"db","recommended":"0","status":"1","sponsored":"0","exp_notify":"0","own_material":"0","own_material_description_old":null,"own_material_description":"","jury":"0","jury_number":"","product_nature":"","meskaracsony":"0","create_date":"2026-01-06 19:21:47","shelve_id":"0","image":"engraving_product_526655_230122142907_338351.jpeg","image_width":"480","image_height":"596","image_alt":"N\u00e9vt\u00e1bla, Egyedi n\u00e9vt\u00e1bl\u00e1k, ig\u00e9ny szerinti mot\u00edvumokkal \u00e9s n\u00e9vvel, melyet \u00fczenetben tudunk eggyeztetni\\nFa r\u00e9te..., Meska","image_title":"N\u00e9vt\u00e1bla, Meska","view_count":"832","favourite_count":"0","trending_score":"0","last2MonthFavouriteCount":"0","promotion":"0","giftcard_accept":"0","creditcard_accept":false,"enhanced_background":"0","domain":"meska","specific_customer_id":null,"specific_customer_name":null,"to_order_product":"1","to_order_product_time":"15","product_different":null,"product_different_description":"","vintage":"0","vintage_category_id":"0","recycled":"0","gemstone_id":"0","customizable":"1","type_category":"physical","zerowaste":"0","postage_price":"1290.00","shop_order":"0","has_category":"1","landing_pages":null,"microdata":{"number":77,"category":""},"title":"N\u00e9vt\u00e1bla","description":"Egyedi n\u00e9vt\u00e1bl\u00e1k, ig\u00e9ny szerinti mot\u00edvumokkal \u00e9s n\u00e9vvel, melyet \u00fczenetben tudunk eggyeztetni\nFa r\u00e9tegelt lemezb\u0151l k\u00e9sz\u00edtett\nK\u00e9zzel festett, v\u00edzb\u00e1zis\u00fa fest\u00e9kkel\nM\u00e9ret 28 cm\nA falra akaszt\u00f3val lehet felhelyezni.\n\nA RENDEL\u00c9S MENETE:\n\n1. Rakd a kos\u00e1rba a kiv\u00e1lasztott term\u00e9ket majd v\u00e1s\u00e1rold meg \u0151ket a Meska fel\u00fclet\u00e9n\n\n2. Ezut\u00e1n megkapjuk egym\u00e1s el\u00e9rhet\u0151s\u00e9g\u00e9t, \u00e9s e-mailben egyeztetj\u00fck a r\u00e9szleteket\n\n3. Egyedi \u00f6tlet, vagy n\u00e9vresz\u00f3l\u00f3 term\u00e9k eset\u00e9n k\u00fcldeni fogok egy l\u00e1tv\u00e1nytervet a v\u00e1s\u00e1rolt term\u00e9kr\u0151l, amit meg tudsz n\u00e9zni. A tervez\u00e9s, illetve a l\u00e1tv\u00e1nyterv k\u00e9sz\u00edt\u00e9se nem j\u00e1r t\u00f6bbletk\u00f6lts\u00e9ggel, azt az \u00e1r tartalmazza.\n\n4. Amikor v\u00e9glegesen elfogadod a terveket, \u00e1tutal\u00e1ssal tudsz majd fizetni.\n\n5. Az \u00f6sszeg be\u00e9rkez\u00e9se ut\u00e1n k\u00e9sz\u00edtj\u00fck \u00e9s k\u00fcldj\u00fck a term\u00e9keidet.\n\n6. A term\u00e9keinket FOXPOST vagy Posta sz\u00e1ll\u00edtja\n\n7. Szeretn\u00e9nk folyamatosan fejl\u0151dni, \u00edgy fontos sz\u00e1munkra v\u00e1s\u00e1rl\u00f3ink v\u00e9lem\u00e9nye. Ez\u00e9rt k\u00e9rj\u00fck, hogy a sz\u00e1ll\u00edt\u00e1s megt\u00f6rt\u00e9nte ut\u00e1n \u00e9rt\u00e9keld boltunkat, melyet ez\u00faton is k\u00f6sz\u00f6n\u00fcnk!\n\nB\u00e1rmilyen egyedi \u00f6tlet vagy n\u00e9vresz\u00f3l\u00f3 aj\u00e1nd\u00e9k elk\u00e9sz\u00edt\u00e9s\u00e9vel kapcsoltban keress minket bizalommal. (:","score":11.078467,"formatted_price":"8 500 Ft","image_url":"https:\/\/www.meska.hu\/img\/product\/small\/e\/n\/engraving_product_526655_230122142907_338351.jpeg","formatted_url":"https:\/\/www.meska.hu\/p4892382-nevtabla","favourite":false,"in_stock":false,"avatar":"526655_avatar_1665417359.jpeg","delete_from":0,"is_enhanced_background":false,"is_enhanced":false,"product_selection_started":false,"is_active":true,"image_webp_url":"https:\/\/www.meska.hu\/img\/product\/small\/e\/n\/engraving_product_526655_230122142907_338351.webp"},{"id":"4689438","shop_id":"38741","user_id":"526655","shop_name":"ENGravING","shop_zip":"6725","product_code":"4892427","product_name_old":null,"product_name":"N\u00e9vt\u00e1bla","category_string":"Baba - mama, Gyerek n\u00e9vt\u00e1bla, Babaszoba dekor\u00e1ci\u00f3","technic_string":"Famegmunk\u00e1l\u00e1s, Fest\u00e9szet","category_1":"1497","category_2":"1735","category_3":"1466","category_4":"0","merged_category_1":"0","merged_category_2":"0","merged_category_3":"0","technic_1":"478","technic_2":"480","technic_3":"0","color_1":"521","color_2":"532","color_3":"534","product_description_old":null,"product_description":"Egyedi tengeri mot\u00edvumos n\u00e9vt\u00e1bl\u00e1k, ig\u00e9ny szerinti mot\u00edvumokkal \u00e9s n\u00e9vvel, melyet \u00fczenetben tudunk eggyeztetni\nFa r\u00e9tegelt lemezb\u0151l k\u00e9sz\u00edtett\nK\u00e9zzel festett, v\u00edzb\u00e1zis\u00fa fest\u00e9kkel\nM\u00e9ret 28 cm\nA falra akaszt\u00f3val lehet felhelyezni.\n\nA RENDEL\u00c9S MENETE:\n\n1. Rakd a kos\u00e1rba a kiv\u00e1lasztott term\u00e9ket majd v\u00e1s\u00e1rold meg \u0151ket a Meska fel\u00fclet\u00e9n\n\n2. Ezut\u00e1n megkapjuk egym\u00e1s el\u00e9rhet\u0151s\u00e9g\u00e9t, \u00e9s e-mailben egyeztetj\u00fck a r\u00e9szleteket\n\n3. Egyedi \u00f6tlet, vagy n\u00e9vresz\u00f3l\u00f3 term\u00e9k eset\u00e9n k\u00fcldeni fogok egy l\u00e1tv\u00e1nytervet a v\u00e1s\u00e1rolt term\u00e9kr\u0151l, amit meg tudsz n\u00e9zni. A tervez\u00e9s, illetve a l\u00e1tv\u00e1nyterv k\u00e9sz\u00edt\u00e9se nem j\u00e1r t\u00f6bbletk\u00f6lts\u00e9ggel, azt az \u00e1r tartalmazza.\n\n4. Amikor v\u00e9glegesen elfogadod a terveket, \u00e1tutal\u00e1ssal tudsz majd fizetni.\n\n5. Az \u00f6sszeg be\u00e9rkez\u00e9se ut\u00e1n k\u00e9sz\u00edtj\u00fck \u00e9s k\u00fcldj\u00fck a term\u00e9keidet.\n\n6. A term\u00e9keinket FOXPOST vagy Posta sz\u00e1ll\u00edtja\n\n7. Szeretn\u00e9nk folyamatosan fejl\u0151dni, \u00edgy fontos sz\u00e1munkra v\u00e1s\u00e1rl\u00f3ink v\u00e9lem\u00e9nye. Ez\u00e9rt k\u00e9rj\u00fck, hogy a sz\u00e1ll\u00edt\u00e1s megt\u00f6rt\u00e9nte ut\u00e1n \u00e9rt\u00e9keld boltunkat, melyet ez\u00faton is k\u00f6sz\u00f6n\u00fcnk!\n\nB\u00e1rmilyen egyedi \u00f6tlet vagy n\u00e9vresz\u00f3l\u00f3 aj\u00e1nd\u00e9k elk\u00e9sz\u00edt\u00e9s\u00e9vel kapcsoltban keress minket bizalommal. (:\nK\u00e9rd\u00e9sem van a term\u00e9kr\u0151l","price":"8500.00","unit":"db","recommended":"0","status":"1","sponsored":"0","exp_notify":"0","own_material":"0","own_material_description_old":null,"own_material_description":"","jury":"0","jury_number":"","product_nature":"","meskaracsony":"0","create_date":"2026-01-06 19:21:48","shelve_id":"0","image":"engraving_product_526655_230122151449_978422.jpeg","image_width":"480","image_height":"582","image_alt":"N\u00e9vt\u00e1bla, Egyedi tengeri mot\u00edvumos n\u00e9vt\u00e1bl\u00e1k, ig\u00e9ny szerinti mot\u00edvumokkal \u00e9s n\u00e9vvel, melyet \u00fczenetben tudunk e..., Meska","image_title":"N\u00e9vt\u00e1bla, Meska","view_count":"1029","favourite_count":"0","trending_score":"0","last2MonthFavouriteCount":"0","promotion":"0","giftcard_accept":"0","creditcard_accept":false,"enhanced_background":"0","domain":"meska","specific_customer_id":null,"specific_customer_name":null,"to_order_product":"1","to_order_product_time":"15","product_different":null,"product_different_description":"","vintage":"0","vintage_category_id":"0","recycled":"0","gemstone_id":"0","customizable":"1","type_category":"physical","zerowaste":"0","postage_price":"1290.00","shop_order":"0","has_category":"1","landing_pages":null,"microdata":{"number":78,"category":""},"title":"N\u00e9vt\u00e1bla","description":"Egyedi tengeri mot\u00edvumos n\u00e9vt\u00e1bl\u00e1k, ig\u00e9ny szerinti mot\u00edvumokkal \u00e9s n\u00e9vvel, melyet \u00fczenetben tudunk eggyeztetni\nFa r\u00e9tegelt lemezb\u0151l k\u00e9sz\u00edtett\nK\u00e9zzel festett, v\u00edzb\u00e1zis\u00fa fest\u00e9kkel\nM\u00e9ret 28 cm\nA falra akaszt\u00f3val lehet felhelyezni.\n\nA RENDEL\u00c9S MENETE:\n\n1. Rakd a kos\u00e1rba a kiv\u00e1lasztott term\u00e9ket majd v\u00e1s\u00e1rold meg \u0151ket a Meska fel\u00fclet\u00e9n\n\n2. Ezut\u00e1n megkapjuk egym\u00e1s el\u00e9rhet\u0151s\u00e9g\u00e9t, \u00e9s e-mailben egyeztetj\u00fck a r\u00e9szleteket\n\n3. Egyedi \u00f6tlet, vagy n\u00e9vresz\u00f3l\u00f3 term\u00e9k eset\u00e9n k\u00fcldeni fogok egy l\u00e1tv\u00e1nytervet a v\u00e1s\u00e1rolt term\u00e9kr\u0151l, amit meg tudsz n\u00e9zni. A tervez\u00e9s, illetve a l\u00e1tv\u00e1nyterv k\u00e9sz\u00edt\u00e9se nem j\u00e1r t\u00f6bbletk\u00f6lts\u00e9ggel, azt az \u00e1r tartalmazza.\n\n4. Amikor v\u00e9glegesen elfogadod a terveket, \u00e1tutal\u00e1ssal tudsz majd fizetni.\n\n5. Az \u00f6sszeg be\u00e9rkez\u00e9se ut\u00e1n k\u00e9sz\u00edtj\u00fck \u00e9s k\u00fcldj\u00fck a term\u00e9keidet.\n\n6. A term\u00e9keinket FOXPOST vagy Posta sz\u00e1ll\u00edtja\n\n7. Szeretn\u00e9nk folyamatosan fejl\u0151dni, \u00edgy fontos sz\u00e1munkra v\u00e1s\u00e1rl\u00f3ink v\u00e9lem\u00e9nye. Ez\u00e9rt k\u00e9rj\u00fck, hogy a sz\u00e1ll\u00edt\u00e1s megt\u00f6rt\u00e9nte ut\u00e1n \u00e9rt\u00e9keld boltunkat, melyet ez\u00faton is k\u00f6sz\u00f6n\u00fcnk!\n\nB\u00e1rmilyen egyedi \u00f6tlet vagy n\u00e9vresz\u00f3l\u00f3 aj\u00e1nd\u00e9k elk\u00e9sz\u00edt\u00e9s\u00e9vel kapcsoltban keress minket bizalommal. (:\nK\u00e9rd\u00e9sem van a term\u00e9kr\u0151l","score":11.078467,"formatted_price":"8 500 Ft","image_url":"https:\/\/www.meska.hu\/img\/product\/small\/e\/n\/engraving_product_526655_230122151449_978422.jpeg","formatted_url":"https:\/\/www.meska.hu\/p4892427-nevtabla","favourite":false,"in_stock":false,"avatar":"526655_avatar_1665417359.jpeg","delete_from":0,"is_enhanced_background":false,"is_enhanced":false,"product_selection_started":false,"is_active":true,"image_webp_url":"https:\/\/www.meska.hu\/img\/product\/small\/e\/n\/engraving_product_526655_230122151449_978422.webp"},{"id":"4689368","shop_id":"38741","user_id":"526655","shop_name":"ENGravING","shop_zip":"6725","product_code":"4892377","product_name_old":null,"product_name":"N\u00e9vt\u00e1bla","category_string":"Baba - mama, Gyerek n\u00e9vt\u00e1bla, Babaszoba dekor\u00e1ci\u00f3","technic_string":"Famegmunk\u00e1l\u00e1s, Fest\u00e9szet","category_1":"1497","category_2":"1735","category_3":"1466","category_4":"0","merged_category_1":"0","merged_category_2":"0","merged_category_3":"0","technic_1":"478","technic_2":"480","technic_3":"0","color_1":"521","color_2":"532","color_3":"534","product_description_old":null,"product_description":"Egyedi n\u00e9vt\u00e1bl\u00e1k, ig\u00e9ny szerinti mot\u00edvumokkal \u00e9s n\u00e9vvel, melyet \u00fczenetben tudunk eggyeztetni\nR\u00e9tegelt lemezb\u0151l k\u00e9sz\u00edtett\nK\u00e9zzel festett, v\u00edzb\u00e1zis\u00fa fest\u00e9kkel\nM\u00e9ret 28 cm\nA falra akaszt\u00f3val lehet felhelyezni.\n\nA RENDEL\u00c9S MENETE:\n\n1. Rakd a kos\u00e1rba a kiv\u00e1lasztott term\u00e9ket majd v\u00e1s\u00e1rold meg \u0151ket a Meska fel\u00fclet\u00e9n\n\n2. Ezut\u00e1n megkapjuk egym\u00e1s el\u00e9rhet\u0151s\u00e9g\u00e9t, \u00e9s e-mailben egyeztetj\u00fck a r\u00e9szleteket\n\n3. Egyedi \u00f6tlet, vagy n\u00e9vresz\u00f3l\u00f3 term\u00e9k eset\u00e9n k\u00fcldeni fogok egy l\u00e1tv\u00e1nytervet a v\u00e1s\u00e1rolt term\u00e9kr\u0151l, amit meg tudsz n\u00e9zni. A tervez\u00e9s, illetve a l\u00e1tv\u00e1nyterv k\u00e9sz\u00edt\u00e9se nem j\u00e1r t\u00f6bbletk\u00f6lts\u00e9ggel, azt az \u00e1r tartalmazza.\n\n4. Amikor v\u00e9glegesen elfogadod a terveket, \u00e1tutal\u00e1ssal tudsz majd fizetni.\n\n5. Az \u00f6sszeg be\u00e9rkez\u00e9se ut\u00e1n k\u00e9sz\u00edtj\u00fck \u00e9s k\u00fcldj\u00fck a term\u00e9keidet.\n\n6. A term\u00e9keinket FOXPOST vagy Posta sz\u00e1ll\u00edtja\n\n7. Szeretn\u00e9nk folyamatosan fejl\u0151dni, \u00edgy fontos sz\u00e1munkra v\u00e1s\u00e1rl\u00f3ink v\u00e9lem\u00e9nye. Ez\u00e9rt k\u00e9rj\u00fck, hogy a sz\u00e1ll\u00edt\u00e1s megt\u00f6rt\u00e9nte ut\u00e1n \u00e9rt\u00e9keld boltunkat, melyet ez\u00faton is k\u00f6sz\u00f6n\u00fcnk!\n\nB\u00e1rmilyen egyedi \u00f6tlet vagy n\u00e9vresz\u00f3l\u00f3 aj\u00e1nd\u00e9k elk\u00e9sz\u00edt\u00e9s\u00e9vel kapcsoltban keress minket bizalommal. (:","price":"8500.00","unit":"db","recommended":"0","status":"1","sponsored":"0","exp_notify":"0","own_material":"0","own_material_description_old":null,"own_material_description":"","jury":"0","jury_number":"","product_nature":"","meskaracsony":"0","create_date":"2026-01-06 19:21:43","shelve_id":"0","image":"engraving_product_526655_230122141933_414526.jpeg","image_width":"480","image_height":"522","image_alt":"N\u00e9vt\u00e1bla, Egyedi n\u00e9vt\u00e1bl\u00e1k, ig\u00e9ny szerinti mot\u00edvumokkal \u00e9s n\u00e9vvel, melyet \u00fczenetben tudunk eggyeztetni\\nR\u00e9tegel..., Meska","image_title":"N\u00e9vt\u00e1bla, Meska","view_count":"934","favourite_count":"0","trending_score":"0","last2MonthFavouriteCount":"0","promotion":"0","giftcard_accept":"0","creditcard_accept":false,"enhanced_background":"0","domain":"meska","specific_customer_id":null,"specific_customer_name":null,"to_order_product":"1","to_order_product_time":"15","product_different":null,"product_different_description":"","vintage":"0","vintage_category_id":"0","recycled":"0","gemstone_id":"0","customizable":"1","type_category":"physical","zerowaste":"0","postage_price":"1290.00","shop_order":"0","has_category":"1","landing_pages":null,"microdata":{"number":79,"category":""},"title":"N\u00e9vt\u00e1bla","description":"Egyedi n\u00e9vt\u00e1bl\u00e1k, ig\u00e9ny szerinti mot\u00edvumokkal \u00e9s n\u00e9vvel, melyet \u00fczenetben tudunk eggyeztetni\nR\u00e9tegelt lemezb\u0151l k\u00e9sz\u00edtett\nK\u00e9zzel festett, v\u00edzb\u00e1zis\u00fa fest\u00e9kkel\nM\u00e9ret 28 cm\nA falra akaszt\u00f3val lehet felhelyezni.\n\nA RENDEL\u00c9S MENETE:\n\n1. Rakd a kos\u00e1rba a kiv\u00e1lasztott term\u00e9ket majd v\u00e1s\u00e1rold meg \u0151ket a Meska fel\u00fclet\u00e9n\n\n2. Ezut\u00e1n megkapjuk egym\u00e1s el\u00e9rhet\u0151s\u00e9g\u00e9t, \u00e9s e-mailben egyeztetj\u00fck a r\u00e9szleteket\n\n3. Egyedi \u00f6tlet, vagy n\u00e9vresz\u00f3l\u00f3 term\u00e9k eset\u00e9n k\u00fcldeni fogok egy l\u00e1tv\u00e1nytervet a v\u00e1s\u00e1rolt term\u00e9kr\u0151l, amit meg tudsz n\u00e9zni. A tervez\u00e9s, illetve a l\u00e1tv\u00e1nyterv k\u00e9sz\u00edt\u00e9se nem j\u00e1r t\u00f6bbletk\u00f6lts\u00e9ggel, azt az \u00e1r tartalmazza.\n\n4. Amikor v\u00e9glegesen elfogadod a terveket, \u00e1tutal\u00e1ssal tudsz majd fizetni.\n\n5. Az \u00f6sszeg be\u00e9rkez\u00e9se ut\u00e1n k\u00e9sz\u00edtj\u00fck \u00e9s k\u00fcldj\u00fck a term\u00e9keidet.\n\n6. A term\u00e9keinket FOXPOST vagy Posta sz\u00e1ll\u00edtja\n\n7. Szeretn\u00e9nk folyamatosan fejl\u0151dni, \u00edgy fontos sz\u00e1munkra v\u00e1s\u00e1rl\u00f3ink v\u00e9lem\u00e9nye. Ez\u00e9rt k\u00e9rj\u00fck, hogy a sz\u00e1ll\u00edt\u00e1s megt\u00f6rt\u00e9nte ut\u00e1n \u00e9rt\u00e9keld boltunkat, melyet ez\u00faton is k\u00f6sz\u00f6n\u00fcnk!\n\nB\u00e1rmilyen egyedi \u00f6tlet vagy n\u00e9vresz\u00f3l\u00f3 aj\u00e1nd\u00e9k elk\u00e9sz\u00edt\u00e9s\u00e9vel kapcsoltban keress minket bizalommal. (:","score":11.078467,"formatted_price":"8 500 Ft","image_url":"https:\/\/www.meska.hu\/img\/product\/small\/e\/n\/engraving_product_526655_230122141933_414526.jpeg","formatted_url":"https:\/\/www.meska.hu\/p4892377-nevtabla","favourite":false,"in_stock":false,"avatar":"526655_avatar_1665417359.jpeg","delete_from":0,"is_enhanced_background":false,"is_enhanced":false,"product_selection_started":false,"is_active":true,"image_webp_url":"https:\/\/www.meska.hu\/img\/product\/small\/e\/n\/engraving_product_526655_230122141933_414526.webp"},{"id":"4689383","shop_id":"38741","user_id":"526655","shop_name":"ENGravING","shop_zip":"6725","product_code":"4892387","product_name_old":null,"product_name":"N\u00e9vt\u00e1bla","category_string":"Baba - mama, Gyerek n\u00e9vt\u00e1bla, Babaszoba dekor\u00e1ci\u00f3","technic_string":"Famegmunk\u00e1l\u00e1s, Fest\u00e9szet","category_1":"1497","category_2":"1735","category_3":"1466","category_4":"0","merged_category_1":"0","merged_category_2":"0","merged_category_3":"0","technic_1":"478","technic_2":"480","technic_3":"0","color_1":"521","color_2":"525","color_3":"526","product_description_old":null,"product_description":"Egyedi n\u00e9vt\u00e1bl\u00e1k, ig\u00e9ny szerinti mot\u00edvumokkal \u00e9s n\u00e9vvel, melyet \u00fczenetben tudunk eggyeztetni\nR\u00e9tegelt lemezb\u0151l k\u00e9sz\u00edtett\nK\u00e9zzel festett, v\u00edzb\u00e1zis\u00fa fest\u00e9kkel\nM\u00e9ret 28 cm\nA falra akaszt\u00f3val lehet felhelyezni.\n\nA RENDEL\u00c9S MENETE:\n\n1. Rakd a kos\u00e1rba a kiv\u00e1lasztott term\u00e9ket majd v\u00e1s\u00e1rold meg \u0151ket a Meska fel\u00fclet\u00e9n\n\n2. Ezut\u00e1n megkapjuk egym\u00e1s el\u00e9rhet\u0151s\u00e9g\u00e9t, \u00e9s e-mailben egyeztetj\u00fck a r\u00e9szleteket\n\n3. Egyedi \u00f6tlet, vagy n\u00e9vresz\u00f3l\u00f3 term\u00e9k eset\u00e9n k\u00fcldeni fogok egy l\u00e1tv\u00e1nytervet a v\u00e1s\u00e1rolt term\u00e9kr\u0151l, amit meg tudsz n\u00e9zni. A tervez\u00e9s, illetve a l\u00e1tv\u00e1nyterv k\u00e9sz\u00edt\u00e9se nem j\u00e1r t\u00f6bbletk\u00f6lts\u00e9ggel, azt az \u00e1r tartalmazza.\n\n4. Amikor v\u00e9glegesen elfogadod a terveket, \u00e1tutal\u00e1ssal tudsz majd fizetni.\n\n5. Az \u00f6sszeg be\u00e9rkez\u00e9se ut\u00e1n k\u00e9sz\u00edtj\u00fck \u00e9s k\u00fcldj\u00fck a term\u00e9keidet.\n\n6. A term\u00e9keinket FOXPOST vagy Posta sz\u00e1ll\u00edtja\n\n7. Szeretn\u00e9nk folyamatosan fejl\u0151dni, \u00edgy fontos sz\u00e1munkra v\u00e1s\u00e1rl\u00f3ink v\u00e9lem\u00e9nye. Ez\u00e9rt k\u00e9rj\u00fck, hogy a sz\u00e1ll\u00edt\u00e1s megt\u00f6rt\u00e9nte ut\u00e1n \u00e9rt\u00e9keld boltunkat, melyet ez\u00faton is k\u00f6sz\u00f6n\u00fcnk!\n\nB\u00e1rmilyen egyedi \u00f6tlet vagy n\u00e9vresz\u00f3l\u00f3 aj\u00e1nd\u00e9k elk\u00e9sz\u00edt\u00e9s\u00e9vel kapcsoltban keress minket bizalommal. (:","price":"8500.00","unit":"db","recommended":"0","status":"1","sponsored":"0","exp_notify":"0","own_material":"0","own_material_description_old":null,"own_material_description":"","jury":"0","jury_number":"","product_nature":"","meskaracsony":"0","create_date":"2026-01-06 19:21:55","shelve_id":"0","image":"engraving_product_526655_230122143329_591180.jpeg","image_width":"480","image_height":"549","image_alt":"N\u00e9vt\u00e1bla, Egyedi n\u00e9vt\u00e1bl\u00e1k, ig\u00e9ny szerinti mot\u00edvumokkal \u00e9s n\u00e9vvel, melyet \u00fczenetben tudunk eggyeztetni\\nR\u00e9tegel..., Meska","image_title":"N\u00e9vt\u00e1bla, Meska","view_count":"883","favourite_count":"1","trending_score":"0","last2MonthFavouriteCount":"0","promotion":"0","giftcard_accept":"0","creditcard_accept":false,"enhanced_background":"0","domain":"meska","specific_customer_id":null,"specific_customer_name":null,"to_order_product":"1","to_order_product_time":"15","product_different":null,"product_different_description":"","vintage":"0","vintage_category_id":"0","recycled":"0","gemstone_id":"0","customizable":"1","type_category":"physical","zerowaste":"0","postage_price":"1290.00","shop_order":"0","has_category":"1","landing_pages":null,"microdata":{"number":80,"category":""},"title":"N\u00e9vt\u00e1bla","description":"Egyedi n\u00e9vt\u00e1bl\u00e1k, ig\u00e9ny szerinti mot\u00edvumokkal \u00e9s n\u00e9vvel, melyet \u00fczenetben tudunk eggyeztetni\nR\u00e9tegelt lemezb\u0151l k\u00e9sz\u00edtett\nK\u00e9zzel festett, v\u00edzb\u00e1zis\u00fa fest\u00e9kkel\nM\u00e9ret 28 cm\nA falra akaszt\u00f3val lehet felhelyezni.\n\nA RENDEL\u00c9S MENETE:\n\n1. Rakd a kos\u00e1rba a kiv\u00e1lasztott term\u00e9ket majd v\u00e1s\u00e1rold meg \u0151ket a Meska fel\u00fclet\u00e9n\n\n2. Ezut\u00e1n megkapjuk egym\u00e1s el\u00e9rhet\u0151s\u00e9g\u00e9t, \u00e9s e-mailben egyeztetj\u00fck a r\u00e9szleteket\n\n3. Egyedi \u00f6tlet, vagy n\u00e9vresz\u00f3l\u00f3 term\u00e9k eset\u00e9n k\u00fcldeni fogok egy l\u00e1tv\u00e1nytervet a v\u00e1s\u00e1rolt term\u00e9kr\u0151l, amit meg tudsz n\u00e9zni. A tervez\u00e9s, illetve a l\u00e1tv\u00e1nyterv k\u00e9sz\u00edt\u00e9se nem j\u00e1r t\u00f6bbletk\u00f6lts\u00e9ggel, azt az \u00e1r tartalmazza.\n\n4. Amikor v\u00e9glegesen elfogadod a terveket, \u00e1tutal\u00e1ssal tudsz majd fizetni.\n\n5. Az \u00f6sszeg be\u00e9rkez\u00e9se ut\u00e1n k\u00e9sz\u00edtj\u00fck \u00e9s k\u00fcldj\u00fck a term\u00e9keidet.\n\n6. A term\u00e9keinket FOXPOST vagy Posta sz\u00e1ll\u00edtja\n\n7. Szeretn\u00e9nk folyamatosan fejl\u0151dni, \u00edgy fontos sz\u00e1munkra v\u00e1s\u00e1rl\u00f3ink v\u00e9lem\u00e9nye. Ez\u00e9rt k\u00e9rj\u00fck, hogy a sz\u00e1ll\u00edt\u00e1s megt\u00f6rt\u00e9nte ut\u00e1n \u00e9rt\u00e9keld boltunkat, melyet ez\u00faton is k\u00f6sz\u00f6n\u00fcnk!\n\nB\u00e1rmilyen egyedi \u00f6tlet vagy n\u00e9vresz\u00f3l\u00f3 aj\u00e1nd\u00e9k elk\u00e9sz\u00edt\u00e9s\u00e9vel kapcsoltban keress minket bizalommal. (:","score":11.078467,"formatted_price":"8 500 Ft","image_url":"https:\/\/www.meska.hu\/img\/product\/small\/e\/n\/engraving_product_526655_230122143329_591180.jpeg","formatted_url":"https:\/\/www.meska.hu\/p4892387-nevtabla","favourite":false,"in_stock":false,"avatar":"526655_avatar_1665417359.jpeg","delete_from":0,"is_enhanced_background":false,"is_enhanced":false,"product_selection_started":false,"is_active":true,"image_webp_url":"https:\/\/www.meska.hu\/img\/product\/small\/e\/n\/engraving_product_526655_230122143329_591180.webp"},{"id":"4689435","shop_id":"38741","user_id":"526655","shop_name":"ENGravING","shop_zip":"6725","product_code":"4892426","product_name_old":null,"product_name":"N\u00e9vt\u00e1bla","category_string":"Baba - mama, Gyerek n\u00e9vt\u00e1bla, Babaszoba dekor\u00e1ci\u00f3","technic_string":"Famegmunk\u00e1l\u00e1s, Fest\u00e9szet","category_1":"1497","category_2":"1735","category_3":"1466","category_4":"0","merged_category_1":"0","merged_category_2":"0","merged_category_3":"0","technic_1":"478","technic_2":"480","technic_3":"0","color_1":"514","color_2":"519","color_3":"534","product_description_old":null,"product_description":"Egyedi hegyvid\u00e9kes n\u00e9vt\u00e1bl\u00e1k, ig\u00e9ny szerinti mot\u00edvumokkal \u00e9s n\u00e9vvel, melyet \u00fczenetben tudunk eggyeztetni\nFa r\u00e9tegelt lemezb\u0151l k\u00e9sz\u00edtett\nK\u00e9zzel festett, v\u00edzb\u00e1zis\u00fa fest\u00e9kkel\nM\u00e9ret 28 cm\nA falra akaszt\u00f3val lehet felhelyezni.\n\nA RENDEL\u00c9S MENETE:\n\n1. Rakd a kos\u00e1rba a kiv\u00e1lasztott term\u00e9ket majd v\u00e1s\u00e1rold meg \u0151ket a Meska fel\u00fclet\u00e9n\n\n2. Ezut\u00e1n megkapjuk egym\u00e1s el\u00e9rhet\u0151s\u00e9g\u00e9t, \u00e9s e-mailben egyeztetj\u00fck a r\u00e9szleteket\n\n3. Egyedi \u00f6tlet, vagy n\u00e9vresz\u00f3l\u00f3 term\u00e9k eset\u00e9n k\u00fcldeni fogok egy l\u00e1tv\u00e1nytervet a v\u00e1s\u00e1rolt term\u00e9kr\u0151l, amit meg tudsz n\u00e9zni. A tervez\u00e9s, illetve a l\u00e1tv\u00e1nyterv k\u00e9sz\u00edt\u00e9se nem j\u00e1r t\u00f6bbletk\u00f6lts\u00e9ggel, azt az \u00e1r tartalmazza.\n\n4. Amikor v\u00e9glegesen elfogadod a terveket, \u00e1tutal\u00e1ssal tudsz majd fizetni.\n\n5. Az \u00f6sszeg be\u00e9rkez\u00e9se ut\u00e1n k\u00e9sz\u00edtj\u00fck \u00e9s k\u00fcldj\u00fck a term\u00e9keidet.\n\n6. A term\u00e9keinket FOXPOST vagy Posta sz\u00e1ll\u00edtja\n\n7. Szeretn\u00e9nk folyamatosan fejl\u0151dni, \u00edgy fontos sz\u00e1munkra v\u00e1s\u00e1rl\u00f3ink v\u00e9lem\u00e9nye. Ez\u00e9rt k\u00e9rj\u00fck, hogy a sz\u00e1ll\u00edt\u00e1s megt\u00f6rt\u00e9nte ut\u00e1n \u00e9rt\u00e9keld boltunkat, melyet ez\u00faton is k\u00f6sz\u00f6n\u00fcnk!\n\nB\u00e1rmilyen egyedi \u00f6tlet vagy n\u00e9vresz\u00f3l\u00f3 aj\u00e1nd\u00e9k elk\u00e9sz\u00edt\u00e9s\u00e9vel kapcsoltban keress minket bizalommal. (:\nK\u00e9rd\u00e9sem van a term\u00e9kr\u0151l","price":"8500.00","unit":"db","recommended":"0","status":"1","sponsored":"0","exp_notify":"0","own_material":"0","own_material_description_old":null,"own_material_description":"","jury":"0","jury_number":"","product_nature":"","meskaracsony":"0","create_date":"2026-01-20 11:48:33","shelve_id":"0","image":"engraving_product_526655_230122151152_14953.jpeg","image_width":"480","image_height":"550","image_alt":"N\u00e9vt\u00e1bla, Egyedi hegyvid\u00e9kes n\u00e9vt\u00e1bl\u00e1k, ig\u00e9ny szerinti mot\u00edvumokkal \u00e9s n\u00e9vvel, melyet \u00fczenetben tudunk eggyezt..., Meska","image_title":"N\u00e9vt\u00e1bla, Meska","view_count":"1559","favourite_count":"0","trending_score":"0","last2MonthFavouriteCount":"0","promotion":"0","giftcard_accept":"0","creditcard_accept":false,"enhanced_background":"0","domain":"meska","specific_customer_id":null,"specific_customer_name":null,"to_order_product":"1","to_order_product_time":"10","product_different":null,"product_different_description":"","vintage":"0","vintage_category_id":"0","recycled":"0","gemstone_id":"0","customizable":"1","type_category":"physical","zerowaste":"0","postage_price":"1290.00","shop_order":"0","has_category":"1","landing_pages":null,"microdata":{"number":81,"category":""},"title":"N\u00e9vt\u00e1bla","description":"Egyedi hegyvid\u00e9kes n\u00e9vt\u00e1bl\u00e1k, ig\u00e9ny szerinti mot\u00edvumokkal \u00e9s n\u00e9vvel, melyet \u00fczenetben tudunk eggyeztetni\nFa r\u00e9tegelt lemezb\u0151l k\u00e9sz\u00edtett\nK\u00e9zzel festett, v\u00edzb\u00e1zis\u00fa fest\u00e9kkel\nM\u00e9ret 28 cm\nA falra akaszt\u00f3val lehet felhelyezni.\n\nA RENDEL\u00c9S MENETE:\n\n1. Rakd a kos\u00e1rba a kiv\u00e1lasztott term\u00e9ket majd v\u00e1s\u00e1rold meg \u0151ket a Meska fel\u00fclet\u00e9n\n\n2. Ezut\u00e1n megkapjuk egym\u00e1s el\u00e9rhet\u0151s\u00e9g\u00e9t, \u00e9s e-mailben egyeztetj\u00fck a r\u00e9szleteket\n\n3. Egyedi \u00f6tlet, vagy n\u00e9vresz\u00f3l\u00f3 term\u00e9k eset\u00e9n k\u00fcldeni fogok egy l\u00e1tv\u00e1nytervet a v\u00e1s\u00e1rolt term\u00e9kr\u0151l, amit meg tudsz n\u00e9zni. A tervez\u00e9s, illetve a l\u00e1tv\u00e1nyterv k\u00e9sz\u00edt\u00e9se nem j\u00e1r t\u00f6bbletk\u00f6lts\u00e9ggel, azt az \u00e1r tartalmazza.\n\n4. Amikor v\u00e9glegesen elfogadod a terveket, \u00e1tutal\u00e1ssal tudsz majd fizetni.\n\n5. Az \u00f6sszeg be\u00e9rkez\u00e9se ut\u00e1n k\u00e9sz\u00edtj\u00fck \u00e9s k\u00fcldj\u00fck a term\u00e9keidet.\n\n6. A term\u00e9keinket FOXPOST vagy Posta sz\u00e1ll\u00edtja\n\n7. Szeretn\u00e9nk folyamatosan fejl\u0151dni, \u00edgy fontos sz\u00e1munkra v\u00e1s\u00e1rl\u00f3ink v\u00e9lem\u00e9nye. Ez\u00e9rt k\u00e9rj\u00fck, hogy a sz\u00e1ll\u00edt\u00e1s megt\u00f6rt\u00e9nte ut\u00e1n \u00e9rt\u00e9keld boltunkat, melyet ez\u00faton is k\u00f6sz\u00f6n\u00fcnk!\n\nB\u00e1rmilyen egyedi \u00f6tlet vagy n\u00e9vresz\u00f3l\u00f3 aj\u00e1nd\u00e9k elk\u00e9sz\u00edt\u00e9s\u00e9vel kapcsoltban keress minket bizalommal. (:\nK\u00e9rd\u00e9sem van a term\u00e9kr\u0151l","score":11.078467,"formatted_price":"8 500 Ft","image_url":"https:\/\/www.meska.hu\/img\/product\/small\/e\/n\/engraving_product_526655_230122151152_14953.jpeg","formatted_url":"https:\/\/www.meska.hu\/p4892426-nevtabla","favourite":false,"in_stock":false,"avatar":"526655_avatar_1665417359.jpeg","delete_from":0,"is_enhanced_background":false,"is_enhanced":false,"product_selection_started":false,"is_active":true,"image_webp_url":"https:\/\/www.meska.hu\/img\/product\/small\/e\/n\/engraving_product_526655_230122151152_14953.webp"},{"id":"4690827","shop_id":"38741","user_id":"526655","shop_name":"ENGravING","shop_zip":"6725","product_code":"4893338","product_name_old":null,"product_name":"Balett n\u00e9vt\u00e1bla ","category_string":"Baba - mama, Gyerek n\u00e9vt\u00e1bla, Babaszoba dekor\u00e1ci\u00f3","technic_string":"Famegmunk\u00e1l\u00e1s, Festett t\u00e1rgyak","category_1":"1497","category_2":"1735","category_3":"1466","category_4":"0","merged_category_1":"0","merged_category_2":"0","merged_category_3":"0","technic_1":"478","technic_2":"481","technic_3":"0","color_1":"517","color_2":"522","color_3":"525","product_description_old":null,"product_description":"Egyedi balett t\u00e1ncos mot\u00edvummal ell\u00e1tott n\u00e9vt\u00e1bla, ig\u00e9ny szerinti mot\u00edvumokkal \u00e9s n\u00e9vvel, melyet \u00fczenetben tudunk eggyeztetni\nFa r\u00e9tegelt lemezb\u0151l k\u00e9sz\u00edtett\nK\u00e9zzel festett, v\u00edzb\u00e1zis\u00fa fest\u00e9kkel\nM\u00e9ret 28 cm\nA falra akaszt\u00f3val lehet felhelyezni.\n\nA RENDEL\u00c9S MENETE:\n\n1. Rakd a kos\u00e1rba a kiv\u00e1lasztott term\u00e9ket majd v\u00e1s\u00e1rold meg \u0151ket a Meska fel\u00fclet\u00e9n\n\n2. Ezut\u00e1n megkapjuk egym\u00e1s el\u00e9rhet\u0151s\u00e9g\u00e9t, \u00e9s e-mailben egyeztetj\u00fck a r\u00e9szleteket\n\n3. Egyedi \u00f6tlet, vagy n\u00e9vresz\u00f3l\u00f3 term\u00e9k eset\u00e9n k\u00fcldeni fogok egy l\u00e1tv\u00e1nytervet a v\u00e1s\u00e1rolt term\u00e9kr\u0151l, amit meg tudsz n\u00e9zni. A tervez\u00e9s, illetve a l\u00e1tv\u00e1nyterv k\u00e9sz\u00edt\u00e9se nem j\u00e1r t\u00f6bbletk\u00f6lts\u00e9ggel, azt az \u00e1r tartalmazza.\n\n4. Amikor v\u00e9glegesen elfogadod a terveket, \u00e1tutal\u00e1ssal tudsz majd fizetni.\n\n5. Az \u00f6sszeg be\u00e9rkez\u00e9se ut\u00e1n k\u00e9sz\u00edtj\u00fck \u00e9s k\u00fcldj\u00fck a term\u00e9keidet.\n\n6. A term\u00e9keinket FOXPOST vagy Posta sz\u00e1ll\u00edtja\n\n7. Szeretn\u00e9nk folyamatosan fejl\u0151dni, \u00edgy fontos sz\u00e1munkra v\u00e1s\u00e1rl\u00f3ink v\u00e9lem\u00e9nye. Ez\u00e9rt k\u00e9rj\u00fck, hogy a sz\u00e1ll\u00edt\u00e1s megt\u00f6rt\u00e9nte ut\u00e1n \u00e9rt\u00e9keld boltunkat, melyet ez\u00faton is k\u00f6sz\u00f6n\u00fcnk!\n\nB\u00e1rmilyen egyedi \u00f6tlet vagy n\u00e9vresz\u00f3l\u00f3 aj\u00e1nd\u00e9k elk\u00e9sz\u00edt\u00e9s\u00e9vel kapcsoltban keress minket bizalommal. (:\nK\u00e9rd\u00e9sem van a term\u00e9kr\u0151l","price":"8500.00","unit":"db","recommended":"0","status":"1","sponsored":"0","exp_notify":"0","own_material":"0","own_material_description_old":null,"own_material_description":"","jury":"0","jury_number":"","product_nature":"","meskaracsony":"0","create_date":"2026-01-07 22:26:10","shelve_id":"0","image":"engraving_product_526655_230123173757_962649.jpeg","image_width":"480","image_height":"853","image_alt":"Balett n\u00e9vt\u00e1bla , Egyedi balett t\u00e1ncos mot\u00edvummal ell\u00e1tott n\u00e9vt\u00e1bla, ig\u00e9ny szerinti mot\u00edvumokkal \u00e9s n\u00e9vvel, melyet \u00fcze..., Meska","image_title":"Balett n\u00e9vt\u00e1bla , Meska","view_count":"835","favourite_count":"0","trending_score":"0","last2MonthFavouriteCount":"0","promotion":"0","giftcard_accept":"0","creditcard_accept":false,"enhanced_background":"0","domain":"meska","specific_customer_id":null,"specific_customer_name":null,"to_order_product":"1","to_order_product_time":"15","product_different":null,"product_different_description":"","vintage":"0","vintage_category_id":"0","recycled":"0","gemstone_id":"0","customizable":"1","type_category":"physical","zerowaste":"0","postage_price":"1290.00","shop_order":"0","has_category":"1","landing_pages":null,"microdata":{"number":82,"category":""},"title":"Balett n\u00e9vt\u00e1bla ","description":"Egyedi balett t\u00e1ncos mot\u00edvummal ell\u00e1tott n\u00e9vt\u00e1bla, ig\u00e9ny szerinti mot\u00edvumokkal \u00e9s n\u00e9vvel, melyet \u00fczenetben tudunk eggyeztetni\nFa r\u00e9tegelt lemezb\u0151l k\u00e9sz\u00edtett\nK\u00e9zzel festett, v\u00edzb\u00e1zis\u00fa fest\u00e9kkel\nM\u00e9ret 28 cm\nA falra akaszt\u00f3val lehet felhelyezni.\n\nA RENDEL\u00c9S MENETE:\n\n1. Rakd a kos\u00e1rba a kiv\u00e1lasztott term\u00e9ket majd v\u00e1s\u00e1rold meg \u0151ket a Meska fel\u00fclet\u00e9n\n\n2. Ezut\u00e1n megkapjuk egym\u00e1s el\u00e9rhet\u0151s\u00e9g\u00e9t, \u00e9s e-mailben egyeztetj\u00fck a r\u00e9szleteket\n\n3. Egyedi \u00f6tlet, vagy n\u00e9vresz\u00f3l\u00f3 term\u00e9k eset\u00e9n k\u00fcldeni fogok egy l\u00e1tv\u00e1nytervet a v\u00e1s\u00e1rolt term\u00e9kr\u0151l, amit meg tudsz n\u00e9zni. A tervez\u00e9s, illetve a l\u00e1tv\u00e1nyterv k\u00e9sz\u00edt\u00e9se nem j\u00e1r t\u00f6bbletk\u00f6lts\u00e9ggel, azt az \u00e1r tartalmazza.\n\n4. Amikor v\u00e9glegesen elfogadod a terveket, \u00e1tutal\u00e1ssal tudsz majd fizetni.\n\n5. Az \u00f6sszeg be\u00e9rkez\u00e9se ut\u00e1n k\u00e9sz\u00edtj\u00fck \u00e9s k\u00fcldj\u00fck a term\u00e9keidet.\n\n6. A term\u00e9keinket FOXPOST vagy Posta sz\u00e1ll\u00edtja\n\n7. Szeretn\u00e9nk folyamatosan fejl\u0151dni, \u00edgy fontos sz\u00e1munkra v\u00e1s\u00e1rl\u00f3ink v\u00e9lem\u00e9nye. Ez\u00e9rt k\u00e9rj\u00fck, hogy a sz\u00e1ll\u00edt\u00e1s megt\u00f6rt\u00e9nte ut\u00e1n \u00e9rt\u00e9keld boltunkat, melyet ez\u00faton is k\u00f6sz\u00f6n\u00fcnk!\n\nB\u00e1rmilyen egyedi \u00f6tlet vagy n\u00e9vresz\u00f3l\u00f3 aj\u00e1nd\u00e9k elk\u00e9sz\u00edt\u00e9s\u00e9vel kapcsoltban keress minket bizalommal. (:\nK\u00e9rd\u00e9sem van a term\u00e9kr\u0151l","score":11.078467,"formatted_price":"8 500 Ft","image_url":"https:\/\/www.meska.hu\/img\/product\/small\/e\/n\/engraving_product_526655_230123173757_962649.jpeg","formatted_url":"https:\/\/www.meska.hu\/p4893338-balett-nevtabla","favourite":false,"in_stock":false,"avatar":"526655_avatar_1665417359.jpeg","delete_from":0,"is_enhanced_background":false,"is_enhanced":false,"product_selection_started":false,"is_active":true,"image_webp_url":"https:\/\/www.meska.hu\/img\/product\/small\/e\/n\/engraving_product_526655_230123173757_962649.webp"},{"id":"4854182","shop_id":"40422","user_id":"558886","shop_name":"Ladekor","shop_zip":"3793","product_code":"4991100","product_name_old":null,"product_name":"Baba n\u00e9vt\u00e1bla ","category_string":"Baba - mama, Gyerek n\u00e9vt\u00e1bla, Babaszoba dekor\u00e1ci\u00f3","technic_string":"","category_1":"1497","category_2":"1466","category_3":"1735","category_4":"0","merged_category_1":null,"merged_category_2":null,"merged_category_3":null,"technic_1":"0","technic_2":"0","technic_3":"0","color_1":"514","color_2":"0","color_3":"0","product_description_old":null,"product_description":"Szeretettel aj\u00e1nlom mindenki figyelm\u00e9be ezt a baba n\u00e9vt\u00e1bl\u00e1t, amely tartalmazza a baba sz\u00fclet\u00e9si adatait. Megrendel\u00e9s ut\u00e1n k\u00e9rem jelezni, a sz\u00fclet\u00e9si adatokat.\nR\u00e9tegelt lemezb\u0151l k\u00e9sz\u00fcl, 20 cm \u00e1tm\u00e9r\u0151j\u0171, 2 r\u00e9teg\u0171, festett.\nAz \u00e1r tartalmazza a tart\u00f3t is.","price":"5500.00","unit":"db","recommended":"0","status":"1","sponsored":"0","exp_notify":"0","own_material":"0","own_material_description_old":null,"own_material_description":"","jury":"0","jury_number":"","product_nature":"","meskaracsony":"0","create_date":"2026-01-01 10:32:10","shelve_id":"0","image":"ladekor_product_558886_230531124635_654928.jpeg","image_width":"480","image_height":"360","image_alt":"Baba n\u00e9vt\u00e1bla , Szeretettel aj\u00e1nlom mindenki figyelm\u00e9be ezt a baba n\u00e9vt\u00e1bl\u00e1t, amely tartalmazza a baba sz\u00fclet\u00e9si ada..., Meska","image_title":"Baba n\u00e9vt\u00e1bla , Meska","view_count":"114","favourite_count":"0","trending_score":"0","last2MonthFavouriteCount":"0","promotion":"0","giftcard_accept":"0","creditcard_accept":false,"enhanced_background":"0","domain":"meska","specific_customer_id":null,"specific_customer_name":null,"to_order_product":"1","to_order_product_time":"7","product_different":null,"product_different_description":"","vintage":"0","vintage_category_id":"0","recycled":"0","gemstone_id":"0","customizable":"0","type_category":"physical","zerowaste":"0","postage_price":"1290.00","shop_order":"0","has_category":"1","landing_pages":null,"microdata":{"number":83,"category":""},"title":"Baba n\u00e9vt\u00e1bla ","description":"Szeretettel aj\u00e1nlom mindenki figyelm\u00e9be ezt a baba n\u00e9vt\u00e1bl\u00e1t, amely tartalmazza a baba sz\u00fclet\u00e9si adatait. Megrendel\u00e9s ut\u00e1n k\u00e9rem jelezni, a sz\u00fclet\u00e9si adatokat.\nR\u00e9tegelt lemezb\u0151l k\u00e9sz\u00fcl, 20 cm \u00e1tm\u00e9r\u0151j\u0171, 2 r\u00e9teg\u0171, festett.\nAz \u00e1r tartalmazza a tart\u00f3t is.","score":11.078467,"formatted_price":"5 500 Ft","image_url":"https:\/\/www.meska.hu\/img\/product\/small\/l\/a\/ladekor_product_558886_230531124635_654928.jpeg","formatted_url":"https:\/\/www.meska.hu\/p4991100-baba-nevtabla","favourite":false,"in_stock":false,"avatar":"558886_avatar_1767261037.jpeg","delete_from":0,"is_enhanced_background":false,"is_enhanced":false,"product_selection_started":false,"is_active":true,"image_webp_url":"https:\/\/www.meska.hu\/img\/product\/small\/l\/a\/ladekor_product_558886_230531124635_654928.webp"},{"id":"3421878","shop_id":"8514","user_id":"40710","shop_name":"ntakeramia","shop_zip":"8200","product_code":"4545775","product_name_old":null,"product_name":"Ny\u00e1r pipacs \u00e9s napraforg\u00f3 egyedi ker\u00e1mia utca n\u00e9vt\u00e1bla","category_string":"Otthon & \u00c9letm\u00f3d, H\u00e1z & Kert, H\u00e1zsz\u00e1m","technic_string":"Ker\u00e1mia","category_1":"813","category_2":"897","category_3":"431","category_4":"0","merged_category_1":null,"merged_category_2":null,"merged_category_3":null,"technic_1":"489","technic_2":"0","technic_3":"0","color_1":"514","color_2":"515","color_3":"529","product_description_old":null,"product_description":"Egyedi st\u00edlusos utca \u00e9s h\u00e1zsz\u00e1mt\u00e1bla.\nMindenhol j\u00f3 de legjobb OTTHON!\nEgy hossz\u00fa f\u00e1raszt\u00f3 nap ut\u00e1n mindenki \u00f6r\u00fcl ha v\u00e9gre bel\u00e9phet otthon\u00e1ba,\u00e9s ki ne \u00f6r\u00fclne ha egy ilyen kedves t\u00e1bla fogadn\u00e1!\n\nFeh\u00e9r agyagb\u00f3l k\u00e9sz\u00fclt, m\u00e1zalatti fest\u00e9kkel, sz\u00edntelen, vagy sz\u00ednes m\u00e1zzal, magas t\u0171z\u0151n, k\u00e9tszer \u00e9getve.\nK\u00edv\u00e1ns\u00e1g szerinti felirattal , \u00e9s mot\u00edvummal k\u00e9sz\u00edtek kidomborodott, festett, vagy csak festet, m\u00e1zas, utcan\u00e9v t\u00e1bl\u00e1t.\nSaj\u00e1t egyedi tervez\u00e9s a ker\u00e1mia \u00e9s saj\u00e1t egyedi tervez\u00e9s \u00e9s k\u00e9zi fest\u00e9s a minta.\nM\u00e9ret\nKb. 33 X 25 cm\nKb.1,8 kg\n-------------------------------------------------------------------------\nAz \u00e1r a megnevezett term\u00e9kre vonatkozik.\nHa ELT\u00c9R\u0150 darabsz\u00e1mot szeretn\u00e9l vagy EGYEDI mint\u00e1t v\u00e9tel\u00e1r is v\u00e1ltozik.....ez\u00e9rt k\u00e9rlek bels\u0151 \u00fczenetben jelezz m\u00e9g a rendel\u00e9s el\u0151tt.\nMinden ker\u00e1mi\u00e1m egyedi, k\u00e9zzel k\u00e9sz\u00fclt ...k\u00e9zzel festett ,nem t\u00f6megcikk. Sz\u00edne, mint\u00e1ja, form\u00e1ja, elt\u00e9rhet a k\u00e9pen l\u00e1that\u00f3t\u00f3l. A fot\u00f3 csup\u00e1n illusztr\u00e1ci\u00f3, nem azt kapod, minden rendel\u00e9st egy\u00e9nileg k\u00e9sz\u00edtek el. Term\u00e9szetesen t\u00f6rekszem, csal\u00f3d\u00e1s ne okozzon az \u00e1ltalad kapott ker\u00e1mia :)\nK\u00e9rlek csak akkor rendelj ha szereted \u00e9s elfogadod az egyedis\u00e9gem.\nEz\u00e9rt, miel\u0151tt itt v\u00e1s\u00e1roln\u00e1l t\u0151lem, egyeztess\u00fck az ig\u00e9nyeidet, mert a v\u00e1s\u00e1rl\u00e1s visszaford\u00edt\u00e1sa kedvez\u0151tlen \u00e9rt\u00e9kel\u00e9s k\u00eds\u00e9ret\u00e9ben lehets\u00e9ges!\n-------------------------------------------------------------","price":"17500.00","unit":"db","recommended":"0","status":"1","sponsored":"0","exp_notify":"0","own_material":"0","own_material_description_old":null,"own_material_description":"","jury":"0","jury_number":"","product_nature":"","meskaracsony":"0","create_date":"2025-12-30 16:35:04","shelve_id":"19622","image":"ntakeramia_product_40710_220318071024_738775.jpeg","image_width":"480","image_height":"548","image_alt":"Ny\u00e1r pipacs \u00e9s napraforg\u00f3 egyedi ker\u00e1mia utca n\u00e9vt\u00e1bla, Egyedi st\u00edlusos utca \u00e9s h\u00e1zsz\u00e1mt\u00e1bla.\\nMindenhol j\u00f3 de legjobb OTTHON!\\nEgy hossz\u00fa f\u00e1raszt\u00f3 nap ut\u00e1n m..., Meska","image_title":"Ny\u00e1r pipacs \u00e9s napraforg\u00f3 egyedi ker\u00e1mia utca n\u00e9vt\u00e1bla, Meska","view_count":"2838","favourite_count":"0","trending_score":"0","last2MonthFavouriteCount":"0","promotion":"0","giftcard_accept":"0","creditcard_accept":false,"enhanced_background":"0","domain":"meska","specific_customer_id":null,"specific_customer_name":null,"to_order_product":"1","to_order_product_time":"15","product_different":"quite_different","product_different_description":"Egyedi ker\u00e1mia","vintage":"0","vintage_category_id":"0","recycled":"0","gemstone_id":"0","customizable":"0","type_category":"physical","zerowaste":"0","postage_price":"1990.00","shop_order":"171","has_category":"1","landing_pages":null,"microdata":{"number":84,"category":""},"title":"Ny\u00e1r pipacs \u00e9s napraforg\u00f3 egyedi ker\u00e1mia utca n\u00e9vt\u00e1bla","description":"Egyedi st\u00edlusos utca \u00e9s h\u00e1zsz\u00e1mt\u00e1bla.\nMindenhol j\u00f3 de legjobb OTTHON!\nEgy hossz\u00fa f\u00e1raszt\u00f3 nap ut\u00e1n mindenki \u00f6r\u00fcl ha v\u00e9gre bel\u00e9phet otthon\u00e1ba,\u00e9s ki ne \u00f6r\u00fclne ha egy ilyen kedves t\u00e1bla fogadn\u00e1!\n\nFeh\u00e9r agyagb\u00f3l k\u00e9sz\u00fclt, m\u00e1zalatti fest\u00e9kkel, sz\u00edntelen, vagy sz\u00ednes m\u00e1zzal, magas t\u0171z\u0151n, k\u00e9tszer \u00e9getve.\nK\u00edv\u00e1ns\u00e1g szerinti felirattal , \u00e9s mot\u00edvummal k\u00e9sz\u00edtek kidomborodott, festett, vagy csak festet, m\u00e1zas, utcan\u00e9v t\u00e1bl\u00e1t.\nSaj\u00e1t egyedi tervez\u00e9s a ker\u00e1mia \u00e9s saj\u00e1t egyedi tervez\u00e9s \u00e9s k\u00e9zi fest\u00e9s a minta.\nM\u00e9ret\nKb. 33 X 25 cm\nKb.1,8 kg\n-------------------------------------------------------------------------\nAz \u00e1r a megnevezett term\u00e9kre vonatkozik.\nHa ELT\u00c9R\u0150 darabsz\u00e1mot szeretn\u00e9l vagy EGYEDI mint\u00e1t v\u00e9tel\u00e1r is v\u00e1ltozik.....ez\u00e9rt k\u00e9rlek bels\u0151 \u00fczenetben jelezz m\u00e9g a rendel\u00e9s el\u0151tt.\nMinden ker\u00e1mi\u00e1m egyedi, k\u00e9zzel k\u00e9sz\u00fclt ...k\u00e9zzel festett ,nem t\u00f6megcikk. Sz\u00edne, mint\u00e1ja, form\u00e1ja, elt\u00e9rhet a k\u00e9pen l\u00e1that\u00f3t\u00f3l. A fot\u00f3 csup\u00e1n illusztr\u00e1ci\u00f3, nem azt kapod, minden rendel\u00e9st egy\u00e9nileg k\u00e9sz\u00edtek el. Term\u00e9szetesen t\u00f6rekszem, csal\u00f3d\u00e1s ne okozzon az \u00e1ltalad kapott ker\u00e1mia :)\nK\u00e9rlek csak akkor rendelj ha szereted \u00e9s elfogadod az egyedis\u00e9gem.\nEz\u00e9rt, miel\u0151tt itt v\u00e1s\u00e1roln\u00e1l t\u0151lem, egyeztess\u00fck az ig\u00e9nyeidet, mert a v\u00e1s\u00e1rl\u00e1s visszaford\u00edt\u00e1sa kedvez\u0151tlen \u00e9rt\u00e9kel\u00e9s k\u00eds\u00e9ret\u00e9ben lehets\u00e9ges!\n-------------------------------------------------------------","score":11.078467,"formatted_price":"17 500 Ft","image_url":"https:\/\/www.meska.hu\/img\/product\/small\/n\/t\/ntakeramia_product_40710_220318071024_738775.jpeg","formatted_url":"https:\/\/www.meska.hu\/p4545775-nyar-pipacs-es-napraforgo-egyedi-keramia-utca-nevtabla","favourite":false,"in_stock":false,"avatar":"ntakeramia_avatar_40710_1569066083.JPG","delete_from":0,"is_enhanced_background":false,"is_enhanced":false,"product_selection_started":false,"is_active":true,"image_webp_url":"https:\/\/www.meska.hu\/img\/product\/small\/n\/t\/ntakeramia_product_40710_220318071024_738775.webp"},{"id":"5813053","shop_id":"45615","user_id":"639679","shop_name":"KataArtAndDecor","shop_zip":"9400","product_code":"5565388","product_name_old":null,"product_name":"K\u00e9zzel festett egyedi n\u00e9vt\u00e1bla \u2013 \u00fajrahasznos\u00edtott lamin\u00e1lt parkett\u00e1b\u00f3l vir\u00e1gokkal","category_string":"Baba - mama, Gyerek n\u00e9vt\u00e1bla, Babaszoba dekor\u00e1ci\u00f3","technic_string":"Fest\u00e9szet, Festett t\u00e1rgyak","category_1":"1497","category_2":"1735","category_3":"1466","category_4":"0","merged_category_1":null,"merged_category_2":null,"merged_category_3":null,"technic_1":"480","technic_2":"481","technic_3":"0","color_1":"534","color_2":"0","color_3":"0","product_description_old":null,"product_description":"Ha k\u00fcl\u00f6nleges \u00e9s fenntarthat\u00f3 dekor\u00e1ci\u00f3t keresel, ez a k\u00e9zzel festett n\u00e9vt\u00e1bla t\u00f6k\u00e9letes v\u00e1laszt\u00e1s! Az alapja \u00fajrahasznos\u00edtott lamin\u00e1lt parketta, amely nemcsak k\u00f6rnyezetbar\u00e1t megold\u00e1s, hanem id\u0151t\u00e1ll\u00f3 \u00e9s strapab\u00edr\u00f3 is.\n\nA k\u00f6r alak\u00fa n\u00e9vt\u00e1bla b\u00e1jos, vid\u00e1m mot\u00edvumokkal van d\u00edsz\u00edtve: sz\u00ednes vir\u00e1gok, pillang\u00f3 \u00e9s romantikus felh\u0151k \u00f6lelik k\u00f6rbe a nevet. A gondosan megfestett r\u00e9szleteknek k\u00f6sz\u00f6nhet\u0151en minden darab teljesen egyedi \u00e9s megism\u00e9telhetetlen k\u00e9zm\u0171ves alkot\u00e1s.\n\nGyerekszoba ajt\u00f3d\u00edsz\/dekor\u00e1ci\u00f3\n\nAj\u00e1nd\u00e9k n\u00e9vnapra, sz\u00fclinapra, babav\u00e1r\u00f3ra.\n\nFenntarthat\u00f3 lak\u00e1sdekor\u00e1ci\u00f3\n\nHa szeretn\u00e9l egyedi, k\u00e9zzel k\u00e9sz\u00fclt dekor\u00e1ci\u00f3t, amely nemcsak sz\u00e9p, hanem k\u00f6rnyezettudatos is, rendeld meg most a saj\u00e1t n\u00e9vt\u00e1bl\u00e1dat!\n\nMinden darab a k\u00e9zzel festett mot\u00edvum sz\u00edneivel harmoniz\u00e1l\u00f3 k\u00f6rszalagot, akaszt\u00f3t kap.\n\n\u00c1tm\u00e9r\u0151je: 19 cm\n\nK\u00e9rlek rendel\u00e9s el\u0151tt egyeztess velem, hogy milyen \u00fajrahasznos\u00edtott lamin\u00e1lt parketta van k\u00e9szleten.\n\nA MEGRENDEL\u00c9S MENETE:\n\n1. Rakd a term\u00e9ket a kos\u00e1rba, majd v\u00e1s\u00e1rold meg a Meska fel\u00fclet\u00e9n.\n\n2. Boltomban bankk\u00e1rty\u00e1val \u00e9s \u00e1tutal\u00e1ssal is tudsz fizetni.\n\n3. A term\u00e8k elk\u00e9dz\u00edt\u00e9s\u00e9t az \u00f6sszeg be\u00e9rkez\u00e9sekor kezdem k\u00e9sz\u00edteni, k\u00f6zben folyamatosan t\u00e1j\u00e9koztatlak \u00e9ppen hol tartok az elk\u00e9sz\u00edt\u00e9sben. \n\n4. Az elk\u00e9sz\u00fclt term\u00e9ket Foxpost vagy Posta sz\u00e1ll\u00edtja ki a term\u00e9ket.\n\n5. Szeretn\u00e9k folyamatosan fejl\u0151dni, ez\u00e9rt v\u00e9lem\u00e9nyed nagyon fontos sz\u00e1momra. Ez\u00e9rt k\u00e9rlek a term\u00e9k meg\u00e9rkez\u00e9se ut\u00e1n \u00e9rt\u00e9keld munk\u00e1mat.  H\u00e1l\u00e1san k\u00f6sz\u00f6n\u00f6m.","price":"5500.00","unit":"db","recommended":"0","status":"1","sponsored":"0","exp_notify":"0","own_material":"0","own_material_description_old":null,"own_material_description":"","jury":"0","jury_number":"","product_nature":"","meskaracsony":"0","create_date":"2026-01-22 20:05:18","shelve_id":"0","image":"kataartanddecor_product_639679_250925185848_366979.png","image_width":"480","image_height":"720","image_alt":"K\u00e9zzel festett egyedi n\u00e9vt\u00e1bla \u2013 \u00fajrahasznos\u00edtott lamin\u00e1lt parkett\u00e1b\u00f3l vir\u00e1gokkal, Ha k\u00fcl\u00f6nleges \u00e9s fenntarthat\u00f3 dekor\u00e1ci\u00f3t keresel, ez a k\u00e9zzel festett n\u00e9vt\u00e1bla t\u00f6k\u00e9letes v\u00e1laszt\u00e1s! ..., Meska","image_title":"K\u00e9zzel festett egyedi n\u00e9vt\u00e1bla \u2013 \u00fajrahasznos\u00edtott lamin\u00e1lt parkett\u00e1b\u00f3l vir\u00e1gokkal, Meska","view_count":"219","favourite_count":"0","trending_score":"0","last2MonthFavouriteCount":"0","promotion":"0","giftcard_accept":"0","creditcard_accept":true,"enhanced_background":"0","domain":"meska","specific_customer_id":null,"specific_customer_name":null,"to_order_product":"1","to_order_product_time":"15","product_different":null,"product_different_description":"","vintage":"0","vintage_category_id":"0","recycled":"1","gemstone_id":"0","customizable":"1","type_category":"physical","zerowaste":"1","postage_price":"2390.00","shop_order":"0","has_category":"1","landing_pages":null,"microdata":{"number":85,"category":""},"title":"K\u00e9zzel festett egyedi n\u00e9vt\u00e1bla \u2013 \u00fajrahasznos\u00edtott lamin\u00e1lt parkett\u00e1b\u00f3l vir\u00e1gokkal","description":"Ha k\u00fcl\u00f6nleges \u00e9s fenntarthat\u00f3 dekor\u00e1ci\u00f3t keresel, ez a k\u00e9zzel festett n\u00e9vt\u00e1bla t\u00f6k\u00e9letes v\u00e1laszt\u00e1s! Az alapja \u00fajrahasznos\u00edtott lamin\u00e1lt parketta, amely nemcsak k\u00f6rnyezetbar\u00e1t megold\u00e1s, hanem id\u0151t\u00e1ll\u00f3 \u00e9s strapab\u00edr\u00f3 is.\n\nA k\u00f6r alak\u00fa n\u00e9vt\u00e1bla b\u00e1jos, vid\u00e1m mot\u00edvumokkal van d\u00edsz\u00edtve: sz\u00ednes vir\u00e1gok, pillang\u00f3 \u00e9s romantikus felh\u0151k \u00f6lelik k\u00f6rbe a nevet. A gondosan megfestett r\u00e9szleteknek k\u00f6sz\u00f6nhet\u0151en minden darab teljesen egyedi \u00e9s megism\u00e9telhetetlen k\u00e9zm\u0171ves alkot\u00e1s.\n\nGyerekszoba ajt\u00f3d\u00edsz\/dekor\u00e1ci\u00f3\n\nAj\u00e1nd\u00e9k n\u00e9vnapra, sz\u00fclinapra, babav\u00e1r\u00f3ra.\n\nFenntarthat\u00f3 lak\u00e1sdekor\u00e1ci\u00f3\n\nHa szeretn\u00e9l egyedi, k\u00e9zzel k\u00e9sz\u00fclt dekor\u00e1ci\u00f3t, amely nemcsak sz\u00e9p, hanem k\u00f6rnyezettudatos is, rendeld meg most a saj\u00e1t n\u00e9vt\u00e1bl\u00e1dat!\n\nMinden darab a k\u00e9zzel festett mot\u00edvum sz\u00edneivel harmoniz\u00e1l\u00f3 k\u00f6rszalagot, akaszt\u00f3t kap.\n\n\u00c1tm\u00e9r\u0151je: 19 cm\n\nK\u00e9rlek rendel\u00e9s el\u0151tt egyeztess velem, hogy milyen \u00fajrahasznos\u00edtott lamin\u00e1lt parketta van k\u00e9szleten.\n\nA MEGRENDEL\u00c9S MENETE:\n\n1. Rakd a term\u00e9ket a kos\u00e1rba, majd v\u00e1s\u00e1rold meg a Meska fel\u00fclet\u00e9n.\n\n2. Boltomban bankk\u00e1rty\u00e1val \u00e9s \u00e1tutal\u00e1ssal is tudsz fizetni.\n\n3. A term\u00e8k elk\u00e9dz\u00edt\u00e9s\u00e9t az \u00f6sszeg be\u00e9rkez\u00e9sekor kezdem k\u00e9sz\u00edteni, k\u00f6zben folyamatosan t\u00e1j\u00e9koztatlak \u00e9ppen hol tartok az elk\u00e9sz\u00edt\u00e9sben. \n\n4. Az elk\u00e9sz\u00fclt term\u00e9ket Foxpost vagy Posta sz\u00e1ll\u00edtja ki a term\u00e9ket.\n\n5. Szeretn\u00e9k folyamatosan fejl\u0151dni, ez\u00e9rt v\u00e9lem\u00e9nyed nagyon fontos sz\u00e1momra. Ez\u00e9rt k\u00e9rlek a term\u00e9k meg\u00e9rkez\u00e9se ut\u00e1n \u00e9rt\u00e9keld munk\u00e1mat.  H\u00e1l\u00e1san k\u00f6sz\u00f6n\u00f6m.","score":11.078467,"formatted_price":"5 500 Ft","image_url":"https:\/\/www.meska.hu\/img\/product\/small\/k\/a\/kataartanddecor_product_639679_250925185848_366979.png","formatted_url":"https:\/\/www.meska.hu\/p5565388-viragos-nevtabla","favourite":false,"in_stock":false,"avatar":"639679_avatar_1755797000.png","delete_from":0,"is_enhanced_background":false,"is_enhanced":false,"product_selection_started":false,"is_active":true,"image_webp_url":"https:\/\/www.meska.hu\/img\/product\/small\/k\/a\/kataartanddecor_product_639679_250925185848_366979.webp"},{"id":"6076185","shop_id":"42555","user_id":"605557","shop_name":"LaserMemories","shop_zip":"3350","product_code":"5705480","product_name_old":null,"product_name":"Figur\u00e1s 3D N\u00e9vt\u00e1bla","category_string":"Baba - mama, Babaszoba dekor\u00e1ci\u00f3, Babaszoba k\u00e9p","technic_string":"Famegmunk\u00e1l\u00e1s","category_1":"1735","category_2":"1466","category_3":"1430","category_4":"0","merged_category_1":null,"merged_category_2":null,"merged_category_3":null,"technic_1":"478","technic_2":"0","technic_3":"0","color_1":"512","color_2":"0","color_3":"0","product_description_old":null,"product_description":"K\u00e9rlek \u00fczenetben \u00edrd meg a nevet illetve a sz\u00edneket\/\u00e1llatot :)","price":"19990.00","unit":"db","recommended":"0","status":"1","sponsored":"0","exp_notify":"0","own_material":"0","own_material_description_old":null,"own_material_description":"","jury":"0","jury_number":"","product_nature":"","meskaracsony":"0","create_date":"2026-01-17 07:10:08","shelve_id":"0","image":"lasermemories_product_605557_240111162723_64654.jpeg","image_width":"480","image_height":"360","image_alt":"Figur\u00e1s 3D N\u00e9vt\u00e1bla, K\u00e9rlek \u00fczenetben \u00edrd meg a nevet illetve a sz\u00edneket\/\u00e1llatot :), Meska","image_title":"Figur\u00e1s 3D N\u00e9vt\u00e1bla, Meska","view_count":"61","favourite_count":"0","trending_score":"0","last2MonthFavouriteCount":"0","promotion":"0","giftcard_accept":"0","creditcard_accept":true,"enhanced_background":"0","domain":"meska","specific_customer_id":null,"specific_customer_name":null,"to_order_product":"1","to_order_product_time":"8","product_different":null,"product_different_description":"","vintage":"0","vintage_category_id":"0","recycled":"0","gemstone_id":"0","customizable":"1","type_category":"physical","zerowaste":"0","postage_price":"2500.00","shop_order":"0","has_category":"1","landing_pages":null,"microdata":{"number":86,"category":""},"title":"Figur\u00e1s 3D N\u00e9vt\u00e1bla","description":"K\u00e9rlek \u00fczenetben \u00edrd meg a nevet illetve a sz\u00edneket\/\u00e1llatot :)","score":11.078467,"formatted_price":"19 990 Ft","image_url":"https:\/\/www.meska.hu\/img\/product\/small\/l\/a\/lasermemories_product_605557_240111162723_64654.jpeg","formatted_url":"https:\/\/www.meska.hu\/p5705480-figuras-3d-nevtabla","favourite":false,"in_stock":false,"avatar":"605557_avatar_1696093903.jpeg","delete_from":0,"is_enhanced_background":false,"is_enhanced":false,"product_selection_started":false,"is_active":true,"image_webp_url":"https:\/\/www.meska.hu\/img\/product\/small\/l\/a\/lasermemories_product_605557_240111162723_64654.webp"},{"id":"6076376","shop_id":"8514","user_id":"40710","shop_name":"ntakeramia","shop_zip":"8200","product_code":"5705644","product_name_old":null,"product_name":"\u00c9letfa egyedi ker\u00e1mia utca n\u00e9vt\u00e1bla","category_string":"Otthon & \u00c9letm\u00f3d, H\u00e1z & Kert, H\u00e1zsz\u00e1m","technic_string":"Ker\u00e1mia","category_1":"813","category_2":"897","category_3":"431","category_4":"0","merged_category_1":null,"merged_category_2":null,"merged_category_3":null,"technic_1":"489","technic_2":"0","technic_3":"0","color_1":"514","color_2":"515","color_3":"529","product_description_old":null,"product_description":"Egyedi st\u00edlusos utca \u00e9s h\u00e1zsz\u00e1mt\u00e1bla.\nMindenhol j\u00f3 de legjobb OTTHON!\nEgy hossz\u00fa f\u00e1raszt\u00f3 nap ut\u00e1n mindenki \u00f6r\u00fcl ha v\u00e9gre bel\u00e9phet otthon\u00e1ba,\u00e9s ki ne \u00f6r\u00fclne ha egy ilyen kedves t\u00e1bla fogadn\u00e1!\n\nFeh\u00e9r agyagb\u00f3l k\u00e9sz\u00fclt, m\u00e1zalatti fest\u00e9kkel, sz\u00edntelen, vagy sz\u00ednes m\u00e1zzal, magas t\u0171z\u0151n, k\u00e9tszer \u00e9getve.\nK\u00edv\u00e1ns\u00e1g szerinti felirattal , \u00e9s mot\u00edvummal k\u00e9sz\u00edtek kidomborodott, festett, vagy csak festet, m\u00e1zas, utcan\u00e9v t\u00e1bl\u00e1t.\nSaj\u00e1t egyedi tervez\u00e9s a ker\u00e1mia \u00e9s saj\u00e1t egyedi tervez\u00e9s \u00e9s k\u00e9zi fest\u00e9s a minta.\nMinden kidomborodik.\n\nM\u00e9ret\nKb. 34 X 29 cm\nKb.1,8 kg\n\nRendel\u00e9s el\u0151tt k\u00e9rlek bels\u0151 \u00fczenetben keress!!!!!\nEgyedi minta\"egyedi \u00e1r.\n\nMinden 100% ban k\u00e9zzel k\u00e9sz\u00fclt:))\n\nK\u00f6sz\u00f6n\u00f6m hogy ben\u00e9zt\u00e9l!","price":"25000.00","unit":"db","recommended":"0","status":"1","sponsored":"0","exp_notify":"0","own_material":"0","own_material_description_old":null,"own_material_description":"","jury":"0","jury_number":"","product_nature":"","meskaracsony":"0","create_date":"2026-01-17 09:28:12","shelve_id":"19622","image":"ntakeramia_product_40710_260117092655_326214.png","image_width":"480","image_height":"480","image_alt":"\u00c9letfa egyedi ker\u00e1mia utca n\u00e9vt\u00e1bla, Egyedi st\u00edlusos utca \u00e9s h\u00e1zsz\u00e1mt\u00e1bla.\\nMindenhol j\u00f3 de legjobb OTTHON!\\nEgy hossz\u00fa f\u00e1raszt\u00f3 nap ut\u00e1n m..., Meska","image_title":"\u00c9letfa egyedi ker\u00e1mia utca n\u00e9vt\u00e1bla, Meska","view_count":"70","favourite_count":"0","trending_score":"0","last2MonthFavouriteCount":"0","promotion":"0","giftcard_accept":"0","creditcard_accept":false,"enhanced_background":"0","domain":"meska","specific_customer_id":null,"specific_customer_name":null,"to_order_product":"1","to_order_product_time":"19","product_different":"quite_different","product_different_description":"Egyedi ker\u00e1mia","vintage":"0","vintage_category_id":"0","recycled":"0","gemstone_id":"0","customizable":"0","type_category":"physical","zerowaste":"0","postage_price":"1990.00","shop_order":"45","has_category":"1","landing_pages":null,"microdata":{"number":87,"category":""},"title":"\u00c9letfa egyedi ker\u00e1mia utca n\u00e9vt\u00e1bla","description":"Egyedi st\u00edlusos utca \u00e9s h\u00e1zsz\u00e1mt\u00e1bla.\nMindenhol j\u00f3 de legjobb OTTHON!\nEgy hossz\u00fa f\u00e1raszt\u00f3 nap ut\u00e1n mindenki \u00f6r\u00fcl ha v\u00e9gre bel\u00e9phet otthon\u00e1ba,\u00e9s ki ne \u00f6r\u00fclne ha egy ilyen kedves t\u00e1bla fogadn\u00e1!\n\nFeh\u00e9r agyagb\u00f3l k\u00e9sz\u00fclt, m\u00e1zalatti fest\u00e9kkel, sz\u00edntelen, vagy sz\u00ednes m\u00e1zzal, magas t\u0171z\u0151n, k\u00e9tszer \u00e9getve.\nK\u00edv\u00e1ns\u00e1g szerinti felirattal , \u00e9s mot\u00edvummal k\u00e9sz\u00edtek kidomborodott, festett, vagy csak festet, m\u00e1zas, utcan\u00e9v t\u00e1bl\u00e1t.\nSaj\u00e1t egyedi tervez\u00e9s a ker\u00e1mia \u00e9s saj\u00e1t egyedi tervez\u00e9s \u00e9s k\u00e9zi fest\u00e9s a minta.\nMinden kidomborodik.\n\nM\u00e9ret\nKb. 34 X 29 cm\nKb.1,8 kg\n\nRendel\u00e9s el\u0151tt k\u00e9rlek bels\u0151 \u00fczenetben keress!!!!!\nEgyedi minta\"egyedi \u00e1r.\n\nMinden 100% ban k\u00e9zzel k\u00e9sz\u00fclt:))\n\nK\u00f6sz\u00f6n\u00f6m hogy ben\u00e9zt\u00e9l!","score":11.078467,"formatted_price":"25 000 Ft","image_url":"https:\/\/www.meska.hu\/img\/product\/small\/n\/t\/ntakeramia_product_40710_260117092655_326214.png","formatted_url":"https:\/\/www.meska.hu\/p5705644-eletfa-egyedi-keramia-utca-nevtabla","favourite":false,"in_stock":false,"avatar":"ntakeramia_avatar_40710_1569066083.JPG","delete_from":0,"is_enhanced_background":false,"is_enhanced":false,"product_selection_started":false,"is_active":true,"image_webp_url":"https:\/\/www.meska.hu\/img\/product\/small\/n\/t\/ntakeramia_product_40710_260117092655_326214.webp"},{"id":"6076179","shop_id":"42555","user_id":"605557","shop_name":"LaserMemories","shop_zip":"3350","product_code":"5705475","product_name_old":null,"product_name":"N\u00e9vt\u00e1bla 3D","category_string":"Baba - mama, Babaszoba dekor\u00e1ci\u00f3, Babaszoba k\u00e9p","technic_string":"Famegmunk\u00e1l\u00e1s","category_1":"1735","category_2":"1466","category_3":"1430","category_4":"0","merged_category_1":null,"merged_category_2":null,"merged_category_3":null,"technic_1":"478","technic_2":"0","technic_3":"0","color_1":"512","color_2":"0","color_3":"0","product_description_old":null,"product_description":"\nK\u00e9rlek \u00fczenetben \u00edrd meg a nevet illetve a sz\u00edneket :)","price":"12990.00","unit":"db","recommended":"0","status":"1","sponsored":"0","exp_notify":"0","own_material":"0","own_material_description_old":null,"own_material_description":"","jury":"0","jury_number":"","product_nature":"","meskaracsony":"0","create_date":"2026-01-17 07:05:59","shelve_id":"0","image":"lasermemories_product_605557_231012074352_0627.jpeg","image_width":"480","image_height":"360","image_alt":"N\u00e9vt\u00e1bla 3D, \\nK\u00e9rlek \u00fczenetben \u00edrd meg a nevet illetve a sz\u00edneket :), Meska","image_title":"N\u00e9vt\u00e1bla 3D, Meska","view_count":"63","favourite_count":"0","trending_score":"0","last2MonthFavouriteCount":"0","promotion":"0","giftcard_accept":"0","creditcard_accept":true,"enhanced_background":"0","domain":"meska","specific_customer_id":null,"specific_customer_name":null,"to_order_product":"1","to_order_product_time":"2","product_different":null,"product_different_description":"","vintage":"0","vintage_category_id":"0","recycled":"0","gemstone_id":"0","customizable":"1","type_category":"physical","zerowaste":"0","postage_price":"2500.00","shop_order":"0","has_category":"1","landing_pages":null,"microdata":{"number":88,"category":""},"title":"N\u00e9vt\u00e1bla 3D","description":"\nK\u00e9rlek \u00fczenetben \u00edrd meg a nevet illetve a sz\u00edneket :)","score":11.078467,"formatted_price":"12 990 Ft","image_url":"https:\/\/www.meska.hu\/img\/product\/small\/l\/a\/lasermemories_product_605557_231012074352_0627.jpeg","formatted_url":"https:\/\/www.meska.hu\/p5705475-nevtabla-3d","favourite":false,"in_stock":false,"avatar":"605557_avatar_1696093903.jpeg","delete_from":0,"is_enhanced_background":false,"is_enhanced":false,"product_selection_started":false,"is_active":true,"image_webp_url":"https:\/\/www.meska.hu\/img\/product\/small\/l\/a\/lasermemories_product_605557_231012074352_0627.webp"},{"id":"6077028","shop_id":"8514","user_id":"40710","shop_name":"ntakeramia","shop_zip":"8200","product_code":"5706259","product_name_old":null,"product_name":"Magyar n\u00e9pmese-ker\u00e1mia h\u00e1z \u00e9s utca n\u00e9vt\u00e1bla","category_string":"Otthon & \u00c9letm\u00f3d, H\u00e1z & Kert, H\u00e1zsz\u00e1m","technic_string":"Ker\u00e1mia, Festett t\u00e1rgyak","category_1":"813","category_2":"897","category_3":"431","category_4":"0","merged_category_1":null,"merged_category_2":null,"merged_category_3":null,"technic_1":"489","technic_2":"481","technic_3":"0","color_1":"514","color_2":"515","color_3":"523","product_description_old":null,"product_description":"Egy j\u00f3l v\u00e1lasztott egyedi utca vagy h\u00e1zsz\u00e1m kiemeli hangs\u00falyozza otthonunk.\nEhhez pr\u00f3b\u00e1lok seg\u00edts\u00e9get ny\u00fajtani.\nEgyedi h\u00e1z \u00e9s utcan\u00e9vt\u00e1bl\u00e1kat k\u00e9sz\u00edt\u00fcnk azoknak akik szeretik az egyedit a st\u00edlusosat.\n\nFeh\u00e9r agyagb\u00f3l k\u00e9sz\u00edtettem ezt az egyedi h\u00e1zsz\u00e1mt\u00e1bl\u00e1t. 2 X \u00e9getem magas h\u0151m\u00e9rs\u00e9kleten \u00edgy lesz id\u0151j\u00e1r\u00e1s \u00e1ll\u00f3.\nSaj\u00e1t egyedi tervez\u00e9s \u00e9s k\u00e9sz\u00edt\u00e9s a ker\u00e1mia \u00e9s saj\u00e1t egyedi tervez\u00e9s \u00e9s k\u00e9zi fest\u00e9s a minta.\n\nM\u00e9retei: \nsz\u00e9less\u00e9g: 33 cm\nmagass\u00e1g: 25 cm\nS\u00falya: 1,8 kg\n\nK\u00e9t sz\u00e9l\u00e9n el\u0151f\u00fart lukakn\u00e1l csavarral szerelhet\u0151 fel a ker\u00edt\u00e9s oszlopra, vagy a h\u00e1z fal\u00e1ra.\n\nAz \u00e1r elt\u00e9rhet..f\u00fcgg a fest\u00e9s t\u00e9m\u00e1j\u00e1t\u00f3l...a kidolgoz\u00e1st\u00f3l.\nEz\u00e9rt k\u00e9rlek a kos\u00e1rba helyez\u00e9s el\u0151tt ,bels\u0151 \u00fczenetben keress.\n","price":"19000.00","unit":"db","recommended":"0","status":"1","sponsored":"0","exp_notify":"0","own_material":"0","own_material_description_old":null,"own_material_description":"","jury":"0","jury_number":"","product_nature":"","meskaracsony":"0","create_date":"2026-01-17 11:45:35","shelve_id":"19622","image":"ntakeramia_product_40710_260117114415_118150.jpeg","image_width":"480","image_height":"480","image_alt":"Magyar n\u00e9pmese-ker\u00e1mia h\u00e1z \u00e9s utca n\u00e9vt\u00e1bla, Egy j\u00f3l v\u00e1lasztott egyedi utca vagy h\u00e1zsz\u00e1m kiemeli hangs\u00falyozza otthonunk.\\nEhhez pr\u00f3b\u00e1lok seg\u00edts\u00e9ge..., Meska","image_title":"Magyar n\u00e9pmese-ker\u00e1mia h\u00e1z \u00e9s utca n\u00e9vt\u00e1bla, Meska","view_count":"90","favourite_count":"0","trending_score":"0","last2MonthFavouriteCount":"0","promotion":"0","giftcard_accept":"0","creditcard_accept":false,"enhanced_background":"0","domain":"meska","specific_customer_id":null,"specific_customer_name":null,"to_order_product":"1","to_order_product_time":"17","product_different":"quite_different","product_different_description":"K\u00e9zzel k\u00e9sz\u00edtett \u00e9s festett ker\u00e1mia.Az apr\u00f3 elt\u00e9r\u00e9sek miatt egyedi.Minden ker\u00e1mi\u00e1nk hordozza k\u00e9zjegy\u00fcnk \u00e9s v\u00e9djegy\u00fcnk:)","vintage":"0","vintage_category_id":"0","recycled":"0","gemstone_id":"0","customizable":"0","type_category":"physical","zerowaste":"0","postage_price":"1990.00","shop_order":"43","has_category":"1","landing_pages":null,"microdata":{"number":89,"category":""},"title":"Magyar n\u00e9pmese-ker\u00e1mia h\u00e1z \u00e9s utca n\u00e9vt\u00e1bla","description":"Egy j\u00f3l v\u00e1lasztott egyedi utca vagy h\u00e1zsz\u00e1m kiemeli hangs\u00falyozza otthonunk.\nEhhez pr\u00f3b\u00e1lok seg\u00edts\u00e9get ny\u00fajtani.\nEgyedi h\u00e1z \u00e9s utcan\u00e9vt\u00e1bl\u00e1kat k\u00e9sz\u00edt\u00fcnk azoknak akik szeretik az egyedit a st\u00edlusosat.\n\nFeh\u00e9r agyagb\u00f3l k\u00e9sz\u00edtettem ezt az egyedi h\u00e1zsz\u00e1mt\u00e1bl\u00e1t. 2 X \u00e9getem magas h\u0151m\u00e9rs\u00e9kleten \u00edgy lesz id\u0151j\u00e1r\u00e1s \u00e1ll\u00f3.\nSaj\u00e1t egyedi tervez\u00e9s \u00e9s k\u00e9sz\u00edt\u00e9s a ker\u00e1mia \u00e9s saj\u00e1t egyedi tervez\u00e9s \u00e9s k\u00e9zi fest\u00e9s a minta.\n\nM\u00e9retei: \nsz\u00e9less\u00e9g: 33 cm\nmagass\u00e1g: 25 cm\nS\u00falya: 1,8 kg\n\nK\u00e9t sz\u00e9l\u00e9n el\u0151f\u00fart lukakn\u00e1l csavarral szerelhet\u0151 fel a ker\u00edt\u00e9s oszlopra, vagy a h\u00e1z fal\u00e1ra.\n\nAz \u00e1r elt\u00e9rhet..f\u00fcgg a fest\u00e9s t\u00e9m\u00e1j\u00e1t\u00f3l...a kidolgoz\u00e1st\u00f3l.\nEz\u00e9rt k\u00e9rlek a kos\u00e1rba helyez\u00e9s el\u0151tt ,bels\u0151 \u00fczenetben keress.\n","score":11.078467,"formatted_price":"19 000 Ft","image_url":"https:\/\/www.meska.hu\/img\/product\/small\/n\/t\/ntakeramia_product_40710_260117114415_118150.jpeg","formatted_url":"https:\/\/www.meska.hu\/p5706259-magyar-nepmese-keramia-haz-es-utca-nevtabla","favourite":false,"in_stock":false,"avatar":"ntakeramia_avatar_40710_1569066083.JPG","delete_from":0,"is_enhanced_background":false,"is_enhanced":false,"product_selection_started":false,"is_active":true,"image_webp_url":"https:\/\/www.meska.hu\/img\/product\/small\/n\/t\/ntakeramia_product_40710_260117114415_118150.webp"},{"id":"6076428","shop_id":"8514","user_id":"40710","shop_name":"ntakeramia","shop_zip":"8200","product_code":"5705695","product_name_old":null,"product_name":"V\u00f6r\u00f6sbegy k\u00f6k\u00e9ny \u00e1gon ker\u00e1mia utca n\u00e9vt\u00e1bla","category_string":"Otthon & \u00c9letm\u00f3d, H\u00e1z & Kert, H\u00e1zsz\u00e1m","technic_string":"Ker\u00e1mia","category_1":"813","category_2":"897","category_3":"431","category_4":"0","merged_category_1":null,"merged_category_2":null,"merged_category_3":null,"technic_1":"489","technic_2":"0","technic_3":"0","color_1":"514","color_2":"515","color_3":"529","product_description_old":null,"product_description":"Egyedi st\u00edlusos utca \u00e9s h\u00e1zsz\u00e1mt\u00e1bla.\nMindenhol j\u00f3 de legjobb OTTHON!\nEgy hossz\u00fa f\u00e1raszt\u00f3 nap ut\u00e1n mindenki \u00f6r\u00fcl ha v\u00e9gre bel\u00e9phet otthon\u00e1ba,\u00e9s ki ne \u00f6r\u00fclne ha egy ilyen kedves t\u00e1bla fogadn\u00e1!\n\nFeh\u00e9r agyagb\u00f3l k\u00e9sz\u00fclt, m\u00e1zalatti fest\u00e9kkel, sz\u00edntelen, vagy sz\u00ednes m\u00e1zzal, magas t\u0171z\u0151n, k\u00e9tszer \u00e9getve.\nK\u00edv\u00e1ns\u00e1g szerinti felirattal , \u00e9s mot\u00edvummal k\u00e9sz\u00edtek kidomborodott, festett, vagy csak festet, m\u00e1zas, utcan\u00e9v t\u00e1bl\u00e1t.\nSaj\u00e1t egyedi tervez\u00e9s a ker\u00e1mia \u00e9s saj\u00e1t egyedi tervez\u00e9s \u00e9s k\u00e9zi fest\u00e9s a minta.\nMindenfel\u00edrat \u00e9s a bogy\u00f3k  kidomborodnak.\n\nM\u00e9ret\nKb. 34 X 29 cm\nKb.1,8 kg\n\nRendel\u00e9s el\u0151tt k\u00e9rlek bels\u0151 \u00fczenetben keress!!!!!\nEgyedi minta\"egyedi \u00e1r.\n\nMinden 100% ban k\u00e9zzel k\u00e9sz\u00fclt:))\n\nK\u00f6sz\u00f6n\u00f6m hogy ben\u00e9zt\u00e9l!","price":"25000.00","unit":"db","recommended":"0","status":"1","sponsored":"0","exp_notify":"0","own_material":"0","own_material_description_old":null,"own_material_description":"","jury":"0","jury_number":"","product_nature":"","meskaracsony":"0","create_date":"2026-01-17 09:36:51","shelve_id":"19622","image":"ntakeramia_product_40710_260117093547_38971.jpeg","image_width":"480","image_height":"548","image_alt":"V\u00f6r\u00f6sbegy k\u00f6k\u00e9ny \u00e1gon ker\u00e1mia utca n\u00e9vt\u00e1bla, Egyedi st\u00edlusos utca \u00e9s h\u00e1zsz\u00e1mt\u00e1bla.\\nMindenhol j\u00f3 de legjobb OTTHON!\\nEgy hossz\u00fa f\u00e1raszt\u00f3 nap ut\u00e1n m..., Meska","image_title":"V\u00f6r\u00f6sbegy k\u00f6k\u00e9ny \u00e1gon ker\u00e1mia utca n\u00e9vt\u00e1bla, Meska","view_count":"87","favourite_count":"0","trending_score":"0","last2MonthFavouriteCount":"0","promotion":"0","giftcard_accept":"0","creditcard_accept":false,"enhanced_background":"0","domain":"meska","specific_customer_id":null,"specific_customer_name":null,"to_order_product":"1","to_order_product_time":"19","product_different":"quite_different","product_different_description":"Egyedi ker\u00e1mia","vintage":"0","vintage_category_id":"0","recycled":"0","gemstone_id":"0","customizable":"0","type_category":"physical","zerowaste":"0","postage_price":"1990.00","shop_order":"44","has_category":"1","landing_pages":null,"microdata":{"number":90,"category":""},"title":"V\u00f6r\u00f6sbegy k\u00f6k\u00e9ny \u00e1gon ker\u00e1mia utca n\u00e9vt\u00e1bla","description":"Egyedi st\u00edlusos utca \u00e9s h\u00e1zsz\u00e1mt\u00e1bla.\nMindenhol j\u00f3 de legjobb OTTHON!\nEgy hossz\u00fa f\u00e1raszt\u00f3 nap ut\u00e1n mindenki \u00f6r\u00fcl ha v\u00e9gre bel\u00e9phet otthon\u00e1ba,\u00e9s ki ne \u00f6r\u00fclne ha egy ilyen kedves t\u00e1bla fogadn\u00e1!\n\nFeh\u00e9r agyagb\u00f3l k\u00e9sz\u00fclt, m\u00e1zalatti fest\u00e9kkel, sz\u00edntelen, vagy sz\u00ednes m\u00e1zzal, magas t\u0171z\u0151n, k\u00e9tszer \u00e9getve.\nK\u00edv\u00e1ns\u00e1g szerinti felirattal , \u00e9s mot\u00edvummal k\u00e9sz\u00edtek kidomborodott, festett, vagy csak festet, m\u00e1zas, utcan\u00e9v t\u00e1bl\u00e1t.\nSaj\u00e1t egyedi tervez\u00e9s a ker\u00e1mia \u00e9s saj\u00e1t egyedi tervez\u00e9s \u00e9s k\u00e9zi fest\u00e9s a minta.\nMindenfel\u00edrat \u00e9s a bogy\u00f3k  kidomborodnak.\n\nM\u00e9ret\nKb. 34 X 29 cm\nKb.1,8 kg\n\nRendel\u00e9s el\u0151tt k\u00e9rlek bels\u0151 \u00fczenetben keress!!!!!\nEgyedi minta\"egyedi \u00e1r.\n\nMinden 100% ban k\u00e9zzel k\u00e9sz\u00fclt:))\n\nK\u00f6sz\u00f6n\u00f6m hogy ben\u00e9zt\u00e9l!","score":11.078467,"formatted_price":"25 000 Ft","image_url":"https:\/\/www.meska.hu\/img\/product\/small\/n\/t\/ntakeramia_product_40710_260117093547_38971.jpeg","formatted_url":"https:\/\/www.meska.hu\/p5705695-vorosbegy-kokeny-agon-keramia-utca-nevtabla","favourite":false,"in_stock":false,"avatar":"ntakeramia_avatar_40710_1569066083.JPG","delete_from":0,"is_enhanced_background":false,"is_enhanced":false,"product_selection_started":false,"is_active":true,"image_webp_url":"https:\/\/www.meska.hu\/img\/product\/small\/n\/t\/ntakeramia_product_40710_260117093547_38971.webp"},{"id":"6077072","shop_id":"8514","user_id":"40710","shop_name":"ntakeramia","shop_zip":"8200","product_code":"5706296","product_name_old":null,"product_name":"Leg\u00f3-ker\u00e1mia h\u00e1z \u00e9s utca n\u00e9vt\u00e1bla","category_string":"Otthon & \u00c9letm\u00f3d, H\u00e1z & Kert, H\u00e1zsz\u00e1m","technic_string":"Ker\u00e1mia, Festett t\u00e1rgyak","category_1":"813","category_2":"897","category_3":"431","category_4":"0","merged_category_1":null,"merged_category_2":null,"merged_category_3":null,"technic_1":"489","technic_2":"481","technic_3":"0","color_1":"515","color_2":"523","color_3":"526","product_description_old":null,"product_description":"Egy j\u00f3l v\u00e1lasztott egyedi utca vagy h\u00e1zsz\u00e1m kiemeli hangs\u00falyozza otthonunk.\nEhhez pr\u00f3b\u00e1lok seg\u00edts\u00e9get ny\u00fajtani.\nEgyedi h\u00e1z \u00e9s utcan\u00e9vt\u00e1bl\u00e1kat k\u00e9sz\u00edt\u00fcnk azoknak akik szeretik az egyedit a st\u00edlusosat.\n\nFeh\u00e9r agyagb\u00f3l k\u00e9sz\u00edtettem ezt az egyedi h\u00e1zsz\u00e1mt\u00e1bl\u00e1t. 2 X \u00e9getem magas h\u0151m\u00e9rs\u00e9kleten \u00edgy lesz id\u0151j\u00e1r\u00e1s \u00e1ll\u00f3.\nSaj\u00e1t egyedi tervez\u00e9s \u00e9s k\u00e9sz\u00edt\u00e9s a ker\u00e1mia \u00e9s saj\u00e1t egyedi tervez\u00e9s \u00e9s k\u00e9zi fest\u00e9s a minta.\n\nM\u00e9retei: \nsz\u00e9less\u00e9g: 33 cm\nmagass\u00e1g: 25 cm\nS\u00falya: 1,8 kg\n\nK\u00e9t sz\u00e9l\u00e9n el\u0151f\u00fart lukakn\u00e1l csavarral szerelhet\u0151 fel a ker\u00edt\u00e9s oszlopra, vagy a h\u00e1z fal\u00e1ra.\n\nAz \u00e1r elt\u00e9rhet..f\u00fcgg a fest\u00e9s t\u00e9m\u00e1j\u00e1t\u00f3l...a kidolgoz\u00e1st\u00f3l.\nEz\u00e9rt k\u00e9rlek a kos\u00e1rba helyez\u00e9s el\u0151tt ,bels\u0151 \u00fczenetben keress.\n","price":"29000.00","unit":"db","recommended":"0","status":"1","sponsored":"0","exp_notify":"0","own_material":"0","own_material_description_old":null,"own_material_description":"","jury":"0","jury_number":"","product_nature":"","meskaracsony":"0","create_date":"2026-01-17 11:53:25","shelve_id":"19622","image":"ntakeramia_product_40710_260117114956_048397.jpeg","image_width":"480","image_height":"480","image_alt":"Leg\u00f3-ker\u00e1mia h\u00e1z \u00e9s utca n\u00e9vt\u00e1bla, Egy j\u00f3l v\u00e1lasztott egyedi utca vagy h\u00e1zsz\u00e1m kiemeli hangs\u00falyozza otthonunk.\\nEhhez pr\u00f3b\u00e1lok seg\u00edts\u00e9ge..., Meska","image_title":"Leg\u00f3-ker\u00e1mia h\u00e1z \u00e9s utca n\u00e9vt\u00e1bla, Meska","view_count":"69","favourite_count":"0","trending_score":"0","last2MonthFavouriteCount":"0","promotion":"0","giftcard_accept":"0","creditcard_accept":false,"enhanced_background":"0","domain":"meska","specific_customer_id":null,"specific_customer_name":null,"to_order_product":"1","to_order_product_time":"20","product_different":"quite_different","product_different_description":"K\u00e9zzel k\u00e9sz\u00edtett \u00e9s festett ker\u00e1mia.Az apr\u00f3 elt\u00e9r\u00e9sek miatt egyedi.Minden ker\u00e1mi\u00e1nk hordozza k\u00e9zjegy\u00fcnk \u00e9s v\u00e9djegy\u00fcnk:)","vintage":"0","vintage_category_id":"0","recycled":"0","gemstone_id":"0","customizable":"0","type_category":"physical","zerowaste":"0","postage_price":"1990.00","shop_order":"41","has_category":"1","landing_pages":null,"microdata":{"number":91,"category":""},"title":"Leg\u00f3-ker\u00e1mia h\u00e1z \u00e9s utca n\u00e9vt\u00e1bla","description":"Egy j\u00f3l v\u00e1lasztott egyedi utca vagy h\u00e1zsz\u00e1m kiemeli hangs\u00falyozza otthonunk.\nEhhez pr\u00f3b\u00e1lok seg\u00edts\u00e9get ny\u00fajtani.\nEgyedi h\u00e1z \u00e9s utcan\u00e9vt\u00e1bl\u00e1kat k\u00e9sz\u00edt\u00fcnk azoknak akik szeretik az egyedit a st\u00edlusosat.\n\nFeh\u00e9r agyagb\u00f3l k\u00e9sz\u00edtettem ezt az egyedi h\u00e1zsz\u00e1mt\u00e1bl\u00e1t. 2 X \u00e9getem magas h\u0151m\u00e9rs\u00e9kleten \u00edgy lesz id\u0151j\u00e1r\u00e1s \u00e1ll\u00f3.\nSaj\u00e1t egyedi tervez\u00e9s \u00e9s k\u00e9sz\u00edt\u00e9s a ker\u00e1mia \u00e9s saj\u00e1t egyedi tervez\u00e9s \u00e9s k\u00e9zi fest\u00e9s a minta.\n\nM\u00e9retei: \nsz\u00e9less\u00e9g: 33 cm\nmagass\u00e1g: 25 cm\nS\u00falya: 1,8 kg\n\nK\u00e9t sz\u00e9l\u00e9n el\u0151f\u00fart lukakn\u00e1l csavarral szerelhet\u0151 fel a ker\u00edt\u00e9s oszlopra, vagy a h\u00e1z fal\u00e1ra.\n\nAz \u00e1r elt\u00e9rhet..f\u00fcgg a fest\u00e9s t\u00e9m\u00e1j\u00e1t\u00f3l...a kidolgoz\u00e1st\u00f3l.\nEz\u00e9rt k\u00e9rlek a kos\u00e1rba helyez\u00e9s el\u0151tt ,bels\u0151 \u00fczenetben keress.\n","score":11.078467,"formatted_price":"29 000 Ft","image_url":"https:\/\/www.meska.hu\/img\/product\/small\/n\/t\/ntakeramia_product_40710_260117114956_048397.jpeg","formatted_url":"https:\/\/www.meska.hu\/p5706296-lego-keramia-haz-es-utca-nevtabla","favourite":false,"in_stock":false,"avatar":"ntakeramia_avatar_40710_1569066083.JPG","delete_from":0,"is_enhanced_background":false,"is_enhanced":false,"product_selection_started":false,"is_active":true,"image_webp_url":"https:\/\/www.meska.hu\/img\/product\/small\/n\/t\/ntakeramia_product_40710_260117114956_048397.webp"},{"id":"6073563","shop_id":"42555","user_id":"605557","shop_name":"LaserMemories","shop_zip":"3350","product_code":"5703070","product_name_old":null,"product_name":"Esk\u00fcv\u0151i dupla hatsz\u00f6g alak\u00fa n\u00e9vt\u00e1bla","category_string":"Esk\u00fcv\u0151, Dekor\u00e1ci\u00f3, Helysz\u00edni dekor","technic_string":"Famegmunk\u00e1l\u00e1s","category_1":"317","category_2":"907","category_3":"731","category_4":"0","merged_category_1":null,"merged_category_2":null,"merged_category_3":null,"technic_1":"478","technic_2":"0","technic_3":"0","color_1":"512","color_2":"0","color_3":"0","product_description_old":null,"product_description":"Figyelem !! Csak h\u00e1zhoz sz\u00e1ll\u00edt\u00e1ssal k\u00e9rhet\u0151 term\u00e9k !!!\n\n\nEleg\u00e1ns, egyedi k\u00e9sz\u00edt\u00e9s\u0171 l\u00e9zerv\u00e1gott esk\u00fcv\u0151i t\u00e1bla, amely t\u00f6k\u00e9letes d\u00edsze lehet a f\u0151asztal h\u00e1tter\u00e9nek. A hatsz\u00f6g (hexagon) form\u00e1j\u00fa t\u00e1bl\u00e1ra a p\u00e1r neve ker\u00fcl  kiv\u00e1gva \u2013 letisztult, st\u00edlusos megjelen\u00e9ssel, ami illik boh\u00f3, rusztikus, vintage vagy modern esk\u00fcv\u0151i dekor\u00e1ci\u00f3hoz is.\n\nT\u00f6k\u00e9letes v\u00e1laszt\u00e1s:\n\nf\u0151asztal m\u00f6g\u00e9 h\u00e1tt\u00e9rdekor\u00e1ci\u00f3nak,\n\nfot\u00f3fal el\u00e9,\n\ncerem\u00f3nia helysz\u00ednre,\n\notthoni eml\u00e9kk\u00e9nt az esk\u00fcv\u0151 ut\u00e1n.\n\n\nSz\u00ednek, bet\u0171t\u00edpusok \u00e9s m\u00e9retek ig\u00e9ny szerint v\u00e1laszthat\u00f3k \u2013 \u00edrj \u00fczenetet, \u00e9s egyeztetj\u00fck a r\u00e9szleteket!\n\nEz a t\u00e1bla nemcsak l\u00e1tv\u00e1nyos esk\u00fcv\u0151i dekor\u00e1ci\u00f3, de \u00f6r\u00f6k eml\u00e9k is, amely az otthonotok fal\u00e1n is gy\u00f6ny\u00f6r\u0171en mutat majd.","price":"11000.00","unit":"db","recommended":"0","status":"1","sponsored":"0","exp_notify":"0","own_material":"0","own_material_description_old":null,"own_material_description":"","jury":"0","jury_number":"","product_nature":"","meskaracsony":"0","create_date":"2026-01-16 13:28:07","shelve_id":"80729","image":"lasermemories_product_605557_240724111819_166527.jpeg","image_width":"480","image_height":"640","image_alt":"Esk\u00fcv\u0151i dupla hatsz\u00f6g alak\u00fa n\u00e9vt\u00e1bla, Figyelem !! Csak h\u00e1zhoz sz\u00e1ll\u00edt\u00e1ssal k\u00e9rhet\u0151 term\u00e9k !!!\\n\\n\\nEleg\u00e1ns, egyedi k\u00e9sz\u00edt\u00e9s\u0171 l\u00e9zerv\u00e1gott esk\u00fc..., Meska","image_title":"Esk\u00fcv\u0151i dupla hatsz\u00f6g alak\u00fa n\u00e9vt\u00e1bla, Meska","view_count":"82","favourite_count":"0","trending_score":"0","last2MonthFavouriteCount":"0","promotion":"0","giftcard_accept":"0","creditcard_accept":true,"enhanced_background":"0","domain":"meska","specific_customer_id":null,"specific_customer_name":null,"to_order_product":"1","to_order_product_time":"2","product_different":null,"product_different_description":"","vintage":"0","vintage_category_id":"0","recycled":"0","gemstone_id":"0","customizable":"1","type_category":"physical","zerowaste":"0","postage_price":"2500.00","shop_order":"0","has_category":"1","landing_pages":null,"microdata":{"number":92,"category":""},"title":"Esk\u00fcv\u0151i dupla hatsz\u00f6g alak\u00fa n\u00e9vt\u00e1bla","description":"Figyelem !! Csak h\u00e1zhoz sz\u00e1ll\u00edt\u00e1ssal k\u00e9rhet\u0151 term\u00e9k !!!\n\n\nEleg\u00e1ns, egyedi k\u00e9sz\u00edt\u00e9s\u0171 l\u00e9zerv\u00e1gott esk\u00fcv\u0151i t\u00e1bla, amely t\u00f6k\u00e9letes d\u00edsze lehet a f\u0151asztal h\u00e1tter\u00e9nek. A hatsz\u00f6g (hexagon) form\u00e1j\u00fa t\u00e1bl\u00e1ra a p\u00e1r neve ker\u00fcl  kiv\u00e1gva \u2013 letisztult, st\u00edlusos megjelen\u00e9ssel, ami illik boh\u00f3, rusztikus, vintage vagy modern esk\u00fcv\u0151i dekor\u00e1ci\u00f3hoz is.\n\nT\u00f6k\u00e9letes v\u00e1laszt\u00e1s:\n\nf\u0151asztal m\u00f6g\u00e9 h\u00e1tt\u00e9rdekor\u00e1ci\u00f3nak,\n\nfot\u00f3fal el\u00e9,\n\ncerem\u00f3nia helysz\u00ednre,\n\notthoni eml\u00e9kk\u00e9nt az esk\u00fcv\u0151 ut\u00e1n.\n\n\nSz\u00ednek, bet\u0171t\u00edpusok \u00e9s m\u00e9retek ig\u00e9ny szerint v\u00e1laszthat\u00f3k \u2013 \u00edrj \u00fczenetet, \u00e9s egyeztetj\u00fck a r\u00e9szleteket!\n\nEz a t\u00e1bla nemcsak l\u00e1tv\u00e1nyos esk\u00fcv\u0151i dekor\u00e1ci\u00f3, de \u00f6r\u00f6k eml\u00e9k is, amely az otthonotok fal\u00e1n is gy\u00f6ny\u00f6r\u0171en mutat majd.","score":11.078467,"formatted_price":"11 000 Ft","image_url":"https:\/\/www.meska.hu\/img\/product\/small\/l\/a\/lasermemories_product_605557_240724111819_166527.jpeg","formatted_url":"https:\/\/www.meska.hu\/p5703070-eskuvoi-dupla-hatszog-alaku-nevtabla","favourite":false,"in_stock":false,"avatar":"605557_avatar_1696093903.jpeg","delete_from":0,"is_enhanced_background":false,"is_enhanced":false,"product_selection_started":false,"is_active":true,"image_webp_url":"https:\/\/www.meska.hu\/img\/product\/small\/l\/a\/lasermemories_product_605557_240724111819_166527.webp"},{"id":"6081365","shop_id":"23168","user_id":"256027","shop_name":"kdl2014","shop_zip":"5700","product_code":"5710298","product_name_old":null,"product_name":"Csoportszoba n\u00e9vt\u00e1bla","category_string":"Otthon & \u00c9letm\u00f3d, Dekor\u00e1ci\u00f3, Fali \u00e9s f\u00fcgg\u0151 dekor\u00e1ci\u00f3, Felirat","technic_string":"Festett t\u00e1rgyak","category_1":"813","category_2":"314","category_3":"1470","category_4":"952","merged_category_1":null,"merged_category_2":null,"merged_category_3":null,"technic_1":"481","technic_2":"0","technic_3":"0","color_1":"534","color_2":"0","color_3":"0","product_description_old":null,"product_description":"A4-es m\u00e9retben k\u00e9sz\u00edtem el az ovis csoportod t\u00e1bl\u00e1j\u00e1t.\n2cm vastag Xps lapb\u00f3l k\u00e9sz\u00fclt \u00e9s akrilfest\u00e9kkel van festve.\n\u00dczenetben tudjuk megbesz\u00e9lni az elk\u00e9pzel\u00e9sed.\n","price":"3500.00","unit":"db","recommended":"0","status":"1","sponsored":"0","exp_notify":"0","own_material":"0","own_material_description_old":null,"own_material_description":"","jury":"0","jury_number":"","product_nature":"","meskaracsony":"0","create_date":"2026-01-18 09:43:36","shelve_id":"0","image":"kdl2014_product_256027_250707193202_787295.jpeg","image_width":"480","image_height":"360","image_alt":"Csoportszoba n\u00e9vt\u00e1bla, A4-es m\u00e9retben k\u00e9sz\u00edtem el az ovis csoportod t\u00e1bl\u00e1j\u00e1t.\\n2cm vastag Xps lapb\u00f3l k\u00e9sz\u00fclt \u00e9s akrilfest\u00e9kk..., Meska","image_title":"Csoportszoba n\u00e9vt\u00e1bla, Meska","view_count":"51","favourite_count":"0","trending_score":"0","last2MonthFavouriteCount":"0","promotion":"0","giftcard_accept":"0","creditcard_accept":false,"enhanced_background":"0","domain":"meska","specific_customer_id":null,"specific_customer_name":null,"to_order_product":"1","to_order_product_time":"10","product_different":null,"product_different_description":"","vintage":"0","vintage_category_id":"0","recycled":"0","gemstone_id":"0","customizable":"0","type_category":"physical","zerowaste":"0","postage_price":"1490.00","shop_order":"0","has_category":"1","landing_pages":null,"microdata":{"number":93,"category":""},"title":"Csoportszoba n\u00e9vt\u00e1bla","description":"A4-es m\u00e9retben k\u00e9sz\u00edtem el az ovis csoportod t\u00e1bl\u00e1j\u00e1t.\n2cm vastag Xps lapb\u00f3l k\u00e9sz\u00fclt \u00e9s akrilfest\u00e9kkel van festve.\n\u00dczenetben tudjuk megbesz\u00e9lni az elk\u00e9pzel\u00e9sed.\n","score":11.078467,"formatted_price":"3 500 Ft","image_url":"https:\/\/www.meska.hu\/img\/product\/small\/k\/d\/kdl2014_product_256027_250707193202_787295.jpeg","formatted_url":"https:\/\/www.meska.hu\/p5710298-csoportszoba-nevtabla","favourite":false,"in_stock":false,"avatar":"kdl2014_avatar_256027_1584790150.jpg","delete_from":0,"is_enhanced_background":false,"is_enhanced":false,"product_selection_started":false,"is_active":true,"image_webp_url":"https:\/\/www.meska.hu\/img\/product\/small\/k\/d\/kdl2014_product_256027_250707193202_787295.webp"},{"id":"6062830","shop_id":"50473","user_id":"745482","shop_name":"BubiDekor","shop_zip":"4080","product_code":"5696951","product_name_old":null,"product_name":"Elef\u00e1ntos n\u00e9vt\u00e1bla \/ Ajt\u00f3d\u00edsz \/ Gyerekszoba dekor\u00e1ci\u00f3","category_string":"Baba - mama, Gyerek n\u00e9vt\u00e1bla, Babaszoba dekor\u00e1ci\u00f3","technic_string":"Festett t\u00e1rgyak","category_1":"1735","category_2":"1497","category_3":"1466","category_4":"0","merged_category_1":null,"merged_category_2":null,"merged_category_3":null,"technic_1":"481","technic_2":"0","technic_3":"0","color_1":"519","color_2":"525","color_3":"527","product_description_old":null,"product_description":"Dobd fel a gyerekszob\u00e1t egy kedves, szem\u00e9lyre szabhat\u00f3 elef\u00e1ntos n\u00e9vt\u00e1bl\u00e1val!\n\nEz a b\u00e1jos dekor\u00e1ci\u00f3 t\u00f6k\u00e9letes aj\u00e1nd\u00e9k lehet babaszob\u00e1ba vagy gyerekszob\u00e1ba. A n\u00e9vt\u00e1bla a k\u00e9pen l\u00e1that\u00f3 elef\u00e1ntos mint\u00e1val k\u00e9sz\u00fcl, \u00e9s k\u00e9rhet\u0151 a gyerek nev\u00e9vel szem\u00e9lyre szabva.\n\nM\u00e9retek \u00e9s \u00e1rak:\n\n26 cm \u2013 8 990 Ft\n\n22 cm \u2013 6 990 Ft\n\n18 cm \u2013 5 990 Ft\n\nFelhelyez\u00e9s:\nA legeszt\u00e9tikusabb \u00e9s legegyszer\u0171bben elt\u00e1vol\u00edthat\u00f3 felhelyez\u00e9si m\u00f3d a k\u00e9toldal\u00fa ragaszt\u00f3, melyet a csomag nem tartalmaz. Ig\u00e9ny eset\u00e9n a n\u00e9vt\u00e1bla akaszt\u00f3hely\u00e9hez is v\u00e1ghatok lyukat, ez 500 Ft fel\u00e1r ellen\u00e9ben k\u00e9rhet\u0151, ami a zsin\u00f3rt is tartalmazza. \n\nMegjegyz\u00e9s:\nA fest\u00e9kek \u00e1rnyalata minim\u00e1lisan elt\u00e9rhet a k\u00e9pen l\u00e1tottakt\u00f3l.\n\nTedd egyediv\u00e9 a gyerekszob\u00e1t ezzel a kedves, szem\u00e9lyre szabhat\u00f3 kicsi elef\u00e1ntos n\u00e9vt\u00e1bl\u00e1val!","price":"5990.00","unit":"db","recommended":"0","status":"1","sponsored":"0","exp_notify":"0","own_material":"0","own_material_description_old":null,"own_material_description":"","jury":"0","jury_number":"","product_nature":"","meskaracsony":"0","create_date":"2026-01-05 09:05:22","shelve_id":"0","image":"bubidekor_product_745482_260105085655_256268.jpeg","image_width":"480","image_height":"485","image_alt":"Elef\u00e1ntos n\u00e9vt\u00e1bla \/ Ajt\u00f3d\u00edsz \/ Gyerekszoba dekor\u00e1ci\u00f3, Dobd fel a gyerekszob\u00e1t egy kedves, szem\u00e9lyre szabhat\u00f3 elef\u00e1ntos n\u00e9vt\u00e1bl\u00e1val!\\n\\nEz a b\u00e1jos dekor\u00e1ci\u00f3 ..., Meska","image_title":"Elef\u00e1ntos n\u00e9vt\u00e1bla \/ Ajt\u00f3d\u00edsz \/ Gyerekszoba dekor\u00e1ci\u00f3, Meska","view_count":"106","favourite_count":"0","trending_score":"0","last2MonthFavouriteCount":"0","promotion":"0","giftcard_accept":"0","creditcard_accept":true,"enhanced_background":"0","domain":"meska","specific_customer_id":null,"specific_customer_name":null,"to_order_product":"1","to_order_product_time":"5","product_different":null,"product_different_description":"","vintage":"0","vintage_category_id":"0","recycled":"0","gemstone_id":"0","customizable":"1","type_category":"physical","zerowaste":"0","postage_price":"2390.00","shop_order":"0","has_category":"1","landing_pages":null,"microdata":{"number":94,"category":""},"title":"Elef\u00e1ntos n\u00e9vt\u00e1bla \/ Ajt\u00f3d\u00edsz \/ Gyerekszoba dekor\u00e1ci\u00f3","description":"Dobd fel a gyerekszob\u00e1t egy kedves, szem\u00e9lyre szabhat\u00f3 elef\u00e1ntos n\u00e9vt\u00e1bl\u00e1val!\n\nEz a b\u00e1jos dekor\u00e1ci\u00f3 t\u00f6k\u00e9letes aj\u00e1nd\u00e9k lehet babaszob\u00e1ba vagy gyerekszob\u00e1ba. A n\u00e9vt\u00e1bla a k\u00e9pen l\u00e1that\u00f3 elef\u00e1ntos mint\u00e1val k\u00e9sz\u00fcl, \u00e9s k\u00e9rhet\u0151 a gyerek nev\u00e9vel szem\u00e9lyre szabva.\n\nM\u00e9retek \u00e9s \u00e1rak:\n\n26 cm \u2013 8 990 Ft\n\n22 cm \u2013 6 990 Ft\n\n18 cm \u2013 5 990 Ft\n\nFelhelyez\u00e9s:\nA legeszt\u00e9tikusabb \u00e9s legegyszer\u0171bben elt\u00e1vol\u00edthat\u00f3 felhelyez\u00e9si m\u00f3d a k\u00e9toldal\u00fa ragaszt\u00f3, melyet a csomag nem tartalmaz. Ig\u00e9ny eset\u00e9n a n\u00e9vt\u00e1bla akaszt\u00f3hely\u00e9hez is v\u00e1ghatok lyukat, ez 500 Ft fel\u00e1r ellen\u00e9ben k\u00e9rhet\u0151, ami a zsin\u00f3rt is tartalmazza. \n\nMegjegyz\u00e9s:\nA fest\u00e9kek \u00e1rnyalata minim\u00e1lisan elt\u00e9rhet a k\u00e9pen l\u00e1tottakt\u00f3l.\n\nTedd egyediv\u00e9 a gyerekszob\u00e1t ezzel a kedves, szem\u00e9lyre szabhat\u00f3 kicsi elef\u00e1ntos n\u00e9vt\u00e1bl\u00e1val!","score":11.078467,"formatted_price":"5 990 Ft","image_url":"https:\/\/www.meska.hu\/img\/product\/small\/b\/u\/bubidekor_product_745482_260105085655_256268.jpeg","formatted_url":"https:\/\/www.meska.hu\/p5696951-nevtabla-ajtodisz-gyerekszoba-dekoracio","favourite":false,"in_stock":false,"avatar":"745482_avatar_1760600469.png","delete_from":0,"is_enhanced_background":false,"is_enhanced":false,"product_selection_started":false,"is_active":true,"image_webp_url":"https:\/\/www.meska.hu\/img\/product\/small\/b\/u\/bubidekor_product_745482_260105085655_256268.webp"},{"id":"6118489","shop_id":"30213","user_id":"47654","shop_name":"Babi28","shop_zip":"6724","product_code":"5734579","product_name_old":null,"product_name":"Egyedi n\u00e9vvel ell\u00e1tott n\u00e9vt\u00e1bla","category_string":"Baba - mama, Babaszoba dekor\u00e1ci\u00f3, Baba n\u00e9vt\u00e1bla","technic_string":"Horgol\u00e1s","category_1":"1735","category_2":"1466","category_3":"1760","category_4":"0","merged_category_1":null,"merged_category_2":null,"merged_category_3":null,"technic_1":"488","technic_2":"0","technic_3":"0","color_1":"519","color_2":"522","color_3":"529","product_description_old":null,"product_description":"Egyedi ig\u00e9nyek alapj\u00e1n k\u00e9sz\u00fcl","price":"15000.00","unit":"db","recommended":"0","status":"1","sponsored":"0","exp_notify":"0","own_material":"0","own_material_description_old":null,"own_material_description":"","jury":"0","jury_number":"","product_nature":"","meskaracsony":"0","create_date":"2026-02-15 17:20:58","shelve_id":"0","image":"babi28_product_47654_260215171827_393814.jpeg","image_width":"480","image_height":"525","image_alt":"Egyedi n\u00e9vvel ell\u00e1tott n\u00e9vt\u00e1bla, Egyedi ig\u00e9nyek alapj\u00e1n k\u00e9sz\u00fcl, Meska","image_title":"Egyedi n\u00e9vvel ell\u00e1tott n\u00e9vt\u00e1bla, Meska","view_count":"46","favourite_count":"0","trending_score":"0","last2MonthFavouriteCount":"0","promotion":"0","giftcard_accept":"0","creditcard_accept":true,"enhanced_background":"0","domain":"meska","specific_customer_id":null,"specific_customer_name":null,"to_order_product":"1","to_order_product_time":"7","product_different":null,"product_different_description":"","vintage":"0","vintage_category_id":"0","recycled":"0","gemstone_id":"0","customizable":"1","type_category":"physical","zerowaste":"0","postage_price":"1290.00","shop_order":"0","has_category":"1","landing_pages":null,"microdata":{"number":95,"category":""},"title":"Egyedi n\u00e9vvel ell\u00e1tott n\u00e9vt\u00e1bla","description":"Egyedi ig\u00e9nyek alapj\u00e1n k\u00e9sz\u00fcl","score":11.078467,"formatted_price":"15 000 Ft","image_url":"https:\/\/www.meska.hu\/img\/product\/small\/b\/a\/babi28_product_47654_260215171827_393814.jpeg","formatted_url":"https:\/\/www.meska.hu\/p5734579-egyedi-nevvel-ellatott-nevtabla","favourite":false,"in_stock":false,"avatar":"47654_avatar_1767017903.jpeg","delete_from":0,"is_enhanced_background":false,"is_enhanced":false,"product_selection_started":false,"is_active":true,"image_webp_url":"https:\/\/www.meska.hu\/img\/product\/small\/b\/a\/babi28_product_47654_260215171827_393814.webp"},{"id":"4899354","shop_id":"38741","user_id":"526655","shop_name":"ENGravING","shop_zip":"6725","product_code":"5014378","product_name_old":null,"product_name":"S\u00e1rk\u00e1ny N\u00e9vt\u00e1bla ","category_string":"Baba - mama, Gyerek n\u00e9vt\u00e1bla, Babaszoba dekor\u00e1ci\u00f3","technic_string":"Famegmunk\u00e1l\u00e1s, Festett t\u00e1rgyak","category_1":"1497","category_2":"1735","category_3":"1466","category_4":"0","merged_category_1":"0","merged_category_2":"0","merged_category_3":"0","technic_1":"478","technic_2":"481","technic_3":"0","color_1":"514","color_2":"527","color_3":"529","product_description_old":null,"product_description":"Egyedi n\u00e9vt\u00e1bl\u00e1k, ig\u00e9ny szerinti mot\u00edvumokkal \u00e9s n\u00e9vvel, melyet \u00fczenetben tudunk eggyeztetni\nFa r\u00e9tegelt lemezb\u0151l k\u00e9sz\u00edtett\nK\u00e9zzel festett, v\u00edzb\u00e1zis\u00fa fest\u00e9kkel.\nM\u00e9ret 28 cm\nA falra akaszt\u00f3val lehet felhelyezni.\n\nA RENDEL\u00c9S MENETE:\n\n1. Rakd a kos\u00e1rba a kiv\u00e1lasztott term\u00e9ket majd v\u00e1s\u00e1rold meg \u0151ket a Meska fel\u00fclet\u00e9n\n\n2. Ezut\u00e1n megkapjuk egym\u00e1s el\u00e9rhet\u0151s\u00e9g\u00e9t, \u00e9s e-mailben egyeztetj\u00fck a r\u00e9szleteket\n\n3. Egyedi \u00f6tlet, vagy n\u00e9vresz\u00f3l\u00f3 term\u00e9k eset\u00e9n k\u00fcldeni fogok egy l\u00e1tv\u00e1nytervet a v\u00e1s\u00e1rolt term\u00e9kr\u0151l, amit meg tudsz n\u00e9zni. A tervez\u00e9s, illetve a l\u00e1tv\u00e1nyterv k\u00e9sz\u00edt\u00e9se nem j\u00e1r t\u00f6bbletk\u00f6lts\u00e9ggel, azt az \u00e1r tartalmazza.\n\n4. Amikor v\u00e9glegesen elfogadod a terveket, \u00e1tutal\u00e1ssal tudsz majd fizetni.\n\n5. Az \u00f6sszeg be\u00e9rkez\u00e9se ut\u00e1n k\u00e9sz\u00edtj\u00fck \u00e9s k\u00fcldj\u00fck a term\u00e9keidet.\n\n6. A term\u00e9keinket FOXPOST vagy Posta sz\u00e1ll\u00edtja\n\n7. Szeretn\u00e9nk folyamatosan fejl\u0151dni, \u00edgy fontos sz\u00e1munkra v\u00e1s\u00e1rl\u00f3ink v\u00e9lem\u00e9nye. Ez\u00e9rt k\u00e9rj\u00fck, hogy a sz\u00e1ll\u00edt\u00e1s megt\u00f6rt\u00e9nte ut\u00e1n \u00e9rt\u00e9keld boltunkat, melyet ez\u00faton is k\u00f6sz\u00f6n\u00fcnk!\n\nB\u00e1rmilyen egyedi \u00f6tlet vagy n\u00e9vresz\u00f3l\u00f3 aj\u00e1nd\u00e9k elk\u00e9sz\u00edt\u00e9s\u00e9vel kapcsoltban keress minket bizalommal. (:\nK\u00e9rd\u00e9sem van a term\u00e9kr\u0151l","price":"8500.00","unit":"db","recommended":"0","status":"1","sponsored":"0","exp_notify":"0","own_material":"0","own_material_description_old":null,"own_material_description":"","jury":"0","jury_number":"","product_nature":"","meskaracsony":"0","create_date":"2026-02-16 13:09:20","shelve_id":"0","image":"engraving_product_526655_230714113411_911635.jpeg","image_width":"480","image_height":"665","image_alt":"S\u00e1rk\u00e1ny N\u00e9vt\u00e1bla , Egyedi n\u00e9vt\u00e1bl\u00e1k, ig\u00e9ny szerinti mot\u00edvumokkal \u00e9s n\u00e9vvel, melyet \u00fczenetben tudunk eggyeztetni\\nFa r\u00e9te..., Meska","image_title":"S\u00e1rk\u00e1ny N\u00e9vt\u00e1bla , Meska","view_count":"805","favourite_count":"0","trending_score":"0","last2MonthFavouriteCount":"0","promotion":"0","giftcard_accept":"0","creditcard_accept":false,"enhanced_background":"0","domain":"meska","specific_customer_id":null,"specific_customer_name":null,"to_order_product":"1","to_order_product_time":"10","product_different":null,"product_different_description":"","vintage":"0","vintage_category_id":"0","recycled":"0","gemstone_id":"0","customizable":"1","type_category":"physical","zerowaste":"0","postage_price":"1290.00","shop_order":"0","has_category":"1","landing_pages":null,"microdata":{"number":96,"category":""},"title":"S\u00e1rk\u00e1ny N\u00e9vt\u00e1bla ","description":"Egyedi n\u00e9vt\u00e1bl\u00e1k, ig\u00e9ny szerinti mot\u00edvumokkal \u00e9s n\u00e9vvel, melyet \u00fczenetben tudunk eggyeztetni\nFa r\u00e9tegelt lemezb\u0151l k\u00e9sz\u00edtett\nK\u00e9zzel festett, v\u00edzb\u00e1zis\u00fa fest\u00e9kkel.\nM\u00e9ret 28 cm\nA falra akaszt\u00f3val lehet felhelyezni.\n\nA RENDEL\u00c9S MENETE:\n\n1. Rakd a kos\u00e1rba a kiv\u00e1lasztott term\u00e9ket majd v\u00e1s\u00e1rold meg \u0151ket a Meska fel\u00fclet\u00e9n\n\n2. Ezut\u00e1n megkapjuk egym\u00e1s el\u00e9rhet\u0151s\u00e9g\u00e9t, \u00e9s e-mailben egyeztetj\u00fck a r\u00e9szleteket\n\n3. Egyedi \u00f6tlet, vagy n\u00e9vresz\u00f3l\u00f3 term\u00e9k eset\u00e9n k\u00fcldeni fogok egy l\u00e1tv\u00e1nytervet a v\u00e1s\u00e1rolt term\u00e9kr\u0151l, amit meg tudsz n\u00e9zni. A tervez\u00e9s, illetve a l\u00e1tv\u00e1nyterv k\u00e9sz\u00edt\u00e9se nem j\u00e1r t\u00f6bbletk\u00f6lts\u00e9ggel, azt az \u00e1r tartalmazza.\n\n4. Amikor v\u00e9glegesen elfogadod a terveket, \u00e1tutal\u00e1ssal tudsz majd fizetni.\n\n5. Az \u00f6sszeg be\u00e9rkez\u00e9se ut\u00e1n k\u00e9sz\u00edtj\u00fck \u00e9s k\u00fcldj\u00fck a term\u00e9keidet.\n\n6. A term\u00e9keinket FOXPOST vagy Posta sz\u00e1ll\u00edtja\n\n7. Szeretn\u00e9nk folyamatosan fejl\u0151dni, \u00edgy fontos sz\u00e1munkra v\u00e1s\u00e1rl\u00f3ink v\u00e9lem\u00e9nye. Ez\u00e9rt k\u00e9rj\u00fck, hogy a sz\u00e1ll\u00edt\u00e1s megt\u00f6rt\u00e9nte ut\u00e1n \u00e9rt\u00e9keld boltunkat, melyet ez\u00faton is k\u00f6sz\u00f6n\u00fcnk!\n\nB\u00e1rmilyen egyedi \u00f6tlet vagy n\u00e9vresz\u00f3l\u00f3 aj\u00e1nd\u00e9k elk\u00e9sz\u00edt\u00e9s\u00e9vel kapcsoltban keress minket bizalommal. (:\nK\u00e9rd\u00e9sem van a term\u00e9kr\u0151l","score":11.078467,"formatted_price":"8 500 Ft","image_url":"https:\/\/www.meska.hu\/img\/product\/small\/e\/n\/engraving_product_526655_230714113411_911635.jpeg","formatted_url":"https:\/\/www.meska.hu\/p5014378-sarkany-nevtabla","favourite":false,"in_stock":false,"avatar":"526655_avatar_1665417359.jpeg","delete_from":0,"is_enhanced_background":false,"is_enhanced":false,"product_selection_started":false,"is_active":true,"image_webp_url":"https:\/\/www.meska.hu\/img\/product\/small\/e\/n\/engraving_product_526655_230714113411_911635.webp"},{"id":"5401878","shop_id":"45615","user_id":"639679","shop_name":"KataArtAndDecor","shop_zip":"9400","product_code":"5321112","product_name_old":null,"product_name":"Kisl\u00e1ny n\u00e9vt\u00e1bla, gyerekszoba dekor\u00e1ci\u00f3, ajt\u00f3t\u00e1bla \u00fajrahasznos\u00edtott Pillang\u00f3","category_string":"Baba - mama, Gyerek n\u00e9vt\u00e1bla, Babaszoba dekor\u00e1ci\u00f3","technic_string":"Fest\u00e9szet, Festett t\u00e1rgyak","category_1":"1497","category_2":"1735","category_3":"1466","category_4":"0","merged_category_1":null,"merged_category_2":null,"merged_category_3":null,"technic_1":"480","technic_2":"481","technic_3":"0","color_1":"534","color_2":"0","color_3":"0","product_description_old":null,"product_description":"Egyedi, k\u00e9zzel k\u00e9sz\u00edtett kisl\u00e1ny n\u00e9vt\u00e1bla, amely otthonoss\u00e1 \u00e9s k\u00fcl\u00f6nlegess\u00e9 var\u00e1zsolja a gyerekszob\u00e1t. A n\u00e9vt\u00e1bla alapj\u00e1t \u00fajrahasznos\u00edtott, lamin\u00e1lt parketta adja, amelyet k\u00e9zzel festett mint\u00e1kkal \u00e9s sz\u00ednekkel d\u00edsz\u00edtettem. Ez\u00e1ltal minden darab teljesen egyedi, k\u00f6rnyezettudatos \u00e9s szeretettel k\u00e9sz\u00fcl.\n\nK\u00e9rheted a gyermek nev\u00e9vel, kedvenc sz\u00edn\u00e9vel vagy mot\u00edvummal, hogy igaz\u00e1n egyedi legyen.\n\nMinden t\u00e1bla a festett sz\u00ednekhez harmoniz\u00e1l\u00f3 k\u00f6rszalagot \u00e9s akaszt\u00f3t kap.\n\nK\u00e9rlek rendel\u00e9s el\u0151tt egyeztess velem, hogy milyen lamin\u00e1lt parketta alap \u00e9s szalag van k\u00e9szleten, mivel \u00fajrahasznos\u00edtott a k\u00e9szlet mindig v\u00e1ltoz\u00f3. \n\n\n\u00c1tm\u00e9r\u0151je: 19 cm\n\nA MEGRENDEL\u00c9S MENETE:\n\n1. Rakd a term\u00e9ket a kos\u00e1rba, majd v\u00e1s\u00e1rold meg a Meska fel\u00fclet\u00e9n.\n\n2. Ekkor megkapjuk egym\u00e1s el\u00e9rhet\u0151s\u00e9g\u00e9t, \u00edgy e-mailben tudjuk egyeztetni a r\u00e9szleteket.\n\n3. A megbesz\u00e9ltek alapj\u00e1n elk\u00e9sz\u00edtem a term\u00e9ket, k\u00f6zben folyamatosan t\u00e1j\u00e9koztatlak \u00e9ppen hol tartok az elk\u00e9sz\u00edt\u00e9sben. \n\n4. Az elk\u00e9sz\u00fclt term\u00e9ket f\u00e9nyk\u00e9pen elk\u00fcld\u00f6m neked. Ha megfelel\u0151 \u00e1tutal\u00e1ssal tudsz fizetni.\n\n5. Az \u00f6sszeg be\u00e9rkez\u00e9se ut\u00e1n Foxpost vagy Posta sz\u00e1ll\u00edtja ki a term\u00e9ket.\n\n6. Szeretn\u00e9k folyamatosan fejl\u0151dni, ez\u00e9rt v\u00e9lem\u00e9nyed nagyon fontos sz\u00e1momra. Ez\u00e9rt k\u00e9rlek a term\u00e9k meg\u00e9rkez\u00e9se ut\u00e1n \u00e9rt\u00e9keld munk\u00e1mat.  H\u00e1l\u00e1san k\u00f6sz\u00f6n\u00f6m.","price":"5500.00","unit":"db","recommended":"0","status":"1","sponsored":"0","exp_notify":"0","own_material":"0","own_material_description_old":null,"own_material_description":"","jury":"0","jury_number":"","product_nature":"","meskaracsony":"0","create_date":"2026-02-16 19:07:07","shelve_id":"0","image":"kataartanddecor_product_639679_250909211955_574349.png","image_width":"480","image_height":"720","image_alt":"Kisl\u00e1ny n\u00e9vt\u00e1bla, gyerekszoba dekor\u00e1ci\u00f3, ajt\u00f3t\u00e1bla \u00fajrahasznos\u00edtott Pillang\u00f3, Egyedi, k\u00e9zzel k\u00e9sz\u00edtett kisl\u00e1ny n\u00e9vt\u00e1bla, amely otthonoss\u00e1 \u00e9s k\u00fcl\u00f6nlegess\u00e9 var\u00e1zsolja a gyerekszob\u00e1..., Meska","image_title":"Kisl\u00e1ny n\u00e9vt\u00e1bla, gyerekszoba dekor\u00e1ci\u00f3, ajt\u00f3t\u00e1bla \u00fajrahasznos\u00edtott Pillang\u00f3, Meska","view_count":"752","favourite_count":"0","trending_score":"0","last2MonthFavouriteCount":"0","promotion":"0","giftcard_accept":"0","creditcard_accept":true,"enhanced_background":"0","domain":"meska","specific_customer_id":null,"specific_customer_name":null,"to_order_product":"1","to_order_product_time":"15","product_different":null,"product_different_description":"","vintage":"0","vintage_category_id":"0","recycled":"1","gemstone_id":"0","customizable":"1","type_category":"physical","zerowaste":"1","postage_price":"2390.00","shop_order":"0","has_category":"1","landing_pages":null,"microdata":{"number":97,"category":""},"title":"Kisl\u00e1ny n\u00e9vt\u00e1bla, gyerekszoba dekor\u00e1ci\u00f3, ajt\u00f3t\u00e1bla \u00fajrahasznos\u00edtott Pillang\u00f3","description":"Egyedi, k\u00e9zzel k\u00e9sz\u00edtett kisl\u00e1ny n\u00e9vt\u00e1bla, amely otthonoss\u00e1 \u00e9s k\u00fcl\u00f6nlegess\u00e9 var\u00e1zsolja a gyerekszob\u00e1t. A n\u00e9vt\u00e1bla alapj\u00e1t \u00fajrahasznos\u00edtott, lamin\u00e1lt parketta adja, amelyet k\u00e9zzel festett mint\u00e1kkal \u00e9s sz\u00ednekkel d\u00edsz\u00edtettem. Ez\u00e1ltal minden darab teljesen egyedi, k\u00f6rnyezettudatos \u00e9s szeretettel k\u00e9sz\u00fcl.\n\nK\u00e9rheted a gyermek nev\u00e9vel, kedvenc sz\u00edn\u00e9vel vagy mot\u00edvummal, hogy igaz\u00e1n egyedi legyen.\n\nMinden t\u00e1bla a festett sz\u00ednekhez harmoniz\u00e1l\u00f3 k\u00f6rszalagot \u00e9s akaszt\u00f3t kap.\n\nK\u00e9rlek rendel\u00e9s el\u0151tt egyeztess velem, hogy milyen lamin\u00e1lt parketta alap \u00e9s szalag van k\u00e9szleten, mivel \u00fajrahasznos\u00edtott a k\u00e9szlet mindig v\u00e1ltoz\u00f3. \n\n\n\u00c1tm\u00e9r\u0151je: 19 cm\n\nA MEGRENDEL\u00c9S MENETE:\n\n1. Rakd a term\u00e9ket a kos\u00e1rba, majd v\u00e1s\u00e1rold meg a Meska fel\u00fclet\u00e9n.\n\n2. Ekkor megkapjuk egym\u00e1s el\u00e9rhet\u0151s\u00e9g\u00e9t, \u00edgy e-mailben tudjuk egyeztetni a r\u00e9szleteket.\n\n3. A megbesz\u00e9ltek alapj\u00e1n elk\u00e9sz\u00edtem a term\u00e9ket, k\u00f6zben folyamatosan t\u00e1j\u00e9koztatlak \u00e9ppen hol tartok az elk\u00e9sz\u00edt\u00e9sben. \n\n4. Az elk\u00e9sz\u00fclt term\u00e9ket f\u00e9nyk\u00e9pen elk\u00fcld\u00f6m neked. Ha megfelel\u0151 \u00e1tutal\u00e1ssal tudsz fizetni.\n\n5. Az \u00f6sszeg be\u00e9rkez\u00e9se ut\u00e1n Foxpost vagy Posta sz\u00e1ll\u00edtja ki a term\u00e9ket.\n\n6. Szeretn\u00e9k folyamatosan fejl\u0151dni, ez\u00e9rt v\u00e9lem\u00e9nyed nagyon fontos sz\u00e1momra. Ez\u00e9rt k\u00e9rlek a term\u00e9k meg\u00e9rkez\u00e9se ut\u00e1n \u00e9rt\u00e9keld munk\u00e1mat.  H\u00e1l\u00e1san k\u00f6sz\u00f6n\u00f6m.","score":11.078467,"formatted_price":"5 500 Ft","image_url":"https:\/\/www.meska.hu\/img\/product\/small\/k\/a\/kataartanddecor_product_639679_250909211955_574349.png","formatted_url":"https:\/\/www.meska.hu\/p5321112-nevtabla-pillangos","favourite":false,"in_stock":false,"avatar":"639679_avatar_1755797000.png","delete_from":0,"is_enhanced_background":false,"is_enhanced":false,"product_selection_started":false,"is_active":true,"image_webp_url":"https:\/\/www.meska.hu\/img\/product\/small\/k\/a\/kataartanddecor_product_639679_250909211955_574349.webp"},{"id":"5686147","shop_id":"8514","user_id":"40710","shop_name":"ntakeramia","shop_zip":"8200","product_code":"5493206","product_name_old":null,"product_name":"Balaton egyedi ker\u00e1mia utca n\u00e9vt\u00e1bla","category_string":"Otthon & \u00c9letm\u00f3d, H\u00e1z & Kert, H\u00e1zsz\u00e1m","technic_string":"Ker\u00e1mia","category_1":"813","category_2":"897","category_3":"431","category_4":"0","merged_category_1":null,"merged_category_2":null,"merged_category_3":null,"technic_1":"489","technic_2":"0","technic_3":"0","color_1":"515","color_2":"521","color_3":"528","product_description_old":null,"product_description":"Egyedi st\u00edlusos utca \u00e9s h\u00e1zsz\u00e1mt\u00e1bla.\nMindenhol j\u00f3 de legjobb OTTHON!\nEgy hossz\u00fa f\u00e1raszt\u00f3 nap ut\u00e1n mindenki \u00f6r\u00fcl ha v\u00e9gre bel\u00e9phet otthon\u00e1ba,\u00e9s ki ne \u00f6r\u00fclne ha egy ilyen kedves t\u00e1bla fogadn\u00e1!\n\nFeh\u00e9r agyagb\u00f3l k\u00e9sz\u00fclt, m\u00e1zalatti fest\u00e9kkel, sz\u00edntelen, vagy sz\u00ednes m\u00e1zzal, magas t\u0171z\u0151n, k\u00e9tszer \u00e9getve.\nK\u00edv\u00e1ns\u00e1g szerinti felirattal , \u00e9s mot\u00edvummal k\u00e9sz\u00edtek kidomborodott, festett, vagy csak festet, m\u00e1zas, utcan\u00e9v t\u00e1bl\u00e1t.\nSaj\u00e1t egyedi tervez\u00e9s a ker\u00e1mia \u00e9s saj\u00e1t egyedi tervez\u00e9s \u00e9s k\u00e9zi fest\u00e9s a minta.\nA minta karcolt,kidomborodik. A bet\u0171k \u00e9s a sz\u00e1m kidomborodik.\n\nRendel\u00e9s el\u0151tt egyeztess\u00fcnk!!!!\n\nM\u00e9ret\nKb. 33cm  X 25 cm\nKb.1,8 kg\n-------------------------------------------------------------------------------------\nAz \u00e1r a megnevezett term\u00e9kre vonatkozik.\nHa ELT\u00c9R\u0150 darabsz\u00e1mot szeretn\u00e9l vagy EGYEDI mint\u00e1t v\u00e9tel\u00e1r is v\u00e1ltozik.....ez\u00e9rt k\u00e9rlek bels\u0151 \u00fczenetben jelezz m\u00e9g a rendel\u00e9s el\u0151tt.\nMinden ker\u00e1mi\u00e1m egyedi, k\u00e9zzel k\u00e9sz\u00fclt ...k\u00e9zzel festett ,nem t\u00f6megcikk. Sz\u00edne, mint\u00e1ja, form\u00e1ja, elt\u00e9rhet a k\u00e9pen l\u00e1that\u00f3t\u00f3l. A fot\u00f3 csup\u00e1n illusztr\u00e1ci\u00f3, nem azt kapod, minden rendel\u00e9st egy\u00e9nileg k\u00e9sz\u00edtek el. Term\u00e9szetesen t\u00f6rekszem, csal\u00f3d\u00e1s ne okozzon az \u00e1ltalad kapott ker\u00e1mia :)\nK\u00e9rlek csak akkor rendelj ha szereted \u00e9s elfogadod az egyedis\u00e9gem.\nEz\u00e9rt, miel\u0151tt itt v\u00e1s\u00e1roln\u00e1l t\u0151lem, egyeztess\u00fck az ig\u00e9nyeidet, mert a v\u00e1s\u00e1rl\u00e1s visszaford\u00edt\u00e1sa kedvez\u0151tlen \u00e9rt\u00e9kel\u00e9s k\u00eds\u00e9ret\u00e9ben lehets\u00e9ges!\n---------------------------------------------------------------------------------------","price":"21000.00","unit":"db","recommended":"0","status":"1","sponsored":"0","exp_notify":"0","own_material":"0","own_material_description_old":null,"own_material_description":"","jury":"0","jury_number":"","product_nature":"","meskaracsony":"0","create_date":"2026-02-17 07:18:01","shelve_id":"19622","image":"ntakeramia_product_40710_251231103454_826823.jpeg","image_width":"480","image_height":"480","image_alt":"Balaton egyedi ker\u00e1mia utca n\u00e9vt\u00e1bla, Egyedi st\u00edlusos utca \u00e9s h\u00e1zsz\u00e1mt\u00e1bla.\\nMindenhol j\u00f3 de legjobb OTTHON!\\nEgy hossz\u00fa f\u00e1raszt\u00f3 nap ut\u00e1n m..., Meska","image_title":"Balaton egyedi ker\u00e1mia utca n\u00e9vt\u00e1bla, Meska","view_count":"846","favourite_count":"0","trending_score":"0","last2MonthFavouriteCount":"0","promotion":"0","giftcard_accept":"0","creditcard_accept":false,"enhanced_background":"0","domain":"meska","specific_customer_id":null,"specific_customer_name":null,"to_order_product":"1","to_order_product_time":"18","product_different":"quite_different","product_different_description":"Egyedi ker\u00e1mia","vintage":"0","vintage_category_id":"0","recycled":"0","gemstone_id":"0","customizable":"0","type_category":"physical","zerowaste":"0","postage_price":"1990.00","shop_order":"1","has_category":"1","landing_pages":null,"microdata":{"number":98,"category":""},"title":"Balaton egyedi ker\u00e1mia utca n\u00e9vt\u00e1bla","description":"Egyedi st\u00edlusos utca \u00e9s h\u00e1zsz\u00e1mt\u00e1bla.\nMindenhol j\u00f3 de legjobb OTTHON!\nEgy hossz\u00fa f\u00e1raszt\u00f3 nap ut\u00e1n mindenki \u00f6r\u00fcl ha v\u00e9gre bel\u00e9phet otthon\u00e1ba,\u00e9s ki ne \u00f6r\u00fclne ha egy ilyen kedves t\u00e1bla fogadn\u00e1!\n\nFeh\u00e9r agyagb\u00f3l k\u00e9sz\u00fclt, m\u00e1zalatti fest\u00e9kkel, sz\u00edntelen, vagy sz\u00ednes m\u00e1zzal, magas t\u0171z\u0151n, k\u00e9tszer \u00e9getve.\nK\u00edv\u00e1ns\u00e1g szerinti felirattal , \u00e9s mot\u00edvummal k\u00e9sz\u00edtek kidomborodott, festett, vagy csak festet, m\u00e1zas, utcan\u00e9v t\u00e1bl\u00e1t.\nSaj\u00e1t egyedi tervez\u00e9s a ker\u00e1mia \u00e9s saj\u00e1t egyedi tervez\u00e9s \u00e9s k\u00e9zi fest\u00e9s a minta.\nA minta karcolt,kidomborodik. A bet\u0171k \u00e9s a sz\u00e1m kidomborodik.\n\nRendel\u00e9s el\u0151tt egyeztess\u00fcnk!!!!\n\nM\u00e9ret\nKb. 33cm  X 25 cm\nKb.1,8 kg\n-------------------------------------------------------------------------------------\nAz \u00e1r a megnevezett term\u00e9kre vonatkozik.\nHa ELT\u00c9R\u0150 darabsz\u00e1mot szeretn\u00e9l vagy EGYEDI mint\u00e1t v\u00e9tel\u00e1r is v\u00e1ltozik.....ez\u00e9rt k\u00e9rlek bels\u0151 \u00fczenetben jelezz m\u00e9g a rendel\u00e9s el\u0151tt.\nMinden ker\u00e1mi\u00e1m egyedi, k\u00e9zzel k\u00e9sz\u00fclt ...k\u00e9zzel festett ,nem t\u00f6megcikk. Sz\u00edne, mint\u00e1ja, form\u00e1ja, elt\u00e9rhet a k\u00e9pen l\u00e1that\u00f3t\u00f3l. A fot\u00f3 csup\u00e1n illusztr\u00e1ci\u00f3, nem azt kapod, minden rendel\u00e9st egy\u00e9nileg k\u00e9sz\u00edtek el. Term\u00e9szetesen t\u00f6rekszem, csal\u00f3d\u00e1s ne okozzon az \u00e1ltalad kapott ker\u00e1mia :)\nK\u00e9rlek csak akkor rendelj ha szereted \u00e9s elfogadod az egyedis\u00e9gem.\nEz\u00e9rt, miel\u0151tt itt v\u00e1s\u00e1roln\u00e1l t\u0151lem, egyeztess\u00fck az ig\u00e9nyeidet, mert a v\u00e1s\u00e1rl\u00e1s visszaford\u00edt\u00e1sa kedvez\u0151tlen \u00e9rt\u00e9kel\u00e9s k\u00eds\u00e9ret\u00e9ben lehets\u00e9ges!\n---------------------------------------------------------------------------------------","score":11.078467,"formatted_price":"21 000 Ft","image_url":"https:\/\/www.meska.hu\/img\/product\/small\/n\/t\/ntakeramia_product_40710_251231103454_826823.jpeg","formatted_url":"https:\/\/www.meska.hu\/p5493206-balaton-egyedi-keramia-utca-nevtabla","favourite":false,"in_stock":false,"avatar":"ntakeramia_avatar_40710_1569066083.JPG","delete_from":0,"is_enhanced_background":false,"is_enhanced":false,"product_selection_started":false,"is_active":true,"image_webp_url":"https:\/\/www.meska.hu\/img\/product\/small\/n\/t\/ntakeramia_product_40710_251231103454_826823.webp"},{"id":"3985128","shop_id":"8514","user_id":"40710","shop_name":"ntakeramia","shop_zip":"8200","product_code":"2188175","product_name_old":null,"product_name":"Egyedi  ker\u00e1mia utca n\u00e9vt\u00e1bla letisztult-modern","category_string":"Otthon & \u00c9letm\u00f3d, H\u00e1z & Kert, H\u00e1zsz\u00e1m","technic_string":"Ker\u00e1mia, Festett t\u00e1rgyak","category_1":"813","category_2":"897","category_3":"431","category_4":"0","merged_category_1":null,"merged_category_2":null,"merged_category_3":null,"technic_1":"489","technic_2":"481","technic_3":"0","color_1":"520","color_2":"0","color_3":"0","product_description_old":null,"product_description":"Mindenhol j\u00f3 de legjobb OTTHON!\nEgy hossz\u00fa f\u00e1raszt\u00f3 nap ut\u00e1n mindenki \u00f6r\u00fcl ha v\u00e9gre bel\u00e9phet otthon\u00e1ba,\u00e9s ki ne \u00f6r\u00fclne ha egy ilyen kedves t\u00e1bla fogadn\u00e1!\n\n\nFeh\u00e9r agyagb\u00f3l k\u00e9sz\u00fclt, m\u00e1zalatti fest\u00e9kkel, sz\u00edntelen, vagy sz\u00ednes m\u00e1zzal, magas t\u0171z\u0151n, k\u00e9tszer \u00e9getve.\nK\u00edv\u00e1ns\u00e1g szerinti felirattal , \u00e9s mot\u00edvummal k\u00e9sz\u00edtek kidomborodott, festett, vagy csak festet, m\u00e1zas, utcan\u00e9v t\u00e1bl\u00e1t.\nSaj\u00e1t egyedi tervez\u00e9s a ker\u00e1mia \u00e9s saj\u00e1t egyedi tervez\u00e9s \u00e9s k\u00e9zi fest\u00e9s a minta.\n\nMegbesz\u00e9l\u00e9st\u0151l sz\u00e1m\u00edtva kb. 3-4 h\u00e9t az elk\u00e9sz\u00fcl\u00e9s ideje.\n\n\nM\u00e9retei-n\u00e9vleges\nsz\u00e9less\u00e9g: 30 cm\nmagass\u00e1g: 16 cm\nS\u00falya: 1,8 kg\n\nK\u00e9t sz\u00e9l\u00e9n el\u0151f\u00fart lukakn\u00e1l csavarral szerelhet\u0151 fel a ker\u00edt\u00e9s oszlopra, vagy a h\u00e1z fal\u00e1ra.\n\nMunk\u00e1s.apr\u00f3l\u00e9kosan kidolgozott term\u00e9k.\nCsak t\u00f6r\u00e9sbiztos csomagk\u00e9nt adom fel.\nA v\u00e9tel\u00e1rat \u00e9s a posta k\u00f6lts\u00e9get minden esetben a kos\u00e1rba helyez\u00e9s ut\u00e1n megkapott e mail c\u00edmre k\u00fcld\u00f6tt sz\u00e1mlasz\u00e1mra el\u0151re k\u00e9rem utalni.\n\nMINDEN ESETBEN BELS\u0150 \u00dcZENETBEN KERESS EGYEDI RENDEL\u00c9SSEL!!!!!!!!!\n\n\nK\u00f6sz\u00f6n\u00f6m hogy ben\u00e9zt\u00e9l!\n\nA RENDEL\u00c9S MENETE:\nHa megfelel a darabsz\u00e1m \u00e9s a minta, teh\u00e1t egyezni fog a v\u00e9tel\u00e1r, akkor a kiv\u00e1lasztott ker\u00e1mi\u00e1t, k\u00e9szletet a megfelel\u0151 sz\u00e1ll\u00edt\u00e1st is kiv\u00e1lasztva kos\u00e1rba kell helyezni.\nAz ezut\u00e1n kapott priv\u00e1t el\u00e9rhet\u0151s\u00e9gre k\u00fcld\u00f6m a sz\u00e1mlasz\u00e1mot.","price":"16500.00","unit":"db","recommended":"0","status":"1","sponsored":"0","exp_notify":"0","own_material":"0","own_material_description_old":null,"own_material_description":"","jury":"0","jury_number":"","product_nature":"","meskaracsony":"0","create_date":"2026-02-17 07:17:58","shelve_id":"19622","image":"ntakeramia_product_40710_230514192103_245713.jpeg","image_width":"480","image_height":"480","image_alt":"Egyedi  ker\u00e1mia utca n\u00e9vt\u00e1bla letisztult-modern, Mindenhol j\u00f3 de legjobb OTTHON!\\nEgy hossz\u00fa f\u00e1raszt\u00f3 nap ut\u00e1n mindenki \u00f6r\u00fcl ha v\u00e9gre bel\u00e9phet otthon\u00e1..., Meska","image_title":"Egyedi  ker\u00e1mia utca n\u00e9vt\u00e1bla letisztult-modern, Meska","view_count":"1683","favourite_count":"0","trending_score":"0","last2MonthFavouriteCount":"0","promotion":"0","giftcard_accept":"0","creditcard_accept":false,"enhanced_background":"0","domain":"meska","specific_customer_id":null,"specific_customer_name":null,"to_order_product":"1","to_order_product_time":"15","product_different":"quite_different","product_different_description":"K\u00e9zzel k\u00e9sz\u00edtett \u00e9s festett ker\u00e1mia.Az apr\u00f3 elt\u00e9r\u00e9sek miatt egyedi.Minden ker\u00e1mi\u00e1nk hordozza k\u00e9zjegy\u00fcnk \u00e9s v\u00e9djegy\u00fcnk:)","vintage":"0","vintage_category_id":"0","recycled":"0","gemstone_id":"0","customizable":"0","type_category":"physical","zerowaste":"0","postage_price":"1990.00","shop_order":"1","has_category":"1","landing_pages":null,"microdata":{"number":99,"category":""},"title":"Egyedi  ker\u00e1mia utca n\u00e9vt\u00e1bla letisztult-modern","description":"Mindenhol j\u00f3 de legjobb OTTHON!\nEgy hossz\u00fa f\u00e1raszt\u00f3 nap ut\u00e1n mindenki \u00f6r\u00fcl ha v\u00e9gre bel\u00e9phet otthon\u00e1ba,\u00e9s ki ne \u00f6r\u00fclne ha egy ilyen kedves t\u00e1bla fogadn\u00e1!\n\n\nFeh\u00e9r agyagb\u00f3l k\u00e9sz\u00fclt, m\u00e1zalatti fest\u00e9kkel, sz\u00edntelen, vagy sz\u00ednes m\u00e1zzal, magas t\u0171z\u0151n, k\u00e9tszer \u00e9getve.\nK\u00edv\u00e1ns\u00e1g szerinti felirattal , \u00e9s mot\u00edvummal k\u00e9sz\u00edtek kidomborodott, festett, vagy csak festet, m\u00e1zas, utcan\u00e9v t\u00e1bl\u00e1t.\nSaj\u00e1t egyedi tervez\u00e9s a ker\u00e1mia \u00e9s saj\u00e1t egyedi tervez\u00e9s \u00e9s k\u00e9zi fest\u00e9s a minta.\n\nMegbesz\u00e9l\u00e9st\u0151l sz\u00e1m\u00edtva kb. 3-4 h\u00e9t az elk\u00e9sz\u00fcl\u00e9s ideje.\n\n\nM\u00e9retei-n\u00e9vleges\nsz\u00e9less\u00e9g: 30 cm\nmagass\u00e1g: 16 cm\nS\u00falya: 1,8 kg\n\nK\u00e9t sz\u00e9l\u00e9n el\u0151f\u00fart lukakn\u00e1l csavarral szerelhet\u0151 fel a ker\u00edt\u00e9s oszlopra, vagy a h\u00e1z fal\u00e1ra.\n\nMunk\u00e1s.apr\u00f3l\u00e9kosan kidolgozott term\u00e9k.\nCsak t\u00f6r\u00e9sbiztos csomagk\u00e9nt adom fel.\nA v\u00e9tel\u00e1rat \u00e9s a posta k\u00f6lts\u00e9get minden esetben a kos\u00e1rba helyez\u00e9s ut\u00e1n megkapott e mail c\u00edmre k\u00fcld\u00f6tt sz\u00e1mlasz\u00e1mra el\u0151re k\u00e9rem utalni.\n\nMINDEN ESETBEN BELS\u0150 \u00dcZENETBEN KERESS EGYEDI RENDEL\u00c9SSEL!!!!!!!!!\n\n\nK\u00f6sz\u00f6n\u00f6m hogy ben\u00e9zt\u00e9l!\n\nA RENDEL\u00c9S MENETE:\nHa megfelel a darabsz\u00e1m \u00e9s a minta, teh\u00e1t egyezni fog a v\u00e9tel\u00e1r, akkor a kiv\u00e1lasztott ker\u00e1mi\u00e1t, k\u00e9szletet a megfelel\u0151 sz\u00e1ll\u00edt\u00e1st is kiv\u00e1lasztva kos\u00e1rba kell helyezni.\nAz ezut\u00e1n kapott priv\u00e1t el\u00e9rhet\u0151s\u00e9gre k\u00fcld\u00f6m a sz\u00e1mlasz\u00e1mot.","score":11.078467,"formatted_price":"16 500 Ft","image_url":"https:\/\/www.meska.hu\/img\/product\/small\/n\/t\/ntakeramia_product_40710_230514192103_245713.jpeg","formatted_url":"https:\/\/www.meska.hu\/p2188175-egyedi-keramia-utca-nevtabla-letisztult-modern","favourite":false,"in_stock":false,"avatar":"ntakeramia_avatar_40710_1569066083.JPG","delete_from":0,"is_enhanced_background":false,"is_enhanced":false,"product_selection_started":false,"is_active":true,"image_webp_url":"https:\/\/www.meska.hu\/img\/product\/small\/n\/t\/ntakeramia_product_40710_230514192103_245713.webp"},{"id":"3439501","shop_id":"21477","user_id":"224153","shop_name":"lezerdekor","shop_zip":"7090","product_code":"4676234","product_name_old":null,"product_name":"N\u00e9vt\u00e1bla gyerekszob\u00e1ba, Baba n\u00e9vt\u00e1bla","category_string":"Baba - mama, Gyerek n\u00e9vt\u00e1bla, Babaszoba dekor\u00e1ci\u00f3","technic_string":"Famegmunk\u00e1l\u00e1s","category_1":"1735","category_2":"1497","category_3":"1466","category_4":"0","merged_category_1":"0","merged_category_2":"0","merged_category_3":"0","technic_1":"478","technic_2":"0","technic_3":"0","color_1":"514","color_2":"515","color_3":"0","product_description_old":null,"product_description":"Ha babak\u00f6sz\u00f6nt\u00e9sre, sz\u00fclet\u00e9snapra, keresztel\u0151re  igaz\u00e1n k\u00fcl\u00f6nleges, egyedi aj\u00e1nd\u00e9kot keresel, v\u00e1laszd Baba n\u00e9vt\u00e1bl\u00e1nkat, melyet minden Megrendel\u0151nknek egyedileg, ig\u00e9ny szerint k\u00e9sz\u00edt\u00fcnk.\n\nN\u00e9vre sz\u00f3l\u00f3an, k\u00e9zzel festve k\u00e9sz\u00fclnek a legnagyobb gondoss\u00e1ggal saj\u00e1t tervez\u00e9s \u00e9s kivitelez\u00e9s alapj\u00e1n, elk\u00e9sz\u00edt\u00e9si id\u0151 kb.3-5 munkanap.\n\nM\u00e9rete 40 cm, anyaga 4 mm vastags\u00e1g\u00fa ny\u00edrfa.","price":"5990.00","unit":"db","recommended":"0","status":"1","sponsored":"0","exp_notify":"0","own_material":"0","own_material_description_old":null,"own_material_description":"","jury":"0","jury_number":"","product_nature":"","meskaracsony":"0","create_date":"2026-02-17 16:13:44","shelve_id":"48890","image":"lezerdekor_product_224153_220624181046_934897.jpeg","image_width":"480","image_height":"429","image_alt":"N\u00e9vt\u00e1bla gyerekszob\u00e1ba, Baba n\u00e9vt\u00e1bla, Ha babak\u00f6sz\u00f6nt\u00e9sre, sz\u00fclet\u00e9snapra, keresztel\u0151re  igaz\u00e1n k\u00fcl\u00f6nleges, egyedi aj\u00e1nd\u00e9kot keresel, v\u00e1lasz..., Meska","image_title":"N\u00e9vt\u00e1bla gyerekszob\u00e1ba, Baba n\u00e9vt\u00e1bla, Meska","view_count":"2354","favourite_count":"0","trending_score":"0","last2MonthFavouriteCount":"0","promotion":"0","giftcard_accept":"0","creditcard_accept":false,"enhanced_background":"0","domain":"meska","specific_customer_id":null,"specific_customer_name":null,"to_order_product":"1","to_order_product_time":"3","product_different":null,"product_different_description":"","vintage":"0","vintage_category_id":"0","recycled":"0","gemstone_id":"0","customizable":"0","type_category":"physical","zerowaste":"0","postage_price":"3200.00","shop_order":"0","has_category":"1","landing_pages":null,"microdata":{"number":100,"category":""},"title":"N\u00e9vt\u00e1bla gyerekszob\u00e1ba, Baba n\u00e9vt\u00e1bla","description":"Ha babak\u00f6sz\u00f6nt\u00e9sre, sz\u00fclet\u00e9snapra, keresztel\u0151re  igaz\u00e1n k\u00fcl\u00f6nleges, egyedi aj\u00e1nd\u00e9kot keresel, v\u00e1laszd Baba n\u00e9vt\u00e1bl\u00e1nkat, melyet minden Megrendel\u0151nknek egyedileg, ig\u00e9ny szerint k\u00e9sz\u00edt\u00fcnk.\n\nN\u00e9vre sz\u00f3l\u00f3an, k\u00e9zzel festve k\u00e9sz\u00fclnek a legnagyobb gondoss\u00e1ggal saj\u00e1t tervez\u00e9s \u00e9s kivitelez\u00e9s alapj\u00e1n, elk\u00e9sz\u00edt\u00e9si id\u0151 kb.3-5 munkanap.\n\nM\u00e9rete 40 cm, anyaga 4 mm vastags\u00e1g\u00fa ny\u00edrfa.","score":11.078467,"formatted_price":"5 990 Ft","image_url":"https:\/\/www.meska.hu\/img\/product\/small\/l\/e\/lezerdekor_product_224153_220624181046_934897.jpeg","formatted_url":"https:\/\/www.meska.hu\/p4676234-nevtabla-gyerekszobaba-baba-nevtabla","favourite":false,"in_stock":false,"avatar":"lezerdekor_avatar_224153_1654619787.jpg","delete_from":0,"is_enhanced_background":false,"is_enhanced":false,"product_selection_started":false,"is_active":true,"image_webp_url":"https:\/\/www.meska.hu\/img\/product\/small\/l\/e\/lezerdekor_product_224153_220624181046_934897.webp"}],"canonicals":{"canonical":"https:\/\/www.meska.hu\/s\/kezmuves\/hm:q-utcatbla, nvtbla","next":"https:\/\/www.meska.hu\/s\/kezmuves\/hm:p-2:q-utcatbla, nvtbla"},"seo":{"title":"K\u00e9zm\u0171ves term\u00e9kek - Meska.hu","seoTitle":"","seoDescription":"","metaDescription":"Magyar k\u00e9zm\u0171ves design term\u00e9kek hazai alkot\u00f3kt\u00f3l nagy v\u00e1laszt\u00e9kban, egyedi megrendel\u00e9sre is. \u2714\ufe0f N\u00e9zd meg az \u00f6sszes term\u00e9k\u00fcnk, \u00e9s rendelj k\u00edn\u00e1latunkb\u00f3l!","metaNoIndex":false,"metaNoFollow":false,"seoFound":false,"canonicals":"https:\/\/www.meska.hu\/s\/kezmuves\/hm:relevancia:q-utcatbla, nvtbla"},"breadcrumb":[{"position":1,"name":"Meska.hu","url":"https:\/\/www.meska.hu","last":true}],"h1":null,"url":{"url":"https:\/\/www.meska.hu\/s\/kezmuves\/hm:relevancia:q-utcatbla, nvtbla","title":"Mind","_debug_":false},"_count_":100}