{"_terms_":{"phrase":"*","category_id":"313","category_ids":"313","colors":"523","facets":"n","p":"1","pp":"100","sort_by":"create_date","sort_direction":"desc","product_type":"kezmuves|alapanyag|vintage","session_id":"tg61mqofh7gir2l98hmr2hm5f2"},"total":74,"products":[{"id":"6059693","shop_id":"4329","user_id":"15761","shop_name":"GabrielArt","shop_zip":"4027","product_code":"5695320","product_name_old":null,"product_name":"Multifunkcion\u00e1lis babzs\u00e1k mini focis","category_string":"Otthon & \u00c9letm\u00f3d, B\u00fator, Babzs\u00e1k, Babzs\u00e1kfotel ","technic_string":"Varr\u00e1s","category_1":"813","category_2":"313","category_3":"777","category_4":"1718","merged_category_1":null,"merged_category_2":null,"merged_category_3":null,"technic_1":"506","technic_2":"0","technic_3":"0","color_1":"523","color_2":"534","color_3":"0","product_description_old":null,"product_description":"Modern, focis mint\u00e1s babzs\u00e1kfotel gyerekeknek. \nMultifunkci\u00f3s haszn\u00e1lati lehet\u0151s\u00e9g, kiter\u00edtve \u00f3ri\u00e1s p\u00e1rnak\u00e9nt, \u00e1ll\u00edtva k\u00e9tfajta fotelk\u00e9nt is haszn\u00e1lhat\u00f3 fazon, eg\u00e9szen csecsem\u0151kort\u00f3l.\nLevehet\u0151, moshat\u00f3 huzattal \u00e9s ut\u00e1nt\u00f6lthet\u0151 bels\u0151 r\u00e9sszel.\nEzt a m\u00e9retet 5-6 \u00e9ves korig aj\u00e1nlom.\nDupla huzatos, ut\u00e1nt\u00f6lthet\u0151, moshat\u00f3.\n\u00c1tm\u00e9r\u0151je kb. 100cm.","price":"22900.00","unit":"db","recommended":"0","status":"1","sponsored":"0","exp_notify":"0","own_material":"0","own_material_description_old":null,"own_material_description":"","jury":"0","jury_number":"","product_nature":"","meskaracsony":"0","create_date":"2026-04-28 16:53:07","shelve_id":"8465","image":"gabrielart_product_15761_251229162406_297999.jpeg","image_width":"480","image_height":"480","image_alt":"Multifunkcion\u00e1lis babzs\u00e1k mini focis, Modern, focis mint\u00e1s babzs\u00e1kfotel gyerekeknek. \\nMultifunkci\u00f3s haszn\u00e1lati lehet\u0151s\u00e9g, kiter\u00edtve \u00f3ri\u00e1s ..., Meska","image_title":"Multifunkcion\u00e1lis babzs\u00e1k mini focis, Meska","view_count":"124","favourite_count":"0","trending_score":"0","last2MonthFavouriteCount":"0","promotion":"0","giftcard_accept":"0","creditcard_accept":false,"enhanced_background":"0","domain":"meska","specific_customer_id":null,"specific_customer_name":null,"to_order_product":"0","to_order_product_time":"0","product_different":null,"product_different_description":"","vintage":"0","vintage_category_id":"0","recycled":"0","gemstone_id":"0","customizable":"0","type_category":"physical","zerowaste":"0","postage_price":"3990.00","shop_order":"226","has_category":"1","landing_pages":null,"microdata":{"number":1,"category":""},"title":"Multifunkcion\u00e1lis babzs\u00e1k mini focis","description":"Modern, focis mint\u00e1s babzs\u00e1kfotel gyerekeknek. \nMultifunkci\u00f3s haszn\u00e1lati lehet\u0151s\u00e9g, kiter\u00edtve \u00f3ri\u00e1s p\u00e1rnak\u00e9nt, \u00e1ll\u00edtva k\u00e9tfajta fotelk\u00e9nt is haszn\u00e1lhat\u00f3 fazon, eg\u00e9szen csecsem\u0151kort\u00f3l.\nLevehet\u0151, moshat\u00f3 huzattal \u00e9s ut\u00e1nt\u00f6lthet\u0151 bels\u0151 r\u00e9sszel.\nEzt a m\u00e9retet 5-6 \u00e9ves korig aj\u00e1nlom.\nDupla huzatos, ut\u00e1nt\u00f6lthet\u0151, moshat\u00f3.\n\u00c1tm\u00e9r\u0151je kb. 100cm.","score":0,"formatted_price":"22 900 Ft","image_url":"https:\/\/www.meska.hu\/img\/product\/small\/g\/a\/gabrielart_product_15761_251229162406_297999.jpeg","formatted_url":"https:\/\/www.meska.hu\/p5695320-multifunkcionalis-babzsak-mini-focis","favourite":false,"in_stock":true,"avatar":"GabrielArt_avatar_15761_1585229139.jpg","delete_from":0,"is_enhanced_background":false,"is_enhanced":false,"product_selection_started":false,"is_active":true,"image_webp_url":"https:\/\/www.meska.hu\/img\/product\/small\/g\/a\/gabrielart_product_15761_251229162406_297999.webp"},{"id":"3399664","shop_id":"4329","user_id":"15761","shop_name":"GabrielArt","shop_zip":"4027","product_code":"3532404","product_name_old":null,"product_name":"Babzs\u00e1kfotel gyerekeknek kagyl\u00f3 katic\u00e1s","category_string":"Otthon & \u00c9letm\u00f3d, B\u00fator, Babzs\u00e1kfotel , Babzs\u00e1k","technic_string":"Varr\u00e1s","category_1":"813","category_2":"313","category_3":"1718","category_4":"777","merged_category_1":"0","merged_category_2":"0","merged_category_3":"785","technic_1":"506","technic_2":"0","technic_3":"0","color_1":"515","color_2":"520","color_3":"523","product_description_old":null,"product_description":"Az apr\u00f3s\u00e1goknak terveztem ezt a babzs\u00e1k fazont, alacsony \u00fcl\u0151magass\u00e1ga miatt k\u00f6nnyen bele tudnak huppanni, k\u00f6nny\u0171 s\u00falya miatt pedig b\u00e1rhov\u00e1 magukkal hurcolhatj\u00e1k.\n\u00d3vod\u00e1s korig aj\u00e1nlom.\nTerm\u00e9szetesen ez is dupla huzattal, ut\u00e1nt\u00f6lthet\u0151en.\n\nM\u00e9rete: alap \u00e1tm\u00e9r\u0151je 60cm, \u00fcl\u0151fel\u00fclet \u00e1tm\u00e9r\u0151je 65cm, \u00fcl\u0151magass\u00e1g 25cm, t\u00e1mla magass\u00e1ga 50cm.\n","price":"19800.00","unit":"db","recommended":"0","status":"1","sponsored":"0","exp_notify":"0","own_material":"0","own_material_description_old":null,"own_material_description":"","jury":"0","jury_number":"","product_nature":"","meskaracsony":"0","create_date":"2026-04-28 14:51:01","shelve_id":"8465","image":"gabrielart_product_15761_190117135819_176532.png","image_width":"480","image_height":"480","image_alt":"Babzs\u00e1kfotel gyerekeknek kagyl\u00f3 katic\u00e1s, Az apr\u00f3s\u00e1goknak terveztem ezt a babzs\u00e1k fazont, alacsony \u00fcl\u0151magass\u00e1ga miatt k\u00f6nnyen bele tudnak hupp..., Meska","image_title":"Babzs\u00e1kfotel gyerekeknek kagyl\u00f3 katic\u00e1s, Meska","view_count":"2347","favourite_count":"0","trending_score":"0","last2MonthFavouriteCount":"0","promotion":"0","giftcard_accept":"0","creditcard_accept":false,"enhanced_background":"0","domain":"meska","specific_customer_id":null,"specific_customer_name":null,"to_order_product":"0","to_order_product_time":"0","product_different":null,"product_different_description":"","vintage":"0","vintage_category_id":"0","recycled":"0","gemstone_id":"0","customizable":"0","type_category":"physical","zerowaste":"0","postage_price":"2990.00","shop_order":"597","has_category":"1","landing_pages":null,"microdata":{"number":2,"category":""},"title":"Babzs\u00e1kfotel gyerekeknek kagyl\u00f3 katic\u00e1s","description":"Az apr\u00f3s\u00e1goknak terveztem ezt a babzs\u00e1k fazont, alacsony \u00fcl\u0151magass\u00e1ga miatt k\u00f6nnyen bele tudnak huppanni, k\u00f6nny\u0171 s\u00falya miatt pedig b\u00e1rhov\u00e1 magukkal hurcolhatj\u00e1k.\n\u00d3vod\u00e1s korig aj\u00e1nlom.\nTerm\u00e9szetesen ez is dupla huzattal, ut\u00e1nt\u00f6lthet\u0151en.\n\nM\u00e9rete: alap \u00e1tm\u00e9r\u0151je 60cm, \u00fcl\u0151fel\u00fclet \u00e1tm\u00e9r\u0151je 65cm, \u00fcl\u0151magass\u00e1g 25cm, t\u00e1mla magass\u00e1ga 50cm.\n","score":0,"formatted_price":"19 800 Ft","image_url":"https:\/\/www.meska.hu\/img\/product\/small\/g\/a\/gabrielart_product_15761_190117135819_176532.png","formatted_url":"https:\/\/www.meska.hu\/p3532404-babzsakfotel-gyerekeknek-kagylo-katicas","favourite":false,"in_stock":true,"avatar":"GabrielArt_avatar_15761_1585229139.jpg","delete_from":0,"is_enhanced_background":false,"is_enhanced":false,"product_selection_started":false,"is_active":true,"image_webp_url":"https:\/\/www.meska.hu\/img\/product\/small\/g\/a\/gabrielart_product_15761_190117135819_176532.webp"},{"id":"5170349","shop_id":"4329","user_id":"15761","shop_name":"GabrielArt","shop_zip":"4027","product_code":"5179585","product_name_old":null,"product_name":"LUX babzs\u00e1k mini m\u00e9retben, piros","category_string":"Otthon & \u00c9letm\u00f3d, B\u00fator, Babzs\u00e1kfotel , Babzs\u00e1k","technic_string":"Varr\u00e1s","category_1":"813","category_2":"313","category_3":"1718","category_4":"777","merged_category_1":"0","merged_category_2":"0","merged_category_3":"785","technic_1":"506","technic_2":"0","technic_3":"0","color_1":"523","color_2":"0","color_3":"0","product_description_old":null,"product_description":"\u00daj, modern, extra k\u00e9nyelmes fazon gyerekeknek, ak\u00e1r kamaszoknak is, melyet a term\u00e9szetes, organikus forma jellemez.\nMin\u0151s\u00e9gi b\u00fatorsz\u00f6vetb\u0151l, ig\u00e9nyesen k\u00e9sz\u00fclt, levehet\u0151, moshat\u00f3 k\u00fcls\u0151 huzattal, ut\u00e1nt\u00f6lthet\u0151, cipz\u00e1rral ell\u00e1tott bels\u0151 huzattal.\nM\u00e9retek: magass\u00e1ga 60cm, hossz\u00fas\u00e1ga 75cm, sz\u00e9less\u00e9ge 85cm, \u00fcl\u0151magass\u00e1g kb. 25cm.\nMin\u0151s\u00e9gi polisztirol gy\u00f6ngy t\u00f6ltettel.\n\n","price":"34800.00","unit":"db","recommended":"0","status":"1","sponsored":"0","exp_notify":"0","own_material":"0","own_material_description_old":null,"own_material_description":"","jury":"0","jury_number":"","product_nature":"","meskaracsony":"0","create_date":"2026-04-28 12:49:58","shelve_id":"8465","image":"gabrielart_product_15761_240109111026_765338.png","image_width":"480","image_height":"480","image_alt":"LUX babzs\u00e1k mini m\u00e9retben, piros, \u00daj, modern, extra k\u00e9nyelmes fazon gyerekeknek, ak\u00e1r kamaszoknak is, melyet a term\u00e9szetes, organikus ..., Meska","image_title":"LUX babzs\u00e1k mini m\u00e9retben, piros, Meska","view_count":"680","favourite_count":"0","trending_score":"0","last2MonthFavouriteCount":"0","promotion":"0","giftcard_accept":"0","creditcard_accept":false,"enhanced_background":"0","domain":"meska","specific_customer_id":null,"specific_customer_name":null,"to_order_product":"0","to_order_product_time":"0","product_different":null,"product_different_description":"","vintage":"0","vintage_category_id":"0","recycled":"0","gemstone_id":"0","customizable":"0","type_category":"physical","zerowaste":"0","postage_price":"4990.00","shop_order":"387","has_category":"1","landing_pages":null,"microdata":{"number":3,"category":""},"title":"LUX babzs\u00e1k mini m\u00e9retben, piros","description":"\u00daj, modern, extra k\u00e9nyelmes fazon gyerekeknek, ak\u00e1r kamaszoknak is, melyet a term\u00e9szetes, organikus forma jellemez.\nMin\u0151s\u00e9gi b\u00fatorsz\u00f6vetb\u0151l, ig\u00e9nyesen k\u00e9sz\u00fclt, levehet\u0151, moshat\u00f3 k\u00fcls\u0151 huzattal, ut\u00e1nt\u00f6lthet\u0151, cipz\u00e1rral ell\u00e1tott bels\u0151 huzattal.\nM\u00e9retek: magass\u00e1ga 60cm, hossz\u00fas\u00e1ga 75cm, sz\u00e9less\u00e9ge 85cm, \u00fcl\u0151magass\u00e1g kb. 25cm.\nMin\u0151s\u00e9gi polisztirol gy\u00f6ngy t\u00f6ltettel.\n\n","score":0,"formatted_price":"34 800 Ft","image_url":"https:\/\/www.meska.hu\/img\/product\/small\/g\/a\/gabrielart_product_15761_240109111026_765338.png","formatted_url":"https:\/\/www.meska.hu\/p5179585-lux-babzsak-mini-meretben-piros","favourite":false,"in_stock":true,"avatar":"GabrielArt_avatar_15761_1585229139.jpg","delete_from":0,"is_enhanced_background":false,"is_enhanced":false,"product_selection_started":false,"is_active":true,"image_webp_url":"https:\/\/www.meska.hu\/img\/product\/small\/g\/a\/gabrielart_product_15761_240109111026_765338.webp"},{"id":"4469414","shop_id":"21890","user_id":"233361","shop_name":"MolnARTIlcsi","shop_zip":"2071","product_code":"4608241","product_name_old":null,"product_name":"Csepp csajszi","category_string":"Otthon & \u00c9letm\u00f3d, B\u00fator, Fogas","technic_string":"Famegmunk\u00e1l\u00e1s, Fest\u00e9szet","category_1":"813","category_2":"313","category_3":"932","category_4":"0","merged_category_1":null,"merged_category_2":null,"merged_category_3":null,"technic_1":"478","technic_2":"480","technic_3":"0","color_1":"520","color_2":"521","color_3":"523","product_description_old":null,"product_description":"\u00dajrahasznos\u00edtott faanyag  ( \u00e1gyr\u00e1cs ) felhaszn\u00e1l\u00e1s\u00e1vak k\u00e9sz\u00fclt ez az egyedi, saj\u00e1t tervez\u00e9s\u0171 munk\u00e1m, amely dekornak, de a b\u00e1traknak el\u0151szoba falk\u00e9nt  is sz\u00e9p alkaszt\u00e1sra val\u00f3 lehet  :) \nEbben az esetben az akaszt\u00f3k sz\u00e1m\u00e1t \u00e9s fajt\u00e1j\u00e1t Te hat\u00e1rozod meg, \u00e9s \u00e9n azokat r\u00f6gz\u00edtem a f\u00e1ra.\n\nA m\u00e9retek : 60 cm-es l\u00e9cekb\u0151l k\u00e9sz\u00fclt, a teljes kiterjeszt\u00e9se  35 x  70 cm.  \nHaszn\u00e1lt anyagok : feny\u0151fa l\u00e9cek, amelyek picit homor\u00faak, \u00edgy plasztikusabb lett a falik\u00e9p, akril fest\u00e9k, gess\u00f3 alapoz\u00f3, \u00e9s lakk fix a v\u00e9delem miatt.\n\nSzem\u00e9lyes \u00e1tv\u00e9tel P\u00e1tyon \u00e9s Budapesten, ill. a nagyon k\u00f6ny\u00e9k\u00e9n :) , a m\u00e9rete miatt nem post\u00e1zom. \n\nMiel\u0151tt a kos\u00e1rba teszed, \u00edrj \u00fczenetet k\u00e9rlek.","price":"45000.00","unit":"db","recommended":"0","status":"1","sponsored":"0","exp_notify":"0","own_material":"0","own_material_description_old":null,"own_material_description":"","jury":"0","jury_number":"","product_nature":"","meskaracsony":"0","create_date":"2026-04-27 18:19:41","shelve_id":"80853","image":"molnartilcsi_product_233361_220428233202_769978.jpeg","image_width":"480","image_height":"1011","image_alt":"Csepp csajszi, \u00dajrahasznos\u00edtott faanyag  ( \u00e1gyr\u00e1cs ) felhaszn\u00e1l\u00e1s\u00e1vak k\u00e9sz\u00fclt ez az egyedi, saj\u00e1t tervez\u00e9s\u0171 munk\u00e1m,..., Meska","image_title":"Csepp csajszi, Meska","view_count":"1801","favourite_count":"0","trending_score":"0","last2MonthFavouriteCount":"0","promotion":"0","giftcard_accept":"0","creditcard_accept":false,"enhanced_background":"0","domain":"meska","specific_customer_id":null,"specific_customer_name":null,"to_order_product":"0","to_order_product_time":"0","product_different":null,"product_different_description":"","vintage":"1","vintage_category_id":"885","recycled":"0","gemstone_id":"0","customizable":"0","type_category":"physical","zerowaste":"1","postage_price":"0.00","shop_order":"1","has_category":"1","landing_pages":null,"microdata":{"number":4,"category":""},"title":"Csepp csajszi","description":"\u00dajrahasznos\u00edtott faanyag  ( \u00e1gyr\u00e1cs ) felhaszn\u00e1l\u00e1s\u00e1vak k\u00e9sz\u00fclt ez az egyedi, saj\u00e1t tervez\u00e9s\u0171 munk\u00e1m, amely dekornak, de a b\u00e1traknak el\u0151szoba falk\u00e9nt  is sz\u00e9p alkaszt\u00e1sra val\u00f3 lehet  :) \nEbben az esetben az akaszt\u00f3k sz\u00e1m\u00e1t \u00e9s fajt\u00e1j\u00e1t Te hat\u00e1rozod meg, \u00e9s \u00e9n azokat r\u00f6gz\u00edtem a f\u00e1ra.\n\nA m\u00e9retek : 60 cm-es l\u00e9cekb\u0151l k\u00e9sz\u00fclt, a teljes kiterjeszt\u00e9se  35 x  70 cm.  \nHaszn\u00e1lt anyagok : feny\u0151fa l\u00e9cek, amelyek picit homor\u00faak, \u00edgy plasztikusabb lett a falik\u00e9p, akril fest\u00e9k, gess\u00f3 alapoz\u00f3, \u00e9s lakk fix a v\u00e9delem miatt.\n\nSzem\u00e9lyes \u00e1tv\u00e9tel P\u00e1tyon \u00e9s Budapesten, ill. a nagyon k\u00f6ny\u00e9k\u00e9n :) , a m\u00e9rete miatt nem post\u00e1zom. \n\nMiel\u0151tt a kos\u00e1rba teszed, \u00edrj \u00fczenetet k\u00e9rlek.","score":0,"formatted_price":"45 000 Ft","image_url":"https:\/\/www.meska.hu\/img\/product\/small\/m\/o\/molnartilcsi_product_233361_220428233202_769978.jpeg","formatted_url":"https:\/\/www.meska.hu\/p4608241-csepp-csajszi","favourite":false,"in_stock":true,"avatar":"MolnARTIlcsi_avatar_233361_1657524590.jpg","delete_from":0,"is_enhanced_background":false,"is_enhanced":false,"product_selection_started":false,"is_active":true,"image_webp_url":"https:\/\/www.meska.hu\/img\/product\/small\/m\/o\/molnartilcsi_product_233361_220428233202_769978.webp"},{"id":"4468279","shop_id":"21890","user_id":"233361","shop_name":"MolnARTIlcsi","shop_zip":"2071","product_code":"4607084","product_name_old":null,"product_name":"Vir\u00e1gb\u00f3l sz\u00fcletett kalapos ","category_string":"Otthon & \u00c9letm\u00f3d, B\u00fator, Fogas","technic_string":"Famegmunk\u00e1l\u00e1s, Fest\u00e9szet","category_1":"813","category_2":"313","category_3":"932","category_4":"0","merged_category_1":null,"merged_category_2":null,"merged_category_3":null,"technic_1":"478","technic_2":"480","technic_3":"0","color_1":"520","color_2":"521","color_3":"523","product_description_old":null,"product_description":"\u00dajrahasznos\u00edtott faanyag  ( \u00e1gyr\u00e1cs ) felhaszn\u00e1l\u00e1s\u00e1vak k\u00e9sz\u00fclt ez az egyedi, saj\u00e1t tervez\u00e9s\u0171 munk\u00e1m, amely dekornak, de a b\u00e1traknak el\u0151szoba falk\u00e9nt  is sz\u00e9p alkaszt\u00e1sra val\u00f3 lehet  :) \nEbben az esetben az akaszt\u00f3k sz\u00e1m\u00e1t \u00e9s fajt\u00e1j\u00e1t Te hat\u00e1rozod meg, \u00e9s \u00e9n azokat r\u00f6gz\u00edtem a f\u00e1ra.\n\nA m\u00e9retek : 60 cm-es l\u00e9cekb\u0151l k\u00e9sz\u00fclt, a teljes kiterjeszt\u00e9se  110 x  80 cm.  \nHaszn\u00e1lt anyagok : feny\u0151fa l\u00e9cek, amelyek picit homor\u00faak, \u00edgy plasztikusabb lett a falik\u00e9p, akril fest\u00e9k, gess\u00f3 alapoz\u00f3, \u00e9s lakk fix a v\u00e9delem miatt.\n\nSzem\u00e9lyes \u00e1tv\u00e9tel P\u00e1tyon \u00e9s Budapesten, ill. a nagyon k\u00f6ny\u00e9k\u00e9n :) , a m\u00e9rete miatt nem post\u00e1zom. \n\nMiel\u0151tt a kos\u00e1rba teszed, \u00edrj \u00fczenetet k\u00e9rlek.","price":"95000.00","unit":"db","recommended":"0","status":"1","sponsored":"0","exp_notify":"0","own_material":"0","own_material_description_old":null,"own_material_description":"","jury":"0","jury_number":"","product_nature":"","meskaracsony":"0","create_date":"2026-04-27 18:19:38","shelve_id":"80853","image":"molnartilcsi_product_233361_220427205118_672289.jpeg","image_width":"480","image_height":"563","image_alt":"Vir\u00e1gb\u00f3l sz\u00fcletett kalapos , \u00dajrahasznos\u00edtott faanyag  ( \u00e1gyr\u00e1cs ) felhaszn\u00e1l\u00e1s\u00e1vak k\u00e9sz\u00fclt ez az egyedi, saj\u00e1t tervez\u00e9s\u0171 munk\u00e1m,..., Meska","image_title":"Vir\u00e1gb\u00f3l sz\u00fcletett kalapos , Meska","view_count":"1421","favourite_count":"0","trending_score":"0","last2MonthFavouriteCount":"0","promotion":"0","giftcard_accept":"0","creditcard_accept":false,"enhanced_background":"0","domain":"meska","specific_customer_id":null,"specific_customer_name":null,"to_order_product":"0","to_order_product_time":"0","product_different":null,"product_different_description":"","vintage":"1","vintage_category_id":"885","recycled":"0","gemstone_id":"0","customizable":"0","type_category":"physical","zerowaste":"1","postage_price":"0.00","shop_order":"1","has_category":"1","landing_pages":null,"microdata":{"number":5,"category":""},"title":"Vir\u00e1gb\u00f3l sz\u00fcletett kalapos ","description":"\u00dajrahasznos\u00edtott faanyag  ( \u00e1gyr\u00e1cs ) felhaszn\u00e1l\u00e1s\u00e1vak k\u00e9sz\u00fclt ez az egyedi, saj\u00e1t tervez\u00e9s\u0171 munk\u00e1m, amely dekornak, de a b\u00e1traknak el\u0151szoba falk\u00e9nt  is sz\u00e9p alkaszt\u00e1sra val\u00f3 lehet  :) \nEbben az esetben az akaszt\u00f3k sz\u00e1m\u00e1t \u00e9s fajt\u00e1j\u00e1t Te hat\u00e1rozod meg, \u00e9s \u00e9n azokat r\u00f6gz\u00edtem a f\u00e1ra.\n\nA m\u00e9retek : 60 cm-es l\u00e9cekb\u0151l k\u00e9sz\u00fclt, a teljes kiterjeszt\u00e9se  110 x  80 cm.  \nHaszn\u00e1lt anyagok : feny\u0151fa l\u00e9cek, amelyek picit homor\u00faak, \u00edgy plasztikusabb lett a falik\u00e9p, akril fest\u00e9k, gess\u00f3 alapoz\u00f3, \u00e9s lakk fix a v\u00e9delem miatt.\n\nSzem\u00e9lyes \u00e1tv\u00e9tel P\u00e1tyon \u00e9s Budapesten, ill. a nagyon k\u00f6ny\u00e9k\u00e9n :) , a m\u00e9rete miatt nem post\u00e1zom. \n\nMiel\u0151tt a kos\u00e1rba teszed, \u00edrj \u00fczenetet k\u00e9rlek.","score":0,"formatted_price":"95 000 Ft","image_url":"https:\/\/www.meska.hu\/img\/product\/small\/m\/o\/molnartilcsi_product_233361_220427205118_672289.jpeg","formatted_url":"https:\/\/www.meska.hu\/p4607084-viragbol-szuletett-kalapos","favourite":false,"in_stock":true,"avatar":"MolnARTIlcsi_avatar_233361_1657524590.jpg","delete_from":0,"is_enhanced_background":false,"is_enhanced":false,"product_selection_started":false,"is_active":true,"image_webp_url":"https:\/\/www.meska.hu\/img\/product\/small\/m\/o\/molnartilcsi_product_233361_220427205118_672289.webp"},{"id":"4825662","shop_id":"34099","user_id":"443363","shop_name":"Existsdesign","shop_zip":"4002","product_code":"4971526","product_name_old":null,"product_name":"Rusztikus k\u00fclt\u00e9ri \u00e9tkez\u0151 asztal, t\u00f6m\u00f6rfa kerti eb\u00e9dl\u0151asztal feny\u0151b\u0151l, v\u00f6r\u00f6s sz\u00ednben, 3m","category_string":"Otthon & \u00c9letm\u00f3d, B\u00fator, Asztal","technic_string":"Famegmunk\u00e1l\u00e1s","category_1":"813","category_2":"313","category_3":"558","category_4":"0","merged_category_1":"0","merged_category_2":"0","merged_category_3":"785","technic_1":"478","technic_2":"0","technic_3":"0","color_1":"520","color_2":"568","color_3":"523","product_description_old":null,"product_description":"Rusztikus gerend\u00e1kb\u00f3l \u00e9s pall\u00f3kb\u00f3l k\u00e9sz\u00fclt asztal, hossz\u00fas\u00e1ga 300 cm, sz\u00e9less\u00e9ge 90 cm, magass\u00e1ga 80 cm.\n\nRusztikus b\u00fatorok eset\u00e9ben sokszor gondot okoz a tisztihat\u00f3s\u00e1g. Itt az utols\u00f3 r\u00e9teg egy matt lakk lett, \u00edgy meg\u0151rizte a fa a term\u00e9szetes erezet\u00e9t, viszont k\u00f6nnyen tiszt\u00edthat\u00f3 is.\n\nIg\u00e9ny szerint el tudom k\u00e9sz\u00edteni m\u00e1s m\u00e9retekben \u00e9s sz\u00ednekben is. A k\u00e9pen l\u00e1that\u00f3 cseresznye sz\u00ednben k\u00e9sz\u00fclt. El\u0151leg fizet\u00e9s is megbesz\u00e9lhet\u0151.\n\nA m\u00e9retei miatt javasolt a szem\u00e9lyes \u00e1tv\u00e9tel, de ak\u00e1r fut\u00e1rszolg\u00e1lattal is kik\u00fcldhet\u0151.\n","price":"230000.00","unit":"db","recommended":"0","status":"1","sponsored":"0","exp_notify":"0","own_material":"0","own_material_description_old":null,"own_material_description":"","jury":"0","jury_number":"","product_nature":"","meskaracsony":"0","create_date":"2026-04-26 20:32:14","shelve_id":"0","image":"existsdesign_product_443363_230512191021_159344.jpeg","image_width":"480","image_height":"640","image_alt":"Rusztikus k\u00fclt\u00e9ri \u00e9tkez\u0151 asztal, t\u00f6m\u00f6rfa kerti eb\u00e9dl\u0151asztal feny\u0151b\u0151l, v\u00f6r\u00f6s sz\u00ednben, 3m, Rusztikus gerend\u00e1kb\u00f3l \u00e9s pall\u00f3kb\u00f3l k\u00e9sz\u00fclt asztal, hossz\u00fas\u00e1ga 300 cm, sz\u00e9less\u00e9ge 90 cm, magass\u00e1ga 80..., Meska","image_title":"Rusztikus k\u00fclt\u00e9ri \u00e9tkez\u0151 asztal, t\u00f6m\u00f6rfa kerti eb\u00e9dl\u0151asztal feny\u0151b\u0151l, v\u00f6r\u00f6s sz\u00ednben, 3m, Meska","view_count":"1723","favourite_count":"0","trending_score":"0","last2MonthFavouriteCount":"0","promotion":"0","giftcard_accept":"0","creditcard_accept":true,"enhanced_background":"0","domain":"meska","specific_customer_id":null,"specific_customer_name":null,"to_order_product":"1","to_order_product_time":"30","product_different":"quite_different","product_different_description":"Enyh\u00e9n elt\u00e9rhet az \u00e1rnyalat, a fa erezete.","vintage":"0","vintage_category_id":"0","recycled":"0","gemstone_id":"0","customizable":"0","type_category":"physical","zerowaste":"0","postage_price":"18500.00","shop_order":"0","has_category":"1","landing_pages":null,"microdata":{"number":6,"category":""},"title":"Rusztikus k\u00fclt\u00e9ri \u00e9tkez\u0151 asztal, t\u00f6m\u00f6rfa kerti eb\u00e9dl\u0151asztal feny\u0151b\u0151l, v\u00f6r\u00f6s sz\u00ednben, 3m","description":"Rusztikus gerend\u00e1kb\u00f3l \u00e9s pall\u00f3kb\u00f3l k\u00e9sz\u00fclt asztal, hossz\u00fas\u00e1ga 300 cm, sz\u00e9less\u00e9ge 90 cm, magass\u00e1ga 80 cm.\n\nRusztikus b\u00fatorok eset\u00e9ben sokszor gondot okoz a tisztihat\u00f3s\u00e1g. Itt az utols\u00f3 r\u00e9teg egy matt lakk lett, \u00edgy meg\u0151rizte a fa a term\u00e9szetes erezet\u00e9t, viszont k\u00f6nnyen tiszt\u00edthat\u00f3 is.\n\nIg\u00e9ny szerint el tudom k\u00e9sz\u00edteni m\u00e1s m\u00e9retekben \u00e9s sz\u00ednekben is. A k\u00e9pen l\u00e1that\u00f3 cseresznye sz\u00ednben k\u00e9sz\u00fclt. El\u0151leg fizet\u00e9s is megbesz\u00e9lhet\u0151.\n\nA m\u00e9retei miatt javasolt a szem\u00e9lyes \u00e1tv\u00e9tel, de ak\u00e1r fut\u00e1rszolg\u00e1lattal is kik\u00fcldhet\u0151.\n","score":0,"formatted_price":"230 000 Ft","image_url":"https:\/\/www.meska.hu\/img\/product\/small\/e\/x\/existsdesign_product_443363_230512191021_159344.jpeg","formatted_url":"https:\/\/www.meska.hu\/p4971526-3-meter-hosszu-rusztikus-ebedlo-asztal-teraszra-kulteri-etkezo-asztal","favourite":false,"in_stock":false,"avatar":"RRdesign_avatar_443363_1673113735.jpg","delete_from":0,"is_enhanced_background":false,"is_enhanced":false,"product_selection_started":false,"is_active":true,"image_webp_url":"https:\/\/www.meska.hu\/img\/product\/small\/e\/x\/existsdesign_product_443363_230512191021_159344.webp"},{"id":"3397333","shop_id":"7767","user_id":"34210","shop_name":"hermareszdekor","shop_zip":"4551","product_code":"2867619","product_name_old":null,"product_name":"FENY\u0150 FALIPOLC K\u00d6NYVESPOLC ","category_string":"Otthon & \u00c9letm\u00f3d, B\u00fator, Polc","technic_string":"Famegmunk\u00e1l\u00e1s, Festett t\u00e1rgyak","category_1":"813","category_2":"313","category_3":"560","category_4":"0","merged_category_1":"0","merged_category_2":"0","merged_category_3":"785","technic_1":"478","technic_2":"481","technic_3":"0","color_1":"519","color_2":"523","color_3":"525","product_description_old":null,"product_description":"Feny\u0151fa fali k\u00f6nyvespolc \n\nHermaresz dekor\n\n\nFeny\u0151f\u00e1b\u00f3l k\u00e9sz\u00fclt k\u00e9zzel festett falipolc\n\n\nSz\u00e9p egyszer\u0171 aj\u00e1nd\u00e9k mely nagyon hasznos is:)\n\nFeny\u0151 alapanyagb\u00f3l k\u00e9sz\u00fclt egyedi k\u00e9zi dekor\u00e1l\u00e1ssal.\n\n\nT\u00f6bbsz\u00f6r\u00f6sen le van lakkozva!\n\nM\u00e9rete:\n\n\nteljes sz\u00e9less\u00e9ge:50cm\n\n\npolc m\u00e9lys\u00e9ge: 20cm\n\nA polc magass\u00e1ga a mint\u00e1t\u00f3l f\u00fcgg!\n\n\nNagyobb m\u00e9retben is elk\u00e9sz\u00edtem ,az \u00e1r\u00e1r\u00f3l \u00fczenetben \u00e9rdekl\u0151dhetsz!\n\n\nK\u00e9r\u00e9sre m\u00e1s mint\u00e1val is elk\u00e9sz\u00edtem!\n\n\nMEGRENDEL\u00c9SRE K\u00c9SZ\u00cdTEM 5 MUNKANAP ALATT (EL\u0150FORDULHAT HOGY VAN K\u00c9SZLETEN AKKOR EZ AZ ID\u0150 LER\u00d6VID\u00dcL,B\u00c1TRAN K\u00c9RDEZZ!)\n\n\nK\u00c9RLEK LICIT\u00c1L\u00c1SKOR VEDD FIGYELEMBE. a V\u00c9TEL\u00c1RAT 3 MUNKANAPON BEL\u00dcL K\u00c9REM ,VAGY EL\u0150ZETES EGYEZTET\u00c9S UT\u00c1N VAN LEHET\u0150S\u00c9G HALASZT\u00c1SRA.\n\n\nPOSTA A Magyar posta d\u00edjszab\u00e1s\u00e1nak megfelel\u0151en, kiz\u00e1r\u00f3lag el\u0151re utal\u00e1s ut\u00e1n!\n\n\n SZEM\u00c9LYESEN NY\u00cdREGYH\u00c1Z\u00c1N VEHET\u0150 \u00c1T!\n\n\nN\u00c9ZZ SZ\u00c9T N\u00c1LAM SOK TERM\u00c9KET T\u00d6LT\u00d6K FEL!\n\n\nS\u00e1mli, gyerekszobai \u00f3ra, magass\u00e1gm\u00e9r\u0151, kincsesl\u00e1da stb...","price":"12500.00","unit":"db","recommended":"0","status":"1","sponsored":"0","exp_notify":"0","own_material":"0","own_material_description_old":null,"own_material_description":"","jury":"0","jury_number":"","product_nature":"","meskaracsony":"0","create_date":"2026-04-26 13:31:27","shelve_id":"21456","image":"hermareszdekor_product_34210_170718162747_934718.jpeg","image_width":"480","image_height":"360","image_alt":"FENY\u0150 FALIPOLC K\u00d6NYVESPOLC , Feny\u0151fa fali k\u00f6nyvespolc \\n\\nHermaresz dekor\\n\\n\\nFeny\u0151f\u00e1b\u00f3l k\u00e9sz\u00fclt k\u00e9zzel festett falipolc\\n\\n\\nSz\u00e9p egysz..., Meska","image_title":"FENY\u0150 FALIPOLC K\u00d6NYVESPOLC , Meska","view_count":"1432","favourite_count":"0","trending_score":"0","last2MonthFavouriteCount":"0","promotion":"0","giftcard_accept":"1","creditcard_accept":false,"enhanced_background":"0","domain":"meska","specific_customer_id":null,"specific_customer_name":null,"to_order_product":"1","to_order_product_time":"10","product_different":"quite_different","product_different_description":"Sz\u00edn\u00e1rnyalat","vintage":"0","vintage_category_id":"0","recycled":"0","gemstone_id":"0","customizable":"0","type_category":"physical","zerowaste":"0","postage_price":"4500.00","shop_order":"0","has_category":"1","landing_pages":null,"microdata":{"number":7,"category":""},"title":"FENY\u0150 FALIPOLC K\u00d6NYVESPOLC ","description":"Feny\u0151fa fali k\u00f6nyvespolc \n\nHermaresz dekor\n\n\nFeny\u0151f\u00e1b\u00f3l k\u00e9sz\u00fclt k\u00e9zzel festett falipolc\n\n\nSz\u00e9p egyszer\u0171 aj\u00e1nd\u00e9k mely nagyon hasznos is:)\n\nFeny\u0151 alapanyagb\u00f3l k\u00e9sz\u00fclt egyedi k\u00e9zi dekor\u00e1l\u00e1ssal.\n\n\nT\u00f6bbsz\u00f6r\u00f6sen le van lakkozva!\n\nM\u00e9rete:\n\n\nteljes sz\u00e9less\u00e9ge:50cm\n\n\npolc m\u00e9lys\u00e9ge: 20cm\n\nA polc magass\u00e1ga a mint\u00e1t\u00f3l f\u00fcgg!\n\n\nNagyobb m\u00e9retben is elk\u00e9sz\u00edtem ,az \u00e1r\u00e1r\u00f3l \u00fczenetben \u00e9rdekl\u0151dhetsz!\n\n\nK\u00e9r\u00e9sre m\u00e1s mint\u00e1val is elk\u00e9sz\u00edtem!\n\n\nMEGRENDEL\u00c9SRE K\u00c9SZ\u00cdTEM 5 MUNKANAP ALATT (EL\u0150FORDULHAT HOGY VAN K\u00c9SZLETEN AKKOR EZ AZ ID\u0150 LER\u00d6VID\u00dcL,B\u00c1TRAN K\u00c9RDEZZ!)\n\n\nK\u00c9RLEK LICIT\u00c1L\u00c1SKOR VEDD FIGYELEMBE. a V\u00c9TEL\u00c1RAT 3 MUNKANAPON BEL\u00dcL K\u00c9REM ,VAGY EL\u0150ZETES EGYEZTET\u00c9S UT\u00c1N VAN LEHET\u0150S\u00c9G HALASZT\u00c1SRA.\n\n\nPOSTA A Magyar posta d\u00edjszab\u00e1s\u00e1nak megfelel\u0151en, kiz\u00e1r\u00f3lag el\u0151re utal\u00e1s ut\u00e1n!\n\n\n SZEM\u00c9LYESEN NY\u00cdREGYH\u00c1Z\u00c1N VEHET\u0150 \u00c1T!\n\n\nN\u00c9ZZ SZ\u00c9T N\u00c1LAM SOK TERM\u00c9KET T\u00d6LT\u00d6K FEL!\n\n\nS\u00e1mli, gyerekszobai \u00f3ra, magass\u00e1gm\u00e9r\u0151, kincsesl\u00e1da stb...","score":0,"formatted_price":"12 500 Ft","image_url":"https:\/\/www.meska.hu\/img\/product\/small\/h\/e\/hermareszdekor_product_34210_170718162747_934718.jpeg","formatted_url":"https:\/\/www.meska.hu\/p2867619-fenyo-falipolc-konyvespolc","favourite":false,"in_stock":false,"avatar":"hermareszdekor_avatar_34210_1535693442.jpg","delete_from":0,"is_enhanced_background":false,"is_enhanced":false,"product_selection_started":false,"is_active":true,"image_webp_url":"https:\/\/www.meska.hu\/img\/product\/small\/h\/e\/hermareszdekor_product_34210_170718162747_934718.webp"},{"id":"5167610","shop_id":"4329","user_id":"15761","shop_name":"GabrielArt","shop_zip":"4027","product_code":"5178040","product_name_old":null,"product_name":"LUX babzs\u00e1k mini m\u00e9retben, s\u00f6t\u00e9tpiros","category_string":"Otthon & \u00c9letm\u00f3d, B\u00fator, Babzs\u00e1kfotel , Babzs\u00e1k","technic_string":"Varr\u00e1s","category_1":"813","category_2":"313","category_3":"1718","category_4":"777","merged_category_1":"0","merged_category_2":"0","merged_category_3":"785","technic_1":"506","technic_2":"0","technic_3":"0","color_1":"523","color_2":"0","color_3":"0","product_description_old":null,"product_description":"\u00daj, modern, extra k\u00e9nyelmes fazon gyerekeknek, ak\u00e1r kamaszoknak is, melyet a term\u00e9szetes, organikus forma jellemez.\nMin\u0151s\u00e9gi b\u00fatorsz\u00f6vetb\u0151l, ig\u00e9nyesen k\u00e9sz\u00fclt, levehet\u0151, moshat\u00f3 k\u00fcls\u0151 huzattal, ut\u00e1nt\u00f6lthet\u0151, cipz\u00e1rral ell\u00e1tott bels\u0151 huzattal.\nM\u00e9retek: magass\u00e1ga 60cm, hossz\u00fas\u00e1ga 75cm, sz\u00e9less\u00e9ge 85cm, \u00fcl\u0151magass\u00e1g kb. 25cm.\nMin\u0151s\u00e9gi polisztirol gy\u00f6ngy t\u00f6ltettel.\n\n","price":"34800.00","unit":"db","recommended":"0","status":"1","sponsored":"0","exp_notify":"0","own_material":"0","own_material_description_old":null,"own_material_description":"","jury":"0","jury_number":"","product_nature":"","meskaracsony":"0","create_date":"2026-04-25 16:24:12","shelve_id":"8465","image":"gabrielart_product_15761_240108140347_432973.png","image_width":"480","image_height":"480","image_alt":"LUX babzs\u00e1k mini m\u00e9retben, s\u00f6t\u00e9tpiros, \u00daj, modern, extra k\u00e9nyelmes fazon gyerekeknek, ak\u00e1r kamaszoknak is, melyet a term\u00e9szetes, organikus ..., Meska","image_title":"LUX babzs\u00e1k mini m\u00e9retben, s\u00f6t\u00e9tpiros, Meska","view_count":"807","favourite_count":"0","trending_score":"0","last2MonthFavouriteCount":"0","promotion":"0","giftcard_accept":"0","creditcard_accept":false,"enhanced_background":"0","domain":"meska","specific_customer_id":null,"specific_customer_name":null,"to_order_product":"0","to_order_product_time":"0","product_different":null,"product_different_description":"","vintage":"0","vintage_category_id":"0","recycled":"0","gemstone_id":"0","customizable":"0","type_category":"physical","zerowaste":"0","postage_price":"4990.00","shop_order":"389","has_category":"1","landing_pages":null,"microdata":{"number":8,"category":""},"title":"LUX babzs\u00e1k mini m\u00e9retben, s\u00f6t\u00e9tpiros","description":"\u00daj, modern, extra k\u00e9nyelmes fazon gyerekeknek, ak\u00e1r kamaszoknak is, melyet a term\u00e9szetes, organikus forma jellemez.\nMin\u0151s\u00e9gi b\u00fatorsz\u00f6vetb\u0151l, ig\u00e9nyesen k\u00e9sz\u00fclt, levehet\u0151, moshat\u00f3 k\u00fcls\u0151 huzattal, ut\u00e1nt\u00f6lthet\u0151, cipz\u00e1rral ell\u00e1tott bels\u0151 huzattal.\nM\u00e9retek: magass\u00e1ga 60cm, hossz\u00fas\u00e1ga 75cm, sz\u00e9less\u00e9ge 85cm, \u00fcl\u0151magass\u00e1g kb. 25cm.\nMin\u0151s\u00e9gi polisztirol gy\u00f6ngy t\u00f6ltettel.\n\n","score":0,"formatted_price":"34 800 Ft","image_url":"https:\/\/www.meska.hu\/img\/product\/small\/g\/a\/gabrielart_product_15761_240108140347_432973.png","formatted_url":"https:\/\/www.meska.hu\/p5178040-lux-babzsak-mini-meretben-sotetpiros","favourite":false,"in_stock":true,"avatar":"GabrielArt_avatar_15761_1585229139.jpg","delete_from":0,"is_enhanced_background":false,"is_enhanced":false,"product_selection_started":false,"is_active":true,"image_webp_url":"https:\/\/www.meska.hu\/img\/product\/small\/g\/a\/gabrielart_product_15761_240108140347_432973.webp"},{"id":"3389499","shop_id":"21192","user_id":"217844","shop_name":"timika111","shop_zip":"94701","product_code":"3394047","product_name_old":null,"product_name":"Polc - Cafe de Paris","category_string":"Otthon & \u00c9letm\u00f3d, B\u00fator, Polc","technic_string":"Famegmunk\u00e1l\u00e1s, Festett t\u00e1rgyak","category_1":"813","category_2":"313","category_3":"560","category_4":"0","merged_category_1":"0","merged_category_2":"0","merged_category_3":"785","technic_1":"478","technic_2":"481","technic_3":"0","color_1":"519","color_2":"520","color_3":"523","product_description_old":null,"product_description":"A  polc egy eredeti vintage st\u00edlus\u00fa kieg\u00e9sz\u00edt\u0151, jellegzetesen patin\u00e1zott, hogy vintage hat\u00e1st keltsen. A fest\u00e9k t\u00f6bb r\u00e9tegben van felhordva, majd le van csiszolva \u00e9s viasszal van fix\u00e1lva.A felfogat\u00e1s\u00e1hoz k\u00e9t darab kamp\u00f3 van a h\u00e1tulj\u00e1ra er\u0151s\u00edtve. \nA polc \u00faj f\u00e1b\u00f3l van k\u00e9sz\u00edtve (lucfeny\u0151, bor\u00f3kafeny\u0151). Amennyiben hasonl\u00f3, de m\u00e1s sz\u00edn\u0171, illetve m\u00e9ret\u0171 term\u00e9k ir\u00e1nt \u00e9rdekl\u0151dne, biztosan meg tudunk egyezni.   \nM\u00e9ret: 69cm\/sz\u00e9less\u00e9g 36cm\/ polc m\u00e9lys\u00e9ge15cm","price":"27700.00","unit":"db","recommended":"0","status":"1","sponsored":"0","exp_notify":"0","own_material":"0","own_material_description_old":null,"own_material_description":"","jury":"0","jury_number":"","product_nature":"","meskaracsony":"0","create_date":"2026-04-21 20:54:17","shelve_id":"0","image":"timika111_product_217844_190407094327_175342.jpeg","image_width":"480","image_height":"719","image_alt":"Polc - Cafe de Paris, A  polc egy eredeti vintage st\u00edlus\u00fa kieg\u00e9sz\u00edt\u0151, jellegzetesen patin\u00e1zott, hogy vintage hat\u00e1st keltse..., Meska","image_title":"Polc - Cafe de Paris, Meska","view_count":"2696","favourite_count":"0","trending_score":"0","last2MonthFavouriteCount":"0","promotion":"0","giftcard_accept":"0","creditcard_accept":false,"enhanced_background":"0","domain":"meska","specific_customer_id":null,"specific_customer_name":null,"to_order_product":"1","to_order_product_time":"14","product_different":"quite_different","product_different_description":"A fa csiszol\u00e1s\u00e1val elt\u00e9r\u00f3 patina alakul ki. ","vintage":"0","vintage_category_id":"0","recycled":"0","gemstone_id":"0","customizable":"0","type_category":"physical","zerowaste":"0","postage_price":"1800.00","shop_order":"0","has_category":"1","landing_pages":null,"microdata":{"number":9,"category":""},"title":"Polc - Cafe de Paris","description":"A  polc egy eredeti vintage st\u00edlus\u00fa kieg\u00e9sz\u00edt\u0151, jellegzetesen patin\u00e1zott, hogy vintage hat\u00e1st keltsen. A fest\u00e9k t\u00f6bb r\u00e9tegben van felhordva, majd le van csiszolva \u00e9s viasszal van fix\u00e1lva.A felfogat\u00e1s\u00e1hoz k\u00e9t darab kamp\u00f3 van a h\u00e1tulj\u00e1ra er\u0151s\u00edtve. \nA polc \u00faj f\u00e1b\u00f3l van k\u00e9sz\u00edtve (lucfeny\u0151, bor\u00f3kafeny\u0151). Amennyiben hasonl\u00f3, de m\u00e1s sz\u00edn\u0171, illetve m\u00e9ret\u0171 term\u00e9k ir\u00e1nt \u00e9rdekl\u0151dne, biztosan meg tudunk egyezni.   \nM\u00e9ret: 69cm\/sz\u00e9less\u00e9g 36cm\/ polc m\u00e9lys\u00e9ge15cm","score":0,"formatted_price":"27 700 Ft","image_url":"https:\/\/www.meska.hu\/img\/product\/small\/t\/i\/timika111_product_217844_190407094327_175342.jpeg","formatted_url":"https:\/\/www.meska.hu\/p3394047-polc-cafe-de-paris","favourite":false,"in_stock":false,"avatar":"timika111_avatar_217844.jpg","delete_from":0,"is_enhanced_background":false,"is_enhanced":false,"product_selection_started":false,"is_active":true,"image_webp_url":"https:\/\/www.meska.hu\/img\/product\/small\/t\/i\/timika111_product_217844_190407094327_175342.webp"},{"id":"6057152","shop_id":"48428","user_id":"709313","shop_name":"ChristopfCreation","shop_zip":"5515","product_code":"5694092","product_name_old":null,"product_name":"Karosl\u00e1da","category_string":"Otthon & \u00c9letm\u00f3d, B\u00fator, M\u00e1s b\u00fator","technic_string":"Festett t\u00e1rgyak, Famegmunk\u00e1l\u00e1s","category_1":"813","category_2":"313","category_3":"935","category_4":"0","merged_category_1":null,"merged_category_2":null,"merged_category_3":null,"technic_1":"481","technic_2":"478","technic_3":"0","color_1":"519","color_2":"523","color_3":"529","product_description_old":null,"product_description":"Fel\u00faj\u00edtott karos l\u00e1da. N\u00e9pm\u0171v\u00e9szeti mot\u00edvumokkal, illetve a magyar n\u00e9phagyom\u00e1nyban eml\u00edtett \u00e1llatokkal d\u00edsz\u00edtve. ","price":"30000.00","unit":"db","recommended":"0","status":"1","sponsored":"0","exp_notify":"0","own_material":"0","own_material_description_old":null,"own_material_description":"","jury":"0","jury_number":"","product_nature":"","meskaracsony":"0","create_date":"2026-04-20 15:44:23","shelve_id":"0","image":"christopfcreation_product_709313_251220172536_916475.jpeg","image_width":"480","image_height":"375","image_alt":"Karosl\u00e1da, Fel\u00faj\u00edtott karos l\u00e1da. N\u00e9pm\u0171v\u00e9szeti mot\u00edvumokkal, illetve a magyar n\u00e9phagyom\u00e1nyban eml\u00edtett \u00e1llatokk..., Meska","image_title":"Karosl\u00e1da, Meska","view_count":"205","favourite_count":"0","trending_score":"0","last2MonthFavouriteCount":"0","promotion":"0","giftcard_accept":"0","creditcard_accept":true,"enhanced_background":"0","domain":"meska","specific_customer_id":null,"specific_customer_name":null,"to_order_product":"0","to_order_product_time":"0","product_different":null,"product_different_description":"","vintage":"0","vintage_category_id":"0","recycled":"1","gemstone_id":"0","customizable":"0","type_category":"physical","zerowaste":"0","postage_price":"1290.00","shop_order":"0","has_category":"1","landing_pages":null,"microdata":{"number":10,"category":""},"title":"Karosl\u00e1da","description":"Fel\u00faj\u00edtott karos l\u00e1da. N\u00e9pm\u0171v\u00e9szeti mot\u00edvumokkal, illetve a magyar n\u00e9phagyom\u00e1nyban eml\u00edtett \u00e1llatokkal d\u00edsz\u00edtve. ","score":0,"formatted_price":"30 000 Ft","image_url":"https:\/\/www.meska.hu\/img\/product\/small\/c\/h\/christopfcreation_product_709313_251220172536_916475.jpeg","formatted_url":"https:\/\/www.meska.hu\/p5694092-karoslada","favourite":false,"in_stock":true,"avatar":"709313_avatar_1741972633.jpeg","delete_from":0,"is_enhanced_background":false,"is_enhanced":false,"product_selection_started":false,"is_active":true,"image_webp_url":"https:\/\/www.meska.hu\/img\/product\/small\/c\/h\/christopfcreation_product_709313_251220172536_916475.webp"},{"id":"3387343","shop_id":"4329","user_id":"15761","shop_name":"GabrielArt","shop_zip":"4027","product_code":"4454505","product_name_old":null,"product_name":"S\u00f6t\u00e9tk\u00e9k - piros babzs\u00e1kfotel relax feln\u0151tt","category_string":"Otthon & \u00c9letm\u00f3d, B\u00fator, Babzs\u00e1kfotel , Babzs\u00e1k","technic_string":"Varr\u00e1s","category_1":"813","category_2":"313","category_3":"1718","category_4":"777","merged_category_1":"0","merged_category_2":"0","merged_category_3":"785","technic_1":"506","technic_2":"0","technic_3":"0","color_1":"521","color_2":"523","color_3":"0","product_description_old":null,"product_description":"Sz\u00e9lesebb \u00e9s alacsonyabb fazon, k\u00e9nyelmesen el tudsz benne helyezkedni ak\u00e1r medit\u00e1ci\u00f3s p\u00f3zban is.\nDupla huzatos, ut\u00e1nt\u00f6lthet\u0151.\nM\u00e9rete: sz\u00e9less\u00e9ge 105cm, magass\u00e1ga 90cm.","price":"40800.00","unit":"db","recommended":"0","status":"1","sponsored":"0","exp_notify":"0","own_material":"0","own_material_description_old":null,"own_material_description":"","jury":"0","jury_number":"","product_nature":"","meskaracsony":"0","create_date":"2026-04-19 23:34:54","shelve_id":"8465","image":"gabrielart_product_15761_220110175401_580362.jpeg","image_width":"480","image_height":"480","image_alt":"S\u00f6t\u00e9tk\u00e9k - piros babzs\u00e1kfotel relax feln\u0151tt, Sz\u00e9lesebb \u00e9s alacsonyabb fazon, k\u00e9nyelmesen el tudsz benne helyezkedni ak\u00e1r medit\u00e1ci\u00f3s p\u00f3zban is.\\nDu..., Meska","image_title":"S\u00f6t\u00e9tk\u00e9k - piros babzs\u00e1kfotel relax feln\u0151tt, Meska","view_count":"1518","favourite_count":"0","trending_score":"0","last2MonthFavouriteCount":"0","promotion":"0","giftcard_accept":"0","creditcard_accept":false,"enhanced_background":"0","domain":"meska","specific_customer_id":null,"specific_customer_name":null,"to_order_product":"0","to_order_product_time":"0","product_different":null,"product_different_description":"","vintage":"0","vintage_category_id":"0","recycled":"0","gemstone_id":"0","customizable":"0","type_category":"physical","zerowaste":"0","postage_price":"3990.00","shop_order":"606","has_category":"1","landing_pages":null,"microdata":{"number":11,"category":""},"title":"S\u00f6t\u00e9tk\u00e9k - piros babzs\u00e1kfotel relax feln\u0151tt","description":"Sz\u00e9lesebb \u00e9s alacsonyabb fazon, k\u00e9nyelmesen el tudsz benne helyezkedni ak\u00e1r medit\u00e1ci\u00f3s p\u00f3zban is.\nDupla huzatos, ut\u00e1nt\u00f6lthet\u0151.\nM\u00e9rete: sz\u00e9less\u00e9ge 105cm, magass\u00e1ga 90cm.","score":0,"formatted_price":"40 800 Ft","image_url":"https:\/\/www.meska.hu\/img\/product\/small\/g\/a\/gabrielart_product_15761_220110175401_580362.jpeg","formatted_url":"https:\/\/www.meska.hu\/p4454505-sotetkek-piros-babzsakfotel-relax-felnott","favourite":false,"in_stock":true,"avatar":"GabrielArt_avatar_15761_1585229139.jpg","delete_from":0,"is_enhanced_background":false,"is_enhanced":false,"product_selection_started":false,"is_active":true,"image_webp_url":"https:\/\/www.meska.hu\/img\/product\/small\/g\/a\/gabrielart_product_15761_220110175401_580362.webp"},{"id":"6185432","shop_id":"36108","user_id":"122156","shop_name":"Andikeramia","shop_zip":"2336","product_code":"5773525","product_name_old":null,"product_name":"Ker\u00e1mia vir\u00e1g ","category_string":"Otthon & \u00c9letm\u00f3d, B\u00fator, Asztal","technic_string":"Ker\u00e1mia","category_1":"813","category_2":"313","category_3":"558","category_4":"0","merged_category_1":null,"merged_category_2":null,"merged_category_3":null,"technic_1":"489","technic_2":"0","technic_3":"0","color_1":"523","color_2":"526","color_3":"0","product_description_old":null,"product_description":"Feh\u00e9r agyagb\u00f3l k\u00e9sz\u00fclt, lak\u00e1sba \u00e9s kertbe egyar\u00e1nt alkalmas. Csokrokba, nem vir\u00e1gz\u00f3 n\u00f6v\u00e9nyek k\u00f6z\u00e9 t\u0171zve, vagy \u00f6nmag\u00e1ban is mutat\u00f3s. Vir\u00e1gfej \u00e1tm\u00e9r\u0151je 4,5 cm, sz\u00e1ra 2,2 mm-es z\u00f6ld m\u0171anyaggal bevont huzal, hossza 25 cm.","price":"1800.00","unit":"db","recommended":"0","status":"1","sponsored":"0","exp_notify":"0","own_material":"0","own_material_description_old":null,"own_material_description":"","jury":"0","jury_number":"","product_nature":"","meskaracsony":"0","create_date":"2026-04-19 13:22:28","shelve_id":"0","image":"andikeramia_product_122156_260415191408_186313.jpeg","image_width":"480","image_height":"1100","image_alt":"Ker\u00e1mia vir\u00e1g , Feh\u00e9r agyagb\u00f3l k\u00e9sz\u00fclt, lak\u00e1sba \u00e9s kertbe egyar\u00e1nt alkalmas. Csokrokba, nem vir\u00e1gz\u00f3 n\u00f6v\u00e9nyek k\u00f6z\u00e9 t\u0171..., Meska","image_title":"Ker\u00e1mia vir\u00e1g , Meska","view_count":"60","favourite_count":"0","trending_score":"0","last2MonthFavouriteCount":"0","promotion":"0","giftcard_accept":"0","creditcard_accept":false,"enhanced_background":"0","domain":"meska","specific_customer_id":null,"specific_customer_name":null,"to_order_product":"0","to_order_product_time":"0","product_different":null,"product_different_description":"","vintage":"0","vintage_category_id":"0","recycled":"0","gemstone_id":"0","customizable":"0","type_category":"physical","zerowaste":"0","postage_price":"2390.00","shop_order":"0","has_category":"1","landing_pages":null,"microdata":{"number":12,"category":""},"title":"Ker\u00e1mia vir\u00e1g ","description":"Feh\u00e9r agyagb\u00f3l k\u00e9sz\u00fclt, lak\u00e1sba \u00e9s kertbe egyar\u00e1nt alkalmas. Csokrokba, nem vir\u00e1gz\u00f3 n\u00f6v\u00e9nyek k\u00f6z\u00e9 t\u0171zve, vagy \u00f6nmag\u00e1ban is mutat\u00f3s. Vir\u00e1gfej \u00e1tm\u00e9r\u0151je 4,5 cm, sz\u00e1ra 2,2 mm-es z\u00f6ld m\u0171anyaggal bevont huzal, hossza 25 cm.","score":0,"formatted_price":"1 800 Ft","image_url":"https:\/\/www.meska.hu\/img\/product\/small\/a\/n\/andikeramia_product_122156_260415191408_186313.jpeg","formatted_url":"https:\/\/www.meska.hu\/p5773525-keramia-virag","favourite":false,"in_stock":true,"avatar":"122156_avatar_1641048521.jpeg","delete_from":0,"is_enhanced_background":false,"is_enhanced":false,"product_selection_started":false,"is_active":true,"image_webp_url":"https:\/\/www.meska.hu\/img\/product\/small\/a\/n\/andikeramia_product_122156_260415191408_186313.webp"},{"id":"2060871","shop_id":"2446","user_id":"8531","shop_name":"tulipanoskata","shop_zip":"8422","product_code":"3528001","product_name_old":null,"product_name":"Festett faliszekr\u00e9ny","category_string":"Otthon & \u00c9letm\u00f3d, B\u00fator","technic_string":"Famegmunk\u00e1l\u00e1s, Festett t\u00e1rgyak","category_1":"813","category_2":"313","category_3":"0","category_4":"0","merged_category_1":null,"merged_category_2":null,"merged_category_3":null,"technic_1":"478","technic_2":"481","technic_3":"0","color_1":"521","color_2":"523","color_3":"532","product_description_old":null,"product_description":"Festett t\u00e9ka, n\u00e9pm\u0171v\u00e9szeti zs\u0171rizett.\nSaj\u00e1t tervez\u00e9s \u00e9s fest\u00e9s.\nAz 500 Reform\u00e1ci\u00f3 ki\u00e1ll\u00edt\u00e1sra k\u00e9sz\u00edtettem, most elad\u00f3v\u00e1 v\u00e1lt.\nM\u00e9retei:65cmxx49cmx16cm\nBel\u00fcl egy db kivehet\u0151 polc van.\nK\u00e9r\u00e9sre az ajt\u00f3 belsej\u00e9be festhetek nevet, vagy id\u00e9zetet.\nK\u00f6sz\u00f6n\u00f6m, hogy ben\u00e9zt\u00e9l hozz\u00e1m !\n","price":"55000.00","unit":"db","recommended":"0","status":"1","sponsored":"0","exp_notify":"0","own_material":"1","own_material_description_old":null,"own_material_description":"b\u00fator k\u00e9sz\u00edt\u00e9s, fest\u00e9s","jury":"1","jury_number":"HA2235\/2017","product_nature":"","meskaracsony":"0","create_date":"2026-04-17 08:47:52","shelve_id":"17868","image":"tulipanoskata_product_8531_181016220921_646330.jpeg","image_width":"480","image_height":"674","image_alt":"Festett faliszekr\u00e9ny, Festett t\u00e9ka, n\u00e9pm\u0171v\u00e9szeti zs\u0171rizett.\\nSaj\u00e1t tervez\u00e9s \u00e9s fest\u00e9s.\\nAz 500 Reform\u00e1ci\u00f3 ki\u00e1ll\u00edt\u00e1sra k\u00e9sz\u00edt..., Meska","image_title":"Festett faliszekr\u00e9ny, Meska","view_count":"693","favourite_count":"0","trending_score":"0","last2MonthFavouriteCount":"0","promotion":"0","giftcard_accept":"0","creditcard_accept":false,"enhanced_background":"0","domain":"meska","specific_customer_id":null,"specific_customer_name":null,"to_order_product":"0","to_order_product_time":"0","product_different":null,"product_different_description":"","vintage":"0","vintage_category_id":"0","recycled":"0","gemstone_id":"0","customizable":"0","type_category":"physical","zerowaste":"0","postage_price":"3750.00","shop_order":"1","has_category":"1","landing_pages":null,"microdata":{"number":13,"category":""},"title":"Festett faliszekr\u00e9ny","description":"Festett t\u00e9ka, n\u00e9pm\u0171v\u00e9szeti zs\u0171rizett.\nSaj\u00e1t tervez\u00e9s \u00e9s fest\u00e9s.\nAz 500 Reform\u00e1ci\u00f3 ki\u00e1ll\u00edt\u00e1sra k\u00e9sz\u00edtettem, most elad\u00f3v\u00e1 v\u00e1lt.\nM\u00e9retei:65cmxx49cmx16cm\nBel\u00fcl egy db kivehet\u0151 polc van.\nK\u00e9r\u00e9sre az ajt\u00f3 belsej\u00e9be festhetek nevet, vagy id\u00e9zetet.\nK\u00f6sz\u00f6n\u00f6m, hogy ben\u00e9zt\u00e9l hozz\u00e1m !\n","score":0,"formatted_price":"55 000 Ft","image_url":"https:\/\/www.meska.hu\/img\/product\/small\/t\/u\/tulipanoskata_product_8531_181016220921_646330.jpeg","formatted_url":"https:\/\/www.meska.hu\/p3528001-festett-faliszekreny","favourite":false,"in_stock":true,"avatar":"tulipanoskata_avatar_8531_1629975037.jpg","delete_from":0,"is_enhanced_background":false,"is_enhanced":false,"product_selection_started":false,"is_active":true,"image_webp_url":"https:\/\/www.meska.hu\/img\/product\/small\/t\/u\/tulipanoskata_product_8531_181016220921_646330.webp"},{"id":"3493167","shop_id":"4329","user_id":"15761","shop_name":"GabrielArt","shop_zip":"4027","product_code":"3307628","product_name_old":null,"product_name":"Piros relax babzs\u00e1k","category_string":"Otthon & \u00c9letm\u00f3d, B\u00fator, Babzs\u00e1kfotel , Babzs\u00e1k","technic_string":"Varr\u00e1s","category_1":"813","category_2":"313","category_3":"1718","category_4":"777","merged_category_1":"0","merged_category_2":"0","merged_category_3":"785","technic_1":"506","technic_2":"0","technic_3":"0","color_1":"523","color_2":"0","color_3":"0","product_description_old":null,"product_description":"Sz\u00e9lesebb \u00e9s alacsonyabb fazon, k\u00e9nyelmesen el tudsz benne helyezkedni ak\u00e1r medit\u00e1ci\u00f3s p\u00f3zban is.\nDupla huzatos, ut\u00e1nt\u00f6lthet\u0151.\nM\u00e9rete: sz\u00e9less\u00e9ge 105cm, magass\u00e1ga 90cm.","price":"40800.00","unit":"db","recommended":"0","status":"1","sponsored":"0","exp_notify":"0","own_material":"0","own_material_description_old":null,"own_material_description":"","jury":"0","jury_number":"","product_nature":"","meskaracsony":"0","create_date":"2026-04-15 14:00:48","shelve_id":"8465","image":"gabrielart_product_15761_141126125921_1.jpg","image_width":"480","image_height":"493","image_alt":"Piros relax babzs\u00e1k, Sz\u00e9lesebb \u00e9s alacsonyabb fazon, k\u00e9nyelmesen el tudsz benne helyezkedni ak\u00e1r medit\u00e1ci\u00f3s p\u00f3zban is.\\nDu..., Meska","image_title":"Piros relax babzs\u00e1k, Meska","view_count":"1517","favourite_count":"0","trending_score":"0","last2MonthFavouriteCount":"0","promotion":"0","giftcard_accept":"0","creditcard_accept":false,"enhanced_background":"0","domain":"meska","specific_customer_id":null,"specific_customer_name":null,"to_order_product":"0","to_order_product_time":"0","product_different":null,"product_different_description":"","vintage":"0","vintage_category_id":"0","recycled":"0","gemstone_id":"0","customizable":"0","type_category":"physical","zerowaste":"0","postage_price":"4990.00","shop_order":"494","has_category":"1","landing_pages":null,"microdata":{"number":14,"category":""},"title":"Piros relax babzs\u00e1k","description":"Sz\u00e9lesebb \u00e9s alacsonyabb fazon, k\u00e9nyelmesen el tudsz benne helyezkedni ak\u00e1r medit\u00e1ci\u00f3s p\u00f3zban is.\nDupla huzatos, ut\u00e1nt\u00f6lthet\u0151.\nM\u00e9rete: sz\u00e9less\u00e9ge 105cm, magass\u00e1ga 90cm.","score":0,"formatted_price":"40 800 Ft","image_url":"https:\/\/www.meska.hu\/img\/product\/small\/g\/a\/gabrielart_product_15761_141126125921_1.jpg","formatted_url":"https:\/\/www.meska.hu\/p3307628-piros-relax-babzsak","favourite":false,"in_stock":true,"avatar":"GabrielArt_avatar_15761_1585229139.jpg","delete_from":0,"is_enhanced_background":false,"is_enhanced":false,"product_selection_started":false,"is_active":true,"image_webp_url":"https:\/\/www.meska.hu\/img\/product\/small\/g\/a\/gabrielart_product_15761_141126125921_1.webp"},{"id":"3378657","shop_id":"7767","user_id":"34210","shop_name":"hermareszdekor","shop_zip":"4551","product_code":"3625835","product_name_old":null,"product_name":"FENY\u0150 FALIPOLC egyedi mint\u00e1val","category_string":"Otthon & \u00c9letm\u00f3d, B\u00fator, Polc","technic_string":"Famegmunk\u00e1l\u00e1s, Festett t\u00e1rgyak","category_1":"813","category_2":"313","category_3":"560","category_4":"0","merged_category_1":"0","merged_category_2":"0","merged_category_3":"785","technic_1":"478","technic_2":"481","technic_3":"0","color_1":"519","color_2":"523","color_3":"525","product_description_old":null,"product_description":"Feny\u0151fa fali k\u00f6nyvespolc \n\nHermaresz dekor\n\n\nFeny\u0151f\u00e1b\u00f3l k\u00e9sz\u00fclt k\u00e9zzel festett falipolc\n\n\nSz\u00e9p egyszer\u0171 aj\u00e1nd\u00e9k mely nagyon hasznos is:)\n\nFeny\u0151 alapanyagb\u00f3l k\u00e9sz\u00fclt egyedi k\u00e9zi dekor\u00e1l\u00e1ssal.\n\n\nT\u00f6bbsz\u00f6r\u00f6sen le van lakkozva!\n\nM\u00e9rete:\n\n\nteljes sz\u00e9less\u00e9ge:50cm\n\n\npolc m\u00e9lys\u00e9ge: 20cm\n\nA polc magass\u00e1ga a mint\u00e1t\u00f3l f\u00fcgg!\n\n\nNagyobb m\u00e9retben is elk\u00e9sz\u00edtem ,az \u00e1r\u00e1r\u00f3l \u00fczenetben \u00e9rdekl\u0151dhetsz!\n\n\nK\u00e9r\u00e9sre m\u00e1s mint\u00e1val is elk\u00e9sz\u00edtem!\n\n\nMEGRENDEL\u00c9SRE K\u00c9SZ\u00cdTEM 5 MUNKANAP ALATT (EL\u0150FORDULHAT HOGY VAN K\u00c9SZLETEN AKKOR EZ AZ ID\u0150 LER\u00d6VID\u00dcL,B\u00c1TRAN K\u00c9RDEZZ!)\n\n\nK\u00c9RLEK LICIT\u00c1L\u00c1SKOR VEDD FIGYELEMBE. a V\u00c9TEL\u00c1RAT 3 MUNKANAPON BEL\u00dcL K\u00c9REM ,VAGY EL\u0150ZETES EGYEZTET\u00c9S UT\u00c1N VAN LEHET\u0150S\u00c9G HALASZT\u00c1SRA.\n\n\nPOSTA A Magyar posta d\u00edjszab\u00e1s\u00e1nak megfelel\u0151en, kiz\u00e1r\u00f3lag el\u0151re utal\u00e1s ut\u00e1n!\n\n\n SZEM\u00c9LYESEN NY\u00cdREGYH\u00c1Z\u00c1N VEHET\u0150 \u00c1T!\n\n\nN\u00c9ZZ SZ\u00c9T N\u00c1LAM SOK TERM\u00c9KET T\u00d6LT\u00d6K FEL!\n\n\nS\u00e1mli, gyerekszobai \u00f3ra, magass\u00e1gm\u00e9r\u0151, kincsesl\u00e1da stb...","price":"12500.00","unit":"db","recommended":"0","status":"1","sponsored":"0","exp_notify":"0","own_material":"0","own_material_description_old":null,"own_material_description":"","jury":"0","jury_number":"","product_nature":"","meskaracsony":"0","create_date":"2026-04-12 04:11:56","shelve_id":"21456","image":"hermareszdekor_product_34210_131123132553_1.jpg","image_width":"480","image_height":"640","image_alt":"FENY\u0150 FALIPOLC egyedi mint\u00e1val, Feny\u0151fa fali k\u00f6nyvespolc \\n\\nHermaresz dekor\\n\\n\\nFeny\u0151f\u00e1b\u00f3l k\u00e9sz\u00fclt k\u00e9zzel festett falipolc\\n\\n\\nSz\u00e9p egysz..., Meska","image_title":"FENY\u0150 FALIPOLC egyedi mint\u00e1val, Meska","view_count":"1377","favourite_count":"0","trending_score":"0","last2MonthFavouriteCount":"0","promotion":"0","giftcard_accept":"1","creditcard_accept":false,"enhanced_background":"0","domain":"meska","specific_customer_id":null,"specific_customer_name":null,"to_order_product":"1","to_order_product_time":"10","product_different":"quite_different","product_different_description":"Sz\u00edn\u00e1rnyalat","vintage":"0","vintage_category_id":"0","recycled":"0","gemstone_id":"0","customizable":"0","type_category":"physical","zerowaste":"0","postage_price":"4500.00","shop_order":"0","has_category":"1","landing_pages":null,"microdata":{"number":15,"category":""},"title":"FENY\u0150 FALIPOLC egyedi mint\u00e1val","description":"Feny\u0151fa fali k\u00f6nyvespolc \n\nHermaresz dekor\n\n\nFeny\u0151f\u00e1b\u00f3l k\u00e9sz\u00fclt k\u00e9zzel festett falipolc\n\n\nSz\u00e9p egyszer\u0171 aj\u00e1nd\u00e9k mely nagyon hasznos is:)\n\nFeny\u0151 alapanyagb\u00f3l k\u00e9sz\u00fclt egyedi k\u00e9zi dekor\u00e1l\u00e1ssal.\n\n\nT\u00f6bbsz\u00f6r\u00f6sen le van lakkozva!\n\nM\u00e9rete:\n\n\nteljes sz\u00e9less\u00e9ge:50cm\n\n\npolc m\u00e9lys\u00e9ge: 20cm\n\nA polc magass\u00e1ga a mint\u00e1t\u00f3l f\u00fcgg!\n\n\nNagyobb m\u00e9retben is elk\u00e9sz\u00edtem ,az \u00e1r\u00e1r\u00f3l \u00fczenetben \u00e9rdekl\u0151dhetsz!\n\n\nK\u00e9r\u00e9sre m\u00e1s mint\u00e1val is elk\u00e9sz\u00edtem!\n\n\nMEGRENDEL\u00c9SRE K\u00c9SZ\u00cdTEM 5 MUNKANAP ALATT (EL\u0150FORDULHAT HOGY VAN K\u00c9SZLETEN AKKOR EZ AZ ID\u0150 LER\u00d6VID\u00dcL,B\u00c1TRAN K\u00c9RDEZZ!)\n\n\nK\u00c9RLEK LICIT\u00c1L\u00c1SKOR VEDD FIGYELEMBE. a V\u00c9TEL\u00c1RAT 3 MUNKANAPON BEL\u00dcL K\u00c9REM ,VAGY EL\u0150ZETES EGYEZTET\u00c9S UT\u00c1N VAN LEHET\u0150S\u00c9G HALASZT\u00c1SRA.\n\n\nPOSTA A Magyar posta d\u00edjszab\u00e1s\u00e1nak megfelel\u0151en, kiz\u00e1r\u00f3lag el\u0151re utal\u00e1s ut\u00e1n!\n\n\n SZEM\u00c9LYESEN NY\u00cdREGYH\u00c1Z\u00c1N VEHET\u0150 \u00c1T!\n\n\nN\u00c9ZZ SZ\u00c9T N\u00c1LAM SOK TERM\u00c9KET T\u00d6LT\u00d6K FEL!\n\n\nS\u00e1mli, gyerekszobai \u00f3ra, magass\u00e1gm\u00e9r\u0151, kincsesl\u00e1da stb...","score":0,"formatted_price":"12 500 Ft","image_url":"https:\/\/www.meska.hu\/img\/product\/small\/h\/e\/hermareszdekor_product_34210_131123132553_1.jpg","formatted_url":"https:\/\/www.meska.hu\/p3625835-fenyo-falipolc-egyedi-mintaval","favourite":false,"in_stock":false,"avatar":"hermareszdekor_avatar_34210_1535693442.jpg","delete_from":0,"is_enhanced_background":false,"is_enhanced":false,"product_selection_started":false,"is_active":true,"image_webp_url":"https:\/\/www.meska.hu\/img\/product\/small\/h\/e\/hermareszdekor_product_34210_131123132553_1.webp"},{"id":"4797944","shop_id":"29541","user_id":"367562","shop_name":"Faesfemmuhely","shop_zip":"2458","product_code":"4958211","product_name_old":null,"product_name":"Doh\u00e1nyz\u00f3asztal, nappali asztal, ","category_string":"Otthon & \u00c9letm\u00f3d, B\u00fator, Asztal","technic_string":"Famegmunk\u00e1l\u00e1s, F\u00e9mmegmunk\u00e1l\u00e1s","category_1":"813","category_2":"313","category_3":"558","category_4":"0","merged_category_1":null,"merged_category_2":null,"merged_category_3":null,"technic_1":"478","technic_2":"479","technic_3":"0","color_1":"523","color_2":"0","color_3":"0","product_description_old":null,"product_description":"Doh\u00e1nyz\u00f3\/nappali asztalok rendelhet\u0151ek r\u00f6vid hat\u00e1rid\u0151vel. Az asztal\/deszkalap 32 f\u00e9le sz\u00ednnel k\u00e9rhet\u0151.\nM\u00e9retek:\n1. 80cm hossz\u00fax40cm sz\u00e9lesx45cm magas.\nAnyaga: 40x40, ill. 20x20-as z\u00e1rtszelv\u00e9ny, feny\u0151 deszka asztallap.\nEgyedi m\u00e9retben k\u00e9rjen aj\u00e1nlatot.\n2. 80x45x50 100.000ft\n3. 80x50x50 105.000ft\n4. 85x50x50 110.000ft\n5. 90x55x50 115.000ft\n6. 95x50x50 120.000ft\n7. 95x55x50 125.000ft\n8. 100x50x50 130.000ft\n9. 100x60x50 135.000ft\n10. 110x60x50 140.000ft\nA k\u00e9pen az 1. asztal szerepel, egyedi \u00e9benfa\/v\u00f6r\u00f6scseresznye sz\u00ednben.\nA 4. M\u00e9retig fut\u00e1rral tudom k\u00fcldeni, az af\u00f6l\u00f6tti m\u00e9ret\u0171 asztalokat \u00fczemanyagk\u00f6lts\u00e9gen h\u00e1zhozsz\u00e1ll\u00edtom, illetve szem\u00e9lyesen is \u00e1tvehet\u0151 Kulcson.","price":"100000.00","unit":"db","recommended":"0","status":"1","sponsored":"0","exp_notify":"0","own_material":"0","own_material_description_old":null,"own_material_description":"","jury":"0","jury_number":"","product_nature":"","meskaracsony":"0","create_date":"2026-04-08 02:53:00","shelve_id":"68548","image":"faesfemmuhely_product_367562_230518190025_78972.jpeg","image_width":"480","image_height":"480","image_alt":"Doh\u00e1nyz\u00f3asztal, nappali asztal, , Doh\u00e1nyz\u00f3\/nappali asztalok rendelhet\u0151ek r\u00f6vid hat\u00e1rid\u0151vel. Az asztal\/deszkalap 32 f\u00e9le sz\u00ednnel k\u00e9rhet..., Meska","image_title":"Doh\u00e1nyz\u00f3asztal, nappali asztal, , Meska","view_count":"2455","favourite_count":"0","trending_score":"0","last2MonthFavouriteCount":"0","promotion":"0","giftcard_accept":"0","creditcard_accept":false,"enhanced_background":"0","domain":"meska","specific_customer_id":null,"specific_customer_name":null,"to_order_product":"0","to_order_product_time":"0","product_different":null,"product_different_description":"","vintage":"0","vintage_category_id":"0","recycled":"0","gemstone_id":"0","customizable":"0","type_category":"physical","zerowaste":"0","postage_price":"4400.00","shop_order":"0","has_category":"1","landing_pages":null,"microdata":{"number":16,"category":""},"title":"Doh\u00e1nyz\u00f3asztal, nappali asztal, ","description":"Doh\u00e1nyz\u00f3\/nappali asztalok rendelhet\u0151ek r\u00f6vid hat\u00e1rid\u0151vel. Az asztal\/deszkalap 32 f\u00e9le sz\u00ednnel k\u00e9rhet\u0151.\nM\u00e9retek:\n1. 80cm hossz\u00fax40cm sz\u00e9lesx45cm magas.\nAnyaga: 40x40, ill. 20x20-as z\u00e1rtszelv\u00e9ny, feny\u0151 deszka asztallap.\nEgyedi m\u00e9retben k\u00e9rjen aj\u00e1nlatot.\n2. 80x45x50 100.000ft\n3. 80x50x50 105.000ft\n4. 85x50x50 110.000ft\n5. 90x55x50 115.000ft\n6. 95x50x50 120.000ft\n7. 95x55x50 125.000ft\n8. 100x50x50 130.000ft\n9. 100x60x50 135.000ft\n10. 110x60x50 140.000ft\nA k\u00e9pen az 1. asztal szerepel, egyedi \u00e9benfa\/v\u00f6r\u00f6scseresznye sz\u00ednben.\nA 4. M\u00e9retig fut\u00e1rral tudom k\u00fcldeni, az af\u00f6l\u00f6tti m\u00e9ret\u0171 asztalokat \u00fczemanyagk\u00f6lts\u00e9gen h\u00e1zhozsz\u00e1ll\u00edtom, illetve szem\u00e9lyesen is \u00e1tvehet\u0151 Kulcson.","score":0,"formatted_price":"100 000 Ft","image_url":"https:\/\/www.meska.hu\/img\/product\/small\/f\/a\/faesfemmuhely_product_367562_230518190025_78972.jpeg","formatted_url":"https:\/\/www.meska.hu\/p4958211-dohanyzoasztal-nappali-asztal","favourite":false,"in_stock":true,"avatar":"367562_avatar_1757715425.jpeg","delete_from":0,"is_enhanced_background":false,"is_enhanced":false,"product_selection_started":false,"is_active":true,"image_webp_url":"https:\/\/www.meska.hu\/img\/product\/small\/f\/a\/faesfemmuhely_product_367562_230518190025_78972.webp"},{"id":"5593933","shop_id":"29944","user_id":"375900","shop_name":"Susanroe","shop_zip":"6453","product_code":"5446414","product_name_old":null,"product_name":"Egyedi italpolc","category_string":"Otthon & \u00c9letm\u00f3d, B\u00fator, Polc","technic_string":"Famegmunk\u00e1l\u00e1s","category_1":"813","category_2":"313","category_3":"560","category_4":"0","merged_category_1":null,"merged_category_2":null,"merged_category_3":null,"technic_1":"478","technic_2":"0","technic_3":"0","color_1":"520","color_2":"523","color_3":"0","product_description_old":null,"product_description":"Vintage style italpolc, m\u00e9rete 70x40 cm.\nA term\u00e9k azonnal vihet\u0151, k\u00e9szleten van.\nA term\u00e9k csak a polc, kieg\u00e9sz\u00edt\u0151ket nem tartalmaz!","price":"35000.00","unit":"db","recommended":"0","status":"1","sponsored":"0","exp_notify":"0","own_material":"0","own_material_description_old":null,"own_material_description":"","jury":"0","jury_number":"","product_nature":"","meskaracsony":"0","create_date":"2026-04-07 08:17:55","shelve_id":"0","image":"susanroe_product_375900_241125203618_560399.png","image_width":"480","image_height":"664","image_alt":"Egyedi italpolc, Vintage style italpolc, m\u00e9rete 70x40 cm.\\nA term\u00e9k azonnal vihet\u0151, k\u00e9szleten van.\\nA term\u00e9k csak a pol..., Meska","image_title":"Egyedi italpolc, Meska","view_count":"489","favourite_count":"0","trending_score":"0","last2MonthFavouriteCount":"0","promotion":"0","giftcard_accept":"1","creditcard_accept":true,"enhanced_background":"0","domain":"meska","specific_customer_id":null,"specific_customer_name":null,"to_order_product":"0","to_order_product_time":"0","product_different":null,"product_different_description":"","vintage":"1","vintage_category_id":"885","recycled":"0","gemstone_id":"0","customizable":"0","type_category":"physical","zerowaste":"0","postage_price":"1290.00","shop_order":"0","has_category":"1","landing_pages":null,"microdata":{"number":17,"category":""},"title":"Egyedi italpolc","description":"Vintage style italpolc, m\u00e9rete 70x40 cm.\nA term\u00e9k azonnal vihet\u0151, k\u00e9szleten van.\nA term\u00e9k csak a polc, kieg\u00e9sz\u00edt\u0151ket nem tartalmaz!","score":0,"formatted_price":"35 000 Ft","image_url":"https:\/\/www.meska.hu\/img\/product\/small\/s\/u\/susanroe_product_375900_241125203618_560399.png","formatted_url":"https:\/\/www.meska.hu\/p5446414-egyedi-italpolc","favourite":false,"in_stock":true,"avatar":"Susanroe_avatar_375900_1604311476.jpg","delete_from":0,"is_enhanced_background":false,"is_enhanced":false,"product_selection_started":false,"is_active":true,"image_webp_url":"https:\/\/www.meska.hu\/img\/product\/small\/s\/u\/susanroe_product_375900_241125203618_560399.webp"},{"id":"3402651","shop_id":"21176","user_id":"217450","shop_name":"Tatjana5","shop_zip":"2030","product_code":"4470894","product_name_old":null,"product_name":"Koloni\u00e1l fotel, fel\u00faj\u00edtott.","category_string":"Otthon & \u00c9letm\u00f3d, B\u00fator, Sz\u00e9k & Fotel","technic_string":"Mindenm\u00e1s","category_1":"813","category_2":"313","category_3":"559","category_4":"0","merged_category_1":null,"merged_category_2":null,"merged_category_3":null,"technic_1":"493","technic_2":"0","technic_3":"0","color_1":"523","color_2":"0","color_3":"0","product_description_old":null,"product_description":"Koloni\u00e1l fotel, fel\u00faj\u00edtott. A sz\u00f6vet piros. Gobelin egy l\u00f3val.\nAz \u00fcl\u0151r\u00e9szbe a rug\u00f3k helyett kem\u00e9ny szivacs lett visszahelyezve.\nSz\u00e9k magass\u00e1ga 86 cm. \u00dcl\u00e9ssz\u00e9less\u00e9g 58 cm. \u00fcl\u00e9s m\u00e9lys\u00e9ge 60 cm.\n\u00fcl\u00e9s magass\u00e1g 35 cm. \n","price":"65000.00","unit":"db","recommended":"0","status":"1","sponsored":"0","exp_notify":"0","own_material":"0","own_material_description_old":null,"own_material_description":"","jury":"0","jury_number":"","product_nature":"","meskaracsony":"0","create_date":"2026-04-06 10:11:13","shelve_id":"0","image":"tatjana5_product_217450_230907110209_963925.jpeg","image_width":"480","image_height":"621","image_alt":"Koloni\u00e1l fotel, fel\u00faj\u00edtott., Koloni\u00e1l fotel, fel\u00faj\u00edtott. A sz\u00f6vet piros. Gobelin egy l\u00f3val.\\nAz \u00fcl\u0151r\u00e9szbe a rug\u00f3k helyett kem\u00e9ny s..., Meska","image_title":"Koloni\u00e1l fotel, fel\u00faj\u00edtott., Meska","view_count":"3744","favourite_count":"0","trending_score":"0","last2MonthFavouriteCount":"0","promotion":"0","giftcard_accept":"0","creditcard_accept":true,"enhanced_background":"0","domain":"meska","specific_customer_id":null,"specific_customer_name":null,"to_order_product":"0","to_order_product_time":"0","product_different":null,"product_different_description":"","vintage":"0","vintage_category_id":"0","recycled":"0","gemstone_id":"0","customizable":"0","type_category":"physical","zerowaste":"0","postage_price":"0.00","shop_order":"0","has_category":"1","landing_pages":null,"microdata":{"number":18,"category":""},"title":"Koloni\u00e1l fotel, fel\u00faj\u00edtott.","description":"Koloni\u00e1l fotel, fel\u00faj\u00edtott. A sz\u00f6vet piros. Gobelin egy l\u00f3val.\nAz \u00fcl\u0151r\u00e9szbe a rug\u00f3k helyett kem\u00e9ny szivacs lett visszahelyezve.\nSz\u00e9k magass\u00e1ga 86 cm. \u00dcl\u00e9ssz\u00e9less\u00e9g 58 cm. \u00fcl\u00e9s m\u00e9lys\u00e9ge 60 cm.\n\u00fcl\u00e9s magass\u00e1g 35 cm. \n","score":0,"formatted_price":"65 000 Ft","image_url":"https:\/\/www.meska.hu\/img\/product\/small\/t\/a\/tatjana5_product_217450_230907110209_963925.jpeg","formatted_url":"https:\/\/www.meska.hu\/p4470894-kolonial-fotel-felujitott","favourite":false,"in_stock":true,"avatar":"Tatjana5_avatar_217450_1592735252.jpg","delete_from":0,"is_enhanced_background":false,"is_enhanced":false,"product_selection_started":false,"is_active":true,"image_webp_url":"https:\/\/www.meska.hu\/img\/product\/small\/t\/a\/tatjana5_product_217450_230907110209_963925.webp"},{"id":"4467350","shop_id":"7767","user_id":"34210","shop_name":"hermareszdekor","shop_zip":"4551","product_code":"2481818","product_name_old":null,"product_name":"FENY\u0150 FALIPOLC K\u00d6NYVESPOLC \u00c1llatos","category_string":"Otthon & \u00c9letm\u00f3d, B\u00fator, Polc","technic_string":"Famegmunk\u00e1l\u00e1s, Festett t\u00e1rgyak","category_1":"813","category_2":"313","category_3":"560","category_4":"0","merged_category_1":"0","merged_category_2":"0","merged_category_3":"785","technic_1":"478","technic_2":"481","technic_3":"0","color_1":"519","color_2":"523","color_3":"525","product_description_old":null,"product_description":"Feny\u0151fa fali k\u00f6nyvespolc \n\nHermaresz dekor\n\n\nFeny\u0151f\u00e1b\u00f3l k\u00e9sz\u00fclt k\u00e9zzel festett falipolc\n\n\nSz\u00e9p egyszer\u0171 aj\u00e1nd\u00e9k mely nagyon hasznos is:)\n\nFeny\u0151 alapanyagb\u00f3l k\u00e9sz\u00fclt egyedi k\u00e9zi dekor\u00e1l\u00e1ssal.\n\n\nT\u00f6bbsz\u00f6r\u00f6sen le van lakkozva!\n\nM\u00e9rete:\n\n\nteljes sz\u00e9less\u00e9ge:50cm\n\n\npolc m\u00e9lys\u00e9ge: 20cm\n\nA polc magass\u00e1ga a mint\u00e1t\u00f3l f\u00fcgg!\n\n\nNagyobb m\u00e9retben is elk\u00e9sz\u00edtem ,az \u00e1r\u00e1r\u00f3l \u00fczenetben \u00e9rdekl\u0151dhetsz!\n\n\nK\u00e9r\u00e9sre m\u00e1s mint\u00e1val is elk\u00e9sz\u00edtem!\n\n\nMEGRENDEL\u00c9SRE K\u00c9SZ\u00cdTEM 5 MUNKANAP ALATT (EL\u0150FORDULHAT HOGY VAN K\u00c9SZLETEN AKKOR EZ AZ ID\u0150 LER\u00d6VID\u00dcL,B\u00c1TRAN K\u00c9RDEZZ!)\n\n\nK\u00c9RLEK LICIT\u00c1L\u00c1SKOR VEDD FIGYELEMBE. a V\u00c9TEL\u00c1RAT 3 MUNKANAPON BEL\u00dcL K\u00c9REM ,VAGY EL\u0150ZETES EGYEZTET\u00c9S UT\u00c1N VAN LEHET\u0150S\u00c9G HALASZT\u00c1SRA.\n\n\nPOSTA A Magyar posta d\u00edjszab\u00e1s\u00e1nak megfelel\u0151en, kiz\u00e1r\u00f3lag el\u0151re utal\u00e1s ut\u00e1n!\n\n\n SZEM\u00c9LYESEN NY\u00cdREGYH\u00c1Z\u00c1N VEHET\u0150 \u00c1T!\n\n\nN\u00c9ZZ SZ\u00c9T N\u00c1LAM SOK TERM\u00c9KET T\u00d6LT\u00d6K FEL!\n\n\nS\u00e1mli, gyerekszobai \u00f3ra, magass\u00e1gm\u00e9r\u0151, kincsesl\u00e1da stb...","price":"12500.00","unit":"db","recommended":"0","status":"1","sponsored":"0","exp_notify":"0","own_material":"0","own_material_description_old":null,"own_material_description":"","jury":"0","jury_number":"","product_nature":"","meskaracsony":"0","create_date":"2026-04-06 07:40:08","shelve_id":"21456","image":"hermareszdekor_product_34210_161106180308_394649.jpeg","image_width":"480","image_height":"640","image_alt":"FENY\u0150 FALIPOLC K\u00d6NYVESPOLC \u00c1llatos, Feny\u0151fa fali k\u00f6nyvespolc \\n\\nHermaresz dekor\\n\\n\\nFeny\u0151f\u00e1b\u00f3l k\u00e9sz\u00fclt k\u00e9zzel festett falipolc\\n\\n\\nSz\u00e9p egysz..., Meska","image_title":"FENY\u0150 FALIPOLC K\u00d6NYVESPOLC \u00c1llatos, Meska","view_count":"1832","favourite_count":"0","trending_score":"0","last2MonthFavouriteCount":"0","promotion":"0","giftcard_accept":"1","creditcard_accept":false,"enhanced_background":"0","domain":"meska","specific_customer_id":null,"specific_customer_name":null,"to_order_product":"1","to_order_product_time":"10","product_different":"quite_different","product_different_description":"K\u00e9zzel festett","vintage":"0","vintage_category_id":"0","recycled":"0","gemstone_id":"0","customizable":"0","type_category":"physical","zerowaste":"0","postage_price":"4500.00","shop_order":"0","has_category":"1","landing_pages":null,"microdata":{"number":19,"category":""},"title":"FENY\u0150 FALIPOLC K\u00d6NYVESPOLC \u00c1llatos","description":"Feny\u0151fa fali k\u00f6nyvespolc \n\nHermaresz dekor\n\n\nFeny\u0151f\u00e1b\u00f3l k\u00e9sz\u00fclt k\u00e9zzel festett falipolc\n\n\nSz\u00e9p egyszer\u0171 aj\u00e1nd\u00e9k mely nagyon hasznos is:)\n\nFeny\u0151 alapanyagb\u00f3l k\u00e9sz\u00fclt egyedi k\u00e9zi dekor\u00e1l\u00e1ssal.\n\n\nT\u00f6bbsz\u00f6r\u00f6sen le van lakkozva!\n\nM\u00e9rete:\n\n\nteljes sz\u00e9less\u00e9ge:50cm\n\n\npolc m\u00e9lys\u00e9ge: 20cm\n\nA polc magass\u00e1ga a mint\u00e1t\u00f3l f\u00fcgg!\n\n\nNagyobb m\u00e9retben is elk\u00e9sz\u00edtem ,az \u00e1r\u00e1r\u00f3l \u00fczenetben \u00e9rdekl\u0151dhetsz!\n\n\nK\u00e9r\u00e9sre m\u00e1s mint\u00e1val is elk\u00e9sz\u00edtem!\n\n\nMEGRENDEL\u00c9SRE K\u00c9SZ\u00cdTEM 5 MUNKANAP ALATT (EL\u0150FORDULHAT HOGY VAN K\u00c9SZLETEN AKKOR EZ AZ ID\u0150 LER\u00d6VID\u00dcL,B\u00c1TRAN K\u00c9RDEZZ!)\n\n\nK\u00c9RLEK LICIT\u00c1L\u00c1SKOR VEDD FIGYELEMBE. a V\u00c9TEL\u00c1RAT 3 MUNKANAPON BEL\u00dcL K\u00c9REM ,VAGY EL\u0150ZETES EGYEZTET\u00c9S UT\u00c1N VAN LEHET\u0150S\u00c9G HALASZT\u00c1SRA.\n\n\nPOSTA A Magyar posta d\u00edjszab\u00e1s\u00e1nak megfelel\u0151en, kiz\u00e1r\u00f3lag el\u0151re utal\u00e1s ut\u00e1n!\n\n\n SZEM\u00c9LYESEN NY\u00cdREGYH\u00c1Z\u00c1N VEHET\u0150 \u00c1T!\n\n\nN\u00c9ZZ SZ\u00c9T N\u00c1LAM SOK TERM\u00c9KET T\u00d6LT\u00d6K FEL!\n\n\nS\u00e1mli, gyerekszobai \u00f3ra, magass\u00e1gm\u00e9r\u0151, kincsesl\u00e1da stb...","score":0,"formatted_price":"12 500 Ft","image_url":"https:\/\/www.meska.hu\/img\/product\/small\/h\/e\/hermareszdekor_product_34210_161106180308_394649.jpeg","formatted_url":"https:\/\/www.meska.hu\/p2481818-fenyo-falipolc-konyvespolc-allatos","favourite":false,"in_stock":false,"avatar":"hermareszdekor_avatar_34210_1535693442.jpg","delete_from":0,"is_enhanced_background":false,"is_enhanced":false,"product_selection_started":false,"is_active":true,"image_webp_url":"https:\/\/www.meska.hu\/img\/product\/small\/h\/e\/hermareszdekor_product_34210_161106180308_394649.webp"},{"id":"5841646","shop_id":"20463","user_id":"191238","shop_name":"SagiEvaKeramia","shop_zip":"6791","product_code":"5576535","product_name_old":null,"product_name":"B\u00daTORGOMB (b\u00fatorfoganty\u00fa) gomba","category_string":"Otthon & \u00c9letm\u00f3d, B\u00fator, B\u00fatorfoganty\u00fa","technic_string":"Ker\u00e1mia","category_1":"813","category_2":"313","category_3":"776","category_4":"0","merged_category_1":null,"merged_category_2":null,"merged_category_3":null,"technic_1":"489","technic_2":"0","technic_3":"0","color_1":"513","color_2":"515","color_3":"523","product_description_old":null,"product_description":"Feh\u00e9r agyagmassz\u00e1b\u00f3l k\u00e9sz\u00fcltek a gomba b\u00fatorgombok. \nL\u00e9gy\u00f6l\u0151 gal\u00f3c\u00e1k. \n\nRENDEL\u00c9SRE DOLGOZOM, NINCS NAGY K\u00c9SZLETEM - P\u00c1R DARAB VAN K\u00c9SZLETEN MINDEGYIK B\u00daTORGOMBB\u00d3L -, DE B\u00c1RMENNYIT ELK\u00c9SZ\u00cdTEK\n\nAZ ELK\u00c9SZ\u00cdT\u00c9SI ID\u0150 MENNYIS\u00c9GT\u0150L F\u00dcGG\u0150EN K\u00d6R\u00dcLBEL\u00dcL 3 H\u00c9T, DE MINDENK\u00c9PPEN K\u00c9RDEZZ R\u00c1 A K\u00c9SZLETRE, MERT LEHETS\u00c9GES, HOGY VAN ANNYI K\u00c9SZLETEN AMENNYIT SZERETN\u00c9L.\n\nK\u00e9nyelmes megfogni, kih\u00fazni, kinyitni vele a fi\u00f3kot, szekr\u00e9nyt.\nAz anyacsavar er\u0151s k\u00e9tkomponens\u0171 ragaszt\u00f3val van beleragasztva, b\u00edrja a terhel\u00e9st. \nTart\u00f3sak, mutat\u00f3sak, csak fel kell \u0151ket csavarozni \u00e9s k\u00e9sz. \nIgazi b\u00fator\u00e9kszerek. \n\nCsavart is adok hozz\u00e1. \n\nTeteje: 3,8 x 3,5 cm, magass\u00e1ga: 2,5 cm\n\n","price":"2500.00","unit":"db","recommended":"0","status":"1","sponsored":"0","exp_notify":"0","own_material":"0","own_material_description_old":null,"own_material_description":"","jury":"0","jury_number":"","product_nature":"","meskaracsony":"0","create_date":"2026-03-30 13:56:54","shelve_id":"0","image":"sagievakeramia_product_191238_250628204835_242645.jpeg","image_width":"480","image_height":"431","image_alt":"B\u00daTORGOMB (b\u00fatorfoganty\u00fa) gomba, Feh\u00e9r agyagmassz\u00e1b\u00f3l k\u00e9sz\u00fcltek a gomba b\u00fatorgombok. \\nL\u00e9gy\u00f6l\u0151 gal\u00f3c\u00e1k. \\n\\nRENDEL\u00c9SRE DOLGOZOM, NINCS N..., Meska","image_title":"B\u00daTORGOMB (b\u00fatorfoganty\u00fa) gomba, Meska","view_count":"244","favourite_count":"0","trending_score":"0","last2MonthFavouriteCount":"0","promotion":"0","giftcard_accept":"1","creditcard_accept":false,"enhanced_background":"0","domain":"meska","specific_customer_id":null,"specific_customer_name":null,"to_order_product":"0","to_order_product_time":"0","product_different":null,"product_different_description":"","vintage":"0","vintage_category_id":"0","recycled":"0","gemstone_id":"0","customizable":"0","type_category":"physical","zerowaste":"0","postage_price":"1290.00","shop_order":"0","has_category":"1","landing_pages":null,"microdata":{"number":20,"category":""},"title":"B\u00daTORGOMB (b\u00fatorfoganty\u00fa) gomba","description":"Feh\u00e9r agyagmassz\u00e1b\u00f3l k\u00e9sz\u00fcltek a gomba b\u00fatorgombok. \nL\u00e9gy\u00f6l\u0151 gal\u00f3c\u00e1k. \n\nRENDEL\u00c9SRE DOLGOZOM, NINCS NAGY K\u00c9SZLETEM - P\u00c1R DARAB VAN K\u00c9SZLETEN MINDEGYIK B\u00daTORGOMBB\u00d3L -, DE B\u00c1RMENNYIT ELK\u00c9SZ\u00cdTEK\n\nAZ ELK\u00c9SZ\u00cdT\u00c9SI ID\u0150 MENNYIS\u00c9GT\u0150L F\u00dcGG\u0150EN K\u00d6R\u00dcLBEL\u00dcL 3 H\u00c9T, DE MINDENK\u00c9PPEN K\u00c9RDEZZ R\u00c1 A K\u00c9SZLETRE, MERT LEHETS\u00c9GES, HOGY VAN ANNYI K\u00c9SZLETEN AMENNYIT SZERETN\u00c9L.\n\nK\u00e9nyelmes megfogni, kih\u00fazni, kinyitni vele a fi\u00f3kot, szekr\u00e9nyt.\nAz anyacsavar er\u0151s k\u00e9tkomponens\u0171 ragaszt\u00f3val van beleragasztva, b\u00edrja a terhel\u00e9st. \nTart\u00f3sak, mutat\u00f3sak, csak fel kell \u0151ket csavarozni \u00e9s k\u00e9sz. \nIgazi b\u00fator\u00e9kszerek. \n\nCsavart is adok hozz\u00e1. \n\nTeteje: 3,8 x 3,5 cm, magass\u00e1ga: 2,5 cm\n\n","score":0,"formatted_price":"2 500 Ft","image_url":"https:\/\/www.meska.hu\/img\/product\/small\/s\/a\/sagievakeramia_product_191238_250628204835_242645.jpeg","formatted_url":"https:\/\/www.meska.hu\/p5576535-butorgomb-gomba","favourite":false,"in_stock":true,"avatar":"Cimpa1980_avatar_191238_1663425900.jpg","delete_from":0,"is_enhanced_background":false,"is_enhanced":false,"product_selection_started":false,"is_active":true,"image_webp_url":"https:\/\/www.meska.hu\/img\/product\/small\/s\/a\/sagievakeramia_product_191238_250628204835_242645.webp"},{"id":"3493806","shop_id":"4329","user_id":"15761","shop_name":"GabrielArt","shop_zip":"4027","product_code":"4276164","product_name_old":null,"product_name":"Multifunkcion\u00e1lis babzs\u00e1k mini katic\u00e1s","category_string":"Otthon & \u00c9letm\u00f3d, B\u00fator, Babzs\u00e1k, Babzs\u00e1kfotel ","technic_string":"Varr\u00e1s","category_1":"813","category_2":"313","category_3":"777","category_4":"1718","merged_category_1":"0","merged_category_2":"0","merged_category_3":"785","technic_1":"506","technic_2":"0","technic_3":"0","color_1":"515","color_2":"520","color_3":"523","product_description_old":null,"product_description":"Hogy a kisebbek se maradjanak ki a j\u00f3b\u00f3l!\nKerek babzsi, sokf\u00e9le m\u00f3don haszn\u00e1lhat\u00f3.\nEzt a m\u00e9retet 5-6 \u00e9ves korig aj\u00e1nlom.\nDupla huzatos, ut\u00e1nt\u00f6lthet\u0151, moshat\u00f3.\n\u00c1tm\u00e9r\u0151je 100cm.","price":"22900.00","unit":"db","recommended":"0","status":"1","sponsored":"0","exp_notify":"0","own_material":"0","own_material_description_old":null,"own_material_description":"","jury":"0","jury_number":"","product_nature":"","meskaracsony":"0","create_date":"2026-03-28 19:45:59","shelve_id":"8465","image":"gabrielart_product_15761_210907161354_252960.jpeg","image_width":"480","image_height":"460","image_alt":"Multifunkcion\u00e1lis babzs\u00e1k mini katic\u00e1s, Hogy a kisebbek se maradjanak ki a j\u00f3b\u00f3l!\\nKerek babzsi, sokf\u00e9le m\u00f3don haszn\u00e1lhat\u00f3.\\nEzt a m\u00e9retet 5-6..., Meska","image_title":"Multifunkcion\u00e1lis babzs\u00e1k mini katic\u00e1s, Meska","view_count":"2512","favourite_count":"0","trending_score":"0","last2MonthFavouriteCount":"0","promotion":"0","giftcard_accept":"0","creditcard_accept":false,"enhanced_background":"0","domain":"meska","specific_customer_id":null,"specific_customer_name":null,"to_order_product":"0","to_order_product_time":"0","product_different":null,"product_different_description":"","vintage":"0","vintage_category_id":"0","recycled":"0","gemstone_id":"0","customizable":"0","type_category":"physical","zerowaste":"0","postage_price":"3990.00","shop_order":"479","has_category":"1","landing_pages":null,"microdata":{"number":21,"category":""},"title":"Multifunkcion\u00e1lis babzs\u00e1k mini katic\u00e1s","description":"Hogy a kisebbek se maradjanak ki a j\u00f3b\u00f3l!\nKerek babzsi, sokf\u00e9le m\u00f3don haszn\u00e1lhat\u00f3.\nEzt a m\u00e9retet 5-6 \u00e9ves korig aj\u00e1nlom.\nDupla huzatos, ut\u00e1nt\u00f6lthet\u0151, moshat\u00f3.\n\u00c1tm\u00e9r\u0151je 100cm.","score":0,"formatted_price":"22 900 Ft","image_url":"https:\/\/www.meska.hu\/img\/product\/small\/g\/a\/gabrielart_product_15761_210907161354_252960.jpeg","formatted_url":"https:\/\/www.meska.hu\/p4276164-multifunkcionalis-babzsak-mini-katicas","favourite":false,"in_stock":true,"avatar":"GabrielArt_avatar_15761_1585229139.jpg","delete_from":0,"is_enhanced_background":false,"is_enhanced":false,"product_selection_started":false,"is_active":true,"image_webp_url":"https:\/\/www.meska.hu\/img\/product\/small\/g\/a\/gabrielart_product_15761_210907161354_252960.webp"},{"id":"5749622","shop_id":"48495","user_id":"710094","shop_name":"NorandArt","shop_zip":"1139","product_code":"5533531","product_name_old":null,"product_name":"Mandala vir\u00e1gtart\u00f3","category_string":"Otthon & \u00c9letm\u00f3d, B\u00fator, Vir\u00e1g\u00e1llv\u00e1ny","technic_string":"Festett t\u00e1rgyak","category_1":"813","category_2":"313","category_3":"1518","category_4":"0","merged_category_1":null,"merged_category_2":null,"merged_category_3":null,"technic_1":"481","technic_2":"0","technic_3":"0","color_1":"519","color_2":"521","color_3":"523","product_description_old":null,"product_description":"Vir\u00e1gtart\u00f3 mandala d\u00edsz\u00edt\u00e9ssel.\nAnyaga fa, akrillal festve.\n\u00c1tm\u00e9r\u0151je: 24 cm, magass\u00e1ga: 13 cm.\nFel\u00fclete lakkal v\u00e9dve.\nM\u00e1s sz\u00ednekben, m\u00e1s mint\u00e1val is rendelhet\u0151.","price":"16000.00","unit":"db","recommended":"0","status":"1","sponsored":"0","exp_notify":"0","own_material":"0","own_material_description_old":null,"own_material_description":"","jury":"0","jury_number":"","product_nature":"","meskaracsony":"0","create_date":"2026-03-26 10:27:57","shelve_id":"0","image":"norandart_product_710094_250331091823_228662.jpeg","image_width":"480","image_height":"300","image_alt":"Mandala vir\u00e1gtart\u00f3, Vir\u00e1gtart\u00f3 mandala d\u00edsz\u00edt\u00e9ssel.\\nAnyaga fa, akrillal festve.\\n\u00c1tm\u00e9r\u0151je: 24 cm, magass\u00e1ga: 13 cm.\\nFel\u00fcl..., Meska","image_title":"Mandala vir\u00e1gtart\u00f3, Meska","view_count":"244","favourite_count":"0","trending_score":"0","last2MonthFavouriteCount":"0","promotion":"0","giftcard_accept":"0","creditcard_accept":false,"enhanced_background":"0","domain":"meska","specific_customer_id":null,"specific_customer_name":null,"to_order_product":"1","to_order_product_time":"5","product_different":null,"product_different_description":"","vintage":"0","vintage_category_id":"0","recycled":"0","gemstone_id":"0","customizable":"0","type_category":"physical","zerowaste":"0","postage_price":"1000.00","shop_order":"8","has_category":"1","landing_pages":null,"microdata":{"number":22,"category":""},"title":"Mandala vir\u00e1gtart\u00f3","description":"Vir\u00e1gtart\u00f3 mandala d\u00edsz\u00edt\u00e9ssel.\nAnyaga fa, akrillal festve.\n\u00c1tm\u00e9r\u0151je: 24 cm, magass\u00e1ga: 13 cm.\nFel\u00fclete lakkal v\u00e9dve.\nM\u00e1s sz\u00ednekben, m\u00e1s mint\u00e1val is rendelhet\u0151.","score":0,"formatted_price":"16 000 Ft","image_url":"https:\/\/www.meska.hu\/img\/product\/small\/n\/o\/norandart_product_710094_250331091823_228662.jpeg","formatted_url":"https:\/\/www.meska.hu\/p5533531-mandala-viragtarto","favourite":false,"in_stock":false,"avatar":"710094_avatar_1749471421.jpeg","delete_from":0,"is_enhanced_background":false,"is_enhanced":false,"product_selection_started":false,"is_active":true,"image_webp_url":"https:\/\/www.meska.hu\/img\/product\/small\/n\/o\/norandart_product_710094_250331091823_228662.webp"},{"id":"6006422","shop_id":"50845","user_id":"647438","shop_name":"Antre","shop_zip":"6600","product_code":"5678407","product_name_old":null,"product_name":"V\u00f6r\u00f6s sz\u00e9kp\u00e1r \u2013 Bojtos ty\u00fakok","category_string":"Otthon & \u00c9letm\u00f3d, B\u00fator, Sz\u00e9k & Fotel","technic_string":"Famegmunk\u00e1l\u00e1s","category_1":"813","category_2":"313","category_3":"559","category_4":"0","merged_category_1":null,"merged_category_2":null,"merged_category_3":null,"technic_1":"478","technic_2":"0","technic_3":"0","color_1":"514","color_2":"523","color_3":"0","product_description_old":null,"product_description":"A v\u00f6r\u00f6sbe h\u00fazott sz\u00e9kp\u00e1r a \u201960-as \u00e9vek t\u00edpusb\u00fatorai k\u00f6z\u00fcl \u00e9rkezett. Teljes fel\u00faj\u00edt\u00e1s ut\u00e1n far\u00e9sze, rug\u00f3i \u00e9s p\u00e1rn\u00e1zata felfriss\u00fclt, k\u00fclseje \u00fcd\u00e9v\u00e9 v\u00e1lt. A boh\u00e9m mint\u00e1s t\u00e1mlah\u00e1tak alul ring\u00f3 bojtokkal h\u00edvnak k\u00f6nnyed cseveg\u00e9sre. \nGyere, foglalj helyet!\n\nmennyis\u00e9g: 2 db\nm\u00e9ret: magass\u00e1g 85 cm, \u00fcl\u0151fel\u00fclet 44x44 cm , t\u00e1mla 44x34 cm\nfel\u00e9p\u00edt\u00e9se: fa v\u00e1zszerkezet, PP tart\u00f3 szerel\u00e9k, b\u00fatorrug\u00f3, szivacs\nbevon\u00f3anyag: mikropl\u00fcss b\u00fatorsz\u00f6vet, dekor text\u00edlia\n\u00e1llv\u00e1nyszerkezet fest\u00e9se: kem\u00e9nyolaj\n","price":"80000.00","unit":"db","recommended":"0","status":"1","sponsored":"0","exp_notify":"0","own_material":"0","own_material_description_old":null,"own_material_description":"","jury":"0","jury_number":"","product_nature":"","meskaracsony":"0","create_date":"2026-03-20 07:38:18","shelve_id":"0","image":"antre_product_647438_251119091201_972728.png","image_width":"480","image_height":"389","image_alt":"V\u00f6r\u00f6s sz\u00e9kp\u00e1r \u2013 Bojtos ty\u00fakok, A v\u00f6r\u00f6sbe h\u00fazott sz\u00e9kp\u00e1r a \u201960-as \u00e9vek t\u00edpusb\u00fatorai k\u00f6z\u00fcl \u00e9rkezett. Teljes fel\u00faj\u00edt\u00e1s ut\u00e1n far\u00e9sze, r..., Meska","image_title":"V\u00f6r\u00f6s sz\u00e9kp\u00e1r \u2013 Bojtos ty\u00fakok, Meska","view_count":"122","favourite_count":"0","trending_score":"0","last2MonthFavouriteCount":"0","promotion":"0","giftcard_accept":"0","creditcard_accept":true,"enhanced_background":"0","domain":"meska","specific_customer_id":null,"specific_customer_name":null,"to_order_product":"0","to_order_product_time":"0","product_different":null,"product_different_description":"","vintage":"0","vintage_category_id":"0","recycled":"1","gemstone_id":"0","customizable":"0","type_category":"physical","zerowaste":"0","postage_price":"8000.00","shop_order":"0","has_category":"1","landing_pages":null,"microdata":{"number":23,"category":""},"title":"V\u00f6r\u00f6s sz\u00e9kp\u00e1r \u2013 Bojtos ty\u00fakok","description":"A v\u00f6r\u00f6sbe h\u00fazott sz\u00e9kp\u00e1r a \u201960-as \u00e9vek t\u00edpusb\u00fatorai k\u00f6z\u00fcl \u00e9rkezett. Teljes fel\u00faj\u00edt\u00e1s ut\u00e1n far\u00e9sze, rug\u00f3i \u00e9s p\u00e1rn\u00e1zata felfriss\u00fclt, k\u00fclseje \u00fcd\u00e9v\u00e9 v\u00e1lt. A boh\u00e9m mint\u00e1s t\u00e1mlah\u00e1tak alul ring\u00f3 bojtokkal h\u00edvnak k\u00f6nnyed cseveg\u00e9sre. \nGyere, foglalj helyet!\n\nmennyis\u00e9g: 2 db\nm\u00e9ret: magass\u00e1g 85 cm, \u00fcl\u0151fel\u00fclet 44x44 cm , t\u00e1mla 44x34 cm\nfel\u00e9p\u00edt\u00e9se: fa v\u00e1zszerkezet, PP tart\u00f3 szerel\u00e9k, b\u00fatorrug\u00f3, szivacs\nbevon\u00f3anyag: mikropl\u00fcss b\u00fatorsz\u00f6vet, dekor text\u00edlia\n\u00e1llv\u00e1nyszerkezet fest\u00e9se: kem\u00e9nyolaj\n","score":0,"formatted_price":"80 000 Ft","image_url":"https:\/\/www.meska.hu\/img\/product\/small\/a\/n\/antre_product_647438_251119091201_972728.png","formatted_url":"https:\/\/www.meska.hu\/p5678407-voros-szekpar-bojtos-tyukok","favourite":false,"in_stock":true,"avatar":"647438_avatar_1763368342.png","delete_from":0,"is_enhanced_background":false,"is_enhanced":false,"product_selection_started":false,"is_active":true,"image_webp_url":"https:\/\/www.meska.hu\/img\/product\/small\/a\/n\/antre_product_647438_251119091201_972728.webp"},{"id":"3511299","shop_id":"4329","user_id":"15761","shop_name":"GabrielArt","shop_zip":"4027","product_code":"2321957","product_name_old":null,"product_name":"Multifunkcion\u00e1lis f\u00e1nk babzs\u00e1kfotel piros-narancs","category_string":"Otthon & \u00c9letm\u00f3d, B\u00fator, Babzs\u00e1kfotel , Babzs\u00e1k","technic_string":"Varr\u00e1s","category_1":"813","category_2":"313","category_3":"1718","category_4":"777","merged_category_1":"0","merged_category_2":"0","merged_category_3":"785","technic_1":"506","technic_2":"0","technic_3":"0","color_1":"568","color_2":"523","color_3":"0","product_description_old":null,"product_description":"Multifunkcion\u00e1lis babzs\u00e1k.\nK\u00fcl\u00f6nlegess\u00e9ge, hogy rengeteg m\u00f3don haszn\u00e1lhatod: kiter\u00edtve egy \u00f3ri\u00e1si f\u00e1nk, ak\u00e1r alv\u00e1sra is alkalmasan, oldal\u00e1ra \u00e1ll\u00edtva kanap\u00e9, \u00e9l\u00e9re \u00e1ll\u00edtva nagyon k\u00e9nyelmes fotel, ami szuper\u00fcl megt\u00e1masztja a h\u00e1tadat.\nBizton \u00e1ll\u00edthatom, az eg\u00e9sz csal\u00e1d im\u00e1dni fogja, \u00e9n oda vagyok \u00e9rte!\nDupla huzattal, ut\u00e1nt\u00f6lthet\u0151en.\nEzzel a sz\u00ednnel felmeleg\u00edtheted a hideg t\u00e9li est\u00e9idet:)\n\n\u00c1tm\u00e9r\u0151je 130cm.","price":"36800.00","unit":"db","recommended":"0","status":"1","sponsored":"0","exp_notify":"0","own_material":"0","own_material_description_old":null,"own_material_description":"","jury":"0","jury_number":"","product_nature":"","meskaracsony":"0","create_date":"2026-03-20 03:43:26","shelve_id":"8465","image":"gabrielart_product_15761_150909131944_134553.jpeg","image_width":"480","image_height":"448","image_alt":"Multifunkcion\u00e1lis f\u00e1nk babzs\u00e1kfotel piros-narancs, Multifunkcion\u00e1lis babzs\u00e1k.\\nK\u00fcl\u00f6nlegess\u00e9ge, hogy rengeteg m\u00f3don haszn\u00e1lhatod: kiter\u00edtve egy \u00f3ri\u00e1si f\u00e1..., Meska","image_title":"Multifunkcion\u00e1lis f\u00e1nk babzs\u00e1kfotel piros-narancs, Meska","view_count":"1903","favourite_count":"0","trending_score":"0","last2MonthFavouriteCount":"0","promotion":"0","giftcard_accept":"0","creditcard_accept":false,"enhanced_background":"0","domain":"meska","specific_customer_id":null,"specific_customer_name":null,"to_order_product":"0","to_order_product_time":"0","product_different":null,"product_different_description":"","vintage":"0","vintage_category_id":"0","recycled":"0","gemstone_id":"0","customizable":"0","type_category":"physical","zerowaste":"0","postage_price":"3990.00","shop_order":"473","has_category":"1","landing_pages":null,"microdata":{"number":24,"category":""},"title":"Multifunkcion\u00e1lis f\u00e1nk babzs\u00e1kfotel piros-narancs","description":"Multifunkcion\u00e1lis babzs\u00e1k.\nK\u00fcl\u00f6nlegess\u00e9ge, hogy rengeteg m\u00f3don haszn\u00e1lhatod: kiter\u00edtve egy \u00f3ri\u00e1si f\u00e1nk, ak\u00e1r alv\u00e1sra is alkalmasan, oldal\u00e1ra \u00e1ll\u00edtva kanap\u00e9, \u00e9l\u00e9re \u00e1ll\u00edtva nagyon k\u00e9nyelmes fotel, ami szuper\u00fcl megt\u00e1masztja a h\u00e1tadat.\nBizton \u00e1ll\u00edthatom, az eg\u00e9sz csal\u00e1d im\u00e1dni fogja, \u00e9n oda vagyok \u00e9rte!\nDupla huzattal, ut\u00e1nt\u00f6lthet\u0151en.\nEzzel a sz\u00ednnel felmeleg\u00edtheted a hideg t\u00e9li est\u00e9idet:)\n\n\u00c1tm\u00e9r\u0151je 130cm.","score":0,"formatted_price":"36 800 Ft","image_url":"https:\/\/www.meska.hu\/img\/product\/small\/g\/a\/gabrielart_product_15761_150909131944_134553.jpeg","formatted_url":"https:\/\/www.meska.hu\/p2321957-multifunkcionalis-fank-babzsakfotel-piros-narancs","favourite":false,"in_stock":true,"avatar":"GabrielArt_avatar_15761_1585229139.jpg","delete_from":0,"is_enhanced_background":false,"is_enhanced":false,"product_selection_started":false,"is_active":true,"image_webp_url":"https:\/\/www.meska.hu\/img\/product\/small\/g\/a\/gabrielart_product_15761_150909131944_134553.webp"},{"id":"6000549","shop_id":"50534","user_id":"352725","shop_name":"Kincsesalmarium","shop_zip":"2100","product_code":"5674100","product_name_old":null,"product_name":"\u00c9jjeli szekr\u00e9ny, polc, kispolc","category_string":"Otthon & \u00c9letm\u00f3d, B\u00fator, Szekr\u00e9ny","technic_string":"Decoupage, transzfer \u00e9s szalv\u00e9tatechnika, Famegmunk\u00e1l\u00e1s","category_1":"813","category_2":"313","category_3":"562","category_4":"0","merged_category_1":null,"merged_category_2":null,"merged_category_3":null,"technic_1":"476","technic_2":"478","technic_3":"0","color_1":"519","color_2":"520","color_3":"523","product_description_old":null,"product_description":"Decoupage technik\u00e1val d\u00edsz\u00edtett \u00e9jjeli szekr\u00e9ny, kispolc\nFelhaszn\u00e1lt anyagok: feny\u0151 \u00e9jjeli szekr\u00e9ny, rizspap\u00edr, akril fest\u00e9k, paszta\nM\u00e9retei: 52 x 40 x 30 cm\nK\u00e9szleten l\u00e9v\u0151 term\u00e9k, azonnal megv\u00e1s\u00e1rolhat\u00f3.\nM\u00e9rete miatt a szem\u00e9lyes \u00e1tv\u00e9telt javaslom, illetve egyeztess\u00fcnk a sz\u00e1ll\u00edt\u00e1si \u00e1rr\u00f3l v\u00e1s\u00e1rl\u00e1s el\u0151tt.","price":"26000.00","unit":"db","recommended":"0","status":"1","sponsored":"0","exp_notify":"0","own_material":"0","own_material_description_old":null,"own_material_description":"","jury":"0","jury_number":"","product_nature":"","meskaracsony":"0","create_date":"2026-03-19 19:02:51","shelve_id":"0","image":"kincsesalmarium_product_352725_251117123244_283436.jpeg","image_width":"480","image_height":"484","image_alt":"\u00c9jjeli szekr\u00e9ny, polc, kispolc, Decoupage technik\u00e1val d\u00edsz\u00edtett \u00e9jjeli szekr\u00e9ny, kispolc\\nFelhaszn\u00e1lt anyagok: feny\u0151 \u00e9jjeli szekr\u00e9ny,..., Meska","image_title":"\u00c9jjeli szekr\u00e9ny, polc, kispolc, Meska","view_count":"113","favourite_count":"0","trending_score":"0","last2MonthFavouriteCount":"0","promotion":"0","giftcard_accept":"0","creditcard_accept":true,"enhanced_background":"0","domain":"meska","specific_customer_id":null,"specific_customer_name":null,"to_order_product":"0","to_order_product_time":"0","product_different":null,"product_different_description":"","vintage":"0","vintage_category_id":"0","recycled":"0","gemstone_id":"0","customizable":"0","type_category":"physical","zerowaste":"0","postage_price":"1290.00","shop_order":"0","has_category":"1","landing_pages":null,"microdata":{"number":25,"category":""},"title":"\u00c9jjeli szekr\u00e9ny, polc, kispolc","description":"Decoupage technik\u00e1val d\u00edsz\u00edtett \u00e9jjeli szekr\u00e9ny, kispolc\nFelhaszn\u00e1lt anyagok: feny\u0151 \u00e9jjeli szekr\u00e9ny, rizspap\u00edr, akril fest\u00e9k, paszta\nM\u00e9retei: 52 x 40 x 30 cm\nK\u00e9szleten l\u00e9v\u0151 term\u00e9k, azonnal megv\u00e1s\u00e1rolhat\u00f3.\nM\u00e9rete miatt a szem\u00e9lyes \u00e1tv\u00e9telt javaslom, illetve egyeztess\u00fcnk a sz\u00e1ll\u00edt\u00e1si \u00e1rr\u00f3l v\u00e1s\u00e1rl\u00e1s el\u0151tt.","score":0,"formatted_price":"26 000 Ft","image_url":"https:\/\/www.meska.hu\/img\/product\/small\/k\/i\/kincsesalmarium_product_352725_251117123244_283436.jpeg","formatted_url":"https:\/\/www.meska.hu\/p5674100-ejjeli-szekreny-polc-kispolc","favourite":false,"in_stock":true,"avatar":"352725_avatar_1761038390.jpeg","delete_from":0,"is_enhanced_background":false,"is_enhanced":false,"product_selection_started":false,"is_active":true,"image_webp_url":"https:\/\/www.meska.hu\/img\/product\/small\/k\/i\/kincsesalmarium_product_352725_251117123244_283436.webp"},{"id":"6000575","shop_id":"50534","user_id":"352725","shop_name":"Kincsesalmarium","shop_zip":"2100","product_code":"5674125","product_name_old":null,"product_name":"Mucha plak\u00e1ttal d\u00edsz\u00edtett \u00e9jjeli szekr\u00e9ny","category_string":"Otthon & \u00c9letm\u00f3d, B\u00fator, Szekr\u00e9ny","technic_string":"Decoupage, transzfer \u00e9s szalv\u00e9tatechnika, Famegmunk\u00e1l\u00e1s","category_1":"813","category_2":"313","category_3":"562","category_4":"0","merged_category_1":null,"merged_category_2":null,"merged_category_3":null,"technic_1":"476","technic_2":"478","technic_3":"0","color_1":"512","color_2":"523","color_3":"529","product_description_old":null,"product_description":"Art deco \u00e9jjeliszekr\u00e9ny fel\u00faj\u00edtva.\nKr\u00e9tafest\u00e9kkel festett, Alfons Mucha plak\u00e1tj\u00e1val d\u00edsz\u00edtett vintage \u00e9jjeli szekr\u00e9ny.\nM\u00e9retei. 44 x 38 x 70 cm\nSzem\u00e9lyes \u00e1tv\u00e9tel G\u00f6d\u00f6ll\u0151n vagy a P\u00f3lus Centern\u00e9l.\n","price":"65000.00","unit":"db","recommended":"0","status":"1","sponsored":"0","exp_notify":"0","own_material":"0","own_material_description_old":null,"own_material_description":"","jury":"0","jury_number":"","product_nature":"","meskaracsony":"0","create_date":"2026-03-19 19:02:27","shelve_id":"0","image":"kincsesalmarium_product_352725_251117123944_48846.jpeg","image_width":"480","image_height":"826","image_alt":"Mucha plak\u00e1ttal d\u00edsz\u00edtett \u00e9jjeli szekr\u00e9ny, Art deco \u00e9jjeliszekr\u00e9ny fel\u00faj\u00edtva.\\nKr\u00e9tafest\u00e9kkel festett, Alfons Mucha plak\u00e1tj\u00e1val d\u00edsz\u00edtett vintag..., Meska","image_title":"Mucha plak\u00e1ttal d\u00edsz\u00edtett \u00e9jjeli szekr\u00e9ny, Meska","view_count":"172","favourite_count":"0","trending_score":"0","last2MonthFavouriteCount":"0","promotion":"0","giftcard_accept":"0","creditcard_accept":true,"enhanced_background":"0","domain":"meska","specific_customer_id":null,"specific_customer_name":null,"to_order_product":"0","to_order_product_time":"0","product_different":null,"product_different_description":"","vintage":"0","vintage_category_id":"0","recycled":"0","gemstone_id":"0","customizable":"0","type_category":"physical","zerowaste":"0","postage_price":"0.00","shop_order":"0","has_category":"1","landing_pages":null,"microdata":{"number":26,"category":""},"title":"Mucha plak\u00e1ttal d\u00edsz\u00edtett \u00e9jjeli szekr\u00e9ny","description":"Art deco \u00e9jjeliszekr\u00e9ny fel\u00faj\u00edtva.\nKr\u00e9tafest\u00e9kkel festett, Alfons Mucha plak\u00e1tj\u00e1val d\u00edsz\u00edtett vintage \u00e9jjeli szekr\u00e9ny.\nM\u00e9retei. 44 x 38 x 70 cm\nSzem\u00e9lyes \u00e1tv\u00e9tel G\u00f6d\u00f6ll\u0151n vagy a P\u00f3lus Centern\u00e9l.\n","score":0,"formatted_price":"65 000 Ft","image_url":"https:\/\/www.meska.hu\/img\/product\/small\/k\/i\/kincsesalmarium_product_352725_251117123944_48846.jpeg","formatted_url":"https:\/\/www.meska.hu\/p5674125-mucha-plakattal-diszitett-ejjeli-szekreny","favourite":false,"in_stock":true,"avatar":"352725_avatar_1761038390.jpeg","delete_from":0,"is_enhanced_background":false,"is_enhanced":false,"product_selection_started":false,"is_active":true,"image_webp_url":"https:\/\/www.meska.hu\/img\/product\/small\/k\/i\/kincsesalmarium_product_352725_251117123944_48846.webp"},{"id":"4469603","shop_id":"4329","user_id":"15761","shop_name":"GabrielArt","shop_zip":"4027","product_code":"4758608","product_name_old":null,"product_name":"Multifunkcion\u00e1lis babzs\u00e1k piros-mandal\u00e1s ","category_string":"Otthon & \u00c9letm\u00f3d, B\u00fator, Babzs\u00e1k, Babzs\u00e1kfotel ","technic_string":"Varr\u00e1s","category_1":"813","category_2":"313","category_3":"777","category_4":"1718","merged_category_1":null,"merged_category_2":null,"merged_category_3":null,"technic_1":"506","technic_2":"0","technic_3":"0","color_1":"519","color_2":"523","color_3":"528","product_description_old":null,"product_description":"Ennek a babzsinak a k\u00fcl\u00f6nlegess\u00e9ge, hogy rengeteg m\u00f3don haszn\u00e1lhatod: kiter\u00edtve egy \u00f3ri\u00e1si f\u00e1nk, ak\u00e1r alv\u00e1sra is alkalmasan, oldal\u00e1ra \u00e1ll\u00edtva kanap\u00e9, \u00e9l\u00e9re \u00e1ll\u00edtva nagyon k\u00e9nyelmes fotel, ami szuper\u00fcl megt\u00e1masztja a h\u00e1tadat.\nExtra min\u0151s\u00e9g\u0171 lak\u00e1stextilb\u0151l.\nDupla huzattal, ut\u00e1nt\u00f6lthet\u0151en.\n\n\u00c1tm\u00e9r\u0151je kb. 130cm.","price":"36800.00","unit":"db","recommended":"0","status":"1","sponsored":"0","exp_notify":"0","own_material":"0","own_material_description_old":null,"own_material_description":"","jury":"0","jury_number":"","product_nature":"","meskaracsony":"0","create_date":"2026-03-17 08:44:11","shelve_id":"8465","image":"gabrielart_product_15761_190114144937_906929.jpeg","image_width":"480","image_height":"480","image_alt":"Multifunkcion\u00e1lis babzs\u00e1k piros-mandal\u00e1s , Ennek a babzsinak a k\u00fcl\u00f6nlegess\u00e9ge, hogy rengeteg m\u00f3don haszn\u00e1lhatod: kiter\u00edtve egy \u00f3ri\u00e1si f\u00e1nk, ak\u00e1..., Meska","image_title":"Multifunkcion\u00e1lis babzs\u00e1k piros-mandal\u00e1s , Meska","view_count":"695","favourite_count":"0","trending_score":"0","last2MonthFavouriteCount":"0","promotion":"0","giftcard_accept":"0","creditcard_accept":false,"enhanced_background":"0","domain":"meska","specific_customer_id":null,"specific_customer_name":null,"to_order_product":"0","to_order_product_time":"0","product_different":null,"product_different_description":"","vintage":"0","vintage_category_id":"0","recycled":"0","gemstone_id":"0","customizable":"0","type_category":"physical","zerowaste":"0","postage_price":"3990.00","shop_order":"1","has_category":"1","landing_pages":null,"microdata":{"number":27,"category":""},"title":"Multifunkcion\u00e1lis babzs\u00e1k piros-mandal\u00e1s ","description":"Ennek a babzsinak a k\u00fcl\u00f6nlegess\u00e9ge, hogy rengeteg m\u00f3don haszn\u00e1lhatod: kiter\u00edtve egy \u00f3ri\u00e1si f\u00e1nk, ak\u00e1r alv\u00e1sra is alkalmasan, oldal\u00e1ra \u00e1ll\u00edtva kanap\u00e9, \u00e9l\u00e9re \u00e1ll\u00edtva nagyon k\u00e9nyelmes fotel, ami szuper\u00fcl megt\u00e1masztja a h\u00e1tadat.\nExtra min\u0151s\u00e9g\u0171 lak\u00e1stextilb\u0151l.\nDupla huzattal, ut\u00e1nt\u00f6lthet\u0151en.\n\n\u00c1tm\u00e9r\u0151je kb. 130cm.","score":0,"formatted_price":"36 800 Ft","image_url":"https:\/\/www.meska.hu\/img\/product\/small\/g\/a\/gabrielart_product_15761_190114144937_906929.jpeg","formatted_url":"https:\/\/www.meska.hu\/p4758608-multifunkcionalis-babzsak-piros-mandalas","favourite":false,"in_stock":true,"avatar":"GabrielArt_avatar_15761_1585229139.jpg","delete_from":0,"is_enhanced_background":false,"is_enhanced":false,"product_selection_started":false,"is_active":true,"image_webp_url":"https:\/\/www.meska.hu\/img\/product\/small\/g\/a\/gabrielart_product_15761_190114144937_906929.webp"},{"id":"3451983","shop_id":"7767","user_id":"34210","shop_name":"hermareszdekor","shop_zip":"4551","product_code":"2529137","product_name_old":null,"product_name":"FENY\u0150 FALIPOLC K\u00d6NYVESPOLC  meseerd\u0151","category_string":"Otthon & \u00c9letm\u00f3d, B\u00fator, Polc","technic_string":"Famegmunk\u00e1l\u00e1s, Festett t\u00e1rgyak","category_1":"813","category_2":"313","category_3":"560","category_4":"0","merged_category_1":"0","merged_category_2":"0","merged_category_3":"785","technic_1":"478","technic_2":"481","technic_3":"0","color_1":"519","color_2":"523","color_3":"525","product_description_old":null,"product_description":"Feny\u0151fa fali k\u00f6nyvespolc \n\nHermaresz dekor\n\n\nFeny\u0151f\u00e1b\u00f3l k\u00e9sz\u00fclt k\u00e9zzel festett falipolc\n\n\nSz\u00e9p egyszer\u0171 aj\u00e1nd\u00e9k mely nagyon hasznos is:)\n\nFeny\u0151 alapanyagb\u00f3l k\u00e9sz\u00fclt egyedi k\u00e9zi dekor\u00e1l\u00e1ssal.\n\n\nT\u00f6bbsz\u00f6r\u00f6sen le van lakkozva!\n\nM\u00e9rete:\n\n\nteljes sz\u00e9less\u00e9ge:50cm\n\n\npolc m\u00e9lys\u00e9ge: 20cm\n\nA polc magass\u00e1ga a mint\u00e1t\u00f3l f\u00fcgg!\n\n\nNagyobb m\u00e9retben is elk\u00e9sz\u00edtem ,az \u00e1r\u00e1r\u00f3l \u00fczenetben \u00e9rdekl\u0151dhetsz!\n\n\nK\u00e9r\u00e9sre m\u00e1s mint\u00e1val is elk\u00e9sz\u00edtem!\n\n\nMEGRENDEL\u00c9SRE K\u00c9SZ\u00cdTEM 5 MUNKANAP ALATT (EL\u0150FORDULHAT HOGY VAN K\u00c9SZLETEN AKKOR EZ AZ ID\u0150 LER\u00d6VID\u00dcL,B\u00c1TRAN K\u00c9RDEZZ!)\n\n\nK\u00c9RLEK LICIT\u00c1L\u00c1SKOR VEDD FIGYELEMBE. a V\u00c9TEL\u00c1RAT 3 MUNKANAPON BEL\u00dcL K\u00c9REM ,VAGY EL\u0150ZETES EGYEZTET\u00c9S UT\u00c1N VAN LEHET\u0150S\u00c9G HALASZT\u00c1SRA.\n\n\nPOSTA A Magyar posta d\u00edjszab\u00e1s\u00e1nak megfelel\u0151en, kiz\u00e1r\u00f3lag el\u0151re utal\u00e1s ut\u00e1n!\n\n\n SZEM\u00c9LYESEN NY\u00cdREGYH\u00c1Z\u00c1N VEHET\u0150 \u00c1T!\n\n\nN\u00c9ZZ SZ\u00c9T N\u00c1LAM SOK TERM\u00c9KET T\u00d6LT\u00d6K FEL!\n\n\nS\u00e1mli, gyerekszobai \u00f3ra, magass\u00e1gm\u00e9r\u0151, kincsesl\u00e1da stb...","price":"12500.00","unit":"db","recommended":"0","status":"1","sponsored":"0","exp_notify":"0","own_material":"0","own_material_description_old":null,"own_material_description":"","jury":"0","jury_number":"","product_nature":"","meskaracsony":"0","create_date":"2026-03-15 16:07:32","shelve_id":"21456","image":"hermareszdekor_product_34210_131123132553_1.jpg","image_width":"480","image_height":"640","image_alt":"FENY\u0150 FALIPOLC K\u00d6NYVESPOLC  meseerd\u0151, Feny\u0151fa fali k\u00f6nyvespolc \\n\\nHermaresz dekor\\n\\n\\nFeny\u0151f\u00e1b\u00f3l k\u00e9sz\u00fclt k\u00e9zzel festett falipolc\\n\\n\\nSz\u00e9p egysz..., Meska","image_title":"FENY\u0150 FALIPOLC K\u00d6NYVESPOLC  meseerd\u0151, Meska","view_count":"1172","favourite_count":"0","trending_score":"0","last2MonthFavouriteCount":"0","promotion":"0","giftcard_accept":"1","creditcard_accept":false,"enhanced_background":"0","domain":"meska","specific_customer_id":null,"specific_customer_name":null,"to_order_product":"1","to_order_product_time":"10","product_different":"quite_different","product_different_description":"Sz\u00edn\u00e1rnyalat","vintage":"0","vintage_category_id":"0","recycled":"0","gemstone_id":"0","customizable":"0","type_category":"physical","zerowaste":"0","postage_price":"4500.00","shop_order":"0","has_category":"1","landing_pages":null,"microdata":{"number":28,"category":""},"title":"FENY\u0150 FALIPOLC K\u00d6NYVESPOLC  meseerd\u0151","description":"Feny\u0151fa fali k\u00f6nyvespolc \n\nHermaresz dekor\n\n\nFeny\u0151f\u00e1b\u00f3l k\u00e9sz\u00fclt k\u00e9zzel festett falipolc\n\n\nSz\u00e9p egyszer\u0171 aj\u00e1nd\u00e9k mely nagyon hasznos is:)\n\nFeny\u0151 alapanyagb\u00f3l k\u00e9sz\u00fclt egyedi k\u00e9zi dekor\u00e1l\u00e1ssal.\n\n\nT\u00f6bbsz\u00f6r\u00f6sen le van lakkozva!\n\nM\u00e9rete:\n\n\nteljes sz\u00e9less\u00e9ge:50cm\n\n\npolc m\u00e9lys\u00e9ge: 20cm\n\nA polc magass\u00e1ga a mint\u00e1t\u00f3l f\u00fcgg!\n\n\nNagyobb m\u00e9retben is elk\u00e9sz\u00edtem ,az \u00e1r\u00e1r\u00f3l \u00fczenetben \u00e9rdekl\u0151dhetsz!\n\n\nK\u00e9r\u00e9sre m\u00e1s mint\u00e1val is elk\u00e9sz\u00edtem!\n\n\nMEGRENDEL\u00c9SRE K\u00c9SZ\u00cdTEM 5 MUNKANAP ALATT (EL\u0150FORDULHAT HOGY VAN K\u00c9SZLETEN AKKOR EZ AZ ID\u0150 LER\u00d6VID\u00dcL,B\u00c1TRAN K\u00c9RDEZZ!)\n\n\nK\u00c9RLEK LICIT\u00c1L\u00c1SKOR VEDD FIGYELEMBE. a V\u00c9TEL\u00c1RAT 3 MUNKANAPON BEL\u00dcL K\u00c9REM ,VAGY EL\u0150ZETES EGYEZTET\u00c9S UT\u00c1N VAN LEHET\u0150S\u00c9G HALASZT\u00c1SRA.\n\n\nPOSTA A Magyar posta d\u00edjszab\u00e1s\u00e1nak megfelel\u0151en, kiz\u00e1r\u00f3lag el\u0151re utal\u00e1s ut\u00e1n!\n\n\n SZEM\u00c9LYESEN NY\u00cdREGYH\u00c1Z\u00c1N VEHET\u0150 \u00c1T!\n\n\nN\u00c9ZZ SZ\u00c9T N\u00c1LAM SOK TERM\u00c9KET T\u00d6LT\u00d6K FEL!\n\n\nS\u00e1mli, gyerekszobai \u00f3ra, magass\u00e1gm\u00e9r\u0151, kincsesl\u00e1da stb...","score":0,"formatted_price":"12 500 Ft","image_url":"https:\/\/www.meska.hu\/img\/product\/small\/h\/e\/hermareszdekor_product_34210_131123132553_1.jpg","formatted_url":"https:\/\/www.meska.hu\/p2529137-fenyo-falipolc-konyvespolc-meseerdo","favourite":false,"in_stock":false,"avatar":"hermareszdekor_avatar_34210_1535693442.jpg","delete_from":0,"is_enhanced_background":false,"is_enhanced":false,"product_selection_started":false,"is_active":true,"image_webp_url":"https:\/\/www.meska.hu\/img\/product\/small\/h\/e\/hermareszdekor_product_34210_131123132553_1.webp"},{"id":"4608930","shop_id":"4329","user_id":"15761","shop_name":"GabrielArt","shop_zip":"4027","product_code":"4846581","product_name_old":null,"product_name":"Multifunkcion\u00e1lis babzs\u00e1k mini, szuperh\u0151s\u00f6s","category_string":"Otthon & \u00c9letm\u00f3d, B\u00fator, Babzs\u00e1kfotel , Babzs\u00e1k","technic_string":"Varr\u00e1s","category_1":"813","category_2":"313","category_3":"1718","category_4":"777","merged_category_1":"0","merged_category_2":"0","merged_category_3":"785","technic_1":"506","technic_2":"0","technic_3":"0","color_1":"519","color_2":"532","color_3":"523","product_description_old":null,"product_description":"Ennek a babzsinak a k\u00fcl\u00f6nlegess\u00e9ge, hogy rengeteg m\u00f3don haszn\u00e1lhatod: kiter\u00edtve egy \u00f3ri\u00e1si f\u00e1nk, ak\u00e1r alv\u00e1sra is alkalmasan, oldal\u00e1ra \u00e1ll\u00edtva kanap\u00e9, \u00e9l\u00e9re \u00e1ll\u00edtva nagyon k\u00e9nyelmes fotel, ami szuper\u00fcl megt\u00e1masztja a h\u00e1tadat.\nExtra min\u0151s\u00e9g\u0171 lak\u00e1stextilb\u0151l.\nDupla huzattal, ut\u00e1nt\u00f6lthet\u0151en.\nEzt a m\u00e9retet 5-6 \u00e9ves korig aj\u00e1nlom.\n\n\u00c1tm\u00e9r\u0151je kb. 100cm.","price":"22900.00","unit":"db","recommended":"0","status":"1","sponsored":"0","exp_notify":"0","own_material":"0","own_material_description_old":null,"own_material_description":"","jury":"0","jury_number":"","product_nature":"","meskaracsony":"0","create_date":"2026-03-14 12:00:53","shelve_id":"8465","image":"gabrielart_product_15761_221201101536_570223.jpeg","image_width":"480","image_height":"480","image_alt":"Multifunkcion\u00e1lis babzs\u00e1k mini, szuperh\u0151s\u00f6s, Ennek a babzsinak a k\u00fcl\u00f6nlegess\u00e9ge, hogy rengeteg m\u00f3don haszn\u00e1lhatod: kiter\u00edtve egy \u00f3ri\u00e1si f\u00e1nk, ak\u00e1..., Meska","image_title":"Multifunkcion\u00e1lis babzs\u00e1k mini, szuperh\u0151s\u00f6s, Meska","view_count":"1308","favourite_count":"0","trending_score":"0","last2MonthFavouriteCount":"0","promotion":"0","giftcard_accept":"0","creditcard_accept":false,"enhanced_background":"0","domain":"meska","specific_customer_id":null,"specific_customer_name":null,"to_order_product":"0","to_order_product_time":"0","product_different":null,"product_different_description":"","vintage":"0","vintage_category_id":"0","recycled":"0","gemstone_id":"0","customizable":"0","type_category":"physical","zerowaste":"0","postage_price":"4990.00","shop_order":"459","has_category":"1","landing_pages":null,"microdata":{"number":29,"category":""},"title":"Multifunkcion\u00e1lis babzs\u00e1k mini, szuperh\u0151s\u00f6s","description":"Ennek a babzsinak a k\u00fcl\u00f6nlegess\u00e9ge, hogy rengeteg m\u00f3don haszn\u00e1lhatod: kiter\u00edtve egy \u00f3ri\u00e1si f\u00e1nk, ak\u00e1r alv\u00e1sra is alkalmasan, oldal\u00e1ra \u00e1ll\u00edtva kanap\u00e9, \u00e9l\u00e9re \u00e1ll\u00edtva nagyon k\u00e9nyelmes fotel, ami szuper\u00fcl megt\u00e1masztja a h\u00e1tadat.\nExtra min\u0151s\u00e9g\u0171 lak\u00e1stextilb\u0151l.\nDupla huzattal, ut\u00e1nt\u00f6lthet\u0151en.\nEzt a m\u00e9retet 5-6 \u00e9ves korig aj\u00e1nlom.\n\n\u00c1tm\u00e9r\u0151je kb. 100cm.","score":0,"formatted_price":"22 900 Ft","image_url":"https:\/\/www.meska.hu\/img\/product\/small\/g\/a\/gabrielart_product_15761_221201101536_570223.jpeg","formatted_url":"https:\/\/www.meska.hu\/p4846581-multifunkcionalis-babzsak-mini-szuperhosos","favourite":false,"in_stock":true,"avatar":"GabrielArt_avatar_15761_1585229139.jpg","delete_from":0,"is_enhanced_background":false,"is_enhanced":false,"product_selection_started":false,"is_active":true,"image_webp_url":"https:\/\/www.meska.hu\/img\/product\/small\/g\/a\/gabrielart_product_15761_221201101536_570223.webp"},{"id":"3483364","shop_id":"4329","user_id":"15761","shop_name":"GabrielArt","shop_zip":"4027","product_code":"2372065","product_name_old":null,"product_name":"Piros-sz\u00fcrke csepp alak\u00fa babzs\u00e1kfotel","category_string":"Otthon & \u00c9letm\u00f3d, B\u00fator, Babzs\u00e1kfotel , Babzs\u00e1k","technic_string":"Varr\u00e1s","category_1":"813","category_2":"313","category_3":"1718","category_4":"777","merged_category_1":"0","merged_category_2":"0","merged_category_3":"785","technic_1":"506","technic_2":"0","technic_3":"0","color_1":"523","color_2":"527","color_3":"0","product_description_old":null,"product_description":"Csepp alak\u00fa, hat cikkb\u0151l \u00e1ll\u00f3 fotel, extra min\u0151s\u00e9g\u0171, strapab\u00edr\u00f3 lak\u00e1stextilb\u0151l,  feln\u0151tteknek \u00e9s gyerekeknek egyar\u00e1nt aj\u00e1nlom, nagyon k\u00e9nyelmes fazon.\n\nDupla huzatos, ut\u00e1nt\u00f6lthet\u0151.\nM\u00e9rete: 90X110cm.\n\nTervezd meg a saj\u00e1t sz\u00edn\u00f6ssze\u00e1ll\u00edt\u00e1sodat a mintasz\u00ednekb\u0151l :)","price":"41800.00","unit":"db","recommended":"0","status":"1","sponsored":"0","exp_notify":"0","own_material":"0","own_material_description_old":null,"own_material_description":"","jury":"0","jury_number":"","product_nature":"","meskaracsony":"0","create_date":"2026-03-13 13:55:20","shelve_id":"8465","image":"gabrielart_product_15761_150102124445_1.jpg","image_width":"480","image_height":"495","image_alt":"Piros-sz\u00fcrke csepp alak\u00fa babzs\u00e1kfotel, Csepp alak\u00fa, hat cikkb\u0151l \u00e1ll\u00f3 fotel, extra min\u0151s\u00e9g\u0171, strapab\u00edr\u00f3 lak\u00e1stextilb\u0151l,  feln\u0151tteknek \u00e9s gye..., Meska","image_title":"Piros-sz\u00fcrke csepp alak\u00fa babzs\u00e1kfotel, Meska","view_count":"2022","favourite_count":"0","trending_score":"0","last2MonthFavouriteCount":"0","promotion":"0","giftcard_accept":"0","creditcard_accept":false,"enhanced_background":"0","domain":"meska","specific_customer_id":null,"specific_customer_name":null,"to_order_product":"0","to_order_product_time":"0","product_different":null,"product_different_description":"","vintage":"0","vintage_category_id":"0","recycled":"0","gemstone_id":"0","customizable":"0","type_category":"physical","zerowaste":"0","postage_price":"3990.00","shop_order":"505","has_category":"1","landing_pages":null,"microdata":{"number":30,"category":""},"title":"Piros-sz\u00fcrke csepp alak\u00fa babzs\u00e1kfotel","description":"Csepp alak\u00fa, hat cikkb\u0151l \u00e1ll\u00f3 fotel, extra min\u0151s\u00e9g\u0171, strapab\u00edr\u00f3 lak\u00e1stextilb\u0151l,  feln\u0151tteknek \u00e9s gyerekeknek egyar\u00e1nt aj\u00e1nlom, nagyon k\u00e9nyelmes fazon.\n\nDupla huzatos, ut\u00e1nt\u00f6lthet\u0151.\nM\u00e9rete: 90X110cm.\n\nTervezd meg a saj\u00e1t sz\u00edn\u00f6ssze\u00e1ll\u00edt\u00e1sodat a mintasz\u00ednekb\u0151l :)","score":0,"formatted_price":"41 800 Ft","image_url":"https:\/\/www.meska.hu\/img\/product\/small\/g\/a\/gabrielart_product_15761_150102124445_1.jpg","formatted_url":"https:\/\/www.meska.hu\/p2372065-piros-szurke-csepp-alaku-babzsakfotel","favourite":false,"in_stock":true,"avatar":"GabrielArt_avatar_15761_1585229139.jpg","delete_from":0,"is_enhanced_background":false,"is_enhanced":false,"product_selection_started":false,"is_active":true,"image_webp_url":"https:\/\/www.meska.hu\/img\/product\/small\/g\/a\/gabrielart_product_15761_150102124445_1.webp"},{"id":"3481980","shop_id":"4329","user_id":"15761","shop_name":"GabrielArt","shop_zip":"4027","product_code":"2321969","product_name_old":null,"product_name":"Fekete-piros babzs\u00e1k relax feln\u0151tt","category_string":"Otthon & \u00c9letm\u00f3d, B\u00fator, Babzs\u00e1kfotel , Babzs\u00e1k","technic_string":"Varr\u00e1s","category_1":"813","category_2":"313","category_3":"1718","category_4":"777","merged_category_1":"0","merged_category_2":"0","merged_category_3":"785","technic_1":"506","technic_2":"0","technic_3":"0","color_1":"520","color_2":"523","color_3":"0","product_description_old":null,"product_description":"Klasszikus sz\u00edn\u00f6ssze\u00e1ll\u00edt\u00e1s\u00fa babzsi.\r\nSz\u00e9lesebb \u00e9s alacsonyabb fazon, k\u00e9nyelmesen el tudsz benne helyezkedni ak\u00e1r medit\u00e1ci\u00f3s p\u00f3zban is.\r\nDupla huzatos, ut\u00e1nt\u00f6lthet\u0151.\r\nM\u00e9rete: sz\u00e9less\u00e9ge 105cm, magass\u00e1ga 90cm.","price":"40800.00","unit":"db","recommended":"0","status":"1","sponsored":"0","exp_notify":"0","own_material":"0","own_material_description_old":null,"own_material_description":"","jury":"0","jury_number":"","product_nature":"","meskaracsony":"0","create_date":"2026-03-11 20:42:53","shelve_id":"8465","image":"gabrielart_product_15761_210426155444_317295.jpeg","image_width":"480","image_height":"483","image_alt":"Fekete-piros babzs\u00e1k relax feln\u0151tt, Klasszikus sz\u00edn\u00f6ssze\u00e1ll\u00edt\u00e1s\u00fa babzsi.\\r\\nSz\u00e9lesebb \u00e9s alacsonyabb fazon, k\u00e9nyelmesen el tudsz benne hel..., Meska","image_title":"Fekete-piros babzs\u00e1k relax feln\u0151tt, Meska","view_count":"1836","favourite_count":"0","trending_score":"0","last2MonthFavouriteCount":"0","promotion":"0","giftcard_accept":"0","creditcard_accept":false,"enhanced_background":"0","domain":"meska","specific_customer_id":null,"specific_customer_name":null,"to_order_product":"0","to_order_product_time":"0","product_different":null,"product_different_description":"","vintage":"0","vintage_category_id":"0","recycled":"0","gemstone_id":"0","customizable":"0","type_category":"physical","zerowaste":"0","postage_price":"4990.00","shop_order":"506","has_category":"1","landing_pages":null,"microdata":{"number":31,"category":""},"title":"Fekete-piros babzs\u00e1k relax feln\u0151tt","description":"Klasszikus sz\u00edn\u00f6ssze\u00e1ll\u00edt\u00e1s\u00fa babzsi.\r\nSz\u00e9lesebb \u00e9s alacsonyabb fazon, k\u00e9nyelmesen el tudsz benne helyezkedni ak\u00e1r medit\u00e1ci\u00f3s p\u00f3zban is.\r\nDupla huzatos, ut\u00e1nt\u00f6lthet\u0151.\r\nM\u00e9rete: sz\u00e9less\u00e9ge 105cm, magass\u00e1ga 90cm.","score":0,"formatted_price":"40 800 Ft","image_url":"https:\/\/www.meska.hu\/img\/product\/small\/g\/a\/gabrielart_product_15761_210426155444_317295.jpeg","formatted_url":"https:\/\/www.meska.hu\/p2321969-fekete-piros-babzsak-relax-felnott","favourite":false,"in_stock":true,"avatar":"GabrielArt_avatar_15761_1585229139.jpg","delete_from":0,"is_enhanced_background":false,"is_enhanced":false,"product_selection_started":false,"is_active":true,"image_webp_url":"https:\/\/www.meska.hu\/img\/product\/small\/g\/a\/gabrielart_product_15761_210426155444_317295.webp"},{"id":"3480654","shop_id":"4329","user_id":"15761","shop_name":"GabrielArt","shop_zip":"4027","product_code":"4399447","product_name_old":null,"product_name":"Babzs\u00e1kfotel gyerekeknek kagyl\u00f3 leg\u00f3s piros","category_string":"Otthon & \u00c9letm\u00f3d, B\u00fator, Babzs\u00e1kfotel , Babzs\u00e1k","technic_string":"Varr\u00e1s","category_1":"813","category_2":"313","category_3":"1718","category_4":"777","merged_category_1":"0","merged_category_2":"0","merged_category_3":"785","technic_1":"506","technic_2":"0","technic_3":"0","color_1":"532","color_2":"523","color_3":"0","product_description_old":null,"product_description":"Az apr\u00f3s\u00e1goknak terveztem ezt a babzs\u00e1k fazont, alacsony \u00fcl\u0151magass\u00e1ga miatt k\u00f6nnyen bele tudnak huppanni, k\u00f6nny\u0171 s\u00falya miatt pedig b\u00e1rhov\u00e1 magukkal hurcolhatj\u00e1k.\n\u00d3vod\u00e1s korig aj\u00e1nlom.\nTerm\u00e9szetesen ez is dupla huzattal, ut\u00e1nt\u00f6lthet\u0151en.\n\nM\u00e9rete: alap \u00e1tm\u00e9r\u0151je 60cm, \u00fcl\u0151fel\u00fclet \u00e1tm\u00e9r\u0151je 65cm, \u00fcl\u0151magass\u00e1g 25cm, t\u00e1mla magass\u00e1ga 50cm.\n","price":"19800.00","unit":"db","recommended":"0","status":"1","sponsored":"0","exp_notify":"0","own_material":"0","own_material_description_old":null,"own_material_description":"","jury":"0","jury_number":"","product_nature":"","meskaracsony":"0","create_date":"2026-03-10 14:33:02","shelve_id":"8465","image":"gabrielart_product_15761_211128142845_987781.jpeg","image_width":"480","image_height":"480","image_alt":"Babzs\u00e1kfotel gyerekeknek kagyl\u00f3 leg\u00f3s piros, Az apr\u00f3s\u00e1goknak terveztem ezt a babzs\u00e1k fazont, alacsony \u00fcl\u0151magass\u00e1ga miatt k\u00f6nnyen bele tudnak hupp..., Meska","image_title":"Babzs\u00e1kfotel gyerekeknek kagyl\u00f3 leg\u00f3s piros, Meska","view_count":"1874","favourite_count":"0","trending_score":"0","last2MonthFavouriteCount":"0","promotion":"0","giftcard_accept":"0","creditcard_accept":false,"enhanced_background":"0","domain":"meska","specific_customer_id":null,"specific_customer_name":null,"to_order_product":"0","to_order_product_time":"0","product_different":null,"product_different_description":"","vintage":"0","vintage_category_id":"0","recycled":"0","gemstone_id":"0","customizable":"0","type_category":"physical","zerowaste":"0","postage_price":"2990.00","shop_order":"510","has_category":"1","landing_pages":null,"microdata":{"number":32,"category":""},"title":"Babzs\u00e1kfotel gyerekeknek kagyl\u00f3 leg\u00f3s piros","description":"Az apr\u00f3s\u00e1goknak terveztem ezt a babzs\u00e1k fazont, alacsony \u00fcl\u0151magass\u00e1ga miatt k\u00f6nnyen bele tudnak huppanni, k\u00f6nny\u0171 s\u00falya miatt pedig b\u00e1rhov\u00e1 magukkal hurcolhatj\u00e1k.\n\u00d3vod\u00e1s korig aj\u00e1nlom.\nTerm\u00e9szetesen ez is dupla huzattal, ut\u00e1nt\u00f6lthet\u0151en.\n\nM\u00e9rete: alap \u00e1tm\u00e9r\u0151je 60cm, \u00fcl\u0151fel\u00fclet \u00e1tm\u00e9r\u0151je 65cm, \u00fcl\u0151magass\u00e1g 25cm, t\u00e1mla magass\u00e1ga 50cm.\n","score":0,"formatted_price":"19 800 Ft","image_url":"https:\/\/www.meska.hu\/img\/product\/small\/g\/a\/gabrielart_product_15761_211128142845_987781.jpeg","formatted_url":"https:\/\/www.meska.hu\/p4399447-babzsakfotel-gyerekeknek-kagylo-legos-piros","favourite":false,"in_stock":true,"avatar":"GabrielArt_avatar_15761_1585229139.jpg","delete_from":0,"is_enhanced_background":false,"is_enhanced":false,"product_selection_started":false,"is_active":true,"image_webp_url":"https:\/\/www.meska.hu\/img\/product\/small\/g\/a\/gabrielart_product_15761_211128142845_987781.webp"},{"id":"3501284","shop_id":"20463","user_id":"191238","shop_name":"SagiEvaKeramia","shop_zip":"6791","product_code":"4145509","product_name_old":null,"product_name":"B\u00daTORGOMB (b\u00fatorfoganty\u00fa) s\u00e1rk\u00f6zi forg\u00f3","category_string":"Otthon & \u00c9letm\u00f3d, B\u00fator, B\u00fatorfoganty\u00fa","technic_string":"Ker\u00e1mia","category_1":"813","category_2":"313","category_3":"776","category_4":"0","merged_category_1":"0","merged_category_2":"0","merged_category_3":"785","technic_1":"489","technic_2":"0","technic_3":"0","color_1":"519","color_2":"523","color_3":"525","product_description_old":null,"product_description":"Feh\u00e9r agyagmassz\u00e1b\u00f3l k\u00e9sz\u00fcltek a k\u00e9pen l\u00e1that\u00f3 s\u00e1rk\u00f6zi h\u00edmz\u00e9s mot\u00edvumot form\u00e1z\u00f3 ker\u00e1mia b\u00fatorgombok. \n\nRENDEL\u00c9SRE DOLGOZOM, NINCS NAGY K\u00c9SZLETEM - P\u00c1R DARAB VAN K\u00c9SZLETEN MINDEGYIK B\u00daTORGOMBB\u00d3L -, DE B\u00c1RMENNYIT ELK\u00c9SZ\u00cdTEK B\u00c1RMILYEN SZ\u00cdNBEN. \n\nSZ\u00cdNMINT\u00c1IMR\u00d3L SOK SZ\u00cdNB\u0150L LEHET V\u00c1LASZTANI, AZOKAT K\u00c9R\u00c9SRE \u00c1TK\u00dcLD\u00d6M.\n\nRENDEL\u00c9S ESET\u00c9N AZ ELK\u00c9SZ\u00cdT\u00c9SI ID\u0150 K\u00d6R\u00dcLBEL\u00dcL 3 H\u00c9T, DE K\u00c9RDEZZ R\u00c1 A K\u00c9SZLETRE, H\u00c1THA VAN EL\u00c9G MENNYIS\u00c9G AMIT SZERETN\u00c9L. \n\nAz anyacsavar er\u0151s k\u00e9tkomponens\u0171 ragaszt\u00f3val van beleragasztva, b\u00edrja a terhel\u00e9st.\nCsavart is adok hozz\u00e1, csak fel kell csavarozni \u00e9s k\u00e9sz. \n\nTeteje;  3,1 x 3,1 cm, magass\u00e1ga: 2,5 cm.\n\n\n","price":"2500.00","unit":"db","recommended":"0","status":"1","sponsored":"0","exp_notify":"0","own_material":"0","own_material_description_old":null,"own_material_description":"","jury":"0","jury_number":"","product_nature":"","meskaracsony":"0","create_date":"2026-03-06 17:03:24","shelve_id":"0","image":"cimpa1980_product_191238_210511202428_373194.jpeg","image_width":"480","image_height":"360","image_alt":"B\u00daTORGOMB (b\u00fatorfoganty\u00fa) s\u00e1rk\u00f6zi forg\u00f3, Feh\u00e9r agyagmassz\u00e1b\u00f3l k\u00e9sz\u00fcltek a k\u00e9pen l\u00e1that\u00f3 s\u00e1rk\u00f6zi h\u00edmz\u00e9s mot\u00edvumot form\u00e1z\u00f3 ker\u00e1mia b\u00fatorgombok...., Meska","image_title":"B\u00daTORGOMB (b\u00fatorfoganty\u00fa) s\u00e1rk\u00f6zi forg\u00f3, Meska","view_count":"1401","favourite_count":"0","trending_score":"0","last2MonthFavouriteCount":"0","promotion":"0","giftcard_accept":"1","creditcard_accept":false,"enhanced_background":"0","domain":"meska","specific_customer_id":null,"specific_customer_name":null,"to_order_product":"0","to_order_product_time":"0","product_different":null,"product_different_description":"","vintage":"0","vintage_category_id":"0","recycled":"0","gemstone_id":"0","customizable":"0","type_category":"physical","zerowaste":"0","postage_price":"1290.00","shop_order":"0","has_category":"1","landing_pages":null,"microdata":{"number":33,"category":""},"title":"B\u00daTORGOMB (b\u00fatorfoganty\u00fa) s\u00e1rk\u00f6zi forg\u00f3","description":"Feh\u00e9r agyagmassz\u00e1b\u00f3l k\u00e9sz\u00fcltek a k\u00e9pen l\u00e1that\u00f3 s\u00e1rk\u00f6zi h\u00edmz\u00e9s mot\u00edvumot form\u00e1z\u00f3 ker\u00e1mia b\u00fatorgombok. \n\nRENDEL\u00c9SRE DOLGOZOM, NINCS NAGY K\u00c9SZLETEM - P\u00c1R DARAB VAN K\u00c9SZLETEN MINDEGYIK B\u00daTORGOMBB\u00d3L -, DE B\u00c1RMENNYIT ELK\u00c9SZ\u00cdTEK B\u00c1RMILYEN SZ\u00cdNBEN. \n\nSZ\u00cdNMINT\u00c1IMR\u00d3L SOK SZ\u00cdNB\u0150L LEHET V\u00c1LASZTANI, AZOKAT K\u00c9R\u00c9SRE \u00c1TK\u00dcLD\u00d6M.\n\nRENDEL\u00c9S ESET\u00c9N AZ ELK\u00c9SZ\u00cdT\u00c9SI ID\u0150 K\u00d6R\u00dcLBEL\u00dcL 3 H\u00c9T, DE K\u00c9RDEZZ R\u00c1 A K\u00c9SZLETRE, H\u00c1THA VAN EL\u00c9G MENNYIS\u00c9G AMIT SZERETN\u00c9L. \n\nAz anyacsavar er\u0151s k\u00e9tkomponens\u0171 ragaszt\u00f3val van beleragasztva, b\u00edrja a terhel\u00e9st.\nCsavart is adok hozz\u00e1, csak fel kell csavarozni \u00e9s k\u00e9sz. \n\nTeteje;  3,1 x 3,1 cm, magass\u00e1ga: 2,5 cm.\n\n\n","score":0,"formatted_price":"2 500 Ft","image_url":"https:\/\/www.meska.hu\/img\/product\/small\/c\/i\/cimpa1980_product_191238_210511202428_373194.jpeg","formatted_url":"https:\/\/www.meska.hu\/p4145509-butorgomb-sarkozi-forgo","favourite":false,"in_stock":true,"avatar":"Cimpa1980_avatar_191238_1663425900.jpg","delete_from":0,"is_enhanced_background":false,"is_enhanced":false,"product_selection_started":false,"is_active":true,"image_webp_url":"https:\/\/www.meska.hu\/img\/product\/small\/c\/i\/cimpa1980_product_191238_210511202428_373194.webp"},{"id":"3452743","shop_id":"5717","user_id":"22705","shop_name":"argyelus","shop_zip":"7020","product_code":"4690259","product_name_old":null,"product_name":"Tulip\u00e1nos L\u00e1da - Csodaszarvas s\u00e1m\u00e1nl\u00e1da","category_string":"Otthon & \u00c9letm\u00f3d, B\u00fator, M\u00e1s b\u00fator","technic_string":"Fest\u00e9szet","category_1":"813","category_2":"313","category_3":"935","category_4":"0","merged_category_1":"0","merged_category_2":"0","merged_category_3":"785","technic_1":"480","technic_2":"0","technic_3":"0","color_1":"514","color_2":"523","color_3":"0","product_description_old":null,"product_description":"Tulip\u00e1nos l\u00e1da \n\nTULIP\u00c1NOS L\u00c1DA RENDELHET\u0150! \n\u00c9kes, gazdagon d\u00edsz\u00edtett \u00e9s festett tulip\u00e1nos l\u00e1da rendelhet\u0151 t\u00f6bbf\u00e9le sz\u00ednben, v\u00e1ltozatos mot\u00edvumvil\u00e1ggal, bels\u0151 felirattal, \u00e9vsz\u00e1mmal. A l\u00e1d\u00e1k lakkozottak, vir\u00e1goztat\u00e1suk kiindul\u00f3pontja a magyar n\u00e9pm\u0171v\u00e9szet formakincse. \nValamennyi tulip\u00e1nos l\u00e1da egyedi, \u00e1ltalam tervezett \u00e9s festett k\u00e9pz\u0151m\u0171v\u00e9szeti alkot\u00e1s. \nA tulip\u00e1nos l\u00e1da \u00e1ra elk\u00e9pzel\u00e9sek szerint m\u00f3dosulhat. \nAz elk\u00e9sz\u00fclt tulip\u00e1nos l\u00e1da \u00e1tv\u00e9tele szem\u00e9lyesen a legbiztons\u00e1gosabb.","price":"195000.00","unit":"db","recommended":"0","status":"1","sponsored":"0","exp_notify":"0","own_material":"0","own_material_description_old":null,"own_material_description":"","jury":"0","jury_number":"","product_nature":"","meskaracsony":"0","create_date":"2026-03-05 15:53:47","shelve_id":"10667","image":"argyelus_product_22705_260117211206_127548.jpeg","image_width":"480","image_height":"312","image_alt":"Tulip\u00e1nos L\u00e1da - Csodaszarvas s\u00e1m\u00e1nl\u00e1da, Tulip\u00e1nos l\u00e1da \\n\\nTULIP\u00c1NOS L\u00c1DA RENDELHET\u0150! \\n\u00c9kes, gazdagon d\u00edsz\u00edtett \u00e9s festett tulip\u00e1nos l\u00e1da rend..., Meska","image_title":"Tulip\u00e1nos L\u00e1da - Csodaszarvas s\u00e1m\u00e1nl\u00e1da, Meska","view_count":"5982","favourite_count":"0","trending_score":"0","last2MonthFavouriteCount":"0","promotion":"0","giftcard_accept":"0","creditcard_accept":false,"enhanced_background":"0","domain":"meska","specific_customer_id":null,"specific_customer_name":null,"to_order_product":"1","to_order_product_time":"60","product_different":null,"product_different_description":"","vintage":"0","vintage_category_id":"0","recycled":"0","gemstone_id":"0","customizable":"1","type_category":"physical","zerowaste":"0","postage_price":"0.00","shop_order":"0","has_category":"1","landing_pages":null,"microdata":{"number":34,"category":""},"title":"Tulip\u00e1nos L\u00e1da - Csodaszarvas s\u00e1m\u00e1nl\u00e1da","description":"Tulip\u00e1nos l\u00e1da \n\nTULIP\u00c1NOS L\u00c1DA RENDELHET\u0150! \n\u00c9kes, gazdagon d\u00edsz\u00edtett \u00e9s festett tulip\u00e1nos l\u00e1da rendelhet\u0151 t\u00f6bbf\u00e9le sz\u00ednben, v\u00e1ltozatos mot\u00edvumvil\u00e1ggal, bels\u0151 felirattal, \u00e9vsz\u00e1mmal. A l\u00e1d\u00e1k lakkozottak, vir\u00e1goztat\u00e1suk kiindul\u00f3pontja a magyar n\u00e9pm\u0171v\u00e9szet formakincse. \nValamennyi tulip\u00e1nos l\u00e1da egyedi, \u00e1ltalam tervezett \u00e9s festett k\u00e9pz\u0151m\u0171v\u00e9szeti alkot\u00e1s. \nA tulip\u00e1nos l\u00e1da \u00e1ra elk\u00e9pzel\u00e9sek szerint m\u00f3dosulhat. \nAz elk\u00e9sz\u00fclt tulip\u00e1nos l\u00e1da \u00e1tv\u00e9tele szem\u00e9lyesen a legbiztons\u00e1gosabb.","score":0,"formatted_price":"195 000 Ft","image_url":"https:\/\/www.meska.hu\/img\/product\/small\/a\/r\/argyelus_product_22705_260117211206_127548.jpeg","formatted_url":"https:\/\/www.meska.hu\/p4690259-tulipanos-lada-csodaszarvas-samanlada","favourite":false,"in_stock":false,"avatar":"argyelus_avatar_22705_1655313871.jpg","delete_from":0,"is_enhanced_background":false,"is_enhanced":false,"product_selection_started":false,"is_active":true,"image_webp_url":"https:\/\/www.meska.hu\/img\/product\/small\/a\/r\/argyelus_product_22705_260117211206_127548.webp"},{"id":"5852021","shop_id":"4329","user_id":"15761","shop_name":"GabrielArt","shop_zip":"4027","product_code":"5583152","product_name_old":null,"product_name":"Bulldogos - vil\u00e1gossz\u00fcrke piramis babzs\u00e1k","category_string":"Otthon & \u00c9letm\u00f3d, B\u00fator, Babzs\u00e1kfotel , Babzs\u00e1k","technic_string":"Varr\u00e1s","category_1":"813","category_2":"313","category_3":"1718","category_4":"777","merged_category_1":null,"merged_category_2":null,"merged_category_3":null,"technic_1":"506","technic_2":"0","technic_3":"0","color_1":"520","color_2":"523","color_3":"527","product_description_old":null,"product_description":"Sz\u00fcrke piramis babzs\u00e1k cuki bulldog mint\u00e1val \u2013 st\u00edlusos k\u00e9nyelem gyerekeknek, tiniknek, feln\u0151tteknek.\nKis\u00e1llat-rajong\u00f3knak garant\u00e1lt kedvenc!\nK\u00fcl\u00f6nleges fazon\u00fa babzs\u00e1kfotel gyerekeknek \u00e9s feln\u0151tteknek egyar\u00e1nt \u2013 ide\u00e1lis v\u00e1laszt\u00e1s pihen\u00e9shez, olvas\u00e1shoz vagy otthoni j\u00e1t\u00e9khoz.\nEz a k\u00e9nyelmes babzs\u00e1kfotel alacsony \u00fcl\u0151magass\u00e1ggal \u00e9s sz\u00e9les \u00fcl\u0151fel\u00fclettel rendelkezik, \u00edgy kisebbek \u00e9s nagyobbak is sz\u00edvesen haszn\u00e1lj\u00e1k. A min\u0151s\u00e9gi sz\u00f6vet \u00e9s sz\u00ednes dekortextil kombin\u00e1ci\u00f3ja tart\u00f3ss\u00e1 \u00e9s st\u00edlusoss\u00e1 teszi a fotelt.\nA dupla huzatos kialak\u00edt\u00e1s gondoskodik a praktikuss\u00e1gr\u00f3l:\n- A k\u00fcls\u0151 huzat levehet\u0151 \u00e9s mos\u00f3g\u00e9pben moshat\u00f3, \u00edgy mindig tiszta maradhat\n- A bels\u0151 huzat ut\u00e1nt\u00f6lthet\u0151, \u00edgy a babzs\u00e1k hossz\u00fa id\u0151 ut\u00e1n is k\u00e9nyelmes marad\nT\u00f6k\u00e9letes v\u00e1laszt\u00e1s, ha strapab\u00edr\u00f3, moshat\u00f3, ut\u00e1nt\u00f6lthet\u0151 babzs\u00e1kot keresel, amely a lak\u00e1s b\u00e1rmely pontj\u00e1n j\u00f3l mutat.\nM\u00e9retek: Sz\u00e9less\u00e9g: 80 cm, Magass\u00e1g: 80 cm, \u00dcl\u0151magass\u00e1g: 30 cm, Hossz: 85 cm\nK\u00e9r\u00e9sre m\u00e1s sz\u00ednkombin\u00e1ci\u00f3ban is sz\u00edvesen elk\u00e9sz\u00edtem.\n\n","price":"37800.00","unit":"db","recommended":"0","status":"1","sponsored":"0","exp_notify":"0","own_material":"0","own_material_description_old":null,"own_material_description":"","jury":"0","jury_number":"","product_nature":"","meskaracsony":"0","create_date":"2026-03-05 11:50:50","shelve_id":"8465","image":"gabrielart_product_15761_250708104114_937866.jpeg","image_width":"480","image_height":"480","image_alt":"Bulldogos - vil\u00e1gossz\u00fcrke piramis babzs\u00e1k, Sz\u00fcrke piramis babzs\u00e1k cuki bulldog mint\u00e1val \u2013 st\u00edlusos k\u00e9nyelem gyerekeknek, tiniknek, feln\u0151tteknek..., Meska","image_title":"Bulldogos - vil\u00e1gossz\u00fcrke piramis babzs\u00e1k, Meska","view_count":"145","favourite_count":"0","trending_score":"0","last2MonthFavouriteCount":"0","promotion":"0","giftcard_accept":"0","creditcard_accept":false,"enhanced_background":"0","domain":"meska","specific_customer_id":null,"specific_customer_name":null,"to_order_product":"0","to_order_product_time":"0","product_different":null,"product_different_description":"","vintage":"0","vintage_category_id":"0","recycled":"0","gemstone_id":"0","customizable":"0","type_category":"physical","zerowaste":"0","postage_price":"3990.00","shop_order":"222","has_category":"1","landing_pages":null,"microdata":{"number":35,"category":""},"title":"Bulldogos - vil\u00e1gossz\u00fcrke piramis babzs\u00e1k","description":"Sz\u00fcrke piramis babzs\u00e1k cuki bulldog mint\u00e1val \u2013 st\u00edlusos k\u00e9nyelem gyerekeknek, tiniknek, feln\u0151tteknek.\nKis\u00e1llat-rajong\u00f3knak garant\u00e1lt kedvenc!\nK\u00fcl\u00f6nleges fazon\u00fa babzs\u00e1kfotel gyerekeknek \u00e9s feln\u0151tteknek egyar\u00e1nt \u2013 ide\u00e1lis v\u00e1laszt\u00e1s pihen\u00e9shez, olvas\u00e1shoz vagy otthoni j\u00e1t\u00e9khoz.\nEz a k\u00e9nyelmes babzs\u00e1kfotel alacsony \u00fcl\u0151magass\u00e1ggal \u00e9s sz\u00e9les \u00fcl\u0151fel\u00fclettel rendelkezik, \u00edgy kisebbek \u00e9s nagyobbak is sz\u00edvesen haszn\u00e1lj\u00e1k. A min\u0151s\u00e9gi sz\u00f6vet \u00e9s sz\u00ednes dekortextil kombin\u00e1ci\u00f3ja tart\u00f3ss\u00e1 \u00e9s st\u00edlusoss\u00e1 teszi a fotelt.\nA dupla huzatos kialak\u00edt\u00e1s gondoskodik a praktikuss\u00e1gr\u00f3l:\n- A k\u00fcls\u0151 huzat levehet\u0151 \u00e9s mos\u00f3g\u00e9pben moshat\u00f3, \u00edgy mindig tiszta maradhat\n- A bels\u0151 huzat ut\u00e1nt\u00f6lthet\u0151, \u00edgy a babzs\u00e1k hossz\u00fa id\u0151 ut\u00e1n is k\u00e9nyelmes marad\nT\u00f6k\u00e9letes v\u00e1laszt\u00e1s, ha strapab\u00edr\u00f3, moshat\u00f3, ut\u00e1nt\u00f6lthet\u0151 babzs\u00e1kot keresel, amely a lak\u00e1s b\u00e1rmely pontj\u00e1n j\u00f3l mutat.\nM\u00e9retek: Sz\u00e9less\u00e9g: 80 cm, Magass\u00e1g: 80 cm, \u00dcl\u0151magass\u00e1g: 30 cm, Hossz: 85 cm\nK\u00e9r\u00e9sre m\u00e1s sz\u00ednkombin\u00e1ci\u00f3ban is sz\u00edvesen elk\u00e9sz\u00edtem.\n\n","score":0,"formatted_price":"37 800 Ft","image_url":"https:\/\/www.meska.hu\/img\/product\/small\/g\/a\/gabrielart_product_15761_250708104114_937866.jpeg","formatted_url":"https:\/\/www.meska.hu\/p5583152-bulldogos-vilagosszurke-piramis-babzsak","favourite":false,"in_stock":true,"avatar":"GabrielArt_avatar_15761_1585229139.jpg","delete_from":0,"is_enhanced_background":false,"is_enhanced":false,"product_selection_started":false,"is_active":true,"image_webp_url":"https:\/\/www.meska.hu\/img\/product\/small\/g\/a\/gabrielart_product_15761_250708104114_937866.webp"},{"id":"5852013","shop_id":"4329","user_id":"15761","shop_name":"GabrielArt","shop_zip":"4027","product_code":"5583146","product_name_old":null,"product_name":"Vid\u00e1m baglyos - z\u00f6ld piramis babzs\u00e1k","category_string":"Otthon & \u00c9letm\u00f3d, B\u00fator, Babzs\u00e1kfotel , Babzs\u00e1k","technic_string":"Varr\u00e1s","category_1":"813","category_2":"313","category_3":"1718","category_4":"777","merged_category_1":null,"merged_category_2":null,"merged_category_3":null,"technic_1":"506","technic_2":"0","technic_3":"0","color_1":"521","color_2":"523","color_3":"529","product_description_old":null,"product_description":"K\u00fcl\u00f6nleges fazon\u00fa babzs\u00e1kfotel gyerekeknek \u00e9s feln\u0151tteknek egyar\u00e1nt \u2013 ide\u00e1lis v\u00e1laszt\u00e1s pihen\u00e9shez, olvas\u00e1shoz vagy otthoni j\u00e1t\u00e9khoz.\nEz a k\u00e9nyelmes babzs\u00e1kfotel alacsony \u00fcl\u0151magass\u00e1ggal \u00e9s sz\u00e9les \u00fcl\u0151fel\u00fclettel rendelkezik, \u00edgy kisebbek \u00e9s nagyobbak is sz\u00edvesen haszn\u00e1lj\u00e1k. A min\u0151s\u00e9gi sz\u00f6vet \u00e9s sz\u00ednes dekortextil kombin\u00e1ci\u00f3ja tart\u00f3ss\u00e1 \u00e9s st\u00edlusoss\u00e1 teszi a fotelt.\nA dupla huzatos kialak\u00edt\u00e1s gondoskodik a praktikuss\u00e1gr\u00f3l:\n- A k\u00fcls\u0151 huzat levehet\u0151 \u00e9s mos\u00f3g\u00e9pben moshat\u00f3, \u00edgy mindig tiszta maradhat\n- A bels\u0151 huzat ut\u00e1nt\u00f6lthet\u0151, \u00edgy a babzs\u00e1k hossz\u00fa id\u0151 ut\u00e1n is k\u00e9nyelmes marad\nT\u00f6k\u00e9letes v\u00e1laszt\u00e1s, ha strapab\u00edr\u00f3, moshat\u00f3, ut\u00e1nt\u00f6lthet\u0151 babzs\u00e1kot keresel, amely a lak\u00e1s b\u00e1rmely pontj\u00e1n j\u00f3l mutat.\nM\u00e9retek: Sz\u00e9less\u00e9g: 80 cm, Magass\u00e1g: 80 cm, \u00dcl\u0151magass\u00e1g: 30 cm, Hossz: 85 cm\nK\u00e9r\u00e9sre m\u00e1s sz\u00ednkombin\u00e1ci\u00f3ban is sz\u00edvesen elk\u00e9sz\u00edtem.\n\n","price":"37800.00","unit":"db","recommended":"0","status":"1","sponsored":"0","exp_notify":"0","own_material":"0","own_material_description_old":null,"own_material_description":"","jury":"0","jury_number":"","product_nature":"","meskaracsony":"0","create_date":"2026-03-05 11:50:32","shelve_id":"8465","image":"gabrielart_product_15761_250708103825_490117.jpeg","image_width":"480","image_height":"480","image_alt":"Vid\u00e1m baglyos - z\u00f6ld piramis babzs\u00e1k, K\u00fcl\u00f6nleges fazon\u00fa babzs\u00e1kfotel gyerekeknek \u00e9s feln\u0151tteknek egyar\u00e1nt \u2013 ide\u00e1lis v\u00e1laszt\u00e1s pihen\u00e9shez, ..., Meska","image_title":"Vid\u00e1m baglyos - z\u00f6ld piramis babzs\u00e1k, Meska","view_count":"192","favourite_count":"0","trending_score":"0","last2MonthFavouriteCount":"0","promotion":"0","giftcard_accept":"0","creditcard_accept":false,"enhanced_background":"0","domain":"meska","specific_customer_id":null,"specific_customer_name":null,"to_order_product":"0","to_order_product_time":"0","product_different":null,"product_different_description":"","vintage":"0","vintage_category_id":"0","recycled":"0","gemstone_id":"0","customizable":"0","type_category":"physical","zerowaste":"0","postage_price":"3990.00","shop_order":"223","has_category":"1","landing_pages":null,"microdata":{"number":36,"category":""},"title":"Vid\u00e1m baglyos - z\u00f6ld piramis babzs\u00e1k","description":"K\u00fcl\u00f6nleges fazon\u00fa babzs\u00e1kfotel gyerekeknek \u00e9s feln\u0151tteknek egyar\u00e1nt \u2013 ide\u00e1lis v\u00e1laszt\u00e1s pihen\u00e9shez, olvas\u00e1shoz vagy otthoni j\u00e1t\u00e9khoz.\nEz a k\u00e9nyelmes babzs\u00e1kfotel alacsony \u00fcl\u0151magass\u00e1ggal \u00e9s sz\u00e9les \u00fcl\u0151fel\u00fclettel rendelkezik, \u00edgy kisebbek \u00e9s nagyobbak is sz\u00edvesen haszn\u00e1lj\u00e1k. A min\u0151s\u00e9gi sz\u00f6vet \u00e9s sz\u00ednes dekortextil kombin\u00e1ci\u00f3ja tart\u00f3ss\u00e1 \u00e9s st\u00edlusoss\u00e1 teszi a fotelt.\nA dupla huzatos kialak\u00edt\u00e1s gondoskodik a praktikuss\u00e1gr\u00f3l:\n- A k\u00fcls\u0151 huzat levehet\u0151 \u00e9s mos\u00f3g\u00e9pben moshat\u00f3, \u00edgy mindig tiszta maradhat\n- A bels\u0151 huzat ut\u00e1nt\u00f6lthet\u0151, \u00edgy a babzs\u00e1k hossz\u00fa id\u0151 ut\u00e1n is k\u00e9nyelmes marad\nT\u00f6k\u00e9letes v\u00e1laszt\u00e1s, ha strapab\u00edr\u00f3, moshat\u00f3, ut\u00e1nt\u00f6lthet\u0151 babzs\u00e1kot keresel, amely a lak\u00e1s b\u00e1rmely pontj\u00e1n j\u00f3l mutat.\nM\u00e9retek: Sz\u00e9less\u00e9g: 80 cm, Magass\u00e1g: 80 cm, \u00dcl\u0151magass\u00e1g: 30 cm, Hossz: 85 cm\nK\u00e9r\u00e9sre m\u00e1s sz\u00ednkombin\u00e1ci\u00f3ban is sz\u00edvesen elk\u00e9sz\u00edtem.\n\n","score":0,"formatted_price":"37 800 Ft","image_url":"https:\/\/www.meska.hu\/img\/product\/small\/g\/a\/gabrielart_product_15761_250708103825_490117.jpeg","formatted_url":"https:\/\/www.meska.hu\/p5583146-vidam-baglyos-zold-piramis-babzsak","favourite":false,"in_stock":true,"avatar":"GabrielArt_avatar_15761_1585229139.jpg","delete_from":0,"is_enhanced_background":false,"is_enhanced":false,"product_selection_started":false,"is_active":true,"image_webp_url":"https:\/\/www.meska.hu\/img\/product\/small\/g\/a\/gabrielart_product_15761_250708103825_490117.webp"},{"id":"5851998","shop_id":"4329","user_id":"15761","shop_name":"GabrielArt","shop_zip":"4027","product_code":"5583140","product_name_old":null,"product_name":"Narancss\u00e1rga - focis piramis babzs\u00e1k \u2013 focirajong\u00f3knak! \u26bd","category_string":"Otthon & \u00c9letm\u00f3d, B\u00fator, Babzs\u00e1k, Babzs\u00e1kfotel ","technic_string":"Varr\u00e1s","category_1":"813","category_2":"313","category_3":"777","category_4":"1718","merged_category_1":null,"merged_category_2":null,"merged_category_3":null,"technic_1":"506","technic_2":"0","technic_3":"0","color_1":"521","color_2":"568","color_3":"523","product_description_old":null,"product_description":"K\u00fcl\u00f6nleges fazon\u00fa babzs\u00e1kfotel gyerekeknek \u00e9s feln\u0151tteknek egyar\u00e1nt \u2013 ide\u00e1lis v\u00e1laszt\u00e1s pihen\u00e9shez, olvas\u00e1shoz vagy otthoni j\u00e1t\u00e9khoz.\nEz a k\u00e9nyelmes babzs\u00e1kfotel alacsony \u00fcl\u0151magass\u00e1ggal \u00e9s sz\u00e9les \u00fcl\u0151fel\u00fclettel rendelkezik, \u00edgy kisebbek \u00e9s nagyobbak is sz\u00edvesen haszn\u00e1lj\u00e1k. A min\u0151s\u00e9gi sz\u00f6vet \u00e9s sz\u00ednes dekortextil kombin\u00e1ci\u00f3ja tart\u00f3ss\u00e1 \u00e9s st\u00edlusoss\u00e1 teszi a fotelt.\nA dupla huzatos kialak\u00edt\u00e1s gondoskodik a praktikuss\u00e1gr\u00f3l:\n- A k\u00fcls\u0151 huzat levehet\u0151 \u00e9s mos\u00f3g\u00e9pben moshat\u00f3, \u00edgy mindig tiszta maradhat\n- A bels\u0151 huzat ut\u00e1nt\u00f6lthet\u0151, \u00edgy a babzs\u00e1k hossz\u00fa id\u0151 ut\u00e1n is k\u00e9nyelmes marad\nT\u00f6k\u00e9letes v\u00e1laszt\u00e1s, ha strapab\u00edr\u00f3, moshat\u00f3, ut\u00e1nt\u00f6lthet\u0151 babzs\u00e1kot keresel, amely a lak\u00e1s b\u00e1rmely pontj\u00e1n j\u00f3l mutat.\nM\u00e9retek: Sz\u00e9less\u00e9g: 80 cm, Magass\u00e1g: 80 cm, \u00dcl\u0151magass\u00e1g: 30 cm, Hossz: 85 cm\nK\u00e9r\u00e9sre m\u00e1s sz\u00ednkombin\u00e1ci\u00f3ban is sz\u00edvesen elk\u00e9sz\u00edtem.\n\n","price":"37800.00","unit":"db","recommended":"0","status":"1","sponsored":"0","exp_notify":"0","own_material":"0","own_material_description_old":null,"own_material_description":"","jury":"0","jury_number":"","product_nature":"","meskaracsony":"0","create_date":"2026-03-05 11:50:25","shelve_id":"8465","image":"gabrielart_product_15761_250708102906_949429.jpeg","image_width":"480","image_height":"480","image_alt":"Narancss\u00e1rga - focis piramis babzs\u00e1k \u2013 focirajong\u00f3knak! \u26bd, K\u00fcl\u00f6nleges fazon\u00fa babzs\u00e1kfotel gyerekeknek \u00e9s feln\u0151tteknek egyar\u00e1nt \u2013 ide\u00e1lis v\u00e1laszt\u00e1s pihen\u00e9shez, ..., Meska","image_title":"Narancss\u00e1rga - focis piramis babzs\u00e1k \u2013 focirajong\u00f3knak! \u26bd, Meska","view_count":"209","favourite_count":"0","trending_score":"0","last2MonthFavouriteCount":"0","promotion":"0","giftcard_accept":"0","creditcard_accept":false,"enhanced_background":"0","domain":"meska","specific_customer_id":null,"specific_customer_name":null,"to_order_product":"0","to_order_product_time":"0","product_different":null,"product_different_description":"","vintage":"0","vintage_category_id":"0","recycled":"0","gemstone_id":"0","customizable":"0","type_category":"physical","zerowaste":"0","postage_price":"3990.00","shop_order":"245","has_category":"1","landing_pages":null,"microdata":{"number":37,"category":""},"title":"Narancss\u00e1rga - focis piramis babzs\u00e1k \u2013 focirajong\u00f3knak! \u26bd","description":"K\u00fcl\u00f6nleges fazon\u00fa babzs\u00e1kfotel gyerekeknek \u00e9s feln\u0151tteknek egyar\u00e1nt \u2013 ide\u00e1lis v\u00e1laszt\u00e1s pihen\u00e9shez, olvas\u00e1shoz vagy otthoni j\u00e1t\u00e9khoz.\nEz a k\u00e9nyelmes babzs\u00e1kfotel alacsony \u00fcl\u0151magass\u00e1ggal \u00e9s sz\u00e9les \u00fcl\u0151fel\u00fclettel rendelkezik, \u00edgy kisebbek \u00e9s nagyobbak is sz\u00edvesen haszn\u00e1lj\u00e1k. A min\u0151s\u00e9gi sz\u00f6vet \u00e9s sz\u00ednes dekortextil kombin\u00e1ci\u00f3ja tart\u00f3ss\u00e1 \u00e9s st\u00edlusoss\u00e1 teszi a fotelt.\nA dupla huzatos kialak\u00edt\u00e1s gondoskodik a praktikuss\u00e1gr\u00f3l:\n- A k\u00fcls\u0151 huzat levehet\u0151 \u00e9s mos\u00f3g\u00e9pben moshat\u00f3, \u00edgy mindig tiszta maradhat\n- A bels\u0151 huzat ut\u00e1nt\u00f6lthet\u0151, \u00edgy a babzs\u00e1k hossz\u00fa id\u0151 ut\u00e1n is k\u00e9nyelmes marad\nT\u00f6k\u00e9letes v\u00e1laszt\u00e1s, ha strapab\u00edr\u00f3, moshat\u00f3, ut\u00e1nt\u00f6lthet\u0151 babzs\u00e1kot keresel, amely a lak\u00e1s b\u00e1rmely pontj\u00e1n j\u00f3l mutat.\nM\u00e9retek: Sz\u00e9less\u00e9g: 80 cm, Magass\u00e1g: 80 cm, \u00dcl\u0151magass\u00e1g: 30 cm, Hossz: 85 cm\nK\u00e9r\u00e9sre m\u00e1s sz\u00ednkombin\u00e1ci\u00f3ban is sz\u00edvesen elk\u00e9sz\u00edtem.\n\n","score":0,"formatted_price":"37 800 Ft","image_url":"https:\/\/www.meska.hu\/img\/product\/small\/g\/a\/gabrielart_product_15761_250708102906_949429.jpeg","formatted_url":"https:\/\/www.meska.hu\/p5583140-narancssarga-focis-piramis-babzsak-focirajongoknak","favourite":false,"in_stock":true,"avatar":"GabrielArt_avatar_15761_1585229139.jpg","delete_from":0,"is_enhanced_background":false,"is_enhanced":false,"product_selection_started":false,"is_active":true,"image_webp_url":"https:\/\/www.meska.hu\/img\/product\/small\/g\/a\/gabrielart_product_15761_250708102906_949429.webp"},{"id":"3026642","shop_id":"4329","user_id":"15761","shop_name":"GabrielArt","shop_zip":"4027","product_code":"4711009","product_name_old":null,"product_name":"Dinny\u00e9s csepp alak\u00fa babzs\u00e1kfotel feln\u0151tt","category_string":"Otthon & \u00c9letm\u00f3d, B\u00fator, Babzs\u00e1kfotel , Babzs\u00e1k","technic_string":"Varr\u00e1s","category_1":"813","category_2":"313","category_3":"1718","category_4":"777","merged_category_1":"0","merged_category_2":"0","merged_category_3":"785","technic_1":"506","technic_2":"0","technic_3":"0","color_1":"523","color_2":"525","color_3":"529","product_description_old":null,"product_description":"Csepp alak\u00fa, hat cikkb\u0151l \u00e1ll\u00f3 fotel, extra min\u0151s\u00e9g\u0171, strapab\u00edr\u00f3 lak\u00e1stextilb\u0151l,  feln\u0151tteknek \u00e9s gyerekeknek egyar\u00e1nt aj\u00e1nlom, nagyon k\u00e9nyelmes fazon.\n\nDupla huzatos, ut\u00e1nt\u00f6lthet\u0151.\nM\u00e9rete: 90X110cm.\n\nTervezd meg a saj\u00e1t sz\u00edn\u00f6ssze\u00e1ll\u00edt\u00e1sodat a mintasz\u00ednekb\u0151l :)","price":"41800.00","unit":"db","recommended":"0","status":"1","sponsored":"0","exp_notify":"0","own_material":"0","own_material_description_old":null,"own_material_description":"","jury":"0","jury_number":"","product_nature":"","meskaracsony":"0","create_date":"2026-03-02 00:27:17","shelve_id":"8465","image":"gabrielart_product_15761_210722123425_363253.jpeg","image_width":"480","image_height":"469","image_alt":"Dinny\u00e9s csepp alak\u00fa babzs\u00e1kfotel feln\u0151tt, Csepp alak\u00fa, hat cikkb\u0151l \u00e1ll\u00f3 fotel, extra min\u0151s\u00e9g\u0171, strapab\u00edr\u00f3 lak\u00e1stextilb\u0151l,  feln\u0151tteknek \u00e9s gye..., Meska","image_title":"Dinny\u00e9s csepp alak\u00fa babzs\u00e1kfotel feln\u0151tt, Meska","view_count":"880","favourite_count":"0","trending_score":"0","last2MonthFavouriteCount":"0","promotion":"0","giftcard_accept":"0","creditcard_accept":false,"enhanced_background":"0","domain":"meska","specific_customer_id":null,"specific_customer_name":null,"to_order_product":"0","to_order_product_time":"0","product_different":null,"product_different_description":"","vintage":"0","vintage_category_id":"0","recycled":"0","gemstone_id":"0","customizable":"0","type_category":"physical","zerowaste":"0","postage_price":"3990.00","shop_order":"387","has_category":"1","landing_pages":null,"microdata":{"number":38,"category":""},"title":"Dinny\u00e9s csepp alak\u00fa babzs\u00e1kfotel feln\u0151tt","description":"Csepp alak\u00fa, hat cikkb\u0151l \u00e1ll\u00f3 fotel, extra min\u0151s\u00e9g\u0171, strapab\u00edr\u00f3 lak\u00e1stextilb\u0151l,  feln\u0151tteknek \u00e9s gyerekeknek egyar\u00e1nt aj\u00e1nlom, nagyon k\u00e9nyelmes fazon.\n\nDupla huzatos, ut\u00e1nt\u00f6lthet\u0151.\nM\u00e9rete: 90X110cm.\n\nTervezd meg a saj\u00e1t sz\u00edn\u00f6ssze\u00e1ll\u00edt\u00e1sodat a mintasz\u00ednekb\u0151l :)","score":0,"formatted_price":"41 800 Ft","image_url":"https:\/\/www.meska.hu\/img\/product\/small\/g\/a\/gabrielart_product_15761_210722123425_363253.jpeg","formatted_url":"https:\/\/www.meska.hu\/p4711009-dinnyes-csepp-alaku-babzsakfotel-felnott","favourite":false,"in_stock":true,"avatar":"GabrielArt_avatar_15761_1585229139.jpg","delete_from":0,"is_enhanced_background":false,"is_enhanced":false,"product_selection_started":false,"is_active":true,"image_webp_url":"https:\/\/www.meska.hu\/img\/product\/small\/g\/a\/gabrielart_product_15761_210722123425_363253.webp"},{"id":"5554773","shop_id":"40883","user_id":"568903","shop_name":"2KDesign","shop_zip":"8439","product_code":"5424835","product_name_old":null,"product_name":"Dekor polc","category_string":"Otthon & \u00c9letm\u00f3d, B\u00fator, Polc","technic_string":"","category_1":"813","category_2":"313","category_3":"560","category_4":"0","merged_category_1":null,"merged_category_2":null,"merged_category_3":null,"technic_1":"0","technic_2":"0","technic_3":"0","color_1":"515","color_2":"523","color_3":"0","product_description_old":null,"product_description":"Dekor polc, festett, p\u00e1colt feny\u0151, 36 x 43 x 10 cn. 9900 Ft","price":"9900.00","unit":"db","recommended":"0","status":"1","sponsored":"0","exp_notify":"0","own_material":"0","own_material_description_old":null,"own_material_description":"","jury":"0","jury_number":"","product_nature":"","meskaracsony":"0","create_date":"2026-02-28 06:34:09","shelve_id":"0","image":"2kdesign_product_568903_241030190251_829368.jpeg","image_width":"480","image_height":"480","image_alt":"Dekor polc, Dekor polc, festett, p\u00e1colt feny\u0151, 36 x 43 x 10 cn. 9900 Ft, Meska","image_title":"Dekor polc, Meska","view_count":"395","favourite_count":"0","trending_score":"0","last2MonthFavouriteCount":"0","promotion":"0","giftcard_accept":"0","creditcard_accept":true,"enhanced_background":"0","domain":"meska","specific_customer_id":null,"specific_customer_name":null,"to_order_product":"0","to_order_product_time":"0","product_different":null,"product_different_description":"","vintage":"0","vintage_category_id":"0","recycled":"0","gemstone_id":"0","customizable":"0","type_category":"physical","zerowaste":"0","postage_price":"2390.00","shop_order":"0","has_category":"1","landing_pages":null,"microdata":{"number":39,"category":""},"title":"Dekor polc","description":"Dekor polc, festett, p\u00e1colt feny\u0151, 36 x 43 x 10 cn. 9900 Ft","score":0,"formatted_price":"9 900 Ft","image_url":"https:\/\/www.meska.hu\/img\/product\/small\/2\/k\/2kdesign_product_568903_241030190251_829368.jpeg","formatted_url":"https:\/\/www.meska.hu\/p5424835-dekor-polc","favourite":false,"in_stock":true,"avatar":"568903_avatar_1680952344.jpeg","delete_from":0,"is_enhanced_background":false,"is_enhanced":false,"product_selection_started":false,"is_active":true,"image_webp_url":"https:\/\/www.meska.hu\/img\/product\/small\/2\/k\/2kdesign_product_568903_241030190251_829368.webp"},{"id":"3469502","shop_id":"4329","user_id":"15761","shop_name":"GabrielArt","shop_zip":"4027","product_code":"2372071","product_name_old":null,"product_name":"Piros csepp alak\u00fa babzs\u00e1kfotel feln\u0151tt","category_string":"Otthon & \u00c9letm\u00f3d, B\u00fator, Babzs\u00e1kfotel , Babzs\u00e1k","technic_string":"Varr\u00e1s","category_1":"813","category_2":"313","category_3":"1718","category_4":"777","merged_category_1":"0","merged_category_2":"0","merged_category_3":"785","technic_1":"506","technic_2":"0","technic_3":"0","color_1":"523","color_2":"0","color_3":"0","product_description_old":null,"product_description":"Csepp alak\u00fa, hat cikkb\u0151l \u00e1ll\u00f3 fotel, extra min\u0151s\u00e9g\u0171, strapab\u00edr\u00f3 lak\u00e1stextilb\u0151l,  feln\u0151tteknek \u00e9s gyerekeknek egyar\u00e1nt aj\u00e1nlom, nagyon k\u00e9nyelmes fazon.\n\nDupla huzatos, ut\u00e1nt\u00f6lthet\u0151.\nM\u00e9rete: 90X110cm.\n\nTervezd meg a saj\u00e1t sz\u00edn\u00f6ssze\u00e1ll\u00edt\u00e1sodat a mintasz\u00ednekb\u0151l :)","price":"41800.00","unit":"db","recommended":"0","status":"1","sponsored":"0","exp_notify":"0","own_material":"0","own_material_description_old":null,"own_material_description":"","jury":"0","jury_number":"","product_nature":"","meskaracsony":"0","create_date":"2026-02-28 00:14:00","shelve_id":"8465","image":"gabrielart_product_15761_150102113803_1.jpg","image_width":"480","image_height":"506","image_alt":"Piros csepp alak\u00fa babzs\u00e1kfotel feln\u0151tt, Csepp alak\u00fa, hat cikkb\u0151l \u00e1ll\u00f3 fotel, extra min\u0151s\u00e9g\u0171, strapab\u00edr\u00f3 lak\u00e1stextilb\u0151l,  feln\u0151tteknek \u00e9s gye..., Meska","image_title":"Piros csepp alak\u00fa babzs\u00e1kfotel feln\u0151tt, Meska","view_count":"3001","favourite_count":"0","trending_score":"0","last2MonthFavouriteCount":"0","promotion":"0","giftcard_accept":"0","creditcard_accept":false,"enhanced_background":"0","domain":"meska","specific_customer_id":null,"specific_customer_name":null,"to_order_product":"0","to_order_product_time":"0","product_different":null,"product_different_description":"","vintage":"0","vintage_category_id":"0","recycled":"0","gemstone_id":"0","customizable":"0","type_category":"physical","zerowaste":"0","postage_price":"3990.00","shop_order":"510","has_category":"1","landing_pages":null,"microdata":{"number":40,"category":""},"title":"Piros csepp alak\u00fa babzs\u00e1kfotel feln\u0151tt","description":"Csepp alak\u00fa, hat cikkb\u0151l \u00e1ll\u00f3 fotel, extra min\u0151s\u00e9g\u0171, strapab\u00edr\u00f3 lak\u00e1stextilb\u0151l,  feln\u0151tteknek \u00e9s gyerekeknek egyar\u00e1nt aj\u00e1nlom, nagyon k\u00e9nyelmes fazon.\n\nDupla huzatos, ut\u00e1nt\u00f6lthet\u0151.\nM\u00e9rete: 90X110cm.\n\nTervezd meg a saj\u00e1t sz\u00edn\u00f6ssze\u00e1ll\u00edt\u00e1sodat a mintasz\u00ednekb\u0151l :)","score":0,"formatted_price":"41 800 Ft","image_url":"https:\/\/www.meska.hu\/img\/product\/small\/g\/a\/gabrielart_product_15761_150102113803_1.jpg","formatted_url":"https:\/\/www.meska.hu\/p2372071-piros-csepp-alaku-babzsakfotel-felnott","favourite":false,"in_stock":true,"avatar":"GabrielArt_avatar_15761_1585229139.jpg","delete_from":0,"is_enhanced_background":false,"is_enhanced":false,"product_selection_started":false,"is_active":true,"image_webp_url":"https:\/\/www.meska.hu\/img\/product\/small\/g\/a\/gabrielart_product_15761_150102113803_1.webp"},{"id":"3469128","shop_id":"4329","user_id":"15761","shop_name":"GabrielArt","shop_zip":"4027","product_code":"2667400","product_name_old":null,"product_name":"Barna-piros babzs\u00e1k","category_string":"Otthon & \u00c9letm\u00f3d, B\u00fator, Babzs\u00e1kfotel , Babzs\u00e1k","technic_string":"Varr\u00e1s","category_1":"813","category_2":"313","category_3":"1718","category_4":"777","merged_category_1":"0","merged_category_2":"0","merged_category_3":"785","technic_1":"506","technic_2":"0","technic_3":"0","color_1":"514","color_2":"523","color_3":"0","product_description_old":null,"product_description":"V\u00e1laszd a k\u00e9nyelem \u00e9s st\u00edlus t\u00f6k\u00e9letes kombin\u00e1ci\u00f3j\u00e1t a feln\u0151tt babzs\u00e1kfotelek k\u00f6z\u00fcl. Ezek a modern \u00e9s praktikus \u00fcl\u0151alkalmatoss\u00e1gok t\u00f6k\u00e9letesek arra, hogy otthonodban vagy irod\u00e1dban k\u00fcl\u00f6nleges k\u00e9nyelmet \u00e9s pihen\u00e9st ny\u00fajtsanak.\n\nA feln\u0151tt babzs\u00e1kfotelek kialak\u00edt\u00e1sa figyelembe veszi a k\u00e9nyelem \u00e9s a tart\u00f3ss\u00e1g fontoss\u00e1g\u00e1t. Magas min\u0151s\u00e9g\u0171 anyagokb\u00f3l k\u00e9sz\u00fclnek, amelyek hossz\u00fa \u00e9lettartamot biztos\u00edtanak. A k\u00e9nyelmes \u00fcl\u0151fel\u00fclet \u00e9s h\u00e1tt\u00e1mla kiv\u00e1l\u00f3 komfort\u00e9rzetet ny\u00fajtanak, lehet\u0151v\u00e9 teszik, hogy ellazulj \u00e9s kikapcsolj a nap f\u00e1radalmai ut\u00e1n.\n\nA feln\u0151tt babzs\u00e1kfotelek rendk\u00edv\u00fcl sokoldal\u00faak. Haszn\u00e1lhatod \u0151ket a nappaliban, h\u00e1l\u00f3szob\u00e1ban vagy ak\u00e1r a dolgoz\u00f3szob\u00e1dban is. K\u00f6nnyen hordozhat\u00f3k \u00e9s \u00e1thelyezhet\u0151k, \u00edgy b\u00e1rhov\u00e1 magaddal viheted \u0151ket. Emellett k\u00fcls\u0151 huzata levehet\u0151 \u00e9s moshat\u00f3, ami praktikus el\u0151nyt jelent a mindennapi haszn\u00e1lat sor\u00e1n.\n\nA feln\u0151tt babzs\u00e1kfotelek nem csak a pihen\u00e9s \u00e9s kikapcsol\u00f3d\u00e1s ide\u00e1lis helysz\u00ednei, hanem remek\u00fcl megfelelnek a t\u00e1rsas\u00e1g fogad\u00e1s\u00e1ra is. Sz\u00f3rakoztat\u00f3 est\u00e9ket szervezhetsz bar\u00e1taiddal vagy csal\u00e1doddal, ahol mindenkinek k\u00e9nyelmes \u00e9s st\u00edlusos \u00fcl\u0151helyet biztos\u00edthatsz.\nFeln\u0151tt m\u00e9ret\u0171, fotel fazon\u00fa babzs\u00e1k,  extra min\u0151s\u00e9g\u0171 b\u00fatorv\u00e1szon k\u00fcls\u0151 huzattal.\nDupla huzatos, ut\u00e1nt\u00f6lthet\u0151.\nM\u00e9rete: 90cm alap \u00e1tm\u00e9r\u0151, 100cm h\u00e1tt\u00e1mla magass\u00e1g.","price":"41800.00","unit":"db","recommended":"0","status":"1","sponsored":"0","exp_notify":"0","own_material":"0","own_material_description_old":null,"own_material_description":"","jury":"0","jury_number":"","product_nature":"","meskaracsony":"0","create_date":"2026-02-27 19:12:43","shelve_id":"8465","image":"gabrielart_product_15761_161115140639_509231.jpeg","image_width":"480","image_height":"513","image_alt":"Barna-piros babzs\u00e1k, V\u00e1laszd a k\u00e9nyelem \u00e9s st\u00edlus t\u00f6k\u00e9letes kombin\u00e1ci\u00f3j\u00e1t a feln\u0151tt babzs\u00e1kfotelek k\u00f6z\u00fcl. Ezek a modern \u00e9..., Meska","image_title":"Barna-piros babzs\u00e1k, Meska","view_count":"1470","favourite_count":"0","trending_score":"0","last2MonthFavouriteCount":"0","promotion":"0","giftcard_accept":"0","creditcard_accept":false,"enhanced_background":"0","domain":"meska","specific_customer_id":null,"specific_customer_name":null,"to_order_product":"0","to_order_product_time":"0","product_different":null,"product_different_description":"","vintage":"0","vintage_category_id":"0","recycled":"0","gemstone_id":"0","customizable":"0","type_category":"physical","zerowaste":"0","postage_price":"3990.00","shop_order":"511","has_category":"1","landing_pages":null,"microdata":{"number":41,"category":""},"title":"Barna-piros babzs\u00e1k","description":"V\u00e1laszd a k\u00e9nyelem \u00e9s st\u00edlus t\u00f6k\u00e9letes kombin\u00e1ci\u00f3j\u00e1t a feln\u0151tt babzs\u00e1kfotelek k\u00f6z\u00fcl. Ezek a modern \u00e9s praktikus \u00fcl\u0151alkalmatoss\u00e1gok t\u00f6k\u00e9letesek arra, hogy otthonodban vagy irod\u00e1dban k\u00fcl\u00f6nleges k\u00e9nyelmet \u00e9s pihen\u00e9st ny\u00fajtsanak.\n\nA feln\u0151tt babzs\u00e1kfotelek kialak\u00edt\u00e1sa figyelembe veszi a k\u00e9nyelem \u00e9s a tart\u00f3ss\u00e1g fontoss\u00e1g\u00e1t. Magas min\u0151s\u00e9g\u0171 anyagokb\u00f3l k\u00e9sz\u00fclnek, amelyek hossz\u00fa \u00e9lettartamot biztos\u00edtanak. A k\u00e9nyelmes \u00fcl\u0151fel\u00fclet \u00e9s h\u00e1tt\u00e1mla kiv\u00e1l\u00f3 komfort\u00e9rzetet ny\u00fajtanak, lehet\u0151v\u00e9 teszik, hogy ellazulj \u00e9s kikapcsolj a nap f\u00e1radalmai ut\u00e1n.\n\nA feln\u0151tt babzs\u00e1kfotelek rendk\u00edv\u00fcl sokoldal\u00faak. Haszn\u00e1lhatod \u0151ket a nappaliban, h\u00e1l\u00f3szob\u00e1ban vagy ak\u00e1r a dolgoz\u00f3szob\u00e1dban is. K\u00f6nnyen hordozhat\u00f3k \u00e9s \u00e1thelyezhet\u0151k, \u00edgy b\u00e1rhov\u00e1 magaddal viheted \u0151ket. Emellett k\u00fcls\u0151 huzata levehet\u0151 \u00e9s moshat\u00f3, ami praktikus el\u0151nyt jelent a mindennapi haszn\u00e1lat sor\u00e1n.\n\nA feln\u0151tt babzs\u00e1kfotelek nem csak a pihen\u00e9s \u00e9s kikapcsol\u00f3d\u00e1s ide\u00e1lis helysz\u00ednei, hanem remek\u00fcl megfelelnek a t\u00e1rsas\u00e1g fogad\u00e1s\u00e1ra is. Sz\u00f3rakoztat\u00f3 est\u00e9ket szervezhetsz bar\u00e1taiddal vagy csal\u00e1doddal, ahol mindenkinek k\u00e9nyelmes \u00e9s st\u00edlusos \u00fcl\u0151helyet biztos\u00edthatsz.\nFeln\u0151tt m\u00e9ret\u0171, fotel fazon\u00fa babzs\u00e1k,  extra min\u0151s\u00e9g\u0171 b\u00fatorv\u00e1szon k\u00fcls\u0151 huzattal.\nDupla huzatos, ut\u00e1nt\u00f6lthet\u0151.\nM\u00e9rete: 90cm alap \u00e1tm\u00e9r\u0151, 100cm h\u00e1tt\u00e1mla magass\u00e1g.","score":0,"formatted_price":"41 800 Ft","image_url":"https:\/\/www.meska.hu\/img\/product\/small\/g\/a\/gabrielart_product_15761_161115140639_509231.jpeg","formatted_url":"https:\/\/www.meska.hu\/p2667400-barna-piros-babzsak","favourite":false,"in_stock":true,"avatar":"GabrielArt_avatar_15761_1585229139.jpg","delete_from":0,"is_enhanced_background":false,"is_enhanced":false,"product_selection_started":false,"is_active":true,"image_webp_url":"https:\/\/www.meska.hu\/img\/product\/small\/g\/a\/gabrielart_product_15761_161115140639_509231.webp"},{"id":"6131329","shop_id":"48890","user_id":"544287","shop_name":"MuszkoMandala","shop_zip":"2800","product_code":"5742370","product_name_old":null,"product_name":"Kisasztal","category_string":"Otthon & \u00c9letm\u00f3d, B\u00fator, Asztal","technic_string":"Fest\u00e9szet, Festett t\u00e1rgyak","category_1":"813","category_2":"313","category_3":"558","category_4":"0","merged_category_1":null,"merged_category_2":null,"merged_category_3":null,"technic_1":"480","technic_2":"481","technic_3":"0","color_1":"518","color_2":"520","color_3":"523","product_description_old":null,"product_description":"3 l\u00e1b\u00fa kisasztal\u2764\ufe0f \n\n35 cm \u00e1tm\u00e9r\u0151j\u0171, 18 kg-ig terhelhet\u0151. \n\nA grafit-piros sz\u00ednkombin\u00e1ci\u00f3 \u00e9s a st\u00edlus gyakran szimboliz\u00e1lja a j\u00f3l\u00e9tet \u00e9s a harm\u00f3ni\u00e1t.","price":"14000.00","unit":"db","recommended":"0","status":"1","sponsored":"0","exp_notify":"0","own_material":"0","own_material_description_old":null,"own_material_description":"","jury":"0","jury_number":"","product_nature":"","meskaracsony":"0","create_date":"2026-02-27 08:51:25","shelve_id":"82182","image":"muszkomandala_product_544287_260227084835_067620.jpeg","image_width":"480","image_height":"506","image_alt":"Kisasztal, 3 l\u00e1b\u00fa kisasztal\u2764\ufe0f \\n\\n35 cm \u00e1tm\u00e9r\u0151j\u0171, 18 kg-ig terhelhet\u0151. \\n\\nA grafit-piros sz\u00ednkombin\u00e1ci\u00f3 \u00e9s a st\u00edlu..., Meska","image_title":"Kisasztal, Meska","view_count":"47","favourite_count":"0","trending_score":"0","last2MonthFavouriteCount":"0","promotion":"0","giftcard_accept":"0","creditcard_accept":true,"enhanced_background":"0","domain":"meska","specific_customer_id":null,"specific_customer_name":null,"to_order_product":"0","to_order_product_time":"0","product_different":null,"product_different_description":"","vintage":"0","vintage_category_id":"0","recycled":"0","gemstone_id":"0","customizable":"0","type_category":"physical","zerowaste":"0","postage_price":"1290.00","shop_order":"0","has_category":"1","landing_pages":null,"microdata":{"number":42,"category":""},"title":"Kisasztal","description":"3 l\u00e1b\u00fa kisasztal\u2764\ufe0f \n\n35 cm \u00e1tm\u00e9r\u0151j\u0171, 18 kg-ig terhelhet\u0151. \n\nA grafit-piros sz\u00ednkombin\u00e1ci\u00f3 \u00e9s a st\u00edlus gyakran szimboliz\u00e1lja a j\u00f3l\u00e9tet \u00e9s a harm\u00f3ni\u00e1t.","score":0,"formatted_price":"14 000 Ft","image_url":"https:\/\/www.meska.hu\/img\/product\/small\/m\/u\/muszkomandala_product_544287_260227084835_067620.jpeg","formatted_url":"https:\/\/www.meska.hu\/p5742370-kisasztal","favourite":false,"in_stock":true,"avatar":"544287_avatar_1768595779.jpeg","delete_from":0,"is_enhanced_background":false,"is_enhanced":false,"product_selection_started":false,"is_active":true,"image_webp_url":"https:\/\/www.meska.hu\/img\/product\/small\/m\/u\/muszkomandala_product_544287_260227084835_067620.webp"},{"id":"5841649","shop_id":"20463","user_id":"191238","shop_name":"SagiEvaKeramia","shop_zip":"6791","product_code":"5576536","product_name_old":null,"product_name":"B\u00daTORGOMB (b\u00fatorfoganty\u00fa) sz\u00edvvir\u00e1g","category_string":"Otthon & \u00c9letm\u00f3d, B\u00fator, B\u00fatorfoganty\u00fa","technic_string":"Ker\u00e1mia","category_1":"813","category_2":"313","category_3":"776","category_4":"0","merged_category_1":null,"merged_category_2":null,"merged_category_3":null,"technic_1":"489","technic_2":"0","technic_3":"0","color_1":"523","color_2":"526","color_3":"528","product_description_old":null,"product_description":"Feh\u00e9r agyagmassz\u00e1b\u00f3l k\u00e9sz\u00fcltek ezek a sz\u00e9p sz\u00ednekben pomp\u00e1z\u00f3 m\u00e9retes vir\u00e1g b\u00fatorgombok. \n\nRENDEL\u00c9SRE DOLGOZOM, NINCS NAGY K\u00c9SZLETEM - P\u00c1R DARAB VAN K\u00c9SZLETEN MINDEGYIK B\u00daTORGOMBB\u00d3L -, DE B\u00c1RMENNYIT ELK\u00c9SZ\u00cdTEK B\u00c1RMILYEN SZ\u00cdNBEN. \n\nSZ\u00cdNMINT\u00c1IMR\u00d3L SOK SZ\u00cdNB\u0150L LEHET V\u00c1LASZTANI, AZOKAT K\u00c9R\u00c9SRE \u00c1TK\u00dcLD\u00d6M.\n\nRENDEL\u00c9S ESET\u00c9N AZ ELK\u00c9SZ\u00cdT\u00c9SI ID\u0150 K\u00d6R\u00dcLBEL\u00dcL 3 H\u00c9T, DE K\u00c9RDEZZ R\u00c1 A K\u00c9SZLETRE, H\u00c1THA VAN EL\u00c9G MENNYIS\u00c9G AMIT SZERETN\u00c9L. \n\nK\u00e9nyelmes megfogni, kih\u00fazni, kinyitni vele a fi\u00f3kot, szekr\u00e9nyt.\nAz anyacsavar er\u0151s k\u00e9tkomponens\u0171 ragaszt\u00f3val van beleragasztva, b\u00edrja a terhel\u00e9st. \nTart\u00f3sak, mutat\u00f3sak, csak fel kell \u0151ket csavarozni \u00e9s k\u00e9sz. \nIgazi b\u00fator\u00e9kszerek. \n\nCsavart is adok hozz\u00e1. \n\nTeteje: 4,3 x 4,3 cm. Magass\u00e1ga: 2,5 cm\n\n","price":"2800.00","unit":"db","recommended":"0","status":"1","sponsored":"0","exp_notify":"0","own_material":"0","own_material_description_old":null,"own_material_description":"","jury":"0","jury_number":"","product_nature":"","meskaracsony":"0","create_date":"2026-02-23 21:52:20","shelve_id":"0","image":"sagievakeramia_product_191238_250628205128_155462.jpeg","image_width":"480","image_height":"406","image_alt":"B\u00daTORGOMB (b\u00fatorfoganty\u00fa) sz\u00edvvir\u00e1g, Feh\u00e9r agyagmassz\u00e1b\u00f3l k\u00e9sz\u00fcltek ezek a sz\u00e9p sz\u00ednekben pomp\u00e1z\u00f3 m\u00e9retes vir\u00e1g b\u00fatorgombok. \\n\\nRENDEL\u00c9SRE..., Meska","image_title":"B\u00daTORGOMB (b\u00fatorfoganty\u00fa) sz\u00edvvir\u00e1g, Meska","view_count":"224","favourite_count":"0","trending_score":"0","last2MonthFavouriteCount":"0","promotion":"0","giftcard_accept":"1","creditcard_accept":false,"enhanced_background":"0","domain":"meska","specific_customer_id":null,"specific_customer_name":null,"to_order_product":"0","to_order_product_time":"0","product_different":null,"product_different_description":"","vintage":"0","vintage_category_id":"0","recycled":"0","gemstone_id":"0","customizable":"0","type_category":"physical","zerowaste":"0","postage_price":"1290.00","shop_order":"0","has_category":"1","landing_pages":null,"microdata":{"number":43,"category":""},"title":"B\u00daTORGOMB (b\u00fatorfoganty\u00fa) sz\u00edvvir\u00e1g","description":"Feh\u00e9r agyagmassz\u00e1b\u00f3l k\u00e9sz\u00fcltek ezek a sz\u00e9p sz\u00ednekben pomp\u00e1z\u00f3 m\u00e9retes vir\u00e1g b\u00fatorgombok. \n\nRENDEL\u00c9SRE DOLGOZOM, NINCS NAGY K\u00c9SZLETEM - P\u00c1R DARAB VAN K\u00c9SZLETEN MINDEGYIK B\u00daTORGOMBB\u00d3L -, DE B\u00c1RMENNYIT ELK\u00c9SZ\u00cdTEK B\u00c1RMILYEN SZ\u00cdNBEN. \n\nSZ\u00cdNMINT\u00c1IMR\u00d3L SOK SZ\u00cdNB\u0150L LEHET V\u00c1LASZTANI, AZOKAT K\u00c9R\u00c9SRE \u00c1TK\u00dcLD\u00d6M.\n\nRENDEL\u00c9S ESET\u00c9N AZ ELK\u00c9SZ\u00cdT\u00c9SI ID\u0150 K\u00d6R\u00dcLBEL\u00dcL 3 H\u00c9T, DE K\u00c9RDEZZ R\u00c1 A K\u00c9SZLETRE, H\u00c1THA VAN EL\u00c9G MENNYIS\u00c9G AMIT SZERETN\u00c9L. \n\nK\u00e9nyelmes megfogni, kih\u00fazni, kinyitni vele a fi\u00f3kot, szekr\u00e9nyt.\nAz anyacsavar er\u0151s k\u00e9tkomponens\u0171 ragaszt\u00f3val van beleragasztva, b\u00edrja a terhel\u00e9st. \nTart\u00f3sak, mutat\u00f3sak, csak fel kell \u0151ket csavarozni \u00e9s k\u00e9sz. \nIgazi b\u00fator\u00e9kszerek. \n\nCsavart is adok hozz\u00e1. \n\nTeteje: 4,3 x 4,3 cm. Magass\u00e1ga: 2,5 cm\n\n","score":0,"formatted_price":"2 800 Ft","image_url":"https:\/\/www.meska.hu\/img\/product\/small\/s\/a\/sagievakeramia_product_191238_250628205128_155462.jpeg","formatted_url":"https:\/\/www.meska.hu\/p5576536-butorgomb-szivvirag","favourite":false,"in_stock":true,"avatar":"Cimpa1980_avatar_191238_1663425900.jpg","delete_from":0,"is_enhanced_background":false,"is_enhanced":false,"product_selection_started":false,"is_active":true,"image_webp_url":"https:\/\/www.meska.hu\/img\/product\/small\/s\/a\/sagievakeramia_product_191238_250628205128_155462.webp"},{"id":"6122543","shop_id":"48890","user_id":"544287","shop_name":"MuszkoMandala","shop_zip":"2800","product_code":"5736815","product_name_old":null,"product_name":"Asztalka","category_string":"Otthon & \u00c9letm\u00f3d, B\u00fator, Asztal","technic_string":"Festett t\u00e1rgyak, Fest\u00e9szet","category_1":"813","category_2":"313","category_3":"558","category_4":"0","merged_category_1":null,"merged_category_2":null,"merged_category_3":null,"technic_1":"481","technic_2":"480","technic_3":"0","color_1":"518","color_2":"520","color_3":"523","product_description_old":null,"product_description":"3 l\u00e1b\u00fa kisasztal\u2764\ufe0f \n\nPiros-met\u00e1l grafit asztalka keresi \u00faj otthon\u00e1t. \n\u00c1ra: 14 000 Ft\n18 kg-ig terhelhet\u0151. \n\nA grafit-piros sz\u00ednkombin\u00e1ci\u00f3 \u00e9s a st\u00edlus gyakran szimboliz\u00e1lja a j\u00f3l\u00e9tet \u00e9s a harm\u00f3ni\u00e1t.","price":"14000.00","unit":"db","recommended":"0","status":"1","sponsored":"0","exp_notify":"0","own_material":"0","own_material_description_old":null,"own_material_description":"","jury":"0","jury_number":"","product_nature":"","meskaracsony":"0","create_date":"2026-02-19 18:10:25","shelve_id":"82182","image":"muszkomandala_product_544287_260219180621_014959.jpeg","image_width":"480","image_height":"506","image_alt":"Asztalka, 3 l\u00e1b\u00fa kisasztal\u2764\ufe0f \\n\\nPiros-met\u00e1l grafit asztalka keresi \u00faj otthon\u00e1t. \\n\u00c1ra: 14 000 Ft\\n18 kg-ig terhel..., Meska","image_title":"Asztalka, Meska","view_count":"91","favourite_count":"0","trending_score":"0","last2MonthFavouriteCount":"0","promotion":"0","giftcard_accept":"0","creditcard_accept":true,"enhanced_background":"0","domain":"meska","specific_customer_id":null,"specific_customer_name":null,"to_order_product":"0","to_order_product_time":"0","product_different":null,"product_different_description":"","vintage":"0","vintage_category_id":"0","recycled":"0","gemstone_id":"0","customizable":"0","type_category":"physical","zerowaste":"0","postage_price":"1290.00","shop_order":"0","has_category":"1","landing_pages":null,"microdata":{"number":44,"category":""},"title":"Asztalka","description":"3 l\u00e1b\u00fa kisasztal\u2764\ufe0f \n\nPiros-met\u00e1l grafit asztalka keresi \u00faj otthon\u00e1t. \n\u00c1ra: 14 000 Ft\n18 kg-ig terhelhet\u0151. \n\nA grafit-piros sz\u00ednkombin\u00e1ci\u00f3 \u00e9s a st\u00edlus gyakran szimboliz\u00e1lja a j\u00f3l\u00e9tet \u00e9s a harm\u00f3ni\u00e1t.","score":0,"formatted_price":"14 000 Ft","image_url":"https:\/\/www.meska.hu\/img\/product\/small\/m\/u\/muszkomandala_product_544287_260219180621_014959.jpeg","formatted_url":"https:\/\/www.meska.hu\/p5736815-asztalka","favourite":false,"in_stock":true,"avatar":"544287_avatar_1768595779.jpeg","delete_from":0,"is_enhanced_background":false,"is_enhanced":false,"product_selection_started":false,"is_active":true,"image_webp_url":"https:\/\/www.meska.hu\/img\/product\/small\/m\/u\/muszkomandala_product_544287_260219180621_014959.webp"},{"id":"3454582","shop_id":"4329","user_id":"15761","shop_name":"GabrielArt","shop_zip":"4027","product_code":"2299750","product_name_old":null,"product_name":"Piros babzs\u00e1kfotel feln\u0151tt m\u00e9retben","category_string":"Otthon & \u00c9letm\u00f3d, B\u00fator, Babzs\u00e1kfotel , Babzs\u00e1k","technic_string":"Varr\u00e1s","category_1":"813","category_2":"313","category_3":"1718","category_4":"777","merged_category_1":"0","merged_category_2":"0","merged_category_3":"785","technic_1":"506","technic_2":"0","technic_3":"0","color_1":"523","color_2":"0","color_3":"0","product_description_old":null,"product_description":"V\u00e1laszd a k\u00e9nyelem \u00e9s st\u00edlus t\u00f6k\u00e9letes kombin\u00e1ci\u00f3j\u00e1t a feln\u0151tt babzs\u00e1kfotelek k\u00f6z\u00fcl. Ezek a modern \u00e9s praktikus \u00fcl\u0151alkalmatoss\u00e1gok t\u00f6k\u00e9letesek arra, hogy otthonodban vagy irod\u00e1dban k\u00fcl\u00f6nleges k\u00e9nyelmet \u00e9s pihen\u00e9st ny\u00fajtsanak.\n\nA feln\u0151tt babzs\u00e1kfotelek kialak\u00edt\u00e1sa figyelembe veszi a k\u00e9nyelem \u00e9s a tart\u00f3ss\u00e1g fontoss\u00e1g\u00e1t. Magas min\u0151s\u00e9g\u0171 anyagokb\u00f3l k\u00e9sz\u00fclnek, amelyek hossz\u00fa \u00e9lettartamot biztos\u00edtanak. A k\u00e9nyelmes \u00fcl\u0151fel\u00fclet \u00e9s h\u00e1tt\u00e1mla kiv\u00e1l\u00f3 komfort\u00e9rzetet ny\u00fajtanak, lehet\u0151v\u00e9 teszik, hogy ellazulj \u00e9s kikapcsolj a nap f\u00e1radalmai ut\u00e1n.\n\nA feln\u0151tt babzs\u00e1kfotelek rendk\u00edv\u00fcl sokoldal\u00faak. Haszn\u00e1lhatod \u0151ket a nappaliban, h\u00e1l\u00f3szob\u00e1ban vagy ak\u00e1r a dolgoz\u00f3szob\u00e1dban is. K\u00f6nnyen hordozhat\u00f3k \u00e9s \u00e1thelyezhet\u0151k, \u00edgy b\u00e1rhov\u00e1 magaddal viheted \u0151ket. Emellett k\u00fcls\u0151 huzata levehet\u0151 \u00e9s moshat\u00f3, ami praktikus el\u0151nyt jelent a mindennapi haszn\u00e1lat sor\u00e1n.\n\nA feln\u0151tt babzs\u00e1kfotelek nem csak a pihen\u00e9s \u00e9s kikapcsol\u00f3d\u00e1s ide\u00e1lis helysz\u00ednei, hanem remek\u00fcl megfelelnek a t\u00e1rsas\u00e1g fogad\u00e1s\u00e1ra is. Sz\u00f3rakoztat\u00f3 est\u00e9ket szervezhetsz bar\u00e1taiddal vagy csal\u00e1doddal, ahol mindenkinek k\u00e9nyelmes \u00e9s st\u00edlusos \u00fcl\u0151helyet biztos\u00edthatsz.\nFeln\u0151tt m\u00e9ret\u0171, fotel fazon\u00fa babzs\u00e1k,  vastag v\u00e1szon k\u00fcls\u0151 huzattal.\nDupla huzatos, ut\u00e1nt\u00f6lthet\u0151.\nM\u00e9rete: 90cm alap \u00e1tm\u00e9r\u0151, 100cm h\u00e1tt\u00e1mla magass\u00e1g.","price":"41800.00","unit":"db","recommended":"0","status":"1","sponsored":"0","exp_notify":"0","own_material":"0","own_material_description_old":null,"own_material_description":"","jury":"0","jury_number":"","product_nature":"","meskaracsony":"0","create_date":"2026-02-18 00:13:58","shelve_id":"8465","image":"gabrielart_product_15761_130927103820_1.jpg","image_width":"480","image_height":"516","image_alt":"Piros babzs\u00e1kfotel feln\u0151tt m\u00e9retben, V\u00e1laszd a k\u00e9nyelem \u00e9s st\u00edlus t\u00f6k\u00e9letes kombin\u00e1ci\u00f3j\u00e1t a feln\u0151tt babzs\u00e1kfotelek k\u00f6z\u00fcl. Ezek a modern \u00e9..., Meska","image_title":"Piros babzs\u00e1kfotel feln\u0151tt m\u00e9retben, Meska","view_count":"2181","favourite_count":"0","trending_score":"0","last2MonthFavouriteCount":"0","promotion":"0","giftcard_accept":"0","creditcard_accept":false,"enhanced_background":"0","domain":"meska","specific_customer_id":null,"specific_customer_name":null,"to_order_product":"0","to_order_product_time":"0","product_different":null,"product_different_description":"","vintage":"0","vintage_category_id":"0","recycled":"0","gemstone_id":"0","customizable":"0","type_category":"physical","zerowaste":"0","postage_price":"3990.00","shop_order":"516","has_category":"1","landing_pages":null,"microdata":{"number":45,"category":""},"title":"Piros babzs\u00e1kfotel feln\u0151tt m\u00e9retben","description":"V\u00e1laszd a k\u00e9nyelem \u00e9s st\u00edlus t\u00f6k\u00e9letes kombin\u00e1ci\u00f3j\u00e1t a feln\u0151tt babzs\u00e1kfotelek k\u00f6z\u00fcl. Ezek a modern \u00e9s praktikus \u00fcl\u0151alkalmatoss\u00e1gok t\u00f6k\u00e9letesek arra, hogy otthonodban vagy irod\u00e1dban k\u00fcl\u00f6nleges k\u00e9nyelmet \u00e9s pihen\u00e9st ny\u00fajtsanak.\n\nA feln\u0151tt babzs\u00e1kfotelek kialak\u00edt\u00e1sa figyelembe veszi a k\u00e9nyelem \u00e9s a tart\u00f3ss\u00e1g fontoss\u00e1g\u00e1t. Magas min\u0151s\u00e9g\u0171 anyagokb\u00f3l k\u00e9sz\u00fclnek, amelyek hossz\u00fa \u00e9lettartamot biztos\u00edtanak. A k\u00e9nyelmes \u00fcl\u0151fel\u00fclet \u00e9s h\u00e1tt\u00e1mla kiv\u00e1l\u00f3 komfort\u00e9rzetet ny\u00fajtanak, lehet\u0151v\u00e9 teszik, hogy ellazulj \u00e9s kikapcsolj a nap f\u00e1radalmai ut\u00e1n.\n\nA feln\u0151tt babzs\u00e1kfotelek rendk\u00edv\u00fcl sokoldal\u00faak. Haszn\u00e1lhatod \u0151ket a nappaliban, h\u00e1l\u00f3szob\u00e1ban vagy ak\u00e1r a dolgoz\u00f3szob\u00e1dban is. K\u00f6nnyen hordozhat\u00f3k \u00e9s \u00e1thelyezhet\u0151k, \u00edgy b\u00e1rhov\u00e1 magaddal viheted \u0151ket. Emellett k\u00fcls\u0151 huzata levehet\u0151 \u00e9s moshat\u00f3, ami praktikus el\u0151nyt jelent a mindennapi haszn\u00e1lat sor\u00e1n.\n\nA feln\u0151tt babzs\u00e1kfotelek nem csak a pihen\u00e9s \u00e9s kikapcsol\u00f3d\u00e1s ide\u00e1lis helysz\u00ednei, hanem remek\u00fcl megfelelnek a t\u00e1rsas\u00e1g fogad\u00e1s\u00e1ra is. Sz\u00f3rakoztat\u00f3 est\u00e9ket szervezhetsz bar\u00e1taiddal vagy csal\u00e1doddal, ahol mindenkinek k\u00e9nyelmes \u00e9s st\u00edlusos \u00fcl\u0151helyet biztos\u00edthatsz.\nFeln\u0151tt m\u00e9ret\u0171, fotel fazon\u00fa babzs\u00e1k,  vastag v\u00e1szon k\u00fcls\u0151 huzattal.\nDupla huzatos, ut\u00e1nt\u00f6lthet\u0151.\nM\u00e9rete: 90cm alap \u00e1tm\u00e9r\u0151, 100cm h\u00e1tt\u00e1mla magass\u00e1g.","score":0,"formatted_price":"41 800 Ft","image_url":"https:\/\/www.meska.hu\/img\/product\/small\/g\/a\/gabrielart_product_15761_130927103820_1.jpg","formatted_url":"https:\/\/www.meska.hu\/p2299750-piros-babzsakfotel-felnott-meretben","favourite":false,"in_stock":true,"avatar":"GabrielArt_avatar_15761_1585229139.jpg","delete_from":0,"is_enhanced_background":false,"is_enhanced":false,"product_selection_started":false,"is_active":true,"image_webp_url":"https:\/\/www.meska.hu\/img\/product\/small\/g\/a\/gabrielart_product_15761_130927103820_1.webp"},{"id":"3453432","shop_id":"5717","user_id":"22705","shop_name":"argyelus","shop_zip":"7020","product_code":"4691147","product_name_old":null,"product_name":"T\u00fckr\u00f6s fi\u00f3kos tulip\u00e1nos aj\u00e1nd\u00e9kt\u00e1rgy  - k\u00f6zepes m\u00e9retben","category_string":"Otthon & \u00c9letm\u00f3d, B\u00fator, M\u00e1s b\u00fator","technic_string":"Fest\u00e9szet","category_1":"813","category_2":"313","category_3":"935","category_4":"0","merged_category_1":"0","merged_category_2":"0","merged_category_3":"785","technic_1":"480","technic_2":"0","technic_3":"0","color_1":"514","color_2":"523","color_3":"529","product_description_old":null,"product_description":"T\u00fckr\u00f6s, fi\u00f3kos \u00e9s tulip\u00e1nos, vir\u00e1gos!\nK\u00e9zzel festett egyedi aj\u00e1nd\u00e9kt\u00e1rgy k\u00fcl\u00f6nb\u00f6z\u0151 sz\u00edneben \u00e9s mot\u00edvumokkal.\nLakkozott.\nN\u00e9v, \u00e9vsz\u00e1m....stb. k\u00e9rhet\u0151 r\u00e1.\nSz\u00fclet\u00e9snapra, ballag\u00e1sra, kedvesked\u00e9skor...","price":"20000.00","unit":"db","recommended":"0","status":"1","sponsored":"0","exp_notify":"0","own_material":"0","own_material_description_old":null,"own_material_description":"","jury":"0","jury_number":"","product_nature":"","meskaracsony":"0","create_date":"2026-02-17 17:13:31","shelve_id":"10667","image":"argyelus_product_22705_220708122050_527640.jpeg","image_width":"480","image_height":"344","image_alt":"T\u00fckr\u00f6s fi\u00f3kos tulip\u00e1nos aj\u00e1nd\u00e9kt\u00e1rgy  - k\u00f6zepes m\u00e9retben, T\u00fckr\u00f6s, fi\u00f3kos \u00e9s tulip\u00e1nos, vir\u00e1gos!\\nK\u00e9zzel festett egyedi aj\u00e1nd\u00e9kt\u00e1rgy k\u00fcl\u00f6nb\u00f6z\u0151 sz\u00edneben \u00e9s mot\u00edv..., Meska","image_title":"T\u00fckr\u00f6s fi\u00f3kos tulip\u00e1nos aj\u00e1nd\u00e9kt\u00e1rgy  - k\u00f6zepes m\u00e9retben, Meska","view_count":"986","favourite_count":"0","trending_score":"0","last2MonthFavouriteCount":"0","promotion":"0","giftcard_accept":"0","creditcard_accept":false,"enhanced_background":"0","domain":"meska","specific_customer_id":null,"specific_customer_name":null,"to_order_product":"1","to_order_product_time":"20","product_different":null,"product_different_description":"","vintage":"0","vintage_category_id":"0","recycled":"0","gemstone_id":"0","customizable":"1","type_category":"physical","zerowaste":"0","postage_price":"0.00","shop_order":"0","has_category":"1","landing_pages":null,"microdata":{"number":46,"category":""},"title":"T\u00fckr\u00f6s fi\u00f3kos tulip\u00e1nos aj\u00e1nd\u00e9kt\u00e1rgy  - k\u00f6zepes m\u00e9retben","description":"T\u00fckr\u00f6s, fi\u00f3kos \u00e9s tulip\u00e1nos, vir\u00e1gos!\nK\u00e9zzel festett egyedi aj\u00e1nd\u00e9kt\u00e1rgy k\u00fcl\u00f6nb\u00f6z\u0151 sz\u00edneben \u00e9s mot\u00edvumokkal.\nLakkozott.\nN\u00e9v, \u00e9vsz\u00e1m....stb. k\u00e9rhet\u0151 r\u00e1.\nSz\u00fclet\u00e9snapra, ballag\u00e1sra, kedvesked\u00e9skor...","score":0,"formatted_price":"20 000 Ft","image_url":"https:\/\/www.meska.hu\/img\/product\/small\/a\/r\/argyelus_product_22705_220708122050_527640.jpeg","formatted_url":"https:\/\/www.meska.hu\/p4691147-tukros-fiokos-tulipanos-ajandektargy-kozepes-meretben","favourite":false,"in_stock":false,"avatar":"argyelus_avatar_22705_1655313871.jpg","delete_from":0,"is_enhanced_background":false,"is_enhanced":false,"product_selection_started":false,"is_active":true,"image_webp_url":"https:\/\/www.meska.hu\/img\/product\/small\/a\/r\/argyelus_product_22705_220708122050_527640.webp"},{"id":"3452750","shop_id":"5717","user_id":"22705","shop_name":"argyelus","shop_zip":"7020","product_code":"4690302","product_name_old":null,"product_name":"Tulip\u00e1nos L\u00e1da, festett l\u00e1da - k\u00f6zepes m\u00e9retben","category_string":"Otthon & \u00c9letm\u00f3d, B\u00fator, M\u00e1s b\u00fator","technic_string":"Fest\u00e9szet","category_1":"813","category_2":"313","category_3":"935","category_4":"0","merged_category_1":"0","merged_category_2":"0","merged_category_3":"785","technic_1":"480","technic_2":"0","technic_3":"0","color_1":"514","color_2":"523","color_3":"0","product_description_old":null,"product_description":"Tulip\u00e1nos l\u00e1da \n\nTulip\u00e1nos l\u00e1da rendelhet\u0151 k\u00fcl\u00f6nb\u00f6z\u0151 m\u00e9retben.\nGazdagon d\u00edsz\u00edtett, egyedi m\u0171v\u00e9szeti alkot\u00e1s, jeles alkalmakra.\nA l\u00e1d\u00e1ra vagy a tet\u0151 belsej\u00e9be \u00e9vsz\u00e1m, felirat, id\u00e9zet k\u00e9rhet\u0151.\nA feny\u0151fa l\u00e1da faolajjal kezelt \u00e9s a festett fel\u00fclete lakkozott.\nR\u00e9gi tulip\u00e1nos l\u00e1d\u00e1k restaur\u00e1l\u00e1sa vagy fel\u00faj\u00edt\u00e1sa is k\u00e9rhet\u0151.\nA l\u00e1d\u00e1kat \u00e9rdemes szem\u00e9lyesen elhozni, vagy elvinni.\nMinden tulip\u00e1nos l\u00e1da m\u00e1s \u00e9s m\u00e1s, nincs k\u00e9t egyforma alkot\u00e1s, ez\u00e9rt az \u00e1rak is v\u00e1ltozhatnak.","price":"95000.00","unit":"db","recommended":"0","status":"1","sponsored":"0","exp_notify":"0","own_material":"0","own_material_description_old":null,"own_material_description":"","jury":"0","jury_number":"","product_nature":"","meskaracsony":"0","create_date":"2026-02-17 13:11:08","shelve_id":"10667","image":"argyelus_product_22705_260117212229_898923.jpeg","image_width":"480","image_height":"352","image_alt":"Tulip\u00e1nos L\u00e1da, festett l\u00e1da - k\u00f6zepes m\u00e9retben, Tulip\u00e1nos l\u00e1da \\n\\nTulip\u00e1nos l\u00e1da rendelhet\u0151 k\u00fcl\u00f6nb\u00f6z\u0151 m\u00e9retben.\\nGazdagon d\u00edsz\u00edtett, egyedi m\u0171v\u00e9szeti ..., Meska","image_title":"Tulip\u00e1nos L\u00e1da, festett l\u00e1da - k\u00f6zepes m\u00e9retben, Meska","view_count":"4881","favourite_count":"0","trending_score":"0","last2MonthFavouriteCount":"0","promotion":"0","giftcard_accept":"0","creditcard_accept":false,"enhanced_background":"0","domain":"meska","specific_customer_id":null,"specific_customer_name":null,"to_order_product":"1","to_order_product_time":"60","product_different":null,"product_different_description":"","vintage":"0","vintage_category_id":"0","recycled":"0","gemstone_id":"0","customizable":"1","type_category":"physical","zerowaste":"0","postage_price":"0.00","shop_order":"0","has_category":"1","landing_pages":null,"microdata":{"number":47,"category":""},"title":"Tulip\u00e1nos L\u00e1da, festett l\u00e1da - k\u00f6zepes m\u00e9retben","description":"Tulip\u00e1nos l\u00e1da \n\nTulip\u00e1nos l\u00e1da rendelhet\u0151 k\u00fcl\u00f6nb\u00f6z\u0151 m\u00e9retben.\nGazdagon d\u00edsz\u00edtett, egyedi m\u0171v\u00e9szeti alkot\u00e1s, jeles alkalmakra.\nA l\u00e1d\u00e1ra vagy a tet\u0151 belsej\u00e9be \u00e9vsz\u00e1m, felirat, id\u00e9zet k\u00e9rhet\u0151.\nA feny\u0151fa l\u00e1da faolajjal kezelt \u00e9s a festett fel\u00fclete lakkozott.\nR\u00e9gi tulip\u00e1nos l\u00e1d\u00e1k restaur\u00e1l\u00e1sa vagy fel\u00faj\u00edt\u00e1sa is k\u00e9rhet\u0151.\nA l\u00e1d\u00e1kat \u00e9rdemes szem\u00e9lyesen elhozni, vagy elvinni.\nMinden tulip\u00e1nos l\u00e1da m\u00e1s \u00e9s m\u00e1s, nincs k\u00e9t egyforma alkot\u00e1s, ez\u00e9rt az \u00e1rak is v\u00e1ltozhatnak.","score":0,"formatted_price":"95 000 Ft","image_url":"https:\/\/www.meska.hu\/img\/product\/small\/a\/r\/argyelus_product_22705_260117212229_898923.jpeg","formatted_url":"https:\/\/www.meska.hu\/p4690302-tulipanos-lada-kozepes-meretben","favourite":false,"in_stock":false,"avatar":"argyelus_avatar_22705_1655313871.jpg","delete_from":0,"is_enhanced_background":false,"is_enhanced":false,"product_selection_started":false,"is_active":true,"image_webp_url":"https:\/\/www.meska.hu\/img\/product\/small\/a\/r\/argyelus_product_22705_260117212229_898923.webp"},{"id":"3468019","shop_id":"4329","user_id":"15761","shop_name":"GabrielArt","shop_zip":"4027","product_code":"4223623","product_name_old":null,"product_name":"Piros leg\u00f3s babzs\u00e1kfotel relax feln\u0151tt","category_string":"Otthon & \u00c9letm\u00f3d, B\u00fator, Babzs\u00e1kfotel , Babzs\u00e1k","technic_string":"Varr\u00e1s","category_1":"813","category_2":"313","category_3":"1718","category_4":"777","merged_category_1":"0","merged_category_2":"0","merged_category_3":"785","technic_1":"506","technic_2":"0","technic_3":"0","color_1":"532","color_2":"523","color_3":"0","product_description_old":null,"product_description":"Sz\u00e9lesebb \u00e9s alacsonyabb fazon, k\u00e9nyelmesen el tudsz benne helyezkedni ak\u00e1r medit\u00e1ci\u00f3s p\u00f3zban is.\nDupla huzatos, ut\u00e1nt\u00f6lthet\u0151.\nM\u00e9rete: sz\u00e9less\u00e9ge 105cm, magass\u00e1ga 90cm.","price":"40800.00","unit":"db","recommended":"0","status":"1","sponsored":"0","exp_notify":"0","own_material":"0","own_material_description_old":null,"own_material_description":"","jury":"0","jury_number":"","product_nature":"","meskaracsony":"0","create_date":"2026-02-16 21:07:13","shelve_id":"8465","image":"gabrielart_product_15761_210722124509_112943.jpeg","image_width":"480","image_height":"480","image_alt":"Piros leg\u00f3s babzs\u00e1kfotel relax feln\u0151tt, Sz\u00e9lesebb \u00e9s alacsonyabb fazon, k\u00e9nyelmesen el tudsz benne helyezkedni ak\u00e1r medit\u00e1ci\u00f3s p\u00f3zban is.\\nDu..., Meska","image_title":"Piros leg\u00f3s babzs\u00e1kfotel relax feln\u0151tt, Meska","view_count":"1931","favourite_count":"0","trending_score":"0","last2MonthFavouriteCount":"0","promotion":"0","giftcard_accept":"0","creditcard_accept":false,"enhanced_background":"0","domain":"meska","specific_customer_id":null,"specific_customer_name":null,"to_order_product":"0","to_order_product_time":"0","product_different":null,"product_different_description":"","vintage":"0","vintage_category_id":"0","recycled":"0","gemstone_id":"0","customizable":"0","type_category":"physical","zerowaste":"0","postage_price":"3990.00","shop_order":"510","has_category":"1","landing_pages":null,"microdata":{"number":48,"category":""},"title":"Piros leg\u00f3s babzs\u00e1kfotel relax feln\u0151tt","description":"Sz\u00e9lesebb \u00e9s alacsonyabb fazon, k\u00e9nyelmesen el tudsz benne helyezkedni ak\u00e1r medit\u00e1ci\u00f3s p\u00f3zban is.\nDupla huzatos, ut\u00e1nt\u00f6lthet\u0151.\nM\u00e9rete: sz\u00e9less\u00e9ge 105cm, magass\u00e1ga 90cm.","score":0,"formatted_price":"40 800 Ft","image_url":"https:\/\/www.meska.hu\/img\/product\/small\/g\/a\/gabrielart_product_15761_210722124509_112943.jpeg","formatted_url":"https:\/\/www.meska.hu\/p4223623-piros-legos-babzsakfotel-relax-felnott","favourite":false,"in_stock":true,"avatar":"GabrielArt_avatar_15761_1585229139.jpg","delete_from":0,"is_enhanced_background":false,"is_enhanced":false,"product_selection_started":false,"is_active":true,"image_webp_url":"https:\/\/www.meska.hu\/img\/product\/small\/g\/a\/gabrielart_product_15761_210722124509_112943.webp"},{"id":"3443809","shop_id":"7767","user_id":"34210","shop_name":"hermareszdekor","shop_zip":"4551","product_code":"2682952","product_name_old":null,"product_name":" Asztal \u00e9s sz\u00e9k","category_string":"Otthon & \u00c9letm\u00f3d, B\u00fator, Asztal","technic_string":"Famegmunk\u00e1l\u00e1s, Fest\u00e9szet","category_1":"813","category_2":"313","category_3":"558","category_4":"0","merged_category_1":"0","merged_category_2":"0","merged_category_3":"785","technic_1":"478","technic_2":"480","technic_3":"0","color_1":"523","color_2":"0","color_3":"0","product_description_old":null,"product_description":" Asztal \u00e9s sz\u00e9k\n\nAz aukci\u00f3 t\u00e1rgya 1 db asztal \u00e9s hozz\u00e1 2db sz\u00e9k\nFeny\u0151 alapanyagb\u00f3l k\u00e9sz\u00fclt egyedi k\u00e9zi fest\u00e9ssel .\n\n\nEr\u0151s massz\u00edv id\u0151t\u00e1ll\u00f3 darabok! T\u00f6bbsz\u00f6r\u00f6sen le van lakkozva!\n\n\nA minta az oldalain 100%.ban k\u00e9zzel festett!\n\nAztal:\nM\u00e9rete: 60x60x50cm\n\nAz asztal lapja felhajthat\u00f3 mely t\u00e1rol\u00f3k\u00e9nt funkcion\u00e1l\nK\u00e9r\u00e9sre m\u00e1s mint\u00e1val is elk\u00e9sz\u00edtem!\n\n\nEgyediv\u00e9 tehet\u0151 n\u00e9vvel,d\u00e1tummal id\u00e9zettel is!\n\n\nMEGRENDEL\u00c9SRE K\u00c9SZ\u00cdTEM 10 MUNKANAP ALATT(EL\u0150FORDULHAT HOGY VAN K\u00c9SZLETEN AKKOR EZ AZ ID\u0150 LER\u00d6VID\u00dcL,B\u00c1TRAN K\u00c9RDEZZ!) K\u00c9RLEK LICIT\u00c1L\u00c1SKOR VEDD FIGYELEMBE.\n\n\nA V\u00c9TEL\u00c1RAT 3 MUNKANAPON BEL\u00dcL K\u00c9REM ,VAGY EL\u0150ZETES EGYEZTET\u00c9S UT\u00c1N VAN LEHET\u0150S\u00c9G HALASZT\u00c1SRA.\n\n\nPOSTA A Magyar posta d\u00edjszab\u00e1s\u00e1nak megfelel\u0151en, kiz\u00e1r\u00f3lag el\u0151re utal\u00e1s ut\u00e1n!\n\n\nSZEM\u00c9LYESEN NY\u00cdREGYH\u00c1Z\u00c1N VEHET\u0150 \u00c1T!\n\n\nN\u00c9ZZ SZ\u00c9T N\u00c1LAM SOK TERM\u00c9KET T\u00d6LT\u00d6K FEL!\n\n\nS\u00e1mli, gyerekszobai \u00f3ra, magass\u00e1gm\u00e9r\u0151, stb...\n","price":"59900.00","unit":"db","recommended":"0","status":"1","sponsored":"0","exp_notify":"0","own_material":"0","own_material_description_old":null,"own_material_description":"","jury":"0","jury_number":"","product_nature":"","meskaracsony":"0","create_date":"2026-02-09 00:10:34","shelve_id":"47539","image":"hermareszdekor_product_34210_220318103438_773339.jpeg","image_width":"480","image_height":"601","image_alt":" Asztal \u00e9s sz\u00e9k,  Asztal \u00e9s sz\u00e9k\\n\\nAz aukci\u00f3 t\u00e1rgya 1 db asztal \u00e9s hozz\u00e1 2db sz\u00e9k\\nFeny\u0151 alapanyagb\u00f3l k\u00e9sz\u00fclt egyedi k\u00e9..., Meska","image_title":" Asztal \u00e9s sz\u00e9k, Meska","view_count":"1435","favourite_count":"0","trending_score":"0","last2MonthFavouriteCount":"0","promotion":"0","giftcard_accept":"1","creditcard_accept":false,"enhanced_background":"0","domain":"meska","specific_customer_id":null,"specific_customer_name":null,"to_order_product":"1","to_order_product_time":"10","product_different":"quite_different","product_different_description":"Sz\u00edn\u00e1rnyalat","vintage":"0","vintage_category_id":"0","recycled":"0","gemstone_id":"0","customizable":"0","type_category":"physical","zerowaste":"0","postage_price":"4500.00","shop_order":"0","has_category":"1","landing_pages":null,"microdata":{"number":49,"category":""},"title":" Asztal \u00e9s sz\u00e9k","description":" Asztal \u00e9s sz\u00e9k\n\nAz aukci\u00f3 t\u00e1rgya 1 db asztal \u00e9s hozz\u00e1 2db sz\u00e9k\nFeny\u0151 alapanyagb\u00f3l k\u00e9sz\u00fclt egyedi k\u00e9zi fest\u00e9ssel .\n\n\nEr\u0151s massz\u00edv id\u0151t\u00e1ll\u00f3 darabok! T\u00f6bbsz\u00f6r\u00f6sen le van lakkozva!\n\n\nA minta az oldalain 100%.ban k\u00e9zzel festett!\n\nAztal:\nM\u00e9rete: 60x60x50cm\n\nAz asztal lapja felhajthat\u00f3 mely t\u00e1rol\u00f3k\u00e9nt funkcion\u00e1l\nK\u00e9r\u00e9sre m\u00e1s mint\u00e1val is elk\u00e9sz\u00edtem!\n\n\nEgyediv\u00e9 tehet\u0151 n\u00e9vvel,d\u00e1tummal id\u00e9zettel is!\n\n\nMEGRENDEL\u00c9SRE K\u00c9SZ\u00cdTEM 10 MUNKANAP ALATT(EL\u0150FORDULHAT HOGY VAN K\u00c9SZLETEN AKKOR EZ AZ ID\u0150 LER\u00d6VID\u00dcL,B\u00c1TRAN K\u00c9RDEZZ!) K\u00c9RLEK LICIT\u00c1L\u00c1SKOR VEDD FIGYELEMBE.\n\n\nA V\u00c9TEL\u00c1RAT 3 MUNKANAPON BEL\u00dcL K\u00c9REM ,VAGY EL\u0150ZETES EGYEZTET\u00c9S UT\u00c1N VAN LEHET\u0150S\u00c9G HALASZT\u00c1SRA.\n\n\nPOSTA A Magyar posta d\u00edjszab\u00e1s\u00e1nak megfelel\u0151en, kiz\u00e1r\u00f3lag el\u0151re utal\u00e1s ut\u00e1n!\n\n\nSZEM\u00c9LYESEN NY\u00cdREGYH\u00c1Z\u00c1N VEHET\u0150 \u00c1T!\n\n\nN\u00c9ZZ SZ\u00c9T N\u00c1LAM SOK TERM\u00c9KET T\u00d6LT\u00d6K FEL!\n\n\nS\u00e1mli, gyerekszobai \u00f3ra, magass\u00e1gm\u00e9r\u0151, stb...\n","score":0,"formatted_price":"59 900 Ft","image_url":"https:\/\/www.meska.hu\/img\/product\/small\/h\/e\/hermareszdekor_product_34210_220318103438_773339.jpeg","formatted_url":"https:\/\/www.meska.hu\/p2682952-asztal-es-szek","favourite":false,"in_stock":false,"avatar":"hermareszdekor_avatar_34210_1535693442.jpg","delete_from":0,"is_enhanced_background":false,"is_enhanced":false,"product_selection_started":false,"is_active":true,"image_webp_url":"https:\/\/www.meska.hu\/img\/product\/small\/h\/e\/hermareszdekor_product_34210_220318103438_773339.webp"},{"id":"5354909","shop_id":"45346","user_id":"505476","shop_name":"Graduska67","shop_zip":"2461","product_code":"5296769","product_name_old":null,"product_name":"Vintage, retro szobainas","category_string":"Otthon & \u00c9letm\u00f3d, B\u00fator, Fogas","technic_string":"","category_1":"813","category_2":"313","category_3":"932","category_4":"0","merged_category_1":null,"merged_category_2":null,"merged_category_3":null,"technic_1":"0","technic_2":"0","technic_3":"0","color_1":"520","color_2":"523","color_3":"527","product_description_old":null,"product_description":"102 cm, minim\u00e1lis fest\u00e9kkop\u00e1sok vannak rajta.","price":"14900.00","unit":"db","recommended":"0","status":"1","sponsored":"0","exp_notify":"0","own_material":"0","own_material_description_old":null,"own_material_description":"","jury":"0","jury_number":"","product_nature":"","meskaracsony":"0","create_date":"2026-02-08 07:17:35","shelve_id":"0","image":"graduska67_product_505476_240530062719_098238.jpeg","image_width":"480","image_height":"360","image_alt":"Vintage, retro szobainas, 102 cm, minim\u00e1lis fest\u00e9kkop\u00e1sok vannak rajta., Meska","image_title":"Vintage, retro szobainas, Meska","view_count":"842","favourite_count":"0","trending_score":"0","last2MonthFavouriteCount":"0","promotion":"0","giftcard_accept":"0","creditcard_accept":true,"enhanced_background":"0","domain":"meska","specific_customer_id":null,"specific_customer_name":null,"to_order_product":"0","to_order_product_time":"0","product_different":null,"product_different_description":"","vintage":"0","vintage_category_id":"0","recycled":"0","gemstone_id":"0","customizable":"0","type_category":"physical","zerowaste":"0","postage_price":"3260.00","shop_order":"0","has_category":"1","landing_pages":null,"microdata":{"number":50,"category":""},"title":"Vintage, retro szobainas","description":"102 cm, minim\u00e1lis fest\u00e9kkop\u00e1sok vannak rajta.","score":0,"formatted_price":"14 900 Ft","image_url":"https:\/\/www.meska.hu\/img\/product\/small\/g\/r\/graduska67_product_505476_240530062719_098238.jpeg","formatted_url":"https:\/\/www.meska.hu\/p5296769-vintage-retro-szobainas","favourite":false,"in_stock":true,"avatar":"505476_avatar_1716884130.jpeg","delete_from":0,"is_enhanced_background":false,"is_enhanced":false,"product_selection_started":false,"is_active":true,"image_webp_url":"https:\/\/www.meska.hu\/img\/product\/small\/g\/r\/graduska67_product_505476_240530062719_098238.webp"},{"id":"3141911","shop_id":"35268","user_id":"458292","shop_name":"BabzsakCity","shop_zip":"2366","product_code":"4357238","product_name_old":null,"product_name":"N\u00e9vre sz\u00f3l\u00f3 babzs\u00e1k fotel feln\u0151tt m\u00e9retben 4 bet\u0171b\u0151l \u00e1ll\u00f3 n\u00e9vre","category_string":"Otthon & \u00c9letm\u00f3d, B\u00fator, Babzs\u00e1k, Babzs\u00e1kfotel ","technic_string":"Varr\u00e1s","category_1":"813","category_2":"313","category_3":"777","category_4":"1718","merged_category_1":null,"merged_category_2":null,"merged_category_3":null,"technic_1":"506","technic_2":"0","technic_3":"0","color_1":"523","color_2":"0","color_3":"0","product_description_old":null,"product_description":"A \u201elegk\u00e9nyelmesebb\u201d aj\u00e1nd\u00e9k! V\u00e1laszd az egyedi, feliratozott babzs\u00e1kfotelt!\n\nAz \u00e1r 4 db bet\u0171t tartalmaz, ha a h\u00edmzend\u0151 n\u00e9v t\u00f6bb bet\u0171b\u0151l \u00e1ll.\n\nHa t\u00f6bb, mint 4 bet\u0171b\u0151l \u00e1ll\u00f3 nevet szeretn\u00e9l r\u00e1h\u00edmeztetni, akkor a kieg\u00e9sz\u00edt\u0151 szolg\u00e1ltat\u00e1ssal tudod m\u00e9g b\u0151v\u00edteni a feliratot.\n\nA n\u00e9v applik\u00e1ci\u00f3s technik\u00e1val ker\u00fcl a babzs\u00e1kra, minden egyes bet\u0171 k\u00f6rbe van h\u00edmezve, \u00edgy nem kopik le.\n\nCsepp kialak\u00edt\u00e1sa miatt az \u00fcl\u00e9smagass\u00e1g kompromisszumok n\u00e9lk\u00fcl \u00e1ll\u00edthat\u00f3, \u00e9s e-miatt minden koroszt\u00e1ly sz\u00e1m\u00e1ra szuper k\u00e9nyelmes!\nM\u00e9rete haszn\u00e1latban:\n\nFotelk\u00e9nt: kb. h\u00e1tmagass\u00e1g 85cm, \u00fcl\u0151magass\u00e1g  33cm, alja \u00e1tm\u00e9r\u0151 86cm\n\nElfektetve: kb. hossza 108 cm, magass\u00e1ga 39 cm, sz\u00e9less\u00e9ge 86 cm\n\nT\u00f6ltet mennyis\u00e9ge\tkb. 300-320 liter\n","price":"49990.00","unit":"db","recommended":"0","status":"1","sponsored":"0","exp_notify":"0","own_material":"0","own_material_description_old":null,"own_material_description":"","jury":"0","jury_number":"","product_nature":"","meskaracsony":"0","create_date":"2026-02-07 20:13:03","shelve_id":"0","image":"babzsakcity_product_458292_211104221143_937631.jpeg","image_width":"480","image_height":"600","image_alt":"N\u00e9vre sz\u00f3l\u00f3 babzs\u00e1k fotel feln\u0151tt m\u00e9retben 4 bet\u0171b\u0151l \u00e1ll\u00f3 n\u00e9vre, A \u201elegk\u00e9nyelmesebb\u201d aj\u00e1nd\u00e9k! V\u00e1laszd az egyedi, feliratozott babzs\u00e1kfotelt!\\n\\nAz \u00e1r 4 db bet\u0171t tartal..., Meska","image_title":"N\u00e9vre sz\u00f3l\u00f3 babzs\u00e1k fotel feln\u0151tt m\u00e9retben 4 bet\u0171b\u0151l \u00e1ll\u00f3 n\u00e9vre, Meska","view_count":"609","favourite_count":"0","trending_score":"0","last2MonthFavouriteCount":"0","promotion":"0","giftcard_accept":"0","creditcard_accept":true,"enhanced_background":"0","domain":"meska","specific_customer_id":null,"specific_customer_name":null,"to_order_product":"0","to_order_product_time":"0","product_different":null,"product_different_description":"","vintage":"0","vintage_category_id":"0","recycled":"0","gemstone_id":"0","customizable":"0","type_category":"physical","zerowaste":"0","postage_price":"1500.00","shop_order":"0","has_category":"1","landing_pages":null,"microdata":{"number":51,"category":""},"title":"N\u00e9vre sz\u00f3l\u00f3 babzs\u00e1k fotel feln\u0151tt m\u00e9retben 4 bet\u0171b\u0151l \u00e1ll\u00f3 n\u00e9vre","description":"A \u201elegk\u00e9nyelmesebb\u201d aj\u00e1nd\u00e9k! V\u00e1laszd az egyedi, feliratozott babzs\u00e1kfotelt!\n\nAz \u00e1r 4 db bet\u0171t tartalmaz, ha a h\u00edmzend\u0151 n\u00e9v t\u00f6bb bet\u0171b\u0151l \u00e1ll.\n\nHa t\u00f6bb, mint 4 bet\u0171b\u0151l \u00e1ll\u00f3 nevet szeretn\u00e9l r\u00e1h\u00edmeztetni, akkor a kieg\u00e9sz\u00edt\u0151 szolg\u00e1ltat\u00e1ssal tudod m\u00e9g b\u0151v\u00edteni a feliratot.\n\nA n\u00e9v applik\u00e1ci\u00f3s technik\u00e1val ker\u00fcl a babzs\u00e1kra, minden egyes bet\u0171 k\u00f6rbe van h\u00edmezve, \u00edgy nem kopik le.\n\nCsepp kialak\u00edt\u00e1sa miatt az \u00fcl\u00e9smagass\u00e1g kompromisszumok n\u00e9lk\u00fcl \u00e1ll\u00edthat\u00f3, \u00e9s e-miatt minden koroszt\u00e1ly sz\u00e1m\u00e1ra szuper k\u00e9nyelmes!\nM\u00e9rete haszn\u00e1latban:\n\nFotelk\u00e9nt: kb. h\u00e1tmagass\u00e1g 85cm, \u00fcl\u0151magass\u00e1g  33cm, alja \u00e1tm\u00e9r\u0151 86cm\n\nElfektetve: kb. hossza 108 cm, magass\u00e1ga 39 cm, sz\u00e9less\u00e9ge 86 cm\n\nT\u00f6ltet mennyis\u00e9ge\tkb. 300-320 liter\n","score":0,"formatted_price":"49 990 Ft","image_url":"https:\/\/www.meska.hu\/img\/product\/small\/b\/a\/babzsakcity_product_458292_211104221143_937631.jpeg","formatted_url":"https:\/\/www.meska.hu\/p4357238-nevre-szolo-babzsak-fotel-felnott-meretben-4-betubol-allo-nevre","favourite":false,"in_stock":true,"avatar":"458292_avatar_1636043995.png","delete_from":0,"is_enhanced_background":false,"is_enhanced":false,"product_selection_started":false,"is_active":true,"image_webp_url":"https:\/\/www.meska.hu\/img\/product\/small\/b\/a\/babzsakcity_product_458292_211104221143_937631.webp"},{"id":"3402824","shop_id":"4329","user_id":"15761","shop_name":"GabrielArt","shop_zip":"4027","product_code":"4471091","product_name_old":null,"product_name":"Multifunkcion\u00e1lis babzs\u00e1k mini leg\u00f3s - piros","category_string":"Otthon & \u00c9letm\u00f3d, B\u00fator, Babzs\u00e1k, Babzs\u00e1kfotel ","technic_string":"Varr\u00e1s","category_1":"813","category_2":"313","category_3":"777","category_4":"1718","merged_category_1":"0","merged_category_2":"0","merged_category_3":"785","technic_1":"506","technic_2":"0","technic_3":"0","color_1":"532","color_2":"523","color_3":"0","product_description_old":null,"product_description":"Hogy a kisebbek se maradjanak ki a j\u00f3b\u00f3l!\nKerek babzsi, sokf\u00e9le m\u00f3don haszn\u00e1lhat\u00f3, ezt a m\u00e9retet 5-6 \u00e9ves korig aj\u00e1nlom.\nDupla huzatos, ut\u00e1nt\u00f6lthet\u0151, moshat\u00f3.\n\u00c1tm\u00e9r\u0151je kb. 100cm.","price":"22900.00","unit":"db","recommended":"0","status":"1","sponsored":"0","exp_notify":"0","own_material":"0","own_material_description_old":null,"own_material_description":"","jury":"0","jury_number":"","product_nature":"","meskaracsony":"0","create_date":"2026-02-05 21:47:04","shelve_id":"8465","image":"gabrielart_product_15761_220122154201_559636.jpeg","image_width":"480","image_height":"480","image_alt":"Multifunkcion\u00e1lis babzs\u00e1k mini leg\u00f3s - piros, Hogy a kisebbek se maradjanak ki a j\u00f3b\u00f3l!\\nKerek babzsi, sokf\u00e9le m\u00f3don haszn\u00e1lhat\u00f3, ezt a m\u00e9retet 5-6..., Meska","image_title":"Multifunkcion\u00e1lis babzs\u00e1k mini leg\u00f3s - piros, Meska","view_count":"1556","favourite_count":"0","trending_score":"0","last2MonthFavouriteCount":"0","promotion":"0","giftcard_accept":"0","creditcard_accept":false,"enhanced_background":"0","domain":"meska","specific_customer_id":null,"specific_customer_name":null,"to_order_product":"0","to_order_product_time":"0","product_different":null,"product_different_description":"","vintage":"0","vintage_category_id":"0","recycled":"0","gemstone_id":"0","customizable":"0","type_category":"physical","zerowaste":"0","postage_price":"4990.00","shop_order":"296","has_category":"1","landing_pages":null,"microdata":{"number":52,"category":""},"title":"Multifunkcion\u00e1lis babzs\u00e1k mini leg\u00f3s - piros","description":"Hogy a kisebbek se maradjanak ki a j\u00f3b\u00f3l!\nKerek babzsi, sokf\u00e9le m\u00f3don haszn\u00e1lhat\u00f3, ezt a m\u00e9retet 5-6 \u00e9ves korig aj\u00e1nlom.\nDupla huzatos, ut\u00e1nt\u00f6lthet\u0151, moshat\u00f3.\n\u00c1tm\u00e9r\u0151je kb. 100cm.","score":0,"formatted_price":"22 900 Ft","image_url":"https:\/\/www.meska.hu\/img\/product\/small\/g\/a\/gabrielart_product_15761_220122154201_559636.jpeg","formatted_url":"https:\/\/www.meska.hu\/p4471091-multifunkcionalis-babzsak-mini-legos-piros","favourite":false,"in_stock":true,"avatar":"GabrielArt_avatar_15761_1585229139.jpg","delete_from":0,"is_enhanced_background":false,"is_enhanced":false,"product_selection_started":false,"is_active":true,"image_webp_url":"https:\/\/www.meska.hu\/img\/product\/small\/g\/a\/gabrielart_product_15761_220122154201_559636.webp"},{"id":"3438004","shop_id":"7767","user_id":"34210","shop_name":"hermareszdekor","shop_zip":"4551","product_code":"2867623","product_name_old":null,"product_name":"Feny\u0151 Falipolc K\u00f6nyvespolc ","category_string":"Otthon & \u00c9letm\u00f3d, B\u00fator, Polc","technic_string":"Famegmunk\u00e1l\u00e1s, Festett t\u00e1rgyak","category_1":"813","category_2":"313","category_3":"560","category_4":"0","merged_category_1":"0","merged_category_2":"0","merged_category_3":"785","technic_1":"478","technic_2":"481","technic_3":"0","color_1":"519","color_2":"523","color_3":"0","product_description_old":null,"product_description":"Feny\u0151fa fali k\u00f6nyvespolc \n\nHermaresz dekor\n\n\nFeny\u0151f\u00e1b\u00f3l k\u00e9sz\u00fclt k\u00e9zzel festett falipolc\n\n\nSz\u00e9p egyszer\u0171 aj\u00e1nd\u00e9k mely nagyon hasznos is:)\n\nFeny\u0151 alapanyagb\u00f3l k\u00e9sz\u00fclt egyedi k\u00e9zi dekor\u00e1l\u00e1ssal.\n\n\nT\u00f6bbsz\u00f6r\u00f6sen le van lakkozva!\n\nM\u00e9rete:\n\n\nteljes sz\u00e9less\u00e9ge:50cm\n\n\npolc m\u00e9lys\u00e9ge: 20cm\n\nA polc magass\u00e1ga a mint\u00e1t\u00f3l f\u00fcgg!\n\n\nNagyobb m\u00e9retben is elk\u00e9sz\u00edtem ,az \u00e1r\u00e1r\u00f3l \u00fczenetben \u00e9rdekl\u0151dhetsz!\n\n\nK\u00e9r\u00e9sre m\u00e1s mint\u00e1val is elk\u00e9sz\u00edtem!\n\n\nMEGRENDEL\u00c9SRE K\u00c9SZ\u00cdTEM 5 MUNKANAP ALATT (EL\u0150FORDULHAT HOGY VAN K\u00c9SZLETEN AKKOR EZ AZ ID\u0150 LER\u00d6VID\u00dcL,B\u00c1TRAN K\u00c9RDEZZ!)\n\n\nK\u00c9RLEK LICIT\u00c1L\u00c1SKOR VEDD FIGYELEMBE. a V\u00c9TEL\u00c1RAT 3 MUNKANAPON BEL\u00dcL K\u00c9REM ,VAGY EL\u0150ZETES EGYEZTET\u00c9S UT\u00c1N VAN LEHET\u0150S\u00c9G HALASZT\u00c1SRA.\n\n\nPOSTA A Magyar posta d\u00edjszab\u00e1s\u00e1nak megfelel\u0151en, kiz\u00e1r\u00f3lag el\u0151re utal\u00e1s ut\u00e1n!\n\n\n SZEM\u00c9LYESEN NY\u00cdREGYH\u00c1Z\u00c1N VEHET\u0150 \u00c1T!\n\n\nN\u00c9ZZ SZ\u00c9T N\u00c1LAM SOK TERM\u00c9KET T\u00d6LT\u00d6K FEL!\n\n\nS\u00e1mli, gyerekszobai \u00f3ra, magass\u00e1gm\u00e9r\u0151, kincsesl\u00e1da stb...","price":"29900.00","unit":"db","recommended":"0","status":"1","sponsored":"0","exp_notify":"0","own_material":"0","own_material_description_old":null,"own_material_description":"","jury":"0","jury_number":"","product_nature":"","meskaracsony":"0","create_date":"2026-02-02 11:17:52","shelve_id":"21456","image":"hermareszdekor_product_34210_170718163252_056534.jpeg","image_width":"480","image_height":"360","image_alt":"Feny\u0151 Falipolc K\u00f6nyvespolc , Feny\u0151fa fali k\u00f6nyvespolc \\n\\nHermaresz dekor\\n\\n\\nFeny\u0151f\u00e1b\u00f3l k\u00e9sz\u00fclt k\u00e9zzel festett falipolc\\n\\n\\nSz\u00e9p egysz..., Meska","image_title":"Feny\u0151 Falipolc K\u00f6nyvespolc , Meska","view_count":"1803","favourite_count":"0","trending_score":"0","last2MonthFavouriteCount":"0","promotion":"0","giftcard_accept":"1","creditcard_accept":false,"enhanced_background":"0","domain":"meska","specific_customer_id":null,"specific_customer_name":null,"to_order_product":"1","to_order_product_time":"10","product_different":"quite_different","product_different_description":"Sz\u00edn\u00e1rnyalat","vintage":"0","vintage_category_id":"0","recycled":"0","gemstone_id":"0","customizable":"0","type_category":"physical","zerowaste":"0","postage_price":"4500.00","shop_order":"0","has_category":"1","landing_pages":null,"microdata":{"number":53,"category":""},"title":"Feny\u0151 Falipolc K\u00f6nyvespolc ","description":"Feny\u0151fa fali k\u00f6nyvespolc \n\nHermaresz dekor\n\n\nFeny\u0151f\u00e1b\u00f3l k\u00e9sz\u00fclt k\u00e9zzel festett falipolc\n\n\nSz\u00e9p egyszer\u0171 aj\u00e1nd\u00e9k mely nagyon hasznos is:)\n\nFeny\u0151 alapanyagb\u00f3l k\u00e9sz\u00fclt egyedi k\u00e9zi dekor\u00e1l\u00e1ssal.\n\n\nT\u00f6bbsz\u00f6r\u00f6sen le van lakkozva!\n\nM\u00e9rete:\n\n\nteljes sz\u00e9less\u00e9ge:50cm\n\n\npolc m\u00e9lys\u00e9ge: 20cm\n\nA polc magass\u00e1ga a mint\u00e1t\u00f3l f\u00fcgg!\n\n\nNagyobb m\u00e9retben is elk\u00e9sz\u00edtem ,az \u00e1r\u00e1r\u00f3l \u00fczenetben \u00e9rdekl\u0151dhetsz!\n\n\nK\u00e9r\u00e9sre m\u00e1s mint\u00e1val is elk\u00e9sz\u00edtem!\n\n\nMEGRENDEL\u00c9SRE K\u00c9SZ\u00cdTEM 5 MUNKANAP ALATT (EL\u0150FORDULHAT HOGY VAN K\u00c9SZLETEN AKKOR EZ AZ ID\u0150 LER\u00d6VID\u00dcL,B\u00c1TRAN K\u00c9RDEZZ!)\n\n\nK\u00c9RLEK LICIT\u00c1L\u00c1SKOR VEDD FIGYELEMBE. a V\u00c9TEL\u00c1RAT 3 MUNKANAPON BEL\u00dcL K\u00c9REM ,VAGY EL\u0150ZETES EGYEZTET\u00c9S UT\u00c1N VAN LEHET\u0150S\u00c9G HALASZT\u00c1SRA.\n\n\nPOSTA A Magyar posta d\u00edjszab\u00e1s\u00e1nak megfelel\u0151en, kiz\u00e1r\u00f3lag el\u0151re utal\u00e1s ut\u00e1n!\n\n\n SZEM\u00c9LYESEN NY\u00cdREGYH\u00c1Z\u00c1N VEHET\u0150 \u00c1T!\n\n\nN\u00c9ZZ SZ\u00c9T N\u00c1LAM SOK TERM\u00c9KET T\u00d6LT\u00d6K FEL!\n\n\nS\u00e1mli, gyerekszobai \u00f3ra, magass\u00e1gm\u00e9r\u0151, kincsesl\u00e1da stb...","score":0,"formatted_price":"29 900 Ft","image_url":"https:\/\/www.meska.hu\/img\/product\/small\/h\/e\/hermareszdekor_product_34210_170718163252_056534.jpeg","formatted_url":"https:\/\/www.meska.hu\/p2867623-fenyo-falipolc-konyvespolc","favourite":false,"in_stock":false,"avatar":"hermareszdekor_avatar_34210_1535693442.jpg","delete_from":0,"is_enhanced_background":false,"is_enhanced":false,"product_selection_started":false,"is_active":true,"image_webp_url":"https:\/\/www.meska.hu\/img\/product\/small\/h\/e\/hermareszdekor_product_34210_170718163252_056534.webp"},{"id":"3438005","shop_id":"7767","user_id":"34210","shop_name":"hermareszdekor","shop_zip":"4551","product_code":"2867622","product_name_old":null,"product_name":"Feny\u0151 Falipolc K\u00f6nyvespolc ","category_string":"Otthon & \u00c9letm\u00f3d, B\u00fator, Polc","technic_string":"Famegmunk\u00e1l\u00e1s, Festett t\u00e1rgyak","category_1":"813","category_2":"313","category_3":"560","category_4":"0","merged_category_1":"0","merged_category_2":"0","merged_category_3":"785","technic_1":"478","technic_2":"481","technic_3":"0","color_1":"519","color_2":"523","color_3":"525","product_description_old":null,"product_description":"Feny\u0151fa fali k\u00f6nyvespolc \n\nHermaresz dekor\n\n\nFeny\u0151f\u00e1b\u00f3l k\u00e9sz\u00fclt k\u00e9zzel festett falipolc\n\n\nSz\u00e9p egyszer\u0171 aj\u00e1nd\u00e9k mely nagyon hasznos is:)\n\nFeny\u0151 alapanyagb\u00f3l k\u00e9sz\u00fclt egyedi k\u00e9zi dekor\u00e1l\u00e1ssal.\n\n\nT\u00f6bbsz\u00f6r\u00f6sen le van lakkozva!\n\nM\u00e9rete:\n\n\nteljes sz\u00e9less\u00e9ge:50cm\n\n\npolc m\u00e9lys\u00e9ge: 20cm\n\nA polc magass\u00e1ga a mint\u00e1t\u00f3l f\u00fcgg!\n\n\nNagyobb m\u00e9retben is elk\u00e9sz\u00edtem ,az \u00e1r\u00e1r\u00f3l \u00fczenetben \u00e9rdekl\u0151dhetsz!\n\n\nK\u00e9r\u00e9sre m\u00e1s mint\u00e1val is elk\u00e9sz\u00edtem!\n\n\nMEGRENDEL\u00c9SRE K\u00c9SZ\u00cdTEM 5 MUNKANAP ALATT (EL\u0150FORDULHAT HOGY VAN K\u00c9SZLETEN AKKOR EZ AZ ID\u0150 LER\u00d6VID\u00dcL,B\u00c1TRAN K\u00c9RDEZZ!)\n\n\nK\u00c9RLEK LICIT\u00c1L\u00c1SKOR VEDD FIGYELEMBE. a V\u00c9TEL\u00c1RAT 3 MUNKANAPON BEL\u00dcL K\u00c9REM ,VAGY EL\u0150ZETES EGYEZTET\u00c9S UT\u00c1N VAN LEHET\u0150S\u00c9G HALASZT\u00c1SRA.\n\n\nPOSTA A Magyar posta d\u00edjszab\u00e1s\u00e1nak megfelel\u0151en, kiz\u00e1r\u00f3lag el\u0151re utal\u00e1s ut\u00e1n!\n\n\n SZEM\u00c9LYESEN NY\u00cdREGYH\u00c1Z\u00c1N VEHET\u0150 \u00c1T!\n\n\nN\u00c9ZZ SZ\u00c9T N\u00c1LAM SOK TERM\u00c9KET T\u00d6LT\u00d6K FEL!\n\n\nS\u00e1mli, gyerekszobai \u00f3ra, magass\u00e1gm\u00e9r\u0151, kincsesl\u00e1da stb...","price":"29900.00","unit":"db","recommended":"0","status":"1","sponsored":"0","exp_notify":"0","own_material":"0","own_material_description_old":null,"own_material_description":"","jury":"0","jury_number":"","product_nature":"","meskaracsony":"0","create_date":"2026-02-02 11:15:02","shelve_id":"21456","image":"hermareszdekor_product_34210_170718163145_406898.jpeg","image_width":"480","image_height":"360","image_alt":"Feny\u0151 Falipolc K\u00f6nyvespolc , Feny\u0151fa fali k\u00f6nyvespolc \\n\\nHermaresz dekor\\n\\n\\nFeny\u0151f\u00e1b\u00f3l k\u00e9sz\u00fclt k\u00e9zzel festett falipolc\\n\\n\\nSz\u00e9p egysz..., Meska","image_title":"Feny\u0151 Falipolc K\u00f6nyvespolc , Meska","view_count":"1173","favourite_count":"0","trending_score":"0","last2MonthFavouriteCount":"0","promotion":"0","giftcard_accept":"1","creditcard_accept":false,"enhanced_background":"0","domain":"meska","specific_customer_id":null,"specific_customer_name":null,"to_order_product":"1","to_order_product_time":"10","product_different":"quite_different","product_different_description":"Sz\u00edn\u00e1rnyalat","vintage":"0","vintage_category_id":"0","recycled":"0","gemstone_id":"0","customizable":"0","type_category":"physical","zerowaste":"0","postage_price":"4500.00","shop_order":"0","has_category":"1","landing_pages":null,"microdata":{"number":54,"category":""},"title":"Feny\u0151 Falipolc K\u00f6nyvespolc ","description":"Feny\u0151fa fali k\u00f6nyvespolc \n\nHermaresz dekor\n\n\nFeny\u0151f\u00e1b\u00f3l k\u00e9sz\u00fclt k\u00e9zzel festett falipolc\n\n\nSz\u00e9p egyszer\u0171 aj\u00e1nd\u00e9k mely nagyon hasznos is:)\n\nFeny\u0151 alapanyagb\u00f3l k\u00e9sz\u00fclt egyedi k\u00e9zi dekor\u00e1l\u00e1ssal.\n\n\nT\u00f6bbsz\u00f6r\u00f6sen le van lakkozva!\n\nM\u00e9rete:\n\n\nteljes sz\u00e9less\u00e9ge:50cm\n\n\npolc m\u00e9lys\u00e9ge: 20cm\n\nA polc magass\u00e1ga a mint\u00e1t\u00f3l f\u00fcgg!\n\n\nNagyobb m\u00e9retben is elk\u00e9sz\u00edtem ,az \u00e1r\u00e1r\u00f3l \u00fczenetben \u00e9rdekl\u0151dhetsz!\n\n\nK\u00e9r\u00e9sre m\u00e1s mint\u00e1val is elk\u00e9sz\u00edtem!\n\n\nMEGRENDEL\u00c9SRE K\u00c9SZ\u00cdTEM 5 MUNKANAP ALATT (EL\u0150FORDULHAT HOGY VAN K\u00c9SZLETEN AKKOR EZ AZ ID\u0150 LER\u00d6VID\u00dcL,B\u00c1TRAN K\u00c9RDEZZ!)\n\n\nK\u00c9RLEK LICIT\u00c1L\u00c1SKOR VEDD FIGYELEMBE. a V\u00c9TEL\u00c1RAT 3 MUNKANAPON BEL\u00dcL K\u00c9REM ,VAGY EL\u0150ZETES EGYEZTET\u00c9S UT\u00c1N VAN LEHET\u0150S\u00c9G HALASZT\u00c1SRA.\n\n\nPOSTA A Magyar posta d\u00edjszab\u00e1s\u00e1nak megfelel\u0151en, kiz\u00e1r\u00f3lag el\u0151re utal\u00e1s ut\u00e1n!\n\n\n SZEM\u00c9LYESEN NY\u00cdREGYH\u00c1Z\u00c1N VEHET\u0150 \u00c1T!\n\n\nN\u00c9ZZ SZ\u00c9T N\u00c1LAM SOK TERM\u00c9KET T\u00d6LT\u00d6K FEL!\n\n\nS\u00e1mli, gyerekszobai \u00f3ra, magass\u00e1gm\u00e9r\u0151, kincsesl\u00e1da stb...","score":0,"formatted_price":"29 900 Ft","image_url":"https:\/\/www.meska.hu\/img\/product\/small\/h\/e\/hermareszdekor_product_34210_170718163145_406898.jpeg","formatted_url":"https:\/\/www.meska.hu\/p2867622-fenyo-falipolc-konyvespolc","favourite":false,"in_stock":false,"avatar":"hermareszdekor_avatar_34210_1535693442.jpg","delete_from":0,"is_enhanced_background":false,"is_enhanced":false,"product_selection_started":false,"is_active":true,"image_webp_url":"https:\/\/www.meska.hu\/img\/product\/small\/h\/e\/hermareszdekor_product_34210_170718163145_406898.webp"},{"id":"3438000","shop_id":"7767","user_id":"34210","shop_name":"hermareszdekor","shop_zip":"4551","product_code":"2867647","product_name_old":null,"product_name":"FENY\u0150 FALIPOLC K\u00d6NYVESPOLC ","category_string":"Otthon & \u00c9letm\u00f3d, B\u00fator, Polc","technic_string":"Famegmunk\u00e1l\u00e1s, Festett t\u00e1rgyak","category_1":"813","category_2":"313","category_3":"560","category_4":"0","merged_category_1":"0","merged_category_2":"0","merged_category_3":"785","technic_1":"478","technic_2":"481","technic_3":"0","color_1":"519","color_2":"523","color_3":"0","product_description_old":null,"product_description":"Feny\u0151fa fali k\u00f6nyvespolc \n\nHermaresz dekor\n\n\nFeny\u0151f\u00e1b\u00f3l k\u00e9sz\u00fclt k\u00e9zzel festett falipolc\n\n\nSz\u00e9p egyszer\u0171 aj\u00e1nd\u00e9k mely nagyon hasznos is:)\n\nFeny\u0151 alapanyagb\u00f3l k\u00e9sz\u00fclt egyedi k\u00e9zi dekor\u00e1l\u00e1ssal.\n\n\nT\u00f6bbsz\u00f6r\u00f6sen le van lakkozva!\n\nM\u00e9rete:\n\n\nteljes sz\u00e9less\u00e9ge:50cm\n\n\npolc m\u00e9lys\u00e9ge: 20cm\n\nA polc magass\u00e1ga a mint\u00e1t\u00f3l f\u00fcgg!\n\n\nNagyobb m\u00e9retben is elk\u00e9sz\u00edtem ,az \u00e1r\u00e1r\u00f3l \u00fczenetben \u00e9rdekl\u0151dhetsz!\n\n\nK\u00e9r\u00e9sre m\u00e1s mint\u00e1val is elk\u00e9sz\u00edtem!\n\n\nMEGRENDEL\u00c9SRE K\u00c9SZ\u00cdTEM 5 MUNKANAP ALATT (EL\u0150FORDULHAT HOGY VAN K\u00c9SZLETEN AKKOR EZ AZ ID\u0150 LER\u00d6VID\u00dcL,B\u00c1TRAN K\u00c9RDEZZ!)\n\n\nK\u00c9RLEK LICIT\u00c1L\u00c1SKOR VEDD FIGYELEMBE. a V\u00c9TEL\u00c1RAT 3 MUNKANAPON BEL\u00dcL K\u00c9REM ,VAGY EL\u0150ZETES EGYEZTET\u00c9S UT\u00c1N VAN LEHET\u0150S\u00c9G HALASZT\u00c1SRA.\n\n\nPOSTA A Magyar posta d\u00edjszab\u00e1s\u00e1nak megfelel\u0151en, kiz\u00e1r\u00f3lag el\u0151re utal\u00e1s ut\u00e1n!\n\n\n SZEM\u00c9LYESEN NY\u00cdREGYH\u00c1Z\u00c1N VEHET\u0150 \u00c1T!\n\n\nN\u00c9ZZ SZ\u00c9T N\u00c1LAM SOK TERM\u00c9KET T\u00d6LT\u00d6K FEL!\n\n\nS\u00e1mli, gyerekszobai \u00f3ra, magass\u00e1gm\u00e9r\u0151, kincsesl\u00e1da stb...","price":"12500.00","unit":"db","recommended":"0","status":"1","sponsored":"0","exp_notify":"0","own_material":"0","own_material_description_old":null,"own_material_description":"","jury":"0","jury_number":"","product_nature":"","meskaracsony":"0","create_date":"2026-02-02 11:15:02","shelve_id":"21456","image":"hermareszdekor_product_34210_170718163434_85092.jpeg","image_width":"480","image_height":"360","image_alt":"FENY\u0150 FALIPOLC K\u00d6NYVESPOLC , Feny\u0151fa fali k\u00f6nyvespolc \\n\\nHermaresz dekor\\n\\n\\nFeny\u0151f\u00e1b\u00f3l k\u00e9sz\u00fclt k\u00e9zzel festett falipolc\\n\\n\\nSz\u00e9p egysz..., Meska","image_title":"FENY\u0150 FALIPOLC K\u00d6NYVESPOLC , Meska","view_count":"1319","favourite_count":"0","trending_score":"0","last2MonthFavouriteCount":"0","promotion":"0","giftcard_accept":"1","creditcard_accept":false,"enhanced_background":"0","domain":"meska","specific_customer_id":null,"specific_customer_name":null,"to_order_product":"1","to_order_product_time":"10","product_different":"quite_different","product_different_description":"Sz\u00edn\u00e1rnyalat","vintage":"0","vintage_category_id":"0","recycled":"0","gemstone_id":"0","customizable":"0","type_category":"physical","zerowaste":"0","postage_price":"4500.00","shop_order":"0","has_category":"1","landing_pages":null,"microdata":{"number":55,"category":""},"title":"FENY\u0150 FALIPOLC K\u00d6NYVESPOLC ","description":"Feny\u0151fa fali k\u00f6nyvespolc \n\nHermaresz dekor\n\n\nFeny\u0151f\u00e1b\u00f3l k\u00e9sz\u00fclt k\u00e9zzel festett falipolc\n\n\nSz\u00e9p egyszer\u0171 aj\u00e1nd\u00e9k mely nagyon hasznos is:)\n\nFeny\u0151 alapanyagb\u00f3l k\u00e9sz\u00fclt egyedi k\u00e9zi dekor\u00e1l\u00e1ssal.\n\n\nT\u00f6bbsz\u00f6r\u00f6sen le van lakkozva!\n\nM\u00e9rete:\n\n\nteljes sz\u00e9less\u00e9ge:50cm\n\n\npolc m\u00e9lys\u00e9ge: 20cm\n\nA polc magass\u00e1ga a mint\u00e1t\u00f3l f\u00fcgg!\n\n\nNagyobb m\u00e9retben is elk\u00e9sz\u00edtem ,az \u00e1r\u00e1r\u00f3l \u00fczenetben \u00e9rdekl\u0151dhetsz!\n\n\nK\u00e9r\u00e9sre m\u00e1s mint\u00e1val is elk\u00e9sz\u00edtem!\n\n\nMEGRENDEL\u00c9SRE K\u00c9SZ\u00cdTEM 5 MUNKANAP ALATT (EL\u0150FORDULHAT HOGY VAN K\u00c9SZLETEN AKKOR EZ AZ ID\u0150 LER\u00d6VID\u00dcL,B\u00c1TRAN K\u00c9RDEZZ!)\n\n\nK\u00c9RLEK LICIT\u00c1L\u00c1SKOR VEDD FIGYELEMBE. a V\u00c9TEL\u00c1RAT 3 MUNKANAPON BEL\u00dcL K\u00c9REM ,VAGY EL\u0150ZETES EGYEZTET\u00c9S UT\u00c1N VAN LEHET\u0150S\u00c9G HALASZT\u00c1SRA.\n\n\nPOSTA A Magyar posta d\u00edjszab\u00e1s\u00e1nak megfelel\u0151en, kiz\u00e1r\u00f3lag el\u0151re utal\u00e1s ut\u00e1n!\n\n\n SZEM\u00c9LYESEN NY\u00cdREGYH\u00c1Z\u00c1N VEHET\u0150 \u00c1T!\n\n\nN\u00c9ZZ SZ\u00c9T N\u00c1LAM SOK TERM\u00c9KET T\u00d6LT\u00d6K FEL!\n\n\nS\u00e1mli, gyerekszobai \u00f3ra, magass\u00e1gm\u00e9r\u0151, kincsesl\u00e1da stb...","score":0,"formatted_price":"12 500 Ft","image_url":"https:\/\/www.meska.hu\/img\/product\/small\/h\/e\/hermareszdekor_product_34210_170718163434_85092.jpeg","formatted_url":"https:\/\/www.meska.hu\/p2867647-fenyo-falipolc-konyvespolc","favourite":false,"in_stock":false,"avatar":"hermareszdekor_avatar_34210_1535693442.jpg","delete_from":0,"is_enhanced_background":false,"is_enhanced":false,"product_selection_started":false,"is_active":true,"image_webp_url":"https:\/\/www.meska.hu\/img\/product\/small\/h\/e\/hermareszdekor_product_34210_170718163434_85092.webp"},{"id":"5906256","shop_id":"49645","user_id":"734111","shop_name":"BabszemButorhaz","shop_zip":"6763","product_code":"5613041","product_name_old":null,"product_name":"ALL IN XXL Babzs\u00e1kfotel Garnit\u00fara aj\u00e1nd\u00e9k P\u00e1rn\u00e1val ingyenes kisz\u00e1ll\u00edt\u00e1ssal","category_string":"Otthon & \u00c9letm\u00f3d, B\u00fator, Babzs\u00e1kfotel , Babzs\u00e1k","technic_string":"Varr\u00e1s","category_1":"813","category_2":"313","category_3":"1718","category_4":"777","merged_category_1":null,"merged_category_2":null,"merged_category_3":null,"technic_1":"506","technic_2":"0","technic_3":"0","color_1":"523","color_2":"0","color_3":"0","product_description_old":null,"product_description":"Babzs\u00e1kfotel + Puff + P\u00e1rna Csomag \u2013 K\u00e9nyelem Minden Pillanatra\n\nK\u00e9nyelem tet\u0151t\u0151l talpig \u2013 A babzs\u00e1kfotel, puff \u00e9s p\u00e1rna ide\u00e1lis v\u00e1laszt\u00e1s, ha otthonod k\u00e9nyelm\u00e9t szeretn\u00e9d n\u00f6velni. Legyen sz\u00f3 t\u00e9v\u00e9z\u00e9sr\u0151l, olvas\u00e1sr\u00f3l, home office munk\u00e1r\u00f3l vagy egy kellemes pihen\u00e9sr\u0151l, ez a k\u00e9nyelmes \u00fcl\u0151b\u00fatorkombin\u00e1ci\u00f3 minden helyzethez t\u00f6k\u00e9letesen illeszkedik.\n\nMi\u00e9rt v\u00e1laszd a babzs\u00e1kfotel + puff csomagunkat?\n\n\u25cf Extra k\u00e9nyelem: A polisztirol gy\u00f6ngy t\u00f6ltet t\u00f6k\u00e9letesen alkalmazkodik a test vonalaihoz, biztos\u00edtva a maxim\u00e1lis k\u00e9nyelmet ak\u00e1r hossz\u00fa \u00f3r\u00e1kon \u00e1t is.\n\n\u25cf Praktikus \u00e9s k\u00f6nnyen tiszt\u00edthat\u00f3: A moshat\u00f3, levehet\u0151 huzat egyszer\u0171en karbantarthat\u00f3, \u00edgy mindig frissen tarthatod b\u00fatoraidat. A huzat 30\u00b0C-on moshat\u00f3 g\u00e9pben.\n\n\u25cf St\u00edlusos diz\u00e1jn: A modern sz\u00f6vethuzat eleg\u00e1ns megjelen\u00e9st biztos\u00edt, amely b\u00e1rmely szob\u00e1ba illeszkedik.\n\n\u25cf K\u00f6nny\u0171 ut\u00e1nt\u00f6lt\u00e9s: A cipz\u00e1ros bels\u0151 huzat lehet\u0151v\u00e9 teszi a k\u00f6nny\u0171 t\u00f6ltet ut\u00e1nt\u00f6lt\u00e9s\u00e9t, hogy mindig meg\u0151rizze a megfelel\u0151 k\u00e9nyelmet \u00e9s form\u00e1t.\n\n\u25cf Tart\u00f3s \u00e9s stabil: A korszer\u0171 varr\u00e1stechnol\u00f3gia \u00e9s a stabilit\u00e1st biztos\u00edt\u00f3 megold\u00e1sok garant\u00e1lj\u00e1k, hogy a term\u00e9k hossz\u00fa t\u00e1von is megb\u00edzhat\u00f3an szolg\u00e1ljon.\n\nNe hagyd ki!\n\nMost ALL IN csomagjainkhoz ingyenes sz\u00e1ll\u00edt\u00e1st biztos\u00edtunk, \u00e9s egy aj\u00e1nd\u00e9k p\u00e1rn\u00e1t is adunk \u2013 az otthoni pihen\u00e9s \u00faj dimenzi\u00f3ja v\u00e1r r\u00e1d!\n\nA v\u00e1laszthat\u00f3 sz\u00ednek a 3. k\u00e9pen vannak, amelyb\u0151l a 12. 13. 14.-et v\u00e1laszthat\u00f3 sz\u00edn eset\u00e9n megjegyz\u00e9s rovatba tudsz csak felt\u00fcntetni megrendel\u00e9s eset\u00e9n.\n\nA term\u00e9k m\u00e9retei az utols\u00f3 k\u00e9pen l\u00e1that\u00f3k!","price":"53980.00","unit":"db","recommended":"0","status":"1","sponsored":"0","exp_notify":"0","own_material":"0","own_material_description_old":null,"own_material_description":"","jury":"0","jury_number":"","product_nature":"","meskaracsony":"0","create_date":"2026-02-02 09:41:45","shelve_id":"0","image":"babszembutorhaz_product_734111_250829135908_364893.jpeg","image_width":"480","image_height":"480","image_alt":"ALL IN XXL Babzs\u00e1kfotel Garnit\u00fara aj\u00e1nd\u00e9k P\u00e1rn\u00e1val ingyenes kisz\u00e1ll\u00edt\u00e1ssal, Babzs\u00e1kfotel + Puff + P\u00e1rna Csomag \u2013 K\u00e9nyelem Minden Pillanatra\\n\\nK\u00e9nyelem tet\u0151t\u0151l talpig \u2013 A babzs\u00e1k..., Meska","image_title":"ALL IN XXL Babzs\u00e1kfotel Garnit\u00fara aj\u00e1nd\u00e9k P\u00e1rn\u00e1val ingyenes kisz\u00e1ll\u00edt\u00e1ssal, Meska","view_count":"99","favourite_count":"0","trending_score":"0","last2MonthFavouriteCount":"0","promotion":"0","giftcard_accept":"0","creditcard_accept":true,"enhanced_background":"0","domain":"meska","specific_customer_id":null,"specific_customer_name":null,"to_order_product":"1","to_order_product_time":"5","product_different":null,"product_different_description":"","vintage":"0","vintage_category_id":"0","recycled":"0","gemstone_id":"0","customizable":"0","type_category":"physical","zerowaste":"0","postage_price":"0.00","shop_order":"0","has_category":"1","landing_pages":null,"microdata":{"number":56,"category":""},"title":"ALL IN XXL Babzs\u00e1kfotel Garnit\u00fara aj\u00e1nd\u00e9k P\u00e1rn\u00e1val ingyenes kisz\u00e1ll\u00edt\u00e1ssal","description":"Babzs\u00e1kfotel + Puff + P\u00e1rna Csomag \u2013 K\u00e9nyelem Minden Pillanatra\n\nK\u00e9nyelem tet\u0151t\u0151l talpig \u2013 A babzs\u00e1kfotel, puff \u00e9s p\u00e1rna ide\u00e1lis v\u00e1laszt\u00e1s, ha otthonod k\u00e9nyelm\u00e9t szeretn\u00e9d n\u00f6velni. Legyen sz\u00f3 t\u00e9v\u00e9z\u00e9sr\u0151l, olvas\u00e1sr\u00f3l, home office munk\u00e1r\u00f3l vagy egy kellemes pihen\u00e9sr\u0151l, ez a k\u00e9nyelmes \u00fcl\u0151b\u00fatorkombin\u00e1ci\u00f3 minden helyzethez t\u00f6k\u00e9letesen illeszkedik.\n\nMi\u00e9rt v\u00e1laszd a babzs\u00e1kfotel + puff csomagunkat?\n\n\u25cf Extra k\u00e9nyelem: A polisztirol gy\u00f6ngy t\u00f6ltet t\u00f6k\u00e9letesen alkalmazkodik a test vonalaihoz, biztos\u00edtva a maxim\u00e1lis k\u00e9nyelmet ak\u00e1r hossz\u00fa \u00f3r\u00e1kon \u00e1t is.\n\n\u25cf Praktikus \u00e9s k\u00f6nnyen tiszt\u00edthat\u00f3: A moshat\u00f3, levehet\u0151 huzat egyszer\u0171en karbantarthat\u00f3, \u00edgy mindig frissen tarthatod b\u00fatoraidat. A huzat 30\u00b0C-on moshat\u00f3 g\u00e9pben.\n\n\u25cf St\u00edlusos diz\u00e1jn: A modern sz\u00f6vethuzat eleg\u00e1ns megjelen\u00e9st biztos\u00edt, amely b\u00e1rmely szob\u00e1ba illeszkedik.\n\n\u25cf K\u00f6nny\u0171 ut\u00e1nt\u00f6lt\u00e9s: A cipz\u00e1ros bels\u0151 huzat lehet\u0151v\u00e9 teszi a k\u00f6nny\u0171 t\u00f6ltet ut\u00e1nt\u00f6lt\u00e9s\u00e9t, hogy mindig meg\u0151rizze a megfelel\u0151 k\u00e9nyelmet \u00e9s form\u00e1t.\n\n\u25cf Tart\u00f3s \u00e9s stabil: A korszer\u0171 varr\u00e1stechnol\u00f3gia \u00e9s a stabilit\u00e1st biztos\u00edt\u00f3 megold\u00e1sok garant\u00e1lj\u00e1k, hogy a term\u00e9k hossz\u00fa t\u00e1von is megb\u00edzhat\u00f3an szolg\u00e1ljon.\n\nNe hagyd ki!\n\nMost ALL IN csomagjainkhoz ingyenes sz\u00e1ll\u00edt\u00e1st biztos\u00edtunk, \u00e9s egy aj\u00e1nd\u00e9k p\u00e1rn\u00e1t is adunk \u2013 az otthoni pihen\u00e9s \u00faj dimenzi\u00f3ja v\u00e1r r\u00e1d!\n\nA v\u00e1laszthat\u00f3 sz\u00ednek a 3. k\u00e9pen vannak, amelyb\u0151l a 12. 13. 14.-et v\u00e1laszthat\u00f3 sz\u00edn eset\u00e9n megjegyz\u00e9s rovatba tudsz csak felt\u00fcntetni megrendel\u00e9s eset\u00e9n.\n\nA term\u00e9k m\u00e9retei az utols\u00f3 k\u00e9pen l\u00e1that\u00f3k!","score":0,"formatted_price":"53 980 Ft","image_url":"https:\/\/www.meska.hu\/img\/product\/small\/b\/a\/babszembutorhaz_product_734111_250829135908_364893.jpeg","formatted_url":"https:\/\/www.meska.hu\/p5613041-all-in-xxl-babzsakfotel-garnitura-ajandek-parnaval-ingyenes-kiszallitassal","favourite":false,"in_stock":false,"avatar":"734111_avatar_1753689728.png","delete_from":0,"is_enhanced_background":false,"is_enhanced":false,"product_selection_started":false,"is_active":true,"image_webp_url":"https:\/\/www.meska.hu\/img\/product\/small\/b\/a\/babszembutorhaz_product_734111_250829135908_364893.webp"},{"id":"5908187","shop_id":"49645","user_id":"734111","shop_name":"BabszemButorhaz","shop_zip":"6763","product_code":"5613864","product_name_old":null,"product_name":"ALL IN K\u00fclt\u00e9ri XXL Babzs\u00e1kfotel Garnit\u00fara t\u00f6bb sz\u00ednben \u2013 Ir\u00e1ny a szabadba - ingyenes kisz\u00e1ll\u00edt\u00e1ssal","category_string":"Otthon & \u00c9letm\u00f3d, B\u00fator, Babzs\u00e1kfotel , Babzs\u00e1k","technic_string":"Varr\u00e1s","category_1":"813","category_2":"313","category_3":"1718","category_4":"777","merged_category_1":null,"merged_category_2":null,"merged_category_3":null,"technic_1":"506","technic_2":"0","technic_3":"0","color_1":"523","color_2":"0","color_3":"0","product_description_old":null,"product_description":"\u00c9lvezd a pihen\u00e9st a friss leveg\u0151n! Az ALL IN K\u00fclt\u00e9ri XXL Babzs\u00e1kfotel Garnit\u00fara t\u00f6k\u00e9letes v\u00e1laszt\u00e1s napoz\u00e1shoz, kinti pihen\u00e9shez vagy bar\u00e1ti s\u00fct\u00f6get\u00e9sekhez. T\u00f6bbf\u00e9le sz\u00ednben el\u00e9rhet\u0151, \u00edgy k\u00f6nnyen illeszthet\u0151 kerted vagy teraszod st\u00edlus\u00e1hoz.\n\nMi\u00e9rt v\u00e1laszd a K\u00fclt\u00e9ri XXL Babzs\u00e1kfotelt?\n\n\u2714 Sokoldal\u00fa haszn\u00e1lat: ide\u00e1lis napoz\u00e1shoz, kinti pihen\u00e9shez, s\u00fct\u00f6get\u00e9shez\n\n\u2714 Extra nagy m\u00e9ret: k\u00e9nyelmesen elf\u00e9r benne ak\u00e1r egy feln\u0151tt is\n\n\u2714 V\u00edz\u00e1ll\u00f3 k\u00fcls\u0151: ellen\u00e1ll az enyhe nedvess\u00e9gnek \u00e9s szennyez\u0151d\u00e9snek\n\n\u2714 Aj\u00e1nd\u00e9k p\u00e1rna + ingyenes sz\u00e1ll\u00edt\u00e1s: most az ALL IN csomag r\u00e9szek\u00e9nt\n\nTerm\u00e9kjellemz\u0151k\n\n\u25cf Anyag: bel\u00fcl sz\u00f6vet, k\u00edv\u00fcl v\u00edz\u00e1ll\u00f3 textil\n\n\u25cf T\u00f6ltet: polisztirol gy\u00f6ngy, ergonomikusan idomul a testedhez\n\n\u25cf K\u00fcls\u0151 huzat: tiszt\u00edthat\u00f3 szivaccsal, levehet\u0151 \u00e9s 30\u00b0C-on moshat\u00f3\n\n\u25cf Bels\u0151 huzat: cipz\u00e1ras, egyszer\u0171 ut\u00e1nt\u00f6lt\u00e9shez\n\n\u25cf Biztons\u00e1gos kialak\u00edt\u00e1s: stabilit\u00e1st ad\u00f3 megk\u00f6t\u0151 \u00e9s rejtett cipz\u00e1r\n\n\u25cf T\u00f6k\u00e9letes v\u00e1laszt\u00e1s k\u00fclt\u00e9ri haszn\u00e1latra\n\nEz a XXL babzs\u00e1kfotel garnit\u00fara nemcsak k\u00e9nyelmes, hanem dekorat\u00edv \u00e9s praktikus kieg\u00e9sz\u00edt\u0151je kertednek, teraszodnak vagy erk\u00e9lyednek. \u00c9lvezd a naps\u00fct\u00e9st, a friss leveg\u0151t \u00e9s a teljes kikapcsol\u00f3d\u00e1st egyszerre!\n\nA v\u00e1laszthat\u00f3 sz\u00ednek a 3. k\u00e9pen vannak, melyet megrendel\u00e9s sor\u00e1n ki tudsz v\u00e1lasztani.\n\nA term\u00e9k m\u00e9retei az utols\u00f3 k\u00e9pen l\u00e1that\u00f3k!","price":"58980.00","unit":"db","recommended":"0","status":"1","sponsored":"0","exp_notify":"0","own_material":"0","own_material_description_old":null,"own_material_description":"","jury":"0","jury_number":"","product_nature":"","meskaracsony":"0","create_date":"2026-02-02 09:41:01","shelve_id":"0","image":"babszembutorhaz_product_734111_250901103954_485280.jpeg","image_width":"480","image_height":"480","image_alt":"ALL IN K\u00fclt\u00e9ri XXL Babzs\u00e1kfotel Garnit\u00fara t\u00f6bb sz\u00ednben \u2013 Ir\u00e1ny a szabadba - ingyenes kisz\u00e1ll\u00edt\u00e1ssal, \u00c9lvezd a pihen\u00e9st a friss leveg\u0151n! Az ALL IN K\u00fclt\u00e9ri XXL Babzs\u00e1kfotel Garnit\u00fara t\u00f6k\u00e9letes v\u00e1laszt\u00e1s ..., Meska","image_title":"ALL IN K\u00fclt\u00e9ri XXL Babzs\u00e1kfotel Garnit\u00fara t\u00f6bb sz\u00ednben \u2013 Ir\u00e1ny a szabadba - ingyenes kisz\u00e1ll\u00edt\u00e1ssal, Meska","view_count":"113","favourite_count":"0","trending_score":"0","last2MonthFavouriteCount":"0","promotion":"0","giftcard_accept":"0","creditcard_accept":true,"enhanced_background":"0","domain":"meska","specific_customer_id":null,"specific_customer_name":null,"to_order_product":"1","to_order_product_time":"5","product_different":null,"product_different_description":"","vintage":"0","vintage_category_id":"0","recycled":"0","gemstone_id":"0","customizable":"0","type_category":"physical","zerowaste":"0","postage_price":"0.00","shop_order":"0","has_category":"1","landing_pages":null,"microdata":{"number":57,"category":""},"title":"ALL IN K\u00fclt\u00e9ri XXL Babzs\u00e1kfotel Garnit\u00fara t\u00f6bb sz\u00ednben \u2013 Ir\u00e1ny a szabadba - ingyenes kisz\u00e1ll\u00edt\u00e1ssal","description":"\u00c9lvezd a pihen\u00e9st a friss leveg\u0151n! Az ALL IN K\u00fclt\u00e9ri XXL Babzs\u00e1kfotel Garnit\u00fara t\u00f6k\u00e9letes v\u00e1laszt\u00e1s napoz\u00e1shoz, kinti pihen\u00e9shez vagy bar\u00e1ti s\u00fct\u00f6get\u00e9sekhez. T\u00f6bbf\u00e9le sz\u00ednben el\u00e9rhet\u0151, \u00edgy k\u00f6nnyen illeszthet\u0151 kerted vagy teraszod st\u00edlus\u00e1hoz.\n\nMi\u00e9rt v\u00e1laszd a K\u00fclt\u00e9ri XXL Babzs\u00e1kfotelt?\n\n\u2714 Sokoldal\u00fa haszn\u00e1lat: ide\u00e1lis napoz\u00e1shoz, kinti pihen\u00e9shez, s\u00fct\u00f6get\u00e9shez\n\n\u2714 Extra nagy m\u00e9ret: k\u00e9nyelmesen elf\u00e9r benne ak\u00e1r egy feln\u0151tt is\n\n\u2714 V\u00edz\u00e1ll\u00f3 k\u00fcls\u0151: ellen\u00e1ll az enyhe nedvess\u00e9gnek \u00e9s szennyez\u0151d\u00e9snek\n\n\u2714 Aj\u00e1nd\u00e9k p\u00e1rna + ingyenes sz\u00e1ll\u00edt\u00e1s: most az ALL IN csomag r\u00e9szek\u00e9nt\n\nTerm\u00e9kjellemz\u0151k\n\n\u25cf Anyag: bel\u00fcl sz\u00f6vet, k\u00edv\u00fcl v\u00edz\u00e1ll\u00f3 textil\n\n\u25cf T\u00f6ltet: polisztirol gy\u00f6ngy, ergonomikusan idomul a testedhez\n\n\u25cf K\u00fcls\u0151 huzat: tiszt\u00edthat\u00f3 szivaccsal, levehet\u0151 \u00e9s 30\u00b0C-on moshat\u00f3\n\n\u25cf Bels\u0151 huzat: cipz\u00e1ras, egyszer\u0171 ut\u00e1nt\u00f6lt\u00e9shez\n\n\u25cf Biztons\u00e1gos kialak\u00edt\u00e1s: stabilit\u00e1st ad\u00f3 megk\u00f6t\u0151 \u00e9s rejtett cipz\u00e1r\n\n\u25cf T\u00f6k\u00e9letes v\u00e1laszt\u00e1s k\u00fclt\u00e9ri haszn\u00e1latra\n\nEz a XXL babzs\u00e1kfotel garnit\u00fara nemcsak k\u00e9nyelmes, hanem dekorat\u00edv \u00e9s praktikus kieg\u00e9sz\u00edt\u0151je kertednek, teraszodnak vagy erk\u00e9lyednek. \u00c9lvezd a naps\u00fct\u00e9st, a friss leveg\u0151t \u00e9s a teljes kikapcsol\u00f3d\u00e1st egyszerre!\n\nA v\u00e1laszthat\u00f3 sz\u00ednek a 3. k\u00e9pen vannak, melyet megrendel\u00e9s sor\u00e1n ki tudsz v\u00e1lasztani.\n\nA term\u00e9k m\u00e9retei az utols\u00f3 k\u00e9pen l\u00e1that\u00f3k!","score":0,"formatted_price":"58 980 Ft","image_url":"https:\/\/www.meska.hu\/img\/product\/small\/b\/a\/babszembutorhaz_product_734111_250901103954_485280.jpeg","formatted_url":"https:\/\/www.meska.hu\/p5613864-all-in-kulteri-xxl-babzsakfotel-garnitura-tobb-szinben-irany-a-szabadba-ingyenes-kiszallitassal","favourite":false,"in_stock":false,"avatar":"734111_avatar_1753689728.png","delete_from":0,"is_enhanced_background":false,"is_enhanced":false,"product_selection_started":false,"is_active":true,"image_webp_url":"https:\/\/www.meska.hu\/img\/product\/small\/b\/a\/babszembutorhaz_product_734111_250901103954_485280.webp"},{"id":"5911098","shop_id":"49645","user_id":"734111","shop_name":"BabszemButorhaz","shop_zip":"6763","product_code":"5615073","product_name_old":null,"product_name":"Tini Babzs\u00e1kfotel t\u00f6bbf\u00e9le sz\u00ednben","category_string":"Otthon & \u00c9letm\u00f3d, B\u00fator, Babzs\u00e1kfotel , Babzs\u00e1k","technic_string":"Varr\u00e1s","category_1":"813","category_2":"313","category_3":"1718","category_4":"777","merged_category_1":null,"merged_category_2":null,"merged_category_3":null,"technic_1":"506","technic_2":"0","technic_3":"0","color_1":"523","color_2":"0","color_3":"0","product_description_old":null,"product_description":"Tini babzs\u00e1kfotel \u2013 a suli ut\u00e1ni felt\u00f6lt\u0151d\u00e9shez!\n\nA Tini babzs\u00e1kfotel t\u00f6k\u00e9letes v\u00e1laszt\u00e1s minden fiatal sz\u00e1m\u00e1ra, aki tanul\u00e1s vagy j\u00e1t\u00e9k ut\u00e1n k\u00e9nyelmes pihen\u0151helyet keres. Puha, m\u00e9gis tart\u00f3s kialak\u00edt\u00e1sa ide\u00e1lis otthoni haszn\u00e1latra, legyen sz\u00f3 tanul\u00e1sr\u00f3l, pihen\u00e9sr\u0151l vagy j\u00e1t\u00e9kr\u00f3l.\n\nA polisztirol gy\u00f6ngy t\u00f6ltetnek k\u00f6sz\u00f6nhet\u0151en a fotel rugalmasan idomul a testhez, \u00edgy hosszabb \u00fcl\u00e9s ut\u00e1n is k\u00e9nyelmes marad, \u00e9s seg\u00edti az eg\u00e9szs\u00e9ges testtart\u00e1st.\n\nTerm\u00e9kle\u00edr\u00e1s\n\n\u25cf Anyaga: k\u00edv\u00fcl-bel\u00fcl strapab\u00edr\u00f3 sz\u00f6vet\n\n\u25cf Korszer\u0171 varr\u00e1stechnol\u00f3gia \u00e9s rejtett cipz\u00e1r a tart\u00f3ss\u00e1g\u00e9rt\n\n\u25cf T\u00f6ltet: polisztirol gy\u00f6ngy a maxim\u00e1lis k\u00e9nyelemhez\n\n\u25cf K\u00fcls\u0151 huzat: levehet\u0151, cser\u00e9lhet\u0151, 30\u00b0C-on g\u00e9pben moshat\u00f3\n\n\u25cf Bels\u0151 huzat: cipz\u00e1ras, az ut\u00e1nt\u00f6lt\u00e9s k\u00f6nnyen megoldhat\u00f3\n\n\u25cf Stabilit\u00e1s: a bels\u0151 \u00e9s k\u00fcls\u0151 huzatot megk\u00f6t\u0151 r\u00f6gz\u00edti\n\n\nMi\u00e9rt \u00e9rdemes Tini babzs\u00e1kfotelt v\u00e1lasztani?\n\n\u25cf Kifejezetten a fiatalok ig\u00e9nyeire tervezve\n\n\u25cf K\u00e9nyelmes \u00fcl\u00e9s tanul\u00e1shoz, j\u00e1t\u00e9koz \u00e9s pihen\u00e9shez\n\n\u25cf K\u00f6nnyen tiszt\u00edthat\u00f3, higi\u00e9nikus kialak\u00edt\u00e1s\n\n\u25cf Tart\u00f3s, min\u0151s\u00e9gi anyaghaszn\u00e1lat\n\n\u25cf Vid\u00e1m sz\u00ednek, amelyek feldobj\u00e1k a gyerekszob\u00e1t\n\nA Tini babzs\u00e1kfotel nemcsak egy praktikus \u00fcl\u0151alkalmatoss\u00e1g, hanem egy st\u00edlusos kieg\u00e9sz\u00edt\u0151 is, amely a suli ut\u00e1ni felt\u00f6lt\u0151d\u00e9s n\u00e9lk\u00fcl\u00f6zhetetlen r\u00e9sze lehet.\n\nA v\u00e1laszthat\u00f3 sz\u00ednek a 3. k\u00e9pen vannak, amelyb\u0151l a 12. 13. 14.-et v\u00e1laszthat\u00f3 sz\u00edn eset\u00e9n megjegyz\u00e9s rovatba tudsz csak felt\u00fcntetni megrendel\u00e9s eset\u00e9n.\n\nA term\u00e9k m\u00e9retei az utols\u00f3 k\u00e9pen l\u00e1that\u00f3k!","price":"29990.00","unit":"db","recommended":"0","status":"1","sponsored":"0","exp_notify":"0","own_material":"0","own_material_description_old":null,"own_material_description":"","jury":"0","jury_number":"","product_nature":"","meskaracsony":"0","create_date":"2026-02-02 09:40:45","shelve_id":"0","image":"babszembutorhaz_product_734111_250904113430_440264.jpeg","image_width":"480","image_height":"480","image_alt":"Tini Babzs\u00e1kfotel t\u00f6bbf\u00e9le sz\u00ednben, Tini babzs\u00e1kfotel \u2013 a suli ut\u00e1ni felt\u00f6lt\u0151d\u00e9shez!\\n\\nA Tini babzs\u00e1kfotel t\u00f6k\u00e9letes v\u00e1laszt\u00e1s minden fia..., Meska","image_title":"Tini Babzs\u00e1kfotel t\u00f6bbf\u00e9le sz\u00ednben, Meska","view_count":"219","favourite_count":"0","trending_score":"0","last2MonthFavouriteCount":"0","promotion":"0","giftcard_accept":"0","creditcard_accept":true,"enhanced_background":"0","domain":"meska","specific_customer_id":null,"specific_customer_name":null,"to_order_product":"1","to_order_product_time":"5","product_different":null,"product_different_description":"","vintage":"0","vintage_category_id":"0","recycled":"0","gemstone_id":"0","customizable":"0","type_category":"physical","zerowaste":"0","postage_price":"3490.00","shop_order":"0","has_category":"1","landing_pages":null,"microdata":{"number":58,"category":""},"title":"Tini Babzs\u00e1kfotel t\u00f6bbf\u00e9le sz\u00ednben","description":"Tini babzs\u00e1kfotel \u2013 a suli ut\u00e1ni felt\u00f6lt\u0151d\u00e9shez!\n\nA Tini babzs\u00e1kfotel t\u00f6k\u00e9letes v\u00e1laszt\u00e1s minden fiatal sz\u00e1m\u00e1ra, aki tanul\u00e1s vagy j\u00e1t\u00e9k ut\u00e1n k\u00e9nyelmes pihen\u0151helyet keres. Puha, m\u00e9gis tart\u00f3s kialak\u00edt\u00e1sa ide\u00e1lis otthoni haszn\u00e1latra, legyen sz\u00f3 tanul\u00e1sr\u00f3l, pihen\u00e9sr\u0151l vagy j\u00e1t\u00e9kr\u00f3l.\n\nA polisztirol gy\u00f6ngy t\u00f6ltetnek k\u00f6sz\u00f6nhet\u0151en a fotel rugalmasan idomul a testhez, \u00edgy hosszabb \u00fcl\u00e9s ut\u00e1n is k\u00e9nyelmes marad, \u00e9s seg\u00edti az eg\u00e9szs\u00e9ges testtart\u00e1st.\n\nTerm\u00e9kle\u00edr\u00e1s\n\n\u25cf Anyaga: k\u00edv\u00fcl-bel\u00fcl strapab\u00edr\u00f3 sz\u00f6vet\n\n\u25cf Korszer\u0171 varr\u00e1stechnol\u00f3gia \u00e9s rejtett cipz\u00e1r a tart\u00f3ss\u00e1g\u00e9rt\n\n\u25cf T\u00f6ltet: polisztirol gy\u00f6ngy a maxim\u00e1lis k\u00e9nyelemhez\n\n\u25cf K\u00fcls\u0151 huzat: levehet\u0151, cser\u00e9lhet\u0151, 30\u00b0C-on g\u00e9pben moshat\u00f3\n\n\u25cf Bels\u0151 huzat: cipz\u00e1ras, az ut\u00e1nt\u00f6lt\u00e9s k\u00f6nnyen megoldhat\u00f3\n\n\u25cf Stabilit\u00e1s: a bels\u0151 \u00e9s k\u00fcls\u0151 huzatot megk\u00f6t\u0151 r\u00f6gz\u00edti\n\n\nMi\u00e9rt \u00e9rdemes Tini babzs\u00e1kfotelt v\u00e1lasztani?\n\n\u25cf Kifejezetten a fiatalok ig\u00e9nyeire tervezve\n\n\u25cf K\u00e9nyelmes \u00fcl\u00e9s tanul\u00e1shoz, j\u00e1t\u00e9koz \u00e9s pihen\u00e9shez\n\n\u25cf K\u00f6nnyen tiszt\u00edthat\u00f3, higi\u00e9nikus kialak\u00edt\u00e1s\n\n\u25cf Tart\u00f3s, min\u0151s\u00e9gi anyaghaszn\u00e1lat\n\n\u25cf Vid\u00e1m sz\u00ednek, amelyek feldobj\u00e1k a gyerekszob\u00e1t\n\nA Tini babzs\u00e1kfotel nemcsak egy praktikus \u00fcl\u0151alkalmatoss\u00e1g, hanem egy st\u00edlusos kieg\u00e9sz\u00edt\u0151 is, amely a suli ut\u00e1ni felt\u00f6lt\u0151d\u00e9s n\u00e9lk\u00fcl\u00f6zhetetlen r\u00e9sze lehet.\n\nA v\u00e1laszthat\u00f3 sz\u00ednek a 3. k\u00e9pen vannak, amelyb\u0151l a 12. 13. 14.-et v\u00e1laszthat\u00f3 sz\u00edn eset\u00e9n megjegyz\u00e9s rovatba tudsz csak felt\u00fcntetni megrendel\u00e9s eset\u00e9n.\n\nA term\u00e9k m\u00e9retei az utols\u00f3 k\u00e9pen l\u00e1that\u00f3k!","score":0,"formatted_price":"29 990 Ft","image_url":"https:\/\/www.meska.hu\/img\/product\/small\/b\/a\/babszembutorhaz_product_734111_250904113430_440264.jpeg","formatted_url":"https:\/\/www.meska.hu\/p5615073-tini-babzsakfotel-tobbfele-szinben","favourite":false,"in_stock":false,"avatar":"734111_avatar_1753689728.png","delete_from":0,"is_enhanced_background":false,"is_enhanced":false,"product_selection_started":false,"is_active":true,"image_webp_url":"https:\/\/www.meska.hu\/img\/product\/small\/b\/a\/babszembutorhaz_product_734111_250904113430_440264.webp"},{"id":"3510373","shop_id":"20463","user_id":"191238","shop_name":"SagiEvaKeramia","shop_zip":"6791","product_code":"4134064","product_name_old":null,"product_name":"B\u00daTORGOMB kalocsai r\u00f3zsa","category_string":"Otthon & \u00c9letm\u00f3d, B\u00fator, B\u00fatorfoganty\u00fa","technic_string":"Ker\u00e1mia","category_1":"813","category_2":"313","category_3":"776","category_4":"0","merged_category_1":"0","merged_category_2":"0","merged_category_3":"785","technic_1":"489","technic_2":"0","technic_3":"0","color_1":"519","color_2":"523","color_3":"526","product_description_old":null,"product_description":"Feh\u00e9r agyagmassz\u00e1b\u00f3l k\u00e9sz\u00fcltek a k\u00e9pen l\u00e1that\u00f3 kalocsai vir\u00e1g h\u00edmz\u00e9s mot\u00edvumokat form\u00e1z\u00f3 ker\u00e1mia b\u00fatorgombok. \n\nRENDEL\u00c9SRE DOLGOZOM, NINCS NAGY K\u00c9SZLETEM - P\u00c1R DARAB VAN K\u00c9SZLETEN MINDEGYIK B\u00daTORGOMBB\u00d3L -, DE B\u00c1RMENNYIT ELK\u00c9SZ\u00cdTEK B\u00c1RMILYEN SZ\u00cdNBEN. \n\nSZ\u00cdNMINT\u00c1IMR\u00d3L SOK SZ\u00cdNB\u0150L LEHET V\u00c1LASZTANI, AZOKAT K\u00c9R\u00c9SRE \u00c1TK\u00dcLD\u00d6M.\n\nRENDEL\u00c9S ESET\u00c9N AZ ELK\u00c9SZ\u00cdT\u00c9SI ID\u0150 K\u00d6R\u00dcLBEL\u00dcL 3 H\u00c9T, DE K\u00c9RDEZZ R\u00c1 A K\u00c9SZLETRE, H\u00c1THA VAN EL\u00c9G MENNYIS\u00c9G AMIT SZERETN\u00c9L. \n\nIgazi b\u00fator\u00e9kszerek. \nAz anyacsavar er\u0151s k\u00e9tkomponens\u0171 ragaszt\u00f3val van beleragasztva, b\u00edrja a terhel\u00e9st.  \nCsavart is adok hozz\u00e1, csak fel kell csavarozni \u00e9s k\u00e9sz.\n\nTeteje: 4 x 2,8 cm, magass\u00e1ga: 2,5 cm.\n\n\n","price":"2500.00","unit":"db","recommended":"0","status":"1","sponsored":"0","exp_notify":"0","own_material":"0","own_material_description_old":null,"own_material_description":"","jury":"0","jury_number":"","product_nature":"","meskaracsony":"0","create_date":"2026-01-30 22:59:54","shelve_id":"0","image":"cimpa1980_product_191238_210427173956_38156.jpeg","image_width":"480","image_height":"360","image_alt":"B\u00daTORGOMB kalocsai r\u00f3zsa, Feh\u00e9r agyagmassz\u00e1b\u00f3l k\u00e9sz\u00fcltek a k\u00e9pen l\u00e1that\u00f3 kalocsai vir\u00e1g h\u00edmz\u00e9s mot\u00edvumokat form\u00e1z\u00f3 ker\u00e1mia b\u00fat..., Meska","image_title":"B\u00daTORGOMB kalocsai r\u00f3zsa, Meska","view_count":"1132","favourite_count":"0","trending_score":"0","last2MonthFavouriteCount":"0","promotion":"0","giftcard_accept":"1","creditcard_accept":false,"enhanced_background":"0","domain":"meska","specific_customer_id":null,"specific_customer_name":null,"to_order_product":"0","to_order_product_time":"0","product_different":null,"product_different_description":"","vintage":"0","vintage_category_id":"0","recycled":"0","gemstone_id":"0","customizable":"0","type_category":"physical","zerowaste":"0","postage_price":"1290.00","shop_order":"0","has_category":"1","landing_pages":null,"microdata":{"number":59,"category":""},"title":"B\u00daTORGOMB kalocsai r\u00f3zsa","description":"Feh\u00e9r agyagmassz\u00e1b\u00f3l k\u00e9sz\u00fcltek a k\u00e9pen l\u00e1that\u00f3 kalocsai vir\u00e1g h\u00edmz\u00e9s mot\u00edvumokat form\u00e1z\u00f3 ker\u00e1mia b\u00fatorgombok. \n\nRENDEL\u00c9SRE DOLGOZOM, NINCS NAGY K\u00c9SZLETEM - P\u00c1R DARAB VAN K\u00c9SZLETEN MINDEGYIK B\u00daTORGOMBB\u00d3L -, DE B\u00c1RMENNYIT ELK\u00c9SZ\u00cdTEK B\u00c1RMILYEN SZ\u00cdNBEN. \n\nSZ\u00cdNMINT\u00c1IMR\u00d3L SOK SZ\u00cdNB\u0150L LEHET V\u00c1LASZTANI, AZOKAT K\u00c9R\u00c9SRE \u00c1TK\u00dcLD\u00d6M.\n\nRENDEL\u00c9S ESET\u00c9N AZ ELK\u00c9SZ\u00cdT\u00c9SI ID\u0150 K\u00d6R\u00dcLBEL\u00dcL 3 H\u00c9T, DE K\u00c9RDEZZ R\u00c1 A K\u00c9SZLETRE, H\u00c1THA VAN EL\u00c9G MENNYIS\u00c9G AMIT SZERETN\u00c9L. \n\nIgazi b\u00fator\u00e9kszerek. \nAz anyacsavar er\u0151s k\u00e9tkomponens\u0171 ragaszt\u00f3val van beleragasztva, b\u00edrja a terhel\u00e9st.  \nCsavart is adok hozz\u00e1, csak fel kell csavarozni \u00e9s k\u00e9sz.\n\nTeteje: 4 x 2,8 cm, magass\u00e1ga: 2,5 cm.\n\n\n","score":0,"formatted_price":"2 500 Ft","image_url":"https:\/\/www.meska.hu\/img\/product\/small\/c\/i\/cimpa1980_product_191238_210427173956_38156.jpeg","formatted_url":"https:\/\/www.meska.hu\/p4134064-butorgomb-kalocsai-rozsa","favourite":false,"in_stock":true,"avatar":"Cimpa1980_avatar_191238_1663425900.jpg","delete_from":0,"is_enhanced_background":false,"is_enhanced":false,"product_selection_started":false,"is_active":true,"image_webp_url":"https:\/\/www.meska.hu\/img\/product\/small\/c\/i\/cimpa1980_product_191238_210427173956_38156.webp"},{"id":"5680687","shop_id":"20463","user_id":"191238","shop_name":"SagiEvaKeramia","shop_zip":"6791","product_code":"5490421","product_name_old":null,"product_name":"B\u00daTORGOMB (b\u00fatorfoganty\u00fa) kicsi","category_string":"Otthon & \u00c9letm\u00f3d, B\u00fator, B\u00fatorfoganty\u00fa","technic_string":"Ker\u00e1mia","category_1":"813","category_2":"313","category_3":"776","category_4":"0","merged_category_1":null,"merged_category_2":null,"merged_category_3":null,"technic_1":"489","technic_2":"0","technic_3":"0","color_1":"519","color_2":"523","color_3":"528","product_description_old":null,"product_description":"Feh\u00e9r agyagmassz\u00e1b\u00f3l k\u00e9sz\u00fcltek ezek az egyenes oldal\u00fa, kicsit homor\u00fa tetej\u0171 mini b\u00fatorgombok. \nKicsi, form\u00e1s, massz\u00edv.\n\nRENDEL\u00c9SRE DOLGOZOM, NINCS NAGY K\u00c9SZLETEM - P\u00c1R DARAB VAN K\u00c9SZLETEN MINDEGYIK B\u00daTORGOMBB\u00d3L -, DE B\u00c1RMENNYIT ELK\u00c9SZ\u00cdTEK B\u00c1RMILYEN SZ\u00cdNBEN. \n\nSZ\u00cdNMINT\u00c1IMR\u00d3L SOK SZ\u00cdNB\u0150L LEHET V\u00c1LASZTANI, AZOKAT K\u00c9R\u00c9SRE \u00c1TK\u00dcLD\u00d6M.\n\nRENDEL\u00c9S ESET\u00c9N AZ ELK\u00c9SZ\u00cdT\u00c9SI ID\u0150 K\u00d6R\u00dcLBEL\u00dcL 3 H\u00c9T, DE K\u00c9RDEZZ R\u00c1 A K\u00c9SZLETRE, H\u00c1THA VAN EL\u00c9G MENNYIS\u00c9G AMIT SZERETN\u00c9L. \n\nNagyon j\u00f3 fog\u00e1s\u00fa, k\u00e9nyelmes, er\u0151s, massz\u00edv d\u00edsze a b\u00fatornak, csak fel kell csavarozni \u00e9s k\u00e9sz. \n\nAz anyacsavar er\u0151s k\u00e9tkomponens\u0171 ragaszt\u00f3val van beleragasztva.\nIgazi b\u00fator\u00e9kszerek.\nCsavart is adok hozz\u00e1, egy egyszer\u0171 b\u00fatort is feldobnak, egyediv\u00e9 tesznek.\n\nTeteje: 3 x 3 cm, magass\u00e1ga: 2,6 cm.\n\n","price":"2300.00","unit":"db","recommended":"0","status":"1","sponsored":"0","exp_notify":"0","own_material":"0","own_material_description_old":null,"own_material_description":"","jury":"0","jury_number":"","product_nature":"","meskaracsony":"0","create_date":"2026-01-27 12:39:51","shelve_id":"0","image":"sagievakeramia_product_191238_250201112924_370642.jpeg","image_width":"480","image_height":"529","image_alt":"B\u00daTORGOMB (b\u00fatorfoganty\u00fa) kicsi, Feh\u00e9r agyagmassz\u00e1b\u00f3l k\u00e9sz\u00fcltek ezek az egyenes oldal\u00fa, kicsit homor\u00fa tetej\u0171 mini b\u00fatorgombok. \\nKicsi..., Meska","image_title":"B\u00daTORGOMB (b\u00fatorfoganty\u00fa) kicsi, Meska","view_count":"561","favourite_count":"0","trending_score":"0","last2MonthFavouriteCount":"0","promotion":"0","giftcard_accept":"1","creditcard_accept":false,"enhanced_background":"0","domain":"meska","specific_customer_id":null,"specific_customer_name":null,"to_order_product":"0","to_order_product_time":"0","product_different":null,"product_different_description":"","vintage":"0","vintage_category_id":"0","recycled":"0","gemstone_id":"0","customizable":"0","type_category":"physical","zerowaste":"0","postage_price":"1290.00","shop_order":"0","has_category":"1","landing_pages":null,"microdata":{"number":60,"category":""},"title":"B\u00daTORGOMB (b\u00fatorfoganty\u00fa) kicsi","description":"Feh\u00e9r agyagmassz\u00e1b\u00f3l k\u00e9sz\u00fcltek ezek az egyenes oldal\u00fa, kicsit homor\u00fa tetej\u0171 mini b\u00fatorgombok. \nKicsi, form\u00e1s, massz\u00edv.\n\nRENDEL\u00c9SRE DOLGOZOM, NINCS NAGY K\u00c9SZLETEM - P\u00c1R DARAB VAN K\u00c9SZLETEN MINDEGYIK B\u00daTORGOMBB\u00d3L -, DE B\u00c1RMENNYIT ELK\u00c9SZ\u00cdTEK B\u00c1RMILYEN SZ\u00cdNBEN. \n\nSZ\u00cdNMINT\u00c1IMR\u00d3L SOK SZ\u00cdNB\u0150L LEHET V\u00c1LASZTANI, AZOKAT K\u00c9R\u00c9SRE \u00c1TK\u00dcLD\u00d6M.\n\nRENDEL\u00c9S ESET\u00c9N AZ ELK\u00c9SZ\u00cdT\u00c9SI ID\u0150 K\u00d6R\u00dcLBEL\u00dcL 3 H\u00c9T, DE K\u00c9RDEZZ R\u00c1 A K\u00c9SZLETRE, H\u00c1THA VAN EL\u00c9G MENNYIS\u00c9G AMIT SZERETN\u00c9L. \n\nNagyon j\u00f3 fog\u00e1s\u00fa, k\u00e9nyelmes, er\u0151s, massz\u00edv d\u00edsze a b\u00fatornak, csak fel kell csavarozni \u00e9s k\u00e9sz. \n\nAz anyacsavar er\u0151s k\u00e9tkomponens\u0171 ragaszt\u00f3val van beleragasztva.\nIgazi b\u00fator\u00e9kszerek.\nCsavart is adok hozz\u00e1, egy egyszer\u0171 b\u00fatort is feldobnak, egyediv\u00e9 tesznek.\n\nTeteje: 3 x 3 cm, magass\u00e1ga: 2,6 cm.\n\n","score":0,"formatted_price":"2 300 Ft","image_url":"https:\/\/www.meska.hu\/img\/product\/small\/s\/a\/sagievakeramia_product_191238_250201112924_370642.jpeg","formatted_url":"https:\/\/www.meska.hu\/p5490421-butorgomb-mini","favourite":false,"in_stock":true,"avatar":"Cimpa1980_avatar_191238_1663425900.jpg","delete_from":0,"is_enhanced_background":false,"is_enhanced":false,"product_selection_started":false,"is_active":true,"image_webp_url":"https:\/\/www.meska.hu\/img\/product\/small\/s\/a\/sagievakeramia_product_191238_250201112924_370642.webp"},{"id":"5415022","shop_id":"39808","user_id":"552028","shop_name":"Taramuhelye","shop_zip":"8900","product_code":"5330032","product_name_old":null,"product_name":"Pad, \u00fcl\u0151ke vintage","category_string":"Otthon & \u00c9letm\u00f3d, B\u00fator, Sz\u00e9k & Fotel","technic_string":"Varr\u00e1s","category_1":"813","category_2":"313","category_3":"559","category_4":"0","merged_category_1":null,"merged_category_2":null,"merged_category_3":null,"technic_1":"506","technic_2":"0","technic_3":"0","color_1":"515","color_2":"521","color_3":"523","product_description_old":null,"product_description":"Teljesen \u00faj, vintage pad \u00fcl\u0151ke. A l\u00e1bai feh\u00e9res uszad\u00e9k jelleg\u0171 fest\u00e9ssel \u00e9s viasz fel\u00fcletkezel\u00e9ssel k\u00e9sz\u00fcltek. A k\u00e1rpit antik, k\u00e9zzel sz\u0151tt v\u00e1szon,    90cm hossz\u00fa,  37 cm sz\u00e9les 47cm magas. Bp-re \u00e1tad\u00e1ssal ingyen tudom k\u00fcldeni, de posta fut\u00e1r is megoldhat\u00f3.","price":"69000.00","unit":"db","recommended":"0","status":"1","sponsored":"0","exp_notify":"0","own_material":"0","own_material_description_old":null,"own_material_description":"","jury":"0","jury_number":"","product_nature":"","meskaracsony":"0","create_date":"2026-01-23 20:12:43","shelve_id":"0","image":"taramuhelye_product_552028_240720114854_84573.jpeg","image_width":"480","image_height":"517","image_alt":"Pad, \u00fcl\u0151ke vintage, Teljesen \u00faj, vintage pad \u00fcl\u0151ke. A l\u00e1bai feh\u00e9res uszad\u00e9k jelleg\u0171 fest\u00e9ssel \u00e9s viasz fel\u00fcletkezel\u00e9ssel..., Meska","image_title":"Pad, \u00fcl\u0151ke vintage, Meska","view_count":"1108","favourite_count":"0","trending_score":"0","last2MonthFavouriteCount":"0","promotion":"0","giftcard_accept":"0","creditcard_accept":false,"enhanced_background":"0","domain":"meska","specific_customer_id":null,"specific_customer_name":null,"to_order_product":"1","to_order_product_time":"10","product_different":null,"product_different_description":"","vintage":"0","vintage_category_id":"0","recycled":"1","gemstone_id":"0","customizable":"0","type_category":"physical","zerowaste":"1","postage_price":"3260.00","shop_order":"0","has_category":"1","landing_pages":null,"microdata":{"number":61,"category":""},"title":"Pad, \u00fcl\u0151ke vintage","description":"Teljesen \u00faj, vintage pad \u00fcl\u0151ke. A l\u00e1bai feh\u00e9res uszad\u00e9k jelleg\u0171 fest\u00e9ssel \u00e9s viasz fel\u00fcletkezel\u00e9ssel k\u00e9sz\u00fcltek. A k\u00e1rpit antik, k\u00e9zzel sz\u0151tt v\u00e1szon,    90cm hossz\u00fa,  37 cm sz\u00e9les 47cm magas. Bp-re \u00e1tad\u00e1ssal ingyen tudom k\u00fcldeni, de posta fut\u00e1r is megoldhat\u00f3.","score":0,"formatted_price":"69 000 Ft","image_url":"https:\/\/www.meska.hu\/img\/product\/small\/t\/a\/taramuhelye_product_552028_240720114854_84573.jpeg","formatted_url":"https:\/\/www.meska.hu\/p5330032-vintage-pad-uloke","favourite":false,"in_stock":false,"avatar":"552028_avatar_1673782385.png","delete_from":0,"is_enhanced_background":false,"is_enhanced":false,"product_selection_started":false,"is_active":true,"image_webp_url":"https:\/\/www.meska.hu\/img\/product\/small\/t\/a\/taramuhelye_product_552028_240720114854_84573.webp"},{"id":"3425569","shop_id":"7767","user_id":"34210","shop_name":"hermareszdekor","shop_zip":"4551","product_code":"4037138","product_name_old":null,"product_name":"FENY\u0150 FALIPOLC K\u00d6NYVESPOLC ","category_string":"Otthon & \u00c9letm\u00f3d, B\u00fator, Polc","technic_string":"Famegmunk\u00e1l\u00e1s, Festett t\u00e1rgyak","category_1":"813","category_2":"313","category_3":"560","category_4":"0","merged_category_1":"0","merged_category_2":"0","merged_category_3":"785","technic_1":"478","technic_2":"481","technic_3":"0","color_1":"519","color_2":"523","color_3":"525","product_description_old":null,"product_description":"Feny\u0151fa fali k\u00f6nyvespolc \n\nHermaresz dekor\n\n\nFeny\u0151f\u00e1b\u00f3l k\u00e9sz\u00fclt k\u00e9zzel festett falipolc\n\n\nSz\u00e9p egyszer\u0171 aj\u00e1nd\u00e9k mely nagyon hasznos is:)\n\nFeny\u0151 alapanyagb\u00f3l k\u00e9sz\u00fclt egyedi k\u00e9zi dekor\u00e1l\u00e1ssal.\n\n\nT\u00f6bbsz\u00f6r\u00f6sen le van lakkozva!\n\nM\u00e9rete:\n\n\nteljes sz\u00e9less\u00e9ge:80cm\n\n\npolc m\u00e9lys\u00e9ge: 20cm\n\nA polc magass\u00e1ga a mint\u00e1t\u00f3l f\u00fcgg!\n\n\nNagyobb m\u00e9retben is elk\u00e9sz\u00edtem ,az \u00e1r\u00e1r\u00f3l \u00fczenetben \u00e9rdekl\u0151dhetsz!\n\n\nK\u00e9r\u00e9sre m\u00e1s mint\u00e1val is elk\u00e9sz\u00edtem!\n\n\nMEGRENDEL\u00c9SRE K\u00c9SZ\u00cdTEM 5 MUNKANAP ALATT (EL\u0150FORDULHAT HOGY VAN K\u00c9SZLETEN AKKOR EZ AZ ID\u0150 LER\u00d6VID\u00dcL,B\u00c1TRAN K\u00c9RDEZZ!)\n\n\nK\u00c9RLEK LICIT\u00c1L\u00c1SKOR VEDD FIGYELEMBE. a V\u00c9TEL\u00c1RAT 3 MUNKANAPON BEL\u00dcL K\u00c9REM ,VAGY EL\u0150ZETES EGYEZTET\u00c9S UT\u00c1N VAN LEHET\u0150S\u00c9G HALASZT\u00c1SRA.\n\n\nPOSTA A Magyar posta d\u00edjszab\u00e1s\u00e1nak megfelel\u0151en, kiz\u00e1r\u00f3lag el\u0151re utal\u00e1s ut\u00e1n!\n\n\n SZEM\u00c9LYESEN NY\u00cdREGYH\u00c1Z\u00c1N VEHET\u0150 \u00c1T!\n\n\nN\u00c9ZZ SZ\u00c9T N\u00c1LAM SOK TERM\u00c9KET T\u00d6LT\u00d6K FEL!\n\n\nS\u00e1mli, gyerekszobai \u00f3ra, magass\u00e1gm\u00e9r\u0151, kincsesl\u00e1da stb...","price":"24500.00","unit":"db","recommended":"0","status":"1","sponsored":"0","exp_notify":"0","own_material":"0","own_material_description_old":null,"own_material_description":"","jury":"0","jury_number":"","product_nature":"","meskaracsony":"0","create_date":"2026-01-21 17:56:25","shelve_id":"21456","image":"hermareszdekor_product_34210_210215180907_431886.jpeg","image_width":"480","image_height":"233","image_alt":"FENY\u0150 FALIPOLC K\u00d6NYVESPOLC , Feny\u0151fa fali k\u00f6nyvespolc \\n\\nHermaresz dekor\\n\\n\\nFeny\u0151f\u00e1b\u00f3l k\u00e9sz\u00fclt k\u00e9zzel festett falipolc\\n\\n\\nSz\u00e9p egysz..., Meska","image_title":"FENY\u0150 FALIPOLC K\u00d6NYVESPOLC , Meska","view_count":"1044","favourite_count":"0","trending_score":"0","last2MonthFavouriteCount":"0","promotion":"0","giftcard_accept":"1","creditcard_accept":false,"enhanced_background":"0","domain":"meska","specific_customer_id":null,"specific_customer_name":null,"to_order_product":"1","to_order_product_time":"10","product_different":null,"product_different_description":"","vintage":"0","vintage_category_id":"0","recycled":"0","gemstone_id":"0","customizable":"0","type_category":"physical","zerowaste":"0","postage_price":"4500.00","shop_order":"0","has_category":"1","landing_pages":null,"microdata":{"number":62,"category":""},"title":"FENY\u0150 FALIPOLC K\u00d6NYVESPOLC ","description":"Feny\u0151fa fali k\u00f6nyvespolc \n\nHermaresz dekor\n\n\nFeny\u0151f\u00e1b\u00f3l k\u00e9sz\u00fclt k\u00e9zzel festett falipolc\n\n\nSz\u00e9p egyszer\u0171 aj\u00e1nd\u00e9k mely nagyon hasznos is:)\n\nFeny\u0151 alapanyagb\u00f3l k\u00e9sz\u00fclt egyedi k\u00e9zi dekor\u00e1l\u00e1ssal.\n\n\nT\u00f6bbsz\u00f6r\u00f6sen le van lakkozva!\n\nM\u00e9rete:\n\n\nteljes sz\u00e9less\u00e9ge:80cm\n\n\npolc m\u00e9lys\u00e9ge: 20cm\n\nA polc magass\u00e1ga a mint\u00e1t\u00f3l f\u00fcgg!\n\n\nNagyobb m\u00e9retben is elk\u00e9sz\u00edtem ,az \u00e1r\u00e1r\u00f3l \u00fczenetben \u00e9rdekl\u0151dhetsz!\n\n\nK\u00e9r\u00e9sre m\u00e1s mint\u00e1val is elk\u00e9sz\u00edtem!\n\n\nMEGRENDEL\u00c9SRE K\u00c9SZ\u00cdTEM 5 MUNKANAP ALATT (EL\u0150FORDULHAT HOGY VAN K\u00c9SZLETEN AKKOR EZ AZ ID\u0150 LER\u00d6VID\u00dcL,B\u00c1TRAN K\u00c9RDEZZ!)\n\n\nK\u00c9RLEK LICIT\u00c1L\u00c1SKOR VEDD FIGYELEMBE. a V\u00c9TEL\u00c1RAT 3 MUNKANAPON BEL\u00dcL K\u00c9REM ,VAGY EL\u0150ZETES EGYEZTET\u00c9S UT\u00c1N VAN LEHET\u0150S\u00c9G HALASZT\u00c1SRA.\n\n\nPOSTA A Magyar posta d\u00edjszab\u00e1s\u00e1nak megfelel\u0151en, kiz\u00e1r\u00f3lag el\u0151re utal\u00e1s ut\u00e1n!\n\n\n SZEM\u00c9LYESEN NY\u00cdREGYH\u00c1Z\u00c1N VEHET\u0150 \u00c1T!\n\n\nN\u00c9ZZ SZ\u00c9T N\u00c1LAM SOK TERM\u00c9KET T\u00d6LT\u00d6K FEL!\n\n\nS\u00e1mli, gyerekszobai \u00f3ra, magass\u00e1gm\u00e9r\u0151, kincsesl\u00e1da stb...","score":0,"formatted_price":"24 500 Ft","image_url":"https:\/\/www.meska.hu\/img\/product\/small\/h\/e\/hermareszdekor_product_34210_210215180907_431886.jpeg","formatted_url":"https:\/\/www.meska.hu\/p4037138-fenyo-falipolc-konyvespolc","favourite":false,"in_stock":false,"avatar":"hermareszdekor_avatar_34210_1535693442.jpg","delete_from":0,"is_enhanced_background":false,"is_enhanced":false,"product_selection_started":false,"is_active":true,"image_webp_url":"https:\/\/www.meska.hu\/img\/product\/small\/h\/e\/hermareszdekor_product_34210_210215180907_431886.webp"},{"id":"3419049","shop_id":"21192","user_id":"217844","shop_name":"timika111","shop_zip":"94701","product_code":"3350371","product_name_old":null,"product_name":"Polc - red flowers","category_string":"Otthon & \u00c9letm\u00f3d, B\u00fator, Polc","technic_string":"Famegmunk\u00e1l\u00e1s, Festett t\u00e1rgyak","category_1":"813","category_2":"313","category_3":"560","category_4":"0","merged_category_1":"0","merged_category_2":"0","merged_category_3":"785","technic_1":"478","technic_2":"481","technic_3":"0","color_1":"514","color_2":"519","color_3":"523","product_description_old":null,"product_description":"A  polc egy eredeti vintage st\u00edlus\u00fa kieg\u00e9sz\u00edt\u0151, jellegzetesen patin\u00e1zott, hogy vintage hat\u00e1st keltsen. A fest\u00e9k t\u00f6bb r\u00e9tegben van felhordva, majd le van csiszolva \u00e9s viasszal van fix\u00e1lva.  A felfogat\u00e1s\u00e1hoz k\u00e9t darab kamp\u00f3 van a h\u00e1tulj\u00e1ra er\u0151s\u00edtve. \nRoppant praktikus \u00e9s mutat\u00f3s lehet konyh\u00e1ba, erk\u00e9lyen, teraszon...  A polc \u00faj f\u00e1b\u00f3l van k\u00e9sz\u00edtve (lucfeny\u0151, bor\u00f3kafeny\u0151). Amennyiben hasonl\u00f3, de m\u00e1s sz\u00edn\u0171, illetve m\u00e9ret\u0171 term\u00e9k ir\u00e1nt \u00e9rdekl\u0151dne, biztosan meg tudunk egyezni.   \nM\u00e9ret: Magass\u00e1g 80cm\/sz\u00e9less\u00e9g 42cm\/ polc m\u00e9lys\u00e9ge15cm","price":"25200.00","unit":"db","recommended":"0","status":"1","sponsored":"0","exp_notify":"0","own_material":"0","own_material_description_old":null,"own_material_description":"","jury":"0","jury_number":"","product_nature":"","meskaracsony":"0","create_date":"2026-01-19 14:42:18","shelve_id":"0","image":"timika111_product_217844_190221080224_428340.jpeg","image_width":"480","image_height":"706","image_alt":"Polc - red flowers, A  polc egy eredeti vintage st\u00edlus\u00fa kieg\u00e9sz\u00edt\u0151, jellegzetesen patin\u00e1zott, hogy vintage hat\u00e1st keltse..., Meska","image_title":"Polc - red flowers, Meska","view_count":"1832","favourite_count":"0","trending_score":"0","last2MonthFavouriteCount":"0","promotion":"0","giftcard_accept":"0","creditcard_accept":false,"enhanced_background":"0","domain":"meska","specific_customer_id":null,"specific_customer_name":null,"to_order_product":"1","to_order_product_time":"14","product_different":"quite_different","product_different_description":"A fa csiszol\u00e1s\u00e1val elt\u00e9r\u00f3 patina alakul ki. ","vintage":"0","vintage_category_id":"0","recycled":"0","gemstone_id":"0","customizable":"0","type_category":"physical","zerowaste":"0","postage_price":"7200.00","shop_order":"0","has_category":"1","landing_pages":null,"microdata":{"number":63,"category":""},"title":"Polc - red flowers","description":"A  polc egy eredeti vintage st\u00edlus\u00fa kieg\u00e9sz\u00edt\u0151, jellegzetesen patin\u00e1zott, hogy vintage hat\u00e1st keltsen. A fest\u00e9k t\u00f6bb r\u00e9tegben van felhordva, majd le van csiszolva \u00e9s viasszal van fix\u00e1lva.  A felfogat\u00e1s\u00e1hoz k\u00e9t darab kamp\u00f3 van a h\u00e1tulj\u00e1ra er\u0151s\u00edtve. \nRoppant praktikus \u00e9s mutat\u00f3s lehet konyh\u00e1ba, erk\u00e9lyen, teraszon...  A polc \u00faj f\u00e1b\u00f3l van k\u00e9sz\u00edtve (lucfeny\u0151, bor\u00f3kafeny\u0151). Amennyiben hasonl\u00f3, de m\u00e1s sz\u00edn\u0171, illetve m\u00e9ret\u0171 term\u00e9k ir\u00e1nt \u00e9rdekl\u0151dne, biztosan meg tudunk egyezni.   \nM\u00e9ret: Magass\u00e1g 80cm\/sz\u00e9less\u00e9g 42cm\/ polc m\u00e9lys\u00e9ge15cm","score":0,"formatted_price":"25 200 Ft","image_url":"https:\/\/www.meska.hu\/img\/product\/small\/t\/i\/timika111_product_217844_190221080224_428340.jpeg","formatted_url":"https:\/\/www.meska.hu\/p3350371-polc-red-flowers","favourite":false,"in_stock":false,"avatar":"timika111_avatar_217844.jpg","delete_from":0,"is_enhanced_background":false,"is_enhanced":false,"product_selection_started":false,"is_active":true,"image_webp_url":"https:\/\/www.meska.hu\/img\/product\/small\/t\/i\/timika111_product_217844_190221080224_428340.webp"},{"id":"6080325","shop_id":"5717","user_id":"22705","shop_name":"argyelus","shop_zip":"7020","product_code":"5709356","product_name_old":null,"product_name":"Csodaszarvasos s\u00e1m\u00e1nl\u00e1da, tulip\u00e1nos l\u00e1da ","category_string":"Otthon & \u00c9letm\u00f3d, B\u00fator, M\u00e1s b\u00fator","technic_string":"Fest\u00e9szet","category_1":"813","category_2":"313","category_3":"935","category_4":"0","merged_category_1":null,"merged_category_2":null,"merged_category_3":null,"technic_1":"480","technic_2":"0","technic_3":"0","color_1":"514","color_2":"523","color_3":"0","product_description_old":null,"product_description":"Tulip\u00e1nos l\u00e1da \n\nTULIP\u00c1NOS L\u00c1DA RENDELHET\u0150! \n\u00c9kes, gazdagon d\u00edsz\u00edtett \u00e9s festett tulip\u00e1nos l\u00e1da rendelhet\u0151 t\u00f6bbf\u00e9le sz\u00ednben, v\u00e1ltozatos mot\u00edvumvil\u00e1ggal, bels\u0151 felirattal, \u00e9vsz\u00e1mmal. A l\u00e1d\u00e1k lakkozottak, vir\u00e1goztat\u00e1suk kiindul\u00f3pontja a magyar n\u00e9pm\u0171v\u00e9szet formakincse. \nValamennyi tulip\u00e1nos l\u00e1da egyedi, \u00e1ltalam tervezett \u00e9s festett k\u00e9pz\u0151m\u0171v\u00e9szeti alkot\u00e1s. \nA tulip\u00e1nos l\u00e1da \u00e1ra elk\u00e9pzel\u00e9sek szerint m\u00f3dosulhat. \nAz elk\u00e9sz\u00fclt tulip\u00e1nos l\u00e1da \u00e1tv\u00e9tele szem\u00e9lyesen a legbiztons\u00e1gosabb.","price":"195000.00","unit":"db","recommended":"0","status":"1","sponsored":"0","exp_notify":"0","own_material":"0","own_material_description_old":null,"own_material_description":"","jury":"0","jury_number":"","product_nature":"","meskaracsony":"0","create_date":"2026-01-17 21:07:01","shelve_id":"10667","image":"argyelus_product_22705_260117210541_876632.jpeg","image_width":"480","image_height":"307","image_alt":"Csodaszarvasos s\u00e1m\u00e1nl\u00e1da, tulip\u00e1nos l\u00e1da , Tulip\u00e1nos l\u00e1da \\n\\nTULIP\u00c1NOS L\u00c1DA RENDELHET\u0150! \\n\u00c9kes, gazdagon d\u00edsz\u00edtett \u00e9s festett tulip\u00e1nos l\u00e1da rend..., Meska","image_title":"Csodaszarvasos s\u00e1m\u00e1nl\u00e1da, tulip\u00e1nos l\u00e1da , Meska","view_count":"107","favourite_count":"0","trending_score":"0","last2MonthFavouriteCount":"0","promotion":"0","giftcard_accept":"0","creditcard_accept":false,"enhanced_background":"0","domain":"meska","specific_customer_id":null,"specific_customer_name":null,"to_order_product":"1","to_order_product_time":"60","product_different":null,"product_different_description":"","vintage":"0","vintage_category_id":"0","recycled":"0","gemstone_id":"0","customizable":"1","type_category":"physical","zerowaste":"0","postage_price":"0.00","shop_order":"0","has_category":"1","landing_pages":null,"microdata":{"number":64,"category":""},"title":"Csodaszarvasos s\u00e1m\u00e1nl\u00e1da, tulip\u00e1nos l\u00e1da ","description":"Tulip\u00e1nos l\u00e1da \n\nTULIP\u00c1NOS L\u00c1DA RENDELHET\u0150! \n\u00c9kes, gazdagon d\u00edsz\u00edtett \u00e9s festett tulip\u00e1nos l\u00e1da rendelhet\u0151 t\u00f6bbf\u00e9le sz\u00ednben, v\u00e1ltozatos mot\u00edvumvil\u00e1ggal, bels\u0151 felirattal, \u00e9vsz\u00e1mmal. A l\u00e1d\u00e1k lakkozottak, vir\u00e1goztat\u00e1suk kiindul\u00f3pontja a magyar n\u00e9pm\u0171v\u00e9szet formakincse. \nValamennyi tulip\u00e1nos l\u00e1da egyedi, \u00e1ltalam tervezett \u00e9s festett k\u00e9pz\u0151m\u0171v\u00e9szeti alkot\u00e1s. \nA tulip\u00e1nos l\u00e1da \u00e1ra elk\u00e9pzel\u00e9sek szerint m\u00f3dosulhat. \nAz elk\u00e9sz\u00fclt tulip\u00e1nos l\u00e1da \u00e1tv\u00e9tele szem\u00e9lyesen a legbiztons\u00e1gosabb.","score":0,"formatted_price":"195 000 Ft","image_url":"https:\/\/www.meska.hu\/img\/product\/small\/a\/r\/argyelus_product_22705_260117210541_876632.jpeg","formatted_url":"https:\/\/www.meska.hu\/p5709356-cimerfestes-kezzel-festett-csaladi-cimerek","favourite":false,"in_stock":false,"avatar":"argyelus_avatar_22705_1655313871.jpg","delete_from":0,"is_enhanced_background":false,"is_enhanced":false,"product_selection_started":false,"is_active":true,"image_webp_url":"https:\/\/www.meska.hu\/img\/product\/small\/a\/r\/argyelus_product_22705_260117210541_876632.webp"},{"id":"3420716","shop_id":"4329","user_id":"15761","shop_name":"GabrielArt","shop_zip":"4027","product_code":"2372075","product_name_old":null,"product_name":"Sziv\u00e1rv\u00e1ny babzs\u00e1kfotel","category_string":"Otthon & \u00c9letm\u00f3d, B\u00fator, Babzs\u00e1k puff, Babzs\u00e1k","technic_string":"Varr\u00e1s","category_1":"813","category_2":"313","category_3":"1719","category_4":"777","merged_category_1":"0","merged_category_2":"0","merged_category_3":"785","technic_1":"506","technic_2":"0","technic_3":"0","color_1":"521","color_2":"523","color_3":"526","product_description_old":null,"product_description":"\u00c9l\u00e9nk sz\u00ednekkel k\u00e9sz\u00fclt a babzsi, 6 cikkes g\u00f6mb\u00f6c form\u00e1j\u00fa.\r\nDupla huzatos, bel\u00fcl is er\u0151s anyagb\u00f3l k\u00e9sz\u00fclt, ut\u00e1nt\u00f6lthet\u0151.\r\nM\u00e9rete: 100x40cm.","price":"31800.00","unit":"db","recommended":"0","status":"1","sponsored":"0","exp_notify":"0","own_material":"0","own_material_description_old":null,"own_material_description":"","jury":"0","jury_number":"","product_nature":"","meskaracsony":"0","create_date":"2026-01-17 12:31:10","shelve_id":"8465","image":"gabrielart_product_15761_210422112140_256868.jpeg","image_width":"480","image_height":"438","image_alt":"Sziv\u00e1rv\u00e1ny babzs\u00e1kfotel, \u00c9l\u00e9nk sz\u00ednekkel k\u00e9sz\u00fclt a babzsi, 6 cikkes g\u00f6mb\u00f6c form\u00e1j\u00fa.\\r\\nDupla huzatos, bel\u00fcl is er\u0151s anyagb\u00f3l k\u00e9..., Meska","image_title":"Sziv\u00e1rv\u00e1ny babzs\u00e1kfotel, Meska","view_count":"2015","favourite_count":"0","trending_score":"0","last2MonthFavouriteCount":"0","promotion":"0","giftcard_accept":"0","creditcard_accept":false,"enhanced_background":"0","domain":"meska","specific_customer_id":null,"specific_customer_name":null,"to_order_product":"0","to_order_product_time":"0","product_different":null,"product_different_description":"","vintage":"0","vintage_category_id":"0","recycled":"0","gemstone_id":"0","customizable":"0","type_category":"physical","zerowaste":"0","postage_price":"3990.00","shop_order":"520","has_category":"1","landing_pages":null,"microdata":{"number":65,"category":""},"title":"Sziv\u00e1rv\u00e1ny babzs\u00e1kfotel","description":"\u00c9l\u00e9nk sz\u00ednekkel k\u00e9sz\u00fclt a babzsi, 6 cikkes g\u00f6mb\u00f6c form\u00e1j\u00fa.\r\nDupla huzatos, bel\u00fcl is er\u0151s anyagb\u00f3l k\u00e9sz\u00fclt, ut\u00e1nt\u00f6lthet\u0151.\r\nM\u00e9rete: 100x40cm.","score":0,"formatted_price":"31 800 Ft","image_url":"https:\/\/www.meska.hu\/img\/product\/small\/g\/a\/gabrielart_product_15761_210422112140_256868.jpeg","formatted_url":"https:\/\/www.meska.hu\/p2372075-szivarvany-babzsakfotel","favourite":false,"in_stock":true,"avatar":"GabrielArt_avatar_15761_1585229139.jpg","delete_from":0,"is_enhanced_background":false,"is_enhanced":false,"product_selection_started":false,"is_active":true,"image_webp_url":"https:\/\/www.meska.hu\/img\/product\/small\/g\/a\/gabrielart_product_15761_210422112140_256868.webp"},{"id":"6073270","shop_id":"4329","user_id":"15761","shop_name":"GabrielArt","shop_zip":"4027","product_code":"5702825","product_name_old":null,"product_name":"Mini kuck\u00f3 gyerek babzs\u00e1kfotel \u2013 j\u00e1rm\u0171ves mint\u00e1val","category_string":"Otthon & \u00c9letm\u00f3d, B\u00fator, Babzs\u00e1k, Babzs\u00e1kfotel ","technic_string":"Varr\u00e1s","category_1":"813","category_2":"313","category_3":"777","category_4":"1718","merged_category_1":null,"merged_category_2":null,"merged_category_3":null,"technic_1":"506","technic_2":"0","technic_3":"0","color_1":"532","color_2":"568","color_3":"523","product_description_old":null,"product_description":"A mini kuck\u00f3 gyerek babzs\u00e1kfotel kifejezetten a kisebbek m\u00e9ret\u00e9hez \u00e9s ig\u00e9nyeihez lett kialak\u00edtva.\nA sz\u00ednes, utakkal \u00e9s j\u00e1rm\u0171vekkel d\u00edsz\u00edtett huzat j\u00e1t\u00e9kos hangulatot visz a gyerekszob\u00e1ba, mik\u00f6zben \u00fcl\u0151b\u00fatork\u00e9nt is j\u00f3l haszn\u00e1lhat\u00f3.\nA babzs\u00e1k t\u00f6ltete felveszi a test form\u00e1j\u00e1t, \u00edgy k\u00e9nyelmes \u00fcl\u00e9st biztos\u00edt olvas\u00e1shoz, rajzol\u00e1shoz vagy t\u00e9v\u00e9n\u00e9z\u00e9shez.\nKompakt m\u00e9rete miatt kev\u00e9s helyet foglal, m\u00e9gis stabil tart\u00e1st ad a gyerekeknek.\nK\u00f6nny\u0171 s\u00faly\u00e1nak k\u00f6sz\u00f6nhet\u0151en egyszer\u0171en mozgathat\u00f3, \u00edgy a gyerekek maguk is \u00e1trendezhetik a szob\u00e1t j\u00e1t\u00e9k k\u00f6zben.\nPraktikus v\u00e1laszt\u00e1s mindennapi haszn\u00e1latra, ahol fontos a k\u00e9nyelem \u00e9s a vid\u00e1m megjelen\u00e9s.\nSz\u00e9less\u00e9g 50 cm, m\u00e9lys\u00e9g 55 cm, magass\u00e1g 60 cm\n\nDupla huzatos, ut\u00e1nt\u00f6lthet\u0151.\n","price":"19800.00","unit":"db","recommended":"0","status":"1","sponsored":"0","exp_notify":"0","own_material":"0","own_material_description_old":null,"own_material_description":"","jury":"0","jury_number":"","product_nature":"","meskaracsony":"0","create_date":"2026-01-16 12:15:59","shelve_id":"8465","image":"gabrielart_product_15761_260116121954_52998.png","image_width":"480","image_height":"480","image_alt":"Mini kuck\u00f3 gyerek babzs\u00e1kfotel \u2013 j\u00e1rm\u0171ves mint\u00e1val, A mini kuck\u00f3 gyerek babzs\u00e1kfotel kifejezetten a kisebbek m\u00e9ret\u00e9hez \u00e9s ig\u00e9nyeihez lett kialak\u00edtva.\\nA ..., Meska","image_title":"Mini kuck\u00f3 gyerek babzs\u00e1kfotel \u2013 j\u00e1rm\u0171ves mint\u00e1val, Meska","view_count":"108","favourite_count":"0","trending_score":"0","last2MonthFavouriteCount":"0","promotion":"0","giftcard_accept":"0","creditcard_accept":false,"enhanced_background":"0","domain":"meska","specific_customer_id":null,"specific_customer_name":null,"to_order_product":"0","to_order_product_time":"0","product_different":null,"product_different_description":"","vintage":"0","vintage_category_id":"0","recycled":"0","gemstone_id":"0","customizable":"0","type_category":"physical","zerowaste":"0","postage_price":"2990.00","shop_order":"53","has_category":"1","landing_pages":null,"microdata":{"number":66,"category":""},"title":"Mini kuck\u00f3 gyerek babzs\u00e1kfotel \u2013 j\u00e1rm\u0171ves mint\u00e1val","description":"A mini kuck\u00f3 gyerek babzs\u00e1kfotel kifejezetten a kisebbek m\u00e9ret\u00e9hez \u00e9s ig\u00e9nyeihez lett kialak\u00edtva.\nA sz\u00ednes, utakkal \u00e9s j\u00e1rm\u0171vekkel d\u00edsz\u00edtett huzat j\u00e1t\u00e9kos hangulatot visz a gyerekszob\u00e1ba, mik\u00f6zben \u00fcl\u0151b\u00fatork\u00e9nt is j\u00f3l haszn\u00e1lhat\u00f3.\nA babzs\u00e1k t\u00f6ltete felveszi a test form\u00e1j\u00e1t, \u00edgy k\u00e9nyelmes \u00fcl\u00e9st biztos\u00edt olvas\u00e1shoz, rajzol\u00e1shoz vagy t\u00e9v\u00e9n\u00e9z\u00e9shez.\nKompakt m\u00e9rete miatt kev\u00e9s helyet foglal, m\u00e9gis stabil tart\u00e1st ad a gyerekeknek.\nK\u00f6nny\u0171 s\u00faly\u00e1nak k\u00f6sz\u00f6nhet\u0151en egyszer\u0171en mozgathat\u00f3, \u00edgy a gyerekek maguk is \u00e1trendezhetik a szob\u00e1t j\u00e1t\u00e9k k\u00f6zben.\nPraktikus v\u00e1laszt\u00e1s mindennapi haszn\u00e1latra, ahol fontos a k\u00e9nyelem \u00e9s a vid\u00e1m megjelen\u00e9s.\nSz\u00e9less\u00e9g 50 cm, m\u00e9lys\u00e9g 55 cm, magass\u00e1g 60 cm\n\nDupla huzatos, ut\u00e1nt\u00f6lthet\u0151.\n","score":0,"formatted_price":"19 800 Ft","image_url":"https:\/\/www.meska.hu\/img\/product\/small\/g\/a\/gabrielart_product_15761_260116121954_52998.png","formatted_url":"https:\/\/www.meska.hu\/p5702825-mini-kucko-gyerek-babzsakfotel-jarmuves-mintaval","favourite":false,"in_stock":true,"avatar":"GabrielArt_avatar_15761_1585229139.jpg","delete_from":0,"is_enhanced_background":false,"is_enhanced":false,"product_selection_started":false,"is_active":true,"image_webp_url":"https:\/\/www.meska.hu\/img\/product\/small\/g\/a\/gabrielart_product_15761_260116121954_52998.webp"},{"id":"3071084","shop_id":"31358","user_id":"399134","shop_name":"kreativfa","shop_zip":"8000","product_code":"4684710","product_name_old":null,"product_name":"\u0150szi hangulat\u00fa fali fogas","category_string":"Otthon & \u00c9letm\u00f3d, B\u00fator, Fogas","technic_string":"Famegmunk\u00e1l\u00e1s, Festett t\u00e1rgyak","category_1":"813","category_2":"313","category_3":"932","category_4":"0","merged_category_1":null,"merged_category_2":null,"merged_category_3":null,"technic_1":"478","technic_2":"481","technic_3":"0","color_1":"518","color_2":"523","color_3":"529","product_description_old":null,"product_description":"Mahag\u00f3ni alapon, lakkozott, pirogr\u00e1ffal d\u00edsz\u00edtett fali fogas, 3 akaszt\u00f3s. Hagyom\u00e1nyos magyar, kalocsai mint\u00e1val d\u00edsz\u00edtve. \u0150szies hangulatban.\n\u00dajrahasznos\u00edtott l\u00e9cb\u0151l k\u00e9sz\u00fclt. \n\nEl\u0151szobai, konyhai term\u00e9k, haszn\u00e1lati t\u00e1rgy \u00e9s dekor\u00e1ci\u00f3 is egyben. \nM\u00e9rete: 65,5 * 8,5 * 1,8 cm.\nSzem\u00e9lyesen Sz\u00e9kesfeh\u00e9rv\u00e1ron vehet\u0151 \u00e1t. ","price":"6500.00","unit":"db","recommended":"0","status":"1","sponsored":"0","exp_notify":"0","own_material":"0","own_material_description_old":null,"own_material_description":"","jury":"0","jury_number":"","product_nature":"","meskaracsony":"0","create_date":"2026-01-16 04:21:15","shelve_id":"64390","image":"kreativfa_product_399134_211211132315_635829.jpeg","image_width":"480","image_height":"360","image_alt":"\u0150szi hangulat\u00fa fali fogas, Mahag\u00f3ni alapon, lakkozott, pirogr\u00e1ffal d\u00edsz\u00edtett fali fogas, 3 akaszt\u00f3s. Hagyom\u00e1nyos magyar, kalocs..., Meska","image_title":"\u0150szi hangulat\u00fa fali fogas, Meska","view_count":"606","favourite_count":"0","trending_score":"0","last2MonthFavouriteCount":"0","promotion":"0","giftcard_accept":"1","creditcard_accept":true,"enhanced_background":"0","domain":"meska","specific_customer_id":null,"specific_customer_name":null,"to_order_product":"0","to_order_product_time":"0","product_different":null,"product_different_description":"","vintage":"0","vintage_category_id":"0","recycled":"1","gemstone_id":"0","customizable":"0","type_category":"physical","zerowaste":"0","postage_price":"1349.00","shop_order":"0","has_category":"1","landing_pages":null,"microdata":{"number":67,"category":""},"title":"\u0150szi hangulat\u00fa fali fogas","description":"Mahag\u00f3ni alapon, lakkozott, pirogr\u00e1ffal d\u00edsz\u00edtett fali fogas, 3 akaszt\u00f3s. Hagyom\u00e1nyos magyar, kalocsai mint\u00e1val d\u00edsz\u00edtve. \u0150szies hangulatban.\n\u00dajrahasznos\u00edtott l\u00e9cb\u0151l k\u00e9sz\u00fclt. \n\nEl\u0151szobai, konyhai term\u00e9k, haszn\u00e1lati t\u00e1rgy \u00e9s dekor\u00e1ci\u00f3 is egyben. \nM\u00e9rete: 65,5 * 8,5 * 1,8 cm.\nSzem\u00e9lyesen Sz\u00e9kesfeh\u00e9rv\u00e1ron vehet\u0151 \u00e1t. ","score":0,"formatted_price":"6 500 Ft","image_url":"https:\/\/www.meska.hu\/img\/product\/small\/k\/r\/kreativfa_product_399134_211211132315_635829.jpeg","formatted_url":"https:\/\/www.meska.hu\/p4684710-oszi-hangulatu-fali-fogas","favourite":false,"in_stock":true,"avatar":"399134_avatar_1743155021.jpeg","delete_from":0,"is_enhanced_background":false,"is_enhanced":false,"product_selection_started":false,"is_active":true,"image_webp_url":"https:\/\/www.meska.hu\/img\/product\/small\/k\/r\/kreativfa_product_399134_211211132315_635829.webp"},{"id":"4509383","shop_id":"4329","user_id":"15761","shop_name":"GabrielArt","shop_zip":"4027","product_code":"4785356","product_name_old":null,"product_name":"Piros v\u00edzleperget\u0151s piramis babzs\u00e1k","category_string":"Otthon & \u00c9letm\u00f3d, B\u00fator, Babzs\u00e1kfotel , Babzs\u00e1k","technic_string":"Varr\u00e1s","category_1":"813","category_2":"313","category_3":"1718","category_4":"777","merged_category_1":"0","merged_category_2":"0","merged_category_3":"785","technic_1":"506","technic_2":"0","technic_3":"0","color_1":"523","color_2":"0","color_3":"0","product_description_old":null,"product_description":"Kicsiknek \u00e9s nagyoknak egyar\u00e1nt kedvence ez a babzs\u00e1kfotel fazon. Alacsony \u00fcl\u0151magass\u00e1g, sz\u00e9lesebb \u00fcl\u0151r\u00e9sz, \u00f6r\u00f6k klasszikus a babzs\u00e1kok k\u00f6z\u00f6tt.\nAnyaga: v\u00edzleperget\u0151s textil.\nDupla huzatos, a k\u00fcls\u0151 huzat levehet\u0151, moshat\u00f3, a bels\u0151 ut\u00e1nt\u00f6lthet\u0151.\nSz\u00e9less\u00e9g: 80cm, magass\u00e1g: 80cm, \u00fcl\u0151magass\u00e1g 30cm, hossz: 85cm.\nK\u00e9r\u00e9sre m\u00e1s sz\u00ednben is sz\u00edvesen elk\u00e9sz\u00edtem.\n\n","price":"39800.00","unit":"db","recommended":"0","status":"1","sponsored":"0","exp_notify":"0","own_material":"0","own_material_description_old":null,"own_material_description":"","jury":"0","jury_number":"","product_nature":"","meskaracsony":"0","create_date":"2026-01-15 16:19:47","shelve_id":"8465","image":"gabrielart_product_15761_220927151552_260635.jpeg","image_width":"480","image_height":"480","image_alt":"Piros v\u00edzleperget\u0151s piramis babzs\u00e1k, Kicsiknek \u00e9s nagyoknak egyar\u00e1nt kedvence ez a babzs\u00e1kfotel fazon. Alacsony \u00fcl\u0151magass\u00e1g, sz\u00e9lesebb \u00fcl..., Meska","image_title":"Piros v\u00edzleperget\u0151s piramis babzs\u00e1k, Meska","view_count":"888","favourite_count":"0","trending_score":"0","last2MonthFavouriteCount":"0","promotion":"0","giftcard_accept":"0","creditcard_accept":false,"enhanced_background":"0","domain":"meska","specific_customer_id":null,"specific_customer_name":null,"to_order_product":"0","to_order_product_time":"0","product_different":null,"product_different_description":"","vintage":"0","vintage_category_id":"0","recycled":"0","gemstone_id":"0","customizable":"0","type_category":"physical","zerowaste":"0","postage_price":"3990.00","shop_order":"328","has_category":"1","landing_pages":null,"microdata":{"number":68,"category":""},"title":"Piros v\u00edzleperget\u0151s piramis babzs\u00e1k","description":"Kicsiknek \u00e9s nagyoknak egyar\u00e1nt kedvence ez a babzs\u00e1kfotel fazon. Alacsony \u00fcl\u0151magass\u00e1g, sz\u00e9lesebb \u00fcl\u0151r\u00e9sz, \u00f6r\u00f6k klasszikus a babzs\u00e1kok k\u00f6z\u00f6tt.\nAnyaga: v\u00edzleperget\u0151s textil.\nDupla huzatos, a k\u00fcls\u0151 huzat levehet\u0151, moshat\u00f3, a bels\u0151 ut\u00e1nt\u00f6lthet\u0151.\nSz\u00e9less\u00e9g: 80cm, magass\u00e1g: 80cm, \u00fcl\u0151magass\u00e1g 30cm, hossz: 85cm.\nK\u00e9r\u00e9sre m\u00e1s sz\u00ednben is sz\u00edvesen elk\u00e9sz\u00edtem.\n\n","score":0,"formatted_price":"39 800 Ft","image_url":"https:\/\/www.meska.hu\/img\/product\/small\/g\/a\/gabrielart_product_15761_220927151552_260635.jpeg","formatted_url":"https:\/\/www.meska.hu\/p4785356-piros-vizlepergetos-piramis-babzsak","favourite":false,"in_stock":true,"avatar":"GabrielArt_avatar_15761_1585229139.jpg","delete_from":0,"is_enhanced_background":false,"is_enhanced":false,"product_selection_started":false,"is_active":true,"image_webp_url":"https:\/\/www.meska.hu\/img\/product\/small\/g\/a\/gabrielart_product_15761_220927151552_260635.webp"},{"id":"5663138","shop_id":"4329","user_id":"15761","shop_name":"GabrielArt","shop_zip":"4027","product_code":"5477976","product_name_old":null,"product_name":"Piros csepp alak\u00fa babzs\u00e1kfotel","category_string":"Otthon & \u00c9letm\u00f3d, B\u00fator, Babzs\u00e1kfotel , Babzs\u00e1k","technic_string":"Varr\u00e1s","category_1":"813","category_2":"313","category_3":"1718","category_4":"777","merged_category_1":null,"merged_category_2":null,"merged_category_3":null,"technic_1":"506","technic_2":"0","technic_3":"0","color_1":"523","color_2":"0","color_3":"0","product_description_old":null,"product_description":"Csepp alak\u00fa, hat cikkb\u0151l \u00e1ll\u00f3 fotel, vastagv\u00e1szonb\u00f3l, tetsz\u0151leges sz\u00edn\u00f6ssze\u00e1ll\u00edt\u00e1sban. Feln\u0151tteknek \u00e9s gyerekeknek egyar\u00e1nt aj\u00e1nlom, nagyon k\u00e9nyelmes fazon.\n\nDupla huzatos, ut\u00e1nt\u00f6lthet\u0151.\nM\u00e9rete: 90X110cm.\n","price":"41800.00","unit":"db","recommended":"0","status":"1","sponsored":"0","exp_notify":"0","own_material":"0","own_material_description_old":null,"own_material_description":"","jury":"0","jury_number":"","product_nature":"","meskaracsony":"0","create_date":"2026-01-13 23:06:00","shelve_id":"8465","image":"gabrielart_product_15761_250118214308_802733.png","image_width":"480","image_height":"480","image_alt":"Piros csepp alak\u00fa babzs\u00e1kfotel, Csepp alak\u00fa, hat cikkb\u0151l \u00e1ll\u00f3 fotel, vastagv\u00e1szonb\u00f3l, tetsz\u0151leges sz\u00edn\u00f6ssze\u00e1ll\u00edt\u00e1sban. Feln\u0151tteknek ..., Meska","image_title":"Piros csepp alak\u00fa babzs\u00e1kfotel, Meska","view_count":"328","favourite_count":"0","trending_score":"0","last2MonthFavouriteCount":"0","promotion":"0","giftcard_accept":"0","creditcard_accept":false,"enhanced_background":"0","domain":"meska","specific_customer_id":null,"specific_customer_name":null,"to_order_product":"0","to_order_product_time":"0","product_different":null,"product_different_description":"","vintage":"0","vintage_category_id":"0","recycled":"0","gemstone_id":"0","customizable":"0","type_category":"physical","zerowaste":"0","postage_price":"3990.00","shop_order":"205","has_category":"1","landing_pages":null,"microdata":{"number":69,"category":""},"title":"Piros csepp alak\u00fa babzs\u00e1kfotel","description":"Csepp alak\u00fa, hat cikkb\u0151l \u00e1ll\u00f3 fotel, vastagv\u00e1szonb\u00f3l, tetsz\u0151leges sz\u00edn\u00f6ssze\u00e1ll\u00edt\u00e1sban. Feln\u0151tteknek \u00e9s gyerekeknek egyar\u00e1nt aj\u00e1nlom, nagyon k\u00e9nyelmes fazon.\n\nDupla huzatos, ut\u00e1nt\u00f6lthet\u0151.\nM\u00e9rete: 90X110cm.\n","score":0,"formatted_price":"41 800 Ft","image_url":"https:\/\/www.meska.hu\/img\/product\/small\/g\/a\/gabrielart_product_15761_250118214308_802733.png","formatted_url":"https:\/\/www.meska.hu\/p5477976-piros-csepp-alaku-babzsakfotel","favourite":false,"in_stock":true,"avatar":"GabrielArt_avatar_15761_1585229139.jpg","delete_from":0,"is_enhanced_background":false,"is_enhanced":false,"product_selection_started":false,"is_active":true,"image_webp_url":"https:\/\/www.meska.hu\/img\/product\/small\/g\/a\/gabrielart_product_15761_250118214308_802733.webp"},{"id":"771584","shop_id":"4705","user_id":"17483","shop_name":"Sztella11","shop_zip":"2030","product_code":"4260950","product_name_old":null,"product_name":"R\u00f3zsaberek ajt\u00f3bet\u00e9t","category_string":"Otthon & \u00c9letm\u00f3d, B\u00fator, M\u00e1s b\u00fator","technic_string":"\u00dcvegm\u0171v\u00e9szet","category_1":"813","category_2":"313","category_3":"935","category_4":"0","merged_category_1":null,"merged_category_2":null,"merged_category_3":null,"technic_1":"505","technic_2":"0","technic_3":"0","color_1":"513","color_2":"523","color_3":"529","product_description_old":null,"product_description":"Rendel\u00e9sre k\u00e9sz\u00fclt 4 db k\u00fcl\u00f6nb\u00f6z\u0151 sz\u00edn\u0171 r\u00f3zs\u00e1s ajt\u00f3bet\u00e9tek egyike, v\u00f6r\u00f6s r\u00f3zs\u00e1kkal, szecesszi\u00f3s, egyedi tervez\u00e9ssel \u00e9s vonalvezet\u00e9ssel. A h\u00e1tt\u00e9rben savmaratott \u00fcveg \u00e9s j\u00e9gvir\u00e1gos \u00fcveg fogja k\u00f6zre a sz\u00ednes szirmokat \u00e9s finoman kapaszkod\u00f3 leveleit.\nA k\u00e9pen l\u00e1that\u00f3 form\u00e1ban, p\u00e1rban kaphat\u00f3k, de egyedi tervez\u00e9sre k\u00e9sz\u00edtek minden form\u00e1ra \u00e9s mint\u00e1ra val\u00f3t.\n\nBudapesten bel\u00fcl ingyenes \u00e1tad\u00e1sra is van lehet\u0151s\u00e9g.\n\n!!!!!(A postak\u00f6lts\u00e9gek v\u00e1ltoz\u00f3ak lehetnek. K\u00e9rlek, vedd figyelembe, hogy csomagfelad\u00e1s eset\u00e9n; [MPL- fut\u00e1rszolg\u00e1lat] gyakran t\u00f6r\u00e9keny kezel\u00e9s ig\u00e9nyeltetik, melynek k\u00f6lts\u00e9g\u00e9t csak a \"t\u00f6bb term\u00e9k v\u00e1s\u00e1rl\u00e1sa\" - men\u00fcpont alatt adtam meg.\nA t\u00e1rgy s\u00falya k\u00f6r\u00fclbel\u00fcli \u00e9rt\u00e9k, itt is opcion\u00e1lisan v\u00e1ltozhat a postak\u00f6lts\u00e9g.!!!!!\n","price":"220000.00","unit":"p\u00e1r","recommended":"0","status":"1","sponsored":"0","exp_notify":"0","own_material":"0","own_material_description_old":null,"own_material_description":"","jury":"0","jury_number":"","product_nature":"","meskaracsony":"0","create_date":"2026-01-11 00:44:05","shelve_id":"10385","image":"sztella11_product_17483_130912015649_1.jpg","image_width":"480","image_height":"687","image_alt":"R\u00f3zsaberek ajt\u00f3bet\u00e9t, Rendel\u00e9sre k\u00e9sz\u00fclt 4 db k\u00fcl\u00f6nb\u00f6z\u0151 sz\u00edn\u0171 r\u00f3zs\u00e1s ajt\u00f3bet\u00e9tek egyike, v\u00f6r\u00f6s r\u00f3zs\u00e1kkal, szecesszi\u00f3s, egy..., Meska","image_title":"R\u00f3zsaberek ajt\u00f3bet\u00e9t, Meska","view_count":"457","favourite_count":"0","trending_score":"0","last2MonthFavouriteCount":"0","promotion":"0","giftcard_accept":"0","creditcard_accept":false,"enhanced_background":"0","domain":"meska","specific_customer_id":null,"specific_customer_name":null,"to_order_product":"1","to_order_product_time":"0","product_different":null,"product_different_description":"","vintage":"0","vintage_category_id":"0","recycled":"0","gemstone_id":"0","customizable":"0","type_category":"physical","zerowaste":"0","postage_price":"5000.00","shop_order":"0","has_category":"1","landing_pages":null,"microdata":{"number":70,"category":""},"title":"R\u00f3zsaberek ajt\u00f3bet\u00e9t","description":"Rendel\u00e9sre k\u00e9sz\u00fclt 4 db k\u00fcl\u00f6nb\u00f6z\u0151 sz\u00edn\u0171 r\u00f3zs\u00e1s ajt\u00f3bet\u00e9tek egyike, v\u00f6r\u00f6s r\u00f3zs\u00e1kkal, szecesszi\u00f3s, egyedi tervez\u00e9ssel \u00e9s vonalvezet\u00e9ssel. A h\u00e1tt\u00e9rben savmaratott \u00fcveg \u00e9s j\u00e9gvir\u00e1gos \u00fcveg fogja k\u00f6zre a sz\u00ednes szirmokat \u00e9s finoman kapaszkod\u00f3 leveleit.\nA k\u00e9pen l\u00e1that\u00f3 form\u00e1ban, p\u00e1rban kaphat\u00f3k, de egyedi tervez\u00e9sre k\u00e9sz\u00edtek minden form\u00e1ra \u00e9s mint\u00e1ra val\u00f3t.\n\nBudapesten bel\u00fcl ingyenes \u00e1tad\u00e1sra is van lehet\u0151s\u00e9g.\n\n!!!!!(A postak\u00f6lts\u00e9gek v\u00e1ltoz\u00f3ak lehetnek. K\u00e9rlek, vedd figyelembe, hogy csomagfelad\u00e1s eset\u00e9n; [MPL- fut\u00e1rszolg\u00e1lat] gyakran t\u00f6r\u00e9keny kezel\u00e9s ig\u00e9nyeltetik, melynek k\u00f6lts\u00e9g\u00e9t csak a \"t\u00f6bb term\u00e9k v\u00e1s\u00e1rl\u00e1sa\" - men\u00fcpont alatt adtam meg.\nA t\u00e1rgy s\u00falya k\u00f6r\u00fclbel\u00fcli \u00e9rt\u00e9k, itt is opcion\u00e1lisan v\u00e1ltozhat a postak\u00f6lts\u00e9g.!!!!!\n","score":0,"formatted_price":"220 000 Ft","image_url":"https:\/\/www.meska.hu\/img\/product\/small\/s\/z\/sztella11_product_17483_130912015649_1.jpg","formatted_url":"https:\/\/www.meska.hu\/p4260950-rozsaberek-ajtobetet","favourite":false,"in_stock":false,"avatar":"Sztella11_avatar_17483.jpg","delete_from":0,"is_enhanced_background":false,"is_enhanced":false,"product_selection_started":false,"is_active":true,"image_webp_url":"https:\/\/www.meska.hu\/img\/product\/small\/s\/z\/sztella11_product_17483_130912015649_1.webp"},{"id":"5457452","shop_id":"20463","user_id":"191238","shop_name":"SagiEvaKeramia","shop_zip":"6791","product_code":"5355704","product_name_old":null,"product_name":"B\u00daTORGOMB (b\u00fatorfoganty\u00fa) s\u00e1rk\u00f6zi tulip\u00e1n","category_string":"Otthon & \u00c9letm\u00f3d, B\u00fator, B\u00fatorfoganty\u00fa","technic_string":"Ker\u00e1mia","category_1":"813","category_2":"313","category_3":"776","category_4":"0","merged_category_1":null,"merged_category_2":null,"merged_category_3":null,"technic_1":"489","technic_2":"0","technic_3":"0","color_1":"519","color_2":"520","color_3":"523","product_description_old":null,"product_description":"Feh\u00e9r agyagmassz\u00e1b\u00f3l k\u00e9sz\u00fcltek ezek a s\u00e1rk\u00f6zi tulip\u00e1n b\u00fatorgombok.\n\nRENDEL\u00c9SRE DOLGOZOM, NINCS NAGY K\u00c9SZLETEM - P\u00c1R DARAB VAN K\u00c9SZLETEN MINDEGYIK B\u00daTORGOMBB\u00d3L -, DE B\u00c1RMENNYIT ELK\u00c9SZ\u00cdTEK B\u00c1RMILYEN SZ\u00cdNBEN. \n\nSZ\u00cdNMINT\u00c1IMR\u00d3L SOK SZ\u00cdNB\u0150L LEHET V\u00c1LASZTANI, AZOKAT K\u00c9R\u00c9SRE \u00c1TK\u00dcLD\u00d6M.\n\nRENDEL\u00c9S ESET\u00c9N AZ ELK\u00c9SZ\u00cdT\u00c9SI ID\u0150 K\u00d6R\u00dcLBEL\u00dcL 3 H\u00c9T, DE K\u00c9RDEZZ R\u00c1 A K\u00c9SZLETRE, H\u00c1THA VAN EL\u00c9G MENNYIS\u00c9G AMIT SZERETN\u00c9L. \n\nJ\u00f3l meg lehet fogni, k\u00e9nyelmes, er\u0151s, massz\u00edv d\u00edsze a b\u00fatornak. \nAz anyacsavar er\u0151s k\u00e9tkomponens\u0171 ragaszt\u00f3val van beleragasztva, b\u00edrja a terhel\u00e9st. \nTart\u00f3sak, sz\u00e9pek, csak fel kell \u0151ket csavarozni \u00e9s k\u00e9sz. \nIgazi b\u00fator\u00e9kszerek, csavart is adok hozz\u00e1. \n\nTeteje: 3,1 x 3,1 cm, magass\u00e1ga: 2,5 cm.\n\n","price":"2500.00","unit":"db","recommended":"0","status":"1","sponsored":"0","exp_notify":"0","own_material":"0","own_material_description_old":null,"own_material_description":"","jury":"0","jury_number":"","product_nature":"","meskaracsony":"0","create_date":"2026-01-09 20:07:18","shelve_id":"0","image":"sagievakeramia_product_191238_240824204519_623653.jpeg","image_width":"480","image_height":"550","image_alt":"B\u00daTORGOMB (b\u00fatorfoganty\u00fa) s\u00e1rk\u00f6zi tulip\u00e1n, Feh\u00e9r agyagmassz\u00e1b\u00f3l k\u00e9sz\u00fcltek ezek a s\u00e1rk\u00f6zi tulip\u00e1n b\u00fatorgombok.\\n\\nRENDEL\u00c9SRE DOLGOZOM, NINCS NAGY ..., Meska","image_title":"B\u00daTORGOMB (b\u00fatorfoganty\u00fa) s\u00e1rk\u00f6zi tulip\u00e1n, Meska","view_count":"604","favourite_count":"0","trending_score":"0","last2MonthFavouriteCount":"0","promotion":"0","giftcard_accept":"1","creditcard_accept":false,"enhanced_background":"0","domain":"meska","specific_customer_id":null,"specific_customer_name":null,"to_order_product":"0","to_order_product_time":"0","product_different":null,"product_different_description":"","vintage":"0","vintage_category_id":"0","recycled":"0","gemstone_id":"0","customizable":"0","type_category":"physical","zerowaste":"0","postage_price":"1290.00","shop_order":"0","has_category":"1","landing_pages":null,"microdata":{"number":71,"category":""},"title":"B\u00daTORGOMB (b\u00fatorfoganty\u00fa) s\u00e1rk\u00f6zi tulip\u00e1n","description":"Feh\u00e9r agyagmassz\u00e1b\u00f3l k\u00e9sz\u00fcltek ezek a s\u00e1rk\u00f6zi tulip\u00e1n b\u00fatorgombok.\n\nRENDEL\u00c9SRE DOLGOZOM, NINCS NAGY K\u00c9SZLETEM - P\u00c1R DARAB VAN K\u00c9SZLETEN MINDEGYIK B\u00daTORGOMBB\u00d3L -, DE B\u00c1RMENNYIT ELK\u00c9SZ\u00cdTEK B\u00c1RMILYEN SZ\u00cdNBEN. \n\nSZ\u00cdNMINT\u00c1IMR\u00d3L SOK SZ\u00cdNB\u0150L LEHET V\u00c1LASZTANI, AZOKAT K\u00c9R\u00c9SRE \u00c1TK\u00dcLD\u00d6M.\n\nRENDEL\u00c9S ESET\u00c9N AZ ELK\u00c9SZ\u00cdT\u00c9SI ID\u0150 K\u00d6R\u00dcLBEL\u00dcL 3 H\u00c9T, DE K\u00c9RDEZZ R\u00c1 A K\u00c9SZLETRE, H\u00c1THA VAN EL\u00c9G MENNYIS\u00c9G AMIT SZERETN\u00c9L. \n\nJ\u00f3l meg lehet fogni, k\u00e9nyelmes, er\u0151s, massz\u00edv d\u00edsze a b\u00fatornak. \nAz anyacsavar er\u0151s k\u00e9tkomponens\u0171 ragaszt\u00f3val van beleragasztva, b\u00edrja a terhel\u00e9st. \nTart\u00f3sak, sz\u00e9pek, csak fel kell \u0151ket csavarozni \u00e9s k\u00e9sz. \nIgazi b\u00fator\u00e9kszerek, csavart is adok hozz\u00e1. \n\nTeteje: 3,1 x 3,1 cm, magass\u00e1ga: 2,5 cm.\n\n","score":0,"formatted_price":"2 500 Ft","image_url":"https:\/\/www.meska.hu\/img\/product\/small\/s\/a\/sagievakeramia_product_191238_240824204519_623653.jpeg","formatted_url":"https:\/\/www.meska.hu\/p5355704-butorgomb-sarkozi-level-tulipan","favourite":false,"in_stock":true,"avatar":"Cimpa1980_avatar_191238_1663425900.jpg","delete_from":0,"is_enhanced_background":false,"is_enhanced":false,"product_selection_started":false,"is_active":true,"image_webp_url":"https:\/\/www.meska.hu\/img\/product\/small\/s\/a\/sagievakeramia_product_191238_240824204519_623653.webp"},{"id":"3408983","shop_id":"20463","user_id":"191238","shop_name":"SagiEvaKeramia","shop_zip":"6791","product_code":"3886580","product_name_old":null,"product_name":"B\u00daTORGOMB (b\u00fatorfoganty\u00fa) kalocsai tulip\u00e1n","category_string":"Otthon & \u00c9letm\u00f3d, B\u00fator, B\u00fatorfoganty\u00fa","technic_string":"Ker\u00e1mia","category_1":"813","category_2":"313","category_3":"776","category_4":"0","merged_category_1":"0","merged_category_2":"0","merged_category_3":"785","technic_1":"489","technic_2":"0","technic_3":"0","color_1":"521","color_2":"523","color_3":"526","product_description_old":null,"product_description":"Feh\u00e9r agyagmassz\u00e1b\u00f3l k\u00e9sz\u00fcltek a kalocsai tulip\u00e1n h\u00edmz\u00e9s mot\u00edvumokat form\u00e1z\u00f3 ker\u00e1mia b\u00fatorgombok.\n\nRENDEL\u00c9SRE DOLGOZOM, NINCS NAGY K\u00c9SZLETEM - P\u00c1R DARAB VAN K\u00c9SZLETEN MINDEGYIK B\u00daTORGOMBB\u00d3L -, DE B\u00c1RMENNYIT ELK\u00c9SZ\u00cdTEK B\u00c1RMILYEN SZ\u00cdNBEN. \n\nSZ\u00cdNMINT\u00c1IMR\u00d3L SOK SZ\u00cdNB\u0150L LEHET V\u00c1LASZTANI, AZOKAT K\u00c9R\u00c9SRE \u00c1TK\u00dcLD\u00d6M.\n\nRENDEL\u00c9S ESET\u00c9N AZ ELK\u00c9SZ\u00cdT\u00c9SI ID\u0150 K\u00d6R\u00dcLBEL\u00dcL 3 H\u00c9T, DE K\u00c9RDEZZ R\u00c1 A K\u00c9SZLETRE, H\u00c1THA VAN EL\u00c9G MENNYIS\u00c9G AMIT SZERETN\u00c9L. \n\nM\u00e9rete \u00e9s form\u00e1ja miatt nagyon j\u00f3, er\u0151s fog\u00e1s\u00fa, igazi b\u00fator\u00e9kszerek. \nAz anyacsavar er\u0151s k\u00e9tkomponens\u0171 ragaszt\u00f3val van beleragasztva, b\u00edrja a terhel\u00e9st.\nCsavart is adok hozz\u00e1, csak fel kell csavarozni \u00e9s k\u00e9sz.\n\nTeteje: 4,2 x 3 cm, magass\u00e1ga: 2,5 cm.\n\n\n","price":"2500.00","unit":"db","recommended":"0","status":"1","sponsored":"0","exp_notify":"0","own_material":"0","own_material_description_old":null,"own_material_description":"","jury":"0","jury_number":"","product_nature":"","meskaracsony":"0","create_date":"2026-01-06 20:21:53","shelve_id":"0","image":"cimpa1980_product_191238_201021202343_405936.jpeg","image_width":"480","image_height":"360","image_alt":"B\u00daTORGOMB (b\u00fatorfoganty\u00fa) kalocsai tulip\u00e1n, Feh\u00e9r agyagmassz\u00e1b\u00f3l k\u00e9sz\u00fcltek a kalocsai tulip\u00e1n h\u00edmz\u00e9s mot\u00edvumokat form\u00e1z\u00f3 ker\u00e1mia b\u00fatorgombok.\\n\\nR..., Meska","image_title":"B\u00daTORGOMB (b\u00fatorfoganty\u00fa) kalocsai tulip\u00e1n, Meska","view_count":"1430","favourite_count":"0","trending_score":"0","last2MonthFavouriteCount":"0","promotion":"0","giftcard_accept":"1","creditcard_accept":false,"enhanced_background":"0","domain":"meska","specific_customer_id":null,"specific_customer_name":null,"to_order_product":"0","to_order_product_time":"0","product_different":null,"product_different_description":"","vintage":"0","vintage_category_id":"0","recycled":"0","gemstone_id":"0","customizable":"0","type_category":"physical","zerowaste":"0","postage_price":"1290.00","shop_order":"0","has_category":"1","landing_pages":null,"microdata":{"number":72,"category":""},"title":"B\u00daTORGOMB (b\u00fatorfoganty\u00fa) kalocsai tulip\u00e1n","description":"Feh\u00e9r agyagmassz\u00e1b\u00f3l k\u00e9sz\u00fcltek a kalocsai tulip\u00e1n h\u00edmz\u00e9s mot\u00edvumokat form\u00e1z\u00f3 ker\u00e1mia b\u00fatorgombok.\n\nRENDEL\u00c9SRE DOLGOZOM, NINCS NAGY K\u00c9SZLETEM - P\u00c1R DARAB VAN K\u00c9SZLETEN MINDEGYIK B\u00daTORGOMBB\u00d3L -, DE B\u00c1RMENNYIT ELK\u00c9SZ\u00cdTEK B\u00c1RMILYEN SZ\u00cdNBEN. \n\nSZ\u00cdNMINT\u00c1IMR\u00d3L SOK SZ\u00cdNB\u0150L LEHET V\u00c1LASZTANI, AZOKAT K\u00c9R\u00c9SRE \u00c1TK\u00dcLD\u00d6M.\n\nRENDEL\u00c9S ESET\u00c9N AZ ELK\u00c9SZ\u00cdT\u00c9SI ID\u0150 K\u00d6R\u00dcLBEL\u00dcL 3 H\u00c9T, DE K\u00c9RDEZZ R\u00c1 A K\u00c9SZLETRE, H\u00c1THA VAN EL\u00c9G MENNYIS\u00c9G AMIT SZERETN\u00c9L. \n\nM\u00e9rete \u00e9s form\u00e1ja miatt nagyon j\u00f3, er\u0151s fog\u00e1s\u00fa, igazi b\u00fator\u00e9kszerek. \nAz anyacsavar er\u0151s k\u00e9tkomponens\u0171 ragaszt\u00f3val van beleragasztva, b\u00edrja a terhel\u00e9st.\nCsavart is adok hozz\u00e1, csak fel kell csavarozni \u00e9s k\u00e9sz.\n\nTeteje: 4,2 x 3 cm, magass\u00e1ga: 2,5 cm.\n\n\n","score":0,"formatted_price":"2 500 Ft","image_url":"https:\/\/www.meska.hu\/img\/product\/small\/c\/i\/cimpa1980_product_191238_201021202343_405936.jpeg","formatted_url":"https:\/\/www.meska.hu\/p3886580-butorgomb-kalocsai-tulipan","favourite":false,"in_stock":true,"avatar":"Cimpa1980_avatar_191238_1663425900.jpg","delete_from":0,"is_enhanced_background":false,"is_enhanced":false,"product_selection_started":false,"is_active":true,"image_webp_url":"https:\/\/www.meska.hu\/img\/product\/small\/c\/i\/cimpa1980_product_191238_201021202343_405936.webp"},{"id":"3405976","shop_id":"21890","user_id":"233361","shop_name":"MolnARTIlcsi","shop_zip":"2071","product_code":"4641064","product_name_old":null,"product_name":"Akaszt\u00f3 vintage - \"Pittyes \"","category_string":"Otthon & \u00c9letm\u00f3d, B\u00fator, Fogas","technic_string":"Fest\u00e9szet, Famegmunk\u00e1l\u00e1s","category_1":"813","category_2":"313","category_3":"932","category_4":"0","merged_category_1":null,"merged_category_2":null,"merged_category_3":null,"technic_1":"480","technic_2":"478","technic_3":"0","color_1":"520","color_2":"521","color_3":"523","product_description_old":null,"product_description":"Konyhai kieg\u00e9sz\u00edt\u0151, kicsit formabont\u00f3 a forma:), az anyag, a kivitelez\u00e9s, de 4 b\u00f6gre, vagy amit szeretn\u00e9l r\u00e1akasztani, no az r\u00e1f\u00e9r :) \n\nEredeti \u00f6tleten \u00e9s kivitelez\u00e9sem ez a vintage st\u00edlust mag\u00e1ban hordoz\u00f3 tart\u00f3ka, mint egy  festm\u00e9ny :) ,  ahol sok anyagot haszn\u00e1ltam fel, az \u00fajrahasznos\u00edt\u00e1s jegy\u00e9ben.\n\nR\u00e9ges r\u00e9gi faanyagot hasznaltam  ( 28x 30   x 2 cm )ez az alap,  megfestettem akril fest\u00e9kekkel  \u00e9s kapott 4 f\u00e8m  akaszt\u00f3t .  A legv\u00e9g\u00e9n lakk-fixel z\u00e1rtam le a fel\u00fcletet. \nA h\u00e1toldalon kett\u0151 darab akaszt\u00f3t kapott, hogy biztons\u00e1gosan tudd a falra akasztani kett\u0151 darabb kamp\u00f3ra.  \n\nEgy t\u00e1jk\u00e8p, a konyh\u00e1dba :) \n\nHa szereted a r\u00e9git, rajta az \u00fajat, akkor ez a Te tart\u00f3d, a Te konyh\u00e1dba  :) !   Ha szeretn\u00e9d, akkor  festm\u00e9ny-dekork\u00e9nt is sz\u00e9pen d\u00edsz\u00edt :) \n\nNem k\u00e9sz\u00fclt t\u00f6bb- anyagokat sem leln\u00e9k hozz\u00e1 - , ezek boltban nem kaphat\u00f3ak, vad\u00e1szni kell r\u00e1juk :) , nem gy\u00e1rtok sorozatban :), csak a ti\u00e9d lesz ilyen, ha az \u00edzl\u00e9sed b\u00edrja :) \n\n\n\nSzem\u00e9lyes \u00e1tv\u00e9tel P\u00e1tyon \u00e9s Budapesten.\n\nHa k\u00e9rd\u00e9sed van , k\u00e9rdezz, \u00e9n pedig v\u00e1laszolok.\n\nMiel\u0151tt kos\u00e1rba teszed, k\u00e9rlek \u00edrj \u00fczenetet. K\u00f6sz\u00f6n\u00f6m ! \n\n\n","price":"25000.00","unit":"db","recommended":"0","status":"1","sponsored":"0","exp_notify":"0","own_material":"0","own_material_description_old":null,"own_material_description":"","jury":"0","jury_number":"","product_nature":"","meskaracsony":"0","create_date":"2026-01-05 01:32:52","shelve_id":"80853","image":"molnartilcsi_product_233361_220524231943_42228.jpeg","image_width":"480","image_height":"480","image_alt":"Akaszt\u00f3 vintage - \\\"Pittyes \\\", Konyhai kieg\u00e9sz\u00edt\u0151, kicsit formabont\u00f3 a forma:), az anyag, a kivitelez\u00e9s, de 4 b\u00f6gre, vagy amit szer..., Meska","image_title":"Akaszt\u00f3 vintage - \\\"Pittyes \\\", Meska","view_count":"1525","favourite_count":"0","trending_score":"0","last2MonthFavouriteCount":"0","promotion":"0","giftcard_accept":"0","creditcard_accept":false,"enhanced_background":"0","domain":"meska","specific_customer_id":null,"specific_customer_name":null,"to_order_product":"0","to_order_product_time":"0","product_different":null,"product_different_description":"","vintage":"0","vintage_category_id":"0","recycled":"1","gemstone_id":"0","customizable":"0","type_category":"physical","zerowaste":"1","postage_price":"5000.00","shop_order":"219","has_category":"1","landing_pages":null,"microdata":{"number":73,"category":""},"title":"Akaszt\u00f3 vintage - \"Pittyes \"","description":"Konyhai kieg\u00e9sz\u00edt\u0151, kicsit formabont\u00f3 a forma:), az anyag, a kivitelez\u00e9s, de 4 b\u00f6gre, vagy amit szeretn\u00e9l r\u00e1akasztani, no az r\u00e1f\u00e9r :) \n\nEredeti \u00f6tleten \u00e9s kivitelez\u00e9sem ez a vintage st\u00edlust mag\u00e1ban hordoz\u00f3 tart\u00f3ka, mint egy  festm\u00e9ny :) ,  ahol sok anyagot haszn\u00e1ltam fel, az \u00fajrahasznos\u00edt\u00e1s jegy\u00e9ben.\n\nR\u00e9ges r\u00e9gi faanyagot hasznaltam  ( 28x 30   x 2 cm )ez az alap,  megfestettem akril fest\u00e9kekkel  \u00e9s kapott 4 f\u00e8m  akaszt\u00f3t .  A legv\u00e9g\u00e9n lakk-fixel z\u00e1rtam le a fel\u00fcletet. \nA h\u00e1toldalon kett\u0151 darab akaszt\u00f3t kapott, hogy biztons\u00e1gosan tudd a falra akasztani kett\u0151 darabb kamp\u00f3ra.  \n\nEgy t\u00e1jk\u00e8p, a konyh\u00e1dba :) \n\nHa szereted a r\u00e9git, rajta az \u00fajat, akkor ez a Te tart\u00f3d, a Te konyh\u00e1dba  :) !   Ha szeretn\u00e9d, akkor  festm\u00e9ny-dekork\u00e9nt is sz\u00e9pen d\u00edsz\u00edt :) \n\nNem k\u00e9sz\u00fclt t\u00f6bb- anyagokat sem leln\u00e9k hozz\u00e1 - , ezek boltban nem kaphat\u00f3ak, vad\u00e1szni kell r\u00e1juk :) , nem gy\u00e1rtok sorozatban :), csak a ti\u00e9d lesz ilyen, ha az \u00edzl\u00e9sed b\u00edrja :) \n\n\n\nSzem\u00e9lyes \u00e1tv\u00e9tel P\u00e1tyon \u00e9s Budapesten.\n\nHa k\u00e9rd\u00e9sed van , k\u00e9rdezz, \u00e9n pedig v\u00e1laszolok.\n\nMiel\u0151tt kos\u00e1rba teszed, k\u00e9rlek \u00edrj \u00fczenetet. K\u00f6sz\u00f6n\u00f6m ! \n\n\n","score":0,"formatted_price":"25 000 Ft","image_url":"https:\/\/www.meska.hu\/img\/product\/small\/m\/o\/molnartilcsi_product_233361_220524231943_42228.jpeg","formatted_url":"https:\/\/www.meska.hu\/p4641064-akaszto-vintage-pittyes","favourite":false,"in_stock":true,"avatar":"MolnARTIlcsi_avatar_233361_1657524590.jpg","delete_from":0,"is_enhanced_background":false,"is_enhanced":false,"product_selection_started":false,"is_active":true,"image_webp_url":"https:\/\/www.meska.hu\/img\/product\/small\/m\/o\/molnartilcsi_product_233361_220524231943_42228.webp"},{"id":"5337588","shop_id":"20463","user_id":"191238","shop_name":"SagiEvaKeramia","shop_zip":"6791","product_code":"5289166","product_name_old":null,"product_name":"B\u00daTORGOMB (b\u00fatorfoganty\u00fa) tulip\u00e1nka","category_string":"Otthon & \u00c9letm\u00f3d, B\u00fator, B\u00fatorfoganty\u00fa","technic_string":"Ker\u00e1mia","category_1":"813","category_2":"313","category_3":"776","category_4":"0","merged_category_1":null,"merged_category_2":null,"merged_category_3":null,"technic_1":"489","technic_2":"0","technic_3":"0","color_1":"523","color_2":"526","color_3":"0","product_description_old":null,"product_description":"Feh\u00e9r agyagmassz\u00e1b\u00f3l k\u00e9sz\u00fcltek ezek a kalocsai tulip\u00e1n h\u00edmz\u00e9s mot\u00edvumot form\u00e1z\u00f3 ker\u00e1mia b\u00fatorgombok.\nKicsi, form\u00e1s gombok.\n\nRENDEL\u00c9SRE DOLGOZOM, NINCS NAGY K\u00c9SZLETEM - P\u00c1R DARAB VAN K\u00c9SZLETEN MINDEGYIK B\u00daTORGOMBB\u00d3L -, DE B\u00c1RMENNYIT ELK\u00c9SZ\u00cdTEK B\u00c1RMILYEN SZ\u00cdNBEN. \n\nSZ\u00cdNMINT\u00c1IMR\u00d3L SOK SZ\u00cdNB\u0150L LEHET V\u00c1LASZTANI, AZOKAT K\u00c9R\u00c9SRE \u00c1TK\u00dcLD\u00d6M.\n\nRENDEL\u00c9S ESET\u00c9N AZ ELK\u00c9SZ\u00cdT\u00c9SI ID\u0150 K\u00d6R\u00dcLBEL\u00dcL 3 H\u00c9T, DE K\u00c9RDEZZ R\u00c1 A K\u00c9SZLETRE, H\u00c1THA VAN EL\u00c9G MENNYIS\u00c9G AMIT SZERETN\u00c9L. \n\nModern \u00e9s r\u00e9gi st\u00edlus\u00fa b\u00fatorok tart\u00f3s, figyelemfelkelt\u0151 kieg\u00e9sz\u00edt\u0151je.\nJ\u00f3l meg lehet fogni, k\u00e9nyelmes, er\u0151s, massz\u00edv d\u00edsze a b\u00fatornak. \nAz anyacsavar er\u0151s k\u00e9tkomponens\u0171 ragaszt\u00f3val van beleragasztva.\n\nIgazi b\u00fator\u00e9kszerek. \n\nCsavart is adok hozz\u00e1, csak fel kell csavarozni \u00e9s k\u00e9sz.\n\nTeteje: 2,8 x 3,4 cm, magass\u00e1ga: 2,5 cm.\n\n","price":"2500.00","unit":"db","recommended":"0","status":"1","sponsored":"0","exp_notify":"0","own_material":"0","own_material_description_old":null,"own_material_description":"","jury":"0","jury_number":"","product_nature":"","meskaracsony":"0","create_date":"2026-01-04 15:10:15","shelve_id":"0","image":"sagievakeramia_product_191238_250628205640_08859.jpeg","image_width":"480","image_height":"448","image_alt":"B\u00daTORGOMB (b\u00fatorfoganty\u00fa) tulip\u00e1nka, Feh\u00e9r agyagmassz\u00e1b\u00f3l k\u00e9sz\u00fcltek ezek a kalocsai tulip\u00e1n h\u00edmz\u00e9s mot\u00edvumot form\u00e1z\u00f3 ker\u00e1mia b\u00fatorgombok...., Meska","image_title":"B\u00daTORGOMB (b\u00fatorfoganty\u00fa) tulip\u00e1nka, Meska","view_count":"543","favourite_count":"1","trending_score":"0","last2MonthFavouriteCount":"0","promotion":"0","giftcard_accept":"1","creditcard_accept":false,"enhanced_background":"0","domain":"meska","specific_customer_id":null,"specific_customer_name":null,"to_order_product":"0","to_order_product_time":"0","product_different":null,"product_different_description":"","vintage":"0","vintage_category_id":"0","recycled":"0","gemstone_id":"0","customizable":"0","type_category":"physical","zerowaste":"0","postage_price":"1290.00","shop_order":"0","has_category":"1","landing_pages":null,"microdata":{"number":74,"category":""},"title":"B\u00daTORGOMB (b\u00fatorfoganty\u00fa) tulip\u00e1nka","description":"Feh\u00e9r agyagmassz\u00e1b\u00f3l k\u00e9sz\u00fcltek ezek a kalocsai tulip\u00e1n h\u00edmz\u00e9s mot\u00edvumot form\u00e1z\u00f3 ker\u00e1mia b\u00fatorgombok.\nKicsi, form\u00e1s gombok.\n\nRENDEL\u00c9SRE DOLGOZOM, NINCS NAGY K\u00c9SZLETEM - P\u00c1R DARAB VAN K\u00c9SZLETEN MINDEGYIK B\u00daTORGOMBB\u00d3L -, DE B\u00c1RMENNYIT ELK\u00c9SZ\u00cdTEK B\u00c1RMILYEN SZ\u00cdNBEN. \n\nSZ\u00cdNMINT\u00c1IMR\u00d3L SOK SZ\u00cdNB\u0150L LEHET V\u00c1LASZTANI, AZOKAT K\u00c9R\u00c9SRE \u00c1TK\u00dcLD\u00d6M.\n\nRENDEL\u00c9S ESET\u00c9N AZ ELK\u00c9SZ\u00cdT\u00c9SI ID\u0150 K\u00d6R\u00dcLBEL\u00dcL 3 H\u00c9T, DE K\u00c9RDEZZ R\u00c1 A K\u00c9SZLETRE, H\u00c1THA VAN EL\u00c9G MENNYIS\u00c9G AMIT SZERETN\u00c9L. \n\nModern \u00e9s r\u00e9gi st\u00edlus\u00fa b\u00fatorok tart\u00f3s, figyelemfelkelt\u0151 kieg\u00e9sz\u00edt\u0151je.\nJ\u00f3l meg lehet fogni, k\u00e9nyelmes, er\u0151s, massz\u00edv d\u00edsze a b\u00fatornak. \nAz anyacsavar er\u0151s k\u00e9tkomponens\u0171 ragaszt\u00f3val van beleragasztva.\n\nIgazi b\u00fator\u00e9kszerek. \n\nCsavart is adok hozz\u00e1, csak fel kell csavarozni \u00e9s k\u00e9sz.\n\nTeteje: 2,8 x 3,4 cm, magass\u00e1ga: 2,5 cm.\n\n","score":0,"formatted_price":"2 500 Ft","image_url":"https:\/\/www.meska.hu\/img\/product\/small\/s\/a\/sagievakeramia_product_191238_250628205640_08859.jpeg","formatted_url":"https:\/\/www.meska.hu\/p5289166-butoegomb-tulipanka","favourite":false,"in_stock":true,"avatar":"Cimpa1980_avatar_191238_1663425900.jpg","delete_from":0,"is_enhanced_background":false,"is_enhanced":false,"product_selection_started":false,"is_active":true,"image_webp_url":"https:\/\/www.meska.hu\/img\/product\/small\/s\/a\/sagievakeramia_product_191238_250628205640_08859.webp"}],"canonicals":{"canonical":"https:\/\/www.meska.hu\/s\/butor:piros\/c-313:co-523"},"seo":{"title":"K\u00e9zm\u0171ves b\u00fator - Meska.hu","seoTitle":"K\u00e9zm\u0171ves b\u00fator","seoDescription":"K\u00e9zm\u0171ves b\u00fatorok, feny\u0151b\u00fatorok, retro b\u00fatorok \u00e9s tov\u00e1bbi egyedi b\u00fatorok sz\u00e9les v\u00e1laszt\u00e9kban a Meska k\u00e9zm\u0171ves online piacter\u00e9n! Te is szereted a fa l\u00e1tv\u00e1ny\u00e1t? Akkor j\u00f3 helyen j\u00e1rsz! B\u00fator k\u00e9sz\u00edt\u0151 mestereink ugyanis az\u00e9rt dolgoznak nap mint nap, hogy lak\u00e1sodat min\u00e9l egyedibb b\u00fatorokkal tegy\u00e9k igaz\u00e1n otthonoss\u00e1. Speci\u00e1lis b\u00fator \u00f6tleted van? Nincs akad\u00e1lya! K\u00e9zm\u0171ves b\u00fatorasztalosaink \u00f6r\u00f6mmel veszik az egyedi b\u00fator megrendel\u00e9seket, \u00e9s azokat a lehet\u0151 legnagyobb odafigyel\u00e9ssel k\u00e9sz\u00edtik el a megrendel\u0151k sz\u00e1m\u00e1ra.","metaDescription":"K\u00e9zm\u0171ves b\u00fatorok, feny\u0151b\u00fatorok, vintage b\u00fatorok, retro b\u00fatorok \u00e9s tov\u00e1bbi egyedi b\u00fatorok a Meska k\u00e9zm\u0171ves online piacter\u00e9n! Egy speci\u00e1lis k\u00e9r\u00e9s sem akad\u00e1ly.","metaNoIndex":true,"metaNoFollow":0,"seoFound":true,"ogImage":"https:\/\/www.meska.hu\/img\/category_seo\/313-_8zhj0.jpg","canonicals":"https:\/\/www.meska.hu\/s\/butor:piros\/c-313:co-523"},"breadcrumb":[{"position":1,"name":"Meska.hu","url":"https:\/\/www.meska.hu","last":false},{"position":2,"name":"Otthon & \u00c9letm\u00f3d","url":"https:\/\/www.meska.hu\/s\/otthon-eletmod:piros\/c-813:co-523","last":false},{"position":3,"name":"B\u00fator","url":"https:\/\/www.meska.hu\/s\/butor:piros\/c-313:co-523","last":true}],"h1":"B\u00fator","url":{"url":"https:\/\/www.meska.hu\/s\/butor:piros\/c-313:co-523","title":"Mind","_debug_":false},"_count_":74}