{"_terms_":{"phrase":"*","category_id":"1010","category_ids":"1010","gift_occasion":"36","facets":"n","p":"1","pp":"100","sort_by":"create_date","sort_direction":"desc","product_type":"kezmuves|alapanyag|vintage","session_id":"lf7dajij2msmh5l8rmbli6luco"},"total":1,"products":[{"id":"5053949","shop_id":"11325","user_id":"69777","shop_name":"annetextil","shop_zip":"3100","product_code":"5118143","product_name_old":null,"product_name":"Yellow Angel neszesszer","category_string":"Kar\u00e1csony, Kar\u00e1csonyi aj\u00e1nd\u00e9koz\u00e1s, Kar\u00e1csonyi aj\u00e1nd\u00e9kcsomagol\u00e1s","technic_string":"Varr\u00e1s, H\u00edmz\u00e9s","category_1":"319","category_2":"1296","category_3":"1010","category_4":"0","merged_category_1":null,"merged_category_2":null,"merged_category_3":null,"technic_1":"506","technic_2":"487","technic_3":"0","color_1":"514","color_2":"532","color_3":"526","product_description_old":null,"product_description":"rendelhet\u0151! Christmas 2023\n\nSkandin\u00e1v st\u00edlus\u00fa neszesszerek k\u00e9sz\u00fcltek ebben a t\u00e9li, \u00fcnnepi kollekci\u00f3ban. A neszesszer elej\u00e9n primit\u00edv angyal minta k\u00e9sz\u00fclt gyapj\u00fafilcb\u0151l h\u00edmz\u00e9ssel. \n\nSzeretettel aj\u00e1nlom a figyelmedbe ezt a b\u00e1jos, romantikus apr\u00f3s\u00e1got, mely b\u00e1rmely koroszt\u00e1ly sz\u00e1m\u00e1ra \u00f6r\u00f6met tud okozni, minden n\u0151 haszn\u00e1t tudja venni t\u00e1rol\u00e1shoz, rendszerez\u00e9shez. \nTipp:  parf\u00fcm aj\u00e1nd\u00e9koz\u00e1s\u00e1hoz is haszn\u00e1lhatod csomagol\u00e1sk\u00e9nt.\n\nA neszesszer k\u00fcls\u0151 anyaga s\u00f6t\u00e9tbarna sz\u00edn\u0171, rusztikus b\u00fatorsz\u00f6vet,\nb\u00e9l\u00e9se beige alapon apr\u00f3 vir\u00e1gos mint\u00e1s pamutv\u00e1szon,\na belsej\u00e9ben egyter\u0171, az egyik oldal\u00e1n r\u00e1varrt zsebbel,\na r\u00e9tegek k\u00f6z\u00f6tt merev\u00edt\u0151 anyagokkal is er\u0151s\u00edtettem a tart\u00e1s\u00e1t.\n\nM\u00e9rete:\n- magass\u00e1g 15 cm, \n- sz\u00e9less\u00e9g 15 cm,\n- talpa 8x14 cm\n\nTov\u00e1bbi mikul\u00e1si, adventi kell\u00e9kek, napt\u00e1rak a boltban: https:\/\/www.meska.hu\/shop\/annetextil?s=71449\n\nK\u00f6sz\u00f6n\u00f6m, hogy boltomba l\u00e1togatt\u00e1l :)\nSzeretettel: Annetextil Handmade","price":"4500.00","unit":"db","recommended":"0","status":"1","sponsored":"0","exp_notify":"0","own_material":"0","own_material_description_old":null,"own_material_description":"","jury":"0","jury_number":"","product_nature":"","meskaracsony":"0","create_date":"2026-01-16 05:11:24","shelve_id":"57219","image":"annetextil_product_69777_231104074436_28643.jpeg","image_width":"480","image_height":"480","image_alt":"Yellow Angel neszesszer, rendelhet\u0151! Christmas 2023\\n\\nSkandin\u00e1v st\u00edlus\u00fa neszesszerek k\u00e9sz\u00fcltek ebben a t\u00e9li, \u00fcnnepi kollekci\u00f3b..., Meska","image_title":"Yellow Angel neszesszer, Meska","view_count":"820","favourite_count":"0","trending_score":"0","last2MonthFavouriteCount":"0","promotion":"0","giftcard_accept":"1","creditcard_accept":true,"enhanced_background":"0","domain":"meska","specific_customer_id":null,"specific_customer_name":null,"to_order_product":"1","to_order_product_time":"5","product_different":null,"product_different_description":"","vintage":"1","vintage_category_id":"885","recycled":"0","gemstone_id":"0","customizable":"0","type_category":"physical","zerowaste":"0","postage_price":"1435.00","shop_order":"214","has_category":"1","landing_pages":null,"microdata":{"number":1,"category":""},"title":"Yellow Angel neszesszer","description":"rendelhet\u0151! Christmas 2023\n\nSkandin\u00e1v st\u00edlus\u00fa neszesszerek k\u00e9sz\u00fcltek ebben a t\u00e9li, \u00fcnnepi kollekci\u00f3ban. A neszesszer elej\u00e9n primit\u00edv angyal minta k\u00e9sz\u00fclt gyapj\u00fafilcb\u0151l h\u00edmz\u00e9ssel. \n\nSzeretettel aj\u00e1nlom a figyelmedbe ezt a b\u00e1jos, romantikus apr\u00f3s\u00e1got, mely b\u00e1rmely koroszt\u00e1ly sz\u00e1m\u00e1ra \u00f6r\u00f6met tud okozni, minden n\u0151 haszn\u00e1t tudja venni t\u00e1rol\u00e1shoz, rendszerez\u00e9shez. \nTipp:  parf\u00fcm aj\u00e1nd\u00e9koz\u00e1s\u00e1hoz is haszn\u00e1lhatod csomagol\u00e1sk\u00e9nt.\n\nA neszesszer k\u00fcls\u0151 anyaga s\u00f6t\u00e9tbarna sz\u00edn\u0171, rusztikus b\u00fatorsz\u00f6vet,\nb\u00e9l\u00e9se beige alapon apr\u00f3 vir\u00e1gos mint\u00e1s pamutv\u00e1szon,\na belsej\u00e9ben egyter\u0171, az egyik oldal\u00e1n r\u00e1varrt zsebbel,\na r\u00e9tegek k\u00f6z\u00f6tt merev\u00edt\u0151 anyagokkal is er\u0151s\u00edtettem a tart\u00e1s\u00e1t.\n\nM\u00e9rete:\n- magass\u00e1g 15 cm, \n- sz\u00e9less\u00e9g 15 cm,\n- talpa 8x14 cm\n\nTov\u00e1bbi mikul\u00e1si, adventi kell\u00e9kek, napt\u00e1rak a boltban: https:\/\/www.meska.hu\/shop\/annetextil?s=71449\n\nK\u00f6sz\u00f6n\u00f6m, hogy boltomba l\u00e1togatt\u00e1l :)\nSzeretettel: Annetextil Handmade","score":0,"formatted_price":"4 500 Ft","image_url":"https:\/\/www.meska.hu\/img\/product\/small\/a\/n\/annetextil_product_69777_231104074436_28643.jpeg","formatted_url":"https:\/\/www.meska.hu\/p5118143-yellow-angel-neszesszer","favourite":false,"in_stock":false,"avatar":"annetextil_avatar_69777_1621921281.jpg","delete_from":0,"is_enhanced_background":false,"is_enhanced":false,"product_selection_started":false,"is_active":true,"image_webp_url":"https:\/\/www.meska.hu\/img\/product\/small\/a\/n\/annetextil_product_69777_231104074436_28643.webp"}],"canonicals":{"canonical":"https:\/\/www.meska.hu\/s\/karacsonyi-ajandekcsomagolas:husvetra\/c-1010:go-36"},"seo":{"title":"Kar\u00e1csonyi aj\u00e1nd\u00e9kcsomagol\u00e1s - Meska k\u00e9zm\u0171ves piact\u00e9r","seoTitle":"Kar\u00e1csonyi aj\u00e1nd\u00e9kcsomagol\u00e1s","seoDescription":"M\u00e1r csak egy l\u00e9p\u00e9s hi\u00e1nyzik, hogy elk\u00e9sz\u00fclj\u00f6n a t\u00f6k\u00e9letes <a href=\"https:\/\/www.meska.hu\/valogatasok\/karacsonyi-ajandekok\">kar\u00e1csonyi aj\u00e1nd\u00e9k<\/a>? Egy sz\u00e9p aj\u00e1nd\u00e9k egy csodasz\u00e9p <b>kar\u00e1csonyi doboz<\/b>ban vagy az aj\u00e1nd\u00e9khoz ill\u0151, ak\u00e1r fenntarthat\u00f3, textil <b>kar\u00e1csonyi csomagol\u00e1s<\/b>ban  az igazi. Remek <b>kar\u00e1csonyi csomagol\u00e1s \u00f6tleteket <\/b>tal\u00e1lhatsz itt, ha k\u00f6rben\u00e9zel a k\u00e9zm\u0171ves alkot\u00f3k  k\u00edn\u00e1lat\u00e1kban. \u00c9rdemes olyan <b>kar\u00e1csonyi aj\u00e1nd\u00e9k csomagol\u00e1s<\/b>t v\u00e1lasztani a kar\u00e1csonyi aj\u00e1nd\u00e9koknak, amelyek a legjobban illeszkednek, hangulat\u00e1ban, anyag\u00e1ban \u00e9s sz\u00edneiben is az aj\u00e1nd\u00e9khoz \u00e9s az \u00fcnnepelt st\u00edlus\u00e1hoz. Tal\u00e1lhatsz itt <b>kar\u00e1csonyi aj\u00e1nd\u00e9k doboz<\/b>t t\u00f6bb sz\u00ednben, form\u00e1ban \u00e9s anyagban, valamint sz\u00ednes <b>kar\u00e1csonyi csomagol\u00f3<\/b> anyagokat, <b>aj\u00e1nd\u00e9kzs\u00e1k<\/b>okat, vagy csak egyszer\u0171 de megkap\u00f3 <b>kar\u00e1csonyi pap\u00edr csomagol\u00f3<\/b>anyagokat is. \n\n<strong>Kar\u00e1csonyi csomagol\u00e1s<\/strong>: Tedd az aj\u00e1nd\u00e9koz\u00e1st m\u00e9g k\u00fcl\u00f6nlegesebb\u00e9 a Meska <strong>kar\u00e1csonyi csomagol\u00f3<\/strong> \u00e9s d\u00edszcsomagol\u00e1si kell\u00e9keivel! Az egyedi, k\u00e9zzel k\u00e9sz\u00edtett csomagol\u00f3anyagokkal \u00e9s kreat\u00edv \u00f6tletekkel minden aj\u00e1nd\u00e9k szem\u00e9lyre szabott \u00e9s eml\u00e9kezetes lesz. A csomagol\u00e1s nemcsak az aj\u00e1nd\u00e9k k\u00fclsej\u00e9t teszi vonz\u00f3v\u00e1, hanem az aj\u00e1nd\u00e9koz\u00e1s \u00e9lm\u00e9ny\u00e9t is fokozza, hiszen m\u00e1r a k\u00fcls\u0151 is meglepet\u00e9st \u00e9s \u00f6r\u00f6m\u00f6t okoz.\n\nA Meska <strong>kar\u00e1csonyi csomagol\u00e1s \u00f6tletek<\/strong> sz\u00e9les v\u00e1laszt\u00e9k\u00e1t k\u00edn\u00e1lja, hogy megtal\u00e1ld a st\u00edlusodhoz \u00e9s az aj\u00e1nd\u00e9k jelleg\u00e9hez legink\u00e1bb ill\u0151 megold\u00e1st.\n\n<H2 class=\"text-meska\/base-orange\"><strong>Kar\u00e1csonyi csomagol\u00f3<\/strong> \u2013 Egyedi csomagol\u00f3anyagok<\/H2>\nA <strong>kar\u00e1csonyi csomagol\u00f3<\/strong> anyagok k\u00f6z\u00f6tt megtal\u00e1lhat\u00f3k a hagyom\u00e1nyos \u00e9s modern st\u00edlus\u00fa pap\u00edrok, szalagok \u00e9s dobozok. A k\u00e9zzel k\u00e9sz\u00edtett csomagol\u00f3pap\u00edrok k\u00fcl\u00f6nleges mint\u00e1kkal \u00e9s text\u00far\u00e1kkal rendelkeznek, amelyek azonnal \u00fcnnepi hangulatot teremtenek. Legyen sz\u00f3 nat\u00far, minimalista megjelen\u00e9sr\u0151l vagy sz\u00ednes, vid\u00e1m diz\u00e1jnr\u00f3l, minden aj\u00e1nd\u00e9k k\u00fcl\u00f6nleges k\u00fcls\u0151t kap.\n\n<H2 class=\"text-meska\/base-orange\"><strong>Kar\u00e1csonyi csomagol\u00e1s \u00f6tletek<\/strong> \u2013 Kreativit\u00e1s \u00e9s st\u00edlus<\/H2>\nA <strong>kar\u00e1csonyi csomagol\u00e1s \u00f6tletek<\/strong> kateg\u00f3ri\u00e1ban sz\u00e1mtalan inspir\u00e1ci\u00f3t tal\u00e1lsz, hogy az aj\u00e1nd\u00e9kaid csomagol\u00e1sa igaz\u00e1n egyedi legyen. Pr\u00f3b\u00e1ld ki a r\u00e9tegzett csomagol\u00e1st, a term\u00e9szetes elemekkel, p\u00e9ld\u00e1ul feny\u0151\u00e1gakkal, tobozokkal vagy sz\u00e1r\u00edtott narancsszeletekkel d\u00edsz\u00edtett megold\u00e1sokat. Ezek a r\u00e9szletek nemcsak szemet gy\u00f6ny\u00f6rk\u00f6dtet\u0151k, hanem fenntarthat\u00f3bbak is, \u00edgy k\u00f6rnyezettudatos v\u00e1laszt\u00e1st jelentenek.\n\n<H2 class=\"text-meska\/base-orange\"><strong>Kar\u00e1csonyi aj\u00e1nd\u00e9k csomagol\u00e1s<\/strong> \u2013 Praktikus \u00e9s gy\u00f6ny\u00f6r\u0171<\/H2>\nA <strong>kar\u00e1csonyi aj\u00e1nd\u00e9k csomagol\u00e1s<\/strong> nemcsak eszt\u00e9tikai, hanem praktikus szempontb\u00f3l is fontos. A Meska k\u00edn\u00e1lat\u00e1ban szerepl\u0151 aj\u00e1nd\u00e9ktasakok \u00e9s -dobozok nemcsak gy\u00f6ny\u00f6r\u0171ek, hanem k\u00f6nnyen kezelhet\u0151k is, \u00edgy id\u0151t takar\u00edtanak meg az \u00fcnnepi rohan\u00e1sban. Az eleg\u00e1ns masnik \u00e9s c\u00edmk\u00e9k pedig t\u00f6k\u00e9letes utols\u00f3 sim\u00edt\u00e1sk\u00e9nt szolg\u00e1lnak.\n\n<H2 class=\"text-meska\/base-orange\"><strong>Kar\u00e1csonyi csomagol\u00e1s<\/strong> \u2013 Fenntarthat\u00f3 megold\u00e1sok<\/H2>\nA k\u00f6rnyezettudatos v\u00e1s\u00e1rl\u00f3k sz\u00e1m\u00e1ra a <strong>kar\u00e1csonyi csomagol\u00e1s<\/strong> fenntarthat\u00f3 anyagokb\u00f3l k\u00e9sz\u00fclt v\u00e1ltozatai is el\u00e9rhet\u0151k. V\u00e1lassz \u00fajrahasznos\u00edthat\u00f3 pap\u00edrokat, moshat\u00f3 textilzs\u00e1kokat vagy nat\u00far kartonb\u00f3l k\u00e9sz\u00fclt dobozokat, amelyek hossz\u00fa t\u00e1von is felhaszn\u00e1lhat\u00f3k. Ezekkel a megold\u00e1sokkal nemcsak az aj\u00e1nd\u00e9koz\u00e1s \u00f6r\u00f6m\u00e9t, hanem a bolyg\u00f3nk v\u00e9delm\u00e9t is t\u00e1mogathatod.\n\nFedezd fel a Meska <strong>kar\u00e1csonyi csomagol\u00e1s<\/strong> k\u00edn\u00e1lat\u00e1t, \u00e9s var\u00e1zsolj eml\u00e9kezetes pillanatokat az \u00fcnnepek sor\u00e1n!","metaDescription":"Fedezd fel a Meska kar\u00e1csonyi csomagol\u00f3anyagait! Egyedi pap\u00edrok, dobozok \u00e9s fenntarthat\u00f3 megold\u00e1sok, hogy az aj\u00e1nd\u00e9koz\u00e1s m\u00e9g k\u00fcl\u00f6nlegesebb legyen!","metaNoIndex":true,"metaNoFollow":0,"seoFound":true,"ogImage":"https:\/\/www.meska.hu\/img\/category_seo\/1010-karacsonyi-ajandekcsomagolas--meska-kezmuves-piacter_L5KYm.jpg","canonicals":"https:\/\/www.meska.hu\/s\/karacsonyi-ajandekcsomagolas:husvetra\/c-1010:go-36"},"breadcrumb":[{"position":1,"name":"Meska.hu","url":"https:\/\/www.meska.hu","last":false},{"position":2,"name":"Kar\u00e1csony","url":"https:\/\/www.meska.hu\/s\/karacsony:husvetra\/c-319:go-36","last":false},{"position":3,"name":"Kar\u00e1csonyi aj\u00e1nd\u00e9koz\u00e1s","url":"https:\/\/www.meska.hu\/s\/karacsonyi-ajandekozas:husvetra\/c-1296:go-36","last":false},{"position":4,"name":"Kar\u00e1csonyi aj\u00e1nd\u00e9kcsomagol\u00e1s","url":"https:\/\/www.meska.hu\/s\/karacsonyi-ajandekcsomagolas:husvetra\/c-1010:go-36","last":true}],"h1":"Kar\u00e1csonyi aj\u00e1nd\u00e9kcsomagol\u00e1s","url":{"url":"https:\/\/www.meska.hu\/s\/karacsonyi-ajandekcsomagolas:husvetra\/c-1010:go-36","title":"Mind","_debug_":false},"_count_":1}