{"_terms_":{"phrase":"*","category_id":"1761","category_ids":"1761","facets":"n","p":"1","pp":"100","sort_by":"create_date","sort_direction":"desc","product_type":"kezmuves|alapanyag|vintage","session_id":"5mane6i9dm5qf5pv9mmdfgg928"},"total":112,"products":[{"id":"6095962","shop_id":"46922","user_id":"681526","shop_name":"Melindaalkotomuhely","shop_zip":"1145","product_code":"5721015","product_name_old":null,"product_name":"Babaszobai \u00e9jjelil\u00e1mpa \u2013 Egyedi csillag forma","category_string":"Baba - mama, Babaszoba dekor\u00e1ci\u00f3, \u00c9jszakai f\u00e9ny","technic_string":"Famegmunk\u00e1l\u00e1s, Mindenm\u00e1s","category_1":"1735","category_2":"1466","category_3":"1761","category_4":"0","merged_category_1":null,"merged_category_2":null,"merged_category_3":null,"technic_1":"478","technic_2":"493","technic_3":"0","color_1":"514","color_2":"515","color_3":"519","product_description_old":null,"product_description":"Var\u00e1zsolj meghitt hangulatot a babaszob\u00e1ba ezzel az egyedi, csillag alak\u00fa \u00e9jjelil\u00e1mp\u00e1val!\nA l\u00e1mpa nat\u00far f\u00e1b\u00f3l k\u00e9sz\u00fcl, \u00e9s a baba neve ker\u00fcl r\u00e1 feliratozva, \u00edgy nemcsak praktikus f\u00e9nyforr\u00e1s, hanem szem\u00e9lyes dekor\u00e1ci\u00f3 is.\n\nA be\u00e9p\u00edtett LED vil\u00e1g\u00edt\u00e1s kellemes, szemet nem b\u00e1nt\u00f3 f\u00e9nyt ad, ide\u00e1lis esti megnyugv\u00e1shoz vagy \u00e9jszakai f\u00e9nyk\u00e9nt.\nUSB-s csatlakoz\u00f3val \u00e9s kapcsol\u00f3val ell\u00e1tott, \u00edgy k\u00f6nnyen haszn\u00e1lhat\u00f3 \u00e9s energiatakar\u00e9kos.\n\nJellemz\u0151k:\n\u2b50 Csillag form\u00e1j\u00fa, bababar\u00e1t design\n\n\ud83c\udf3f Nat\u00far fa alapanyag\n\n\u2728 Egyedi n\u00e9vvel feliratozva\n\n\ud83d\udca1 LED vil\u00e1g\u00edt\u00e1s\n\n\ud83d\udd0c USB-s csatlakoz\u00e1s, be\u00e9p\u00edtett kapcsol\u00f3\n\nT\u00f6k\u00e9letes v\u00e1laszt\u00e1s aj\u00e1nd\u00e9knak vagy a babaszoba meghitt, szem\u00e9lyes kieg\u00e9sz\u00edt\u0151jek\u00e9nt.","price":"6000.00","unit":"db","recommended":"0","status":"1","sponsored":"0","exp_notify":"0","own_material":"0","own_material_description_old":null,"own_material_description":"","jury":"0","jury_number":"","product_nature":"","meskaracsony":"0","create_date":"2026-01-28 09:41:40","shelve_id":"0","image":"melindaalkotomuhely_product_681526_260128093727_33838.jpeg","image_width":"480","image_height":"639","image_alt":"Babaszobai \u00e9jjelil\u00e1mpa \u2013 Egyedi csillag forma, Var\u00e1zsolj meghitt hangulatot a babaszob\u00e1ba ezzel az egyedi, csillag alak\u00fa \u00e9jjelil\u00e1mp\u00e1val!\\nA l\u00e1mpa na..., Meska","image_title":"Babaszobai \u00e9jjelil\u00e1mpa \u2013 Egyedi csillag forma, Meska","view_count":"106","favourite_count":"0","trending_score":"0","last2MonthFavouriteCount":"0","promotion":"0","giftcard_accept":"0","creditcard_accept":true,"enhanced_background":"0","domain":"meska","specific_customer_id":null,"specific_customer_name":null,"to_order_product":"1","to_order_product_time":"5","product_different":null,"product_different_description":"","vintage":"0","vintage_category_id":"0","recycled":"0","gemstone_id":"0","customizable":"1","type_category":"physical","zerowaste":"0","postage_price":"1349.00","shop_order":"0","has_category":"1","landing_pages":null,"microdata":{"number":1,"category":""},"title":"Babaszobai \u00e9jjelil\u00e1mpa \u2013 Egyedi csillag forma","description":"Var\u00e1zsolj meghitt hangulatot a babaszob\u00e1ba ezzel az egyedi, csillag alak\u00fa \u00e9jjelil\u00e1mp\u00e1val!\nA l\u00e1mpa nat\u00far f\u00e1b\u00f3l k\u00e9sz\u00fcl, \u00e9s a baba neve ker\u00fcl r\u00e1 feliratozva, \u00edgy nemcsak praktikus f\u00e9nyforr\u00e1s, hanem szem\u00e9lyes dekor\u00e1ci\u00f3 is.\n\nA be\u00e9p\u00edtett LED vil\u00e1g\u00edt\u00e1s kellemes, szemet nem b\u00e1nt\u00f3 f\u00e9nyt ad, ide\u00e1lis esti megnyugv\u00e1shoz vagy \u00e9jszakai f\u00e9nyk\u00e9nt.\nUSB-s csatlakoz\u00f3val \u00e9s kapcsol\u00f3val ell\u00e1tott, \u00edgy k\u00f6nnyen haszn\u00e1lhat\u00f3 \u00e9s energiatakar\u00e9kos.\n\nJellemz\u0151k:\n\u2b50 Csillag form\u00e1j\u00fa, bababar\u00e1t design\n\n\ud83c\udf3f Nat\u00far fa alapanyag\n\n\u2728 Egyedi n\u00e9vvel feliratozva\n\n\ud83d\udca1 LED vil\u00e1g\u00edt\u00e1s\n\n\ud83d\udd0c USB-s csatlakoz\u00e1s, be\u00e9p\u00edtett kapcsol\u00f3\n\nT\u00f6k\u00e9letes v\u00e1laszt\u00e1s aj\u00e1nd\u00e9knak vagy a babaszoba meghitt, szem\u00e9lyes kieg\u00e9sz\u00edt\u0151jek\u00e9nt.","score":0,"formatted_price":"6 000 Ft","image_url":"https:\/\/www.meska.hu\/img\/product\/small\/m\/e\/melindaalkotomuhely_product_681526_260128093727_33838.jpeg","formatted_url":"https:\/\/www.meska.hu\/p5721015-babaszobai-ejjelilampa-egyedi-csillag-forma","favourite":false,"in_stock":false,"avatar":"681526_avatar_1768734632.png","delete_from":0,"is_enhanced_background":false,"is_enhanced":true,"enhanced_ribbon":"<img src=\"\/images\/brightness_brighter_20x20.png\" style=\"position: absolute; right: 13px; top: 7px;\">","enhanced_key":0,"is_key_2":false,"is_key_3":false,"is_key_4":false,"product_selection_started":false,"is_active":true,"image_webp_url":"https:\/\/www.meska.hu\/img\/product\/small\/m\/e\/melindaalkotomuhely_product_681526_260128093727_33838.webp"},{"id":"6061063","shop_id":"51312","user_id":"507788","shop_name":"GZStudio","shop_zip":"9178","product_code":"5696034","product_name_old":null,"product_name":"Gyerekszoba dekor","category_string":"Baba - mama, \u00c9jszakai f\u00e9ny, Babaszoba dekor\u00e1ci\u00f3","technic_string":"Grav\u00edroz\u00e1s, pirogr\u00e1fia","category_1":"1735","category_2":"1761","category_3":"1466","category_4":"0","merged_category_1":null,"merged_category_2":null,"merged_category_3":null,"technic_1":"796","technic_2":"0","technic_3":"0","color_1":"519","color_2":"520","color_3":"521","product_description_old":null,"product_description":"\u00c9jjeli f\u00e9ny \u00e8s falik\u00e9p \nM\u00e9rete 29x30 cm\nUsb type-c csatlakoz\u00f3val szerelt.\n5V-os adapterrel lehet m\u0171k\u00f6dtetni. \nVezet\u00e9k \u00e9s t\u00f6lt\u0151 adapter nem tartoz\u00e9k.\n(5v-os telefon t\u00f6lt\u0151vel m\u0171k\u00f6dtethet\u0151)\nK\u00e9rd\u00e9s eset\u00e9n sz\u00edvesen v\u00e1laszolok, egyedi elk\u00e9pzel\u00e9sek megval\u00f3s\u00edt\u00e1s\u00e1ban is sz\u00edvesen seg\u00edtek.\nSzem\u00e9lyesen Mosonmagyar\u00f3v\u00e1ron \u00e9s k\u00f6rny\u00e9k\u00e9n sz\u00e1ll\u00edtjuk.","price":"15000.00","unit":"db","recommended":"0","status":"1","sponsored":"0","exp_notify":"0","own_material":"0","own_material_description_old":null,"own_material_description":"","jury":"0","jury_number":"","product_nature":"","meskaracsony":"0","create_date":"2026-04-28 17:51:06","shelve_id":"0","image":"gzstudio_product_507788_260106224838_653837.png","image_width":"480","image_height":"657","image_alt":"Gyerekszoba dekor, \u00c9jjeli f\u00e9ny \u00e8s falik\u00e9p \\nM\u00e9rete 29x30 cm\\nUsb type-c csatlakoz\u00f3val szerelt.\\n5V-os adapterrel lehet m\u0171k..., Meska","image_title":"Gyerekszoba dekor, Meska","view_count":"80","favourite_count":"0","trending_score":"0","last2MonthFavouriteCount":"0","promotion":"0","giftcard_accept":"0","creditcard_accept":false,"enhanced_background":"0","domain":"meska","specific_customer_id":null,"specific_customer_name":null,"to_order_product":"0","to_order_product_time":"0","product_different":null,"product_different_description":"","vintage":"0","vintage_category_id":"0","recycled":"0","gemstone_id":"0","customizable":"0","type_category":"physical","zerowaste":"0","postage_price":"1349.00","shop_order":"0","has_category":"1","landing_pages":null,"microdata":{"number":1,"category":""},"title":"Gyerekszoba dekor","description":"\u00c9jjeli f\u00e9ny \u00e8s falik\u00e9p \nM\u00e9rete 29x30 cm\nUsb type-c csatlakoz\u00f3val szerelt.\n5V-os adapterrel lehet m\u0171k\u00f6dtetni. \nVezet\u00e9k \u00e9s t\u00f6lt\u0151 adapter nem tartoz\u00e9k.\n(5v-os telefon t\u00f6lt\u0151vel m\u0171k\u00f6dtethet\u0151)\nK\u00e9rd\u00e9s eset\u00e9n sz\u00edvesen v\u00e1laszolok, egyedi elk\u00e9pzel\u00e9sek megval\u00f3s\u00edt\u00e1s\u00e1ban is sz\u00edvesen seg\u00edtek.\nSzem\u00e9lyesen Mosonmagyar\u00f3v\u00e1ron \u00e9s k\u00f6rny\u00e9k\u00e9n sz\u00e1ll\u00edtjuk.","score":0,"formatted_price":"15 000 Ft","image_url":"https:\/\/www.meska.hu\/img\/product\/small\/g\/z\/gzstudio_product_507788_260106224838_653837.png","formatted_url":"https:\/\/www.meska.hu\/p5696034-gyerekszoba-dekor","favourite":false,"in_stock":true,"avatar":"507788_avatar_1767097667.png","delete_from":0,"is_enhanced_background":false,"is_enhanced":false,"product_selection_started":false,"is_active":true,"image_webp_url":"https:\/\/www.meska.hu\/img\/product\/small\/g\/z\/gzstudio_product_507788_260106224838_653837.webp"},{"id":"5491188","shop_id":"43575","user_id":"622009","shop_name":"nyuszikert","shop_zip":"9144","product_code":"5377645","product_name_old":null,"product_name":"Akril \u00e9jjeli- nyuszi vir\u00e1ggal","category_string":"Baba - mama, \u00c9jszakai f\u00e9ny, Babaszoba dekor\u00e1ci\u00f3","technic_string":"Grav\u00edroz\u00e1s, pirogr\u00e1fia","category_1":"1735","category_2":"1761","category_3":"1466","category_4":"0","merged_category_1":null,"merged_category_2":null,"merged_category_3":null,"technic_1":"796","technic_2":"0","technic_3":"0","color_1":"513","color_2":"0","color_3":"0","product_description_old":null,"product_description":"Hozz var\u00e1zslatos hangulatot otthonodba ezekkel a st\u00edlusos \u00e9s egyedi akril\u00fcveg \u00e9jjeli f\u00e9nyekkel! Az \u00e1tl\u00e1tsz\u00f3 akril\u00fcveg alapanyag eleg\u00e1ns \u00e9s modern megjelen\u00e9st biztos\u00edt, mik\u00f6zben a finom LED vil\u00e1g\u00edt\u00e1s kellemes, l\u00e1gy f\u00e9nyt ad, megnyugtat\u00f3 hangulatot teremt, amely t\u00f6k\u00e9letes \u00e9jszakai k\u00eds\u00e9r\u0151k\u00e9nt szolg\u00e1l. Az akril\u00fcveg (plexi) tart\u00f3s \u00e9s k\u00f6nnyen tiszt\u00edthat\u00f3 anyag, amely nem t\u00f6rik k\u00f6nnyen. A l\u00e1mpa akkumul\u00e1torral m\u0171k\u00f6dik, melynek el\u0151nyei:\n\nHordozhat\u00f3 \u2013 b\u00e1rhol elhelyezhet\u0151 a lak\u00e1sban, nincs sz\u00fcks\u00e9g konnektorra.\n\nHossz\u00fa \u00fczemid\u0151 \u2013 ak\u00e1r 120 \u00f3r\u00e1n \u00e1t m\u0171k\u00f6dik egyetlen t\u00f6lt\u00e9ssel.\n\nK\u00e1belmentes kialak\u00edt\u00e1s \u2013 nincs \u00fatban vezet\u00e9k, biztons\u00e1gosabb \u00e9s eszt\u00e9tikusabb.\n\n\u00dajrat\u00f6lthet\u0151 akkumul\u00e1tor \u2013 k\u00f6rnyezetbar\u00e1t \u00e9s k\u00f6lts\u00e9ghat\u00e9kony, nincs sz\u00fcks\u00e9g elemekre.\n\nStabil f\u00e9nyer\u0151 \u2013 LED technol\u00f3gi\u00e1nak k\u00f6sz\u00f6nhet\u0151en energiatakar\u00e9kos \u00e9s tart\u00f3s f\u00e9nyt biztos\u00edt.\n\nSokoldal\u00fa felhaszn\u00e1l\u00e1s \u2013 ide\u00e1lis \u00e9jjeli f\u00e9nynek, dekor\u00e1ci\u00f3hoz vagy hangulatvil\u00e1g\u00edt\u00e1shoz.\n\nKompakt \u00e9s k\u00f6nny\u0171 \u2013 egyszer\u0171en mozgathat\u00f3 egyik helyis\u00e9gb\u0151l a m\u00e1sikba.\n\nT\u00f6bbf\u00e9le form\u00e1b\u00f3l \u00e9s mint\u00e1b\u00f3l v\u00e1laszthatsz, illetve a l\u00e1mp\u00e1kon megjelenhet a gyermeked neve \u00e9s sz\u00fclet\u00e9si vagy keresztel\u0151 d\u00e1tuma, hogy egy igaz\u00e1n szem\u00e9lyre szabott \u00e9jjeli f\u00e9nynek \u00f6r\u00fclhessetek.\n\nM\u00e9ret: kb. 15cm x 16cm\n\nAnyaga: 5 mm-es akril\u00fcveg (plexi) \u00e9s f\u00e1b\u00f3l k\u00e9sz\u00fclt LED talp\n\nVil\u00e1g\u00edt\u00e1s t\u00edpusa: LED\n\nT\u00f6k\u00e9letes v\u00e1laszt\u00e1s gyerekszob\u00e1ba vagy b\u00e1rmelyik helyis\u00e9gbe, ahol egy kis hangulatos vil\u00e1g\u00edt\u00e1st szeretn\u00e9l. Ide\u00e1lis aj\u00e1nd\u00e9k b\u00e1rmilyen alkalomra, legyen az babak\u00f6sz\u00f6nt\u0151, sz\u00fclet\u00e9snap, keresztel\u0151, kar\u00e1csony, vagy egyszer\u0171en csak egy kis meglepet\u00e9s.\n\nA csomag tartalma:\n\n1 db 5 mm-es akril\u00fcveg a v\u00e1lasztott mint\u00e1val \u00e9s adatokkal szem\u00e9lyre szabva\n1 db f\u00e1b\u00f3l k\u00e9sz\u00fclt LED talp\n1 db USB t\u00f6lt\u0151k\u00e1bel (a t\u00f6lt\u0151fej nem tartoz\u00e9k)","price":"10990.00","unit":"db","recommended":"0","status":"1","sponsored":"0","exp_notify":"0","own_material":"0","own_material_description_old":null,"own_material_description":"","jury":"0","jury_number":"","product_nature":"","meskaracsony":"0","create_date":"2026-04-27 22:42:04","shelve_id":"0","image":"nyuszikert_product_622009_250923101640_536931.jpeg","image_width":"480","image_height":"480","image_alt":"Akril \u00e9jjeli- nyuszi vir\u00e1ggal, Hozz var\u00e1zslatos hangulatot otthonodba ezekkel a st\u00edlusos \u00e9s egyedi akril\u00fcveg \u00e9jjeli f\u00e9nyekkel! Az \u00e1..., Meska","image_title":"Akril \u00e9jjeli- nyuszi vir\u00e1ggal, Meska","view_count":"466","favourite_count":"0","trending_score":"0","last2MonthFavouriteCount":"0","promotion":"0","giftcard_accept":"0","creditcard_accept":true,"enhanced_background":"0","domain":"meska","specific_customer_id":null,"specific_customer_name":null,"to_order_product":"1","to_order_product_time":"5","product_different":null,"product_different_description":"","vintage":"0","vintage_category_id":"0","recycled":"0","gemstone_id":"0","customizable":"1","type_category":"physical","zerowaste":"0","postage_price":"2390.00","shop_order":"0","has_category":"1","landing_pages":null,"microdata":{"number":2,"category":""},"title":"Akril \u00e9jjeli- nyuszi vir\u00e1ggal","description":"Hozz var\u00e1zslatos hangulatot otthonodba ezekkel a st\u00edlusos \u00e9s egyedi akril\u00fcveg \u00e9jjeli f\u00e9nyekkel! Az \u00e1tl\u00e1tsz\u00f3 akril\u00fcveg alapanyag eleg\u00e1ns \u00e9s modern megjelen\u00e9st biztos\u00edt, mik\u00f6zben a finom LED vil\u00e1g\u00edt\u00e1s kellemes, l\u00e1gy f\u00e9nyt ad, megnyugtat\u00f3 hangulatot teremt, amely t\u00f6k\u00e9letes \u00e9jszakai k\u00eds\u00e9r\u0151k\u00e9nt szolg\u00e1l. Az akril\u00fcveg (plexi) tart\u00f3s \u00e9s k\u00f6nnyen tiszt\u00edthat\u00f3 anyag, amely nem t\u00f6rik k\u00f6nnyen. A l\u00e1mpa akkumul\u00e1torral m\u0171k\u00f6dik, melynek el\u0151nyei:\n\nHordozhat\u00f3 \u2013 b\u00e1rhol elhelyezhet\u0151 a lak\u00e1sban, nincs sz\u00fcks\u00e9g konnektorra.\n\nHossz\u00fa \u00fczemid\u0151 \u2013 ak\u00e1r 120 \u00f3r\u00e1n \u00e1t m\u0171k\u00f6dik egyetlen t\u00f6lt\u00e9ssel.\n\nK\u00e1belmentes kialak\u00edt\u00e1s \u2013 nincs \u00fatban vezet\u00e9k, biztons\u00e1gosabb \u00e9s eszt\u00e9tikusabb.\n\n\u00dajrat\u00f6lthet\u0151 akkumul\u00e1tor \u2013 k\u00f6rnyezetbar\u00e1t \u00e9s k\u00f6lts\u00e9ghat\u00e9kony, nincs sz\u00fcks\u00e9g elemekre.\n\nStabil f\u00e9nyer\u0151 \u2013 LED technol\u00f3gi\u00e1nak k\u00f6sz\u00f6nhet\u0151en energiatakar\u00e9kos \u00e9s tart\u00f3s f\u00e9nyt biztos\u00edt.\n\nSokoldal\u00fa felhaszn\u00e1l\u00e1s \u2013 ide\u00e1lis \u00e9jjeli f\u00e9nynek, dekor\u00e1ci\u00f3hoz vagy hangulatvil\u00e1g\u00edt\u00e1shoz.\n\nKompakt \u00e9s k\u00f6nny\u0171 \u2013 egyszer\u0171en mozgathat\u00f3 egyik helyis\u00e9gb\u0151l a m\u00e1sikba.\n\nT\u00f6bbf\u00e9le form\u00e1b\u00f3l \u00e9s mint\u00e1b\u00f3l v\u00e1laszthatsz, illetve a l\u00e1mp\u00e1kon megjelenhet a gyermeked neve \u00e9s sz\u00fclet\u00e9si vagy keresztel\u0151 d\u00e1tuma, hogy egy igaz\u00e1n szem\u00e9lyre szabott \u00e9jjeli f\u00e9nynek \u00f6r\u00fclhessetek.\n\nM\u00e9ret: kb. 15cm x 16cm\n\nAnyaga: 5 mm-es akril\u00fcveg (plexi) \u00e9s f\u00e1b\u00f3l k\u00e9sz\u00fclt LED talp\n\nVil\u00e1g\u00edt\u00e1s t\u00edpusa: LED\n\nT\u00f6k\u00e9letes v\u00e1laszt\u00e1s gyerekszob\u00e1ba vagy b\u00e1rmelyik helyis\u00e9gbe, ahol egy kis hangulatos vil\u00e1g\u00edt\u00e1st szeretn\u00e9l. Ide\u00e1lis aj\u00e1nd\u00e9k b\u00e1rmilyen alkalomra, legyen az babak\u00f6sz\u00f6nt\u0151, sz\u00fclet\u00e9snap, keresztel\u0151, kar\u00e1csony, vagy egyszer\u0171en csak egy kis meglepet\u00e9s.\n\nA csomag tartalma:\n\n1 db 5 mm-es akril\u00fcveg a v\u00e1lasztott mint\u00e1val \u00e9s adatokkal szem\u00e9lyre szabva\n1 db f\u00e1b\u00f3l k\u00e9sz\u00fclt LED talp\n1 db USB t\u00f6lt\u0151k\u00e1bel (a t\u00f6lt\u0151fej nem tartoz\u00e9k)","score":0,"formatted_price":"10 990 Ft","image_url":"https:\/\/www.meska.hu\/img\/product\/small\/n\/y\/nyuszikert_product_622009_250923101640_536931.jpeg","formatted_url":"https:\/\/www.meska.hu\/p5377645-akril-ejjeli-nyuszi-viraggal","favourite":false,"in_stock":false,"avatar":"622009_avatar_1701843989.jpeg","delete_from":0,"is_enhanced_background":false,"is_enhanced":false,"product_selection_started":false,"is_active":true,"image_webp_url":"https:\/\/www.meska.hu\/img\/product\/small\/n\/y\/nyuszikert_product_622009_250923101640_536931.webp"},{"id":"5167958","shop_id":"40310","user_id":"559877","shop_name":"inciajandekgyar","shop_zip":"4400","product_code":"5178275","product_name_old":null,"product_name":"Grav\u00edrozott fa asztali RGB LED l\u00e1mpa - B\u00e1r\u00e1ny","category_string":"Baba - mama, \u00c9jszakai f\u00e9ny, Babaszoba dekor\u00e1ci\u00f3","technic_string":"Grav\u00edroz\u00e1s, pirogr\u00e1fia","category_1":"1735","category_2":"1761","category_3":"1466","category_4":"0","merged_category_1":"0","merged_category_2":"0","merged_category_3":"785","technic_1":"796","technic_2":"0","technic_3":"0","color_1":"513","color_2":"0","color_3":"0","product_description_old":null,"product_description":"Anyaga: fa\nM\u00e9rete: kb. 29 cm x 25 cm\nA term\u00e9k grav\u00edroz\u00e1ssal k\u00e9sz\u00fcl.\n\nEgyedi, n\u00e9vvel ell\u00e1tott asztali l\u00e1mpa, RGB LED vil\u00e1g\u00edt\u00e1ssal.\n- 15 sz\u00edn be\u00e1ll\u00edt\u00e1s\n- 5 V\n- T\u00e1vir\u00e1ny\u00edt\u00f3\n- K\u00fcl\u00f6nleges dekor\u00e1ci\u00f3 lehet a szob\u00e1ban\n- Nagyszer\u0171 aj\u00e1nd\u00e9k lehet feln\u0151ttek sz\u00e1m\u00e1ra\n\nK\u00e9rj\u00fck, a k\u00edv\u00e1nt nevet add meg megjegyz\u00e9sben!\n\nUSB t\u00f6lt\u0151fej k\u00fcl\u00f6n k\u00e9rhet\u0151 hozz\u00e1, nem tartoz\u00e9k!\n\nA Norm\u00e1l gy\u00e1rt\u00e1si id\u0151 4-8 munkanap, ha ett\u0151l gyorsabban szeretn\u00e9d a term\u00e9ket vedd fel vel\u00fcnk a kapcsolatot \u00e9s expressz gy\u00e1rt\u00e1ssal el tudjuk sz\u00e1modra k\u00e9sz\u00edteni.","price":"9990.00","unit":"db","recommended":"0","status":"1","sponsored":"0","exp_notify":"0","own_material":"0","own_material_description_old":null,"own_material_description":"","jury":"0","jury_number":"","product_nature":"","meskaracsony":"0","create_date":"2026-04-25 21:26:03","shelve_id":"0","image":"inciajandekgyar_product_559877_240106190021_90829.jpeg","image_width":"480","image_height":"480","image_alt":"Grav\u00edrozott fa asztali RGB LED l\u00e1mpa - B\u00e1r\u00e1ny, Anyaga: fa\\nM\u00e9rete: kb. 29 cm x 25 cm\\nA term\u00e9k grav\u00edroz\u00e1ssal k\u00e9sz\u00fcl.\\n\\nEgyedi, n\u00e9vvel ell\u00e1tott asztali..., Meska","image_title":"Grav\u00edrozott fa asztali RGB LED l\u00e1mpa - B\u00e1r\u00e1ny, Meska","view_count":"625","favourite_count":"0","trending_score":"0","last2MonthFavouriteCount":"0","promotion":"0","giftcard_accept":"0","creditcard_accept":false,"enhanced_background":"0","domain":"meska","specific_customer_id":null,"specific_customer_name":null,"to_order_product":"1","to_order_product_time":"4","product_different":null,"product_different_description":"","vintage":"0","vintage_category_id":"0","recycled":"0","gemstone_id":"0","customizable":"1","type_category":"physical","zerowaste":"0","postage_price":"1290.00","shop_order":"0","has_category":"1","landing_pages":null,"microdata":{"number":3,"category":""},"title":"Grav\u00edrozott fa asztali RGB LED l\u00e1mpa - B\u00e1r\u00e1ny","description":"Anyaga: fa\nM\u00e9rete: kb. 29 cm x 25 cm\nA term\u00e9k grav\u00edroz\u00e1ssal k\u00e9sz\u00fcl.\n\nEgyedi, n\u00e9vvel ell\u00e1tott asztali l\u00e1mpa, RGB LED vil\u00e1g\u00edt\u00e1ssal.\n- 15 sz\u00edn be\u00e1ll\u00edt\u00e1s\n- 5 V\n- T\u00e1vir\u00e1ny\u00edt\u00f3\n- K\u00fcl\u00f6nleges dekor\u00e1ci\u00f3 lehet a szob\u00e1ban\n- Nagyszer\u0171 aj\u00e1nd\u00e9k lehet feln\u0151ttek sz\u00e1m\u00e1ra\n\nK\u00e9rj\u00fck, a k\u00edv\u00e1nt nevet add meg megjegyz\u00e9sben!\n\nUSB t\u00f6lt\u0151fej k\u00fcl\u00f6n k\u00e9rhet\u0151 hozz\u00e1, nem tartoz\u00e9k!\n\nA Norm\u00e1l gy\u00e1rt\u00e1si id\u0151 4-8 munkanap, ha ett\u0151l gyorsabban szeretn\u00e9d a term\u00e9ket vedd fel vel\u00fcnk a kapcsolatot \u00e9s expressz gy\u00e1rt\u00e1ssal el tudjuk sz\u00e1modra k\u00e9sz\u00edteni.","score":0,"formatted_price":"9 990 Ft","image_url":"https:\/\/www.meska.hu\/img\/product\/small\/i\/n\/inciajandekgyar_product_559877_240106190021_90829.jpeg","formatted_url":"https:\/\/www.meska.hu\/p5178275-gravirozott-fa-asztali-rgb-led-lampa-barany","favourite":false,"in_stock":false,"avatar":"559877_avatar_1677149998.jpeg","delete_from":0,"is_enhanced_background":false,"is_enhanced":false,"product_selection_started":false,"is_active":true,"image_webp_url":"https:\/\/www.meska.hu\/img\/product\/small\/i\/n\/inciajandekgyar_product_559877_240106190021_90829.webp"},{"id":"5167956","shop_id":"40310","user_id":"559877","shop_name":"inciajandekgyar","shop_zip":"4400","product_code":"5178273","product_name_old":null,"product_name":"Grav\u00edrozott fa asztali RGB LED l\u00e1mpa - Maci","category_string":"Baba - mama, \u00c9jszakai f\u00e9ny, Babaszoba dekor\u00e1ci\u00f3","technic_string":"Grav\u00edroz\u00e1s, pirogr\u00e1fia","category_1":"1735","category_2":"1761","category_3":"1466","category_4":"0","merged_category_1":"0","merged_category_2":"0","merged_category_3":"785","technic_1":"796","technic_2":"0","technic_3":"0","color_1":"513","color_2":"0","color_3":"0","product_description_old":null,"product_description":"Anyaga: fa\nM\u00e9rete: kb. 35 cm x 28 cm\nA term\u00e9k grav\u00edroz\u00e1ssal k\u00e9sz\u00fcl.\n\nEgyedi, n\u00e9vvel ell\u00e1tott asztali l\u00e1mpa, RGB LED vil\u00e1g\u00edt\u00e1ssal.\n- 15 sz\u00edn be\u00e1ll\u00edt\u00e1s\n- 5 V\n- T\u00e1vir\u00e1ny\u00edt\u00f3\n- K\u00fcl\u00f6nleges dekor\u00e1ci\u00f3 lehet a szob\u00e1ban\n- Nagyszer\u0171 aj\u00e1nd\u00e9k lehet feln\u0151ttek sz\u00e1m\u00e1ra\n\nK\u00e9rj\u00fck, a k\u00edv\u00e1nt nevet add meg megjegyz\u00e9sben!\n\nUSB t\u00f6lt\u0151fej k\u00fcl\u00f6n k\u00e9rhet\u0151 hozz\u00e1, nem tartoz\u00e9k!\n\nA Norm\u00e1l gy\u00e1rt\u00e1si id\u0151 4-8 munkanap, ha ett\u0151l gyorsabban szeretn\u00e9d a term\u00e9ket vedd fel vel\u00fcnk a kapcsolatot \u00e9s expressz gy\u00e1rt\u00e1ssal el tudjuk sz\u00e1modra k\u00e9sz\u00edteni.","price":"9990.00","unit":"db","recommended":"0","status":"1","sponsored":"0","exp_notify":"0","own_material":"0","own_material_description_old":null,"own_material_description":"","jury":"0","jury_number":"","product_nature":"","meskaracsony":"0","create_date":"2026-04-25 21:25:58","shelve_id":"0","image":"inciajandekgyar_product_559877_240106185655_573345.jpeg","image_width":"480","image_height":"480","image_alt":"Grav\u00edrozott fa asztali RGB LED l\u00e1mpa - Maci, Anyaga: fa\\nM\u00e9rete: kb. 35 cm x 28 cm\\nA term\u00e9k grav\u00edroz\u00e1ssal k\u00e9sz\u00fcl.\\n\\nEgyedi, n\u00e9vvel ell\u00e1tott asztali..., Meska","image_title":"Grav\u00edrozott fa asztali RGB LED l\u00e1mpa - Maci, Meska","view_count":"521","favourite_count":"0","trending_score":"0","last2MonthFavouriteCount":"0","promotion":"0","giftcard_accept":"0","creditcard_accept":false,"enhanced_background":"0","domain":"meska","specific_customer_id":null,"specific_customer_name":null,"to_order_product":"1","to_order_product_time":"4","product_different":null,"product_different_description":"","vintage":"0","vintage_category_id":"0","recycled":"0","gemstone_id":"0","customizable":"1","type_category":"physical","zerowaste":"0","postage_price":"1290.00","shop_order":"0","has_category":"1","landing_pages":null,"microdata":{"number":4,"category":""},"title":"Grav\u00edrozott fa asztali RGB LED l\u00e1mpa - Maci","description":"Anyaga: fa\nM\u00e9rete: kb. 35 cm x 28 cm\nA term\u00e9k grav\u00edroz\u00e1ssal k\u00e9sz\u00fcl.\n\nEgyedi, n\u00e9vvel ell\u00e1tott asztali l\u00e1mpa, RGB LED vil\u00e1g\u00edt\u00e1ssal.\n- 15 sz\u00edn be\u00e1ll\u00edt\u00e1s\n- 5 V\n- T\u00e1vir\u00e1ny\u00edt\u00f3\n- K\u00fcl\u00f6nleges dekor\u00e1ci\u00f3 lehet a szob\u00e1ban\n- Nagyszer\u0171 aj\u00e1nd\u00e9k lehet feln\u0151ttek sz\u00e1m\u00e1ra\n\nK\u00e9rj\u00fck, a k\u00edv\u00e1nt nevet add meg megjegyz\u00e9sben!\n\nUSB t\u00f6lt\u0151fej k\u00fcl\u00f6n k\u00e9rhet\u0151 hozz\u00e1, nem tartoz\u00e9k!\n\nA Norm\u00e1l gy\u00e1rt\u00e1si id\u0151 4-8 munkanap, ha ett\u0151l gyorsabban szeretn\u00e9d a term\u00e9ket vedd fel vel\u00fcnk a kapcsolatot \u00e9s expressz gy\u00e1rt\u00e1ssal el tudjuk sz\u00e1modra k\u00e9sz\u00edteni.","score":0,"formatted_price":"9 990 Ft","image_url":"https:\/\/www.meska.hu\/img\/product\/small\/i\/n\/inciajandekgyar_product_559877_240106185655_573345.jpeg","formatted_url":"https:\/\/www.meska.hu\/p5178273-gravirozott-fa-asztali-rgb-led-lampa-maci","favourite":false,"in_stock":false,"avatar":"559877_avatar_1677149998.jpeg","delete_from":0,"is_enhanced_background":false,"is_enhanced":false,"product_selection_started":false,"is_active":true,"image_webp_url":"https:\/\/www.meska.hu\/img\/product\/small\/i\/n\/inciajandekgyar_product_559877_240106185655_573345.webp"},{"id":"5873923","shop_id":"44711","user_id":"641650","shop_name":"SzandiFilcKucko","shop_zip":"3200","product_code":"5595403","product_name_old":null,"product_name":"Vil\u00e1g\u00edt\u00f3 n\u00e9vre sz\u00f3l\u00f3 \u00e9jszakai f\u00e9ny, babaszoba d\u00edsz, babak\u00f6sz\u00f6nt\u0151\/babav\u00e1r\u00f3 aj\u00e1nd\u00e9k, \u0150zik\u00e9vel \u00e9s macival vil\u00e1g\u00edt\u00f3 holdal","category_string":"Baba - mama, \u00c9jszakai f\u00e9ny, Babaszoba dekor\u00e1ci\u00f3","technic_string":"Varr\u00e1s","category_1":"1735","category_2":"1761","category_3":"1466","category_4":"0","merged_category_1":null,"merged_category_2":null,"merged_category_3":null,"technic_1":"506","technic_2":"0","technic_3":"0","color_1":"525","color_2":"0","color_3":"0","product_description_old":null,"product_description":"Filc anyagb\u00f3l k\u00e9sz\u00fclt kb 20x 45 cm , elemes l\u00e9ddel ell\u00e1tott, n\u00e9vre sz\u00f3l\u00f3 \u00e9jszaka f\u00e9ny. Baba \u00e9s gyermekszob\u00e1ba ide\u00e1lis elalv\u00e1s el\u0151tti hangulat vil\u00e1g\u00edt\u00e1snak. Akaszt\u00f3s, \u00edgy falra , baldachintart\u00f3ra, ajt\u00f3ra... stb. k\u00f6nnyed\u00e9n felakaszthat\u00f3.","price":"11990.00","unit":"db","recommended":"0","status":"1","sponsored":"0","exp_notify":"0","own_material":"0","own_material_description_old":null,"own_material_description":"","jury":"0","jury_number":"","product_nature":"","meskaracsony":"0","create_date":"2026-04-23 07:29:58","shelve_id":"0","image":"szandifilckucko_product_641650_250730164242_8881100.png","image_width":"480","image_height":"480","image_alt":"Vil\u00e1g\u00edt\u00f3 n\u00e9vre sz\u00f3l\u00f3 \u00e9jszakai f\u00e9ny, babaszoba d\u00edsz, babak\u00f6sz\u00f6nt\u0151\/babav\u00e1r\u00f3 aj\u00e1nd\u00e9k, \u0150zik\u00e9vel \u00e9s macival vil\u00e1g\u00edt\u00f3 holdal, Filc anyagb\u00f3l k\u00e9sz\u00fclt kb 20x 45 cm , elemes l\u00e9ddel ell\u00e1tott, n\u00e9vre sz\u00f3l\u00f3 \u00e9jszaka f\u00e9ny. Baba \u00e9s gyerm..., Meska","image_title":"Vil\u00e1g\u00edt\u00f3 n\u00e9vre sz\u00f3l\u00f3 \u00e9jszakai f\u00e9ny, babaszoba d\u00edsz, babak\u00f6sz\u00f6nt\u0151\/babav\u00e1r\u00f3 aj\u00e1nd\u00e9k, \u0150zik\u00e9vel \u00e9s macival vil\u00e1g\u00edt\u00f3 holdal, Meska","view_count":"646","favourite_count":"0","trending_score":"0","last2MonthFavouriteCount":"0","promotion":"0","giftcard_accept":"0","creditcard_accept":false,"enhanced_background":"0","domain":"meska","specific_customer_id":null,"specific_customer_name":null,"to_order_product":"1","to_order_product_time":"7","product_different":null,"product_different_description":"","vintage":"0","vintage_category_id":"0","recycled":"0","gemstone_id":"0","customizable":"1","type_category":"physical","zerowaste":"0","postage_price":"1500.00","shop_order":"0","has_category":"1","landing_pages":null,"microdata":{"number":5,"category":""},"title":"Vil\u00e1g\u00edt\u00f3 n\u00e9vre sz\u00f3l\u00f3 \u00e9jszakai f\u00e9ny, babaszoba d\u00edsz, babak\u00f6sz\u00f6nt\u0151\/babav\u00e1r\u00f3 aj\u00e1nd\u00e9k, \u0150zik\u00e9vel \u00e9s macival vil\u00e1g\u00edt\u00f3 holdal","description":"Filc anyagb\u00f3l k\u00e9sz\u00fclt kb 20x 45 cm , elemes l\u00e9ddel ell\u00e1tott, n\u00e9vre sz\u00f3l\u00f3 \u00e9jszaka f\u00e9ny. Baba \u00e9s gyermekszob\u00e1ba ide\u00e1lis elalv\u00e1s el\u0151tti hangulat vil\u00e1g\u00edt\u00e1snak. Akaszt\u00f3s, \u00edgy falra , baldachintart\u00f3ra, ajt\u00f3ra... stb. k\u00f6nnyed\u00e9n felakaszthat\u00f3.","score":0,"formatted_price":"11 990 Ft","image_url":"https:\/\/www.meska.hu\/img\/product\/small\/s\/z\/szandifilckucko_product_641650_250730164242_8881100.png","formatted_url":"https:\/\/www.meska.hu\/p5595403-vilagito-nevre-szolo-ejszakai-feny-babaszoba-disz-babakoszonto-babavaro-ajandek-ozikevel-es-macival-vilagito-holdal","favourite":false,"in_stock":false,"avatar":"641650_avatar_1710771980.png","delete_from":0,"is_enhanced_background":false,"is_enhanced":false,"product_selection_started":false,"is_active":true,"image_webp_url":"https:\/\/www.meska.hu\/img\/product\/small\/s\/z\/szandifilckucko_product_641650_250730164242_8881100.webp"},{"id":"5298559","shop_id":"44711","user_id":"641650","shop_name":"SzandiFilcKucko","shop_zip":"3200","product_code":"5266472","product_name_old":null,"product_name":"Vil\u00e1g\u00edt\u00f3 n\u00e9vre sz\u00f3l\u00f3 \u00e9jszakai f\u00e9ny, babaszoba d\u00edsz, babak\u00f6sz\u00f6nt\u0151 aj\u00e1nd\u00e9k, zsir\u00e1f, r\u00f3ka, m\u00f3kus, s\u00fcni","category_string":"Baba - mama, \u00c9jszakai f\u00e9ny, Babaszoba dekor\u00e1ci\u00f3","technic_string":"Varr\u00e1s","category_1":"1735","category_2":"1761","category_3":"1466","category_4":"0","merged_category_1":null,"merged_category_2":null,"merged_category_3":null,"technic_1":"506","technic_2":"0","technic_3":"0","color_1":"525","color_2":"527","color_3":"0","product_description_old":null,"product_description":"Filc anyagb\u00f3l k\u00e9sz\u00fclt kb 20x 45 cm , elemes l\u00e9ddel ell\u00e1tott, n\u00e9vre sz\u00f3l\u00f3 \u00e9jszaka f\u00e9ny. Baba \u00e9s gyermekszob\u00e1ba ide\u00e1lis elalv\u00e1s el\u0151tti hangulat vil\u00e1g\u00edt\u00e1snak. Akaszt\u00f3s, \u00edgy falra , baldachintart\u00f3ra, ajt\u00f3ra... stb. k\u00f6nnyed\u00e9n felakaszthat\u00f3.","price":"13990.00","unit":"db","recommended":"0","status":"1","sponsored":"0","exp_notify":"0","own_material":"0","own_material_description_old":null,"own_material_description":"","jury":"0","jury_number":"","product_nature":"","meskaracsony":"0","create_date":"2026-04-22 22:13:55","shelve_id":"0","image":"szandifilckucko_product_641650_240417094416_481417.jpeg","image_width":"480","image_height":"480","image_alt":"Vil\u00e1g\u00edt\u00f3 n\u00e9vre sz\u00f3l\u00f3 \u00e9jszakai f\u00e9ny, babaszoba d\u00edsz, babak\u00f6sz\u00f6nt\u0151 aj\u00e1nd\u00e9k, zsir\u00e1f, r\u00f3ka, m\u00f3kus, s\u00fcni, Filc anyagb\u00f3l k\u00e9sz\u00fclt kb 20x 45 cm , elemes l\u00e9ddel ell\u00e1tott, n\u00e9vre sz\u00f3l\u00f3 \u00e9jszaka f\u00e9ny. Baba \u00e9s gyerm..., Meska","image_title":"Vil\u00e1g\u00edt\u00f3 n\u00e9vre sz\u00f3l\u00f3 \u00e9jszakai f\u00e9ny, babaszoba d\u00edsz, babak\u00f6sz\u00f6nt\u0151 aj\u00e1nd\u00e9k, zsir\u00e1f, r\u00f3ka, m\u00f3kus, s\u00fcni, Meska","view_count":"1639","favourite_count":"0","trending_score":"0","last2MonthFavouriteCount":"0","promotion":"0","giftcard_accept":"0","creditcard_accept":false,"enhanced_background":"0","domain":"meska","specific_customer_id":null,"specific_customer_name":null,"to_order_product":"1","to_order_product_time":"7","product_different":null,"product_different_description":"","vintage":"0","vintage_category_id":"0","recycled":"0","gemstone_id":"0","customizable":"1","type_category":"physical","zerowaste":"0","postage_price":"1500.00","shop_order":"0","has_category":"1","landing_pages":null,"microdata":{"number":6,"category":""},"title":"Vil\u00e1g\u00edt\u00f3 n\u00e9vre sz\u00f3l\u00f3 \u00e9jszakai f\u00e9ny, babaszoba d\u00edsz, babak\u00f6sz\u00f6nt\u0151 aj\u00e1nd\u00e9k, zsir\u00e1f, r\u00f3ka, m\u00f3kus, s\u00fcni","description":"Filc anyagb\u00f3l k\u00e9sz\u00fclt kb 20x 45 cm , elemes l\u00e9ddel ell\u00e1tott, n\u00e9vre sz\u00f3l\u00f3 \u00e9jszaka f\u00e9ny. Baba \u00e9s gyermekszob\u00e1ba ide\u00e1lis elalv\u00e1s el\u0151tti hangulat vil\u00e1g\u00edt\u00e1snak. Akaszt\u00f3s, \u00edgy falra , baldachintart\u00f3ra, ajt\u00f3ra... stb. k\u00f6nnyed\u00e9n felakaszthat\u00f3.","score":0,"formatted_price":"13 990 Ft","image_url":"https:\/\/www.meska.hu\/img\/product\/small\/s\/z\/szandifilckucko_product_641650_240417094416_481417.jpeg","formatted_url":"https:\/\/www.meska.hu\/p5266472-vilagito-nevre-szolo-ejszakai-feny-babaszoba-disz-babakoszonto-ajandek-zsiraf-roka-mokus-suni","favourite":false,"in_stock":false,"avatar":"641650_avatar_1710771980.png","delete_from":0,"is_enhanced_background":false,"is_enhanced":false,"product_selection_started":false,"is_active":true,"image_webp_url":"https:\/\/www.meska.hu\/img\/product\/small\/s\/z\/szandifilckucko_product_641650_240417094416_481417.webp"},{"id":"5640325","shop_id":"43575","user_id":"622009","shop_name":"nyuszikert","shop_zip":"9144","product_code":"5462420","product_name_old":null,"product_name":"Akril \u00e9jjeli- cica \u00e9s hold","category_string":"Baba - mama, \u00c9jszakai f\u00e9ny, Babaszoba dekor\u00e1ci\u00f3","technic_string":"Grav\u00edroz\u00e1s, pirogr\u00e1fia","category_1":"1735","category_2":"1761","category_3":"1466","category_4":"0","merged_category_1":null,"merged_category_2":null,"merged_category_3":null,"technic_1":"796","technic_2":"0","technic_3":"0","color_1":"513","color_2":"0","color_3":"0","product_description_old":null,"product_description":"Hozz var\u00e1zslatos hangulatot otthonodba ezekkel a st\u00edlusos \u00e9s egyedi akril\u00fcveg \u00e9jjeli f\u00e9nyekkel! Az \u00e1tl\u00e1tsz\u00f3 akril\u00fcveg alapanyag eleg\u00e1ns \u00e9s modern megjelen\u00e9st biztos\u00edt, mik\u00f6zben a finom LED vil\u00e1g\u00edt\u00e1s kellemes, l\u00e1gy f\u00e9nyt ad, megnyugtat\u00f3 hangulatot teremt, amely t\u00f6k\u00e9letes \u00e9jszakai k\u00eds\u00e9r\u0151k\u00e9nt szolg\u00e1l. Az akril\u00fcveg (plexi) tart\u00f3s \u00e9s k\u00f6nnyen tiszt\u00edthat\u00f3 anyag, amely nem t\u00f6rik k\u00f6nnyen. A l\u00e1mpa akkumul\u00e1torral m\u0171k\u00f6dik, melynek el\u0151nyei:\n\nHordozhat\u00f3 \u2013 b\u00e1rhol elhelyezhet\u0151 a lak\u00e1sban, nincs sz\u00fcks\u00e9g konnektorra.\n\nHossz\u00fa \u00fczemid\u0151 \u2013 ak\u00e1r 120 \u00f3r\u00e1n \u00e1t m\u0171k\u00f6dik egyetlen t\u00f6lt\u00e9ssel.\n\nK\u00e1belmentes kialak\u00edt\u00e1s \u2013 nincs \u00fatban vezet\u00e9k, biztons\u00e1gosabb \u00e9s eszt\u00e9tikusabb.\n\n\u00dajrat\u00f6lthet\u0151 akkumul\u00e1tor \u2013 k\u00f6rnyezetbar\u00e1t \u00e9s k\u00f6lts\u00e9ghat\u00e9kony, nincs sz\u00fcks\u00e9g elemekre.\n\nStabil f\u00e9nyer\u0151 \u2013 LED technol\u00f3gi\u00e1nak k\u00f6sz\u00f6nhet\u0151en energiatakar\u00e9kos \u00e9s tart\u00f3s f\u00e9nyt biztos\u00edt.\n\nSokoldal\u00fa felhaszn\u00e1l\u00e1s \u2013 ide\u00e1lis \u00e9jjeli f\u00e9nynek, dekor\u00e1ci\u00f3hoz vagy hangulatvil\u00e1g\u00edt\u00e1shoz.\n\nKompakt \u00e9s k\u00f6nny\u0171 \u2013 egyszer\u0171en mozgathat\u00f3 egyik helyis\u00e9gb\u0151l a m\u00e1sikba.\n\nT\u00f6bbf\u00e9le form\u00e1b\u00f3l \u00e9s mint\u00e1b\u00f3l v\u00e1laszthatsz, illetve a l\u00e1mp\u00e1kon megjelenhet a gyermeked neve \u00e9s sz\u00fclet\u00e9si vagy keresztel\u0151 d\u00e1tuma, hogy egy igaz\u00e1n szem\u00e9lyre szabott \u00e9jjeli f\u00e9nynek \u00f6r\u00fclhessetek.\n\nM\u00e9ret: kb. 15cm x 16cm\n\nAnyaga: 5 mm-es akril\u00fcveg (plexi) \u00e9s f\u00e1b\u00f3l k\u00e9sz\u00fclt LED talp\n\nVil\u00e1g\u00edt\u00e1s t\u00edpusa: LED\n\nT\u00f6k\u00e9letes v\u00e1laszt\u00e1s gyerekszob\u00e1ba vagy b\u00e1rmelyik helyis\u00e9gbe, ahol egy kis hangulatos vil\u00e1g\u00edt\u00e1st szeretn\u00e9l. Ide\u00e1lis aj\u00e1nd\u00e9k b\u00e1rmilyen alkalomra, legyen az babak\u00f6sz\u00f6nt\u0151, sz\u00fclet\u00e9snap, keresztel\u0151, kar\u00e1csony, vagy egyszer\u0171en csak egy kis meglepet\u00e9s.\n\nA csomag tartalma:\n\n1 db 5 mm-es akril\u00fcveg a v\u00e1lasztott mint\u00e1val \u00e9s adatokkal szem\u00e9lyre szabva\n1 db f\u00e1b\u00f3l k\u00e9sz\u00fclt LED talp\n1 db USB t\u00f6lt\u0151k\u00e1bel (a t\u00f6lt\u0151fej nem tartoz\u00e9k)","price":"10990.00","unit":"db","recommended":"0","status":"1","sponsored":"0","exp_notify":"0","own_material":"0","own_material_description_old":null,"own_material_description":"","jury":"0","jury_number":"","product_nature":"","meskaracsony":"0","create_date":"2026-04-21 11:47:57","shelve_id":"0","image":"nyuszikert_product_622009_250923101940_530886.jpeg","image_width":"480","image_height":"480","image_alt":"Akril \u00e9jjeli- cica \u00e9s hold, Hozz var\u00e1zslatos hangulatot otthonodba ezekkel a st\u00edlusos \u00e9s egyedi akril\u00fcveg \u00e9jjeli f\u00e9nyekkel! Az \u00e1..., Meska","image_title":"Akril \u00e9jjeli- cica \u00e9s hold, Meska","view_count":"294","favourite_count":"0","trending_score":"0","last2MonthFavouriteCount":"0","promotion":"0","giftcard_accept":"0","creditcard_accept":true,"enhanced_background":"0","domain":"meska","specific_customer_id":null,"specific_customer_name":null,"to_order_product":"1","to_order_product_time":"5","product_different":null,"product_different_description":"","vintage":"0","vintage_category_id":"0","recycled":"0","gemstone_id":"0","customizable":"1","type_category":"physical","zerowaste":"0","postage_price":"1290.00","shop_order":"0","has_category":"1","landing_pages":null,"microdata":{"number":7,"category":""},"title":"Akril \u00e9jjeli- cica \u00e9s hold","description":"Hozz var\u00e1zslatos hangulatot otthonodba ezekkel a st\u00edlusos \u00e9s egyedi akril\u00fcveg \u00e9jjeli f\u00e9nyekkel! Az \u00e1tl\u00e1tsz\u00f3 akril\u00fcveg alapanyag eleg\u00e1ns \u00e9s modern megjelen\u00e9st biztos\u00edt, mik\u00f6zben a finom LED vil\u00e1g\u00edt\u00e1s kellemes, l\u00e1gy f\u00e9nyt ad, megnyugtat\u00f3 hangulatot teremt, amely t\u00f6k\u00e9letes \u00e9jszakai k\u00eds\u00e9r\u0151k\u00e9nt szolg\u00e1l. Az akril\u00fcveg (plexi) tart\u00f3s \u00e9s k\u00f6nnyen tiszt\u00edthat\u00f3 anyag, amely nem t\u00f6rik k\u00f6nnyen. A l\u00e1mpa akkumul\u00e1torral m\u0171k\u00f6dik, melynek el\u0151nyei:\n\nHordozhat\u00f3 \u2013 b\u00e1rhol elhelyezhet\u0151 a lak\u00e1sban, nincs sz\u00fcks\u00e9g konnektorra.\n\nHossz\u00fa \u00fczemid\u0151 \u2013 ak\u00e1r 120 \u00f3r\u00e1n \u00e1t m\u0171k\u00f6dik egyetlen t\u00f6lt\u00e9ssel.\n\nK\u00e1belmentes kialak\u00edt\u00e1s \u2013 nincs \u00fatban vezet\u00e9k, biztons\u00e1gosabb \u00e9s eszt\u00e9tikusabb.\n\n\u00dajrat\u00f6lthet\u0151 akkumul\u00e1tor \u2013 k\u00f6rnyezetbar\u00e1t \u00e9s k\u00f6lts\u00e9ghat\u00e9kony, nincs sz\u00fcks\u00e9g elemekre.\n\nStabil f\u00e9nyer\u0151 \u2013 LED technol\u00f3gi\u00e1nak k\u00f6sz\u00f6nhet\u0151en energiatakar\u00e9kos \u00e9s tart\u00f3s f\u00e9nyt biztos\u00edt.\n\nSokoldal\u00fa felhaszn\u00e1l\u00e1s \u2013 ide\u00e1lis \u00e9jjeli f\u00e9nynek, dekor\u00e1ci\u00f3hoz vagy hangulatvil\u00e1g\u00edt\u00e1shoz.\n\nKompakt \u00e9s k\u00f6nny\u0171 \u2013 egyszer\u0171en mozgathat\u00f3 egyik helyis\u00e9gb\u0151l a m\u00e1sikba.\n\nT\u00f6bbf\u00e9le form\u00e1b\u00f3l \u00e9s mint\u00e1b\u00f3l v\u00e1laszthatsz, illetve a l\u00e1mp\u00e1kon megjelenhet a gyermeked neve \u00e9s sz\u00fclet\u00e9si vagy keresztel\u0151 d\u00e1tuma, hogy egy igaz\u00e1n szem\u00e9lyre szabott \u00e9jjeli f\u00e9nynek \u00f6r\u00fclhessetek.\n\nM\u00e9ret: kb. 15cm x 16cm\n\nAnyaga: 5 mm-es akril\u00fcveg (plexi) \u00e9s f\u00e1b\u00f3l k\u00e9sz\u00fclt LED talp\n\nVil\u00e1g\u00edt\u00e1s t\u00edpusa: LED\n\nT\u00f6k\u00e9letes v\u00e1laszt\u00e1s gyerekszob\u00e1ba vagy b\u00e1rmelyik helyis\u00e9gbe, ahol egy kis hangulatos vil\u00e1g\u00edt\u00e1st szeretn\u00e9l. Ide\u00e1lis aj\u00e1nd\u00e9k b\u00e1rmilyen alkalomra, legyen az babak\u00f6sz\u00f6nt\u0151, sz\u00fclet\u00e9snap, keresztel\u0151, kar\u00e1csony, vagy egyszer\u0171en csak egy kis meglepet\u00e9s.\n\nA csomag tartalma:\n\n1 db 5 mm-es akril\u00fcveg a v\u00e1lasztott mint\u00e1val \u00e9s adatokkal szem\u00e9lyre szabva\n1 db f\u00e1b\u00f3l k\u00e9sz\u00fclt LED talp\n1 db USB t\u00f6lt\u0151k\u00e1bel (a t\u00f6lt\u0151fej nem tartoz\u00e9k)","score":0,"formatted_price":"10 990 Ft","image_url":"https:\/\/www.meska.hu\/img\/product\/small\/n\/y\/nyuszikert_product_622009_250923101940_530886.jpeg","formatted_url":"https:\/\/www.meska.hu\/p5462420-akril-ejjeli-cica-es-hold","favourite":false,"in_stock":false,"avatar":"622009_avatar_1701843989.jpeg","delete_from":0,"is_enhanced_background":false,"is_enhanced":false,"product_selection_started":false,"is_active":true,"image_webp_url":"https:\/\/www.meska.hu\/img\/product\/small\/n\/y\/nyuszikert_product_622009_250923101940_530886.webp"},{"id":"5640322","shop_id":"43575","user_id":"622009","shop_name":"nyuszikert","shop_zip":"9144","product_code":"5462417","product_name_old":null,"product_name":"Akril \u00e9jjeli- cica a holdon","category_string":"Baba - mama, \u00c9jszakai f\u00e9ny, Babaszoba dekor\u00e1ci\u00f3","technic_string":"Grav\u00edroz\u00e1s, pirogr\u00e1fia","category_1":"1735","category_2":"1761","category_3":"1466","category_4":"0","merged_category_1":null,"merged_category_2":null,"merged_category_3":null,"technic_1":"796","technic_2":"0","technic_3":"0","color_1":"513","color_2":"0","color_3":"0","product_description_old":null,"product_description":"Hozz var\u00e1zslatos hangulatot otthonodba ezekkel a st\u00edlusos \u00e9s egyedi akril\u00fcveg \u00e9jjeli f\u00e9nyekkel! Az \u00e1tl\u00e1tsz\u00f3 akril\u00fcveg alapanyag eleg\u00e1ns \u00e9s modern megjelen\u00e9st biztos\u00edt, mik\u00f6zben a finom LED vil\u00e1g\u00edt\u00e1s kellemes, l\u00e1gy f\u00e9nyt ad, megnyugtat\u00f3 hangulatot teremt, amely t\u00f6k\u00e9letes \u00e9jszakai k\u00eds\u00e9r\u0151k\u00e9nt szolg\u00e1l. Az akril\u00fcveg (plexi) tart\u00f3s \u00e9s k\u00f6nnyen tiszt\u00edthat\u00f3 anyag, amely nem t\u00f6rik k\u00f6nnyen. A l\u00e1mpa akkumul\u00e1torral m\u0171k\u00f6dik, melynek el\u0151nyei:\n\nHordozhat\u00f3 \u2013 b\u00e1rhol elhelyezhet\u0151 a lak\u00e1sban, nincs sz\u00fcks\u00e9g konnektorra.\n\nHossz\u00fa \u00fczemid\u0151 \u2013 ak\u00e1r 120 \u00f3r\u00e1n \u00e1t m\u0171k\u00f6dik egyetlen t\u00f6lt\u00e9ssel.\n\nK\u00e1belmentes kialak\u00edt\u00e1s \u2013 nincs \u00fatban vezet\u00e9k, biztons\u00e1gosabb \u00e9s eszt\u00e9tikusabb.\n\n\u00dajrat\u00f6lthet\u0151 akkumul\u00e1tor \u2013 k\u00f6rnyezetbar\u00e1t \u00e9s k\u00f6lts\u00e9ghat\u00e9kony, nincs sz\u00fcks\u00e9g elemekre.\n\nStabil f\u00e9nyer\u0151 \u2013 LED technol\u00f3gi\u00e1nak k\u00f6sz\u00f6nhet\u0151en energiatakar\u00e9kos \u00e9s tart\u00f3s f\u00e9nyt biztos\u00edt.\n\nSokoldal\u00fa felhaszn\u00e1l\u00e1s \u2013 ide\u00e1lis \u00e9jjeli f\u00e9nynek, dekor\u00e1ci\u00f3hoz vagy hangulatvil\u00e1g\u00edt\u00e1shoz.\n\nKompakt \u00e9s k\u00f6nny\u0171 \u2013 egyszer\u0171en mozgathat\u00f3 egyik helyis\u00e9gb\u0151l a m\u00e1sikba.\n\nT\u00f6bbf\u00e9le form\u00e1b\u00f3l \u00e9s mint\u00e1b\u00f3l v\u00e1laszthatsz, illetve a l\u00e1mp\u00e1kon megjelenhet a gyermeked neve \u00e9s sz\u00fclet\u00e9si vagy keresztel\u0151 d\u00e1tuma, hogy egy igaz\u00e1n szem\u00e9lyre szabott \u00e9jjeli f\u00e9nynek \u00f6r\u00fclhessetek.\n\nM\u00e9ret: kb. 15cm x 16cm\n\nAnyaga: 5 mm-es akril\u00fcveg (plexi) \u00e9s f\u00e1b\u00f3l k\u00e9sz\u00fclt LED talp\n\nVil\u00e1g\u00edt\u00e1s t\u00edpusa: LED\n\nT\u00f6k\u00e9letes v\u00e1laszt\u00e1s gyerekszob\u00e1ba vagy b\u00e1rmelyik helyis\u00e9gbe, ahol egy kis hangulatos vil\u00e1g\u00edt\u00e1st szeretn\u00e9l. Ide\u00e1lis aj\u00e1nd\u00e9k b\u00e1rmilyen alkalomra, legyen az babak\u00f6sz\u00f6nt\u0151, sz\u00fclet\u00e9snap, keresztel\u0151, kar\u00e1csony, vagy egyszer\u0171en csak egy kis meglepet\u00e9s.\n\nA csomag tartalma:\n\n1 db 5 mm-es akril\u00fcveg a v\u00e1lasztott mint\u00e1val \u00e9s adatokkal szem\u00e9lyre szabva\n1 db f\u00e1b\u00f3l k\u00e9sz\u00fclt LED talp\n1 db USB t\u00f6lt\u0151k\u00e1bel (a t\u00f6lt\u0151fej nem tartoz\u00e9k)","price":"10990.00","unit":"db","recommended":"0","status":"1","sponsored":"0","exp_notify":"0","own_material":"0","own_material_description_old":null,"own_material_description":"","jury":"0","jury_number":"","product_nature":"","meskaracsony":"0","create_date":"2026-04-21 11:47:52","shelve_id":"0","image":"nyuszikert_product_622009_250923101900_426773.jpeg","image_width":"480","image_height":"480","image_alt":"Akril \u00e9jjeli- cica a holdon, Hozz var\u00e1zslatos hangulatot otthonodba ezekkel a st\u00edlusos \u00e9s egyedi akril\u00fcveg \u00e9jjeli f\u00e9nyekkel! Az \u00e1..., Meska","image_title":"Akril \u00e9jjeli- cica a holdon, Meska","view_count":"272","favourite_count":"0","trending_score":"0","last2MonthFavouriteCount":"0","promotion":"0","giftcard_accept":"0","creditcard_accept":true,"enhanced_background":"0","domain":"meska","specific_customer_id":null,"specific_customer_name":null,"to_order_product":"1","to_order_product_time":"5","product_different":null,"product_different_description":"","vintage":"0","vintage_category_id":"0","recycled":"0","gemstone_id":"0","customizable":"1","type_category":"physical","zerowaste":"0","postage_price":"1290.00","shop_order":"0","has_category":"1","landing_pages":null,"microdata":{"number":8,"category":""},"title":"Akril \u00e9jjeli- cica a holdon","description":"Hozz var\u00e1zslatos hangulatot otthonodba ezekkel a st\u00edlusos \u00e9s egyedi akril\u00fcveg \u00e9jjeli f\u00e9nyekkel! Az \u00e1tl\u00e1tsz\u00f3 akril\u00fcveg alapanyag eleg\u00e1ns \u00e9s modern megjelen\u00e9st biztos\u00edt, mik\u00f6zben a finom LED vil\u00e1g\u00edt\u00e1s kellemes, l\u00e1gy f\u00e9nyt ad, megnyugtat\u00f3 hangulatot teremt, amely t\u00f6k\u00e9letes \u00e9jszakai k\u00eds\u00e9r\u0151k\u00e9nt szolg\u00e1l. Az akril\u00fcveg (plexi) tart\u00f3s \u00e9s k\u00f6nnyen tiszt\u00edthat\u00f3 anyag, amely nem t\u00f6rik k\u00f6nnyen. A l\u00e1mpa akkumul\u00e1torral m\u0171k\u00f6dik, melynek el\u0151nyei:\n\nHordozhat\u00f3 \u2013 b\u00e1rhol elhelyezhet\u0151 a lak\u00e1sban, nincs sz\u00fcks\u00e9g konnektorra.\n\nHossz\u00fa \u00fczemid\u0151 \u2013 ak\u00e1r 120 \u00f3r\u00e1n \u00e1t m\u0171k\u00f6dik egyetlen t\u00f6lt\u00e9ssel.\n\nK\u00e1belmentes kialak\u00edt\u00e1s \u2013 nincs \u00fatban vezet\u00e9k, biztons\u00e1gosabb \u00e9s eszt\u00e9tikusabb.\n\n\u00dajrat\u00f6lthet\u0151 akkumul\u00e1tor \u2013 k\u00f6rnyezetbar\u00e1t \u00e9s k\u00f6lts\u00e9ghat\u00e9kony, nincs sz\u00fcks\u00e9g elemekre.\n\nStabil f\u00e9nyer\u0151 \u2013 LED technol\u00f3gi\u00e1nak k\u00f6sz\u00f6nhet\u0151en energiatakar\u00e9kos \u00e9s tart\u00f3s f\u00e9nyt biztos\u00edt.\n\nSokoldal\u00fa felhaszn\u00e1l\u00e1s \u2013 ide\u00e1lis \u00e9jjeli f\u00e9nynek, dekor\u00e1ci\u00f3hoz vagy hangulatvil\u00e1g\u00edt\u00e1shoz.\n\nKompakt \u00e9s k\u00f6nny\u0171 \u2013 egyszer\u0171en mozgathat\u00f3 egyik helyis\u00e9gb\u0151l a m\u00e1sikba.\n\nT\u00f6bbf\u00e9le form\u00e1b\u00f3l \u00e9s mint\u00e1b\u00f3l v\u00e1laszthatsz, illetve a l\u00e1mp\u00e1kon megjelenhet a gyermeked neve \u00e9s sz\u00fclet\u00e9si vagy keresztel\u0151 d\u00e1tuma, hogy egy igaz\u00e1n szem\u00e9lyre szabott \u00e9jjeli f\u00e9nynek \u00f6r\u00fclhessetek.\n\nM\u00e9ret: kb. 15cm x 16cm\n\nAnyaga: 5 mm-es akril\u00fcveg (plexi) \u00e9s f\u00e1b\u00f3l k\u00e9sz\u00fclt LED talp\n\nVil\u00e1g\u00edt\u00e1s t\u00edpusa: LED\n\nT\u00f6k\u00e9letes v\u00e1laszt\u00e1s gyerekszob\u00e1ba vagy b\u00e1rmelyik helyis\u00e9gbe, ahol egy kis hangulatos vil\u00e1g\u00edt\u00e1st szeretn\u00e9l. Ide\u00e1lis aj\u00e1nd\u00e9k b\u00e1rmilyen alkalomra, legyen az babak\u00f6sz\u00f6nt\u0151, sz\u00fclet\u00e9snap, keresztel\u0151, kar\u00e1csony, vagy egyszer\u0171en csak egy kis meglepet\u00e9s.\n\nA csomag tartalma:\n\n1 db 5 mm-es akril\u00fcveg a v\u00e1lasztott mint\u00e1val \u00e9s adatokkal szem\u00e9lyre szabva\n1 db f\u00e1b\u00f3l k\u00e9sz\u00fclt LED talp\n1 db USB t\u00f6lt\u0151k\u00e1bel (a t\u00f6lt\u0151fej nem tartoz\u00e9k)","score":0,"formatted_price":"10 990 Ft","image_url":"https:\/\/www.meska.hu\/img\/product\/small\/n\/y\/nyuszikert_product_622009_250923101900_426773.jpeg","formatted_url":"https:\/\/www.meska.hu\/p5462417-akril-ejjeli-cica-a-holdon","favourite":false,"in_stock":false,"avatar":"622009_avatar_1701843989.jpeg","delete_from":0,"is_enhanced_background":false,"is_enhanced":false,"product_selection_started":false,"is_active":true,"image_webp_url":"https:\/\/www.meska.hu\/img\/product\/small\/n\/y\/nyuszikert_product_622009_250923101900_426773.webp"},{"id":"5640323","shop_id":"43575","user_id":"622009","shop_name":"nyuszikert","shop_zip":"9144","product_code":"5462418","product_name_old":null,"product_name":"Akril \u00e9jjeli- cica a sziv\u00e1rv\u00e1nyon","category_string":"Baba - mama, \u00c9jszakai f\u00e9ny, Babaszoba dekor\u00e1ci\u00f3","technic_string":"Grav\u00edroz\u00e1s, pirogr\u00e1fia","category_1":"1735","category_2":"1761","category_3":"1466","category_4":"0","merged_category_1":null,"merged_category_2":null,"merged_category_3":null,"technic_1":"796","technic_2":"0","technic_3":"0","color_1":"513","color_2":"0","color_3":"0","product_description_old":null,"product_description":"Hozz var\u00e1zslatos hangulatot otthonodba ezekkel a st\u00edlusos \u00e9s egyedi akril\u00fcveg \u00e9jjeli f\u00e9nyekkel! Az \u00e1tl\u00e1tsz\u00f3 akril\u00fcveg alapanyag eleg\u00e1ns \u00e9s modern megjelen\u00e9st biztos\u00edt, mik\u00f6zben a finom LED vil\u00e1g\u00edt\u00e1s kellemes, l\u00e1gy f\u00e9nyt ad, megnyugtat\u00f3 hangulatot teremt, amely t\u00f6k\u00e9letes \u00e9jszakai k\u00eds\u00e9r\u0151k\u00e9nt szolg\u00e1l. Az akril\u00fcveg (plexi) tart\u00f3s \u00e9s k\u00f6nnyen tiszt\u00edthat\u00f3 anyag, amely nem t\u00f6rik k\u00f6nnyen. A l\u00e1mpa akkumul\u00e1torral m\u0171k\u00f6dik, melynek el\u0151nyei:\n\nHordozhat\u00f3 \u2013 b\u00e1rhol elhelyezhet\u0151 a lak\u00e1sban, nincs sz\u00fcks\u00e9g konnektorra.\n\nHossz\u00fa \u00fczemid\u0151 \u2013 ak\u00e1r 120 \u00f3r\u00e1n \u00e1t m\u0171k\u00f6dik egyetlen t\u00f6lt\u00e9ssel.\n\nK\u00e1belmentes kialak\u00edt\u00e1s \u2013 nincs \u00fatban vezet\u00e9k, biztons\u00e1gosabb \u00e9s eszt\u00e9tikusabb.\n\n\u00dajrat\u00f6lthet\u0151 akkumul\u00e1tor \u2013 k\u00f6rnyezetbar\u00e1t \u00e9s k\u00f6lts\u00e9ghat\u00e9kony, nincs sz\u00fcks\u00e9g elemekre.\n\nStabil f\u00e9nyer\u0151 \u2013 LED technol\u00f3gi\u00e1nak k\u00f6sz\u00f6nhet\u0151en energiatakar\u00e9kos \u00e9s tart\u00f3s f\u00e9nyt biztos\u00edt.\n\nSokoldal\u00fa felhaszn\u00e1l\u00e1s \u2013 ide\u00e1lis \u00e9jjeli f\u00e9nynek, dekor\u00e1ci\u00f3hoz vagy hangulatvil\u00e1g\u00edt\u00e1shoz.\n\nKompakt \u00e9s k\u00f6nny\u0171 \u2013 egyszer\u0171en mozgathat\u00f3 egyik helyis\u00e9gb\u0151l a m\u00e1sikba.\n\nT\u00f6bbf\u00e9le form\u00e1b\u00f3l \u00e9s mint\u00e1b\u00f3l v\u00e1laszthatsz, illetve a l\u00e1mp\u00e1kon megjelenhet a gyermeked neve \u00e9s sz\u00fclet\u00e9si vagy keresztel\u0151 d\u00e1tuma, hogy egy igaz\u00e1n szem\u00e9lyre szabott \u00e9jjeli f\u00e9nynek \u00f6r\u00fclhessetek.\n\nM\u00e9ret: kb. 15cm x 16cm\n\nAnyaga: 5 mm-es akril\u00fcveg (plexi) \u00e9s f\u00e1b\u00f3l k\u00e9sz\u00fclt LED talp\n\nVil\u00e1g\u00edt\u00e1s t\u00edpusa: LED\n\nT\u00f6k\u00e9letes v\u00e1laszt\u00e1s gyerekszob\u00e1ba vagy b\u00e1rmelyik helyis\u00e9gbe, ahol egy kis hangulatos vil\u00e1g\u00edt\u00e1st szeretn\u00e9l. Ide\u00e1lis aj\u00e1nd\u00e9k b\u00e1rmilyen alkalomra, legyen az babak\u00f6sz\u00f6nt\u0151, sz\u00fclet\u00e9snap, keresztel\u0151, kar\u00e1csony, vagy egyszer\u0171en csak egy kis meglepet\u00e9s.\n\nA csomag tartalma:\n\n1 db 5 mm-es akril\u00fcveg a v\u00e1lasztott mint\u00e1val \u00e9s adatokkal szem\u00e9lyre szabva\n1 db f\u00e1b\u00f3l k\u00e9sz\u00fclt LED talp\n1 db USB t\u00f6lt\u0151k\u00e1bel (a t\u00f6lt\u0151fej nem tartoz\u00e9k)","price":"10990.00","unit":"db","recommended":"0","status":"1","sponsored":"0","exp_notify":"0","own_material":"0","own_material_description_old":null,"own_material_description":"","jury":"0","jury_number":"","product_nature":"","meskaracsony":"0","create_date":"2026-04-21 11:47:47","shelve_id":"0","image":"nyuszikert_product_622009_250923102017_104122.jpeg","image_width":"480","image_height":"480","image_alt":"Akril \u00e9jjeli- cica a sziv\u00e1rv\u00e1nyon, Hozz var\u00e1zslatos hangulatot otthonodba ezekkel a st\u00edlusos \u00e9s egyedi akril\u00fcveg \u00e9jjeli f\u00e9nyekkel! Az \u00e1..., Meska","image_title":"Akril \u00e9jjeli- cica a sziv\u00e1rv\u00e1nyon, Meska","view_count":"261","favourite_count":"0","trending_score":"0","last2MonthFavouriteCount":"0","promotion":"0","giftcard_accept":"0","creditcard_accept":true,"enhanced_background":"0","domain":"meska","specific_customer_id":null,"specific_customer_name":null,"to_order_product":"1","to_order_product_time":"5","product_different":null,"product_different_description":"","vintage":"0","vintage_category_id":"0","recycled":"0","gemstone_id":"0","customizable":"1","type_category":"physical","zerowaste":"0","postage_price":"1290.00","shop_order":"0","has_category":"1","landing_pages":null,"microdata":{"number":9,"category":""},"title":"Akril \u00e9jjeli- cica a sziv\u00e1rv\u00e1nyon","description":"Hozz var\u00e1zslatos hangulatot otthonodba ezekkel a st\u00edlusos \u00e9s egyedi akril\u00fcveg \u00e9jjeli f\u00e9nyekkel! Az \u00e1tl\u00e1tsz\u00f3 akril\u00fcveg alapanyag eleg\u00e1ns \u00e9s modern megjelen\u00e9st biztos\u00edt, mik\u00f6zben a finom LED vil\u00e1g\u00edt\u00e1s kellemes, l\u00e1gy f\u00e9nyt ad, megnyugtat\u00f3 hangulatot teremt, amely t\u00f6k\u00e9letes \u00e9jszakai k\u00eds\u00e9r\u0151k\u00e9nt szolg\u00e1l. Az akril\u00fcveg (plexi) tart\u00f3s \u00e9s k\u00f6nnyen tiszt\u00edthat\u00f3 anyag, amely nem t\u00f6rik k\u00f6nnyen. A l\u00e1mpa akkumul\u00e1torral m\u0171k\u00f6dik, melynek el\u0151nyei:\n\nHordozhat\u00f3 \u2013 b\u00e1rhol elhelyezhet\u0151 a lak\u00e1sban, nincs sz\u00fcks\u00e9g konnektorra.\n\nHossz\u00fa \u00fczemid\u0151 \u2013 ak\u00e1r 120 \u00f3r\u00e1n \u00e1t m\u0171k\u00f6dik egyetlen t\u00f6lt\u00e9ssel.\n\nK\u00e1belmentes kialak\u00edt\u00e1s \u2013 nincs \u00fatban vezet\u00e9k, biztons\u00e1gosabb \u00e9s eszt\u00e9tikusabb.\n\n\u00dajrat\u00f6lthet\u0151 akkumul\u00e1tor \u2013 k\u00f6rnyezetbar\u00e1t \u00e9s k\u00f6lts\u00e9ghat\u00e9kony, nincs sz\u00fcks\u00e9g elemekre.\n\nStabil f\u00e9nyer\u0151 \u2013 LED technol\u00f3gi\u00e1nak k\u00f6sz\u00f6nhet\u0151en energiatakar\u00e9kos \u00e9s tart\u00f3s f\u00e9nyt biztos\u00edt.\n\nSokoldal\u00fa felhaszn\u00e1l\u00e1s \u2013 ide\u00e1lis \u00e9jjeli f\u00e9nynek, dekor\u00e1ci\u00f3hoz vagy hangulatvil\u00e1g\u00edt\u00e1shoz.\n\nKompakt \u00e9s k\u00f6nny\u0171 \u2013 egyszer\u0171en mozgathat\u00f3 egyik helyis\u00e9gb\u0151l a m\u00e1sikba.\n\nT\u00f6bbf\u00e9le form\u00e1b\u00f3l \u00e9s mint\u00e1b\u00f3l v\u00e1laszthatsz, illetve a l\u00e1mp\u00e1kon megjelenhet a gyermeked neve \u00e9s sz\u00fclet\u00e9si vagy keresztel\u0151 d\u00e1tuma, hogy egy igaz\u00e1n szem\u00e9lyre szabott \u00e9jjeli f\u00e9nynek \u00f6r\u00fclhessetek.\n\nM\u00e9ret: kb. 15cm x 16cm\n\nAnyaga: 5 mm-es akril\u00fcveg (plexi) \u00e9s f\u00e1b\u00f3l k\u00e9sz\u00fclt LED talp\n\nVil\u00e1g\u00edt\u00e1s t\u00edpusa: LED\n\nT\u00f6k\u00e9letes v\u00e1laszt\u00e1s gyerekszob\u00e1ba vagy b\u00e1rmelyik helyis\u00e9gbe, ahol egy kis hangulatos vil\u00e1g\u00edt\u00e1st szeretn\u00e9l. Ide\u00e1lis aj\u00e1nd\u00e9k b\u00e1rmilyen alkalomra, legyen az babak\u00f6sz\u00f6nt\u0151, sz\u00fclet\u00e9snap, keresztel\u0151, kar\u00e1csony, vagy egyszer\u0171en csak egy kis meglepet\u00e9s.\n\nA csomag tartalma:\n\n1 db 5 mm-es akril\u00fcveg a v\u00e1lasztott mint\u00e1val \u00e9s adatokkal szem\u00e9lyre szabva\n1 db f\u00e1b\u00f3l k\u00e9sz\u00fclt LED talp\n1 db USB t\u00f6lt\u0151k\u00e1bel (a t\u00f6lt\u0151fej nem tartoz\u00e9k)","score":0,"formatted_price":"10 990 Ft","image_url":"https:\/\/www.meska.hu\/img\/product\/small\/n\/y\/nyuszikert_product_622009_250923102017_104122.jpeg","formatted_url":"https:\/\/www.meska.hu\/p5462418-akril-ejjeli-cica-a-szivarvanyon","favourite":false,"in_stock":false,"avatar":"622009_avatar_1701843989.jpeg","delete_from":0,"is_enhanced_background":false,"is_enhanced":false,"product_selection_started":false,"is_active":true,"image_webp_url":"https:\/\/www.meska.hu\/img\/product\/small\/n\/y\/nyuszikert_product_622009_250923102017_104122.webp"},{"id":"5640326","shop_id":"43575","user_id":"622009","shop_name":"nyuszikert","shop_zip":"9144","product_code":"5462421","product_name_old":null,"product_name":"Akril \u00e9jjeli- cica h\u0151l\u00e9gballonnal","category_string":"Baba - mama, \u00c9jszakai f\u00e9ny, Babaszoba dekor\u00e1ci\u00f3","technic_string":"Grav\u00edroz\u00e1s, pirogr\u00e1fia","category_1":"1735","category_2":"1761","category_3":"1466","category_4":"0","merged_category_1":null,"merged_category_2":null,"merged_category_3":null,"technic_1":"796","technic_2":"0","technic_3":"0","color_1":"513","color_2":"0","color_3":"0","product_description_old":null,"product_description":"Hozz var\u00e1zslatos hangulatot otthonodba ezekkel a st\u00edlusos \u00e9s egyedi akril\u00fcveg \u00e9jjeli f\u00e9nyekkel! Az \u00e1tl\u00e1tsz\u00f3 akril\u00fcveg alapanyag eleg\u00e1ns \u00e9s modern megjelen\u00e9st biztos\u00edt, mik\u00f6zben a finom LED vil\u00e1g\u00edt\u00e1s kellemes, l\u00e1gy f\u00e9nyt ad, megnyugtat\u00f3 hangulatot teremt, amely t\u00f6k\u00e9letes \u00e9jszakai k\u00eds\u00e9r\u0151k\u00e9nt szolg\u00e1l. Az akril\u00fcveg (plexi) tart\u00f3s \u00e9s k\u00f6nnyen tiszt\u00edthat\u00f3 anyag, amely nem t\u00f6rik k\u00f6nnyen. A l\u00e1mpa akkumul\u00e1torral m\u0171k\u00f6dik, melynek el\u0151nyei:\n\nHordozhat\u00f3 \u2013 b\u00e1rhol elhelyezhet\u0151 a lak\u00e1sban, nincs sz\u00fcks\u00e9g konnektorra.\n\nHossz\u00fa \u00fczemid\u0151 \u2013 ak\u00e1r 120 \u00f3r\u00e1n \u00e1t m\u0171k\u00f6dik egyetlen t\u00f6lt\u00e9ssel.\n\nK\u00e1belmentes kialak\u00edt\u00e1s \u2013 nincs \u00fatban vezet\u00e9k, biztons\u00e1gosabb \u00e9s eszt\u00e9tikusabb.\n\n\u00dajrat\u00f6lthet\u0151 akkumul\u00e1tor \u2013 k\u00f6rnyezetbar\u00e1t \u00e9s k\u00f6lts\u00e9ghat\u00e9kony, nincs sz\u00fcks\u00e9g elemekre.\n\nStabil f\u00e9nyer\u0151 \u2013 LED technol\u00f3gi\u00e1nak k\u00f6sz\u00f6nhet\u0151en energiatakar\u00e9kos \u00e9s tart\u00f3s f\u00e9nyt biztos\u00edt.\n\nSokoldal\u00fa felhaszn\u00e1l\u00e1s \u2013 ide\u00e1lis \u00e9jjeli f\u00e9nynek, dekor\u00e1ci\u00f3hoz vagy hangulatvil\u00e1g\u00edt\u00e1shoz.\n\nKompakt \u00e9s k\u00f6nny\u0171 \u2013 egyszer\u0171en mozgathat\u00f3 egyik helyis\u00e9gb\u0151l a m\u00e1sikba.\n\nT\u00f6bbf\u00e9le form\u00e1b\u00f3l \u00e9s mint\u00e1b\u00f3l v\u00e1laszthatsz, illetve a l\u00e1mp\u00e1kon megjelenhet a gyermeked neve \u00e9s sz\u00fclet\u00e9si vagy keresztel\u0151 d\u00e1tuma, hogy egy igaz\u00e1n szem\u00e9lyre szabott \u00e9jjeli f\u00e9nynek \u00f6r\u00fclhessetek.\n\nM\u00e9ret: kb. 15cm x 16cm\n\nAnyaga: 5 mm-es akril\u00fcveg (plexi) \u00e9s f\u00e1b\u00f3l k\u00e9sz\u00fclt LED talp\n\nVil\u00e1g\u00edt\u00e1s t\u00edpusa: LED\n\nT\u00f6k\u00e9letes v\u00e1laszt\u00e1s gyerekszob\u00e1ba vagy b\u00e1rmelyik helyis\u00e9gbe, ahol egy kis hangulatos vil\u00e1g\u00edt\u00e1st szeretn\u00e9l. Ide\u00e1lis aj\u00e1nd\u00e9k b\u00e1rmilyen alkalomra, legyen az babak\u00f6sz\u00f6nt\u0151, sz\u00fclet\u00e9snap, keresztel\u0151, kar\u00e1csony, vagy egyszer\u0171en csak egy kis meglepet\u00e9s.\n\nA csomag tartalma:\n\n1 db 5 mm-es akril\u00fcveg a v\u00e1lasztott mint\u00e1val \u00e9s adatokkal szem\u00e9lyre szabva\n1 db f\u00e1b\u00f3l k\u00e9sz\u00fclt LED talp\n1 db USB t\u00f6lt\u0151k\u00e1bel (a t\u00f6lt\u0151fej nem tartoz\u00e9k)","price":"10990.00","unit":"db","recommended":"0","status":"1","sponsored":"0","exp_notify":"0","own_material":"0","own_material_description_old":null,"own_material_description":"","jury":"0","jury_number":"","product_nature":"","meskaracsony":"0","create_date":"2026-04-21 11:47:47","shelve_id":"0","image":"nyuszikert_product_622009_250923102054_549199.jpeg","image_width":"480","image_height":"480","image_alt":"Akril \u00e9jjeli- cica h\u0151l\u00e9gballonnal, Hozz var\u00e1zslatos hangulatot otthonodba ezekkel a st\u00edlusos \u00e9s egyedi akril\u00fcveg \u00e9jjeli f\u00e9nyekkel! Az \u00e1..., Meska","image_title":"Akril \u00e9jjeli- cica h\u0151l\u00e9gballonnal, Meska","view_count":"425","favourite_count":"0","trending_score":"0","last2MonthFavouriteCount":"0","promotion":"0","giftcard_accept":"0","creditcard_accept":true,"enhanced_background":"0","domain":"meska","specific_customer_id":null,"specific_customer_name":null,"to_order_product":"1","to_order_product_time":"5","product_different":null,"product_different_description":"","vintage":"0","vintage_category_id":"0","recycled":"0","gemstone_id":"0","customizable":"1","type_category":"physical","zerowaste":"0","postage_price":"1290.00","shop_order":"0","has_category":"1","landing_pages":null,"microdata":{"number":10,"category":""},"title":"Akril \u00e9jjeli- cica h\u0151l\u00e9gballonnal","description":"Hozz var\u00e1zslatos hangulatot otthonodba ezekkel a st\u00edlusos \u00e9s egyedi akril\u00fcveg \u00e9jjeli f\u00e9nyekkel! Az \u00e1tl\u00e1tsz\u00f3 akril\u00fcveg alapanyag eleg\u00e1ns \u00e9s modern megjelen\u00e9st biztos\u00edt, mik\u00f6zben a finom LED vil\u00e1g\u00edt\u00e1s kellemes, l\u00e1gy f\u00e9nyt ad, megnyugtat\u00f3 hangulatot teremt, amely t\u00f6k\u00e9letes \u00e9jszakai k\u00eds\u00e9r\u0151k\u00e9nt szolg\u00e1l. Az akril\u00fcveg (plexi) tart\u00f3s \u00e9s k\u00f6nnyen tiszt\u00edthat\u00f3 anyag, amely nem t\u00f6rik k\u00f6nnyen. A l\u00e1mpa akkumul\u00e1torral m\u0171k\u00f6dik, melynek el\u0151nyei:\n\nHordozhat\u00f3 \u2013 b\u00e1rhol elhelyezhet\u0151 a lak\u00e1sban, nincs sz\u00fcks\u00e9g konnektorra.\n\nHossz\u00fa \u00fczemid\u0151 \u2013 ak\u00e1r 120 \u00f3r\u00e1n \u00e1t m\u0171k\u00f6dik egyetlen t\u00f6lt\u00e9ssel.\n\nK\u00e1belmentes kialak\u00edt\u00e1s \u2013 nincs \u00fatban vezet\u00e9k, biztons\u00e1gosabb \u00e9s eszt\u00e9tikusabb.\n\n\u00dajrat\u00f6lthet\u0151 akkumul\u00e1tor \u2013 k\u00f6rnyezetbar\u00e1t \u00e9s k\u00f6lts\u00e9ghat\u00e9kony, nincs sz\u00fcks\u00e9g elemekre.\n\nStabil f\u00e9nyer\u0151 \u2013 LED technol\u00f3gi\u00e1nak k\u00f6sz\u00f6nhet\u0151en energiatakar\u00e9kos \u00e9s tart\u00f3s f\u00e9nyt biztos\u00edt.\n\nSokoldal\u00fa felhaszn\u00e1l\u00e1s \u2013 ide\u00e1lis \u00e9jjeli f\u00e9nynek, dekor\u00e1ci\u00f3hoz vagy hangulatvil\u00e1g\u00edt\u00e1shoz.\n\nKompakt \u00e9s k\u00f6nny\u0171 \u2013 egyszer\u0171en mozgathat\u00f3 egyik helyis\u00e9gb\u0151l a m\u00e1sikba.\n\nT\u00f6bbf\u00e9le form\u00e1b\u00f3l \u00e9s mint\u00e1b\u00f3l v\u00e1laszthatsz, illetve a l\u00e1mp\u00e1kon megjelenhet a gyermeked neve \u00e9s sz\u00fclet\u00e9si vagy keresztel\u0151 d\u00e1tuma, hogy egy igaz\u00e1n szem\u00e9lyre szabott \u00e9jjeli f\u00e9nynek \u00f6r\u00fclhessetek.\n\nM\u00e9ret: kb. 15cm x 16cm\n\nAnyaga: 5 mm-es akril\u00fcveg (plexi) \u00e9s f\u00e1b\u00f3l k\u00e9sz\u00fclt LED talp\n\nVil\u00e1g\u00edt\u00e1s t\u00edpusa: LED\n\nT\u00f6k\u00e9letes v\u00e1laszt\u00e1s gyerekszob\u00e1ba vagy b\u00e1rmelyik helyis\u00e9gbe, ahol egy kis hangulatos vil\u00e1g\u00edt\u00e1st szeretn\u00e9l. Ide\u00e1lis aj\u00e1nd\u00e9k b\u00e1rmilyen alkalomra, legyen az babak\u00f6sz\u00f6nt\u0151, sz\u00fclet\u00e9snap, keresztel\u0151, kar\u00e1csony, vagy egyszer\u0171en csak egy kis meglepet\u00e9s.\n\nA csomag tartalma:\n\n1 db 5 mm-es akril\u00fcveg a v\u00e1lasztott mint\u00e1val \u00e9s adatokkal szem\u00e9lyre szabva\n1 db f\u00e1b\u00f3l k\u00e9sz\u00fclt LED talp\n1 db USB t\u00f6lt\u0151k\u00e1bel (a t\u00f6lt\u0151fej nem tartoz\u00e9k)","score":0,"formatted_price":"10 990 Ft","image_url":"https:\/\/www.meska.hu\/img\/product\/small\/n\/y\/nyuszikert_product_622009_250923102054_549199.jpeg","formatted_url":"https:\/\/www.meska.hu\/p5462421-akril-ejjeli-cica-holegballonnal","favourite":false,"in_stock":false,"avatar":"622009_avatar_1701843989.jpeg","delete_from":0,"is_enhanced_background":false,"is_enhanced":false,"product_selection_started":false,"is_active":true,"image_webp_url":"https:\/\/www.meska.hu\/img\/product\/small\/n\/y\/nyuszikert_product_622009_250923102054_549199.webp"},{"id":"6182181","shop_id":"26702","user_id":"325112","shop_name":"Kezmuvesjosagok","shop_zip":"1078","product_code":"5771433","product_name_old":null,"product_name":"Waldorf \u00e1lomhoz\u00f3 \u00e9jjeli levedula gyapj\u00fat\u00fcnd\u00e9r ","category_string":"Baba - mama, Babaszoba dekor\u00e1ci\u00f3, \u00c9jszakai f\u00e9ny","technic_string":"Nemezel\u00e9s, Mindenm\u00e1s","category_1":"1735","category_2":"1466","category_3":"1761","category_4":"0","merged_category_1":null,"merged_category_2":null,"merged_category_3":null,"technic_1":"494","technic_2":"493","technic_3":"0","color_1":"522","color_2":"0","color_3":"0","product_description_old":null,"product_description":"\u00dcvegkupol\u00e1ba lakik ez az \u00e9jjeli t\u0171nemezelt gyapj\u00fat\u00fcnd\u00e9rem.\nTeljes magass\u00e1g kb.18-20cm\na kupola k\u00f6rfogata: kb 25-30cm\nbe\u00e9p\u00edtett \u00e9g\u0151sor, h\u00e1rom darab kis ceruza elemmel m\u0171k\u00f6dik.\nApr\u00f3l\u00e9kos kidolgoz\u00e1s, egyedi \u00e9jjeli j\u00f3 bar\u00e1t.","price":"8500.00","unit":"db","recommended":"0","status":"1","sponsored":"0","exp_notify":"0","own_material":"0","own_material_description_old":null,"own_material_description":"","jury":"0","jury_number":"","product_nature":"","meskaracsony":"0","create_date":"2026-04-13 19:49:41","shelve_id":"0","image":"kezmuvesjosagok_product_325112_260413195312_036972.jpeg","image_width":"480","image_height":"571","image_alt":"Waldorf \u00e1lomhoz\u00f3 \u00e9jjeli levedula gyapj\u00fat\u00fcnd\u00e9r , \u00dcvegkupol\u00e1ba lakik ez az \u00e9jjeli t\u0171nemezelt gyapj\u00fat\u00fcnd\u00e9rem.\\nTeljes magass\u00e1g kb.18-20cm\\na kupola k\u00f6rfo..., Meska","image_title":"Waldorf \u00e1lomhoz\u00f3 \u00e9jjeli levedula gyapj\u00fat\u00fcnd\u00e9r , Meska","view_count":"25","favourite_count":"0","trending_score":"0","last2MonthFavouriteCount":"0","promotion":"0","giftcard_accept":"0","creditcard_accept":false,"enhanced_background":"0","domain":"meska","specific_customer_id":null,"specific_customer_name":null,"to_order_product":"0","to_order_product_time":"0","product_different":null,"product_different_description":"","vintage":"0","vintage_category_id":"0","recycled":"0","gemstone_id":"0","customizable":"0","type_category":"physical","zerowaste":"0","postage_price":"1499.00","shop_order":"0","has_category":"1","landing_pages":null,"microdata":{"number":11,"category":""},"title":"Waldorf \u00e1lomhoz\u00f3 \u00e9jjeli levedula gyapj\u00fat\u00fcnd\u00e9r ","description":"\u00dcvegkupol\u00e1ba lakik ez az \u00e9jjeli t\u0171nemezelt gyapj\u00fat\u00fcnd\u00e9rem.\nTeljes magass\u00e1g kb.18-20cm\na kupola k\u00f6rfogata: kb 25-30cm\nbe\u00e9p\u00edtett \u00e9g\u0151sor, h\u00e1rom darab kis ceruza elemmel m\u0171k\u00f6dik.\nApr\u00f3l\u00e9kos kidolgoz\u00e1s, egyedi \u00e9jjeli j\u00f3 bar\u00e1t.","score":0,"formatted_price":"8 500 Ft","image_url":"https:\/\/www.meska.hu\/img\/product\/small\/k\/e\/kezmuvesjosagok_product_325112_260413195312_036972.jpeg","formatted_url":"https:\/\/www.meska.hu\/p5771433-waldorf-alomhozo-ejjeli-levedula-gyapjutunder","favourite":false,"in_stock":true,"avatar":"Kezmuvesjosagok_avatar_325112_1624111891.jpg","delete_from":0,"is_enhanced_background":false,"is_enhanced":false,"product_selection_started":false,"is_active":true,"image_webp_url":"https:\/\/www.meska.hu\/img\/product\/small\/k\/e\/kezmuvesjosagok_product_325112_260413195312_036972.webp"},{"id":"5563074","shop_id":"40617","user_id":"564776","shop_name":"boxed","shop_zip":"9121","product_code":"5430324","product_name_old":null,"product_name":"Vitorl\u00e1s, s\u00e1rga f\u00e9ny\u0171 vil\u00e1g\u00edt\u00f3 fa dekor\u00e1ci\u00f3 - helyzetjelz\u0151 vagy hangulatf\u00e9ny","category_string":"Baba - mama, \u00c9jszakai f\u00e9ny, Babaszoba dekor\u00e1ci\u00f3","technic_string":"Famegmunk\u00e1l\u00e1s","category_1":"1735","category_2":"1761","category_3":"1466","category_4":"0","merged_category_1":null,"merged_category_2":null,"merged_category_3":null,"technic_1":"478","technic_2":"0","technic_3":"0","color_1":"514","color_2":"0","color_3":"0","product_description_old":null,"product_description":"Dobd fel a gyerekszob\u00e1t vagy a lak\u00e1s b\u00e1rmelyik r\u00e9sz\u00e9t ezzel az \u00fasz\u00f3 vitorl\u00e1st \u00e1br\u00e1zol\u00f3, meleg s\u00e1rga f\u00e9ny\u0171 helyzetjelz\u0151 vagy hangulatvil\u00e1g\u00edt\u00e1ssal! T\u00f6k\u00e9letes v\u00e1laszt\u00e1s azoknak, akik egy kis vid\u00e1ms\u00e1got \u00e9s melegs\u00e9get szeretn\u00e9nek otthonukba var\u00e1zsolni. Ide\u00e1lis nemcsak gyerekek sz\u00e1m\u00e1ra, hanem mindazoknak, akik szeretik a j\u00e1t\u00e9kos \u00e9s inspir\u00e1l\u00f3 k\u00f6rnyezetet. \n\nEz a b\u00e1jos vil\u00e1g\u00edt\u00f3 dekor\u00e1ci\u00f3 nemcsak \u00e9jjeli f\u00e9nyk\u00e9nt, hanem hangulatos kieg\u00e9sz\u00edt\u0151k\u00e9nt is t\u00f6k\u00e9letesen illik b\u00e1rmelyik szob\u00e1ba, megteremtve a meghitt l\u00e9gk\u00f6rt.\n\nEgyszer\u0171 haszn\u00e1lat, csak bedugod egy telefont\u00f6lt\u0151be \u00e9s m\u00e1r vil\u00e1g\u00edt is. A f\u00e9ny a f\u00e1b\u00f3l \u00e9rkezik, nem h\u00e1tt\u00e9rvil\u00e1g\u00edt\u00e1s.\n\n\u00c1ramell\u00e1t\u00e1s: USB type C (5V)\nT\u00e1pegys\u00e9g \u00e9s USB k\u00e1bel nem tartoz\u00e9k!\n\nM\u00e9retek: 15cm X 15cm X 2,4cm","price":"11400.00","unit":"db","recommended":"0","status":"1","sponsored":"0","exp_notify":"0","own_material":"0","own_material_description_old":null,"own_material_description":"","jury":"0","jury_number":"","product_nature":"","meskaracsony":"0","create_date":"2026-04-12 19:40:15","shelve_id":"75873","image":"boxed_product_564776_241106102831_076880.jpeg","image_width":"480","image_height":"326","image_alt":"Vitorl\u00e1s, s\u00e1rga f\u00e9ny\u0171 vil\u00e1g\u00edt\u00f3 fa dekor\u00e1ci\u00f3 - helyzetjelz\u0151 vagy hangulatf\u00e9ny, Dobd fel a gyerekszob\u00e1t vagy a lak\u00e1s b\u00e1rmelyik r\u00e9sz\u00e9t ezzel az \u00fasz\u00f3 vitorl\u00e1st \u00e1br\u00e1zol\u00f3, meleg s\u00e1rga ..., Meska","image_title":"Vitorl\u00e1s, s\u00e1rga f\u00e9ny\u0171 vil\u00e1g\u00edt\u00f3 fa dekor\u00e1ci\u00f3 - helyzetjelz\u0151 vagy hangulatf\u00e9ny, Meska","view_count":"392","favourite_count":"0","trending_score":"0","last2MonthFavouriteCount":"0","promotion":"0","giftcard_accept":"0","creditcard_accept":true,"enhanced_background":"0","domain":"meska","specific_customer_id":null,"specific_customer_name":null,"to_order_product":"0","to_order_product_time":"0","product_different":null,"product_different_description":"","vintage":"0","vintage_category_id":"0","recycled":"0","gemstone_id":"0","customizable":"0","type_category":"physical","zerowaste":"0","postage_price":"2390.00","shop_order":"0","has_category":"1","landing_pages":null,"microdata":{"number":12,"category":""},"title":"Vitorl\u00e1s, s\u00e1rga f\u00e9ny\u0171 vil\u00e1g\u00edt\u00f3 fa dekor\u00e1ci\u00f3 - helyzetjelz\u0151 vagy hangulatf\u00e9ny","description":"Dobd fel a gyerekszob\u00e1t vagy a lak\u00e1s b\u00e1rmelyik r\u00e9sz\u00e9t ezzel az \u00fasz\u00f3 vitorl\u00e1st \u00e1br\u00e1zol\u00f3, meleg s\u00e1rga f\u00e9ny\u0171 helyzetjelz\u0151 vagy hangulatvil\u00e1g\u00edt\u00e1ssal! T\u00f6k\u00e9letes v\u00e1laszt\u00e1s azoknak, akik egy kis vid\u00e1ms\u00e1got \u00e9s melegs\u00e9get szeretn\u00e9nek otthonukba var\u00e1zsolni. Ide\u00e1lis nemcsak gyerekek sz\u00e1m\u00e1ra, hanem mindazoknak, akik szeretik a j\u00e1t\u00e9kos \u00e9s inspir\u00e1l\u00f3 k\u00f6rnyezetet. \n\nEz a b\u00e1jos vil\u00e1g\u00edt\u00f3 dekor\u00e1ci\u00f3 nemcsak \u00e9jjeli f\u00e9nyk\u00e9nt, hanem hangulatos kieg\u00e9sz\u00edt\u0151k\u00e9nt is t\u00f6k\u00e9letesen illik b\u00e1rmelyik szob\u00e1ba, megteremtve a meghitt l\u00e9gk\u00f6rt.\n\nEgyszer\u0171 haszn\u00e1lat, csak bedugod egy telefont\u00f6lt\u0151be \u00e9s m\u00e1r vil\u00e1g\u00edt is. A f\u00e9ny a f\u00e1b\u00f3l \u00e9rkezik, nem h\u00e1tt\u00e9rvil\u00e1g\u00edt\u00e1s.\n\n\u00c1ramell\u00e1t\u00e1s: USB type C (5V)\nT\u00e1pegys\u00e9g \u00e9s USB k\u00e1bel nem tartoz\u00e9k!\n\nM\u00e9retek: 15cm X 15cm X 2,4cm","score":0,"formatted_price":"11 400 Ft","image_url":"https:\/\/www.meska.hu\/img\/product\/small\/b\/o\/boxed_product_564776_241106102831_076880.jpeg","formatted_url":"https:\/\/www.meska.hu\/p5430324-vitorlas-sarga-fenyu-vilagito-fa-dekoracio-helyzetjelzo-vagy-hangulatfeny","favourite":false,"in_stock":true,"avatar":"564776_avatar_1756368485.png","delete_from":0,"is_enhanced_background":false,"is_enhanced":false,"product_selection_started":false,"is_active":true,"image_webp_url":"https:\/\/www.meska.hu\/img\/product\/small\/b\/o\/boxed_product_564776_241106102831_076880.webp"},{"id":"5685377","shop_id":"47517","user_id":"696991","shop_name":"babocadekor","shop_zip":"5400","product_code":"5492881","product_name_old":null,"product_name":"N\u00e9vre sz\u00f3l\u00f3, vil\u00e1g\u00edt\u00f3 falidekor\u00e1ci\u00f3, \u00e9jszakai f\u00e9ny rep\u00fcl\u0151vel ","category_string":"Baba - mama, Babaszoba dekor\u00e1ci\u00f3, \u00c9jszakai f\u00e9ny","technic_string":"Mindenm\u00e1s","category_1":"1735","category_2":"1466","category_3":"1761","category_4":"0","merged_category_1":null,"merged_category_2":null,"merged_category_3":null,"technic_1":"493","technic_2":"0","technic_3":"0","color_1":"514","color_2":"519","color_3":"0","product_description_old":null,"product_description":"Egyedi \u00e9s st\u00edlusos fali dekor\u00e1ci\u00f3, amely t\u00f6k\u00e9letes v\u00e1laszt\u00e1s babaszob\u00e1ba, gyerekszob\u00e1ba vagy ak\u00e1r aj\u00e1nd\u00e9knak is. \nTedd igaz\u00e1n egyediv\u00e9 ezt a k\u00fcl\u00f6nleges dekor\u00e1ci\u00f3t! A n\u00e9v mellett lehet\u0151s\u00e9ged van a sz\u00ednek kiv\u00e1laszt\u00e1s\u00e1ra is, hogy teljes m\u00e9rt\u00e9kben igazodjon a baba szob\u00e1j\u00e1nak st\u00edlus\u00e1hoz \u00e9s hangulat\u00e1hoz. \n\nB\u00e1rmilyen alkalomra, vagy csak \u00fagy is kiv\u00e1l\u00f3 v\u00e1laszt\u00e1s. \n\n\nFelh\u0151 m\u00e9rete:\nKb. 30x20 cm\n\nM\u00e1s figur\u00e1val is k\u00e9rhet\u0151!\n\n","price":"9990.00","unit":"db","recommended":"0","status":"1","sponsored":"0","exp_notify":"0","own_material":"0","own_material_description_old":null,"own_material_description":"","jury":"0","jury_number":"","product_nature":"","meskaracsony":"0","create_date":"2026-04-11 18:55:40","shelve_id":"78895","image":"babocadekor_product_696991_250206142818_528627.jpeg","image_width":"480","image_height":"640","image_alt":"N\u00e9vre sz\u00f3l\u00f3, vil\u00e1g\u00edt\u00f3 falidekor\u00e1ci\u00f3, \u00e9jszakai f\u00e9ny rep\u00fcl\u0151vel , Egyedi \u00e9s st\u00edlusos fali dekor\u00e1ci\u00f3, amely t\u00f6k\u00e9letes v\u00e1laszt\u00e1s babaszob\u00e1ba, gyerekszob\u00e1ba vagy ak\u00e1r aj..., Meska","image_title":"N\u00e9vre sz\u00f3l\u00f3, vil\u00e1g\u00edt\u00f3 falidekor\u00e1ci\u00f3, \u00e9jszakai f\u00e9ny rep\u00fcl\u0151vel , Meska","view_count":"433","favourite_count":"0","trending_score":"0","last2MonthFavouriteCount":"0","promotion":"0","giftcard_accept":"0","creditcard_accept":true,"enhanced_background":"0","domain":"meska","specific_customer_id":null,"specific_customer_name":null,"to_order_product":"1","to_order_product_time":"10","product_different":null,"product_different_description":"","vintage":"0","vintage_category_id":"0","recycled":"0","gemstone_id":"0","customizable":"1","type_category":"physical","zerowaste":"0","postage_price":"1349.00","shop_order":"0","has_category":"1","landing_pages":null,"microdata":{"number":13,"category":""},"title":"N\u00e9vre sz\u00f3l\u00f3, vil\u00e1g\u00edt\u00f3 falidekor\u00e1ci\u00f3, \u00e9jszakai f\u00e9ny rep\u00fcl\u0151vel ","description":"Egyedi \u00e9s st\u00edlusos fali dekor\u00e1ci\u00f3, amely t\u00f6k\u00e9letes v\u00e1laszt\u00e1s babaszob\u00e1ba, gyerekszob\u00e1ba vagy ak\u00e1r aj\u00e1nd\u00e9knak is. \nTedd igaz\u00e1n egyediv\u00e9 ezt a k\u00fcl\u00f6nleges dekor\u00e1ci\u00f3t! A n\u00e9v mellett lehet\u0151s\u00e9ged van a sz\u00ednek kiv\u00e1laszt\u00e1s\u00e1ra is, hogy teljes m\u00e9rt\u00e9kben igazodjon a baba szob\u00e1j\u00e1nak st\u00edlus\u00e1hoz \u00e9s hangulat\u00e1hoz. \n\nB\u00e1rmilyen alkalomra, vagy csak \u00fagy is kiv\u00e1l\u00f3 v\u00e1laszt\u00e1s. \n\n\nFelh\u0151 m\u00e9rete:\nKb. 30x20 cm\n\nM\u00e1s figur\u00e1val is k\u00e9rhet\u0151!\n\n","score":0,"formatted_price":"9 990 Ft","image_url":"https:\/\/www.meska.hu\/img\/product\/small\/b\/a\/babocadekor_product_696991_250206142818_528627.jpeg","formatted_url":"https:\/\/www.meska.hu\/p5492881-nevre-szolo-vilagito-falidekoracio-ejszakai-feny-repulovel","favourite":false,"in_stock":false,"avatar":"696991_avatar_1734800236.png","delete_from":0,"is_enhanced_background":false,"is_enhanced":false,"product_selection_started":false,"is_active":true,"image_webp_url":"https:\/\/www.meska.hu\/img\/product\/small\/b\/a\/babocadekor_product_696991_250206142818_528627.webp"},{"id":"5543757","shop_id":"44278","user_id":"635887","shop_name":"PompomManufaktura","shop_zip":"2045","product_code":"5415162","product_name_old":null,"product_name":"Vil\u00e1g\u00edt\u00f3 HOLD \u00e9jjeli f\u00e9ny - Pompom \u00e9jszakai vil\u00e1g\u00edt\u00e1s fali dekor\u00e1ci\u00f3 - Pompon \u00e9jjeli l\u00e1mpa falid\u00edsz - Egyedi aj\u00e1nd\u00e9k","category_string":"Baba - mama, Babaszoba dekor\u00e1ci\u00f3, \u00c9jszakai f\u00e9ny","technic_string":"","category_1":"1735","category_2":"1466","category_3":"1761","category_4":"0","merged_category_1":null,"merged_category_2":null,"merged_category_3":null,"technic_1":"0","technic_2":"0","technic_3":"0","color_1":"515","color_2":"516","color_3":"525","product_description_old":null,"product_description":"Pompom HOLD led-es \u00e9jszakai vil\u00e1g\u00edt\u00e1ssal - HOLD \u00e9jjeli f\u00e9ny\n\nEz a gyapj\u00fa pompomokkal d\u00edsz\u00edtett, 100%-ban term\u00e9szetes alapanyagokb\u00f3l k\u00e9sz\u00fclt dekor\u00e1ci\u00f3 a babaszoba, gyerekszoba fal\u00e1n nagyon \u00e9desen mutat.\nA sz\u00edneket te v\u00e1laszthatod ki, \u00edgy biztosan t\u00f6k\u00e9letesen passzolni fog gyermeked szob\u00e1j\u00e1ba a t\u00f6bbi d\u00edsz mell\u00e9.\n\nN\u00e9vre sz\u00f3l\u00f3 felirattal is k\u00e9rheted. :) A keresztn\u00e9v felirat: + 3000 Ft. Ebben az esetben k\u00e9rlek a n\u00e9vre sz\u00f3l\u00f3 holdat tedd a kosaradba. Mutatok p\u00e9ld\u00e1t, hogy \u00fagy milyen:\n\nhttps:\/\/www.meska.hu\/p5410764-hold-nevre-szolo-led-es-ejszakai-vilagitas\n\nAj\u00e1nd\u00e9k is lehet babav\u00e1r\u00f3 bulira, keresztel\u0151re, vagy csak \u00fagy. :)\n\nVagy, ha m\u00e1s form\u00e1t keresel, m\u00e9g ezek is \u00e9rdekelhetnek:\nhttps:\/\/www.meska.hu\/p5415041-felho-nevre-szolo-led-es-ejszakai-vilagitas\nhttps:\/\/www.meska.hu\/p5349834-nevre-szolo-alomfogo\nhttps:\/\/www.meska.hu\/p5415145-nevre-szolo-pompom-falidisz\nhttps:\/\/www.meska.hu\/p5410603-felho-led-es-ejszakai-vilagitassal-nevre-szolo-felirattal-is-kerheto\nhttps:\/\/www.meska.hu\/p5349833-nevre-szolo-pompom-zaszlo-girland-fuzer\n\n\nAnyaga: gyapj\u00fa, 100% pamut, nat\u00far fa\n\nM\u00e9retei: kb 28 cm x 80 cm\n\nV\u00e1s\u00e1rl\u00e1skor a fizet\u00e9s el\u0151tti megjegyz\u00e9s rovatban, k\u00e9rlek \u00edrd meg:\n\n- mely sz\u00ednekb\u0151l k\u00e9red a pompomokat (a k\u00e9pek k\u00f6z\u00f6tt tal\u00e1lod a sz\u00ednpalett\u00e1t, \u00e9s azt javaslom max 4 sz\u00ednt v\u00e1lassz)\n- milyen sz\u00edn\u0171 legyen a hold (a k\u00e9pek k\u00f6z\u00f6tt tal\u00e1lod a zsin\u00f3r sz\u00ednpalett\u00e1t)\n\nA k\u00e9pen l\u00e1that\u00f3 hold sz\u00ednei:\n\n                   pompom: p\u00fader, b\u00e9zs, rozsda\n\n                   hold: barna\n\n           ","price":"9900.00","unit":"db","recommended":"0","status":"1","sponsored":"0","exp_notify":"0","own_material":"0","own_material_description_old":null,"own_material_description":"","jury":"0","jury_number":"","product_nature":"","meskaracsony":"0","create_date":"2026-04-10 19:12:32","shelve_id":"78148","image":"pompommanufaktura_product_635887_250202100911_705239.jpeg","image_width":"480","image_height":"511","image_alt":"Vil\u00e1g\u00edt\u00f3 HOLD \u00e9jjeli f\u00e9ny - Pompom \u00e9jszakai vil\u00e1g\u00edt\u00e1s fali dekor\u00e1ci\u00f3 - Pompon \u00e9jjeli l\u00e1mpa falid\u00edsz - Egyedi aj\u00e1nd\u00e9k, Pompom HOLD led-es \u00e9jszakai vil\u00e1g\u00edt\u00e1ssal - HOLD \u00e9jjeli f\u00e9ny\\n\\nEz a gyapj\u00fa pompomokkal d\u00edsz\u00edtett, 100%..., Meska","image_title":"Vil\u00e1g\u00edt\u00f3 HOLD \u00e9jjeli f\u00e9ny - Pompom \u00e9jszakai vil\u00e1g\u00edt\u00e1s fali dekor\u00e1ci\u00f3 - Pompon \u00e9jjeli l\u00e1mpa falid\u00edsz - Egyedi aj\u00e1nd\u00e9k, Meska","view_count":"687","favourite_count":"0","trending_score":"0","last2MonthFavouriteCount":"0","promotion":"0","giftcard_accept":"0","creditcard_accept":true,"enhanced_background":"0","domain":"meska","specific_customer_id":null,"specific_customer_name":null,"to_order_product":"1","to_order_product_time":"10","product_different":null,"product_different_description":"","vintage":"0","vintage_category_id":"0","recycled":"0","gemstone_id":"0","customizable":"1","type_category":"physical","zerowaste":"0","postage_price":"1290.00","shop_order":"10","has_category":"1","landing_pages":null,"microdata":{"number":14,"category":""},"title":"Vil\u00e1g\u00edt\u00f3 HOLD \u00e9jjeli f\u00e9ny - Pompom \u00e9jszakai vil\u00e1g\u00edt\u00e1s fali dekor\u00e1ci\u00f3 - Pompon \u00e9jjeli l\u00e1mpa falid\u00edsz - Egyedi aj\u00e1nd\u00e9k","description":"Pompom HOLD led-es \u00e9jszakai vil\u00e1g\u00edt\u00e1ssal - HOLD \u00e9jjeli f\u00e9ny\n\nEz a gyapj\u00fa pompomokkal d\u00edsz\u00edtett, 100%-ban term\u00e9szetes alapanyagokb\u00f3l k\u00e9sz\u00fclt dekor\u00e1ci\u00f3 a babaszoba, gyerekszoba fal\u00e1n nagyon \u00e9desen mutat.\nA sz\u00edneket te v\u00e1laszthatod ki, \u00edgy biztosan t\u00f6k\u00e9letesen passzolni fog gyermeked szob\u00e1j\u00e1ba a t\u00f6bbi d\u00edsz mell\u00e9.\n\nN\u00e9vre sz\u00f3l\u00f3 felirattal is k\u00e9rheted. :) A keresztn\u00e9v felirat: + 3000 Ft. Ebben az esetben k\u00e9rlek a n\u00e9vre sz\u00f3l\u00f3 holdat tedd a kosaradba. Mutatok p\u00e9ld\u00e1t, hogy \u00fagy milyen:\n\nhttps:\/\/www.meska.hu\/p5410764-hold-nevre-szolo-led-es-ejszakai-vilagitas\n\nAj\u00e1nd\u00e9k is lehet babav\u00e1r\u00f3 bulira, keresztel\u0151re, vagy csak \u00fagy. :)\n\nVagy, ha m\u00e1s form\u00e1t keresel, m\u00e9g ezek is \u00e9rdekelhetnek:\nhttps:\/\/www.meska.hu\/p5415041-felho-nevre-szolo-led-es-ejszakai-vilagitas\nhttps:\/\/www.meska.hu\/p5349834-nevre-szolo-alomfogo\nhttps:\/\/www.meska.hu\/p5415145-nevre-szolo-pompom-falidisz\nhttps:\/\/www.meska.hu\/p5410603-felho-led-es-ejszakai-vilagitassal-nevre-szolo-felirattal-is-kerheto\nhttps:\/\/www.meska.hu\/p5349833-nevre-szolo-pompom-zaszlo-girland-fuzer\n\n\nAnyaga: gyapj\u00fa, 100% pamut, nat\u00far fa\n\nM\u00e9retei: kb 28 cm x 80 cm\n\nV\u00e1s\u00e1rl\u00e1skor a fizet\u00e9s el\u0151tti megjegyz\u00e9s rovatban, k\u00e9rlek \u00edrd meg:\n\n- mely sz\u00ednekb\u0151l k\u00e9red a pompomokat (a k\u00e9pek k\u00f6z\u00f6tt tal\u00e1lod a sz\u00ednpalett\u00e1t, \u00e9s azt javaslom max 4 sz\u00ednt v\u00e1lassz)\n- milyen sz\u00edn\u0171 legyen a hold (a k\u00e9pek k\u00f6z\u00f6tt tal\u00e1lod a zsin\u00f3r sz\u00ednpalett\u00e1t)\n\nA k\u00e9pen l\u00e1that\u00f3 hold sz\u00ednei:\n\n                   pompom: p\u00fader, b\u00e9zs, rozsda\n\n                   hold: barna\n\n           ","score":0,"formatted_price":"9 900 Ft","image_url":"https:\/\/www.meska.hu\/img\/product\/small\/p\/o\/pompommanufaktura_product_635887_250202100911_705239.jpeg","formatted_url":"https:\/\/www.meska.hu\/p5415162-hold-led-es-ejszakai-vilagitas-nevre-szolo-felirattal-is-kerheto","favourite":false,"in_stock":false,"avatar":"635887_avatar_1723475539.jpeg","delete_from":0,"is_enhanced_background":false,"is_enhanced":false,"product_selection_started":false,"is_active":true,"image_webp_url":"https:\/\/www.meska.hu\/img\/product\/small\/p\/o\/pompommanufaktura_product_635887_250202100911_705239.webp"},{"id":"5491177","shop_id":"43575","user_id":"622009","shop_name":"nyuszikert","shop_zip":"9144","product_code":"5377637","product_name_old":null,"product_name":"Akril \u00e9jjeli- aut\u00f3z\u00f3 r\u00f3ka","category_string":"Baba - mama, \u00c9jszakai f\u00e9ny, Babaszoba dekor\u00e1ci\u00f3","technic_string":"Grav\u00edroz\u00e1s, pirogr\u00e1fia","category_1":"1735","category_2":"1761","category_3":"1466","category_4":"0","merged_category_1":null,"merged_category_2":null,"merged_category_3":null,"technic_1":"796","technic_2":"0","technic_3":"0","color_1":"513","color_2":"0","color_3":"0","product_description_old":null,"product_description":"Hozz var\u00e1zslatos hangulatot otthonodba ezekkel a st\u00edlusos \u00e9s egyedi akril\u00fcveg \u00e9jjeli f\u00e9nyekkel! Az \u00e1tl\u00e1tsz\u00f3 akril\u00fcveg alapanyag eleg\u00e1ns \u00e9s modern megjelen\u00e9st biztos\u00edt, mik\u00f6zben a finom LED vil\u00e1g\u00edt\u00e1s kellemes, l\u00e1gy f\u00e9nyt ad, megnyugtat\u00f3 hangulatot teremt, amely t\u00f6k\u00e9letes \u00e9jszakai k\u00eds\u00e9r\u0151k\u00e9nt szolg\u00e1l. Az akril\u00fcveg (plexi) tart\u00f3s \u00e9s k\u00f6nnyen tiszt\u00edthat\u00f3 anyag, amely nem t\u00f6rik k\u00f6nnyen. A l\u00e1mpa akkumul\u00e1torral m\u0171k\u00f6dik, melynek el\u0151nyei:\n\nHordozhat\u00f3 \u2013 b\u00e1rhol elhelyezhet\u0151 a lak\u00e1sban, nincs sz\u00fcks\u00e9g konnektorra.\n\nHossz\u00fa \u00fczemid\u0151 \u2013 ak\u00e1r 120 \u00f3r\u00e1n \u00e1t m\u0171k\u00f6dik egyetlen t\u00f6lt\u00e9ssel.\n\nK\u00e1belmentes kialak\u00edt\u00e1s \u2013 nincs \u00fatban vezet\u00e9k, biztons\u00e1gosabb \u00e9s eszt\u00e9tikusabb.\n\n\u00dajrat\u00f6lthet\u0151 akkumul\u00e1tor \u2013 k\u00f6rnyezetbar\u00e1t \u00e9s k\u00f6lts\u00e9ghat\u00e9kony, nincs sz\u00fcks\u00e9g elemekre.\n\nStabil f\u00e9nyer\u0151 \u2013 LED technol\u00f3gi\u00e1nak k\u00f6sz\u00f6nhet\u0151en energiatakar\u00e9kos \u00e9s tart\u00f3s f\u00e9nyt biztos\u00edt.\n\nSokoldal\u00fa felhaszn\u00e1l\u00e1s \u2013 ide\u00e1lis \u00e9jjeli f\u00e9nynek, dekor\u00e1ci\u00f3hoz vagy hangulatvil\u00e1g\u00edt\u00e1shoz.\n\nKompakt \u00e9s k\u00f6nny\u0171 \u2013 egyszer\u0171en mozgathat\u00f3 egyik helyis\u00e9gb\u0151l a m\u00e1sikba.\n\nT\u00f6bbf\u00e9le form\u00e1b\u00f3l \u00e9s mint\u00e1b\u00f3l v\u00e1laszthatsz, illetve a l\u00e1mp\u00e1kon megjelenhet a gyermeked neve \u00e9s sz\u00fclet\u00e9si vagy keresztel\u0151 d\u00e1tuma, hogy egy igaz\u00e1n szem\u00e9lyre szabott \u00e9jjeli f\u00e9nynek \u00f6r\u00fclhessetek.\n\nM\u00e9ret: kb. 15cm x 16cm\n\nAnyaga: 5 mm-es akril\u00fcveg (plexi) \u00e9s f\u00e1b\u00f3l k\u00e9sz\u00fclt LED talp\n\nVil\u00e1g\u00edt\u00e1s t\u00edpusa: LED\n\nT\u00f6k\u00e9letes v\u00e1laszt\u00e1s gyerekszob\u00e1ba vagy b\u00e1rmelyik helyis\u00e9gbe, ahol egy kis hangulatos vil\u00e1g\u00edt\u00e1st szeretn\u00e9l. Ide\u00e1lis aj\u00e1nd\u00e9k b\u00e1rmilyen alkalomra, legyen az babak\u00f6sz\u00f6nt\u0151, sz\u00fclet\u00e9snap, keresztel\u0151, kar\u00e1csony, vagy egyszer\u0171en csak egy kis meglepet\u00e9s.\n\nA csomag tartalma:\n\n1 db 5 mm-es akril\u00fcveg a v\u00e1lasztott mint\u00e1val \u00e9s adatokkal szem\u00e9lyre szabva\n1 db f\u00e1b\u00f3l k\u00e9sz\u00fclt LED talp\n1 db USB t\u00f6lt\u0151k\u00e1bel (a t\u00f6lt\u0151fej nem tartoz\u00e9k)","price":"10990.00","unit":"db","recommended":"0","status":"1","sponsored":"0","exp_notify":"0","own_material":"0","own_material_description_old":null,"own_material_description":"","jury":"0","jury_number":"","product_nature":"","meskaracsony":"0","create_date":"2026-04-09 15:02:41","shelve_id":"0","image":"nyuszikert_product_622009_250923102348_016538.jpeg","image_width":"480","image_height":"480","image_alt":"Akril \u00e9jjeli- aut\u00f3z\u00f3 r\u00f3ka, Hozz var\u00e1zslatos hangulatot otthonodba ezekkel a st\u00edlusos \u00e9s egyedi akril\u00fcveg \u00e9jjeli f\u00e9nyekkel! Az \u00e1..., Meska","image_title":"Akril \u00e9jjeli- aut\u00f3z\u00f3 r\u00f3ka, Meska","view_count":"398","favourite_count":"0","trending_score":"0","last2MonthFavouriteCount":"0","promotion":"0","giftcard_accept":"0","creditcard_accept":true,"enhanced_background":"0","domain":"meska","specific_customer_id":null,"specific_customer_name":null,"to_order_product":"1","to_order_product_time":"5","product_different":null,"product_different_description":"","vintage":"0","vintage_category_id":"0","recycled":"0","gemstone_id":"0","customizable":"1","type_category":"physical","zerowaste":"0","postage_price":"2390.00","shop_order":"0","has_category":"1","landing_pages":"Kar\u00e1csonyi aj\u00e1nd\u00e9kok","microdata":{"number":15,"category":""},"title":"Akril \u00e9jjeli- aut\u00f3z\u00f3 r\u00f3ka","description":"Hozz var\u00e1zslatos hangulatot otthonodba ezekkel a st\u00edlusos \u00e9s egyedi akril\u00fcveg \u00e9jjeli f\u00e9nyekkel! Az \u00e1tl\u00e1tsz\u00f3 akril\u00fcveg alapanyag eleg\u00e1ns \u00e9s modern megjelen\u00e9st biztos\u00edt, mik\u00f6zben a finom LED vil\u00e1g\u00edt\u00e1s kellemes, l\u00e1gy f\u00e9nyt ad, megnyugtat\u00f3 hangulatot teremt, amely t\u00f6k\u00e9letes \u00e9jszakai k\u00eds\u00e9r\u0151k\u00e9nt szolg\u00e1l. Az akril\u00fcveg (plexi) tart\u00f3s \u00e9s k\u00f6nnyen tiszt\u00edthat\u00f3 anyag, amely nem t\u00f6rik k\u00f6nnyen. A l\u00e1mpa akkumul\u00e1torral m\u0171k\u00f6dik, melynek el\u0151nyei:\n\nHordozhat\u00f3 \u2013 b\u00e1rhol elhelyezhet\u0151 a lak\u00e1sban, nincs sz\u00fcks\u00e9g konnektorra.\n\nHossz\u00fa \u00fczemid\u0151 \u2013 ak\u00e1r 120 \u00f3r\u00e1n \u00e1t m\u0171k\u00f6dik egyetlen t\u00f6lt\u00e9ssel.\n\nK\u00e1belmentes kialak\u00edt\u00e1s \u2013 nincs \u00fatban vezet\u00e9k, biztons\u00e1gosabb \u00e9s eszt\u00e9tikusabb.\n\n\u00dajrat\u00f6lthet\u0151 akkumul\u00e1tor \u2013 k\u00f6rnyezetbar\u00e1t \u00e9s k\u00f6lts\u00e9ghat\u00e9kony, nincs sz\u00fcks\u00e9g elemekre.\n\nStabil f\u00e9nyer\u0151 \u2013 LED technol\u00f3gi\u00e1nak k\u00f6sz\u00f6nhet\u0151en energiatakar\u00e9kos \u00e9s tart\u00f3s f\u00e9nyt biztos\u00edt.\n\nSokoldal\u00fa felhaszn\u00e1l\u00e1s \u2013 ide\u00e1lis \u00e9jjeli f\u00e9nynek, dekor\u00e1ci\u00f3hoz vagy hangulatvil\u00e1g\u00edt\u00e1shoz.\n\nKompakt \u00e9s k\u00f6nny\u0171 \u2013 egyszer\u0171en mozgathat\u00f3 egyik helyis\u00e9gb\u0151l a m\u00e1sikba.\n\nT\u00f6bbf\u00e9le form\u00e1b\u00f3l \u00e9s mint\u00e1b\u00f3l v\u00e1laszthatsz, illetve a l\u00e1mp\u00e1kon megjelenhet a gyermeked neve \u00e9s sz\u00fclet\u00e9si vagy keresztel\u0151 d\u00e1tuma, hogy egy igaz\u00e1n szem\u00e9lyre szabott \u00e9jjeli f\u00e9nynek \u00f6r\u00fclhessetek.\n\nM\u00e9ret: kb. 15cm x 16cm\n\nAnyaga: 5 mm-es akril\u00fcveg (plexi) \u00e9s f\u00e1b\u00f3l k\u00e9sz\u00fclt LED talp\n\nVil\u00e1g\u00edt\u00e1s t\u00edpusa: LED\n\nT\u00f6k\u00e9letes v\u00e1laszt\u00e1s gyerekszob\u00e1ba vagy b\u00e1rmelyik helyis\u00e9gbe, ahol egy kis hangulatos vil\u00e1g\u00edt\u00e1st szeretn\u00e9l. Ide\u00e1lis aj\u00e1nd\u00e9k b\u00e1rmilyen alkalomra, legyen az babak\u00f6sz\u00f6nt\u0151, sz\u00fclet\u00e9snap, keresztel\u0151, kar\u00e1csony, vagy egyszer\u0171en csak egy kis meglepet\u00e9s.\n\nA csomag tartalma:\n\n1 db 5 mm-es akril\u00fcveg a v\u00e1lasztott mint\u00e1val \u00e9s adatokkal szem\u00e9lyre szabva\n1 db f\u00e1b\u00f3l k\u00e9sz\u00fclt LED talp\n1 db USB t\u00f6lt\u0151k\u00e1bel (a t\u00f6lt\u0151fej nem tartoz\u00e9k)","score":0,"formatted_price":"10 990 Ft","image_url":"https:\/\/www.meska.hu\/img\/product\/small\/n\/y\/nyuszikert_product_622009_250923102348_016538.jpeg","formatted_url":"https:\/\/www.meska.hu\/p5377637-akril-ejjeli-autozo-roka","favourite":false,"in_stock":false,"avatar":"622009_avatar_1701843989.jpeg","delete_from":0,"is_enhanced_background":false,"is_enhanced":false,"product_selection_started":false,"is_active":true,"image_webp_url":"https:\/\/www.meska.hu\/img\/product\/small\/n\/y\/nyuszikert_product_622009_250923102348_016538.webp"},{"id":"6178558","shop_id":"52474","user_id":"780878","shop_name":"LumaBox3D","shop_zip":"8146","product_code":"5769844","product_name_old":null,"product_name":"Vendel (Bogy\u00f3 \u00e9s Bab\u00f3ca) \u00e9jjeli f\u00e9ny","category_string":"Baba - mama, Babaszoba dekor\u00e1ci\u00f3, \u00c9jszakai f\u00e9ny","technic_string":"","category_1":"1735","category_2":"1466","category_3":"1761","category_4":"0","merged_category_1":null,"merged_category_2":null,"merged_category_3":null,"technic_1":"0","technic_2":"0","technic_3":"0","color_1":"519","color_2":"527","color_3":"0","product_description_old":null,"product_description":"\u2728 Vendel (Bogy\u00f3 \u00e9s Bab\u00f3ca) 3D nyomtatott vil\u00e1g\u00edt\u00f3 l\u00e1mpa \u2013 kedves f\u00e9ny a gyerekszob\u00e1ba!\ud83c\udf19\ud83d\udc9a\n\nTedd m\u00e9g meghittebb\u00e9 az esti rutint ezzel a b\u00e1jos, Vendel a szarvasbog\u00e1r form\u00e1j\u00fa vil\u00e1g\u00edt\u00f3 l\u00e1mp\u00e1val, amely a Bogy\u00f3 \u00e9s Bab\u00f3ca mese egyik szerethet\u0151 szerepl\u0151je!\n\n\ud83d\udd39 Aranyos, r\u00e9szletgazdag kidolgoz\u00e1s\u2013 a gyerekek azonnal felismerik \u00e9s megszeretik\n\ud83d\udd39 L\u00e1gy, nyugtat\u00f3 f\u00e9ny \u2013 ide\u00e1lis elalv\u00e1shoz, biztons\u00e1g\u00e9rzetet ad a kicsiknek\n\ud83d\udd39 3D nyomtatott kivitel \u2013 modern technol\u00f3gi\u00e1val k\u00e9sz\u00fclt, tart\u00f3s \u00e9s egyedi darab\n\ud83d\udd39 T\u00f6k\u00e9letes gyerekszob\u00e1ba \u2013 \u00e9jjeli l\u00e1mp\u00e1nak \u00e9s dekor\u00e1ci\u00f3nak is kiv\u00e1l\u00f3\n\n\ud83d\udccf M\u00e9ret: kb 20cm\n\ud83d\udd0c M\u0171k\u00f6d\u00e9s: (USB \/ Elemes\n\ud83c\udfa8 Sz\u00edn: k\u00e9rhet\u0151 t\u00f6bbf\u00e9le v\u00e1ltozatban is\n\nEz a kedves kis l\u00e1mpa nemcsak vil\u00e1g\u00edt, hanem megnyugtat\u00f3 t\u00e1rs az esti mes\u00e9khez \u00e9s az \u00e1lomba mer\u00fcl\u00e9shez** \ud83d\udca4\n\n\ud83d\udce6 Gondosan csomagolva post\u00e1zom\n\ud83c\udf81 Aj\u00e1nd\u00e9knak is t\u00f6k\u00e9letes sz\u00fclet\u00e9snapra vagy k\u00fcl\u00f6nleges alkalmakra\n\u2709\ufe0f Egyedi elk\u00e9pzel\u00e9seket is sz\u00edvesen megval\u00f3s\u00edtok!\n","price":"8500.00","unit":"db","recommended":"0","status":"1","sponsored":"0","exp_notify":"0","own_material":"0","own_material_description_old":null,"own_material_description":"","jury":"0","jury_number":"","product_nature":"","meskaracsony":"0","create_date":"2026-04-09 10:39:53","shelve_id":"0","image":"lumabox3d_product_780878_260409103656_894935.jpeg","image_width":"480","image_height":"512","image_alt":"Vendel (Bogy\u00f3 \u00e9s Bab\u00f3ca) \u00e9jjeli f\u00e9ny, \u2728 Vendel (Bogy\u00f3 \u00e9s Bab\u00f3ca) 3D nyomtatott vil\u00e1g\u00edt\u00f3 l\u00e1mpa \u2013 kedves f\u00e9ny a gyerekszob\u00e1ba!\ud83c\udf19\ud83d\udc9a\\n\\nTedd m\u00e9g m..., Meska","image_title":"Vendel (Bogy\u00f3 \u00e9s Bab\u00f3ca) \u00e9jjeli f\u00e9ny, Meska","view_count":"74","favourite_count":"0","trending_score":"0","last2MonthFavouriteCount":"0","promotion":"0","giftcard_accept":"0","creditcard_accept":true,"enhanced_background":"0","domain":"meska","specific_customer_id":null,"specific_customer_name":null,"to_order_product":"0","to_order_product_time":"0","product_different":null,"product_different_description":"","vintage":"0","vintage_category_id":"0","recycled":"0","gemstone_id":"0","customizable":"0","type_category":"physical","zerowaste":"0","postage_price":"1349.00","shop_order":"0","has_category":"1","landing_pages":null,"microdata":{"number":16,"category":""},"title":"Vendel (Bogy\u00f3 \u00e9s Bab\u00f3ca) \u00e9jjeli f\u00e9ny","description":"\u2728 Vendel (Bogy\u00f3 \u00e9s Bab\u00f3ca) 3D nyomtatott vil\u00e1g\u00edt\u00f3 l\u00e1mpa \u2013 kedves f\u00e9ny a gyerekszob\u00e1ba!\ud83c\udf19\ud83d\udc9a\n\nTedd m\u00e9g meghittebb\u00e9 az esti rutint ezzel a b\u00e1jos, Vendel a szarvasbog\u00e1r form\u00e1j\u00fa vil\u00e1g\u00edt\u00f3 l\u00e1mp\u00e1val, amely a Bogy\u00f3 \u00e9s Bab\u00f3ca mese egyik szerethet\u0151 szerepl\u0151je!\n\n\ud83d\udd39 Aranyos, r\u00e9szletgazdag kidolgoz\u00e1s\u2013 a gyerekek azonnal felismerik \u00e9s megszeretik\n\ud83d\udd39 L\u00e1gy, nyugtat\u00f3 f\u00e9ny \u2013 ide\u00e1lis elalv\u00e1shoz, biztons\u00e1g\u00e9rzetet ad a kicsiknek\n\ud83d\udd39 3D nyomtatott kivitel \u2013 modern technol\u00f3gi\u00e1val k\u00e9sz\u00fclt, tart\u00f3s \u00e9s egyedi darab\n\ud83d\udd39 T\u00f6k\u00e9letes gyerekszob\u00e1ba \u2013 \u00e9jjeli l\u00e1mp\u00e1nak \u00e9s dekor\u00e1ci\u00f3nak is kiv\u00e1l\u00f3\n\n\ud83d\udccf M\u00e9ret: kb 20cm\n\ud83d\udd0c M\u0171k\u00f6d\u00e9s: (USB \/ Elemes\n\ud83c\udfa8 Sz\u00edn: k\u00e9rhet\u0151 t\u00f6bbf\u00e9le v\u00e1ltozatban is\n\nEz a kedves kis l\u00e1mpa nemcsak vil\u00e1g\u00edt, hanem megnyugtat\u00f3 t\u00e1rs az esti mes\u00e9khez \u00e9s az \u00e1lomba mer\u00fcl\u00e9shez** \ud83d\udca4\n\n\ud83d\udce6 Gondosan csomagolva post\u00e1zom\n\ud83c\udf81 Aj\u00e1nd\u00e9knak is t\u00f6k\u00e9letes sz\u00fclet\u00e9snapra vagy k\u00fcl\u00f6nleges alkalmakra\n\u2709\ufe0f Egyedi elk\u00e9pzel\u00e9seket is sz\u00edvesen megval\u00f3s\u00edtok!\n","score":0,"formatted_price":"8 500 Ft","image_url":"https:\/\/www.meska.hu\/img\/product\/small\/l\/u\/lumabox3d_product_780878_260409103656_894935.jpeg","formatted_url":"https:\/\/www.meska.hu\/p5769844-vendel-bogyo-es-baboca-ejjeli-feny","favourite":false,"in_stock":true,"avatar":"780878_avatar_1775548264.png","delete_from":0,"is_enhanced_background":false,"is_enhanced":false,"product_selection_started":false,"is_active":true,"image_webp_url":"https:\/\/www.meska.hu\/img\/product\/small\/l\/u\/lumabox3d_product_780878_260409103656_894935.webp"},{"id":"6178533","shop_id":"52474","user_id":"780878","shop_name":"LumaBox3D","shop_zip":"8146","product_code":"5769835","product_name_old":null,"product_name":"Bab\u00f3ca \u00e9jjeli l\u00e1mpa","category_string":"Baba - mama, Babaszoba dekor\u00e1ci\u00f3, \u00c9jszakai f\u00e9ny","technic_string":"","category_1":"1735","category_2":"1466","category_3":"1761","category_4":"0","merged_category_1":null,"merged_category_2":null,"merged_category_3":null,"technic_1":"0","technic_2":"0","technic_3":"0","color_1":"519","color_2":"520","color_3":"522","product_description_old":null,"product_description":"\u2728 Bab\u00f3ca (Bogy\u00f3 \u00e9s Bab\u00f3ca) 3D nyomtatott vil\u00e1g\u00edt\u00f3 l\u00e1mpa \u2013 kedves f\u00e9ny a gyerekszob\u00e1ba! \ud83c\udf19\ud83d\udc9a\n\nTedd m\u00e9g meghittebb\u00e9 az esti rutint ezzel a b\u00e1jos, **Bab\u00f3ca a katical\u00e1ny form\u00e1j\u00fa vil\u00e1g\u00edt\u00f3 l\u00e1mp\u00e1val, amely a Bogy\u00f3 \u00e9s Bab\u00f3ca mese egyik szerethet\u0151 szerepl\u0151je!\n\n\ud83d\udd39 Aranyos, r\u00e9szletgazdag kidolgoz\u00e1s \u2013 a gyerekek azonnal felismerik \u00e9s megszeretik\n\ud83d\udd39 L\u00e1gy, nyugtat\u00f3 f\u00e9ny\u2013 ide\u00e1lis elalv\u00e1shoz, biztons\u00e1g\u00e9rzetet ad a kicsiknek\n\ud83d\udd39 3D nyomtatott kivitel \u2013 modern technol\u00f3gi\u00e1val k\u00e9sz\u00fclt, tart\u00f3s \u00e9s egyedi darab\n\ud83d\udd39 T\u00f6k\u00e9letes gyerekszob\u00e1ba \u2013 \u00e9jjeli l\u00e1mp\u00e1nak \u00e9s dekor\u00e1ci\u00f3nak is kiv\u00e1l\u00f3\n\n\ud83d\udccf M\u00e9ret: kb 21 cm\n\ud83d\udd0c M\u0171k\u00f6d\u00e9s: (USB \/ Elemes\n\ud83c\udfa8 Sz\u00edn: k\u00e9rhet\u0151 t\u00f6bbf\u00e9le v\u00e1ltozatban is\n\nEz a kedves kis l\u00e1mpa nemcsak vil\u00e1g\u00edt, hanem megnyugtat\u00f3 t\u00e1rs az esti mes\u00e9khez \u00e9s az \u00e1lomba mer\u00fcl\u00e9shez \ud83d\udca4\n\n\ud83d\udce6 Gondosan csomagolva post\u00e1zom\n\ud83c\udf81 Aj\u00e1nd\u00e9knak is t\u00f6k\u00e9letes sz\u00fclet\u00e9snapra vagy k\u00fcl\u00f6nleges alkalmakra\n\u2709\ufe0f Egyedi elk\u00e9pzel\u00e9seket is sz\u00edvesen megval\u00f3s\u00edtok!\n\n","price":"9000.00","unit":"db","recommended":"0","status":"1","sponsored":"0","exp_notify":"0","own_material":"0","own_material_description_old":null,"own_material_description":"","jury":"0","jury_number":"","product_nature":"","meskaracsony":"0","create_date":"2026-04-09 10:26:08","shelve_id":"0","image":"lumabox3d_product_780878_260409102309_581465.jpeg","image_width":"480","image_height":"536","image_alt":"Bab\u00f3ca \u00e9jjeli l\u00e1mpa, \u2728 Bab\u00f3ca (Bogy\u00f3 \u00e9s Bab\u00f3ca) 3D nyomtatott vil\u00e1g\u00edt\u00f3 l\u00e1mpa \u2013 kedves f\u00e9ny a gyerekszob\u00e1ba! \ud83c\udf19\ud83d\udc9a\\n\\nTedd m\u00e9g ..., Meska","image_title":"Bab\u00f3ca \u00e9jjeli l\u00e1mpa, Meska","view_count":"97","favourite_count":"0","trending_score":"0","last2MonthFavouriteCount":"0","promotion":"0","giftcard_accept":"0","creditcard_accept":true,"enhanced_background":"0","domain":"meska","specific_customer_id":null,"specific_customer_name":null,"to_order_product":"0","to_order_product_time":"0","product_different":null,"product_different_description":"","vintage":"0","vintage_category_id":"0","recycled":"0","gemstone_id":"0","customizable":"0","type_category":"physical","zerowaste":"0","postage_price":"1349.00","shop_order":"0","has_category":"1","landing_pages":null,"microdata":{"number":17,"category":""},"title":"Bab\u00f3ca \u00e9jjeli l\u00e1mpa","description":"\u2728 Bab\u00f3ca (Bogy\u00f3 \u00e9s Bab\u00f3ca) 3D nyomtatott vil\u00e1g\u00edt\u00f3 l\u00e1mpa \u2013 kedves f\u00e9ny a gyerekszob\u00e1ba! \ud83c\udf19\ud83d\udc9a\n\nTedd m\u00e9g meghittebb\u00e9 az esti rutint ezzel a b\u00e1jos, **Bab\u00f3ca a katical\u00e1ny form\u00e1j\u00fa vil\u00e1g\u00edt\u00f3 l\u00e1mp\u00e1val, amely a Bogy\u00f3 \u00e9s Bab\u00f3ca mese egyik szerethet\u0151 szerepl\u0151je!\n\n\ud83d\udd39 Aranyos, r\u00e9szletgazdag kidolgoz\u00e1s \u2013 a gyerekek azonnal felismerik \u00e9s megszeretik\n\ud83d\udd39 L\u00e1gy, nyugtat\u00f3 f\u00e9ny\u2013 ide\u00e1lis elalv\u00e1shoz, biztons\u00e1g\u00e9rzetet ad a kicsiknek\n\ud83d\udd39 3D nyomtatott kivitel \u2013 modern technol\u00f3gi\u00e1val k\u00e9sz\u00fclt, tart\u00f3s \u00e9s egyedi darab\n\ud83d\udd39 T\u00f6k\u00e9letes gyerekszob\u00e1ba \u2013 \u00e9jjeli l\u00e1mp\u00e1nak \u00e9s dekor\u00e1ci\u00f3nak is kiv\u00e1l\u00f3\n\n\ud83d\udccf M\u00e9ret: kb 21 cm\n\ud83d\udd0c M\u0171k\u00f6d\u00e9s: (USB \/ Elemes\n\ud83c\udfa8 Sz\u00edn: k\u00e9rhet\u0151 t\u00f6bbf\u00e9le v\u00e1ltozatban is\n\nEz a kedves kis l\u00e1mpa nemcsak vil\u00e1g\u00edt, hanem megnyugtat\u00f3 t\u00e1rs az esti mes\u00e9khez \u00e9s az \u00e1lomba mer\u00fcl\u00e9shez \ud83d\udca4\n\n\ud83d\udce6 Gondosan csomagolva post\u00e1zom\n\ud83c\udf81 Aj\u00e1nd\u00e9knak is t\u00f6k\u00e9letes sz\u00fclet\u00e9snapra vagy k\u00fcl\u00f6nleges alkalmakra\n\u2709\ufe0f Egyedi elk\u00e9pzel\u00e9seket is sz\u00edvesen megval\u00f3s\u00edtok!\n\n","score":0,"formatted_price":"9 000 Ft","image_url":"https:\/\/www.meska.hu\/img\/product\/small\/l\/u\/lumabox3d_product_780878_260409102309_581465.jpeg","formatted_url":"https:\/\/www.meska.hu\/p5769835-baboca-ejjeli-lampa","favourite":false,"in_stock":true,"avatar":"780878_avatar_1775548264.png","delete_from":0,"is_enhanced_background":false,"is_enhanced":false,"product_selection_started":false,"is_active":true,"image_webp_url":"https:\/\/www.meska.hu\/img\/product\/small\/l\/u\/lumabox3d_product_780878_260409102309_581465.webp"},{"id":"6178527","shop_id":"52474","user_id":"780878","shop_name":"LumaBox3D","shop_zip":"8146","product_code":"5769831","product_name_old":null,"product_name":"Baltaz\u00e1r (Bogy\u00f3 \u00e9s Bab\u00f3ca) \u00e9jjeli l\u00e1mpa","category_string":"Baba - mama, Babaszoba dekor\u00e1ci\u00f3, \u00c9jszakai f\u00e9ny","technic_string":"Mindenm\u00e1s","category_1":"1735","category_2":"1466","category_3":"1761","category_4":"0","merged_category_1":null,"merged_category_2":null,"merged_category_3":null,"technic_1":"493","technic_2":"0","technic_3":"0","color_1":"519","color_2":"520","color_3":"526","product_description_old":null,"product_description":"\ud83d\udc0c\u2728 **Baltaz\u00e1r (Bogy\u00f3 \u00e9s Bab\u00f3ca) 3D nyomtatott vil\u00e1g\u00edt\u00f3 l\u00e1mpa \u2013 kedves f\u00e9ny a gyerekszob\u00e1ba!** \ud83c\udf19\ud83d\udc9a\n\nTedd m\u00e9g meghittebb\u00e9 az esti rutint ezzel a b\u00e1jos, Baltaz\u00e1r m\u00e9hecske form\u00e1j\u00fa vil\u00e1g\u00edt\u00f3 l\u00e1mp\u00e1val, amely a Bogy\u00f3 \u00e9s Bab\u00f3ca mese egyik szerethet\u0151 szerepl\u0151je!\n\n\ud83d\udd39 Aranyos, r\u00e9szletgazdag kidolgoz\u00e1s \u2013 a gyerekek azonnal felismerik \u00e9s megszeretik\n\ud83d\udd39 L\u00e1gy, nyugtat\u00f3 f\u00e9ny \u2013 ide\u00e1lis elalv\u00e1shoz, biztons\u00e1g\u00e9rzetet ad a kicsiknek\n\ud83d\udd39 3D nyomtatott kivitel \u2013 modern technol\u00f3gi\u00e1val k\u00e9sz\u00fclt, tart\u00f3s \u00e9s egyedi darab\n\ud83d\udd39 T\u00f6k\u00e9letes gyerekszob\u00e1ba \u2013 \u00e9jjeli l\u00e1mp\u00e1nak \u00e9s dekor\u00e1ci\u00f3nak is kiv\u00e1l\u00f3\n\n\ud83d\udccf M\u00e9ret: Kb 20 cm magas\n\ud83d\udd0c M\u0171k\u00f6d\u00e9s: (USB \/ Elemes\n\ud83c\udfa8 Sz\u00edn: k\u00e9rhet\u0151 t\u00f6bbf\u00e9le v\u00e1ltozatban is\n\nEz a kedves kis l\u00e1mpa nemcsak vil\u00e1g\u00edt, hanem megnyugtat\u00f3 t\u00e1rs az esti mes\u00e9khez \u00e9s az \u00e1lomba mer\u00fcl\u00e9shez \ud83d\udca4\n\n\ud83d\udce6 Gondosan csomagolva post\u00e1zom\n\ud83c\udf81 Aj\u00e1nd\u00e9knak is t\u00f6k\u00e9letes sz\u00fclet\u00e9snapra vagy k\u00fcl\u00f6nleges alkalmakra\n\u2709\ufe0f Egyedi elk\u00e9pzel\u00e9seket is sz\u00edvesen megval\u00f3s\u00edtok!\n\n","price":"9000.00","unit":"db","recommended":"0","status":"1","sponsored":"0","exp_notify":"0","own_material":"0","own_material_description_old":null,"own_material_description":"","jury":"0","jury_number":"","product_nature":"","meskaracsony":"0","create_date":"2026-04-09 10:21:19","shelve_id":"0","image":"lumabox3d_product_780878_260409101741_50722.jpeg","image_width":"480","image_height":"550","image_alt":"Baltaz\u00e1r (Bogy\u00f3 \u00e9s Bab\u00f3ca) \u00e9jjeli l\u00e1mpa, \ud83d\udc0c\u2728 **Baltaz\u00e1r (Bogy\u00f3 \u00e9s Bab\u00f3ca) 3D nyomtatott vil\u00e1g\u00edt\u00f3 l\u00e1mpa \u2013 kedves f\u00e9ny a gyerekszob\u00e1ba!** \ud83c\udf19\ud83d\udc9a\\n\\nTe..., Meska","image_title":"Baltaz\u00e1r (Bogy\u00f3 \u00e9s Bab\u00f3ca) \u00e9jjeli l\u00e1mpa, Meska","view_count":"80","favourite_count":"0","trending_score":"0","last2MonthFavouriteCount":"0","promotion":0,"giftcard_accept":"0","creditcard_accept":true,"enhanced_background":"0","domain":"meska","specific_customer_id":null,"specific_customer_name":null,"to_order_product":"0","to_order_product_time":"0","product_different":null,"product_different_description":"","vintage":"0","vintage_category_id":"0","recycled":"0","gemstone_id":"0","customizable":"0","type_category":"physical","zerowaste":"0","postage_price":"1349.00","shop_order":"0","has_category":"1","landing_pages":null,"microdata":{"number":18,"category":""},"title":"Baltaz\u00e1r (Bogy\u00f3 \u00e9s Bab\u00f3ca) \u00e9jjeli l\u00e1mpa","description":"\ud83d\udc0c\u2728 **Baltaz\u00e1r (Bogy\u00f3 \u00e9s Bab\u00f3ca) 3D nyomtatott vil\u00e1g\u00edt\u00f3 l\u00e1mpa \u2013 kedves f\u00e9ny a gyerekszob\u00e1ba!** \ud83c\udf19\ud83d\udc9a\n\nTedd m\u00e9g meghittebb\u00e9 az esti rutint ezzel a b\u00e1jos, Baltaz\u00e1r m\u00e9hecske form\u00e1j\u00fa vil\u00e1g\u00edt\u00f3 l\u00e1mp\u00e1val, amely a Bogy\u00f3 \u00e9s Bab\u00f3ca mese egyik szerethet\u0151 szerepl\u0151je!\n\n\ud83d\udd39 Aranyos, r\u00e9szletgazdag kidolgoz\u00e1s \u2013 a gyerekek azonnal felismerik \u00e9s megszeretik\n\ud83d\udd39 L\u00e1gy, nyugtat\u00f3 f\u00e9ny \u2013 ide\u00e1lis elalv\u00e1shoz, biztons\u00e1g\u00e9rzetet ad a kicsiknek\n\ud83d\udd39 3D nyomtatott kivitel \u2013 modern technol\u00f3gi\u00e1val k\u00e9sz\u00fclt, tart\u00f3s \u00e9s egyedi darab\n\ud83d\udd39 T\u00f6k\u00e9letes gyerekszob\u00e1ba \u2013 \u00e9jjeli l\u00e1mp\u00e1nak \u00e9s dekor\u00e1ci\u00f3nak is kiv\u00e1l\u00f3\n\n\ud83d\udccf M\u00e9ret: Kb 20 cm magas\n\ud83d\udd0c M\u0171k\u00f6d\u00e9s: (USB \/ Elemes\n\ud83c\udfa8 Sz\u00edn: k\u00e9rhet\u0151 t\u00f6bbf\u00e9le v\u00e1ltozatban is\n\nEz a kedves kis l\u00e1mpa nemcsak vil\u00e1g\u00edt, hanem megnyugtat\u00f3 t\u00e1rs az esti mes\u00e9khez \u00e9s az \u00e1lomba mer\u00fcl\u00e9shez \ud83d\udca4\n\n\ud83d\udce6 Gondosan csomagolva post\u00e1zom\n\ud83c\udf81 Aj\u00e1nd\u00e9knak is t\u00f6k\u00e9letes sz\u00fclet\u00e9snapra vagy k\u00fcl\u00f6nleges alkalmakra\n\u2709\ufe0f Egyedi elk\u00e9pzel\u00e9seket is sz\u00edvesen megval\u00f3s\u00edtok!\n\n","score":0,"formatted_price":"9 000 Ft","image_url":"https:\/\/www.meska.hu\/img\/product\/small\/l\/u\/lumabox3d_product_780878_260409101741_50722.jpeg","formatted_url":"https:\/\/www.meska.hu\/p5769831-baltazar-bogyo-es-baboca-ejjeli-lampa","favourite":false,"in_stock":true,"avatar":"780878_avatar_1775548264.png","delete_from":0,"is_enhanced_background":false,"is_enhanced":false,"product_selection_started":false,"is_active":true,"image_webp_url":"https:\/\/www.meska.hu\/img\/product\/small\/l\/u\/lumabox3d_product_780878_260409101741_50722.webp"},{"id":"6177879","shop_id":"51477","user_id":"766832","shop_name":"MiLiajandek","shop_zip":"4138","product_code":"5769548","product_name_old":null,"product_name":" Grav\u00edrozott gyerek l\u00e1mpa \u2013 \u0150zike","category_string":"Baba - mama, Babaszoba dekor\u00e1ci\u00f3, \u00c9jszakai f\u00e9ny","technic_string":"Grav\u00edroz\u00e1s, pirogr\u00e1fia","category_1":"1735","category_2":"1466","category_3":"1761","category_4":"0","merged_category_1":null,"merged_category_2":null,"merged_category_3":null,"technic_1":"796","technic_2":"0","technic_3":"0","color_1":"514","color_2":"0","color_3":"0","product_description_old":null,"product_description":"L\u00e9zerv\u00e1gott fa fali gyerek l\u00e1mpa\n\n\u2013 RGB LED vil\u00e1g\u00edt\u00e1ssal \u00e9s t\u00e1vir\u00e1ny\u00edt\u00f3val Ez a k\u00fcl\u00f6nleges, l\u00e9zerv\u00e1gott fa fali l\u00e1mpa nemcsak egyedi dekor\u00e1ci\u00f3, hanem praktikus vil\u00e1g\u00edt\u00e1s is a gyerekszob\u00e1ban. A r\u00e9szletgazdag, 8 r\u00e9tegb\u0151l \u00e1ll\u00f3 kialak\u00edt\u00e1s k\u00fcl\u00f6nleges megjelen\u00e9st k\u00f6lcs\u00f6n\u00f6z, mik\u00f6zben az RGB LED f\u00e9nyforr\u00e1s hangulatos vil\u00e1g\u00edt\u00e1st biztos\u00edt.\n\nTerm\u00e9kjellemz\u0151k: M\u00e9rete: kb. 26 \u00d7 25 cm Anyaga: 3 mm vastag fa lapok (8 r\u00e9tegben)\n\nVil\u00e1g\u00edt\u00e1s: Be\u00e9p\u00edtett RGB LED 15 k\u00fcl\u00f6nb\u00f6z\u0151 sz\u00ednbe\u00e1ll\u00edt\u00e1ssal\n\nT\u00e1pell\u00e1t\u00e1s: USB csatlakoz\u00e1s (t\u00f6lt\u0151fej nem tartoz\u00e9k)\n\nT\u00e1vir\u00e1ny\u00edt\u00f3: K\u00f6nnyed\u00e9n vez\u00e9relhet\u0151 t\u00e1vir\u00e1ny\u00edt\u00f3val, mellyel a f\u00e9ny sz\u00edne \u00e9s intenzit\u00e1sa is szab\u00e1lyozhat\u00f3\n\nHaszn\u00e1lat: Falra szerelhet\u0151, k\u00f6nnyen r\u00f6gz\u00edthet\u0151 de ak\u00e1r az asztalra is \u00e1ll\u00edthat\u00f3.\n\nA t\u00e1vir\u00e1ny\u00edt\u00f3 seg\u00edts\u00e9g\u00e9vel egyszer\u0171en kiv\u00e1laszthat\u00f3 a k\u00edv\u00e1nt sz\u00edn vagy f\u00e9nyer\u0151ss\u00e9g, \u00edgy a l\u00e1mpa mindig a gyermek hangulat\u00e1hoz vagy az adott napszakhoz igaz\u00edthat\u00f3. Ide\u00e1lis \u00e9jszakai f\u00e9nyk\u00e9nt vagy meghitt esti vil\u00e1g\u00edt\u00e1sk\u00e9nt is. T\u00f6k\u00e9letes v\u00e1laszt\u00e1s egyedi \u00e9s st\u00edlusos gyerekszobai kieg\u00e9sz\u00edt\u0151k\u00e9nt, amely praktikus \u00e9s eszt\u00e9tikus is egyben!\n\nA m\u00e9retek minden esetben a k\u00fcls\u0151 legnagyobb m\u00e9retet jelentik. A felt\u00fcntetett \u00e1r tartalmazza az egyedi grav\u00edroz\u00e1s, a szerkeszt\u00e9si d\u00edj \u00e9s a term\u00e9k \u00e1r\u00e1t is.","price":"15000.00","unit":"db","recommended":"0","status":"1","sponsored":"0","exp_notify":"0","own_material":"0","own_material_description_old":null,"own_material_description":"","jury":"0","jury_number":"","product_nature":"","meskaracsony":"0","create_date":"2026-04-08 16:35:24","shelve_id":"0","image":"miliajandek_product_766832_260408163416_63517.png","image_width":"480","image_height":"320","image_alt":" Grav\u00edrozott gyerek l\u00e1mpa \u2013 \u0150zike, L\u00e9zerv\u00e1gott fa fali gyerek l\u00e1mpa\\n\\n\u2013 RGB LED vil\u00e1g\u00edt\u00e1ssal \u00e9s t\u00e1vir\u00e1ny\u00edt\u00f3val Ez a k\u00fcl\u00f6nleges, l\u00e9zerv\u00e1g..., Meska","image_title":" Grav\u00edrozott gyerek l\u00e1mpa \u2013 \u0150zike, Meska","view_count":"29","favourite_count":"0","trending_score":"0","last2MonthFavouriteCount":"0","promotion":"0","giftcard_accept":"0","creditcard_accept":true,"enhanced_background":"0","domain":"meska","specific_customer_id":null,"specific_customer_name":null,"to_order_product":"1","to_order_product_time":"5","product_different":null,"product_different_description":"","vintage":"0","vintage_category_id":"0","recycled":"0","gemstone_id":"0","customizable":"1","type_category":"physical","zerowaste":"0","postage_price":"1290.00","shop_order":"0","has_category":"1","landing_pages":null,"microdata":{"number":19,"category":""},"title":" Grav\u00edrozott gyerek l\u00e1mpa \u2013 \u0150zike","description":"L\u00e9zerv\u00e1gott fa fali gyerek l\u00e1mpa\n\n\u2013 RGB LED vil\u00e1g\u00edt\u00e1ssal \u00e9s t\u00e1vir\u00e1ny\u00edt\u00f3val Ez a k\u00fcl\u00f6nleges, l\u00e9zerv\u00e1gott fa fali l\u00e1mpa nemcsak egyedi dekor\u00e1ci\u00f3, hanem praktikus vil\u00e1g\u00edt\u00e1s is a gyerekszob\u00e1ban. A r\u00e9szletgazdag, 8 r\u00e9tegb\u0151l \u00e1ll\u00f3 kialak\u00edt\u00e1s k\u00fcl\u00f6nleges megjelen\u00e9st k\u00f6lcs\u00f6n\u00f6z, mik\u00f6zben az RGB LED f\u00e9nyforr\u00e1s hangulatos vil\u00e1g\u00edt\u00e1st biztos\u00edt.\n\nTerm\u00e9kjellemz\u0151k: M\u00e9rete: kb. 26 \u00d7 25 cm Anyaga: 3 mm vastag fa lapok (8 r\u00e9tegben)\n\nVil\u00e1g\u00edt\u00e1s: Be\u00e9p\u00edtett RGB LED 15 k\u00fcl\u00f6nb\u00f6z\u0151 sz\u00ednbe\u00e1ll\u00edt\u00e1ssal\n\nT\u00e1pell\u00e1t\u00e1s: USB csatlakoz\u00e1s (t\u00f6lt\u0151fej nem tartoz\u00e9k)\n\nT\u00e1vir\u00e1ny\u00edt\u00f3: K\u00f6nnyed\u00e9n vez\u00e9relhet\u0151 t\u00e1vir\u00e1ny\u00edt\u00f3val, mellyel a f\u00e9ny sz\u00edne \u00e9s intenzit\u00e1sa is szab\u00e1lyozhat\u00f3\n\nHaszn\u00e1lat: Falra szerelhet\u0151, k\u00f6nnyen r\u00f6gz\u00edthet\u0151 de ak\u00e1r az asztalra is \u00e1ll\u00edthat\u00f3.\n\nA t\u00e1vir\u00e1ny\u00edt\u00f3 seg\u00edts\u00e9g\u00e9vel egyszer\u0171en kiv\u00e1laszthat\u00f3 a k\u00edv\u00e1nt sz\u00edn vagy f\u00e9nyer\u0151ss\u00e9g, \u00edgy a l\u00e1mpa mindig a gyermek hangulat\u00e1hoz vagy az adott napszakhoz igaz\u00edthat\u00f3. Ide\u00e1lis \u00e9jszakai f\u00e9nyk\u00e9nt vagy meghitt esti vil\u00e1g\u00edt\u00e1sk\u00e9nt is. T\u00f6k\u00e9letes v\u00e1laszt\u00e1s egyedi \u00e9s st\u00edlusos gyerekszobai kieg\u00e9sz\u00edt\u0151k\u00e9nt, amely praktikus \u00e9s eszt\u00e9tikus is egyben!\n\nA m\u00e9retek minden esetben a k\u00fcls\u0151 legnagyobb m\u00e9retet jelentik. A felt\u00fcntetett \u00e1r tartalmazza az egyedi grav\u00edroz\u00e1s, a szerkeszt\u00e9si d\u00edj \u00e9s a term\u00e9k \u00e1r\u00e1t is.","score":0,"formatted_price":"15 000 Ft","image_url":"https:\/\/www.meska.hu\/img\/product\/small\/m\/i\/miliajandek_product_766832_260408163416_63517.png","formatted_url":"https:\/\/www.meska.hu\/p5769548-gravirozott-gyerek-lampa-ozike","favourite":false,"in_stock":false,"avatar":"766832_avatar_1768487403.jpeg","delete_from":0,"is_enhanced_background":false,"is_enhanced":false,"product_selection_started":false,"is_active":true,"image_webp_url":"https:\/\/www.meska.hu\/img\/product\/small\/m\/i\/miliajandek_product_766832_260408163416_63517.webp"},{"id":"6177878","shop_id":"51477","user_id":"766832","shop_name":"MiLiajandek","shop_zip":"4138","product_code":"5769547","product_name_old":null,"product_name":"Grav\u00edrozott gyerek l\u00e1mpa \u2013 D\u00edn\u00f3","category_string":"Baba - mama, Babaszoba dekor\u00e1ci\u00f3, \u00c9jszakai f\u00e9ny","technic_string":"Grav\u00edroz\u00e1s, pirogr\u00e1fia","category_1":"1735","category_2":"1466","category_3":"1761","category_4":"0","merged_category_1":null,"merged_category_2":null,"merged_category_3":null,"technic_1":"796","technic_2":"0","technic_3":"0","color_1":"514","color_2":"0","color_3":"0","product_description_old":null,"product_description":"L\u00e9zerv\u00e1gott fa fali, asztali gyerek l\u00e1mpa\n\n\u2013 RGB LED vil\u00e1g\u00edt\u00e1ssal \u00e9s t\u00e1vir\u00e1ny\u00edt\u00f3val Ez a k\u00fcl\u00f6nleges, l\u00e9zerv\u00e1gott fa fali l\u00e1mpa nemcsak egyedi dekor\u00e1ci\u00f3, hanem praktikus vil\u00e1g\u00edt\u00e1s is a gyerekszob\u00e1ban. A r\u00e9szletgazdag, 8 r\u00e9tegb\u0151l \u00e1ll\u00f3 kialak\u00edt\u00e1s k\u00fcl\u00f6nleges megjelen\u00e9st k\u00f6lcs\u00f6n\u00f6z, mik\u00f6zben az RGB LED f\u00e9nyforr\u00e1s hangulatos vil\u00e1g\u00edt\u00e1st biztos\u00edt.\n\nTerm\u00e9kjellemz\u0151k: M\u00e9rete: kb. 26 \u00d7 25 cm Anyaga: 3 mm vastag fa lapok (8 r\u00e9tegben)\n\nVil\u00e1g\u00edt\u00e1s: Be\u00e9p\u00edtett RGB LED 15 k\u00fcl\u00f6nb\u00f6z\u0151 sz\u00ednbe\u00e1ll\u00edt\u00e1ssal\n\nT\u00e1pell\u00e1t\u00e1s: USB csatlakoz\u00e1s (t\u00f6lt\u0151fej nem tartoz\u00e9k)\n\nT\u00e1vir\u00e1ny\u00edt\u00f3: K\u00f6nnyed\u00e9n vez\u00e9relhet\u0151 t\u00e1vir\u00e1ny\u00edt\u00f3val, mellyel a f\u00e9ny sz\u00edne \u00e9s intenzit\u00e1sa is szab\u00e1lyozhat\u00f3\n\nHaszn\u00e1lat: Falra szerelhet\u0151, k\u00f6nnyen r\u00f6gz\u00edthet\u0151 de ak\u00e1r az asztalra is \u00e1ll\u00edthat\u00f3.\n\nA t\u00e1vir\u00e1ny\u00edt\u00f3 seg\u00edts\u00e9g\u00e9vel egyszer\u0171en kiv\u00e1laszthat\u00f3 a k\u00edv\u00e1nt sz\u00edn vagy f\u00e9nyer\u0151ss\u00e9g, \u00edgy a l\u00e1mpa mindig a gyermek hangulat\u00e1hoz vagy az adott napszakhoz igaz\u00edthat\u00f3. Ide\u00e1lis \u00e9jszakai f\u00e9nyk\u00e9nt vagy meghitt esti vil\u00e1g\u00edt\u00e1sk\u00e9nt is. T\u00f6k\u00e9letes v\u00e1laszt\u00e1s egyedi \u00e9s st\u00edlusos gyerekszobai kieg\u00e9sz\u00edt\u0151k\u00e9nt, amely praktikus \u00e9s eszt\u00e9tikus is egyben!\n\nA m\u00e9retek minden esetben a k\u00fcls\u0151 legnagyobb m\u00e9retet jelentik. A felt\u00fcntetett \u00e1r tartalmazza az egyedi grav\u00edroz\u00e1s, a szerkeszt\u00e9si d\u00edj \u00e9s a term\u00e9k \u00e1r\u00e1t is.","price":"15000.00","unit":"db","recommended":"0","status":"1","sponsored":"0","exp_notify":"0","own_material":"0","own_material_description_old":null,"own_material_description":"","jury":"0","jury_number":"","product_nature":"","meskaracsony":"0","create_date":"2026-04-08 16:32:33","shelve_id":"0","image":"miliajandek_product_766832_260408163019_253341.png","image_width":"480","image_height":"320","image_alt":"Grav\u00edrozott gyerek l\u00e1mpa \u2013 D\u00edn\u00f3, L\u00e9zerv\u00e1gott fa fali, asztali gyerek l\u00e1mpa\\n\\n\u2013 RGB LED vil\u00e1g\u00edt\u00e1ssal \u00e9s t\u00e1vir\u00e1ny\u00edt\u00f3val Ez a k\u00fcl\u00f6nleges,..., Meska","image_title":"Grav\u00edrozott gyerek l\u00e1mpa \u2013 D\u00edn\u00f3, Meska","view_count":"37","favourite_count":"0","trending_score":"0","last2MonthFavouriteCount":"0","promotion":"0","giftcard_accept":"0","creditcard_accept":true,"enhanced_background":"0","domain":"meska","specific_customer_id":null,"specific_customer_name":null,"to_order_product":"1","to_order_product_time":"5","product_different":null,"product_different_description":"","vintage":"0","vintage_category_id":"0","recycled":"0","gemstone_id":"0","customizable":"1","type_category":"physical","zerowaste":"0","postage_price":"1290.00","shop_order":"0","has_category":"1","landing_pages":null,"microdata":{"number":20,"category":""},"title":"Grav\u00edrozott gyerek l\u00e1mpa \u2013 D\u00edn\u00f3","description":"L\u00e9zerv\u00e1gott fa fali, asztali gyerek l\u00e1mpa\n\n\u2013 RGB LED vil\u00e1g\u00edt\u00e1ssal \u00e9s t\u00e1vir\u00e1ny\u00edt\u00f3val Ez a k\u00fcl\u00f6nleges, l\u00e9zerv\u00e1gott fa fali l\u00e1mpa nemcsak egyedi dekor\u00e1ci\u00f3, hanem praktikus vil\u00e1g\u00edt\u00e1s is a gyerekszob\u00e1ban. A r\u00e9szletgazdag, 8 r\u00e9tegb\u0151l \u00e1ll\u00f3 kialak\u00edt\u00e1s k\u00fcl\u00f6nleges megjelen\u00e9st k\u00f6lcs\u00f6n\u00f6z, mik\u00f6zben az RGB LED f\u00e9nyforr\u00e1s hangulatos vil\u00e1g\u00edt\u00e1st biztos\u00edt.\n\nTerm\u00e9kjellemz\u0151k: M\u00e9rete: kb. 26 \u00d7 25 cm Anyaga: 3 mm vastag fa lapok (8 r\u00e9tegben)\n\nVil\u00e1g\u00edt\u00e1s: Be\u00e9p\u00edtett RGB LED 15 k\u00fcl\u00f6nb\u00f6z\u0151 sz\u00ednbe\u00e1ll\u00edt\u00e1ssal\n\nT\u00e1pell\u00e1t\u00e1s: USB csatlakoz\u00e1s (t\u00f6lt\u0151fej nem tartoz\u00e9k)\n\nT\u00e1vir\u00e1ny\u00edt\u00f3: K\u00f6nnyed\u00e9n vez\u00e9relhet\u0151 t\u00e1vir\u00e1ny\u00edt\u00f3val, mellyel a f\u00e9ny sz\u00edne \u00e9s intenzit\u00e1sa is szab\u00e1lyozhat\u00f3\n\nHaszn\u00e1lat: Falra szerelhet\u0151, k\u00f6nnyen r\u00f6gz\u00edthet\u0151 de ak\u00e1r az asztalra is \u00e1ll\u00edthat\u00f3.\n\nA t\u00e1vir\u00e1ny\u00edt\u00f3 seg\u00edts\u00e9g\u00e9vel egyszer\u0171en kiv\u00e1laszthat\u00f3 a k\u00edv\u00e1nt sz\u00edn vagy f\u00e9nyer\u0151ss\u00e9g, \u00edgy a l\u00e1mpa mindig a gyermek hangulat\u00e1hoz vagy az adott napszakhoz igaz\u00edthat\u00f3. Ide\u00e1lis \u00e9jszakai f\u00e9nyk\u00e9nt vagy meghitt esti vil\u00e1g\u00edt\u00e1sk\u00e9nt is. T\u00f6k\u00e9letes v\u00e1laszt\u00e1s egyedi \u00e9s st\u00edlusos gyerekszobai kieg\u00e9sz\u00edt\u0151k\u00e9nt, amely praktikus \u00e9s eszt\u00e9tikus is egyben!\n\nA m\u00e9retek minden esetben a k\u00fcls\u0151 legnagyobb m\u00e9retet jelentik. A felt\u00fcntetett \u00e1r tartalmazza az egyedi grav\u00edroz\u00e1s, a szerkeszt\u00e9si d\u00edj \u00e9s a term\u00e9k \u00e1r\u00e1t is.","score":0,"formatted_price":"15 000 Ft","image_url":"https:\/\/www.meska.hu\/img\/product\/small\/m\/i\/miliajandek_product_766832_260408163019_253341.png","formatted_url":"https:\/\/www.meska.hu\/p5769547-gravirozott-gyerek-lampa-dino","favourite":false,"in_stock":false,"avatar":"766832_avatar_1768487403.jpeg","delete_from":0,"is_enhanced_background":false,"is_enhanced":false,"product_selection_started":false,"is_active":true,"image_webp_url":"https:\/\/www.meska.hu\/img\/product\/small\/m\/i\/miliajandek_product_766832_260408163019_253341.webp"},{"id":"4614819","shop_id":"33879","user_id":"439136","shop_name":"ajandekdesign","shop_zip":"4220","product_code":"4848837","product_name_old":null,"product_name":"LED vil\u00e1g\u00edt\u00e1s\u00fa \u00e9jjeli f\u00e9ny - n\u00e9vre sz\u00f3l\u00f3 ","category_string":"Baba - mama, \u00c9jszakai f\u00e9ny, Babaszoba dekor\u00e1ci\u00f3","technic_string":"Grav\u00edroz\u00e1s, pirogr\u00e1fia","category_1":"1735","category_2":"1761","category_3":"1466","category_4":"0","merged_category_1":null,"merged_category_2":null,"merged_category_3":null,"technic_1":"796","technic_2":"0","technic_3":"0","color_1":"514","color_2":"0","color_3":"0","product_description_old":null,"product_description":"Egyedi, n\u00e9vre sz\u00f3l\u00f3 LED vil\u00e1g\u00edt\u00e1s\u00fa \u00e9jjeli f\u00e9ny,\namely t\u00f6k\u00e9letes dekor\u00e1ci\u00f3ja lehet a gyerekszob\u00e1nak.\nB\u00e1rmilyen n\u00e9vvel\/bet\u0171vel rendelhet\u0151.\nEmellett \u00e9jszaka hangulatos vil\u00e1g\u00edt\u00e1sba bor\u00edtja a szob\u00e1t.\nA term\u00e9khez t\u00e1vir\u00e1ny\u00edt\u00f3 tartozik, amelynek\nseg\u00edts\u00e9g\u00e9vel t\u00f6bbf\u00e9le sz\u00ednb\u0151l v\u00e1laszthattok.\nA term\u00e9k USB csatlakoz\u00f3 seg\u00edts\u00e9g\u00e9vel m\u0171k\u00f6dik. \nM\u00e9rete:\nMagass\u00e1ga: 30cm\nSz\u00e9less\u00e9ge: a bet\u0171t\u0151l f\u00fcgg\u0151en v\u00e1ltozik kb 10-30 cm\nA k\u00e9rt bet\u0171t \u00e9s nevet megadhatod az \"\u00fczenet az elad\u00f3nak\" nev\u0171 mez\u0151ben, vagy rendel\u00e9st k\u00f6vet\u0151en emailben is egyeztethetj\u00fck.\nA sz\u00ednt a megadott lehet\u0151s\u00e9gekn\u00e9l v\u00e1laszthatod ki.\n\nAmennyiben meg szeretn\u00e9d v\u00e1s\u00e1rolni, \u00fagy rakd kos\u00e1rba a term\u00e9ket. A \u201emegjegyz\u00e9s ajandekdesign r\u00e9sz\u00e9re\u201d mez\u0151ben megadhatod az elk\u00e9sz\u00edt\u00e9shez sz\u00fcks\u00e9ges inform\u00e1ci\u00f3kat. Ezt k\u00f6vet\u0151en fogjuk l\u00e1tni egym\u00e1s el\u00e9rhet\u0151s\u00e9geit, ha sz\u00fcks\u00e9ges emailben is egyeztethet\u00fcnk. Minden term\u00e9ket el\u0151re fizet\u00e9st k\u00f6vet\u0151en k\u00e9sz\u00edtek el, mivel teljesen egyediek (n\u00e9vre sz\u00f3l\u00f3k).\nT\u00f6bbf\u00e9le fizet\u00e9si lehet\u0151s\u00e9g k\u00f6z\u00fcl v\u00e1laszthatsz: - a fel\u00fcleten kereszt\u00fcl fizethetsz bankk\u00e1rty\u00e1val vagy el\u0151re utal\u00e1ssal is. Az utal\u00e1si adatokat megtal\u00e1lod a visszaigazol\u00f3 emailben.\nAz \u00f6sszeg be\u00e9rkez\u00e9s\u00e9t k\u00f6vet\u0151en kezdj\u00fck el k\u00e9sz\u00edteni a term\u00e9keket. \n\nK\u00e9rd\u00e9sekkel, k\u00e9r\u00e9sekkel nyugodtan kereshettek \u00fczenetben.\n","price":"13900.00","unit":"db","recommended":"0","status":"1","sponsored":"0","exp_notify":"0","own_material":"0","own_material_description_old":null,"own_material_description":"","jury":"0","jury_number":"","product_nature":"","meskaracsony":"0","create_date":"2026-04-06 17:43:05","shelve_id":"0","image":"tundekorhb_product_439136_221204121443_7155.jpeg","image_width":"480","image_height":"640","image_alt":"LED vil\u00e1g\u00edt\u00e1s\u00fa \u00e9jjeli f\u00e9ny - n\u00e9vre sz\u00f3l\u00f3 , Egyedi, n\u00e9vre sz\u00f3l\u00f3 LED vil\u00e1g\u00edt\u00e1s\u00fa \u00e9jjeli f\u00e9ny,\\namely t\u00f6k\u00e9letes dekor\u00e1ci\u00f3ja lehet a gyerekszob\u00e1nak.\\n..., Meska","image_title":"LED vil\u00e1g\u00edt\u00e1s\u00fa \u00e9jjeli f\u00e9ny - n\u00e9vre sz\u00f3l\u00f3 , Meska","view_count":"3601","favourite_count":"0","trending_score":"0","last2MonthFavouriteCount":"0","promotion":"0","giftcard_accept":"0","creditcard_accept":true,"enhanced_background":"0","domain":"meska","specific_customer_id":null,"specific_customer_name":null,"to_order_product":"1","to_order_product_time":"7","product_different":null,"product_different_description":"","vintage":"0","vintage_category_id":"0","recycled":"0","gemstone_id":"0","customizable":"0","type_category":"physical","zerowaste":"0","postage_price":"1290.00","shop_order":"0","has_category":"1","landing_pages":null,"microdata":{"number":21,"category":""},"title":"LED vil\u00e1g\u00edt\u00e1s\u00fa \u00e9jjeli f\u00e9ny - n\u00e9vre sz\u00f3l\u00f3 ","description":"Egyedi, n\u00e9vre sz\u00f3l\u00f3 LED vil\u00e1g\u00edt\u00e1s\u00fa \u00e9jjeli f\u00e9ny,\namely t\u00f6k\u00e9letes dekor\u00e1ci\u00f3ja lehet a gyerekszob\u00e1nak.\nB\u00e1rmilyen n\u00e9vvel\/bet\u0171vel rendelhet\u0151.\nEmellett \u00e9jszaka hangulatos vil\u00e1g\u00edt\u00e1sba bor\u00edtja a szob\u00e1t.\nA term\u00e9khez t\u00e1vir\u00e1ny\u00edt\u00f3 tartozik, amelynek\nseg\u00edts\u00e9g\u00e9vel t\u00f6bbf\u00e9le sz\u00ednb\u0151l v\u00e1laszthattok.\nA term\u00e9k USB csatlakoz\u00f3 seg\u00edts\u00e9g\u00e9vel m\u0171k\u00f6dik. \nM\u00e9rete:\nMagass\u00e1ga: 30cm\nSz\u00e9less\u00e9ge: a bet\u0171t\u0151l f\u00fcgg\u0151en v\u00e1ltozik kb 10-30 cm\nA k\u00e9rt bet\u0171t \u00e9s nevet megadhatod az \"\u00fczenet az elad\u00f3nak\" nev\u0171 mez\u0151ben, vagy rendel\u00e9st k\u00f6vet\u0151en emailben is egyeztethetj\u00fck.\nA sz\u00ednt a megadott lehet\u0151s\u00e9gekn\u00e9l v\u00e1laszthatod ki.\n\nAmennyiben meg szeretn\u00e9d v\u00e1s\u00e1rolni, \u00fagy rakd kos\u00e1rba a term\u00e9ket. A \u201emegjegyz\u00e9s ajandekdesign r\u00e9sz\u00e9re\u201d mez\u0151ben megadhatod az elk\u00e9sz\u00edt\u00e9shez sz\u00fcks\u00e9ges inform\u00e1ci\u00f3kat. Ezt k\u00f6vet\u0151en fogjuk l\u00e1tni egym\u00e1s el\u00e9rhet\u0151s\u00e9geit, ha sz\u00fcks\u00e9ges emailben is egyeztethet\u00fcnk. Minden term\u00e9ket el\u0151re fizet\u00e9st k\u00f6vet\u0151en k\u00e9sz\u00edtek el, mivel teljesen egyediek (n\u00e9vre sz\u00f3l\u00f3k).\nT\u00f6bbf\u00e9le fizet\u00e9si lehet\u0151s\u00e9g k\u00f6z\u00fcl v\u00e1laszthatsz: - a fel\u00fcleten kereszt\u00fcl fizethetsz bankk\u00e1rty\u00e1val vagy el\u0151re utal\u00e1ssal is. Az utal\u00e1si adatokat megtal\u00e1lod a visszaigazol\u00f3 emailben.\nAz \u00f6sszeg be\u00e9rkez\u00e9s\u00e9t k\u00f6vet\u0151en kezdj\u00fck el k\u00e9sz\u00edteni a term\u00e9keket. \n\nK\u00e9rd\u00e9sekkel, k\u00e9r\u00e9sekkel nyugodtan kereshettek \u00fczenetben.\n","score":0,"formatted_price":"13 900 Ft","image_url":"https:\/\/www.meska.hu\/img\/product\/small\/t\/u\/tundekorhb_product_439136_221204121443_7155.jpeg","formatted_url":"https:\/\/www.meska.hu\/p4848837-led-vilagitasu-ejjeli-feny-nevre-szolo","favourite":false,"in_stock":false,"avatar":"439136_avatar_1708769647.jpeg","delete_from":0,"is_enhanced_background":false,"is_enhanced":false,"product_selection_started":false,"is_active":true,"image_webp_url":"https:\/\/www.meska.hu\/img\/product\/small\/t\/u\/tundekorhb_product_439136_221204121443_7155.webp"},{"id":"5298551","shop_id":"44711","user_id":"641650","shop_name":"SzandiFilcKucko","shop_zip":"3200","product_code":"5266467","product_name_old":null,"product_name":"Vil\u00e1g\u00edt\u00f3 n\u00e9vre sz\u00f3l\u00f3 \u00e9jszakai f\u00e9ny, babaszoba d\u00edsz, babak\u00f6sz\u00f6nt\u0151 aj\u00e1nd\u00e9k, traktorral ","category_string":"Baba - mama, \u00c9jszakai f\u00e9ny, Babaszoba dekor\u00e1ci\u00f3","technic_string":"Varr\u00e1s","category_1":"1735","category_2":"1761","category_3":"1466","category_4":"0","merged_category_1":null,"merged_category_2":null,"merged_category_3":null,"technic_1":"506","technic_2":"0","technic_3":"0","color_1":"525","color_2":"527","color_3":"0","product_description_old":null,"product_description":"Filc anyagb\u00f3l k\u00e9sz\u00fclt kb 20x 45 cm , elemes l\u00e9ddel ell\u00e1tott, n\u00e9vre sz\u00f3l\u00f3 \u00e9jszaka f\u00e9ny. Baba \u00e9s gyermekszob\u00e1ba ide\u00e1lis elalv\u00e1s el\u0151tti hangulat vil\u00e1g\u00edt\u00e1snak. Akaszt\u00f3s, \u00edgy falra , baldachintart\u00f3ra, ajt\u00f3ra... stb. k\u00f6nnyed\u00e9n felakaszthat\u00f3.","price":"10490.00","unit":"db","recommended":"0","status":"1","sponsored":"0","exp_notify":"0","own_material":"0","own_material_description_old":null,"own_material_description":"","jury":"0","jury_number":"","product_nature":"","meskaracsony":"0","create_date":"2026-04-06 16:43:05","shelve_id":"0","image":"szandifilckucko_product_641650_240417094150_121689.jpeg","image_width":"480","image_height":"480","image_alt":"Vil\u00e1g\u00edt\u00f3 n\u00e9vre sz\u00f3l\u00f3 \u00e9jszakai f\u00e9ny, babaszoba d\u00edsz, babak\u00f6sz\u00f6nt\u0151 aj\u00e1nd\u00e9k, traktorral , Filc anyagb\u00f3l k\u00e9sz\u00fclt kb 20x 45 cm , elemes l\u00e9ddel ell\u00e1tott, n\u00e9vre sz\u00f3l\u00f3 \u00e9jszaka f\u00e9ny. Baba \u00e9s gyerm..., Meska","image_title":"Vil\u00e1g\u00edt\u00f3 n\u00e9vre sz\u00f3l\u00f3 \u00e9jszakai f\u00e9ny, babaszoba d\u00edsz, babak\u00f6sz\u00f6nt\u0151 aj\u00e1nd\u00e9k, traktorral , Meska","view_count":"773","favourite_count":"0","trending_score":"0","last2MonthFavouriteCount":"0","promotion":"0","giftcard_accept":"0","creditcard_accept":false,"enhanced_background":"0","domain":"meska","specific_customer_id":null,"specific_customer_name":null,"to_order_product":"1","to_order_product_time":"7","product_different":null,"product_different_description":"","vintage":"0","vintage_category_id":"0","recycled":"0","gemstone_id":"0","customizable":"1","type_category":"physical","zerowaste":"0","postage_price":"1500.00","shop_order":"0","has_category":"1","landing_pages":null,"microdata":{"number":22,"category":""},"title":"Vil\u00e1g\u00edt\u00f3 n\u00e9vre sz\u00f3l\u00f3 \u00e9jszakai f\u00e9ny, babaszoba d\u00edsz, babak\u00f6sz\u00f6nt\u0151 aj\u00e1nd\u00e9k, traktorral ","description":"Filc anyagb\u00f3l k\u00e9sz\u00fclt kb 20x 45 cm , elemes l\u00e9ddel ell\u00e1tott, n\u00e9vre sz\u00f3l\u00f3 \u00e9jszaka f\u00e9ny. Baba \u00e9s gyermekszob\u00e1ba ide\u00e1lis elalv\u00e1s el\u0151tti hangulat vil\u00e1g\u00edt\u00e1snak. Akaszt\u00f3s, \u00edgy falra , baldachintart\u00f3ra, ajt\u00f3ra... stb. k\u00f6nnyed\u00e9n felakaszthat\u00f3.","score":0,"formatted_price":"10 490 Ft","image_url":"https:\/\/www.meska.hu\/img\/product\/small\/s\/z\/szandifilckucko_product_641650_240417094150_121689.jpeg","formatted_url":"https:\/\/www.meska.hu\/p5266467-vilagito-nevre-szolo-ejszakai-feny-babaszoba-disz-babakoszonto-ajandek-traktorral","favourite":false,"in_stock":false,"avatar":"641650_avatar_1710771980.png","delete_from":0,"is_enhanced_background":false,"is_enhanced":false,"product_selection_started":false,"is_active":true,"image_webp_url":"https:\/\/www.meska.hu\/img\/product\/small\/s\/z\/szandifilckucko_product_641650_240417094150_121689.webp"},{"id":"5273606","shop_id":"44711","user_id":"641650","shop_name":"SzandiFilcKucko","shop_zip":"3200","product_code":"5251444","product_name_old":null,"product_name":"Vil\u00e1g\u00edt\u00f3 n\u00e9vre sz\u00f3l\u00f3 \u00e9jszakai f\u00e9ny, babaszoba d\u00edsz, babak\u00f6sz\u00f6nt\u0151\/babav\u00e1r\u00f3 aj\u00e1nd\u00e9k, unikornissal, vil\u00e1g\u00edt\u00f3 holdal","category_string":"Baba - mama, \u00c9jszakai f\u00e9ny, Babaszoba dekor\u00e1ci\u00f3","technic_string":"Varr\u00e1s","category_1":"1735","category_2":"1761","category_3":"1466","category_4":"0","merged_category_1":null,"merged_category_2":null,"merged_category_3":null,"technic_1":"506","technic_2":"0","technic_3":"0","color_1":"525","color_2":"527","color_3":"0","product_description_old":null,"product_description":"Filc anyagb\u00f3l k\u00e9sz\u00fclt kb 20x 45 cm , elemes l\u00e9ddel ell\u00e1tott, n\u00e9vre sz\u00f3l\u00f3 \u00e9jszaka f\u00e9ny. Baba \u00e9s gyermekszob\u00e1ba ide\u00e1lis elalv\u00e1s el\u0151tti hangulat vil\u00e1g\u00edt\u00e1snak. Akaszt\u00f3s, \u00edgy falra , baldachintart\u00f3ra, ajt\u00f3ra... stb. k\u00f6nnyed\u00e9n felakaszthat\u00f3.","price":"10900.00","unit":"db","recommended":"0","status":"1","sponsored":"0","exp_notify":"0","own_material":"0","own_material_description_old":null,"own_material_description":"","jury":"0","jury_number":"","product_nature":"","meskaracsony":"0","create_date":"2026-04-05 01:32:33","shelve_id":"0","image":"szandifilckucko_product_641650_240322114342_3987100.jpeg","image_width":"480","image_height":"480","image_alt":"Vil\u00e1g\u00edt\u00f3 n\u00e9vre sz\u00f3l\u00f3 \u00e9jszakai f\u00e9ny, babaszoba d\u00edsz, babak\u00f6sz\u00f6nt\u0151\/babav\u00e1r\u00f3 aj\u00e1nd\u00e9k, unikornissal, vil\u00e1g\u00edt\u00f3 holdal, Filc anyagb\u00f3l k\u00e9sz\u00fclt kb 20x 45 cm , elemes l\u00e9ddel ell\u00e1tott, n\u00e9vre sz\u00f3l\u00f3 \u00e9jszaka f\u00e9ny. Baba \u00e9s gyerm..., Meska","image_title":"Vil\u00e1g\u00edt\u00f3 n\u00e9vre sz\u00f3l\u00f3 \u00e9jszakai f\u00e9ny, babaszoba d\u00edsz, babak\u00f6sz\u00f6nt\u0151\/babav\u00e1r\u00f3 aj\u00e1nd\u00e9k, unikornissal, vil\u00e1g\u00edt\u00f3 holdal, Meska","view_count":"1036","favourite_count":"0","trending_score":"0","last2MonthFavouriteCount":"0","promotion":"0","giftcard_accept":"0","creditcard_accept":false,"enhanced_background":"0","domain":"meska","specific_customer_id":null,"specific_customer_name":null,"to_order_product":"1","to_order_product_time":"7","product_different":null,"product_different_description":"","vintage":"0","vintage_category_id":"0","recycled":"0","gemstone_id":"0","customizable":"1","type_category":"physical","zerowaste":"0","postage_price":"1500.00","shop_order":"0","has_category":"1","landing_pages":null,"microdata":{"number":23,"category":""},"title":"Vil\u00e1g\u00edt\u00f3 n\u00e9vre sz\u00f3l\u00f3 \u00e9jszakai f\u00e9ny, babaszoba d\u00edsz, babak\u00f6sz\u00f6nt\u0151\/babav\u00e1r\u00f3 aj\u00e1nd\u00e9k, unikornissal, vil\u00e1g\u00edt\u00f3 holdal","description":"Filc anyagb\u00f3l k\u00e9sz\u00fclt kb 20x 45 cm , elemes l\u00e9ddel ell\u00e1tott, n\u00e9vre sz\u00f3l\u00f3 \u00e9jszaka f\u00e9ny. Baba \u00e9s gyermekszob\u00e1ba ide\u00e1lis elalv\u00e1s el\u0151tti hangulat vil\u00e1g\u00edt\u00e1snak. Akaszt\u00f3s, \u00edgy falra , baldachintart\u00f3ra, ajt\u00f3ra... stb. k\u00f6nnyed\u00e9n felakaszthat\u00f3.","score":0,"formatted_price":"10 900 Ft","image_url":"https:\/\/www.meska.hu\/img\/product\/small\/s\/z\/szandifilckucko_product_641650_240322114342_3987100.jpeg","formatted_url":"https:\/\/www.meska.hu\/p5251444-vilagito-nevre-szolo-ejszakai-feny-babaszoba-disz-babakoszonto-babavaro-ajandek-unikornissal-vilagito-holdal","favourite":false,"in_stock":false,"avatar":"641650_avatar_1710771980.png","delete_from":0,"is_enhanced_background":false,"is_enhanced":false,"product_selection_started":false,"is_active":true,"image_webp_url":"https:\/\/www.meska.hu\/img\/product\/small\/s\/z\/szandifilckucko_product_641650_240322114342_3987100.webp"},{"id":"5594087","shop_id":"40617","user_id":"564776","shop_name":"boxed","shop_zip":"9121","product_code":"5446463","product_name_old":null,"product_name":"Cica, feh\u00e9r f\u00e9ny\u0171 fa hangulatf\u00e9ny","category_string":"Baba - mama, \u00c9jszakai f\u00e9ny, Babaszoba dekor\u00e1ci\u00f3","technic_string":"Famegmunk\u00e1l\u00e1s","category_1":"1735","category_2":"1761","category_3":"1466","category_4":"0","merged_category_1":null,"merged_category_2":null,"merged_category_3":null,"technic_1":"478","technic_2":"0","technic_3":"0","color_1":"514","color_2":"0","color_3":"0","product_description_old":null,"product_description":"Dobd fel a gyerekszob\u00e1t vagy a lak\u00e1s b\u00e1rmelyik r\u00e9sz\u00e9t ezzel a cuki cic\u00e1s, feh\u00e9r f\u00e9ny\u0171 helyzetjelz\u0151 vagy hangulatvil\u00e1g\u00edt\u00e1ssal! T\u00f6k\u00e9letes v\u00e1laszt\u00e1s azoknak, akik egy kis vid\u00e1ms\u00e1got \u00e9s melegs\u00e9get szeretn\u00e9nek otthonukba var\u00e1zsolni. Ide\u00e1lis nemcsak gyerekek sz\u00e1m\u00e1ra, hanem mindazoknak, akik szeretik a j\u00e1t\u00e9kos \u00e9s inspir\u00e1l\u00f3 k\u00f6rnyezetet. \n\nEz a b\u00e1jos vil\u00e1g\u00edt\u00f3 dekor\u00e1ci\u00f3 nemcsak \u00e9jjeli f\u00e9nyk\u00e9nt, hanem hangulatos kieg\u00e9sz\u00edt\u0151k\u00e9nt is t\u00f6k\u00e9letesen illik b\u00e1rmelyik szob\u00e1ba, megteremtve a meghitt l\u00e9gk\u00f6rt.\n\nEgyszer\u0171 haszn\u00e1lat, csak bedugod egy telefont\u00f6lt\u0151be \u00e9s m\u00e1r vil\u00e1g\u00edt is. A f\u00e9ny a f\u00e1b\u00f3l \u00e9rkezik, nem h\u00e1tt\u00e9rvil\u00e1g\u00edt\u00e1s.\n\n\u00c1ramell\u00e1t\u00e1s: USB type C (5V)\nT\u00e1pegys\u00e9g \u00e9s USB k\u00e1bel nem tartoz\u00e9k!\n\nM\u00e9retek: 15cm X 15cm X 2,4cm","price":"11400.00","unit":"db","recommended":"0","status":"1","sponsored":"0","exp_notify":"0","own_material":"0","own_material_description_old":null,"own_material_description":"","jury":"0","jury_number":"","product_nature":"","meskaracsony":"0","create_date":"2026-04-04 12:29:55","shelve_id":"75873","image":"boxed_product_564776_241125221157_335295.jpeg","image_width":"480","image_height":"360","image_alt":"Cica, feh\u00e9r f\u00e9ny\u0171 fa hangulatf\u00e9ny, Dobd fel a gyerekszob\u00e1t vagy a lak\u00e1s b\u00e1rmelyik r\u00e9sz\u00e9t ezzel a cuki cic\u00e1s, feh\u00e9r f\u00e9ny\u0171 helyzetjelz\u0151 v..., Meska","image_title":"Cica, feh\u00e9r f\u00e9ny\u0171 fa hangulatf\u00e9ny, Meska","view_count":"380","favourite_count":"0","trending_score":"0","last2MonthFavouriteCount":"0","promotion":"0","giftcard_accept":"0","creditcard_accept":true,"enhanced_background":"0","domain":"meska","specific_customer_id":null,"specific_customer_name":null,"to_order_product":"1","to_order_product_time":"5","product_different":null,"product_different_description":"","vintage":"0","vintage_category_id":"0","recycled":"0","gemstone_id":"0","customizable":"0","type_category":"physical","zerowaste":"0","postage_price":"2390.00","shop_order":"0","has_category":"1","landing_pages":null,"microdata":{"number":24,"category":""},"title":"Cica, feh\u00e9r f\u00e9ny\u0171 fa hangulatf\u00e9ny","description":"Dobd fel a gyerekszob\u00e1t vagy a lak\u00e1s b\u00e1rmelyik r\u00e9sz\u00e9t ezzel a cuki cic\u00e1s, feh\u00e9r f\u00e9ny\u0171 helyzetjelz\u0151 vagy hangulatvil\u00e1g\u00edt\u00e1ssal! T\u00f6k\u00e9letes v\u00e1laszt\u00e1s azoknak, akik egy kis vid\u00e1ms\u00e1got \u00e9s melegs\u00e9get szeretn\u00e9nek otthonukba var\u00e1zsolni. Ide\u00e1lis nemcsak gyerekek sz\u00e1m\u00e1ra, hanem mindazoknak, akik szeretik a j\u00e1t\u00e9kos \u00e9s inspir\u00e1l\u00f3 k\u00f6rnyezetet. \n\nEz a b\u00e1jos vil\u00e1g\u00edt\u00f3 dekor\u00e1ci\u00f3 nemcsak \u00e9jjeli f\u00e9nyk\u00e9nt, hanem hangulatos kieg\u00e9sz\u00edt\u0151k\u00e9nt is t\u00f6k\u00e9letesen illik b\u00e1rmelyik szob\u00e1ba, megteremtve a meghitt l\u00e9gk\u00f6rt.\n\nEgyszer\u0171 haszn\u00e1lat, csak bedugod egy telefont\u00f6lt\u0151be \u00e9s m\u00e1r vil\u00e1g\u00edt is. A f\u00e9ny a f\u00e1b\u00f3l \u00e9rkezik, nem h\u00e1tt\u00e9rvil\u00e1g\u00edt\u00e1s.\n\n\u00c1ramell\u00e1t\u00e1s: USB type C (5V)\nT\u00e1pegys\u00e9g \u00e9s USB k\u00e1bel nem tartoz\u00e9k!\n\nM\u00e9retek: 15cm X 15cm X 2,4cm","score":0,"formatted_price":"11 400 Ft","image_url":"https:\/\/www.meska.hu\/img\/product\/small\/b\/o\/boxed_product_564776_241125221157_335295.jpeg","formatted_url":"https:\/\/www.meska.hu\/p5446463-cica-feher-fenyu-vilagito-fa-dekoracio-helyzetjelzo-vagy-hangulatfeny","favourite":false,"in_stock":false,"avatar":"564776_avatar_1756368485.png","delete_from":0,"is_enhanced_background":false,"is_enhanced":false,"product_selection_started":false,"is_active":true,"image_webp_url":"https:\/\/www.meska.hu\/img\/product\/small\/b\/o\/boxed_product_564776_241125221157_335295.webp"},{"id":"5712933","shop_id":"42331","user_id":"602002","shop_name":"Gravirplaza","shop_zip":"2612","product_code":"5508491","product_name_old":null,"product_name":"Holdas cic\u00e1s \u00e9jjeli l\u00e1mpa","category_string":"Baba - mama, \u00c9jszakai f\u00e9ny, Babaszoba dekor\u00e1ci\u00f3","technic_string":"Grav\u00edroz\u00e1s, pirogr\u00e1fia","category_1":"1735","category_2":"1761","category_3":"1466","category_4":"0","merged_category_1":null,"merged_category_2":null,"merged_category_3":null,"technic_1":"796","technic_2":"0","technic_3":"0","color_1":"513","color_2":"0","color_3":"0","product_description_old":null,"product_description":"Holdas, cic\u00e1s \u00e9jjeli l\u00e1mpa.\nA h\u00e1l\u00f3szoba k\u00fcl\u00f6nleges megjelen\u00e9s\u0171 kieg\u00e9sz\u00edt\u0151je, mely hangulatvil\u00e1g\u00edt\u00e1sk\u00e9nt \u00e9s \u00e9jjeli l\u00e1mpak\u00e9nt is t\u00f6k\u00e9letes v\u00e1laszt\u00e1s!\n\nAz akril ledes l\u00e1mp\u00e1ink nyolcf\u00e9le sz\u00ednben tudnak vil\u00e1g\u00edtani, mely a talpon tal\u00e1lhat\u00f3 gomb megnyom\u00e1ssal v\u00e1ltoztathat\u00f3.\nV\u00e1laszthat\u00f3 sz\u00ednek: piros, k\u00e9k, z\u00f6ld, s\u00e1rga, lila, vil\u00e1gosk\u00e9k, feh\u00e9r, r\u00f3zsasz\u00edn\nA l\u00e1mpa USB k\u00e1bellel, vagy 3db AA ceruzaelemmel is m\u0171k\u00f6dtethet\u0151.\nL\u00e1mpa test m\u00e9rete: 10x10x4 cm\n\nA csomag tartalma:\n-1db l\u00e1mpa talpba illeszthet\u0151 akril t\u00e1bla\n-1db ledes l\u00e1mpa talp\n-1db USB k\u00e1bel","price":"6490.00","unit":"db","recommended":"0","status":"1","sponsored":"0","exp_notify":"0","own_material":"0","own_material_description_old":null,"own_material_description":"","jury":"0","jury_number":"","product_nature":"","meskaracsony":"0","create_date":"2026-04-02 13:20:54","shelve_id":"79623","image":"gravirplaza_product_602002_250304152647_436875.jpeg","image_width":"480","image_height":"360","image_alt":"Holdas cic\u00e1s \u00e9jjeli l\u00e1mpa, Holdas, cic\u00e1s \u00e9jjeli l\u00e1mpa.\\nA h\u00e1l\u00f3szoba k\u00fcl\u00f6nleges megjelen\u00e9s\u0171 kieg\u00e9sz\u00edt\u0151je, mely hangulatvil\u00e1g\u00edt\u00e1sk..., Meska","image_title":"Holdas cic\u00e1s \u00e9jjeli l\u00e1mpa, Meska","view_count":"506","favourite_count":"1","trending_score":"0","last2MonthFavouriteCount":"1","promotion":"0","giftcard_accept":"0","creditcard_accept":true,"enhanced_background":"0","domain":"meska","specific_customer_id":null,"specific_customer_name":null,"to_order_product":"1","to_order_product_time":"3","product_different":null,"product_different_description":"","vintage":"0","vintage_category_id":"0","recycled":"0","gemstone_id":"0","customizable":"0","type_category":"physical","zerowaste":"0","postage_price":"1290.00","shop_order":"0","has_category":"1","landing_pages":null,"microdata":{"number":25,"category":""},"title":"Holdas cic\u00e1s \u00e9jjeli l\u00e1mpa","description":"Holdas, cic\u00e1s \u00e9jjeli l\u00e1mpa.\nA h\u00e1l\u00f3szoba k\u00fcl\u00f6nleges megjelen\u00e9s\u0171 kieg\u00e9sz\u00edt\u0151je, mely hangulatvil\u00e1g\u00edt\u00e1sk\u00e9nt \u00e9s \u00e9jjeli l\u00e1mpak\u00e9nt is t\u00f6k\u00e9letes v\u00e1laszt\u00e1s!\n\nAz akril ledes l\u00e1mp\u00e1ink nyolcf\u00e9le sz\u00ednben tudnak vil\u00e1g\u00edtani, mely a talpon tal\u00e1lhat\u00f3 gomb megnyom\u00e1ssal v\u00e1ltoztathat\u00f3.\nV\u00e1laszthat\u00f3 sz\u00ednek: piros, k\u00e9k, z\u00f6ld, s\u00e1rga, lila, vil\u00e1gosk\u00e9k, feh\u00e9r, r\u00f3zsasz\u00edn\nA l\u00e1mpa USB k\u00e1bellel, vagy 3db AA ceruzaelemmel is m\u0171k\u00f6dtethet\u0151.\nL\u00e1mpa test m\u00e9rete: 10x10x4 cm\n\nA csomag tartalma:\n-1db l\u00e1mpa talpba illeszthet\u0151 akril t\u00e1bla\n-1db ledes l\u00e1mpa talp\n-1db USB k\u00e1bel","score":0,"formatted_price":"6 490 Ft","image_url":"https:\/\/www.meska.hu\/img\/product\/small\/g\/r\/gravirplaza_product_602002_250304152647_436875.jpeg","formatted_url":"https:\/\/www.meska.hu\/p5508491-holdas-cicas-ejjeli-lampa","favourite":false,"in_stock":false,"avatar":"602002_avatar_1694349701.png","delete_from":0,"is_enhanced_background":false,"is_enhanced":false,"product_selection_started":false,"is_active":true,"image_webp_url":"https:\/\/www.meska.hu\/img\/product\/small\/g\/r\/gravirplaza_product_602002_250304152647_436875.webp"},{"id":"5925730","shop_id":"43575","user_id":"622009","shop_name":"nyuszikert","shop_zip":"9144","product_code":"5622408","product_name_old":null,"product_name":"Akril \u00e9jjeli f\u00e9ny nyomtatott mint\u00e1val- tengeri vil\u00e1g","category_string":"Baba - mama, \u00c9jszakai f\u00e9ny, Babaszoba dekor\u00e1ci\u00f3","technic_string":"Mindenm\u00e1s","category_1":"1735","category_2":"1761","category_3":"1466","category_4":"0","merged_category_1":null,"merged_category_2":null,"merged_category_3":null,"technic_1":"493","technic_2":"0","technic_3":"0","color_1":"513","color_2":"0","color_3":"0","product_description_old":null,"product_description":"Var\u00e1zsolj meghitt hangulatot otthonodba ezekkel az eleg\u00e1ns akril\u00fcveg \u00e9jjeli f\u00e9nyekkel!\nA mint\u00e1k UV nyomtat\u00e1ssal k\u00e9sz\u00fclnek, \u00edgy rendk\u00edv\u00fcl r\u00e9szletgazdagok, \u00e9l\u00e9nk sz\u00edn\u0171ek \u00e9s tart\u00f3sak \u2013 nem kopnak, nem fakulnak, hossz\u00fa \u00e9veken \u00e1t meg\u0151rzik sz\u00e9ps\u00e9g\u00fcket.\n\nMi\u00e9rt fogod szeretni?\n\nHordozhat\u00f3 \u00e9s k\u00e1belmentes \u2013 b\u00e1rhol elhelyezheted.\n\nAk\u00e1r 120 \u00f3r\u00e1s \u00fczemid\u0151 egyetlen t\u00f6lt\u00e9ssel.\n\n\u00dajrat\u00f6lthet\u0151 akkumul\u00e1tor \u2013 k\u00f6rnyezetbar\u00e1t \u00e9s k\u00f6lts\u00e9ghat\u00e9kony.\n\nLED vil\u00e1g\u00edt\u00e1s \u2013 energiatakar\u00e9kos, stabil \u00e9s kellemes f\u00e9ny.\n\nSzem\u00e9lyre szabhat\u00f3 n\u00e9vvel, d\u00e1tummal \u00e9s mint\u00e1val.\n\nAdatok:\n\nM\u00e9ret: kb. 15 \u00d7 16 cm\n\nAnyag: 5 mm akril\u00fcveg + fa LED talp\n\nVil\u00e1g\u00edt\u00e1s: LED\n\nT\u00f6k\u00e9letes aj\u00e1nd\u00e9k babak\u00f6sz\u00f6nt\u0151re, sz\u00fclet\u00e9snapra, keresztel\u0151re vagy kar\u00e1csonyra.\n\nCsomag tartalma:\n\u2714 1 db akril\u00fcveg UV nyomtatott mint\u00e1val\n\u2714 1 db fa LED talp\n\u2714 1 db USB t\u00f6lt\u0151k\u00e1bel (t\u00f6lt\u0151fej n\u00e9lk\u00fcl)","price":"11990.00","unit":"db","recommended":"0","status":"1","sponsored":"0","exp_notify":"0","own_material":"0","own_material_description_old":null,"own_material_description":"","jury":"0","jury_number":"","product_nature":"","meskaracsony":"0","create_date":"2026-04-02 00:17:23","shelve_id":"0","image":"nyuszikert_product_622009_250923110532_03495.jpeg","image_width":"480","image_height":"480","image_alt":"Akril \u00e9jjeli f\u00e9ny nyomtatott mint\u00e1val- tengeri vil\u00e1g, Var\u00e1zsolj meghitt hangulatot otthonodba ezekkel az eleg\u00e1ns akril\u00fcveg \u00e9jjeli f\u00e9nyekkel!\\nA mint\u00e1k UV n..., Meska","image_title":"Akril \u00e9jjeli f\u00e9ny nyomtatott mint\u00e1val- tengeri vil\u00e1g, Meska","view_count":"150","favourite_count":"0","trending_score":"0","last2MonthFavouriteCount":"0","promotion":"0","giftcard_accept":"0","creditcard_accept":true,"enhanced_background":"0","domain":"meska","specific_customer_id":null,"specific_customer_name":null,"to_order_product":"1","to_order_product_time":"5","product_different":null,"product_different_description":"","vintage":"0","vintage_category_id":"0","recycled":"0","gemstone_id":"0","customizable":"1","type_category":"physical","zerowaste":"0","postage_price":"1290.00","shop_order":"0","has_category":"1","landing_pages":null,"microdata":{"number":26,"category":""},"title":"Akril \u00e9jjeli f\u00e9ny nyomtatott mint\u00e1val- tengeri vil\u00e1g","description":"Var\u00e1zsolj meghitt hangulatot otthonodba ezekkel az eleg\u00e1ns akril\u00fcveg \u00e9jjeli f\u00e9nyekkel!\nA mint\u00e1k UV nyomtat\u00e1ssal k\u00e9sz\u00fclnek, \u00edgy rendk\u00edv\u00fcl r\u00e9szletgazdagok, \u00e9l\u00e9nk sz\u00edn\u0171ek \u00e9s tart\u00f3sak \u2013 nem kopnak, nem fakulnak, hossz\u00fa \u00e9veken \u00e1t meg\u0151rzik sz\u00e9ps\u00e9g\u00fcket.\n\nMi\u00e9rt fogod szeretni?\n\nHordozhat\u00f3 \u00e9s k\u00e1belmentes \u2013 b\u00e1rhol elhelyezheted.\n\nAk\u00e1r 120 \u00f3r\u00e1s \u00fczemid\u0151 egyetlen t\u00f6lt\u00e9ssel.\n\n\u00dajrat\u00f6lthet\u0151 akkumul\u00e1tor \u2013 k\u00f6rnyezetbar\u00e1t \u00e9s k\u00f6lts\u00e9ghat\u00e9kony.\n\nLED vil\u00e1g\u00edt\u00e1s \u2013 energiatakar\u00e9kos, stabil \u00e9s kellemes f\u00e9ny.\n\nSzem\u00e9lyre szabhat\u00f3 n\u00e9vvel, d\u00e1tummal \u00e9s mint\u00e1val.\n\nAdatok:\n\nM\u00e9ret: kb. 15 \u00d7 16 cm\n\nAnyag: 5 mm akril\u00fcveg + fa LED talp\n\nVil\u00e1g\u00edt\u00e1s: LED\n\nT\u00f6k\u00e9letes aj\u00e1nd\u00e9k babak\u00f6sz\u00f6nt\u0151re, sz\u00fclet\u00e9snapra, keresztel\u0151re vagy kar\u00e1csonyra.\n\nCsomag tartalma:\n\u2714 1 db akril\u00fcveg UV nyomtatott mint\u00e1val\n\u2714 1 db fa LED talp\n\u2714 1 db USB t\u00f6lt\u0151k\u00e1bel (t\u00f6lt\u0151fej n\u00e9lk\u00fcl)","score":0,"formatted_price":"11 990 Ft","image_url":"https:\/\/www.meska.hu\/img\/product\/small\/n\/y\/nyuszikert_product_622009_250923110532_03495.jpeg","formatted_url":"https:\/\/www.meska.hu\/p5622408-akril-ejjeli-feny-nyomtatott-mintaval-tengeri-vilag","favourite":false,"in_stock":false,"avatar":"622009_avatar_1701843989.jpeg","delete_from":0,"is_enhanced_background":false,"is_enhanced":false,"product_selection_started":false,"is_active":true,"image_webp_url":"https:\/\/www.meska.hu\/img\/product\/small\/n\/y\/nyuszikert_product_622009_250923110532_03495.webp"},{"id":"5755843","shop_id":"44711","user_id":"641650","shop_name":"SzandiFilcKucko","shop_zip":"3200","product_code":"5536606","product_name_old":null,"product_name":"Vil\u00e1g\u00edt\u00f3 n\u00e9vre sz\u00f3l\u00f3 \u00e9jszakai f\u00e9ny, babaszoba d\u00edsz, babak\u00f6sz\u00f6nt\u0151\/babav\u00e1r\u00f3 aj\u00e1nd\u00e9k, alv\u00f3 r\u00f3ka, alv\u00f3 maci vil\u00e1g\u00edt\u00f3 holdal","category_string":"Baba - mama, \u00c9jszakai f\u00e9ny, Babaszoba dekor\u00e1ci\u00f3","technic_string":"Varr\u00e1s","category_1":"1735","category_2":"1761","category_3":"1466","category_4":"0","merged_category_1":null,"merged_category_2":null,"merged_category_3":null,"technic_1":"506","technic_2":"0","technic_3":"0","color_1":"1475","color_2":"0","color_3":"0","product_description_old":null,"product_description":"Filc anyagb\u00f3l k\u00e9sz\u00fclt kb 20x 45 cm , elemes l\u00e9ddel ell\u00e1tott, n\u00e9vre sz\u00f3l\u00f3 \u00e9jszaka f\u00e9ny. Baba \u00e9s gyermekszob\u00e1ba ide\u00e1lis elalv\u00e1s el\u0151tti hangulat vil\u00e1g\u00edt\u00e1snak. Akaszt\u00f3s, \u00edgy falra , baldachintart\u00f3ra, ajt\u00f3ra... stb. k\u00f6nnyed\u00e9n felakaszthat\u00f3.","price":"12990.00","unit":"db","recommended":"0","status":"1","sponsored":"0","exp_notify":"0","own_material":"0","own_material_description_old":null,"own_material_description":"","jury":"0","jury_number":"","product_nature":"","meskaracsony":"0","create_date":"2026-04-01 16:14:22","shelve_id":"0","image":"szandifilckucko_product_641650_250406143627_12340.jpeg","image_width":"480","image_height":"586","image_alt":"Vil\u00e1g\u00edt\u00f3 n\u00e9vre sz\u00f3l\u00f3 \u00e9jszakai f\u00e9ny, babaszoba d\u00edsz, babak\u00f6sz\u00f6nt\u0151\/babav\u00e1r\u00f3 aj\u00e1nd\u00e9k, alv\u00f3 r\u00f3ka, alv\u00f3 maci vil\u00e1g\u00edt\u00f3 holdal, Filc anyagb\u00f3l k\u00e9sz\u00fclt kb 20x 45 cm , elemes l\u00e9ddel ell\u00e1tott, n\u00e9vre sz\u00f3l\u00f3 \u00e9jszaka f\u00e9ny. Baba \u00e9s gyerm..., Meska","image_title":"Vil\u00e1g\u00edt\u00f3 n\u00e9vre sz\u00f3l\u00f3 \u00e9jszakai f\u00e9ny, babaszoba d\u00edsz, babak\u00f6sz\u00f6nt\u0151\/babav\u00e1r\u00f3 aj\u00e1nd\u00e9k, alv\u00f3 r\u00f3ka, alv\u00f3 maci vil\u00e1g\u00edt\u00f3 holdal, Meska","view_count":"510","favourite_count":"0","trending_score":"0","last2MonthFavouriteCount":"0","promotion":"0","giftcard_accept":"0","creditcard_accept":false,"enhanced_background":"0","domain":"meska","specific_customer_id":null,"specific_customer_name":null,"to_order_product":"1","to_order_product_time":"7","product_different":null,"product_different_description":"","vintage":"0","vintage_category_id":"0","recycled":"0","gemstone_id":"0","customizable":"1","type_category":"physical","zerowaste":"0","postage_price":"1500.00","shop_order":"0","has_category":"1","landing_pages":null,"microdata":{"number":27,"category":""},"title":"Vil\u00e1g\u00edt\u00f3 n\u00e9vre sz\u00f3l\u00f3 \u00e9jszakai f\u00e9ny, babaszoba d\u00edsz, babak\u00f6sz\u00f6nt\u0151\/babav\u00e1r\u00f3 aj\u00e1nd\u00e9k, alv\u00f3 r\u00f3ka, alv\u00f3 maci vil\u00e1g\u00edt\u00f3 holdal","description":"Filc anyagb\u00f3l k\u00e9sz\u00fclt kb 20x 45 cm , elemes l\u00e9ddel ell\u00e1tott, n\u00e9vre sz\u00f3l\u00f3 \u00e9jszaka f\u00e9ny. Baba \u00e9s gyermekszob\u00e1ba ide\u00e1lis elalv\u00e1s el\u0151tti hangulat vil\u00e1g\u00edt\u00e1snak. Akaszt\u00f3s, \u00edgy falra , baldachintart\u00f3ra, ajt\u00f3ra... stb. k\u00f6nnyed\u00e9n felakaszthat\u00f3.","score":0,"formatted_price":"12 990 Ft","image_url":"https:\/\/www.meska.hu\/img\/product\/small\/s\/z\/szandifilckucko_product_641650_250406143627_12340.jpeg","formatted_url":"https:\/\/www.meska.hu\/p5536606-vilagito-nevre-szolo-ejszakai-feny-babaszoba-disz-babakoszonto-babavaro-ajandek-alvo-roka-alvo-maci-vilagito-holdal","favourite":false,"in_stock":false,"avatar":"641650_avatar_1710771980.png","delete_from":0,"is_enhanced_background":false,"is_enhanced":false,"product_selection_started":false,"is_active":true,"image_webp_url":"https:\/\/www.meska.hu\/img\/product\/small\/s\/z\/szandifilckucko_product_641650_250406143627_12340.webp"},{"id":"5925711","shop_id":"43575","user_id":"622009","shop_name":"nyuszikert","shop_zip":"9144","product_code":"5622390","product_name_old":null,"product_name":"Akril \u00e9jjeli f\u00e9ny nyomtatott mint\u00e1val- erdei \u00e1llatok","category_string":"Baba - mama, \u00c9jszakai f\u00e9ny, Babaszoba dekor\u00e1ci\u00f3","technic_string":"Mindenm\u00e1s","category_1":"1735","category_2":"1761","category_3":"1466","category_4":"0","merged_category_1":null,"merged_category_2":null,"merged_category_3":null,"technic_1":"493","technic_2":"0","technic_3":"0","color_1":"513","color_2":"0","color_3":"0","product_description_old":null,"product_description":"Var\u00e1zsolj meghitt hangulatot otthonodba ezekkel az eleg\u00e1ns akril\u00fcveg \u00e9jjeli f\u00e9nyekkel!\nA mint\u00e1k UV nyomtat\u00e1ssal k\u00e9sz\u00fclnek, \u00edgy rendk\u00edv\u00fcl r\u00e9szletgazdagok, \u00e9l\u00e9nk sz\u00edn\u0171ek \u00e9s tart\u00f3sak \u2013 nem kopnak, nem fakulnak, hossz\u00fa \u00e9veken \u00e1t meg\u0151rzik sz\u00e9ps\u00e9g\u00fcket.\n\nMi\u00e9rt fogod szeretni?\n\nHordozhat\u00f3 \u00e9s k\u00e1belmentes \u2013 b\u00e1rhol elhelyezheted.\n\nAk\u00e1r 120 \u00f3r\u00e1s \u00fczemid\u0151 egyetlen t\u00f6lt\u00e9ssel.\n\n\u00dajrat\u00f6lthet\u0151 akkumul\u00e1tor \u2013 k\u00f6rnyezetbar\u00e1t \u00e9s k\u00f6lts\u00e9ghat\u00e9kony.\n\nLED vil\u00e1g\u00edt\u00e1s \u2013 energiatakar\u00e9kos, stabil \u00e9s kellemes f\u00e9ny.\n\nSzem\u00e9lyre szabhat\u00f3 n\u00e9vvel, d\u00e1tummal \u00e9s mint\u00e1val.\n\nAdatok:\n\nM\u00e9ret: kb. 15 \u00d7 16 cm\n\nAnyag: 5 mm akril\u00fcveg + fa LED talp\n\nVil\u00e1g\u00edt\u00e1s: LED\n\nT\u00f6k\u00e9letes aj\u00e1nd\u00e9k babak\u00f6sz\u00f6nt\u0151re, sz\u00fclet\u00e9snapra, keresztel\u0151re vagy kar\u00e1csonyra.\n\nCsomag tartalma:\n\u2714 1 db akril\u00fcveg UV nyomtatott mint\u00e1val\n\u2714 1 db fa LED talp\n\u2714 1 db USB t\u00f6lt\u0151k\u00e1bel (t\u00f6lt\u0151fej n\u00e9lk\u00fcl)","price":"11990.00","unit":"db","recommended":"0","status":"1","sponsored":"0","exp_notify":"0","own_material":"0","own_material_description_old":null,"own_material_description":"","jury":"0","jury_number":"","product_nature":"","meskaracsony":"0","create_date":"2026-03-31 13:04:21","shelve_id":"0","image":"nyuszikert_product_622009_250923105603_180712.jpeg","image_width":"480","image_height":"480","image_alt":"Akril \u00e9jjeli f\u00e9ny nyomtatott mint\u00e1val- erdei \u00e1llatok, Var\u00e1zsolj meghitt hangulatot otthonodba ezekkel az eleg\u00e1ns akril\u00fcveg \u00e9jjeli f\u00e9nyekkel!\\nA mint\u00e1k UV n..., Meska","image_title":"Akril \u00e9jjeli f\u00e9ny nyomtatott mint\u00e1val- erdei \u00e1llatok, Meska","view_count":"254","favourite_count":"0","trending_score":"0","last2MonthFavouriteCount":"0","promotion":"0","giftcard_accept":"0","creditcard_accept":true,"enhanced_background":"0","domain":"meska","specific_customer_id":null,"specific_customer_name":null,"to_order_product":"1","to_order_product_time":"5","product_different":null,"product_different_description":"","vintage":"0","vintage_category_id":"0","recycled":"0","gemstone_id":"0","customizable":"1","type_category":"physical","zerowaste":"0","postage_price":"1290.00","shop_order":"0","has_category":"1","landing_pages":null,"microdata":{"number":28,"category":""},"title":"Akril \u00e9jjeli f\u00e9ny nyomtatott mint\u00e1val- erdei \u00e1llatok","description":"Var\u00e1zsolj meghitt hangulatot otthonodba ezekkel az eleg\u00e1ns akril\u00fcveg \u00e9jjeli f\u00e9nyekkel!\nA mint\u00e1k UV nyomtat\u00e1ssal k\u00e9sz\u00fclnek, \u00edgy rendk\u00edv\u00fcl r\u00e9szletgazdagok, \u00e9l\u00e9nk sz\u00edn\u0171ek \u00e9s tart\u00f3sak \u2013 nem kopnak, nem fakulnak, hossz\u00fa \u00e9veken \u00e1t meg\u0151rzik sz\u00e9ps\u00e9g\u00fcket.\n\nMi\u00e9rt fogod szeretni?\n\nHordozhat\u00f3 \u00e9s k\u00e1belmentes \u2013 b\u00e1rhol elhelyezheted.\n\nAk\u00e1r 120 \u00f3r\u00e1s \u00fczemid\u0151 egyetlen t\u00f6lt\u00e9ssel.\n\n\u00dajrat\u00f6lthet\u0151 akkumul\u00e1tor \u2013 k\u00f6rnyezetbar\u00e1t \u00e9s k\u00f6lts\u00e9ghat\u00e9kony.\n\nLED vil\u00e1g\u00edt\u00e1s \u2013 energiatakar\u00e9kos, stabil \u00e9s kellemes f\u00e9ny.\n\nSzem\u00e9lyre szabhat\u00f3 n\u00e9vvel, d\u00e1tummal \u00e9s mint\u00e1val.\n\nAdatok:\n\nM\u00e9ret: kb. 15 \u00d7 16 cm\n\nAnyag: 5 mm akril\u00fcveg + fa LED talp\n\nVil\u00e1g\u00edt\u00e1s: LED\n\nT\u00f6k\u00e9letes aj\u00e1nd\u00e9k babak\u00f6sz\u00f6nt\u0151re, sz\u00fclet\u00e9snapra, keresztel\u0151re vagy kar\u00e1csonyra.\n\nCsomag tartalma:\n\u2714 1 db akril\u00fcveg UV nyomtatott mint\u00e1val\n\u2714 1 db fa LED talp\n\u2714 1 db USB t\u00f6lt\u0151k\u00e1bel (t\u00f6lt\u0151fej n\u00e9lk\u00fcl)","score":0,"formatted_price":"11 990 Ft","image_url":"https:\/\/www.meska.hu\/img\/product\/small\/n\/y\/nyuszikert_product_622009_250923105603_180712.jpeg","formatted_url":"https:\/\/www.meska.hu\/p5622390-akril-ejjeli-feny-nyomtatott-mintaval-erdei-allatok","favourite":false,"in_stock":false,"avatar":"622009_avatar_1701843989.jpeg","delete_from":0,"is_enhanced_background":false,"is_enhanced":false,"product_selection_started":false,"is_active":true,"image_webp_url":"https:\/\/www.meska.hu\/img\/product\/small\/n\/y\/nyuszikert_product_622009_250923105603_180712.webp"},{"id":"5273590","shop_id":"44711","user_id":"641650","shop_name":"SzandiFilcKucko","shop_zip":"3200","product_code":"5251434","product_name_old":null,"product_name":"Vil\u00e1g\u00edt\u00f3 n\u00e9vre sz\u00f3l\u00f3 \u00e9jszakai f\u00e9ny, babaszoba d\u00edsz, babak\u00f6sz\u00f6nt\u0151 aj\u00e1nd\u00e9k, macival vil\u00e1g\u00edt\u00f3 holdal, felh\u0151kkel","category_string":"Baba - mama, \u00c9jszakai f\u00e9ny, Babaszoba dekor\u00e1ci\u00f3","technic_string":"Varr\u00e1s","category_1":"1735","category_2":"1761","category_3":"1466","category_4":"0","merged_category_1":null,"merged_category_2":null,"merged_category_3":null,"technic_1":"506","technic_2":"0","technic_3":"0","color_1":"525","color_2":"527","color_3":"0","product_description_old":null,"product_description":"Filc anyagb\u00f3l k\u00e9sz\u00fclt kb 20x 45 cm , elemes l\u00e9ddel ell\u00e1tott, n\u00e9vre sz\u00f3l\u00f3 \u00e9jszaka f\u00e9ny. Baba \u00e9s gyermekszob\u00e1ba ide\u00e1lis elalv\u00e1s el\u0151tti hangulat vil\u00e1g\u00edt\u00e1snak. Akaszt\u00f3s, \u00edgy falra , baldachintart\u00f3ra, ajt\u00f3ra... stb. k\u00f6nnyed\u00e9n felakaszthat\u00f3.","price":"10490.00","unit":"db","recommended":"0","status":"1","sponsored":"0","exp_notify":"0","own_material":"0","own_material_description_old":null,"own_material_description":"","jury":"0","jury_number":"","product_nature":"","meskaracsony":"0","create_date":"2026-03-29 21:51:47","shelve_id":"0","image":"szandifilckucko_product_641650_240322112344_853153.jpeg","image_width":"480","image_height":"480","image_alt":"Vil\u00e1g\u00edt\u00f3 n\u00e9vre sz\u00f3l\u00f3 \u00e9jszakai f\u00e9ny, babaszoba d\u00edsz, babak\u00f6sz\u00f6nt\u0151 aj\u00e1nd\u00e9k, macival vil\u00e1g\u00edt\u00f3 holdal, felh\u0151kkel, Filc anyagb\u00f3l k\u00e9sz\u00fclt kb 20x 45 cm , elemes l\u00e9ddel ell\u00e1tott, n\u00e9vre sz\u00f3l\u00f3 \u00e9jszaka f\u00e9ny. Baba \u00e9s gyerm..., Meska","image_title":"Vil\u00e1g\u00edt\u00f3 n\u00e9vre sz\u00f3l\u00f3 \u00e9jszakai f\u00e9ny, babaszoba d\u00edsz, babak\u00f6sz\u00f6nt\u0151 aj\u00e1nd\u00e9k, macival vil\u00e1g\u00edt\u00f3 holdal, felh\u0151kkel, Meska","view_count":"1341","favourite_count":"0","trending_score":"0","last2MonthFavouriteCount":"0","promotion":"0","giftcard_accept":"0","creditcard_accept":false,"enhanced_background":"0","domain":"meska","specific_customer_id":null,"specific_customer_name":null,"to_order_product":"1","to_order_product_time":"7","product_different":null,"product_different_description":"","vintage":"0","vintage_category_id":"0","recycled":"0","gemstone_id":"0","customizable":"1","type_category":"physical","zerowaste":"0","postage_price":"1500.00","shop_order":"0","has_category":"1","landing_pages":null,"microdata":{"number":29,"category":""},"title":"Vil\u00e1g\u00edt\u00f3 n\u00e9vre sz\u00f3l\u00f3 \u00e9jszakai f\u00e9ny, babaszoba d\u00edsz, babak\u00f6sz\u00f6nt\u0151 aj\u00e1nd\u00e9k, macival vil\u00e1g\u00edt\u00f3 holdal, felh\u0151kkel","description":"Filc anyagb\u00f3l k\u00e9sz\u00fclt kb 20x 45 cm , elemes l\u00e9ddel ell\u00e1tott, n\u00e9vre sz\u00f3l\u00f3 \u00e9jszaka f\u00e9ny. Baba \u00e9s gyermekszob\u00e1ba ide\u00e1lis elalv\u00e1s el\u0151tti hangulat vil\u00e1g\u00edt\u00e1snak. Akaszt\u00f3s, \u00edgy falra , baldachintart\u00f3ra, ajt\u00f3ra... stb. k\u00f6nnyed\u00e9n felakaszthat\u00f3.","score":0,"formatted_price":"10 490 Ft","image_url":"https:\/\/www.meska.hu\/img\/product\/small\/s\/z\/szandifilckucko_product_641650_240322112344_853153.jpeg","formatted_url":"https:\/\/www.meska.hu\/p5251434-vilagito-nevre-szolo-ejszakai-feny-babaszoba-disz-babakoszonto-ajandek-macival-vilagito-holdal-felhokkel","favourite":false,"in_stock":false,"avatar":"641650_avatar_1710771980.png","delete_from":0,"is_enhanced_background":false,"is_enhanced":false,"product_selection_started":false,"is_active":true,"image_webp_url":"https:\/\/www.meska.hu\/img\/product\/small\/s\/z\/szandifilckucko_product_641650_240322112344_853153.webp"},{"id":"5435725","shop_id":"43575","user_id":"622009","shop_name":"nyuszikert","shop_zip":"9144","product_code":"5344310","product_name_old":null,"product_name":"Akril \u00e9jjeli f\u00e9ny nyuszival","category_string":"Baba - mama, \u00c9jszakai f\u00e9ny, Babaszoba dekor\u00e1ci\u00f3","technic_string":"Grav\u00edroz\u00e1s, pirogr\u00e1fia","category_1":"1735","category_2":"1761","category_3":"1466","category_4":"0","merged_category_1":null,"merged_category_2":null,"merged_category_3":null,"technic_1":"796","technic_2":"0","technic_3":"0","color_1":"513","color_2":"0","color_3":"0","product_description_old":null,"product_description":"Hozz var\u00e1zslatos hangulatot otthonodba ezekkel a st\u00edlusos \u00e9s egyedi akril\u00fcveg \u00e9jjeli f\u00e9nyekkel! Az \u00e1tl\u00e1tsz\u00f3 akril\u00fcveg alapanyag eleg\u00e1ns \u00e9s modern megjelen\u00e9st biztos\u00edt, mik\u00f6zben a finom LED vil\u00e1g\u00edt\u00e1s kellemes, l\u00e1gy f\u00e9nyt ad, megnyugtat\u00f3 hangulatot teremt, amely t\u00f6k\u00e9letes \u00e9jszakai k\u00eds\u00e9r\u0151k\u00e9nt szolg\u00e1l. Az akril\u00fcveg (plexi) tart\u00f3s \u00e9s k\u00f6nnyen tiszt\u00edthat\u00f3 anyag, amely nem t\u00f6rik k\u00f6nnyen. A l\u00e1mpa akkumul\u00e1torral m\u0171k\u00f6dik, melynek el\u0151nyei:\n\nHordozhat\u00f3 \u2013 b\u00e1rhol elhelyezhet\u0151 a lak\u00e1sban, nincs sz\u00fcks\u00e9g konnektorra.\n\nHossz\u00fa \u00fczemid\u0151 \u2013 ak\u00e1r 120 \u00f3r\u00e1n \u00e1t m\u0171k\u00f6dik egyetlen t\u00f6lt\u00e9ssel.\n\nK\u00e1belmentes kialak\u00edt\u00e1s \u2013 nincs \u00fatban vezet\u00e9k, biztons\u00e1gosabb \u00e9s eszt\u00e9tikusabb.\n\n\u00dajrat\u00f6lthet\u0151 akkumul\u00e1tor \u2013 k\u00f6rnyezetbar\u00e1t \u00e9s k\u00f6lts\u00e9ghat\u00e9kony, nincs sz\u00fcks\u00e9g elemekre.\n\nStabil f\u00e9nyer\u0151 \u2013 LED technol\u00f3gi\u00e1nak k\u00f6sz\u00f6nhet\u0151en energiatakar\u00e9kos \u00e9s tart\u00f3s f\u00e9nyt biztos\u00edt.\n\nSokoldal\u00fa felhaszn\u00e1l\u00e1s \u2013 ide\u00e1lis \u00e9jjeli f\u00e9nynek, dekor\u00e1ci\u00f3hoz vagy hangulatvil\u00e1g\u00edt\u00e1shoz.\n\nKompakt \u00e9s k\u00f6nny\u0171 \u2013 egyszer\u0171en mozgathat\u00f3 egyik helyis\u00e9gb\u0151l a m\u00e1sikba.\n\nT\u00f6bbf\u00e9le form\u00e1b\u00f3l \u00e9s mint\u00e1b\u00f3l v\u00e1laszthatsz, illetve a l\u00e1mp\u00e1kon megjelenhet a gyermeked neve \u00e9s sz\u00fclet\u00e9si vagy keresztel\u0151 d\u00e1tuma, hogy egy igaz\u00e1n szem\u00e9lyre szabott \u00e9jjeli f\u00e9nynek \u00f6r\u00fclhessetek.\n\nM\u00e9ret: kb. 15cm x 16cm\n\nAnyaga: 5 mm-es akril\u00fcveg (plexi) \u00e9s f\u00e1b\u00f3l k\u00e9sz\u00fclt LED talp\n\nVil\u00e1g\u00edt\u00e1s t\u00edpusa: LED\n\nT\u00f6k\u00e9letes v\u00e1laszt\u00e1s gyerekszob\u00e1ba vagy b\u00e1rmelyik helyis\u00e9gbe, ahol egy kis hangulatos vil\u00e1g\u00edt\u00e1st szeretn\u00e9l. Ide\u00e1lis aj\u00e1nd\u00e9k b\u00e1rmilyen alkalomra, legyen az babak\u00f6sz\u00f6nt\u0151, sz\u00fclet\u00e9snap, keresztel\u0151, kar\u00e1csony, vagy egyszer\u0171en csak egy kis meglepet\u00e9s.\n\nA csomag tartalma:\n\n1 db 5 mm-es akril\u00fcveg a v\u00e1lasztott mint\u00e1val \u00e9s adatokkal szem\u00e9lyre szabva\n1 db f\u00e1b\u00f3l k\u00e9sz\u00fclt LED talp\n1 db USB t\u00f6lt\u0151k\u00e1bel (a t\u00f6lt\u0151fej nem tartoz\u00e9k)","price":"10990.00","unit":"db","recommended":"0","status":"1","sponsored":"0","exp_notify":"0","own_material":"0","own_material_description_old":null,"own_material_description":"","jury":"0","jury_number":"","product_nature":"","meskaracsony":"0","create_date":"2026-03-27 22:38:24","shelve_id":"0","image":"nyuszikert_product_622009_250923102635_37495.jpeg","image_width":"480","image_height":"480","image_alt":"Akril \u00e9jjeli f\u00e9ny nyuszival, Hozz var\u00e1zslatos hangulatot otthonodba ezekkel a st\u00edlusos \u00e9s egyedi akril\u00fcveg \u00e9jjeli f\u00e9nyekkel! Az \u00e1..., Meska","image_title":"Akril \u00e9jjeli f\u00e9ny nyuszival, Meska","view_count":"638","favourite_count":"0","trending_score":"0","last2MonthFavouriteCount":"0","promotion":"0","giftcard_accept":"0","creditcard_accept":true,"enhanced_background":"0","domain":"meska","specific_customer_id":null,"specific_customer_name":null,"to_order_product":"1","to_order_product_time":"5","product_different":null,"product_different_description":"","vintage":"0","vintage_category_id":"0","recycled":"0","gemstone_id":"0","customizable":"1","type_category":"physical","zerowaste":"0","postage_price":"1290.00","shop_order":"0","has_category":"1","landing_pages":null,"microdata":{"number":30,"category":""},"title":"Akril \u00e9jjeli f\u00e9ny nyuszival","description":"Hozz var\u00e1zslatos hangulatot otthonodba ezekkel a st\u00edlusos \u00e9s egyedi akril\u00fcveg \u00e9jjeli f\u00e9nyekkel! Az \u00e1tl\u00e1tsz\u00f3 akril\u00fcveg alapanyag eleg\u00e1ns \u00e9s modern megjelen\u00e9st biztos\u00edt, mik\u00f6zben a finom LED vil\u00e1g\u00edt\u00e1s kellemes, l\u00e1gy f\u00e9nyt ad, megnyugtat\u00f3 hangulatot teremt, amely t\u00f6k\u00e9letes \u00e9jszakai k\u00eds\u00e9r\u0151k\u00e9nt szolg\u00e1l. Az akril\u00fcveg (plexi) tart\u00f3s \u00e9s k\u00f6nnyen tiszt\u00edthat\u00f3 anyag, amely nem t\u00f6rik k\u00f6nnyen. A l\u00e1mpa akkumul\u00e1torral m\u0171k\u00f6dik, melynek el\u0151nyei:\n\nHordozhat\u00f3 \u2013 b\u00e1rhol elhelyezhet\u0151 a lak\u00e1sban, nincs sz\u00fcks\u00e9g konnektorra.\n\nHossz\u00fa \u00fczemid\u0151 \u2013 ak\u00e1r 120 \u00f3r\u00e1n \u00e1t m\u0171k\u00f6dik egyetlen t\u00f6lt\u00e9ssel.\n\nK\u00e1belmentes kialak\u00edt\u00e1s \u2013 nincs \u00fatban vezet\u00e9k, biztons\u00e1gosabb \u00e9s eszt\u00e9tikusabb.\n\n\u00dajrat\u00f6lthet\u0151 akkumul\u00e1tor \u2013 k\u00f6rnyezetbar\u00e1t \u00e9s k\u00f6lts\u00e9ghat\u00e9kony, nincs sz\u00fcks\u00e9g elemekre.\n\nStabil f\u00e9nyer\u0151 \u2013 LED technol\u00f3gi\u00e1nak k\u00f6sz\u00f6nhet\u0151en energiatakar\u00e9kos \u00e9s tart\u00f3s f\u00e9nyt biztos\u00edt.\n\nSokoldal\u00fa felhaszn\u00e1l\u00e1s \u2013 ide\u00e1lis \u00e9jjeli f\u00e9nynek, dekor\u00e1ci\u00f3hoz vagy hangulatvil\u00e1g\u00edt\u00e1shoz.\n\nKompakt \u00e9s k\u00f6nny\u0171 \u2013 egyszer\u0171en mozgathat\u00f3 egyik helyis\u00e9gb\u0151l a m\u00e1sikba.\n\nT\u00f6bbf\u00e9le form\u00e1b\u00f3l \u00e9s mint\u00e1b\u00f3l v\u00e1laszthatsz, illetve a l\u00e1mp\u00e1kon megjelenhet a gyermeked neve \u00e9s sz\u00fclet\u00e9si vagy keresztel\u0151 d\u00e1tuma, hogy egy igaz\u00e1n szem\u00e9lyre szabott \u00e9jjeli f\u00e9nynek \u00f6r\u00fclhessetek.\n\nM\u00e9ret: kb. 15cm x 16cm\n\nAnyaga: 5 mm-es akril\u00fcveg (plexi) \u00e9s f\u00e1b\u00f3l k\u00e9sz\u00fclt LED talp\n\nVil\u00e1g\u00edt\u00e1s t\u00edpusa: LED\n\nT\u00f6k\u00e9letes v\u00e1laszt\u00e1s gyerekszob\u00e1ba vagy b\u00e1rmelyik helyis\u00e9gbe, ahol egy kis hangulatos vil\u00e1g\u00edt\u00e1st szeretn\u00e9l. Ide\u00e1lis aj\u00e1nd\u00e9k b\u00e1rmilyen alkalomra, legyen az babak\u00f6sz\u00f6nt\u0151, sz\u00fclet\u00e9snap, keresztel\u0151, kar\u00e1csony, vagy egyszer\u0171en csak egy kis meglepet\u00e9s.\n\nA csomag tartalma:\n\n1 db 5 mm-es akril\u00fcveg a v\u00e1lasztott mint\u00e1val \u00e9s adatokkal szem\u00e9lyre szabva\n1 db f\u00e1b\u00f3l k\u00e9sz\u00fclt LED talp\n1 db USB t\u00f6lt\u0151k\u00e1bel (a t\u00f6lt\u0151fej nem tartoz\u00e9k)","score":0,"formatted_price":"10 990 Ft","image_url":"https:\/\/www.meska.hu\/img\/product\/small\/n\/y\/nyuszikert_product_622009_250923102635_37495.jpeg","formatted_url":"https:\/\/www.meska.hu\/p5344310-akril-ejjeli-feny-nyuszival","favourite":false,"in_stock":false,"avatar":"622009_avatar_1701843989.jpeg","delete_from":0,"is_enhanced_background":false,"is_enhanced":false,"product_selection_started":false,"is_active":true,"image_webp_url":"https:\/\/www.meska.hu\/img\/product\/small\/n\/y\/nyuszikert_product_622009_250923102635_37495.webp"},{"id":"6016708","shop_id":"28709","user_id":"355317","shop_name":"Woodlight","shop_zip":"5540","product_code":"5682407","product_name_old":null,"product_name":"Woodlight Csodal\u00e1mpa-Bagoly","category_string":"Baba - mama, \u00c9jszakai f\u00e9ny, Babaszoba dekor\u00e1ci\u00f3","technic_string":"Famegmunk\u00e1l\u00e1s","category_1":"1735","category_2":"1761","category_3":"1466","category_4":"0","merged_category_1":null,"merged_category_2":null,"merged_category_3":null,"technic_1":"478","technic_2":"0","technic_3":"0","color_1":"515","color_2":"0","color_3":"0","product_description_old":null,"product_description":"Var\u00e1zslatos f\u00e9nyek, \u00e1lomba ringat\u00f3 hangulat- a gyerekszoba \u00faj kedvence!\n\nEngedd, hogy ez a fa \u00e9jszakai l\u00e1mpa minden est\u00e9t k\u00fcl\u00f6nlegess\u00e9 tegyen. Az aranyos minta \u00e9s a sz\u00ednes led vil\u00e1g\u00edt\u00e1s egy\u00fctt olyan mes\u00e9s atmoszf\u00e9r\u00e1t teremt, amit\u0151l a gyerekek biztons\u00e1gban \u00e9rzik magukat, a sz\u00fcl\u0151k pedig im\u00e1dni fogj\u00e1k a meleg, nyugtat\u00f3 f\u00e9nyj\u00e1t\u00e9kot.\nA l\u00e1mpa term\u00e9szetes fa fel\u00fclete eleg\u00e1ns \u00e9s id\u0151t\u00e1ll\u00f3, a j\u00e1t\u00e9kos form\u00e1k pedig vid\u00e1m, bar\u00e1ts\u00e1gos hangulatot visznek a szob\u00e1ba. Ak\u00e1r altat\u00e1shoz, ak\u00e1r esti meseolvas\u00e1shoz- ez a l\u00e1mpa garant\u00e1ltan a gyerekek kedvenc t\u00e1rsa lesz.\n\nAlapanyag: term\u00e9szetes fa\n\nF\u00e9nyforr\u00e1s: RGB ledszalag,  t\u00e1vir\u00e1ny\u00edt\u00f3val !\n\nA t\u00e1vir\u00e1ny\u00edt\u00f3 a sz\u00fcks\u00e9ges elemet tartalmazza!\n\nA doboz tartalma:\n\n1 db Csodal\u00e1mpa\n1 db h\u00e1l\u00f3zati adapter\n1 db t\u00e1vir\u00e1ny\u00edt\u00f3\n\nA l\u00e1mpa m\u00e9retei: 26,5cm magas 20cm sz\u00e9les \u00e9s 4 cm vastag.\n\nCser\u00e9lhet\u0151 el\u0151lapokkal, hogy a pr\u00fccs\u00f6k nem unja meg a l\u00e1mp\u00e1t!\n\nA b\u00e9k\u00e9s, nyugodt \u00e9jszak\u00e1k megteremt\u0151je!\n\nNeked val\u00f3 ha:\n\nNyugodt \u00e9s pihentet\u0151 alv\u00e1st szeretn\u00e9l a gyerk\u0151cnek,\u2026\u2026. \u00e9s magadnak :-).\nA f\u00e9nyter\u00e1pia seg\u00edts\u00e9g\u00e9vel szeretn\u00e9l gyermeked eg\u00e9szs\u00e9gi \u00e1llapot\u00e1n jav\u00edtani.\nSzeretn\u00e9l csillog\u00f3 \u00e9s mosolyg\u00f3 szemeket, amikor bekapcsolod!\nMeg akarod ismertetni a picivel a term\u00e9szet harm\u00f3ni\u00e1j\u00e1t, \u00e9s a fa szeretet\u00e9t.","price":"16480.00","unit":"db","recommended":"0","status":"1","sponsored":"0","exp_notify":"0","own_material":"0","own_material_description_old":null,"own_material_description":"","jury":"0","jury_number":"","product_nature":"","meskaracsony":"0","create_date":"2026-03-26 10:28:09","shelve_id":"0","image":"woodlight_product_355317_251126094659_81567.jpeg","image_width":"480","image_height":"622","image_alt":"Woodlight Csodal\u00e1mpa-Bagoly, Var\u00e1zslatos f\u00e9nyek, \u00e1lomba ringat\u00f3 hangulat- a gyerekszoba \u00faj kedvence!\\n\\nEngedd, hogy ez a fa \u00e9jszak..., Meska","image_title":"Woodlight Csodal\u00e1mpa-Bagoly, Meska","view_count":"83","favourite_count":"0","trending_score":"0","last2MonthFavouriteCount":"0","promotion":"0","giftcard_accept":"0","creditcard_accept":false,"enhanced_background":"0","domain":"meska","specific_customer_id":null,"specific_customer_name":null,"to_order_product":"0","to_order_product_time":"0","product_different":null,"product_different_description":"","vintage":"0","vintage_category_id":"0","recycled":"0","gemstone_id":"0","customizable":"0","type_category":"physical","zerowaste":"0","postage_price":"2500.00","shop_order":"0","has_category":"1","landing_pages":null,"microdata":{"number":31,"category":""},"title":"Woodlight Csodal\u00e1mpa-Bagoly","description":"Var\u00e1zslatos f\u00e9nyek, \u00e1lomba ringat\u00f3 hangulat- a gyerekszoba \u00faj kedvence!\n\nEngedd, hogy ez a fa \u00e9jszakai l\u00e1mpa minden est\u00e9t k\u00fcl\u00f6nlegess\u00e9 tegyen. Az aranyos minta \u00e9s a sz\u00ednes led vil\u00e1g\u00edt\u00e1s egy\u00fctt olyan mes\u00e9s atmoszf\u00e9r\u00e1t teremt, amit\u0151l a gyerekek biztons\u00e1gban \u00e9rzik magukat, a sz\u00fcl\u0151k pedig im\u00e1dni fogj\u00e1k a meleg, nyugtat\u00f3 f\u00e9nyj\u00e1t\u00e9kot.\nA l\u00e1mpa term\u00e9szetes fa fel\u00fclete eleg\u00e1ns \u00e9s id\u0151t\u00e1ll\u00f3, a j\u00e1t\u00e9kos form\u00e1k pedig vid\u00e1m, bar\u00e1ts\u00e1gos hangulatot visznek a szob\u00e1ba. Ak\u00e1r altat\u00e1shoz, ak\u00e1r esti meseolvas\u00e1shoz- ez a l\u00e1mpa garant\u00e1ltan a gyerekek kedvenc t\u00e1rsa lesz.\n\nAlapanyag: term\u00e9szetes fa\n\nF\u00e9nyforr\u00e1s: RGB ledszalag,  t\u00e1vir\u00e1ny\u00edt\u00f3val !\n\nA t\u00e1vir\u00e1ny\u00edt\u00f3 a sz\u00fcks\u00e9ges elemet tartalmazza!\n\nA doboz tartalma:\n\n1 db Csodal\u00e1mpa\n1 db h\u00e1l\u00f3zati adapter\n1 db t\u00e1vir\u00e1ny\u00edt\u00f3\n\nA l\u00e1mpa m\u00e9retei: 26,5cm magas 20cm sz\u00e9les \u00e9s 4 cm vastag.\n\nCser\u00e9lhet\u0151 el\u0151lapokkal, hogy a pr\u00fccs\u00f6k nem unja meg a l\u00e1mp\u00e1t!\n\nA b\u00e9k\u00e9s, nyugodt \u00e9jszak\u00e1k megteremt\u0151je!\n\nNeked val\u00f3 ha:\n\nNyugodt \u00e9s pihentet\u0151 alv\u00e1st szeretn\u00e9l a gyerk\u0151cnek,\u2026\u2026. \u00e9s magadnak :-).\nA f\u00e9nyter\u00e1pia seg\u00edts\u00e9g\u00e9vel szeretn\u00e9l gyermeked eg\u00e9szs\u00e9gi \u00e1llapot\u00e1n jav\u00edtani.\nSzeretn\u00e9l csillog\u00f3 \u00e9s mosolyg\u00f3 szemeket, amikor bekapcsolod!\nMeg akarod ismertetni a picivel a term\u00e9szet harm\u00f3ni\u00e1j\u00e1t, \u00e9s a fa szeretet\u00e9t.","score":0,"formatted_price":"16 480 Ft","image_url":"https:\/\/www.meska.hu\/img\/product\/small\/w\/o\/woodlight_product_355317_251126094659_81567.jpeg","formatted_url":"https:\/\/www.meska.hu\/p5682407-woodlight-csodalampa-bagoly","favourite":false,"in_stock":true,"avatar":"Woodlight_avatar_355317_1579030733.jpg","delete_from":0,"is_enhanced_background":false,"is_enhanced":false,"product_selection_started":false,"is_active":true,"image_webp_url":"https:\/\/www.meska.hu\/img\/product\/small\/w\/o\/woodlight_product_355317_251126094659_81567.webp"},{"id":"6016646","shop_id":"28709","user_id":"355317","shop_name":"Woodlight","shop_zip":"5540","product_code":"5682383","product_name_old":null,"product_name":"Woodlight Csodal\u00e1mpa-M\u00e9hecske","category_string":"Baba - mama, \u00c9jszakai f\u00e9ny, Babaszoba dekor\u00e1ci\u00f3","technic_string":"Famegmunk\u00e1l\u00e1s","category_1":"1735","category_2":"1761","category_3":"1466","category_4":"0","merged_category_1":null,"merged_category_2":null,"merged_category_3":null,"technic_1":"478","technic_2":"0","technic_3":"0","color_1":"515","color_2":"0","color_3":"0","product_description_old":null,"product_description":"Var\u00e1zslatos f\u00e9nyek, \u00e1lomba ringat\u00f3 hangulat- a gyerekszoba \u00faj kedvence!\n\nEngedd, hogy ez a fa \u00e9jszakai l\u00e1mpa minden est\u00e9t k\u00fcl\u00f6nlegess\u00e9 tegyen. Az aranyos minta \u00e9s a sz\u00ednes led vil\u00e1g\u00edt\u00e1s egy\u00fctt olyan mes\u00e9s atmoszf\u00e9r\u00e1t teremt, amit\u0151l a gyerekek biztons\u00e1gban \u00e9rzik magukat, a sz\u00fcl\u0151k pedig im\u00e1dni fogj\u00e1k a meleg, nyugtat\u00f3 f\u00e9nyj\u00e1t\u00e9kot.\nA l\u00e1mpa term\u00e9szetes fa fel\u00fclete eleg\u00e1ns \u00e9s id\u0151t\u00e1ll\u00f3, a j\u00e1t\u00e9kos form\u00e1k pedig vid\u00e1m, bar\u00e1ts\u00e1gos hangulatot visznek a szob\u00e1ba. Ak\u00e1r altat\u00e1shoz, ak\u00e1r esti meseolvas\u00e1shoz- ez a l\u00e1mpa garant\u00e1ltan a gyerekek kedvenc t\u00e1rsa lesz.\n\nAlapanyag: term\u00e9szetes fa\n\nF\u00e9nyforr\u00e1s: RGB ledszalag,  t\u00e1vir\u00e1ny\u00edt\u00f3val !\n\nA t\u00e1vir\u00e1ny\u00edt\u00f3 a sz\u00fcks\u00e9ges elemet tartalmazza!\n\nA doboz tartalma:\n\n1 db Csodal\u00e1mpa\n1 db h\u00e1l\u00f3zati adapter\n1 db t\u00e1vir\u00e1ny\u00edt\u00f3\n\nA l\u00e1mpa m\u00e9retei: 26,5cm magas 20cm sz\u00e9les \u00e9s 4 cm vastag.\n\nCser\u00e9lhet\u0151 el\u0151lapokkal, hogy a pr\u00fccs\u00f6k nem unja meg a l\u00e1mp\u00e1t!\n\nA b\u00e9k\u00e9s, nyugodt \u00e9jszak\u00e1k megteremt\u0151je!\n\nNeked val\u00f3 ha:\n\nNyugodt \u00e9s pihentet\u0151 alv\u00e1st szeretn\u00e9l a gyerk\u0151cnek,\u2026\u2026. \u00e9s magadnak :-).\nA f\u00e9nyter\u00e1pia seg\u00edts\u00e9g\u00e9vel szeretn\u00e9l gyermeked eg\u00e9szs\u00e9gi \u00e1llapot\u00e1n jav\u00edtani.\nSzeretn\u00e9l csillog\u00f3 \u00e9s mosolyg\u00f3 szemeket, amikor bekapcsolod!\nMeg akarod ismertetni a picivel a term\u00e9szet harm\u00f3ni\u00e1j\u00e1t, \u00e9s a fa szeretet\u00e9t.","price":"16480.00","unit":"db","recommended":"0","status":"1","sponsored":"0","exp_notify":"0","own_material":"0","own_material_description_old":null,"own_material_description":"","jury":"0","jury_number":"","product_nature":"","meskaracsony":"0","create_date":"2026-03-26 09:28:03","shelve_id":"0","image":"woodlight_product_355317_251126085546_634465.jpeg","image_width":"480","image_height":"616","image_alt":"Woodlight Csodal\u00e1mpa-M\u00e9hecske, Var\u00e1zslatos f\u00e9nyek, \u00e1lomba ringat\u00f3 hangulat- a gyerekszoba \u00faj kedvence!\\n\\nEngedd, hogy ez a fa \u00e9jszak..., Meska","image_title":"Woodlight Csodal\u00e1mpa-M\u00e9hecske, Meska","view_count":"88","favourite_count":"0","trending_score":"0","last2MonthFavouriteCount":"0","promotion":"0","giftcard_accept":"0","creditcard_accept":false,"enhanced_background":"0","domain":"meska","specific_customer_id":null,"specific_customer_name":null,"to_order_product":"0","to_order_product_time":"0","product_different":null,"product_different_description":"","vintage":"0","vintage_category_id":"0","recycled":"0","gemstone_id":"0","customizable":"0","type_category":"physical","zerowaste":"0","postage_price":"2500.00","shop_order":"0","has_category":"1","landing_pages":null,"microdata":{"number":32,"category":""},"title":"Woodlight Csodal\u00e1mpa-M\u00e9hecske","description":"Var\u00e1zslatos f\u00e9nyek, \u00e1lomba ringat\u00f3 hangulat- a gyerekszoba \u00faj kedvence!\n\nEngedd, hogy ez a fa \u00e9jszakai l\u00e1mpa minden est\u00e9t k\u00fcl\u00f6nlegess\u00e9 tegyen. Az aranyos minta \u00e9s a sz\u00ednes led vil\u00e1g\u00edt\u00e1s egy\u00fctt olyan mes\u00e9s atmoszf\u00e9r\u00e1t teremt, amit\u0151l a gyerekek biztons\u00e1gban \u00e9rzik magukat, a sz\u00fcl\u0151k pedig im\u00e1dni fogj\u00e1k a meleg, nyugtat\u00f3 f\u00e9nyj\u00e1t\u00e9kot.\nA l\u00e1mpa term\u00e9szetes fa fel\u00fclete eleg\u00e1ns \u00e9s id\u0151t\u00e1ll\u00f3, a j\u00e1t\u00e9kos form\u00e1k pedig vid\u00e1m, bar\u00e1ts\u00e1gos hangulatot visznek a szob\u00e1ba. Ak\u00e1r altat\u00e1shoz, ak\u00e1r esti meseolvas\u00e1shoz- ez a l\u00e1mpa garant\u00e1ltan a gyerekek kedvenc t\u00e1rsa lesz.\n\nAlapanyag: term\u00e9szetes fa\n\nF\u00e9nyforr\u00e1s: RGB ledszalag,  t\u00e1vir\u00e1ny\u00edt\u00f3val !\n\nA t\u00e1vir\u00e1ny\u00edt\u00f3 a sz\u00fcks\u00e9ges elemet tartalmazza!\n\nA doboz tartalma:\n\n1 db Csodal\u00e1mpa\n1 db h\u00e1l\u00f3zati adapter\n1 db t\u00e1vir\u00e1ny\u00edt\u00f3\n\nA l\u00e1mpa m\u00e9retei: 26,5cm magas 20cm sz\u00e9les \u00e9s 4 cm vastag.\n\nCser\u00e9lhet\u0151 el\u0151lapokkal, hogy a pr\u00fccs\u00f6k nem unja meg a l\u00e1mp\u00e1t!\n\nA b\u00e9k\u00e9s, nyugodt \u00e9jszak\u00e1k megteremt\u0151je!\n\nNeked val\u00f3 ha:\n\nNyugodt \u00e9s pihentet\u0151 alv\u00e1st szeretn\u00e9l a gyerk\u0151cnek,\u2026\u2026. \u00e9s magadnak :-).\nA f\u00e9nyter\u00e1pia seg\u00edts\u00e9g\u00e9vel szeretn\u00e9l gyermeked eg\u00e9szs\u00e9gi \u00e1llapot\u00e1n jav\u00edtani.\nSzeretn\u00e9l csillog\u00f3 \u00e9s mosolyg\u00f3 szemeket, amikor bekapcsolod!\nMeg akarod ismertetni a picivel a term\u00e9szet harm\u00f3ni\u00e1j\u00e1t, \u00e9s a fa szeretet\u00e9t.","score":0,"formatted_price":"16 480 Ft","image_url":"https:\/\/www.meska.hu\/img\/product\/small\/w\/o\/woodlight_product_355317_251126085546_634465.jpeg","formatted_url":"https:\/\/www.meska.hu\/p5682383-woodlight-csodalampa-mehecske","favourite":false,"in_stock":true,"avatar":"Woodlight_avatar_355317_1579030733.jpg","delete_from":0,"is_enhanced_background":false,"is_enhanced":false,"product_selection_started":false,"is_active":true,"image_webp_url":"https:\/\/www.meska.hu\/img\/product\/small\/w\/o\/woodlight_product_355317_251126085546_634465.webp"},{"id":"6016649","shop_id":"28709","user_id":"355317","shop_name":"Woodlight","shop_zip":"5540","product_code":"5682384","product_name_old":null,"product_name":"Woodlight Csodal\u00e1mpa-Talpacska","category_string":"Baba - mama, \u00c9jszakai f\u00e9ny, Babaszoba dekor\u00e1ci\u00f3","technic_string":"Famegmunk\u00e1l\u00e1s","category_1":"1735","category_2":"1761","category_3":"1466","category_4":"0","merged_category_1":null,"merged_category_2":null,"merged_category_3":null,"technic_1":"478","technic_2":"0","technic_3":"0","color_1":"515","color_2":"0","color_3":"0","product_description_old":null,"product_description":"Var\u00e1zslatos f\u00e9nyek, \u00e1lomba ringat\u00f3 hangulat- a gyerekszoba \u00faj kedvence!\n\nEngedd, hogy ez a fa \u00e9jszakai l\u00e1mpa minden est\u00e9t k\u00fcl\u00f6nlegess\u00e9 tegyen. Az aranyos minta \u00e9s a sz\u00ednes led vil\u00e1g\u00edt\u00e1s egy\u00fctt olyan mes\u00e9s atmoszf\u00e9r\u00e1t teremt, amit\u0151l a gyerekek biztons\u00e1gban \u00e9rzik magukat, a sz\u00fcl\u0151k pedig im\u00e1dni fogj\u00e1k a meleg, nyugtat\u00f3 f\u00e9nyj\u00e1t\u00e9kot.\nA l\u00e1mpa term\u00e9szetes fa fel\u00fclete eleg\u00e1ns \u00e9s id\u0151t\u00e1ll\u00f3, a j\u00e1t\u00e9kos form\u00e1k pedig vid\u00e1m, bar\u00e1ts\u00e1gos hangulatot visznek a szob\u00e1ba. Ak\u00e1r altat\u00e1shoz, ak\u00e1r esti meseolvas\u00e1shoz- ez a l\u00e1mpa garant\u00e1ltan a gyerekek kedvenc t\u00e1rsa lesz.\n\nAlapanyag: term\u00e9szetes fa\n\nF\u00e9nyforr\u00e1s: RGB ledszalag,  t\u00e1vir\u00e1ny\u00edt\u00f3val !\n\nA t\u00e1vir\u00e1ny\u00edt\u00f3 a sz\u00fcks\u00e9ges elemet tartalmazza!\n\nA doboz tartalma:\n\n1 db Csodal\u00e1mpa\n1 db h\u00e1l\u00f3zati adapter\n1 db t\u00e1vir\u00e1ny\u00edt\u00f3\n\nA l\u00e1mpa m\u00e9retei: 26,5cm magas 20cm sz\u00e9les \u00e9s 4 cm vastag.\n\nCser\u00e9lhet\u0151 el\u0151lapokkal, hogy a pr\u00fccs\u00f6k nem unja meg a l\u00e1mp\u00e1t!\n\nA b\u00e9k\u00e9s, nyugodt \u00e9jszak\u00e1k megteremt\u0151je!\n\nNeked val\u00f3 ha:\n\nNyugodt \u00e9s pihentet\u0151 alv\u00e1st szeretn\u00e9l a gyerk\u0151cnek,\u2026\u2026. \u00e9s magadnak :-).\nA f\u00e9nyter\u00e1pia seg\u00edts\u00e9g\u00e9vel szeretn\u00e9l gyermeked eg\u00e9szs\u00e9gi \u00e1llapot\u00e1n jav\u00edtani.\nSzeretn\u00e9l csillog\u00f3 \u00e9s mosolyg\u00f3 szemeket, amikor bekapcsolod!\nMeg akarod ismertetni a picivel a term\u00e9szet harm\u00f3ni\u00e1j\u00e1t, \u00e9s a fa szeretet\u00e9t.","price":"16450.00","unit":"db","recommended":"0","status":"1","sponsored":"0","exp_notify":"0","own_material":"0","own_material_description_old":null,"own_material_description":"","jury":"0","jury_number":"","product_nature":"","meskaracsony":"0","create_date":"2026-03-26 09:27:56","shelve_id":"0","image":"woodlight_product_355317_251126090046_9650.jpeg","image_width":"480","image_height":"672","image_alt":"Woodlight Csodal\u00e1mpa-Talpacska, Var\u00e1zslatos f\u00e9nyek, \u00e1lomba ringat\u00f3 hangulat- a gyerekszoba \u00faj kedvence!\\n\\nEngedd, hogy ez a fa \u00e9jszak..., Meska","image_title":"Woodlight Csodal\u00e1mpa-Talpacska, Meska","view_count":"69","favourite_count":"0","trending_score":"0","last2MonthFavouriteCount":"0","promotion":"0","giftcard_accept":"0","creditcard_accept":false,"enhanced_background":"0","domain":"meska","specific_customer_id":null,"specific_customer_name":null,"to_order_product":"0","to_order_product_time":"0","product_different":null,"product_different_description":"","vintage":"0","vintage_category_id":"0","recycled":"0","gemstone_id":"0","customizable":"0","type_category":"physical","zerowaste":"0","postage_price":"2500.00","shop_order":"0","has_category":"1","landing_pages":null,"microdata":{"number":33,"category":""},"title":"Woodlight Csodal\u00e1mpa-Talpacska","description":"Var\u00e1zslatos f\u00e9nyek, \u00e1lomba ringat\u00f3 hangulat- a gyerekszoba \u00faj kedvence!\n\nEngedd, hogy ez a fa \u00e9jszakai l\u00e1mpa minden est\u00e9t k\u00fcl\u00f6nlegess\u00e9 tegyen. Az aranyos minta \u00e9s a sz\u00ednes led vil\u00e1g\u00edt\u00e1s egy\u00fctt olyan mes\u00e9s atmoszf\u00e9r\u00e1t teremt, amit\u0151l a gyerekek biztons\u00e1gban \u00e9rzik magukat, a sz\u00fcl\u0151k pedig im\u00e1dni fogj\u00e1k a meleg, nyugtat\u00f3 f\u00e9nyj\u00e1t\u00e9kot.\nA l\u00e1mpa term\u00e9szetes fa fel\u00fclete eleg\u00e1ns \u00e9s id\u0151t\u00e1ll\u00f3, a j\u00e1t\u00e9kos form\u00e1k pedig vid\u00e1m, bar\u00e1ts\u00e1gos hangulatot visznek a szob\u00e1ba. Ak\u00e1r altat\u00e1shoz, ak\u00e1r esti meseolvas\u00e1shoz- ez a l\u00e1mpa garant\u00e1ltan a gyerekek kedvenc t\u00e1rsa lesz.\n\nAlapanyag: term\u00e9szetes fa\n\nF\u00e9nyforr\u00e1s: RGB ledszalag,  t\u00e1vir\u00e1ny\u00edt\u00f3val !\n\nA t\u00e1vir\u00e1ny\u00edt\u00f3 a sz\u00fcks\u00e9ges elemet tartalmazza!\n\nA doboz tartalma:\n\n1 db Csodal\u00e1mpa\n1 db h\u00e1l\u00f3zati adapter\n1 db t\u00e1vir\u00e1ny\u00edt\u00f3\n\nA l\u00e1mpa m\u00e9retei: 26,5cm magas 20cm sz\u00e9les \u00e9s 4 cm vastag.\n\nCser\u00e9lhet\u0151 el\u0151lapokkal, hogy a pr\u00fccs\u00f6k nem unja meg a l\u00e1mp\u00e1t!\n\nA b\u00e9k\u00e9s, nyugodt \u00e9jszak\u00e1k megteremt\u0151je!\n\nNeked val\u00f3 ha:\n\nNyugodt \u00e9s pihentet\u0151 alv\u00e1st szeretn\u00e9l a gyerk\u0151cnek,\u2026\u2026. \u00e9s magadnak :-).\nA f\u00e9nyter\u00e1pia seg\u00edts\u00e9g\u00e9vel szeretn\u00e9l gyermeked eg\u00e9szs\u00e9gi \u00e1llapot\u00e1n jav\u00edtani.\nSzeretn\u00e9l csillog\u00f3 \u00e9s mosolyg\u00f3 szemeket, amikor bekapcsolod!\nMeg akarod ismertetni a picivel a term\u00e9szet harm\u00f3ni\u00e1j\u00e1t, \u00e9s a fa szeretet\u00e9t.","score":0,"formatted_price":"16 450 Ft","image_url":"https:\/\/www.meska.hu\/img\/product\/small\/w\/o\/woodlight_product_355317_251126090046_9650.jpeg","formatted_url":"https:\/\/www.meska.hu\/p5682384-woodlight-csodalampa-talpacsak","favourite":false,"in_stock":true,"avatar":"Woodlight_avatar_355317_1579030733.jpg","delete_from":0,"is_enhanced_background":false,"is_enhanced":false,"product_selection_started":false,"is_active":true,"image_webp_url":"https:\/\/www.meska.hu\/img\/product\/small\/w\/o\/woodlight_product_355317_251126090046_9650.webp"},{"id":"2430487","shop_id":"28709","user_id":"355317","shop_name":"Woodlight","shop_zip":"5540","product_code":"3629151","product_name_old":null,"product_name":"Woodlight Csodal\u00e1mpa-Unikornis","category_string":"Baba - mama, \u00c9jszakai f\u00e9ny, Babaszoba dekor\u00e1ci\u00f3","technic_string":"Famegmunk\u00e1l\u00e1s","category_1":"1735","category_2":"1761","category_3":"1466","category_4":"0","merged_category_1":null,"merged_category_2":null,"merged_category_3":null,"technic_1":"478","technic_2":"0","technic_3":"0","color_1":"515","color_2":"0","color_3":"0","product_description_old":null,"product_description":"Var\u00e1zslatos f\u00e9nyek, \u00e1lomba ringat\u00f3 hangulat- a gyerekszoba \u00faj kedvence!\n\nEngedd, hogy ez a fa \u00e9jszakai l\u00e1mpa minden est\u00e9t k\u00fcl\u00f6nlegess\u00e9 tegyen. Az aranyos minta \u00e9s a sz\u00ednes led vil\u00e1g\u00edt\u00e1s egy\u00fctt olyan mes\u00e9s atmoszf\u00e9r\u00e1t teremt, amit\u0151l a gyerekek biztons\u00e1gban \u00e9rzik magukat, a sz\u00fcl\u0151k pedig im\u00e1dni fogj\u00e1k a meleg, nyugtat\u00f3 f\u00e9nyj\u00e1t\u00e9kot.\nA l\u00e1mpa term\u00e9szetes fa fel\u00fclete eleg\u00e1ns \u00e9s id\u0151t\u00e1ll\u00f3, a j\u00e1t\u00e9kos form\u00e1k pedig vid\u00e1m, bar\u00e1ts\u00e1gos hangulatot visznek a szob\u00e1ba. Ak\u00e1r altat\u00e1shoz, ak\u00e1r esti meseolvas\u00e1shoz- ez a l\u00e1mpa garant\u00e1ltan a gyerekek kedvenc t\u00e1rsa lesz.\n\nAlapanyag: term\u00e9szetes fa\n\nF\u00e9nyforr\u00e1s: RGB ledszalag,  t\u00e1vir\u00e1ny\u00edt\u00f3val !\n\nA t\u00e1vir\u00e1ny\u00edt\u00f3 a sz\u00fcks\u00e9ges elemet tartalmazza!\n\nA doboz tartalma:\n\n1 db Csodal\u00e1mpa\n1 db h\u00e1l\u00f3zati adapter\n1 db t\u00e1vir\u00e1ny\u00edt\u00f3\n\nA l\u00e1mpa m\u00e9retei: 26,5cm magas 20cm sz\u00e9les \u00e9s 4 cm vastag.\n\nCser\u00e9lhet\u0151 el\u0151lapokkal, hogy a pr\u00fccs\u00f6k nem unja meg a l\u00e1mp\u00e1t!\n\nA b\u00e9k\u00e9s, nyugodt \u00e9jszak\u00e1k megteremt\u0151je!\n\nNeked val\u00f3 ha:\n\nNyugodt \u00e9s pihentet\u0151 alv\u00e1st szeretn\u00e9l a gyerk\u0151cnek,\u2026\u2026. \u00e9s magadnak :-).\nA f\u00e9nyter\u00e1pia seg\u00edts\u00e9g\u00e9vel szeretn\u00e9l gyermeked eg\u00e9szs\u00e9gi \u00e1llapot\u00e1n jav\u00edtani.\nSzeretn\u00e9l csillog\u00f3 \u00e9s mosolyg\u00f3 szemeket, amikor bekapcsolod!\nMeg akarod ismertetni a picivel a term\u00e9szet harm\u00f3ni\u00e1j\u00e1t, \u00e9s a fa szeretet\u00e9t.","price":"16480.00","unit":"db","recommended":"0","status":"1","sponsored":"0","exp_notify":"0","own_material":"0","own_material_description_old":null,"own_material_description":"","jury":"0","jury_number":"","product_nature":"","meskaracsony":"0","create_date":"2026-03-26 09:27:52","shelve_id":"0","image":"woodlight_product_355317_251126084711_320663.jpeg","image_width":"480","image_height":"681","image_alt":"Woodlight Csodal\u00e1mpa-Unikornis, Var\u00e1zslatos f\u00e9nyek, \u00e1lomba ringat\u00f3 hangulat- a gyerekszoba \u00faj kedvence!\\n\\nEngedd, hogy ez a fa \u00e9jszak..., Meska","image_title":"Woodlight Csodal\u00e1mpa-Unikornis, Meska","view_count":"192","favourite_count":"0","trending_score":"0","last2MonthFavouriteCount":"0","promotion":"0","giftcard_accept":"0","creditcard_accept":false,"enhanced_background":"0","domain":"meska","specific_customer_id":null,"specific_customer_name":null,"to_order_product":"0","to_order_product_time":"0","product_different":null,"product_different_description":"","vintage":"0","vintage_category_id":"0","recycled":"0","gemstone_id":"0","customizable":"0","type_category":"physical","zerowaste":"0","postage_price":"2500.00","shop_order":"0","has_category":"1","landing_pages":null,"microdata":{"number":34,"category":""},"title":"Woodlight Csodal\u00e1mpa-Unikornis","description":"Var\u00e1zslatos f\u00e9nyek, \u00e1lomba ringat\u00f3 hangulat- a gyerekszoba \u00faj kedvence!\n\nEngedd, hogy ez a fa \u00e9jszakai l\u00e1mpa minden est\u00e9t k\u00fcl\u00f6nlegess\u00e9 tegyen. Az aranyos minta \u00e9s a sz\u00ednes led vil\u00e1g\u00edt\u00e1s egy\u00fctt olyan mes\u00e9s atmoszf\u00e9r\u00e1t teremt, amit\u0151l a gyerekek biztons\u00e1gban \u00e9rzik magukat, a sz\u00fcl\u0151k pedig im\u00e1dni fogj\u00e1k a meleg, nyugtat\u00f3 f\u00e9nyj\u00e1t\u00e9kot.\nA l\u00e1mpa term\u00e9szetes fa fel\u00fclete eleg\u00e1ns \u00e9s id\u0151t\u00e1ll\u00f3, a j\u00e1t\u00e9kos form\u00e1k pedig vid\u00e1m, bar\u00e1ts\u00e1gos hangulatot visznek a szob\u00e1ba. Ak\u00e1r altat\u00e1shoz, ak\u00e1r esti meseolvas\u00e1shoz- ez a l\u00e1mpa garant\u00e1ltan a gyerekek kedvenc t\u00e1rsa lesz.\n\nAlapanyag: term\u00e9szetes fa\n\nF\u00e9nyforr\u00e1s: RGB ledszalag,  t\u00e1vir\u00e1ny\u00edt\u00f3val !\n\nA t\u00e1vir\u00e1ny\u00edt\u00f3 a sz\u00fcks\u00e9ges elemet tartalmazza!\n\nA doboz tartalma:\n\n1 db Csodal\u00e1mpa\n1 db h\u00e1l\u00f3zati adapter\n1 db t\u00e1vir\u00e1ny\u00edt\u00f3\n\nA l\u00e1mpa m\u00e9retei: 26,5cm magas 20cm sz\u00e9les \u00e9s 4 cm vastag.\n\nCser\u00e9lhet\u0151 el\u0151lapokkal, hogy a pr\u00fccs\u00f6k nem unja meg a l\u00e1mp\u00e1t!\n\nA b\u00e9k\u00e9s, nyugodt \u00e9jszak\u00e1k megteremt\u0151je!\n\nNeked val\u00f3 ha:\n\nNyugodt \u00e9s pihentet\u0151 alv\u00e1st szeretn\u00e9l a gyerk\u0151cnek,\u2026\u2026. \u00e9s magadnak :-).\nA f\u00e9nyter\u00e1pia seg\u00edts\u00e9g\u00e9vel szeretn\u00e9l gyermeked eg\u00e9szs\u00e9gi \u00e1llapot\u00e1n jav\u00edtani.\nSzeretn\u00e9l csillog\u00f3 \u00e9s mosolyg\u00f3 szemeket, amikor bekapcsolod!\nMeg akarod ismertetni a picivel a term\u00e9szet harm\u00f3ni\u00e1j\u00e1t, \u00e9s a fa szeretet\u00e9t.","score":0,"formatted_price":"16 480 Ft","image_url":"https:\/\/www.meska.hu\/img\/product\/small\/w\/o\/woodlight_product_355317_251126084711_320663.jpeg","formatted_url":"https:\/\/www.meska.hu\/p3629151-woodlight-csodalampa-unikornis","favourite":false,"in_stock":true,"avatar":"Woodlight_avatar_355317_1579030733.jpg","delete_from":0,"is_enhanced_background":false,"is_enhanced":false,"product_selection_started":false,"is_active":true,"image_webp_url":"https:\/\/www.meska.hu\/img\/product\/small\/w\/o\/woodlight_product_355317_251126084711_320663.webp"},{"id":"6016642","shop_id":"28709","user_id":"355317","shop_name":"Woodlight","shop_zip":"5540","product_code":"5682381","product_name_old":null,"product_name":"Woodlight Csodal\u00e1mpa-Din\u00f3","category_string":"Baba - mama, \u00c9jszakai f\u00e9ny, Babaszoba dekor\u00e1ci\u00f3","technic_string":"Famegmunk\u00e1l\u00e1s","category_1":"1735","category_2":"1761","category_3":"1466","category_4":"0","merged_category_1":null,"merged_category_2":null,"merged_category_3":null,"technic_1":"478","technic_2":"0","technic_3":"0","color_1":"515","color_2":"0","color_3":"0","product_description_old":null,"product_description":"Var\u00e1zslatos f\u00e9nyek, \u00e1lomba ringat\u00f3 hangulat- a gyerekszoba \u00faj kedvence!\n\nEngedd, hogy ez a fa \u00e9jszakai l\u00e1mpa minden est\u00e9t k\u00fcl\u00f6nlegess\u00e9 tegyen. Az aranyos minta \u00e9s a sz\u00ednes led vil\u00e1g\u00edt\u00e1s egy\u00fctt olyan mes\u00e9s atmoszf\u00e9r\u00e1t teremt, amit\u0151l a gyerekek biztons\u00e1gban \u00e9rzik magukat, a sz\u00fcl\u0151k pedig im\u00e1dni fogj\u00e1k a meleg, nyugtat\u00f3 f\u00e9nyj\u00e1t\u00e9kot.\nA l\u00e1mpa term\u00e9szetes fa fel\u00fclete eleg\u00e1ns \u00e9s id\u0151t\u00e1ll\u00f3, a j\u00e1t\u00e9kos form\u00e1k pedig vid\u00e1m, bar\u00e1ts\u00e1gos hangulatot visznek a szob\u00e1ba. Ak\u00e1r altat\u00e1shoz, ak\u00e1r esti meseolvas\u00e1shoz- ez a l\u00e1mpa garant\u00e1ltan a gyerekek kedvenc t\u00e1rsa lesz.\n\nAlapanyag: term\u00e9szetes fa\n\nF\u00e9nyforr\u00e1s: RGB ledszalag,  t\u00e1vir\u00e1ny\u00edt\u00f3val !\n\nA t\u00e1vir\u00e1ny\u00edt\u00f3 a sz\u00fcks\u00e9ges elemet tartalmazza!\n\nA doboz tartalma:\n\n1 db Csodal\u00e1mpa\n1 db h\u00e1l\u00f3zati adapter\n1 db t\u00e1vir\u00e1ny\u00edt\u00f3\n\nA l\u00e1mpa m\u00e9retei: 26,5cm magas 20cm sz\u00e9les \u00e9s 4 cm vastag.\n\nCser\u00e9lhet\u0151 el\u0151lapokkal, hogy a pr\u00fccs\u00f6k nem unja meg a l\u00e1mp\u00e1t!\n\nA b\u00e9k\u00e9s, nyugodt \u00e9jszak\u00e1k megteremt\u0151je!\n\nNeked val\u00f3 ha:\n\nNyugodt \u00e9s pihentet\u0151 alv\u00e1st szeretn\u00e9l a gyerk\u0151cnek,\u2026\u2026. \u00e9s magadnak :-).\nA f\u00e9nyter\u00e1pia seg\u00edts\u00e9g\u00e9vel szeretn\u00e9l gyermeked eg\u00e9szs\u00e9gi \u00e1llapot\u00e1n jav\u00edtani.\nSzeretn\u00e9l csillog\u00f3 \u00e9s mosolyg\u00f3 szemeket, amikor bekapcsolod!\nMeg akarod ismertetni a picivel a term\u00e9szet harm\u00f3ni\u00e1j\u00e1t, \u00e9s a fa szeretet\u00e9t.","price":"16480.00","unit":"db","recommended":"0","status":"1","sponsored":"0","exp_notify":"0","own_material":"0","own_material_description_old":null,"own_material_description":"","jury":"0","jury_number":"","product_nature":"","meskaracsony":"0","create_date":"2026-03-26 09:27:42","shelve_id":"0","image":"woodlight_product_355317_251126084951_473598.jpeg","image_width":"480","image_height":"631","image_alt":"Woodlight Csodal\u00e1mpa-Din\u00f3, Var\u00e1zslatos f\u00e9nyek, \u00e1lomba ringat\u00f3 hangulat- a gyerekszoba \u00faj kedvence!\\n\\nEngedd, hogy ez a fa \u00e9jszak..., Meska","image_title":"Woodlight Csodal\u00e1mpa-Din\u00f3, Meska","view_count":"102","favourite_count":"0","trending_score":"0","last2MonthFavouriteCount":"0","promotion":"0","giftcard_accept":"0","creditcard_accept":false,"enhanced_background":"0","domain":"meska","specific_customer_id":null,"specific_customer_name":null,"to_order_product":"0","to_order_product_time":"0","product_different":null,"product_different_description":"","vintage":"0","vintage_category_id":"0","recycled":"0","gemstone_id":"0","customizable":"0","type_category":"physical","zerowaste":"0","postage_price":"2500.00","shop_order":"0","has_category":"1","landing_pages":null,"microdata":{"number":35,"category":""},"title":"Woodlight Csodal\u00e1mpa-Din\u00f3","description":"Var\u00e1zslatos f\u00e9nyek, \u00e1lomba ringat\u00f3 hangulat- a gyerekszoba \u00faj kedvence!\n\nEngedd, hogy ez a fa \u00e9jszakai l\u00e1mpa minden est\u00e9t k\u00fcl\u00f6nlegess\u00e9 tegyen. Az aranyos minta \u00e9s a sz\u00ednes led vil\u00e1g\u00edt\u00e1s egy\u00fctt olyan mes\u00e9s atmoszf\u00e9r\u00e1t teremt, amit\u0151l a gyerekek biztons\u00e1gban \u00e9rzik magukat, a sz\u00fcl\u0151k pedig im\u00e1dni fogj\u00e1k a meleg, nyugtat\u00f3 f\u00e9nyj\u00e1t\u00e9kot.\nA l\u00e1mpa term\u00e9szetes fa fel\u00fclete eleg\u00e1ns \u00e9s id\u0151t\u00e1ll\u00f3, a j\u00e1t\u00e9kos form\u00e1k pedig vid\u00e1m, bar\u00e1ts\u00e1gos hangulatot visznek a szob\u00e1ba. Ak\u00e1r altat\u00e1shoz, ak\u00e1r esti meseolvas\u00e1shoz- ez a l\u00e1mpa garant\u00e1ltan a gyerekek kedvenc t\u00e1rsa lesz.\n\nAlapanyag: term\u00e9szetes fa\n\nF\u00e9nyforr\u00e1s: RGB ledszalag,  t\u00e1vir\u00e1ny\u00edt\u00f3val !\n\nA t\u00e1vir\u00e1ny\u00edt\u00f3 a sz\u00fcks\u00e9ges elemet tartalmazza!\n\nA doboz tartalma:\n\n1 db Csodal\u00e1mpa\n1 db h\u00e1l\u00f3zati adapter\n1 db t\u00e1vir\u00e1ny\u00edt\u00f3\n\nA l\u00e1mpa m\u00e9retei: 26,5cm magas 20cm sz\u00e9les \u00e9s 4 cm vastag.\n\nCser\u00e9lhet\u0151 el\u0151lapokkal, hogy a pr\u00fccs\u00f6k nem unja meg a l\u00e1mp\u00e1t!\n\nA b\u00e9k\u00e9s, nyugodt \u00e9jszak\u00e1k megteremt\u0151je!\n\nNeked val\u00f3 ha:\n\nNyugodt \u00e9s pihentet\u0151 alv\u00e1st szeretn\u00e9l a gyerk\u0151cnek,\u2026\u2026. \u00e9s magadnak :-).\nA f\u00e9nyter\u00e1pia seg\u00edts\u00e9g\u00e9vel szeretn\u00e9l gyermeked eg\u00e9szs\u00e9gi \u00e1llapot\u00e1n jav\u00edtani.\nSzeretn\u00e9l csillog\u00f3 \u00e9s mosolyg\u00f3 szemeket, amikor bekapcsolod!\nMeg akarod ismertetni a picivel a term\u00e9szet harm\u00f3ni\u00e1j\u00e1t, \u00e9s a fa szeretet\u00e9t.","score":0,"formatted_price":"16 480 Ft","image_url":"https:\/\/www.meska.hu\/img\/product\/small\/w\/o\/woodlight_product_355317_251126084951_473598.jpeg","formatted_url":"https:\/\/www.meska.hu\/p5682381-woodlight-csodalampa-dino","favourite":false,"in_stock":true,"avatar":"Woodlight_avatar_355317_1579030733.jpg","delete_from":0,"is_enhanced_background":false,"is_enhanced":false,"product_selection_started":false,"is_active":true,"image_webp_url":"https:\/\/www.meska.hu\/img\/product\/small\/w\/o\/woodlight_product_355317_251126084951_473598.webp"},{"id":"2430489","shop_id":"28709","user_id":"355317","shop_name":"Woodlight","shop_zip":"5540","product_code":"3629154","product_name_old":null,"product_name":"Woodlight Csodal\u00e1mpa-Traktor","category_string":"Baba - mama, \u00c9jszakai f\u00e9ny, Babaszoba dekor\u00e1ci\u00f3","technic_string":"Famegmunk\u00e1l\u00e1s","category_1":"1735","category_2":"1761","category_3":"1466","category_4":"0","merged_category_1":null,"merged_category_2":null,"merged_category_3":null,"technic_1":"478","technic_2":"0","technic_3":"0","color_1":"515","color_2":"0","color_3":"0","product_description_old":null,"product_description":"Var\u00e1zslatos f\u00e9nyek, \u00e1lomba ringat\u00f3 hangulat- a gyerekszoba \u00faj kedvence!\n\nEngedd, hogy ez a fa \u00e9jszakai l\u00e1mpa minden est\u00e9t k\u00fcl\u00f6nlegess\u00e9 tegyen. Az aranyos minta \u00e9s a sz\u00ednes led vil\u00e1g\u00edt\u00e1s egy\u00fctt olyan mes\u00e9s atmoszf\u00e9r\u00e1t teremt, amit\u0151l a gyerekek biztons\u00e1gban \u00e9rzik magukat, a sz\u00fcl\u0151k pedig im\u00e1dni fogj\u00e1k a meleg, nyugtat\u00f3 f\u00e9nyj\u00e1t\u00e9kot.\nA l\u00e1mpa term\u00e9szetes fa fel\u00fclete eleg\u00e1ns \u00e9s id\u0151t\u00e1ll\u00f3, a j\u00e1t\u00e9kos form\u00e1k pedig vid\u00e1m, bar\u00e1ts\u00e1gos hangulatot visznek a szob\u00e1ba. Ak\u00e1r altat\u00e1shoz, ak\u00e1r esti meseolvas\u00e1shoz- ez a l\u00e1mpa garant\u00e1ltan a gyerekek kedvenc t\u00e1rsa lesz.\n\nAlapanyag: term\u00e9szetes fa\n\nF\u00e9nyforr\u00e1s: RGB ledszalag,  t\u00e1vir\u00e1ny\u00edt\u00f3val !\n\nA t\u00e1vir\u00e1ny\u00edt\u00f3 a sz\u00fcks\u00e9ges elemet tartalmazza!\n\nA doboz tartalma:\n\n1 db Csodal\u00e1mpa\n1 db h\u00e1l\u00f3zati adapter\n1 db t\u00e1vir\u00e1ny\u00edt\u00f3\n\nA l\u00e1mpa m\u00e9retei: 26,5cm magas 20cm sz\u00e9les \u00e9s 4 cm vastag.\n\nCser\u00e9lhet\u0151 el\u0151lapokkal, hogy a pr\u00fccs\u00f6k nem unja meg a l\u00e1mp\u00e1t!\n\nA b\u00e9k\u00e9s, nyugodt \u00e9jszak\u00e1k megteremt\u0151je!\n\nNeked val\u00f3 ha:\n\nNyugodt \u00e9s pihentet\u0151 alv\u00e1st szeretn\u00e9l a gyerk\u0151cnek,\u2026\u2026. \u00e9s magadnak :-).\nA f\u00e9nyter\u00e1pia seg\u00edts\u00e9g\u00e9vel szeretn\u00e9l gyermeked eg\u00e9szs\u00e9gi \u00e1llapot\u00e1n jav\u00edtani.\nSzeretn\u00e9l csillog\u00f3 \u00e9s mosolyg\u00f3 szemeket, amikor bekapcsolod!\nMeg akarod ismertetni a picivel a term\u00e9szet harm\u00f3ni\u00e1j\u00e1t, \u00e9s a fa szeretet\u00e9t.","price":"16480.00","unit":"db","recommended":"0","status":"1","sponsored":"0","exp_notify":"0","own_material":"0","own_material_description_old":null,"own_material_description":"","jury":"0","jury_number":"","product_nature":"","meskaracsony":"0","create_date":"2026-03-26 08:27:35","shelve_id":"0","image":"woodlight_product_355317_251126082659_788958.jpeg","image_width":"480","image_height":"567","image_alt":"Woodlight Csodal\u00e1mpa-Traktor, Var\u00e1zslatos f\u00e9nyek, \u00e1lomba ringat\u00f3 hangulat- a gyerekszoba \u00faj kedvence!\\n\\nEngedd, hogy ez a fa \u00e9jszak..., Meska","image_title":"Woodlight Csodal\u00e1mpa-Traktor, Meska","view_count":"237","favourite_count":"1","trending_score":"0","last2MonthFavouriteCount":"1","promotion":"0","giftcard_accept":"0","creditcard_accept":false,"enhanced_background":"0","domain":"meska","specific_customer_id":null,"specific_customer_name":null,"to_order_product":"0","to_order_product_time":"0","product_different":null,"product_different_description":"","vintage":"0","vintage_category_id":"0","recycled":"0","gemstone_id":"0","customizable":"0","type_category":"physical","zerowaste":"0","postage_price":"2500.00","shop_order":"0","has_category":"1","landing_pages":null,"microdata":{"number":36,"category":""},"title":"Woodlight Csodal\u00e1mpa-Traktor","description":"Var\u00e1zslatos f\u00e9nyek, \u00e1lomba ringat\u00f3 hangulat- a gyerekszoba \u00faj kedvence!\n\nEngedd, hogy ez a fa \u00e9jszakai l\u00e1mpa minden est\u00e9t k\u00fcl\u00f6nlegess\u00e9 tegyen. Az aranyos minta \u00e9s a sz\u00ednes led vil\u00e1g\u00edt\u00e1s egy\u00fctt olyan mes\u00e9s atmoszf\u00e9r\u00e1t teremt, amit\u0151l a gyerekek biztons\u00e1gban \u00e9rzik magukat, a sz\u00fcl\u0151k pedig im\u00e1dni fogj\u00e1k a meleg, nyugtat\u00f3 f\u00e9nyj\u00e1t\u00e9kot.\nA l\u00e1mpa term\u00e9szetes fa fel\u00fclete eleg\u00e1ns \u00e9s id\u0151t\u00e1ll\u00f3, a j\u00e1t\u00e9kos form\u00e1k pedig vid\u00e1m, bar\u00e1ts\u00e1gos hangulatot visznek a szob\u00e1ba. Ak\u00e1r altat\u00e1shoz, ak\u00e1r esti meseolvas\u00e1shoz- ez a l\u00e1mpa garant\u00e1ltan a gyerekek kedvenc t\u00e1rsa lesz.\n\nAlapanyag: term\u00e9szetes fa\n\nF\u00e9nyforr\u00e1s: RGB ledszalag,  t\u00e1vir\u00e1ny\u00edt\u00f3val !\n\nA t\u00e1vir\u00e1ny\u00edt\u00f3 a sz\u00fcks\u00e9ges elemet tartalmazza!\n\nA doboz tartalma:\n\n1 db Csodal\u00e1mpa\n1 db h\u00e1l\u00f3zati adapter\n1 db t\u00e1vir\u00e1ny\u00edt\u00f3\n\nA l\u00e1mpa m\u00e9retei: 26,5cm magas 20cm sz\u00e9les \u00e9s 4 cm vastag.\n\nCser\u00e9lhet\u0151 el\u0151lapokkal, hogy a pr\u00fccs\u00f6k nem unja meg a l\u00e1mp\u00e1t!\n\nA b\u00e9k\u00e9s, nyugodt \u00e9jszak\u00e1k megteremt\u0151je!\n\nNeked val\u00f3 ha:\n\nNyugodt \u00e9s pihentet\u0151 alv\u00e1st szeretn\u00e9l a gyerk\u0151cnek,\u2026\u2026. \u00e9s magadnak :-).\nA f\u00e9nyter\u00e1pia seg\u00edts\u00e9g\u00e9vel szeretn\u00e9l gyermeked eg\u00e9szs\u00e9gi \u00e1llapot\u00e1n jav\u00edtani.\nSzeretn\u00e9l csillog\u00f3 \u00e9s mosolyg\u00f3 szemeket, amikor bekapcsolod!\nMeg akarod ismertetni a picivel a term\u00e9szet harm\u00f3ni\u00e1j\u00e1t, \u00e9s a fa szeretet\u00e9t.","score":0,"formatted_price":"16 480 Ft","image_url":"https:\/\/www.meska.hu\/img\/product\/small\/w\/o\/woodlight_product_355317_251126082659_788958.jpeg","formatted_url":"https:\/\/www.meska.hu\/p3629154-woodlight-csodalampa-traktor","favourite":false,"in_stock":true,"avatar":"Woodlight_avatar_355317_1579030733.jpg","delete_from":0,"is_enhanced_background":false,"is_enhanced":false,"product_selection_started":false,"is_active":true,"image_webp_url":"https:\/\/www.meska.hu\/img\/product\/small\/w\/o\/woodlight_product_355317_251126082659_788958.webp"},{"id":"2430491","shop_id":"28709","user_id":"355317","shop_name":"Woodlight","shop_zip":"5540","product_code":"3629157","product_name_old":null,"product_name":"Woodlight Csodal\u00e1mpa-Cica","category_string":"Baba - mama, \u00c9jszakai f\u00e9ny, Babaszoba dekor\u00e1ci\u00f3","technic_string":"Famegmunk\u00e1l\u00e1s","category_1":"1735","category_2":"1761","category_3":"1466","category_4":"0","merged_category_1":null,"merged_category_2":null,"merged_category_3":null,"technic_1":"478","technic_2":"0","technic_3":"0","color_1":"515","color_2":"0","color_3":"0","product_description_old":null,"product_description":"Var\u00e1zslatos f\u00e9nyek, \u00e1lomba ringat\u00f3 hangulat- a gyerekszoba \u00faj kedvence!\n\nEngedd, hogy ez a fa \u00e9jszakai l\u00e1mpa minden est\u00e9t k\u00fcl\u00f6nlegess\u00e9 tegyen. Az aranyos minta \u00e9s a sz\u00ednes led vil\u00e1g\u00edt\u00e1s egy\u00fctt olyan mes\u00e9s atmoszf\u00e9r\u00e1t teremt, amit\u0151l a gyerekek biztons\u00e1gban \u00e9rzik magukat, a sz\u00fcl\u0151k pedig im\u00e1dni fogj\u00e1k a meleg, nyugtat\u00f3 f\u00e9nyj\u00e1t\u00e9kot.\nA l\u00e1mpa term\u00e9szetes fa fel\u00fclete eleg\u00e1ns \u00e9s id\u0151t\u00e1ll\u00f3, a j\u00e1t\u00e9kos form\u00e1k pedig vid\u00e1m, bar\u00e1ts\u00e1gos hangulatot visznek a szob\u00e1ba. Ak\u00e1r altat\u00e1shoz, ak\u00e1r esti meseolvas\u00e1shoz- ez a l\u00e1mpa garant\u00e1ltan a gyerekek kedvenc t\u00e1rsa lesz.\n\nAlapanyag: term\u00e9szetes fa\n\nF\u00e9nyforr\u00e1s: RGB ledszalag,  t\u00e1vir\u00e1ny\u00edt\u00f3val !\n\nA t\u00e1vir\u00e1ny\u00edt\u00f3 a sz\u00fcks\u00e9ges elemet tartalmazza!\n\nA doboz tartalma:\n\n1 db Csodal\u00e1mpa\n1 db h\u00e1l\u00f3zati adapter\n1 db t\u00e1vir\u00e1ny\u00edt\u00f3\n\nA l\u00e1mpa m\u00e9retei: 26,5cm magas 20cm sz\u00e9les \u00e9s 4 cm vastag.\n\nCser\u00e9lhet\u0151 el\u0151lapokkal, hogy a pr\u00fccs\u00f6k nem unja meg a l\u00e1mp\u00e1t!\n\nA b\u00e9k\u00e9s, nyugodt \u00e9jszak\u00e1k megteremt\u0151je!\n\nNeked val\u00f3 ha:\n\nNyugodt \u00e9s pihentet\u0151 alv\u00e1st szeretn\u00e9l a gyerk\u0151cnek,\u2026\u2026. \u00e9s magadnak :-).\nA f\u00e9nyter\u00e1pia seg\u00edts\u00e9g\u00e9vel szeretn\u00e9l gyermeked eg\u00e9szs\u00e9gi \u00e1llapot\u00e1n jav\u00edtani.\nSzeretn\u00e9l csillog\u00f3 \u00e9s mosolyg\u00f3 szemeket, amikor bekapcsolod!\nMeg akarod ismertetni a picivel a term\u00e9szet harm\u00f3ni\u00e1j\u00e1t, \u00e9s a fa szeretet\u00e9t.","price":"16480.00","unit":"db","recommended":"0","status":"1","sponsored":"0","exp_notify":"0","own_material":"0","own_material_description_old":null,"own_material_description":"","jury":"0","jury_number":"","product_nature":"","meskaracsony":"0","create_date":"2026-03-25 16:23:15","shelve_id":"0","image":"woodlight_product_355317_251125161459_664863.jpeg","image_width":"480","image_height":"596","image_alt":"Woodlight Csodal\u00e1mpa-Cica, Var\u00e1zslatos f\u00e9nyek, \u00e1lomba ringat\u00f3 hangulat- a gyerekszoba \u00faj kedvence!\\n\\nEngedd, hogy ez a fa \u00e9jszak..., Meska","image_title":"Woodlight Csodal\u00e1mpa-Cica, Meska","view_count":"206","favourite_count":"0","trending_score":"0","last2MonthFavouriteCount":"0","promotion":"0","giftcard_accept":"0","creditcard_accept":false,"enhanced_background":"0","domain":"meska","specific_customer_id":null,"specific_customer_name":null,"to_order_product":"0","to_order_product_time":"0","product_different":null,"product_different_description":"","vintage":"0","vintage_category_id":"0","recycled":"0","gemstone_id":"0","customizable":"0","type_category":"physical","zerowaste":"0","postage_price":"2500.00","shop_order":"0","has_category":"1","landing_pages":null,"microdata":{"number":37,"category":""},"title":"Woodlight Csodal\u00e1mpa-Cica","description":"Var\u00e1zslatos f\u00e9nyek, \u00e1lomba ringat\u00f3 hangulat- a gyerekszoba \u00faj kedvence!\n\nEngedd, hogy ez a fa \u00e9jszakai l\u00e1mpa minden est\u00e9t k\u00fcl\u00f6nlegess\u00e9 tegyen. Az aranyos minta \u00e9s a sz\u00ednes led vil\u00e1g\u00edt\u00e1s egy\u00fctt olyan mes\u00e9s atmoszf\u00e9r\u00e1t teremt, amit\u0151l a gyerekek biztons\u00e1gban \u00e9rzik magukat, a sz\u00fcl\u0151k pedig im\u00e1dni fogj\u00e1k a meleg, nyugtat\u00f3 f\u00e9nyj\u00e1t\u00e9kot.\nA l\u00e1mpa term\u00e9szetes fa fel\u00fclete eleg\u00e1ns \u00e9s id\u0151t\u00e1ll\u00f3, a j\u00e1t\u00e9kos form\u00e1k pedig vid\u00e1m, bar\u00e1ts\u00e1gos hangulatot visznek a szob\u00e1ba. Ak\u00e1r altat\u00e1shoz, ak\u00e1r esti meseolvas\u00e1shoz- ez a l\u00e1mpa garant\u00e1ltan a gyerekek kedvenc t\u00e1rsa lesz.\n\nAlapanyag: term\u00e9szetes fa\n\nF\u00e9nyforr\u00e1s: RGB ledszalag,  t\u00e1vir\u00e1ny\u00edt\u00f3val !\n\nA t\u00e1vir\u00e1ny\u00edt\u00f3 a sz\u00fcks\u00e9ges elemet tartalmazza!\n\nA doboz tartalma:\n\n1 db Csodal\u00e1mpa\n1 db h\u00e1l\u00f3zati adapter\n1 db t\u00e1vir\u00e1ny\u00edt\u00f3\n\nA l\u00e1mpa m\u00e9retei: 26,5cm magas 20cm sz\u00e9les \u00e9s 4 cm vastag.\n\nCser\u00e9lhet\u0151 el\u0151lapokkal, hogy a pr\u00fccs\u00f6k nem unja meg a l\u00e1mp\u00e1t!\n\nA b\u00e9k\u00e9s, nyugodt \u00e9jszak\u00e1k megteremt\u0151je!\n\nNeked val\u00f3 ha:\n\nNyugodt \u00e9s pihentet\u0151 alv\u00e1st szeretn\u00e9l a gyerk\u0151cnek,\u2026\u2026. \u00e9s magadnak :-).\nA f\u00e9nyter\u00e1pia seg\u00edts\u00e9g\u00e9vel szeretn\u00e9l gyermeked eg\u00e9szs\u00e9gi \u00e1llapot\u00e1n jav\u00edtani.\nSzeretn\u00e9l csillog\u00f3 \u00e9s mosolyg\u00f3 szemeket, amikor bekapcsolod!\nMeg akarod ismertetni a picivel a term\u00e9szet harm\u00f3ni\u00e1j\u00e1t, \u00e9s a fa szeretet\u00e9t.","score":0,"formatted_price":"16 480 Ft","image_url":"https:\/\/www.meska.hu\/img\/product\/small\/w\/o\/woodlight_product_355317_251125161459_664863.jpeg","formatted_url":"https:\/\/www.meska.hu\/p3629157-woodlight-csodalampas-cica","favourite":false,"in_stock":true,"avatar":"Woodlight_avatar_355317_1579030733.jpg","delete_from":0,"is_enhanced_background":false,"is_enhanced":false,"product_selection_started":false,"is_active":true,"image_webp_url":"https:\/\/www.meska.hu\/img\/product\/small\/w\/o\/woodlight_product_355317_251125161459_664863.webp"},{"id":"5226557","shop_id":"43850","user_id":"630490","shop_name":"LilaMuhely","shop_zip":"9721","product_code":"5219998","product_name_old":null,"product_name":" EN\u00e9vre sz\u00f3l\u00f3 LED maci hangulatl\u00e1mpa A","category_string":"Baba - mama, Babaszoba dekor\u00e1ci\u00f3, \u00c9jszakai f\u00e9ny","technic_string":"Szobr\u00e1szat","category_1":"1735","category_2":"1466","category_3":"1761","category_4":"0","merged_category_1":"0","merged_category_2":"0","merged_category_3":"0","technic_1":"501","technic_2":"0","technic_3":"0","color_1":"513","color_2":"0","color_3":"0","product_description_old":null,"product_description":"3D hat\u00e1s\u00fa igaz\u00e1n b\u00e1jos maci hangulatl\u00e1mpa, n\u00e9vvel.\n\nBekapcsolva, a talpba \u00e9p\u00edtett led sor gy\u00f6ny\u00f6r\u0171en megvil\u00e1g\u00edtja a mack\u00f3t \u00e9s a minta minden elem\u00e9t,-k\u00f6zt\u00fck a nevet-csod\u00e1latosan kiemeli.\n\n\u00a0Fantasztikus aj\u00e1nd\u00e9k sz\u00fclet\u00e9snapra, n\u00e9vnapra, gyereknapra, b\u00e1rmilyen \u00fcnnepre, de t\u00f6k\u00e9letes v\u00e1laszt\u00e1s, ha hangulatot szeretn\u00e9l csemp\u00e9szni a a szob\u00e1ba.\n\nRendel\u00e9skor a MEGJEGYZ\u00c9S rovatba \u00edrd be k\u00e9rlek a nevet, amit a mack\u00f3 kez\u00e9ben lev\u0151 sz\u00edvbe vagy alulra szeretn\u00e9l. \nElk\u00e9sz\u00fcl\u00e9si id\u0151: 4 munkanap\nS\u00fcrg\u0151ss\u00e9gi fel\u00e1r megv\u00e1s\u00e1rl\u00e1s\u00e1val ,a megrendel\u00e9st k\u00f6vet\u0151 nap felad\u00e1sra ker\u00fcl! (p\u00e9nteki megrendel\u00e9s ,h\u00e9tf\u0151n ker\u00fcl felad\u00e1sra V\u00e1laszd ki a leg\u00f6rd\u00fcl\u0151 men\u00fcben!\nR\u00e9szletek:\n\u2022 Anyaga: akryl \n\u2022 Vil\u00e1g\u00edt\u00e1s: Egyszer\u0171en csatlakoztassa a l\u00e1mp\u00e1t egy USB-k\u00e1belhez .A LED l\u00e1mpa rendk\u00edv\u00fcl alacsony energiafogyaszt\u00e1ssal \u00e9s hossz\u00fa \u00e9lettartammal rendelkezik, \u00edgy hossz\u00fa \u00e9vekig k\u00e9pes \u00d6nt szolg\u00e1lni.\n\u2022 M\u00e9retek: 15 cm magas\n\n\nA csomag tartalma:\n\u2022 1 db +D hat\u00e1s\u00fa maci, feliratozva\n\u2022 1 db LED sorral ell\u00e1tott talapzat,  USB k\u00e1bellel\n+AJ\u00c1ND\u00c9K pamut MACIS zokni\n\nA term\u00e9ket sz\u00e9p, ig\u00e9nyes csomagol\u00e1sban kapod, \u00edgy amennyiben aj\u00e1nd\u00e9knak sz\u00e1nod, a csomagol\u00e1ssal m\u00e1r nem lesz gondod:)\nSzem\u00e9lyes \u00e1tv\u00e9tel : Budapest, CORVIN PLAZA (egyeztetett id\u0151pont)","price":"6900.00","unit":"db","recommended":"0","status":"1","sponsored":"0","exp_notify":"0","own_material":"0","own_material_description_old":null,"own_material_description":"","jury":"0","jury_number":"","product_nature":"","meskaracsony":"0","create_date":"2026-03-24 13:16:12","shelve_id":"0","image":"lilamuhely_product_630490_240403102212_09595.jpeg","image_width":"480","image_height":"480","image_alt":" EN\u00e9vre sz\u00f3l\u00f3 LED maci hangulatl\u00e1mpa A, 3D hat\u00e1s\u00fa igaz\u00e1n b\u00e1jos maci hangulatl\u00e1mpa, n\u00e9vvel.\\n\\nBekapcsolva, a talpba \u00e9p\u00edtett led sor gy\u00f6ny\u00f6r\u0171en..., Meska","image_title":" EN\u00e9vre sz\u00f3l\u00f3 LED maci hangulatl\u00e1mpa A, Meska","view_count":"1091","favourite_count":"0","trending_score":"0","last2MonthFavouriteCount":"0","promotion":0,"giftcard_accept":"0","creditcard_accept":false,"enhanced_background":"0","domain":"meska","specific_customer_id":null,"specific_customer_name":null,"to_order_product":"0","to_order_product_time":"0","product_different":null,"product_different_description":"","vintage":"0","vintage_category_id":"0","recycled":"1","gemstone_id":"0","customizable":"1","type_category":"physical","zerowaste":"0","postage_price":"1290.00","shop_order":"0","has_category":"1","landing_pages":null,"microdata":{"number":38,"category":""},"title":" EN\u00e9vre sz\u00f3l\u00f3 LED maci hangulatl\u00e1mpa A","description":"3D hat\u00e1s\u00fa igaz\u00e1n b\u00e1jos maci hangulatl\u00e1mpa, n\u00e9vvel.\n\nBekapcsolva, a talpba \u00e9p\u00edtett led sor gy\u00f6ny\u00f6r\u0171en megvil\u00e1g\u00edtja a mack\u00f3t \u00e9s a minta minden elem\u00e9t,-k\u00f6zt\u00fck a nevet-csod\u00e1latosan kiemeli.\n\n\u00a0Fantasztikus aj\u00e1nd\u00e9k sz\u00fclet\u00e9snapra, n\u00e9vnapra, gyereknapra, b\u00e1rmilyen \u00fcnnepre, de t\u00f6k\u00e9letes v\u00e1laszt\u00e1s, ha hangulatot szeretn\u00e9l csemp\u00e9szni a a szob\u00e1ba.\n\nRendel\u00e9skor a MEGJEGYZ\u00c9S rovatba \u00edrd be k\u00e9rlek a nevet, amit a mack\u00f3 kez\u00e9ben lev\u0151 sz\u00edvbe vagy alulra szeretn\u00e9l. \nElk\u00e9sz\u00fcl\u00e9si id\u0151: 4 munkanap\nS\u00fcrg\u0151ss\u00e9gi fel\u00e1r megv\u00e1s\u00e1rl\u00e1s\u00e1val ,a megrendel\u00e9st k\u00f6vet\u0151 nap felad\u00e1sra ker\u00fcl! (p\u00e9nteki megrendel\u00e9s ,h\u00e9tf\u0151n ker\u00fcl felad\u00e1sra V\u00e1laszd ki a leg\u00f6rd\u00fcl\u0151 men\u00fcben!\nR\u00e9szletek:\n\u2022 Anyaga: akryl \n\u2022 Vil\u00e1g\u00edt\u00e1s: Egyszer\u0171en csatlakoztassa a l\u00e1mp\u00e1t egy USB-k\u00e1belhez .A LED l\u00e1mpa rendk\u00edv\u00fcl alacsony energiafogyaszt\u00e1ssal \u00e9s hossz\u00fa \u00e9lettartammal rendelkezik, \u00edgy hossz\u00fa \u00e9vekig k\u00e9pes \u00d6nt szolg\u00e1lni.\n\u2022 M\u00e9retek: 15 cm magas\n\n\nA csomag tartalma:\n\u2022 1 db +D hat\u00e1s\u00fa maci, feliratozva\n\u2022 1 db LED sorral ell\u00e1tott talapzat,  USB k\u00e1bellel\n+AJ\u00c1ND\u00c9K pamut MACIS zokni\n\nA term\u00e9ket sz\u00e9p, ig\u00e9nyes csomagol\u00e1sban kapod, \u00edgy amennyiben aj\u00e1nd\u00e9knak sz\u00e1nod, a csomagol\u00e1ssal m\u00e1r nem lesz gondod:)\nSzem\u00e9lyes \u00e1tv\u00e9tel : Budapest, CORVIN PLAZA (egyeztetett id\u0151pont)","score":0,"formatted_price":"6 900 Ft","image_url":"https:\/\/www.meska.hu\/img\/product\/small\/l\/i\/lilamuhely_product_630490_240403102212_09595.jpeg","formatted_url":"https:\/\/www.meska.hu\/p5219998-egyedi-feliratos-3d-led-maci-hangulatlampa","favourite":false,"in_stock":true,"avatar":"630490_avatar_1704738255.jpeg","delete_from":0,"is_enhanced_background":false,"is_enhanced":false,"product_selection_started":false,"is_active":true,"image_webp_url":"https:\/\/www.meska.hu\/img\/product\/small\/l\/i\/lilamuhely_product_630490_240403102212_09595.webp"},{"id":"5873930","shop_id":"44711","user_id":"641650","shop_name":"SzandiFilcKucko","shop_zip":"3200","product_code":"5595407","product_name_old":null,"product_name":"Vil\u00e1g\u00edt\u00f3 n\u00e9vre sz\u00f3l\u00f3 \u00e9jszakai f\u00e9ny, babaszoba d\u00edsz, babak\u00f6sz\u00f6nt\u0151 aj\u00e1nd\u00e9k, alv\u00f3 macival m\u00f3kus , s\u00fcnivel vil\u00e1g\u00edt\u00f3 holdal","category_string":"Baba - mama, \u00c9jszakai f\u00e9ny, Babaszoba dekor\u00e1ci\u00f3","technic_string":"Varr\u00e1s","category_1":"1735","category_2":"1761","category_3":"1466","category_4":"0","merged_category_1":null,"merged_category_2":null,"merged_category_3":null,"technic_1":"506","technic_2":"0","technic_3":"0","color_1":"514","color_2":"515","color_3":"0","product_description_old":null,"product_description":"Filc anyagb\u00f3l k\u00e9sz\u00fclt kb 20x 45 cm , elemes l\u00e9ddel ell\u00e1tott, n\u00e9vre sz\u00f3l\u00f3 \u00e9jszaka f\u00e9ny. Baba \u00e9s gyermekszob\u00e1ba ide\u00e1lis elalv\u00e1s el\u0151tti hangulat vil\u00e1g\u00edt\u00e1snak. Akaszt\u00f3s, \u00edgy falra , baldachintart\u00f3ra, ajt\u00f3ra... stb. k\u00f6nnyed\u00e9n felakaszthat\u00f3.","price":"13990.00","unit":"db","recommended":"0","status":"1","sponsored":"0","exp_notify":"0","own_material":"0","own_material_description_old":null,"own_material_description":"","jury":"0","jury_number":"","product_nature":"","meskaracsony":"0","create_date":"2026-03-23 11:52:38","shelve_id":"0","image":"szandifilckucko_product_641650_250730165139_268371.png","image_width":"480","image_height":"480","image_alt":"Vil\u00e1g\u00edt\u00f3 n\u00e9vre sz\u00f3l\u00f3 \u00e9jszakai f\u00e9ny, babaszoba d\u00edsz, babak\u00f6sz\u00f6nt\u0151 aj\u00e1nd\u00e9k, alv\u00f3 macival m\u00f3kus , s\u00fcnivel vil\u00e1g\u00edt\u00f3 holdal, Filc anyagb\u00f3l k\u00e9sz\u00fclt kb 20x 45 cm , elemes l\u00e9ddel ell\u00e1tott, n\u00e9vre sz\u00f3l\u00f3 \u00e9jszaka f\u00e9ny. Baba \u00e9s gyerm..., Meska","image_title":"Vil\u00e1g\u00edt\u00f3 n\u00e9vre sz\u00f3l\u00f3 \u00e9jszakai f\u00e9ny, babaszoba d\u00edsz, babak\u00f6sz\u00f6nt\u0151 aj\u00e1nd\u00e9k, alv\u00f3 macival m\u00f3kus , s\u00fcnivel vil\u00e1g\u00edt\u00f3 holdal, Meska","view_count":"419","favourite_count":"2","trending_score":"0","last2MonthFavouriteCount":"2","promotion":"0","giftcard_accept":"0","creditcard_accept":false,"enhanced_background":"0","domain":"meska","specific_customer_id":null,"specific_customer_name":null,"to_order_product":"1","to_order_product_time":"7","product_different":null,"product_different_description":"","vintage":"0","vintage_category_id":"0","recycled":"0","gemstone_id":"0","customizable":"1","type_category":"physical","zerowaste":"0","postage_price":"1500.00","shop_order":"0","has_category":"1","landing_pages":null,"microdata":{"number":39,"category":""},"title":"Vil\u00e1g\u00edt\u00f3 n\u00e9vre sz\u00f3l\u00f3 \u00e9jszakai f\u00e9ny, babaszoba d\u00edsz, babak\u00f6sz\u00f6nt\u0151 aj\u00e1nd\u00e9k, alv\u00f3 macival m\u00f3kus , s\u00fcnivel vil\u00e1g\u00edt\u00f3 holdal","description":"Filc anyagb\u00f3l k\u00e9sz\u00fclt kb 20x 45 cm , elemes l\u00e9ddel ell\u00e1tott, n\u00e9vre sz\u00f3l\u00f3 \u00e9jszaka f\u00e9ny. Baba \u00e9s gyermekszob\u00e1ba ide\u00e1lis elalv\u00e1s el\u0151tti hangulat vil\u00e1g\u00edt\u00e1snak. Akaszt\u00f3s, \u00edgy falra , baldachintart\u00f3ra, ajt\u00f3ra... stb. k\u00f6nnyed\u00e9n felakaszthat\u00f3.","score":0,"formatted_price":"13 990 Ft","image_url":"https:\/\/www.meska.hu\/img\/product\/small\/s\/z\/szandifilckucko_product_641650_250730165139_268371.png","formatted_url":"https:\/\/www.meska.hu\/p5595407-vilagito-nevre-szolo-ejszakai-feny-babaszoba-disz-babakoszonto-ajandek-alvo-macival-mokus-sunivel-vilagito-holdal","favourite":false,"in_stock":false,"avatar":"641650_avatar_1710771980.png","delete_from":0,"is_enhanced_background":false,"is_enhanced":false,"product_selection_started":false,"is_active":true,"image_webp_url":"https:\/\/www.meska.hu\/img\/product\/small\/s\/z\/szandifilckucko_product_641650_250730165139_268371.webp"},{"id":"5925736","shop_id":"43575","user_id":"622009","shop_name":"nyuszikert","shop_zip":"9144","product_code":"5622412","product_name_old":null,"product_name":"Akril \u00e9jjeli f\u00e9ny nyomtatott mint\u00e1val- vir\u00e1gok","category_string":"Baba - mama, \u00c9jszakai f\u00e9ny, Babaszoba dekor\u00e1ci\u00f3","technic_string":"Mindenm\u00e1s","category_1":"1735","category_2":"1761","category_3":"1466","category_4":"0","merged_category_1":null,"merged_category_2":null,"merged_category_3":null,"technic_1":"493","technic_2":"0","technic_3":"0","color_1":"513","color_2":"0","color_3":"0","product_description_old":null,"product_description":"Var\u00e1zsolj meghitt hangulatot otthonodba ezekkel az eleg\u00e1ns akril\u00fcveg \u00e9jjeli f\u00e9nyekkel!\nA mint\u00e1k UV nyomtat\u00e1ssal k\u00e9sz\u00fclnek, \u00edgy rendk\u00edv\u00fcl r\u00e9szletgazdagok, \u00e9l\u00e9nk sz\u00edn\u0171ek \u00e9s tart\u00f3sak \u2013 nem kopnak, nem fakulnak, hossz\u00fa \u00e9veken \u00e1t meg\u0151rzik sz\u00e9ps\u00e9g\u00fcket.\n\nMi\u00e9rt fogod szeretni?\n\nHordozhat\u00f3 \u00e9s k\u00e1belmentes \u2013 b\u00e1rhol elhelyezheted.\n\nAk\u00e1r 120 \u00f3r\u00e1s \u00fczemid\u0151 egyetlen t\u00f6lt\u00e9ssel.\n\n\u00dajrat\u00f6lthet\u0151 akkumul\u00e1tor \u2013 k\u00f6rnyezetbar\u00e1t \u00e9s k\u00f6lts\u00e9ghat\u00e9kony.\n\nLED vil\u00e1g\u00edt\u00e1s \u2013 energiatakar\u00e9kos, stabil \u00e9s kellemes f\u00e9ny.\n\nSzem\u00e9lyre szabhat\u00f3 n\u00e9vvel, d\u00e1tummal \u00e9s mint\u00e1val.\n\nAdatok:\n\nM\u00e9ret: kb. 15 \u00d7 16 cm\n\nAnyag: 5 mm akril\u00fcveg + fa LED talp\n\nVil\u00e1g\u00edt\u00e1s: LED\n\nT\u00f6k\u00e9letes aj\u00e1nd\u00e9k babak\u00f6sz\u00f6nt\u0151re, sz\u00fclet\u00e9snapra, keresztel\u0151re vagy kar\u00e1csonyra.\n\nCsomag tartalma:\n\u2714 1 db akril\u00fcveg UV nyomtatott mint\u00e1val\n\u2714 1 db fa LED talp\n\u2714 1 db USB t\u00f6lt\u0151k\u00e1bel (t\u00f6lt\u0151fej n\u00e9lk\u00fcl)","price":"11990.00","unit":"db","recommended":"0","status":"1","sponsored":"0","exp_notify":"0","own_material":"0","own_material_description_old":null,"own_material_description":"","jury":"0","jury_number":"","product_nature":"","meskaracsony":"0","create_date":"2026-03-20 08:39:06","shelve_id":"0","image":"nyuszikert_product_622009_250923110831_851761.jpeg","image_width":"480","image_height":"480","image_alt":"Akril \u00e9jjeli f\u00e9ny nyomtatott mint\u00e1val- vir\u00e1gok, Var\u00e1zsolj meghitt hangulatot otthonodba ezekkel az eleg\u00e1ns akril\u00fcveg \u00e9jjeli f\u00e9nyekkel!\\nA mint\u00e1k UV n..., Meska","image_title":"Akril \u00e9jjeli f\u00e9ny nyomtatott mint\u00e1val- vir\u00e1gok, Meska","view_count":"300","favourite_count":"1","trending_score":"0","last2MonthFavouriteCount":"0","promotion":"0","giftcard_accept":"0","creditcard_accept":true,"enhanced_background":"0","domain":"meska","specific_customer_id":null,"specific_customer_name":null,"to_order_product":"1","to_order_product_time":"5","product_different":null,"product_different_description":"","vintage":"0","vintage_category_id":"0","recycled":"0","gemstone_id":"0","customizable":"1","type_category":"physical","zerowaste":"0","postage_price":"1290.00","shop_order":"0","has_category":"1","landing_pages":null,"microdata":{"number":40,"category":""},"title":"Akril \u00e9jjeli f\u00e9ny nyomtatott mint\u00e1val- vir\u00e1gok","description":"Var\u00e1zsolj meghitt hangulatot otthonodba ezekkel az eleg\u00e1ns akril\u00fcveg \u00e9jjeli f\u00e9nyekkel!\nA mint\u00e1k UV nyomtat\u00e1ssal k\u00e9sz\u00fclnek, \u00edgy rendk\u00edv\u00fcl r\u00e9szletgazdagok, \u00e9l\u00e9nk sz\u00edn\u0171ek \u00e9s tart\u00f3sak \u2013 nem kopnak, nem fakulnak, hossz\u00fa \u00e9veken \u00e1t meg\u0151rzik sz\u00e9ps\u00e9g\u00fcket.\n\nMi\u00e9rt fogod szeretni?\n\nHordozhat\u00f3 \u00e9s k\u00e1belmentes \u2013 b\u00e1rhol elhelyezheted.\n\nAk\u00e1r 120 \u00f3r\u00e1s \u00fczemid\u0151 egyetlen t\u00f6lt\u00e9ssel.\n\n\u00dajrat\u00f6lthet\u0151 akkumul\u00e1tor \u2013 k\u00f6rnyezetbar\u00e1t \u00e9s k\u00f6lts\u00e9ghat\u00e9kony.\n\nLED vil\u00e1g\u00edt\u00e1s \u2013 energiatakar\u00e9kos, stabil \u00e9s kellemes f\u00e9ny.\n\nSzem\u00e9lyre szabhat\u00f3 n\u00e9vvel, d\u00e1tummal \u00e9s mint\u00e1val.\n\nAdatok:\n\nM\u00e9ret: kb. 15 \u00d7 16 cm\n\nAnyag: 5 mm akril\u00fcveg + fa LED talp\n\nVil\u00e1g\u00edt\u00e1s: LED\n\nT\u00f6k\u00e9letes aj\u00e1nd\u00e9k babak\u00f6sz\u00f6nt\u0151re, sz\u00fclet\u00e9snapra, keresztel\u0151re vagy kar\u00e1csonyra.\n\nCsomag tartalma:\n\u2714 1 db akril\u00fcveg UV nyomtatott mint\u00e1val\n\u2714 1 db fa LED talp\n\u2714 1 db USB t\u00f6lt\u0151k\u00e1bel (t\u00f6lt\u0151fej n\u00e9lk\u00fcl)","score":0,"formatted_price":"11 990 Ft","image_url":"https:\/\/www.meska.hu\/img\/product\/small\/n\/y\/nyuszikert_product_622009_250923110831_851761.jpeg","formatted_url":"https:\/\/www.meska.hu\/p5622412-akril-ejjeli-feny-nyomtatott-mintaval-viragok","favourite":false,"in_stock":false,"avatar":"622009_avatar_1701843989.jpeg","delete_from":0,"is_enhanced_background":false,"is_enhanced":false,"product_selection_started":false,"is_active":true,"image_webp_url":"https:\/\/www.meska.hu\/img\/product\/small\/n\/y\/nyuszikert_product_622009_250923110831_851761.webp"},{"id":"3491780","shop_id":"36715","user_id":"431554","shop_name":"Lasergravir","shop_zip":"4029","product_code":"4585607","product_name_old":null,"product_name":"Babak\u00f6sz\u00f6nt\u0151 3 D-s LED  l\u00e1mpa, 7 sz\u00edn\u0171","category_string":"Baba - mama, \u00c9jszakai f\u00e9ny, Babaszoba dekor\u00e1ci\u00f3","technic_string":"Grav\u00edroz\u00e1s, pirogr\u00e1fia","category_1":"1735","category_2":"1761","category_3":"1466","category_4":"0","merged_category_1":"0","merged_category_2":"0","merged_category_3":"0","technic_1":"796","technic_2":"0","technic_3":"0","color_1":"513","color_2":"0","color_3":"0","product_description_old":null,"product_description":"Nem mindennapi d\u00edsze lehet saj\u00e1t  lak\u00e1sunknak, vagy sz\u00fcl\u0151knek, nagysz\u00fcl\u0151knek is remek aj\u00e1nd\u00e9k ez az egyedi, mutat\u00f3s, vil\u00e1g\u00edt\u00f3 l\u00e1mpa\/d\u00edsz LED talppal \n\nJellemz\u0151i: grav\u00edrozott,  egyedi mint\u00e1zat\u00fa, talpas, plexi asztald\u00edsz \n\nM\u0171k\u00f6dtet\u00e9se: USB-r\u0151l vagy 3 db ceruzaelemr\u0151l (nem tartoz\u00e9k)\n\nK\u00fcl\u00f6nlegess\u00e9ge: v\u00e1laszthat\u00f3 7 k\u00fcl\u00f6nb\u00f6z\u0151 sz\u00ednben (piros, z\u00f6ld, k\u00e9k, s\u00e1rga, lila, feh\u00e9r, tengerz\u00f6ld) pomp\u00e1zik + szinv\u00e1lt\u00f3s opci\u00f3 mely tetsz\u0151legesen \u00e1ll\u00edthat\u00f3.\n\nM\u00e9rete: \nplexi t\u00e1bla: 10 cm x 17 cm x 0,4 cm\ntalp: 8 x 4 cm.\n\nK\u00e9rhet\u0151: tetsz\u0151leges darabsz\u00e1mban, felirattal, mint\u00e1val\n\nElk\u00e9sz\u00edt\u00e9se: utal\u00e1st k\u00f6vet\u0151en 4-10 munkanap\nS\u00fcrg\u0151ss\u00e9gi fel\u00e1r (+ 3.000 Ft)  eset\u00e9n: 1-3 munkanap\n\nSzem\u00e9lyes \u00e1tv\u00e9tel Debrecenben lehets\u00e9ges\n\nPost\u00e1z\u00e1s: mindenkori d\u00edjszab\u00e1s szerint\n\nV\u00e1s\u00e1rolt alapanyagra saj\u00e1t munka a tervez\u00e9s, v\u00e1g\u00e1s, grav\u00edroz\u00e1s","price":"7800.00","unit":"db","recommended":"0","status":"1","sponsored":"0","exp_notify":"0","own_material":"0","own_material_description_old":null,"own_material_description":"","jury":"0","jury_number":"","product_nature":"","meskaracsony":"0","create_date":"2026-03-20 03:43:27","shelve_id":"0","image":"lasergravir_product_431554_231209182155_829926.jpeg","image_width":"480","image_height":"640","image_alt":"Babak\u00f6sz\u00f6nt\u0151 3 D-s LED  l\u00e1mpa, 7 sz\u00edn\u0171, Nem mindennapi d\u00edsze lehet saj\u00e1t  lak\u00e1sunknak, vagy sz\u00fcl\u0151knek, nagysz\u00fcl\u0151knek is remek aj\u00e1nd\u00e9k ez az ..., Meska","image_title":"Babak\u00f6sz\u00f6nt\u0151 3 D-s LED  l\u00e1mpa, 7 sz\u00edn\u0171, Meska","view_count":"1670","favourite_count":"0","trending_score":"0","last2MonthFavouriteCount":"0","promotion":"0","giftcard_accept":"0","creditcard_accept":false,"enhanced_background":"0","domain":"meska","specific_customer_id":null,"specific_customer_name":null,"to_order_product":"1","to_order_product_time":"8","product_different":null,"product_different_description":"","vintage":"0","vintage_category_id":"0","recycled":"0","gemstone_id":"0","customizable":"1","type_category":"physical","zerowaste":"0","postage_price":"1500.00","shop_order":"0","has_category":"1","landing_pages":null,"microdata":{"number":41,"category":""},"title":"Babak\u00f6sz\u00f6nt\u0151 3 D-s LED  l\u00e1mpa, 7 sz\u00edn\u0171","description":"Nem mindennapi d\u00edsze lehet saj\u00e1t  lak\u00e1sunknak, vagy sz\u00fcl\u0151knek, nagysz\u00fcl\u0151knek is remek aj\u00e1nd\u00e9k ez az egyedi, mutat\u00f3s, vil\u00e1g\u00edt\u00f3 l\u00e1mpa\/d\u00edsz LED talppal \n\nJellemz\u0151i: grav\u00edrozott,  egyedi mint\u00e1zat\u00fa, talpas, plexi asztald\u00edsz \n\nM\u0171k\u00f6dtet\u00e9se: USB-r\u0151l vagy 3 db ceruzaelemr\u0151l (nem tartoz\u00e9k)\n\nK\u00fcl\u00f6nlegess\u00e9ge: v\u00e1laszthat\u00f3 7 k\u00fcl\u00f6nb\u00f6z\u0151 sz\u00ednben (piros, z\u00f6ld, k\u00e9k, s\u00e1rga, lila, feh\u00e9r, tengerz\u00f6ld) pomp\u00e1zik + szinv\u00e1lt\u00f3s opci\u00f3 mely tetsz\u0151legesen \u00e1ll\u00edthat\u00f3.\n\nM\u00e9rete: \nplexi t\u00e1bla: 10 cm x 17 cm x 0,4 cm\ntalp: 8 x 4 cm.\n\nK\u00e9rhet\u0151: tetsz\u0151leges darabsz\u00e1mban, felirattal, mint\u00e1val\n\nElk\u00e9sz\u00edt\u00e9se: utal\u00e1st k\u00f6vet\u0151en 4-10 munkanap\nS\u00fcrg\u0151ss\u00e9gi fel\u00e1r (+ 3.000 Ft)  eset\u00e9n: 1-3 munkanap\n\nSzem\u00e9lyes \u00e1tv\u00e9tel Debrecenben lehets\u00e9ges\n\nPost\u00e1z\u00e1s: mindenkori d\u00edjszab\u00e1s szerint\n\nV\u00e1s\u00e1rolt alapanyagra saj\u00e1t munka a tervez\u00e9s, v\u00e1g\u00e1s, grav\u00edroz\u00e1s","score":0,"formatted_price":"7 800 Ft","image_url":"https:\/\/www.meska.hu\/img\/product\/small\/l\/a\/lasergravir_product_431554_231209182155_829926.jpeg","formatted_url":"https:\/\/www.meska.hu\/p4585607-babakoszonto-3-d-s-led-lampa-7-szinu","favourite":false,"in_stock":false,"avatar":"431554_avatar_1645183874.jpeg","delete_from":0,"is_enhanced_background":false,"is_enhanced":false,"product_selection_started":false,"is_active":true,"image_webp_url":"https:\/\/www.meska.hu\/img\/product\/small\/l\/a\/lasergravir_product_431554_231209182155_829926.webp"},{"id":"5273613","shop_id":"44711","user_id":"641650","shop_name":"SzandiFilcKucko","shop_zip":"3200","product_code":"5251451","product_name_old":null,"product_name":"Vil\u00e1g\u00edt\u00f3 n\u00e9vre sz\u00f3l\u00f3 \u00e9jszakai f\u00e9ny, babaszoba d\u00edsz, babak\u00f6sz\u00f6nt\u0151\/babav\u00e1r\u00f3 aj\u00e1nd\u00e9k, foltos kutyussal, vil\u00e1g\u00edt\u00f3 holdal","category_string":"Baba - mama, \u00c9jszakai f\u00e9ny, Babaszoba dekor\u00e1ci\u00f3","technic_string":"Varr\u00e1s","category_1":"1735","category_2":"1761","category_3":"1466","category_4":"0","merged_category_1":null,"merged_category_2":null,"merged_category_3":null,"technic_1":"506","technic_2":"0","technic_3":"0","color_1":"525","color_2":"527","color_3":"0","product_description_old":null,"product_description":"Filc anyagb\u00f3l k\u00e9sz\u00fclt kb 20x 45 cm , elemes l\u00e9ddel ell\u00e1tott, n\u00e9vre sz\u00f3l\u00f3 \u00e9jszaka f\u00e9ny. Baba \u00e9s gyermekszob\u00e1ba ide\u00e1lis elalv\u00e1s el\u0151tti hangulat vil\u00e1g\u00edt\u00e1snak. Akaszt\u00f3s, \u00edgy falra , baldachintart\u00f3ra, ajt\u00f3ra... stb. k\u00f6nnyed\u00e9n felakaszthat\u00f3.","price":"10490.00","unit":"db","recommended":"0","status":"1","sponsored":"0","exp_notify":"0","own_material":"0","own_material_description_old":null,"own_material_description":"","jury":"0","jury_number":"","product_nature":"","meskaracsony":"0","create_date":"2026-03-19 14:41:21","shelve_id":"0","image":"szandifilckucko_product_641650_240322114716_535433.jpeg","image_width":"480","image_height":"480","image_alt":"Vil\u00e1g\u00edt\u00f3 n\u00e9vre sz\u00f3l\u00f3 \u00e9jszakai f\u00e9ny, babaszoba d\u00edsz, babak\u00f6sz\u00f6nt\u0151\/babav\u00e1r\u00f3 aj\u00e1nd\u00e9k, foltos kutyussal, vil\u00e1g\u00edt\u00f3 holdal, Filc anyagb\u00f3l k\u00e9sz\u00fclt kb 20x 45 cm , elemes l\u00e9ddel ell\u00e1tott, n\u00e9vre sz\u00f3l\u00f3 \u00e9jszaka f\u00e9ny. Baba \u00e9s gyerm..., Meska","image_title":"Vil\u00e1g\u00edt\u00f3 n\u00e9vre sz\u00f3l\u00f3 \u00e9jszakai f\u00e9ny, babaszoba d\u00edsz, babak\u00f6sz\u00f6nt\u0151\/babav\u00e1r\u00f3 aj\u00e1nd\u00e9k, foltos kutyussal, vil\u00e1g\u00edt\u00f3 holdal, Meska","view_count":"1092","favourite_count":"0","trending_score":"0","last2MonthFavouriteCount":"0","promotion":"0","giftcard_accept":"0","creditcard_accept":false,"enhanced_background":"0","domain":"meska","specific_customer_id":null,"specific_customer_name":null,"to_order_product":"1","to_order_product_time":"7","product_different":null,"product_different_description":"","vintage":"0","vintage_category_id":"0","recycled":"0","gemstone_id":"0","customizable":"1","type_category":"physical","zerowaste":"0","postage_price":"1500.00","shop_order":"0","has_category":"1","landing_pages":null,"microdata":{"number":42,"category":""},"title":"Vil\u00e1g\u00edt\u00f3 n\u00e9vre sz\u00f3l\u00f3 \u00e9jszakai f\u00e9ny, babaszoba d\u00edsz, babak\u00f6sz\u00f6nt\u0151\/babav\u00e1r\u00f3 aj\u00e1nd\u00e9k, foltos kutyussal, vil\u00e1g\u00edt\u00f3 holdal","description":"Filc anyagb\u00f3l k\u00e9sz\u00fclt kb 20x 45 cm , elemes l\u00e9ddel ell\u00e1tott, n\u00e9vre sz\u00f3l\u00f3 \u00e9jszaka f\u00e9ny. Baba \u00e9s gyermekszob\u00e1ba ide\u00e1lis elalv\u00e1s el\u0151tti hangulat vil\u00e1g\u00edt\u00e1snak. Akaszt\u00f3s, \u00edgy falra , baldachintart\u00f3ra, ajt\u00f3ra... stb. k\u00f6nnyed\u00e9n felakaszthat\u00f3.","score":0,"formatted_price":"10 490 Ft","image_url":"https:\/\/www.meska.hu\/img\/product\/small\/s\/z\/szandifilckucko_product_641650_240322114716_535433.jpeg","formatted_url":"https:\/\/www.meska.hu\/p5251451-vilagito-nevre-szolo-ejszakai-feny-babaszoba-disz-babakoszonto-babavaro-ajandek-foltos-kutyussal-vilagito-holdal","favourite":false,"in_stock":false,"avatar":"641650_avatar_1710771980.png","delete_from":0,"is_enhanced_background":false,"is_enhanced":false,"product_selection_started":false,"is_active":true,"image_webp_url":"https:\/\/www.meska.hu\/img\/product\/small\/s\/z\/szandifilckucko_product_641650_240322114716_535433.webp"},{"id":"5521603","shop_id":"40617","user_id":"564776","shop_name":"boxed","shop_zip":"9121","product_code":"5397570","product_name_old":null,"product_name":"Tacsk\u00f3s hangulatf\u00e9ny","category_string":"Baba - mama, \u00c9jszakai f\u00e9ny, Babaszoba dekor\u00e1ci\u00f3","technic_string":"Famegmunk\u00e1l\u00e1s","category_1":"1735","category_2":"1761","category_3":"1466","category_4":"0","merged_category_1":null,"merged_category_2":null,"merged_category_3":null,"technic_1":"478","technic_2":"0","technic_3":"0","color_1":"514","color_2":"568","color_3":"0","product_description_old":null,"product_description":"Dobd fel a gyerekszob\u00e1t vagy a lak\u00e1s b\u00e1rmelyik r\u00e9sz\u00e9t ezzel a tacsk\u00f3mint\u00e1s, meleg s\u00e1rga vagy feh\u00e9r f\u00e9ny\u0171 helyzetjelz\u0151 vagy hangulatvil\u00e1g\u00edt\u00e1ssal! T\u00f6k\u00e9letes v\u00e1laszt\u00e1s azoknak, akik egy kis vid\u00e1ms\u00e1got \u00e9s melegs\u00e9get szeretn\u00e9nek otthonukba var\u00e1zsolni. Ide\u00e1lis nemcsak gyerekek sz\u00e1m\u00e1ra, hanem mindazoknak, akik szeretik a j\u00e1t\u00e9kos \u00e9s inspir\u00e1l\u00f3 k\u00f6rnyezetet. \n\nEz a b\u00e1jos vil\u00e1g\u00edt\u00f3 dekor\u00e1ci\u00f3 nemcsak \u00e9jjeli f\u00e9nyk\u00e9nt, hanem hangulatos kieg\u00e9sz\u00edt\u0151k\u00e9nt is t\u00f6k\u00e9letesen illik b\u00e1rmelyik szob\u00e1ba, megteremtve a meghitt l\u00e9gk\u00f6rt.\n\nEgyszer\u0171 haszn\u00e1lat, csak bedugod egy telefont\u00f6lt\u0151be \u00e9s m\u00e1r vil\u00e1g\u00edt is. A f\u00e9ny a f\u00e1b\u00f3l \u00e9rkezik, nem h\u00e1tt\u00e9rvil\u00e1g\u00edt\u00e1s.\n\n\u00c1ramell\u00e1t\u00e1s: USB type C (5V)\nT\u00e1pegys\u00e9g \u00e9s USB k\u00e1bel nem tartoz\u00e9k!\n\nM\u00e9retek: 15cm X 15cm X 2,4cm","price":"11400.00","unit":"db","recommended":"0","status":"1","sponsored":"0","exp_notify":"0","own_material":"0","own_material_description_old":null,"own_material_description":"","jury":"0","jury_number":"","product_nature":"","meskaracsony":"0","create_date":"2026-03-16 10:12:10","shelve_id":"75873","image":"boxed_product_564776_241126222854_87366.jpeg","image_width":"480","image_height":"392","image_alt":"Tacsk\u00f3s hangulatf\u00e9ny, Dobd fel a gyerekszob\u00e1t vagy a lak\u00e1s b\u00e1rmelyik r\u00e9sz\u00e9t ezzel a tacsk\u00f3mint\u00e1s, meleg s\u00e1rga vagy feh\u00e9r f..., Meska","image_title":"Tacsk\u00f3s hangulatf\u00e9ny, Meska","view_count":"1783","favourite_count":"0","trending_score":"0","last2MonthFavouriteCount":"0","promotion":"0","giftcard_accept":"0","creditcard_accept":true,"enhanced_background":"0","domain":"meska","specific_customer_id":null,"specific_customer_name":null,"to_order_product":"1","to_order_product_time":"5","product_different":null,"product_different_description":"","vintage":"0","vintage_category_id":"0","recycled":"0","gemstone_id":"0","customizable":"1","type_category":"physical","zerowaste":"0","postage_price":"2390.00","shop_order":"0","has_category":"1","landing_pages":null,"microdata":{"number":43,"category":""},"title":"Tacsk\u00f3s hangulatf\u00e9ny","description":"Dobd fel a gyerekszob\u00e1t vagy a lak\u00e1s b\u00e1rmelyik r\u00e9sz\u00e9t ezzel a tacsk\u00f3mint\u00e1s, meleg s\u00e1rga vagy feh\u00e9r f\u00e9ny\u0171 helyzetjelz\u0151 vagy hangulatvil\u00e1g\u00edt\u00e1ssal! T\u00f6k\u00e9letes v\u00e1laszt\u00e1s azoknak, akik egy kis vid\u00e1ms\u00e1got \u00e9s melegs\u00e9get szeretn\u00e9nek otthonukba var\u00e1zsolni. Ide\u00e1lis nemcsak gyerekek sz\u00e1m\u00e1ra, hanem mindazoknak, akik szeretik a j\u00e1t\u00e9kos \u00e9s inspir\u00e1l\u00f3 k\u00f6rnyezetet. \n\nEz a b\u00e1jos vil\u00e1g\u00edt\u00f3 dekor\u00e1ci\u00f3 nemcsak \u00e9jjeli f\u00e9nyk\u00e9nt, hanem hangulatos kieg\u00e9sz\u00edt\u0151k\u00e9nt is t\u00f6k\u00e9letesen illik b\u00e1rmelyik szob\u00e1ba, megteremtve a meghitt l\u00e9gk\u00f6rt.\n\nEgyszer\u0171 haszn\u00e1lat, csak bedugod egy telefont\u00f6lt\u0151be \u00e9s m\u00e1r vil\u00e1g\u00edt is. A f\u00e9ny a f\u00e1b\u00f3l \u00e9rkezik, nem h\u00e1tt\u00e9rvil\u00e1g\u00edt\u00e1s.\n\n\u00c1ramell\u00e1t\u00e1s: USB type C (5V)\nT\u00e1pegys\u00e9g \u00e9s USB k\u00e1bel nem tartoz\u00e9k!\n\nM\u00e9retek: 15cm X 15cm X 2,4cm","score":0,"formatted_price":"11 400 Ft","image_url":"https:\/\/www.meska.hu\/img\/product\/small\/b\/o\/boxed_product_564776_241126222854_87366.jpeg","formatted_url":"https:\/\/www.meska.hu\/p5397570-tacsko-sarga-fenyu-vilagito-fa-dekoracio-helyzetjelzo-vagy-hangulatfeny","favourite":false,"in_stock":false,"avatar":"564776_avatar_1756368485.png","delete_from":0,"is_enhanced_background":false,"is_enhanced":false,"product_selection_started":false,"is_active":true,"image_webp_url":"https:\/\/www.meska.hu\/img\/product\/small\/b\/o\/boxed_product_564776_241126222854_87366.webp"},{"id":"5776501","shop_id":"44711","user_id":"641650","shop_name":"SzandiFilcKucko","shop_zip":"3200","product_code":"5545643","product_name_old":null,"product_name":"Vil\u00e1g\u00edt\u00f3 n\u00e9vre sz\u00f3l\u00f3 \u00e9jszakai f\u00e9ny, babaszoba d\u00edsz, babak\u00f6sz\u00f6nt\u0151 aj\u00e1nd\u00e9k, Oroszl\u00e1nkir\u00e1lyos ,Simb\u00e1val","category_string":"Baba - mama, \u00c9jszakai f\u00e9ny, Babaszoba dekor\u00e1ci\u00f3","technic_string":"Varr\u00e1s","category_1":"1735","category_2":"1761","category_3":"1466","category_4":"0","merged_category_1":null,"merged_category_2":null,"merged_category_3":null,"technic_1":"506","technic_2":"0","technic_3":"0","color_1":"525","color_2":"527","color_3":"0","product_description_old":null,"product_description":"Filc anyagb\u00f3l k\u00e9sz\u00fclt kb 20x 45 cm , elemes l\u00e9ddel ell\u00e1tott, n\u00e9vre sz\u00f3l\u00f3 \u00e9jszaka f\u00e9ny. Baba \u00e9s gyermekszob\u00e1ba ide\u00e1lis elalv\u00e1s el\u0151tti hangulat vil\u00e1g\u00edt\u00e1snak. Akaszt\u00f3s, \u00edgy falra , baldachintart\u00f3ra, ajt\u00f3ra... stb. k\u00f6nnyed\u00e9n felakaszthat\u00f3.","price":"12490.00","unit":"db","recommended":"0","status":"1","sponsored":"0","exp_notify":"0","own_material":"0","own_material_description_old":null,"own_material_description":"","jury":"0","jury_number":"","product_nature":"","meskaracsony":"0","create_date":"2026-03-16 00:09:11","shelve_id":"0","image":"szandifilckucko_product_641650_250427144824_467337.png","image_width":"480","image_height":"480","image_alt":"Vil\u00e1g\u00edt\u00f3 n\u00e9vre sz\u00f3l\u00f3 \u00e9jszakai f\u00e9ny, babaszoba d\u00edsz, babak\u00f6sz\u00f6nt\u0151 aj\u00e1nd\u00e9k, Oroszl\u00e1nkir\u00e1lyos ,Simb\u00e1val, Filc anyagb\u00f3l k\u00e9sz\u00fclt kb 20x 45 cm , elemes l\u00e9ddel ell\u00e1tott, n\u00e9vre sz\u00f3l\u00f3 \u00e9jszaka f\u00e9ny. Baba \u00e9s gyerm..., Meska","image_title":"Vil\u00e1g\u00edt\u00f3 n\u00e9vre sz\u00f3l\u00f3 \u00e9jszakai f\u00e9ny, babaszoba d\u00edsz, babak\u00f6sz\u00f6nt\u0151 aj\u00e1nd\u00e9k, Oroszl\u00e1nkir\u00e1lyos ,Simb\u00e1val, Meska","view_count":"396","favourite_count":"0","trending_score":"0","last2MonthFavouriteCount":"0","promotion":"0","giftcard_accept":"0","creditcard_accept":false,"enhanced_background":"0","domain":"meska","specific_customer_id":null,"specific_customer_name":null,"to_order_product":"1","to_order_product_time":"7","product_different":null,"product_different_description":"","vintage":"0","vintage_category_id":"0","recycled":"0","gemstone_id":"0","customizable":"1","type_category":"physical","zerowaste":"0","postage_price":"1500.00","shop_order":"0","has_category":"1","landing_pages":null,"microdata":{"number":44,"category":""},"title":"Vil\u00e1g\u00edt\u00f3 n\u00e9vre sz\u00f3l\u00f3 \u00e9jszakai f\u00e9ny, babaszoba d\u00edsz, babak\u00f6sz\u00f6nt\u0151 aj\u00e1nd\u00e9k, Oroszl\u00e1nkir\u00e1lyos ,Simb\u00e1val","description":"Filc anyagb\u00f3l k\u00e9sz\u00fclt kb 20x 45 cm , elemes l\u00e9ddel ell\u00e1tott, n\u00e9vre sz\u00f3l\u00f3 \u00e9jszaka f\u00e9ny. Baba \u00e9s gyermekszob\u00e1ba ide\u00e1lis elalv\u00e1s el\u0151tti hangulat vil\u00e1g\u00edt\u00e1snak. Akaszt\u00f3s, \u00edgy falra , baldachintart\u00f3ra, ajt\u00f3ra... stb. k\u00f6nnyed\u00e9n felakaszthat\u00f3.","score":0,"formatted_price":"12 490 Ft","image_url":"https:\/\/www.meska.hu\/img\/product\/small\/s\/z\/szandifilckucko_product_641650_250427144824_467337.png","formatted_url":"https:\/\/www.meska.hu\/p5545643-vilagito-nevre-szolo-ejszakai-feny-babaszoba-disz-babakoszonto-ajandek-oroszlankiralyos-simbaval","favourite":false,"in_stock":false,"avatar":"641650_avatar_1710771980.png","delete_from":0,"is_enhanced_background":false,"is_enhanced":false,"product_selection_started":false,"is_active":true,"image_webp_url":"https:\/\/www.meska.hu\/img\/product\/small\/s\/z\/szandifilckucko_product_641650_250427144824_467337.webp"},{"id":"5276791","shop_id":"44711","user_id":"641650","shop_name":"SzandiFilcKucko","shop_zip":"3200","product_code":"5254187","product_name_old":null,"product_name":"Vil\u00e1g\u00edt\u00f3 n\u00e9vre sz\u00f3l\u00f3 \u00e9jszakai f\u00e9ny, babaszoba d\u00edsz, babak\u00f6sz\u00f6nt\u0151\/babav\u00e1r\u00f3 aj\u00e1nd\u00e9k, alv\u00f3 r\u00f3kabab\u00e1val, vil\u00e1g\u00edt\u00f3 holdal","category_string":"Baba - mama, \u00c9jszakai f\u00e9ny, Babaszoba dekor\u00e1ci\u00f3","technic_string":"Varr\u00e1s","category_1":"1735","category_2":"1761","category_3":"1466","category_4":"0","merged_category_1":null,"merged_category_2":null,"merged_category_3":null,"technic_1":"506","technic_2":"0","technic_3":"0","color_1":"525","color_2":"527","color_3":"0","product_description_old":null,"product_description":"Filc anyagb\u00f3l k\u00e9sz\u00fclt kb 20x 45 cm , elemes l\u00e9ddel ell\u00e1tott, n\u00e9vre sz\u00f3l\u00f3 \u00e9jszaka f\u00e9ny. Baba \u00e9s gyermekszob\u00e1ba ide\u00e1lis elalv\u00e1s el\u0151tti hangulat vil\u00e1g\u00edt\u00e1snak. Akaszt\u00f3s, \u00edgy falra , baldachintart\u00f3ra, ajt\u00f3ra... stb. k\u00f6nnyed\u00e9n felakaszthat\u00f3.","price":"10490.00","unit":"db","recommended":"0","status":"1","sponsored":"0","exp_notify":"0","own_material":"0","own_material_description_old":null,"own_material_description":"","jury":"0","jury_number":"","product_nature":"","meskaracsony":"0","create_date":"2026-03-14 17:46:58","shelve_id":"0","image":"szandifilckucko_product_641650_240323165234_600694.jpeg","image_width":"480","image_height":"480","image_alt":"Vil\u00e1g\u00edt\u00f3 n\u00e9vre sz\u00f3l\u00f3 \u00e9jszakai f\u00e9ny, babaszoba d\u00edsz, babak\u00f6sz\u00f6nt\u0151\/babav\u00e1r\u00f3 aj\u00e1nd\u00e9k, alv\u00f3 r\u00f3kabab\u00e1val, vil\u00e1g\u00edt\u00f3 holdal, Filc anyagb\u00f3l k\u00e9sz\u00fclt kb 20x 45 cm , elemes l\u00e9ddel ell\u00e1tott, n\u00e9vre sz\u00f3l\u00f3 \u00e9jszaka f\u00e9ny. Baba \u00e9s gyerm..., Meska","image_title":"Vil\u00e1g\u00edt\u00f3 n\u00e9vre sz\u00f3l\u00f3 \u00e9jszakai f\u00e9ny, babaszoba d\u00edsz, babak\u00f6sz\u00f6nt\u0151\/babav\u00e1r\u00f3 aj\u00e1nd\u00e9k, alv\u00f3 r\u00f3kabab\u00e1val, vil\u00e1g\u00edt\u00f3 holdal, Meska","view_count":"6396","favourite_count":"0","trending_score":"0","last2MonthFavouriteCount":"0","promotion":"0","giftcard_accept":"0","creditcard_accept":false,"enhanced_background":"0","domain":"meska","specific_customer_id":null,"specific_customer_name":null,"to_order_product":"1","to_order_product_time":"7","product_different":null,"product_different_description":"","vintage":"0","vintage_category_id":"0","recycled":"0","gemstone_id":"0","customizable":"1","type_category":"physical","zerowaste":"0","postage_price":"1500.00","shop_order":"0","has_category":"1","landing_pages":null,"microdata":{"number":45,"category":""},"title":"Vil\u00e1g\u00edt\u00f3 n\u00e9vre sz\u00f3l\u00f3 \u00e9jszakai f\u00e9ny, babaszoba d\u00edsz, babak\u00f6sz\u00f6nt\u0151\/babav\u00e1r\u00f3 aj\u00e1nd\u00e9k, alv\u00f3 r\u00f3kabab\u00e1val, vil\u00e1g\u00edt\u00f3 holdal","description":"Filc anyagb\u00f3l k\u00e9sz\u00fclt kb 20x 45 cm , elemes l\u00e9ddel ell\u00e1tott, n\u00e9vre sz\u00f3l\u00f3 \u00e9jszaka f\u00e9ny. Baba \u00e9s gyermekszob\u00e1ba ide\u00e1lis elalv\u00e1s el\u0151tti hangulat vil\u00e1g\u00edt\u00e1snak. Akaszt\u00f3s, \u00edgy falra , baldachintart\u00f3ra, ajt\u00f3ra... stb. k\u00f6nnyed\u00e9n felakaszthat\u00f3.","score":0,"formatted_price":"10 490 Ft","image_url":"https:\/\/www.meska.hu\/img\/product\/small\/s\/z\/szandifilckucko_product_641650_240323165234_600694.jpeg","formatted_url":"https:\/\/www.meska.hu\/p5254187-vilagito-nevre-szolo-ejszakai-feny-babaszoba-disz-babakoszonto-babavaro-ajandek-foltos-kutyussal-vilagito-holdal","favourite":false,"in_stock":false,"avatar":"641650_avatar_1710771980.png","delete_from":0,"is_enhanced_background":false,"is_enhanced":false,"product_selection_started":false,"is_active":true,"image_webp_url":"https:\/\/www.meska.hu\/img\/product\/small\/s\/z\/szandifilckucko_product_641650_240323165234_600694.webp"},{"id":"5987988","shop_id":"46920","user_id":"681872","shop_name":"KreativDekor24","shop_zip":"3860","product_code":"5664145","product_name_old":null,"product_name":"Unikornis \u00e9jjeli l\u00e1mpa","category_string":"Baba - mama, \u00c9jszakai f\u00e9ny, Babaszoba dekor\u00e1ci\u00f3","technic_string":"Grav\u00edroz\u00e1s, pirogr\u00e1fia","category_1":"1735","category_2":"1761","category_3":"1466","category_4":"0","merged_category_1":null,"merged_category_2":null,"merged_category_3":null,"technic_1":"796","technic_2":"0","technic_3":"0","color_1":"522","color_2":"525","color_3":"526","product_description_old":null,"product_description":"Engedd, hogy a var\u00e1zslat bek\u00f6lt\u00f6zz\u00f6n a gyerekszob\u00e1ba ezzel a b\u00e1jos, unikornisos \u00e9jjeli l\u00e1mp\u00e1val! A l\u00e1gy, meleg f\u00e9nyek \u00e9s a csillagok t\u00fcnd\u00f6kl\u00e9se igazi \u00e1lomvil\u00e1got teremtenek minden gyerekszob\u00e1ba.\n\nTerm\u00e9k jellemz\u0151i:\n- Anyaga: 4 mm-es r\u00e9tegelt lemez (nat\u00far fa fel\u00fclet)\n- \u00c1tm\u00e9r\u0151: 30 cm\n- Vil\u00e1g\u00edt\u00e1s: elemes, be\u00e9p\u00edtett UV-LED (l\u00e1gy, meleg t\u00f3nus\u00fa hangulatf\u00e9ny), k\u00f6nnyen cser\u00e9lhet\u0151\n- Szerkezet: t\u00f6bb r\u00e9teg\u0171, festett dekor elemek\n- Haszn\u00e1lat: asztali dekor\u00e1ci\u00f3k\u00e9nt vagy falra akasztva egyar\u00e1nt haszn\u00e1lhat\u00f3 (sz\u00f6ges akaszt\u00e1shoz kialak\u00edt\u00e1s a h\u00e1toldalon)\n- Szem\u00e9lyre szabhat\u00f3: n\u00e9vvel ell\u00e1tva","price":"9500.00","unit":"db","recommended":"0","status":"1","sponsored":"0","exp_notify":"0","own_material":"0","own_material_description_old":null,"own_material_description":"","jury":"0","jury_number":"","product_nature":"","meskaracsony":"0","create_date":"2026-03-13 17:56:43","shelve_id":"0","image":"kreativdekor24_product_681872_251113193302_996719.png","image_width":"480","image_height":"640","image_alt":"Unikornis \u00e9jjeli l\u00e1mpa, Engedd, hogy a var\u00e1zslat bek\u00f6lt\u00f6zz\u00f6n a gyerekszob\u00e1ba ezzel a b\u00e1jos, unikornisos \u00e9jjeli l\u00e1mp\u00e1val! A l..., Meska","image_title":"Unikornis \u00e9jjeli l\u00e1mpa, Meska","view_count":"106","favourite_count":"0","trending_score":"0","last2MonthFavouriteCount":"0","promotion":"0","giftcard_accept":"0","creditcard_accept":true,"enhanced_background":"0","domain":"meska","specific_customer_id":null,"specific_customer_name":null,"to_order_product":"1","to_order_product_time":"10","product_different":null,"product_different_description":"","vintage":"0","vintage_category_id":"0","recycled":"0","gemstone_id":"0","customizable":"1","type_category":"physical","zerowaste":"0","postage_price":"1349.00","shop_order":"0","has_category":"1","landing_pages":null,"microdata":{"number":46,"category":""},"title":"Unikornis \u00e9jjeli l\u00e1mpa","description":"Engedd, hogy a var\u00e1zslat bek\u00f6lt\u00f6zz\u00f6n a gyerekszob\u00e1ba ezzel a b\u00e1jos, unikornisos \u00e9jjeli l\u00e1mp\u00e1val! A l\u00e1gy, meleg f\u00e9nyek \u00e9s a csillagok t\u00fcnd\u00f6kl\u00e9se igazi \u00e1lomvil\u00e1got teremtenek minden gyerekszob\u00e1ba.\n\nTerm\u00e9k jellemz\u0151i:\n- Anyaga: 4 mm-es r\u00e9tegelt lemez (nat\u00far fa fel\u00fclet)\n- \u00c1tm\u00e9r\u0151: 30 cm\n- Vil\u00e1g\u00edt\u00e1s: elemes, be\u00e9p\u00edtett UV-LED (l\u00e1gy, meleg t\u00f3nus\u00fa hangulatf\u00e9ny), k\u00f6nnyen cser\u00e9lhet\u0151\n- Szerkezet: t\u00f6bb r\u00e9teg\u0171, festett dekor elemek\n- Haszn\u00e1lat: asztali dekor\u00e1ci\u00f3k\u00e9nt vagy falra akasztva egyar\u00e1nt haszn\u00e1lhat\u00f3 (sz\u00f6ges akaszt\u00e1shoz kialak\u00edt\u00e1s a h\u00e1toldalon)\n- Szem\u00e9lyre szabhat\u00f3: n\u00e9vvel ell\u00e1tva","score":0,"formatted_price":"9 500 Ft","image_url":"https:\/\/www.meska.hu\/img\/product\/small\/k\/r\/kreativdekor24_product_681872_251113193302_996719.png","formatted_url":"https:\/\/www.meska.hu\/p5664145-unikornis-ejjeli-lampa","favourite":false,"in_stock":false,"avatar":"681872_avatar_1730801441.png","delete_from":0,"is_enhanced_background":false,"is_enhanced":false,"product_selection_started":false,"is_active":true,"image_webp_url":"https:\/\/www.meska.hu\/img\/product\/small\/k\/r\/kreativdekor24_product_681872_251113193302_996719.webp"},{"id":"5925728","shop_id":"43575","user_id":"622009","shop_name":"nyuszikert","shop_zip":"9144","product_code":"5622406","product_name_old":null,"product_name":"Akril \u00e9jjeli f\u00e9ny nyomtatott mint\u00e1val- tavaszi erd\u0151","category_string":"Baba - mama, \u00c9jszakai f\u00e9ny, Babaszoba dekor\u00e1ci\u00f3","technic_string":"Mindenm\u00e1s","category_1":"1735","category_2":"1761","category_3":"1466","category_4":"0","merged_category_1":null,"merged_category_2":null,"merged_category_3":null,"technic_1":"493","technic_2":"0","technic_3":"0","color_1":"513","color_2":"0","color_3":"0","product_description_old":null,"product_description":"Var\u00e1zsolj meghitt hangulatot otthonodba ezekkel az eleg\u00e1ns akril\u00fcveg \u00e9jjeli f\u00e9nyekkel!\nA mint\u00e1k UV nyomtat\u00e1ssal k\u00e9sz\u00fclnek, \u00edgy rendk\u00edv\u00fcl r\u00e9szletgazdagok, \u00e9l\u00e9nk sz\u00edn\u0171ek \u00e9s tart\u00f3sak \u2013 nem kopnak, nem fakulnak, hossz\u00fa \u00e9veken \u00e1t meg\u0151rzik sz\u00e9ps\u00e9g\u00fcket.\n\nMi\u00e9rt fogod szeretni?\n\nHordozhat\u00f3 \u00e9s k\u00e1belmentes \u2013 b\u00e1rhol elhelyezheted.\n\nAk\u00e1r 120 \u00f3r\u00e1s \u00fczemid\u0151 egyetlen t\u00f6lt\u00e9ssel.\n\n\u00dajrat\u00f6lthet\u0151 akkumul\u00e1tor \u2013 k\u00f6rnyezetbar\u00e1t \u00e9s k\u00f6lts\u00e9ghat\u00e9kony.\n\nLED vil\u00e1g\u00edt\u00e1s \u2013 energiatakar\u00e9kos, stabil \u00e9s kellemes f\u00e9ny.\n\nSzem\u00e9lyre szabhat\u00f3 n\u00e9vvel, d\u00e1tummal \u00e9s mint\u00e1val.\n\nAdatok:\n\nM\u00e9ret: kb. 15 \u00d7 16 cm\n\nAnyag: 5 mm akril\u00fcveg + fa LED talp\n\nVil\u00e1g\u00edt\u00e1s: LED\n\nT\u00f6k\u00e9letes aj\u00e1nd\u00e9k babak\u00f6sz\u00f6nt\u0151re, sz\u00fclet\u00e9snapra, keresztel\u0151re vagy kar\u00e1csonyra.\n\nCsomag tartalma:\n\u2714 1 db akril\u00fcveg UV nyomtatott mint\u00e1val\n\u2714 1 db fa LED talp\n\u2714 1 db USB t\u00f6lt\u0151k\u00e1bel (t\u00f6lt\u0151fej n\u00e9lk\u00fcl)","price":"11990.00","unit":"db","recommended":"0","status":"1","sponsored":"0","exp_notify":"0","own_material":"0","own_material_description_old":null,"own_material_description":"","jury":"0","jury_number":"","product_nature":"","meskaracsony":"0","create_date":"2026-03-07 23:14:22","shelve_id":"0","image":"nyuszikert_product_622009_250923110451_693691.jpeg","image_width":"480","image_height":"480","image_alt":"Akril \u00e9jjeli f\u00e9ny nyomtatott mint\u00e1val- tavaszi erd\u0151, Var\u00e1zsolj meghitt hangulatot otthonodba ezekkel az eleg\u00e1ns akril\u00fcveg \u00e9jjeli f\u00e9nyekkel!\\nA mint\u00e1k UV n..., Meska","image_title":"Akril \u00e9jjeli f\u00e9ny nyomtatott mint\u00e1val- tavaszi erd\u0151, Meska","view_count":"246","favourite_count":"0","trending_score":"0","last2MonthFavouriteCount":"0","promotion":"0","giftcard_accept":"0","creditcard_accept":true,"enhanced_background":"0","domain":"meska","specific_customer_id":null,"specific_customer_name":null,"to_order_product":"1","to_order_product_time":"5","product_different":null,"product_different_description":"","vintage":"0","vintage_category_id":"0","recycled":"0","gemstone_id":"0","customizable":"1","type_category":"physical","zerowaste":"0","postage_price":"1290.00","shop_order":"0","has_category":"1","landing_pages":null,"microdata":{"number":47,"category":""},"title":"Akril \u00e9jjeli f\u00e9ny nyomtatott mint\u00e1val- tavaszi erd\u0151","description":"Var\u00e1zsolj meghitt hangulatot otthonodba ezekkel az eleg\u00e1ns akril\u00fcveg \u00e9jjeli f\u00e9nyekkel!\nA mint\u00e1k UV nyomtat\u00e1ssal k\u00e9sz\u00fclnek, \u00edgy rendk\u00edv\u00fcl r\u00e9szletgazdagok, \u00e9l\u00e9nk sz\u00edn\u0171ek \u00e9s tart\u00f3sak \u2013 nem kopnak, nem fakulnak, hossz\u00fa \u00e9veken \u00e1t meg\u0151rzik sz\u00e9ps\u00e9g\u00fcket.\n\nMi\u00e9rt fogod szeretni?\n\nHordozhat\u00f3 \u00e9s k\u00e1belmentes \u2013 b\u00e1rhol elhelyezheted.\n\nAk\u00e1r 120 \u00f3r\u00e1s \u00fczemid\u0151 egyetlen t\u00f6lt\u00e9ssel.\n\n\u00dajrat\u00f6lthet\u0151 akkumul\u00e1tor \u2013 k\u00f6rnyezetbar\u00e1t \u00e9s k\u00f6lts\u00e9ghat\u00e9kony.\n\nLED vil\u00e1g\u00edt\u00e1s \u2013 energiatakar\u00e9kos, stabil \u00e9s kellemes f\u00e9ny.\n\nSzem\u00e9lyre szabhat\u00f3 n\u00e9vvel, d\u00e1tummal \u00e9s mint\u00e1val.\n\nAdatok:\n\nM\u00e9ret: kb. 15 \u00d7 16 cm\n\nAnyag: 5 mm akril\u00fcveg + fa LED talp\n\nVil\u00e1g\u00edt\u00e1s: LED\n\nT\u00f6k\u00e9letes aj\u00e1nd\u00e9k babak\u00f6sz\u00f6nt\u0151re, sz\u00fclet\u00e9snapra, keresztel\u0151re vagy kar\u00e1csonyra.\n\nCsomag tartalma:\n\u2714 1 db akril\u00fcveg UV nyomtatott mint\u00e1val\n\u2714 1 db fa LED talp\n\u2714 1 db USB t\u00f6lt\u0151k\u00e1bel (t\u00f6lt\u0151fej n\u00e9lk\u00fcl)","score":0,"formatted_price":"11 990 Ft","image_url":"https:\/\/www.meska.hu\/img\/product\/small\/n\/y\/nyuszikert_product_622009_250923110451_693691.jpeg","formatted_url":"https:\/\/www.meska.hu\/p5622406-akril-ejjeli-feny-nyomtatott-mintaval-tavaszi-erdo","favourite":false,"in_stock":false,"avatar":"622009_avatar_1701843989.jpeg","delete_from":0,"is_enhanced_background":false,"is_enhanced":false,"product_selection_started":false,"is_active":true,"image_webp_url":"https:\/\/www.meska.hu\/img\/product\/small\/n\/y\/nyuszikert_product_622009_250923110451_693691.webp"},{"id":"5925716","shop_id":"43575","user_id":"622009","shop_name":"nyuszikert","shop_zip":"9144","product_code":"5622395","product_name_old":null,"product_name":"Akril \u00e9jjeli f\u00e9ny nyomtatott mint\u00e1val- \u0151zike","category_string":"Baba - mama, \u00c9jszakai f\u00e9ny, Babaszoba dekor\u00e1ci\u00f3","technic_string":"Mindenm\u00e1s","category_1":"1735","category_2":"1761","category_3":"1466","category_4":"0","merged_category_1":null,"merged_category_2":null,"merged_category_3":null,"technic_1":"493","technic_2":"0","technic_3":"0","color_1":"513","color_2":"0","color_3":"0","product_description_old":null,"product_description":"Var\u00e1zsolj meghitt hangulatot otthonodba ezekkel az eleg\u00e1ns akril\u00fcveg \u00e9jjeli f\u00e9nyekkel!\nA mint\u00e1k UV nyomtat\u00e1ssal k\u00e9sz\u00fclnek, \u00edgy rendk\u00edv\u00fcl r\u00e9szletgazdagok, \u00e9l\u00e9nk sz\u00edn\u0171ek \u00e9s tart\u00f3sak \u2013 nem kopnak, nem fakulnak, hossz\u00fa \u00e9veken \u00e1t meg\u0151rzik sz\u00e9ps\u00e9g\u00fcket.\n\nMi\u00e9rt fogod szeretni?\n\nHordozhat\u00f3 \u00e9s k\u00e1belmentes \u2013 b\u00e1rhol elhelyezheted.\n\nAk\u00e1r 120 \u00f3r\u00e1s \u00fczemid\u0151 egyetlen t\u00f6lt\u00e9ssel.\n\n\u00dajrat\u00f6lthet\u0151 akkumul\u00e1tor \u2013 k\u00f6rnyezetbar\u00e1t \u00e9s k\u00f6lts\u00e9ghat\u00e9kony.\n\nLED vil\u00e1g\u00edt\u00e1s \u2013 energiatakar\u00e9kos, stabil \u00e9s kellemes f\u00e9ny.\n\nSzem\u00e9lyre szabhat\u00f3 n\u00e9vvel, d\u00e1tummal \u00e9s mint\u00e1val.\n\nAdatok:\n\nM\u00e9ret: kb. 15 \u00d7 16 cm\n\nAnyag: 5 mm akril\u00fcveg + fa LED talp\n\nVil\u00e1g\u00edt\u00e1s: LED\n\nT\u00f6k\u00e9letes aj\u00e1nd\u00e9k babak\u00f6sz\u00f6nt\u0151re, sz\u00fclet\u00e9snapra, keresztel\u0151re vagy kar\u00e1csonyra.\n\nCsomag tartalma:\n\u2714 1 db akril\u00fcveg UV nyomtatott mint\u00e1val\n\u2714 1 db fa LED talp\n\u2714 1 db USB t\u00f6lt\u0151k\u00e1bel (t\u00f6lt\u0151fej n\u00e9lk\u00fcl)","price":"11990.00","unit":"db","recommended":"0","status":"1","sponsored":"0","exp_notify":"0","own_material":"0","own_material_description_old":null,"own_material_description":"","jury":"0","jury_number":"","product_nature":"","meskaracsony":"0","create_date":"2026-03-05 07:29:48","shelve_id":"0","image":"nyuszikert_product_622009_250923105802_78129.jpeg","image_width":"480","image_height":"480","image_alt":"Akril \u00e9jjeli f\u00e9ny nyomtatott mint\u00e1val- \u0151zike, Var\u00e1zsolj meghitt hangulatot otthonodba ezekkel az eleg\u00e1ns akril\u00fcveg \u00e9jjeli f\u00e9nyekkel!\\nA mint\u00e1k UV n..., Meska","image_title":"Akril \u00e9jjeli f\u00e9ny nyomtatott mint\u00e1val- \u0151zike, Meska","view_count":"452","favourite_count":"0","trending_score":"0","last2MonthFavouriteCount":"0","promotion":"0","giftcard_accept":"0","creditcard_accept":true,"enhanced_background":"0","domain":"meska","specific_customer_id":null,"specific_customer_name":null,"to_order_product":"1","to_order_product_time":"5","product_different":null,"product_different_description":"","vintage":"0","vintage_category_id":"0","recycled":"0","gemstone_id":"0","customizable":"1","type_category":"physical","zerowaste":"0","postage_price":"1290.00","shop_order":"0","has_category":"1","landing_pages":null,"microdata":{"number":48,"category":""},"title":"Akril \u00e9jjeli f\u00e9ny nyomtatott mint\u00e1val- \u0151zike","description":"Var\u00e1zsolj meghitt hangulatot otthonodba ezekkel az eleg\u00e1ns akril\u00fcveg \u00e9jjeli f\u00e9nyekkel!\nA mint\u00e1k UV nyomtat\u00e1ssal k\u00e9sz\u00fclnek, \u00edgy rendk\u00edv\u00fcl r\u00e9szletgazdagok, \u00e9l\u00e9nk sz\u00edn\u0171ek \u00e9s tart\u00f3sak \u2013 nem kopnak, nem fakulnak, hossz\u00fa \u00e9veken \u00e1t meg\u0151rzik sz\u00e9ps\u00e9g\u00fcket.\n\nMi\u00e9rt fogod szeretni?\n\nHordozhat\u00f3 \u00e9s k\u00e1belmentes \u2013 b\u00e1rhol elhelyezheted.\n\nAk\u00e1r 120 \u00f3r\u00e1s \u00fczemid\u0151 egyetlen t\u00f6lt\u00e9ssel.\n\n\u00dajrat\u00f6lthet\u0151 akkumul\u00e1tor \u2013 k\u00f6rnyezetbar\u00e1t \u00e9s k\u00f6lts\u00e9ghat\u00e9kony.\n\nLED vil\u00e1g\u00edt\u00e1s \u2013 energiatakar\u00e9kos, stabil \u00e9s kellemes f\u00e9ny.\n\nSzem\u00e9lyre szabhat\u00f3 n\u00e9vvel, d\u00e1tummal \u00e9s mint\u00e1val.\n\nAdatok:\n\nM\u00e9ret: kb. 15 \u00d7 16 cm\n\nAnyag: 5 mm akril\u00fcveg + fa LED talp\n\nVil\u00e1g\u00edt\u00e1s: LED\n\nT\u00f6k\u00e9letes aj\u00e1nd\u00e9k babak\u00f6sz\u00f6nt\u0151re, sz\u00fclet\u00e9snapra, keresztel\u0151re vagy kar\u00e1csonyra.\n\nCsomag tartalma:\n\u2714 1 db akril\u00fcveg UV nyomtatott mint\u00e1val\n\u2714 1 db fa LED talp\n\u2714 1 db USB t\u00f6lt\u0151k\u00e1bel (t\u00f6lt\u0151fej n\u00e9lk\u00fcl)","score":0,"formatted_price":"11 990 Ft","image_url":"https:\/\/www.meska.hu\/img\/product\/small\/n\/y\/nyuszikert_product_622009_250923105802_78129.jpeg","formatted_url":"https:\/\/www.meska.hu\/p5622395-akril-ejjeli-feny-nyomtatott-mintaval-ozike","favourite":false,"in_stock":false,"avatar":"622009_avatar_1701843989.jpeg","delete_from":0,"is_enhanced_background":false,"is_enhanced":false,"product_selection_started":false,"is_active":true,"image_webp_url":"https:\/\/www.meska.hu\/img\/product\/small\/n\/y\/nyuszikert_product_622009_250923105802_78129.webp"},{"id":"5586364","shop_id":"44278","user_id":"635887","shop_name":"PompomManufaktura","shop_zip":"2045","product_code":"5442736","product_name_old":null,"product_name":"N\u00e9vre sz\u00f3l\u00f3 HOLD \u00e9jjeli f\u00e9ny - Pompom \u00e9jszakai vil\u00e1g\u00edt\u00e1s fali dekor\u00e1ci\u00f3 - Vil\u00e1g\u00edt\u00f3 pompon falid\u00edsz - Egyedi aj\u00e1nd\u00e9k","category_string":"Baba - mama, Babaszoba dekor\u00e1ci\u00f3, \u00c9jszakai f\u00e9ny","technic_string":"","category_1":"1735","category_2":"1466","category_3":"1761","category_4":"0","merged_category_1":null,"merged_category_2":null,"merged_category_3":null,"technic_1":"0","technic_2":"0","technic_3":"0","color_1":"515","color_2":"519","color_3":"525","product_description_old":null,"product_description":"N\u00e9vre sz\u00f3l\u00f3 pompom HOLD led-es \u00e9jszakai vil\u00e1g\u00edt\u00e1ssal - HOLD \u00e9jjeli f\u00e9ny\n\nEz a gyapj\u00fa pompomokkal d\u00edsz\u00edtett, 100%-ban term\u00e9szetes alapanyagokb\u00f3l k\u00e9sz\u00fclt dekor\u00e1ci\u00f3 a babaszoba, gyerekszoba fal\u00e1n nagyon \u00e9desen mutat.\nA sz\u00edneket te v\u00e1laszthatod ki, \u00edgy biztosan t\u00f6k\u00e9letesen passzolni fog gyermeked szob\u00e1j\u00e1ba a t\u00f6bbi d\u00edsz mell\u00e9.\n\nN\u00e9v n\u00e9lk\u00fcl is k\u00e9rheted. :) Ebben az esetben k\u00e9rlek a n\u00e9v n\u00e9lk\u00fcli holdat tedd a kosaradba. Mutatok p\u00e9ld\u00e1t, hogy \u00fagy milyen:\n\nhttps:\/\/www.meska.hu\/p5415162-hold-led-es-ejszakai-vilagitas-nevre-szolo-felirattal-is-kerheto\nhttps:\/\/www.meska.hu\/p5415112-hold-led-es-ejszakai-vilagitas-nevre-szolo-felirattal-is-kerheto\n\n\nAj\u00e1nd\u00e9k is lehet babav\u00e1r\u00f3 buliba, keresztel\u0151re, vagy csak \u00fagy. :)\n\nVagy, ha m\u00e1s form\u00e1t keresel, m\u00e9g ezek is \u00e9rdekelhetnek:\nhttps:\/\/www.meska.hu\/p5495398-nevre-szolo-pompom-felho-falidisz-ejszakai-vilagitas-pompon-felhocske-ejjeli-feny-ajandek-disz-nevvel\nhttps:\/\/www.meska.hu\/p5349834-nevre-szolo-alomfogo\nhttps:\/\/www.meska.hu\/p5415145-nevre-szolo-pompom-falidisz\nhttps:\/\/www.meska.hu\/p5410603-felho-led-es-ejszakai-vilagitassal-nevre-szolo-felirattal-is-kerheto\nhttps:\/\/www.meska.hu\/p5349833-nevre-szolo-pompom-zaszlo-girland-fuzer\n\n\nAnyaga: gyapj\u00fa, 100% pamut, nat\u00far fa\n\nM\u00e9retei: kb 28 cm x 80 cm\n\nV\u00e1s\u00e1rl\u00e1skor a fizet\u00e9s el\u0151tti megjegyz\u00e9s rovatban, k\u00e9rlek \u00edrd meg:\n\n- mi a n\u00e9v, amit a d\u00edszre k\u00e9rsz\n- milyen sz\u00edn\u0171 zsin\u00f3rb\u00f3l k\u00e9red a keresztnevet (a k\u00e9pek tal\u00e1lod a zsin\u00f3r sz\u00ednpalett\u00e1t)\n- mely sz\u00ednekb\u0151l k\u00e9red a pompomokat (a k\u00e9pek k\u00f6z\u00f6tt tal\u00e1lod a sz\u00ednpalett\u00e1t, \u00e9s azt javaslom max 4 sz\u00ednt v\u00e1lassz)\n- milyen sz\u00edn\u0171 legyen a hold (a k\u00e9pek k\u00f6z\u00f6tt tal\u00e1lod a zsin\u00f3r sz\u00ednpalett\u00e1t)\n\nA k\u00e9pen l\u00e1that\u00f3 hold sz\u00ednei:\n\n                   n\u00e9v: p\u00fader\n                   \n                   pompom: kr\u00e9m, p\u00fader, t\u00f6rtfeh\u00e9r\n\n                   hold: vil\u00e1gos b\u00e9zs\n\n  \n\n           ","price":"11900.00","unit":"db","recommended":"0","status":"1","sponsored":"0","exp_notify":"0","own_material":"0","own_material_description_old":null,"own_material_description":"","jury":"0","jury_number":"","product_nature":"","meskaracsony":"0","create_date":"2026-03-04 22:53:45","shelve_id":"78148","image":"pompommanufaktura_product_635887_260328095119_418448.jpeg","image_width":"480","image_height":"511","image_alt":"N\u00e9vre sz\u00f3l\u00f3 HOLD \u00e9jjeli f\u00e9ny - Pompom \u00e9jszakai vil\u00e1g\u00edt\u00e1s fali dekor\u00e1ci\u00f3 - Vil\u00e1g\u00edt\u00f3 pompon falid\u00edsz - Egyedi aj\u00e1nd\u00e9k, N\u00e9vre sz\u00f3l\u00f3 pompom HOLD led-es \u00e9jszakai vil\u00e1g\u00edt\u00e1ssal - HOLD \u00e9jjeli f\u00e9ny\\n\\nEz a gyapj\u00fa pompomokkal d\u00eds..., Meska","image_title":"N\u00e9vre sz\u00f3l\u00f3 HOLD \u00e9jjeli f\u00e9ny - Pompom \u00e9jszakai vil\u00e1g\u00edt\u00e1s fali dekor\u00e1ci\u00f3 - Vil\u00e1g\u00edt\u00f3 pompon falid\u00edsz - Egyedi aj\u00e1nd\u00e9k, Meska","view_count":"683","favourite_count":"0","trending_score":"0","last2MonthFavouriteCount":"0","promotion":"0","giftcard_accept":"0","creditcard_accept":true,"enhanced_background":"0","domain":"meska","specific_customer_id":null,"specific_customer_name":null,"to_order_product":"1","to_order_product_time":"10","product_different":null,"product_different_description":"","vintage":"0","vintage_category_id":"0","recycled":"0","gemstone_id":"0","customizable":"1","type_category":"physical","zerowaste":"0","postage_price":"1290.00","shop_order":"6","has_category":"1","landing_pages":"Kar\u00e1csonyi aj\u00e1nd\u00e9kok","microdata":{"number":49,"category":""},"title":"N\u00e9vre sz\u00f3l\u00f3 HOLD \u00e9jjeli f\u00e9ny - Pompom \u00e9jszakai vil\u00e1g\u00edt\u00e1s fali dekor\u00e1ci\u00f3 - Vil\u00e1g\u00edt\u00f3 pompon falid\u00edsz - Egyedi aj\u00e1nd\u00e9k","description":"N\u00e9vre sz\u00f3l\u00f3 pompom HOLD led-es \u00e9jszakai vil\u00e1g\u00edt\u00e1ssal - HOLD \u00e9jjeli f\u00e9ny\n\nEz a gyapj\u00fa pompomokkal d\u00edsz\u00edtett, 100%-ban term\u00e9szetes alapanyagokb\u00f3l k\u00e9sz\u00fclt dekor\u00e1ci\u00f3 a babaszoba, gyerekszoba fal\u00e1n nagyon \u00e9desen mutat.\nA sz\u00edneket te v\u00e1laszthatod ki, \u00edgy biztosan t\u00f6k\u00e9letesen passzolni fog gyermeked szob\u00e1j\u00e1ba a t\u00f6bbi d\u00edsz mell\u00e9.\n\nN\u00e9v n\u00e9lk\u00fcl is k\u00e9rheted. :) Ebben az esetben k\u00e9rlek a n\u00e9v n\u00e9lk\u00fcli holdat tedd a kosaradba. Mutatok p\u00e9ld\u00e1t, hogy \u00fagy milyen:\n\nhttps:\/\/www.meska.hu\/p5415162-hold-led-es-ejszakai-vilagitas-nevre-szolo-felirattal-is-kerheto\nhttps:\/\/www.meska.hu\/p5415112-hold-led-es-ejszakai-vilagitas-nevre-szolo-felirattal-is-kerheto\n\n\nAj\u00e1nd\u00e9k is lehet babav\u00e1r\u00f3 buliba, keresztel\u0151re, vagy csak \u00fagy. :)\n\nVagy, ha m\u00e1s form\u00e1t keresel, m\u00e9g ezek is \u00e9rdekelhetnek:\nhttps:\/\/www.meska.hu\/p5495398-nevre-szolo-pompom-felho-falidisz-ejszakai-vilagitas-pompon-felhocske-ejjeli-feny-ajandek-disz-nevvel\nhttps:\/\/www.meska.hu\/p5349834-nevre-szolo-alomfogo\nhttps:\/\/www.meska.hu\/p5415145-nevre-szolo-pompom-falidisz\nhttps:\/\/www.meska.hu\/p5410603-felho-led-es-ejszakai-vilagitassal-nevre-szolo-felirattal-is-kerheto\nhttps:\/\/www.meska.hu\/p5349833-nevre-szolo-pompom-zaszlo-girland-fuzer\n\n\nAnyaga: gyapj\u00fa, 100% pamut, nat\u00far fa\n\nM\u00e9retei: kb 28 cm x 80 cm\n\nV\u00e1s\u00e1rl\u00e1skor a fizet\u00e9s el\u0151tti megjegyz\u00e9s rovatban, k\u00e9rlek \u00edrd meg:\n\n- mi a n\u00e9v, amit a d\u00edszre k\u00e9rsz\n- milyen sz\u00edn\u0171 zsin\u00f3rb\u00f3l k\u00e9red a keresztnevet (a k\u00e9pek tal\u00e1lod a zsin\u00f3r sz\u00ednpalett\u00e1t)\n- mely sz\u00ednekb\u0151l k\u00e9red a pompomokat (a k\u00e9pek k\u00f6z\u00f6tt tal\u00e1lod a sz\u00ednpalett\u00e1t, \u00e9s azt javaslom max 4 sz\u00ednt v\u00e1lassz)\n- milyen sz\u00edn\u0171 legyen a hold (a k\u00e9pek k\u00f6z\u00f6tt tal\u00e1lod a zsin\u00f3r sz\u00ednpalett\u00e1t)\n\nA k\u00e9pen l\u00e1that\u00f3 hold sz\u00ednei:\n\n                   n\u00e9v: p\u00fader\n                   \n                   pompom: kr\u00e9m, p\u00fader, t\u00f6rtfeh\u00e9r\n\n                   hold: vil\u00e1gos b\u00e9zs\n\n  \n\n           ","score":0,"formatted_price":"11 900 Ft","image_url":"https:\/\/www.meska.hu\/img\/product\/small\/p\/o\/pompommanufaktura_product_635887_260328095119_418448.jpeg","formatted_url":"https:\/\/www.meska.hu\/p5442736-nevre-szolo-pompom-hold-falidisz-ejszakai-vilagitas-nevre-szolo-pompom-pompon-holdacska-ejjeli-feny-ajandek-nevvel","favourite":false,"in_stock":false,"avatar":"635887_avatar_1723475539.jpeg","delete_from":0,"is_enhanced_background":false,"is_enhanced":false,"product_selection_started":false,"is_active":true,"image_webp_url":"https:\/\/www.meska.hu\/img\/product\/small\/p\/o\/pompommanufaktura_product_635887_260328095119_418448.webp"},{"id":"5435488","shop_id":"43575","user_id":"622009","shop_name":"nyuszikert","shop_zip":"9144","product_code":"5344105","product_name_old":null,"product_name":"Akril \u00e9jjeli f\u00e9ny sziv\u00e1rv\u00e1nnyal","category_string":"Baba - mama, \u00c9jszakai f\u00e9ny, Babaszoba dekor\u00e1ci\u00f3","technic_string":"Grav\u00edroz\u00e1s, pirogr\u00e1fia","category_1":"1735","category_2":"1761","category_3":"1466","category_4":"0","merged_category_1":null,"merged_category_2":null,"merged_category_3":null,"technic_1":"796","technic_2":"0","technic_3":"0","color_1":"513","color_2":"0","color_3":"0","product_description_old":null,"product_description":"Hozz var\u00e1zslatos hangulatot otthonodba ezekkel a st\u00edlusos \u00e9s egyedi akril\u00fcveg \u00e9jjeli f\u00e9nyekkel! Az \u00e1tl\u00e1tsz\u00f3 akril\u00fcveg alapanyag eleg\u00e1ns \u00e9s modern megjelen\u00e9st biztos\u00edt, mik\u00f6zben a finom LED vil\u00e1g\u00edt\u00e1s kellemes, l\u00e1gy f\u00e9nyt ad, megnyugtat\u00f3 hangulatot teremt, amely t\u00f6k\u00e9letes \u00e9jszakai k\u00eds\u00e9r\u0151k\u00e9nt szolg\u00e1l. Az akril\u00fcveg (plexi) tart\u00f3s \u00e9s k\u00f6nnyen tiszt\u00edthat\u00f3 anyag, amely nem t\u00f6rik k\u00f6nnyen. A l\u00e1mpa akkumul\u00e1torral m\u0171k\u00f6dik, melynek el\u0151nyei:\n\nHordozhat\u00f3 \u2013 b\u00e1rhol elhelyezhet\u0151 a lak\u00e1sban, nincs sz\u00fcks\u00e9g konnektorra.\n\nHossz\u00fa \u00fczemid\u0151 \u2013 ak\u00e1r 120 \u00f3r\u00e1n \u00e1t m\u0171k\u00f6dik egyetlen t\u00f6lt\u00e9ssel.\n\nK\u00e1belmentes kialak\u00edt\u00e1s \u2013 nincs \u00fatban vezet\u00e9k, biztons\u00e1gosabb \u00e9s eszt\u00e9tikusabb.\n\n\u00dajrat\u00f6lthet\u0151 akkumul\u00e1tor \u2013 k\u00f6rnyezetbar\u00e1t \u00e9s k\u00f6lts\u00e9ghat\u00e9kony, nincs sz\u00fcks\u00e9g elemekre.\n\nStabil f\u00e9nyer\u0151 \u2013 LED technol\u00f3gi\u00e1nak k\u00f6sz\u00f6nhet\u0151en energiatakar\u00e9kos \u00e9s tart\u00f3s f\u00e9nyt biztos\u00edt.\n\nSokoldal\u00fa felhaszn\u00e1l\u00e1s \u2013 ide\u00e1lis \u00e9jjeli f\u00e9nynek, dekor\u00e1ci\u00f3hoz vagy hangulatvil\u00e1g\u00edt\u00e1shoz.\n\nKompakt \u00e9s k\u00f6nny\u0171 \u2013 egyszer\u0171en mozgathat\u00f3 egyik helyis\u00e9gb\u0151l a m\u00e1sikba.\n\nT\u00f6bbf\u00e9le form\u00e1b\u00f3l \u00e9s mint\u00e1b\u00f3l v\u00e1laszthatsz, illetve a l\u00e1mp\u00e1kon megjelenhet a gyermeked neve \u00e9s sz\u00fclet\u00e9si vagy keresztel\u0151 d\u00e1tuma, hogy egy igaz\u00e1n szem\u00e9lyre szabott \u00e9jjeli f\u00e9nynek \u00f6r\u00fclhessetek.\n\nM\u00e9ret: kb. 15cm x 16cm\n\nAnyaga: 5 mm-es akril\u00fcveg (plexi) \u00e9s f\u00e1b\u00f3l k\u00e9sz\u00fclt LED talp\n\nVil\u00e1g\u00edt\u00e1s t\u00edpusa: LED\n\nT\u00f6k\u00e9letes v\u00e1laszt\u00e1s gyerekszob\u00e1ba vagy b\u00e1rmelyik helyis\u00e9gbe, ahol egy kis hangulatos vil\u00e1g\u00edt\u00e1st szeretn\u00e9l. Ide\u00e1lis aj\u00e1nd\u00e9k b\u00e1rmilyen alkalomra, legyen az babak\u00f6sz\u00f6nt\u0151, sz\u00fclet\u00e9snap, keresztel\u0151, kar\u00e1csony, vagy egyszer\u0171en csak egy kis meglepet\u00e9s.\n\nA csomag tartalma:\n\n1 db 5 mm-es akril\u00fcveg a v\u00e1lasztott mint\u00e1val \u00e9s adatokkal szem\u00e9lyre szabva\n1 db f\u00e1b\u00f3l k\u00e9sz\u00fclt LED talp\n1 db USB t\u00f6lt\u0151k\u00e1bel (a t\u00f6lt\u0151fej nem tartoz\u00e9k)","price":"10990.00","unit":"db","recommended":"0","status":"1","sponsored":"0","exp_notify":"0","own_material":"0","own_material_description_old":null,"own_material_description":"","jury":"0","jury_number":"","product_nature":"","meskaracsony":"0","create_date":"2026-03-04 15:45:11","shelve_id":"0","image":"nyuszikert_product_622009_250923102759_696756.jpeg","image_width":"480","image_height":"480","image_alt":"Akril \u00e9jjeli f\u00e9ny sziv\u00e1rv\u00e1nnyal, Hozz var\u00e1zslatos hangulatot otthonodba ezekkel a st\u00edlusos \u00e9s egyedi akril\u00fcveg \u00e9jjeli f\u00e9nyekkel! Az \u00e1..., Meska","image_title":"Akril \u00e9jjeli f\u00e9ny sziv\u00e1rv\u00e1nnyal, Meska","view_count":"777","favourite_count":"0","trending_score":"0","last2MonthFavouriteCount":"0","promotion":"0","giftcard_accept":"0","creditcard_accept":true,"enhanced_background":"0","domain":"meska","specific_customer_id":null,"specific_customer_name":null,"to_order_product":"1","to_order_product_time":"5","product_different":null,"product_different_description":"","vintage":"0","vintage_category_id":"0","recycled":"0","gemstone_id":"0","customizable":"1","type_category":"physical","zerowaste":"0","postage_price":"1290.00","shop_order":"0","has_category":"1","landing_pages":null,"microdata":{"number":50,"category":""},"title":"Akril \u00e9jjeli f\u00e9ny sziv\u00e1rv\u00e1nnyal","description":"Hozz var\u00e1zslatos hangulatot otthonodba ezekkel a st\u00edlusos \u00e9s egyedi akril\u00fcveg \u00e9jjeli f\u00e9nyekkel! Az \u00e1tl\u00e1tsz\u00f3 akril\u00fcveg alapanyag eleg\u00e1ns \u00e9s modern megjelen\u00e9st biztos\u00edt, mik\u00f6zben a finom LED vil\u00e1g\u00edt\u00e1s kellemes, l\u00e1gy f\u00e9nyt ad, megnyugtat\u00f3 hangulatot teremt, amely t\u00f6k\u00e9letes \u00e9jszakai k\u00eds\u00e9r\u0151k\u00e9nt szolg\u00e1l. Az akril\u00fcveg (plexi) tart\u00f3s \u00e9s k\u00f6nnyen tiszt\u00edthat\u00f3 anyag, amely nem t\u00f6rik k\u00f6nnyen. A l\u00e1mpa akkumul\u00e1torral m\u0171k\u00f6dik, melynek el\u0151nyei:\n\nHordozhat\u00f3 \u2013 b\u00e1rhol elhelyezhet\u0151 a lak\u00e1sban, nincs sz\u00fcks\u00e9g konnektorra.\n\nHossz\u00fa \u00fczemid\u0151 \u2013 ak\u00e1r 120 \u00f3r\u00e1n \u00e1t m\u0171k\u00f6dik egyetlen t\u00f6lt\u00e9ssel.\n\nK\u00e1belmentes kialak\u00edt\u00e1s \u2013 nincs \u00fatban vezet\u00e9k, biztons\u00e1gosabb \u00e9s eszt\u00e9tikusabb.\n\n\u00dajrat\u00f6lthet\u0151 akkumul\u00e1tor \u2013 k\u00f6rnyezetbar\u00e1t \u00e9s k\u00f6lts\u00e9ghat\u00e9kony, nincs sz\u00fcks\u00e9g elemekre.\n\nStabil f\u00e9nyer\u0151 \u2013 LED technol\u00f3gi\u00e1nak k\u00f6sz\u00f6nhet\u0151en energiatakar\u00e9kos \u00e9s tart\u00f3s f\u00e9nyt biztos\u00edt.\n\nSokoldal\u00fa felhaszn\u00e1l\u00e1s \u2013 ide\u00e1lis \u00e9jjeli f\u00e9nynek, dekor\u00e1ci\u00f3hoz vagy hangulatvil\u00e1g\u00edt\u00e1shoz.\n\nKompakt \u00e9s k\u00f6nny\u0171 \u2013 egyszer\u0171en mozgathat\u00f3 egyik helyis\u00e9gb\u0151l a m\u00e1sikba.\n\nT\u00f6bbf\u00e9le form\u00e1b\u00f3l \u00e9s mint\u00e1b\u00f3l v\u00e1laszthatsz, illetve a l\u00e1mp\u00e1kon megjelenhet a gyermeked neve \u00e9s sz\u00fclet\u00e9si vagy keresztel\u0151 d\u00e1tuma, hogy egy igaz\u00e1n szem\u00e9lyre szabott \u00e9jjeli f\u00e9nynek \u00f6r\u00fclhessetek.\n\nM\u00e9ret: kb. 15cm x 16cm\n\nAnyaga: 5 mm-es akril\u00fcveg (plexi) \u00e9s f\u00e1b\u00f3l k\u00e9sz\u00fclt LED talp\n\nVil\u00e1g\u00edt\u00e1s t\u00edpusa: LED\n\nT\u00f6k\u00e9letes v\u00e1laszt\u00e1s gyerekszob\u00e1ba vagy b\u00e1rmelyik helyis\u00e9gbe, ahol egy kis hangulatos vil\u00e1g\u00edt\u00e1st szeretn\u00e9l. Ide\u00e1lis aj\u00e1nd\u00e9k b\u00e1rmilyen alkalomra, legyen az babak\u00f6sz\u00f6nt\u0151, sz\u00fclet\u00e9snap, keresztel\u0151, kar\u00e1csony, vagy egyszer\u0171en csak egy kis meglepet\u00e9s.\n\nA csomag tartalma:\n\n1 db 5 mm-es akril\u00fcveg a v\u00e1lasztott mint\u00e1val \u00e9s adatokkal szem\u00e9lyre szabva\n1 db f\u00e1b\u00f3l k\u00e9sz\u00fclt LED talp\n1 db USB t\u00f6lt\u0151k\u00e1bel (a t\u00f6lt\u0151fej nem tartoz\u00e9k)","score":0,"formatted_price":"10 990 Ft","image_url":"https:\/\/www.meska.hu\/img\/product\/small\/n\/y\/nyuszikert_product_622009_250923102759_696756.jpeg","formatted_url":"https:\/\/www.meska.hu\/p5344105-akril-ejjeli-feny-szivarvannyal","favourite":false,"in_stock":false,"avatar":"622009_avatar_1701843989.jpeg","delete_from":0,"is_enhanced_background":false,"is_enhanced":false,"product_selection_started":false,"is_active":true,"image_webp_url":"https:\/\/www.meska.hu\/img\/product\/small\/n\/y\/nyuszikert_product_622009_250923102759_696756.webp"},{"id":"5273594","shop_id":"44711","user_id":"641650","shop_name":"SzandiFilcKucko","shop_zip":"3200","product_code":"5251437","product_name_old":null,"product_name":"Vil\u00e1g\u00edt\u00f3 n\u00e9vre sz\u00f3l\u00f3 \u00e9jszakai f\u00e9ny, babaszoba d\u00edsz, babak\u00f6sz\u00f6nt\u0151\/babav\u00e1r\u00f3 aj\u00e1nd\u00e9k, Marie cic\u00e1val, vil\u00e1g\u00edt\u00f3 holdal","category_string":"Baba - mama, \u00c9jszakai f\u00e9ny, Babaszoba dekor\u00e1ci\u00f3","technic_string":"Varr\u00e1s","category_1":"1735","category_2":"1761","category_3":"1466","category_4":"0","merged_category_1":null,"merged_category_2":null,"merged_category_3":null,"technic_1":"506","technic_2":"0","technic_3":"0","color_1":"525","color_2":"527","color_3":"0","product_description_old":null,"product_description":"Filc anyagb\u00f3l k\u00e9sz\u00fclt kb 20x 45 cm , elemes l\u00e9ddel ell\u00e1tott, n\u00e9vre sz\u00f3l\u00f3 \u00e9jszaka f\u00e9ny. Baba \u00e9s gyermekszob\u00e1ba ide\u00e1lis elalv\u00e1s el\u0151tti hangulat vil\u00e1g\u00edt\u00e1snak. Akaszt\u00f3s, \u00edgy falra , baldachintart\u00f3ra, ajt\u00f3ra... stb. k\u00f6nnyed\u00e9n felakaszthat\u00f3.","price":"9900.00","unit":"db","recommended":"0","status":"1","sponsored":"0","exp_notify":"0","own_material":"0","own_material_description_old":null,"own_material_description":"","jury":"0","jury_number":"","product_nature":"","meskaracsony":"0","create_date":"2026-03-03 20:26:32","shelve_id":"0","image":"szandifilckucko_product_641650_240322112941_620749.jpeg","image_width":"480","image_height":"480","image_alt":"Vil\u00e1g\u00edt\u00f3 n\u00e9vre sz\u00f3l\u00f3 \u00e9jszakai f\u00e9ny, babaszoba d\u00edsz, babak\u00f6sz\u00f6nt\u0151\/babav\u00e1r\u00f3 aj\u00e1nd\u00e9k, Marie cic\u00e1val, vil\u00e1g\u00edt\u00f3 holdal, Filc anyagb\u00f3l k\u00e9sz\u00fclt kb 20x 45 cm , elemes l\u00e9ddel ell\u00e1tott, n\u00e9vre sz\u00f3l\u00f3 \u00e9jszaka f\u00e9ny. Baba \u00e9s gyerm..., Meska","image_title":"Vil\u00e1g\u00edt\u00f3 n\u00e9vre sz\u00f3l\u00f3 \u00e9jszakai f\u00e9ny, babaszoba d\u00edsz, babak\u00f6sz\u00f6nt\u0151\/babav\u00e1r\u00f3 aj\u00e1nd\u00e9k, Marie cic\u00e1val, vil\u00e1g\u00edt\u00f3 holdal, Meska","view_count":"1423","favourite_count":"0","trending_score":"0","last2MonthFavouriteCount":"0","promotion":"0","giftcard_accept":"0","creditcard_accept":false,"enhanced_background":"0","domain":"meska","specific_customer_id":null,"specific_customer_name":null,"to_order_product":"1","to_order_product_time":"7","product_different":null,"product_different_description":"","vintage":"0","vintage_category_id":"0","recycled":"0","gemstone_id":"0","customizable":"1","type_category":"physical","zerowaste":"0","postage_price":"1500.00","shop_order":"0","has_category":"1","landing_pages":null,"microdata":{"number":51,"category":""},"title":"Vil\u00e1g\u00edt\u00f3 n\u00e9vre sz\u00f3l\u00f3 \u00e9jszakai f\u00e9ny, babaszoba d\u00edsz, babak\u00f6sz\u00f6nt\u0151\/babav\u00e1r\u00f3 aj\u00e1nd\u00e9k, Marie cic\u00e1val, vil\u00e1g\u00edt\u00f3 holdal","description":"Filc anyagb\u00f3l k\u00e9sz\u00fclt kb 20x 45 cm , elemes l\u00e9ddel ell\u00e1tott, n\u00e9vre sz\u00f3l\u00f3 \u00e9jszaka f\u00e9ny. Baba \u00e9s gyermekszob\u00e1ba ide\u00e1lis elalv\u00e1s el\u0151tti hangulat vil\u00e1g\u00edt\u00e1snak. Akaszt\u00f3s, \u00edgy falra , baldachintart\u00f3ra, ajt\u00f3ra... stb. k\u00f6nnyed\u00e9n felakaszthat\u00f3.","score":0,"formatted_price":"9 900 Ft","image_url":"https:\/\/www.meska.hu\/img\/product\/small\/s\/z\/szandifilckucko_product_641650_240322112941_620749.jpeg","formatted_url":"https:\/\/www.meska.hu\/p5251437-vilagito-nevre-szolo-ejszakai-feny-babaszoba-disz-babakoszonto-babavaro-ajandek-marie-cicaval-vilagito-holdal","favourite":false,"in_stock":false,"avatar":"641650_avatar_1710771980.png","delete_from":0,"is_enhanced_background":false,"is_enhanced":false,"product_selection_started":false,"is_active":true,"image_webp_url":"https:\/\/www.meska.hu\/img\/product\/small\/s\/z\/szandifilckucko_product_641650_240322112941_620749.webp"},{"id":"5298554","shop_id":"44711","user_id":"641650","shop_name":"SzandiFilcKucko","shop_zip":"3200","product_code":"5266468","product_name_old":null,"product_name":"Vil\u00e1g\u00edt\u00f3 n\u00e9vre sz\u00f3l\u00f3 \u00e9jszakai f\u00e9ny, babaszoba d\u00edsz, babak\u00f6sz\u00f6nt\u0151 aj\u00e1nd\u00e9k,elef\u00e1ntal","category_string":"Baba - mama, \u00c9jszakai f\u00e9ny, Babaszoba dekor\u00e1ci\u00f3","technic_string":"Varr\u00e1s","category_1":"1735","category_2":"1761","category_3":"1466","category_4":"0","merged_category_1":null,"merged_category_2":null,"merged_category_3":null,"technic_1":"506","technic_2":"0","technic_3":"0","color_1":"525","color_2":"527","color_3":"0","product_description_old":null,"product_description":"Filc anyagb\u00f3l k\u00e9sz\u00fclt kb 20x 45 cm , elemes l\u00e9ddel ell\u00e1tott, n\u00e9vre sz\u00f3l\u00f3 \u00e9jszaka f\u00e9ny. Baba \u00e9s gyermekszob\u00e1ba ide\u00e1lis elalv\u00e1s el\u0151tti hangulat vil\u00e1g\u00edt\u00e1snak. Akaszt\u00f3s, \u00edgy falra , baldachintart\u00f3ra, ajt\u00f3ra... stb. k\u00f6nnyed\u00e9n felakaszthat\u00f3.","price":"9490.00","unit":"db","recommended":"0","status":"1","sponsored":"0","exp_notify":"0","own_material":"0","own_material_description_old":null,"own_material_description":"","jury":"0","jury_number":"","product_nature":"","meskaracsony":"0","create_date":"2026-03-03 16:30:01","shelve_id":"0","image":"szandifilckucko_product_641650_240417094257_136691.jpeg","image_width":"480","image_height":"480","image_alt":"Vil\u00e1g\u00edt\u00f3 n\u00e9vre sz\u00f3l\u00f3 \u00e9jszakai f\u00e9ny, babaszoba d\u00edsz, babak\u00f6sz\u00f6nt\u0151 aj\u00e1nd\u00e9k,elef\u00e1ntal, Filc anyagb\u00f3l k\u00e9sz\u00fclt kb 20x 45 cm , elemes l\u00e9ddel ell\u00e1tott, n\u00e9vre sz\u00f3l\u00f3 \u00e9jszaka f\u00e9ny. Baba \u00e9s gyerm..., Meska","image_title":"Vil\u00e1g\u00edt\u00f3 n\u00e9vre sz\u00f3l\u00f3 \u00e9jszakai f\u00e9ny, babaszoba d\u00edsz, babak\u00f6sz\u00f6nt\u0151 aj\u00e1nd\u00e9k,elef\u00e1ntal, Meska","view_count":"1926","favourite_count":"0","trending_score":"0","last2MonthFavouriteCount":"0","promotion":"0","giftcard_accept":"0","creditcard_accept":false,"enhanced_background":"0","domain":"meska","specific_customer_id":null,"specific_customer_name":null,"to_order_product":"1","to_order_product_time":"7","product_different":null,"product_different_description":"","vintage":"0","vintage_category_id":"0","recycled":"0","gemstone_id":"0","customizable":"1","type_category":"physical","zerowaste":"0","postage_price":"1500.00","shop_order":"0","has_category":"1","landing_pages":null,"microdata":{"number":52,"category":""},"title":"Vil\u00e1g\u00edt\u00f3 n\u00e9vre sz\u00f3l\u00f3 \u00e9jszakai f\u00e9ny, babaszoba d\u00edsz, babak\u00f6sz\u00f6nt\u0151 aj\u00e1nd\u00e9k,elef\u00e1ntal","description":"Filc anyagb\u00f3l k\u00e9sz\u00fclt kb 20x 45 cm , elemes l\u00e9ddel ell\u00e1tott, n\u00e9vre sz\u00f3l\u00f3 \u00e9jszaka f\u00e9ny. Baba \u00e9s gyermekszob\u00e1ba ide\u00e1lis elalv\u00e1s el\u0151tti hangulat vil\u00e1g\u00edt\u00e1snak. Akaszt\u00f3s, \u00edgy falra , baldachintart\u00f3ra, ajt\u00f3ra... stb. k\u00f6nnyed\u00e9n felakaszthat\u00f3.","score":0,"formatted_price":"9 490 Ft","image_url":"https:\/\/www.meska.hu\/img\/product\/small\/s\/z\/szandifilckucko_product_641650_240417094257_136691.jpeg","formatted_url":"https:\/\/www.meska.hu\/p5266468-vilagito-nevre-szolo-ejszakai-feny-babaszoba-disz-babakoszonto-ajandekelefantal","favourite":false,"in_stock":false,"avatar":"641650_avatar_1710771980.png","delete_from":0,"is_enhanced_background":false,"is_enhanced":false,"product_selection_started":false,"is_active":true,"image_webp_url":"https:\/\/www.meska.hu\/img\/product\/small\/s\/z\/szandifilckucko_product_641650_240417094257_136691.webp"},{"id":"5563077","shop_id":"40617","user_id":"564776","shop_name":"boxed","shop_zip":"9121","product_code":"5430325","product_name_old":null,"product_name":"Rep\u00fcl\u0151g\u00e9p, k\u00e9k f\u00e9ny\u0171 vil\u00e1g\u00edt\u00f3 fa dekor\u00e1ci\u00f3 - helyzetjelz\u0151 vagy hangulatf\u00e9ny","category_string":"Baba - mama, \u00c9jszakai f\u00e9ny, Babaszoba dekor\u00e1ci\u00f3","technic_string":"Famegmunk\u00e1l\u00e1s","category_1":"1735","category_2":"1761","category_3":"1466","category_4":"0","merged_category_1":null,"merged_category_2":null,"merged_category_3":null,"technic_1":"478","technic_2":"0","technic_3":"0","color_1":"514","color_2":"521","color_3":"0","product_description_old":null,"product_description":"Dobd fel a gyerekszob\u00e1t vagy a lak\u00e1s b\u00e1rmelyik r\u00e9sz\u00e9t ezzel a rep\u00fcl\u0151g\u00e9p mint\u00e1s, k\u00e9k f\u00e9ny\u0171 helyzetjelz\u0151 vagy hangulatvil\u00e1g\u00edt\u00e1ssal! T\u00f6k\u00e9letes v\u00e1laszt\u00e1s azoknak, akik egy kis vid\u00e1ms\u00e1got \u00e9s melegs\u00e9get szeretn\u00e9nek otthonukba var\u00e1zsolni. Ide\u00e1lis nemcsak gyerekek sz\u00e1m\u00e1ra, hanem mindazoknak, akik szeretik a j\u00e1t\u00e9kos \u00e9s inspir\u00e1l\u00f3 k\u00f6rnyezetet. \n\nEz a b\u00e1jos vil\u00e1g\u00edt\u00f3 dekor\u00e1ci\u00f3 nemcsak \u00e9jjeli f\u00e9nyk\u00e9nt, hanem hangulatos kieg\u00e9sz\u00edt\u0151k\u00e9nt is t\u00f6k\u00e9letesen illik b\u00e1rmelyik szob\u00e1ba, megteremtve a meghitt l\u00e9gk\u00f6rt.\n\nEgyszer\u0171 haszn\u00e1lat, csak bedugod egy telefont\u00f6lt\u0151be \u00e9s m\u00e1r vil\u00e1g\u00edt is. A f\u00e9ny a f\u00e1b\u00f3l \u00e9rkezik, nem h\u00e1tt\u00e9rvil\u00e1g\u00edt\u00e1s.\n\n\u00c1ramell\u00e1t\u00e1s: USB type C (5V)\nT\u00e1pegys\u00e9g \u00e9s USB k\u00e1bel nem tartoz\u00e9k!\n\nM\u00e9retek: 15cm X 15cm X 2,4cm","price":"11400.00","unit":"db","recommended":"0","status":"1","sponsored":"0","exp_notify":"0","own_material":"0","own_material_description_old":null,"own_material_description":"","jury":"0","jury_number":"","product_nature":"","meskaracsony":"0","create_date":"2026-03-01 11:25:49","shelve_id":"75873","image":"boxed_product_564776_241106103106_187361.jpeg","image_width":"480","image_height":"333","image_alt":"Rep\u00fcl\u0151g\u00e9p, k\u00e9k f\u00e9ny\u0171 vil\u00e1g\u00edt\u00f3 fa dekor\u00e1ci\u00f3 - helyzetjelz\u0151 vagy hangulatf\u00e9ny, Dobd fel a gyerekszob\u00e1t vagy a lak\u00e1s b\u00e1rmelyik r\u00e9sz\u00e9t ezzel a rep\u00fcl\u0151g\u00e9p mint\u00e1s, k\u00e9k f\u00e9ny\u0171 helyzetjel..., Meska","image_title":"Rep\u00fcl\u0151g\u00e9p, k\u00e9k f\u00e9ny\u0171 vil\u00e1g\u00edt\u00f3 fa dekor\u00e1ci\u00f3 - helyzetjelz\u0151 vagy hangulatf\u00e9ny, Meska","view_count":"371","favourite_count":"0","trending_score":"0","last2MonthFavouriteCount":"0","promotion":"0","giftcard_accept":"0","creditcard_accept":true,"enhanced_background":"0","domain":"meska","specific_customer_id":null,"specific_customer_name":null,"to_order_product":"0","to_order_product_time":"0","product_different":null,"product_different_description":"","vintage":"0","vintage_category_id":"0","recycled":"0","gemstone_id":"0","customizable":"0","type_category":"physical","zerowaste":"0","postage_price":"2390.00","shop_order":"0","has_category":"1","landing_pages":null,"microdata":{"number":53,"category":""},"title":"Rep\u00fcl\u0151g\u00e9p, k\u00e9k f\u00e9ny\u0171 vil\u00e1g\u00edt\u00f3 fa dekor\u00e1ci\u00f3 - helyzetjelz\u0151 vagy hangulatf\u00e9ny","description":"Dobd fel a gyerekszob\u00e1t vagy a lak\u00e1s b\u00e1rmelyik r\u00e9sz\u00e9t ezzel a rep\u00fcl\u0151g\u00e9p mint\u00e1s, k\u00e9k f\u00e9ny\u0171 helyzetjelz\u0151 vagy hangulatvil\u00e1g\u00edt\u00e1ssal! T\u00f6k\u00e9letes v\u00e1laszt\u00e1s azoknak, akik egy kis vid\u00e1ms\u00e1got \u00e9s melegs\u00e9get szeretn\u00e9nek otthonukba var\u00e1zsolni. Ide\u00e1lis nemcsak gyerekek sz\u00e1m\u00e1ra, hanem mindazoknak, akik szeretik a j\u00e1t\u00e9kos \u00e9s inspir\u00e1l\u00f3 k\u00f6rnyezetet. \n\nEz a b\u00e1jos vil\u00e1g\u00edt\u00f3 dekor\u00e1ci\u00f3 nemcsak \u00e9jjeli f\u00e9nyk\u00e9nt, hanem hangulatos kieg\u00e9sz\u00edt\u0151k\u00e9nt is t\u00f6k\u00e9letesen illik b\u00e1rmelyik szob\u00e1ba, megteremtve a meghitt l\u00e9gk\u00f6rt.\n\nEgyszer\u0171 haszn\u00e1lat, csak bedugod egy telefont\u00f6lt\u0151be \u00e9s m\u00e1r vil\u00e1g\u00edt is. A f\u00e9ny a f\u00e1b\u00f3l \u00e9rkezik, nem h\u00e1tt\u00e9rvil\u00e1g\u00edt\u00e1s.\n\n\u00c1ramell\u00e1t\u00e1s: USB type C (5V)\nT\u00e1pegys\u00e9g \u00e9s USB k\u00e1bel nem tartoz\u00e9k!\n\nM\u00e9retek: 15cm X 15cm X 2,4cm","score":0,"formatted_price":"11 400 Ft","image_url":"https:\/\/www.meska.hu\/img\/product\/small\/b\/o\/boxed_product_564776_241106103106_187361.jpeg","formatted_url":"https:\/\/www.meska.hu\/p5430325-repulogep-kek-fenyu-vilagito-fa-dekoracio-helyzetjelzo-vagy-hangulatfeny","favourite":false,"in_stock":true,"avatar":"564776_avatar_1756368485.png","delete_from":0,"is_enhanced_background":false,"is_enhanced":false,"product_selection_started":false,"is_active":true,"image_webp_url":"https:\/\/www.meska.hu\/img\/product\/small\/b\/o\/boxed_product_564776_241106103106_187361.webp"},{"id":"5563057","shop_id":"40617","user_id":"564776","shop_name":"boxed","shop_zip":"9121","product_code":"5430315","product_name_old":null,"product_name":"Pillang\u00f3, k\u00e9k f\u00e9ny\u0171 vil\u00e1g\u00edt\u00f3 fa dekor\u00e1ci\u00f3 - helyzetjelz\u0151 vagy hangulatf\u00e9ny","category_string":"Baba - mama, \u00c9jszakai f\u00e9ny, Babaszoba dekor\u00e1ci\u00f3","technic_string":"Famegmunk\u00e1l\u00e1s","category_1":"1735","category_2":"1761","category_3":"1466","category_4":"0","merged_category_1":null,"merged_category_2":null,"merged_category_3":null,"technic_1":"478","technic_2":"0","technic_3":"0","color_1":"514","color_2":"521","color_3":"0","product_description_old":null,"product_description":"Dobd fel a gyerekszob\u00e1t vagy a lak\u00e1s b\u00e1rmelyik r\u00e9sz\u00e9t ezzel a pillang\u00f3mint\u00e1s, k\u00e9k f\u00e9ny\u0171 helyzetjelz\u0151 vagy hangulatvil\u00e1g\u00edt\u00e1ssal! T\u00f6k\u00e9letes v\u00e1laszt\u00e1s azoknak, akik egy kis vid\u00e1ms\u00e1got \u00e9s melegs\u00e9get szeretn\u00e9nek otthonukba var\u00e1zsolni. Ide\u00e1lis nemcsak gyerekek sz\u00e1m\u00e1ra, hanem mindazoknak, akik szeretik a j\u00e1t\u00e9kos \u00e9s inspir\u00e1l\u00f3 k\u00f6rnyezetet. \n\nEz a b\u00e1jos vil\u00e1g\u00edt\u00f3 dekor\u00e1ci\u00f3 nemcsak \u00e9jjeli f\u00e9nyk\u00e9nt, hanem hangulatos kieg\u00e9sz\u00edt\u0151k\u00e9nt is t\u00f6k\u00e9letesen illik b\u00e1rmelyik szob\u00e1ba, megteremtve a meghitt l\u00e9gk\u00f6rt.\n\nEgyszer\u0171 haszn\u00e1lat, csak bedugod egy telefont\u00f6lt\u0151be \u00e9s m\u00e1r vil\u00e1g\u00edt is. A f\u00e9ny a f\u00e1b\u00f3l \u00e9rkezik, nem h\u00e1tt\u00e9rvil\u00e1g\u00edt\u00e1s.\n\n\u00c1ramell\u00e1t\u00e1s: USB type C (5V)\nT\u00e1pegys\u00e9g \u00e9s USB k\u00e1bel nem tartoz\u00e9k!\n\nM\u00e9retek: 15cm X 15cm X 2,4cm","price":"11400.00","unit":"db","recommended":"0","status":"1","sponsored":"0","exp_notify":"0","own_material":"0","own_material_description_old":null,"own_material_description":"","jury":"0","jury_number":"","product_nature":"","meskaracsony":"0","create_date":"2026-03-01 11:25:33","shelve_id":"75873","image":"boxed_product_564776_241106102324_927317.jpeg","image_width":"480","image_height":"309","image_alt":"Pillang\u00f3, k\u00e9k f\u00e9ny\u0171 vil\u00e1g\u00edt\u00f3 fa dekor\u00e1ci\u00f3 - helyzetjelz\u0151 vagy hangulatf\u00e9ny, Dobd fel a gyerekszob\u00e1t vagy a lak\u00e1s b\u00e1rmelyik r\u00e9sz\u00e9t ezzel a pillang\u00f3mint\u00e1s, k\u00e9k f\u00e9ny\u0171 helyzetjelz\u0151..., Meska","image_title":"Pillang\u00f3, k\u00e9k f\u00e9ny\u0171 vil\u00e1g\u00edt\u00f3 fa dekor\u00e1ci\u00f3 - helyzetjelz\u0151 vagy hangulatf\u00e9ny, Meska","view_count":"443","favourite_count":"0","trending_score":"0","last2MonthFavouriteCount":"0","promotion":"0","giftcard_accept":"0","creditcard_accept":true,"enhanced_background":"0","domain":"meska","specific_customer_id":null,"specific_customer_name":null,"to_order_product":"0","to_order_product_time":"0","product_different":null,"product_different_description":"","vintage":"0","vintage_category_id":"0","recycled":"0","gemstone_id":"0","customizable":"0","type_category":"physical","zerowaste":"0","postage_price":"2390.00","shop_order":"0","has_category":"1","landing_pages":null,"microdata":{"number":54,"category":""},"title":"Pillang\u00f3, k\u00e9k f\u00e9ny\u0171 vil\u00e1g\u00edt\u00f3 fa dekor\u00e1ci\u00f3 - helyzetjelz\u0151 vagy hangulatf\u00e9ny","description":"Dobd fel a gyerekszob\u00e1t vagy a lak\u00e1s b\u00e1rmelyik r\u00e9sz\u00e9t ezzel a pillang\u00f3mint\u00e1s, k\u00e9k f\u00e9ny\u0171 helyzetjelz\u0151 vagy hangulatvil\u00e1g\u00edt\u00e1ssal! T\u00f6k\u00e9letes v\u00e1laszt\u00e1s azoknak, akik egy kis vid\u00e1ms\u00e1got \u00e9s melegs\u00e9get szeretn\u00e9nek otthonukba var\u00e1zsolni. Ide\u00e1lis nemcsak gyerekek sz\u00e1m\u00e1ra, hanem mindazoknak, akik szeretik a j\u00e1t\u00e9kos \u00e9s inspir\u00e1l\u00f3 k\u00f6rnyezetet. \n\nEz a b\u00e1jos vil\u00e1g\u00edt\u00f3 dekor\u00e1ci\u00f3 nemcsak \u00e9jjeli f\u00e9nyk\u00e9nt, hanem hangulatos kieg\u00e9sz\u00edt\u0151k\u00e9nt is t\u00f6k\u00e9letesen illik b\u00e1rmelyik szob\u00e1ba, megteremtve a meghitt l\u00e9gk\u00f6rt.\n\nEgyszer\u0171 haszn\u00e1lat, csak bedugod egy telefont\u00f6lt\u0151be \u00e9s m\u00e1r vil\u00e1g\u00edt is. A f\u00e9ny a f\u00e1b\u00f3l \u00e9rkezik, nem h\u00e1tt\u00e9rvil\u00e1g\u00edt\u00e1s.\n\n\u00c1ramell\u00e1t\u00e1s: USB type C (5V)\nT\u00e1pegys\u00e9g \u00e9s USB k\u00e1bel nem tartoz\u00e9k!\n\nM\u00e9retek: 15cm X 15cm X 2,4cm","score":0,"formatted_price":"11 400 Ft","image_url":"https:\/\/www.meska.hu\/img\/product\/small\/b\/o\/boxed_product_564776_241106102324_927317.jpeg","formatted_url":"https:\/\/www.meska.hu\/p5430315-pillango-kek-fenyu-vilagito-fa-dekoracio-helyzetjelzo-vagy-hangulatfeny","favourite":false,"in_stock":true,"avatar":"564776_avatar_1756368485.png","delete_from":0,"is_enhanced_background":false,"is_enhanced":false,"product_selection_started":false,"is_active":true,"image_webp_url":"https:\/\/www.meska.hu\/img\/product\/small\/b\/o\/boxed_product_564776_241106102324_927317.webp"},{"id":"5563062","shop_id":"40617","user_id":"564776","shop_name":"boxed","shop_zip":"9121","product_code":"5430319","product_name_old":null,"product_name":"Hold \u00e9s csillagok, s\u00e1rga f\u00e9ny\u0171 vil\u00e1g\u00edt\u00f3 fa dekor\u00e1ci\u00f3 - helyzetjelz\u0151 vagy hangulatf\u00e9ny","category_string":"Baba - mama, \u00c9jszakai f\u00e9ny, Babaszoba dekor\u00e1ci\u00f3","technic_string":"Famegmunk\u00e1l\u00e1s","category_1":"1735","category_2":"1761","category_3":"1466","category_4":"0","merged_category_1":null,"merged_category_2":null,"merged_category_3":null,"technic_1":"478","technic_2":"0","technic_3":"0","color_1":"514","color_2":"0","color_3":"0","product_description_old":null,"product_description":"Dobd fel a gyerekszob\u00e1t vagy a lak\u00e1s b\u00e1rmelyik r\u00e9sz\u00e9t ezzel a holdat \u00e9s csillagokat \u00e1br\u00e1zol\u00f3, melegs\u00e1rga f\u00e9ny\u0171 helyzetjelz\u0151 vagy hangulatvil\u00e1g\u00edt\u00e1ssal! T\u00f6k\u00e9letes v\u00e1laszt\u00e1s azoknak, akik egy kis vid\u00e1ms\u00e1got \u00e9s melegs\u00e9get szeretn\u00e9nek otthonukba var\u00e1zsolni. Ide\u00e1lis nemcsak gyerekek sz\u00e1m\u00e1ra, hanem mindazoknak, akik szeretik a j\u00e1t\u00e9kos \u00e9s inspir\u00e1l\u00f3 k\u00f6rnyezetet. \n\nEz a b\u00e1jos vil\u00e1g\u00edt\u00f3 dekor\u00e1ci\u00f3 nemcsak \u00e9jjeli f\u00e9nyk\u00e9nt, hanem hangulatos kieg\u00e9sz\u00edt\u0151k\u00e9nt is t\u00f6k\u00e9letesen illik b\u00e1rmelyik szob\u00e1ba, megteremtve a meghitt l\u00e9gk\u00f6rt.\n\nEgyszer\u0171 haszn\u00e1lat, csak bedugod egy telefont\u00f6lt\u0151be \u00e9s m\u00e1r vil\u00e1g\u00edt is. A f\u00e9ny a f\u00e1b\u00f3l \u00e9rkezik, nem h\u00e1tt\u00e9rvil\u00e1g\u00edt\u00e1s.\n\n\u00c1ramell\u00e1t\u00e1s: USB type C (5V)\nT\u00e1pegys\u00e9g \u00e9s USB k\u00e1bel nem tartoz\u00e9k!\n\nM\u00e9retek: 15cm X 15cm X 2,4cm","price":"11400.00","unit":"db","recommended":"0","status":"1","sponsored":"0","exp_notify":"0","own_material":"0","own_material_description_old":null,"own_material_description":"","jury":"0","jury_number":"","product_nature":"","meskaracsony":"0","create_date":"2026-03-01 11:25:18","shelve_id":"75873","image":"boxed_product_564776_241106102508_259374.jpeg","image_width":"480","image_height":"360","image_alt":"Hold \u00e9s csillagok, s\u00e1rga f\u00e9ny\u0171 vil\u00e1g\u00edt\u00f3 fa dekor\u00e1ci\u00f3 - helyzetjelz\u0151 vagy hangulatf\u00e9ny, Dobd fel a gyerekszob\u00e1t vagy a lak\u00e1s b\u00e1rmelyik r\u00e9sz\u00e9t ezzel a holdat \u00e9s csillagokat \u00e1br\u00e1zol\u00f3, melegs..., Meska","image_title":"Hold \u00e9s csillagok, s\u00e1rga f\u00e9ny\u0171 vil\u00e1g\u00edt\u00f3 fa dekor\u00e1ci\u00f3 - helyzetjelz\u0151 vagy hangulatf\u00e9ny, Meska","view_count":"460","favourite_count":"0","trending_score":"0","last2MonthFavouriteCount":"0","promotion":"0","giftcard_accept":"0","creditcard_accept":true,"enhanced_background":"0","domain":"meska","specific_customer_id":null,"specific_customer_name":null,"to_order_product":"0","to_order_product_time":"0","product_different":null,"product_different_description":"","vintage":"0","vintage_category_id":"0","recycled":"0","gemstone_id":"0","customizable":"0","type_category":"physical","zerowaste":"0","postage_price":"2390.00","shop_order":"0","has_category":"1","landing_pages":null,"microdata":{"number":55,"category":""},"title":"Hold \u00e9s csillagok, s\u00e1rga f\u00e9ny\u0171 vil\u00e1g\u00edt\u00f3 fa dekor\u00e1ci\u00f3 - helyzetjelz\u0151 vagy hangulatf\u00e9ny","description":"Dobd fel a gyerekszob\u00e1t vagy a lak\u00e1s b\u00e1rmelyik r\u00e9sz\u00e9t ezzel a holdat \u00e9s csillagokat \u00e1br\u00e1zol\u00f3, melegs\u00e1rga f\u00e9ny\u0171 helyzetjelz\u0151 vagy hangulatvil\u00e1g\u00edt\u00e1ssal! T\u00f6k\u00e9letes v\u00e1laszt\u00e1s azoknak, akik egy kis vid\u00e1ms\u00e1got \u00e9s melegs\u00e9get szeretn\u00e9nek otthonukba var\u00e1zsolni. Ide\u00e1lis nemcsak gyerekek sz\u00e1m\u00e1ra, hanem mindazoknak, akik szeretik a j\u00e1t\u00e9kos \u00e9s inspir\u00e1l\u00f3 k\u00f6rnyezetet. \n\nEz a b\u00e1jos vil\u00e1g\u00edt\u00f3 dekor\u00e1ci\u00f3 nemcsak \u00e9jjeli f\u00e9nyk\u00e9nt, hanem hangulatos kieg\u00e9sz\u00edt\u0151k\u00e9nt is t\u00f6k\u00e9letesen illik b\u00e1rmelyik szob\u00e1ba, megteremtve a meghitt l\u00e9gk\u00f6rt.\n\nEgyszer\u0171 haszn\u00e1lat, csak bedugod egy telefont\u00f6lt\u0151be \u00e9s m\u00e1r vil\u00e1g\u00edt is. A f\u00e9ny a f\u00e1b\u00f3l \u00e9rkezik, nem h\u00e1tt\u00e9rvil\u00e1g\u00edt\u00e1s.\n\n\u00c1ramell\u00e1t\u00e1s: USB type C (5V)\nT\u00e1pegys\u00e9g \u00e9s USB k\u00e1bel nem tartoz\u00e9k!\n\nM\u00e9retek: 15cm X 15cm X 2,4cm","score":0,"formatted_price":"11 400 Ft","image_url":"https:\/\/www.meska.hu\/img\/product\/small\/b\/o\/boxed_product_564776_241106102508_259374.jpeg","formatted_url":"https:\/\/www.meska.hu\/p5430319-hold-es-csillagok-sarga-fenyu-vilagito-fa-dekoracio-helyzetjelzo-vagy-hangulatfeny","favourite":false,"in_stock":true,"avatar":"564776_avatar_1756368485.png","delete_from":0,"is_enhanced_background":false,"is_enhanced":false,"product_selection_started":false,"is_active":true,"image_webp_url":"https:\/\/www.meska.hu\/img\/product\/small\/b\/o\/boxed_product_564776_241106102508_259374.webp"},{"id":"5298541","shop_id":"44711","user_id":"641650","shop_name":"SzandiFilcKucko","shop_zip":"3200","product_code":"5266464","product_name_old":null,"product_name":"Vil\u00e1g\u00edt\u00f3 n\u00e9vre sz\u00f3l\u00f3 \u00e9jszakai f\u00e9ny, babaszoba , babak\u00f6sz\u00f6nt\u0151 aj\u00e1nd\u00e9k, b\u00e9zs kutyussal ","category_string":"Baba - mama, \u00c9jszakai f\u00e9ny, Babaszoba dekor\u00e1ci\u00f3","technic_string":"Varr\u00e1s","category_1":"1735","category_2":"1761","category_3":"1466","category_4":"0","merged_category_1":null,"merged_category_2":null,"merged_category_3":null,"technic_1":"506","technic_2":"0","technic_3":"0","color_1":"525","color_2":"527","color_3":"0","product_description_old":null,"product_description":"Filc anyagb\u00f3l k\u00e9sz\u00fclt kb 20x 45 cm , elemes l\u00e9ddel ell\u00e1tott, n\u00e9vre sz\u00f3l\u00f3 \u00e9jszaka f\u00e9ny. Baba \u00e9s gyermekszob\u00e1ba ide\u00e1lis elalv\u00e1s el\u0151tti hangulat vil\u00e1g\u00edt\u00e1snak. Akaszt\u00f3s, \u00edgy falra , baldachintart\u00f3ra, ajt\u00f3ra... stb. k\u00f6nnyed\u00e9n felakaszthat\u00f3.","price":"10490.00","unit":"db","recommended":"0","status":"1","sponsored":"0","exp_notify":"0","own_material":"0","own_material_description_old":null,"own_material_description":"","jury":"0","jury_number":"","product_nature":"","meskaracsony":"0","create_date":"2026-02-27 22:13:53","shelve_id":"0","image":"szandifilckucko_product_641650_240417093518_593454.jpeg","image_width":"480","image_height":"480","image_alt":"Vil\u00e1g\u00edt\u00f3 n\u00e9vre sz\u00f3l\u00f3 \u00e9jszakai f\u00e9ny, babaszoba , babak\u00f6sz\u00f6nt\u0151 aj\u00e1nd\u00e9k, b\u00e9zs kutyussal , Filc anyagb\u00f3l k\u00e9sz\u00fclt kb 20x 45 cm , elemes l\u00e9ddel ell\u00e1tott, n\u00e9vre sz\u00f3l\u00f3 \u00e9jszaka f\u00e9ny. Baba \u00e9s gyerm..., Meska","image_title":"Vil\u00e1g\u00edt\u00f3 n\u00e9vre sz\u00f3l\u00f3 \u00e9jszakai f\u00e9ny, babaszoba , babak\u00f6sz\u00f6nt\u0151 aj\u00e1nd\u00e9k, b\u00e9zs kutyussal , Meska","view_count":"957","favourite_count":"0","trending_score":"0","last2MonthFavouriteCount":"0","promotion":"0","giftcard_accept":"0","creditcard_accept":false,"enhanced_background":"0","domain":"meska","specific_customer_id":null,"specific_customer_name":null,"to_order_product":"1","to_order_product_time":"7","product_different":null,"product_different_description":"","vintage":"0","vintage_category_id":"0","recycled":"0","gemstone_id":"0","customizable":"1","type_category":"physical","zerowaste":"0","postage_price":"1500.00","shop_order":"0","has_category":"1","landing_pages":null,"microdata":{"number":56,"category":""},"title":"Vil\u00e1g\u00edt\u00f3 n\u00e9vre sz\u00f3l\u00f3 \u00e9jszakai f\u00e9ny, babaszoba , babak\u00f6sz\u00f6nt\u0151 aj\u00e1nd\u00e9k, b\u00e9zs kutyussal ","description":"Filc anyagb\u00f3l k\u00e9sz\u00fclt kb 20x 45 cm , elemes l\u00e9ddel ell\u00e1tott, n\u00e9vre sz\u00f3l\u00f3 \u00e9jszaka f\u00e9ny. Baba \u00e9s gyermekszob\u00e1ba ide\u00e1lis elalv\u00e1s el\u0151tti hangulat vil\u00e1g\u00edt\u00e1snak. Akaszt\u00f3s, \u00edgy falra , baldachintart\u00f3ra, ajt\u00f3ra... stb. k\u00f6nnyed\u00e9n felakaszthat\u00f3.","score":0,"formatted_price":"10 490 Ft","image_url":"https:\/\/www.meska.hu\/img\/product\/small\/s\/z\/szandifilckucko_product_641650_240417093518_593454.jpeg","formatted_url":"https:\/\/www.meska.hu\/p5266464-vilagito-nevre-szolo-ejszakai-feny-babaszoba-babakoszonto-ajandek-bezs-kutyussal","favourite":false,"in_stock":false,"avatar":"641650_avatar_1710771980.png","delete_from":0,"is_enhanced_background":false,"is_enhanced":false,"product_selection_started":false,"is_active":true,"image_webp_url":"https:\/\/www.meska.hu\/img\/product\/small\/s\/z\/szandifilckucko_product_641650_240417093518_593454.webp"},{"id":"5712955","shop_id":"42331","user_id":"602002","shop_name":"Gravirplaza","shop_zip":"2612","product_code":"5508507","product_name_old":null,"product_name":" Babak\u00f6sz\u00f6nt\u0151 \u00e9jjeli l\u00e1mpa ","category_string":"Baba - mama, \u00c9jszakai f\u00e9ny, Babaszoba dekor\u00e1ci\u00f3","technic_string":"Grav\u00edroz\u00e1s, pirogr\u00e1fia","category_1":"1735","category_2":"1761","category_3":"1466","category_4":"0","merged_category_1":null,"merged_category_2":null,"merged_category_3":null,"technic_1":"796","technic_2":"0","technic_3":"0","color_1":"513","color_2":"0","color_3":"0","product_description_old":null,"product_description":"\n\nBabak\u00f6sz\u00f6nt\u0151 \u00e9jjeli l\u00e1mpa a kicsik sz\u00fclet\u00e9si adataival grav\u00edrozva.\nPraktikus egyedi aj\u00e1nd\u00e9k a babaszoba d\u00edsz\u00edt\u00e9s\u00e9hez!\n\nAz akril ledes l\u00e1mp\u00e1ink nyolcf\u00e9le sz\u00ednben tudnak vil\u00e1g\u00edtani, mely a talpon tal\u00e1lhat\u00f3 gomb megnyom\u00e1ssal v\u00e1ltoztathat\u00f3.\nV\u00e1laszthat\u00f3 sz\u00ednek: piros, k\u00e9k, z\u00f6ld, s\u00e1rga, lila, vil\u00e1gosk\u00e9k, feh\u00e9r, r\u00f3zsasz\u00edn\nA l\u00e1mpa USB k\u00e1bellel, vagy 3db AA ceruzaelemmel is m\u0171k\u00f6dtethet\u0151.\nL\u00e1mpa test m\u00e9rete: 10x10x4 cm\n\nA csomag tartalma:\n-1db l\u00e1mpa talpba illeszthet\u0151 akril t\u00e1bla\n-1db ledes l\u00e1mpa talp\n-1db USB k\u00e1bel\n\nRendel\u00e9skor megjegyz\u00e9sben ne feledd nek\u00fcnk meg\u00edrni a baba:\n-nev\u00e9t\n-sz\u00fclet\u00e9si s\u00faly\u00e1t\n-sz\u00fclet\u00e9si hossz\u00e1t\n-sz\u00fclet\u00e9snapj\u00e1t (\u00e9v,h\u00f3,nap)\n-sz\u00fclet\u00e9se id\u0151pontj\u00e1t (\u00f3ra,perc)","price":"6490.00","unit":"db","recommended":"0","status":"1","sponsored":"0","exp_notify":"0","own_material":"0","own_material_description_old":null,"own_material_description":"","jury":"0","jury_number":"","product_nature":"","meskaracsony":"0","create_date":"2026-02-27 16:12:30","shelve_id":"79623","image":"gravirplaza_product_602002_250304153918_470388.jpeg","image_width":"480","image_height":"360","image_alt":" Babak\u00f6sz\u00f6nt\u0151 \u00e9jjeli l\u00e1mpa , \\n\\nBabak\u00f6sz\u00f6nt\u0151 \u00e9jjeli l\u00e1mpa a kicsik sz\u00fclet\u00e9si adataival grav\u00edrozva.\\nPraktikus egyedi aj\u00e1nd\u00e9k a baba..., Meska","image_title":" Babak\u00f6sz\u00f6nt\u0151 \u00e9jjeli l\u00e1mpa , Meska","view_count":"375","favourite_count":"0","trending_score":"0","last2MonthFavouriteCount":"0","promotion":"0","giftcard_accept":"0","creditcard_accept":true,"enhanced_background":"0","domain":"meska","specific_customer_id":null,"specific_customer_name":null,"to_order_product":"1","to_order_product_time":"3","product_different":null,"product_different_description":"","vintage":"0","vintage_category_id":"0","recycled":"0","gemstone_id":"0","customizable":"1","type_category":"physical","zerowaste":"0","postage_price":"1290.00","shop_order":"0","has_category":"1","landing_pages":null,"microdata":{"number":57,"category":""},"title":" Babak\u00f6sz\u00f6nt\u0151 \u00e9jjeli l\u00e1mpa ","description":"\n\nBabak\u00f6sz\u00f6nt\u0151 \u00e9jjeli l\u00e1mpa a kicsik sz\u00fclet\u00e9si adataival grav\u00edrozva.\nPraktikus egyedi aj\u00e1nd\u00e9k a babaszoba d\u00edsz\u00edt\u00e9s\u00e9hez!\n\nAz akril ledes l\u00e1mp\u00e1ink nyolcf\u00e9le sz\u00ednben tudnak vil\u00e1g\u00edtani, mely a talpon tal\u00e1lhat\u00f3 gomb megnyom\u00e1ssal v\u00e1ltoztathat\u00f3.\nV\u00e1laszthat\u00f3 sz\u00ednek: piros, k\u00e9k, z\u00f6ld, s\u00e1rga, lila, vil\u00e1gosk\u00e9k, feh\u00e9r, r\u00f3zsasz\u00edn\nA l\u00e1mpa USB k\u00e1bellel, vagy 3db AA ceruzaelemmel is m\u0171k\u00f6dtethet\u0151.\nL\u00e1mpa test m\u00e9rete: 10x10x4 cm\n\nA csomag tartalma:\n-1db l\u00e1mpa talpba illeszthet\u0151 akril t\u00e1bla\n-1db ledes l\u00e1mpa talp\n-1db USB k\u00e1bel\n\nRendel\u00e9skor megjegyz\u00e9sben ne feledd nek\u00fcnk meg\u00edrni a baba:\n-nev\u00e9t\n-sz\u00fclet\u00e9si s\u00faly\u00e1t\n-sz\u00fclet\u00e9si hossz\u00e1t\n-sz\u00fclet\u00e9snapj\u00e1t (\u00e9v,h\u00f3,nap)\n-sz\u00fclet\u00e9se id\u0151pontj\u00e1t (\u00f3ra,perc)","score":0,"formatted_price":"6 490 Ft","image_url":"https:\/\/www.meska.hu\/img\/product\/small\/g\/r\/gravirplaza_product_602002_250304153918_470388.jpeg","formatted_url":"https:\/\/www.meska.hu\/p5508507-babakoszonto-ejjeli-lampa","favourite":false,"in_stock":false,"avatar":"602002_avatar_1694349701.png","delete_from":0,"is_enhanced_background":false,"is_enhanced":false,"product_selection_started":false,"is_active":true,"image_webp_url":"https:\/\/www.meska.hu\/img\/product\/small\/g\/r\/gravirplaza_product_602002_250304153918_470388.webp"},{"id":"5712915","shop_id":"42331","user_id":"602002","shop_name":"Gravirplaza","shop_zip":"2612","product_code":"5508480","product_name_old":null,"product_name":"Holdas \u00e9jjeli l\u00e1mpa ","category_string":"Baba - mama, \u00c9jszakai f\u00e9ny, Babaszoba dekor\u00e1ci\u00f3","technic_string":"Grav\u00edroz\u00e1s, pirogr\u00e1fia","category_1":"1735","category_2":"1761","category_3":"1466","category_4":"0","merged_category_1":null,"merged_category_2":null,"merged_category_3":null,"technic_1":"796","technic_2":"0","technic_3":"0","color_1":"513","color_2":"0","color_3":"0","product_description_old":null,"product_description":"Holdas \u00e9jjeli l\u00e1mpa, a gyerekek egyik nagy kedvence!\nAz \u00e9rdekes form\u00e1kat \u00e1br\u00e1zol\u00f3 f\u00e9nyek l\u00e1tv\u00e1nya egyenesen elvar\u00e1zsolja a kicsiket. K\u00fcl\u00f6nleges hangulatot \u00e1rasztanak \u00e9s biztons\u00e1g\u00e9rzetet adnak a gyerekeknek az \u00e9jjel s\u00f6t\u00e9tj\u00e9ben!\n\nAz akril ledes l\u00e1mp\u00e1ink nyolcf\u00e9le sz\u00ednben tudnak vil\u00e1g\u00edtani, mely a talpon tal\u00e1lhat\u00f3 gomb megnyom\u00e1ssal v\u00e1ltoztathat\u00f3.\nV\u00e1laszthat\u00f3 sz\u00ednek: piros, k\u00e9k, z\u00f6ld, s\u00e1rga, lila, vil\u00e1gosk\u00e9k, feh\u00e9r, r\u00f3zsasz\u00edn\nA l\u00e1mpa USB k\u00e1bellel, vagy 3db AA ceruzaelemmel is m\u0171k\u00f6dtethet\u0151.\nL\u00e1mpa test m\u00e9rete: 10x10x4 cm\n\nA csomag tartalma:\n-1db l\u00e1mpa talpba illeszthet\u0151 akril t\u00e1bla\n-1db ledes l\u00e1mpa talp\n-1db USB k\u00e1bel\n","price":"6490.00","unit":"db","recommended":"0","status":"1","sponsored":"0","exp_notify":"0","own_material":"0","own_material_description_old":null,"own_material_description":"","jury":"0","jury_number":"","product_nature":"","meskaracsony":"0","create_date":"2026-02-27 16:12:25","shelve_id":"79623","image":"gravirplaza_product_602002_250304152026_119211.jpeg","image_width":"480","image_height":"360","image_alt":"Holdas \u00e9jjeli l\u00e1mpa , Holdas \u00e9jjeli l\u00e1mpa, a gyerekek egyik nagy kedvence!\\nAz \u00e9rdekes form\u00e1kat \u00e1br\u00e1zol\u00f3 f\u00e9nyek l\u00e1tv\u00e1nya eg..., Meska","image_title":"Holdas \u00e9jjeli l\u00e1mpa , Meska","view_count":"302","favourite_count":"0","trending_score":"0","last2MonthFavouriteCount":"0","promotion":"0","giftcard_accept":"0","creditcard_accept":true,"enhanced_background":"0","domain":"meska","specific_customer_id":null,"specific_customer_name":null,"to_order_product":"1","to_order_product_time":"3","product_different":null,"product_different_description":"","vintage":"0","vintage_category_id":"0","recycled":"0","gemstone_id":"0","customizable":"0","type_category":"physical","zerowaste":"0","postage_price":"1290.00","shop_order":"0","has_category":"1","landing_pages":null,"microdata":{"number":58,"category":""},"title":"Holdas \u00e9jjeli l\u00e1mpa ","description":"Holdas \u00e9jjeli l\u00e1mpa, a gyerekek egyik nagy kedvence!\nAz \u00e9rdekes form\u00e1kat \u00e1br\u00e1zol\u00f3 f\u00e9nyek l\u00e1tv\u00e1nya egyenesen elvar\u00e1zsolja a kicsiket. K\u00fcl\u00f6nleges hangulatot \u00e1rasztanak \u00e9s biztons\u00e1g\u00e9rzetet adnak a gyerekeknek az \u00e9jjel s\u00f6t\u00e9tj\u00e9ben!\n\nAz akril ledes l\u00e1mp\u00e1ink nyolcf\u00e9le sz\u00ednben tudnak vil\u00e1g\u00edtani, mely a talpon tal\u00e1lhat\u00f3 gomb megnyom\u00e1ssal v\u00e1ltoztathat\u00f3.\nV\u00e1laszthat\u00f3 sz\u00ednek: piros, k\u00e9k, z\u00f6ld, s\u00e1rga, lila, vil\u00e1gosk\u00e9k, feh\u00e9r, r\u00f3zsasz\u00edn\nA l\u00e1mpa USB k\u00e1bellel, vagy 3db AA ceruzaelemmel is m\u0171k\u00f6dtethet\u0151.\nL\u00e1mpa test m\u00e9rete: 10x10x4 cm\n\nA csomag tartalma:\n-1db l\u00e1mpa talpba illeszthet\u0151 akril t\u00e1bla\n-1db ledes l\u00e1mpa talp\n-1db USB k\u00e1bel\n","score":0,"formatted_price":"6 490 Ft","image_url":"https:\/\/www.meska.hu\/img\/product\/small\/g\/r\/gravirplaza_product_602002_250304152026_119211.jpeg","formatted_url":"https:\/\/www.meska.hu\/p5508480-holdas-ejjeli-lampa","favourite":false,"in_stock":false,"avatar":"602002_avatar_1694349701.png","delete_from":0,"is_enhanced_background":false,"is_enhanced":false,"product_selection_started":false,"is_active":true,"image_webp_url":"https:\/\/www.meska.hu\/img\/product\/small\/g\/r\/gravirplaza_product_602002_250304152026_119211.webp"},{"id":"5712947","shop_id":"42331","user_id":"602002","shop_name":"Gravirplaza","shop_zip":"2612","product_code":"5508499","product_name_old":null,"product_name":" Maci 3D l\u00e1mpa ","category_string":"Baba - mama, \u00c9jszakai f\u00e9ny, Babaszoba dekor\u00e1ci\u00f3","technic_string":"Grav\u00edroz\u00e1s, pirogr\u00e1fia","category_1":"1735","category_2":"1761","category_3":"1466","category_4":"0","merged_category_1":null,"merged_category_2":null,"merged_category_3":null,"technic_1":"796","technic_2":"0","technic_3":"0","color_1":"513","color_2":"0","color_3":"0","product_description_old":null,"product_description":"Maci 3D hat\u00e1s\u00fa \u00e9jjeli l\u00e1mpa.\nA h\u00e1l\u00f3szoba k\u00fcl\u00f6nleges megjelen\u00e9s\u0171 kieg\u00e9sz\u00edt\u0151je, mely hangulatvil\u00e1g\u00edt\u00e1sk\u00e9nt \u00e9s \u00e9jjeli l\u00e1mpak\u00e9nt is t\u00f6k\u00e9letes v\u00e1laszt\u00e1s!\n\nAz akril ledes l\u00e1mp\u00e1ink nyolcf\u00e9le sz\u00ednben tudnak vil\u00e1g\u00edtani, mely a talpon tal\u00e1lhat\u00f3 gomb megnyom\u00e1ssal v\u00e1ltoztathat\u00f3.\nV\u00e1laszthat\u00f3 sz\u00ednek: piros, k\u00e9k, z\u00f6ld, s\u00e1rga, lila, vil\u00e1gosk\u00e9k, feh\u00e9r, r\u00f3zsasz\u00edn\nA l\u00e1mpa USB k\u00e1bellel, vagy 3db AA ceruzaelemmel is m\u0171k\u00f6dtethet\u0151.\nL\u00e1mpa test m\u00e9rete: 10x10x4 cm\n\nA csomag tartalma:\n-1db l\u00e1mpa talpba illeszthet\u0151 akril t\u00e1bla\n-1db ledes l\u00e1mpa talp\n-1db USB k\u00e1bel","price":"6490.00","unit":"db","recommended":"0","status":"1","sponsored":"0","exp_notify":"0","own_material":"0","own_material_description_old":null,"own_material_description":"","jury":"0","jury_number":"","product_nature":"","meskaracsony":"0","create_date":"2026-02-27 16:12:16","shelve_id":"79623","image":"gravirplaza_product_602002_250304153412_440328.jpeg","image_width":"480","image_height":"360","image_alt":" Maci 3D l\u00e1mpa , Maci 3D hat\u00e1s\u00fa \u00e9jjeli l\u00e1mpa.\\nA h\u00e1l\u00f3szoba k\u00fcl\u00f6nleges megjelen\u00e9s\u0171 kieg\u00e9sz\u00edt\u0151je, mely hangulatvil\u00e1g\u00edt\u00e1s..., Meska","image_title":" Maci 3D l\u00e1mpa , Meska","view_count":"237","favourite_count":"0","trending_score":"0","last2MonthFavouriteCount":"0","promotion":"0","giftcard_accept":"0","creditcard_accept":true,"enhanced_background":"0","domain":"meska","specific_customer_id":null,"specific_customer_name":null,"to_order_product":"1","to_order_product_time":"3","product_different":null,"product_different_description":"","vintage":"0","vintage_category_id":"0","recycled":"0","gemstone_id":"0","customizable":"0","type_category":"physical","zerowaste":"0","postage_price":"1290.00","shop_order":"0","has_category":"1","landing_pages":null,"microdata":{"number":59,"category":""},"title":" Maci 3D l\u00e1mpa ","description":"Maci 3D hat\u00e1s\u00fa \u00e9jjeli l\u00e1mpa.\nA h\u00e1l\u00f3szoba k\u00fcl\u00f6nleges megjelen\u00e9s\u0171 kieg\u00e9sz\u00edt\u0151je, mely hangulatvil\u00e1g\u00edt\u00e1sk\u00e9nt \u00e9s \u00e9jjeli l\u00e1mpak\u00e9nt is t\u00f6k\u00e9letes v\u00e1laszt\u00e1s!\n\nAz akril ledes l\u00e1mp\u00e1ink nyolcf\u00e9le sz\u00ednben tudnak vil\u00e1g\u00edtani, mely a talpon tal\u00e1lhat\u00f3 gomb megnyom\u00e1ssal v\u00e1ltoztathat\u00f3.\nV\u00e1laszthat\u00f3 sz\u00ednek: piros, k\u00e9k, z\u00f6ld, s\u00e1rga, lila, vil\u00e1gosk\u00e9k, feh\u00e9r, r\u00f3zsasz\u00edn\nA l\u00e1mpa USB k\u00e1bellel, vagy 3db AA ceruzaelemmel is m\u0171k\u00f6dtethet\u0151.\nL\u00e1mpa test m\u00e9rete: 10x10x4 cm\n\nA csomag tartalma:\n-1db l\u00e1mpa talpba illeszthet\u0151 akril t\u00e1bla\n-1db ledes l\u00e1mpa talp\n-1db USB k\u00e1bel","score":0,"formatted_price":"6 490 Ft","image_url":"https:\/\/www.meska.hu\/img\/product\/small\/g\/r\/gravirplaza_product_602002_250304153412_440328.jpeg","formatted_url":"https:\/\/www.meska.hu\/p5508499-maci-3d-lampa","favourite":false,"in_stock":false,"avatar":"602002_avatar_1694349701.png","delete_from":0,"is_enhanced_background":false,"is_enhanced":false,"product_selection_started":false,"is_active":true,"image_webp_url":"https:\/\/www.meska.hu\/img\/product\/small\/g\/r\/gravirplaza_product_602002_250304153412_440328.webp"},{"id":"5559771","shop_id":"25577","user_id":"302885","shop_name":"BogiHandmade","shop_zip":"6792","product_code":"5428487","product_name_old":null,"product_name":"Babaszoba dekor\u00e1ci\u00f3 szett - \u00e1lmodoz\u00f3 nyuszik\u00e1k","category_string":"Baba - mama, \u00c9jszakai f\u00e9ny, Babaszoba dekor\u00e1ci\u00f3","technic_string":"Mindenm\u00e1s, Varr\u00e1s","category_1":"1735","category_2":"1761","category_3":"1466","category_4":"0","merged_category_1":null,"merged_category_2":null,"merged_category_3":null,"technic_1":"493","technic_2":"506","technic_3":"0","color_1":"515","color_2":"519","color_3":"1475","product_description_old":null,"product_description":"Filcb\u0151l, k\u00e9zzel k\u00e9sz\u00fclt felh\u0151s, holdas, csillagos, h\u0151l\u00e9gballonos \u00f6ssze\u00e1ll\u00edt\u00e1s cuki nyuszk\u00f3kkal, amely b\u00e1rmilyen sz\u00edn\u0171 falon j\u00f3l mutat.\nEzt a LED-es nyuszk\u00f3s \u00f6ssze\u00e1ll\u00edt\u00e1st Ildus\u00e9k otthon\u00e1ba \u00e1lmodtuk meg k\u00f6z\u00f6sen a picinek :)\n\nRendelhet\u0151 b\u00e1rmilyen sz\u00ednben, n\u00e9vvel szem\u00e9lyre szabva, egyedi tervez\u00e9ssel is :) \n\nH\u00e1tulj\u00e1n fonalb\u00f3l akaszt\u00f3k tal\u00e1lhat\u00f3ak, felt\u00e9ve a sz\u00f6g vagy csavar rejtve marad. \n\nAnyaga: puha filc (100% polyester), b\u00e9l\u00e9se vlies, a kont\u00farok \u00e9s az \u00f6lt\u00e9sek pamut h\u00edmz\u0151fonallal k\u00e9sz\u00fcltek.\n\nM\u00e9retek: \n- a h\u0151l\u00e9gballonos figura tetej\u00e9t\u0151l a bagoly alj\u00e1ig kb. 37 cm, sz\u00e9less\u00e9ge 20 cm\n- a holdas figura tetej\u00e9t\u0151l a felh\u0151cske alj\u00e1ig kb. 32 cm, sz\u00e9less\u00e9ge 20 cm.\n\nA LED 2 db AA-s elemmel m\u0171k\u00f6dik.\n\nHaszn\u00e1lata: a term\u00e9k dekor\u00e1ci\u00f3s jelleg\u0171, mos\u00f3g\u00e9pben nem moshat\u00f3, de porsz\u00edv\u00f3val tiszt\u00e1n tarthat\u00f3. Ha b\u00e1rmilyen k\u00e9rd\u00e9sed van a term\u00e9kkel kapcsolatban, esetleg valami egyedit szeretn\u00e9l kisbab\u00e1dnak, sz\u00edvesen veszem \u00e9rdekl\u0151d\u00e9sedet. :)","price":"15900.00","unit":"garn","recommended":"0","status":"1","sponsored":"0","exp_notify":"0","own_material":"0","own_material_description_old":null,"own_material_description":"","jury":"0","jury_number":"","product_nature":"","meskaracsony":"0","create_date":"2026-02-27 10:11:50","shelve_id":"56646","image":"bogihandmade_product_302885_241103180613_70045.jpeg","image_width":"480","image_height":"360","image_alt":"Babaszoba dekor\u00e1ci\u00f3 szett - \u00e1lmodoz\u00f3 nyuszik\u00e1k, Filcb\u0151l, k\u00e9zzel k\u00e9sz\u00fclt felh\u0151s, holdas, csillagos, h\u0151l\u00e9gballonos \u00f6ssze\u00e1ll\u00edt\u00e1s cuki nyuszk\u00f3kkal, amel..., Meska","image_title":"Babaszoba dekor\u00e1ci\u00f3 szett - \u00e1lmodoz\u00f3 nyuszik\u00e1k, Meska","view_count":"460","favourite_count":"0","trending_score":"0","last2MonthFavouriteCount":"0","promotion":"0","giftcard_accept":"1","creditcard_accept":true,"enhanced_background":"0","domain":"meska","specific_customer_id":null,"specific_customer_name":null,"to_order_product":"1","to_order_product_time":"10","product_different":null,"product_different_description":"","vintage":"0","vintage_category_id":"0","recycled":"0","gemstone_id":"0","customizable":"0","type_category":"physical","zerowaste":"0","postage_price":"2390.00","shop_order":"0","has_category":"1","landing_pages":null,"microdata":{"number":60,"category":""},"title":"Babaszoba dekor\u00e1ci\u00f3 szett - \u00e1lmodoz\u00f3 nyuszik\u00e1k","description":"Filcb\u0151l, k\u00e9zzel k\u00e9sz\u00fclt felh\u0151s, holdas, csillagos, h\u0151l\u00e9gballonos \u00f6ssze\u00e1ll\u00edt\u00e1s cuki nyuszk\u00f3kkal, amely b\u00e1rmilyen sz\u00edn\u0171 falon j\u00f3l mutat.\nEzt a LED-es nyuszk\u00f3s \u00f6ssze\u00e1ll\u00edt\u00e1st Ildus\u00e9k otthon\u00e1ba \u00e1lmodtuk meg k\u00f6z\u00f6sen a picinek :)\n\nRendelhet\u0151 b\u00e1rmilyen sz\u00ednben, n\u00e9vvel szem\u00e9lyre szabva, egyedi tervez\u00e9ssel is :) \n\nH\u00e1tulj\u00e1n fonalb\u00f3l akaszt\u00f3k tal\u00e1lhat\u00f3ak, felt\u00e9ve a sz\u00f6g vagy csavar rejtve marad. \n\nAnyaga: puha filc (100% polyester), b\u00e9l\u00e9se vlies, a kont\u00farok \u00e9s az \u00f6lt\u00e9sek pamut h\u00edmz\u0151fonallal k\u00e9sz\u00fcltek.\n\nM\u00e9retek: \n- a h\u0151l\u00e9gballonos figura tetej\u00e9t\u0151l a bagoly alj\u00e1ig kb. 37 cm, sz\u00e9less\u00e9ge 20 cm\n- a holdas figura tetej\u00e9t\u0151l a felh\u0151cske alj\u00e1ig kb. 32 cm, sz\u00e9less\u00e9ge 20 cm.\n\nA LED 2 db AA-s elemmel m\u0171k\u00f6dik.\n\nHaszn\u00e1lata: a term\u00e9k dekor\u00e1ci\u00f3s jelleg\u0171, mos\u00f3g\u00e9pben nem moshat\u00f3, de porsz\u00edv\u00f3val tiszt\u00e1n tarthat\u00f3. Ha b\u00e1rmilyen k\u00e9rd\u00e9sed van a term\u00e9kkel kapcsolatban, esetleg valami egyedit szeretn\u00e9l kisbab\u00e1dnak, sz\u00edvesen veszem \u00e9rdekl\u0151d\u00e9sedet. :)","score":0,"formatted_price":"15 900 Ft","image_url":"https:\/\/www.meska.hu\/img\/product\/small\/b\/o\/bogihandmade_product_302885_241103180613_70045.jpeg","formatted_url":"https:\/\/www.meska.hu\/p5428487-babaszoba-dekoracio-szett-almodozo-nyuszikak","favourite":false,"in_stock":false,"avatar":"302885_avatar_1773676571.jpeg","delete_from":0,"is_enhanced_background":false,"is_enhanced":false,"product_selection_started":false,"is_active":true,"image_webp_url":"https:\/\/www.meska.hu\/img\/product\/small\/b\/o\/bogihandmade_product_302885_241103180613_70045.webp"},{"id":"5491184","shop_id":"43575","user_id":"622009","shop_name":"nyuszikert","shop_zip":"9144","product_code":"5377643","product_name_old":null,"product_name":"Akril \u00e9jjeli- nyuszi pillang\u00f3kkal","category_string":"Baba - mama, \u00c9jszakai f\u00e9ny, Babaszoba dekor\u00e1ci\u00f3","technic_string":"Grav\u00edroz\u00e1s, pirogr\u00e1fia","category_1":"1735","category_2":"1761","category_3":"1466","category_4":"0","merged_category_1":null,"merged_category_2":null,"merged_category_3":null,"technic_1":"796","technic_2":"0","technic_3":"0","color_1":"513","color_2":"0","color_3":"0","product_description_old":null,"product_description":"Hozz var\u00e1zslatos hangulatot otthonodba ezekkel a st\u00edlusos \u00e9s egyedi akril\u00fcveg \u00e9jjeli f\u00e9nyekkel! Az \u00e1tl\u00e1tsz\u00f3 akril\u00fcveg alapanyag eleg\u00e1ns \u00e9s modern megjelen\u00e9st biztos\u00edt, mik\u00f6zben a finom LED vil\u00e1g\u00edt\u00e1s kellemes, l\u00e1gy f\u00e9nyt ad, megnyugtat\u00f3 hangulatot teremt, amely t\u00f6k\u00e9letes \u00e9jszakai k\u00eds\u00e9r\u0151k\u00e9nt szolg\u00e1l. Az akril\u00fcveg (plexi) tart\u00f3s \u00e9s k\u00f6nnyen tiszt\u00edthat\u00f3 anyag, amely nem t\u00f6rik k\u00f6nnyen. A l\u00e1mpa akkumul\u00e1torral m\u0171k\u00f6dik, melynek el\u0151nyei:\n\nHordozhat\u00f3 \u2013 b\u00e1rhol elhelyezhet\u0151 a lak\u00e1sban, nincs sz\u00fcks\u00e9g konnektorra.\n\nHossz\u00fa \u00fczemid\u0151 \u2013 ak\u00e1r 120 \u00f3r\u00e1n \u00e1t m\u0171k\u00f6dik egyetlen t\u00f6lt\u00e9ssel.\n\nK\u00e1belmentes kialak\u00edt\u00e1s \u2013 nincs \u00fatban vezet\u00e9k, biztons\u00e1gosabb \u00e9s eszt\u00e9tikusabb.\n\n\u00dajrat\u00f6lthet\u0151 akkumul\u00e1tor \u2013 k\u00f6rnyezetbar\u00e1t \u00e9s k\u00f6lts\u00e9ghat\u00e9kony, nincs sz\u00fcks\u00e9g elemekre.\n\nStabil f\u00e9nyer\u0151 \u2013 LED technol\u00f3gi\u00e1nak k\u00f6sz\u00f6nhet\u0151en energiatakar\u00e9kos \u00e9s tart\u00f3s f\u00e9nyt biztos\u00edt.\n\nSokoldal\u00fa felhaszn\u00e1l\u00e1s \u2013 ide\u00e1lis \u00e9jjeli f\u00e9nynek, dekor\u00e1ci\u00f3hoz vagy hangulatvil\u00e1g\u00edt\u00e1shoz.\n\nKompakt \u00e9s k\u00f6nny\u0171 \u2013 egyszer\u0171en mozgathat\u00f3 egyik helyis\u00e9gb\u0151l a m\u00e1sikba.\n\nT\u00f6bbf\u00e9le form\u00e1b\u00f3l \u00e9s mint\u00e1b\u00f3l v\u00e1laszthatsz, illetve a l\u00e1mp\u00e1kon megjelenhet a gyermeked neve \u00e9s sz\u00fclet\u00e9si vagy keresztel\u0151 d\u00e1tuma, hogy egy igaz\u00e1n szem\u00e9lyre szabott \u00e9jjeli f\u00e9nynek \u00f6r\u00fclhessetek.\n\nM\u00e9ret: kb. 15cm x 16cm\n\nAnyaga: 5 mm-es akril\u00fcveg (plexi) \u00e9s f\u00e1b\u00f3l k\u00e9sz\u00fclt LED talp\n\nVil\u00e1g\u00edt\u00e1s t\u00edpusa: LED\n\nT\u00f6k\u00e9letes v\u00e1laszt\u00e1s gyerekszob\u00e1ba vagy b\u00e1rmelyik helyis\u00e9gbe, ahol egy kis hangulatos vil\u00e1g\u00edt\u00e1st szeretn\u00e9l. Ide\u00e1lis aj\u00e1nd\u00e9k b\u00e1rmilyen alkalomra, legyen az babak\u00f6sz\u00f6nt\u0151, sz\u00fclet\u00e9snap, keresztel\u0151, kar\u00e1csony, vagy egyszer\u0171en csak egy kis meglepet\u00e9s.\n\nA csomag tartalma:\n\n1 db 5 mm-es akril\u00fcveg a v\u00e1lasztott mint\u00e1val \u00e9s adatokkal szem\u00e9lyre szabva\n1 db f\u00e1b\u00f3l k\u00e9sz\u00fclt LED talp\n1 db USB t\u00f6lt\u0151k\u00e1bel (a t\u00f6lt\u0151fej nem tartoz\u00e9k)","price":"10990.00","unit":"db","recommended":"0","status":"1","sponsored":"0","exp_notify":"0","own_material":"0","own_material_description_old":null,"own_material_description":"","jury":"0","jury_number":"","product_nature":"","meskaracsony":"0","create_date":"2026-02-24 16:18:56","shelve_id":"0","image":"nyuszikert_product_622009_250923101434_721844.jpeg","image_width":"480","image_height":"480","image_alt":"Akril \u00e9jjeli- nyuszi pillang\u00f3kkal, Hozz var\u00e1zslatos hangulatot otthonodba ezekkel a st\u00edlusos \u00e9s egyedi akril\u00fcveg \u00e9jjeli f\u00e9nyekkel! Az \u00e1..., Meska","image_title":"Akril \u00e9jjeli- nyuszi pillang\u00f3kkal, Meska","view_count":"459","favourite_count":"1","trending_score":"0","last2MonthFavouriteCount":"0","promotion":"0","giftcard_accept":"0","creditcard_accept":true,"enhanced_background":"0","domain":"meska","specific_customer_id":null,"specific_customer_name":null,"to_order_product":"1","to_order_product_time":"5","product_different":null,"product_different_description":"","vintage":"0","vintage_category_id":"0","recycled":"0","gemstone_id":"0","customizable":"1","type_category":"physical","zerowaste":"0","postage_price":"2390.00","shop_order":"0","has_category":"1","landing_pages":null,"microdata":{"number":61,"category":""},"title":"Akril \u00e9jjeli- nyuszi pillang\u00f3kkal","description":"Hozz var\u00e1zslatos hangulatot otthonodba ezekkel a st\u00edlusos \u00e9s egyedi akril\u00fcveg \u00e9jjeli f\u00e9nyekkel! Az \u00e1tl\u00e1tsz\u00f3 akril\u00fcveg alapanyag eleg\u00e1ns \u00e9s modern megjelen\u00e9st biztos\u00edt, mik\u00f6zben a finom LED vil\u00e1g\u00edt\u00e1s kellemes, l\u00e1gy f\u00e9nyt ad, megnyugtat\u00f3 hangulatot teremt, amely t\u00f6k\u00e9letes \u00e9jszakai k\u00eds\u00e9r\u0151k\u00e9nt szolg\u00e1l. Az akril\u00fcveg (plexi) tart\u00f3s \u00e9s k\u00f6nnyen tiszt\u00edthat\u00f3 anyag, amely nem t\u00f6rik k\u00f6nnyen. A l\u00e1mpa akkumul\u00e1torral m\u0171k\u00f6dik, melynek el\u0151nyei:\n\nHordozhat\u00f3 \u2013 b\u00e1rhol elhelyezhet\u0151 a lak\u00e1sban, nincs sz\u00fcks\u00e9g konnektorra.\n\nHossz\u00fa \u00fczemid\u0151 \u2013 ak\u00e1r 120 \u00f3r\u00e1n \u00e1t m\u0171k\u00f6dik egyetlen t\u00f6lt\u00e9ssel.\n\nK\u00e1belmentes kialak\u00edt\u00e1s \u2013 nincs \u00fatban vezet\u00e9k, biztons\u00e1gosabb \u00e9s eszt\u00e9tikusabb.\n\n\u00dajrat\u00f6lthet\u0151 akkumul\u00e1tor \u2013 k\u00f6rnyezetbar\u00e1t \u00e9s k\u00f6lts\u00e9ghat\u00e9kony, nincs sz\u00fcks\u00e9g elemekre.\n\nStabil f\u00e9nyer\u0151 \u2013 LED technol\u00f3gi\u00e1nak k\u00f6sz\u00f6nhet\u0151en energiatakar\u00e9kos \u00e9s tart\u00f3s f\u00e9nyt biztos\u00edt.\n\nSokoldal\u00fa felhaszn\u00e1l\u00e1s \u2013 ide\u00e1lis \u00e9jjeli f\u00e9nynek, dekor\u00e1ci\u00f3hoz vagy hangulatvil\u00e1g\u00edt\u00e1shoz.\n\nKompakt \u00e9s k\u00f6nny\u0171 \u2013 egyszer\u0171en mozgathat\u00f3 egyik helyis\u00e9gb\u0151l a m\u00e1sikba.\n\nT\u00f6bbf\u00e9le form\u00e1b\u00f3l \u00e9s mint\u00e1b\u00f3l v\u00e1laszthatsz, illetve a l\u00e1mp\u00e1kon megjelenhet a gyermeked neve \u00e9s sz\u00fclet\u00e9si vagy keresztel\u0151 d\u00e1tuma, hogy egy igaz\u00e1n szem\u00e9lyre szabott \u00e9jjeli f\u00e9nynek \u00f6r\u00fclhessetek.\n\nM\u00e9ret: kb. 15cm x 16cm\n\nAnyaga: 5 mm-es akril\u00fcveg (plexi) \u00e9s f\u00e1b\u00f3l k\u00e9sz\u00fclt LED talp\n\nVil\u00e1g\u00edt\u00e1s t\u00edpusa: LED\n\nT\u00f6k\u00e9letes v\u00e1laszt\u00e1s gyerekszob\u00e1ba vagy b\u00e1rmelyik helyis\u00e9gbe, ahol egy kis hangulatos vil\u00e1g\u00edt\u00e1st szeretn\u00e9l. Ide\u00e1lis aj\u00e1nd\u00e9k b\u00e1rmilyen alkalomra, legyen az babak\u00f6sz\u00f6nt\u0151, sz\u00fclet\u00e9snap, keresztel\u0151, kar\u00e1csony, vagy egyszer\u0171en csak egy kis meglepet\u00e9s.\n\nA csomag tartalma:\n\n1 db 5 mm-es akril\u00fcveg a v\u00e1lasztott mint\u00e1val \u00e9s adatokkal szem\u00e9lyre szabva\n1 db f\u00e1b\u00f3l k\u00e9sz\u00fclt LED talp\n1 db USB t\u00f6lt\u0151k\u00e1bel (a t\u00f6lt\u0151fej nem tartoz\u00e9k)","score":0,"formatted_price":"10 990 Ft","image_url":"https:\/\/www.meska.hu\/img\/product\/small\/n\/y\/nyuszikert_product_622009_250923101434_721844.jpeg","formatted_url":"https:\/\/www.meska.hu\/p5377643-akril-ejjeli-nyuszi-pillangokkal","favourite":false,"in_stock":false,"avatar":"622009_avatar_1701843989.jpeg","delete_from":0,"is_enhanced_background":false,"is_enhanced":false,"product_selection_started":false,"is_active":true,"image_webp_url":"https:\/\/www.meska.hu\/img\/product\/small\/n\/y\/nyuszikert_product_622009_250923101434_721844.webp"},{"id":"5491191","shop_id":"43575","user_id":"622009","shop_name":"nyuszikert","shop_zip":"9144","product_code":"5377646","product_name_old":null,"product_name":"Akril \u00e9jjeli- rep\u00fcl\u0151 r\u00f3ka","category_string":"Baba - mama, \u00c9jszakai f\u00e9ny, Babaszoba dekor\u00e1ci\u00f3","technic_string":"Grav\u00edroz\u00e1s, pirogr\u00e1fia","category_1":"1735","category_2":"1761","category_3":"1466","category_4":"0","merged_category_1":null,"merged_category_2":null,"merged_category_3":null,"technic_1":"796","technic_2":"0","technic_3":"0","color_1":"513","color_2":"0","color_3":"0","product_description_old":null,"product_description":"Hozz var\u00e1zslatos hangulatot otthonodba ezekkel a st\u00edlusos \u00e9s egyedi akril\u00fcveg \u00e9jjeli f\u00e9nyekkel! Az \u00e1tl\u00e1tsz\u00f3 akril\u00fcveg alapanyag eleg\u00e1ns \u00e9s modern megjelen\u00e9st biztos\u00edt, mik\u00f6zben a finom LED vil\u00e1g\u00edt\u00e1s kellemes, l\u00e1gy f\u00e9nyt ad, megnyugtat\u00f3 hangulatot teremt, amely t\u00f6k\u00e9letes \u00e9jszakai k\u00eds\u00e9r\u0151k\u00e9nt szolg\u00e1l. Az akril\u00fcveg (plexi) tart\u00f3s \u00e9s k\u00f6nnyen tiszt\u00edthat\u00f3 anyag, amely nem t\u00f6rik k\u00f6nnyen. A l\u00e1mpa akkumul\u00e1torral m\u0171k\u00f6dik, melynek el\u0151nyei:\n\nHordozhat\u00f3 \u2013 b\u00e1rhol elhelyezhet\u0151 a lak\u00e1sban, nincs sz\u00fcks\u00e9g konnektorra.\n\nHossz\u00fa \u00fczemid\u0151 \u2013 ak\u00e1r 120 \u00f3r\u00e1n \u00e1t m\u0171k\u00f6dik egyetlen t\u00f6lt\u00e9ssel.\n\nK\u00e1belmentes kialak\u00edt\u00e1s \u2013 nincs \u00fatban vezet\u00e9k, biztons\u00e1gosabb \u00e9s eszt\u00e9tikusabb.\n\n\u00dajrat\u00f6lthet\u0151 akkumul\u00e1tor \u2013 k\u00f6rnyezetbar\u00e1t \u00e9s k\u00f6lts\u00e9ghat\u00e9kony, nincs sz\u00fcks\u00e9g elemekre.\n\nStabil f\u00e9nyer\u0151 \u2013 LED technol\u00f3gi\u00e1nak k\u00f6sz\u00f6nhet\u0151en energiatakar\u00e9kos \u00e9s tart\u00f3s f\u00e9nyt biztos\u00edt.\n\nSokoldal\u00fa felhaszn\u00e1l\u00e1s \u2013 ide\u00e1lis \u00e9jjeli f\u00e9nynek, dekor\u00e1ci\u00f3hoz vagy hangulatvil\u00e1g\u00edt\u00e1shoz.\n\nKompakt \u00e9s k\u00f6nny\u0171 \u2013 egyszer\u0171en mozgathat\u00f3 egyik helyis\u00e9gb\u0151l a m\u00e1sikba.\n\nT\u00f6bbf\u00e9le form\u00e1b\u00f3l \u00e9s mint\u00e1b\u00f3l v\u00e1laszthatsz, illetve a l\u00e1mp\u00e1kon megjelenhet a gyermeked neve \u00e9s sz\u00fclet\u00e9si vagy keresztel\u0151 d\u00e1tuma, hogy egy igaz\u00e1n szem\u00e9lyre szabott \u00e9jjeli f\u00e9nynek \u00f6r\u00fclhessetek.\n\nM\u00e9ret: kb. 15cm x 16cm\n\nAnyaga: 5 mm-es akril\u00fcveg (plexi) \u00e9s f\u00e1b\u00f3l k\u00e9sz\u00fclt LED talp\n\nVil\u00e1g\u00edt\u00e1s t\u00edpusa: LED\n\nT\u00f6k\u00e9letes v\u00e1laszt\u00e1s gyerekszob\u00e1ba vagy b\u00e1rmelyik helyis\u00e9gbe, ahol egy kis hangulatos vil\u00e1g\u00edt\u00e1st szeretn\u00e9l. Ide\u00e1lis aj\u00e1nd\u00e9k b\u00e1rmilyen alkalomra, legyen az babak\u00f6sz\u00f6nt\u0151, sz\u00fclet\u00e9snap, keresztel\u0151, kar\u00e1csony, vagy egyszer\u0171en csak egy kis meglepet\u00e9s.\n\nA csomag tartalma:\n\n1 db 5 mm-es akril\u00fcveg a v\u00e1lasztott mint\u00e1val \u00e9s adatokkal szem\u00e9lyre szabva\n1 db f\u00e1b\u00f3l k\u00e9sz\u00fclt LED talp\n1 db USB t\u00f6lt\u0151k\u00e1bel (a t\u00f6lt\u0151fej nem tartoz\u00e9k)","price":"10990.00","unit":"db","recommended":"0","status":"1","sponsored":"0","exp_notify":"0","own_material":"0","own_material_description_old":null,"own_material_description":"","jury":"0","jury_number":"","product_nature":"","meskaracsony":"0","create_date":"2026-02-19 21:13:47","shelve_id":"0","image":"nyuszikert_product_622009_250923101726_699694.jpeg","image_width":"480","image_height":"480","image_alt":"Akril \u00e9jjeli- rep\u00fcl\u0151 r\u00f3ka, Hozz var\u00e1zslatos hangulatot otthonodba ezekkel a st\u00edlusos \u00e9s egyedi akril\u00fcveg \u00e9jjeli f\u00e9nyekkel! Az \u00e1..., Meska","image_title":"Akril \u00e9jjeli- rep\u00fcl\u0151 r\u00f3ka, Meska","view_count":"428","favourite_count":"0","trending_score":"0","last2MonthFavouriteCount":"0","promotion":"0","giftcard_accept":"0","creditcard_accept":true,"enhanced_background":"0","domain":"meska","specific_customer_id":null,"specific_customer_name":null,"to_order_product":"1","to_order_product_time":"5","product_different":null,"product_different_description":"","vintage":"0","vintage_category_id":"0","recycled":"0","gemstone_id":"0","customizable":"1","type_category":"physical","zerowaste":"0","postage_price":"2390.00","shop_order":"0","has_category":"1","landing_pages":null,"microdata":{"number":62,"category":""},"title":"Akril \u00e9jjeli- rep\u00fcl\u0151 r\u00f3ka","description":"Hozz var\u00e1zslatos hangulatot otthonodba ezekkel a st\u00edlusos \u00e9s egyedi akril\u00fcveg \u00e9jjeli f\u00e9nyekkel! Az \u00e1tl\u00e1tsz\u00f3 akril\u00fcveg alapanyag eleg\u00e1ns \u00e9s modern megjelen\u00e9st biztos\u00edt, mik\u00f6zben a finom LED vil\u00e1g\u00edt\u00e1s kellemes, l\u00e1gy f\u00e9nyt ad, megnyugtat\u00f3 hangulatot teremt, amely t\u00f6k\u00e9letes \u00e9jszakai k\u00eds\u00e9r\u0151k\u00e9nt szolg\u00e1l. Az akril\u00fcveg (plexi) tart\u00f3s \u00e9s k\u00f6nnyen tiszt\u00edthat\u00f3 anyag, amely nem t\u00f6rik k\u00f6nnyen. A l\u00e1mpa akkumul\u00e1torral m\u0171k\u00f6dik, melynek el\u0151nyei:\n\nHordozhat\u00f3 \u2013 b\u00e1rhol elhelyezhet\u0151 a lak\u00e1sban, nincs sz\u00fcks\u00e9g konnektorra.\n\nHossz\u00fa \u00fczemid\u0151 \u2013 ak\u00e1r 120 \u00f3r\u00e1n \u00e1t m\u0171k\u00f6dik egyetlen t\u00f6lt\u00e9ssel.\n\nK\u00e1belmentes kialak\u00edt\u00e1s \u2013 nincs \u00fatban vezet\u00e9k, biztons\u00e1gosabb \u00e9s eszt\u00e9tikusabb.\n\n\u00dajrat\u00f6lthet\u0151 akkumul\u00e1tor \u2013 k\u00f6rnyezetbar\u00e1t \u00e9s k\u00f6lts\u00e9ghat\u00e9kony, nincs sz\u00fcks\u00e9g elemekre.\n\nStabil f\u00e9nyer\u0151 \u2013 LED technol\u00f3gi\u00e1nak k\u00f6sz\u00f6nhet\u0151en energiatakar\u00e9kos \u00e9s tart\u00f3s f\u00e9nyt biztos\u00edt.\n\nSokoldal\u00fa felhaszn\u00e1l\u00e1s \u2013 ide\u00e1lis \u00e9jjeli f\u00e9nynek, dekor\u00e1ci\u00f3hoz vagy hangulatvil\u00e1g\u00edt\u00e1shoz.\n\nKompakt \u00e9s k\u00f6nny\u0171 \u2013 egyszer\u0171en mozgathat\u00f3 egyik helyis\u00e9gb\u0151l a m\u00e1sikba.\n\nT\u00f6bbf\u00e9le form\u00e1b\u00f3l \u00e9s mint\u00e1b\u00f3l v\u00e1laszthatsz, illetve a l\u00e1mp\u00e1kon megjelenhet a gyermeked neve \u00e9s sz\u00fclet\u00e9si vagy keresztel\u0151 d\u00e1tuma, hogy egy igaz\u00e1n szem\u00e9lyre szabott \u00e9jjeli f\u00e9nynek \u00f6r\u00fclhessetek.\n\nM\u00e9ret: kb. 15cm x 16cm\n\nAnyaga: 5 mm-es akril\u00fcveg (plexi) \u00e9s f\u00e1b\u00f3l k\u00e9sz\u00fclt LED talp\n\nVil\u00e1g\u00edt\u00e1s t\u00edpusa: LED\n\nT\u00f6k\u00e9letes v\u00e1laszt\u00e1s gyerekszob\u00e1ba vagy b\u00e1rmelyik helyis\u00e9gbe, ahol egy kis hangulatos vil\u00e1g\u00edt\u00e1st szeretn\u00e9l. Ide\u00e1lis aj\u00e1nd\u00e9k b\u00e1rmilyen alkalomra, legyen az babak\u00f6sz\u00f6nt\u0151, sz\u00fclet\u00e9snap, keresztel\u0151, kar\u00e1csony, vagy egyszer\u0171en csak egy kis meglepet\u00e9s.\n\nA csomag tartalma:\n\n1 db 5 mm-es akril\u00fcveg a v\u00e1lasztott mint\u00e1val \u00e9s adatokkal szem\u00e9lyre szabva\n1 db f\u00e1b\u00f3l k\u00e9sz\u00fclt LED talp\n1 db USB t\u00f6lt\u0151k\u00e1bel (a t\u00f6lt\u0151fej nem tartoz\u00e9k)","score":0,"formatted_price":"10 990 Ft","image_url":"https:\/\/www.meska.hu\/img\/product\/small\/n\/y\/nyuszikert_product_622009_250923101726_699694.jpeg","formatted_url":"https:\/\/www.meska.hu\/p5377646-akril-ejjeli-repulo-roka","favourite":false,"in_stock":false,"avatar":"622009_avatar_1701843989.jpeg","delete_from":0,"is_enhanced_background":false,"is_enhanced":false,"product_selection_started":false,"is_active":true,"image_webp_url":"https:\/\/www.meska.hu\/img\/product\/small\/n\/y\/nyuszikert_product_622009_250923101726_699694.webp"},{"id":"5543703","shop_id":"44278","user_id":"635887","shop_name":"PompomManufaktura","shop_zip":"2045","product_code":"5415112","product_name_old":null,"product_name":"Vil\u00e1g\u00edt\u00f3 HOLD \u00e9jjeli f\u00e9ny - Pompom \u00e9jszakai vil\u00e1g\u00edt\u00e1s fali dekor\u00e1ci\u00f3 - Pompon \u00e9jjeli l\u00e1mpa falid\u00edsz - Egyedi aj\u00e1nd\u00e9k","category_string":"Baba - mama, Babaszoba dekor\u00e1ci\u00f3, \u00c9jszakai f\u00e9ny","technic_string":"","category_1":"1735","category_2":"1466","category_3":"1761","category_4":"0","merged_category_1":null,"merged_category_2":null,"merged_category_3":null,"technic_1":"0","technic_2":"0","technic_3":"0","color_1":"519","color_2":"521","color_3":"529","product_description_old":null,"product_description":"Pompom HOLD led-es \u00e9jszakai vil\u00e1g\u00edt\u00e1ssal - HOLD \u00e9jjeli f\u00e9ny \n\nEz a gyapj\u00fa pompomokkal d\u00edsz\u00edtett, 100%-ban term\u00e9szetes alapanyagokb\u00f3l k\u00e9sz\u00fclt dekor\u00e1ci\u00f3 a babaszoba, gyerekszoba fal\u00e1n nagyon \u00e9desen mutat.\nA sz\u00edneket te v\u00e1laszthatod ki, \u00edgy biztosan t\u00f6k\u00e9letesen passzolni fog gyermeked szob\u00e1j\u00e1ba a t\u00f6bbi d\u00edsz mell\u00e9.\n\nN\u00e9vre sz\u00f3l\u00f3 felirattal is k\u00e9rheted. :) A keresztn\u00e9v felirat: + 3000 Ft. Ebben az esetben k\u00e9rlek a n\u00e9vre sz\u00f3l\u00f3 holdat tedd a kosaradba. Mutatok p\u00e9ld\u00e1t, hogy \u00fagy milyen:\n\nhttps:\/\/www.meska.hu\/p5410764-hold-nevre-szolo-led-es-ejszakai-vilagitas\nhttps:\/\/www.meska.hu\/p5411959-felho-nevre-szolo-led-es-ejszakai-vilagitas\n\nAj\u00e1nd\u00e9k is lehet babav\u00e1r\u00f3 bulira, keresztel\u0151re, vagy csak \u00fagy. :)\n\nVagy, ha m\u00e1s form\u00e1t keresel, m\u00e9g ezek is \u00e9rdekelhetnek:\nhttps:\/\/www.meska.hu\/p5415041-felho-nevre-szolo-led-es-ejszakai-vilagitas\nhttps:\/\/www.meska.hu\/p5349834-nevre-szolo-alomfogo\nhttps:\/\/www.meska.hu\/p5415145-nevre-szolo-pompom-falidisz\nhttps:\/\/www.meska.hu\/p5410603-felho-led-es-ejszakai-vilagitassal-nevre-szolo-felirattal-is-kerheto\nhttps:\/\/www.meska.hu\/p5349833-nevre-szolo-pompom-zaszlo-girland-fuzer\n\n\n\nAnyaga: gyapj\u00fa, 100% pamut, nat\u00far fa\n\nM\u00e9retei: kb 28 cm x 80 cm\n\nV\u00e1s\u00e1rl\u00e1skor a fizet\u00e9s el\u0151tti megjegyz\u00e9s rovatban, k\u00e9rlek \u00edrd meg:\n\n- mely sz\u00ednekb\u0151l k\u00e9red a pompomokat (a k\u00e9pek k\u00f6z\u00f6tt tal\u00e1lod a sz\u00ednpalett\u00e1t, \u00e9s azt javaslom max 4 sz\u00ednt v\u00e1lassz)\n- milyen sz\u00edn\u0171 legyen a hold (a k\u00e9pek k\u00f6z\u00f6tt tal\u00e1lod a zsin\u00f3r sz\u00ednpalett\u00e1t)\n\nA k\u00e9pen l\u00e1that\u00f3 hold sz\u00ednei:\n\n                   pompom: t\u00f6rtfeh\u00e9r, vil\u00e1gosk\u00e9k, sz\u00fcrk\u00e9sk\u00e9k, pasztell z\u00f6ld\n\n                   hold: sz\u00fcrk\u00e9sk\u00e9k\n\n           ","price":"9900.00","unit":"db","recommended":"0","status":"1","sponsored":"0","exp_notify":"0","own_material":"0","own_material_description_old":null,"own_material_description":"","jury":"0","jury_number":"","product_nature":"","meskaracsony":"0","create_date":"2026-02-19 11:24:08","shelve_id":"78148","image":"pompommanufaktura_product_635887_250202101125_328148.jpeg","image_width":"480","image_height":"511","image_alt":"Vil\u00e1g\u00edt\u00f3 HOLD \u00e9jjeli f\u00e9ny - Pompom \u00e9jszakai vil\u00e1g\u00edt\u00e1s fali dekor\u00e1ci\u00f3 - Pompon \u00e9jjeli l\u00e1mpa falid\u00edsz - Egyedi aj\u00e1nd\u00e9k, Pompom HOLD led-es \u00e9jszakai vil\u00e1g\u00edt\u00e1ssal - HOLD \u00e9jjeli f\u00e9ny \\n\\nEz a gyapj\u00fa pompomokkal d\u00edsz\u00edtett, 100..., Meska","image_title":"Vil\u00e1g\u00edt\u00f3 HOLD \u00e9jjeli f\u00e9ny - Pompom \u00e9jszakai vil\u00e1g\u00edt\u00e1s fali dekor\u00e1ci\u00f3 - Pompon \u00e9jjeli l\u00e1mpa falid\u00edsz - Egyedi aj\u00e1nd\u00e9k, Meska","view_count":"589","favourite_count":"0","trending_score":"0","last2MonthFavouriteCount":"0","promotion":"0","giftcard_accept":"0","creditcard_accept":true,"enhanced_background":"0","domain":"meska","specific_customer_id":null,"specific_customer_name":null,"to_order_product":"1","to_order_product_time":"10","product_different":null,"product_different_description":"","vintage":"0","vintage_category_id":"0","recycled":"0","gemstone_id":"0","customizable":"1","type_category":"physical","zerowaste":"0","postage_price":"1290.00","shop_order":"9","has_category":"1","landing_pages":null,"microdata":{"number":63,"category":""},"title":"Vil\u00e1g\u00edt\u00f3 HOLD \u00e9jjeli f\u00e9ny - Pompom \u00e9jszakai vil\u00e1g\u00edt\u00e1s fali dekor\u00e1ci\u00f3 - Pompon \u00e9jjeli l\u00e1mpa falid\u00edsz - Egyedi aj\u00e1nd\u00e9k","description":"Pompom HOLD led-es \u00e9jszakai vil\u00e1g\u00edt\u00e1ssal - HOLD \u00e9jjeli f\u00e9ny \n\nEz a gyapj\u00fa pompomokkal d\u00edsz\u00edtett, 100%-ban term\u00e9szetes alapanyagokb\u00f3l k\u00e9sz\u00fclt dekor\u00e1ci\u00f3 a babaszoba, gyerekszoba fal\u00e1n nagyon \u00e9desen mutat.\nA sz\u00edneket te v\u00e1laszthatod ki, \u00edgy biztosan t\u00f6k\u00e9letesen passzolni fog gyermeked szob\u00e1j\u00e1ba a t\u00f6bbi d\u00edsz mell\u00e9.\n\nN\u00e9vre sz\u00f3l\u00f3 felirattal is k\u00e9rheted. :) A keresztn\u00e9v felirat: + 3000 Ft. Ebben az esetben k\u00e9rlek a n\u00e9vre sz\u00f3l\u00f3 holdat tedd a kosaradba. Mutatok p\u00e9ld\u00e1t, hogy \u00fagy milyen:\n\nhttps:\/\/www.meska.hu\/p5410764-hold-nevre-szolo-led-es-ejszakai-vilagitas\nhttps:\/\/www.meska.hu\/p5411959-felho-nevre-szolo-led-es-ejszakai-vilagitas\n\nAj\u00e1nd\u00e9k is lehet babav\u00e1r\u00f3 bulira, keresztel\u0151re, vagy csak \u00fagy. :)\n\nVagy, ha m\u00e1s form\u00e1t keresel, m\u00e9g ezek is \u00e9rdekelhetnek:\nhttps:\/\/www.meska.hu\/p5415041-felho-nevre-szolo-led-es-ejszakai-vilagitas\nhttps:\/\/www.meska.hu\/p5349834-nevre-szolo-alomfogo\nhttps:\/\/www.meska.hu\/p5415145-nevre-szolo-pompom-falidisz\nhttps:\/\/www.meska.hu\/p5410603-felho-led-es-ejszakai-vilagitassal-nevre-szolo-felirattal-is-kerheto\nhttps:\/\/www.meska.hu\/p5349833-nevre-szolo-pompom-zaszlo-girland-fuzer\n\n\n\nAnyaga: gyapj\u00fa, 100% pamut, nat\u00far fa\n\nM\u00e9retei: kb 28 cm x 80 cm\n\nV\u00e1s\u00e1rl\u00e1skor a fizet\u00e9s el\u0151tti megjegyz\u00e9s rovatban, k\u00e9rlek \u00edrd meg:\n\n- mely sz\u00ednekb\u0151l k\u00e9red a pompomokat (a k\u00e9pek k\u00f6z\u00f6tt tal\u00e1lod a sz\u00ednpalett\u00e1t, \u00e9s azt javaslom max 4 sz\u00ednt v\u00e1lassz)\n- milyen sz\u00edn\u0171 legyen a hold (a k\u00e9pek k\u00f6z\u00f6tt tal\u00e1lod a zsin\u00f3r sz\u00ednpalett\u00e1t)\n\nA k\u00e9pen l\u00e1that\u00f3 hold sz\u00ednei:\n\n                   pompom: t\u00f6rtfeh\u00e9r, vil\u00e1gosk\u00e9k, sz\u00fcrk\u00e9sk\u00e9k, pasztell z\u00f6ld\n\n                   hold: sz\u00fcrk\u00e9sk\u00e9k\n\n           ","score":0,"formatted_price":"9 900 Ft","image_url":"https:\/\/www.meska.hu\/img\/product\/small\/p\/o\/pompommanufaktura_product_635887_250202101125_328148.jpeg","formatted_url":"https:\/\/www.meska.hu\/p5415112-hold-led-es-ejszakai-vilagitas-nevre-szolo-felirattal-is-kerheto","favourite":false,"in_stock":false,"avatar":"635887_avatar_1723475539.jpeg","delete_from":0,"is_enhanced_background":false,"is_enhanced":false,"product_selection_started":false,"is_active":true,"image_webp_url":"https:\/\/www.meska.hu\/img\/product\/small\/p\/o\/pompommanufaktura_product_635887_250202101125_328148.webp"},{"id":"5427519","shop_id":"9588","user_id":"51884","shop_name":"dejografika","shop_zip":"8000","product_code":"5338873","product_name_old":null,"product_name":"N\u00e9vre sz\u00f3l\u00f3 babal\u00e1mpa","category_string":"Baba - mama, \u00c9jszakai f\u00e9ny, Babaszoba dekor\u00e1ci\u00f3","technic_string":"Grav\u00edroz\u00e1s, pirogr\u00e1fia, Festett t\u00e1rgyak","category_1":"1735","category_2":"1761","category_3":"1466","category_4":"0","merged_category_1":null,"merged_category_2":null,"merged_category_3":null,"technic_1":"796","technic_2":"481","technic_3":"0","color_1":"532","color_2":"0","color_3":"0","product_description_old":null,"product_description":"Ez a bet\u0171 babal\u00e1mpa t\u00f6k\u00e9letes babal\u00e1togat\u00f3 aj\u00e1nd\u00e9k. Az alapja fa \u00e9s arra v\u00e1gtam m\u00e9g egy grav\u00edrozott r\u00e9teget, amit akrillal festettem. K\u00e9rhet\u0151 b\u00e1rmilyen sz\u00ednben. A l\u00e1mpa r\u00e9sze egy dr\u00f3tos LED vil\u00e1g\u00edt\u00e1s, ami gombelemmel m\u0171k\u00f6dik. A talpra m\u00e9g k\u00e9rhet\u0151 szem\u00e9lyre sz\u00f3l\u00f3 grav\u00edroz\u00e1s, ezt a megrendel\u00e9s sor\u00e1n megbesz\u00e9lj\u00fck.\nM\u00e9rete: 22*30 cm","price":"14500.00","unit":"db","recommended":"0","status":"1","sponsored":"0","exp_notify":"0","own_material":"0","own_material_description_old":null,"own_material_description":"","jury":"0","jury_number":"","product_nature":"","meskaracsony":"0","create_date":"2026-02-19 09:50:40","shelve_id":"81386","image":"dejografika_product_51884_240729130631_202431.jpeg","image_width":"480","image_height":"640","image_alt":"N\u00e9vre sz\u00f3l\u00f3 babal\u00e1mpa, Ez a bet\u0171 babal\u00e1mpa t\u00f6k\u00e9letes babal\u00e1togat\u00f3 aj\u00e1nd\u00e9k. Az alapja fa \u00e9s arra v\u00e1gtam m\u00e9g egy grav\u00edrozott ..., Meska","image_title":"N\u00e9vre sz\u00f3l\u00f3 babal\u00e1mpa, Meska","view_count":"445","favourite_count":"0","trending_score":"0","last2MonthFavouriteCount":"0","promotion":"0","giftcard_accept":"0","creditcard_accept":false,"enhanced_background":"0","domain":"meska","specific_customer_id":null,"specific_customer_name":null,"to_order_product":"1","to_order_product_time":"3","product_different":null,"product_different_description":"","vintage":"0","vintage_category_id":"0","recycled":"0","gemstone_id":"0","customizable":"1","type_category":"physical","zerowaste":"0","postage_price":"3260.00","shop_order":"0","has_category":"1","landing_pages":null,"microdata":{"number":64,"category":""},"title":"N\u00e9vre sz\u00f3l\u00f3 babal\u00e1mpa","description":"Ez a bet\u0171 babal\u00e1mpa t\u00f6k\u00e9letes babal\u00e1togat\u00f3 aj\u00e1nd\u00e9k. Az alapja fa \u00e9s arra v\u00e1gtam m\u00e9g egy grav\u00edrozott r\u00e9teget, amit akrillal festettem. K\u00e9rhet\u0151 b\u00e1rmilyen sz\u00ednben. A l\u00e1mpa r\u00e9sze egy dr\u00f3tos LED vil\u00e1g\u00edt\u00e1s, ami gombelemmel m\u0171k\u00f6dik. A talpra m\u00e9g k\u00e9rhet\u0151 szem\u00e9lyre sz\u00f3l\u00f3 grav\u00edroz\u00e1s, ezt a megrendel\u00e9s sor\u00e1n megbesz\u00e9lj\u00fck.\nM\u00e9rete: 22*30 cm","score":0,"formatted_price":"14 500 Ft","image_url":"https:\/\/www.meska.hu\/img\/product\/small\/d\/e\/dejografika_product_51884_240729130631_202431.jpeg","formatted_url":"https:\/\/www.meska.hu\/p5338873-nevre-szolo-babalampa","favourite":false,"in_stock":false,"avatar":"dejografika_avatar_51884_1573742731.jpg","delete_from":0,"is_enhanced_background":false,"is_enhanced":false,"product_selection_started":false,"is_active":true,"image_webp_url":"https:\/\/www.meska.hu\/img\/product\/small\/d\/e\/dejografika_product_51884_240729130631_202431.webp"},{"id":"5540369","shop_id":"44278","user_id":"635887","shop_name":"PompomManufaktura","shop_zip":"2045","product_code":"5411959","product_name_old":null,"product_name":"N\u00e9vre sz\u00f3l\u00f3 HOLD \u00e9jjeli f\u00e9ny - Pompom \u00e9jszakai vil\u00e1g\u00edt\u00e1s fali dekor\u00e1ci\u00f3 - Vil\u00e1g\u00edt\u00f3 pompon falid\u00edsz - Egyedi aj\u00e1nd\u00e9k","category_string":"Baba - mama, \u00c9jszakai f\u00e9ny, Babaszoba dekor\u00e1ci\u00f3","technic_string":"","category_1":"1735","category_2":"1761","category_3":"1466","category_4":"0","merged_category_1":null,"merged_category_2":null,"merged_category_3":null,"technic_1":"0","technic_2":"0","technic_3":"0","color_1":"514","color_2":"515","color_3":"519","product_description_old":null,"product_description":"N\u00e9vre sz\u00f3l\u00f3 pompom HOLD led-es \u00e9jszakai vil\u00e1g\u00edt\u00e1ssal - HOLD \u00e9jjeli f\u00e9ny \n\n\nEz a gyapj\u00fa pompomokkal d\u00edsz\u00edtett, 100%-ban term\u00e9szetes alapanyagokb\u00f3l k\u00e9sz\u00fclt dekor\u00e1ci\u00f3 a babaszoba, gyerekszoba fal\u00e1n nagyon \u00e9desen mutat.\nA sz\u00edneket te v\u00e1laszthatod ki, \u00edgy biztosan t\u00f6k\u00e9letesen passzolni fog gyermeked szob\u00e1j\u00e1ba a t\u00f6bbi d\u00edsz mell\u00e9.\n\nN\u00e9v n\u00e9lk\u00fcl is k\u00e9rheted. :) Ebben az esetben k\u00e9rlek a n\u00e9v n\u00e9lk\u00fcli holdat tedd a kosaradba. Mutatok p\u00e9ld\u00e1t, hogy \u00fagy milyen:\nhttps:\/\/www.meska.hu\/p5415112-hold-led-es-ejszakai-vilagitas-nevre-szolo-felirattal-is-kerheto\n\nAj\u00e1nd\u00e9k is lehet babav\u00e1r\u00f3 bulira, keresztel\u0151re, vagy csak \u00fagy. :)\n\nVagy, ha m\u00e1s form\u00e1t keresel, m\u00e9g ezek is \u00e9rdekelhetnek:\nhttps:\/\/www.meska.hu\/p5495398-nevre-szolo-pompom-felho-falidisz-ejszakai-vilagitas-pompon-felhocske-ejjeli-feny-ajandek-disz-nevvel\nhttps:\/\/www.meska.hu\/p5349834-nevre-szolo-alomfogo\nhttps:\/\/www.meska.hu\/p5415145-nevre-szolo-pompom-falidisz\nhttps:\/\/www.meska.hu\/p5349833-nevre-szolo-pompom-zaszlo-girland-fuzer\nhttps:\/\/www.meska.hu\/p5349845-pompom-girland-pompom-fuzer\n\nAnyaga: gyapj\u00fa, 100% pamut, nat\u00far fa\n\nM\u00e9retei: 28 cm x 80 cm\n\nV\u00e1s\u00e1rl\u00e1skor a fizet\u00e9s el\u0151tti megjegyz\u00e9s rovatban, k\u00e9rlek \u00edrd meg:\n\n- mi a n\u00e9v, amit a d\u00edszre k\u00e9rsz\n- milyen sz\u00edn\u0171 zsin\u00f3rb\u00f3l k\u00e9red a keresztnevet (a k\u00e9pek tal\u00e1lod a zsin\u00f3r sz\u00ednpalett\u00e1t)\n- mely sz\u00ednekb\u0151l k\u00e9red a pompomokat (a k\u00e9pek k\u00f6z\u00f6tt tal\u00e1lod a sz\u00ednpalett\u00e1t, \u00e9s azt javaslom max 4 sz\u00ednt v\u00e1lassz)\n- milyen sz\u00edn\u0171 legyen a hold (a k\u00e9pek k\u00f6z\u00f6tt tal\u00e1lod a zsin\u00f3r sz\u00ednpalett\u00e1t)\n\nA k\u00e9pen l\u00e1that\u00f3 hold sz\u00ednei:\n\n                    n\u00e9v: kr\u00e9m \n\n                    pompom: t\u00f6rtfeh\u00e9r, kr\u00e9m, b\u00e9zs\n\n                    hold: b\u00e9zs\n\n            ","price":"11900.00","unit":"db","recommended":"0","status":"1","sponsored":"0","exp_notify":"0","own_material":"0","own_material_description_old":null,"own_material_description":"","jury":"0","jury_number":"","product_nature":"","meskaracsony":"0","create_date":"2026-02-18 19:19:36","shelve_id":"78148","image":"pompommanufaktura_product_635887_250209133447_19629.jpeg","image_width":"480","image_height":"511","image_alt":"N\u00e9vre sz\u00f3l\u00f3 HOLD \u00e9jjeli f\u00e9ny - Pompom \u00e9jszakai vil\u00e1g\u00edt\u00e1s fali dekor\u00e1ci\u00f3 - Vil\u00e1g\u00edt\u00f3 pompon falid\u00edsz - Egyedi aj\u00e1nd\u00e9k, N\u00e9vre sz\u00f3l\u00f3 pompom HOLD led-es \u00e9jszakai vil\u00e1g\u00edt\u00e1ssal - HOLD \u00e9jjeli f\u00e9ny \\n\\n\\nEz a gyapj\u00fa pompomokkal d..., Meska","image_title":"N\u00e9vre sz\u00f3l\u00f3 HOLD \u00e9jjeli f\u00e9ny - Pompom \u00e9jszakai vil\u00e1g\u00edt\u00e1s fali dekor\u00e1ci\u00f3 - Vil\u00e1g\u00edt\u00f3 pompon falid\u00edsz - Egyedi aj\u00e1nd\u00e9k, Meska","view_count":"748","favourite_count":"0","trending_score":"0","last2MonthFavouriteCount":"0","promotion":"0","giftcard_accept":"0","creditcard_accept":true,"enhanced_background":"0","domain":"meska","specific_customer_id":null,"specific_customer_name":null,"to_order_product":"1","to_order_product_time":"10","product_different":null,"product_different_description":"","vintage":"0","vintage_category_id":"0","recycled":"0","gemstone_id":"0","customizable":"1","type_category":"physical","zerowaste":"0","postage_price":"1290.00","shop_order":"24","has_category":"1","landing_pages":null,"microdata":{"number":65,"category":""},"title":"N\u00e9vre sz\u00f3l\u00f3 HOLD \u00e9jjeli f\u00e9ny - Pompom \u00e9jszakai vil\u00e1g\u00edt\u00e1s fali dekor\u00e1ci\u00f3 - Vil\u00e1g\u00edt\u00f3 pompon falid\u00edsz - Egyedi aj\u00e1nd\u00e9k","description":"N\u00e9vre sz\u00f3l\u00f3 pompom HOLD led-es \u00e9jszakai vil\u00e1g\u00edt\u00e1ssal - HOLD \u00e9jjeli f\u00e9ny \n\n\nEz a gyapj\u00fa pompomokkal d\u00edsz\u00edtett, 100%-ban term\u00e9szetes alapanyagokb\u00f3l k\u00e9sz\u00fclt dekor\u00e1ci\u00f3 a babaszoba, gyerekszoba fal\u00e1n nagyon \u00e9desen mutat.\nA sz\u00edneket te v\u00e1laszthatod ki, \u00edgy biztosan t\u00f6k\u00e9letesen passzolni fog gyermeked szob\u00e1j\u00e1ba a t\u00f6bbi d\u00edsz mell\u00e9.\n\nN\u00e9v n\u00e9lk\u00fcl is k\u00e9rheted. :) Ebben az esetben k\u00e9rlek a n\u00e9v n\u00e9lk\u00fcli holdat tedd a kosaradba. Mutatok p\u00e9ld\u00e1t, hogy \u00fagy milyen:\nhttps:\/\/www.meska.hu\/p5415112-hold-led-es-ejszakai-vilagitas-nevre-szolo-felirattal-is-kerheto\n\nAj\u00e1nd\u00e9k is lehet babav\u00e1r\u00f3 bulira, keresztel\u0151re, vagy csak \u00fagy. :)\n\nVagy, ha m\u00e1s form\u00e1t keresel, m\u00e9g ezek is \u00e9rdekelhetnek:\nhttps:\/\/www.meska.hu\/p5495398-nevre-szolo-pompom-felho-falidisz-ejszakai-vilagitas-pompon-felhocske-ejjeli-feny-ajandek-disz-nevvel\nhttps:\/\/www.meska.hu\/p5349834-nevre-szolo-alomfogo\nhttps:\/\/www.meska.hu\/p5415145-nevre-szolo-pompom-falidisz\nhttps:\/\/www.meska.hu\/p5349833-nevre-szolo-pompom-zaszlo-girland-fuzer\nhttps:\/\/www.meska.hu\/p5349845-pompom-girland-pompom-fuzer\n\nAnyaga: gyapj\u00fa, 100% pamut, nat\u00far fa\n\nM\u00e9retei: 28 cm x 80 cm\n\nV\u00e1s\u00e1rl\u00e1skor a fizet\u00e9s el\u0151tti megjegyz\u00e9s rovatban, k\u00e9rlek \u00edrd meg:\n\n- mi a n\u00e9v, amit a d\u00edszre k\u00e9rsz\n- milyen sz\u00edn\u0171 zsin\u00f3rb\u00f3l k\u00e9red a keresztnevet (a k\u00e9pek tal\u00e1lod a zsin\u00f3r sz\u00ednpalett\u00e1t)\n- mely sz\u00ednekb\u0151l k\u00e9red a pompomokat (a k\u00e9pek k\u00f6z\u00f6tt tal\u00e1lod a sz\u00ednpalett\u00e1t, \u00e9s azt javaslom max 4 sz\u00ednt v\u00e1lassz)\n- milyen sz\u00edn\u0171 legyen a hold (a k\u00e9pek k\u00f6z\u00f6tt tal\u00e1lod a zsin\u00f3r sz\u00ednpalett\u00e1t)\n\nA k\u00e9pen l\u00e1that\u00f3 hold sz\u00ednei:\n\n                    n\u00e9v: kr\u00e9m \n\n                    pompom: t\u00f6rtfeh\u00e9r, kr\u00e9m, b\u00e9zs\n\n                    hold: b\u00e9zs\n\n            ","score":0,"formatted_price":"11 900 Ft","image_url":"https:\/\/www.meska.hu\/img\/product\/small\/p\/o\/pompommanufaktura_product_635887_250209133447_19629.jpeg","formatted_url":"https:\/\/www.meska.hu\/p5411959-felho-nevre-szolo-led-es-ejszakai-vilagitas","favourite":false,"in_stock":false,"avatar":"635887_avatar_1723475539.jpeg","delete_from":0,"is_enhanced_background":false,"is_enhanced":false,"product_selection_started":false,"is_active":true,"image_webp_url":"https:\/\/www.meska.hu\/img\/product\/small\/p\/o\/pompommanufaktura_product_635887_250209133447_19629.webp"},{"id":"5925723","shop_id":"43575","user_id":"622009","shop_name":"nyuszikert","shop_zip":"9144","product_code":"5622401","product_name_old":null,"product_name":"Akril \u00e9jjeli f\u00e9ny nyomtatott mint\u00e1val- szafari","category_string":"Baba - mama, \u00c9jszakai f\u00e9ny, Babaszoba dekor\u00e1ci\u00f3","technic_string":"Mindenm\u00e1s","category_1":"1735","category_2":"1761","category_3":"1466","category_4":"0","merged_category_1":null,"merged_category_2":null,"merged_category_3":null,"technic_1":"493","technic_2":"0","technic_3":"0","color_1":"513","color_2":"0","color_3":"0","product_description_old":null,"product_description":"Var\u00e1zsolj meghitt hangulatot otthonodba ezekkel az eleg\u00e1ns akril\u00fcveg \u00e9jjeli f\u00e9nyekkel!\nA mint\u00e1k UV nyomtat\u00e1ssal k\u00e9sz\u00fclnek, \u00edgy rendk\u00edv\u00fcl r\u00e9szletgazdagok, \u00e9l\u00e9nk sz\u00edn\u0171ek \u00e9s tart\u00f3sak \u2013 nem kopnak, nem fakulnak, hossz\u00fa \u00e9veken \u00e1t meg\u0151rzik sz\u00e9ps\u00e9g\u00fcket.\n\nMi\u00e9rt fogod szeretni?\n\nHordozhat\u00f3 \u00e9s k\u00e1belmentes \u2013 b\u00e1rhol elhelyezheted.\n\nAk\u00e1r 120 \u00f3r\u00e1s \u00fczemid\u0151 egyetlen t\u00f6lt\u00e9ssel.\n\n\u00dajrat\u00f6lthet\u0151 akkumul\u00e1tor \u2013 k\u00f6rnyezetbar\u00e1t \u00e9s k\u00f6lts\u00e9ghat\u00e9kony.\n\nLED vil\u00e1g\u00edt\u00e1s \u2013 energiatakar\u00e9kos, stabil \u00e9s kellemes f\u00e9ny.\n\nSzem\u00e9lyre szabhat\u00f3 n\u00e9vvel, d\u00e1tummal \u00e9s mint\u00e1val.\n\nAdatok:\n\nM\u00e9ret: kb. 15 \u00d7 16 cm\n\nAnyag: 5 mm akril\u00fcveg + fa LED talp\n\nVil\u00e1g\u00edt\u00e1s: LED\n\nT\u00f6k\u00e9letes aj\u00e1nd\u00e9k babak\u00f6sz\u00f6nt\u0151re, sz\u00fclet\u00e9snapra, keresztel\u0151re vagy kar\u00e1csonyra.\n\nCsomag tartalma:\n\u2714 1 db akril\u00fcveg UV nyomtatott mint\u00e1val\n\u2714 1 db fa LED talp\n\u2714 1 db USB t\u00f6lt\u0151k\u00e1bel (t\u00f6lt\u0151fej n\u00e9lk\u00fcl)","price":"11990.00","unit":"db","recommended":"0","status":"1","sponsored":"0","exp_notify":"0","own_material":"0","own_material_description_old":null,"own_material_description":"","jury":"0","jury_number":"","product_nature":"","meskaracsony":"0","create_date":"2026-02-18 00:40:52","shelve_id":"0","image":"nyuszikert_product_622009_250923110158_866656.jpeg","image_width":"480","image_height":"480","image_alt":"Akril \u00e9jjeli f\u00e9ny nyomtatott mint\u00e1val- szafari, Var\u00e1zsolj meghitt hangulatot otthonodba ezekkel az eleg\u00e1ns akril\u00fcveg \u00e9jjeli f\u00e9nyekkel!\\nA mint\u00e1k UV n..., Meska","image_title":"Akril \u00e9jjeli f\u00e9ny nyomtatott mint\u00e1val- szafari, Meska","view_count":"222","favourite_count":"0","trending_score":"0","last2MonthFavouriteCount":"0","promotion":"0","giftcard_accept":"0","creditcard_accept":true,"enhanced_background":"0","domain":"meska","specific_customer_id":null,"specific_customer_name":null,"to_order_product":"1","to_order_product_time":"5","product_different":null,"product_different_description":"","vintage":"0","vintage_category_id":"0","recycled":"0","gemstone_id":"0","customizable":"1","type_category":"physical","zerowaste":"0","postage_price":"1290.00","shop_order":"0","has_category":"1","landing_pages":null,"microdata":{"number":66,"category":""},"title":"Akril \u00e9jjeli f\u00e9ny nyomtatott mint\u00e1val- szafari","description":"Var\u00e1zsolj meghitt hangulatot otthonodba ezekkel az eleg\u00e1ns akril\u00fcveg \u00e9jjeli f\u00e9nyekkel!\nA mint\u00e1k UV nyomtat\u00e1ssal k\u00e9sz\u00fclnek, \u00edgy rendk\u00edv\u00fcl r\u00e9szletgazdagok, \u00e9l\u00e9nk sz\u00edn\u0171ek \u00e9s tart\u00f3sak \u2013 nem kopnak, nem fakulnak, hossz\u00fa \u00e9veken \u00e1t meg\u0151rzik sz\u00e9ps\u00e9g\u00fcket.\n\nMi\u00e9rt fogod szeretni?\n\nHordozhat\u00f3 \u00e9s k\u00e1belmentes \u2013 b\u00e1rhol elhelyezheted.\n\nAk\u00e1r 120 \u00f3r\u00e1s \u00fczemid\u0151 egyetlen t\u00f6lt\u00e9ssel.\n\n\u00dajrat\u00f6lthet\u0151 akkumul\u00e1tor \u2013 k\u00f6rnyezetbar\u00e1t \u00e9s k\u00f6lts\u00e9ghat\u00e9kony.\n\nLED vil\u00e1g\u00edt\u00e1s \u2013 energiatakar\u00e9kos, stabil \u00e9s kellemes f\u00e9ny.\n\nSzem\u00e9lyre szabhat\u00f3 n\u00e9vvel, d\u00e1tummal \u00e9s mint\u00e1val.\n\nAdatok:\n\nM\u00e9ret: kb. 15 \u00d7 16 cm\n\nAnyag: 5 mm akril\u00fcveg + fa LED talp\n\nVil\u00e1g\u00edt\u00e1s: LED\n\nT\u00f6k\u00e9letes aj\u00e1nd\u00e9k babak\u00f6sz\u00f6nt\u0151re, sz\u00fclet\u00e9snapra, keresztel\u0151re vagy kar\u00e1csonyra.\n\nCsomag tartalma:\n\u2714 1 db akril\u00fcveg UV nyomtatott mint\u00e1val\n\u2714 1 db fa LED talp\n\u2714 1 db USB t\u00f6lt\u0151k\u00e1bel (t\u00f6lt\u0151fej n\u00e9lk\u00fcl)","score":0,"formatted_price":"11 990 Ft","image_url":"https:\/\/www.meska.hu\/img\/product\/small\/n\/y\/nyuszikert_product_622009_250923110158_866656.jpeg","formatted_url":"https:\/\/www.meska.hu\/p5622401-akril-ejjeli-feny-nyomtatott-mintaval-szafari","favourite":false,"in_stock":false,"avatar":"622009_avatar_1701843989.jpeg","delete_from":0,"is_enhanced_background":false,"is_enhanced":false,"product_selection_started":false,"is_active":true,"image_webp_url":"https:\/\/www.meska.hu\/img\/product\/small\/n\/y\/nyuszikert_product_622009_250923110158_866656.webp"},{"id":"5273609","shop_id":"44711","user_id":"641650","shop_name":"SzandiFilcKucko","shop_zip":"3200","product_code":"5251447","product_name_old":null,"product_name":"Vil\u00e1g\u00edt\u00f3 n\u00e9vre sz\u00f3l\u00f3 \u00e9jszakai f\u00e9ny, babaszoba d\u00edsz, babak\u00f6sz\u00f6nt\u0151\/babav\u00e1r\u00f3 aj\u00e1nd\u00e9k, Minnie eg\u00e9rrel, vil\u00e1g\u00edt\u00f3 holdal","category_string":"Baba - mama, \u00c9jszakai f\u00e9ny, Babaszoba dekor\u00e1ci\u00f3","technic_string":"Varr\u00e1s","category_1":"1735","category_2":"1761","category_3":"1466","category_4":"0","merged_category_1":null,"merged_category_2":null,"merged_category_3":null,"technic_1":"506","technic_2":"0","technic_3":"0","color_1":"525","color_2":"527","color_3":"0","product_description_old":null,"product_description":"Filc anyagb\u00f3l k\u00e9sz\u00fclt kb 20x 45 cm , elemes l\u00e9ddel ell\u00e1tott, n\u00e9vre sz\u00f3l\u00f3 \u00e9jszaka f\u00e9ny. Baba \u00e9s gyermekszob\u00e1ba ide\u00e1lis elalv\u00e1s el\u0151tti hangulat vil\u00e1g\u00edt\u00e1snak. Akaszt\u00f3s, \u00edgy falra , baldachintart\u00f3ra, ajt\u00f3ra... stb. k\u00f6nnyed\u00e9n felakaszthat\u00f3.","price":"9900.00","unit":"db","recommended":"0","status":"1","sponsored":"0","exp_notify":"0","own_material":"0","own_material_description_old":null,"own_material_description":"","jury":"0","jury_number":"","product_nature":"","meskaracsony":"0","create_date":"2026-02-17 21:49:28","shelve_id":"0","image":"szandifilckucko_product_641650_240322114508_059868.jpeg","image_width":"480","image_height":"480","image_alt":"Vil\u00e1g\u00edt\u00f3 n\u00e9vre sz\u00f3l\u00f3 \u00e9jszakai f\u00e9ny, babaszoba d\u00edsz, babak\u00f6sz\u00f6nt\u0151\/babav\u00e1r\u00f3 aj\u00e1nd\u00e9k, Minnie eg\u00e9rrel, vil\u00e1g\u00edt\u00f3 holdal, Filc anyagb\u00f3l k\u00e9sz\u00fclt kb 20x 45 cm , elemes l\u00e9ddel ell\u00e1tott, n\u00e9vre sz\u00f3l\u00f3 \u00e9jszaka f\u00e9ny. Baba \u00e9s gyerm..., Meska","image_title":"Vil\u00e1g\u00edt\u00f3 n\u00e9vre sz\u00f3l\u00f3 \u00e9jszakai f\u00e9ny, babaszoba d\u00edsz, babak\u00f6sz\u00f6nt\u0151\/babav\u00e1r\u00f3 aj\u00e1nd\u00e9k, Minnie eg\u00e9rrel, vil\u00e1g\u00edt\u00f3 holdal, Meska","view_count":"4432","favourite_count":"0","trending_score":"0","last2MonthFavouriteCount":"0","promotion":"0","giftcard_accept":"0","creditcard_accept":false,"enhanced_background":"0","domain":"meska","specific_customer_id":null,"specific_customer_name":null,"to_order_product":"1","to_order_product_time":"7","product_different":null,"product_different_description":"","vintage":"0","vintage_category_id":"0","recycled":"0","gemstone_id":"0","customizable":"1","type_category":"physical","zerowaste":"0","postage_price":"1500.00","shop_order":"0","has_category":"1","landing_pages":null,"microdata":{"number":67,"category":""},"title":"Vil\u00e1g\u00edt\u00f3 n\u00e9vre sz\u00f3l\u00f3 \u00e9jszakai f\u00e9ny, babaszoba d\u00edsz, babak\u00f6sz\u00f6nt\u0151\/babav\u00e1r\u00f3 aj\u00e1nd\u00e9k, Minnie eg\u00e9rrel, vil\u00e1g\u00edt\u00f3 holdal","description":"Filc anyagb\u00f3l k\u00e9sz\u00fclt kb 20x 45 cm , elemes l\u00e9ddel ell\u00e1tott, n\u00e9vre sz\u00f3l\u00f3 \u00e9jszaka f\u00e9ny. Baba \u00e9s gyermekszob\u00e1ba ide\u00e1lis elalv\u00e1s el\u0151tti hangulat vil\u00e1g\u00edt\u00e1snak. Akaszt\u00f3s, \u00edgy falra , baldachintart\u00f3ra, ajt\u00f3ra... stb. k\u00f6nnyed\u00e9n felakaszthat\u00f3.","score":0,"formatted_price":"9 900 Ft","image_url":"https:\/\/www.meska.hu\/img\/product\/small\/s\/z\/szandifilckucko_product_641650_240322114508_059868.jpeg","formatted_url":"https:\/\/www.meska.hu\/p5251447-vilagito-nevre-szolo-ejszakai-feny-babaszoba-disz-babakoszonto-babavaro-ajandek-minnie-egerrel-vilagito-holdal","favourite":false,"in_stock":false,"avatar":"641650_avatar_1710771980.png","delete_from":0,"is_enhanced_background":false,"is_enhanced":false,"product_selection_started":false,"is_active":true,"image_webp_url":"https:\/\/www.meska.hu\/img\/product\/small\/s\/z\/szandifilckucko_product_641650_240322114508_059868.webp"},{"id":"5273601","shop_id":"44711","user_id":"641650","shop_name":"SzandiFilcKucko","shop_zip":"3200","product_code":"5251441","product_name_old":null,"product_name":"Vil\u00e1g\u00edt\u00f3 n\u00e9vre sz\u00f3l\u00f3 \u00e9jszakai f\u00e9ny, babaszoba d\u00edsz, babak\u00f6sz\u00f6nt\u0151\/babav\u00e1r\u00f3 aj\u00e1nd\u00e9k, nadr\u00e1gos macival, vil\u00e1g\u00edt\u00f3 holdal","category_string":"Baba - mama, \u00c9jszakai f\u00e9ny, Babaszoba dekor\u00e1ci\u00f3","technic_string":"Varr\u00e1s","category_1":"1735","category_2":"1761","category_3":"1466","category_4":"0","merged_category_1":null,"merged_category_2":null,"merged_category_3":null,"technic_1":"506","technic_2":"0","technic_3":"0","color_1":"525","color_2":"527","color_3":"0","product_description_old":null,"product_description":"Filc anyagb\u00f3l k\u00e9sz\u00fclt kb 20x 45 cm , elemes l\u00e9ddel ell\u00e1tott, n\u00e9vre sz\u00f3l\u00f3 \u00e9jszaka f\u00e9ny. Baba \u00e9s gyermekszob\u00e1ba ide\u00e1lis elalv\u00e1s el\u0151tti hangulat vil\u00e1g\u00edt\u00e1snak. Akaszt\u00f3s, \u00edgy falra , baldachintart\u00f3ra, ajt\u00f3ra... stb. k\u00f6nnyed\u00e9n felakaszthat\u00f3.","price":"10900.00","unit":"db","recommended":"0","status":"1","sponsored":"0","exp_notify":"0","own_material":"0","own_material_description_old":null,"own_material_description":"","jury":"0","jury_number":"","product_nature":"","meskaracsony":"0","create_date":"2026-02-16 23:07:26","shelve_id":"0","image":"szandifilckucko_product_641650_240322114111_464438.jpeg","image_width":"480","image_height":"480","image_alt":"Vil\u00e1g\u00edt\u00f3 n\u00e9vre sz\u00f3l\u00f3 \u00e9jszakai f\u00e9ny, babaszoba d\u00edsz, babak\u00f6sz\u00f6nt\u0151\/babav\u00e1r\u00f3 aj\u00e1nd\u00e9k, nadr\u00e1gos macival, vil\u00e1g\u00edt\u00f3 holdal, Filc anyagb\u00f3l k\u00e9sz\u00fclt kb 20x 45 cm , elemes l\u00e9ddel ell\u00e1tott, n\u00e9vre sz\u00f3l\u00f3 \u00e9jszaka f\u00e9ny. Baba \u00e9s gyerm..., Meska","image_title":"Vil\u00e1g\u00edt\u00f3 n\u00e9vre sz\u00f3l\u00f3 \u00e9jszakai f\u00e9ny, babaszoba d\u00edsz, babak\u00f6sz\u00f6nt\u0151\/babav\u00e1r\u00f3 aj\u00e1nd\u00e9k, nadr\u00e1gos macival, vil\u00e1g\u00edt\u00f3 holdal, Meska","view_count":"1251","favourite_count":"0","trending_score":"0","last2MonthFavouriteCount":"0","promotion":"0","giftcard_accept":"0","creditcard_accept":false,"enhanced_background":"0","domain":"meska","specific_customer_id":null,"specific_customer_name":null,"to_order_product":"1","to_order_product_time":"7","product_different":null,"product_different_description":"","vintage":"0","vintage_category_id":"0","recycled":"0","gemstone_id":"0","customizable":"1","type_category":"physical","zerowaste":"0","postage_price":"1500.00","shop_order":"0","has_category":"1","landing_pages":null,"microdata":{"number":68,"category":""},"title":"Vil\u00e1g\u00edt\u00f3 n\u00e9vre sz\u00f3l\u00f3 \u00e9jszakai f\u00e9ny, babaszoba d\u00edsz, babak\u00f6sz\u00f6nt\u0151\/babav\u00e1r\u00f3 aj\u00e1nd\u00e9k, nadr\u00e1gos macival, vil\u00e1g\u00edt\u00f3 holdal","description":"Filc anyagb\u00f3l k\u00e9sz\u00fclt kb 20x 45 cm , elemes l\u00e9ddel ell\u00e1tott, n\u00e9vre sz\u00f3l\u00f3 \u00e9jszaka f\u00e9ny. Baba \u00e9s gyermekszob\u00e1ba ide\u00e1lis elalv\u00e1s el\u0151tti hangulat vil\u00e1g\u00edt\u00e1snak. Akaszt\u00f3s, \u00edgy falra , baldachintart\u00f3ra, ajt\u00f3ra... stb. k\u00f6nnyed\u00e9n felakaszthat\u00f3.","score":0,"formatted_price":"10 900 Ft","image_url":"https:\/\/www.meska.hu\/img\/product\/small\/s\/z\/szandifilckucko_product_641650_240322114111_464438.jpeg","formatted_url":"https:\/\/www.meska.hu\/p5251441-vilagito-nevre-szolo-ejszakai-feny-babaszoba-disz-babakoszonto-babavaro-ajandek-nadragos-macival-vilagito-holdal","favourite":false,"in_stock":false,"avatar":"641650_avatar_1710771980.png","delete_from":0,"is_enhanced_background":false,"is_enhanced":false,"product_selection_started":false,"is_active":true,"image_webp_url":"https:\/\/www.meska.hu\/img\/product\/small\/s\/z\/szandifilckucko_product_641650_240322114111_464438.webp"},{"id":"5491213","shop_id":"43575","user_id":"622009","shop_name":"nyuszikert","shop_zip":"9144","product_code":"5377655","product_name_old":null,"product_name":"Akril \u00e9jjeli- vir\u00e1gok pillang\u00f3val","category_string":"Baba - mama, \u00c9jszakai f\u00e9ny, Babaszoba dekor\u00e1ci\u00f3","technic_string":"Grav\u00edroz\u00e1s, pirogr\u00e1fia","category_1":"1735","category_2":"1761","category_3":"1466","category_4":"0","merged_category_1":null,"merged_category_2":null,"merged_category_3":null,"technic_1":"796","technic_2":"0","technic_3":"0","color_1":"513","color_2":"0","color_3":"0","product_description_old":null,"product_description":"Hozz var\u00e1zslatos hangulatot otthonodba ezekkel a st\u00edlusos \u00e9s egyedi akril\u00fcveg \u00e9jjeli f\u00e9nyekkel! Az \u00e1tl\u00e1tsz\u00f3 akril\u00fcveg alapanyag eleg\u00e1ns \u00e9s modern megjelen\u00e9st biztos\u00edt, mik\u00f6zben a finom LED vil\u00e1g\u00edt\u00e1s kellemes, l\u00e1gy f\u00e9nyt ad, megnyugtat\u00f3 hangulatot teremt, amely t\u00f6k\u00e9letes \u00e9jszakai k\u00eds\u00e9r\u0151k\u00e9nt szolg\u00e1l. Az akril\u00fcveg (plexi) tart\u00f3s \u00e9s k\u00f6nnyen tiszt\u00edthat\u00f3 anyag, amely nem t\u00f6rik k\u00f6nnyen. A l\u00e1mpa akkumul\u00e1torral m\u0171k\u00f6dik, melynek el\u0151nyei:\n\nHordozhat\u00f3 \u2013 b\u00e1rhol elhelyezhet\u0151 a lak\u00e1sban, nincs sz\u00fcks\u00e9g konnektorra.\n\nHossz\u00fa \u00fczemid\u0151 \u2013 ak\u00e1r 120 \u00f3r\u00e1n \u00e1t m\u0171k\u00f6dik egyetlen t\u00f6lt\u00e9ssel.\n\nK\u00e1belmentes kialak\u00edt\u00e1s \u2013 nincs \u00fatban vezet\u00e9k, biztons\u00e1gosabb \u00e9s eszt\u00e9tikusabb.\n\n\u00dajrat\u00f6lthet\u0151 akkumul\u00e1tor \u2013 k\u00f6rnyezetbar\u00e1t \u00e9s k\u00f6lts\u00e9ghat\u00e9kony, nincs sz\u00fcks\u00e9g elemekre.\n\nStabil f\u00e9nyer\u0151 \u2013 LED technol\u00f3gi\u00e1nak k\u00f6sz\u00f6nhet\u0151en energiatakar\u00e9kos \u00e9s tart\u00f3s f\u00e9nyt biztos\u00edt.\n\nSokoldal\u00fa felhaszn\u00e1l\u00e1s \u2013 ide\u00e1lis \u00e9jjeli f\u00e9nynek, dekor\u00e1ci\u00f3hoz vagy hangulatvil\u00e1g\u00edt\u00e1shoz.\n\nKompakt \u00e9s k\u00f6nny\u0171 \u2013 egyszer\u0171en mozgathat\u00f3 egyik helyis\u00e9gb\u0151l a m\u00e1sikba.\n\nT\u00f6bbf\u00e9le form\u00e1b\u00f3l \u00e9s mint\u00e1b\u00f3l v\u00e1laszthatsz, illetve a l\u00e1mp\u00e1kon megjelenhet a gyermeked neve \u00e9s sz\u00fclet\u00e9si vagy keresztel\u0151 d\u00e1tuma, hogy egy igaz\u00e1n szem\u00e9lyre szabott \u00e9jjeli f\u00e9nynek \u00f6r\u00fclhessetek.\n\nM\u00e9ret: kb. 15cm x 16cm\n\nAnyaga: 5 mm-es akril\u00fcveg (plexi) \u00e9s f\u00e1b\u00f3l k\u00e9sz\u00fclt LED talp\n\nVil\u00e1g\u00edt\u00e1s t\u00edpusa: LED\n\nT\u00f6k\u00e9letes v\u00e1laszt\u00e1s gyerekszob\u00e1ba vagy b\u00e1rmelyik helyis\u00e9gbe, ahol egy kis hangulatos vil\u00e1g\u00edt\u00e1st szeretn\u00e9l. Ide\u00e1lis aj\u00e1nd\u00e9k b\u00e1rmilyen alkalomra, legyen az babak\u00f6sz\u00f6nt\u0151, sz\u00fclet\u00e9snap, keresztel\u0151, kar\u00e1csony, vagy egyszer\u0171en csak egy kis meglepet\u00e9s.\n\nA csomag tartalma:\n\n1 db 5 mm-es akril\u00fcveg a v\u00e1lasztott mint\u00e1val \u00e9s adatokkal szem\u00e9lyre szabva\n1 db f\u00e1b\u00f3l k\u00e9sz\u00fclt LED talp\n1 db USB t\u00f6lt\u0151k\u00e1bel (a t\u00f6lt\u0151fej nem tartoz\u00e9k)","price":"10990.00","unit":"db","recommended":"0","status":"1","sponsored":"0","exp_notify":"0","own_material":"0","own_material_description_old":null,"own_material_description":"","jury":"0","jury_number":"","product_nature":"","meskaracsony":"0","create_date":"2026-02-16 21:07:35","shelve_id":"0","image":"nyuszikert_product_622009_250923102853_847185.jpeg","image_width":"480","image_height":"480","image_alt":"Akril \u00e9jjeli- vir\u00e1gok pillang\u00f3val, Hozz var\u00e1zslatos hangulatot otthonodba ezekkel a st\u00edlusos \u00e9s egyedi akril\u00fcveg \u00e9jjeli f\u00e9nyekkel! Az \u00e1..., Meska","image_title":"Akril \u00e9jjeli- vir\u00e1gok pillang\u00f3val, Meska","view_count":"449","favourite_count":"0","trending_score":"0","last2MonthFavouriteCount":"0","promotion":"0","giftcard_accept":"0","creditcard_accept":true,"enhanced_background":"0","domain":"meska","specific_customer_id":null,"specific_customer_name":null,"to_order_product":"1","to_order_product_time":"5","product_different":null,"product_different_description":"","vintage":"0","vintage_category_id":"0","recycled":"0","gemstone_id":"0","customizable":"1","type_category":"physical","zerowaste":"0","postage_price":"2390.00","shop_order":"0","has_category":"1","landing_pages":null,"microdata":{"number":69,"category":""},"title":"Akril \u00e9jjeli- vir\u00e1gok pillang\u00f3val","description":"Hozz var\u00e1zslatos hangulatot otthonodba ezekkel a st\u00edlusos \u00e9s egyedi akril\u00fcveg \u00e9jjeli f\u00e9nyekkel! Az \u00e1tl\u00e1tsz\u00f3 akril\u00fcveg alapanyag eleg\u00e1ns \u00e9s modern megjelen\u00e9st biztos\u00edt, mik\u00f6zben a finom LED vil\u00e1g\u00edt\u00e1s kellemes, l\u00e1gy f\u00e9nyt ad, megnyugtat\u00f3 hangulatot teremt, amely t\u00f6k\u00e9letes \u00e9jszakai k\u00eds\u00e9r\u0151k\u00e9nt szolg\u00e1l. Az akril\u00fcveg (plexi) tart\u00f3s \u00e9s k\u00f6nnyen tiszt\u00edthat\u00f3 anyag, amely nem t\u00f6rik k\u00f6nnyen. A l\u00e1mpa akkumul\u00e1torral m\u0171k\u00f6dik, melynek el\u0151nyei:\n\nHordozhat\u00f3 \u2013 b\u00e1rhol elhelyezhet\u0151 a lak\u00e1sban, nincs sz\u00fcks\u00e9g konnektorra.\n\nHossz\u00fa \u00fczemid\u0151 \u2013 ak\u00e1r 120 \u00f3r\u00e1n \u00e1t m\u0171k\u00f6dik egyetlen t\u00f6lt\u00e9ssel.\n\nK\u00e1belmentes kialak\u00edt\u00e1s \u2013 nincs \u00fatban vezet\u00e9k, biztons\u00e1gosabb \u00e9s eszt\u00e9tikusabb.\n\n\u00dajrat\u00f6lthet\u0151 akkumul\u00e1tor \u2013 k\u00f6rnyezetbar\u00e1t \u00e9s k\u00f6lts\u00e9ghat\u00e9kony, nincs sz\u00fcks\u00e9g elemekre.\n\nStabil f\u00e9nyer\u0151 \u2013 LED technol\u00f3gi\u00e1nak k\u00f6sz\u00f6nhet\u0151en energiatakar\u00e9kos \u00e9s tart\u00f3s f\u00e9nyt biztos\u00edt.\n\nSokoldal\u00fa felhaszn\u00e1l\u00e1s \u2013 ide\u00e1lis \u00e9jjeli f\u00e9nynek, dekor\u00e1ci\u00f3hoz vagy hangulatvil\u00e1g\u00edt\u00e1shoz.\n\nKompakt \u00e9s k\u00f6nny\u0171 \u2013 egyszer\u0171en mozgathat\u00f3 egyik helyis\u00e9gb\u0151l a m\u00e1sikba.\n\nT\u00f6bbf\u00e9le form\u00e1b\u00f3l \u00e9s mint\u00e1b\u00f3l v\u00e1laszthatsz, illetve a l\u00e1mp\u00e1kon megjelenhet a gyermeked neve \u00e9s sz\u00fclet\u00e9si vagy keresztel\u0151 d\u00e1tuma, hogy egy igaz\u00e1n szem\u00e9lyre szabott \u00e9jjeli f\u00e9nynek \u00f6r\u00fclhessetek.\n\nM\u00e9ret: kb. 15cm x 16cm\n\nAnyaga: 5 mm-es akril\u00fcveg (plexi) \u00e9s f\u00e1b\u00f3l k\u00e9sz\u00fclt LED talp\n\nVil\u00e1g\u00edt\u00e1s t\u00edpusa: LED\n\nT\u00f6k\u00e9letes v\u00e1laszt\u00e1s gyerekszob\u00e1ba vagy b\u00e1rmelyik helyis\u00e9gbe, ahol egy kis hangulatos vil\u00e1g\u00edt\u00e1st szeretn\u00e9l. Ide\u00e1lis aj\u00e1nd\u00e9k b\u00e1rmilyen alkalomra, legyen az babak\u00f6sz\u00f6nt\u0151, sz\u00fclet\u00e9snap, keresztel\u0151, kar\u00e1csony, vagy egyszer\u0171en csak egy kis meglepet\u00e9s.\n\nA csomag tartalma:\n\n1 db 5 mm-es akril\u00fcveg a v\u00e1lasztott mint\u00e1val \u00e9s adatokkal szem\u00e9lyre szabva\n1 db f\u00e1b\u00f3l k\u00e9sz\u00fclt LED talp\n1 db USB t\u00f6lt\u0151k\u00e1bel (a t\u00f6lt\u0151fej nem tartoz\u00e9k)","score":0,"formatted_price":"10 990 Ft","image_url":"https:\/\/www.meska.hu\/img\/product\/small\/n\/y\/nyuszikert_product_622009_250923102853_847185.jpeg","formatted_url":"https:\/\/www.meska.hu\/p5377655-akril-ejjeli-viragok-pillangoval","favourite":false,"in_stock":false,"avatar":"622009_avatar_1701843989.jpeg","delete_from":0,"is_enhanced_background":false,"is_enhanced":false,"product_selection_started":false,"is_active":true,"image_webp_url":"https:\/\/www.meska.hu\/img\/product\/small\/n\/y\/nyuszikert_product_622009_250923102853_847185.webp"},{"id":"5435480","shop_id":"43575","user_id":"622009","shop_name":"nyuszikert","shop_zip":"9144","product_code":"5344097","product_name_old":null,"product_name":"Akril \u00e9jjeli f\u00e9ny vir\u00e1gokkal","category_string":"Baba - mama, \u00c9jszakai f\u00e9ny, Babaszoba dekor\u00e1ci\u00f3","technic_string":"Grav\u00edroz\u00e1s, pirogr\u00e1fia","category_1":"1735","category_2":"1761","category_3":"1466","category_4":"0","merged_category_1":null,"merged_category_2":null,"merged_category_3":null,"technic_1":"796","technic_2":"0","technic_3":"0","color_1":"513","color_2":"0","color_3":"0","product_description_old":null,"product_description":"Hozz var\u00e1zslatos hangulatot otthonodba ezekkel a st\u00edlusos \u00e9s egyedi akril\u00fcveg \u00e9jjeli f\u00e9nyekkel! Az \u00e1tl\u00e1tsz\u00f3 akril\u00fcveg alapanyag eleg\u00e1ns \u00e9s modern megjelen\u00e9st biztos\u00edt, mik\u00f6zben a finom LED vil\u00e1g\u00edt\u00e1s kellemes, l\u00e1gy f\u00e9nyt ad, megnyugtat\u00f3 hangulatot teremt, amely t\u00f6k\u00e9letes \u00e9jszakai k\u00eds\u00e9r\u0151k\u00e9nt szolg\u00e1l. Az akril\u00fcveg (plexi) tart\u00f3s \u00e9s k\u00f6nnyen tiszt\u00edthat\u00f3 anyag, amely nem t\u00f6rik k\u00f6nnyen. A l\u00e1mpa akkumul\u00e1torral m\u0171k\u00f6dik, melynek el\u0151nyei:\n\nHordozhat\u00f3 \u2013 b\u00e1rhol elhelyezhet\u0151 a lak\u00e1sban, nincs sz\u00fcks\u00e9g konnektorra.\n\nHossz\u00fa \u00fczemid\u0151 \u2013 ak\u00e1r 120 \u00f3r\u00e1n \u00e1t m\u0171k\u00f6dik egyetlen t\u00f6lt\u00e9ssel.\n\nK\u00e1belmentes kialak\u00edt\u00e1s \u2013 nincs \u00fatban vezet\u00e9k, biztons\u00e1gosabb \u00e9s eszt\u00e9tikusabb.\n\n\u00dajrat\u00f6lthet\u0151 akkumul\u00e1tor \u2013 k\u00f6rnyezetbar\u00e1t \u00e9s k\u00f6lts\u00e9ghat\u00e9kony, nincs sz\u00fcks\u00e9g elemekre.\n\nStabil f\u00e9nyer\u0151 \u2013 LED technol\u00f3gi\u00e1nak k\u00f6sz\u00f6nhet\u0151en energiatakar\u00e9kos \u00e9s tart\u00f3s f\u00e9nyt biztos\u00edt.\n\nSokoldal\u00fa felhaszn\u00e1l\u00e1s \u2013 ide\u00e1lis \u00e9jjeli f\u00e9nynek, dekor\u00e1ci\u00f3hoz vagy hangulatvil\u00e1g\u00edt\u00e1shoz.\n\nKompakt \u00e9s k\u00f6nny\u0171 \u2013 egyszer\u0171en mozgathat\u00f3 egyik helyis\u00e9gb\u0151l a m\u00e1sikba.\n\nT\u00f6bbf\u00e9le form\u00e1b\u00f3l \u00e9s mint\u00e1b\u00f3l v\u00e1laszthatsz, illetve a l\u00e1mp\u00e1kon megjelenhet a gyermeked neve \u00e9s sz\u00fclet\u00e9si vagy keresztel\u0151 d\u00e1tuma, hogy egy igaz\u00e1n szem\u00e9lyre szabott \u00e9jjeli f\u00e9nynek \u00f6r\u00fclhessetek.\n\nM\u00e9ret: kb. 15cm x 16cm\n\nAnyaga: 5 mm-es akril\u00fcveg (plexi) \u00e9s f\u00e1b\u00f3l k\u00e9sz\u00fclt LED talp\n\nVil\u00e1g\u00edt\u00e1s t\u00edpusa: LED\n\nT\u00f6k\u00e9letes v\u00e1laszt\u00e1s gyerekszob\u00e1ba vagy b\u00e1rmelyik helyis\u00e9gbe, ahol egy kis hangulatos vil\u00e1g\u00edt\u00e1st szeretn\u00e9l. Ide\u00e1lis aj\u00e1nd\u00e9k b\u00e1rmilyen alkalomra, legyen az babak\u00f6sz\u00f6nt\u0151, sz\u00fclet\u00e9snap, keresztel\u0151, kar\u00e1csony, vagy egyszer\u0171en csak egy kis meglepet\u00e9s.\n\nA csomag tartalma:\n\n1 db 5 mm-es akril\u00fcveg a v\u00e1lasztott mint\u00e1val \u00e9s adatokkal szem\u00e9lyre szabva\n1 db f\u00e1b\u00f3l k\u00e9sz\u00fclt LED talp\n1 db USB t\u00f6lt\u0151k\u00e1bel (a t\u00f6lt\u0151fej nem tartoz\u00e9k)","price":"10990.00","unit":"db","recommended":"0","status":"1","sponsored":"0","exp_notify":"0","own_material":"0","own_material_description_old":null,"own_material_description":"","jury":"0","jury_number":"","product_nature":"","meskaracsony":"0","create_date":"2026-02-16 21:07:33","shelve_id":"0","image":"nyuszikert_product_622009_250923102931_939838.jpeg","image_width":"480","image_height":"480","image_alt":"Akril \u00e9jjeli f\u00e9ny vir\u00e1gokkal, Hozz var\u00e1zslatos hangulatot otthonodba ezekkel a st\u00edlusos \u00e9s egyedi akril\u00fcveg \u00e9jjeli f\u00e9nyekkel! Az \u00e1..., Meska","image_title":"Akril \u00e9jjeli f\u00e9ny vir\u00e1gokkal, Meska","view_count":"538","favourite_count":"0","trending_score":"0","last2MonthFavouriteCount":"0","promotion":"0","giftcard_accept":"0","creditcard_accept":true,"enhanced_background":"0","domain":"meska","specific_customer_id":null,"specific_customer_name":null,"to_order_product":"1","to_order_product_time":"5","product_different":null,"product_different_description":"","vintage":"0","vintage_category_id":"0","recycled":"0","gemstone_id":"0","customizable":"1","type_category":"physical","zerowaste":"0","postage_price":"1290.00","shop_order":"0","has_category":"1","landing_pages":null,"microdata":{"number":70,"category":""},"title":"Akril \u00e9jjeli f\u00e9ny vir\u00e1gokkal","description":"Hozz var\u00e1zslatos hangulatot otthonodba ezekkel a st\u00edlusos \u00e9s egyedi akril\u00fcveg \u00e9jjeli f\u00e9nyekkel! Az \u00e1tl\u00e1tsz\u00f3 akril\u00fcveg alapanyag eleg\u00e1ns \u00e9s modern megjelen\u00e9st biztos\u00edt, mik\u00f6zben a finom LED vil\u00e1g\u00edt\u00e1s kellemes, l\u00e1gy f\u00e9nyt ad, megnyugtat\u00f3 hangulatot teremt, amely t\u00f6k\u00e9letes \u00e9jszakai k\u00eds\u00e9r\u0151k\u00e9nt szolg\u00e1l. Az akril\u00fcveg (plexi) tart\u00f3s \u00e9s k\u00f6nnyen tiszt\u00edthat\u00f3 anyag, amely nem t\u00f6rik k\u00f6nnyen. A l\u00e1mpa akkumul\u00e1torral m\u0171k\u00f6dik, melynek el\u0151nyei:\n\nHordozhat\u00f3 \u2013 b\u00e1rhol elhelyezhet\u0151 a lak\u00e1sban, nincs sz\u00fcks\u00e9g konnektorra.\n\nHossz\u00fa \u00fczemid\u0151 \u2013 ak\u00e1r 120 \u00f3r\u00e1n \u00e1t m\u0171k\u00f6dik egyetlen t\u00f6lt\u00e9ssel.\n\nK\u00e1belmentes kialak\u00edt\u00e1s \u2013 nincs \u00fatban vezet\u00e9k, biztons\u00e1gosabb \u00e9s eszt\u00e9tikusabb.\n\n\u00dajrat\u00f6lthet\u0151 akkumul\u00e1tor \u2013 k\u00f6rnyezetbar\u00e1t \u00e9s k\u00f6lts\u00e9ghat\u00e9kony, nincs sz\u00fcks\u00e9g elemekre.\n\nStabil f\u00e9nyer\u0151 \u2013 LED technol\u00f3gi\u00e1nak k\u00f6sz\u00f6nhet\u0151en energiatakar\u00e9kos \u00e9s tart\u00f3s f\u00e9nyt biztos\u00edt.\n\nSokoldal\u00fa felhaszn\u00e1l\u00e1s \u2013 ide\u00e1lis \u00e9jjeli f\u00e9nynek, dekor\u00e1ci\u00f3hoz vagy hangulatvil\u00e1g\u00edt\u00e1shoz.\n\nKompakt \u00e9s k\u00f6nny\u0171 \u2013 egyszer\u0171en mozgathat\u00f3 egyik helyis\u00e9gb\u0151l a m\u00e1sikba.\n\nT\u00f6bbf\u00e9le form\u00e1b\u00f3l \u00e9s mint\u00e1b\u00f3l v\u00e1laszthatsz, illetve a l\u00e1mp\u00e1kon megjelenhet a gyermeked neve \u00e9s sz\u00fclet\u00e9si vagy keresztel\u0151 d\u00e1tuma, hogy egy igaz\u00e1n szem\u00e9lyre szabott \u00e9jjeli f\u00e9nynek \u00f6r\u00fclhessetek.\n\nM\u00e9ret: kb. 15cm x 16cm\n\nAnyaga: 5 mm-es akril\u00fcveg (plexi) \u00e9s f\u00e1b\u00f3l k\u00e9sz\u00fclt LED talp\n\nVil\u00e1g\u00edt\u00e1s t\u00edpusa: LED\n\nT\u00f6k\u00e9letes v\u00e1laszt\u00e1s gyerekszob\u00e1ba vagy b\u00e1rmelyik helyis\u00e9gbe, ahol egy kis hangulatos vil\u00e1g\u00edt\u00e1st szeretn\u00e9l. Ide\u00e1lis aj\u00e1nd\u00e9k b\u00e1rmilyen alkalomra, legyen az babak\u00f6sz\u00f6nt\u0151, sz\u00fclet\u00e9snap, keresztel\u0151, kar\u00e1csony, vagy egyszer\u0171en csak egy kis meglepet\u00e9s.\n\nA csomag tartalma:\n\n1 db 5 mm-es akril\u00fcveg a v\u00e1lasztott mint\u00e1val \u00e9s adatokkal szem\u00e9lyre szabva\n1 db f\u00e1b\u00f3l k\u00e9sz\u00fclt LED talp\n1 db USB t\u00f6lt\u0151k\u00e1bel (a t\u00f6lt\u0151fej nem tartoz\u00e9k)","score":0,"formatted_price":"10 990 Ft","image_url":"https:\/\/www.meska.hu\/img\/product\/small\/n\/y\/nyuszikert_product_622009_250923102931_939838.jpeg","formatted_url":"https:\/\/www.meska.hu\/p5344097-akril-ejjeli-feny-viragokkal","favourite":false,"in_stock":false,"avatar":"622009_avatar_1701843989.jpeg","delete_from":0,"is_enhanced_background":false,"is_enhanced":false,"product_selection_started":false,"is_active":true,"image_webp_url":"https:\/\/www.meska.hu\/img\/product\/small\/n\/y\/nyuszikert_product_622009_250923102931_939838.webp"},{"id":"5269765","shop_id":"44711","user_id":"641650","shop_name":"SzandiFilcKucko","shop_zip":"3200","product_code":"5249372","product_name_old":null,"product_name":"Vil\u00e1g\u00edt\u00f3 n\u00e9vre sz\u00f3l\u00f3 \u00e9jszakai f\u00e9ny, babaszoba d\u00edsz, babak\u00f6sz\u00f6nt\u0151 aj\u00e1nd\u00e9k, K\u00e9t \u0151zik\u00e9vel m\u00f3kus , s\u00fcnivel vil\u00e1g\u00edt\u00f3 holdal","category_string":"Baba - mama, \u00c9jszakai f\u00e9ny, Babaszoba dekor\u00e1ci\u00f3","technic_string":"Varr\u00e1s","category_1":"1735","category_2":"1761","category_3":"1466","category_4":"0","merged_category_1":null,"merged_category_2":null,"merged_category_3":null,"technic_1":"506","technic_2":"0","technic_3":"0","color_1":"514","color_2":"521","color_3":"525","product_description_old":null,"product_description":"Filc anyagb\u00f3l k\u00e9sz\u00fclt kb 20x 45 cm , elemes l\u00e9ddel ell\u00e1tott, n\u00e9vre sz\u00f3l\u00f3 \u00e9jszaka f\u00e9ny. Baba \u00e9s gyermekszob\u00e1ba ide\u00e1lis elalv\u00e1s el\u0151tti hangulat vil\u00e1g\u00edt\u00e1snak. Akaszt\u00f3s, \u00edgy falra , baldachintart\u00f3ra, ajt\u00f3ra... stb. k\u00f6nnyed\u00e9n felakaszthat\u00f3.","price":"13990.00","unit":"db","recommended":"0","status":"1","sponsored":"0","exp_notify":"0","own_material":"0","own_material_description_old":null,"own_material_description":"","jury":"0","jury_number":"","product_nature":"","meskaracsony":"0","create_date":"2026-02-16 10:28:49","shelve_id":"0","image":"szandifilckucko_product_641650_240318155803_18226.jpeg","image_width":"480","image_height":"480","image_alt":"Vil\u00e1g\u00edt\u00f3 n\u00e9vre sz\u00f3l\u00f3 \u00e9jszakai f\u00e9ny, babaszoba d\u00edsz, babak\u00f6sz\u00f6nt\u0151 aj\u00e1nd\u00e9k, K\u00e9t \u0151zik\u00e9vel m\u00f3kus , s\u00fcnivel vil\u00e1g\u00edt\u00f3 holdal, Filc anyagb\u00f3l k\u00e9sz\u00fclt kb 20x 45 cm , elemes l\u00e9ddel ell\u00e1tott, n\u00e9vre sz\u00f3l\u00f3 \u00e9jszaka f\u00e9ny. Baba \u00e9s gyerm..., Meska","image_title":"Vil\u00e1g\u00edt\u00f3 n\u00e9vre sz\u00f3l\u00f3 \u00e9jszakai f\u00e9ny, babaszoba d\u00edsz, babak\u00f6sz\u00f6nt\u0151 aj\u00e1nd\u00e9k, K\u00e9t \u0151zik\u00e9vel m\u00f3kus , s\u00fcnivel vil\u00e1g\u00edt\u00f3 holdal, Meska","view_count":"1624","favourite_count":"1","trending_score":"0","last2MonthFavouriteCount":"1","promotion":"0","giftcard_accept":"0","creditcard_accept":false,"enhanced_background":"0","domain":"meska","specific_customer_id":null,"specific_customer_name":null,"to_order_product":"1","to_order_product_time":"7","product_different":null,"product_different_description":"","vintage":"0","vintage_category_id":"0","recycled":"0","gemstone_id":"0","customizable":"1","type_category":"physical","zerowaste":"0","postage_price":"1500.00","shop_order":"0","has_category":"1","landing_pages":null,"microdata":{"number":71,"category":""},"title":"Vil\u00e1g\u00edt\u00f3 n\u00e9vre sz\u00f3l\u00f3 \u00e9jszakai f\u00e9ny, babaszoba d\u00edsz, babak\u00f6sz\u00f6nt\u0151 aj\u00e1nd\u00e9k, K\u00e9t \u0151zik\u00e9vel m\u00f3kus , s\u00fcnivel vil\u00e1g\u00edt\u00f3 holdal","description":"Filc anyagb\u00f3l k\u00e9sz\u00fclt kb 20x 45 cm , elemes l\u00e9ddel ell\u00e1tott, n\u00e9vre sz\u00f3l\u00f3 \u00e9jszaka f\u00e9ny. Baba \u00e9s gyermekszob\u00e1ba ide\u00e1lis elalv\u00e1s el\u0151tti hangulat vil\u00e1g\u00edt\u00e1snak. Akaszt\u00f3s, \u00edgy falra , baldachintart\u00f3ra, ajt\u00f3ra... stb. k\u00f6nnyed\u00e9n felakaszthat\u00f3.","score":0,"formatted_price":"13 990 Ft","image_url":"https:\/\/www.meska.hu\/img\/product\/small\/s\/z\/szandifilckucko_product_641650_240318155803_18226.jpeg","formatted_url":"https:\/\/www.meska.hu\/p5249372-vilagito-nevre-szolo-ejszakai-feny-babaszoba-disz-babakoszonto-ajandek-ket-ozikevel-mokus-sunivel-vilagito-holdal","favourite":false,"in_stock":false,"avatar":"641650_avatar_1710771980.png","delete_from":0,"is_enhanced_background":false,"is_enhanced":false,"product_selection_started":false,"is_active":true,"image_webp_url":"https:\/\/www.meska.hu\/img\/product\/small\/s\/z\/szandifilckucko_product_641650_240318155803_18226.webp"},{"id":"6117846","shop_id":"44970","user_id":"645553","shop_name":"CrealityGifts","shop_zip":"8083","product_code":"5734210","product_name_old":null,"product_name":"B\u00e9k\u00e9s kapibara hangulatl\u00e1mpa alm\u00e1val a fej\u00e9n","category_string":"Baba - mama, Babaszoba dekor\u00e1ci\u00f3, \u00c9jszakai f\u00e9ny","technic_string":"Mindenm\u00e1s","category_1":"1735","category_2":"1466","category_3":"1761","category_4":"0","merged_category_1":null,"merged_category_2":null,"merged_category_3":null,"technic_1":"493","technic_2":"0","technic_3":"0","color_1":"519","color_2":"0","color_3":"0","product_description_old":null,"product_description":"Vigyen otthon\u00e1ba v\u00e9gtelen nyugalmat \u00e9s bar\u00e1ts\u00e1gos f\u00e9nyt ezzel a k\u00fcl\u00f6nleges, kapibara form\u00e1j\u00fa hangulatl\u00e1mp\u00e1val. Ez a kedves kis figura a vil\u00e1g legnyugodtabb \u00e1llat\u00e1nak energi\u00e1j\u00e1t k\u00f6zvet\u00edti, mik\u00f6zben l\u00e1gy, meleg f\u00e9nnyel t\u00f6lti meg a teret az esti pihen\u00e9shez. A fej\u00e9n tal\u00e1lhat\u00f3 piros alma \u00e9s a v\u00e9gtelen\u00fcl b\u00e9k\u00e9s arckifejez\u00e9s azonnal a helyis\u00e9g legkedveltebb dekor\u00e1ci\u00f3s elem\u00e9v\u00e9 teszi, legyen sz\u00f3 \u00e9jjeliszekr\u00e9nyr\u0151l vagy dolgoz\u00f3asztalr\u00f3l.\n\nN\u00e9vleges fesz\u00fclts\u00e9g:\n240V, 50 Hz\nIzz\u00f3 t\u00edpusa:\nLED 5W (kiz\u00e1r\u00f3lag LED haszn\u00e1lhat\u00f3)\n\nB\u00e9k\u00e9s kapibara hangulatl\u00e1mpa alm\u00e1val a fej\u00e9n\nGyakran \u00e9rzi \u00fagy, hogy a nap v\u00e9g\u00e9n neh\u00e9z kikapcsolni \u00e9s magunk m\u00f6g\u00f6tt hagyni a mindennapok p\u00f6rg\u00e9s\u00e9t? A hars\u00e1ny f\u00e9nyek \u00e9s a szem\u00e9lytelen t\u00e1rgyak ritk\u00e1n seg\u00edtenek a relax\u00e1ci\u00f3ban. Ez a kis Glowybara l\u00e1mpa pont azt a lassabb, k\u00e9nyelmesebb \u00e9let\u00e9rz\u00e9st hozza el, amire egy f\u00e1raszt\u00f3 nap ut\u00e1n sz\u00fcks\u00e9g\u00fcnk van: puha f\u00e9nye \u00e9s bar\u00e1ts\u00e1gos alakja seg\u00edt lelass\u00edtani az id\u0151t, \u00e9s megnyugtat\u00f3 atmoszf\u00e9r\u00e1t teremt az olvas\u00e1shoz, medit\u00e1ci\u00f3hoz vagy a pihentet\u0151 alv\u00e1shoz.\n\nEz\u00e9rt fogod szeretni:\nIkonikus karakter: A kapibara a nyugalom szimb\u00f3luma, amely b\u00e1rmilyen k\u00f6rnyezetben azonnali j\u00f3kedvet \u00e9s b\u00e9kess\u00e9get \u00e1raszt.\nMeleg, biztons\u00e1gos f\u00e9ny: A burkolat l\u00e1gyan sz\u0171ri meg a vil\u00e1g\u00edt\u00e1st, \u00edgy nem zavarja a szemet, ide\u00e1lis \u00e9jszakai ir\u00e1nyf\u00e9nynek is.\nMin\u0151s\u00e9gi r\u00e9szletek: A karakter tetej\u00e9n pihen\u0151 v\u00f6r\u00f6s alma j\u00e1t\u00e9kos kontrasztot ad a tiszta feh\u00e9r testnek, kiemelve a pr\u00e9mium kivitelez\u00e9st.\nKompakt \u00e9s stabil: A k\u00f6r\u00fclbel\u00fcl 18 cm-es magass\u00e1g t\u00f6k\u00e9letes egyens\u00falyt teremt a l\u00e1tv\u00e1nyos dekor\u00e1ci\u00f3 \u00e9s a praktikus helykihaszn\u00e1l\u00e1s k\u00f6z\u00f6tt.\n \n\nTechnikai adatok:\nAnyag: Tart\u00f3s, pr\u00e9mium selyemf\u00e9ny\u0171 dekor\u00e1ci\u00f3s polimer\nMagass\u00e1g: Kb. 18 cm\nF\u00e9nyforr\u00e1s: Integr\u00e1lt, energiatakar\u00e9kos meleg feh\u00e9r vil\u00e1g\u00edt\u00e1s\nTiszt\u00edt\u00e1s: Sz\u00e1raz vagy enyh\u00e9n nedves mikrosz\u00e1las kend\u0151vel\nV\u00e1s\u00e1rl\u00f3ink mondt\u00e1k:\n\"Im\u00e1dom, ahogy ott \u00fcl az \u00e9jjeliszekr\u00e9nyemen! Olyan b\u00e9k\u00e9s az arca, hogy m\u00e1r r\u00e1n\u00e9zni is megnyugtat\u00f3, a f\u00e9nye pedig pont annyira er\u0151s, amennyire kell.\"\n\nGyakori k\u00e9rd\u00e9sek:\nMilyen t\u00edpus\u00fa f\u00e9nyt bocs\u00e1t ki?\nA l\u00e1mpa meleg feh\u00e9r t\u00f3nus\u00fa f\u00e9nnyel vil\u00e1g\u00edt, ami seg\u00edt a relax\u00e1ci\u00f3ban \u00e9s nem zavarja az elalv\u00e1st seg\u00edt\u0151 hormonok termel\u0151d\u00e9s\u00e9t.\n\nGyerekszob\u00e1ba is biztons\u00e1gos?\nTerm\u00e9szetesen! A modern technol\u00f3gi\u00e1nak k\u00f6sz\u00f6nhet\u0151en a l\u00e1mpa h\u00e1za nem forr\u00f3sodik fel, anyaga pedig stabil \u00e9s strapab\u00edr\u00f3.\n\n\nHordozhat\u00f3 a l\u00e1mpa?\nKompakt m\u00e9rete miatt k\u00f6nnyen \u00e1thelyezhet\u0151 a lak\u00e1s b\u00e1rmely pontj\u00e1ra, ahol \u00e9ppen egy kis extra nyugalomra van sz\u00fcks\u00e9g.\n\nMekkora a pontos m\u00e9rete?\nA l\u00e1mpa k\u00f6r\u00fclbel\u00fcl 18 cm magas, \u00edgy k\u00e9nyelmesen elf\u00e9r egy keskenyebb polcon vagy kisebb \u00e9jjeliszekr\u00e9nyen is.\n\nHogyan m\u0171k\u00f6dik a vil\u00e1g\u00edt\u00e1s?\nA k\u00e9sz\u00fcl\u00e9k egyszer\u0171en kezelhet\u0151, hossz\u00fa \u00e9lettartam\u00fa f\u00e9nyforr\u00e1ssal van felszerelve, amely \u00e9vekig tart\u00f3 b\u00e9k\u00e9s esti pillanatokat garant\u00e1l.\n\nLassuljon le \u00d6n is a Glowybara t\u00e1rsas\u00e1g\u00e1ban. Rendelje meg most a nyugalom sziget\u00e9t!","price":"5990.00","unit":"db","recommended":"0","status":"1","sponsored":"0","exp_notify":"0","own_material":"0","own_material_description_old":null,"own_material_description":"","jury":"0","jury_number":"","product_nature":"","meskaracsony":"0","create_date":"2026-02-14 21:11:03","shelve_id":"82634","image":"crealitygifts_product_645553_260214211131_20665.jpeg","image_width":"480","image_height":"480","image_alt":"B\u00e9k\u00e9s kapibara hangulatl\u00e1mpa alm\u00e1val a fej\u00e9n, Vigyen otthon\u00e1ba v\u00e9gtelen nyugalmat \u00e9s bar\u00e1ts\u00e1gos f\u00e9nyt ezzel a k\u00fcl\u00f6nleges, kapibara form\u00e1j\u00fa hangula..., Meska","image_title":"B\u00e9k\u00e9s kapibara hangulatl\u00e1mpa alm\u00e1val a fej\u00e9n, Meska","view_count":"51","favourite_count":"0","trending_score":"0","last2MonthFavouriteCount":"0","promotion":"0","giftcard_accept":"0","creditcard_accept":true,"enhanced_background":"0","domain":"meska","specific_customer_id":null,"specific_customer_name":null,"to_order_product":"1","to_order_product_time":"3","product_different":null,"product_different_description":"","vintage":"0","vintage_category_id":"0","recycled":"0","gemstone_id":"0","customizable":"0","type_category":"physical","zerowaste":"0","postage_price":"2390.00","shop_order":"0","has_category":"1","landing_pages":null,"microdata":{"number":72,"category":""},"title":"B\u00e9k\u00e9s kapibara hangulatl\u00e1mpa alm\u00e1val a fej\u00e9n","description":"Vigyen otthon\u00e1ba v\u00e9gtelen nyugalmat \u00e9s bar\u00e1ts\u00e1gos f\u00e9nyt ezzel a k\u00fcl\u00f6nleges, kapibara form\u00e1j\u00fa hangulatl\u00e1mp\u00e1val. Ez a kedves kis figura a vil\u00e1g legnyugodtabb \u00e1llat\u00e1nak energi\u00e1j\u00e1t k\u00f6zvet\u00edti, mik\u00f6zben l\u00e1gy, meleg f\u00e9nnyel t\u00f6lti meg a teret az esti pihen\u00e9shez. A fej\u00e9n tal\u00e1lhat\u00f3 piros alma \u00e9s a v\u00e9gtelen\u00fcl b\u00e9k\u00e9s arckifejez\u00e9s azonnal a helyis\u00e9g legkedveltebb dekor\u00e1ci\u00f3s elem\u00e9v\u00e9 teszi, legyen sz\u00f3 \u00e9jjeliszekr\u00e9nyr\u0151l vagy dolgoz\u00f3asztalr\u00f3l.\n\nN\u00e9vleges fesz\u00fclts\u00e9g:\n240V, 50 Hz\nIzz\u00f3 t\u00edpusa:\nLED 5W (kiz\u00e1r\u00f3lag LED haszn\u00e1lhat\u00f3)\n\nB\u00e9k\u00e9s kapibara hangulatl\u00e1mpa alm\u00e1val a fej\u00e9n\nGyakran \u00e9rzi \u00fagy, hogy a nap v\u00e9g\u00e9n neh\u00e9z kikapcsolni \u00e9s magunk m\u00f6g\u00f6tt hagyni a mindennapok p\u00f6rg\u00e9s\u00e9t? A hars\u00e1ny f\u00e9nyek \u00e9s a szem\u00e9lytelen t\u00e1rgyak ritk\u00e1n seg\u00edtenek a relax\u00e1ci\u00f3ban. Ez a kis Glowybara l\u00e1mpa pont azt a lassabb, k\u00e9nyelmesebb \u00e9let\u00e9rz\u00e9st hozza el, amire egy f\u00e1raszt\u00f3 nap ut\u00e1n sz\u00fcks\u00e9g\u00fcnk van: puha f\u00e9nye \u00e9s bar\u00e1ts\u00e1gos alakja seg\u00edt lelass\u00edtani az id\u0151t, \u00e9s megnyugtat\u00f3 atmoszf\u00e9r\u00e1t teremt az olvas\u00e1shoz, medit\u00e1ci\u00f3hoz vagy a pihentet\u0151 alv\u00e1shoz.\n\nEz\u00e9rt fogod szeretni:\nIkonikus karakter: A kapibara a nyugalom szimb\u00f3luma, amely b\u00e1rmilyen k\u00f6rnyezetben azonnali j\u00f3kedvet \u00e9s b\u00e9kess\u00e9get \u00e1raszt.\nMeleg, biztons\u00e1gos f\u00e9ny: A burkolat l\u00e1gyan sz\u0171ri meg a vil\u00e1g\u00edt\u00e1st, \u00edgy nem zavarja a szemet, ide\u00e1lis \u00e9jszakai ir\u00e1nyf\u00e9nynek is.\nMin\u0151s\u00e9gi r\u00e9szletek: A karakter tetej\u00e9n pihen\u0151 v\u00f6r\u00f6s alma j\u00e1t\u00e9kos kontrasztot ad a tiszta feh\u00e9r testnek, kiemelve a pr\u00e9mium kivitelez\u00e9st.\nKompakt \u00e9s stabil: A k\u00f6r\u00fclbel\u00fcl 18 cm-es magass\u00e1g t\u00f6k\u00e9letes egyens\u00falyt teremt a l\u00e1tv\u00e1nyos dekor\u00e1ci\u00f3 \u00e9s a praktikus helykihaszn\u00e1l\u00e1s k\u00f6z\u00f6tt.\n \n\nTechnikai adatok:\nAnyag: Tart\u00f3s, pr\u00e9mium selyemf\u00e9ny\u0171 dekor\u00e1ci\u00f3s polimer\nMagass\u00e1g: Kb. 18 cm\nF\u00e9nyforr\u00e1s: Integr\u00e1lt, energiatakar\u00e9kos meleg feh\u00e9r vil\u00e1g\u00edt\u00e1s\nTiszt\u00edt\u00e1s: Sz\u00e1raz vagy enyh\u00e9n nedves mikrosz\u00e1las kend\u0151vel\nV\u00e1s\u00e1rl\u00f3ink mondt\u00e1k:\n\"Im\u00e1dom, ahogy ott \u00fcl az \u00e9jjeliszekr\u00e9nyemen! Olyan b\u00e9k\u00e9s az arca, hogy m\u00e1r r\u00e1n\u00e9zni is megnyugtat\u00f3, a f\u00e9nye pedig pont annyira er\u0151s, amennyire kell.\"\n\nGyakori k\u00e9rd\u00e9sek:\nMilyen t\u00edpus\u00fa f\u00e9nyt bocs\u00e1t ki?\nA l\u00e1mpa meleg feh\u00e9r t\u00f3nus\u00fa f\u00e9nnyel vil\u00e1g\u00edt, ami seg\u00edt a relax\u00e1ci\u00f3ban \u00e9s nem zavarja az elalv\u00e1st seg\u00edt\u0151 hormonok termel\u0151d\u00e9s\u00e9t.\n\nGyerekszob\u00e1ba is biztons\u00e1gos?\nTerm\u00e9szetesen! A modern technol\u00f3gi\u00e1nak k\u00f6sz\u00f6nhet\u0151en a l\u00e1mpa h\u00e1za nem forr\u00f3sodik fel, anyaga pedig stabil \u00e9s strapab\u00edr\u00f3.\n\n\nHordozhat\u00f3 a l\u00e1mpa?\nKompakt m\u00e9rete miatt k\u00f6nnyen \u00e1thelyezhet\u0151 a lak\u00e1s b\u00e1rmely pontj\u00e1ra, ahol \u00e9ppen egy kis extra nyugalomra van sz\u00fcks\u00e9g.\n\nMekkora a pontos m\u00e9rete?\nA l\u00e1mpa k\u00f6r\u00fclbel\u00fcl 18 cm magas, \u00edgy k\u00e9nyelmesen elf\u00e9r egy keskenyebb polcon vagy kisebb \u00e9jjeliszekr\u00e9nyen is.\n\nHogyan m\u0171k\u00f6dik a vil\u00e1g\u00edt\u00e1s?\nA k\u00e9sz\u00fcl\u00e9k egyszer\u0171en kezelhet\u0151, hossz\u00fa \u00e9lettartam\u00fa f\u00e9nyforr\u00e1ssal van felszerelve, amely \u00e9vekig tart\u00f3 b\u00e9k\u00e9s esti pillanatokat garant\u00e1l.\n\nLassuljon le \u00d6n is a Glowybara t\u00e1rsas\u00e1g\u00e1ban. Rendelje meg most a nyugalom sziget\u00e9t!","score":0,"formatted_price":"5 990 Ft","image_url":"https:\/\/www.meska.hu\/img\/product\/small\/c\/r\/crealitygifts_product_645553_260214211131_20665.jpeg","formatted_url":"https:\/\/www.meska.hu\/p5734210-bekes-kapibara-hangulatlampa-almaval-a-fejen","favourite":false,"in_stock":false,"avatar":"645553_avatar_1764524497.png","delete_from":0,"is_enhanced_background":false,"is_enhanced":false,"product_selection_started":false,"is_active":true,"image_webp_url":"https:\/\/www.meska.hu\/img\/product\/small\/c\/r\/crealitygifts_product_645553_260214211131_20665.webp"},{"id":"5833453","shop_id":"43575","user_id":"622009","shop_name":"nyuszikert","shop_zip":"9144","product_code":"5572439","product_name_old":null,"product_name":"Akril \u00e9jjeli f\u00e9ny- maci a holdon","category_string":"Baba - mama, \u00c9jszakai f\u00e9ny, Babaszoba dekor\u00e1ci\u00f3","technic_string":"Grav\u00edroz\u00e1s, pirogr\u00e1fia","category_1":"1735","category_2":"1761","category_3":"1466","category_4":"0","merged_category_1":null,"merged_category_2":null,"merged_category_3":null,"technic_1":"796","technic_2":"0","technic_3":"0","color_1":"513","color_2":"0","color_3":"0","product_description_old":null,"product_description":"Hozz var\u00e1zslatos hangulatot otthonodba ezekkel a st\u00edlusos \u00e9s egyedi akril\u00fcveg \u00e9jjeli f\u00e9nyekkel! Az \u00e1tl\u00e1tsz\u00f3 akril\u00fcveg alapanyag eleg\u00e1ns \u00e9s modern megjelen\u00e9st biztos\u00edt, mik\u00f6zben a finom LED vil\u00e1g\u00edt\u00e1s kellemes, l\u00e1gy f\u00e9nyt ad, megnyugtat\u00f3 hangulatot teremt, amely t\u00f6k\u00e9letes \u00e9jszakai k\u00eds\u00e9r\u0151k\u00e9nt szolg\u00e1l. Az akril\u00fcveg (plexi) tart\u00f3s \u00e9s k\u00f6nnyen tiszt\u00edthat\u00f3 anyag, amely nem t\u00f6rik k\u00f6nnyen. A l\u00e1mpa akkumul\u00e1torral m\u0171k\u00f6dik, melynek el\u0151nyei:\n\nHordozhat\u00f3 \u2013 b\u00e1rhol elhelyezhet\u0151 a lak\u00e1sban, nincs sz\u00fcks\u00e9g konnektorra.\n\nHossz\u00fa \u00fczemid\u0151 \u2013 ak\u00e1r 120 \u00f3r\u00e1n \u00e1t m\u0171k\u00f6dik egyetlen t\u00f6lt\u00e9ssel.\n\nK\u00e1belmentes kialak\u00edt\u00e1s \u2013 nincs \u00fatban vezet\u00e9k, biztons\u00e1gosabb \u00e9s eszt\u00e9tikusabb.\n\n\u00dajrat\u00f6lthet\u0151 akkumul\u00e1tor \u2013 k\u00f6rnyezetbar\u00e1t \u00e9s k\u00f6lts\u00e9ghat\u00e9kony, nincs sz\u00fcks\u00e9g elemekre.\n\nStabil f\u00e9nyer\u0151 \u2013 LED technol\u00f3gi\u00e1nak k\u00f6sz\u00f6nhet\u0151en energiatakar\u00e9kos \u00e9s tart\u00f3s f\u00e9nyt biztos\u00edt.\n\nSokoldal\u00fa felhaszn\u00e1l\u00e1s \u2013 ide\u00e1lis \u00e9jjeli f\u00e9nynek, dekor\u00e1ci\u00f3hoz vagy hangulatvil\u00e1g\u00edt\u00e1shoz.\n\nKompakt \u00e9s k\u00f6nny\u0171 \u2013 egyszer\u0171en mozgathat\u00f3 egyik helyis\u00e9gb\u0151l a m\u00e1sikba.\n\nT\u00f6bbf\u00e9le form\u00e1b\u00f3l \u00e9s mint\u00e1b\u00f3l v\u00e1laszthatsz, illetve a l\u00e1mp\u00e1kon megjelenhet a gyermeked neve \u00e9s sz\u00fclet\u00e9si vagy keresztel\u0151 d\u00e1tuma, hogy egy igaz\u00e1n szem\u00e9lyre szabott \u00e9jjeli f\u00e9nynek \u00f6r\u00fclhessetek.\n\nM\u00e9ret: kb. 15cm x 16cm\n\nAnyaga: 5 mm-es akril\u00fcveg (plexi) \u00e9s f\u00e1b\u00f3l k\u00e9sz\u00fclt LED talp\n\nVil\u00e1g\u00edt\u00e1s t\u00edpusa: LED\n\nT\u00f6k\u00e9letes v\u00e1laszt\u00e1s gyerekszob\u00e1ba vagy b\u00e1rmelyik helyis\u00e9gbe, ahol egy kis hangulatos vil\u00e1g\u00edt\u00e1st szeretn\u00e9l. Ide\u00e1lis aj\u00e1nd\u00e9k b\u00e1rmilyen alkalomra, legyen az babak\u00f6sz\u00f6nt\u0151, sz\u00fclet\u00e9snap, keresztel\u0151, kar\u00e1csony, vagy egyszer\u0171en csak egy kis meglepet\u00e9s.\n\nA csomag tartalma:\n\n1 db 5 mm-es akril\u00fcveg a v\u00e1lasztott mint\u00e1val \u00e9s adatokkal szem\u00e9lyre szabva\n1 db f\u00e1b\u00f3l k\u00e9sz\u00fclt LED talp\n1 db USB t\u00f6lt\u0151k\u00e1bel (a t\u00f6lt\u0151fej nem tartoz\u00e9k)","price":"10990.00","unit":"db","recommended":"0","status":"1","sponsored":"0","exp_notify":"0","own_material":"0","own_material_description_old":null,"own_material_description":"","jury":"0","jury_number":"","product_nature":"","meskaracsony":"0","create_date":"2026-02-14 20:50:36","shelve_id":"0","image":"nyuszikert_product_622009_250923103010_367866.jpeg","image_width":"480","image_height":"480","image_alt":"Akril \u00e9jjeli f\u00e9ny- maci a holdon, Hozz var\u00e1zslatos hangulatot otthonodba ezekkel a st\u00edlusos \u00e9s egyedi akril\u00fcveg \u00e9jjeli f\u00e9nyekkel! Az \u00e1..., Meska","image_title":"Akril \u00e9jjeli f\u00e9ny- maci a holdon, Meska","view_count":"218","favourite_count":"0","trending_score":"0","last2MonthFavouriteCount":"0","promotion":"0","giftcard_accept":"0","creditcard_accept":true,"enhanced_background":"0","domain":"meska","specific_customer_id":null,"specific_customer_name":null,"to_order_product":"1","to_order_product_time":"5","product_different":null,"product_different_description":"","vintage":"0","vintage_category_id":"0","recycled":"0","gemstone_id":"0","customizable":"1","type_category":"physical","zerowaste":"0","postage_price":"1290.00","shop_order":"0","has_category":"1","landing_pages":null,"microdata":{"number":73,"category":""},"title":"Akril \u00e9jjeli f\u00e9ny- maci a holdon","description":"Hozz var\u00e1zslatos hangulatot otthonodba ezekkel a st\u00edlusos \u00e9s egyedi akril\u00fcveg \u00e9jjeli f\u00e9nyekkel! Az \u00e1tl\u00e1tsz\u00f3 akril\u00fcveg alapanyag eleg\u00e1ns \u00e9s modern megjelen\u00e9st biztos\u00edt, mik\u00f6zben a finom LED vil\u00e1g\u00edt\u00e1s kellemes, l\u00e1gy f\u00e9nyt ad, megnyugtat\u00f3 hangulatot teremt, amely t\u00f6k\u00e9letes \u00e9jszakai k\u00eds\u00e9r\u0151k\u00e9nt szolg\u00e1l. Az akril\u00fcveg (plexi) tart\u00f3s \u00e9s k\u00f6nnyen tiszt\u00edthat\u00f3 anyag, amely nem t\u00f6rik k\u00f6nnyen. A l\u00e1mpa akkumul\u00e1torral m\u0171k\u00f6dik, melynek el\u0151nyei:\n\nHordozhat\u00f3 \u2013 b\u00e1rhol elhelyezhet\u0151 a lak\u00e1sban, nincs sz\u00fcks\u00e9g konnektorra.\n\nHossz\u00fa \u00fczemid\u0151 \u2013 ak\u00e1r 120 \u00f3r\u00e1n \u00e1t m\u0171k\u00f6dik egyetlen t\u00f6lt\u00e9ssel.\n\nK\u00e1belmentes kialak\u00edt\u00e1s \u2013 nincs \u00fatban vezet\u00e9k, biztons\u00e1gosabb \u00e9s eszt\u00e9tikusabb.\n\n\u00dajrat\u00f6lthet\u0151 akkumul\u00e1tor \u2013 k\u00f6rnyezetbar\u00e1t \u00e9s k\u00f6lts\u00e9ghat\u00e9kony, nincs sz\u00fcks\u00e9g elemekre.\n\nStabil f\u00e9nyer\u0151 \u2013 LED technol\u00f3gi\u00e1nak k\u00f6sz\u00f6nhet\u0151en energiatakar\u00e9kos \u00e9s tart\u00f3s f\u00e9nyt biztos\u00edt.\n\nSokoldal\u00fa felhaszn\u00e1l\u00e1s \u2013 ide\u00e1lis \u00e9jjeli f\u00e9nynek, dekor\u00e1ci\u00f3hoz vagy hangulatvil\u00e1g\u00edt\u00e1shoz.\n\nKompakt \u00e9s k\u00f6nny\u0171 \u2013 egyszer\u0171en mozgathat\u00f3 egyik helyis\u00e9gb\u0151l a m\u00e1sikba.\n\nT\u00f6bbf\u00e9le form\u00e1b\u00f3l \u00e9s mint\u00e1b\u00f3l v\u00e1laszthatsz, illetve a l\u00e1mp\u00e1kon megjelenhet a gyermeked neve \u00e9s sz\u00fclet\u00e9si vagy keresztel\u0151 d\u00e1tuma, hogy egy igaz\u00e1n szem\u00e9lyre szabott \u00e9jjeli f\u00e9nynek \u00f6r\u00fclhessetek.\n\nM\u00e9ret: kb. 15cm x 16cm\n\nAnyaga: 5 mm-es akril\u00fcveg (plexi) \u00e9s f\u00e1b\u00f3l k\u00e9sz\u00fclt LED talp\n\nVil\u00e1g\u00edt\u00e1s t\u00edpusa: LED\n\nT\u00f6k\u00e9letes v\u00e1laszt\u00e1s gyerekszob\u00e1ba vagy b\u00e1rmelyik helyis\u00e9gbe, ahol egy kis hangulatos vil\u00e1g\u00edt\u00e1st szeretn\u00e9l. Ide\u00e1lis aj\u00e1nd\u00e9k b\u00e1rmilyen alkalomra, legyen az babak\u00f6sz\u00f6nt\u0151, sz\u00fclet\u00e9snap, keresztel\u0151, kar\u00e1csony, vagy egyszer\u0171en csak egy kis meglepet\u00e9s.\n\nA csomag tartalma:\n\n1 db 5 mm-es akril\u00fcveg a v\u00e1lasztott mint\u00e1val \u00e9s adatokkal szem\u00e9lyre szabva\n1 db f\u00e1b\u00f3l k\u00e9sz\u00fclt LED talp\n1 db USB t\u00f6lt\u0151k\u00e1bel (a t\u00f6lt\u0151fej nem tartoz\u00e9k)","score":0,"formatted_price":"10 990 Ft","image_url":"https:\/\/www.meska.hu\/img\/product\/small\/n\/y\/nyuszikert_product_622009_250923103010_367866.jpeg","formatted_url":"https:\/\/www.meska.hu\/p5572439-akril-ejjeli-feny-maci-a-holdon","favourite":false,"in_stock":false,"avatar":"622009_avatar_1701843989.jpeg","delete_from":0,"is_enhanced_background":false,"is_enhanced":false,"product_selection_started":false,"is_active":true,"image_webp_url":"https:\/\/www.meska.hu\/img\/product\/small\/n\/y\/nyuszikert_product_622009_250923103010_367866.webp"},{"id":"6117553","shop_id":"31073","user_id":"233763","shop_name":"noH67BagS4U","shop_zip":"1181","product_code":"5734069","product_name_old":null,"product_name":"Din\u00f3 form\u00e1j\u00fa hangulatl\u00e1mpa babaszob\u00e1ba","category_string":"Baba - mama, Babaszoba dekor\u00e1ci\u00f3, \u00c9jszakai f\u00e9ny","technic_string":"Famegmunk\u00e1l\u00e1s","category_1":"1735","category_2":"1466","category_3":"1761","category_4":"0","merged_category_1":null,"merged_category_2":null,"merged_category_3":null,"technic_1":"478","technic_2":"0","technic_3":"0","color_1":"529","color_2":"0","color_3":"0","product_description_old":null,"product_description":"Din\u00f3 form\u00e1j\u00fa hangulatl\u00e1mpa babaszob\u00e1ba, polcra \u00e9s falra is helyezhet\u0151. LED vil\u00e1gyt\u00e1s, l\u00e1gy meleg f\u00e9nnyel, kapcsol\u00f3val, USB csatlakoz\u00f3val.\nA l\u00e1mpa 3 mm-es ny\u00edrfa lapb\u00f3l l\u00e9zerrel v\u00e1gott technik\u00e1val k\u00e9sz\u00fclt, akrilfest\u00e9kkel festve \u00e9s lakkozva k\u00fcld\u00f6m. Magass\u00e1ga 27-30 cm k\u00f6z\u00f6tt","price":"4700.00","unit":"db","recommended":"0","status":"1","sponsored":"0","exp_notify":"0","own_material":"0","own_material_description_old":null,"own_material_description":"","jury":"0","jury_number":"","product_nature":"","meskaracsony":"0","create_date":"2026-02-14 15:30:16","shelve_id":"69415","image":"noh67bags4u_product_233763_260214152502_13498.jpeg","image_width":"480","image_height":"480","image_alt":"Din\u00f3 form\u00e1j\u00fa hangulatl\u00e1mpa babaszob\u00e1ba, Din\u00f3 form\u00e1j\u00fa hangulatl\u00e1mpa babaszob\u00e1ba, polcra \u00e9s falra is helyezhet\u0151. LED vil\u00e1gyt\u00e1s, l\u00e1gy meleg f\u00e9n..., Meska","image_title":"Din\u00f3 form\u00e1j\u00fa hangulatl\u00e1mpa babaszob\u00e1ba, Meska","view_count":"40","favourite_count":"0","trending_score":"0","last2MonthFavouriteCount":"0","promotion":"0","giftcard_accept":"1","creditcard_accept":false,"enhanced_background":"0","domain":"meska","specific_customer_id":null,"specific_customer_name":null,"to_order_product":"1","to_order_product_time":"5","product_different":null,"product_different_description":"","vintage":"0","vintage_category_id":"0","recycled":"0","gemstone_id":"0","customizable":"0","type_category":"physical","zerowaste":"0","postage_price":"1290.00","shop_order":"0","has_category":"1","landing_pages":null,"microdata":{"number":74,"category":""},"title":"Din\u00f3 form\u00e1j\u00fa hangulatl\u00e1mpa babaszob\u00e1ba","description":"Din\u00f3 form\u00e1j\u00fa hangulatl\u00e1mpa babaszob\u00e1ba, polcra \u00e9s falra is helyezhet\u0151. LED vil\u00e1gyt\u00e1s, l\u00e1gy meleg f\u00e9nnyel, kapcsol\u00f3val, USB csatlakoz\u00f3val.\nA l\u00e1mpa 3 mm-es ny\u00edrfa lapb\u00f3l l\u00e9zerrel v\u00e1gott technik\u00e1val k\u00e9sz\u00fclt, akrilfest\u00e9kkel festve \u00e9s lakkozva k\u00fcld\u00f6m. Magass\u00e1ga 27-30 cm k\u00f6z\u00f6tt","score":0,"formatted_price":"4 700 Ft","image_url":"https:\/\/www.meska.hu\/img\/product\/small\/n\/o\/noh67bags4u_product_233763_260214152502_13498.jpeg","formatted_url":"https:\/\/www.meska.hu\/p5734069-dino-formaju-hangulatlampa-babaszobaba","favourite":false,"in_stock":false,"avatar":"vendeg233763_avatar_233763_1603188610.jpeg","delete_from":0,"is_enhanced_background":false,"is_enhanced":false,"product_selection_started":false,"is_active":true,"image_webp_url":"https:\/\/www.meska.hu\/img\/product\/small\/n\/o\/noh67bags4u_product_233763_260214152502_13498.webp"},{"id":"6117549","shop_id":"44970","user_id":"645553","shop_name":"CrealityGifts","shop_zip":"8083","product_code":"5734066","product_name_old":null,"product_name":"B\u00e1rsonyos f\u00e9ny\u0171 nyuszis \u00e9jjeli l\u00e1mpa \u00e9s gyerekszoba hangulatvil\u00e1g\u00edt\u00e1s","category_string":"Baba - mama, Babaszoba dekor\u00e1ci\u00f3, \u00c9jszakai f\u00e9ny","technic_string":"Mindenm\u00e1s","category_1":"1735","category_2":"1466","category_3":"1761","category_4":"0","merged_category_1":null,"merged_category_2":null,"merged_category_3":null,"technic_1":"493","technic_2":"0","technic_3":"0","color_1":"519","color_2":"0","color_3":"0","product_description_old":null,"product_description":"Vigyen megnyugtat\u00f3 b\u00e9k\u00e9t \u00e9s kedves mosolyt gyermeke szob\u00e1j\u00e1ba ezzel a k\u00fcl\u00f6nleges nyuszis hangulatvil\u00e1g\u00edt\u00e1ssal. Ez a l\u00e1gy, meleg f\u00e9nyt \u00e1raszt\u00f3 asztali l\u00e1mpa nem csup\u00e1n egy f\u00e9nyforr\u00e1s, hanem egy bar\u00e1ts\u00e1gos t\u00e1rs az esti mes\u00e9khez \u00e9s a pihentet\u0151 alv\u00e1shoz.\nLetisztult formavil\u00e1g\u00e1val \u00e9s az apr\u00f3 s\u00e1rgar\u00e9p\u00e1t szorongat\u00f3, im\u00e1dnival\u00f3 alakj\u00e1val b\u00e1rmely helyis\u00e9get azonnal bar\u00e1ts\u00e1gosabb\u00e1 \u00e9s \u00e9lettel telibb\u00e9 var\u00e1zsol.\n\nR\u00e9szletek\nN\u00e9vleges fesz\u00fclts\u00e9g: 240V, 50 Hz\nIzz\u00f3 t\u00edpusa: LED 5W (kiz\u00e1r\u00f3lag LED haszn\u00e1lhat\u00f3)\n\nB\u00e1rsonyos f\u00e9ny\u0171 nyuszis \u00e9jjeli l\u00e1mpa \u00e9s gyerekszoba hangulatvil\u00e1g\u00edt\u00e1s\nIsmer\u0151s az esti k\u00e9sz\u00fcl\u0151d\u00e9s neh\u00e9zs\u00e9ge, amikor a s\u00f6t\u00e9ts\u00e9gt\u0151l val\u00f3 f\u00e9lelem vagy a t\u00falzottan er\u0151s f\u00e9nyek megzavarj\u00e1k a nyugodt elalv\u00e1st? A legt\u00f6bb \u00e9jjeli l\u00e1mpa vagy t\u00fal rideg, vagy egyszer\u0171en nem illeszkedik a gyerekszoba bar\u00e1ts\u00e1gos atmoszf\u00e9r\u00e1j\u00e1ba. Ez a mosolyg\u00f3s nyuszi l\u00e1mpa megold\u00e1st ny\u00fajt a csendes pillanatokra: finom, sz\u0171rt f\u00e9nye biztons\u00e1g\u00e9rzetet ad a kicsiknek, mik\u00f6zben eleg\u00e1ns dekor\u00e1ci\u00f3k\u00e9nt szolg\u00e1l, amely m\u00e9g kikapcsolt \u00e1llapotban is mosolyt csal mindenki arc\u00e1ra.\n\nEz\u00e9rt fogod szeretni:\nMeleg, sz\u00f3rt f\u00e9ny: A speci\u00e1lis anyagszerkezet l\u00e1gyan \u00e1tereszti a f\u00e9nyt, \u00edgy nem vak\u00edt, \u00e9s ide\u00e1lis k\u00f6rnyezetet teremt az elalv\u00e1shoz.\nBar\u00e1ts\u00e1gos diz\u00e1jn: Az apr\u00f3 r\u00e9szletek, mint a narancss\u00e1rga s\u00e1rgar\u00e9pa \u00e9s a kedves arc\u00e9l, azonnal a csal\u00e1d kedvenc\u00e9v\u00e9 teszik.\nBiztons\u00e1gos kivitel: A stabil talpazat \u00e9s a lekerek\u00edtett form\u00e1k biztos\u00edtj\u00e1k, hogy a l\u00e1mpa b\u00e1rmilyen s\u00edk fel\u00fcleten, polcon vagy \u00e9jjeliszekr\u00e9nyen biztons\u00e1gosan meg\u00e1lljon.\nPr\u00e9mium tapint\u00e1s: A selymesen sima fel\u00fclet nemcsak vizu\u00e1lisan vonz\u00f3, de tart\u00f3ss\u00e1got \u00e9s min\u0151s\u00e9gi \u00e9rzetet is sug\u00e1roz.\n \n\nTechnikai adatok:\nAnyag: Pr\u00e9mium selyemf\u00e9ny\u0171, h\u0151\u00e1ll\u00f3 dekorpolimer\nF\u00e9nyforr\u00e1s: Energiatakar\u00e9kos, meleg feh\u00e9r t\u00f3nus\u00fa vil\u00e1g\u00edt\u00e1s\nMegjelen\u00e9s: Feh\u00e9r nyuszi test, fekete szemek \u00e9s narancss\u00e1rga s\u00e1rgar\u00e9pa\nTiszt\u00edt\u00e1s: Puha, sz\u00e1raz port\u00f6rl\u0151vel egyszer\u0171en tiszt\u00e1n tarthat\u00f3\nV\u00e1s\u00e1rl\u00f3ink mondt\u00e1k:\n\"V\u00e9gre tal\u00e1ltunk egy olyan l\u00e1mp\u00e1t, ami nem vil\u00e1g\u00edtja be az eg\u00e9sz szob\u00e1t \u00e9jszaka, de pont el\u00e9g f\u00e9nyt ad, ha a kisl\u00e1nyom fel\u00e9bredne. Nagyon h\u00e1l\u00e1sak vagyunk \u00e9rte!\"\n\nGyakori k\u00e9rd\u00e9sek:\nElemmel m\u0171k\u00f6dik vagy h\u00e1l\u00f3zatr\u00f3l?\nA l\u00e1mpa \u00fagy lett kialak\u00edtva, hogy k\u00e9nyelmesen haszn\u00e1lhat\u00f3 legyen, a pontos csatlakoz\u00e1si m\u00f3dot a csomagol\u00e1sban tal\u00e1lhat\u00f3 \u00fatmutat\u00f3 tartalmazza.\n\nMelegszik a l\u00e1mpa teste haszn\u00e1lat k\u00f6zben?\nNem, a modern \u00e9s energiatakar\u00e9kos technol\u00f3gi\u00e1nak k\u00f6sz\u00f6nhet\u0151en a k\u00fcls\u0151 burkolat h\u0171v\u00f6s marad, \u00edgy teljesen biztons\u00e1gos.\n\n\nHaszn\u00e1lhat\u00f3 olvas\u00f3l\u00e1mp\u00e1nak is?\nEls\u0151sorban hangulat- \u00e9s ir\u00e1nyf\u00e9nynek tervezt\u00fck az esti rutinhoz, de k\u00f6zvetlen k\u00f6zelr\u0151l elegend\u0151 f\u00e9nyt ad a k\u00f6z\u00f6s esti mes\u00e9l\u00e9shez is.\n\nMennyire strapab\u00edr\u00f3 az anyaga?\nA pr\u00e9mium alapanyag rugalmas \u00e9s \u00fct\u00e9s\u00e1ll\u00f3bb, mint a hagyom\u00e1nyos ker\u00e1mia vagy \u00fcveg dekor\u00e1ci\u00f3k, \u00edgy hossz\u00fa ideig a szoba d\u00edsze maradhat.\n\nMilyen sz\u00ednh\u0151m\u00e9rs\u00e9klet\u0171 a f\u00e9nye?\nKifejezetten meleg, s\u00e1rg\u00e1s t\u00f3nus\u00fa f\u00e9nnyel vil\u00e1g\u00edt, amely seg\u00edti a szervezet ellazul\u00e1s\u00e1t \u00e9s nem zavarja az alv\u00e1si ciklust.\n\nTeremtsen meghitt hangulatot otthon\u00e1ban. Rendelje meg most ezt a kedves t\u00e1rsat!","price":"5990.00","unit":"db","recommended":"0","status":"1","sponsored":"0","exp_notify":"0","own_material":"0","own_material_description_old":null,"own_material_description":"","jury":"0","jury_number":"","product_nature":"","meskaracsony":"0","create_date":"2026-02-14 15:22:46","shelve_id":"81568","image":"crealitygifts_product_645553_260214200427_073511.jpeg","image_width":"480","image_height":"480","image_alt":"B\u00e1rsonyos f\u00e9ny\u0171 nyuszis \u00e9jjeli l\u00e1mpa \u00e9s gyerekszoba hangulatvil\u00e1g\u00edt\u00e1s, Vigyen megnyugtat\u00f3 b\u00e9k\u00e9t \u00e9s kedves mosolyt gyermeke szob\u00e1j\u00e1ba ezzel a k\u00fcl\u00f6nleges nyuszis hangulatvil..., Meska","image_title":"B\u00e1rsonyos f\u00e9ny\u0171 nyuszis \u00e9jjeli l\u00e1mpa \u00e9s gyerekszoba hangulatvil\u00e1g\u00edt\u00e1s, Meska","view_count":"54","favourite_count":"0","trending_score":"0","last2MonthFavouriteCount":"0","promotion":"0","giftcard_accept":"0","creditcard_accept":true,"enhanced_background":"0","domain":"meska","specific_customer_id":null,"specific_customer_name":null,"to_order_product":"1","to_order_product_time":"3","product_different":null,"product_different_description":"","vintage":"0","vintage_category_id":"0","recycled":"0","gemstone_id":"0","customizable":"0","type_category":"physical","zerowaste":"0","postage_price":"2390.00","shop_order":"0","has_category":"1","landing_pages":null,"microdata":{"number":75,"category":""},"title":"B\u00e1rsonyos f\u00e9ny\u0171 nyuszis \u00e9jjeli l\u00e1mpa \u00e9s gyerekszoba hangulatvil\u00e1g\u00edt\u00e1s","description":"Vigyen megnyugtat\u00f3 b\u00e9k\u00e9t \u00e9s kedves mosolyt gyermeke szob\u00e1j\u00e1ba ezzel a k\u00fcl\u00f6nleges nyuszis hangulatvil\u00e1g\u00edt\u00e1ssal. Ez a l\u00e1gy, meleg f\u00e9nyt \u00e1raszt\u00f3 asztali l\u00e1mpa nem csup\u00e1n egy f\u00e9nyforr\u00e1s, hanem egy bar\u00e1ts\u00e1gos t\u00e1rs az esti mes\u00e9khez \u00e9s a pihentet\u0151 alv\u00e1shoz.\nLetisztult formavil\u00e1g\u00e1val \u00e9s az apr\u00f3 s\u00e1rgar\u00e9p\u00e1t szorongat\u00f3, im\u00e1dnival\u00f3 alakj\u00e1val b\u00e1rmely helyis\u00e9get azonnal bar\u00e1ts\u00e1gosabb\u00e1 \u00e9s \u00e9lettel telibb\u00e9 var\u00e1zsol.\n\nR\u00e9szletek\nN\u00e9vleges fesz\u00fclts\u00e9g: 240V, 50 Hz\nIzz\u00f3 t\u00edpusa: LED 5W (kiz\u00e1r\u00f3lag LED haszn\u00e1lhat\u00f3)\n\nB\u00e1rsonyos f\u00e9ny\u0171 nyuszis \u00e9jjeli l\u00e1mpa \u00e9s gyerekszoba hangulatvil\u00e1g\u00edt\u00e1s\nIsmer\u0151s az esti k\u00e9sz\u00fcl\u0151d\u00e9s neh\u00e9zs\u00e9ge, amikor a s\u00f6t\u00e9ts\u00e9gt\u0151l val\u00f3 f\u00e9lelem vagy a t\u00falzottan er\u0151s f\u00e9nyek megzavarj\u00e1k a nyugodt elalv\u00e1st? A legt\u00f6bb \u00e9jjeli l\u00e1mpa vagy t\u00fal rideg, vagy egyszer\u0171en nem illeszkedik a gyerekszoba bar\u00e1ts\u00e1gos atmoszf\u00e9r\u00e1j\u00e1ba. Ez a mosolyg\u00f3s nyuszi l\u00e1mpa megold\u00e1st ny\u00fajt a csendes pillanatokra: finom, sz\u0171rt f\u00e9nye biztons\u00e1g\u00e9rzetet ad a kicsiknek, mik\u00f6zben eleg\u00e1ns dekor\u00e1ci\u00f3k\u00e9nt szolg\u00e1l, amely m\u00e9g kikapcsolt \u00e1llapotban is mosolyt csal mindenki arc\u00e1ra.\n\nEz\u00e9rt fogod szeretni:\nMeleg, sz\u00f3rt f\u00e9ny: A speci\u00e1lis anyagszerkezet l\u00e1gyan \u00e1tereszti a f\u00e9nyt, \u00edgy nem vak\u00edt, \u00e9s ide\u00e1lis k\u00f6rnyezetet teremt az elalv\u00e1shoz.\nBar\u00e1ts\u00e1gos diz\u00e1jn: Az apr\u00f3 r\u00e9szletek, mint a narancss\u00e1rga s\u00e1rgar\u00e9pa \u00e9s a kedves arc\u00e9l, azonnal a csal\u00e1d kedvenc\u00e9v\u00e9 teszik.\nBiztons\u00e1gos kivitel: A stabil talpazat \u00e9s a lekerek\u00edtett form\u00e1k biztos\u00edtj\u00e1k, hogy a l\u00e1mpa b\u00e1rmilyen s\u00edk fel\u00fcleten, polcon vagy \u00e9jjeliszekr\u00e9nyen biztons\u00e1gosan meg\u00e1lljon.\nPr\u00e9mium tapint\u00e1s: A selymesen sima fel\u00fclet nemcsak vizu\u00e1lisan vonz\u00f3, de tart\u00f3ss\u00e1got \u00e9s min\u0151s\u00e9gi \u00e9rzetet is sug\u00e1roz.\n \n\nTechnikai adatok:\nAnyag: Pr\u00e9mium selyemf\u00e9ny\u0171, h\u0151\u00e1ll\u00f3 dekorpolimer\nF\u00e9nyforr\u00e1s: Energiatakar\u00e9kos, meleg feh\u00e9r t\u00f3nus\u00fa vil\u00e1g\u00edt\u00e1s\nMegjelen\u00e9s: Feh\u00e9r nyuszi test, fekete szemek \u00e9s narancss\u00e1rga s\u00e1rgar\u00e9pa\nTiszt\u00edt\u00e1s: Puha, sz\u00e1raz port\u00f6rl\u0151vel egyszer\u0171en tiszt\u00e1n tarthat\u00f3\nV\u00e1s\u00e1rl\u00f3ink mondt\u00e1k:\n\"V\u00e9gre tal\u00e1ltunk egy olyan l\u00e1mp\u00e1t, ami nem vil\u00e1g\u00edtja be az eg\u00e9sz szob\u00e1t \u00e9jszaka, de pont el\u00e9g f\u00e9nyt ad, ha a kisl\u00e1nyom fel\u00e9bredne. Nagyon h\u00e1l\u00e1sak vagyunk \u00e9rte!\"\n\nGyakori k\u00e9rd\u00e9sek:\nElemmel m\u0171k\u00f6dik vagy h\u00e1l\u00f3zatr\u00f3l?\nA l\u00e1mpa \u00fagy lett kialak\u00edtva, hogy k\u00e9nyelmesen haszn\u00e1lhat\u00f3 legyen, a pontos csatlakoz\u00e1si m\u00f3dot a csomagol\u00e1sban tal\u00e1lhat\u00f3 \u00fatmutat\u00f3 tartalmazza.\n\nMelegszik a l\u00e1mpa teste haszn\u00e1lat k\u00f6zben?\nNem, a modern \u00e9s energiatakar\u00e9kos technol\u00f3gi\u00e1nak k\u00f6sz\u00f6nhet\u0151en a k\u00fcls\u0151 burkolat h\u0171v\u00f6s marad, \u00edgy teljesen biztons\u00e1gos.\n\n\nHaszn\u00e1lhat\u00f3 olvas\u00f3l\u00e1mp\u00e1nak is?\nEls\u0151sorban hangulat- \u00e9s ir\u00e1nyf\u00e9nynek tervezt\u00fck az esti rutinhoz, de k\u00f6zvetlen k\u00f6zelr\u0151l elegend\u0151 f\u00e9nyt ad a k\u00f6z\u00f6s esti mes\u00e9l\u00e9shez is.\n\nMennyire strapab\u00edr\u00f3 az anyaga?\nA pr\u00e9mium alapanyag rugalmas \u00e9s \u00fct\u00e9s\u00e1ll\u00f3bb, mint a hagyom\u00e1nyos ker\u00e1mia vagy \u00fcveg dekor\u00e1ci\u00f3k, \u00edgy hossz\u00fa ideig a szoba d\u00edsze maradhat.\n\nMilyen sz\u00ednh\u0151m\u00e9rs\u00e9klet\u0171 a f\u00e9nye?\nKifejezetten meleg, s\u00e1rg\u00e1s t\u00f3nus\u00fa f\u00e9nnyel vil\u00e1g\u00edt, amely seg\u00edti a szervezet ellazul\u00e1s\u00e1t \u00e9s nem zavarja az alv\u00e1si ciklust.\n\nTeremtsen meghitt hangulatot otthon\u00e1ban. Rendelje meg most ezt a kedves t\u00e1rsat!","score":0,"formatted_price":"5 990 Ft","image_url":"https:\/\/www.meska.hu\/img\/product\/small\/c\/r\/crealitygifts_product_645553_260214200427_073511.jpeg","formatted_url":"https:\/\/www.meska.hu\/p5734066-szinatmenetes-fantazia-tojas-kapszula-nyuszifulekkel","favourite":false,"in_stock":false,"avatar":"645553_avatar_1764524497.png","delete_from":0,"is_enhanced_background":false,"is_enhanced":false,"product_selection_started":false,"is_active":true,"image_webp_url":"https:\/\/www.meska.hu\/img\/product\/small\/c\/r\/crealitygifts_product_645553_260214200427_073511.webp"},{"id":"5632508","shop_id":"45071","user_id":"638792","shop_name":"ArthKingDesign","shop_zip":"8900","product_code":"5459415","product_name_old":null,"product_name":"Cic\u00e1s \u00e9jszakai f\u00e9ny","category_string":"Baba - mama, Babaszoba dekor\u00e1ci\u00f3, \u00c9jszakai f\u00e9ny","technic_string":"","category_1":"1735","category_2":"1466","category_3":"1761","category_4":"0","merged_category_1":null,"merged_category_2":null,"merged_category_3":null,"technic_1":"0","technic_2":"0","technic_3":"0","color_1":"512","color_2":"514","color_3":"0","product_description_old":null,"product_description":"Cic\u00e1s \u00e9jszakai f\u00e9ny.\n\n32cm \u00e1tm\u00e9r\u0151j\u0171.\n2 db AA ceruza elemmel m\u0171k\u00f6dik.","price":"5000.00","unit":"db","recommended":"0","status":"1","sponsored":"0","exp_notify":"0","own_material":"0","own_material_description_old":null,"own_material_description":"","jury":"0","jury_number":"","product_nature":"","meskaracsony":"0","create_date":"2026-02-11 16:33:52","shelve_id":"0","image":"arthkingdesign_product_638792_241215121913_442276.jpeg","image_width":"480","image_height":"361","image_alt":"Cic\u00e1s \u00e9jszakai f\u00e9ny, Cic\u00e1s \u00e9jszakai f\u00e9ny.\\n\\n32cm \u00e1tm\u00e9r\u0151j\u0171.\\n2 db AA ceruza elemmel m\u0171k\u00f6dik., Meska","image_title":"Cic\u00e1s \u00e9jszakai f\u00e9ny, Meska","view_count":"657","favourite_count":"0","trending_score":"0","last2MonthFavouriteCount":"0","promotion":"0","giftcard_accept":"0","creditcard_accept":false,"enhanced_background":"0","domain":"meska","specific_customer_id":null,"specific_customer_name":null,"to_order_product":"1","to_order_product_time":"5","product_different":null,"product_different_description":"","vintage":"0","vintage_category_id":"0","recycled":"0","gemstone_id":"0","customizable":"0","type_category":"physical","zerowaste":"0","postage_price":"1290.00","shop_order":"0","has_category":"1","landing_pages":null,"microdata":{"number":76,"category":""},"title":"Cic\u00e1s \u00e9jszakai f\u00e9ny","description":"Cic\u00e1s \u00e9jszakai f\u00e9ny.\n\n32cm \u00e1tm\u00e9r\u0151j\u0171.\n2 db AA ceruza elemmel m\u0171k\u00f6dik.","score":0,"formatted_price":"5 000 Ft","image_url":"https:\/\/www.meska.hu\/img\/product\/small\/a\/r\/arthkingdesign_product_638792_241215121913_442276.jpeg","formatted_url":"https:\/\/www.meska.hu\/p5459415-cicas-ejszakai-feny","favourite":false,"in_stock":false,"avatar":"638792_avatar_1714026929.png","delete_from":0,"is_enhanced_background":false,"is_enhanced":false,"product_selection_started":false,"is_active":true,"image_webp_url":"https:\/\/www.meska.hu\/img\/product\/small\/a\/r\/arthkingdesign_product_638792_241215121913_442276.webp"},{"id":"5539076","shop_id":"44278","user_id":"635887","shop_name":"PompomManufaktura","shop_zip":"2045","product_code":"5410764","product_name_old":null,"product_name":"N\u00e9vre sz\u00f3l\u00f3 HOLD \u00e9jjeli f\u00e9ny - Pompom \u00e9jszakai vil\u00e1g\u00edt\u00e1s fali dekor\u00e1ci\u00f3 - Vil\u00e1g\u00edt\u00f3 pompon falid\u00edsz - Egyedi aj\u00e1nd\u00e9k","category_string":"Baba - mama, Babaszoba dekor\u00e1ci\u00f3, \u00c9jszakai f\u00e9ny","technic_string":"","category_1":"1735","category_2":"1466","category_3":"1761","category_4":"0","merged_category_1":null,"merged_category_2":null,"merged_category_3":null,"technic_1":"0","technic_2":"0","technic_3":"0","color_1":"519","color_2":"521","color_3":"529","product_description_old":null,"product_description":"N\u00e9vre sz\u00f3l\u00f3 pompom HOLD led-es \u00e9jszakai vil\u00e1g\u00edt\u00e1ssal - HOLD \u00e9jjeli f\u00e9ny\n\nEz a gyapj\u00fa pompomokkal d\u00edsz\u00edtett, 100%-ban term\u00e9szetes alapanyagokb\u00f3l k\u00e9sz\u00fclt dekor\u00e1ci\u00f3 a babaszoba, gyerekszoba fal\u00e1n nagyon \u00e9desen mutat.\nA sz\u00edneket te v\u00e1laszthatod ki, \u00edgy biztosan t\u00f6k\u00e9letesen passzolni fog gyermeked szob\u00e1j\u00e1ba a t\u00f6bbi d\u00edsz mell\u00e9.\n\nN\u00e9v n\u00e9lk\u00fcl is k\u00e9rheted. :) Ebben az esetben k\u00e9rlek a n\u00e9v n\u00e9lk\u00fcli holdat tedd a kosaradba. Mutatok p\u00e9ld\u00e1t, hogy \u00fagy milyen:\nhttps:\/\/www.meska.hu\/p5415112-hold-led-es-ejszakai-vilagitas-nevre-szolo-felirattal-is-kerheto\nhttps:\/\/www.meska.hu\/p5415162-hold-led-es-ejszakai-vilagitas-nevre-szolo-felirattal-is-kerheto\n\nAj\u00e1nd\u00e9k is lehet babav\u00e1r\u00f3 buliba, keresztel\u0151re, vagy csak \u00fagy. :)\n\nVagy, ha m\u00e1s form\u00e1t keresel, m\u00e9g ezek is \u00e9rdekelhetnek:\nhttps:\/\/www.meska.hu\/p5415041-felho-nevre-szolo-led-es-ejszakai-vilagitas\nhttps:\/\/www.meska.hu\/p5349834-nevre-szolo-alomfogo\nhttps:\/\/www.meska.hu\/p5415145-nevre-szolo-pompom-falidisz\nhttps:\/\/www.meska.hu\/p5410603-felho-led-es-ejszakai-vilagitassal-nevre-szolo-felirattal-is-kerheto\nhttps:\/\/www.meska.hu\/p5349833-nevre-szolo-pompom-zaszlo-girland-fuzer\n\n\nAnyaga: gyapj\u00fa, 100% pamut, nat\u00far fa\n\nM\u00e9retei: kb 28 cm x 80 cm\n\nV\u00e1s\u00e1rl\u00e1skor a fizet\u00e9s el\u0151tti megjegyz\u00e9s rovatban, k\u00e9rlek \u00edrd meg:\n\n- mi a n\u00e9v, amit a d\u00edszre k\u00e9rsz\n- milyen sz\u00edn\u0171 zsin\u00f3rb\u00f3l k\u00e9red a keresztnevet (a k\u00e9pek tal\u00e1lod a zsin\u00f3r sz\u00ednpalett\u00e1t)\n- mely sz\u00ednekb\u0151l k\u00e9red a pompomokat (a k\u00e9pek k\u00f6z\u00f6tt tal\u00e1lod a sz\u00ednpalett\u00e1t, \u00e9s azt javaslom max 4 sz\u00ednt v\u00e1lassz)\n- milyen sz\u00edn\u0171 legyen a hold (a k\u00e9pek k\u00f6z\u00f6tt tal\u00e1lod a zsin\u00f3r sz\u00ednpalett\u00e1t)\n\nA k\u00e9pen l\u00e1that\u00f3 hold sz\u00ednei:\n\n                   pompom: t\u00f6rtfeh\u00e9r, vil\u00e1gosk\u00e9k, sz\u00fcrk\u00e9sk\u00e9k, pasztell z\u00f6ld\n\n                   hold: sz\u00fcrk\u00e9sk\u00e9k\n\n                   n\u00e9v: feh\u00e9r","price":"11900.00","unit":"db","recommended":"0","status":"1","sponsored":"0","exp_notify":"0","own_material":"0","own_material_description_old":null,"own_material_description":"","jury":"0","jury_number":"","product_nature":"","meskaracsony":"0","create_date":"2026-02-09 23:17:16","shelve_id":"78148","image":"pompommanufaktura_product_635887_250209132616_263135.jpeg","image_width":"480","image_height":"511","image_alt":"N\u00e9vre sz\u00f3l\u00f3 HOLD \u00e9jjeli f\u00e9ny - Pompom \u00e9jszakai vil\u00e1g\u00edt\u00e1s fali dekor\u00e1ci\u00f3 - Vil\u00e1g\u00edt\u00f3 pompon falid\u00edsz - Egyedi aj\u00e1nd\u00e9k, N\u00e9vre sz\u00f3l\u00f3 pompom HOLD led-es \u00e9jszakai vil\u00e1g\u00edt\u00e1ssal - HOLD \u00e9jjeli f\u00e9ny\\n\\nEz a gyapj\u00fa pompomokkal d\u00eds..., Meska","image_title":"N\u00e9vre sz\u00f3l\u00f3 HOLD \u00e9jjeli f\u00e9ny - Pompom \u00e9jszakai vil\u00e1g\u00edt\u00e1s fali dekor\u00e1ci\u00f3 - Vil\u00e1g\u00edt\u00f3 pompon falid\u00edsz - Egyedi aj\u00e1nd\u00e9k, Meska","view_count":"629","favourite_count":"0","trending_score":"0","last2MonthFavouriteCount":"0","promotion":"0","giftcard_accept":"0","creditcard_accept":true,"enhanced_background":"0","domain":"meska","specific_customer_id":null,"specific_customer_name":null,"to_order_product":"1","to_order_product_time":"10","product_different":null,"product_different_description":"","vintage":"0","vintage_category_id":"0","recycled":"0","gemstone_id":"0","customizable":"1","type_category":"physical","zerowaste":"0","postage_price":"1290.00","shop_order":"26","has_category":"1","landing_pages":null,"microdata":{"number":77,"category":""},"title":"N\u00e9vre sz\u00f3l\u00f3 HOLD \u00e9jjeli f\u00e9ny - Pompom \u00e9jszakai vil\u00e1g\u00edt\u00e1s fali dekor\u00e1ci\u00f3 - Vil\u00e1g\u00edt\u00f3 pompon falid\u00edsz - Egyedi aj\u00e1nd\u00e9k","description":"N\u00e9vre sz\u00f3l\u00f3 pompom HOLD led-es \u00e9jszakai vil\u00e1g\u00edt\u00e1ssal - HOLD \u00e9jjeli f\u00e9ny\n\nEz a gyapj\u00fa pompomokkal d\u00edsz\u00edtett, 100%-ban term\u00e9szetes alapanyagokb\u00f3l k\u00e9sz\u00fclt dekor\u00e1ci\u00f3 a babaszoba, gyerekszoba fal\u00e1n nagyon \u00e9desen mutat.\nA sz\u00edneket te v\u00e1laszthatod ki, \u00edgy biztosan t\u00f6k\u00e9letesen passzolni fog gyermeked szob\u00e1j\u00e1ba a t\u00f6bbi d\u00edsz mell\u00e9.\n\nN\u00e9v n\u00e9lk\u00fcl is k\u00e9rheted. :) Ebben az esetben k\u00e9rlek a n\u00e9v n\u00e9lk\u00fcli holdat tedd a kosaradba. Mutatok p\u00e9ld\u00e1t, hogy \u00fagy milyen:\nhttps:\/\/www.meska.hu\/p5415112-hold-led-es-ejszakai-vilagitas-nevre-szolo-felirattal-is-kerheto\nhttps:\/\/www.meska.hu\/p5415162-hold-led-es-ejszakai-vilagitas-nevre-szolo-felirattal-is-kerheto\n\nAj\u00e1nd\u00e9k is lehet babav\u00e1r\u00f3 buliba, keresztel\u0151re, vagy csak \u00fagy. :)\n\nVagy, ha m\u00e1s form\u00e1t keresel, m\u00e9g ezek is \u00e9rdekelhetnek:\nhttps:\/\/www.meska.hu\/p5415041-felho-nevre-szolo-led-es-ejszakai-vilagitas\nhttps:\/\/www.meska.hu\/p5349834-nevre-szolo-alomfogo\nhttps:\/\/www.meska.hu\/p5415145-nevre-szolo-pompom-falidisz\nhttps:\/\/www.meska.hu\/p5410603-felho-led-es-ejszakai-vilagitassal-nevre-szolo-felirattal-is-kerheto\nhttps:\/\/www.meska.hu\/p5349833-nevre-szolo-pompom-zaszlo-girland-fuzer\n\n\nAnyaga: gyapj\u00fa, 100% pamut, nat\u00far fa\n\nM\u00e9retei: kb 28 cm x 80 cm\n\nV\u00e1s\u00e1rl\u00e1skor a fizet\u00e9s el\u0151tti megjegyz\u00e9s rovatban, k\u00e9rlek \u00edrd meg:\n\n- mi a n\u00e9v, amit a d\u00edszre k\u00e9rsz\n- milyen sz\u00edn\u0171 zsin\u00f3rb\u00f3l k\u00e9red a keresztnevet (a k\u00e9pek tal\u00e1lod a zsin\u00f3r sz\u00ednpalett\u00e1t)\n- mely sz\u00ednekb\u0151l k\u00e9red a pompomokat (a k\u00e9pek k\u00f6z\u00f6tt tal\u00e1lod a sz\u00ednpalett\u00e1t, \u00e9s azt javaslom max 4 sz\u00ednt v\u00e1lassz)\n- milyen sz\u00edn\u0171 legyen a hold (a k\u00e9pek k\u00f6z\u00f6tt tal\u00e1lod a zsin\u00f3r sz\u00ednpalett\u00e1t)\n\nA k\u00e9pen l\u00e1that\u00f3 hold sz\u00ednei:\n\n                   pompom: t\u00f6rtfeh\u00e9r, vil\u00e1gosk\u00e9k, sz\u00fcrk\u00e9sk\u00e9k, pasztell z\u00f6ld\n\n                   hold: sz\u00fcrk\u00e9sk\u00e9k\n\n                   n\u00e9v: feh\u00e9r","score":0,"formatted_price":"11 900 Ft","image_url":"https:\/\/www.meska.hu\/img\/product\/small\/p\/o\/pompommanufaktura_product_635887_250209132616_263135.jpeg","formatted_url":"https:\/\/www.meska.hu\/p5410764-hold-nevre-szolo-led-es-ejszakai-vilagitas","favourite":false,"in_stock":false,"avatar":"635887_avatar_1723475539.jpeg","delete_from":0,"is_enhanced_background":false,"is_enhanced":false,"product_selection_started":false,"is_active":true,"image_webp_url":"https:\/\/www.meska.hu\/img\/product\/small\/p\/o\/pompommanufaktura_product_635887_250209132616_263135.webp"},{"id":"5298539","shop_id":"44711","user_id":"641650","shop_name":"SzandiFilcKucko","shop_zip":"3200","product_code":"5266463","product_name_old":null,"product_name":"Vil\u00e1g\u00edt\u00f3 n\u00e9vre sz\u00f3l\u00f3 \u00e9jszakai f\u00e9ny, babaszoba , babak\u00f6sz\u00f6nt\u0151 aj\u00e1nd\u00e9k Marie cic\u00e1val, macival, unikornissal ","category_string":"Baba - mama, \u00c9jszakai f\u00e9ny, Babaszoba dekor\u00e1ci\u00f3","technic_string":"Varr\u00e1s","category_1":"1735","category_2":"1761","category_3":"1466","category_4":"0","merged_category_1":null,"merged_category_2":null,"merged_category_3":null,"technic_1":"506","technic_2":"0","technic_3":"0","color_1":"525","color_2":"527","color_3":"0","product_description_old":null,"product_description":"Filc anyagb\u00f3l k\u00e9sz\u00fclt kb 20x 45 cm , elemes l\u00e9ddel ell\u00e1tott, n\u00e9vre sz\u00f3l\u00f3 \u00e9jszaka f\u00e9ny. Baba \u00e9s gyermekszob\u00e1ba ide\u00e1lis elalv\u00e1s el\u0151tti hangulat vil\u00e1g\u00edt\u00e1snak. Akaszt\u00f3s, \u00edgy falra , baldachintart\u00f3ra, ajt\u00f3ra... stb. k\u00f6nnyed\u00e9n felakaszthat\u00f3.","price":"12490.00","unit":"db","recommended":"0","status":"1","sponsored":"0","exp_notify":"0","own_material":"0","own_material_description_old":null,"own_material_description":"","jury":"0","jury_number":"","product_nature":"","meskaracsony":"0","create_date":"2026-02-09 23:17:12","shelve_id":"0","image":"szandifilckucko_product_641650_240417093323_598176.jpeg","image_width":"480","image_height":"480","image_alt":"Vil\u00e1g\u00edt\u00f3 n\u00e9vre sz\u00f3l\u00f3 \u00e9jszakai f\u00e9ny, babaszoba , babak\u00f6sz\u00f6nt\u0151 aj\u00e1nd\u00e9k Marie cic\u00e1val, macival, unikornissal , Filc anyagb\u00f3l k\u00e9sz\u00fclt kb 20x 45 cm , elemes l\u00e9ddel ell\u00e1tott, n\u00e9vre sz\u00f3l\u00f3 \u00e9jszaka f\u00e9ny. Baba \u00e9s gyerm..., Meska","image_title":"Vil\u00e1g\u00edt\u00f3 n\u00e9vre sz\u00f3l\u00f3 \u00e9jszakai f\u00e9ny, babaszoba , babak\u00f6sz\u00f6nt\u0151 aj\u00e1nd\u00e9k Marie cic\u00e1val, macival, unikornissal , Meska","view_count":"734","favourite_count":"0","trending_score":"0","last2MonthFavouriteCount":"0","promotion":"0","giftcard_accept":"0","creditcard_accept":false,"enhanced_background":"0","domain":"meska","specific_customer_id":null,"specific_customer_name":null,"to_order_product":"1","to_order_product_time":"7","product_different":null,"product_different_description":"","vintage":"0","vintage_category_id":"0","recycled":"0","gemstone_id":"0","customizable":"1","type_category":"physical","zerowaste":"0","postage_price":"1500.00","shop_order":"0","has_category":"1","landing_pages":null,"microdata":{"number":78,"category":""},"title":"Vil\u00e1g\u00edt\u00f3 n\u00e9vre sz\u00f3l\u00f3 \u00e9jszakai f\u00e9ny, babaszoba , babak\u00f6sz\u00f6nt\u0151 aj\u00e1nd\u00e9k Marie cic\u00e1val, macival, unikornissal ","description":"Filc anyagb\u00f3l k\u00e9sz\u00fclt kb 20x 45 cm , elemes l\u00e9ddel ell\u00e1tott, n\u00e9vre sz\u00f3l\u00f3 \u00e9jszaka f\u00e9ny. Baba \u00e9s gyermekszob\u00e1ba ide\u00e1lis elalv\u00e1s el\u0151tti hangulat vil\u00e1g\u00edt\u00e1snak. Akaszt\u00f3s, \u00edgy falra , baldachintart\u00f3ra, ajt\u00f3ra... stb. k\u00f6nnyed\u00e9n felakaszthat\u00f3.","score":0,"formatted_price":"12 490 Ft","image_url":"https:\/\/www.meska.hu\/img\/product\/small\/s\/z\/szandifilckucko_product_641650_240417093323_598176.jpeg","formatted_url":"https:\/\/www.meska.hu\/p5266463-vilagito-nevre-szolo-ejszakai-feny-babaszoba-babakoszonto-ajandek-marie-cicaval-macival-unikornissal","favourite":false,"in_stock":false,"avatar":"641650_avatar_1710771980.png","delete_from":0,"is_enhanced_background":false,"is_enhanced":false,"product_selection_started":false,"is_active":true,"image_webp_url":"https:\/\/www.meska.hu\/img\/product\/small\/s\/z\/szandifilckucko_product_641650_240417093323_598176.webp"},{"id":"5695477","shop_id":"47866","user_id":"701523","shop_name":"LightboxMI","shop_zip":"2131","product_code":"5498307","product_name_old":null,"product_name":"Mesefigura vil\u00e1g\u00edt\u00f3 hangulatl\u00e1mpa. Lightbox","category_string":"Baba - mama, Babaszoba dekor\u00e1ci\u00f3, \u00c9jszakai f\u00e9ny","technic_string":"Mindenm\u00e1s","category_1":"1735","category_2":"1466","category_3":"1761","category_4":"0","merged_category_1":null,"merged_category_2":null,"merged_category_3":null,"technic_1":"493","technic_2":"0","technic_3":"0","color_1":"520","color_2":"523","color_3":"526","product_description_old":null,"product_description":"Egyedi mesefigura lightbox, hangulat l\u00e1mpa. Gyerekeknek \u00e9jszakai f\u00e9ny.\n\n\n3d nyomtatott  term\u00e9k. \n\nM\u00e9retek:  24  X 18  X  3 cm\n\u00d6sszeszerelt, egyb\u0151l haszn\u00e1lhat\u00f3.\nUSB-C csatlakoz\u00f3\nKapcsol\u00f3val kikapcsolhat\u00f3.\nFalra is akaszthat\u00f3.\n\u00c1ll\u00edthat\u00f3 f\u00e9nyer\u0151 a k\u00e9sz\u00fcl\u00e9k belsej\u00e9ben tal\u00e1lhat\u00f3 k\u00e9k potm\u00e9terrel.\nB\u00e1rmilyen USB kimenettel rendelkez\u0151 eszk\u00f6zre csatlakoztathat\u00f3:\nLaptop,  usb t\u00e1pegys\u00e9g, telefont\u00f6lt\u0151, akkupack, tablet\nK\u00e9rhet\u0151 Usb k\u00e1bellel is.\nANYAGA k\u00f6rnyezetbar\u00e1t PLA\n\nK\u00e9rhet\u0151 1,5 m usb-c k\u00e1bellel is.  +  1.500.- Ft.\n\n\n\n","price":"6900.00","unit":"db","recommended":"0","status":"1","sponsored":"0","exp_notify":"0","own_material":"0","own_material_description_old":null,"own_material_description":"","jury":"0","jury_number":"","product_nature":"","meskaracsony":"0","create_date":"2026-02-09 17:15:57","shelve_id":"0","image":"lightboxmi_product_701523_250214151232_909281.jpeg","image_width":"480","image_height":"567","image_alt":"Mesefigura vil\u00e1g\u00edt\u00f3 hangulatl\u00e1mpa. Lightbox, Egyedi mesefigura lightbox, hangulat l\u00e1mpa. Gyerekeknek \u00e9jszakai f\u00e9ny.\\n\\n\\n3d nyomtatott  term\u00e9k. \\n\\nM\u00e9..., Meska","image_title":"Mesefigura vil\u00e1g\u00edt\u00f3 hangulatl\u00e1mpa. Lightbox, Meska","view_count":"426","favourite_count":"0","trending_score":"0","last2MonthFavouriteCount":"0","promotion":"0","giftcard_accept":"0","creditcard_accept":true,"enhanced_background":"0","domain":"meska","specific_customer_id":null,"specific_customer_name":null,"to_order_product":"1","to_order_product_time":"2","product_different":null,"product_different_description":"","vintage":"0","vintage_category_id":"0","recycled":"0","gemstone_id":"0","customizable":"0","type_category":"physical","zerowaste":"0","postage_price":"1290.00","shop_order":"0","has_category":"1","landing_pages":null,"microdata":{"number":79,"category":""},"title":"Mesefigura vil\u00e1g\u00edt\u00f3 hangulatl\u00e1mpa. Lightbox","description":"Egyedi mesefigura lightbox, hangulat l\u00e1mpa. Gyerekeknek \u00e9jszakai f\u00e9ny.\n\n\n3d nyomtatott  term\u00e9k. \n\nM\u00e9retek:  24  X 18  X  3 cm\n\u00d6sszeszerelt, egyb\u0151l haszn\u00e1lhat\u00f3.\nUSB-C csatlakoz\u00f3\nKapcsol\u00f3val kikapcsolhat\u00f3.\nFalra is akaszthat\u00f3.\n\u00c1ll\u00edthat\u00f3 f\u00e9nyer\u0151 a k\u00e9sz\u00fcl\u00e9k belsej\u00e9ben tal\u00e1lhat\u00f3 k\u00e9k potm\u00e9terrel.\nB\u00e1rmilyen USB kimenettel rendelkez\u0151 eszk\u00f6zre csatlakoztathat\u00f3:\nLaptop,  usb t\u00e1pegys\u00e9g, telefont\u00f6lt\u0151, akkupack, tablet\nK\u00e9rhet\u0151 Usb k\u00e1bellel is.\nANYAGA k\u00f6rnyezetbar\u00e1t PLA\n\nK\u00e9rhet\u0151 1,5 m usb-c k\u00e1bellel is.  +  1.500.- Ft.\n\n\n\n","score":0,"formatted_price":"6 900 Ft","image_url":"https:\/\/www.meska.hu\/img\/product\/small\/l\/i\/lightboxmi_product_701523_250214151232_909281.jpeg","formatted_url":"https:\/\/www.meska.hu\/p5498307-mesefigura-vilagito-hangulatlampa-lightbox","favourite":false,"in_stock":false,"avatar":"701523_avatar_1737984224.png","delete_from":0,"is_enhanced_background":false,"is_enhanced":false,"product_selection_started":false,"is_active":true,"image_webp_url":"https:\/\/www.meska.hu\/img\/product\/small\/l\/i\/lightboxmi_product_701523_250214151232_909281.webp"},{"id":"6106657","shop_id":"51312","user_id":"507788","shop_name":"GZStudio","shop_zip":"9178","product_code":"5726923","product_name_old":null,"product_name":"Gyerekszoba dekor","category_string":"Baba - mama, Babaszoba dekor\u00e1ci\u00f3, \u00c9jszakai f\u00e9ny","technic_string":"Grav\u00edroz\u00e1s, pirogr\u00e1fia","category_1":"1735","category_2":"1466","category_3":"1761","category_4":"0","merged_category_1":null,"merged_category_2":null,"merged_category_3":null,"technic_1":"796","technic_2":"0","technic_3":"0","color_1":"525","color_2":"0","color_3":"0","product_description_old":null,"product_description":"Nem csak dekor. Hangulat is.\n\nEz a k\u00e9zzel k\u00e9sz\u00fclt, fa h\u0151l\u00e9gballon fali l\u00e1mpa nappal kedves gyerekszobai dekor, este pedig kellemes, hidegfeh\u00e9r f\u00e9ny\u00e9vel megnyugtat\u00f3 hangulatot teremt.\nT\u00f6k\u00e9letes v\u00e1laszt\u00e1s kisgyerekes szob\u00e1ba, olvas\u00e1shoz, esti mes\u00e9hez vagy halk \u00e9jszakai f\u00e9nyk\u00e9nt.\n\n\u2022 k\u00e9zzel k\u00e9sz\u00fclt fa dekor\n\u2022 falra szerelhet\u0151\n\u20225v-os t\u00f6lt\u0151vel m\u0171k\u00f6dik\n\u2022 letisztult, id\u0151t\u00e1ll\u00f3 design\n \nHa valami igaz\u00e1n k\u00fcl\u00f6nlegeset keresel a gyerekszob\u00e1ba, ami nem tucatterm\u00e9k, ez a l\u00e1mpa pont ilyen.\n39x28.5 cm\n\nM\u00e1s sz\u00ednekben is elk\u00e9sz\u00edtem\n","price":"14000.00","unit":"db","recommended":"0","status":"1","sponsored":"0","exp_notify":"0","own_material":"0","own_material_description_old":null,"own_material_description":"","jury":"0","jury_number":"","product_nature":"","meskaracsony":"0","create_date":"2026-02-06 22:40:55","shelve_id":"0","image":"gzstudio_product_507788_260130201330_142558.png","image_width":"480","image_height":"764","image_alt":"Gyerekszoba dekor, Nem csak dekor. Hangulat is.\\n\\nEz a k\u00e9zzel k\u00e9sz\u00fclt, fa h\u0151l\u00e9gballon fali l\u00e1mpa nappal kedves gyerekszo..., Meska","image_title":"Gyerekszoba dekor, Meska","view_count":"103","favourite_count":"0","trending_score":"0","last2MonthFavouriteCount":"0","promotion":"0","giftcard_accept":"0","creditcard_accept":false,"enhanced_background":"0","domain":"meska","specific_customer_id":null,"specific_customer_name":null,"to_order_product":"1","to_order_product_time":"7","product_different":null,"product_different_description":"","vintage":"0","vintage_category_id":"0","recycled":"0","gemstone_id":"0","customizable":"0","type_category":"physical","zerowaste":"0","postage_price":"1349.00","shop_order":"0","has_category":"1","landing_pages":null,"microdata":{"number":80,"category":""},"title":"Gyerekszoba dekor","description":"Nem csak dekor. Hangulat is.\n\nEz a k\u00e9zzel k\u00e9sz\u00fclt, fa h\u0151l\u00e9gballon fali l\u00e1mpa nappal kedves gyerekszobai dekor, este pedig kellemes, hidegfeh\u00e9r f\u00e9ny\u00e9vel megnyugtat\u00f3 hangulatot teremt.\nT\u00f6k\u00e9letes v\u00e1laszt\u00e1s kisgyerekes szob\u00e1ba, olvas\u00e1shoz, esti mes\u00e9hez vagy halk \u00e9jszakai f\u00e9nyk\u00e9nt.\n\n\u2022 k\u00e9zzel k\u00e9sz\u00fclt fa dekor\n\u2022 falra szerelhet\u0151\n\u20225v-os t\u00f6lt\u0151vel m\u0171k\u00f6dik\n\u2022 letisztult, id\u0151t\u00e1ll\u00f3 design\n \nHa valami igaz\u00e1n k\u00fcl\u00f6nlegeset keresel a gyerekszob\u00e1ba, ami nem tucatterm\u00e9k, ez a l\u00e1mpa pont ilyen.\n39x28.5 cm\n\nM\u00e1s sz\u00ednekben is elk\u00e9sz\u00edtem\n","score":0,"formatted_price":"14 000 Ft","image_url":"https:\/\/www.meska.hu\/img\/product\/small\/g\/z\/gzstudio_product_507788_260130201330_142558.png","formatted_url":"https:\/\/www.meska.hu\/p5726923-gyerekszoba-dekor","favourite":false,"in_stock":false,"avatar":"507788_avatar_1767097667.png","delete_from":0,"is_enhanced_background":false,"is_enhanced":false,"product_selection_started":false,"is_active":true,"image_webp_url":"https:\/\/www.meska.hu\/img\/product\/small\/g\/z\/gzstudio_product_507788_260130201330_142558.webp"},{"id":"5538910","shop_id":"44278","user_id":"635887","shop_name":"PompomManufaktura","shop_zip":"2045","product_code":"5410603","product_name_old":null,"product_name":"Vil\u00e1g\u00edt\u00f3 FELH\u0150 \u00e9jjeli f\u00e9ny - Pompom \u00e9jszakai vil\u00e1g\u00edt\u00e1s fali d\u00edsz  - Pompon \u00e9jjeli l\u00e1mpa - Egyedi aj\u00e1nd\u00e9k","category_string":"Baba - mama, Babaszoba dekor\u00e1ci\u00f3, \u00c9jszakai f\u00e9ny","technic_string":"","category_1":"1735","category_2":"1466","category_3":"1761","category_4":"0","merged_category_1":null,"merged_category_2":null,"merged_category_3":null,"technic_1":"0","technic_2":"0","technic_3":"0","color_1":"515","color_2":"519","color_3":"525","product_description_old":null,"product_description":"Pompom FELH\u0150 led-es \u00e9jszakai vil\u00e1g\u00edt\u00e1ssal - FELH\u0150 \u00e9jjeli f\u00e9ny \n\n\nEz a gyapj\u00fa pompomokkal d\u00edsz\u00edtett, 100%-ban term\u00e9szetes alapanyagokb\u00f3l k\u00e9sz\u00fclt dekor\u00e1ci\u00f3 a babaszoba, gyerekszoba fal\u00e1n nagyon \u00e9desen mutat.\nA sz\u00edneket te v\u00e1laszthatod ki, \u00edgy biztosan t\u00f6k\u00e9letesen passzolni fog gyermeked szob\u00e1j\u00e1ba a t\u00f6bbi d\u00edsz mell\u00e9.\n\nN\u00e9vre sz\u00f3l\u00f3 felirattal is k\u00e9rheted. :) A keresztn\u00e9v felirat: + 3000 Ft. Ebben az esetben k\u00e9rlek a n\u00e9vre sz\u00f3l\u00f3 felh\u0151t tedd a kosaradba. \nMutatok p\u00e9ld\u00e1t, hogy \u00fagy milyen:\nhttps:\/\/www.meska.hu\/p5410746-felho-nevre-szolo-led-es-ejszakai-vilagitas\nhttps:\/\/www.meska.hu\/p5415041-felho-nevre-szolo-led-es-ejszakai-vilagitas\n\nAj\u00e1nd\u00e9k is lehet babav\u00e1r\u00f3 buliba, keresztel\u0151re, vagy csak \u00fagy. :)\n\nVagy, ha m\u00e1s form\u00e1t keresel, m\u00e9g ezek is \u00e9rdekelhetnek:\nhttps:\/\/www.meska.hu\/p5410764-hold-nevre-szolo-led-es-ejszakai-vilagitas\nhttps:\/\/www.meska.hu\/p5349834-nevre-szolo-alomfogo\nhttps:\/\/www.meska.hu\/p5415145-nevre-szolo-pompom-falidisz\nhttps:\/\/www.meska.hu\/p5415162-hold-led-es-ejszakai-vilagitas-nevre-szolo-felirattal-is-kerheto\nhttps:\/\/www.meska.hu\/p5349833-nevre-szolo-pompom-zaszlo-girland-fuzer\n\n\n\nAnyaga: gyapj\u00fa, 100% pamut, nat\u00far fa\n\nM\u00e9retei: kb 28 cm x 58 cm\n\nV\u00e1s\u00e1rl\u00e1skor a fizet\u00e9s el\u0151tti megjegyz\u00e9s rovatban, k\u00e9rlek \u00edrd meg:\n\n- mely sz\u00ednekb\u0151l k\u00e9red a pompomokat (a k\u00e9pek k\u00f6z\u00f6tt tal\u00e1lod a sz\u00ednpalett\u00e1t, \u00e9s azt javaslom max 4 sz\u00ednt v\u00e1lassz)\n- milyen sz\u00edn\u0171 legyen a felh\u0151 (a k\u00e9pek k\u00f6z\u00f6tt tal\u00e1lod a zsin\u00f3r sz\u00ednpalett\u00e1t)\n\nA k\u00e9pen l\u00e1that\u00f3 felh\u0151 sz\u00ednei:\n\n                   pompom: kr\u00e9m, b\u00e9zs, p\u00fader\n\n                   felh\u0151: b\u00e9zs\n\n           ","price":"9900.00","unit":"db","recommended":"0","status":"1","sponsored":"0","exp_notify":"0","own_material":"0","own_material_description_old":null,"own_material_description":"","jury":"0","jury_number":"","product_nature":"","meskaracsony":"0","create_date":"2026-02-06 10:51:12","shelve_id":"78148","image":"pompommanufaktura_product_635887_250202100711_28857.jpeg","image_width":"480","image_height":"511","image_alt":"Vil\u00e1g\u00edt\u00f3 FELH\u0150 \u00e9jjeli f\u00e9ny - Pompom \u00e9jszakai vil\u00e1g\u00edt\u00e1s fali d\u00edsz  - Pompon \u00e9jjeli l\u00e1mpa - Egyedi aj\u00e1nd\u00e9k, Pompom FELH\u0150 led-es \u00e9jszakai vil\u00e1g\u00edt\u00e1ssal - FELH\u0150 \u00e9jjeli f\u00e9ny \\n\\n\\nEz a gyapj\u00fa pompomokkal d\u00edsz\u00edtett, ..., Meska","image_title":"Vil\u00e1g\u00edt\u00f3 FELH\u0150 \u00e9jjeli f\u00e9ny - Pompom \u00e9jszakai vil\u00e1g\u00edt\u00e1s fali d\u00edsz  - Pompon \u00e9jjeli l\u00e1mpa - Egyedi aj\u00e1nd\u00e9k, Meska","view_count":"759","favourite_count":"0","trending_score":"0","last2MonthFavouriteCount":"0","promotion":"0","giftcard_accept":"0","creditcard_accept":true,"enhanced_background":"0","domain":"meska","specific_customer_id":null,"specific_customer_name":null,"to_order_product":"1","to_order_product_time":"10","product_different":null,"product_different_description":"","vintage":"0","vintage_category_id":"0","recycled":"0","gemstone_id":"0","customizable":"1","type_category":"physical","zerowaste":"0","postage_price":"1290.00","shop_order":"16","has_category":"1","landing_pages":null,"microdata":{"number":81,"category":""},"title":"Vil\u00e1g\u00edt\u00f3 FELH\u0150 \u00e9jjeli f\u00e9ny - Pompom \u00e9jszakai vil\u00e1g\u00edt\u00e1s fali d\u00edsz  - Pompon \u00e9jjeli l\u00e1mpa - Egyedi aj\u00e1nd\u00e9k","description":"Pompom FELH\u0150 led-es \u00e9jszakai vil\u00e1g\u00edt\u00e1ssal - FELH\u0150 \u00e9jjeli f\u00e9ny \n\n\nEz a gyapj\u00fa pompomokkal d\u00edsz\u00edtett, 100%-ban term\u00e9szetes alapanyagokb\u00f3l k\u00e9sz\u00fclt dekor\u00e1ci\u00f3 a babaszoba, gyerekszoba fal\u00e1n nagyon \u00e9desen mutat.\nA sz\u00edneket te v\u00e1laszthatod ki, \u00edgy biztosan t\u00f6k\u00e9letesen passzolni fog gyermeked szob\u00e1j\u00e1ba a t\u00f6bbi d\u00edsz mell\u00e9.\n\nN\u00e9vre sz\u00f3l\u00f3 felirattal is k\u00e9rheted. :) A keresztn\u00e9v felirat: + 3000 Ft. Ebben az esetben k\u00e9rlek a n\u00e9vre sz\u00f3l\u00f3 felh\u0151t tedd a kosaradba. \nMutatok p\u00e9ld\u00e1t, hogy \u00fagy milyen:\nhttps:\/\/www.meska.hu\/p5410746-felho-nevre-szolo-led-es-ejszakai-vilagitas\nhttps:\/\/www.meska.hu\/p5415041-felho-nevre-szolo-led-es-ejszakai-vilagitas\n\nAj\u00e1nd\u00e9k is lehet babav\u00e1r\u00f3 buliba, keresztel\u0151re, vagy csak \u00fagy. :)\n\nVagy, ha m\u00e1s form\u00e1t keresel, m\u00e9g ezek is \u00e9rdekelhetnek:\nhttps:\/\/www.meska.hu\/p5410764-hold-nevre-szolo-led-es-ejszakai-vilagitas\nhttps:\/\/www.meska.hu\/p5349834-nevre-szolo-alomfogo\nhttps:\/\/www.meska.hu\/p5415145-nevre-szolo-pompom-falidisz\nhttps:\/\/www.meska.hu\/p5415162-hold-led-es-ejszakai-vilagitas-nevre-szolo-felirattal-is-kerheto\nhttps:\/\/www.meska.hu\/p5349833-nevre-szolo-pompom-zaszlo-girland-fuzer\n\n\n\nAnyaga: gyapj\u00fa, 100% pamut, nat\u00far fa\n\nM\u00e9retei: kb 28 cm x 58 cm\n\nV\u00e1s\u00e1rl\u00e1skor a fizet\u00e9s el\u0151tti megjegyz\u00e9s rovatban, k\u00e9rlek \u00edrd meg:\n\n- mely sz\u00ednekb\u0151l k\u00e9red a pompomokat (a k\u00e9pek k\u00f6z\u00f6tt tal\u00e1lod a sz\u00ednpalett\u00e1t, \u00e9s azt javaslom max 4 sz\u00ednt v\u00e1lassz)\n- milyen sz\u00edn\u0171 legyen a felh\u0151 (a k\u00e9pek k\u00f6z\u00f6tt tal\u00e1lod a zsin\u00f3r sz\u00ednpalett\u00e1t)\n\nA k\u00e9pen l\u00e1that\u00f3 felh\u0151 sz\u00ednei:\n\n                   pompom: kr\u00e9m, b\u00e9zs, p\u00fader\n\n                   felh\u0151: b\u00e9zs\n\n           ","score":0,"formatted_price":"9 900 Ft","image_url":"https:\/\/www.meska.hu\/img\/product\/small\/p\/o\/pompommanufaktura_product_635887_250202100711_28857.jpeg","formatted_url":"https:\/\/www.meska.hu\/p5410603-felho-led-es-ejszakai-vilagitassal-nevre-szolo-felirattal-is-kerheto","favourite":false,"in_stock":false,"avatar":"635887_avatar_1723475539.jpeg","delete_from":0,"is_enhanced_background":false,"is_enhanced":false,"product_selection_started":false,"is_active":true,"image_webp_url":"https:\/\/www.meska.hu\/img\/product\/small\/p\/o\/pompommanufaktura_product_635887_250202100711_28857.webp"},{"id":"5491211","shop_id":"43575","user_id":"622009","shop_name":"nyuszikert","shop_zip":"9144","product_code":"5377653","product_name_old":null,"product_name":"Akril \u00e9jjeli- r\u00f3ka \u00e9s borz","category_string":"Baba - mama, \u00c9jszakai f\u00e9ny, Babaszoba dekor\u00e1ci\u00f3","technic_string":"Grav\u00edroz\u00e1s, pirogr\u00e1fia","category_1":"1735","category_2":"1761","category_3":"1466","category_4":"0","merged_category_1":null,"merged_category_2":null,"merged_category_3":null,"technic_1":"796","technic_2":"0","technic_3":"0","color_1":"513","color_2":"0","color_3":"0","product_description_old":null,"product_description":"Hozz var\u00e1zslatos hangulatot otthonodba ezekkel a st\u00edlusos \u00e9s egyedi akril\u00fcveg \u00e9jjeli f\u00e9nyekkel! Az \u00e1tl\u00e1tsz\u00f3 akril\u00fcveg alapanyag eleg\u00e1ns \u00e9s modern megjelen\u00e9st biztos\u00edt, mik\u00f6zben a finom LED vil\u00e1g\u00edt\u00e1s kellemes, l\u00e1gy f\u00e9nyt ad, megnyugtat\u00f3 hangulatot teremt, amely t\u00f6k\u00e9letes \u00e9jszakai k\u00eds\u00e9r\u0151k\u00e9nt szolg\u00e1l. Az akril\u00fcveg (plexi) tart\u00f3s \u00e9s k\u00f6nnyen tiszt\u00edthat\u00f3 anyag, amely nem t\u00f6rik k\u00f6nnyen. A l\u00e1mpa akkumul\u00e1torral m\u0171k\u00f6dik, melynek el\u0151nyei:\n\nHordozhat\u00f3 \u2013 b\u00e1rhol elhelyezhet\u0151 a lak\u00e1sban, nincs sz\u00fcks\u00e9g konnektorra.\n\nHossz\u00fa \u00fczemid\u0151 \u2013 ak\u00e1r 120 \u00f3r\u00e1n \u00e1t m\u0171k\u00f6dik egyetlen t\u00f6lt\u00e9ssel.\n\nK\u00e1belmentes kialak\u00edt\u00e1s \u2013 nincs \u00fatban vezet\u00e9k, biztons\u00e1gosabb \u00e9s eszt\u00e9tikusabb.\n\n\u00dajrat\u00f6lthet\u0151 akkumul\u00e1tor \u2013 k\u00f6rnyezetbar\u00e1t \u00e9s k\u00f6lts\u00e9ghat\u00e9kony, nincs sz\u00fcks\u00e9g elemekre.\n\nStabil f\u00e9nyer\u0151 \u2013 LED technol\u00f3gi\u00e1nak k\u00f6sz\u00f6nhet\u0151en energiatakar\u00e9kos \u00e9s tart\u00f3s f\u00e9nyt biztos\u00edt.\n\nSokoldal\u00fa felhaszn\u00e1l\u00e1s \u2013 ide\u00e1lis \u00e9jjeli f\u00e9nynek, dekor\u00e1ci\u00f3hoz vagy hangulatvil\u00e1g\u00edt\u00e1shoz.\n\nKompakt \u00e9s k\u00f6nny\u0171 \u2013 egyszer\u0171en mozgathat\u00f3 egyik helyis\u00e9gb\u0151l a m\u00e1sikba.\n\nT\u00f6bbf\u00e9le form\u00e1b\u00f3l \u00e9s mint\u00e1b\u00f3l v\u00e1laszthatsz, illetve a l\u00e1mp\u00e1kon megjelenhet a gyermeked neve \u00e9s sz\u00fclet\u00e9si vagy keresztel\u0151 d\u00e1tuma, hogy egy igaz\u00e1n szem\u00e9lyre szabott \u00e9jjeli f\u00e9nynek \u00f6r\u00fclhessetek.\n\nM\u00e9ret: kb. 15cm x 16cm\n\nAnyaga: 5 mm-es akril\u00fcveg (plexi) \u00e9s f\u00e1b\u00f3l k\u00e9sz\u00fclt LED talp\n\nVil\u00e1g\u00edt\u00e1s t\u00edpusa: LED\n\nT\u00f6k\u00e9letes v\u00e1laszt\u00e1s gyerekszob\u00e1ba vagy b\u00e1rmelyik helyis\u00e9gbe, ahol egy kis hangulatos vil\u00e1g\u00edt\u00e1st szeretn\u00e9l. Ide\u00e1lis aj\u00e1nd\u00e9k b\u00e1rmilyen alkalomra, legyen az babak\u00f6sz\u00f6nt\u0151, sz\u00fclet\u00e9snap, keresztel\u0151, kar\u00e1csony, vagy egyszer\u0171en csak egy kis meglepet\u00e9s.\n\nA csomag tartalma:\n\n1 db 5 mm-es akril\u00fcveg a v\u00e1lasztott mint\u00e1val \u00e9s adatokkal szem\u00e9lyre szabva\n1 db f\u00e1b\u00f3l k\u00e9sz\u00fclt LED talp\n1 db USB t\u00f6lt\u0151k\u00e1bel (a t\u00f6lt\u0151fej nem tartoz\u00e9k)","price":"10990.00","unit":"db","recommended":"0","status":"1","sponsored":"0","exp_notify":"0","own_material":"0","own_material_description_old":null,"own_material_description":"","jury":"0","jury_number":"","product_nature":"","meskaracsony":"0","create_date":"2026-02-05 17:07:59","shelve_id":"0","image":"nyuszikert_product_622009_250923102309_39771.jpeg","image_width":"480","image_height":"480","image_alt":"Akril \u00e9jjeli- r\u00f3ka \u00e9s borz, Hozz var\u00e1zslatos hangulatot otthonodba ezekkel a st\u00edlusos \u00e9s egyedi akril\u00fcveg \u00e9jjeli f\u00e9nyekkel! Az \u00e1..., Meska","image_title":"Akril \u00e9jjeli- r\u00f3ka \u00e9s borz, Meska","view_count":"407","favourite_count":"0","trending_score":"0","last2MonthFavouriteCount":"0","promotion":"0","giftcard_accept":"0","creditcard_accept":true,"enhanced_background":"0","domain":"meska","specific_customer_id":null,"specific_customer_name":null,"to_order_product":"1","to_order_product_time":"5","product_different":null,"product_different_description":"","vintage":"0","vintage_category_id":"0","recycled":"0","gemstone_id":"0","customizable":"1","type_category":"physical","zerowaste":"0","postage_price":"2390.00","shop_order":"0","has_category":"1","landing_pages":null,"microdata":{"number":82,"category":""},"title":"Akril \u00e9jjeli- r\u00f3ka \u00e9s borz","description":"Hozz var\u00e1zslatos hangulatot otthonodba ezekkel a st\u00edlusos \u00e9s egyedi akril\u00fcveg \u00e9jjeli f\u00e9nyekkel! Az \u00e1tl\u00e1tsz\u00f3 akril\u00fcveg alapanyag eleg\u00e1ns \u00e9s modern megjelen\u00e9st biztos\u00edt, mik\u00f6zben a finom LED vil\u00e1g\u00edt\u00e1s kellemes, l\u00e1gy f\u00e9nyt ad, megnyugtat\u00f3 hangulatot teremt, amely t\u00f6k\u00e9letes \u00e9jszakai k\u00eds\u00e9r\u0151k\u00e9nt szolg\u00e1l. Az akril\u00fcveg (plexi) tart\u00f3s \u00e9s k\u00f6nnyen tiszt\u00edthat\u00f3 anyag, amely nem t\u00f6rik k\u00f6nnyen. A l\u00e1mpa akkumul\u00e1torral m\u0171k\u00f6dik, melynek el\u0151nyei:\n\nHordozhat\u00f3 \u2013 b\u00e1rhol elhelyezhet\u0151 a lak\u00e1sban, nincs sz\u00fcks\u00e9g konnektorra.\n\nHossz\u00fa \u00fczemid\u0151 \u2013 ak\u00e1r 120 \u00f3r\u00e1n \u00e1t m\u0171k\u00f6dik egyetlen t\u00f6lt\u00e9ssel.\n\nK\u00e1belmentes kialak\u00edt\u00e1s \u2013 nincs \u00fatban vezet\u00e9k, biztons\u00e1gosabb \u00e9s eszt\u00e9tikusabb.\n\n\u00dajrat\u00f6lthet\u0151 akkumul\u00e1tor \u2013 k\u00f6rnyezetbar\u00e1t \u00e9s k\u00f6lts\u00e9ghat\u00e9kony, nincs sz\u00fcks\u00e9g elemekre.\n\nStabil f\u00e9nyer\u0151 \u2013 LED technol\u00f3gi\u00e1nak k\u00f6sz\u00f6nhet\u0151en energiatakar\u00e9kos \u00e9s tart\u00f3s f\u00e9nyt biztos\u00edt.\n\nSokoldal\u00fa felhaszn\u00e1l\u00e1s \u2013 ide\u00e1lis \u00e9jjeli f\u00e9nynek, dekor\u00e1ci\u00f3hoz vagy hangulatvil\u00e1g\u00edt\u00e1shoz.\n\nKompakt \u00e9s k\u00f6nny\u0171 \u2013 egyszer\u0171en mozgathat\u00f3 egyik helyis\u00e9gb\u0151l a m\u00e1sikba.\n\nT\u00f6bbf\u00e9le form\u00e1b\u00f3l \u00e9s mint\u00e1b\u00f3l v\u00e1laszthatsz, illetve a l\u00e1mp\u00e1kon megjelenhet a gyermeked neve \u00e9s sz\u00fclet\u00e9si vagy keresztel\u0151 d\u00e1tuma, hogy egy igaz\u00e1n szem\u00e9lyre szabott \u00e9jjeli f\u00e9nynek \u00f6r\u00fclhessetek.\n\nM\u00e9ret: kb. 15cm x 16cm\n\nAnyaga: 5 mm-es akril\u00fcveg (plexi) \u00e9s f\u00e1b\u00f3l k\u00e9sz\u00fclt LED talp\n\nVil\u00e1g\u00edt\u00e1s t\u00edpusa: LED\n\nT\u00f6k\u00e9letes v\u00e1laszt\u00e1s gyerekszob\u00e1ba vagy b\u00e1rmelyik helyis\u00e9gbe, ahol egy kis hangulatos vil\u00e1g\u00edt\u00e1st szeretn\u00e9l. Ide\u00e1lis aj\u00e1nd\u00e9k b\u00e1rmilyen alkalomra, legyen az babak\u00f6sz\u00f6nt\u0151, sz\u00fclet\u00e9snap, keresztel\u0151, kar\u00e1csony, vagy egyszer\u0171en csak egy kis meglepet\u00e9s.\n\nA csomag tartalma:\n\n1 db 5 mm-es akril\u00fcveg a v\u00e1lasztott mint\u00e1val \u00e9s adatokkal szem\u00e9lyre szabva\n1 db f\u00e1b\u00f3l k\u00e9sz\u00fclt LED talp\n1 db USB t\u00f6lt\u0151k\u00e1bel (a t\u00f6lt\u0151fej nem tartoz\u00e9k)","score":0,"formatted_price":"10 990 Ft","image_url":"https:\/\/www.meska.hu\/img\/product\/small\/n\/y\/nyuszikert_product_622009_250923102309_39771.jpeg","formatted_url":"https:\/\/www.meska.hu\/p5377653-akril-ejjeli-roka-es-borz","favourite":false,"in_stock":false,"avatar":"622009_avatar_1701843989.jpeg","delete_from":0,"is_enhanced_background":false,"is_enhanced":false,"product_selection_started":false,"is_active":true,"image_webp_url":"https:\/\/www.meska.hu\/img\/product\/small\/n\/y\/nyuszikert_product_622009_250923102309_39771.webp"},{"id":"5269756","shop_id":"44711","user_id":"641650","shop_name":"SzandiFilcKucko","shop_zip":"3200","product_code":"5249370","product_name_old":null,"product_name":"Vil\u00e1g\u00edt\u00f3 n\u00e9vre sz\u00f3l\u00f3 \u00e9jszakai f\u00e9ny, babaszoba d\u00edsz, babak\u00f6sz\u00f6nt\u0151 aj\u00e1nd\u00e9k, H\u00e1rom macival vil\u00e1g\u00edt\u00f3 holdal, felh\u0151kkel","category_string":"Baba - mama, \u00c9jszakai f\u00e9ny, Babaszoba dekor\u00e1ci\u00f3","technic_string":"Varr\u00e1s","category_1":"1735","category_2":"1761","category_3":"1466","category_4":"0","merged_category_1":null,"merged_category_2":null,"merged_category_3":null,"technic_1":"506","technic_2":"0","technic_3":"0","color_1":"514","color_2":"521","color_3":"525","product_description_old":null,"product_description":"Filc anyagb\u00f3l k\u00e9sz\u00fclt kb 20x 45 cm , elemes l\u00e9ddel ell\u00e1tott, n\u00e9vre sz\u00f3l\u00f3 \u00e9jszaka f\u00e9ny. Baba \u00e9s gyermekszob\u00e1ba ide\u00e1lis elalv\u00e1s el\u0151tti hangulat vil\u00e1g\u00edt\u00e1snak. Akaszt\u00f3s, \u00edgy falra , baldachintart\u00f3ra, ajt\u00f3ra... stb. k\u00f6nnyed\u00e9n felakaszthat\u00f3.","price":"12990.00","unit":"db","recommended":"0","status":"1","sponsored":"0","exp_notify":"0","own_material":"0","own_material_description_old":null,"own_material_description":"","jury":"0","jury_number":"","product_nature":"","meskaracsony":"0","create_date":"2026-02-04 19:37:31","shelve_id":"0","image":"szandifilckucko_product_641650_240318154655_44436.jpeg","image_width":"480","image_height":"480","image_alt":"Vil\u00e1g\u00edt\u00f3 n\u00e9vre sz\u00f3l\u00f3 \u00e9jszakai f\u00e9ny, babaszoba d\u00edsz, babak\u00f6sz\u00f6nt\u0151 aj\u00e1nd\u00e9k, H\u00e1rom macival vil\u00e1g\u00edt\u00f3 holdal, felh\u0151kkel, Filc anyagb\u00f3l k\u00e9sz\u00fclt kb 20x 45 cm , elemes l\u00e9ddel ell\u00e1tott, n\u00e9vre sz\u00f3l\u00f3 \u00e9jszaka f\u00e9ny. Baba \u00e9s gyerm..., Meska","image_title":"Vil\u00e1g\u00edt\u00f3 n\u00e9vre sz\u00f3l\u00f3 \u00e9jszakai f\u00e9ny, babaszoba d\u00edsz, babak\u00f6sz\u00f6nt\u0151 aj\u00e1nd\u00e9k, H\u00e1rom macival vil\u00e1g\u00edt\u00f3 holdal, felh\u0151kkel, Meska","view_count":"1411","favourite_count":"0","trending_score":"0","last2MonthFavouriteCount":"0","promotion":"0","giftcard_accept":"0","creditcard_accept":false,"enhanced_background":"0","domain":"meska","specific_customer_id":null,"specific_customer_name":null,"to_order_product":"1","to_order_product_time":"7","product_different":null,"product_different_description":"","vintage":"0","vintage_category_id":"0","recycled":"0","gemstone_id":"0","customizable":"1","type_category":"physical","zerowaste":"0","postage_price":"1500.00","shop_order":"0","has_category":"1","landing_pages":null,"microdata":{"number":83,"category":""},"title":"Vil\u00e1g\u00edt\u00f3 n\u00e9vre sz\u00f3l\u00f3 \u00e9jszakai f\u00e9ny, babaszoba d\u00edsz, babak\u00f6sz\u00f6nt\u0151 aj\u00e1nd\u00e9k, H\u00e1rom macival vil\u00e1g\u00edt\u00f3 holdal, felh\u0151kkel","description":"Filc anyagb\u00f3l k\u00e9sz\u00fclt kb 20x 45 cm , elemes l\u00e9ddel ell\u00e1tott, n\u00e9vre sz\u00f3l\u00f3 \u00e9jszaka f\u00e9ny. Baba \u00e9s gyermekszob\u00e1ba ide\u00e1lis elalv\u00e1s el\u0151tti hangulat vil\u00e1g\u00edt\u00e1snak. Akaszt\u00f3s, \u00edgy falra , baldachintart\u00f3ra, ajt\u00f3ra... stb. k\u00f6nnyed\u00e9n felakaszthat\u00f3.","score":0,"formatted_price":"12 990 Ft","image_url":"https:\/\/www.meska.hu\/img\/product\/small\/s\/z\/szandifilckucko_product_641650_240318154655_44436.jpeg","formatted_url":"https:\/\/www.meska.hu\/p5249370-vilagito-nevre-szolo-ejszakai-feny-babaszoba-disz-babakoszonto-ajandek-harom-macival-vilagito-oldal-felhokkel","favourite":false,"in_stock":false,"avatar":"641650_avatar_1710771980.png","delete_from":0,"is_enhanced_background":false,"is_enhanced":false,"product_selection_started":false,"is_active":true,"image_webp_url":"https:\/\/www.meska.hu\/img\/product\/small\/s\/z\/szandifilckucko_product_641650_240318154655_44436.webp"},{"id":"5435635","shop_id":"43575","user_id":"622009","shop_name":"nyuszikert","shop_zip":"9144","product_code":"5344248","product_name_old":null,"product_name":"Akril \u00e9jjeli f\u00e9ny szafari \u00e1llatokkal","category_string":"Baba - mama, \u00c9jszakai f\u00e9ny, Babaszoba dekor\u00e1ci\u00f3","technic_string":"Grav\u00edroz\u00e1s, pirogr\u00e1fia","category_1":"1735","category_2":"1761","category_3":"1466","category_4":"0","merged_category_1":null,"merged_category_2":null,"merged_category_3":null,"technic_1":"796","technic_2":"0","technic_3":"0","color_1":"513","color_2":"0","color_3":"0","product_description_old":null,"product_description":"Hozz var\u00e1zslatos hangulatot otthonodba ezekkel a st\u00edlusos \u00e9s egyedi akril\u00fcveg \u00e9jjeli f\u00e9nyekkel! Az \u00e1tl\u00e1tsz\u00f3 akril\u00fcveg alapanyag eleg\u00e1ns \u00e9s modern megjelen\u00e9st biztos\u00edt, mik\u00f6zben a finom LED vil\u00e1g\u00edt\u00e1s kellemes, l\u00e1gy f\u00e9nyt ad, megnyugtat\u00f3 hangulatot teremt, amely t\u00f6k\u00e9letes \u00e9jszakai k\u00eds\u00e9r\u0151k\u00e9nt szolg\u00e1l. Az akril\u00fcveg (plexi) tart\u00f3s \u00e9s k\u00f6nnyen tiszt\u00edthat\u00f3 anyag, amely nem t\u00f6rik k\u00f6nnyen. A l\u00e1mpa akkumul\u00e1torral m\u0171k\u00f6dik, melynek el\u0151nyei:\n\nHordozhat\u00f3 \u2013 b\u00e1rhol elhelyezhet\u0151 a lak\u00e1sban, nincs sz\u00fcks\u00e9g konnektorra.\n\nHossz\u00fa \u00fczemid\u0151 \u2013 ak\u00e1r 120 \u00f3r\u00e1n \u00e1t m\u0171k\u00f6dik egyetlen t\u00f6lt\u00e9ssel.\n\nK\u00e1belmentes kialak\u00edt\u00e1s \u2013 nincs \u00fatban vezet\u00e9k, biztons\u00e1gosabb \u00e9s eszt\u00e9tikusabb.\n\n\u00dajrat\u00f6lthet\u0151 akkumul\u00e1tor \u2013 k\u00f6rnyezetbar\u00e1t \u00e9s k\u00f6lts\u00e9ghat\u00e9kony, nincs sz\u00fcks\u00e9g elemekre.\n\nStabil f\u00e9nyer\u0151 \u2013 LED technol\u00f3gi\u00e1nak k\u00f6sz\u00f6nhet\u0151en energiatakar\u00e9kos \u00e9s tart\u00f3s f\u00e9nyt biztos\u00edt.\n\nSokoldal\u00fa felhaszn\u00e1l\u00e1s \u2013 ide\u00e1lis \u00e9jjeli f\u00e9nynek, dekor\u00e1ci\u00f3hoz vagy hangulatvil\u00e1g\u00edt\u00e1shoz.\n\nKompakt \u00e9s k\u00f6nny\u0171 \u2013 egyszer\u0171en mozgathat\u00f3 egyik helyis\u00e9gb\u0151l a m\u00e1sikba.\n\nT\u00f6bbf\u00e9le form\u00e1b\u00f3l \u00e9s mint\u00e1b\u00f3l v\u00e1laszthatsz, illetve a l\u00e1mp\u00e1kon megjelenhet a gyermeked neve \u00e9s sz\u00fclet\u00e9si vagy keresztel\u0151 d\u00e1tuma, hogy egy igaz\u00e1n szem\u00e9lyre szabott \u00e9jjeli f\u00e9nynek \u00f6r\u00fclhessetek.\n\nM\u00e9ret: kb. 15cm x 16cm\n\nAnyaga: 5 mm-es akril\u00fcveg (plexi) \u00e9s f\u00e1b\u00f3l k\u00e9sz\u00fclt LED talp\n\nVil\u00e1g\u00edt\u00e1s t\u00edpusa: LED\n\nT\u00f6k\u00e9letes v\u00e1laszt\u00e1s gyerekszob\u00e1ba vagy b\u00e1rmelyik helyis\u00e9gbe, ahol egy kis hangulatos vil\u00e1g\u00edt\u00e1st szeretn\u00e9l. Ide\u00e1lis aj\u00e1nd\u00e9k b\u00e1rmilyen alkalomra, legyen az babak\u00f6sz\u00f6nt\u0151, sz\u00fclet\u00e9snap, keresztel\u0151, kar\u00e1csony, vagy egyszer\u0171en csak egy kis meglepet\u00e9s.\n\nA csomag tartalma:\n\n1 db 5 mm-es akril\u00fcveg a v\u00e1lasztott mint\u00e1val \u00e9s adatokkal szem\u00e9lyre szabva\n1 db f\u00e1b\u00f3l k\u00e9sz\u00fclt LED talp\n1 db USB t\u00f6lt\u0151k\u00e1bel (a t\u00f6lt\u0151fej nem tartoz\u00e9k)","price":"10990.00","unit":"db","recommended":"0","status":"1","sponsored":"0","exp_notify":"0","own_material":"0","own_material_description_old":null,"own_material_description":"","jury":"0","jury_number":"","product_nature":"","meskaracsony":"0","create_date":"2026-02-04 17:35:02","shelve_id":"0","image":"nyuszikert_product_622009_250923103131_150593.jpeg","image_width":"480","image_height":"480","image_alt":"Akril \u00e9jjeli f\u00e9ny szafari \u00e1llatokkal, Hozz var\u00e1zslatos hangulatot otthonodba ezekkel a st\u00edlusos \u00e9s egyedi akril\u00fcveg \u00e9jjeli f\u00e9nyekkel! Az \u00e1..., Meska","image_title":"Akril \u00e9jjeli f\u00e9ny szafari \u00e1llatokkal, Meska","view_count":"614","favourite_count":"0","trending_score":"0","last2MonthFavouriteCount":"0","promotion":"0","giftcard_accept":"0","creditcard_accept":true,"enhanced_background":"0","domain":"meska","specific_customer_id":null,"specific_customer_name":null,"to_order_product":"1","to_order_product_time":"5","product_different":null,"product_different_description":"","vintage":"0","vintage_category_id":"0","recycled":"0","gemstone_id":"0","customizable":"1","type_category":"physical","zerowaste":"0","postage_price":"1290.00","shop_order":"0","has_category":"1","landing_pages":"Kar\u00e1csonyi aj\u00e1nd\u00e9kok, Kar\u00e1csonyi aj\u00e1nd\u00e9kok","microdata":{"number":84,"category":""},"title":"Akril \u00e9jjeli f\u00e9ny szafari \u00e1llatokkal","description":"Hozz var\u00e1zslatos hangulatot otthonodba ezekkel a st\u00edlusos \u00e9s egyedi akril\u00fcveg \u00e9jjeli f\u00e9nyekkel! Az \u00e1tl\u00e1tsz\u00f3 akril\u00fcveg alapanyag eleg\u00e1ns \u00e9s modern megjelen\u00e9st biztos\u00edt, mik\u00f6zben a finom LED vil\u00e1g\u00edt\u00e1s kellemes, l\u00e1gy f\u00e9nyt ad, megnyugtat\u00f3 hangulatot teremt, amely t\u00f6k\u00e9letes \u00e9jszakai k\u00eds\u00e9r\u0151k\u00e9nt szolg\u00e1l. Az akril\u00fcveg (plexi) tart\u00f3s \u00e9s k\u00f6nnyen tiszt\u00edthat\u00f3 anyag, amely nem t\u00f6rik k\u00f6nnyen. A l\u00e1mpa akkumul\u00e1torral m\u0171k\u00f6dik, melynek el\u0151nyei:\n\nHordozhat\u00f3 \u2013 b\u00e1rhol elhelyezhet\u0151 a lak\u00e1sban, nincs sz\u00fcks\u00e9g konnektorra.\n\nHossz\u00fa \u00fczemid\u0151 \u2013 ak\u00e1r 120 \u00f3r\u00e1n \u00e1t m\u0171k\u00f6dik egyetlen t\u00f6lt\u00e9ssel.\n\nK\u00e1belmentes kialak\u00edt\u00e1s \u2013 nincs \u00fatban vezet\u00e9k, biztons\u00e1gosabb \u00e9s eszt\u00e9tikusabb.\n\n\u00dajrat\u00f6lthet\u0151 akkumul\u00e1tor \u2013 k\u00f6rnyezetbar\u00e1t \u00e9s k\u00f6lts\u00e9ghat\u00e9kony, nincs sz\u00fcks\u00e9g elemekre.\n\nStabil f\u00e9nyer\u0151 \u2013 LED technol\u00f3gi\u00e1nak k\u00f6sz\u00f6nhet\u0151en energiatakar\u00e9kos \u00e9s tart\u00f3s f\u00e9nyt biztos\u00edt.\n\nSokoldal\u00fa felhaszn\u00e1l\u00e1s \u2013 ide\u00e1lis \u00e9jjeli f\u00e9nynek, dekor\u00e1ci\u00f3hoz vagy hangulatvil\u00e1g\u00edt\u00e1shoz.\n\nKompakt \u00e9s k\u00f6nny\u0171 \u2013 egyszer\u0171en mozgathat\u00f3 egyik helyis\u00e9gb\u0151l a m\u00e1sikba.\n\nT\u00f6bbf\u00e9le form\u00e1b\u00f3l \u00e9s mint\u00e1b\u00f3l v\u00e1laszthatsz, illetve a l\u00e1mp\u00e1kon megjelenhet a gyermeked neve \u00e9s sz\u00fclet\u00e9si vagy keresztel\u0151 d\u00e1tuma, hogy egy igaz\u00e1n szem\u00e9lyre szabott \u00e9jjeli f\u00e9nynek \u00f6r\u00fclhessetek.\n\nM\u00e9ret: kb. 15cm x 16cm\n\nAnyaga: 5 mm-es akril\u00fcveg (plexi) \u00e9s f\u00e1b\u00f3l k\u00e9sz\u00fclt LED talp\n\nVil\u00e1g\u00edt\u00e1s t\u00edpusa: LED\n\nT\u00f6k\u00e9letes v\u00e1laszt\u00e1s gyerekszob\u00e1ba vagy b\u00e1rmelyik helyis\u00e9gbe, ahol egy kis hangulatos vil\u00e1g\u00edt\u00e1st szeretn\u00e9l. Ide\u00e1lis aj\u00e1nd\u00e9k b\u00e1rmilyen alkalomra, legyen az babak\u00f6sz\u00f6nt\u0151, sz\u00fclet\u00e9snap, keresztel\u0151, kar\u00e1csony, vagy egyszer\u0171en csak egy kis meglepet\u00e9s.\n\nA csomag tartalma:\n\n1 db 5 mm-es akril\u00fcveg a v\u00e1lasztott mint\u00e1val \u00e9s adatokkal szem\u00e9lyre szabva\n1 db f\u00e1b\u00f3l k\u00e9sz\u00fclt LED talp\n1 db USB t\u00f6lt\u0151k\u00e1bel (a t\u00f6lt\u0151fej nem tartoz\u00e9k)","score":0,"formatted_price":"10 990 Ft","image_url":"https:\/\/www.meska.hu\/img\/product\/small\/n\/y\/nyuszikert_product_622009_250923103131_150593.jpeg","formatted_url":"https:\/\/www.meska.hu\/p5344248-akril-ejjeli-feny-szafari-allatokkal","favourite":false,"in_stock":false,"avatar":"622009_avatar_1701843989.jpeg","delete_from":0,"is_enhanced_background":false,"is_enhanced":false,"product_selection_started":false,"is_active":true,"image_webp_url":"https:\/\/www.meska.hu\/img\/product\/small\/n\/y\/nyuszikert_product_622009_250923103131_150593.webp"},{"id":"5925731","shop_id":"43575","user_id":"622009","shop_name":"nyuszikert","shop_zip":"9144","product_code":"5622409","product_name_old":null,"product_name":"Akril \u00e9jjeli f\u00e9ny nyomtatott mint\u00e1val- t\u00fcnd\u00e9rkert","category_string":"Baba - mama, \u00c9jszakai f\u00e9ny, Babaszoba dekor\u00e1ci\u00f3","technic_string":"Mindenm\u00e1s","category_1":"1735","category_2":"1761","category_3":"1466","category_4":"0","merged_category_1":null,"merged_category_2":null,"merged_category_3":null,"technic_1":"493","technic_2":"0","technic_3":"0","color_1":"513","color_2":"0","color_3":"0","product_description_old":null,"product_description":"Var\u00e1zsolj meghitt hangulatot otthonodba ezekkel az eleg\u00e1ns akril\u00fcveg \u00e9jjeli f\u00e9nyekkel!\nA mint\u00e1k UV nyomtat\u00e1ssal k\u00e9sz\u00fclnek, \u00edgy rendk\u00edv\u00fcl r\u00e9szletgazdagok, \u00e9l\u00e9nk sz\u00edn\u0171ek \u00e9s tart\u00f3sak \u2013 nem kopnak, nem fakulnak, hossz\u00fa \u00e9veken \u00e1t meg\u0151rzik sz\u00e9ps\u00e9g\u00fcket.\n\nMi\u00e9rt fogod szeretni?\n\nHordozhat\u00f3 \u00e9s k\u00e1belmentes \u2013 b\u00e1rhol elhelyezheted.\n\nAk\u00e1r 120 \u00f3r\u00e1s \u00fczemid\u0151 egyetlen t\u00f6lt\u00e9ssel.\n\n\u00dajrat\u00f6lthet\u0151 akkumul\u00e1tor \u2013 k\u00f6rnyezetbar\u00e1t \u00e9s k\u00f6lts\u00e9ghat\u00e9kony.\n\nLED vil\u00e1g\u00edt\u00e1s \u2013 energiatakar\u00e9kos, stabil \u00e9s kellemes f\u00e9ny.\n\nSzem\u00e9lyre szabhat\u00f3 n\u00e9vvel, d\u00e1tummal \u00e9s mint\u00e1val.\n\nAdatok:\n\nM\u00e9ret: kb. 15 \u00d7 16 cm\n\nAnyag: 5 mm akril\u00fcveg + fa LED talp\n\nVil\u00e1g\u00edt\u00e1s: LED\n\nT\u00f6k\u00e9letes aj\u00e1nd\u00e9k babak\u00f6sz\u00f6nt\u0151re, sz\u00fclet\u00e9snapra, keresztel\u0151re vagy kar\u00e1csonyra.\n\nCsomag tartalma:\n\u2714 1 db akril\u00fcveg UV nyomtatott mint\u00e1val\n\u2714 1 db fa LED talp\n\u2714 1 db USB t\u00f6lt\u0151k\u00e1bel (t\u00f6lt\u0151fej n\u00e9lk\u00fcl)","price":"11990.00","unit":"db","recommended":"0","status":"1","sponsored":"0","exp_notify":"0","own_material":"0","own_material_description_old":null,"own_material_description":"","jury":"0","jury_number":"","product_nature":"","meskaracsony":"0","create_date":"2026-02-04 11:31:23","shelve_id":"0","image":"nyuszikert_product_622009_250923110617_163378.jpeg","image_width":"480","image_height":"480","image_alt":"Akril \u00e9jjeli f\u00e9ny nyomtatott mint\u00e1val- t\u00fcnd\u00e9rkert, Var\u00e1zsolj meghitt hangulatot otthonodba ezekkel az eleg\u00e1ns akril\u00fcveg \u00e9jjeli f\u00e9nyekkel!\\nA mint\u00e1k UV n..., Meska","image_title":"Akril \u00e9jjeli f\u00e9ny nyomtatott mint\u00e1val- t\u00fcnd\u00e9rkert, Meska","view_count":"241","favourite_count":"0","trending_score":"0","last2MonthFavouriteCount":"0","promotion":"0","giftcard_accept":"0","creditcard_accept":true,"enhanced_background":"0","domain":"meska","specific_customer_id":null,"specific_customer_name":null,"to_order_product":"1","to_order_product_time":"5","product_different":null,"product_different_description":"","vintage":"0","vintage_category_id":"0","recycled":"0","gemstone_id":"0","customizable":"1","type_category":"physical","zerowaste":"0","postage_price":"1290.00","shop_order":"0","has_category":"1","landing_pages":null,"microdata":{"number":85,"category":""},"title":"Akril \u00e9jjeli f\u00e9ny nyomtatott mint\u00e1val- t\u00fcnd\u00e9rkert","description":"Var\u00e1zsolj meghitt hangulatot otthonodba ezekkel az eleg\u00e1ns akril\u00fcveg \u00e9jjeli f\u00e9nyekkel!\nA mint\u00e1k UV nyomtat\u00e1ssal k\u00e9sz\u00fclnek, \u00edgy rendk\u00edv\u00fcl r\u00e9szletgazdagok, \u00e9l\u00e9nk sz\u00edn\u0171ek \u00e9s tart\u00f3sak \u2013 nem kopnak, nem fakulnak, hossz\u00fa \u00e9veken \u00e1t meg\u0151rzik sz\u00e9ps\u00e9g\u00fcket.\n\nMi\u00e9rt fogod szeretni?\n\nHordozhat\u00f3 \u00e9s k\u00e1belmentes \u2013 b\u00e1rhol elhelyezheted.\n\nAk\u00e1r 120 \u00f3r\u00e1s \u00fczemid\u0151 egyetlen t\u00f6lt\u00e9ssel.\n\n\u00dajrat\u00f6lthet\u0151 akkumul\u00e1tor \u2013 k\u00f6rnyezetbar\u00e1t \u00e9s k\u00f6lts\u00e9ghat\u00e9kony.\n\nLED vil\u00e1g\u00edt\u00e1s \u2013 energiatakar\u00e9kos, stabil \u00e9s kellemes f\u00e9ny.\n\nSzem\u00e9lyre szabhat\u00f3 n\u00e9vvel, d\u00e1tummal \u00e9s mint\u00e1val.\n\nAdatok:\n\nM\u00e9ret: kb. 15 \u00d7 16 cm\n\nAnyag: 5 mm akril\u00fcveg + fa LED talp\n\nVil\u00e1g\u00edt\u00e1s: LED\n\nT\u00f6k\u00e9letes aj\u00e1nd\u00e9k babak\u00f6sz\u00f6nt\u0151re, sz\u00fclet\u00e9snapra, keresztel\u0151re vagy kar\u00e1csonyra.\n\nCsomag tartalma:\n\u2714 1 db akril\u00fcveg UV nyomtatott mint\u00e1val\n\u2714 1 db fa LED talp\n\u2714 1 db USB t\u00f6lt\u0151k\u00e1bel (t\u00f6lt\u0151fej n\u00e9lk\u00fcl)","score":0,"formatted_price":"11 990 Ft","image_url":"https:\/\/www.meska.hu\/img\/product\/small\/n\/y\/nyuszikert_product_622009_250923110617_163378.jpeg","formatted_url":"https:\/\/www.meska.hu\/p5622409-akril-ejjeli-feny-nyomtatott-mintaval-tunderkert","favourite":false,"in_stock":false,"avatar":"622009_avatar_1701843989.jpeg","delete_from":0,"is_enhanced_background":false,"is_enhanced":false,"product_selection_started":false,"is_active":true,"image_webp_url":"https:\/\/www.meska.hu\/img\/product\/small\/n\/y\/nyuszikert_product_622009_250923110617_163378.webp"},{"id":"5688981","shop_id":"47517","user_id":"696991","shop_name":"babocadekor","shop_zip":"5400","product_code":"5494914","product_name_old":null,"product_name":"N\u00e9vre sz\u00f3l\u00f3 pufi felh\u0151 sziv\u00e1rv\u00e1nnyal - \u00e9jjeli f\u00e9ny falidekor\u00e1ci\u00f3 - l\u00e1nyos","category_string":"Baba - mama, Babaszoba dekor\u00e1ci\u00f3, \u00c9jszakai f\u00e9ny","technic_string":"Csom\u00f3z\u00e1s","category_1":"1735","category_2":"1466","category_3":"1761","category_4":"0","merged_category_1":null,"merged_category_2":null,"merged_category_3":null,"technic_1":"475","technic_2":"0","technic_3":"0","color_1":"519","color_2":"525","color_3":"0","product_description_old":null,"product_description":"Gy\u00f6ny\u00f6r\u0171, mutat\u00f3s \u00e9s st\u00edlusos felh\u0151, dekor\u00e1ci\u00f3, mely a k\u00edv\u00e1nt n\u00e9vvel ker\u00fcl elk\u00e9sz\u00edt\u00e9sre. Gy\u00f6ny\u00f6r\u0171 kieg\u00e9sz\u00edt\u0151je a baba-, gyermekszob\u00e1nak.\nTedd igaz\u00e1n egyediv\u00e9 ezt a k\u00fcl\u00f6nleges dekor\u00e1ci\u00f3t! A n\u00e9v mellett lehet\u0151s\u00e9ged van a sz\u00ednek kiv\u00e1laszt\u00e1s\u00e1ra is, hogy teljes m\u00e9rt\u00e9kben igazodjon a baba szob\u00e1j\u00e1nak st\u00edlus\u00e1hoz \u00e9s hangulat\u00e1hoz. \nB\u00e1rmilyen alkalomra, vagy csak \u00fagy is kiv\u00e1l\u00f3 v\u00e1laszt\u00e1s. \n\nM\u00e9rete: kb. 35x27 cm\n","price":"9990.00","unit":"db","recommended":"0","status":"1","sponsored":"0","exp_notify":"0","own_material":"0","own_material_description_old":null,"own_material_description":"","jury":"0","jury_number":"","product_nature":"","meskaracsony":"0","create_date":"2026-02-03 14:27:31","shelve_id":"78895","image":"babocadekor_product_696991_250208130748_75844.jpeg","image_width":"480","image_height":"360","image_alt":"N\u00e9vre sz\u00f3l\u00f3 pufi felh\u0151 sziv\u00e1rv\u00e1nnyal - \u00e9jjeli f\u00e9ny falidekor\u00e1ci\u00f3 - l\u00e1nyos, Gy\u00f6ny\u00f6r\u0171, mutat\u00f3s \u00e9s st\u00edlusos felh\u0151, dekor\u00e1ci\u00f3, mely a k\u00edv\u00e1nt n\u00e9vvel ker\u00fcl elk\u00e9sz\u00edt\u00e9sre. Gy\u00f6ny\u00f6r\u0171 ki..., Meska","image_title":"N\u00e9vre sz\u00f3l\u00f3 pufi felh\u0151 sziv\u00e1rv\u00e1nnyal - \u00e9jjeli f\u00e9ny falidekor\u00e1ci\u00f3 - l\u00e1nyos, Meska","view_count":"429","favourite_count":"0","trending_score":"0","last2MonthFavouriteCount":"0","promotion":"0","giftcard_accept":"0","creditcard_accept":true,"enhanced_background":"0","domain":"meska","specific_customer_id":null,"specific_customer_name":null,"to_order_product":"1","to_order_product_time":"10","product_different":null,"product_different_description":"","vintage":"0","vintage_category_id":"0","recycled":"0","gemstone_id":"0","customizable":"1","type_category":"physical","zerowaste":"0","postage_price":"1349.00","shop_order":"0","has_category":"1","landing_pages":null,"microdata":{"number":86,"category":""},"title":"N\u00e9vre sz\u00f3l\u00f3 pufi felh\u0151 sziv\u00e1rv\u00e1nnyal - \u00e9jjeli f\u00e9ny falidekor\u00e1ci\u00f3 - l\u00e1nyos","description":"Gy\u00f6ny\u00f6r\u0171, mutat\u00f3s \u00e9s st\u00edlusos felh\u0151, dekor\u00e1ci\u00f3, mely a k\u00edv\u00e1nt n\u00e9vvel ker\u00fcl elk\u00e9sz\u00edt\u00e9sre. Gy\u00f6ny\u00f6r\u0171 kieg\u00e9sz\u00edt\u0151je a baba-, gyermekszob\u00e1nak.\nTedd igaz\u00e1n egyediv\u00e9 ezt a k\u00fcl\u00f6nleges dekor\u00e1ci\u00f3t! A n\u00e9v mellett lehet\u0151s\u00e9ged van a sz\u00ednek kiv\u00e1laszt\u00e1s\u00e1ra is, hogy teljes m\u00e9rt\u00e9kben igazodjon a baba szob\u00e1j\u00e1nak st\u00edlus\u00e1hoz \u00e9s hangulat\u00e1hoz. \nB\u00e1rmilyen alkalomra, vagy csak \u00fagy is kiv\u00e1l\u00f3 v\u00e1laszt\u00e1s. \n\nM\u00e9rete: kb. 35x27 cm\n","score":0,"formatted_price":"9 990 Ft","image_url":"https:\/\/www.meska.hu\/img\/product\/small\/b\/a\/babocadekor_product_696991_250208130748_75844.jpeg","formatted_url":"https:\/\/www.meska.hu\/p5494914-nevre-szolo-pufi-felho-szivarvannyal-falidekoracio-lanyos","favourite":false,"in_stock":false,"avatar":"696991_avatar_1734800236.png","delete_from":0,"is_enhanced_background":false,"is_enhanced":false,"product_selection_started":false,"is_active":true,"image_webp_url":"https:\/\/www.meska.hu\/img\/product\/small\/b\/a\/babocadekor_product_696991_250208130748_75844.webp"},{"id":"6095970","shop_id":"46922","user_id":"681526","shop_name":"Melindaalkotomuhely","shop_zip":"1145","product_code":"5721019","product_name_old":null,"product_name":"Pingvines \u00e9jjelil\u00e1mpa babaszob\u00e1ba \u2013 nat\u00far fa kivitelben","category_string":"Baba - mama, Babaszoba dekor\u00e1ci\u00f3, \u00c9jszakai f\u00e9ny","technic_string":"Famegmunk\u00e1l\u00e1s, Mindenm\u00e1s","category_1":"1735","category_2":"1466","category_3":"1761","category_4":"0","merged_category_1":null,"merged_category_2":null,"merged_category_3":null,"technic_1":"478","technic_2":"493","technic_3":"0","color_1":"514","color_2":"515","color_3":"519","product_description_old":null,"product_description":"Var\u00e1zsold meghitt\u00e9 a babaszob\u00e1t ezzel a kedves, pingvines mint\u00e1j\u00fa \u00e9jjelil\u00e1mp\u00e1val! \n\nA term\u00e9szetes f\u00e1b\u00f3l k\u00e9sz\u00fclt l\u00e1mpa nemcsak praktikus f\u00e9nyforr\u00e1s, hanem b\u00e1jos dekor\u00e1ci\u00f3 is, amely megnyugtat\u00f3 hangulatot teremt az esti rutinokhoz.\n\nA l\u00e1gy, sz\u00f3rt f\u00e9ny ide\u00e1lis elalv\u00e1shoz, \u00e9jszakai etet\u00e9shez vagy pelenk\u00e1z\u00e1shoz, an\u00e9lk\u00fcl hogy zavarn\u00e1 a kicsi \u00e1lm\u00e1t. A modern USB-csatlakoz\u00f3 \u00e9s a be\u00e9p\u00edtett kapcsol\u00f3 pedig egyszer\u0171 \u00e9s biztons\u00e1gos haszn\u00e1latot biztos\u00edtanak.\n\nMi\u00e9rt fogod szeretni?\n\n\ud83d\udc27 Aranyos pingvines minta, amelyet a gyerekek im\u00e1dnak\n\n\ud83c\udf3f Nat\u00far fa alapanyag \u2013 term\u00e9szetes, id\u0151t\u00e1ll\u00f3 design\n\n\ud83d\udca1 Gyeng\u00e9d, megnyugtat\u00f3 f\u00e9ny bab\u00e1k sz\u00e1m\u00e1ra\n\n\ud83d\udd0c USB-csatlakoz\u00f3 a k\u00e9nyelmes t\u00f6lt\u00e9shez\n\n\u23fb K\u00fcl\u00f6n kapcsol\u00f3 az egyszer\u0171 haszn\u00e1lat\u00e9rt\n\nT\u00f6k\u00e9letes v\u00e1laszt\u00e1s babaszob\u00e1ba, aj\u00e1nd\u00e9knak vagy ak\u00e1r els\u0151 saj\u00e1t l\u00e1mp\u00e1nak a legkisebbeknek.","price":"7500.00","unit":"db","recommended":"0","status":"1","sponsored":"0","exp_notify":"0","own_material":"0","own_material_description_old":null,"own_material_description":"","jury":"0","jury_number":"","product_nature":"","meskaracsony":"0","create_date":"2026-01-28 09:49:08","shelve_id":"0","image":"melindaalkotomuhely_product_681526_260128094709_459750.jpeg","image_width":"480","image_height":"639","image_alt":"Pingvines \u00e9jjelil\u00e1mpa babaszob\u00e1ba \u2013 nat\u00far fa kivitelben, Var\u00e1zsold meghitt\u00e9 a babaszob\u00e1t ezzel a kedves, pingvines mint\u00e1j\u00fa \u00e9jjelil\u00e1mp\u00e1val! \\n\\nA term\u00e9szetes f\u00e1..., Meska","image_title":"Pingvines \u00e9jjelil\u00e1mpa babaszob\u00e1ba \u2013 nat\u00far fa kivitelben, Meska","view_count":"103","favourite_count":"2","trending_score":"0","last2MonthFavouriteCount":"0","promotion":"0","giftcard_accept":"0","creditcard_accept":true,"enhanced_background":"0","domain":"meska","specific_customer_id":null,"specific_customer_name":null,"to_order_product":"0","to_order_product_time":"0","product_different":null,"product_different_description":"","vintage":"0","vintage_category_id":"0","recycled":"0","gemstone_id":"0","customizable":"0","type_category":"physical","zerowaste":"0","postage_price":"1349.00","shop_order":"0","has_category":"1","landing_pages":null,"microdata":{"number":87,"category":""},"title":"Pingvines \u00e9jjelil\u00e1mpa babaszob\u00e1ba \u2013 nat\u00far fa kivitelben","description":"Var\u00e1zsold meghitt\u00e9 a babaszob\u00e1t ezzel a kedves, pingvines mint\u00e1j\u00fa \u00e9jjelil\u00e1mp\u00e1val! \n\nA term\u00e9szetes f\u00e1b\u00f3l k\u00e9sz\u00fclt l\u00e1mpa nemcsak praktikus f\u00e9nyforr\u00e1s, hanem b\u00e1jos dekor\u00e1ci\u00f3 is, amely megnyugtat\u00f3 hangulatot teremt az esti rutinokhoz.\n\nA l\u00e1gy, sz\u00f3rt f\u00e9ny ide\u00e1lis elalv\u00e1shoz, \u00e9jszakai etet\u00e9shez vagy pelenk\u00e1z\u00e1shoz, an\u00e9lk\u00fcl hogy zavarn\u00e1 a kicsi \u00e1lm\u00e1t. A modern USB-csatlakoz\u00f3 \u00e9s a be\u00e9p\u00edtett kapcsol\u00f3 pedig egyszer\u0171 \u00e9s biztons\u00e1gos haszn\u00e1latot biztos\u00edtanak.\n\nMi\u00e9rt fogod szeretni?\n\n\ud83d\udc27 Aranyos pingvines minta, amelyet a gyerekek im\u00e1dnak\n\n\ud83c\udf3f Nat\u00far fa alapanyag \u2013 term\u00e9szetes, id\u0151t\u00e1ll\u00f3 design\n\n\ud83d\udca1 Gyeng\u00e9d, megnyugtat\u00f3 f\u00e9ny bab\u00e1k sz\u00e1m\u00e1ra\n\n\ud83d\udd0c USB-csatlakoz\u00f3 a k\u00e9nyelmes t\u00f6lt\u00e9shez\n\n\u23fb K\u00fcl\u00f6n kapcsol\u00f3 az egyszer\u0171 haszn\u00e1lat\u00e9rt\n\nT\u00f6k\u00e9letes v\u00e1laszt\u00e1s babaszob\u00e1ba, aj\u00e1nd\u00e9knak vagy ak\u00e1r els\u0151 saj\u00e1t l\u00e1mp\u00e1nak a legkisebbeknek.","score":0,"formatted_price":"7 500 Ft","image_url":"https:\/\/www.meska.hu\/img\/product\/small\/m\/e\/melindaalkotomuhely_product_681526_260128094709_459750.jpeg","formatted_url":"https:\/\/www.meska.hu\/p5721019-pingvines-ejjelilampa-babaszobaba-natur-fa-kivitelben","favourite":false,"in_stock":true,"avatar":"681526_avatar_1768734632.png","delete_from":0,"is_enhanced_background":false,"is_enhanced":false,"product_selection_started":false,"is_active":true,"image_webp_url":"https:\/\/www.meska.hu\/img\/product\/small\/m\/e\/melindaalkotomuhely_product_681526_260128094709_459750.webp"},{"id":"6095962","shop_id":"46922","user_id":"681526","shop_name":"Melindaalkotomuhely","shop_zip":"1145","product_code":"5721015","product_name_old":null,"product_name":"Babaszobai \u00e9jjelil\u00e1mpa \u2013 Egyedi csillag forma","category_string":"Baba - mama, Babaszoba dekor\u00e1ci\u00f3, \u00c9jszakai f\u00e9ny","technic_string":"Famegmunk\u00e1l\u00e1s, Mindenm\u00e1s","category_1":"1735","category_2":"1466","category_3":"1761","category_4":"0","merged_category_1":null,"merged_category_2":null,"merged_category_3":null,"technic_1":"478","technic_2":"493","technic_3":"0","color_1":"514","color_2":"515","color_3":"519","product_description_old":null,"product_description":"Var\u00e1zsolj meghitt hangulatot a babaszob\u00e1ba ezzel az egyedi, csillag alak\u00fa \u00e9jjelil\u00e1mp\u00e1val!\nA l\u00e1mpa nat\u00far f\u00e1b\u00f3l k\u00e9sz\u00fcl, \u00e9s a baba neve ker\u00fcl r\u00e1 feliratozva, \u00edgy nemcsak praktikus f\u00e9nyforr\u00e1s, hanem szem\u00e9lyes dekor\u00e1ci\u00f3 is.\n\nA be\u00e9p\u00edtett LED vil\u00e1g\u00edt\u00e1s kellemes, szemet nem b\u00e1nt\u00f3 f\u00e9nyt ad, ide\u00e1lis esti megnyugv\u00e1shoz vagy \u00e9jszakai f\u00e9nyk\u00e9nt.\nUSB-s csatlakoz\u00f3val \u00e9s kapcsol\u00f3val ell\u00e1tott, \u00edgy k\u00f6nnyen haszn\u00e1lhat\u00f3 \u00e9s energiatakar\u00e9kos.\n\nJellemz\u0151k:\n\u2b50 Csillag form\u00e1j\u00fa, bababar\u00e1t design\n\n\ud83c\udf3f Nat\u00far fa alapanyag\n\n\u2728 Egyedi n\u00e9vvel feliratozva\n\n\ud83d\udca1 LED vil\u00e1g\u00edt\u00e1s\n\n\ud83d\udd0c USB-s csatlakoz\u00e1s, be\u00e9p\u00edtett kapcsol\u00f3\n\nT\u00f6k\u00e9letes v\u00e1laszt\u00e1s aj\u00e1nd\u00e9knak vagy a babaszoba meghitt, szem\u00e9lyes kieg\u00e9sz\u00edt\u0151jek\u00e9nt.","price":"6000.00","unit":"db","recommended":"0","status":"1","sponsored":"0","exp_notify":"0","own_material":"0","own_material_description_old":null,"own_material_description":"","jury":"0","jury_number":"","product_nature":"","meskaracsony":"0","create_date":"2026-01-28 09:41:40","shelve_id":"0","image":"melindaalkotomuhely_product_681526_260128093727_33838.jpeg","image_width":"480","image_height":"639","image_alt":"Babaszobai \u00e9jjelil\u00e1mpa \u2013 Egyedi csillag forma, Var\u00e1zsolj meghitt hangulatot a babaszob\u00e1ba ezzel az egyedi, csillag alak\u00fa \u00e9jjelil\u00e1mp\u00e1val!\\nA l\u00e1mpa na..., Meska","image_title":"Babaszobai \u00e9jjelil\u00e1mpa \u2013 Egyedi csillag forma, Meska","view_count":"106","favourite_count":"0","trending_score":"0","last2MonthFavouriteCount":"0","promotion":"0","giftcard_accept":"0","creditcard_accept":true,"enhanced_background":"0","domain":"meska","specific_customer_id":null,"specific_customer_name":null,"to_order_product":"1","to_order_product_time":"5","product_different":null,"product_different_description":"","vintage":"0","vintage_category_id":"0","recycled":"0","gemstone_id":"0","customizable":"1","type_category":"physical","zerowaste":"0","postage_price":"1349.00","shop_order":"0","has_category":"1","landing_pages":null,"microdata":{"number":88,"category":""},"title":"Babaszobai \u00e9jjelil\u00e1mpa \u2013 Egyedi csillag forma","description":"Var\u00e1zsolj meghitt hangulatot a babaszob\u00e1ba ezzel az egyedi, csillag alak\u00fa \u00e9jjelil\u00e1mp\u00e1val!\nA l\u00e1mpa nat\u00far f\u00e1b\u00f3l k\u00e9sz\u00fcl, \u00e9s a baba neve ker\u00fcl r\u00e1 feliratozva, \u00edgy nemcsak praktikus f\u00e9nyforr\u00e1s, hanem szem\u00e9lyes dekor\u00e1ci\u00f3 is.\n\nA be\u00e9p\u00edtett LED vil\u00e1g\u00edt\u00e1s kellemes, szemet nem b\u00e1nt\u00f3 f\u00e9nyt ad, ide\u00e1lis esti megnyugv\u00e1shoz vagy \u00e9jszakai f\u00e9nyk\u00e9nt.\nUSB-s csatlakoz\u00f3val \u00e9s kapcsol\u00f3val ell\u00e1tott, \u00edgy k\u00f6nnyen haszn\u00e1lhat\u00f3 \u00e9s energiatakar\u00e9kos.\n\nJellemz\u0151k:\n\u2b50 Csillag form\u00e1j\u00fa, bababar\u00e1t design\n\n\ud83c\udf3f Nat\u00far fa alapanyag\n\n\u2728 Egyedi n\u00e9vvel feliratozva\n\n\ud83d\udca1 LED vil\u00e1g\u00edt\u00e1s\n\n\ud83d\udd0c USB-s csatlakoz\u00e1s, be\u00e9p\u00edtett kapcsol\u00f3\n\nT\u00f6k\u00e9letes v\u00e1laszt\u00e1s aj\u00e1nd\u00e9knak vagy a babaszoba meghitt, szem\u00e9lyes kieg\u00e9sz\u00edt\u0151jek\u00e9nt.","score":0,"formatted_price":"6 000 Ft","image_url":"https:\/\/www.meska.hu\/img\/product\/small\/m\/e\/melindaalkotomuhely_product_681526_260128093727_33838.jpeg","formatted_url":"https:\/\/www.meska.hu\/p5721015-babaszobai-ejjelilampa-egyedi-csillag-forma","favourite":false,"in_stock":false,"avatar":"681526_avatar_1768734632.png","delete_from":0,"is_enhanced_background":false,"is_enhanced":false,"product_selection_started":false,"is_active":true,"image_webp_url":"https:\/\/www.meska.hu\/img\/product\/small\/m\/e\/melindaalkotomuhely_product_681526_260128093727_33838.webp"},{"id":"5277203","shop_id":"44711","user_id":"641650","shop_name":"SzandiFilcKucko","shop_zip":"3200","product_code":"5254412","product_name_old":null,"product_name":"Vil\u00e1g\u00edt\u00f3 n\u00e9vre sz\u00f3l\u00f3 \u00e9jszakai f\u00e9ny, babaszoba d\u00edsz, babak\u00f6sz\u00f6nt\u0151\/babav\u00e1r\u00f3 aj\u00e1nd\u00e9k, Mickey eg\u00e9rrel, vil\u00e1g\u00edt\u00f3 holdal","category_string":"Baba - mama, \u00c9jszakai f\u00e9ny, Babaszoba dekor\u00e1ci\u00f3","technic_string":"Varr\u00e1s","category_1":"1735","category_2":"1761","category_3":"1466","category_4":"0","merged_category_1":null,"merged_category_2":null,"merged_category_3":null,"technic_1":"506","technic_2":"0","technic_3":"0","color_1":"525","color_2":"527","color_3":"0","product_description_old":null,"product_description":"Filc anyagb\u00f3l k\u00e9sz\u00fclt kb 20x 45 cm , elemes l\u00e9ddel ell\u00e1tott, n\u00e9vre sz\u00f3l\u00f3 \u00e9jszaka f\u00e9ny. Baba \u00e9s gyermekszob\u00e1ba ide\u00e1lis elalv\u00e1s el\u0151tti hangulat vil\u00e1g\u00edt\u00e1snak. Akaszt\u00f3s, \u00edgy falra , baldachintart\u00f3ra, ajt\u00f3ra... stb. k\u00f6nnyed\u00e9n felakaszthat\u00f3.","price":"9900.00","unit":"db","recommended":"0","status":"1","sponsored":"0","exp_notify":"0","own_material":"0","own_material_description_old":null,"own_material_description":"","jury":"0","jury_number":"","product_nature":"","meskaracsony":"0","create_date":"2026-01-27 14:41:03","shelve_id":"0","image":"szandifilckucko_product_641650_240324105359_35475.jpeg","image_width":"480","image_height":"480","image_alt":"Vil\u00e1g\u00edt\u00f3 n\u00e9vre sz\u00f3l\u00f3 \u00e9jszakai f\u00e9ny, babaszoba d\u00edsz, babak\u00f6sz\u00f6nt\u0151\/babav\u00e1r\u00f3 aj\u00e1nd\u00e9k, Mickey eg\u00e9rrel, vil\u00e1g\u00edt\u00f3 holdal, Filc anyagb\u00f3l k\u00e9sz\u00fclt kb 20x 45 cm , elemes l\u00e9ddel ell\u00e1tott, n\u00e9vre sz\u00f3l\u00f3 \u00e9jszaka f\u00e9ny. Baba \u00e9s gyerm..., Meska","image_title":"Vil\u00e1g\u00edt\u00f3 n\u00e9vre sz\u00f3l\u00f3 \u00e9jszakai f\u00e9ny, babaszoba d\u00edsz, babak\u00f6sz\u00f6nt\u0151\/babav\u00e1r\u00f3 aj\u00e1nd\u00e9k, Mickey eg\u00e9rrel, vil\u00e1g\u00edt\u00f3 holdal, Meska","view_count":"1860","favourite_count":"0","trending_score":"0","last2MonthFavouriteCount":"0","promotion":"0","giftcard_accept":"0","creditcard_accept":false,"enhanced_background":"0","domain":"meska","specific_customer_id":null,"specific_customer_name":null,"to_order_product":"1","to_order_product_time":"7","product_different":null,"product_different_description":"","vintage":"0","vintage_category_id":"0","recycled":"0","gemstone_id":"0","customizable":"1","type_category":"physical","zerowaste":"0","postage_price":"1500.00","shop_order":"0","has_category":"1","landing_pages":null,"microdata":{"number":89,"category":""},"title":"Vil\u00e1g\u00edt\u00f3 n\u00e9vre sz\u00f3l\u00f3 \u00e9jszakai f\u00e9ny, babaszoba d\u00edsz, babak\u00f6sz\u00f6nt\u0151\/babav\u00e1r\u00f3 aj\u00e1nd\u00e9k, Mickey eg\u00e9rrel, vil\u00e1g\u00edt\u00f3 holdal","description":"Filc anyagb\u00f3l k\u00e9sz\u00fclt kb 20x 45 cm , elemes l\u00e9ddel ell\u00e1tott, n\u00e9vre sz\u00f3l\u00f3 \u00e9jszaka f\u00e9ny. Baba \u00e9s gyermekszob\u00e1ba ide\u00e1lis elalv\u00e1s el\u0151tti hangulat vil\u00e1g\u00edt\u00e1snak. Akaszt\u00f3s, \u00edgy falra , baldachintart\u00f3ra, ajt\u00f3ra... stb. k\u00f6nnyed\u00e9n felakaszthat\u00f3.","score":0,"formatted_price":"9 900 Ft","image_url":"https:\/\/www.meska.hu\/img\/product\/small\/s\/z\/szandifilckucko_product_641650_240324105359_35475.jpeg","formatted_url":"https:\/\/www.meska.hu\/p5254412-vilagito-nevre-szolo-ejszakai-feny-babaszoba-disz-babakoszonto-babavaro-ajandek-mickey-egerrel-vilagito-holdal","favourite":false,"in_stock":false,"avatar":"641650_avatar_1710771980.png","delete_from":0,"is_enhanced_background":false,"is_enhanced":false,"product_selection_started":false,"is_active":true,"image_webp_url":"https:\/\/www.meska.hu\/img\/product\/small\/s\/z\/szandifilckucko_product_641650_240324105359_35475.webp"},{"id":"5298543","shop_id":"44711","user_id":"641650","shop_name":"SzandiFilcKucko","shop_zip":"3200","product_code":"5266465","product_name_old":null,"product_name":"Vil\u00e1g\u00edt\u00f3 n\u00e9vre sz\u00f3l\u00f3 \u00e9jszakai f\u00e9ny, babaszoba , babak\u00f6sz\u00f6nt\u0151 aj\u00e1nd\u00e9k, zsir\u00e1f, elef\u00e1nt, majom","category_string":"Baba - mama, \u00c9jszakai f\u00e9ny, Babaszoba dekor\u00e1ci\u00f3","technic_string":"Varr\u00e1s","category_1":"1735","category_2":"1761","category_3":"1466","category_4":"0","merged_category_1":null,"merged_category_2":null,"merged_category_3":null,"technic_1":"506","technic_2":"0","technic_3":"0","color_1":"525","color_2":"527","color_3":"0","product_description_old":null,"product_description":"Filc anyagb\u00f3l k\u00e9sz\u00fclt kb 20x 45 cm , elemes l\u00e9ddel ell\u00e1tott, n\u00e9vre sz\u00f3l\u00f3 \u00e9jszaka f\u00e9ny. Baba \u00e9s gyermekszob\u00e1ba ide\u00e1lis elalv\u00e1s el\u0151tti hangulat vil\u00e1g\u00edt\u00e1snak. Akaszt\u00f3s, \u00edgy falra , baldachintart\u00f3ra, ajt\u00f3ra... stb. k\u00f6nnyed\u00e9n felakaszthat\u00f3.","price":"12990.00","unit":"db","recommended":"0","status":"1","sponsored":"0","exp_notify":"0","own_material":"0","own_material_description_old":null,"own_material_description":"","jury":"0","jury_number":"","product_nature":"","meskaracsony":"0","create_date":"2026-01-21 20:42:51","shelve_id":"0","image":"szandifilckucko_product_641650_240417093848_176418.jpeg","image_width":"480","image_height":"480","image_alt":"Vil\u00e1g\u00edt\u00f3 n\u00e9vre sz\u00f3l\u00f3 \u00e9jszakai f\u00e9ny, babaszoba , babak\u00f6sz\u00f6nt\u0151 aj\u00e1nd\u00e9k, zsir\u00e1f, elef\u00e1nt, majom, Filc anyagb\u00f3l k\u00e9sz\u00fclt kb 20x 45 cm , elemes l\u00e9ddel ell\u00e1tott, n\u00e9vre sz\u00f3l\u00f3 \u00e9jszaka f\u00e9ny. Baba \u00e9s gyerm..., Meska","image_title":"Vil\u00e1g\u00edt\u00f3 n\u00e9vre sz\u00f3l\u00f3 \u00e9jszakai f\u00e9ny, babaszoba , babak\u00f6sz\u00f6nt\u0151 aj\u00e1nd\u00e9k, zsir\u00e1f, elef\u00e1nt, majom, Meska","view_count":"1363","favourite_count":"0","trending_score":"0","last2MonthFavouriteCount":"0","promotion":"0","giftcard_accept":"0","creditcard_accept":false,"enhanced_background":"0","domain":"meska","specific_customer_id":null,"specific_customer_name":null,"to_order_product":"1","to_order_product_time":"7","product_different":null,"product_different_description":"","vintage":"0","vintage_category_id":"0","recycled":"0","gemstone_id":"0","customizable":"1","type_category":"physical","zerowaste":"0","postage_price":"1500.00","shop_order":"0","has_category":"1","landing_pages":null,"microdata":{"number":90,"category":""},"title":"Vil\u00e1g\u00edt\u00f3 n\u00e9vre sz\u00f3l\u00f3 \u00e9jszakai f\u00e9ny, babaszoba , babak\u00f6sz\u00f6nt\u0151 aj\u00e1nd\u00e9k, zsir\u00e1f, elef\u00e1nt, majom","description":"Filc anyagb\u00f3l k\u00e9sz\u00fclt kb 20x 45 cm , elemes l\u00e9ddel ell\u00e1tott, n\u00e9vre sz\u00f3l\u00f3 \u00e9jszaka f\u00e9ny. Baba \u00e9s gyermekszob\u00e1ba ide\u00e1lis elalv\u00e1s el\u0151tti hangulat vil\u00e1g\u00edt\u00e1snak. Akaszt\u00f3s, \u00edgy falra , baldachintart\u00f3ra, ajt\u00f3ra... stb. k\u00f6nnyed\u00e9n felakaszthat\u00f3.","score":0,"formatted_price":"12 990 Ft","image_url":"https:\/\/www.meska.hu\/img\/product\/small\/s\/z\/szandifilckucko_product_641650_240417093848_176418.jpeg","formatted_url":"https:\/\/www.meska.hu\/p5266465-vilagito-nevre-szolo-ejszakai-feny-babaszoba-babakoszonto-ajandek-zsiraf-elefant-majom","favourite":false,"in_stock":false,"avatar":"641650_avatar_1710771980.png","delete_from":0,"is_enhanced_background":false,"is_enhanced":false,"product_selection_started":false,"is_active":true,"image_webp_url":"https:\/\/www.meska.hu\/img\/product\/small\/s\/z\/szandifilckucko_product_641650_240417093848_176418.webp"},{"id":"5925721","shop_id":"43575","user_id":"622009","shop_name":"nyuszikert","shop_zip":"9144","product_code":"5622399","product_name_old":null,"product_name":"Akril \u00e9jjeli f\u00e9ny nyomtatott mint\u00e1val- szafari \u00e1llatok","category_string":"Baba - mama, \u00c9jszakai f\u00e9ny, Babaszoba dekor\u00e1ci\u00f3","technic_string":"Mindenm\u00e1s","category_1":"1735","category_2":"1761","category_3":"1466","category_4":"0","merged_category_1":null,"merged_category_2":null,"merged_category_3":null,"technic_1":"493","technic_2":"0","technic_3":"0","color_1":"513","color_2":"0","color_3":"0","product_description_old":null,"product_description":"Var\u00e1zsolj meghitt hangulatot otthonodba ezekkel az eleg\u00e1ns akril\u00fcveg \u00e9jjeli f\u00e9nyekkel!\nA mint\u00e1k UV nyomtat\u00e1ssal k\u00e9sz\u00fclnek, \u00edgy rendk\u00edv\u00fcl r\u00e9szletgazdagok, \u00e9l\u00e9nk sz\u00edn\u0171ek \u00e9s tart\u00f3sak \u2013 nem kopnak, nem fakulnak, hossz\u00fa \u00e9veken \u00e1t meg\u0151rzik sz\u00e9ps\u00e9g\u00fcket.\n\nMi\u00e9rt fogod szeretni?\n\nHordozhat\u00f3 \u00e9s k\u00e1belmentes \u2013 b\u00e1rhol elhelyezheted.\n\nAk\u00e1r 120 \u00f3r\u00e1s \u00fczemid\u0151 egyetlen t\u00f6lt\u00e9ssel.\n\n\u00dajrat\u00f6lthet\u0151 akkumul\u00e1tor \u2013 k\u00f6rnyezetbar\u00e1t \u00e9s k\u00f6lts\u00e9ghat\u00e9kony.\n\nLED vil\u00e1g\u00edt\u00e1s \u2013 energiatakar\u00e9kos, stabil \u00e9s kellemes f\u00e9ny.\n\nSzem\u00e9lyre szabhat\u00f3 n\u00e9vvel, d\u00e1tummal \u00e9s mint\u00e1val.\n\nAdatok:\n\nM\u00e9ret: kb. 15 \u00d7 16 cm\n\nAnyag: 5 mm akril\u00fcveg + fa LED talp\n\nVil\u00e1g\u00edt\u00e1s: LED\n\nT\u00f6k\u00e9letes aj\u00e1nd\u00e9k babak\u00f6sz\u00f6nt\u0151re, sz\u00fclet\u00e9snapra, keresztel\u0151re vagy kar\u00e1csonyra.\n\nCsomag tartalma:\n\u2714 1 db akril\u00fcveg UV nyomtatott mint\u00e1val\n\u2714 1 db fa LED talp\n\u2714 1 db USB t\u00f6lt\u0151k\u00e1bel (t\u00f6lt\u0151fej n\u00e9lk\u00fcl)","price":"11990.00","unit":"db","recommended":"0","status":"1","sponsored":"0","exp_notify":"0","own_material":"0","own_material_description_old":null,"own_material_description":"","jury":"0","jury_number":"","product_nature":"","meskaracsony":"0","create_date":"2026-01-21 11:56:03","shelve_id":"0","image":"nyuszikert_product_622009_250923110048_933651.jpeg","image_width":"480","image_height":"480","image_alt":"Akril \u00e9jjeli f\u00e9ny nyomtatott mint\u00e1val- szafari \u00e1llatok, Var\u00e1zsolj meghitt hangulatot otthonodba ezekkel az eleg\u00e1ns akril\u00fcveg \u00e9jjeli f\u00e9nyekkel!\\nA mint\u00e1k UV n..., Meska","image_title":"Akril \u00e9jjeli f\u00e9ny nyomtatott mint\u00e1val- szafari \u00e1llatok, Meska","view_count":"108","favourite_count":"0","trending_score":"0","last2MonthFavouriteCount":"0","promotion":"0","giftcard_accept":"0","creditcard_accept":true,"enhanced_background":"0","domain":"meska","specific_customer_id":null,"specific_customer_name":null,"to_order_product":"1","to_order_product_time":"5","product_different":null,"product_different_description":"","vintage":"0","vintage_category_id":"0","recycled":"0","gemstone_id":"0","customizable":"1","type_category":"physical","zerowaste":"0","postage_price":"1290.00","shop_order":"0","has_category":"1","landing_pages":null,"microdata":{"number":91,"category":""},"title":"Akril \u00e9jjeli f\u00e9ny nyomtatott mint\u00e1val- szafari \u00e1llatok","description":"Var\u00e1zsolj meghitt hangulatot otthonodba ezekkel az eleg\u00e1ns akril\u00fcveg \u00e9jjeli f\u00e9nyekkel!\nA mint\u00e1k UV nyomtat\u00e1ssal k\u00e9sz\u00fclnek, \u00edgy rendk\u00edv\u00fcl r\u00e9szletgazdagok, \u00e9l\u00e9nk sz\u00edn\u0171ek \u00e9s tart\u00f3sak \u2013 nem kopnak, nem fakulnak, hossz\u00fa \u00e9veken \u00e1t meg\u0151rzik sz\u00e9ps\u00e9g\u00fcket.\n\nMi\u00e9rt fogod szeretni?\n\nHordozhat\u00f3 \u00e9s k\u00e1belmentes \u2013 b\u00e1rhol elhelyezheted.\n\nAk\u00e1r 120 \u00f3r\u00e1s \u00fczemid\u0151 egyetlen t\u00f6lt\u00e9ssel.\n\n\u00dajrat\u00f6lthet\u0151 akkumul\u00e1tor \u2013 k\u00f6rnyezetbar\u00e1t \u00e9s k\u00f6lts\u00e9ghat\u00e9kony.\n\nLED vil\u00e1g\u00edt\u00e1s \u2013 energiatakar\u00e9kos, stabil \u00e9s kellemes f\u00e9ny.\n\nSzem\u00e9lyre szabhat\u00f3 n\u00e9vvel, d\u00e1tummal \u00e9s mint\u00e1val.\n\nAdatok:\n\nM\u00e9ret: kb. 15 \u00d7 16 cm\n\nAnyag: 5 mm akril\u00fcveg + fa LED talp\n\nVil\u00e1g\u00edt\u00e1s: LED\n\nT\u00f6k\u00e9letes aj\u00e1nd\u00e9k babak\u00f6sz\u00f6nt\u0151re, sz\u00fclet\u00e9snapra, keresztel\u0151re vagy kar\u00e1csonyra.\n\nCsomag tartalma:\n\u2714 1 db akril\u00fcveg UV nyomtatott mint\u00e1val\n\u2714 1 db fa LED talp\n\u2714 1 db USB t\u00f6lt\u0151k\u00e1bel (t\u00f6lt\u0151fej n\u00e9lk\u00fcl)","score":0,"formatted_price":"11 990 Ft","image_url":"https:\/\/www.meska.hu\/img\/product\/small\/n\/y\/nyuszikert_product_622009_250923110048_933651.jpeg","formatted_url":"https:\/\/www.meska.hu\/p5622399-akril-ejjeli-feny-nyomtatott-mintaval-szafari-allatok","favourite":false,"in_stock":false,"avatar":"622009_avatar_1701843989.jpeg","delete_from":0,"is_enhanced_background":false,"is_enhanced":false,"product_selection_started":false,"is_active":true,"image_webp_url":"https:\/\/www.meska.hu\/img\/product\/small\/n\/y\/nyuszikert_product_622009_250923110048_933651.webp"},{"id":"5925727","shop_id":"43575","user_id":"622009","shop_name":"nyuszikert","shop_zip":"9144","product_code":"5622405","product_name_old":null,"product_name":"Akril \u00e9jjeli f\u00e9ny nyomtatott mint\u00e1val- tavaszi erdei \u00e1llatok","category_string":"Baba - mama, \u00c9jszakai f\u00e9ny, Babaszoba dekor\u00e1ci\u00f3","technic_string":"Mindenm\u00e1s","category_1":"1735","category_2":"1761","category_3":"1466","category_4":"0","merged_category_1":null,"merged_category_2":null,"merged_category_3":null,"technic_1":"493","technic_2":"0","technic_3":"0","color_1":"513","color_2":"0","color_3":"0","product_description_old":null,"product_description":"Var\u00e1zsolj meghitt hangulatot otthonodba ezekkel az eleg\u00e1ns akril\u00fcveg \u00e9jjeli f\u00e9nyekkel!\nA mint\u00e1k UV nyomtat\u00e1ssal k\u00e9sz\u00fclnek, \u00edgy rendk\u00edv\u00fcl r\u00e9szletgazdagok, \u00e9l\u00e9nk sz\u00edn\u0171ek \u00e9s tart\u00f3sak \u2013 nem kopnak, nem fakulnak, hossz\u00fa \u00e9veken \u00e1t meg\u0151rzik sz\u00e9ps\u00e9g\u00fcket.\n\nMi\u00e9rt fogod szeretni?\n\nHordozhat\u00f3 \u00e9s k\u00e1belmentes \u2013 b\u00e1rhol elhelyezheted.\n\nAk\u00e1r 120 \u00f3r\u00e1s \u00fczemid\u0151 egyetlen t\u00f6lt\u00e9ssel.\n\n\u00dajrat\u00f6lthet\u0151 akkumul\u00e1tor \u2013 k\u00f6rnyezetbar\u00e1t \u00e9s k\u00f6lts\u00e9ghat\u00e9kony.\n\nLED vil\u00e1g\u00edt\u00e1s \u2013 energiatakar\u00e9kos, stabil \u00e9s kellemes f\u00e9ny.\n\nSzem\u00e9lyre szabhat\u00f3 n\u00e9vvel, d\u00e1tummal \u00e9s mint\u00e1val.\n\nAdatok:\n\nM\u00e9ret: kb. 15 \u00d7 16 cm\n\nAnyag: 5 mm akril\u00fcveg + fa LED talp\n\nVil\u00e1g\u00edt\u00e1s: LED\n\nT\u00f6k\u00e9letes aj\u00e1nd\u00e9k babak\u00f6sz\u00f6nt\u0151re, sz\u00fclet\u00e9snapra, keresztel\u0151re vagy kar\u00e1csonyra.\n\nCsomag tartalma:\n\u2714 1 db akril\u00fcveg UV nyomtatott mint\u00e1val\n\u2714 1 db fa LED talp\n\u2714 1 db USB t\u00f6lt\u0151k\u00e1bel (t\u00f6lt\u0151fej n\u00e9lk\u00fcl)","price":"11990.00","unit":"db","recommended":"0","status":"1","sponsored":"0","exp_notify":"0","own_material":"0","own_material_description_old":null,"own_material_description":"","jury":"0","jury_number":"","product_nature":"","meskaracsony":"0","create_date":"2026-01-21 11:56:03","shelve_id":"0","image":"nyuszikert_product_622009_250923110351_384439.jpeg","image_width":"480","image_height":"480","image_alt":"Akril \u00e9jjeli f\u00e9ny nyomtatott mint\u00e1val- tavaszi erdei \u00e1llatok, Var\u00e1zsolj meghitt hangulatot otthonodba ezekkel az eleg\u00e1ns akril\u00fcveg \u00e9jjeli f\u00e9nyekkel!\\nA mint\u00e1k UV n..., Meska","image_title":"Akril \u00e9jjeli f\u00e9ny nyomtatott mint\u00e1val- tavaszi erdei \u00e1llatok, Meska","view_count":"200","favourite_count":"0","trending_score":"0","last2MonthFavouriteCount":"0","promotion":"0","giftcard_accept":"0","creditcard_accept":true,"enhanced_background":"0","domain":"meska","specific_customer_id":null,"specific_customer_name":null,"to_order_product":"1","to_order_product_time":"5","product_different":null,"product_different_description":"","vintage":"0","vintage_category_id":"0","recycled":"0","gemstone_id":"0","customizable":"1","type_category":"physical","zerowaste":"0","postage_price":"1290.00","shop_order":"0","has_category":"1","landing_pages":null,"microdata":{"number":92,"category":""},"title":"Akril \u00e9jjeli f\u00e9ny nyomtatott mint\u00e1val- tavaszi erdei \u00e1llatok","description":"Var\u00e1zsolj meghitt hangulatot otthonodba ezekkel az eleg\u00e1ns akril\u00fcveg \u00e9jjeli f\u00e9nyekkel!\nA mint\u00e1k UV nyomtat\u00e1ssal k\u00e9sz\u00fclnek, \u00edgy rendk\u00edv\u00fcl r\u00e9szletgazdagok, \u00e9l\u00e9nk sz\u00edn\u0171ek \u00e9s tart\u00f3sak \u2013 nem kopnak, nem fakulnak, hossz\u00fa \u00e9veken \u00e1t meg\u0151rzik sz\u00e9ps\u00e9g\u00fcket.\n\nMi\u00e9rt fogod szeretni?\n\nHordozhat\u00f3 \u00e9s k\u00e1belmentes \u2013 b\u00e1rhol elhelyezheted.\n\nAk\u00e1r 120 \u00f3r\u00e1s \u00fczemid\u0151 egyetlen t\u00f6lt\u00e9ssel.\n\n\u00dajrat\u00f6lthet\u0151 akkumul\u00e1tor \u2013 k\u00f6rnyezetbar\u00e1t \u00e9s k\u00f6lts\u00e9ghat\u00e9kony.\n\nLED vil\u00e1g\u00edt\u00e1s \u2013 energiatakar\u00e9kos, stabil \u00e9s kellemes f\u00e9ny.\n\nSzem\u00e9lyre szabhat\u00f3 n\u00e9vvel, d\u00e1tummal \u00e9s mint\u00e1val.\n\nAdatok:\n\nM\u00e9ret: kb. 15 \u00d7 16 cm\n\nAnyag: 5 mm akril\u00fcveg + fa LED talp\n\nVil\u00e1g\u00edt\u00e1s: LED\n\nT\u00f6k\u00e9letes aj\u00e1nd\u00e9k babak\u00f6sz\u00f6nt\u0151re, sz\u00fclet\u00e9snapra, keresztel\u0151re vagy kar\u00e1csonyra.\n\nCsomag tartalma:\n\u2714 1 db akril\u00fcveg UV nyomtatott mint\u00e1val\n\u2714 1 db fa LED talp\n\u2714 1 db USB t\u00f6lt\u0151k\u00e1bel (t\u00f6lt\u0151fej n\u00e9lk\u00fcl)","score":0,"formatted_price":"11 990 Ft","image_url":"https:\/\/www.meska.hu\/img\/product\/small\/n\/y\/nyuszikert_product_622009_250923110351_384439.jpeg","formatted_url":"https:\/\/www.meska.hu\/p5622405-akril-ejjeli-feny-nyomtatott-mintaval-tavaszi-erdei-allatok","favourite":false,"in_stock":false,"avatar":"622009_avatar_1701843989.jpeg","delete_from":0,"is_enhanced_background":false,"is_enhanced":false,"product_selection_started":false,"is_active":true,"image_webp_url":"https:\/\/www.meska.hu\/img\/product\/small\/n\/y\/nyuszikert_product_622009_250923110351_384439.webp"},{"id":"5925717","shop_id":"43575","user_id":"622009","shop_name":"nyuszikert","shop_zip":"9144","product_code":"5622396","product_name_old":null,"product_name":"Akril \u00e9jjeli f\u00e9ny nyomtatott mint\u00e1val- s\u00fcni","category_string":"Baba - mama, \u00c9jszakai f\u00e9ny, Babaszoba dekor\u00e1ci\u00f3","technic_string":"Mindenm\u00e1s","category_1":"1735","category_2":"1761","category_3":"1466","category_4":"0","merged_category_1":null,"merged_category_2":null,"merged_category_3":null,"technic_1":"493","technic_2":"0","technic_3":"0","color_1":"513","color_2":"0","color_3":"0","product_description_old":null,"product_description":"Var\u00e1zsolj meghitt hangulatot otthonodba ezekkel az eleg\u00e1ns akril\u00fcveg \u00e9jjeli f\u00e9nyekkel!\nA mint\u00e1k UV nyomtat\u00e1ssal k\u00e9sz\u00fclnek, \u00edgy rendk\u00edv\u00fcl r\u00e9szletgazdagok, \u00e9l\u00e9nk sz\u00edn\u0171ek \u00e9s tart\u00f3sak \u2013 nem kopnak, nem fakulnak, hossz\u00fa \u00e9veken \u00e1t meg\u0151rzik sz\u00e9ps\u00e9g\u00fcket.\n\nMi\u00e9rt fogod szeretni?\n\nHordozhat\u00f3 \u00e9s k\u00e1belmentes \u2013 b\u00e1rhol elhelyezheted.\n\nAk\u00e1r 120 \u00f3r\u00e1s \u00fczemid\u0151 egyetlen t\u00f6lt\u00e9ssel.\n\n\u00dajrat\u00f6lthet\u0151 akkumul\u00e1tor \u2013 k\u00f6rnyezetbar\u00e1t \u00e9s k\u00f6lts\u00e9ghat\u00e9kony.\n\nLED vil\u00e1g\u00edt\u00e1s \u2013 energiatakar\u00e9kos, stabil \u00e9s kellemes f\u00e9ny.\n\nSzem\u00e9lyre szabhat\u00f3 n\u00e9vvel, d\u00e1tummal \u00e9s mint\u00e1val.\n\nAdatok:\n\nM\u00e9ret: kb. 15 \u00d7 16 cm\n\nAnyag: 5 mm akril\u00fcveg + fa LED talp\n\nVil\u00e1g\u00edt\u00e1s: LED\n\nT\u00f6k\u00e9letes aj\u00e1nd\u00e9k babak\u00f6sz\u00f6nt\u0151re, sz\u00fclet\u00e9snapra, keresztel\u0151re vagy kar\u00e1csonyra.\n\nCsomag tartalma:\n\u2714 1 db akril\u00fcveg UV nyomtatott mint\u00e1val\n\u2714 1 db fa LED talp\n\u2714 1 db USB t\u00f6lt\u0151k\u00e1bel (t\u00f6lt\u0151fej n\u00e9lk\u00fcl)","price":"11990.00","unit":"db","recommended":"0","status":"1","sponsored":"0","exp_notify":"0","own_material":"0","own_material_description_old":null,"own_material_description":"","jury":"0","jury_number":"","product_nature":"","meskaracsony":"0","create_date":"2026-01-21 11:56:02","shelve_id":"0","image":"nyuszikert_product_622009_250923105910_77472.jpeg","image_width":"480","image_height":"480","image_alt":"Akril \u00e9jjeli f\u00e9ny nyomtatott mint\u00e1val- s\u00fcni, Var\u00e1zsolj meghitt hangulatot otthonodba ezekkel az eleg\u00e1ns akril\u00fcveg \u00e9jjeli f\u00e9nyekkel!\\nA mint\u00e1k UV n..., Meska","image_title":"Akril \u00e9jjeli f\u00e9ny nyomtatott mint\u00e1val- s\u00fcni, Meska","view_count":"216","favourite_count":"0","trending_score":"0","last2MonthFavouriteCount":"0","promotion":"0","giftcard_accept":"0","creditcard_accept":true,"enhanced_background":"0","domain":"meska","specific_customer_id":null,"specific_customer_name":null,"to_order_product":"1","to_order_product_time":"5","product_different":null,"product_different_description":"","vintage":"0","vintage_category_id":"0","recycled":"0","gemstone_id":"0","customizable":"1","type_category":"physical","zerowaste":"0","postage_price":"1290.00","shop_order":"0","has_category":"1","landing_pages":null,"microdata":{"number":93,"category":""},"title":"Akril \u00e9jjeli f\u00e9ny nyomtatott mint\u00e1val- s\u00fcni","description":"Var\u00e1zsolj meghitt hangulatot otthonodba ezekkel az eleg\u00e1ns akril\u00fcveg \u00e9jjeli f\u00e9nyekkel!\nA mint\u00e1k UV nyomtat\u00e1ssal k\u00e9sz\u00fclnek, \u00edgy rendk\u00edv\u00fcl r\u00e9szletgazdagok, \u00e9l\u00e9nk sz\u00edn\u0171ek \u00e9s tart\u00f3sak \u2013 nem kopnak, nem fakulnak, hossz\u00fa \u00e9veken \u00e1t meg\u0151rzik sz\u00e9ps\u00e9g\u00fcket.\n\nMi\u00e9rt fogod szeretni?\n\nHordozhat\u00f3 \u00e9s k\u00e1belmentes \u2013 b\u00e1rhol elhelyezheted.\n\nAk\u00e1r 120 \u00f3r\u00e1s \u00fczemid\u0151 egyetlen t\u00f6lt\u00e9ssel.\n\n\u00dajrat\u00f6lthet\u0151 akkumul\u00e1tor \u2013 k\u00f6rnyezetbar\u00e1t \u00e9s k\u00f6lts\u00e9ghat\u00e9kony.\n\nLED vil\u00e1g\u00edt\u00e1s \u2013 energiatakar\u00e9kos, stabil \u00e9s kellemes f\u00e9ny.\n\nSzem\u00e9lyre szabhat\u00f3 n\u00e9vvel, d\u00e1tummal \u00e9s mint\u00e1val.\n\nAdatok:\n\nM\u00e9ret: kb. 15 \u00d7 16 cm\n\nAnyag: 5 mm akril\u00fcveg + fa LED talp\n\nVil\u00e1g\u00edt\u00e1s: LED\n\nT\u00f6k\u00e9letes aj\u00e1nd\u00e9k babak\u00f6sz\u00f6nt\u0151re, sz\u00fclet\u00e9snapra, keresztel\u0151re vagy kar\u00e1csonyra.\n\nCsomag tartalma:\n\u2714 1 db akril\u00fcveg UV nyomtatott mint\u00e1val\n\u2714 1 db fa LED talp\n\u2714 1 db USB t\u00f6lt\u0151k\u00e1bel (t\u00f6lt\u0151fej n\u00e9lk\u00fcl)","score":0,"formatted_price":"11 990 Ft","image_url":"https:\/\/www.meska.hu\/img\/product\/small\/n\/y\/nyuszikert_product_622009_250923105910_77472.jpeg","formatted_url":"https:\/\/www.meska.hu\/p5622396-akril-ejjeli-feny-nyomtatott-mintaval-suni","favourite":false,"in_stock":false,"avatar":"622009_avatar_1701843989.jpeg","delete_from":0,"is_enhanced_background":false,"is_enhanced":false,"product_selection_started":false,"is_active":true,"image_webp_url":"https:\/\/www.meska.hu\/img\/product\/small\/n\/y\/nyuszikert_product_622009_250923105910_77472.webp"},{"id":"5925720","shop_id":"43575","user_id":"622009","shop_name":"nyuszikert","shop_zip":"9144","product_code":"5622398","product_name_old":null,"product_name":"Akril \u00e9jjeli f\u00e9ny nyomtatott mint\u00e1val- s\u00fcni vir\u00e1gokkal","category_string":"Baba - mama, \u00c9jszakai f\u00e9ny, Babaszoba dekor\u00e1ci\u00f3","technic_string":"Mindenm\u00e1s","category_1":"1735","category_2":"1761","category_3":"1466","category_4":"0","merged_category_1":null,"merged_category_2":null,"merged_category_3":null,"technic_1":"493","technic_2":"0","technic_3":"0","color_1":"513","color_2":"0","color_3":"0","product_description_old":null,"product_description":"Var\u00e1zsolj meghitt hangulatot otthonodba ezekkel az eleg\u00e1ns akril\u00fcveg \u00e9jjeli f\u00e9nyekkel!\nA mint\u00e1k UV nyomtat\u00e1ssal k\u00e9sz\u00fclnek, \u00edgy rendk\u00edv\u00fcl r\u00e9szletgazdagok, \u00e9l\u00e9nk sz\u00edn\u0171ek \u00e9s tart\u00f3sak \u2013 nem kopnak, nem fakulnak, hossz\u00fa \u00e9veken \u00e1t meg\u0151rzik sz\u00e9ps\u00e9g\u00fcket.\n\nMi\u00e9rt fogod szeretni?\n\nHordozhat\u00f3 \u00e9s k\u00e1belmentes \u2013 b\u00e1rhol elhelyezheted.\n\nAk\u00e1r 120 \u00f3r\u00e1s \u00fczemid\u0151 egyetlen t\u00f6lt\u00e9ssel.\n\n\u00dajrat\u00f6lthet\u0151 akkumul\u00e1tor \u2013 k\u00f6rnyezetbar\u00e1t \u00e9s k\u00f6lts\u00e9ghat\u00e9kony.\n\nLED vil\u00e1g\u00edt\u00e1s \u2013 energiatakar\u00e9kos, stabil \u00e9s kellemes f\u00e9ny.\n\nSzem\u00e9lyre szabhat\u00f3 n\u00e9vvel, d\u00e1tummal \u00e9s mint\u00e1val.\n\nAdatok:\n\nM\u00e9ret: kb. 15 \u00d7 16 cm\n\nAnyag: 5 mm akril\u00fcveg + fa LED talp\n\nVil\u00e1g\u00edt\u00e1s: LED\n\nT\u00f6k\u00e9letes aj\u00e1nd\u00e9k babak\u00f6sz\u00f6nt\u0151re, sz\u00fclet\u00e9snapra, keresztel\u0151re vagy kar\u00e1csonyra.\n\nCsomag tartalma:\n\u2714 1 db akril\u00fcveg UV nyomtatott mint\u00e1val\n\u2714 1 db fa LED talp\n\u2714 1 db USB t\u00f6lt\u0151k\u00e1bel (t\u00f6lt\u0151fej n\u00e9lk\u00fcl)","price":"11990.00","unit":"db","recommended":"0","status":"1","sponsored":"0","exp_notify":"0","own_material":"0","own_material_description_old":null,"own_material_description":"","jury":"0","jury_number":"","product_nature":"","meskaracsony":"0","create_date":"2026-01-21 11:56:02","shelve_id":"0","image":"nyuszikert_product_622009_250923105956_21193.jpeg","image_width":"480","image_height":"480","image_alt":"Akril \u00e9jjeli f\u00e9ny nyomtatott mint\u00e1val- s\u00fcni vir\u00e1gokkal, Var\u00e1zsolj meghitt hangulatot otthonodba ezekkel az eleg\u00e1ns akril\u00fcveg \u00e9jjeli f\u00e9nyekkel!\\nA mint\u00e1k UV n..., Meska","image_title":"Akril \u00e9jjeli f\u00e9ny nyomtatott mint\u00e1val- s\u00fcni vir\u00e1gokkal, Meska","view_count":"166","favourite_count":"0","trending_score":"0","last2MonthFavouriteCount":"0","promotion":"0","giftcard_accept":"0","creditcard_accept":true,"enhanced_background":"0","domain":"meska","specific_customer_id":null,"specific_customer_name":null,"to_order_product":"1","to_order_product_time":"5","product_different":null,"product_different_description":"","vintage":"0","vintage_category_id":"0","recycled":"0","gemstone_id":"0","customizable":"1","type_category":"physical","zerowaste":"0","postage_price":"1290.00","shop_order":"0","has_category":"1","landing_pages":null,"microdata":{"number":94,"category":""},"title":"Akril \u00e9jjeli f\u00e9ny nyomtatott mint\u00e1val- s\u00fcni vir\u00e1gokkal","description":"Var\u00e1zsolj meghitt hangulatot otthonodba ezekkel az eleg\u00e1ns akril\u00fcveg \u00e9jjeli f\u00e9nyekkel!\nA mint\u00e1k UV nyomtat\u00e1ssal k\u00e9sz\u00fclnek, \u00edgy rendk\u00edv\u00fcl r\u00e9szletgazdagok, \u00e9l\u00e9nk sz\u00edn\u0171ek \u00e9s tart\u00f3sak \u2013 nem kopnak, nem fakulnak, hossz\u00fa \u00e9veken \u00e1t meg\u0151rzik sz\u00e9ps\u00e9g\u00fcket.\n\nMi\u00e9rt fogod szeretni?\n\nHordozhat\u00f3 \u00e9s k\u00e1belmentes \u2013 b\u00e1rhol elhelyezheted.\n\nAk\u00e1r 120 \u00f3r\u00e1s \u00fczemid\u0151 egyetlen t\u00f6lt\u00e9ssel.\n\n\u00dajrat\u00f6lthet\u0151 akkumul\u00e1tor \u2013 k\u00f6rnyezetbar\u00e1t \u00e9s k\u00f6lts\u00e9ghat\u00e9kony.\n\nLED vil\u00e1g\u00edt\u00e1s \u2013 energiatakar\u00e9kos, stabil \u00e9s kellemes f\u00e9ny.\n\nSzem\u00e9lyre szabhat\u00f3 n\u00e9vvel, d\u00e1tummal \u00e9s mint\u00e1val.\n\nAdatok:\n\nM\u00e9ret: kb. 15 \u00d7 16 cm\n\nAnyag: 5 mm akril\u00fcveg + fa LED talp\n\nVil\u00e1g\u00edt\u00e1s: LED\n\nT\u00f6k\u00e9letes aj\u00e1nd\u00e9k babak\u00f6sz\u00f6nt\u0151re, sz\u00fclet\u00e9snapra, keresztel\u0151re vagy kar\u00e1csonyra.\n\nCsomag tartalma:\n\u2714 1 db akril\u00fcveg UV nyomtatott mint\u00e1val\n\u2714 1 db fa LED talp\n\u2714 1 db USB t\u00f6lt\u0151k\u00e1bel (t\u00f6lt\u0151fej n\u00e9lk\u00fcl)","score":0,"formatted_price":"11 990 Ft","image_url":"https:\/\/www.meska.hu\/img\/product\/small\/n\/y\/nyuszikert_product_622009_250923105956_21193.jpeg","formatted_url":"https:\/\/www.meska.hu\/p5622398-akril-ejjeli-feny-nyomtatott-mintaval-suni-viragokkal","favourite":false,"in_stock":false,"avatar":"622009_avatar_1701843989.jpeg","delete_from":0,"is_enhanced_background":false,"is_enhanced":false,"product_selection_started":false,"is_active":true,"image_webp_url":"https:\/\/www.meska.hu\/img\/product\/small\/n\/y\/nyuszikert_product_622009_250923105956_21193.webp"},{"id":"5925715","shop_id":"43575","user_id":"622009","shop_name":"nyuszikert","shop_zip":"9144","product_code":"5622394","product_name_old":null,"product_name":"Akril \u00e9jjeli f\u00e9ny nyomtatott mint\u00e1val- nyuszi vir\u00e1gokkal","category_string":"Baba - mama, \u00c9jszakai f\u00e9ny, Babaszoba dekor\u00e1ci\u00f3","technic_string":"Mindenm\u00e1s","category_1":"1735","category_2":"1761","category_3":"1466","category_4":"0","merged_category_1":null,"merged_category_2":null,"merged_category_3":null,"technic_1":"493","technic_2":"0","technic_3":"0","color_1":"513","color_2":"0","color_3":"0","product_description_old":null,"product_description":"Var\u00e1zsolj meghitt hangulatot otthonodba ezekkel az eleg\u00e1ns akril\u00fcveg \u00e9jjeli f\u00e9nyekkel!\nA mint\u00e1k UV nyomtat\u00e1ssal k\u00e9sz\u00fclnek, \u00edgy rendk\u00edv\u00fcl r\u00e9szletgazdagok, \u00e9l\u00e9nk sz\u00edn\u0171ek \u00e9s tart\u00f3sak \u2013 nem kopnak, nem fakulnak, hossz\u00fa \u00e9veken \u00e1t meg\u0151rzik sz\u00e9ps\u00e9g\u00fcket.\n\nMi\u00e9rt fogod szeretni?\n\nHordozhat\u00f3 \u00e9s k\u00e1belmentes \u2013 b\u00e1rhol elhelyezheted.\n\nAk\u00e1r 120 \u00f3r\u00e1s \u00fczemid\u0151 egyetlen t\u00f6lt\u00e9ssel.\n\n\u00dajrat\u00f6lthet\u0151 akkumul\u00e1tor \u2013 k\u00f6rnyezetbar\u00e1t \u00e9s k\u00f6lts\u00e9ghat\u00e9kony.\n\nLED vil\u00e1g\u00edt\u00e1s \u2013 energiatakar\u00e9kos, stabil \u00e9s kellemes f\u00e9ny.\n\nSzem\u00e9lyre szabhat\u00f3 n\u00e9vvel, d\u00e1tummal \u00e9s mint\u00e1val.\n\nAdatok:\n\nM\u00e9ret: kb. 15 \u00d7 16 cm\n\nAnyag: 5 mm akril\u00fcveg + fa LED talp\n\nVil\u00e1g\u00edt\u00e1s: LED\n\nT\u00f6k\u00e9letes aj\u00e1nd\u00e9k babak\u00f6sz\u00f6nt\u0151re, sz\u00fclet\u00e9snapra, keresztel\u0151re vagy kar\u00e1csonyra.\n\nCsomag tartalma:\n\u2714 1 db akril\u00fcveg UV nyomtatott mint\u00e1val\n\u2714 1 db fa LED talp\n\u2714 1 db USB t\u00f6lt\u0151k\u00e1bel (t\u00f6lt\u0151fej n\u00e9lk\u00fcl)","price":"11990.00","unit":"db","recommended":"0","status":"1","sponsored":"0","exp_notify":"0","own_material":"0","own_material_description_old":null,"own_material_description":"","jury":"0","jury_number":"","product_nature":"","meskaracsony":"0","create_date":"2026-01-21 11:56:01","shelve_id":"0","image":"nyuszikert_product_622009_250923105713_347493.jpeg","image_width":"480","image_height":"480","image_alt":"Akril \u00e9jjeli f\u00e9ny nyomtatott mint\u00e1val- nyuszi vir\u00e1gokkal, Var\u00e1zsolj meghitt hangulatot otthonodba ezekkel az eleg\u00e1ns akril\u00fcveg \u00e9jjeli f\u00e9nyekkel!\\nA mint\u00e1k UV n..., Meska","image_title":"Akril \u00e9jjeli f\u00e9ny nyomtatott mint\u00e1val- nyuszi vir\u00e1gokkal, Meska","view_count":"154","favourite_count":"0","trending_score":"0","last2MonthFavouriteCount":"0","promotion":"0","giftcard_accept":"0","creditcard_accept":true,"enhanced_background":"0","domain":"meska","specific_customer_id":null,"specific_customer_name":null,"to_order_product":"1","to_order_product_time":"5","product_different":null,"product_different_description":"","vintage":"0","vintage_category_id":"0","recycled":"0","gemstone_id":"0","customizable":"1","type_category":"physical","zerowaste":"0","postage_price":"1290.00","shop_order":"0","has_category":"1","landing_pages":null,"microdata":{"number":95,"category":""},"title":"Akril \u00e9jjeli f\u00e9ny nyomtatott mint\u00e1val- nyuszi vir\u00e1gokkal","description":"Var\u00e1zsolj meghitt hangulatot otthonodba ezekkel az eleg\u00e1ns akril\u00fcveg \u00e9jjeli f\u00e9nyekkel!\nA mint\u00e1k UV nyomtat\u00e1ssal k\u00e9sz\u00fclnek, \u00edgy rendk\u00edv\u00fcl r\u00e9szletgazdagok, \u00e9l\u00e9nk sz\u00edn\u0171ek \u00e9s tart\u00f3sak \u2013 nem kopnak, nem fakulnak, hossz\u00fa \u00e9veken \u00e1t meg\u0151rzik sz\u00e9ps\u00e9g\u00fcket.\n\nMi\u00e9rt fogod szeretni?\n\nHordozhat\u00f3 \u00e9s k\u00e1belmentes \u2013 b\u00e1rhol elhelyezheted.\n\nAk\u00e1r 120 \u00f3r\u00e1s \u00fczemid\u0151 egyetlen t\u00f6lt\u00e9ssel.\n\n\u00dajrat\u00f6lthet\u0151 akkumul\u00e1tor \u2013 k\u00f6rnyezetbar\u00e1t \u00e9s k\u00f6lts\u00e9ghat\u00e9kony.\n\nLED vil\u00e1g\u00edt\u00e1s \u2013 energiatakar\u00e9kos, stabil \u00e9s kellemes f\u00e9ny.\n\nSzem\u00e9lyre szabhat\u00f3 n\u00e9vvel, d\u00e1tummal \u00e9s mint\u00e1val.\n\nAdatok:\n\nM\u00e9ret: kb. 15 \u00d7 16 cm\n\nAnyag: 5 mm akril\u00fcveg + fa LED talp\n\nVil\u00e1g\u00edt\u00e1s: LED\n\nT\u00f6k\u00e9letes aj\u00e1nd\u00e9k babak\u00f6sz\u00f6nt\u0151re, sz\u00fclet\u00e9snapra, keresztel\u0151re vagy kar\u00e1csonyra.\n\nCsomag tartalma:\n\u2714 1 db akril\u00fcveg UV nyomtatott mint\u00e1val\n\u2714 1 db fa LED talp\n\u2714 1 db USB t\u00f6lt\u0151k\u00e1bel (t\u00f6lt\u0151fej n\u00e9lk\u00fcl)","score":0,"formatted_price":"11 990 Ft","image_url":"https:\/\/www.meska.hu\/img\/product\/small\/n\/y\/nyuszikert_product_622009_250923105713_347493.jpeg","formatted_url":"https:\/\/www.meska.hu\/p5622394-akril-ejjeli-feny-nyomtatott-mintaval-nyuszi-viragokkal","favourite":false,"in_stock":false,"avatar":"622009_avatar_1701843989.jpeg","delete_from":0,"is_enhanced_background":false,"is_enhanced":false,"product_selection_started":false,"is_active":true,"image_webp_url":"https:\/\/www.meska.hu\/img\/product\/small\/n\/y\/nyuszikert_product_622009_250923105713_347493.webp"},{"id":"5925725","shop_id":"43575","user_id":"622009","shop_name":"nyuszikert","shop_zip":"9144","product_code":"5622403","product_name_old":null,"product_name":"Akril \u00e9jjeli f\u00e9ny nyomtatott mint\u00e1val- sziv\u00e1rv\u00e1ny","category_string":"Baba - mama, \u00c9jszakai f\u00e9ny, Babaszoba dekor\u00e1ci\u00f3","technic_string":"Mindenm\u00e1s","category_1":"1735","category_2":"1761","category_3":"1466","category_4":"0","merged_category_1":null,"merged_category_2":null,"merged_category_3":null,"technic_1":"493","technic_2":"0","technic_3":"0","color_1":"513","color_2":"0","color_3":"0","product_description_old":null,"product_description":"Var\u00e1zsolj meghitt hangulatot otthonodba ezekkel az eleg\u00e1ns akril\u00fcveg \u00e9jjeli f\u00e9nyekkel!\nA mint\u00e1k UV nyomtat\u00e1ssal k\u00e9sz\u00fclnek, \u00edgy rendk\u00edv\u00fcl r\u00e9szletgazdagok, \u00e9l\u00e9nk sz\u00edn\u0171ek \u00e9s tart\u00f3sak \u2013 nem kopnak, nem fakulnak, hossz\u00fa \u00e9veken \u00e1t meg\u0151rzik sz\u00e9ps\u00e9g\u00fcket.\n\nMi\u00e9rt fogod szeretni?\n\nHordozhat\u00f3 \u00e9s k\u00e1belmentes \u2013 b\u00e1rhol elhelyezheted.\n\nAk\u00e1r 120 \u00f3r\u00e1s \u00fczemid\u0151 egyetlen t\u00f6lt\u00e9ssel.\n\n\u00dajrat\u00f6lthet\u0151 akkumul\u00e1tor \u2013 k\u00f6rnyezetbar\u00e1t \u00e9s k\u00f6lts\u00e9ghat\u00e9kony.\n\nLED vil\u00e1g\u00edt\u00e1s \u2013 energiatakar\u00e9kos, stabil \u00e9s kellemes f\u00e9ny.\n\nSzem\u00e9lyre szabhat\u00f3 n\u00e9vvel, d\u00e1tummal \u00e9s mint\u00e1val.\n\nAdatok:\n\nM\u00e9ret: kb. 15 \u00d7 16 cm\n\nAnyag: 5 mm akril\u00fcveg + fa LED talp\n\nVil\u00e1g\u00edt\u00e1s: LED\n\nT\u00f6k\u00e9letes aj\u00e1nd\u00e9k babak\u00f6sz\u00f6nt\u0151re, sz\u00fclet\u00e9snapra, keresztel\u0151re vagy kar\u00e1csonyra.\n\nCsomag tartalma:\n\u2714 1 db akril\u00fcveg UV nyomtatott mint\u00e1val\n\u2714 1 db fa LED talp\n\u2714 1 db USB t\u00f6lt\u0151k\u00e1bel (t\u00f6lt\u0151fej n\u00e9lk\u00fcl)","price":"11990.00","unit":"db","recommended":"0","status":"1","sponsored":"0","exp_notify":"0","own_material":"0","own_material_description_old":null,"own_material_description":"","jury":"0","jury_number":"","product_nature":"","meskaracsony":"0","create_date":"2026-01-21 11:56:00","shelve_id":"0","image":"nyuszikert_product_622009_250923110245_331755.jpeg","image_width":"480","image_height":"480","image_alt":"Akril \u00e9jjeli f\u00e9ny nyomtatott mint\u00e1val- sziv\u00e1rv\u00e1ny, Var\u00e1zsolj meghitt hangulatot otthonodba ezekkel az eleg\u00e1ns akril\u00fcveg \u00e9jjeli f\u00e9nyekkel!\\nA mint\u00e1k UV n..., Meska","image_title":"Akril \u00e9jjeli f\u00e9ny nyomtatott mint\u00e1val- sziv\u00e1rv\u00e1ny, Meska","view_count":"117","favourite_count":"0","trending_score":"0","last2MonthFavouriteCount":"0","promotion":"0","giftcard_accept":"0","creditcard_accept":true,"enhanced_background":"0","domain":"meska","specific_customer_id":null,"specific_customer_name":null,"to_order_product":"1","to_order_product_time":"5","product_different":null,"product_different_description":"","vintage":"0","vintage_category_id":"0","recycled":"0","gemstone_id":"0","customizable":"1","type_category":"physical","zerowaste":"0","postage_price":"1290.00","shop_order":"0","has_category":"1","landing_pages":null,"microdata":{"number":96,"category":""},"title":"Akril \u00e9jjeli f\u00e9ny nyomtatott mint\u00e1val- sziv\u00e1rv\u00e1ny","description":"Var\u00e1zsolj meghitt hangulatot otthonodba ezekkel az eleg\u00e1ns akril\u00fcveg \u00e9jjeli f\u00e9nyekkel!\nA mint\u00e1k UV nyomtat\u00e1ssal k\u00e9sz\u00fclnek, \u00edgy rendk\u00edv\u00fcl r\u00e9szletgazdagok, \u00e9l\u00e9nk sz\u00edn\u0171ek \u00e9s tart\u00f3sak \u2013 nem kopnak, nem fakulnak, hossz\u00fa \u00e9veken \u00e1t meg\u0151rzik sz\u00e9ps\u00e9g\u00fcket.\n\nMi\u00e9rt fogod szeretni?\n\nHordozhat\u00f3 \u00e9s k\u00e1belmentes \u2013 b\u00e1rhol elhelyezheted.\n\nAk\u00e1r 120 \u00f3r\u00e1s \u00fczemid\u0151 egyetlen t\u00f6lt\u00e9ssel.\n\n\u00dajrat\u00f6lthet\u0151 akkumul\u00e1tor \u2013 k\u00f6rnyezetbar\u00e1t \u00e9s k\u00f6lts\u00e9ghat\u00e9kony.\n\nLED vil\u00e1g\u00edt\u00e1s \u2013 energiatakar\u00e9kos, stabil \u00e9s kellemes f\u00e9ny.\n\nSzem\u00e9lyre szabhat\u00f3 n\u00e9vvel, d\u00e1tummal \u00e9s mint\u00e1val.\n\nAdatok:\n\nM\u00e9ret: kb. 15 \u00d7 16 cm\n\nAnyag: 5 mm akril\u00fcveg + fa LED talp\n\nVil\u00e1g\u00edt\u00e1s: LED\n\nT\u00f6k\u00e9letes aj\u00e1nd\u00e9k babak\u00f6sz\u00f6nt\u0151re, sz\u00fclet\u00e9snapra, keresztel\u0151re vagy kar\u00e1csonyra.\n\nCsomag tartalma:\n\u2714 1 db akril\u00fcveg UV nyomtatott mint\u00e1val\n\u2714 1 db fa LED talp\n\u2714 1 db USB t\u00f6lt\u0151k\u00e1bel (t\u00f6lt\u0151fej n\u00e9lk\u00fcl)","score":0,"formatted_price":"11 990 Ft","image_url":"https:\/\/www.meska.hu\/img\/product\/small\/n\/y\/nyuszikert_product_622009_250923110245_331755.jpeg","formatted_url":"https:\/\/www.meska.hu\/p5622403-akril-ejjeli-feny-nyomtatott-mintaval-szivarvany","favourite":false,"in_stock":false,"avatar":"622009_avatar_1701843989.jpeg","delete_from":0,"is_enhanced_background":false,"is_enhanced":false,"product_selection_started":false,"is_active":true,"image_webp_url":"https:\/\/www.meska.hu\/img\/product\/small\/n\/y\/nyuszikert_product_622009_250923110245_331755.webp"},{"id":"5925733","shop_id":"43575","user_id":"622009","shop_name":"nyuszikert","shop_zip":"9144","product_code":"5622411","product_name_old":null,"product_name":"Akril \u00e9jjeli f\u00e9ny nyomtatott mint\u00e1val- vak\u00e1ci\u00f3","category_string":"Baba - mama, \u00c9jszakai f\u00e9ny, Babaszoba dekor\u00e1ci\u00f3","technic_string":"Mindenm\u00e1s","category_1":"1735","category_2":"1761","category_3":"1466","category_4":"0","merged_category_1":null,"merged_category_2":null,"merged_category_3":null,"technic_1":"493","technic_2":"0","technic_3":"0","color_1":"513","color_2":"0","color_3":"0","product_description_old":null,"product_description":"Var\u00e1zsolj meghitt hangulatot otthonodba ezekkel az eleg\u00e1ns akril\u00fcveg \u00e9jjeli f\u00e9nyekkel!\nA mint\u00e1k UV nyomtat\u00e1ssal k\u00e9sz\u00fclnek, \u00edgy rendk\u00edv\u00fcl r\u00e9szletgazdagok, \u00e9l\u00e9nk sz\u00edn\u0171ek \u00e9s tart\u00f3sak \u2013 nem kopnak, nem fakulnak, hossz\u00fa \u00e9veken \u00e1t meg\u0151rzik sz\u00e9ps\u00e9g\u00fcket.\n\nMi\u00e9rt fogod szeretni?\n\nHordozhat\u00f3 \u00e9s k\u00e1belmentes \u2013 b\u00e1rhol elhelyezheted.\n\nAk\u00e1r 120 \u00f3r\u00e1s \u00fczemid\u0151 egyetlen t\u00f6lt\u00e9ssel.\n\n\u00dajrat\u00f6lthet\u0151 akkumul\u00e1tor \u2013 k\u00f6rnyezetbar\u00e1t \u00e9s k\u00f6lts\u00e9ghat\u00e9kony.\n\nLED vil\u00e1g\u00edt\u00e1s \u2013 energiatakar\u00e9kos, stabil \u00e9s kellemes f\u00e9ny.\n\nSzem\u00e9lyre szabhat\u00f3 n\u00e9vvel, d\u00e1tummal \u00e9s mint\u00e1val.\n\nAdatok:\n\nM\u00e9ret: kb. 15 \u00d7 16 cm\n\nAnyag: 5 mm akril\u00fcveg + fa LED talp\n\nVil\u00e1g\u00edt\u00e1s: LED\n\nT\u00f6k\u00e9letes aj\u00e1nd\u00e9k babak\u00f6sz\u00f6nt\u0151re, sz\u00fclet\u00e9snapra, keresztel\u0151re vagy kar\u00e1csonyra.\n\nCsomag tartalma:\n\u2714 1 db akril\u00fcveg UV nyomtatott mint\u00e1val\n\u2714 1 db fa LED talp\n\u2714 1 db USB t\u00f6lt\u0151k\u00e1bel (t\u00f6lt\u0151fej n\u00e9lk\u00fcl)","price":"11990.00","unit":"db","recommended":"0","status":"1","sponsored":"0","exp_notify":"0","own_material":"0","own_material_description_old":null,"own_material_description":"","jury":"0","jury_number":"","product_nature":"","meskaracsony":"0","create_date":"2026-01-21 11:55:54","shelve_id":"0","image":"nyuszikert_product_622009_250923110746_712344.jpeg","image_width":"480","image_height":"480","image_alt":"Akril \u00e9jjeli f\u00e9ny nyomtatott mint\u00e1val- vak\u00e1ci\u00f3, Var\u00e1zsolj meghitt hangulatot otthonodba ezekkel az eleg\u00e1ns akril\u00fcveg \u00e9jjeli f\u00e9nyekkel!\\nA mint\u00e1k UV n..., Meska","image_title":"Akril \u00e9jjeli f\u00e9ny nyomtatott mint\u00e1val- vak\u00e1ci\u00f3, Meska","view_count":"129","favourite_count":"0","trending_score":"0","last2MonthFavouriteCount":"0","promotion":"0","giftcard_accept":"0","creditcard_accept":true,"enhanced_background":"0","domain":"meska","specific_customer_id":null,"specific_customer_name":null,"to_order_product":"1","to_order_product_time":"5","product_different":null,"product_different_description":"","vintage":"0","vintage_category_id":"0","recycled":"0","gemstone_id":"0","customizable":"1","type_category":"physical","zerowaste":"0","postage_price":"1290.00","shop_order":"0","has_category":"1","landing_pages":null,"microdata":{"number":97,"category":""},"title":"Akril \u00e9jjeli f\u00e9ny nyomtatott mint\u00e1val- vak\u00e1ci\u00f3","description":"Var\u00e1zsolj meghitt hangulatot otthonodba ezekkel az eleg\u00e1ns akril\u00fcveg \u00e9jjeli f\u00e9nyekkel!\nA mint\u00e1k UV nyomtat\u00e1ssal k\u00e9sz\u00fclnek, \u00edgy rendk\u00edv\u00fcl r\u00e9szletgazdagok, \u00e9l\u00e9nk sz\u00edn\u0171ek \u00e9s tart\u00f3sak \u2013 nem kopnak, nem fakulnak, hossz\u00fa \u00e9veken \u00e1t meg\u0151rzik sz\u00e9ps\u00e9g\u00fcket.\n\nMi\u00e9rt fogod szeretni?\n\nHordozhat\u00f3 \u00e9s k\u00e1belmentes \u2013 b\u00e1rhol elhelyezheted.\n\nAk\u00e1r 120 \u00f3r\u00e1s \u00fczemid\u0151 egyetlen t\u00f6lt\u00e9ssel.\n\n\u00dajrat\u00f6lthet\u0151 akkumul\u00e1tor \u2013 k\u00f6rnyezetbar\u00e1t \u00e9s k\u00f6lts\u00e9ghat\u00e9kony.\n\nLED vil\u00e1g\u00edt\u00e1s \u2013 energiatakar\u00e9kos, stabil \u00e9s kellemes f\u00e9ny.\n\nSzem\u00e9lyre szabhat\u00f3 n\u00e9vvel, d\u00e1tummal \u00e9s mint\u00e1val.\n\nAdatok:\n\nM\u00e9ret: kb. 15 \u00d7 16 cm\n\nAnyag: 5 mm akril\u00fcveg + fa LED talp\n\nVil\u00e1g\u00edt\u00e1s: LED\n\nT\u00f6k\u00e9letes aj\u00e1nd\u00e9k babak\u00f6sz\u00f6nt\u0151re, sz\u00fclet\u00e9snapra, keresztel\u0151re vagy kar\u00e1csonyra.\n\nCsomag tartalma:\n\u2714 1 db akril\u00fcveg UV nyomtatott mint\u00e1val\n\u2714 1 db fa LED talp\n\u2714 1 db USB t\u00f6lt\u0151k\u00e1bel (t\u00f6lt\u0151fej n\u00e9lk\u00fcl)","score":0,"formatted_price":"11 990 Ft","image_url":"https:\/\/www.meska.hu\/img\/product\/small\/n\/y\/nyuszikert_product_622009_250923110746_712344.jpeg","formatted_url":"https:\/\/www.meska.hu\/p5622411-akril-ejjeli-feny-nyomtatott-mintaval-vakacio","favourite":false,"in_stock":false,"avatar":"622009_avatar_1701843989.jpeg","delete_from":0,"is_enhanced_background":false,"is_enhanced":false,"product_selection_started":false,"is_active":true,"image_webp_url":"https:\/\/www.meska.hu\/img\/product\/small\/n\/y\/nyuszikert_product_622009_250923110746_712344.webp"},{"id":"5925732","shop_id":"43575","user_id":"622009","shop_name":"nyuszikert","shop_zip":"9144","product_code":"5622410","product_name_old":null,"product_name":"Akril \u00e9jjeli f\u00e9ny nyomtatott mint\u00e1val- t\u0171zolt\u00f3 \u00e1llatok","category_string":"Baba - mama, \u00c9jszakai f\u00e9ny, Babaszoba dekor\u00e1ci\u00f3","technic_string":"Mindenm\u00e1s","category_1":"1735","category_2":"1761","category_3":"1466","category_4":"0","merged_category_1":null,"merged_category_2":null,"merged_category_3":null,"technic_1":"493","technic_2":"0","technic_3":"0","color_1":"513","color_2":"0","color_3":"0","product_description_old":null,"product_description":"Var\u00e1zsolj meghitt hangulatot otthonodba ezekkel az eleg\u00e1ns akril\u00fcveg \u00e9jjeli f\u00e9nyekkel!\nA mint\u00e1k UV nyomtat\u00e1ssal k\u00e9sz\u00fclnek, \u00edgy rendk\u00edv\u00fcl r\u00e9szletgazdagok, \u00e9l\u00e9nk sz\u00edn\u0171ek \u00e9s tart\u00f3sak \u2013 nem kopnak, nem fakulnak, hossz\u00fa \u00e9veken \u00e1t meg\u0151rzik sz\u00e9ps\u00e9g\u00fcket.\n\nMi\u00e9rt fogod szeretni?\n\nHordozhat\u00f3 \u00e9s k\u00e1belmentes \u2013 b\u00e1rhol elhelyezheted.\n\nAk\u00e1r 120 \u00f3r\u00e1s \u00fczemid\u0151 egyetlen t\u00f6lt\u00e9ssel.\n\n\u00dajrat\u00f6lthet\u0151 akkumul\u00e1tor \u2013 k\u00f6rnyezetbar\u00e1t \u00e9s k\u00f6lts\u00e9ghat\u00e9kony.\n\nLED vil\u00e1g\u00edt\u00e1s \u2013 energiatakar\u00e9kos, stabil \u00e9s kellemes f\u00e9ny.\n\nSzem\u00e9lyre szabhat\u00f3 n\u00e9vvel, d\u00e1tummal \u00e9s mint\u00e1val.\n\nAdatok:\n\nM\u00e9ret: kb. 15 \u00d7 16 cm\n\nAnyag: 5 mm akril\u00fcveg + fa LED talp\n\nVil\u00e1g\u00edt\u00e1s: LED\n\nT\u00f6k\u00e9letes aj\u00e1nd\u00e9k babak\u00f6sz\u00f6nt\u0151re, sz\u00fclet\u00e9snapra, keresztel\u0151re vagy kar\u00e1csonyra.\n\nCsomag tartalma:\n\u2714 1 db akril\u00fcveg UV nyomtatott mint\u00e1val\n\u2714 1 db fa LED talp\n\u2714 1 db USB t\u00f6lt\u0151k\u00e1bel (t\u00f6lt\u0151fej n\u00e9lk\u00fcl)","price":"11990.00","unit":"db","recommended":"0","status":"1","sponsored":"0","exp_notify":"0","own_material":"0","own_material_description_old":null,"own_material_description":"","jury":"0","jury_number":"","product_nature":"","meskaracsony":"0","create_date":"2026-01-21 11:55:51","shelve_id":"0","image":"nyuszikert_product_622009_250923110654_855362.jpeg","image_width":"480","image_height":"480","image_alt":"Akril \u00e9jjeli f\u00e9ny nyomtatott mint\u00e1val- t\u0171zolt\u00f3 \u00e1llatok, Var\u00e1zsolj meghitt hangulatot otthonodba ezekkel az eleg\u00e1ns akril\u00fcveg \u00e9jjeli f\u00e9nyekkel!\\nA mint\u00e1k UV n..., Meska","image_title":"Akril \u00e9jjeli f\u00e9ny nyomtatott mint\u00e1val- t\u0171zolt\u00f3 \u00e1llatok, Meska","view_count":"118","favourite_count":"0","trending_score":"0","last2MonthFavouriteCount":"0","promotion":"0","giftcard_accept":"0","creditcard_accept":true,"enhanced_background":"0","domain":"meska","specific_customer_id":null,"specific_customer_name":null,"to_order_product":"1","to_order_product_time":"5","product_different":null,"product_different_description":"","vintage":"0","vintage_category_id":"0","recycled":"0","gemstone_id":"0","customizable":"1","type_category":"physical","zerowaste":"0","postage_price":"1290.00","shop_order":"0","has_category":"1","landing_pages":null,"microdata":{"number":98,"category":""},"title":"Akril \u00e9jjeli f\u00e9ny nyomtatott mint\u00e1val- t\u0171zolt\u00f3 \u00e1llatok","description":"Var\u00e1zsolj meghitt hangulatot otthonodba ezekkel az eleg\u00e1ns akril\u00fcveg \u00e9jjeli f\u00e9nyekkel!\nA mint\u00e1k UV nyomtat\u00e1ssal k\u00e9sz\u00fclnek, \u00edgy rendk\u00edv\u00fcl r\u00e9szletgazdagok, \u00e9l\u00e9nk sz\u00edn\u0171ek \u00e9s tart\u00f3sak \u2013 nem kopnak, nem fakulnak, hossz\u00fa \u00e9veken \u00e1t meg\u0151rzik sz\u00e9ps\u00e9g\u00fcket.\n\nMi\u00e9rt fogod szeretni?\n\nHordozhat\u00f3 \u00e9s k\u00e1belmentes \u2013 b\u00e1rhol elhelyezheted.\n\nAk\u00e1r 120 \u00f3r\u00e1s \u00fczemid\u0151 egyetlen t\u00f6lt\u00e9ssel.\n\n\u00dajrat\u00f6lthet\u0151 akkumul\u00e1tor \u2013 k\u00f6rnyezetbar\u00e1t \u00e9s k\u00f6lts\u00e9ghat\u00e9kony.\n\nLED vil\u00e1g\u00edt\u00e1s \u2013 energiatakar\u00e9kos, stabil \u00e9s kellemes f\u00e9ny.\n\nSzem\u00e9lyre szabhat\u00f3 n\u00e9vvel, d\u00e1tummal \u00e9s mint\u00e1val.\n\nAdatok:\n\nM\u00e9ret: kb. 15 \u00d7 16 cm\n\nAnyag: 5 mm akril\u00fcveg + fa LED talp\n\nVil\u00e1g\u00edt\u00e1s: LED\n\nT\u00f6k\u00e9letes aj\u00e1nd\u00e9k babak\u00f6sz\u00f6nt\u0151re, sz\u00fclet\u00e9snapra, keresztel\u0151re vagy kar\u00e1csonyra.\n\nCsomag tartalma:\n\u2714 1 db akril\u00fcveg UV nyomtatott mint\u00e1val\n\u2714 1 db fa LED talp\n\u2714 1 db USB t\u00f6lt\u0151k\u00e1bel (t\u00f6lt\u0151fej n\u00e9lk\u00fcl)","score":0,"formatted_price":"11 990 Ft","image_url":"https:\/\/www.meska.hu\/img\/product\/small\/n\/y\/nyuszikert_product_622009_250923110654_855362.jpeg","formatted_url":"https:\/\/www.meska.hu\/p5622410-akril-ejjeli-feny-nyomtatott-mintaval-tuzolto-allatok","favourite":false,"in_stock":false,"avatar":"622009_avatar_1701843989.jpeg","delete_from":0,"is_enhanced_background":false,"is_enhanced":false,"product_selection_started":false,"is_active":true,"image_webp_url":"https:\/\/www.meska.hu\/img\/product\/small\/n\/y\/nyuszikert_product_622009_250923110654_855362.webp"},{"id":"5925707","shop_id":"43575","user_id":"622009","shop_name":"nyuszikert","shop_zip":"9144","product_code":"5622386","product_name_old":null,"product_name":"Akril \u00e9jjeli f\u00e9ny nyomtatott mint\u00e1val- D\u00edn\u00f3k","category_string":"Baba - mama, \u00c9jszakai f\u00e9ny, Babaszoba dekor\u00e1ci\u00f3","technic_string":"Mindenm\u00e1s","category_1":"1735","category_2":"1761","category_3":"1466","category_4":"0","merged_category_1":null,"merged_category_2":null,"merged_category_3":null,"technic_1":"493","technic_2":"0","technic_3":"0","color_1":"513","color_2":"0","color_3":"0","product_description_old":null,"product_description":"Var\u00e1zsolj meghitt hangulatot otthonodba ezekkel az eleg\u00e1ns akril\u00fcveg \u00e9jjeli f\u00e9nyekkel!\nA mint\u00e1k UV nyomtat\u00e1ssal k\u00e9sz\u00fclnek, \u00edgy rendk\u00edv\u00fcl r\u00e9szletgazdagok, \u00e9l\u00e9nk sz\u00edn\u0171ek \u00e9s tart\u00f3sak \u2013 nem kopnak, nem fakulnak, hossz\u00fa \u00e9veken \u00e1t meg\u0151rzik sz\u00e9ps\u00e9g\u00fcket.\n\nMi\u00e9rt fogod szeretni?\n\nHordozhat\u00f3 \u00e9s k\u00e1belmentes \u2013 b\u00e1rhol elhelyezheted.\n\nAk\u00e1r 120 \u00f3r\u00e1s \u00fczemid\u0151 egyetlen t\u00f6lt\u00e9ssel.\n\n\u00dajrat\u00f6lthet\u0151 akkumul\u00e1tor \u2013 k\u00f6rnyezetbar\u00e1t \u00e9s k\u00f6lts\u00e9ghat\u00e9kony.\n\nLED vil\u00e1g\u00edt\u00e1s \u2013 energiatakar\u00e9kos, stabil \u00e9s kellemes f\u00e9ny.\n\nSzem\u00e9lyre szabhat\u00f3 n\u00e9vvel, d\u00e1tummal \u00e9s mint\u00e1val.\n\nAdatok:\n\nM\u00e9ret: kb. 15 \u00d7 16 cm\n\nAnyag: 5 mm akril\u00fcveg + fa LED talp\n\nVil\u00e1g\u00edt\u00e1s: LED\n\nT\u00f6k\u00e9letes aj\u00e1nd\u00e9k babak\u00f6sz\u00f6nt\u0151re, sz\u00fclet\u00e9snapra, keresztel\u0151re vagy kar\u00e1csonyra.\n\nCsomag tartalma:\n\u2714 1 db akril\u00fcveg UV nyomtatott mint\u00e1val\n\u2714 1 db fa LED talp\n\u2714 1 db USB t\u00f6lt\u0151k\u00e1bel (t\u00f6lt\u0151fej n\u00e9lk\u00fcl)","price":"11990.00","unit":"db","recommended":"0","status":"1","sponsored":"0","exp_notify":"0","own_material":"0","own_material_description_old":null,"own_material_description":"","jury":"0","jury_number":"","product_nature":"","meskaracsony":"0","create_date":"2026-01-21 10:55:50","shelve_id":"0","image":"nyuszikert_product_622009_250923105156_480780.jpeg","image_width":"480","image_height":"480","image_alt":"Akril \u00e9jjeli f\u00e9ny nyomtatott mint\u00e1val- D\u00edn\u00f3k, Var\u00e1zsolj meghitt hangulatot otthonodba ezekkel az eleg\u00e1ns akril\u00fcveg \u00e9jjeli f\u00e9nyekkel!\\nA mint\u00e1k UV n..., Meska","image_title":"Akril \u00e9jjeli f\u00e9ny nyomtatott mint\u00e1val- D\u00edn\u00f3k, Meska","view_count":"168","favourite_count":"0","trending_score":"0","last2MonthFavouriteCount":"0","promotion":"0","giftcard_accept":"0","creditcard_accept":true,"enhanced_background":"0","domain":"meska","specific_customer_id":null,"specific_customer_name":null,"to_order_product":"1","to_order_product_time":"5","product_different":null,"product_different_description":"","vintage":"0","vintage_category_id":"0","recycled":"0","gemstone_id":"0","customizable":"1","type_category":"physical","zerowaste":"0","postage_price":"1290.00","shop_order":"0","has_category":"1","landing_pages":null,"microdata":{"number":99,"category":""},"title":"Akril \u00e9jjeli f\u00e9ny nyomtatott mint\u00e1val- D\u00edn\u00f3k","description":"Var\u00e1zsolj meghitt hangulatot otthonodba ezekkel az eleg\u00e1ns akril\u00fcveg \u00e9jjeli f\u00e9nyekkel!\nA mint\u00e1k UV nyomtat\u00e1ssal k\u00e9sz\u00fclnek, \u00edgy rendk\u00edv\u00fcl r\u00e9szletgazdagok, \u00e9l\u00e9nk sz\u00edn\u0171ek \u00e9s tart\u00f3sak \u2013 nem kopnak, nem fakulnak, hossz\u00fa \u00e9veken \u00e1t meg\u0151rzik sz\u00e9ps\u00e9g\u00fcket.\n\nMi\u00e9rt fogod szeretni?\n\nHordozhat\u00f3 \u00e9s k\u00e1belmentes \u2013 b\u00e1rhol elhelyezheted.\n\nAk\u00e1r 120 \u00f3r\u00e1s \u00fczemid\u0151 egyetlen t\u00f6lt\u00e9ssel.\n\n\u00dajrat\u00f6lthet\u0151 akkumul\u00e1tor \u2013 k\u00f6rnyezetbar\u00e1t \u00e9s k\u00f6lts\u00e9ghat\u00e9kony.\n\nLED vil\u00e1g\u00edt\u00e1s \u2013 energiatakar\u00e9kos, stabil \u00e9s kellemes f\u00e9ny.\n\nSzem\u00e9lyre szabhat\u00f3 n\u00e9vvel, d\u00e1tummal \u00e9s mint\u00e1val.\n\nAdatok:\n\nM\u00e9ret: kb. 15 \u00d7 16 cm\n\nAnyag: 5 mm akril\u00fcveg + fa LED talp\n\nVil\u00e1g\u00edt\u00e1s: LED\n\nT\u00f6k\u00e9letes aj\u00e1nd\u00e9k babak\u00f6sz\u00f6nt\u0151re, sz\u00fclet\u00e9snapra, keresztel\u0151re vagy kar\u00e1csonyra.\n\nCsomag tartalma:\n\u2714 1 db akril\u00fcveg UV nyomtatott mint\u00e1val\n\u2714 1 db fa LED talp\n\u2714 1 db USB t\u00f6lt\u0151k\u00e1bel (t\u00f6lt\u0151fej n\u00e9lk\u00fcl)","score":0,"formatted_price":"11 990 Ft","image_url":"https:\/\/www.meska.hu\/img\/product\/small\/n\/y\/nyuszikert_product_622009_250923105156_480780.jpeg","formatted_url":"https:\/\/www.meska.hu\/p5622386-akril-ejjeli-nyomtatott-mintaval-dinok","favourite":false,"in_stock":false,"avatar":"622009_avatar_1701843989.jpeg","delete_from":0,"is_enhanced_background":false,"is_enhanced":false,"product_selection_started":false,"is_active":true,"image_webp_url":"https:\/\/www.meska.hu\/img\/product\/small\/n\/y\/nyuszikert_product_622009_250923105156_480780.webp"}],"canonicals":{"canonical":"https:\/\/www.meska.hu\/s\/ejszakai-feny\/c-1761","next":"https:\/\/www.meska.hu\/s\/ejszakai-feny\/c-1761:p-2"},"seo":{"title":"\u00c9jszakai f\u00e9ny babaszob\u00e1ba, k\u00e9zm\u0171ves baba l\u00e1mp\u00e1k - Meska","seoTitle":"\u00c9jszakai f\u00e9ny","seoDescription":"A <strong>babaszoba l\u00e1mpa<\/strong> kateg\u00f3ri\u00e1ban olyan gondosan v\u00e1logatott k\u00e9zm\u0171ves f\u00e9nyforr\u00e1sokat tal\u00e1lsz, amelyek megnyugtat\u00f3, l\u00e1gy f\u00e9nnyel vil\u00e1g\u00edtj\u00e1k meg a babaszob\u00e1t \u00e9s a gyerekszob\u00e1t. A Meska k\u00e9zm\u0171vesei egyedi, k\u00e9zzel k\u00e9sz\u00edtett <strong>\u00e9jszakai f\u00e9ny babaszob\u00e1ba<\/strong> darabokat alkotnak, amelyek egyszerre praktikusak \u00e9s dekorat\u00edvak. Ezek a k\u00fcl\u00f6nleges l\u00e1mp\u00e1k nemcsak haszn\u00e1lati t\u00e1rgyak, hanem a babaszoba hangulatos d\u00edszei is, amelyek seg\u00edtenek megteremteni azt a biztons\u00e1gos, szeretetteljes k\u00f6rnyezetet, amit minden sz\u00fcl\u0151 szeretne gyermeke sz\u00e1m\u00e1ra.\n\nA <strong>l\u00e1mpa babaszob\u00e1ba<\/strong> kiv\u00e1laszt\u00e1sa fontos d\u00f6nt\u00e9s minden sz\u00fcl\u0151 \u00e9let\u00e9ben, hiszen az \u00e9jszakai megvil\u00e1g\u00edt\u00e1s kulcsszerepet j\u00e1tszik a nyugodt \u00e9jszak\u00e1kban. Legyen sz\u00f3 \u00e9jszakai etet\u00e9sr\u0151l, pelenk\u00e1z\u00e1sr\u00f3l vagy arr\u00f3l, hogy a gyermek megnyugodjon, ha fel\u00e9bred, a megfelel\u0151 <strong>\u00e9jjeli f\u00e9ny babaszob\u00e1ba<\/strong> n\u00e9lk\u00fcl\u00f6zhetetlen t\u00e1rs. A Meska oldal\u00e1n tal\u00e1lhat\u00f3 k\u00e9zm\u0171ves l\u00e1mp\u00e1k term\u00e9szetes anyagokb\u00f3l k\u00e9sz\u00fclnek, gyeng\u00e9d, szemk\u00edm\u00e9l\u0151 f\u00e9nyt \u00e1rasztanak, \u00e9s olyan egyedi diz\u00e1jnnal rendelkeznek, amelyek t\u00f6k\u00e9letesen illeszkednek a babaszoba st\u00edlus\u00e1hoz.\n\n<h2 class=\"text-meska\/base-orange\"><strong>Babaszoba l\u00e1mpa<\/strong> \u2013 k\u00e9zm\u0171ves min\u0151s\u00e9g \u00e9s praktikus elegancia<\/h2>\n\nA <strong>babaszoba l\u00e1mpa<\/strong> kateg\u00f3ri\u00e1ban sz\u00e9les v\u00e1laszt\u00e9kban tal\u00e1lsz k\u00e9zm\u0171ves \u00e9jszakai vil\u00e1g\u00edt\u00e1st, amelyek minden ig\u00e9nyt kiel\u00e9g\u00edtenek. A Meska alkot\u00f3i k\u00fcl\u00f6nleges figyelmet ford\u00edtanak arra, hogy a l\u00e1mp\u00e1k ne csak gy\u00f6ny\u00f6r\u0171ek legyenek, hanem praktikusak is: a f\u00e9nyer\u0151 \u00e1ll\u00edthat\u00f3, a form\u00e1k bar\u00e1ts\u00e1gosak, az anyagok biztons\u00e1gosak. Egy j\u00f3l megv\u00e1lasztott <strong>l\u00e1mpa babaszob\u00e1ba<\/strong> \u00e9vekig szolg\u00e1lja a csal\u00e1dot \u2013 kezdve az \u00fajsz\u00fcl\u00f6ttkort\u00f3l, amikor az \u00e9jszakai etet\u00e9sekhez n\u00e9lk\u00fcl\u00f6zhetetlen, eg\u00e9szen addig, am\u00edg a gyermek \u00f6n\u00e1ll\u00f3an is haszn\u00e1lja az \u00e9jszakai eligazod\u00e1shoz. A k\u00e9zm\u0171ves l\u00e1mp\u00e1k egyedi karaktert adnak a babaszob\u00e1nak, hiszen minden darab m\u00e1s, minden egyes l\u00e1mpa m\u00f6g\u00f6tt egy alkot\u00f3 gondoskod\u00e1sa \u00e9s kreativit\u00e1sa \u00e1ll. A term\u00e9szetes fa, a puha textil vagy a k\u00e9zzel festett ker\u00e1mia mind-mind olyan anyagok, amelyek otthonoss\u00e1, melegg\u00e9 teszik a teret.\n\n<h2 class=\"text-meska\/base-orange\"><strong>\u00c9jszakai f\u00e9ny babaszob\u00e1ba<\/strong> \u2013 megnyugv\u00e1s \u00e9s biztons\u00e1g<\/h2>\n\nAz <strong>\u00e9jszakai f\u00e9ny babaszob\u00e1ba<\/strong> t\u00f6bb mint praktikus eszk\u00f6z \u2013 ez a gyermek biztons\u00e1g\u00e9rzet\u00e9nek \u00e9s nyugodt alv\u00e1s\u00e1nak alapja. Az <strong>\u00e9jjeli f\u00e9ny babaszob\u00e1ba<\/strong> l\u00e1gy, meleg f\u00e9nye megnyugtatja a bab\u00e1t, seg\u00edt az elalv\u00e1sban, \u00e9s k\u00f6nnyebb\u00e9 teszi az \u00e9jszakai fel\u00e9bred\u00e9seket is. A gyermekek sokszor f\u00e9lnek a s\u00f6t\u00e9tben, \u00e9s egy kedves, bar\u00e1ts\u00e1gos <strong>\u00e9jjeli l\u00e1mpa babaszob\u00e1ba<\/strong> igazi t\u00e1rs lehet sz\u00e1mukra az \u00e9jszaka folyam\u00e1n. A Meska k\u00e9zm\u0171vesei \u00e1ltal k\u00e9sz\u00edtett \u00e9jszakai f\u00e9nyek k\u00fcl\u00f6nf\u00e9le form\u00e1kban \u00e9s st\u00edlusokban \u00e9rhet\u0151k el: van k\u00f6zt\u00fck csillag, hold, \u00e1llatfigura vagy egyszer\u0171, letisztult formatervez\u00e9s\u0171 darab is. Minden l\u00e1mpa k\u00f6z\u00f6s jellemz\u0151je, hogy gyeng\u00e9d, szemk\u00edm\u00e9l\u0151 f\u00e9nyt \u00e1raszt, amely nem zavarja az alv\u00e1st, m\u00e9gis elegend\u0151 ahhoz, hogy a sz\u00fcl\u0151k biztons\u00e1gosan el tudjanak igazodni a szob\u00e1ban. Az <strong>\u00e9jszakai f\u00e9ny babaszob\u00e1ba<\/strong> ide\u00e1lis aj\u00e1nd\u00e9k babav\u00e1r\u00f3 bulira vagy keresztel\u0151re is, hiszen olyan praktikus t\u00e1rgy, amelyet a csal\u00e1d hossz\u00fa \u00e9vekig haszn\u00e1lni fog.\n\n<h2 class=\"text-meska\/base-orange\"><strong>Fali l\u00e1mpa babaszob\u00e1ba<\/strong> \u2013 helytakar\u00e9kos \u00e9s st\u00edlusos megold\u00e1s<\/h2>\n\nA <strong>fali l\u00e1mpa babaszob\u00e1ba<\/strong> kiv\u00e1l\u00f3 v\u00e1laszt\u00e1s azok sz\u00e1m\u00e1ra, akik helytakar\u00e9kos, biztons\u00e1gos \u00e9s st\u00edlusos megold\u00e1st keresnek. Ezek a l\u00e1mp\u00e1k a falra szerelhet\u0151k, \u00edgy nem foglalnak helyet az \u00e9jjeliszekr\u00e9nyen vagy a polcon, r\u00e1ad\u00e1sul a gyermek sem tudja k\u00f6nnyen el\u00e9rni vagy felbor\u00edtani \u0151ket. A k\u00e9zm\u0171ves <strong>fali l\u00e1mpa babaszob\u00e1ba<\/strong> darabok gyakran egyedi mint\u00e1kkal, k\u00e9zzel festett mot\u00edvumokkal vagy term\u00e9szetes fa fel\u00fclettel k\u00e9sz\u00fclnek, amelyek harmonikusan illeszkednek a babaszoba term\u00e9szetes, bar\u00e1ts\u00e1gos hangulat\u00e1hoz. A falra szerelt l\u00e1mp\u00e1k k\u00f6nnyen bekapcsolhat\u00f3k, \u00e9s t\u00f6k\u00e9letesen megvil\u00e1g\u00edtj\u00e1k a pelenk\u00e1z\u00f3 ter\u00fcletet vagy az etet\u0151sarkot, mik\u00f6zben nem veszik el a szoba egy\u00e9b funkci\u00f3ihoz sz\u00fcks\u00e9ges helyet. A Meska oldal\u00e1n tal\u00e1lhat\u00f3 <strong>babaszoba \u00e9jjeli f\u00e9ny<\/strong> v\u00e1laszt\u00e9kban olyan fali megold\u00e1sok is tal\u00e1lhat\u00f3k, amelyek energiatakar\u00e9kosak, LED f\u00e9nyforr\u00e1ssal m\u0171k\u00f6dnek, \u00e9s hossz\u00fa \u00e9lettartam\u00faak.\n\nFedezd fel a Meska <strong>babaszoba l\u00e1mpa<\/strong> kateg\u00f3ri\u00e1j\u00e1nak egyedi, k\u00e9zm\u0171ves darabjait, \u00e9s v\u00e1lassz olyan \u00e9jszakai f\u00e9nyt, amely nemcsak praktikus, hanem a babaszoba st\u00edlusos d\u00edsze is lesz. A magyar k\u00e9zm\u0171vesek \u00e1ltal k\u00e9sz\u00edtett l\u00e1mp\u00e1k mindegyike k\u00fcl\u00f6nleges gonddal, term\u00e9szetes anyagokb\u00f3l \u00e9s egyedi diz\u00e1jnnal k\u00e9sz\u00fcl, hogy a legjobbat ny\u00fajthassa gyermeked sz\u00e1m\u00e1ra. V\u00e1s\u00e1rolj most, \u00e9s teremts otthon egy nyugodt, meleg \u00e9s biztons\u00e1gos k\u00f6rnyezetet, ahol gyermeked boldogan alszik \u00e9s nyugodtan n\u00f6vekszik!\n\n<h2 class=\"text-meska\/base-orange\"><strong>Kinek aj\u00e1nljuk \u00e9s mi\u00e9rt<\/strong> az \u00e9jszakai f\u00e9ny term\u00e9keket<\/h2>\n\nAz \u00e9jszakai f\u00e9ny kateg\u00f3ria els\u0151sorban kismam\u00e1knak \u00e9s anyuk\u00e1knak aj\u00e1nlott, akik \u00fajsz\u00fcl\u00f6tt vagy csecsem\u0151 bab\u00e1juk sz\u00e1m\u00e1ra keresnek biztons\u00e1gos, l\u00e1gy f\u00e9ny\u0171 megvil\u00e1g\u00edt\u00e1st az \u00e9jszakai etet\u00e9sekhez, pelenk\u00e1z\u00e1shoz \u00e9s az alv\u00e1s megk\u00f6nny\u00edt\u00e9s\u00e9hez. A <strong>babaszoba l\u00e1mpa<\/strong> n\u00e9lk\u00fcl\u00f6zhetetlen t\u00e1rs a v\u00e1rand\u00f3s any\u00e1k sz\u00e1m\u00e1ra is, akik a babaszoba berendez\u00e9s\u00e9t k\u00e9sz\u00edtik el\u0151 \u2013 egy gondosan kiv\u00e1lasztott l\u00e1mpa \u00e9vekig szolg\u00e1lja majd a csal\u00e1dot.\n\nKisgyermekes sz\u00fcl\u0151knek, akiknek \u00f3vod\u00e1s vagy kisiskol\u00e1s gyermeke m\u00e9g mindig ig\u00e9nyli az \u00e9jszakai megnyugtat\u00f3 f\u00e9nyt, szint\u00e9n kiv\u00e1l\u00f3 v\u00e1laszt\u00e1s ez a kateg\u00f3ria, hiszen a gyerekek sz\u00e1m\u00e1ra biztons\u00e1g\u00e9rzetet ny\u00fajt \u00e9s seg\u00edt legy\u0151zni a s\u00f6t\u00e9tt\u0151l val\u00f3 f\u00e9lelmet. Aj\u00e1nljuk m\u00e9g nagysz\u00fcl\u0151knek is, akik szem\u00e9lyes, k\u00e9zm\u0171ves aj\u00e1nd\u00e9kot keresnek unok\u00e1juk babaszob\u00e1j\u00e1ba, valamint bar\u00e1tn\u0151knek \u00e9s csal\u00e1dtagoknak, akik babav\u00e1r\u00f3 aj\u00e1nd\u00e9kot szeretn\u00e9nek v\u00e1s\u00e1rolni \u2013 egy <strong>\u00e9jjeli f\u00e9ny babaszob\u00e1ba<\/strong> olyan hasznos \u00e9s sz\u00edvb\u0151l j\u00f6v\u0151 aj\u00e1nd\u00e9k, amely hossz\u00fa t\u00e1von eml\u00e9kezetes marad.","metaDescription":"\u00c9jjeli f\u00e9ny babaszob\u00e1ba magyar alkot\u00f3kt\u00f3l. \u2705 Praktikus \u2705 Dekorat\u00edv \u2705 Tart\u00f3s. Fedezd fel a k\u00edn\u00e1latot! ","metaNoIndex":0,"metaNoFollow":0,"seoFound":true,"canonicals":"https:\/\/www.meska.hu\/s\/ejszakai-feny\/c-1761"},"breadcrumb":[{"position":1,"name":"Meska.hu","url":"https:\/\/www.meska.hu","last":false},{"position":2,"name":"Baba - mama","url":"https:\/\/www.meska.hu\/s\/baba-mama\/c-1735","last":false},{"position":3,"name":"Babaszoba dekor\u00e1ci\u00f3","url":"https:\/\/www.meska.hu\/s\/babaszoba-dekoracio\/c-1466","last":false},{"position":4,"name":"\u00c9jszakai f\u00e9ny","url":"https:\/\/www.meska.hu\/s\/ejszakai-feny\/c-1761","last":true}],"h1":"\u00c9jszakai f\u00e9ny","url":{"url":"https:\/\/www.meska.hu\/s\/ejszakai-feny\/c-1761","title":"Mind","_debug_":false},"_count_":100}