{"_terms_":{"phrase":"*","category_id":"1796","category_ids":"1796","facets":"n","p":"1","pp":"100","sort_by":"create_date","sort_direction":"desc","product_type":"kezmuves|alapanyag|vintage","session_id":"plcb94bn3gsm6vod81nk9o3fsf"},"total":299,"products":[{"id":"4770170","shop_id":"40441","user_id":"561877","shop_name":"TigramSecondLife","shop_zip":"6757","product_code":"4943475","product_name_old":null,"product_name":"Textil ty\u00fak","category_string":"\u00dcnnepi d\u00edszek, dekor\u00e1ci\u00f3k, H\u00fasv\u00e9ti d\u00edszek \u00e9s dekor\u00e1ci\u00f3k, H\u00fasv\u00e9ti asztald\u00edszek","technic_string":"\u00dajrahasznos\u00edtott alapanyagb\u00f3l k\u00e9sz\u00fclt term\u00e9kek","category_1":"1818","category_2":"1803","category_3":"1796","category_4":"0","merged_category_1":null,"merged_category_2":null,"merged_category_3":null,"technic_1":"504","technic_2":"0","technic_3":"0","color_1":"516","color_2":"519","color_3":"525","product_description_old":null,"product_description":"\u00dajrahasznos\u00edtott anyagb\u00f3l k\u00e9sz\u00fclt, rafia f\u00e9szken \u00fcld\u00f6g\u00e9l\u0151 ty\u00fakok. A taraja \u00e9s a sz\u00e1rnyai filcb\u0151l k\u00e9sz\u00fcltek. Az akaszt\u00f3 seg\u00edts\u00e9g\u00e9vel b\u00e1rhova feltehet\u0151, de asztald\u00edsznek, locsol\u00f3 aj\u00e1nd\u00e9knak vagy toj\u00e1svad\u00e1szatra is megfelel\u0151 v\u00e1laszt\u00e1s. Magass\u00e1ga: 8 cm Sz\u00e9less\u00e9ge: 9 cm","price":"1000.00","unit":"db","recommended":"0","status":"1","sponsored":"0","exp_notify":"0","own_material":"0","own_material_description_old":null,"own_material_description":"","jury":"0","jury_number":"","product_nature":"","meskaracsony":"0","create_date":"2026-08-30 21:26:50","shelve_id":"77037","image":"tigramsecondlife_product_561877_230326215607_055431.jpeg","image_width":"480","image_height":"640","image_alt":"Textil ty\u00fak, \u00dajrahasznos\u00edtott anyagb\u00f3l k\u00e9sz\u00fclt, rafia f\u00e9szken \u00fcld\u00f6g\u00e9l\u0151 ty\u00fakok. A taraja \u00e9s a sz\u00e1rnyai filcb\u0151l k\u00e9s..., Meska","image_title":"Textil ty\u00fak, Meska","view_count":"509","favourite_count":"0","trending_score":"0","last2MonthFavouriteCount":"0","promotion":"0","giftcard_accept":"0","creditcard_accept":false,"enhanced_background":"0","domain":"meska","specific_customer_id":null,"specific_customer_name":null,"to_order_product":"0","to_order_product_time":"0","product_different":null,"product_different_description":"","vintage":"0","vintage_category_id":"0","recycled":"0","gemstone_id":"0","customizable":"0","type_category":"physical","zerowaste":"0","postage_price":"1290.00","shop_order":"0","has_category":"1","landing_pages":null,"microdata":{"number":1,"category":""},"title":"Textil ty\u00fak","description":"\u00dajrahasznos\u00edtott anyagb\u00f3l k\u00e9sz\u00fclt, rafia f\u00e9szken \u00fcld\u00f6g\u00e9l\u0151 ty\u00fakok. A taraja \u00e9s a sz\u00e1rnyai filcb\u0151l k\u00e9sz\u00fcltek. Az akaszt\u00f3 seg\u00edts\u00e9g\u00e9vel b\u00e1rhova feltehet\u0151, de asztald\u00edsznek, locsol\u00f3 aj\u00e1nd\u00e9knak vagy toj\u00e1svad\u00e1szatra is megfelel\u0151 v\u00e1laszt\u00e1s. Magass\u00e1ga: 8 cm Sz\u00e9less\u00e9ge: 9 cm","score":0,"formatted_price":"1 000 Ft","image_url":"https:\/\/www.meska.hu\/img\/product\/small\/t\/i\/tigramsecondlife_product_561877_230326215607_055431.jpeg","formatted_url":"https:\/\/www.meska.hu\/p4943475-husveti-tyuk","favourite":false,"in_stock":true,"avatar":"561877_avatar_1678034143.jpeg","delete_from":0,"is_enhanced_background":false,"is_enhanced":false,"product_selection_started":false,"is_active":true,"image_webp_url":"https:\/\/www.meska.hu\/img\/product\/small\/t\/i\/tigramsecondlife_product_561877_230326215607_055431.webp"},{"id":"4770192","shop_id":"40441","user_id":"561877","shop_name":"TigramSecondLife","shop_zip":"6757","product_code":"4943496","product_name_old":null,"product_name":"Textil ty\u00fak","category_string":"\u00dcnnepi d\u00edszek, dekor\u00e1ci\u00f3k, H\u00fasv\u00e9ti d\u00edszek \u00e9s dekor\u00e1ci\u00f3k, H\u00fasv\u00e9ti asztald\u00edszek","technic_string":"\u00dajrahasznos\u00edtott alapanyagb\u00f3l k\u00e9sz\u00fclt term\u00e9kek","category_1":"1818","category_2":"1803","category_3":"1796","category_4":"0","merged_category_1":null,"merged_category_2":null,"merged_category_3":null,"technic_1":"504","technic_2":"0","technic_3":"0","color_1":"514","color_2":"515","color_3":"526","product_description_old":null,"product_description":"\u00dajrahasznos\u00edtott anyagb\u00f3l k\u00e9sz\u00fclt, rafia f\u00e9szken \u00fcld\u00f6g\u00e9l\u0151 ty\u00fakok. A taraja \u00e9s a sz\u00e1rnyai filcb\u0151l k\u00e9sz\u00fcltek. Az akaszt\u00f3 seg\u00edts\u00e9g\u00e9vel b\u00e1rhova feltehet\u0151, de asztald\u00edsznek, locsol\u00f3 aj\u00e1nd\u00e9knak vagy toj\u00e1svad\u00e1szatra is megfelel\u0151 v\u00e1laszt\u00e1s. Magass\u00e1ga: 8 cm Sz\u00e9less\u00e9ge: 9 cm","price":"1000.00","unit":"db","recommended":"0","status":"1","sponsored":"0","exp_notify":"0","own_material":"0","own_material_description_old":null,"own_material_description":"","jury":"0","jury_number":"","product_nature":"","meskaracsony":"0","create_date":"2026-08-30 21:26:48","shelve_id":"77037","image":"tigramsecondlife_product_561877_230326215746_443823.jpeg","image_width":"480","image_height":"640","image_alt":"Textil ty\u00fak, \u00dajrahasznos\u00edtott anyagb\u00f3l k\u00e9sz\u00fclt, rafia f\u00e9szken \u00fcld\u00f6g\u00e9l\u0151 ty\u00fakok. A taraja \u00e9s a sz\u00e1rnyai filcb\u0151l k\u00e9s..., Meska","image_title":"Textil ty\u00fak, Meska","view_count":"599","favourite_count":"0","trending_score":"0","last2MonthFavouriteCount":"0","promotion":"0","giftcard_accept":"0","creditcard_accept":false,"enhanced_background":"0","domain":"meska","specific_customer_id":null,"specific_customer_name":null,"to_order_product":"0","to_order_product_time":"0","product_different":null,"product_different_description":"","vintage":"0","vintage_category_id":"0","recycled":"0","gemstone_id":"0","customizable":"0","type_category":"physical","zerowaste":"0","postage_price":"2390.00","shop_order":"0","has_category":"1","landing_pages":null,"microdata":{"number":2,"category":""},"title":"Textil ty\u00fak","description":"\u00dajrahasznos\u00edtott anyagb\u00f3l k\u00e9sz\u00fclt, rafia f\u00e9szken \u00fcld\u00f6g\u00e9l\u0151 ty\u00fakok. A taraja \u00e9s a sz\u00e1rnyai filcb\u0151l k\u00e9sz\u00fcltek. Az akaszt\u00f3 seg\u00edts\u00e9g\u00e9vel b\u00e1rhova feltehet\u0151, de asztald\u00edsznek, locsol\u00f3 aj\u00e1nd\u00e9knak vagy toj\u00e1svad\u00e1szatra is megfelel\u0151 v\u00e1laszt\u00e1s. Magass\u00e1ga: 8 cm Sz\u00e9less\u00e9ge: 9 cm","score":0,"formatted_price":"1 000 Ft","image_url":"https:\/\/www.meska.hu\/img\/product\/small\/t\/i\/tigramsecondlife_product_561877_230326215746_443823.jpeg","formatted_url":"https:\/\/www.meska.hu\/p4943496-husveti-tyuk","favourite":false,"in_stock":true,"avatar":"561877_avatar_1678034143.jpeg","delete_from":0,"is_enhanced_background":false,"is_enhanced":false,"product_selection_started":false,"is_active":true,"image_webp_url":"https:\/\/www.meska.hu\/img\/product\/small\/t\/i\/tigramsecondlife_product_561877_230326215746_443823.webp"},{"id":"4770212","shop_id":"40441","user_id":"561877","shop_name":"TigramSecondLife","shop_zip":"6757","product_code":"4943514","product_name_old":null,"product_name":"Textil ty\u00fak","category_string":"\u00dcnnepi d\u00edszek, dekor\u00e1ci\u00f3k, H\u00fasv\u00e9ti d\u00edszek \u00e9s dekor\u00e1ci\u00f3k, H\u00fasv\u00e9ti asztald\u00edszek","technic_string":"\u00dajrahasznos\u00edtott alapanyagb\u00f3l k\u00e9sz\u00fclt term\u00e9kek","category_1":"1818","category_2":"1803","category_3":"1796","category_4":"0","merged_category_1":null,"merged_category_2":null,"merged_category_3":null,"technic_1":"504","technic_2":"0","technic_3":"0","color_1":"519","color_2":"531","color_3":"529","product_description_old":null,"product_description":"\u00dajrahasznos\u00edtott anyagb\u00f3l k\u00e9sz\u00fclt, rafia f\u00e9szken \u00fcld\u00f6g\u00e9l\u0151 ty\u00fakok. A taraja \u00e9s a sz\u00e1rnyai filcb\u0151l k\u00e9sz\u00fcltek. Az akaszt\u00f3 seg\u00edts\u00e9g\u00e9vel b\u00e1rhova feltehet\u0151, de asztald\u00edsznek, locsol\u00f3 aj\u00e1nd\u00e9knak vagy toj\u00e1svad\u00e1szatra is megfelel\u0151 v\u00e1laszt\u00e1s. Magass\u00e1ga: 8 cm Sz\u00e9less\u00e9ge: 9 cm","price":"1200.00","unit":"db","recommended":"0","status":"1","sponsored":"0","exp_notify":"0","own_material":"0","own_material_description_old":null,"own_material_description":"","jury":"0","jury_number":"","product_nature":"","meskaracsony":"0","create_date":"2026-08-30 21:26:46","shelve_id":"77037","image":"tigramsecondlife_product_561877_230326215928_20462.jpeg","image_width":"480","image_height":"640","image_alt":"Textil ty\u00fak, \u00dajrahasznos\u00edtott anyagb\u00f3l k\u00e9sz\u00fclt, rafia f\u00e9szken \u00fcld\u00f6g\u00e9l\u0151 ty\u00fakok. A taraja \u00e9s a sz\u00e1rnyai filcb\u0151l k\u00e9s..., Meska","image_title":"Textil ty\u00fak, Meska","view_count":"714","favourite_count":"0","trending_score":"0","last2MonthFavouriteCount":"0","promotion":"0","giftcard_accept":"0","creditcard_accept":false,"enhanced_background":"0","domain":"meska","specific_customer_id":null,"specific_customer_name":null,"to_order_product":"0","to_order_product_time":"0","product_different":null,"product_different_description":"","vintage":"0","vintage_category_id":"0","recycled":"0","gemstone_id":"0","customizable":"0","type_category":"physical","zerowaste":"0","postage_price":"1290.00","shop_order":"0","has_category":"1","landing_pages":null,"microdata":{"number":3,"category":""},"title":"Textil ty\u00fak","description":"\u00dajrahasznos\u00edtott anyagb\u00f3l k\u00e9sz\u00fclt, rafia f\u00e9szken \u00fcld\u00f6g\u00e9l\u0151 ty\u00fakok. A taraja \u00e9s a sz\u00e1rnyai filcb\u0151l k\u00e9sz\u00fcltek. Az akaszt\u00f3 seg\u00edts\u00e9g\u00e9vel b\u00e1rhova feltehet\u0151, de asztald\u00edsznek, locsol\u00f3 aj\u00e1nd\u00e9knak vagy toj\u00e1svad\u00e1szatra is megfelel\u0151 v\u00e1laszt\u00e1s. Magass\u00e1ga: 8 cm Sz\u00e9less\u00e9ge: 9 cm","score":0,"formatted_price":"1 200 Ft","image_url":"https:\/\/www.meska.hu\/img\/product\/small\/t\/i\/tigramsecondlife_product_561877_230326215928_20462.jpeg","formatted_url":"https:\/\/www.meska.hu\/p4943514-husveti-tyuk","favourite":false,"in_stock":true,"avatar":"561877_avatar_1678034143.jpeg","delete_from":0,"is_enhanced_background":false,"is_enhanced":false,"product_selection_started":false,"is_active":true,"image_webp_url":"https:\/\/www.meska.hu\/img\/product\/small\/t\/i\/tigramsecondlife_product_561877_230326215928_20462.webp"},{"id":"4770305","shop_id":"40441","user_id":"561877","shop_name":"TigramSecondLife","shop_zip":"6757","product_code":"4943607","product_name_old":null,"product_name":"Textil ty\u00fakok","category_string":"\u00dcnnepi d\u00edszek, dekor\u00e1ci\u00f3k, H\u00fasv\u00e9ti d\u00edszek \u00e9s dekor\u00e1ci\u00f3k, H\u00fasv\u00e9ti asztald\u00edszek","technic_string":"\u00dajrahasznos\u00edtott alapanyagb\u00f3l k\u00e9sz\u00fclt term\u00e9kek","category_1":"1818","category_2":"1803","category_3":"1796","category_4":"0","merged_category_1":null,"merged_category_2":null,"merged_category_3":null,"technic_1":"504","technic_2":"0","technic_3":"0","color_1":"519","color_2":"522","color_3":"532","product_description_old":null,"product_description":"\u00dajrahasznos\u00edtott anyagb\u00f3l k\u00e9sz\u00fclt, rafia f\u00e9szken \u00fcld\u00f6g\u00e9l\u0151 ty\u00fakok. A taraja \u00e9s a sz\u00e1rnyai filcb\u0151l k\u00e9sz\u00fcltek. Az akaszt\u00f3 seg\u00edts\u00e9g\u00e9vel b\u00e1rhova feltehet\u0151, de asztald\u00edsznek, locsol\u00f3 aj\u00e1nd\u00e9knak vagy toj\u00e1svad\u00e1szatra is megfelel\u0151 v\u00e1laszt\u00e1s. Magass\u00e1ga: 9 cm Sz\u00e9less\u00e9ge: 8 cm","price":"1200.00","unit":"db","recommended":"0","status":"1","sponsored":"0","exp_notify":"0","own_material":"0","own_material_description_old":null,"own_material_description":"","jury":"0","jury_number":"","product_nature":"","meskaracsony":"0","create_date":"2026-08-30 21:26:43","shelve_id":"77037","image":"tigramsecondlife_product_561877_230326220311_21267.jpeg","image_width":"480","image_height":"360","image_alt":"Textil ty\u00fakok, \u00dajrahasznos\u00edtott anyagb\u00f3l k\u00e9sz\u00fclt, rafia f\u00e9szken \u00fcld\u00f6g\u00e9l\u0151 ty\u00fakok. A taraja \u00e9s a sz\u00e1rnyai filcb\u0151l k\u00e9s..., Meska","image_title":"Textil ty\u00fakok, Meska","view_count":"464","favourite_count":"0","trending_score":"0","last2MonthFavouriteCount":"0","promotion":"0","giftcard_accept":"0","creditcard_accept":false,"enhanced_background":"0","domain":"meska","specific_customer_id":null,"specific_customer_name":null,"to_order_product":"0","to_order_product_time":"0","product_different":null,"product_different_description":"","vintage":"0","vintage_category_id":"0","recycled":"0","gemstone_id":"0","customizable":"0","type_category":"physical","zerowaste":"0","postage_price":"1290.00","shop_order":"0","has_category":"1","landing_pages":null,"microdata":{"number":4,"category":""},"title":"Textil ty\u00fakok","description":"\u00dajrahasznos\u00edtott anyagb\u00f3l k\u00e9sz\u00fclt, rafia f\u00e9szken \u00fcld\u00f6g\u00e9l\u0151 ty\u00fakok. A taraja \u00e9s a sz\u00e1rnyai filcb\u0151l k\u00e9sz\u00fcltek. Az akaszt\u00f3 seg\u00edts\u00e9g\u00e9vel b\u00e1rhova feltehet\u0151, de asztald\u00edsznek, locsol\u00f3 aj\u00e1nd\u00e9knak vagy toj\u00e1svad\u00e1szatra is megfelel\u0151 v\u00e1laszt\u00e1s. Magass\u00e1ga: 9 cm Sz\u00e9less\u00e9ge: 8 cm","score":0,"formatted_price":"1 200 Ft","image_url":"https:\/\/www.meska.hu\/img\/product\/small\/t\/i\/tigramsecondlife_product_561877_230326220311_21267.jpeg","formatted_url":"https:\/\/www.meska.hu\/p4943607-husveti-tyukok","favourite":false,"in_stock":true,"avatar":"561877_avatar_1678034143.jpeg","delete_from":0,"is_enhanced_background":false,"is_enhanced":false,"product_selection_started":false,"is_active":true,"image_webp_url":"https:\/\/www.meska.hu\/img\/product\/small\/t\/i\/tigramsecondlife_product_561877_230326220311_21267.webp"},{"id":"4770385","shop_id":"40441","user_id":"561877","shop_name":"TigramSecondLife","shop_zip":"6757","product_code":"4943680","product_name_old":null,"product_name":"Feh\u00e9r ty\u00fakok","category_string":"\u00dcnnepi d\u00edszek, dekor\u00e1ci\u00f3k, H\u00fasv\u00e9ti d\u00edszek \u00e9s dekor\u00e1ci\u00f3k, H\u00fasv\u00e9ti asztald\u00edszek","technic_string":"\u00dajrahasznos\u00edtott alapanyagb\u00f3l k\u00e9sz\u00fclt term\u00e9kek","category_1":"1818","category_2":"1803","category_3":"1796","category_4":"0","merged_category_1":null,"merged_category_2":null,"merged_category_3":null,"technic_1":"504","technic_2":"0","technic_3":"0","color_1":"515","color_2":"519","color_3":"0","product_description_old":null,"product_description":"\u00dajrahasznos\u00edtott anyagb\u00f3l k\u00e9sz\u00fclt, rafia f\u00e9szken \u00fcld\u00f6g\u00e9l\u0151 ty\u00fakok. A taraja \u00e9s a sz\u00e1rnyai filcb\u0151l k\u00e9sz\u00fcltek. Az akaszt\u00f3 seg\u00edts\u00e9g\u00e9vel b\u00e1rhova feltehet\u0151, de asztald\u00edsznek, locsol\u00f3 aj\u00e1nd\u00e9knak vagy toj\u00e1svad\u00e1szatra is megfelel\u0151 v\u00e1laszt\u00e1s. Magass\u00e1ga: 9 cm Sz\u00e9less\u00e9ge: 8 cm","price":"1200.00","unit":"db","recommended":"0","status":"1","sponsored":"0","exp_notify":"0","own_material":"0","own_material_description_old":null,"own_material_description":"","jury":"0","jury_number":"","product_nature":"","meskaracsony":"0","create_date":"2026-08-30 21:26:41","shelve_id":"77037","image":"tigramsecondlife_product_561877_230326221532_822656.jpeg","image_width":"480","image_height":"360","image_alt":"Feh\u00e9r ty\u00fakok, \u00dajrahasznos\u00edtott anyagb\u00f3l k\u00e9sz\u00fclt, rafia f\u00e9szken \u00fcld\u00f6g\u00e9l\u0151 ty\u00fakok. A taraja \u00e9s a sz\u00e1rnyai filcb\u0151l k\u00e9s..., Meska","image_title":"Feh\u00e9r ty\u00fakok, Meska","view_count":"709","favourite_count":"0","trending_score":"0","last2MonthFavouriteCount":"0","promotion":"0","giftcard_accept":"0","creditcard_accept":false,"enhanced_background":"0","domain":"meska","specific_customer_id":null,"specific_customer_name":null,"to_order_product":"0","to_order_product_time":"0","product_different":null,"product_different_description":"","vintage":"0","vintage_category_id":"0","recycled":"0","gemstone_id":"0","customizable":"0","type_category":"physical","zerowaste":"0","postage_price":"1290.00","shop_order":"0","has_category":"1","landing_pages":null,"microdata":{"number":5,"category":""},"title":"Feh\u00e9r ty\u00fakok","description":"\u00dajrahasznos\u00edtott anyagb\u00f3l k\u00e9sz\u00fclt, rafia f\u00e9szken \u00fcld\u00f6g\u00e9l\u0151 ty\u00fakok. A taraja \u00e9s a sz\u00e1rnyai filcb\u0151l k\u00e9sz\u00fcltek. Az akaszt\u00f3 seg\u00edts\u00e9g\u00e9vel b\u00e1rhova feltehet\u0151, de asztald\u00edsznek, locsol\u00f3 aj\u00e1nd\u00e9knak vagy toj\u00e1svad\u00e1szatra is megfelel\u0151 v\u00e1laszt\u00e1s. Magass\u00e1ga: 9 cm Sz\u00e9less\u00e9ge: 8 cm","score":0,"formatted_price":"1 200 Ft","image_url":"https:\/\/www.meska.hu\/img\/product\/small\/t\/i\/tigramsecondlife_product_561877_230326221532_822656.jpeg","formatted_url":"https:\/\/www.meska.hu\/p4943680-feher-tyukok","favourite":false,"in_stock":true,"avatar":"561877_avatar_1678034143.jpeg","delete_from":0,"is_enhanced_background":false,"is_enhanced":false,"product_selection_started":false,"is_active":true,"image_webp_url":"https:\/\/www.meska.hu\/img\/product\/small\/t\/i\/tigramsecondlife_product_561877_230326221532_822656.webp"},{"id":"4770336","shop_id":"40441","user_id":"561877","shop_name":"TigramSecondLife","shop_zip":"6757","product_code":"4943637","product_name_old":null,"product_name":"Textil ty\u00fakok","category_string":"\u00dcnnepi d\u00edszek, dekor\u00e1ci\u00f3k, H\u00fasv\u00e9ti d\u00edszek \u00e9s dekor\u00e1ci\u00f3k, H\u00fasv\u00e9ti asztald\u00edszek","technic_string":"\u00dajrahasznos\u00edtott alapanyagb\u00f3l k\u00e9sz\u00fclt term\u00e9kek","category_1":"1818","category_2":"1803","category_3":"1796","category_4":"0","merged_category_1":null,"merged_category_2":null,"merged_category_3":null,"technic_1":"504","technic_2":"0","technic_3":"0","color_1":"519","color_2":"521","color_3":"529","product_description_old":null,"product_description":"\u00dajrahasznos\u00edtott anyagb\u00f3l k\u00e9sz\u00fclt, rafia f\u00e9szken \u00fcld\u00f6g\u00e9l\u0151 ty\u00fakok. A taraja \u00e9s a sz\u00e1rnyai filcb\u0151l k\u00e9sz\u00fcltek. Az akaszt\u00f3 seg\u00edts\u00e9g\u00e9vel b\u00e1rhova feltehet\u0151, de asztald\u00edsznek, locsol\u00f3 aj\u00e1nd\u00e9knak vagy toj\u00e1svad\u00e1szatra is megfelel\u0151 v\u00e1laszt\u00e1s. Magass\u00e1ga: 9 cm Sz\u00e9less\u00e9ge: 8 cm","price":"1200.00","unit":"db","recommended":"0","status":"1","sponsored":"0","exp_notify":"0","own_material":"0","own_material_description_old":null,"own_material_description":"","jury":"0","jury_number":"","product_nature":"","meskaracsony":"0","create_date":"2026-08-30 21:26:39","shelve_id":"77037","image":"tigramsecondlife_product_561877_230326220957_32314.jpeg","image_width":"480","image_height":"360","image_alt":"Textil ty\u00fakok, \u00dajrahasznos\u00edtott anyagb\u00f3l k\u00e9sz\u00fclt, rafia f\u00e9szken \u00fcld\u00f6g\u00e9l\u0151 ty\u00fakok. A taraja \u00e9s a sz\u00e1rnyai filcb\u0151l k\u00e9s..., Meska","image_title":"Textil ty\u00fakok, Meska","view_count":"638","favourite_count":"0","trending_score":"0","last2MonthFavouriteCount":"0","promotion":"0","giftcard_accept":"0","creditcard_accept":false,"enhanced_background":"0","domain":"meska","specific_customer_id":null,"specific_customer_name":null,"to_order_product":"0","to_order_product_time":"0","product_different":null,"product_different_description":"","vintage":"0","vintage_category_id":"0","recycled":"0","gemstone_id":"0","customizable":"0","type_category":"physical","zerowaste":"0","postage_price":"1290.00","shop_order":"0","has_category":"1","landing_pages":null,"microdata":{"number":6,"category":""},"title":"Textil ty\u00fakok","description":"\u00dajrahasznos\u00edtott anyagb\u00f3l k\u00e9sz\u00fclt, rafia f\u00e9szken \u00fcld\u00f6g\u00e9l\u0151 ty\u00fakok. A taraja \u00e9s a sz\u00e1rnyai filcb\u0151l k\u00e9sz\u00fcltek. Az akaszt\u00f3 seg\u00edts\u00e9g\u00e9vel b\u00e1rhova feltehet\u0151, de asztald\u00edsznek, locsol\u00f3 aj\u00e1nd\u00e9knak vagy toj\u00e1svad\u00e1szatra is megfelel\u0151 v\u00e1laszt\u00e1s. Magass\u00e1ga: 9 cm Sz\u00e9less\u00e9ge: 8 cm","score":0,"formatted_price":"1 200 Ft","image_url":"https:\/\/www.meska.hu\/img\/product\/small\/t\/i\/tigramsecondlife_product_561877_230326220957_32314.jpeg","formatted_url":"https:\/\/www.meska.hu\/p4943637-husveti-tyukok","favourite":false,"in_stock":true,"avatar":"561877_avatar_1678034143.jpeg","delete_from":0,"is_enhanced_background":false,"is_enhanced":false,"product_selection_started":false,"is_active":true,"image_webp_url":"https:\/\/www.meska.hu\/img\/product\/small\/t\/i\/tigramsecondlife_product_561877_230326220957_32314.webp"},{"id":"4770363","shop_id":"40441","user_id":"561877","shop_name":"TigramSecondLife","shop_zip":"6757","product_code":"4943659","product_name_old":null,"product_name":"Textil ty\u00fakok","category_string":"\u00dcnnepi d\u00edszek, dekor\u00e1ci\u00f3k, H\u00fasv\u00e9ti d\u00edszek \u00e9s dekor\u00e1ci\u00f3k, H\u00fasv\u00e9ti asztald\u00edszek","technic_string":"\u00dajrahasznos\u00edtott alapanyagb\u00f3l k\u00e9sz\u00fclt term\u00e9kek","category_1":"1818","category_2":"1803","category_3":"1796","category_4":"0","merged_category_1":null,"merged_category_2":null,"merged_category_3":null,"technic_1":"504","technic_2":"0","technic_3":"0","color_1":"519","color_2":"522","color_3":"532","product_description_old":null,"product_description":"\u00dajrahasznos\u00edtott anyagb\u00f3l k\u00e9sz\u00fclt, rafia f\u00e9szken \u00fcld\u00f6g\u00e9l\u0151 ty\u00fakok. A taraja \u00e9s a sz\u00e1rnyai filcb\u0151l k\u00e9sz\u00fcltek. Az akaszt\u00f3 seg\u00edts\u00e9g\u00e9vel b\u00e1rhova feltehet\u0151, de asztald\u00edsznek, locsol\u00f3 aj\u00e1nd\u00e9knak vagy toj\u00e1svad\u00e1szatra is megfelel\u0151 v\u00e1laszt\u00e1s. Magass\u00e1ga: 9 cm Sz\u00e9less\u00e9ge: 8 cm","price":"1200.00","unit":"db","recommended":"0","status":"1","sponsored":"0","exp_notify":"0","own_material":"0","own_material_description_old":null,"own_material_description":"","jury":"0","jury_number":"","product_nature":"","meskaracsony":"0","create_date":"2026-08-30 21:26:37","shelve_id":"77037","image":"tigramsecondlife_product_561877_230326221259_485119.jpeg","image_width":"480","image_height":"360","image_alt":"Textil ty\u00fakok, \u00dajrahasznos\u00edtott anyagb\u00f3l k\u00e9sz\u00fclt, rafia f\u00e9szken \u00fcld\u00f6g\u00e9l\u0151 ty\u00fakok. A taraja \u00e9s a sz\u00e1rnyai filcb\u0151l k\u00e9s..., Meska","image_title":"Textil ty\u00fakok, Meska","view_count":"514","favourite_count":"0","trending_score":"0","last2MonthFavouriteCount":"0","promotion":"0","giftcard_accept":"0","creditcard_accept":false,"enhanced_background":"0","domain":"meska","specific_customer_id":null,"specific_customer_name":null,"to_order_product":"0","to_order_product_time":"0","product_different":null,"product_different_description":"","vintage":"0","vintage_category_id":"0","recycled":"0","gemstone_id":"0","customizable":"0","type_category":"physical","zerowaste":"0","postage_price":"1290.00","shop_order":"0","has_category":"1","landing_pages":null,"microdata":{"number":7,"category":""},"title":"Textil ty\u00fakok","description":"\u00dajrahasznos\u00edtott anyagb\u00f3l k\u00e9sz\u00fclt, rafia f\u00e9szken \u00fcld\u00f6g\u00e9l\u0151 ty\u00fakok. A taraja \u00e9s a sz\u00e1rnyai filcb\u0151l k\u00e9sz\u00fcltek. Az akaszt\u00f3 seg\u00edts\u00e9g\u00e9vel b\u00e1rhova feltehet\u0151, de asztald\u00edsznek, locsol\u00f3 aj\u00e1nd\u00e9knak vagy toj\u00e1svad\u00e1szatra is megfelel\u0151 v\u00e1laszt\u00e1s. Magass\u00e1ga: 9 cm Sz\u00e9less\u00e9ge: 8 cm","score":0,"formatted_price":"1 200 Ft","image_url":"https:\/\/www.meska.hu\/img\/product\/small\/t\/i\/tigramsecondlife_product_561877_230326221259_485119.jpeg","formatted_url":"https:\/\/www.meska.hu\/p4943659-husveti-tyukok","favourite":false,"in_stock":true,"avatar":"561877_avatar_1678034143.jpeg","delete_from":0,"is_enhanced_background":false,"is_enhanced":false,"product_selection_started":false,"is_active":true,"image_webp_url":"https:\/\/www.meska.hu\/img\/product\/small\/t\/i\/tigramsecondlife_product_561877_230326221259_485119.webp"},{"id":"4769314","shop_id":"40441","user_id":"561877","shop_name":"TigramSecondLife","shop_zip":"6757","product_code":"4942658","product_name_old":null,"product_name":"Textil ty\u00fakok","category_string":"\u00dcnnepi d\u00edszek, dekor\u00e1ci\u00f3k, H\u00fasv\u00e9ti d\u00edszek \u00e9s dekor\u00e1ci\u00f3k, H\u00fasv\u00e9ti asztald\u00edszek","technic_string":"\u00dajrahasznos\u00edtott alapanyagb\u00f3l k\u00e9sz\u00fclt term\u00e9kek","category_1":"1818","category_2":"1803","category_3":"1796","category_4":"0","merged_category_1":null,"merged_category_2":null,"merged_category_3":null,"technic_1":"504","technic_2":"0","technic_3":"0","color_1":"514","color_2":"568","color_3":"526","product_description_old":null,"product_description":"\u00dajrahasznos\u00edtott anyagb\u00f3l k\u00e9sz\u00fclt, rafia f\u00e9szken \u00fcld\u00f6g\u00e9l\u0151 ty\u00fakok. A taraja \u00e9s a sz\u00e1rnyai filcb\u0151l k\u00e9sz\u00fcltek. Az akaszt\u00f3 seg\u00edts\u00e9g\u00e9vel b\u00e1rhova feltehet\u0151, de asztald\u00edsznek, locsol\u00f3 aj\u00e1nd\u00e9knak vagy toj\u00e1svad\u00e1szatra is megfelel\u0151 v\u00e1laszt\u00e1s.\nMagass\u00e1ga: 8 cm Sz\u00e9less\u00e9ge: 9 cm","price":"1000.00","unit":"db","recommended":"0","status":"1","sponsored":"0","exp_notify":"0","own_material":"0","own_material_description_old":null,"own_material_description":"","jury":"0","jury_number":"","product_nature":"","meskaracsony":"0","create_date":"2026-08-30 21:26:35","shelve_id":"77037","image":"tigramsecondlife_product_561877_230326203348_558575.jpeg","image_width":"480","image_height":"360","image_alt":"Textil ty\u00fakok, \u00dajrahasznos\u00edtott anyagb\u00f3l k\u00e9sz\u00fclt, rafia f\u00e9szken \u00fcld\u00f6g\u00e9l\u0151 ty\u00fakok. A taraja \u00e9s a sz\u00e1rnyai filcb\u0151l k\u00e9s..., Meska","image_title":"Textil ty\u00fakok, Meska","view_count":"568","favourite_count":"0","trending_score":"0","last2MonthFavouriteCount":"0","promotion":"0","giftcard_accept":"0","creditcard_accept":false,"enhanced_background":"0","domain":"meska","specific_customer_id":null,"specific_customer_name":null,"to_order_product":"0","to_order_product_time":"0","product_different":null,"product_different_description":"","vintage":"0","vintage_category_id":"0","recycled":"0","gemstone_id":"0","customizable":"0","type_category":"physical","zerowaste":"0","postage_price":"1290.00","shop_order":"0","has_category":"1","landing_pages":null,"microdata":{"number":8,"category":""},"title":"Textil ty\u00fakok","description":"\u00dajrahasznos\u00edtott anyagb\u00f3l k\u00e9sz\u00fclt, rafia f\u00e9szken \u00fcld\u00f6g\u00e9l\u0151 ty\u00fakok. A taraja \u00e9s a sz\u00e1rnyai filcb\u0151l k\u00e9sz\u00fcltek. Az akaszt\u00f3 seg\u00edts\u00e9g\u00e9vel b\u00e1rhova feltehet\u0151, de asztald\u00edsznek, locsol\u00f3 aj\u00e1nd\u00e9knak vagy toj\u00e1svad\u00e1szatra is megfelel\u0151 v\u00e1laszt\u00e1s.\nMagass\u00e1ga: 8 cm Sz\u00e9less\u00e9ge: 9 cm","score":0,"formatted_price":"1 000 Ft","image_url":"https:\/\/www.meska.hu\/img\/product\/small\/t\/i\/tigramsecondlife_product_561877_230326203348_558575.jpeg","formatted_url":"https:\/\/www.meska.hu\/p4942658-husveti-tyukok","favourite":false,"in_stock":true,"avatar":"561877_avatar_1678034143.jpeg","delete_from":0,"is_enhanced_background":false,"is_enhanced":false,"product_selection_started":false,"is_active":true,"image_webp_url":"https:\/\/www.meska.hu\/img\/product\/small\/t\/i\/tigramsecondlife_product_561877_230326203348_558575.webp"},{"id":"4770406","shop_id":"40441","user_id":"561877","shop_name":"TigramSecondLife","shop_zip":"6757","product_code":"4943701","product_name_old":null,"product_name":"Textil ty\u00fak","category_string":"\u00dcnnepi d\u00edszek, dekor\u00e1ci\u00f3k, H\u00fasv\u00e9ti d\u00edszek \u00e9s dekor\u00e1ci\u00f3k, H\u00fasv\u00e9ti asztald\u00edszek","technic_string":"\u00dajrahasznos\u00edtott alapanyagb\u00f3l k\u00e9sz\u00fclt term\u00e9kek","category_1":"1818","category_2":"1803","category_3":"1796","category_4":"0","merged_category_1":null,"merged_category_2":null,"merged_category_3":null,"technic_1":"504","technic_2":"0","technic_3":"0","color_1":"519","color_2":"520","color_3":"533","product_description_old":null,"product_description":"\u00dajrahasznos\u00edtott anyagb\u00f3l k\u00e9sz\u00fclt, rafia f\u00e9szken \u00fcld\u00f6g\u00e9l\u0151 ty\u00fakok. A taraja \u00e9s a sz\u00e1rnyai filcb\u0151l k\u00e9sz\u00fcltek. Az akaszt\u00f3 seg\u00edts\u00e9g\u00e9vel b\u00e1rhova feltehet\u0151, de asztald\u00edsznek, locsol\u00f3 aj\u00e1nd\u00e9knak vagy toj\u00e1svad\u00e1szatra is megfelel\u0151 v\u00e1laszt\u00e1s. Magass\u00e1ga: 9 cm Sz\u00e9less\u00e9ge: 8 cm","price":"1200.00","unit":"db","recommended":"0","status":"1","sponsored":"0","exp_notify":"0","own_material":"0","own_material_description_old":null,"own_material_description":"","jury":"0","jury_number":"","product_nature":"","meskaracsony":"0","create_date":"2026-08-30 21:26:32","shelve_id":"77037","image":"tigramsecondlife_product_561877_230326221925_563421.jpeg","image_width":"480","image_height":"640","image_alt":"Textil ty\u00fak, \u00dajrahasznos\u00edtott anyagb\u00f3l k\u00e9sz\u00fclt, rafia f\u00e9szken \u00fcld\u00f6g\u00e9l\u0151 ty\u00fakok. A taraja \u00e9s a sz\u00e1rnyai filcb\u0151l k\u00e9s..., Meska","image_title":"Textil ty\u00fak, Meska","view_count":"758","favourite_count":"0","trending_score":"0","last2MonthFavouriteCount":"0","promotion":"0","giftcard_accept":"0","creditcard_accept":false,"enhanced_background":"0","domain":"meska","specific_customer_id":null,"specific_customer_name":null,"to_order_product":"0","to_order_product_time":"0","product_different":null,"product_different_description":"","vintage":"0","vintage_category_id":"0","recycled":"0","gemstone_id":"0","customizable":"0","type_category":"physical","zerowaste":"0","postage_price":"1290.00","shop_order":"0","has_category":"1","landing_pages":null,"microdata":{"number":9,"category":""},"title":"Textil ty\u00fak","description":"\u00dajrahasznos\u00edtott anyagb\u00f3l k\u00e9sz\u00fclt, rafia f\u00e9szken \u00fcld\u00f6g\u00e9l\u0151 ty\u00fakok. A taraja \u00e9s a sz\u00e1rnyai filcb\u0151l k\u00e9sz\u00fcltek. Az akaszt\u00f3 seg\u00edts\u00e9g\u00e9vel b\u00e1rhova feltehet\u0151, de asztald\u00edsznek, locsol\u00f3 aj\u00e1nd\u00e9knak vagy toj\u00e1svad\u00e1szatra is megfelel\u0151 v\u00e1laszt\u00e1s. Magass\u00e1ga: 9 cm Sz\u00e9less\u00e9ge: 8 cm","score":0,"formatted_price":"1 200 Ft","image_url":"https:\/\/www.meska.hu\/img\/product\/small\/t\/i\/tigramsecondlife_product_561877_230326221925_563421.jpeg","formatted_url":"https:\/\/www.meska.hu\/p4943701-husveti-tyuk","favourite":false,"in_stock":true,"avatar":"561877_avatar_1678034143.jpeg","delete_from":0,"is_enhanced_background":false,"is_enhanced":false,"product_selection_started":false,"is_active":true,"image_webp_url":"https:\/\/www.meska.hu\/img\/product\/small\/t\/i\/tigramsecondlife_product_561877_230326221925_563421.webp"},{"id":"4770482","shop_id":"40441","user_id":"561877","shop_name":"TigramSecondLife","shop_zip":"6757","product_code":"4943776","product_name_old":null,"product_name":"Textil ty\u00fakok","category_string":"\u00dcnnepi d\u00edszek, dekor\u00e1ci\u00f3k, H\u00fasv\u00e9ti d\u00edszek \u00e9s dekor\u00e1ci\u00f3k, H\u00fasv\u00e9ti asztald\u00edszek","technic_string":"\u00dajrahasznos\u00edtott alapanyagb\u00f3l k\u00e9sz\u00fclt term\u00e9kek","category_1":"1818","category_2":"1803","category_3":"1796","category_4":"0","merged_category_1":null,"merged_category_2":null,"merged_category_3":null,"technic_1":"504","technic_2":"0","technic_3":"0","color_1":"527","color_2":"0","color_3":"0","product_description_old":null,"product_description":"\u00dajrahasznos\u00edtott anyagb\u00f3l k\u00e9sz\u00fclt, rafia f\u00e9szken \u00fcld\u00f6g\u00e9l\u0151 ty\u00fakok. A taraja \u00e9s a sz\u00e1rnyai filcb\u0151l k\u00e9sz\u00fcltek. Az akaszt\u00f3 seg\u00edts\u00e9g\u00e9vel b\u00e1rhova feltehet\u0151, de asztald\u00edsznek, locsol\u00f3 aj\u00e1nd\u00e9knak vagy toj\u00e1svad\u00e1szatra is megfelel\u0151 v\u00e1laszt\u00e1s. Magass\u00e1ga: 11 cm Sz\u00e9less\u00e9ge: 9 cm","price":"1500.00","unit":"db","recommended":"0","status":"1","sponsored":"0","exp_notify":"0","own_material":"0","own_material_description_old":null,"own_material_description":"","jury":"0","jury_number":"","product_nature":"","meskaracsony":"0","create_date":"2026-08-30 21:26:30","shelve_id":"77037","image":"tigramsecondlife_product_561877_230326222930_467433.jpeg","image_width":"480","image_height":"360","image_alt":"Textil ty\u00fakok, \u00dajrahasznos\u00edtott anyagb\u00f3l k\u00e9sz\u00fclt, rafia f\u00e9szken \u00fcld\u00f6g\u00e9l\u0151 ty\u00fakok. A taraja \u00e9s a sz\u00e1rnyai filcb\u0151l k\u00e9s..., Meska","image_title":"Textil ty\u00fakok, Meska","view_count":"501","favourite_count":"0","trending_score":"0","last2MonthFavouriteCount":"0","promotion":"0","giftcard_accept":"0","creditcard_accept":false,"enhanced_background":"0","domain":"meska","specific_customer_id":null,"specific_customer_name":null,"to_order_product":"0","to_order_product_time":"0","product_different":null,"product_different_description":"","vintage":"0","vintage_category_id":"0","recycled":"0","gemstone_id":"0","customizable":"0","type_category":"physical","zerowaste":"0","postage_price":"1290.00","shop_order":"0","has_category":"1","landing_pages":null,"microdata":{"number":10,"category":""},"title":"Textil ty\u00fakok","description":"\u00dajrahasznos\u00edtott anyagb\u00f3l k\u00e9sz\u00fclt, rafia f\u00e9szken \u00fcld\u00f6g\u00e9l\u0151 ty\u00fakok. A taraja \u00e9s a sz\u00e1rnyai filcb\u0151l k\u00e9sz\u00fcltek. Az akaszt\u00f3 seg\u00edts\u00e9g\u00e9vel b\u00e1rhova feltehet\u0151, de asztald\u00edsznek, locsol\u00f3 aj\u00e1nd\u00e9knak vagy toj\u00e1svad\u00e1szatra is megfelel\u0151 v\u00e1laszt\u00e1s. Magass\u00e1ga: 11 cm Sz\u00e9less\u00e9ge: 9 cm","score":0,"formatted_price":"1 500 Ft","image_url":"https:\/\/www.meska.hu\/img\/product\/small\/t\/i\/tigramsecondlife_product_561877_230326222930_467433.jpeg","formatted_url":"https:\/\/www.meska.hu\/p4943776-husveti-tyukok","favourite":false,"in_stock":true,"avatar":"561877_avatar_1678034143.jpeg","delete_from":0,"is_enhanced_background":false,"is_enhanced":false,"product_selection_started":false,"is_active":true,"image_webp_url":"https:\/\/www.meska.hu\/img\/product\/small\/t\/i\/tigramsecondlife_product_561877_230326222930_467433.webp"},{"id":"4770518","shop_id":"40441","user_id":"561877","shop_name":"TigramSecondLife","shop_zip":"6757","product_code":"4943792","product_name_old":null,"product_name":"Textil ty\u00fakok","category_string":"\u00dcnnepi d\u00edszek, dekor\u00e1ci\u00f3k, H\u00fasv\u00e9ti d\u00edszek \u00e9s dekor\u00e1ci\u00f3k, H\u00fasv\u00e9ti asztald\u00edszek","technic_string":"\u00dajrahasznos\u00edtott alapanyagb\u00f3l k\u00e9sz\u00fclt term\u00e9kek","category_1":"1818","category_2":"1803","category_3":"1796","category_4":"0","merged_category_1":null,"merged_category_2":null,"merged_category_3":null,"technic_1":"504","technic_2":"0","technic_3":"0","color_1":"519","color_2":"521","color_3":"532","product_description_old":null,"product_description":"\u00dajrahasznos\u00edtott anyagb\u00f3l k\u00e9sz\u00fclt, rafia f\u00e9szken \u00fcld\u00f6g\u00e9l\u0151 ty\u00fakok. A taraja \u00e9s a sz\u00e1rnyai filcb\u0151l k\u00e9sz\u00fcltek. Az akaszt\u00f3 seg\u00edts\u00e9g\u00e9vel b\u00e1rhova feltehet\u0151, de asztald\u00edsznek, locsol\u00f3 aj\u00e1nd\u00e9knak vagy toj\u00e1svad\u00e1szatra is megfelel\u0151 v\u00e1laszt\u00e1s. Magass\u00e1ga: 11 cm Sz\u00e9less\u00e9ge: 9 cm","price":"1500.00","unit":"db","recommended":"0","status":"1","sponsored":"0","exp_notify":"0","own_material":"0","own_material_description_old":null,"own_material_description":"","jury":"0","jury_number":"","product_nature":"","meskaracsony":"0","create_date":"2026-08-30 21:26:28","shelve_id":"77037","image":"tigramsecondlife_product_561877_230326223211_904257.jpeg","image_width":"480","image_height":"360","image_alt":"Textil ty\u00fakok, \u00dajrahasznos\u00edtott anyagb\u00f3l k\u00e9sz\u00fclt, rafia f\u00e9szken \u00fcld\u00f6g\u00e9l\u0151 ty\u00fakok. A taraja \u00e9s a sz\u00e1rnyai filcb\u0151l k\u00e9s..., Meska","image_title":"Textil ty\u00fakok, Meska","view_count":"560","favourite_count":"0","trending_score":"0","last2MonthFavouriteCount":"0","promotion":"0","giftcard_accept":"0","creditcard_accept":false,"enhanced_background":"0","domain":"meska","specific_customer_id":null,"specific_customer_name":null,"to_order_product":"0","to_order_product_time":"0","product_different":null,"product_different_description":"","vintage":"0","vintage_category_id":"0","recycled":"0","gemstone_id":"0","customizable":"0","type_category":"physical","zerowaste":"0","postage_price":"1290.00","shop_order":"0","has_category":"1","landing_pages":null,"microdata":{"number":11,"category":""},"title":"Textil ty\u00fakok","description":"\u00dajrahasznos\u00edtott anyagb\u00f3l k\u00e9sz\u00fclt, rafia f\u00e9szken \u00fcld\u00f6g\u00e9l\u0151 ty\u00fakok. A taraja \u00e9s a sz\u00e1rnyai filcb\u0151l k\u00e9sz\u00fcltek. Az akaszt\u00f3 seg\u00edts\u00e9g\u00e9vel b\u00e1rhova feltehet\u0151, de asztald\u00edsznek, locsol\u00f3 aj\u00e1nd\u00e9knak vagy toj\u00e1svad\u00e1szatra is megfelel\u0151 v\u00e1laszt\u00e1s. Magass\u00e1ga: 11 cm Sz\u00e9less\u00e9ge: 9 cm","score":0,"formatted_price":"1 500 Ft","image_url":"https:\/\/www.meska.hu\/img\/product\/small\/t\/i\/tigramsecondlife_product_561877_230326223211_904257.jpeg","formatted_url":"https:\/\/www.meska.hu\/p4943792-husveti-tyukok","favourite":false,"in_stock":true,"avatar":"561877_avatar_1678034143.jpeg","delete_from":0,"is_enhanced_background":false,"is_enhanced":false,"product_selection_started":false,"is_active":true,"image_webp_url":"https:\/\/www.meska.hu\/img\/product\/small\/t\/i\/tigramsecondlife_product_561877_230326223211_904257.webp"},{"id":"4770534","shop_id":"40441","user_id":"561877","shop_name":"TigramSecondLife","shop_zip":"6757","product_code":"4943808","product_name_old":null,"product_name":"Textil ty\u00fakok","category_string":"\u00dcnnepi d\u00edszek, dekor\u00e1ci\u00f3k, H\u00fasv\u00e9ti d\u00edszek \u00e9s dekor\u00e1ci\u00f3k, H\u00fasv\u00e9ti asztald\u00edszek","technic_string":"\u00dajrahasznos\u00edtott alapanyagb\u00f3l k\u00e9sz\u00fclt term\u00e9kek","category_1":"1818","category_2":"1803","category_3":"1796","category_4":"0","merged_category_1":null,"merged_category_2":null,"merged_category_3":null,"technic_1":"504","technic_2":"0","technic_3":"0","color_1":"514","color_2":"568","color_3":"0","product_description_old":null,"product_description":"\u00dajrahasznos\u00edtott anyagb\u00f3l k\u00e9sz\u00fclt, rafia f\u00e9szken \u00fcld\u00f6g\u00e9l\u0151 ty\u00fakok. A taraja \u00e9s a sz\u00e1rnyai filcb\u0151l k\u00e9sz\u00fcltek. Az akaszt\u00f3 seg\u00edts\u00e9g\u00e9vel b\u00e1rhova feltehet\u0151, de asztald\u00edsznek, locsol\u00f3 aj\u00e1nd\u00e9knak vagy toj\u00e1svad\u00e1szatra is megfelel\u0151 v\u00e1laszt\u00e1s. Magass\u00e1ga: 11 cm Sz\u00e9less\u00e9ge: 9 cm","price":"1500.00","unit":"db","recommended":"0","status":"1","sponsored":"0","exp_notify":"0","own_material":"0","own_material_description_old":null,"own_material_description":"","jury":"0","jury_number":"","product_nature":"","meskaracsony":"0","create_date":"2026-08-30 21:26:25","shelve_id":"77037","image":"tigramsecondlife_product_561877_230326223409_30026.jpeg","image_width":"480","image_height":"360","image_alt":"Textil ty\u00fakok, \u00dajrahasznos\u00edtott anyagb\u00f3l k\u00e9sz\u00fclt, rafia f\u00e9szken \u00fcld\u00f6g\u00e9l\u0151 ty\u00fakok. A taraja \u00e9s a sz\u00e1rnyai filcb\u0151l k\u00e9s..., Meska","image_title":"Textil ty\u00fakok, Meska","view_count":"656","favourite_count":"0","trending_score":"0","last2MonthFavouriteCount":"0","promotion":"0","giftcard_accept":"0","creditcard_accept":false,"enhanced_background":"0","domain":"meska","specific_customer_id":null,"specific_customer_name":null,"to_order_product":"0","to_order_product_time":"0","product_different":null,"product_different_description":"","vintage":"0","vintage_category_id":"0","recycled":"0","gemstone_id":"0","customizable":"0","type_category":"physical","zerowaste":"0","postage_price":"1290.00","shop_order":"0","has_category":"1","landing_pages":null,"microdata":{"number":12,"category":""},"title":"Textil ty\u00fakok","description":"\u00dajrahasznos\u00edtott anyagb\u00f3l k\u00e9sz\u00fclt, rafia f\u00e9szken \u00fcld\u00f6g\u00e9l\u0151 ty\u00fakok. A taraja \u00e9s a sz\u00e1rnyai filcb\u0151l k\u00e9sz\u00fcltek. Az akaszt\u00f3 seg\u00edts\u00e9g\u00e9vel b\u00e1rhova feltehet\u0151, de asztald\u00edsznek, locsol\u00f3 aj\u00e1nd\u00e9knak vagy toj\u00e1svad\u00e1szatra is megfelel\u0151 v\u00e1laszt\u00e1s. Magass\u00e1ga: 11 cm Sz\u00e9less\u00e9ge: 9 cm","score":0,"formatted_price":"1 500 Ft","image_url":"https:\/\/www.meska.hu\/img\/product\/small\/t\/i\/tigramsecondlife_product_561877_230326223409_30026.jpeg","formatted_url":"https:\/\/www.meska.hu\/p4943808-husveti-tyukok","favourite":false,"in_stock":true,"avatar":"561877_avatar_1678034143.jpeg","delete_from":0,"is_enhanced_background":false,"is_enhanced":false,"product_selection_started":false,"is_active":true,"image_webp_url":"https:\/\/www.meska.hu\/img\/product\/small\/t\/i\/tigramsecondlife_product_561877_230326223409_30026.webp"},{"id":"4770553","shop_id":"40441","user_id":"561877","shop_name":"TigramSecondLife","shop_zip":"6757","product_code":"4943827","product_name_old":null,"product_name":"Textil ty\u00fakok","category_string":"\u00dcnnepi d\u00edszek, dekor\u00e1ci\u00f3k, H\u00fasv\u00e9ti d\u00edszek \u00e9s dekor\u00e1ci\u00f3k, H\u00fasv\u00e9ti asztald\u00edszek","technic_string":"\u00dajrahasznos\u00edtott alapanyagb\u00f3l k\u00e9sz\u00fclt term\u00e9kek","category_1":"1818","category_2":"1803","category_3":"1796","category_4":"0","merged_category_1":null,"merged_category_2":null,"merged_category_3":null,"technic_1":"504","technic_2":"0","technic_3":"0","color_1":"519","color_2":"531","color_3":"525","product_description_old":null,"product_description":"\u00dajrahasznos\u00edtott anyagb\u00f3l k\u00e9sz\u00fclt, rafia f\u00e9szken \u00fcld\u00f6g\u00e9l\u0151 ty\u00fakok. A taraja \u00e9s a sz\u00e1rnyai filcb\u0151l k\u00e9sz\u00fcltek. Az akaszt\u00f3 seg\u00edts\u00e9g\u00e9vel b\u00e1rhova feltehet\u0151, de asztald\u00edsznek, locsol\u00f3 aj\u00e1nd\u00e9knak vagy toj\u00e1svad\u00e1szatra is megfelel\u0151 v\u00e1laszt\u00e1s. Magass\u00e1ga: 11 cm Sz\u00e9less\u00e9ge: 9 cm","price":"1500.00","unit":"db","recommended":"0","status":"1","sponsored":"0","exp_notify":"0","own_material":"0","own_material_description_old":null,"own_material_description":"","jury":"0","jury_number":"","product_nature":"","meskaracsony":"0","create_date":"2026-08-30 21:26:23","shelve_id":"77037","image":"tigramsecondlife_product_561877_230326223608_5579.jpeg","image_width":"480","image_height":"360","image_alt":"Textil ty\u00fakok, \u00dajrahasznos\u00edtott anyagb\u00f3l k\u00e9sz\u00fclt, rafia f\u00e9szken \u00fcld\u00f6g\u00e9l\u0151 ty\u00fakok. A taraja \u00e9s a sz\u00e1rnyai filcb\u0151l k\u00e9s..., Meska","image_title":"Textil ty\u00fakok, Meska","view_count":"405","favourite_count":"0","trending_score":"0","last2MonthFavouriteCount":"0","promotion":"0","giftcard_accept":"0","creditcard_accept":false,"enhanced_background":"0","domain":"meska","specific_customer_id":null,"specific_customer_name":null,"to_order_product":"0","to_order_product_time":"0","product_different":null,"product_different_description":"","vintage":"0","vintage_category_id":"0","recycled":"0","gemstone_id":"0","customizable":"0","type_category":"physical","zerowaste":"0","postage_price":"1290.00","shop_order":"0","has_category":"1","landing_pages":null,"microdata":{"number":13,"category":""},"title":"Textil ty\u00fakok","description":"\u00dajrahasznos\u00edtott anyagb\u00f3l k\u00e9sz\u00fclt, rafia f\u00e9szken \u00fcld\u00f6g\u00e9l\u0151 ty\u00fakok. A taraja \u00e9s a sz\u00e1rnyai filcb\u0151l k\u00e9sz\u00fcltek. Az akaszt\u00f3 seg\u00edts\u00e9g\u00e9vel b\u00e1rhova feltehet\u0151, de asztald\u00edsznek, locsol\u00f3 aj\u00e1nd\u00e9knak vagy toj\u00e1svad\u00e1szatra is megfelel\u0151 v\u00e1laszt\u00e1s. Magass\u00e1ga: 11 cm Sz\u00e9less\u00e9ge: 9 cm","score":0,"formatted_price":"1 500 Ft","image_url":"https:\/\/www.meska.hu\/img\/product\/small\/t\/i\/tigramsecondlife_product_561877_230326223608_5579.jpeg","formatted_url":"https:\/\/www.meska.hu\/p4943827-husveti-tyukok","favourite":false,"in_stock":true,"avatar":"561877_avatar_1678034143.jpeg","delete_from":0,"is_enhanced_background":false,"is_enhanced":false,"product_selection_started":false,"is_active":true,"image_webp_url":"https:\/\/www.meska.hu\/img\/product\/small\/t\/i\/tigramsecondlife_product_561877_230326223608_5579.webp"},{"id":"4770398","shop_id":"40441","user_id":"561877","shop_name":"TigramSecondLife","shop_zip":"6757","product_code":"4943693","product_name_old":null,"product_name":"Textil ty\u00fakok","category_string":"\u00dcnnepi d\u00edszek, dekor\u00e1ci\u00f3k, H\u00fasv\u00e9ti d\u00edszek \u00e9s dekor\u00e1ci\u00f3k, H\u00fasv\u00e9ti asztald\u00edszek","technic_string":"\u00dajrahasznos\u00edtott alapanyagb\u00f3l k\u00e9sz\u00fclt term\u00e9kek","category_1":"1818","category_2":"1803","category_3":"1796","category_4":"0","merged_category_1":null,"merged_category_2":null,"merged_category_3":null,"technic_1":"504","technic_2":"0","technic_3":"0","color_1":"519","color_2":"531","color_3":"525","product_description_old":null,"product_description":"\u00dajrahasznos\u00edtott anyagb\u00f3l k\u00e9sz\u00fclt, rafia f\u00e9szken \u00fcld\u00f6g\u00e9l\u0151 ty\u00fakok. A taraja \u00e9s a sz\u00e1rnyai filcb\u0151l k\u00e9sz\u00fcltek. Az akaszt\u00f3 seg\u00edts\u00e9g\u00e9vel b\u00e1rhova feltehet\u0151, de asztald\u00edsznek, locsol\u00f3 aj\u00e1nd\u00e9knak vagy toj\u00e1svad\u00e1szatra is megfelel\u0151 v\u00e1laszt\u00e1s. Magass\u00e1ga: 9 cm Sz\u00e9less\u00e9ge: 8 cm","price":"1200.00","unit":"db","recommended":"0","status":"1","sponsored":"0","exp_notify":"0","own_material":"0","own_material_description_old":null,"own_material_description":"","jury":"0","jury_number":"","product_nature":"","meskaracsony":"0","create_date":"2026-08-30 21:25:57","shelve_id":"77037","image":"tigramsecondlife_product_561877_230326221746_1254.jpeg","image_width":"480","image_height":"360","image_alt":"Textil ty\u00fakok, \u00dajrahasznos\u00edtott anyagb\u00f3l k\u00e9sz\u00fclt, rafia f\u00e9szken \u00fcld\u00f6g\u00e9l\u0151 ty\u00fakok. A taraja \u00e9s a sz\u00e1rnyai filcb\u0151l k\u00e9s..., Meska","image_title":"Textil ty\u00fakok, Meska","view_count":"624","favourite_count":"0","trending_score":"0","last2MonthFavouriteCount":"0","promotion":"0","giftcard_accept":"0","creditcard_accept":false,"enhanced_background":"0","domain":"meska","specific_customer_id":null,"specific_customer_name":null,"to_order_product":"0","to_order_product_time":"0","product_different":null,"product_different_description":"","vintage":"0","vintage_category_id":"0","recycled":"0","gemstone_id":"0","customizable":"0","type_category":"physical","zerowaste":"0","postage_price":"1290.00","shop_order":"0","has_category":"1","landing_pages":null,"microdata":{"number":14,"category":""},"title":"Textil ty\u00fakok","description":"\u00dajrahasznos\u00edtott anyagb\u00f3l k\u00e9sz\u00fclt, rafia f\u00e9szken \u00fcld\u00f6g\u00e9l\u0151 ty\u00fakok. A taraja \u00e9s a sz\u00e1rnyai filcb\u0151l k\u00e9sz\u00fcltek. Az akaszt\u00f3 seg\u00edts\u00e9g\u00e9vel b\u00e1rhova feltehet\u0151, de asztald\u00edsznek, locsol\u00f3 aj\u00e1nd\u00e9knak vagy toj\u00e1svad\u00e1szatra is megfelel\u0151 v\u00e1laszt\u00e1s. Magass\u00e1ga: 9 cm Sz\u00e9less\u00e9ge: 8 cm","score":0,"formatted_price":"1 200 Ft","image_url":"https:\/\/www.meska.hu\/img\/product\/small\/t\/i\/tigramsecondlife_product_561877_230326221746_1254.jpeg","formatted_url":"https:\/\/www.meska.hu\/p4943693-husveti-tyukok","favourite":false,"in_stock":true,"avatar":"561877_avatar_1678034143.jpeg","delete_from":0,"is_enhanced_background":false,"is_enhanced":false,"product_selection_started":false,"is_active":true,"image_webp_url":"https:\/\/www.meska.hu\/img\/product\/small\/t\/i\/tigramsecondlife_product_561877_230326221746_1254.webp"},{"id":"4753450","shop_id":"40441","user_id":"561877","shop_name":"TigramSecondLife","shop_zip":"6757","product_code":"4930165","product_name_old":null,"product_name":"Textil \u00f3ri\u00e1s ty\u00fak","category_string":"\u00dcnnepi d\u00edszek, dekor\u00e1ci\u00f3k, H\u00fasv\u00e9ti d\u00edszek \u00e9s dekor\u00e1ci\u00f3k, H\u00fasv\u00e9ti asztald\u00edszek","technic_string":"\u00dajrahasznos\u00edtott alapanyagb\u00f3l k\u00e9sz\u00fclt term\u00e9kek","category_1":"1818","category_2":"1803","category_3":"1796","category_4":"0","merged_category_1":null,"merged_category_2":null,"merged_category_3":null,"technic_1":"504","technic_2":"0","technic_3":"0","color_1":"514","color_2":"568","color_3":"526","product_description_old":null,"product_description":"\u00dajrahasznos\u00edtott anyagb\u00f3l k\u00e9sz\u00fclt ty\u00fak, ami mind belt\u00e9ren mind pedig fedett k\u00fclt\u00e9ren d\u00edsz\u00edtheti otthonodat.\n\nMagass\u00e1ga: 35 cm. Sz\u00e9less\u00e9ge: 30 cm.","price":"5400.00","unit":"db","recommended":"0","status":"1","sponsored":"0","exp_notify":"0","own_material":"0","own_material_description_old":null,"own_material_description":"","jury":"0","jury_number":"","product_nature":"","meskaracsony":"0","create_date":"2026-08-30 21:25:54","shelve_id":"77037","image":"tigramsecondlife_product_561877_230319185254_89480.jpeg","image_width":"480","image_height":"640","image_alt":"Textil \u00f3ri\u00e1s ty\u00fak, \u00dajrahasznos\u00edtott anyagb\u00f3l k\u00e9sz\u00fclt ty\u00fak, ami mind belt\u00e9ren mind pedig fedett k\u00fclt\u00e9ren d\u00edsz\u00edtheti otth..., Meska","image_title":"Textil \u00f3ri\u00e1s ty\u00fak, Meska","view_count":"751","favourite_count":"0","trending_score":"0","last2MonthFavouriteCount":"0","promotion":"0","giftcard_accept":"0","creditcard_accept":false,"enhanced_background":"0","domain":"meska","specific_customer_id":null,"specific_customer_name":null,"to_order_product":"0","to_order_product_time":"0","product_different":null,"product_different_description":"","vintage":"0","vintage_category_id":"0","recycled":"0","gemstone_id":"0","customizable":"0","type_category":"physical","zerowaste":"0","postage_price":"1290.00","shop_order":"0","has_category":"1","landing_pages":null,"microdata":{"number":15,"category":""},"title":"Textil \u00f3ri\u00e1s ty\u00fak","description":"\u00dajrahasznos\u00edtott anyagb\u00f3l k\u00e9sz\u00fclt ty\u00fak, ami mind belt\u00e9ren mind pedig fedett k\u00fclt\u00e9ren d\u00edsz\u00edtheti otthonodat.\n\nMagass\u00e1ga: 35 cm. Sz\u00e9less\u00e9ge: 30 cm.","score":0,"formatted_price":"5 400 Ft","image_url":"https:\/\/www.meska.hu\/img\/product\/small\/t\/i\/tigramsecondlife_product_561877_230319185254_89480.jpeg","formatted_url":"https:\/\/www.meska.hu\/p4930165-textil-orias-tyuk","favourite":false,"in_stock":true,"avatar":"561877_avatar_1678034143.jpeg","delete_from":0,"is_enhanced_background":false,"is_enhanced":false,"product_selection_started":false,"is_active":true,"image_webp_url":"https:\/\/www.meska.hu\/img\/product\/small\/t\/i\/tigramsecondlife_product_561877_230319185254_89480.webp"},{"id":"4769448","shop_id":"40441","user_id":"561877","shop_name":"TigramSecondLife","shop_zip":"6757","product_code":"4942783","product_name_old":null,"product_name":"Textil ty\u00fakok","category_string":"\u00dcnnepi d\u00edszek, dekor\u00e1ci\u00f3k, H\u00fasv\u00e9ti d\u00edszek \u00e9s dekor\u00e1ci\u00f3k, H\u00fasv\u00e9ti asztald\u00edszek","technic_string":"\u00dajrahasznos\u00edtott alapanyagb\u00f3l k\u00e9sz\u00fclt term\u00e9kek","category_1":"1818","category_2":"1803","category_3":"1796","category_4":"0","merged_category_1":null,"merged_category_2":null,"merged_category_3":null,"technic_1":"504","technic_2":"0","technic_3":"0","color_1":"532","color_2":"791","color_3":"529","product_description_old":null,"product_description":"\u00dajrahasznos\u00edtott anyagb\u00f3l k\u00e9sz\u00fclt, rafia f\u00e9szken \u00fcld\u00f6g\u00e9l\u0151 ty\u00fakok. A taraja \u00e9s a sz\u00e1rnyai filcb\u0151l k\u00e9sz\u00fcltek. Az akaszt\u00f3 seg\u00edts\u00e9g\u00e9vel b\u00e1rhova feltehet\u0151, de asztald\u00edsznek, locsol\u00f3 aj\u00e1nd\u00e9knak vagy toj\u00e1svad\u00e1szatra is megfelel\u0151 v\u00e1laszt\u00e1s.\nMagass\u00e1ga: 8 cm Sz\u00e9less\u00e9ge: 9 cm","price":"500.00","unit":"db","recommended":"0","status":"1","sponsored":"0","exp_notify":"0","own_material":"0","own_material_description_old":null,"own_material_description":"","jury":"0","jury_number":"","product_nature":"","meskaracsony":"0","create_date":"2026-08-30 21:25:51","shelve_id":"0","image":"tigramsecondlife_product_561877_230326204501_095637.jpeg","image_width":"480","image_height":"360","image_alt":"Textil ty\u00fakok, \u00dajrahasznos\u00edtott anyagb\u00f3l k\u00e9sz\u00fclt, rafia f\u00e9szken \u00fcld\u00f6g\u00e9l\u0151 ty\u00fakok. A taraja \u00e9s a sz\u00e1rnyai filcb\u0151l k\u00e9s..., Meska","image_title":"Textil ty\u00fakok, Meska","view_count":"499","favourite_count":"0","trending_score":"0","last2MonthFavouriteCount":"0","promotion":"0","giftcard_accept":"0","creditcard_accept":false,"enhanced_background":"0","domain":"meska","specific_customer_id":null,"specific_customer_name":null,"to_order_product":"0","to_order_product_time":"0","product_different":null,"product_different_description":"","vintage":"0","vintage_category_id":"0","recycled":"0","gemstone_id":"0","customizable":"0","type_category":"physical","zerowaste":"0","postage_price":"2390.00","shop_order":"0","has_category":"1","landing_pages":null,"microdata":{"number":16,"category":""},"title":"Textil ty\u00fakok","description":"\u00dajrahasznos\u00edtott anyagb\u00f3l k\u00e9sz\u00fclt, rafia f\u00e9szken \u00fcld\u00f6g\u00e9l\u0151 ty\u00fakok. A taraja \u00e9s a sz\u00e1rnyai filcb\u0151l k\u00e9sz\u00fcltek. Az akaszt\u00f3 seg\u00edts\u00e9g\u00e9vel b\u00e1rhova feltehet\u0151, de asztald\u00edsznek, locsol\u00f3 aj\u00e1nd\u00e9knak vagy toj\u00e1svad\u00e1szatra is megfelel\u0151 v\u00e1laszt\u00e1s.\nMagass\u00e1ga: 8 cm Sz\u00e9less\u00e9ge: 9 cm","score":0,"formatted_price":"500 Ft","image_url":"https:\/\/www.meska.hu\/img\/product\/small\/t\/i\/tigramsecondlife_product_561877_230326204501_095637.jpeg","formatted_url":"https:\/\/www.meska.hu\/p4942783-husveti-tyukok","favourite":false,"in_stock":true,"avatar":"561877_avatar_1678034143.jpeg","delete_from":0,"is_enhanced_background":false,"is_enhanced":false,"product_selection_started":false,"is_active":true,"image_webp_url":"https:\/\/www.meska.hu\/img\/product\/small\/t\/i\/tigramsecondlife_product_561877_230326204501_095637.webp"},{"id":"4769175","shop_id":"40441","user_id":"561877","shop_name":"TigramSecondLife","shop_zip":"6757","product_code":"4942529","product_name_old":null,"product_name":"Textil ty\u00fakok","category_string":"\u00dcnnepi d\u00edszek, dekor\u00e1ci\u00f3k, H\u00fasv\u00e9ti d\u00edszek \u00e9s dekor\u00e1ci\u00f3k, H\u00fasv\u00e9ti asztald\u00edszek","technic_string":"\u00dajrahasznos\u00edtott alapanyagb\u00f3l k\u00e9sz\u00fclt term\u00e9kek","category_1":"1818","category_2":"1803","category_3":"1796","category_4":"0","merged_category_1":null,"merged_category_2":null,"merged_category_3":null,"technic_1":"504","technic_2":"0","technic_3":"0","color_1":"515","color_2":"520","color_3":"532","product_description_old":null,"product_description":"\u00dajrahasznos\u00edtott anyagb\u00f3l k\u00e9sz\u00fclt, rafia f\u00e9szken \u00fcld\u00f6g\u00e9l\u0151 ty\u00fakok. A taraja \u00e9s a sz\u00e1rnyai filcb\u0151l k\u00e9sz\u00fcltek. Az akaszt\u00f3 seg\u00edts\u00e9g\u00e9vel b\u00e1rhova feltehet\u0151, de asztald\u00edsznek, locsol\u00f3 aj\u00e1nd\u00e9knak vagy toj\u00e1svad\u00e1szatra is megfelel\u0151 v\u00e1laszt\u00e1s.\nMagass\u00e1ga: 8 cm Sz\u00e9less\u00e9ge: 9 cm","price":"500.00","unit":"db","recommended":"0","status":"1","sponsored":"0","exp_notify":"0","own_material":"0","own_material_description_old":null,"own_material_description":"","jury":"0","jury_number":"","product_nature":"","meskaracsony":"0","create_date":"2026-08-30 21:25:49","shelve_id":"0","image":"tigramsecondlife_product_561877_230326201433_399795.jpeg","image_width":"480","image_height":"360","image_alt":"Textil ty\u00fakok, \u00dajrahasznos\u00edtott anyagb\u00f3l k\u00e9sz\u00fclt, rafia f\u00e9szken \u00fcld\u00f6g\u00e9l\u0151 ty\u00fakok. A taraja \u00e9s a sz\u00e1rnyai filcb\u0151l k\u00e9s..., Meska","image_title":"Textil ty\u00fakok, Meska","view_count":"356","favourite_count":"0","trending_score":"0","last2MonthFavouriteCount":"0","promotion":"0","giftcard_accept":"0","creditcard_accept":false,"enhanced_background":"0","domain":"meska","specific_customer_id":null,"specific_customer_name":null,"to_order_product":"0","to_order_product_time":"0","product_different":null,"product_different_description":"","vintage":"0","vintage_category_id":"0","recycled":"0","gemstone_id":"0","customizable":"0","type_category":"physical","zerowaste":"0","postage_price":"2390.00","shop_order":"0","has_category":"1","landing_pages":null,"microdata":{"number":17,"category":""},"title":"Textil ty\u00fakok","description":"\u00dajrahasznos\u00edtott anyagb\u00f3l k\u00e9sz\u00fclt, rafia f\u00e9szken \u00fcld\u00f6g\u00e9l\u0151 ty\u00fakok. A taraja \u00e9s a sz\u00e1rnyai filcb\u0151l k\u00e9sz\u00fcltek. Az akaszt\u00f3 seg\u00edts\u00e9g\u00e9vel b\u00e1rhova feltehet\u0151, de asztald\u00edsznek, locsol\u00f3 aj\u00e1nd\u00e9knak vagy toj\u00e1svad\u00e1szatra is megfelel\u0151 v\u00e1laszt\u00e1s.\nMagass\u00e1ga: 8 cm Sz\u00e9less\u00e9ge: 9 cm","score":0,"formatted_price":"500 Ft","image_url":"https:\/\/www.meska.hu\/img\/product\/small\/t\/i\/tigramsecondlife_product_561877_230326201433_399795.jpeg","formatted_url":"https:\/\/www.meska.hu\/p4942529-husveti-tyukok","favourite":false,"in_stock":true,"avatar":"561877_avatar_1678034143.jpeg","delete_from":0,"is_enhanced_background":false,"is_enhanced":false,"product_selection_started":false,"is_active":true,"image_webp_url":"https:\/\/www.meska.hu\/img\/product\/small\/t\/i\/tigramsecondlife_product_561877_230326201433_399795.webp"},{"id":"4769290","shop_id":"40441","user_id":"561877","shop_name":"TigramSecondLife","shop_zip":"6757","product_code":"4942636","product_name_old":null,"product_name":"Textil ty\u00fakok","category_string":"\u00dcnnepi d\u00edszek, dekor\u00e1ci\u00f3k, H\u00fasv\u00e9ti d\u00edszek \u00e9s dekor\u00e1ci\u00f3k, H\u00fasv\u00e9ti asztald\u00edszek","technic_string":"\u00dajrahasznos\u00edtott alapanyagb\u00f3l k\u00e9sz\u00fclt term\u00e9kek","category_1":"1818","category_2":"1803","category_3":"1796","category_4":"0","merged_category_1":null,"merged_category_2":null,"merged_category_3":null,"technic_1":"504","technic_2":"0","technic_3":"0","color_1":"519","color_2":"533","color_3":"0","product_description_old":null,"product_description":"\u00dajrahasznos\u00edtott anyagb\u00f3l k\u00e9sz\u00fclt, rafia f\u00e9szken \u00fcld\u00f6g\u00e9l\u0151 ty\u00fakok. A taraja \u00e9s a sz\u00e1rnyai filcb\u0151l k\u00e9sz\u00fcltek. Az akaszt\u00f3 seg\u00edts\u00e9g\u00e9vel b\u00e1rhova feltehet\u0151, de asztald\u00edsznek, locsol\u00f3 aj\u00e1nd\u00e9knak vagy toj\u00e1svad\u00e1szatra is megfelel\u0151 v\u00e1laszt\u00e1s.\nMagass\u00e1ga: 8 cm Sz\u00e9less\u00e9ge: 9 cm","price":"1000.00","unit":"db","recommended":"0","status":"1","sponsored":"0","exp_notify":"0","own_material":"0","own_material_description_old":null,"own_material_description":"","jury":"0","jury_number":"","product_nature":"","meskaracsony":"0","create_date":"2026-08-30 21:25:46","shelve_id":"77037","image":"tigramsecondlife_product_561877_230326203113_379672.jpeg","image_width":"480","image_height":"360","image_alt":"Textil ty\u00fakok, \u00dajrahasznos\u00edtott anyagb\u00f3l k\u00e9sz\u00fclt, rafia f\u00e9szken \u00fcld\u00f6g\u00e9l\u0151 ty\u00fakok. A taraja \u00e9s a sz\u00e1rnyai filcb\u0151l k\u00e9s..., Meska","image_title":"Textil ty\u00fakok, Meska","view_count":"597","favourite_count":"0","trending_score":"0","last2MonthFavouriteCount":"0","promotion":"0","giftcard_accept":"0","creditcard_accept":false,"enhanced_background":"0","domain":"meska","specific_customer_id":null,"specific_customer_name":null,"to_order_product":"0","to_order_product_time":"0","product_different":null,"product_different_description":"","vintage":"0","vintage_category_id":"0","recycled":"0","gemstone_id":"0","customizable":"0","type_category":"physical","zerowaste":"0","postage_price":"1290.00","shop_order":"0","has_category":"1","landing_pages":null,"microdata":{"number":18,"category":""},"title":"Textil ty\u00fakok","description":"\u00dajrahasznos\u00edtott anyagb\u00f3l k\u00e9sz\u00fclt, rafia f\u00e9szken \u00fcld\u00f6g\u00e9l\u0151 ty\u00fakok. A taraja \u00e9s a sz\u00e1rnyai filcb\u0151l k\u00e9sz\u00fcltek. Az akaszt\u00f3 seg\u00edts\u00e9g\u00e9vel b\u00e1rhova feltehet\u0151, de asztald\u00edsznek, locsol\u00f3 aj\u00e1nd\u00e9knak vagy toj\u00e1svad\u00e1szatra is megfelel\u0151 v\u00e1laszt\u00e1s.\nMagass\u00e1ga: 8 cm Sz\u00e9less\u00e9ge: 9 cm","score":0,"formatted_price":"1 000 Ft","image_url":"https:\/\/www.meska.hu\/img\/product\/small\/t\/i\/tigramsecondlife_product_561877_230326203113_379672.jpeg","formatted_url":"https:\/\/www.meska.hu\/p4942636-husveti-tyukok","favourite":false,"in_stock":true,"avatar":"561877_avatar_1678034143.jpeg","delete_from":0,"is_enhanced_background":false,"is_enhanced":false,"product_selection_started":false,"is_active":true,"image_webp_url":"https:\/\/www.meska.hu\/img\/product\/small\/t\/i\/tigramsecondlife_product_561877_230326203113_379672.webp"},{"id":"4770639","shop_id":"40441","user_id":"561877","shop_name":"TigramSecondLife","shop_zip":"6757","product_code":"4943911","product_name_old":null,"product_name":"Textil ty\u00fak","category_string":"\u00dcnnepi d\u00edszek, dekor\u00e1ci\u00f3k, H\u00fasv\u00e9ti d\u00edszek \u00e9s dekor\u00e1ci\u00f3k, H\u00fasv\u00e9ti asztald\u00edszek","technic_string":"\u00dajrahasznos\u00edtott alapanyagb\u00f3l k\u00e9sz\u00fclt term\u00e9kek","category_1":"1818","category_2":"1803","category_3":"1796","category_4":"0","merged_category_1":null,"merged_category_2":null,"merged_category_3":null,"technic_1":"504","technic_2":"0","technic_3":"0","color_1":"530","color_2":"519","color_3":"522","product_description_old":null,"product_description":"\u00dajrahasznos\u00edtott anyagb\u00f3l k\u00e9sz\u00fclt, rafia f\u00e9szken \u00fcld\u00f6g\u00e9l\u0151 ty\u00fakok. A taraja \u00e9s a sz\u00e1rnyai filcb\u0151l k\u00e9sz\u00fcltek. Az akaszt\u00f3 seg\u00edts\u00e9g\u00e9vel b\u00e1rhova feltehet\u0151, de asztald\u00edsznek, locsol\u00f3 aj\u00e1nd\u00e9knak vagy toj\u00e1svad\u00e1szatra is megfelel\u0151 v\u00e1laszt\u00e1s. Magass\u00e1ga: 12 cm Sz\u00e9less\u00e9ge: 9 cm","price":"1700.00","unit":"db","recommended":"0","status":"1","sponsored":"0","exp_notify":"0","own_material":"0","own_material_description_old":null,"own_material_description":"","jury":"0","jury_number":"","product_nature":"","meskaracsony":"0","create_date":"2026-08-30 21:25:30","shelve_id":"77037","image":"tigramsecondlife_product_561877_230326224353_17666.jpeg","image_width":"480","image_height":"640","image_alt":"Textil ty\u00fak, \u00dajrahasznos\u00edtott anyagb\u00f3l k\u00e9sz\u00fclt, rafia f\u00e9szken \u00fcld\u00f6g\u00e9l\u0151 ty\u00fakok. A taraja \u00e9s a sz\u00e1rnyai filcb\u0151l k\u00e9s..., Meska","image_title":"Textil ty\u00fak, Meska","view_count":"625","favourite_count":"0","trending_score":"0","last2MonthFavouriteCount":"0","promotion":"0","giftcard_accept":"0","creditcard_accept":false,"enhanced_background":"0","domain":"meska","specific_customer_id":null,"specific_customer_name":null,"to_order_product":"0","to_order_product_time":"0","product_different":null,"product_different_description":"","vintage":"0","vintage_category_id":"0","recycled":"0","gemstone_id":"0","customizable":"0","type_category":"physical","zerowaste":"0","postage_price":"1290.00","shop_order":"0","has_category":"1","landing_pages":null,"microdata":{"number":19,"category":""},"title":"Textil ty\u00fak","description":"\u00dajrahasznos\u00edtott anyagb\u00f3l k\u00e9sz\u00fclt, rafia f\u00e9szken \u00fcld\u00f6g\u00e9l\u0151 ty\u00fakok. A taraja \u00e9s a sz\u00e1rnyai filcb\u0151l k\u00e9sz\u00fcltek. Az akaszt\u00f3 seg\u00edts\u00e9g\u00e9vel b\u00e1rhova feltehet\u0151, de asztald\u00edsznek, locsol\u00f3 aj\u00e1nd\u00e9knak vagy toj\u00e1svad\u00e1szatra is megfelel\u0151 v\u00e1laszt\u00e1s. Magass\u00e1ga: 12 cm Sz\u00e9less\u00e9ge: 9 cm","score":0,"formatted_price":"1 700 Ft","image_url":"https:\/\/www.meska.hu\/img\/product\/small\/t\/i\/tigramsecondlife_product_561877_230326224353_17666.jpeg","formatted_url":"https:\/\/www.meska.hu\/p4943911-husveti-tyuk","favourite":false,"in_stock":true,"avatar":"561877_avatar_1678034143.jpeg","delete_from":0,"is_enhanced_background":false,"is_enhanced":false,"product_selection_started":false,"is_active":true,"image_webp_url":"https:\/\/www.meska.hu\/img\/product\/small\/t\/i\/tigramsecondlife_product_561877_230326224353_17666.webp"},{"id":"4770657","shop_id":"40441","user_id":"561877","shop_name":"TigramSecondLife","shop_zip":"6757","product_code":"4943929","product_name_old":null,"product_name":"Textil ty\u00fak","category_string":"\u00dcnnepi d\u00edszek, dekor\u00e1ci\u00f3k, H\u00fasv\u00e9ti d\u00edszek \u00e9s dekor\u00e1ci\u00f3k, H\u00fasv\u00e9ti asztald\u00edszek","technic_string":"\u00dajrahasznos\u00edtott alapanyagb\u00f3l k\u00e9sz\u00fclt term\u00e9kek","category_1":"1818","category_2":"1803","category_3":"1796","category_4":"0","merged_category_1":null,"merged_category_2":null,"merged_category_3":null,"technic_1":"504","technic_2":"0","technic_3":"0","color_1":"519","color_2":"521","color_3":"531","product_description_old":null,"product_description":"\u00dajrahasznos\u00edtott anyagb\u00f3l k\u00e9sz\u00fclt, rafia f\u00e9szken \u00fcld\u00f6g\u00e9l\u0151 ty\u00fakok. A taraja \u00e9s a sz\u00e1rnyai filcb\u0151l k\u00e9sz\u00fcltek. Az akaszt\u00f3 seg\u00edts\u00e9g\u00e9vel b\u00e1rhova feltehet\u0151, de asztald\u00edsznek, locsol\u00f3 aj\u00e1nd\u00e9knak vagy toj\u00e1svad\u00e1szatra is megfelel\u0151 v\u00e1laszt\u00e1s. Magass\u00e1ga: 11 cm Sz\u00e9less\u00e9ge: 9 cm","price":"1500.00","unit":"db","recommended":"0","status":"1","sponsored":"0","exp_notify":"0","own_material":"0","own_material_description_old":null,"own_material_description":"","jury":"0","jury_number":"","product_nature":"","meskaracsony":"0","create_date":"2026-08-30 21:25:28","shelve_id":"77037","image":"tigramsecondlife_product_561877_230326224551_57981.jpeg","image_width":"480","image_height":"640","image_alt":"Textil ty\u00fak, \u00dajrahasznos\u00edtott anyagb\u00f3l k\u00e9sz\u00fclt, rafia f\u00e9szken \u00fcld\u00f6g\u00e9l\u0151 ty\u00fakok. A taraja \u00e9s a sz\u00e1rnyai filcb\u0151l k\u00e9s..., Meska","image_title":"Textil ty\u00fak, Meska","view_count":"748","favourite_count":"0","trending_score":"0","last2MonthFavouriteCount":"0","promotion":"0","giftcard_accept":"0","creditcard_accept":false,"enhanced_background":"0","domain":"meska","specific_customer_id":null,"specific_customer_name":null,"to_order_product":"0","to_order_product_time":"0","product_different":null,"product_different_description":"","vintage":"0","vintage_category_id":"0","recycled":"0","gemstone_id":"0","customizable":"0","type_category":"physical","zerowaste":"0","postage_price":"2390.00","shop_order":"0","has_category":"1","landing_pages":null,"microdata":{"number":20,"category":""},"title":"Textil ty\u00fak","description":"\u00dajrahasznos\u00edtott anyagb\u00f3l k\u00e9sz\u00fclt, rafia f\u00e9szken \u00fcld\u00f6g\u00e9l\u0151 ty\u00fakok. A taraja \u00e9s a sz\u00e1rnyai filcb\u0151l k\u00e9sz\u00fcltek. Az akaszt\u00f3 seg\u00edts\u00e9g\u00e9vel b\u00e1rhova feltehet\u0151, de asztald\u00edsznek, locsol\u00f3 aj\u00e1nd\u00e9knak vagy toj\u00e1svad\u00e1szatra is megfelel\u0151 v\u00e1laszt\u00e1s. Magass\u00e1ga: 11 cm Sz\u00e9less\u00e9ge: 9 cm","score":0,"formatted_price":"1 500 Ft","image_url":"https:\/\/www.meska.hu\/img\/product\/small\/t\/i\/tigramsecondlife_product_561877_230326224551_57981.jpeg","formatted_url":"https:\/\/www.meska.hu\/p4943929-husveti-tyuk","favourite":false,"in_stock":true,"avatar":"561877_avatar_1678034143.jpeg","delete_from":0,"is_enhanced_background":false,"is_enhanced":false,"product_selection_started":false,"is_active":true,"image_webp_url":"https:\/\/www.meska.hu\/img\/product\/small\/t\/i\/tigramsecondlife_product_561877_230326224551_57981.webp"},{"id":"4770711","shop_id":"40441","user_id":"561877","shop_name":"TigramSecondLife","shop_zip":"6757","product_code":"4943982","product_name_old":null,"product_name":"Textil ty\u00fakok","category_string":"\u00dcnnepi d\u00edszek, dekor\u00e1ci\u00f3k, H\u00fasv\u00e9ti d\u00edszek \u00e9s dekor\u00e1ci\u00f3k, H\u00fasv\u00e9ti asztald\u00edszek","technic_string":"\u00dajrahasznos\u00edtott alapanyagb\u00f3l k\u00e9sz\u00fclt term\u00e9kek","category_1":"1818","category_2":"1803","category_3":"1796","category_4":"0","merged_category_1":null,"merged_category_2":null,"merged_category_3":null,"technic_1":"504","technic_2":"0","technic_3":"0","color_1":"521","color_2":"791","color_3":"529","product_description_old":null,"product_description":"\u00dajrahasznos\u00edtott anyagb\u00f3l k\u00e9sz\u00fclt, rafia f\u00e9szken \u00fcld\u00f6g\u00e9l\u0151 ty\u00fakok. A taraja \u00e9s a sz\u00e1rnyai filcb\u0151l k\u00e9sz\u00fcltek. Az akaszt\u00f3 seg\u00edts\u00e9g\u00e9vel b\u00e1rhova feltehet\u0151, de asztald\u00edsznek, locsol\u00f3 aj\u00e1nd\u00e9knak vagy toj\u00e1svad\u00e1szatra is megfelel\u0151 v\u00e1laszt\u00e1s. Magass\u00e1ga: 11 cm Sz\u00e9less\u00e9ge: 9 cm","price":"1500.00","unit":"db","recommended":"0","status":"1","sponsored":"0","exp_notify":"0","own_material":"0","own_material_description_old":null,"own_material_description":"","jury":"0","jury_number":"","product_nature":"","meskaracsony":"0","create_date":"2026-08-30 21:25:25","shelve_id":"77037","image":"tigramsecondlife_product_561877_230326225028_238313.jpeg","image_width":"480","image_height":"360","image_alt":"Textil ty\u00fakok, \u00dajrahasznos\u00edtott anyagb\u00f3l k\u00e9sz\u00fclt, rafia f\u00e9szken \u00fcld\u00f6g\u00e9l\u0151 ty\u00fakok. A taraja \u00e9s a sz\u00e1rnyai filcb\u0151l k\u00e9s..., Meska","image_title":"Textil ty\u00fakok, Meska","view_count":"542","favourite_count":"0","trending_score":"0","last2MonthFavouriteCount":"0","promotion":"0","giftcard_accept":"0","creditcard_accept":false,"enhanced_background":"0","domain":"meska","specific_customer_id":null,"specific_customer_name":null,"to_order_product":"0","to_order_product_time":"0","product_different":null,"product_different_description":"","vintage":"0","vintage_category_id":"0","recycled":"0","gemstone_id":"0","customizable":"0","type_category":"physical","zerowaste":"0","postage_price":"1290.00","shop_order":"0","has_category":"1","landing_pages":null,"microdata":{"number":21,"category":""},"title":"Textil ty\u00fakok","description":"\u00dajrahasznos\u00edtott anyagb\u00f3l k\u00e9sz\u00fclt, rafia f\u00e9szken \u00fcld\u00f6g\u00e9l\u0151 ty\u00fakok. A taraja \u00e9s a sz\u00e1rnyai filcb\u0151l k\u00e9sz\u00fcltek. Az akaszt\u00f3 seg\u00edts\u00e9g\u00e9vel b\u00e1rhova feltehet\u0151, de asztald\u00edsznek, locsol\u00f3 aj\u00e1nd\u00e9knak vagy toj\u00e1svad\u00e1szatra is megfelel\u0151 v\u00e1laszt\u00e1s. Magass\u00e1ga: 11 cm Sz\u00e9less\u00e9ge: 9 cm","score":0,"formatted_price":"1 500 Ft","image_url":"https:\/\/www.meska.hu\/img\/product\/small\/t\/i\/tigramsecondlife_product_561877_230326225028_238313.jpeg","formatted_url":"https:\/\/www.meska.hu\/p4943982-husveti-tyukok","favourite":false,"in_stock":true,"avatar":"561877_avatar_1678034143.jpeg","delete_from":0,"is_enhanced_background":false,"is_enhanced":false,"product_selection_started":false,"is_active":true,"image_webp_url":"https:\/\/www.meska.hu\/img\/product\/small\/t\/i\/tigramsecondlife_product_561877_230326225028_238313.webp"},{"id":"4770734","shop_id":"40441","user_id":"561877","shop_name":"TigramSecondLife","shop_zip":"6757","product_code":"4944007","product_name_old":null,"product_name":"Textil ty\u00fakok","category_string":"\u00dcnnepi d\u00edszek, dekor\u00e1ci\u00f3k, H\u00fasv\u00e9ti d\u00edszek \u00e9s dekor\u00e1ci\u00f3k, H\u00fasv\u00e9ti asztald\u00edszek","technic_string":"\u00dajrahasznos\u00edtott alapanyagb\u00f3l k\u00e9sz\u00fclt term\u00e9kek","category_1":"1818","category_2":"1803","category_3":"1796","category_4":"0","merged_category_1":null,"merged_category_2":null,"merged_category_3":null,"technic_1":"504","technic_2":"0","technic_3":"0","color_1":"520","color_2":"521","color_3":"532","product_description_old":null,"product_description":"\u00dajrahasznos\u00edtott anyagb\u00f3l k\u00e9sz\u00fclt, rafia f\u00e9szken \u00fcld\u00f6g\u00e9l\u0151 ty\u00fakok. A taraja \u00e9s a sz\u00e1rnyai filcb\u0151l k\u00e9sz\u00fcltek. Az akaszt\u00f3 seg\u00edts\u00e9g\u00e9vel b\u00e1rhova feltehet\u0151, de asztald\u00edsznek, locsol\u00f3 aj\u00e1nd\u00e9knak vagy toj\u00e1svad\u00e1szatra is megfelel\u0151 v\u00e1laszt\u00e1s. Magass\u00e1ga: 11 cm Sz\u00e9less\u00e9ge: 9 cm","price":"1500.00","unit":"db","recommended":"0","status":"1","sponsored":"0","exp_notify":"0","own_material":"0","own_material_description_old":null,"own_material_description":"","jury":"0","jury_number":"","product_nature":"","meskaracsony":"0","create_date":"2026-08-30 21:25:23","shelve_id":"77037","image":"tigramsecondlife_product_561877_230326225229_663762.jpeg","image_width":"480","image_height":"360","image_alt":"Textil ty\u00fakok, \u00dajrahasznos\u00edtott anyagb\u00f3l k\u00e9sz\u00fclt, rafia f\u00e9szken \u00fcld\u00f6g\u00e9l\u0151 ty\u00fakok. A taraja \u00e9s a sz\u00e1rnyai filcb\u0151l k\u00e9s..., Meska","image_title":"Textil ty\u00fakok, Meska","view_count":"756","favourite_count":"0","trending_score":"0","last2MonthFavouriteCount":"0","promotion":"0","giftcard_accept":"0","creditcard_accept":false,"enhanced_background":"0","domain":"meska","specific_customer_id":null,"specific_customer_name":null,"to_order_product":"0","to_order_product_time":"0","product_different":null,"product_different_description":"","vintage":"0","vintage_category_id":"0","recycled":"0","gemstone_id":"0","customizable":"0","type_category":"physical","zerowaste":"0","postage_price":"2390.00","shop_order":"0","has_category":"1","landing_pages":null,"microdata":{"number":22,"category":""},"title":"Textil ty\u00fakok","description":"\u00dajrahasznos\u00edtott anyagb\u00f3l k\u00e9sz\u00fclt, rafia f\u00e9szken \u00fcld\u00f6g\u00e9l\u0151 ty\u00fakok. A taraja \u00e9s a sz\u00e1rnyai filcb\u0151l k\u00e9sz\u00fcltek. Az akaszt\u00f3 seg\u00edts\u00e9g\u00e9vel b\u00e1rhova feltehet\u0151, de asztald\u00edsznek, locsol\u00f3 aj\u00e1nd\u00e9knak vagy toj\u00e1svad\u00e1szatra is megfelel\u0151 v\u00e1laszt\u00e1s. Magass\u00e1ga: 11 cm Sz\u00e9less\u00e9ge: 9 cm","score":0,"formatted_price":"1 500 Ft","image_url":"https:\/\/www.meska.hu\/img\/product\/small\/t\/i\/tigramsecondlife_product_561877_230326225229_663762.jpeg","formatted_url":"https:\/\/www.meska.hu\/p4944007-husveti-konyv","favourite":false,"in_stock":true,"avatar":"561877_avatar_1678034143.jpeg","delete_from":0,"is_enhanced_background":false,"is_enhanced":false,"product_selection_started":false,"is_active":true,"image_webp_url":"https:\/\/www.meska.hu\/img\/product\/small\/t\/i\/tigramsecondlife_product_561877_230326225229_663762.webp"},{"id":"4769381","shop_id":"40441","user_id":"561877","shop_name":"TigramSecondLife","shop_zip":"6757","product_code":"4942720","product_name_old":null,"product_name":"Textil ty\u00fak","category_string":"\u00dcnnepi d\u00edszek, dekor\u00e1ci\u00f3k, H\u00fasv\u00e9ti d\u00edszek \u00e9s dekor\u00e1ci\u00f3k, H\u00fasv\u00e9ti asztald\u00edszek","technic_string":"\u00dajrahasznos\u00edtott alapanyagb\u00f3l k\u00e9sz\u00fclt term\u00e9kek","category_1":"1818","category_2":"1803","category_3":"1796","category_4":"0","merged_category_1":null,"merged_category_2":null,"merged_category_3":null,"technic_1":"504","technic_2":"0","technic_3":"0","color_1":"519","color_2":"531","color_3":"525","product_description_old":null,"product_description":"\u00dajrahasznos\u00edtott anyagb\u00f3l k\u00e9sz\u00fclt, rafia f\u00e9szken \u00fcld\u00f6g\u00e9l\u0151 ty\u00fakok. A taraja \u00e9s a sz\u00e1rnyai filcb\u0151l k\u00e9sz\u00fcltek. Az akaszt\u00f3 seg\u00edts\u00e9g\u00e9vel b\u00e1rhova feltehet\u0151, de asztald\u00edsznek, locsol\u00f3 aj\u00e1nd\u00e9knak vagy toj\u00e1svad\u00e1szatra is megfelel\u0151 v\u00e1laszt\u00e1s.\nMagass\u00e1ga: 8 cm Sz\u00e9less\u00e9ge: 9 cm","price":"1200.00","unit":"db","recommended":"0","status":"1","sponsored":"0","exp_notify":"0","own_material":"0","own_material_description_old":null,"own_material_description":"","jury":"0","jury_number":"","product_nature":"","meskaracsony":"0","create_date":"2026-08-30 21:25:21","shelve_id":"77037","image":"tigramsecondlife_product_561877_230326203600_526860.jpeg","image_width":"480","image_height":"360","image_alt":"Textil ty\u00fak, \u00dajrahasznos\u00edtott anyagb\u00f3l k\u00e9sz\u00fclt, rafia f\u00e9szken \u00fcld\u00f6g\u00e9l\u0151 ty\u00fakok. A taraja \u00e9s a sz\u00e1rnyai filcb\u0151l k\u00e9s..., Meska","image_title":"Textil ty\u00fak, Meska","view_count":"731","favourite_count":"0","trending_score":"0","last2MonthFavouriteCount":"0","promotion":"0","giftcard_accept":"0","creditcard_accept":false,"enhanced_background":"0","domain":"meska","specific_customer_id":null,"specific_customer_name":null,"to_order_product":"0","to_order_product_time":"0","product_different":null,"product_different_description":"","vintage":"0","vintage_category_id":"0","recycled":"0","gemstone_id":"0","customizable":"0","type_category":"physical","zerowaste":"0","postage_price":"1290.00","shop_order":"0","has_category":"1","landing_pages":null,"microdata":{"number":23,"category":""},"title":"Textil ty\u00fak","description":"\u00dajrahasznos\u00edtott anyagb\u00f3l k\u00e9sz\u00fclt, rafia f\u00e9szken \u00fcld\u00f6g\u00e9l\u0151 ty\u00fakok. A taraja \u00e9s a sz\u00e1rnyai filcb\u0151l k\u00e9sz\u00fcltek. Az akaszt\u00f3 seg\u00edts\u00e9g\u00e9vel b\u00e1rhova feltehet\u0151, de asztald\u00edsznek, locsol\u00f3 aj\u00e1nd\u00e9knak vagy toj\u00e1svad\u00e1szatra is megfelel\u0151 v\u00e1laszt\u00e1s.\nMagass\u00e1ga: 8 cm Sz\u00e9less\u00e9ge: 9 cm","score":0,"formatted_price":"1 200 Ft","image_url":"https:\/\/www.meska.hu\/img\/product\/small\/t\/i\/tigramsecondlife_product_561877_230326203600_526860.jpeg","formatted_url":"https:\/\/www.meska.hu\/p4942720-husveti-tyuk","favourite":false,"in_stock":true,"avatar":"561877_avatar_1678034143.jpeg","delete_from":0,"is_enhanced_background":false,"is_enhanced":false,"product_selection_started":false,"is_active":true,"image_webp_url":"https:\/\/www.meska.hu\/img\/product\/small\/t\/i\/tigramsecondlife_product_561877_230326203600_526860.webp"},{"id":"4769463","shop_id":"40441","user_id":"561877","shop_name":"TigramSecondLife","shop_zip":"6757","product_code":"4942796","product_name_old":null,"product_name":"Textil ty\u00fakok","category_string":"\u00dcnnepi d\u00edszek, dekor\u00e1ci\u00f3k, H\u00fasv\u00e9ti d\u00edszek \u00e9s dekor\u00e1ci\u00f3k, H\u00fasv\u00e9ti asztald\u00edszek","technic_string":"\u00dajrahasznos\u00edtott alapanyagb\u00f3l k\u00e9sz\u00fclt term\u00e9kek","category_1":"1818","category_2":"1803","category_3":"1796","category_4":"0","merged_category_1":null,"merged_category_2":null,"merged_category_3":null,"technic_1":"504","technic_2":"0","technic_3":"0","color_1":"514","color_2":"568","color_3":"0","product_description_old":null,"product_description":"\u00dajrahasznos\u00edtott anyagb\u00f3l k\u00e9sz\u00fclt, rafia f\u00e9szken \u00fcld\u00f6g\u00e9l\u0151 ty\u00fakok. A taraja \u00e9s a sz\u00e1rnyai filcb\u0151l k\u00e9sz\u00fcltek. Az akaszt\u00f3 seg\u00edts\u00e9g\u00e9vel b\u00e1rhova feltehet\u0151, de asztald\u00edsznek, locsol\u00f3 aj\u00e1nd\u00e9knak vagy toj\u00e1svad\u00e1szatra is megfelel\u0151 v\u00e1laszt\u00e1s.\nMagass\u00e1ga: 8 cm Sz\u00e9less\u00e9ge: 9 cm","price":"1000.00","unit":"db","recommended":"0","status":"1","sponsored":"0","exp_notify":"0","own_material":"0","own_material_description_old":null,"own_material_description":"","jury":"0","jury_number":"","product_nature":"","meskaracsony":"0","create_date":"2026-08-30 21:25:18","shelve_id":"77037","image":"tigramsecondlife_product_561877_230326204706_330710.jpeg","image_width":"480","image_height":"360","image_alt":"Textil ty\u00fakok, \u00dajrahasznos\u00edtott anyagb\u00f3l k\u00e9sz\u00fclt, rafia f\u00e9szken \u00fcld\u00f6g\u00e9l\u0151 ty\u00fakok. A taraja \u00e9s a sz\u00e1rnyai filcb\u0151l k\u00e9s..., Meska","image_title":"Textil ty\u00fakok, Meska","view_count":"563","favourite_count":"0","trending_score":"0","last2MonthFavouriteCount":"0","promotion":"0","giftcard_accept":"0","creditcard_accept":false,"enhanced_background":"0","domain":"meska","specific_customer_id":null,"specific_customer_name":null,"to_order_product":"0","to_order_product_time":"0","product_different":null,"product_different_description":"","vintage":"0","vintage_category_id":"0","recycled":"0","gemstone_id":"0","customizable":"0","type_category":"physical","zerowaste":"0","postage_price":"1290.00","shop_order":"0","has_category":"1","landing_pages":null,"microdata":{"number":24,"category":""},"title":"Textil ty\u00fakok","description":"\u00dajrahasznos\u00edtott anyagb\u00f3l k\u00e9sz\u00fclt, rafia f\u00e9szken \u00fcld\u00f6g\u00e9l\u0151 ty\u00fakok. A taraja \u00e9s a sz\u00e1rnyai filcb\u0151l k\u00e9sz\u00fcltek. Az akaszt\u00f3 seg\u00edts\u00e9g\u00e9vel b\u00e1rhova feltehet\u0151, de asztald\u00edsznek, locsol\u00f3 aj\u00e1nd\u00e9knak vagy toj\u00e1svad\u00e1szatra is megfelel\u0151 v\u00e1laszt\u00e1s.\nMagass\u00e1ga: 8 cm Sz\u00e9less\u00e9ge: 9 cm","score":0,"formatted_price":"1 000 Ft","image_url":"https:\/\/www.meska.hu\/img\/product\/small\/t\/i\/tigramsecondlife_product_561877_230326204706_330710.jpeg","formatted_url":"https:\/\/www.meska.hu\/p4942796-husveti-tyukok","favourite":false,"in_stock":true,"avatar":"561877_avatar_1678034143.jpeg","delete_from":0,"is_enhanced_background":false,"is_enhanced":false,"product_selection_started":false,"is_active":true,"image_webp_url":"https:\/\/www.meska.hu\/img\/product\/small\/t\/i\/tigramsecondlife_product_561877_230326204706_330710.webp"},{"id":"4769479","shop_id":"40441","user_id":"561877","shop_name":"TigramSecondLife","shop_zip":"6757","product_code":"4942810","product_name_old":null,"product_name":"Textil ty\u00fakok","category_string":"\u00dcnnepi d\u00edszek, dekor\u00e1ci\u00f3k, H\u00fasv\u00e9ti d\u00edszek \u00e9s dekor\u00e1ci\u00f3k, H\u00fasv\u00e9ti asztald\u00edszek","technic_string":"\u00dajrahasznos\u00edtott alapanyagb\u00f3l k\u00e9sz\u00fclt term\u00e9kek","category_1":"1818","category_2":"1803","category_3":"1796","category_4":"0","merged_category_1":null,"merged_category_2":null,"merged_category_3":null,"technic_1":"504","technic_2":"0","technic_3":"0","color_1":"514","color_2":"568","color_3":"0","product_description_old":null,"product_description":"\u00dajrahasznos\u00edtott anyagb\u00f3l k\u00e9sz\u00fclt, rafia f\u00e9szken \u00fcld\u00f6g\u00e9l\u0151 ty\u00fakok. A taraja \u00e9s a sz\u00e1rnyai filcb\u0151l k\u00e9sz\u00fcltek. Az akaszt\u00f3 seg\u00edts\u00e9g\u00e9vel b\u00e1rhova feltehet\u0151, de asztald\u00edsznek, locsol\u00f3 aj\u00e1nd\u00e9knak vagy toj\u00e1svad\u00e1szatra is megfelel\u0151 v\u00e1laszt\u00e1s.\nMagass\u00e1ga: 8 cm Sz\u00e9less\u00e9ge: 9 cm","price":"1000.00","unit":"db","recommended":"0","status":"1","sponsored":"0","exp_notify":"0","own_material":"0","own_material_description_old":null,"own_material_description":"","jury":"0","jury_number":"","product_nature":"","meskaracsony":"0","create_date":"2026-08-30 21:25:15","shelve_id":"77037","image":"tigramsecondlife_product_561877_230326204841_874632.jpeg","image_width":"480","image_height":"360","image_alt":"Textil ty\u00fakok, \u00dajrahasznos\u00edtott anyagb\u00f3l k\u00e9sz\u00fclt, rafia f\u00e9szken \u00fcld\u00f6g\u00e9l\u0151 ty\u00fakok. A taraja \u00e9s a sz\u00e1rnyai filcb\u0151l k\u00e9s..., Meska","image_title":"Textil ty\u00fakok, Meska","view_count":"713","favourite_count":"0","trending_score":"0","last2MonthFavouriteCount":"0","promotion":"0","giftcard_accept":"0","creditcard_accept":false,"enhanced_background":"0","domain":"meska","specific_customer_id":null,"specific_customer_name":null,"to_order_product":"0","to_order_product_time":"0","product_different":null,"product_different_description":"","vintage":"0","vintage_category_id":"0","recycled":"0","gemstone_id":"0","customizable":"0","type_category":"physical","zerowaste":"0","postage_price":"2390.00","shop_order":"0","has_category":"1","landing_pages":null,"microdata":{"number":25,"category":""},"title":"Textil ty\u00fakok","description":"\u00dajrahasznos\u00edtott anyagb\u00f3l k\u00e9sz\u00fclt, rafia f\u00e9szken \u00fcld\u00f6g\u00e9l\u0151 ty\u00fakok. A taraja \u00e9s a sz\u00e1rnyai filcb\u0151l k\u00e9sz\u00fcltek. Az akaszt\u00f3 seg\u00edts\u00e9g\u00e9vel b\u00e1rhova feltehet\u0151, de asztald\u00edsznek, locsol\u00f3 aj\u00e1nd\u00e9knak vagy toj\u00e1svad\u00e1szatra is megfelel\u0151 v\u00e1laszt\u00e1s.\nMagass\u00e1ga: 8 cm Sz\u00e9less\u00e9ge: 9 cm","score":0,"formatted_price":"1 000 Ft","image_url":"https:\/\/www.meska.hu\/img\/product\/small\/t\/i\/tigramsecondlife_product_561877_230326204841_874632.jpeg","formatted_url":"https:\/\/www.meska.hu\/p4942810-husveti-tyukok","favourite":false,"in_stock":true,"avatar":"561877_avatar_1678034143.jpeg","delete_from":0,"is_enhanced_background":false,"is_enhanced":false,"product_selection_started":false,"is_active":true,"image_webp_url":"https:\/\/www.meska.hu\/img\/product\/small\/t\/i\/tigramsecondlife_product_561877_230326204841_874632.webp"},{"id":"4769540","shop_id":"40441","user_id":"561877","shop_name":"TigramSecondLife","shop_zip":"6757","product_code":"4942871","product_name_old":null,"product_name":"Textil ty\u00fakok","category_string":"\u00dcnnepi d\u00edszek, dekor\u00e1ci\u00f3k, H\u00fasv\u00e9ti d\u00edszek \u00e9s dekor\u00e1ci\u00f3k, H\u00fasv\u00e9ti asztald\u00edszek","technic_string":"\u00dajrahasznos\u00edtott alapanyagb\u00f3l k\u00e9sz\u00fclt term\u00e9kek","category_1":"1818","category_2":"1803","category_3":"1796","category_4":"0","merged_category_1":null,"merged_category_2":null,"merged_category_3":null,"technic_1":"504","technic_2":"0","technic_3":"0","color_1":"514","color_2":"532","color_3":"529","product_description_old":null,"product_description":"\u00dajrahasznos\u00edtott anyagb\u00f3l k\u00e9sz\u00fclt, rafia f\u00e9szken \u00fcld\u00f6g\u00e9l\u0151 ty\u00fakok. A taraja \u00e9s a sz\u00e1rnyai filcb\u0151l k\u00e9sz\u00fcltek. Az akaszt\u00f3 seg\u00edts\u00e9g\u00e9vel b\u00e1rhova feltehet\u0151, de asztald\u00edsznek, locsol\u00f3 aj\u00e1nd\u00e9knak vagy toj\u00e1svad\u00e1szatra is megfelel\u0151 v\u00e1laszt\u00e1s.\nMagass\u00e1ga: 8 cm Sz\u00e9less\u00e9ge: 9 cm","price":"1000.00","unit":"db","recommended":"0","status":"1","sponsored":"0","exp_notify":"0","own_material":"0","own_material_description_old":null,"own_material_description":"","jury":"0","jury_number":"","product_nature":"","meskaracsony":"0","create_date":"2026-08-30 21:25:12","shelve_id":"77037","image":"tigramsecondlife_product_561877_230326205243_056962.jpeg","image_width":"480","image_height":"360","image_alt":"Textil ty\u00fakok, \u00dajrahasznos\u00edtott anyagb\u00f3l k\u00e9sz\u00fclt, rafia f\u00e9szken \u00fcld\u00f6g\u00e9l\u0151 ty\u00fakok. A taraja \u00e9s a sz\u00e1rnyai filcb\u0151l k\u00e9s..., Meska","image_title":"Textil ty\u00fakok, Meska","view_count":"509","favourite_count":"0","trending_score":"0","last2MonthFavouriteCount":"0","promotion":"0","giftcard_accept":"0","creditcard_accept":false,"enhanced_background":"0","domain":"meska","specific_customer_id":null,"specific_customer_name":null,"to_order_product":"0","to_order_product_time":"0","product_different":null,"product_different_description":"","vintage":"0","vintage_category_id":"0","recycled":"0","gemstone_id":"0","customizable":"0","type_category":"physical","zerowaste":"0","postage_price":"1290.00","shop_order":"0","has_category":"1","landing_pages":null,"microdata":{"number":26,"category":""},"title":"Textil ty\u00fakok","description":"\u00dajrahasznos\u00edtott anyagb\u00f3l k\u00e9sz\u00fclt, rafia f\u00e9szken \u00fcld\u00f6g\u00e9l\u0151 ty\u00fakok. A taraja \u00e9s a sz\u00e1rnyai filcb\u0151l k\u00e9sz\u00fcltek. Az akaszt\u00f3 seg\u00edts\u00e9g\u00e9vel b\u00e1rhova feltehet\u0151, de asztald\u00edsznek, locsol\u00f3 aj\u00e1nd\u00e9knak vagy toj\u00e1svad\u00e1szatra is megfelel\u0151 v\u00e1laszt\u00e1s.\nMagass\u00e1ga: 8 cm Sz\u00e9less\u00e9ge: 9 cm","score":0,"formatted_price":"1 000 Ft","image_url":"https:\/\/www.meska.hu\/img\/product\/small\/t\/i\/tigramsecondlife_product_561877_230326205243_056962.jpeg","formatted_url":"https:\/\/www.meska.hu\/p4942871-husveti-tyukok","favourite":false,"in_stock":true,"avatar":"561877_avatar_1678034143.jpeg","delete_from":0,"is_enhanced_background":false,"is_enhanced":false,"product_selection_started":false,"is_active":true,"image_webp_url":"https:\/\/www.meska.hu\/img\/product\/small\/t\/i\/tigramsecondlife_product_561877_230326205243_056962.webp"},{"id":"4769567","shop_id":"40441","user_id":"561877","shop_name":"TigramSecondLife","shop_zip":"6757","product_code":"4942896","product_name_old":null,"product_name":"Feh\u00e9r, h\u00edmzett ty\u00fakok","category_string":"\u00dcnnepi d\u00edszek, dekor\u00e1ci\u00f3k, H\u00fasv\u00e9ti d\u00edszek \u00e9s dekor\u00e1ci\u00f3k, H\u00fasv\u00e9ti asztald\u00edszek","technic_string":"\u00dajrahasznos\u00edtott alapanyagb\u00f3l k\u00e9sz\u00fclt term\u00e9kek","category_1":"1818","category_2":"1803","category_3":"1796","category_4":"0","merged_category_1":null,"merged_category_2":null,"merged_category_3":null,"technic_1":"504","technic_2":"0","technic_3":"0","color_1":"514","color_2":"519","color_3":"0","product_description_old":null,"product_description":"\u00dajrahasznos\u00edtott anyagb\u00f3l k\u00e9sz\u00fclt, rafia f\u00e9szken \u00fcld\u00f6g\u00e9l\u0151 ty\u00fakok. A taraja \u00e9s a sz\u00e1rnyai filcb\u0151l k\u00e9sz\u00fcltek. Az akaszt\u00f3 seg\u00edts\u00e9g\u00e9vel b\u00e1rhova feltehet\u0151, de asztald\u00edsznek, locsol\u00f3 aj\u00e1nd\u00e9knak vagy toj\u00e1svad\u00e1szatra is megfelel\u0151 v\u00e1laszt\u00e1s.\nMagass\u00e1ga: 8 cm Sz\u00e9less\u00e9ge: 9 cm","price":"1000.00","unit":"db","recommended":"0","status":"1","sponsored":"0","exp_notify":"0","own_material":"0","own_material_description_old":null,"own_material_description":"","jury":"0","jury_number":"","product_nature":"","meskaracsony":"0","create_date":"2026-08-30 21:25:10","shelve_id":"77037","image":"tigramsecondlife_product_561877_230326205610_047372.jpeg","image_width":"480","image_height":"360","image_alt":"Feh\u00e9r, h\u00edmzett ty\u00fakok, \u00dajrahasznos\u00edtott anyagb\u00f3l k\u00e9sz\u00fclt, rafia f\u00e9szken \u00fcld\u00f6g\u00e9l\u0151 ty\u00fakok. A taraja \u00e9s a sz\u00e1rnyai filcb\u0151l k\u00e9s..., Meska","image_title":"Feh\u00e9r, h\u00edmzett ty\u00fakok, Meska","view_count":"505","favourite_count":"0","trending_score":"0","last2MonthFavouriteCount":"0","promotion":"0","giftcard_accept":"0","creditcard_accept":false,"enhanced_background":"0","domain":"meska","specific_customer_id":null,"specific_customer_name":null,"to_order_product":"0","to_order_product_time":"0","product_different":null,"product_different_description":"","vintage":"0","vintage_category_id":"0","recycled":"0","gemstone_id":"0","customizable":"0","type_category":"physical","zerowaste":"0","postage_price":"1290.00","shop_order":"0","has_category":"1","landing_pages":null,"microdata":{"number":27,"category":""},"title":"Feh\u00e9r, h\u00edmzett ty\u00fakok","description":"\u00dajrahasznos\u00edtott anyagb\u00f3l k\u00e9sz\u00fclt, rafia f\u00e9szken \u00fcld\u00f6g\u00e9l\u0151 ty\u00fakok. A taraja \u00e9s a sz\u00e1rnyai filcb\u0151l k\u00e9sz\u00fcltek. Az akaszt\u00f3 seg\u00edts\u00e9g\u00e9vel b\u00e1rhova feltehet\u0151, de asztald\u00edsznek, locsol\u00f3 aj\u00e1nd\u00e9knak vagy toj\u00e1svad\u00e1szatra is megfelel\u0151 v\u00e1laszt\u00e1s.\nMagass\u00e1ga: 8 cm Sz\u00e9less\u00e9ge: 9 cm","score":0,"formatted_price":"1 000 Ft","image_url":"https:\/\/www.meska.hu\/img\/product\/small\/t\/i\/tigramsecondlife_product_561877_230326205610_047372.jpeg","formatted_url":"https:\/\/www.meska.hu\/p4942896-feher-himzett-husveti-tyukok","favourite":false,"in_stock":true,"avatar":"561877_avatar_1678034143.jpeg","delete_from":0,"is_enhanced_background":false,"is_enhanced":false,"product_selection_started":false,"is_active":true,"image_webp_url":"https:\/\/www.meska.hu\/img\/product\/small\/t\/i\/tigramsecondlife_product_561877_230326205610_047372.webp"},{"id":"4769583","shop_id":"40441","user_id":"561877","shop_name":"TigramSecondLife","shop_zip":"6757","product_code":"4942912","product_name_old":null,"product_name":"Textil ty\u00fakok","category_string":"\u00dcnnepi d\u00edszek, dekor\u00e1ci\u00f3k, H\u00fasv\u00e9ti d\u00edszek \u00e9s dekor\u00e1ci\u00f3k, H\u00fasv\u00e9ti asztald\u00edszek","technic_string":"\u00dajrahasznos\u00edtott alapanyagb\u00f3l k\u00e9sz\u00fclt term\u00e9kek","category_1":"1818","category_2":"1803","category_3":"1796","category_4":"0","merged_category_1":null,"merged_category_2":null,"merged_category_3":null,"technic_1":"504","technic_2":"0","technic_3":"0","color_1":"526","color_2":"529","color_3":"0","product_description_old":null,"product_description":"\u00dajrahasznos\u00edtott anyagb\u00f3l k\u00e9sz\u00fclt, rafia f\u00e9szken \u00fcld\u00f6g\u00e9l\u0151 ty\u00fakok. A taraja \u00e9s a sz\u00e1rnyai filcb\u0151l k\u00e9sz\u00fcltek. Az akaszt\u00f3 seg\u00edts\u00e9g\u00e9vel b\u00e1rhova feltehet\u0151, de asztald\u00edsznek, locsol\u00f3 aj\u00e1nd\u00e9knak vagy toj\u00e1svad\u00e1szatra is megfelel\u0151 v\u00e1laszt\u00e1s.\nMagass\u00e1ga: 8 cm Sz\u00e9less\u00e9ge: 9 cm","price":"1000.00","unit":"db","recommended":"0","status":"1","sponsored":"0","exp_notify":"0","own_material":"0","own_material_description_old":null,"own_material_description":"","jury":"0","jury_number":"","product_nature":"","meskaracsony":"0","create_date":"2026-08-30 21:25:08","shelve_id":"77037","image":"tigramsecondlife_product_561877_230326205841_955185.jpeg","image_width":"480","image_height":"360","image_alt":"Textil ty\u00fakok, \u00dajrahasznos\u00edtott anyagb\u00f3l k\u00e9sz\u00fclt, rafia f\u00e9szken \u00fcld\u00f6g\u00e9l\u0151 ty\u00fakok. A taraja \u00e9s a sz\u00e1rnyai filcb\u0151l k\u00e9s..., Meska","image_title":"Textil ty\u00fakok, Meska","view_count":"632","favourite_count":"0","trending_score":"0","last2MonthFavouriteCount":"0","promotion":"0","giftcard_accept":"0","creditcard_accept":false,"enhanced_background":"0","domain":"meska","specific_customer_id":null,"specific_customer_name":null,"to_order_product":"0","to_order_product_time":"0","product_different":null,"product_different_description":"","vintage":"0","vintage_category_id":"0","recycled":"0","gemstone_id":"0","customizable":"0","type_category":"physical","zerowaste":"0","postage_price":"1290.00","shop_order":"0","has_category":"1","landing_pages":null,"microdata":{"number":28,"category":""},"title":"Textil ty\u00fakok","description":"\u00dajrahasznos\u00edtott anyagb\u00f3l k\u00e9sz\u00fclt, rafia f\u00e9szken \u00fcld\u00f6g\u00e9l\u0151 ty\u00fakok. A taraja \u00e9s a sz\u00e1rnyai filcb\u0151l k\u00e9sz\u00fcltek. Az akaszt\u00f3 seg\u00edts\u00e9g\u00e9vel b\u00e1rhova feltehet\u0151, de asztald\u00edsznek, locsol\u00f3 aj\u00e1nd\u00e9knak vagy toj\u00e1svad\u00e1szatra is megfelel\u0151 v\u00e1laszt\u00e1s.\nMagass\u00e1ga: 8 cm Sz\u00e9less\u00e9ge: 9 cm","score":0,"formatted_price":"1 000 Ft","image_url":"https:\/\/www.meska.hu\/img\/product\/small\/t\/i\/tigramsecondlife_product_561877_230326205841_955185.jpeg","formatted_url":"https:\/\/www.meska.hu\/p4942912-husveti-tyukok","favourite":false,"in_stock":true,"avatar":"561877_avatar_1678034143.jpeg","delete_from":0,"is_enhanced_background":false,"is_enhanced":false,"product_selection_started":false,"is_active":true,"image_webp_url":"https:\/\/www.meska.hu\/img\/product\/small\/t\/i\/tigramsecondlife_product_561877_230326205841_955185.webp"},{"id":"4769602","shop_id":"40441","user_id":"561877","shop_name":"TigramSecondLife","shop_zip":"6757","product_code":"4942930","product_name_old":null,"product_name":"Textil ty\u00fak","category_string":"\u00dcnnepi d\u00edszek, dekor\u00e1ci\u00f3k, H\u00fasv\u00e9ti d\u00edszek \u00e9s dekor\u00e1ci\u00f3k, H\u00fasv\u00e9ti asztald\u00edszek","technic_string":"\u00dajrahasznos\u00edtott alapanyagb\u00f3l k\u00e9sz\u00fclt term\u00e9kek","category_1":"1818","category_2":"1803","category_3":"1796","category_4":"0","merged_category_1":null,"merged_category_2":null,"merged_category_3":null,"technic_1":"504","technic_2":"0","technic_3":"0","color_1":"515","color_2":"519","color_3":"0","product_description_old":null,"product_description":"\u00dajrahasznos\u00edtott anyagb\u00f3l k\u00e9sz\u00fclt, rafia f\u00e9szken \u00fcld\u00f6g\u00e9l\u0151 ty\u00fakok. A taraja \u00e9s a sz\u00e1rnyai filcb\u0151l k\u00e9sz\u00fcltek. Az akaszt\u00f3 seg\u00edts\u00e9g\u00e9vel b\u00e1rhova feltehet\u0151, de asztald\u00edsznek, locsol\u00f3 aj\u00e1nd\u00e9knak vagy toj\u00e1svad\u00e1szatra is megfelel\u0151 v\u00e1laszt\u00e1s.\nMagass\u00e1ga: 8 cm Sz\u00e9less\u00e9ge: 9 cm","price":"1000.00","unit":"db","recommended":"0","status":"1","sponsored":"0","exp_notify":"0","own_material":"0","own_material_description_old":null,"own_material_description":"","jury":"0","jury_number":"","product_nature":"","meskaracsony":"0","create_date":"2026-08-30 21:25:04","shelve_id":"77037","image":"tigramsecondlife_product_561877_230326210034_352675.jpeg","image_width":"480","image_height":"640","image_alt":"Textil ty\u00fak, \u00dajrahasznos\u00edtott anyagb\u00f3l k\u00e9sz\u00fclt, rafia f\u00e9szken \u00fcld\u00f6g\u00e9l\u0151 ty\u00fakok. A taraja \u00e9s a sz\u00e1rnyai filcb\u0151l k\u00e9s..., Meska","image_title":"Textil ty\u00fak, Meska","view_count":"690","favourite_count":"0","trending_score":"0","last2MonthFavouriteCount":"0","promotion":"0","giftcard_accept":"0","creditcard_accept":false,"enhanced_background":"0","domain":"meska","specific_customer_id":null,"specific_customer_name":null,"to_order_product":"0","to_order_product_time":"0","product_different":null,"product_different_description":"","vintage":"0","vintage_category_id":"0","recycled":"0","gemstone_id":"0","customizable":"0","type_category":"physical","zerowaste":"0","postage_price":"1290.00","shop_order":"0","has_category":"1","landing_pages":null,"microdata":{"number":29,"category":""},"title":"Textil ty\u00fak","description":"\u00dajrahasznos\u00edtott anyagb\u00f3l k\u00e9sz\u00fclt, rafia f\u00e9szken \u00fcld\u00f6g\u00e9l\u0151 ty\u00fakok. A taraja \u00e9s a sz\u00e1rnyai filcb\u0151l k\u00e9sz\u00fcltek. Az akaszt\u00f3 seg\u00edts\u00e9g\u00e9vel b\u00e1rhova feltehet\u0151, de asztald\u00edsznek, locsol\u00f3 aj\u00e1nd\u00e9knak vagy toj\u00e1svad\u00e1szatra is megfelel\u0151 v\u00e1laszt\u00e1s.\nMagass\u00e1ga: 8 cm Sz\u00e9less\u00e9ge: 9 cm","score":0,"formatted_price":"1 000 Ft","image_url":"https:\/\/www.meska.hu\/img\/product\/small\/t\/i\/tigramsecondlife_product_561877_230326210034_352675.jpeg","formatted_url":"https:\/\/www.meska.hu\/p4942930-husveti-tyuk","favourite":false,"in_stock":true,"avatar":"561877_avatar_1678034143.jpeg","delete_from":0,"is_enhanced_background":false,"is_enhanced":false,"product_selection_started":false,"is_active":true,"image_webp_url":"https:\/\/www.meska.hu\/img\/product\/small\/t\/i\/tigramsecondlife_product_561877_230326210034_352675.webp"},{"id":"4677058","shop_id":"15388","user_id":"68130","shop_name":"Steigusz","shop_zip":"1157","product_code":"4882783","product_name_old":null,"product_name":"H\u00fasv\u00e9ti asztald\u00edsz szett","category_string":"\u00dcnnepi d\u00edszek, dekor\u00e1ci\u00f3k, H\u00fasv\u00e9ti d\u00edszek \u00e9s dekor\u00e1ci\u00f3k, H\u00fasv\u00e9ti asztald\u00edszek","technic_string":"Festett t\u00e1rgyak, Mindenm\u00e1s","category_1":"1818","category_2":"1803","category_3":"1796","category_4":"0","merged_category_1":null,"merged_category_2":null,"merged_category_3":null,"technic_1":"481","technic_2":"493","technic_3":"0","color_1":"515","color_2":"517","color_3":"529","product_description_old":null,"product_description":"Tavasz ihlette..\nAntik hat\u00e1s\u00fa ker\u00e1mia toj\u00e1start\u00f3 szett.\nVajon mi fog kikelni a benne lev\u0151 toj\u00e1sokb\u00f3l? :)\nAz \u00fcnnepi asztal \u00e9ke lesz.\n\nkb.10 cm magas\n\n","price":"2100.00","unit":"garn","recommended":"0","status":"1","sponsored":"0","exp_notify":"0","own_material":"0","own_material_description_old":null,"own_material_description":"","jury":"0","jury_number":"","product_nature":"","meskaracsony":"0","create_date":"2026-08-30 20:03:55","shelve_id":"52363","image":"steigusz_product_68130_230115231040_115814.jpeg","image_width":"480","image_height":"360","image_alt":"H\u00fasv\u00e9ti asztald\u00edsz szett, Tavasz ihlette..\\nAntik hat\u00e1s\u00fa ker\u00e1mia toj\u00e1start\u00f3 szett.\\nVajon mi fog kikelni a benne lev\u0151 toj\u00e1sokb\u00f3l..., Meska","image_title":"H\u00fasv\u00e9ti asztald\u00edsz szett, Meska","view_count":"863","favourite_count":"0","trending_score":"0","last2MonthFavouriteCount":"0","promotion":"211","giftcard_accept":"1","creditcard_accept":false,"enhanced_background":"0","domain":"meska","specific_customer_id":null,"specific_customer_name":null,"to_order_product":"0","to_order_product_time":"0","product_different":null,"product_different_description":"","vintage":"0","vintage_category_id":"0","recycled":"0","gemstone_id":"0","customizable":"0","type_category":"physical","zerowaste":"0","postage_price":"1290.00","shop_order":"3","has_category":"1","landing_pages":null,"microdata":{"number":30,"category":""},"title":"H\u00fasv\u00e9ti asztald\u00edsz szett","description":"Tavasz ihlette..\nAntik hat\u00e1s\u00fa ker\u00e1mia toj\u00e1start\u00f3 szett.\nVajon mi fog kikelni a benne lev\u0151 toj\u00e1sokb\u00f3l? :)\nAz \u00fcnnepi asztal \u00e9ke lesz.\n\nkb.10 cm magas\n\n","score":0,"formatted_price":"2 100 Ft","image_url":"https:\/\/www.meska.hu\/img\/product\/small\/s\/t\/steigusz_product_68130_230115231040_115814.jpeg","formatted_url":"https:\/\/www.meska.hu\/p4882783-husveti-asztaldisz-szett","favourite":false,"in_stock":true,"avatar":"68130_avatar_1739746085.png","delete_from":0,"is_enhanced_background":false,"is_enhanced":false,"product_selection_started":false,"original_price":"2 100 Ft","promotion_percentage":"-30%","promoted_price":"1 470 Ft","promoted_price_sup":"30","ribbon":"https:\/\/www.meska.hu\/img\/promotionbanners\/GQTXZHEC0\/product_ribbon_30_1785231767.svg","is_active":true,"image_webp_url":"https:\/\/www.meska.hu\/img\/product\/small\/s\/t\/steigusz_product_68130_230115231040_115814.webp"},{"id":"4957388","shop_id":"15388","user_id":"68130","shop_name":"Steigusz","shop_zip":"1157","product_code":"5049471","product_name_old":null,"product_name":"Nyuszis t\u00e1l","category_string":"\u00dcnnepi d\u00edszek, dekor\u00e1ci\u00f3k, H\u00fasv\u00e9ti d\u00edszek \u00e9s dekor\u00e1ci\u00f3k, H\u00fasv\u00e9ti asztald\u00edszek","technic_string":"Decoupage, transzfer \u00e9s szalv\u00e9tatechnika, Festett t\u00e1rgyak","category_1":"1818","category_2":"1803","category_3":"1796","category_4":"0","merged_category_1":null,"merged_category_2":null,"merged_category_3":null,"technic_1":"476","technic_2":"481","technic_3":"0","color_1":"512","color_2":"514","color_3":"515","product_description_old":null,"product_description":"Vintage b\u00e1j otthonodban!\n\nEz az egyedi, k\u00e9zzel k\u00e9sz\u00edtett dekor\u00e1ci\u00f3s t\u00e1l romantikus nyuszi mint\u00e1val t\u00f6k\u00e9letes v\u00e1laszt\u00e1s a term\u00e9szet \u00e9s a vintage st\u00edlus szerelmeseinek. \nAz antikolt hat\u00e1s \u00e9s a r\u00e9szletgazdag kidolgoz\u00e1s k\u00fcl\u00f6nleges hangulatot k\u00f6lcs\u00f6n\u00f6z b\u00e1rmely enteri\u0151rnek.\n\nIde\u00e1lis aj\u00e1nd\u00e9k, vagy t\u00f6k\u00e9letes kieg\u00e9sz\u00edt\u0151 saj\u00e1t otthonodba. \nTedd k\u00fcl\u00f6nlegess\u00e9 a mindennapokat ezzel a b\u00e1jos t\u00e1lal! \n\nDecoupage technik\u00e1val d\u00edsz\u00edtett \u00fcvegt\u00e1l.\nNyuszigazdik ez r\u00e1tok v\u00e1r! ;)\n\nKb. 23 cm \u00e1tm\u00e9r\u0151j\u0171\n\nK\u00e9zzel moshat\u00f3, nem b\u0151 \u00e1ztat\u00e1ssal. \nD\u00f6rzs\u00f6lni nem szabad.","price":"4600.00","unit":"db","recommended":"0","status":"1","sponsored":"0","exp_notify":"0","own_material":"0","own_material_description_old":null,"own_material_description":"","jury":"0","jury_number":"","product_nature":"","meskaracsony":"0","create_date":"2026-08-30 19:35:22","shelve_id":"43577","image":"steigusz_product_68130_221009214235_53241.jpeg","image_width":"480","image_height":"640","image_alt":"Nyuszis t\u00e1l, Vintage b\u00e1j otthonodban!\\n\\nEz az egyedi, k\u00e9zzel k\u00e9sz\u00edtett dekor\u00e1ci\u00f3s t\u00e1l romantikus nyuszi mint\u00e1val t..., Meska","image_title":"Nyuszis t\u00e1l, Meska","view_count":"1148","favourite_count":"0","trending_score":"0","last2MonthFavouriteCount":"0","promotion":"211","giftcard_accept":"1","creditcard_accept":false,"enhanced_background":"0","domain":"meska","specific_customer_id":null,"specific_customer_name":null,"to_order_product":"0","to_order_product_time":"0","product_different":null,"product_different_description":"","vintage":"0","vintage_category_id":"0","recycled":"0","gemstone_id":"0","customizable":"0","type_category":"physical","zerowaste":"0","postage_price":"1290.00","shop_order":"3","has_category":"1","landing_pages":null,"microdata":{"number":31,"category":""},"title":"Nyuszis t\u00e1l","description":"Vintage b\u00e1j otthonodban!\n\nEz az egyedi, k\u00e9zzel k\u00e9sz\u00edtett dekor\u00e1ci\u00f3s t\u00e1l romantikus nyuszi mint\u00e1val t\u00f6k\u00e9letes v\u00e1laszt\u00e1s a term\u00e9szet \u00e9s a vintage st\u00edlus szerelmeseinek. \nAz antikolt hat\u00e1s \u00e9s a r\u00e9szletgazdag kidolgoz\u00e1s k\u00fcl\u00f6nleges hangulatot k\u00f6lcs\u00f6n\u00f6z b\u00e1rmely enteri\u0151rnek.\n\nIde\u00e1lis aj\u00e1nd\u00e9k, vagy t\u00f6k\u00e9letes kieg\u00e9sz\u00edt\u0151 saj\u00e1t otthonodba. \nTedd k\u00fcl\u00f6nlegess\u00e9 a mindennapokat ezzel a b\u00e1jos t\u00e1lal! \n\nDecoupage technik\u00e1val d\u00edsz\u00edtett \u00fcvegt\u00e1l.\nNyuszigazdik ez r\u00e1tok v\u00e1r! ;)\n\nKb. 23 cm \u00e1tm\u00e9r\u0151j\u0171\n\nK\u00e9zzel moshat\u00f3, nem b\u0151 \u00e1ztat\u00e1ssal. \nD\u00f6rzs\u00f6lni nem szabad.","score":0,"formatted_price":"4 600 Ft","image_url":"https:\/\/www.meska.hu\/img\/product\/small\/s\/t\/steigusz_product_68130_221009214235_53241.jpeg","formatted_url":"https:\/\/www.meska.hu\/p5049471-nyuszis-tal","favourite":false,"in_stock":true,"avatar":"68130_avatar_1739746085.png","delete_from":0,"is_enhanced_background":false,"is_enhanced":false,"product_selection_started":false,"original_price":"4 600 Ft","promotion_percentage":"-30%","promoted_price":"3 220 Ft","promoted_price_sup":"30","ribbon":"https:\/\/www.meska.hu\/img\/promotionbanners\/GQTXZHEC0\/product_ribbon_30_1785231767.svg","is_active":true,"image_webp_url":"https:\/\/www.meska.hu\/img\/product\/small\/s\/t\/steigusz_product_68130_221009214235_53241.webp"},{"id":"6152018","shop_id":"44970","user_id":"645553","shop_name":"CrealityGifts","shop_zip":"8083","product_code":"5757702","product_name_old":null,"product_name":"Szent Kereszt asztali \u00e9s fali d\u00edsz arany dicsf\u00e9nnyel \u2013 A rem\u00e9ny \u00e9s a hit \u00e1lland\u00f3 szimb\u00f3luma","category_string":"\u00dcnnepi d\u00edszek, dekor\u00e1ci\u00f3k, H\u00fasv\u00e9ti d\u00edszek \u00e9s dekor\u00e1ci\u00f3k, H\u00fasv\u00e9ti asztald\u00edszek","technic_string":"Mindenm\u00e1s","category_1":"1818","category_2":"1803","category_3":"1796","category_4":"0","merged_category_1":null,"merged_category_2":null,"merged_category_3":null,"technic_1":"493","technic_2":"0","technic_3":"0","color_1":"519","color_2":"0","color_3":"0","product_description_old":null,"product_description":"D\u00edsz\u00edtse otthon\u00e1t a rem\u00e9ny \u00e9s az \u00e1ldozatv\u00e1llal\u00e1s legtiszt\u00e1bb szimb\u00f3lum\u00e1val, amely asztali \u00e9s fali dekor\u00e1ci\u00f3k\u00e9nt is t\u00f6k\u00e9letes v\u00e1laszt\u00e1s.\nA r\u00e9szletgazdag, k\u0151hat\u00e1s\u00fa feh\u00e9r kereszt \u00e9s a m\u00f6g\u00f6tte sug\u00e1rz\u00f3 arany dicsf\u00e9ny harmonikus kontrasztja azonnal vonzza a tekintetet. Ez a 22 cm magas, eleg\u00e1ns kidolgoz\u00e1s\u00fa m\u0171alkot\u00e1s stabil talp\u00e1nak k\u00f6sz\u00f6nhet\u0151en polcon is meg\u00e1llja a hely\u00e9t, de a falra helyezve is fens\u00e9ges l\u00e1tv\u00e1nyt ny\u00fajt. Var\u00e1zsoljon b\u00e9k\u00e9t az otthon\u00e1ba, vagy aj\u00e1nd\u00e9kozzon maradand\u00f3 \u00e9rt\u00e9ket szeretteinek ezzel a pr\u00e9mium kereszt\u00e9ny jelk\u00e9ppel.\n\nSzent Kereszt asztali \u00e9s fali d\u00edsz arany dicsf\u00e9nnyel \u2013 A rem\u00e9ny \u00e9s a hit \u00e1lland\u00f3 szimb\u00f3luma\nAz \u00e1llhatatos hit mindennapi eml\u00e9keztet\u0151je\nGondolt m\u00e1r arra, milyen felemel\u0151 \u00e9rz\u00e9s, amikor a tekintete megakad egy olyan t\u00e1rgyon, amely a legnehezebb pillanatokban is rem\u00e9nyt \u00e9s er\u0151t sug\u00e1roz?\nA hagyom\u00e1nyos fesz\u00fcletek \u00e9s vall\u00e1si szimb\u00f3lumok gyakran nehezen illeszthet\u0151k be egy modern, letisztult otthonba, r\u00e1ad\u00e1sul sokszor kompromisszumot kell k\u00f6tn\u00fcnk az elhelyez\u00e9s\u00fcket illet\u0151en is.\nEz a leny\u0171g\u00f6z\u0151 Szent Kereszt megoldja ezt a dilemm\u00e1t: a mell\u00e9kelt eleg\u00e1ns talapzat seg\u00edts\u00e9g\u00e9vel az \u00edr\u00f3asztalon vagy a kom\u00f3don is tarthatja, de ha \u00fagy k\u00edv\u00e1nja, k\u00f6nnyed\u00e9n a falra is r\u00f6gz\u00edtheti, ahol az arany gl\u00f3ria meleg f\u00e9nyt visz a t\u00e9rbe.\n\nEz\u00e9rt fogod szeretni:\nKett\u0151s funkci\u00f3: A stabil talp \u00e9s a fali r\u00f6gz\u00edt\u00e9si lehet\u0151s\u00e9g teljes szabads\u00e1got ad az elhelyez\u00e9sben.\nGazdag ornamentika: A kereszt fel\u00fclet\u00e9t bor\u00edt\u00f3 finom, klasszikus mint\u00e1zat kiemeli a t\u00e1rgy szakr\u00e1lis jelleg\u00e9t.\nAranyozott dicsf\u00e9ny: A h\u00e1tt\u00e9rben h\u00faz\u00f3d\u00f3, sugaras gl\u00f3ria az isteni f\u00e9nyt \u00e9s a megv\u00e1lt\u00e1st jelk\u00e9pezi, gy\u00f6ny\u00f6r\u0171en j\u00e1tszva a szoba f\u00e9nyviszonyaival.\nPr\u00e9mium anyaghaszn\u00e1lat: A gr\u00e1nit- \u00e9s k\u0151hat\u00e1s\u00fa text\u00fara tart\u00f3s, id\u0151t\u00e1ll\u00f3 eleganci\u00e1t biztos\u00edt minden enteri\u0151rben.\nBesz\u00e9des aj\u00e1nd\u00e9k: T\u00f6k\u00e9letes v\u00e1laszt\u00e1s esk\u00fcv\u0151re, \u00e9vfordul\u00f3ra, vagy b\u00e1rkinek, akinek lelki b\u00e9k\u00e9re \u00e9s meger\u0151s\u00edt\u00e9sre van sz\u00fcks\u00e9ge.\n \n\nTechnikai adatok:\nAnyag: K\u00f6rnyezetbar\u00e1t, pr\u00e9mium polimer kompozit\nM\u00e9ret: kb. 22 cm magas (talppal egy\u00fctt)\nKivitel: Gr\u00e1nit-feh\u00e9r kereszt dombormint\u00e1val, selyemf\u00e9ny\u0171 arany gl\u00f3ri\u00e1val\nKialak\u00edt\u00e1s: Asztali talapzat \u00e9s rejtett fali akaszt\u00e1si lehet\u0151s\u00e9g egyben\nTiszt\u00edt\u00e1s: Sz\u00e1raz, puha mikrosz\u00e1las t\u00f6rl\u0151kend\u0151vel egyszer\u0171en portalan\u00edthat\u00f3\n \n\nV\u00e1s\u00e1rl\u00f3ink mondt\u00e1k:\n\"El\u0151sz\u00f6r a kom\u00f3dra tettem a talppal, de v\u00e9g\u00fcl a h\u00e1l\u00f3szobafalon tal\u00e1lta meg a v\u00e9gleges hely\u00e9t. Nagyon praktikus, hogy mindk\u00e9t m\u00f3don haszn\u00e1lhat\u00f3, \u00e9s a kidolgoz\u00e1sa elk\u00e9peszt\u0151en sz\u00e9p. \u00c9l\u0151ben m\u00e9g jobban mutat, mint a k\u00e9peken, val\u00f3di \u00e9rt\u00e9ket k\u00e9pvisel.\"\n\nGyakori k\u00e9rd\u00e9sek:\nHogyan lehet a falra tenni, ha van talpa?\nA kereszt kialak\u00edt\u00e1sa lehet\u0151v\u00e9 teszi a talp egyszer\u0171 mell\u0151z\u00e9s\u00e9t, a h\u00e1toldal\u00e1n pedig egy diszkr\u00e9t r\u00f6gz\u00edt\u00e9si pont tal\u00e1lhat\u00f3, \u00edgy t\u00f6k\u00e9letesen felfekszik a falfel\u00fcletre.\n\nMekkora helyet foglal az asztalon?\nA talp m\u00e9rete \u00e9ppen akkora, hogy stabilan megtartsa a 22 cm magas keresztet, de nem foglal el felesleges helyet, \u00edgy keskenyebb polcokon vagy \u00e9jjeliszekr\u00e9nyen is k\u00e9nyellen\u00fcl elf\u00e9r.\n\nElvesz\u00edti az arany sz\u00edn a f\u00e9ny\u00e9t id\u0151vel?\nBelt\u00e9ri haszn\u00e1lat \u00e9s megfelel\u0151, sz\u00e1raz portalan\u00edt\u00e1s mellett az arany dicsf\u00e9ny hossz\u00fa \u00e9veken \u00e1t meg\u0151rzi ragyog\u00f3, selyemf\u00e9ny\u0171 \u00e1rnyalat\u00e1t.\n\nK\u00fclt\u00e9ri olt\u00e1rra vagy s\u00edrhelyre is tehetem?\nB\u00e1r az anyag massz\u00edv, a tart\u00f3s UV-sug\u00e1rz\u00e1s \u00e9s az id\u0151j\u00e1r\u00e1si viszontags\u00e1gok miatt ezt a darabot kifejezetten belt\u00e9ri, otthoni dekor\u00e1ci\u00f3nak javasoljuk.\n\nBiztons\u00e1gosan meg\u00e9rkezik, ha sz\u00e1ll\u00edt\u00e1ssal k\u00e9rem?\nTerm\u00e9szetesen. K\u00fcl\u00f6n\u00f6s gondot ford\u00edtunk a s\u00e9r\u00fcl\u00e9kenyebb pontok, mint a ki\u00e1ll\u00f3 napsugarak \u00e9s a talp gondos, \u00fct\u00e9s\u00e1ll\u00f3 csomagol\u00e1s\u00e1ra, \u00edgy garant\u00e1ltan \u00e9ps\u00e9gben kapja k\u00e9zhez.\n\nV\u00e1lassza a rem\u00e9ny szimb\u00f3lum\u00e1t otthon\u00e1ba, vagy aj\u00e1nd\u00e9kozzon hitet szeretteinek. Rendelje meg most!","price":"4990.00","unit":"db","recommended":"0","status":"1","sponsored":"0","exp_notify":"0","own_material":"0","own_material_description_old":null,"own_material_description":"","jury":"0","jury_number":"","product_nature":"","meskaracsony":"0","create_date":"2026-08-28 15:49:07","shelve_id":"81568","image":"crealitygifts_product_645553_260309154440_99295.jpeg","image_width":"480","image_height":"480","image_alt":"Szent Kereszt asztali \u00e9s fali d\u00edsz arany dicsf\u00e9nnyel \u2013 A rem\u00e9ny \u00e9s a hit \u00e1lland\u00f3 szimb\u00f3luma, D\u00edsz\u00edtse otthon\u00e1t a rem\u00e9ny \u00e9s az \u00e1ldozatv\u00e1llal\u00e1s legtiszt\u00e1bb szimb\u00f3lum\u00e1val, amely asztali \u00e9s fali de..., Meska","image_title":"Szent Kereszt asztali \u00e9s fali d\u00edsz arany dicsf\u00e9nnyel \u2013 A rem\u00e9ny \u00e9s a hit \u00e1lland\u00f3 szimb\u00f3luma, Meska","view_count":"96","favourite_count":"0","trending_score":"0","last2MonthFavouriteCount":"0","promotion":"0","giftcard_accept":"0","creditcard_accept":true,"enhanced_background":"0","domain":"meska","specific_customer_id":null,"specific_customer_name":null,"to_order_product":"1","to_order_product_time":"3","product_different":null,"product_different_description":"","vintage":"0","vintage_category_id":"0","recycled":"0","gemstone_id":"0","customizable":"0","type_category":"physical","zerowaste":"0","postage_price":"2390.00","shop_order":"0","has_category":"1","landing_pages":null,"microdata":{"number":32,"category":""},"title":"Szent Kereszt asztali \u00e9s fali d\u00edsz arany dicsf\u00e9nnyel \u2013 A rem\u00e9ny \u00e9s a hit \u00e1lland\u00f3 szimb\u00f3luma","description":"D\u00edsz\u00edtse otthon\u00e1t a rem\u00e9ny \u00e9s az \u00e1ldozatv\u00e1llal\u00e1s legtiszt\u00e1bb szimb\u00f3lum\u00e1val, amely asztali \u00e9s fali dekor\u00e1ci\u00f3k\u00e9nt is t\u00f6k\u00e9letes v\u00e1laszt\u00e1s.\nA r\u00e9szletgazdag, k\u0151hat\u00e1s\u00fa feh\u00e9r kereszt \u00e9s a m\u00f6g\u00f6tte sug\u00e1rz\u00f3 arany dicsf\u00e9ny harmonikus kontrasztja azonnal vonzza a tekintetet. Ez a 22 cm magas, eleg\u00e1ns kidolgoz\u00e1s\u00fa m\u0171alkot\u00e1s stabil talp\u00e1nak k\u00f6sz\u00f6nhet\u0151en polcon is meg\u00e1llja a hely\u00e9t, de a falra helyezve is fens\u00e9ges l\u00e1tv\u00e1nyt ny\u00fajt. Var\u00e1zsoljon b\u00e9k\u00e9t az otthon\u00e1ba, vagy aj\u00e1nd\u00e9kozzon maradand\u00f3 \u00e9rt\u00e9ket szeretteinek ezzel a pr\u00e9mium kereszt\u00e9ny jelk\u00e9ppel.\n\nSzent Kereszt asztali \u00e9s fali d\u00edsz arany dicsf\u00e9nnyel \u2013 A rem\u00e9ny \u00e9s a hit \u00e1lland\u00f3 szimb\u00f3luma\nAz \u00e1llhatatos hit mindennapi eml\u00e9keztet\u0151je\nGondolt m\u00e1r arra, milyen felemel\u0151 \u00e9rz\u00e9s, amikor a tekintete megakad egy olyan t\u00e1rgyon, amely a legnehezebb pillanatokban is rem\u00e9nyt \u00e9s er\u0151t sug\u00e1roz?\nA hagyom\u00e1nyos fesz\u00fcletek \u00e9s vall\u00e1si szimb\u00f3lumok gyakran nehezen illeszthet\u0151k be egy modern, letisztult otthonba, r\u00e1ad\u00e1sul sokszor kompromisszumot kell k\u00f6tn\u00fcnk az elhelyez\u00e9s\u00fcket illet\u0151en is.\nEz a leny\u0171g\u00f6z\u0151 Szent Kereszt megoldja ezt a dilemm\u00e1t: a mell\u00e9kelt eleg\u00e1ns talapzat seg\u00edts\u00e9g\u00e9vel az \u00edr\u00f3asztalon vagy a kom\u00f3don is tarthatja, de ha \u00fagy k\u00edv\u00e1nja, k\u00f6nnyed\u00e9n a falra is r\u00f6gz\u00edtheti, ahol az arany gl\u00f3ria meleg f\u00e9nyt visz a t\u00e9rbe.\n\nEz\u00e9rt fogod szeretni:\nKett\u0151s funkci\u00f3: A stabil talp \u00e9s a fali r\u00f6gz\u00edt\u00e9si lehet\u0151s\u00e9g teljes szabads\u00e1got ad az elhelyez\u00e9sben.\nGazdag ornamentika: A kereszt fel\u00fclet\u00e9t bor\u00edt\u00f3 finom, klasszikus mint\u00e1zat kiemeli a t\u00e1rgy szakr\u00e1lis jelleg\u00e9t.\nAranyozott dicsf\u00e9ny: A h\u00e1tt\u00e9rben h\u00faz\u00f3d\u00f3, sugaras gl\u00f3ria az isteni f\u00e9nyt \u00e9s a megv\u00e1lt\u00e1st jelk\u00e9pezi, gy\u00f6ny\u00f6r\u0171en j\u00e1tszva a szoba f\u00e9nyviszonyaival.\nPr\u00e9mium anyaghaszn\u00e1lat: A gr\u00e1nit- \u00e9s k\u0151hat\u00e1s\u00fa text\u00fara tart\u00f3s, id\u0151t\u00e1ll\u00f3 eleganci\u00e1t biztos\u00edt minden enteri\u0151rben.\nBesz\u00e9des aj\u00e1nd\u00e9k: T\u00f6k\u00e9letes v\u00e1laszt\u00e1s esk\u00fcv\u0151re, \u00e9vfordul\u00f3ra, vagy b\u00e1rkinek, akinek lelki b\u00e9k\u00e9re \u00e9s meger\u0151s\u00edt\u00e9sre van sz\u00fcks\u00e9ge.\n \n\nTechnikai adatok:\nAnyag: K\u00f6rnyezetbar\u00e1t, pr\u00e9mium polimer kompozit\nM\u00e9ret: kb. 22 cm magas (talppal egy\u00fctt)\nKivitel: Gr\u00e1nit-feh\u00e9r kereszt dombormint\u00e1val, selyemf\u00e9ny\u0171 arany gl\u00f3ri\u00e1val\nKialak\u00edt\u00e1s: Asztali talapzat \u00e9s rejtett fali akaszt\u00e1si lehet\u0151s\u00e9g egyben\nTiszt\u00edt\u00e1s: Sz\u00e1raz, puha mikrosz\u00e1las t\u00f6rl\u0151kend\u0151vel egyszer\u0171en portalan\u00edthat\u00f3\n \n\nV\u00e1s\u00e1rl\u00f3ink mondt\u00e1k:\n\"El\u0151sz\u00f6r a kom\u00f3dra tettem a talppal, de v\u00e9g\u00fcl a h\u00e1l\u00f3szobafalon tal\u00e1lta meg a v\u00e9gleges hely\u00e9t. Nagyon praktikus, hogy mindk\u00e9t m\u00f3don haszn\u00e1lhat\u00f3, \u00e9s a kidolgoz\u00e1sa elk\u00e9peszt\u0151en sz\u00e9p. \u00c9l\u0151ben m\u00e9g jobban mutat, mint a k\u00e9peken, val\u00f3di \u00e9rt\u00e9ket k\u00e9pvisel.\"\n\nGyakori k\u00e9rd\u00e9sek:\nHogyan lehet a falra tenni, ha van talpa?\nA kereszt kialak\u00edt\u00e1sa lehet\u0151v\u00e9 teszi a talp egyszer\u0171 mell\u0151z\u00e9s\u00e9t, a h\u00e1toldal\u00e1n pedig egy diszkr\u00e9t r\u00f6gz\u00edt\u00e9si pont tal\u00e1lhat\u00f3, \u00edgy t\u00f6k\u00e9letesen felfekszik a falfel\u00fcletre.\n\nMekkora helyet foglal az asztalon?\nA talp m\u00e9rete \u00e9ppen akkora, hogy stabilan megtartsa a 22 cm magas keresztet, de nem foglal el felesleges helyet, \u00edgy keskenyebb polcokon vagy \u00e9jjeliszekr\u00e9nyen is k\u00e9nyellen\u00fcl elf\u00e9r.\n\nElvesz\u00edti az arany sz\u00edn a f\u00e9ny\u00e9t id\u0151vel?\nBelt\u00e9ri haszn\u00e1lat \u00e9s megfelel\u0151, sz\u00e1raz portalan\u00edt\u00e1s mellett az arany dicsf\u00e9ny hossz\u00fa \u00e9veken \u00e1t meg\u0151rzi ragyog\u00f3, selyemf\u00e9ny\u0171 \u00e1rnyalat\u00e1t.\n\nK\u00fclt\u00e9ri olt\u00e1rra vagy s\u00edrhelyre is tehetem?\nB\u00e1r az anyag massz\u00edv, a tart\u00f3s UV-sug\u00e1rz\u00e1s \u00e9s az id\u0151j\u00e1r\u00e1si viszontags\u00e1gok miatt ezt a darabot kifejezetten belt\u00e9ri, otthoni dekor\u00e1ci\u00f3nak javasoljuk.\n\nBiztons\u00e1gosan meg\u00e9rkezik, ha sz\u00e1ll\u00edt\u00e1ssal k\u00e9rem?\nTerm\u00e9szetesen. K\u00fcl\u00f6n\u00f6s gondot ford\u00edtunk a s\u00e9r\u00fcl\u00e9kenyebb pontok, mint a ki\u00e1ll\u00f3 napsugarak \u00e9s a talp gondos, \u00fct\u00e9s\u00e1ll\u00f3 csomagol\u00e1s\u00e1ra, \u00edgy garant\u00e1ltan \u00e9ps\u00e9gben kapja k\u00e9zhez.\n\nV\u00e1lassza a rem\u00e9ny szimb\u00f3lum\u00e1t otthon\u00e1ba, vagy aj\u00e1nd\u00e9kozzon hitet szeretteinek. Rendelje meg most!","score":0,"formatted_price":"4 990 Ft","image_url":"https:\/\/www.meska.hu\/img\/product\/small\/c\/r\/crealitygifts_product_645553_260309154440_99295.jpeg","formatted_url":"https:\/\/www.meska.hu\/p5757702-szent-kereszt-asztali-es-fali-disz-arany-dicsfennyel-a-remeny-es-a-hit-allando-szimboluma","favourite":false,"in_stock":false,"avatar":"645553_avatar_1764524497.png","delete_from":0,"is_enhanced_background":false,"is_enhanced":false,"product_selection_started":false,"is_active":true,"image_webp_url":"https:\/\/www.meska.hu\/img\/product\/small\/c\/r\/crealitygifts_product_645553_260309154440_99295.webp"},{"id":"6167822","shop_id":"39433","user_id":"540239","shop_name":"Nostalgia2022","shop_zip":"5300","product_code":"5764652","product_name_old":null,"product_name":"h\u00fasv\u00e9ti asztali d\u00edsz","category_string":"\u00dcnnepi d\u00edszek, dekor\u00e1ci\u00f3k, H\u00fasv\u00e9ti d\u00edszek \u00e9s dekor\u00e1ci\u00f3k, H\u00fasv\u00e9ti asztald\u00edszek","technic_string":"H\u00edmz\u00e9s, Mindenm\u00e1s","category_1":"1818","category_2":"1803","category_3":"1796","category_4":"0","merged_category_1":null,"merged_category_2":null,"merged_category_3":null,"technic_1":"487","technic_2":"493","technic_3":"0","color_1":"519","color_2":"521","color_3":"0","product_description_old":null,"product_description":"Ov\u00e1lis madeir\u00e1s ter\u00edt\u0151n k\u00e9kfest\u0151 h\u00fasv\u00e9ti d\u00edsztoj\u00e1s, fakarika tart\u00f3val.\n","price":"6000.00","unit":"db","recommended":"0","status":"1","sponsored":"0","exp_notify":"0","own_material":"0","own_material_description_old":null,"own_material_description":"","jury":"0","jury_number":"","product_nature":"","meskaracsony":"0","create_date":"2026-08-27 11:24:17","shelve_id":"0","image":"nostalgia2022_product_540239_260326100441_038740.jpeg","image_width":"480","image_height":"360","image_alt":"h\u00fasv\u00e9ti asztali d\u00edsz, Ov\u00e1lis madeir\u00e1s ter\u00edt\u0151n k\u00e9kfest\u0151 h\u00fasv\u00e9ti d\u00edsztoj\u00e1s, fakarika tart\u00f3val.\\n, Meska","image_title":"h\u00fasv\u00e9ti asztali d\u00edsz, Meska","view_count":"82","favourite_count":"0","trending_score":"0","last2MonthFavouriteCount":"0","promotion":"0","giftcard_accept":"0","creditcard_accept":false,"enhanced_background":"0","domain":"meska","specific_customer_id":null,"specific_customer_name":null,"to_order_product":"0","to_order_product_time":"0","product_different":null,"product_different_description":"","vintage":"0","vintage_category_id":"0","recycled":"0","gemstone_id":"0","customizable":"0","type_category":"physical","zerowaste":"0","postage_price":"1290.00","shop_order":"0","has_category":"1","landing_pages":null,"microdata":{"number":33,"category":""},"title":"h\u00fasv\u00e9ti asztali d\u00edsz","description":"Ov\u00e1lis madeir\u00e1s ter\u00edt\u0151n k\u00e9kfest\u0151 h\u00fasv\u00e9ti d\u00edsztoj\u00e1s, fakarika tart\u00f3val.\n","score":0,"formatted_price":"6 000 Ft","image_url":"https:\/\/www.meska.hu\/img\/product\/small\/n\/o\/nostalgia2022_product_540239_260326100441_038740.jpeg","formatted_url":"https:\/\/www.meska.hu\/p5764652-husveti-asztali-disz","favourite":false,"in_stock":true,"avatar":"540239_avatar_1670066571.jpeg","delete_from":0,"is_enhanced_background":false,"is_enhanced":false,"product_selection_started":false,"is_active":true,"image_webp_url":"https:\/\/www.meska.hu\/img\/product\/small\/n\/o\/nostalgia2022_product_540239_260326100441_038740.webp"},{"id":"4368027","shop_id":"19480","user_id":"186842","shop_name":"Levendula85","shop_zip":"3811","product_code":"4008220","product_name_old":null,"product_name":"H\u00fasv\u00e9ti retr\u00f3 szett ","category_string":"\u00dcnnepi d\u00edszek, dekor\u00e1ci\u00f3k, H\u00fasv\u00e9ti d\u00edszek \u00e9s dekor\u00e1ci\u00f3k, H\u00fasv\u00e9ti asztald\u00edszek","technic_string":"Decoupage, transzfer \u00e9s szalv\u00e9tatechnika","category_1":"1818","category_2":"1803","category_3":"1796","category_4":"0","merged_category_1":null,"merged_category_2":null,"merged_category_3":null,"technic_1":"476","technic_2":"0","technic_3":"0","color_1":"514","color_2":"515","color_3":"0","product_description_old":null,"product_description":"Hagyom\u00e1nyos sz\u00f3d\u00e1s\u00fcveg h\u00fasv\u00e9ti ruh\u00e1ba \u00f6lt\u00f6ztetve hozz\u00e1 ill\u0151 v\u00e1g\u00f3deszk\u00e1val. Remek \u00f6tlet aj\u00e1nd\u00e9kba. Igazi retr\u00f3 hangulat\u00fa kieg\u00e9sz\u00edt\u0151je lehet lak\u00e1sunknak. \n","price":"7990.00","unit":"db","recommended":"0","status":"1","sponsored":"0","exp_notify":"0","own_material":"0","own_material_description_old":null,"own_material_description":"","jury":"0","jury_number":"","product_nature":"","meskaracsony":"0","create_date":"2026-08-25 23:24:54","shelve_id":"46510","image":"levendula85_product_186842_210119194344_545951.jpeg","image_width":"480","image_height":"640","image_alt":"H\u00fasv\u00e9ti retr\u00f3 szett , Hagyom\u00e1nyos sz\u00f3d\u00e1s\u00fcveg h\u00fasv\u00e9ti ruh\u00e1ba \u00f6lt\u00f6ztetve hozz\u00e1 ill\u0151 v\u00e1g\u00f3deszk\u00e1val. Remek \u00f6tlet aj\u00e1nd\u00e9kba. Ig..., Meska","image_title":"H\u00fasv\u00e9ti retr\u00f3 szett , Meska","view_count":"694","favourite_count":"0","trending_score":"0","last2MonthFavouriteCount":"0","promotion":"0","giftcard_accept":"1","creditcard_accept":false,"enhanced_background":"0","domain":"meska","specific_customer_id":null,"specific_customer_name":null,"to_order_product":"0","to_order_product_time":"0","product_different":null,"product_different_description":"","vintage":"0","vintage_category_id":"0","recycled":"0","gemstone_id":"0","customizable":"0","type_category":"physical","zerowaste":"0","postage_price":"2390.00","shop_order":"0","has_category":"1","landing_pages":null,"microdata":{"number":34,"category":""},"title":"H\u00fasv\u00e9ti retr\u00f3 szett ","description":"Hagyom\u00e1nyos sz\u00f3d\u00e1s\u00fcveg h\u00fasv\u00e9ti ruh\u00e1ba \u00f6lt\u00f6ztetve hozz\u00e1 ill\u0151 v\u00e1g\u00f3deszk\u00e1val. Remek \u00f6tlet aj\u00e1nd\u00e9kba. Igazi retr\u00f3 hangulat\u00fa kieg\u00e9sz\u00edt\u0151je lehet lak\u00e1sunknak. \n","score":0,"formatted_price":"7 990 Ft","image_url":"https:\/\/www.meska.hu\/img\/product\/small\/l\/e\/levendula85_product_186842_210119194344_545951.jpeg","formatted_url":"https:\/\/www.meska.hu\/p4008220-husveti-retro-szett","favourite":false,"in_stock":true,"avatar":"186842_avatar_1726227349.jpeg","delete_from":0,"is_enhanced_background":false,"is_enhanced":false,"product_selection_started":false,"is_active":true,"image_webp_url":"https:\/\/www.meska.hu\/img\/product\/small\/l\/e\/levendula85_product_186842_210119194344_545951.webp"},{"id":"6152047","shop_id":"44970","user_id":"645553","shop_name":"CrealityGifts","shop_zip":"8083","product_code":"5757711","product_name_old":null,"product_name":"Szentl\u00e9lek Galamb falid\u00edsz arany dicsf\u00e9nnyel \u2013 A b\u00e9ke \u00e9s az isteni jelenl\u00e9t szimb\u00f3luma","category_string":"\u00dcnnepi d\u00edszek, dekor\u00e1ci\u00f3k, H\u00fasv\u00e9ti d\u00edszek \u00e9s dekor\u00e1ci\u00f3k, H\u00fasv\u00e9ti asztald\u00edszek","technic_string":"Mindenm\u00e1s","category_1":"1818","category_2":"1803","category_3":"1796","category_4":"0","merged_category_1":null,"merged_category_2":null,"merged_category_3":null,"technic_1":"493","technic_2":"0","technic_3":"0","color_1":"519","color_2":"0","color_3":"0","product_description_old":null,"product_description":"D\u00edsz\u00edtse otthon\u00e1t a b\u00e9ke \u00e9s a Szentl\u00e9lek jelenl\u00e9t\u00e9nek legtiszt\u00e1bb szimb\u00f3lum\u00e1val, ezzel az eleg\u00e1ns, k\u0151hat\u00e1s\u00fa galamb falid\u00edsszel.\nA kit\u00e1rt sz\u00e1rny\u00fa galamb \u00e9s a m\u00f6g\u00f6tte sug\u00e1rz\u00f3 arany dicsf\u00e9ny harm\u00f3ni\u00e1ja nyugalmat \u00e9s isteni oltalmat sug\u00e1roz minden t\u00e9rben. Ez a 22 cm magas, r\u00e9szletgazdag fali m\u0171alkot\u00e1s t\u00f6k\u00e9letes v\u00e1laszt\u00e1s nappaliba, h\u00e1l\u00f3szob\u00e1ba vagy imasarokba, egy\u00fattal felemel\u0151, maradand\u00f3 aj\u00e1nd\u00e9k keresztel\u0151re vagy b\u00e9rm\u00e1lkoz\u00e1sra. Vigyen b\u00e9k\u00e9t \u00e9s letisztult eleganci\u00e1t a mindennapokba egy igaz\u00e1n k\u00fcl\u00f6nleges kereszt\u00e9ny jelk\u00e9ppel.\n\nSzentl\u00e9lek Galamb falid\u00edsz arany dicsf\u00e9nnyel \u2013 A b\u00e9ke \u00e9s az isteni jelenl\u00e9t szimb\u00f3luma\nA harm\u00f3nia \u00e9s a bels\u0151 b\u00e9ke szigete az otthon\u00e1ban\nKeresi azt a k\u00fcl\u00f6nleges t\u00e1rgyat, amely a mindennapi rohan\u00e1sban is k\u00e9pes megteremteni a csend \u00e9s a lelki felt\u00f6lt\u0151d\u00e9s atmoszf\u00e9r\u00e1j\u00e1t az otthon\u00e1ban?\nA modern terekb\u0151l gyakran hi\u00e1nyoznak azok a finom, spiritu\u00e1lis utal\u00e1sok, amelyek \u00edzl\u00e9sesen, m\u00e9gis hat\u00e1rozottan k\u00e9pviselik a hit\u00fcnket \u00e9s a rem\u00e9nyt.\nEz a kit\u00e1rt sz\u00e1rny\u00fa b\u00e9kegalamb az arany dicsf\u00e9nnyel \u00f6tv\u00f6zve nem csup\u00e1n egy dekor\u00e1ci\u00f3, hanem egy vizu\u00e1lis im\u00e1ds\u00e1g, amely visszaadja a f\u00f3kuszunkat a val\u00f3ban fontos dolgokra, eleg\u00e1nsan simulva a kort\u00e1rs vagy klasszikus enteri\u0151rbe is.\n\nEz\u00e9rt fogod szeretni:\nL\u00e9lekemel\u0151 szimbolika: A Szentl\u00e9lek \u00e9s a b\u00e9ke galambja az oltalmat, a tisztas\u00e1got \u00e9s az isteni jelenl\u00e9tet hozza el a mindennapokba.\nEleg\u00e1ns kontraszt: A feh\u00e9r, gr\u00e1nit hat\u00e1s\u00fa mad\u00e1r \u00e9s a meleg t\u00f3nus\u00fa, selyemf\u00e9ny\u0171 arany sugarak leny\u0171g\u00f6z\u0151 eszt\u00e9tikai \u00e9lm\u00e9nyt ny\u00fajtanak.\nFinom r\u00e9szletgazdags\u00e1g: A tollazat gondos \u00e9s apr\u00f3l\u00e9kos kidolgoz\u00e1sa pr\u00e9mium, k\u00e9zm\u0171ves hat\u00e1st kelt.\nT\u00e9rbe simul\u00f3 kialak\u00edt\u00e1s: Falra simul\u00f3 form\u00e1j\u00e1nak k\u00f6sz\u00f6nhet\u0151en nem hivalkod\u00f3, m\u00e9gis azonnal vonzza \u00e9s megnyugtatja a tekintetet.\nT\u00f6k\u00e9letes alkalmi aj\u00e1nd\u00e9k: Ide\u00e1lis \u00e9s meghat\u00f3 meglepet\u00e9s esk\u00fcv\u0151re, b\u00e9rm\u00e1lkoz\u00e1sra, keresztel\u0151re vagy egy \u00faj otthon megszentel\u00e9s\u00e9re.\n \n\nTechnikai adatok:\nAnyag: K\u00f6rnyezetbar\u00e1t, pr\u00e9mium polimer kompozit\nM\u00e9ret: kb. 22 cm magas\nKivitel: K\u0151hat\u00e1s\u00fa, szemcs\u00e9s feh\u00e9r galamb test, selyemf\u00e9ny\u0171 arany gl\u00f3ri\u00e1val\nFelszerel\u00e9s: Diszkr\u00e9t \u00e9s biztons\u00e1gos fali r\u00f6gz\u00edt\u00e9si ponttal a h\u00e1toldalon\nTiszt\u00edt\u00e1s: Puha, sz\u00e1raz ecsettel vagy mikrosz\u00e1las kend\u0151vel egyszer\u0171en portalan\u00edthat\u00f3\n \n\nV\u00e1s\u00e1rl\u00f3ink mondt\u00e1k:\n\"Keresztel\u0151re vettem aj\u00e1nd\u00e9kba, \u00e9s hatalmas sikere volt. A kidolgoz\u00e1sa gy\u00f6ny\u00f6r\u0171, az arany sugarak pedig nagyon sz\u00e9pen csillognak a fali l\u00e1mpa f\u00e9ny\u00e9ben. K\u00e9s\u0151bb magunknak is rendeltem egyet a h\u00e1l\u00f3szob\u00e1ba.\"\n\nGyakori k\u00e9rd\u00e9sek:\nMilyen s\u00faly\u00fa a falid\u00edsz?\nA speci\u00e1lis felhaszn\u00e1lt anyag rendk\u00edv\u00fcl k\u00f6nny\u0171, \u00edgy egy v\u00e9konyabb gipszkarton falra vagy egy apr\u00f3bb sz\u00f6gre is gond n\u00e9lk\u00fcl, biztons\u00e1gosan felakaszthat\u00f3.\n\nA feh\u00e9r fel\u00fclet hajlamos a s\u00e1rgul\u00e1sra?\nNem, a kompozit anyag \u00e9s a sz\u00ednez\u00e9s id\u0151t\u00e1ll\u00f3, \u00edgy a szobor hossz\u00fa \u00e9veken kereszt\u00fcl meg\u0151rzi ragyog\u00f3, k\u0151hat\u00e1s\u00fa feh\u00e9rs\u00e9g\u00e9t szobah\u0151m\u00e9rs\u00e9kleten, k\u00f6zvetlen napf\u00e9nyt\u0151l v\u00e9dve.\n\nHogyan a legk\u00f6nnyebb felhelyezni a falra?\nA h\u00e1toldalon kialak\u00edtott rejtett akaszt\u00f3nak k\u00f6sz\u00f6nhet\u0151en csup\u00e1n egyetlen falba f\u00fart csavarra vagy bevert sz\u00f6gre van sz\u00fcks\u00e9g, amire a d\u00edsz t\u00f6k\u00e9letesen \u00e9s stabilan felfekszik.\n\nGyerekszob\u00e1ba is megfelel\u0151 v\u00e1laszt\u00e1s?\nAbszol\u00fat. Kifinomult, b\u00e9k\u00e9s formavil\u00e1ga \u00e9s az \u00e1ltala hordozott oltalmaz\u00f3 jelent\u00e9s miatt t\u00f6k\u00e9letes \u0151rz\u0151je lehet a gyermekek \u00e1lm\u00e1nak.\n\nMennyire biztons\u00e1gos a sz\u00e1ll\u00edt\u00e1s egy ilyen form\u00e1n\u00e1l?\nKiemelt figyelmet ford\u00edtunk a csomagol\u00e1sra. T\u00f6r\u00e9keny \u00e1ruk\u00e9nt, speci\u00e1lis, \u00fct\u00e9snyel\u0151 anyaggal b\u00e9lelt dobozban k\u00fcldj\u00fck, hogy a finom \u00e9lek \u00e9s az arany sugarak t\u00f6k\u00e9letes \u00e9ps\u00e9gben \u00e9rkezzenek meg \u00d6nh\u00f6z.\n\nVigyen b\u00e9k\u00e9t \u00e9s harm\u00f3ni\u00e1t otthon\u00e1ba, vagy aj\u00e1nd\u00e9kozzon isteni oltalmat. Rendelje meg most!","price":"5990.00","unit":"db","recommended":"0","status":"1","sponsored":"0","exp_notify":"0","own_material":"0","own_material_description_old":null,"own_material_description":"","jury":"0","jury_number":"","product_nature":"","meskaracsony":"0","create_date":"2026-08-25 17:11:53","shelve_id":"81568","image":"crealitygifts_product_645553_260309160726_51051.jpeg","image_width":"480","image_height":"480","image_alt":"Szentl\u00e9lek Galamb falid\u00edsz arany dicsf\u00e9nnyel \u2013 A b\u00e9ke \u00e9s az isteni jelenl\u00e9t szimb\u00f3luma, D\u00edsz\u00edtse otthon\u00e1t a b\u00e9ke \u00e9s a Szentl\u00e9lek jelenl\u00e9t\u00e9nek legtiszt\u00e1bb szimb\u00f3lum\u00e1val, ezzel az eleg\u00e1ns, k..., Meska","image_title":"Szentl\u00e9lek Galamb falid\u00edsz arany dicsf\u00e9nnyel \u2013 A b\u00e9ke \u00e9s az isteni jelenl\u00e9t szimb\u00f3luma, Meska","view_count":"178","favourite_count":"0","trending_score":"0","last2MonthFavouriteCount":"0","promotion":"0","giftcard_accept":"0","creditcard_accept":true,"enhanced_background":"0","domain":"meska","specific_customer_id":null,"specific_customer_name":null,"to_order_product":"1","to_order_product_time":"3","product_different":null,"product_different_description":"","vintage":"0","vintage_category_id":"0","recycled":"0","gemstone_id":"0","customizable":"0","type_category":"physical","zerowaste":"0","postage_price":"2390.00","shop_order":"0","has_category":"1","landing_pages":null,"microdata":{"number":35,"category":""},"title":"Szentl\u00e9lek Galamb falid\u00edsz arany dicsf\u00e9nnyel \u2013 A b\u00e9ke \u00e9s az isteni jelenl\u00e9t szimb\u00f3luma","description":"D\u00edsz\u00edtse otthon\u00e1t a b\u00e9ke \u00e9s a Szentl\u00e9lek jelenl\u00e9t\u00e9nek legtiszt\u00e1bb szimb\u00f3lum\u00e1val, ezzel az eleg\u00e1ns, k\u0151hat\u00e1s\u00fa galamb falid\u00edsszel.\nA kit\u00e1rt sz\u00e1rny\u00fa galamb \u00e9s a m\u00f6g\u00f6tte sug\u00e1rz\u00f3 arany dicsf\u00e9ny harm\u00f3ni\u00e1ja nyugalmat \u00e9s isteni oltalmat sug\u00e1roz minden t\u00e9rben. Ez a 22 cm magas, r\u00e9szletgazdag fali m\u0171alkot\u00e1s t\u00f6k\u00e9letes v\u00e1laszt\u00e1s nappaliba, h\u00e1l\u00f3szob\u00e1ba vagy imasarokba, egy\u00fattal felemel\u0151, maradand\u00f3 aj\u00e1nd\u00e9k keresztel\u0151re vagy b\u00e9rm\u00e1lkoz\u00e1sra. Vigyen b\u00e9k\u00e9t \u00e9s letisztult eleganci\u00e1t a mindennapokba egy igaz\u00e1n k\u00fcl\u00f6nleges kereszt\u00e9ny jelk\u00e9ppel.\n\nSzentl\u00e9lek Galamb falid\u00edsz arany dicsf\u00e9nnyel \u2013 A b\u00e9ke \u00e9s az isteni jelenl\u00e9t szimb\u00f3luma\nA harm\u00f3nia \u00e9s a bels\u0151 b\u00e9ke szigete az otthon\u00e1ban\nKeresi azt a k\u00fcl\u00f6nleges t\u00e1rgyat, amely a mindennapi rohan\u00e1sban is k\u00e9pes megteremteni a csend \u00e9s a lelki felt\u00f6lt\u0151d\u00e9s atmoszf\u00e9r\u00e1j\u00e1t az otthon\u00e1ban?\nA modern terekb\u0151l gyakran hi\u00e1nyoznak azok a finom, spiritu\u00e1lis utal\u00e1sok, amelyek \u00edzl\u00e9sesen, m\u00e9gis hat\u00e1rozottan k\u00e9pviselik a hit\u00fcnket \u00e9s a rem\u00e9nyt.\nEz a kit\u00e1rt sz\u00e1rny\u00fa b\u00e9kegalamb az arany dicsf\u00e9nnyel \u00f6tv\u00f6zve nem csup\u00e1n egy dekor\u00e1ci\u00f3, hanem egy vizu\u00e1lis im\u00e1ds\u00e1g, amely visszaadja a f\u00f3kuszunkat a val\u00f3ban fontos dolgokra, eleg\u00e1nsan simulva a kort\u00e1rs vagy klasszikus enteri\u0151rbe is.\n\nEz\u00e9rt fogod szeretni:\nL\u00e9lekemel\u0151 szimbolika: A Szentl\u00e9lek \u00e9s a b\u00e9ke galambja az oltalmat, a tisztas\u00e1got \u00e9s az isteni jelenl\u00e9tet hozza el a mindennapokba.\nEleg\u00e1ns kontraszt: A feh\u00e9r, gr\u00e1nit hat\u00e1s\u00fa mad\u00e1r \u00e9s a meleg t\u00f3nus\u00fa, selyemf\u00e9ny\u0171 arany sugarak leny\u0171g\u00f6z\u0151 eszt\u00e9tikai \u00e9lm\u00e9nyt ny\u00fajtanak.\nFinom r\u00e9szletgazdags\u00e1g: A tollazat gondos \u00e9s apr\u00f3l\u00e9kos kidolgoz\u00e1sa pr\u00e9mium, k\u00e9zm\u0171ves hat\u00e1st kelt.\nT\u00e9rbe simul\u00f3 kialak\u00edt\u00e1s: Falra simul\u00f3 form\u00e1j\u00e1nak k\u00f6sz\u00f6nhet\u0151en nem hivalkod\u00f3, m\u00e9gis azonnal vonzza \u00e9s megnyugtatja a tekintetet.\nT\u00f6k\u00e9letes alkalmi aj\u00e1nd\u00e9k: Ide\u00e1lis \u00e9s meghat\u00f3 meglepet\u00e9s esk\u00fcv\u0151re, b\u00e9rm\u00e1lkoz\u00e1sra, keresztel\u0151re vagy egy \u00faj otthon megszentel\u00e9s\u00e9re.\n \n\nTechnikai adatok:\nAnyag: K\u00f6rnyezetbar\u00e1t, pr\u00e9mium polimer kompozit\nM\u00e9ret: kb. 22 cm magas\nKivitel: K\u0151hat\u00e1s\u00fa, szemcs\u00e9s feh\u00e9r galamb test, selyemf\u00e9ny\u0171 arany gl\u00f3ri\u00e1val\nFelszerel\u00e9s: Diszkr\u00e9t \u00e9s biztons\u00e1gos fali r\u00f6gz\u00edt\u00e9si ponttal a h\u00e1toldalon\nTiszt\u00edt\u00e1s: Puha, sz\u00e1raz ecsettel vagy mikrosz\u00e1las kend\u0151vel egyszer\u0171en portalan\u00edthat\u00f3\n \n\nV\u00e1s\u00e1rl\u00f3ink mondt\u00e1k:\n\"Keresztel\u0151re vettem aj\u00e1nd\u00e9kba, \u00e9s hatalmas sikere volt. A kidolgoz\u00e1sa gy\u00f6ny\u00f6r\u0171, az arany sugarak pedig nagyon sz\u00e9pen csillognak a fali l\u00e1mpa f\u00e9ny\u00e9ben. K\u00e9s\u0151bb magunknak is rendeltem egyet a h\u00e1l\u00f3szob\u00e1ba.\"\n\nGyakori k\u00e9rd\u00e9sek:\nMilyen s\u00faly\u00fa a falid\u00edsz?\nA speci\u00e1lis felhaszn\u00e1lt anyag rendk\u00edv\u00fcl k\u00f6nny\u0171, \u00edgy egy v\u00e9konyabb gipszkarton falra vagy egy apr\u00f3bb sz\u00f6gre is gond n\u00e9lk\u00fcl, biztons\u00e1gosan felakaszthat\u00f3.\n\nA feh\u00e9r fel\u00fclet hajlamos a s\u00e1rgul\u00e1sra?\nNem, a kompozit anyag \u00e9s a sz\u00ednez\u00e9s id\u0151t\u00e1ll\u00f3, \u00edgy a szobor hossz\u00fa \u00e9veken kereszt\u00fcl meg\u0151rzi ragyog\u00f3, k\u0151hat\u00e1s\u00fa feh\u00e9rs\u00e9g\u00e9t szobah\u0151m\u00e9rs\u00e9kleten, k\u00f6zvetlen napf\u00e9nyt\u0151l v\u00e9dve.\n\nHogyan a legk\u00f6nnyebb felhelyezni a falra?\nA h\u00e1toldalon kialak\u00edtott rejtett akaszt\u00f3nak k\u00f6sz\u00f6nhet\u0151en csup\u00e1n egyetlen falba f\u00fart csavarra vagy bevert sz\u00f6gre van sz\u00fcks\u00e9g, amire a d\u00edsz t\u00f6k\u00e9letesen \u00e9s stabilan felfekszik.\n\nGyerekszob\u00e1ba is megfelel\u0151 v\u00e1laszt\u00e1s?\nAbszol\u00fat. Kifinomult, b\u00e9k\u00e9s formavil\u00e1ga \u00e9s az \u00e1ltala hordozott oltalmaz\u00f3 jelent\u00e9s miatt t\u00f6k\u00e9letes \u0151rz\u0151je lehet a gyermekek \u00e1lm\u00e1nak.\n\nMennyire biztons\u00e1gos a sz\u00e1ll\u00edt\u00e1s egy ilyen form\u00e1n\u00e1l?\nKiemelt figyelmet ford\u00edtunk a csomagol\u00e1sra. T\u00f6r\u00e9keny \u00e1ruk\u00e9nt, speci\u00e1lis, \u00fct\u00e9snyel\u0151 anyaggal b\u00e9lelt dobozban k\u00fcldj\u00fck, hogy a finom \u00e9lek \u00e9s az arany sugarak t\u00f6k\u00e9letes \u00e9ps\u00e9gben \u00e9rkezzenek meg \u00d6nh\u00f6z.\n\nVigyen b\u00e9k\u00e9t \u00e9s harm\u00f3ni\u00e1t otthon\u00e1ba, vagy aj\u00e1nd\u00e9kozzon isteni oltalmat. Rendelje meg most!","score":0,"formatted_price":"5 990 Ft","image_url":"https:\/\/www.meska.hu\/img\/product\/small\/c\/r\/crealitygifts_product_645553_260309160726_51051.jpeg","formatted_url":"https:\/\/www.meska.hu\/p5757711-szentlelek-galamb-falidisz-arany-dicsfennyel-a-beke-es-az-isteni-jelenlet-szimboluma","favourite":false,"in_stock":false,"avatar":"645553_avatar_1764524497.png","delete_from":0,"is_enhanced_background":false,"is_enhanced":false,"product_selection_started":false,"is_active":true,"image_webp_url":"https:\/\/www.meska.hu\/img\/product\/small\/c\/r\/crealitygifts_product_645553_260309160726_51051.webp"},{"id":"6059007","shop_id":"45787","user_id":"664607","shop_name":"Vincentius3D","shop_zip":"1196","product_code":"5694921","product_name_old":null,"product_name":"H\u00fasv\u00e9ti Asztali D\u00edsz Szett","category_string":"\u00dcnnepi d\u00edszek, dekor\u00e1ci\u00f3k, H\u00fasv\u00e9ti d\u00edszek \u00e9s dekor\u00e1ci\u00f3k, H\u00fasv\u00e9ti asztald\u00edszek","technic_string":"Mindenm\u00e1s","category_1":"1818","category_2":"1803","category_3":"1796","category_4":"0","merged_category_1":null,"merged_category_2":null,"merged_category_3":null,"technic_1":"493","technic_2":"0","technic_3":"0","color_1":"532","color_2":"0","color_3":"0","product_description_old":null,"product_description":"Kiz\u00e1r\u00f3lag Led team\u00e9csessel szabad haszn\u00e1lni (a csomag tartalmaz 1 led team\u00e9csest is)\n\nAz \u00e1r tartalmazza a t\u00e1lc\u00e1t,m\u00e9csestart\u00f3t led team\u00e9csessel,nyuszis sz\u00edvecsk\u00e9s szobrot illetve a vir\u00e1gtart\u00f3t is.\nA n\u00f6v\u00e9nyek azonban nem.\n\nM\u00e9retei: 19cm sz\u00e9les \u00e9s 13cm magas.\n\n","price":"6500.00","unit":"db","recommended":"0","status":"1","sponsored":"0","exp_notify":"0","own_material":"0","own_material_description_old":null,"own_material_description":"","jury":"0","jury_number":"","product_nature":"","meskaracsony":"0","create_date":"2026-08-25 02:06:03","shelve_id":"0","image":"vincentius3d_product_664607_251228011238_215141.png","image_width":"480","image_height":"359","image_alt":"H\u00fasv\u00e9ti Asztali D\u00edsz Szett, Kiz\u00e1r\u00f3lag Led team\u00e9csessel szabad haszn\u00e1lni (a csomag tartalmaz 1 led team\u00e9csest is)\\n\\nAz \u00e1r tartalma..., Meska","image_title":"H\u00fasv\u00e9ti Asztali D\u00edsz Szett, Meska","view_count":"153","favourite_count":"0","trending_score":"0","last2MonthFavouriteCount":"0","promotion":"210","giftcard_accept":"0","creditcard_accept":true,"enhanced_background":"0","domain":"meska","specific_customer_id":null,"specific_customer_name":null,"to_order_product":"0","to_order_product_time":"0","product_different":null,"product_different_description":"","vintage":"0","vintage_category_id":"0","recycled":"0","gemstone_id":"0","customizable":"0","type_category":"physical","zerowaste":"1","postage_price":"1290.00","shop_order":"0","has_category":"1","landing_pages":null,"microdata":{"number":36,"category":""},"title":"H\u00fasv\u00e9ti Asztali D\u00edsz Szett","description":"Kiz\u00e1r\u00f3lag Led team\u00e9csessel szabad haszn\u00e1lni (a csomag tartalmaz 1 led team\u00e9csest is)\n\nAz \u00e1r tartalmazza a t\u00e1lc\u00e1t,m\u00e9csestart\u00f3t led team\u00e9csessel,nyuszis sz\u00edvecsk\u00e9s szobrot illetve a vir\u00e1gtart\u00f3t is.\nA n\u00f6v\u00e9nyek azonban nem.\n\nM\u00e9retei: 19cm sz\u00e9les \u00e9s 13cm magas.\n\n","score":0,"formatted_price":"6 500 Ft","image_url":"https:\/\/www.meska.hu\/img\/product\/small\/v\/i\/vincentius3d_product_664607_251228011238_215141.png","formatted_url":"https:\/\/www.meska.hu\/p5694921-husveti-asztali-disz-szett","favourite":false,"in_stock":true,"avatar":"664607_avatar_1750787953.png","delete_from":0,"is_enhanced_background":false,"is_enhanced":false,"product_selection_started":false,"original_price":"6 500 Ft","promotion_percentage":"-20%","promoted_price":"5 200 Ft","promoted_price_sup":"20","ribbon":"https:\/\/www.meska.hu\/img\/promotionbanners\/GQTXZHEC0\/product_ribbon_20_1785231767.svg","is_active":true,"image_webp_url":"https:\/\/www.meska.hu\/img\/product\/small\/v\/i\/vincentius3d_product_664607_251228011238_215141.webp"},{"id":"6059005","shop_id":"45787","user_id":"664607","shop_name":"Vincentius3D","shop_zip":"1196","product_code":"5694919","product_name_old":null,"product_name":"H\u00fasv\u00e9ti Nyuszis R\u00e9pa Kert Asztali Dekor\u00e1ci\u00f3","category_string":"\u00dcnnepi d\u00edszek, dekor\u00e1ci\u00f3k, H\u00fasv\u00e9ti d\u00edszek \u00e9s dekor\u00e1ci\u00f3k, H\u00fasv\u00e9ti asztald\u00edszek","technic_string":"Mindenm\u00e1s","category_1":"1818","category_2":"1803","category_3":"1796","category_4":"0","merged_category_1":null,"merged_category_2":null,"merged_category_3":null,"technic_1":"493","technic_2":"0","technic_3":"0","color_1":"532","color_2":"0","color_3":"0","product_description_old":null,"product_description":"M\u00e9retei: 20cm sz\u00e9les 10cm m\u00e9ly \u00e9s 8cm magas.\nA r\u00e9p\u00e1kat kilehet h\u00fazni a f\u00f6ldb\u0151l \u00e9s \"kiny\u00edlnak\"\nA ker\u00edt\u00e9sen bel\u00fcl l\u00e1that\u00f3 elemek \u00e9s a ker\u00edt\u00e9st tartalmazza az \u00e1r.\n","price":"7490.00","unit":"db","recommended":"0","status":"1","sponsored":"0","exp_notify":"0","own_material":"0","own_material_description_old":null,"own_material_description":"","jury":"0","jury_number":"","product_nature":"","meskaracsony":"0","create_date":"2026-08-25 02:06:02","shelve_id":"0","image":"vincentius3d_product_664607_251228005802_017999.png","image_width":"480","image_height":"360","image_alt":"H\u00fasv\u00e9ti Nyuszis R\u00e9pa Kert Asztali Dekor\u00e1ci\u00f3, M\u00e9retei: 20cm sz\u00e9les 10cm m\u00e9ly \u00e9s 8cm magas.\\nA r\u00e9p\u00e1kat kilehet h\u00fazni a f\u00f6ldb\u0151l \u00e9s \\\"kiny\u00edlnak\\\"\\nA ker\u00ed..., Meska","image_title":"H\u00fasv\u00e9ti Nyuszis R\u00e9pa Kert Asztali Dekor\u00e1ci\u00f3, Meska","view_count":"155","favourite_count":"0","trending_score":"0","last2MonthFavouriteCount":"0","promotion":"210","giftcard_accept":"0","creditcard_accept":true,"enhanced_background":"0","domain":"meska","specific_customer_id":null,"specific_customer_name":null,"to_order_product":"0","to_order_product_time":"0","product_different":null,"product_different_description":"","vintage":"0","vintage_category_id":"0","recycled":"0","gemstone_id":"0","customizable":"0","type_category":"physical","zerowaste":"1","postage_price":"1290.00","shop_order":"0","has_category":"1","landing_pages":null,"microdata":{"number":37,"category":""},"title":"H\u00fasv\u00e9ti Nyuszis R\u00e9pa Kert Asztali Dekor\u00e1ci\u00f3","description":"M\u00e9retei: 20cm sz\u00e9les 10cm m\u00e9ly \u00e9s 8cm magas.\nA r\u00e9p\u00e1kat kilehet h\u00fazni a f\u00f6ldb\u0151l \u00e9s \"kiny\u00edlnak\"\nA ker\u00edt\u00e9sen bel\u00fcl l\u00e1that\u00f3 elemek \u00e9s a ker\u00edt\u00e9st tartalmazza az \u00e1r.\n","score":0,"formatted_price":"7 490 Ft","image_url":"https:\/\/www.meska.hu\/img\/product\/small\/v\/i\/vincentius3d_product_664607_251228005802_017999.png","formatted_url":"https:\/\/www.meska.hu\/p5694919-husveti-nyuszis-repa-kert-asztali-dekoracio","favourite":false,"in_stock":true,"avatar":"664607_avatar_1750787953.png","delete_from":0,"is_enhanced_background":false,"is_enhanced":false,"product_selection_started":false,"original_price":"7 490 Ft","promotion_percentage":"-20%","promoted_price":"5 992 Ft","promoted_price_sup":"20","ribbon":"https:\/\/www.meska.hu\/img\/promotionbanners\/GQTXZHEC0\/product_ribbon_20_1785231767.svg","is_active":true,"image_webp_url":"https:\/\/www.meska.hu\/img\/product\/small\/v\/i\/vincentius3d_product_664607_251228005802_017999.webp"},{"id":"4662981","shop_id":"36337","user_id":"319557","shop_name":"KittiKucko","shop_zip":"4515","product_code":"4870057","product_name_old":null,"product_name":"H\u00fasv\u00e9ti 3D toj\u00e1s","category_string":"\u00dcnnepi d\u00edszek, dekor\u00e1ci\u00f3k, H\u00fasv\u00e9ti d\u00edszek \u00e9s dekor\u00e1ci\u00f3k, H\u00fasv\u00e9ti asztald\u00edszek","technic_string":"Famegmunk\u00e1l\u00e1s, Festett t\u00e1rgyak","category_1":"1818","category_2":"1803","category_3":"1796","category_4":"0","merged_category_1":null,"merged_category_2":null,"merged_category_3":null,"technic_1":"478","technic_2":"481","technic_3":"0","color_1":"515","color_2":"0","color_3":"0","product_description_old":null,"product_description":"Gy\u00f6ny\u00f6r\u0171 d\u00edsze lehet a lak\u00e1snak, de kit\u0171n\u0151 aj\u00e1nd\u00e9k is lehet.\nF\u00e9nyf\u00fcz\u00e9rrel m\u00e9g mutat\u00f3sabb\u00e1 tehet\u0151. : )\nK\u00e9rhet\u0151 nat\u00far \u00e9s festett verzi\u00f3ban, de ak\u00e1r lapra szerelt v\u00e1ltozatban is. \n*******************************************\nM\u00e9rete: 21*16,5*5cm\n*******************************************\nA term\u00e9k k\u00e9sz\u00edt\u00e9s\u00e9t egyeztet\u00e9s \u00e9s fizet\u00e9s ut\u00e1n kezdj\u00fck meg.\nA FoxPost felad\u00e1s: CSAK H\u00e9tf\u0151i \u00e9s cs\u00fct\u00f6rt\u00f6ki napon! (Rendel\u00e9sn\u00e9l \u00e9s hat\u00e1rid\u0151n\u00e9l k\u00e9rem figyelj\u00e9k.)\nAz 5 munkanapos rendel\u00e9steljes\u00edt\u00e9st csak GLS sz\u00e1ll\u00edt\u00e1s eset\u00e9n tudjuk biztos\u00edtani.","price":"2990.00","unit":"db","recommended":"0","status":"1","sponsored":"0","exp_notify":"0","own_material":"0","own_material_description_old":null,"own_material_description":"","jury":"0","jury_number":"","product_nature":"","meskaracsony":"0","create_date":"2026-08-24 20:03:58","shelve_id":"0","image":"kittikucko_product_319557_230112154401_750163.jpeg","image_width":"480","image_height":"640","image_alt":"H\u00fasv\u00e9ti 3D toj\u00e1s, Gy\u00f6ny\u00f6r\u0171 d\u00edsze lehet a lak\u00e1snak, de kit\u0171n\u0151 aj\u00e1nd\u00e9k is lehet.\\nF\u00e9nyf\u00fcz\u00e9rrel m\u00e9g mutat\u00f3sabb\u00e1 tehet\u0151. : ..., Meska","image_title":"H\u00fasv\u00e9ti 3D toj\u00e1s, Meska","view_count":"1315","favourite_count":"0","trending_score":"0","last2MonthFavouriteCount":"0","promotion":"0","giftcard_accept":"0","creditcard_accept":false,"enhanced_background":"0","domain":"meska","specific_customer_id":null,"specific_customer_name":null,"to_order_product":"1","to_order_product_time":"5","product_different":null,"product_different_description":"","vintage":"0","vintage_category_id":"0","recycled":"0","gemstone_id":"0","customizable":"1","type_category":"physical","zerowaste":"0","postage_price":"2000.00","shop_order":"0","has_category":"1","landing_pages":null,"microdata":{"number":38,"category":""},"title":"H\u00fasv\u00e9ti 3D toj\u00e1s","description":"Gy\u00f6ny\u00f6r\u0171 d\u00edsze lehet a lak\u00e1snak, de kit\u0171n\u0151 aj\u00e1nd\u00e9k is lehet.\nF\u00e9nyf\u00fcz\u00e9rrel m\u00e9g mutat\u00f3sabb\u00e1 tehet\u0151. : )\nK\u00e9rhet\u0151 nat\u00far \u00e9s festett verzi\u00f3ban, de ak\u00e1r lapra szerelt v\u00e1ltozatban is. \n*******************************************\nM\u00e9rete: 21*16,5*5cm\n*******************************************\nA term\u00e9k k\u00e9sz\u00edt\u00e9s\u00e9t egyeztet\u00e9s \u00e9s fizet\u00e9s ut\u00e1n kezdj\u00fck meg.\nA FoxPost felad\u00e1s: CSAK H\u00e9tf\u0151i \u00e9s cs\u00fct\u00f6rt\u00f6ki napon! (Rendel\u00e9sn\u00e9l \u00e9s hat\u00e1rid\u0151n\u00e9l k\u00e9rem figyelj\u00e9k.)\nAz 5 munkanapos rendel\u00e9steljes\u00edt\u00e9st csak GLS sz\u00e1ll\u00edt\u00e1s eset\u00e9n tudjuk biztos\u00edtani.","score":0,"formatted_price":"2 990 Ft","image_url":"https:\/\/www.meska.hu\/img\/product\/small\/k\/i\/kittikucko_product_319557_230112154401_750163.jpeg","formatted_url":"https:\/\/www.meska.hu\/p4870057-husveti-3d-tojas","favourite":false,"in_stock":false,"avatar":"319557_avatar_1642493809.png","delete_from":0,"is_enhanced_background":false,"is_enhanced":false,"product_selection_started":false,"is_active":true,"image_webp_url":"https:\/\/www.meska.hu\/img\/product\/small\/k\/i\/kittikucko_product_319557_230112154401_750163.webp"},{"id":"6057936","shop_id":"45787","user_id":"664607","shop_name":"Vincentius3D","shop_zip":"1196","product_code":"5694387","product_name_old":null,"product_name":"\u00c1ll\u00edthat\u00f3 Sz\u00edn\u0171 H\u00fasv\u00e9ti Led Nyuszik\u00e1s Vil\u00e1g\u00edt\u00f3 Toj\u00e1s  Asztali D\u00edsz","category_string":"\u00dcnnepi d\u00edszek, dekor\u00e1ci\u00f3k, H\u00fasv\u00e9ti d\u00edszek \u00e9s dekor\u00e1ci\u00f3k, H\u00fasv\u00e9ti asztald\u00edszek","technic_string":"Mindenm\u00e1s","category_1":"1818","category_2":"1803","category_3":"1796","category_4":"0","merged_category_1":null,"merged_category_2":null,"merged_category_3":null,"technic_1":"493","technic_2":"0","technic_3":"0","color_1":"519","color_2":"0","color_3":"0","product_description_old":null,"product_description":"20cm magas, 17cm sz\u00e9les \u00e9s 4,5cm m\u00e9ly.\n\u00c1ll\u00edthat\u00f3 sz\u00edn\u0171 t\u00e1vir\u00e1ny\u00edt\u00f3s dior\u00e1ma.\nA keret sz\u00edne feh\u00e9r.\n","price":"17490.00","unit":"db","recommended":"0","status":"1","sponsored":"0","exp_notify":"0","own_material":"0","own_material_description_old":null,"own_material_description":"","jury":"0","jury_number":"","product_nature":"","meskaracsony":"0","create_date":"2026-08-20 02:28:35","shelve_id":"0","image":"vincentius3d_product_664607_251223012852_47950.png","image_width":"480","image_height":"360","image_alt":"\u00c1ll\u00edthat\u00f3 Sz\u00edn\u0171 H\u00fasv\u00e9ti Led Nyuszik\u00e1s Vil\u00e1g\u00edt\u00f3 Toj\u00e1s  Asztali D\u00edsz, 20cm magas, 17cm sz\u00e9les \u00e9s 4,5cm m\u00e9ly.\\n\u00c1ll\u00edthat\u00f3 sz\u00edn\u0171 t\u00e1vir\u00e1ny\u00edt\u00f3s dior\u00e1ma.\\nA keret sz\u00edne feh\u00e9r.\\n..., Meska","image_title":"\u00c1ll\u00edthat\u00f3 Sz\u00edn\u0171 H\u00fasv\u00e9ti Led Nyuszik\u00e1s Vil\u00e1g\u00edt\u00f3 Toj\u00e1s  Asztali D\u00edsz, Meska","view_count":"224","favourite_count":"0","trending_score":"0","last2MonthFavouriteCount":"0","promotion":"210","giftcard_accept":"0","creditcard_accept":true,"enhanced_background":"0","domain":"meska","specific_customer_id":null,"specific_customer_name":null,"to_order_product":"0","to_order_product_time":"0","product_different":null,"product_different_description":"","vintage":"0","vintage_category_id":"0","recycled":"0","gemstone_id":"0","customizable":"0","type_category":"physical","zerowaste":"1","postage_price":"1290.00","shop_order":"0","has_category":"1","landing_pages":null,"microdata":{"number":39,"category":""},"title":"\u00c1ll\u00edthat\u00f3 Sz\u00edn\u0171 H\u00fasv\u00e9ti Led Nyuszik\u00e1s Vil\u00e1g\u00edt\u00f3 Toj\u00e1s  Asztali D\u00edsz","description":"20cm magas, 17cm sz\u00e9les \u00e9s 4,5cm m\u00e9ly.\n\u00c1ll\u00edthat\u00f3 sz\u00edn\u0171 t\u00e1vir\u00e1ny\u00edt\u00f3s dior\u00e1ma.\nA keret sz\u00edne feh\u00e9r.\n","score":0,"formatted_price":"17 490 Ft","image_url":"https:\/\/www.meska.hu\/img\/product\/small\/v\/i\/vincentius3d_product_664607_251223012852_47950.png","formatted_url":"https:\/\/www.meska.hu\/p5694387-allithato-szinu-husveti-led-nyuszikas-vilagito-tojas-asztali-disz","favourite":false,"in_stock":true,"avatar":"664607_avatar_1750787953.png","delete_from":0,"is_enhanced_background":false,"is_enhanced":false,"product_selection_started":false,"original_price":"17 490 Ft","promotion_percentage":"-20%","promoted_price":"13 992 Ft","promoted_price_sup":"20","ribbon":"https:\/\/www.meska.hu\/img\/promotionbanners\/GQTXZHEC0\/product_ribbon_20_1785231767.svg","is_active":true,"image_webp_url":"https:\/\/www.meska.hu\/img\/product\/small\/v\/i\/vincentius3d_product_664607_251223012852_47950.webp"},{"id":"6331105","shop_id":"53359","user_id":"801508","shop_name":"FrameandBloom","shop_zip":"2766","product_code":"5850716","product_name_old":null,"product_name":"H\u00fasv\u00e9ti kos\u00e1rka","category_string":"\u00dcnnepi d\u00edszek, dekor\u00e1ci\u00f3k, H\u00fasv\u00e9ti d\u00edszek \u00e9s dekor\u00e1ci\u00f3k, H\u00fasv\u00e9ti asztald\u00edszek","technic_string":"","category_1":"1818","category_2":"1803","category_3":"1796","category_4":"0","merged_category_1":null,"merged_category_2":null,"merged_category_3":null,"technic_1":"0","technic_2":"0","technic_3":"0","color_1":"519","color_2":"525","color_3":"526","product_description_old":null,"product_description":"Aranyos h\u00fasv\u00e9ti f\u00e9szek, ami t\u00f6k\u00e9letes dekor\u00e1ci\u00f3 lehet az \u00fcnnepi asztalra.","price":"2490.00","unit":"db","recommended":"0","status":"1","sponsored":"0","exp_notify":"0","own_material":"0","own_material_description_old":null,"own_material_description":"","jury":"0","jury_number":"","product_nature":"","meskaracsony":"0","create_date":"2026-08-19 22:19:30","shelve_id":"0","image":"frameandbloom_product_801508_260819221743_448518.jpeg","image_width":"480","image_height":"695","image_alt":"H\u00fasv\u00e9ti kos\u00e1rka, Aranyos h\u00fasv\u00e9ti f\u00e9szek, ami t\u00f6k\u00e9letes dekor\u00e1ci\u00f3 lehet az \u00fcnnepi asztalra., Meska","image_title":"H\u00fasv\u00e9ti kos\u00e1rka, Meska","view_count":"20","favourite_count":"0","trending_score":"0","last2MonthFavouriteCount":"0","promotion":"0","giftcard_accept":"0","creditcard_accept":false,"enhanced_background":"0","domain":"meska","specific_customer_id":null,"specific_customer_name":null,"to_order_product":"0","to_order_product_time":"0","product_different":null,"product_different_description":"","vintage":"0","vintage_category_id":"0","recycled":"0","gemstone_id":"0","customizable":"0","type_category":"physical","zerowaste":"0","postage_price":"1290.00","shop_order":"0","has_category":"1","landing_pages":null,"microdata":{"number":40,"category":""},"title":"H\u00fasv\u00e9ti kos\u00e1rka","description":"Aranyos h\u00fasv\u00e9ti f\u00e9szek, ami t\u00f6k\u00e9letes dekor\u00e1ci\u00f3 lehet az \u00fcnnepi asztalra.","score":0,"formatted_price":"2 490 Ft","image_url":"https:\/\/www.meska.hu\/img\/product\/small\/f\/r\/frameandbloom_product_801508_260819221743_448518.jpeg","formatted_url":"https:\/\/www.meska.hu\/p5850716-husveti-kosarka","favourite":false,"in_stock":true,"avatar":"801508_avatar_1784146268.png","delete_from":0,"is_enhanced_background":false,"is_enhanced":false,"product_selection_started":false,"is_active":true,"image_webp_url":"https:\/\/www.meska.hu\/img\/product\/small\/f\/r\/frameandbloom_product_801508_260819221743_448518.webp"},{"id":"6045084","shop_id":"51170","user_id":"760007","shop_name":"LimoCozyCraft","shop_zip":"8000","product_code":"5690941","product_name_old":null,"product_name":"Amigurumi H\u00fasv\u00e9ti ny\u00fal r\u00f3zs\u00e1val","category_string":"\u00dcnnepi d\u00edszek, dekor\u00e1ci\u00f3k, H\u00fasv\u00e9ti d\u00edszek \u00e9s dekor\u00e1ci\u00f3k, H\u00fasv\u00e9ti asztald\u00edszek","technic_string":"Horgol\u00e1s, Baba-\u00e9s b\u00e1bk\u00e9sz\u00edt\u00e9s","category_1":"1818","category_2":"1803","category_3":"1796","category_4":"0","merged_category_1":null,"merged_category_2":null,"merged_category_3":null,"technic_1":"488","technic_2":"472","technic_3":"0","color_1":"515","color_2":"791","color_3":"527","product_description_old":null,"product_description":"K\u00e9zzel horgolt h\u00fasv\u00e9ti nyuszi r\u00f3zs\u00e1val a nyak\u00e1ban.\nLak\u00e1sdekor\u00e1ci\u00f3 de annyira puha \u00e9s \u00f6lelni val\u00f3 hogy ak\u00e1r egy kigyermek j\u00f3bar\u00e1tja is lehet! :)\n\nM\u00e9retek:\nTeljes magass\u00e1g - 24 cm\nSz\u00e9less\u00e9g - 13 cm\n\nFonal:\nA fonal \u00f6sszet\u00e9tele: 100% gyapj\u00fa. Puha, meleg \u00e9rzetet kelt ha magunkhoz \u00f6lelj\u00fck, tapint\u00e1sa kellemes.\n\u00d6ko-Tex 100 Class 1 tan\u00fas\u00edtv\u00e1nnyal rendelkezik, mely garant\u00e1lja, hogy a fonal eg\u00e9szs\u00e9gre \u00e1rtalmas vegyi anyagokt\u00f3l mentes.\n\nA fonal kezelhet\u0151s\u00e9ge m\u0171sz\u00e1las fonal eset\u00e9n:\nK\u00e9zzel, langyos v\u00edzben, enyhe foly\u00e9kony mos\u00f3szerrel tiszt\u00edtsd. Finoman nyomkodd ki bel\u0151le a vizet, ne csavard. Form\u00e1zd vissza eredeti alakj\u00e1ra, majd hagyd teljesen megsz\u00e1radni szobah\u0151m\u00e9rs\u00e9kleten, fektetve. Mos\u00f3g\u00e9pben nem moshat\u00f3, nem feh\u00e9r\u00edthet\u0151!\nA textiltiszt\u00edt\u00f3 spray praktikus megold\u00e1s finom textilek \u00e9s fonalak friss\u00edt\u00e9s\u00e9re. N\u00e9h\u00e1ny f\u00faj\u00e1ssal elt\u00e1vol\u00edtja a kellemetlen szagokat, felfriss\u00edti az anyagot, \u00e9s k\u00edm\u00e9letesen tiszt\u00edt an\u00e9lk\u00fcl, hogy k\u00e1ros\u00edtan\u00e1 a sz\u00e1lakat. Ide\u00e1lis gyors rendbet\u00e9telhez, amikor mos\u00e1sra nincs sz\u00fcks\u00e9g vagy nem aj\u00e1nlott.\n\nT\u00f6lt\u0151anyag:\nPr\u00e9mium min\u0151s\u00e9g\u0171 szilikoniz\u00e1lt poli\u00e9szter goly\u00f3, moshat\u00f3 \u00e9s antiallerg\u00e9n, sok\u00e1ig megtartja a rugalmass\u00e1g\u00e1t.\n\nEgy\u00e9b inform\u00e1ci\u00f3:\nnincs\n\nMinden term\u00e9ket saj\u00e1t kez\u0171leg k\u00e9sz\u00edtek, odafigyelve a legapr\u00f3bb r\u00e9szletekre is, sz\u00edvb\u0151l, szeretettel!","price":"2500.00","unit":"db","recommended":"0","status":"1","sponsored":"0","exp_notify":"0","own_material":"0","own_material_description_old":null,"own_material_description":"","jury":"0","jury_number":"","product_nature":"","meskaracsony":"0","create_date":"2026-08-08 17:51:22","shelve_id":"81980","image":"limocozycraft_product_760007_251211162819_784991.jpeg","image_width":"480","image_height":"640","image_alt":"Amigurumi H\u00fasv\u00e9ti ny\u00fal r\u00f3zs\u00e1val, K\u00e9zzel horgolt h\u00fasv\u00e9ti nyuszi r\u00f3zs\u00e1val a nyak\u00e1ban.\\nLak\u00e1sdekor\u00e1ci\u00f3 de annyira puha \u00e9s \u00f6lelni val\u00f3 hog..., Meska","image_title":"Amigurumi H\u00fasv\u00e9ti ny\u00fal r\u00f3zs\u00e1val, Meska","view_count":"144","favourite_count":"0","trending_score":"0","last2MonthFavouriteCount":"0","promotion":"0","giftcard_accept":"0","creditcard_accept":true,"enhanced_background":"0","domain":"meska","specific_customer_id":null,"specific_customer_name":null,"to_order_product":"0","to_order_product_time":"0","product_different":null,"product_different_description":"","vintage":"0","vintage_category_id":"0","recycled":"0","gemstone_id":"0","customizable":"0","type_category":"physical","zerowaste":"0","postage_price":"2390.00","shop_order":"0","has_category":"1","landing_pages":null,"microdata":{"number":41,"category":""},"title":"Amigurumi H\u00fasv\u00e9ti ny\u00fal r\u00f3zs\u00e1val","description":"K\u00e9zzel horgolt h\u00fasv\u00e9ti nyuszi r\u00f3zs\u00e1val a nyak\u00e1ban.\nLak\u00e1sdekor\u00e1ci\u00f3 de annyira puha \u00e9s \u00f6lelni val\u00f3 hogy ak\u00e1r egy kigyermek j\u00f3bar\u00e1tja is lehet! :)\n\nM\u00e9retek:\nTeljes magass\u00e1g - 24 cm\nSz\u00e9less\u00e9g - 13 cm\n\nFonal:\nA fonal \u00f6sszet\u00e9tele: 100% gyapj\u00fa. Puha, meleg \u00e9rzetet kelt ha magunkhoz \u00f6lelj\u00fck, tapint\u00e1sa kellemes.\n\u00d6ko-Tex 100 Class 1 tan\u00fas\u00edtv\u00e1nnyal rendelkezik, mely garant\u00e1lja, hogy a fonal eg\u00e9szs\u00e9gre \u00e1rtalmas vegyi anyagokt\u00f3l mentes.\n\nA fonal kezelhet\u0151s\u00e9ge m\u0171sz\u00e1las fonal eset\u00e9n:\nK\u00e9zzel, langyos v\u00edzben, enyhe foly\u00e9kony mos\u00f3szerrel tiszt\u00edtsd. Finoman nyomkodd ki bel\u0151le a vizet, ne csavard. Form\u00e1zd vissza eredeti alakj\u00e1ra, majd hagyd teljesen megsz\u00e1radni szobah\u0151m\u00e9rs\u00e9kleten, fektetve. Mos\u00f3g\u00e9pben nem moshat\u00f3, nem feh\u00e9r\u00edthet\u0151!\nA textiltiszt\u00edt\u00f3 spray praktikus megold\u00e1s finom textilek \u00e9s fonalak friss\u00edt\u00e9s\u00e9re. N\u00e9h\u00e1ny f\u00faj\u00e1ssal elt\u00e1vol\u00edtja a kellemetlen szagokat, felfriss\u00edti az anyagot, \u00e9s k\u00edm\u00e9letesen tiszt\u00edt an\u00e9lk\u00fcl, hogy k\u00e1ros\u00edtan\u00e1 a sz\u00e1lakat. Ide\u00e1lis gyors rendbet\u00e9telhez, amikor mos\u00e1sra nincs sz\u00fcks\u00e9g vagy nem aj\u00e1nlott.\n\nT\u00f6lt\u0151anyag:\nPr\u00e9mium min\u0151s\u00e9g\u0171 szilikoniz\u00e1lt poli\u00e9szter goly\u00f3, moshat\u00f3 \u00e9s antiallerg\u00e9n, sok\u00e1ig megtartja a rugalmass\u00e1g\u00e1t.\n\nEgy\u00e9b inform\u00e1ci\u00f3:\nnincs\n\nMinden term\u00e9ket saj\u00e1t kez\u0171leg k\u00e9sz\u00edtek, odafigyelve a legapr\u00f3bb r\u00e9szletekre is, sz\u00edvb\u0151l, szeretettel!","score":0,"formatted_price":"2 500 Ft","image_url":"https:\/\/www.meska.hu\/img\/product\/small\/l\/i\/limocozycraft_product_760007_251211162819_784991.jpeg","formatted_url":"https:\/\/www.meska.hu\/p5690941-amigurumi-husveti-nyul-rozsaval","favourite":false,"in_stock":true,"avatar":"760007_avatar_1779626420.png","delete_from":0,"is_enhanced_background":false,"is_enhanced":false,"product_selection_started":false,"is_active":true,"image_webp_url":"https:\/\/www.meska.hu\/img\/product\/small\/l\/i\/limocozycraft_product_760007_251211162819_784991.webp"},{"id":"6045075","shop_id":"51170","user_id":"760007","shop_name":"LimoCozyCraft","shop_zip":"8000","product_code":"5690937","product_name_old":null,"product_name":"Amigurumi H\u00fasv\u00e9ti ny\u00fal r\u00f3zs\u00e1val","category_string":"\u00dcnnepi d\u00edszek, dekor\u00e1ci\u00f3k, H\u00fasv\u00e9ti d\u00edszek \u00e9s dekor\u00e1ci\u00f3k, H\u00fasv\u00e9ti asztald\u00edszek","technic_string":"Horgol\u00e1s, Baba-\u00e9s b\u00e1bk\u00e9sz\u00edt\u00e9s","category_1":"1818","category_2":"1803","category_3":"1796","category_4":"0","merged_category_1":null,"merged_category_2":null,"merged_category_3":null,"technic_1":"488","technic_2":"472","technic_3":"0","color_1":"514","color_2":"515","color_3":"791","product_description_old":null,"product_description":"K\u00e9zzel horgolt h\u00fasv\u00e9ti nyuszi r\u00f3zs\u00e1val a nyak\u00e1ban.\nLak\u00e1sdekor\u00e1ci\u00f3 de annyira puha \u00e9s \u00f6lelni val\u00f3 hogy ak\u00e1r egy kigyermek j\u00f3bar\u00e1tja is lehet! :)\n\nM\u00e9retek:\nTeljes magass\u00e1g - 24 cm\nSz\u00e9less\u00e9g - 13 cm\n\nFonal:\nA fonal \u00f6sszet\u00e9tele: 100% gyapj\u00fa. Puha, meleg \u00e9rzetet kelt ha magunkhoz \u00f6lelj\u00fck, tapint\u00e1sa kellemes.\n\u00d6ko-Tex 100 Class 1 tan\u00fas\u00edtv\u00e1nnyal rendelkezik, mely garant\u00e1lja, hogy a fonal eg\u00e9szs\u00e9gre \u00e1rtalmas vegyi anyagokt\u00f3l mentes.\n\nA fonal kezelhet\u0151s\u00e9ge m\u0171sz\u00e1las fonal eset\u00e9n:\nK\u00e9zzel, langyos v\u00edzben, enyhe foly\u00e9kony mos\u00f3szerrel tiszt\u00edtsd. Finoman nyomkodd ki bel\u0151le a vizet, ne csavard. Form\u00e1zd vissza eredeti alakj\u00e1ra, majd hagyd teljesen megsz\u00e1radni szobah\u0151m\u00e9rs\u00e9kleten, fektetve. Mos\u00f3g\u00e9pben nem moshat\u00f3, nem feh\u00e9r\u00edthet\u0151!\nA textiltiszt\u00edt\u00f3 spray praktikus megold\u00e1s finom textilek \u00e9s fonalak friss\u00edt\u00e9s\u00e9re. N\u00e9h\u00e1ny f\u00faj\u00e1ssal elt\u00e1vol\u00edtja a kellemetlen szagokat, felfriss\u00edti az anyagot, \u00e9s k\u00edm\u00e9letesen tiszt\u00edt an\u00e9lk\u00fcl, hogy k\u00e1ros\u00edtan\u00e1 a sz\u00e1lakat. Ide\u00e1lis gyors rendbet\u00e9telhez, amikor mos\u00e1sra nincs sz\u00fcks\u00e9g vagy nem aj\u00e1nlott.\n\nT\u00f6lt\u0151anyag:\nPr\u00e9mium min\u0151s\u00e9g\u0171 szilikoniz\u00e1lt poli\u00e9szter goly\u00f3, moshat\u00f3 \u00e9s antiallerg\u00e9n, sok\u00e1ig megtartja a rugalmass\u00e1g\u00e1t.\n\nEgy\u00e9b inform\u00e1ci\u00f3:\nnincs\n\nMinden term\u00e9ket saj\u00e1t kez\u0171leg k\u00e9sz\u00edtek, odafigyelve a legapr\u00f3bb r\u00e9szletekre is, sz\u00edvb\u0151l, szeretettel!","price":"2500.00","unit":"db","recommended":"0","status":"1","sponsored":"0","exp_notify":"0","own_material":"0","own_material_description_old":null,"own_material_description":"","jury":"0","jury_number":"","product_nature":"","meskaracsony":"0","create_date":"2026-08-08 17:51:19","shelve_id":"81980","image":"limocozycraft_product_760007_251211162737_920946.jpeg","image_width":"480","image_height":"640","image_alt":"Amigurumi H\u00fasv\u00e9ti ny\u00fal r\u00f3zs\u00e1val, K\u00e9zzel horgolt h\u00fasv\u00e9ti nyuszi r\u00f3zs\u00e1val a nyak\u00e1ban.\\nLak\u00e1sdekor\u00e1ci\u00f3 de annyira puha \u00e9s \u00f6lelni val\u00f3 hog..., Meska","image_title":"Amigurumi H\u00fasv\u00e9ti ny\u00fal r\u00f3zs\u00e1val, Meska","view_count":"140","favourite_count":"0","trending_score":"0","last2MonthFavouriteCount":"0","promotion":"0","giftcard_accept":"0","creditcard_accept":true,"enhanced_background":"0","domain":"meska","specific_customer_id":null,"specific_customer_name":null,"to_order_product":"0","to_order_product_time":"0","product_different":null,"product_different_description":"","vintage":"0","vintage_category_id":"0","recycled":"0","gemstone_id":"0","customizable":"0","type_category":"physical","zerowaste":"0","postage_price":"2390.00","shop_order":"0","has_category":"1","landing_pages":null,"microdata":{"number":42,"category":""},"title":"Amigurumi H\u00fasv\u00e9ti ny\u00fal r\u00f3zs\u00e1val","description":"K\u00e9zzel horgolt h\u00fasv\u00e9ti nyuszi r\u00f3zs\u00e1val a nyak\u00e1ban.\nLak\u00e1sdekor\u00e1ci\u00f3 de annyira puha \u00e9s \u00f6lelni val\u00f3 hogy ak\u00e1r egy kigyermek j\u00f3bar\u00e1tja is lehet! :)\n\nM\u00e9retek:\nTeljes magass\u00e1g - 24 cm\nSz\u00e9less\u00e9g - 13 cm\n\nFonal:\nA fonal \u00f6sszet\u00e9tele: 100% gyapj\u00fa. Puha, meleg \u00e9rzetet kelt ha magunkhoz \u00f6lelj\u00fck, tapint\u00e1sa kellemes.\n\u00d6ko-Tex 100 Class 1 tan\u00fas\u00edtv\u00e1nnyal rendelkezik, mely garant\u00e1lja, hogy a fonal eg\u00e9szs\u00e9gre \u00e1rtalmas vegyi anyagokt\u00f3l mentes.\n\nA fonal kezelhet\u0151s\u00e9ge m\u0171sz\u00e1las fonal eset\u00e9n:\nK\u00e9zzel, langyos v\u00edzben, enyhe foly\u00e9kony mos\u00f3szerrel tiszt\u00edtsd. Finoman nyomkodd ki bel\u0151le a vizet, ne csavard. Form\u00e1zd vissza eredeti alakj\u00e1ra, majd hagyd teljesen megsz\u00e1radni szobah\u0151m\u00e9rs\u00e9kleten, fektetve. Mos\u00f3g\u00e9pben nem moshat\u00f3, nem feh\u00e9r\u00edthet\u0151!\nA textiltiszt\u00edt\u00f3 spray praktikus megold\u00e1s finom textilek \u00e9s fonalak friss\u00edt\u00e9s\u00e9re. N\u00e9h\u00e1ny f\u00faj\u00e1ssal elt\u00e1vol\u00edtja a kellemetlen szagokat, felfriss\u00edti az anyagot, \u00e9s k\u00edm\u00e9letesen tiszt\u00edt an\u00e9lk\u00fcl, hogy k\u00e1ros\u00edtan\u00e1 a sz\u00e1lakat. Ide\u00e1lis gyors rendbet\u00e9telhez, amikor mos\u00e1sra nincs sz\u00fcks\u00e9g vagy nem aj\u00e1nlott.\n\nT\u00f6lt\u0151anyag:\nPr\u00e9mium min\u0151s\u00e9g\u0171 szilikoniz\u00e1lt poli\u00e9szter goly\u00f3, moshat\u00f3 \u00e9s antiallerg\u00e9n, sok\u00e1ig megtartja a rugalmass\u00e1g\u00e1t.\n\nEgy\u00e9b inform\u00e1ci\u00f3:\nnincs\n\nMinden term\u00e9ket saj\u00e1t kez\u0171leg k\u00e9sz\u00edtek, odafigyelve a legapr\u00f3bb r\u00e9szletekre is, sz\u00edvb\u0151l, szeretettel!","score":0,"formatted_price":"2 500 Ft","image_url":"https:\/\/www.meska.hu\/img\/product\/small\/l\/i\/limocozycraft_product_760007_251211162737_920946.jpeg","formatted_url":"https:\/\/www.meska.hu\/p5690937-amigurumi-husveti-nyul-rozsaval","favourite":false,"in_stock":true,"avatar":"760007_avatar_1779626420.png","delete_from":0,"is_enhanced_background":false,"is_enhanced":false,"product_selection_started":false,"is_active":true,"image_webp_url":"https:\/\/www.meska.hu\/img\/product\/small\/l\/i\/limocozycraft_product_760007_251211162737_920946.webp"},{"id":"6174310","shop_id":"45602","user_id":"567438","shop_name":"BNDecor","shop_zip":"2013","product_code":"5767880","product_name_old":null,"product_name":"B\u00e1r\u00e1nyos asztald\u00edsz","category_string":"\u00dcnnepi d\u00edszek, dekor\u00e1ci\u00f3k, H\u00fasv\u00e9ti d\u00edszek \u00e9s dekor\u00e1ci\u00f3k, H\u00fasv\u00e9ti asztald\u00edszek","technic_string":"Vir\u00e1gk\u00f6t\u00e9s","category_1":"1818","category_2":"1803","category_3":"1796","category_4":"0","merged_category_1":null,"merged_category_2":null,"merged_category_3":null,"technic_1":"507","technic_2":"0","technic_3":"0","color_1":"525","color_2":"0","color_3":"0","product_description_old":null,"product_description":"Csemp\u00e9szd be a tavasz \u00e9bred\u00e9s\u00e9t az otthonodba!\n\nEz a gazdagon d\u00edsz\u00edtett, b\u00e1jos kompoz\u00edci\u00f3 garant\u00e1ltan mosolyt csal mindenki arc\u00e1ra. A pasztellr\u00f3zsasz\u00edn, vintage st\u00edlus\u00fa b\u00e1dog kasp\u00f3ban egy kedves ker\u00e1mia b\u00e1r\u00e1nyka b\u00fajik meg a d\u00fas vir\u00e1gok k\u00f6z\u00f6tt. A kompoz\u00edci\u00f3t \u00e9leth\u0171 gumi tulip\u00e1nok, primul\u00e1k, selyem r\u00f3zs\u00e1k \u00e9s bogl\u00e1rk\u00e1k apr\u00f3 kieg\u00e9sz\u00edt\u0151 vir\u00e1gok alkotj\u00e1k, melyeket finom fa csipke pillang\u00f3k \u00e9s selyemszalagok tesznek teljess\u00e9.\n\nMi\u00e9rt k\u00fcl\u00f6nleges ez a d\u00edsz?\n\n\u00dcnnepi hangulat: T\u00f6k\u00e9letes k\u00f6zponti d\u00edsze lehet a h\u00fasv\u00e9ti asztalnak, de az eg\u00e9sz tavaszi szezonban d\u00edsz\u00edti a lak\u00e1st.\n\nVintage b\u00e1j: A koptatott sz\u00e9l\u0171 f\u00e9m kasp\u00f3 \u00e9s a \"Flowers & Garden\" felirat rusztikus, vid\u00e9ki eleganci\u00e1t sug\u00e1roz.\n\nGarant\u00e1lt tart\u00f3ss\u00e1g: A min\u0151s\u00e9gi alapanyagoknak k\u00f6sz\u00f6nhet\u0151en a sz\u00ednek nem fakulnak, a vir\u00e1gok nem konyulnak le \u2013 j\u00f6v\u0151re is ugyanilyen sz\u00e9p lesz!\n\nM\u00e9retek:\nMagass\u00e1g: 28cm\nM\u00e9lys\u00e9g: 14cm\nSz\u00e9less\u00e9g: 25cm","price":"12980.00","unit":"db","recommended":"0","status":"1","sponsored":"0","exp_notify":"0","own_material":"0","own_material_description_old":null,"own_material_description":"","jury":"0","jury_number":"","product_nature":"","meskaracsony":"0","create_date":"2026-08-06 17:50:51","shelve_id":"79483","image":"bndecor_product_567438_260403093700_86923.jpeg","image_width":"480","image_height":"479","image_alt":"B\u00e1r\u00e1nyos asztald\u00edsz, Csemp\u00e9szd be a tavasz \u00e9bred\u00e9s\u00e9t az otthonodba!\\n\\nEz a gazdagon d\u00edsz\u00edtett, b\u00e1jos kompoz\u00edci\u00f3 garant\u00e1lta..., Meska","image_title":"B\u00e1r\u00e1nyos asztald\u00edsz, Meska","view_count":"121","favourite_count":"0","trending_score":"0","last2MonthFavouriteCount":"0","promotion":"0","giftcard_accept":"0","creditcard_accept":true,"enhanced_background":"0","domain":"meska","specific_customer_id":null,"specific_customer_name":null,"to_order_product":"0","to_order_product_time":"0","product_different":null,"product_different_description":"","vintage":"0","vintage_category_id":"0","recycled":"0","gemstone_id":"0","customizable":"0","type_category":"physical","zerowaste":"0","postage_price":"2390.00","shop_order":"0","has_category":"1","landing_pages":null,"microdata":{"number":43,"category":""},"title":"B\u00e1r\u00e1nyos asztald\u00edsz","description":"Csemp\u00e9szd be a tavasz \u00e9bred\u00e9s\u00e9t az otthonodba!\n\nEz a gazdagon d\u00edsz\u00edtett, b\u00e1jos kompoz\u00edci\u00f3 garant\u00e1ltan mosolyt csal mindenki arc\u00e1ra. A pasztellr\u00f3zsasz\u00edn, vintage st\u00edlus\u00fa b\u00e1dog kasp\u00f3ban egy kedves ker\u00e1mia b\u00e1r\u00e1nyka b\u00fajik meg a d\u00fas vir\u00e1gok k\u00f6z\u00f6tt. A kompoz\u00edci\u00f3t \u00e9leth\u0171 gumi tulip\u00e1nok, primul\u00e1k, selyem r\u00f3zs\u00e1k \u00e9s bogl\u00e1rk\u00e1k apr\u00f3 kieg\u00e9sz\u00edt\u0151 vir\u00e1gok alkotj\u00e1k, melyeket finom fa csipke pillang\u00f3k \u00e9s selyemszalagok tesznek teljess\u00e9.\n\nMi\u00e9rt k\u00fcl\u00f6nleges ez a d\u00edsz?\n\n\u00dcnnepi hangulat: T\u00f6k\u00e9letes k\u00f6zponti d\u00edsze lehet a h\u00fasv\u00e9ti asztalnak, de az eg\u00e9sz tavaszi szezonban d\u00edsz\u00edti a lak\u00e1st.\n\nVintage b\u00e1j: A koptatott sz\u00e9l\u0171 f\u00e9m kasp\u00f3 \u00e9s a \"Flowers & Garden\" felirat rusztikus, vid\u00e9ki eleganci\u00e1t sug\u00e1roz.\n\nGarant\u00e1lt tart\u00f3ss\u00e1g: A min\u0151s\u00e9gi alapanyagoknak k\u00f6sz\u00f6nhet\u0151en a sz\u00ednek nem fakulnak, a vir\u00e1gok nem konyulnak le \u2013 j\u00f6v\u0151re is ugyanilyen sz\u00e9p lesz!\n\nM\u00e9retek:\nMagass\u00e1g: 28cm\nM\u00e9lys\u00e9g: 14cm\nSz\u00e9less\u00e9g: 25cm","score":0,"formatted_price":"12 980 Ft","image_url":"https:\/\/www.meska.hu\/img\/product\/small\/b\/n\/bndecor_product_567438_260403093700_86923.jpeg","formatted_url":"https:\/\/www.meska.hu\/p5767880-baranyos-asztaldisz","favourite":false,"in_stock":true,"avatar":"567438_avatar_1719261350.png","delete_from":0,"is_enhanced_background":false,"is_enhanced":false,"product_selection_started":false,"is_active":true,"image_webp_url":"https:\/\/www.meska.hu\/img\/product\/small\/b\/n\/bndecor_product_567438_260403093700_86923.webp"},{"id":"6170507","shop_id":"109","user_id":"243","shop_name":"hollossybela","shop_zip":"2072","product_code":"5766020","product_name_old":null,"product_name":"H\u00fasv\u00e9ti dekor\u00e1ci\u00f3 kereszttel, fa kereszt","category_string":"\u00dcnnepi d\u00edszek, dekor\u00e1ci\u00f3k, H\u00fasv\u00e9ti d\u00edszek \u00e9s dekor\u00e1ci\u00f3k, H\u00fasv\u00e9ti asztald\u00edszek","technic_string":"Famegmunk\u00e1l\u00e1s","category_1":"1818","category_2":"1803","category_3":"1796","category_4":"0","merged_category_1":null,"merged_category_2":null,"merged_category_3":null,"technic_1":"478","technic_2":"0","technic_3":"0","color_1":"514","color_2":"515","color_3":"0","product_description_old":null,"product_description":"Juhar, feketedi\u00f3, \u00e9s szilf\u00e1b\u00f3l k\u00e9sz\u00fclt. K\u00e9szen van.\nKereszt m\u00e9rete: 21x12x2 cm. Hegy m\u00e9rete : 33x12 cm. Barlang m\u00e9rete 27x9,5 cm","price":"5800.00","unit":"db","recommended":"0","status":"1","sponsored":"0","exp_notify":"0","own_material":"0","own_material_description_old":null,"own_material_description":"","jury":"0","jury_number":"","product_nature":"","meskaracsony":"0","create_date":"2026-07-30 19:35:16","shelve_id":"43262","image":"hollossybela_product_243_260329143639_894217.jpeg","image_width":"480","image_height":"320","image_alt":"H\u00fasv\u00e9ti dekor\u00e1ci\u00f3 kereszttel, fa kereszt, Juhar, feketedi\u00f3, \u00e9s szilf\u00e1b\u00f3l k\u00e9sz\u00fclt. K\u00e9szen van.\\nKereszt m\u00e9rete: 21x12x2 cm. Hegy m\u00e9rete : 33x12 ..., Meska","image_title":"H\u00fasv\u00e9ti dekor\u00e1ci\u00f3 kereszttel, fa kereszt, Meska","view_count":"145","favourite_count":"1","trending_score":"0","last2MonthFavouriteCount":"0","promotion":"0","giftcard_accept":"1","creditcard_accept":true,"enhanced_background":"0","domain":"meska","specific_customer_id":null,"specific_customer_name":null,"to_order_product":"0","to_order_product_time":"0","product_different":null,"product_different_description":"","vintage":"0","vintage_category_id":"0","recycled":"0","gemstone_id":"0","customizable":"0","type_category":"physical","zerowaste":"0","postage_price":"2400.00","shop_order":"0","has_category":"1","landing_pages":null,"microdata":{"number":44,"category":""},"title":"H\u00fasv\u00e9ti dekor\u00e1ci\u00f3 kereszttel, fa kereszt","description":"Juhar, feketedi\u00f3, \u00e9s szilf\u00e1b\u00f3l k\u00e9sz\u00fclt. K\u00e9szen van.\nKereszt m\u00e9rete: 21x12x2 cm. Hegy m\u00e9rete : 33x12 cm. Barlang m\u00e9rete 27x9,5 cm","score":0,"formatted_price":"5 800 Ft","image_url":"https:\/\/www.meska.hu\/img\/product\/small\/h\/o\/hollossybela_product_243_260329143639_894217.jpeg","formatted_url":"https:\/\/www.meska.hu\/p5766020-husveti-dekoracio-kereszttel-fa-kereszt","favourite":false,"in_stock":true,"avatar":"hollossybela_avatar_243_1602349121.jpg","delete_from":0,"is_enhanced_background":false,"is_enhanced":false,"product_selection_started":false,"is_active":true,"image_webp_url":"https:\/\/www.meska.hu\/img\/product\/small\/h\/o\/hollossybela_product_243_260329143639_894217.webp"},{"id":"5755666","shop_id":"14780","user_id":"68966","shop_name":"famuves","shop_zip":"4030","product_code":"5536520","product_name_old":null,"product_name":"3db Nyuszi h\u00fasv\u00e9ti asztali dekor\u00e1ci\u00f3","category_string":"\u00dcnnepi d\u00edszek, dekor\u00e1ci\u00f3k, H\u00fasv\u00e9ti d\u00edszek \u00e9s dekor\u00e1ci\u00f3k, H\u00fasv\u00e9ti asztald\u00edszek","technic_string":"Famegmunk\u00e1l\u00e1s","category_1":"1818","category_2":"1803","category_3":"1796","category_4":"0","merged_category_1":null,"merged_category_2":null,"merged_category_3":null,"technic_1":"478","technic_2":"0","technic_3":"0","color_1":"515","color_2":"0","color_3":"0","product_description_old":null,"product_description":"R\u00e9tegelt lemez h\u00fasv\u00e9ti nyuszi dekor\u00e1ci\u00f3, 3db-os szett, 9 cm magas.\n\nHa egyedi dekor\u00e1ci\u00f3t szeretn\u00e9l, m\u00e1s m\u00e9retben, vagy st\u00edlusban, keress b\u00e1tran \u00e9s megval\u00f3s\u00edtjuk!","price":"3000.00","unit":"db","recommended":"0","status":"1","sponsored":"0","exp_notify":"0","own_material":"0","own_material_description_old":null,"own_material_description":"","jury":"0","jury_number":"","product_nature":"","meskaracsony":"0","create_date":"2026-07-30 13:18:51","shelve_id":"0","image":"famuves_product_68966_250406113837_220163.jpeg","image_width":"480","image_height":"480","image_alt":"3db Nyuszi h\u00fasv\u00e9ti asztali dekor\u00e1ci\u00f3, R\u00e9tegelt lemez h\u00fasv\u00e9ti nyuszi dekor\u00e1ci\u00f3, 3db-os szett, 9 cm magas.\\n\\nHa egyedi dekor\u00e1ci\u00f3t szeretn\u00e9l, ..., Meska","image_title":"3db Nyuszi h\u00fasv\u00e9ti asztali dekor\u00e1ci\u00f3, Meska","view_count":"388","favourite_count":"0","trending_score":"0","last2MonthFavouriteCount":"0","promotion":"210","giftcard_accept":"1","creditcard_accept":false,"enhanced_background":"0","domain":"meska","specific_customer_id":null,"specific_customer_name":null,"to_order_product":"1","to_order_product_time":"3","product_different":null,"product_different_description":"","vintage":"0","vintage_category_id":"0","recycled":"0","gemstone_id":"0","customizable":"0","type_category":"physical","zerowaste":"0","postage_price":"2390.00","shop_order":"0","has_category":"1","landing_pages":null,"microdata":{"number":45,"category":""},"title":"3db Nyuszi h\u00fasv\u00e9ti asztali dekor\u00e1ci\u00f3","description":"R\u00e9tegelt lemez h\u00fasv\u00e9ti nyuszi dekor\u00e1ci\u00f3, 3db-os szett, 9 cm magas.\n\nHa egyedi dekor\u00e1ci\u00f3t szeretn\u00e9l, m\u00e1s m\u00e9retben, vagy st\u00edlusban, keress b\u00e1tran \u00e9s megval\u00f3s\u00edtjuk!","score":0,"formatted_price":"3 000 Ft","image_url":"https:\/\/www.meska.hu\/img\/product\/small\/f\/a\/famuves_product_68966_250406113837_220163.jpeg","formatted_url":"https:\/\/www.meska.hu\/p5536520-3db-nyuszi-husveti-asztali-dekoracio","favourite":false,"in_stock":false,"avatar":"68966_avatar_1659608948.png","delete_from":0,"is_enhanced_background":false,"is_enhanced":false,"product_selection_started":false,"original_price":"3 000 Ft","promotion_percentage":"-20%","promoted_price":"2 400 Ft","promoted_price_sup":"20","ribbon":"https:\/\/www.meska.hu\/img\/promotionbanners\/GQTXZHEC0\/product_ribbon_20_1785231767.svg","is_active":true,"image_webp_url":"https:\/\/www.meska.hu\/img\/product\/small\/f\/a\/famuves_product_68966_250406113837_220163.webp"},{"id":"6103087","shop_id":"34433","user_id":"450127","shop_name":"Dekorbyme","shop_zip":"2730","product_code":"5724778","product_name_old":null,"product_name":"Porcel\u00e1nhat\u00e1s\u00fa h\u00fasv\u00e9ti asztald\u00edsz \u2013 decoupage technik\u00e1val k\u00e9sz\u00edtett nagy toj\u00e1sok, vintage dekor\u00e1ci\u00f3","category_string":"\u00dcnnepi d\u00edszek, dekor\u00e1ci\u00f3k, H\u00fasv\u00e9ti d\u00edszek \u00e9s dekor\u00e1ci\u00f3k, H\u00fasv\u00e9ti asztald\u00edszek","technic_string":"Decoupage, transzfer \u00e9s szalv\u00e9tatechnika, Vir\u00e1gk\u00f6t\u00e9s","category_1":"1818","category_2":"1803","category_3":"1796","category_4":"0","merged_category_1":null,"merged_category_2":null,"merged_category_3":null,"technic_1":"476","technic_2":"507","technic_3":"0","color_1":"519","color_2":"521","color_3":"0","product_description_old":null,"product_description":"Porcel\u00e1nhat\u00e1s\u00fa h\u00fasv\u00e9ti asztald\u00edsz decoupage technik\u00e1val k\u00e9sz\u00fclt nagy toj\u00e1sokkal, antikolt b\u00e1dog kasp\u00f3ban.\n\nVintage st\u00edlus, 12\u202fcm\u2011es \u00e9s 6\u202fcm\u2011es toj\u00e1sok harmonikus elrendez\u00e9se.\nIde\u00e1lis h\u00fasv\u00e9ti asztald\u00edsz vagy tavaszi dekor\u00e1ci\u00f3 minden otthonba.\n\nA toj\u00e1sok antikolt b\u00e1dog kasp\u00f3ba ker\u00fcltek, amely stabilan tartja az elrendez\u00e9st \u00e9s vintage hangulatot k\u00f6lcs\u00f6n\u00f6z az eg\u00e9sz kompoz\u00edci\u00f3nak.\n\n\u2728 Mi\u00e9rt k\u00fcl\u00f6nleges?\n\n\u2714\ufe0f porcel\u00e1nhat\u00e1s\u00fa fel\u00fclet \u2192 eleg\u00e1ns, l\u00e1tv\u00e1nyos, t\u00f6r\u00e9sbiztos kivitel\n\u2714\ufe0f decoupage technik\u00e1val k\u00e9sz\u00fclt mint\u00e1k \u2192 vintage st\u00edlus\n\u2714\ufe0f antikolt b\u00e1dog kasp\u00f3 \u2192 stabil, eszt\u00e9tikus tart\u00e1s\n\u2714\ufe0f nagy m\u00e9ret\u0171 asztald\u00edsz \u2192 kiemelked\u0151 dekor\u00e1ci\u00f3 az \u00fcnnepi asztalon\n\u2714\ufe0f harm\u00f3nikus, vintage st\u00edlus\u00fa h\u00fasv\u00e9ti kompoz\u00edci\u00f3\n\u2714\ufe0f ide\u00e1lis h\u00fasv\u00e9ti asztald\u00edsz \u00e9s tavaszi dekor\u00e1ci\u00f3\n\n\ud83d\udccf M\u00e9ret \u00e9s anyag:\nAnyag: hungarocell (toj\u00e1sok), b\u00e1dog kasp\u00f3, sodrott selyemzsin\u00f3r, fa bet\u0171z\u0151k\nTechnika: decoupage\nM\u00e9retek: nagy toj\u00e1sok 12 cm, kisebb toj\u00e1sok 6 cm\n\nFelhaszn\u00e1l\u00e1s: h\u00fasv\u00e9ti asztald\u00edsz, tavaszi dekor\u00e1ci\u00f3,  vintage st\u00edlus\n\nT\u00f6k\u00e9letes v\u00e1laszt\u00e1s, ha porcel\u00e1nhat\u00e1s\u00fa, decoupage technik\u00e1val k\u00e9sz\u00fclt,  h\u00fasv\u00e9ti asztald\u00edszt keresel, vintage st\u00edlusban.","price":"13500.00","unit":"db","recommended":"0","status":"1","sponsored":"0","exp_notify":"0","own_material":"0","own_material_description_old":null,"own_material_description":"","jury":"0","jury_number":"","product_nature":"","meskaracsony":"0","create_date":"2026-07-28 20:02:22","shelve_id":"67939","image":"dekorbyme_product_450127_260208180008_613438.jpeg","image_width":"480","image_height":"320","image_alt":"Porcel\u00e1nhat\u00e1s\u00fa h\u00fasv\u00e9ti asztald\u00edsz \u2013 decoupage technik\u00e1val k\u00e9sz\u00edtett nagy toj\u00e1sok, vintage dekor\u00e1ci\u00f3, Porcel\u00e1nhat\u00e1s\u00fa h\u00fasv\u00e9ti asztald\u00edsz decoupage technik\u00e1val k\u00e9sz\u00fclt nagy toj\u00e1sokkal, antikolt b\u00e1dog kasp..., Meska","image_title":"Porcel\u00e1nhat\u00e1s\u00fa h\u00fasv\u00e9ti asztald\u00edsz \u2013 decoupage technik\u00e1val k\u00e9sz\u00edtett nagy toj\u00e1sok, vintage dekor\u00e1ci\u00f3, Meska","view_count":"254","favourite_count":"0","trending_score":"0","last2MonthFavouriteCount":"0","promotion":"0","giftcard_accept":"0","creditcard_accept":true,"enhanced_background":"0","domain":"meska","specific_customer_id":null,"specific_customer_name":null,"to_order_product":"0","to_order_product_time":"0","product_different":null,"product_different_description":"","vintage":"0","vintage_category_id":"0","recycled":"0","gemstone_id":"0","customizable":"0","type_category":"physical","zerowaste":"0","postage_price":"1570.00","shop_order":"59","has_category":"1","landing_pages":null,"microdata":{"number":46,"category":""},"title":"Porcel\u00e1nhat\u00e1s\u00fa h\u00fasv\u00e9ti asztald\u00edsz \u2013 decoupage technik\u00e1val k\u00e9sz\u00edtett nagy toj\u00e1sok, vintage dekor\u00e1ci\u00f3","description":"Porcel\u00e1nhat\u00e1s\u00fa h\u00fasv\u00e9ti asztald\u00edsz decoupage technik\u00e1val k\u00e9sz\u00fclt nagy toj\u00e1sokkal, antikolt b\u00e1dog kasp\u00f3ban.\n\nVintage st\u00edlus, 12\u202fcm\u2011es \u00e9s 6\u202fcm\u2011es toj\u00e1sok harmonikus elrendez\u00e9se.\nIde\u00e1lis h\u00fasv\u00e9ti asztald\u00edsz vagy tavaszi dekor\u00e1ci\u00f3 minden otthonba.\n\nA toj\u00e1sok antikolt b\u00e1dog kasp\u00f3ba ker\u00fcltek, amely stabilan tartja az elrendez\u00e9st \u00e9s vintage hangulatot k\u00f6lcs\u00f6n\u00f6z az eg\u00e9sz kompoz\u00edci\u00f3nak.\n\n\u2728 Mi\u00e9rt k\u00fcl\u00f6nleges?\n\n\u2714\ufe0f porcel\u00e1nhat\u00e1s\u00fa fel\u00fclet \u2192 eleg\u00e1ns, l\u00e1tv\u00e1nyos, t\u00f6r\u00e9sbiztos kivitel\n\u2714\ufe0f decoupage technik\u00e1val k\u00e9sz\u00fclt mint\u00e1k \u2192 vintage st\u00edlus\n\u2714\ufe0f antikolt b\u00e1dog kasp\u00f3 \u2192 stabil, eszt\u00e9tikus tart\u00e1s\n\u2714\ufe0f nagy m\u00e9ret\u0171 asztald\u00edsz \u2192 kiemelked\u0151 dekor\u00e1ci\u00f3 az \u00fcnnepi asztalon\n\u2714\ufe0f harm\u00f3nikus, vintage st\u00edlus\u00fa h\u00fasv\u00e9ti kompoz\u00edci\u00f3\n\u2714\ufe0f ide\u00e1lis h\u00fasv\u00e9ti asztald\u00edsz \u00e9s tavaszi dekor\u00e1ci\u00f3\n\n\ud83d\udccf M\u00e9ret \u00e9s anyag:\nAnyag: hungarocell (toj\u00e1sok), b\u00e1dog kasp\u00f3, sodrott selyemzsin\u00f3r, fa bet\u0171z\u0151k\nTechnika: decoupage\nM\u00e9retek: nagy toj\u00e1sok 12 cm, kisebb toj\u00e1sok 6 cm\n\nFelhaszn\u00e1l\u00e1s: h\u00fasv\u00e9ti asztald\u00edsz, tavaszi dekor\u00e1ci\u00f3,  vintage st\u00edlus\n\nT\u00f6k\u00e9letes v\u00e1laszt\u00e1s, ha porcel\u00e1nhat\u00e1s\u00fa, decoupage technik\u00e1val k\u00e9sz\u00fclt,  h\u00fasv\u00e9ti asztald\u00edszt keresel, vintage st\u00edlusban.","score":0,"formatted_price":"13 500 Ft","image_url":"https:\/\/www.meska.hu\/img\/product\/small\/d\/e\/dekorbyme_product_450127_260208180008_613438.jpeg","formatted_url":"https:\/\/www.meska.hu\/p5724778-porcelanhatasu-husveti-asztaldisz-decoupage-technikaval-keszitett-nagy-tojasok-vintage-dekoracio","favourite":false,"in_stock":true,"avatar":"Dekorbyme_avatar_450127_1632584070.jpeg","delete_from":0,"is_enhanced_background":false,"is_enhanced":false,"product_selection_started":false,"is_active":true,"image_webp_url":"https:\/\/www.meska.hu\/img\/product\/small\/d\/e\/dekorbyme_product_450127_260208180008_613438.webp"},{"id":"5754266","shop_id":"33869","user_id":"437392","shop_name":"mesefolt","shop_zip":"9012","product_code":"5535826","product_name_old":null,"product_name":"Toj\u00e1s csibe - Dekor\u00e1ci\u00f3s figura","category_string":"\u00dcnnepi d\u00edszek, dekor\u00e1ci\u00f3k, H\u00fasv\u00e9ti d\u00edszek \u00e9s dekor\u00e1ci\u00f3k, H\u00fasv\u00e9ti asztald\u00edszek","technic_string":"Toj\u00e1sfest\u00e9s, Mindenm\u00e1s","category_1":"1818","category_2":"1803","category_3":"1796","category_4":"0","merged_category_1":null,"merged_category_2":null,"merged_category_3":null,"technic_1":"24","technic_2":"493","technic_3":"0","color_1":"519","color_2":"526","color_3":"529","product_description_old":null,"product_description":"Hungarocell toj\u00e1s alapra k\u00e9sz\u00fclt csibe, amely fej\u00e9n csinos, szalagr\u00f3zs\u00e1kkal d\u00edsz\u00edtett tavaszi kalapot visel. Pocakj\u00e1t apr\u00f3 citroms\u00e1rga vir\u00e1gokkal dekor\u00e1ltam.\n\nM\u00e9rete: 10 cm magas, 7 cm sz\u00e9les.\nAnyaga: hungarocell, filc, k\u00f6t\u0151fonal, mozg\u00f3 szem, vir\u00e1g szalag, farkasfog, zsen\u00edlia dr\u00f3t, szat\u00e9n szalag, karton pap\u00edr, kupak, natur juta madzag.\n\nAj\u00e1nd\u00e9knak, \u00e9s dekor\u00e1ci\u00f3s kell\u00e9knek is kiv\u00e1l\u00f3.","price":"2000.00","unit":"db","recommended":"0","status":"1","sponsored":"0","exp_notify":"0","own_material":"0","own_material_description_old":null,"own_material_description":"","jury":"0","jury_number":"","product_nature":"","meskaracsony":"0","create_date":"2026-07-28 18:01:00","shelve_id":"68385","image":"mesefolt_product_437392_250404165756_744165.jpeg","image_width":"480","image_height":"360","image_alt":"Toj\u00e1s csibe - Dekor\u00e1ci\u00f3s figura, Hungarocell toj\u00e1s alapra k\u00e9sz\u00fclt csibe, amely fej\u00e9n csinos, szalagr\u00f3zs\u00e1kkal d\u00edsz\u00edtett tavaszi kalapo..., Meska","image_title":"Toj\u00e1s csibe - Dekor\u00e1ci\u00f3s figura, Meska","view_count":"401","favourite_count":"0","trending_score":"0","last2MonthFavouriteCount":"0","promotion":"0","giftcard_accept":"0","creditcard_accept":true,"enhanced_background":"0","domain":"meska","specific_customer_id":null,"specific_customer_name":null,"to_order_product":"0","to_order_product_time":"0","product_different":null,"product_different_description":"","vintage":"0","vintage_category_id":"0","recycled":"0","gemstone_id":"0","customizable":"0","type_category":"physical","zerowaste":"0","postage_price":"1290.00","shop_order":"0","has_category":"1","landing_pages":null,"microdata":{"number":47,"category":""},"title":"Toj\u00e1s csibe - Dekor\u00e1ci\u00f3s figura","description":"Hungarocell toj\u00e1s alapra k\u00e9sz\u00fclt csibe, amely fej\u00e9n csinos, szalagr\u00f3zs\u00e1kkal d\u00edsz\u00edtett tavaszi kalapot visel. Pocakj\u00e1t apr\u00f3 citroms\u00e1rga vir\u00e1gokkal dekor\u00e1ltam.\n\nM\u00e9rete: 10 cm magas, 7 cm sz\u00e9les.\nAnyaga: hungarocell, filc, k\u00f6t\u0151fonal, mozg\u00f3 szem, vir\u00e1g szalag, farkasfog, zsen\u00edlia dr\u00f3t, szat\u00e9n szalag, karton pap\u00edr, kupak, natur juta madzag.\n\nAj\u00e1nd\u00e9knak, \u00e9s dekor\u00e1ci\u00f3s kell\u00e9knek is kiv\u00e1l\u00f3.","score":0,"formatted_price":"2 000 Ft","image_url":"https:\/\/www.meska.hu\/img\/product\/small\/m\/e\/mesefolt_product_437392_250404165756_744165.jpeg","formatted_url":"https:\/\/www.meska.hu\/p5535826-tojas-csibe-dekoracios-figura","favourite":false,"in_stock":true,"avatar":"mesefolt_avatar_437392_1625069053.png","delete_from":0,"is_enhanced_background":false,"is_enhanced":false,"product_selection_started":false,"is_active":true,"image_webp_url":"https:\/\/www.meska.hu\/img\/product\/small\/m\/e\/mesefolt_product_437392_250404165756_744165.webp"},{"id":"6124848","shop_id":"44970","user_id":"645553","shop_name":"CrealityGifts","shop_zip":"8083","product_code":"5738327","product_name_old":null,"product_name":"Horgolt hat\u00e1s\u00fa nyuszi kos\u00e1r \u2013 \u00dcnnepi \u00e9dess\u00e9gtart\u00f3 \u00e9s h\u00fasv\u00e9ti dekor\u00e1ci\u00f3","category_string":"\u00dcnnepi d\u00edszek, dekor\u00e1ci\u00f3k, H\u00fasv\u00e9ti d\u00edszek \u00e9s dekor\u00e1ci\u00f3k, H\u00fasv\u00e9ti asztald\u00edszek","technic_string":"Mindenm\u00e1s","category_1":"1818","category_2":"1803","category_3":"1796","category_4":"0","merged_category_1":null,"merged_category_2":null,"merged_category_3":null,"technic_1":"493","technic_2":"0","technic_3":"0","color_1":"519","color_2":"0","color_3":"0","product_description_old":null,"product_description":"Var\u00e1zsolja el csal\u00e1dj\u00e1t ezzel a horgolt text\u00far\u00e1j\u00fa, b\u00e1jos nyuszi kos\u00e1rral, amely az \u00fcnnepi asztal legkedvesebb d\u00edsze lesz. Ez a pr\u00e9mium megjelen\u00e9s\u0171 t\u00e1rol\u00f3 a k\u00e9zm\u0171ves fonott t\u00e1rgyak melegs\u00e9g\u00e9t \u00f6tv\u00f6zi a modern tart\u00f3ss\u00e1ggal. Ide\u00e1lis v\u00e1laszt\u00e1s h\u00fasv\u00e9ti \u00e9dess\u00e9gek, sz\u00ednes toj\u00e1sok vagy apr\u00f3 meglepet\u00e9sek st\u00edlusos t\u00e1lal\u00e1s\u00e1hoz. K\u00fcl\u00f6nleges kialak\u00edt\u00e1sa r\u00e9v\u00e9n nemcsak funkcion\u00e1lis t\u00e1rgy, hanem egyben maradand\u00f3 tavaszi dekor\u00e1ci\u00f3 is.\n\nHorgolt hat\u00e1s\u00fa nyuszi kos\u00e1r \u2013 \u00dcnnepi \u00e9dess\u00e9gtart\u00f3 \u00e9s h\u00fasv\u00e9ti dekor\u00e1ci\u00f3\nEml\u00e9kszik m\u00e9g azokra a h\u00fasv\u00e9ti reggelekre, amikor a f\u0171ben vagy a polcokon elrejtett \u00e9dess\u00e9geket kerest\u00e9k a gyerekek? Gyakran a csomagol\u00e1s hamarabb a szemetesben v\u00e9gzi, mint ahogy az \u00fcnnepi eb\u00e9d v\u00e9get \u00e9rne. Mi lenne, ha id\u00e9n a meglepet\u00e9s egy olyan tart\u00f3ban \u00e9rkezne, amely \u00f6nmag\u00e1ban is aj\u00e1nd\u00e9k, \u00e9s \u00e9vr\u0151l \u00e9vre visszat\u00e9r\u0151 szerepl\u0151je lehetne a csal\u00e1di hagyom\u00e1nyoknak? Ez a nyuszi kos\u00e1r a k\u00e9zzel k\u00e9sz\u00fclt horgolt t\u00e1rgyak nosztalgikus hangulat\u00e1t hozza el otthon\u00e1ba, mik\u00f6zben letisztult feh\u00e9r sz\u00edn\u00e9vel b\u00e1rmilyen modern enteri\u0151rbe t\u00f6k\u00e9letesen illeszkedik.\n\nEz\u00e9rt fogod szeretni:\nEgyedi text\u00fara: A horgolt \u00f6lt\u00e9sek \u00e9leth\u0171 mint\u00e1zata puha, bar\u00e1ts\u00e1gos hat\u00e1st kelt, ami azonnal otthonoss\u00e1 teszi a k\u00f6rnyezet\u00e9t.\nSokoldal\u00fa felhaszn\u00e1l\u00e1s: Haszn\u00e1lhatja \u00e9dess\u00e9gtart\u00f3k\u00e9nt az asztalon, kulcs\u0151rz\u0151k\u00e9nt az el\u0151szob\u00e1ban vagy ak\u00e1r apr\u00f3bb vir\u00e1gok kasp\u00f3jak\u00e9nt is.\nGyerekbar\u00e1t diz\u00e1jn: A kedves nyuszi f\u00fclek \u00e9s a kerekded forma biztons\u00e1gos \u00e9s h\u00edvogat\u00f3 a legkisebbek sz\u00e1m\u00e1ra is.\nSt\u00edlusos dekor\u00e1ci\u00f3: Minimalista, h\u00f3feh\u00e9r megjelen\u00e9se miatt nem hivalkod\u00f3, m\u00e9gis minden vend\u00e9g tekintet\u00e9t mag\u00e1ra vonzza.\nK\u00f6nny\u0171 tiszt\u00edthat\u00f3s\u00e1g: A val\u00f3di fonott kosarakkal ellent\u00e9tben ez a darab nem sz\u00e1lk\u00e1sodik \u00e9s egyszer\u0171en tiszt\u00e1n tarthat\u00f3.\n \n\nTechnikai adatok:\nAnyag: Pr\u00e9mium, k\u00f6rnyezetbar\u00e1t alapanyag selymes matt fel\u00fclettel\nMagass\u00e1g: kb. 18 cm (f\u00fclekkel egy\u00fctt)\nSz\u00edn: H\u00f3feh\u00e9r\nTiszt\u00edt\u00e1s: Langyos, szappanos v\u00edzzel k\u00f6nnyed\u00e9n lemoshat\u00f3\nV\u00e1s\u00e1rl\u00f3ink mondt\u00e1k:\n\"Annyira \u00e9leth\u0171 a mint\u00e1ja, hogy az anyuk\u00e1m el\u0151sz\u00f6r meg akarta fogni, hogy t\u00e9nyleg gyapj\u00fab\u00f3l van-e. Nagyon j\u00f3l mutat a sz\u00ednes csokitoj\u00e1sokkal!\"\n\nGyakori k\u00e9rd\u00e9sek:\nMennyire strapab\u00edr\u00f3 a kos\u00e1r?\nA term\u00e9k massz\u00edv szerkezet\u0171, nem hajlik el \u00e9s nem t\u00f6rik k\u00f6nnyen, \u00edgy t\u00f6bb h\u00fasv\u00e9ti szezont is kiszolg\u00e1l.\n\nElf\u00e9rnek benne a nagyobb csokinyuszik is?\nIgen, az \u00f6bl\u00f6s kialak\u00edt\u00e1snak k\u00f6sz\u00f6nhet\u0151en k\u00e9nyelmesen elf\u00e9r benne t\u00f6bb k\u00f6zepes m\u00e9ret\u0171 csokol\u00e1d\u00e9 vagy mar\u00e9knyi apr\u00f3 toj\u00e1s.\n\nK\u00fclt\u00e9ren is haszn\u00e1lhat\u00f3 a toj\u00e1skeres\u00e9shez?\nTerm\u00e9szetesen, anyaga b\u00edrja a nedvess\u00e9get, \u00edgy a reggeli harmatos f\u0171be is nyugodtan leteheti a gyerekeknek.\n\nMilyen a fel\u00fclete, \u00e9rdes vagy sima?\nA fel\u00fclete a horgolt minta miatt textur\u00e1lt, de tapint\u00e1sra selymes \u00e9s kellemes, nincsenek rajta \u00e9les sz\u00e9lek.\n\nAj\u00e1nd\u00e9knak is alkalmas?\nKifejezetten! Gyakran rendelik t\u0151l\u00fcnk \u00fcresen, hogy azt\u00e1n saj\u00e1t k\u00e9sz\u00edt\u00e9s\u0171 s\u00fctem\u00e9nyekkel vagy \u00e9dess\u00e9ggel megt\u00f6ltve adj\u00e1k \u00e1t szeretteiknek.\n\nSzezon\u00e1lis k\u00e9szlet, a nagy \u00e9rdekl\u0151d\u00e9sre val\u00f3 tekintettel csak korl\u00e1tozott sz\u00e1mban el\u00e9rhet\u0151. Rendelje meg most az idei h\u00fasv\u00e9t legszebb kieg\u00e9sz\u00edt\u0151j\u00e9t!","price":"4490.00","unit":"db","recommended":"0","status":"1","sponsored":"0","exp_notify":"0","own_material":"0","own_material_description_old":null,"own_material_description":"","jury":"0","jury_number":"","product_nature":"","meskaracsony":"0","create_date":"2026-07-27 18:52:08","shelve_id":"81568","image":"crealitygifts_product_645553_260221222215_222943.jpeg","image_width":"480","image_height":"480","image_alt":"Horgolt hat\u00e1s\u00fa nyuszi kos\u00e1r \u2013 \u00dcnnepi \u00e9dess\u00e9gtart\u00f3 \u00e9s h\u00fasv\u00e9ti dekor\u00e1ci\u00f3, Var\u00e1zsolja el csal\u00e1dj\u00e1t ezzel a horgolt text\u00far\u00e1j\u00fa, b\u00e1jos nyuszi kos\u00e1rral, amely az \u00fcnnepi asztal leg..., Meska","image_title":"Horgolt hat\u00e1s\u00fa nyuszi kos\u00e1r \u2013 \u00dcnnepi \u00e9dess\u00e9gtart\u00f3 \u00e9s h\u00fasv\u00e9ti dekor\u00e1ci\u00f3, Meska","view_count":"183","favourite_count":"0","trending_score":"0","last2MonthFavouriteCount":"0","promotion":"0","giftcard_accept":"0","creditcard_accept":true,"enhanced_background":"0","domain":"meska","specific_customer_id":null,"specific_customer_name":null,"to_order_product":"1","to_order_product_time":"3","product_different":null,"product_different_description":"","vintage":"0","vintage_category_id":"0","recycled":"0","gemstone_id":"0","customizable":"0","type_category":"physical","zerowaste":"0","postage_price":"2390.00","shop_order":"0","has_category":"1","landing_pages":null,"microdata":{"number":48,"category":""},"title":"Horgolt hat\u00e1s\u00fa nyuszi kos\u00e1r \u2013 \u00dcnnepi \u00e9dess\u00e9gtart\u00f3 \u00e9s h\u00fasv\u00e9ti dekor\u00e1ci\u00f3","description":"Var\u00e1zsolja el csal\u00e1dj\u00e1t ezzel a horgolt text\u00far\u00e1j\u00fa, b\u00e1jos nyuszi kos\u00e1rral, amely az \u00fcnnepi asztal legkedvesebb d\u00edsze lesz. Ez a pr\u00e9mium megjelen\u00e9s\u0171 t\u00e1rol\u00f3 a k\u00e9zm\u0171ves fonott t\u00e1rgyak melegs\u00e9g\u00e9t \u00f6tv\u00f6zi a modern tart\u00f3ss\u00e1ggal. Ide\u00e1lis v\u00e1laszt\u00e1s h\u00fasv\u00e9ti \u00e9dess\u00e9gek, sz\u00ednes toj\u00e1sok vagy apr\u00f3 meglepet\u00e9sek st\u00edlusos t\u00e1lal\u00e1s\u00e1hoz. K\u00fcl\u00f6nleges kialak\u00edt\u00e1sa r\u00e9v\u00e9n nemcsak funkcion\u00e1lis t\u00e1rgy, hanem egyben maradand\u00f3 tavaszi dekor\u00e1ci\u00f3 is.\n\nHorgolt hat\u00e1s\u00fa nyuszi kos\u00e1r \u2013 \u00dcnnepi \u00e9dess\u00e9gtart\u00f3 \u00e9s h\u00fasv\u00e9ti dekor\u00e1ci\u00f3\nEml\u00e9kszik m\u00e9g azokra a h\u00fasv\u00e9ti reggelekre, amikor a f\u0171ben vagy a polcokon elrejtett \u00e9dess\u00e9geket kerest\u00e9k a gyerekek? Gyakran a csomagol\u00e1s hamarabb a szemetesben v\u00e9gzi, mint ahogy az \u00fcnnepi eb\u00e9d v\u00e9get \u00e9rne. Mi lenne, ha id\u00e9n a meglepet\u00e9s egy olyan tart\u00f3ban \u00e9rkezne, amely \u00f6nmag\u00e1ban is aj\u00e1nd\u00e9k, \u00e9s \u00e9vr\u0151l \u00e9vre visszat\u00e9r\u0151 szerepl\u0151je lehetne a csal\u00e1di hagyom\u00e1nyoknak? Ez a nyuszi kos\u00e1r a k\u00e9zzel k\u00e9sz\u00fclt horgolt t\u00e1rgyak nosztalgikus hangulat\u00e1t hozza el otthon\u00e1ba, mik\u00f6zben letisztult feh\u00e9r sz\u00edn\u00e9vel b\u00e1rmilyen modern enteri\u0151rbe t\u00f6k\u00e9letesen illeszkedik.\n\nEz\u00e9rt fogod szeretni:\nEgyedi text\u00fara: A horgolt \u00f6lt\u00e9sek \u00e9leth\u0171 mint\u00e1zata puha, bar\u00e1ts\u00e1gos hat\u00e1st kelt, ami azonnal otthonoss\u00e1 teszi a k\u00f6rnyezet\u00e9t.\nSokoldal\u00fa felhaszn\u00e1l\u00e1s: Haszn\u00e1lhatja \u00e9dess\u00e9gtart\u00f3k\u00e9nt az asztalon, kulcs\u0151rz\u0151k\u00e9nt az el\u0151szob\u00e1ban vagy ak\u00e1r apr\u00f3bb vir\u00e1gok kasp\u00f3jak\u00e9nt is.\nGyerekbar\u00e1t diz\u00e1jn: A kedves nyuszi f\u00fclek \u00e9s a kerekded forma biztons\u00e1gos \u00e9s h\u00edvogat\u00f3 a legkisebbek sz\u00e1m\u00e1ra is.\nSt\u00edlusos dekor\u00e1ci\u00f3: Minimalista, h\u00f3feh\u00e9r megjelen\u00e9se miatt nem hivalkod\u00f3, m\u00e9gis minden vend\u00e9g tekintet\u00e9t mag\u00e1ra vonzza.\nK\u00f6nny\u0171 tiszt\u00edthat\u00f3s\u00e1g: A val\u00f3di fonott kosarakkal ellent\u00e9tben ez a darab nem sz\u00e1lk\u00e1sodik \u00e9s egyszer\u0171en tiszt\u00e1n tarthat\u00f3.\n \n\nTechnikai adatok:\nAnyag: Pr\u00e9mium, k\u00f6rnyezetbar\u00e1t alapanyag selymes matt fel\u00fclettel\nMagass\u00e1g: kb. 18 cm (f\u00fclekkel egy\u00fctt)\nSz\u00edn: H\u00f3feh\u00e9r\nTiszt\u00edt\u00e1s: Langyos, szappanos v\u00edzzel k\u00f6nnyed\u00e9n lemoshat\u00f3\nV\u00e1s\u00e1rl\u00f3ink mondt\u00e1k:\n\"Annyira \u00e9leth\u0171 a mint\u00e1ja, hogy az anyuk\u00e1m el\u0151sz\u00f6r meg akarta fogni, hogy t\u00e9nyleg gyapj\u00fab\u00f3l van-e. Nagyon j\u00f3l mutat a sz\u00ednes csokitoj\u00e1sokkal!\"\n\nGyakori k\u00e9rd\u00e9sek:\nMennyire strapab\u00edr\u00f3 a kos\u00e1r?\nA term\u00e9k massz\u00edv szerkezet\u0171, nem hajlik el \u00e9s nem t\u00f6rik k\u00f6nnyen, \u00edgy t\u00f6bb h\u00fasv\u00e9ti szezont is kiszolg\u00e1l.\n\nElf\u00e9rnek benne a nagyobb csokinyuszik is?\nIgen, az \u00f6bl\u00f6s kialak\u00edt\u00e1snak k\u00f6sz\u00f6nhet\u0151en k\u00e9nyelmesen elf\u00e9r benne t\u00f6bb k\u00f6zepes m\u00e9ret\u0171 csokol\u00e1d\u00e9 vagy mar\u00e9knyi apr\u00f3 toj\u00e1s.\n\nK\u00fclt\u00e9ren is haszn\u00e1lhat\u00f3 a toj\u00e1skeres\u00e9shez?\nTerm\u00e9szetesen, anyaga b\u00edrja a nedvess\u00e9get, \u00edgy a reggeli harmatos f\u0171be is nyugodtan leteheti a gyerekeknek.\n\nMilyen a fel\u00fclete, \u00e9rdes vagy sima?\nA fel\u00fclete a horgolt minta miatt textur\u00e1lt, de tapint\u00e1sra selymes \u00e9s kellemes, nincsenek rajta \u00e9les sz\u00e9lek.\n\nAj\u00e1nd\u00e9knak is alkalmas?\nKifejezetten! Gyakran rendelik t\u0151l\u00fcnk \u00fcresen, hogy azt\u00e1n saj\u00e1t k\u00e9sz\u00edt\u00e9s\u0171 s\u00fctem\u00e9nyekkel vagy \u00e9dess\u00e9ggel megt\u00f6ltve adj\u00e1k \u00e1t szeretteiknek.\n\nSzezon\u00e1lis k\u00e9szlet, a nagy \u00e9rdekl\u0151d\u00e9sre val\u00f3 tekintettel csak korl\u00e1tozott sz\u00e1mban el\u00e9rhet\u0151. Rendelje meg most az idei h\u00fasv\u00e9t legszebb kieg\u00e9sz\u00edt\u0151j\u00e9t!","score":0,"formatted_price":"4 490 Ft","image_url":"https:\/\/www.meska.hu\/img\/product\/small\/c\/r\/crealitygifts_product_645553_260221222215_222943.jpeg","formatted_url":"https:\/\/www.meska.hu\/p5738327-horgolt-hatasu-nyuszi-kosar-unnepi-edessegtarto-es-husveti-dekoracio","favourite":false,"in_stock":false,"avatar":"645553_avatar_1764524497.png","delete_from":0,"is_enhanced_background":false,"is_enhanced":false,"product_selection_started":false,"is_active":true,"image_webp_url":"https:\/\/www.meska.hu\/img\/product\/small\/c\/r\/crealitygifts_product_645553_260221222215_222943.webp"},{"id":"6147474","shop_id":"33869","user_id":"437392","shop_name":"mesefolt","shop_zip":"9012","product_code":"5753765","product_name_old":null,"product_name":"Bari-H\u00fasv\u00e9ti dekor\u00e1ci\u00f3","category_string":"\u00dcnnepi d\u00edszek, dekor\u00e1ci\u00f3k, H\u00fasv\u00e9ti d\u00edszek \u00e9s dekor\u00e1ci\u00f3k, H\u00fasv\u00e9ti asztald\u00edszek","technic_string":"Varr\u00e1s, Mindenm\u00e1s","category_1":"1818","category_2":"1803","category_3":"1796","category_4":"0","merged_category_1":null,"merged_category_2":null,"merged_category_3":null,"technic_1":"506","technic_2":"493","technic_3":"0","color_1":"512","color_2":"514","color_3":"521","product_description_old":null,"product_description":"Puha, gyapjas b\u00e1r\u00e1nyka. K\u00e9zi varr\u00e1ssal \u00e9s egy\u00e9b technik\u00e1kkal k\u00e9sz\u00fclt. Nyak\u00e1ban k\u00e9k masnit \u00e9s arany cseng\u0151t visel. Fej\u00e9t saj\u00e1t k\u00e9sz\u00edt\u00e9s\u0171 szat\u00e9n r\u00f3zs\u00e1val d\u00edsz\u00edtettem.\n\nM\u00e9rete: 8.5 cm magas, 10 cm sz\u00e9les.\nAnyaga: frott\u00edr, hungarocell goly\u00f3, filc, 100% pamutv\u00e1szon, szat\u00e9n szalag, gy\u00f6ngy, cseng\u0151, gy\u00f6ngyfonal, fagoly\u00f3, akril fest\u00e9k, pap\u00edr sz\u00edv\u00f3sz\u00e1l, dr\u00f3t.\n\nAj\u00e1nd\u00e9knak, \u00e9s dekor\u00e1ci\u00f3nak is aj\u00e1nlom.","price":"3000.00","unit":"db","recommended":"0","status":"1","sponsored":"0","exp_notify":"0","own_material":"0","own_material_description_old":null,"own_material_description":"","jury":"0","jury_number":"","product_nature":"","meskaracsony":"0","create_date":"2026-07-27 16:51:04","shelve_id":"68385","image":"mesefolt_product_437392_260308154129_799970.jpeg","image_width":"480","image_height":"360","image_alt":"Bari-H\u00fasv\u00e9ti dekor\u00e1ci\u00f3, Puha, gyapjas b\u00e1r\u00e1nyka. K\u00e9zi varr\u00e1ssal \u00e9s egy\u00e9b technik\u00e1kkal k\u00e9sz\u00fclt. Nyak\u00e1ban k\u00e9k masnit \u00e9s arany c..., Meska","image_title":"Bari-H\u00fasv\u00e9ti dekor\u00e1ci\u00f3, Meska","view_count":"137","favourite_count":"0","trending_score":"0","last2MonthFavouriteCount":"0","promotion":"0","giftcard_accept":"0","creditcard_accept":true,"enhanced_background":"0","domain":"meska","specific_customer_id":null,"specific_customer_name":null,"to_order_product":"1","to_order_product_time":"2","product_different":null,"product_different_description":"","vintage":"0","vintage_category_id":"0","recycled":"0","gemstone_id":"0","customizable":"0","type_category":"physical","zerowaste":"0","postage_price":"1290.00","shop_order":"0","has_category":"1","landing_pages":null,"microdata":{"number":49,"category":""},"title":"Bari-H\u00fasv\u00e9ti dekor\u00e1ci\u00f3","description":"Puha, gyapjas b\u00e1r\u00e1nyka. K\u00e9zi varr\u00e1ssal \u00e9s egy\u00e9b technik\u00e1kkal k\u00e9sz\u00fclt. Nyak\u00e1ban k\u00e9k masnit \u00e9s arany cseng\u0151t visel. Fej\u00e9t saj\u00e1t k\u00e9sz\u00edt\u00e9s\u0171 szat\u00e9n r\u00f3zs\u00e1val d\u00edsz\u00edtettem.\n\nM\u00e9rete: 8.5 cm magas, 10 cm sz\u00e9les.\nAnyaga: frott\u00edr, hungarocell goly\u00f3, filc, 100% pamutv\u00e1szon, szat\u00e9n szalag, gy\u00f6ngy, cseng\u0151, gy\u00f6ngyfonal, fagoly\u00f3, akril fest\u00e9k, pap\u00edr sz\u00edv\u00f3sz\u00e1l, dr\u00f3t.\n\nAj\u00e1nd\u00e9knak, \u00e9s dekor\u00e1ci\u00f3nak is aj\u00e1nlom.","score":0,"formatted_price":"3 000 Ft","image_url":"https:\/\/www.meska.hu\/img\/product\/small\/m\/e\/mesefolt_product_437392_260308154129_799970.jpeg","formatted_url":"https:\/\/www.meska.hu\/p5753765-bari-husveti-dekoracio","favourite":false,"in_stock":false,"avatar":"mesefolt_avatar_437392_1625069053.png","delete_from":0,"is_enhanced_background":false,"is_enhanced":false,"product_selection_started":false,"is_active":true,"image_webp_url":"https:\/\/www.meska.hu\/img\/product\/small\/m\/e\/mesefolt_product_437392_260308154129_799970.webp"},{"id":"6170024","shop_id":"30461","user_id":"384014","shop_name":"Hanichtech","shop_zip":"8417","product_code":"5765792","product_name_old":null,"product_name":"DIY horgolhat\u00f3 fa alap \u2013 Any\u00e1k napi vir\u00e1gos mint\u00e1s k\u00f6r, t\u00f6bb m\u00e9retben","category_string":"\u00dcnnepi d\u00edszek, dekor\u00e1ci\u00f3k, H\u00fasv\u00e9ti d\u00edszek \u00e9s dekor\u00e1ci\u00f3k, H\u00fasv\u00e9ti asztald\u00edszek","technic_string":"Famegmunk\u00e1l\u00e1s, Grav\u00edroz\u00e1s, pirogr\u00e1fia","category_1":"1818","category_2":"1803","category_3":"1796","category_4":"0","merged_category_1":null,"merged_category_2":null,"merged_category_3":null,"technic_1":"478","technic_2":"796","technic_3":"0","color_1":"513","color_2":"0","color_3":"0","product_description_old":null,"product_description":"Ez a klasszikus st\u00edlus\u00fa, vir\u00e1gos mint\u00e1val grav\u00edrozott horgolhat\u00f3 fa alap t\u00f6k\u00e9letes v\u00e1laszt\u00e1s any\u00e1k napi aj\u00e1nd\u00e9kok k\u00e9sz\u00edt\u00e9s\u00e9hez. A r\u00e9szletgazdag, finoman kidolgozott minta \u00e9rzelmes, meghitt hangulatot sug\u00e1roz, \u00edgy k\u00fcl\u00f6n\u00f6sen alkalmas szem\u00e9lyes, k\u00e9zzel k\u00e9sz\u00fclt meglepet\u00e9sekhez.\n\nA k\u00f6r alak\u00fa fa alap el\u0151f\u00fart lyukakkal k\u00e9sz\u00fcl, \u00edgy ide\u00e1lis horgolhat\u00f3 kosarakhoz, t\u00e1rol\u00f3khoz, poh\u00e1ral\u00e1t\u00e9tekhez vagy ak\u00e1r egyedi aj\u00e1nd\u00e9kdobozokhoz. Egy saj\u00e1t k\u00e9sz\u00edt\u00e9s\u0171 darab nemcsak t\u00e1rgy, hanem figyelem \u00e9s szeretet \u2013 pontosan az, ami any\u00e1k napj\u00e1n igaz\u00e1n sz\u00e1m\u00edt.\n\nA nemes lombos r\u00e9tegelt lemezb\u0151l k\u00e9sz\u00fclt darabok, amely val\u00f3di t\u00f6lgy, vadcseresznye, k\u0151ris vagy b\u00fckk furn\u00e9rral k\u00e9sz\u00fcl, \u00edgy tart\u00f3sabb \u00e9s eleg\u00e1nsabb megjelen\u00e9st biztos\u00edt a hagyom\u00e1nyos ny\u00edrfa \u00e9s puhafa alapanyagokn\u00e1l. A term\u00e9szetes fa erezete minden darabot egyediv\u00e9 tesz, mik\u00f6zben a grav\u00edroz\u00e1s sz\u00e9pen kiemeli a r\u00e9szleteket.\n\nT\u00f6bb m\u00e9retben rendelhet\u0151, \u00edgy kisebb al\u00e1t\u00e9tt\u0151l eg\u00e9szen dekorat\u00edv t\u00e1rol\u00f3kig sokf\u00e9le projekthez haszn\u00e1lhat\u00f3. Nemcsak any\u00e1k napj\u00e1ra, hanem sz\u00fclet\u00e9snapra vagy b\u00e1rmilyen szeretetteljes alkalomra is ide\u00e1lis v\u00e1laszt\u00e1s.","price":"1495.00","unit":"db","recommended":"0","status":"1","sponsored":"0","exp_notify":"0","own_material":"0","own_material_description_old":null,"own_material_description":"","jury":"0","jury_number":"","product_nature":"","meskaracsony":"0","create_date":"2026-07-26 20:43:40","shelve_id":"0","image":"hanichtech_product_384014_260324105236_408148.jpeg","image_width":"480","image_height":"483","image_alt":"DIY horgolhat\u00f3 fa alap \u2013 Any\u00e1k napi vir\u00e1gos mint\u00e1s k\u00f6r, t\u00f6bb m\u00e9retben, Ez a klasszikus st\u00edlus\u00fa, vir\u00e1gos mint\u00e1val grav\u00edrozott horgolhat\u00f3 fa alap t\u00f6k\u00e9letes v\u00e1laszt\u00e1s any\u00e1k n..., Meska","image_title":"DIY horgolhat\u00f3 fa alap \u2013 Any\u00e1k napi vir\u00e1gos mint\u00e1s k\u00f6r, t\u00f6bb m\u00e9retben, Meska","view_count":"107","favourite_count":"0","trending_score":"0","last2MonthFavouriteCount":"0","promotion":"0","giftcard_accept":"1","creditcard_accept":true,"enhanced_background":"0","domain":"meska","specific_customer_id":null,"specific_customer_name":null,"to_order_product":"1","to_order_product_time":"1","product_different":null,"product_different_description":"","vintage":"0","vintage_category_id":"0","recycled":"0","gemstone_id":"0","customizable":"0","type_category":"physical","zerowaste":"0","postage_price":"1290.00","shop_order":"0","has_category":"1","landing_pages":null,"microdata":{"number":50,"category":""},"title":"DIY horgolhat\u00f3 fa alap \u2013 Any\u00e1k napi vir\u00e1gos mint\u00e1s k\u00f6r, t\u00f6bb m\u00e9retben","description":"Ez a klasszikus st\u00edlus\u00fa, vir\u00e1gos mint\u00e1val grav\u00edrozott horgolhat\u00f3 fa alap t\u00f6k\u00e9letes v\u00e1laszt\u00e1s any\u00e1k napi aj\u00e1nd\u00e9kok k\u00e9sz\u00edt\u00e9s\u00e9hez. A r\u00e9szletgazdag, finoman kidolgozott minta \u00e9rzelmes, meghitt hangulatot sug\u00e1roz, \u00edgy k\u00fcl\u00f6n\u00f6sen alkalmas szem\u00e9lyes, k\u00e9zzel k\u00e9sz\u00fclt meglepet\u00e9sekhez.\n\nA k\u00f6r alak\u00fa fa alap el\u0151f\u00fart lyukakkal k\u00e9sz\u00fcl, \u00edgy ide\u00e1lis horgolhat\u00f3 kosarakhoz, t\u00e1rol\u00f3khoz, poh\u00e1ral\u00e1t\u00e9tekhez vagy ak\u00e1r egyedi aj\u00e1nd\u00e9kdobozokhoz. Egy saj\u00e1t k\u00e9sz\u00edt\u00e9s\u0171 darab nemcsak t\u00e1rgy, hanem figyelem \u00e9s szeretet \u2013 pontosan az, ami any\u00e1k napj\u00e1n igaz\u00e1n sz\u00e1m\u00edt.\n\nA nemes lombos r\u00e9tegelt lemezb\u0151l k\u00e9sz\u00fclt darabok, amely val\u00f3di t\u00f6lgy, vadcseresznye, k\u0151ris vagy b\u00fckk furn\u00e9rral k\u00e9sz\u00fcl, \u00edgy tart\u00f3sabb \u00e9s eleg\u00e1nsabb megjelen\u00e9st biztos\u00edt a hagyom\u00e1nyos ny\u00edrfa \u00e9s puhafa alapanyagokn\u00e1l. A term\u00e9szetes fa erezete minden darabot egyediv\u00e9 tesz, mik\u00f6zben a grav\u00edroz\u00e1s sz\u00e9pen kiemeli a r\u00e9szleteket.\n\nT\u00f6bb m\u00e9retben rendelhet\u0151, \u00edgy kisebb al\u00e1t\u00e9tt\u0151l eg\u00e9szen dekorat\u00edv t\u00e1rol\u00f3kig sokf\u00e9le projekthez haszn\u00e1lhat\u00f3. Nemcsak any\u00e1k napj\u00e1ra, hanem sz\u00fclet\u00e9snapra vagy b\u00e1rmilyen szeretetteljes alkalomra is ide\u00e1lis v\u00e1laszt\u00e1s.","score":0,"formatted_price":"1 495 Ft","image_url":"https:\/\/www.meska.hu\/img\/product\/small\/h\/a\/hanichtech_product_384014_260324105236_408148.jpeg","formatted_url":"https:\/\/www.meska.hu\/p5765792-diy-horgolhato-fa-alap-anyak-napi-viragos-mintas-kor-tobb-meretben","favourite":false,"in_stock":false,"avatar":"384014_avatar_1695144053.jpeg","delete_from":0,"is_enhanced_background":false,"is_enhanced":false,"product_selection_started":false,"is_active":true,"image_webp_url":"https:\/\/www.meska.hu\/img\/product\/small\/h\/a\/hanichtech_product_384014_260324105236_408148.webp"},{"id":"6160447","shop_id":"52160","user_id":"776265","shop_name":"ZenLayer","shop_zip":"1213","product_code":"5761479","product_name_old":null,"product_name":"Eleg\u00e1ns Fekete H\u00fasv\u00e9ti Dekorok \u2013 Asztald\u00edszek","category_string":"\u00dcnnepi d\u00edszek, dekor\u00e1ci\u00f3k, H\u00fasv\u00e9ti d\u00edszek \u00e9s dekor\u00e1ci\u00f3k, H\u00fasv\u00e9ti asztald\u00edszek","technic_string":"Mindenm\u00e1s","category_1":"1818","category_2":"1803","category_3":"1796","category_4":"0","merged_category_1":null,"merged_category_2":null,"merged_category_3":null,"technic_1":"493","technic_2":"0","technic_3":"0","color_1":"519","color_2":"520","color_3":"0","product_description_old":null,"product_description":"\nGy\u00f6ny\u00f6r\u0171 3D nyomtatott fekete h\u00fasv\u00e9ti dekorok \u2013 \u00e1rny\u00e9kot vet\u0151 vir\u00e1gmint\u00e1s nyuszik! Ezek a 14 cm magas asztali figur\u00e1k finom vir\u00e1gos mint\u00e1val k\u00e9sz\u00fclnek:  \nVir\u00e1gos f\u00fcles nyuszi  \nVir\u00e1gokkal d\u00edsz\u00edtett nagy toj\u00e1s  \nVir\u00e1gkoszor\u00fas \u201eHappy Easter\u201d nyuszi  \nOldaln\u00e9zet\u0171 vir\u00e1gos \u00fcl\u0151 nyuszi\n\nMindegyik fekete sz\u00ednben, er\u0151s kis talppal \u2013 amikor f\u00e9ny \u00e9ri, csod\u00e1s \u00e1rny\u00e9kokat vet a falra vagy asztalra. T\u00f6k\u00e9letes polcra, ablakp\u00e1rk\u00e1nyra, h\u00fasv\u00e9ti ter\u00edt\u00e9kre vagy locsol\u00f3aj\u00e1nd\u00e9kba! Anyag: PLA.\nMagass\u00e1g: 14 cm (kompakt, de nagyon mutat\u00f3s m\u00e9ret).\u00cdrj, ha egyedi sz\u00ednt (pl. feh\u00e9r, pasztell). Im\u00e1dnival\u00f3 tavaszi hangulatfokoz\u00f3, a gyerekek \u00e9s feln\u0151ttek is im\u00e1dni fogj\u00e1k az \u00e1rny\u00e9kj\u00e1t\u00e9kot. \nAz \u00e1r 1 darabra vonatkozik de vihet\u0151 szettben is! Egyedi m\u00e9ret\u00e9rt vagy vari\u00e1ci\u00f3\u00e9rt keress b\u00e1tran!\n","price":"400.00","unit":"db","recommended":"0","status":"1","sponsored":"0","exp_notify":"0","own_material":"0","own_material_description_old":null,"own_material_description":"","jury":"0","jury_number":"","product_nature":"","meskaracsony":"0","create_date":"2026-07-26 10:40:33","shelve_id":"83088","image":"robimegy3d_product_776265_260318173355_465172.jpeg","image_width":"480","image_height":"360","image_alt":"Eleg\u00e1ns Fekete H\u00fasv\u00e9ti Dekorok \u2013 Asztald\u00edszek, \\nGy\u00f6ny\u00f6r\u0171 3D nyomtatott fekete h\u00fasv\u00e9ti dekorok \u2013 \u00e1rny\u00e9kot vet\u0151 vir\u00e1gmint\u00e1s nyuszik! Ezek a 14 cm mag..., Meska","image_title":"Eleg\u00e1ns Fekete H\u00fasv\u00e9ti Dekorok \u2013 Asztald\u00edszek, Meska","view_count":"188","favourite_count":"0","trending_score":"0","last2MonthFavouriteCount":"0","promotion":"210","giftcard_accept":"0","creditcard_accept":true,"enhanced_background":"0","domain":"meska","specific_customer_id":null,"specific_customer_name":null,"to_order_product":"1","to_order_product_time":"2","product_different":null,"product_different_description":"","vintage":"0","vintage_category_id":"0","recycled":"0","gemstone_id":"0","customizable":"0","type_category":"physical","zerowaste":"0","postage_price":"2599.00","shop_order":"0","has_category":"1","landing_pages":null,"microdata":{"number":51,"category":""},"title":"Eleg\u00e1ns Fekete H\u00fasv\u00e9ti Dekorok \u2013 Asztald\u00edszek","description":"\nGy\u00f6ny\u00f6r\u0171 3D nyomtatott fekete h\u00fasv\u00e9ti dekorok \u2013 \u00e1rny\u00e9kot vet\u0151 vir\u00e1gmint\u00e1s nyuszik! Ezek a 14 cm magas asztali figur\u00e1k finom vir\u00e1gos mint\u00e1val k\u00e9sz\u00fclnek:  \nVir\u00e1gos f\u00fcles nyuszi  \nVir\u00e1gokkal d\u00edsz\u00edtett nagy toj\u00e1s  \nVir\u00e1gkoszor\u00fas \u201eHappy Easter\u201d nyuszi  \nOldaln\u00e9zet\u0171 vir\u00e1gos \u00fcl\u0151 nyuszi\n\nMindegyik fekete sz\u00ednben, er\u0151s kis talppal \u2013 amikor f\u00e9ny \u00e9ri, csod\u00e1s \u00e1rny\u00e9kokat vet a falra vagy asztalra. T\u00f6k\u00e9letes polcra, ablakp\u00e1rk\u00e1nyra, h\u00fasv\u00e9ti ter\u00edt\u00e9kre vagy locsol\u00f3aj\u00e1nd\u00e9kba! Anyag: PLA.\nMagass\u00e1g: 14 cm (kompakt, de nagyon mutat\u00f3s m\u00e9ret).\u00cdrj, ha egyedi sz\u00ednt (pl. feh\u00e9r, pasztell). Im\u00e1dnival\u00f3 tavaszi hangulatfokoz\u00f3, a gyerekek \u00e9s feln\u0151ttek is im\u00e1dni fogj\u00e1k az \u00e1rny\u00e9kj\u00e1t\u00e9kot. \nAz \u00e1r 1 darabra vonatkozik de vihet\u0151 szettben is! Egyedi m\u00e9ret\u00e9rt vagy vari\u00e1ci\u00f3\u00e9rt keress b\u00e1tran!\n","score":0,"formatted_price":"400 Ft","image_url":"https:\/\/www.meska.hu\/img\/product\/small\/r\/o\/robimegy3d_product_776265_260318173355_465172.jpeg","formatted_url":"https:\/\/www.meska.hu\/p5761479-elegans-fekete-husveti-dekorok-asztaldiszek","favourite":false,"in_stock":false,"avatar":"776265_avatar_1776086666.jpeg","delete_from":0,"is_enhanced_background":false,"is_enhanced":false,"product_selection_started":false,"original_price":"400 Ft","promotion_percentage":"-20%","promoted_price":"320 Ft","promoted_price_sup":"20","ribbon":"https:\/\/www.meska.hu\/img\/promotionbanners\/GQTXZHEC0\/product_ribbon_20_1785231767.svg","is_active":true,"image_webp_url":"https:\/\/www.meska.hu\/img\/product\/small\/r\/o\/robimegy3d_product_776265_260318173355_465172.webp"},{"id":"6166740","shop_id":"52337","user_id":"436638","shop_name":"HarisnyabolCsodat","shop_zip":"3032","product_code":"5764165","product_name_old":null,"product_name":"Husveti nyuszi figur\u00e1s viragbox","category_string":"\u00dcnnepi d\u00edszek, dekor\u00e1ci\u00f3k, H\u00fasv\u00e9ti d\u00edszek \u00e9s dekor\u00e1ci\u00f3k, H\u00fasv\u00e9ti asztald\u00edszek","technic_string":"Gipsz\u00f6nt\u00e9s, Vir\u00e1gk\u00f6t\u00e9s","category_1":"1818","category_2":"1803","category_3":"1796","category_4":"0","merged_category_1":null,"merged_category_2":null,"merged_category_3":null,"technic_1":"13","technic_2":"507","technic_3":"0","color_1":"519","color_2":"525","color_3":"529","product_description_old":null,"product_description":"K\u00e9zzel k\u00e9sz\u00fclt harisnyavir\u00e1g dekor\u00e1ci\u00f3 tulip\u00e1nokkal \u00e9s aranyos nyuszis figur\u00e1val. Vid\u00e1m, tavaszi hangulat\u00fa d\u00edsz, amely t\u00f6k\u00e9letes h\u00fasv\u00e9ti aj\u00e1nd\u00e9knak vagy otthoni dekor\u00e1ci\u00f3nak.\nA vir\u00e1gok tart\u00f3sak, nem hervadnak el.\nA fa box egyedi felirattal is k\u00e9rhet\u0151.\nAnyaga: fa box, harisnya, dr\u00f3t, dekor elemek\nFa box m\u00e9rete:10x10 cm\n\n","price":"5990.00","unit":"db","recommended":"0","status":"1","sponsored":"0","exp_notify":"0","own_material":"0","own_material_description_old":null,"own_material_description":"","jury":"0","jury_number":"","product_nature":"","meskaracsony":"0","create_date":"2026-07-22 23:10:30","shelve_id":"0","image":"harisnyabolcsodat_product_436638_260324224953_146374.jpeg","image_width":"480","image_height":"676","image_alt":"Husveti nyuszi figur\u00e1s viragbox, K\u00e9zzel k\u00e9sz\u00fclt harisnyavir\u00e1g dekor\u00e1ci\u00f3 tulip\u00e1nokkal \u00e9s aranyos nyuszis figur\u00e1val. Vid\u00e1m, tavaszi han..., Meska","image_title":"Husveti nyuszi figur\u00e1s viragbox, Meska","view_count":"106","favourite_count":"0","trending_score":"0","last2MonthFavouriteCount":"0","promotion":"210","giftcard_accept":"0","creditcard_accept":true,"enhanced_background":"0","domain":"meska","specific_customer_id":null,"specific_customer_name":null,"to_order_product":"0","to_order_product_time":"0","product_different":null,"product_different_description":"","vintage":"0","vintage_category_id":"0","recycled":"0","gemstone_id":"0","customizable":"1","type_category":"physical","zerowaste":"0","postage_price":"2390.00","shop_order":"0","has_category":"1","landing_pages":null,"microdata":{"number":52,"category":""},"title":"Husveti nyuszi figur\u00e1s viragbox","description":"K\u00e9zzel k\u00e9sz\u00fclt harisnyavir\u00e1g dekor\u00e1ci\u00f3 tulip\u00e1nokkal \u00e9s aranyos nyuszis figur\u00e1val. Vid\u00e1m, tavaszi hangulat\u00fa d\u00edsz, amely t\u00f6k\u00e9letes h\u00fasv\u00e9ti aj\u00e1nd\u00e9knak vagy otthoni dekor\u00e1ci\u00f3nak.\nA vir\u00e1gok tart\u00f3sak, nem hervadnak el.\nA fa box egyedi felirattal is k\u00e9rhet\u0151.\nAnyaga: fa box, harisnya, dr\u00f3t, dekor elemek\nFa box m\u00e9rete:10x10 cm\n\n","score":0,"formatted_price":"5 990 Ft","image_url":"https:\/\/www.meska.hu\/img\/product\/small\/h\/a\/harisnyabolcsodat_product_436638_260324224953_146374.jpeg","formatted_url":"https:\/\/www.meska.hu\/p5764165-husveti-nyuszi-figuras-viragbox","favourite":false,"in_stock":true,"avatar":"436638_avatar_1774384590.jpeg","delete_from":0,"is_enhanced_background":false,"is_enhanced":false,"product_selection_started":false,"original_price":"5 990 Ft","promotion_percentage":"-20%","promoted_price":"4 792 Ft","promoted_price_sup":"20","ribbon":"https:\/\/www.meska.hu\/img\/promotionbanners\/GQTXZHEC0\/product_ribbon_20_1785231767.svg","is_active":true,"image_webp_url":"https:\/\/www.meska.hu\/img\/product\/small\/h\/a\/harisnyabolcsodat_product_436638_260324224953_146374.webp"},{"id":"6166737","shop_id":"52337","user_id":"436638","shop_name":"HarisnyabolCsodat","shop_zip":"3032","product_code":"5764162","product_name_old":null,"product_name":"H\u00fasv\u00e9ti asztald\u00edsz ","category_string":"\u00dcnnepi d\u00edszek, dekor\u00e1ci\u00f3k, H\u00fasv\u00e9ti d\u00edszek \u00e9s dekor\u00e1ci\u00f3k, H\u00fasv\u00e9ti asztald\u00edszek","technic_string":"Vir\u00e1gk\u00f6t\u00e9s, Gipsz\u00f6nt\u00e9s","category_1":"1818","category_2":"1803","category_3":"1796","category_4":"0","merged_category_1":null,"merged_category_2":null,"merged_category_3":null,"technic_1":"507","technic_2":"13","technic_3":"0","color_1":"519","color_2":"526","color_3":"529","product_description_old":null,"product_description":"Tavaszi hangulatban\ud83c\udf3c\ud83d\udc30\n\nK\u00e9sz\u00fclt egy vid\u00e1m, tavaszi hangulat\u00fa h\u00fasv\u00e9ti asztald\u00edsz s\u00e1rga n\u00e1rciszokkal \u00e9s egy aranyos kis nyuszival \ud83d\udc9b\n\nSzerintem nagyon feldobja az asztalt.\nT\u00f6k\u00e9letes h\u00fasv\u00e9ti aj\u00e1nd\u00e9knak vagy lak\u00e1sdekor\u00e1ci\u00f3nak.\nTart\u00f3s, nem hervad\u00f3 vir\u00e1gokb\u00f3l k\u00e9sz\u00fclt.\nAnyaga: harisnya, dr\u00f3t, m\u0171anyag kasp\u00f3\nM\u00e9rete:\nSz\u00e9less\u00e9ge:20cm\nMagass\u00e1g 22 cm\n\n","price":"6990.00","unit":"db","recommended":"0","status":"1","sponsored":"0","exp_notify":"0","own_material":"0","own_material_description_old":null,"own_material_description":"","jury":"0","jury_number":"","product_nature":"","meskaracsony":"0","create_date":"2026-07-22 23:10:30","shelve_id":"0","image":"harisnyabolcsodat_product_436638_260324224021_449853.jpeg","image_width":"480","image_height":"530","image_alt":"H\u00fasv\u00e9ti asztald\u00edsz , Tavaszi hangulatban\ud83c\udf3c\ud83d\udc30\\n\\nK\u00e9sz\u00fclt egy vid\u00e1m, tavaszi hangulat\u00fa h\u00fasv\u00e9ti asztald\u00edsz s\u00e1rga n\u00e1rciszokkal \u00e9s..., Meska","image_title":"H\u00fasv\u00e9ti asztald\u00edsz , Meska","view_count":"136","favourite_count":"0","trending_score":"0","last2MonthFavouriteCount":"0","promotion":"210","giftcard_accept":"0","creditcard_accept":true,"enhanced_background":"0","domain":"meska","specific_customer_id":null,"specific_customer_name":null,"to_order_product":"0","to_order_product_time":"0","product_different":null,"product_different_description":"","vintage":"0","vintage_category_id":"0","recycled":"0","gemstone_id":"0","customizable":"1","type_category":"physical","zerowaste":"0","postage_price":"2390.00","shop_order":"0","has_category":"1","landing_pages":null,"microdata":{"number":53,"category":""},"title":"H\u00fasv\u00e9ti asztald\u00edsz ","description":"Tavaszi hangulatban\ud83c\udf3c\ud83d\udc30\n\nK\u00e9sz\u00fclt egy vid\u00e1m, tavaszi hangulat\u00fa h\u00fasv\u00e9ti asztald\u00edsz s\u00e1rga n\u00e1rciszokkal \u00e9s egy aranyos kis nyuszival \ud83d\udc9b\n\nSzerintem nagyon feldobja az asztalt.\nT\u00f6k\u00e9letes h\u00fasv\u00e9ti aj\u00e1nd\u00e9knak vagy lak\u00e1sdekor\u00e1ci\u00f3nak.\nTart\u00f3s, nem hervad\u00f3 vir\u00e1gokb\u00f3l k\u00e9sz\u00fclt.\nAnyaga: harisnya, dr\u00f3t, m\u0171anyag kasp\u00f3\nM\u00e9rete:\nSz\u00e9less\u00e9ge:20cm\nMagass\u00e1g 22 cm\n\n","score":0,"formatted_price":"6 990 Ft","image_url":"https:\/\/www.meska.hu\/img\/product\/small\/h\/a\/harisnyabolcsodat_product_436638_260324224021_449853.jpeg","formatted_url":"https:\/\/www.meska.hu\/p5764162-husveti-asztaldisz","favourite":false,"in_stock":true,"avatar":"436638_avatar_1774384590.jpeg","delete_from":0,"is_enhanced_background":false,"is_enhanced":false,"product_selection_started":false,"original_price":"6 990 Ft","promotion_percentage":"-20%","promoted_price":"5 592 Ft","promoted_price_sup":"20","ribbon":"https:\/\/www.meska.hu\/img\/promotionbanners\/GQTXZHEC0\/product_ribbon_20_1785231767.svg","is_active":true,"image_webp_url":"https:\/\/www.meska.hu\/img\/product\/small\/h\/a\/harisnyabolcsodat_product_436638_260324224021_449853.webp"},{"id":"6166487","shop_id":"50797","user_id":"749477","shop_name":"3dkreativ","shop_zip":"1203","product_code":"5764051","product_name_old":null,"product_name":"H\u00fasv\u00e9ti toj\u00e1s kicsi, f\u00fcllel (sz\u00e9tcsavarhat\u00f3, rejtett t\u00e1rol\u00f3val)","category_string":"\u00dcnnepi d\u00edszek, dekor\u00e1ci\u00f3k, H\u00fasv\u00e9ti d\u00edszek \u00e9s dekor\u00e1ci\u00f3k, H\u00fasv\u00e9ti asztald\u00edszek","technic_string":"","category_1":"1818","category_2":"1803","category_3":"1796","category_4":"0","merged_category_1":null,"merged_category_2":null,"merged_category_3":null,"technic_1":"0","technic_2":"0","technic_3":"0","color_1":"512","color_2":"519","color_3":"520","product_description_old":null,"product_description":"D nyomtatott h\u00fasv\u00e9ti toj\u00e1s.\n\nAnyaga: PLA (biol\u00f3giailag leboml\u00f3)\n\nEl\u00e9rhet\u0151 sz\u00ednek: fekete, feh\u00e9r, r\u00f3zsasz\u00edn, narancss\u00e1rga, citroms\u00e1rga, piros, barna, k\u00e9k, z\u00f6ld, sz\u00fcrke\n\nM\u00e9retek: \n- Kicsi: 13 cm. magas, k\u00fcls\u0151 legnagyobb \u00e1tm\u00e9r\u0151: 6 cm. bels\u0151 legnagyobb \u00e1tm\u00e9r\u0151: 4,5 cm.\n\n- Nagy: M\u00e9retek:  19,5 cm. magas, k\u00fcls\u0151 legnagyobb \u00e1tm\u00e9r\u0151: 9 cm. bels\u0151 legnagyobb \u00e1tm\u00e9r\u0151: 6,5 cm.\n\n \n\n ","price":"4000.00","unit":"db","recommended":"0","status":"1","sponsored":"0","exp_notify":"0","own_material":"0","own_material_description_old":null,"own_material_description":"","jury":"0","jury_number":"","product_nature":"","meskaracsony":"0","create_date":"2026-07-22 19:08:02","shelve_id":"0","image":"3dkreativ_product_749477_260324180153_357445.jpeg","image_width":"480","image_height":"640","image_alt":"H\u00fasv\u00e9ti toj\u00e1s kicsi, f\u00fcllel (sz\u00e9tcsavarhat\u00f3, rejtett t\u00e1rol\u00f3val), D nyomtatott h\u00fasv\u00e9ti toj\u00e1s.\\n\\nAnyaga: PLA (biol\u00f3giailag leboml\u00f3)\\n\\nEl\u00e9rhet\u0151 sz\u00ednek: fekete, feh\u00e9r, r\u00f3z..., Meska","image_title":"H\u00fasv\u00e9ti toj\u00e1s kicsi, f\u00fcllel (sz\u00e9tcsavarhat\u00f3, rejtett t\u00e1rol\u00f3val), Meska","view_count":"111","favourite_count":"0","trending_score":"0","last2MonthFavouriteCount":"0","promotion":"0","giftcard_accept":"0","creditcard_accept":true,"enhanced_background":"0","domain":"meska","specific_customer_id":null,"specific_customer_name":null,"to_order_product":"1","to_order_product_time":"2","product_different":null,"product_different_description":"","vintage":"0","vintage_category_id":"0","recycled":"0","gemstone_id":"0","customizable":"0","type_category":"physical","zerowaste":"0","postage_price":"1290.00","shop_order":"0","has_category":"1","landing_pages":null,"microdata":{"number":54,"category":""},"title":"H\u00fasv\u00e9ti toj\u00e1s kicsi, f\u00fcllel (sz\u00e9tcsavarhat\u00f3, rejtett t\u00e1rol\u00f3val)","description":"D nyomtatott h\u00fasv\u00e9ti toj\u00e1s.\n\nAnyaga: PLA (biol\u00f3giailag leboml\u00f3)\n\nEl\u00e9rhet\u0151 sz\u00ednek: fekete, feh\u00e9r, r\u00f3zsasz\u00edn, narancss\u00e1rga, citroms\u00e1rga, piros, barna, k\u00e9k, z\u00f6ld, sz\u00fcrke\n\nM\u00e9retek: \n- Kicsi: 13 cm. magas, k\u00fcls\u0151 legnagyobb \u00e1tm\u00e9r\u0151: 6 cm. bels\u0151 legnagyobb \u00e1tm\u00e9r\u0151: 4,5 cm.\n\n- Nagy: M\u00e9retek:  19,5 cm. magas, k\u00fcls\u0151 legnagyobb \u00e1tm\u00e9r\u0151: 9 cm. bels\u0151 legnagyobb \u00e1tm\u00e9r\u0151: 6,5 cm.\n\n \n\n ","score":0,"formatted_price":"4 000 Ft","image_url":"https:\/\/www.meska.hu\/img\/product\/small\/3\/d\/3dkreativ_product_749477_260324180153_357445.jpeg","formatted_url":"https:\/\/www.meska.hu\/p5764051-husveti-tojas-kicsi-fullel-szetcsavarhato-rejtett-taroloval","favourite":false,"in_stock":false,"avatar":"749477_avatar_1762798719.png","delete_from":0,"is_enhanced_background":false,"is_enhanced":false,"product_selection_started":false,"is_active":true,"image_webp_url":"https:\/\/www.meska.hu\/img\/product\/small\/3\/d\/3dkreativ_product_749477_260324180153_357445.webp"},{"id":"6166461","shop_id":"50797","user_id":"749477","shop_name":"3dkreativ","shop_zip":"1203","product_code":"5764038","product_name_old":null,"product_name":"H\u00fasv\u00e9ti nyuszi (11 cm magas, f\u00fcllel, csavarhat\u00f3)","category_string":"\u00dcnnepi d\u00edszek, dekor\u00e1ci\u00f3k, H\u00fasv\u00e9ti d\u00edszek \u00e9s dekor\u00e1ci\u00f3k, H\u00fasv\u00e9ti asztald\u00edszek","technic_string":"","category_1":"1818","category_2":"1803","category_3":"1796","category_4":"0","merged_category_1":null,"merged_category_2":null,"merged_category_3":null,"technic_1":"0","technic_2":"0","technic_3":"0","color_1":"512","color_2":"514","color_3":"520","product_description_old":null,"product_description":"3D nyomtatott H\u00fasv\u00e9ti nyuszi (11 cm magas, f\u00fcllel, csavarhat\u00f3)\n\nAnyaga: PLA (biol\u00f3giailag leboml\u00f3)\n\nEl\u00e9rhet\u0151 sz\u00ednek: fekete, feh\u00e9r, r\u00f3zsasz\u00edn, narancss\u00e1rga, citroms\u00e1rga, piros, barna, k\u00e9k, z\u00f6ld, sz\u00fcrke\n\nM\u00e9retek:  11 cm. magas, legnagyobb \u00e1tm\u00e9r\u0151: 3,6 cm\n\n* az \u00e1r 1 db nyuszira \u00e9rtend\u0151\n\nA term\u00e9kr\u0151l k\u00e9sz\u00edtett vide\u00f3t ide kattintva tudod megn\u00e9zni","price":"4700.00","unit":"db","recommended":"0","status":"1","sponsored":"0","exp_notify":"0","own_material":"0","own_material_description_old":null,"own_material_description":"","jury":"0","jury_number":"","product_nature":"","meskaracsony":"0","create_date":"2026-07-22 18:07:51","shelve_id":"0","image":"3dkreativ_product_749477_260324174447_515491.jpeg","image_width":"480","image_height":"285","image_alt":"H\u00fasv\u00e9ti nyuszi (11 cm magas, f\u00fcllel, csavarhat\u00f3), 3D nyomtatott H\u00fasv\u00e9ti nyuszi (11 cm magas, f\u00fcllel, csavarhat\u00f3)\\n\\nAnyaga: PLA (biol\u00f3giailag leboml\u00f3)\\n\\n..., Meska","image_title":"H\u00fasv\u00e9ti nyuszi (11 cm magas, f\u00fcllel, csavarhat\u00f3), Meska","view_count":"122","favourite_count":"0","trending_score":"0","last2MonthFavouriteCount":"0","promotion":"0","giftcard_accept":"0","creditcard_accept":true,"enhanced_background":"0","domain":"meska","specific_customer_id":null,"specific_customer_name":null,"to_order_product":"0","to_order_product_time":"0","product_different":null,"product_different_description":"","vintage":"0","vintage_category_id":"0","recycled":"0","gemstone_id":"0","customizable":"0","type_category":"physical","zerowaste":"0","postage_price":"1290.00","shop_order":"0","has_category":"1","landing_pages":null,"microdata":{"number":55,"category":""},"title":"H\u00fasv\u00e9ti nyuszi (11 cm magas, f\u00fcllel, csavarhat\u00f3)","description":"3D nyomtatott H\u00fasv\u00e9ti nyuszi (11 cm magas, f\u00fcllel, csavarhat\u00f3)\n\nAnyaga: PLA (biol\u00f3giailag leboml\u00f3)\n\nEl\u00e9rhet\u0151 sz\u00ednek: fekete, feh\u00e9r, r\u00f3zsasz\u00edn, narancss\u00e1rga, citroms\u00e1rga, piros, barna, k\u00e9k, z\u00f6ld, sz\u00fcrke\n\nM\u00e9retek:  11 cm. magas, legnagyobb \u00e1tm\u00e9r\u0151: 3,6 cm\n\n* az \u00e1r 1 db nyuszira \u00e9rtend\u0151\n\nA term\u00e9kr\u0151l k\u00e9sz\u00edtett vide\u00f3t ide kattintva tudod megn\u00e9zni","score":0,"formatted_price":"4 700 Ft","image_url":"https:\/\/www.meska.hu\/img\/product\/small\/3\/d\/3dkreativ_product_749477_260324174447_515491.jpeg","formatted_url":"https:\/\/www.meska.hu\/p5764038-husveti-nyuszi-11-cm-magas-fullel-csavarhato","favourite":false,"in_stock":true,"avatar":"749477_avatar_1762798719.png","delete_from":0,"is_enhanced_background":false,"is_enhanced":false,"product_selection_started":false,"is_active":true,"image_webp_url":"https:\/\/www.meska.hu\/img\/product\/small\/3\/d\/3dkreativ_product_749477_260324174447_515491.webp"},{"id":"6166443","shop_id":"51696","user_id":"769321","shop_name":"JMBEgyediAjandek","shop_zip":"9431","product_code":"5764026","product_name_old":null,"product_name":"Varrott toj\u00e1start\u00f3","category_string":"\u00dcnnepi d\u00edszek, dekor\u00e1ci\u00f3k, H\u00fasv\u00e9ti d\u00edszek \u00e9s dekor\u00e1ci\u00f3k, H\u00fasv\u00e9ti asztald\u00edszek","technic_string":"Varr\u00e1s","category_1":"1818","category_2":"1803","category_3":"1796","category_4":"0","merged_category_1":null,"merged_category_2":null,"merged_category_3":null,"technic_1":"506","technic_2":"0","technic_3":"0","color_1":"532","color_2":"0","color_3":"0","product_description_old":null,"product_description":"\ud83c\udf38 H\u00fasv\u00e9ti textil toj\u00e1start\u00f3 \u2013 dekorat\u00edv \u00e9s praktikus \ud83c\udf38\n\nVid\u00e1m, tavaszi hangulat\u00fa, k\u00e9zzel k\u00e9sz\u00edtett textil toj\u00e1start\u00f3, amely t\u00f6k\u00e9letes v\u00e1laszt\u00e1s h\u00fasv\u00e9ti asztald\u00edsznek vagy aj\u00e1nd\u00e9knak.\n\nA n\u00e9gylevel\u0171 forma k\u00fcl\u00f6n kis \u201ef\u00e9szkeket\u201d biztos\u00edt a toj\u00e1soknak, \u00edgy nemcsak mutat\u00f3s, hanem praktikus is \u2013 nem gurulnak el a toj\u00e1sok az asztalon.\n\n\u2728 Jellemz\u0151k:\n\t\u2022\t4 darab toj\u00e1s t\u00e1rol\u00e1s\u00e1ra alkalmas\n\t\u2022\tK\u00e9zzel k\u00e9sz\u00fclt, gondosan varrott term\u00e9k\n\t\u2022\tMin\u0151s\u00e9gi pamut anyagb\u00f3l\n\t\u2022\tAz anyag mint\u00e1ja megbesz\u00e9l\u00e9s alapj\u00e1n v\u00e1laszthat\u00f3\n\t\u2022\tK\u00f6nny\u0171, m\u00e9gis stabil tart\u00e1s\n\n\ud83c\udf81 Felhaszn\u00e1l\u00e1s:\n\t\u2022\tH\u00fasv\u00e9ti asztald\u00edsz\n\t\u2022\tToj\u00e1start\u00f3 locsol\u00f3knak\n\t\u2022\tAj\u00e1nd\u00e9kba, dekor\u00e1ci\u00f3nak\n\n\ud83d\udccf M\u00e9ret:\nKb. 12\u201314 cm \u00e1tm\u00e9r\u0151 (toj\u00e1s m\u00e9rett\u0151l f\u00fcgg\u0151en)\n\n\ud83d\udccc Fontos:\nAz \u00e1r a toj\u00e1sokat nem tartalmazza.\n\nMinden darab egyedi, ez\u00e9rt apr\u00f3 elt\u00e9r\u00e9sek el\u0151fordulhatnak.\n\n\ud83c\udf37 Tedd k\u00fcl\u00f6nlegess\u00e9 az \u00fcnnepi asztalt ezzel a kedves, k\u00e9zm\u0171ves darabbal!","price":"2990.00","unit":"db","recommended":"0","status":"1","sponsored":"0","exp_notify":"0","own_material":"0","own_material_description_old":null,"own_material_description":"","jury":"0","jury_number":"","product_nature":"","meskaracsony":"0","create_date":"2026-07-22 18:07:42","shelve_id":"0","image":"jmbegyediajandek_product_769321_260324172440_794868.jpeg","image_width":"480","image_height":"450","image_alt":"Varrott toj\u00e1start\u00f3, \ud83c\udf38 H\u00fasv\u00e9ti textil toj\u00e1start\u00f3 \u2013 dekorat\u00edv \u00e9s praktikus \ud83c\udf38\\n\\nVid\u00e1m, tavaszi hangulat\u00fa, k\u00e9zzel k\u00e9sz\u00edtett t..., Meska","image_title":"Varrott toj\u00e1start\u00f3, Meska","view_count":"134","favourite_count":"0","trending_score":"0","last2MonthFavouriteCount":"0","promotion":"0","giftcard_accept":"0","creditcard_accept":true,"enhanced_background":"0","domain":"meska","specific_customer_id":null,"specific_customer_name":null,"to_order_product":"1","to_order_product_time":"3","product_different":null,"product_different_description":"","vintage":"0","vintage_category_id":"0","recycled":"0","gemstone_id":"0","customizable":"0","type_category":"physical","zerowaste":"1","postage_price":"1290.00","shop_order":"0","has_category":"1","landing_pages":null,"microdata":{"number":56,"category":""},"title":"Varrott toj\u00e1start\u00f3","description":"\ud83c\udf38 H\u00fasv\u00e9ti textil toj\u00e1start\u00f3 \u2013 dekorat\u00edv \u00e9s praktikus \ud83c\udf38\n\nVid\u00e1m, tavaszi hangulat\u00fa, k\u00e9zzel k\u00e9sz\u00edtett textil toj\u00e1start\u00f3, amely t\u00f6k\u00e9letes v\u00e1laszt\u00e1s h\u00fasv\u00e9ti asztald\u00edsznek vagy aj\u00e1nd\u00e9knak.\n\nA n\u00e9gylevel\u0171 forma k\u00fcl\u00f6n kis \u201ef\u00e9szkeket\u201d biztos\u00edt a toj\u00e1soknak, \u00edgy nemcsak mutat\u00f3s, hanem praktikus is \u2013 nem gurulnak el a toj\u00e1sok az asztalon.\n\n\u2728 Jellemz\u0151k:\n\t\u2022\t4 darab toj\u00e1s t\u00e1rol\u00e1s\u00e1ra alkalmas\n\t\u2022\tK\u00e9zzel k\u00e9sz\u00fclt, gondosan varrott term\u00e9k\n\t\u2022\tMin\u0151s\u00e9gi pamut anyagb\u00f3l\n\t\u2022\tAz anyag mint\u00e1ja megbesz\u00e9l\u00e9s alapj\u00e1n v\u00e1laszthat\u00f3\n\t\u2022\tK\u00f6nny\u0171, m\u00e9gis stabil tart\u00e1s\n\n\ud83c\udf81 Felhaszn\u00e1l\u00e1s:\n\t\u2022\tH\u00fasv\u00e9ti asztald\u00edsz\n\t\u2022\tToj\u00e1start\u00f3 locsol\u00f3knak\n\t\u2022\tAj\u00e1nd\u00e9kba, dekor\u00e1ci\u00f3nak\n\n\ud83d\udccf M\u00e9ret:\nKb. 12\u201314 cm \u00e1tm\u00e9r\u0151 (toj\u00e1s m\u00e9rett\u0151l f\u00fcgg\u0151en)\n\n\ud83d\udccc Fontos:\nAz \u00e1r a toj\u00e1sokat nem tartalmazza.\n\nMinden darab egyedi, ez\u00e9rt apr\u00f3 elt\u00e9r\u00e9sek el\u0151fordulhatnak.\n\n\ud83c\udf37 Tedd k\u00fcl\u00f6nlegess\u00e9 az \u00fcnnepi asztalt ezzel a kedves, k\u00e9zm\u0171ves darabbal!","score":0,"formatted_price":"2 990 Ft","image_url":"https:\/\/www.meska.hu\/img\/product\/small\/j\/m\/jmbegyediajandek_product_769321_260324172440_794868.jpeg","formatted_url":"https:\/\/www.meska.hu\/p5764026-varrott-tojastarto","favourite":false,"in_stock":false,"avatar":"769321_avatar_1769881150.jpeg","delete_from":0,"is_enhanced_background":false,"is_enhanced":false,"product_selection_started":false,"is_active":true,"image_webp_url":"https:\/\/www.meska.hu\/img\/product\/small\/j\/m\/jmbegyediajandek_product_769321_260324172440_794868.webp"},{"id":"6166451","shop_id":"50797","user_id":"749477","shop_name":"3dkreativ","shop_zip":"1203","product_code":"5764031","product_name_old":null,"product_name":"H\u00fasv\u00e9ti toj\u00e1s (sz\u00e9tcsavarhat\u00f3)","category_string":"\u00dcnnepi d\u00edszek, dekor\u00e1ci\u00f3k, H\u00fasv\u00e9ti d\u00edszek \u00e9s dekor\u00e1ci\u00f3k, H\u00fasv\u00e9ti asztald\u00edszek","technic_string":"","category_1":"1818","category_2":"1803","category_3":"1796","category_4":"0","merged_category_1":null,"merged_category_2":null,"merged_category_3":null,"technic_1":"0","technic_2":"0","technic_3":"0","color_1":"512","color_2":"519","color_3":"522","product_description_old":null,"product_description":"H\u00fasv\u00e9ti toj\u00e1s (sz\u00e9tcsavarhat\u00f3)\n\nM\u00e9rete: 5 cm magas, legnagyobb \u00e1tm\u00e9r\u0151 4 cm\n\nAnyaga: PLA\n\nEl\u00e9rhet\u0151 sz\u00ednek: Feh\u00e9r, fekete, piros, z\u00f6ld, k\u00e9k, Arany-Pink, R\u00f3zsasz\u00edn, barna, sz\u00fcrke,\n\nAz \u00e1r 1 db toj\u00e1sra vonatkozik.","price":"2000.00","unit":"db","recommended":"0","status":"1","sponsored":"0","exp_notify":"0","own_material":"0","own_material_description_old":null,"own_material_description":"","jury":"0","jury_number":"","product_nature":"","meskaracsony":"0","create_date":"2026-07-22 18:07:32","shelve_id":"0","image":"3dkreativ_product_749477_260324173451_49552.jpeg","image_width":"480","image_height":"275","image_alt":"H\u00fasv\u00e9ti toj\u00e1s (sz\u00e9tcsavarhat\u00f3), H\u00fasv\u00e9ti toj\u00e1s (sz\u00e9tcsavarhat\u00f3)\\n\\nM\u00e9rete: 5 cm magas, legnagyobb \u00e1tm\u00e9r\u0151 4 cm\\n\\nAnyaga: PLA\\n\\nEl\u00e9rhet\u0151 sz..., Meska","image_title":"H\u00fasv\u00e9ti toj\u00e1s (sz\u00e9tcsavarhat\u00f3), Meska","view_count":"101","favourite_count":"0","trending_score":"0","last2MonthFavouriteCount":"0","promotion":"0","giftcard_accept":"0","creditcard_accept":true,"enhanced_background":"0","domain":"meska","specific_customer_id":null,"specific_customer_name":null,"to_order_product":"0","to_order_product_time":"0","product_different":null,"product_different_description":"","vintage":"0","vintage_category_id":"0","recycled":"0","gemstone_id":"0","customizable":"0","type_category":"physical","zerowaste":"0","postage_price":"1290.00","shop_order":"0","has_category":"1","landing_pages":null,"microdata":{"number":57,"category":""},"title":"H\u00fasv\u00e9ti toj\u00e1s (sz\u00e9tcsavarhat\u00f3)","description":"H\u00fasv\u00e9ti toj\u00e1s (sz\u00e9tcsavarhat\u00f3)\n\nM\u00e9rete: 5 cm magas, legnagyobb \u00e1tm\u00e9r\u0151 4 cm\n\nAnyaga: PLA\n\nEl\u00e9rhet\u0151 sz\u00ednek: Feh\u00e9r, fekete, piros, z\u00f6ld, k\u00e9k, Arany-Pink, R\u00f3zsasz\u00edn, barna, sz\u00fcrke,\n\nAz \u00e1r 1 db toj\u00e1sra vonatkozik.","score":0,"formatted_price":"2 000 Ft","image_url":"https:\/\/www.meska.hu\/img\/product\/small\/3\/d\/3dkreativ_product_749477_260324173451_49552.jpeg","formatted_url":"https:\/\/www.meska.hu\/p5764031-husveti-tojas-szetcsavarhato","favourite":false,"in_stock":true,"avatar":"749477_avatar_1762798719.png","delete_from":0,"is_enhanced_background":false,"is_enhanced":false,"product_selection_started":false,"is_active":true,"image_webp_url":"https:\/\/www.meska.hu\/img\/product\/small\/3\/d\/3dkreativ_product_749477_260324173451_49552.webp"},{"id":"6166444","shop_id":"50797","user_id":"749477","shop_name":"3dkreativ","shop_zip":"1203","product_code":"5764027","product_name_old":null,"product_name":"H\u00fasv\u00e9ti toj\u00e1s nyuszif\u00fcllel (sz\u00e9tcsavarhat\u00f3)","category_string":"\u00dcnnepi d\u00edszek, dekor\u00e1ci\u00f3k, H\u00fasv\u00e9ti d\u00edszek \u00e9s dekor\u00e1ci\u00f3k, H\u00fasv\u00e9ti asztald\u00edszek","technic_string":"","category_1":"1818","category_2":"1803","category_3":"1796","category_4":"0","merged_category_1":null,"merged_category_2":null,"merged_category_3":null,"technic_1":"0","technic_2":"0","technic_3":"0","color_1":"519","color_2":"526","color_3":"529","product_description_old":null,"product_description":"H\u00fasv\u00e9ti toj\u00e1s nyuszif\u00fcllel (sz\u00e9tcsavarhat\u00f3)\n\nM\u00e9rete: 9,5 cm magas, legnagyobb \u00e1tm\u00e9r\u0151 4 cm\n\nAnyaga: PLA\n\nEl\u00e9rhet\u0151 sz\u00ednek: Feh\u00e9r, fekete, piros, z\u00f6ld, k\u00e9k, lila, arany \u2013 pink, r\u00f3zsasz\u00edn, barna, sz\u00fcrke,\n\nAz \u00e1r 1 db toj\u00e1sra vonatkozik.","price":"4300.00","unit":"db","recommended":"0","status":"1","sponsored":"0","exp_notify":"0","own_material":"0","own_material_description_old":null,"own_material_description":"","jury":"0","jury_number":"","product_nature":"","meskaracsony":"0","create_date":"2026-07-22 18:07:29","shelve_id":"0","image":"3dkreativ_product_749477_260324171026_30544.jpeg","image_width":"480","image_height":"364","image_alt":"H\u00fasv\u00e9ti toj\u00e1s nyuszif\u00fcllel (sz\u00e9tcsavarhat\u00f3), H\u00fasv\u00e9ti toj\u00e1s nyuszif\u00fcllel (sz\u00e9tcsavarhat\u00f3)\\n\\nM\u00e9rete: 9,5 cm magas, legnagyobb \u00e1tm\u00e9r\u0151 4 cm\\n\\nAnyaga: P..., Meska","image_title":"H\u00fasv\u00e9ti toj\u00e1s nyuszif\u00fcllel (sz\u00e9tcsavarhat\u00f3), Meska","view_count":"86","favourite_count":"0","trending_score":"0","last2MonthFavouriteCount":"0","promotion":"0","giftcard_accept":"0","creditcard_accept":true,"enhanced_background":"0","domain":"meska","specific_customer_id":null,"specific_customer_name":null,"to_order_product":"0","to_order_product_time":"0","product_different":null,"product_different_description":"","vintage":"0","vintage_category_id":"0","recycled":"0","gemstone_id":"0","customizable":"0","type_category":"physical","zerowaste":"0","postage_price":"1290.00","shop_order":"0","has_category":"1","landing_pages":null,"microdata":{"number":58,"category":""},"title":"H\u00fasv\u00e9ti toj\u00e1s nyuszif\u00fcllel (sz\u00e9tcsavarhat\u00f3)","description":"H\u00fasv\u00e9ti toj\u00e1s nyuszif\u00fcllel (sz\u00e9tcsavarhat\u00f3)\n\nM\u00e9rete: 9,5 cm magas, legnagyobb \u00e1tm\u00e9r\u0151 4 cm\n\nAnyaga: PLA\n\nEl\u00e9rhet\u0151 sz\u00ednek: Feh\u00e9r, fekete, piros, z\u00f6ld, k\u00e9k, lila, arany \u2013 pink, r\u00f3zsasz\u00edn, barna, sz\u00fcrke,\n\nAz \u00e1r 1 db toj\u00e1sra vonatkozik.","score":0,"formatted_price":"4 300 Ft","image_url":"https:\/\/www.meska.hu\/img\/product\/small\/3\/d\/3dkreativ_product_749477_260324171026_30544.jpeg","formatted_url":"https:\/\/www.meska.hu\/p5764027-husveti-tojas-nyuszifullel-szetcsavarhato","favourite":false,"in_stock":true,"avatar":"749477_avatar_1762798719.png","delete_from":0,"is_enhanced_background":false,"is_enhanced":false,"product_selection_started":false,"is_active":true,"image_webp_url":"https:\/\/www.meska.hu\/img\/product\/small\/3\/d\/3dkreativ_product_749477_260324171026_30544.webp"},{"id":"6166467","shop_id":"50797","user_id":"749477","shop_name":"3dkreativ","shop_zip":"1203","product_code":"5764042","product_name_old":null,"product_name":"H\u00fasv\u00e9ti toj\u00e1s nagy \u00e9s kicsi m\u00e9retben (sz\u00e9tcsavarhat\u00f3, rejtett t\u00e1rol\u00f3val)","category_string":"\u00dcnnepi d\u00edszek, dekor\u00e1ci\u00f3k, H\u00fasv\u00e9ti d\u00edszek \u00e9s dekor\u00e1ci\u00f3k, H\u00fasv\u00e9ti asztald\u00edszek","technic_string":"","category_1":"1818","category_2":"1803","category_3":"1796","category_4":"0","merged_category_1":null,"merged_category_2":null,"merged_category_3":null,"technic_1":"0","technic_2":"0","technic_3":"0","color_1":"512","color_2":"519","color_3":"520","product_description_old":null,"product_description":"3D nyomtatott h\u00fasv\u00e9ti toj\u00e1s.\n\nAnyaga: PLA (biol\u00f3giailag leboml\u00f3)\n\nEl\u00e9rhet\u0151 sz\u00ednek: fekete, feh\u00e9r, r\u00f3zsasz\u00edn, narancss\u00e1rga, citroms\u00e1rga, piros, barna, k\u00e9k, z\u00f6ld, sz\u00fcrke,Aranyozott r\u00f3zsasz\u00edn\n\nM\u00e9retek: \n- Nagy toj\u00e1s:  12,5 cm. magas, k\u00fcls\u0151 legnagyobb \u00e1tm\u00e9r\u0151: 9 cm. bels\u0151 legnagyobb \u00e1tm\u00e9r\u0151: 6,5 cm.\n- Kicsi toj\u00e1s: 9 cm. magas, k\u00fcls\u0151 legnagyobb \u00e1tm\u00e9r\u0151: 6 cm. bels\u0151 legnagyobb \u00e1tm\u00e9r\u0151: 4,5 cm.\n* a csoki csak m\u00e9ret illusztr\u00e1l\u00e1sa miatt szerepel a k\u00e9peken, azt az \u00e1r nem tartalmazza\n","price":"3500.00","unit":"db","recommended":"0","status":"1","sponsored":"0","exp_notify":"0","own_material":"0","own_material_description_old":null,"own_material_description":"","jury":"0","jury_number":"","product_nature":"","meskaracsony":"0","create_date":"2026-07-22 18:07:23","shelve_id":"0","image":"3dkreativ_product_749477_260324175413_53985.jpeg","image_width":"480","image_height":"640","image_alt":"H\u00fasv\u00e9ti toj\u00e1s nagy \u00e9s kicsi m\u00e9retben (sz\u00e9tcsavarhat\u00f3, rejtett t\u00e1rol\u00f3val), 3D nyomtatott h\u00fasv\u00e9ti toj\u00e1s.\\n\\nAnyaga: PLA (biol\u00f3giailag leboml\u00f3)\\n\\nEl\u00e9rhet\u0151 sz\u00ednek: fekete, feh\u00e9r, r\u00f3..., Meska","image_title":"H\u00fasv\u00e9ti toj\u00e1s nagy \u00e9s kicsi m\u00e9retben (sz\u00e9tcsavarhat\u00f3, rejtett t\u00e1rol\u00f3val), Meska","view_count":"98","favourite_count":"0","trending_score":"0","last2MonthFavouriteCount":"0","promotion":"0","giftcard_accept":"0","creditcard_accept":true,"enhanced_background":"0","domain":"meska","specific_customer_id":null,"specific_customer_name":null,"to_order_product":"0","to_order_product_time":"0","product_different":null,"product_different_description":"","vintage":"0","vintage_category_id":"0","recycled":"0","gemstone_id":"0","customizable":"0","type_category":"physical","zerowaste":"0","postage_price":"1290.00","shop_order":"0","has_category":"1","landing_pages":null,"microdata":{"number":59,"category":""},"title":"H\u00fasv\u00e9ti toj\u00e1s nagy \u00e9s kicsi m\u00e9retben (sz\u00e9tcsavarhat\u00f3, rejtett t\u00e1rol\u00f3val)","description":"3D nyomtatott h\u00fasv\u00e9ti toj\u00e1s.\n\nAnyaga: PLA (biol\u00f3giailag leboml\u00f3)\n\nEl\u00e9rhet\u0151 sz\u00ednek: fekete, feh\u00e9r, r\u00f3zsasz\u00edn, narancss\u00e1rga, citroms\u00e1rga, piros, barna, k\u00e9k, z\u00f6ld, sz\u00fcrke,Aranyozott r\u00f3zsasz\u00edn\n\nM\u00e9retek: \n- Nagy toj\u00e1s:  12,5 cm. magas, k\u00fcls\u0151 legnagyobb \u00e1tm\u00e9r\u0151: 9 cm. bels\u0151 legnagyobb \u00e1tm\u00e9r\u0151: 6,5 cm.\n- Kicsi toj\u00e1s: 9 cm. magas, k\u00fcls\u0151 legnagyobb \u00e1tm\u00e9r\u0151: 6 cm. bels\u0151 legnagyobb \u00e1tm\u00e9r\u0151: 4,5 cm.\n* a csoki csak m\u00e9ret illusztr\u00e1l\u00e1sa miatt szerepel a k\u00e9peken, azt az \u00e1r nem tartalmazza\n","score":0,"formatted_price":"3 500 Ft","image_url":"https:\/\/www.meska.hu\/img\/product\/small\/3\/d\/3dkreativ_product_749477_260324175413_53985.jpeg","formatted_url":"https:\/\/www.meska.hu\/p5764042-husveti-tojas-nagy-es-kicsi-meretben-szetcsavarhato-rejtett-taroloval","favourite":false,"in_stock":true,"avatar":"749477_avatar_1762798719.png","delete_from":0,"is_enhanced_background":false,"is_enhanced":false,"product_selection_started":false,"is_active":true,"image_webp_url":"https:\/\/www.meska.hu\/img\/product\/small\/3\/d\/3dkreativ_product_749477_260324175413_53985.webp"},{"id":"6166279","shop_id":"52160","user_id":"776265","shop_name":"ZenLayer","shop_zip":"1213","product_code":"5763953","product_name_old":null,"product_name":"Modern Origami Ny\u00fal Figura \u2013 10 cm magas","category_string":"\u00dcnnepi d\u00edszek, dekor\u00e1ci\u00f3k, H\u00fasv\u00e9ti d\u00edszek \u00e9s dekor\u00e1ci\u00f3k, H\u00fasv\u00e9ti asztald\u00edszek","technic_string":"Mindenm\u00e1s","category_1":"1818","category_2":"1803","category_3":"1796","category_4":"0","merged_category_1":null,"merged_category_2":null,"merged_category_3":null,"technic_1":"493","technic_2":"0","technic_3":"0","color_1":"519","color_2":"0","color_3":"0","product_description_old":null,"product_description":"Modern low-poly nyuszik \u2013 geometrikus \u00e9s nagyon st\u00edlusos! Ezek a 3D nyomtatott nyulak sz\u00e9p soksz\u00f6g\u0171 (low-poly) diz\u00e1jnnal k\u00e9sz\u00fcltek, finom \u00e9lekkel \u00e9s letisztult form\u00e1val. Magass\u00e1guk 10 cm, t\u00f6k\u00e9letes polcra, asztalra, h\u00fasv\u00e9ti dekorba vagy eg\u00e9sz \u00e9vben modern otthoni kieg\u00e9sz\u00edt\u0151nek.\n\nAnyag: tart\u00f3s matt PLA, nagyon stabil \u00e9s mutat\u00f3s.\n\u00cdrj b\u00e1tran, ha egyedi sz\u00ednt vagy nagyobb mennyis\u00e9get szeretn\u00e9l! Egyedi k\u00e9r\u00e9sre a m\u00e9retet is tudom v\u00e1ltoztatni.\n T\u00f6k\u00e9letes h\u00fasv\u00e9ti aj\u00e1nd\u00e9k, locsol\u00f3 meglepi vagy trendi lak\u00e1sdekor \u2013 a geometrikus forma miatt k\u00fcl\u00f6n\u00f6sen fotog\u00e9n! \n\n","price":"900.00","unit":"db","recommended":"0","status":"1","sponsored":"0","exp_notify":"0","own_material":"0","own_material_description_old":null,"own_material_description":"","jury":"0","jury_number":"","product_nature":"","meskaracsony":"0","create_date":"2026-07-22 15:04:15","shelve_id":"83088","image":"zenlayer_product_776265_260324135927_042429.png","image_width":"480","image_height":"343","image_alt":"Modern Origami Ny\u00fal Figura \u2013 10 cm magas, Modern low-poly nyuszik \u2013 geometrikus \u00e9s nagyon st\u00edlusos! Ezek a 3D nyomtatott nyulak sz\u00e9p soksz\u00f6g\u0171 ..., Meska","image_title":"Modern Origami Ny\u00fal Figura \u2013 10 cm magas, Meska","view_count":"170","favourite_count":"0","trending_score":"0","last2MonthFavouriteCount":"0","promotion":"210","giftcard_accept":"0","creditcard_accept":true,"enhanced_background":"0","domain":"meska","specific_customer_id":null,"specific_customer_name":null,"to_order_product":"1","to_order_product_time":"2","product_different":null,"product_different_description":"","vintage":"0","vintage_category_id":"0","recycled":"0","gemstone_id":"0","customizable":"0","type_category":"physical","zerowaste":"0","postage_price":"2599.00","shop_order":"0","has_category":"1","landing_pages":null,"microdata":{"number":60,"category":""},"title":"Modern Origami Ny\u00fal Figura \u2013 10 cm magas","description":"Modern low-poly nyuszik \u2013 geometrikus \u00e9s nagyon st\u00edlusos! Ezek a 3D nyomtatott nyulak sz\u00e9p soksz\u00f6g\u0171 (low-poly) diz\u00e1jnnal k\u00e9sz\u00fcltek, finom \u00e9lekkel \u00e9s letisztult form\u00e1val. Magass\u00e1guk 10 cm, t\u00f6k\u00e9letes polcra, asztalra, h\u00fasv\u00e9ti dekorba vagy eg\u00e9sz \u00e9vben modern otthoni kieg\u00e9sz\u00edt\u0151nek.\n\nAnyag: tart\u00f3s matt PLA, nagyon stabil \u00e9s mutat\u00f3s.\n\u00cdrj b\u00e1tran, ha egyedi sz\u00ednt vagy nagyobb mennyis\u00e9get szeretn\u00e9l! Egyedi k\u00e9r\u00e9sre a m\u00e9retet is tudom v\u00e1ltoztatni.\n T\u00f6k\u00e9letes h\u00fasv\u00e9ti aj\u00e1nd\u00e9k, locsol\u00f3 meglepi vagy trendi lak\u00e1sdekor \u2013 a geometrikus forma miatt k\u00fcl\u00f6n\u00f6sen fotog\u00e9n! \n\n","score":0,"formatted_price":"900 Ft","image_url":"https:\/\/www.meska.hu\/img\/product\/small\/z\/e\/zenlayer_product_776265_260324135927_042429.png","formatted_url":"https:\/\/www.meska.hu\/p5763953-modern-origami-nyul-figura-10-cm-magas","favourite":false,"in_stock":false,"avatar":"776265_avatar_1776086666.jpeg","delete_from":0,"is_enhanced_background":false,"is_enhanced":false,"product_selection_started":false,"original_price":"900 Ft","promotion_percentage":"-20%","promoted_price":"720 Ft","promoted_price_sup":"20","ribbon":"https:\/\/www.meska.hu\/img\/promotionbanners\/GQTXZHEC0\/product_ribbon_20_1785231767.svg","is_active":true,"image_webp_url":"https:\/\/www.meska.hu\/img\/product\/small\/z\/e\/zenlayer_product_776265_260324135927_042429.webp"},{"id":"6164303","shop_id":"47237","user_id":"687116","shop_name":"FlowerBooster","shop_zip":"1163","product_code":"5763221","product_name_old":null,"product_name":"H\u00fasv\u00e9ti asztald\u00edsz h\u00e1ncs koszor\u00fan hortenzi\u00e1val \u00e9s b\u00e9zs nyuszival","category_string":"\u00dcnnepi d\u00edszek, dekor\u00e1ci\u00f3k, H\u00fasv\u00e9ti d\u00edszek \u00e9s dekor\u00e1ci\u00f3k, H\u00fasv\u00e9ti asztald\u00edszek","technic_string":"Vir\u00e1gk\u00f6t\u00e9s","category_1":"1818","category_2":"1803","category_3":"1796","category_4":"0","merged_category_1":null,"merged_category_2":null,"merged_category_3":null,"technic_1":"507","technic_2":"0","technic_3":"0","color_1":"514","color_2":"515","color_3":"529","product_description_old":null,"product_description":"Var\u00e1zsolj meghitt, \u00fcnnepi hangulatot otthonodba ezzel a k\u00fcl\u00f6nleges, k\u00e9zzel k\u00e9sz\u00edtett h\u00fasv\u00e9ti asztald\u00edsszel. A term\u00e9szetes hat\u00e1s\u00fa fa \u00e9s h\u00e1ncs koszor\u00fa alapra \u00e9p\u00edtett kompoz\u00edci\u00f3t finom b\u00e9zs selyem hortenzia, dekorat\u00edv toj\u00e1sok \u00e9s egy b\u00e1jos, b\u00e9zs nyuszi teszi igaz\u00e1n egyediv\u00e9.\n\nA visszafogott, nat\u00far sz\u00ednvil\u00e1g t\u00f6k\u00e9letesen illeszkedik modern \u00e9s vintage enteri\u0151r\u00f6kbe is, \u00edgy ide\u00e1lis v\u00e1laszt\u00e1s \u00fcnnepi asztalra, kom\u00f3dra vagy aj\u00e1nd\u00e9knak is.\n\nF\u0151bb jellemz\u0151k:\n\u00c1tm\u00e9r\u0151: 25 cm\nMagass\u00e1g: kb. 20 cm\nAlap: fa \u00e9s h\u00e1ncs koszor\u00fa\nD\u00edsz\u00edt\u00e9s: b\u00e9zs selyem hortenzia, dekor toj\u00e1sok, nyuszi figura\nSt\u00edlus: nat\u00far, eleg\u00e1ns, h\u00fasv\u00e9ti\n\nEz a harmonikus \u00f6ssze\u00e1ll\u00edt\u00e1s a tavasz frissess\u00e9g\u00e9t \u00e9s a h\u00fasv\u00e9t meghitts\u00e9g\u00e9t hozza el otthonodba.","price":"9990.00","unit":"db","recommended":"0","status":"1","sponsored":"0","exp_notify":"0","own_material":"0","own_material_description_old":null,"own_material_description":"","jury":"0","jury_number":"","product_nature":"","meskaracsony":"0","create_date":"2026-07-22 12:25:20","shelve_id":"83205","image":"flowerbooster_product_687116_260322175616_00788.png","image_width":"480","image_height":"720","image_alt":"H\u00fasv\u00e9ti asztald\u00edsz h\u00e1ncs koszor\u00fan hortenzi\u00e1val \u00e9s b\u00e9zs nyuszival, Var\u00e1zsolj meghitt, \u00fcnnepi hangulatot otthonodba ezzel a k\u00fcl\u00f6nleges, k\u00e9zzel k\u00e9sz\u00edtett h\u00fasv\u00e9ti asztald..., Meska","image_title":"H\u00fasv\u00e9ti asztald\u00edsz h\u00e1ncs koszor\u00fan hortenzi\u00e1val \u00e9s b\u00e9zs nyuszival, Meska","view_count":"130","favourite_count":"0","trending_score":"0","last2MonthFavouriteCount":"0","promotion":"0","giftcard_accept":"0","creditcard_accept":true,"enhanced_background":"0","domain":"meska","specific_customer_id":null,"specific_customer_name":null,"to_order_product":"0","to_order_product_time":"0","product_different":null,"product_different_description":"","vintage":"0","vintage_category_id":"0","recycled":"0","gemstone_id":"0","customizable":"0","type_category":"physical","zerowaste":"0","postage_price":"2390.00","shop_order":"15","has_category":"1","landing_pages":null,"microdata":{"number":61,"category":""},"title":"H\u00fasv\u00e9ti asztald\u00edsz h\u00e1ncs koszor\u00fan hortenzi\u00e1val \u00e9s b\u00e9zs nyuszival","description":"Var\u00e1zsolj meghitt, \u00fcnnepi hangulatot otthonodba ezzel a k\u00fcl\u00f6nleges, k\u00e9zzel k\u00e9sz\u00edtett h\u00fasv\u00e9ti asztald\u00edsszel. A term\u00e9szetes hat\u00e1s\u00fa fa \u00e9s h\u00e1ncs koszor\u00fa alapra \u00e9p\u00edtett kompoz\u00edci\u00f3t finom b\u00e9zs selyem hortenzia, dekorat\u00edv toj\u00e1sok \u00e9s egy b\u00e1jos, b\u00e9zs nyuszi teszi igaz\u00e1n egyediv\u00e9.\n\nA visszafogott, nat\u00far sz\u00ednvil\u00e1g t\u00f6k\u00e9letesen illeszkedik modern \u00e9s vintage enteri\u0151r\u00f6kbe is, \u00edgy ide\u00e1lis v\u00e1laszt\u00e1s \u00fcnnepi asztalra, kom\u00f3dra vagy aj\u00e1nd\u00e9knak is.\n\nF\u0151bb jellemz\u0151k:\n\u00c1tm\u00e9r\u0151: 25 cm\nMagass\u00e1g: kb. 20 cm\nAlap: fa \u00e9s h\u00e1ncs koszor\u00fa\nD\u00edsz\u00edt\u00e9s: b\u00e9zs selyem hortenzia, dekor toj\u00e1sok, nyuszi figura\nSt\u00edlus: nat\u00far, eleg\u00e1ns, h\u00fasv\u00e9ti\n\nEz a harmonikus \u00f6ssze\u00e1ll\u00edt\u00e1s a tavasz frissess\u00e9g\u00e9t \u00e9s a h\u00fasv\u00e9t meghitts\u00e9g\u00e9t hozza el otthonodba.","score":0,"formatted_price":"9 990 Ft","image_url":"https:\/\/www.meska.hu\/img\/product\/small\/f\/l\/flowerbooster_product_687116_260322175616_00788.png","formatted_url":"https:\/\/www.meska.hu\/p5763221-husveti-asztaldisz-hancs-koszorun-hortenziaval-es-bezs-nyuszival","favourite":false,"in_stock":true,"avatar":"687116_avatar_1771164847.png","delete_from":0,"is_enhanced_background":false,"is_enhanced":false,"product_selection_started":false,"is_active":true,"image_webp_url":"https:\/\/www.meska.hu\/img\/product\/small\/f\/l\/flowerbooster_product_687116_260322175616_00788.webp"},{"id":"6154349","shop_id":"45298","user_id":"595544","shop_name":"Babszemmuhely","shop_zip":"7400","product_code":"5758596","product_name_old":null,"product_name":"H\u00fasv\u00e9ti nyuszi v\u00e1r\u00f3 t\u00e1lca","category_string":"\u00dcnnepi d\u00edszek, dekor\u00e1ci\u00f3k, H\u00fasv\u00e9ti d\u00edszek \u00e9s dekor\u00e1ci\u00f3k, H\u00fasv\u00e9ti asztald\u00edszek","technic_string":"Famegmunk\u00e1l\u00e1s, Grav\u00edroz\u00e1s, pirogr\u00e1fia","category_1":"1818","category_2":"1803","category_3":"1796","category_4":"0","merged_category_1":null,"merged_category_2":null,"merged_category_3":null,"technic_1":"478","technic_2":"796","technic_3":"0","color_1":"514","color_2":"0","color_3":"0","product_description_old":null,"product_description":"H\u00fasv\u00e9ti nyuszi v\u00e1r\u00f3 t\u00e1lca, amire a gyerekek elhelyezhetnek egy r\u00e9p\u00e1t \u00e9s egy kis friss\u00edt\u0151t, hogy a nyuszi teli pocakkal ugr\u00e1lhasson tov\u00e1bb.\n21x28 cm m\u00e9ret\u0171, szem\u00e9lyre szabottan k\u00e9rhet\u0151 a gyermek nev\u00e9vel.","price":"3500.00","unit":"db","recommended":"0","status":"1","sponsored":"0","exp_notify":"0","own_material":"0","own_material_description_old":null,"own_material_description":"","jury":"0","jury_number":"","product_nature":"","meskaracsony":"0","create_date":"2026-07-22 12:02:25","shelve_id":"0","image":"babszemmuhely_product_595544_260311214629_40649.jpeg","image_width":"480","image_height":"639","image_alt":"H\u00fasv\u00e9ti nyuszi v\u00e1r\u00f3 t\u00e1lca, H\u00fasv\u00e9ti nyuszi v\u00e1r\u00f3 t\u00e1lca, amire a gyerekek elhelyezhetnek egy r\u00e9p\u00e1t \u00e9s egy kis friss\u00edt\u0151t, hogy a ny..., Meska","image_title":"H\u00fasv\u00e9ti nyuszi v\u00e1r\u00f3 t\u00e1lca, Meska","view_count":"180","favourite_count":"0","trending_score":"0","last2MonthFavouriteCount":"0","promotion":"0","giftcard_accept":"0","creditcard_accept":true,"enhanced_background":"0","domain":"meska","specific_customer_id":null,"specific_customer_name":null,"to_order_product":"1","to_order_product_time":"14","product_different":null,"product_different_description":"","vintage":"0","vintage_category_id":"0","recycled":"0","gemstone_id":"0","customizable":"1","type_category":"physical","zerowaste":"0","postage_price":"2390.00","shop_order":"0","has_category":"1","landing_pages":null,"microdata":{"number":62,"category":""},"title":"H\u00fasv\u00e9ti nyuszi v\u00e1r\u00f3 t\u00e1lca","description":"H\u00fasv\u00e9ti nyuszi v\u00e1r\u00f3 t\u00e1lca, amire a gyerekek elhelyezhetnek egy r\u00e9p\u00e1t \u00e9s egy kis friss\u00edt\u0151t, hogy a nyuszi teli pocakkal ugr\u00e1lhasson tov\u00e1bb.\n21x28 cm m\u00e9ret\u0171, szem\u00e9lyre szabottan k\u00e9rhet\u0151 a gyermek nev\u00e9vel.","score":0,"formatted_price":"3 500 Ft","image_url":"https:\/\/www.meska.hu\/img\/product\/small\/b\/a\/babszemmuhely_product_595544_260311214629_40649.jpeg","formatted_url":"https:\/\/www.meska.hu\/p5758596-husveti-nyuszi-varo-talca","favourite":false,"in_stock":false,"avatar":"595544_avatar_1716235695.jpeg","delete_from":0,"is_enhanced_background":false,"is_enhanced":false,"product_selection_started":false,"is_active":true,"image_webp_url":"https:\/\/www.meska.hu\/img\/product\/small\/b\/a\/babszemmuhely_product_595544_260311214629_40649.webp"},{"id":"5747819","shop_id":"41176","user_id":"575986","shop_name":"Aurorakreativdekor","shop_zip":"3000","product_code":"5532559","product_name_old":null,"product_name":"H\u00fasv\u00e9ti asztald\u00edsz \u00fcvegb\u00far\u00e1ban","category_string":"\u00dcnnepi d\u00edszek, dekor\u00e1ci\u00f3k, H\u00fasv\u00e9ti asztald\u00edszek, H\u00fasv\u00e9ti d\u00edszek \u00e9s dekor\u00e1ci\u00f3k","technic_string":"Vir\u00e1gk\u00f6t\u00e9s","category_1":"1796","category_2":"1803","category_3":"1818","category_4":"0","merged_category_1":null,"merged_category_2":null,"merged_category_3":null,"technic_1":"507","technic_2":"0","technic_3":"0","color_1":"514","color_2":"522","color_3":"529","product_description_old":null,"product_description":"Elad\u00f3 a k\u00e9pen l\u00e1that\u00f3 asztald\u00edsz. A 2 nyuszika t\u00f6r\u00e9keny illetve a b\u00fara teteje \u00fcveg az alja pedig parafa.\nMagass\u00e1ga kb 20 cm","price":"8500.00","unit":"db","recommended":"0","status":"1","sponsored":"0","exp_notify":"0","own_material":"0","own_material_description_old":null,"own_material_description":"","jury":"0","jury_number":"","product_nature":"","meskaracsony":"0","create_date":"2026-07-22 12:01:47","shelve_id":"0","image":"aurorakreativdekor_product_575986_250329095223_580496.jpeg","image_width":"480","image_height":"360","image_alt":"H\u00fasv\u00e9ti asztald\u00edsz \u00fcvegb\u00far\u00e1ban, Elad\u00f3 a k\u00e9pen l\u00e1that\u00f3 asztald\u00edsz. A 2 nyuszika t\u00f6r\u00e9keny illetve a b\u00fara teteje \u00fcveg az alja pedig par..., Meska","image_title":"H\u00fasv\u00e9ti asztald\u00edsz \u00fcvegb\u00far\u00e1ban, Meska","view_count":"529","favourite_count":"0","trending_score":"0","last2MonthFavouriteCount":"0","promotion":"0","giftcard_accept":"0","creditcard_accept":false,"enhanced_background":"0","domain":"meska","specific_customer_id":null,"specific_customer_name":null,"to_order_product":"0","to_order_product_time":"0","product_different":null,"product_different_description":"","vintage":"0","vintage_category_id":"0","recycled":"0","gemstone_id":"0","customizable":"0","type_category":"physical","zerowaste":"0","postage_price":"2390.00","shop_order":"0","has_category":"1","landing_pages":null,"microdata":{"number":63,"category":""},"title":"H\u00fasv\u00e9ti asztald\u00edsz \u00fcvegb\u00far\u00e1ban","description":"Elad\u00f3 a k\u00e9pen l\u00e1that\u00f3 asztald\u00edsz. A 2 nyuszika t\u00f6r\u00e9keny illetve a b\u00fara teteje \u00fcveg az alja pedig parafa.\nMagass\u00e1ga kb 20 cm","score":0,"formatted_price":"8 500 Ft","image_url":"https:\/\/www.meska.hu\/img\/product\/small\/a\/u\/aurorakreativdekor_product_575986_250329095223_580496.jpeg","formatted_url":"https:\/\/www.meska.hu\/p5532559-husveti-asztaldisz-uvegburaban","favourite":false,"in_stock":true,"avatar":"575986_avatar_1683457755.jpeg","delete_from":0,"is_enhanced_background":false,"is_enhanced":false,"product_selection_started":false,"is_active":true,"image_webp_url":"https:\/\/www.meska.hu\/img\/product\/small\/a\/u\/aurorakreativdekor_product_575986_250329095223_580496.webp"},{"id":"6164107","shop_id":"48125","user_id":"705722","shop_name":"Kreativfakucko","shop_zip":"5121","product_code":"5763138","product_name_old":null,"product_name":"Nyuszis asztald\u00edsz","category_string":"\u00dcnnepi d\u00edszek, dekor\u00e1ci\u00f3k, H\u00fasv\u00e9ti d\u00edszek \u00e9s dekor\u00e1ci\u00f3k, H\u00fasv\u00e9ti asztald\u00edszek","technic_string":"Famegmunk\u00e1l\u00e1s","category_1":"1818","category_2":"1803","category_3":"1796","category_4":"0","merged_category_1":null,"merged_category_2":null,"merged_category_3":null,"technic_1":"478","technic_2":"0","technic_3":"0","color_1":"519","color_2":"568","color_3":"0","product_description_old":null,"product_description":"Nyuszis asztald\u00edsz term\u00e9szetes fa alapon narancss\u00e1rga sz\u00ednben. \nM\u00e9rete : 19x18 ","price":"4000.00","unit":"db","recommended":"0","status":"1","sponsored":"0","exp_notify":"0","own_material":"0","own_material_description_old":null,"own_material_description":"","jury":"0","jury_number":"","product_nature":"","meskaracsony":"0","create_date":"2026-07-20 15:24:33","shelve_id":"0","image":"kreativfakucko_product_705722_260322144338_898858.jpeg","image_width":"480","image_height":"667","image_alt":"Nyuszis asztald\u00edsz, Nyuszis asztald\u00edsz term\u00e9szetes fa alapon narancss\u00e1rga sz\u00ednben. \\nM\u00e9rete : 19x18 , Meska","image_title":"Nyuszis asztald\u00edsz, Meska","view_count":"84","favourite_count":"0","trending_score":"0","last2MonthFavouriteCount":"0","promotion":"0","giftcard_accept":"0","creditcard_accept":false,"enhanced_background":"0","domain":"meska","specific_customer_id":null,"specific_customer_name":null,"to_order_product":"0","to_order_product_time":"0","product_different":null,"product_different_description":"","vintage":"0","vintage_category_id":"0","recycled":"0","gemstone_id":"0","customizable":"0","type_category":"physical","zerowaste":"0","postage_price":"1290.00","shop_order":"0","has_category":"1","landing_pages":null,"microdata":{"number":64,"category":""},"title":"Nyuszis asztald\u00edsz","description":"Nyuszis asztald\u00edsz term\u00e9szetes fa alapon narancss\u00e1rga sz\u00ednben. \nM\u00e9rete : 19x18 ","score":0,"formatted_price":"4 000 Ft","image_url":"https:\/\/www.meska.hu\/img\/product\/small\/k\/r\/kreativfakucko_product_705722_260322144338_898858.jpeg","formatted_url":"https:\/\/www.meska.hu\/p5763138-nyuszis-asztaldisz","favourite":false,"in_stock":true,"avatar":"705722_avatar_1739904923.png","delete_from":0,"is_enhanced_background":false,"is_enhanced":false,"product_selection_started":false,"is_active":true,"image_webp_url":"https:\/\/www.meska.hu\/img\/product\/small\/k\/r\/kreativfakucko_product_705722_260322144338_898858.webp"},{"id":"1659910","shop_id":"19710","user_id":"191983","shop_name":"pagi28","shop_zip":"5300","product_code":"4444794","product_name_old":null,"product_name":"Apr\u00f3 h\u00fasv\u00e9ti lib\u00e1k","category_string":"\u00dcnnepi d\u00edszek, dekor\u00e1ci\u00f3k, H\u00fasv\u00e9ti d\u00edszek \u00e9s dekor\u00e1ci\u00f3k, H\u00fasv\u00e9ti asztald\u00edszek","technic_string":"H\u00edmz\u00e9s, Varr\u00e1s","category_1":"1818","category_2":"1803","category_3":"1796","category_4":"0","merged_category_1":null,"merged_category_2":null,"merged_category_3":null,"technic_1":"487","technic_2":"506","technic_3":"0","color_1":"519","color_2":"520","color_3":"568","product_description_old":null,"product_description":"Gyapj\u00fa filcb\u0151l varrtam ezeket a kislib\u00e1kat, majd t\u00f6lt\u0151anyaggal t\u00f6lt\u00f6ttem \u00e9s h\u00edmeztem \u0151ket.\nnyakukra masnit k\u00f6t\u00f6ttem.\nA libusok a saj\u00e1t talpukon \u00e1llnak, de k\u00e9r\u00e9sre k\u00e9sz\u00edtek r\u00e1 akaszt\u00f3t.\nM\u00e9ret\u00fck. 9,5- 10cm\n\nAz \u00e1ra a 2db-re vonatkozik","price":"3600.00","unit":"db","recommended":"0","status":"1","sponsored":"0","exp_notify":"0","own_material":"0","own_material_description_old":null,"own_material_description":"","jury":"0","jury_number":"","product_nature":"","meskaracsony":"0","create_date":"2026-07-19 23:37:54","shelve_id":"64269","image":"pagi28_product_191983_160321075237_1098.jpeg","image_width":"480","image_height":"401","image_alt":"Apr\u00f3 h\u00fasv\u00e9ti lib\u00e1k, Gyapj\u00fa filcb\u0151l varrtam ezeket a kislib\u00e1kat, majd t\u00f6lt\u0151anyaggal t\u00f6lt\u00f6ttem \u00e9s h\u00edmeztem \u0151ket.\\nnyakukra ..., Meska","image_title":"Apr\u00f3 h\u00fasv\u00e9ti lib\u00e1k, Meska","view_count":"2062","favourite_count":"0","trending_score":"0","last2MonthFavouriteCount":"0","promotion":"0","giftcard_accept":"0","creditcard_accept":true,"enhanced_background":"0","domain":"meska","specific_customer_id":null,"specific_customer_name":null,"to_order_product":"0","to_order_product_time":"0","product_different":null,"product_different_description":"","vintage":"0","vintage_category_id":"0","recycled":"0","gemstone_id":"0","customizable":"0","type_category":"physical","zerowaste":"0","postage_price":"1290.00","shop_order":"1","has_category":"1","landing_pages":null,"microdata":{"number":65,"category":""},"title":"Apr\u00f3 h\u00fasv\u00e9ti lib\u00e1k","description":"Gyapj\u00fa filcb\u0151l varrtam ezeket a kislib\u00e1kat, majd t\u00f6lt\u0151anyaggal t\u00f6lt\u00f6ttem \u00e9s h\u00edmeztem \u0151ket.\nnyakukra masnit k\u00f6t\u00f6ttem.\nA libusok a saj\u00e1t talpukon \u00e1llnak, de k\u00e9r\u00e9sre k\u00e9sz\u00edtek r\u00e1 akaszt\u00f3t.\nM\u00e9ret\u00fck. 9,5- 10cm\n\nAz \u00e1ra a 2db-re vonatkozik","score":0,"formatted_price":"3 600 Ft","image_url":"https:\/\/www.meska.hu\/img\/product\/small\/p\/a\/pagi28_product_191983_160321075237_1098.jpeg","formatted_url":"https:\/\/www.meska.hu\/p4444794-apro-husveti-libak","favourite":false,"in_stock":true,"avatar":null,"delete_from":0,"is_enhanced_background":false,"is_enhanced":false,"product_selection_started":false,"is_active":true,"image_webp_url":"https:\/\/www.meska.hu\/img\/product\/small\/p\/a\/pagi28_product_191983_160321075237_1098.webp"},{"id":"6071988","shop_id":"30762","user_id":"333297","shop_name":"oluskadekor","shop_zip":"1036","product_code":"5701657","product_name_old":null,"product_name":"Fa antik hat\u00e1s\u00fa h\u00fasv\u00e9ti toj\u00e1start\u00f3, asztald\u00edsz, ty\u00fak figur\u00e1s, 16cmx19cm","category_string":"\u00dcnnepi d\u00edszek, dekor\u00e1ci\u00f3k, H\u00fasv\u00e9ti d\u00edszek \u00e9s dekor\u00e1ci\u00f3k, H\u00fasv\u00e9ti asztald\u00edszek","technic_string":"Decoupage, transzfer \u00e9s szalv\u00e9tatechnika","category_1":"1818","category_2":"1803","category_3":"1796","category_4":"0","merged_category_1":null,"merged_category_2":null,"merged_category_3":null,"technic_1":"476","technic_2":"0","technic_3":"0","color_1":"515","color_2":"532","color_3":"529","product_description_old":null,"product_description":"SK-2093. Fa antik hat\u00e1s\u00fa h\u00fasv\u00e9ti toj\u00e1start\u00f3, asztald\u00edsz, ty\u00fak figur\u00e1s, 16cmx19cm. A ty\u00fak 15cm. Festettem, antikoltam majd decoupage technik\u00e1val d\u00edsz\u00edtettem . \n\nDekor\u00e1ci\u00f3kra rendel\u00e9seket, k\u00e9r\u00e9seket sz\u00edvesen teljes\u00edtek !\n\nTERM\u00c9KEIM K\u00d6ZT SOK FAJTA FESTETT-SZ\u00c1R\u00cdTOTT N\u00d6V\u00c9NYT,SZ\u00c1RAZTERM\u00c9ST,KREAT\u00cdV-HOBBY ALAPANYAGOT, illetve \u00c1LTALAM K\u00c9SZ\u00cdTETT TERM\u00c9KEKET TAL\u00c1LSZ \"KICSINY KIS BOLTOMBAN\"\n\nSZEM\u00c9LYES \u00c1TV\u00c9TELRE AZ OKTOGON K\u00d6RNY\u00c9K\u00c9N illetve Budakal\u00e1szon VAN LEHET\u0150S\u00c9G\n(OKTOGON K\u00d6RNY\u00c9K\u00c9N j\u00falius 1.- augusztus 31.-e k\u00f6z\u00f6tt nincs szem.\u00e1tv\u00e9tel)\nPost\u00e1z\u00e1s el\u0151re utal\u00e1s ut\u00e1n a mindenkori Magyar Posta illetve fut\u00e1rszolg\u00e1latok d\u00edjszab\u00e1sai szerint.UT\u00c1NV\u00c9T NINCS !!!!!!","price":"6995.00","unit":"db","recommended":"0","status":"1","sponsored":"0","exp_notify":"0","own_material":"0","own_material_description_old":null,"own_material_description":"","jury":"0","jury_number":"","product_nature":"","meskaracsony":"0","create_date":"2026-07-19 21:43:35","shelve_id":"68122","image":"oluskadekor_product_333297_260804184521_180775.jpeg","image_width":"480","image_height":"413","image_alt":"Fa antik hat\u00e1s\u00fa h\u00fasv\u00e9ti toj\u00e1start\u00f3, asztald\u00edsz, ty\u00fak figur\u00e1s, 16cmx19cm, SK-2093. Fa antik hat\u00e1s\u00fa h\u00fasv\u00e9ti toj\u00e1start\u00f3, asztald\u00edsz, ty\u00fak figur\u00e1s, 16cmx19cm. A ty\u00fak 15cm. Feste..., Meska","image_title":"Fa antik hat\u00e1s\u00fa h\u00fasv\u00e9ti toj\u00e1start\u00f3, asztald\u00edsz, ty\u00fak figur\u00e1s, 16cmx19cm, Meska","view_count":"108","favourite_count":"0","trending_score":"0","last2MonthFavouriteCount":"0","promotion":"0","giftcard_accept":"0","creditcard_accept":false,"enhanced_background":"0","domain":"meska","specific_customer_id":null,"specific_customer_name":null,"to_order_product":"0","to_order_product_time":"0","product_different":null,"product_different_description":"","vintage":"0","vintage_category_id":"0","recycled":"0","gemstone_id":"0","customizable":"1","type_category":"physical","zerowaste":"0","postage_price":"990.00","shop_order":"0","has_category":"1","landing_pages":null,"microdata":{"number":66,"category":""},"title":"Fa antik hat\u00e1s\u00fa h\u00fasv\u00e9ti toj\u00e1start\u00f3, asztald\u00edsz, ty\u00fak figur\u00e1s, 16cmx19cm","description":"SK-2093. Fa antik hat\u00e1s\u00fa h\u00fasv\u00e9ti toj\u00e1start\u00f3, asztald\u00edsz, ty\u00fak figur\u00e1s, 16cmx19cm. A ty\u00fak 15cm. Festettem, antikoltam majd decoupage technik\u00e1val d\u00edsz\u00edtettem . \n\nDekor\u00e1ci\u00f3kra rendel\u00e9seket, k\u00e9r\u00e9seket sz\u00edvesen teljes\u00edtek !\n\nTERM\u00c9KEIM K\u00d6ZT SOK FAJTA FESTETT-SZ\u00c1R\u00cdTOTT N\u00d6V\u00c9NYT,SZ\u00c1RAZTERM\u00c9ST,KREAT\u00cdV-HOBBY ALAPANYAGOT, illetve \u00c1LTALAM K\u00c9SZ\u00cdTETT TERM\u00c9KEKET TAL\u00c1LSZ \"KICSINY KIS BOLTOMBAN\"\n\nSZEM\u00c9LYES \u00c1TV\u00c9TELRE AZ OKTOGON K\u00d6RNY\u00c9K\u00c9N illetve Budakal\u00e1szon VAN LEHET\u0150S\u00c9G\n(OKTOGON K\u00d6RNY\u00c9K\u00c9N j\u00falius 1.- augusztus 31.-e k\u00f6z\u00f6tt nincs szem.\u00e1tv\u00e9tel)\nPost\u00e1z\u00e1s el\u0151re utal\u00e1s ut\u00e1n a mindenkori Magyar Posta illetve fut\u00e1rszolg\u00e1latok d\u00edjszab\u00e1sai szerint.UT\u00c1NV\u00c9T NINCS !!!!!!","score":0,"formatted_price":"6 995 Ft","image_url":"https:\/\/www.meska.hu\/img\/product\/small\/o\/l\/oluskadekor_product_333297_260804184521_180775.jpeg","formatted_url":"https:\/\/www.meska.hu\/p5701657-fa-antikhatasu-husveti-tojastarto-tyuk-figuras-16cmx19cm","favourite":false,"in_stock":true,"avatar":"Leoca224_avatar_333297_1638868581.jpg","delete_from":0,"is_enhanced_background":false,"is_enhanced":false,"product_selection_started":false,"is_active":true,"image_webp_url":"https:\/\/www.meska.hu\/img\/product\/small\/o\/l\/oluskadekor_product_333297_260804184521_180775.webp"},{"id":"6134901","shop_id":"34550","user_id":"451827","shop_name":"MenthaRosedecor","shop_zip":"5000","product_code":"5744003","product_name_old":null,"product_name":"H\u00fasv\u00e9ti nyuszi vir\u00e1gdekorral","category_string":"\u00dcnnepi d\u00edszek, dekor\u00e1ci\u00f3k, H\u00fasv\u00e9ti d\u00edszek \u00e9s dekor\u00e1ci\u00f3k, H\u00fasv\u00e9ti asztald\u00edszek","technic_string":"","category_1":"1818","category_2":"1803","category_3":"1796","category_4":"0","merged_category_1":null,"merged_category_2":null,"merged_category_3":null,"technic_1":"0","technic_2":"0","technic_3":"0","color_1":"518","color_2":"525","color_3":"529","product_description_old":null,"product_description":"Ker\u00e1mia nyuszi ez\u00fcst kasp\u00f3ban, m\u00e9retei d\u00edsszel egy\u00fctt: 18x 28 cm.","price":"14000.00","unit":"db","recommended":"0","status":"1","sponsored":"0","exp_notify":"0","own_material":"0","own_material_description_old":null,"own_material_description":"","jury":"0","jury_number":"","product_nature":"","meskaracsony":"0","create_date":"2026-07-19 17:11:27","shelve_id":"0","image":"mentharosedecor_product_451827_260303111130_631842.jpeg","image_width":"480","image_height":"480","image_alt":"H\u00fasv\u00e9ti nyuszi vir\u00e1gdekorral, Ker\u00e1mia nyuszi ez\u00fcst kasp\u00f3ban, m\u00e9retei d\u00edsszel egy\u00fctt: 18x 28 cm., Meska","image_title":"H\u00fasv\u00e9ti nyuszi vir\u00e1gdekorral, Meska","view_count":"161","favourite_count":"0","trending_score":"0","last2MonthFavouriteCount":"0","promotion":"211","giftcard_accept":"0","creditcard_accept":false,"enhanced_background":"0","domain":"meska","specific_customer_id":null,"specific_customer_name":null,"to_order_product":"0","to_order_product_time":"0","product_different":null,"product_different_description":"","vintage":"0","vintage_category_id":"0","recycled":"0","gemstone_id":"0","customizable":"0","type_category":"physical","zerowaste":"0","postage_price":"2390.00","shop_order":"0","has_category":"1","landing_pages":null,"microdata":{"number":67,"category":""},"title":"H\u00fasv\u00e9ti nyuszi vir\u00e1gdekorral","description":"Ker\u00e1mia nyuszi ez\u00fcst kasp\u00f3ban, m\u00e9retei d\u00edsszel egy\u00fctt: 18x 28 cm.","score":0,"formatted_price":"14 000 Ft","image_url":"https:\/\/www.meska.hu\/img\/product\/small\/m\/e\/mentharosedecor_product_451827_260303111130_631842.jpeg","formatted_url":"https:\/\/www.meska.hu\/p5744003-husveti-nyuszi-viragdekorral","favourite":false,"in_stock":true,"avatar":"451827_avatar_1762518055.jpeg","delete_from":0,"is_enhanced_background":false,"is_enhanced":false,"product_selection_started":false,"original_price":"14 000 Ft","promotion_percentage":"-30%","promoted_price":"9 800 Ft","promoted_price_sup":"30","ribbon":"https:\/\/www.meska.hu\/img\/promotionbanners\/GQTXZHEC0\/product_ribbon_30_1785231767.svg","is_active":true,"image_webp_url":"https:\/\/www.meska.hu\/img\/product\/small\/m\/e\/mentharosedecor_product_451827_260303111130_631842.webp"},{"id":"6301157","shop_id":"30762","user_id":"333297","shop_name":"oluskadekor","shop_zip":"1036","product_code":"5837766","product_name_old":null,"product_name":"Strucctoj\u00e1s f\u00e9szekben, h\u00fasv\u00e9ti antik hat\u00e1s\u00fa asztali dekor\u00e1ci\u00f3 \u00e1llv\u00e1nnyal","category_string":"\u00dcnnepi d\u00edszek, dekor\u00e1ci\u00f3k, H\u00fasv\u00e9ti d\u00edszek \u00e9s dekor\u00e1ci\u00f3k, H\u00fasv\u00e9ti asztald\u00edszek","technic_string":"Vir\u00e1gk\u00f6t\u00e9s","category_1":"1818","category_2":"1803","category_3":"1796","category_4":"0","merged_category_1":null,"merged_category_2":null,"merged_category_3":null,"technic_1":"507","technic_2":"0","technic_3":"0","color_1":"519","color_2":"529","color_3":"0","product_description_old":null,"product_description":"SK-2096. Strucctoj\u00e1s f\u00e9szekben, h\u00fasv\u00e9ti antik hat\u00e1s\u00fa asztali dekor\u00e1ci\u00f3 \u00e1llv\u00e1nnyal, 24cm x 16cm.\nA toj\u00e1st \u00e9s az \u00e1lv\u00e1nyt festettem, dombor\u00fa mint\u00e1val vintage hat\u00e1s\u00fara var\u00e1zsoltam, hogy d\u00edsz\u00edtse \u00fcnnepi asztalodat.\n\nDekor\u00e1ci\u00f3kra rendel\u00e9seket, k\u00e9r\u00e9seket sz\u00edvesen teljes\u00edtek\n\nTERM\u00c9KEIM K\u00d6ZT SOK FAJTA FESTETT-SZ\u00c1R\u00cdTOTT N\u00d6V\u00c9NYT,SZ\u00c1RAZTERM\u00c9ST,KREAT\u00cdV-HOBBY ALAPANYAGOT, illetve \u00c1LTALAM K\u00c9SZ\u00cdTETT TERM\u00c9KEKET TAL\u00c1LSZ \"KICSINY KIS BOLTOMBAN\"\n\nSZEM\u00c9LYES \u00c1TV\u00c9TELRE AZ OKTOGON K\u00d6RNY\u00c9K\u00c9N illetve Budakal\u00e1szon VAN LEHET\u0150S\u00c9G\n(OKTOGON K\u00d6RNY\u00c9K\u00c9N j\u00falius 1.- augusztus 31.-e k\u00f6z\u00f6tt nincs szem.\u00e1tv\u00e9tel)\nPost\u00e1z\u00e1s el\u0151re utal\u00e1s ut\u00e1n a mindenkori Magyar Posta illetve fut\u00e1rszolg\u00e1latok d\u00edjszab\u00e1sai szerint.\nUT\u00c1NV\u00c9T NINCS!!!!!","price":"12995.00","unit":"db","recommended":"0","status":"1","sponsored":"0","exp_notify":"0","own_material":"0","own_material_description_old":null,"own_material_description":"","jury":"0","jury_number":"","product_nature":"","meskaracsony":"0","create_date":"2026-07-19 16:20:06","shelve_id":"68122","image":"oluskadekor_product_333297_260804231031_658940.jpeg","image_width":"480","image_height":"403","image_alt":"Strucctoj\u00e1s f\u00e9szekben, h\u00fasv\u00e9ti antik hat\u00e1s\u00fa asztali dekor\u00e1ci\u00f3 \u00e1llv\u00e1nnyal, SK-2096. Strucctoj\u00e1s f\u00e9szekben, h\u00fasv\u00e9ti antik hat\u00e1s\u00fa asztali dekor\u00e1ci\u00f3 \u00e1llv\u00e1nnyal, 24cm x 16cm.\\nA to..., Meska","image_title":"Strucctoj\u00e1s f\u00e9szekben, h\u00fasv\u00e9ti antik hat\u00e1s\u00fa asztali dekor\u00e1ci\u00f3 \u00e1llv\u00e1nnyal, Meska","view_count":"24","favourite_count":"0","trending_score":"0","last2MonthFavouriteCount":"0","promotion":"0","giftcard_accept":"0","creditcard_accept":false,"enhanced_background":"0","domain":"meska","specific_customer_id":null,"specific_customer_name":null,"to_order_product":"0","to_order_product_time":"0","product_different":null,"product_different_description":"","vintage":"0","vintage_category_id":"0","recycled":"0","gemstone_id":"0","customizable":"0","type_category":"physical","zerowaste":"0","postage_price":"995.00","shop_order":"0","has_category":"1","landing_pages":null,"microdata":{"number":68,"category":""},"title":"Strucctoj\u00e1s f\u00e9szekben, h\u00fasv\u00e9ti antik hat\u00e1s\u00fa asztali dekor\u00e1ci\u00f3 \u00e1llv\u00e1nnyal","description":"SK-2096. Strucctoj\u00e1s f\u00e9szekben, h\u00fasv\u00e9ti antik hat\u00e1s\u00fa asztali dekor\u00e1ci\u00f3 \u00e1llv\u00e1nnyal, 24cm x 16cm.\nA toj\u00e1st \u00e9s az \u00e1lv\u00e1nyt festettem, dombor\u00fa mint\u00e1val vintage hat\u00e1s\u00fara var\u00e1zsoltam, hogy d\u00edsz\u00edtse \u00fcnnepi asztalodat.\n\nDekor\u00e1ci\u00f3kra rendel\u00e9seket, k\u00e9r\u00e9seket sz\u00edvesen teljes\u00edtek\n\nTERM\u00c9KEIM K\u00d6ZT SOK FAJTA FESTETT-SZ\u00c1R\u00cdTOTT N\u00d6V\u00c9NYT,SZ\u00c1RAZTERM\u00c9ST,KREAT\u00cdV-HOBBY ALAPANYAGOT, illetve \u00c1LTALAM K\u00c9SZ\u00cdTETT TERM\u00c9KEKET TAL\u00c1LSZ \"KICSINY KIS BOLTOMBAN\"\n\nSZEM\u00c9LYES \u00c1TV\u00c9TELRE AZ OKTOGON K\u00d6RNY\u00c9K\u00c9N illetve Budakal\u00e1szon VAN LEHET\u0150S\u00c9G\n(OKTOGON K\u00d6RNY\u00c9K\u00c9N j\u00falius 1.- augusztus 31.-e k\u00f6z\u00f6tt nincs szem.\u00e1tv\u00e9tel)\nPost\u00e1z\u00e1s el\u0151re utal\u00e1s ut\u00e1n a mindenkori Magyar Posta illetve fut\u00e1rszolg\u00e1latok d\u00edjszab\u00e1sai szerint.\nUT\u00c1NV\u00c9T NINCS!!!!!","score":0,"formatted_price":"12 995 Ft","image_url":"https:\/\/www.meska.hu\/img\/product\/small\/o\/l\/oluskadekor_product_333297_260804231031_658940.jpeg","formatted_url":"https:\/\/www.meska.hu\/p5837766-strucctojas-feszekben-husveti-antik-hatasu-asztali-dekoracio-allvannyal","favourite":false,"in_stock":true,"avatar":"Leoca224_avatar_333297_1638868581.jpg","delete_from":0,"is_enhanced_background":false,"is_enhanced":false,"product_selection_started":false,"is_active":true,"image_webp_url":"https:\/\/www.meska.hu\/img\/product\/small\/o\/l\/oluskadekor_product_333297_260804231031_658940.webp"},{"id":"6160754","shop_id":"52160","user_id":"776265","shop_name":"ZenLayer","shop_zip":"1213","product_code":"5761633","product_name_old":null,"product_name":"Chevron Mint\u00e1s Nyuszi Toj\u00e1s Dekor 10 cm \u00e9s 8 cm-es Verzi\u00f3k","category_string":"\u00dcnnepi d\u00edszek, dekor\u00e1ci\u00f3k, H\u00fasv\u00e9ti d\u00edszek \u00e9s dekor\u00e1ci\u00f3k, H\u00fasv\u00e9ti asztald\u00edszek","technic_string":"Mindenm\u00e1s","category_1":"1818","category_2":"1803","category_3":"1796","category_4":"0","merged_category_1":null,"merged_category_2":null,"merged_category_3":null,"technic_1":"493","technic_2":"0","technic_3":"0","color_1":"519","color_2":"526","color_3":"0","product_description_old":null,"product_description":"Cuki, bord\u00e1zott toj\u00e1s-nyuszik pasztell sz\u00ednekben \u2013 nagyobb \u00e9s kisebb verzi\u00f3ban! \ud83d\udc30\ud83e\udd5a\ud83c\udf38\n\nEzek a 3D nyomtatott kis figur\u00e1k finom chevron\/zigzag mint\u00e1val \u00e9s kis l\u00e1bakkal k\u00e9sz\u00fclnek \u2013 igazi tavaszi hangulatfokoz\u00f3k polcra, asztalra, h\u00fasv\u00e9ti kos\u00e1rba vagy locsol\u00f3 meglepik\u00e9nt. A mint\u00e1zat miatt gy\u00f6ny\u00f6r\u0171en j\u00e1tssza a f\u00e9nyt!\n\nK\u00e9t m\u00e9retben kaphat\u00f3:  \n- Nagyobb verzi\u00f3: 10 cm magas  \n- Kisebb verzi\u00f3: 8 cm magas  \n\nId\u0151j\u00e1r\u00e1s\u00e1ll\u00f3 PLA anyag, matt fel\u00fclet\u0171, tapint\u00e1sra nagyon kellemes.\nAz \u00e1r egy darabra vonatkozik!\n\n\u00cdrj b\u00e1tran egyedi sz\u00ednk\u00e9r\u00e9s\u00e9rt vagy k\u00e9rd\u00e9s\u00e9rt! T\u00f6k\u00e9letes h\u00fasv\u00e9ti dekor, aj\u00e1nd\u00e9k vagy eg\u00e9sz \u00e9vben mosolyg\u00f3s mini dekor\u00e1ci\u00f3. \ud83d\udc95\ud83d\udc23","price":"1000.00","unit":"db","recommended":"0","status":"1","sponsored":"0","exp_notify":"0","own_material":"0","own_material_description_old":null,"own_material_description":"","jury":"0","jury_number":"","product_nature":"","meskaracsony":"0","create_date":"2026-07-19 16:15:08","shelve_id":"83088","image":"robimegy3d_product_776265_260318221000_576534.jpeg","image_width":"480","image_height":"637","image_alt":"Chevron Mint\u00e1s Nyuszi Toj\u00e1s Dekor 10 cm \u00e9s 8 cm-es Verzi\u00f3k, Cuki, bord\u00e1zott toj\u00e1s-nyuszik pasztell sz\u00ednekben \u2013 nagyobb \u00e9s kisebb verzi\u00f3ban! \ud83d\udc30\ud83e\udd5a\ud83c\udf38\\n\\nEzek a 3D nyomt..., Meska","image_title":"Chevron Mint\u00e1s Nyuszi Toj\u00e1s Dekor 10 cm \u00e9s 8 cm-es Verzi\u00f3k, Meska","view_count":"160","favourite_count":"0","trending_score":"0","last2MonthFavouriteCount":"0","promotion":"211","giftcard_accept":"0","creditcard_accept":true,"enhanced_background":"0","domain":"meska","specific_customer_id":null,"specific_customer_name":null,"to_order_product":"1","to_order_product_time":"2","product_different":null,"product_different_description":"","vintage":"0","vintage_category_id":"0","recycled":"0","gemstone_id":"0","customizable":"0","type_category":"physical","zerowaste":"0","postage_price":"2599.00","shop_order":"0","has_category":"1","landing_pages":null,"microdata":{"number":69,"category":""},"title":"Chevron Mint\u00e1s Nyuszi Toj\u00e1s Dekor 10 cm \u00e9s 8 cm-es Verzi\u00f3k","description":"Cuki, bord\u00e1zott toj\u00e1s-nyuszik pasztell sz\u00ednekben \u2013 nagyobb \u00e9s kisebb verzi\u00f3ban! \ud83d\udc30\ud83e\udd5a\ud83c\udf38\n\nEzek a 3D nyomtatott kis figur\u00e1k finom chevron\/zigzag mint\u00e1val \u00e9s kis l\u00e1bakkal k\u00e9sz\u00fclnek \u2013 igazi tavaszi hangulatfokoz\u00f3k polcra, asztalra, h\u00fasv\u00e9ti kos\u00e1rba vagy locsol\u00f3 meglepik\u00e9nt. A mint\u00e1zat miatt gy\u00f6ny\u00f6r\u0171en j\u00e1tssza a f\u00e9nyt!\n\nK\u00e9t m\u00e9retben kaphat\u00f3:  \n- Nagyobb verzi\u00f3: 10 cm magas  \n- Kisebb verzi\u00f3: 8 cm magas  \n\nId\u0151j\u00e1r\u00e1s\u00e1ll\u00f3 PLA anyag, matt fel\u00fclet\u0171, tapint\u00e1sra nagyon kellemes.\nAz \u00e1r egy darabra vonatkozik!\n\n\u00cdrj b\u00e1tran egyedi sz\u00ednk\u00e9r\u00e9s\u00e9rt vagy k\u00e9rd\u00e9s\u00e9rt! T\u00f6k\u00e9letes h\u00fasv\u00e9ti dekor, aj\u00e1nd\u00e9k vagy eg\u00e9sz \u00e9vben mosolyg\u00f3s mini dekor\u00e1ci\u00f3. \ud83d\udc95\ud83d\udc23","score":0,"formatted_price":"1 000 Ft","image_url":"https:\/\/www.meska.hu\/img\/product\/small\/r\/o\/robimegy3d_product_776265_260318221000_576534.jpeg","formatted_url":"https:\/\/www.meska.hu\/p5761633-chevron-mintas-nyuszi-tojas-dekor-10-cm-es-8-cm-es-verziok","favourite":false,"in_stock":false,"avatar":"776265_avatar_1776086666.jpeg","delete_from":0,"is_enhanced_background":false,"is_enhanced":false,"product_selection_started":false,"original_price":"1 000 Ft","promotion_percentage":"-30%","promoted_price":"700 Ft","promoted_price_sup":"30","ribbon":"https:\/\/www.meska.hu\/img\/promotionbanners\/GQTXZHEC0\/product_ribbon_30_1785231767.svg","is_active":true,"image_webp_url":"https:\/\/www.meska.hu\/img\/product\/small\/r\/o\/robimegy3d_product_776265_260318221000_576534.webp"},{"id":"6160684","shop_id":"52160","user_id":"776265","shop_name":"ZenLayer","shop_zip":"1213","product_code":"5761598","product_name_old":null,"product_name":"Puha hat\u00e1s\u00fa nyuszi kollekci\u00f3 10 cm 6 cm  4 cm","category_string":"\u00dcnnepi d\u00edszek, dekor\u00e1ci\u00f3k, H\u00fasv\u00e9ti d\u00edszek \u00e9s dekor\u00e1ci\u00f3k, H\u00fasv\u00e9ti asztald\u00edszek","technic_string":"Mindenm\u00e1s","category_1":"1818","category_2":"1803","category_3":"1796","category_4":"0","merged_category_1":null,"merged_category_2":null,"merged_category_3":null,"technic_1":"493","technic_2":"0","technic_3":"0","color_1":"515","color_2":"519","color_3":"529","product_description_old":null,"product_description":"Im\u00e1dnival\u00f3 text\u00far\u00e1lt, fonalhat\u00e1s\u00fa nyuszik \u2013 igazi boh\u00e9m tavaszi dekor! \ud83d\udc30\ud83c\udf3e\ud83d\udc95\n\nEzek a 3D nyomtatott kis nyulak finom, fonalszer\u0171 fel\u00fclettel k\u00e9sz\u00fclnek, mintha k\u00e9zzel tekert\u00e9k volna \u0151ket puha fonalb\u00f3l \u2013 nagyon term\u00e9szetes, meleg \u00e9s tapinthat\u00f3 \u00e9rz\u00e9s\u00fck van. T\u00f6k\u00e9letes polcra, ablakp\u00e1rk\u00e1nyra, h\u00fasv\u00e9ti asztalra, mini kos\u00e1rba vagy locsol\u00f3aj\u00e1nd\u00e9kba!\n\nH\u00e1rom m\u00e9retben kaphat\u00f3:  \n- Nagy: 10 cm magas  \n- K\u00f6zepes: 6 cm magas  \n- Kicsi: 4 \nEl\u00e9rhet\u0151 t\u00f6bb sz\u00ednben!\nAz \u00e1r 3 darabra vonatkozik! Egy kicsi egy k\u00f6zepes es egy nagy!\n\n\u00cdrj b\u00e1tran, ha egyedi sz\u00ednt vagy nagyobb mennyis\u00e9get szeretn\u00e9l! Ezek a mini nyuszik t\u00f6k\u00e9letesek aj\u00e1nd\u00e9kba, h\u00fasv\u00e9ti dekorba vagy eg\u00e9sz \u00e9vben mosolyg\u00f3s otthoni kieg\u00e9sz\u00edt\u0151nek. \ud83d\udc23\u2728","price":"600.00","unit":"db","recommended":"0","status":"1","sponsored":"0","exp_notify":"0","own_material":"0","own_material_description_old":null,"own_material_description":"","jury":"0","jury_number":"","product_nature":"","meskaracsony":"0","create_date":"2026-07-19 16:14:59","shelve_id":"83088","image":"robimegy3d_product_776265_260318205733_045956.png","image_width":"480","image_height":"360","image_alt":"Puha hat\u00e1s\u00fa nyuszi kollekci\u00f3 10 cm 6 cm  4 cm, Im\u00e1dnival\u00f3 text\u00far\u00e1lt, fonalhat\u00e1s\u00fa nyuszik \u2013 igazi boh\u00e9m tavaszi dekor! \ud83d\udc30\ud83c\udf3e\ud83d\udc95\\n\\nEzek a 3D nyomtatott kis..., Meska","image_title":"Puha hat\u00e1s\u00fa nyuszi kollekci\u00f3 10 cm 6 cm  4 cm, Meska","view_count":"152","favourite_count":"0","trending_score":"0","last2MonthFavouriteCount":"0","promotion":"210","giftcard_accept":"0","creditcard_accept":true,"enhanced_background":"0","domain":"meska","specific_customer_id":null,"specific_customer_name":null,"to_order_product":"0","to_order_product_time":"0","product_different":null,"product_different_description":"","vintage":"0","vintage_category_id":"0","recycled":"0","gemstone_id":"0","customizable":"0","type_category":"physical","zerowaste":"0","postage_price":"2599.00","shop_order":"0","has_category":"1","landing_pages":null,"microdata":{"number":70,"category":""},"title":"Puha hat\u00e1s\u00fa nyuszi kollekci\u00f3 10 cm 6 cm  4 cm","description":"Im\u00e1dnival\u00f3 text\u00far\u00e1lt, fonalhat\u00e1s\u00fa nyuszik \u2013 igazi boh\u00e9m tavaszi dekor! \ud83d\udc30\ud83c\udf3e\ud83d\udc95\n\nEzek a 3D nyomtatott kis nyulak finom, fonalszer\u0171 fel\u00fclettel k\u00e9sz\u00fclnek, mintha k\u00e9zzel tekert\u00e9k volna \u0151ket puha fonalb\u00f3l \u2013 nagyon term\u00e9szetes, meleg \u00e9s tapinthat\u00f3 \u00e9rz\u00e9s\u00fck van. T\u00f6k\u00e9letes polcra, ablakp\u00e1rk\u00e1nyra, h\u00fasv\u00e9ti asztalra, mini kos\u00e1rba vagy locsol\u00f3aj\u00e1nd\u00e9kba!\n\nH\u00e1rom m\u00e9retben kaphat\u00f3:  \n- Nagy: 10 cm magas  \n- K\u00f6zepes: 6 cm magas  \n- Kicsi: 4 \nEl\u00e9rhet\u0151 t\u00f6bb sz\u00ednben!\nAz \u00e1r 3 darabra vonatkozik! Egy kicsi egy k\u00f6zepes es egy nagy!\n\n\u00cdrj b\u00e1tran, ha egyedi sz\u00ednt vagy nagyobb mennyis\u00e9get szeretn\u00e9l! Ezek a mini nyuszik t\u00f6k\u00e9letesek aj\u00e1nd\u00e9kba, h\u00fasv\u00e9ti dekorba vagy eg\u00e9sz \u00e9vben mosolyg\u00f3s otthoni kieg\u00e9sz\u00edt\u0151nek. \ud83d\udc23\u2728","score":0,"formatted_price":"600 Ft","image_url":"https:\/\/www.meska.hu\/img\/product\/small\/r\/o\/robimegy3d_product_776265_260318205733_045956.png","formatted_url":"https:\/\/www.meska.hu\/p5761598-puha-hatasu-nyuszi-kollekcio-10-cm-6-cm-4-cm","favourite":false,"in_stock":true,"avatar":"776265_avatar_1776086666.jpeg","delete_from":0,"is_enhanced_background":false,"is_enhanced":false,"product_selection_started":false,"original_price":"600 Ft","promotion_percentage":"-20%","promoted_price":"480 Ft","promoted_price_sup":"20","ribbon":"https:\/\/www.meska.hu\/img\/promotionbanners\/GQTXZHEC0\/product_ribbon_20_1785231767.svg","is_active":true,"image_webp_url":"https:\/\/www.meska.hu\/img\/product\/small\/r\/o\/robimegy3d_product_776265_260318205733_045956.webp"},{"id":"6300778","shop_id":"36521","user_id":"482457","shop_name":"Lilitunderkertje","shop_zip":"4029","product_code":"5837443","product_name_old":null,"product_name":"Nyuszi p\u00e1r","category_string":"\u00dcnnepi d\u00edszek, dekor\u00e1ci\u00f3k, H\u00fasv\u00e9ti d\u00edszek \u00e9s dekor\u00e1ci\u00f3k, H\u00fasv\u00e9ti asztald\u00edszek","technic_string":"Baba-\u00e9s b\u00e1bk\u00e9sz\u00edt\u00e9s, Gyurma","category_1":"1818","category_2":"1803","category_3":"1796","category_4":"0","merged_category_1":null,"merged_category_2":null,"merged_category_3":null,"technic_1":"472","technic_2":"486","technic_3":"0","color_1":"519","color_2":"521","color_3":"529","product_description_old":null,"product_description":"K\u00e9zm\u0171ves d\u00edszt\u00e1rgyak modellgyurm\u00e1b\u00f3l. Vid\u00e1m pasztell sz\u00edn\u0171ek, pihe k\u00f6nny\u0171. Nem v\u00edz\u00e1ll\u00f3. Kicsi gyereknek nem adhat\u00f3ak, dekor\u00e1ci\u00f3s c\u00e9lra val\u00f3k. Tortad\u00edsznek is kit\u0171n\u0151ek.\n\negy nyuszi m\u00e9rete: kb 6 x 6 x 16 cm \n\nAz \u00e1r egy p\u00e1rra: egy fi\u00fa \u00e9s egy l\u00e1ny nyuszira vonatkozik.\nD\u00edszcsomagol\u00e1sban sz\u00e1ll\u00edtjuk.","price":"9950.00","unit":"db","recommended":"0","status":"1","sponsored":"0","exp_notify":"0","own_material":"0","own_material_description_old":null,"own_material_description":"","jury":"0","jury_number":"","product_nature":"","meskaracsony":"0","create_date":"2026-07-19 14:41:02","shelve_id":"68318","image":"lilitunderkertje_product_482457_260322163421_278549.jpeg","image_width":"480","image_height":"456","image_alt":"Nyuszi p\u00e1r, K\u00e9zm\u0171ves d\u00edszt\u00e1rgyak modellgyurm\u00e1b\u00f3l. Vid\u00e1m pasztell sz\u00edn\u0171ek, pihe k\u00f6nny\u0171. Nem v\u00edz\u00e1ll\u00f3. Kicsi gyerek..., Meska","image_title":"Nyuszi p\u00e1r, Meska","view_count":"57","favourite_count":"0","trending_score":"0","last2MonthFavouriteCount":"0","promotion":"0","giftcard_accept":"0","creditcard_accept":true,"enhanced_background":"0","domain":"meska","specific_customer_id":null,"specific_customer_name":null,"to_order_product":"0","to_order_product_time":"0","product_different":null,"product_different_description":"","vintage":"0","vintage_category_id":"0","recycled":"0","gemstone_id":"0","customizable":"0","type_category":"physical","zerowaste":"0","postage_price":"2390.00","shop_order":"1","has_category":"1","landing_pages":null,"microdata":{"number":71,"category":""},"title":"Nyuszi p\u00e1r","description":"K\u00e9zm\u0171ves d\u00edszt\u00e1rgyak modellgyurm\u00e1b\u00f3l. Vid\u00e1m pasztell sz\u00edn\u0171ek, pihe k\u00f6nny\u0171. Nem v\u00edz\u00e1ll\u00f3. Kicsi gyereknek nem adhat\u00f3ak, dekor\u00e1ci\u00f3s c\u00e9lra val\u00f3k. Tortad\u00edsznek is kit\u0171n\u0151ek.\n\negy nyuszi m\u00e9rete: kb 6 x 6 x 16 cm \n\nAz \u00e1r egy p\u00e1rra: egy fi\u00fa \u00e9s egy l\u00e1ny nyuszira vonatkozik.\nD\u00edszcsomagol\u00e1sban sz\u00e1ll\u00edtjuk.","score":0,"formatted_price":"9 950 Ft","image_url":"https:\/\/www.meska.hu\/img\/product\/small\/l\/i\/lilitunderkertje_product_482457_260322163421_278549.jpeg","formatted_url":"https:\/\/www.meska.hu\/p5837443-nyuszi-par","favourite":false,"in_stock":true,"avatar":"482457_avatar_1643739992.jpeg","delete_from":0,"is_enhanced_background":false,"is_enhanced":false,"product_selection_started":false,"is_active":true,"image_webp_url":"https:\/\/www.meska.hu\/img\/product\/small\/l\/i\/lilitunderkertje_product_482457_260322163421_278549.webp"},{"id":"6127125","shop_id":"30762","user_id":"333297","shop_name":"oluskadekor","shop_zip":"1036","product_code":"5740147","product_name_old":null,"product_name":"\u00d3ri\u00e1s h\u00fasv\u00e9ti toj\u00e1s, h\u00fasv\u00e9ti asztald\u00edsz, k\u00e9zm\u0171ves dekor\u00e1ci\u00f3, 25cm","category_string":"\u00dcnnepi d\u00edszek, dekor\u00e1ci\u00f3k, H\u00fasv\u00e9ti d\u00edszek \u00e9s dekor\u00e1ci\u00f3k, H\u00fasv\u00e9ti asztald\u00edszek","technic_string":"Vir\u00e1gk\u00f6t\u00e9s","category_1":"1818","category_2":"1803","category_3":"1796","category_4":"0","merged_category_1":null,"merged_category_2":null,"merged_category_3":null,"technic_1":"507","technic_2":"0","technic_3":"0","color_1":"1474","color_2":"525","color_3":"526","product_description_old":null,"product_description":"SK-2061. \u00d3ri\u00e1s h\u00fasv\u00e9ti toj\u00e1s, h\u00fasv\u00e9ti asztald\u00edsz, k\u00e9zm\u0171ves dekor\u00e1ci\u00f3, 25cm\n. Pap\u00edrvir\u00e1gokat k\u00e9sz\u00edtettem, azzal d\u00edsz\u00edetettem a toj\u00e1st, az \u00e1llv\u00e1ny - talp + v\u00e1laszthat\u00f3, - nem a dekor\u00e1ci\u00f3 r\u00e9sze - amit vintage st\u00edlus\u00fara festettem.  Az asztald\u00edsz \u00f6ssz magass\u00e1ga : 35cm.\n\nTERM\u00c9KEIM K\u00d6ZT SOK FAJTA FESTETT-SZ\u00c1R\u00cdTOTT N\u00d6V\u00c9NYT,SZ\u00c1RAZTERM\u00c9ST,KREAT\u00cdV-HOBBY ALAPANYAGOT,\u00c1LTALAM K\u00c9SZ\u00cdTETT DEKOROKAT TAL\u00c1LSZ \"KICSINY KIS BOLTOMBAN\"\n\nSZEM\u00c9LYES \u00c1TV\u00c9TELRE Budakal\u00e1szon VAN LEHET\u0150S\u00c9G\n\nEl\u0151re utal\u00e1s ut\u00e1n a term\u00e9k post\u00e1z\u00e1sra ker\u00fcl,m\u00e9ret\u00e9n\u00e9l fogva MPL-el tudom csak k\u00fcldeni\nPost\u00e1z\u00e1s a mindenkori Magyar Posta illetve fut\u00e1rszolg\u00e1latok d\u00edjszab\u00e1sai a m\u00e9rvad\u00f3k.UT\u00c1NV\u00c9T NINCS !!!!","price":"9995.00","unit":"db","recommended":"0","status":"1","sponsored":"0","exp_notify":"0","own_material":"0","own_material_description_old":null,"own_material_description":"","jury":"0","jury_number":"","product_nature":"","meskaracsony":"0","create_date":"2026-07-19 10:04:15","shelve_id":"68122","image":"oluskadekor_product_333297_260804232838_1879100.jpeg","image_width":"480","image_height":"618","image_alt":"\u00d3ri\u00e1s h\u00fasv\u00e9ti toj\u00e1s, h\u00fasv\u00e9ti asztald\u00edsz, k\u00e9zm\u0171ves dekor\u00e1ci\u00f3, 25cm, SK-2061. \u00d3ri\u00e1s h\u00fasv\u00e9ti toj\u00e1s, h\u00fasv\u00e9ti asztald\u00edsz, k\u00e9zm\u0171ves dekor\u00e1ci\u00f3, 25cm\\n. Pap\u00edrvir\u00e1gokat k\u00e9sz\u00edtet..., Meska","image_title":"\u00d3ri\u00e1s h\u00fasv\u00e9ti toj\u00e1s, h\u00fasv\u00e9ti asztald\u00edsz, k\u00e9zm\u0171ves dekor\u00e1ci\u00f3, 25cm, Meska","view_count":"129","favourite_count":"0","trending_score":"0","last2MonthFavouriteCount":"0","promotion":"0","giftcard_accept":"0","creditcard_accept":false,"enhanced_background":"0","domain":"meska","specific_customer_id":null,"specific_customer_name":null,"to_order_product":"0","to_order_product_time":"0","product_different":null,"product_different_description":"","vintage":"0","vintage_category_id":"0","recycled":"0","gemstone_id":"0","customizable":"0","type_category":"physical","zerowaste":"0","postage_price":"995.00","shop_order":"0","has_category":"1","landing_pages":null,"microdata":{"number":72,"category":""},"title":"\u00d3ri\u00e1s h\u00fasv\u00e9ti toj\u00e1s, h\u00fasv\u00e9ti asztald\u00edsz, k\u00e9zm\u0171ves dekor\u00e1ci\u00f3, 25cm","description":"SK-2061. \u00d3ri\u00e1s h\u00fasv\u00e9ti toj\u00e1s, h\u00fasv\u00e9ti asztald\u00edsz, k\u00e9zm\u0171ves dekor\u00e1ci\u00f3, 25cm\n. Pap\u00edrvir\u00e1gokat k\u00e9sz\u00edtettem, azzal d\u00edsz\u00edetettem a toj\u00e1st, az \u00e1llv\u00e1ny - talp + v\u00e1laszthat\u00f3, - nem a dekor\u00e1ci\u00f3 r\u00e9sze - amit vintage st\u00edlus\u00fara festettem.  Az asztald\u00edsz \u00f6ssz magass\u00e1ga : 35cm.\n\nTERM\u00c9KEIM K\u00d6ZT SOK FAJTA FESTETT-SZ\u00c1R\u00cdTOTT N\u00d6V\u00c9NYT,SZ\u00c1RAZTERM\u00c9ST,KREAT\u00cdV-HOBBY ALAPANYAGOT,\u00c1LTALAM K\u00c9SZ\u00cdTETT DEKOROKAT TAL\u00c1LSZ \"KICSINY KIS BOLTOMBAN\"\n\nSZEM\u00c9LYES \u00c1TV\u00c9TELRE Budakal\u00e1szon VAN LEHET\u0150S\u00c9G\n\nEl\u0151re utal\u00e1s ut\u00e1n a term\u00e9k post\u00e1z\u00e1sra ker\u00fcl,m\u00e9ret\u00e9n\u00e9l fogva MPL-el tudom csak k\u00fcldeni\nPost\u00e1z\u00e1s a mindenkori Magyar Posta illetve fut\u00e1rszolg\u00e1latok d\u00edjszab\u00e1sai a m\u00e9rvad\u00f3k.UT\u00c1NV\u00c9T NINCS !!!!","score":0,"formatted_price":"9 995 Ft","image_url":"https:\/\/www.meska.hu\/img\/product\/small\/o\/l\/oluskadekor_product_333297_260804232838_1879100.jpeg","formatted_url":"https:\/\/www.meska.hu\/p5740147-sk-2050-szarazvirag-falidisz-nagy","favourite":false,"in_stock":true,"avatar":"Leoca224_avatar_333297_1638868581.jpg","delete_from":0,"is_enhanced_background":false,"is_enhanced":false,"product_selection_started":false,"is_active":true,"image_webp_url":"https:\/\/www.meska.hu\/img\/product\/small\/o\/l\/oluskadekor_product_333297_260804232838_1879100.webp"},{"id":"6299841","shop_id":"30762","user_id":"333297","shop_name":"oluskadekor","shop_zip":"1036","product_code":"5836639","product_name_old":null,"product_name":"H\u00fasv\u00e9ti toj\u00e1s selyemvir\u00e1ggal, asztald\u00edsz, home dekor\u00e1ci\u00f3, k\u00e9zm\u0171ves term\u00e9k, 12cm","category_string":"\u00dcnnepi d\u00edszek, dekor\u00e1ci\u00f3k, H\u00fasv\u00e9ti d\u00edszek \u00e9s dekor\u00e1ci\u00f3k, H\u00fasv\u00e9ti asztald\u00edszek","technic_string":"Vir\u00e1gk\u00f6t\u00e9s","category_1":"1818","category_2":"1803","category_3":"1796","category_4":"0","merged_category_1":null,"merged_category_2":null,"merged_category_3":null,"technic_1":"507","technic_2":"0","technic_3":"0","color_1":"526","color_2":"528","color_3":"529","product_description_old":null,"product_description":"SK-2099. H\u00fasv\u00e9ti toj\u00e1s selyemvir\u00e1ggal, asztald\u00edsz, home dekor\u00e1ci\u00f3, k\u00e9zm\u0171ves term\u00e9k, 12cm\nPolisztirol toj\u00e1st festettem menta sz\u00edn\u0171re, selyemvir\u00e1gokkal d\u00edsz\u00edtettem.\n\nAz \u00e1r 1 darabra \u00e9rtend\u0151!\n\nDekor\u00e1ci\u00f3kra rendel\u00e9seket, k\u00e9r\u00e9seket sz\u00edvesen teljes\u00edtek\n\nTERM\u00c9KEIM K\u00d6ZT SOK FAJTA FESTETT-SZ\u00c1R\u00cdTOTT N\u00d6V\u00c9NYT,SZ\u00c1RAZTERM\u00c9ST,KREAT\u00cdV-HOBBY ALAPANYAGOT, illetve \u00c1LTALAM K\u00c9SZ\u00cdTETT TERM\u00c9KEKET TAL\u00c1LSZ \"KICSINY KIS BOLTOMBAN\"\n\nSZEM\u00c9LYES \u00c1TV\u00c9TELRE AZ OKTOGON K\u00d6RNY\u00c9K\u00c9N illetve Budakal\u00e1szon VAN LEHET\u0150S\u00c9G\n(OKTOGON K\u00d6RNY\u00c9K\u00c9N j\u00falius 1.- augusztus 31.-e k\u00f6z\u00f6tt nincs szem.\u00e1tv\u00e9tel)\nPost\u00e1z\u00e1s el\u0151re utal\u00e1s ut\u00e1n a mindenkori Magyar Posta illetve fut\u00e1rszolg\u00e1latok d\u00edjszab\u00e1sai szerint.","price":"3995.00","unit":"db","recommended":"0","status":"1","sponsored":"0","exp_notify":"0","own_material":"0","own_material_description_old":null,"own_material_description":"","jury":"0","jury_number":"","product_nature":"","meskaracsony":"0","create_date":"2026-07-19 09:56:45","shelve_id":"68122","image":"oluskadekor_product_333297_260806072048_214183.jpeg","image_width":"480","image_height":"362","image_alt":"H\u00fasv\u00e9ti toj\u00e1s selyemvir\u00e1ggal, asztald\u00edsz, home dekor\u00e1ci\u00f3, k\u00e9zm\u0171ves term\u00e9k, 12cm, SK-2099. H\u00fasv\u00e9ti toj\u00e1s selyemvir\u00e1ggal, asztald\u00edsz, home dekor\u00e1ci\u00f3, k\u00e9zm\u0171ves term\u00e9k, 12cm\\nPolisztirol..., Meska","image_title":"H\u00fasv\u00e9ti toj\u00e1s selyemvir\u00e1ggal, asztald\u00edsz, home dekor\u00e1ci\u00f3, k\u00e9zm\u0171ves term\u00e9k, 12cm, Meska","view_count":"39","favourite_count":"0","trending_score":"0","last2MonthFavouriteCount":"0","promotion":"0","giftcard_accept":"0","creditcard_accept":false,"enhanced_background":"0","domain":"meska","specific_customer_id":null,"specific_customer_name":null,"to_order_product":"0","to_order_product_time":"0","product_different":null,"product_different_description":"","vintage":"0","vintage_category_id":"0","recycled":"0","gemstone_id":"0","customizable":"0","type_category":"physical","zerowaste":"0","postage_price":"995.00","shop_order":"0","has_category":"1","landing_pages":null,"microdata":{"number":73,"category":""},"title":"H\u00fasv\u00e9ti toj\u00e1s selyemvir\u00e1ggal, asztald\u00edsz, home dekor\u00e1ci\u00f3, k\u00e9zm\u0171ves term\u00e9k, 12cm","description":"SK-2099. H\u00fasv\u00e9ti toj\u00e1s selyemvir\u00e1ggal, asztald\u00edsz, home dekor\u00e1ci\u00f3, k\u00e9zm\u0171ves term\u00e9k, 12cm\nPolisztirol toj\u00e1st festettem menta sz\u00edn\u0171re, selyemvir\u00e1gokkal d\u00edsz\u00edtettem.\n\nAz \u00e1r 1 darabra \u00e9rtend\u0151!\n\nDekor\u00e1ci\u00f3kra rendel\u00e9seket, k\u00e9r\u00e9seket sz\u00edvesen teljes\u00edtek\n\nTERM\u00c9KEIM K\u00d6ZT SOK FAJTA FESTETT-SZ\u00c1R\u00cdTOTT N\u00d6V\u00c9NYT,SZ\u00c1RAZTERM\u00c9ST,KREAT\u00cdV-HOBBY ALAPANYAGOT, illetve \u00c1LTALAM K\u00c9SZ\u00cdTETT TERM\u00c9KEKET TAL\u00c1LSZ \"KICSINY KIS BOLTOMBAN\"\n\nSZEM\u00c9LYES \u00c1TV\u00c9TELRE AZ OKTOGON K\u00d6RNY\u00c9K\u00c9N illetve Budakal\u00e1szon VAN LEHET\u0150S\u00c9G\n(OKTOGON K\u00d6RNY\u00c9K\u00c9N j\u00falius 1.- augusztus 31.-e k\u00f6z\u00f6tt nincs szem.\u00e1tv\u00e9tel)\nPost\u00e1z\u00e1s el\u0151re utal\u00e1s ut\u00e1n a mindenkori Magyar Posta illetve fut\u00e1rszolg\u00e1latok d\u00edjszab\u00e1sai szerint.","score":0,"formatted_price":"3 995 Ft","image_url":"https:\/\/www.meska.hu\/img\/product\/small\/o\/l\/oluskadekor_product_333297_260806072048_214183.jpeg","formatted_url":"https:\/\/www.meska.hu\/p5836639-husveti-tojas-selyemviraggal-asztaldisz-home-dekoracio-kezmuves-termek-12cm","favourite":false,"in_stock":true,"avatar":"Leoca224_avatar_333297_1638868581.jpg","delete_from":0,"is_enhanced_background":false,"is_enhanced":false,"product_selection_started":false,"is_active":true,"image_webp_url":"https:\/\/www.meska.hu\/img\/product\/small\/o\/l\/oluskadekor_product_333297_260806072048_214183.webp"},{"id":"4065915","shop_id":"19710","user_id":"191983","shop_name":"pagi28","shop_zip":"5300","product_code":"2725670","product_name_old":null,"product_name":"Apr\u00f3 h\u00fasv\u00e9ti lib\u00e1k","category_string":"\u00dcnnepi d\u00edszek, dekor\u00e1ci\u00f3k, H\u00fasv\u00e9ti d\u00edszek \u00e9s dekor\u00e1ci\u00f3k, H\u00fasv\u00e9ti asztald\u00edszek","technic_string":"H\u00edmz\u00e9s, Varr\u00e1s","category_1":"1818","category_2":"1803","category_3":"1796","category_4":"0","merged_category_1":null,"merged_category_2":null,"merged_category_3":null,"technic_1":"487","technic_2":"506","technic_3":"0","color_1":"519","color_2":"520","color_3":"568","product_description_old":null,"product_description":"Gyapj\u00fa filcb\u0151l varrtam ezeket a kislib\u00e1kat, majd t\u00f6lt\u0151anyaggal t\u00f6lt\u00f6ttem \u00e9s h\u00edmeztem \u0151ket.\nnyakukra masnit k\u00f6t\u00f6ttem.\nA libusok a saj\u00e1t talpukon \u00e1llnak, de k\u00e9r\u00e9sre k\u00e9sz\u00edtek r\u00e1 akaszt\u00f3t.\nM\u00e9ret\u00fck. 9,5- 10cm\n\nAz \u00e1ra a 2db-re vonatkozik","price":"3600.00","unit":"db","recommended":"0","status":"1","sponsored":"0","exp_notify":"0","own_material":"0","own_material_description_old":null,"own_material_description":"","jury":"0","jury_number":"","product_nature":"","meskaracsony":"0","create_date":"2026-07-19 09:52:37","shelve_id":"64269","image":"pagi28_product_191983_160321075237_1098.jpeg","image_width":"480","image_height":"401","image_alt":"Apr\u00f3 h\u00fasv\u00e9ti lib\u00e1k, Gyapj\u00fa filcb\u0151l varrtam ezeket a kislib\u00e1kat, majd t\u00f6lt\u0151anyaggal t\u00f6lt\u00f6ttem \u00e9s h\u00edmeztem \u0151ket.\\nnyakukra ..., Meska","image_title":"Apr\u00f3 h\u00fasv\u00e9ti lib\u00e1k, Meska","view_count":"374","favourite_count":"0","trending_score":"0","last2MonthFavouriteCount":"0","promotion":"0","giftcard_accept":"0","creditcard_accept":true,"enhanced_background":"0","domain":"meska","specific_customer_id":null,"specific_customer_name":null,"to_order_product":"0","to_order_product_time":"0","product_different":null,"product_different_description":"","vintage":"0","vintage_category_id":"0","recycled":"0","gemstone_id":"0","customizable":"0","type_category":"physical","zerowaste":"0","postage_price":"1290.00","shop_order":"1","has_category":"1","landing_pages":null,"microdata":{"number":74,"category":""},"title":"Apr\u00f3 h\u00fasv\u00e9ti lib\u00e1k","description":"Gyapj\u00fa filcb\u0151l varrtam ezeket a kislib\u00e1kat, majd t\u00f6lt\u0151anyaggal t\u00f6lt\u00f6ttem \u00e9s h\u00edmeztem \u0151ket.\nnyakukra masnit k\u00f6t\u00f6ttem.\nA libusok a saj\u00e1t talpukon \u00e1llnak, de k\u00e9r\u00e9sre k\u00e9sz\u00edtek r\u00e1 akaszt\u00f3t.\nM\u00e9ret\u00fck. 9,5- 10cm\n\nAz \u00e1ra a 2db-re vonatkozik","score":0,"formatted_price":"3 600 Ft","image_url":"https:\/\/www.meska.hu\/img\/product\/small\/p\/a\/pagi28_product_191983_160321075237_1098.jpeg","formatted_url":"https:\/\/www.meska.hu\/p2725670-apro-husveti-libak","favourite":false,"in_stock":true,"avatar":null,"delete_from":0,"is_enhanced_background":false,"is_enhanced":false,"product_selection_started":false,"is_active":true,"image_webp_url":"https:\/\/www.meska.hu\/img\/product\/small\/p\/a\/pagi28_product_191983_160321075237_1098.webp"},{"id":"4903672","shop_id":"37631","user_id":"478616","shop_name":"ZuzmoLand","shop_zip":"1215","product_code":"5016762","product_name_old":null,"product_name":"H\u00fasv\u00e9ti Izlandi zuzm\u00f3 asztald\u00edsz","category_string":"\u00dcnnepi d\u00edszek, dekor\u00e1ci\u00f3k, H\u00fasv\u00e9ti asztald\u00edszek, H\u00fasv\u00e9ti d\u00edszek \u00e9s dekor\u00e1ci\u00f3k","technic_string":"Vir\u00e1gk\u00f6t\u00e9s","category_1":"1796","category_2":"1803","category_3":"1818","category_4":"0","merged_category_1":null,"merged_category_2":null,"merged_category_3":null,"technic_1":"507","technic_2":"0","technic_3":"0","color_1":"514","color_2":"529","color_3":"0","product_description_old":null,"product_description":"25 cm hossz\u00fa ov\u00e1lis form\u00e1ban vil\u00e1gosz\u00f6ld izlandi zuzm\u00f3.\n\nR\u00e1zd fel az unalmas bels\u0151 tereket extravag\u00e1ns zuzm\u00f3 k\u00e9pekkel!\n\nAz izlandi zuzm\u00f3b\u00f3l k\u00e9sz\u00fclt dekor\u00e1ci\u00f3 lak\u00e1sod, irod\u00e1d d\u00edsze vagy kint\u0171n\u0151 aj\u00e1nd\u00e9k lehet n\u0151knek \u00e9s f\u00e9rfiaknak egyar\u00e1nt\n\nMit kell tudni az izlandi zuzm\u00f3rol?\nA sarkvid\u00e9ki erd\u0151k talaj\u00e1n \u00e9l. Miut\u00e1n k\u00e9zzel felszedik a zuzm\u00f3t speci\u00e1lis elj\u00e1r\u00e1ssal, term\u00e9szetes, n\u00f6v\u00e9nyi alap\u00fa oldattal tart\u00f3s\u00edtj\u00e1k, \u00edgy ennek k\u00f6sz\u00f6nhet\u0151en t\u00f6bb \u00e9vig is megtartja a frissess\u00e9g\u00e9t \u00e9s eredeti szivacsos \u00e1llag\u00e1t.\n\nMilyen elhelyez\u00e9s javasolt?\nBelt\u00e9ri elhelyez\u00e9se javasolt. K\u00f6zvetlen nedvess\u00e9gnek \u00e9s UV sug\u00e1rz\u00e1snak nem c\u00e9lszer\u0171 kitenni. Nagyon alacsony p\u00e1ratartalomn\u00e1l elvesz\u00edtheti a rugalmass\u00e1g\u00e1t \u00e9s kikem\u00e9nyedhet, de a p\u00e1ratartalom vissza\u00e1ll\u00edt\u00e1s\u00e1val visszanyeri \u00e1llag\u00e1t. Lak\u00e1sban vagy irod\u00e1ban jav\u00edtja a leveg\u0151 min\u0151s\u00e9g\u00e9t.\n\nMire \u00e9rdemes \u00fcgyelni a gondoz\u00e1sakor?\nA zuzm\u00f3b\u00f3l k\u00e9sz\u00edtett dekor\u00e1ci\u00f3 karbantart\u00e1smentes, nem ig\u00e9nyel napf\u00e9nyt, nem kell t\u00e1poldatozni vagy locsolni, mert a leveg\u0151 p\u00e1ratartalm\u00e1b\u00f3l nyeri nedvess\u00e9gsz\u00fcks\u00e9glet\u00e9t. Teljes m\u00e9rt\u00e9kben hipoallerg\u00e9n, t\u0171z\u00e1ll\u00f3, rovarmentes.\n\nFontos!\nA zuzm\u00f3 NEM m\u0171anyagb\u00f3l k\u00e9sz\u00fclt!\nA zuzm\u00f3 nem n\u0151 \u00e9s nem terjed az elk\u00e9sz\u00fclt festm\u00e9nyen.","price":"15000.00","unit":"db","recommended":"0","status":"1","sponsored":"0","exp_notify":"0","own_material":"0","own_material_description_old":null,"own_material_description":"","jury":"0","jury_number":"","product_nature":"","meskaracsony":"0","create_date":"2026-07-19 06:29:49","shelve_id":"0","image":"zuzmoland_product_478616_230114193617_199352.jpeg","image_width":"480","image_height":"360","image_alt":"H\u00fasv\u00e9ti Izlandi zuzm\u00f3 asztald\u00edsz, 25 cm hossz\u00fa ov\u00e1lis form\u00e1ban vil\u00e1gosz\u00f6ld izlandi zuzm\u00f3.\\n\\nR\u00e1zd fel az unalmas bels\u0151 tereket extravag\u00e1..., Meska","image_title":"H\u00fasv\u00e9ti Izlandi zuzm\u00f3 asztald\u00edsz, Meska","view_count":"382","favourite_count":"0","trending_score":"0","last2MonthFavouriteCount":"0","promotion":"0","giftcard_accept":"0","creditcard_accept":false,"enhanced_background":"0","domain":"meska","specific_customer_id":null,"specific_customer_name":null,"to_order_product":"0","to_order_product_time":"0","product_different":null,"product_different_description":"","vintage":"0","vintage_category_id":"0","recycled":"1","gemstone_id":"0","customizable":"0","type_category":"physical","zerowaste":"1","postage_price":"2390.00","shop_order":"0","has_category":"1","landing_pages":null,"microdata":{"number":75,"category":""},"title":"H\u00fasv\u00e9ti Izlandi zuzm\u00f3 asztald\u00edsz","description":"25 cm hossz\u00fa ov\u00e1lis form\u00e1ban vil\u00e1gosz\u00f6ld izlandi zuzm\u00f3.\n\nR\u00e1zd fel az unalmas bels\u0151 tereket extravag\u00e1ns zuzm\u00f3 k\u00e9pekkel!\n\nAz izlandi zuzm\u00f3b\u00f3l k\u00e9sz\u00fclt dekor\u00e1ci\u00f3 lak\u00e1sod, irod\u00e1d d\u00edsze vagy kint\u0171n\u0151 aj\u00e1nd\u00e9k lehet n\u0151knek \u00e9s f\u00e9rfiaknak egyar\u00e1nt\n\nMit kell tudni az izlandi zuzm\u00f3rol?\nA sarkvid\u00e9ki erd\u0151k talaj\u00e1n \u00e9l. Miut\u00e1n k\u00e9zzel felszedik a zuzm\u00f3t speci\u00e1lis elj\u00e1r\u00e1ssal, term\u00e9szetes, n\u00f6v\u00e9nyi alap\u00fa oldattal tart\u00f3s\u00edtj\u00e1k, \u00edgy ennek k\u00f6sz\u00f6nhet\u0151en t\u00f6bb \u00e9vig is megtartja a frissess\u00e9g\u00e9t \u00e9s eredeti szivacsos \u00e1llag\u00e1t.\n\nMilyen elhelyez\u00e9s javasolt?\nBelt\u00e9ri elhelyez\u00e9se javasolt. K\u00f6zvetlen nedvess\u00e9gnek \u00e9s UV sug\u00e1rz\u00e1snak nem c\u00e9lszer\u0171 kitenni. Nagyon alacsony p\u00e1ratartalomn\u00e1l elvesz\u00edtheti a rugalmass\u00e1g\u00e1t \u00e9s kikem\u00e9nyedhet, de a p\u00e1ratartalom vissza\u00e1ll\u00edt\u00e1s\u00e1val visszanyeri \u00e1llag\u00e1t. Lak\u00e1sban vagy irod\u00e1ban jav\u00edtja a leveg\u0151 min\u0151s\u00e9g\u00e9t.\n\nMire \u00e9rdemes \u00fcgyelni a gondoz\u00e1sakor?\nA zuzm\u00f3b\u00f3l k\u00e9sz\u00edtett dekor\u00e1ci\u00f3 karbantart\u00e1smentes, nem ig\u00e9nyel napf\u00e9nyt, nem kell t\u00e1poldatozni vagy locsolni, mert a leveg\u0151 p\u00e1ratartalm\u00e1b\u00f3l nyeri nedvess\u00e9gsz\u00fcks\u00e9glet\u00e9t. Teljes m\u00e9rt\u00e9kben hipoallerg\u00e9n, t\u0171z\u00e1ll\u00f3, rovarmentes.\n\nFontos!\nA zuzm\u00f3 NEM m\u0171anyagb\u00f3l k\u00e9sz\u00fclt!\nA zuzm\u00f3 nem n\u0151 \u00e9s nem terjed az elk\u00e9sz\u00fclt festm\u00e9nyen.","score":0,"formatted_price":"15 000 Ft","image_url":"https:\/\/www.meska.hu\/img\/product\/small\/z\/u\/zuzmoland_product_478616_230114193617_199352.jpeg","formatted_url":"https:\/\/www.meska.hu\/p5016762-husveti-izlandi-zuzmo-asztaldisz","favourite":false,"in_stock":true,"avatar":"478616_avatar_1653727929.jpeg","delete_from":0,"is_enhanced_background":false,"is_enhanced":false,"product_selection_started":false,"is_active":true,"image_webp_url":"https:\/\/www.meska.hu\/img\/product\/small\/z\/u\/zuzmoland_product_478616_230114193617_199352.webp"},{"id":"4903673","shop_id":"37631","user_id":"478616","shop_name":"ZuzmoLand","shop_zip":"1215","product_code":"5016763","product_name_old":null,"product_name":"H\u00fasv\u00e9ti Izlandi zuzm\u00f3 asztald\u00edsz","category_string":"\u00dcnnepi d\u00edszek, dekor\u00e1ci\u00f3k, H\u00fasv\u00e9ti asztald\u00edszek, H\u00fasv\u00e9ti d\u00edszek \u00e9s dekor\u00e1ci\u00f3k","technic_string":"Vir\u00e1gk\u00f6t\u00e9s","category_1":"1796","category_2":"1803","category_3":"1818","category_4":"0","merged_category_1":null,"merged_category_2":null,"merged_category_3":null,"technic_1":"507","technic_2":"0","technic_3":"0","color_1":"514","color_2":"519","color_3":"529","product_description_old":null,"product_description":"20 cm \u00e1tm\u00e9r\u0151j\u0171 k\u00f6r form\u00e1ban vil\u00e1gosz\u00f6ld izlandi zuzm\u00f3.\n\nR\u00e1zd fel az unalmas bels\u0151 tereket extravag\u00e1ns zuzm\u00f3 k\u00e9pekkel!\n\nAz izlandi zuzm\u00f3b\u00f3l k\u00e9sz\u00fclt dekor\u00e1ci\u00f3 lak\u00e1sod, irod\u00e1d d\u00edsze vagy kint\u0171n\u0151 aj\u00e1nd\u00e9k lehet n\u0151knek \u00e9s f\u00e9rfiaknak egyar\u00e1nt\n\nMit kell tudni az izlandi zuzm\u00f3rol?\nA sarkvid\u00e9ki erd\u0151k talaj\u00e1n \u00e9l. Miut\u00e1n k\u00e9zzel felszedik a zuzm\u00f3t speci\u00e1lis elj\u00e1r\u00e1ssal, term\u00e9szetes, n\u00f6v\u00e9nyi alap\u00fa oldattal tart\u00f3s\u00edtj\u00e1k, \u00edgy ennek k\u00f6sz\u00f6nhet\u0151en t\u00f6bb \u00e9vig is megtartja a frissess\u00e9g\u00e9t \u00e9s eredeti szivacsos \u00e1llag\u00e1t.\n\nMilyen elhelyez\u00e9s javasolt?\nBelt\u00e9ri elhelyez\u00e9se javasolt. K\u00f6zvetlen nedvess\u00e9gnek \u00e9s UV sug\u00e1rz\u00e1snak nem c\u00e9lszer\u0171 kitenni. Nagyon alacsony p\u00e1ratartalomn\u00e1l elvesz\u00edtheti a rugalmass\u00e1g\u00e1t \u00e9s kikem\u00e9nyedhet, de a p\u00e1ratartalom vissza\u00e1ll\u00edt\u00e1s\u00e1val visszanyeri \u00e1llag\u00e1t. Lak\u00e1sban vagy irod\u00e1ban jav\u00edtja a leveg\u0151 min\u0151s\u00e9g\u00e9t.\n\nMire \u00e9rdemes \u00fcgyelni a gondoz\u00e1sakor?\nA zuzm\u00f3b\u00f3l k\u00e9sz\u00edtett dekor\u00e1ci\u00f3 karbantart\u00e1smentes, nem ig\u00e9nyel napf\u00e9nyt, nem kell t\u00e1poldatozni vagy locsolni, mert a leveg\u0151 p\u00e1ratartalm\u00e1b\u00f3l nyeri nedvess\u00e9gsz\u00fcks\u00e9glet\u00e9t. Teljes m\u00e9rt\u00e9kben hipoallerg\u00e9n, t\u0171z\u00e1ll\u00f3, rovarmentes.\n\nFontos!\nA zuzm\u00f3 NEM m\u0171anyagb\u00f3l k\u00e9sz\u00fclt!\nA zuzm\u00f3 nem n\u0151 \u00e9s nem terjed az elk\u00e9sz\u00fclt festm\u00e9nyen.","price":"17000.00","unit":"db","recommended":"0","status":"1","sponsored":"0","exp_notify":"0","own_material":"0","own_material_description_old":null,"own_material_description":"","jury":"0","jury_number":"","product_nature":"","meskaracsony":"0","create_date":"2026-07-19 06:29:47","shelve_id":"0","image":"zuzmoland_product_478616_230114193418_455963.jpeg","image_width":"480","image_height":"360","image_alt":"H\u00fasv\u00e9ti Izlandi zuzm\u00f3 asztald\u00edsz, 20 cm \u00e1tm\u00e9r\u0151j\u0171 k\u00f6r form\u00e1ban vil\u00e1gosz\u00f6ld izlandi zuzm\u00f3.\\n\\nR\u00e1zd fel az unalmas bels\u0151 tereket extravag\u00e1n..., Meska","image_title":"H\u00fasv\u00e9ti Izlandi zuzm\u00f3 asztald\u00edsz, Meska","view_count":"464","favourite_count":"0","trending_score":"0","last2MonthFavouriteCount":"0","promotion":"0","giftcard_accept":"0","creditcard_accept":false,"enhanced_background":"0","domain":"meska","specific_customer_id":null,"specific_customer_name":null,"to_order_product":"0","to_order_product_time":"0","product_different":null,"product_different_description":"","vintage":"0","vintage_category_id":"0","recycled":"1","gemstone_id":"0","customizable":"0","type_category":"physical","zerowaste":"1","postage_price":"2390.00","shop_order":"0","has_category":"1","landing_pages":null,"microdata":{"number":76,"category":""},"title":"H\u00fasv\u00e9ti Izlandi zuzm\u00f3 asztald\u00edsz","description":"20 cm \u00e1tm\u00e9r\u0151j\u0171 k\u00f6r form\u00e1ban vil\u00e1gosz\u00f6ld izlandi zuzm\u00f3.\n\nR\u00e1zd fel az unalmas bels\u0151 tereket extravag\u00e1ns zuzm\u00f3 k\u00e9pekkel!\n\nAz izlandi zuzm\u00f3b\u00f3l k\u00e9sz\u00fclt dekor\u00e1ci\u00f3 lak\u00e1sod, irod\u00e1d d\u00edsze vagy kint\u0171n\u0151 aj\u00e1nd\u00e9k lehet n\u0151knek \u00e9s f\u00e9rfiaknak egyar\u00e1nt\n\nMit kell tudni az izlandi zuzm\u00f3rol?\nA sarkvid\u00e9ki erd\u0151k talaj\u00e1n \u00e9l. Miut\u00e1n k\u00e9zzel felszedik a zuzm\u00f3t speci\u00e1lis elj\u00e1r\u00e1ssal, term\u00e9szetes, n\u00f6v\u00e9nyi alap\u00fa oldattal tart\u00f3s\u00edtj\u00e1k, \u00edgy ennek k\u00f6sz\u00f6nhet\u0151en t\u00f6bb \u00e9vig is megtartja a frissess\u00e9g\u00e9t \u00e9s eredeti szivacsos \u00e1llag\u00e1t.\n\nMilyen elhelyez\u00e9s javasolt?\nBelt\u00e9ri elhelyez\u00e9se javasolt. K\u00f6zvetlen nedvess\u00e9gnek \u00e9s UV sug\u00e1rz\u00e1snak nem c\u00e9lszer\u0171 kitenni. Nagyon alacsony p\u00e1ratartalomn\u00e1l elvesz\u00edtheti a rugalmass\u00e1g\u00e1t \u00e9s kikem\u00e9nyedhet, de a p\u00e1ratartalom vissza\u00e1ll\u00edt\u00e1s\u00e1val visszanyeri \u00e1llag\u00e1t. Lak\u00e1sban vagy irod\u00e1ban jav\u00edtja a leveg\u0151 min\u0151s\u00e9g\u00e9t.\n\nMire \u00e9rdemes \u00fcgyelni a gondoz\u00e1sakor?\nA zuzm\u00f3b\u00f3l k\u00e9sz\u00edtett dekor\u00e1ci\u00f3 karbantart\u00e1smentes, nem ig\u00e9nyel napf\u00e9nyt, nem kell t\u00e1poldatozni vagy locsolni, mert a leveg\u0151 p\u00e1ratartalm\u00e1b\u00f3l nyeri nedvess\u00e9gsz\u00fcks\u00e9glet\u00e9t. Teljes m\u00e9rt\u00e9kben hipoallerg\u00e9n, t\u0171z\u00e1ll\u00f3, rovarmentes.\n\nFontos!\nA zuzm\u00f3 NEM m\u0171anyagb\u00f3l k\u00e9sz\u00fclt!\nA zuzm\u00f3 nem n\u0151 \u00e9s nem terjed az elk\u00e9sz\u00fclt festm\u00e9nyen.","score":0,"formatted_price":"17 000 Ft","image_url":"https:\/\/www.meska.hu\/img\/product\/small\/z\/u\/zuzmoland_product_478616_230114193418_455963.jpeg","formatted_url":"https:\/\/www.meska.hu\/p5016763-husveti-izlandi-zuzmo-asztaldisz","favourite":false,"in_stock":true,"avatar":"478616_avatar_1653727929.jpeg","delete_from":0,"is_enhanced_background":false,"is_enhanced":false,"product_selection_started":false,"is_active":true,"image_webp_url":"https:\/\/www.meska.hu\/img\/product\/small\/z\/u\/zuzmoland_product_478616_230114193418_455963.webp"},{"id":"4903674","shop_id":"37631","user_id":"478616","shop_name":"ZuzmoLand","shop_zip":"1215","product_code":"5016764","product_name_old":null,"product_name":"H\u00fas\u00e9vti Izlandi zuzm\u00f3 asztald\u00edsz","category_string":"\u00dcnnepi d\u00edszek, dekor\u00e1ci\u00f3k, H\u00fasv\u00e9ti d\u00edszek \u00e9s dekor\u00e1ci\u00f3k, H\u00fasv\u00e9ti asztald\u00edszek","technic_string":"Vir\u00e1gk\u00f6t\u00e9s","category_1":"1818","category_2":"1803","category_3":"1796","category_4":"0","merged_category_1":null,"merged_category_2":null,"merged_category_3":null,"technic_1":"507","technic_2":"0","technic_3":"0","color_1":"514","color_2":"519","color_3":"529","product_description_old":null,"product_description":"20 cm hossz\u00fa henger form\u00e1ban vil\u00e1gosz\u00f6ld izlandi zuzm\u00f3.\n\nR\u00e1zd fel az unalmas bels\u0151 tereket extravag\u00e1ns zuzm\u00f3 k\u00e9pekkel!\n\nAz izlandi zuzm\u00f3b\u00f3l k\u00e9sz\u00fclt dekor\u00e1ci\u00f3 lak\u00e1sod, irod\u00e1d d\u00edsze vagy kint\u0171n\u0151 aj\u00e1nd\u00e9k lehet n\u0151knek \u00e9s f\u00e9rfiaknak egyar\u00e1nt\n\nMit kell tudni az izlandi zuzm\u00f3rol?\nA sarkvid\u00e9ki erd\u0151k talaj\u00e1n \u00e9l. Miut\u00e1n k\u00e9zzel felszedik a zuzm\u00f3t speci\u00e1lis elj\u00e1r\u00e1ssal, term\u00e9szetes, n\u00f6v\u00e9nyi alap\u00fa oldattal tart\u00f3s\u00edtj\u00e1k, \u00edgy ennek k\u00f6sz\u00f6nhet\u0151en t\u00f6bb \u00e9vig is megtartja a frissess\u00e9g\u00e9t \u00e9s eredeti szivacsos \u00e1llag\u00e1t.\n\nMilyen elhelyez\u00e9s javasolt?\nBelt\u00e9ri elhelyez\u00e9se javasolt. K\u00f6zvetlen nedvess\u00e9gnek \u00e9s UV sug\u00e1rz\u00e1snak nem c\u00e9lszer\u0171 kitenni. Nagyon alacsony p\u00e1ratartalomn\u00e1l elvesz\u00edtheti a rugalmass\u00e1g\u00e1t \u00e9s kikem\u00e9nyedhet, de a p\u00e1ratartalom vissza\u00e1ll\u00edt\u00e1s\u00e1val visszanyeri \u00e1llag\u00e1t. Lak\u00e1sban vagy irod\u00e1ban jav\u00edtja a leveg\u0151 min\u0151s\u00e9g\u00e9t.\n\nMire \u00e9rdemes \u00fcgyelni a gondoz\u00e1sakor?\nA zuzm\u00f3b\u00f3l k\u00e9sz\u00edtett dekor\u00e1ci\u00f3 karbantart\u00e1smentes, nem ig\u00e9nyel napf\u00e9nyt, nem kell t\u00e1poldatozni vagy locsolni, mert a leveg\u0151 p\u00e1ratartalm\u00e1b\u00f3l nyeri nedvess\u00e9gsz\u00fcks\u00e9glet\u00e9t. Teljes m\u00e9rt\u00e9kben hipoallerg\u00e9n, t\u0171z\u00e1ll\u00f3, rovarmentes.\n\nFontos!\nA zuzm\u00f3 NEM m\u0171anyagb\u00f3l k\u00e9sz\u00fclt!\nA zuzm\u00f3 nem n\u0151 \u00e9s nem terjed az elk\u00e9sz\u00fclt festm\u00e9nyen.","price":"15000.00","unit":"db","recommended":"0","status":"1","sponsored":"0","exp_notify":"0","own_material":"0","own_material_description_old":null,"own_material_description":"","jury":"0","jury_number":"","product_nature":"","meskaracsony":"0","create_date":"2026-07-19 06:29:38","shelve_id":"0","image":"zuzmoland_product_478616_230114192549_691522.jpeg","image_width":"480","image_height":"360","image_alt":"H\u00fas\u00e9vti Izlandi zuzm\u00f3 asztald\u00edsz, 20 cm hossz\u00fa henger form\u00e1ban vil\u00e1gosz\u00f6ld izlandi zuzm\u00f3.\\n\\nR\u00e1zd fel az unalmas bels\u0151 tereket extravag\u00e1..., Meska","image_title":"H\u00fas\u00e9vti Izlandi zuzm\u00f3 asztald\u00edsz, Meska","view_count":"354","favourite_count":"0","trending_score":"0","last2MonthFavouriteCount":"0","promotion":"0","giftcard_accept":"0","creditcard_accept":false,"enhanced_background":"0","domain":"meska","specific_customer_id":null,"specific_customer_name":null,"to_order_product":"0","to_order_product_time":"0","product_different":null,"product_different_description":"","vintage":"0","vintage_category_id":"0","recycled":"0","gemstone_id":"0","customizable":"0","type_category":"physical","zerowaste":"0","postage_price":"2390.00","shop_order":"0","has_category":"1","landing_pages":null,"microdata":{"number":77,"category":""},"title":"H\u00fas\u00e9vti Izlandi zuzm\u00f3 asztald\u00edsz","description":"20 cm hossz\u00fa henger form\u00e1ban vil\u00e1gosz\u00f6ld izlandi zuzm\u00f3.\n\nR\u00e1zd fel az unalmas bels\u0151 tereket extravag\u00e1ns zuzm\u00f3 k\u00e9pekkel!\n\nAz izlandi zuzm\u00f3b\u00f3l k\u00e9sz\u00fclt dekor\u00e1ci\u00f3 lak\u00e1sod, irod\u00e1d d\u00edsze vagy kint\u0171n\u0151 aj\u00e1nd\u00e9k lehet n\u0151knek \u00e9s f\u00e9rfiaknak egyar\u00e1nt\n\nMit kell tudni az izlandi zuzm\u00f3rol?\nA sarkvid\u00e9ki erd\u0151k talaj\u00e1n \u00e9l. Miut\u00e1n k\u00e9zzel felszedik a zuzm\u00f3t speci\u00e1lis elj\u00e1r\u00e1ssal, term\u00e9szetes, n\u00f6v\u00e9nyi alap\u00fa oldattal tart\u00f3s\u00edtj\u00e1k, \u00edgy ennek k\u00f6sz\u00f6nhet\u0151en t\u00f6bb \u00e9vig is megtartja a frissess\u00e9g\u00e9t \u00e9s eredeti szivacsos \u00e1llag\u00e1t.\n\nMilyen elhelyez\u00e9s javasolt?\nBelt\u00e9ri elhelyez\u00e9se javasolt. K\u00f6zvetlen nedvess\u00e9gnek \u00e9s UV sug\u00e1rz\u00e1snak nem c\u00e9lszer\u0171 kitenni. Nagyon alacsony p\u00e1ratartalomn\u00e1l elvesz\u00edtheti a rugalmass\u00e1g\u00e1t \u00e9s kikem\u00e9nyedhet, de a p\u00e1ratartalom vissza\u00e1ll\u00edt\u00e1s\u00e1val visszanyeri \u00e1llag\u00e1t. Lak\u00e1sban vagy irod\u00e1ban jav\u00edtja a leveg\u0151 min\u0151s\u00e9g\u00e9t.\n\nMire \u00e9rdemes \u00fcgyelni a gondoz\u00e1sakor?\nA zuzm\u00f3b\u00f3l k\u00e9sz\u00edtett dekor\u00e1ci\u00f3 karbantart\u00e1smentes, nem ig\u00e9nyel napf\u00e9nyt, nem kell t\u00e1poldatozni vagy locsolni, mert a leveg\u0151 p\u00e1ratartalm\u00e1b\u00f3l nyeri nedvess\u00e9gsz\u00fcks\u00e9glet\u00e9t. Teljes m\u00e9rt\u00e9kben hipoallerg\u00e9n, t\u0171z\u00e1ll\u00f3, rovarmentes.\n\nFontos!\nA zuzm\u00f3 NEM m\u0171anyagb\u00f3l k\u00e9sz\u00fclt!\nA zuzm\u00f3 nem n\u0151 \u00e9s nem terjed az elk\u00e9sz\u00fclt festm\u00e9nyen.","score":0,"formatted_price":"15 000 Ft","image_url":"https:\/\/www.meska.hu\/img\/product\/small\/z\/u\/zuzmoland_product_478616_230114192549_691522.jpeg","formatted_url":"https:\/\/www.meska.hu\/p5016764-husevti-izlandi-zuzmo-asztaldisz","favourite":false,"in_stock":true,"avatar":"478616_avatar_1653727929.jpeg","delete_from":0,"is_enhanced_background":false,"is_enhanced":false,"product_selection_started":false,"is_active":true,"image_webp_url":"https:\/\/www.meska.hu\/img\/product\/small\/z\/u\/zuzmoland_product_478616_230114192549_691522.webp"},{"id":"5761512","shop_id":"47217","user_id":"191586","shop_name":"Babuda","shop_zip":"9241","product_code":"5539197","product_name_old":null,"product_name":"Vir\u00e1gos r\u00e9t - ny\u00fal mini \u00fcvegv\u00e1z\u00e1val","category_string":"\u00dcnnepi d\u00edszek, dekor\u00e1ci\u00f3k, H\u00fasv\u00e9ti d\u00edszek \u00e9s dekor\u00e1ci\u00f3k, H\u00fasv\u00e9ti asztald\u00edszek","technic_string":"Decoupage, transzfer \u00e9s szalv\u00e9tatechnika, Gipsz\u00f6nt\u00e9s","category_1":"1818","category_2":"1803","category_3":"1796","category_4":"0","merged_category_1":null,"merged_category_2":null,"merged_category_3":null,"technic_1":"476","technic_2":"13","technic_3":"0","color_1":"1474","color_2":"514","color_3":"515","product_description_old":null,"product_description":"Mini \u00fcvegv\u00e1z\u00e1t tart\u00f3 nyuszi gy\u00f6ny\u00f6r\u0171, visszafogott barn\u00e1s \u00e1rnyalat\u00fa vir\u00e1gos r\u00e9t mint\u00e1val.\nKer\u00e1miaporb\u00f3l k\u00e9sz\u00fclt ny\u00fal, decoupage technik\u00e1val d\u00edsz\u00edtve, lakkozva, masnival a nyak\u00e1ban, kivehet\u0151 mini \u00fcvegv\u00e1z\u00e1val a kez\u00e9ben, amibe vizet t\u00f6ltve ak\u00e1r egy sz\u00e1l v\u00e1gott vir\u00e1g is tehet\u0151.\nA nyuszi magass\u00e1ga 15 cm, sz\u00e9less\u00e9ge 17 cm, m\u00e9lys\u00e9ge kb. 2,6-2,8 cm. Az \u00fcvegcse magass\u00e1ga 9 cm, az \u00e1tm\u00e9r\u0151je 2 cm.\n\nAmikor k\u00f6lcs\u00f6nkaptam az \u00f6nt\u0151form\u00e1t, nem voltam lelkes, de \u00f6nt\u00f6ttem egy pr\u00f3b\u00e1t gipszb\u0151l \u00e9s az eredm\u00e9ny sokkal jobb lett, mint amit v\u00e1rtam. Azt\u00e1n \"jutott eszembe sz\u00e1mtalan szebbn\u00e9l-szebb gondolat\", milyen sokf\u00e9lek\u00e9ppen lehet dekor\u00e1lni ezt a figur\u00e1t \u00e9s teljesen beleszerettem. B\u00e1r rengeteg alapanyagot \"eszik\", ebb\u0151l kifoly\u00f3lag - f\u0151leg m\u00e9g frissen kiv\u00e9ve a form\u00e1b\u00f3l - s\u00falyos egy\u00e9nis\u00e9g, m\u00e9gis k\u00f6nny\u0171 vele b\u00e1nni \u00e9s nem lehet nem szeretni!\nLetisztult formavil\u00e1ga d\u00edsz\u00edt\u00e9s n\u00e9lk\u00fcl, de mint\u00e1san is meg\u00e1llja a hely\u00e9t - \u00e9s nem csak h\u00fasv\u00e9tkor. T\u00f6k\u00e9letes aj\u00e1nd\u00e9k lehet pl. any\u00e1k napj\u00e1ra is.\n\nAz \u00e1r a nyuszira \u00e9s az \u00fcvegv\u00e1z\u00e1ra vir\u00e1ggal vonatkozik, minden m\u00e1s - a k\u00e9peken l\u00e1that\u00f3 - term\u00e9k a dekor\u00e1ci\u00f3 r\u00e9sze.\n\nB\u00e1r lakkozva van, m\u00e9gis azt javasoln\u00e1m, sz\u00fcks\u00e9g eset\u00e9n a tiszt\u00edt\u00e1sa puha, sz\u00e1raz ruh\u00e1val t\u00f6rt\u00e9njen.\n\n","price":"5500.00","unit":"db","recommended":"0","status":"1","sponsored":"0","exp_notify":"0","own_material":"0","own_material_description_old":null,"own_material_description":"","jury":"0","jury_number":"","product_nature":"","meskaracsony":"0","create_date":"2026-07-18 12:02:57","shelve_id":"0","image":"babuda_product_191586_250410184340_520926.jpeg","image_width":"480","image_height":"480","image_alt":"Vir\u00e1gos r\u00e9t - ny\u00fal mini \u00fcvegv\u00e1z\u00e1val, Mini \u00fcvegv\u00e1z\u00e1t tart\u00f3 nyuszi gy\u00f6ny\u00f6r\u0171, visszafogott barn\u00e1s \u00e1rnyalat\u00fa vir\u00e1gos r\u00e9t mint\u00e1val.\\nKer\u00e1miapor..., Meska","image_title":"Vir\u00e1gos r\u00e9t - ny\u00fal mini \u00fcvegv\u00e1z\u00e1val, Meska","view_count":"424","favourite_count":"0","trending_score":"0","last2MonthFavouriteCount":"0","promotion":"0","giftcard_accept":"0","creditcard_accept":true,"enhanced_background":"0","domain":"meska","specific_customer_id":null,"specific_customer_name":null,"to_order_product":"0","to_order_product_time":"0","product_different":null,"product_different_description":"","vintage":"0","vintage_category_id":"0","recycled":"0","gemstone_id":"0","customizable":"0","type_category":"physical","zerowaste":"0","postage_price":"1290.00","shop_order":"33","has_category":"1","landing_pages":null,"microdata":{"number":78,"category":""},"title":"Vir\u00e1gos r\u00e9t - ny\u00fal mini \u00fcvegv\u00e1z\u00e1val","description":"Mini \u00fcvegv\u00e1z\u00e1t tart\u00f3 nyuszi gy\u00f6ny\u00f6r\u0171, visszafogott barn\u00e1s \u00e1rnyalat\u00fa vir\u00e1gos r\u00e9t mint\u00e1val.\nKer\u00e1miaporb\u00f3l k\u00e9sz\u00fclt ny\u00fal, decoupage technik\u00e1val d\u00edsz\u00edtve, lakkozva, masnival a nyak\u00e1ban, kivehet\u0151 mini \u00fcvegv\u00e1z\u00e1val a kez\u00e9ben, amibe vizet t\u00f6ltve ak\u00e1r egy sz\u00e1l v\u00e1gott vir\u00e1g is tehet\u0151.\nA nyuszi magass\u00e1ga 15 cm, sz\u00e9less\u00e9ge 17 cm, m\u00e9lys\u00e9ge kb. 2,6-2,8 cm. Az \u00fcvegcse magass\u00e1ga 9 cm, az \u00e1tm\u00e9r\u0151je 2 cm.\n\nAmikor k\u00f6lcs\u00f6nkaptam az \u00f6nt\u0151form\u00e1t, nem voltam lelkes, de \u00f6nt\u00f6ttem egy pr\u00f3b\u00e1t gipszb\u0151l \u00e9s az eredm\u00e9ny sokkal jobb lett, mint amit v\u00e1rtam. Azt\u00e1n \"jutott eszembe sz\u00e1mtalan szebbn\u00e9l-szebb gondolat\", milyen sokf\u00e9lek\u00e9ppen lehet dekor\u00e1lni ezt a figur\u00e1t \u00e9s teljesen beleszerettem. B\u00e1r rengeteg alapanyagot \"eszik\", ebb\u0151l kifoly\u00f3lag - f\u0151leg m\u00e9g frissen kiv\u00e9ve a form\u00e1b\u00f3l - s\u00falyos egy\u00e9nis\u00e9g, m\u00e9gis k\u00f6nny\u0171 vele b\u00e1nni \u00e9s nem lehet nem szeretni!\nLetisztult formavil\u00e1ga d\u00edsz\u00edt\u00e9s n\u00e9lk\u00fcl, de mint\u00e1san is meg\u00e1llja a hely\u00e9t - \u00e9s nem csak h\u00fasv\u00e9tkor. T\u00f6k\u00e9letes aj\u00e1nd\u00e9k lehet pl. any\u00e1k napj\u00e1ra is.\n\nAz \u00e1r a nyuszira \u00e9s az \u00fcvegv\u00e1z\u00e1ra vir\u00e1ggal vonatkozik, minden m\u00e1s - a k\u00e9peken l\u00e1that\u00f3 - term\u00e9k a dekor\u00e1ci\u00f3 r\u00e9sze.\n\nB\u00e1r lakkozva van, m\u00e9gis azt javasoln\u00e1m, sz\u00fcks\u00e9g eset\u00e9n a tiszt\u00edt\u00e1sa puha, sz\u00e1raz ruh\u00e1val t\u00f6rt\u00e9njen.\n\n","score":0,"formatted_price":"5 500 Ft","image_url":"https:\/\/www.meska.hu\/img\/product\/small\/b\/a\/babuda_product_191586_250410184340_520926.jpeg","formatted_url":"https:\/\/www.meska.hu\/p5539197-viragos-ret-nyul-mini-uvegvazaval","favourite":false,"in_stock":true,"avatar":"191586_avatar_1732538208.jpeg","delete_from":0,"is_enhanced_background":false,"is_enhanced":false,"product_selection_started":false,"is_active":true,"image_webp_url":"https:\/\/www.meska.hu\/img\/product\/small\/b\/a\/babuda_product_191586_250410184340_520926.webp"},{"id":"6162322","shop_id":"51477","user_id":"766832","shop_name":"MiLiajandek","shop_zip":"4138","product_code":"5762301","product_name_old":null,"product_name":"L\u00e9zerv\u00e1gott grav\u00edrozott aj\u00e1nd\u00e9kok h\u00fasv\u00e9tra","category_string":"\u00dcnnepi d\u00edszek, dekor\u00e1ci\u00f3k, H\u00fasv\u00e9ti d\u00edszek \u00e9s dekor\u00e1ci\u00f3k, H\u00fasv\u00e9ti asztald\u00edszek","technic_string":"Grav\u00edroz\u00e1s, pirogr\u00e1fia","category_1":"1818","category_2":"1803","category_3":"1796","category_4":"0","merged_category_1":null,"merged_category_2":null,"merged_category_3":null,"technic_1":"796","technic_2":"0","technic_3":"0","color_1":"514","color_2":"0","color_3":"0","product_description_old":null,"product_description":"Ez a grav\u00edrozott kis t\u00e1bla egy kreat\u00edv \u00e9s szem\u00e9lyes aj\u00e1nd\u00e9kkieg\u00e9sz\u00edt\u0151, amelyre k\u00f6nnyed\u00e9n r\u00e1k\u00f6thetsz egy kis csokit vagy m\u00e1s \u00e9dess\u00e9get. Egyedi grav\u00edroz\u00e1ssal teheted m\u00e9g k\u00fcl\u00f6nlegesebb\u00e9, legyen sz\u00f3 n\u00e9vr\u0151l, r\u00f6vid \u00fczenetr\u0151l vagy egy kedves grafik\u00e1r\u00f3l. T\u00f6k\u00e9letes v\u00e1laszt\u00e1s: Valentin-napra, n\u0151napra, sz\u00fclet\u00e9snapra vagy b\u00e1rmilyen k\u00fcl\u00f6nleges alkalomra. Egyedi aj\u00e1nd\u00e9kk\u00eds\u00e9r\u0151k\u00e9nt Kedves meglepet\u00e9sk\u00e9nt szeretteidnek. A l\u00e9zerv\u00e1gott \u00e9s grav\u00edrozott fa t\u00e1bla term\u00e9szetes \u00e9s eleg\u00e1ns megjelen\u00e9st k\u00f6lcs\u00f6n\u00f6z az aj\u00e1nd\u00e9knak, mik\u00f6zben praktikus m\u00f3dja annak, hogy egy apr\u00f3 \u00e9dess\u00e9ggel m\u00e9g \u00f6r\u00f6mtelibb\u00e9 tedd a meglepet\u00e9st.\n\nA k\u00e9pek csak informat\u00edv c\u00e9llal k\u00e9sz\u00fcltek, a term\u00e9k NEM \u00e9dess\u00e9ggel egy\u00fctt kaphat\u00f3.\n\nTerm\u00e9k m\u00e9rete: nyal\u00f3k\u00e1s kb 5.5\u00d717 cm     vastags\u00e1g: 3 mm\n\nA m\u00e9retek minden esetben a k\u00fcls\u0151 legnagyobb m\u00e9retet jelentik. A felt\u00fcntetett \u00e1r tartalmazza az egyedi grav\u00edroz\u00e1s, a szerkeszt\u00e9si d\u00edj \u00e9s a term\u00e9k \u00e1r\u00e1t is.","price":"590.00","unit":"db","recommended":"0","status":"1","sponsored":"0","exp_notify":"0","own_material":"0","own_material_description_old":null,"own_material_description":"","jury":"0","jury_number":"","product_nature":"","meskaracsony":"0","create_date":"2026-07-18 11:59:10","shelve_id":"0","image":"miliajandek_product_766832_260320110335_557388.jpeg","image_width":"480","image_height":"320","image_alt":"L\u00e9zerv\u00e1gott grav\u00edrozott aj\u00e1nd\u00e9kok h\u00fasv\u00e9tra, Ez a grav\u00edrozott kis t\u00e1bla egy kreat\u00edv \u00e9s szem\u00e9lyes aj\u00e1nd\u00e9kkieg\u00e9sz\u00edt\u0151, amelyre k\u00f6nnyed\u00e9n r\u00e1k\u00f6thetsz ..., Meska","image_title":"L\u00e9zerv\u00e1gott grav\u00edrozott aj\u00e1nd\u00e9kok h\u00fasv\u00e9tra, Meska","view_count":"117","favourite_count":"0","trending_score":"0","last2MonthFavouriteCount":"0","promotion":"0","giftcard_accept":"0","creditcard_accept":true,"enhanced_background":"0","domain":"meska","specific_customer_id":null,"specific_customer_name":null,"to_order_product":"1","to_order_product_time":"5","product_different":null,"product_different_description":"","vintage":"0","vintage_category_id":"0","recycled":"0","gemstone_id":"0","customizable":"1","type_category":"physical","zerowaste":"0","postage_price":"2599.00","shop_order":"0","has_category":"1","landing_pages":null,"microdata":{"number":79,"category":""},"title":"L\u00e9zerv\u00e1gott grav\u00edrozott aj\u00e1nd\u00e9kok h\u00fasv\u00e9tra","description":"Ez a grav\u00edrozott kis t\u00e1bla egy kreat\u00edv \u00e9s szem\u00e9lyes aj\u00e1nd\u00e9kkieg\u00e9sz\u00edt\u0151, amelyre k\u00f6nnyed\u00e9n r\u00e1k\u00f6thetsz egy kis csokit vagy m\u00e1s \u00e9dess\u00e9get. Egyedi grav\u00edroz\u00e1ssal teheted m\u00e9g k\u00fcl\u00f6nlegesebb\u00e9, legyen sz\u00f3 n\u00e9vr\u0151l, r\u00f6vid \u00fczenetr\u0151l vagy egy kedves grafik\u00e1r\u00f3l. T\u00f6k\u00e9letes v\u00e1laszt\u00e1s: Valentin-napra, n\u0151napra, sz\u00fclet\u00e9snapra vagy b\u00e1rmilyen k\u00fcl\u00f6nleges alkalomra. Egyedi aj\u00e1nd\u00e9kk\u00eds\u00e9r\u0151k\u00e9nt Kedves meglepet\u00e9sk\u00e9nt szeretteidnek. A l\u00e9zerv\u00e1gott \u00e9s grav\u00edrozott fa t\u00e1bla term\u00e9szetes \u00e9s eleg\u00e1ns megjelen\u00e9st k\u00f6lcs\u00f6n\u00f6z az aj\u00e1nd\u00e9knak, mik\u00f6zben praktikus m\u00f3dja annak, hogy egy apr\u00f3 \u00e9dess\u00e9ggel m\u00e9g \u00f6r\u00f6mtelibb\u00e9 tedd a meglepet\u00e9st.\n\nA k\u00e9pek csak informat\u00edv c\u00e9llal k\u00e9sz\u00fcltek, a term\u00e9k NEM \u00e9dess\u00e9ggel egy\u00fctt kaphat\u00f3.\n\nTerm\u00e9k m\u00e9rete: nyal\u00f3k\u00e1s kb 5.5\u00d717 cm     vastags\u00e1g: 3 mm\n\nA m\u00e9retek minden esetben a k\u00fcls\u0151 legnagyobb m\u00e9retet jelentik. A felt\u00fcntetett \u00e1r tartalmazza az egyedi grav\u00edroz\u00e1s, a szerkeszt\u00e9si d\u00edj \u00e9s a term\u00e9k \u00e1r\u00e1t is.","score":0,"formatted_price":"590 Ft","image_url":"https:\/\/www.meska.hu\/img\/product\/small\/m\/i\/miliajandek_product_766832_260320110335_557388.jpeg","formatted_url":"https:\/\/www.meska.hu\/p5762301-lezervagott-gravirozott-ajandekok-husvetra","favourite":false,"in_stock":false,"avatar":"766832_avatar_1768487403.jpeg","delete_from":0,"is_enhanced_background":false,"is_enhanced":false,"product_selection_started":false,"is_active":true,"image_webp_url":"https:\/\/www.meska.hu\/img\/product\/small\/m\/i\/miliajandek_product_766832_260320110335_557388.webp"},{"id":"6162318","shop_id":"51477","user_id":"766832","shop_name":"MiLiajandek","shop_zip":"4138","product_code":"5762298","product_name_old":null,"product_name":"Grav\u00edrozott h\u00fasv\u00e9ti kos\u00e1r","category_string":"\u00dcnnepi d\u00edszek, dekor\u00e1ci\u00f3k, H\u00fasv\u00e9ti d\u00edszek \u00e9s dekor\u00e1ci\u00f3k, H\u00fasv\u00e9ti asztald\u00edszek","technic_string":"Grav\u00edroz\u00e1s, pirogr\u00e1fia","category_1":"1818","category_2":"1803","category_3":"1796","category_4":"0","merged_category_1":null,"merged_category_2":null,"merged_category_3":null,"technic_1":"796","technic_2":"0","technic_3":"0","color_1":"514","color_2":"0","color_3":"0","product_description_old":null,"product_description":"F\u00e1b\u00f3l k\u00e9sz\u00fclt, gazdagon d\u00edsz\u00edtett h\u00fasv\u00e9ti kos\u00e1rka. Toj\u00e1s keres\u00e9shez, k\u00edn\u00e1l\u00e1shoz, vagy a vend\u00e9gv\u00e1r\u00f3 asztal d\u00edszek\u00e9nt is haszn\u00e1lhat\u00f3!\n\nA k\u00e9pek csak informat\u00edv c\u00e9llal k\u00e9sz\u00fcltek, a kos\u00e1r NEM h\u00fasv\u00e9ti toj\u00e1sokkal egy\u00fctt kaphat\u00f3.\n\nTerm\u00e9k m\u00e9rete: kb: 27,6\u00d724,5\u00d713,5 cm         vastags\u00e1g: 3 mm\n\nA m\u00e9retek minden esetben a k\u00fcls\u0151 legnagyobb m\u00e9retet jelentik. A felt\u00fcntetett \u00e1r tartalmazza az egyedi grav\u00edroz\u00e1s, a szerkeszt\u00e9si d\u00edj \u00e9s a term\u00e9k \u00e1r\u00e1t is.\n\nMi\u00e9rt k\u00fcl\u00f6nlegesek az egyedi grav\u00edrozott aj\u00e1nd\u00e9k term\u00e9k?\n\nSzem\u00e9lyre szabott grav\u00edroz\u00e1s:\nAzokat az adatokat \u00e9s feliratokat fogjuk r\u00e1grav\u00edrozni a term\u00e9kekre, amit szeretn\u00e9l. Ez\u00e1ltal az egyedi grav\u00edrozott fa aj\u00e1nd\u00e9kok egyed\u00fcl\u00e1ll\u00f3ak \u00e9s szem\u00e9lyre szabottak lehetnek, ami nagyon kedves \u00e9s k\u00fcl\u00f6nleges gesztust jelent az aj\u00e1nd\u00e9kot kap\u00f3 sz\u00e1m\u00e1ra.\n\nTart\u00f3ss\u00e1g:\nA fa egy tart\u00f3s anyag, ami hossz\u00fa \u00e9lettartammal rendelkezik. Az egyedi grav\u00edrozott fa aj\u00e1nd\u00e9kok id\u0151t\u00e1ll\u00f3ak \u00e9s hossz\u00fa t\u00e1von is meg\u0151rzik sz\u00e9ps\u00e9g\u00fcket.\n\nDekorat\u00edv \u00e9s hasznos:\nA fa sokf\u00e9le form\u00e1j\u00e1ban \u00e9s t\u00edpus\u00e1ban el\u00e9rhet\u0151, \u00edgy sz\u00e1mos lehet\u0151s\u00e9g van arra, hogy az aj\u00e1nd\u00e9k kiv\u00e1laszt\u00e1sa sor\u00e1n az illet\u0151 egyedi \u00edzl\u00e9s\u00e9nek \u00e9s st\u00edlus\u00e1nak megfelel\u0151 darabot v\u00e1lasszunk.\n\nEml\u00e9kezetess\u00e9g:\nAz egyedi grav\u00edrozott fa aj\u00e1nd\u00e9kok hossz\u00fa t\u00e1v\u00fa eml\u00e9kezetet teremthetnek. Az aj\u00e1nd\u00e9kot kap\u00f3 szem\u00e9ly mindig eml\u00e9kezni fog arra az alkalomra vagy esem\u00e9nyre, amikor megkapta az aj\u00e1nd\u00e9kot.\n\nUniverzalit\u00e1s:\nAz egyedi grav\u00edrozott fa aj\u00e1nd\u00e9kok sokf\u00e9le alkalomra alkalmasak, legyen az sz\u00fclet\u00e9snap, h\u00e1zass\u00e1gi \u00e9vfordul\u00f3, kar\u00e1csony vagy b\u00e1rmilyen m\u00e1s \u00fcnnepi alkalom","price":"4500.00","unit":"db","recommended":"0","status":"1","sponsored":"0","exp_notify":"0","own_material":"0","own_material_description_old":null,"own_material_description":"","jury":"0","jury_number":"","product_nature":"","meskaracsony":"0","create_date":"2026-07-18 11:58:56","shelve_id":"0","image":"miliajandek_product_766832_260320110006_744371.jpeg","image_width":"480","image_height":"320","image_alt":"Grav\u00edrozott h\u00fasv\u00e9ti kos\u00e1r, F\u00e1b\u00f3l k\u00e9sz\u00fclt, gazdagon d\u00edsz\u00edtett h\u00fasv\u00e9ti kos\u00e1rka. Toj\u00e1s keres\u00e9shez, k\u00edn\u00e1l\u00e1shoz, vagy a vend\u00e9gv\u00e1r\u00f3 a..., Meska","image_title":"Grav\u00edrozott h\u00fasv\u00e9ti kos\u00e1r, Meska","view_count":"139","favourite_count":"0","trending_score":"0","last2MonthFavouriteCount":"0","promotion":"0","giftcard_accept":"0","creditcard_accept":true,"enhanced_background":"0","domain":"meska","specific_customer_id":null,"specific_customer_name":null,"to_order_product":"1","to_order_product_time":"5","product_different":null,"product_different_description":"","vintage":"0","vintage_category_id":"0","recycled":"0","gemstone_id":"0","customizable":"1","type_category":"physical","zerowaste":"0","postage_price":"2599.00","shop_order":"0","has_category":"1","landing_pages":null,"microdata":{"number":80,"category":""},"title":"Grav\u00edrozott h\u00fasv\u00e9ti kos\u00e1r","description":"F\u00e1b\u00f3l k\u00e9sz\u00fclt, gazdagon d\u00edsz\u00edtett h\u00fasv\u00e9ti kos\u00e1rka. Toj\u00e1s keres\u00e9shez, k\u00edn\u00e1l\u00e1shoz, vagy a vend\u00e9gv\u00e1r\u00f3 asztal d\u00edszek\u00e9nt is haszn\u00e1lhat\u00f3!\n\nA k\u00e9pek csak informat\u00edv c\u00e9llal k\u00e9sz\u00fcltek, a kos\u00e1r NEM h\u00fasv\u00e9ti toj\u00e1sokkal egy\u00fctt kaphat\u00f3.\n\nTerm\u00e9k m\u00e9rete: kb: 27,6\u00d724,5\u00d713,5 cm         vastags\u00e1g: 3 mm\n\nA m\u00e9retek minden esetben a k\u00fcls\u0151 legnagyobb m\u00e9retet jelentik. A felt\u00fcntetett \u00e1r tartalmazza az egyedi grav\u00edroz\u00e1s, a szerkeszt\u00e9si d\u00edj \u00e9s a term\u00e9k \u00e1r\u00e1t is.\n\nMi\u00e9rt k\u00fcl\u00f6nlegesek az egyedi grav\u00edrozott aj\u00e1nd\u00e9k term\u00e9k?\n\nSzem\u00e9lyre szabott grav\u00edroz\u00e1s:\nAzokat az adatokat \u00e9s feliratokat fogjuk r\u00e1grav\u00edrozni a term\u00e9kekre, amit szeretn\u00e9l. Ez\u00e1ltal az egyedi grav\u00edrozott fa aj\u00e1nd\u00e9kok egyed\u00fcl\u00e1ll\u00f3ak \u00e9s szem\u00e9lyre szabottak lehetnek, ami nagyon kedves \u00e9s k\u00fcl\u00f6nleges gesztust jelent az aj\u00e1nd\u00e9kot kap\u00f3 sz\u00e1m\u00e1ra.\n\nTart\u00f3ss\u00e1g:\nA fa egy tart\u00f3s anyag, ami hossz\u00fa \u00e9lettartammal rendelkezik. Az egyedi grav\u00edrozott fa aj\u00e1nd\u00e9kok id\u0151t\u00e1ll\u00f3ak \u00e9s hossz\u00fa t\u00e1von is meg\u0151rzik sz\u00e9ps\u00e9g\u00fcket.\n\nDekorat\u00edv \u00e9s hasznos:\nA fa sokf\u00e9le form\u00e1j\u00e1ban \u00e9s t\u00edpus\u00e1ban el\u00e9rhet\u0151, \u00edgy sz\u00e1mos lehet\u0151s\u00e9g van arra, hogy az aj\u00e1nd\u00e9k kiv\u00e1laszt\u00e1sa sor\u00e1n az illet\u0151 egyedi \u00edzl\u00e9s\u00e9nek \u00e9s st\u00edlus\u00e1nak megfelel\u0151 darabot v\u00e1lasszunk.\n\nEml\u00e9kezetess\u00e9g:\nAz egyedi grav\u00edrozott fa aj\u00e1nd\u00e9kok hossz\u00fa t\u00e1v\u00fa eml\u00e9kezetet teremthetnek. Az aj\u00e1nd\u00e9kot kap\u00f3 szem\u00e9ly mindig eml\u00e9kezni fog arra az alkalomra vagy esem\u00e9nyre, amikor megkapta az aj\u00e1nd\u00e9kot.\n\nUniverzalit\u00e1s:\nAz egyedi grav\u00edrozott fa aj\u00e1nd\u00e9kok sokf\u00e9le alkalomra alkalmasak, legyen az sz\u00fclet\u00e9snap, h\u00e1zass\u00e1gi \u00e9vfordul\u00f3, kar\u00e1csony vagy b\u00e1rmilyen m\u00e1s \u00fcnnepi alkalom","score":0,"formatted_price":"4 500 Ft","image_url":"https:\/\/www.meska.hu\/img\/product\/small\/m\/i\/miliajandek_product_766832_260320110006_744371.jpeg","formatted_url":"https:\/\/www.meska.hu\/p5762298-gravirozott-husveti-kosar","favourite":false,"in_stock":false,"avatar":"766832_avatar_1768487403.jpeg","delete_from":0,"is_enhanced_background":false,"is_enhanced":false,"product_selection_started":false,"is_active":true,"image_webp_url":"https:\/\/www.meska.hu\/img\/product\/small\/m\/i\/miliajandek_product_766832_260320110006_744371.webp"},{"id":"6162314","shop_id":"51477","user_id":"766832","shop_name":"MiLiajandek","shop_zip":"4138","product_code":"5762295","product_name_old":null,"product_name":"Grav\u00edrozott h\u00fasv\u00e9ti nyuszis toj\u00e1start\u00f3","category_string":"\u00dcnnepi d\u00edszek, dekor\u00e1ci\u00f3k, H\u00fasv\u00e9ti d\u00edszek \u00e9s dekor\u00e1ci\u00f3k, H\u00fasv\u00e9ti asztald\u00edszek","technic_string":"Grav\u00edroz\u00e1s, pirogr\u00e1fia","category_1":"1818","category_2":"1803","category_3":"1796","category_4":"0","merged_category_1":null,"merged_category_2":null,"merged_category_3":null,"technic_1":"796","technic_2":"0","technic_3":"0","color_1":"514","color_2":"0","color_3":"0","product_description_old":null,"product_description":"Tedd k\u00fcl\u00f6nlegess\u00e9 az \u00fcnnepi hangulatot ezzel az egyed\u00fcl\u00e1ll\u00f3, grav\u00edrozott h\u00fasv\u00e9ti nyuszis toj\u00e1start\u00f3val! A term\u00e9szetes fa alapanyagb\u00f3l k\u00e9sz\u00fclt, k\u00e9zm\u0171ves tart\u00f3 1 db toj\u00e1s sz\u00e1m\u00e1ra biztos\u00edt helyet \u2013 legyen sz\u00f3 f\u0151tt toj\u00e1sr\u00f3l, dekor\u00e1lt toj\u00e1sr\u00f3l vagy ak\u00e1r csokitoj\u00e1sr\u00f3l.\n\nA l\u00e9zergrav\u00edrozott nyuszi minta apr\u00f3l\u00e9kos r\u00e9szletess\u00e9ggel k\u00e9sz\u00fcl, \u00edgy a toj\u00e1start\u00f3 nemcsak praktikus, hanem dekorat\u00edv eleme is lehet a h\u00fasv\u00e9ti asztalnak. T\u00f6k\u00e9letes kis aj\u00e1nd\u00e9k locsol\u00f3knak, gyerekeknek, vagy d\u00edsz\u00edt\u00e9snek a h\u00fasv\u00e9ti reggelihez.\n\nF\u0151bb jellemz\u0151k:\n\nTerm\u00e9szetes fa alapanyag\n\nL\u00e9zergrav\u00edrozott nyuszis mot\u00edvum\n\n1 db toj\u00e1snak kialak\u00edtott tart\u00f3\n\nLetisztult, \u00fcnnepi design\n\nIde\u00e1lis:\n\nH\u00fasv\u00e9ti dekor\u00e1ci\u00f3k\u00e9nt\n\nApr\u00f3, m\u00e9gis figyelmes aj\u00e1nd\u00e9kk\u00e9nt\n\n\u00dcnnepi asztald\u00edszk\u00e9nt\n\nA k\u00e9pek csak informat\u00edv c\u00e9llal k\u00e9sz\u00fcltek, a term\u00e9k NEM \u00e9dess\u00e9ggel egy\u00fctt kaphat\u00f3.\n\nTerm\u00e9k m\u00e9rete:  kb 15,3\u00d717,5\u00d710,5 cm      vastags\u00e1g: 3 mm\n\nA m\u00e9retek minden esetben a k\u00fcls\u0151 legnagyobb m\u00e9retet jelentik. A felt\u00fcntetett \u00e1r tartalmazza az egyedi grav\u00edroz\u00e1s, a szerkeszt\u00e9si d\u00edj \u00e9s a term\u00e9k \u00e1r\u00e1t is.","price":"1900.00","unit":"db","recommended":"0","status":"1","sponsored":"0","exp_notify":"0","own_material":"0","own_material_description_old":null,"own_material_description":"","jury":"0","jury_number":"","product_nature":"","meskaracsony":"0","create_date":"2026-07-18 11:58:53","shelve_id":"0","image":"miliajandek_product_766832_260320105803_959653.jpeg","image_width":"480","image_height":"320","image_alt":"Grav\u00edrozott h\u00fasv\u00e9ti nyuszis toj\u00e1start\u00f3, Tedd k\u00fcl\u00f6nlegess\u00e9 az \u00fcnnepi hangulatot ezzel az egyed\u00fcl\u00e1ll\u00f3, grav\u00edrozott h\u00fasv\u00e9ti nyuszis toj\u00e1start\u00f3v..., Meska","image_title":"Grav\u00edrozott h\u00fasv\u00e9ti nyuszis toj\u00e1start\u00f3, Meska","view_count":"158","favourite_count":"1","trending_score":"0","last2MonthFavouriteCount":"1","promotion":"0","giftcard_accept":"0","creditcard_accept":true,"enhanced_background":"0","domain":"meska","specific_customer_id":null,"specific_customer_name":null,"to_order_product":"1","to_order_product_time":"5","product_different":null,"product_different_description":"","vintage":"0","vintage_category_id":"0","recycled":"0","gemstone_id":"0","customizable":"1","type_category":"physical","zerowaste":"0","postage_price":"2599.00","shop_order":"0","has_category":"1","landing_pages":null,"microdata":{"number":81,"category":""},"title":"Grav\u00edrozott h\u00fasv\u00e9ti nyuszis toj\u00e1start\u00f3","description":"Tedd k\u00fcl\u00f6nlegess\u00e9 az \u00fcnnepi hangulatot ezzel az egyed\u00fcl\u00e1ll\u00f3, grav\u00edrozott h\u00fasv\u00e9ti nyuszis toj\u00e1start\u00f3val! A term\u00e9szetes fa alapanyagb\u00f3l k\u00e9sz\u00fclt, k\u00e9zm\u0171ves tart\u00f3 1 db toj\u00e1s sz\u00e1m\u00e1ra biztos\u00edt helyet \u2013 legyen sz\u00f3 f\u0151tt toj\u00e1sr\u00f3l, dekor\u00e1lt toj\u00e1sr\u00f3l vagy ak\u00e1r csokitoj\u00e1sr\u00f3l.\n\nA l\u00e9zergrav\u00edrozott nyuszi minta apr\u00f3l\u00e9kos r\u00e9szletess\u00e9ggel k\u00e9sz\u00fcl, \u00edgy a toj\u00e1start\u00f3 nemcsak praktikus, hanem dekorat\u00edv eleme is lehet a h\u00fasv\u00e9ti asztalnak. T\u00f6k\u00e9letes kis aj\u00e1nd\u00e9k locsol\u00f3knak, gyerekeknek, vagy d\u00edsz\u00edt\u00e9snek a h\u00fasv\u00e9ti reggelihez.\n\nF\u0151bb jellemz\u0151k:\n\nTerm\u00e9szetes fa alapanyag\n\nL\u00e9zergrav\u00edrozott nyuszis mot\u00edvum\n\n1 db toj\u00e1snak kialak\u00edtott tart\u00f3\n\nLetisztult, \u00fcnnepi design\n\nIde\u00e1lis:\n\nH\u00fasv\u00e9ti dekor\u00e1ci\u00f3k\u00e9nt\n\nApr\u00f3, m\u00e9gis figyelmes aj\u00e1nd\u00e9kk\u00e9nt\n\n\u00dcnnepi asztald\u00edszk\u00e9nt\n\nA k\u00e9pek csak informat\u00edv c\u00e9llal k\u00e9sz\u00fcltek, a term\u00e9k NEM \u00e9dess\u00e9ggel egy\u00fctt kaphat\u00f3.\n\nTerm\u00e9k m\u00e9rete:  kb 15,3\u00d717,5\u00d710,5 cm      vastags\u00e1g: 3 mm\n\nA m\u00e9retek minden esetben a k\u00fcls\u0151 legnagyobb m\u00e9retet jelentik. A felt\u00fcntetett \u00e1r tartalmazza az egyedi grav\u00edroz\u00e1s, a szerkeszt\u00e9si d\u00edj \u00e9s a term\u00e9k \u00e1r\u00e1t is.","score":0,"formatted_price":"1 900 Ft","image_url":"https:\/\/www.meska.hu\/img\/product\/small\/m\/i\/miliajandek_product_766832_260320105803_959653.jpeg","formatted_url":"https:\/\/www.meska.hu\/p5762295-gravirozott-husveti-nyuszis-tojastarto","favourite":false,"in_stock":false,"avatar":"766832_avatar_1768487403.jpeg","delete_from":0,"is_enhanced_background":false,"is_enhanced":false,"product_selection_started":false,"is_active":true,"image_webp_url":"https:\/\/www.meska.hu\/img\/product\/small\/m\/i\/miliajandek_product_766832_260320105803_959653.webp"},{"id":"6162316","shop_id":"51477","user_id":"766832","shop_name":"MiLiajandek","shop_zip":"4138","product_code":"5762296","product_name_old":null,"product_name":"Grav\u00edrozott h\u00fasv\u00e9ti nyuszis toj\u00e1start\u00f3","category_string":"\u00dcnnepi d\u00edszek, dekor\u00e1ci\u00f3k, H\u00fasv\u00e9ti d\u00edszek \u00e9s dekor\u00e1ci\u00f3k, H\u00fasv\u00e9ti asztald\u00edszek","technic_string":"Grav\u00edroz\u00e1s, pirogr\u00e1fia","category_1":"1818","category_2":"1803","category_3":"1796","category_4":"0","merged_category_1":null,"merged_category_2":null,"merged_category_3":null,"technic_1":"796","technic_2":"0","technic_3":"0","color_1":"514","color_2":"0","color_3":"0","product_description_old":null,"product_description":"Tedd k\u00fcl\u00f6nlegess\u00e9 az \u00fcnnepi hangulatot ezzel az egyed\u00fcl\u00e1ll\u00f3, grav\u00edrozott h\u00fasv\u00e9ti nyuszis toj\u00e1start\u00f3val! A term\u00e9szetes fa alapanyagb\u00f3l k\u00e9sz\u00fclt, k\u00e9zm\u0171ves tart\u00f3 1 db toj\u00e1s sz\u00e1m\u00e1ra biztos\u00edt helyet \u2013 legyen sz\u00f3 f\u0151tt toj\u00e1sr\u00f3l, dekor\u00e1lt toj\u00e1sr\u00f3l vagy ak\u00e1r csokitoj\u00e1sr\u00f3l.\n\nA l\u00e9zergrav\u00edrozott nyuszi minta apr\u00f3l\u00e9kos r\u00e9szletess\u00e9ggel k\u00e9sz\u00fcl, \u00edgy a toj\u00e1start\u00f3 nemcsak praktikus, hanem dekorat\u00edv eleme is lehet a h\u00fasv\u00e9ti asztalnak. T\u00f6k\u00e9letes kis aj\u00e1nd\u00e9k locsol\u00f3knak, gyerekeknek, vagy d\u00edsz\u00edt\u00e9snek a h\u00fasv\u00e9ti reggelihez.\n\nF\u0151bb jellemz\u0151k:\n\nTerm\u00e9szetes fa alapanyag\n\nL\u00e9zergrav\u00edrozott nyuszis mot\u00edvum\n\n1 db toj\u00e1snak kialak\u00edtott tart\u00f3\n\nLetisztult, \u00fcnnepi design\n\nIde\u00e1lis:\n\nH\u00fasv\u00e9ti dekor\u00e1ci\u00f3k\u00e9nt\n\nApr\u00f3, m\u00e9gis figyelmes aj\u00e1nd\u00e9kk\u00e9nt\n\n\u00dcnnepi asztald\u00edszk\u00e9nt\n\nA k\u00e9pek csak informat\u00edv c\u00e9llal k\u00e9sz\u00fcltek, a term\u00e9k NEM \u00e9dess\u00e9ggel egy\u00fctt kaphat\u00f3.\n\nTerm\u00e9k m\u00e9rete:  kb 15\u00d717,5\u00d74,5 cm      vastags\u00e1g: 3 mm\n\nA m\u00e9retek minden esetben a k\u00fcls\u0151 legnagyobb m\u00e9retet jelentik. A felt\u00fcntetett \u00e1r tartalmazza az egyedi grav\u00edroz\u00e1s, a szerkeszt\u00e9si d\u00edj \u00e9s a term\u00e9k \u00e1r\u00e1t is.","price":"1500.00","unit":"db","recommended":"0","status":"1","sponsored":"0","exp_notify":"0","own_material":"0","own_material_description_old":null,"own_material_description":"","jury":"0","jury_number":"","product_nature":"","meskaracsony":"0","create_date":"2026-07-18 11:58:46","shelve_id":"0","image":"miliajandek_product_766832_260320105904_784174.jpeg","image_width":"480","image_height":"320","image_alt":"Grav\u00edrozott h\u00fasv\u00e9ti nyuszis toj\u00e1start\u00f3, Tedd k\u00fcl\u00f6nlegess\u00e9 az \u00fcnnepi hangulatot ezzel az egyed\u00fcl\u00e1ll\u00f3, grav\u00edrozott h\u00fasv\u00e9ti nyuszis toj\u00e1start\u00f3v..., Meska","image_title":"Grav\u00edrozott h\u00fasv\u00e9ti nyuszis toj\u00e1start\u00f3, Meska","view_count":"138","favourite_count":"0","trending_score":"0","last2MonthFavouriteCount":"0","promotion":"0","giftcard_accept":"0","creditcard_accept":true,"enhanced_background":"0","domain":"meska","specific_customer_id":null,"specific_customer_name":null,"to_order_product":"1","to_order_product_time":"5","product_different":null,"product_different_description":"","vintage":"0","vintage_category_id":"0","recycled":"0","gemstone_id":"0","customizable":"1","type_category":"physical","zerowaste":"0","postage_price":"2599.00","shop_order":"0","has_category":"1","landing_pages":null,"microdata":{"number":82,"category":""},"title":"Grav\u00edrozott h\u00fasv\u00e9ti nyuszis toj\u00e1start\u00f3","description":"Tedd k\u00fcl\u00f6nlegess\u00e9 az \u00fcnnepi hangulatot ezzel az egyed\u00fcl\u00e1ll\u00f3, grav\u00edrozott h\u00fasv\u00e9ti nyuszis toj\u00e1start\u00f3val! A term\u00e9szetes fa alapanyagb\u00f3l k\u00e9sz\u00fclt, k\u00e9zm\u0171ves tart\u00f3 1 db toj\u00e1s sz\u00e1m\u00e1ra biztos\u00edt helyet \u2013 legyen sz\u00f3 f\u0151tt toj\u00e1sr\u00f3l, dekor\u00e1lt toj\u00e1sr\u00f3l vagy ak\u00e1r csokitoj\u00e1sr\u00f3l.\n\nA l\u00e9zergrav\u00edrozott nyuszi minta apr\u00f3l\u00e9kos r\u00e9szletess\u00e9ggel k\u00e9sz\u00fcl, \u00edgy a toj\u00e1start\u00f3 nemcsak praktikus, hanem dekorat\u00edv eleme is lehet a h\u00fasv\u00e9ti asztalnak. T\u00f6k\u00e9letes kis aj\u00e1nd\u00e9k locsol\u00f3knak, gyerekeknek, vagy d\u00edsz\u00edt\u00e9snek a h\u00fasv\u00e9ti reggelihez.\n\nF\u0151bb jellemz\u0151k:\n\nTerm\u00e9szetes fa alapanyag\n\nL\u00e9zergrav\u00edrozott nyuszis mot\u00edvum\n\n1 db toj\u00e1snak kialak\u00edtott tart\u00f3\n\nLetisztult, \u00fcnnepi design\n\nIde\u00e1lis:\n\nH\u00fasv\u00e9ti dekor\u00e1ci\u00f3k\u00e9nt\n\nApr\u00f3, m\u00e9gis figyelmes aj\u00e1nd\u00e9kk\u00e9nt\n\n\u00dcnnepi asztald\u00edszk\u00e9nt\n\nA k\u00e9pek csak informat\u00edv c\u00e9llal k\u00e9sz\u00fcltek, a term\u00e9k NEM \u00e9dess\u00e9ggel egy\u00fctt kaphat\u00f3.\n\nTerm\u00e9k m\u00e9rete:  kb 15\u00d717,5\u00d74,5 cm      vastags\u00e1g: 3 mm\n\nA m\u00e9retek minden esetben a k\u00fcls\u0151 legnagyobb m\u00e9retet jelentik. A felt\u00fcntetett \u00e1r tartalmazza az egyedi grav\u00edroz\u00e1s, a szerkeszt\u00e9si d\u00edj \u00e9s a term\u00e9k \u00e1r\u00e1t is.","score":0,"formatted_price":"1 500 Ft","image_url":"https:\/\/www.meska.hu\/img\/product\/small\/m\/i\/miliajandek_product_766832_260320105904_784174.jpeg","formatted_url":"https:\/\/www.meska.hu\/p5762296-gravirozott-husveti-nyuszis-tojastarto","favourite":false,"in_stock":false,"avatar":"766832_avatar_1768487403.jpeg","delete_from":0,"is_enhanced_background":false,"is_enhanced":false,"product_selection_started":false,"is_active":true,"image_webp_url":"https:\/\/www.meska.hu\/img\/product\/small\/m\/i\/miliajandek_product_766832_260320105904_784174.webp"},{"id":"6162151","shop_id":"51477","user_id":"766832","shop_name":"MiLiajandek","shop_zip":"4138","product_code":"5762161","product_name_old":null,"product_name":"Grav\u00edrozott h\u00fasv\u00e9ti nyuszi csokitart\u00f3 - Els\u0151 h\u00fasv\u00e9tom","category_string":"\u00dcnnepi d\u00edszek, dekor\u00e1ci\u00f3k, H\u00fasv\u00e9ti d\u00edszek \u00e9s dekor\u00e1ci\u00f3k, H\u00fasv\u00e9ti asztald\u00edszek","technic_string":"Grav\u00edroz\u00e1s, pirogr\u00e1fia","category_1":"1818","category_2":"1803","category_3":"1796","category_4":"0","merged_category_1":null,"merged_category_2":null,"merged_category_3":null,"technic_1":"796","technic_2":"0","technic_3":"0","color_1":"514","color_2":"0","color_3":"0","product_description_old":null,"product_description":"Ez a b\u00e1jos grav\u00edrozott h\u00fasv\u00e9ti nyuszi csokitart\u00f3 t\u00f6k\u00e9letes kieg\u00e9sz\u00edt\u0151je a h\u00fasv\u00e9ti \u00fcnnepeknek! F\u00e1b\u00f3l k\u00e9sz\u00fclt, r\u00e9szletes kidolgoz\u00e1s\u00fa nyuszi figura, amelynek h\u00e1toldal\u00e1n egy apr\u00f3 doboz tal\u00e1lhat\u00f3, ahov\u00e1 egy kis csokit vagy m\u00e1s apr\u00f3 meglepet\u00e9st lehet rejteni.\n\nA nyuszi elej\u00e9re k\u00fcl\u00f6nb\u00f6z\u0151 frapp\u00e1ns, kedves vagy humoros sz\u00f6vegek ker\u00fclnek grav\u00edroz\u00e1sra, \u00edgy szem\u00e9lyre szabott \u00e9s egyedi aj\u00e1nd\u00e9k v\u00e1lhat bel\u0151le. Legyen sz\u00f3 gyerekekr\u0151l vagy feln\u0151ttekr\u0151l, ez a csokitart\u00f3 garant\u00e1ltan mosolyt csal mindenki arc\u00e1ra.\n\nKiv\u00e1l\u00f3 v\u00e1laszt\u00e1s h\u00fasv\u00e9ti aj\u00e1nd\u00e9knak, asztali dekor\u00e1ci\u00f3nak vagy ak\u00e1r meglepet\u00e9sk\u00e9nt egy k\u00fcl\u00f6nleges h\u00fasv\u00e9ti toj\u00e1svad\u00e1szathoz! \ud83c\udf81\ud83d\udc30\n\nA k\u00e9pek csak informat\u00edv c\u00e9llal k\u00e9sz\u00fcltek, a term\u00e9k NEM \u00e9dess\u00e9ggel egy\u00fctt kaphat\u00f3.\n\nTerm\u00e9k m\u00e9rete:  kb 10,5\u00d714,5\u00d73,2 cm      vastags\u00e1g: 3 mm\n\nA m\u00e9retek minden esetben a k\u00fcls\u0151 legnagyobb m\u00e9retet jelentik. A felt\u00fcntetett \u00e1r tartalmazza az egyedi grav\u00edroz\u00e1s, a szerkeszt\u00e9si d\u00edj \u00e9s a term\u00e9k \u00e1r\u00e1t is.","price":"1500.00","unit":"db","recommended":"0","status":"1","sponsored":"0","exp_notify":"0","own_material":"0","own_material_description_old":null,"own_material_description":"","jury":"0","jury_number":"","product_nature":"","meskaracsony":"0","create_date":"2026-07-18 10:58:59","shelve_id":"0","image":"miliajandek_product_766832_260320100042_736793.jpeg","image_width":"480","image_height":"320","image_alt":"Grav\u00edrozott h\u00fasv\u00e9ti nyuszi csokitart\u00f3 - Els\u0151 h\u00fasv\u00e9tom, Ez a b\u00e1jos grav\u00edrozott h\u00fasv\u00e9ti nyuszi csokitart\u00f3 t\u00f6k\u00e9letes kieg\u00e9sz\u00edt\u0151je a h\u00fasv\u00e9ti \u00fcnnepeknek! F\u00e1b\u00f3l ..., Meska","image_title":"Grav\u00edrozott h\u00fasv\u00e9ti nyuszi csokitart\u00f3 - Els\u0151 h\u00fasv\u00e9tom, Meska","view_count":"152","favourite_count":"0","trending_score":"0","last2MonthFavouriteCount":"0","promotion":"0","giftcard_accept":"0","creditcard_accept":true,"enhanced_background":"0","domain":"meska","specific_customer_id":null,"specific_customer_name":null,"to_order_product":"1","to_order_product_time":"5","product_different":null,"product_different_description":"","vintage":"0","vintage_category_id":"0","recycled":"0","gemstone_id":"0","customizable":"1","type_category":"physical","zerowaste":"0","postage_price":"2599.00","shop_order":"0","has_category":"1","landing_pages":null,"microdata":{"number":83,"category":""},"title":"Grav\u00edrozott h\u00fasv\u00e9ti nyuszi csokitart\u00f3 - Els\u0151 h\u00fasv\u00e9tom","description":"Ez a b\u00e1jos grav\u00edrozott h\u00fasv\u00e9ti nyuszi csokitart\u00f3 t\u00f6k\u00e9letes kieg\u00e9sz\u00edt\u0151je a h\u00fasv\u00e9ti \u00fcnnepeknek! F\u00e1b\u00f3l k\u00e9sz\u00fclt, r\u00e9szletes kidolgoz\u00e1s\u00fa nyuszi figura, amelynek h\u00e1toldal\u00e1n egy apr\u00f3 doboz tal\u00e1lhat\u00f3, ahov\u00e1 egy kis csokit vagy m\u00e1s apr\u00f3 meglepet\u00e9st lehet rejteni.\n\nA nyuszi elej\u00e9re k\u00fcl\u00f6nb\u00f6z\u0151 frapp\u00e1ns, kedves vagy humoros sz\u00f6vegek ker\u00fclnek grav\u00edroz\u00e1sra, \u00edgy szem\u00e9lyre szabott \u00e9s egyedi aj\u00e1nd\u00e9k v\u00e1lhat bel\u0151le. Legyen sz\u00f3 gyerekekr\u0151l vagy feln\u0151ttekr\u0151l, ez a csokitart\u00f3 garant\u00e1ltan mosolyt csal mindenki arc\u00e1ra.\n\nKiv\u00e1l\u00f3 v\u00e1laszt\u00e1s h\u00fasv\u00e9ti aj\u00e1nd\u00e9knak, asztali dekor\u00e1ci\u00f3nak vagy ak\u00e1r meglepet\u00e9sk\u00e9nt egy k\u00fcl\u00f6nleges h\u00fasv\u00e9ti toj\u00e1svad\u00e1szathoz! \ud83c\udf81\ud83d\udc30\n\nA k\u00e9pek csak informat\u00edv c\u00e9llal k\u00e9sz\u00fcltek, a term\u00e9k NEM \u00e9dess\u00e9ggel egy\u00fctt kaphat\u00f3.\n\nTerm\u00e9k m\u00e9rete:  kb 10,5\u00d714,5\u00d73,2 cm      vastags\u00e1g: 3 mm\n\nA m\u00e9retek minden esetben a k\u00fcls\u0151 legnagyobb m\u00e9retet jelentik. A felt\u00fcntetett \u00e1r tartalmazza az egyedi grav\u00edroz\u00e1s, a szerkeszt\u00e9si d\u00edj \u00e9s a term\u00e9k \u00e1r\u00e1t is.","score":0,"formatted_price":"1 500 Ft","image_url":"https:\/\/www.meska.hu\/img\/product\/small\/m\/i\/miliajandek_product_766832_260320100042_736793.jpeg","formatted_url":"https:\/\/www.meska.hu\/p5762161-gravirozott-husveti-nyuszi-csokitarto-elso-husvetom","favourite":false,"in_stock":false,"avatar":"766832_avatar_1768487403.jpeg","delete_from":0,"is_enhanced_background":false,"is_enhanced":false,"product_selection_started":false,"is_active":true,"image_webp_url":"https:\/\/www.meska.hu\/img\/product\/small\/m\/i\/miliajandek_product_766832_260320100042_736793.webp"},{"id":"6162179","shop_id":"51477","user_id":"766832","shop_name":"MiLiajandek","shop_zip":"4138","product_code":"5762172","product_name_old":null,"product_name":"Grav\u00edrozott h\u00fasv\u00e9ti d\u00edsz","category_string":"\u00dcnnepi d\u00edszek, dekor\u00e1ci\u00f3k, H\u00fasv\u00e9ti d\u00edszek \u00e9s dekor\u00e1ci\u00f3k, H\u00fasv\u00e9ti asztald\u00edszek","technic_string":"Grav\u00edroz\u00e1s, pirogr\u00e1fia","category_1":"1818","category_2":"1803","category_3":"1796","category_4":"0","merged_category_1":null,"merged_category_2":null,"merged_category_3":null,"technic_1":"796","technic_2":"0","technic_3":"0","color_1":"514","color_2":"0","color_3":"0","product_description_old":null,"product_description":"Ez az egyedi grav\u00edrozott h\u00fasv\u00e9ti d\u00edsz t\u00f6k\u00e9letes kieg\u00e9sz\u00edt\u0151je az \u00fcnnepi dekor\u00e1ci\u00f3nak! A toj\u00e1s form\u00e1j\u00fa d\u00edsz \u00f6t r\u00e9tegb\u0151l \u00e1ll, amelyek prec\u00edz l\u00e9zergrav\u00edroz\u00e1ssal \u00e9s v\u00e1g\u00e1ssal k\u00e9sz\u00fclnek. A r\u00e9tegek egym\u00e1sra helyezve egy r\u00e9szletgazdag h\u00fasv\u00e9ti k\u00e9pet alkotnak, amely t\u00e9rhat\u00e1s\u00fa, 3D-s megjelen\u00e9st k\u00f6lcs\u00f6n\u00f6z a dekor\u00e1ci\u00f3nak.\n\nA term\u00e9szetes faanyag meleg, rusztikus hangulatot teremt, \u00edgy ez a d\u00edsz t\u00f6k\u00e9letes v\u00e1laszt\u00e1s lehet asztald\u00edsznek. Egyedi, k\u00e9zzel k\u00e9sz\u00fclt megjelen\u00e9se miatt kiv\u00e1l\u00f3 aj\u00e1nd\u00e9k is lehet h\u00fasv\u00e9tra.\n\nVar\u00e1zsolj meghitt, \u00fcnnepi hangulatot ezzel a k\u00fcl\u00f6nleges grav\u00edrozott h\u00fasv\u00e9ti toj\u00e1s d\u00edsszel! \ud83d\udc23\ud83c\udf3f\n\nA k\u00e9pek csak informat\u00edv c\u00e9llal k\u00e9sz\u00fcltek, a term\u00e9k n\u00e9mik\u00e9pp elt\u00e9rhet a k\u00e9sz term\u00e9kt\u0151l.\n\nTerm\u00e9k m\u00e9rete:  kb 9\u00d712,5 cm      vastags\u00e1g: 3 mm\n\nA m\u00e9retek minden esetben a k\u00fcls\u0151 legnagyobb m\u00e9retet jelentik. A felt\u00fcntetett \u00e1r tartalmazza az egyedi grav\u00edroz\u00e1s, a szerkeszt\u00e9si d\u00edj \u00e9s a term\u00e9k \u00e1r\u00e1t is.","price":"2100.00","unit":"db","recommended":"0","status":"1","sponsored":"0","exp_notify":"0","own_material":"0","own_material_description_old":null,"own_material_description":"","jury":"0","jury_number":"","product_nature":"","meskaracsony":"0","create_date":"2026-07-18 10:58:55","shelve_id":"0","image":"miliajandek_product_766832_260320103323_456785.jpeg","image_width":"480","image_height":"320","image_alt":"Grav\u00edrozott h\u00fasv\u00e9ti d\u00edsz, Ez az egyedi grav\u00edrozott h\u00fasv\u00e9ti d\u00edsz t\u00f6k\u00e9letes kieg\u00e9sz\u00edt\u0151je az \u00fcnnepi dekor\u00e1ci\u00f3nak! A toj\u00e1s form\u00e1j\u00fa..., Meska","image_title":"Grav\u00edrozott h\u00fasv\u00e9ti d\u00edsz, Meska","view_count":"97","favourite_count":"0","trending_score":"0","last2MonthFavouriteCount":"0","promotion":"0","giftcard_accept":"0","creditcard_accept":true,"enhanced_background":"0","domain":"meska","specific_customer_id":null,"specific_customer_name":null,"to_order_product":"1","to_order_product_time":"5","product_different":null,"product_different_description":"","vintage":"0","vintage_category_id":"0","recycled":"0","gemstone_id":"0","customizable":"1","type_category":"physical","zerowaste":"0","postage_price":"2599.00","shop_order":"0","has_category":"1","landing_pages":null,"microdata":{"number":84,"category":""},"title":"Grav\u00edrozott h\u00fasv\u00e9ti d\u00edsz","description":"Ez az egyedi grav\u00edrozott h\u00fasv\u00e9ti d\u00edsz t\u00f6k\u00e9letes kieg\u00e9sz\u00edt\u0151je az \u00fcnnepi dekor\u00e1ci\u00f3nak! A toj\u00e1s form\u00e1j\u00fa d\u00edsz \u00f6t r\u00e9tegb\u0151l \u00e1ll, amelyek prec\u00edz l\u00e9zergrav\u00edroz\u00e1ssal \u00e9s v\u00e1g\u00e1ssal k\u00e9sz\u00fclnek. A r\u00e9tegek egym\u00e1sra helyezve egy r\u00e9szletgazdag h\u00fasv\u00e9ti k\u00e9pet alkotnak, amely t\u00e9rhat\u00e1s\u00fa, 3D-s megjelen\u00e9st k\u00f6lcs\u00f6n\u00f6z a dekor\u00e1ci\u00f3nak.\n\nA term\u00e9szetes faanyag meleg, rusztikus hangulatot teremt, \u00edgy ez a d\u00edsz t\u00f6k\u00e9letes v\u00e1laszt\u00e1s lehet asztald\u00edsznek. Egyedi, k\u00e9zzel k\u00e9sz\u00fclt megjelen\u00e9se miatt kiv\u00e1l\u00f3 aj\u00e1nd\u00e9k is lehet h\u00fasv\u00e9tra.\n\nVar\u00e1zsolj meghitt, \u00fcnnepi hangulatot ezzel a k\u00fcl\u00f6nleges grav\u00edrozott h\u00fasv\u00e9ti toj\u00e1s d\u00edsszel! \ud83d\udc23\ud83c\udf3f\n\nA k\u00e9pek csak informat\u00edv c\u00e9llal k\u00e9sz\u00fcltek, a term\u00e9k n\u00e9mik\u00e9pp elt\u00e9rhet a k\u00e9sz term\u00e9kt\u0151l.\n\nTerm\u00e9k m\u00e9rete:  kb 9\u00d712,5 cm      vastags\u00e1g: 3 mm\n\nA m\u00e9retek minden esetben a k\u00fcls\u0151 legnagyobb m\u00e9retet jelentik. A felt\u00fcntetett \u00e1r tartalmazza az egyedi grav\u00edroz\u00e1s, a szerkeszt\u00e9si d\u00edj \u00e9s a term\u00e9k \u00e1r\u00e1t is.","score":0,"formatted_price":"2 100 Ft","image_url":"https:\/\/www.meska.hu\/img\/product\/small\/m\/i\/miliajandek_product_766832_260320103323_456785.jpeg","formatted_url":"https:\/\/www.meska.hu\/p5762172-gravirozott-husveti-disz","favourite":false,"in_stock":false,"avatar":"766832_avatar_1768487403.jpeg","delete_from":0,"is_enhanced_background":false,"is_enhanced":false,"product_selection_started":false,"is_active":true,"image_webp_url":"https:\/\/www.meska.hu\/img\/product\/small\/m\/i\/miliajandek_product_766832_260320103323_456785.webp"},{"id":"6162306","shop_id":"51477","user_id":"766832","shop_name":"MiLiajandek","shop_zip":"4138","product_code":"5762288","product_name_old":null,"product_name":"Grav\u00edrozott h\u00fasv\u00e9ti toj\u00e1start\u00f3","category_string":"\u00dcnnepi d\u00edszek, dekor\u00e1ci\u00f3k, H\u00fasv\u00e9ti d\u00edszek \u00e9s dekor\u00e1ci\u00f3k, H\u00fasv\u00e9ti asztald\u00edszek","technic_string":"Grav\u00edroz\u00e1s, pirogr\u00e1fia","category_1":"1818","category_2":"1803","category_3":"1796","category_4":"0","merged_category_1":null,"merged_category_2":null,"merged_category_3":null,"technic_1":"796","technic_2":"0","technic_3":"0","color_1":"514","color_2":"0","color_3":"0","product_description_old":null,"product_description":"Ez az egyedi, grav\u00edrozott h\u00fasv\u00e9ti toj\u00e1start\u00f3 t\u00f6k\u00e9letes kieg\u00e9sz\u00edt\u0151je az \u00fcnnepi dekor\u00e1ci\u00f3nak \u00e9s aj\u00e1nd\u00e9koz\u00e1snak. Kialak\u00edt\u00e1sa lehet\u0151v\u00e9 teszi, hogy 7 vagy 8 toj\u00e1st k\u00e9nyelmesen elhelyezhess benne, mik\u00f6zben a grav\u00edrozott mint\u00e1k \u00e9s r\u00e9szletek egyedi, \u00fcnnepi hangulatot teremtenek.\n\nJellemz\u0151k:\nAnyag: Kiv\u00e1l\u00f3 min\u0151s\u00e9g\u0171 fa, term\u00e9szetes \u00e9s tart\u00f3s kivitelez\u00e9s\n\nKapacit\u00e1s: 7 vagy 8 toj\u00e1s t\u00e1rol\u00e1s\u00e1ra alkalmas kialak\u00edt\u00e1s\n\nGrav\u00edroz\u00e1s: Egyedi h\u00fasv\u00e9ti mint\u00e1k, nyuszikkal, vir\u00e1gokkal \u00e9s feliratokkal d\u00edsz\u00edtve\n\nKialak\u00edt\u00e1s: Stabil \u00e9s k\u00f6nnyen mozgathat\u00f3, st\u00edlusos megjelen\u00e9ssel\n\nFelhaszn\u00e1l\u00e1si lehet\u0151s\u00e9gek:\nH\u00fasv\u00e9ti dekor\u00e1ci\u00f3k\u00e9nt asztalra, polcra vagy aj\u00e1nd\u00e9kcsomagol\u00e1shoz\n\nToj\u00e1sok st\u00edlusos t\u00e1rol\u00e1s\u00e1ra \u00e9s bemutat\u00e1s\u00e1ra\n\nSzem\u00e9lyre szabhat\u00f3 aj\u00e1nd\u00e9k n\u00e9vre sz\u00f3l\u00f3 grav\u00edroz\u00e1ssal is k\u00e9rhet\u0151\n\nT\u00f6k\u00e9letes kell\u00e9k h\u00fasv\u00e9ti toj\u00e1sfest\u00e9shez\n\nEz a praktikus \u00e9s mutat\u00f3s h\u00fasv\u00e9ti toj\u00e1start\u00f3 nemcsak hasznos, hanem igaz\u00e1n k\u00fcl\u00f6nleges dekor\u00e1ci\u00f3s elem is, amely feldobja az \u00fcnnepi asztalt! \ud83d\udc30\ud83e\udd5a\ud83c\udf38\n\nA k\u00e9pek csak informat\u00edv c\u00e9llal k\u00e9sz\u00fcltek, a term\u00e9k NEM toj\u00e1ssal egy\u00fctt kaphat\u00f3.\n\nTerm\u00e9k m\u00e9rete:  kb 19x17x16 cm      vastags\u00e1g: 3 mm\n\nA m\u00e9retek minden esetben a k\u00fcls\u0151 legnagyobb m\u00e9retet jelentik. A felt\u00fcntetett \u00e1r tartalmazza az egyedi grav\u00edroz\u00e1s, a szerkeszt\u00e9si d\u00edj \u00e9s a term\u00e9k \u00e1r\u00e1t is.","price":"2990.00","unit":"db","recommended":"0","status":"1","sponsored":"0","exp_notify":"0","own_material":"0","own_material_description_old":null,"own_material_description":"","jury":"0","jury_number":"","product_nature":"","meskaracsony":"0","create_date":"2026-07-18 10:58:55","shelve_id":"0","image":"miliajandek_product_766832_260320105105_944994.jpeg","image_width":"480","image_height":"320","image_alt":"Grav\u00edrozott h\u00fasv\u00e9ti toj\u00e1start\u00f3, Ez az egyedi, grav\u00edrozott h\u00fasv\u00e9ti toj\u00e1start\u00f3 t\u00f6k\u00e9letes kieg\u00e9sz\u00edt\u0151je az \u00fcnnepi dekor\u00e1ci\u00f3nak \u00e9s aj\u00e1nd\u00e9..., Meska","image_title":"Grav\u00edrozott h\u00fasv\u00e9ti toj\u00e1start\u00f3, Meska","view_count":"109","favourite_count":"0","trending_score":"0","last2MonthFavouriteCount":"0","promotion":"0","giftcard_accept":"0","creditcard_accept":true,"enhanced_background":"0","domain":"meska","specific_customer_id":null,"specific_customer_name":null,"to_order_product":"1","to_order_product_time":"5","product_different":null,"product_different_description":"","vintage":"0","vintage_category_id":"0","recycled":"0","gemstone_id":"0","customizable":"1","type_category":"physical","zerowaste":"0","postage_price":"2599.00","shop_order":"0","has_category":"1","landing_pages":null,"microdata":{"number":85,"category":""},"title":"Grav\u00edrozott h\u00fasv\u00e9ti toj\u00e1start\u00f3","description":"Ez az egyedi, grav\u00edrozott h\u00fasv\u00e9ti toj\u00e1start\u00f3 t\u00f6k\u00e9letes kieg\u00e9sz\u00edt\u0151je az \u00fcnnepi dekor\u00e1ci\u00f3nak \u00e9s aj\u00e1nd\u00e9koz\u00e1snak. Kialak\u00edt\u00e1sa lehet\u0151v\u00e9 teszi, hogy 7 vagy 8 toj\u00e1st k\u00e9nyelmesen elhelyezhess benne, mik\u00f6zben a grav\u00edrozott mint\u00e1k \u00e9s r\u00e9szletek egyedi, \u00fcnnepi hangulatot teremtenek.\n\nJellemz\u0151k:\nAnyag: Kiv\u00e1l\u00f3 min\u0151s\u00e9g\u0171 fa, term\u00e9szetes \u00e9s tart\u00f3s kivitelez\u00e9s\n\nKapacit\u00e1s: 7 vagy 8 toj\u00e1s t\u00e1rol\u00e1s\u00e1ra alkalmas kialak\u00edt\u00e1s\n\nGrav\u00edroz\u00e1s: Egyedi h\u00fasv\u00e9ti mint\u00e1k, nyuszikkal, vir\u00e1gokkal \u00e9s feliratokkal d\u00edsz\u00edtve\n\nKialak\u00edt\u00e1s: Stabil \u00e9s k\u00f6nnyen mozgathat\u00f3, st\u00edlusos megjelen\u00e9ssel\n\nFelhaszn\u00e1l\u00e1si lehet\u0151s\u00e9gek:\nH\u00fasv\u00e9ti dekor\u00e1ci\u00f3k\u00e9nt asztalra, polcra vagy aj\u00e1nd\u00e9kcsomagol\u00e1shoz\n\nToj\u00e1sok st\u00edlusos t\u00e1rol\u00e1s\u00e1ra \u00e9s bemutat\u00e1s\u00e1ra\n\nSzem\u00e9lyre szabhat\u00f3 aj\u00e1nd\u00e9k n\u00e9vre sz\u00f3l\u00f3 grav\u00edroz\u00e1ssal is k\u00e9rhet\u0151\n\nT\u00f6k\u00e9letes kell\u00e9k h\u00fasv\u00e9ti toj\u00e1sfest\u00e9shez\n\nEz a praktikus \u00e9s mutat\u00f3s h\u00fasv\u00e9ti toj\u00e1start\u00f3 nemcsak hasznos, hanem igaz\u00e1n k\u00fcl\u00f6nleges dekor\u00e1ci\u00f3s elem is, amely feldobja az \u00fcnnepi asztalt! \ud83d\udc30\ud83e\udd5a\ud83c\udf38\n\nA k\u00e9pek csak informat\u00edv c\u00e9llal k\u00e9sz\u00fcltek, a term\u00e9k NEM toj\u00e1ssal egy\u00fctt kaphat\u00f3.\n\nTerm\u00e9k m\u00e9rete:  kb 19x17x16 cm      vastags\u00e1g: 3 mm\n\nA m\u00e9retek minden esetben a k\u00fcls\u0151 legnagyobb m\u00e9retet jelentik. A felt\u00fcntetett \u00e1r tartalmazza az egyedi grav\u00edroz\u00e1s, a szerkeszt\u00e9si d\u00edj \u00e9s a term\u00e9k \u00e1r\u00e1t is.","score":0,"formatted_price":"2 990 Ft","image_url":"https:\/\/www.meska.hu\/img\/product\/small\/m\/i\/miliajandek_product_766832_260320105105_944994.jpeg","formatted_url":"https:\/\/www.meska.hu\/p5762288-gravirozott-husveti-tojastarto","favourite":false,"in_stock":false,"avatar":"766832_avatar_1768487403.jpeg","delete_from":0,"is_enhanced_background":false,"is_enhanced":false,"product_selection_started":false,"is_active":true,"image_webp_url":"https:\/\/www.meska.hu\/img\/product\/small\/m\/i\/miliajandek_product_766832_260320105105_944994.webp"},{"id":"6162152","shop_id":"51477","user_id":"766832","shop_name":"MiLiajandek","shop_zip":"4138","product_code":"5762162","product_name_old":null,"product_name":"Grav\u00edrozott h\u00fasv\u00e9ti nyuszi csokitart\u00f3 - Puszi","category_string":"\u00dcnnepi d\u00edszek, dekor\u00e1ci\u00f3k, H\u00fasv\u00e9ti d\u00edszek \u00e9s dekor\u00e1ci\u00f3k, H\u00fasv\u00e9ti asztald\u00edszek","technic_string":"Grav\u00edroz\u00e1s, pirogr\u00e1fia","category_1":"1818","category_2":"1803","category_3":"1796","category_4":"0","merged_category_1":null,"merged_category_2":null,"merged_category_3":null,"technic_1":"796","technic_2":"0","technic_3":"0","color_1":"514","color_2":"0","color_3":"0","product_description_old":null,"product_description":"Ez a b\u00e1jos grav\u00edrozott h\u00fasv\u00e9ti nyuszi csokitart\u00f3 t\u00f6k\u00e9letes kieg\u00e9sz\u00edt\u0151je a h\u00fasv\u00e9ti \u00fcnnepeknek! F\u00e1b\u00f3l k\u00e9sz\u00fclt, r\u00e9szletes kidolgoz\u00e1s\u00fa nyuszi figura, amelynek h\u00e1toldal\u00e1n egy apr\u00f3 doboz tal\u00e1lhat\u00f3, ahov\u00e1 egy kis csokit vagy m\u00e1s apr\u00f3 meglepet\u00e9st lehet rejteni.\n\nA nyuszi elej\u00e9re k\u00fcl\u00f6nb\u00f6z\u0151 frapp\u00e1ns, kedves vagy humoros sz\u00f6vegek ker\u00fclnek grav\u00edroz\u00e1sra, \u00edgy szem\u00e9lyre szabott \u00e9s egyedi aj\u00e1nd\u00e9k v\u00e1lhat bel\u0151le. Legyen sz\u00f3 gyerekekr\u0151l vagy feln\u0151ttekr\u0151l, ez a csokitart\u00f3 garant\u00e1ltan mosolyt csal mindenki arc\u00e1ra.\n\nKiv\u00e1l\u00f3 v\u00e1laszt\u00e1s h\u00fasv\u00e9ti aj\u00e1nd\u00e9knak, asztali dekor\u00e1ci\u00f3nak vagy ak\u00e1r meglepet\u00e9sk\u00e9nt egy k\u00fcl\u00f6nleges h\u00fasv\u00e9ti toj\u00e1svad\u00e1szathoz! \ud83c\udf81\ud83d\udc30\n\nA k\u00e9pek csak informat\u00edv c\u00e9llal k\u00e9sz\u00fcltek, a term\u00e9k NEM \u00e9dess\u00e9ggel egy\u00fctt kaphat\u00f3.\n\nTerm\u00e9k m\u00e9rete:  kb 10,5\u00d714,5\u00d73,2 cm      vastags\u00e1g: 3 mm\n\nA m\u00e9retek minden esetben a k\u00fcls\u0151 legnagyobb m\u00e9retet jelentik. A felt\u00fcntetett \u00e1r tartalmazza az egyedi grav\u00edroz\u00e1s, a szerkeszt\u00e9si d\u00edj \u00e9s a term\u00e9k \u00e1r\u00e1t is.","price":"1500.00","unit":"db","recommended":"0","status":"1","sponsored":"0","exp_notify":"0","own_material":"0","own_material_description_old":null,"own_material_description":"","jury":"0","jury_number":"","product_nature":"","meskaracsony":"0","create_date":"2026-07-18 10:58:50","shelve_id":"0","image":"miliajandek_product_766832_260320100146_040490.jpeg","image_width":"480","image_height":"320","image_alt":"Grav\u00edrozott h\u00fasv\u00e9ti nyuszi csokitart\u00f3 - Puszi, Ez a b\u00e1jos grav\u00edrozott h\u00fasv\u00e9ti nyuszi csokitart\u00f3 t\u00f6k\u00e9letes kieg\u00e9sz\u00edt\u0151je a h\u00fasv\u00e9ti \u00fcnnepeknek! F\u00e1b\u00f3l ..., Meska","image_title":"Grav\u00edrozott h\u00fasv\u00e9ti nyuszi csokitart\u00f3 - Puszi, Meska","view_count":"127","favourite_count":"0","trending_score":"0","last2MonthFavouriteCount":"0","promotion":"0","giftcard_accept":"0","creditcard_accept":true,"enhanced_background":"0","domain":"meska","specific_customer_id":null,"specific_customer_name":null,"to_order_product":"1","to_order_product_time":"5","product_different":null,"product_different_description":"","vintage":"0","vintage_category_id":"0","recycled":"0","gemstone_id":"0","customizable":"1","type_category":"physical","zerowaste":"0","postage_price":"2599.00","shop_order":"0","has_category":"1","landing_pages":null,"microdata":{"number":86,"category":""},"title":"Grav\u00edrozott h\u00fasv\u00e9ti nyuszi csokitart\u00f3 - Puszi","description":"Ez a b\u00e1jos grav\u00edrozott h\u00fasv\u00e9ti nyuszi csokitart\u00f3 t\u00f6k\u00e9letes kieg\u00e9sz\u00edt\u0151je a h\u00fasv\u00e9ti \u00fcnnepeknek! F\u00e1b\u00f3l k\u00e9sz\u00fclt, r\u00e9szletes kidolgoz\u00e1s\u00fa nyuszi figura, amelynek h\u00e1toldal\u00e1n egy apr\u00f3 doboz tal\u00e1lhat\u00f3, ahov\u00e1 egy kis csokit vagy m\u00e1s apr\u00f3 meglepet\u00e9st lehet rejteni.\n\nA nyuszi elej\u00e9re k\u00fcl\u00f6nb\u00f6z\u0151 frapp\u00e1ns, kedves vagy humoros sz\u00f6vegek ker\u00fclnek grav\u00edroz\u00e1sra, \u00edgy szem\u00e9lyre szabott \u00e9s egyedi aj\u00e1nd\u00e9k v\u00e1lhat bel\u0151le. Legyen sz\u00f3 gyerekekr\u0151l vagy feln\u0151ttekr\u0151l, ez a csokitart\u00f3 garant\u00e1ltan mosolyt csal mindenki arc\u00e1ra.\n\nKiv\u00e1l\u00f3 v\u00e1laszt\u00e1s h\u00fasv\u00e9ti aj\u00e1nd\u00e9knak, asztali dekor\u00e1ci\u00f3nak vagy ak\u00e1r meglepet\u00e9sk\u00e9nt egy k\u00fcl\u00f6nleges h\u00fasv\u00e9ti toj\u00e1svad\u00e1szathoz! \ud83c\udf81\ud83d\udc30\n\nA k\u00e9pek csak informat\u00edv c\u00e9llal k\u00e9sz\u00fcltek, a term\u00e9k NEM \u00e9dess\u00e9ggel egy\u00fctt kaphat\u00f3.\n\nTerm\u00e9k m\u00e9rete:  kb 10,5\u00d714,5\u00d73,2 cm      vastags\u00e1g: 3 mm\n\nA m\u00e9retek minden esetben a k\u00fcls\u0151 legnagyobb m\u00e9retet jelentik. A felt\u00fcntetett \u00e1r tartalmazza az egyedi grav\u00edroz\u00e1s, a szerkeszt\u00e9si d\u00edj \u00e9s a term\u00e9k \u00e1r\u00e1t is.","score":0,"formatted_price":"1 500 Ft","image_url":"https:\/\/www.meska.hu\/img\/product\/small\/m\/i\/miliajandek_product_766832_260320100146_040490.jpeg","formatted_url":"https:\/\/www.meska.hu\/p5762162-gravirozott-husveti-nyuszi-csokitarto-puszi","favourite":false,"in_stock":false,"avatar":"766832_avatar_1768487403.jpeg","delete_from":0,"is_enhanced_background":false,"is_enhanced":false,"product_selection_started":false,"is_active":true,"image_webp_url":"https:\/\/www.meska.hu\/img\/product\/small\/m\/i\/miliajandek_product_766832_260320100146_040490.webp"},{"id":"6162184","shop_id":"51477","user_id":"766832","shop_name":"MiLiajandek","shop_zip":"4138","product_code":"5762177","product_name_old":null,"product_name":"Nyuszis \u00e1ll\u00f3 toj\u00e1s d\u00edsz","category_string":"\u00dcnnepi d\u00edszek, dekor\u00e1ci\u00f3k, H\u00fasv\u00e9ti d\u00edszek \u00e9s dekor\u00e1ci\u00f3k, H\u00fasv\u00e9ti asztald\u00edszek","technic_string":"Grav\u00edroz\u00e1s, pirogr\u00e1fia","category_1":"1818","category_2":"1803","category_3":"1796","category_4":"0","merged_category_1":null,"merged_category_2":null,"merged_category_3":null,"technic_1":"796","technic_2":"0","technic_3":"0","color_1":"514","color_2":"0","color_3":"0","product_description_old":null,"product_description":"Ez a leny\u0171g\u00f6z\u0151, 7 r\u00e9tegb\u0151l \u00e1ll\u00f3 grav\u00edrozott \u00e1ll\u00f3 toj\u00e1s igazi m\u0171alkot\u00e1s, amely a h\u00fasv\u00e9ti \u00fcnnepek hangulat\u00e1t hozza el otthonodba. A finomra kidolgozott r\u00e9tegek egy\u00fcttesen egy gy\u00f6ny\u00f6r\u0171 \u00e9s r\u00e9szletes toj\u00e1s alakot alkotnak, amely minden sz\u00f6gb\u0151l k\u00e1pr\u00e1zatos l\u00e1tv\u00e1nyt ny\u00fajt. A fa fel\u00fcletre prec\u00edzen grav\u00edrozott mint\u00e1k \u00e9s d\u00edsz\u00edt\u00e9sek teszik ezt az \u00e1ll\u00f3 toj\u00e1st k\u00fcl\u00f6nlegess\u00e9 \u00e9s egyediv\u00e9. Legyen ez a grav\u00edrozott \u00e1ll\u00f3 toj\u00e1s a k\u00f6z\u00e9ppontja az \u00fcnnepi dekor\u00e1ci\u00f3nak, \u00e9s hozzon egy csod\u00e1s h\u00fasv\u00e9ti hangulatot otthonodba!\n\nTerm\u00e9k m\u00e9rete: kb 15\u00d712,5 cm                  vastags\u00e1g: 3 mm           r\u00e9teg: 7\n\nA m\u00e9retek minden esetben a k\u00fcls\u0151 legnagyobb m\u00e9retet jelentik. A felt\u00fcntetett \u00e1r tartalmazza az egyedi grav\u00edroz\u00e1s, a szerkeszt\u00e9si d\u00edj \u00e9s a term\u00e9k \u00e1r\u00e1t is.\n\nMi\u00e9rt k\u00fcl\u00f6nlegesek az egyedi grav\u00edrozott aj\u00e1nd\u00e9k term\u00e9k?\n\nSzem\u00e9lyre szabott grav\u00edroz\u00e1s:\nAzokat az adatokat \u00e9s feliratokat fogjuk r\u00e1grav\u00edrozni a term\u00e9kekre, amit szeretn\u00e9l. Ez\u00e1ltal az egyedi grav\u00edrozott fa aj\u00e1nd\u00e9kok egyed\u00fcl\u00e1ll\u00f3ak \u00e9s szem\u00e9lyre szabottak lehetnek, ami nagyon kedves \u00e9s k\u00fcl\u00f6nleges gesztust jelent az aj\u00e1nd\u00e9kot kap\u00f3 sz\u00e1m\u00e1ra.\n\nTart\u00f3ss\u00e1g:\nA fa egy tart\u00f3s anyag, ami hossz\u00fa \u00e9lettartammal rendelkezik. Az egyedi grav\u00edrozott fa aj\u00e1nd\u00e9kok id\u0151t\u00e1ll\u00f3ak \u00e9s hossz\u00fa t\u00e1von is meg\u0151rzik sz\u00e9ps\u00e9g\u00fcket.\n\nDekorat\u00edv \u00e9s hasznos:\nA fa sokf\u00e9le form\u00e1j\u00e1ban \u00e9s t\u00edpus\u00e1ban el\u00e9rhet\u0151, \u00edgy sz\u00e1mos lehet\u0151s\u00e9g van arra, hogy az aj\u00e1nd\u00e9k kiv\u00e1laszt\u00e1sa sor\u00e1n az illet\u0151 egyedi \u00edzl\u00e9s\u00e9nek \u00e9s st\u00edlus\u00e1nak megfelel\u0151 darabot v\u00e1lasszunk.\n\nEml\u00e9kezetess\u00e9g:\nAz egyedi grav\u00edrozott fa aj\u00e1nd\u00e9kok hossz\u00fa t\u00e1v\u00fa eml\u00e9kezetet teremthetnek. Az aj\u00e1nd\u00e9kot kap\u00f3 szem\u00e9ly mindig eml\u00e9kezni fog arra az alkalomra vagy esem\u00e9nyre, amikor megkapta az aj\u00e1nd\u00e9kot.\n\nUniverzalit\u00e1s:\nAz egyedi grav\u00edrozott fa aj\u00e1nd\u00e9kok sokf\u00e9le alkalomra alkalmasak, legyen az sz\u00fclet\u00e9snap, h\u00e1zass\u00e1gi \u00e9vfordul\u00f3, kar\u00e1csony vagy b\u00e1rmilyen m\u00e1s \u00fcnnepi alkalom","price":"2500.00","unit":"db","recommended":"0","status":"1","sponsored":"0","exp_notify":"0","own_material":"0","own_material_description_old":null,"own_material_description":"","jury":"0","jury_number":"","product_nature":"","meskaracsony":"0","create_date":"2026-07-18 10:58:47","shelve_id":"0","image":"miliajandek_product_766832_260320103833_549319.jpeg","image_width":"480","image_height":"320","image_alt":"Nyuszis \u00e1ll\u00f3 toj\u00e1s d\u00edsz, Ez a leny\u0171g\u00f6z\u0151, 7 r\u00e9tegb\u0151l \u00e1ll\u00f3 grav\u00edrozott \u00e1ll\u00f3 toj\u00e1s igazi m\u0171alkot\u00e1s, amely a h\u00fasv\u00e9ti \u00fcnnepek hang..., Meska","image_title":"Nyuszis \u00e1ll\u00f3 toj\u00e1s d\u00edsz, Meska","view_count":"108","favourite_count":"0","trending_score":"0","last2MonthFavouriteCount":"0","promotion":"0","giftcard_accept":"0","creditcard_accept":true,"enhanced_background":"0","domain":"meska","specific_customer_id":null,"specific_customer_name":null,"to_order_product":"1","to_order_product_time":"5","product_different":null,"product_different_description":"","vintage":"0","vintage_category_id":"0","recycled":"0","gemstone_id":"0","customizable":"1","type_category":"physical","zerowaste":"0","postage_price":"2599.00","shop_order":"0","has_category":"1","landing_pages":null,"microdata":{"number":87,"category":""},"title":"Nyuszis \u00e1ll\u00f3 toj\u00e1s d\u00edsz","description":"Ez a leny\u0171g\u00f6z\u0151, 7 r\u00e9tegb\u0151l \u00e1ll\u00f3 grav\u00edrozott \u00e1ll\u00f3 toj\u00e1s igazi m\u0171alkot\u00e1s, amely a h\u00fasv\u00e9ti \u00fcnnepek hangulat\u00e1t hozza el otthonodba. A finomra kidolgozott r\u00e9tegek egy\u00fcttesen egy gy\u00f6ny\u00f6r\u0171 \u00e9s r\u00e9szletes toj\u00e1s alakot alkotnak, amely minden sz\u00f6gb\u0151l k\u00e1pr\u00e1zatos l\u00e1tv\u00e1nyt ny\u00fajt. A fa fel\u00fcletre prec\u00edzen grav\u00edrozott mint\u00e1k \u00e9s d\u00edsz\u00edt\u00e9sek teszik ezt az \u00e1ll\u00f3 toj\u00e1st k\u00fcl\u00f6nlegess\u00e9 \u00e9s egyediv\u00e9. Legyen ez a grav\u00edrozott \u00e1ll\u00f3 toj\u00e1s a k\u00f6z\u00e9ppontja az \u00fcnnepi dekor\u00e1ci\u00f3nak, \u00e9s hozzon egy csod\u00e1s h\u00fasv\u00e9ti hangulatot otthonodba!\n\nTerm\u00e9k m\u00e9rete: kb 15\u00d712,5 cm                  vastags\u00e1g: 3 mm           r\u00e9teg: 7\n\nA m\u00e9retek minden esetben a k\u00fcls\u0151 legnagyobb m\u00e9retet jelentik. A felt\u00fcntetett \u00e1r tartalmazza az egyedi grav\u00edroz\u00e1s, a szerkeszt\u00e9si d\u00edj \u00e9s a term\u00e9k \u00e1r\u00e1t is.\n\nMi\u00e9rt k\u00fcl\u00f6nlegesek az egyedi grav\u00edrozott aj\u00e1nd\u00e9k term\u00e9k?\n\nSzem\u00e9lyre szabott grav\u00edroz\u00e1s:\nAzokat az adatokat \u00e9s feliratokat fogjuk r\u00e1grav\u00edrozni a term\u00e9kekre, amit szeretn\u00e9l. Ez\u00e1ltal az egyedi grav\u00edrozott fa aj\u00e1nd\u00e9kok egyed\u00fcl\u00e1ll\u00f3ak \u00e9s szem\u00e9lyre szabottak lehetnek, ami nagyon kedves \u00e9s k\u00fcl\u00f6nleges gesztust jelent az aj\u00e1nd\u00e9kot kap\u00f3 sz\u00e1m\u00e1ra.\n\nTart\u00f3ss\u00e1g:\nA fa egy tart\u00f3s anyag, ami hossz\u00fa \u00e9lettartammal rendelkezik. Az egyedi grav\u00edrozott fa aj\u00e1nd\u00e9kok id\u0151t\u00e1ll\u00f3ak \u00e9s hossz\u00fa t\u00e1von is meg\u0151rzik sz\u00e9ps\u00e9g\u00fcket.\n\nDekorat\u00edv \u00e9s hasznos:\nA fa sokf\u00e9le form\u00e1j\u00e1ban \u00e9s t\u00edpus\u00e1ban el\u00e9rhet\u0151, \u00edgy sz\u00e1mos lehet\u0151s\u00e9g van arra, hogy az aj\u00e1nd\u00e9k kiv\u00e1laszt\u00e1sa sor\u00e1n az illet\u0151 egyedi \u00edzl\u00e9s\u00e9nek \u00e9s st\u00edlus\u00e1nak megfelel\u0151 darabot v\u00e1lasszunk.\n\nEml\u00e9kezetess\u00e9g:\nAz egyedi grav\u00edrozott fa aj\u00e1nd\u00e9kok hossz\u00fa t\u00e1v\u00fa eml\u00e9kezetet teremthetnek. Az aj\u00e1nd\u00e9kot kap\u00f3 szem\u00e9ly mindig eml\u00e9kezni fog arra az alkalomra vagy esem\u00e9nyre, amikor megkapta az aj\u00e1nd\u00e9kot.\n\nUniverzalit\u00e1s:\nAz egyedi grav\u00edrozott fa aj\u00e1nd\u00e9kok sokf\u00e9le alkalomra alkalmasak, legyen az sz\u00fclet\u00e9snap, h\u00e1zass\u00e1gi \u00e9vfordul\u00f3, kar\u00e1csony vagy b\u00e1rmilyen m\u00e1s \u00fcnnepi alkalom","score":0,"formatted_price":"2 500 Ft","image_url":"https:\/\/www.meska.hu\/img\/product\/small\/m\/i\/miliajandek_product_766832_260320103833_549319.jpeg","formatted_url":"https:\/\/www.meska.hu\/p5762177-nyuszis-allo-tojas-disz","favourite":false,"in_stock":false,"avatar":"766832_avatar_1768487403.jpeg","delete_from":0,"is_enhanced_background":false,"is_enhanced":false,"product_selection_started":false,"is_active":true,"image_webp_url":"https:\/\/www.meska.hu\/img\/product\/small\/m\/i\/miliajandek_product_766832_260320103833_549319.webp"},{"id":"6162311","shop_id":"51477","user_id":"766832","shop_name":"MiLiajandek","shop_zip":"4138","product_code":"5762292","product_name_old":null,"product_name":"Grav\u00edrozott h\u00fasv\u00e9ti nyuszis toj\u00e1start\u00f3","category_string":"\u00dcnnepi d\u00edszek, dekor\u00e1ci\u00f3k, H\u00fasv\u00e9ti d\u00edszek \u00e9s dekor\u00e1ci\u00f3k, H\u00fasv\u00e9ti asztald\u00edszek","technic_string":"Grav\u00edroz\u00e1s, pirogr\u00e1fia","category_1":"1818","category_2":"1803","category_3":"1796","category_4":"0","merged_category_1":null,"merged_category_2":null,"merged_category_3":null,"technic_1":"796","technic_2":"0","technic_3":"0","color_1":"514","color_2":"0","color_3":"0","product_description_old":null,"product_description":"Tedd k\u00fcl\u00f6nlegess\u00e9 az \u00fcnnepi hangulatot ezzel az egyed\u00fcl\u00e1ll\u00f3, grav\u00edrozott h\u00fasv\u00e9ti nyuszis toj\u00e1start\u00f3val! A term\u00e9szetes fa alapanyagb\u00f3l k\u00e9sz\u00fclt, k\u00e9zm\u0171ves tart\u00f3 1 db toj\u00e1s sz\u00e1m\u00e1ra biztos\u00edt helyet \u2013 legyen sz\u00f3 f\u0151tt toj\u00e1sr\u00f3l, dekor\u00e1lt toj\u00e1sr\u00f3l vagy ak\u00e1r csokitoj\u00e1sr\u00f3l.\n\nA l\u00e9zergrav\u00edrozott nyuszi minta apr\u00f3l\u00e9kos r\u00e9szletess\u00e9ggel k\u00e9sz\u00fcl, \u00edgy a toj\u00e1start\u00f3 nemcsak praktikus, hanem dekorat\u00edv eleme is lehet a h\u00fasv\u00e9ti asztalnak. T\u00f6k\u00e9letes kis aj\u00e1nd\u00e9k locsol\u00f3knak, gyerekeknek, vagy d\u00edsz\u00edt\u00e9snek a h\u00fasv\u00e9ti reggelihez.\n\nF\u0151bb jellemz\u0151k:\n\nTerm\u00e9szetes fa alapanyag\n\nL\u00e9zergrav\u00edrozott nyuszis mot\u00edvum\n\n1 db toj\u00e1snak kialak\u00edtott tart\u00f3\n\nLetisztult, \u00fcnnepi design\n\nIde\u00e1lis:\n\nH\u00fasv\u00e9ti dekor\u00e1ci\u00f3k\u00e9nt\n\nApr\u00f3, m\u00e9gis figyelmes aj\u00e1nd\u00e9kk\u00e9nt\n\n\u00dcnnepi asztald\u00edszk\u00e9nt\n\nA k\u00e9pek csak informat\u00edv c\u00e9llal k\u00e9sz\u00fcltek, a term\u00e9k n\u00e9mik\u00e9pp elt\u00e9rhet a k\u00e9sz term\u00e9kt\u0151l.\n\nTerm\u00e9k m\u00e9rete:  kb 21,5\u00d714,3\u00d78,5 cm      vastags\u00e1g: 3 mm\n\nA m\u00e9retek minden esetben a k\u00fcls\u0151 legnagyobb m\u00e9retet jelentik. A felt\u00fcntetett \u00e1r tartalmazza az egyedi grav\u00edroz\u00e1s, a szerkeszt\u00e9si d\u00edj \u00e9s a term\u00e9k \u00e1r\u00e1t is.","price":"2100.00","unit":"db","recommended":"0","status":"1","sponsored":"0","exp_notify":"0","own_material":"0","own_material_description_old":null,"own_material_description":"","jury":"0","jury_number":"","product_nature":"","meskaracsony":"0","create_date":"2026-07-18 10:58:42","shelve_id":"0","image":"miliajandek_product_766832_260320105529_901634.jpeg","image_width":"480","image_height":"320","image_alt":"Grav\u00edrozott h\u00fasv\u00e9ti nyuszis toj\u00e1start\u00f3, Tedd k\u00fcl\u00f6nlegess\u00e9 az \u00fcnnepi hangulatot ezzel az egyed\u00fcl\u00e1ll\u00f3, grav\u00edrozott h\u00fasv\u00e9ti nyuszis toj\u00e1start\u00f3v..., Meska","image_title":"Grav\u00edrozott h\u00fasv\u00e9ti nyuszis toj\u00e1start\u00f3, Meska","view_count":"107","favourite_count":"0","trending_score":"0","last2MonthFavouriteCount":"0","promotion":"0","giftcard_accept":"0","creditcard_accept":true,"enhanced_background":"0","domain":"meska","specific_customer_id":null,"specific_customer_name":null,"to_order_product":"1","to_order_product_time":"5","product_different":null,"product_different_description":"","vintage":"0","vintage_category_id":"0","recycled":"0","gemstone_id":"0","customizable":"1","type_category":"physical","zerowaste":"0","postage_price":"2599.00","shop_order":"0","has_category":"1","landing_pages":null,"microdata":{"number":88,"category":""},"title":"Grav\u00edrozott h\u00fasv\u00e9ti nyuszis toj\u00e1start\u00f3","description":"Tedd k\u00fcl\u00f6nlegess\u00e9 az \u00fcnnepi hangulatot ezzel az egyed\u00fcl\u00e1ll\u00f3, grav\u00edrozott h\u00fasv\u00e9ti nyuszis toj\u00e1start\u00f3val! A term\u00e9szetes fa alapanyagb\u00f3l k\u00e9sz\u00fclt, k\u00e9zm\u0171ves tart\u00f3 1 db toj\u00e1s sz\u00e1m\u00e1ra biztos\u00edt helyet \u2013 legyen sz\u00f3 f\u0151tt toj\u00e1sr\u00f3l, dekor\u00e1lt toj\u00e1sr\u00f3l vagy ak\u00e1r csokitoj\u00e1sr\u00f3l.\n\nA l\u00e9zergrav\u00edrozott nyuszi minta apr\u00f3l\u00e9kos r\u00e9szletess\u00e9ggel k\u00e9sz\u00fcl, \u00edgy a toj\u00e1start\u00f3 nemcsak praktikus, hanem dekorat\u00edv eleme is lehet a h\u00fasv\u00e9ti asztalnak. T\u00f6k\u00e9letes kis aj\u00e1nd\u00e9k locsol\u00f3knak, gyerekeknek, vagy d\u00edsz\u00edt\u00e9snek a h\u00fasv\u00e9ti reggelihez.\n\nF\u0151bb jellemz\u0151k:\n\nTerm\u00e9szetes fa alapanyag\n\nL\u00e9zergrav\u00edrozott nyuszis mot\u00edvum\n\n1 db toj\u00e1snak kialak\u00edtott tart\u00f3\n\nLetisztult, \u00fcnnepi design\n\nIde\u00e1lis:\n\nH\u00fasv\u00e9ti dekor\u00e1ci\u00f3k\u00e9nt\n\nApr\u00f3, m\u00e9gis figyelmes aj\u00e1nd\u00e9kk\u00e9nt\n\n\u00dcnnepi asztald\u00edszk\u00e9nt\n\nA k\u00e9pek csak informat\u00edv c\u00e9llal k\u00e9sz\u00fcltek, a term\u00e9k n\u00e9mik\u00e9pp elt\u00e9rhet a k\u00e9sz term\u00e9kt\u0151l.\n\nTerm\u00e9k m\u00e9rete:  kb 21,5\u00d714,3\u00d78,5 cm      vastags\u00e1g: 3 mm\n\nA m\u00e9retek minden esetben a k\u00fcls\u0151 legnagyobb m\u00e9retet jelentik. A felt\u00fcntetett \u00e1r tartalmazza az egyedi grav\u00edroz\u00e1s, a szerkeszt\u00e9si d\u00edj \u00e9s a term\u00e9k \u00e1r\u00e1t is.","score":0,"formatted_price":"2 100 Ft","image_url":"https:\/\/www.meska.hu\/img\/product\/small\/m\/i\/miliajandek_product_766832_260320105529_901634.jpeg","formatted_url":"https:\/\/www.meska.hu\/p5762292-gravirozott-husveti-nyuszis-tojastarto","favourite":false,"in_stock":false,"avatar":"766832_avatar_1768487403.jpeg","delete_from":0,"is_enhanced_background":false,"is_enhanced":false,"product_selection_started":false,"is_active":true,"image_webp_url":"https:\/\/www.meska.hu\/img\/product\/small\/m\/i\/miliajandek_product_766832_260320105529_901634.webp"},{"id":"6162301","shop_id":"51477","user_id":"766832","shop_name":"MiLiajandek","shop_zip":"4138","product_code":"5762287","product_name_old":null,"product_name":"Grav\u00edrozott h\u00fasv\u00e9ti kos\u00e1r","category_string":"\u00dcnnepi d\u00edszek, dekor\u00e1ci\u00f3k, H\u00fasv\u00e9ti d\u00edszek \u00e9s dekor\u00e1ci\u00f3k, H\u00fasv\u00e9ti asztald\u00edszek","technic_string":"Grav\u00edroz\u00e1s, pirogr\u00e1fia","category_1":"1818","category_2":"1803","category_3":"1796","category_4":"0","merged_category_1":null,"merged_category_2":null,"merged_category_3":null,"technic_1":"796","technic_2":"0","technic_3":"0","color_1":"514","color_2":"0","color_3":"0","product_description_old":null,"product_description":"Ez a k\u00fcl\u00f6nleges, grav\u00edrozott h\u00fasv\u00e9ti kos\u00e1r t\u00f6k\u00e9letes v\u00e1laszt\u00e1s az \u00fcnnepi dekor\u00e1ci\u00f3hoz \u00e9s aj\u00e1nd\u00e9koz\u00e1shoz. Kialak\u00edt\u00e1sa lehet\u0151v\u00e9 teszi, hogy ak\u00e1r 14 toj\u00e1st is elhelyezhess benne, mik\u00f6zben a lehajthat\u00f3 f\u00fcl praktikus \u00e9s helytakar\u00e9kos megold\u00e1st biztos\u00edt.\n\nJellemz\u0151k:\nAnyag: Pr\u00e9mium min\u0151s\u00e9g\u0171 fa\n\nKapacit\u00e1s: 14 toj\u00e1s sz\u00e1m\u00e1ra kialak\u00edtott rekeszek\n\nKialak\u00edt\u00e1s: Stabil, k\u00f6nny\u0171 szerkezet, lehajthat\u00f3 f\u00fcllel az egyszer\u0171bb t\u00e1rol\u00e1s \u00e9rdek\u00e9ben\n\nFelhaszn\u00e1l\u00e1si lehet\u0151s\u00e9gek:\nH\u00fasv\u00e9ti dekor\u00e1ci\u00f3k\u00e9nt asztalra, polcra vagy ablakba helyezhet\u0151\n\nToj\u00e1saj\u00e1nd\u00e9k csomagol\u00e1sak\u00e9nt, ak\u00e1r festett vagy csokol\u00e1d\u00e9toj\u00e1sok sz\u00e1m\u00e1ra\n\nToj\u00e1svad\u00e1szathoz t\u00f6k\u00e9letes kell\u00e9k gyerekeknek\n\nEz a praktikus \u00e9s mutat\u00f3s h\u00fasv\u00e9ti kos\u00e1r nemcsak az \u00fcnnepi hangulatot fokozza, hanem hasznos \u00e9s tart\u00f3s kieg\u00e9sz\u00edt\u0151 is lehet otthonodban! \ud83d\udc30\ud83e\udd5a\ud83c\udf38\n\nA k\u00e9pek csak informat\u00edv c\u00e9llal k\u00e9sz\u00fcltek, a term\u00e9k NEM toj\u00e1ssal egy\u00fctt kaphat\u00f3.\n\nTerm\u00e9k m\u00e9rete:  kb 26,5\u00d719,5\u00d715 cm      vastags\u00e1g: 3 mm\n\nA m\u00e9retek minden esetben a k\u00fcls\u0151 legnagyobb m\u00e9retet jelentik. A felt\u00fcntetett \u00e1r tartalmazza az egyedi grav\u00edroz\u00e1s, a szerkeszt\u00e9si d\u00edj \u00e9s a term\u00e9k \u00e1r\u00e1t is.","price":"3500.00","unit":"db","recommended":"0","status":"1","sponsored":"0","exp_notify":"0","own_material":"0","own_material_description_old":null,"own_material_description":"","jury":"0","jury_number":"","product_nature":"","meskaracsony":"0","create_date":"2026-07-18 10:58:37","shelve_id":"0","image":"miliajandek_product_766832_260320104912_61794.jpeg","image_width":"480","image_height":"320","image_alt":"Grav\u00edrozott h\u00fasv\u00e9ti kos\u00e1r, Ez a k\u00fcl\u00f6nleges, grav\u00edrozott h\u00fasv\u00e9ti kos\u00e1r t\u00f6k\u00e9letes v\u00e1laszt\u00e1s az \u00fcnnepi dekor\u00e1ci\u00f3hoz \u00e9s aj\u00e1nd\u00e9koz\u00e1s..., Meska","image_title":"Grav\u00edrozott h\u00fasv\u00e9ti kos\u00e1r, Meska","view_count":"104","favourite_count":"0","trending_score":"0","last2MonthFavouriteCount":"0","promotion":"0","giftcard_accept":"0","creditcard_accept":true,"enhanced_background":"0","domain":"meska","specific_customer_id":null,"specific_customer_name":null,"to_order_product":"1","to_order_product_time":"5","product_different":null,"product_different_description":"","vintage":"0","vintage_category_id":"0","recycled":"0","gemstone_id":"0","customizable":"1","type_category":"physical","zerowaste":"0","postage_price":"2599.00","shop_order":"0","has_category":"1","landing_pages":null,"microdata":{"number":89,"category":""},"title":"Grav\u00edrozott h\u00fasv\u00e9ti kos\u00e1r","description":"Ez a k\u00fcl\u00f6nleges, grav\u00edrozott h\u00fasv\u00e9ti kos\u00e1r t\u00f6k\u00e9letes v\u00e1laszt\u00e1s az \u00fcnnepi dekor\u00e1ci\u00f3hoz \u00e9s aj\u00e1nd\u00e9koz\u00e1shoz. Kialak\u00edt\u00e1sa lehet\u0151v\u00e9 teszi, hogy ak\u00e1r 14 toj\u00e1st is elhelyezhess benne, mik\u00f6zben a lehajthat\u00f3 f\u00fcl praktikus \u00e9s helytakar\u00e9kos megold\u00e1st biztos\u00edt.\n\nJellemz\u0151k:\nAnyag: Pr\u00e9mium min\u0151s\u00e9g\u0171 fa\n\nKapacit\u00e1s: 14 toj\u00e1s sz\u00e1m\u00e1ra kialak\u00edtott rekeszek\n\nKialak\u00edt\u00e1s: Stabil, k\u00f6nny\u0171 szerkezet, lehajthat\u00f3 f\u00fcllel az egyszer\u0171bb t\u00e1rol\u00e1s \u00e9rdek\u00e9ben\n\nFelhaszn\u00e1l\u00e1si lehet\u0151s\u00e9gek:\nH\u00fasv\u00e9ti dekor\u00e1ci\u00f3k\u00e9nt asztalra, polcra vagy ablakba helyezhet\u0151\n\nToj\u00e1saj\u00e1nd\u00e9k csomagol\u00e1sak\u00e9nt, ak\u00e1r festett vagy csokol\u00e1d\u00e9toj\u00e1sok sz\u00e1m\u00e1ra\n\nToj\u00e1svad\u00e1szathoz t\u00f6k\u00e9letes kell\u00e9k gyerekeknek\n\nEz a praktikus \u00e9s mutat\u00f3s h\u00fasv\u00e9ti kos\u00e1r nemcsak az \u00fcnnepi hangulatot fokozza, hanem hasznos \u00e9s tart\u00f3s kieg\u00e9sz\u00edt\u0151 is lehet otthonodban! \ud83d\udc30\ud83e\udd5a\ud83c\udf38\n\nA k\u00e9pek csak informat\u00edv c\u00e9llal k\u00e9sz\u00fcltek, a term\u00e9k NEM toj\u00e1ssal egy\u00fctt kaphat\u00f3.\n\nTerm\u00e9k m\u00e9rete:  kb 26,5\u00d719,5\u00d715 cm      vastags\u00e1g: 3 mm\n\nA m\u00e9retek minden esetben a k\u00fcls\u0151 legnagyobb m\u00e9retet jelentik. A felt\u00fcntetett \u00e1r tartalmazza az egyedi grav\u00edroz\u00e1s, a szerkeszt\u00e9si d\u00edj \u00e9s a term\u00e9k \u00e1r\u00e1t is.","score":0,"formatted_price":"3 500 Ft","image_url":"https:\/\/www.meska.hu\/img\/product\/small\/m\/i\/miliajandek_product_766832_260320104912_61794.jpeg","formatted_url":"https:\/\/www.meska.hu\/p5762287-gravirozott-husveti-kosar","favourite":false,"in_stock":false,"avatar":"766832_avatar_1768487403.jpeg","delete_from":0,"is_enhanced_background":false,"is_enhanced":false,"product_selection_started":false,"is_active":true,"image_webp_url":"https:\/\/www.meska.hu\/img\/product\/small\/m\/i\/miliajandek_product_766832_260320104912_61794.webp"},{"id":"6162313","shop_id":"51477","user_id":"766832","shop_name":"MiLiajandek","shop_zip":"4138","product_code":"5762294","product_name_old":null,"product_name":"Grav\u00edrozott h\u00fasv\u00e9ti nyuszis toj\u00e1start\u00f3","category_string":"\u00dcnnepi d\u00edszek, dekor\u00e1ci\u00f3k, H\u00fasv\u00e9ti d\u00edszek \u00e9s dekor\u00e1ci\u00f3k, H\u00fasv\u00e9ti asztald\u00edszek","technic_string":"Grav\u00edroz\u00e1s, pirogr\u00e1fia","category_1":"1818","category_2":"1803","category_3":"1796","category_4":"0","merged_category_1":null,"merged_category_2":null,"merged_category_3":null,"technic_1":"796","technic_2":"0","technic_3":"0","color_1":"514","color_2":"0","color_3":"0","product_description_old":null,"product_description":"Tedd k\u00fcl\u00f6nlegess\u00e9 az \u00fcnnepi hangulatot ezzel az egyed\u00fcl\u00e1ll\u00f3, grav\u00edrozott h\u00fasv\u00e9ti nyuszis toj\u00e1start\u00f3val! A term\u00e9szetes fa alapanyagb\u00f3l k\u00e9sz\u00fclt, k\u00e9zm\u0171ves tart\u00f3 1 db toj\u00e1s sz\u00e1m\u00e1ra biztos\u00edt helyet \u2013 legyen sz\u00f3 f\u0151tt toj\u00e1sr\u00f3l, dekor\u00e1lt toj\u00e1sr\u00f3l vagy ak\u00e1r csokitoj\u00e1sr\u00f3l.\n\nA l\u00e9zergrav\u00edrozott nyuszi minta apr\u00f3l\u00e9kos r\u00e9szletess\u00e9ggel k\u00e9sz\u00fcl, \u00edgy a toj\u00e1start\u00f3 nemcsak praktikus, hanem dekorat\u00edv eleme is lehet a h\u00fasv\u00e9ti asztalnak. T\u00f6k\u00e9letes kis aj\u00e1nd\u00e9k locsol\u00f3knak, gyerekeknek, vagy d\u00edsz\u00edt\u00e9snek a h\u00fasv\u00e9ti reggelihez.\n\nF\u0151bb jellemz\u0151k:\n\nTerm\u00e9szetes fa alapanyag\n\nL\u00e9zergrav\u00edrozott nyuszis mot\u00edvum\n\n1 db toj\u00e1snak kialak\u00edtott tart\u00f3\n\nLetisztult, \u00fcnnepi design\n\nIde\u00e1lis:\n\nH\u00fasv\u00e9ti dekor\u00e1ci\u00f3k\u00e9nt\n\nApr\u00f3, m\u00e9gis figyelmes aj\u00e1nd\u00e9kk\u00e9nt\n\n\u00dcnnepi asztald\u00edszk\u00e9nt\n\nA k\u00e9pek csak informat\u00edv c\u00e9llal k\u00e9sz\u00fcltek, a term\u00e9k NEM \u00e9dess\u00e9ggel egy\u00fctt kaphat\u00f3.\n\nTerm\u00e9k m\u00e9rete:  kb 11,8x17x8,5 cm      vastags\u00e1g: 3 mm\n\nA m\u00e9retek minden esetben a k\u00fcls\u0151 legnagyobb m\u00e9retet jelentik. A felt\u00fcntetett \u00e1r tartalmazza az egyedi grav\u00edroz\u00e1s, a szerkeszt\u00e9si d\u00edj \u00e9s a term\u00e9k \u00e1r\u00e1t is.","price":"1900.00","unit":"db","recommended":"0","status":"1","sponsored":"0","exp_notify":"0","own_material":"0","own_material_description_old":null,"own_material_description":"","jury":"0","jury_number":"","product_nature":"","meskaracsony":"0","create_date":"2026-07-18 10:58:37","shelve_id":"0","image":"miliajandek_product_766832_260320105633_07779.jpeg","image_width":"480","image_height":"320","image_alt":"Grav\u00edrozott h\u00fasv\u00e9ti nyuszis toj\u00e1start\u00f3, Tedd k\u00fcl\u00f6nlegess\u00e9 az \u00fcnnepi hangulatot ezzel az egyed\u00fcl\u00e1ll\u00f3, grav\u00edrozott h\u00fasv\u00e9ti nyuszis toj\u00e1start\u00f3v..., Meska","image_title":"Grav\u00edrozott h\u00fasv\u00e9ti nyuszis toj\u00e1start\u00f3, Meska","view_count":"98","favourite_count":"0","trending_score":"0","last2MonthFavouriteCount":"0","promotion":"0","giftcard_accept":"0","creditcard_accept":true,"enhanced_background":"0","domain":"meska","specific_customer_id":null,"specific_customer_name":null,"to_order_product":"1","to_order_product_time":"5","product_different":null,"product_different_description":"","vintage":"0","vintage_category_id":"0","recycled":"0","gemstone_id":"0","customizable":"1","type_category":"physical","zerowaste":"0","postage_price":"2599.00","shop_order":"0","has_category":"1","landing_pages":null,"microdata":{"number":90,"category":""},"title":"Grav\u00edrozott h\u00fasv\u00e9ti nyuszis toj\u00e1start\u00f3","description":"Tedd k\u00fcl\u00f6nlegess\u00e9 az \u00fcnnepi hangulatot ezzel az egyed\u00fcl\u00e1ll\u00f3, grav\u00edrozott h\u00fasv\u00e9ti nyuszis toj\u00e1start\u00f3val! A term\u00e9szetes fa alapanyagb\u00f3l k\u00e9sz\u00fclt, k\u00e9zm\u0171ves tart\u00f3 1 db toj\u00e1s sz\u00e1m\u00e1ra biztos\u00edt helyet \u2013 legyen sz\u00f3 f\u0151tt toj\u00e1sr\u00f3l, dekor\u00e1lt toj\u00e1sr\u00f3l vagy ak\u00e1r csokitoj\u00e1sr\u00f3l.\n\nA l\u00e9zergrav\u00edrozott nyuszi minta apr\u00f3l\u00e9kos r\u00e9szletess\u00e9ggel k\u00e9sz\u00fcl, \u00edgy a toj\u00e1start\u00f3 nemcsak praktikus, hanem dekorat\u00edv eleme is lehet a h\u00fasv\u00e9ti asztalnak. T\u00f6k\u00e9letes kis aj\u00e1nd\u00e9k locsol\u00f3knak, gyerekeknek, vagy d\u00edsz\u00edt\u00e9snek a h\u00fasv\u00e9ti reggelihez.\n\nF\u0151bb jellemz\u0151k:\n\nTerm\u00e9szetes fa alapanyag\n\nL\u00e9zergrav\u00edrozott nyuszis mot\u00edvum\n\n1 db toj\u00e1snak kialak\u00edtott tart\u00f3\n\nLetisztult, \u00fcnnepi design\n\nIde\u00e1lis:\n\nH\u00fasv\u00e9ti dekor\u00e1ci\u00f3k\u00e9nt\n\nApr\u00f3, m\u00e9gis figyelmes aj\u00e1nd\u00e9kk\u00e9nt\n\n\u00dcnnepi asztald\u00edszk\u00e9nt\n\nA k\u00e9pek csak informat\u00edv c\u00e9llal k\u00e9sz\u00fcltek, a term\u00e9k NEM \u00e9dess\u00e9ggel egy\u00fctt kaphat\u00f3.\n\nTerm\u00e9k m\u00e9rete:  kb 11,8x17x8,5 cm      vastags\u00e1g: 3 mm\n\nA m\u00e9retek minden esetben a k\u00fcls\u0151 legnagyobb m\u00e9retet jelentik. A felt\u00fcntetett \u00e1r tartalmazza az egyedi grav\u00edroz\u00e1s, a szerkeszt\u00e9si d\u00edj \u00e9s a term\u00e9k \u00e1r\u00e1t is.","score":0,"formatted_price":"1 900 Ft","image_url":"https:\/\/www.meska.hu\/img\/product\/small\/m\/i\/miliajandek_product_766832_260320105633_07779.jpeg","formatted_url":"https:\/\/www.meska.hu\/p5762294-gravirozott-husveti-nyuszis-tojastarto","favourite":false,"in_stock":false,"avatar":"766832_avatar_1768487403.jpeg","delete_from":0,"is_enhanced_background":false,"is_enhanced":false,"product_selection_started":false,"is_active":true,"image_webp_url":"https:\/\/www.meska.hu\/img\/product\/small\/m\/i\/miliajandek_product_766832_260320105633_07779.webp"},{"id":"6162150","shop_id":"51477","user_id":"766832","shop_name":"MiLiajandek","shop_zip":"4138","product_code":"5762160","product_name_old":null,"product_name":"Grav\u00edrozott h\u00fasv\u00e9ti nyuszi csokitart\u00f3 - \u00c9des otthon","category_string":"\u00dcnnepi d\u00edszek, dekor\u00e1ci\u00f3k, H\u00fasv\u00e9ti d\u00edszek \u00e9s dekor\u00e1ci\u00f3k, H\u00fasv\u00e9ti asztald\u00edszek","technic_string":"Grav\u00edroz\u00e1s, pirogr\u00e1fia","category_1":"1818","category_2":"1803","category_3":"1796","category_4":"0","merged_category_1":null,"merged_category_2":null,"merged_category_3":null,"technic_1":"796","technic_2":"0","technic_3":"0","color_1":"514","color_2":"0","color_3":"0","product_description_old":null,"product_description":"Ez a b\u00e1jos grav\u00edrozott h\u00fasv\u00e9ti nyuszi csokitart\u00f3 t\u00f6k\u00e9letes kieg\u00e9sz\u00edt\u0151je a h\u00fasv\u00e9ti \u00fcnnepeknek! F\u00e1b\u00f3l k\u00e9sz\u00fclt, r\u00e9szletes kidolgoz\u00e1s\u00fa nyuszi figura, amelynek h\u00e1toldal\u00e1n egy apr\u00f3 doboz tal\u00e1lhat\u00f3, ahov\u00e1 egy kis csokit vagy m\u00e1s apr\u00f3 meglepet\u00e9st lehet rejteni.\n\nA nyuszi elej\u00e9re k\u00fcl\u00f6nb\u00f6z\u0151 frapp\u00e1ns, kedves vagy humoros sz\u00f6vegek ker\u00fclnek grav\u00edroz\u00e1sra, \u00edgy szem\u00e9lyre szabott \u00e9s egyedi aj\u00e1nd\u00e9k v\u00e1lhat bel\u0151le. Legyen sz\u00f3 gyerekekr\u0151l vagy feln\u0151ttekr\u0151l, ez a csokitart\u00f3 garant\u00e1ltan mosolyt csal mindenki arc\u00e1ra.\n\nKiv\u00e1l\u00f3 v\u00e1laszt\u00e1s h\u00fasv\u00e9ti aj\u00e1nd\u00e9knak, asztali dekor\u00e1ci\u00f3nak vagy ak\u00e1r meglepet\u00e9sk\u00e9nt egy k\u00fcl\u00f6nleges h\u00fasv\u00e9ti toj\u00e1svad\u00e1szathoz! \ud83c\udf81\ud83d\udc30\n\nA k\u00e9pek csak informat\u00edv c\u00e9llal k\u00e9sz\u00fcltek, a term\u00e9k NEM \u00e9dess\u00e9ggel egy\u00fctt kaphat\u00f3.\n\nTerm\u00e9k m\u00e9rete:  kb 10,5\u00d714,5\u00d73,2 cm      vastags\u00e1g: 3 mm\n\nA m\u00e9retek minden esetben a k\u00fcls\u0151 legnagyobb m\u00e9retet jelentik. A felt\u00fcntetett \u00e1r tartalmazza az egyedi grav\u00edroz\u00e1s, a szerkeszt\u00e9si d\u00edj \u00e9s a term\u00e9k \u00e1r\u00e1t is.","price":"1500.00","unit":"db","recommended":"0","status":"1","sponsored":"0","exp_notify":"0","own_material":"0","own_material_description_old":null,"own_material_description":"","jury":"0","jury_number":"","product_nature":"","meskaracsony":"0","create_date":"2026-07-18 10:58:35","shelve_id":"0","image":"miliajandek_product_766832_260320095930_172461.jpeg","image_width":"480","image_height":"320","image_alt":"Grav\u00edrozott h\u00fasv\u00e9ti nyuszi csokitart\u00f3 - \u00c9des otthon, Ez a b\u00e1jos grav\u00edrozott h\u00fasv\u00e9ti nyuszi csokitart\u00f3 t\u00f6k\u00e9letes kieg\u00e9sz\u00edt\u0151je a h\u00fasv\u00e9ti \u00fcnnepeknek! F\u00e1b\u00f3l ..., Meska","image_title":"Grav\u00edrozott h\u00fasv\u00e9ti nyuszi csokitart\u00f3 - \u00c9des otthon, Meska","view_count":"106","favourite_count":"0","trending_score":"0","last2MonthFavouriteCount":"0","promotion":"0","giftcard_accept":"0","creditcard_accept":true,"enhanced_background":"0","domain":"meska","specific_customer_id":null,"specific_customer_name":null,"to_order_product":"1","to_order_product_time":"5","product_different":null,"product_different_description":"","vintage":"0","vintage_category_id":"0","recycled":"0","gemstone_id":"0","customizable":"1","type_category":"physical","zerowaste":"0","postage_price":"2599.00","shop_order":"0","has_category":"1","landing_pages":null,"microdata":{"number":91,"category":""},"title":"Grav\u00edrozott h\u00fasv\u00e9ti nyuszi csokitart\u00f3 - \u00c9des otthon","description":"Ez a b\u00e1jos grav\u00edrozott h\u00fasv\u00e9ti nyuszi csokitart\u00f3 t\u00f6k\u00e9letes kieg\u00e9sz\u00edt\u0151je a h\u00fasv\u00e9ti \u00fcnnepeknek! F\u00e1b\u00f3l k\u00e9sz\u00fclt, r\u00e9szletes kidolgoz\u00e1s\u00fa nyuszi figura, amelynek h\u00e1toldal\u00e1n egy apr\u00f3 doboz tal\u00e1lhat\u00f3, ahov\u00e1 egy kis csokit vagy m\u00e1s apr\u00f3 meglepet\u00e9st lehet rejteni.\n\nA nyuszi elej\u00e9re k\u00fcl\u00f6nb\u00f6z\u0151 frapp\u00e1ns, kedves vagy humoros sz\u00f6vegek ker\u00fclnek grav\u00edroz\u00e1sra, \u00edgy szem\u00e9lyre szabott \u00e9s egyedi aj\u00e1nd\u00e9k v\u00e1lhat bel\u0151le. Legyen sz\u00f3 gyerekekr\u0151l vagy feln\u0151ttekr\u0151l, ez a csokitart\u00f3 garant\u00e1ltan mosolyt csal mindenki arc\u00e1ra.\n\nKiv\u00e1l\u00f3 v\u00e1laszt\u00e1s h\u00fasv\u00e9ti aj\u00e1nd\u00e9knak, asztali dekor\u00e1ci\u00f3nak vagy ak\u00e1r meglepet\u00e9sk\u00e9nt egy k\u00fcl\u00f6nleges h\u00fasv\u00e9ti toj\u00e1svad\u00e1szathoz! \ud83c\udf81\ud83d\udc30\n\nA k\u00e9pek csak informat\u00edv c\u00e9llal k\u00e9sz\u00fcltek, a term\u00e9k NEM \u00e9dess\u00e9ggel egy\u00fctt kaphat\u00f3.\n\nTerm\u00e9k m\u00e9rete:  kb 10,5\u00d714,5\u00d73,2 cm      vastags\u00e1g: 3 mm\n\nA m\u00e9retek minden esetben a k\u00fcls\u0151 legnagyobb m\u00e9retet jelentik. A felt\u00fcntetett \u00e1r tartalmazza az egyedi grav\u00edroz\u00e1s, a szerkeszt\u00e9si d\u00edj \u00e9s a term\u00e9k \u00e1r\u00e1t is.","score":0,"formatted_price":"1 500 Ft","image_url":"https:\/\/www.meska.hu\/img\/product\/small\/m\/i\/miliajandek_product_766832_260320095930_172461.jpeg","formatted_url":"https:\/\/www.meska.hu\/p5762160-gravirozott-husveti-nyuszi-csokitarto-edes-otthon","favourite":false,"in_stock":false,"avatar":"766832_avatar_1768487403.jpeg","delete_from":0,"is_enhanced_background":false,"is_enhanced":false,"product_selection_started":false,"is_active":true,"image_webp_url":"https:\/\/www.meska.hu\/img\/product\/small\/m\/i\/miliajandek_product_766832_260320095930_172461.webp"},{"id":"6162298","shop_id":"51477","user_id":"766832","shop_name":"MiLiajandek","shop_zip":"4138","product_code":"5762284","product_name_old":null,"product_name":"Grav\u00edrozott h\u00fasv\u00e9ti kos\u00e1r","category_string":"\u00dcnnepi d\u00edszek, dekor\u00e1ci\u00f3k, H\u00fasv\u00e9ti d\u00edszek \u00e9s dekor\u00e1ci\u00f3k, H\u00fasv\u00e9ti asztald\u00edszek","technic_string":"Grav\u00edroz\u00e1s, pirogr\u00e1fia","category_1":"1818","category_2":"1803","category_3":"1796","category_4":"0","merged_category_1":null,"merged_category_2":null,"merged_category_3":null,"technic_1":"796","technic_2":"0","technic_3":"0","color_1":"514","color_2":"0","color_3":"0","product_description_old":null,"product_description":"Toj\u00e1s Alak\u00fa Grav\u00edrozott H\u00fasv\u00e9ti Kos\u00e1r\n\nEz az egyedi, toj\u00e1s alak\u00fa grav\u00edrozott h\u00fasv\u00e9ti kos\u00e1r k\u00fcl\u00f6nleges kieg\u00e9sz\u00edt\u0151je lehet az \u00fcnnepi dekor\u00e1ci\u00f3nak. K\u00fcl\u00f6nleges form\u00e1ja \u00e9s prec\u00edz l\u00e9zergrav\u00edroz\u00e1sa garant\u00e1lja a figyelemfelkelt\u0151 megjelen\u00e9st, legyen sz\u00f3 h\u00fasv\u00e9ti asztald\u00edszr\u0151l vagy aj\u00e1nd\u00e9kcsomagol\u00e1sr\u00f3l.\n\nJellemz\u0151k:\nForma: Toj\u00e1s alak\u00fa kialak\u00edt\u00e1s a m\u00e9g \u00fcnnepibb hangulat\u00e9rt\n\nAnyag: Kiv\u00e1l\u00f3 min\u0151s\u00e9g\u0171 fa, term\u00e9szetes \u00e9s tart\u00f3s kivitelez\u00e9s\n\nKialak\u00edt\u00e1s: Praktikus \u00e9s stabil szerkezet, k\u00f6nnyen hordozhat\u00f3\n\nFelhaszn\u00e1l\u00e1si lehet\u0151s\u00e9gek:\nH\u00fasv\u00e9ti dekor\u00e1ci\u00f3k\u00e9nt asztalra, polcra vagy aj\u00e1nd\u00e9kcsomagol\u00e1shoz\n\nToj\u00e1sok \u00e9s apr\u00f3 aj\u00e1nd\u00e9kok t\u00e1rol\u00e1s\u00e1ra\n\nGyerekek sz\u00e1m\u00e1ra h\u00fasv\u00e9ti meglepet\u00e9sk\u00e9nt vagy toj\u00e1svad\u00e1szathoz\n\nEz az egyedi h\u00fasv\u00e9ti kos\u00e1r nemcsak praktikus, hanem igaz\u00e1n k\u00fcl\u00f6nleges \u00fcnnepi d\u00edsz is, amely feldobja az otthonod vagy aj\u00e1nd\u00e9kaid megjelen\u00e9s\u00e9t! \ud83d\udc30\ud83e\udd5a\ud83c\udf38\n\nA k\u00e9pek csak informat\u00edv c\u00e9llal k\u00e9sz\u00fcltek, a term\u00e9k n\u00e9mik\u00e9pp elt\u00e9rhet a k\u00e9sz term\u00e9kt\u0151l.\n\nTerm\u00e9k m\u00e9rete:  kb 19,5\u00d724,5\u00d715,3 cm      vastags\u00e1g: 3 mm\n\nA m\u00e9retek minden esetben a k\u00fcls\u0151 legnagyobb m\u00e9retet jelentik. A felt\u00fcntetett \u00e1r tartalmazza az egyedi grav\u00edroz\u00e1s, a szerkeszt\u00e9si d\u00edj \u00e9s a term\u00e9k \u00e1r\u00e1t is.","price":"3500.00","unit":"db","recommended":"0","status":"1","sponsored":"0","exp_notify":"0","own_material":"0","own_material_description_old":null,"own_material_description":"","jury":"0","jury_number":"","product_nature":"","meskaracsony":"0","create_date":"2026-07-18 10:58:35","shelve_id":"0","image":"miliajandek_product_766832_260320104740_396254.jpeg","image_width":"480","image_height":"320","image_alt":"Grav\u00edrozott h\u00fasv\u00e9ti kos\u00e1r, Toj\u00e1s Alak\u00fa Grav\u00edrozott H\u00fasv\u00e9ti Kos\u00e1r\\n\\nEz az egyedi, toj\u00e1s alak\u00fa grav\u00edrozott h\u00fasv\u00e9ti kos\u00e1r k\u00fcl\u00f6nlege..., Meska","image_title":"Grav\u00edrozott h\u00fasv\u00e9ti kos\u00e1r, Meska","view_count":"108","favourite_count":"0","trending_score":"0","last2MonthFavouriteCount":"0","promotion":"0","giftcard_accept":"0","creditcard_accept":true,"enhanced_background":"0","domain":"meska","specific_customer_id":null,"specific_customer_name":null,"to_order_product":"1","to_order_product_time":"5","product_different":null,"product_different_description":"","vintage":"0","vintage_category_id":"0","recycled":"0","gemstone_id":"0","customizable":"1","type_category":"physical","zerowaste":"0","postage_price":"2599.00","shop_order":"0","has_category":"1","landing_pages":null,"microdata":{"number":92,"category":""},"title":"Grav\u00edrozott h\u00fasv\u00e9ti kos\u00e1r","description":"Toj\u00e1s Alak\u00fa Grav\u00edrozott H\u00fasv\u00e9ti Kos\u00e1r\n\nEz az egyedi, toj\u00e1s alak\u00fa grav\u00edrozott h\u00fasv\u00e9ti kos\u00e1r k\u00fcl\u00f6nleges kieg\u00e9sz\u00edt\u0151je lehet az \u00fcnnepi dekor\u00e1ci\u00f3nak. K\u00fcl\u00f6nleges form\u00e1ja \u00e9s prec\u00edz l\u00e9zergrav\u00edroz\u00e1sa garant\u00e1lja a figyelemfelkelt\u0151 megjelen\u00e9st, legyen sz\u00f3 h\u00fasv\u00e9ti asztald\u00edszr\u0151l vagy aj\u00e1nd\u00e9kcsomagol\u00e1sr\u00f3l.\n\nJellemz\u0151k:\nForma: Toj\u00e1s alak\u00fa kialak\u00edt\u00e1s a m\u00e9g \u00fcnnepibb hangulat\u00e9rt\n\nAnyag: Kiv\u00e1l\u00f3 min\u0151s\u00e9g\u0171 fa, term\u00e9szetes \u00e9s tart\u00f3s kivitelez\u00e9s\n\nKialak\u00edt\u00e1s: Praktikus \u00e9s stabil szerkezet, k\u00f6nnyen hordozhat\u00f3\n\nFelhaszn\u00e1l\u00e1si lehet\u0151s\u00e9gek:\nH\u00fasv\u00e9ti dekor\u00e1ci\u00f3k\u00e9nt asztalra, polcra vagy aj\u00e1nd\u00e9kcsomagol\u00e1shoz\n\nToj\u00e1sok \u00e9s apr\u00f3 aj\u00e1nd\u00e9kok t\u00e1rol\u00e1s\u00e1ra\n\nGyerekek sz\u00e1m\u00e1ra h\u00fasv\u00e9ti meglepet\u00e9sk\u00e9nt vagy toj\u00e1svad\u00e1szathoz\n\nEz az egyedi h\u00fasv\u00e9ti kos\u00e1r nemcsak praktikus, hanem igaz\u00e1n k\u00fcl\u00f6nleges \u00fcnnepi d\u00edsz is, amely feldobja az otthonod vagy aj\u00e1nd\u00e9kaid megjelen\u00e9s\u00e9t! \ud83d\udc30\ud83e\udd5a\ud83c\udf38\n\nA k\u00e9pek csak informat\u00edv c\u00e9llal k\u00e9sz\u00fcltek, a term\u00e9k n\u00e9mik\u00e9pp elt\u00e9rhet a k\u00e9sz term\u00e9kt\u0151l.\n\nTerm\u00e9k m\u00e9rete:  kb 19,5\u00d724,5\u00d715,3 cm      vastags\u00e1g: 3 mm\n\nA m\u00e9retek minden esetben a k\u00fcls\u0151 legnagyobb m\u00e9retet jelentik. A felt\u00fcntetett \u00e1r tartalmazza az egyedi grav\u00edroz\u00e1s, a szerkeszt\u00e9si d\u00edj \u00e9s a term\u00e9k \u00e1r\u00e1t is.","score":0,"formatted_price":"3 500 Ft","image_url":"https:\/\/www.meska.hu\/img\/product\/small\/m\/i\/miliajandek_product_766832_260320104740_396254.jpeg","formatted_url":"https:\/\/www.meska.hu\/p5762284-gravirozott-husveti-kosar","favourite":false,"in_stock":false,"avatar":"766832_avatar_1768487403.jpeg","delete_from":0,"is_enhanced_background":false,"is_enhanced":false,"product_selection_started":false,"is_active":true,"image_webp_url":"https:\/\/www.meska.hu\/img\/product\/small\/m\/i\/miliajandek_product_766832_260320104740_396254.webp"},{"id":"6162146","shop_id":"51477","user_id":"766832","shop_name":"MiLiajandek","shop_zip":"4138","product_code":"5762158","product_name_old":null,"product_name":"Grav\u00edrozott h\u00fasv\u00e9ti nyuszi csokitart\u00f3 - Boldog nyuszit","category_string":"\u00dcnnepi d\u00edszek, dekor\u00e1ci\u00f3k, H\u00fasv\u00e9ti d\u00edszek \u00e9s dekor\u00e1ci\u00f3k, H\u00fasv\u00e9ti asztald\u00edszek","technic_string":"Grav\u00edroz\u00e1s, pirogr\u00e1fia","category_1":"1818","category_2":"1803","category_3":"1796","category_4":"0","merged_category_1":null,"merged_category_2":null,"merged_category_3":null,"technic_1":"796","technic_2":"0","technic_3":"0","color_1":"514","color_2":"0","color_3":"0","product_description_old":null,"product_description":"Ez a b\u00e1jos grav\u00edrozott h\u00fasv\u00e9ti nyuszi csokitart\u00f3 t\u00f6k\u00e9letes kieg\u00e9sz\u00edt\u0151je a h\u00fasv\u00e9ti \u00fcnnepeknek! F\u00e1b\u00f3l k\u00e9sz\u00fclt, r\u00e9szletes kidolgoz\u00e1s\u00fa nyuszi figura, amelynek h\u00e1toldal\u00e1n egy apr\u00f3 doboz tal\u00e1lhat\u00f3, ahov\u00e1 egy kis csokit vagy m\u00e1s apr\u00f3 meglepet\u00e9st lehet rejteni.\n\nA nyuszi elej\u00e9re k\u00fcl\u00f6nb\u00f6z\u0151 frapp\u00e1ns, kedves vagy humoros sz\u00f6vegek ker\u00fclnek grav\u00edroz\u00e1sra, \u00edgy szem\u00e9lyre szabott \u00e9s egyedi aj\u00e1nd\u00e9k v\u00e1lhat bel\u0151le. Legyen sz\u00f3 gyerekekr\u0151l vagy feln\u0151ttekr\u0151l, ez a csokitart\u00f3 garant\u00e1ltan mosolyt csal mindenki arc\u00e1ra.\n\nKiv\u00e1l\u00f3 v\u00e1laszt\u00e1s h\u00fasv\u00e9ti aj\u00e1nd\u00e9knak, asztali dekor\u00e1ci\u00f3nak vagy ak\u00e1r meglepet\u00e9sk\u00e9nt egy k\u00fcl\u00f6nleges h\u00fasv\u00e9ti toj\u00e1svad\u00e1szathoz! \ud83c\udf81\ud83d\udc30\n\nA k\u00e9pek csak informat\u00edv c\u00e9llal k\u00e9sz\u00fcltek, a term\u00e9k NEM \u00e9dess\u00e9ggel egy\u00fctt kaphat\u00f3.\n\nTerm\u00e9k m\u00e9rete:  kb 10,5\u00d714,5\u00d73,2 cm      vastags\u00e1g: 3 mm\n\nA m\u00e9retek minden esetben a k\u00fcls\u0151 legnagyobb m\u00e9retet jelentik. A felt\u00fcntetett \u00e1r tartalmazza az egyedi grav\u00edroz\u00e1s, a szerkeszt\u00e9si d\u00edj \u00e9s a term\u00e9k \u00e1r\u00e1t is.","price":"1500.00","unit":"db","recommended":"0","status":"1","sponsored":"0","exp_notify":"0","own_material":"0","own_material_description_old":null,"own_material_description":"","jury":"0","jury_number":"","product_nature":"","meskaracsony":"0","create_date":"2026-07-18 10:58:30","shelve_id":"0","image":"miliajandek_product_766832_260320095818_525159.jpeg","image_width":"480","image_height":"320","image_alt":"Grav\u00edrozott h\u00fasv\u00e9ti nyuszi csokitart\u00f3 - Boldog nyuszit, Ez a b\u00e1jos grav\u00edrozott h\u00fasv\u00e9ti nyuszi csokitart\u00f3 t\u00f6k\u00e9letes kieg\u00e9sz\u00edt\u0151je a h\u00fasv\u00e9ti \u00fcnnepeknek! F\u00e1b\u00f3l ..., Meska","image_title":"Grav\u00edrozott h\u00fasv\u00e9ti nyuszi csokitart\u00f3 - Boldog nyuszit, Meska","view_count":"124","favourite_count":"0","trending_score":"0","last2MonthFavouriteCount":"0","promotion":"0","giftcard_accept":"0","creditcard_accept":true,"enhanced_background":"0","domain":"meska","specific_customer_id":null,"specific_customer_name":null,"to_order_product":"1","to_order_product_time":"5","product_different":null,"product_different_description":"","vintage":"0","vintage_category_id":"0","recycled":"0","gemstone_id":"0","customizable":"1","type_category":"physical","zerowaste":"0","postage_price":"2599.00","shop_order":"0","has_category":"1","landing_pages":null,"microdata":{"number":93,"category":""},"title":"Grav\u00edrozott h\u00fasv\u00e9ti nyuszi csokitart\u00f3 - Boldog nyuszit","description":"Ez a b\u00e1jos grav\u00edrozott h\u00fasv\u00e9ti nyuszi csokitart\u00f3 t\u00f6k\u00e9letes kieg\u00e9sz\u00edt\u0151je a h\u00fasv\u00e9ti \u00fcnnepeknek! F\u00e1b\u00f3l k\u00e9sz\u00fclt, r\u00e9szletes kidolgoz\u00e1s\u00fa nyuszi figura, amelynek h\u00e1toldal\u00e1n egy apr\u00f3 doboz tal\u00e1lhat\u00f3, ahov\u00e1 egy kis csokit vagy m\u00e1s apr\u00f3 meglepet\u00e9st lehet rejteni.\n\nA nyuszi elej\u00e9re k\u00fcl\u00f6nb\u00f6z\u0151 frapp\u00e1ns, kedves vagy humoros sz\u00f6vegek ker\u00fclnek grav\u00edroz\u00e1sra, \u00edgy szem\u00e9lyre szabott \u00e9s egyedi aj\u00e1nd\u00e9k v\u00e1lhat bel\u0151le. Legyen sz\u00f3 gyerekekr\u0151l vagy feln\u0151ttekr\u0151l, ez a csokitart\u00f3 garant\u00e1ltan mosolyt csal mindenki arc\u00e1ra.\n\nKiv\u00e1l\u00f3 v\u00e1laszt\u00e1s h\u00fasv\u00e9ti aj\u00e1nd\u00e9knak, asztali dekor\u00e1ci\u00f3nak vagy ak\u00e1r meglepet\u00e9sk\u00e9nt egy k\u00fcl\u00f6nleges h\u00fasv\u00e9ti toj\u00e1svad\u00e1szathoz! \ud83c\udf81\ud83d\udc30\n\nA k\u00e9pek csak informat\u00edv c\u00e9llal k\u00e9sz\u00fcltek, a term\u00e9k NEM \u00e9dess\u00e9ggel egy\u00fctt kaphat\u00f3.\n\nTerm\u00e9k m\u00e9rete:  kb 10,5\u00d714,5\u00d73,2 cm      vastags\u00e1g: 3 mm\n\nA m\u00e9retek minden esetben a k\u00fcls\u0151 legnagyobb m\u00e9retet jelentik. A felt\u00fcntetett \u00e1r tartalmazza az egyedi grav\u00edroz\u00e1s, a szerkeszt\u00e9si d\u00edj \u00e9s a term\u00e9k \u00e1r\u00e1t is.","score":0,"formatted_price":"1 500 Ft","image_url":"https:\/\/www.meska.hu\/img\/product\/small\/m\/i\/miliajandek_product_766832_260320095818_525159.jpeg","formatted_url":"https:\/\/www.meska.hu\/p5762158-gravirozott-husveti-nyuszi-csokitarto-boldog-nyuszit","favourite":false,"in_stock":false,"avatar":"766832_avatar_1768487403.jpeg","delete_from":0,"is_enhanced_background":false,"is_enhanced":false,"product_selection_started":false,"is_active":true,"image_webp_url":"https:\/\/www.meska.hu\/img\/product\/small\/m\/i\/miliajandek_product_766832_260320095818_525159.webp"},{"id":"6162309","shop_id":"51477","user_id":"766832","shop_name":"MiLiajandek","shop_zip":"4138","product_code":"5762290","product_name_old":null,"product_name":"Grav\u00edrozott h\u00fasv\u00e9ti nyuszis toj\u00e1start\u00f3","category_string":"\u00dcnnepi d\u00edszek, dekor\u00e1ci\u00f3k, H\u00fasv\u00e9ti d\u00edszek \u00e9s dekor\u00e1ci\u00f3k, H\u00fasv\u00e9ti asztald\u00edszek","technic_string":"Grav\u00edroz\u00e1s, pirogr\u00e1fia","category_1":"1818","category_2":"1803","category_3":"1796","category_4":"0","merged_category_1":null,"merged_category_2":null,"merged_category_3":null,"technic_1":"796","technic_2":"0","technic_3":"0","color_1":"514","color_2":"0","color_3":"0","product_description_old":null,"product_description":"Var\u00e1zsold m\u00e9g k\u00fcl\u00f6nlegesebb\u00e9 a h\u00fasv\u00e9ti asztalt ezzel a b\u00e1jos, grav\u00edrozott nyuszis toj\u00e1start\u00f3val! A term\u00e9szetes fa alapanyagb\u00f3l k\u00e9sz\u00fclt, egyedi tervez\u00e9s\u0171 tart\u00f3 k\u00e9t darab toj\u00e1snak biztos\u00edt helyet, \u00edgy t\u00f6k\u00e9letes v\u00e1laszt\u00e1s lehet \u00fcnnepi dekor\u00e1ci\u00f3hoz vagy aj\u00e1nd\u00e9knak is.\n\nA kedves nyuszi mot\u00edvum l\u00e9zergrav\u00edroz\u00e1ssal ker\u00fcl a fel\u00fcletre, ami nemcsak tart\u00f3ss\u00e1got, de ig\u00e9nyes, r\u00e9szletgazdag megjelen\u00e9st is biztos\u00edt. A kompakt m\u00e9ret\u0171, m\u00e9gis stabil kialak\u00edt\u00e1snak k\u00f6sz\u00f6nhet\u0151en remek\u00fcl mutat az \u00fcnnepi reggelin\u00e9l, vagy ak\u00e1r a locsol\u00f3knak k\u00e9sz\u00edtett aj\u00e1nd\u00e9kcsomagban is.\n\nTulajdons\u00e1gok:\n\nAnyag: term\u00e9szetes fa\n\nGrav\u00edrozott h\u00fasv\u00e9ti nyuszi minta\n\n2 db toj\u00e1snak kialak\u00edtott tart\u00f3hely\n\nK\u00e9zm\u0171ves term\u00e9k, egyedi design\n\nAj\u00e1nljuk:\n\nH\u00fasv\u00e9ti dekor\u00e1ci\u00f3nak\n\nAj\u00e1nd\u00e9knak gyerekeknek, locsol\u00f3knak\n\n\u00dcnnepi asztali d\u00edsz\u00edt\u00e9shez\n\nA k\u00e9pek csak informat\u00edv c\u00e9llal k\u00e9sz\u00fcltek, a term\u00e9k NEM \u00e9dess\u00e9ggel egy\u00fctt kaphat\u00f3.\n\nTerm\u00e9k m\u00e9rete:  kb  24,3x17x5,8 cm      vastags\u00e1g: 3 mm\n\nA m\u00e9retek minden esetben a k\u00fcls\u0151 legnagyobb m\u00e9retet jelentik. A felt\u00fcntetett \u00e1r tartalmazza az egyedi grav\u00edroz\u00e1s, a szerkeszt\u00e9si d\u00edj \u00e9s a term\u00e9k \u00e1r\u00e1t is.","price":"2100.00","unit":"db","recommended":"0","status":"1","sponsored":"0","exp_notify":"0","own_material":"0","own_material_description_old":null,"own_material_description":"","jury":"0","jury_number":"","product_nature":"","meskaracsony":"0","create_date":"2026-07-18 10:58:30","shelve_id":"0","image":"miliajandek_product_766832_260320105357_33988.jpeg","image_width":"480","image_height":"320","image_alt":"Grav\u00edrozott h\u00fasv\u00e9ti nyuszis toj\u00e1start\u00f3, Var\u00e1zsold m\u00e9g k\u00fcl\u00f6nlegesebb\u00e9 a h\u00fasv\u00e9ti asztalt ezzel a b\u00e1jos, grav\u00edrozott nyuszis toj\u00e1start\u00f3val! A t..., Meska","image_title":"Grav\u00edrozott h\u00fasv\u00e9ti nyuszis toj\u00e1start\u00f3, Meska","view_count":"120","favourite_count":"0","trending_score":"0","last2MonthFavouriteCount":"0","promotion":"0","giftcard_accept":"0","creditcard_accept":true,"enhanced_background":"0","domain":"meska","specific_customer_id":null,"specific_customer_name":null,"to_order_product":"1","to_order_product_time":"5","product_different":null,"product_different_description":"","vintage":"0","vintage_category_id":"0","recycled":"0","gemstone_id":"0","customizable":"1","type_category":"physical","zerowaste":"0","postage_price":"2599.00","shop_order":"0","has_category":"1","landing_pages":null,"microdata":{"number":94,"category":""},"title":"Grav\u00edrozott h\u00fasv\u00e9ti nyuszis toj\u00e1start\u00f3","description":"Var\u00e1zsold m\u00e9g k\u00fcl\u00f6nlegesebb\u00e9 a h\u00fasv\u00e9ti asztalt ezzel a b\u00e1jos, grav\u00edrozott nyuszis toj\u00e1start\u00f3val! A term\u00e9szetes fa alapanyagb\u00f3l k\u00e9sz\u00fclt, egyedi tervez\u00e9s\u0171 tart\u00f3 k\u00e9t darab toj\u00e1snak biztos\u00edt helyet, \u00edgy t\u00f6k\u00e9letes v\u00e1laszt\u00e1s lehet \u00fcnnepi dekor\u00e1ci\u00f3hoz vagy aj\u00e1nd\u00e9knak is.\n\nA kedves nyuszi mot\u00edvum l\u00e9zergrav\u00edroz\u00e1ssal ker\u00fcl a fel\u00fcletre, ami nemcsak tart\u00f3ss\u00e1got, de ig\u00e9nyes, r\u00e9szletgazdag megjelen\u00e9st is biztos\u00edt. A kompakt m\u00e9ret\u0171, m\u00e9gis stabil kialak\u00edt\u00e1snak k\u00f6sz\u00f6nhet\u0151en remek\u00fcl mutat az \u00fcnnepi reggelin\u00e9l, vagy ak\u00e1r a locsol\u00f3knak k\u00e9sz\u00edtett aj\u00e1nd\u00e9kcsomagban is.\n\nTulajdons\u00e1gok:\n\nAnyag: term\u00e9szetes fa\n\nGrav\u00edrozott h\u00fasv\u00e9ti nyuszi minta\n\n2 db toj\u00e1snak kialak\u00edtott tart\u00f3hely\n\nK\u00e9zm\u0171ves term\u00e9k, egyedi design\n\nAj\u00e1nljuk:\n\nH\u00fasv\u00e9ti dekor\u00e1ci\u00f3nak\n\nAj\u00e1nd\u00e9knak gyerekeknek, locsol\u00f3knak\n\n\u00dcnnepi asztali d\u00edsz\u00edt\u00e9shez\n\nA k\u00e9pek csak informat\u00edv c\u00e9llal k\u00e9sz\u00fcltek, a term\u00e9k NEM \u00e9dess\u00e9ggel egy\u00fctt kaphat\u00f3.\n\nTerm\u00e9k m\u00e9rete:  kb  24,3x17x5,8 cm      vastags\u00e1g: 3 mm\n\nA m\u00e9retek minden esetben a k\u00fcls\u0151 legnagyobb m\u00e9retet jelentik. A felt\u00fcntetett \u00e1r tartalmazza az egyedi grav\u00edroz\u00e1s, a szerkeszt\u00e9si d\u00edj \u00e9s a term\u00e9k \u00e1r\u00e1t is.","score":0,"formatted_price":"2 100 Ft","image_url":"https:\/\/www.meska.hu\/img\/product\/small\/m\/i\/miliajandek_product_766832_260320105357_33988.jpeg","formatted_url":"https:\/\/www.meska.hu\/p5762290-gravirozott-husveti-nyuszis-tojastarto","favourite":false,"in_stock":false,"avatar":"766832_avatar_1768487403.jpeg","delete_from":0,"is_enhanced_background":false,"is_enhanced":false,"product_selection_started":false,"is_active":true,"image_webp_url":"https:\/\/www.meska.hu\/img\/product\/small\/m\/i\/miliajandek_product_766832_260320105357_33988.webp"},{"id":"6162192","shop_id":"51477","user_id":"766832","shop_name":"MiLiajandek","shop_zip":"4138","product_code":"5762182","product_name_old":null,"product_name":"Grav\u00edrozott h\u00fasv\u00e9ti kos\u00e1r","category_string":"\u00dcnnepi d\u00edszek, dekor\u00e1ci\u00f3k, H\u00fasv\u00e9ti d\u00edszek \u00e9s dekor\u00e1ci\u00f3k, H\u00fasv\u00e9ti asztald\u00edszek","technic_string":"Grav\u00edroz\u00e1s, pirogr\u00e1fia","category_1":"1818","category_2":"1803","category_3":"1796","category_4":"0","merged_category_1":null,"merged_category_2":null,"merged_category_3":null,"technic_1":"796","technic_2":"0","technic_3":"0","color_1":"514","color_2":"0","color_3":"0","product_description_old":null,"product_description":"Ez a gy\u00f6ny\u00f6r\u0171, grav\u00edrozott h\u00fasv\u00e9ti kos\u00e1r t\u00f6k\u00e9letes v\u00e1laszt\u00e1s a tavaszi \u00fcnnepek hangulat\u00e1nak fokoz\u00e1s\u00e1ra. A kos\u00e1r kialak\u00edt\u00e1sa lehet\u0151v\u00e9 teszi, hogy n\u00e9gy darab toj\u00e1st helyezz\u00fcnk bele, \u00edgy ide\u00e1lis dekor\u00e1ci\u00f3s elem vagy aj\u00e1nd\u00e9k lehet a csal\u00e1d \u00e9s bar\u00e1tok sz\u00e1m\u00e1ra.\n\nJellemz\u0151k:\nAnyag: Min\u0151s\u00e9gi fa\n\nM\u00e9retek: Kialak\u00edt\u00e1sa a n\u00e9gy toj\u00e1s k\u00e9nyelmes elhelyez\u00e9s\u00e9re optimaliz\u00e1lt\n\nGrav\u00edroz\u00e1s: Egyedi h\u00fasv\u00e9ti mot\u00edvumokkal d\u00edsz\u00edtett\n\nKialak\u00edt\u00e1s: K\u00f6nny\u0171, de stabil szerkezet, k\u00e9nyelmes foganty\u00faval a k\u00f6nny\u0171 hordozhat\u00f3s\u00e1g \u00e9rdek\u00e9ben\n\nFelhaszn\u00e1l\u00e1si lehet\u0151s\u00e9gek:\nH\u00fasv\u00e9ti dekor\u00e1ci\u00f3k\u00e9nt asztalra, ablakba vagy polcra helyezhet\u0151\n\nAj\u00e1nd\u00e9kcsomagol\u00e1s r\u00e9szek\u00e9nt \u00e9dess\u00e9gekkel vagy k\u00e9zzel festett toj\u00e1sokkal megt\u00f6ltve\n\nGyerekek sz\u00e1m\u00e1ra t\u00f6k\u00e9letes h\u00fasv\u00e9ti meglepet\u00e9s vagy toj\u00e1svad\u00e1szathoz haszn\u00e1lhat\u00f3\n\nEz a kos\u00e1r nemcsak praktikus, hanem egyedi \u00e9s szem\u00e9lyre szabhat\u00f3 aj\u00e1nd\u00e9k is lehet \u2013 ak\u00e1r n\u00e9vre sz\u00f3l\u00f3 grav\u00edroz\u00e1ssal is rendelhet\u0151! \ud83c\udf38\ud83d\udc30\ud83e\udd5a\n\nA k\u00e9pek csak informat\u00edv c\u00e9llal k\u00e9sz\u00fcltek, a term\u00e9k NEM toj\u00e1ssal egy\u00fctt kaphat\u00f3.\n\nTerm\u00e9k m\u00e9rete:  kb 11,215,5\u00d712 cm      vastags\u00e1g: 3 mm\n\nA m\u00e9retek minden esetben a k\u00fcls\u0151 legnagyobb m\u00e9retet jelentik. A felt\u00fcntetett \u00e1r tartalmazza az egyedi grav\u00edroz\u00e1s, a szerkeszt\u00e9si d\u00edj \u00e9s a term\u00e9k \u00e1r\u00e1t is.","price":"2800.00","unit":"db","recommended":"0","status":"1","sponsored":"0","exp_notify":"0","own_material":"0","own_material_description_old":null,"own_material_description":"","jury":"0","jury_number":"","product_nature":"","meskaracsony":"0","create_date":"2026-07-18 10:58:23","shelve_id":"0","image":"miliajandek_product_766832_260320104203_363733.jpeg","image_width":"480","image_height":"320","image_alt":"Grav\u00edrozott h\u00fasv\u00e9ti kos\u00e1r, Ez a gy\u00f6ny\u00f6r\u0171, grav\u00edrozott h\u00fasv\u00e9ti kos\u00e1r t\u00f6k\u00e9letes v\u00e1laszt\u00e1s a tavaszi \u00fcnnepek hangulat\u00e1nak fokoz\u00e1s\u00e1..., Meska","image_title":"Grav\u00edrozott h\u00fasv\u00e9ti kos\u00e1r, Meska","view_count":"122","favourite_count":"0","trending_score":"0","last2MonthFavouriteCount":"0","promotion":"0","giftcard_accept":"0","creditcard_accept":true,"enhanced_background":"0","domain":"meska","specific_customer_id":null,"specific_customer_name":null,"to_order_product":"1","to_order_product_time":"5","product_different":null,"product_different_description":"","vintage":"0","vintage_category_id":"0","recycled":"0","gemstone_id":"0","customizable":"1","type_category":"physical","zerowaste":"0","postage_price":"2599.00","shop_order":"0","has_category":"1","landing_pages":null,"microdata":{"number":95,"category":""},"title":"Grav\u00edrozott h\u00fasv\u00e9ti kos\u00e1r","description":"Ez a gy\u00f6ny\u00f6r\u0171, grav\u00edrozott h\u00fasv\u00e9ti kos\u00e1r t\u00f6k\u00e9letes v\u00e1laszt\u00e1s a tavaszi \u00fcnnepek hangulat\u00e1nak fokoz\u00e1s\u00e1ra. A kos\u00e1r kialak\u00edt\u00e1sa lehet\u0151v\u00e9 teszi, hogy n\u00e9gy darab toj\u00e1st helyezz\u00fcnk bele, \u00edgy ide\u00e1lis dekor\u00e1ci\u00f3s elem vagy aj\u00e1nd\u00e9k lehet a csal\u00e1d \u00e9s bar\u00e1tok sz\u00e1m\u00e1ra.\n\nJellemz\u0151k:\nAnyag: Min\u0151s\u00e9gi fa\n\nM\u00e9retek: Kialak\u00edt\u00e1sa a n\u00e9gy toj\u00e1s k\u00e9nyelmes elhelyez\u00e9s\u00e9re optimaliz\u00e1lt\n\nGrav\u00edroz\u00e1s: Egyedi h\u00fasv\u00e9ti mot\u00edvumokkal d\u00edsz\u00edtett\n\nKialak\u00edt\u00e1s: K\u00f6nny\u0171, de stabil szerkezet, k\u00e9nyelmes foganty\u00faval a k\u00f6nny\u0171 hordozhat\u00f3s\u00e1g \u00e9rdek\u00e9ben\n\nFelhaszn\u00e1l\u00e1si lehet\u0151s\u00e9gek:\nH\u00fasv\u00e9ti dekor\u00e1ci\u00f3k\u00e9nt asztalra, ablakba vagy polcra helyezhet\u0151\n\nAj\u00e1nd\u00e9kcsomagol\u00e1s r\u00e9szek\u00e9nt \u00e9dess\u00e9gekkel vagy k\u00e9zzel festett toj\u00e1sokkal megt\u00f6ltve\n\nGyerekek sz\u00e1m\u00e1ra t\u00f6k\u00e9letes h\u00fasv\u00e9ti meglepet\u00e9s vagy toj\u00e1svad\u00e1szathoz haszn\u00e1lhat\u00f3\n\nEz a kos\u00e1r nemcsak praktikus, hanem egyedi \u00e9s szem\u00e9lyre szabhat\u00f3 aj\u00e1nd\u00e9k is lehet \u2013 ak\u00e1r n\u00e9vre sz\u00f3l\u00f3 grav\u00edroz\u00e1ssal is rendelhet\u0151! \ud83c\udf38\ud83d\udc30\ud83e\udd5a\n\nA k\u00e9pek csak informat\u00edv c\u00e9llal k\u00e9sz\u00fcltek, a term\u00e9k NEM toj\u00e1ssal egy\u00fctt kaphat\u00f3.\n\nTerm\u00e9k m\u00e9rete:  kb 11,215,5\u00d712 cm      vastags\u00e1g: 3 mm\n\nA m\u00e9retek minden esetben a k\u00fcls\u0151 legnagyobb m\u00e9retet jelentik. A felt\u00fcntetett \u00e1r tartalmazza az egyedi grav\u00edroz\u00e1s, a szerkeszt\u00e9si d\u00edj \u00e9s a term\u00e9k \u00e1r\u00e1t is.","score":0,"formatted_price":"2 800 Ft","image_url":"https:\/\/www.meska.hu\/img\/product\/small\/m\/i\/miliajandek_product_766832_260320104203_363733.jpeg","formatted_url":"https:\/\/www.meska.hu\/p5762182-gravirozott-husveti-kosar","favourite":false,"in_stock":false,"avatar":"766832_avatar_1768487403.jpeg","delete_from":0,"is_enhanced_background":false,"is_enhanced":false,"product_selection_started":false,"is_active":true,"image_webp_url":"https:\/\/www.meska.hu\/img\/product\/small\/m\/i\/miliajandek_product_766832_260320104203_363733.webp"},{"id":"6162153","shop_id":"51477","user_id":"766832","shop_name":"MiLiajandek","shop_zip":"4138","product_code":"5762163","product_name_old":null,"product_name":"Grav\u00edrozott nyuszi toj\u00e1start\u00f3","category_string":"\u00dcnnepi d\u00edszek, dekor\u00e1ci\u00f3k, H\u00fasv\u00e9ti d\u00edszek \u00e9s dekor\u00e1ci\u00f3k, H\u00fasv\u00e9ti asztald\u00edszek","technic_string":"Grav\u00edroz\u00e1s, pirogr\u00e1fia","category_1":"1818","category_2":"1803","category_3":"1796","category_4":"0","merged_category_1":null,"merged_category_2":null,"merged_category_3":null,"technic_1":"796","technic_2":"0","technic_3":"0","color_1":"514","color_2":"0","color_3":"0","product_description_old":null,"product_description":"Ez a k\u00fcl\u00f6nleges grav\u00edrozott nyuszi toj\u00e1start\u00f3 nemcsak praktikus, hanem st\u00edlusos h\u00fasv\u00e9ti dekor\u00e1ci\u00f3 is! A nyuszi h\u00e1ts\u00f3 r\u00e9sze \u00fagy van kialak\u00edtva, hogy t\u00f6k\u00e9letesen illeszkedjen bele egy toj\u00e1s \u2013 legyen az festett h\u00fasv\u00e9ti toj\u00e1s vagy ak\u00e1r egy csokitoj\u00e1s.\n\nA term\u00e9k 6 r\u00e9tegb\u0151l \u00e1ll, amelyeket prec\u00edz l\u00e9zergrav\u00edroz\u00e1ssal \u00e9s v\u00e1g\u00e1ssal k\u00e9sz\u00edt\u00fcnk, \u00edgy egyedi, 3D-s hat\u00e1st kelt. A r\u00e9szletes kidolgoz\u00e1s \u00e9s a term\u00e9szetes faanyag rusztikus, m\u00e9gis eleg\u00e1ns megjelen\u00e9st biztos\u00edt, \u00edgy b\u00e1rmilyen h\u00fasv\u00e9ti asztald\u00edsz vagy aj\u00e1nd\u00e9k t\u00f6k\u00e9letes kieg\u00e9sz\u00edt\u0151je lehet.\n\nLegyen sz\u00f3 \u00fcnnepi asztaldekor\u00e1ci\u00f3r\u00f3l, egyedi aj\u00e1nd\u00e9kr\u00f3l vagy egy aranyos h\u00fasv\u00e9ti meglepet\u00e9sr\u0151l, ez a nyuszi toj\u00e1start\u00f3 garant\u00e1ltan feldobja az \u00fcnnepi hangulatot! \ud83d\udc30\ud83e\udd5a\n\nA k\u00e9pek csak informat\u00edv c\u00e9llal k\u00e9sz\u00fcltek, a term\u00e9k NEM toj\u00e1ssal egy\u00fctt kaphat\u00f3.\n\nTerm\u00e9k m\u00e9rete:  kb 9,5\u00d711,7 cm      vastags\u00e1g: 3 mm\n\nA m\u00e9retek minden esetben a k\u00fcls\u0151 legnagyobb m\u00e9retet jelentik. A felt\u00fcntetett \u00e1r tartalmazza az egyedi grav\u00edroz\u00e1s, a szerkeszt\u00e9si d\u00edj \u00e9s a term\u00e9k \u00e1r\u00e1t is.","price":"1400.00","unit":"db","recommended":"0","status":"1","sponsored":"0","exp_notify":"0","own_material":"0","own_material_description_old":null,"own_material_description":"","jury":"0","jury_number":"","product_nature":"","meskaracsony":"0","create_date":"2026-07-18 10:58:20","shelve_id":"0","image":"miliajandek_product_766832_260320100234_612580.jpeg","image_width":"480","image_height":"320","image_alt":"Grav\u00edrozott nyuszi toj\u00e1start\u00f3, Ez a k\u00fcl\u00f6nleges grav\u00edrozott nyuszi toj\u00e1start\u00f3 nemcsak praktikus, hanem st\u00edlusos h\u00fasv\u00e9ti dekor\u00e1ci\u00f3 is..., Meska","image_title":"Grav\u00edrozott nyuszi toj\u00e1start\u00f3, Meska","view_count":"106","favourite_count":"0","trending_score":"0","last2MonthFavouriteCount":"0","promotion":"0","giftcard_accept":"0","creditcard_accept":true,"enhanced_background":"0","domain":"meska","specific_customer_id":null,"specific_customer_name":null,"to_order_product":"1","to_order_product_time":"5","product_different":null,"product_different_description":"","vintage":"0","vintage_category_id":"0","recycled":"0","gemstone_id":"0","customizable":"1","type_category":"physical","zerowaste":"0","postage_price":"2599.00","shop_order":"0","has_category":"1","landing_pages":null,"microdata":{"number":96,"category":""},"title":"Grav\u00edrozott nyuszi toj\u00e1start\u00f3","description":"Ez a k\u00fcl\u00f6nleges grav\u00edrozott nyuszi toj\u00e1start\u00f3 nemcsak praktikus, hanem st\u00edlusos h\u00fasv\u00e9ti dekor\u00e1ci\u00f3 is! A nyuszi h\u00e1ts\u00f3 r\u00e9sze \u00fagy van kialak\u00edtva, hogy t\u00f6k\u00e9letesen illeszkedjen bele egy toj\u00e1s \u2013 legyen az festett h\u00fasv\u00e9ti toj\u00e1s vagy ak\u00e1r egy csokitoj\u00e1s.\n\nA term\u00e9k 6 r\u00e9tegb\u0151l \u00e1ll, amelyeket prec\u00edz l\u00e9zergrav\u00edroz\u00e1ssal \u00e9s v\u00e1g\u00e1ssal k\u00e9sz\u00edt\u00fcnk, \u00edgy egyedi, 3D-s hat\u00e1st kelt. A r\u00e9szletes kidolgoz\u00e1s \u00e9s a term\u00e9szetes faanyag rusztikus, m\u00e9gis eleg\u00e1ns megjelen\u00e9st biztos\u00edt, \u00edgy b\u00e1rmilyen h\u00fasv\u00e9ti asztald\u00edsz vagy aj\u00e1nd\u00e9k t\u00f6k\u00e9letes kieg\u00e9sz\u00edt\u0151je lehet.\n\nLegyen sz\u00f3 \u00fcnnepi asztaldekor\u00e1ci\u00f3r\u00f3l, egyedi aj\u00e1nd\u00e9kr\u00f3l vagy egy aranyos h\u00fasv\u00e9ti meglepet\u00e9sr\u0151l, ez a nyuszi toj\u00e1start\u00f3 garant\u00e1ltan feldobja az \u00fcnnepi hangulatot! \ud83d\udc30\ud83e\udd5a\n\nA k\u00e9pek csak informat\u00edv c\u00e9llal k\u00e9sz\u00fcltek, a term\u00e9k NEM toj\u00e1ssal egy\u00fctt kaphat\u00f3.\n\nTerm\u00e9k m\u00e9rete:  kb 9,5\u00d711,7 cm      vastags\u00e1g: 3 mm\n\nA m\u00e9retek minden esetben a k\u00fcls\u0151 legnagyobb m\u00e9retet jelentik. A felt\u00fcntetett \u00e1r tartalmazza az egyedi grav\u00edroz\u00e1s, a szerkeszt\u00e9si d\u00edj \u00e9s a term\u00e9k \u00e1r\u00e1t is.","score":0,"formatted_price":"1 400 Ft","image_url":"https:\/\/www.meska.hu\/img\/product\/small\/m\/i\/miliajandek_product_766832_260320100234_612580.jpeg","formatted_url":"https:\/\/www.meska.hu\/p5762163-gravirozott-nyuszi-tojastarto","favourite":false,"in_stock":false,"avatar":"766832_avatar_1768487403.jpeg","delete_from":0,"is_enhanced_background":false,"is_enhanced":false,"product_selection_started":false,"is_active":true,"image_webp_url":"https:\/\/www.meska.hu\/img\/product\/small\/m\/i\/miliajandek_product_766832_260320100234_612580.webp"},{"id":"6162121","shop_id":"51477","user_id":"766832","shop_name":"MiLiajandek","shop_zip":"4138","product_code":"5762146","product_name_old":null,"product_name":"Grav\u00edrozott h\u00fasv\u00e9ti nyuszi csokitart\u00f3 - K\u00f6szi, hogy vagy","category_string":"\u00dcnnepi d\u00edszek, dekor\u00e1ci\u00f3k, H\u00fasv\u00e9ti d\u00edszek \u00e9s dekor\u00e1ci\u00f3k, H\u00fasv\u00e9ti asztald\u00edszek","technic_string":"Grav\u00edroz\u00e1s, pirogr\u00e1fia","category_1":"1818","category_2":"1803","category_3":"1796","category_4":"0","merged_category_1":null,"merged_category_2":null,"merged_category_3":null,"technic_1":"796","technic_2":"0","technic_3":"0","color_1":"514","color_2":"0","color_3":"0","product_description_old":null,"product_description":"Ez a b\u00e1jos grav\u00edrozott h\u00fasv\u00e9ti nyuszi csokitart\u00f3 t\u00f6k\u00e9letes kieg\u00e9sz\u00edt\u0151je a h\u00fasv\u00e9ti \u00fcnnepeknek! F\u00e1b\u00f3l k\u00e9sz\u00fclt, r\u00e9szletes kidolgoz\u00e1s\u00fa nyuszi figura, amelynek h\u00e1toldal\u00e1n egy apr\u00f3 doboz tal\u00e1lhat\u00f3, ahov\u00e1 egy kis csokit vagy m\u00e1s apr\u00f3 meglepet\u00e9st lehet rejteni.\n\nA nyuszi elej\u00e9re k\u00fcl\u00f6nb\u00f6z\u0151 frapp\u00e1ns, kedves vagy humoros sz\u00f6vegek ker\u00fclnek grav\u00edroz\u00e1sra, \u00edgy szem\u00e9lyre szabott \u00e9s egyedi aj\u00e1nd\u00e9k v\u00e1lhat bel\u0151le. Legyen sz\u00f3 gyerekekr\u0151l vagy feln\u0151ttekr\u0151l, ez a csokitart\u00f3 garant\u00e1ltan mosolyt csal mindenki arc\u00e1ra.\n\nKiv\u00e1l\u00f3 v\u00e1laszt\u00e1s h\u00fasv\u00e9ti aj\u00e1nd\u00e9knak, asztali dekor\u00e1ci\u00f3nak vagy ak\u00e1r meglepet\u00e9sk\u00e9nt egy k\u00fcl\u00f6nleges h\u00fasv\u00e9ti toj\u00e1svad\u00e1szathoz! \ud83c\udf81\ud83d\udc30\n\nA k\u00e9pek csak informat\u00edv c\u00e9llal k\u00e9sz\u00fcltek, a term\u00e9k NEM \u00e9dess\u00e9ggel egy\u00fctt kaphat\u00f3.\n\nTerm\u00e9k m\u00e9rete:  kb 10,5\u00d714,5\u00d73,2 cm      vastags\u00e1g: 3 mm\n\nA m\u00e9retek minden esetben a k\u00fcls\u0151 legnagyobb m\u00e9retet jelentik. A felt\u00fcntetett \u00e1r tartalmazza az egyedi grav\u00edroz\u00e1s, a szerkeszt\u00e9si d\u00edj \u00e9s a term\u00e9k \u00e1r\u00e1t is.","price":"1500.00","unit":"db","recommended":"0","status":"1","sponsored":"0","exp_notify":"0","own_material":"0","own_material_description_old":null,"own_material_description":"","jury":"0","jury_number":"","product_nature":"","meskaracsony":"0","create_date":"2026-07-18 09:58:32","shelve_id":"0","image":"miliajandek_product_766832_260320094017_020138.jpeg","image_width":"480","image_height":"320","image_alt":"Grav\u00edrozott h\u00fasv\u00e9ti nyuszi csokitart\u00f3 - K\u00f6szi, hogy vagy, Ez a b\u00e1jos grav\u00edrozott h\u00fasv\u00e9ti nyuszi csokitart\u00f3 t\u00f6k\u00e9letes kieg\u00e9sz\u00edt\u0151je a h\u00fasv\u00e9ti \u00fcnnepeknek! F\u00e1b\u00f3l ..., Meska","image_title":"Grav\u00edrozott h\u00fasv\u00e9ti nyuszi csokitart\u00f3 - K\u00f6szi, hogy vagy, Meska","view_count":"146","favourite_count":"0","trending_score":"0","last2MonthFavouriteCount":"0","promotion":"0","giftcard_accept":"0","creditcard_accept":true,"enhanced_background":"0","domain":"meska","specific_customer_id":null,"specific_customer_name":null,"to_order_product":"1","to_order_product_time":"5","product_different":null,"product_different_description":"","vintage":"0","vintage_category_id":"0","recycled":"0","gemstone_id":"0","customizable":"1","type_category":"physical","zerowaste":"0","postage_price":"2599.00","shop_order":"0","has_category":"1","landing_pages":null,"microdata":{"number":97,"category":""},"title":"Grav\u00edrozott h\u00fasv\u00e9ti nyuszi csokitart\u00f3 - K\u00f6szi, hogy vagy","description":"Ez a b\u00e1jos grav\u00edrozott h\u00fasv\u00e9ti nyuszi csokitart\u00f3 t\u00f6k\u00e9letes kieg\u00e9sz\u00edt\u0151je a h\u00fasv\u00e9ti \u00fcnnepeknek! F\u00e1b\u00f3l k\u00e9sz\u00fclt, r\u00e9szletes kidolgoz\u00e1s\u00fa nyuszi figura, amelynek h\u00e1toldal\u00e1n egy apr\u00f3 doboz tal\u00e1lhat\u00f3, ahov\u00e1 egy kis csokit vagy m\u00e1s apr\u00f3 meglepet\u00e9st lehet rejteni.\n\nA nyuszi elej\u00e9re k\u00fcl\u00f6nb\u00f6z\u0151 frapp\u00e1ns, kedves vagy humoros sz\u00f6vegek ker\u00fclnek grav\u00edroz\u00e1sra, \u00edgy szem\u00e9lyre szabott \u00e9s egyedi aj\u00e1nd\u00e9k v\u00e1lhat bel\u0151le. Legyen sz\u00f3 gyerekekr\u0151l vagy feln\u0151ttekr\u0151l, ez a csokitart\u00f3 garant\u00e1ltan mosolyt csal mindenki arc\u00e1ra.\n\nKiv\u00e1l\u00f3 v\u00e1laszt\u00e1s h\u00fasv\u00e9ti aj\u00e1nd\u00e9knak, asztali dekor\u00e1ci\u00f3nak vagy ak\u00e1r meglepet\u00e9sk\u00e9nt egy k\u00fcl\u00f6nleges h\u00fasv\u00e9ti toj\u00e1svad\u00e1szathoz! \ud83c\udf81\ud83d\udc30\n\nA k\u00e9pek csak informat\u00edv c\u00e9llal k\u00e9sz\u00fcltek, a term\u00e9k NEM \u00e9dess\u00e9ggel egy\u00fctt kaphat\u00f3.\n\nTerm\u00e9k m\u00e9rete:  kb 10,5\u00d714,5\u00d73,2 cm      vastags\u00e1g: 3 mm\n\nA m\u00e9retek minden esetben a k\u00fcls\u0151 legnagyobb m\u00e9retet jelentik. A felt\u00fcntetett \u00e1r tartalmazza az egyedi grav\u00edroz\u00e1s, a szerkeszt\u00e9si d\u00edj \u00e9s a term\u00e9k \u00e1r\u00e1t is.","score":0,"formatted_price":"1 500 Ft","image_url":"https:\/\/www.meska.hu\/img\/product\/small\/m\/i\/miliajandek_product_766832_260320094017_020138.jpeg","formatted_url":"https:\/\/www.meska.hu\/p5762146-gravirozott-husveti-nyuszi-csokitarto-koszi-hogy-vagy","favourite":false,"in_stock":false,"avatar":"766832_avatar_1768487403.jpeg","delete_from":0,"is_enhanced_background":false,"is_enhanced":false,"product_selection_started":false,"is_active":true,"image_webp_url":"https:\/\/www.meska.hu\/img\/product\/small\/m\/i\/miliajandek_product_766832_260320094017_020138.webp"},{"id":"6162141","shop_id":"51477","user_id":"766832","shop_name":"MiLiajandek","shop_zip":"4138","product_code":"5762156","product_name_old":null,"product_name":"Grav\u00edrozott h\u00fasv\u00e9ti nyuszi csokitart\u00f3 - HOP HOP","category_string":"\u00dcnnepi d\u00edszek, dekor\u00e1ci\u00f3k, H\u00fasv\u00e9ti d\u00edszek \u00e9s dekor\u00e1ci\u00f3k, H\u00fasv\u00e9ti asztald\u00edszek","technic_string":"Grav\u00edroz\u00e1s, pirogr\u00e1fia","category_1":"1818","category_2":"1803","category_3":"1796","category_4":"0","merged_category_1":null,"merged_category_2":null,"merged_category_3":null,"technic_1":"796","technic_2":"0","technic_3":"0","color_1":"514","color_2":"0","color_3":"0","product_description_old":null,"product_description":"Ez a b\u00e1jos grav\u00edrozott h\u00fasv\u00e9ti nyuszi csokitart\u00f3 t\u00f6k\u00e9letes kieg\u00e9sz\u00edt\u0151je a h\u00fasv\u00e9ti \u00fcnnepeknek! F\u00e1b\u00f3l k\u00e9sz\u00fclt, r\u00e9szletes kidolgoz\u00e1s\u00fa nyuszi figura, amelynek h\u00e1toldal\u00e1n egy apr\u00f3 doboz tal\u00e1lhat\u00f3, ahov\u00e1 egy kis csokit vagy m\u00e1s apr\u00f3 meglepet\u00e9st lehet rejteni.\n\nA nyuszi elej\u00e9re k\u00fcl\u00f6nb\u00f6z\u0151 frapp\u00e1ns, kedves vagy humoros sz\u00f6vegek ker\u00fclnek grav\u00edroz\u00e1sra, \u00edgy szem\u00e9lyre szabott \u00e9s egyedi aj\u00e1nd\u00e9k v\u00e1lhat bel\u0151le. Legyen sz\u00f3 gyerekekr\u0151l vagy feln\u0151ttekr\u0151l, ez a csokitart\u00f3 garant\u00e1ltan mosolyt csal mindenki arc\u00e1ra.\n\nKiv\u00e1l\u00f3 v\u00e1laszt\u00e1s h\u00fasv\u00e9ti aj\u00e1nd\u00e9knak, asztali dekor\u00e1ci\u00f3nak vagy ak\u00e1r meglepet\u00e9sk\u00e9nt egy k\u00fcl\u00f6nleges h\u00fasv\u00e9ti toj\u00e1svad\u00e1szathoz! \ud83c\udf81\ud83d\udc30\n\nA k\u00e9pek csak informat\u00edv c\u00e9llal k\u00e9sz\u00fcltek, a term\u00e9k NEM \u00e9dess\u00e9ggel egy\u00fctt kaphat\u00f3.\n\nTerm\u00e9k m\u00e9rete:  kb 10,5\u00d714,5\u00d73,2 cm      vastags\u00e1g: 3 mm\n\nA m\u00e9retek minden esetben a k\u00fcls\u0151 legnagyobb m\u00e9retet jelentik. A felt\u00fcntetett \u00e1r tartalmazza az egyedi grav\u00edroz\u00e1s, a szerkeszt\u00e9si d\u00edj \u00e9s a term\u00e9k \u00e1r\u00e1t is.","price":"1500.00","unit":"db","recommended":"0","status":"1","sponsored":"0","exp_notify":"0","own_material":"0","own_material_description_old":null,"own_material_description":"","jury":"0","jury_number":"","product_nature":"","meskaracsony":"0","create_date":"2026-07-18 09:58:30","shelve_id":"0","image":"miliajandek_product_766832_260320095721_164524.jpeg","image_width":"480","image_height":"320","image_alt":"Grav\u00edrozott h\u00fasv\u00e9ti nyuszi csokitart\u00f3 - HOP HOP, Ez a b\u00e1jos grav\u00edrozott h\u00fasv\u00e9ti nyuszi csokitart\u00f3 t\u00f6k\u00e9letes kieg\u00e9sz\u00edt\u0151je a h\u00fasv\u00e9ti \u00fcnnepeknek! F\u00e1b\u00f3l ..., Meska","image_title":"Grav\u00edrozott h\u00fasv\u00e9ti nyuszi csokitart\u00f3 - HOP HOP, Meska","view_count":"109","favourite_count":"0","trending_score":"0","last2MonthFavouriteCount":"0","promotion":"0","giftcard_accept":"0","creditcard_accept":true,"enhanced_background":"0","domain":"meska","specific_customer_id":null,"specific_customer_name":null,"to_order_product":"1","to_order_product_time":"5","product_different":null,"product_different_description":"","vintage":"0","vintage_category_id":"0","recycled":"0","gemstone_id":"0","customizable":"1","type_category":"physical","zerowaste":"0","postage_price":"2599.00","shop_order":"0","has_category":"1","landing_pages":null,"microdata":{"number":98,"category":""},"title":"Grav\u00edrozott h\u00fasv\u00e9ti nyuszi csokitart\u00f3 - HOP HOP","description":"Ez a b\u00e1jos grav\u00edrozott h\u00fasv\u00e9ti nyuszi csokitart\u00f3 t\u00f6k\u00e9letes kieg\u00e9sz\u00edt\u0151je a h\u00fasv\u00e9ti \u00fcnnepeknek! F\u00e1b\u00f3l k\u00e9sz\u00fclt, r\u00e9szletes kidolgoz\u00e1s\u00fa nyuszi figura, amelynek h\u00e1toldal\u00e1n egy apr\u00f3 doboz tal\u00e1lhat\u00f3, ahov\u00e1 egy kis csokit vagy m\u00e1s apr\u00f3 meglepet\u00e9st lehet rejteni.\n\nA nyuszi elej\u00e9re k\u00fcl\u00f6nb\u00f6z\u0151 frapp\u00e1ns, kedves vagy humoros sz\u00f6vegek ker\u00fclnek grav\u00edroz\u00e1sra, \u00edgy szem\u00e9lyre szabott \u00e9s egyedi aj\u00e1nd\u00e9k v\u00e1lhat bel\u0151le. Legyen sz\u00f3 gyerekekr\u0151l vagy feln\u0151ttekr\u0151l, ez a csokitart\u00f3 garant\u00e1ltan mosolyt csal mindenki arc\u00e1ra.\n\nKiv\u00e1l\u00f3 v\u00e1laszt\u00e1s h\u00fasv\u00e9ti aj\u00e1nd\u00e9knak, asztali dekor\u00e1ci\u00f3nak vagy ak\u00e1r meglepet\u00e9sk\u00e9nt egy k\u00fcl\u00f6nleges h\u00fasv\u00e9ti toj\u00e1svad\u00e1szathoz! \ud83c\udf81\ud83d\udc30\n\nA k\u00e9pek csak informat\u00edv c\u00e9llal k\u00e9sz\u00fcltek, a term\u00e9k NEM \u00e9dess\u00e9ggel egy\u00fctt kaphat\u00f3.\n\nTerm\u00e9k m\u00e9rete:  kb 10,5\u00d714,5\u00d73,2 cm      vastags\u00e1g: 3 mm\n\nA m\u00e9retek minden esetben a k\u00fcls\u0151 legnagyobb m\u00e9retet jelentik. A felt\u00fcntetett \u00e1r tartalmazza az egyedi grav\u00edroz\u00e1s, a szerkeszt\u00e9si d\u00edj \u00e9s a term\u00e9k \u00e1r\u00e1t is.","score":0,"formatted_price":"1 500 Ft","image_url":"https:\/\/www.meska.hu\/img\/product\/small\/m\/i\/miliajandek_product_766832_260320095721_164524.jpeg","formatted_url":"https:\/\/www.meska.hu\/p5762156-gravirozott-husveti-nyuszi-csokitarto-hop-hop","favourite":false,"in_stock":false,"avatar":"766832_avatar_1768487403.jpeg","delete_from":0,"is_enhanced_background":false,"is_enhanced":false,"product_selection_started":false,"is_active":true,"image_webp_url":"https:\/\/www.meska.hu\/img\/product\/small\/m\/i\/miliajandek_product_766832_260320095721_164524.webp"},{"id":"6162118","shop_id":"51477","user_id":"766832","shop_name":"MiLiajandek","shop_zip":"4138","product_code":"5762144","product_name_old":null,"product_name":"Grav\u00edrozott h\u00fasv\u00e9ti nyuszi csokitart\u00f3 - Otthon \u00e9des otthon","category_string":"\u00dcnnepi d\u00edszek, dekor\u00e1ci\u00f3k, H\u00fasv\u00e9ti d\u00edszek \u00e9s dekor\u00e1ci\u00f3k, H\u00fasv\u00e9ti asztald\u00edszek","technic_string":"Grav\u00edroz\u00e1s, pirogr\u00e1fia","category_1":"1818","category_2":"1803","category_3":"1796","category_4":"0","merged_category_1":null,"merged_category_2":null,"merged_category_3":null,"technic_1":"796","technic_2":"0","technic_3":"0","color_1":"514","color_2":"0","color_3":"0","product_description_old":null,"product_description":"Ez a b\u00e1jos grav\u00edrozott h\u00fasv\u00e9ti nyuszi csokitart\u00f3 t\u00f6k\u00e9letes kieg\u00e9sz\u00edt\u0151je a h\u00fasv\u00e9ti \u00fcnnepeknek! F\u00e1b\u00f3l k\u00e9sz\u00fclt, r\u00e9szletes kidolgoz\u00e1s\u00fa nyuszi figura, amelynek h\u00e1toldal\u00e1n egy apr\u00f3 doboz tal\u00e1lhat\u00f3, ahov\u00e1 egy kis csokit vagy m\u00e1s apr\u00f3 meglepet\u00e9st lehet rejteni.\n\nA nyuszi elej\u00e9re k\u00fcl\u00f6nb\u00f6z\u0151 frapp\u00e1ns, kedves vagy humoros sz\u00f6vegek ker\u00fclnek grav\u00edroz\u00e1sra, \u00edgy szem\u00e9lyre szabott \u00e9s egyedi aj\u00e1nd\u00e9k v\u00e1lhat bel\u0151le. Legyen sz\u00f3 gyerekekr\u0151l vagy feln\u0151ttekr\u0151l, ez a csokitart\u00f3 garant\u00e1ltan mosolyt csal mindenki arc\u00e1ra.\n\nKiv\u00e1l\u00f3 v\u00e1laszt\u00e1s h\u00fasv\u00e9ti aj\u00e1nd\u00e9knak, asztali dekor\u00e1ci\u00f3nak vagy ak\u00e1r meglepet\u00e9sk\u00e9nt egy k\u00fcl\u00f6nleges h\u00fasv\u00e9ti toj\u00e1svad\u00e1szathoz! \ud83c\udf81\ud83d\udc30\n\nA k\u00e9pek csak informat\u00edv c\u00e9llal k\u00e9sz\u00fcltek, a term\u00e9k NEM \u00e9dess\u00e9ggel egy\u00fctt kaphat\u00f3.\n\nTerm\u00e9k m\u00e9rete:  kb 10,5\u00d714,5\u00d73,2 cm      vastags\u00e1g: 3 mm\n\nA m\u00e9retek minden esetben a k\u00fcls\u0151 legnagyobb m\u00e9retet jelentik. A felt\u00fcntetett \u00e1r tartalmazza az egyedi grav\u00edroz\u00e1s, a szerkeszt\u00e9si d\u00edj \u00e9s a term\u00e9k \u00e1r\u00e1t is.","price":"1500.00","unit":"db","recommended":"0","status":"1","sponsored":"0","exp_notify":"0","own_material":"0","own_material_description_old":null,"own_material_description":"","jury":"0","jury_number":"","product_nature":"","meskaracsony":"0","create_date":"2026-07-18 09:58:28","shelve_id":"0","image":"miliajandek_product_766832_260320092842_093496.jpeg","image_width":"480","image_height":"320","image_alt":"Grav\u00edrozott h\u00fasv\u00e9ti nyuszi csokitart\u00f3 - Otthon \u00e9des otthon, Ez a b\u00e1jos grav\u00edrozott h\u00fasv\u00e9ti nyuszi csokitart\u00f3 t\u00f6k\u00e9letes kieg\u00e9sz\u00edt\u0151je a h\u00fasv\u00e9ti \u00fcnnepeknek! F\u00e1b\u00f3l ..., Meska","image_title":"Grav\u00edrozott h\u00fasv\u00e9ti nyuszi csokitart\u00f3 - Otthon \u00e9des otthon, Meska","view_count":"172","favourite_count":"0","trending_score":"0","last2MonthFavouriteCount":"0","promotion":"0","giftcard_accept":"0","creditcard_accept":true,"enhanced_background":"0","domain":"meska","specific_customer_id":null,"specific_customer_name":null,"to_order_product":"1","to_order_product_time":"5","product_different":null,"product_different_description":"","vintage":"0","vintage_category_id":"0","recycled":"0","gemstone_id":"0","customizable":"1","type_category":"physical","zerowaste":"0","postage_price":"2599.00","shop_order":"0","has_category":"1","landing_pages":null,"microdata":{"number":99,"category":""},"title":"Grav\u00edrozott h\u00fasv\u00e9ti nyuszi csokitart\u00f3 - Otthon \u00e9des otthon","description":"Ez a b\u00e1jos grav\u00edrozott h\u00fasv\u00e9ti nyuszi csokitart\u00f3 t\u00f6k\u00e9letes kieg\u00e9sz\u00edt\u0151je a h\u00fasv\u00e9ti \u00fcnnepeknek! F\u00e1b\u00f3l k\u00e9sz\u00fclt, r\u00e9szletes kidolgoz\u00e1s\u00fa nyuszi figura, amelynek h\u00e1toldal\u00e1n egy apr\u00f3 doboz tal\u00e1lhat\u00f3, ahov\u00e1 egy kis csokit vagy m\u00e1s apr\u00f3 meglepet\u00e9st lehet rejteni.\n\nA nyuszi elej\u00e9re k\u00fcl\u00f6nb\u00f6z\u0151 frapp\u00e1ns, kedves vagy humoros sz\u00f6vegek ker\u00fclnek grav\u00edroz\u00e1sra, \u00edgy szem\u00e9lyre szabott \u00e9s egyedi aj\u00e1nd\u00e9k v\u00e1lhat bel\u0151le. Legyen sz\u00f3 gyerekekr\u0151l vagy feln\u0151ttekr\u0151l, ez a csokitart\u00f3 garant\u00e1ltan mosolyt csal mindenki arc\u00e1ra.\n\nKiv\u00e1l\u00f3 v\u00e1laszt\u00e1s h\u00fasv\u00e9ti aj\u00e1nd\u00e9knak, asztali dekor\u00e1ci\u00f3nak vagy ak\u00e1r meglepet\u00e9sk\u00e9nt egy k\u00fcl\u00f6nleges h\u00fasv\u00e9ti toj\u00e1svad\u00e1szathoz! \ud83c\udf81\ud83d\udc30\n\nA k\u00e9pek csak informat\u00edv c\u00e9llal k\u00e9sz\u00fcltek, a term\u00e9k NEM \u00e9dess\u00e9ggel egy\u00fctt kaphat\u00f3.\n\nTerm\u00e9k m\u00e9rete:  kb 10,5\u00d714,5\u00d73,2 cm      vastags\u00e1g: 3 mm\n\nA m\u00e9retek minden esetben a k\u00fcls\u0151 legnagyobb m\u00e9retet jelentik. A felt\u00fcntetett \u00e1r tartalmazza az egyedi grav\u00edroz\u00e1s, a szerkeszt\u00e9si d\u00edj \u00e9s a term\u00e9k \u00e1r\u00e1t is.","score":0,"formatted_price":"1 500 Ft","image_url":"https:\/\/www.meska.hu\/img\/product\/small\/m\/i\/miliajandek_product_766832_260320092842_093496.jpeg","formatted_url":"https:\/\/www.meska.hu\/p5762144-gravirozott-husveti-nyuszi-csokitarto-otthon-edes-otthon","favourite":false,"in_stock":false,"avatar":"766832_avatar_1768487403.jpeg","delete_from":0,"is_enhanced_background":false,"is_enhanced":false,"product_selection_started":false,"is_active":true,"image_webp_url":"https:\/\/www.meska.hu\/img\/product\/small\/m\/i\/miliajandek_product_766832_260320092842_093496.webp"},{"id":"6162140","shop_id":"51477","user_id":"766832","shop_name":"MiLiajandek","shop_zip":"4138","product_code":"5762155","product_name_old":null,"product_name":"Grav\u00edrozott h\u00fasv\u00e9ti nyuszi csokitart\u00f3 - H\u00fasv\u00e9t","category_string":"\u00dcnnepi d\u00edszek, dekor\u00e1ci\u00f3k, H\u00fasv\u00e9ti d\u00edszek \u00e9s dekor\u00e1ci\u00f3k, H\u00fasv\u00e9ti asztald\u00edszek","technic_string":"Grav\u00edroz\u00e1s, pirogr\u00e1fia","category_1":"1818","category_2":"1803","category_3":"1796","category_4":"0","merged_category_1":null,"merged_category_2":null,"merged_category_3":null,"technic_1":"796","technic_2":"0","technic_3":"0","color_1":"514","color_2":"0","color_3":"0","product_description_old":null,"product_description":"Ez a b\u00e1jos grav\u00edrozott h\u00fasv\u00e9ti nyuszi csokitart\u00f3 t\u00f6k\u00e9letes kieg\u00e9sz\u00edt\u0151je a h\u00fasv\u00e9ti \u00fcnnepeknek! F\u00e1b\u00f3l k\u00e9sz\u00fclt, r\u00e9szletes kidolgoz\u00e1s\u00fa nyuszi figura, amelynek h\u00e1toldal\u00e1n egy apr\u00f3 doboz tal\u00e1lhat\u00f3, ahov\u00e1 egy kis csokit vagy m\u00e1s apr\u00f3 meglepet\u00e9st lehet rejteni.\n\nA nyuszi elej\u00e9re k\u00fcl\u00f6nb\u00f6z\u0151 frapp\u00e1ns, kedves vagy humoros sz\u00f6vegek ker\u00fclnek grav\u00edroz\u00e1sra, \u00edgy szem\u00e9lyre szabott \u00e9s egyedi aj\u00e1nd\u00e9k v\u00e1lhat bel\u0151le. Legyen sz\u00f3 gyerekekr\u0151l vagy feln\u0151ttekr\u0151l, ez a csokitart\u00f3 garant\u00e1ltan mosolyt csal mindenki arc\u00e1ra.\n\nKiv\u00e1l\u00f3 v\u00e1laszt\u00e1s h\u00fasv\u00e9ti aj\u00e1nd\u00e9knak, asztali dekor\u00e1ci\u00f3nak vagy ak\u00e1r meglepet\u00e9sk\u00e9nt egy k\u00fcl\u00f6nleges h\u00fasv\u00e9ti toj\u00e1svad\u00e1szathoz! \ud83c\udf81\ud83d\udc30\n\nA k\u00e9pek csak informat\u00edv c\u00e9llal k\u00e9sz\u00fcltek, a term\u00e9k NEM \u00e9dess\u00e9ggel egy\u00fctt kaphat\u00f3.\n\nTerm\u00e9k m\u00e9rete:  kb 10,5\u00d714,5\u00d73,2 cm      vastags\u00e1g: 3 mm\n\nA m\u00e9retek minden esetben a k\u00fcls\u0151 legnagyobb m\u00e9retet jelentik. A felt\u00fcntetett \u00e1r tartalmazza az egyedi grav\u00edroz\u00e1s, a szerkeszt\u00e9si d\u00edj \u00e9s a term\u00e9k \u00e1r\u00e1t is.","price":"1500.00","unit":"db","recommended":"0","status":"1","sponsored":"0","exp_notify":"0","own_material":"0","own_material_description_old":null,"own_material_description":"","jury":"0","jury_number":"","product_nature":"","meskaracsony":"0","create_date":"2026-07-18 09:58:26","shelve_id":"0","image":"miliajandek_product_766832_260320095606_70273.jpeg","image_width":"480","image_height":"320","image_alt":"Grav\u00edrozott h\u00fasv\u00e9ti nyuszi csokitart\u00f3 - H\u00fasv\u00e9t, Ez a b\u00e1jos grav\u00edrozott h\u00fasv\u00e9ti nyuszi csokitart\u00f3 t\u00f6k\u00e9letes kieg\u00e9sz\u00edt\u0151je a h\u00fasv\u00e9ti \u00fcnnepeknek! F\u00e1b\u00f3l ..., Meska","image_title":"Grav\u00edrozott h\u00fasv\u00e9ti nyuszi csokitart\u00f3 - H\u00fasv\u00e9t, Meska","view_count":"98","favourite_count":"0","trending_score":"0","last2MonthFavouriteCount":"0","promotion":"0","giftcard_accept":"0","creditcard_accept":true,"enhanced_background":"0","domain":"meska","specific_customer_id":null,"specific_customer_name":null,"to_order_product":"1","to_order_product_time":"5","product_different":null,"product_different_description":"","vintage":"0","vintage_category_id":"0","recycled":"0","gemstone_id":"0","customizable":"1","type_category":"physical","zerowaste":"0","postage_price":"1290.00","shop_order":"0","has_category":"1","landing_pages":null,"microdata":{"number":100,"category":""},"title":"Grav\u00edrozott h\u00fasv\u00e9ti nyuszi csokitart\u00f3 - H\u00fasv\u00e9t","description":"Ez a b\u00e1jos grav\u00edrozott h\u00fasv\u00e9ti nyuszi csokitart\u00f3 t\u00f6k\u00e9letes kieg\u00e9sz\u00edt\u0151je a h\u00fasv\u00e9ti \u00fcnnepeknek! F\u00e1b\u00f3l k\u00e9sz\u00fclt, r\u00e9szletes kidolgoz\u00e1s\u00fa nyuszi figura, amelynek h\u00e1toldal\u00e1n egy apr\u00f3 doboz tal\u00e1lhat\u00f3, ahov\u00e1 egy kis csokit vagy m\u00e1s apr\u00f3 meglepet\u00e9st lehet rejteni.\n\nA nyuszi elej\u00e9re k\u00fcl\u00f6nb\u00f6z\u0151 frapp\u00e1ns, kedves vagy humoros sz\u00f6vegek ker\u00fclnek grav\u00edroz\u00e1sra, \u00edgy szem\u00e9lyre szabott \u00e9s egyedi aj\u00e1nd\u00e9k v\u00e1lhat bel\u0151le. Legyen sz\u00f3 gyerekekr\u0151l vagy feln\u0151ttekr\u0151l, ez a csokitart\u00f3 garant\u00e1ltan mosolyt csal mindenki arc\u00e1ra.\n\nKiv\u00e1l\u00f3 v\u00e1laszt\u00e1s h\u00fasv\u00e9ti aj\u00e1nd\u00e9knak, asztali dekor\u00e1ci\u00f3nak vagy ak\u00e1r meglepet\u00e9sk\u00e9nt egy k\u00fcl\u00f6nleges h\u00fasv\u00e9ti toj\u00e1svad\u00e1szathoz! \ud83c\udf81\ud83d\udc30\n\nA k\u00e9pek csak informat\u00edv c\u00e9llal k\u00e9sz\u00fcltek, a term\u00e9k NEM \u00e9dess\u00e9ggel egy\u00fctt kaphat\u00f3.\n\nTerm\u00e9k m\u00e9rete:  kb 10,5\u00d714,5\u00d73,2 cm      vastags\u00e1g: 3 mm\n\nA m\u00e9retek minden esetben a k\u00fcls\u0151 legnagyobb m\u00e9retet jelentik. A felt\u00fcntetett \u00e1r tartalmazza az egyedi grav\u00edroz\u00e1s, a szerkeszt\u00e9si d\u00edj \u00e9s a term\u00e9k \u00e1r\u00e1t is.","score":0,"formatted_price":"1 500 Ft","image_url":"https:\/\/www.meska.hu\/img\/product\/small\/m\/i\/miliajandek_product_766832_260320095606_70273.jpeg","formatted_url":"https:\/\/www.meska.hu\/p5762155-gravirozott-husveti-nyuszi-csokitarto-husvet","favourite":false,"in_stock":false,"avatar":"766832_avatar_1768487403.jpeg","delete_from":0,"is_enhanced_background":false,"is_enhanced":false,"product_selection_started":false,"is_active":true,"image_webp_url":"https:\/\/www.meska.hu\/img\/product\/small\/m\/i\/miliajandek_product_766832_260320095606_70273.webp"}],"canonicals":{"canonical":"https:\/\/www.meska.hu\/s\/husveti-asztaldiszek\/c-1796","next":"https:\/\/www.meska.hu\/s\/husveti-asztaldiszek\/c-1796:p-2"},"seo":{"title":"H\u00fasv\u00e9ti asztald\u00edszek - Meska","seoTitle":"H\u00fasv\u00e9ti asztald\u00edszek","seoDescription":"<p><strong>H\u00fasv\u00e9ti asztald\u00edsz<\/strong> v\u00e1laszt\u00e9kunk a Meska oldal\u00e1n igazi k\u00e9zm\u0171ves csemege mindazoknak, akik szeretn\u00e9k k\u00fcl\u00f6nlegess\u00e9 var\u00e1zsolni az \u00fcnnepi ter\u00edt\u00e9ket. A h\u00fasv\u00e9t a meg\u00fajul\u00e1s, a tavasz \u00e9s a csal\u00e1di \u00f6sszetartoz\u00e1s \u00fcnnepe, amelynek hangulat\u00e1t semmi sem emeli jobban, mint egy gondosan elk\u00e9sz\u00edtett, egyedi asztald\u00edsz. A Meska k\u00e9zm\u0171vesei olyan <strong>h\u00fasv\u00e9ti asztald\u00edsz<\/strong> darabokat alkotnak, amelyek term\u00e9szetes anyagokb\u00f3l, k\u00e9zzel k\u00e9sz\u00fclnek, \u00e9s minden egyes darab egyedi t\u00f6rt\u00e9netet mes\u00e9l el. Legyen sz\u00f3 pasztellsz\u00edn\u0171 toj\u00e1sdekor\u00e1ci\u00f3r\u00f3l, tavaszi vir\u00e1gkompoz\u00edci\u00f3r\u00f3l vagy nyuszis asztali d\u00edszr\u0151l, a k\u00edn\u00e1latban garant\u00e1ltan megtal\u00e1lod a st\u00edlusodhoz ill\u0151 darabot. A k\u00e9zm\u0171ves min\u0151s\u00e9g garanci\u00e1ja, hogy ezek a term\u00e9kek nem t\u00f6meggy\u00e1rtott, hanem egyenk\u00e9nt, szeretettel megalkotott d\u00edszek, amelyek \u00e9vr\u0151l \u00e9vre visszat\u00e9r\u0151 kedvencekk\u00e9 v\u00e1lhatnak az otthonodban.<\/p>\n\n<p><strong>H\u00fasv\u00e9ti asztali d\u00edszek<\/strong> seg\u00edts\u00e9g\u00e9vel az \u00fcnnepi asztal val\u00f3di szemet gy\u00f6ny\u00f6rk\u00f6dtet\u0151 l\u00e1tv\u00e1nyt ny\u00fajthat a csal\u00e1di eb\u00e9d vagy vacsora alkalm\u00e1val. A Meska k\u00e9zm\u0171vesei \u00e1ltal k\u00e9sz\u00edtett term\u00e9kek k\u00f6z\u00f6tt tal\u00e1lhatsz ker\u00e1mia-, textil- \u00e9s term\u00e9szetes alapanyag\u00fa kompoz\u00edci\u00f3kat, amelyek harmonikusan illeszkednek a tavaszi dekor\u00e1ci\u00f3hoz. A <strong>h\u00fasv\u00e9ti asztald\u00edsz<\/strong> nemcsak az otthoni \u00fcnnepl\u00e9st teheti k\u00fcl\u00f6nlegess\u00e9, hanem t\u00f6k\u00e9letes aj\u00e1nd\u00e9k is lehet nagymam\u00e1knak, bar\u00e1tn\u0151knek vagy szomsz\u00e9doknak. A k\u00e9zzel k\u00e9sz\u00edtett darabok k\u00fcl\u00f6nleges \u00e9rt\u00e9ket k\u00e9pviselnek, hiszen minden alkot\u00e1s m\u00f6g\u00f6tt egy magyar k\u00e9zm\u0171ves \u00e1ll, aki tud\u00e1s\u00e1t \u00e9s kreativit\u00e1s\u00e1t adja a term\u00e9kbe. Az \u00fcnnepi asztalra helyezett egyedi d\u00edsz garant\u00e1ltan besz\u00e9dt\u00e9ma lesz a vend\u00e9gek k\u00f6r\u00e9ben, \u00e9s hozz\u00e1j\u00e1rul a meghitt h\u00fasv\u00e9ti hangulathoz.<\/p>\n\n<h2 class=\"text-meska\/base-orange\"><strong>H\u00fasv\u00e9ti asztald\u00edsz<\/strong> \u2013 k\u00e9zm\u0171ves k\u00fcl\u00f6nlegess\u00e9gek az \u00fcnnepi asztalra<\/h2>\n\n<p><strong>H\u00fasv\u00e9ti asztald\u00edsz<\/strong> keres\u00e9se egyre n\u00e9pszer\u0171bb az \u00fcnnep k\u00f6zeledt\u00e9vel, hiszen a tudatos v\u00e1s\u00e1rl\u00f3k egyedi, k\u00e9zzel k\u00e9sz\u00edtett megold\u00e1sokat szeretn\u00e9nek az otthonukba. A Meska k\u00e9zm\u0171vesei k\u00f6z\u00f6tt sz\u00e1mos alkot\u00f3 k\u00edn\u00e1l tavaszi hangulat\u00fa, term\u00e9szetes anyagokb\u00f3l k\u00e9sz\u00fclt kompoz\u00edci\u00f3kat, amelyek t\u00f6k\u00e9letesen illenek a h\u00fasv\u00e9ti asztalra. A <strong>h\u00fasv\u00e9ti asztald\u00edszek h\u00e1zilag<\/strong> k\u00e9sz\u00edtett jellege \u00e9ppen az, ami igaz\u00e1n k\u00fcl\u00f6nlegess\u00e9 teszi ezeket a darabokat: minden egyes term\u00e9k k\u00e9zm\u0171ves odafigyel\u00e9ssel, egyedi tervez\u00e9ssel \u00e9s gondos kivitelez\u00e9ssel sz\u00fcletik. A v\u00e1laszt\u00e9kban megtal\u00e1lhat\u00f3k a klasszikus toj\u00e1sos elrendez\u00e9sek \u00e9pp\u00fagy, mint a modern, minimalista tavaszi kompoz\u00edci\u00f3k. A term\u00e9szetes alapanyagok \u2013 mint a fa, a ker\u00e1mia, a sz\u00e1razvir\u00e1g vagy a textil \u2013 biztos\u00edtj\u00e1k, hogy a d\u00edsz ne csak sz\u00e9p, hanem tart\u00f3s \u00e9s k\u00f6rnyezetbar\u00e1t is legyen. Az \u00fcnnepi asztalon elhelyezett k\u00e9zm\u0171ves <strong>h\u00fasv\u00e9ti asztald\u00edsz<\/strong> azonnal megteremti a tavaszi hangulatot, \u00e9s megmutatja a vend\u00e9geknek, hogy a h\u00e1zigazda figyelmet ford\u00edt a r\u00e9szletekre.<\/p>\n\n<h2 class=\"text-meska\/base-orange\"><strong>H\u00fasv\u00e9ti asztali d\u00edszek<\/strong> \u2013 st\u00edlusos kieg\u00e9sz\u00edt\u0151k a tavaszi ter\u00edt\u00e9khez<\/h2>\n\n<p><strong>H\u00fasv\u00e9ti asztali d\u00edszek<\/strong> sz\u00e9les v\u00e1laszt\u00e9k\u00e1t k\u00edn\u00e1lja a Meska, ahol minden alkot\u00e1s magyar k\u00e9zm\u0171vesek munk\u00e1j\u00e1t dics\u00e9ri. Az asztali d\u00edszek k\u00f6z\u00f6tt tal\u00e1lhatsz vir\u00e1gos k\u00f6z\u00e9ps\u0151 elrendez\u00e9seket, nyuszis \u00e9s b\u00e1r\u00e1nyk\u00e1s figur\u00e1kat, festett toj\u00e1sokat tartalmaz\u00f3 kompoz\u00edci\u00f3kat, valamint term\u00e9szetes koszor\u00fakat \u00e9s \u00e1gd\u00edszeket. A <strong>h\u00fasv\u00e9ti kos\u00e1r asztald\u00edsz<\/strong> t\u00edpus\u00fa darabok k\u00fcl\u00f6n\u00f6sen kedveltek, hiszen egy sz\u00e9p fonott kos\u00e1rba rendezett tavaszi elemek igaz\u00e1n \u00fcnnepi hangulatot teremtenek. Az <strong>h\u00fasv\u00e9ti asztali d\u00edszek<\/strong> nemcsak dekor\u00e1ci\u00f3s c\u00e9lokat szolg\u00e1lnak, hanem az eg\u00e9sz ter\u00edt\u00e9s \u00f6sszhat\u00e1s\u00e1t emelik, legyen sz\u00f3 egy bens\u0151s\u00e9ges csal\u00e1di eb\u00e9dr\u0151l vagy egy nagyobb \u00fcnnepi \u00f6sszej\u00f6vetelr\u0151l. A k\u00e9zm\u0171ves min\u0151s\u00e9g garant\u00e1lja, hogy ezek a darabok \u00e9veken \u00e1t meg\u0151rzik sz\u00e9ps\u00e9g\u00fcket, \u00e9s minden h\u00fasv\u00e9tkor \u00fajra el\u0151 lehet venni \u0151ket a szekr\u00e9nyb\u0151l.<\/p>\n\n<h2 class=\"text-meska\/base-orange\"><strong>Asztald\u00edsz h\u00fasv\u00e9ti dekor\u00e1ci\u00f3<\/strong> \u2013 a t\u00f6k\u00e9letes tavaszi hangulat megteremt\u00e9se<\/h2>\n\n<p><strong>Asztald\u00edsz h\u00fasv\u00e9ti dekor\u00e1ci\u00f3<\/strong> keres\u00e9s\u00e9n\u00e9l a Meska oldal\u00e1n biztosan megtal\u00e1lod azt a darabot, amely t\u00f6k\u00e9letesen illeszkedik az otthonod st\u00edlus\u00e1hoz. A k\u00e9zm\u0171ves alkot\u00f3k a hagyom\u00e1nyos h\u00fasv\u00e9ti szimb\u00f3lumokat \u2013 toj\u00e1s, ny\u00fal, b\u00e1r\u00e1ny, tavaszi vir\u00e1gok \u2013 \u00f6tv\u00f6zik a modern lakberendez\u00e9si trendekkel, \u00edgy olyan darabok sz\u00fcletnek, amelyek egyszerre id\u0151tlenek \u00e9s divatosak. Az <strong>asztald\u00edsz h\u00fasv\u00e9ti dekor\u00e1ci\u00f3<\/strong> t\u00edpus\u00fa term\u00e9kek k\u00f6z\u00f6tt tal\u00e1lhatsz egyszer\u0171, letisztult elrendez\u00e9seket \u00e9pp\u00fagy, mint gazdagon d\u00edsz\u00edtett, sz\u00ednpomp\u00e1s kompoz\u00edci\u00f3kat. A <strong>h\u00fasv\u00e9ti dekor\u00e1ci\u00f3 asztalra<\/strong> val\u00f3 darabok anyagv\u00e1laszt\u00e9ka is rendk\u00edv\u00fcl sz\u00e9les: a term\u00e9szetes fa \u00e9s vessz\u0151 mellett ker\u00e1mia, filc, gyapj\u00fa \u00e9s sz\u00e1razvir\u00e1g alap\u00fa d\u00edszek is el\u00e9rhet\u0151k. A Meska k\u00e9zm\u0171vesei minden egyes darabot egyedileg k\u00e9sz\u00edtenek, \u00edgy biztos lehetsz benne, hogy a te asztald\u00edszed t\u00e9nyleg egyetlen egy p\u00e9ld\u00e1nyban l\u00e9tezik, \u00e9s senki m\u00e1sn\u00e1l nem tal\u00e1lod meg ugyanazt.<\/p>\n\n<h2 class=\"text-meska\/base-orange\"><strong>H\u00fasv\u00e9ti asztali dekor\u00e1ci\u00f3<\/strong> \u2013 inspir\u00e1ci\u00f3 \u00e9s praktikus tan\u00e1csok<\/h2>\n\n<p><strong>H\u00fasv\u00e9ti asztali dekor\u00e1ci\u00f3<\/strong> kiv\u00e1laszt\u00e1s\u00e1n\u00e1l \u00e9rdemes figyelembe venni az asztal m\u00e9ret\u00e9t, a ter\u00edt\u0151 sz\u00edn\u00e9t \u00e9s az eg\u00e9sz helyis\u00e9g hangulat\u00e1t. A Meska oldal\u00e1n el\u00e9rhet\u0151 k\u00e9zm\u0171ves darabok k\u00f6z\u00f6tt biztosan akad olyan, amely harmonikusan kieg\u00e9sz\u00edti a megl\u00e9v\u0151 dekor\u00e1ci\u00f3dat. A <strong>h\u00fasv\u00e9ti asztali dekor\u00e1ci\u00f3<\/strong> nem csup\u00e1n egy d\u00edszt\u00e1rgy, hanem az \u00fcnnepi asztalter\u00edt\u00e9s k\u00f6zponti eleme, amely k\u00f6r\u00e9 az eg\u00e9sz vizu\u00e1lis \u00e9lm\u00e9ny fel\u00e9p\u00fcl. \u00c9rdemes olyan darabot v\u00e1lasztani, amely nem t\u00fal magas, \u00edgy a vend\u00e9gek k\u00e9nyelmesen l\u00e1tj\u00e1k egym\u00e1st az asztal felett, ugyanakkor kell\u0151en felt\u0171n\u0151 ahhoz, hogy megadja az \u00fcnnepi hangulatot. A pasztellsz\u00ednek \u2013 halv\u00e1ny r\u00f3zsasz\u00edn, mentaz\u00f6ld, toj\u00e1sh\u00e9jfeh\u00e9r \u2013 id\u00e9n is a legkedveltebbek, de a term\u00e9szetes, nat\u00far \u00e1rnyalatok is egyre n\u00e9pszer\u0171bbek a visszafogottabb st\u00edlust kedvel\u0151k k\u00f6r\u00e9ben. A Meska k\u00e9zm\u0171vesei sz\u00edvesen k\u00e9sz\u00edtenek egyedi megrendel\u00e9sre is, \u00edgy ha k\u00fcl\u00f6nleges elk\u00e9pzel\u00e9sed van, b\u00e1tran keresd meg az alkot\u00f3kat k\u00f6zvetlen\u00fcl.<\/p>\n\n<p>Fedezd fel a Meska <strong>h\u00fasv\u00e9ti asztald\u00edsz<\/strong> k\u00edn\u00e1lat\u00e1t, \u00e9s v\u00e1laszd ki az idei \u00fcnnepek t\u00f6k\u00e9letes k\u00e9zm\u0171ves darabj\u00e1t! Ak\u00e1r a saj\u00e1t otthonodba keresel tavaszi dekor\u00e1ci\u00f3t, ak\u00e1r egyedi aj\u00e1nd\u00e9kkal szeretn\u00e9l kedveskedni, a Meska k\u00e9zm\u0171vesei garant\u00e1ltan megalkotj\u00e1k a sz\u00e1modra ide\u00e1lis <strong>h\u00fasv\u00e9ti asztali d\u00edszek<\/strong> k\u00f6z\u00fcl a legszebbet. V\u00e1s\u00e1rolj most, \u00e9s tedd igaz\u00e1n k\u00fcl\u00f6nlegess\u00e9 az idei h\u00fasv\u00e9ti asztalt!<\/p>\n\n<h2 class=\"text-meska\/base-orange\"><strong>Kinek aj\u00e1nljuk a h\u00fasv\u00e9ti asztald\u00edsz term\u00e9keket?<\/strong><\/h2>\n\n<p>A Meska <strong>h\u00fasv\u00e9ti asztald\u00edsz<\/strong> k\u00edn\u00e1lat\u00e1t els\u0151sorban <strong>csal\u00e1dany\u00e1knak \u00e9s h\u00e1ziasszonyoknak<\/strong> aj\u00e1nljuk, akik szeretn\u00e9k igaz\u00e1n sz\u00e9pen megter\u00edteni az \u00fcnnepi asztalt, \u00e9s fontosnak tartj\u00e1k, hogy a dekor\u00e1ci\u00f3 egyedi, k\u00e9zzel k\u00e9sz\u00edtett legyen. <strong>Aj\u00e1nd\u00e9koz\u00f3knak<\/strong> is t\u00f6k\u00e9letes v\u00e1laszt\u00e1s egy k\u00e9zm\u0171ves asztald\u00edsz, hiszen szem\u00e9lyes, gondoskod\u00f3 aj\u00e1nd\u00e9k, amely megmutatja, hogy a meglepet\u00e9sre id\u0151t \u00e9s figyelmet ford\u00edtottunk. <strong>Nagymam\u00e1knak \u00e9s nagysz\u00fcl\u0151knek<\/strong> k\u00fcl\u00f6n\u00f6sen kedves aj\u00e1nd\u00e9k lehet, akik \u00e9rt\u00e9kelik a hagyom\u00e1nyos k\u00e9zm\u0171ves \u00e9rt\u00e9keket \u00e9s sz\u00edvesen d\u00edsz\u00edtik otthonukat szezon\u00e1lis elemekkel. <strong>Lakberendez\u00e9s kedvel\u0151inek<\/strong> aj\u00e1nljuk, akik az otthonuk minden szezon\u00e1lis \u00e1talakul\u00e1s\u00e1t tudatosan tervezik, \u00e9s keresik az egyedi, k\u00e9zm\u0171ves kieg\u00e9sz\u00edt\u0151ket. <strong>\u00c9ttermeknek, k\u00e1v\u00e9z\u00f3knak \u00e9s cukr\u00e1szd\u00e1knak<\/strong> is kiv\u00e1l\u00f3 lehet\u0151s\u00e9g a k\u00e9zm\u0171ves h\u00fasv\u00e9ti asztald\u00edsz, amellyel a vend\u00e9gteret \u00fcnnepi hangulat\u00fav\u00e1 var\u00e1zsolhatj\u00e1k, kiemelkedve a megszokott, t\u00f6meggy\u00e1rtott dekor\u00e1ci\u00f3k k\u00f6z\u00fcl. <strong>Rendezv\u00e9nyszervez\u0151knek \u00e9s int\u00e9zm\u00e9nyeknek<\/strong> is aj\u00e1nljuk, akik h\u00fasv\u00e9ti programokat, eb\u00e9deket vagy k\u00f6z\u00f6ss\u00e9gi esem\u00e9nyeket szerveznek, \u00e9s szeretn\u00e9k, hogy a dekor\u00e1ci\u00f3 is a k\u00e9zm\u0171ves min\u0151s\u00e9get \u00e9s az egyedis\u00e9get t\u00fckr\u00f6zze.<\/p>","metaDescription":"Egyedi h\u00fasv\u00e9ti asztald\u00edszek \u00e9s dekor\u00e1ci\u00f3 \u00f3ri\u00e1si v\u00e1laszt\u00e9kban a Mesk\u00e1r\u00f3l. \u2705 K\u00e9zzel k\u00e9sz\u00fclt \u2705 Term\u00e9szetes anyagok \u2705 \u00dcnnepi hangulat. Ezeket l\u00e1tnod kell!","descriptionSchema":null,"metaNoIndex":0,"metaNoFollow":0,"seoFound":true,"ogImage":"https:\/\/www.meska.hu\/img\/category_seo\/1796-husveti-asztaldiszek--meska_NJfs9.jpg","canonicals":"https:\/\/www.meska.hu\/s\/husveti-asztaldiszek\/c-1796"},"breadcrumb":[{"position":1,"name":"Meska.hu","url":"https:\/\/www.meska.hu","last":false},{"position":2,"name":"\u00dcnnepi d\u00edszek, dekor\u00e1ci\u00f3k","url":"https:\/\/www.meska.hu\/s\/unnepi-diszek-dekoraciok\/c-1818","last":false},{"position":3,"name":"H\u00fasv\u00e9ti d\u00edszek \u00e9s dekor\u00e1ci\u00f3k","url":"https:\/\/www.meska.hu\/s\/husveti-diszek-es-dekoraciok\/c-1803","last":false},{"position":4,"name":"H\u00fasv\u00e9ti asztald\u00edszek","url":"https:\/\/www.meska.hu\/s\/husveti-asztaldiszek\/c-1796","last":true}],"h1":"H\u00fasv\u00e9ti asztald\u00edszek","url":{"url":"https:\/\/www.meska.hu\/s\/husveti-asztaldiszek\/c-1796","title":"Mind","_debug_":false},"_count_":100}