{"_terms_":{"phrase":"*","category_id":"1092","category_ids":"1092","colors":"526","facets":"n","p":"1","pp":"100","sort_by":"create_date","sort_direction":"desc","product_type":"kezmuves|alapanyag|vintage","session_id":"lj1p85socd9rlo67bkq1urv628"},"total":0,"products":[],"canonicals":{"canonical":"https:\/\/www.meska.hu\/s\/vallfa:sarga\/c-1092:co-526"},"seo":{"title":"Esk\u00fcv\u0151i v\u00e1llf\u00e1k - Meska.hu","seoTitle":"Esk\u00fcv\u0151i v\u00e1llf\u00e1k","seoDescription":"Az<b> esk\u00fcv\u0151i v\u00e1llfa<\/b> nem a legels\u0151 dolog, ami eszedbe juthat egy esk\u00fcv\u0151 tervez\u00e9sekor \u00e9s a kell\u00e9kek, esk\u00fcv\u0151i kieg\u00e9sz\u00edt\u0151k tervez\u00e9sekor, azonban nagyon is hasznos \u00e9s elengedhetetlen r\u00e9szei a nagy napnak, k\u00fcl\u00f6n\u00f6sen a k\u00e9sz\u00fcl\u0151d\u00e9snek. Apr\u00f3 r\u00e9szletnek t\u0171nhet, hogy milyen v\u00e1llf\u00e1n t\u00e1rolod menyasszonyi vagy v\u0151leg\u00e9nyi \u00f6lt\u00f6z\u00e9ked az esk\u00fcv\u0151 napj\u00e1n, k\u00e9s\u0151bb azonban eml\u00e9kk\u00e9nt, dekorelemk\u00e9nt egy <b>egyedi esk\u00fcv\u0151i v\u00e1llfa<\/b>, illetve <b>v\u00e1llfa szett <\/b>(amennyiben az ifj\u00fa p\u00e1r mindk\u00e9t tagja rendel egyedi v\u00e1llf\u00e1t) igazi kinccs\u00e9 v\u00e1lhat. K\u00e9s\u0151bb ak\u00e1r haszn\u00e1lhatod ruhat\u00e1rol\u00e1sra ezt a k\u00fcl\u00f6nleges darabot is, de ak\u00e1r gondolva a meg\u0151rz\u00e9sre, k\u00fcl\u00f6n is tarthatod, kiteheted polcra, szekr\u00e9nyre a t\u00f6bbi esk\u00fcv\u0151i eml\u00e9k k\u00f6z\u00e9, amik a nagy napon tett\u00e9k m\u00e9g k\u00fcl\u00f6nlegesebb\u00e9 az \u00e9lm\u00e9nyt. \n\n<b>Menyasszonyi \u00e9s v\u0151leg\u00e9ny v\u00e1llf\u00e1k, n\u00e9vre sz\u00f3l\u00f3 egyedi esk\u00fcv\u0151i v\u00e1llf\u00e1k<\/b> p\u00e9ld\u00e1ul <b>tan\u00fanak<\/b> v\u00e1rj\u00e1k, hogy v\u00e1logass k\u00f6z\u00fcl\u00fck, hogy r\u00e9szei lehessenek egy k\u00fcl\u00f6nleges napnak. \n\n<b>N\u00e9vre sz\u00f3l\u00f3 koszor\u00fasl\u00e1ny v\u00e1llfa szettek <\/b>is megtal\u00e1lhat\u00f3k a k\u00edn\u00e1latban, amik szint\u00e9n hozz\u00e1adnak a nagy nap f\u00e9ny\u00e9hez \u00e9s a neves alkalomhoz, illetve ezzel meg is aj\u00e1nd\u00e9kozhatod a koszor\u00fasl\u00e1nyokat, hogy err\u0151l eml\u00e9kezzenek a nagy napra. \n\nN\u00e9zd meg k\u00e9zm\u0171veseink v\u00e1llf\u00e1it, hogy megtal\u00e1ld a nekem legjobban tetsz\u0151 \u00e9s a ruh\u00e1itok t\u00e1rol\u00e1s\u00e1ra legmegfelel\u0151bb v\u00e1llf\u00e1kat. Amennyiben nem tal\u00e1ltad meg, amit keresel, j\u00f3, ha tudod, hogy k\u00e9zm\u0171veseink egyedi elk\u00e9pzel\u00e9s alapj\u00e1n is elk\u00e9sz\u00edtik a v\u00e1llf\u00e1t amelyet szeretn\u00e9l.\n\nN\u00e9zz sz\u00e9t <a href=\"https:\/\/www.meska.hu\/s\/ruha\/c-676\">esk\u00fcv\u0151i ruh\u00e1ink<\/a>  k\u00f6z\u00f6tt is, ha m\u00e9g nem tal\u00e1ltad meg a kiszemeltedet az esk\u00fcv\u0151dre.  ","metaDescription":"N\u00e9vre sz\u00f3l\u00f3 esk\u00fcv\u0151i v\u00e1llf\u00e1k mennyasszonynak \u00e9s v\u0151leg\u00e9nynek, esk\u00fcv\u0151i v\u00e1llfaszettek egyedi megrendel\u00e9sre is \u2714\ufe0f Magyar k\u00e9zm\u0171ves design term\u00e9kek. Rendelj most!","metaNoIndex":true,"metaNoFollow":0,"seoFound":true,"canonicals":"https:\/\/www.meska.hu\/s\/vallfa:sarga\/c-1092:co-526"},"breadcrumb":[{"position":1,"name":"Meska.hu","url":"https:\/\/www.meska.hu","last":false},{"position":2,"name":"Esk\u00fcv\u0151","url":"https:\/\/www.meska.hu\/s\/eskuvo:sarga\/c-317:co-526","last":false},{"position":3,"name":"Ruha","url":"https:\/\/www.meska.hu\/s\/ruha:sarga\/c-676:co-526","last":false},{"position":4,"name":"V\u00e1llfa","url":"https:\/\/www.meska.hu\/s\/vallfa:sarga\/c-1092:co-526","last":true}],"h1":"V\u00e1llfa","url":{"url":"https:\/\/www.meska.hu\/s\/vallfa:sarga\/c-1092:co-526","title":"Mind","_debug_":false},"_count_":0}