{"_terms_":{"phrase":"*","category_id":"1325","category_ids":"1325","facets":"n","p":"1","pp":"100","sort_by":"create_date","sort_direction":"desc","product_type":"kezmuves|alapanyag|vintage","session_id":"us98f5g64kfjfqkvdv6bnd0mo6"},"total":131,"products":[{"id":"4645199","shop_id":"23695","user_id":"266663","shop_name":"spezso","shop_zip":"2143","product_code":"4858810","product_name_old":null,"product_name":"Vad\u00f3c Angyalka. Angyalk\u00e1s k\u00e9p. \u00dcvegre festett falik\u00e9p, \u00fcvegfestm\u00e9ny.","category_string":"M\u0171v\u00e9szet, Festm\u00e9ny, \u00dcvegfestm\u00e9ny","technic_string":"Fest\u00e9szet, \u00dcvegm\u0171v\u00e9szet","category_1":"357","category_2":"358","category_3":"1325","category_4":"0","merged_category_1":"0","merged_category_2":"0","merged_category_3":"785","technic_1":"480","technic_2":"505","technic_3":"0","color_1":"517","color_2":"519","color_3":"523","product_description_old":null,"product_description":"Kedves \u00c9rdekl\u0151d\u0151. K\u00f6sz\u00f6nt\u00f6m a virtu\u00e1lis boltomban.\n\nEzt a k\u00e9pet a 2022-es \u00e9v kar\u00e1csonyi hangulata ichlette. \nEgy k\u00fcl\u00f6nleges, modern fest\u00e9si technik\u00e1val - \u00fcvegfest\u00e9ssel festettem, melyet t\u0171zzom\u00e1nc szer\u0171 f\u00e9nyes, csillog\u00f3 fel\u00fcletek jellemeznek. Igaz\u00e1n kit\u0171n\u0151 ajand\u00e9k, ha valami k\u00fcl\u00f6nlegessel szeretn\u00e9 megaj\u00e1nd\u00e9kozni gyermek\u00e9t, vagy unok\u00e1j\u00e1t. A gyerekszoba fal\u00e1nak igazi d\u00edsze lehet.\nAj\u00e1nlom els\u0151sorban kis vad\u00f3c Angyalk\u00e1knak, kis g\u00e9zeng\u00fazoknak, mert \u0151ket is im\u00e1djuk, - de ak\u00e1r gyermek lelk\u0171 feln\u0151tnek is.\nA k\u00e9p m\u00e9rete kb. 24x33, ill. 26x34 cm kerett\u0151l f\u00fcgg\u0151en. Az \u00e1rban a keret \u00e1ra is benne van.\nA k\u00e9p k\u00e9szen van, ak\u00e1r azonnal is elvihet\u0151. \nSzem\u00e9lyes \u00e1tv\u00e9tel is lehets\u00e9ges Bp. k\u00f6zel\u00e9ben Kistarcs\u00e1n, vagy Budapest \u00d6rs Vez\u00e9r tere.\nEbben a v\u00e1logat\u00e1sban van m\u00e9g t\u00f6bb gyerekeknek sz\u00f3l\u00f3 k\u00e9p is, ha teheti n\u00e9zze meg azokat is.\nK\u00f6sz\u00f6n\u00f6m, hogy ben\u00e9zett a virtu\u00e1lis boltomba, rem\u00e9lem, hogy megtal\u00e1lja \u00e1lmai aj\u00e1nd\u00e9k\u00e1t.\n\u00dcdv. Spezso","price":"15888.00","unit":"db","recommended":"0","status":"1","sponsored":"0","exp_notify":"0","own_material":"0","own_material_description_old":null,"own_material_description":"","jury":"0","jury_number":"","product_nature":"","meskaracsony":"0","create_date":"2026-04-30 23:13:48","shelve_id":"65244","image":"spezso_product_266663_250511091954_0941100.jpeg","image_width":"480","image_height":"654","image_alt":"Vad\u00f3c Angyalka. Angyalk\u00e1s k\u00e9p. \u00dcvegre festett falik\u00e9p, \u00fcvegfestm\u00e9ny., Kedves \u00c9rdekl\u0151d\u0151. K\u00f6sz\u00f6nt\u00f6m a virtu\u00e1lis boltomban.\\n\\nEzt a k\u00e9pet a 2022-es \u00e9v kar\u00e1csonyi hangulata ic..., Meska","image_title":"Vad\u00f3c Angyalka. Angyalk\u00e1s k\u00e9p. \u00dcvegre festett falik\u00e9p, \u00fcvegfestm\u00e9ny., Meska","view_count":"1023","favourite_count":"0","trending_score":"0","last2MonthFavouriteCount":"0","promotion":"0","giftcard_accept":"1","creditcard_accept":false,"enhanced_background":"0","domain":"meska","specific_customer_id":null,"specific_customer_name":null,"to_order_product":"0","to_order_product_time":"0","product_different":null,"product_different_description":"","vintage":"0","vintage_category_id":"0","recycled":"0","gemstone_id":"0","customizable":"0","type_category":"physical","zerowaste":"0","postage_price":"0.00","shop_order":"0","has_category":"1","landing_pages":null,"microdata":{"number":1,"category":""},"title":"Vad\u00f3c Angyalka. Angyalk\u00e1s k\u00e9p. \u00dcvegre festett falik\u00e9p, \u00fcvegfestm\u00e9ny.","description":"Kedves \u00c9rdekl\u0151d\u0151. K\u00f6sz\u00f6nt\u00f6m a virtu\u00e1lis boltomban.\n\nEzt a k\u00e9pet a 2022-es \u00e9v kar\u00e1csonyi hangulata ichlette. \nEgy k\u00fcl\u00f6nleges, modern fest\u00e9si technik\u00e1val - \u00fcvegfest\u00e9ssel festettem, melyet t\u0171zzom\u00e1nc szer\u0171 f\u00e9nyes, csillog\u00f3 fel\u00fcletek jellemeznek. Igaz\u00e1n kit\u0171n\u0151 ajand\u00e9k, ha valami k\u00fcl\u00f6nlegessel szeretn\u00e9 megaj\u00e1nd\u00e9kozni gyermek\u00e9t, vagy unok\u00e1j\u00e1t. A gyerekszoba fal\u00e1nak igazi d\u00edsze lehet.\nAj\u00e1nlom els\u0151sorban kis vad\u00f3c Angyalk\u00e1knak, kis g\u00e9zeng\u00fazoknak, mert \u0151ket is im\u00e1djuk, - de ak\u00e1r gyermek lelk\u0171 feln\u0151tnek is.\nA k\u00e9p m\u00e9rete kb. 24x33, ill. 26x34 cm kerett\u0151l f\u00fcgg\u0151en. Az \u00e1rban a keret \u00e1ra is benne van.\nA k\u00e9p k\u00e9szen van, ak\u00e1r azonnal is elvihet\u0151. \nSzem\u00e9lyes \u00e1tv\u00e9tel is lehets\u00e9ges Bp. k\u00f6zel\u00e9ben Kistarcs\u00e1n, vagy Budapest \u00d6rs Vez\u00e9r tere.\nEbben a v\u00e1logat\u00e1sban van m\u00e9g t\u00f6bb gyerekeknek sz\u00f3l\u00f3 k\u00e9p is, ha teheti n\u00e9zze meg azokat is.\nK\u00f6sz\u00f6n\u00f6m, hogy ben\u00e9zett a virtu\u00e1lis boltomba, rem\u00e9lem, hogy megtal\u00e1lja \u00e1lmai aj\u00e1nd\u00e9k\u00e1t.\n\u00dcdv. Spezso","score":0,"formatted_price":"15 888 Ft","image_url":"https:\/\/www.meska.hu\/img\/product\/small\/s\/p\/spezso_product_266663_250511091954_0941100.jpeg","formatted_url":"https:\/\/www.meska.hu\/p4858810-vadoc-angyalka-angyalkas-kep-uvegre-festett-falikep-uvegfestmeny","favourite":false,"in_stock":true,"avatar":"spezso_avatar_266663_1587803542.jpg","delete_from":0,"is_enhanced_background":false,"is_enhanced":false,"product_selection_started":false,"is_active":true,"image_webp_url":"https:\/\/www.meska.hu\/img\/product\/small\/s\/p\/spezso_product_266663_250511091954_0941100.webp"},{"id":"3494587","shop_id":"33745","user_id":"390207","shop_name":"peszlenmonika","shop_zip":"9300","product_code":"4180937","product_name_old":null,"product_name":"Kicsi csal\u00e1dfa","category_string":"M\u0171v\u00e9szet, Festm\u00e9ny, \u00dcvegfestm\u00e9ny","technic_string":"\u00dcvegm\u0171v\u00e9szet","category_1":"357","category_2":"358","category_3":"1325","category_4":"0","merged_category_1":"0","merged_category_2":"0","merged_category_3":"785","technic_1":"505","technic_2":"0","technic_3":"0","color_1":"514","color_2":"526","color_3":"529","product_description_old":null,"product_description":"Nagyon sz\u00e9p aj\u00e1nd\u00e9k sz\u00fclet\u00e9snapra, h\u00e1zass\u00e1gi \u00e9vfordul\u00f3ra, n\u00e1szaj\u00e1nd\u00e9kba. A csal\u00e1dfa fel\u00e9p\u00edt\u00e9s\u00e9t tekintve t\u00f6bb fajt\u00e1ja ismert. Ez a sz\u0171k csal\u00e1dot \u00e1br\u00e1zolja. Egyedi elk\u00e9pzel\u00e9s alapj\u00e1n val\u00f3sult meg. \nA f\u00f6ldre lehullott leveleken a nagysz\u00fcl\u0151k, az als\u00f3 \u00e1gon a sz\u00fcl\u0151k tal\u00e1lhat\u00f3k. A m\u00e1sodik szinten testv\u00e9rem \u00e9s \u00e9n ill. p\u00e1rjaink helyezkednek el. A legfels\u0151 \u00e1g a gyermekek nev\u00e9vel v\u00e9gz\u0151dik.\nM\u00e9ret:21x29 cm.\nA k\u00e9p \u00e1ra fekete fa kerettel egy\u00fctt \u00e9rtend\u0151.\nA nevek kont\u00far fest\u00e9kkel k\u00e9sz\u00fcltek.","price":"18000.00","unit":"db","recommended":"0","status":"1","sponsored":"0","exp_notify":"0","own_material":"0","own_material_description_old":null,"own_material_description":"","jury":"0","jury_number":"","product_nature":"","meskaracsony":"0","create_date":"2026-04-19 18:34:11","shelve_id":"68391","image":"peszlenmonika_product_390207_210616123111_773924.jpeg","image_width":"480","image_height":"640","image_alt":"Kicsi csal\u00e1dfa, Nagyon sz\u00e9p aj\u00e1nd\u00e9k sz\u00fclet\u00e9snapra, h\u00e1zass\u00e1gi \u00e9vfordul\u00f3ra, n\u00e1szaj\u00e1nd\u00e9kba. A csal\u00e1dfa fel\u00e9p\u00edt\u00e9s\u00e9t teki..., Meska","image_title":"Kicsi csal\u00e1dfa, Meska","view_count":"3242","favourite_count":"0","trending_score":"0","last2MonthFavouriteCount":"0","promotion":"0","giftcard_accept":"0","creditcard_accept":true,"enhanced_background":"0","domain":"meska","specific_customer_id":null,"specific_customer_name":null,"to_order_product":"1","to_order_product_time":"6","product_different":"quite_different","product_different_description":"A csal\u00e1dtagok sz\u00e1m\u00e1t\u00f3l f\u00fcgg a levelek sz\u00e1ma.","vintage":"0","vintage_category_id":"0","recycled":"0","gemstone_id":"0","customizable":"0","type_category":"physical","zerowaste":"0","postage_price":"1290.00","shop_order":"0","has_category":"1","landing_pages":null,"microdata":{"number":2,"category":""},"title":"Kicsi csal\u00e1dfa","description":"Nagyon sz\u00e9p aj\u00e1nd\u00e9k sz\u00fclet\u00e9snapra, h\u00e1zass\u00e1gi \u00e9vfordul\u00f3ra, n\u00e1szaj\u00e1nd\u00e9kba. A csal\u00e1dfa fel\u00e9p\u00edt\u00e9s\u00e9t tekintve t\u00f6bb fajt\u00e1ja ismert. Ez a sz\u0171k csal\u00e1dot \u00e1br\u00e1zolja. Egyedi elk\u00e9pzel\u00e9s alapj\u00e1n val\u00f3sult meg. \nA f\u00f6ldre lehullott leveleken a nagysz\u00fcl\u0151k, az als\u00f3 \u00e1gon a sz\u00fcl\u0151k tal\u00e1lhat\u00f3k. A m\u00e1sodik szinten testv\u00e9rem \u00e9s \u00e9n ill. p\u00e1rjaink helyezkednek el. A legfels\u0151 \u00e1g a gyermekek nev\u00e9vel v\u00e9gz\u0151dik.\nM\u00e9ret:21x29 cm.\nA k\u00e9p \u00e1ra fekete fa kerettel egy\u00fctt \u00e9rtend\u0151.\nA nevek kont\u00far fest\u00e9kkel k\u00e9sz\u00fcltek.","score":0,"formatted_price":"18 000 Ft","image_url":"https:\/\/www.meska.hu\/img\/product\/small\/p\/e\/peszlenmonika_product_390207_210616123111_773924.jpeg","formatted_url":"https:\/\/www.meska.hu\/p4180937-kicsi-csaladfa","favourite":false,"in_stock":false,"avatar":"peszlenmonika_avatar_390207_1623150181.jpg","delete_from":0,"is_enhanced_background":false,"is_enhanced":false,"product_selection_started":false,"is_active":true,"image_webp_url":"https:\/\/www.meska.hu\/img\/product\/small\/p\/e\/peszlenmonika_product_390207_210616123111_773924.webp"},{"id":"5314497","shop_id":"33745","user_id":"390207","shop_name":"peszlenmonika","shop_zip":"9300","product_code":"5278008","product_name_old":null,"product_name":"K\u00e1la","category_string":"M\u0171v\u00e9szet, Festm\u00e9ny, \u00dcvegfestm\u00e9ny","technic_string":"\u00dcvegm\u0171v\u00e9szet","category_1":"357","category_2":"358","category_3":"1325","category_4":"0","merged_category_1":null,"merged_category_2":null,"merged_category_3":null,"technic_1":"505","technic_2":"0","technic_3":"0","color_1":"519","color_2":"529","color_3":"0","product_description_old":null,"product_description":"A vir\u00e1gos k\u00e9pek k\u00f6z\u00fcl ez volt az els\u0151 amit festettem. A keret alkalmaz\u00e1sa miatt, olyan hat\u00e1sa van, mintha ki emelkedne az \u00fcveg s\u00edkj\u00e1b\u00f3l.\nA vir\u00e1gok \u00e1rnyal\u00e1sa \u00e9s h\u00e1tt\u00e9r kialak\u00edt\u00e1sa a fest\u00e9s legizgalmasabb r\u00e9sze volt.\nM\u00e9rete: 21x29 cm\nAntikolt arany fakeretben.\nAz \u00e1r a kerettel egy\u00fctt \u00e9rtend\u0151.","price":"15900.00","unit":"db","recommended":"0","status":"1","sponsored":"0","exp_notify":"0","own_material":"0","own_material_description_old":null,"own_material_description":"","jury":"0","jury_number":"","product_nature":"","meskaracsony":"0","create_date":"2026-04-18 11:07:48","shelve_id":"76201","image":"peszlenmonika_product_390207_240424122529_22221.jpeg","image_width":"480","image_height":"640","image_alt":"K\u00e1la, A vir\u00e1gos k\u00e9pek k\u00f6z\u00fcl ez volt az els\u0151 amit festettem. A keret alkalmaz\u00e1sa miatt, olyan hat\u00e1sa van, m..., Meska","image_title":"K\u00e1la, Meska","view_count":"640","favourite_count":"0","trending_score":"0","last2MonthFavouriteCount":"0","promotion":"0","giftcard_accept":"0","creditcard_accept":true,"enhanced_background":"0","domain":"meska","specific_customer_id":null,"specific_customer_name":null,"to_order_product":"0","to_order_product_time":"0","product_different":null,"product_different_description":"","vintage":"0","vintage_category_id":"0","recycled":"0","gemstone_id":"0","customizable":"0","type_category":"physical","zerowaste":"0","postage_price":"1290.00","shop_order":"0","has_category":"1","landing_pages":null,"microdata":{"number":3,"category":""},"title":"K\u00e1la","description":"A vir\u00e1gos k\u00e9pek k\u00f6z\u00fcl ez volt az els\u0151 amit festettem. A keret alkalmaz\u00e1sa miatt, olyan hat\u00e1sa van, mintha ki emelkedne az \u00fcveg s\u00edkj\u00e1b\u00f3l.\nA vir\u00e1gok \u00e1rnyal\u00e1sa \u00e9s h\u00e1tt\u00e9r kialak\u00edt\u00e1sa a fest\u00e9s legizgalmasabb r\u00e9sze volt.\nM\u00e9rete: 21x29 cm\nAntikolt arany fakeretben.\nAz \u00e1r a kerettel egy\u00fctt \u00e9rtend\u0151.","score":0,"formatted_price":"15 900 Ft","image_url":"https:\/\/www.meska.hu\/img\/product\/small\/p\/e\/peszlenmonika_product_390207_240424122529_22221.jpeg","formatted_url":"https:\/\/www.meska.hu\/p5278008-kala","favourite":false,"in_stock":true,"avatar":"peszlenmonika_avatar_390207_1623150181.jpg","delete_from":0,"is_enhanced_background":false,"is_enhanced":false,"product_selection_started":false,"is_active":true,"image_webp_url":"https:\/\/www.meska.hu\/img\/product\/small\/p\/e\/peszlenmonika_product_390207_240424122529_22221.webp"},{"id":"5314431","shop_id":"33745","user_id":"390207","shop_name":"peszlenmonika","shop_zip":"9300","product_code":"5277977","product_name_old":null,"product_name":"Mandala","category_string":"M\u0171v\u00e9szet, Festm\u00e9ny, \u00dcvegfestm\u00e9ny","technic_string":"Fest\u00e9szet","category_1":"357","category_2":"358","category_3":"1325","category_4":"0","merged_category_1":null,"merged_category_2":null,"merged_category_3":null,"technic_1":"480","technic_2":"0","technic_3":"0","color_1":"512","color_2":"514","color_3":"516","product_description_old":null,"product_description":"\nAz \u00e9let vir\u00e1ga egyszer\u0171 sz\u00e9ps\u00e9g\u00e9vel \u00e9s t\u00f6k\u00e9letess\u00e9g\u00e9vel, a teremt\u00e9s \u00fajra \u00e9s \u00fajra meg\u00fajul\u00f3 folyamat\u00e1nak szimb\u00f3luma.\nBord\u00f3, b\u00e9zs \u00e9s arany kombin\u00e1ci\u00f3val j\u00f6tt l\u00e9tre ez a Mandala.\nAz arany \u00fcnnep\u00e9lyess\u00e9 var\u00e1zsolja a k\u00e9pet. Nap, sz\u00e9ps\u00e9g, tisztas\u00e1g, b\u00f6lcsess\u00e9g \u00e9s a gazdags\u00e1g szimb\u00f3luma.\nBord\u00f3s \u00e1rnyalat a szeretetet \u00e9s a b\u00f6lcsess\u00e9get sugallja.\nM\u00e9rete: 30x30 cm\nAz \u00e1r tartalmazza a hozz\u00e1ill\u0151 barn\u00e1s-b\u00e9zses fakeretet.","price":"29900.00","unit":"db","recommended":"0","status":"1","sponsored":"0","exp_notify":"0","own_material":"0","own_material_description_old":null,"own_material_description":"","jury":"0","jury_number":"","product_nature":"","meskaracsony":"0","create_date":"2026-04-18 11:07:46","shelve_id":"68390","image":"peszlenmonika_product_390207_240424115405_389860.jpeg","image_width":"480","image_height":"640","image_alt":"Mandala, \\nAz \u00e9let vir\u00e1ga egyszer\u0171 sz\u00e9ps\u00e9g\u00e9vel \u00e9s t\u00f6k\u00e9letess\u00e9g\u00e9vel, a teremt\u00e9s \u00fajra \u00e9s \u00fajra meg\u00fajul\u00f3 folyamat\u00e1..., Meska","image_title":"Mandala, Meska","view_count":"793","favourite_count":"0","trending_score":"0","last2MonthFavouriteCount":"0","promotion":"0","giftcard_accept":"0","creditcard_accept":true,"enhanced_background":"0","domain":"meska","specific_customer_id":null,"specific_customer_name":null,"to_order_product":"0","to_order_product_time":"0","product_different":null,"product_different_description":"","vintage":"0","vintage_category_id":"0","recycled":"0","gemstone_id":"0","customizable":"0","type_category":"physical","zerowaste":"0","postage_price":"1290.00","shop_order":"0","has_category":"1","landing_pages":null,"microdata":{"number":4,"category":""},"title":"Mandala","description":"\nAz \u00e9let vir\u00e1ga egyszer\u0171 sz\u00e9ps\u00e9g\u00e9vel \u00e9s t\u00f6k\u00e9letess\u00e9g\u00e9vel, a teremt\u00e9s \u00fajra \u00e9s \u00fajra meg\u00fajul\u00f3 folyamat\u00e1nak szimb\u00f3luma.\nBord\u00f3, b\u00e9zs \u00e9s arany kombin\u00e1ci\u00f3val j\u00f6tt l\u00e9tre ez a Mandala.\nAz arany \u00fcnnep\u00e9lyess\u00e9 var\u00e1zsolja a k\u00e9pet. Nap, sz\u00e9ps\u00e9g, tisztas\u00e1g, b\u00f6lcsess\u00e9g \u00e9s a gazdags\u00e1g szimb\u00f3luma.\nBord\u00f3s \u00e1rnyalat a szeretetet \u00e9s a b\u00f6lcsess\u00e9get sugallja.\nM\u00e9rete: 30x30 cm\nAz \u00e1r tartalmazza a hozz\u00e1ill\u0151 barn\u00e1s-b\u00e9zses fakeretet.","score":0,"formatted_price":"29 900 Ft","image_url":"https:\/\/www.meska.hu\/img\/product\/small\/p\/e\/peszlenmonika_product_390207_240424115405_389860.jpeg","formatted_url":"https:\/\/www.meska.hu\/p5277977-mandala","favourite":false,"in_stock":true,"avatar":"peszlenmonika_avatar_390207_1623150181.jpg","delete_from":0,"is_enhanced_background":false,"is_enhanced":false,"product_selection_started":false,"is_active":true,"image_webp_url":"https:\/\/www.meska.hu\/img\/product\/small\/p\/e\/peszlenmonika_product_390207_240424115405_389860.webp"},{"id":"5314515","shop_id":"33745","user_id":"390207","shop_name":"peszlenmonika","shop_zip":"9300","product_code":"5278016","product_name_old":null,"product_name":"K\u00e9k-arany mandala","category_string":"M\u0171v\u00e9szet, Festm\u00e9ny, \u00dcvegfestm\u00e9ny","technic_string":"\u00dcvegm\u0171v\u00e9szet","category_1":"357","category_2":"358","category_3":"1325","category_4":"0","merged_category_1":null,"merged_category_2":null,"merged_category_3":null,"technic_1":"505","technic_2":"0","technic_3":"0","color_1":"512","color_2":"521","color_3":"0","product_description_old":null,"product_description":"Szeretek mandal\u00e1kat festeni. Nyugodts\u00e1g \u00e9s harm\u00f3nia vesz k\u00f6r\u00fcl amikor k\u00e9sz\u00fcl az alkot\u00e1s. \nAmikor elk\u00e9sz\u00fcl, r\u00e1n\u00e9zek, ugyanolyan \u00e9rz\u00e9s ker\u00edt hatalm\u00e1ba.\nK\u00e9k \u00e9s arany kombin\u00e1ci\u00f3j\u00e1val k\u00e9sz\u00fclt. A k\u00e9k a nyugodts\u00e1g, ellazul\u00e1s, harm\u00f3nia el\u00e9gedetts\u00e9g, biztons\u00e1g \u00e9rz\u00e9st \u00e1rasztja. Az arany: Nap, sz\u00e9ps\u00e9g, tisztas\u00e1g, b\u00f6lcsess\u00e9g \u00e9s a gazdags\u00e1g szimb\u00f3luma.\nAz \u00fcvegfest\u00e9k csillog\u00e1sa \u00fcnnep\u00e9lyess\u00e9 var\u00e1zsolja a k\u00e9pet.\nM\u00e9ret: 25x25 cm\nHozz\u00e1 ill\u0151 ez\u00fcst\u00f6s keretben.\nAz \u00e1r kerettel egy\u00fctt \u00e9rtend\u0151.\n","price":"27900.00","unit":"db","recommended":"0","status":"1","sponsored":"0","exp_notify":"0","own_material":"0","own_material_description_old":null,"own_material_description":"","jury":"0","jury_number":"","product_nature":"","meskaracsony":"0","create_date":"2026-04-18 11:07:42","shelve_id":"68390","image":"peszlenmonika_product_390207_240424123415_38799.jpeg","image_width":"480","image_height":"640","image_alt":"K\u00e9k-arany mandala, Szeretek mandal\u00e1kat festeni. Nyugodts\u00e1g \u00e9s harm\u00f3nia vesz k\u00f6r\u00fcl amikor k\u00e9sz\u00fcl az alkot\u00e1s. \\nAmikor elk..., Meska","image_title":"K\u00e9k-arany mandala, Meska","view_count":"583","favourite_count":"0","trending_score":"0","last2MonthFavouriteCount":"0","promotion":"0","giftcard_accept":"0","creditcard_accept":true,"enhanced_background":"0","domain":"meska","specific_customer_id":null,"specific_customer_name":null,"to_order_product":"0","to_order_product_time":"0","product_different":null,"product_different_description":"","vintage":"0","vintage_category_id":"0","recycled":"0","gemstone_id":"0","customizable":"0","type_category":"physical","zerowaste":"0","postage_price":"1290.00","shop_order":"0","has_category":"1","landing_pages":null,"microdata":{"number":5,"category":""},"title":"K\u00e9k-arany mandala","description":"Szeretek mandal\u00e1kat festeni. Nyugodts\u00e1g \u00e9s harm\u00f3nia vesz k\u00f6r\u00fcl amikor k\u00e9sz\u00fcl az alkot\u00e1s. \nAmikor elk\u00e9sz\u00fcl, r\u00e1n\u00e9zek, ugyanolyan \u00e9rz\u00e9s ker\u00edt hatalm\u00e1ba.\nK\u00e9k \u00e9s arany kombin\u00e1ci\u00f3j\u00e1val k\u00e9sz\u00fclt. A k\u00e9k a nyugodts\u00e1g, ellazul\u00e1s, harm\u00f3nia el\u00e9gedetts\u00e9g, biztons\u00e1g \u00e9rz\u00e9st \u00e1rasztja. Az arany: Nap, sz\u00e9ps\u00e9g, tisztas\u00e1g, b\u00f6lcsess\u00e9g \u00e9s a gazdags\u00e1g szimb\u00f3luma.\nAz \u00fcvegfest\u00e9k csillog\u00e1sa \u00fcnnep\u00e9lyess\u00e9 var\u00e1zsolja a k\u00e9pet.\nM\u00e9ret: 25x25 cm\nHozz\u00e1 ill\u0151 ez\u00fcst\u00f6s keretben.\nAz \u00e1r kerettel egy\u00fctt \u00e9rtend\u0151.\n","score":0,"formatted_price":"27 900 Ft","image_url":"https:\/\/www.meska.hu\/img\/product\/small\/p\/e\/peszlenmonika_product_390207_240424123415_38799.jpeg","formatted_url":"https:\/\/www.meska.hu\/p5278016-kek-arany-mandala","favourite":false,"in_stock":true,"avatar":"peszlenmonika_avatar_390207_1623150181.jpg","delete_from":0,"is_enhanced_background":false,"is_enhanced":false,"product_selection_started":false,"is_active":true,"image_webp_url":"https:\/\/www.meska.hu\/img\/product\/small\/p\/e\/peszlenmonika_product_390207_240424123415_38799.webp"},{"id":"4546289","shop_id":"33745","user_id":"390207","shop_name":"peszlenmonika","shop_zip":"9300","product_code":"4812565","product_name_old":null,"product_name":"H\u00e1zi \u00e1ld\u00e1s","category_string":"M\u0171v\u00e9szet, Festm\u00e9ny, \u00dcvegfestm\u00e9ny","technic_string":"\u00dcvegm\u0171v\u00e9szet","category_1":"357","category_2":"358","category_3":"1325","category_4":"0","merged_category_1":null,"merged_category_2":null,"merged_category_3":null,"technic_1":"505","technic_2":"0","technic_3":"0","color_1":"518","color_2":"519","color_3":"521","product_description_old":null,"product_description":"K\u00e9k n\u00e9pi mot\u00edvumokkal k\u00e9sz\u00fclt ez az \u00fcvegre festett H\u00e1zi \u00e1ld\u00e1s. Kedves sz\u00ednfoltja lehet lak\u00e1sunknak. K\u00edv\u00e1ns\u00e1g szerint m\u00e1s sz\u00ednben is elk\u00e9sz\u00edtem.\nM\u00e9ret:21x29 cm\nAz \u00e1r a keretet tartalmazza.\nSzem\u00e9lyes \u00e9s postai \u00e1tv\u00e9tel lehets\u00e9ges.                        ","price":"10500.00","unit":"db","recommended":"0","status":"1","sponsored":"0","exp_notify":"0","own_material":"0","own_material_description_old":null,"own_material_description":"","jury":"0","jury_number":"","product_nature":"","meskaracsony":"0","create_date":"2026-04-18 11:07:40","shelve_id":"0","image":"peszlenmonika_product_390207_221019140236_647869.jpeg","image_width":"480","image_height":"640","image_alt":"H\u00e1zi \u00e1ld\u00e1s, K\u00e9k n\u00e9pi mot\u00edvumokkal k\u00e9sz\u00fclt ez az \u00fcvegre festett H\u00e1zi \u00e1ld\u00e1s. Kedves sz\u00ednfoltja lehet lak\u00e1sunknak. ..., Meska","image_title":"H\u00e1zi \u00e1ld\u00e1s, Meska","view_count":"1473","favourite_count":"0","trending_score":"0","last2MonthFavouriteCount":"0","promotion":"0","giftcard_accept":"0","creditcard_accept":true,"enhanced_background":"0","domain":"meska","specific_customer_id":null,"specific_customer_name":null,"to_order_product":"0","to_order_product_time":"0","product_different":null,"product_different_description":"","vintage":"0","vintage_category_id":"0","recycled":"0","gemstone_id":"0","customizable":"0","type_category":"physical","zerowaste":"0","postage_price":"1290.00","shop_order":"0","has_category":"1","landing_pages":null,"microdata":{"number":6,"category":""},"title":"H\u00e1zi \u00e1ld\u00e1s","description":"K\u00e9k n\u00e9pi mot\u00edvumokkal k\u00e9sz\u00fclt ez az \u00fcvegre festett H\u00e1zi \u00e1ld\u00e1s. Kedves sz\u00ednfoltja lehet lak\u00e1sunknak. K\u00edv\u00e1ns\u00e1g szerint m\u00e1s sz\u00ednben is elk\u00e9sz\u00edtem.\nM\u00e9ret:21x29 cm\nAz \u00e1r a keretet tartalmazza.\nSzem\u00e9lyes \u00e9s postai \u00e1tv\u00e9tel lehets\u00e9ges.                        ","score":0,"formatted_price":"10 500 Ft","image_url":"https:\/\/www.meska.hu\/img\/product\/small\/p\/e\/peszlenmonika_product_390207_221019140236_647869.jpeg","formatted_url":"https:\/\/www.meska.hu\/p4812565-hazi-aldas","favourite":false,"in_stock":true,"avatar":"peszlenmonika_avatar_390207_1623150181.jpg","delete_from":0,"is_enhanced_background":false,"is_enhanced":false,"product_selection_started":false,"is_active":true,"image_webp_url":"https:\/\/www.meska.hu\/img\/product\/small\/p\/e\/peszlenmonika_product_390207_221019140236_647869.webp"},{"id":"5314474","shop_id":"33745","user_id":"390207","shop_name":"peszlenmonika","shop_zip":"9300","product_code":"5277998","product_name_old":null,"product_name":"H\u00f3vir\u00e1g","category_string":"M\u0171v\u00e9szet, Festm\u00e9ny, \u00dcvegfestm\u00e9ny","technic_string":"\u00dcvegm\u0171v\u00e9szet","category_1":"357","category_2":"358","category_3":"1325","category_4":"0","merged_category_1":null,"merged_category_2":null,"merged_category_3":null,"technic_1":"505","technic_2":"0","technic_3":"0","color_1":"515","color_2":"518","color_3":"519","product_description_old":null,"product_description":"A tavaszt id\u00e9z\u0151 h\u00f3vir\u00e1gos k\u00e9pemet, \u00fcvegt\u00f6rmel\u00e9kkel d\u00edsz\u00edtettem.\nAz alkot\u00e1s \u00fcvegfest\u00e9kkel k\u00e9sz\u00fclt.\nAsztalra \u00e9s falra is helyezhet\u0151 ez\u00fcst\u00f6s fakeretben.\nM\u00e9rete: 21x29 cm\nAz \u00e1r a kerettel egy\u00fctt \u00e9rtend\u0151.\n","price":"14000.00","unit":"db","recommended":"0","status":"1","sponsored":"0","exp_notify":"0","own_material":"0","own_material_description_old":null,"own_material_description":"","jury":"0","jury_number":"","product_nature":"","meskaracsony":"0","create_date":"2026-04-18 11:07:37","shelve_id":"76201","image":"peszlenmonika_product_390207_240424121811_46538.jpeg","image_width":"480","image_height":"640","image_alt":"H\u00f3vir\u00e1g, A tavaszt id\u00e9z\u0151 h\u00f3vir\u00e1gos k\u00e9pemet, \u00fcvegt\u00f6rmel\u00e9kkel d\u00edsz\u00edtettem.\\nAz alkot\u00e1s \u00fcvegfest\u00e9kkel k\u00e9sz\u00fclt.\\nAs..., Meska","image_title":"H\u00f3vir\u00e1g, Meska","view_count":"804","favourite_count":"0","trending_score":"0","last2MonthFavouriteCount":"0","promotion":"0","giftcard_accept":"0","creditcard_accept":true,"enhanced_background":"0","domain":"meska","specific_customer_id":null,"specific_customer_name":null,"to_order_product":"0","to_order_product_time":"0","product_different":null,"product_different_description":"","vintage":"0","vintage_category_id":"0","recycled":"0","gemstone_id":"0","customizable":"0","type_category":"physical","zerowaste":"0","postage_price":"1290.00","shop_order":"0","has_category":"1","landing_pages":null,"microdata":{"number":7,"category":""},"title":"H\u00f3vir\u00e1g","description":"A tavaszt id\u00e9z\u0151 h\u00f3vir\u00e1gos k\u00e9pemet, \u00fcvegt\u00f6rmel\u00e9kkel d\u00edsz\u00edtettem.\nAz alkot\u00e1s \u00fcvegfest\u00e9kkel k\u00e9sz\u00fclt.\nAsztalra \u00e9s falra is helyezhet\u0151 ez\u00fcst\u00f6s fakeretben.\nM\u00e9rete: 21x29 cm\nAz \u00e1r a kerettel egy\u00fctt \u00e9rtend\u0151.\n","score":0,"formatted_price":"14 000 Ft","image_url":"https:\/\/www.meska.hu\/img\/product\/small\/p\/e\/peszlenmonika_product_390207_240424121811_46538.jpeg","formatted_url":"https:\/\/www.meska.hu\/p5277998-hovirag","favourite":false,"in_stock":true,"avatar":"peszlenmonika_avatar_390207_1623150181.jpg","delete_from":0,"is_enhanced_background":false,"is_enhanced":false,"product_selection_started":false,"is_active":true,"image_webp_url":"https:\/\/www.meska.hu\/img\/product\/small\/p\/e\/peszlenmonika_product_390207_240424121811_46538.webp"},{"id":"4865252","shop_id":"33745","user_id":"390207","shop_name":"peszlenmonika","shop_zip":"9300","product_code":"4997774","product_name_old":null,"product_name":"Csal\u00e1dfa 2.","category_string":"M\u0171v\u00e9szet, Festm\u00e9ny, \u00dcvegfestm\u00e9ny","technic_string":"\u00dcvegm\u0171v\u00e9szet","category_1":"357","category_2":"358","category_3":"1325","category_4":"0","merged_category_1":null,"merged_category_2":null,"merged_category_3":null,"technic_1":"505","technic_2":"0","technic_3":"0","color_1":"514","color_2":"524","color_3":"529","product_description_old":null,"product_description":"\u00daj levelekkel \u00e9s sz\u00ednekkel  csal\u00e1dfa k\u00e9sz\u00fclt.Nagyon sz\u00e9p aj\u00e1nd\u00e9k sz\u00fclet\u00e9snapra, h\u00e1zass\u00e1gi \u00e9vfordul\u00f3ra, n\u00e1szaj\u00e1nd\u00e9kba. A csal\u00e1dfa fel\u00e9p\u00edt\u00e9s\u00e9t tekintve t\u00f6bb fajt\u00e1ja ismert. Ez egy vegyes csal\u00e1dfa, ami saj\u00e1t tervez\u00e9s\u0171, egyedi elk\u00e9pzel\u00e9s alapj\u00e1n val\u00f3sult meg. A t\u00f6rzsb\u0151l el\u00e1gazva tal\u00e1ljuk  szintenk\u00e9nt az \u00f6sszetartoz\u00f3 csal\u00e1dtagokat.\nAz \u0151s\u00f6k \u00e9s a sz\u0171k csal\u00e1d egy\u00fctt szerepel ezen az 50x70 cm-es \u00fcvegfel\u00fcleten. M\u00e9ret\u00e9b\u0151l ad\u00f3d\u00f3an sok n\u00e9v ker\u00fclhetett r\u00e1. \u00c9rtelem szer\u0171en, ha kisebb m\u00e9retet v\u00e1laszt, a nevek sz\u00e1ma maximum 25-30 db lehet. A k\u00e9p \u00e1ra  kerettel egy\u00fctt \u00e9rtend\u0151.\nA nevek kont\u00far fest\u00e9kkel k\u00e9sz\u00fcltek.\n\nVan lehet\u0151s\u00e9g m\u00e1s m\u00e9retben k\u00e9rni!!\n30x40 cm:  29.900 ft\n40x50 cm:  39.900 ft\n50x70 cm:   49.900 ft\n Term\u00e9szetesen az \u00e1rak kerettel egy\u00fctt \u00e9rtend\u0151k.                            ","price":"49900.00","unit":"db","recommended":"0","status":"1","sponsored":"0","exp_notify":"0","own_material":"0","own_material_description_old":null,"own_material_description":"","jury":"0","jury_number":"","product_nature":"","meskaracsony":"0","create_date":"2026-04-12 11:25:07","shelve_id":"68391","image":"peszlenmonika_product_390207_230609100727_209990.jpeg","image_width":"480","image_height":"360","image_alt":"Csal\u00e1dfa 2., \u00daj levelekkel \u00e9s sz\u00ednekkel  csal\u00e1dfa k\u00e9sz\u00fclt.Nagyon sz\u00e9p aj\u00e1nd\u00e9k sz\u00fclet\u00e9snapra, h\u00e1zass\u00e1gi \u00e9vfordul\u00f3r..., Meska","image_title":"Csal\u00e1dfa 2., Meska","view_count":"2136","favourite_count":"0","trending_score":"0","last2MonthFavouriteCount":"0","promotion":"0","giftcard_accept":"0","creditcard_accept":true,"enhanced_background":"0","domain":"meska","specific_customer_id":null,"specific_customer_name":null,"to_order_product":"1","to_order_product_time":"15","product_different":null,"product_different_description":"","vintage":"0","vintage_category_id":"0","recycled":"0","gemstone_id":"0","customizable":"0","type_category":"physical","zerowaste":"0","postage_price":"4500.00","shop_order":"0","has_category":"1","landing_pages":null,"microdata":{"number":8,"category":""},"title":"Csal\u00e1dfa 2.","description":"\u00daj levelekkel \u00e9s sz\u00ednekkel  csal\u00e1dfa k\u00e9sz\u00fclt.Nagyon sz\u00e9p aj\u00e1nd\u00e9k sz\u00fclet\u00e9snapra, h\u00e1zass\u00e1gi \u00e9vfordul\u00f3ra, n\u00e1szaj\u00e1nd\u00e9kba. A csal\u00e1dfa fel\u00e9p\u00edt\u00e9s\u00e9t tekintve t\u00f6bb fajt\u00e1ja ismert. Ez egy vegyes csal\u00e1dfa, ami saj\u00e1t tervez\u00e9s\u0171, egyedi elk\u00e9pzel\u00e9s alapj\u00e1n val\u00f3sult meg. A t\u00f6rzsb\u0151l el\u00e1gazva tal\u00e1ljuk  szintenk\u00e9nt az \u00f6sszetartoz\u00f3 csal\u00e1dtagokat.\nAz \u0151s\u00f6k \u00e9s a sz\u0171k csal\u00e1d egy\u00fctt szerepel ezen az 50x70 cm-es \u00fcvegfel\u00fcleten. M\u00e9ret\u00e9b\u0151l ad\u00f3d\u00f3an sok n\u00e9v ker\u00fclhetett r\u00e1. \u00c9rtelem szer\u0171en, ha kisebb m\u00e9retet v\u00e1laszt, a nevek sz\u00e1ma maximum 25-30 db lehet. A k\u00e9p \u00e1ra  kerettel egy\u00fctt \u00e9rtend\u0151.\nA nevek kont\u00far fest\u00e9kkel k\u00e9sz\u00fcltek.\n\nVan lehet\u0151s\u00e9g m\u00e1s m\u00e9retben k\u00e9rni!!\n30x40 cm:  29.900 ft\n40x50 cm:  39.900 ft\n50x70 cm:   49.900 ft\n Term\u00e9szetesen az \u00e1rak kerettel egy\u00fctt \u00e9rtend\u0151k.                            ","score":0,"formatted_price":"49 900 Ft","image_url":"https:\/\/www.meska.hu\/img\/product\/small\/p\/e\/peszlenmonika_product_390207_230609100727_209990.jpeg","formatted_url":"https:\/\/www.meska.hu\/p4997774-csaladfa-2","favourite":false,"in_stock":false,"avatar":"peszlenmonika_avatar_390207_1623150181.jpg","delete_from":0,"is_enhanced_background":false,"is_enhanced":false,"product_selection_started":false,"is_active":true,"image_webp_url":"https:\/\/www.meska.hu\/img\/product\/small\/p\/e\/peszlenmonika_product_390207_230609100727_209990.webp"},{"id":"4870403","shop_id":"33745","user_id":"390207","shop_name":"peszlenmonika","shop_zip":"9300","product_code":"4999836","product_name_old":null,"product_name":"Csal\u00e1dfa 2.","category_string":"M\u0171v\u00e9szet, Festm\u00e9ny, \u00dcvegfestm\u00e9ny","technic_string":"","category_1":"357","category_2":"358","category_3":"1325","category_4":"0","merged_category_1":null,"merged_category_2":null,"merged_category_3":null,"technic_1":"0","technic_2":"0","technic_3":"0","color_1":"512","color_2":"524","color_3":"529","product_description_old":null,"product_description":"\u00daj levelekkel \u00e9s sz\u00ednekkel  csal\u00e1dfa k\u00e9sz\u00fclt.Nagyon sz\u00e9p aj\u00e1nd\u00e9k sz\u00fclet\u00e9snapra, h\u00e1zass\u00e1gi \u00e9vfordul\u00f3ra, n\u00e1szaj\u00e1nd\u00e9kba. A csal\u00e1dfa fel\u00e9p\u00edt\u00e9s\u00e9t tekintve t\u00f6bb fajt\u00e1ja ismert. Ez egy vegyes csal\u00e1dfa, ami saj\u00e1t tervez\u00e9s\u0171, egyedi elk\u00e9pzel\u00e9s alapj\u00e1n val\u00f3sult meg. A t\u00f6rzsb\u0151l el\u00e1gazva tal\u00e1ljuk  szintenk\u00e9nt az \u00f6sszetartoz\u00f3 csal\u00e1dtagokat.\nAz \u0151s\u00f6k \u00e9s a sz\u0171k csal\u00e1d egy\u00fctt szerepel ezen az 40x50 cm-es \u00fcvegfel\u00fcleten.  \nVan lehet\u0151s\u00e9g m\u00e1s m\u00e9retben k\u00e9rni!!\n30x40 cm:  29.900 ft\n40x50 cm:  39.900 ft\n50x70 cm:   49.900 ft\n Term\u00e9szetesen az \u00e1rak kerettel egy\u00fctt \u00e9rtend\u0151k.  ","price":"39900.00","unit":"db","recommended":"0","status":"1","sponsored":"0","exp_notify":"0","own_material":"0","own_material_description_old":null,"own_material_description":"","jury":"0","jury_number":"","product_nature":"","meskaracsony":"0","create_date":"2026-04-10 10:05:00","shelve_id":"68391","image":"peszlenmonika_product_390207_230613141626_275311.jpeg","image_width":"480","image_height":"360","image_alt":"Csal\u00e1dfa 2., \u00daj levelekkel \u00e9s sz\u00ednekkel  csal\u00e1dfa k\u00e9sz\u00fclt.Nagyon sz\u00e9p aj\u00e1nd\u00e9k sz\u00fclet\u00e9snapra, h\u00e1zass\u00e1gi \u00e9vfordul\u00f3r..., Meska","image_title":"Csal\u00e1dfa 2., Meska","view_count":"1257","favourite_count":"0","trending_score":"0","last2MonthFavouriteCount":"0","promotion":"0","giftcard_accept":"0","creditcard_accept":true,"enhanced_background":"0","domain":"meska","specific_customer_id":null,"specific_customer_name":null,"to_order_product":"1","to_order_product_time":"12","product_different":null,"product_different_description":"","vintage":"0","vintage_category_id":"0","recycled":"0","gemstone_id":"0","customizable":"0","type_category":"physical","zerowaste":"0","postage_price":"4500.00","shop_order":"0","has_category":"1","landing_pages":null,"microdata":{"number":9,"category":""},"title":"Csal\u00e1dfa 2.","description":"\u00daj levelekkel \u00e9s sz\u00ednekkel  csal\u00e1dfa k\u00e9sz\u00fclt.Nagyon sz\u00e9p aj\u00e1nd\u00e9k sz\u00fclet\u00e9snapra, h\u00e1zass\u00e1gi \u00e9vfordul\u00f3ra, n\u00e1szaj\u00e1nd\u00e9kba. A csal\u00e1dfa fel\u00e9p\u00edt\u00e9s\u00e9t tekintve t\u00f6bb fajt\u00e1ja ismert. Ez egy vegyes csal\u00e1dfa, ami saj\u00e1t tervez\u00e9s\u0171, egyedi elk\u00e9pzel\u00e9s alapj\u00e1n val\u00f3sult meg. A t\u00f6rzsb\u0151l el\u00e1gazva tal\u00e1ljuk  szintenk\u00e9nt az \u00f6sszetartoz\u00f3 csal\u00e1dtagokat.\nAz \u0151s\u00f6k \u00e9s a sz\u0171k csal\u00e1d egy\u00fctt szerepel ezen az 40x50 cm-es \u00fcvegfel\u00fcleten.  \nVan lehet\u0151s\u00e9g m\u00e1s m\u00e9retben k\u00e9rni!!\n30x40 cm:  29.900 ft\n40x50 cm:  39.900 ft\n50x70 cm:   49.900 ft\n Term\u00e9szetesen az \u00e1rak kerettel egy\u00fctt \u00e9rtend\u0151k.  ","score":0,"formatted_price":"39 900 Ft","image_url":"https:\/\/www.meska.hu\/img\/product\/small\/p\/e\/peszlenmonika_product_390207_230613141626_275311.jpeg","formatted_url":"https:\/\/www.meska.hu\/p4999836-csaladfa-2","favourite":false,"in_stock":false,"avatar":"peszlenmonika_avatar_390207_1623150181.jpg","delete_from":0,"is_enhanced_background":false,"is_enhanced":false,"product_selection_started":false,"is_active":true,"image_webp_url":"https:\/\/www.meska.hu\/img\/product\/small\/p\/e\/peszlenmonika_product_390207_230613141626_275311.webp"},{"id":"4645211","shop_id":"23695","user_id":"266663","shop_name":"spezso","shop_zip":"2143","product_code":"4858812","product_name_old":null,"product_name":"Csilli-villi t\u00fcnd\u00e9rk\u00e9k.  \/t\u00f6bb f\u00e9le\/ \u00dcvegre festett falik\u00e9p, \u00fcvegfestm\u00e9ny.","category_string":"M\u0171v\u00e9szet, Festm\u00e9ny, \u00dcvegfestm\u00e9ny","technic_string":"Fest\u00e9szet, \u00dcvegm\u0171v\u00e9szet","category_1":"357","category_2":"358","category_3":"1325","category_4":"0","merged_category_1":"0","merged_category_2":"0","merged_category_3":"785","technic_1":"480","technic_2":"505","technic_3":"0","color_1":"523","color_2":"526","color_3":"529","product_description_old":null,"product_description":"Kedves n\u00e9zel\u0151d\u0151, szerettel \u00fcdv\u00f6zl\u00f6m a virtu\u00e1lis boltomban.\n\nEzeket az \u00e9des t\u00fcnd\u00e9rk\u00e9k\u00e9k \u00e9ppen most k\u00e9sz\u00fcltek Kar\u00e1csonyi hangulatban.\nAz \u00fcnnephez m\u00e9lt\u00f3n ragyog\u00f3 csilli- villi sz\u00ednekben, egy k\u00fcl\u00f6nleges fest\u00e9si technik\u00e1val \u00fcvegfest\u00e9ssel. \nAj\u00e1nlom els\u0151sorban gyeremekeknek, de ak\u00e1r gyermeklelk\u0171 feln\u0151ttnek is.\nAz \u00fcvegfestm\u00e9ny egy igaz\u00e1n k\u00fcl\u00f6nleges \u00e9s maradand\u00f3 aj\u00e1nd\u00e9k lehet gyermek\u00e9nek, unok\u00e1j\u00e1nak, vagy b\u00e1rmely szerett\u00e9nek.\nA k\u00e9pek m\u00e9rete 26x35 cm. A k\u00e9p \u00e1r\u00e1ban a keret \u00e1ra is benne van.\nK\u00e9zzel festett k\u00e9zm\u0171ves term\u00e9k, egyedi \u00e9s szign\u00f3zott.\nEzek a k\u00e9pek k\u00e9szen vannak, ak\u00e1r azonnal is elvihet\u0151k.  Szem\u00e9lyes \u00e1tv\u00e9t is lehets\u00e9ges Budapest k\u00f6zel\u00e9ben Kistarcs\u00e1n, vagy Budapest \u00d6rs vez\u00e9r tere.\nEben a v\u00e1logat\u00e1svan van m\u00e9g t\u00f6bb m\u00e1s gyermekeknek sz\u00f3l\u00f3 k\u00e9p is, ha ideje engedi n\u00e9zze meg azokat is.\nK\u00f6sz\u00f6n\u00f6m, hogy ben\u00e9zett hozz\u00e1m, rem\u00e9lem, hogy megleli \u00e1lmai aj\u00e1nd\u00e9k\u00e1t. \u00dcdv. Spezso","price":"15888.00","unit":"db","recommended":"0","status":"1","sponsored":"0","exp_notify":"0","own_material":"0","own_material_description_old":null,"own_material_description":"","jury":"0","jury_number":"","product_nature":"","meskaracsony":"0","create_date":"2026-04-05 01:32:47","shelve_id":"65244","image":"spezso_product_266663_221224184211_754396.jpeg","image_width":"480","image_height":"640","image_alt":"Csilli-villi t\u00fcnd\u00e9rk\u00e9k.  \/t\u00f6bb f\u00e9le\/ \u00dcvegre festett falik\u00e9p, \u00fcvegfestm\u00e9ny., Kedves n\u00e9zel\u0151d\u0151, szerettel \u00fcdv\u00f6zl\u00f6m a virtu\u00e1lis boltomban.\\n\\nEzeket az \u00e9des t\u00fcnd\u00e9rk\u00e9k\u00e9k \u00e9ppen most k\u00e9..., Meska","image_title":"Csilli-villi t\u00fcnd\u00e9rk\u00e9k.  \/t\u00f6bb f\u00e9le\/ \u00dcvegre festett falik\u00e9p, \u00fcvegfestm\u00e9ny., Meska","view_count":"1572","favourite_count":"0","trending_score":"0","last2MonthFavouriteCount":"0","promotion":"0","giftcard_accept":"1","creditcard_accept":false,"enhanced_background":"0","domain":"meska","specific_customer_id":null,"specific_customer_name":null,"to_order_product":"0","to_order_product_time":"0","product_different":null,"product_different_description":"","vintage":"0","vintage_category_id":"0","recycled":"0","gemstone_id":"0","customizable":"0","type_category":"physical","zerowaste":"0","postage_price":"0.00","shop_order":"0","has_category":"1","landing_pages":null,"microdata":{"number":10,"category":""},"title":"Csilli-villi t\u00fcnd\u00e9rk\u00e9k.  \/t\u00f6bb f\u00e9le\/ \u00dcvegre festett falik\u00e9p, \u00fcvegfestm\u00e9ny.","description":"Kedves n\u00e9zel\u0151d\u0151, szerettel \u00fcdv\u00f6zl\u00f6m a virtu\u00e1lis boltomban.\n\nEzeket az \u00e9des t\u00fcnd\u00e9rk\u00e9k\u00e9k \u00e9ppen most k\u00e9sz\u00fcltek Kar\u00e1csonyi hangulatban.\nAz \u00fcnnephez m\u00e9lt\u00f3n ragyog\u00f3 csilli- villi sz\u00ednekben, egy k\u00fcl\u00f6nleges fest\u00e9si technik\u00e1val \u00fcvegfest\u00e9ssel. \nAj\u00e1nlom els\u0151sorban gyeremekeknek, de ak\u00e1r gyermeklelk\u0171 feln\u0151ttnek is.\nAz \u00fcvegfestm\u00e9ny egy igaz\u00e1n k\u00fcl\u00f6nleges \u00e9s maradand\u00f3 aj\u00e1nd\u00e9k lehet gyermek\u00e9nek, unok\u00e1j\u00e1nak, vagy b\u00e1rmely szerett\u00e9nek.\nA k\u00e9pek m\u00e9rete 26x35 cm. A k\u00e9p \u00e1r\u00e1ban a keret \u00e1ra is benne van.\nK\u00e9zzel festett k\u00e9zm\u0171ves term\u00e9k, egyedi \u00e9s szign\u00f3zott.\nEzek a k\u00e9pek k\u00e9szen vannak, ak\u00e1r azonnal is elvihet\u0151k.  Szem\u00e9lyes \u00e1tv\u00e9t is lehets\u00e9ges Budapest k\u00f6zel\u00e9ben Kistarcs\u00e1n, vagy Budapest \u00d6rs vez\u00e9r tere.\nEben a v\u00e1logat\u00e1svan van m\u00e9g t\u00f6bb m\u00e1s gyermekeknek sz\u00f3l\u00f3 k\u00e9p is, ha ideje engedi n\u00e9zze meg azokat is.\nK\u00f6sz\u00f6n\u00f6m, hogy ben\u00e9zett hozz\u00e1m, rem\u00e9lem, hogy megleli \u00e1lmai aj\u00e1nd\u00e9k\u00e1t. \u00dcdv. Spezso","score":0,"formatted_price":"15 888 Ft","image_url":"https:\/\/www.meska.hu\/img\/product\/small\/s\/p\/spezso_product_266663_221224184211_754396.jpeg","formatted_url":"https:\/\/www.meska.hu\/p4858812-csilli-villi-tunderkek-tobb-fele-uvegre-festett-falikep-uvegfestmeny","favourite":false,"in_stock":true,"avatar":"spezso_avatar_266663_1587803542.jpg","delete_from":0,"is_enhanced_background":false,"is_enhanced":false,"product_selection_started":false,"is_active":true,"image_webp_url":"https:\/\/www.meska.hu\/img\/product\/small\/s\/p\/spezso_product_266663_221224184211_754396.webp"},{"id":"3471493","shop_id":"33745","user_id":"390207","shop_name":"peszlenmonika","shop_zip":"9300","product_code":"4176705","product_name_old":null,"product_name":"P\u00e1va","category_string":"M\u0171v\u00e9szet, Festm\u00e9ny, \u00dcvegfestm\u00e9ny","technic_string":"\u00dcvegm\u0171v\u00e9szet","category_1":"357","category_2":"358","category_3":"1325","category_4":"0","merged_category_1":null,"merged_category_2":null,"merged_category_3":null,"technic_1":"505","technic_2":"0","technic_3":"0","color_1":"512","color_2":"521","color_3":"528","product_description_old":null,"product_description":"A p\u00e1va sz\u00ednes tollazat\u00fa, d\u00edszmad\u00e1r. K\u00e9pem ennek t\u00fckr\u00e9ben k\u00e9sz\u00fclt a k\u00e9k, t\u00fcrkiz \u00e9s z\u00f6ld tollakat, csill\u00e1mos fest\u00e9kkel tettem izgalmass\u00e1. Az arany \u00e9s feh\u00e9r kiemeli a p\u00e1vaszemeket.\nM\u00e9rete:25x50 cm. \nAz \u00e1r tartalmazza a festm\u00e9nyhez ill\u0151, egyedi fa keretet.","price":"27000.00","unit":"db","recommended":"0","status":"1","sponsored":"0","exp_notify":"0","own_material":"0","own_material_description_old":null,"own_material_description":"","jury":"0","jury_number":"","product_nature":"","meskaracsony":"0","create_date":"2026-04-04 11:29:33","shelve_id":"0","image":"peszlenmonika_product_390207_210611104956_385619.jpeg","image_width":"480","image_height":"640","image_alt":"P\u00e1va, A p\u00e1va sz\u00ednes tollazat\u00fa, d\u00edszmad\u00e1r. K\u00e9pem ennek t\u00fckr\u00e9ben k\u00e9sz\u00fclt a k\u00e9k, t\u00fcrkiz \u00e9s z\u00f6ld tollakat, csi..., Meska","image_title":"P\u00e1va, Meska","view_count":"2155","favourite_count":"0","trending_score":"0","last2MonthFavouriteCount":"0","promotion":"0","giftcard_accept":"0","creditcard_accept":true,"enhanced_background":"0","domain":"meska","specific_customer_id":null,"specific_customer_name":null,"to_order_product":"0","to_order_product_time":"0","product_different":null,"product_different_description":"","vintage":"0","vintage_category_id":"0","recycled":"0","gemstone_id":"0","customizable":"0","type_category":"physical","zerowaste":"0","postage_price":"1290.00","shop_order":"0","has_category":"1","landing_pages":null,"microdata":{"number":11,"category":""},"title":"P\u00e1va","description":"A p\u00e1va sz\u00ednes tollazat\u00fa, d\u00edszmad\u00e1r. K\u00e9pem ennek t\u00fckr\u00e9ben k\u00e9sz\u00fclt a k\u00e9k, t\u00fcrkiz \u00e9s z\u00f6ld tollakat, csill\u00e1mos fest\u00e9kkel tettem izgalmass\u00e1. Az arany \u00e9s feh\u00e9r kiemeli a p\u00e1vaszemeket.\nM\u00e9rete:25x50 cm. \nAz \u00e1r tartalmazza a festm\u00e9nyhez ill\u0151, egyedi fa keretet.","score":0,"formatted_price":"27 000 Ft","image_url":"https:\/\/www.meska.hu\/img\/product\/small\/p\/e\/peszlenmonika_product_390207_210611104956_385619.jpeg","formatted_url":"https:\/\/www.meska.hu\/p4176705-pava","favourite":false,"in_stock":true,"avatar":"peszlenmonika_avatar_390207_1623150181.jpg","delete_from":0,"is_enhanced_background":false,"is_enhanced":false,"product_selection_started":false,"is_active":true,"image_webp_url":"https:\/\/www.meska.hu\/img\/product\/small\/p\/e\/peszlenmonika_product_390207_210611104956_385619.webp"},{"id":"4508126","shop_id":"33745","user_id":"390207","shop_name":"peszlenmonika","shop_zip":"9300","product_code":"4784512","product_name_old":null,"product_name":"Csal\u00e1dfa","category_string":"M\u0171v\u00e9szet, Festm\u00e9ny, \u00dcvegfestm\u00e9ny","technic_string":"Fest\u00e9szet, \u00dcvegm\u0171v\u00e9szet","category_1":"357","category_2":"358","category_3":"1325","category_4":"0","merged_category_1":null,"merged_category_2":null,"merged_category_3":null,"technic_1":"480","technic_2":"505","technic_3":"0","color_1":"512","color_2":"514","color_3":"529","product_description_old":null,"product_description":"Nagyon sz\u00e9p aj\u00e1nd\u00e9k sz\u00fclet\u00e9snapra, h\u00e1zass\u00e1gi \u00e9vfordul\u00f3ra, n\u00e1szaj\u00e1nd\u00e9kba. A csal\u00e1dfa fel\u00e9p\u00edt\u00e9s\u00e9t tekintve t\u00f6bb fajt\u00e1ja ismert. Ez egy vegyes csal\u00e1dfa, ami saj\u00e1t tervez\u00e9s\u0171, egyedi elk\u00e9pzel\u00e9s alapj\u00e1n val\u00f3sult meg. A t\u00f6rzsb\u0151l el\u00e1gazva az als\u00f3 \u00e1gon a nagysz\u00fcl\u0151k, felette a sz\u00fcl\u0151k tal\u00e1lhat\u00f3k. A harmadik \u00e1gon \u00e9n \u00e9s p\u00e1rom ill. testv\u00e9reink \u00e9s f\u00e9rjeik helyezkednek el. A legfels\u0151 \u00e1g a gyermekek nev\u00e9vel v\u00e9gz\u0151dik.\nAz \u0151s\u00f6k \u00e9s a sz\u0171k csal\u00e1d egy\u00fctt szerepel ezen az 30x40 cm-es \u00fcvegfel\u00fcleten. A k\u00e9p \u00e1ra fekete fa kerettel egy\u00fctt \u00e9rtend\u0151.\nA nevek kont\u00far fest\u00e9kkel k\u00e9sz\u00fcltek.\n\nVan lehet\u0151s\u00e9g m\u00e1s m\u00e9retben k\u00e9rni!!\n30x40 cm:  29.900 ft\n40x50 cm:  39.900 ft\n50x70 cm:   49.900 ft\n Term\u00e9szetesen az \u00e1rak kerettel egy\u00fctt \u00e9rtend\u0151k.                        ","price":"29900.00","unit":"db","recommended":"0","status":"1","sponsored":"0","exp_notify":"0","own_material":"0","own_material_description_old":null,"own_material_description":"","jury":"0","jury_number":"","product_nature":"","meskaracsony":"0","create_date":"2026-04-03 10:25:42","shelve_id":"68391","image":"peszlenmonika_product_390207_220926132845_486369.jpeg","image_width":"480","image_height":"360","image_alt":"Csal\u00e1dfa, Nagyon sz\u00e9p aj\u00e1nd\u00e9k sz\u00fclet\u00e9snapra, h\u00e1zass\u00e1gi \u00e9vfordul\u00f3ra, n\u00e1szaj\u00e1nd\u00e9kba. A csal\u00e1dfa fel\u00e9p\u00edt\u00e9s\u00e9t teki..., Meska","image_title":"Csal\u00e1dfa, Meska","view_count":"2408","favourite_count":"0","trending_score":"0","last2MonthFavouriteCount":"0","promotion":"0","giftcard_accept":"0","creditcard_accept":true,"enhanced_background":"0","domain":"meska","specific_customer_id":null,"specific_customer_name":null,"to_order_product":"1","to_order_product_time":"10","product_different":null,"product_different_description":"","vintage":"0","vintage_category_id":"0","recycled":"0","gemstone_id":"0","customizable":"1","type_category":"physical","zerowaste":"0","postage_price":"1290.00","shop_order":"0","has_category":"1","landing_pages":null,"microdata":{"number":12,"category":""},"title":"Csal\u00e1dfa","description":"Nagyon sz\u00e9p aj\u00e1nd\u00e9k sz\u00fclet\u00e9snapra, h\u00e1zass\u00e1gi \u00e9vfordul\u00f3ra, n\u00e1szaj\u00e1nd\u00e9kba. A csal\u00e1dfa fel\u00e9p\u00edt\u00e9s\u00e9t tekintve t\u00f6bb fajt\u00e1ja ismert. Ez egy vegyes csal\u00e1dfa, ami saj\u00e1t tervez\u00e9s\u0171, egyedi elk\u00e9pzel\u00e9s alapj\u00e1n val\u00f3sult meg. A t\u00f6rzsb\u0151l el\u00e1gazva az als\u00f3 \u00e1gon a nagysz\u00fcl\u0151k, felette a sz\u00fcl\u0151k tal\u00e1lhat\u00f3k. A harmadik \u00e1gon \u00e9n \u00e9s p\u00e1rom ill. testv\u00e9reink \u00e9s f\u00e9rjeik helyezkednek el. A legfels\u0151 \u00e1g a gyermekek nev\u00e9vel v\u00e9gz\u0151dik.\nAz \u0151s\u00f6k \u00e9s a sz\u0171k csal\u00e1d egy\u00fctt szerepel ezen az 30x40 cm-es \u00fcvegfel\u00fcleten. A k\u00e9p \u00e1ra fekete fa kerettel egy\u00fctt \u00e9rtend\u0151.\nA nevek kont\u00far fest\u00e9kkel k\u00e9sz\u00fcltek.\n\nVan lehet\u0151s\u00e9g m\u00e1s m\u00e9retben k\u00e9rni!!\n30x40 cm:  29.900 ft\n40x50 cm:  39.900 ft\n50x70 cm:   49.900 ft\n Term\u00e9szetesen az \u00e1rak kerettel egy\u00fctt \u00e9rtend\u0151k.                        ","score":0,"formatted_price":"29 900 Ft","image_url":"https:\/\/www.meska.hu\/img\/product\/small\/p\/e\/peszlenmonika_product_390207_220926132845_486369.jpeg","formatted_url":"https:\/\/www.meska.hu\/p4784512-csaladfa","favourite":false,"in_stock":false,"avatar":"peszlenmonika_avatar_390207_1623150181.jpg","delete_from":0,"is_enhanced_background":false,"is_enhanced":false,"product_selection_started":false,"is_active":true,"image_webp_url":"https:\/\/www.meska.hu\/img\/product\/small\/p\/e\/peszlenmonika_product_390207_220926132845_486369.webp"},{"id":"3343033","shop_id":"8093","user_id":"37147","shop_name":"KorinArt","shop_zip":"2440","product_code":"4725840","product_name_old":null,"product_name":"\"\u00d6nmagunk megismer\u00e9se...\" - \u00dcvegfestm\u00e9ny, \u00dcvegk\u00e9p, id\u00e9zetes k\u00e9p","category_string":"M\u0171v\u00e9szet, Festm\u00e9ny, \u00dcvegfestm\u00e9ny","technic_string":"Festett t\u00e1rgyak, \u00dcvegm\u0171v\u00e9szet","category_1":"357","category_2":"358","category_3":"1325","category_4":"0","merged_category_1":null,"merged_category_2":null,"merged_category_3":null,"technic_1":"481","technic_2":"505","technic_3":"0","color_1":"514","color_2":"568","color_3":"529","product_description_old":null,"product_description":"\u00dcvegre festett, r\u00e9zf\u00f3li\u00e1val keretezett \u00fcvegfestm\u00e9ny, \u00fcvegk\u00e9p. R\u00e9z vagy antikolt kerettel.\nAblakba bel\u00f3gatva vagy falik\u00e9pnek haszn\u00e1lhatod, illetve kedves, egyedi aj\u00e1nd\u00e9k lehet annak, aki k\u00f6zel \u00e1ll hozz\u00e1d. Sz\u00e9tn\u00e9zhetsz m\u00e9g aj\u00e1nd\u00e9k\u00f6tleteink k\u00f6z\u00f6tt!\nAz \u00fcvegfestm\u00e9nyeinket \u00edzl\u00e9sesen \u00f6sszev\u00e1logatva, ak\u00e1r 3-4-5 vagy t\u00f6bb k\u00e9ppel k\u00e9pcsoportot hozhatsz l\u00e9tre. Szob\u00e1dhoz illeszked\u0151, egyedi modern falik\u00e9pekkel alkothatod meg, saj\u00e1t elk\u00e9pzel\u00e9sednek megfelel\u0151en a lak\u00e1sdekor\u00e1ci\u00f3dat, hiszen a lakberendez\u00e9s elengedhetetlen r\u00e9sze a fali dekor\u00e1ci\u00f3.\nAblakdekor\u00e1ci\u00f3: f\u00fcgg\u00f6ny csipeszre, damilt vagy er\u0151sebb feh\u00e9r c\u00e9rn\u00e1t lehet k\u00f6tni \u00e9s k\u00fcl\u00f6nb\u00f6z\u0151 hossz\u00fas\u00e1gban a feh\u00e9r f\u00fcgg\u00f6ny el\u00e9 be lehet l\u00f3gatni az \u00fcvegk\u00e9pet. K\u00fcl\u00f6nleges hat\u00e1sa van a sz\u00edneknek, ahogy \u00e1tj\u00f6n rajta a term\u00e9szetes f\u00e9ny.\nMinden munk\u00e1nk k\u00e9zimunka, ez\u00e9rt sz\u00edn\u00e1rnyalatban elt\u00e9r\u00e9sek lehetnek.\nNagyon j\u00f3 min\u0151s\u00e9g\u0171 \u00fcvegfest\u00e9kkel dolgozunk, \u00edgy az \u00fcvegfestm\u00e9nyek sz\u00edn\u00e9l\u00e9nks\u00e9ge belt\u00e9ri haszn\u00e1latn\u00e1l hossz\u00fa t\u00e1von megmarad. K\u00fclt\u00e9rre is tehet\u0151, ha nem \u00e9ri folyamatos, er\u0151s uv sug\u00e1rz\u00e1s.\nHa nincs k\u00e9szleten \u00e9ppen, amit szeretn\u00e9l 6 napot sz\u00e1molj az elk\u00e9sz\u00edt\u00e9s\u00e9re. Azonban, ha nagyon s\u00fcrg\u0151s \u00edrj, ha tudjuk el\u0151re vessz\u00fck a megrendel\u00e9sedet.\nVisszav\u00e1s\u00e1rl\u00e1si garancia:\nHa k\u00e9zhezv\u00e9telkor nem tetszik, amit v\u00e1s\u00e1rolt\u00e1l, 14 napon bel\u00fcl k\u00fcld vissza \u00e9s mi visszat\u00e9r\u00edtj\u00fck az \u00e1r\u00e1t s\u00e9rt\u0151d\u00e9s \u00e9s vita n\u00e9lk\u00fcl!\n\u2022 \u00dcvegvastags\u00e1g: 3 mm ( er\u0151s, nem t\u00f6rik k\u00f6nnyen )\n\u2022 \u00dcveg : sima \u00e1ttetsz\u0151 vagy savmaratott\n\u2022 \u00dcvegfest\u00e9k: j\u00f3 min\u0151s\u00e9g\u0171, kiv\u00e1l\u00f3 sz\u00edntart\u00f3s\u00e1g\u00fa, belt\u00e9rre aj\u00e1nlott.\n\u2022 Tiszt\u00edt\u00e1sa: szappanos v\u00edzzel vagy \u00fcvegtiszt\u00edt\u00f3val.\n\u2022 Garancia: t\u00f6r\u00e9s k\u00edv\u00e9tel\u00e9vel 10 \u00e9v\npost\u00e1z\u00e1sn\u00e1l a t\u00f6r\u00e9sre is garanci\u00e1t v\u00e1llalunk.","price":"7500.00","unit":"db","recommended":"0","status":"1","sponsored":"0","exp_notify":"0","own_material":"0","own_material_description_old":null,"own_material_description":"","jury":"0","jury_number":"","product_nature":"","meskaracsony":"0","create_date":"2026-04-01 09:13:20","shelve_id":"43920","image":"korinart_product_37147_220405131634_22853.jpeg","image_width":"480","image_height":"451","image_alt":"\\\"\u00d6nmagunk megismer\u00e9se...\\\" - \u00dcvegfestm\u00e9ny, \u00dcvegk\u00e9p, id\u00e9zetes k\u00e9p, \u00dcvegre festett, r\u00e9zf\u00f3li\u00e1val keretezett \u00fcvegfestm\u00e9ny, \u00fcvegk\u00e9p. R\u00e9z vagy antikolt kerettel.\\nAblakba be..., Meska","image_title":"\\\"\u00d6nmagunk megismer\u00e9se...\\\" - \u00dcvegfestm\u00e9ny, \u00dcvegk\u00e9p, id\u00e9zetes k\u00e9p, Meska","view_count":"1245","favourite_count":"0","trending_score":"0","last2MonthFavouriteCount":"0","promotion":"0","giftcard_accept":"1","creditcard_accept":false,"enhanced_background":"0","domain":"meska","specific_customer_id":null,"specific_customer_name":null,"to_order_product":"1","to_order_product_time":"6","product_different":"quite_different","product_different_description":"Sz\u00edn\u00e1rnyalatokban elt\u00e9r\u00e9s lehets\u00e9ges. A megrendel\u0151 k\u00e9r\u00e9s\u00e9re m\u00e1s sz\u00ednben is megfestem.","vintage":"0","vintage_category_id":"0","recycled":"0","gemstone_id":"0","customizable":"0","type_category":"physical","zerowaste":"0","postage_price":"2100.00","shop_order":"1","has_category":"1","landing_pages":null,"microdata":{"number":13,"category":""},"title":"\"\u00d6nmagunk megismer\u00e9se...\" - \u00dcvegfestm\u00e9ny, \u00dcvegk\u00e9p, id\u00e9zetes k\u00e9p","description":"\u00dcvegre festett, r\u00e9zf\u00f3li\u00e1val keretezett \u00fcvegfestm\u00e9ny, \u00fcvegk\u00e9p. R\u00e9z vagy antikolt kerettel.\nAblakba bel\u00f3gatva vagy falik\u00e9pnek haszn\u00e1lhatod, illetve kedves, egyedi aj\u00e1nd\u00e9k lehet annak, aki k\u00f6zel \u00e1ll hozz\u00e1d. Sz\u00e9tn\u00e9zhetsz m\u00e9g aj\u00e1nd\u00e9k\u00f6tleteink k\u00f6z\u00f6tt!\nAz \u00fcvegfestm\u00e9nyeinket \u00edzl\u00e9sesen \u00f6sszev\u00e1logatva, ak\u00e1r 3-4-5 vagy t\u00f6bb k\u00e9ppel k\u00e9pcsoportot hozhatsz l\u00e9tre. Szob\u00e1dhoz illeszked\u0151, egyedi modern falik\u00e9pekkel alkothatod meg, saj\u00e1t elk\u00e9pzel\u00e9sednek megfelel\u0151en a lak\u00e1sdekor\u00e1ci\u00f3dat, hiszen a lakberendez\u00e9s elengedhetetlen r\u00e9sze a fali dekor\u00e1ci\u00f3.\nAblakdekor\u00e1ci\u00f3: f\u00fcgg\u00f6ny csipeszre, damilt vagy er\u0151sebb feh\u00e9r c\u00e9rn\u00e1t lehet k\u00f6tni \u00e9s k\u00fcl\u00f6nb\u00f6z\u0151 hossz\u00fas\u00e1gban a feh\u00e9r f\u00fcgg\u00f6ny el\u00e9 be lehet l\u00f3gatni az \u00fcvegk\u00e9pet. K\u00fcl\u00f6nleges hat\u00e1sa van a sz\u00edneknek, ahogy \u00e1tj\u00f6n rajta a term\u00e9szetes f\u00e9ny.\nMinden munk\u00e1nk k\u00e9zimunka, ez\u00e9rt sz\u00edn\u00e1rnyalatban elt\u00e9r\u00e9sek lehetnek.\nNagyon j\u00f3 min\u0151s\u00e9g\u0171 \u00fcvegfest\u00e9kkel dolgozunk, \u00edgy az \u00fcvegfestm\u00e9nyek sz\u00edn\u00e9l\u00e9nks\u00e9ge belt\u00e9ri haszn\u00e1latn\u00e1l hossz\u00fa t\u00e1von megmarad. K\u00fclt\u00e9rre is tehet\u0151, ha nem \u00e9ri folyamatos, er\u0151s uv sug\u00e1rz\u00e1s.\nHa nincs k\u00e9szleten \u00e9ppen, amit szeretn\u00e9l 6 napot sz\u00e1molj az elk\u00e9sz\u00edt\u00e9s\u00e9re. Azonban, ha nagyon s\u00fcrg\u0151s \u00edrj, ha tudjuk el\u0151re vessz\u00fck a megrendel\u00e9sedet.\nVisszav\u00e1s\u00e1rl\u00e1si garancia:\nHa k\u00e9zhezv\u00e9telkor nem tetszik, amit v\u00e1s\u00e1rolt\u00e1l, 14 napon bel\u00fcl k\u00fcld vissza \u00e9s mi visszat\u00e9r\u00edtj\u00fck az \u00e1r\u00e1t s\u00e9rt\u0151d\u00e9s \u00e9s vita n\u00e9lk\u00fcl!\n\u2022 \u00dcvegvastags\u00e1g: 3 mm ( er\u0151s, nem t\u00f6rik k\u00f6nnyen )\n\u2022 \u00dcveg : sima \u00e1ttetsz\u0151 vagy savmaratott\n\u2022 \u00dcvegfest\u00e9k: j\u00f3 min\u0151s\u00e9g\u0171, kiv\u00e1l\u00f3 sz\u00edntart\u00f3s\u00e1g\u00fa, belt\u00e9rre aj\u00e1nlott.\n\u2022 Tiszt\u00edt\u00e1sa: szappanos v\u00edzzel vagy \u00fcvegtiszt\u00edt\u00f3val.\n\u2022 Garancia: t\u00f6r\u00e9s k\u00edv\u00e9tel\u00e9vel 10 \u00e9v\npost\u00e1z\u00e1sn\u00e1l a t\u00f6r\u00e9sre is garanci\u00e1t v\u00e1llalunk.","score":0,"formatted_price":"7 500 Ft","image_url":"https:\/\/www.meska.hu\/img\/product\/small\/k\/o\/korinart_product_37147_220405131634_22853.jpeg","formatted_url":"https:\/\/www.meska.hu\/p4725840-onmagunk-megismerese-uvegfestmeny-uvegkep-idezetes-kep","favourite":false,"in_stock":false,"avatar":"India_avatar_37147.jpg","delete_from":0,"is_enhanced_background":false,"is_enhanced":false,"product_selection_started":false,"is_active":true,"image_webp_url":"https:\/\/www.meska.hu\/img\/product\/small\/k\/o\/korinart_product_37147_220405131634_22853.webp"},{"id":"4870384","shop_id":"33745","user_id":"390207","shop_name":"peszlenmonika","shop_zip":"9300","product_code":"4999831","product_name_old":null,"product_name":"K\u00f6sz\u00f6net fa","category_string":"M\u0171v\u00e9szet, Festm\u00e9ny, \u00dcvegfestm\u00e9ny","technic_string":"\u00dcvegm\u0171v\u00e9szet","category_1":"357","category_2":"358","category_3":"1325","category_4":"0","merged_category_1":null,"merged_category_2":null,"merged_category_3":null,"technic_1":"505","technic_2":"0","technic_3":"0","color_1":"514","color_2":"524","color_3":"529","product_description_old":null,"product_description":"A csal\u00e1dfa mint\u00e1j\u00e1ra k\u00e9sz\u00fclt ez a k\u00f6sz\u00f6n\u00f6m fa. Egy d\u00edszes level\u0171, rezes csillog\u00e1s\u00fa lombozatban megb\u00fajnak a  neveket  tartalmaz\u00f3 t\u00e1bl\u00e1csk\u00e1k. A nevek kont\u00farral k\u00e9sz\u00fclnek.\nM\u00e9rete: 21x30 cm\nHa t\u00f6bb nevet szeretne elhelyezni a tekerg\u0151 fa lombja k\u00f6z\u00f6tt, akkor lehet\u0151s\u00e9g van nagyobb m\u00e9retben rendelni. \n30x 40 cm-es alkot\u00e1s \u00e1ra:25000 ft.\nA keret v\u00e1ltozhat. ","price":"14000.00","unit":"db","recommended":"0","status":"1","sponsored":"0","exp_notify":"0","own_material":"0","own_material_description_old":null,"own_material_description":"","jury":"0","jury_number":"","product_nature":"","meskaracsony":"0","create_date":"2026-04-01 08:01:45","shelve_id":"0","image":"peszlenmonika_product_390207_230613134945_375297.jpeg","image_width":"480","image_height":"640","image_alt":"K\u00f6sz\u00f6net fa, A csal\u00e1dfa mint\u00e1j\u00e1ra k\u00e9sz\u00fclt ez a k\u00f6sz\u00f6n\u00f6m fa. Egy d\u00edszes level\u0171, rezes csillog\u00e1s\u00fa lombozatban megb\u00fa..., Meska","image_title":"K\u00f6sz\u00f6net fa, Meska","view_count":"1019","favourite_count":"1","trending_score":"0","last2MonthFavouriteCount":"1","promotion":"0","giftcard_accept":"0","creditcard_accept":true,"enhanced_background":"0","domain":"meska","specific_customer_id":null,"specific_customer_name":null,"to_order_product":"1","to_order_product_time":"5","product_different":null,"product_different_description":"","vintage":"0","vintage_category_id":"0","recycled":"0","gemstone_id":"0","customizable":"0","type_category":"physical","zerowaste":"0","postage_price":"1290.00","shop_order":"0","has_category":"1","landing_pages":null,"microdata":{"number":14,"category":""},"title":"K\u00f6sz\u00f6net fa","description":"A csal\u00e1dfa mint\u00e1j\u00e1ra k\u00e9sz\u00fclt ez a k\u00f6sz\u00f6n\u00f6m fa. Egy d\u00edszes level\u0171, rezes csillog\u00e1s\u00fa lombozatban megb\u00fajnak a  neveket  tartalmaz\u00f3 t\u00e1bl\u00e1csk\u00e1k. A nevek kont\u00farral k\u00e9sz\u00fclnek.\nM\u00e9rete: 21x30 cm\nHa t\u00f6bb nevet szeretne elhelyezni a tekerg\u0151 fa lombja k\u00f6z\u00f6tt, akkor lehet\u0151s\u00e9g van nagyobb m\u00e9retben rendelni. \n30x 40 cm-es alkot\u00e1s \u00e1ra:25000 ft.\nA keret v\u00e1ltozhat. ","score":0,"formatted_price":"14 000 Ft","image_url":"https:\/\/www.meska.hu\/img\/product\/small\/p\/e\/peszlenmonika_product_390207_230613134945_375297.jpeg","formatted_url":"https:\/\/www.meska.hu\/p4999831-koszonet-fa","favourite":false,"in_stock":false,"avatar":"peszlenmonika_avatar_390207_1623150181.jpg","delete_from":0,"is_enhanced_background":false,"is_enhanced":false,"product_selection_started":false,"is_active":true,"image_webp_url":"https:\/\/www.meska.hu\/img\/product\/small\/p\/e\/peszlenmonika_product_390207_230613134945_375297.webp"},{"id":"1750739","shop_id":"8093","user_id":"37147","shop_name":"KorinArt","shop_zip":"2440","product_code":"4687609","product_name_old":null,"product_name":"N\u00e9pies \u00e9letfa madarakkal - \u00dcvegk\u00e9p","category_string":"M\u0171v\u00e9szet, Festm\u00e9ny, \u00dcvegfestm\u00e9ny","technic_string":"Festett t\u00e1rgyak, \u00dcvegm\u0171v\u00e9szet","category_1":"357","category_2":"358","category_3":"1325","category_4":"0","merged_category_1":null,"merged_category_2":null,"merged_category_3":null,"technic_1":"481","technic_2":"505","technic_3":"0","color_1":"514","color_2":"529","color_3":"0","product_description_old":null,"product_description":"\u00dcvegre festett, r\u00e9zf\u00f3li\u00e1val keretezett k\u00e9p.\nSavmart \u00fcvegre festve + 200 Ft\n\nNavratil Zsuzsa grafik\u00e1ja ihlette.\n\nAblakba bel\u00f3gatva vagy fali dekor\u00e1ci\u00f3k\u00e9n haszn\u00e1lhatod illetve kedves, egyedi aj\u00e1nd\u00e9k lehet.\n\nM\u00e9rete: 7,5 cm x 23,5 cm\n\nSzem\u00e9lyesen \u00e1tvehet\u0151, el\u0151re egyeztetett id\u0151pontban: Budapesten \u00e9s Sz\u00e1zhalombatt\u00e1n ","price":"7500.00","unit":"db","recommended":"0","status":"1","sponsored":"0","exp_notify":"0","own_material":"0","own_material_description_old":null,"own_material_description":"","jury":"0","jury_number":"","product_nature":"","meskaracsony":"0","create_date":"2026-03-30 10:44:01","shelve_id":"43016","image":"korinart_product_37147_221109125855_197924.jpeg","image_width":"480","image_height":"480","image_alt":"N\u00e9pies \u00e9letfa madarakkal - \u00dcvegk\u00e9p, \u00dcvegre festett, r\u00e9zf\u00f3li\u00e1val keretezett k\u00e9p.\\nSavmart \u00fcvegre festve + 200 Ft\\n\\nNavratil Zsuzsa grafik\u00e1j..., Meska","image_title":"N\u00e9pies \u00e9letfa madarakkal - \u00dcvegk\u00e9p, Meska","view_count":"1219","favourite_count":"0","trending_score":"0","last2MonthFavouriteCount":"0","promotion":"0","giftcard_accept":"1","creditcard_accept":false,"enhanced_background":"0","domain":"meska","specific_customer_id":null,"specific_customer_name":null,"to_order_product":"1","to_order_product_time":"6","product_different":"quite_different","product_different_description":"Sz\u00ednben elt\u00e9r\u00e9s lehets\u00e9ges. A megrendel\u0151 k\u00e9r\u00e9s\u00e9re m\u00e1s sz\u00ednben is megfestem.","vintage":"0","vintage_category_id":"0","recycled":"0","gemstone_id":"0","customizable":"0","type_category":"physical","zerowaste":"0","postage_price":"2100.00","shop_order":"1","has_category":"1","landing_pages":null,"microdata":{"number":15,"category":""},"title":"N\u00e9pies \u00e9letfa madarakkal - \u00dcvegk\u00e9p","description":"\u00dcvegre festett, r\u00e9zf\u00f3li\u00e1val keretezett k\u00e9p.\nSavmart \u00fcvegre festve + 200 Ft\n\nNavratil Zsuzsa grafik\u00e1ja ihlette.\n\nAblakba bel\u00f3gatva vagy fali dekor\u00e1ci\u00f3k\u00e9n haszn\u00e1lhatod illetve kedves, egyedi aj\u00e1nd\u00e9k lehet.\n\nM\u00e9rete: 7,5 cm x 23,5 cm\n\nSzem\u00e9lyesen \u00e1tvehet\u0151, el\u0151re egyeztetett id\u0151pontban: Budapesten \u00e9s Sz\u00e1zhalombatt\u00e1n ","score":0,"formatted_price":"7 500 Ft","image_url":"https:\/\/www.meska.hu\/img\/product\/small\/k\/o\/korinart_product_37147_221109125855_197924.jpeg","formatted_url":"https:\/\/www.meska.hu\/p4687609-nepies-eletfa-madarakkal-uvegkep","favourite":false,"in_stock":false,"avatar":"India_avatar_37147.jpg","delete_from":0,"is_enhanced_background":false,"is_enhanced":false,"product_selection_started":false,"is_active":true,"image_webp_url":"https:\/\/www.meska.hu\/img\/product\/small\/k\/o\/korinart_product_37147_221109125855_197924.webp"},{"id":"3507930","shop_id":"36025","user_id":"476354","shop_name":"TernovicsErika","shop_zip":"4432","product_code":"4432648","product_name_old":null,"product_name":"\u00dcveg festm\u00e9ny d\u00edszt\u00e1rgy t\u00e1l ","category_string":"M\u0171v\u00e9szet, Festm\u00e9ny, \u00dcvegfestm\u00e9ny","technic_string":"Fest\u00e9szet, \u00dcvegm\u0171v\u00e9szet","category_1":"357","category_2":"358","category_3":"1325","category_4":"0","merged_category_1":"0","merged_category_2":"0","merged_category_3":"785","technic_1":"480","technic_2":"505","technic_3":"0","color_1":"513","color_2":"532","color_3":"534","product_description_old":null,"product_description":"\u00dcveg festm\u00e9ny , l\u00e1bakra helyezve asztald\u00edsz , \u00fcveg t\u00e1l , t\u00e1rolni is lehet rajta. \u00c1ll\u00edtva fa l\u00e1bakon is tarthat\u00f3, 25cm , sz\u00e9p \u00e1ttetsz\u0151 d\u00edsze lehet otthon\u00e1nak . Aj\u00e1nd\u00e9kba adhat\u00f3 h\u00f6lgynek . ","price":"4000.00","unit":"db","recommended":"0","status":"1","sponsored":"0","exp_notify":"0","own_material":"0","own_material_description_old":null,"own_material_description":"","jury":"0","jury_number":"","product_nature":"","meskaracsony":"0","create_date":"2026-03-30 02:52:06","shelve_id":"0","image":"ternovicserika_product_476354_211223062243_254328.jpeg","image_width":"480","image_height":"640","image_alt":"\u00dcveg festm\u00e9ny d\u00edszt\u00e1rgy t\u00e1l , \u00dcveg festm\u00e9ny , l\u00e1bakra helyezve asztald\u00edsz , \u00fcveg t\u00e1l , t\u00e1rolni is lehet rajta. \u00c1ll\u00edtva fa l\u00e1bakon ..., Meska","image_title":"\u00dcveg festm\u00e9ny d\u00edszt\u00e1rgy t\u00e1l , Meska","view_count":"1013","favourite_count":"0","trending_score":"0","last2MonthFavouriteCount":"0","promotion":"0","giftcard_accept":"0","creditcard_accept":false,"enhanced_background":"0","domain":"meska","specific_customer_id":null,"specific_customer_name":null,"to_order_product":"0","to_order_product_time":"0","product_different":null,"product_different_description":"","vintage":"0","vintage_category_id":"0","recycled":"0","gemstone_id":"0","customizable":"1","type_category":"physical","zerowaste":"0","postage_price":"2390.00","shop_order":"0","has_category":"1","landing_pages":null,"microdata":{"number":16,"category":""},"title":"\u00dcveg festm\u00e9ny d\u00edszt\u00e1rgy t\u00e1l ","description":"\u00dcveg festm\u00e9ny , l\u00e1bakra helyezve asztald\u00edsz , \u00fcveg t\u00e1l , t\u00e1rolni is lehet rajta. \u00c1ll\u00edtva fa l\u00e1bakon is tarthat\u00f3, 25cm , sz\u00e9p \u00e1ttetsz\u0151 d\u00edsze lehet otthon\u00e1nak . Aj\u00e1nd\u00e9kba adhat\u00f3 h\u00f6lgynek . ","score":0,"formatted_price":"4 000 Ft","image_url":"https:\/\/www.meska.hu\/img\/product\/small\/t\/e\/ternovicserika_product_476354_211223062243_254328.jpeg","formatted_url":"https:\/\/www.meska.hu\/p4432648-uveg-festmeny-disztargy-tal","favourite":false,"in_stock":true,"avatar":"476354_avatar_1641118687.jpeg","delete_from":0,"is_enhanced_background":false,"is_enhanced":false,"product_selection_started":false,"is_active":true,"image_webp_url":"https:\/\/www.meska.hu\/img\/product\/small\/t\/e\/ternovicserika_product_476354_211223062243_254328.webp"},{"id":"4870367","shop_id":"33745","user_id":"390207","shop_name":"peszlenmonika","shop_zip":"9300","product_code":"4999828","product_name_old":null,"product_name":"Tavasz","category_string":"M\u0171v\u00e9szet, Festm\u00e9ny, \u00dcvegfestm\u00e9ny","technic_string":"\u00dcvegm\u0171v\u00e9szet","category_1":"357","category_2":"358","category_3":"1325","category_4":"0","merged_category_1":null,"merged_category_2":null,"merged_category_3":null,"technic_1":"505","technic_2":"0","technic_3":"0","color_1":"521","color_2":"525","color_3":"529","product_description_old":null,"product_description":"Ism\u00e9t egy n\u0151i arc sok-sok gy\u00f6ny\u00f6r\u0171 vir\u00e1ggal. A k\u00e9k \u00e9s r\u00f3zsasz\u00edn vir\u00e1gok zuhataga helyettes\u00edti  a hajat. Nagyon sz\u00e9p sz\u00ednfoltja lehet egy letisztult nappalinak. Mozgalmass\u00e1 \u00e9s hangs\u00falyoss\u00e1 teszi a falfel\u00fcletet.\nM\u00e9rete:50x 70 cm\nAz \u00e1r kerettel egy\u00fctt \u00e9rtend\u0151.","price":"79000.00","unit":"db","recommended":"0","status":"1","sponsored":"0","exp_notify":"0","own_material":"0","own_material_description_old":null,"own_material_description":"","jury":"0","jury_number":"","product_nature":"","meskaracsony":"0","create_date":"2026-03-25 08:42:00","shelve_id":"0","image":"peszlenmonika_product_390207_230613133724_92231.jpeg","image_width":"480","image_height":"360","image_alt":"Tavasz, Ism\u00e9t egy n\u0151i arc sok-sok gy\u00f6ny\u00f6r\u0171 vir\u00e1ggal. A k\u00e9k \u00e9s r\u00f3zsasz\u00edn vir\u00e1gok zuhataga helyettes\u00edti  a haj..., Meska","image_title":"Tavasz, Meska","view_count":"791","favourite_count":"0","trending_score":"0","last2MonthFavouriteCount":"0","promotion":"0","giftcard_accept":"0","creditcard_accept":true,"enhanced_background":"0","domain":"meska","specific_customer_id":null,"specific_customer_name":null,"to_order_product":"1","to_order_product_time":"20","product_different":null,"product_different_description":"","vintage":"0","vintage_category_id":"0","recycled":"0","gemstone_id":"0","customizable":"0","type_category":"physical","zerowaste":"0","postage_price":"5000.00","shop_order":"0","has_category":"1","landing_pages":null,"microdata":{"number":17,"category":""},"title":"Tavasz","description":"Ism\u00e9t egy n\u0151i arc sok-sok gy\u00f6ny\u00f6r\u0171 vir\u00e1ggal. A k\u00e9k \u00e9s r\u00f3zsasz\u00edn vir\u00e1gok zuhataga helyettes\u00edti  a hajat. Nagyon sz\u00e9p sz\u00ednfoltja lehet egy letisztult nappalinak. Mozgalmass\u00e1 \u00e9s hangs\u00falyoss\u00e1 teszi a falfel\u00fcletet.\nM\u00e9rete:50x 70 cm\nAz \u00e1r kerettel egy\u00fctt \u00e9rtend\u0151.","score":0,"formatted_price":"79 000 Ft","image_url":"https:\/\/www.meska.hu\/img\/product\/small\/p\/e\/peszlenmonika_product_390207_230613133724_92231.jpeg","formatted_url":"https:\/\/www.meska.hu\/p4999828-tavasz","favourite":false,"in_stock":false,"avatar":"peszlenmonika_avatar_390207_1623150181.jpg","delete_from":0,"is_enhanced_background":false,"is_enhanced":false,"product_selection_started":false,"is_active":true,"image_webp_url":"https:\/\/www.meska.hu\/img\/product\/small\/p\/e\/peszlenmonika_product_390207_230613133724_92231.webp"},{"id":"4706286","shop_id":"8093","user_id":"37147","shop_name":"KorinArt","shop_zip":"2440","product_code":"4902339","product_name_old":null,"product_name":"\"Mindig tudd...\" - \u00dcvegfestm\u00e9ny, \u00dcvegk\u00e9p, id\u00e9zetes k\u00e9p","category_string":"M\u0171v\u00e9szet, Festm\u00e9ny, \u00dcvegfestm\u00e9ny","technic_string":"Festett t\u00e1rgyak, \u00dcvegm\u0171v\u00e9szet","category_1":"357","category_2":"358","category_3":"1325","category_4":"0","merged_category_1":null,"merged_category_2":null,"merged_category_3":null,"technic_1":"481","technic_2":"505","technic_3":"0","color_1":"514","color_2":"568","color_3":"529","product_description_old":null,"product_description":"\u00dcvegre festett, r\u00e9zf\u00f3li\u00e1val keretezett \u00fcvegfestm\u00e9ny, \u00fcvegk\u00e9p. R\u00e9z kerettel.\nAblakba bel\u00f3gatva vagy falik\u00e9pnek haszn\u00e1lhatod, illetve kedves, egyedi aj\u00e1nd\u00e9k lehet annak, aki k\u00f6zel \u00e1ll hozz\u00e1d. Sz\u00e9tn\u00e9zhetsz m\u00e9g aj\u00e1nd\u00e9k\u00f6tleteink k\u00f6z\u00f6tt!\nAz \u00fcvegfestm\u00e9nyeinket \u00edzl\u00e9sesen \u00f6sszev\u00e1logatva, ak\u00e1r 3-4-5 vagy t\u00f6bb k\u00e9ppel k\u00e9pcsoportot hozhatsz l\u00e9tre. Szob\u00e1dhoz illeszked\u0151, egyedi modern falik\u00e9pekkel alkothatod meg, saj\u00e1t elk\u00e9pzel\u00e9sednek megfelel\u0151en a lak\u00e1sdekor\u00e1ci\u00f3dat, hiszen a lakberendez\u00e9s elengedhetetlen r\u00e9sze a fali dekor\u00e1ci\u00f3.\nAblakdekor\u00e1ci\u00f3: f\u00fcgg\u00f6ny csipeszre, damilt vagy er\u0151sebb feh\u00e9r c\u00e9rn\u00e1t lehet k\u00f6tni \u00e9s k\u00fcl\u00f6nb\u00f6z\u0151 hossz\u00fas\u00e1gban a feh\u00e9r f\u00fcgg\u00f6ny el\u00e9 be lehet l\u00f3gatni az \u00fcvegk\u00e9pet. K\u00fcl\u00f6nleges hat\u00e1sa van a sz\u00edneknek, ahogy \u00e1tj\u00f6n rajta a term\u00e9szetes f\u00e9ny.\nMinden munk\u00e1nk k\u00e9zimunka, ez\u00e9rt sz\u00edn\u00e1rnyalatban elt\u00e9r\u00e9sek lehetnek.\nNagyon j\u00f3 min\u0151s\u00e9g\u0171 \u00fcvegfest\u00e9kkel dolgozunk, \u00edgy az \u00fcvegfestm\u00e9nyek sz\u00edn\u00e9l\u00e9nks\u00e9ge belt\u00e9ri haszn\u00e1latn\u00e1l hossz\u00fa t\u00e1von megmarad. K\u00fclt\u00e9rre is tehet\u0151, ha nem \u00e9ri folyamatos, er\u0151s uv sug\u00e1rz\u00e1s.\nHa nincs k\u00e9szleten \u00e9ppen, amit szeretn\u00e9l 6 napot sz\u00e1molj az elk\u00e9sz\u00edt\u00e9s\u00e9re. Azonban, ha nagyon s\u00fcrg\u0151s \u00edrj, ha tudjuk el\u0151re vessz\u00fck a megrendel\u00e9sedet.\nVisszav\u00e1s\u00e1rl\u00e1si garancia:\nHa k\u00e9zhezv\u00e9telkor nem tetszik, amit v\u00e1s\u00e1rolt\u00e1l, 14 napon bel\u00fcl k\u00fcld vissza \u00e9s mi visszat\u00e9r\u00edtj\u00fck az \u00e1r\u00e1t s\u00e9rt\u0151d\u00e9s \u00e9s vita n\u00e9lk\u00fcl!\n\u2022 \u00dcvegvastags\u00e1g: 3 mm ( er\u0151s, nem t\u00f6rik k\u00f6nnyen )\n\u2022 \u00dcveg : sima \u00e1ttetsz\u0151 vagy savmaratott\n\u2022 \u00dcvegfest\u00e9k: j\u00f3 min\u0151s\u00e9g\u0171, kiv\u00e1l\u00f3 sz\u00edntart\u00f3s\u00e1g\u00fa, belt\u00e9rre aj\u00e1nlott.\n\u2022 Tiszt\u00edt\u00e1sa: szappanos v\u00edzzel vagy \u00fcvegtiszt\u00edt\u00f3val.\n\u2022 Garancia: t\u00f6r\u00e9s k\u00edv\u00e9tel\u00e9vel 10 \u00e9v\npost\u00e1z\u00e1sn\u00e1l a t\u00f6r\u00e9sre is garanci\u00e1t v\u00e1llalunk.","price":"7500.00","unit":"db","recommended":"0","status":"1","sponsored":"0","exp_notify":"0","own_material":"0","own_material_description_old":null,"own_material_description":"","jury":"0","jury_number":"","product_nature":"","meskaracsony":"0","create_date":"2026-03-24 11:22:05","shelve_id":"43920","image":"korinart_product_37147_230313201052_22659.jpeg","image_width":"480","image_height":"512","image_alt":"\\\"Mindig tudd...\\\" - \u00dcvegfestm\u00e9ny, \u00dcvegk\u00e9p, id\u00e9zetes k\u00e9p, \u00dcvegre festett, r\u00e9zf\u00f3li\u00e1val keretezett \u00fcvegfestm\u00e9ny, \u00fcvegk\u00e9p. R\u00e9z kerettel.\\nAblakba bel\u00f3gatva vagy f..., Meska","image_title":"\\\"Mindig tudd...\\\" - \u00dcvegfestm\u00e9ny, \u00dcvegk\u00e9p, id\u00e9zetes k\u00e9p, Meska","view_count":"864","favourite_count":"0","trending_score":"0","last2MonthFavouriteCount":"0","promotion":"0","giftcard_accept":"1","creditcard_accept":false,"enhanced_background":"0","domain":"meska","specific_customer_id":null,"specific_customer_name":null,"to_order_product":"1","to_order_product_time":"6","product_different":"quite_different","product_different_description":"Sz\u00edn\u00e1rnyalatokban elt\u00e9r\u00e9s lehets\u00e9ges. A megrendel\u0151 k\u00e9r\u00e9s\u00e9re m\u00e1s sz\u00ednben is megfestem.","vintage":"0","vintage_category_id":"0","recycled":"0","gemstone_id":"0","customizable":"0","type_category":"physical","zerowaste":"0","postage_price":"2100.00","shop_order":"1","has_category":"1","landing_pages":null,"microdata":{"number":18,"category":""},"title":"\"Mindig tudd...\" - \u00dcvegfestm\u00e9ny, \u00dcvegk\u00e9p, id\u00e9zetes k\u00e9p","description":"\u00dcvegre festett, r\u00e9zf\u00f3li\u00e1val keretezett \u00fcvegfestm\u00e9ny, \u00fcvegk\u00e9p. R\u00e9z kerettel.\nAblakba bel\u00f3gatva vagy falik\u00e9pnek haszn\u00e1lhatod, illetve kedves, egyedi aj\u00e1nd\u00e9k lehet annak, aki k\u00f6zel \u00e1ll hozz\u00e1d. Sz\u00e9tn\u00e9zhetsz m\u00e9g aj\u00e1nd\u00e9k\u00f6tleteink k\u00f6z\u00f6tt!\nAz \u00fcvegfestm\u00e9nyeinket \u00edzl\u00e9sesen \u00f6sszev\u00e1logatva, ak\u00e1r 3-4-5 vagy t\u00f6bb k\u00e9ppel k\u00e9pcsoportot hozhatsz l\u00e9tre. Szob\u00e1dhoz illeszked\u0151, egyedi modern falik\u00e9pekkel alkothatod meg, saj\u00e1t elk\u00e9pzel\u00e9sednek megfelel\u0151en a lak\u00e1sdekor\u00e1ci\u00f3dat, hiszen a lakberendez\u00e9s elengedhetetlen r\u00e9sze a fali dekor\u00e1ci\u00f3.\nAblakdekor\u00e1ci\u00f3: f\u00fcgg\u00f6ny csipeszre, damilt vagy er\u0151sebb feh\u00e9r c\u00e9rn\u00e1t lehet k\u00f6tni \u00e9s k\u00fcl\u00f6nb\u00f6z\u0151 hossz\u00fas\u00e1gban a feh\u00e9r f\u00fcgg\u00f6ny el\u00e9 be lehet l\u00f3gatni az \u00fcvegk\u00e9pet. K\u00fcl\u00f6nleges hat\u00e1sa van a sz\u00edneknek, ahogy \u00e1tj\u00f6n rajta a term\u00e9szetes f\u00e9ny.\nMinden munk\u00e1nk k\u00e9zimunka, ez\u00e9rt sz\u00edn\u00e1rnyalatban elt\u00e9r\u00e9sek lehetnek.\nNagyon j\u00f3 min\u0151s\u00e9g\u0171 \u00fcvegfest\u00e9kkel dolgozunk, \u00edgy az \u00fcvegfestm\u00e9nyek sz\u00edn\u00e9l\u00e9nks\u00e9ge belt\u00e9ri haszn\u00e1latn\u00e1l hossz\u00fa t\u00e1von megmarad. K\u00fclt\u00e9rre is tehet\u0151, ha nem \u00e9ri folyamatos, er\u0151s uv sug\u00e1rz\u00e1s.\nHa nincs k\u00e9szleten \u00e9ppen, amit szeretn\u00e9l 6 napot sz\u00e1molj az elk\u00e9sz\u00edt\u00e9s\u00e9re. Azonban, ha nagyon s\u00fcrg\u0151s \u00edrj, ha tudjuk el\u0151re vessz\u00fck a megrendel\u00e9sedet.\nVisszav\u00e1s\u00e1rl\u00e1si garancia:\nHa k\u00e9zhezv\u00e9telkor nem tetszik, amit v\u00e1s\u00e1rolt\u00e1l, 14 napon bel\u00fcl k\u00fcld vissza \u00e9s mi visszat\u00e9r\u00edtj\u00fck az \u00e1r\u00e1t s\u00e9rt\u0151d\u00e9s \u00e9s vita n\u00e9lk\u00fcl!\n\u2022 \u00dcvegvastags\u00e1g: 3 mm ( er\u0151s, nem t\u00f6rik k\u00f6nnyen )\n\u2022 \u00dcveg : sima \u00e1ttetsz\u0151 vagy savmaratott\n\u2022 \u00dcvegfest\u00e9k: j\u00f3 min\u0151s\u00e9g\u0171, kiv\u00e1l\u00f3 sz\u00edntart\u00f3s\u00e1g\u00fa, belt\u00e9rre aj\u00e1nlott.\n\u2022 Tiszt\u00edt\u00e1sa: szappanos v\u00edzzel vagy \u00fcvegtiszt\u00edt\u00f3val.\n\u2022 Garancia: t\u00f6r\u00e9s k\u00edv\u00e9tel\u00e9vel 10 \u00e9v\npost\u00e1z\u00e1sn\u00e1l a t\u00f6r\u00e9sre is garanci\u00e1t v\u00e1llalunk.","score":0,"formatted_price":"7 500 Ft","image_url":"https:\/\/www.meska.hu\/img\/product\/small\/k\/o\/korinart_product_37147_230313201052_22659.jpeg","formatted_url":"https:\/\/www.meska.hu\/p4902339-mindig-tudd-uvegfestmeny-uvegkep-idezetes-kep","favourite":false,"in_stock":false,"avatar":"India_avatar_37147.jpg","delete_from":0,"is_enhanced_background":false,"is_enhanced":false,"product_selection_started":false,"is_active":true,"image_webp_url":"https:\/\/www.meska.hu\/img\/product\/small\/k\/o\/korinart_product_37147_230313201052_22659.webp"},{"id":"3510287","shop_id":"33745","user_id":"390207","shop_name":"peszlenmonika","shop_zip":"9300","product_code":"4277086","product_name_old":null,"product_name":"\u00d6sszetartozunk II.","category_string":"M\u0171v\u00e9szet, Festm\u00e9ny, \u00dcvegfestm\u00e9ny","technic_string":"\u00dcvegm\u0171v\u00e9szet","category_1":"357","category_2":"358","category_3":"1325","category_4":"0","merged_category_1":"0","merged_category_2":"0","merged_category_3":"0","technic_1":"505","technic_2":"0","technic_3":"0","color_1":"512","color_2":"517","color_3":"0","product_description_old":null,"product_description":"Egyedi tervez\u00e9s\u0171, esk\u00fcv\u0151re k\u00e9sz\u00fclt munk\u00e1m. A k\u00e9t fa \u00f6sszecsavarodott \u00e1ga, az \u00f6sszetartoz\u00e1st szimboliz\u00e1lja. A sz\u00edv alak\u00fa r\u00e9szben a Nagy Nap d\u00e1tum\u00e1val \u00e9s az Ifj\u00fa P\u00e1r nev\u00e9vel d\u00edsz\u00edtve v\u00e1lik \u00f6r\u00f6k eml\u00e9kk\u00e9.\nH\u00e1zass\u00e1gi \u00e9vfordul\u00f3 eset\u00e9n, a d\u00e1tum helyett az egy\u00fctt elt\u00f6lt\u00f6tt \u00e9vek sz\u00e1ma ker\u00fclhet. \nM\u00e9rete: 21x29 cm.\nAz \u00e1r tartalmazza a keretet.","price":"9500.00","unit":"db","recommended":"0","status":"1","sponsored":"0","exp_notify":"0","own_material":"0","own_material_description_old":null,"own_material_description":"","jury":"0","jury_number":"","product_nature":"","meskaracsony":"0","create_date":"2026-03-21 09:50:56","shelve_id":"0","image":"peszlenmonika_product_390207_210908111138_168995.jpeg","image_width":"480","image_height":"360","image_alt":"\u00d6sszetartozunk II., Egyedi tervez\u00e9s\u0171, esk\u00fcv\u0151re k\u00e9sz\u00fclt munk\u00e1m. A k\u00e9t fa \u00f6sszecsavarodott \u00e1ga, az \u00f6sszetartoz\u00e1st szimboli..., Meska","image_title":"\u00d6sszetartozunk II., Meska","view_count":"2261","favourite_count":"0","trending_score":"0","last2MonthFavouriteCount":"0","promotion":"0","giftcard_accept":"0","creditcard_accept":true,"enhanced_background":"0","domain":"meska","specific_customer_id":null,"specific_customer_name":null,"to_order_product":"0","to_order_product_time":"0","product_different":null,"product_different_description":"","vintage":"0","vintage_category_id":"0","recycled":"0","gemstone_id":"0","customizable":"1","type_category":"physical","zerowaste":"0","postage_price":"1290.00","shop_order":"0","has_category":"1","landing_pages":null,"microdata":{"number":19,"category":""},"title":"\u00d6sszetartozunk II.","description":"Egyedi tervez\u00e9s\u0171, esk\u00fcv\u0151re k\u00e9sz\u00fclt munk\u00e1m. A k\u00e9t fa \u00f6sszecsavarodott \u00e1ga, az \u00f6sszetartoz\u00e1st szimboliz\u00e1lja. A sz\u00edv alak\u00fa r\u00e9szben a Nagy Nap d\u00e1tum\u00e1val \u00e9s az Ifj\u00fa P\u00e1r nev\u00e9vel d\u00edsz\u00edtve v\u00e1lik \u00f6r\u00f6k eml\u00e9kk\u00e9.\nH\u00e1zass\u00e1gi \u00e9vfordul\u00f3 eset\u00e9n, a d\u00e1tum helyett az egy\u00fctt elt\u00f6lt\u00f6tt \u00e9vek sz\u00e1ma ker\u00fclhet. \nM\u00e9rete: 21x29 cm.\nAz \u00e1r tartalmazza a keretet.","score":0,"formatted_price":"9 500 Ft","image_url":"https:\/\/www.meska.hu\/img\/product\/small\/p\/e\/peszlenmonika_product_390207_210908111138_168995.jpeg","formatted_url":"https:\/\/www.meska.hu\/p4277086-osszetartozunk-ii","favourite":false,"in_stock":true,"avatar":"peszlenmonika_avatar_390207_1623150181.jpg","delete_from":0,"is_enhanced_background":false,"is_enhanced":false,"product_selection_started":false,"is_active":true,"image_webp_url":"https:\/\/www.meska.hu\/img\/product\/small\/p\/e\/peszlenmonika_product_390207_210908111138_168995.webp"},{"id":"6156741","shop_id":"51613","user_id":"729566","shop_name":"schenkglassart","shop_zip":"1114","product_code":"5759620","product_name_old":null,"product_name":"V\u00f6r\u00f6sbegy havas \u00e1gon \u00fcvegfestm\u00e9ny","category_string":"M\u0171v\u00e9szet, Festm\u00e9ny, \u00dcvegfestm\u00e9ny","technic_string":"","category_1":"357","category_2":"358","category_3":"1325","category_4":"0","merged_category_1":null,"merged_category_2":null,"merged_category_3":null,"technic_1":"0","technic_2":"0","technic_3":"0","color_1":"519","color_2":"523","color_3":"0","product_description_old":null,"product_description":"Egy  kedves t\u00e9li jelenet: v\u00f6r\u00f6sbegy \u00fcl havas \u00e1gon piros bogy\u00f3k k\u00f6z\u00f6tt. K\u00e9zzel festett dekor\u00e1ci\u00f3 \u00fcvegfest\u00e9kkel k\u00e9sz\u00fclt 20 cm k\u00f6r plexire. Ha szereted a madarakat akkor vidd be az otthonodba a term\u00e9szetet. \nAj\u00e1nd\u00e9kozd meg mad\u00e1rkedvel\u0151 rokonodat, ismer\u0151s\u00f6det vagy gyermekedet. \nA szem\u00e9lyre sz\u00f3l\u00f3 k\u00e9zzel k\u00e9sz\u00fclt alkot\u00e1sok mindig nagyszer\u0171 meglepet\u00e9s, hisz odafigyel\u00e9st k\u00f6zvet\u00edt. \n\nN\u00e9zz k\u00f6r\u00fcl n\u00e1lam, mindig tal\u00e1lsz \u00faj alkot\u00e1st! Kellemes id\u0151t\u00f6lt\u00e9st!\nSz\u00e1ml\u00e1t biztos\u00edtok: N\u00e9meth G\u00e1bor EV\nfizet\u00e9s: d\u00edjbek\u00e9r\u0151vel\n\u00e1tv\u00e9tel: post\u00e1z\u00e1s vagy szem\u00e9lyesen Budapest","price":"6900.00","unit":"db","recommended":"0","status":"1","sponsored":"0","exp_notify":"0","own_material":"0","own_material_description_old":null,"own_material_description":"","jury":"0","jury_number":"","product_nature":"","meskaracsony":"0","create_date":"2026-03-15 00:47:16","shelve_id":"0","image":"schenkglassart_product_729566_260315002915_390687.jpeg","image_width":"480","image_height":"484","image_alt":"V\u00f6r\u00f6sbegy havas \u00e1gon \u00fcvegfestm\u00e9ny, Egy  kedves t\u00e9li jelenet: v\u00f6r\u00f6sbegy \u00fcl havas \u00e1gon piros bogy\u00f3k k\u00f6z\u00f6tt. K\u00e9zzel festett dekor\u00e1ci\u00f3 \u00fcveg..., Meska","image_title":"V\u00f6r\u00f6sbegy havas \u00e1gon \u00fcvegfestm\u00e9ny, Meska","view_count":"45","favourite_count":"0","trending_score":"0","last2MonthFavouriteCount":"0","promotion":"0","giftcard_accept":"0","creditcard_accept":true,"enhanced_background":"0","domain":"meska","specific_customer_id":null,"specific_customer_name":null,"to_order_product":"0","to_order_product_time":"0","product_different":null,"product_different_description":"","vintage":"0","vintage_category_id":"0","recycled":"0","gemstone_id":"0","customizable":"0","type_category":"physical","zerowaste":"0","postage_price":"1290.00","shop_order":"0","has_category":"1","landing_pages":null,"microdata":{"number":20,"category":""},"title":"V\u00f6r\u00f6sbegy havas \u00e1gon \u00fcvegfestm\u00e9ny","description":"Egy  kedves t\u00e9li jelenet: v\u00f6r\u00f6sbegy \u00fcl havas \u00e1gon piros bogy\u00f3k k\u00f6z\u00f6tt. K\u00e9zzel festett dekor\u00e1ci\u00f3 \u00fcvegfest\u00e9kkel k\u00e9sz\u00fclt 20 cm k\u00f6r plexire. Ha szereted a madarakat akkor vidd be az otthonodba a term\u00e9szetet. \nAj\u00e1nd\u00e9kozd meg mad\u00e1rkedvel\u0151 rokonodat, ismer\u0151s\u00f6det vagy gyermekedet. \nA szem\u00e9lyre sz\u00f3l\u00f3 k\u00e9zzel k\u00e9sz\u00fclt alkot\u00e1sok mindig nagyszer\u0171 meglepet\u00e9s, hisz odafigyel\u00e9st k\u00f6zvet\u00edt. \n\nN\u00e9zz k\u00f6r\u00fcl n\u00e1lam, mindig tal\u00e1lsz \u00faj alkot\u00e1st! Kellemes id\u0151t\u00f6lt\u00e9st!\nSz\u00e1ml\u00e1t biztos\u00edtok: N\u00e9meth G\u00e1bor EV\nfizet\u00e9s: d\u00edjbek\u00e9r\u0151vel\n\u00e1tv\u00e9tel: post\u00e1z\u00e1s vagy szem\u00e9lyesen Budapest","score":0,"formatted_price":"6 900 Ft","image_url":"https:\/\/www.meska.hu\/img\/product\/small\/s\/c\/schenkglassart_product_729566_260315002915_390687.jpeg","formatted_url":"https:\/\/www.meska.hu\/p5759620-vorosbegy-havas-agon-uvegfestmeny","favourite":false,"in_stock":true,"avatar":"729566_avatar_1774788640.jpeg","delete_from":0,"is_enhanced_background":false,"is_enhanced":false,"product_selection_started":false,"is_active":true,"image_webp_url":"https:\/\/www.meska.hu\/img\/product\/small\/s\/c\/schenkglassart_product_729566_260315002915_390687.webp"},{"id":"6156726","shop_id":"51613","user_id":"729566","shop_name":"schenkglassart","shop_zip":"1114","product_code":"5759614","product_name_old":null,"product_name":"\u00dcvegfestm\u00e9ny boh\u00f3c","category_string":"M\u0171v\u00e9szet, Festm\u00e9ny, \u00dcvegfestm\u00e9ny","technic_string":"","category_1":"357","category_2":"358","category_3":"1325","category_4":"0","merged_category_1":null,"merged_category_2":null,"merged_category_3":null,"technic_1":"0","technic_2":"0","technic_3":"0","color_1":"519","color_2":"532","color_3":"568","product_description_old":null,"product_description":"Vid\u00e1m boh\u00f3c k\u00e9zzel festett \u00fcveg dekor\u00e1ci\u00f3. Ez a sz\u00ednes, mosolyg\u00f3s boh\u00f3c vid\u00e1m hangulatot visz b\u00e1rmely gyermekszob\u00e1ba vagy j\u00e1t\u00e9kos hangulat\u00fa t\u00e9rbe. A csillog\u00f3 \u00e9l\u00e9nk sz\u00ednek a kedves karaktert igaz\u00e1n figyelemfelkelt\u0151 darabb\u00e1 teszi. \nK\u00e9t lyuk van rajta szalagot f\u00fcz\u00f6k bele \u00e9s felakaszthat\u00f3. A dekor\u00e1ci\u00f3 20 cm plexi alapra k\u00e9sz\u00fclt \u00fcvegfest\u00e9k technik\u00e1val. Biztons\u00e1gos, nem t\u00f6rik mint az \u00fcveg. \nT\u00f6k\u00e9letes aj\u00e1nd\u00e9k gyermekeknek, boh\u00f3c kedvel\u0151knek. \n\nN\u00e9zz k\u00f6r\u00fcl n\u00e1lam mindig k\u00e9sz\u00fclnek \u00faj darabok nappaliba, gyermekszob\u00e1kba.\n\nK\u00f6sz\u00f6n\u00f6m, hogy t\u00e1mogatod a k\u00e9zzel k\u00e9sz\u00fclt m\u0171v\u00e9szetet. ","price":"6900.00","unit":"db","recommended":"0","status":"1","sponsored":"0","exp_notify":"0","own_material":"0","own_material_description_old":null,"own_material_description":"","jury":"0","jury_number":"","product_nature":"","meskaracsony":"0","create_date":"2026-03-14 23:45:42","shelve_id":"0","image":"schenkglassart_product_729566_260314233132_18521.jpeg","image_width":"480","image_height":"493","image_alt":"\u00dcvegfestm\u00e9ny boh\u00f3c, Vid\u00e1m boh\u00f3c k\u00e9zzel festett \u00fcveg dekor\u00e1ci\u00f3. Ez a sz\u00ednes, mosolyg\u00f3s boh\u00f3c vid\u00e1m hangulatot visz b\u00e1rmel..., Meska","image_title":"\u00dcvegfestm\u00e9ny boh\u00f3c, Meska","view_count":"42","favourite_count":"0","trending_score":"0","last2MonthFavouriteCount":"0","promotion":"0","giftcard_accept":"0","creditcard_accept":true,"enhanced_background":"0","domain":"meska","specific_customer_id":null,"specific_customer_name":null,"to_order_product":"0","to_order_product_time":"0","product_different":null,"product_different_description":"","vintage":"0","vintage_category_id":"0","recycled":"0","gemstone_id":"0","customizable":"0","type_category":"physical","zerowaste":"0","postage_price":"1290.00","shop_order":"0","has_category":"1","landing_pages":null,"microdata":{"number":21,"category":""},"title":"\u00dcvegfestm\u00e9ny boh\u00f3c","description":"Vid\u00e1m boh\u00f3c k\u00e9zzel festett \u00fcveg dekor\u00e1ci\u00f3. Ez a sz\u00ednes, mosolyg\u00f3s boh\u00f3c vid\u00e1m hangulatot visz b\u00e1rmely gyermekszob\u00e1ba vagy j\u00e1t\u00e9kos hangulat\u00fa t\u00e9rbe. A csillog\u00f3 \u00e9l\u00e9nk sz\u00ednek a kedves karaktert igaz\u00e1n figyelemfelkelt\u0151 darabb\u00e1 teszi. \nK\u00e9t lyuk van rajta szalagot f\u00fcz\u00f6k bele \u00e9s felakaszthat\u00f3. A dekor\u00e1ci\u00f3 20 cm plexi alapra k\u00e9sz\u00fclt \u00fcvegfest\u00e9k technik\u00e1val. Biztons\u00e1gos, nem t\u00f6rik mint az \u00fcveg. \nT\u00f6k\u00e9letes aj\u00e1nd\u00e9k gyermekeknek, boh\u00f3c kedvel\u0151knek. \n\nN\u00e9zz k\u00f6r\u00fcl n\u00e1lam mindig k\u00e9sz\u00fclnek \u00faj darabok nappaliba, gyermekszob\u00e1kba.\n\nK\u00f6sz\u00f6n\u00f6m, hogy t\u00e1mogatod a k\u00e9zzel k\u00e9sz\u00fclt m\u0171v\u00e9szetet. ","score":0,"formatted_price":"6 900 Ft","image_url":"https:\/\/www.meska.hu\/img\/product\/small\/s\/c\/schenkglassart_product_729566_260314233132_18521.jpeg","formatted_url":"https:\/\/www.meska.hu\/p5759614-uvegfestmeny","favourite":false,"in_stock":true,"avatar":"729566_avatar_1774788640.jpeg","delete_from":0,"is_enhanced_background":false,"is_enhanced":false,"product_selection_started":false,"is_active":true,"image_webp_url":"https:\/\/www.meska.hu\/img\/product\/small\/s\/c\/schenkglassart_product_729566_260314233132_18521.webp"},{"id":"6156709","shop_id":"51613","user_id":"729566","shop_name":"schenkglassart","shop_zip":"1114","product_code":"5759604","product_name_old":null,"product_name":"\u00dcvegfestm\u00e9ny","category_string":"M\u0171v\u00e9szet, Festm\u00e9ny, \u00dcvegfestm\u00e9ny","technic_string":"","category_1":"357","category_2":"358","category_3":"1325","category_4":"0","merged_category_1":null,"merged_category_2":null,"merged_category_3":null,"technic_1":"0","technic_2":"0","technic_3":"0","color_1":"521","color_2":"522","color_3":"0","product_description_old":null,"product_description":"Modern st\u00edlus\u00fa egyedi k\u00e9zzel festett h\u00e1rom \u00e9nekes szt\u00e1r Kpop Demon Zoey, Rumi, Mira. Vid\u00e1m fiatalos \u00e9l\u00e9nk sz\u00ednek hangulatot adnak tini gyermeked szob\u00e1j\u00e1nak.  Lepd meg gyermeked sz\u00fclet\u00e9snapj\u00e1ra, n\u00e9vnapj\u00e1ra vagy csak \u00fagy! A4 m\u00e9ret, plexire festve, \u00edgy biztons\u00e1gos nem t\u00f6rik mint az \u00fcveg. ","price":"6900.00","unit":"db","recommended":"0","status":"1","sponsored":"0","exp_notify":"0","own_material":"0","own_material_description_old":null,"own_material_description":"","jury":"0","jury_number":"","product_nature":"","meskaracsony":"0","create_date":"2026-03-14 23:01:06","shelve_id":"0","image":"schenkglassart_product_729566_260314224218_261385.jpeg","image_width":"480","image_height":"347","image_alt":"\u00dcvegfestm\u00e9ny, Modern st\u00edlus\u00fa egyedi k\u00e9zzel festett h\u00e1rom \u00e9nekes szt\u00e1r Kpop Demon Zoey, Rumi, Mira. Vid\u00e1m fiatalos ..., Meska","image_title":"\u00dcvegfestm\u00e9ny, Meska","view_count":"40","favourite_count":"0","trending_score":"0","last2MonthFavouriteCount":"0","promotion":"0","giftcard_accept":"0","creditcard_accept":true,"enhanced_background":"0","domain":"meska","specific_customer_id":null,"specific_customer_name":null,"to_order_product":"0","to_order_product_time":"0","product_different":null,"product_different_description":"","vintage":"0","vintage_category_id":"0","recycled":"0","gemstone_id":"0","customizable":"0","type_category":"physical","zerowaste":"0","postage_price":"1290.00","shop_order":"0","has_category":"1","landing_pages":null,"microdata":{"number":22,"category":""},"title":"\u00dcvegfestm\u00e9ny","description":"Modern st\u00edlus\u00fa egyedi k\u00e9zzel festett h\u00e1rom \u00e9nekes szt\u00e1r Kpop Demon Zoey, Rumi, Mira. Vid\u00e1m fiatalos \u00e9l\u00e9nk sz\u00ednek hangulatot adnak tini gyermeked szob\u00e1j\u00e1nak.  Lepd meg gyermeked sz\u00fclet\u00e9snapj\u00e1ra, n\u00e9vnapj\u00e1ra vagy csak \u00fagy! A4 m\u00e9ret, plexire festve, \u00edgy biztons\u00e1gos nem t\u00f6rik mint az \u00fcveg. ","score":0,"formatted_price":"6 900 Ft","image_url":"https:\/\/www.meska.hu\/img\/product\/small\/s\/c\/schenkglassart_product_729566_260314224218_261385.jpeg","formatted_url":"https:\/\/www.meska.hu\/p5759604-uvegfestmeny","favourite":false,"in_stock":true,"avatar":"729566_avatar_1774788640.jpeg","delete_from":0,"is_enhanced_background":false,"is_enhanced":false,"product_selection_started":false,"is_active":true,"image_webp_url":"https:\/\/www.meska.hu\/img\/product\/small\/s\/c\/schenkglassart_product_729566_260314224218_261385.webp"},{"id":"6156696","shop_id":"51613","user_id":"729566","shop_name":"schenkglassart","shop_zip":"1114","product_code":"5759597","product_name_old":null,"product_name":"n\u00e9pi mot\u00edvum \u00fcvegfestm\u00e9ny","category_string":"M\u0171v\u00e9szet, Festm\u00e9ny, \u00dcvegfestm\u00e9ny","technic_string":"","category_1":"357","category_2":"358","category_3":"1325","category_4":"0","merged_category_1":null,"merged_category_2":null,"merged_category_3":null,"technic_1":"0","technic_2":"0","technic_3":"0","color_1":"512","color_2":"521","color_3":"568","product_description_old":null,"product_description":"K\u00e9t k\u00fcl\u00f6nleges k\u00e9zzel k\u00e9sz\u00fclt \u00fcvegfestm\u00e9ny keretben. A toj\u00e1s form\u00e1j\u00fa kompoz\u00edci\u00f3k magyar n\u00e9pi ihlet\u00e9s\u0171 vir\u00e1gmint\u00e1kkal k\u00e9sz\u00fclt. \u00e9l\u00e9nk sz\u00ednekkel \u00e9s finom d\u00edsz\u00edt\u00e9sekkel.\nIgazi rendk\u00edv\u00fcli kedves aj\u00e1nd\u00e9k a locsol\u00f3knak, ami eml\u00e9k marad. H\u00fasv\u00e9ti hangulatot teremtenek, de eg\u00e9sz \u00e9vben sz\u00e9p dekor\u00e1ci\u00f3 lehet az otthonban. Sz\u00e9p csillog\u00f3 sz\u00ednek. 18x20 m\u00e9ret. Az \u00e1r 1 db-ra \u00e9rtend\u0151. plexire festve","price":"8000.00","unit":"db","recommended":"0","status":"1","sponsored":"0","exp_notify":"0","own_material":"0","own_material_description_old":null,"own_material_description":"","jury":"0","jury_number":"","product_nature":"","meskaracsony":"0","create_date":"2026-03-14 22:36:22","shelve_id":"0","image":"schenkglassart_product_729566_260314222542_174258.jpeg","image_width":"480","image_height":"310","image_alt":"n\u00e9pi mot\u00edvum \u00fcvegfestm\u00e9ny, K\u00e9t k\u00fcl\u00f6nleges k\u00e9zzel k\u00e9sz\u00fclt \u00fcvegfestm\u00e9ny keretben. A toj\u00e1s form\u00e1j\u00fa kompoz\u00edci\u00f3k magyar n\u00e9pi ihlet\u00e9s..., Meska","image_title":"n\u00e9pi mot\u00edvum \u00fcvegfestm\u00e9ny, Meska","view_count":"59","favourite_count":"0","trending_score":"0","last2MonthFavouriteCount":"0","promotion":"0","giftcard_accept":"0","creditcard_accept":true,"enhanced_background":"0","domain":"meska","specific_customer_id":null,"specific_customer_name":null,"to_order_product":"0","to_order_product_time":"0","product_different":null,"product_different_description":"","vintage":"0","vintage_category_id":"0","recycled":"0","gemstone_id":"0","customizable":"0","type_category":"physical","zerowaste":"0","postage_price":"1290.00","shop_order":"0","has_category":"1","landing_pages":null,"microdata":{"number":23,"category":""},"title":"n\u00e9pi mot\u00edvum \u00fcvegfestm\u00e9ny","description":"K\u00e9t k\u00fcl\u00f6nleges k\u00e9zzel k\u00e9sz\u00fclt \u00fcvegfestm\u00e9ny keretben. A toj\u00e1s form\u00e1j\u00fa kompoz\u00edci\u00f3k magyar n\u00e9pi ihlet\u00e9s\u0171 vir\u00e1gmint\u00e1kkal k\u00e9sz\u00fclt. \u00e9l\u00e9nk sz\u00ednekkel \u00e9s finom d\u00edsz\u00edt\u00e9sekkel.\nIgazi rendk\u00edv\u00fcli kedves aj\u00e1nd\u00e9k a locsol\u00f3knak, ami eml\u00e9k marad. H\u00fasv\u00e9ti hangulatot teremtenek, de eg\u00e9sz \u00e9vben sz\u00e9p dekor\u00e1ci\u00f3 lehet az otthonban. Sz\u00e9p csillog\u00f3 sz\u00ednek. 18x20 m\u00e9ret. Az \u00e1r 1 db-ra \u00e9rtend\u0151. plexire festve","score":0,"formatted_price":"8 000 Ft","image_url":"https:\/\/www.meska.hu\/img\/product\/small\/s\/c\/schenkglassart_product_729566_260314222542_174258.jpeg","formatted_url":"https:\/\/www.meska.hu\/p5759597-nepi-motivum-uvegfestmeny","favourite":false,"in_stock":true,"avatar":"729566_avatar_1774788640.jpeg","delete_from":0,"is_enhanced_background":false,"is_enhanced":false,"product_selection_started":false,"is_active":true,"image_webp_url":"https:\/\/www.meska.hu\/img\/product\/small\/s\/c\/schenkglassart_product_729566_260314222542_174258.webp"},{"id":"6156678","shop_id":"51613","user_id":"729566","shop_name":"schenkglassart","shop_zip":"1114","product_code":"5759588","product_name_old":null,"product_name":"\u00dcvegfestm\u00e9ny tulip\u00e1n","category_string":"M\u0171v\u00e9szet, Festm\u00e9ny, \u00dcvegfestm\u00e9ny","technic_string":"","category_1":"357","category_2":"358","category_3":"1325","category_4":"0","merged_category_1":null,"merged_category_2":null,"merged_category_3":null,"technic_1":"0","technic_2":"0","technic_3":"0","color_1":"512","color_2":"516","color_3":"0","product_description_old":null,"product_description":"Ez az egyedi \u00fcvegfestm\u00e9ny a f\u00e9ny \u00e9s sz\u00ednek j\u00e1t\u00e9k\u00e1val kel \u00e9letre. A gondosan megfestett stiliz\u00e1lt vir\u00e1gmot\u00edvum arany r\u00e9szletekkel \u00e9s \u00e9l\u00e9nk sz\u00ednekkel k\u00fcl\u00f6nleges hangulatot ad a t\u00e9rnek. A k\u00e9p k\u00e9zzel k\u00e9sz\u00fclt \u00fcvegfest\u00e9k technik\u00e1val, ez\u00e9rt minden darab egyedi. Dekor\u00e1ci\u00f3 nappaliba, h\u00e1l\u00f3szob\u00e1ba vagy aj\u00e1nd\u00e9knak is nagyszer\u0171 v\u00e1laszt\u00e1s. Keretben azonnal falra akaszthat\u00f3. A4 m\u00e9ret. A val\u00f3s\u00e1gban sz\u00e9pen csillog. Plexire festve. Ak\u00e1r m\u00e1s sz\u00ednben is megfestem","price":"12000.00","unit":"db","recommended":"0","status":"1","sponsored":"0","exp_notify":"0","own_material":"0","own_material_description_old":null,"own_material_description":"","jury":"0","jury_number":"","product_nature":"","meskaracsony":"0","create_date":"2026-03-14 22:17:57","shelve_id":"0","image":"schenkglassart_product_729566_260314220622_306852.jpeg","image_width":"480","image_height":"649","image_alt":"\u00dcvegfestm\u00e9ny tulip\u00e1n, Ez az egyedi \u00fcvegfestm\u00e9ny a f\u00e9ny \u00e9s sz\u00ednek j\u00e1t\u00e9k\u00e1val kel \u00e9letre. A gondosan megfestett stiliz\u00e1lt vir..., Meska","image_title":"\u00dcvegfestm\u00e9ny tulip\u00e1n, Meska","view_count":"53","favourite_count":"0","trending_score":"0","last2MonthFavouriteCount":"0","promotion":"0","giftcard_accept":"0","creditcard_accept":true,"enhanced_background":"0","domain":"meska","specific_customer_id":null,"specific_customer_name":null,"to_order_product":"0","to_order_product_time":"0","product_different":null,"product_different_description":"","vintage":"0","vintage_category_id":"0","recycled":"0","gemstone_id":"0","customizable":"0","type_category":"physical","zerowaste":"0","postage_price":"1290.00","shop_order":"0","has_category":"1","landing_pages":null,"microdata":{"number":24,"category":""},"title":"\u00dcvegfestm\u00e9ny tulip\u00e1n","description":"Ez az egyedi \u00fcvegfestm\u00e9ny a f\u00e9ny \u00e9s sz\u00ednek j\u00e1t\u00e9k\u00e1val kel \u00e9letre. A gondosan megfestett stiliz\u00e1lt vir\u00e1gmot\u00edvum arany r\u00e9szletekkel \u00e9s \u00e9l\u00e9nk sz\u00ednekkel k\u00fcl\u00f6nleges hangulatot ad a t\u00e9rnek. A k\u00e9p k\u00e9zzel k\u00e9sz\u00fclt \u00fcvegfest\u00e9k technik\u00e1val, ez\u00e9rt minden darab egyedi. Dekor\u00e1ci\u00f3 nappaliba, h\u00e1l\u00f3szob\u00e1ba vagy aj\u00e1nd\u00e9knak is nagyszer\u0171 v\u00e1laszt\u00e1s. Keretben azonnal falra akaszthat\u00f3. A4 m\u00e9ret. A val\u00f3s\u00e1gban sz\u00e9pen csillog. Plexire festve. Ak\u00e1r m\u00e1s sz\u00ednben is megfestem","score":0,"formatted_price":"12 000 Ft","image_url":"https:\/\/www.meska.hu\/img\/product\/small\/s\/c\/schenkglassart_product_729566_260314220622_306852.jpeg","formatted_url":"https:\/\/www.meska.hu\/p5759588-uvegfestmeny","favourite":false,"in_stock":true,"avatar":"729566_avatar_1774788640.jpeg","delete_from":0,"is_enhanced_background":false,"is_enhanced":false,"product_selection_started":false,"is_active":true,"image_webp_url":"https:\/\/www.meska.hu\/img\/product\/small\/s\/c\/schenkglassart_product_729566_260314220622_306852.webp"},{"id":"5926693","shop_id":"34798","user_id":"454965","shop_name":"MariArt","shop_zip":"3395","product_code":"5622961","product_name_old":null,"product_name":"Epoxy geoda","category_string":"M\u0171v\u00e9szet, Festm\u00e9ny, \u00dcvegfestm\u00e9ny","technic_string":"Mindenm\u00e1s","category_1":"357","category_2":"358","category_3":"1325","category_4":"0","merged_category_1":null,"merged_category_2":null,"merged_category_3":null,"technic_1":"493","technic_2":"0","technic_3":"0","color_1":"512","color_2":"522","color_3":"0","product_description_old":null,"product_description":"Ez egy epoxyb\u00f3l k\u00e9sz\u00fclt ge\u00f3d\u00e1t imit\u00e1l\u00f3 k\u00e9p, ami csillog\u00f3 fel\u00fclete miatt luxus \u00e9rzetet ny\u00fajt. Szolid arany keretbe tettem, fel\u00fclet\u00e9ben \u00fcvegkrist\u00e1lyok vannak. \nM\u00e9rete 17,5x 15,5 cm + keret. \nA term\u00e9k szem\u00e9lyesen is \u00e1tvehet\u0151 Egerben. ","price":"23000.00","unit":"db","recommended":"0","status":"1","sponsored":"0","exp_notify":"0","own_material":"0","own_material_description_old":null,"own_material_description":"","jury":"0","jury_number":"","product_nature":"","meskaracsony":"0","create_date":"2026-03-11 14:26:39","shelve_id":"0","image":"mariart_product_454965_250924143248_577950.jpeg","image_width":"480","image_height":"639","image_alt":"Epoxy geoda, Ez egy epoxyb\u00f3l k\u00e9sz\u00fclt ge\u00f3d\u00e1t imit\u00e1l\u00f3 k\u00e9p, ami csillog\u00f3 fel\u00fclete miatt luxus \u00e9rzetet ny\u00fajt. Szolid ..., Meska","image_title":"Epoxy geoda, Meska","view_count":"130","favourite_count":"0","trending_score":"0","last2MonthFavouriteCount":"0","promotion":"0","giftcard_accept":"0","creditcard_accept":true,"enhanced_background":"0","domain":"meska","specific_customer_id":null,"specific_customer_name":null,"to_order_product":"0","to_order_product_time":"0","product_different":null,"product_different_description":"","vintage":"0","vintage_category_id":"0","recycled":"0","gemstone_id":"0","customizable":"0","type_category":"physical","zerowaste":"0","postage_price":"1290.00","shop_order":"0","has_category":"1","landing_pages":null,"microdata":{"number":25,"category":""},"title":"Epoxy geoda","description":"Ez egy epoxyb\u00f3l k\u00e9sz\u00fclt ge\u00f3d\u00e1t imit\u00e1l\u00f3 k\u00e9p, ami csillog\u00f3 fel\u00fclete miatt luxus \u00e9rzetet ny\u00fajt. Szolid arany keretbe tettem, fel\u00fclet\u00e9ben \u00fcvegkrist\u00e1lyok vannak. \nM\u00e9rete 17,5x 15,5 cm + keret. \nA term\u00e9k szem\u00e9lyesen is \u00e1tvehet\u0151 Egerben. ","score":0,"formatted_price":"23 000 Ft","image_url":"https:\/\/www.meska.hu\/img\/product\/small\/m\/a\/mariart_product_454965_250924143248_577950.jpeg","formatted_url":"https:\/\/www.meska.hu\/p5622961-epoxy-geoda","favourite":false,"in_stock":true,"avatar":"454965_avatar_1633698728.jpeg","delete_from":0,"is_enhanced_background":false,"is_enhanced":false,"product_selection_started":false,"is_active":true,"image_webp_url":"https:\/\/www.meska.hu\/img\/product\/small\/m\/a\/mariart_product_454965_250924143248_577950.webp"},{"id":"5926731","shop_id":"34798","user_id":"454965","shop_name":"MariArt","shop_zip":"3395","product_code":"5622986","product_name_old":null,"product_name":"Epoxy geoda","category_string":"M\u0171v\u00e9szet, Festm\u00e9ny, \u00dcvegfestm\u00e9ny","technic_string":"Mindenm\u00e1s","category_1":"357","category_2":"358","category_3":"1325","category_4":"0","merged_category_1":null,"merged_category_2":null,"merged_category_3":null,"technic_1":"493","technic_2":"0","technic_3":"0","color_1":"512","color_2":"522","color_3":"568","product_description_old":null,"product_description":"Epoxy geoda. Mint egy \u00e1sv\u00e1ny. Sz\u00ednei meleg narancs \u00e9s lil\u00e1s \u00e1rnyalatok melyeket sz\u00e9pen eg\u00e9sz\u00edt ki az arany. Fel\u00fclet\u00e9ben \u00fcvegkrist\u00e1lyok vannak. Sz\u00e9leit f\u00fcstarannyal fedtem, \u00edgy keret n\u00e9lk\u00fcl is j\u00f3l fest. \nM\u00e9rete: 17, 5x34 cm. \n","price":"25000.00","unit":"db","recommended":"0","status":"1","sponsored":"0","exp_notify":"0","own_material":"0","own_material_description_old":null,"own_material_description":"","jury":"0","jury_number":"","product_nature":"","meskaracsony":"0","create_date":"2026-03-11 14:24:00","shelve_id":"0","image":"mariart_product_454965_250924151948_103274.jpeg","image_width":"480","image_height":"935","image_alt":"Epoxy geoda, Epoxy geoda. Mint egy \u00e1sv\u00e1ny. Sz\u00ednei meleg narancs \u00e9s lil\u00e1s \u00e1rnyalatok melyeket sz\u00e9pen eg\u00e9sz\u00edt ki az..., Meska","image_title":"Epoxy geoda, Meska","view_count":"181","favourite_count":"1","trending_score":"0","last2MonthFavouriteCount":"1","promotion":"0","giftcard_accept":"0","creditcard_accept":true,"enhanced_background":"0","domain":"meska","specific_customer_id":null,"specific_customer_name":null,"to_order_product":"0","to_order_product_time":"0","product_different":null,"product_different_description":"","vintage":"0","vintage_category_id":"0","recycled":"0","gemstone_id":"0","customizable":"0","type_category":"physical","zerowaste":"0","postage_price":"1290.00","shop_order":"0","has_category":"1","landing_pages":null,"microdata":{"number":26,"category":""},"title":"Epoxy geoda","description":"Epoxy geoda. Mint egy \u00e1sv\u00e1ny. Sz\u00ednei meleg narancs \u00e9s lil\u00e1s \u00e1rnyalatok melyeket sz\u00e9pen eg\u00e9sz\u00edt ki az arany. Fel\u00fclet\u00e9ben \u00fcvegkrist\u00e1lyok vannak. Sz\u00e9leit f\u00fcstarannyal fedtem, \u00edgy keret n\u00e9lk\u00fcl is j\u00f3l fest. \nM\u00e9rete: 17, 5x34 cm. \n","score":0,"formatted_price":"25 000 Ft","image_url":"https:\/\/www.meska.hu\/img\/product\/small\/m\/a\/mariart_product_454965_250924151948_103274.jpeg","formatted_url":"https:\/\/www.meska.hu\/p5622986-epoxy-geoda","favourite":false,"in_stock":true,"avatar":"454965_avatar_1633698728.jpeg","delete_from":0,"is_enhanced_background":false,"is_enhanced":false,"product_selection_started":false,"is_active":true,"image_webp_url":"https:\/\/www.meska.hu\/img\/product\/small\/m\/a\/mariart_product_454965_250924151948_103274.webp"},{"id":"4508132","shop_id":"33745","user_id":"390207","shop_name":"peszlenmonika","shop_zip":"9300","product_code":"4784515","product_name_old":null,"product_name":"Csal\u00e1dfa","category_string":"M\u0171v\u00e9szet, Festm\u00e9ny, \u00dcvegfestm\u00e9ny","technic_string":"\u00dcvegm\u0171v\u00e9szet","category_1":"357","category_2":"358","category_3":"1325","category_4":"0","merged_category_1":null,"merged_category_2":null,"merged_category_3":null,"technic_1":"505","technic_2":"0","technic_3":"0","color_1":"512","color_2":"514","color_3":"529","product_description_old":null,"product_description":"Nagyon sz\u00e9p aj\u00e1nd\u00e9k sz\u00fclet\u00e9snapra, h\u00e1zass\u00e1gi \u00e9vfordul\u00f3ra, n\u00e1szaj\u00e1nd\u00e9kba. A csal\u00e1dfa fel\u00e9p\u00edt\u00e9s\u00e9t tekintve t\u00f6bb fajt\u00e1ja ismert. Ez egy vegyes csal\u00e1dfa, ami saj\u00e1t tervez\u00e9s\u0171, egyedi elk\u00e9pzel\u00e9s alapj\u00e1n val\u00f3sult meg. A t\u00f6rzsb\u0151l el\u00e1gazva az als\u00f3 \u00e1gon a nagysz\u00fcl\u0151k, felette a sz\u00fcl\u0151k tal\u00e1lhat\u00f3k. A harmadik \u00e1gon \u00e9n \u00e9s p\u00e1rom ill. testv\u00e9reink \u00e9s f\u00e9rjeik helyezkednek el. A legfels\u0151 \u00e1g a gyermekek nev\u00e9vel v\u00e9gz\u0151dik.\nAz \u0151s\u00f6k \u00e9s a sz\u0171k csal\u00e1d egy\u00fctt szerepel ezen az 40x50 cm-es \u00fcvegfel\u00fcleten. A k\u00e9p \u00e1ra fekete fa kerettel egy\u00fctt \u00e9rtend\u0151.\nA nevek kont\u00far fest\u00e9kkel k\u00e9sz\u00fcltek.\n\nVan lehet\u0151s\u00e9g m\u00e1s m\u00e9retben k\u00e9rni!!\n30x40 cm:  29.900 ft\n40x50 cm:  39.900 ft\n50x70 cm:   49.900 ft\n Term\u00e9szetesen az \u00e1rak kerettel egy\u00fctt \u00e9rtend\u0151k.                        ","price":"39900.00","unit":"db","recommended":"0","status":"1","sponsored":"0","exp_notify":"0","own_material":"0","own_material_description_old":null,"own_material_description":"","jury":"0","jury_number":"","product_nature":"","meskaracsony":"0","create_date":"2026-03-11 13:40:04","shelve_id":"68391","image":"peszlenmonika_product_390207_220926134635_28327.jpeg","image_width":"480","image_height":"360","image_alt":"Csal\u00e1dfa, Nagyon sz\u00e9p aj\u00e1nd\u00e9k sz\u00fclet\u00e9snapra, h\u00e1zass\u00e1gi \u00e9vfordul\u00f3ra, n\u00e1szaj\u00e1nd\u00e9kba. A csal\u00e1dfa fel\u00e9p\u00edt\u00e9s\u00e9t teki..., Meska","image_title":"Csal\u00e1dfa, Meska","view_count":"2065","favourite_count":"0","trending_score":"0","last2MonthFavouriteCount":"0","promotion":"0","giftcard_accept":"0","creditcard_accept":true,"enhanced_background":"0","domain":"meska","specific_customer_id":null,"specific_customer_name":null,"to_order_product":"1","to_order_product_time":"10","product_different":null,"product_different_description":"","vintage":"0","vintage_category_id":"0","recycled":"0","gemstone_id":"0","customizable":"1","type_category":"physical","zerowaste":"0","postage_price":"4500.00","shop_order":"0","has_category":"1","landing_pages":null,"microdata":{"number":27,"category":""},"title":"Csal\u00e1dfa","description":"Nagyon sz\u00e9p aj\u00e1nd\u00e9k sz\u00fclet\u00e9snapra, h\u00e1zass\u00e1gi \u00e9vfordul\u00f3ra, n\u00e1szaj\u00e1nd\u00e9kba. A csal\u00e1dfa fel\u00e9p\u00edt\u00e9s\u00e9t tekintve t\u00f6bb fajt\u00e1ja ismert. Ez egy vegyes csal\u00e1dfa, ami saj\u00e1t tervez\u00e9s\u0171, egyedi elk\u00e9pzel\u00e9s alapj\u00e1n val\u00f3sult meg. A t\u00f6rzsb\u0151l el\u00e1gazva az als\u00f3 \u00e1gon a nagysz\u00fcl\u0151k, felette a sz\u00fcl\u0151k tal\u00e1lhat\u00f3k. A harmadik \u00e1gon \u00e9n \u00e9s p\u00e1rom ill. testv\u00e9reink \u00e9s f\u00e9rjeik helyezkednek el. A legfels\u0151 \u00e1g a gyermekek nev\u00e9vel v\u00e9gz\u0151dik.\nAz \u0151s\u00f6k \u00e9s a sz\u0171k csal\u00e1d egy\u00fctt szerepel ezen az 40x50 cm-es \u00fcvegfel\u00fcleten. A k\u00e9p \u00e1ra fekete fa kerettel egy\u00fctt \u00e9rtend\u0151.\nA nevek kont\u00far fest\u00e9kkel k\u00e9sz\u00fcltek.\n\nVan lehet\u0151s\u00e9g m\u00e1s m\u00e9retben k\u00e9rni!!\n30x40 cm:  29.900 ft\n40x50 cm:  39.900 ft\n50x70 cm:   49.900 ft\n Term\u00e9szetesen az \u00e1rak kerettel egy\u00fctt \u00e9rtend\u0151k.                        ","score":0,"formatted_price":"39 900 Ft","image_url":"https:\/\/www.meska.hu\/img\/product\/small\/p\/e\/peszlenmonika_product_390207_220926134635_28327.jpeg","formatted_url":"https:\/\/www.meska.hu\/p4784515-csaladfa","favourite":false,"in_stock":false,"avatar":"peszlenmonika_avatar_390207_1623150181.jpg","delete_from":0,"is_enhanced_background":false,"is_enhanced":false,"product_selection_started":false,"is_active":true,"image_webp_url":"https:\/\/www.meska.hu\/img\/product\/small\/p\/e\/peszlenmonika_product_390207_220926134635_28327.webp"},{"id":"4828776","shop_id":"690","user_id":"2092","shop_name":"Boriboszi","shop_zip":"2030","product_code":"4974047","product_name_old":null,"product_name":"Vir\u00e1gba borulva - portr\u00e9, plexi\u00fcvegre festett falik\u00e9p, festm\u00e9ny 30x40cm","category_string":"M\u0171v\u00e9szet, Festm\u00e9ny, \u00dcvegfestm\u00e9ny","technic_string":"Festett t\u00e1rgyak, \u00dcvegm\u0171v\u00e9szet","category_1":"357","category_2":"358","category_3":"1325","category_4":"0","merged_category_1":null,"merged_category_2":null,"merged_category_3":null,"technic_1":"481","technic_2":"505","technic_3":"0","color_1":"532","color_2":"0","color_3":"0","product_description_old":null,"product_description":"Csod\u00e1s f\u00f3kuszpontja lehet ez a modern st\u00edlus\u00fa, egyedi vid\u00e1m, vir\u00e1gos \u00fcvegfestm\u00e9ny a lak\u00e1s b\u00e1rmelyik pontj\u00e1nak.\n\nKi mondta, hogy az ez\u00fcst \u00e9s az arany sz\u00edn nem f\u00e9r meg egym\u00e1ssal?\nA mint\u00e1kat arany kont\u00farral emeltem ki, \u00e1m keretv\u00e1laszt\u00e1skor - meglep\u0151 m\u00f3don - az ez\u00fcst jobban passzolt a k\u00e9p hangulat\u00e1hoz, \u00e9s sokkal jobban ki is emelte a mot\u00edvumokat.\n\nK\u00fcl\u00f6nlegess\u00e9gei:\n- hab\u00e1r az arc realisztikus hat\u00e1s\u00fa, a vir\u00e1gokat tudatosan stiliz\u00e1ltan festettem meg,\n- a h\u00e1tteret bord\u00f3s barna sz\u00edn\u0171re festettem, ett\u0151l m\u00e9g intenz\u00edvebbek a sz\u00ednek\n\nM\u00e9ret: 30x40cm, + keret (mdf).\n\nA keret h\u00e1tlapj\u00e1n egy akaszt\u00f3 tal\u00e1lhat\u00f3, \u00edgy falik\u00e9pk\u00e9nt funkcion\u00e1l.\n\n\u200bAlapanyagok: plexi\u00fcveg, \u00fcvegfest\u00e9k, fa, pap\u00edr (T\u00f6r\u00e9keny!)\n\n(Hab\u00e1r ez nem \u00fcveg, hanem plexi, de javasolt a szem\u00e9lyes \u00e1tv\u00e9tel lehets\u00e9ges (\u00c9rden), t\u00f6r\u00e9kenyk\u00e9nt post\u00e1zva kb. 5e Ft.)","price":"65000.00","unit":"db","recommended":"0","status":"1","sponsored":"0","exp_notify":"0","own_material":"0","own_material_description_old":null,"own_material_description":"","jury":"0","jury_number":"","product_nature":"","meskaracsony":"0","create_date":"2026-03-07 21:16:33","shelve_id":"1565","image":"boriboszi_product_2092_230513200154_105180.jpeg","image_width":"480","image_height":"537","image_alt":"Vir\u00e1gba borulva - portr\u00e9, plexi\u00fcvegre festett falik\u00e9p, festm\u00e9ny 30x40cm, Csod\u00e1s f\u00f3kuszpontja lehet ez a modern st\u00edlus\u00fa, egyedi vid\u00e1m, vir\u00e1gos \u00fcvegfestm\u00e9ny a lak\u00e1s b\u00e1rmelyik ..., Meska","image_title":"Vir\u00e1gba borulva - portr\u00e9, plexi\u00fcvegre festett falik\u00e9p, festm\u00e9ny 30x40cm, Meska","view_count":"992","favourite_count":"0","trending_score":"0","last2MonthFavouriteCount":"0","promotion":"0","giftcard_accept":"1","creditcard_accept":false,"enhanced_background":"0","domain":"meska","specific_customer_id":null,"specific_customer_name":null,"to_order_product":"0","to_order_product_time":"0","product_different":null,"product_different_description":"","vintage":"0","vintage_category_id":"0","recycled":"0","gemstone_id":"0","customizable":"0","type_category":"physical","zerowaste":"0","postage_price":"1250.00","shop_order":"0","has_category":"1","landing_pages":null,"microdata":{"number":28,"category":""},"title":"Vir\u00e1gba borulva - portr\u00e9, plexi\u00fcvegre festett falik\u00e9p, festm\u00e9ny 30x40cm","description":"Csod\u00e1s f\u00f3kuszpontja lehet ez a modern st\u00edlus\u00fa, egyedi vid\u00e1m, vir\u00e1gos \u00fcvegfestm\u00e9ny a lak\u00e1s b\u00e1rmelyik pontj\u00e1nak.\n\nKi mondta, hogy az ez\u00fcst \u00e9s az arany sz\u00edn nem f\u00e9r meg egym\u00e1ssal?\nA mint\u00e1kat arany kont\u00farral emeltem ki, \u00e1m keretv\u00e1laszt\u00e1skor - meglep\u0151 m\u00f3don - az ez\u00fcst jobban passzolt a k\u00e9p hangulat\u00e1hoz, \u00e9s sokkal jobban ki is emelte a mot\u00edvumokat.\n\nK\u00fcl\u00f6nlegess\u00e9gei:\n- hab\u00e1r az arc realisztikus hat\u00e1s\u00fa, a vir\u00e1gokat tudatosan stiliz\u00e1ltan festettem meg,\n- a h\u00e1tteret bord\u00f3s barna sz\u00edn\u0171re festettem, ett\u0151l m\u00e9g intenz\u00edvebbek a sz\u00ednek\n\nM\u00e9ret: 30x40cm, + keret (mdf).\n\nA keret h\u00e1tlapj\u00e1n egy akaszt\u00f3 tal\u00e1lhat\u00f3, \u00edgy falik\u00e9pk\u00e9nt funkcion\u00e1l.\n\n\u200bAlapanyagok: plexi\u00fcveg, \u00fcvegfest\u00e9k, fa, pap\u00edr (T\u00f6r\u00e9keny!)\n\n(Hab\u00e1r ez nem \u00fcveg, hanem plexi, de javasolt a szem\u00e9lyes \u00e1tv\u00e9tel lehets\u00e9ges (\u00c9rden), t\u00f6r\u00e9kenyk\u00e9nt post\u00e1zva kb. 5e Ft.)","score":0,"formatted_price":"65 000 Ft","image_url":"https:\/\/www.meska.hu\/img\/product\/small\/b\/o\/boriboszi_product_2092_230513200154_105180.jpeg","formatted_url":"https:\/\/www.meska.hu\/p4974047-viragba-borulva-portre-plexiuvegre-festett-falikep-festmeny-30x40cm","favourite":false,"in_stock":true,"avatar":"2092_avatar_1761491172.jpeg","delete_from":0,"is_enhanced_background":false,"is_enhanced":false,"product_selection_started":false,"is_active":true,"image_webp_url":"https:\/\/www.meska.hu\/img\/product\/small\/b\/o\/boriboszi_product_2092_230513200154_105180.webp"},{"id":"5419695","shop_id":"612","user_id":"1858","shop_name":"Barbo","shop_zip":"1039","product_code":"5334134","product_name_old":null,"product_name":"K\u00ednai S\u00e1rk\u00e1ny - \u00fcvegfestm\u00e9ny","category_string":"M\u0171v\u00e9szet, Festm\u00e9ny, \u00dcvegfestm\u00e9ny","technic_string":"Festett t\u00e1rgyak, \u00dcvegm\u0171v\u00e9szet","category_1":"357","category_2":"358","category_3":"1325","category_4":"0","merged_category_1":null,"merged_category_2":null,"merged_category_3":null,"technic_1":"481","technic_2":"505","technic_3":"0","color_1":"512","color_2":"529","color_3":"0","product_description_old":null,"product_description":"\u00dcveglapra festett k\u00e9p, fa keretben.\nKeret n\u00e9lk\u00fcl 20 cm sz\u00e9les, 30 cm magas.\n\nHa fizet\u00e9ssel, \u00e1tv\u00e9tellel kapcsolatos k\u00e9rd\u00e9sed van, a Sz\u00e1ll\u00edt\u00e1si inf\u00f3k f\u00fclre kattintva megtal\u00e1lhatod a v\u00e1laszt. Egy\u00e9b k\u00e9rd\u00e9sekkel keress b\u00e1tran bels\u0151 \u00fczenetben.\n\nK\u00f6sz\u00f6n\u00f6m, hogy megtekintetted a port\u00e9k\u00e1mat.                         ","price":"16000.00","unit":"db","recommended":"0","status":"1","sponsored":"0","exp_notify":"0","own_material":"0","own_material_description_old":null,"own_material_description":"","jury":"0","jury_number":"","product_nature":"","meskaracsony":"0","create_date":"2026-03-07 21:03:56","shelve_id":"8101","image":"barbo_product_1858_240721210411_8893.jpeg","image_width":"480","image_height":"588","image_alt":"K\u00ednai S\u00e1rk\u00e1ny - \u00fcvegfestm\u00e9ny, \u00dcveglapra festett k\u00e9p, fa keretben.\\nKeret n\u00e9lk\u00fcl 20 cm sz\u00e9les, 30 cm magas.\\n\\nHa fizet\u00e9ssel, \u00e1tv\u00e9tell..., Meska","image_title":"K\u00ednai S\u00e1rk\u00e1ny - \u00fcvegfestm\u00e9ny, Meska","view_count":"638","favourite_count":"0","trending_score":"0","last2MonthFavouriteCount":"0","promotion":"0","giftcard_accept":"1","creditcard_accept":false,"enhanced_background":"0","domain":"meska","specific_customer_id":null,"specific_customer_name":null,"to_order_product":"0","to_order_product_time":"0","product_different":null,"product_different_description":"","vintage":"0","vintage_category_id":"0","recycled":"0","gemstone_id":"0","customizable":"0","type_category":"physical","zerowaste":"0","postage_price":"2390.00","shop_order":"0","has_category":"1","landing_pages":null,"microdata":{"number":29,"category":""},"title":"K\u00ednai S\u00e1rk\u00e1ny - \u00fcvegfestm\u00e9ny","description":"\u00dcveglapra festett k\u00e9p, fa keretben.\nKeret n\u00e9lk\u00fcl 20 cm sz\u00e9les, 30 cm magas.\n\nHa fizet\u00e9ssel, \u00e1tv\u00e9tellel kapcsolatos k\u00e9rd\u00e9sed van, a Sz\u00e1ll\u00edt\u00e1si inf\u00f3k f\u00fclre kattintva megtal\u00e1lhatod a v\u00e1laszt. Egy\u00e9b k\u00e9rd\u00e9sekkel keress b\u00e1tran bels\u0151 \u00fczenetben.\n\nK\u00f6sz\u00f6n\u00f6m, hogy megtekintetted a port\u00e9k\u00e1mat.                         ","score":0,"formatted_price":"16 000 Ft","image_url":"https:\/\/www.meska.hu\/img\/product\/small\/b\/a\/barbo_product_1858_240721210411_8893.jpeg","formatted_url":"https:\/\/www.meska.hu\/p5334134-kinai-sarkany-uvegfestmeny","favourite":false,"in_stock":true,"avatar":"Barbo_avatar_1858.jpg","delete_from":0,"is_enhanced_background":false,"is_enhanced":false,"product_selection_started":false,"is_active":true,"image_webp_url":"https:\/\/www.meska.hu\/img\/product\/small\/b\/a\/barbo_product_1858_240721210411_8893.webp"},{"id":"1199476","shop_id":"8093","user_id":"37147","shop_name":"KorinArt","shop_zip":"2440","product_code":"4756224","product_name_old":null,"product_name":"Sz\u00edv vir\u00e1g H\u00e1zi \u00e1ld\u00e1s - \u00dcveg, \u00dcvegk\u00e9p","category_string":"M\u0171v\u00e9szet, Festm\u00e9ny, \u00dcvegfestm\u00e9ny","technic_string":"Festett t\u00e1rgyak, \u00dcvegm\u0171v\u00e9szet","category_1":"357","category_2":"358","category_3":"1325","category_4":"0","merged_category_1":null,"merged_category_2":null,"merged_category_3":null,"technic_1":"481","technic_2":"505","technic_3":"0","color_1":"519","color_2":"525","color_3":"529","product_description_old":null,"product_description":"Savmart \u00fcvegre festett, r\u00e9zdr\u00f3ttal forrasztott \u00e9s antikolt keretez\u00e9s\u0171 k\u00e9p \n\nAblakba bel\u00f3gatva vagy fali dekor\u00e1ci\u00f3k\u00e9n haszn\u00e1lhatod illetve kedves, egyedi aj\u00e1nd\u00e9k lehet.\n\nM\u00e9rete: 14 cm x 26,5 cm\n\nSzem\u00e9lyesen \u00e1tvehet\u0151, el\u0151re egyeztetett id\u0151pontban: Budapesten \u00e9s Sz\u00e1zhalombatt\u00e1n ","price":"12450.00","unit":"db","recommended":"0","status":"1","sponsored":"0","exp_notify":"0","own_material":"0","own_material_description_old":null,"own_material_description":"","jury":"0","jury_number":"","product_nature":"","meskaracsony":"0","create_date":"2026-03-06 10:27:28","shelve_id":"43019","image":"korinart_product_37147_230322184304_995430.jpeg","image_width":"480","image_height":"481","image_alt":"Sz\u00edv vir\u00e1g H\u00e1zi \u00e1ld\u00e1s - \u00dcveg, \u00dcvegk\u00e9p, Savmart \u00fcvegre festett, r\u00e9zdr\u00f3ttal forrasztott \u00e9s antikolt keretez\u00e9s\u0171 k\u00e9p \\n\\nAblakba bel\u00f3gatva vagy f..., Meska","image_title":"Sz\u00edv vir\u00e1g H\u00e1zi \u00e1ld\u00e1s - \u00dcveg, \u00dcvegk\u00e9p, Meska","view_count":"1298","favourite_count":"0","trending_score":"0","last2MonthFavouriteCount":"0","promotion":"0","giftcard_accept":"1","creditcard_accept":false,"enhanced_background":"0","domain":"meska","specific_customer_id":null,"specific_customer_name":null,"to_order_product":"1","to_order_product_time":"6","product_different":"quite_different","product_different_description":"Sz\u00edn\u00e1rnyalatokban elt\u00e9r\u00e9s lehets\u00e9ges.","vintage":"0","vintage_category_id":"0","recycled":"0","gemstone_id":"0","customizable":"0","type_category":"physical","zerowaste":"0","postage_price":"2100.00","shop_order":"1","has_category":"1","landing_pages":null,"microdata":{"number":30,"category":""},"title":"Sz\u00edv vir\u00e1g H\u00e1zi \u00e1ld\u00e1s - \u00dcveg, \u00dcvegk\u00e9p","description":"Savmart \u00fcvegre festett, r\u00e9zdr\u00f3ttal forrasztott \u00e9s antikolt keretez\u00e9s\u0171 k\u00e9p \n\nAblakba bel\u00f3gatva vagy fali dekor\u00e1ci\u00f3k\u00e9n haszn\u00e1lhatod illetve kedves, egyedi aj\u00e1nd\u00e9k lehet.\n\nM\u00e9rete: 14 cm x 26,5 cm\n\nSzem\u00e9lyesen \u00e1tvehet\u0151, el\u0151re egyeztetett id\u0151pontban: Budapesten \u00e9s Sz\u00e1zhalombatt\u00e1n ","score":0,"formatted_price":"12 450 Ft","image_url":"https:\/\/www.meska.hu\/img\/product\/small\/k\/o\/korinart_product_37147_230322184304_995430.jpeg","formatted_url":"https:\/\/www.meska.hu\/p4756224-sziv-virag-hazi-aldas-uveg-uvegkep","favourite":false,"in_stock":false,"avatar":"India_avatar_37147.jpg","delete_from":0,"is_enhanced_background":false,"is_enhanced":false,"product_selection_started":false,"is_active":true,"image_webp_url":"https:\/\/www.meska.hu\/img\/product\/small\/k\/o\/korinart_product_37147_230322184304_995430.webp"},{"id":"3460543","shop_id":"690","user_id":"2092","shop_name":"Boriboszi","shop_zip":"2030","product_code":"4700372","product_name_old":null,"product_name":"G\u00e9sa - \u00fcvegre festett falik\u00e9p, festm\u00e9ny","category_string":"M\u0171v\u00e9szet, Festm\u00e9ny, \u00dcvegfestm\u00e9ny","technic_string":"Festett t\u00e1rgyak, \u00dcvegm\u0171v\u00e9szet","category_1":"357","category_2":"358","category_3":"1325","category_4":"0","merged_category_1":null,"merged_category_2":null,"merged_category_3":null,"technic_1":"481","technic_2":"505","technic_3":"0","color_1":"521","color_2":"522","color_3":"532","product_description_old":null,"product_description":"Egy hat\u00e1rozott, de \u00e9rz\u00e9keny G\u00e9sa szem\u00e9lyis\u00e9ge jelenik meg ezen a k\u00e9pen...\n\nEz a k\u00fcl\u00f6nleges, l\u00f3tuszokkal d\u00edsz\u00edtett g\u00e9sa  k\u00e9p vid\u00e1m sz\u00ednfoltja lehet otthonodnak, \u00e1m aj\u00e1nd\u00e9knak is t\u00f6k\u00e9letes v\u00e1laszt\u00e1s.\n\n\u200bK\u00fcl\u00f6nlegess\u00e9gei:\n- egy nagyon kedves \u00e9s tehets\u00e9ges grafikus l\u00e1ny, M\u00f3ni korai (15\u00e9vvel ezel\u0151tti!) fekete-feh\u00e9r munk\u00e1j\u00e1t k\u00e9rtem el \u00e9s dolgoztam fel. M\u00f3ni leg\u00fajabb munk\u00e1it Instagramon tal\u00e1lj\u00e1tok meg,\n- ez az els\u0151 olyan \u00fcvegfest\u00e9sem, amin\u00e9l 5f\u00e9le kont\u00fart is haszn\u00e1ltam: arany, r\u00e9z, fekete, sz\u00edntelen \u00e9s feh\u00e9r\n- az arc\u00e1t tudatosan nem \u00e1rnyaltam, hanem g\u00e9s\u00e1khoz ill\u0151en, \"vakolatszer\u0171en lealapoztam\" (ett\u0151l kicsit stiliz\u00e1lt lett),\n- a csill\u00e1mos kir\u00e1lyk\u00e9k s\u00e1v nem csak a fot\u00f3kon, hanem a val\u00f3s\u00e1gban is kicsit sz\u00edn\u00e1tmenetes, ugyanis t\u00f6bb r\u00e9teg fest\u00e9ket vittem fel: a legals\u00f3 r\u00e9teg s\u00f6t\u00e9tb\u0151l felfel\u00e9 vil\u00e1gosodik, erre festettem r\u00e1 a s\u00f6t\u00e9tk\u00e9ket \u00e9s sz\u00f3rtam meg csoda sz\u00e9p s\u00f6t\u00e9tk\u00e9k csill\u00e1mporral.\n\nSz\u00ednes g\u00e9sa festm\u00e9nyem  sz\u00edn \u00e9s formavil\u00e1ga miatt sz\u00e1mos k\u00f6rnyezetben megfelel\u0151 otthonra tal\u00e1lhat.\n\nTeljes m\u00e9ret: 23x32cm, feh\u00e9r sz\u00edn\u0171, egyszer\u0171 fa keretben.\nFestett minta m\u00e9rete: 16,5x21cm (2mm vastag \u00fcveggel)\nA keret h\u00e1tlapj\u00e1n akaszt\u00f3 \u00e9s t\u00e1maszt\u00e9k is tal\u00e1lhat\u00f3, \u00edgy falik\u00e9pk\u00e9nt \u00e9s asztali \u00e1ll\u00f3k\u00e9pk\u00e9nt funkcion\u00e1lhat.\n\u200bAlapanyagok: \u00fcveg, fest\u00e9k, fa, pap\u00edr\nT\u00f6r\u00e9keny!\n\n\u200bAz \u00fcvegt\u00e1rgyak eset\u00e9ben kiz\u00e1r\u00f3lag szem\u00e9lyes \u00e1tv\u00e9tel lehets\u00e9ges (\u00c9rden), ill. t\u00f6r\u00e9kenyk\u00e9nt tudom feladni (d\u00edja kb.5e Ft, ld. Posta).","price":"27500.00","unit":"db","recommended":"0","status":"1","sponsored":"0","exp_notify":"0","own_material":"0","own_material_description_old":null,"own_material_description":"","jury":"0","jury_number":"","product_nature":"","meskaracsony":"0","create_date":"2026-03-05 21:29:48","shelve_id":"1565","image":"boriboszi_product_2092_220710213955_71673.jpeg","image_width":"480","image_height":"600","image_alt":"G\u00e9sa - \u00fcvegre festett falik\u00e9p, festm\u00e9ny, Egy hat\u00e1rozott, de \u00e9rz\u00e9keny G\u00e9sa szem\u00e9lyis\u00e9ge jelenik meg ezen a k\u00e9pen...\\n\\nEz a k\u00fcl\u00f6nleges, l\u00f3tuszok..., Meska","image_title":"G\u00e9sa - \u00fcvegre festett falik\u00e9p, festm\u00e9ny, Meska","view_count":"1482","favourite_count":"0","trending_score":"0","last2MonthFavouriteCount":"0","promotion":"0","giftcard_accept":"1","creditcard_accept":false,"enhanced_background":"0","domain":"meska","specific_customer_id":null,"specific_customer_name":null,"to_order_product":"0","to_order_product_time":"0","product_different":null,"product_different_description":"","vintage":"0","vintage_category_id":"0","recycled":"0","gemstone_id":"0","customizable":"0","type_category":"physical","zerowaste":"0","postage_price":"1250.00","shop_order":"0","has_category":"1","landing_pages":null,"microdata":{"number":31,"category":""},"title":"G\u00e9sa - \u00fcvegre festett falik\u00e9p, festm\u00e9ny","description":"Egy hat\u00e1rozott, de \u00e9rz\u00e9keny G\u00e9sa szem\u00e9lyis\u00e9ge jelenik meg ezen a k\u00e9pen...\n\nEz a k\u00fcl\u00f6nleges, l\u00f3tuszokkal d\u00edsz\u00edtett g\u00e9sa  k\u00e9p vid\u00e1m sz\u00ednfoltja lehet otthonodnak, \u00e1m aj\u00e1nd\u00e9knak is t\u00f6k\u00e9letes v\u00e1laszt\u00e1s.\n\n\u200bK\u00fcl\u00f6nlegess\u00e9gei:\n- egy nagyon kedves \u00e9s tehets\u00e9ges grafikus l\u00e1ny, M\u00f3ni korai (15\u00e9vvel ezel\u0151tti!) fekete-feh\u00e9r munk\u00e1j\u00e1t k\u00e9rtem el \u00e9s dolgoztam fel. M\u00f3ni leg\u00fajabb munk\u00e1it Instagramon tal\u00e1lj\u00e1tok meg,\n- ez az els\u0151 olyan \u00fcvegfest\u00e9sem, amin\u00e9l 5f\u00e9le kont\u00fart is haszn\u00e1ltam: arany, r\u00e9z, fekete, sz\u00edntelen \u00e9s feh\u00e9r\n- az arc\u00e1t tudatosan nem \u00e1rnyaltam, hanem g\u00e9s\u00e1khoz ill\u0151en, \"vakolatszer\u0171en lealapoztam\" (ett\u0151l kicsit stiliz\u00e1lt lett),\n- a csill\u00e1mos kir\u00e1lyk\u00e9k s\u00e1v nem csak a fot\u00f3kon, hanem a val\u00f3s\u00e1gban is kicsit sz\u00edn\u00e1tmenetes, ugyanis t\u00f6bb r\u00e9teg fest\u00e9ket vittem fel: a legals\u00f3 r\u00e9teg s\u00f6t\u00e9tb\u0151l felfel\u00e9 vil\u00e1gosodik, erre festettem r\u00e1 a s\u00f6t\u00e9tk\u00e9ket \u00e9s sz\u00f3rtam meg csoda sz\u00e9p s\u00f6t\u00e9tk\u00e9k csill\u00e1mporral.\n\nSz\u00ednes g\u00e9sa festm\u00e9nyem  sz\u00edn \u00e9s formavil\u00e1ga miatt sz\u00e1mos k\u00f6rnyezetben megfelel\u0151 otthonra tal\u00e1lhat.\n\nTeljes m\u00e9ret: 23x32cm, feh\u00e9r sz\u00edn\u0171, egyszer\u0171 fa keretben.\nFestett minta m\u00e9rete: 16,5x21cm (2mm vastag \u00fcveggel)\nA keret h\u00e1tlapj\u00e1n akaszt\u00f3 \u00e9s t\u00e1maszt\u00e9k is tal\u00e1lhat\u00f3, \u00edgy falik\u00e9pk\u00e9nt \u00e9s asztali \u00e1ll\u00f3k\u00e9pk\u00e9nt funkcion\u00e1lhat.\n\u200bAlapanyagok: \u00fcveg, fest\u00e9k, fa, pap\u00edr\nT\u00f6r\u00e9keny!\n\n\u200bAz \u00fcvegt\u00e1rgyak eset\u00e9ben kiz\u00e1r\u00f3lag szem\u00e9lyes \u00e1tv\u00e9tel lehets\u00e9ges (\u00c9rden), ill. t\u00f6r\u00e9kenyk\u00e9nt tudom feladni (d\u00edja kb.5e Ft, ld. Posta).","score":0,"formatted_price":"27 500 Ft","image_url":"https:\/\/www.meska.hu\/img\/product\/small\/b\/o\/boriboszi_product_2092_220710213955_71673.jpeg","formatted_url":"https:\/\/www.meska.hu\/p4700372-gesa-uvegre-festett-falikep-festmeny","favourite":false,"in_stock":true,"avatar":"2092_avatar_1761491172.jpeg","delete_from":0,"is_enhanced_background":false,"is_enhanced":false,"product_selection_started":false,"is_active":true,"image_webp_url":"https:\/\/www.meska.hu\/img\/product\/small\/b\/o\/boriboszi_product_2092_220710213955_71673.webp"},{"id":"4908644","shop_id":"690","user_id":"2092","shop_name":"Boriboszi","shop_zip":"2030","product_code":"5020518","product_name_old":null,"product_name":"Szabadon - plexi\u00fcvegre festett falik\u00e9p, \u00fcvegfestm\u00e9ny 30x40cm","category_string":"M\u0171v\u00e9szet, Festm\u00e9ny, \u00dcvegfestm\u00e9ny","technic_string":"Festett t\u00e1rgyak, \u00dcvegm\u0171v\u00e9szet","category_1":"357","category_2":"358","category_3":"1325","category_4":"0","merged_category_1":null,"merged_category_2":null,"merged_category_3":null,"technic_1":"481","technic_2":"505","technic_3":"0","color_1":"532","color_2":"0","color_3":"0","product_description_old":null,"product_description":"Ha szereted a soksz\u00edn\u0171s\u00e9get, esetleg \u00e9leted a t\u00e1nc, vagy egyszer\u0171en csak beleszerett\u00e9l ebbe a k\u00e9pbe, ne habozz, hiszen minden festm\u00e9nyem egyedi \u00e9s megism\u00e9telhetetlen. :)\n\nCsod\u00e1s f\u00f3kuszpontja lehet ez a modern st\u00edlus\u00fa, egyszerre vid\u00e1m l\u00e1gy, er\u0151teljes, k\u00f6nnyed, felemel\u0151 \u00fcvegfestm\u00e9ny a lak\u00e1s b\u00e1rmelyik pontj\u00e1nak.\n\nK\u00fcl\u00f6nlegess\u00e9gei:\n- hab\u00e1r a fot\u00f3n alig (de \u00e9l\u0151ben igen!) l\u00e1tszik, de a fekete h\u00e1tt\u00e9rbe arany csill\u00e1mport sz\u00f3rtam,\n- a l\u00e1gyan es\u0151, sz\u00ednj\u00e1tsz\u00f3 selyem hat\u00e1s\u00e1t er\u0151s\u00edtend\u0151, az \u00fcvegfest\u00e9kbe itt-ott k\u00fcl\u00f6nleges pigmentporokat kevertem (ett\u0151l m\u00e9g selymesebb-l\u00e1gyabb hat\u00e1st kelt)\n\nM\u00e9ret: 30x40cm, + egyszer\u0171 fekete keret (mdf).\nA keret h\u00e1tlapj\u00e1n egy akaszt\u00f3 tal\u00e1lhat\u00f3, \u00edgy falik\u00e9pk\u00e9nt funkcion\u00e1l.\n\u200bAlapanyagok: plexi\u00fcveg, \u00fcvegfest\u00e9k, fa, pap\u00edr (T\u00f6r\u00e9keny!)\n\nHab\u00e1r ez plexi\u00fcveg, de javasolt a szem\u00e9lyes \u00e1tv\u00e9tel (\u00c9rden), t\u00f6r\u00e9kenyk\u00e9nt post\u00e1zva kb. 5e Ft a sz\u00e1ll\u00edt\u00e1si d\u00edja.","price":"59500.00","unit":"db","recommended":"0","status":"1","sponsored":"0","exp_notify":"0","own_material":"0","own_material_description_old":null,"own_material_description":"","jury":"0","jury_number":"","product_nature":"","meskaracsony":"0","create_date":"2026-03-05 21:29:31","shelve_id":"1565","image":"boriboszi_product_2092_230721232105_692193.jpeg","image_width":"480","image_height":"629","image_alt":"Szabadon - plexi\u00fcvegre festett falik\u00e9p, \u00fcvegfestm\u00e9ny 30x40cm, Ha szereted a soksz\u00edn\u0171s\u00e9get, esetleg \u00e9leted a t\u00e1nc, vagy egyszer\u0171en csak beleszerett\u00e9l ebbe a k\u00e9pbe,..., Meska","image_title":"Szabadon - plexi\u00fcvegre festett falik\u00e9p, \u00fcvegfestm\u00e9ny 30x40cm, Meska","view_count":"671","favourite_count":"1","trending_score":"0","last2MonthFavouriteCount":"1","promotion":"0","giftcard_accept":"1","creditcard_accept":false,"enhanced_background":"0","domain":"meska","specific_customer_id":null,"specific_customer_name":null,"to_order_product":"0","to_order_product_time":"0","product_different":null,"product_different_description":"","vintage":"0","vintage_category_id":"0","recycled":"0","gemstone_id":"0","customizable":"0","type_category":"physical","zerowaste":"0","postage_price":"1250.00","shop_order":"0","has_category":"1","landing_pages":null,"microdata":{"number":32,"category":""},"title":"Szabadon - plexi\u00fcvegre festett falik\u00e9p, \u00fcvegfestm\u00e9ny 30x40cm","description":"Ha szereted a soksz\u00edn\u0171s\u00e9get, esetleg \u00e9leted a t\u00e1nc, vagy egyszer\u0171en csak beleszerett\u00e9l ebbe a k\u00e9pbe, ne habozz, hiszen minden festm\u00e9nyem egyedi \u00e9s megism\u00e9telhetetlen. :)\n\nCsod\u00e1s f\u00f3kuszpontja lehet ez a modern st\u00edlus\u00fa, egyszerre vid\u00e1m l\u00e1gy, er\u0151teljes, k\u00f6nnyed, felemel\u0151 \u00fcvegfestm\u00e9ny a lak\u00e1s b\u00e1rmelyik pontj\u00e1nak.\n\nK\u00fcl\u00f6nlegess\u00e9gei:\n- hab\u00e1r a fot\u00f3n alig (de \u00e9l\u0151ben igen!) l\u00e1tszik, de a fekete h\u00e1tt\u00e9rbe arany csill\u00e1mport sz\u00f3rtam,\n- a l\u00e1gyan es\u0151, sz\u00ednj\u00e1tsz\u00f3 selyem hat\u00e1s\u00e1t er\u0151s\u00edtend\u0151, az \u00fcvegfest\u00e9kbe itt-ott k\u00fcl\u00f6nleges pigmentporokat kevertem (ett\u0151l m\u00e9g selymesebb-l\u00e1gyabb hat\u00e1st kelt)\n\nM\u00e9ret: 30x40cm, + egyszer\u0171 fekete keret (mdf).\nA keret h\u00e1tlapj\u00e1n egy akaszt\u00f3 tal\u00e1lhat\u00f3, \u00edgy falik\u00e9pk\u00e9nt funkcion\u00e1l.\n\u200bAlapanyagok: plexi\u00fcveg, \u00fcvegfest\u00e9k, fa, pap\u00edr (T\u00f6r\u00e9keny!)\n\nHab\u00e1r ez plexi\u00fcveg, de javasolt a szem\u00e9lyes \u00e1tv\u00e9tel (\u00c9rden), t\u00f6r\u00e9kenyk\u00e9nt post\u00e1zva kb. 5e Ft a sz\u00e1ll\u00edt\u00e1si d\u00edja.","score":0,"formatted_price":"59 500 Ft","image_url":"https:\/\/www.meska.hu\/img\/product\/small\/b\/o\/boriboszi_product_2092_230721232105_692193.jpeg","formatted_url":"https:\/\/www.meska.hu\/p5020518-szabadon-plexiuvegre-festett-falikep-uvegfestmeny-30x40cm","favourite":false,"in_stock":true,"avatar":"2092_avatar_1761491172.jpeg","delete_from":0,"is_enhanced_background":false,"is_enhanced":false,"product_selection_started":false,"is_active":true,"image_webp_url":"https:\/\/www.meska.hu\/img\/product\/small\/b\/o\/boriboszi_product_2092_230721232105_692193.webp"},{"id":"5245891","shop_id":"690","user_id":"2092","shop_name":"Boriboszi","shop_zip":"2030","product_code":"5233390","product_name_old":null,"product_name":"Vir\u00e1gos k\u00e9ks\u00e9g - plexi\u00fcvegre festett falik\u00e9p, festm\u00e9ny 30x40cm","category_string":"M\u0171v\u00e9szet, Festm\u00e9ny, \u00dcvegfestm\u00e9ny","technic_string":"Festett t\u00e1rgyak, \u00dcvegm\u0171v\u00e9szet","category_1":"357","category_2":"358","category_3":"1325","category_4":"0","merged_category_1":null,"merged_category_2":null,"merged_category_3":null,"technic_1":"481","technic_2":"505","technic_3":"0","color_1":"532","color_2":"0","color_3":"0","product_description_old":null,"product_description":"Ha szereted a k\u00e9k sz\u00ednt \u00e9s a stiliz\u00e1lt vir\u00e1gokat, tal\u00e1n pont ezt a k\u00e9pet keresed otthonodba. :)\n\nCsod\u00e1s f\u00f3kuszpontja lehet ez a modern st\u00edlus\u00fa, egyedi, vir\u00e1gos \u00fcvegfestm\u00e9ny a lak\u00e1s b\u00e1rmelyik pontj\u00e1nak.\nA mint\u00e1kat ac\u00e9lk\u00e9k kont\u00farral emeltem ki. \nA h\u00e1tt\u00e9r kialak\u00edt\u00e1sakor siker\u00fclt egyfajta v\u00edzben lebeg\u0151 hat\u00e1st el\u00e9rnem. :)\n\nM\u00e9ret: 30x40cm, + keret (mdf).\n\nA keret h\u00e1tlapj\u00e1n egy akaszt\u00f3 tal\u00e1lhat\u00f3, \u00edgy falik\u00e9pk\u00e9nt funkcion\u00e1l.\n\n\u200bAlapanyagok: plexi\u00fcveg, \u00fcvegfest\u00e9k, fa, pap\u00edr (T\u00f6r\u00e9keny!)\n\n(Hab\u00e1r ez plexi\u00fcveg, de javasolt a szem\u00e9lyes \u00e1tv\u00e9tel lehets\u00e9ges (\u00c9rden), t\u00f6r\u00e9kenyk\u00e9nt post\u00e1zva kb. 5e Ft a sz\u00e1ll\u00edt\u00e1si d\u00edja.)","price":"35500.00","unit":"db","recommended":"0","status":"1","sponsored":"0","exp_notify":"0","own_material":"0","own_material_description_old":null,"own_material_description":"","jury":"0","jury_number":"","product_nature":"","meskaracsony":"0","create_date":"2026-03-05 21:26:23","shelve_id":"1565","image":"boriboszi_product_2092_230721223650_660164.jpeg","image_width":"480","image_height":"640","image_alt":"Vir\u00e1gos k\u00e9ks\u00e9g - plexi\u00fcvegre festett falik\u00e9p, festm\u00e9ny 30x40cm, Ha szereted a k\u00e9k sz\u00ednt \u00e9s a stiliz\u00e1lt vir\u00e1gokat, tal\u00e1n pont ezt a k\u00e9pet keresed otthonodba. :)\\n\\nCso..., Meska","image_title":"Vir\u00e1gos k\u00e9ks\u00e9g - plexi\u00fcvegre festett falik\u00e9p, festm\u00e9ny 30x40cm, Meska","view_count":"486","favourite_count":"0","trending_score":"0","last2MonthFavouriteCount":"0","promotion":"0","giftcard_accept":"1","creditcard_accept":false,"enhanced_background":"0","domain":"meska","specific_customer_id":null,"specific_customer_name":null,"to_order_product":"0","to_order_product_time":"0","product_different":null,"product_different_description":"","vintage":"0","vintage_category_id":"0","recycled":"0","gemstone_id":"0","customizable":"0","type_category":"physical","zerowaste":"0","postage_price":"1250.00","shop_order":"0","has_category":"1","landing_pages":null,"microdata":{"number":33,"category":""},"title":"Vir\u00e1gos k\u00e9ks\u00e9g - plexi\u00fcvegre festett falik\u00e9p, festm\u00e9ny 30x40cm","description":"Ha szereted a k\u00e9k sz\u00ednt \u00e9s a stiliz\u00e1lt vir\u00e1gokat, tal\u00e1n pont ezt a k\u00e9pet keresed otthonodba. :)\n\nCsod\u00e1s f\u00f3kuszpontja lehet ez a modern st\u00edlus\u00fa, egyedi, vir\u00e1gos \u00fcvegfestm\u00e9ny a lak\u00e1s b\u00e1rmelyik pontj\u00e1nak.\nA mint\u00e1kat ac\u00e9lk\u00e9k kont\u00farral emeltem ki. \nA h\u00e1tt\u00e9r kialak\u00edt\u00e1sakor siker\u00fclt egyfajta v\u00edzben lebeg\u0151 hat\u00e1st el\u00e9rnem. :)\n\nM\u00e9ret: 30x40cm, + keret (mdf).\n\nA keret h\u00e1tlapj\u00e1n egy akaszt\u00f3 tal\u00e1lhat\u00f3, \u00edgy falik\u00e9pk\u00e9nt funkcion\u00e1l.\n\n\u200bAlapanyagok: plexi\u00fcveg, \u00fcvegfest\u00e9k, fa, pap\u00edr (T\u00f6r\u00e9keny!)\n\n(Hab\u00e1r ez plexi\u00fcveg, de javasolt a szem\u00e9lyes \u00e1tv\u00e9tel lehets\u00e9ges (\u00c9rden), t\u00f6r\u00e9kenyk\u00e9nt post\u00e1zva kb. 5e Ft a sz\u00e1ll\u00edt\u00e1si d\u00edja.)","score":0,"formatted_price":"35 500 Ft","image_url":"https:\/\/www.meska.hu\/img\/product\/small\/b\/o\/boriboszi_product_2092_230721223650_660164.jpeg","formatted_url":"https:\/\/www.meska.hu\/p5233390-viragos-kekseg-plexiuvegre-festett-falikep-festmeny-30x40cm","favourite":false,"in_stock":true,"avatar":"2092_avatar_1761491172.jpeg","delete_from":0,"is_enhanced_background":false,"is_enhanced":false,"product_selection_started":false,"is_active":true,"image_webp_url":"https:\/\/www.meska.hu\/img\/product\/small\/b\/o\/boriboszi_product_2092_230721223650_660164.webp"},{"id":"5215478","shop_id":"40236","user_id":"558930","shop_name":"BebiArt","shop_zip":"8600","product_code":"5213567","product_name_old":null,"product_name":"Lepke -  \u00fcvegfestm\u00e9ny","category_string":"M\u0171v\u00e9szet, Festm\u00e9ny, \u00dcvegfestm\u00e9ny","technic_string":"Fest\u00e9szet, \u00dcvegm\u0171v\u00e9szet","category_1":"357","category_2":"358","category_3":"1325","category_4":"0","merged_category_1":null,"merged_category_2":null,"merged_category_3":null,"technic_1":"480","technic_2":"505","technic_3":"0","color_1":"519","color_2":"520","color_3":"527","product_description_old":null,"product_description":"Ezt a k\u00e9pet \u00fcvegkont\u00farral \u00e9s \u00fcvegfest\u00e9kkel festettem meg. \nA k\u00e9p az \u00fcveg el\u00fcls\u0151 oldal\u00e1ra lett k\u00e9sz\u00edtve. A lepke sz\u00e1rnyaiba a fekete \u00fcvegfest\u00e9k mellett z\u00fazott \u00fcveget tettem \u00fcvegyant\u00e1ba, mely sz\u00e1rad\u00e1s ut\u00e1n stabilan a k\u00e9pen marad. \n\n\nA k\u00e9pet a fekete kerettel egy\u00fctt k\u00fcld\u00f6m. \nV\u00e1laszthat\u00f3 fa keret is hozz\u00e1, ezt a kieg\u00e9sz\u00edt\u0151k k\u00f6z\u00f6tt lehet kiv\u00e1lasztani. \n\nA k\u00e9p m\u00e9rete kerettel egy\u00fctt 22*31 cm. \n\n","price":"18000.00","unit":"db","recommended":"0","status":"1","sponsored":"0","exp_notify":"0","own_material":"0","own_material_description_old":null,"own_material_description":"","jury":"0","jury_number":"","product_nature":"","meskaracsony":"0","create_date":"2026-03-05 17:21:30","shelve_id":"75419","image":"bebiart_product_558930_240206113131_369437.jpeg","image_width":"480","image_height":"360","image_alt":"Lepke -  \u00fcvegfestm\u00e9ny, Ezt a k\u00e9pet \u00fcvegkont\u00farral \u00e9s \u00fcvegfest\u00e9kkel festettem meg. \\nA k\u00e9p az \u00fcveg el\u00fcls\u0151 oldal\u00e1ra lett k\u00e9sz\u00edt..., Meska","image_title":"Lepke -  \u00fcvegfestm\u00e9ny, Meska","view_count":"589","favourite_count":"0","trending_score":"0","last2MonthFavouriteCount":"0","promotion":"0","giftcard_accept":"0","creditcard_accept":true,"enhanced_background":"0","domain":"meska","specific_customer_id":null,"specific_customer_name":null,"to_order_product":"0","to_order_product_time":"0","product_different":null,"product_different_description":"","vintage":"0","vintage_category_id":"0","recycled":"0","gemstone_id":"0","customizable":"0","type_category":"physical","zerowaste":"0","postage_price":"4150.00","shop_order":"0","has_category":"1","landing_pages":null,"microdata":{"number":34,"category":""},"title":"Lepke -  \u00fcvegfestm\u00e9ny","description":"Ezt a k\u00e9pet \u00fcvegkont\u00farral \u00e9s \u00fcvegfest\u00e9kkel festettem meg. \nA k\u00e9p az \u00fcveg el\u00fcls\u0151 oldal\u00e1ra lett k\u00e9sz\u00edtve. A lepke sz\u00e1rnyaiba a fekete \u00fcvegfest\u00e9k mellett z\u00fazott \u00fcveget tettem \u00fcvegyant\u00e1ba, mely sz\u00e1rad\u00e1s ut\u00e1n stabilan a k\u00e9pen marad. \n\n\nA k\u00e9pet a fekete kerettel egy\u00fctt k\u00fcld\u00f6m. \nV\u00e1laszthat\u00f3 fa keret is hozz\u00e1, ezt a kieg\u00e9sz\u00edt\u0151k k\u00f6z\u00f6tt lehet kiv\u00e1lasztani. \n\nA k\u00e9p m\u00e9rete kerettel egy\u00fctt 22*31 cm. \n\n","score":0,"formatted_price":"18 000 Ft","image_url":"https:\/\/www.meska.hu\/img\/product\/small\/b\/e\/bebiart_product_558930_240206113131_369437.jpeg","formatted_url":"https:\/\/www.meska.hu\/p5213567-lepke-uvegfestmeny","favourite":false,"in_stock":true,"avatar":"558930_avatar_1707585199.jpeg","delete_from":0,"is_enhanced_background":false,"is_enhanced":false,"product_selection_started":false,"is_active":true,"image_webp_url":"https:\/\/www.meska.hu\/img\/product\/small\/b\/e\/bebiart_product_558930_240206113131_369437.webp"},{"id":"4762607","shop_id":"40236","user_id":"558930","shop_name":"BebiArt","shop_zip":"8600","product_code":"4936552","product_name_old":null,"product_name":"Boldog macik - \u00fcvegfest\u00e9s ","category_string":"M\u0171v\u00e9szet, Festm\u00e9ny, \u00dcvegfestm\u00e9ny","technic_string":"\u00dcvegm\u0171v\u00e9szet, Fest\u00e9szet","category_1":"357","category_2":"358","category_3":"1325","category_4":"0","merged_category_1":null,"merged_category_2":null,"merged_category_3":null,"technic_1":"505","technic_2":"480","technic_3":"0","color_1":"514","color_2":"519","color_3":"523","product_description_old":null,"product_description":"A macikat \u00e9s a LOVE feliratot \u00fcvegre festettem \u00fcvegfest\u00e9kkel \u00e9s kont\u00farral.  A h\u00e1tteret feh\u00e9r akrilspary-vel f\u00fajtam meg.\nA szivecsk\u00e9k \u00fcveggyant\u00e1val k\u00e9sz\u00fcltek \u00e9s 3D hat\u00e1st keltenek a k\u00e9pen. \n\nA f\u00e9nyk\u00e9p az eredeti sz\u00edneket sajnos nem teljes val\u00f3j\u00e1ban adja vissza. A val\u00f3s\u00e1gban sokkal \u00e9l\u00e9nkebbek.\n\nA k\u00e9pet a feh\u00e9r kerettel egy\u00fctt k\u00fcld\u00f6m. V\u00e1laszthat\u00f3 fa keret is hozz\u00e1, ezt a kieg\u00e9sz\u00edt\u0151k k\u00f6z\u00f6tt lehet kiv\u00e1lasztani.  \n\nA k\u00e9p m\u00e9rete kerettel egy\u00fctt 22*31 cm.","price":"16000.00","unit":"db","recommended":"0","status":"1","sponsored":"0","exp_notify":"0","own_material":"0","own_material_description_old":null,"own_material_description":"","jury":"0","jury_number":"","product_nature":"","meskaracsony":"0","create_date":"2026-03-05 17:21:28","shelve_id":"75419","image":"bebiart_product_558930_230325122700_557239.jpeg","image_width":"480","image_height":"672","image_alt":"Boldog macik - \u00fcvegfest\u00e9s , A macikat \u00e9s a LOVE feliratot \u00fcvegre festettem \u00fcvegfest\u00e9kkel \u00e9s kont\u00farral.  A h\u00e1tteret feh\u00e9r akrilsp..., Meska","image_title":"Boldog macik - \u00fcvegfest\u00e9s , Meska","view_count":"794","favourite_count":"0","trending_score":"0","last2MonthFavouriteCount":"0","promotion":"0","giftcard_accept":"0","creditcard_accept":true,"enhanced_background":"0","domain":"meska","specific_customer_id":null,"specific_customer_name":null,"to_order_product":"0","to_order_product_time":"0","product_different":null,"product_different_description":"","vintage":"0","vintage_category_id":"0","recycled":"0","gemstone_id":"0","customizable":"0","type_category":"physical","zerowaste":"0","postage_price":"2390.00","shop_order":"0","has_category":"1","landing_pages":null,"microdata":{"number":35,"category":""},"title":"Boldog macik - \u00fcvegfest\u00e9s ","description":"A macikat \u00e9s a LOVE feliratot \u00fcvegre festettem \u00fcvegfest\u00e9kkel \u00e9s kont\u00farral.  A h\u00e1tteret feh\u00e9r akrilspary-vel f\u00fajtam meg.\nA szivecsk\u00e9k \u00fcveggyant\u00e1val k\u00e9sz\u00fcltek \u00e9s 3D hat\u00e1st keltenek a k\u00e9pen. \n\nA f\u00e9nyk\u00e9p az eredeti sz\u00edneket sajnos nem teljes val\u00f3j\u00e1ban adja vissza. A val\u00f3s\u00e1gban sokkal \u00e9l\u00e9nkebbek.\n\nA k\u00e9pet a feh\u00e9r kerettel egy\u00fctt k\u00fcld\u00f6m. V\u00e1laszthat\u00f3 fa keret is hozz\u00e1, ezt a kieg\u00e9sz\u00edt\u0151k k\u00f6z\u00f6tt lehet kiv\u00e1lasztani.  \n\nA k\u00e9p m\u00e9rete kerettel egy\u00fctt 22*31 cm.","score":0,"formatted_price":"16 000 Ft","image_url":"https:\/\/www.meska.hu\/img\/product\/small\/b\/e\/bebiart_product_558930_230325122700_557239.jpeg","formatted_url":"https:\/\/www.meska.hu\/p4936552-boldog-macik-uvegfestes","favourite":false,"in_stock":true,"avatar":"558930_avatar_1707585199.jpeg","delete_from":0,"is_enhanced_background":false,"is_enhanced":false,"product_selection_started":false,"is_active":true,"image_webp_url":"https:\/\/www.meska.hu\/img\/product\/small\/b\/e\/bebiart_product_558930_230325122700_557239.webp"},{"id":"4724988","shop_id":"40236","user_id":"558930","shop_name":"BebiArt","shop_zip":"8600","product_code":"4912975","product_name_old":null,"product_name":"Fekete - Feh\u00e9r","category_string":"M\u0171v\u00e9szet, Festm\u00e9ny, \u00dcvegfestm\u00e9ny","technic_string":"Fest\u00e9szet, \u00dcvegm\u0171v\u00e9szet","category_1":"357","category_2":"358","category_3":"1325","category_4":"0","merged_category_1":null,"merged_category_2":null,"merged_category_3":null,"technic_1":"480","technic_2":"505","technic_3":"0","color_1":"519","color_2":"520","color_3":"0","product_description_old":null,"product_description":"Az \u00fcveglap el\u00fcls\u0151 oldal\u00e1ra feh\u00e9r kont\u00farral festettem a mint\u00e1t. A k\u00e9p h\u00e1tulja fekete akril spray-vel van lef\u00fajva. \nA k\u00e9pet a feh\u00e9r kerettel egy\u00fctt k\u00fcld\u00f6m. \nV\u00e1laszthat\u00f3 fa keret is hozz\u00e1, ezt a kieg\u00e9sz\u00edt\u0151k k\u00f6z\u00f6tt lehet kiv\u00e1lasztani. \n\nA f\u00e9nyk\u00e9p az eredeti sz\u00edneket sajnos nem teljes val\u00f3j\u00e1ban adja vissza. A val\u00f3s\u00e1gban sokkal \u00e9l\u00e9nkebbek.\nA k\u00e9p m\u00e9rete kerettel egy\u00fctt 31*41 cm. \n\n","price":"16000.00","unit":"db","recommended":"0","status":"1","sponsored":"0","exp_notify":"0","own_material":"0","own_material_description_old":null,"own_material_description":"","jury":"0","jury_number":"","product_nature":"","meskaracsony":"0","create_date":"2026-03-05 17:21:25","shelve_id":"75419","image":"bebiart_product_558930_230227204425_656165.png","image_width":"480","image_height":"592","image_alt":"Fekete - Feh\u00e9r, Az \u00fcveglap el\u00fcls\u0151 oldal\u00e1ra feh\u00e9r kont\u00farral festettem a mint\u00e1t. A k\u00e9p h\u00e1tulja fekete akril spray-vel ..., Meska","image_title":"Fekete - Feh\u00e9r, Meska","view_count":"1057","favourite_count":"0","trending_score":"0","last2MonthFavouriteCount":"0","promotion":"0","giftcard_accept":"0","creditcard_accept":true,"enhanced_background":"0","domain":"meska","specific_customer_id":null,"specific_customer_name":null,"to_order_product":"0","to_order_product_time":"0","product_different":null,"product_different_description":"","vintage":"0","vintage_category_id":"0","recycled":"0","gemstone_id":"0","customizable":"0","type_category":"physical","zerowaste":"0","postage_price":"2390.00","shop_order":"0","has_category":"1","landing_pages":null,"microdata":{"number":36,"category":""},"title":"Fekete - Feh\u00e9r","description":"Az \u00fcveglap el\u00fcls\u0151 oldal\u00e1ra feh\u00e9r kont\u00farral festettem a mint\u00e1t. A k\u00e9p h\u00e1tulja fekete akril spray-vel van lef\u00fajva. \nA k\u00e9pet a feh\u00e9r kerettel egy\u00fctt k\u00fcld\u00f6m. \nV\u00e1laszthat\u00f3 fa keret is hozz\u00e1, ezt a kieg\u00e9sz\u00edt\u0151k k\u00f6z\u00f6tt lehet kiv\u00e1lasztani. \n\nA f\u00e9nyk\u00e9p az eredeti sz\u00edneket sajnos nem teljes val\u00f3j\u00e1ban adja vissza. A val\u00f3s\u00e1gban sokkal \u00e9l\u00e9nkebbek.\nA k\u00e9p m\u00e9rete kerettel egy\u00fctt 31*41 cm. \n\n","score":0,"formatted_price":"16 000 Ft","image_url":"https:\/\/www.meska.hu\/img\/product\/small\/b\/e\/bebiart_product_558930_230227204425_656165.png","formatted_url":"https:\/\/www.meska.hu\/p4912975-fekete-feher","favourite":false,"in_stock":true,"avatar":"558930_avatar_1707585199.jpeg","delete_from":0,"is_enhanced_background":false,"is_enhanced":false,"product_selection_started":false,"is_active":true,"image_webp_url":"https:\/\/www.meska.hu\/img\/product\/small\/b\/e\/bebiart_product_558930_230227204425_656165.webp"},{"id":"4723142","shop_id":"40236","user_id":"558930","shop_name":"BebiArt","shop_zip":"8600","product_code":"4911915","product_name_old":null,"product_name":"Angyalka gy\u00f3gy\u00edt\u00f3 \u00e1sv\u00e1nnyal","category_string":"M\u0171v\u00e9szet, Festm\u00e9ny, \u00dcvegfestm\u00e9ny","technic_string":"Fest\u00e9szet, \u00dcvegm\u0171v\u00e9szet","category_1":"357","category_2":"358","category_3":"1325","category_4":"0","merged_category_1":null,"merged_category_2":null,"merged_category_3":null,"technic_1":"480","technic_2":"505","technic_3":"0","color_1":"512","color_2":"518","color_3":"525","product_description_old":null,"product_description":"\u00dcvegfest\u00e9ssel k\u00e9sz\u00fclt angyalk\u00e1k. A csill\u00e1mos r\u00e9szek \u00fcveggyant\u00e1val vannak ki\u00f6ntve, melybe egyedi \u00e1sv\u00e1ny ker\u00fclt. \nLila - ametiszt \u00e9s r\u00f3zsasz\u00edn - r\u00f3zsakvarc\nMindegyik k\u00e9pb\u0151l 1 db van.\n\nA f\u00e9nyk\u00e9p az eredeti sz\u00edneket sajnos nem teljes val\u00f3j\u00e1ban adja vissza. A val\u00f3s\u00e1gban sokkal \u00e9l\u00e9nkebbek.\n\nMinden alkalomra kiv\u00e1l\u00f3, n\u0151napra, \u00e9vfordul\u00f3ra, sz\u00fclet\u00e9snapra sz\u00e9p d\u00edsze lesz otthon\u00e1nak. \n\nAz \u00e1sv\u00e1nyok k\u00fcl\u00f6nb\u00f6z\u0151 \u00e9lethelyzetekben, illetve betegs\u00e9gek gy\u00f3gyul\u00e1s\u00e1ban seg\u00edtenek. \nA krist\u00e1lyoknak gy\u00f3gy\u00edt\u00f3 hat\u00e1sokat tulajdon\u00edtanak, mivel magas rezg\u00e9si frekvenci\u00e1kkal rendelkeznek.  A krist\u00e1lyok magas rezg\u00e9sei feljebb kapcsolhatj\u00e1k a saj\u00e1t energi\u00e1nkat, vagy olyan energi\u00e1kat ir\u00e1ny\u00edthatnak \u00e1t, melyek megtiszt\u00edthatj\u00e1k a csakr\u00e1kban l\u00e9v\u0151 blokkokat, \u00e9s \u00f6sszhangba hozhatj\u00e1k a testet \u00e9s a lelket.\n\nA k\u00f6veket ig\u00e9ny szerint meg lehet tiszt\u00edtani \u00e9s saj\u00e1t magunkra hangolni.\n\nA k\u00e9p m\u00e9rete kerettel egy\u00fctt : 16*11 cm\n3 f\u00e9le keretb\u0151l lehet v\u00e1lasztani, melyet \u00fczenetben \u00edrj meg nekem.\nV\u00e1laszthat\u00f3 keretek: feh\u00e9r, ez\u00fcst, arany\n\n","price":"4500.00","unit":"db","recommended":"0","status":"1","sponsored":"0","exp_notify":"0","own_material":"0","own_material_description_old":null,"own_material_description":"","jury":"0","jury_number":"","product_nature":"","meskaracsony":"0","create_date":"2026-03-05 17:21:22","shelve_id":"75419","image":"bebiart_product_558930_230227205241_283812.jpeg","image_width":"480","image_height":"392","image_alt":"Angyalka gy\u00f3gy\u00edt\u00f3 \u00e1sv\u00e1nnyal, \u00dcvegfest\u00e9ssel k\u00e9sz\u00fclt angyalk\u00e1k. A csill\u00e1mos r\u00e9szek \u00fcveggyant\u00e1val vannak ki\u00f6ntve, melybe egyedi \u00e1sv\u00e1..., Meska","image_title":"Angyalka gy\u00f3gy\u00edt\u00f3 \u00e1sv\u00e1nnyal, Meska","view_count":"445","favourite_count":"0","trending_score":"0","last2MonthFavouriteCount":"0","promotion":"0","giftcard_accept":"0","creditcard_accept":true,"enhanced_background":"0","domain":"meska","specific_customer_id":null,"specific_customer_name":null,"to_order_product":"1","to_order_product_time":"4","product_different":null,"product_different_description":"","vintage":"0","vintage_category_id":"0","recycled":"0","gemstone_id":"0","customizable":"0","type_category":"physical","zerowaste":"0","postage_price":"5345.00","shop_order":"0","has_category":"1","landing_pages":null,"microdata":{"number":37,"category":""},"title":"Angyalka gy\u00f3gy\u00edt\u00f3 \u00e1sv\u00e1nnyal","description":"\u00dcvegfest\u00e9ssel k\u00e9sz\u00fclt angyalk\u00e1k. A csill\u00e1mos r\u00e9szek \u00fcveggyant\u00e1val vannak ki\u00f6ntve, melybe egyedi \u00e1sv\u00e1ny ker\u00fclt. \nLila - ametiszt \u00e9s r\u00f3zsasz\u00edn - r\u00f3zsakvarc\nMindegyik k\u00e9pb\u0151l 1 db van.\n\nA f\u00e9nyk\u00e9p az eredeti sz\u00edneket sajnos nem teljes val\u00f3j\u00e1ban adja vissza. A val\u00f3s\u00e1gban sokkal \u00e9l\u00e9nkebbek.\n\nMinden alkalomra kiv\u00e1l\u00f3, n\u0151napra, \u00e9vfordul\u00f3ra, sz\u00fclet\u00e9snapra sz\u00e9p d\u00edsze lesz otthon\u00e1nak. \n\nAz \u00e1sv\u00e1nyok k\u00fcl\u00f6nb\u00f6z\u0151 \u00e9lethelyzetekben, illetve betegs\u00e9gek gy\u00f3gyul\u00e1s\u00e1ban seg\u00edtenek. \nA krist\u00e1lyoknak gy\u00f3gy\u00edt\u00f3 hat\u00e1sokat tulajdon\u00edtanak, mivel magas rezg\u00e9si frekvenci\u00e1kkal rendelkeznek.  A krist\u00e1lyok magas rezg\u00e9sei feljebb kapcsolhatj\u00e1k a saj\u00e1t energi\u00e1nkat, vagy olyan energi\u00e1kat ir\u00e1ny\u00edthatnak \u00e1t, melyek megtiszt\u00edthatj\u00e1k a csakr\u00e1kban l\u00e9v\u0151 blokkokat, \u00e9s \u00f6sszhangba hozhatj\u00e1k a testet \u00e9s a lelket.\n\nA k\u00f6veket ig\u00e9ny szerint meg lehet tiszt\u00edtani \u00e9s saj\u00e1t magunkra hangolni.\n\nA k\u00e9p m\u00e9rete kerettel egy\u00fctt : 16*11 cm\n3 f\u00e9le keretb\u0151l lehet v\u00e1lasztani, melyet \u00fczenetben \u00edrj meg nekem.\nV\u00e1laszthat\u00f3 keretek: feh\u00e9r, ez\u00fcst, arany\n\n","score":0,"formatted_price":"4 500 Ft","image_url":"https:\/\/www.meska.hu\/img\/product\/small\/b\/e\/bebiart_product_558930_230227205241_283812.jpeg","formatted_url":"https:\/\/www.meska.hu\/p4911915-angyalka-gyogyito-asvannyal","favourite":false,"in_stock":false,"avatar":"558930_avatar_1707585199.jpeg","delete_from":0,"is_enhanced_background":false,"is_enhanced":false,"product_selection_started":false,"is_active":true,"image_webp_url":"https:\/\/www.meska.hu\/img\/product\/small\/b\/e\/bebiart_product_558930_230227205241_283812.webp"},{"id":"4724993","shop_id":"40236","user_id":"558930","shop_name":"BebiArt","shop_zip":"8600","product_code":"4912978","product_name_old":null,"product_name":"Indiai elef\u00e1nt","category_string":"M\u0171v\u00e9szet, Festm\u00e9ny, \u00dcvegfestm\u00e9ny","technic_string":"Fest\u00e9szet, \u00dcvegm\u0171v\u00e9szet","category_1":"357","category_2":"358","category_3":"1325","category_4":"0","merged_category_1":null,"merged_category_2":null,"merged_category_3":null,"technic_1":"480","technic_2":"505","technic_3":"0","color_1":"512","color_2":"517","color_3":"0","product_description_old":null,"product_description":"Az \u00fcveglap el\u00fcls\u0151 oldal\u00e1ra k\u00fcl\u00f6nb\u00f6z\u0151 sz\u00edn\u0171 kont\u00farral festettem a mint\u00e1t. A k\u00e9p h\u00e1tulja fekete akril spray-vel van lef\u00fajva. \nA f\u00e9nyk\u00e9p az eredeti sz\u00edneket sajnos nem teljes val\u00f3j\u00e1ban adja vissza. A val\u00f3s\u00e1gban sokkal \u00e9l\u00e9nkebbek.\n\nA k\u00e9pet az arany kerettel egy\u00fctt k\u00fcld\u00f6m. \nV\u00e1laszthat\u00f3 fa keret is hozz\u00e1, ezt a kieg\u00e9sz\u00edt\u0151k k\u00f6z\u00f6tt lehet kiv\u00e1lasztani. \n\nA k\u00e9p m\u00e9rete kerettel egy\u00fctt 31*41 cm. \n\n","price":"16000.00","unit":"db","recommended":"0","status":"1","sponsored":"0","exp_notify":"0","own_material":"0","own_material_description_old":null,"own_material_description":"","jury":"0","jury_number":"","product_nature":"","meskaracsony":"0","create_date":"2026-03-05 17:21:17","shelve_id":"75419","image":"bebiart_product_558930_230227204304_369378.jpeg","image_width":"480","image_height":"621","image_alt":"Indiai elef\u00e1nt, Az \u00fcveglap el\u00fcls\u0151 oldal\u00e1ra k\u00fcl\u00f6nb\u00f6z\u0151 sz\u00edn\u0171 kont\u00farral festettem a mint\u00e1t. A k\u00e9p h\u00e1tulja fekete akril ..., Meska","image_title":"Indiai elef\u00e1nt, Meska","view_count":"778","favourite_count":"0","trending_score":"0","last2MonthFavouriteCount":"0","promotion":"0","giftcard_accept":"0","creditcard_accept":true,"enhanced_background":"0","domain":"meska","specific_customer_id":null,"specific_customer_name":null,"to_order_product":"0","to_order_product_time":"0","product_different":null,"product_different_description":"","vintage":"0","vintage_category_id":"0","recycled":"0","gemstone_id":"0","customizable":"0","type_category":"physical","zerowaste":"0","postage_price":"2390.00","shop_order":"0","has_category":"1","landing_pages":null,"microdata":{"number":38,"category":""},"title":"Indiai elef\u00e1nt","description":"Az \u00fcveglap el\u00fcls\u0151 oldal\u00e1ra k\u00fcl\u00f6nb\u00f6z\u0151 sz\u00edn\u0171 kont\u00farral festettem a mint\u00e1t. A k\u00e9p h\u00e1tulja fekete akril spray-vel van lef\u00fajva. \nA f\u00e9nyk\u00e9p az eredeti sz\u00edneket sajnos nem teljes val\u00f3j\u00e1ban adja vissza. A val\u00f3s\u00e1gban sokkal \u00e9l\u00e9nkebbek.\n\nA k\u00e9pet az arany kerettel egy\u00fctt k\u00fcld\u00f6m. \nV\u00e1laszthat\u00f3 fa keret is hozz\u00e1, ezt a kieg\u00e9sz\u00edt\u0151k k\u00f6z\u00f6tt lehet kiv\u00e1lasztani. \n\nA k\u00e9p m\u00e9rete kerettel egy\u00fctt 31*41 cm. \n\n","score":0,"formatted_price":"16 000 Ft","image_url":"https:\/\/www.meska.hu\/img\/product\/small\/b\/e\/bebiart_product_558930_230227204304_369378.jpeg","formatted_url":"https:\/\/www.meska.hu\/p4912978-indiai-elefant","favourite":false,"in_stock":true,"avatar":"558930_avatar_1707585199.jpeg","delete_from":0,"is_enhanced_background":false,"is_enhanced":false,"product_selection_started":false,"is_active":true,"image_webp_url":"https:\/\/www.meska.hu\/img\/product\/small\/b\/e\/bebiart_product_558930_230227204304_369378.webp"},{"id":"4723047","shop_id":"40236","user_id":"558930","shop_name":"BebiArt","shop_zip":"8600","product_code":"4911845","product_name_old":null,"product_name":"Szivecsk\u00e9s l\u00e1mp\u00e1s - \u00fcvegfest\u00e9ssel","category_string":"M\u0171v\u00e9szet, Festm\u00e9ny, \u00dcvegfestm\u00e9ny","technic_string":"Fest\u00e9szet, \u00dcvegm\u0171v\u00e9szet","category_1":"357","category_2":"358","category_3":"1325","category_4":"0","merged_category_1":null,"merged_category_2":null,"merged_category_3":null,"technic_1":"480","technic_2":"505","technic_3":"0","color_1":"512","color_2":"520","color_3":"523","product_description_old":null,"product_description":"Fekete sz\u00edn\u0171 l\u00e1mp\u00e1s, melynek \u00fcvegei \u00fcvegfest\u00e9ssel vannak d\u00edsz\u00edtve. A l\u00e1mp\u00e1s egyedi minta alapj\u00e1n k\u00e9sz\u00fclt, \u00fcvegfest\u00e9ssel, m\u00e9g egyszer ugyanilyet nem lehet festeni. Egyedi darab.\n\nA f\u00e9nyk\u00e9p az eredeti sz\u00edneket sajnos nem teljes val\u00f3j\u00e1ban adja vissza. A val\u00f3s\u00e1gban sokkal \u00e9l\u00e9nkebbek.\n\nMinden alkalomra kiv\u00e1l\u00f3, n\u0151napra, \u00e9vfordul\u00f3ra, sz\u00fclet\u00e9snapra sz\u00e9p d\u00edsze lesz otthon\u00e1nak. \nM\u00e9csest, led izz\u00f3t behelyezve, hangulatos vil\u00e1g\u00edt\u00e1st ad. \n\nAz \u00fcvegeket k\u00edv\u00fclr\u0151l festettem, telibe festett \u00fcvegek, az ajtaj\u00e1n a szivecsk\u00e9k m\u0171gyant\u00e1b\u00f3l k\u00e9sz\u00fcltek.\n\nL\u00e1mp\u00e1s m\u00e9rete:\nSz\u00e9less\u00e9g: 10 cm\nHossz\u00fas\u00e1g: 10 cm\nMagass\u00e1g (akaszt\u00f3 n\u00e9lk\u00fcl) : 16,5 cm\n\n\u00dcvegek m\u00e9rete : 3 oldalon 8*12 cm, az ajt\u00f3n 6*9 cm\n\n\n\n\n\n","price":"12000.00","unit":"db","recommended":"0","status":"1","sponsored":"0","exp_notify":"0","own_material":"0","own_material_description_old":null,"own_material_description":"","jury":"0","jury_number":"","product_nature":"","meskaracsony":"0","create_date":"2026-03-05 17:21:14","shelve_id":"75419","image":"bebiart_product_558930_230227205857_569255.jpeg","image_width":"480","image_height":"868","image_alt":"Szivecsk\u00e9s l\u00e1mp\u00e1s - \u00fcvegfest\u00e9ssel, Fekete sz\u00edn\u0171 l\u00e1mp\u00e1s, melynek \u00fcvegei \u00fcvegfest\u00e9ssel vannak d\u00edsz\u00edtve. A l\u00e1mp\u00e1s egyedi minta alapj\u00e1n k\u00e9s..., Meska","image_title":"Szivecsk\u00e9s l\u00e1mp\u00e1s - \u00fcvegfest\u00e9ssel, Meska","view_count":"888","favourite_count":"0","trending_score":"0","last2MonthFavouriteCount":"0","promotion":"0","giftcard_accept":"0","creditcard_accept":true,"enhanced_background":"0","domain":"meska","specific_customer_id":null,"specific_customer_name":null,"to_order_product":"0","to_order_product_time":"0","product_different":null,"product_different_description":"","vintage":"0","vintage_category_id":"0","recycled":"0","gemstone_id":"0","customizable":"0","type_category":"physical","zerowaste":"0","postage_price":"5345.00","shop_order":"0","has_category":"1","landing_pages":null,"microdata":{"number":39,"category":""},"title":"Szivecsk\u00e9s l\u00e1mp\u00e1s - \u00fcvegfest\u00e9ssel","description":"Fekete sz\u00edn\u0171 l\u00e1mp\u00e1s, melynek \u00fcvegei \u00fcvegfest\u00e9ssel vannak d\u00edsz\u00edtve. A l\u00e1mp\u00e1s egyedi minta alapj\u00e1n k\u00e9sz\u00fclt, \u00fcvegfest\u00e9ssel, m\u00e9g egyszer ugyanilyet nem lehet festeni. Egyedi darab.\n\nA f\u00e9nyk\u00e9p az eredeti sz\u00edneket sajnos nem teljes val\u00f3j\u00e1ban adja vissza. A val\u00f3s\u00e1gban sokkal \u00e9l\u00e9nkebbek.\n\nMinden alkalomra kiv\u00e1l\u00f3, n\u0151napra, \u00e9vfordul\u00f3ra, sz\u00fclet\u00e9snapra sz\u00e9p d\u00edsze lesz otthon\u00e1nak. \nM\u00e9csest, led izz\u00f3t behelyezve, hangulatos vil\u00e1g\u00edt\u00e1st ad. \n\nAz \u00fcvegeket k\u00edv\u00fclr\u0151l festettem, telibe festett \u00fcvegek, az ajtaj\u00e1n a szivecsk\u00e9k m\u0171gyant\u00e1b\u00f3l k\u00e9sz\u00fcltek.\n\nL\u00e1mp\u00e1s m\u00e9rete:\nSz\u00e9less\u00e9g: 10 cm\nHossz\u00fas\u00e1g: 10 cm\nMagass\u00e1g (akaszt\u00f3 n\u00e9lk\u00fcl) : 16,5 cm\n\n\u00dcvegek m\u00e9rete : 3 oldalon 8*12 cm, az ajt\u00f3n 6*9 cm\n\n\n\n\n\n","score":0,"formatted_price":"12 000 Ft","image_url":"https:\/\/www.meska.hu\/img\/product\/small\/b\/e\/bebiart_product_558930_230227205857_569255.jpeg","formatted_url":"https:\/\/www.meska.hu\/p4911845-szivecskes-lampas-uvegfestessel","favourite":false,"in_stock":true,"avatar":"558930_avatar_1707585199.jpeg","delete_from":0,"is_enhanced_background":false,"is_enhanced":false,"product_selection_started":false,"is_active":true,"image_webp_url":"https:\/\/www.meska.hu\/img\/product\/small\/b\/e\/bebiart_product_558930_230227205857_569255.webp"},{"id":"4723330","shop_id":"40236","user_id":"558930","shop_name":"BebiArt","shop_zip":"8600","product_code":"4912004","product_name_old":null,"product_name":"\u00d6lel\u00e9s -  \u00fcvegfestm\u00e9ny","category_string":"M\u0171v\u00e9szet, Festm\u00e9ny, \u00dcvegfestm\u00e9ny","technic_string":"Fest\u00e9szet, \u00dcvegm\u0171v\u00e9szet","category_1":"357","category_2":"358","category_3":"1325","category_4":"0","merged_category_1":null,"merged_category_2":null,"merged_category_3":null,"technic_1":"480","technic_2":"505","technic_3":"0","color_1":"519","color_2":"520","color_3":"0","product_description_old":null,"product_description":"Ezt a k\u00e9pet fekete \u00e9s feh\u00e9r kont\u00far fest\u00e9kkel festettem meg. Sz\u00e1momra a n\u0151 \u00e9s f\u00e9rfi k\u00f6z\u00f6tti egys\u00e9get szimboliz\u00e1lja. \nA k\u00e9p az \u00fcveg el\u00fcls\u0151 oldal\u00e1ra lett k\u00e9sz\u00edtve, a h\u00e1tulj\u00e1t van\u00edlia akril spray-vel f\u00fajtam meg.\nA l\u00e1ny haj\u00e1ba sz\u00ednes apr\u00f3 k\u00f6veket , illetve vir\u00e1gos d\u00edszt tettem.\n\n\nA k\u00e9pet a feh\u00e9r kerettel egy\u00fctt k\u00fcld\u00f6m. \nV\u00e1laszthat\u00f3 fa keret is hozz\u00e1, ezt a kieg\u00e9sz\u00edt\u0151k k\u00f6z\u00f6tt lehet kiv\u00e1lasztani. \n\nA k\u00e9p m\u00e9rete kerettel egy\u00fctt 22*31 cm. \n\n","price":"14000.00","unit":"db","recommended":"0","status":"1","sponsored":"0","exp_notify":"0","own_material":"0","own_material_description_old":null,"own_material_description":"","jury":"0","jury_number":"","product_nature":"","meskaracsony":"0","create_date":"2026-03-05 17:21:12","shelve_id":"75419","image":"bebiart_product_558930_240319112912_545964.jpeg","image_width":"480","image_height":"640","image_alt":"\u00d6lel\u00e9s -  \u00fcvegfestm\u00e9ny, Ezt a k\u00e9pet fekete \u00e9s feh\u00e9r kont\u00far fest\u00e9kkel festettem meg. Sz\u00e1momra a n\u0151 \u00e9s f\u00e9rfi k\u00f6z\u00f6tti egys\u00e9get ..., Meska","image_title":"\u00d6lel\u00e9s -  \u00fcvegfestm\u00e9ny, Meska","view_count":"907","favourite_count":"0","trending_score":"0","last2MonthFavouriteCount":"0","promotion":"0","giftcard_accept":"0","creditcard_accept":true,"enhanced_background":"0","domain":"meska","specific_customer_id":null,"specific_customer_name":null,"to_order_product":"0","to_order_product_time":"0","product_different":null,"product_different_description":"","vintage":"0","vintage_category_id":"0","recycled":"0","gemstone_id":"0","customizable":"0","type_category":"physical","zerowaste":"0","postage_price":"2390.00","shop_order":"0","has_category":"1","landing_pages":null,"microdata":{"number":40,"category":""},"title":"\u00d6lel\u00e9s -  \u00fcvegfestm\u00e9ny","description":"Ezt a k\u00e9pet fekete \u00e9s feh\u00e9r kont\u00far fest\u00e9kkel festettem meg. Sz\u00e1momra a n\u0151 \u00e9s f\u00e9rfi k\u00f6z\u00f6tti egys\u00e9get szimboliz\u00e1lja. \nA k\u00e9p az \u00fcveg el\u00fcls\u0151 oldal\u00e1ra lett k\u00e9sz\u00edtve, a h\u00e1tulj\u00e1t van\u00edlia akril spray-vel f\u00fajtam meg.\nA l\u00e1ny haj\u00e1ba sz\u00ednes apr\u00f3 k\u00f6veket , illetve vir\u00e1gos d\u00edszt tettem.\n\n\nA k\u00e9pet a feh\u00e9r kerettel egy\u00fctt k\u00fcld\u00f6m. \nV\u00e1laszthat\u00f3 fa keret is hozz\u00e1, ezt a kieg\u00e9sz\u00edt\u0151k k\u00f6z\u00f6tt lehet kiv\u00e1lasztani. \n\nA k\u00e9p m\u00e9rete kerettel egy\u00fctt 22*31 cm. \n\n","score":0,"formatted_price":"14 000 Ft","image_url":"https:\/\/www.meska.hu\/img\/product\/small\/b\/e\/bebiart_product_558930_240319112912_545964.jpeg","formatted_url":"https:\/\/www.meska.hu\/p4912004-oleles-uvegfestmeny","favourite":false,"in_stock":true,"avatar":"558930_avatar_1707585199.jpeg","delete_from":0,"is_enhanced_background":false,"is_enhanced":false,"product_selection_started":false,"is_active":true,"image_webp_url":"https:\/\/www.meska.hu\/img\/product\/small\/b\/e\/bebiart_product_558930_240319112912_545964.webp"},{"id":"6137959","shop_id":"929","user_id":"2965","shop_name":"balo69","shop_zip":"6523","product_code":"5745786","product_name_old":null,"product_name":"Romantikus kisl\u00e1nyos k\u00e9p","category_string":"M\u0171v\u00e9szet, Festm\u00e9ny, \u00dcvegfestm\u00e9ny","technic_string":"Fest\u00e9szet, Festett t\u00e1rgyak","category_1":"357","category_2":"358","category_3":"1325","category_4":"0","merged_category_1":null,"merged_category_2":null,"merged_category_3":null,"technic_1":"480","technic_2":"481","technic_3":"0","color_1":"532","color_2":"568","color_3":"791","product_description_old":null,"product_description":"\nB\u00e1jos, mes\u00e9s hangulat\u00fa falid\u00edsz, amelyen egy kisl\u00e1ny sz\u00edvecsk\u00e9t tart a kez\u00e9ben a tulip\u00e1nok mellett, l\u00e1mpaf\u00e9nyben s\u00e9t\u00e1lva. A kedves r\u00e9szletek \u00e9s a meleg sz\u00ednek meghitt hangulatot teremtenek.\nT\u00f6k\u00e9letes dekor\u00e1ci\u00f3 gyerekszob\u00e1ba vagy kedves aj\u00e1nd\u00e9k sz\u00fclet\u00e9snapra, babal\u00e1togat\u00f3ba, n\u00e9vnapra.\nEgy szerethet\u0151 darab, amely mosolyt visz az otthonodba. \n\u00dcvegfest\u00e9s technik\u00e1val k\u00e9sz\u00fclt. 30 cm","price":"15000.00","unit":"db","recommended":"0","status":"1","sponsored":"0","exp_notify":"0","own_material":"0","own_material_description_old":null,"own_material_description":"","jury":"0","jury_number":"","product_nature":"","meskaracsony":"0","create_date":"2026-03-05 11:28:18","shelve_id":"72283","image":"balo69_product_2965_260305111529_51672.jpeg","image_width":"480","image_height":"360","image_alt":"Romantikus kisl\u00e1nyos k\u00e9p, \\nB\u00e1jos, mes\u00e9s hangulat\u00fa falid\u00edsz, amelyen egy kisl\u00e1ny sz\u00edvecsk\u00e9t tart a kez\u00e9ben a tulip\u00e1nok mellett,..., Meska","image_title":"Romantikus kisl\u00e1nyos k\u00e9p, Meska","view_count":"81","favourite_count":"0","trending_score":"0","last2MonthFavouriteCount":"0","promotion":"0","giftcard_accept":"0","creditcard_accept":true,"enhanced_background":"0","domain":"meska","specific_customer_id":null,"specific_customer_name":null,"to_order_product":"0","to_order_product_time":"0","product_different":null,"product_different_description":"","vintage":"0","vintage_category_id":"0","recycled":"0","gemstone_id":"0","customizable":"0","type_category":"physical","zerowaste":"0","postage_price":"1290.00","shop_order":"0","has_category":"1","landing_pages":null,"microdata":{"number":41,"category":""},"title":"Romantikus kisl\u00e1nyos k\u00e9p","description":"\nB\u00e1jos, mes\u00e9s hangulat\u00fa falid\u00edsz, amelyen egy kisl\u00e1ny sz\u00edvecsk\u00e9t tart a kez\u00e9ben a tulip\u00e1nok mellett, l\u00e1mpaf\u00e9nyben s\u00e9t\u00e1lva. A kedves r\u00e9szletek \u00e9s a meleg sz\u00ednek meghitt hangulatot teremtenek.\nT\u00f6k\u00e9letes dekor\u00e1ci\u00f3 gyerekszob\u00e1ba vagy kedves aj\u00e1nd\u00e9k sz\u00fclet\u00e9snapra, babal\u00e1togat\u00f3ba, n\u00e9vnapra.\nEgy szerethet\u0151 darab, amely mosolyt visz az otthonodba. \n\u00dcvegfest\u00e9s technik\u00e1val k\u00e9sz\u00fclt. 30 cm","score":0,"formatted_price":"15 000 Ft","image_url":"https:\/\/www.meska.hu\/img\/product\/small\/b\/a\/balo69_product_2965_260305111529_51672.jpeg","formatted_url":"https:\/\/www.meska.hu\/p5745786-romantikus-kislanyos-kep","favourite":false,"in_stock":true,"avatar":"balo69_avatar_2965_1613189441.jpeg","delete_from":0,"is_enhanced_background":false,"is_enhanced":false,"product_selection_started":false,"is_active":true,"image_webp_url":"https:\/\/www.meska.hu\/img\/product\/small\/b\/a\/balo69_product_2965_260305111529_51672.webp"},{"id":"6137900","shop_id":"929","user_id":"2965","shop_name":"balo69","shop_zip":"6523","product_code":"5745758","product_name_old":null,"product_name":"T\u0171z l\u00f3","category_string":"M\u0171v\u00e9szet, Festm\u00e9ny, \u00dcvegfestm\u00e9ny","technic_string":"Fest\u00e9szet, Festett t\u00e1rgyak","category_1":"357","category_2":"358","category_3":"1325","category_4":"0","merged_category_1":null,"merged_category_2":null,"merged_category_3":null,"technic_1":"480","technic_2":"481","technic_3":"0","color_1":"568","color_2":"523","color_3":"526","product_description_old":null,"product_description":"\nT\u0171zsz\u00edn\u0171 l\u00f3 \u2013 egyedi , modern \u00fcvegfestm\u00e9ny (40\u00d750 cm)\nEz a k\u00fcl\u00f6nleges, k\u00e9zzel k\u00e9sz\u00fclt festm\u00e9ny egy er\u0151t \u00e9s szabads\u00e1got sug\u00e1rz\u00f3 l\u00f3 portr\u00e9j\u00e1t \u00e1br\u00e1zolja. A dinamikus ecsetvon\u00e1sok \u00e9s az izz\u00f3 narancs, v\u00f6r\u00f6s \u00e9s s\u00e1rga \u00e1rnyalatok t\u00fczes energi\u00e1t \u00e9s mozg\u00e1st adnak a k\u00e9pnek. A l\u00f3 tekintete er\u0151teljes \u00e9s kifejez\u0151, amely azonnal mag\u00e1ra vonja a figyelmet.\nIgazi karakteres dekor\u00e1ci\u00f3 lehet nappaliban, dolgoz\u00f3szob\u00e1ban vagy ak\u00e1r egy modern enteri\u0151r hangs\u00falyos fal\u00e1n. L\u00f3rajong\u00f3knak \u00e9s m\u0171v\u00e9szetkedvel\u0151knek is k\u00fcl\u00f6nleges aj\u00e1nd\u00e9k.\n\n\n\u2022 Azonnal falra helyezhet\u0151\nA k\u00e9pen l\u00e1that\u00f3 festm\u00e9ny eredeti alkot\u00e1s, nem nyomat.\nHa k\u00e9rd\u00e9sed van, \u00edrj nyugodtan \u00fczenetet! ","price":"35000.00","unit":"db","recommended":"0","status":"1","sponsored":"0","exp_notify":"0","own_material":"0","own_material_description_old":null,"own_material_description":"","jury":"0","jury_number":"","product_nature":"","meskaracsony":"0","create_date":"2026-03-05 11:11:42","shelve_id":"72283","image":"balo69_product_2965_260305110132_72893.jpeg","image_width":"480","image_height":"526","image_alt":"T\u0171z l\u00f3, \\nT\u0171zsz\u00edn\u0171 l\u00f3 \u2013 egyedi , modern \u00fcvegfestm\u00e9ny (40\u00d750 cm)\\nEz a k\u00fcl\u00f6nleges, k\u00e9zzel k\u00e9sz\u00fclt festm\u00e9ny egy ..., Meska","image_title":"T\u0171z l\u00f3, Meska","view_count":"62","favourite_count":"0","trending_score":"0","last2MonthFavouriteCount":"0","promotion":"0","giftcard_accept":"0","creditcard_accept":true,"enhanced_background":"0","domain":"meska","specific_customer_id":null,"specific_customer_name":null,"to_order_product":"0","to_order_product_time":"0","product_different":null,"product_different_description":"","vintage":"0","vintage_category_id":"0","recycled":"0","gemstone_id":"0","customizable":"0","type_category":"physical","zerowaste":"0","postage_price":"1290.00","shop_order":"0","has_category":"1","landing_pages":null,"microdata":{"number":42,"category":""},"title":"T\u0171z l\u00f3","description":"\nT\u0171zsz\u00edn\u0171 l\u00f3 \u2013 egyedi , modern \u00fcvegfestm\u00e9ny (40\u00d750 cm)\nEz a k\u00fcl\u00f6nleges, k\u00e9zzel k\u00e9sz\u00fclt festm\u00e9ny egy er\u0151t \u00e9s szabads\u00e1got sug\u00e1rz\u00f3 l\u00f3 portr\u00e9j\u00e1t \u00e1br\u00e1zolja. A dinamikus ecsetvon\u00e1sok \u00e9s az izz\u00f3 narancs, v\u00f6r\u00f6s \u00e9s s\u00e1rga \u00e1rnyalatok t\u00fczes energi\u00e1t \u00e9s mozg\u00e1st adnak a k\u00e9pnek. A l\u00f3 tekintete er\u0151teljes \u00e9s kifejez\u0151, amely azonnal mag\u00e1ra vonja a figyelmet.\nIgazi karakteres dekor\u00e1ci\u00f3 lehet nappaliban, dolgoz\u00f3szob\u00e1ban vagy ak\u00e1r egy modern enteri\u0151r hangs\u00falyos fal\u00e1n. L\u00f3rajong\u00f3knak \u00e9s m\u0171v\u00e9szetkedvel\u0151knek is k\u00fcl\u00f6nleges aj\u00e1nd\u00e9k.\n\n\n\u2022 Azonnal falra helyezhet\u0151\nA k\u00e9pen l\u00e1that\u00f3 festm\u00e9ny eredeti alkot\u00e1s, nem nyomat.\nHa k\u00e9rd\u00e9sed van, \u00edrj nyugodtan \u00fczenetet! ","score":0,"formatted_price":"35 000 Ft","image_url":"https:\/\/www.meska.hu\/img\/product\/small\/b\/a\/balo69_product_2965_260305110132_72893.jpeg","formatted_url":"https:\/\/www.meska.hu\/p5745758-tuz-lo","favourite":false,"in_stock":true,"avatar":"balo69_avatar_2965_1613189441.jpeg","delete_from":0,"is_enhanced_background":false,"is_enhanced":false,"product_selection_started":false,"is_active":true,"image_webp_url":"https:\/\/www.meska.hu\/img\/product\/small\/b\/a\/balo69_product_2965_260305110132_72893.webp"},{"id":"4753631","shop_id":"23695","user_id":"266663","shop_name":"spezso","shop_zip":"2143","product_code":"4930273","product_name_old":null,"product_name":"D\u00e9lut\u00e1ni s\u00e9ta. Vintage jelleg\u0171 romantikus falik\u00e9p, \u00dcvegfestm\u00e9ny.","category_string":"M\u0171v\u00e9szet, Festm\u00e9ny, \u00dcvegfestm\u00e9ny","technic_string":"Fest\u00e9szet, \u00dcvegm\u0171v\u00e9szet","category_1":"357","category_2":"358","category_3":"1325","category_4":"0","merged_category_1":"0","merged_category_2":"0","merged_category_3":"785","technic_1":"480","technic_2":"505","technic_3":"0","color_1":"514","color_2":"519","color_3":"526","product_description_old":null,"product_description":"Kedves \u00e9rdekl\u0151d\u0151, - \u00dcdv\u00f6zl\u00f6m az oldalamon. \n\nEz a k\u00e9p egy saj\u00e1t k\u00e9sz\u00edt\u00e9s\u0171 romantikus \u00fcvegre festett k\u00e9p. \n\u00dcvegfestm\u00e9ny, melyet sz\u00e9pen csillog fel\u00fcletek jellemeznek. \nVintage jelleg\u0171 k\u00e9p hozz\u00e1 ill\u0151 keretben.\nM\u00e9rete 26x35 cm. K\u00e9r\u00e9sre megbesz\u00e9l\u00e9s alapj\u00e1n m\u00e1s, nagyobb m\u00e9retben is elk\u00e9sz\u00edtem. \nA k\u00e9p \u00e1ra kerettel egy\u00fctt \u00e9rtend\u0151. \nK\u00e9szleten l\u00e9v\u0151 term\u00e9k, ak\u00e1r azonnal is elvihet\u0151. Szem\u00e9lyes \u00e1tv\u00e9tel is lehets\u00e9ges Kistarcs\u00e1n, vagy Budapest \u00d6rs vez\u00e9r tere.\nEbben a v\u00e1logat\u00e1sban van m\u00e9g t\u00f6bb romantikus jelleg\u0171 k\u00e9pem is.\nHa ideje engedi n\u00e9zze meg a t\u00f6bbi term\u00e9kemet is.\nK\u00f6sz\u00f6n\u00f6m, hogy ben\u00e9zett hozz\u00e1m, rem\u00e9lem megleli \u00e1lmai aj\u00e1nd\u00e9k\u00e1t.\n\u00dcdv. Spezso.","price":"15888.00","unit":"db","recommended":"0","status":"1","sponsored":"0","exp_notify":"0","own_material":"0","own_material_description_old":null,"own_material_description":"","jury":"0","jury_number":"","product_nature":"","meskaracsony":"0","create_date":"2026-03-04 02:42:33","shelve_id":"65243","image":"spezso_product_266663_230319214705_726172.jpeg","image_width":"480","image_height":"640","image_alt":"D\u00e9lut\u00e1ni s\u00e9ta. Vintage jelleg\u0171 romantikus falik\u00e9p, \u00dcvegfestm\u00e9ny., Kedves \u00e9rdekl\u0151d\u0151, - \u00dcdv\u00f6zl\u00f6m az oldalamon. \\n\\nEz a k\u00e9p egy saj\u00e1t k\u00e9sz\u00edt\u00e9s\u0171 romantikus \u00fcvegre festett ..., Meska","image_title":"D\u00e9lut\u00e1ni s\u00e9ta. Vintage jelleg\u0171 romantikus falik\u00e9p, \u00dcvegfestm\u00e9ny., Meska","view_count":"1067","favourite_count":"0","trending_score":"0","last2MonthFavouriteCount":"0","promotion":"0","giftcard_accept":"1","creditcard_accept":false,"enhanced_background":"0","domain":"meska","specific_customer_id":null,"specific_customer_name":null,"to_order_product":"0","to_order_product_time":"0","product_different":null,"product_different_description":"","vintage":"0","vintage_category_id":"0","recycled":"0","gemstone_id":"0","customizable":"0","type_category":"physical","zerowaste":"0","postage_price":"0.00","shop_order":"0","has_category":"1","landing_pages":null,"microdata":{"number":43,"category":""},"title":"D\u00e9lut\u00e1ni s\u00e9ta. Vintage jelleg\u0171 romantikus falik\u00e9p, \u00dcvegfestm\u00e9ny.","description":"Kedves \u00e9rdekl\u0151d\u0151, - \u00dcdv\u00f6zl\u00f6m az oldalamon. \n\nEz a k\u00e9p egy saj\u00e1t k\u00e9sz\u00edt\u00e9s\u0171 romantikus \u00fcvegre festett k\u00e9p. \n\u00dcvegfestm\u00e9ny, melyet sz\u00e9pen csillog fel\u00fcletek jellemeznek. \nVintage jelleg\u0171 k\u00e9p hozz\u00e1 ill\u0151 keretben.\nM\u00e9rete 26x35 cm. K\u00e9r\u00e9sre megbesz\u00e9l\u00e9s alapj\u00e1n m\u00e1s, nagyobb m\u00e9retben is elk\u00e9sz\u00edtem. \nA k\u00e9p \u00e1ra kerettel egy\u00fctt \u00e9rtend\u0151. \nK\u00e9szleten l\u00e9v\u0151 term\u00e9k, ak\u00e1r azonnal is elvihet\u0151. Szem\u00e9lyes \u00e1tv\u00e9tel is lehets\u00e9ges Kistarcs\u00e1n, vagy Budapest \u00d6rs vez\u00e9r tere.\nEbben a v\u00e1logat\u00e1sban van m\u00e9g t\u00f6bb romantikus jelleg\u0171 k\u00e9pem is.\nHa ideje engedi n\u00e9zze meg a t\u00f6bbi term\u00e9kemet is.\nK\u00f6sz\u00f6n\u00f6m, hogy ben\u00e9zett hozz\u00e1m, rem\u00e9lem megleli \u00e1lmai aj\u00e1nd\u00e9k\u00e1t.\n\u00dcdv. Spezso.","score":0,"formatted_price":"15 888 Ft","image_url":"https:\/\/www.meska.hu\/img\/product\/small\/s\/p\/spezso_product_266663_230319214705_726172.jpeg","formatted_url":"https:\/\/www.meska.hu\/p4930273-delutani-seta-vintage-jellegu-romantikus-falikep-uvegfestmeny","favourite":false,"in_stock":true,"avatar":"spezso_avatar_266663_1587803542.jpg","delete_from":0,"is_enhanced_background":false,"is_enhanced":false,"product_selection_started":false,"is_active":true,"image_webp_url":"https:\/\/www.meska.hu\/img\/product\/small\/s\/p\/spezso_product_266663_230319214705_726172.webp"},{"id":"3396687","shop_id":"33745","user_id":"390207","shop_name":"peszlenmonika","shop_zip":"9300","product_code":"4259485","product_name_old":null,"product_name":"\u00d6sszetartozunk ","category_string":"M\u0171v\u00e9szet, Festm\u00e9ny, \u00dcvegfestm\u00e9ny","technic_string":"\u00dcvegm\u0171v\u00e9szet","category_1":"357","category_2":"358","category_3":"1325","category_4":"0","merged_category_1":"0","merged_category_2":"0","merged_category_3":"785","technic_1":"505","technic_2":"0","technic_3":"0","color_1":"512","color_2":"519","color_3":"529","product_description_old":null,"product_description":"Ez a k\u00e9t egym\u00e1sba csavarod\u00f3 fa az \u00f6sszetartoz\u00e1st szimboliz\u00e1lja. 50 \u00e9ves h\u00e1zass\u00e1gi \u00e9vfordul\u00f3ra k\u00e9sz\u00fclt, de term\u00e9szetesen k\u00e9rhet\u0151 m\u00e1s sz\u00e1mmal \u00e9s felirattal is. Ide\u00e1lis aj\u00e1nd\u00e9k esk\u00fcv\u0151re az ifj\u00fa p\u00e1r nev\u00e9vel d\u00edsz\u00edtve.\nM\u00e9rete: 50x20 cm\nAz \u00e1r tartalmazza a k\u00e9pen l\u00e1that\u00f3, festm\u00e9nyhez harmoniz\u00e1l\u00f3 fa keretet.","price":"26000.00","unit":"db","recommended":"0","status":"1","sponsored":"0","exp_notify":"0","own_material":"0","own_material_description_old":null,"own_material_description":"","jury":"0","jury_number":"","product_nature":"","meskaracsony":"0","create_date":"2026-02-25 13:02:53","shelve_id":"68391","image":"peszlenmonika_product_390207_210823135538_647562.jpeg","image_width":"480","image_height":"640","image_alt":"\u00d6sszetartozunk , Ez a k\u00e9t egym\u00e1sba csavarod\u00f3 fa az \u00f6sszetartoz\u00e1st szimboliz\u00e1lja. 50 \u00e9ves h\u00e1zass\u00e1gi \u00e9vfordul\u00f3ra k\u00e9sz\u00fcl..., Meska","image_title":"\u00d6sszetartozunk , Meska","view_count":"3035","favourite_count":"0","trending_score":"0","last2MonthFavouriteCount":"0","promotion":"0","giftcard_accept":"0","creditcard_accept":true,"enhanced_background":"0","domain":"meska","specific_customer_id":null,"specific_customer_name":null,"to_order_product":"0","to_order_product_time":"0","product_different":null,"product_different_description":"","vintage":"0","vintage_category_id":"0","recycled":"0","gemstone_id":"0","customizable":"1","type_category":"physical","zerowaste":"0","postage_price":"1290.00","shop_order":"0","has_category":"1","landing_pages":null,"microdata":{"number":44,"category":""},"title":"\u00d6sszetartozunk ","description":"Ez a k\u00e9t egym\u00e1sba csavarod\u00f3 fa az \u00f6sszetartoz\u00e1st szimboliz\u00e1lja. 50 \u00e9ves h\u00e1zass\u00e1gi \u00e9vfordul\u00f3ra k\u00e9sz\u00fclt, de term\u00e9szetesen k\u00e9rhet\u0151 m\u00e1s sz\u00e1mmal \u00e9s felirattal is. Ide\u00e1lis aj\u00e1nd\u00e9k esk\u00fcv\u0151re az ifj\u00fa p\u00e1r nev\u00e9vel d\u00edsz\u00edtve.\nM\u00e9rete: 50x20 cm\nAz \u00e1r tartalmazza a k\u00e9pen l\u00e1that\u00f3, festm\u00e9nyhez harmoniz\u00e1l\u00f3 fa keretet.","score":0,"formatted_price":"26 000 Ft","image_url":"https:\/\/www.meska.hu\/img\/product\/small\/p\/e\/peszlenmonika_product_390207_210823135538_647562.jpeg","formatted_url":"https:\/\/www.meska.hu\/p4259485-osszetartozunk","favourite":false,"in_stock":true,"avatar":"peszlenmonika_avatar_390207_1623150181.jpg","delete_from":0,"is_enhanced_background":false,"is_enhanced":false,"product_selection_started":false,"is_active":true,"image_webp_url":"https:\/\/www.meska.hu\/img\/product\/small\/p\/e\/peszlenmonika_product_390207_210823135538_647562.webp"},{"id":"6122672","shop_id":"51613","user_id":"729566","shop_name":"schenkglassart","shop_zip":"1114","product_code":"5736910","product_name_old":null,"product_name":"Velencei karnev\u00e1l","category_string":"M\u0171v\u00e9szet, Festm\u00e9ny, \u00dcvegfestm\u00e9ny","technic_string":"Fest\u00e9szet, \u00dcvegm\u0171v\u00e9szet","category_1":"357","category_2":"358","category_3":"1325","category_4":"0","merged_category_1":null,"merged_category_2":null,"merged_category_3":null,"technic_1":"480","technic_2":"505","technic_3":"0","color_1":"521","color_2":"0","color_3":"0","product_description_old":null,"product_description":"\ud83c\udfad Velencei \u00e1lom  \ud83c\udfad\n\nA velencei maszkok vil\u00e1ga mindig a titokzatoss\u00e1gr\u00f3l, eleganci\u00e1r\u00f3l \u00e9s egy kis j\u00e1t\u00e9koss\u00e1gr\u00f3l sz\u00f3l.\nEbben az \u00fcvegfestett alkot\u00e1sban egy karnev\u00e1li pillanatot \u0151riz \u2014 mintha egy b\u00e1l eml\u00e9ke maradt volna meg a f\u00e9nyben.\nK\u00e9zzel k\u00e9sz\u00fclt, ez\u00e9rt minden r\u00e9szlete egyedi \u00e9s megism\u00e9telhetetlen.\nNem csak dekor\u00e1ci\u00f3\u2026 hangulat az otthonodban. Aj\u00e1nd\u00e9kozd meg csal\u00e1dtagodat, bar\u00e1todat biztos az \u00f6r\u00f6m. V\u00edztiszta Plexire festve, ugyan olyan hat\u00e1s mintha \u00fcvegre lenne festve. (viszont nem t\u00f6rik, mint az \u00fcveg) Sz\u00e9pen csillog\u00f3 alkot\u00e1s.","price":"39900.00","unit":"db","recommended":"0","status":"1","sponsored":"0","exp_notify":"0","own_material":"0","own_material_description_old":null,"own_material_description":"","jury":"0","jury_number":"","product_nature":"","meskaracsony":"0","create_date":"2026-02-19 19:50:48","shelve_id":"0","image":"schenkglassart_product_729566_260219195458_92910.jpeg","image_width":"480","image_height":"628","image_alt":"Velencei karnev\u00e1l, \ud83c\udfad Velencei \u00e1lom  \ud83c\udfad\\n\\nA velencei maszkok vil\u00e1ga mindig a titokzatoss\u00e1gr\u00f3l, eleganci\u00e1r\u00f3l \u00e9s egy kis j\u00e1t..., Meska","image_title":"Velencei karnev\u00e1l, Meska","view_count":"58","favourite_count":"0","trending_score":"0","last2MonthFavouriteCount":"0","promotion":"0","giftcard_accept":"0","creditcard_accept":true,"enhanced_background":"0","domain":"meska","specific_customer_id":null,"specific_customer_name":null,"to_order_product":"0","to_order_product_time":"0","product_different":null,"product_different_description":"","vintage":"0","vintage_category_id":"0","recycled":"0","gemstone_id":"0","customizable":"0","type_category":"physical","zerowaste":"0","postage_price":"1290.00","shop_order":"0","has_category":"1","landing_pages":null,"microdata":{"number":45,"category":""},"title":"Velencei karnev\u00e1l","description":"\ud83c\udfad Velencei \u00e1lom  \ud83c\udfad\n\nA velencei maszkok vil\u00e1ga mindig a titokzatoss\u00e1gr\u00f3l, eleganci\u00e1r\u00f3l \u00e9s egy kis j\u00e1t\u00e9koss\u00e1gr\u00f3l sz\u00f3l.\nEbben az \u00fcvegfestett alkot\u00e1sban egy karnev\u00e1li pillanatot \u0151riz \u2014 mintha egy b\u00e1l eml\u00e9ke maradt volna meg a f\u00e9nyben.\nK\u00e9zzel k\u00e9sz\u00fclt, ez\u00e9rt minden r\u00e9szlete egyedi \u00e9s megism\u00e9telhetetlen.\nNem csak dekor\u00e1ci\u00f3\u2026 hangulat az otthonodban. Aj\u00e1nd\u00e9kozd meg csal\u00e1dtagodat, bar\u00e1todat biztos az \u00f6r\u00f6m. V\u00edztiszta Plexire festve, ugyan olyan hat\u00e1s mintha \u00fcvegre lenne festve. (viszont nem t\u00f6rik, mint az \u00fcveg) Sz\u00e9pen csillog\u00f3 alkot\u00e1s.","score":0,"formatted_price":"39 900 Ft","image_url":"https:\/\/www.meska.hu\/img\/product\/small\/s\/c\/schenkglassart_product_729566_260219195458_92910.jpeg","formatted_url":"https:\/\/www.meska.hu\/p5736910-velencei-karneval","favourite":false,"in_stock":true,"avatar":"729566_avatar_1774788640.jpeg","delete_from":0,"is_enhanced_background":false,"is_enhanced":false,"product_selection_started":false,"is_active":true,"image_webp_url":"https:\/\/www.meska.hu\/img\/product\/small\/s\/c\/schenkglassart_product_729566_260219195458_92910.webp"},{"id":"6122587","shop_id":"48706","user_id":"713330","shop_name":"Editglasspainting","shop_zip":"9030","product_code":"5736843","product_name_old":null,"product_name":"\u00dcvegfestett keretes k\u00e9p","category_string":"M\u0171v\u00e9szet, Festm\u00e9ny, \u00dcvegfestm\u00e9ny","technic_string":"","category_1":"357","category_2":"358","category_3":"1325","category_4":"0","merged_category_1":null,"merged_category_2":null,"merged_category_3":null,"technic_1":"0","technic_2":"0","technic_3":"0","color_1":"512","color_2":"521","color_3":"523","product_description_old":null,"product_description":"\u00dcvegfestett technik\u00e1val k\u00e9sz\u00fclt k\u00e9p, mely let\u00e1maszthat\u00f3, de falra is tehet\u0151.\nT\u00f6k\u00e9letes egyedi aj\u00e1nd\u00e9knak is.\nM\u00e9rete: 20x26 cm kerettel egy\u00fctt.","price":"8500.00","unit":"db","recommended":"0","status":"1","sponsored":"0","exp_notify":"0","own_material":"0","own_material_description_old":null,"own_material_description":"","jury":"0","jury_number":"","product_nature":"","meskaracsony":"0","create_date":"2026-02-19 18:39:55","shelve_id":"0","image":"editglasspainting_product_713330_260219183848_887154.jpeg","image_width":"480","image_height":"640","image_alt":"\u00dcvegfestett keretes k\u00e9p, \u00dcvegfestett technik\u00e1val k\u00e9sz\u00fclt k\u00e9p, mely let\u00e1maszthat\u00f3, de falra is tehet\u0151.\\nT\u00f6k\u00e9letes egyedi aj\u00e1nd\u00e9..., Meska","image_title":"\u00dcvegfestett keretes k\u00e9p, Meska","view_count":"41","favourite_count":"0","trending_score":"0","last2MonthFavouriteCount":"0","promotion":0,"giftcard_accept":"0","creditcard_accept":false,"enhanced_background":"0","domain":"meska","specific_customer_id":null,"specific_customer_name":null,"to_order_product":"0","to_order_product_time":"0","product_different":null,"product_different_description":"","vintage":"0","vintage_category_id":"0","recycled":"0","gemstone_id":"0","customizable":"0","type_category":"physical","zerowaste":"0","postage_price":"1290.00","shop_order":"0","has_category":"1","landing_pages":null,"microdata":{"number":46,"category":""},"title":"\u00dcvegfestett keretes k\u00e9p","description":"\u00dcvegfestett technik\u00e1val k\u00e9sz\u00fclt k\u00e9p, mely let\u00e1maszthat\u00f3, de falra is tehet\u0151.\nT\u00f6k\u00e9letes egyedi aj\u00e1nd\u00e9knak is.\nM\u00e9rete: 20x26 cm kerettel egy\u00fctt.","score":0,"formatted_price":"8 500 Ft","image_url":"https:\/\/www.meska.hu\/img\/product\/small\/e\/d\/editglasspainting_product_713330_260219183848_887154.jpeg","formatted_url":"https:\/\/www.meska.hu\/p5736843-uvegfestett-keretes-kep","favourite":false,"in_stock":true,"avatar":"713330_avatar_1744020727.jpeg","delete_from":0,"is_enhanced_background":false,"is_enhanced":false,"product_selection_started":false,"is_active":true,"image_webp_url":"https:\/\/www.meska.hu\/img\/product\/small\/e\/d\/editglasspainting_product_713330_260219183848_887154.webp"},{"id":"6122586","shop_id":"48706","user_id":"713330","shop_name":"Editglasspainting","shop_zip":"9030","product_code":"5736842","product_name_old":null,"product_name":"\u00dcvegfestett keretes k\u00e9p","category_string":"M\u0171v\u00e9szet, Festm\u00e9ny, \u00dcvegfestm\u00e9ny","technic_string":"","category_1":"357","category_2":"358","category_3":"1325","category_4":"0","merged_category_1":null,"merged_category_2":null,"merged_category_3":null,"technic_1":"0","technic_2":"0","technic_3":"0","color_1":"522","color_2":"523","color_3":"529","product_description_old":null,"product_description":"\u00dcvegfestett technik\u00e1val k\u00e9sz\u00fclt k\u00e9p, mely let\u00e1maszthat\u00f3, de falra is tehet\u0151.\nT\u00f6k\u00e9letes egyedi aj\u00e1nd\u00e9knak is.\nM\u00e9rete: 15x20 cm kerettel egy\u00fctt.","price":"6900.00","unit":"db","recommended":"0","status":"1","sponsored":"0","exp_notify":"0","own_material":"0","own_material_description_old":null,"own_material_description":"","jury":"0","jury_number":"","product_nature":"","meskaracsony":"0","create_date":"2026-02-19 18:38:11","shelve_id":"0","image":"editglasspainting_product_713330_260219183706_80665.jpeg","image_width":"480","image_height":"360","image_alt":"\u00dcvegfestett keretes k\u00e9p, \u00dcvegfestett technik\u00e1val k\u00e9sz\u00fclt k\u00e9p, mely let\u00e1maszthat\u00f3, de falra is tehet\u0151.\\nT\u00f6k\u00e9letes egyedi aj\u00e1nd\u00e9..., Meska","image_title":"\u00dcvegfestett keretes k\u00e9p, Meska","view_count":"32","favourite_count":"1","trending_score":"0","last2MonthFavouriteCount":"0","promotion":0,"giftcard_accept":"0","creditcard_accept":false,"enhanced_background":"0","domain":"meska","specific_customer_id":null,"specific_customer_name":null,"to_order_product":"0","to_order_product_time":"0","product_different":null,"product_different_description":"","vintage":"0","vintage_category_id":"0","recycled":"0","gemstone_id":"0","customizable":"0","type_category":"physical","zerowaste":"0","postage_price":"1290.00","shop_order":"0","has_category":"1","landing_pages":null,"microdata":{"number":47,"category":""},"title":"\u00dcvegfestett keretes k\u00e9p","description":"\u00dcvegfestett technik\u00e1val k\u00e9sz\u00fclt k\u00e9p, mely let\u00e1maszthat\u00f3, de falra is tehet\u0151.\nT\u00f6k\u00e9letes egyedi aj\u00e1nd\u00e9knak is.\nM\u00e9rete: 15x20 cm kerettel egy\u00fctt.","score":0,"formatted_price":"6 900 Ft","image_url":"https:\/\/www.meska.hu\/img\/product\/small\/e\/d\/editglasspainting_product_713330_260219183706_80665.jpeg","formatted_url":"https:\/\/www.meska.hu\/p5736842-uvegfestett-keretes-kep","favourite":false,"in_stock":true,"avatar":"713330_avatar_1744020727.jpeg","delete_from":0,"is_enhanced_background":false,"is_enhanced":false,"product_selection_started":false,"is_active":true,"image_webp_url":"https:\/\/www.meska.hu\/img\/product\/small\/e\/d\/editglasspainting_product_713330_260219183706_80665.webp"},{"id":"6122583","shop_id":"48706","user_id":"713330","shop_name":"Editglasspainting","shop_zip":"9030","product_code":"5736839","product_name_old":null,"product_name":"\u00dcvegfestett keretes k\u00e9p","category_string":"M\u0171v\u00e9szet, Festm\u00e9ny, \u00dcvegfestm\u00e9ny","technic_string":"","category_1":"357","category_2":"358","category_3":"1325","category_4":"0","merged_category_1":null,"merged_category_2":null,"merged_category_3":null,"technic_1":"0","technic_2":"0","technic_3":"0","color_1":"523","color_2":"529","color_3":"0","product_description_old":null,"product_description":"\u00dcvegfestett technik\u00e1val k\u00e9sz\u00fclt k\u00e9p, mely let\u00e1maszthat\u00f3, de falra is tehet\u0151.\nT\u00f6k\u00e9letes egyedi aj\u00e1nd\u00e9knak is.\nM\u00e9rete: 15x20 cm kerettel egy\u00fctt.","price":"6900.00","unit":"db","recommended":"0","status":"1","sponsored":"0","exp_notify":"0","own_material":"0","own_material_description_old":null,"own_material_description":"","jury":"0","jury_number":"","product_nature":"","meskaracsony":"0","create_date":"2026-02-19 18:36:15","shelve_id":"0","image":"editglasspainting_product_713330_260219183534_028639.jpeg","image_width":"480","image_height":"640","image_alt":"\u00dcvegfestett keretes k\u00e9p, \u00dcvegfestett technik\u00e1val k\u00e9sz\u00fclt k\u00e9p, mely let\u00e1maszthat\u00f3, de falra is tehet\u0151.\\nT\u00f6k\u00e9letes egyedi aj\u00e1nd\u00e9..., Meska","image_title":"\u00dcvegfestett keretes k\u00e9p, Meska","view_count":"39","favourite_count":"0","trending_score":"0","last2MonthFavouriteCount":"0","promotion":0,"giftcard_accept":"0","creditcard_accept":false,"enhanced_background":"0","domain":"meska","specific_customer_id":null,"specific_customer_name":null,"to_order_product":"0","to_order_product_time":"0","product_different":null,"product_different_description":"","vintage":"0","vintage_category_id":"0","recycled":"0","gemstone_id":"0","customizable":"0","type_category":"physical","zerowaste":"0","postage_price":"1290.00","shop_order":"0","has_category":"1","landing_pages":null,"microdata":{"number":48,"category":""},"title":"\u00dcvegfestett keretes k\u00e9p","description":"\u00dcvegfestett technik\u00e1val k\u00e9sz\u00fclt k\u00e9p, mely let\u00e1maszthat\u00f3, de falra is tehet\u0151.\nT\u00f6k\u00e9letes egyedi aj\u00e1nd\u00e9knak is.\nM\u00e9rete: 15x20 cm kerettel egy\u00fctt.","score":0,"formatted_price":"6 900 Ft","image_url":"https:\/\/www.meska.hu\/img\/product\/small\/e\/d\/editglasspainting_product_713330_260219183534_028639.jpeg","formatted_url":"https:\/\/www.meska.hu\/p5736839-uvegfestett-keretes-kep","favourite":false,"in_stock":true,"avatar":"713330_avatar_1744020727.jpeg","delete_from":0,"is_enhanced_background":false,"is_enhanced":false,"product_selection_started":false,"is_active":true,"image_webp_url":"https:\/\/www.meska.hu\/img\/product\/small\/e\/d\/editglasspainting_product_713330_260219183534_028639.webp"},{"id":"6122582","shop_id":"48706","user_id":"713330","shop_name":"Editglasspainting","shop_zip":"9030","product_code":"5736838","product_name_old":null,"product_name":"\u00dcvegfestett keretes k\u00e9p","category_string":"M\u0171v\u00e9szet, Festm\u00e9ny, \u00dcvegfestm\u00e9ny","technic_string":"","category_1":"357","category_2":"358","category_3":"1325","category_4":"0","merged_category_1":null,"merged_category_2":null,"merged_category_3":null,"technic_1":"0","technic_2":"0","technic_3":"0","color_1":"512","color_2":"568","color_3":"523","product_description_old":null,"product_description":"\u00dcvegfestett technik\u00e1val k\u00e9sz\u00fclt k\u00e9p, mely let\u00e1maszthat\u00f3, de falra is tehet\u0151.\nT\u00f6k\u00e9letes egyedi aj\u00e1nd\u00e9knak is.\nM\u00e9rete: 15x20 cm kerettel egy\u00fctt.","price":"6900.00","unit":"db","recommended":"0","status":"1","sponsored":"0","exp_notify":"0","own_material":"0","own_material_description_old":null,"own_material_description":"","jury":"0","jury_number":"","product_nature":"","meskaracsony":"0","create_date":"2026-02-19 18:35:09","shelve_id":"0","image":"editglasspainting_product_713330_260219183343_414194.jpeg","image_width":"480","image_height":"360","image_alt":"\u00dcvegfestett keretes k\u00e9p, \u00dcvegfestett technik\u00e1val k\u00e9sz\u00fclt k\u00e9p, mely let\u00e1maszthat\u00f3, de falra is tehet\u0151.\\nT\u00f6k\u00e9letes egyedi aj\u00e1nd\u00e9..., Meska","image_title":"\u00dcvegfestett keretes k\u00e9p, Meska","view_count":"37","favourite_count":"1","trending_score":"0","last2MonthFavouriteCount":"0","promotion":0,"giftcard_accept":"0","creditcard_accept":false,"enhanced_background":"0","domain":"meska","specific_customer_id":null,"specific_customer_name":null,"to_order_product":"0","to_order_product_time":"0","product_different":null,"product_different_description":"","vintage":"0","vintage_category_id":"0","recycled":"0","gemstone_id":"0","customizable":"0","type_category":"physical","zerowaste":"0","postage_price":"1290.00","shop_order":"0","has_category":"1","landing_pages":null,"microdata":{"number":49,"category":""},"title":"\u00dcvegfestett keretes k\u00e9p","description":"\u00dcvegfestett technik\u00e1val k\u00e9sz\u00fclt k\u00e9p, mely let\u00e1maszthat\u00f3, de falra is tehet\u0151.\nT\u00f6k\u00e9letes egyedi aj\u00e1nd\u00e9knak is.\nM\u00e9rete: 15x20 cm kerettel egy\u00fctt.","score":0,"formatted_price":"6 900 Ft","image_url":"https:\/\/www.meska.hu\/img\/product\/small\/e\/d\/editglasspainting_product_713330_260219183343_414194.jpeg","formatted_url":"https:\/\/www.meska.hu\/p5736838-uvegfestett-keretes-kep","favourite":false,"in_stock":true,"avatar":"713330_avatar_1744020727.jpeg","delete_from":0,"is_enhanced_background":false,"is_enhanced":false,"product_selection_started":false,"is_active":true,"image_webp_url":"https:\/\/www.meska.hu\/img\/product\/small\/e\/d\/editglasspainting_product_713330_260219183343_414194.webp"},{"id":"6122579","shop_id":"48706","user_id":"713330","shop_name":"Editglasspainting","shop_zip":"9030","product_code":"5736835","product_name_old":null,"product_name":"\u00dcvegfestett keretes k\u00e9p","category_string":"M\u0171v\u00e9szet, Festm\u00e9ny, \u00dcvegfestm\u00e9ny","technic_string":"","category_1":"357","category_2":"358","category_3":"1325","category_4":"0","merged_category_1":null,"merged_category_2":null,"merged_category_3":null,"technic_1":"0","technic_2":"0","technic_3":"0","color_1":"521","color_2":"568","color_3":"525","product_description_old":null,"product_description":"\u00dcvegfestett technik\u00e1val k\u00e9sz\u00fclt k\u00e9p, mely let\u00e1maszthat\u00f3, de falra is tehet\u0151.\nT\u00f6k\u00e9letes egyedi aj\u00e1nd\u00e9knak is.\nM\u00e9rete: 15x20 cm kerettel egy\u00fctt.","price":"6900.00","unit":"db","recommended":"0","status":"1","sponsored":"0","exp_notify":"0","own_material":"0","own_material_description_old":null,"own_material_description":"","jury":"0","jury_number":"","product_nature":"","meskaracsony":"0","create_date":"2026-02-19 18:32:40","shelve_id":"0","image":"editglasspainting_product_713330_260219182656_70611.jpeg","image_width":"480","image_height":"640","image_alt":"\u00dcvegfestett keretes k\u00e9p, \u00dcvegfestett technik\u00e1val k\u00e9sz\u00fclt k\u00e9p, mely let\u00e1maszthat\u00f3, de falra is tehet\u0151.\\nT\u00f6k\u00e9letes egyedi aj\u00e1nd\u00e9..., Meska","image_title":"\u00dcvegfestett keretes k\u00e9p, Meska","view_count":"40","favourite_count":"0","trending_score":"0","last2MonthFavouriteCount":"0","promotion":0,"giftcard_accept":"0","creditcard_accept":false,"enhanced_background":"0","domain":"meska","specific_customer_id":null,"specific_customer_name":null,"to_order_product":"0","to_order_product_time":"0","product_different":null,"product_different_description":"","vintage":"0","vintage_category_id":"0","recycled":"0","gemstone_id":"0","customizable":"0","type_category":"physical","zerowaste":"0","postage_price":"1290.00","shop_order":"0","has_category":"1","landing_pages":null,"microdata":{"number":50,"category":""},"title":"\u00dcvegfestett keretes k\u00e9p","description":"\u00dcvegfestett technik\u00e1val k\u00e9sz\u00fclt k\u00e9p, mely let\u00e1maszthat\u00f3, de falra is tehet\u0151.\nT\u00f6k\u00e9letes egyedi aj\u00e1nd\u00e9knak is.\nM\u00e9rete: 15x20 cm kerettel egy\u00fctt.","score":0,"formatted_price":"6 900 Ft","image_url":"https:\/\/www.meska.hu\/img\/product\/small\/e\/d\/editglasspainting_product_713330_260219182656_70611.jpeg","formatted_url":"https:\/\/www.meska.hu\/p5736835-uvegfestett-keretes-kep","favourite":false,"in_stock":true,"avatar":"713330_avatar_1744020727.jpeg","delete_from":0,"is_enhanced_background":false,"is_enhanced":false,"product_selection_started":false,"is_active":true,"image_webp_url":"https:\/\/www.meska.hu\/img\/product\/small\/e\/d\/editglasspainting_product_713330_260219182656_70611.webp"},{"id":"6122570","shop_id":"48706","user_id":"713330","shop_name":"Editglasspainting","shop_zip":"9030","product_code":"5736830","product_name_old":null,"product_name":"\u00dcvegfestett keretes k\u00e9p","category_string":"M\u0171v\u00e9szet, Festm\u00e9ny, \u00dcvegfestm\u00e9ny","technic_string":"Fest\u00e9szet, \u00dcvegm\u0171v\u00e9szet","category_1":"357","category_2":"358","category_3":"1325","category_4":"0","merged_category_1":null,"merged_category_2":null,"merged_category_3":null,"technic_1":"480","technic_2":"505","technic_3":"0","color_1":"514","color_2":"568","color_3":"523","product_description_old":null,"product_description":"\u00dcvegfestett technik\u00e1val k\u00e9sz\u00fclt k\u00e9p, mely let\u00e1maszthat\u00f3, de falra is tehet\u0151.\nT\u00f6k\u00e9letes egyedi aj\u00e1nd\u00e9knak is.\nM\u00e9rete: 15x20 cm kerettel egy\u00fctt.","price":"6900.00","unit":"db","recommended":"0","status":"1","sponsored":"0","exp_notify":"0","own_material":"0","own_material_description_old":null,"own_material_description":"","jury":"0","jury_number":"","product_nature":"","meskaracsony":"0","create_date":"2026-02-19 18:25:23","shelve_id":"0","image":"editglasspainting_product_713330_260219182258_593599.jpeg","image_width":"480","image_height":"640","image_alt":"\u00dcvegfestett keretes k\u00e9p, \u00dcvegfestett technik\u00e1val k\u00e9sz\u00fclt k\u00e9p, mely let\u00e1maszthat\u00f3, de falra is tehet\u0151.\\nT\u00f6k\u00e9letes egyedi aj\u00e1nd\u00e9..., Meska","image_title":"\u00dcvegfestett keretes k\u00e9p, Meska","view_count":"47","favourite_count":"0","trending_score":"0","last2MonthFavouriteCount":"0","promotion":0,"giftcard_accept":"0","creditcard_accept":false,"enhanced_background":"0","domain":"meska","specific_customer_id":null,"specific_customer_name":null,"to_order_product":"0","to_order_product_time":"0","product_different":null,"product_different_description":"","vintage":"0","vintage_category_id":"0","recycled":"0","gemstone_id":"0","customizable":"0","type_category":"physical","zerowaste":"0","postage_price":"1290.00","shop_order":"0","has_category":"1","landing_pages":null,"microdata":{"number":51,"category":""},"title":"\u00dcvegfestett keretes k\u00e9p","description":"\u00dcvegfestett technik\u00e1val k\u00e9sz\u00fclt k\u00e9p, mely let\u00e1maszthat\u00f3, de falra is tehet\u0151.\nT\u00f6k\u00e9letes egyedi aj\u00e1nd\u00e9knak is.\nM\u00e9rete: 15x20 cm kerettel egy\u00fctt.","score":0,"formatted_price":"6 900 Ft","image_url":"https:\/\/www.meska.hu\/img\/product\/small\/e\/d\/editglasspainting_product_713330_260219182258_593599.jpeg","formatted_url":"https:\/\/www.meska.hu\/p5736830-uvegfestett-keretes-kep","favourite":false,"in_stock":true,"avatar":"713330_avatar_1744020727.jpeg","delete_from":0,"is_enhanced_background":false,"is_enhanced":false,"product_selection_started":false,"is_active":true,"image_webp_url":"https:\/\/www.meska.hu\/img\/product\/small\/e\/d\/editglasspainting_product_713330_260219182258_593599.webp"},{"id":"6122322","shop_id":"48410","user_id":"110818","shop_name":"Uvegfestesvilagom","shop_zip":"2163","product_code":"5736673","product_name_old":null,"product_name":"G\u00e9sa vir\u00e1gokkal","category_string":"M\u0171v\u00e9szet, Festm\u00e9ny, \u00dcvegfestm\u00e9ny","technic_string":"Fest\u00e9szet, \u00dcvegm\u0171v\u00e9szet","category_1":"357","category_2":"358","category_3":"1325","category_4":"0","merged_category_1":null,"merged_category_2":null,"merged_category_3":null,"technic_1":"480","technic_2":"505","technic_3":"0","color_1":"515","color_2":"519","color_3":"520","product_description_old":null,"product_description":"Egyedi \u00fcvegfestett k\u00e9p 30x40 cm m\u0171anyag keretben. Im\u00e1dom a jap\u00e1n fest\u00e9szetet, t\u00f6bbek k\u00f6z\u00f6tt a g\u00e9sa mot\u00edvum\u00e1t. Hasonl\u00f3 m\u00f3don \u00fajrafesthet\u0151. Az \u00e9n lak\u00e1somban ez a k\u00e9p egy sorozat r\u00e9sze. ","price":"30000.00","unit":"db","recommended":"0","status":"1","sponsored":"0","exp_notify":"0","own_material":"0","own_material_description_old":null,"own_material_description":"","jury":"0","jury_number":"","product_nature":"","meskaracsony":"0","create_date":"2026-02-19 14:43:08","shelve_id":"0","image":"uvegfestesvilagom_product_110818_260219143602_4362.jpeg","image_width":"480","image_height":"640","image_alt":"G\u00e9sa vir\u00e1gokkal, Egyedi \u00fcvegfestett k\u00e9p 30x40 cm m\u0171anyag keretben. Im\u00e1dom a jap\u00e1n fest\u00e9szetet, t\u00f6bbek k\u00f6z\u00f6tt a g\u00e9sa m..., Meska","image_title":"G\u00e9sa vir\u00e1gokkal, Meska","view_count":"104","favourite_count":"0","trending_score":"0","last2MonthFavouriteCount":"0","promotion":"0","giftcard_accept":"0","creditcard_accept":false,"enhanced_background":"0","domain":"meska","specific_customer_id":null,"specific_customer_name":null,"to_order_product":"1","to_order_product_time":"14","product_different":null,"product_different_description":"","vintage":"0","vintage_category_id":"0","recycled":"0","gemstone_id":"0","customizable":"1","type_category":"physical","zerowaste":"0","postage_price":"0.00","shop_order":"0","has_category":"1","landing_pages":null,"microdata":{"number":52,"category":""},"title":"G\u00e9sa vir\u00e1gokkal","description":"Egyedi \u00fcvegfestett k\u00e9p 30x40 cm m\u0171anyag keretben. Im\u00e1dom a jap\u00e1n fest\u00e9szetet, t\u00f6bbek k\u00f6z\u00f6tt a g\u00e9sa mot\u00edvum\u00e1t. Hasonl\u00f3 m\u00f3don \u00fajrafesthet\u0151. Az \u00e9n lak\u00e1somban ez a k\u00e9p egy sorozat r\u00e9sze. ","score":0,"formatted_price":"30 000 Ft","image_url":"https:\/\/www.meska.hu\/img\/product\/small\/u\/v\/uvegfestesvilagom_product_110818_260219143602_4362.jpeg","formatted_url":"https:\/\/www.meska.hu\/p5736673-gesa-viragokkal","favourite":false,"in_stock":false,"avatar":"110818_avatar_1741949492.jpeg","delete_from":0,"is_enhanced_background":false,"is_enhanced":false,"product_selection_started":false,"is_active":true,"image_webp_url":"https:\/\/www.meska.hu\/img\/product\/small\/u\/v\/uvegfestesvilagom_product_110818_260219143602_4362.webp"},{"id":"6122308","shop_id":"48410","user_id":"110818","shop_name":"Uvegfestesvilagom","shop_zip":"2163","product_code":"5736660","product_name_old":null,"product_name":"V\u00e1ros \u00e9s tenger","category_string":"M\u0171v\u00e9szet, Festm\u00e9ny, \u00dcvegfestm\u00e9ny","technic_string":"","category_1":"357","category_2":"358","category_3":"1325","category_4":"0","merged_category_1":null,"merged_category_2":null,"merged_category_3":null,"technic_1":"0","technic_2":"0","technic_3":"0","color_1":"1474","color_2":"514","color_3":"521","product_description_old":null,"product_description":"Egyedi \u00fcvegfestett k\u00e9p 30x40 cm m\u00e9retben, m\u0171anyag keretben. Egy idilli tengerparti r\u00e9szlet az otthonodban. Hasonl\u00f3 sz\u00ednekben \u00fajrafesthet\u0151. ","price":"30000.00","unit":"db","recommended":"0","status":"1","sponsored":"0","exp_notify":"0","own_material":"0","own_material_description_old":null,"own_material_description":"","jury":"0","jury_number":"","product_nature":"","meskaracsony":"0","create_date":"2026-02-19 14:35:47","shelve_id":"0","image":"uvegfestesvilagom_product_110818_260219142906_729483.jpeg","image_width":"480","image_height":"360","image_alt":"V\u00e1ros \u00e9s tenger, Egyedi \u00fcvegfestett k\u00e9p 30x40 cm m\u00e9retben, m\u0171anyag keretben. Egy idilli tengerparti r\u00e9szlet az otthon..., Meska","image_title":"V\u00e1ros \u00e9s tenger, Meska","view_count":"63","favourite_count":"0","trending_score":"0","last2MonthFavouriteCount":"0","promotion":"0","giftcard_accept":"0","creditcard_accept":false,"enhanced_background":"0","domain":"meska","specific_customer_id":null,"specific_customer_name":null,"to_order_product":"1","to_order_product_time":"14","product_different":null,"product_different_description":"","vintage":"0","vintage_category_id":"0","recycled":"0","gemstone_id":"0","customizable":"1","type_category":"physical","zerowaste":"0","postage_price":"0.00","shop_order":"0","has_category":"1","landing_pages":null,"microdata":{"number":53,"category":""},"title":"V\u00e1ros \u00e9s tenger","description":"Egyedi \u00fcvegfestett k\u00e9p 30x40 cm m\u00e9retben, m\u0171anyag keretben. Egy idilli tengerparti r\u00e9szlet az otthonodban. Hasonl\u00f3 sz\u00ednekben \u00fajrafesthet\u0151. ","score":0,"formatted_price":"30 000 Ft","image_url":"https:\/\/www.meska.hu\/img\/product\/small\/u\/v\/uvegfestesvilagom_product_110818_260219142906_729483.jpeg","formatted_url":"https:\/\/www.meska.hu\/p5736660-varos-es-tenger","favourite":false,"in_stock":false,"avatar":"110818_avatar_1741949492.jpeg","delete_from":0,"is_enhanced_background":false,"is_enhanced":false,"product_selection_started":false,"is_active":true,"image_webp_url":"https:\/\/www.meska.hu\/img\/product\/small\/u\/v\/uvegfestesvilagom_product_110818_260219142906_729483.webp"},{"id":"6122293","shop_id":"48410","user_id":"110818","shop_name":"Uvegfestesvilagom","shop_zip":"2163","product_code":"5736652","product_name_old":null,"product_name":"F\u00e1k - h\u00e1zak - csillagos \u00e9gbolt","category_string":"M\u0171v\u00e9szet, Festm\u00e9ny, \u00dcvegfestm\u00e9ny","technic_string":"Fest\u00e9szet, \u00dcvegm\u0171v\u00e9szet","category_1":"357","category_2":"358","category_3":"1325","category_4":"0","merged_category_1":null,"merged_category_2":null,"merged_category_3":null,"technic_1":"480","technic_2":"505","technic_3":"0","color_1":"521","color_2":"532","color_3":"534","product_description_old":null,"product_description":"Egyedi \u00fcvegfestett k\u00e9p egy rajzos: f\u00e1k, h\u00e1zak t\u00e9m\u00e1ban. 30x40 cm m\u00e9ret\u0171. Hasonl\u00f3 sz\u00ednekkel megfesthet\u0151, de nincs k\u00e9t egyforma alkot\u00e1s. Ez a k\u00e9p a \u201cf\u00e1k, h\u00e1zak\u201d sorozat r\u00e9sze. ","price":"30000.00","unit":"db","recommended":"0","status":"1","sponsored":"0","exp_notify":"0","own_material":"0","own_material_description_old":null,"own_material_description":"","jury":"0","jury_number":"","product_nature":"","meskaracsony":"0","create_date":"2026-02-19 14:27:47","shelve_id":"0","image":"uvegfestesvilagom_product_110818_260219142011_038878.jpeg","image_width":"480","image_height":"360","image_alt":"F\u00e1k - h\u00e1zak - csillagos \u00e9gbolt, Egyedi \u00fcvegfestett k\u00e9p egy rajzos: f\u00e1k, h\u00e1zak t\u00e9m\u00e1ban. 30x40 cm m\u00e9ret\u0171. Hasonl\u00f3 sz\u00ednekkel megfesthet..., Meska","image_title":"F\u00e1k - h\u00e1zak - csillagos \u00e9gbolt, Meska","view_count":"77","favourite_count":"2","trending_score":"0","last2MonthFavouriteCount":"0","promotion":"0","giftcard_accept":"0","creditcard_accept":false,"enhanced_background":"0","domain":"meska","specific_customer_id":null,"specific_customer_name":null,"to_order_product":"1","to_order_product_time":"14","product_different":null,"product_different_description":"","vintage":"0","vintage_category_id":"0","recycled":"0","gemstone_id":"0","customizable":"1","type_category":"physical","zerowaste":"0","postage_price":"0.00","shop_order":"0","has_category":"1","landing_pages":null,"microdata":{"number":54,"category":""},"title":"F\u00e1k - h\u00e1zak - csillagos \u00e9gbolt","description":"Egyedi \u00fcvegfestett k\u00e9p egy rajzos: f\u00e1k, h\u00e1zak t\u00e9m\u00e1ban. 30x40 cm m\u00e9ret\u0171. Hasonl\u00f3 sz\u00ednekkel megfesthet\u0151, de nincs k\u00e9t egyforma alkot\u00e1s. Ez a k\u00e9p a \u201cf\u00e1k, h\u00e1zak\u201d sorozat r\u00e9sze. ","score":0,"formatted_price":"30 000 Ft","image_url":"https:\/\/www.meska.hu\/img\/product\/small\/u\/v\/uvegfestesvilagom_product_110818_260219142011_038878.jpeg","formatted_url":"https:\/\/www.meska.hu\/p5736652-fak-hazak-csillagos-egbolt","favourite":false,"in_stock":false,"avatar":"110818_avatar_1741949492.jpeg","delete_from":0,"is_enhanced_background":false,"is_enhanced":false,"product_selection_started":false,"is_active":true,"image_webp_url":"https:\/\/www.meska.hu\/img\/product\/small\/u\/v\/uvegfestesvilagom_product_110818_260219142011_038878.webp"},{"id":"6122276","shop_id":"48410","user_id":"110818","shop_name":"Uvegfestesvilagom","shop_zip":"2163","product_code":"5736636","product_name_old":null,"product_name":"F\u00e1k - h\u00e1zak - hold ","category_string":"M\u0171v\u00e9szet, Festm\u00e9ny, \u00dcvegfestm\u00e9ny","technic_string":"Fest\u00e9szet, \u00dcvegm\u0171v\u00e9szet","category_1":"357","category_2":"358","category_3":"1325","category_4":"0","merged_category_1":null,"merged_category_2":null,"merged_category_3":null,"technic_1":"480","technic_2":"505","technic_3":"0","color_1":"512","color_2":"520","color_3":"521","product_description_old":null,"product_description":"Egyedi \u00fcvegfestett k\u00e9p, ahol f\u00e1kat, h\u00e1zakat \u00e9s holdat festettem egy apr\u00f3l\u00e9kos ut\u00f3rajzol\u00e1ssal. 30x40 cm k\u00e9p. A \u201cf\u00e1k h\u00e1zak\u201d sorozat r\u00e9sze. ","price":"30000.00","unit":"db","recommended":"0","status":"1","sponsored":"0","exp_notify":"0","own_material":"0","own_material_description_old":null,"own_material_description":"","jury":"0","jury_number":"","product_nature":"","meskaracsony":"0","create_date":"2026-02-19 14:19:19","shelve_id":"0","image":"uvegfestesvilagom_product_110818_260219141206_589177.jpeg","image_width":"480","image_height":"360","image_alt":"F\u00e1k - h\u00e1zak - hold , Egyedi \u00fcvegfestett k\u00e9p, ahol f\u00e1kat, h\u00e1zakat \u00e9s holdat festettem egy apr\u00f3l\u00e9kos ut\u00f3rajzol\u00e1ssal. 30x40 ..., Meska","image_title":"F\u00e1k - h\u00e1zak - hold , Meska","view_count":"103","favourite_count":"1","trending_score":"0","last2MonthFavouriteCount":"1","promotion":"0","giftcard_accept":"0","creditcard_accept":false,"enhanced_background":"0","domain":"meska","specific_customer_id":null,"specific_customer_name":null,"to_order_product":"1","to_order_product_time":"14","product_different":null,"product_different_description":"","vintage":"0","vintage_category_id":"0","recycled":"0","gemstone_id":"0","customizable":"1","type_category":"physical","zerowaste":"0","postage_price":"0.00","shop_order":"0","has_category":"1","landing_pages":null,"microdata":{"number":55,"category":""},"title":"F\u00e1k - h\u00e1zak - hold ","description":"Egyedi \u00fcvegfestett k\u00e9p, ahol f\u00e1kat, h\u00e1zakat \u00e9s holdat festettem egy apr\u00f3l\u00e9kos ut\u00f3rajzol\u00e1ssal. 30x40 cm k\u00e9p. A \u201cf\u00e1k h\u00e1zak\u201d sorozat r\u00e9sze. ","score":0,"formatted_price":"30 000 Ft","image_url":"https:\/\/www.meska.hu\/img\/product\/small\/u\/v\/uvegfestesvilagom_product_110818_260219141206_589177.jpeg","formatted_url":"https:\/\/www.meska.hu\/p5736636-fak-hazak-hold","favourite":false,"in_stock":false,"avatar":"110818_avatar_1741949492.jpeg","delete_from":0,"is_enhanced_background":false,"is_enhanced":false,"product_selection_started":false,"is_active":true,"image_webp_url":"https:\/\/www.meska.hu\/img\/product\/small\/u\/v\/uvegfestesvilagom_product_110818_260219141206_589177.webp"},{"id":"6122268","shop_id":"48410","user_id":"110818","shop_name":"Uvegfestesvilagom","shop_zip":"2163","product_code":"5736631","product_name_old":null,"product_name":"F\u00e1k-h\u00e1zak-vir\u00e1gok baracksz\u00ednekben","category_string":"M\u0171v\u00e9szet, Festm\u00e9ny, \u00dcvegfestm\u00e9ny","technic_string":"Fest\u00e9szet, \u00dcvegm\u0171v\u00e9szet","category_1":"357","category_2":"358","category_3":"1325","category_4":"0","merged_category_1":null,"merged_category_2":null,"merged_category_3":null,"technic_1":"480","technic_2":"505","technic_3":"0","color_1":"1474","color_2":"532","color_3":"534","product_description_old":null,"product_description":"Egyedi \u00fcvegfestett k\u00e9p 30x40 cm-es fekete k\u00e9pkeretben. St\u00edlus\u00e1t tekintve egy rajzos, egyszer\u0171 f\u00e1k, h\u00e1zak \u00e9s vir\u00e1gos mot\u00edvumok fest\u00e9se nagyon apr\u00f3l\u00e9kos ut\u00f3rajzol\u00e1s technik\u00e1val k\u00e9sz\u00fclt, teljesen ugyanezt a k\u00e9pet lehetetlen elk\u00e9sz\u00edteni, ez\u00e9rt k\u00e9rhet\u0151 m\u00e1s sz\u00edn\u00e1rnyalatokkal is. ","price":"30000.00","unit":"db","recommended":"0","status":"1","sponsored":"0","exp_notify":"0","own_material":"0","own_material_description_old":null,"own_material_description":"","jury":"0","jury_number":"","product_nature":"","meskaracsony":"0","create_date":"2026-02-19 14:10:59","shelve_id":"0","image":"uvegfestesvilagom_product_110818_260219135733_317277.jpeg","image_width":"480","image_height":"360","image_alt":"F\u00e1k-h\u00e1zak-vir\u00e1gok baracksz\u00ednekben, Egyedi \u00fcvegfestett k\u00e9p 30x40 cm-es fekete k\u00e9pkeretben. St\u00edlus\u00e1t tekintve egy rajzos, egyszer\u0171 f\u00e1k, h..., Meska","image_title":"F\u00e1k-h\u00e1zak-vir\u00e1gok baracksz\u00ednekben, Meska","view_count":"76","favourite_count":"2","trending_score":"0","last2MonthFavouriteCount":"1","promotion":"0","giftcard_accept":"0","creditcard_accept":false,"enhanced_background":"0","domain":"meska","specific_customer_id":null,"specific_customer_name":null,"to_order_product":"1","to_order_product_time":"14","product_different":null,"product_different_description":"","vintage":"0","vintage_category_id":"0","recycled":"0","gemstone_id":"0","customizable":"1","type_category":"physical","zerowaste":"0","postage_price":"0.00","shop_order":"0","has_category":"1","landing_pages":null,"microdata":{"number":56,"category":""},"title":"F\u00e1k-h\u00e1zak-vir\u00e1gok baracksz\u00ednekben","description":"Egyedi \u00fcvegfestett k\u00e9p 30x40 cm-es fekete k\u00e9pkeretben. St\u00edlus\u00e1t tekintve egy rajzos, egyszer\u0171 f\u00e1k, h\u00e1zak \u00e9s vir\u00e1gos mot\u00edvumok fest\u00e9se nagyon apr\u00f3l\u00e9kos ut\u00f3rajzol\u00e1s technik\u00e1val k\u00e9sz\u00fclt, teljesen ugyanezt a k\u00e9pet lehetetlen elk\u00e9sz\u00edteni, ez\u00e9rt k\u00e9rhet\u0151 m\u00e1s sz\u00edn\u00e1rnyalatokkal is. ","score":0,"formatted_price":"30 000 Ft","image_url":"https:\/\/www.meska.hu\/img\/product\/small\/u\/v\/uvegfestesvilagom_product_110818_260219135733_317277.jpeg","formatted_url":"https:\/\/www.meska.hu\/p5736631-fak-hazak-viragok-barackszinekben","favourite":false,"in_stock":false,"avatar":"110818_avatar_1741949492.jpeg","delete_from":0,"is_enhanced_background":false,"is_enhanced":false,"product_selection_started":false,"is_active":true,"image_webp_url":"https:\/\/www.meska.hu\/img\/product\/small\/u\/v\/uvegfestesvilagom_product_110818_260219135733_317277.webp"},{"id":"6122251","shop_id":"48410","user_id":"110818","shop_name":"Uvegfestesvilagom","shop_zip":"2163","product_code":"5736621","product_name_old":null,"product_name":"Sz\u00ednes lufik","category_string":"M\u0171v\u00e9szet, Festm\u00e9ny, \u00dcvegfestm\u00e9ny","technic_string":"Fest\u00e9szet, \u00dcvegm\u0171v\u00e9szet","category_1":"357","category_2":"358","category_3":"1325","category_4":"0","merged_category_1":null,"merged_category_2":null,"merged_category_3":null,"technic_1":"480","technic_2":"505","technic_3":"0","color_1":"521","color_2":"532","color_3":"534","product_description_old":null,"product_description":"Egyedi \u00fcvegfestett k\u00e9p, min\u0151s\u00e9gi fekete m\u0171anyag k\u00e9pkeretben, 30x40 cm m\u00e9ret\u0171. Egy n\u0151, vir\u00e1gok \u00e9s sz\u00ednes lufiszer\u0171 bubor\u00e9kkal \u00f6vezve. Egy sorozat r\u00e9sze. Pont ugyanilyen sz\u00ednben szinte lehetetlen \u00fajrafesteni, ez\u00e9rt is \u201cegyedi\u201d. De ig\u00e9ny eset\u00e9n k\u00e9rhet\u0151 m\u00e1s sz\u00edn\u00e1rnyalatokkal. ","price":"30000.00","unit":"db","recommended":"0","status":"1","sponsored":"0","exp_notify":"0","own_material":"0","own_material_description_old":null,"own_material_description":"","jury":"0","jury_number":"","product_nature":"","meskaracsony":"0","create_date":"2026-02-19 13:52:26","shelve_id":"0","image":"uvegfestesvilagom_product_110818_260219134412_752330.jpeg","image_width":"480","image_height":"360","image_alt":"Sz\u00ednes lufik, Egyedi \u00fcvegfestett k\u00e9p, min\u0151s\u00e9gi fekete m\u0171anyag k\u00e9pkeretben, 30x40 cm m\u00e9ret\u0171. Egy n\u0151, vir\u00e1gok \u00e9s sz\u00ed..., Meska","image_title":"Sz\u00ednes lufik, Meska","view_count":"97","favourite_count":"1","trending_score":"0","last2MonthFavouriteCount":"1","promotion":"0","giftcard_accept":"0","creditcard_accept":false,"enhanced_background":"0","domain":"meska","specific_customer_id":null,"specific_customer_name":null,"to_order_product":"0","to_order_product_time":"0","product_different":null,"product_different_description":"","vintage":"0","vintage_category_id":"0","recycled":"0","gemstone_id":"0","customizable":"1","type_category":"physical","zerowaste":"0","postage_price":"0.00","shop_order":"0","has_category":"1","landing_pages":null,"microdata":{"number":57,"category":""},"title":"Sz\u00ednes lufik","description":"Egyedi \u00fcvegfestett k\u00e9p, min\u0151s\u00e9gi fekete m\u0171anyag k\u00e9pkeretben, 30x40 cm m\u00e9ret\u0171. Egy n\u0151, vir\u00e1gok \u00e9s sz\u00ednes lufiszer\u0171 bubor\u00e9kkal \u00f6vezve. Egy sorozat r\u00e9sze. Pont ugyanilyen sz\u00ednben szinte lehetetlen \u00fajrafesteni, ez\u00e9rt is \u201cegyedi\u201d. De ig\u00e9ny eset\u00e9n k\u00e9rhet\u0151 m\u00e1s sz\u00edn\u00e1rnyalatokkal. ","score":0,"formatted_price":"30 000 Ft","image_url":"https:\/\/www.meska.hu\/img\/product\/small\/u\/v\/uvegfestesvilagom_product_110818_260219134412_752330.jpeg","formatted_url":"https:\/\/www.meska.hu\/p5736621-szines-lufik","favourite":false,"in_stock":true,"avatar":"110818_avatar_1741949492.jpeg","delete_from":0,"is_enhanced_background":false,"is_enhanced":false,"product_selection_started":false,"is_active":true,"image_webp_url":"https:\/\/www.meska.hu\/img\/product\/small\/u\/v\/uvegfestesvilagom_product_110818_260219134412_752330.webp"},{"id":"6122231","shop_id":"48410","user_id":"110818","shop_name":"Uvegfestesvilagom","shop_zip":"2163","product_code":"5736613","product_name_old":null,"product_name":"Pillang\u00f3 - csend\u00e9let","category_string":"M\u0171v\u00e9szet, Festm\u00e9ny, \u00dcvegfestm\u00e9ny","technic_string":"\u00dcvegm\u0171v\u00e9szet, Fest\u00e9szet","category_1":"357","category_2":"358","category_3":"1325","category_4":"0","merged_category_1":null,"merged_category_2":null,"merged_category_3":null,"technic_1":"505","technic_2":"480","technic_3":"0","color_1":"532","color_2":"791","color_3":"534","product_description_old":null,"product_description":"\u00dcvegfest\u00e9s technik\u00e1val k\u00e9sz\u00fclt egyedi k\u00e9zm\u0171ves term\u00e9k. 30x40 cm min\u0151s\u00e9gi fekete k\u00e9pkeretben l\u00e1that\u00f3, m\u00e1r csak egy hely kell, ahov\u00e1 kihelyezed. Egy n\u0151, pillang\u00f3k\u00e9nt \u00e1br\u00e1zolva. Egy sorozat r\u00e9sze. ","price":"30000.00","unit":"db","recommended":"0","status":"1","sponsored":"0","exp_notify":"0","own_material":"0","own_material_description_old":null,"own_material_description":"","jury":"0","jury_number":"","product_nature":"","meskaracsony":"0","create_date":"2026-02-19 13:36:32","shelve_id":"0","image":"uvegfestesvilagom_product_110818_260219132006_842443.jpeg","image_width":"480","image_height":"360","image_alt":"Pillang\u00f3 - csend\u00e9let, \u00dcvegfest\u00e9s technik\u00e1val k\u00e9sz\u00fclt egyedi k\u00e9zm\u0171ves term\u00e9k. 30x40 cm min\u0151s\u00e9gi fekete k\u00e9pkeretben l\u00e1that\u00f3,..., Meska","image_title":"Pillang\u00f3 - csend\u00e9let, Meska","view_count":"64","favourite_count":"0","trending_score":"0","last2MonthFavouriteCount":"0","promotion":"0","giftcard_accept":"0","creditcard_accept":false,"enhanced_background":"0","domain":"meska","specific_customer_id":null,"specific_customer_name":null,"to_order_product":"0","to_order_product_time":"0","product_different":null,"product_different_description":"","vintage":"0","vintage_category_id":"0","recycled":"0","gemstone_id":"0","customizable":"1","type_category":"physical","zerowaste":"0","postage_price":"0.00","shop_order":"0","has_category":"1","landing_pages":null,"microdata":{"number":58,"category":""},"title":"Pillang\u00f3 - csend\u00e9let","description":"\u00dcvegfest\u00e9s technik\u00e1val k\u00e9sz\u00fclt egyedi k\u00e9zm\u0171ves term\u00e9k. 30x40 cm min\u0151s\u00e9gi fekete k\u00e9pkeretben l\u00e1that\u00f3, m\u00e1r csak egy hely kell, ahov\u00e1 kihelyezed. Egy n\u0151, pillang\u00f3k\u00e9nt \u00e1br\u00e1zolva. Egy sorozat r\u00e9sze. ","score":0,"formatted_price":"30 000 Ft","image_url":"https:\/\/www.meska.hu\/img\/product\/small\/u\/v\/uvegfestesvilagom_product_110818_260219132006_842443.jpeg","formatted_url":"https:\/\/www.meska.hu\/p5736613-pillango-csendelet","favourite":false,"in_stock":true,"avatar":"110818_avatar_1741949492.jpeg","delete_from":0,"is_enhanced_background":false,"is_enhanced":false,"product_selection_started":false,"is_active":true,"image_webp_url":"https:\/\/www.meska.hu\/img\/product\/small\/u\/v\/uvegfestesvilagom_product_110818_260219132006_842443.webp"},{"id":"5544164","shop_id":"17053","user_id":"138272","shop_name":"vogartgalery","shop_zip":"2357","product_code":"5415549","product_name_old":null,"product_name":"Indi\u00e1n l\u00e1ny - \u00dcvegfestett fali\u00f3ra","category_string":"M\u0171v\u00e9szet, Festm\u00e9ny, \u00dcvegfestm\u00e9ny","technic_string":"\u00dcvegm\u0171v\u00e9szet, Fest\u00e9szet","category_1":"357","category_2":"358","category_3":"1325","category_4":"0","merged_category_1":null,"merged_category_2":null,"merged_category_3":null,"technic_1":"505","technic_2":"480","technic_3":"0","color_1":"521","color_2":"532","color_3":"791","product_description_old":null,"product_description":"M\u00e9rete: 60 x 20 cm\n\nPlexire k\u00e9sz\u00fclt \u00edgy gyerekek sz\u00e1m\u00e1ra is biztos\u00e1ngos.\nK\u00f6nnyen sz\u00e1ll\u00edthat\u00f3.\nAz \u00f3raszerkezet egy db ceruzaelemmel m\u0171k\u00f6dik ami nem tartoz\u00e9k.\n\nA festm\u00e9ny \u00fcvegfest\u00e9kkel k\u00e9sz\u00fclt. Fel\u00fclete f\u00e9nyes, csillog\u00f3, a f\u00e9ny megcsillan\u00e1sa a fel\u00fcleten minden pillanatban m\u00e1s ragyog\u00e1st ad az \u00f3r\u00e1nak.\n\nHa m\u00e1s elk\u00e9pzel\u00e9sed van, keress bizalommal. \nK\u00f6sz\u00f6n\u00f6m, hogy megtekintetted a munk\u00e1mat.\n\nHa szeretn\u00e9d megtanulni az \u00fcvegfest\u00e9st n\u00e9zd meg a tanfolyam csomagaimat.\n\n","price":"35000.00","unit":"db","recommended":"0","status":"1","sponsored":"0","exp_notify":"0","own_material":"0","own_material_description_old":null,"own_material_description":"","jury":"0","jury_number":"","product_nature":"","meskaracsony":"0","create_date":"2026-02-19 12:24:47","shelve_id":"0","image":"vogartgalery_product_138272_241027112822_799195.jpeg","image_width":"480","image_height":"1066","image_alt":"Indi\u00e1n l\u00e1ny - \u00dcvegfestett fali\u00f3ra, M\u00e9rete: 60 x 20 cm\\n\\nPlexire k\u00e9sz\u00fclt \u00edgy gyerekek sz\u00e1m\u00e1ra is biztos\u00e1ngos.\\nK\u00f6nnyen sz\u00e1ll\u00edthat\u00f3.\\nAz \u00f3ra..., Meska","image_title":"Indi\u00e1n l\u00e1ny - \u00dcvegfestett fali\u00f3ra, Meska","view_count":"331","favourite_count":"0","trending_score":"0","last2MonthFavouriteCount":"0","promotion":"0","giftcard_accept":"1","creditcard_accept":true,"enhanced_background":"0","domain":"meska","specific_customer_id":null,"specific_customer_name":null,"to_order_product":"0","to_order_product_time":"0","product_different":null,"product_different_description":"","vintage":"0","vintage_category_id":"0","recycled":"0","gemstone_id":"0","customizable":"1","type_category":"physical","zerowaste":"0","postage_price":"2500.00","shop_order":"0","has_category":"1","landing_pages":null,"microdata":{"number":59,"category":""},"title":"Indi\u00e1n l\u00e1ny - \u00dcvegfestett fali\u00f3ra","description":"M\u00e9rete: 60 x 20 cm\n\nPlexire k\u00e9sz\u00fclt \u00edgy gyerekek sz\u00e1m\u00e1ra is biztos\u00e1ngos.\nK\u00f6nnyen sz\u00e1ll\u00edthat\u00f3.\nAz \u00f3raszerkezet egy db ceruzaelemmel m\u0171k\u00f6dik ami nem tartoz\u00e9k.\n\nA festm\u00e9ny \u00fcvegfest\u00e9kkel k\u00e9sz\u00fclt. Fel\u00fclete f\u00e9nyes, csillog\u00f3, a f\u00e9ny megcsillan\u00e1sa a fel\u00fcleten minden pillanatban m\u00e1s ragyog\u00e1st ad az \u00f3r\u00e1nak.\n\nHa m\u00e1s elk\u00e9pzel\u00e9sed van, keress bizalommal. \nK\u00f6sz\u00f6n\u00f6m, hogy megtekintetted a munk\u00e1mat.\n\nHa szeretn\u00e9d megtanulni az \u00fcvegfest\u00e9st n\u00e9zd meg a tanfolyam csomagaimat.\n\n","score":0,"formatted_price":"35 000 Ft","image_url":"https:\/\/www.meska.hu\/img\/product\/small\/v\/o\/vogartgalery_product_138272_241027112822_799195.jpeg","formatted_url":"https:\/\/www.meska.hu\/p5415549-indian-lany-uvegfestett-faliora","favourite":false,"in_stock":true,"avatar":"138272_avatar_1730028241.jpeg","delete_from":0,"is_enhanced_background":false,"is_enhanced":false,"product_selection_started":false,"is_active":true,"image_webp_url":"https:\/\/www.meska.hu\/img\/product\/small\/v\/o\/vogartgalery_product_138272_241027112822_799195.webp"},{"id":"5544137","shop_id":"17053","user_id":"138272","shop_name":"vogartgalery","shop_zip":"2357","product_code":"5415525","product_name_old":null,"product_name":"Tavaszi fali\u00f3ra- Lulu \u00f3r\u00e1ja kollekci\u00f3 2 - \u00dcvegfestett fali\u00f3ra","category_string":"M\u0171v\u00e9szet, Festm\u00e9ny, \u00dcvegfestm\u00e9ny","technic_string":"\u00dcvegm\u0171v\u00e9szet, Fest\u00e9szet","category_1":"357","category_2":"358","category_3":"1325","category_4":"0","merged_category_1":null,"merged_category_2":null,"merged_category_3":null,"technic_1":"505","technic_2":"480","technic_3":"0","color_1":"521","color_2":"532","color_3":"791","product_description_old":null,"product_description":"Lulu \u00f3r\u00e1ja kollekci\u00f3t eredetileg a l\u00e1nyom ihlette aki egy nagyon sz\u00ednes egy\u00e9nis\u00e9g \u00e9s folyamatosan v\u00e1ltozik. \n\nM\u00e9rete: 40  cm \u00e1tm\u00e9r\u0151\nPlexire k\u00e9sz\u00fclt \u00edgy gyerekek sz\u00e1m\u00e1ra is biztos\u00e1ngos.\nK\u00f6nnyen sz\u00e1ll\u00edthat\u00f3.\nAz \u00f3raszerkezet egy db ceruzaelemmel m\u0171k\u00f6dik ami nem tartoz\u00e9k.\n\nA festm\u00e9ny \u00fcvegfest\u00e9kkel k\u00e9sz\u00fclt. Fel\u00fclete f\u00e9nyes, csillog\u00f3, a f\u00e9ny megcsillan\u00e1sa a fel\u00fcleten minden pillanatban m\u00e1s ragyog\u00e1st ad az \u00f3r\u00e1nak.\n\nHa m\u00e1s elk\u00e9pzel\u00e9sed van, keress bizalommal. \nK\u00f6sz\u00f6n\u00f6m, hogy megtekintetted a munk\u00e1mat.\n\nHa szeretn\u00e9d megtanulni az \u00fcvegfest\u00e9st n\u00e9zd meg a tanfolyam csomagaimat.\n\n","price":"45000.00","unit":"db","recommended":"0","status":"1","sponsored":"0","exp_notify":"0","own_material":"0","own_material_description_old":null,"own_material_description":"","jury":"0","jury_number":"","product_nature":"","meskaracsony":"0","create_date":"2026-02-19 12:24:35","shelve_id":"0","image":"vogartgalery_product_138272_241027112134_564495.jpeg","image_width":"480","image_height":"936","image_alt":"Tavaszi fali\u00f3ra- Lulu \u00f3r\u00e1ja kollekci\u00f3 2 - \u00dcvegfestett fali\u00f3ra, Lulu \u00f3r\u00e1ja kollekci\u00f3t eredetileg a l\u00e1nyom ihlette aki egy nagyon sz\u00ednes egy\u00e9nis\u00e9g \u00e9s folyamatosan v\u00e1..., Meska","image_title":"Tavaszi fali\u00f3ra- Lulu \u00f3r\u00e1ja kollekci\u00f3 2 - \u00dcvegfestett fali\u00f3ra, Meska","view_count":"304","favourite_count":"0","trending_score":"0","last2MonthFavouriteCount":"0","promotion":"0","giftcard_accept":"1","creditcard_accept":true,"enhanced_background":"0","domain":"meska","specific_customer_id":null,"specific_customer_name":null,"to_order_product":"0","to_order_product_time":"0","product_different":null,"product_different_description":"","vintage":"0","vintage_category_id":"0","recycled":"0","gemstone_id":"0","customizable":"1","type_category":"physical","zerowaste":"0","postage_price":"2500.00","shop_order":"0","has_category":"1","landing_pages":null,"microdata":{"number":60,"category":""},"title":"Tavaszi fali\u00f3ra- Lulu \u00f3r\u00e1ja kollekci\u00f3 2 - \u00dcvegfestett fali\u00f3ra","description":"Lulu \u00f3r\u00e1ja kollekci\u00f3t eredetileg a l\u00e1nyom ihlette aki egy nagyon sz\u00ednes egy\u00e9nis\u00e9g \u00e9s folyamatosan v\u00e1ltozik. \n\nM\u00e9rete: 40  cm \u00e1tm\u00e9r\u0151\nPlexire k\u00e9sz\u00fclt \u00edgy gyerekek sz\u00e1m\u00e1ra is biztos\u00e1ngos.\nK\u00f6nnyen sz\u00e1ll\u00edthat\u00f3.\nAz \u00f3raszerkezet egy db ceruzaelemmel m\u0171k\u00f6dik ami nem tartoz\u00e9k.\n\nA festm\u00e9ny \u00fcvegfest\u00e9kkel k\u00e9sz\u00fclt. Fel\u00fclete f\u00e9nyes, csillog\u00f3, a f\u00e9ny megcsillan\u00e1sa a fel\u00fcleten minden pillanatban m\u00e1s ragyog\u00e1st ad az \u00f3r\u00e1nak.\n\nHa m\u00e1s elk\u00e9pzel\u00e9sed van, keress bizalommal. \nK\u00f6sz\u00f6n\u00f6m, hogy megtekintetted a munk\u00e1mat.\n\nHa szeretn\u00e9d megtanulni az \u00fcvegfest\u00e9st n\u00e9zd meg a tanfolyam csomagaimat.\n\n","score":0,"formatted_price":"45 000 Ft","image_url":"https:\/\/www.meska.hu\/img\/product\/small\/v\/o\/vogartgalery_product_138272_241027112134_564495.jpeg","formatted_url":"https:\/\/www.meska.hu\/p5415525-tavaszi-faliora-lulu-oraja-kollekcio-2-uvegfestett-faliora","favourite":false,"in_stock":true,"avatar":"138272_avatar_1730028241.jpeg","delete_from":0,"is_enhanced_background":false,"is_enhanced":false,"product_selection_started":false,"is_active":true,"image_webp_url":"https:\/\/www.meska.hu\/img\/product\/small\/v\/o\/vogartgalery_product_138272_241027112134_564495.webp"},{"id":"5542985","shop_id":"17053","user_id":"138272","shop_name":"vogartgalery","shop_zip":"2357","product_code":"5414449","product_name_old":null,"product_name":"Tavaszi fali\u00f3ra - Lulu \u00f3r\u00e1ja kollekci\u00f3 1 - \u00dcvegfestett fali\u00f3ra","category_string":"M\u0171v\u00e9szet, Festm\u00e9ny, \u00dcvegfestm\u00e9ny","technic_string":"\u00dcvegm\u0171v\u00e9szet, Fest\u00e9szet","category_1":"357","category_2":"358","category_3":"1325","category_4":"0","merged_category_1":null,"merged_category_2":null,"merged_category_3":null,"technic_1":"505","technic_2":"480","technic_3":"0","color_1":"521","color_2":"532","color_3":"791","product_description_old":null,"product_description":"Lulu \u00f3r\u00e1ja kollekci\u00f3t eredetileg a l\u00e1nyom ihlette aki egy nagyon sz\u00ednes egy\u00e9nis\u00e9g \u00e9s folyamatosan v\u00e1ltozik. \n\nM\u00e9rete: 40  cm \u00e1tm\u00e9r\u0151\nPlexire k\u00e9sz\u00fclt \u00edgy gyerekek sz\u00e1m\u00e1ra is biztos\u00e1ngos.\nK\u00f6nnyen sz\u00e1ll\u00edthat\u00f3.\nAz \u00f3raszerkezet egy db ceruzaelemmel m\u0171k\u00f6dik ami nem tartoz\u00e9k.\n\nA festm\u00e9ny \u00fcvegfest\u00e9kkel k\u00e9sz\u00fclt. Fel\u00fclete f\u00e9nyes, csillog\u00f3, a f\u00e9ny megcsillan\u00e1sa a fel\u00fcleten minden pillanatban m\u00e1s ragyog\u00e1st ad az \u00f3r\u00e1nak.\n\nHa m\u00e1s elk\u00e9pzel\u00e9sed van, keress bizalommal. \nK\u00f6sz\u00f6n\u00f6m, hogy megtekintetted a munk\u00e1mat.\n\nHa szeretn\u00e9d megtanulni az \u00fcvegfest\u00e9st n\u00e9zd meg a tanfolyam csomagaimat.\n\n","price":"45000.00","unit":"db","recommended":"0","status":"1","sponsored":"0","exp_notify":"0","own_material":"0","own_material_description_old":null,"own_material_description":"","jury":"0","jury_number":"","product_nature":"","meskaracsony":"0","create_date":"2026-02-19 07:23:44","shelve_id":"0","image":"vogartgalery_product_138272_241027062138_604151.jpeg","image_width":"480","image_height":"494","image_alt":"Tavaszi fali\u00f3ra - Lulu \u00f3r\u00e1ja kollekci\u00f3 1 - \u00dcvegfestett fali\u00f3ra, Lulu \u00f3r\u00e1ja kollekci\u00f3t eredetileg a l\u00e1nyom ihlette aki egy nagyon sz\u00ednes egy\u00e9nis\u00e9g \u00e9s folyamatosan v\u00e1..., Meska","image_title":"Tavaszi fali\u00f3ra - Lulu \u00f3r\u00e1ja kollekci\u00f3 1 - \u00dcvegfestett fali\u00f3ra, Meska","view_count":"307","favourite_count":"0","trending_score":"0","last2MonthFavouriteCount":"0","promotion":"0","giftcard_accept":"1","creditcard_accept":true,"enhanced_background":"0","domain":"meska","specific_customer_id":null,"specific_customer_name":null,"to_order_product":"0","to_order_product_time":"0","product_different":null,"product_different_description":"","vintage":"0","vintage_category_id":"0","recycled":"0","gemstone_id":"0","customizable":"1","type_category":"physical","zerowaste":"0","postage_price":"2500.00","shop_order":"0","has_category":"1","landing_pages":null,"microdata":{"number":61,"category":""},"title":"Tavaszi fali\u00f3ra - Lulu \u00f3r\u00e1ja kollekci\u00f3 1 - \u00dcvegfestett fali\u00f3ra","description":"Lulu \u00f3r\u00e1ja kollekci\u00f3t eredetileg a l\u00e1nyom ihlette aki egy nagyon sz\u00ednes egy\u00e9nis\u00e9g \u00e9s folyamatosan v\u00e1ltozik. \n\nM\u00e9rete: 40  cm \u00e1tm\u00e9r\u0151\nPlexire k\u00e9sz\u00fclt \u00edgy gyerekek sz\u00e1m\u00e1ra is biztos\u00e1ngos.\nK\u00f6nnyen sz\u00e1ll\u00edthat\u00f3.\nAz \u00f3raszerkezet egy db ceruzaelemmel m\u0171k\u00f6dik ami nem tartoz\u00e9k.\n\nA festm\u00e9ny \u00fcvegfest\u00e9kkel k\u00e9sz\u00fclt. Fel\u00fclete f\u00e9nyes, csillog\u00f3, a f\u00e9ny megcsillan\u00e1sa a fel\u00fcleten minden pillanatban m\u00e1s ragyog\u00e1st ad az \u00f3r\u00e1nak.\n\nHa m\u00e1s elk\u00e9pzel\u00e9sed van, keress bizalommal. \nK\u00f6sz\u00f6n\u00f6m, hogy megtekintetted a munk\u00e1mat.\n\nHa szeretn\u00e9d megtanulni az \u00fcvegfest\u00e9st n\u00e9zd meg a tanfolyam csomagaimat.\n\n","score":0,"formatted_price":"45 000 Ft","image_url":"https:\/\/www.meska.hu\/img\/product\/small\/v\/o\/vogartgalery_product_138272_241027062138_604151.jpeg","formatted_url":"https:\/\/www.meska.hu\/p5414449-lulu-oraja-uvegfestett-faliora","favourite":false,"in_stock":true,"avatar":"138272_avatar_1730028241.jpeg","delete_from":0,"is_enhanced_background":false,"is_enhanced":false,"product_selection_started":false,"is_active":true,"image_webp_url":"https:\/\/www.meska.hu\/img\/product\/small\/v\/o\/vogartgalery_product_138272_241027062138_604151.webp"},{"id":"3425773","shop_id":"33745","user_id":"390207","shop_name":"peszlenmonika","shop_zip":"9300","product_code":"4180985","product_name_old":null,"product_name":"\u0150sfa","category_string":"M\u0171v\u00e9szet, Festm\u00e9ny, \u00dcvegfestm\u00e9ny","technic_string":"\u00dcvegm\u0171v\u00e9szet","category_1":"357","category_2":"358","category_3":"1325","category_4":"0","merged_category_1":"0","merged_category_2":"0","merged_category_3":"785","technic_1":"505","technic_2":"0","technic_3":"0","color_1":"512","color_2":"514","color_3":"529","product_description_old":null,"product_description":"Nagyon sz\u00e9p aj\u00e1nd\u00e9k sz\u00fclet\u00e9snapra, h\u00e1zass\u00e1gi \u00e9vfordul\u00f3ra, n\u00e1szaj\u00e1nd\u00e9kba. A csal\u00e1dfa fel\u00e9p\u00edt\u00e9s\u00e9t tekintve t\u00f6bb fajt\u00e1ja ismert. \nEz egy szem\u00e9ly (a t\u00f6rzs\u00f6n szerepel a neve) \u0151seit \u00e1br\u00e1zolja. A lombkoron\u00e1n felfel\u00e9 haladva egyre t\u00e1volodunk a jelent\u0151l \u00e9s haladunk az id\u0151ben a t\u00e1voli \u0151s\u00f6kig.\n\nM\u00e9ret: 40x50 cm. \nA k\u00e9p \u00e1ra feh\u00e9r ill. fekete fa kerettel egy\u00fctt \u00e9rtend\u0151.\nA nevek kont\u00far fest\u00e9kkel k\u00e9sz\u00fclnek.","price":"42000.00","unit":"db","recommended":"0","status":"1","sponsored":"0","exp_notify":"0","own_material":"0","own_material_description_old":null,"own_material_description":"","jury":"0","jury_number":"","product_nature":"","meskaracsony":"0","create_date":"2026-02-15 12:52:52","shelve_id":"68391","image":"peszlenmonika_product_390207_210616125016_439684.jpeg","image_width":"480","image_height":"640","image_alt":"\u0150sfa, Nagyon sz\u00e9p aj\u00e1nd\u00e9k sz\u00fclet\u00e9snapra, h\u00e1zass\u00e1gi \u00e9vfordul\u00f3ra, n\u00e1szaj\u00e1nd\u00e9kba. A csal\u00e1dfa fel\u00e9p\u00edt\u00e9s\u00e9t teki..., Meska","image_title":"\u0150sfa, Meska","view_count":"2509","favourite_count":"1","trending_score":"0","last2MonthFavouriteCount":"0","promotion":"0","giftcard_accept":"0","creditcard_accept":true,"enhanced_background":"0","domain":"meska","specific_customer_id":null,"specific_customer_name":null,"to_order_product":"1","to_order_product_time":"5","product_different":"not_different","product_different_description":"","vintage":"0","vintage_category_id":"0","recycled":"0","gemstone_id":"0","customizable":"0","type_category":"physical","zerowaste":"0","postage_price":"5000.00","shop_order":"0","has_category":"1","landing_pages":null,"microdata":{"number":62,"category":""},"title":"\u0150sfa","description":"Nagyon sz\u00e9p aj\u00e1nd\u00e9k sz\u00fclet\u00e9snapra, h\u00e1zass\u00e1gi \u00e9vfordul\u00f3ra, n\u00e1szaj\u00e1nd\u00e9kba. A csal\u00e1dfa fel\u00e9p\u00edt\u00e9s\u00e9t tekintve t\u00f6bb fajt\u00e1ja ismert. \nEz egy szem\u00e9ly (a t\u00f6rzs\u00f6n szerepel a neve) \u0151seit \u00e1br\u00e1zolja. A lombkoron\u00e1n felfel\u00e9 haladva egyre t\u00e1volodunk a jelent\u0151l \u00e9s haladunk az id\u0151ben a t\u00e1voli \u0151s\u00f6kig.\n\nM\u00e9ret: 40x50 cm. \nA k\u00e9p \u00e1ra feh\u00e9r ill. fekete fa kerettel egy\u00fctt \u00e9rtend\u0151.\nA nevek kont\u00far fest\u00e9kkel k\u00e9sz\u00fclnek.","score":0,"formatted_price":"42 000 Ft","image_url":"https:\/\/www.meska.hu\/img\/product\/small\/p\/e\/peszlenmonika_product_390207_210616125016_439684.jpeg","formatted_url":"https:\/\/www.meska.hu\/p4180985-osfa","favourite":false,"in_stock":false,"avatar":"peszlenmonika_avatar_390207_1623150181.jpg","delete_from":0,"is_enhanced_background":false,"is_enhanced":false,"product_selection_started":false,"is_active":true,"image_webp_url":"https:\/\/www.meska.hu\/img\/product\/small\/p\/e\/peszlenmonika_product_390207_210616125016_439684.webp"},{"id":"3450200","shop_id":"23695","user_id":"266663","shop_name":"spezso","shop_zip":"2143","product_code":"4687888","product_name_old":null,"product_name":"Cic\u00e1s fantasy k\u00e9pek. Sz\u00ednes cic\u00e1s k\u00e9pek. \u00dcvegre festett falik\u00e9p, \u00fcvegfestm\u00e9ny.","category_string":"M\u0171v\u00e9szet, Festm\u00e9ny, \u00dcvegfestm\u00e9ny","technic_string":"Fest\u00e9szet, \u00dcvegm\u0171v\u00e9szet","category_1":"357","category_2":"358","category_3":"1325","category_4":"0","merged_category_1":"0","merged_category_2":"0","merged_category_3":"785","technic_1":"480","technic_2":"505","technic_3":"0","color_1":"520","color_2":"568","color_3":"528","product_description_old":null,"product_description":"Kedves n\u00e9zel\u0151d\u0151, k\u00f6sz\u00f6nt\u00f6m az oldalamon.\n\nEzek a vid\u00e1m, kedves cic\u00e1s k\u00e9pek \u00fcvegre festett k\u00e9pek, \u00fcvegfestm\u00e9nyek, melyet sz\u00e9pen csillog\u00f3, f\u00e9nyes fel\u00fcletek \u00e9s \u00e9l\u00e9nk sz\u00ednek jellemeznek. J\u00e1t\u00e9k a sz\u00ednekkel. \nEgy igaz\u00e1n k\u00fcl\u00f6nleges, egyedi, maradand\u00f3 aj\u00e1nd\u00e9k lehet szeretteinek: - gyermek\u00e9nek, unok\u00e1j\u00e1nak, vagy ismer\u0151s\u00e9nek. Egy mai modern otthonnak is a d\u00edsze lehet.\nA k\u00e9pek m\u00e9rete 22x30cmAz \u00e1ll\u00f3 k\u00e9pek, ill. 21x26cm a fekv\u0151 k\u00e9p. A k\u00e9pek \u00e1r\u00e1ban a keret \u00e1ra is benne van.\nEgy igaz\u00e1n \u00fcde sz\u00ednfolt lehet pl. egy gyerek szoba fal\u00e1n.\nSzeretettel aj\u00e1nlom gyereknek, gyermek lelk\u0171 feln\u0151tteknek, \u00e1llatbar\u00e1toknak, stb. b\u00e1rmilyen alkalomra.\nMindegyik k\u00e9p k\u00e9zzel festett, egyedi \u00e9s szign\u00f3zott.\nEzeket a k\u00e9peket nem kell megrendelni k\u00e9szen vannak, ak\u00e1r azonnal is elvihet\u0151. \nSzem\u00e9lyes \u00e1tv\u00e9tel is lehets\u00e9ges Kistarcs\u00e1n, vagy Budapesten \u00d6rs vez\u00e9r tere.\nEbben a v\u00e1logat\u00e1sban van m\u00e9g t\u00f6bb gyerekeknek aj\u00e1lott k\u00e9pem is. \nHa ideje engedi tekintse meg azokat is.\nK\u00f6sz\u00f6n\u00f6m, hogy ben\u00e9zett a virtu\u00e1lis boltomba, rem\u00e9lem, hogy megleli \u00e1lmai aj\u00e1nd\u00e9k\u00e1t.\n\u00dcdv. Spezso","price":"13888.00","unit":"db","recommended":"0","status":"1","sponsored":"0","exp_notify":"0","own_material":"0","own_material_description_old":null,"own_material_description":"","jury":"0","jury_number":"","product_nature":"","meskaracsony":"0","create_date":"2026-02-15 03:52:06","shelve_id":"65247","image":"spezso_product_266663_221120122859_394866.jpeg","image_width":"480","image_height":"651","image_alt":"Cic\u00e1s fantasy k\u00e9pek. Sz\u00ednes cic\u00e1s k\u00e9pek. \u00dcvegre festett falik\u00e9p, \u00fcvegfestm\u00e9ny., Kedves n\u00e9zel\u0151d\u0151, k\u00f6sz\u00f6nt\u00f6m az oldalamon.\\n\\nEzek a vid\u00e1m, kedves cic\u00e1s k\u00e9pek \u00fcvegre festett k\u00e9pek, \u00fcve..., Meska","image_title":"Cic\u00e1s fantasy k\u00e9pek. Sz\u00ednes cic\u00e1s k\u00e9pek. \u00dcvegre festett falik\u00e9p, \u00fcvegfestm\u00e9ny., Meska","view_count":"1793","favourite_count":"0","trending_score":"0","last2MonthFavouriteCount":"0","promotion":"0","giftcard_accept":"1","creditcard_accept":false,"enhanced_background":"0","domain":"meska","specific_customer_id":null,"specific_customer_name":null,"to_order_product":"0","to_order_product_time":"0","product_different":null,"product_different_description":"","vintage":"0","vintage_category_id":"0","recycled":"0","gemstone_id":"0","customizable":"0","type_category":"physical","zerowaste":"0","postage_price":"0.00","shop_order":"0","has_category":"1","landing_pages":null,"microdata":{"number":63,"category":""},"title":"Cic\u00e1s fantasy k\u00e9pek. Sz\u00ednes cic\u00e1s k\u00e9pek. \u00dcvegre festett falik\u00e9p, \u00fcvegfestm\u00e9ny.","description":"Kedves n\u00e9zel\u0151d\u0151, k\u00f6sz\u00f6nt\u00f6m az oldalamon.\n\nEzek a vid\u00e1m, kedves cic\u00e1s k\u00e9pek \u00fcvegre festett k\u00e9pek, \u00fcvegfestm\u00e9nyek, melyet sz\u00e9pen csillog\u00f3, f\u00e9nyes fel\u00fcletek \u00e9s \u00e9l\u00e9nk sz\u00ednek jellemeznek. J\u00e1t\u00e9k a sz\u00ednekkel. \nEgy igaz\u00e1n k\u00fcl\u00f6nleges, egyedi, maradand\u00f3 aj\u00e1nd\u00e9k lehet szeretteinek: - gyermek\u00e9nek, unok\u00e1j\u00e1nak, vagy ismer\u0151s\u00e9nek. Egy mai modern otthonnak is a d\u00edsze lehet.\nA k\u00e9pek m\u00e9rete 22x30cmAz \u00e1ll\u00f3 k\u00e9pek, ill. 21x26cm a fekv\u0151 k\u00e9p. A k\u00e9pek \u00e1r\u00e1ban a keret \u00e1ra is benne van.\nEgy igaz\u00e1n \u00fcde sz\u00ednfolt lehet pl. egy gyerek szoba fal\u00e1n.\nSzeretettel aj\u00e1nlom gyereknek, gyermek lelk\u0171 feln\u0151tteknek, \u00e1llatbar\u00e1toknak, stb. b\u00e1rmilyen alkalomra.\nMindegyik k\u00e9p k\u00e9zzel festett, egyedi \u00e9s szign\u00f3zott.\nEzeket a k\u00e9peket nem kell megrendelni k\u00e9szen vannak, ak\u00e1r azonnal is elvihet\u0151. \nSzem\u00e9lyes \u00e1tv\u00e9tel is lehets\u00e9ges Kistarcs\u00e1n, vagy Budapesten \u00d6rs vez\u00e9r tere.\nEbben a v\u00e1logat\u00e1sban van m\u00e9g t\u00f6bb gyerekeknek aj\u00e1lott k\u00e9pem is. \nHa ideje engedi tekintse meg azokat is.\nK\u00f6sz\u00f6n\u00f6m, hogy ben\u00e9zett a virtu\u00e1lis boltomba, rem\u00e9lem, hogy megleli \u00e1lmai aj\u00e1nd\u00e9k\u00e1t.\n\u00dcdv. Spezso","score":0,"formatted_price":"13 888 Ft","image_url":"https:\/\/www.meska.hu\/img\/product\/small\/s\/p\/spezso_product_266663_221120122859_394866.jpeg","formatted_url":"https:\/\/www.meska.hu\/p4687888-cicas-fantasy-kepek-szines-cicas-kepek-uvegre-festett-falikep-uvegfestmeny","favourite":false,"in_stock":true,"avatar":"spezso_avatar_266663_1587803542.jpg","delete_from":0,"is_enhanced_background":false,"is_enhanced":false,"product_selection_started":false,"is_active":true,"image_webp_url":"https:\/\/www.meska.hu\/img\/product\/small\/s\/p\/spezso_product_266663_221120122859_394866.webp"},{"id":"4884098","shop_id":"23695","user_id":"266663","shop_name":"spezso","shop_zip":"2143","product_code":"5006894","product_name_old":null,"product_name":"\"Boldogs\u00e1g k\u00e9k madara.\"- Szem\u00e9lyre \u00e9s alkalomra szabhat\u00f3 id\u00e9zettel ig\u00e9ny szerint. Dekor\u00e1ci\u00f3s falik\u00e9p, \u00fcvegfestm\u00e9ny.","category_string":"M\u0171v\u00e9szet, Festm\u00e9ny, \u00dcvegfestm\u00e9ny","technic_string":"","category_1":"357","category_2":"358","category_3":"1325","category_4":"0","merged_category_1":"0","merged_category_2":"0","merged_category_3":"785","technic_1":"0","technic_2":"0","technic_3":"0","color_1":"519","color_2":"521","color_3":"0","product_description_old":null,"product_description":"Kedves n\u00e9zel\u0151d\u0151. \u00dcdv\u00f6zl\u00f6m az oldalamon.\nEzeknek a k\u00e9pnek a megfest\u00e9s\u00e9t egy csoda sz\u00e9p legenda, ill. mese inspir\u00e1lta.\nA \"Boldogs\u00e1g k\u00e9k madara\" - egy csodasz\u00e9p k\u00e9k mad\u00e1r, - amit m\u00e9g soha senki nem l\u00e1tott.\n\"Mert a k\u00e9k mad\u00e1r maga a boldogs\u00e1g, kalitk\u00e1ja pedig az emberi sz\u00edv.\"\nR\u00f6viden: - A legenda szerint egy t\u00e1voli orsz\u00e1gban \u00e9lt egy \u00f6reg kir\u00e1ly. Amikor \u00fagy \u00e9rezte, hogy k\u00f6zeledik az \u00e9lete v\u00e9ge, elhat\u00e1rozta, hogy f\u00e9rjhez adja a l\u00e1ny\u00e1t. A l\u00e1ny kik\u00f6t\u00e9se az volt, hogy annak adja a kez\u00e9t, aki elhozza neki a boldogs\u00e1g k\u00e9k madar\u00e1t. - J\u00f6tt a sok k\u00e9r\u0151, hoztak madarat is, de a kir\u00e1ly nem volt el\u00e9gedett. Azt\u00e1n j\u0151tt egy ifj\u00fa, aki a k\u00e9t tenyer\u00e9t \u00f6ssze z\u00e1rva k\u00f6z\u00f6lte, hogy  abban van a k\u00e9k mad\u00e1r. Majd a k\u00e9t tenyer\u00e9t kit\u00e1rta, - de abban nem volt semmi.\nA kir\u00e1ly nagy haragra gerjedt, - \u00fagy \u00e9rezte becsapt\u00e1k. Az ifj\u00fa azonban meg k\u00e9rdezte: - Fels\u00e9ged nem l\u00e1tja a k\u00e9k madarat?- Pedig ott van Fels\u00e9ged sz\u00edv\u00e9ben, a l\u00e1nya lelk\u00e9ben, minden mosolyban \u00e9s nevet\u00e9sben, h\u00e1l\u00e1ban, k\u00f6sz\u00f6netben, kedvess\u00e9gben.....\nA k\u00e9p szem\u00e9lyre sz\u00f3l\u00f3v\u00e1 \u00e9s alkalomra szabhat\u00f3v\u00e1 tehet\u0151. Sz\u00edvesen \u00edrok r\u00e1 \u0151n \u00e1ltal v\u00e1lasztott id\u00e9zettet, d\u00e1tumot, nevet stb.\nA k\u00e9p m\u00e9rete 30-szor 40 cm plussz keret. K\u00e9r\u00e9sre ak\u00e1r nagyobb m\u00e9retben is elk\u00e9sz\u00edtem.\nEz egy \u00fcvegre festett k\u00e9p -\u00fcvegfestm\u00e9ny, amit sz\u00e9pen csillog\u00f3 fel\u00fcletek\u00e9s \u00e9l\u00e9nk sz\u00ednek jellemeznek.\nSzem\u00e9lyes \u00e1tv\u00e9tel is lehets\u00e9ges: Bp k\u00f6zel\u00e9ben Kistarcs\u00e1n, vagy Budapest \u00d6rs vez\u00e9r tere. Vid\u00e9kre post\u00e1zni a Magyar post\u00e1val szoktam. \nRem\u00e9lem, hogy term\u00e9kem elnyerte a tetsz\u00e9s\u00e9t \u00e9s megleli \u00e1lmai aj\u00e1nd\u00e9k\u00e1t!\nK\u00f6sz\u00f6n\u00f6m, hogy ben\u00e9zett a virtu\u00e1lis boltomba, - ha ideje engedi n\u00e9zze meg a t\u00f6bbi term\u00e9kemet is. - \u00dcdv Spezso","price":"16000.00","unit":"db","recommended":"0","status":"1","sponsored":"0","exp_notify":"0","own_material":"0","own_material_description_old":null,"own_material_description":"","jury":"0","jury_number":"","product_nature":"","meskaracsony":"0","create_date":"2026-02-12 21:39:40","shelve_id":"65226","image":"spezso_product_266663_230628154649_327893.jpeg","image_width":"480","image_height":"633","image_alt":"\\\"Boldogs\u00e1g k\u00e9k madara.\\\"- Szem\u00e9lyre \u00e9s alkalomra szabhat\u00f3 id\u00e9zettel ig\u00e9ny szerint. Dekor\u00e1ci\u00f3s falik\u00e9p, \u00fcvegfestm\u00e9ny., Kedves n\u00e9zel\u0151d\u0151. \u00dcdv\u00f6zl\u00f6m az oldalamon.\\nEzeknek a k\u00e9pnek a megfest\u00e9s\u00e9t egy csoda sz\u00e9p legenda, ill. ..., Meska","image_title":"\\\"Boldogs\u00e1g k\u00e9k madara.\\\"- Szem\u00e9lyre \u00e9s alkalomra szabhat\u00f3 id\u00e9zettel ig\u00e9ny szerint. Dekor\u00e1ci\u00f3s falik\u00e9p, \u00fcvegfestm\u00e9ny., Meska","view_count":"1940","favourite_count":"0","trending_score":"0","last2MonthFavouriteCount":"0","promotion":"0","giftcard_accept":"1","creditcard_accept":false,"enhanced_background":"0","domain":"meska","specific_customer_id":null,"specific_customer_name":null,"to_order_product":"0","to_order_product_time":"0","product_different":null,"product_different_description":"","vintage":"0","vintage_category_id":"0","recycled":"0","gemstone_id":"0","customizable":"1","type_category":"physical","zerowaste":"0","postage_price":"0.00","shop_order":"0","has_category":"1","landing_pages":null,"microdata":{"number":64,"category":""},"title":"\"Boldogs\u00e1g k\u00e9k madara.\"- Szem\u00e9lyre \u00e9s alkalomra szabhat\u00f3 id\u00e9zettel ig\u00e9ny szerint. Dekor\u00e1ci\u00f3s falik\u00e9p, \u00fcvegfestm\u00e9ny.","description":"Kedves n\u00e9zel\u0151d\u0151. \u00dcdv\u00f6zl\u00f6m az oldalamon.\nEzeknek a k\u00e9pnek a megfest\u00e9s\u00e9t egy csoda sz\u00e9p legenda, ill. mese inspir\u00e1lta.\nA \"Boldogs\u00e1g k\u00e9k madara\" - egy csodasz\u00e9p k\u00e9k mad\u00e1r, - amit m\u00e9g soha senki nem l\u00e1tott.\n\"Mert a k\u00e9k mad\u00e1r maga a boldogs\u00e1g, kalitk\u00e1ja pedig az emberi sz\u00edv.\"\nR\u00f6viden: - A legenda szerint egy t\u00e1voli orsz\u00e1gban \u00e9lt egy \u00f6reg kir\u00e1ly. Amikor \u00fagy \u00e9rezte, hogy k\u00f6zeledik az \u00e9lete v\u00e9ge, elhat\u00e1rozta, hogy f\u00e9rjhez adja a l\u00e1ny\u00e1t. A l\u00e1ny kik\u00f6t\u00e9se az volt, hogy annak adja a kez\u00e9t, aki elhozza neki a boldogs\u00e1g k\u00e9k madar\u00e1t. - J\u00f6tt a sok k\u00e9r\u0151, hoztak madarat is, de a kir\u00e1ly nem volt el\u00e9gedett. Azt\u00e1n j\u0151tt egy ifj\u00fa, aki a k\u00e9t tenyer\u00e9t \u00f6ssze z\u00e1rva k\u00f6z\u00f6lte, hogy  abban van a k\u00e9k mad\u00e1r. Majd a k\u00e9t tenyer\u00e9t kit\u00e1rta, - de abban nem volt semmi.\nA kir\u00e1ly nagy haragra gerjedt, - \u00fagy \u00e9rezte becsapt\u00e1k. Az ifj\u00fa azonban meg k\u00e9rdezte: - Fels\u00e9ged nem l\u00e1tja a k\u00e9k madarat?- Pedig ott van Fels\u00e9ged sz\u00edv\u00e9ben, a l\u00e1nya lelk\u00e9ben, minden mosolyban \u00e9s nevet\u00e9sben, h\u00e1l\u00e1ban, k\u00f6sz\u00f6netben, kedvess\u00e9gben.....\nA k\u00e9p szem\u00e9lyre sz\u00f3l\u00f3v\u00e1 \u00e9s alkalomra szabhat\u00f3v\u00e1 tehet\u0151. Sz\u00edvesen \u00edrok r\u00e1 \u0151n \u00e1ltal v\u00e1lasztott id\u00e9zettet, d\u00e1tumot, nevet stb.\nA k\u00e9p m\u00e9rete 30-szor 40 cm plussz keret. K\u00e9r\u00e9sre ak\u00e1r nagyobb m\u00e9retben is elk\u00e9sz\u00edtem.\nEz egy \u00fcvegre festett k\u00e9p -\u00fcvegfestm\u00e9ny, amit sz\u00e9pen csillog\u00f3 fel\u00fcletek\u00e9s \u00e9l\u00e9nk sz\u00ednek jellemeznek.\nSzem\u00e9lyes \u00e1tv\u00e9tel is lehets\u00e9ges: Bp k\u00f6zel\u00e9ben Kistarcs\u00e1n, vagy Budapest \u00d6rs vez\u00e9r tere. Vid\u00e9kre post\u00e1zni a Magyar post\u00e1val szoktam. \nRem\u00e9lem, hogy term\u00e9kem elnyerte a tetsz\u00e9s\u00e9t \u00e9s megleli \u00e1lmai aj\u00e1nd\u00e9k\u00e1t!\nK\u00f6sz\u00f6n\u00f6m, hogy ben\u00e9zett a virtu\u00e1lis boltomba, - ha ideje engedi n\u00e9zze meg a t\u00f6bbi term\u00e9kemet is. - \u00dcdv Spezso","score":0,"formatted_price":"16 000 Ft","image_url":"https:\/\/www.meska.hu\/img\/product\/small\/s\/p\/spezso_product_266663_230628154649_327893.jpeg","formatted_url":"https:\/\/www.meska.hu\/p5006894-boldogsag-kek-madara-szemelyre-es-alkalomra-szabhato-idezettel-igeny-szerint-dekoracios-falikep-uvegfestmeny","favourite":false,"in_stock":true,"avatar":"spezso_avatar_266663_1587803542.jpg","delete_from":0,"is_enhanced_background":false,"is_enhanced":false,"product_selection_started":false,"is_active":true,"image_webp_url":"https:\/\/www.meska.hu\/img\/product\/small\/s\/p\/spezso_product_266663_230628154649_327893.webp"},{"id":"4547355","shop_id":"33745","user_id":"390207","shop_name":"peszlenmonika","shop_zip":"9300","product_code":"4813261","product_name_old":null,"product_name":"Mandala","category_string":"M\u0171v\u00e9szet, Festm\u00e9ny, \u00dcvegfestm\u00e9ny","technic_string":"\u00dcvegm\u0171v\u00e9szet","category_1":"357","category_2":"358","category_3":"1325","category_4":"0","merged_category_1":null,"merged_category_2":null,"merged_category_3":null,"technic_1":"505","technic_2":"0","technic_3":"0","color_1":"512","color_2":"514","color_3":"515","product_description_old":null,"product_description":"A barna k\u00fcl\u00f6nb\u00f6z\u0151 \u00e1rnyalataival k\u00e9sz\u00fclt ez a mandal\u00e1m. Az arany csillog\u00e1sa \u00fcnnep\u00e9lyess\u00e9 var\u00e1zsolja a k\u00e9pet.\nBarna sz\u00edn jelent\u00e9se: a stabilit\u00e1s, \u00e9s a  f\u00f6ldk\u00f6zels\u00e9g sz\u00edne. N\u00f6veli a biztons\u00e1g\u00e9rzetet.\nArany: Nap, sz\u00e9ps\u00e9g, tisztas\u00e1g, b\u00e9ke, kegyelem, gazdags\u00e1g, b\u00f6lcsess\u00e9g.\nM\u00e9rete: 25x30 cm\nAz \u00e1r a keretet tartalmazza.\n\n","price":"18000.00","unit":"db","recommended":"0","status":"1","sponsored":"0","exp_notify":"0","own_material":"0","own_material_description_old":null,"own_material_description":"","jury":"0","jury_number":"","product_nature":"","meskaracsony":"0","create_date":"2026-02-12 07:51:02","shelve_id":"68390","image":"peszlenmonika_product_390207_221020102434_809375.jpeg","image_width":"480","image_height":"640","image_alt":"Mandala, A barna k\u00fcl\u00f6nb\u00f6z\u0151 \u00e1rnyalataival k\u00e9sz\u00fclt ez a mandal\u00e1m. Az arany csillog\u00e1sa \u00fcnnep\u00e9lyess\u00e9 var\u00e1zsolja a..., Meska","image_title":"Mandala, Meska","view_count":"612","favourite_count":"0","trending_score":"0","last2MonthFavouriteCount":"0","promotion":"0","giftcard_accept":"0","creditcard_accept":true,"enhanced_background":"0","domain":"meska","specific_customer_id":null,"specific_customer_name":null,"to_order_product":"1","to_order_product_time":"7","product_different":null,"product_different_description":"","vintage":"0","vintage_category_id":"0","recycled":"0","gemstone_id":"0","customizable":"0","type_category":"physical","zerowaste":"0","postage_price":"1290.00","shop_order":"0","has_category":"1","landing_pages":null,"microdata":{"number":65,"category":""},"title":"Mandala","description":"A barna k\u00fcl\u00f6nb\u00f6z\u0151 \u00e1rnyalataival k\u00e9sz\u00fclt ez a mandal\u00e1m. Az arany csillog\u00e1sa \u00fcnnep\u00e9lyess\u00e9 var\u00e1zsolja a k\u00e9pet.\nBarna sz\u00edn jelent\u00e9se: a stabilit\u00e1s, \u00e9s a  f\u00f6ldk\u00f6zels\u00e9g sz\u00edne. N\u00f6veli a biztons\u00e1g\u00e9rzetet.\nArany: Nap, sz\u00e9ps\u00e9g, tisztas\u00e1g, b\u00e9ke, kegyelem, gazdags\u00e1g, b\u00f6lcsess\u00e9g.\nM\u00e9rete: 25x30 cm\nAz \u00e1r a keretet tartalmazza.\n\n","score":0,"formatted_price":"18 000 Ft","image_url":"https:\/\/www.meska.hu\/img\/product\/small\/p\/e\/peszlenmonika_product_390207_221020102434_809375.jpeg","formatted_url":"https:\/\/www.meska.hu\/p4813261-mandala","favourite":false,"in_stock":false,"avatar":"peszlenmonika_avatar_390207_1623150181.jpg","delete_from":0,"is_enhanced_background":false,"is_enhanced":false,"product_selection_started":false,"is_active":true,"image_webp_url":"https:\/\/www.meska.hu\/img\/product\/small\/p\/e\/peszlenmonika_product_390207_221020102434_809375.webp"},{"id":"3445412","shop_id":"33745","user_id":"390207","shop_name":"peszlenmonika","shop_zip":"9300","product_code":"4324471","product_name_old":null,"product_name":"Mandala l\u00e1mpa","category_string":"M\u0171v\u00e9szet, Festm\u00e9ny, \u00dcvegfestm\u00e9ny","technic_string":"\u00dcvegm\u0171v\u00e9szet","category_1":"357","category_2":"358","category_3":"1325","category_4":"0","merged_category_1":null,"merged_category_2":null,"merged_category_3":null,"technic_1":"505","technic_2":"0","technic_3":"0","color_1":"521","color_2":"532","color_3":"0","product_description_old":null,"product_description":" A k\u00e9k az \u00e9g \u00e9s a tenger sz\u00edne, tisztas\u00e1g, csendess\u00e9g \u00e9s nyugalom \u00e1rad bel\u0151le.  Rem\u00e9nyt, h\u0171s\u00e9get, b\u00f6lcsess\u00e9get, bizalmat, becs\u00fcletet szimboliz\u00e1l.\nAz \u00e1ltalam k\u00e9sz\u00edtett k\u00e9k sz\u00edn\u0171 mandala l\u00e1mpa meghitt, nyugodt f\u00e9nnyel t\u00f6lti be a szob\u00e1t.\nAlkalmas, h\u00e1tt\u00e9rf\u00e9nynek \u00e9s \u00e9jjeli l\u00e1mp\u00e1nak is.\nK\u00e9t oldala festett, szem\u00e9lyes \u00fczenet k\u00e9rhet\u0151 az \u00fcresen marad\u00f3 oldalakra. Ha 2-2 oldal\u00e1n szerepel a minta, akkor az \u00e1r 4000 Ft-tal t\u00f6bb. \nAz \u00e1r tartalmazza a be\u00fczemel\u00e9shez sz\u00fcks\u00e9ges izz\u00f3t. \nHa m\u00e1s sz\u00ednben szeretn\u00e9, term\u00e9szetesen az is megoldhat\u00f3.","price":"15500.00","unit":"db","recommended":"0","status":"1","sponsored":"0","exp_notify":"0","own_material":"0","own_material_description_old":null,"own_material_description":"","jury":"0","jury_number":"","product_nature":"","meskaracsony":"0","create_date":"2026-02-11 17:28:00","shelve_id":"0","image":"peszlenmonika_product_390207_211014124859_416445.jpeg","image_width":"480","image_height":"640","image_alt":"Mandala l\u00e1mpa,  A k\u00e9k az \u00e9g \u00e9s a tenger sz\u00edne, tisztas\u00e1g, csendess\u00e9g \u00e9s nyugalom \u00e1rad bel\u0151le.  Rem\u00e9nyt, h\u0171s\u00e9get, b\u00f6..., Meska","image_title":"Mandala l\u00e1mpa, Meska","view_count":"1736","favourite_count":"0","trending_score":"0","last2MonthFavouriteCount":"0","promotion":"0","giftcard_accept":"0","creditcard_accept":true,"enhanced_background":"0","domain":"meska","specific_customer_id":null,"specific_customer_name":null,"to_order_product":"1","to_order_product_time":"12","product_different":"not_different","product_different_description":"","vintage":"0","vintage_category_id":"0","recycled":"0","gemstone_id":"0","customizable":"0","type_category":"physical","zerowaste":"0","postage_price":"1290.00","shop_order":"0","has_category":"1","landing_pages":null,"microdata":{"number":66,"category":""},"title":"Mandala l\u00e1mpa","description":" A k\u00e9k az \u00e9g \u00e9s a tenger sz\u00edne, tisztas\u00e1g, csendess\u00e9g \u00e9s nyugalom \u00e1rad bel\u0151le.  Rem\u00e9nyt, h\u0171s\u00e9get, b\u00f6lcsess\u00e9get, bizalmat, becs\u00fcletet szimboliz\u00e1l.\nAz \u00e1ltalam k\u00e9sz\u00edtett k\u00e9k sz\u00edn\u0171 mandala l\u00e1mpa meghitt, nyugodt f\u00e9nnyel t\u00f6lti be a szob\u00e1t.\nAlkalmas, h\u00e1tt\u00e9rf\u00e9nynek \u00e9s \u00e9jjeli l\u00e1mp\u00e1nak is.\nK\u00e9t oldala festett, szem\u00e9lyes \u00fczenet k\u00e9rhet\u0151 az \u00fcresen marad\u00f3 oldalakra. Ha 2-2 oldal\u00e1n szerepel a minta, akkor az \u00e1r 4000 Ft-tal t\u00f6bb. \nAz \u00e1r tartalmazza a be\u00fczemel\u00e9shez sz\u00fcks\u00e9ges izz\u00f3t. \nHa m\u00e1s sz\u00ednben szeretn\u00e9, term\u00e9szetesen az is megoldhat\u00f3.","score":0,"formatted_price":"15 500 Ft","image_url":"https:\/\/www.meska.hu\/img\/product\/small\/p\/e\/peszlenmonika_product_390207_211014124859_416445.jpeg","formatted_url":"https:\/\/www.meska.hu\/p4324471-mandala-lampa","favourite":false,"in_stock":false,"avatar":"peszlenmonika_avatar_390207_1623150181.jpg","delete_from":0,"is_enhanced_background":false,"is_enhanced":false,"product_selection_started":false,"is_active":true,"image_webp_url":"https:\/\/www.meska.hu\/img\/product\/small\/p\/e\/peszlenmonika_product_390207_211014124859_416445.webp"},{"id":"6108593","shop_id":"43489","user_id":"619827","shop_name":"HekenoGlass","shop_zip":"2600","product_code":"5728394","product_name_old":null,"product_name":"Any\u00e1k napi \u00fcvegfestm\u00e9ny - Pipacs csokor","category_string":"M\u0171v\u00e9szet, Festm\u00e9ny, \u00dcvegfestm\u00e9ny","technic_string":"\u00dcvegm\u0171v\u00e9szet","category_1":"357","category_2":"358","category_3":"1325","category_4":"0","merged_category_1":null,"merged_category_2":null,"merged_category_3":null,"technic_1":"505","technic_2":"0","technic_3":"0","color_1":"523","color_2":"529","color_3":"0","product_description_old":null,"product_description":"Legyen a ny\u00e1r \u00fcdes\u00e9ge az otthonodban! Ez a k\u00e9zzel festett, pipacsokat \u00e1br\u00e1zol\u00f3 \u00fcvegk\u00e9p t\u00f6k\u00e9letes v\u00e1laszt\u00e1s, ha egyedi \u00e9s term\u00e9szet ihlette dekor\u00e1ci\u00f3val szeretn\u00e9d feldobni a mindennapjaidat, vagy ha egy igaz\u00e1n k\u00fcl\u00f6nleges aj\u00e1nd\u00e9kot keresel valakinek, aki k\u00f6zel \u00e1ll a sz\u00edvedhez.\n\nMi\u00e9rt fogod im\u00e1dni?\n\n- Sokoldal\u00fa dekor\u00e1ci\u00f3: Ablakba vagy falra f\u00fcggesztve is t\u00f6k\u00e9letesen mutat. Legyen sz\u00f3 egy napf\u00e9nyes ablakr\u00f3l, ahol a f\u00e9ny \u00e1tsz\u0171r\u0151dik a k\u00e9pen, vagy egy \u00fcres falr\u00f3l a nappalidban, ez az \u00fcvegk\u00e9p b\u00e1rhol k\u00fcl\u00f6nleges hangulatot teremt. K\u00f6nnyen felakaszthat\u00f3 az egyszer\u0171en r\u00f6gz\u00edthet\u0151 f\u00e9mhuroknak k\u00f6sz\u00f6nhet\u0151en, \u00edgy a dekor\u00e1l\u00e1s gyerekj\u00e1t\u00e9k.\n- Term\u00e9szet ihlette minta: A mesesz\u00e9p pipacs vir\u00e1gok inspir\u00e1l\u00f3 hat\u00e1ssal lesznek a mindennapokra.\n- Sz\u00edvvel-l\u00e9lekkel k\u00e9sz\u00fclt: Az \u00fcvegk\u00e9p minden r\u00e9szlete k\u00e9zzel festett, \u00edgy garant\u00e1ltan egyedi darabot tarthatsz a kezedben.\n- Aj\u00e1nd\u00e9kba is t\u00f6k\u00e9letes v\u00e1laszt\u00e1s: Ez az \u00fcvegk\u00e9p t\u00f6k\u00e9letes v\u00e1laszt\u00e1s lehet sz\u00fclet\u00e9snapra, n\u00e9vnapra vagy any\u00e1\u00e1k napj\u00e1ra. Egy ilyen k\u00fcl\u00f6nleges aj\u00e1nd\u00e9k \u00f6tlet biztosan elb\u0171v\u00f6li a megaj\u00e1nd\u00e9kozottat, aki minden alkalommal, amikor r\u00e1n\u00e9z, r\u00e1d fog gondolni!\n- Az \u00fcvegk\u00e9p r\u00e1ad\u00e1sul minim\u00e1lis t\u00f6r\u0151d\u00e9st ig\u00e9nyel, el\u00e9g egy puha t\u00f6rl\u0151kend\u0151vel \u00e1tt\u00f6r\u00f6lni.\n\n\u00dcvegk\u00e9p \u00e1tm\u00e9r\u0151je: 22 cm.","price":"17990.00","unit":"db","recommended":"0","status":"1","sponsored":"0","exp_notify":"0","own_material":"0","own_material_description_old":null,"own_material_description":"","jury":"0","jury_number":"","product_nature":"","meskaracsony":"0","create_date":"2026-02-07 22:21:03","shelve_id":"82673","image":"hekenoglass_product_619827_250626142913_841328.jpeg","image_width":"480","image_height":"480","image_alt":"Any\u00e1k napi \u00fcvegfestm\u00e9ny - Pipacs csokor, Legyen a ny\u00e1r \u00fcdes\u00e9ge az otthonodban! Ez a k\u00e9zzel festett, pipacsokat \u00e1br\u00e1zol\u00f3 \u00fcvegk\u00e9p t\u00f6k\u00e9letes v\u00e1l..., Meska","image_title":"Any\u00e1k napi \u00fcvegfestm\u00e9ny - Pipacs csokor, Meska","view_count":"73","favourite_count":"1","trending_score":"0","last2MonthFavouriteCount":"1","promotion":"0","giftcard_accept":"0","creditcard_accept":true,"enhanced_background":"0","domain":"meska","specific_customer_id":null,"specific_customer_name":null,"to_order_product":"0","to_order_product_time":"0","product_different":null,"product_different_description":"","vintage":"0","vintage_category_id":"0","recycled":"0","gemstone_id":"0","customizable":"0","type_category":"physical","zerowaste":"0","postage_price":"1290.00","shop_order":"0","has_category":"1","landing_pages":null,"microdata":{"number":67,"category":""},"title":"Any\u00e1k napi \u00fcvegfestm\u00e9ny - Pipacs csokor","description":"Legyen a ny\u00e1r \u00fcdes\u00e9ge az otthonodban! Ez a k\u00e9zzel festett, pipacsokat \u00e1br\u00e1zol\u00f3 \u00fcvegk\u00e9p t\u00f6k\u00e9letes v\u00e1laszt\u00e1s, ha egyedi \u00e9s term\u00e9szet ihlette dekor\u00e1ci\u00f3val szeretn\u00e9d feldobni a mindennapjaidat, vagy ha egy igaz\u00e1n k\u00fcl\u00f6nleges aj\u00e1nd\u00e9kot keresel valakinek, aki k\u00f6zel \u00e1ll a sz\u00edvedhez.\n\nMi\u00e9rt fogod im\u00e1dni?\n\n- Sokoldal\u00fa dekor\u00e1ci\u00f3: Ablakba vagy falra f\u00fcggesztve is t\u00f6k\u00e9letesen mutat. Legyen sz\u00f3 egy napf\u00e9nyes ablakr\u00f3l, ahol a f\u00e9ny \u00e1tsz\u0171r\u0151dik a k\u00e9pen, vagy egy \u00fcres falr\u00f3l a nappalidban, ez az \u00fcvegk\u00e9p b\u00e1rhol k\u00fcl\u00f6nleges hangulatot teremt. K\u00f6nnyen felakaszthat\u00f3 az egyszer\u0171en r\u00f6gz\u00edthet\u0151 f\u00e9mhuroknak k\u00f6sz\u00f6nhet\u0151en, \u00edgy a dekor\u00e1l\u00e1s gyerekj\u00e1t\u00e9k.\n- Term\u00e9szet ihlette minta: A mesesz\u00e9p pipacs vir\u00e1gok inspir\u00e1l\u00f3 hat\u00e1ssal lesznek a mindennapokra.\n- Sz\u00edvvel-l\u00e9lekkel k\u00e9sz\u00fclt: Az \u00fcvegk\u00e9p minden r\u00e9szlete k\u00e9zzel festett, \u00edgy garant\u00e1ltan egyedi darabot tarthatsz a kezedben.\n- Aj\u00e1nd\u00e9kba is t\u00f6k\u00e9letes v\u00e1laszt\u00e1s: Ez az \u00fcvegk\u00e9p t\u00f6k\u00e9letes v\u00e1laszt\u00e1s lehet sz\u00fclet\u00e9snapra, n\u00e9vnapra vagy any\u00e1\u00e1k napj\u00e1ra. Egy ilyen k\u00fcl\u00f6nleges aj\u00e1nd\u00e9k \u00f6tlet biztosan elb\u0171v\u00f6li a megaj\u00e1nd\u00e9kozottat, aki minden alkalommal, amikor r\u00e1n\u00e9z, r\u00e1d fog gondolni!\n- Az \u00fcvegk\u00e9p r\u00e1ad\u00e1sul minim\u00e1lis t\u00f6r\u0151d\u00e9st ig\u00e9nyel, el\u00e9g egy puha t\u00f6rl\u0151kend\u0151vel \u00e1tt\u00f6r\u00f6lni.\n\n\u00dcvegk\u00e9p \u00e1tm\u00e9r\u0151je: 22 cm.","score":0,"formatted_price":"17 990 Ft","image_url":"https:\/\/www.meska.hu\/img\/product\/small\/h\/e\/hekenoglass_product_619827_250626142913_841328.jpeg","formatted_url":"https:\/\/www.meska.hu\/p5728394-anyak-napi-uvegfestmeny-pipacs-csokor","favourite":false,"in_stock":true,"avatar":"619827_avatar_1771422530.png","delete_from":0,"is_enhanced_background":false,"is_enhanced":false,"product_selection_started":false,"is_active":true,"image_webp_url":"https:\/\/www.meska.hu\/img\/product\/small\/h\/e\/hekenoglass_product_619827_250626142913_841328.webp"},{"id":"6108563","shop_id":"43489","user_id":"619827","shop_name":"HekenoGlass","shop_zip":"2600","product_code":"5728371","product_name_old":null,"product_name":"Any\u00e1k napi k\u00fcl\u00f6nlegess\u00e9g - Magn\u00f3lia \u00fcvegfestm\u00e9ny","category_string":"M\u0171v\u00e9szet, Festm\u00e9ny, \u00dcvegfestm\u00e9ny","technic_string":"\u00dcvegm\u0171v\u00e9szet","category_1":"357","category_2":"358","category_3":"1325","category_4":"0","merged_category_1":null,"merged_category_2":null,"merged_category_3":null,"technic_1":"505","technic_2":"0","technic_3":"0","color_1":"519","color_2":"525","color_3":"0","product_description_old":null,"product_description":"Ez a k\u00e9zzel festett, magn\u00f3lia \u00e1gat \u00e1br\u00e1zol\u00f3 \u00fcvegk\u00e9p t\u00f6k\u00e9letes v\u00e1laszt\u00e1s, ha egyedi \u00e9s term\u00e9szet ihlette dekor\u00e1ci\u00f3val szeretn\u00e9d feldobni a mindennapjaidat, vagy ha egy igaz\u00e1n k\u00fcl\u00f6nleges aj\u00e1nd\u00e9kot keresel valakinek, aki k\u00f6zel \u00e1ll a sz\u00edvedhez.\n\nK\u00f6r alak\u00fa form\u00e1ja \u00e9s praktikus m\u00e9rete miatt k\u00f6nnyed\u00e9n elhelyezheted az ablakban, ahol a napsugarak \u00e1ts\u00fctve rajta megeleven\u00edtik a magn\u00f3lia vir\u00e1gok mint\u00e1j\u00e1t, de ugyan\u00fagy meg\u00e1llja a hely\u00e9t egy \u00fcres falon is, egyediv\u00e9 t\u00e9ve az otthonod b\u00e1rmelyik sark\u00e1t.\n\nMi\u00e9rt fogod im\u00e1dni?\n\n- Sokoldal\u00fa dekor\u00e1ci\u00f3: Ablakba vagy falra f\u00fcggesztve is t\u00f6k\u00e9letesen mutat. Legyen sz\u00f3 egy napf\u00e9nyes ablakr\u00f3l, ahol a f\u00e9ny \u00e1tsz\u0171r\u0151dik a k\u00e9pen, vagy egy \u00fcres falr\u00f3l a nappalidban, ez az \u00fcvegk\u00e9p b\u00e1rhol k\u00fcl\u00f6nleges hangulatot teremt. K\u00f6nnyen felakaszthat\u00f3 az egyszer\u0171en r\u00f6gz\u00edthet\u0151 f\u00e9mhuroknak k\u00f6sz\u00f6nhet\u0151en, \u00edgy a dekor\u00e1l\u00e1s gyerekj\u00e1t\u00e9k.\n- Term\u00e9szet ihlette minta: A mesesz\u00e9p magn\u00f3lia vir\u00e1gok a tisztas\u00e1g \u00e9s az \u00faj kezdetek szimb\u00f3lumai, \u00edgy a k\u00e9p nyugtat\u00f3 \u00e9s inspir\u00e1l\u00f3 hat\u00e1ssal lesz a mindennapokra.\n- Sz\u00edvvel-l\u00e9lekkel k\u00e9sz\u00fclt: Az \u00fcvegk\u00e9p minden r\u00e9szlete k\u00e9zzel festett, \u00edgy garant\u00e1ltan egyedi darabot tarthatsz a kezedben.\n- Aj\u00e1nd\u00e9kba is t\u00f6k\u00e9letes v\u00e1laszt\u00e1s: Ez az \u00fcvegk\u00e9p t\u00f6k\u00e9letes v\u00e1laszt\u00e1s lehet sz\u00fclet\u00e9snapra, n\u00e9vnapra. Egy ilyen k\u00fcl\u00f6nleges aj\u00e1nd\u00e9k \u00f6tlet biztosan elb\u0171v\u00f6li a megaj\u00e1nd\u00e9kozottat, aki minden alkalommal, amikor r\u00e1n\u00e9z, r\u00e1d fog gondolni!\n- Az \u00fcvegk\u00e9p r\u00e1ad\u00e1sul minim\u00e1lis t\u00f6r\u0151d\u00e9st ig\u00e9nyel, el\u00e9g egy puha t\u00f6rl\u0151kend\u0151vel \u00e1tt\u00f6r\u00f6lni.\n\n Add meg az otthonodnak azt a kis pluszt, amit csak egy k\u00e9zzel k\u00e9sz\u00fclt \u00fcvegk\u00e9p tud ny\u00fajtani, vagy lepj meg valakit egy igaz\u00e1n k\u00fcl\u00f6nleges aj\u00e1nd\u00e9kkal! \n\nDekor\u00e1ci\u00f3 m\u00e9rete: 20x20 cm","price":"16990.00","unit":"db","recommended":"0","status":"1","sponsored":"0","exp_notify":"0","own_material":"0","own_material_description_old":null,"own_material_description":"","jury":"0","jury_number":"","product_nature":"","meskaracsony":"0","create_date":"2026-02-07 22:09:35","shelve_id":"82673","image":"hekenoglass_product_619827_250524104301_918649.jpeg","image_width":"480","image_height":"480","image_alt":"Any\u00e1k napi k\u00fcl\u00f6nlegess\u00e9g - Magn\u00f3lia \u00fcvegfestm\u00e9ny, Ez a k\u00e9zzel festett, magn\u00f3lia \u00e1gat \u00e1br\u00e1zol\u00f3 \u00fcvegk\u00e9p t\u00f6k\u00e9letes v\u00e1laszt\u00e1s, ha egyedi \u00e9s term\u00e9szet ihle..., Meska","image_title":"Any\u00e1k napi k\u00fcl\u00f6nlegess\u00e9g - Magn\u00f3lia \u00fcvegfestm\u00e9ny, Meska","view_count":"65","favourite_count":"1","trending_score":"0","last2MonthFavouriteCount":"1","promotion":"0","giftcard_accept":"0","creditcard_accept":true,"enhanced_background":"0","domain":"meska","specific_customer_id":null,"specific_customer_name":null,"to_order_product":"1","to_order_product_time":"2","product_different":null,"product_different_description":"","vintage":"0","vintage_category_id":"0","recycled":"0","gemstone_id":"0","customizable":"0","type_category":"physical","zerowaste":"0","postage_price":"1290.00","shop_order":"0","has_category":"1","landing_pages":null,"microdata":{"number":68,"category":""},"title":"Any\u00e1k napi k\u00fcl\u00f6nlegess\u00e9g - Magn\u00f3lia \u00fcvegfestm\u00e9ny","description":"Ez a k\u00e9zzel festett, magn\u00f3lia \u00e1gat \u00e1br\u00e1zol\u00f3 \u00fcvegk\u00e9p t\u00f6k\u00e9letes v\u00e1laszt\u00e1s, ha egyedi \u00e9s term\u00e9szet ihlette dekor\u00e1ci\u00f3val szeretn\u00e9d feldobni a mindennapjaidat, vagy ha egy igaz\u00e1n k\u00fcl\u00f6nleges aj\u00e1nd\u00e9kot keresel valakinek, aki k\u00f6zel \u00e1ll a sz\u00edvedhez.\n\nK\u00f6r alak\u00fa form\u00e1ja \u00e9s praktikus m\u00e9rete miatt k\u00f6nnyed\u00e9n elhelyezheted az ablakban, ahol a napsugarak \u00e1ts\u00fctve rajta megeleven\u00edtik a magn\u00f3lia vir\u00e1gok mint\u00e1j\u00e1t, de ugyan\u00fagy meg\u00e1llja a hely\u00e9t egy \u00fcres falon is, egyediv\u00e9 t\u00e9ve az otthonod b\u00e1rmelyik sark\u00e1t.\n\nMi\u00e9rt fogod im\u00e1dni?\n\n- Sokoldal\u00fa dekor\u00e1ci\u00f3: Ablakba vagy falra f\u00fcggesztve is t\u00f6k\u00e9letesen mutat. Legyen sz\u00f3 egy napf\u00e9nyes ablakr\u00f3l, ahol a f\u00e9ny \u00e1tsz\u0171r\u0151dik a k\u00e9pen, vagy egy \u00fcres falr\u00f3l a nappalidban, ez az \u00fcvegk\u00e9p b\u00e1rhol k\u00fcl\u00f6nleges hangulatot teremt. K\u00f6nnyen felakaszthat\u00f3 az egyszer\u0171en r\u00f6gz\u00edthet\u0151 f\u00e9mhuroknak k\u00f6sz\u00f6nhet\u0151en, \u00edgy a dekor\u00e1l\u00e1s gyerekj\u00e1t\u00e9k.\n- Term\u00e9szet ihlette minta: A mesesz\u00e9p magn\u00f3lia vir\u00e1gok a tisztas\u00e1g \u00e9s az \u00faj kezdetek szimb\u00f3lumai, \u00edgy a k\u00e9p nyugtat\u00f3 \u00e9s inspir\u00e1l\u00f3 hat\u00e1ssal lesz a mindennapokra.\n- Sz\u00edvvel-l\u00e9lekkel k\u00e9sz\u00fclt: Az \u00fcvegk\u00e9p minden r\u00e9szlete k\u00e9zzel festett, \u00edgy garant\u00e1ltan egyedi darabot tarthatsz a kezedben.\n- Aj\u00e1nd\u00e9kba is t\u00f6k\u00e9letes v\u00e1laszt\u00e1s: Ez az \u00fcvegk\u00e9p t\u00f6k\u00e9letes v\u00e1laszt\u00e1s lehet sz\u00fclet\u00e9snapra, n\u00e9vnapra. Egy ilyen k\u00fcl\u00f6nleges aj\u00e1nd\u00e9k \u00f6tlet biztosan elb\u0171v\u00f6li a megaj\u00e1nd\u00e9kozottat, aki minden alkalommal, amikor r\u00e1n\u00e9z, r\u00e1d fog gondolni!\n- Az \u00fcvegk\u00e9p r\u00e1ad\u00e1sul minim\u00e1lis t\u00f6r\u0151d\u00e9st ig\u00e9nyel, el\u00e9g egy puha t\u00f6rl\u0151kend\u0151vel \u00e1tt\u00f6r\u00f6lni.\n\n Add meg az otthonodnak azt a kis pluszt, amit csak egy k\u00e9zzel k\u00e9sz\u00fclt \u00fcvegk\u00e9p tud ny\u00fajtani, vagy lepj meg valakit egy igaz\u00e1n k\u00fcl\u00f6nleges aj\u00e1nd\u00e9kkal! \n\nDekor\u00e1ci\u00f3 m\u00e9rete: 20x20 cm","score":0,"formatted_price":"16 990 Ft","image_url":"https:\/\/www.meska.hu\/img\/product\/small\/h\/e\/hekenoglass_product_619827_250524104301_918649.jpeg","formatted_url":"https:\/\/www.meska.hu\/p5728371-anyak-napi-kulonlegesseg-magnolia-uvegfestmeny","favourite":false,"in_stock":false,"avatar":"619827_avatar_1771422530.png","delete_from":0,"is_enhanced_background":false,"is_enhanced":false,"product_selection_started":false,"is_active":true,"image_webp_url":"https:\/\/www.meska.hu\/img\/product\/small\/h\/e\/hekenoglass_product_619827_250524104301_918649.webp"},{"id":"3473835","shop_id":"23695","user_id":"266663","shop_name":"spezso","shop_zip":"2143","product_code":"4714321","product_name_old":null,"product_name":"L\u00e9nia. Vonalak var\u00e1zsa - feket\u00e9n feh\u00e9ren. \u00dcvegre festett falik\u00e9pek, \u00fcvegfestm\u00e9ny.","category_string":"M\u0171v\u00e9szet, Festm\u00e9ny, \u00dcvegfestm\u00e9ny","technic_string":"\u00dcvegm\u0171v\u00e9szet, Fest\u00e9szet","category_1":"357","category_2":"358","category_3":"1325","category_4":"0","merged_category_1":"0","merged_category_2":"0","merged_category_3":"785","technic_1":"505","technic_2":"480","technic_3":"0","color_1":"519","color_2":"520","color_3":"0","product_description_old":null,"product_description":"Kedves \u00e9rdekl\u0151d\u0151. - \u00dcdv\u00f6zl\u00f6m az oldalamon.\n\nEzek a k\u00e9pek \u00fcvegre festett fantasy k\u00e9pek, \u00fcvegfestm\u00e9nyek. - Modhatn\u00e1m j\u00e1t\u00e9k a vonalakkal.\nAz\u00e9rt tal\u00e1n t\u00f6bb mint vonalak. - Fekete h\u00e1tt\u00e9rre, feket\u00e9re festett \u00fcvegre gy\u00f6ngyh\u00e1z feh\u00e9r kont\u00faroz\u00f3val k\u00e9sz\u00edtettem ezeket a fant\u00e1zia k\u00e9peket. Nagyon \u00e9lvezetes volt, l\u00e1tni ahogy az \u00fcvegen csup\u00e1n vonalak seg\u00edts\u00e9g\u00e9vel megelevenedik 1-1 k\u00e9p.\nA k\u00e9pek m\u00e9rete 22x31 cm. A k\u00e9pek \u00e1r\u00e1ban a keret \u00e1ra is benne van.\nK\u00e9r\u00e9sre nagyobb m\u00e9retben is sz\u00edvesen elk\u00e9sz\u00edtem.\nA \u00fcvegfestett k\u00e9pek jellemz\u0151je f\u00e9nyes, csillog\u00f3 fel\u00fcletek. minimalista st\u00edlusban k\u00e9sz\u00edtettem, - egyszer\u0171 keret, - egy mai modern otthonban is meg\u00e1llja a hely\u00e9t.  Egy sz\u00e9p, k\u00fcl\u00f6nleges, egyedi \u00e9s maradand\u00f3 aj\u00e1nd\u00e9k szeretteinek, bar\u00e1tainak, ismer\u0151s\u00e9nek. \nSzeretettel aj\u00e1nlom gyerekeknek, de ugyan \u00fagy feln\u0151tteknek is.\nK\u00e9zm\u0171ves term\u00e9k, egyedi \u00e9s szign\u00f3zott.\nEzek a k\u00e9pek k\u00e9szen vannak, - ak\u00e1r azonnal is elvihet\u0151k. \nSzem\u00e9lyes \u00e1tv\u00e9tel is lehets\u00e9ges Kistarcs\u00e1n, vagy Bp. \u00d6rs vez\u00e9r tere.\nHa post\u00e1zni kell, akkor t\u00f6r\u00e9sbiztos csomagol\u00e1sban, t\u00f6r\u00e9keny \u00e1ruk\u00e9nt, \u00e9rt\u00e9kbiztositva k\u00fcld\u00f6m a Magyar Post\u00e1val.\nK\u00f6sz\u00f6n\u00f6m, hogy ben\u00e9zett a boltomba, - ha tetszenek a k\u00e9peim \u00e9s ideje engedni tekintse meg a t\u00f6bbi term\u00e9kemet is. Rem\u00e9lem megtal\u00e1lja \u00e1lmai aj\u00e1nd\u00e9k\u00e1t.\n\u00dcdv. Spezso","price":"12888.00","unit":"db","recommended":"0","status":"1","sponsored":"0","exp_notify":"0","own_material":"0","own_material_description_old":null,"own_material_description":"","jury":"0","jury_number":"","product_nature":"","meskaracsony":"0","create_date":"2026-02-06 12:51:48","shelve_id":"65252","image":"spezso_product_266663_220724142504_476988.jpeg","image_width":"480","image_height":"678","image_alt":"L\u00e9nia. Vonalak var\u00e1zsa - feket\u00e9n feh\u00e9ren. \u00dcvegre festett falik\u00e9pek, \u00fcvegfestm\u00e9ny., Kedves \u00e9rdekl\u0151d\u0151. - \u00dcdv\u00f6zl\u00f6m az oldalamon.\\n\\nEzek a k\u00e9pek \u00fcvegre festett fantasy k\u00e9pek, \u00fcvegfestm\u00e9nye..., Meska","image_title":"L\u00e9nia. Vonalak var\u00e1zsa - feket\u00e9n feh\u00e9ren. \u00dcvegre festett falik\u00e9pek, \u00fcvegfestm\u00e9ny., Meska","view_count":"3129","favourite_count":"0","trending_score":"0","last2MonthFavouriteCount":"0","promotion":0,"giftcard_accept":"1","creditcard_accept":false,"enhanced_background":"0","domain":"meska","specific_customer_id":null,"specific_customer_name":null,"to_order_product":"0","to_order_product_time":"0","product_different":null,"product_different_description":"","vintage":"0","vintage_category_id":"0","recycled":"0","gemstone_id":"0","customizable":"0","type_category":"physical","zerowaste":"0","postage_price":"0.00","shop_order":"0","has_category":"1","landing_pages":null,"microdata":{"number":69,"category":""},"title":"L\u00e9nia. Vonalak var\u00e1zsa - feket\u00e9n feh\u00e9ren. \u00dcvegre festett falik\u00e9pek, \u00fcvegfestm\u00e9ny.","description":"Kedves \u00e9rdekl\u0151d\u0151. - \u00dcdv\u00f6zl\u00f6m az oldalamon.\n\nEzek a k\u00e9pek \u00fcvegre festett fantasy k\u00e9pek, \u00fcvegfestm\u00e9nyek. - Modhatn\u00e1m j\u00e1t\u00e9k a vonalakkal.\nAz\u00e9rt tal\u00e1n t\u00f6bb mint vonalak. - Fekete h\u00e1tt\u00e9rre, feket\u00e9re festett \u00fcvegre gy\u00f6ngyh\u00e1z feh\u00e9r kont\u00faroz\u00f3val k\u00e9sz\u00edtettem ezeket a fant\u00e1zia k\u00e9peket. Nagyon \u00e9lvezetes volt, l\u00e1tni ahogy az \u00fcvegen csup\u00e1n vonalak seg\u00edts\u00e9g\u00e9vel megelevenedik 1-1 k\u00e9p.\nA k\u00e9pek m\u00e9rete 22x31 cm. A k\u00e9pek \u00e1r\u00e1ban a keret \u00e1ra is benne van.\nK\u00e9r\u00e9sre nagyobb m\u00e9retben is sz\u00edvesen elk\u00e9sz\u00edtem.\nA \u00fcvegfestett k\u00e9pek jellemz\u0151je f\u00e9nyes, csillog\u00f3 fel\u00fcletek. minimalista st\u00edlusban k\u00e9sz\u00edtettem, - egyszer\u0171 keret, - egy mai modern otthonban is meg\u00e1llja a hely\u00e9t.  Egy sz\u00e9p, k\u00fcl\u00f6nleges, egyedi \u00e9s maradand\u00f3 aj\u00e1nd\u00e9k szeretteinek, bar\u00e1tainak, ismer\u0151s\u00e9nek. \nSzeretettel aj\u00e1nlom gyerekeknek, de ugyan \u00fagy feln\u0151tteknek is.\nK\u00e9zm\u0171ves term\u00e9k, egyedi \u00e9s szign\u00f3zott.\nEzek a k\u00e9pek k\u00e9szen vannak, - ak\u00e1r azonnal is elvihet\u0151k. \nSzem\u00e9lyes \u00e1tv\u00e9tel is lehets\u00e9ges Kistarcs\u00e1n, vagy Bp. \u00d6rs vez\u00e9r tere.\nHa post\u00e1zni kell, akkor t\u00f6r\u00e9sbiztos csomagol\u00e1sban, t\u00f6r\u00e9keny \u00e1ruk\u00e9nt, \u00e9rt\u00e9kbiztositva k\u00fcld\u00f6m a Magyar Post\u00e1val.\nK\u00f6sz\u00f6n\u00f6m, hogy ben\u00e9zett a boltomba, - ha tetszenek a k\u00e9peim \u00e9s ideje engedni tekintse meg a t\u00f6bbi term\u00e9kemet is. Rem\u00e9lem megtal\u00e1lja \u00e1lmai aj\u00e1nd\u00e9k\u00e1t.\n\u00dcdv. Spezso","score":0,"formatted_price":"12 888 Ft","image_url":"https:\/\/www.meska.hu\/img\/product\/small\/s\/p\/spezso_product_266663_220724142504_476988.jpeg","formatted_url":"https:\/\/www.meska.hu\/p4714321-lenia-vonalak-varazsa-feketen-feheren-uvegre-festett-falikepek-uvegfestmeny","favourite":false,"in_stock":true,"avatar":"spezso_avatar_266663_1587803542.jpg","delete_from":0,"is_enhanced_background":false,"is_enhanced":false,"product_selection_started":false,"is_active":true,"image_webp_url":"https:\/\/www.meska.hu\/img\/product\/small\/s\/p\/spezso_product_266663_220724142504_476988.webp"},{"id":"4519948","shop_id":"33745","user_id":"390207","shop_name":"peszlenmonika","shop_zip":"9300","product_code":"4792757","product_name_old":null,"product_name":"Liliomos H\u00e1zi \u00e1ld\u00e1s","category_string":"M\u0171v\u00e9szet, Festm\u00e9ny, \u00dcvegfestm\u00e9ny","technic_string":"","category_1":"357","category_2":"358","category_3":"1325","category_4":"0","merged_category_1":null,"merged_category_2":null,"merged_category_3":null,"technic_1":"0","technic_2":"0","technic_3":"0","color_1":"519","color_2":"526","color_3":"529","product_description_old":null,"product_description":"Liliomokkal d\u00edsz\u00edtett H\u00e1zi \u00e1ld\u00e1s. \u00dcvegfest\u00e9ssel k\u00e9sz\u00fclt term\u00e9k.\nSzem\u00e9lyes \u00e1tv\u00e9tel, ill Magyar Posta t\u00f6r\u00e9keny \u00e9s \u00e9rt\u00e9kbiztos\u00edtott csomagfelad\u00e1ssal is k\u00e9rhet\u0151.\nM\u00e9rete: 21x29 cm\nAz \u00e1r a keretet mag\u00e1ban foglalja.                        ","price":"10900.00","unit":"db","recommended":"0","status":"1","sponsored":"0","exp_notify":"0","own_material":"0","own_material_description_old":null,"own_material_description":"","jury":"0","jury_number":"","product_nature":"","meskaracsony":"0","create_date":"2026-02-02 08:52:16","shelve_id":"0","image":"peszlenmonika_product_390207_221006133855_032861.jpeg","image_width":"480","image_height":"640","image_alt":"Liliomos H\u00e1zi \u00e1ld\u00e1s, Liliomokkal d\u00edsz\u00edtett H\u00e1zi \u00e1ld\u00e1s. \u00dcvegfest\u00e9ssel k\u00e9sz\u00fclt term\u00e9k.\\nSzem\u00e9lyes \u00e1tv\u00e9tel, ill Magyar Posta ..., Meska","image_title":"Liliomos H\u00e1zi \u00e1ld\u00e1s, Meska","view_count":"1061","favourite_count":"1","trending_score":"0","last2MonthFavouriteCount":"1","promotion":"0","giftcard_accept":"0","creditcard_accept":true,"enhanced_background":"0","domain":"meska","specific_customer_id":null,"specific_customer_name":null,"to_order_product":"1","to_order_product_time":"6","product_different":null,"product_different_description":"","vintage":"0","vintage_category_id":"0","recycled":"0","gemstone_id":"0","customizable":"0","type_category":"physical","zerowaste":"0","postage_price":"1290.00","shop_order":"0","has_category":"1","landing_pages":null,"microdata":{"number":70,"category":""},"title":"Liliomos H\u00e1zi \u00e1ld\u00e1s","description":"Liliomokkal d\u00edsz\u00edtett H\u00e1zi \u00e1ld\u00e1s. \u00dcvegfest\u00e9ssel k\u00e9sz\u00fclt term\u00e9k.\nSzem\u00e9lyes \u00e1tv\u00e9tel, ill Magyar Posta t\u00f6r\u00e9keny \u00e9s \u00e9rt\u00e9kbiztos\u00edtott csomagfelad\u00e1ssal is k\u00e9rhet\u0151.\nM\u00e9rete: 21x29 cm\nAz \u00e1r a keretet mag\u00e1ban foglalja.                        ","score":0,"formatted_price":"10 900 Ft","image_url":"https:\/\/www.meska.hu\/img\/product\/small\/p\/e\/peszlenmonika_product_390207_221006133855_032861.jpeg","formatted_url":"https:\/\/www.meska.hu\/p4792757-liliomos-hazi-aldas","favourite":false,"in_stock":false,"avatar":"peszlenmonika_avatar_390207_1623150181.jpg","delete_from":0,"is_enhanced_background":false,"is_enhanced":false,"product_selection_started":false,"is_active":true,"image_webp_url":"https:\/\/www.meska.hu\/img\/product\/small\/p\/e\/peszlenmonika_product_390207_221006133855_032861.webp"},{"id":"5314465","shop_id":"33745","user_id":"390207","shop_name":"peszlenmonika","shop_zip":"9300","product_code":"5277993","product_name_old":null,"product_name":"Magn\u00f3lia 2","category_string":"M\u0171v\u00e9szet, Festm\u00e9ny, \u00dcvegfestm\u00e9ny","technic_string":"","category_1":"357","category_2":"358","category_3":"1325","category_4":"0","merged_category_1":null,"merged_category_2":null,"merged_category_3":null,"technic_1":"0","technic_2":"0","technic_3":"0","color_1":"514","color_2":"519","color_3":"525","product_description_old":null,"product_description":"Vir\u00e1gos k\u00e9peim egyik kedvence lett ez a Magn\u00f3li\u00e1kat \u00e1br\u00e1zol\u00f3. A s\u00f6t\u00e9t h\u00e1tt\u00e9r j\u00f3l kiemeli a l\u00e1gy r\u00f3zsasz\u00ednben j\u00e1tsz\u00f3 szirmokat.\nM\u00e9rete: 21x29 cm\nHozz\u00e1 ill\u00f3 barna fakeretben.\nAz \u00e1r a kerettel egy\u00fctt \u00e9rtend\u0151.","price":"15900.00","unit":"db","recommended":"0","status":"1","sponsored":"0","exp_notify":"0","own_material":"0","own_material_description_old":null,"own_material_description":"","jury":"0","jury_number":"","product_nature":"","meskaracsony":"0","create_date":"2026-02-02 08:52:10","shelve_id":"76201","image":"peszlenmonika_product_390207_240424121259_62857.jpeg","image_width":"480","image_height":"640","image_alt":"Magn\u00f3lia 2, Vir\u00e1gos k\u00e9peim egyik kedvence lett ez a Magn\u00f3li\u00e1kat \u00e1br\u00e1zol\u00f3. A s\u00f6t\u00e9t h\u00e1tt\u00e9r j\u00f3l kiemeli a l\u00e1gy r\u00f3zs..., Meska","image_title":"Magn\u00f3lia 2, Meska","view_count":"589","favourite_count":"0","trending_score":"0","last2MonthFavouriteCount":"0","promotion":"0","giftcard_accept":"0","creditcard_accept":true,"enhanced_background":"0","domain":"meska","specific_customer_id":null,"specific_customer_name":null,"to_order_product":"0","to_order_product_time":"0","product_different":null,"product_different_description":"","vintage":"0","vintage_category_id":"0","recycled":"0","gemstone_id":"0","customizable":"0","type_category":"physical","zerowaste":"0","postage_price":"1290.00","shop_order":"0","has_category":"1","landing_pages":null,"microdata":{"number":71,"category":""},"title":"Magn\u00f3lia 2","description":"Vir\u00e1gos k\u00e9peim egyik kedvence lett ez a Magn\u00f3li\u00e1kat \u00e1br\u00e1zol\u00f3. A s\u00f6t\u00e9t h\u00e1tt\u00e9r j\u00f3l kiemeli a l\u00e1gy r\u00f3zsasz\u00ednben j\u00e1tsz\u00f3 szirmokat.\nM\u00e9rete: 21x29 cm\nHozz\u00e1 ill\u00f3 barna fakeretben.\nAz \u00e1r a kerettel egy\u00fctt \u00e9rtend\u0151.","score":0,"formatted_price":"15 900 Ft","image_url":"https:\/\/www.meska.hu\/img\/product\/small\/p\/e\/peszlenmonika_product_390207_240424121259_62857.jpeg","formatted_url":"https:\/\/www.meska.hu\/p5277993-magnolia-2","favourite":false,"in_stock":true,"avatar":"peszlenmonika_avatar_390207_1623150181.jpg","delete_from":0,"is_enhanced_background":false,"is_enhanced":false,"product_selection_started":false,"is_active":true,"image_webp_url":"https:\/\/www.meska.hu\/img\/product\/small\/p\/e\/peszlenmonika_product_390207_240424121259_62857.webp"},{"id":"3418888","shop_id":"33745","user_id":"390207","shop_name":"peszlenmonika","shop_zip":"9300","product_code":"4316274","product_name_old":null,"product_name":"Afrikai n\u0151","category_string":"M\u0171v\u00e9szet, Festm\u00e9ny, \u00dcvegfestm\u00e9ny","technic_string":"\u00dcvegm\u0171v\u00e9szet","category_1":"357","category_2":"358","category_3":"1325","category_4":"0","merged_category_1":null,"merged_category_2":null,"merged_category_3":null,"technic_1":"505","technic_2":"0","technic_3":"0","color_1":"516","color_2":"532","color_3":"527","product_description_old":null,"product_description":"Ezen a k\u00e9pen Afrika sz\u00edness\u00e9ge t\u00fckr\u00f6z\u0151dik. A festm\u00e9ny \u00fcvegfest\u00e9ssel k\u00e9sz\u00fclt. A sz\u00ednek vid\u00e1mm\u00e1 var\u00e1zsolj\u00e1k az \u00f6sszhangot.\nAz \u00e1r, a fekete fa kerettel egy\u00fctt \u00e9rtend\u0151.\nM\u00e9rete: 30x40 cm","price":"27000.00","unit":"db","recommended":"0","status":"1","sponsored":"0","exp_notify":"0","own_material":"0","own_material_description_old":null,"own_material_description":"","jury":"0","jury_number":"","product_nature":"","meskaracsony":"0","create_date":"2026-02-02 08:51:59","shelve_id":"0","image":"peszlenmonika_product_390207_210610130227_061487.jpeg","image_width":"480","image_height":"640","image_alt":"Afrikai n\u0151, Ezen a k\u00e9pen Afrika sz\u00edness\u00e9ge t\u00fckr\u00f6z\u0151dik. A festm\u00e9ny \u00fcvegfest\u00e9ssel k\u00e9sz\u00fclt. A sz\u00ednek vid\u00e1mm\u00e1 var\u00e1zs..., Meska","image_title":"Afrikai n\u0151, Meska","view_count":"2430","favourite_count":"0","trending_score":"0","last2MonthFavouriteCount":"0","promotion":"0","giftcard_accept":"0","creditcard_accept":true,"enhanced_background":"0","domain":"meska","specific_customer_id":null,"specific_customer_name":null,"to_order_product":"1","to_order_product_time":"10","product_different":null,"product_different_description":"","vintage":"0","vintage_category_id":"0","recycled":"0","gemstone_id":"0","customizable":"0","type_category":"physical","zerowaste":"0","postage_price":"4000.00","shop_order":"0","has_category":"1","landing_pages":null,"microdata":{"number":72,"category":""},"title":"Afrikai n\u0151","description":"Ezen a k\u00e9pen Afrika sz\u00edness\u00e9ge t\u00fckr\u00f6z\u0151dik. A festm\u00e9ny \u00fcvegfest\u00e9ssel k\u00e9sz\u00fclt. A sz\u00ednek vid\u00e1mm\u00e1 var\u00e1zsolj\u00e1k az \u00f6sszhangot.\nAz \u00e1r, a fekete fa kerettel egy\u00fctt \u00e9rtend\u0151.\nM\u00e9rete: 30x40 cm","score":0,"formatted_price":"27 000 Ft","image_url":"https:\/\/www.meska.hu\/img\/product\/small\/p\/e\/peszlenmonika_product_390207_210610130227_061487.jpeg","formatted_url":"https:\/\/www.meska.hu\/p4316274-afrikai-no","favourite":false,"in_stock":false,"avatar":"peszlenmonika_avatar_390207_1623150181.jpg","delete_from":0,"is_enhanced_background":false,"is_enhanced":false,"product_selection_started":false,"is_active":true,"image_webp_url":"https:\/\/www.meska.hu\/img\/product\/small\/p\/e\/peszlenmonika_product_390207_210610130227_061487.webp"},{"id":"4546277","shop_id":"33745","user_id":"390207","shop_name":"peszlenmonika","shop_zip":"9300","product_code":"4812560","product_name_old":null,"product_name":"Bagoly","category_string":"M\u0171v\u00e9szet, Festm\u00e9ny, \u00dcvegfestm\u00e9ny","technic_string":"\u00dcvegm\u0171v\u00e9szet","category_1":"357","category_2":"358","category_3":"1325","category_4":"0","merged_category_1":null,"merged_category_2":null,"merged_category_3":null,"technic_1":"505","technic_2":"0","technic_3":"0","color_1":"534","color_2":"0","color_3":"0","product_description_old":null,"product_description":"Sz\u00ednek b\u00e1tor haszn\u00e1lat\u00e1val k\u00e9sz\u00fclt ez az \u00fcvegfestm\u00e9ny. Vid\u00e1ms\u00e1got sug\u00e1roz. Ez a technika alkalmas kedvenceink \u00e1br\u00e1zol\u00e1s\u00e1ra is. A m\u00e1sodik k\u00e9pen kiskuty\u00e1nk Lotti l\u00e1that\u00f3. \nM\u00e9ret: 21x30 cm\nAz \u00e1r tartalmazza a keretet.","price":"13500.00","unit":"db","recommended":"0","status":"1","sponsored":"0","exp_notify":"0","own_material":"0","own_material_description_old":null,"own_material_description":"","jury":"0","jury_number":"","product_nature":"","meskaracsony":"0","create_date":"2026-02-02 08:51:43","shelve_id":"0","image":"peszlenmonika_product_390207_221019135152_471318.jpeg","image_width":"480","image_height":"640","image_alt":"Bagoly, Sz\u00ednek b\u00e1tor haszn\u00e1lat\u00e1val k\u00e9sz\u00fclt ez az \u00fcvegfestm\u00e9ny. Vid\u00e1ms\u00e1got sug\u00e1roz. Ez a technika alkalmas ke..., Meska","image_title":"Bagoly, Meska","view_count":"916","favourite_count":"0","trending_score":"0","last2MonthFavouriteCount":"0","promotion":"0","giftcard_accept":"0","creditcard_accept":true,"enhanced_background":"0","domain":"meska","specific_customer_id":null,"specific_customer_name":null,"to_order_product":"0","to_order_product_time":"0","product_different":null,"product_different_description":"","vintage":"0","vintage_category_id":"0","recycled":"0","gemstone_id":"0","customizable":"0","type_category":"physical","zerowaste":"0","postage_price":"1290.00","shop_order":"0","has_category":"1","landing_pages":null,"microdata":{"number":73,"category":""},"title":"Bagoly","description":"Sz\u00ednek b\u00e1tor haszn\u00e1lat\u00e1val k\u00e9sz\u00fclt ez az \u00fcvegfestm\u00e9ny. Vid\u00e1ms\u00e1got sug\u00e1roz. Ez a technika alkalmas kedvenceink \u00e1br\u00e1zol\u00e1s\u00e1ra is. A m\u00e1sodik k\u00e9pen kiskuty\u00e1nk Lotti l\u00e1that\u00f3. \nM\u00e9ret: 21x30 cm\nAz \u00e1r tartalmazza a keretet.","score":0,"formatted_price":"13 500 Ft","image_url":"https:\/\/www.meska.hu\/img\/product\/small\/p\/e\/peszlenmonika_product_390207_221019135152_471318.jpeg","formatted_url":"https:\/\/www.meska.hu\/p4812560-bagoly","favourite":false,"in_stock":true,"avatar":"peszlenmonika_avatar_390207_1623150181.jpg","delete_from":0,"is_enhanced_background":false,"is_enhanced":false,"product_selection_started":false,"is_active":true,"image_webp_url":"https:\/\/www.meska.hu\/img\/product\/small\/p\/e\/peszlenmonika_product_390207_221019135152_471318.webp"},{"id":"3424670","shop_id":"33745","user_id":"390207","shop_name":"peszlenmonika","shop_zip":"9300","product_code":"4180060","product_name_old":null,"product_name":"F\u0151nix, j\u00e9gmad\u00e1r","category_string":"M\u0171v\u00e9szet, Festm\u00e9ny, \u00dcvegfestm\u00e9ny","technic_string":"\u00dcvegm\u0171v\u00e9szet","category_1":"357","category_2":"358","category_3":"1325","category_4":"0","merged_category_1":null,"merged_category_2":null,"merged_category_3":null,"technic_1":"505","technic_2":"0","technic_3":"0","color_1":"512","color_2":"523","color_3":"0","product_description_old":null,"product_description":"Egyik kedvencem a F\u0150NIX.  \nA legenda szerint a f\u0151nix gy\u00f6ny\u00f6r\u0171 v\u00f6r\u00f6s-arany tollazat\u00fa  mad\u00e1r, mely \u00e9lete v\u00e9g\u00e9n fah\u00e9j-\u00e1gacsk\u00e1kb\u00f3l f\u00e9szket \u00e9p\u00edt, meggy\u00fajtja, \u00e9s vele egy\u00fctt porr\u00e1 \u00e9g. A hamvakb\u00f3l ezut\u00e1n egy \u00faj, fiatal f\u0151nix sz\u00fcletik.\nA piros \u00e9s arany sz\u00ednt haszn\u00e1ltam az alkot\u00e1skor. Egy megrendel\u0151m p\u00e1rban szerette volna, \u00edgy keletkezett a k\u00e9k-ez\u00fcst v\u00e1ltozat.\nM\u00e9ret: 17x70 cm\n\u00c1r: 27.000 ft\nHa p\u00e1rban szeretn\u00e9d megv\u00e1s\u00e1rolni, akkor az \u00e1r: 51.000 ft \/2 db\nA festm\u00e9ny \u00e1ra tartalmazza a hozz\u00e1 ill\u0151, d\u00edszes fa keretet.","price":"27000.00","unit":"db","recommended":"0","status":"1","sponsored":"0","exp_notify":"0","own_material":"0","own_material_description_old":null,"own_material_description":"","jury":"0","jury_number":"","product_nature":"","meskaracsony":"0","create_date":"2026-02-02 08:51:33","shelve_id":"0","image":"peszlenmonika_product_390207_210615121444_776125.jpeg","image_width":"480","image_height":"640","image_alt":"F\u0151nix, j\u00e9gmad\u00e1r, Egyik kedvencem a F\u0150NIX.  \\nA legenda szerint a f\u0151nix gy\u00f6ny\u00f6r\u0171 v\u00f6r\u00f6s-arany tollazat\u00fa  mad\u00e1r, mely \u00e9le..., Meska","image_title":"F\u0151nix, j\u00e9gmad\u00e1r, Meska","view_count":"2523","favourite_count":"0","trending_score":"0","last2MonthFavouriteCount":"0","promotion":"0","giftcard_accept":"0","creditcard_accept":true,"enhanced_background":"0","domain":"meska","specific_customer_id":null,"specific_customer_name":null,"to_order_product":"1","to_order_product_time":"6","product_different":null,"product_different_description":"","vintage":"0","vintage_category_id":"0","recycled":"0","gemstone_id":"0","customizable":"0","type_category":"physical","zerowaste":"0","postage_price":"1290.00","shop_order":"0","has_category":"1","landing_pages":null,"microdata":{"number":74,"category":""},"title":"F\u0151nix, j\u00e9gmad\u00e1r","description":"Egyik kedvencem a F\u0150NIX.  \nA legenda szerint a f\u0151nix gy\u00f6ny\u00f6r\u0171 v\u00f6r\u00f6s-arany tollazat\u00fa  mad\u00e1r, mely \u00e9lete v\u00e9g\u00e9n fah\u00e9j-\u00e1gacsk\u00e1kb\u00f3l f\u00e9szket \u00e9p\u00edt, meggy\u00fajtja, \u00e9s vele egy\u00fctt porr\u00e1 \u00e9g. A hamvakb\u00f3l ezut\u00e1n egy \u00faj, fiatal f\u0151nix sz\u00fcletik.\nA piros \u00e9s arany sz\u00ednt haszn\u00e1ltam az alkot\u00e1skor. Egy megrendel\u0151m p\u00e1rban szerette volna, \u00edgy keletkezett a k\u00e9k-ez\u00fcst v\u00e1ltozat.\nM\u00e9ret: 17x70 cm\n\u00c1r: 27.000 ft\nHa p\u00e1rban szeretn\u00e9d megv\u00e1s\u00e1rolni, akkor az \u00e1r: 51.000 ft \/2 db\nA festm\u00e9ny \u00e1ra tartalmazza a hozz\u00e1 ill\u0151, d\u00edszes fa keretet.","score":0,"formatted_price":"27 000 Ft","image_url":"https:\/\/www.meska.hu\/img\/product\/small\/p\/e\/peszlenmonika_product_390207_210615121444_776125.jpeg","formatted_url":"https:\/\/www.meska.hu\/p4180060-fonix","favourite":false,"in_stock":false,"avatar":"peszlenmonika_avatar_390207_1623150181.jpg","delete_from":0,"is_enhanced_background":false,"is_enhanced":false,"product_selection_started":false,"is_active":true,"image_webp_url":"https:\/\/www.meska.hu\/img\/product\/small\/p\/e\/peszlenmonika_product_390207_210615121444_776125.webp"},{"id":"4545007","shop_id":"33745","user_id":"390207","shop_name":"peszlenmonika","shop_zip":"9300","product_code":"4811726","product_name_old":null,"product_name":"\u0150szi fa 2.","category_string":"M\u0171v\u00e9szet, Festm\u00e9ny, \u00dcvegfestm\u00e9ny","technic_string":"","category_1":"357","category_2":"358","category_3":"1325","category_4":"0","merged_category_1":null,"merged_category_2":null,"merged_category_3":null,"technic_1":"0","technic_2":"0","technic_3":"0","color_1":"512","color_2":"514","color_3":"529","product_description_old":null,"product_description":"KEDO rajza alapj\u00e1n, \u00fcvegfest\u00e9ssel k\u00e9sz\u00fclt k\u00e9pem sz\u00ednei az \u0151szt jelen\u00edtik meg.\nM\u00e9rete: 21x30 cm \nAz \u00e1r tartalmazza a keretet.","price":"14900.00","unit":"db","recommended":"0","status":"1","sponsored":"0","exp_notify":"0","own_material":"0","own_material_description_old":null,"own_material_description":"","jury":"0","jury_number":"","product_nature":"","meskaracsony":"0","create_date":"2026-02-02 08:51:30","shelve_id":"0","image":"peszlenmonika_product_390207_221018140049_913155.jpeg","image_width":"480","image_height":"640","image_alt":"\u0150szi fa 2., KEDO rajza alapj\u00e1n, \u00fcvegfest\u00e9ssel k\u00e9sz\u00fclt k\u00e9pem sz\u00ednei az \u0151szt jelen\u00edtik meg.\\nM\u00e9rete: 21x30 cm \\nAz \u00e1..., Meska","image_title":"\u0150szi fa 2., Meska","view_count":"1043","favourite_count":"0","trending_score":"0","last2MonthFavouriteCount":"0","promotion":"0","giftcard_accept":"0","creditcard_accept":true,"enhanced_background":"0","domain":"meska","specific_customer_id":null,"specific_customer_name":null,"to_order_product":"1","to_order_product_time":"6","product_different":null,"product_different_description":"","vintage":"0","vintage_category_id":"0","recycled":"0","gemstone_id":"0","customizable":"0","type_category":"physical","zerowaste":"0","postage_price":"1290.00","shop_order":"0","has_category":"1","landing_pages":null,"microdata":{"number":75,"category":""},"title":"\u0150szi fa 2.","description":"KEDO rajza alapj\u00e1n, \u00fcvegfest\u00e9ssel k\u00e9sz\u00fclt k\u00e9pem sz\u00ednei az \u0151szt jelen\u00edtik meg.\nM\u00e9rete: 21x30 cm \nAz \u00e1r tartalmazza a keretet.","score":0,"formatted_price":"14 900 Ft","image_url":"https:\/\/www.meska.hu\/img\/product\/small\/p\/e\/peszlenmonika_product_390207_221018140049_913155.jpeg","formatted_url":"https:\/\/www.meska.hu\/p4811726-oszi-fa-2","favourite":false,"in_stock":false,"avatar":"peszlenmonika_avatar_390207_1623150181.jpg","delete_from":0,"is_enhanced_background":false,"is_enhanced":false,"product_selection_started":false,"is_active":true,"image_webp_url":"https:\/\/www.meska.hu\/img\/product\/small\/p\/e\/peszlenmonika_product_390207_221018140049_913155.webp"},{"id":"4543735","shop_id":"33745","user_id":"390207","shop_name":"peszlenmonika","shop_zip":"9300","product_code":"4810934","product_name_old":null,"product_name":"Fekete-feh\u00e9r ","category_string":"M\u0171v\u00e9szet, Festm\u00e9ny, \u00dcvegfestm\u00e9ny","technic_string":"\u00dcvegm\u0171v\u00e9szet","category_1":"357","category_2":"358","category_3":"1325","category_4":"0","merged_category_1":null,"merged_category_2":null,"merged_category_3":null,"technic_1":"505","technic_2":"0","technic_3":"0","color_1":"519","color_2":"520","color_3":"0","product_description_old":null,"product_description":"Kedvenc sz\u00ednem a fekete, amelynek felhaszn\u00e1l\u00e1s\u00e1val k\u00e9sz\u00fclt ez a k\u00e9p. Yin \u00e9s Yang negat\u00edv \u00e9s pozit\u00edv, v\u00edz \u00e9s t\u0171z, n\u0151 \u00e9s f\u00e9rfi jelk\u00e9pe is lehet egyben. Egyik sem l\u00e9tezhet a m\u00e1sik n\u00e9lk\u00fcl. \nAz egyens\u00falyt szimboliz\u00e1lja a festm\u00e9nyen a feh\u00e9r \u00e9s fekete r\u00e9szek csipkeszer\u0171 harmonikus megjelen\u00e9se.\nM\u00e9rete:25x30 cm\nAz \u00e1r kerettel egy\u00fctt \u00e9rtend\u0151.","price":"16900.00","unit":"db","recommended":"0","status":"1","sponsored":"0","exp_notify":"0","own_material":"0","own_material_description_old":null,"own_material_description":"","jury":"0","jury_number":"","product_nature":"","meskaracsony":"0","create_date":"2026-02-02 08:51:27","shelve_id":"0","image":"peszlenmonika_product_390207_221020101706_452548.jpeg","image_width":"480","image_height":"640","image_alt":"Fekete-feh\u00e9r , Kedvenc sz\u00ednem a fekete, amelynek felhaszn\u00e1l\u00e1s\u00e1val k\u00e9sz\u00fclt ez a k\u00e9p. Yin \u00e9s Yang negat\u00edv \u00e9s pozit\u00edv,..., Meska","image_title":"Fekete-feh\u00e9r , Meska","view_count":"1840","favourite_count":"0","trending_score":"0","last2MonthFavouriteCount":"0","promotion":"0","giftcard_accept":"0","creditcard_accept":true,"enhanced_background":"0","domain":"meska","specific_customer_id":null,"specific_customer_name":null,"to_order_product":"1","to_order_product_time":"5","product_different":null,"product_different_description":"","vintage":"0","vintage_category_id":"0","recycled":"0","gemstone_id":"0","customizable":"0","type_category":"physical","zerowaste":"0","postage_price":"1290.00","shop_order":"0","has_category":"1","landing_pages":null,"microdata":{"number":76,"category":""},"title":"Fekete-feh\u00e9r ","description":"Kedvenc sz\u00ednem a fekete, amelynek felhaszn\u00e1l\u00e1s\u00e1val k\u00e9sz\u00fclt ez a k\u00e9p. Yin \u00e9s Yang negat\u00edv \u00e9s pozit\u00edv, v\u00edz \u00e9s t\u0171z, n\u0151 \u00e9s f\u00e9rfi jelk\u00e9pe is lehet egyben. Egyik sem l\u00e9tezhet a m\u00e1sik n\u00e9lk\u00fcl. \nAz egyens\u00falyt szimboliz\u00e1lja a festm\u00e9nyen a feh\u00e9r \u00e9s fekete r\u00e9szek csipkeszer\u0171 harmonikus megjelen\u00e9se.\nM\u00e9rete:25x30 cm\nAz \u00e1r kerettel egy\u00fctt \u00e9rtend\u0151.","score":0,"formatted_price":"16 900 Ft","image_url":"https:\/\/www.meska.hu\/img\/product\/small\/p\/e\/peszlenmonika_product_390207_221020101706_452548.jpeg","formatted_url":"https:\/\/www.meska.hu\/p4810934-fekete-feher","favourite":false,"in_stock":false,"avatar":"peszlenmonika_avatar_390207_1623150181.jpg","delete_from":0,"is_enhanced_background":false,"is_enhanced":false,"product_selection_started":false,"is_active":true,"image_webp_url":"https:\/\/www.meska.hu\/img\/product\/small\/p\/e\/peszlenmonika_product_390207_221020101706_452548.webp"},{"id":"4866383","shop_id":"33745","user_id":"390207","shop_name":"peszlenmonika","shop_zip":"9300","product_code":"4998277","product_name_old":null,"product_name":"V\u00edzMandala","category_string":"M\u0171v\u00e9szet, Festm\u00e9ny, \u00dcvegfestm\u00e9ny","technic_string":"\u00dcvegm\u0171v\u00e9szet","category_1":"357","category_2":"358","category_3":"1325","category_4":"0","merged_category_1":null,"merged_category_2":null,"merged_category_3":null,"technic_1":"505","technic_2":"0","technic_3":"0","color_1":"518","color_2":"519","color_3":"521","product_description_old":null,"product_description":"A v\u00edzr\u0151l a k\u00e9k \u00e9s a hull\u00e1mok jutnak eszembe. Ez adta az alap \u00f6tletet, majd kib\u0151v\u00edtettem a t\u00e9rk\u00e9peken haszn\u00e1lt jelekkel. \u00cdgy egy igaz\u00e1n mozgalmas \u00e9s r\u00e9szlet gazdag alkot\u00e1s sz\u00fcletett. Egyedi tervez\u00e9s, csod\u00e1latos sz\u00ednharm\u00f3nia \u00e9s hatalmas m\u00e9ret jellemzi a m\u0171vet. Az \u00fcvegfest\u00e9k gy\u00f6ny\u00f6r\u0171 csillog\u00e1sa \u00e9l\u0151ben az igazi, de a fot\u00f3k egy kis bepillant\u00e1st mutatnak e csod\u00e1latos vil\u00e1gba.  Nagy m\u00e9rete miatt, egy letisztult nappali sz\u00ednfoltja lehet legink\u00e1bb..\nEz egy egyedi darab, t\u00f6bb nem k\u00e9sz\u00fcl bel\u0151le.\n2024.09.05-10.03-ig a V\u00e1rmez\u0151 Gal\u00e9ri\u00e1ban rendezett ki\u00e1ll\u00edt\u00e1son vett r\u00e9szt.\nM\u00e9rete: 2 db 60x90 cm~es plexi ","price":"249000.00","unit":"db","recommended":"0","status":"1","sponsored":"0","exp_notify":"0","own_material":"0","own_material_description_old":null,"own_material_description":"","jury":"0","jury_number":"","product_nature":"","meskaracsony":"0","create_date":"2026-02-01 20:11:35","shelve_id":"68390","image":"peszlenmonika_product_390207_230610102910_401464.jpeg","image_width":"480","image_height":"393","image_alt":"V\u00edzMandala, A v\u00edzr\u0151l a k\u00e9k \u00e9s a hull\u00e1mok jutnak eszembe. Ez adta az alap \u00f6tletet, majd kib\u0151v\u00edtettem a t\u00e9rk\u00e9peken..., Meska","image_title":"V\u00edzMandala, Meska","view_count":"1059","favourite_count":"0","trending_score":"0","last2MonthFavouriteCount":"0","promotion":"0","giftcard_accept":"0","creditcard_accept":true,"enhanced_background":"0","domain":"meska","specific_customer_id":null,"specific_customer_name":null,"to_order_product":"0","to_order_product_time":"0","product_different":null,"product_different_description":"","vintage":"0","vintage_category_id":"0","recycled":"0","gemstone_id":"0","customizable":"0","type_category":"physical","zerowaste":"0","postage_price":"5000.00","shop_order":"0","has_category":"1","landing_pages":null,"microdata":{"number":77,"category":""},"title":"V\u00edzMandala","description":"A v\u00edzr\u0151l a k\u00e9k \u00e9s a hull\u00e1mok jutnak eszembe. Ez adta az alap \u00f6tletet, majd kib\u0151v\u00edtettem a t\u00e9rk\u00e9peken haszn\u00e1lt jelekkel. \u00cdgy egy igaz\u00e1n mozgalmas \u00e9s r\u00e9szlet gazdag alkot\u00e1s sz\u00fcletett. Egyedi tervez\u00e9s, csod\u00e1latos sz\u00ednharm\u00f3nia \u00e9s hatalmas m\u00e9ret jellemzi a m\u0171vet. Az \u00fcvegfest\u00e9k gy\u00f6ny\u00f6r\u0171 csillog\u00e1sa \u00e9l\u0151ben az igazi, de a fot\u00f3k egy kis bepillant\u00e1st mutatnak e csod\u00e1latos vil\u00e1gba.  Nagy m\u00e9rete miatt, egy letisztult nappali sz\u00ednfoltja lehet legink\u00e1bb..\nEz egy egyedi darab, t\u00f6bb nem k\u00e9sz\u00fcl bel\u0151le.\n2024.09.05-10.03-ig a V\u00e1rmez\u0151 Gal\u00e9ri\u00e1ban rendezett ki\u00e1ll\u00edt\u00e1son vett r\u00e9szt.\nM\u00e9rete: 2 db 60x90 cm~es plexi ","score":0,"formatted_price":"249 000 Ft","image_url":"https:\/\/www.meska.hu\/img\/product\/small\/p\/e\/peszlenmonika_product_390207_230610102910_401464.jpeg","formatted_url":"https:\/\/www.meska.hu\/p4998277-vizmandala","favourite":false,"in_stock":true,"avatar":"peszlenmonika_avatar_390207_1623150181.jpg","delete_from":0,"is_enhanced_background":false,"is_enhanced":false,"product_selection_started":false,"is_active":true,"image_webp_url":"https:\/\/www.meska.hu\/img\/product\/small\/p\/e\/peszlenmonika_product_390207_230610102910_401464.webp"},{"id":"4870332","shop_id":"33745","user_id":"390207","shop_name":"peszlenmonika","shop_zip":"9300","product_code":"4999817","product_name_old":null,"product_name":"Egyiptom","category_string":"M\u0171v\u00e9szet, Festm\u00e9ny, \u00dcvegfestm\u00e9ny","technic_string":"\u00dcvegm\u0171v\u00e9szet","category_1":"357","category_2":"358","category_3":"1325","category_4":"0","merged_category_1":null,"merged_category_2":null,"merged_category_3":null,"technic_1":"505","technic_2":"0","technic_3":"0","color_1":"512","color_2":"515","color_3":"521","product_description_old":null,"product_description":"Szeretem a k\u00fcl\u00f6nb\u00f6z\u0151 n\u0151i arcokat megfesteni. Ez a k\u00e9p k\u00fcl\u00f6n\u00f6sen \u00e9rdekes az \u00fcvegfest\u0151 sz\u00e1m\u00e1ra. Egyr\u00e9szt a karakteres arc megfest\u00e9se, m\u00e1sr\u00e9szt a csillog\u00f3 \u00e9kszerek h\u0171 \u00e1br\u00e1zol\u00e1sa j\u00f3 kih\u00edv\u00e1s.\n\nM\u00e9rete: 30x40 cm\nAz \u00e1r kerettel egy\u00fctt \u00e9rtend\u0151.","price":"39900.00","unit":"db","recommended":"0","status":"1","sponsored":"0","exp_notify":"0","own_material":"0","own_material_description_old":null,"own_material_description":"","jury":"0","jury_number":"","product_nature":"","meskaracsony":"0","create_date":"2026-02-01 20:10:55","shelve_id":"0","image":"peszlenmonika_product_390207_230613131327_125949.jpeg","image_width":"480","image_height":"624","image_alt":"Egyiptom, Szeretem a k\u00fcl\u00f6nb\u00f6z\u0151 n\u0151i arcokat megfesteni. Ez a k\u00e9p k\u00fcl\u00f6n\u00f6sen \u00e9rdekes az \u00fcvegfest\u0151 sz\u00e1m\u00e1ra. Egyr\u00e9s..., Meska","image_title":"Egyiptom, Meska","view_count":"972","favourite_count":"0","trending_score":"0","last2MonthFavouriteCount":"0","promotion":"0","giftcard_accept":"0","creditcard_accept":true,"enhanced_background":"0","domain":"meska","specific_customer_id":null,"specific_customer_name":null,"to_order_product":"0","to_order_product_time":"0","product_different":null,"product_different_description":"","vintage":"0","vintage_category_id":"0","recycled":"0","gemstone_id":"0","customizable":"0","type_category":"physical","zerowaste":"0","postage_price":"1290.00","shop_order":"0","has_category":"1","landing_pages":null,"microdata":{"number":78,"category":""},"title":"Egyiptom","description":"Szeretem a k\u00fcl\u00f6nb\u00f6z\u0151 n\u0151i arcokat megfesteni. Ez a k\u00e9p k\u00fcl\u00f6n\u00f6sen \u00e9rdekes az \u00fcvegfest\u0151 sz\u00e1m\u00e1ra. Egyr\u00e9szt a karakteres arc megfest\u00e9se, m\u00e1sr\u00e9szt a csillog\u00f3 \u00e9kszerek h\u0171 \u00e1br\u00e1zol\u00e1sa j\u00f3 kih\u00edv\u00e1s.\n\nM\u00e9rete: 30x40 cm\nAz \u00e1r kerettel egy\u00fctt \u00e9rtend\u0151.","score":0,"formatted_price":"39 900 Ft","image_url":"https:\/\/www.meska.hu\/img\/product\/small\/p\/e\/peszlenmonika_product_390207_230613131327_125949.jpeg","formatted_url":"https:\/\/www.meska.hu\/p4999817-egyiptom","favourite":false,"in_stock":true,"avatar":"peszlenmonika_avatar_390207_1623150181.jpg","delete_from":0,"is_enhanced_background":false,"is_enhanced":false,"product_selection_started":false,"is_active":true,"image_webp_url":"https:\/\/www.meska.hu\/img\/product\/small\/p\/e\/peszlenmonika_product_390207_230613131327_125949.webp"},{"id":"4699966","shop_id":"36025","user_id":"476354","shop_name":"TernovicsErika","shop_zip":"4432","product_code":"4898985","product_name_old":null,"product_name":"\u00dcveg festm\u00e9ny P\u00e9nz mandala","category_string":"M\u0171v\u00e9szet, Festm\u00e9ny, \u00dcvegfestm\u00e9ny","technic_string":"Fest\u00e9szet","category_1":"357","category_2":"358","category_3":"1325","category_4":"0","merged_category_1":"0","merged_category_2":"0","merged_category_3":"785","technic_1":"480","technic_2":"0","technic_3":"0","color_1":"512","color_2":"513","color_3":"1474","product_description_old":null,"product_description":"\u00dcveg festm\u00e9ny p\u00e9nz mandala fa talppal \nA d\u00edszt\u00e1rgy \u00e1tm\u00e9r\u0151je 25cm , ez az \u00fcveg lap nagys\u00e1ga . Fa talpot k\u00e9sz\u00edtettem \u00e9s lefestettem , az \u00fcveg mandala mot\u00edvumhoz ill\u0151 d\u00edsz\u00edt\u00e9st kapott . \nPraktikusan elhelyezhet\u0151 polcon , asztalon , mivel a fa talpba s\u00fcllyesztve \u00e1ll\u00edtva tarthat\u00f3 . Aj\u00e1nd\u00e9knak t\u00f6k\u00e9letes ez a d\u00edszt\u00e1rgy . ","price":"6500.00","unit":"db","recommended":"0","status":"1","sponsored":"0","exp_notify":"0","own_material":"0","own_material_description_old":null,"own_material_description":"","jury":"0","jury_number":"","product_nature":"","meskaracsony":"0","create_date":"2026-02-01 14:08:00","shelve_id":"0","image":"ternovicserika_product_476354_230201093828_145271.jpeg","image_width":"480","image_height":"640","image_alt":"\u00dcveg festm\u00e9ny P\u00e9nz mandala, \u00dcveg festm\u00e9ny p\u00e9nz mandala fa talppal \\nA d\u00edszt\u00e1rgy \u00e1tm\u00e9r\u0151je 25cm , ez az \u00fcveg lap nagys\u00e1ga . Fa talp..., Meska","image_title":"\u00dcveg festm\u00e9ny P\u00e9nz mandala, Meska","view_count":"1016","favourite_count":"0","trending_score":"0","last2MonthFavouriteCount":"0","promotion":"0","giftcard_accept":"0","creditcard_accept":false,"enhanced_background":"0","domain":"meska","specific_customer_id":null,"specific_customer_name":null,"to_order_product":"0","to_order_product_time":"0","product_different":null,"product_different_description":"","vintage":"0","vintage_category_id":"0","recycled":"0","gemstone_id":"0","customizable":"1","type_category":"physical","zerowaste":"0","postage_price":"2390.00","shop_order":"0","has_category":"1","landing_pages":null,"microdata":{"number":79,"category":""},"title":"\u00dcveg festm\u00e9ny P\u00e9nz mandala","description":"\u00dcveg festm\u00e9ny p\u00e9nz mandala fa talppal \nA d\u00edszt\u00e1rgy \u00e1tm\u00e9r\u0151je 25cm , ez az \u00fcveg lap nagys\u00e1ga . Fa talpot k\u00e9sz\u00edtettem \u00e9s lefestettem , az \u00fcveg mandala mot\u00edvumhoz ill\u0151 d\u00edsz\u00edt\u00e9st kapott . \nPraktikusan elhelyezhet\u0151 polcon , asztalon , mivel a fa talpba s\u00fcllyesztve \u00e1ll\u00edtva tarthat\u00f3 . Aj\u00e1nd\u00e9knak t\u00f6k\u00e9letes ez a d\u00edszt\u00e1rgy . ","score":0,"formatted_price":"6 500 Ft","image_url":"https:\/\/www.meska.hu\/img\/product\/small\/t\/e\/ternovicserika_product_476354_230201093828_145271.jpeg","formatted_url":"https:\/\/www.meska.hu\/p4898985-uveg-festmeny-penz-mandala","favourite":false,"in_stock":true,"avatar":"476354_avatar_1641118687.jpeg","delete_from":0,"is_enhanced_background":false,"is_enhanced":false,"product_selection_started":false,"is_active":true,"image_webp_url":"https:\/\/www.meska.hu\/img\/product\/small\/t\/e\/ternovicserika_product_476354_230201093828_145271.webp"},{"id":"3436341","shop_id":"23695","user_id":"266663","shop_name":"spezso","shop_zip":"2143","product_code":"4672246","product_name_old":null,"product_name":"Szerelem egy \u00e9leten \u00e1t. - Egym\u00e1sra hangolva. Valentin napra. - \u00dcvegre festett falik\u00e9p, \u00fcvegfestm\u00e9ny.","category_string":"M\u0171v\u00e9szet, Festm\u00e9ny, \u00dcvegfestm\u00e9ny","technic_string":"Fest\u00e9szet, \u00dcvegm\u0171v\u00e9szet","category_1":"357","category_2":"358","category_3":"1325","category_4":"0","merged_category_1":"0","merged_category_2":"0","merged_category_3":"785","technic_1":"480","technic_2":"505","technic_3":"0","color_1":"514","color_2":"528","color_3":"529","product_description_old":null,"product_description":"Kedves l\u00e1togat\u00f3, \u00fcdv\u00f6zl\u00f6m a virtu\u00e1lis boltomban.\n\nEzeknek a k\u00e9pnek a t\u00e9m\u00e1ja -  a nagybet\u0171s Szerelem, a Szenved\u00e9ly - \u00fcvegfestm\u00e9ny form\u00e1ban. \nA Szerelem \u00f6r\u00f6k, - legyen b\u00e1rmi probl\u00e9ma a vil\u00e1gunkban, szerelem mind\u00edg is volt, van \u00e9s lesz, - \u00e9s szerelmesek mindig lesznek.\nA k\u00e9pek t\u00e9m\u00e1ja Szerelmes, fiatal p\u00e1r, - akik egym\u00e1sra hangol\u00f3dva, - \u00f6ssze b\u00fajva, \u0151lelkezve, mer\u00fclnek el egym\u00e1sban, a t\u00e1nc ritmus\u00e1ban. - Incselked\u0151 \u00e9rint\u00e9s, - im\u00e1dat, - szerelem egy \u00e9leten \u00e1t, - Szerelem \u00f6r\u00f6kk\u00f6n - \u00f6r\u00f6kk\u00e9.\n\nA k\u00e9pek m\u00e9rete kb 22x31 cm. A k\u00e9p \u00e1r\u00e1ban a keret \u00e1ra is benne van. K\u00e9r\u00e9sre megbesz\u00e9l\u00e9s alapj\u00e1n nagyobb m\u00e9retben is elk\u00e9sz\u00edtem.\nK\u00e9zm\u0171ves term\u00e9k, k\u00e9zzel festett egyedi \u00e9s szign\u00f3zott.\nEz egy \u00fcvegre festett k\u00e9p, \u00fcveg festm\u00e9ny, - melyet  sz\u00e9pen csillog\u00f3 f\u00e9nyes fel\u00fcletek \u00e9s \u00e9l\u00e9nk sz\u00ednek jellemeznek, -  egy igaz\u00e1n kit\u0171n\u0151 aj\u00e1nd\u00e9k, ha valami k\u00fcl\u00f6nlegeset, modernet, egyedit szeretne aj\u00e1nd\u00e9kozni szerett\u00e9nek, ismer\u0151s\u00e9nek, egy modern lak\u00e1sban is meg\u00e1llja a hely\u00e9t.\n\nT\u00f6r\u00e9keny term\u00e9k, - ha post\u00e1zni kell, akkor t\u00f6r\u00e9sbiztos csomagol\u00e1sban \u00e9rt\u00e9kbiztos\u00edtva k\u00fcld\u00f6m a magyar post\u00e1val. Szem\u00e9lyesen is \u00e1tvehet\u0151 Kistarcs\u00e1n, vagy Budapest \u00d6rs vez\u00e9r tere.\n\nK\u00f6sz\u00f6n\u00f6m, hogy ben\u00e9zett a virtu\u00e1lis boltomba, ha ideje engedi n\u00e9zze meg a t\u00f6bbi term\u00e9kemet is. Rem\u00e9lem, hogy megleli \u00e1lmai aj\u00e1nd\u00e9k\u00e1t. \n\u00dcdv. Spezso\n","price":"14888.00","unit":"db","recommended":"0","status":"1","sponsored":"0","exp_notify":"0","own_material":"0","own_material_description_old":null,"own_material_description":"","jury":"0","jury_number":"","product_nature":"","meskaracsony":"0","create_date":"2026-01-31 20:05:14","shelve_id":"65243","image":"spezso_product_266663_220621135806_980457.jpeg","image_width":"480","image_height":"654","image_alt":"Szerelem egy \u00e9leten \u00e1t. - Egym\u00e1sra hangolva. Valentin napra. - \u00dcvegre festett falik\u00e9p, \u00fcvegfestm\u00e9ny., Kedves l\u00e1togat\u00f3, \u00fcdv\u00f6zl\u00f6m a virtu\u00e1lis boltomban.\\n\\nEzeknek a k\u00e9pnek a t\u00e9m\u00e1ja -  a nagybet\u0171s Szerelem,..., Meska","image_title":"Szerelem egy \u00e9leten \u00e1t. - Egym\u00e1sra hangolva. Valentin napra. - \u00dcvegre festett falik\u00e9p, \u00fcvegfestm\u00e9ny., Meska","view_count":"2395","favourite_count":"0","trending_score":"0","last2MonthFavouriteCount":"0","promotion":"0","giftcard_accept":"1","creditcard_accept":false,"enhanced_background":"0","domain":"meska","specific_customer_id":null,"specific_customer_name":null,"to_order_product":"0","to_order_product_time":"0","product_different":null,"product_different_description":"","vintage":"0","vintage_category_id":"0","recycled":"0","gemstone_id":"0","customizable":"0","type_category":"physical","zerowaste":"0","postage_price":"0.00","shop_order":"0","has_category":"1","landing_pages":null,"microdata":{"number":80,"category":""},"title":"Szerelem egy \u00e9leten \u00e1t. - Egym\u00e1sra hangolva. Valentin napra. - \u00dcvegre festett falik\u00e9p, \u00fcvegfestm\u00e9ny.","description":"Kedves l\u00e1togat\u00f3, \u00fcdv\u00f6zl\u00f6m a virtu\u00e1lis boltomban.\n\nEzeknek a k\u00e9pnek a t\u00e9m\u00e1ja -  a nagybet\u0171s Szerelem, a Szenved\u00e9ly - \u00fcvegfestm\u00e9ny form\u00e1ban. \nA Szerelem \u00f6r\u00f6k, - legyen b\u00e1rmi probl\u00e9ma a vil\u00e1gunkban, szerelem mind\u00edg is volt, van \u00e9s lesz, - \u00e9s szerelmesek mindig lesznek.\nA k\u00e9pek t\u00e9m\u00e1ja Szerelmes, fiatal p\u00e1r, - akik egym\u00e1sra hangol\u00f3dva, - \u00f6ssze b\u00fajva, \u0151lelkezve, mer\u00fclnek el egym\u00e1sban, a t\u00e1nc ritmus\u00e1ban. - Incselked\u0151 \u00e9rint\u00e9s, - im\u00e1dat, - szerelem egy \u00e9leten \u00e1t, - Szerelem \u00f6r\u00f6kk\u00f6n - \u00f6r\u00f6kk\u00e9.\n\nA k\u00e9pek m\u00e9rete kb 22x31 cm. A k\u00e9p \u00e1r\u00e1ban a keret \u00e1ra is benne van. K\u00e9r\u00e9sre megbesz\u00e9l\u00e9s alapj\u00e1n nagyobb m\u00e9retben is elk\u00e9sz\u00edtem.\nK\u00e9zm\u0171ves term\u00e9k, k\u00e9zzel festett egyedi \u00e9s szign\u00f3zott.\nEz egy \u00fcvegre festett k\u00e9p, \u00fcveg festm\u00e9ny, - melyet  sz\u00e9pen csillog\u00f3 f\u00e9nyes fel\u00fcletek \u00e9s \u00e9l\u00e9nk sz\u00ednek jellemeznek, -  egy igaz\u00e1n kit\u0171n\u0151 aj\u00e1nd\u00e9k, ha valami k\u00fcl\u00f6nlegeset, modernet, egyedit szeretne aj\u00e1nd\u00e9kozni szerett\u00e9nek, ismer\u0151s\u00e9nek, egy modern lak\u00e1sban is meg\u00e1llja a hely\u00e9t.\n\nT\u00f6r\u00e9keny term\u00e9k, - ha post\u00e1zni kell, akkor t\u00f6r\u00e9sbiztos csomagol\u00e1sban \u00e9rt\u00e9kbiztos\u00edtva k\u00fcld\u00f6m a magyar post\u00e1val. Szem\u00e9lyesen is \u00e1tvehet\u0151 Kistarcs\u00e1n, vagy Budapest \u00d6rs vez\u00e9r tere.\n\nK\u00f6sz\u00f6n\u00f6m, hogy ben\u00e9zett a virtu\u00e1lis boltomba, ha ideje engedi n\u00e9zze meg a t\u00f6bbi term\u00e9kemet is. Rem\u00e9lem, hogy megleli \u00e1lmai aj\u00e1nd\u00e9k\u00e1t. \n\u00dcdv. Spezso\n","score":0,"formatted_price":"14 888 Ft","image_url":"https:\/\/www.meska.hu\/img\/product\/small\/s\/p\/spezso_product_266663_220621135806_980457.jpeg","formatted_url":"https:\/\/www.meska.hu\/p4672246-szerelem-egy-eleten-at-egymasra-hangolva-valentin-napra-uvegre-festett-falikep-uvegfestmeny","favourite":false,"in_stock":true,"avatar":"spezso_avatar_266663_1587803542.jpg","delete_from":0,"is_enhanced_background":false,"is_enhanced":false,"product_selection_started":false,"is_active":true,"image_webp_url":"https:\/\/www.meska.hu\/img\/product\/small\/s\/p\/spezso_product_266663_220621135806_980457.webp"},{"id":"3436381","shop_id":"23695","user_id":"266663","shop_name":"spezso","shop_zip":"2143","product_code":"4672291","product_name_old":null,"product_name":"Fantasy portr\u00e9k. Fant\u00e1zia k\u00e9pek. \u00dcvegre festett falik\u00e9p, \u00fcvegfestm\u00e9ny.","category_string":"M\u0171v\u00e9szet, Festm\u00e9ny, \u00dcvegfestm\u00e9ny","technic_string":"Fest\u00e9szet, \u00dcvegm\u0171v\u00e9szet","category_1":"357","category_2":"358","category_3":"1325","category_4":"0","merged_category_1":"0","merged_category_2":"0","merged_category_3":"785","technic_1":"480","technic_2":"505","technic_3":"0","color_1":"514","color_2":"517","color_3":"529","product_description_old":null,"product_description":"Kedves l\u00e1togat\u00f3, \u00fcdv\u00f6zl\u00f6m az oldalamon.\n\nAz itt l\u00e1that\u00f3 k\u00e9pek fant\u00e1zia k\u00e9pek \u00fcvegfestm\u00e9ny form\u00e1ban.\nJ\u00e1t\u00e9k a sz\u00ednekkel \u00e9s form\u00e1kkal.\n\nK\u00e9p m\u00e9ret: 22x31cm. A k\u00e9p \u00e1r\u00e1ban a keret \u00e1ra is benne van.\nEzek a k\u00e9pek \u00fcvegre festett k\u00e9pek, melyeket csillog\u00f3, f\u00e9nyes fel\u00fcletek \u00e9s \u00e9l\u00e9nk sz\u00ednek jellemeznek. Leg\u00fajabb modern s\u00edk\u00fcveg fest\u00e9si technik\u00e1val k\u00e9sz\u00edtettem, m\u00e9g egy modern lak\u00e1snak is az igazi d\u00edsze lehet. Egy kit\u0171n\u0151 aj\u00e1nd\u00e9k, ha valami egyedit, k\u00fcl\u00f6nlegeset, maradand\u00f3t szeretne aj\u00e1nd\u00e9kozni szerett\u00e9nek, vagy ismer\u0151s\u00e9nek.\nK\u00e9zm\u0171ves term\u00e9k, k\u00e9zzel festett egyedi \u00e9s szign\u00f3zott.\n\nT\u00f6r\u00e9keny term\u00e9k, ha post\u00e1zni kell, akkor t\u00f6r\u00e9biztos csomagol\u00e1sban, \u00e9rt\u00e9kbiztos\u00edtva k\u00fcld\u00f6m a Magyar Post\u00e1val. Szem\u00e9lyes \u00e1tv\u00e9tel is lehets\u00e9ges Kistarcs\u00e1n, vagy Budapest \u00d6rs vez\u00e9r tere.\n\nK\u00f6sz\u00f6n\u00f6m, hogy ben\u00e9zett a virtu\u00e1lis boltomba. Ha ideje engedi n\u00e9zze meg a t\u00f6bbi term\u00e9kemet is. - J\u00f3 n\u00e9zel\u0151d\u00e9st, rem\u00e9lem, hogy megleli \u00e1lmai aj\u00e1nd\u00e9k\u00e1t.\n\u00dcdv: Spezso","price":"14888.00","unit":"db","recommended":"0","status":"1","sponsored":"0","exp_notify":"0","own_material":"0","own_material_description_old":null,"own_material_description":"","jury":"0","jury_number":"","product_nature":"","meskaracsony":"0","create_date":"2026-01-31 20:04:40","shelve_id":"65252","image":"spezso_product_266663_220621150043_157813.jpeg","image_width":"480","image_height":"663","image_alt":"Fantasy portr\u00e9k. Fant\u00e1zia k\u00e9pek. \u00dcvegre festett falik\u00e9p, \u00fcvegfestm\u00e9ny., Kedves l\u00e1togat\u00f3, \u00fcdv\u00f6zl\u00f6m az oldalamon.\\n\\nAz itt l\u00e1that\u00f3 k\u00e9pek fant\u00e1zia k\u00e9pek \u00fcvegfestm\u00e9ny form\u00e1ban.\\n..., Meska","image_title":"Fantasy portr\u00e9k. Fant\u00e1zia k\u00e9pek. \u00dcvegre festett falik\u00e9p, \u00fcvegfestm\u00e9ny., Meska","view_count":"2830","favourite_count":"0","trending_score":"0","last2MonthFavouriteCount":"0","promotion":0,"giftcard_accept":"1","creditcard_accept":false,"enhanced_background":"0","domain":"meska","specific_customer_id":null,"specific_customer_name":null,"to_order_product":"0","to_order_product_time":"0","product_different":null,"product_different_description":"","vintage":"0","vintage_category_id":"0","recycled":"0","gemstone_id":"0","customizable":"0","type_category":"physical","zerowaste":"0","postage_price":"0.00","shop_order":"0","has_category":"1","landing_pages":null,"microdata":{"number":81,"category":""},"title":"Fantasy portr\u00e9k. Fant\u00e1zia k\u00e9pek. \u00dcvegre festett falik\u00e9p, \u00fcvegfestm\u00e9ny.","description":"Kedves l\u00e1togat\u00f3, \u00fcdv\u00f6zl\u00f6m az oldalamon.\n\nAz itt l\u00e1that\u00f3 k\u00e9pek fant\u00e1zia k\u00e9pek \u00fcvegfestm\u00e9ny form\u00e1ban.\nJ\u00e1t\u00e9k a sz\u00ednekkel \u00e9s form\u00e1kkal.\n\nK\u00e9p m\u00e9ret: 22x31cm. A k\u00e9p \u00e1r\u00e1ban a keret \u00e1ra is benne van.\nEzek a k\u00e9pek \u00fcvegre festett k\u00e9pek, melyeket csillog\u00f3, f\u00e9nyes fel\u00fcletek \u00e9s \u00e9l\u00e9nk sz\u00ednek jellemeznek. Leg\u00fajabb modern s\u00edk\u00fcveg fest\u00e9si technik\u00e1val k\u00e9sz\u00edtettem, m\u00e9g egy modern lak\u00e1snak is az igazi d\u00edsze lehet. Egy kit\u0171n\u0151 aj\u00e1nd\u00e9k, ha valami egyedit, k\u00fcl\u00f6nlegeset, maradand\u00f3t szeretne aj\u00e1nd\u00e9kozni szerett\u00e9nek, vagy ismer\u0151s\u00e9nek.\nK\u00e9zm\u0171ves term\u00e9k, k\u00e9zzel festett egyedi \u00e9s szign\u00f3zott.\n\nT\u00f6r\u00e9keny term\u00e9k, ha post\u00e1zni kell, akkor t\u00f6r\u00e9biztos csomagol\u00e1sban, \u00e9rt\u00e9kbiztos\u00edtva k\u00fcld\u00f6m a Magyar Post\u00e1val. Szem\u00e9lyes \u00e1tv\u00e9tel is lehets\u00e9ges Kistarcs\u00e1n, vagy Budapest \u00d6rs vez\u00e9r tere.\n\nK\u00f6sz\u00f6n\u00f6m, hogy ben\u00e9zett a virtu\u00e1lis boltomba. Ha ideje engedi n\u00e9zze meg a t\u00f6bbi term\u00e9kemet is. - J\u00f3 n\u00e9zel\u0151d\u00e9st, rem\u00e9lem, hogy megleli \u00e1lmai aj\u00e1nd\u00e9k\u00e1t.\n\u00dcdv: Spezso","score":0,"formatted_price":"14 888 Ft","image_url":"https:\/\/www.meska.hu\/img\/product\/small\/s\/p\/spezso_product_266663_220621150043_157813.jpeg","formatted_url":"https:\/\/www.meska.hu\/p4672291-fantasy-portrek-fantazia-kepek-uvegre-festett-falikep-uvegfestmeny","favourite":false,"in_stock":true,"avatar":"spezso_avatar_266663_1587803542.jpg","delete_from":0,"is_enhanced_background":false,"is_enhanced":false,"product_selection_started":false,"is_active":true,"image_webp_url":"https:\/\/www.meska.hu\/img\/product\/small\/s\/p\/spezso_product_266663_220621150043_157813.webp"},{"id":"4544926","shop_id":"33745","user_id":"390207","shop_name":"peszlenmonika","shop_zip":"9300","product_code":"4811651","product_name_old":null,"product_name":"Mandala","category_string":"M\u0171v\u00e9szet, Festm\u00e9ny, \u00dcvegfestm\u00e9ny","technic_string":"\u00dcvegm\u0171v\u00e9szet","category_1":"357","category_2":"358","category_3":"1325","category_4":"0","merged_category_1":"0","merged_category_2":"0","merged_category_3":"785","technic_1":"505","technic_2":"0","technic_3":"0","color_1":"512","color_2":"519","color_3":"525","product_description_old":null,"product_description":"Wenzl Bori rajz\u00e1nak \u00e1tdolgoz\u00e1s\u00e1val k\u00e9sz\u00fclt ez a mandal\u00e1m. R\u00f3zsasz\u00edn k\u00fcl\u00f6nb\u00f6z\u0151 \u00e1rnyalatait, feh\u00e9ret \u00e9s aranyat haszn\u00e1ltam.\nR\u00f3zsasz\u00edn jelent\u00e9se a mandal\u00e1ban: romantika, odaad\u00e1s, n\u0151iess\u00e9g, \u00e9rz\u00e9kenys\u00e9g, \u00f6nzetlens\u00e9g, elegancia.\nHat\u00e1sa: f\u00e9lelem ellen, fiatal\u00edt.\nK\u00e9p m\u00e9rete: 25x30 cm.\nAz \u00e1r , kerettel egy\u00fctt \u00e9rtend\u0151.","price":"18000.00","unit":"db","recommended":"0","status":"1","sponsored":"0","exp_notify":"0","own_material":"0","own_material_description_old":null,"own_material_description":"","jury":"0","jury_number":"","product_nature":"","meskaracsony":"0","create_date":"2026-01-31 14:03:35","shelve_id":"68390","image":"peszlenmonika_product_390207_221018135308_880436.jpeg","image_width":"480","image_height":"640","image_alt":"Mandala, Wenzl Bori rajz\u00e1nak \u00e1tdolgoz\u00e1s\u00e1val k\u00e9sz\u00fclt ez a mandal\u00e1m. R\u00f3zsasz\u00edn k\u00fcl\u00f6nb\u00f6z\u0151 \u00e1rnyalatait, feh\u00e9ret \u00e9..., Meska","image_title":"Mandala, Meska","view_count":"1360","favourite_count":"0","trending_score":"0","last2MonthFavouriteCount":"0","promotion":"0","giftcard_accept":"0","creditcard_accept":true,"enhanced_background":"0","domain":"meska","specific_customer_id":null,"specific_customer_name":null,"to_order_product":"1","to_order_product_time":"6","product_different":null,"product_different_description":"","vintage":"0","vintage_category_id":"0","recycled":"0","gemstone_id":"0","customizable":"0","type_category":"physical","zerowaste":"0","postage_price":"1290.00","shop_order":"0","has_category":"1","landing_pages":null,"microdata":{"number":82,"category":""},"title":"Mandala","description":"Wenzl Bori rajz\u00e1nak \u00e1tdolgoz\u00e1s\u00e1val k\u00e9sz\u00fclt ez a mandal\u00e1m. R\u00f3zsasz\u00edn k\u00fcl\u00f6nb\u00f6z\u0151 \u00e1rnyalatait, feh\u00e9ret \u00e9s aranyat haszn\u00e1ltam.\nR\u00f3zsasz\u00edn jelent\u00e9se a mandal\u00e1ban: romantika, odaad\u00e1s, n\u0151iess\u00e9g, \u00e9rz\u00e9kenys\u00e9g, \u00f6nzetlens\u00e9g, elegancia.\nHat\u00e1sa: f\u00e9lelem ellen, fiatal\u00edt.\nK\u00e9p m\u00e9rete: 25x30 cm.\nAz \u00e1r , kerettel egy\u00fctt \u00e9rtend\u0151.","score":0,"formatted_price":"18 000 Ft","image_url":"https:\/\/www.meska.hu\/img\/product\/small\/p\/e\/peszlenmonika_product_390207_221018135308_880436.jpeg","formatted_url":"https:\/\/www.meska.hu\/p4811651-mandala","favourite":false,"in_stock":false,"avatar":"peszlenmonika_avatar_390207_1623150181.jpg","delete_from":0,"is_enhanced_background":false,"is_enhanced":false,"product_selection_started":false,"is_active":true,"image_webp_url":"https:\/\/www.meska.hu\/img\/product\/small\/p\/e\/peszlenmonika_product_390207_221018135308_880436.webp"},{"id":"4543719","shop_id":"33745","user_id":"390207","shop_name":"peszlenmonika","shop_zip":"9300","product_code":"4810928","product_name_old":null,"product_name":"\u0150szi fa","category_string":"M\u0171v\u00e9szet, Festm\u00e9ny, \u00dcvegfestm\u00e9ny","technic_string":"\u00dcvegm\u0171v\u00e9szet","category_1":"357","category_2":"358","category_3":"1325","category_4":"0","merged_category_1":"0","merged_category_2":"0","merged_category_3":"785","technic_1":"505","technic_2":"0","technic_3":"0","color_1":"512","color_2":"514","color_3":"529","product_description_old":null,"product_description":"KEDO gy\u00f6ny\u00f6r\u0171 rajz\u00e1t feldolgozva k\u00e9sz\u00fclt ez az \u0151szi hangulat\u00fa fa. Az \u0151sz sz\u00edne mell\u00e9 egy kis aranyat haszn\u00e1ltam, \u00edgy \u00fcnnep\u00e9lyesebb\u00e9 v\u00e1lt a v\u00e9geredm\u00e9ny.\n21x30 cm-es festm\u00e9ny, az \u00e1r tartalmazza a fekete keretet.","price":"14900.00","unit":"db","recommended":"0","status":"1","sponsored":"0","exp_notify":"0","own_material":"0","own_material_description_old":null,"own_material_description":"","jury":"0","jury_number":"","product_nature":"","meskaracsony":"0","create_date":"2026-01-29 18:53:34","shelve_id":"0","image":"peszlenmonika_product_390207_221017134106_927290.jpeg","image_width":"480","image_height":"640","image_alt":"\u0150szi fa, KEDO gy\u00f6ny\u00f6r\u0171 rajz\u00e1t feldolgozva k\u00e9sz\u00fclt ez az \u0151szi hangulat\u00fa fa. Az \u0151sz sz\u00edne mell\u00e9 egy kis aranyat..., Meska","image_title":"\u0150szi fa, Meska","view_count":"1081","favourite_count":"0","trending_score":"0","last2MonthFavouriteCount":"0","promotion":"0","giftcard_accept":"0","creditcard_accept":true,"enhanced_background":"0","domain":"meska","specific_customer_id":null,"specific_customer_name":null,"to_order_product":"0","to_order_product_time":"0","product_different":null,"product_different_description":"","vintage":"0","vintage_category_id":"0","recycled":"0","gemstone_id":"0","customizable":"0","type_category":"physical","zerowaste":"0","postage_price":"1290.00","shop_order":"0","has_category":"1","landing_pages":null,"microdata":{"number":83,"category":""},"title":"\u0150szi fa","description":"KEDO gy\u00f6ny\u00f6r\u0171 rajz\u00e1t feldolgozva k\u00e9sz\u00fclt ez az \u0151szi hangulat\u00fa fa. Az \u0151sz sz\u00edne mell\u00e9 egy kis aranyat haszn\u00e1ltam, \u00edgy \u00fcnnep\u00e9lyesebb\u00e9 v\u00e1lt a v\u00e9geredm\u00e9ny.\n21x30 cm-es festm\u00e9ny, az \u00e1r tartalmazza a fekete keretet.","score":0,"formatted_price":"14 900 Ft","image_url":"https:\/\/www.meska.hu\/img\/product\/small\/p\/e\/peszlenmonika_product_390207_221017134106_927290.jpeg","formatted_url":"https:\/\/www.meska.hu\/p4810928-oszi-fa","favourite":false,"in_stock":true,"avatar":"peszlenmonika_avatar_390207_1623150181.jpg","delete_from":0,"is_enhanced_background":false,"is_enhanced":false,"product_selection_started":false,"is_active":true,"image_webp_url":"https:\/\/www.meska.hu\/img\/product\/small\/p\/e\/peszlenmonika_product_390207_221017134106_927290.webp"},{"id":"6093905","shop_id":"51613","user_id":"729566","shop_name":"schenkglassart","shop_zip":"1114","product_code":"5719880","product_name_old":null,"product_name":"tulip\u00e1n","category_string":"M\u0171v\u00e9szet, Festm\u00e9ny, \u00dcvegfestm\u00e9ny","technic_string":"","category_1":"357","category_2":"358","category_3":"1325","category_4":"0","merged_category_1":null,"merged_category_2":null,"merged_category_3":null,"technic_1":"0","technic_2":"0","technic_3":"0","color_1":"512","color_2":"516","color_3":"523","product_description_old":null,"product_description":"Kedves \u00e9rdekl\u0151d\u0151!\n\nN\u00e9zz k\u00f6r\u00fcl a boltomban, egyedi k\u00e9zzel k\u00e9sz\u00edtett \u00fcvegfestm\u00e9nyeket tal\u00e1lsz. A tulip\u00e1n 24x30 \u00fcvegre \u00fcvegfest\u00e9kkel festett csillog\u00f3 alkot\u00e1s.  Sz\u00edvvel-l\u00e9lekkel k\u00e9sz\u00fclt, arany d\u00edsz\u00edt\u00e9ssel Var\u00e1zslatos hangulatot teremt otthonodban, nagyszer\u0171 aj\u00e1nd\u00e9k b\u00e1rki r\u00e9sz\u00e9re. Kerettel egy\u00fctt sz\u00e1ll\u00edtom, a keret felakaszthat\u00f3 illetve kit\u00e1maszthat\u00f3 is. ","price":"8000.00","unit":"db","recommended":"0","status":"1","sponsored":"0","exp_notify":"0","own_material":"0","own_material_description_old":null,"own_material_description":"","jury":"0","jury_number":"","product_nature":"","meskaracsony":"0","create_date":"2026-01-25 22:50:44","shelve_id":"0","image":"schenkglassart_product_729566_260125224308_07039.jpeg","image_width":"480","image_height":"587","image_alt":"tulip\u00e1n, Kedves \u00e9rdekl\u0151d\u0151!\\n\\nN\u00e9zz k\u00f6r\u00fcl a boltomban, egyedi k\u00e9zzel k\u00e9sz\u00edtett \u00fcvegfestm\u00e9nyeket tal\u00e1lsz. A tulip..., Meska","image_title":"tulip\u00e1n, Meska","view_count":"51","favourite_count":"0","trending_score":"0","last2MonthFavouriteCount":"0","promotion":"0","giftcard_accept":"0","creditcard_accept":true,"enhanced_background":"0","domain":"meska","specific_customer_id":null,"specific_customer_name":null,"to_order_product":"0","to_order_product_time":"0","product_different":null,"product_different_description":"","vintage":"0","vintage_category_id":"0","recycled":"0","gemstone_id":"0","customizable":"0","type_category":"physical","zerowaste":"0","postage_price":"1290.00","shop_order":"0","has_category":"1","landing_pages":null,"microdata":{"number":84,"category":""},"title":"tulip\u00e1n","description":"Kedves \u00e9rdekl\u0151d\u0151!\n\nN\u00e9zz k\u00f6r\u00fcl a boltomban, egyedi k\u00e9zzel k\u00e9sz\u00edtett \u00fcvegfestm\u00e9nyeket tal\u00e1lsz. A tulip\u00e1n 24x30 \u00fcvegre \u00fcvegfest\u00e9kkel festett csillog\u00f3 alkot\u00e1s.  Sz\u00edvvel-l\u00e9lekkel k\u00e9sz\u00fclt, arany d\u00edsz\u00edt\u00e9ssel Var\u00e1zslatos hangulatot teremt otthonodban, nagyszer\u0171 aj\u00e1nd\u00e9k b\u00e1rki r\u00e9sz\u00e9re. Kerettel egy\u00fctt sz\u00e1ll\u00edtom, a keret felakaszthat\u00f3 illetve kit\u00e1maszthat\u00f3 is. ","score":0,"formatted_price":"8 000 Ft","image_url":"https:\/\/www.meska.hu\/img\/product\/small\/s\/c\/schenkglassart_product_729566_260125224308_07039.jpeg","formatted_url":"https:\/\/www.meska.hu\/p5719880-tulipan","favourite":false,"in_stock":true,"avatar":"729566_avatar_1774788640.jpeg","delete_from":0,"is_enhanced_background":false,"is_enhanced":false,"product_selection_started":false,"is_active":true,"image_webp_url":"https:\/\/www.meska.hu\/img\/product\/small\/s\/c\/schenkglassart_product_729566_260125224308_07039.webp"},{"id":"6093901","shop_id":"51613","user_id":"729566","shop_name":"schenkglassart","shop_zip":"1114","product_code":"5719877","product_name_old":null,"product_name":"ny\u00edl\u00f3 vir\u00e1g \u00fcvegfestm\u00e9ny","category_string":"M\u0171v\u00e9szet, Festm\u00e9ny, \u00dcvegfestm\u00e9ny","technic_string":"Fest\u00e9szet","category_1":"357","category_2":"358","category_3":"1325","category_4":"0","merged_category_1":null,"merged_category_2":null,"merged_category_3":null,"technic_1":"480","technic_2":"0","technic_3":"0","color_1":"512","color_2":"0","color_3":"0","product_description_old":null,"product_description":"Ez a k\u00e9p nagyon eleg\u00e1ns, luxus hat\u00e1s\u00fa \u00fcvegfestm\u00e9ny, igazi k\u00fcl\u00f6nleges darab. Arany kont\u00faros ny\u00edl\u00f3 vir\u00e1gos egyedi tervez\u00e9s\u0171 alkot\u00e1s. Eleg\u00e1ns, romantikus hangulat\u00fa dekor\u00e1ci\u00f3.\nGy\u00f6ny\u00f6r\u0171 ny\u00edl\u00f3 vir\u00e1g kompoz\u00edci\u00f3,  m\u00e9ly fekete h\u00e1tt\u00e9rrel, arany d\u00edsz\u00edt\u00e9ssel. Csillog\u00f3 \u00fcvegfestm\u00e9ny romantikus d\u00edsze lehet otthonodnak, nappalidnak, h\u00e1l\u00f3szob\u00e1dnak vagy aj\u00e1nd\u00e9kozd meg csal\u00e1dtagodat, szerelmedet, bar\u00e1todat. Feh\u00e9r keretben 24x30 cm azonnal felakaszthat\u00f3, igazi \u00e9kszerdarab a falon.\n\nMinden festm\u00e9nyem sz\u00edvb\u0151l-l\u00e9lekb\u0151l k\u00e9sz\u00fclt, hogy \u00f6r\u00f6m\u00f6t okozzak neked vagy szeretteidnek, \u00e9s hogy k\u00fcl\u00f6nlegess\u00e9 tegye a  hangulat\u00e1val minden napodat. \n","price":"12900.00","unit":"db","recommended":"0","status":"1","sponsored":"0","exp_notify":"0","own_material":"0","own_material_description_old":null,"own_material_description":"","jury":"0","jury_number":"","product_nature":"","meskaracsony":"0","create_date":"2026-01-25 22:42:37","shelve_id":"0","image":"schenkglassart_product_729566_260125223013_556318.jpeg","image_width":"480","image_height":"420","image_alt":"ny\u00edl\u00f3 vir\u00e1g \u00fcvegfestm\u00e9ny, Ez a k\u00e9p nagyon eleg\u00e1ns, luxus hat\u00e1s\u00fa \u00fcvegfestm\u00e9ny, igazi k\u00fcl\u00f6nleges darab. Arany kont\u00faros ny\u00edl\u00f3 vir..., Meska","image_title":"ny\u00edl\u00f3 vir\u00e1g \u00fcvegfestm\u00e9ny, Meska","view_count":"52","favourite_count":"0","trending_score":"0","last2MonthFavouriteCount":"0","promotion":"0","giftcard_accept":"0","creditcard_accept":true,"enhanced_background":"0","domain":"meska","specific_customer_id":null,"specific_customer_name":null,"to_order_product":"0","to_order_product_time":"0","product_different":null,"product_different_description":"","vintage":"0","vintage_category_id":"0","recycled":"0","gemstone_id":"0","customizable":"0","type_category":"physical","zerowaste":"0","postage_price":"1290.00","shop_order":"0","has_category":"1","landing_pages":null,"microdata":{"number":85,"category":""},"title":"ny\u00edl\u00f3 vir\u00e1g \u00fcvegfestm\u00e9ny","description":"Ez a k\u00e9p nagyon eleg\u00e1ns, luxus hat\u00e1s\u00fa \u00fcvegfestm\u00e9ny, igazi k\u00fcl\u00f6nleges darab. Arany kont\u00faros ny\u00edl\u00f3 vir\u00e1gos egyedi tervez\u00e9s\u0171 alkot\u00e1s. Eleg\u00e1ns, romantikus hangulat\u00fa dekor\u00e1ci\u00f3.\nGy\u00f6ny\u00f6r\u0171 ny\u00edl\u00f3 vir\u00e1g kompoz\u00edci\u00f3,  m\u00e9ly fekete h\u00e1tt\u00e9rrel, arany d\u00edsz\u00edt\u00e9ssel. Csillog\u00f3 \u00fcvegfestm\u00e9ny romantikus d\u00edsze lehet otthonodnak, nappalidnak, h\u00e1l\u00f3szob\u00e1dnak vagy aj\u00e1nd\u00e9kozd meg csal\u00e1dtagodat, szerelmedet, bar\u00e1todat. Feh\u00e9r keretben 24x30 cm azonnal felakaszthat\u00f3, igazi \u00e9kszerdarab a falon.\n\nMinden festm\u00e9nyem sz\u00edvb\u0151l-l\u00e9lekb\u0151l k\u00e9sz\u00fclt, hogy \u00f6r\u00f6m\u00f6t okozzak neked vagy szeretteidnek, \u00e9s hogy k\u00fcl\u00f6nlegess\u00e9 tegye a  hangulat\u00e1val minden napodat. \n","score":0,"formatted_price":"12 900 Ft","image_url":"https:\/\/www.meska.hu\/img\/product\/small\/s\/c\/schenkglassart_product_729566_260125223013_556318.jpeg","formatted_url":"https:\/\/www.meska.hu\/p5719877-nyilo-virag","favourite":false,"in_stock":true,"avatar":"729566_avatar_1774788640.jpeg","delete_from":0,"is_enhanced_background":false,"is_enhanced":false,"product_selection_started":false,"is_active":true,"image_webp_url":"https:\/\/www.meska.hu\/img\/product\/small\/s\/c\/schenkglassart_product_729566_260125223013_556318.webp"},{"id":"6093864","shop_id":"51613","user_id":"729566","shop_name":"schenkglassart","shop_zip":"1114","product_code":"5719851","product_name_old":null,"product_name":"\u00e9letfa \u00fcvegfestm\u00e9ny","category_string":"M\u0171v\u00e9szet, Festm\u00e9ny, \u00dcvegfestm\u00e9ny","technic_string":"Fest\u00e9szet","category_1":"357","category_2":"358","category_3":"1325","category_4":"0","merged_category_1":null,"merged_category_2":null,"merged_category_3":null,"technic_1":"480","technic_2":"0","technic_3":"0","color_1":"521","color_2":"568","color_3":"0","product_description_old":null,"product_description":"Csod\u00e1s csillog\u00f3 gy\u00f6ngy levelekkel \u00e9letfa! Az \u00e9letfa egyik leger\u0151sebb \u00e9s leg\u0151sibb szimb\u00f3lum, szinte minden kult\u00far\u00e1ban megjelenik. Jelent\u00e9se nagyon gazdag, kapcsolat \u00e9g \u00e9s f\u00f6ld k\u00f6z\u00f6tt. Az \u00e9let folyamatos alakul\u00e1s\u00e1t jelk\u00e9pezi: fejl\u0151d\u00e9s, n\u00f6veked\u00e9s, tanul\u00e1s, v\u00e1ltoz\u00e1s, kiteljesed\u00e9s...vidd a h\u00e1zadba mind ezt.\n\nPlexire \u00fcvegfest\u00e9kkel k\u00e9sz\u00fclt alkot\u00e1s A4 m\u00e9retben, kerettel.","price":"8000.00","unit":"db","recommended":"0","status":"1","sponsored":"0","exp_notify":"0","own_material":"0","own_material_description_old":null,"own_material_description":"","jury":"0","jury_number":"","product_nature":"","meskaracsony":"0","create_date":"2026-01-25 22:02:57","shelve_id":"0","image":"schenkglassart_product_729566_260125211226_142747.jpeg","image_width":"480","image_height":"683","image_alt":"\u00e9letfa \u00fcvegfestm\u00e9ny, Csod\u00e1s csillog\u00f3 gy\u00f6ngy levelekkel \u00e9letfa! Az \u00e9letfa egyik leger\u0151sebb \u00e9s leg\u0151sibb szimb\u00f3lum, szinte m..., Meska","image_title":"\u00e9letfa \u00fcvegfestm\u00e9ny, Meska","view_count":"79","favourite_count":"0","trending_score":"0","last2MonthFavouriteCount":"0","promotion":"0","giftcard_accept":"0","creditcard_accept":true,"enhanced_background":"0","domain":"meska","specific_customer_id":null,"specific_customer_name":null,"to_order_product":"0","to_order_product_time":"0","product_different":null,"product_different_description":"","vintage":"0","vintage_category_id":"0","recycled":"0","gemstone_id":"0","customizable":"0","type_category":"physical","zerowaste":"0","postage_price":"1290.00","shop_order":"0","has_category":"1","landing_pages":null,"microdata":{"number":86,"category":""},"title":"\u00e9letfa \u00fcvegfestm\u00e9ny","description":"Csod\u00e1s csillog\u00f3 gy\u00f6ngy levelekkel \u00e9letfa! Az \u00e9letfa egyik leger\u0151sebb \u00e9s leg\u0151sibb szimb\u00f3lum, szinte minden kult\u00far\u00e1ban megjelenik. Jelent\u00e9se nagyon gazdag, kapcsolat \u00e9g \u00e9s f\u00f6ld k\u00f6z\u00f6tt. Az \u00e9let folyamatos alakul\u00e1s\u00e1t jelk\u00e9pezi: fejl\u0151d\u00e9s, n\u00f6veked\u00e9s, tanul\u00e1s, v\u00e1ltoz\u00e1s, kiteljesed\u00e9s...vidd a h\u00e1zadba mind ezt.\n\nPlexire \u00fcvegfest\u00e9kkel k\u00e9sz\u00fclt alkot\u00e1s A4 m\u00e9retben, kerettel.","score":0,"formatted_price":"8 000 Ft","image_url":"https:\/\/www.meska.hu\/img\/product\/small\/s\/c\/schenkglassart_product_729566_260125211226_142747.jpeg","formatted_url":"https:\/\/www.meska.hu\/p5719851-eletfa","favourite":false,"in_stock":true,"avatar":"729566_avatar_1774788640.jpeg","delete_from":0,"is_enhanced_background":false,"is_enhanced":false,"product_selection_started":false,"is_active":true,"image_webp_url":"https:\/\/www.meska.hu\/img\/product\/small\/s\/c\/schenkglassart_product_729566_260125211226_142747.webp"},{"id":"6093766","shop_id":"51613","user_id":"729566","shop_name":"schenkglassart","shop_zip":"1114","product_code":"5719791","product_name_old":null,"product_name":"\u00e1llatok \u00fcvegfestm\u00e9ny","category_string":"M\u0171v\u00e9szet, Festm\u00e9ny, \u00dcvegfestm\u00e9ny","technic_string":"Fest\u00e9szet, Festett t\u00e1rgyak","category_1":"357","category_2":"358","category_3":"1325","category_4":"0","merged_category_1":null,"merged_category_2":null,"merged_category_3":null,"technic_1":"480","technic_2":"481","technic_3":"0","color_1":"512","color_2":"514","color_3":"515","product_description_old":null,"product_description":"K\u00fcl\u00f6nb\u00f6z\u0151 \u00e1llat mint\u00e1k 20 cm k\u00f6r plexire festve \u00fcvegfest\u00e9kkel. Gyermekszob\u00e1ba M\u0171v\u00e9sz plexire festve, \u00edgy biztons\u00e1gos v\u00e9letlen sem t\u00f6rik. \u00c1r 1 darabra \u00e9rtend\u0151","price":"6000.00","unit":"db","recommended":"0","status":"1","sponsored":"0","exp_notify":"0","own_material":"0","own_material_description_old":null,"own_material_description":"","jury":"0","jury_number":"","product_nature":"","meskaracsony":"0","create_date":"2026-01-25 20:21:48","shelve_id":"0","image":"schenkglassart_product_729566_260125201434_238455.jpeg","image_width":"480","image_height":"384","image_alt":"\u00e1llatok \u00fcvegfestm\u00e9ny, K\u00fcl\u00f6nb\u00f6z\u0151 \u00e1llat mint\u00e1k 20 cm k\u00f6r plexire festve \u00fcvegfest\u00e9kkel. Gyermekszob\u00e1ba M\u0171v\u00e9sz plexire festve,..., Meska","image_title":"\u00e1llatok \u00fcvegfestm\u00e9ny, Meska","view_count":"65","favourite_count":"0","trending_score":"0","last2MonthFavouriteCount":"0","promotion":"0","giftcard_accept":"0","creditcard_accept":true,"enhanced_background":"0","domain":"meska","specific_customer_id":null,"specific_customer_name":null,"to_order_product":"0","to_order_product_time":"0","product_different":null,"product_different_description":"","vintage":"0","vintage_category_id":"0","recycled":"0","gemstone_id":"0","customizable":"0","type_category":"physical","zerowaste":"0","postage_price":"1290.00","shop_order":"0","has_category":"1","landing_pages":null,"microdata":{"number":87,"category":""},"title":"\u00e1llatok \u00fcvegfestm\u00e9ny","description":"K\u00fcl\u00f6nb\u00f6z\u0151 \u00e1llat mint\u00e1k 20 cm k\u00f6r plexire festve \u00fcvegfest\u00e9kkel. Gyermekszob\u00e1ba M\u0171v\u00e9sz plexire festve, \u00edgy biztons\u00e1gos v\u00e9letlen sem t\u00f6rik. \u00c1r 1 darabra \u00e9rtend\u0151","score":0,"formatted_price":"6 000 Ft","image_url":"https:\/\/www.meska.hu\/img\/product\/small\/s\/c\/schenkglassart_product_729566_260125201434_238455.jpeg","formatted_url":"https:\/\/www.meska.hu\/p5719791-allatok","favourite":false,"in_stock":true,"avatar":"729566_avatar_1774788640.jpeg","delete_from":0,"is_enhanced_background":false,"is_enhanced":false,"product_selection_started":false,"is_active":true,"image_webp_url":"https:\/\/www.meska.hu\/img\/product\/small\/s\/c\/schenkglassart_product_729566_260125201434_238455.webp"},{"id":"6093739","shop_id":"51613","user_id":"729566","shop_name":"schenkglassart","shop_zip":"1114","product_code":"5719772","product_name_old":null,"product_name":"eserny\u0151s h\u00f6lgy \u00fcvegfestm\u00e9ny","category_string":"M\u0171v\u00e9szet, Festm\u00e9ny, \u00dcvegfestm\u00e9ny","technic_string":"Fest\u00e9szet, Festett t\u00e1rgyak","category_1":"357","category_2":"358","category_3":"1325","category_4":"0","merged_category_1":null,"merged_category_2":null,"merged_category_3":null,"technic_1":"480","technic_2":"481","technic_3":"0","color_1":"521","color_2":"568","color_3":"529","product_description_old":null,"product_description":"N\u00e9zz k\u00f6r\u00fcl n\u00e1lam minden \u00fcvegfestm\u00e9nyem egyedi, k\u00e9zzel k\u00e9sz\u00fclt.  Saj\u00e1t tervez\u00e9s\u0171 egyedi festm\u00e9ny.  Minden festm\u00e9nyem sz\u00edvvel-l\u00e9lekkel k\u00e9sz\u00fclt, k\u00fcl\u00f6nleges var\u00e1zslatos sz\u00ednekkel, ami csod\u00e1latosan csillog. \nAz eserny\u0151s h\u00f6lgy is egyedi tervez\u00e9s\u0171, az \u0151sz hangulat\u00e1t sug\u00e1rozza.\nA4 m\u00e9ret keretben  \u00fcvegfest\u00e9kkel k\u00e9sz\u00fclt festm\u00e9ny. Nagyszer\u0171 aj\u00e1nd\u00e9k h\u00f6lgyeknek n\u00e9vnapra stb...\nPlexire festve, \u00edgy v\u00e9letlen sem t\u00f6rik el. Ugyanolyan hat\u00e1s mintha \u00fcvegre lenne festve.\nM\u00e1s sz\u00ednben is megtudom festeni. \n","price":"8000.00","unit":"db","recommended":"0","status":"1","sponsored":"0","exp_notify":"0","own_material":"0","own_material_description_old":null,"own_material_description":"","jury":"0","jury_number":"","product_nature":"","meskaracsony":"0","create_date":"2026-01-25 20:03:22","shelve_id":"0","image":"schenkglassart_product_729566_260125193831_852654.jpeg","image_width":"480","image_height":"670","image_alt":"eserny\u0151s h\u00f6lgy \u00fcvegfestm\u00e9ny, N\u00e9zz k\u00f6r\u00fcl n\u00e1lam minden \u00fcvegfestm\u00e9nyem egyedi, k\u00e9zzel k\u00e9sz\u00fclt.  Saj\u00e1t tervez\u00e9s\u0171 egyedi festm\u00e9ny.  Mi..., Meska","image_title":"eserny\u0151s h\u00f6lgy \u00fcvegfestm\u00e9ny, Meska","view_count":"60","favourite_count":"0","trending_score":"0","last2MonthFavouriteCount":"0","promotion":"0","giftcard_accept":"0","creditcard_accept":true,"enhanced_background":"0","domain":"meska","specific_customer_id":null,"specific_customer_name":null,"to_order_product":"0","to_order_product_time":"0","product_different":null,"product_different_description":"","vintage":"0","vintage_category_id":"0","recycled":"0","gemstone_id":"0","customizable":"0","type_category":"physical","zerowaste":"0","postage_price":"1290.00","shop_order":"0","has_category":"1","landing_pages":null,"microdata":{"number":88,"category":""},"title":"eserny\u0151s h\u00f6lgy \u00fcvegfestm\u00e9ny","description":"N\u00e9zz k\u00f6r\u00fcl n\u00e1lam minden \u00fcvegfestm\u00e9nyem egyedi, k\u00e9zzel k\u00e9sz\u00fclt.  Saj\u00e1t tervez\u00e9s\u0171 egyedi festm\u00e9ny.  Minden festm\u00e9nyem sz\u00edvvel-l\u00e9lekkel k\u00e9sz\u00fclt, k\u00fcl\u00f6nleges var\u00e1zslatos sz\u00ednekkel, ami csod\u00e1latosan csillog. \nAz eserny\u0151s h\u00f6lgy is egyedi tervez\u00e9s\u0171, az \u0151sz hangulat\u00e1t sug\u00e1rozza.\nA4 m\u00e9ret keretben  \u00fcvegfest\u00e9kkel k\u00e9sz\u00fclt festm\u00e9ny. Nagyszer\u0171 aj\u00e1nd\u00e9k h\u00f6lgyeknek n\u00e9vnapra stb...\nPlexire festve, \u00edgy v\u00e9letlen sem t\u00f6rik el. Ugyanolyan hat\u00e1s mintha \u00fcvegre lenne festve.\nM\u00e1s sz\u00ednben is megtudom festeni. \n","score":0,"formatted_price":"8 000 Ft","image_url":"https:\/\/www.meska.hu\/img\/product\/small\/s\/c\/schenkglassart_product_729566_260125193831_852654.jpeg","formatted_url":"https:\/\/www.meska.hu\/p5719772-esernyos-holgy","favourite":false,"in_stock":true,"avatar":"729566_avatar_1774788640.jpeg","delete_from":0,"is_enhanced_background":false,"is_enhanced":false,"product_selection_started":false,"is_active":true,"image_webp_url":"https:\/\/www.meska.hu\/img\/product\/small\/s\/c\/schenkglassart_product_729566_260125193831_852654.webp"},{"id":"6093714","shop_id":"51613","user_id":"729566","shop_name":"schenkglassart","shop_zip":"1114","product_code":"5719758","product_name_old":null,"product_name":"Lila cica \u00fcvegfestm\u00e9ny","category_string":"M\u0171v\u00e9szet, Festm\u00e9ny, \u00dcvegfestm\u00e9ny","technic_string":"Fest\u00e9szet, Festett t\u00e1rgyak","category_1":"357","category_2":"358","category_3":"1325","category_4":"0","merged_category_1":null,"merged_category_2":null,"merged_category_3":null,"technic_1":"480","technic_2":"481","technic_3":"0","color_1":"519","color_2":"522","color_3":"0","product_description_old":null,"product_description":"N\u00e9zz k\u00f6r\u00fcl n\u00e1lam minden \u00fcvegfestm\u00e9nyem egyedi, k\u00e9zzel k\u00e9sz\u00fclt.  Minden festm\u00e9nyem sz\u00edvvel-l\u00e9lekkel k\u00e9sz\u00fclt, k\u00fcl\u00f6nleges var\u00e1zslatos sz\u00ednekkel, ami csod\u00e1latosan csillog. Hangulatot teremtenek gyermekszob\u00e1ba, otthonodban vagy ak\u00e1r irod\u00e1dban, ha kedveled a cic\u00e1kat. Egyedi, nagyszer\u0171 aj\u00e1nd\u00e9k\n\n A lila cica fant\u00e1zia festm\u00e9ny A4 m\u00e9retben plexire festve, \u00edgy nem t\u00f6rik el, biztons\u00e1gos gyermekszob\u00e1ba. Nagyszer\u0171 aj\u00e1nd\u00e9k gyermekeknek vagy kis kedvenc cica kedvel\u0151knek. K\u00e9pkerettel egy\u00fctt sz\u00e1ll\u00edtom. K\u00e9szleten. M\u00e1s sz\u00ednben is megtudom festeni.","price":"9500.00","unit":"db","recommended":"0","status":"1","sponsored":"0","exp_notify":"0","own_material":"0","own_material_description_old":null,"own_material_description":"","jury":"0","jury_number":"","product_nature":"","meskaracsony":"0","create_date":"2026-01-25 19:36:37","shelve_id":"0","image":"schenkglassart_product_729566_260125193055_086587.jpeg","image_width":"480","image_height":"667","image_alt":"Lila cica \u00fcvegfestm\u00e9ny, N\u00e9zz k\u00f6r\u00fcl n\u00e1lam minden \u00fcvegfestm\u00e9nyem egyedi, k\u00e9zzel k\u00e9sz\u00fclt.  Minden festm\u00e9nyem sz\u00edvvel-l\u00e9lekkel k..., Meska","image_title":"Lila cica \u00fcvegfestm\u00e9ny, Meska","view_count":"72","favourite_count":"0","trending_score":"0","last2MonthFavouriteCount":"0","promotion":"0","giftcard_accept":"0","creditcard_accept":true,"enhanced_background":"0","domain":"meska","specific_customer_id":null,"specific_customer_name":null,"to_order_product":"0","to_order_product_time":"0","product_different":null,"product_different_description":"","vintage":"0","vintage_category_id":"0","recycled":"0","gemstone_id":"0","customizable":"0","type_category":"physical","zerowaste":"0","postage_price":"1290.00","shop_order":"0","has_category":"1","landing_pages":null,"microdata":{"number":89,"category":""},"title":"Lila cica \u00fcvegfestm\u00e9ny","description":"N\u00e9zz k\u00f6r\u00fcl n\u00e1lam minden \u00fcvegfestm\u00e9nyem egyedi, k\u00e9zzel k\u00e9sz\u00fclt.  Minden festm\u00e9nyem sz\u00edvvel-l\u00e9lekkel k\u00e9sz\u00fclt, k\u00fcl\u00f6nleges var\u00e1zslatos sz\u00ednekkel, ami csod\u00e1latosan csillog. Hangulatot teremtenek gyermekszob\u00e1ba, otthonodban vagy ak\u00e1r irod\u00e1dban, ha kedveled a cic\u00e1kat. Egyedi, nagyszer\u0171 aj\u00e1nd\u00e9k\n\n A lila cica fant\u00e1zia festm\u00e9ny A4 m\u00e9retben plexire festve, \u00edgy nem t\u00f6rik el, biztons\u00e1gos gyermekszob\u00e1ba. Nagyszer\u0171 aj\u00e1nd\u00e9k gyermekeknek vagy kis kedvenc cica kedvel\u0151knek. K\u00e9pkerettel egy\u00fctt sz\u00e1ll\u00edtom. K\u00e9szleten. M\u00e1s sz\u00ednben is megtudom festeni.","score":0,"formatted_price":"9 500 Ft","image_url":"https:\/\/www.meska.hu\/img\/product\/small\/s\/c\/schenkglassart_product_729566_260125193055_086587.jpeg","formatted_url":"https:\/\/www.meska.hu\/p5719758-lila-cica","favourite":false,"in_stock":true,"avatar":"729566_avatar_1774788640.jpeg","delete_from":0,"is_enhanced_background":false,"is_enhanced":false,"product_selection_started":false,"is_active":true,"image_webp_url":"https:\/\/www.meska.hu\/img\/product\/small\/s\/c\/schenkglassart_product_729566_260125193055_086587.webp"},{"id":"6093705","shop_id":"51613","user_id":"729566","shop_name":"schenkglassart","shop_zip":"1114","product_code":"5719751","product_name_old":null,"product_name":"sz\u00ednes cica \u00fcvegfestm\u00e9ny","category_string":"M\u0171v\u00e9szet, Festm\u00e9ny, \u00dcvegfestm\u00e9ny","technic_string":"Fest\u00e9szet, \u00dcvegm\u0171v\u00e9szet","category_1":"357","category_2":"358","category_3":"1325","category_4":"0","merged_category_1":null,"merged_category_2":null,"merged_category_3":null,"technic_1":"480","technic_2":"505","technic_3":"0","color_1":"519","color_2":"521","color_3":"523","product_description_old":null,"product_description":"Modern, expressz\u00edv cicaportr\u00e9- er\u0151teljes sz\u00ednvil\u00e1g, lend\u00fcletes ecsetkezel\u00e9ssel k\u00e9sz\u00fclt. A sz\u00ednes cica \u00fcvegfestm\u00e9ny nagyon l\u00e1tv\u00e1nyos, modern, sz\u00ednt \u00e9s k\u00fcl\u00f6nleges hangulatot visz otthonodba. \nIgazi f\u00f3kuszpont nappaliba, dolgoz\u00f3szob\u00e1ba vagy aj\u00e1nd\u00e9knak is adhat\u00f3 kis kedvenc im\u00e1d\u00f3knak. K\u00e9zzel k\u00e9sz\u00edtett alkot\u00e1s, kont\u00far n\u00e9lk\u00fcl, \u00e9l\u00e9nk sz\u00ednekkel \u00e9s s\u00f6t\u00e9t h\u00e1tt\u00e9rrel, ami kiemeli a cic\u00e1t. \n30x40 \u00fcvegfestm\u00e9ny keretben, azonnal falra akaszthat\u00f3. M\u0171v\u00e9sz plexire van festve, \u00edgy v\u00e9letlen sem t\u00f6rik el.","price":"49900.00","unit":"db","recommended":"0","status":"1","sponsored":"0","exp_notify":"0","own_material":"0","own_material_description_old":null,"own_material_description":"","jury":"0","jury_number":"","product_nature":"","meskaracsony":"0","create_date":"2026-01-25 19:30:02","shelve_id":"0","image":"schenkglassart_product_729566_260125191934_167182.jpeg","image_width":"480","image_height":"625","image_alt":"sz\u00ednes cica \u00fcvegfestm\u00e9ny, Modern, expressz\u00edv cicaportr\u00e9- er\u0151teljes sz\u00ednvil\u00e1g, lend\u00fcletes ecsetkezel\u00e9ssel k\u00e9sz\u00fclt. A sz\u00ednes cic..., Meska","image_title":"sz\u00ednes cica \u00fcvegfestm\u00e9ny, Meska","view_count":"71","favourite_count":"1","trending_score":"0","last2MonthFavouriteCount":"1","promotion":"0","giftcard_accept":"0","creditcard_accept":true,"enhanced_background":"0","domain":"meska","specific_customer_id":null,"specific_customer_name":null,"to_order_product":"0","to_order_product_time":"0","product_different":null,"product_different_description":"","vintage":"0","vintage_category_id":"0","recycled":"0","gemstone_id":"0","customizable":"0","type_category":"physical","zerowaste":"0","postage_price":"1290.00","shop_order":"0","has_category":"1","landing_pages":null,"microdata":{"number":90,"category":""},"title":"sz\u00ednes cica \u00fcvegfestm\u00e9ny","description":"Modern, expressz\u00edv cicaportr\u00e9- er\u0151teljes sz\u00ednvil\u00e1g, lend\u00fcletes ecsetkezel\u00e9ssel k\u00e9sz\u00fclt. A sz\u00ednes cica \u00fcvegfestm\u00e9ny nagyon l\u00e1tv\u00e1nyos, modern, sz\u00ednt \u00e9s k\u00fcl\u00f6nleges hangulatot visz otthonodba. \nIgazi f\u00f3kuszpont nappaliba, dolgoz\u00f3szob\u00e1ba vagy aj\u00e1nd\u00e9knak is adhat\u00f3 kis kedvenc im\u00e1d\u00f3knak. K\u00e9zzel k\u00e9sz\u00edtett alkot\u00e1s, kont\u00far n\u00e9lk\u00fcl, \u00e9l\u00e9nk sz\u00ednekkel \u00e9s s\u00f6t\u00e9t h\u00e1tt\u00e9rrel, ami kiemeli a cic\u00e1t. \n30x40 \u00fcvegfestm\u00e9ny keretben, azonnal falra akaszthat\u00f3. M\u0171v\u00e9sz plexire van festve, \u00edgy v\u00e9letlen sem t\u00f6rik el.","score":0,"formatted_price":"49 900 Ft","image_url":"https:\/\/www.meska.hu\/img\/product\/small\/s\/c\/schenkglassart_product_729566_260125191934_167182.jpeg","formatted_url":"https:\/\/www.meska.hu\/p5719751-szines-cica","favourite":false,"in_stock":true,"avatar":"729566_avatar_1774788640.jpeg","delete_from":0,"is_enhanced_background":false,"is_enhanced":false,"product_selection_started":false,"is_active":true,"image_webp_url":"https:\/\/www.meska.hu\/img\/product\/small\/s\/c\/schenkglassart_product_729566_260125191934_167182.webp"},{"id":"5876035","shop_id":"18969","user_id":"148022","shop_name":"Nerika81","shop_zip":"8761","product_code":"5596699","product_name_old":null,"product_name":"Tavasz, ny\u00e1r, \u0151sz, t\u00e9l \u00fcvegfestm\u00e9ny","category_string":"M\u0171v\u00e9szet, Festm\u00e9ny, \u00dcvegfestm\u00e9ny","technic_string":"\u00dcvegm\u0171v\u00e9szet","category_1":"357","category_2":"358","category_3":"1325","category_4":"0","merged_category_1":null,"merged_category_2":null,"merged_category_3":null,"technic_1":"505","technic_2":"0","technic_3":"0","color_1":"514","color_2":"534","color_3":"529","product_description_old":null,"product_description":"Fedezd fel egyedi, k\u00e9zzel k\u00e9sz\u00fclt \u00fcvegfestm\u00e9nyeim vil\u00e1g\u00e1t! Minden darab sz\u00edvvel-l\u00e9lekkel k\u00e9sz\u00fclt, k\u00fcl\u00f6nleges sz\u00ednekkel \u00e9s mint\u00e1kkal, amelyek var\u00e1zslatos hangulatot teremtenek otthonodban vagy irod\u00e1dban. Egyedi tervez\u00e9s\u0171, k\u00e9zm\u0171ves alkot\u00e1saim t\u00f6k\u00e9letes aj\u00e1nd\u00e9kok lehetnek szeretteidnek, vagy k\u00fcl\u00f6nlegess\u00e9 tehetik a saj\u00e1t terek hangulat\u00e1t. Nincs k\u00e9t ugyanolyan \u00fcvegfestm\u00e9ny, minden darab egyedi. Var\u00e1zsold el otthonodat egy csod\u00e1latos, k\u00e9zzel k\u00e9sz\u00fclt alkot\u00e1ssal! \nM\u00e9rete: 15*20 cm\nAz \u00e1r a n\u00e9gy k\u00e9pre egy\u00fctt vonatkozik","price":"20000.00","unit":"db","recommended":"0","status":"1","sponsored":"0","exp_notify":"0","own_material":"0","own_material_description_old":null,"own_material_description":"","jury":"0","jury_number":"","product_nature":"","meskaracsony":"0","create_date":"2026-01-25 13:38:43","shelve_id":"0","image":"nerika81_product_148022_250801163841_750890.jpeg","image_width":"480","image_height":"600","image_alt":"Tavasz, ny\u00e1r, \u0151sz, t\u00e9l \u00fcvegfestm\u00e9ny, Fedezd fel egyedi, k\u00e9zzel k\u00e9sz\u00fclt \u00fcvegfestm\u00e9nyeim vil\u00e1g\u00e1t! Minden darab sz\u00edvvel-l\u00e9lekkel k\u00e9sz\u00fclt, k\u00fc..., Meska","image_title":"Tavasz, ny\u00e1r, \u0151sz, t\u00e9l \u00fcvegfestm\u00e9ny, Meska","view_count":"159","favourite_count":"0","trending_score":"0","last2MonthFavouriteCount":"0","promotion":"0","giftcard_accept":"0","creditcard_accept":false,"enhanced_background":"0","domain":"meska","specific_customer_id":null,"specific_customer_name":null,"to_order_product":"0","to_order_product_time":"0","product_different":null,"product_different_description":"","vintage":"0","vintage_category_id":"0","recycled":"0","gemstone_id":"0","customizable":"0","type_category":"physical","zerowaste":"0","postage_price":"1290.00","shop_order":"0","has_category":"1","landing_pages":null,"microdata":{"number":91,"category":""},"title":"Tavasz, ny\u00e1r, \u0151sz, t\u00e9l \u00fcvegfestm\u00e9ny","description":"Fedezd fel egyedi, k\u00e9zzel k\u00e9sz\u00fclt \u00fcvegfestm\u00e9nyeim vil\u00e1g\u00e1t! Minden darab sz\u00edvvel-l\u00e9lekkel k\u00e9sz\u00fclt, k\u00fcl\u00f6nleges sz\u00ednekkel \u00e9s mint\u00e1kkal, amelyek var\u00e1zslatos hangulatot teremtenek otthonodban vagy irod\u00e1dban. Egyedi tervez\u00e9s\u0171, k\u00e9zm\u0171ves alkot\u00e1saim t\u00f6k\u00e9letes aj\u00e1nd\u00e9kok lehetnek szeretteidnek, vagy k\u00fcl\u00f6nlegess\u00e9 tehetik a saj\u00e1t terek hangulat\u00e1t. Nincs k\u00e9t ugyanolyan \u00fcvegfestm\u00e9ny, minden darab egyedi. Var\u00e1zsold el otthonodat egy csod\u00e1latos, k\u00e9zzel k\u00e9sz\u00fclt alkot\u00e1ssal! \nM\u00e9rete: 15*20 cm\nAz \u00e1r a n\u00e9gy k\u00e9pre egy\u00fctt vonatkozik","score":0,"formatted_price":"20 000 Ft","image_url":"https:\/\/www.meska.hu\/img\/product\/small\/n\/e\/nerika81_product_148022_250801163841_750890.jpeg","formatted_url":"https:\/\/www.meska.hu\/p5596699-tavasz-nyar-osz-tel-uvegfestmeny","favourite":false,"in_stock":true,"avatar":"Nerika81_avatar_148022.jpg","delete_from":0,"is_enhanced_background":false,"is_enhanced":false,"product_selection_started":false,"is_active":true,"image_webp_url":"https:\/\/www.meska.hu\/img\/product\/small\/n\/e\/nerika81_product_148022_250801163841_750890.webp"},{"id":"5876584","shop_id":"18969","user_id":"148022","shop_name":"Nerika81","shop_zip":"8761","product_code":"5597186","product_name_old":null,"product_name":"Var\u00e1zsfa \u00fcvegfestm\u00e9ny ","category_string":"M\u0171v\u00e9szet, Festm\u00e9ny, \u00dcvegfestm\u00e9ny","technic_string":"","category_1":"357","category_2":"358","category_3":"1325","category_4":"0","merged_category_1":null,"merged_category_2":null,"merged_category_3":null,"technic_1":"0","technic_2":"0","technic_3":"0","color_1":"514","color_2":"791","color_3":"0","product_description_old":null,"product_description":"Fedezd fel egyedi, k\u00e9zzel k\u00e9sz\u00fclt \u00fcvegfestm\u00e9nyeim vil\u00e1g\u00e1t! Minden darab sz\u00edvvel-l\u00e9lekkel k\u00e9sz\u00fclt, k\u00fcl\u00f6nleges sz\u00ednekkel \u00e9s mint\u00e1kkal, amelyek var\u00e1zslatos hangulatot teremtenek otthonodban vagy irod\u00e1dban. Egyedi tervez\u00e9s\u0171, k\u00e9zm\u0171ves alkot\u00e1saim t\u00f6k\u00e9letes aj\u00e1nd\u00e9kok lehetnek szeretteidnek, vagy k\u00fcl\u00f6nlegess\u00e9 tehetik a saj\u00e1t terek hangulat\u00e1t. Nincs k\u00e9t ugyanolyan \u00fcvegfestm\u00e9ny, minden darab egyedi. Var\u00e1zsold el otthonodat egy csod\u00e1latos, k\u00e9zzel k\u00e9sz\u00fclt alkot\u00e1ssal! \n15*20 cm","price":"5000.00","unit":"db","recommended":"0","status":"1","sponsored":"0","exp_notify":"0","own_material":"0","own_material_description_old":null,"own_material_description":"","jury":"0","jury_number":"","product_nature":"","meskaracsony":"0","create_date":"2026-01-25 13:38:39","shelve_id":"0","image":"nerika81_product_148022_250801212137_367963.jpeg","image_width":"480","image_height":"641","image_alt":"Var\u00e1zsfa \u00fcvegfestm\u00e9ny , Fedezd fel egyedi, k\u00e9zzel k\u00e9sz\u00fclt \u00fcvegfestm\u00e9nyeim vil\u00e1g\u00e1t! Minden darab sz\u00edvvel-l\u00e9lekkel k\u00e9sz\u00fclt, k\u00fc..., Meska","image_title":"Var\u00e1zsfa \u00fcvegfestm\u00e9ny , Meska","view_count":"111","favourite_count":"0","trending_score":"0","last2MonthFavouriteCount":"0","promotion":"0","giftcard_accept":"0","creditcard_accept":false,"enhanced_background":"0","domain":"meska","specific_customer_id":null,"specific_customer_name":null,"to_order_product":"0","to_order_product_time":"0","product_different":null,"product_different_description":"","vintage":"0","vintage_category_id":"0","recycled":"0","gemstone_id":"0","customizable":"0","type_category":"physical","zerowaste":"0","postage_price":"1290.00","shop_order":"0","has_category":"1","landing_pages":null,"microdata":{"number":92,"category":""},"title":"Var\u00e1zsfa \u00fcvegfestm\u00e9ny ","description":"Fedezd fel egyedi, k\u00e9zzel k\u00e9sz\u00fclt \u00fcvegfestm\u00e9nyeim vil\u00e1g\u00e1t! Minden darab sz\u00edvvel-l\u00e9lekkel k\u00e9sz\u00fclt, k\u00fcl\u00f6nleges sz\u00ednekkel \u00e9s mint\u00e1kkal, amelyek var\u00e1zslatos hangulatot teremtenek otthonodban vagy irod\u00e1dban. Egyedi tervez\u00e9s\u0171, k\u00e9zm\u0171ves alkot\u00e1saim t\u00f6k\u00e9letes aj\u00e1nd\u00e9kok lehetnek szeretteidnek, vagy k\u00fcl\u00f6nlegess\u00e9 tehetik a saj\u00e1t terek hangulat\u00e1t. Nincs k\u00e9t ugyanolyan \u00fcvegfestm\u00e9ny, minden darab egyedi. Var\u00e1zsold el otthonodat egy csod\u00e1latos, k\u00e9zzel k\u00e9sz\u00fclt alkot\u00e1ssal! \n15*20 cm","score":0,"formatted_price":"5 000 Ft","image_url":"https:\/\/www.meska.hu\/img\/product\/small\/n\/e\/nerika81_product_148022_250801212137_367963.jpeg","formatted_url":"https:\/\/www.meska.hu\/p5597186-varazsfa-uvegfestmeny","favourite":false,"in_stock":true,"avatar":"Nerika81_avatar_148022.jpg","delete_from":0,"is_enhanced_background":false,"is_enhanced":false,"product_selection_started":false,"is_active":true,"image_webp_url":"https:\/\/www.meska.hu\/img\/product\/small\/n\/e\/nerika81_product_148022_250801212137_367963.webp"},{"id":"5876595","shop_id":"18969","user_id":"148022","shop_name":"Nerika81","shop_zip":"8761","product_code":"5597195","product_name_old":null,"product_name":"\u0150szi fa \u00fcvegfestm\u00e9ny ","category_string":"M\u0171v\u00e9szet, Festm\u00e9ny, \u00dcvegfestm\u00e9ny","technic_string":"","category_1":"357","category_2":"358","category_3":"1325","category_4":"0","merged_category_1":null,"merged_category_2":null,"merged_category_3":null,"technic_1":"0","technic_2":"0","technic_3":"0","color_1":"514","color_2":"0","color_3":"0","product_description_old":null,"product_description":"Fedezd fel egyedi, k\u00e9zzel k\u00e9sz\u00fclt \u00fcvegfestm\u00e9nyeim vil\u00e1g\u00e1t! Minden darab sz\u00edvvel-l\u00e9lekkel k\u00e9sz\u00fclt, k\u00fcl\u00f6nleges sz\u00ednekkel \u00e9s mint\u00e1kkal, amelyek var\u00e1zslatos hangulatot teremtenek otthonodban vagy irod\u00e1dban. Egyedi tervez\u00e9s\u0171, k\u00e9zm\u0171ves alkot\u00e1saim t\u00f6k\u00e9letes aj\u00e1nd\u00e9kok lehetnek szeretteidnek, vagy k\u00fcl\u00f6nlegess\u00e9 tehetik a saj\u00e1t terek hangulat\u00e1t. Nincs k\u00e9t ugyanolyan \u00fcvegfestm\u00e9ny, minden darab egyedi. Var\u00e1zsold el otthonodat egy csod\u00e1latos, k\u00e9zzel k\u00e9sz\u00fclt alkot\u00e1ssal! \n15*20 cm","price":"5000.00","unit":"db","recommended":"0","status":"1","sponsored":"0","exp_notify":"0","own_material":"0","own_material_description_old":null,"own_material_description":"","jury":"0","jury_number":"","product_nature":"","meskaracsony":"0","create_date":"2026-01-25 13:38:37","shelve_id":"0","image":"nerika81_product_148022_250801213325_518245.jpeg","image_width":"480","image_height":"641","image_alt":"\u0150szi fa \u00fcvegfestm\u00e9ny , Fedezd fel egyedi, k\u00e9zzel k\u00e9sz\u00fclt \u00fcvegfestm\u00e9nyeim vil\u00e1g\u00e1t! Minden darab sz\u00edvvel-l\u00e9lekkel k\u00e9sz\u00fclt, k\u00fc..., Meska","image_title":"\u0150szi fa \u00fcvegfestm\u00e9ny , Meska","view_count":"159","favourite_count":"0","trending_score":"0","last2MonthFavouriteCount":"0","promotion":"0","giftcard_accept":"0","creditcard_accept":false,"enhanced_background":"0","domain":"meska","specific_customer_id":null,"specific_customer_name":null,"to_order_product":"0","to_order_product_time":"0","product_different":null,"product_different_description":"","vintage":"0","vintage_category_id":"0","recycled":"0","gemstone_id":"0","customizable":"0","type_category":"physical","zerowaste":"0","postage_price":"1290.00","shop_order":"0","has_category":"1","landing_pages":null,"microdata":{"number":93,"category":""},"title":"\u0150szi fa \u00fcvegfestm\u00e9ny ","description":"Fedezd fel egyedi, k\u00e9zzel k\u00e9sz\u00fclt \u00fcvegfestm\u00e9nyeim vil\u00e1g\u00e1t! Minden darab sz\u00edvvel-l\u00e9lekkel k\u00e9sz\u00fclt, k\u00fcl\u00f6nleges sz\u00ednekkel \u00e9s mint\u00e1kkal, amelyek var\u00e1zslatos hangulatot teremtenek otthonodban vagy irod\u00e1dban. Egyedi tervez\u00e9s\u0171, k\u00e9zm\u0171ves alkot\u00e1saim t\u00f6k\u00e9letes aj\u00e1nd\u00e9kok lehetnek szeretteidnek, vagy k\u00fcl\u00f6nlegess\u00e9 tehetik a saj\u00e1t terek hangulat\u00e1t. Nincs k\u00e9t ugyanolyan \u00fcvegfestm\u00e9ny, minden darab egyedi. Var\u00e1zsold el otthonodat egy csod\u00e1latos, k\u00e9zzel k\u00e9sz\u00fclt alkot\u00e1ssal! \n15*20 cm","score":0,"formatted_price":"5 000 Ft","image_url":"https:\/\/www.meska.hu\/img\/product\/small\/n\/e\/nerika81_product_148022_250801213325_518245.jpeg","formatted_url":"https:\/\/www.meska.hu\/p5597195-oszi-fa-uvegfestmeny","favourite":false,"in_stock":true,"avatar":"Nerika81_avatar_148022.jpg","delete_from":0,"is_enhanced_background":false,"is_enhanced":false,"product_selection_started":false,"is_active":true,"image_webp_url":"https:\/\/www.meska.hu\/img\/product\/small\/n\/e\/nerika81_product_148022_250801213325_518245.webp"},{"id":"5877982","shop_id":"18969","user_id":"148022","shop_name":"Nerika81","shop_zip":"8761","product_code":"5598403","product_name_old":null,"product_name":"Mesefa \u00fcvegfestm\u00e9ny ","category_string":"M\u0171v\u00e9szet, Festm\u00e9ny, \u00dcvegfestm\u00e9ny","technic_string":"","category_1":"357","category_2":"358","category_3":"1325","category_4":"0","merged_category_1":null,"merged_category_2":null,"merged_category_3":null,"technic_1":"0","technic_2":"0","technic_3":"0","color_1":"514","color_2":"526","color_3":"529","product_description_old":null,"product_description":"Fedezd fel egyedi, k\u00e9zzel k\u00e9sz\u00fclt \u00fcvegfestm\u00e9nyeim vil\u00e1g\u00e1t! Minden darab sz\u00edvvel-l\u00e9lekkel k\u00e9sz\u00fclt, k\u00fcl\u00f6nleges sz\u00ednekkel \u00e9s mint\u00e1kkal, amelyek var\u00e1zslatos hangulatot teremtenek otthonodban vagy irod\u00e1dban. Egyedi tervez\u00e9s\u0171, k\u00e9zm\u0171ves alkot\u00e1saim t\u00f6k\u00e9letes aj\u00e1nd\u00e9kok lehetnek szeretteidnek, vagy k\u00fcl\u00f6nlegess\u00e9 tehetik a saj\u00e1t terek hangulat\u00e1t. Nincs k\u00e9t ugyanolyan \u00fcvegfestm\u00e9ny, minden darab egyedi. Var\u00e1zsold el otthonodat egy csod\u00e1latos, k\u00e9zzel k\u00e9sz\u00fclt alkot\u00e1ssal!\nM\u00e9rete: 18x13 cm","price":"5000.00","unit":"db","recommended":"0","status":"1","sponsored":"0","exp_notify":"0","own_material":"0","own_material_description_old":null,"own_material_description":"","jury":"0","jury_number":"","product_nature":"","meskaracsony":"0","create_date":"2026-01-25 13:38:28","shelve_id":"0","image":"nerika81_product_148022_250802152445_189716.jpeg","image_width":"480","image_height":"641","image_alt":"Mesefa \u00fcvegfestm\u00e9ny , Fedezd fel egyedi, k\u00e9zzel k\u00e9sz\u00fclt \u00fcvegfestm\u00e9nyeim vil\u00e1g\u00e1t! Minden darab sz\u00edvvel-l\u00e9lekkel k\u00e9sz\u00fclt, k\u00fc..., Meska","image_title":"Mesefa \u00fcvegfestm\u00e9ny , Meska","view_count":"152","favourite_count":"0","trending_score":"0","last2MonthFavouriteCount":"0","promotion":"0","giftcard_accept":"0","creditcard_accept":false,"enhanced_background":"0","domain":"meska","specific_customer_id":null,"specific_customer_name":null,"to_order_product":"0","to_order_product_time":"0","product_different":null,"product_different_description":"","vintage":"0","vintage_category_id":"0","recycled":"0","gemstone_id":"0","customizable":"0","type_category":"physical","zerowaste":"0","postage_price":"1290.00","shop_order":"0","has_category":"1","landing_pages":null,"microdata":{"number":94,"category":""},"title":"Mesefa \u00fcvegfestm\u00e9ny ","description":"Fedezd fel egyedi, k\u00e9zzel k\u00e9sz\u00fclt \u00fcvegfestm\u00e9nyeim vil\u00e1g\u00e1t! Minden darab sz\u00edvvel-l\u00e9lekkel k\u00e9sz\u00fclt, k\u00fcl\u00f6nleges sz\u00ednekkel \u00e9s mint\u00e1kkal, amelyek var\u00e1zslatos hangulatot teremtenek otthonodban vagy irod\u00e1dban. Egyedi tervez\u00e9s\u0171, k\u00e9zm\u0171ves alkot\u00e1saim t\u00f6k\u00e9letes aj\u00e1nd\u00e9kok lehetnek szeretteidnek, vagy k\u00fcl\u00f6nlegess\u00e9 tehetik a saj\u00e1t terek hangulat\u00e1t. Nincs k\u00e9t ugyanolyan \u00fcvegfestm\u00e9ny, minden darab egyedi. Var\u00e1zsold el otthonodat egy csod\u00e1latos, k\u00e9zzel k\u00e9sz\u00fclt alkot\u00e1ssal!\nM\u00e9rete: 18x13 cm","score":0,"formatted_price":"5 000 Ft","image_url":"https:\/\/www.meska.hu\/img\/product\/small\/n\/e\/nerika81_product_148022_250802152445_189716.jpeg","formatted_url":"https:\/\/www.meska.hu\/p5598403-mesefa-uvegfestmeny","favourite":false,"in_stock":true,"avatar":"Nerika81_avatar_148022.jpg","delete_from":0,"is_enhanced_background":false,"is_enhanced":false,"product_selection_started":false,"is_active":true,"image_webp_url":"https:\/\/www.meska.hu\/img\/product\/small\/n\/e\/nerika81_product_148022_250802152445_189716.webp"},{"id":"5877997","shop_id":"18969","user_id":"148022","shop_name":"Nerika81","shop_zip":"8761","product_code":"5598414","product_name_old":null,"product_name":"Mesefa ","category_string":"M\u0171v\u00e9szet, Festm\u00e9ny, \u00dcvegfestm\u00e9ny","technic_string":"","category_1":"357","category_2":"358","category_3":"1325","category_4":"0","merged_category_1":null,"merged_category_2":null,"merged_category_3":null,"technic_1":"0","technic_2":"0","technic_3":"0","color_1":"568","color_2":"0","color_3":"0","product_description_old":null,"product_description":"Fedezd fel egyedi, k\u00e9zzel k\u00e9sz\u00fclt \u00fcvegfestm\u00e9nyeim vil\u00e1g\u00e1t! Minden darab sz\u00edvvel-l\u00e9lekkel k\u00e9sz\u00fclt, k\u00fcl\u00f6nleges sz\u00ednekkel \u00e9s mint\u00e1kkal, amelyek var\u00e1zslatos hangulatot teremtenek otthonodban vagy irod\u00e1dban. Egyedi tervez\u00e9s\u0171, k\u00e9zm\u0171ves alkot\u00e1saim t\u00f6k\u00e9letes aj\u00e1nd\u00e9kok lehetnek szeretteidnek, vagy k\u00fcl\u00f6nlegess\u00e9 tehetik a saj\u00e1t terek hangulat\u00e1t. Nincs k\u00e9t ugyanolyan \u00fcvegfestm\u00e9ny, minden darab egyedi. Var\u00e1zsold el otthonodat egy csod\u00e1latos, k\u00e9zzel k\u00e9sz\u00fclt alkot\u00e1ssal! \nM\u00e9rete: 18x13 cm","price":"5000.00","unit":"db","recommended":"0","status":"1","sponsored":"0","exp_notify":"0","own_material":"0","own_material_description_old":null,"own_material_description":"","jury":"0","jury_number":"","product_nature":"","meskaracsony":"0","create_date":"2026-01-25 13:38:25","shelve_id":"0","image":"nerika81_product_148022_250802152959_41076.jpeg","image_width":"480","image_height":"645","image_alt":"Mesefa , Fedezd fel egyedi, k\u00e9zzel k\u00e9sz\u00fclt \u00fcvegfestm\u00e9nyeim vil\u00e1g\u00e1t! Minden darab sz\u00edvvel-l\u00e9lekkel k\u00e9sz\u00fclt, k\u00fc..., Meska","image_title":"Mesefa , Meska","view_count":"137","favourite_count":"0","trending_score":"0","last2MonthFavouriteCount":"0","promotion":"0","giftcard_accept":"0","creditcard_accept":false,"enhanced_background":"0","domain":"meska","specific_customer_id":null,"specific_customer_name":null,"to_order_product":"0","to_order_product_time":"0","product_different":null,"product_different_description":"","vintage":"0","vintage_category_id":"0","recycled":"0","gemstone_id":"0","customizable":"0","type_category":"physical","zerowaste":"0","postage_price":"1290.00","shop_order":"0","has_category":"1","landing_pages":null,"microdata":{"number":95,"category":""},"title":"Mesefa ","description":"Fedezd fel egyedi, k\u00e9zzel k\u00e9sz\u00fclt \u00fcvegfestm\u00e9nyeim vil\u00e1g\u00e1t! Minden darab sz\u00edvvel-l\u00e9lekkel k\u00e9sz\u00fclt, k\u00fcl\u00f6nleges sz\u00ednekkel \u00e9s mint\u00e1kkal, amelyek var\u00e1zslatos hangulatot teremtenek otthonodban vagy irod\u00e1dban. Egyedi tervez\u00e9s\u0171, k\u00e9zm\u0171ves alkot\u00e1saim t\u00f6k\u00e9letes aj\u00e1nd\u00e9kok lehetnek szeretteidnek, vagy k\u00fcl\u00f6nlegess\u00e9 tehetik a saj\u00e1t terek hangulat\u00e1t. Nincs k\u00e9t ugyanolyan \u00fcvegfestm\u00e9ny, minden darab egyedi. Var\u00e1zsold el otthonodat egy csod\u00e1latos, k\u00e9zzel k\u00e9sz\u00fclt alkot\u00e1ssal! \nM\u00e9rete: 18x13 cm","score":0,"formatted_price":"5 000 Ft","image_url":"https:\/\/www.meska.hu\/img\/product\/small\/n\/e\/nerika81_product_148022_250802152959_41076.jpeg","formatted_url":"https:\/\/www.meska.hu\/p5598414-mesefa","favourite":false,"in_stock":true,"avatar":"Nerika81_avatar_148022.jpg","delete_from":0,"is_enhanced_background":false,"is_enhanced":false,"product_selection_started":false,"is_active":true,"image_webp_url":"https:\/\/www.meska.hu\/img\/product\/small\/n\/e\/nerika81_product_148022_250802152959_41076.webp"},{"id":"5878017","shop_id":"18969","user_id":"148022","shop_name":"Nerika81","shop_zip":"8761","product_code":"5598434","product_name_old":null,"product_name":"Tulip\u00e1n \u00fcvegfestm\u00e9ny ","category_string":"M\u0171v\u00e9szet, Festm\u00e9ny, \u00dcvegfestm\u00e9ny","technic_string":"","category_1":"357","category_2":"358","category_3":"1325","category_4":"0","merged_category_1":null,"merged_category_2":null,"merged_category_3":null,"technic_1":"0","technic_2":"0","technic_3":"0","color_1":"522","color_2":"529","color_3":"0","product_description_old":null,"product_description":"Fedezd fel egyedi, k\u00e9zzel k\u00e9sz\u00fclt \u00fcvegfestm\u00e9nyeim vil\u00e1g\u00e1t! Minden darab sz\u00edvvel-l\u00e9lekkel k\u00e9sz\u00fclt, k\u00fcl\u00f6nleges sz\u00ednekkel \u00e9s mint\u00e1kkal, amelyek var\u00e1zslatos hangulatot teremtenek otthonodban vagy irod\u00e1dban. Egyedi tervez\u00e9s\u0171, k\u00e9zm\u0171ves alkot\u00e1saim t\u00f6k\u00e9letes aj\u00e1nd\u00e9kok lehetnek szeretteidnek, vagy k\u00fcl\u00f6nlegess\u00e9 tehetik a saj\u00e1t terek hangulat\u00e1t. Nincs k\u00e9t ugyanolyan \u00fcvegfestm\u00e9ny, minden darab egyedi. Var\u00e1zsold el otthonodat egy csod\u00e1latos, k\u00e9zzel k\u00e9sz\u00fclt alkot\u00e1ssal! \nM\u00e9rete: 11x15 cm","price":"2200.00","unit":"db","recommended":"0","status":"1","sponsored":"0","exp_notify":"0","own_material":"0","own_material_description_old":null,"own_material_description":"","jury":"0","jury_number":"","product_nature":"","meskaracsony":"0","create_date":"2026-01-25 13:38:21","shelve_id":"0","image":"nerika81_product_148022_250802153616_818767.jpeg","image_width":"480","image_height":"641","image_alt":"Tulip\u00e1n \u00fcvegfestm\u00e9ny , Fedezd fel egyedi, k\u00e9zzel k\u00e9sz\u00fclt \u00fcvegfestm\u00e9nyeim vil\u00e1g\u00e1t! Minden darab sz\u00edvvel-l\u00e9lekkel k\u00e9sz\u00fclt, k\u00fc..., Meska","image_title":"Tulip\u00e1n \u00fcvegfestm\u00e9ny , Meska","view_count":"98","favourite_count":"0","trending_score":"0","last2MonthFavouriteCount":"0","promotion":"0","giftcard_accept":"0","creditcard_accept":false,"enhanced_background":"0","domain":"meska","specific_customer_id":null,"specific_customer_name":null,"to_order_product":"0","to_order_product_time":"0","product_different":null,"product_different_description":"","vintage":"0","vintage_category_id":"0","recycled":"0","gemstone_id":"0","customizable":"0","type_category":"physical","zerowaste":"0","postage_price":"1290.00","shop_order":"0","has_category":"1","landing_pages":null,"microdata":{"number":96,"category":""},"title":"Tulip\u00e1n \u00fcvegfestm\u00e9ny ","description":"Fedezd fel egyedi, k\u00e9zzel k\u00e9sz\u00fclt \u00fcvegfestm\u00e9nyeim vil\u00e1g\u00e1t! Minden darab sz\u00edvvel-l\u00e9lekkel k\u00e9sz\u00fclt, k\u00fcl\u00f6nleges sz\u00ednekkel \u00e9s mint\u00e1kkal, amelyek var\u00e1zslatos hangulatot teremtenek otthonodban vagy irod\u00e1dban. Egyedi tervez\u00e9s\u0171, k\u00e9zm\u0171ves alkot\u00e1saim t\u00f6k\u00e9letes aj\u00e1nd\u00e9kok lehetnek szeretteidnek, vagy k\u00fcl\u00f6nlegess\u00e9 tehetik a saj\u00e1t terek hangulat\u00e1t. Nincs k\u00e9t ugyanolyan \u00fcvegfestm\u00e9ny, minden darab egyedi. Var\u00e1zsold el otthonodat egy csod\u00e1latos, k\u00e9zzel k\u00e9sz\u00fclt alkot\u00e1ssal! \nM\u00e9rete: 11x15 cm","score":0,"formatted_price":"2 200 Ft","image_url":"https:\/\/www.meska.hu\/img\/product\/small\/n\/e\/nerika81_product_148022_250802153616_818767.jpeg","formatted_url":"https:\/\/www.meska.hu\/p5598434-tulipan-uvegfestmeny","favourite":false,"in_stock":true,"avatar":"Nerika81_avatar_148022.jpg","delete_from":0,"is_enhanced_background":false,"is_enhanced":false,"product_selection_started":false,"is_active":true,"image_webp_url":"https:\/\/www.meska.hu\/img\/product\/small\/n\/e\/nerika81_product_148022_250802153616_818767.webp"},{"id":"5878237","shop_id":"18969","user_id":"148022","shop_name":"Nerika81","shop_zip":"8761","product_code":"5598640","product_name_old":null,"product_name":"Egyiptomi vil\u00e1g ","category_string":"M\u0171v\u00e9szet, Festm\u00e9ny, \u00dcvegfestm\u00e9ny","technic_string":"","category_1":"357","category_2":"358","category_3":"1325","category_4":"0","merged_category_1":null,"merged_category_2":null,"merged_category_3":null,"technic_1":"0","technic_2":"0","technic_3":"0","color_1":"568","color_2":"0","color_3":"0","product_description_old":null,"product_description":"Fedezd fel egyedi, k\u00e9zzel k\u00e9sz\u00fclt \u00fcvegfestm\u00e9nyeim vil\u00e1g\u00e1t! Minden darab sz\u00edvvel-l\u00e9lekkel k\u00e9sz\u00fclt, k\u00fcl\u00f6nleges sz\u00ednekkel \u00e9s mint\u00e1kkal, amelyek var\u00e1zslatos hangulatot teremtenek otthonodban vagy irod\u00e1dban. Egyedi tervez\u00e9s\u0171, k\u00e9zm\u0171ves alkot\u00e1saim t\u00f6k\u00e9letes aj\u00e1nd\u00e9kok lehetnek szeretteidnek, vagy k\u00fcl\u00f6nlegess\u00e9 tehetik a saj\u00e1t terek hangulat\u00e1t. Nincs k\u00e9t ugyanolyan \u00fcvegfestm\u00e9ny, minden darab egyedi. Var\u00e1zsold el otthonodat egy csod\u00e1latos, k\u00e9zzel k\u00e9sz\u00fclt alkot\u00e1ssal!\nM\u00e9rete: 26*32 cm","price":"20000.00","unit":"db","recommended":"0","status":"1","sponsored":"0","exp_notify":"0","own_material":"0","own_material_description_old":null,"own_material_description":"","jury":"0","jury_number":"","product_nature":"","meskaracsony":"0","create_date":"2026-01-25 13:38:16","shelve_id":"0","image":"nerika81_product_148022_250802162709_257350.jpeg","image_width":"480","image_height":"591","image_alt":"Egyiptomi vil\u00e1g , Fedezd fel egyedi, k\u00e9zzel k\u00e9sz\u00fclt \u00fcvegfestm\u00e9nyeim vil\u00e1g\u00e1t! Minden darab sz\u00edvvel-l\u00e9lekkel k\u00e9sz\u00fclt, k\u00fc..., Meska","image_title":"Egyiptomi vil\u00e1g , Meska","view_count":"114","favourite_count":"0","trending_score":"0","last2MonthFavouriteCount":"0","promotion":"0","giftcard_accept":"0","creditcard_accept":false,"enhanced_background":"0","domain":"meska","specific_customer_id":null,"specific_customer_name":null,"to_order_product":"0","to_order_product_time":"0","product_different":null,"product_different_description":"","vintage":"0","vintage_category_id":"0","recycled":"0","gemstone_id":"0","customizable":"0","type_category":"physical","zerowaste":"0","postage_price":"1290.00","shop_order":"0","has_category":"1","landing_pages":null,"microdata":{"number":97,"category":""},"title":"Egyiptomi vil\u00e1g ","description":"Fedezd fel egyedi, k\u00e9zzel k\u00e9sz\u00fclt \u00fcvegfestm\u00e9nyeim vil\u00e1g\u00e1t! Minden darab sz\u00edvvel-l\u00e9lekkel k\u00e9sz\u00fclt, k\u00fcl\u00f6nleges sz\u00ednekkel \u00e9s mint\u00e1kkal, amelyek var\u00e1zslatos hangulatot teremtenek otthonodban vagy irod\u00e1dban. Egyedi tervez\u00e9s\u0171, k\u00e9zm\u0171ves alkot\u00e1saim t\u00f6k\u00e9letes aj\u00e1nd\u00e9kok lehetnek szeretteidnek, vagy k\u00fcl\u00f6nlegess\u00e9 tehetik a saj\u00e1t terek hangulat\u00e1t. Nincs k\u00e9t ugyanolyan \u00fcvegfestm\u00e9ny, minden darab egyedi. Var\u00e1zsold el otthonodat egy csod\u00e1latos, k\u00e9zzel k\u00e9sz\u00fclt alkot\u00e1ssal!\nM\u00e9rete: 26*32 cm","score":0,"formatted_price":"20 000 Ft","image_url":"https:\/\/www.meska.hu\/img\/product\/small\/n\/e\/nerika81_product_148022_250802162709_257350.jpeg","formatted_url":"https:\/\/www.meska.hu\/p5598640-egyiptomi-vilag","favourite":false,"in_stock":true,"avatar":"Nerika81_avatar_148022.jpg","delete_from":0,"is_enhanced_background":false,"is_enhanced":false,"product_selection_started":false,"is_active":true,"image_webp_url":"https:\/\/www.meska.hu\/img\/product\/small\/n\/e\/nerika81_product_148022_250802162709_257350.webp"},{"id":"5878266","shop_id":"18969","user_id":"148022","shop_name":"Nerika81","shop_zip":"8761","product_code":"5598666","product_name_old":null,"product_name":"Falev\u00e9l \u00fcvegfestm\u00e9ny ","category_string":"M\u0171v\u00e9szet, Festm\u00e9ny, \u00dcvegfestm\u00e9ny","technic_string":"\u00dcvegm\u0171v\u00e9szet","category_1":"357","category_2":"358","category_3":"1325","category_4":"0","merged_category_1":null,"merged_category_2":null,"merged_category_3":null,"technic_1":"505","technic_2":"0","technic_3":"0","color_1":"518","color_2":"521","color_3":"0","product_description_old":null,"product_description":"Fedezd fel egyedi, k\u00e9zzel k\u00e9sz\u00fclt \u00fcvegfestm\u00e9nyeim vil\u00e1g\u00e1t! Minden darab sz\u00edvvel-l\u00e9lekkel k\u00e9sz\u00fclt, k\u00fcl\u00f6nleges sz\u00ednekkel \u00e9s mint\u00e1kkal, amelyek var\u00e1zslatos hangulatot teremtenek otthonodban vagy irod\u00e1dban. Egyedi tervez\u00e9s\u0171, k\u00e9zm\u0171ves alkot\u00e1saim t\u00f6k\u00e9letes aj\u00e1nd\u00e9kok lehetnek szeretteidnek, vagy k\u00fcl\u00f6nlegess\u00e9 tehetik a saj\u00e1t terek hangulat\u00e1t. Nincs k\u00e9t ugyanolyan \u00fcvegfestm\u00e9ny, minden darab egyedi. Var\u00e1zsold el otthonodat egy csod\u00e1latos, k\u00e9zzel k\u00e9sz\u00fclt alkot\u00e1ssal!\nM\u00e9rete: 22x28 cm","price":"10000.00","unit":"db","recommended":"0","status":"1","sponsored":"0","exp_notify":"0","own_material":"0","own_material_description_old":null,"own_material_description":"","jury":"0","jury_number":"","product_nature":"","meskaracsony":"0","create_date":"2026-01-25 13:38:10","shelve_id":"0","image":"nerika81_product_148022_250802163343_302966.jpeg","image_width":"480","image_height":"594","image_alt":"Falev\u00e9l \u00fcvegfestm\u00e9ny , Fedezd fel egyedi, k\u00e9zzel k\u00e9sz\u00fclt \u00fcvegfestm\u00e9nyeim vil\u00e1g\u00e1t! Minden darab sz\u00edvvel-l\u00e9lekkel k\u00e9sz\u00fclt, k\u00fc..., Meska","image_title":"Falev\u00e9l \u00fcvegfestm\u00e9ny , Meska","view_count":"129","favourite_count":"0","trending_score":"0","last2MonthFavouriteCount":"0","promotion":"0","giftcard_accept":"0","creditcard_accept":false,"enhanced_background":"0","domain":"meska","specific_customer_id":null,"specific_customer_name":null,"to_order_product":"0","to_order_product_time":"0","product_different":null,"product_different_description":"","vintage":"0","vintage_category_id":"0","recycled":"0","gemstone_id":"0","customizable":"0","type_category":"physical","zerowaste":"0","postage_price":"1290.00","shop_order":"0","has_category":"1","landing_pages":null,"microdata":{"number":98,"category":""},"title":"Falev\u00e9l \u00fcvegfestm\u00e9ny ","description":"Fedezd fel egyedi, k\u00e9zzel k\u00e9sz\u00fclt \u00fcvegfestm\u00e9nyeim vil\u00e1g\u00e1t! Minden darab sz\u00edvvel-l\u00e9lekkel k\u00e9sz\u00fclt, k\u00fcl\u00f6nleges sz\u00ednekkel \u00e9s mint\u00e1kkal, amelyek var\u00e1zslatos hangulatot teremtenek otthonodban vagy irod\u00e1dban. Egyedi tervez\u00e9s\u0171, k\u00e9zm\u0171ves alkot\u00e1saim t\u00f6k\u00e9letes aj\u00e1nd\u00e9kok lehetnek szeretteidnek, vagy k\u00fcl\u00f6nlegess\u00e9 tehetik a saj\u00e1t terek hangulat\u00e1t. Nincs k\u00e9t ugyanolyan \u00fcvegfestm\u00e9ny, minden darab egyedi. Var\u00e1zsold el otthonodat egy csod\u00e1latos, k\u00e9zzel k\u00e9sz\u00fclt alkot\u00e1ssal!\nM\u00e9rete: 22x28 cm","score":0,"formatted_price":"10 000 Ft","image_url":"https:\/\/www.meska.hu\/img\/product\/small\/n\/e\/nerika81_product_148022_250802163343_302966.jpeg","formatted_url":"https:\/\/www.meska.hu\/p5598666-falevel-uvegfestmeny","favourite":false,"in_stock":true,"avatar":"Nerika81_avatar_148022.jpg","delete_from":0,"is_enhanced_background":false,"is_enhanced":false,"product_selection_started":false,"is_active":true,"image_webp_url":"https:\/\/www.meska.hu\/img\/product\/small\/n\/e\/nerika81_product_148022_250802163343_302966.webp"},{"id":"4601862","shop_id":"8093","user_id":"37147","shop_name":"KorinArt","shop_zip":"2440","product_code":"4843661","product_name_old":null,"product_name":"Boldogs\u00e1g k\u00e9k madara - \u00dcvegk\u00e9p, \u00fcvegfestm\u00e9ny","category_string":"M\u0171v\u00e9szet, Festm\u00e9ny, \u00dcvegfestm\u00e9ny","technic_string":"Festett t\u00e1rgyak, \u00dcvegm\u0171v\u00e9szet","category_1":"357","category_2":"358","category_3":"1325","category_4":"0","merged_category_1":null,"merged_category_2":null,"merged_category_3":null,"technic_1":"481","technic_2":"505","technic_3":"0","color_1":"568","color_2":"529","color_3":"0","product_description_old":null,"product_description":"\u00dcvegre festett, r\u00e9zf\u00f3li\u00e1val keretezett \u00fcvegfestm\u00e9ny, \u00fcvegk\u00e9p. R\u00e9z vagy antikolt kerettel.\nAblakba bel\u00f3gatva vagy falik\u00e9pnek haszn\u00e1lhatod, illetve kedves, egyedi aj\u00e1nd\u00e9k lehet annak, aki k\u00f6zel \u00e1ll hozz\u00e1d. Sz\u00e9tn\u00e9zhetsz m\u00e9g aj\u00e1nd\u00e9k\u00f6tleteink k\u00f6z\u00f6tt!\nAz \u00fcvegfestm\u00e9nyeinket \u00edzl\u00e9sesen \u00f6sszev\u00e1logatva, ak\u00e1r 3-4-5 vagy t\u00f6bb k\u00e9ppel k\u00e9pcsoportot hozhatsz l\u00e9tre. Szob\u00e1dhoz illeszked\u0151, egyedi modern falik\u00e9pekkel alkothatod meg, saj\u00e1t elk\u00e9pzel\u00e9sednek megfelel\u0151en a lak\u00e1sdekor\u00e1ci\u00f3dat, hiszen a lakberendez\u00e9s elengedhetetlen r\u00e9sze a fali dekor\u00e1ci\u00f3.\nAblakdekor\u00e1ci\u00f3: f\u00fcgg\u00f6ny csipeszre, damilt vagy er\u0151sebb feh\u00e9r c\u00e9rn\u00e1t lehet k\u00f6tni \u00e9s k\u00fcl\u00f6nb\u00f6z\u0151 hossz\u00fas\u00e1gban a feh\u00e9r f\u00fcgg\u00f6ny el\u00e9 be lehet l\u00f3gatni az \u00fcvegk\u00e9pet. K\u00fcl\u00f6nleges hat\u00e1sa van a sz\u00edneknek, ahogy \u00e1tj\u00f6n rajta a term\u00e9szetes f\u00e9ny.\nMinden munk\u00e1nk k\u00e9zimunka, ez\u00e9rt sz\u00edn\u00e1rnyalatban elt\u00e9r\u00e9sek lehetnek.\nNagyon j\u00f3 min\u0151s\u00e9g\u0171 \u00fcvegfest\u00e9kkel dolgozunk, \u00edgy az \u00fcvegfestm\u00e9nyek sz\u00edn\u00e9l\u00e9nks\u00e9ge belt\u00e9ri haszn\u00e1latn\u00e1l hossz\u00fa t\u00e1von megmarad. K\u00fclt\u00e9rre is tehet\u0151, ha nem \u00e9ri folyamatos, er\u0151s uv sug\u00e1rz\u00e1s.\nHa nincs k\u00e9szleten \u00e9ppen, amit szeretn\u00e9l 6 napot sz\u00e1molj az elk\u00e9sz\u00edt\u00e9s\u00e9re. Azonban, ha nagyon s\u00fcrg\u0151s \u00edrj, ha tudjuk el\u0151re vessz\u00fck a megrendel\u00e9sedet.\nVisszav\u00e1s\u00e1rl\u00e1si garancia:\nHa k\u00e9zhezv\u00e9telkor nem tetszik, amit v\u00e1s\u00e1rolt\u00e1l, 14 napon bel\u00fcl k\u00fcld vissza \u00e9s mi visszat\u00e9r\u00edtj\u00fck az \u00e1r\u00e1t s\u00e9rt\u0151d\u00e9s \u00e9s vita n\u00e9lk\u00fcl!\n\u2022 \u00dcvegvastags\u00e1g: 3 mm ( er\u0151s, nem t\u00f6rik k\u00f6nnyen )\n\u2022 \u00dcveg : sima \u00e1ttetsz\u0151 vagy savmaratott\n\u2022 \u00dcvegfest\u00e9k: j\u00f3 min\u0151s\u00e9g\u0171, kiv\u00e1l\u00f3 sz\u00edntart\u00f3s\u00e1g\u00fa, belt\u00e9rre aj\u00e1nlott.\n\u2022 Tiszt\u00edt\u00e1sa: szappanos v\u00edzzel vagy \u00fcvegtiszt\u00edt\u00f3val.\n\u2022 Garancia: t\u00f6r\u00e9s k\u00edv\u00e9tel\u00e9vel 10 \u00e9v\npost\u00e1z\u00e1sn\u00e1l a t\u00f6r\u00e9sre is garanci\u00e1t v\u00e1llalunk.","price":"7500.00","unit":"db","recommended":"0","status":"1","sponsored":"0","exp_notify":"0","own_material":"0","own_material_description_old":null,"own_material_description":"","jury":"0","jury_number":"","product_nature":"","meskaracsony":"0","create_date":"2026-01-18 14:57:45","shelve_id":"43011","image":"korinart_product_37147_230330134956_369370.jpeg","image_width":"480","image_height":"479","image_alt":"Boldogs\u00e1g k\u00e9k madara - \u00dcvegk\u00e9p, \u00fcvegfestm\u00e9ny, \u00dcvegre festett, r\u00e9zf\u00f3li\u00e1val keretezett \u00fcvegfestm\u00e9ny, \u00fcvegk\u00e9p. R\u00e9z vagy antikolt kerettel.\\nAblakba be..., Meska","image_title":"Boldogs\u00e1g k\u00e9k madara - \u00dcvegk\u00e9p, \u00fcvegfestm\u00e9ny, Meska","view_count":"878","favourite_count":"0","trending_score":"0","last2MonthFavouriteCount":"0","promotion":"0","giftcard_accept":"1","creditcard_accept":false,"enhanced_background":"0","domain":"meska","specific_customer_id":null,"specific_customer_name":null,"to_order_product":"1","to_order_product_time":"6","product_different":"quite_different","product_different_description":"Sz\u00ednben elt\u00e9r\u00e9s lehets\u00e9ges. A megrendel\u0151 k\u00e9r\u00e9s\u00e9re m\u00e1s sz\u00ednben is megfestem.","vintage":"0","vintage_category_id":"0","recycled":"0","gemstone_id":"0","customizable":"0","type_category":"physical","zerowaste":"0","postage_price":"2100.00","shop_order":"1","has_category":"1","landing_pages":null,"microdata":{"number":99,"category":""},"title":"Boldogs\u00e1g k\u00e9k madara - \u00dcvegk\u00e9p, \u00fcvegfestm\u00e9ny","description":"\u00dcvegre festett, r\u00e9zf\u00f3li\u00e1val keretezett \u00fcvegfestm\u00e9ny, \u00fcvegk\u00e9p. R\u00e9z vagy antikolt kerettel.\nAblakba bel\u00f3gatva vagy falik\u00e9pnek haszn\u00e1lhatod, illetve kedves, egyedi aj\u00e1nd\u00e9k lehet annak, aki k\u00f6zel \u00e1ll hozz\u00e1d. Sz\u00e9tn\u00e9zhetsz m\u00e9g aj\u00e1nd\u00e9k\u00f6tleteink k\u00f6z\u00f6tt!\nAz \u00fcvegfestm\u00e9nyeinket \u00edzl\u00e9sesen \u00f6sszev\u00e1logatva, ak\u00e1r 3-4-5 vagy t\u00f6bb k\u00e9ppel k\u00e9pcsoportot hozhatsz l\u00e9tre. Szob\u00e1dhoz illeszked\u0151, egyedi modern falik\u00e9pekkel alkothatod meg, saj\u00e1t elk\u00e9pzel\u00e9sednek megfelel\u0151en a lak\u00e1sdekor\u00e1ci\u00f3dat, hiszen a lakberendez\u00e9s elengedhetetlen r\u00e9sze a fali dekor\u00e1ci\u00f3.\nAblakdekor\u00e1ci\u00f3: f\u00fcgg\u00f6ny csipeszre, damilt vagy er\u0151sebb feh\u00e9r c\u00e9rn\u00e1t lehet k\u00f6tni \u00e9s k\u00fcl\u00f6nb\u00f6z\u0151 hossz\u00fas\u00e1gban a feh\u00e9r f\u00fcgg\u00f6ny el\u00e9 be lehet l\u00f3gatni az \u00fcvegk\u00e9pet. K\u00fcl\u00f6nleges hat\u00e1sa van a sz\u00edneknek, ahogy \u00e1tj\u00f6n rajta a term\u00e9szetes f\u00e9ny.\nMinden munk\u00e1nk k\u00e9zimunka, ez\u00e9rt sz\u00edn\u00e1rnyalatban elt\u00e9r\u00e9sek lehetnek.\nNagyon j\u00f3 min\u0151s\u00e9g\u0171 \u00fcvegfest\u00e9kkel dolgozunk, \u00edgy az \u00fcvegfestm\u00e9nyek sz\u00edn\u00e9l\u00e9nks\u00e9ge belt\u00e9ri haszn\u00e1latn\u00e1l hossz\u00fa t\u00e1von megmarad. K\u00fclt\u00e9rre is tehet\u0151, ha nem \u00e9ri folyamatos, er\u0151s uv sug\u00e1rz\u00e1s.\nHa nincs k\u00e9szleten \u00e9ppen, amit szeretn\u00e9l 6 napot sz\u00e1molj az elk\u00e9sz\u00edt\u00e9s\u00e9re. Azonban, ha nagyon s\u00fcrg\u0151s \u00edrj, ha tudjuk el\u0151re vessz\u00fck a megrendel\u00e9sedet.\nVisszav\u00e1s\u00e1rl\u00e1si garancia:\nHa k\u00e9zhezv\u00e9telkor nem tetszik, amit v\u00e1s\u00e1rolt\u00e1l, 14 napon bel\u00fcl k\u00fcld vissza \u00e9s mi visszat\u00e9r\u00edtj\u00fck az \u00e1r\u00e1t s\u00e9rt\u0151d\u00e9s \u00e9s vita n\u00e9lk\u00fcl!\n\u2022 \u00dcvegvastags\u00e1g: 3 mm ( er\u0151s, nem t\u00f6rik k\u00f6nnyen )\n\u2022 \u00dcveg : sima \u00e1ttetsz\u0151 vagy savmaratott\n\u2022 \u00dcvegfest\u00e9k: j\u00f3 min\u0151s\u00e9g\u0171, kiv\u00e1l\u00f3 sz\u00edntart\u00f3s\u00e1g\u00fa, belt\u00e9rre aj\u00e1nlott.\n\u2022 Tiszt\u00edt\u00e1sa: szappanos v\u00edzzel vagy \u00fcvegtiszt\u00edt\u00f3val.\n\u2022 Garancia: t\u00f6r\u00e9s k\u00edv\u00e9tel\u00e9vel 10 \u00e9v\npost\u00e1z\u00e1sn\u00e1l a t\u00f6r\u00e9sre is garanci\u00e1t v\u00e1llalunk.","score":0,"formatted_price":"7 500 Ft","image_url":"https:\/\/www.meska.hu\/img\/product\/small\/k\/o\/korinart_product_37147_230330134956_369370.jpeg","formatted_url":"https:\/\/www.meska.hu\/p4843661-boldogsag-kek-madara-uvegkep-uvegfestmeny","favourite":false,"in_stock":false,"avatar":"India_avatar_37147.jpg","delete_from":0,"is_enhanced_background":false,"is_enhanced":false,"product_selection_started":false,"is_active":true,"image_webp_url":"https:\/\/www.meska.hu\/img\/product\/small\/k\/o\/korinart_product_37147_230330134956_369370.webp"},{"id":"6083548","shop_id":"19056","user_id":"134650","shop_name":"Nikol17","shop_zip":"8248","product_code":"5712368","product_name_old":null,"product_name":"\u00dcveg mandala","category_string":"M\u0171v\u00e9szet, Festm\u00e9ny, \u00dcvegfestm\u00e9ny","technic_string":"Fest\u00e9szet","category_1":"357","category_2":"358","category_3":"1325","category_4":"0","merged_category_1":null,"merged_category_2":null,"merged_category_3":null,"technic_1":"480","technic_2":"0","technic_3":"0","color_1":"518","color_2":"519","color_3":"521","product_description_old":null,"product_description":"Ez a k\u00e9zzel festett \u00fcveg mandala a k\u00e9k k\u00fcl\u00f6nb\u00f6z\u0151 \u00e1rnyalataira \u00e9p\u00fcl, amelyek a nyugalom, az elm\u00e9ly\u00fcl\u00e9s \u00e9s a bels\u0151 csend \u00e9rzet\u00e9t hordozz\u00e1k.\nA r\u00e9tegzett fest\u00e9snek \u00e9s a finom kont\u00faroknak k\u00f6sz\u00f6nhet\u0151en a minta f\u00e9ny hat\u00e1s\u00e1ra v\u00e1ltozik, \u00e9letre kel, mindig egy kicsit m\u00e1s arc\u00e1t mutatva.\n\nAz alkot\u00e1s lass\u00fa, meditat\u00edv folyamat sor\u00e1n k\u00e9sz\u00fcl, ahol a form\u00e1k \u00e9s sz\u00ednek harm\u00f3ni\u00e1ja vezeti a kezet.\nA k\u00f6z\u00e9ppont hangs\u00falya seg\u00edt meg\u00e1llni egy pillanatra, megpihenni a tekintetet \u00e9s a gondolatokat.\n\nA mandala k\u00fcl\u00f6n\u00f6sen sz\u00e9pen mutat term\u00e9szetes f\u00e9nyben, ablak k\u00f6zel\u00e9ben, de falon vagy polcon elhelyezve is er\u0151s, m\u00e9gis nyugodt jelenl\u00e9ttel b\u00edr.\n\nJellemz\u0151k:\n\n\u2022 k\u00e9zzel festett, egyedi darab\n\u2022 \u00fcveg alap, gazdag sz\u00ednm\u00e9lys\u00e9ggel\n\u2022 k\u00e9k, t\u00fcrkiz \u00e9s ez\u00fcst \u00e1rnyalatok\n\u2022 finom d\u00edsz\u00edt\u0151 r\u00e9szletek\n\u2022 f\u00e9nyben k\u00fcl\u00f6n\u00f6sen l\u00e1tv\u00e1nyos\n\u2022 dekor\u00e1ci\u00f3k\u00e9nt \u00e9s aj\u00e1nd\u00e9kk\u00e9nt is ide\u00e1lis\n\n15 cm \u00e1tm\u00e9r\u0151j\u0171.\n\nMinden darab egyedi, apr\u00f3 elt\u00e9r\u00e9sek a k\u00e9zm\u0171ves jelleg term\u00e9szetes velej\u00e1r\u00f3i.\n","price":"12900.00","unit":"db","recommended":"0","status":"1","sponsored":"0","exp_notify":"0","own_material":"0","own_material_description_old":null,"own_material_description":"","jury":"0","jury_number":"","product_nature":"","meskaracsony":"0","create_date":"2026-01-18 14:55:31","shelve_id":"0","image":"nikol17_product_134650_260118144838_666968.jpeg","image_width":"480","image_height":"640","image_alt":"\u00dcveg mandala, Ez a k\u00e9zzel festett \u00fcveg mandala a k\u00e9k k\u00fcl\u00f6nb\u00f6z\u0151 \u00e1rnyalataira \u00e9p\u00fcl, amelyek a nyugalom, az elm\u00e9ly\u00fcl\u00e9..., Meska","image_title":"\u00dcveg mandala, Meska","view_count":"72","favourite_count":"0","trending_score":"0","last2MonthFavouriteCount":"0","promotion":"0","giftcard_accept":"1","creditcard_accept":true,"enhanced_background":"0","domain":"meska","specific_customer_id":null,"specific_customer_name":null,"to_order_product":"0","to_order_product_time":"0","product_different":null,"product_different_description":"","vintage":"0","vintage_category_id":"0","recycled":"0","gemstone_id":"0","customizable":"0","type_category":"physical","zerowaste":"0","postage_price":"1349.00","shop_order":"0","has_category":"1","landing_pages":null,"microdata":{"number":100,"category":""},"title":"\u00dcveg mandala","description":"Ez a k\u00e9zzel festett \u00fcveg mandala a k\u00e9k k\u00fcl\u00f6nb\u00f6z\u0151 \u00e1rnyalataira \u00e9p\u00fcl, amelyek a nyugalom, az elm\u00e9ly\u00fcl\u00e9s \u00e9s a bels\u0151 csend \u00e9rzet\u00e9t hordozz\u00e1k.\nA r\u00e9tegzett fest\u00e9snek \u00e9s a finom kont\u00faroknak k\u00f6sz\u00f6nhet\u0151en a minta f\u00e9ny hat\u00e1s\u00e1ra v\u00e1ltozik, \u00e9letre kel, mindig egy kicsit m\u00e1s arc\u00e1t mutatva.\n\nAz alkot\u00e1s lass\u00fa, meditat\u00edv folyamat sor\u00e1n k\u00e9sz\u00fcl, ahol a form\u00e1k \u00e9s sz\u00ednek harm\u00f3ni\u00e1ja vezeti a kezet.\nA k\u00f6z\u00e9ppont hangs\u00falya seg\u00edt meg\u00e1llni egy pillanatra, megpihenni a tekintetet \u00e9s a gondolatokat.\n\nA mandala k\u00fcl\u00f6n\u00f6sen sz\u00e9pen mutat term\u00e9szetes f\u00e9nyben, ablak k\u00f6zel\u00e9ben, de falon vagy polcon elhelyezve is er\u0151s, m\u00e9gis nyugodt jelenl\u00e9ttel b\u00edr.\n\nJellemz\u0151k:\n\n\u2022 k\u00e9zzel festett, egyedi darab\n\u2022 \u00fcveg alap, gazdag sz\u00ednm\u00e9lys\u00e9ggel\n\u2022 k\u00e9k, t\u00fcrkiz \u00e9s ez\u00fcst \u00e1rnyalatok\n\u2022 finom d\u00edsz\u00edt\u0151 r\u00e9szletek\n\u2022 f\u00e9nyben k\u00fcl\u00f6n\u00f6sen l\u00e1tv\u00e1nyos\n\u2022 dekor\u00e1ci\u00f3k\u00e9nt \u00e9s aj\u00e1nd\u00e9kk\u00e9nt is ide\u00e1lis\n\n15 cm \u00e1tm\u00e9r\u0151j\u0171.\n\nMinden darab egyedi, apr\u00f3 elt\u00e9r\u00e9sek a k\u00e9zm\u0171ves jelleg term\u00e9szetes velej\u00e1r\u00f3i.\n","score":0,"formatted_price":"12 900 Ft","image_url":"https:\/\/www.meska.hu\/img\/product\/small\/n\/i\/nikol17_product_134650_260118144838_666968.jpeg","formatted_url":"https:\/\/www.meska.hu\/p5712368-uveg-mandala","favourite":false,"in_stock":true,"avatar":"Nikol17_avatar_134650_1592549790.JPG","delete_from":0,"is_enhanced_background":false,"is_enhanced":false,"product_selection_started":false,"is_active":true,"image_webp_url":"https:\/\/www.meska.hu\/img\/product\/small\/n\/i\/nikol17_product_134650_260118144838_666968.webp"}],"canonicals":{"canonical":"https:\/\/www.meska.hu\/s\/uvegfestmeny\/c-1325","next":"https:\/\/www.meska.hu\/s\/uvegfestmeny\/c-1325:p-2"},"seo":{"title":"\u00dcvegfestm\u00e9ny - Meska k\u00e9zm\u0171ves piact\u00e9r","seoTitle":"\u00dcvegfestm\u00e9ny","seoDescription":"Gy\u00f6ny\u00f6r\u0171 <b>\u00fcvefestm\u00e9nyek <\/b>nagy v\u00e1laszt\u00e9kban, dekor\u00e1ci\u00f3nak, aj\u00e1nd\u00e9kba. \u2b50 <b>\u00dcvegfestm\u00e9ny <\/b>egyedi megrendel\u00e9sre is, gyors sz\u00e1ll\u00edt\u00e1ssal. \u2714\ufe0f N\u00e9zz k\u00f6rbe!\n\nA Meska alkot\u00f3i nemcsak k\u00e9zm\u0171ves dekor\u00e1ci\u00f3k \u00e9s haszn\u00e1lati t\u00e1rgyak k\u00e9sz\u00edt\u00e9s\u00e9ben jeleskednek, de a <b>m\u0171v\u00e9szet <\/b>sem \u00e1ll t\u0151l\u00fck t\u00e1vol, s\u0151t. Egyebek mellett csod\u00e1latos kort\u00e1rs festm\u00e9nyeket, \u00edgy <b>\u00fcvegfestm\u00e9nyeket<\/b> is k\u00e9sz\u00edtenek, amik dekor\u00e1ci\u00f3k\u00e9nt is remek\u00fcl funkcion\u00e1lnak, de <b>aj\u00e1nd\u00e9knak <\/b>is szuperek \u00e9s k\u00fcl\u00f6nlegesek. Az <b>\u00fcvegfest\u00e9s <\/b>technik\u00e1j\u00e1val gy\u00f6ny\u00f6r\u0171 mint\u00e1t lehet festeni b\u00e1rmilyen \u00fcvegfel\u00fcletre, mint v\u00e1za, \u00f3ralap, m\u00e9csestart\u00f3, l\u00e1mpab\u00fara, de a szimpla \u00fcveglapra festett fali k\u00e9pb\u0151l is remek fali dekor\u00e1ci\u00f3 k\u00e9sz\u00edthet\u0151. Az \u00fcvegen \u00e1tsz\u0171r\u0151d\u0151 f\u00e9ny pedig tov\u00e1bb hangolja a sz\u00edneket \u00e9s az \u00fcvegfestm\u00e9ny hat\u00e1s\u00e1t. V\u00e1lassz gy\u00f6ny\u00f6r\u0171 mandala <b>\u00fcvegfestm\u00e9nyt<\/b>, vir\u00e1gokkal \u00e9s madarakkal d\u00edsz\u00edtett \u00fcvegk\u00e9pet, n\u0151i alakot \u00e1br\u00e1zol\u00f3 festm\u00e9nyt a szoba enteri\u0151r harmonikus \u00e9s egyedi megjelen\u00e9s\u00e9hez. Amennyiben egy\u00e9b <a href=\"https:\/\/www.meska.hu\/s\/festmeny\/c-358\">festm\u00e9nyek <\/a>is \u00e9rdekelnek a <a href=\"https:\/\/www.meska.hu\/s\/muveszet\/c-357\">m\u0171v\u00e9szeti alkot\u00e1sok<\/a> k\u00f6z\u00fcl, n\u00e9zz sz\u00e9t tov\u00e1bbi kateg\u00f3ri\u00e1inkban is. Gy\u00f6ny\u00f6r\u0171 <a href=\"https:\/\/www.meska.hu\/s\/akril\/c-359\">akril k\u00e9pek<\/a>, finom hangulat\u00fa <a href=\"https:\/\/www.meska.hu\/s\/akvarell\/c-360\">akvarellek<\/a>, sz\u00ednes <a href=\"https:\/\/www.meska.hu\/s\/olajfestmeny\/c-361\">olajfestm\u00e9nyek<\/a>, \u00e1rnyalatokkal j\u00e1tsz\u00f3 <a href=\"https:\/\/www.meska.hu\/s\/pasztell\/c-362\">pasztell festm\u00e9nyek <\/a> \u00e9s k\u00fcl\u00f6nleges <a href=\"https:\/\/www.meska.hu\/s\/tuzzomanc\/c-1326\">t\u0171zzom\u00e1nc<\/a> k\u00e9pek is a k\u00edn\u00e1latunk r\u00e9szei, b\u00f6ng\u00e9ssz tov\u00e1bb az alkot\u00e1sok k\u00f6z\u00f6tt b\u00e1tran. ","metaDescription":"Gy\u00f6ny\u00f6r\u0171 \u00fcvefestm\u00e9nyek nagy v\u00e1laszt\u00e9kban, dekor\u00e1ci\u00f3nak, aj\u00e1nd\u00e9kba. \u2b50 \u00dcvegfestm\u00e9ny egyedi megrendel\u00e9sre is, gyors sz\u00e1ll\u00edt\u00e1ssal. \u2714\ufe0f N\u00e9zz k\u00f6rbe!","metaNoIndex":0,"metaNoFollow":0,"seoFound":true,"canonicals":"https:\/\/www.meska.hu\/s\/uvegfestmeny\/c-1325"},"breadcrumb":[{"position":1,"name":"Meska.hu","url":"https:\/\/www.meska.hu","last":false},{"position":2,"name":"M\u0171v\u00e9szet","url":"https:\/\/www.meska.hu\/s\/muveszet\/c-357","last":false},{"position":3,"name":"Festm\u00e9ny","url":"https:\/\/www.meska.hu\/s\/festmeny\/c-358","last":false},{"position":4,"name":"\u00dcvegfestm\u00e9ny","url":"https:\/\/www.meska.hu\/s\/uvegfestmeny\/c-1325","last":true}],"h1":"\u00dcvegfestm\u00e9ny","url":{"url":"https:\/\/www.meska.hu\/s\/uvegfestmeny\/c-1325","title":"Mind","_debug_":false},"_count_":100}