{"_terms_":{"phrase":"*","category_id":"1429","category_ids":"1429","facets":"n","p":"1","pp":"100","sort_by":"create_date","sort_direction":"desc","product_type":"kezmuves|alapanyag|vintage","session_id":"30t7o7os5kpqr6jqlu4f6dv9bo"},"total":76,"products":[{"id":"3403420","shop_id":"27978","user_id":"336158","shop_name":"PDorci","shop_zip":"9700","product_code":"4017098","product_name_old":null,"product_name":"Cic\u00e1s fali k\u00e9p szett, 3 db-os","category_string":"Otthon & \u00c9letm\u00f3d, T\u00f6bb r\u00e9szes k\u00e9p, Dekor\u00e1ci\u00f3, K\u00e9p & Falik\u00e9p","technic_string":"Famegmunk\u00e1l\u00e1s, Festett t\u00e1rgyak","category_1":"813","category_2":"1429","category_3":"314","category_4":"417","merged_category_1":"0","merged_category_2":"0","merged_category_3":"785","technic_1":"478","technic_2":"481","technic_3":"0","color_1":"520","color_2":"0","color_3":"0","product_description_old":null,"product_description":"Gy\u00f6ny\u00f6r\u0171 \u00e9s cuki cic\u00e1s fali k\u00e9p szett, 3 db 35 x 35 cm-es k\u00e9ppel, 6 mm r\u00e9tegelt f\u00e1b\u00f3l k\u00e9sz\u00edtve. Elt\u00e9r\u0151 sz\u00ednben is k\u00e9rheted, ezt k\u00e9rlek jelezd a megjegyz\u00e9se k\u00f6zt! Az \u00e1r a h\u00e1rom darabos kollekci\u00f3ra vonatkozik, egyedi k\u00e9r\u00e9s eset\u00e9n k\u00e9r\u00fcnk, \u00edrj \u00fczenetet!","price":"25000.00","unit":"garn","recommended":"0","status":"1","sponsored":"0","exp_notify":"0","own_material":"0","own_material_description_old":null,"own_material_description":"","jury":"0","jury_number":"","product_nature":"","meskaracsony":"0","create_date":"2026-05-02 06:23:16","shelve_id":"0","image":"pdorci_product_336158_210127221030_674159.jpeg","image_width":"480","image_height":"300","image_alt":"Cic\u00e1s fali k\u00e9p szett, 3 db-os, Gy\u00f6ny\u00f6r\u0171 \u00e9s cuki cic\u00e1s fali k\u00e9p szett, 3 db 35 x 35 cm-es k\u00e9ppel, 6 mm r\u00e9tegelt f\u00e1b\u00f3l k\u00e9sz\u00edtve. Elt\u00e9..., Meska","image_title":"Cic\u00e1s fali k\u00e9p szett, 3 db-os, Meska","view_count":"2303","favourite_count":"0","trending_score":"0","last2MonthFavouriteCount":"0","promotion":"0","giftcard_accept":"1","creditcard_accept":false,"enhanced_background":"0","domain":"meska","specific_customer_id":null,"specific_customer_name":null,"to_order_product":"1","to_order_product_time":"2","product_different":"not_different","product_different_description":"","vintage":"0","vintage_category_id":"0","recycled":"0","gemstone_id":"0","customizable":"0","type_category":"physical","zerowaste":"0","postage_price":"2000.00","shop_order":"0","has_category":"1","landing_pages":null,"microdata":{"number":1,"category":""},"title":"Cic\u00e1s fali k\u00e9p szett, 3 db-os","description":"Gy\u00f6ny\u00f6r\u0171 \u00e9s cuki cic\u00e1s fali k\u00e9p szett, 3 db 35 x 35 cm-es k\u00e9ppel, 6 mm r\u00e9tegelt f\u00e1b\u00f3l k\u00e9sz\u00edtve. Elt\u00e9r\u0151 sz\u00ednben is k\u00e9rheted, ezt k\u00e9rlek jelezd a megjegyz\u00e9se k\u00f6zt! Az \u00e1r a h\u00e1rom darabos kollekci\u00f3ra vonatkozik, egyedi k\u00e9r\u00e9s eset\u00e9n k\u00e9r\u00fcnk, \u00edrj \u00fczenetet!","score":0,"formatted_price":"25 000 Ft","image_url":"https:\/\/www.meska.hu\/img\/product\/small\/p\/d\/pdorci_product_336158_210127221030_674159.jpeg","formatted_url":"https:\/\/www.meska.hu\/p4017098-cicas-fali-kep-szett-3-db-os","favourite":false,"in_stock":false,"avatar":"PDorci_avatar_336158_1613076729.jpg","delete_from":0,"is_enhanced_background":false,"is_enhanced":false,"product_selection_started":false,"is_active":true,"image_webp_url":"https:\/\/www.meska.hu\/img\/product\/small\/p\/d\/pdorci_product_336158_210127221030_674159.webp"},{"id":"3436514","shop_id":"29709","user_id":"371419","shop_name":"Hexartdesign","shop_zip":"1183","product_code":"3895273","product_name_old":null,"product_name":"14 db-os hatsz\u00f6g fot\u00f3 dekor\u00e1ci\u00f3 a Te csal\u00e1di k\u00e9peiddel","category_string":"Otthon & \u00c9letm\u00f3d, Dekor\u00e1ci\u00f3, K\u00e9p & Falik\u00e9p, T\u00f6bb r\u00e9szes k\u00e9p","technic_string":"Fot\u00f3, grafika, rajz, illusztr\u00e1ci\u00f3","category_1":"813","category_2":"314","category_3":"417","category_4":"1429","merged_category_1":"0","merged_category_2":"0","merged_category_3":"785","technic_1":"483","technic_2":"0","technic_3":"0","color_1":"532","color_2":"0","color_3":"0","product_description_old":null,"product_description":"Hexart Design - Az okos dekor\u00e1ci\u00f3\nNincs sz\u00fcks\u00e9g keretre \/ Kas\u00edrozott habkarton \/ Egy mozdulattal felrakhat\u00f3 \/ B\u0151v\u00edthet\u0151\n\n* * *\nHa t\u00f6bb dekor\u00e1ci\u00f3t is szeretn\u00e9l, akkor \u00e9rdemes szettet v\u00e1s\u00e1rolnod. Min\u00e9l nagyobb a szett darabsz\u00e1ma, ann\u00e1l olcs\u00f3bb egy dekor\u00e1ci\u00f3 \u00e1ra!\n* * *\n\nA kedvezm\u00e9nyes szett aj\u00e1nlatokat az al\u00e1bbi linken tudod megn\u00e9zni:\nhttps:\/\/www.meska.hu\/shop\/Hexartdesign?s=62737&o=legdragabb&p=1\n\nItt a lehet\u0151s\u00e9g hogy kirakd a falra a legkedvesebb csal\u00e1di k\u00e9peidet. Ez nem csup\u00e1n egy egyszer\u0171 fot\u00f3nyomtat\u00e1s, hanem k\u00e9sz dekor\u00e1ci\u00f3s megold\u00e1s, amivel nincs m\u00e1s dolgod csak felrakni a falra. Aj\u00e1nd\u00e9knak is kiv\u00e1l\u00f3.\n\nA hatsz\u00f6g form\u00e1kat v\u00e9gtelen elrendez\u00e9sben felrakhatod. Min\u00e9l t\u00f6bb darabos szettet v\u00e1lasztasz, ann\u00e1l egyedibb mint\u00e1t tudsz kirakni a falra.\n\nMi\u00e9rt \u00e9s milyen alkalomra aj\u00e1nlom?\n- Kar\u00e1csony - kar\u00e1csonyi aj\u00e1nd\u00e9k \u00f6tlet a p\u00e1rod sz\u00e1m\u00e1ra\n- M\u0171termi \/ csal\u00e1di fot\u00f3z\u00e1s - ha r\u00e9szt vett\u00e9l profi m\u0171termi \/ csal\u00e1di fot\u00f3z\u00e1son, akkor az ott k\u00e9sz\u00fclt k\u00e9peidhez a legjobb dekor\u00e1ci\u00f3s megold\u00e1s\n- Esk\u00fcv\u0151, n\u00e1szaj\u00e1nd\u00e9k - az esk\u00fcv\u0151i k\u00e9peid, melyek felid\u00e9zik a nagy nap \u00f6r\u00f6meit\n- \u00c9vfordul\u00f3, valentin nap - eml\u00e9kezetes pillanataitok \u00e9s fontos m\u00e9rf\u00f6ldk\u00f6veitek \u00e9vfordul\u00f3s vagy valentin napi meglepet\u00e9sk\u00e9nt\n- Sz\u00fclet\u00e9snap, n\u00e9vnap - ha egy igaz\u00e1n eredeti \u00e9s szem\u00e9lyes sz\u00fclet\u00e9snapi vagy n\u00e9vnapi aj\u00e1nd\u00e9kot adn\u00e1l\n- Gyermek\u00e1ld\u00e1s - babafot\u00f3k a kisbab\u00e1dr\u00f3l\n- Csal\u00e1di fot\u00f3k - fot\u00f3k amin egy\u00fctt van a csal\u00e1dod, ak\u00e1r otthon vagy utaz\u00e1s, nyaral\u00e1s k\u00f6zben \n- B\u0151v\u00edthet\u0151 megold\u00e1s - ha fot\u00f3s dekor\u00e1ci\u00f3t v\u00e1s\u00e1rolsz t\u0151lem, akkor azt b\u00e1rmikor tov\u00e1bb b\u0151v\u00edtheted \u00fajabb \u00e9s \u00fajabb elemekkel\n\nHogy mit takar az okos dekor\u00e1ci\u00f3?\nA legfontosabb el\u0151nyei, m\u00e1s dekor\u00e1ci\u00f3s megold\u00e1ssal szemben:\n- egy mozdulattal felrakhat\u00f3 b\u00e1rmilyen fel\u00fcletre (falra, szekr\u00e9nyre, \u00fcvegre stb.)\n- nincs sz\u00fcks\u00e9g sz\u00f6gre \u00e9s kalap\u00e1csra a felhelyez\u00e9shez\n- nincsenek tov\u00e1bbi k\u00f6lts\u00e9geid, hiszen nem kell keretet is v\u00e1s\u00e1rolni (egy A4-es k\u00e9p eset\u00e9ben ez keretenk\u00e9nt 2-5 ezer forint is lehet)\n- nyom n\u00e9lk\u00fcl \u00e1thelyezhet\u0151, t\u00f6bbsz\u00f6r is\n\nA k\u00e9pen l\u00e1that\u00f3 kieg\u00e9sz\u00edt\u0151 dekor\u00e1ci\u00f3s k\u00f6rnyezet csak illusztr\u00e1ci\u00f3, ami nem k\u00e9pezi a term\u00e9k r\u00e9sz\u00e9t. A m\u00e9retar\u00e1ny nem felt\u00e9tlen\u00fcl felel meg a val\u00f3s\u00e1gnak. A dekor\u00e1ci\u00f3 pontos m\u00e9ret \u00e9s fel\u00fclet opci\u00f3it az al\u00e1bbi term\u00e9kle\u00edr\u00e1sban l\u00e1thatod.\n\nTerm\u00e9kle\u00edr\u00e1s:\nMin\u0151s\u00e9gi fot\u00f3pap\u00edrra k\u00e9sz\u00fcl\u0151 nyomat, amely egy 5 mm-es vastag, hatsz\u00f6g form\u00e1j\u00fa feh\u00e9r habkartonra van kas\u00edrozva. R\u00f6gz\u00edt\u00e9se speci\u00e1lis ragaszt\u00e1si technol\u00f3gi\u00e1val t\u00f6rt\u00e9nik, amivel a dekor\u00e1ci\u00f3 nyom n\u00e9lk\u00fcl \u00e1thelyezhet\u0151, ak\u00e1r t\u00f6bbsz\u00f6r is.\nEl\u00e9rhet\u0151 az al\u00e1bbi m\u00e9ret \u00e9s fel\u00fclet opci\u00f3kban (a term\u00e9kk\u00e9pek k\u00f6z\u00f6tt megtal\u00e1lod a Norm\u00e1l \u00e9s Nagy verzi\u00f3 m\u00e9retar\u00e1nyos \u00f6sszehasonl\u00edt\u00f3 k\u00e9pet is). A v\u00e1s\u00e1rl\u00e1sn\u00e1l pedig a M\u00e9ret leg\u00f6rd\u00fcl\u0151 men\u00fcben v\u00e1laszthatod majd ki, a Neked szimpatikus verzi\u00f3t.\n- Norm\u00e1l m\u00e9ret (231x200 mm), f\u00e9nyes fel\u00fclettel (alap\u00e1r)\n- Nagy m\u00e9ret (300x260 mm), f\u00e9nyes fel\u00fclettel (fel\u00e1ras opci\u00f3)\n\n\u201e+ Fot\u00f3 szerkeszt\u00e9s\u201d mint v\u00e1laszthat\u00f3 kieg\u00e9sz\u00edt\u0151 jelent\u00e9se:\nAmennyiben + Fot\u00f3 szerkeszt\u00e9st (fel\u00e1ras opci\u00f3) is k\u00e9rsz, akkor az a k\u00f6vetkez\u0151 extr\u00e1kat is tartalmazza:\n- probl\u00e9m\u00e1s k\u00e9pek extra verzi\u00f3inak szerkeszt\u00e9s\u00e9t (nem minden fot\u00f3 kompoz\u00edci\u00f3ja m\u0171k\u00f6dik a hatsz\u00f6g form\u00e1ban, ez\u00e9rt ezekhez a k\u00e9pekhez egy plusz alternat\u00edv v\u00e1ltozatot is k\u00e9sz\u00edtek, ahol a fot\u00f3 jelent\u0151s r\u00e9sze l\u00e1that\u00f3 marad)\n- ak\u00e1r t\u00f6bb k\u00f6r\u00f6s l\u00e1tv\u00e1nyterv egyeztet\u00e9st\n- az egyeztet\u00e9s alatti fot\u00f3csere lehet\u0151s\u00e9g\u00e9t\n- a sz\u00edn, kontraszt, sz\u00ednh\u0151m\u00e9rs\u00e9klet jav\u00edt\u00e1s\u00e1t \u00e9s a nyomtat\u00e1sra optimaliz\u00e1l\u00e1st a m\u00e9g szebb v\u00e9geredm\u00e9ny\u00e9rt\n\nA szerkeszt\u00e9s nem tartalmaz k\u00e9pi elem elt\u00e1vol\u00edt\u00e1st \u00e9s egy\u00e9b \u00f6sszetett retus\u00e1l\u00e1st!\n\nRendel\u00e9s:\nMiut\u00e1n leadtad a rendel\u00e9st, felveszem veled a kapcsolatot emailben. Ezut\u00e1n tudod majd elk\u00fcldeni nekem a fot\u00f3kat (lehet\u0151s\u00e9g szerint a legjobb min\u0151s\u00e9gben). Hamarosan l\u00e1tv\u00e1nytervet k\u00fcld\u00f6k Neked, amit ha elfogadsz k\u00e9sz\u00edtem is.\n\nFot\u00f3 szerz\u0151i jog:\nMinden sz\u00e1momra elk\u00fcld\u00f6tt fot\u00f3 szerz\u0151i joga a V\u00e1s\u00e1rl\u00f3\u00e9. Nem ker\u00fcl harmadik f\u00e9lhez \u00e9s a dekor\u00e1ci\u00f3 nyomtat\u00e1sa ut\u00e1n t\u00f6rl\u00e9sre ker\u00fcl.\n\nAz \u00e1r 14 darab term\u00e9kre vonatkozik.","price":"74200.00","unit":"db","recommended":"0","status":"1","sponsored":"0","exp_notify":"0","own_material":"0","own_material_description_old":null,"own_material_description":"","jury":"0","jury_number":"","product_nature":"","meskaracsony":"0","create_date":"2026-04-30 01:06:40","shelve_id":"62737","image":"hexartdesign_product_371419_250813145125_357730.jpeg","image_width":"480","image_height":"480","image_alt":"14 db-os hatsz\u00f6g fot\u00f3 dekor\u00e1ci\u00f3 a Te csal\u00e1di k\u00e9peiddel, Hexart Design - Az okos dekor\u00e1ci\u00f3\\nNincs sz\u00fcks\u00e9g keretre \/ Kas\u00edrozott habkarton \/ Egy mozdulattal fel..., Meska","image_title":"14 db-os hatsz\u00f6g fot\u00f3 dekor\u00e1ci\u00f3 a Te csal\u00e1di k\u00e9peiddel, Meska","view_count":"3251","favourite_count":"0","trending_score":"0","last2MonthFavouriteCount":"0","promotion":"0","giftcard_accept":"1","creditcard_accept":true,"enhanced_background":"0","domain":"meska","specific_customer_id":null,"specific_customer_name":null,"to_order_product":"1","to_order_product_time":"3","product_different":"quite_different","product_different_description":"A sz\u00ednek minim\u00e1lisan elt\u00e9rhetnek a kijelz\u0151n l\u00e1that\u00f3 sz\u00ednekt\u0151l (mobil kijelz\u0151, monitor stb.)\nAz egyedi szem\u00e9lyre szabott dekor\u00e1ci\u00f3kn\u00e1l v\u00e1ltozik a sz\u00f6veg.","vintage":"0","vintage_category_id":"0","recycled":"0","gemstone_id":"0","customizable":"1","type_category":"physical","zerowaste":"0","postage_price":"1490.00","shop_order":"0","has_category":"1","landing_pages":"Kar\u00e1csonyi aj\u00e1nd\u00e9kok, Kar\u00e1csonyi aj\u00e1nd\u00e9kok","microdata":{"number":2,"category":""},"title":"14 db-os hatsz\u00f6g fot\u00f3 dekor\u00e1ci\u00f3 a Te csal\u00e1di k\u00e9peiddel","description":"Hexart Design - Az okos dekor\u00e1ci\u00f3\nNincs sz\u00fcks\u00e9g keretre \/ Kas\u00edrozott habkarton \/ Egy mozdulattal felrakhat\u00f3 \/ B\u0151v\u00edthet\u0151\n\n* * *\nHa t\u00f6bb dekor\u00e1ci\u00f3t is szeretn\u00e9l, akkor \u00e9rdemes szettet v\u00e1s\u00e1rolnod. Min\u00e9l nagyobb a szett darabsz\u00e1ma, ann\u00e1l olcs\u00f3bb egy dekor\u00e1ci\u00f3 \u00e1ra!\n* * *\n\nA kedvezm\u00e9nyes szett aj\u00e1nlatokat az al\u00e1bbi linken tudod megn\u00e9zni:\nhttps:\/\/www.meska.hu\/shop\/Hexartdesign?s=62737&o=legdragabb&p=1\n\nItt a lehet\u0151s\u00e9g hogy kirakd a falra a legkedvesebb csal\u00e1di k\u00e9peidet. Ez nem csup\u00e1n egy egyszer\u0171 fot\u00f3nyomtat\u00e1s, hanem k\u00e9sz dekor\u00e1ci\u00f3s megold\u00e1s, amivel nincs m\u00e1s dolgod csak felrakni a falra. Aj\u00e1nd\u00e9knak is kiv\u00e1l\u00f3.\n\nA hatsz\u00f6g form\u00e1kat v\u00e9gtelen elrendez\u00e9sben felrakhatod. Min\u00e9l t\u00f6bb darabos szettet v\u00e1lasztasz, ann\u00e1l egyedibb mint\u00e1t tudsz kirakni a falra.\n\nMi\u00e9rt \u00e9s milyen alkalomra aj\u00e1nlom?\n- Kar\u00e1csony - kar\u00e1csonyi aj\u00e1nd\u00e9k \u00f6tlet a p\u00e1rod sz\u00e1m\u00e1ra\n- M\u0171termi \/ csal\u00e1di fot\u00f3z\u00e1s - ha r\u00e9szt vett\u00e9l profi m\u0171termi \/ csal\u00e1di fot\u00f3z\u00e1son, akkor az ott k\u00e9sz\u00fclt k\u00e9peidhez a legjobb dekor\u00e1ci\u00f3s megold\u00e1s\n- Esk\u00fcv\u0151, n\u00e1szaj\u00e1nd\u00e9k - az esk\u00fcv\u0151i k\u00e9peid, melyek felid\u00e9zik a nagy nap \u00f6r\u00f6meit\n- \u00c9vfordul\u00f3, valentin nap - eml\u00e9kezetes pillanataitok \u00e9s fontos m\u00e9rf\u00f6ldk\u00f6veitek \u00e9vfordul\u00f3s vagy valentin napi meglepet\u00e9sk\u00e9nt\n- Sz\u00fclet\u00e9snap, n\u00e9vnap - ha egy igaz\u00e1n eredeti \u00e9s szem\u00e9lyes sz\u00fclet\u00e9snapi vagy n\u00e9vnapi aj\u00e1nd\u00e9kot adn\u00e1l\n- Gyermek\u00e1ld\u00e1s - babafot\u00f3k a kisbab\u00e1dr\u00f3l\n- Csal\u00e1di fot\u00f3k - fot\u00f3k amin egy\u00fctt van a csal\u00e1dod, ak\u00e1r otthon vagy utaz\u00e1s, nyaral\u00e1s k\u00f6zben \n- B\u0151v\u00edthet\u0151 megold\u00e1s - ha fot\u00f3s dekor\u00e1ci\u00f3t v\u00e1s\u00e1rolsz t\u0151lem, akkor azt b\u00e1rmikor tov\u00e1bb b\u0151v\u00edtheted \u00fajabb \u00e9s \u00fajabb elemekkel\n\nHogy mit takar az okos dekor\u00e1ci\u00f3?\nA legfontosabb el\u0151nyei, m\u00e1s dekor\u00e1ci\u00f3s megold\u00e1ssal szemben:\n- egy mozdulattal felrakhat\u00f3 b\u00e1rmilyen fel\u00fcletre (falra, szekr\u00e9nyre, \u00fcvegre stb.)\n- nincs sz\u00fcks\u00e9g sz\u00f6gre \u00e9s kalap\u00e1csra a felhelyez\u00e9shez\n- nincsenek tov\u00e1bbi k\u00f6lts\u00e9geid, hiszen nem kell keretet is v\u00e1s\u00e1rolni (egy A4-es k\u00e9p eset\u00e9ben ez keretenk\u00e9nt 2-5 ezer forint is lehet)\n- nyom n\u00e9lk\u00fcl \u00e1thelyezhet\u0151, t\u00f6bbsz\u00f6r is\n\nA k\u00e9pen l\u00e1that\u00f3 kieg\u00e9sz\u00edt\u0151 dekor\u00e1ci\u00f3s k\u00f6rnyezet csak illusztr\u00e1ci\u00f3, ami nem k\u00e9pezi a term\u00e9k r\u00e9sz\u00e9t. A m\u00e9retar\u00e1ny nem felt\u00e9tlen\u00fcl felel meg a val\u00f3s\u00e1gnak. A dekor\u00e1ci\u00f3 pontos m\u00e9ret \u00e9s fel\u00fclet opci\u00f3it az al\u00e1bbi term\u00e9kle\u00edr\u00e1sban l\u00e1thatod.\n\nTerm\u00e9kle\u00edr\u00e1s:\nMin\u0151s\u00e9gi fot\u00f3pap\u00edrra k\u00e9sz\u00fcl\u0151 nyomat, amely egy 5 mm-es vastag, hatsz\u00f6g form\u00e1j\u00fa feh\u00e9r habkartonra van kas\u00edrozva. R\u00f6gz\u00edt\u00e9se speci\u00e1lis ragaszt\u00e1si technol\u00f3gi\u00e1val t\u00f6rt\u00e9nik, amivel a dekor\u00e1ci\u00f3 nyom n\u00e9lk\u00fcl \u00e1thelyezhet\u0151, ak\u00e1r t\u00f6bbsz\u00f6r is.\nEl\u00e9rhet\u0151 az al\u00e1bbi m\u00e9ret \u00e9s fel\u00fclet opci\u00f3kban (a term\u00e9kk\u00e9pek k\u00f6z\u00f6tt megtal\u00e1lod a Norm\u00e1l \u00e9s Nagy verzi\u00f3 m\u00e9retar\u00e1nyos \u00f6sszehasonl\u00edt\u00f3 k\u00e9pet is). A v\u00e1s\u00e1rl\u00e1sn\u00e1l pedig a M\u00e9ret leg\u00f6rd\u00fcl\u0151 men\u00fcben v\u00e1laszthatod majd ki, a Neked szimpatikus verzi\u00f3t.\n- Norm\u00e1l m\u00e9ret (231x200 mm), f\u00e9nyes fel\u00fclettel (alap\u00e1r)\n- Nagy m\u00e9ret (300x260 mm), f\u00e9nyes fel\u00fclettel (fel\u00e1ras opci\u00f3)\n\n\u201e+ Fot\u00f3 szerkeszt\u00e9s\u201d mint v\u00e1laszthat\u00f3 kieg\u00e9sz\u00edt\u0151 jelent\u00e9se:\nAmennyiben + Fot\u00f3 szerkeszt\u00e9st (fel\u00e1ras opci\u00f3) is k\u00e9rsz, akkor az a k\u00f6vetkez\u0151 extr\u00e1kat is tartalmazza:\n- probl\u00e9m\u00e1s k\u00e9pek extra verzi\u00f3inak szerkeszt\u00e9s\u00e9t (nem minden fot\u00f3 kompoz\u00edci\u00f3ja m\u0171k\u00f6dik a hatsz\u00f6g form\u00e1ban, ez\u00e9rt ezekhez a k\u00e9pekhez egy plusz alternat\u00edv v\u00e1ltozatot is k\u00e9sz\u00edtek, ahol a fot\u00f3 jelent\u0151s r\u00e9sze l\u00e1that\u00f3 marad)\n- ak\u00e1r t\u00f6bb k\u00f6r\u00f6s l\u00e1tv\u00e1nyterv egyeztet\u00e9st\n- az egyeztet\u00e9s alatti fot\u00f3csere lehet\u0151s\u00e9g\u00e9t\n- a sz\u00edn, kontraszt, sz\u00ednh\u0151m\u00e9rs\u00e9klet jav\u00edt\u00e1s\u00e1t \u00e9s a nyomtat\u00e1sra optimaliz\u00e1l\u00e1st a m\u00e9g szebb v\u00e9geredm\u00e9ny\u00e9rt\n\nA szerkeszt\u00e9s nem tartalmaz k\u00e9pi elem elt\u00e1vol\u00edt\u00e1st \u00e9s egy\u00e9b \u00f6sszetett retus\u00e1l\u00e1st!\n\nRendel\u00e9s:\nMiut\u00e1n leadtad a rendel\u00e9st, felveszem veled a kapcsolatot emailben. Ezut\u00e1n tudod majd elk\u00fcldeni nekem a fot\u00f3kat (lehet\u0151s\u00e9g szerint a legjobb min\u0151s\u00e9gben). Hamarosan l\u00e1tv\u00e1nytervet k\u00fcld\u00f6k Neked, amit ha elfogadsz k\u00e9sz\u00edtem is.\n\nFot\u00f3 szerz\u0151i jog:\nMinden sz\u00e1momra elk\u00fcld\u00f6tt fot\u00f3 szerz\u0151i joga a V\u00e1s\u00e1rl\u00f3\u00e9. Nem ker\u00fcl harmadik f\u00e9lhez \u00e9s a dekor\u00e1ci\u00f3 nyomtat\u00e1sa ut\u00e1n t\u00f6rl\u00e9sre ker\u00fcl.\n\nAz \u00e1r 14 darab term\u00e9kre vonatkozik.","score":0,"formatted_price":"74 200 Ft","image_url":"https:\/\/www.meska.hu\/img\/product\/small\/h\/e\/hexartdesign_product_371419_250813145125_357730.jpeg","formatted_url":"https:\/\/www.meska.hu\/p3895273-14-db-os-hatszog-foto-dekoracio-a-te-csaladi-kepeiddel","favourite":false,"in_stock":false,"avatar":"Hexartdesign_avatar_371419_1589358772.jpg","delete_from":0,"is_enhanced_background":false,"is_enhanced":false,"product_selection_started":false,"is_active":true,"image_webp_url":"https:\/\/www.meska.hu\/img\/product\/small\/h\/e\/hexartdesign_product_371419_250813145125_357730.webp"},{"id":"4701363","shop_id":"40036","user_id":"555489","shop_name":"MakramEVArazs","shop_zip":"1028","product_code":"4899704","product_name_old":null,"product_name":"Makram\u00e9 csal\u00e1di k\u00e9p","category_string":"Otthon & \u00c9letm\u00f3d, Dekor\u00e1ci\u00f3, K\u00e9p & Falik\u00e9p, T\u00f6bb r\u00e9szes k\u00e9p","technic_string":"Csom\u00f3z\u00e1s","category_1":"813","category_2":"314","category_3":"417","category_4":"1429","merged_category_1":null,"merged_category_2":null,"merged_category_3":null,"technic_1":"475","technic_2":"0","technic_3":"0","color_1":"519","color_2":"521","color_3":"534","product_description_old":null,"product_description":"Ez a k\u00e9zzel k\u00e9sz\u00fclt makram\u00e9 csal\u00e1di k\u00e9p egy igaz\u00e1n k\u00fcl\u00f6nleges m\u00f3dja annak, hogy meg\u00f6r\u00f6k\u00edtsd szeretteid k\u00f6z\u00f6s pillanatait. A term\u00e9szetes fonalak, az egyedi form\u00e1k \u00e9s az apr\u00f3l\u00e9kosan kidolgozott r\u00e9szletek harm\u00f3ni\u00e1ja teszi ezt a dekor\u00e1ci\u00f3t igaz\u00e1n egyediv\u00e9.  \n\nA k\u00e9p sz\u00e9les keretbe k\u00e9sz\u00fcl, m\u00e9rete v\u00e1laszthat\u00f3:  \n- 25x20 cm vagy 25x25 cm\n- Az \u00e1r 2-4 emberk\u00e9re vonatkozik, ha t\u00f6bbet szeretn\u00e9l, egyedi egyeztet\u00e9s alapj\u00e1n alak\u00edtjuk ki!  \n\nK\u00fcl\u00f6nleges ig\u00e9nyeid vannak? Szeretn\u00e9d, hogy a csal\u00e1di k\u00e9p t\u00f6k\u00e9letesen t\u00fckr\u00f6zze szeretteid l\u00e9ny\u00e9t? Szem\u00e9lyre szabottan k\u00e9sz\u00edtem el, hogy igaz\u00e1n egyedi legyen!  \nAmennyiben 6-n\u00e1l t\u00f6bb emberk\u00e9vel szeretn\u00e9d a k\u00e9pet, a keretet is \u00e1talak\u00edtjuk, hogy t\u00f6k\u00e9letesen illeszkedjen. \u00cdgy ak\u00e1r b\u00f6lcsis csoportos k\u00e9pnek is kiv\u00e1l\u00f3 v\u00e1laszt\u00e1s lehet!  ","price":"20000.00","unit":"db","recommended":"0","status":"1","sponsored":"0","exp_notify":"0","own_material":"0","own_material_description_old":null,"own_material_description":"","jury":"0","jury_number":"","product_nature":"","meskaracsony":"0","create_date":"2026-04-29 19:03:54","shelve_id":"0","image":"makramevarazs_product_555489_240724150643_949586.jpeg","image_width":"480","image_height":"390","image_alt":"Makram\u00e9 csal\u00e1di k\u00e9p, Ez a k\u00e9zzel k\u00e9sz\u00fclt makram\u00e9 csal\u00e1di k\u00e9p egy igaz\u00e1n k\u00fcl\u00f6nleges m\u00f3dja annak, hogy meg\u00f6r\u00f6k\u00edtsd szerette..., Meska","image_title":"Makram\u00e9 csal\u00e1di k\u00e9p, Meska","view_count":"1745","favourite_count":"0","trending_score":"0","last2MonthFavouriteCount":"0","promotion":"0","giftcard_accept":"0","creditcard_accept":true,"enhanced_background":"0","domain":"meska","specific_customer_id":null,"specific_customer_name":null,"to_order_product":"1","to_order_product_time":"20","product_different":null,"product_different_description":"","vintage":"0","vintage_category_id":"0","recycled":"0","gemstone_id":"0","customizable":"0","type_category":"physical","zerowaste":"0","postage_price":"0.00","shop_order":"0","has_category":"1","landing_pages":null,"microdata":{"number":3,"category":""},"title":"Makram\u00e9 csal\u00e1di k\u00e9p","description":"Ez a k\u00e9zzel k\u00e9sz\u00fclt makram\u00e9 csal\u00e1di k\u00e9p egy igaz\u00e1n k\u00fcl\u00f6nleges m\u00f3dja annak, hogy meg\u00f6r\u00f6k\u00edtsd szeretteid k\u00f6z\u00f6s pillanatait. A term\u00e9szetes fonalak, az egyedi form\u00e1k \u00e9s az apr\u00f3l\u00e9kosan kidolgozott r\u00e9szletek harm\u00f3ni\u00e1ja teszi ezt a dekor\u00e1ci\u00f3t igaz\u00e1n egyediv\u00e9.  \n\nA k\u00e9p sz\u00e9les keretbe k\u00e9sz\u00fcl, m\u00e9rete v\u00e1laszthat\u00f3:  \n- 25x20 cm vagy 25x25 cm\n- Az \u00e1r 2-4 emberk\u00e9re vonatkozik, ha t\u00f6bbet szeretn\u00e9l, egyedi egyeztet\u00e9s alapj\u00e1n alak\u00edtjuk ki!  \n\nK\u00fcl\u00f6nleges ig\u00e9nyeid vannak? Szeretn\u00e9d, hogy a csal\u00e1di k\u00e9p t\u00f6k\u00e9letesen t\u00fckr\u00f6zze szeretteid l\u00e9ny\u00e9t? Szem\u00e9lyre szabottan k\u00e9sz\u00edtem el, hogy igaz\u00e1n egyedi legyen!  \nAmennyiben 6-n\u00e1l t\u00f6bb emberk\u00e9vel szeretn\u00e9d a k\u00e9pet, a keretet is \u00e1talak\u00edtjuk, hogy t\u00f6k\u00e9letesen illeszkedjen. \u00cdgy ak\u00e1r b\u00f6lcsis csoportos k\u00e9pnek is kiv\u00e1l\u00f3 v\u00e1laszt\u00e1s lehet!  ","score":0,"formatted_price":"20 000 Ft","image_url":"https:\/\/www.meska.hu\/img\/product\/small\/m\/a\/makramevarazs_product_555489_240724150643_949586.jpeg","formatted_url":"https:\/\/www.meska.hu\/p4899704-makrame-csaladi-kep","favourite":false,"in_stock":false,"avatar":"555489_avatar_1675330320.jpeg","delete_from":0,"is_enhanced_background":false,"is_enhanced":false,"product_selection_started":false,"is_active":true,"image_webp_url":"https:\/\/www.meska.hu\/img\/product\/small\/m\/a\/makramevarazs_product_555489_240724150643_949586.webp"},{"id":"6198657","shop_id":"50842","user_id":"556831","shop_name":"MeglepiBox","shop_zip":"8143","product_code":"5778412","product_name_old":null,"product_name":"Eml\u00e9kbox 8 saj\u00e1t fot\u00f3val","category_string":"Otthon & \u00c9letm\u00f3d, Dekor\u00e1ci\u00f3, K\u00e9p & Falik\u00e9p, T\u00f6bb r\u00e9szes k\u00e9p","technic_string":"Fot\u00f3, grafika, rajz, illusztr\u00e1ci\u00f3","category_1":"813","category_2":"314","category_3":"417","category_4":"1429","merged_category_1":null,"merged_category_2":null,"merged_category_3":null,"technic_1":"483","technic_2":"0","technic_3":"0","color_1":"514","color_2":"0","color_3":"0","product_description_old":null,"product_description":"Ez a pr\u00e9mium min\u0151s\u00e9g\u0171, s\u00f6t\u00e9tbarna f\u00e1b\u00f3l k\u00e9sz\u00fclt 8X8 cm doboz nem csup\u00e1n egy letisztult diz\u00e1jn elem, hanem egy interakt\u00edv t\u00f6rt\u00e9netmes\u00e9l\u0151.\n\nA gondosan megalkotott bels\u0151 mechanik\u00e1nak k\u00f6sz\u00f6nhet\u0151en a saj\u00e1t, 8 darab fot\u00f3db\u00f3l \u00e1ll\u00f3 v\u00e1logat\u00e1sodat egy egyszer\u0171 kar seg\u00edts\u00e9g\u00e9vel lapozhatod v\u00e9gig, hogy az \u00e9lm\u00e9ny a nap b\u00e1rmely szakasz\u00e1ban t\u00f6k\u00e9letes legyen, egyetlen \u00e9rint\u00e9ssel 3 k\u00fcl\u00f6nb\u00f6z\u0151 vil\u00e1g\u00edt\u00e1si m\u00f3ddal az eml\u00e9keid mindig a legmegfelel\u0151bb hangulatban ragyoghatnak.","price":"15990.00","unit":"db","recommended":"0","status":"1","sponsored":"0","exp_notify":"0","own_material":"0","own_material_description_old":null,"own_material_description":"","jury":"0","jury_number":"","product_nature":"","meskaracsony":"0","create_date":"2026-04-29 11:38:32","shelve_id":"0","image":"meglepibox_product_556831_260429113020_97990.png","image_width":"480","image_height":"360","image_alt":"Eml\u00e9kbox 8 saj\u00e1t fot\u00f3val, Ez a pr\u00e9mium min\u0151s\u00e9g\u0171, s\u00f6t\u00e9tbarna f\u00e1b\u00f3l k\u00e9sz\u00fclt 8X8 cm doboz nem csup\u00e1n egy letisztult diz\u00e1jn elem, ..., Meska","image_title":"Eml\u00e9kbox 8 saj\u00e1t fot\u00f3val, Meska","view_count":"16","favourite_count":"0","trending_score":"0","last2MonthFavouriteCount":"0","promotion":"0","giftcard_accept":"0","creditcard_accept":true,"enhanced_background":"0","domain":"meska","specific_customer_id":null,"specific_customer_name":null,"to_order_product":"1","to_order_product_time":"2","product_different":null,"product_different_description":"","vintage":"0","vintage_category_id":"0","recycled":"0","gemstone_id":"0","customizable":"0","type_category":"physical","zerowaste":"0","postage_price":"1349.00","shop_order":"0","has_category":"1","landing_pages":null,"microdata":{"number":4,"category":""},"title":"Eml\u00e9kbox 8 saj\u00e1t fot\u00f3val","description":"Ez a pr\u00e9mium min\u0151s\u00e9g\u0171, s\u00f6t\u00e9tbarna f\u00e1b\u00f3l k\u00e9sz\u00fclt 8X8 cm doboz nem csup\u00e1n egy letisztult diz\u00e1jn elem, hanem egy interakt\u00edv t\u00f6rt\u00e9netmes\u00e9l\u0151.\n\nA gondosan megalkotott bels\u0151 mechanik\u00e1nak k\u00f6sz\u00f6nhet\u0151en a saj\u00e1t, 8 darab fot\u00f3db\u00f3l \u00e1ll\u00f3 v\u00e1logat\u00e1sodat egy egyszer\u0171 kar seg\u00edts\u00e9g\u00e9vel lapozhatod v\u00e9gig, hogy az \u00e9lm\u00e9ny a nap b\u00e1rmely szakasz\u00e1ban t\u00f6k\u00e9letes legyen, egyetlen \u00e9rint\u00e9ssel 3 k\u00fcl\u00f6nb\u00f6z\u0151 vil\u00e1g\u00edt\u00e1si m\u00f3ddal az eml\u00e9keid mindig a legmegfelel\u0151bb hangulatban ragyoghatnak.","score":0,"formatted_price":"15 990 Ft","image_url":"https:\/\/www.meska.hu\/img\/product\/small\/m\/e\/meglepibox_product_556831_260429113020_97990.png","formatted_url":"https:\/\/www.meska.hu\/p5778412-emlekbox-8-sajat-fotoval","favourite":false,"in_stock":false,"avatar":"556831_avatar_1763065608.jpeg","delete_from":0,"is_enhanced_background":false,"is_enhanced":false,"product_selection_started":false,"is_active":true,"image_webp_url":"https:\/\/www.meska.hu\/img\/product\/small\/m\/e\/meglepibox_product_556831_260429113020_97990.webp"},{"id":"2305675","shop_id":"23360","user_id":"259843","shop_name":"bogyika17","shop_zip":"7200","product_code":"4116174","product_name_old":null,"product_name":"Keresztszemes vir\u00e1gok- falik\u00e9p4.","category_string":"Otthon & \u00c9letm\u00f3d, Dekor\u00e1ci\u00f3, K\u00e9p & Falik\u00e9p, T\u00f6bb r\u00e9szes k\u00e9p","technic_string":"Patchwork, foltvarr\u00e1s, Varr\u00e1s","category_1":"813","category_2":"314","category_3":"417","category_4":"1429","merged_category_1":"0","merged_category_2":"0","merged_category_3":"785","technic_1":"498","technic_2":"506","technic_3":"0","color_1":"514","color_2":"532","color_3":"0","product_description_old":null,"product_description":"A 12 h\u00f3nap gy\u00f6ny\u00f6r\u0171 vir\u00e1gai vannak keresztszemes h\u00edmz\u00e9ssel meg\u00f6r\u00f6k\u00edtve. A falik\u00e9p m\u00e9rete :egyenk\u00e9nt 47 x 24 cm. Textillel keretezett, fl\u00edzzel b\u00e9lelt, h\u00e1tlapja b\u00fatorv\u00e1szon. 3 karik\u00e1t varrok r\u00e1.\nA 4 himzett k\u00e9p egy\u00fctt egy k\u00e9szlet.","price":"12000.00","unit":"db","recommended":"0","status":"1","sponsored":"0","exp_notify":"0","own_material":"0","own_material_description_old":null,"own_material_description":"","jury":"0","jury_number":"","product_nature":"","meskaracsony":"0","create_date":"2026-04-22 14:01:01","shelve_id":"52470","image":"bogyika17_product_259843_190822193618_841646.jpeg","image_width":"480","image_height":"640","image_alt":"Keresztszemes vir\u00e1gok- falik\u00e9p4., A 12 h\u00f3nap gy\u00f6ny\u00f6r\u0171 vir\u00e1gai vannak keresztszemes h\u00edmz\u00e9ssel meg\u00f6r\u00f6k\u00edtve. A falik\u00e9p m\u00e9rete :egyenk\u00e9nt ..., Meska","image_title":"Keresztszemes vir\u00e1gok- falik\u00e9p4., Meska","view_count":"720","favourite_count":"0","trending_score":"0","last2MonthFavouriteCount":"0","promotion":"0","giftcard_accept":"1","creditcard_accept":true,"enhanced_background":"0","domain":"meska","specific_customer_id":null,"specific_customer_name":null,"to_order_product":"0","to_order_product_time":"0","product_different":null,"product_different_description":"","vintage":"0","vintage_category_id":"0","recycled":"0","gemstone_id":"0","customizable":"0","type_category":"physical","zerowaste":"0","postage_price":"2390.00","shop_order":"0","has_category":"1","landing_pages":null,"microdata":{"number":5,"category":""},"title":"Keresztszemes vir\u00e1gok- falik\u00e9p4.","description":"A 12 h\u00f3nap gy\u00f6ny\u00f6r\u0171 vir\u00e1gai vannak keresztszemes h\u00edmz\u00e9ssel meg\u00f6r\u00f6k\u00edtve. A falik\u00e9p m\u00e9rete :egyenk\u00e9nt 47 x 24 cm. Textillel keretezett, fl\u00edzzel b\u00e9lelt, h\u00e1tlapja b\u00fatorv\u00e1szon. 3 karik\u00e1t varrok r\u00e1.\nA 4 himzett k\u00e9p egy\u00fctt egy k\u00e9szlet.","score":0,"formatted_price":"12 000 Ft","image_url":"https:\/\/www.meska.hu\/img\/product\/small\/b\/o\/bogyika17_product_259843_190822193618_841646.jpeg","formatted_url":"https:\/\/www.meska.hu\/p4116174-keresztszemes-viragok-falikep4","favourite":false,"in_stock":true,"avatar":"259843_avatar_1775803726.jpeg","delete_from":0,"is_enhanced_background":false,"is_enhanced":false,"product_selection_started":false,"is_active":true,"image_webp_url":"https:\/\/www.meska.hu\/img\/product\/small\/b\/o\/bogyika17_product_259843_190822193618_841646.webp"},{"id":"6191292","shop_id":"52310","user_id":"777044","shop_name":"Kedvtelek","shop_zip":"6726","product_code":"5775919","product_name_old":null,"product_name":"Tavaszi mes\u00e9s k\u00e9pszett \u2013 csig\u00e1s, vir\u00e1gos \u00e9s gomb\u00e1s akvarell k\u00e9psorozat","category_string":"Otthon & \u00c9letm\u00f3d, Dekor\u00e1ci\u00f3, K\u00e9p & Falik\u00e9p, T\u00f6bb r\u00e9szes k\u00e9p","technic_string":"Fest\u00e9szet","category_1":"813","category_2":"314","category_3":"417","category_4":"1429","merged_category_1":null,"merged_category_2":null,"merged_category_3":null,"technic_1":"480","technic_2":"0","technic_3":"0","color_1":"523","color_2":"526","color_3":"529","product_description_old":null,"product_description":"Egy apr\u00f3, mesebeli vil\u00e1g k\u00f6lt\u00f6zhet az otthonodba ezzel a h\u00e1rom darabb\u00f3l \u00e1ll\u00f3, k\u00e9zzel festett akvarell k\u00e9psorozattal. \ud83c\udf3f\n\nA k\u00e9peken egy vid\u00e1m kis csiga, egy vir\u00e1gos r\u00e9t pillang\u00f3val, valamint b\u00e1jos p\u00f6tty\u00f6s gomb\u00e1k jelennek meg \u2013 mindegyik finom, term\u00e9szetk\u00f6zeli sz\u00ednekkel \u00e9s szeretettel kidolgozott r\u00e9szletekkel.\n\nA festm\u00e9nyek 300 g-os, enyh\u00e9n textur\u00e1lt akvarell pap\u00edrra k\u00e9sz\u00fcltek, \u00edgy minden darab egyedi \u00e9s megism\u00e9telhetetlen. \n\nT\u00f6k\u00e9letes v\u00e1laszt\u00e1s gyerekszob\u00e1ba, aj\u00e1nd\u00e9knak, vagy egy kis meghitt hangulat megteremt\u00e9s\u00e9hez.\n\nKeret n\u00e9lk\u00fcl \u00e9s keretben is sz\u00e9pen mutat (a k\u00e9peken l\u00e1that\u00f3 keret illusztr\u00e1ci\u00f3).\n\n\ud83d\udc9b K\u00e9zzel k\u00e9sz\u00fclt, ez\u00e9rt apr\u00f3 elt\u00e9r\u00e9sek el\u0151fordulhatnak \u2013 ett\u0151l v\u00e1lik igaz\u00e1n k\u00fcl\u00f6nlegess\u00e9.\n\n\ud83d\udccf M\u00e9ret\nkb. 9,7 \u00d7 14,7 cm \/ darab\n(k\u00e9zzel v\u00e1gott, minim\u00e1lis elt\u00e9r\u00e9s lehets\u00e9ges)\n\n\ud83c\udfa8 Anyag\n300 g\/m\u00b2 min\u0151s\u00e9gi akvarell pap\u00edr\n\n\ud83d\uddbc\ufe0f Elhelyez\u00e9s\nFalra, polcra, k\u00e9pkeretbe (a k\u00e9peken l\u00e1that\u00f3 keret csak illusztr\u00e1ci\u00f3)\n\n\ud83c\udf81 Csomagol\u00e1s\nA k\u00e9pek k\u00fcl\u00f6n-k\u00fcl\u00f6n, ig\u00e9nyesen csomagolva \u00e9rkeznek\n\n\ud83d\udccc Fontos tudnival\u00f3k\n\u2013 A k\u00e9pek k\u00e9zzel k\u00e9sz\u00fcltek, ez\u00e9rt minden darab egyedi\n\u2013 A fest\u00e9k v\u00edz hat\u00e1s\u00e1ra elken\u0151dhet, k\u00e9rlek sz\u00e1raz helyen t\u00e1rold\n\u2013 A sz\u00ednek a val\u00f3s\u00e1gban enyh\u00e9n elt\u00e9rhetnek a kijelz\u0151n l\u00e1tottakt\u00f3l\n\n\u00c1r (szett \u2013 3 k\u00e9p):  7 900 Ft","price":"7900.00","unit":"db","recommended":"0","status":"1","sponsored":"0","exp_notify":"0","own_material":"0","own_material_description_old":null,"own_material_description":"","jury":"0","jury_number":"","product_nature":"","meskaracsony":"0","create_date":"2026-04-21 14:26:55","shelve_id":"0","image":"kedvtelek_product_777044_260421142149_873428.jpeg","image_width":"480","image_height":"480","image_alt":"Tavaszi mes\u00e9s k\u00e9pszett \u2013 csig\u00e1s, vir\u00e1gos \u00e9s gomb\u00e1s akvarell k\u00e9psorozat, Egy apr\u00f3, mesebeli vil\u00e1g k\u00f6lt\u00f6zhet az otthonodba ezzel a h\u00e1rom darabb\u00f3l \u00e1ll\u00f3, k\u00e9zzel festett akvarel..., Meska","image_title":"Tavaszi mes\u00e9s k\u00e9pszett \u2013 csig\u00e1s, vir\u00e1gos \u00e9s gomb\u00e1s akvarell k\u00e9psorozat, Meska","view_count":"23","favourite_count":"0","trending_score":"0","last2MonthFavouriteCount":"0","promotion":"0","giftcard_accept":"0","creditcard_accept":true,"enhanced_background":"0","domain":"meska","specific_customer_id":null,"specific_customer_name":null,"to_order_product":"0","to_order_product_time":"0","product_different":null,"product_different_description":"","vintage":"0","vintage_category_id":"0","recycled":"0","gemstone_id":"0","customizable":"0","type_category":"physical","zerowaste":"0","postage_price":"1349.00","shop_order":"0","has_category":"1","landing_pages":null,"microdata":{"number":6,"category":""},"title":"Tavaszi mes\u00e9s k\u00e9pszett \u2013 csig\u00e1s, vir\u00e1gos \u00e9s gomb\u00e1s akvarell k\u00e9psorozat","description":"Egy apr\u00f3, mesebeli vil\u00e1g k\u00f6lt\u00f6zhet az otthonodba ezzel a h\u00e1rom darabb\u00f3l \u00e1ll\u00f3, k\u00e9zzel festett akvarell k\u00e9psorozattal. \ud83c\udf3f\n\nA k\u00e9peken egy vid\u00e1m kis csiga, egy vir\u00e1gos r\u00e9t pillang\u00f3val, valamint b\u00e1jos p\u00f6tty\u00f6s gomb\u00e1k jelennek meg \u2013 mindegyik finom, term\u00e9szetk\u00f6zeli sz\u00ednekkel \u00e9s szeretettel kidolgozott r\u00e9szletekkel.\n\nA festm\u00e9nyek 300 g-os, enyh\u00e9n textur\u00e1lt akvarell pap\u00edrra k\u00e9sz\u00fcltek, \u00edgy minden darab egyedi \u00e9s megism\u00e9telhetetlen. \n\nT\u00f6k\u00e9letes v\u00e1laszt\u00e1s gyerekszob\u00e1ba, aj\u00e1nd\u00e9knak, vagy egy kis meghitt hangulat megteremt\u00e9s\u00e9hez.\n\nKeret n\u00e9lk\u00fcl \u00e9s keretben is sz\u00e9pen mutat (a k\u00e9peken l\u00e1that\u00f3 keret illusztr\u00e1ci\u00f3).\n\n\ud83d\udc9b K\u00e9zzel k\u00e9sz\u00fclt, ez\u00e9rt apr\u00f3 elt\u00e9r\u00e9sek el\u0151fordulhatnak \u2013 ett\u0151l v\u00e1lik igaz\u00e1n k\u00fcl\u00f6nlegess\u00e9.\n\n\ud83d\udccf M\u00e9ret\nkb. 9,7 \u00d7 14,7 cm \/ darab\n(k\u00e9zzel v\u00e1gott, minim\u00e1lis elt\u00e9r\u00e9s lehets\u00e9ges)\n\n\ud83c\udfa8 Anyag\n300 g\/m\u00b2 min\u0151s\u00e9gi akvarell pap\u00edr\n\n\ud83d\uddbc\ufe0f Elhelyez\u00e9s\nFalra, polcra, k\u00e9pkeretbe (a k\u00e9peken l\u00e1that\u00f3 keret csak illusztr\u00e1ci\u00f3)\n\n\ud83c\udf81 Csomagol\u00e1s\nA k\u00e9pek k\u00fcl\u00f6n-k\u00fcl\u00f6n, ig\u00e9nyesen csomagolva \u00e9rkeznek\n\n\ud83d\udccc Fontos tudnival\u00f3k\n\u2013 A k\u00e9pek k\u00e9zzel k\u00e9sz\u00fcltek, ez\u00e9rt minden darab egyedi\n\u2013 A fest\u00e9k v\u00edz hat\u00e1s\u00e1ra elken\u0151dhet, k\u00e9rlek sz\u00e1raz helyen t\u00e1rold\n\u2013 A sz\u00ednek a val\u00f3s\u00e1gban enyh\u00e9n elt\u00e9rhetnek a kijelz\u0151n l\u00e1tottakt\u00f3l\n\n\u00c1r (szett \u2013 3 k\u00e9p):  7 900 Ft","score":0,"formatted_price":"7 900 Ft","image_url":"https:\/\/www.meska.hu\/img\/product\/small\/k\/e\/kedvtelek_product_777044_260421142149_873428.jpeg","formatted_url":"https:\/\/www.meska.hu\/p5775919-tavaszi-meses-kepszett-csigas-viragos-es-gombas-akvarell-kepsorozat","favourite":false,"in_stock":true,"avatar":"777044_avatar_1774213194.png","delete_from":0,"is_enhanced_background":false,"is_enhanced":false,"product_selection_started":false,"is_active":true,"image_webp_url":"https:\/\/www.meska.hu\/img\/product\/small\/k\/e\/kedvtelek_product_777044_260421142149_873428.webp"},{"id":"6191283","shop_id":"52310","user_id":"777044","shop_name":"Kedvtelek","shop_zip":"6726","product_code":"5775915","product_name_old":null,"product_name":"\u201eFinom harm\u00f3nia\u201d \u2013 akvarell n\u00f6v\u00e9nyes k\u00e9p szett","category_string":"Otthon & \u00c9letm\u00f3d, Dekor\u00e1ci\u00f3, K\u00e9p & Falik\u00e9p, T\u00f6bb r\u00e9szes k\u00e9p","technic_string":"","category_1":"813","category_2":"314","category_3":"417","category_4":"1429","merged_category_1":null,"merged_category_2":null,"merged_category_3":null,"technic_1":"0","technic_2":"0","technic_3":"0","color_1":"521","color_2":"526","color_3":"529","product_description_old":null,"product_description":"H\u00e1rom darabb\u00f3l \u00e1ll\u00f3, k\u00e9zzel festett akvarell mini k\u00e9p szett, amely a term\u00e9szet finom, csendes jelenl\u00e9t\u00e9t hozza el az otthonodba.\n\nA l\u00e1gy, egym\u00e1ssal harmoniz\u00e1l\u00f3 sz\u00ednek \u2013 a meleg s\u00e1rga, a friss z\u00f6ld \u00e9s a nyugodt k\u00e9k \u2013 k\u00f6r alak\u00fa kompoz\u00edci\u00f3kban jelennek meg, finoman rajzolt n\u00f6v\u00e9nyi mot\u00edvumokkal. A letisztult formavil\u00e1g \u00e9s a visszafogott r\u00e9szletek id\u0151tlen, nyugalmat sug\u00e1rz\u00f3 hangulatot teremtenek.\n\nEz a h\u00e1rom k\u00e9p egy\u00fctt alkot egy kiegyens\u00falyozott, eszt\u00e9tikus egys\u00e9get, de k\u00fcl\u00f6n-k\u00fcl\u00f6n elhelyezve is meg\u00e1llj\u00e1k a hely\u00fcket kisebb terekben, polcon, falon vagy ak\u00e1r aj\u00e1nd\u00e9kk\u00e9nt.\n\nMinden darab k\u00e9zzel k\u00e9sz\u00fclt, \u00edgy apr\u00f3 elt\u00e9r\u00e9sek el\u0151fordulhatnak \u2013 ez adja az alkot\u00e1sok egyedis\u00e9g\u00e9t \u00e9s val\u00f3di \u00e9rt\u00e9k\u00e9t.\n\n\ud83d\udccf M\u00e9ret\nkb. 9,7 \u00d7 14,7 cm \/ darab\n(k\u00e9zzel v\u00e1gott, minim\u00e1lis elt\u00e9r\u00e9s lehets\u00e9ges)\n\n\ud83c\udfa8 Anyag\n300 g\/m\u00b2 min\u0151s\u00e9gi akvarell pap\u00edr\n\n\ud83d\uddbc\ufe0f Elhelyez\u00e9s\nFalra, polcra, k\u00e9pkeretbe (a k\u00e9peken l\u00e1that\u00f3 keret csak illusztr\u00e1ci\u00f3)\n\n\ud83c\udf81 Csomagol\u00e1s\nA k\u00e9pek k\u00fcl\u00f6n-k\u00fcl\u00f6n, ig\u00e9nyesen csomagolva \u00e9rkeznek\n\n\ud83d\udccc Fontos tudnival\u00f3k\n\u2013 A k\u00e9pek k\u00e9zzel k\u00e9sz\u00fcltek, ez\u00e9rt minden darab egyedi\n\u2013 A fest\u00e9k v\u00edz hat\u00e1s\u00e1ra elken\u0151dhet, k\u00e9rlek sz\u00e1raz helyen t\u00e1rold\n\u2013 A sz\u00ednek a val\u00f3s\u00e1gban enyh\u00e9n elt\u00e9rhetnek a kijelz\u0151n l\u00e1tottakt\u00f3l\n\n\ud83c\udf81 Aj\u00e1nd\u00e9knak is t\u00f6k\u00e9letes\nLetisztult, term\u00e9szetk\u00f6zeli v\u00e1laszt\u00e1s azoknak, akik szeretik a finom r\u00e9szleteket \u00e9s a nyugodt, harmonikus hangulatot.\n\n\u2728 Limit\u00e1lt darabsz\u00e1mban k\u00e9sz\u00fclt.\n\nA term\u00e9k \u00e1ra: 7900 Ft\/ szett","price":"7900.00","unit":"db","recommended":"0","status":"1","sponsored":"0","exp_notify":"0","own_material":"0","own_material_description_old":null,"own_material_description":"","jury":"0","jury_number":"","product_nature":"","meskaracsony":"0","create_date":"2026-04-21 14:19:32","shelve_id":"0","image":"kedvtelek_product_777044_260421141449_445474.jpeg","image_width":"480","image_height":"480","image_alt":"\u201eFinom harm\u00f3nia\u201d \u2013 akvarell n\u00f6v\u00e9nyes k\u00e9p szett, H\u00e1rom darabb\u00f3l \u00e1ll\u00f3, k\u00e9zzel festett akvarell mini k\u00e9p szett, amely a term\u00e9szet finom, csendes jelenl..., Meska","image_title":"\u201eFinom harm\u00f3nia\u201d \u2013 akvarell n\u00f6v\u00e9nyes k\u00e9p szett, Meska","view_count":"23","favourite_count":"0","trending_score":"0","last2MonthFavouriteCount":"0","promotion":"0","giftcard_accept":"0","creditcard_accept":true,"enhanced_background":"0","domain":"meska","specific_customer_id":null,"specific_customer_name":null,"to_order_product":"0","to_order_product_time":"0","product_different":null,"product_different_description":"","vintage":"0","vintage_category_id":"0","recycled":"0","gemstone_id":"0","customizable":"0","type_category":"physical","zerowaste":"0","postage_price":"1349.00","shop_order":"0","has_category":"1","landing_pages":null,"microdata":{"number":7,"category":""},"title":"\u201eFinom harm\u00f3nia\u201d \u2013 akvarell n\u00f6v\u00e9nyes k\u00e9p szett","description":"H\u00e1rom darabb\u00f3l \u00e1ll\u00f3, k\u00e9zzel festett akvarell mini k\u00e9p szett, amely a term\u00e9szet finom, csendes jelenl\u00e9t\u00e9t hozza el az otthonodba.\n\nA l\u00e1gy, egym\u00e1ssal harmoniz\u00e1l\u00f3 sz\u00ednek \u2013 a meleg s\u00e1rga, a friss z\u00f6ld \u00e9s a nyugodt k\u00e9k \u2013 k\u00f6r alak\u00fa kompoz\u00edci\u00f3kban jelennek meg, finoman rajzolt n\u00f6v\u00e9nyi mot\u00edvumokkal. A letisztult formavil\u00e1g \u00e9s a visszafogott r\u00e9szletek id\u0151tlen, nyugalmat sug\u00e1rz\u00f3 hangulatot teremtenek.\n\nEz a h\u00e1rom k\u00e9p egy\u00fctt alkot egy kiegyens\u00falyozott, eszt\u00e9tikus egys\u00e9get, de k\u00fcl\u00f6n-k\u00fcl\u00f6n elhelyezve is meg\u00e1llj\u00e1k a hely\u00fcket kisebb terekben, polcon, falon vagy ak\u00e1r aj\u00e1nd\u00e9kk\u00e9nt.\n\nMinden darab k\u00e9zzel k\u00e9sz\u00fclt, \u00edgy apr\u00f3 elt\u00e9r\u00e9sek el\u0151fordulhatnak \u2013 ez adja az alkot\u00e1sok egyedis\u00e9g\u00e9t \u00e9s val\u00f3di \u00e9rt\u00e9k\u00e9t.\n\n\ud83d\udccf M\u00e9ret\nkb. 9,7 \u00d7 14,7 cm \/ darab\n(k\u00e9zzel v\u00e1gott, minim\u00e1lis elt\u00e9r\u00e9s lehets\u00e9ges)\n\n\ud83c\udfa8 Anyag\n300 g\/m\u00b2 min\u0151s\u00e9gi akvarell pap\u00edr\n\n\ud83d\uddbc\ufe0f Elhelyez\u00e9s\nFalra, polcra, k\u00e9pkeretbe (a k\u00e9peken l\u00e1that\u00f3 keret csak illusztr\u00e1ci\u00f3)\n\n\ud83c\udf81 Csomagol\u00e1s\nA k\u00e9pek k\u00fcl\u00f6n-k\u00fcl\u00f6n, ig\u00e9nyesen csomagolva \u00e9rkeznek\n\n\ud83d\udccc Fontos tudnival\u00f3k\n\u2013 A k\u00e9pek k\u00e9zzel k\u00e9sz\u00fcltek, ez\u00e9rt minden darab egyedi\n\u2013 A fest\u00e9k v\u00edz hat\u00e1s\u00e1ra elken\u0151dhet, k\u00e9rlek sz\u00e1raz helyen t\u00e1rold\n\u2013 A sz\u00ednek a val\u00f3s\u00e1gban enyh\u00e9n elt\u00e9rhetnek a kijelz\u0151n l\u00e1tottakt\u00f3l\n\n\ud83c\udf81 Aj\u00e1nd\u00e9knak is t\u00f6k\u00e9letes\nLetisztult, term\u00e9szetk\u00f6zeli v\u00e1laszt\u00e1s azoknak, akik szeretik a finom r\u00e9szleteket \u00e9s a nyugodt, harmonikus hangulatot.\n\n\u2728 Limit\u00e1lt darabsz\u00e1mban k\u00e9sz\u00fclt.\n\nA term\u00e9k \u00e1ra: 7900 Ft\/ szett","score":0,"formatted_price":"7 900 Ft","image_url":"https:\/\/www.meska.hu\/img\/product\/small\/k\/e\/kedvtelek_product_777044_260421141449_445474.jpeg","formatted_url":"https:\/\/www.meska.hu\/p5775915-finom-harmonia-akvarell-novenyes-kep-szett","favourite":false,"in_stock":true,"avatar":"777044_avatar_1774213194.png","delete_from":0,"is_enhanced_background":false,"is_enhanced":false,"product_selection_started":false,"is_active":true,"image_webp_url":"https:\/\/www.meska.hu\/img\/product\/small\/k\/e\/kedvtelek_product_777044_260421141449_445474.webp"},{"id":"6191268","shop_id":"52310","user_id":"777044","shop_name":"Kedvtelek","shop_zip":"6726","product_code":"5775907","product_name_old":null,"product_name":"Mes\u00e9s erdei akvarell k\u00e9p szett \u2013 csiga, vir\u00e1g \u00e9s gomba","category_string":"Otthon & \u00c9letm\u00f3d, Dekor\u00e1ci\u00f3, K\u00e9p & Falik\u00e9p, T\u00f6bb r\u00e9szes k\u00e9p","technic_string":"","category_1":"813","category_2":"314","category_3":"417","category_4":"1429","merged_category_1":null,"merged_category_2":null,"merged_category_3":null,"technic_1":"0","technic_2":"0","technic_3":"0","color_1":"523","color_2":"526","color_3":"529","product_description_old":null,"product_description":"H\u00e1rom darabb\u00f3l \u00e1ll\u00f3, k\u00e9zzel festett akvarell k\u00e9p szett, mely egy apr\u00f3, mes\u00e9s vil\u00e1g hangulat\u00e1t id\u00e9zi meg.\n\nA vir\u00e1gos r\u00e9t, a mosolyg\u00f3s kis csiga \u00e9s a piros kalapos gomb\u00e1k egy\u00fctt egy kedves, j\u00e1t\u00e9kos t\u00f6rt\u00e9netet mes\u00e9lnek el. L\u00e1gy sz\u00ednei \u00e9s finom r\u00e9szletei melegs\u00e9get \u00e9s nyugalmat visznek a t\u00e9rbe \u2013 t\u00f6k\u00e9letes v\u00e1laszt\u00e1s gyerekszob\u00e1ba vagy b\u00e1rhov\u00e1, ahol egy kis var\u00e1zslatra v\u00e1gysz.\n\nMinden darab egyedi, k\u00e9zzel k\u00e9sz\u00fclt alkot\u00e1s, \u00edgy nincs k\u00e9t teljesen egyforma k\u00e9p \u2013 ett\u0151l v\u00e1lik igaz\u00e1n k\u00fcl\u00f6nlegess\u00e9.\n\nA h\u00e1rom k\u00e9p egy\u00fctt alkot egys\u00e9get, de k\u00fcl\u00f6n-k\u00fcl\u00f6n elhelyezve is sz\u00e9pen mutatnak.\n\n\ud83d\udccf M\u00e9ret\nkb. 9,8 \u00d7 14,7 cm \/ darab\n(k\u00e9zzel v\u00e1gott, minim\u00e1lis elt\u00e9r\u00e9s el\u0151fordulhat)\n\n\ud83c\udfa8 Anyag\n300 g\/m\u00b2 min\u0151s\u00e9gi akvarell pap\u00edr\n\n\ud83c\udf81 Csomagol\u00e1s\nA k\u00e9pek k\u00fcl\u00f6n-k\u00fcl\u00f6n, ig\u00e9nyesen celof\u00e1n tasakba csomagolva \u00e9rkeznek, \u00edgy aj\u00e1nd\u00e9knak is azonnal \u00e1tadhat\u00f3k.\n\n\ud83d\udccc Fontos\n\u2013 A k\u00e9pkeret nem r\u00e9sze a term\u00e9knek, csak illusztr\u00e1ci\u00f3\n\u2013 A k\u00e9pek k\u00e9zzel k\u00e9sz\u00fcltek, ez\u00e9rt apr\u00f3 elt\u00e9r\u00e9sek el\u0151fordulhatnak\n\u2013 A fest\u00e9k v\u00edz hat\u00e1s\u00e1ra elken\u0151dhet, k\u00e9rlek sz\u00e1raz helyen t\u00e1rold\n\n\ud83c\udf81 Aj\u00e1nd\u00e9knak is ide\u00e1lis\nKedves, mes\u00e9s hangulat\u00fa aj\u00e1nd\u00e9k sz\u00fclet\u00e9snapra, babal\u00e1togat\u00f3ba vagy gyerekszob\u00e1ba.\n\n\u2728 Limit\u00e1lt darabsz\u00e1mban k\u00e9sz\u00fclt.\n\n\ud83d\udc49 7 900 Ft \/ szett","price":"7900.00","unit":"db","recommended":"0","status":"1","sponsored":"0","exp_notify":"0","own_material":"0","own_material_description_old":null,"own_material_description":"","jury":"0","jury_number":"","product_nature":"","meskaracsony":"0","create_date":"2026-04-21 14:06:32","shelve_id":"0","image":"kedvtelek_product_777044_260421140543_606116.jpeg","image_width":"480","image_height":"480","image_alt":"Mes\u00e9s erdei akvarell k\u00e9p szett \u2013 csiga, vir\u00e1g \u00e9s gomba, H\u00e1rom darabb\u00f3l \u00e1ll\u00f3, k\u00e9zzel festett akvarell k\u00e9p szett, mely egy apr\u00f3, mes\u00e9s vil\u00e1g hangulat\u00e1t id\u00e9zi ..., Meska","image_title":"Mes\u00e9s erdei akvarell k\u00e9p szett \u2013 csiga, vir\u00e1g \u00e9s gomba, Meska","view_count":"20","favourite_count":"0","trending_score":"0","last2MonthFavouriteCount":"0","promotion":"0","giftcard_accept":"0","creditcard_accept":true,"enhanced_background":"0","domain":"meska","specific_customer_id":null,"specific_customer_name":null,"to_order_product":"0","to_order_product_time":"0","product_different":null,"product_different_description":"","vintage":"0","vintage_category_id":"0","recycled":"0","gemstone_id":"0","customizable":"0","type_category":"physical","zerowaste":"0","postage_price":"1349.00","shop_order":"0","has_category":"1","landing_pages":null,"microdata":{"number":8,"category":""},"title":"Mes\u00e9s erdei akvarell k\u00e9p szett \u2013 csiga, vir\u00e1g \u00e9s gomba","description":"H\u00e1rom darabb\u00f3l \u00e1ll\u00f3, k\u00e9zzel festett akvarell k\u00e9p szett, mely egy apr\u00f3, mes\u00e9s vil\u00e1g hangulat\u00e1t id\u00e9zi meg.\n\nA vir\u00e1gos r\u00e9t, a mosolyg\u00f3s kis csiga \u00e9s a piros kalapos gomb\u00e1k egy\u00fctt egy kedves, j\u00e1t\u00e9kos t\u00f6rt\u00e9netet mes\u00e9lnek el. L\u00e1gy sz\u00ednei \u00e9s finom r\u00e9szletei melegs\u00e9get \u00e9s nyugalmat visznek a t\u00e9rbe \u2013 t\u00f6k\u00e9letes v\u00e1laszt\u00e1s gyerekszob\u00e1ba vagy b\u00e1rhov\u00e1, ahol egy kis var\u00e1zslatra v\u00e1gysz.\n\nMinden darab egyedi, k\u00e9zzel k\u00e9sz\u00fclt alkot\u00e1s, \u00edgy nincs k\u00e9t teljesen egyforma k\u00e9p \u2013 ett\u0151l v\u00e1lik igaz\u00e1n k\u00fcl\u00f6nlegess\u00e9.\n\nA h\u00e1rom k\u00e9p egy\u00fctt alkot egys\u00e9get, de k\u00fcl\u00f6n-k\u00fcl\u00f6n elhelyezve is sz\u00e9pen mutatnak.\n\n\ud83d\udccf M\u00e9ret\nkb. 9,8 \u00d7 14,7 cm \/ darab\n(k\u00e9zzel v\u00e1gott, minim\u00e1lis elt\u00e9r\u00e9s el\u0151fordulhat)\n\n\ud83c\udfa8 Anyag\n300 g\/m\u00b2 min\u0151s\u00e9gi akvarell pap\u00edr\n\n\ud83c\udf81 Csomagol\u00e1s\nA k\u00e9pek k\u00fcl\u00f6n-k\u00fcl\u00f6n, ig\u00e9nyesen celof\u00e1n tasakba csomagolva \u00e9rkeznek, \u00edgy aj\u00e1nd\u00e9knak is azonnal \u00e1tadhat\u00f3k.\n\n\ud83d\udccc Fontos\n\u2013 A k\u00e9pkeret nem r\u00e9sze a term\u00e9knek, csak illusztr\u00e1ci\u00f3\n\u2013 A k\u00e9pek k\u00e9zzel k\u00e9sz\u00fcltek, ez\u00e9rt apr\u00f3 elt\u00e9r\u00e9sek el\u0151fordulhatnak\n\u2013 A fest\u00e9k v\u00edz hat\u00e1s\u00e1ra elken\u0151dhet, k\u00e9rlek sz\u00e1raz helyen t\u00e1rold\n\n\ud83c\udf81 Aj\u00e1nd\u00e9knak is ide\u00e1lis\nKedves, mes\u00e9s hangulat\u00fa aj\u00e1nd\u00e9k sz\u00fclet\u00e9snapra, babal\u00e1togat\u00f3ba vagy gyerekszob\u00e1ba.\n\n\u2728 Limit\u00e1lt darabsz\u00e1mban k\u00e9sz\u00fclt.\n\n\ud83d\udc49 7 900 Ft \/ szett","score":0,"formatted_price":"7 900 Ft","image_url":"https:\/\/www.meska.hu\/img\/product\/small\/k\/e\/kedvtelek_product_777044_260421140543_606116.jpeg","formatted_url":"https:\/\/www.meska.hu\/p5775907-meses-erdei-akvarell-kep-szett-csiga-virag-es-gomba","favourite":false,"in_stock":true,"avatar":"777044_avatar_1774213194.png","delete_from":0,"is_enhanced_background":false,"is_enhanced":false,"product_selection_started":false,"is_active":true,"image_webp_url":"https:\/\/www.meska.hu\/img\/product\/small\/k\/e\/kedvtelek_product_777044_260421140543_606116.webp"},{"id":"6191260","shop_id":"52310","user_id":"777044","shop_name":"Kedvtelek","shop_zip":"6726","product_code":"5775906","product_name_old":null,"product_name":"K\u00e9zzel festett akvarell k\u00e9p szett (3 db) \u2013 term\u00e9szet ihlette, letisztult faldekor","category_string":"Otthon & \u00c9letm\u00f3d, Dekor\u00e1ci\u00f3, K\u00e9p & Falik\u00e9p, T\u00f6bb r\u00e9szes k\u00e9p","technic_string":"","category_1":"813","category_2":"314","category_3":"417","category_4":"1429","merged_category_1":null,"merged_category_2":null,"merged_category_3":null,"technic_1":"0","technic_2":"0","technic_3":"0","color_1":"521","color_2":"526","color_3":"529","product_description_old":null,"product_description":"H\u00e1rom darabb\u00f3l \u00e1ll\u00f3, k\u00e9zzel festett akvarell k\u00e9p szett, mely a term\u00e9szet finom r\u00e9szleteit \u00e9s a nyugalom pillanatait id\u00e9zi meg.\n\nA l\u00e9gies pitypang, a finoman rajzolt n\u00f6v\u00e9nyi mot\u00edvumok \u00e9s a l\u00e1gy sz\u00edn\u00e1tmenetek egy\u00fctt egy harmonikus, visszafogott eleganci\u00e1t k\u00e9pviselnek. Olyan dekor\u00e1ci\u00f3, ami nem hars\u00e1ny, m\u00e9gis k\u00fcl\u00f6nleges \u2013 csendesen teszi otthonoss\u00e1 a teret.\n\nMinden darab egyedi, k\u00e9zzel k\u00e9sz\u00fclt alkot\u00e1s, \u00edgy nincs k\u00e9t teljesen egyforma k\u00e9p \u2013 ett\u0151l v\u00e1lik igaz\u00e1n szem\u00e9lyess\u00e9.\n\nA h\u00e1rom k\u00e9p egy\u00fctt alkot egys\u00e9get, de k\u00fcl\u00f6n-k\u00fcl\u00f6n elhelyezve is sz\u00e9pen \u00e9rv\u00e9nyes\u00fclnek.\n\n\ud83d\udccf M\u00e9ret\nkb. 9,8 \u00d7 14,7 cm \/ darab\n(k\u00e9zzel v\u00e1gott, minim\u00e1lis elt\u00e9r\u00e9s el\u0151fordulhat)\n\n\ud83c\udfa8 Anyag\n300 g\/m\u00b2 min\u0151s\u00e9gi akvarell pap\u00edr\n\n\ud83c\udf81 Csomagol\u00e1s\n\nA k\u00e9pek k\u00fcl\u00f6n-k\u00fcl\u00f6n, ig\u00e9nyesen celof\u00e1n tasakba csomagolva \u00e9rkeznek\n\n\ud83d\udccc Fontos\n\u2013 A k\u00e9pkeret nem r\u00e9sze a term\u00e9knek, csak illusztr\u00e1ci\u00f3\n\u2013 A k\u00e9pek k\u00e9zzel k\u00e9sz\u00fcltek, ez\u00e9rt apr\u00f3 elt\u00e9r\u00e9sek el\u0151fordulhatnak\n\u2013 A fest\u00e9k v\u00edz hat\u00e1s\u00e1ra elken\u0151dhet, k\u00e9rlek sz\u00e1raz helyen t\u00e1rold\n\n\ud83c\udf81 Aj\u00e1nd\u00e9knak is...\nKedves, term\u00e9szetk\u00f6zeli aj\u00e1nd\u00e9k sz\u00fclet\u00e9snapra, k\u00f6lt\u00f6z\u00e9sre vagy csak egy apr\u00f3 figyelmess\u00e9gk\u00e9nt \ud83d\udc9b\n\n\ud83d\udc49 7 900 Ft \/ szett","price":"7900.00","unit":"db","recommended":"0","status":"1","sponsored":"0","exp_notify":"0","own_material":"0","own_material_description_old":null,"own_material_description":"","jury":"0","jury_number":"","product_nature":"","meskaracsony":"0","create_date":"2026-04-21 13:57:52","shelve_id":"0","image":"kedvtelek_product_777044_260421135544_923410.jpeg","image_width":"480","image_height":"480","image_alt":"K\u00e9zzel festett akvarell k\u00e9p szett (3 db) \u2013 term\u00e9szet ihlette, letisztult faldekor, H\u00e1rom darabb\u00f3l \u00e1ll\u00f3, k\u00e9zzel festett akvarell k\u00e9p szett, mely a term\u00e9szet finom r\u00e9szleteit \u00e9s a nyuga..., Meska","image_title":"K\u00e9zzel festett akvarell k\u00e9p szett (3 db) \u2013 term\u00e9szet ihlette, letisztult faldekor, Meska","view_count":"23","favourite_count":"0","trending_score":"0","last2MonthFavouriteCount":"0","promotion":"0","giftcard_accept":"0","creditcard_accept":true,"enhanced_background":"0","domain":"meska","specific_customer_id":null,"specific_customer_name":null,"to_order_product":"0","to_order_product_time":"0","product_different":null,"product_different_description":"","vintage":"0","vintage_category_id":"0","recycled":"0","gemstone_id":"0","customizable":"0","type_category":"physical","zerowaste":"0","postage_price":"1349.00","shop_order":"0","has_category":"1","landing_pages":null,"microdata":{"number":9,"category":""},"title":"K\u00e9zzel festett akvarell k\u00e9p szett (3 db) \u2013 term\u00e9szet ihlette, letisztult faldekor","description":"H\u00e1rom darabb\u00f3l \u00e1ll\u00f3, k\u00e9zzel festett akvarell k\u00e9p szett, mely a term\u00e9szet finom r\u00e9szleteit \u00e9s a nyugalom pillanatait id\u00e9zi meg.\n\nA l\u00e9gies pitypang, a finoman rajzolt n\u00f6v\u00e9nyi mot\u00edvumok \u00e9s a l\u00e1gy sz\u00edn\u00e1tmenetek egy\u00fctt egy harmonikus, visszafogott eleganci\u00e1t k\u00e9pviselnek. Olyan dekor\u00e1ci\u00f3, ami nem hars\u00e1ny, m\u00e9gis k\u00fcl\u00f6nleges \u2013 csendesen teszi otthonoss\u00e1 a teret.\n\nMinden darab egyedi, k\u00e9zzel k\u00e9sz\u00fclt alkot\u00e1s, \u00edgy nincs k\u00e9t teljesen egyforma k\u00e9p \u2013 ett\u0151l v\u00e1lik igaz\u00e1n szem\u00e9lyess\u00e9.\n\nA h\u00e1rom k\u00e9p egy\u00fctt alkot egys\u00e9get, de k\u00fcl\u00f6n-k\u00fcl\u00f6n elhelyezve is sz\u00e9pen \u00e9rv\u00e9nyes\u00fclnek.\n\n\ud83d\udccf M\u00e9ret\nkb. 9,8 \u00d7 14,7 cm \/ darab\n(k\u00e9zzel v\u00e1gott, minim\u00e1lis elt\u00e9r\u00e9s el\u0151fordulhat)\n\n\ud83c\udfa8 Anyag\n300 g\/m\u00b2 min\u0151s\u00e9gi akvarell pap\u00edr\n\n\ud83c\udf81 Csomagol\u00e1s\n\nA k\u00e9pek k\u00fcl\u00f6n-k\u00fcl\u00f6n, ig\u00e9nyesen celof\u00e1n tasakba csomagolva \u00e9rkeznek\n\n\ud83d\udccc Fontos\n\u2013 A k\u00e9pkeret nem r\u00e9sze a term\u00e9knek, csak illusztr\u00e1ci\u00f3\n\u2013 A k\u00e9pek k\u00e9zzel k\u00e9sz\u00fcltek, ez\u00e9rt apr\u00f3 elt\u00e9r\u00e9sek el\u0151fordulhatnak\n\u2013 A fest\u00e9k v\u00edz hat\u00e1s\u00e1ra elken\u0151dhet, k\u00e9rlek sz\u00e1raz helyen t\u00e1rold\n\n\ud83c\udf81 Aj\u00e1nd\u00e9knak is...\nKedves, term\u00e9szetk\u00f6zeli aj\u00e1nd\u00e9k sz\u00fclet\u00e9snapra, k\u00f6lt\u00f6z\u00e9sre vagy csak egy apr\u00f3 figyelmess\u00e9gk\u00e9nt \ud83d\udc9b\n\n\ud83d\udc49 7 900 Ft \/ szett","score":0,"formatted_price":"7 900 Ft","image_url":"https:\/\/www.meska.hu\/img\/product\/small\/k\/e\/kedvtelek_product_777044_260421135544_923410.jpeg","formatted_url":"https:\/\/www.meska.hu\/p5775906-kezzel-festett-akvarell-kep-szett-3-db-termeszet-ihlette-letisztult-faldekor","favourite":false,"in_stock":true,"avatar":"777044_avatar_1774213194.png","delete_from":0,"is_enhanced_background":false,"is_enhanced":false,"product_selection_started":false,"is_active":true,"image_webp_url":"https:\/\/www.meska.hu\/img\/product\/small\/k\/e\/kedvtelek_product_777044_260421135544_923410.webp"},{"id":"3481664","shop_id":"24043","user_id":"272819","shop_name":"RRstudio","shop_zip":"1185","product_code":"4114762","product_name_old":null,"product_name":"Tr\u00f3pusi leveles print szett, P\u00e1lma lev\u00e9l, ban\u00e1n lev\u00e9l, p\u00e1fr\u00e1ny, tr\u00f3pusi, z\u00f6ld levelek","category_string":"Otthon & \u00c9letm\u00f3d, T\u00f6bb r\u00e9szes k\u00e9p, Dekor\u00e1ci\u00f3, K\u00e9p & Falik\u00e9p","technic_string":"Fot\u00f3, grafika, rajz, illusztr\u00e1ci\u00f3","category_1":"813","category_2":"1429","category_3":"314","category_4":"417","merged_category_1":null,"merged_category_2":null,"merged_category_3":null,"technic_1":"483","technic_2":"0","technic_3":"0","color_1":"514","color_2":"519","color_3":"529","product_description_old":null,"product_description":"A4 Min\u0151s\u00e9gi Pap\u00edr Print szett Nyomtat\u00e1s : 3db k\u00e9p\n* KERET N\u00c9LK\u00dcL *\n\nAz \u00e1r 3db printet tartalmaz.\n\n* KIVITELEZ\u00c9S & ELK\u00c9SZ\u00cdT\u00c9S:\nFelszerelt st\u00fadi\u00f3nkban a mi fel\u00fcgyelet\u00fcnk alatt, saj\u00e1t eszk\u00f6zeinkkel nyomtatjuk, k\u00e9sz\u00edtj\u00fck \u00e9s csomagoljuk k\u00e9peinket.\n\n* M\u00c9RET: A4 (210 x 297 mm)\n\n* ANYAG:\n250g - os textur\u00e1lt nat\u00far vagy feh\u00e9r m\u0171v\u00e9szpap\u00edr\n\n* SZ\u00d6VEG:\nV\u00e1s\u00e1rl\u00e1skor k\u00e9rlek hagyj \u00fczenetet a k\u00e9rt v\u00e1ltoztat\u00e1ssal, n\u00e9vvel, sz\u00f6veggel!\n\n* CSOMAGOL\u00c1S:\nKartonnal merev\u00edtve, bubor\u00e9kf\u00f3li\u00e1val vagy hengerben\n\n* FIZET\u00c9S:\nCsakis el\u0151re banki utal\u00e1ssal!\nA v\u00e1s\u00e1rl\u00e1s ut\u00e1n k\u00fcldj\u00fck a t\u00e1j\u00e9koztat\u00f3 emailt a sz\u00fcks\u00e9ges adatokkal\n\n* \u00c1TFUT\u00c1SI ID\u0150:\nkb.: 3 munkanap\n\n* SAJ\u00c1T ELK\u00c9PZEL\u00c9SED VAN?\nEgyedi rendel\u00e9seket is sz\u00edvesen fogadunk.\n\u00cdrj nyugodtan!\n\nA v\u00edzjel leker\u00fcl a k\u00e9sz term\u00e9kr\u0151l, egy\u00e9b keretek, h\u00e1tterek, dekor\u00e1ci\u00f3k csak illusztrat\u00edv jelleget k\u00e9peznek.\n\nSZERZ\u0150I JOG:\n- Minden jog fenntartva\nFelh\u00edjuk figyelmedet, hogy a szerz\u0151i jog minden term\u00e9kre megmarad. ","price":"2500.00","unit":"db","recommended":"0","status":"1","sponsored":"0","exp_notify":"0","own_material":"0","own_material_description_old":null,"own_material_description":"","jury":"0","jury_number":"","product_nature":"","meskaracsony":"0","create_date":"2026-04-18 23:26:57","shelve_id":"58074","image":"rrstudio_product_272819_210411134807_838826.jpeg","image_width":"480","image_height":"384","image_alt":"Tr\u00f3pusi leveles print szett, P\u00e1lma lev\u00e9l, ban\u00e1n lev\u00e9l, p\u00e1fr\u00e1ny, tr\u00f3pusi, z\u00f6ld levelek, A4 Min\u0151s\u00e9gi Pap\u00edr Print szett Nyomtat\u00e1s : 3db k\u00e9p\\n* KERET N\u00c9LK\u00dcL *\\n\\nAz \u00e1r 3db printet tartalmaz.\\n\\n* ..., Meska","image_title":"Tr\u00f3pusi leveles print szett, P\u00e1lma lev\u00e9l, ban\u00e1n lev\u00e9l, p\u00e1fr\u00e1ny, tr\u00f3pusi, z\u00f6ld levelek, Meska","view_count":"3732","favourite_count":"0","trending_score":"0","last2MonthFavouriteCount":"0","promotion":"0","giftcard_accept":"1","creditcard_accept":false,"enhanced_background":"0","domain":"meska","specific_customer_id":null,"specific_customer_name":null,"to_order_product":"0","to_order_product_time":"0","product_different":null,"product_different_description":"","vintage":"0","vintage_category_id":"0","recycled":"0","gemstone_id":"0","customizable":"0","type_category":"physical","zerowaste":"0","postage_price":"1290.00","shop_order":"0","has_category":"1","landing_pages":null,"microdata":{"number":10,"category":""},"title":"Tr\u00f3pusi leveles print szett, P\u00e1lma lev\u00e9l, ban\u00e1n lev\u00e9l, p\u00e1fr\u00e1ny, tr\u00f3pusi, z\u00f6ld levelek","description":"A4 Min\u0151s\u00e9gi Pap\u00edr Print szett Nyomtat\u00e1s : 3db k\u00e9p\n* KERET N\u00c9LK\u00dcL *\n\nAz \u00e1r 3db printet tartalmaz.\n\n* KIVITELEZ\u00c9S & ELK\u00c9SZ\u00cdT\u00c9S:\nFelszerelt st\u00fadi\u00f3nkban a mi fel\u00fcgyelet\u00fcnk alatt, saj\u00e1t eszk\u00f6zeinkkel nyomtatjuk, k\u00e9sz\u00edtj\u00fck \u00e9s csomagoljuk k\u00e9peinket.\n\n* M\u00c9RET: A4 (210 x 297 mm)\n\n* ANYAG:\n250g - os textur\u00e1lt nat\u00far vagy feh\u00e9r m\u0171v\u00e9szpap\u00edr\n\n* SZ\u00d6VEG:\nV\u00e1s\u00e1rl\u00e1skor k\u00e9rlek hagyj \u00fczenetet a k\u00e9rt v\u00e1ltoztat\u00e1ssal, n\u00e9vvel, sz\u00f6veggel!\n\n* CSOMAGOL\u00c1S:\nKartonnal merev\u00edtve, bubor\u00e9kf\u00f3li\u00e1val vagy hengerben\n\n* FIZET\u00c9S:\nCsakis el\u0151re banki utal\u00e1ssal!\nA v\u00e1s\u00e1rl\u00e1s ut\u00e1n k\u00fcldj\u00fck a t\u00e1j\u00e9koztat\u00f3 emailt a sz\u00fcks\u00e9ges adatokkal\n\n* \u00c1TFUT\u00c1SI ID\u0150:\nkb.: 3 munkanap\n\n* SAJ\u00c1T ELK\u00c9PZEL\u00c9SED VAN?\nEgyedi rendel\u00e9seket is sz\u00edvesen fogadunk.\n\u00cdrj nyugodtan!\n\nA v\u00edzjel leker\u00fcl a k\u00e9sz term\u00e9kr\u0151l, egy\u00e9b keretek, h\u00e1tterek, dekor\u00e1ci\u00f3k csak illusztrat\u00edv jelleget k\u00e9peznek.\n\nSZERZ\u0150I JOG:\n- Minden jog fenntartva\nFelh\u00edjuk figyelmedet, hogy a szerz\u0151i jog minden term\u00e9kre megmarad. ","score":0,"formatted_price":"2 500 Ft","image_url":"https:\/\/www.meska.hu\/img\/product\/small\/r\/r\/rrstudio_product_272819_210411134807_838826.jpeg","formatted_url":"https:\/\/www.meska.hu\/p4114762-tropusi-leveles-print-szett-palma-level-banan-level-pafrany-tropusi-zold-levelek","favourite":false,"in_stock":true,"avatar":"RRstudio_avatar_272819_1590081778.jpg","delete_from":0,"is_enhanced_background":false,"is_enhanced":false,"product_selection_started":false,"is_active":true,"image_webp_url":"https:\/\/www.meska.hu\/img\/product\/small\/r\/r\/rrstudio_product_272819_210411134807_838826.webp"},{"id":"3383288","shop_id":"22902","user_id":"251937","shop_name":"verocska22","shop_zip":"2641","product_code":"4449229","product_name_old":null,"product_name":"gyerekszoba k\u00e9psorozat","category_string":"Otthon & \u00c9letm\u00f3d, T\u00f6bb r\u00e9szes k\u00e9p, Dekor\u00e1ci\u00f3, K\u00e9p & Falik\u00e9p","technic_string":"Fest\u00e9szet","category_1":"813","category_2":"1429","category_3":"314","category_4":"417","merged_category_1":null,"merged_category_2":null,"merged_category_3":null,"technic_1":"480","technic_2":"0","technic_3":"0","color_1":"514","color_2":"515","color_3":"519","product_description_old":null,"product_description":"Felk\u00e9r\u00e9sre k\u00e9sz\u00edtettem az egyik kedvenc gyerekkori versem illusztr\u00e1ci\u00f3j\u00e1t.\nV\u00e9g\u00fcl annyira bele\u00e9ltem magam a vers var\u00e1zslat\u00e1ba, hogy nagy \u00f6r\u00f6mmel megfestem m\u00e1s B\u00f3bita rajong\u00f3knak is.\n\u00cdgy a vers \u00e1tj\u00e1thatja a gyerekszob\u00e1kat titkos erej\u00e9vel \u00e9s cseng\u0151 dallam\u00e1val.","price":"25000.00","unit":"db","recommended":"0","status":"1","sponsored":"0","exp_notify":"0","own_material":"0","own_material_description_old":null,"own_material_description":"","jury":"0","jury_number":"","product_nature":"","meskaracsony":"0","create_date":"2026-04-16 07:06:28","shelve_id":"0","image":"verocska22_product_251937_220107001743_487324.jpeg","image_width":"480","image_height":"359","image_alt":"gyerekszoba k\u00e9psorozat, Felk\u00e9r\u00e9sre k\u00e9sz\u00edtettem az egyik kedvenc gyerekkori versem illusztr\u00e1ci\u00f3j\u00e1t.\\nV\u00e9g\u00fcl annyira bele\u00e9ltem m..., Meska","image_title":"gyerekszoba k\u00e9psorozat, Meska","view_count":"1393","favourite_count":"0","trending_score":"0","last2MonthFavouriteCount":"0","promotion":"0","giftcard_accept":"1","creditcard_accept":false,"enhanced_background":"0","domain":"meska","specific_customer_id":null,"specific_customer_name":null,"to_order_product":"1","to_order_product_time":"14","product_different":null,"product_different_description":"","vintage":"1","vintage_category_id":"885","recycled":"0","gemstone_id":"0","customizable":"1","type_category":"physical","zerowaste":"0","postage_price":"2390.00","shop_order":"0","has_category":"1","landing_pages":null,"microdata":{"number":11,"category":""},"title":"gyerekszoba k\u00e9psorozat","description":"Felk\u00e9r\u00e9sre k\u00e9sz\u00edtettem az egyik kedvenc gyerekkori versem illusztr\u00e1ci\u00f3j\u00e1t.\nV\u00e9g\u00fcl annyira bele\u00e9ltem magam a vers var\u00e1zslat\u00e1ba, hogy nagy \u00f6r\u00f6mmel megfestem m\u00e1s B\u00f3bita rajong\u00f3knak is.\n\u00cdgy a vers \u00e1tj\u00e1thatja a gyerekszob\u00e1kat titkos erej\u00e9vel \u00e9s cseng\u0151 dallam\u00e1val.","score":0,"formatted_price":"25 000 Ft","image_url":"https:\/\/www.meska.hu\/img\/product\/small\/v\/e\/verocska22_product_251937_220107001743_487324.jpeg","formatted_url":"https:\/\/www.meska.hu\/p4449229-gyerekszoba-kepsorozat","favourite":false,"in_stock":false,"avatar":null,"delete_from":0,"is_enhanced_background":false,"is_enhanced":false,"product_selection_started":false,"is_active":true,"image_webp_url":"https:\/\/www.meska.hu\/img\/product\/small\/v\/e\/verocska22_product_251937_220107001743_487324.webp"},{"id":"6185534","shop_id":"52547","user_id":"782261","shop_name":"Plexiture","shop_zip":"9030","product_code":"5773556","product_name_old":null,"product_name":"Szem\u00e9lyre szabott Instagram st\u00edlus\u00fa plexi k\u00e9p fa talpon - Egyedi f\u00e9nyk\u00e9pes aj\u00e1nd\u00e9k","category_string":"Otthon & \u00c9letm\u00f3d, Dekor\u00e1ci\u00f3, K\u00e9p & Falik\u00e9p, T\u00f6bb r\u00e9szes k\u00e9p","technic_string":"Famegmunk\u00e1l\u00e1s","category_1":"813","category_2":"314","category_3":"417","category_4":"1429","merged_category_1":null,"merged_category_2":null,"merged_category_3":null,"technic_1":"478","technic_2":"0","technic_3":"0","color_1":"514","color_2":"0","color_3":"0","product_description_old":null,"product_description":"Van egy olyan fot\u00f3d, ami annyira j\u00f3, hogy legsz\u00edvesebben azonnal posztoln\u00e1d? Hozd ki a kedvenc eml\u00e9kedet a digit\u00e1lis t\u00e9rb\u0151l! \u00c9n egy ikonikus Instagram-poszt diz\u00e1jnba \u00e1gyazva, pr\u00e9mium anyagokb\u00f3l k\u00e9sz\u00edtem el neked ezt a modern asztali d\u00edszt. Legjobb bar\u00e1tn\u0151nek, testv\u00e9rnek vagy a p\u00e1rodnak is zseni\u00e1lis meglepet\u00e9s.\n\nA term\u00e9k param\u00e9terei:\n\nM\u00e9ret: 15x21 cm \n\nA plexi: Pr\u00e9mium min\u0151s\u00e9g\u0171, 4 mm vastag, krist\u00e1lytiszta akril.\n\nNyomtat\u00e1s: Az adatokat \u00e9s a fot\u00f3t modern UV nyomtat\u00e1ssal viszem fel a plexi h\u00e1toldal\u00e1ra. Ezzel a technik\u00e1val fot\u00f3realisztikus min\u0151s\u00e9get \u00e9s karc\u00e1ll\u00f3bb, id\u0151t\u00e1ll\u00f3 fel\u00fcletet \u00e9rek el.\n\nA talp: Amerikai di\u00f3fa. Minden talpat magam v\u00e1gok, finomra csiszolok, majd term\u00e9szetes faolajjal kezelem, ami kiemeli a s\u00f6t\u00e9t fa eleganci\u00e1j\u00e1t.\n\n\u00cdgy tudjuk elk\u00e9sz\u00edteni a te k\u00e9pedet:\n\nTedd be a kos\u00e1rba a term\u00e9ket.\n\nA rendel\u00e9s lead\u00e1sa ut\u00e1n k\u00fcldd el nekem a fot\u00f3t Meska \u00fczenetben, illetve a sz\u00fcks\u00e9ges feliratokat, felhaszn\u00e1l\u00f3 n\u00e9v, le\u00edr\u00e1s, stb.\n\nA feldolgoz\u00e1si id\u0151 2-3 munkanap. Amint elk\u00e9sz\u00fcl\u00f6k vele, gondosan becsomagolom \u00e9s m\u00e1r adom is \u00e1t a fut\u00e1rnak.\n\nFontos: Mivel ezt a term\u00e9ket a te instrukci\u00f3id alapj\u00e1n, egyedileg k\u00e9sz\u00edtem, a 14 napos el\u00e1ll\u00e1si jog nem \u00e9rv\u00e9nyes\u00edthet\u0151 r\u00e1. Ha sz\u00e1ll\u00edt\u00e1si s\u00e9r\u00fcl\u00e9s t\u00f6rt\u00e9nik, garant\u00e1ltan elk\u00e9sz\u00edtem neked \u00fajra!","price":"14990.00","unit":"db","recommended":"0","status":"1","sponsored":"0","exp_notify":"0","own_material":"0","own_material_description_old":null,"own_material_description":"","jury":"0","jury_number":"","product_nature":"","meskaracsony":"0","create_date":"2026-04-15 21:19:59","shelve_id":"0","image":"plexiture_product_782261_260415210853_312339.png","image_width":"480","image_height":"480","image_alt":"Szem\u00e9lyre szabott Instagram st\u00edlus\u00fa plexi k\u00e9p fa talpon - Egyedi f\u00e9nyk\u00e9pes aj\u00e1nd\u00e9k, Van egy olyan fot\u00f3d, ami annyira j\u00f3, hogy legsz\u00edvesebben azonnal posztoln\u00e1d? Hozd ki a kedvenc eml\u00e9k..., Meska","image_title":"Szem\u00e9lyre szabott Instagram st\u00edlus\u00fa plexi k\u00e9p fa talpon - Egyedi f\u00e9nyk\u00e9pes aj\u00e1nd\u00e9k, Meska","view_count":"26","favourite_count":"0","trending_score":"0","last2MonthFavouriteCount":"0","promotion":"0","giftcard_accept":"0","creditcard_accept":true,"enhanced_background":"0","domain":"meska","specific_customer_id":null,"specific_customer_name":null,"to_order_product":"1","to_order_product_time":"7","product_different":null,"product_different_description":"","vintage":"0","vintage_category_id":"0","recycled":"0","gemstone_id":"0","customizable":"1","type_category":"physical","zerowaste":"0","postage_price":"2390.00","shop_order":"0","has_category":"1","landing_pages":null,"microdata":{"number":12,"category":""},"title":"Szem\u00e9lyre szabott Instagram st\u00edlus\u00fa plexi k\u00e9p fa talpon - Egyedi f\u00e9nyk\u00e9pes aj\u00e1nd\u00e9k","description":"Van egy olyan fot\u00f3d, ami annyira j\u00f3, hogy legsz\u00edvesebben azonnal posztoln\u00e1d? Hozd ki a kedvenc eml\u00e9kedet a digit\u00e1lis t\u00e9rb\u0151l! \u00c9n egy ikonikus Instagram-poszt diz\u00e1jnba \u00e1gyazva, pr\u00e9mium anyagokb\u00f3l k\u00e9sz\u00edtem el neked ezt a modern asztali d\u00edszt. Legjobb bar\u00e1tn\u0151nek, testv\u00e9rnek vagy a p\u00e1rodnak is zseni\u00e1lis meglepet\u00e9s.\n\nA term\u00e9k param\u00e9terei:\n\nM\u00e9ret: 15x21 cm \n\nA plexi: Pr\u00e9mium min\u0151s\u00e9g\u0171, 4 mm vastag, krist\u00e1lytiszta akril.\n\nNyomtat\u00e1s: Az adatokat \u00e9s a fot\u00f3t modern UV nyomtat\u00e1ssal viszem fel a plexi h\u00e1toldal\u00e1ra. Ezzel a technik\u00e1val fot\u00f3realisztikus min\u0151s\u00e9get \u00e9s karc\u00e1ll\u00f3bb, id\u0151t\u00e1ll\u00f3 fel\u00fcletet \u00e9rek el.\n\nA talp: Amerikai di\u00f3fa. Minden talpat magam v\u00e1gok, finomra csiszolok, majd term\u00e9szetes faolajjal kezelem, ami kiemeli a s\u00f6t\u00e9t fa eleganci\u00e1j\u00e1t.\n\n\u00cdgy tudjuk elk\u00e9sz\u00edteni a te k\u00e9pedet:\n\nTedd be a kos\u00e1rba a term\u00e9ket.\n\nA rendel\u00e9s lead\u00e1sa ut\u00e1n k\u00fcldd el nekem a fot\u00f3t Meska \u00fczenetben, illetve a sz\u00fcks\u00e9ges feliratokat, felhaszn\u00e1l\u00f3 n\u00e9v, le\u00edr\u00e1s, stb.\n\nA feldolgoz\u00e1si id\u0151 2-3 munkanap. Amint elk\u00e9sz\u00fcl\u00f6k vele, gondosan becsomagolom \u00e9s m\u00e1r adom is \u00e1t a fut\u00e1rnak.\n\nFontos: Mivel ezt a term\u00e9ket a te instrukci\u00f3id alapj\u00e1n, egyedileg k\u00e9sz\u00edtem, a 14 napos el\u00e1ll\u00e1si jog nem \u00e9rv\u00e9nyes\u00edthet\u0151 r\u00e1. Ha sz\u00e1ll\u00edt\u00e1si s\u00e9r\u00fcl\u00e9s t\u00f6rt\u00e9nik, garant\u00e1ltan elk\u00e9sz\u00edtem neked \u00fajra!","score":0,"formatted_price":"14 990 Ft","image_url":"https:\/\/www.meska.hu\/img\/product\/small\/p\/l\/plexiture_product_782261_260415210853_312339.png","formatted_url":"https:\/\/www.meska.hu\/p5773556-szemelyre-szabott-instagram-stilusu-plexi-kep-fa-talpon-egyedi-fenykepes-ajandek","favourite":false,"in_stock":false,"avatar":"782261_avatar_1776197162.png","delete_from":0,"is_enhanced_background":false,"is_enhanced":false,"product_selection_started":false,"is_active":true,"image_webp_url":"https:\/\/www.meska.hu\/img\/product\/small\/p\/l\/plexiture_product_782261_260415210853_312339.webp"},{"id":"6185523","shop_id":"52547","user_id":"782261","shop_name":"Plexiture","shop_zip":"9030","product_code":"5773553","product_name_old":null,"product_name":"Szem\u00e9lyre szabott Spotify st\u00edlus\u00fa plexi k\u00e9p fa talpon - Egyedi zen\u00e9s f\u00e9nyk\u00e9pes aj\u00e1nd\u00e9k","category_string":"Otthon & \u00c9letm\u00f3d, Dekor\u00e1ci\u00f3, K\u00e9p & Falik\u00e9p, T\u00f6bb r\u00e9szes k\u00e9p","technic_string":"Famegmunk\u00e1l\u00e1s","category_1":"813","category_2":"314","category_3":"417","category_4":"1429","merged_category_1":null,"merged_category_2":null,"merged_category_3":null,"technic_1":"478","technic_2":"0","technic_3":"0","color_1":"514","color_2":"0","color_3":"0","product_description_old":null,"product_description":"Mindenkinek van egy \u201esaj\u00e1t dala\u201d, ami azonnal a legszebb k\u00f6z\u00f6s pillanatokra eml\u00e9kezteti. Megalkotom neked azt az eleg\u00e1ns asztali d\u00edszt, ami a kedvenc fot\u00f3dat \u00e9s a zenelej\u00e1tsz\u00f3 fel\u00fclet\u00e9t \u00f6tv\u00f6zi. T\u00f6k\u00e9letes, m\u00e9lyen szem\u00e9lyes aj\u00e1nd\u00e9k \u00e9vfordul\u00f3ra, esk\u00fcv\u0151re vagy sz\u00fclet\u00e9snapra.\n\nA term\u00e9k param\u00e9terei:\n\nM\u00e9ret: 15x21 cm \n\nA plexi: 4 mm vastag, magasf\u00e9ny\u0171, massz\u00edv akrillap.\n\nNyomtat\u00e1s: Professzion\u00e1lis UV nyomtat\u00e1st haszn\u00e1lok. Ez garant\u00e1lja, hogy a fot\u00f3d \u00e9s a dal apr\u00f3 sz\u00f6veges adatai is t\u0171\u00e9lesek legyenek, mik\u00f6zben a sz\u00ednek \u00e9vek m\u00falt\u00e1n sem fakulnak meg.\n\nA talp: Gondosan v\u00e1logatott, s\u00f6t\u00e9t amerikai di\u00f3fa. Saj\u00e1t kez\u0171leg munk\u00e1lok meg \u00e9s olajozok le minden egyes darabot, hogy a fa erezete a legszebben mutasson.\n\n\u00cdgy tudjuk elk\u00e9sz\u00edteni a te k\u00e9pedet:\n\nTedd be a kos\u00e1rba a term\u00e9ket.\n\nA rendel\u00e9s lead\u00e1sa ut\u00e1n k\u00fcldj nekem egy \u00fczenetet itt a Mesk\u00e1n, \u00e9s csatold hozz\u00e1 a fot\u00f3t, \u00edrd meg a dal c\u00edm\u00e9t \u00e9s el\u0151ad\u00f3j\u00e1t is.\n\nAmint megkapom, neki is \u00e1llok a munk\u00e1nak, a v\u00e1rht\u00f3 sz\u00e1ll\u00edt\u00e1si id\u0151 7-10 munkanap.\n\nFontos: Mivel a k\u00e9pet a te adataiddal egyedileg gy\u00e1rtom le, a 14 napos el\u00e1ll\u00e1si jog nem vonatkozik r\u00e1. Ha a csomag m\u00e9gis megs\u00e9r\u00fclne \u00fatk\u00f6zben, azonnal int\u00e9zem a cser\u00e9t!","price":"14990.00","unit":"db","recommended":"0","status":"1","sponsored":"0","exp_notify":"0","own_material":"0","own_material_description_old":null,"own_material_description":"","jury":"0","jury_number":"","product_nature":"","meskaracsony":"0","create_date":"2026-04-15 21:08:21","shelve_id":"0","image":"plexiture_product_782261_260415205127_70614.png","image_width":"480","image_height":"480","image_alt":"Szem\u00e9lyre szabott Spotify st\u00edlus\u00fa plexi k\u00e9p fa talpon - Egyedi zen\u00e9s f\u00e9nyk\u00e9pes aj\u00e1nd\u00e9k, Mindenkinek van egy \u201esaj\u00e1t dala\u201d, ami azonnal a legszebb k\u00f6z\u00f6s pillanatokra eml\u00e9kezteti. Megalkotom ..., Meska","image_title":"Szem\u00e9lyre szabott Spotify st\u00edlus\u00fa plexi k\u00e9p fa talpon - Egyedi zen\u00e9s f\u00e9nyk\u00e9pes aj\u00e1nd\u00e9k, Meska","view_count":"16","favourite_count":"0","trending_score":"0","last2MonthFavouriteCount":"0","promotion":"0","giftcard_accept":"0","creditcard_accept":true,"enhanced_background":"0","domain":"meska","specific_customer_id":null,"specific_customer_name":null,"to_order_product":"1","to_order_product_time":"7","product_different":null,"product_different_description":"","vintage":"0","vintage_category_id":"0","recycled":"0","gemstone_id":"0","customizable":"1","type_category":"physical","zerowaste":"0","postage_price":"2390.00","shop_order":"0","has_category":"1","landing_pages":null,"microdata":{"number":13,"category":""},"title":"Szem\u00e9lyre szabott Spotify st\u00edlus\u00fa plexi k\u00e9p fa talpon - Egyedi zen\u00e9s f\u00e9nyk\u00e9pes aj\u00e1nd\u00e9k","description":"Mindenkinek van egy \u201esaj\u00e1t dala\u201d, ami azonnal a legszebb k\u00f6z\u00f6s pillanatokra eml\u00e9kezteti. Megalkotom neked azt az eleg\u00e1ns asztali d\u00edszt, ami a kedvenc fot\u00f3dat \u00e9s a zenelej\u00e1tsz\u00f3 fel\u00fclet\u00e9t \u00f6tv\u00f6zi. T\u00f6k\u00e9letes, m\u00e9lyen szem\u00e9lyes aj\u00e1nd\u00e9k \u00e9vfordul\u00f3ra, esk\u00fcv\u0151re vagy sz\u00fclet\u00e9snapra.\n\nA term\u00e9k param\u00e9terei:\n\nM\u00e9ret: 15x21 cm \n\nA plexi: 4 mm vastag, magasf\u00e9ny\u0171, massz\u00edv akrillap.\n\nNyomtat\u00e1s: Professzion\u00e1lis UV nyomtat\u00e1st haszn\u00e1lok. Ez garant\u00e1lja, hogy a fot\u00f3d \u00e9s a dal apr\u00f3 sz\u00f6veges adatai is t\u0171\u00e9lesek legyenek, mik\u00f6zben a sz\u00ednek \u00e9vek m\u00falt\u00e1n sem fakulnak meg.\n\nA talp: Gondosan v\u00e1logatott, s\u00f6t\u00e9t amerikai di\u00f3fa. Saj\u00e1t kez\u0171leg munk\u00e1lok meg \u00e9s olajozok le minden egyes darabot, hogy a fa erezete a legszebben mutasson.\n\n\u00cdgy tudjuk elk\u00e9sz\u00edteni a te k\u00e9pedet:\n\nTedd be a kos\u00e1rba a term\u00e9ket.\n\nA rendel\u00e9s lead\u00e1sa ut\u00e1n k\u00fcldj nekem egy \u00fczenetet itt a Mesk\u00e1n, \u00e9s csatold hozz\u00e1 a fot\u00f3t, \u00edrd meg a dal c\u00edm\u00e9t \u00e9s el\u0151ad\u00f3j\u00e1t is.\n\nAmint megkapom, neki is \u00e1llok a munk\u00e1nak, a v\u00e1rht\u00f3 sz\u00e1ll\u00edt\u00e1si id\u0151 7-10 munkanap.\n\nFontos: Mivel a k\u00e9pet a te adataiddal egyedileg gy\u00e1rtom le, a 14 napos el\u00e1ll\u00e1si jog nem vonatkozik r\u00e1. Ha a csomag m\u00e9gis megs\u00e9r\u00fclne \u00fatk\u00f6zben, azonnal int\u00e9zem a cser\u00e9t!","score":0,"formatted_price":"14 990 Ft","image_url":"https:\/\/www.meska.hu\/img\/product\/small\/p\/l\/plexiture_product_782261_260415205127_70614.png","formatted_url":"https:\/\/www.meska.hu\/p5773553-szemelyre-szabott-spotify-stilusu-plexi-kep-fa-talpon-egyedi-zenes-fenykepes-ajandek","favourite":false,"in_stock":false,"avatar":"782261_avatar_1776197162.png","delete_from":0,"is_enhanced_background":false,"is_enhanced":false,"product_selection_started":false,"is_active":true,"image_webp_url":"https:\/\/www.meska.hu\/img\/product\/small\/p\/l\/plexiture_product_782261_260415205127_70614.webp"},{"id":"6183207","shop_id":"52547","user_id":"782261","shop_name":"Plexiture","shop_zip":"9030","product_code":"5771719","product_name_old":null,"product_name":"Egyedi saj\u00e1t fot\u00f3s pr\u00e9mium plexi k\u00e9p fa talpon - Szem\u00e9lyre szabott aj\u00e1nd\u00e9k","category_string":"Otthon & \u00c9letm\u00f3d, Dekor\u00e1ci\u00f3, K\u00e9p & Falik\u00e9p, T\u00f6bb r\u00e9szes k\u00e9p","technic_string":"Famegmunk\u00e1l\u00e1s","category_1":"813","category_2":"314","category_3":"417","category_4":"1429","merged_category_1":null,"merged_category_2":null,"merged_category_3":null,"technic_1":"478","technic_2":"0","technic_3":"0","color_1":"513","color_2":"514","color_3":"0","product_description_old":null,"product_description":"Ne hagyd, hogy a legjobb fot\u00f3id elvesszenek a telefonod gal\u00e9ri\u00e1j\u00e1ban! \u00c9n abban seg\u00edtek, hogy a sz\u00e1modra legfontosabb eml\u00e9k egy eleg\u00e1ns, pr\u00e9mium min\u0151s\u00e9g\u0171 d\u00edszt\u00e1rgy form\u00e1j\u00e1ban ker\u00fclj\u00f6n a polcodra. Legyen az a kedvenc aut\u00f3d, egy esk\u00fcv\u0151i pillanat, vagy egy csal\u00e1di fot\u00f3, egyedi, k\u00e9zzel foghat\u00f3 form\u00e1ba \u00f6nt\u00f6m neked.\n\nA term\u00e9k param\u00e9terei:\n\nM\u00e9ret: T\u00f6bbf\u00e9le m\u00e9retben, rendel\u00e9skor tudod kiv\u00e1lasztani.\n\nA plexi: 4 mm vastag, krist\u00e1lytiszta akril.\n\nNyomtat\u00e1s: Cs\u00facsmin\u0151s\u00e9g\u0171 UV nyomtat\u00e1ssal k\u00e9sz\u00edtem a k\u00e9peket. A technol\u00f3gi\u00e1nak k\u00f6sz\u00f6nhet\u0151en a sz\u00ednek \u00e9l\u00e9nkek \u00e9s tart\u00f3sak maradnak, a fest\u00e9k pedig a plexi h\u00e1tulj\u00e1ra ker\u00fcl, ami leny\u0171g\u00f6z\u0151 m\u00e9lys\u00e9get \u00e9s \u00fcveghat\u00e1st ad a fot\u00f3nak.\n\nA talp: Val\u00f3di, s\u00f6t\u00e9t t\u00f3nus\u00fa amerikai di\u00f3fa. \u00c9n magam v\u00e1gom m\u00e9retre, k\u00e9zzel csiszolom, majd term\u00e9szetes olajjal kezelem. A nemes fa \u00e9s a modern plexi t\u00f6k\u00e9letes kontrasztot alkot.\n\n\u00cdgy tudjuk elk\u00e9sz\u00edteni a te k\u00e9pedet:\n\nTedd be a kos\u00e1rba \u00e9s vedd meg a term\u00e9ket itt a Mesk\u00e1n.\n\nA rendel\u00e9s lead\u00e1sa ut\u00e1n k\u00e9rlek, k\u00fcldd el nekem Meska \u00fczenetben a r\u00e1nyomtatni k\u00edv\u00e1nt fot\u00f3t.\n\nAmint \u00e1tk\u00fcld\u00f6d, neki is \u00e1llok a gy\u00e1rt\u00e1snak. K\u00f6r\u00fclbel\u00fcl 7-10 munkanap alatt elk\u00e9sz\u00fcl\u00f6k.\n\nFontos: Mivel ezt a term\u00e9ket a te saj\u00e1t fot\u00f3ddal egyedileg k\u00e9sz\u00edtem el, a 14 napos el\u00e1ll\u00e1si jog nem vonatkozik r\u00e1. Ha a sz\u00e1ll\u00edt\u00e1s sor\u00e1n m\u00e9gis megs\u00e9r\u00fclne, term\u00e9szetesen sz\u00f3 n\u00e9lk\u00fcl k\u00e9sz\u00edtek egy \u00fajat!","price":"9990.00","unit":"db","recommended":"0","status":"1","sponsored":"0","exp_notify":"0","own_material":"0","own_material_description_old":null,"own_material_description":"","jury":"0","jury_number":"","product_nature":"","meskaracsony":"0","create_date":"2026-04-14 23:04:12","shelve_id":"0","image":"plexiture_product_782261_260414220619_823854.jpeg","image_width":"480","image_height":"480","image_alt":"Egyedi saj\u00e1t fot\u00f3s pr\u00e9mium plexi k\u00e9p fa talpon - Szem\u00e9lyre szabott aj\u00e1nd\u00e9k, Ne hagyd, hogy a legjobb fot\u00f3id elvesszenek a telefonod gal\u00e9ri\u00e1j\u00e1ban! \u00c9n abban seg\u00edtek, hogy a sz\u00e1mo..., Meska","image_title":"Egyedi saj\u00e1t fot\u00f3s pr\u00e9mium plexi k\u00e9p fa talpon - Szem\u00e9lyre szabott aj\u00e1nd\u00e9k, Meska","view_count":"259","favourite_count":"0","trending_score":"0","last2MonthFavouriteCount":"0","promotion":"0","giftcard_accept":"0","creditcard_accept":true,"enhanced_background":"0","domain":"meska","specific_customer_id":null,"specific_customer_name":null,"to_order_product":"1","to_order_product_time":"7","product_different":null,"product_different_description":"","vintage":"0","vintage_category_id":"0","recycled":"0","gemstone_id":"0","customizable":"1","type_category":"physical","zerowaste":"0","postage_price":"2390.00","shop_order":"0","has_category":"1","landing_pages":null,"microdata":{"number":14,"category":""},"title":"Egyedi saj\u00e1t fot\u00f3s pr\u00e9mium plexi k\u00e9p fa talpon - Szem\u00e9lyre szabott aj\u00e1nd\u00e9k","description":"Ne hagyd, hogy a legjobb fot\u00f3id elvesszenek a telefonod gal\u00e9ri\u00e1j\u00e1ban! \u00c9n abban seg\u00edtek, hogy a sz\u00e1modra legfontosabb eml\u00e9k egy eleg\u00e1ns, pr\u00e9mium min\u0151s\u00e9g\u0171 d\u00edszt\u00e1rgy form\u00e1j\u00e1ban ker\u00fclj\u00f6n a polcodra. Legyen az a kedvenc aut\u00f3d, egy esk\u00fcv\u0151i pillanat, vagy egy csal\u00e1di fot\u00f3, egyedi, k\u00e9zzel foghat\u00f3 form\u00e1ba \u00f6nt\u00f6m neked.\n\nA term\u00e9k param\u00e9terei:\n\nM\u00e9ret: T\u00f6bbf\u00e9le m\u00e9retben, rendel\u00e9skor tudod kiv\u00e1lasztani.\n\nA plexi: 4 mm vastag, krist\u00e1lytiszta akril.\n\nNyomtat\u00e1s: Cs\u00facsmin\u0151s\u00e9g\u0171 UV nyomtat\u00e1ssal k\u00e9sz\u00edtem a k\u00e9peket. A technol\u00f3gi\u00e1nak k\u00f6sz\u00f6nhet\u0151en a sz\u00ednek \u00e9l\u00e9nkek \u00e9s tart\u00f3sak maradnak, a fest\u00e9k pedig a plexi h\u00e1tulj\u00e1ra ker\u00fcl, ami leny\u0171g\u00f6z\u0151 m\u00e9lys\u00e9get \u00e9s \u00fcveghat\u00e1st ad a fot\u00f3nak.\n\nA talp: Val\u00f3di, s\u00f6t\u00e9t t\u00f3nus\u00fa amerikai di\u00f3fa. \u00c9n magam v\u00e1gom m\u00e9retre, k\u00e9zzel csiszolom, majd term\u00e9szetes olajjal kezelem. A nemes fa \u00e9s a modern plexi t\u00f6k\u00e9letes kontrasztot alkot.\n\n\u00cdgy tudjuk elk\u00e9sz\u00edteni a te k\u00e9pedet:\n\nTedd be a kos\u00e1rba \u00e9s vedd meg a term\u00e9ket itt a Mesk\u00e1n.\n\nA rendel\u00e9s lead\u00e1sa ut\u00e1n k\u00e9rlek, k\u00fcldd el nekem Meska \u00fczenetben a r\u00e1nyomtatni k\u00edv\u00e1nt fot\u00f3t.\n\nAmint \u00e1tk\u00fcld\u00f6d, neki is \u00e1llok a gy\u00e1rt\u00e1snak. K\u00f6r\u00fclbel\u00fcl 7-10 munkanap alatt elk\u00e9sz\u00fcl\u00f6k.\n\nFontos: Mivel ezt a term\u00e9ket a te saj\u00e1t fot\u00f3ddal egyedileg k\u00e9sz\u00edtem el, a 14 napos el\u00e1ll\u00e1si jog nem vonatkozik r\u00e1. Ha a sz\u00e1ll\u00edt\u00e1s sor\u00e1n m\u00e9gis megs\u00e9r\u00fclne, term\u00e9szetesen sz\u00f3 n\u00e9lk\u00fcl k\u00e9sz\u00edtek egy \u00fajat!","score":0,"formatted_price":"9 990 Ft","image_url":"https:\/\/www.meska.hu\/img\/product\/small\/p\/l\/plexiture_product_782261_260414220619_823854.jpeg","formatted_url":"https:\/\/www.meska.hu\/p5771719-egyedi-sajat-fotos-premium-plexi-kep-fa-talpon-szemelyre-szabott-ajandek","favourite":false,"in_stock":false,"avatar":"782261_avatar_1776197162.png","delete_from":0,"is_enhanced_background":false,"is_enhanced":false,"product_selection_started":false,"is_active":true,"image_webp_url":"https:\/\/www.meska.hu\/img\/product\/small\/p\/l\/plexiture_product_782261_260414220619_823854.webp"},{"id":"4758280","shop_id":"34460","user_id":"450661","shop_name":"Nikolett718669","shop_zip":"4937","product_code":"4932776","product_name_old":null,"product_name":"Ultrahang tart\u00f3.","category_string":"Otthon & \u00c9letm\u00f3d, Dekor\u00e1ci\u00f3, K\u00e9p & Falik\u00e9p, T\u00f6bb r\u00e9szes k\u00e9p","technic_string":"F\u00e9mmegmunk\u00e1l\u00e1s, Grav\u00edroz\u00e1s, pirogr\u00e1fia","category_1":"813","category_2":"314","category_3":"417","category_4":"1429","merged_category_1":null,"merged_category_2":null,"merged_category_3":null,"technic_1":"479","technic_2":"796","technic_3":"0","color_1":"532","color_2":"534","color_3":"0","product_description_old":null,"product_description":"Ultrahang tart\u00f3 .\nA legmegfelel\u0151bb hely a k\u00e9p t\u00e1rol\u00e1s\u00e1ra.\nAnyaga 4 mm-es kezeletlen ny\u00edr r\u00e9tegelt lemez \nM\u00e9rete 22*15*4,5 cm.\nAz \u00e1r egy db-ra vonatkozik.","price":"2500.00","unit":"db","recommended":"0","status":"1","sponsored":"0","exp_notify":"0","own_material":"0","own_material_description_old":null,"own_material_description":"","jury":"0","jury_number":"","product_nature":"","meskaracsony":"0","create_date":"2026-04-14 22:56:12","shelve_id":"0","image":"nikolett718669_product_450661_230323221101_46938.jpeg","image_width":"480","image_height":"361","image_alt":"Ultrahang tart\u00f3., Ultrahang tart\u00f3 .\\nA legmegfelel\u0151bb hely a k\u00e9p t\u00e1rol\u00e1s\u00e1ra.\\nAnyaga 4 mm-es kezeletlen ny\u00edr r\u00e9tegelt le..., Meska","image_title":"Ultrahang tart\u00f3., Meska","view_count":"1227","favourite_count":"0","trending_score":"0","last2MonthFavouriteCount":"0","promotion":"0","giftcard_accept":"0","creditcard_accept":false,"enhanced_background":"0","domain":"meska","specific_customer_id":null,"specific_customer_name":null,"to_order_product":"1","to_order_product_time":"7","product_different":null,"product_different_description":"","vintage":"0","vintage_category_id":"0","recycled":"0","gemstone_id":"0","customizable":"0","type_category":"physical","zerowaste":"0","postage_price":"2850.00","shop_order":"0","has_category":"1","landing_pages":null,"microdata":{"number":15,"category":""},"title":"Ultrahang tart\u00f3.","description":"Ultrahang tart\u00f3 .\nA legmegfelel\u0151bb hely a k\u00e9p t\u00e1rol\u00e1s\u00e1ra.\nAnyaga 4 mm-es kezeletlen ny\u00edr r\u00e9tegelt lemez \nM\u00e9rete 22*15*4,5 cm.\nAz \u00e1r egy db-ra vonatkozik.","score":0,"formatted_price":"2 500 Ft","image_url":"https:\/\/www.meska.hu\/img\/product\/small\/n\/i\/nikolett718669_product_450661_230323221101_46938.jpeg","formatted_url":"https:\/\/www.meska.hu\/p4932776-ultrahang-tarto","favourite":false,"in_stock":false,"avatar":"450661_avatar_1712857165.jpeg","delete_from":0,"is_enhanced_background":false,"is_enhanced":false,"product_selection_started":false,"is_active":true,"image_webp_url":"https:\/\/www.meska.hu\/img\/product\/small\/n\/i\/nikolett718669_product_450661_230323221101_46938.webp"},{"id":"3488224","shop_id":"24043","user_id":"272819","shop_name":"RRstudio","shop_zip":"1185","product_code":"4114749","product_name_old":null,"product_name":"Tr\u00f3pusi leveles print szett, P\u00e1lma lev\u00e9l, ban\u00e1n lev\u00e9l, p\u00e1fr\u00e1ny, tr\u00f3pusi, z\u00f6ld levelek","category_string":"Otthon & \u00c9letm\u00f3d, T\u00f6bb r\u00e9szes k\u00e9p, Dekor\u00e1ci\u00f3, K\u00e9p & Falik\u00e9p","technic_string":"Fot\u00f3, grafika, rajz, illusztr\u00e1ci\u00f3","category_1":"813","category_2":"1429","category_3":"314","category_4":"417","merged_category_1":null,"merged_category_2":null,"merged_category_3":null,"technic_1":"483","technic_2":"0","technic_3":"0","color_1":"514","color_2":"519","color_3":"529","product_description_old":null,"product_description":"A4 Min\u0151s\u00e9gi Pap\u00edr Print szett Nyomtat\u00e1s : 3db k\u00e9p\n* KERET N\u00c9LK\u00dcL *\n\nAz \u00e1r 3db printet tartalmaz.\n\n* KIVITELEZ\u00c9S & ELK\u00c9SZ\u00cdT\u00c9S:\nFelszerelt st\u00fadi\u00f3nkban a mi fel\u00fcgyelet\u00fcnk alatt, saj\u00e1t eszk\u00f6zeinkkel nyomtatjuk, k\u00e9sz\u00edtj\u00fck \u00e9s csomagoljuk k\u00e9peinket.\n\n* M\u00c9RET: A4 (210 x 297 mm)\n\n* ANYAG:\n250g - os textur\u00e1lt nat\u00far vagy feh\u00e9r m\u0171v\u00e9szpap\u00edr\n\n* SZ\u00d6VEG:\nV\u00e1s\u00e1rl\u00e1skor k\u00e9rlek hagyj \u00fczenetet a k\u00e9rt v\u00e1ltoztat\u00e1ssal, n\u00e9vvel, sz\u00f6veggel!\n\n* CSOMAGOL\u00c1S:\nKartonnal merev\u00edtve, bubor\u00e9kf\u00f3li\u00e1val vagy hengerben\n\n* FIZET\u00c9S:\nCsakis el\u0151re banki utal\u00e1ssal!\nA v\u00e1s\u00e1rl\u00e1s ut\u00e1n k\u00fcldj\u00fck a t\u00e1j\u00e9koztat\u00f3 emailt a sz\u00fcks\u00e9ges adatokkal\n\n* \u00c1TFUT\u00c1SI ID\u0150:\nkb.: 3 munkanap\n\n* SAJ\u00c1T ELK\u00c9PZEL\u00c9SED VAN?\nEgyedi rendel\u00e9seket is sz\u00edvesen fogadunk.\n\u00cdrj nyugodtan!\n\nA v\u00edzjel leker\u00fcl a k\u00e9sz term\u00e9kr\u0151l, egy\u00e9b keretek, h\u00e1tterek, dekor\u00e1ci\u00f3k csak illusztrat\u00edv jelleget k\u00e9peznek.\n\nSZERZ\u0150I JOG:\n- Minden jog fenntartva\nFelh\u00edjuk figyelmedet, hogy a szerz\u0151i jog minden term\u00e9kre megmarad. ","price":"2500.00","unit":"db","recommended":"0","status":"1","sponsored":"0","exp_notify":"0","own_material":"0","own_material_description_old":null,"own_material_description":"","jury":"0","jury_number":"","product_nature":"","meskaracsony":"0","create_date":"2026-04-14 12:50:52","shelve_id":"58074","image":"rrstudio_product_272819_210411134745_439287.jpeg","image_width":"480","image_height":"384","image_alt":"Tr\u00f3pusi leveles print szett, P\u00e1lma lev\u00e9l, ban\u00e1n lev\u00e9l, p\u00e1fr\u00e1ny, tr\u00f3pusi, z\u00f6ld levelek, A4 Min\u0151s\u00e9gi Pap\u00edr Print szett Nyomtat\u00e1s : 3db k\u00e9p\\n* KERET N\u00c9LK\u00dcL *\\n\\nAz \u00e1r 3db printet tartalmaz.\\n\\n* ..., Meska","image_title":"Tr\u00f3pusi leveles print szett, P\u00e1lma lev\u00e9l, ban\u00e1n lev\u00e9l, p\u00e1fr\u00e1ny, tr\u00f3pusi, z\u00f6ld levelek, Meska","view_count":"2048","favourite_count":"0","trending_score":"0","last2MonthFavouriteCount":"0","promotion":"0","giftcard_accept":"1","creditcard_accept":false,"enhanced_background":"0","domain":"meska","specific_customer_id":null,"specific_customer_name":null,"to_order_product":"0","to_order_product_time":"0","product_different":null,"product_different_description":"","vintage":"0","vintage_category_id":"0","recycled":"0","gemstone_id":"0","customizable":"0","type_category":"physical","zerowaste":"0","postage_price":"1290.00","shop_order":"0","has_category":"1","landing_pages":null,"microdata":{"number":16,"category":""},"title":"Tr\u00f3pusi leveles print szett, P\u00e1lma lev\u00e9l, ban\u00e1n lev\u00e9l, p\u00e1fr\u00e1ny, tr\u00f3pusi, z\u00f6ld levelek","description":"A4 Min\u0151s\u00e9gi Pap\u00edr Print szett Nyomtat\u00e1s : 3db k\u00e9p\n* KERET N\u00c9LK\u00dcL *\n\nAz \u00e1r 3db printet tartalmaz.\n\n* KIVITELEZ\u00c9S & ELK\u00c9SZ\u00cdT\u00c9S:\nFelszerelt st\u00fadi\u00f3nkban a mi fel\u00fcgyelet\u00fcnk alatt, saj\u00e1t eszk\u00f6zeinkkel nyomtatjuk, k\u00e9sz\u00edtj\u00fck \u00e9s csomagoljuk k\u00e9peinket.\n\n* M\u00c9RET: A4 (210 x 297 mm)\n\n* ANYAG:\n250g - os textur\u00e1lt nat\u00far vagy feh\u00e9r m\u0171v\u00e9szpap\u00edr\n\n* SZ\u00d6VEG:\nV\u00e1s\u00e1rl\u00e1skor k\u00e9rlek hagyj \u00fczenetet a k\u00e9rt v\u00e1ltoztat\u00e1ssal, n\u00e9vvel, sz\u00f6veggel!\n\n* CSOMAGOL\u00c1S:\nKartonnal merev\u00edtve, bubor\u00e9kf\u00f3li\u00e1val vagy hengerben\n\n* FIZET\u00c9S:\nCsakis el\u0151re banki utal\u00e1ssal!\nA v\u00e1s\u00e1rl\u00e1s ut\u00e1n k\u00fcldj\u00fck a t\u00e1j\u00e9koztat\u00f3 emailt a sz\u00fcks\u00e9ges adatokkal\n\n* \u00c1TFUT\u00c1SI ID\u0150:\nkb.: 3 munkanap\n\n* SAJ\u00c1T ELK\u00c9PZEL\u00c9SED VAN?\nEgyedi rendel\u00e9seket is sz\u00edvesen fogadunk.\n\u00cdrj nyugodtan!\n\nA v\u00edzjel leker\u00fcl a k\u00e9sz term\u00e9kr\u0151l, egy\u00e9b keretek, h\u00e1tterek, dekor\u00e1ci\u00f3k csak illusztrat\u00edv jelleget k\u00e9peznek.\n\nSZERZ\u0150I JOG:\n- Minden jog fenntartva\nFelh\u00edjuk figyelmedet, hogy a szerz\u0151i jog minden term\u00e9kre megmarad. ","score":0,"formatted_price":"2 500 Ft","image_url":"https:\/\/www.meska.hu\/img\/product\/small\/r\/r\/rrstudio_product_272819_210411134745_439287.jpeg","formatted_url":"https:\/\/www.meska.hu\/p4114749-tropusi-leveles-print-szett-palma-level-banan-level-pafrany-tropusi-zold-levelek","favourite":false,"in_stock":true,"avatar":"RRstudio_avatar_272819_1590081778.jpg","delete_from":0,"is_enhanced_background":false,"is_enhanced":false,"product_selection_started":false,"is_active":true,"image_webp_url":"https:\/\/www.meska.hu\/img\/product\/small\/r\/r\/rrstudio_product_272819_210411134745_439287.webp"},{"id":"5523074","shop_id":"29709","user_id":"371419","shop_name":"Hexartdesign","shop_zip":"1183","product_code":"5398358","product_name_old":null,"product_name":"3 db-os hatsz\u00f6g fot\u00f3 dekor\u00e1ci\u00f3 a Te csal\u00e1di k\u00e9peiddel","category_string":"Otthon & \u00c9letm\u00f3d, Dekor\u00e1ci\u00f3, K\u00e9p & Falik\u00e9p, T\u00f6bb r\u00e9szes k\u00e9p","technic_string":"Fot\u00f3, grafika, rajz, illusztr\u00e1ci\u00f3","category_1":"813","category_2":"314","category_3":"417","category_4":"1429","merged_category_1":null,"merged_category_2":null,"merged_category_3":null,"technic_1":"483","technic_2":"0","technic_3":"0","color_1":"532","color_2":"0","color_3":"0","product_description_old":null,"product_description":"Hexart Design - Az okos dekor\u00e1ci\u00f3\nNincs sz\u00fcks\u00e9g keretre \/ Kas\u00edrozott habkarton \/ Egy mozdulattal felrakhat\u00f3 \/ B\u0151v\u00edthet\u0151\n\n* * *\nHa t\u00f6bb dekor\u00e1ci\u00f3t is szeretn\u00e9l, akkor \u00e9rdemes szettet v\u00e1s\u00e1rolnod. Min\u00e9l nagyobb a szett darabsz\u00e1ma, ann\u00e1l olcs\u00f3bb egy dekor\u00e1ci\u00f3 \u00e1ra!\n* * *\n\nA kedvezm\u00e9nyes szett aj\u00e1nlatokat az al\u00e1bbi linken tudod megn\u00e9zni:\nhttps:\/\/www.meska.hu\/shop\/Hexartdesign?s=62737&o=legdragabb&p=1\n\nItt a lehet\u0151s\u00e9g hogy kirakd a falra a legkedvesebb csal\u00e1di k\u00e9peidet. Ez nem csup\u00e1n egy egyszer\u0171 fot\u00f3nyomtat\u00e1s, hanem k\u00e9sz dekor\u00e1ci\u00f3s megold\u00e1s, amivel nincs m\u00e1s dolgod csak felrakni a falra. Aj\u00e1nd\u00e9knak is kiv\u00e1l\u00f3.\n\nA hatsz\u00f6g form\u00e1kat v\u00e9gtelen elrendez\u00e9sben felrakhatod. Min\u00e9l t\u00f6bb darabos szettet v\u00e1lasztasz, ann\u00e1l egyedibb mint\u00e1t tudsz kirakni a falra.\n\nMi\u00e9rt \u00e9s milyen alkalomra aj\u00e1nlom?\n- Kar\u00e1csony - kar\u00e1csonyi aj\u00e1nd\u00e9k \u00f6tlet a p\u00e1rod sz\u00e1m\u00e1ra\n- M\u0171termi \/ csal\u00e1di fot\u00f3z\u00e1s - ha r\u00e9szt vett\u00e9l profi m\u0171termi \/ csal\u00e1di fot\u00f3z\u00e1son, akkor az ott k\u00e9sz\u00fclt k\u00e9peidhez a legjobb dekor\u00e1ci\u00f3s megold\u00e1s\n- Esk\u00fcv\u0151, n\u00e1szaj\u00e1nd\u00e9k - az esk\u00fcv\u0151i k\u00e9peid, melyek felid\u00e9zik a nagy nap \u00f6r\u00f6meit\n- \u00c9vfordul\u00f3, valentin nap - eml\u00e9kezetes pillanataitok \u00e9s fontos m\u00e9rf\u00f6ldk\u00f6veitek \u00e9vfordul\u00f3s vagy valentin napi meglepet\u00e9sk\u00e9nt\n- Sz\u00fclet\u00e9snap, n\u00e9vnap - ha egy igaz\u00e1n eredeti \u00e9s szem\u00e9lyes sz\u00fclet\u00e9snapi vagy n\u00e9vnapi aj\u00e1nd\u00e9kot adn\u00e1l\n- Gyermek\u00e1ld\u00e1s - babafot\u00f3k a kisbab\u00e1dr\u00f3l\n- Csal\u00e1di fot\u00f3k - fot\u00f3k amin egy\u00fctt van a csal\u00e1dod, ak\u00e1r otthon vagy utaz\u00e1s, nyaral\u00e1s k\u00f6zben \n- B\u0151v\u00edthet\u0151 megold\u00e1s - ha fot\u00f3s dekor\u00e1ci\u00f3t v\u00e1s\u00e1rolsz t\u0151lem, akkor azt b\u00e1rmikor tov\u00e1bb b\u0151v\u00edtheted \u00fajabb \u00e9s \u00fajabb elemekkel\n\nHogy mit takar az okos dekor\u00e1ci\u00f3?\nA legfontosabb el\u0151nyei, m\u00e1s dekor\u00e1ci\u00f3s megold\u00e1ssal szemben:\n- egy mozdulattal felrakhat\u00f3 b\u00e1rmilyen fel\u00fcletre (falra, szekr\u00e9nyre, \u00fcvegre stb.)\n- nincs sz\u00fcks\u00e9g sz\u00f6gre \u00e9s kalap\u00e1csra a felhelyez\u00e9shez\n- nincsenek tov\u00e1bbi k\u00f6lts\u00e9geid, hiszen nem kell keretet is v\u00e1s\u00e1rolni (egy A4-es k\u00e9p eset\u00e9ben ez keretenk\u00e9nt 2-5 ezer forint is lehet)\n- nyom n\u00e9lk\u00fcl \u00e1thelyezhet\u0151, t\u00f6bbsz\u00f6r is\n\nA k\u00e9pen l\u00e1that\u00f3 kieg\u00e9sz\u00edt\u0151 dekor\u00e1ci\u00f3s k\u00f6rnyezet csak illusztr\u00e1ci\u00f3, ami nem k\u00e9pezi a term\u00e9k r\u00e9sz\u00e9t. A m\u00e9retar\u00e1ny nem felt\u00e9tlen\u00fcl felel meg a val\u00f3s\u00e1gnak. A dekor\u00e1ci\u00f3 pontos m\u00e9ret \u00e9s fel\u00fclet opci\u00f3it az al\u00e1bbi term\u00e9kle\u00edr\u00e1sban l\u00e1thatod.\n\nTerm\u00e9kle\u00edr\u00e1s:\nMin\u0151s\u00e9gi fot\u00f3pap\u00edrra k\u00e9sz\u00fcl\u0151 nyomat, amely egy 5 mm-es vastag, hatsz\u00f6g form\u00e1j\u00fa feh\u00e9r habkartonra van kas\u00edrozva. R\u00f6gz\u00edt\u00e9se speci\u00e1lis ragaszt\u00e1si technol\u00f3gi\u00e1val t\u00f6rt\u00e9nik, amivel a dekor\u00e1ci\u00f3 nyom n\u00e9lk\u00fcl \u00e1thelyezhet\u0151, ak\u00e1r t\u00f6bbsz\u00f6r is.\nEl\u00e9rhet\u0151 az al\u00e1bbi m\u00e9ret \u00e9s fel\u00fclet opci\u00f3kban (a term\u00e9kk\u00e9pek k\u00f6z\u00f6tt megtal\u00e1lod a Norm\u00e1l \u00e9s Nagy verzi\u00f3 m\u00e9retar\u00e1nyos \u00f6sszehasonl\u00edt\u00f3 k\u00e9pet is). A v\u00e1s\u00e1rl\u00e1sn\u00e1l pedig a M\u00e9ret leg\u00f6rd\u00fcl\u0151 men\u00fcben v\u00e1laszthatod majd ki, a Neked szimpatikus verzi\u00f3t.\n- Norm\u00e1l m\u00e9ret (231x200 mm), f\u00e9nyes fel\u00fclettel (alap\u00e1r)\n- Nagy m\u00e9ret (300x260 mm), f\u00e9nyes fel\u00fclettel (fel\u00e1ras opci\u00f3)\n\n\u201e+ Fot\u00f3 szerkeszt\u00e9s\u201d mint v\u00e1laszthat\u00f3 kieg\u00e9sz\u00edt\u0151 jelent\u00e9se:\nAmennyiben + Fot\u00f3 szerkeszt\u00e9st (fel\u00e1ras opci\u00f3) is k\u00e9rsz, akkor az a k\u00f6vetkez\u0151 extr\u00e1kat is tartalmazza:\n- probl\u00e9m\u00e1s k\u00e9pek extra verzi\u00f3inak szerkeszt\u00e9s\u00e9t (nem minden fot\u00f3 kompoz\u00edci\u00f3ja m\u0171k\u00f6dik a hatsz\u00f6g form\u00e1ban, ez\u00e9rt ezekhez a k\u00e9pekhez egy plusz alternat\u00edv v\u00e1ltozatot is k\u00e9sz\u00edtek, ahol a fot\u00f3 jelent\u0151s r\u00e9sze l\u00e1that\u00f3 marad)\n- ak\u00e1r t\u00f6bb k\u00f6r\u00f6s l\u00e1tv\u00e1nyterv egyeztet\u00e9st\n- az egyeztet\u00e9s alatti fot\u00f3csere lehet\u0151s\u00e9g\u00e9t\n- a sz\u00edn, kontraszt, sz\u00ednh\u0151m\u00e9rs\u00e9klet jav\u00edt\u00e1s\u00e1t \u00e9s a nyomtat\u00e1sra optimaliz\u00e1l\u00e1st a m\u00e9g szebb v\u00e9geredm\u00e9ny\u00e9rt\n\nA szerkeszt\u00e9s nem tartalmaz k\u00e9pi elem elt\u00e1vol\u00edt\u00e1st \u00e9s egy\u00e9b \u00f6sszetett retus\u00e1l\u00e1st!\n\nRendel\u00e9s:\nMiut\u00e1n leadtad a rendel\u00e9st, felveszem veled a kapcsolatot emailben. Ezut\u00e1n tudod majd elk\u00fcldeni nekem a fot\u00f3kat (lehet\u0151s\u00e9g szerint a legjobb min\u0151s\u00e9gben). Hamarosan l\u00e1tv\u00e1nytervet k\u00fcld\u00f6k Neked, amit ha elfogadsz k\u00e9sz\u00edtem is.\n\nFot\u00f3 szerz\u0151i jog:\nMinden sz\u00e1momra elk\u00fcld\u00f6tt fot\u00f3 szerz\u0151i joga a V\u00e1s\u00e1rl\u00f3\u00e9. Nem ker\u00fcl harmadik f\u00e9lhez \u00e9s a dekor\u00e1ci\u00f3 nyomtat\u00e1sa ut\u00e1n t\u00f6rl\u00e9sre ker\u00fcl.\n\nAz \u00e1r 3 darab term\u00e9kre vonatkozik.","price":"16650.00","unit":"db","recommended":"0","status":"1","sponsored":"0","exp_notify":"0","own_material":"0","own_material_description_old":null,"own_material_description":"","jury":"0","jury_number":"","product_nature":"","meskaracsony":"0","create_date":"2026-04-09 14:30:02","shelve_id":"62737","image":"hexartdesign_product_371419_250813144757_397910.jpeg","image_width":"480","image_height":"480","image_alt":"3 db-os hatsz\u00f6g fot\u00f3 dekor\u00e1ci\u00f3 a Te csal\u00e1di k\u00e9peiddel, Hexart Design - Az okos dekor\u00e1ci\u00f3\\nNincs sz\u00fcks\u00e9g keretre \/ Kas\u00edrozott habkarton \/ Egy mozdulattal fel..., Meska","image_title":"3 db-os hatsz\u00f6g fot\u00f3 dekor\u00e1ci\u00f3 a Te csal\u00e1di k\u00e9peiddel, Meska","view_count":"735","favourite_count":"0","trending_score":"0","last2MonthFavouriteCount":"0","promotion":0,"giftcard_accept":"1","creditcard_accept":true,"enhanced_background":"0","domain":"meska","specific_customer_id":null,"specific_customer_name":null,"to_order_product":"1","to_order_product_time":"3","product_different":"quite_different","product_different_description":"A sz\u00ednek minim\u00e1lisan elt\u00e9rhetnek a kijelz\u0151n l\u00e1that\u00f3 sz\u00ednekt\u0151l (mobil kijelz\u0151, monitor stb.)\nAz egyedi szem\u00e9lyre szabott dekor\u00e1ci\u00f3kn\u00e1l v\u00e1ltozik a sz\u00f6veg.","vintage":"0","vintage_category_id":"0","recycled":"0","gemstone_id":"0","customizable":"1","type_category":"physical","zerowaste":"0","postage_price":"1490.00","shop_order":"0","has_category":"1","landing_pages":"Valentin-napi aj\u00e1nd\u00e9kok","microdata":{"number":17,"category":""},"title":"3 db-os hatsz\u00f6g fot\u00f3 dekor\u00e1ci\u00f3 a Te csal\u00e1di k\u00e9peiddel","description":"Hexart Design - Az okos dekor\u00e1ci\u00f3\nNincs sz\u00fcks\u00e9g keretre \/ Kas\u00edrozott habkarton \/ Egy mozdulattal felrakhat\u00f3 \/ B\u0151v\u00edthet\u0151\n\n* * *\nHa t\u00f6bb dekor\u00e1ci\u00f3t is szeretn\u00e9l, akkor \u00e9rdemes szettet v\u00e1s\u00e1rolnod. Min\u00e9l nagyobb a szett darabsz\u00e1ma, ann\u00e1l olcs\u00f3bb egy dekor\u00e1ci\u00f3 \u00e1ra!\n* * *\n\nA kedvezm\u00e9nyes szett aj\u00e1nlatokat az al\u00e1bbi linken tudod megn\u00e9zni:\nhttps:\/\/www.meska.hu\/shop\/Hexartdesign?s=62737&o=legdragabb&p=1\n\nItt a lehet\u0151s\u00e9g hogy kirakd a falra a legkedvesebb csal\u00e1di k\u00e9peidet. Ez nem csup\u00e1n egy egyszer\u0171 fot\u00f3nyomtat\u00e1s, hanem k\u00e9sz dekor\u00e1ci\u00f3s megold\u00e1s, amivel nincs m\u00e1s dolgod csak felrakni a falra. Aj\u00e1nd\u00e9knak is kiv\u00e1l\u00f3.\n\nA hatsz\u00f6g form\u00e1kat v\u00e9gtelen elrendez\u00e9sben felrakhatod. Min\u00e9l t\u00f6bb darabos szettet v\u00e1lasztasz, ann\u00e1l egyedibb mint\u00e1t tudsz kirakni a falra.\n\nMi\u00e9rt \u00e9s milyen alkalomra aj\u00e1nlom?\n- Kar\u00e1csony - kar\u00e1csonyi aj\u00e1nd\u00e9k \u00f6tlet a p\u00e1rod sz\u00e1m\u00e1ra\n- M\u0171termi \/ csal\u00e1di fot\u00f3z\u00e1s - ha r\u00e9szt vett\u00e9l profi m\u0171termi \/ csal\u00e1di fot\u00f3z\u00e1son, akkor az ott k\u00e9sz\u00fclt k\u00e9peidhez a legjobb dekor\u00e1ci\u00f3s megold\u00e1s\n- Esk\u00fcv\u0151, n\u00e1szaj\u00e1nd\u00e9k - az esk\u00fcv\u0151i k\u00e9peid, melyek felid\u00e9zik a nagy nap \u00f6r\u00f6meit\n- \u00c9vfordul\u00f3, valentin nap - eml\u00e9kezetes pillanataitok \u00e9s fontos m\u00e9rf\u00f6ldk\u00f6veitek \u00e9vfordul\u00f3s vagy valentin napi meglepet\u00e9sk\u00e9nt\n- Sz\u00fclet\u00e9snap, n\u00e9vnap - ha egy igaz\u00e1n eredeti \u00e9s szem\u00e9lyes sz\u00fclet\u00e9snapi vagy n\u00e9vnapi aj\u00e1nd\u00e9kot adn\u00e1l\n- Gyermek\u00e1ld\u00e1s - babafot\u00f3k a kisbab\u00e1dr\u00f3l\n- Csal\u00e1di fot\u00f3k - fot\u00f3k amin egy\u00fctt van a csal\u00e1dod, ak\u00e1r otthon vagy utaz\u00e1s, nyaral\u00e1s k\u00f6zben \n- B\u0151v\u00edthet\u0151 megold\u00e1s - ha fot\u00f3s dekor\u00e1ci\u00f3t v\u00e1s\u00e1rolsz t\u0151lem, akkor azt b\u00e1rmikor tov\u00e1bb b\u0151v\u00edtheted \u00fajabb \u00e9s \u00fajabb elemekkel\n\nHogy mit takar az okos dekor\u00e1ci\u00f3?\nA legfontosabb el\u0151nyei, m\u00e1s dekor\u00e1ci\u00f3s megold\u00e1ssal szemben:\n- egy mozdulattal felrakhat\u00f3 b\u00e1rmilyen fel\u00fcletre (falra, szekr\u00e9nyre, \u00fcvegre stb.)\n- nincs sz\u00fcks\u00e9g sz\u00f6gre \u00e9s kalap\u00e1csra a felhelyez\u00e9shez\n- nincsenek tov\u00e1bbi k\u00f6lts\u00e9geid, hiszen nem kell keretet is v\u00e1s\u00e1rolni (egy A4-es k\u00e9p eset\u00e9ben ez keretenk\u00e9nt 2-5 ezer forint is lehet)\n- nyom n\u00e9lk\u00fcl \u00e1thelyezhet\u0151, t\u00f6bbsz\u00f6r is\n\nA k\u00e9pen l\u00e1that\u00f3 kieg\u00e9sz\u00edt\u0151 dekor\u00e1ci\u00f3s k\u00f6rnyezet csak illusztr\u00e1ci\u00f3, ami nem k\u00e9pezi a term\u00e9k r\u00e9sz\u00e9t. A m\u00e9retar\u00e1ny nem felt\u00e9tlen\u00fcl felel meg a val\u00f3s\u00e1gnak. A dekor\u00e1ci\u00f3 pontos m\u00e9ret \u00e9s fel\u00fclet opci\u00f3it az al\u00e1bbi term\u00e9kle\u00edr\u00e1sban l\u00e1thatod.\n\nTerm\u00e9kle\u00edr\u00e1s:\nMin\u0151s\u00e9gi fot\u00f3pap\u00edrra k\u00e9sz\u00fcl\u0151 nyomat, amely egy 5 mm-es vastag, hatsz\u00f6g form\u00e1j\u00fa feh\u00e9r habkartonra van kas\u00edrozva. R\u00f6gz\u00edt\u00e9se speci\u00e1lis ragaszt\u00e1si technol\u00f3gi\u00e1val t\u00f6rt\u00e9nik, amivel a dekor\u00e1ci\u00f3 nyom n\u00e9lk\u00fcl \u00e1thelyezhet\u0151, ak\u00e1r t\u00f6bbsz\u00f6r is.\nEl\u00e9rhet\u0151 az al\u00e1bbi m\u00e9ret \u00e9s fel\u00fclet opci\u00f3kban (a term\u00e9kk\u00e9pek k\u00f6z\u00f6tt megtal\u00e1lod a Norm\u00e1l \u00e9s Nagy verzi\u00f3 m\u00e9retar\u00e1nyos \u00f6sszehasonl\u00edt\u00f3 k\u00e9pet is). A v\u00e1s\u00e1rl\u00e1sn\u00e1l pedig a M\u00e9ret leg\u00f6rd\u00fcl\u0151 men\u00fcben v\u00e1laszthatod majd ki, a Neked szimpatikus verzi\u00f3t.\n- Norm\u00e1l m\u00e9ret (231x200 mm), f\u00e9nyes fel\u00fclettel (alap\u00e1r)\n- Nagy m\u00e9ret (300x260 mm), f\u00e9nyes fel\u00fclettel (fel\u00e1ras opci\u00f3)\n\n\u201e+ Fot\u00f3 szerkeszt\u00e9s\u201d mint v\u00e1laszthat\u00f3 kieg\u00e9sz\u00edt\u0151 jelent\u00e9se:\nAmennyiben + Fot\u00f3 szerkeszt\u00e9st (fel\u00e1ras opci\u00f3) is k\u00e9rsz, akkor az a k\u00f6vetkez\u0151 extr\u00e1kat is tartalmazza:\n- probl\u00e9m\u00e1s k\u00e9pek extra verzi\u00f3inak szerkeszt\u00e9s\u00e9t (nem minden fot\u00f3 kompoz\u00edci\u00f3ja m\u0171k\u00f6dik a hatsz\u00f6g form\u00e1ban, ez\u00e9rt ezekhez a k\u00e9pekhez egy plusz alternat\u00edv v\u00e1ltozatot is k\u00e9sz\u00edtek, ahol a fot\u00f3 jelent\u0151s r\u00e9sze l\u00e1that\u00f3 marad)\n- ak\u00e1r t\u00f6bb k\u00f6r\u00f6s l\u00e1tv\u00e1nyterv egyeztet\u00e9st\n- az egyeztet\u00e9s alatti fot\u00f3csere lehet\u0151s\u00e9g\u00e9t\n- a sz\u00edn, kontraszt, sz\u00ednh\u0151m\u00e9rs\u00e9klet jav\u00edt\u00e1s\u00e1t \u00e9s a nyomtat\u00e1sra optimaliz\u00e1l\u00e1st a m\u00e9g szebb v\u00e9geredm\u00e9ny\u00e9rt\n\nA szerkeszt\u00e9s nem tartalmaz k\u00e9pi elem elt\u00e1vol\u00edt\u00e1st \u00e9s egy\u00e9b \u00f6sszetett retus\u00e1l\u00e1st!\n\nRendel\u00e9s:\nMiut\u00e1n leadtad a rendel\u00e9st, felveszem veled a kapcsolatot emailben. Ezut\u00e1n tudod majd elk\u00fcldeni nekem a fot\u00f3kat (lehet\u0151s\u00e9g szerint a legjobb min\u0151s\u00e9gben). Hamarosan l\u00e1tv\u00e1nytervet k\u00fcld\u00f6k Neked, amit ha elfogadsz k\u00e9sz\u00edtem is.\n\nFot\u00f3 szerz\u0151i jog:\nMinden sz\u00e1momra elk\u00fcld\u00f6tt fot\u00f3 szerz\u0151i joga a V\u00e1s\u00e1rl\u00f3\u00e9. Nem ker\u00fcl harmadik f\u00e9lhez \u00e9s a dekor\u00e1ci\u00f3 nyomtat\u00e1sa ut\u00e1n t\u00f6rl\u00e9sre ker\u00fcl.\n\nAz \u00e1r 3 darab term\u00e9kre vonatkozik.","score":0,"formatted_price":"16 650 Ft","image_url":"https:\/\/www.meska.hu\/img\/product\/small\/h\/e\/hexartdesign_product_371419_250813144757_397910.jpeg","formatted_url":"https:\/\/www.meska.hu\/p5398358-3-db-os-hatszog-foto-dekoracio-a-te-csaladi-kepeiddel","favourite":false,"in_stock":false,"avatar":"Hexartdesign_avatar_371419_1589358772.jpg","delete_from":0,"is_enhanced_background":false,"is_enhanced":false,"product_selection_started":false,"is_active":true,"image_webp_url":"https:\/\/www.meska.hu\/img\/product\/small\/h\/e\/hexartdesign_product_371419_250813144757_397910.webp"},{"id":"3447629","shop_id":"29709","user_id":"371419","shop_name":"Hexartdesign","shop_zip":"1183","product_code":"3895270","product_name_old":null,"product_name":"9 db-os hatsz\u00f6g fot\u00f3 dekor\u00e1ci\u00f3 a Te csal\u00e1di k\u00e9peiddel","category_string":"Otthon & \u00c9letm\u00f3d, Dekor\u00e1ci\u00f3, K\u00e9p & Falik\u00e9p, T\u00f6bb r\u00e9szes k\u00e9p","technic_string":"Fot\u00f3, grafika, rajz, illusztr\u00e1ci\u00f3","category_1":"813","category_2":"314","category_3":"417","category_4":"1429","merged_category_1":"0","merged_category_2":"0","merged_category_3":"785","technic_1":"483","technic_2":"0","technic_3":"0","color_1":"532","color_2":"0","color_3":"0","product_description_old":null,"product_description":"Hexart Design - Az okos dekor\u00e1ci\u00f3\nNincs sz\u00fcks\u00e9g keretre \/ Kas\u00edrozott habkarton \/ Egy mozdulattal felrakhat\u00f3 \/ B\u0151v\u00edthet\u0151\n\n* * *\nHa t\u00f6bb dekor\u00e1ci\u00f3t is szeretn\u00e9l, akkor \u00e9rdemes szettet v\u00e1s\u00e1rolnod. Min\u00e9l nagyobb a szett darabsz\u00e1ma, ann\u00e1l olcs\u00f3bb egy dekor\u00e1ci\u00f3 \u00e1ra!\n* * *\n\nA kedvezm\u00e9nyes szett aj\u00e1nlatokat az al\u00e1bbi linken tudod megn\u00e9zni:\nhttps:\/\/www.meska.hu\/shop\/Hexartdesign?s=62737&o=legdragabb&p=1\n\nItt a lehet\u0151s\u00e9g hogy kirakd a falra a legkedvesebb csal\u00e1di k\u00e9peidet. Ez nem csup\u00e1n egy egyszer\u0171 fot\u00f3nyomtat\u00e1s, hanem k\u00e9sz dekor\u00e1ci\u00f3s megold\u00e1s, amivel nincs m\u00e1s dolgod csak felrakni a falra. Aj\u00e1nd\u00e9knak is kiv\u00e1l\u00f3.\n\nA hatsz\u00f6g form\u00e1kat v\u00e9gtelen elrendez\u00e9sben felrakhatod. Min\u00e9l t\u00f6bb darabos szettet v\u00e1lasztasz, ann\u00e1l egyedibb mint\u00e1t tudsz kirakni a falra.\n\nMi\u00e9rt \u00e9s milyen alkalomra aj\u00e1nlom?\n- Kar\u00e1csony - kar\u00e1csonyi aj\u00e1nd\u00e9k \u00f6tlet a p\u00e1rod sz\u00e1m\u00e1ra\n- M\u0171termi \/ csal\u00e1di fot\u00f3z\u00e1s - ha r\u00e9szt vett\u00e9l profi m\u0171termi \/ csal\u00e1di fot\u00f3z\u00e1son, akkor az ott k\u00e9sz\u00fclt k\u00e9peidhez a legjobb dekor\u00e1ci\u00f3s megold\u00e1s\n- Esk\u00fcv\u0151, n\u00e1szaj\u00e1nd\u00e9k - az esk\u00fcv\u0151i k\u00e9peid, melyek felid\u00e9zik a nagy nap \u00f6r\u00f6meit\n- \u00c9vfordul\u00f3, valentin nap - eml\u00e9kezetes pillanataitok \u00e9s fontos m\u00e9rf\u00f6ldk\u00f6veitek \u00e9vfordul\u00f3s vagy valentin napi meglepet\u00e9sk\u00e9nt\n- Sz\u00fclet\u00e9snap, n\u00e9vnap - ha egy igaz\u00e1n eredeti \u00e9s szem\u00e9lyes sz\u00fclet\u00e9snapi vagy n\u00e9vnapi aj\u00e1nd\u00e9kot adn\u00e1l\n- Gyermek\u00e1ld\u00e1s - babafot\u00f3k a kisbab\u00e1dr\u00f3l\n- Csal\u00e1di fot\u00f3k - fot\u00f3k amin egy\u00fctt van a csal\u00e1dod, ak\u00e1r otthon vagy utaz\u00e1s, nyaral\u00e1s k\u00f6zben \n- B\u0151v\u00edthet\u0151 megold\u00e1s - ha fot\u00f3s dekor\u00e1ci\u00f3t v\u00e1s\u00e1rolsz t\u0151lem, akkor azt b\u00e1rmikor tov\u00e1bb b\u0151v\u00edtheted \u00fajabb \u00e9s \u00fajabb elemekkel\n\nHogy mit takar az okos dekor\u00e1ci\u00f3?\nA legfontosabb el\u0151nyei, m\u00e1s dekor\u00e1ci\u00f3s megold\u00e1ssal szemben:\n- egy mozdulattal felrakhat\u00f3 b\u00e1rmilyen fel\u00fcletre (falra, szekr\u00e9nyre, \u00fcvegre stb.)\n- nincs sz\u00fcks\u00e9g sz\u00f6gre \u00e9s kalap\u00e1csra a felhelyez\u00e9shez\n- nincsenek tov\u00e1bbi k\u00f6lts\u00e9geid, hiszen nem kell keretet is v\u00e1s\u00e1rolni (egy A4-es k\u00e9p eset\u00e9ben ez keretenk\u00e9nt 2-5 ezer forint is lehet)\n- nyom n\u00e9lk\u00fcl \u00e1thelyezhet\u0151, t\u00f6bbsz\u00f6r is\n\nA k\u00e9pen l\u00e1that\u00f3 kieg\u00e9sz\u00edt\u0151 dekor\u00e1ci\u00f3s k\u00f6rnyezet csak illusztr\u00e1ci\u00f3, ami nem k\u00e9pezi a term\u00e9k r\u00e9sz\u00e9t. A m\u00e9retar\u00e1ny nem felt\u00e9tlen\u00fcl felel meg a val\u00f3s\u00e1gnak. A dekor\u00e1ci\u00f3 pontos m\u00e9ret \u00e9s fel\u00fclet opci\u00f3it az al\u00e1bbi term\u00e9kle\u00edr\u00e1sban l\u00e1thatod.\n\nTerm\u00e9kle\u00edr\u00e1s:\nMin\u0151s\u00e9gi fot\u00f3pap\u00edrra k\u00e9sz\u00fcl\u0151 nyomat, amely egy 5 mm-es vastag, hatsz\u00f6g form\u00e1j\u00fa feh\u00e9r habkartonra van kas\u00edrozva. R\u00f6gz\u00edt\u00e9se speci\u00e1lis ragaszt\u00e1si technol\u00f3gi\u00e1val t\u00f6rt\u00e9nik, amivel a dekor\u00e1ci\u00f3 nyom n\u00e9lk\u00fcl \u00e1thelyezhet\u0151, ak\u00e1r t\u00f6bbsz\u00f6r is.\nEl\u00e9rhet\u0151 az al\u00e1bbi m\u00e9ret \u00e9s fel\u00fclet opci\u00f3kban (a term\u00e9kk\u00e9pek k\u00f6z\u00f6tt megtal\u00e1lod a Norm\u00e1l \u00e9s Nagy verzi\u00f3 m\u00e9retar\u00e1nyos \u00f6sszehasonl\u00edt\u00f3 k\u00e9pet is). A v\u00e1s\u00e1rl\u00e1sn\u00e1l pedig a M\u00e9ret leg\u00f6rd\u00fcl\u0151 men\u00fcben v\u00e1laszthatod majd ki, a Neked szimpatikus verzi\u00f3t.\n- Norm\u00e1l m\u00e9ret (231x200 mm), f\u00e9nyes fel\u00fclettel (alap\u00e1r)\n- Nagy m\u00e9ret (300x260 mm), f\u00e9nyes fel\u00fclettel (fel\u00e1ras opci\u00f3)\n\n\u201e+ Fot\u00f3 szerkeszt\u00e9s\u201d mint v\u00e1laszthat\u00f3 kieg\u00e9sz\u00edt\u0151 jelent\u00e9se:\nAmennyiben + Fot\u00f3 szerkeszt\u00e9st (fel\u00e1ras opci\u00f3) is k\u00e9rsz, akkor az a k\u00f6vetkez\u0151 extr\u00e1kat is tartalmazza:\n- probl\u00e9m\u00e1s k\u00e9pek extra verzi\u00f3inak szerkeszt\u00e9s\u00e9t (nem minden fot\u00f3 kompoz\u00edci\u00f3ja m\u0171k\u00f6dik a hatsz\u00f6g form\u00e1ban, ez\u00e9rt ezekhez a k\u00e9pekhez egy plusz alternat\u00edv v\u00e1ltozatot is k\u00e9sz\u00edtek, ahol a fot\u00f3 jelent\u0151s r\u00e9sze l\u00e1that\u00f3 marad)\n- ak\u00e1r t\u00f6bb k\u00f6r\u00f6s l\u00e1tv\u00e1nyterv egyeztet\u00e9st\n- az egyeztet\u00e9s alatti fot\u00f3csere lehet\u0151s\u00e9g\u00e9t\n- a sz\u00edn, kontraszt, sz\u00ednh\u0151m\u00e9rs\u00e9klet jav\u00edt\u00e1s\u00e1t \u00e9s a nyomtat\u00e1sra optimaliz\u00e1l\u00e1st a m\u00e9g szebb v\u00e9geredm\u00e9ny\u00e9rt\n\nA szerkeszt\u00e9s nem tartalmaz k\u00e9pi elem elt\u00e1vol\u00edt\u00e1st \u00e9s egy\u00e9b \u00f6sszetett retus\u00e1l\u00e1st!\n\nRendel\u00e9s:\nMiut\u00e1n leadtad a rendel\u00e9st, felveszem veled a kapcsolatot emailben. Ezut\u00e1n tudod majd elk\u00fcldeni nekem a fot\u00f3kat (lehet\u0151s\u00e9g szerint a legjobb min\u0151s\u00e9gben). Hamarosan l\u00e1tv\u00e1nytervet k\u00fcld\u00f6k Neked, amit ha elfogadsz k\u00e9sz\u00edtem is.\n\nFot\u00f3 szerz\u0151i jog:\nMinden sz\u00e1momra elk\u00fcld\u00f6tt fot\u00f3 szerz\u0151i joga a V\u00e1s\u00e1rl\u00f3\u00e9. Nem ker\u00fcl harmadik f\u00e9lhez \u00e9s a dekor\u00e1ci\u00f3 nyomtat\u00e1sa ut\u00e1n t\u00f6rl\u00e9sre ker\u00fcl.\n\nAz \u00e1r 9 darab term\u00e9kre vonatkozik.","price":"48600.00","unit":"db","recommended":"0","status":"1","sponsored":"0","exp_notify":"0","own_material":"0","own_material_description_old":null,"own_material_description":"","jury":"0","jury_number":"","product_nature":"","meskaracsony":"0","create_date":"2026-04-09 11:01:58","shelve_id":"62737","image":"hexartdesign_product_371419_250813144440_645844.jpeg","image_width":"480","image_height":"480","image_alt":"9 db-os hatsz\u00f6g fot\u00f3 dekor\u00e1ci\u00f3 a Te csal\u00e1di k\u00e9peiddel, Hexart Design - Az okos dekor\u00e1ci\u00f3\\nNincs sz\u00fcks\u00e9g keretre \/ Kas\u00edrozott habkarton \/ Egy mozdulattal fel..., Meska","image_title":"9 db-os hatsz\u00f6g fot\u00f3 dekor\u00e1ci\u00f3 a Te csal\u00e1di k\u00e9peiddel, Meska","view_count":"3303","favourite_count":"0","trending_score":"0","last2MonthFavouriteCount":"0","promotion":0,"giftcard_accept":"1","creditcard_accept":true,"enhanced_background":"0","domain":"meska","specific_customer_id":null,"specific_customer_name":null,"to_order_product":"1","to_order_product_time":"3","product_different":"quite_different","product_different_description":"A sz\u00ednek minim\u00e1lisan elt\u00e9rhetnek a kijelz\u0151n l\u00e1that\u00f3 sz\u00ednekt\u0151l (mobil kijelz\u0151, monitor stb.)\nAz egyedi szem\u00e9lyre szabott dekor\u00e1ci\u00f3kn\u00e1l v\u00e1ltozik a sz\u00f6veg.","vintage":"0","vintage_category_id":"0","recycled":"0","gemstone_id":"0","customizable":"0","type_category":"physical","zerowaste":"0","postage_price":"1490.00","shop_order":"0","has_category":"1","landing_pages":"Any\u00e1k napi aj\u00e1nd\u00e9kok","microdata":{"number":18,"category":""},"title":"9 db-os hatsz\u00f6g fot\u00f3 dekor\u00e1ci\u00f3 a Te csal\u00e1di k\u00e9peiddel","description":"Hexart Design - Az okos dekor\u00e1ci\u00f3\nNincs sz\u00fcks\u00e9g keretre \/ Kas\u00edrozott habkarton \/ Egy mozdulattal felrakhat\u00f3 \/ B\u0151v\u00edthet\u0151\n\n* * *\nHa t\u00f6bb dekor\u00e1ci\u00f3t is szeretn\u00e9l, akkor \u00e9rdemes szettet v\u00e1s\u00e1rolnod. Min\u00e9l nagyobb a szett darabsz\u00e1ma, ann\u00e1l olcs\u00f3bb egy dekor\u00e1ci\u00f3 \u00e1ra!\n* * *\n\nA kedvezm\u00e9nyes szett aj\u00e1nlatokat az al\u00e1bbi linken tudod megn\u00e9zni:\nhttps:\/\/www.meska.hu\/shop\/Hexartdesign?s=62737&o=legdragabb&p=1\n\nItt a lehet\u0151s\u00e9g hogy kirakd a falra a legkedvesebb csal\u00e1di k\u00e9peidet. Ez nem csup\u00e1n egy egyszer\u0171 fot\u00f3nyomtat\u00e1s, hanem k\u00e9sz dekor\u00e1ci\u00f3s megold\u00e1s, amivel nincs m\u00e1s dolgod csak felrakni a falra. Aj\u00e1nd\u00e9knak is kiv\u00e1l\u00f3.\n\nA hatsz\u00f6g form\u00e1kat v\u00e9gtelen elrendez\u00e9sben felrakhatod. Min\u00e9l t\u00f6bb darabos szettet v\u00e1lasztasz, ann\u00e1l egyedibb mint\u00e1t tudsz kirakni a falra.\n\nMi\u00e9rt \u00e9s milyen alkalomra aj\u00e1nlom?\n- Kar\u00e1csony - kar\u00e1csonyi aj\u00e1nd\u00e9k \u00f6tlet a p\u00e1rod sz\u00e1m\u00e1ra\n- M\u0171termi \/ csal\u00e1di fot\u00f3z\u00e1s - ha r\u00e9szt vett\u00e9l profi m\u0171termi \/ csal\u00e1di fot\u00f3z\u00e1son, akkor az ott k\u00e9sz\u00fclt k\u00e9peidhez a legjobb dekor\u00e1ci\u00f3s megold\u00e1s\n- Esk\u00fcv\u0151, n\u00e1szaj\u00e1nd\u00e9k - az esk\u00fcv\u0151i k\u00e9peid, melyek felid\u00e9zik a nagy nap \u00f6r\u00f6meit\n- \u00c9vfordul\u00f3, valentin nap - eml\u00e9kezetes pillanataitok \u00e9s fontos m\u00e9rf\u00f6ldk\u00f6veitek \u00e9vfordul\u00f3s vagy valentin napi meglepet\u00e9sk\u00e9nt\n- Sz\u00fclet\u00e9snap, n\u00e9vnap - ha egy igaz\u00e1n eredeti \u00e9s szem\u00e9lyes sz\u00fclet\u00e9snapi vagy n\u00e9vnapi aj\u00e1nd\u00e9kot adn\u00e1l\n- Gyermek\u00e1ld\u00e1s - babafot\u00f3k a kisbab\u00e1dr\u00f3l\n- Csal\u00e1di fot\u00f3k - fot\u00f3k amin egy\u00fctt van a csal\u00e1dod, ak\u00e1r otthon vagy utaz\u00e1s, nyaral\u00e1s k\u00f6zben \n- B\u0151v\u00edthet\u0151 megold\u00e1s - ha fot\u00f3s dekor\u00e1ci\u00f3t v\u00e1s\u00e1rolsz t\u0151lem, akkor azt b\u00e1rmikor tov\u00e1bb b\u0151v\u00edtheted \u00fajabb \u00e9s \u00fajabb elemekkel\n\nHogy mit takar az okos dekor\u00e1ci\u00f3?\nA legfontosabb el\u0151nyei, m\u00e1s dekor\u00e1ci\u00f3s megold\u00e1ssal szemben:\n- egy mozdulattal felrakhat\u00f3 b\u00e1rmilyen fel\u00fcletre (falra, szekr\u00e9nyre, \u00fcvegre stb.)\n- nincs sz\u00fcks\u00e9g sz\u00f6gre \u00e9s kalap\u00e1csra a felhelyez\u00e9shez\n- nincsenek tov\u00e1bbi k\u00f6lts\u00e9geid, hiszen nem kell keretet is v\u00e1s\u00e1rolni (egy A4-es k\u00e9p eset\u00e9ben ez keretenk\u00e9nt 2-5 ezer forint is lehet)\n- nyom n\u00e9lk\u00fcl \u00e1thelyezhet\u0151, t\u00f6bbsz\u00f6r is\n\nA k\u00e9pen l\u00e1that\u00f3 kieg\u00e9sz\u00edt\u0151 dekor\u00e1ci\u00f3s k\u00f6rnyezet csak illusztr\u00e1ci\u00f3, ami nem k\u00e9pezi a term\u00e9k r\u00e9sz\u00e9t. A m\u00e9retar\u00e1ny nem felt\u00e9tlen\u00fcl felel meg a val\u00f3s\u00e1gnak. A dekor\u00e1ci\u00f3 pontos m\u00e9ret \u00e9s fel\u00fclet opci\u00f3it az al\u00e1bbi term\u00e9kle\u00edr\u00e1sban l\u00e1thatod.\n\nTerm\u00e9kle\u00edr\u00e1s:\nMin\u0151s\u00e9gi fot\u00f3pap\u00edrra k\u00e9sz\u00fcl\u0151 nyomat, amely egy 5 mm-es vastag, hatsz\u00f6g form\u00e1j\u00fa feh\u00e9r habkartonra van kas\u00edrozva. R\u00f6gz\u00edt\u00e9se speci\u00e1lis ragaszt\u00e1si technol\u00f3gi\u00e1val t\u00f6rt\u00e9nik, amivel a dekor\u00e1ci\u00f3 nyom n\u00e9lk\u00fcl \u00e1thelyezhet\u0151, ak\u00e1r t\u00f6bbsz\u00f6r is.\nEl\u00e9rhet\u0151 az al\u00e1bbi m\u00e9ret \u00e9s fel\u00fclet opci\u00f3kban (a term\u00e9kk\u00e9pek k\u00f6z\u00f6tt megtal\u00e1lod a Norm\u00e1l \u00e9s Nagy verzi\u00f3 m\u00e9retar\u00e1nyos \u00f6sszehasonl\u00edt\u00f3 k\u00e9pet is). A v\u00e1s\u00e1rl\u00e1sn\u00e1l pedig a M\u00e9ret leg\u00f6rd\u00fcl\u0151 men\u00fcben v\u00e1laszthatod majd ki, a Neked szimpatikus verzi\u00f3t.\n- Norm\u00e1l m\u00e9ret (231x200 mm), f\u00e9nyes fel\u00fclettel (alap\u00e1r)\n- Nagy m\u00e9ret (300x260 mm), f\u00e9nyes fel\u00fclettel (fel\u00e1ras opci\u00f3)\n\n\u201e+ Fot\u00f3 szerkeszt\u00e9s\u201d mint v\u00e1laszthat\u00f3 kieg\u00e9sz\u00edt\u0151 jelent\u00e9se:\nAmennyiben + Fot\u00f3 szerkeszt\u00e9st (fel\u00e1ras opci\u00f3) is k\u00e9rsz, akkor az a k\u00f6vetkez\u0151 extr\u00e1kat is tartalmazza:\n- probl\u00e9m\u00e1s k\u00e9pek extra verzi\u00f3inak szerkeszt\u00e9s\u00e9t (nem minden fot\u00f3 kompoz\u00edci\u00f3ja m\u0171k\u00f6dik a hatsz\u00f6g form\u00e1ban, ez\u00e9rt ezekhez a k\u00e9pekhez egy plusz alternat\u00edv v\u00e1ltozatot is k\u00e9sz\u00edtek, ahol a fot\u00f3 jelent\u0151s r\u00e9sze l\u00e1that\u00f3 marad)\n- ak\u00e1r t\u00f6bb k\u00f6r\u00f6s l\u00e1tv\u00e1nyterv egyeztet\u00e9st\n- az egyeztet\u00e9s alatti fot\u00f3csere lehet\u0151s\u00e9g\u00e9t\n- a sz\u00edn, kontraszt, sz\u00ednh\u0151m\u00e9rs\u00e9klet jav\u00edt\u00e1s\u00e1t \u00e9s a nyomtat\u00e1sra optimaliz\u00e1l\u00e1st a m\u00e9g szebb v\u00e9geredm\u00e9ny\u00e9rt\n\nA szerkeszt\u00e9s nem tartalmaz k\u00e9pi elem elt\u00e1vol\u00edt\u00e1st \u00e9s egy\u00e9b \u00f6sszetett retus\u00e1l\u00e1st!\n\nRendel\u00e9s:\nMiut\u00e1n leadtad a rendel\u00e9st, felveszem veled a kapcsolatot emailben. Ezut\u00e1n tudod majd elk\u00fcldeni nekem a fot\u00f3kat (lehet\u0151s\u00e9g szerint a legjobb min\u0151s\u00e9gben). Hamarosan l\u00e1tv\u00e1nytervet k\u00fcld\u00f6k Neked, amit ha elfogadsz k\u00e9sz\u00edtem is.\n\nFot\u00f3 szerz\u0151i jog:\nMinden sz\u00e1momra elk\u00fcld\u00f6tt fot\u00f3 szerz\u0151i joga a V\u00e1s\u00e1rl\u00f3\u00e9. Nem ker\u00fcl harmadik f\u00e9lhez \u00e9s a dekor\u00e1ci\u00f3 nyomtat\u00e1sa ut\u00e1n t\u00f6rl\u00e9sre ker\u00fcl.\n\nAz \u00e1r 9 darab term\u00e9kre vonatkozik.","score":0,"formatted_price":"48 600 Ft","image_url":"https:\/\/www.meska.hu\/img\/product\/small\/h\/e\/hexartdesign_product_371419_250813144440_645844.jpeg","formatted_url":"https:\/\/www.meska.hu\/p3895270-9-db-os-hatszog-foto-dekoracio-a-te-csaladi-kepeiddel","favourite":false,"in_stock":false,"avatar":"Hexartdesign_avatar_371419_1589358772.jpg","delete_from":0,"is_enhanced_background":false,"is_enhanced":false,"product_selection_started":false,"is_active":true,"image_webp_url":"https:\/\/www.meska.hu\/img\/product\/small\/h\/e\/hexartdesign_product_371419_250813144440_645844.webp"},{"id":"3330932","shop_id":"24043","user_id":"272819","shop_name":"RRstudio","shop_zip":"1185","product_code":"4719584","product_name_old":null,"product_name":"3 DB-os szett, Vintage Botanikai illusztr\u00e1ci\u00f3, otthoni dekor\u00e1ci\u00f3 falik\u00e9p, KERET N\u00c9LK\u00dcL","category_string":"Otthon & \u00c9letm\u00f3d, T\u00f6bb r\u00e9szes k\u00e9p, Dekor\u00e1ci\u00f3, K\u00e9p & Falik\u00e9p","technic_string":"Fot\u00f3, grafika, rajz, illusztr\u00e1ci\u00f3","category_1":"813","category_2":"1429","category_3":"314","category_4":"417","merged_category_1":null,"merged_category_2":null,"merged_category_3":null,"technic_1":"483","technic_2":"0","technic_3":"0","color_1":"514","color_2":"526","color_3":"529","product_description_old":null,"product_description":"A4 Pap\u00edr Print Nyomtat\u00e1s \n3DB-os SZETT \/ Az \u00e1r 3db pap\u00edr print nyomtat\u00e1sra vonatkozik\n\nBOTANIKAI ILLUSZTR\u00c1CI\u00d3:\nR\u00e9gi Lexikonb\u00f3l digitaliz\u00e1lva, grafik\u00e1k 1800-as \u00e9vek elej\u00e9re dat\u00e1l\u00f3dnak. A proced\u00fara jelleg\u00e9b\u0151l fakad\u00f3an k\u00e9rj\u00fck vedd figyelembe, hogy a feliratok nem mindenhol \u00e9lesek, olvashat\u00f3ak a printeken.\n\nA vintage hat\u00e1s\u00e9rt text\u00far\u00e1lt, kr\u00e9mes-t\u00f6rtfeh\u00e9r m\u0171v\u00e9szpap\u00edrra nyomtatunk.\n\n* KIVITELEZ\u00c9S & ELK\u00c9SZ\u00cdT\u00c9S:\nFelszerelt st\u00fadi\u00f3nkban a mi fel\u00fcgyelet\u00fcnk alatt \u00e9s \u00e1ltalunk, saj\u00e1t eszk\u00f6zeinkkel digitaliz\u00e1ljuk, nyomtatjuk, k\u00e9sz\u00edtj\u00fck \u00e9s csomagoljuk k\u00e9peinket.\n\n* KERET N\u00c9LK\u00dcL *\n\n* M\u00c9RET: A4 (210 x 297 mm)\n\nM\u00c1S M\u00c9RETET SZERETN\u00c9L?\nA2-es \u00e9s A3-as m\u00e9reteket megtal\u00e1lod a boltban!\nVagy \u00edrj \u00fczenetet, az \u00e1r m\u00e9rett\u0151l f\u00fcgg\u0151en v\u00e1ltozik.\n\n* ANYAG:\n250g - os textur\u00e1lt nat\u00far\/kr\u00e9m m\u0171v\u00e9szpap\u00edr\n\n* CSOMAGOL\u00c1S:\nKartonnal merev\u00edtve\n\n* FIZET\u00c9S:\nCsakis el\u0151re banki utal\u00e1ssal!\nA v\u00e1s\u00e1rl\u00e1s ut\u00e1n k\u00fcldj\u00fck a t\u00e1j\u00e9koztat\u00f3 emailt a sz\u00fcks\u00e9ges adatokkal\n\n* \u00c1TFUT\u00c1SI ID\u0150:\nkb.: 3 munkanap\n\n* SAJ\u00c1T ELK\u00c9PZEL\u00c9SED VAN?\nEgyedi rendel\u00e9seket is sz\u00edvesen fogadunk.\n\u00cdrj nyugodtan!\n\nA v\u00edzjel leker\u00fcl a k\u00e9sz term\u00e9kr\u0151l, egy\u00e9b keretek, h\u00e1tterek, dekor\u00e1ci\u00f3k csak illusztrat\u00edv jelleget k\u00e9peznek.\n\nSZERZ\u0150I JOG:\n- Minden jog fenntartva\nFelh\u00edjuk figyelmedet, hogy a szerz\u0151i jog minden term\u00e9kre megmarad. ","price":"2900.00","unit":"db","recommended":"0","status":"1","sponsored":"0","exp_notify":"0","own_material":"0","own_material_description_old":null,"own_material_description":"","jury":"0","jury_number":"","product_nature":"","meskaracsony":"0","create_date":"2026-04-07 19:35:46","shelve_id":"64476","image":"rrstudio_product_272819_210111150514_426299.jpeg","image_width":"480","image_height":"288","image_alt":"3 DB-os szett, Vintage Botanikai illusztr\u00e1ci\u00f3, otthoni dekor\u00e1ci\u00f3 falik\u00e9p, KERET N\u00c9LK\u00dcL, A4 Pap\u00edr Print Nyomtat\u00e1s \\n3DB-os SZETT \/ Az \u00e1r 3db pap\u00edr print nyomtat\u00e1sra vonatkozik\\n\\nBOTANIKAI ILL..., Meska","image_title":"3 DB-os szett, Vintage Botanikai illusztr\u00e1ci\u00f3, otthoni dekor\u00e1ci\u00f3 falik\u00e9p, KERET N\u00c9LK\u00dcL, Meska","view_count":"1129","favourite_count":"0","trending_score":"0","last2MonthFavouriteCount":"0","promotion":"0","giftcard_accept":"1","creditcard_accept":false,"enhanced_background":"0","domain":"meska","specific_customer_id":null,"specific_customer_name":null,"to_order_product":"0","to_order_product_time":"0","product_different":null,"product_different_description":"","vintage":"0","vintage_category_id":"0","recycled":"0","gemstone_id":"0","customizable":"0","type_category":"physical","zerowaste":"0","postage_price":"1290.00","shop_order":"0","has_category":"1","landing_pages":null,"microdata":{"number":19,"category":""},"title":"3 DB-os szett, Vintage Botanikai illusztr\u00e1ci\u00f3, otthoni dekor\u00e1ci\u00f3 falik\u00e9p, KERET N\u00c9LK\u00dcL","description":"A4 Pap\u00edr Print Nyomtat\u00e1s \n3DB-os SZETT \/ Az \u00e1r 3db pap\u00edr print nyomtat\u00e1sra vonatkozik\n\nBOTANIKAI ILLUSZTR\u00c1CI\u00d3:\nR\u00e9gi Lexikonb\u00f3l digitaliz\u00e1lva, grafik\u00e1k 1800-as \u00e9vek elej\u00e9re dat\u00e1l\u00f3dnak. A proced\u00fara jelleg\u00e9b\u0151l fakad\u00f3an k\u00e9rj\u00fck vedd figyelembe, hogy a feliratok nem mindenhol \u00e9lesek, olvashat\u00f3ak a printeken.\n\nA vintage hat\u00e1s\u00e9rt text\u00far\u00e1lt, kr\u00e9mes-t\u00f6rtfeh\u00e9r m\u0171v\u00e9szpap\u00edrra nyomtatunk.\n\n* KIVITELEZ\u00c9S & ELK\u00c9SZ\u00cdT\u00c9S:\nFelszerelt st\u00fadi\u00f3nkban a mi fel\u00fcgyelet\u00fcnk alatt \u00e9s \u00e1ltalunk, saj\u00e1t eszk\u00f6zeinkkel digitaliz\u00e1ljuk, nyomtatjuk, k\u00e9sz\u00edtj\u00fck \u00e9s csomagoljuk k\u00e9peinket.\n\n* KERET N\u00c9LK\u00dcL *\n\n* M\u00c9RET: A4 (210 x 297 mm)\n\nM\u00c1S M\u00c9RETET SZERETN\u00c9L?\nA2-es \u00e9s A3-as m\u00e9reteket megtal\u00e1lod a boltban!\nVagy \u00edrj \u00fczenetet, az \u00e1r m\u00e9rett\u0151l f\u00fcgg\u0151en v\u00e1ltozik.\n\n* ANYAG:\n250g - os textur\u00e1lt nat\u00far\/kr\u00e9m m\u0171v\u00e9szpap\u00edr\n\n* CSOMAGOL\u00c1S:\nKartonnal merev\u00edtve\n\n* FIZET\u00c9S:\nCsakis el\u0151re banki utal\u00e1ssal!\nA v\u00e1s\u00e1rl\u00e1s ut\u00e1n k\u00fcldj\u00fck a t\u00e1j\u00e9koztat\u00f3 emailt a sz\u00fcks\u00e9ges adatokkal\n\n* \u00c1TFUT\u00c1SI ID\u0150:\nkb.: 3 munkanap\n\n* SAJ\u00c1T ELK\u00c9PZEL\u00c9SED VAN?\nEgyedi rendel\u00e9seket is sz\u00edvesen fogadunk.\n\u00cdrj nyugodtan!\n\nA v\u00edzjel leker\u00fcl a k\u00e9sz term\u00e9kr\u0151l, egy\u00e9b keretek, h\u00e1tterek, dekor\u00e1ci\u00f3k csak illusztrat\u00edv jelleget k\u00e9peznek.\n\nSZERZ\u0150I JOG:\n- Minden jog fenntartva\nFelh\u00edjuk figyelmedet, hogy a szerz\u0151i jog minden term\u00e9kre megmarad. ","score":0,"formatted_price":"2 900 Ft","image_url":"https:\/\/www.meska.hu\/img\/product\/small\/r\/r\/rrstudio_product_272819_210111150514_426299.jpeg","formatted_url":"https:\/\/www.meska.hu\/p4719584-3-db-os-szett-vintage-botanikai-illusztracio-otthoni-dekoracio-falikep-keret-nelkul","favourite":false,"in_stock":true,"avatar":"RRstudio_avatar_272819_1590081778.jpg","delete_from":0,"is_enhanced_background":false,"is_enhanced":false,"product_selection_started":false,"is_active":true,"image_webp_url":"https:\/\/www.meska.hu\/img\/product\/small\/r\/r\/rrstudio_product_272819_210111150514_426299.webp"},{"id":"3434038","shop_id":"16431","user_id":"128496","shop_name":"Studioin","shop_zip":"1195","product_code":"4670194","product_name_old":null,"product_name":"Lovas, n\u00e9vre sz\u00f3l\u00f3 3db-os gyermekszobai falik\u00e9p szett","category_string":"Otthon & \u00c9letm\u00f3d, Dekor\u00e1ci\u00f3, K\u00e9p & Falik\u00e9p, T\u00f6bb r\u00e9szes k\u00e9p","technic_string":"Fot\u00f3, grafika, rajz, illusztr\u00e1ci\u00f3","category_1":"813","category_2":"314","category_3":"417","category_4":"1429","merged_category_1":null,"merged_category_2":null,"merged_category_3":null,"technic_1":"483","technic_2":"0","technic_3":"0","color_1":"534","color_2":"0","color_3":"0","product_description_old":null,"product_description":"Lovas, vir\u00e1gos grafik\u00e1s, 3db-os print szett.\nA k\u00f6z\u00e9ps\u0151 k\u00e9pen a bet\u0171 \u00e9s n\u00e9v a rendel\u00e9snek megfelel\u0151en v\u00e1ltozik. A k\u00e9t vir\u00e1gos l\u00f3 grafika v\u00e1ltozatlan marad. \n\nAz \u00e1r 3 db lovas k\u00e9p megv\u00e1s\u00e1rl\u00e1sa eset\u00e9n \u00e9rv\u00e9nyes \u00e9s mag\u00e1ban foglalja a n\u00e9vre sz\u00f3l\u00f3 k\u00e9p szerkeszt\u00e9si d\u00edj\u00e1t is.\nA megv\u00e1s\u00e1rolt k\u00e9pen a v\u00edzjel nem l\u00e1that\u00f3 \u00e9s az \u00e1r keret n\u00e9lk\u00fcl \u00e9rtend\u0151!\n\nA k\u00e9zhez kapott k\u00e9p \u00e1rnyalataiban elt\u00e9rhet a monitoron l\u00e1that\u00f3 sz\u00ednekt\u0151l.\n\nFIGYELEM! Csak abban az esetben k\u00fcldj\u00fck a k\u00e9pet, ha a teljes \u00f6sszeg be\u00e9rkezett banksz\u00e1ml\u00e1nkra. \n\nGondosan csomagolva post\u00e1zzuk a term\u00e9ket, hogy ne s\u00e9r\u00fclj\u00f6n.\n\nA k\u00e9sz term\u00e9keken a v\u00edzjel nem l\u00e1that\u00f3!\nA k\u00e9peken l\u00e1that\u00f3 minden egy\u00e9b dekor\u00e1ci\u00f3 (ilyen pl. a k\u00e9pkeret vagy a vir\u00e1g, stb.) csak illusztr\u00e1ci\u00f3, nem k\u00e9pezi a term\u00e9k r\u00e9sz\u00e9t, teh\u00e1t sem keretet, sem d\u00edszt\u00e1rgyat nem k\u00fcld\u00fcnk!:)\n\nSZERZ\u0150I JOG:\nA term\u00e9ken tal\u00e1lhat\u00f3 grafika, valamint a hozz\u00e1 tartoz\u00f3 k\u00e9pek szerz\u0151i jogv\u00e9delem alatt \u00e1llnak \u00e9s a szerz\u0151i jog ide vonatkoz\u00f3 r\u00e9szei v\u00e9dik. A term\u00e9k megv\u00e1s\u00e1rl\u00e1s\u00e1val a grafika tulajdonjoga nem ker\u00fcl \u00e1t a v\u00e1s\u00e1rl\u00f3ra, az tov\u00e1bbra is az alkot\u00f3 tulajdon\u00e1t k\u00e9pezi.\nK\u00f6sz\u00f6nj\u00fck, hogy nem m\u00e1solod.\nCopyright StudioIN Budapest","price":"6000.00","unit":"garn","recommended":"0","status":"1","sponsored":"0","exp_notify":"0","own_material":"0","own_material_description_old":null,"own_material_description":"","jury":"0","jury_number":"","product_nature":"","meskaracsony":"0","create_date":"2026-04-05 17:42:07","shelve_id":"54414","image":"studioin_product_128496_220619160949_829784.jpeg","image_width":"480","image_height":"411","image_alt":"Lovas, n\u00e9vre sz\u00f3l\u00f3 3db-os gyermekszobai falik\u00e9p szett, Lovas, vir\u00e1gos grafik\u00e1s, 3db-os print szett.\\nA k\u00f6z\u00e9ps\u0151 k\u00e9pen a bet\u0171 \u00e9s n\u00e9v a rendel\u00e9snek megfelel\u0151en..., Meska","image_title":"Lovas, n\u00e9vre sz\u00f3l\u00f3 3db-os gyermekszobai falik\u00e9p szett, Meska","view_count":"2523","favourite_count":"0","trending_score":"0","last2MonthFavouriteCount":"0","promotion":"0","giftcard_accept":"1","creditcard_accept":true,"enhanced_background":"0","domain":"meska","specific_customer_id":null,"specific_customer_name":null,"to_order_product":"1","to_order_product_time":"5","product_different":null,"product_different_description":"","vintage":"0","vintage_category_id":"0","recycled":"0","gemstone_id":"0","customizable":"0","type_category":"physical","zerowaste":"0","postage_price":"1349.00","shop_order":"174","has_category":"1","landing_pages":null,"microdata":{"number":20,"category":""},"title":"Lovas, n\u00e9vre sz\u00f3l\u00f3 3db-os gyermekszobai falik\u00e9p szett","description":"Lovas, vir\u00e1gos grafik\u00e1s, 3db-os print szett.\nA k\u00f6z\u00e9ps\u0151 k\u00e9pen a bet\u0171 \u00e9s n\u00e9v a rendel\u00e9snek megfelel\u0151en v\u00e1ltozik. A k\u00e9t vir\u00e1gos l\u00f3 grafika v\u00e1ltozatlan marad. \n\nAz \u00e1r 3 db lovas k\u00e9p megv\u00e1s\u00e1rl\u00e1sa eset\u00e9n \u00e9rv\u00e9nyes \u00e9s mag\u00e1ban foglalja a n\u00e9vre sz\u00f3l\u00f3 k\u00e9p szerkeszt\u00e9si d\u00edj\u00e1t is.\nA megv\u00e1s\u00e1rolt k\u00e9pen a v\u00edzjel nem l\u00e1that\u00f3 \u00e9s az \u00e1r keret n\u00e9lk\u00fcl \u00e9rtend\u0151!\n\nA k\u00e9zhez kapott k\u00e9p \u00e1rnyalataiban elt\u00e9rhet a monitoron l\u00e1that\u00f3 sz\u00ednekt\u0151l.\n\nFIGYELEM! Csak abban az esetben k\u00fcldj\u00fck a k\u00e9pet, ha a teljes \u00f6sszeg be\u00e9rkezett banksz\u00e1ml\u00e1nkra. \n\nGondosan csomagolva post\u00e1zzuk a term\u00e9ket, hogy ne s\u00e9r\u00fclj\u00f6n.\n\nA k\u00e9sz term\u00e9keken a v\u00edzjel nem l\u00e1that\u00f3!\nA k\u00e9peken l\u00e1that\u00f3 minden egy\u00e9b dekor\u00e1ci\u00f3 (ilyen pl. a k\u00e9pkeret vagy a vir\u00e1g, stb.) csak illusztr\u00e1ci\u00f3, nem k\u00e9pezi a term\u00e9k r\u00e9sz\u00e9t, teh\u00e1t sem keretet, sem d\u00edszt\u00e1rgyat nem k\u00fcld\u00fcnk!:)\n\nSZERZ\u0150I JOG:\nA term\u00e9ken tal\u00e1lhat\u00f3 grafika, valamint a hozz\u00e1 tartoz\u00f3 k\u00e9pek szerz\u0151i jogv\u00e9delem alatt \u00e1llnak \u00e9s a szerz\u0151i jog ide vonatkoz\u00f3 r\u00e9szei v\u00e9dik. A term\u00e9k megv\u00e1s\u00e1rl\u00e1s\u00e1val a grafika tulajdonjoga nem ker\u00fcl \u00e1t a v\u00e1s\u00e1rl\u00f3ra, az tov\u00e1bbra is az alkot\u00f3 tulajdon\u00e1t k\u00e9pezi.\nK\u00f6sz\u00f6nj\u00fck, hogy nem m\u00e1solod.\nCopyright StudioIN Budapest","score":0,"formatted_price":"6 000 Ft","image_url":"https:\/\/www.meska.hu\/img\/product\/small\/s\/t\/studioin_product_128496_220619160949_829784.jpeg","formatted_url":"https:\/\/www.meska.hu\/p4670194-lovas-nevre-szolo-3db-os-falikep-szett","favourite":false,"in_stock":false,"avatar":"128496_avatar_1698519404.jpeg","delete_from":0,"is_enhanced_background":false,"is_enhanced":false,"product_selection_started":false,"is_active":true,"image_webp_url":"https:\/\/www.meska.hu\/img\/product\/small\/s\/t\/studioin_product_128496_220619160949_829784.webp"},{"id":"3428407","shop_id":"29709","user_id":"371419","shop_name":"Hexartdesign","shop_zip":"1183","product_code":"3884949","product_name_old":null,"product_name":"5 db-os hatsz\u00f6g fot\u00f3 dekor\u00e1ci\u00f3 a Te csal\u00e1di k\u00e9peiddel","category_string":"Otthon & \u00c9letm\u00f3d, Dekor\u00e1ci\u00f3, K\u00e9p & Falik\u00e9p, T\u00f6bb r\u00e9szes k\u00e9p","technic_string":"Fot\u00f3, grafika, rajz, illusztr\u00e1ci\u00f3","category_1":"813","category_2":"314","category_3":"417","category_4":"1429","merged_category_1":"0","merged_category_2":"0","merged_category_3":"785","technic_1":"483","technic_2":"0","technic_3":"0","color_1":"532","color_2":"0","color_3":"0","product_description_old":null,"product_description":"Hexart Design - Az okos dekor\u00e1ci\u00f3\nNincs sz\u00fcks\u00e9g keretre \/ Kas\u00edrozott habkarton \/ Egy mozdulattal felrakhat\u00f3 \/ B\u0151v\u00edthet\u0151\n\n* * *\nHa t\u00f6bb dekor\u00e1ci\u00f3t is szeretn\u00e9l, akkor \u00e9rdemes szettet v\u00e1s\u00e1rolnod. Min\u00e9l nagyobb a szett darabsz\u00e1ma, ann\u00e1l olcs\u00f3bb egy dekor\u00e1ci\u00f3 \u00e1ra!\n* * *\n\nA kedvezm\u00e9nyes szett aj\u00e1nlatokat az al\u00e1bbi linken tudod megn\u00e9zni:\nhttps:\/\/www.meska.hu\/shop\/Hexartdesign?s=62737&o=legdragabb&p=1\n\nItt a lehet\u0151s\u00e9g hogy kirakd a falra a legkedvesebb csal\u00e1di k\u00e9peidet. Ez nem csup\u00e1n egy egyszer\u0171 fot\u00f3nyomtat\u00e1s, hanem k\u00e9sz dekor\u00e1ci\u00f3s megold\u00e1s, amivel nincs m\u00e1s dolgod csak felrakni a falra. Aj\u00e1nd\u00e9knak is kiv\u00e1l\u00f3.\n\nA hatsz\u00f6g form\u00e1kat v\u00e9gtelen elrendez\u00e9sben felrakhatod. Min\u00e9l t\u00f6bb darabos szettet v\u00e1lasztasz, ann\u00e1l egyedibb mint\u00e1t tudsz kirakni a falra.\n\nMi\u00e9rt \u00e9s milyen alkalomra aj\u00e1nlom?\n- Kar\u00e1csony - kar\u00e1csonyi aj\u00e1nd\u00e9k \u00f6tlet a p\u00e1rod sz\u00e1m\u00e1ra\n- M\u0171termi \/ csal\u00e1di fot\u00f3z\u00e1s - ha r\u00e9szt vett\u00e9l profi m\u0171termi \/ csal\u00e1di fot\u00f3z\u00e1son, akkor az ott k\u00e9sz\u00fclt k\u00e9peidhez a legjobb dekor\u00e1ci\u00f3s megold\u00e1s\n- Esk\u00fcv\u0151, n\u00e1szaj\u00e1nd\u00e9k - az esk\u00fcv\u0151i k\u00e9peid, melyek felid\u00e9zik a nagy nap \u00f6r\u00f6meit\n- \u00c9vfordul\u00f3, valentin nap - eml\u00e9kezetes pillanataitok \u00e9s fontos m\u00e9rf\u00f6ldk\u00f6veitek \u00e9vfordul\u00f3s vagy valentin napi meglepet\u00e9sk\u00e9nt\n- Sz\u00fclet\u00e9snap, n\u00e9vnap - ha egy igaz\u00e1n eredeti \u00e9s szem\u00e9lyes sz\u00fclet\u00e9snapi vagy n\u00e9vnapi aj\u00e1nd\u00e9kot adn\u00e1l\n- Gyermek\u00e1ld\u00e1s - babafot\u00f3k a kisbab\u00e1dr\u00f3l\n- Csal\u00e1di fot\u00f3k - fot\u00f3k amin egy\u00fctt van a csal\u00e1dod, ak\u00e1r otthon vagy utaz\u00e1s, nyaral\u00e1s k\u00f6zben \n- B\u0151v\u00edthet\u0151 megold\u00e1s - ha fot\u00f3s dekor\u00e1ci\u00f3t v\u00e1s\u00e1rolsz t\u0151lem, akkor azt b\u00e1rmikor tov\u00e1bb b\u0151v\u00edtheted \u00fajabb \u00e9s \u00fajabb elemekkel\n\nHogy mit takar az okos dekor\u00e1ci\u00f3?\nA legfontosabb el\u0151nyei, m\u00e1s dekor\u00e1ci\u00f3s megold\u00e1ssal szemben:\n- egy mozdulattal felrakhat\u00f3 b\u00e1rmilyen fel\u00fcletre (falra, szekr\u00e9nyre, \u00fcvegre stb.)\n- nincs sz\u00fcks\u00e9g sz\u00f6gre \u00e9s kalap\u00e1csra a felhelyez\u00e9shez\n- nincsenek tov\u00e1bbi k\u00f6lts\u00e9geid, hiszen nem kell keretet is v\u00e1s\u00e1rolni (egy A4-es k\u00e9p eset\u00e9ben ez keretenk\u00e9nt 2-5 ezer forint is lehet)\n- nyom n\u00e9lk\u00fcl \u00e1thelyezhet\u0151, t\u00f6bbsz\u00f6r is\n\nA k\u00e9pen l\u00e1that\u00f3 kieg\u00e9sz\u00edt\u0151 dekor\u00e1ci\u00f3s k\u00f6rnyezet csak illusztr\u00e1ci\u00f3, ami nem k\u00e9pezi a term\u00e9k r\u00e9sz\u00e9t. A m\u00e9retar\u00e1ny nem felt\u00e9tlen\u00fcl felel meg a val\u00f3s\u00e1gnak. A dekor\u00e1ci\u00f3 pontos m\u00e9ret \u00e9s fel\u00fclet opci\u00f3it az al\u00e1bbi term\u00e9kle\u00edr\u00e1sban l\u00e1thatod.\n\nTerm\u00e9kle\u00edr\u00e1s:\nMin\u0151s\u00e9gi fot\u00f3pap\u00edrra k\u00e9sz\u00fcl\u0151 nyomat, amely egy 5 mm-es vastag, hatsz\u00f6g form\u00e1j\u00fa feh\u00e9r habkartonra van kas\u00edrozva. R\u00f6gz\u00edt\u00e9se speci\u00e1lis ragaszt\u00e1si technol\u00f3gi\u00e1val t\u00f6rt\u00e9nik, amivel a dekor\u00e1ci\u00f3 nyom n\u00e9lk\u00fcl \u00e1thelyezhet\u0151, ak\u00e1r t\u00f6bbsz\u00f6r is.\nEl\u00e9rhet\u0151 az al\u00e1bbi m\u00e9ret \u00e9s fel\u00fclet opci\u00f3kban (a term\u00e9kk\u00e9pek k\u00f6z\u00f6tt megtal\u00e1lod a Norm\u00e1l \u00e9s Nagy verzi\u00f3 m\u00e9retar\u00e1nyos \u00f6sszehasonl\u00edt\u00f3 k\u00e9pet is). A v\u00e1s\u00e1rl\u00e1sn\u00e1l pedig a M\u00e9ret leg\u00f6rd\u00fcl\u0151 men\u00fcben v\u00e1laszthatod majd ki, a Neked szimpatikus verzi\u00f3t.\n- Norm\u00e1l m\u00e9ret (231x200 mm), f\u00e9nyes fel\u00fclettel (alap\u00e1r)\n- Nagy m\u00e9ret (300x260 mm), f\u00e9nyes fel\u00fclettel (fel\u00e1ras opci\u00f3)\n\n\u201e+ Fot\u00f3 szerkeszt\u00e9s\u201d mint v\u00e1laszthat\u00f3 kieg\u00e9sz\u00edt\u0151 jelent\u00e9se:\nAmennyiben + Fot\u00f3 szerkeszt\u00e9st (fel\u00e1ras opci\u00f3) is k\u00e9rsz, akkor az a k\u00f6vetkez\u0151 extr\u00e1kat is tartalmazza:\n- probl\u00e9m\u00e1s k\u00e9pek extra verzi\u00f3inak szerkeszt\u00e9s\u00e9t (nem minden fot\u00f3 kompoz\u00edci\u00f3ja m\u0171k\u00f6dik a hatsz\u00f6g form\u00e1ban, ez\u00e9rt ezekhez a k\u00e9pekhez egy plusz alternat\u00edv v\u00e1ltozatot is k\u00e9sz\u00edtek, ahol a fot\u00f3 jelent\u0151s r\u00e9sze l\u00e1that\u00f3 marad)\n- ak\u00e1r t\u00f6bb k\u00f6r\u00f6s l\u00e1tv\u00e1nyterv egyeztet\u00e9st\n- az egyeztet\u00e9s alatti fot\u00f3csere lehet\u0151s\u00e9g\u00e9t\n- a sz\u00edn, kontraszt, sz\u00ednh\u0151m\u00e9rs\u00e9klet jav\u00edt\u00e1s\u00e1t \u00e9s a nyomtat\u00e1sra optimaliz\u00e1l\u00e1st a m\u00e9g szebb v\u00e9geredm\u00e9ny\u00e9rt\n\nA szerkeszt\u00e9s nem tartalmaz k\u00e9pi elem elt\u00e1vol\u00edt\u00e1st \u00e9s egy\u00e9b \u00f6sszetett retus\u00e1l\u00e1st!\n\nRendel\u00e9s:\nMiut\u00e1n leadtad a rendel\u00e9st, felveszem veled a kapcsolatot emailben. Ezut\u00e1n tudod majd elk\u00fcldeni nekem a fot\u00f3kat (lehet\u0151s\u00e9g szerint a legjobb min\u0151s\u00e9gben). Hamarosan l\u00e1tv\u00e1nytervet k\u00fcld\u00f6k Neked, amit ha elfogadsz k\u00e9sz\u00edtem is.\n\nFot\u00f3 szerz\u0151i jog:\nMinden sz\u00e1momra elk\u00fcld\u00f6tt fot\u00f3 szerz\u0151i joga a V\u00e1s\u00e1rl\u00f3\u00e9. Nem ker\u00fcl harmadik f\u00e9lhez \u00e9s a dekor\u00e1ci\u00f3 nyomtat\u00e1sa ut\u00e1n t\u00f6rl\u00e9sre ker\u00fcl.\n\nAz \u00e1r 5 darab term\u00e9kre vonatkozik.","price":"27500.00","unit":"db","recommended":"0","status":"1","sponsored":"0","exp_notify":"0","own_material":"0","own_material_description_old":null,"own_material_description":"","jury":"0","jury_number":"","product_nature":"","meskaracsony":"0","create_date":"2026-04-04 07:28:59","shelve_id":"62737","image":"hexartdesign_product_371419_250813144522_613652.jpeg","image_width":"480","image_height":"480","image_alt":"5 db-os hatsz\u00f6g fot\u00f3 dekor\u00e1ci\u00f3 a Te csal\u00e1di k\u00e9peiddel, Hexart Design - Az okos dekor\u00e1ci\u00f3\\nNincs sz\u00fcks\u00e9g keretre \/ Kas\u00edrozott habkarton \/ Egy mozdulattal fel..., Meska","image_title":"5 db-os hatsz\u00f6g fot\u00f3 dekor\u00e1ci\u00f3 a Te csal\u00e1di k\u00e9peiddel, Meska","view_count":"5270","favourite_count":"0","trending_score":"0","last2MonthFavouriteCount":"0","promotion":0,"giftcard_accept":"1","creditcard_accept":true,"enhanced_background":"0","domain":"meska","specific_customer_id":null,"specific_customer_name":null,"to_order_product":"1","to_order_product_time":"3","product_different":"quite_different","product_different_description":"A sz\u00ednek minim\u00e1lisan elt\u00e9rhetnek a kijelz\u0151n l\u00e1that\u00f3 sz\u00ednekt\u0151l (mobil kijelz\u0151, monitor stb.)\nAz egyedi szem\u00e9lyre szabott dekor\u00e1ci\u00f3kn\u00e1l v\u00e1ltozik a sz\u00f6veg.","vintage":"0","vintage_category_id":"0","recycled":"0","gemstone_id":"0","customizable":"1","type_category":"physical","zerowaste":"0","postage_price":"1490.00","shop_order":"0","has_category":"1","landing_pages":null,"microdata":{"number":21,"category":""},"title":"5 db-os hatsz\u00f6g fot\u00f3 dekor\u00e1ci\u00f3 a Te csal\u00e1di k\u00e9peiddel","description":"Hexart Design - Az okos dekor\u00e1ci\u00f3\nNincs sz\u00fcks\u00e9g keretre \/ Kas\u00edrozott habkarton \/ Egy mozdulattal felrakhat\u00f3 \/ B\u0151v\u00edthet\u0151\n\n* * *\nHa t\u00f6bb dekor\u00e1ci\u00f3t is szeretn\u00e9l, akkor \u00e9rdemes szettet v\u00e1s\u00e1rolnod. Min\u00e9l nagyobb a szett darabsz\u00e1ma, ann\u00e1l olcs\u00f3bb egy dekor\u00e1ci\u00f3 \u00e1ra!\n* * *\n\nA kedvezm\u00e9nyes szett aj\u00e1nlatokat az al\u00e1bbi linken tudod megn\u00e9zni:\nhttps:\/\/www.meska.hu\/shop\/Hexartdesign?s=62737&o=legdragabb&p=1\n\nItt a lehet\u0151s\u00e9g hogy kirakd a falra a legkedvesebb csal\u00e1di k\u00e9peidet. Ez nem csup\u00e1n egy egyszer\u0171 fot\u00f3nyomtat\u00e1s, hanem k\u00e9sz dekor\u00e1ci\u00f3s megold\u00e1s, amivel nincs m\u00e1s dolgod csak felrakni a falra. Aj\u00e1nd\u00e9knak is kiv\u00e1l\u00f3.\n\nA hatsz\u00f6g form\u00e1kat v\u00e9gtelen elrendez\u00e9sben felrakhatod. Min\u00e9l t\u00f6bb darabos szettet v\u00e1lasztasz, ann\u00e1l egyedibb mint\u00e1t tudsz kirakni a falra.\n\nMi\u00e9rt \u00e9s milyen alkalomra aj\u00e1nlom?\n- Kar\u00e1csony - kar\u00e1csonyi aj\u00e1nd\u00e9k \u00f6tlet a p\u00e1rod sz\u00e1m\u00e1ra\n- M\u0171termi \/ csal\u00e1di fot\u00f3z\u00e1s - ha r\u00e9szt vett\u00e9l profi m\u0171termi \/ csal\u00e1di fot\u00f3z\u00e1son, akkor az ott k\u00e9sz\u00fclt k\u00e9peidhez a legjobb dekor\u00e1ci\u00f3s megold\u00e1s\n- Esk\u00fcv\u0151, n\u00e1szaj\u00e1nd\u00e9k - az esk\u00fcv\u0151i k\u00e9peid, melyek felid\u00e9zik a nagy nap \u00f6r\u00f6meit\n- \u00c9vfordul\u00f3, valentin nap - eml\u00e9kezetes pillanataitok \u00e9s fontos m\u00e9rf\u00f6ldk\u00f6veitek \u00e9vfordul\u00f3s vagy valentin napi meglepet\u00e9sk\u00e9nt\n- Sz\u00fclet\u00e9snap, n\u00e9vnap - ha egy igaz\u00e1n eredeti \u00e9s szem\u00e9lyes sz\u00fclet\u00e9snapi vagy n\u00e9vnapi aj\u00e1nd\u00e9kot adn\u00e1l\n- Gyermek\u00e1ld\u00e1s - babafot\u00f3k a kisbab\u00e1dr\u00f3l\n- Csal\u00e1di fot\u00f3k - fot\u00f3k amin egy\u00fctt van a csal\u00e1dod, ak\u00e1r otthon vagy utaz\u00e1s, nyaral\u00e1s k\u00f6zben \n- B\u0151v\u00edthet\u0151 megold\u00e1s - ha fot\u00f3s dekor\u00e1ci\u00f3t v\u00e1s\u00e1rolsz t\u0151lem, akkor azt b\u00e1rmikor tov\u00e1bb b\u0151v\u00edtheted \u00fajabb \u00e9s \u00fajabb elemekkel\n\nHogy mit takar az okos dekor\u00e1ci\u00f3?\nA legfontosabb el\u0151nyei, m\u00e1s dekor\u00e1ci\u00f3s megold\u00e1ssal szemben:\n- egy mozdulattal felrakhat\u00f3 b\u00e1rmilyen fel\u00fcletre (falra, szekr\u00e9nyre, \u00fcvegre stb.)\n- nincs sz\u00fcks\u00e9g sz\u00f6gre \u00e9s kalap\u00e1csra a felhelyez\u00e9shez\n- nincsenek tov\u00e1bbi k\u00f6lts\u00e9geid, hiszen nem kell keretet is v\u00e1s\u00e1rolni (egy A4-es k\u00e9p eset\u00e9ben ez keretenk\u00e9nt 2-5 ezer forint is lehet)\n- nyom n\u00e9lk\u00fcl \u00e1thelyezhet\u0151, t\u00f6bbsz\u00f6r is\n\nA k\u00e9pen l\u00e1that\u00f3 kieg\u00e9sz\u00edt\u0151 dekor\u00e1ci\u00f3s k\u00f6rnyezet csak illusztr\u00e1ci\u00f3, ami nem k\u00e9pezi a term\u00e9k r\u00e9sz\u00e9t. A m\u00e9retar\u00e1ny nem felt\u00e9tlen\u00fcl felel meg a val\u00f3s\u00e1gnak. A dekor\u00e1ci\u00f3 pontos m\u00e9ret \u00e9s fel\u00fclet opci\u00f3it az al\u00e1bbi term\u00e9kle\u00edr\u00e1sban l\u00e1thatod.\n\nTerm\u00e9kle\u00edr\u00e1s:\nMin\u0151s\u00e9gi fot\u00f3pap\u00edrra k\u00e9sz\u00fcl\u0151 nyomat, amely egy 5 mm-es vastag, hatsz\u00f6g form\u00e1j\u00fa feh\u00e9r habkartonra van kas\u00edrozva. R\u00f6gz\u00edt\u00e9se speci\u00e1lis ragaszt\u00e1si technol\u00f3gi\u00e1val t\u00f6rt\u00e9nik, amivel a dekor\u00e1ci\u00f3 nyom n\u00e9lk\u00fcl \u00e1thelyezhet\u0151, ak\u00e1r t\u00f6bbsz\u00f6r is.\nEl\u00e9rhet\u0151 az al\u00e1bbi m\u00e9ret \u00e9s fel\u00fclet opci\u00f3kban (a term\u00e9kk\u00e9pek k\u00f6z\u00f6tt megtal\u00e1lod a Norm\u00e1l \u00e9s Nagy verzi\u00f3 m\u00e9retar\u00e1nyos \u00f6sszehasonl\u00edt\u00f3 k\u00e9pet is). A v\u00e1s\u00e1rl\u00e1sn\u00e1l pedig a M\u00e9ret leg\u00f6rd\u00fcl\u0151 men\u00fcben v\u00e1laszthatod majd ki, a Neked szimpatikus verzi\u00f3t.\n- Norm\u00e1l m\u00e9ret (231x200 mm), f\u00e9nyes fel\u00fclettel (alap\u00e1r)\n- Nagy m\u00e9ret (300x260 mm), f\u00e9nyes fel\u00fclettel (fel\u00e1ras opci\u00f3)\n\n\u201e+ Fot\u00f3 szerkeszt\u00e9s\u201d mint v\u00e1laszthat\u00f3 kieg\u00e9sz\u00edt\u0151 jelent\u00e9se:\nAmennyiben + Fot\u00f3 szerkeszt\u00e9st (fel\u00e1ras opci\u00f3) is k\u00e9rsz, akkor az a k\u00f6vetkez\u0151 extr\u00e1kat is tartalmazza:\n- probl\u00e9m\u00e1s k\u00e9pek extra verzi\u00f3inak szerkeszt\u00e9s\u00e9t (nem minden fot\u00f3 kompoz\u00edci\u00f3ja m\u0171k\u00f6dik a hatsz\u00f6g form\u00e1ban, ez\u00e9rt ezekhez a k\u00e9pekhez egy plusz alternat\u00edv v\u00e1ltozatot is k\u00e9sz\u00edtek, ahol a fot\u00f3 jelent\u0151s r\u00e9sze l\u00e1that\u00f3 marad)\n- ak\u00e1r t\u00f6bb k\u00f6r\u00f6s l\u00e1tv\u00e1nyterv egyeztet\u00e9st\n- az egyeztet\u00e9s alatti fot\u00f3csere lehet\u0151s\u00e9g\u00e9t\n- a sz\u00edn, kontraszt, sz\u00ednh\u0151m\u00e9rs\u00e9klet jav\u00edt\u00e1s\u00e1t \u00e9s a nyomtat\u00e1sra optimaliz\u00e1l\u00e1st a m\u00e9g szebb v\u00e9geredm\u00e9ny\u00e9rt\n\nA szerkeszt\u00e9s nem tartalmaz k\u00e9pi elem elt\u00e1vol\u00edt\u00e1st \u00e9s egy\u00e9b \u00f6sszetett retus\u00e1l\u00e1st!\n\nRendel\u00e9s:\nMiut\u00e1n leadtad a rendel\u00e9st, felveszem veled a kapcsolatot emailben. Ezut\u00e1n tudod majd elk\u00fcldeni nekem a fot\u00f3kat (lehet\u0151s\u00e9g szerint a legjobb min\u0151s\u00e9gben). Hamarosan l\u00e1tv\u00e1nytervet k\u00fcld\u00f6k Neked, amit ha elfogadsz k\u00e9sz\u00edtem is.\n\nFot\u00f3 szerz\u0151i jog:\nMinden sz\u00e1momra elk\u00fcld\u00f6tt fot\u00f3 szerz\u0151i joga a V\u00e1s\u00e1rl\u00f3\u00e9. Nem ker\u00fcl harmadik f\u00e9lhez \u00e9s a dekor\u00e1ci\u00f3 nyomtat\u00e1sa ut\u00e1n t\u00f6rl\u00e9sre ker\u00fcl.\n\nAz \u00e1r 5 darab term\u00e9kre vonatkozik.","score":0,"formatted_price":"27 500 Ft","image_url":"https:\/\/www.meska.hu\/img\/product\/small\/h\/e\/hexartdesign_product_371419_250813144522_613652.jpeg","formatted_url":"https:\/\/www.meska.hu\/p3884949-5-db-os-hatszog-foto-dekoracio-a-te-csaladi-kepeiddel","favourite":false,"in_stock":false,"avatar":"Hexartdesign_avatar_371419_1589358772.jpg","delete_from":0,"is_enhanced_background":false,"is_enhanced":false,"product_selection_started":false,"is_active":true,"image_webp_url":"https:\/\/www.meska.hu\/img\/product\/small\/h\/e\/hexartdesign_product_371419_250813144522_613652.webp"},{"id":"5959169","shop_id":"29729","user_id":"371674","shop_name":"Demezsolt","shop_zip":"4244","product_code":"5646838","product_name_old":null,"product_name":"T\u00f6bbr\u00e9szes \u00e9letfa fali d\u00edsz","category_string":"Otthon & \u00c9letm\u00f3d, Dekor\u00e1ci\u00f3, K\u00e9p & Falik\u00e9p, T\u00f6bb r\u00e9szes k\u00e9p","technic_string":"Grav\u00edroz\u00e1s, pirogr\u00e1fia","category_1":"813","category_2":"314","category_3":"417","category_4":"1429","merged_category_1":null,"merged_category_2":null,"merged_category_3":null,"technic_1":"796","technic_2":"0","technic_3":"0","color_1":"514","color_2":"0","color_3":"0","product_description_old":null,"product_description":"T\u00f6bbr\u00e9szes \u00e9letfa mint\u00e1j\u00fa fali d\u00edsz 3mm-es HDF-b\u0151l.\nTeljes m\u00e9ret 117 cm x 75,5 cm. \nEgyenk\u00e9nt  39 cm x 75,5 cm nagys\u00e1g\u00faak.\nA term\u00e9k h\u00e1tulj\u00e1ra er\u0151s k\u00e9toldali ragaszt\u00f3t helyez\u00fcnk.\n","price":"22000.00","unit":"db","recommended":"0","status":"1","sponsored":"0","exp_notify":"0","own_material":"0","own_material_description_old":null,"own_material_description":"","jury":"0","jury_number":"","product_nature":"","meskaracsony":"0","create_date":"2026-04-02 20:44:40","shelve_id":"0","image":"demezsolt_product_371674_251016150743_50554.jpeg","image_width":"480","image_height":"639","image_alt":"T\u00f6bbr\u00e9szes \u00e9letfa fali d\u00edsz, T\u00f6bbr\u00e9szes \u00e9letfa mint\u00e1j\u00fa fali d\u00edsz 3mm-es HDF-b\u0151l.\\nTeljes m\u00e9ret 117 cm x 75,5 cm. \\nEgyenk\u00e9nt  39 cm..., Meska","image_title":"T\u00f6bbr\u00e9szes \u00e9letfa fali d\u00edsz, Meska","view_count":"202","favourite_count":"0","trending_score":"0","last2MonthFavouriteCount":"0","promotion":"0","giftcard_accept":"0","creditcard_accept":false,"enhanced_background":"0","domain":"meska","specific_customer_id":null,"specific_customer_name":null,"to_order_product":"1","to_order_product_time":"5","product_different":null,"product_different_description":"","vintage":"0","vintage_category_id":"0","recycled":"0","gemstone_id":"0","customizable":"0","type_category":"physical","zerowaste":"0","postage_price":"2390.00","shop_order":"0","has_category":"1","landing_pages":null,"microdata":{"number":22,"category":""},"title":"T\u00f6bbr\u00e9szes \u00e9letfa fali d\u00edsz","description":"T\u00f6bbr\u00e9szes \u00e9letfa mint\u00e1j\u00fa fali d\u00edsz 3mm-es HDF-b\u0151l.\nTeljes m\u00e9ret 117 cm x 75,5 cm. \nEgyenk\u00e9nt  39 cm x 75,5 cm nagys\u00e1g\u00faak.\nA term\u00e9k h\u00e1tulj\u00e1ra er\u0151s k\u00e9toldali ragaszt\u00f3t helyez\u00fcnk.\n","score":0,"formatted_price":"22 000 Ft","image_url":"https:\/\/www.meska.hu\/img\/product\/small\/d\/e\/demezsolt_product_371674_251016150743_50554.jpeg","formatted_url":"https:\/\/www.meska.hu\/p5646838-tobbreszes-eletfa-fali-disz","favourite":false,"in_stock":false,"avatar":"371674_avatar_1753543357.jpeg","delete_from":0,"is_enhanced_background":false,"is_enhanced":false,"product_selection_started":false,"is_active":true,"image_webp_url":"https:\/\/www.meska.hu\/img\/product\/small\/d\/e\/demezsolt_product_371674_251016150743_50554.webp"},{"id":"5992062","shop_id":"49770","user_id":"736076","shop_name":"Matyiapu","shop_zip":"2143","product_code":"5666937","product_name_old":null,"product_name":"F\u00e1b\u00f3l k\u00e9sz\u0171lt k\u00e9pek","category_string":"Otthon & \u00c9letm\u00f3d, Dekor\u00e1ci\u00f3, K\u00e9p & Falik\u00e9p, T\u00f6bb r\u00e9szes k\u00e9p","technic_string":"Famegmunk\u00e1l\u00e1s, Grav\u00edroz\u00e1s, pirogr\u00e1fia","category_1":"813","category_2":"314","category_3":"417","category_4":"1429","merged_category_1":null,"merged_category_2":null,"merged_category_3":null,"technic_1":"478","technic_2":"796","technic_3":"0","color_1":"514","color_2":"515","color_3":"526","product_description_old":null,"product_description":"3mm Ny\u00edrfa r\u00e9tegeit lemezb\u0151l k\u00e9sz\u0171lt, 3d hat\u00e1s\u00fa k\u00e9pek, K\u00e9p \u00e1tl\u00f3 36 cm. Nat\u00far sz\u00ednben, a forma grav\u00edrozott, ami egy m\u00e1sik r\u00e9teg. ","price":"3000.00","unit":"db","recommended":"0","status":"1","sponsored":"0","exp_notify":"0","own_material":"0","own_material_description_old":null,"own_material_description":"","jury":"0","jury_number":"","product_nature":"","meskaracsony":"0","create_date":"2026-03-31 18:50:44","shelve_id":"0","image":"matyiapu_product_736076_251115170414_060741.png","image_width":"480","image_height":"637","image_alt":"F\u00e1b\u00f3l k\u00e9sz\u0171lt k\u00e9pek, 3mm Ny\u00edrfa r\u00e9tegeit lemezb\u0151l k\u00e9sz\u0171lt, 3d hat\u00e1s\u00fa k\u00e9pek, K\u00e9p \u00e1tl\u00f3 36 cm. Nat\u00far sz\u00ednben, a forma grav\u00edr..., Meska","image_title":"F\u00e1b\u00f3l k\u00e9sz\u0171lt k\u00e9pek, Meska","view_count":"104","favourite_count":"0","trending_score":"0","last2MonthFavouriteCount":"0","promotion":"0","giftcard_accept":"0","creditcard_accept":true,"enhanced_background":"0","domain":"meska","specific_customer_id":null,"specific_customer_name":null,"to_order_product":"0","to_order_product_time":"0","product_different":null,"product_different_description":"","vintage":"0","vintage_category_id":"0","recycled":"0","gemstone_id":"0","customizable":"1","type_category":"physical","zerowaste":"0","postage_price":"2390.00","shop_order":"0","has_category":"1","landing_pages":null,"microdata":{"number":23,"category":""},"title":"F\u00e1b\u00f3l k\u00e9sz\u0171lt k\u00e9pek","description":"3mm Ny\u00edrfa r\u00e9tegeit lemezb\u0151l k\u00e9sz\u0171lt, 3d hat\u00e1s\u00fa k\u00e9pek, K\u00e9p \u00e1tl\u00f3 36 cm. Nat\u00far sz\u00ednben, a forma grav\u00edrozott, ami egy m\u00e1sik r\u00e9teg. ","score":0,"formatted_price":"3 000 Ft","image_url":"https:\/\/www.meska.hu\/img\/product\/small\/m\/a\/matyiapu_product_736076_251115170414_060741.png","formatted_url":"https:\/\/www.meska.hu\/p5666937-fabol-keszult-kepek","favourite":false,"in_stock":true,"avatar":"736076_avatar_1754657887.jpeg","delete_from":0,"is_enhanced_background":false,"is_enhanced":false,"product_selection_started":false,"is_active":true,"image_webp_url":"https:\/\/www.meska.hu\/img\/product\/small\/m\/a\/matyiapu_product_736076_251115170414_060741.webp"},{"id":"3426041","shop_id":"29709","user_id":"371419","shop_name":"Hexartdesign","shop_zip":"1183","product_code":"4038268","product_name_old":null,"product_name":"Hexart Plants fali dekor\u00e1ci\u00f3 - okkers\u00e1rga-s\u00f6t\u00e9t sz\u00fcrke","category_string":"Otthon & \u00c9letm\u00f3d, Dekor\u00e1ci\u00f3, K\u00e9p & Falik\u00e9p, T\u00f6bb r\u00e9szes k\u00e9p","technic_string":"Fot\u00f3, grafika, rajz, illusztr\u00e1ci\u00f3","category_1":"813","category_2":"314","category_3":"417","category_4":"1429","merged_category_1":"0","merged_category_2":"0","merged_category_3":"785","technic_1":"483","technic_2":"0","technic_3":"0","color_1":"526","color_2":"527","color_3":"0","product_description_old":null,"product_description":"Hexart Design - Az okos dekor\u00e1ci\u00f3\nNincs sz\u00fcks\u00e9g keretre \/ Kas\u00edrozott habkarton \/ Egy mozdulattal felrakhat\u00f3\n\nModern, divatos \u00e9s trendi hatsz\u00f6g dekor\u00e1ci\u00f3 skandin\u00e1v st\u00edlusban. A dekor\u00e1ci\u00f3 7 elemb\u0151l \u00e1ll, ahogy a k\u00e9pen is l\u00e1thatod. Dekor\u00e1lhatod vele a nappalid, h\u00e1l\u00f3szob\u00e1d vagy ak\u00e1r az irod\u00e1d. A \u201eHexart Plants\u201d design nem csak ebben a sz\u00ednben, hanem t\u00f6bb v\u00e1ltozatban (ak\u00e1r egyedi sz\u00ednekben, l\u00e1sd lentebb) is el\u00e9rhet\u0151 az al\u00e1bbi linken:\nhttps:\/\/www.meska.hu\/shop\/Hexartdesign?s=64873\n\n\/\/\/\/\/ Egyedi sz\u00ednek? \/\/\/\/\/\nSzerkeszt\u00e9si d\u00edj ellen\u00e9ben, lehet\u0151s\u00e9ged van egyedi sz\u00ednekre is. Amennyiben ezt szeretn\u00e9d, akkor rendel\u00e9sn\u00e9l nemcsak a term\u00e9ket hanem a leg\u00f6rd\u00fcl\u0151 men\u00fcb\u0151l a szerkeszt\u00e9si d\u00edjat is tedd a kos\u00e1rba! A r\u00e9szleteket pedig emailben egyeztetj\u00fck majd.\n\nHogy mit takar az okos dekor\u00e1ci\u00f3?\n\nA legfontosabb el\u0151nyei, m\u00e1s dekor\u00e1ci\u00f3s megold\u00e1ssal szemben:\n- egy mozdulattal felrakhat\u00f3 b\u00e1rmilyen fel\u00fcletre (falra, szekr\u00e9nyre, \u00fcvegre stb )\n- nincs sz\u00fcks\u00e9g sz\u00f6gre \u00e9s kalap\u00e1csra a felhelyez\u00e9shez\n- nincsenek tov\u00e1bbi k\u00f6lts\u00e9geid, hiszen nem kell keretet is v\u00e1s\u00e1rolni\n- nyom n\u00e9lk\u00fcl \u00e1thelyezhet\u0151, t\u00f6bbsz\u00f6r is\n\nA k\u00e9pen l\u00e1that\u00f3 kieg\u00e9sz\u00edt\u0151 dekor\u00e1ci\u00f3s k\u00f6rnyezet csak illusztr\u00e1ci\u00f3, ami nem k\u00e9pezi a term\u00e9k r\u00e9sz\u00e9t. A m\u00e9retar\u00e1ny nem felt\u00e9tlen\u00fcl felel meg a val\u00f3s\u00e1gnak. A pontos m\u00e9retet a term\u00e9kle\u00edr\u00e1sban l\u00e1thatod:\n\nTerm\u00e9kle\u00edr\u00e1s:\nA dekor\u00e1ci\u00f3 7 db hatsz\u00f6g elemb\u0151l \u00e1ll. A teljes m\u00e9ret ~2 cm-es h\u00e9zagokkal ~61x64 cm, ahol egy hatsz\u00f6g elem m\u00e9rete 231x200 mm. A fel\u00fclet matt (de lehet f\u00e9nyes is fel\u00e1ras opci\u00f3k\u00e9nt). Lehet\u0151s\u00e9ged van Nagy m\u00e9retet is k\u00e9rni (fel\u00e1ras opci\u00f3k\u00e9nt), ami ~80x83 cm \u00e9s f\u00e9nyes fel\u00fclet\u0171 (amiben egy elem 300x260 mm).\n\nMin\u0151s\u00e9gi fot\u00f3pap\u00edrra k\u00e9sz\u00fcl\u0151 nyomat, amely egy 5 mm-es vastag, hatsz\u00f6g form\u00e1j\u00fa feh\u00e9r habkartonra van kas\u00edrozva. R\u00f6gz\u00edt\u00e9se speci\u00e1lis ragaszt\u00e1si technol\u00f3gi\u00e1val t\u00f6rt\u00e9nik, amivel a dekor\u00e1ci\u00f3 nyom n\u00e9lk\u00fcl \u00e1thelyezhet\u0151, ak\u00e1r t\u00f6bbsz\u00f6r is.\nEl\u00e9rhet\u0151 az al\u00e1bbi m\u00e9ret \u00e9s fel\u00fclet opci\u00f3kban (a term\u00e9kk\u00e9pek k\u00f6z\u00f6tt megtal\u00e1lod egy hatsz\u00f6g elem Norm\u00e1l \u00e9s Nagy verzi\u00f3j\u00e1nak m\u00e9retar\u00e1nyos \u00f6sszehasonl\u00edt\u00f3 k\u00e9pet is). A v\u00e1s\u00e1rl\u00e1sn\u00e1l pedig a M\u00e9ret leg\u00f6rd\u00fcl\u0151 men\u00fcben v\u00e1laszthatod majd ki, a Neked szimpatikus verzi\u00f3t.\n- Norm\u00e1l m\u00e9ret (~61x64 cm), matt fel\u00fclettel (alap\u00e1r)\n- Norm\u00e1l m\u00e9ret (~61x64 cm), f\u00e9nyes fel\u00fclettel (fel\u00e1ras opci\u00f3)\n- Nagy m\u00e9ret (~80x83 cm), f\u00e9nyes fel\u00fclettel (fel\u00e1ras opci\u00f3)\n\nSzerz\u0151i jog:\nA boltomban tal\u00e1lhat\u00f3 \u00f6sszes term\u00e9k a saj\u00e1t alkot\u00e1som \u00e9s szerz\u0151i jog v\u00e9di. Semmilyen form\u00e1ban nem m\u00e1solhat\u00f3, gy\u00e1rthat\u00f3 \u00e9s sokszoros\u00edthat\u00f3.","price":"24990.00","unit":"db","recommended":"0","status":"1","sponsored":"0","exp_notify":"0","own_material":"0","own_material_description_old":null,"own_material_description":"","jury":"0","jury_number":"","product_nature":"","meskaracsony":"0","create_date":"2026-03-27 18:37:56","shelve_id":"64873","image":"hexartdesign_product_371419_210216175646_65460.jpeg","image_width":"480","image_height":"480","image_alt":"Hexart Plants fali dekor\u00e1ci\u00f3 - okkers\u00e1rga-s\u00f6t\u00e9t sz\u00fcrke, Hexart Design - Az okos dekor\u00e1ci\u00f3\\nNincs sz\u00fcks\u00e9g keretre \/ Kas\u00edrozott habkarton \/ Egy mozdulattal fel..., Meska","image_title":"Hexart Plants fali dekor\u00e1ci\u00f3 - okkers\u00e1rga-s\u00f6t\u00e9t sz\u00fcrke, Meska","view_count":"2893","favourite_count":"0","trending_score":"0","last2MonthFavouriteCount":"0","promotion":0,"giftcard_accept":"1","creditcard_accept":true,"enhanced_background":"0","domain":"meska","specific_customer_id":null,"specific_customer_name":null,"to_order_product":"1","to_order_product_time":"3","product_different":"quite_different","product_different_description":"A sz\u00ednek minim\u00e1lisan elt\u00e9rhetnek a kijelz\u0151n l\u00e1that\u00f3 sz\u00ednekt\u0151l (mobil kijelz\u0151, monitor stb.)\nAz egyedi szem\u00e9lyre szabott dekor\u00e1ci\u00f3kn\u00e1l v\u00e1ltozik a sz\u00f6veg.","vintage":"0","vintage_category_id":"0","recycled":"0","gemstone_id":"0","customizable":"0","type_category":"physical","zerowaste":"0","postage_price":"1490.00","shop_order":"0","has_category":"1","landing_pages":null,"microdata":{"number":24,"category":""},"title":"Hexart Plants fali dekor\u00e1ci\u00f3 - okkers\u00e1rga-s\u00f6t\u00e9t sz\u00fcrke","description":"Hexart Design - Az okos dekor\u00e1ci\u00f3\nNincs sz\u00fcks\u00e9g keretre \/ Kas\u00edrozott habkarton \/ Egy mozdulattal felrakhat\u00f3\n\nModern, divatos \u00e9s trendi hatsz\u00f6g dekor\u00e1ci\u00f3 skandin\u00e1v st\u00edlusban. A dekor\u00e1ci\u00f3 7 elemb\u0151l \u00e1ll, ahogy a k\u00e9pen is l\u00e1thatod. Dekor\u00e1lhatod vele a nappalid, h\u00e1l\u00f3szob\u00e1d vagy ak\u00e1r az irod\u00e1d. A \u201eHexart Plants\u201d design nem csak ebben a sz\u00ednben, hanem t\u00f6bb v\u00e1ltozatban (ak\u00e1r egyedi sz\u00ednekben, l\u00e1sd lentebb) is el\u00e9rhet\u0151 az al\u00e1bbi linken:\nhttps:\/\/www.meska.hu\/shop\/Hexartdesign?s=64873\n\n\/\/\/\/\/ Egyedi sz\u00ednek? \/\/\/\/\/\nSzerkeszt\u00e9si d\u00edj ellen\u00e9ben, lehet\u0151s\u00e9ged van egyedi sz\u00ednekre is. Amennyiben ezt szeretn\u00e9d, akkor rendel\u00e9sn\u00e9l nemcsak a term\u00e9ket hanem a leg\u00f6rd\u00fcl\u0151 men\u00fcb\u0151l a szerkeszt\u00e9si d\u00edjat is tedd a kos\u00e1rba! A r\u00e9szleteket pedig emailben egyeztetj\u00fck majd.\n\nHogy mit takar az okos dekor\u00e1ci\u00f3?\n\nA legfontosabb el\u0151nyei, m\u00e1s dekor\u00e1ci\u00f3s megold\u00e1ssal szemben:\n- egy mozdulattal felrakhat\u00f3 b\u00e1rmilyen fel\u00fcletre (falra, szekr\u00e9nyre, \u00fcvegre stb )\n- nincs sz\u00fcks\u00e9g sz\u00f6gre \u00e9s kalap\u00e1csra a felhelyez\u00e9shez\n- nincsenek tov\u00e1bbi k\u00f6lts\u00e9geid, hiszen nem kell keretet is v\u00e1s\u00e1rolni\n- nyom n\u00e9lk\u00fcl \u00e1thelyezhet\u0151, t\u00f6bbsz\u00f6r is\n\nA k\u00e9pen l\u00e1that\u00f3 kieg\u00e9sz\u00edt\u0151 dekor\u00e1ci\u00f3s k\u00f6rnyezet csak illusztr\u00e1ci\u00f3, ami nem k\u00e9pezi a term\u00e9k r\u00e9sz\u00e9t. A m\u00e9retar\u00e1ny nem felt\u00e9tlen\u00fcl felel meg a val\u00f3s\u00e1gnak. A pontos m\u00e9retet a term\u00e9kle\u00edr\u00e1sban l\u00e1thatod:\n\nTerm\u00e9kle\u00edr\u00e1s:\nA dekor\u00e1ci\u00f3 7 db hatsz\u00f6g elemb\u0151l \u00e1ll. A teljes m\u00e9ret ~2 cm-es h\u00e9zagokkal ~61x64 cm, ahol egy hatsz\u00f6g elem m\u00e9rete 231x200 mm. A fel\u00fclet matt (de lehet f\u00e9nyes is fel\u00e1ras opci\u00f3k\u00e9nt). Lehet\u0151s\u00e9ged van Nagy m\u00e9retet is k\u00e9rni (fel\u00e1ras opci\u00f3k\u00e9nt), ami ~80x83 cm \u00e9s f\u00e9nyes fel\u00fclet\u0171 (amiben egy elem 300x260 mm).\n\nMin\u0151s\u00e9gi fot\u00f3pap\u00edrra k\u00e9sz\u00fcl\u0151 nyomat, amely egy 5 mm-es vastag, hatsz\u00f6g form\u00e1j\u00fa feh\u00e9r habkartonra van kas\u00edrozva. R\u00f6gz\u00edt\u00e9se speci\u00e1lis ragaszt\u00e1si technol\u00f3gi\u00e1val t\u00f6rt\u00e9nik, amivel a dekor\u00e1ci\u00f3 nyom n\u00e9lk\u00fcl \u00e1thelyezhet\u0151, ak\u00e1r t\u00f6bbsz\u00f6r is.\nEl\u00e9rhet\u0151 az al\u00e1bbi m\u00e9ret \u00e9s fel\u00fclet opci\u00f3kban (a term\u00e9kk\u00e9pek k\u00f6z\u00f6tt megtal\u00e1lod egy hatsz\u00f6g elem Norm\u00e1l \u00e9s Nagy verzi\u00f3j\u00e1nak m\u00e9retar\u00e1nyos \u00f6sszehasonl\u00edt\u00f3 k\u00e9pet is). A v\u00e1s\u00e1rl\u00e1sn\u00e1l pedig a M\u00e9ret leg\u00f6rd\u00fcl\u0151 men\u00fcben v\u00e1laszthatod majd ki, a Neked szimpatikus verzi\u00f3t.\n- Norm\u00e1l m\u00e9ret (~61x64 cm), matt fel\u00fclettel (alap\u00e1r)\n- Norm\u00e1l m\u00e9ret (~61x64 cm), f\u00e9nyes fel\u00fclettel (fel\u00e1ras opci\u00f3)\n- Nagy m\u00e9ret (~80x83 cm), f\u00e9nyes fel\u00fclettel (fel\u00e1ras opci\u00f3)\n\nSzerz\u0151i jog:\nA boltomban tal\u00e1lhat\u00f3 \u00f6sszes term\u00e9k a saj\u00e1t alkot\u00e1som \u00e9s szerz\u0151i jog v\u00e9di. Semmilyen form\u00e1ban nem m\u00e1solhat\u00f3, gy\u00e1rthat\u00f3 \u00e9s sokszoros\u00edthat\u00f3.","score":0,"formatted_price":"24 990 Ft","image_url":"https:\/\/www.meska.hu\/img\/product\/small\/h\/e\/hexartdesign_product_371419_210216175646_65460.jpeg","formatted_url":"https:\/\/www.meska.hu\/p4038268-hexart-plants-fali-dekoracio-okkersarga-sotet-szurke","favourite":false,"in_stock":false,"avatar":"Hexartdesign_avatar_371419_1589358772.jpg","delete_from":0,"is_enhanced_background":false,"is_enhanced":false,"product_selection_started":false,"is_active":true,"image_webp_url":"https:\/\/www.meska.hu\/img\/product\/small\/h\/e\/hexartdesign_product_371419_210216175646_65460.webp"},{"id":"3473970","shop_id":"27978","user_id":"336158","shop_name":"PDorci","shop_zip":"9700","product_code":"4353458","product_name_old":null,"product_name":"Cic\u00e1s fali k\u00e9p szett, 3 db-os, 25x25 cm","category_string":"Otthon & \u00c9letm\u00f3d, T\u00f6bb r\u00e9szes k\u00e9p, Dekor\u00e1ci\u00f3, K\u00e9p & Falik\u00e9p","technic_string":"Famegmunk\u00e1l\u00e1s, Festett t\u00e1rgyak","category_1":"813","category_2":"1429","category_3":"314","category_4":"417","merged_category_1":"0","merged_category_2":"0","merged_category_3":"785","technic_1":"478","technic_2":"481","technic_3":"0","color_1":"520","color_2":"0","color_3":"0","product_description_old":null,"product_description":"Gy\u00f6ny\u00f6r\u0171 \u00e9s cuki cic\u00e1s fali k\u00e9p szett, 3 db 25 x 25 cm-es k\u00e9ppel, 6 mm r\u00e9tegelt f\u00e1b\u00f3l k\u00e9sz\u00edtve. Elt\u00e9r\u0151 sz\u00ednben is k\u00e9rheted, ezt k\u00e9rlek jelezd a megjegyz\u00e9se k\u00f6zt! Az \u00e1r a h\u00e1rom darabos kollekci\u00f3ra vonatkozik, egyedi k\u00e9r\u00e9s eset\u00e9n k\u00e9r\u00fcnk, \u00edrj \u00fczenetet!","price":"15000.00","unit":"garn","recommended":"0","status":"1","sponsored":"0","exp_notify":"0","own_material":"0","own_material_description_old":null,"own_material_description":"","jury":"0","jury_number":"","product_nature":"","meskaracsony":"0","create_date":"2026-03-26 23:33:03","shelve_id":"0","image":"pdorci_product_336158_210127221030_674159.jpeg","image_width":"480","image_height":"300","image_alt":"Cic\u00e1s fali k\u00e9p szett, 3 db-os, 25x25 cm, Gy\u00f6ny\u00f6r\u0171 \u00e9s cuki cic\u00e1s fali k\u00e9p szett, 3 db 25 x 25 cm-es k\u00e9ppel, 6 mm r\u00e9tegelt f\u00e1b\u00f3l k\u00e9sz\u00edtve. Elt\u00e9..., Meska","image_title":"Cic\u00e1s fali k\u00e9p szett, 3 db-os, 25x25 cm, Meska","view_count":"1467","favourite_count":"0","trending_score":"0","last2MonthFavouriteCount":"0","promotion":"0","giftcard_accept":"1","creditcard_accept":false,"enhanced_background":"0","domain":"meska","specific_customer_id":null,"specific_customer_name":null,"to_order_product":"1","to_order_product_time":"1","product_different":"not_different","product_different_description":"","vintage":"0","vintage_category_id":"0","recycled":"0","gemstone_id":"0","customizable":"0","type_category":"physical","zerowaste":"0","postage_price":"2000.00","shop_order":"0","has_category":"1","landing_pages":null,"microdata":{"number":25,"category":""},"title":"Cic\u00e1s fali k\u00e9p szett, 3 db-os, 25x25 cm","description":"Gy\u00f6ny\u00f6r\u0171 \u00e9s cuki cic\u00e1s fali k\u00e9p szett, 3 db 25 x 25 cm-es k\u00e9ppel, 6 mm r\u00e9tegelt f\u00e1b\u00f3l k\u00e9sz\u00edtve. Elt\u00e9r\u0151 sz\u00ednben is k\u00e9rheted, ezt k\u00e9rlek jelezd a megjegyz\u00e9se k\u00f6zt! Az \u00e1r a h\u00e1rom darabos kollekci\u00f3ra vonatkozik, egyedi k\u00e9r\u00e9s eset\u00e9n k\u00e9r\u00fcnk, \u00edrj \u00fczenetet!","score":0,"formatted_price":"15 000 Ft","image_url":"https:\/\/www.meska.hu\/img\/product\/small\/p\/d\/pdorci_product_336158_210127221030_674159.jpeg","formatted_url":"https:\/\/www.meska.hu\/p4353458-cicas-fali-kep-szett-3-db-os-25x25-cm","favourite":false,"in_stock":false,"avatar":"PDorci_avatar_336158_1613076729.jpg","delete_from":0,"is_enhanced_background":false,"is_enhanced":false,"product_selection_started":false,"is_active":true,"image_webp_url":"https:\/\/www.meska.hu\/img\/product\/small\/p\/d\/pdorci_product_336158_210127221030_674159.webp"},{"id":"6166893","shop_id":"52341","user_id":"778762","shop_name":"CutieBriks","shop_zip":"94614","product_code":"5764236","product_name_old":null,"product_name":"Egyedi LEGO\u00ae aj\u00e1nd\u00e9k k\u00e9pkeretben.","category_string":"Otthon & \u00c9letm\u00f3d, Dekor\u00e1ci\u00f3, K\u00e9p & Falik\u00e9p, T\u00f6bb r\u00e9szes k\u00e9p","technic_string":"Fot\u00f3, grafika, rajz, illusztr\u00e1ci\u00f3, Baba-\u00e9s b\u00e1bk\u00e9sz\u00edt\u00e9s","category_1":"813","category_2":"314","category_3":"417","category_4":"1429","merged_category_1":null,"merged_category_2":null,"merged_category_3":null,"technic_1":"483","technic_2":"472","technic_3":"0","color_1":"519","color_2":"520","color_3":"532","product_description_old":null,"product_description":"Egyedi leg\u00f3figur\u00e1kat tudsz k\u00e9rni.\nH\u00e1tt\u00e9r is szem\u00e9lyre szabhat\u00f3.\nAz \u00e1r tartalmazza a 3 db figur\u00e1t + k\u00e9pkeret + h\u00e1tt\u00e9r.\nKieg\u00e9sz\u00edt\u0151k + 300 Ft\/db.\nK\u00e9pkeret m\u00e9rete: 25x20 cm.\nV\u00e1laszthat\u00f3 k\u00e9pkeret sz\u00ednek: feh\u00e9r, fekete","price":"11000.00","unit":"db","recommended":"0","status":"1","sponsored":"0","exp_notify":"0","own_material":"0","own_material_description_old":null,"own_material_description":"","jury":"0","jury_number":"","product_nature":"","meskaracsony":"0","create_date":"2026-03-25 09:19:12","shelve_id":"0","image":"cutiebriks_product_778762_260325091448_745629.png","image_width":"480","image_height":"720","image_alt":"Egyedi LEGO\u00ae aj\u00e1nd\u00e9k k\u00e9pkeretben., Egyedi leg\u00f3figur\u00e1kat tudsz k\u00e9rni.\\nH\u00e1tt\u00e9r is szem\u00e9lyre szabhat\u00f3.\\nAz \u00e1r tartalmazza a 3 db figur\u00e1t + k..., Meska","image_title":"Egyedi LEGO\u00ae aj\u00e1nd\u00e9k k\u00e9pkeretben., Meska","view_count":"151","favourite_count":"0","trending_score":"0","last2MonthFavouriteCount":"0","promotion":"0","giftcard_accept":"0","creditcard_accept":false,"enhanced_background":"0","domain":"meska","specific_customer_id":null,"specific_customer_name":null,"to_order_product":"1","to_order_product_time":"14","product_different":null,"product_different_description":"","vintage":"0","vintage_category_id":"0","recycled":"0","gemstone_id":"0","customizable":"1","type_category":"physical","zerowaste":"0","postage_price":"1349.00","shop_order":"0","has_category":"1","landing_pages":null,"microdata":{"number":26,"category":""},"title":"Egyedi LEGO\u00ae aj\u00e1nd\u00e9k k\u00e9pkeretben.","description":"Egyedi leg\u00f3figur\u00e1kat tudsz k\u00e9rni.\nH\u00e1tt\u00e9r is szem\u00e9lyre szabhat\u00f3.\nAz \u00e1r tartalmazza a 3 db figur\u00e1t + k\u00e9pkeret + h\u00e1tt\u00e9r.\nKieg\u00e9sz\u00edt\u0151k + 300 Ft\/db.\nK\u00e9pkeret m\u00e9rete: 25x20 cm.\nV\u00e1laszthat\u00f3 k\u00e9pkeret sz\u00ednek: feh\u00e9r, fekete","score":0,"formatted_price":"11 000 Ft","image_url":"https:\/\/www.meska.hu\/img\/product\/small\/c\/u\/cutiebriks_product_778762_260325091448_745629.png","formatted_url":"https:\/\/www.meska.hu\/p5764236-egyedi-lego-ajandek-kepkeretben","favourite":false,"in_stock":false,"avatar":"778762_avatar_1774424873.jpeg","delete_from":0,"is_enhanced_background":false,"is_enhanced":false,"product_selection_started":false,"is_active":true,"image_webp_url":"https:\/\/www.meska.hu\/img\/product\/small\/c\/u\/cutiebriks_product_778762_260325091448_745629.webp"},{"id":"6166876","shop_id":"52341","user_id":"778762","shop_name":"CutieBriks","shop_zip":"94614","product_code":"5764232","product_name_old":null,"product_name":"Egyedi LEGO\u00ae aj\u00e1nd\u00e9k k\u00e9pkeretben.","category_string":"Otthon & \u00c9letm\u00f3d, Dekor\u00e1ci\u00f3, K\u00e9p & Falik\u00e9p, T\u00f6bb r\u00e9szes k\u00e9p","technic_string":"Fot\u00f3, grafika, rajz, illusztr\u00e1ci\u00f3, Baba-\u00e9s b\u00e1bk\u00e9sz\u00edt\u00e9s","category_1":"813","category_2":"314","category_3":"417","category_4":"1429","merged_category_1":null,"merged_category_2":null,"merged_category_3":null,"technic_1":"483","technic_2":"472","technic_3":"0","color_1":"519","color_2":"520","color_3":"532","product_description_old":null,"product_description":"Egyedi leg\u00f3figur\u00e1kat tudsz k\u00e9rni.\nH\u00e1tt\u00e9r is szem\u00e9lyre szabhat\u00f3.\nK\u00e9pkeret m\u00e9rete: 15x20 cm.\nV\u00e1laszthat\u00f3 k\u00e9pkeret sz\u00ednek: feh\u00e9r, fekete, piros.","price":"8500.00","unit":"db","recommended":"0","status":"1","sponsored":"0","exp_notify":"0","own_material":"0","own_material_description_old":null,"own_material_description":"","jury":"0","jury_number":"","product_nature":"","meskaracsony":"0","create_date":"2026-03-25 09:01:35","shelve_id":"0","image":"cutiebriks_product_778762_260325084822_97720.jpeg","image_width":"480","image_height":"640","image_alt":"Egyedi LEGO\u00ae aj\u00e1nd\u00e9k k\u00e9pkeretben., Egyedi leg\u00f3figur\u00e1kat tudsz k\u00e9rni.\\nH\u00e1tt\u00e9r is szem\u00e9lyre szabhat\u00f3.\\nK\u00e9pkeret m\u00e9rete: 15x20 cm.\\nV\u00e1lasztha..., Meska","image_title":"Egyedi LEGO\u00ae aj\u00e1nd\u00e9k k\u00e9pkeretben., Meska","view_count":"238","favourite_count":"0","trending_score":"0","last2MonthFavouriteCount":"0","promotion":"0","giftcard_accept":"0","creditcard_accept":false,"enhanced_background":"0","domain":"meska","specific_customer_id":null,"specific_customer_name":null,"to_order_product":"1","to_order_product_time":"14","product_different":null,"product_different_description":"","vintage":"0","vintage_category_id":"0","recycled":"0","gemstone_id":"0","customizable":"1","type_category":"physical","zerowaste":"0","postage_price":"1349.00","shop_order":"0","has_category":"1","landing_pages":null,"microdata":{"number":27,"category":""},"title":"Egyedi LEGO\u00ae aj\u00e1nd\u00e9k k\u00e9pkeretben.","description":"Egyedi leg\u00f3figur\u00e1kat tudsz k\u00e9rni.\nH\u00e1tt\u00e9r is szem\u00e9lyre szabhat\u00f3.\nK\u00e9pkeret m\u00e9rete: 15x20 cm.\nV\u00e1laszthat\u00f3 k\u00e9pkeret sz\u00ednek: feh\u00e9r, fekete, piros.","score":0,"formatted_price":"8 500 Ft","image_url":"https:\/\/www.meska.hu\/img\/product\/small\/c\/u\/cutiebriks_product_778762_260325084822_97720.jpeg","formatted_url":"https:\/\/www.meska.hu\/p5764232-egyedi-lego-ajandek-kepkeretben","favourite":false,"in_stock":false,"avatar":"778762_avatar_1774424873.jpeg","delete_from":0,"is_enhanced_background":false,"is_enhanced":false,"product_selection_started":false,"is_active":true,"image_webp_url":"https:\/\/www.meska.hu\/img\/product\/small\/c\/u\/cutiebriks_product_778762_260325084822_97720.webp"},{"id":"6166872","shop_id":"52341","user_id":"778762","shop_name":"CutieBriks","shop_zip":"94614","product_code":"5764231","product_name_old":null,"product_name":"Egyedi LEGO\u00ae aj\u00e1nd\u00e9k k\u00e9pkeretben.","category_string":"Otthon & \u00c9letm\u00f3d, Dekor\u00e1ci\u00f3, K\u00e9p & Falik\u00e9p, T\u00f6bb r\u00e9szes k\u00e9p","technic_string":"Fot\u00f3, grafika, rajz, illusztr\u00e1ci\u00f3, Baba-\u00e9s b\u00e1bk\u00e9sz\u00edt\u00e9s","category_1":"813","category_2":"314","category_3":"417","category_4":"1429","merged_category_1":null,"merged_category_2":null,"merged_category_3":null,"technic_1":"483","technic_2":"472","technic_3":"0","color_1":"519","color_2":"520","color_3":"532","product_description_old":null,"product_description":"Egyedi leg\u00f3figur\u00e1kat tudsz k\u00e9rni.\nH\u00e1tt\u00e9r is szem\u00e9lyre szabhat\u00f3.\nK\u00e9pkeret m\u00e9rete: 15x20 cm.\nV\u00e1laszthat\u00f3 k\u00e9pkeret sz\u00ednek: feh\u00e9r, fekete, piros.","price":"7000.00","unit":"db","recommended":"0","status":"1","sponsored":"0","exp_notify":"0","own_material":"0","own_material_description_old":null,"own_material_description":"","jury":"0","jury_number":"","product_nature":"","meskaracsony":"0","create_date":"2026-03-25 08:59:57","shelve_id":"0","image":"cutiebriks_product_778762_260325090239_110417.jpeg","image_width":"480","image_height":"587","image_alt":"Egyedi LEGO\u00ae aj\u00e1nd\u00e9k k\u00e9pkeretben., Egyedi leg\u00f3figur\u00e1kat tudsz k\u00e9rni.\\nH\u00e1tt\u00e9r is szem\u00e9lyre szabhat\u00f3.\\nK\u00e9pkeret m\u00e9rete: 15x20 cm.\\nV\u00e1lasztha..., Meska","image_title":"Egyedi LEGO\u00ae aj\u00e1nd\u00e9k k\u00e9pkeretben., Meska","view_count":"66","favourite_count":"0","trending_score":"0","last2MonthFavouriteCount":"0","promotion":"0","giftcard_accept":"0","creditcard_accept":false,"enhanced_background":"0","domain":"meska","specific_customer_id":null,"specific_customer_name":null,"to_order_product":"1","to_order_product_time":"14","product_different":null,"product_different_description":"","vintage":"0","vintage_category_id":"0","recycled":"0","gemstone_id":"0","customizable":"1","type_category":"physical","zerowaste":"0","postage_price":"1349.00","shop_order":"0","has_category":"1","landing_pages":null,"microdata":{"number":28,"category":""},"title":"Egyedi LEGO\u00ae aj\u00e1nd\u00e9k k\u00e9pkeretben.","description":"Egyedi leg\u00f3figur\u00e1kat tudsz k\u00e9rni.\nH\u00e1tt\u00e9r is szem\u00e9lyre szabhat\u00f3.\nK\u00e9pkeret m\u00e9rete: 15x20 cm.\nV\u00e1laszthat\u00f3 k\u00e9pkeret sz\u00ednek: feh\u00e9r, fekete, piros.","score":0,"formatted_price":"7 000 Ft","image_url":"https:\/\/www.meska.hu\/img\/product\/small\/c\/u\/cutiebriks_product_778762_260325090239_110417.jpeg","formatted_url":"https:\/\/www.meska.hu\/p5764231-egyedi-lego-ajandek-kepkeretben","favourite":false,"in_stock":false,"avatar":"778762_avatar_1774424873.jpeg","delete_from":0,"is_enhanced_background":false,"is_enhanced":false,"product_selection_started":false,"is_active":true,"image_webp_url":"https:\/\/www.meska.hu\/img\/product\/small\/c\/u\/cutiebriks_product_778762_260325090239_110417.webp"},{"id":"5980765","shop_id":"45346","user_id":"505476","shop_name":"Graduska67","shop_zip":"2461","product_code":"5660520","product_name_old":null,"product_name":"7 db-os egyedi nyomat sorozat David Beeri ( Pongor Beri K\u00e1roly 1951- ) festm\u00e9nyeib\u0151l","category_string":"Otthon & \u00c9letm\u00f3d, Dekor\u00e1ci\u00f3, K\u00e9p & Falik\u00e9p, T\u00f6bb r\u00e9szes k\u00e9p","technic_string":"","category_1":"813","category_2":"314","category_3":"417","category_4":"1429","merged_category_1":null,"merged_category_2":null,"merged_category_3":null,"technic_1":"0","technic_2":"0","technic_3":"0","color_1":"532","color_2":"0","color_3":"0","product_description_old":null,"product_description":"19 x 24 cm, a 7. aj\u00e1nd\u00e9k ( a kerete s\u00e9r\u00fclt ).\nMind m\u00e1s, de ide sajnos csak 4 db k\u00e9pet lehet feltenni.","price":"24000.00","unit":"garn","recommended":"0","status":"1","sponsored":"0","exp_notify":"0","own_material":"0","own_material_description_old":null,"own_material_description":"","jury":"0","jury_number":"","product_nature":"","meskaracsony":"0","create_date":"2026-03-21 18:13:06","shelve_id":"0","image":"graduska67_product_505476_251108051159_997818.jpeg","image_width":"480","image_height":"717","image_alt":"7 db-os egyedi nyomat sorozat David Beeri ( Pongor Beri K\u00e1roly 1951- ) festm\u00e9nyeib\u0151l, 19 x 24 cm, a 7. aj\u00e1nd\u00e9k ( a kerete s\u00e9r\u00fclt ).\\nMind m\u00e1s, de ide sajnos csak 4 db k\u00e9pet lehet feltenni..., Meska","image_title":"7 db-os egyedi nyomat sorozat David Beeri ( Pongor Beri K\u00e1roly 1951- ) festm\u00e9nyeib\u0151l, Meska","view_count":"102","favourite_count":"0","trending_score":"0","last2MonthFavouriteCount":"0","promotion":"0","giftcard_accept":"0","creditcard_accept":true,"enhanced_background":"0","domain":"meska","specific_customer_id":null,"specific_customer_name":null,"to_order_product":"0","to_order_product_time":"0","product_different":null,"product_different_description":"","vintage":"0","vintage_category_id":"0","recycled":"0","gemstone_id":"0","customizable":"0","type_category":"physical","zerowaste":"0","postage_price":"1290.00","shop_order":"0","has_category":"1","landing_pages":null,"microdata":{"number":29,"category":""},"title":"7 db-os egyedi nyomat sorozat David Beeri ( Pongor Beri K\u00e1roly 1951- ) festm\u00e9nyeib\u0151l","description":"19 x 24 cm, a 7. aj\u00e1nd\u00e9k ( a kerete s\u00e9r\u00fclt ).\nMind m\u00e1s, de ide sajnos csak 4 db k\u00e9pet lehet feltenni.","score":0,"formatted_price":"24 000 Ft","image_url":"https:\/\/www.meska.hu\/img\/product\/small\/g\/r\/graduska67_product_505476_251108051159_997818.jpeg","formatted_url":"https:\/\/www.meska.hu\/p5660520-7-db-os-egyedi-nyomat-sorozat-david-beeri-pongor-beri-karoly-1951-festmenyeibol","favourite":false,"in_stock":true,"avatar":"505476_avatar_1716884130.jpeg","delete_from":0,"is_enhanced_background":false,"is_enhanced":false,"product_selection_started":false,"is_active":true,"image_webp_url":"https:\/\/www.meska.hu\/img\/product\/small\/g\/r\/graduska67_product_505476_251108051159_997818.webp"},{"id":"6163417","shop_id":"34607","user_id":"452574","shop_name":"RebelWoodArt86","shop_zip":"1108","product_code":"5762820","product_name_old":null,"product_name":"\"A Fekete Gy\u00f6ngy\" falidekor","category_string":"Otthon & \u00c9letm\u00f3d, Dekor\u00e1ci\u00f3, K\u00e9p & Falik\u00e9p, T\u00f6bb r\u00e9szes k\u00e9p","technic_string":"Fest\u00e9szet","category_1":"813","category_2":"314","category_3":"417","category_4":"1429","merged_category_1":null,"merged_category_2":null,"merged_category_3":null,"technic_1":"480","technic_2":"0","technic_3":"0","color_1":"514","color_2":"519","color_3":"520","product_description_old":null,"product_description":"M\u00e9rete: 29,5\u00d733 cm \nFestett, csiszolt ,  kal\u00f3z t\u00e9m\u00e1j\u00fa falidekor.","price":"11500.00","unit":"db","recommended":"0","status":"1","sponsored":"0","exp_notify":"0","own_material":"0","own_material_description_old":null,"own_material_description":"","jury":"0","jury_number":"","product_nature":"","meskaracsony":"0","create_date":"2026-03-21 17:17:04","shelve_id":"0","image":"rebelwoodart86_product_452574_260321170852_43049.jpeg","image_width":"480","image_height":"637","image_alt":"\\\"A Fekete Gy\u00f6ngy\\\" falidekor, M\u00e9rete: 29,5\u00d733 cm \\nFestett, csiszolt ,  kal\u00f3z t\u00e9m\u00e1j\u00fa falidekor., Meska","image_title":"\\\"A Fekete Gy\u00f6ngy\\\" falidekor, Meska","view_count":"40","favourite_count":"0","trending_score":"0","last2MonthFavouriteCount":"0","promotion":"0","giftcard_accept":"0","creditcard_accept":false,"enhanced_background":"0","domain":"meska","specific_customer_id":null,"specific_customer_name":null,"to_order_product":"0","to_order_product_time":"0","product_different":null,"product_different_description":"","vintage":"0","vintage_category_id":"0","recycled":"0","gemstone_id":"0","customizable":"0","type_category":"physical","zerowaste":"1","postage_price":"1290.00","shop_order":"0","has_category":"1","landing_pages":null,"microdata":{"number":30,"category":""},"title":"\"A Fekete Gy\u00f6ngy\" falidekor","description":"M\u00e9rete: 29,5\u00d733 cm \nFestett, csiszolt ,  kal\u00f3z t\u00e9m\u00e1j\u00fa falidekor.","score":0,"formatted_price":"11 500 Ft","image_url":"https:\/\/www.meska.hu\/img\/product\/small\/r\/e\/rebelwoodart86_product_452574_260321170852_43049.jpeg","formatted_url":"https:\/\/www.meska.hu\/p5762820-a-fekete-gyongy-falidekor","favourite":false,"in_stock":true,"avatar":"452574_avatar_1765696381.jpeg","delete_from":0,"is_enhanced_background":false,"is_enhanced":false,"product_selection_started":false,"is_active":true,"image_webp_url":"https:\/\/www.meska.hu\/img\/product\/small\/r\/e\/rebelwoodart86_product_452574_260321170852_43049.webp"},{"id":"3489902","shop_id":"30230","user_id":"376977","shop_name":"andreacintia","shop_zip":"2030","product_code":"4081966","product_name_old":null,"product_name":"Szitak\u00f6t\u0151 - Moly - Holdassz\u00f6v\u0151 3 db-os print","category_string":"Otthon & \u00c9letm\u00f3d, T\u00f6bb r\u00e9szes k\u00e9p, Dekor\u00e1ci\u00f3, K\u00e9p & Falik\u00e9p","technic_string":"Fot\u00f3, grafika, rajz, illusztr\u00e1ci\u00f3, Fest\u00e9szet","category_1":"813","category_2":"1429","category_3":"314","category_4":"417","merged_category_1":"0","merged_category_2":"0","merged_category_3":"785","technic_1":"483","technic_2":"480","technic_3":"0","color_1":"516","color_2":"519","color_3":"525","product_description_old":null,"product_description":"3db-os print szett\n\nA csomag kiz\u00e1r\u00f3lag a 3 db nyomatot tartalmazza (nyomtatott form\u00e1ban) az \u00f6sszes t\u00f6bbi elem a k\u00e9pen csak d\u00edszk\u00e9nt szolg\u00e1l.\n\nA csomag tartalma 3 db nyomat, term\u00e9szetes megjelen\u00e9s\u0171, kellemes tapint\u00e1s\u00fa 260-grammos vastag kreat\u00edv pap\u00edron, melynek a fel\u00fclete finoman filcpr\u00e9gelt.\n\nA\/6-os ( 10,5 cm x 14,8 cm )m\u00e9ret\u0171.\n\nHA 1 db-ot szeretn\u00e9l megv\u00e1s\u00e1rolni bel\u0151le, a term\u00e9keim k\u00f6z\u00f6tt, azt is megteheted :) \n\nMegrendel\u00e9s ut\u00e1n, k\u00e9rlek vedd fel velem a kapcsolatot, \u00e9s megbesz\u00e9lj\u00fck a sz\u00e1ll\u00edt\u00e1s r\u00e9szleteit.\nHa pedig egy\u00e9ni elk\u00e9pzel\u00e9sed van, keress b\u00e1tran :) \n\n\n\nSzem\u00e9lyes \u00e1tv\u00e9telre, kiz\u00e1r\u00f3lag \u00c9rden vagy Budapesten van lehet\u0151s\u00e9g. K\u00e9rlek ezt is vedd figyelembe, v\u00e1s\u00e1rl\u00e1skor.","price":"720.00","unit":"db","recommended":"0","status":"1","sponsored":"0","exp_notify":"0","own_material":"0","own_material_description_old":null,"own_material_description":"","jury":"0","jury_number":"","product_nature":"","meskaracsony":"0","create_date":"2026-03-18 07:32:22","shelve_id":"64388","image":"andreacintia_product_376977_210313224912_17567.jpeg","image_width":"480","image_height":"359","image_alt":"Szitak\u00f6t\u0151 - Moly - Holdassz\u00f6v\u0151 3 db-os print, 3db-os print szett\\n\\nA csomag kiz\u00e1r\u00f3lag a 3 db nyomatot tartalmazza (nyomtatott form\u00e1ban) az \u00f6sszes t..., Meska","image_title":"Szitak\u00f6t\u0151 - Moly - Holdassz\u00f6v\u0151 3 db-os print, Meska","view_count":"1952","favourite_count":"0","trending_score":"0","last2MonthFavouriteCount":"0","promotion":"0","giftcard_accept":"0","creditcard_accept":false,"enhanced_background":"0","domain":"meska","specific_customer_id":null,"specific_customer_name":null,"to_order_product":"0","to_order_product_time":"0","product_different":null,"product_different_description":"","vintage":"0","vintage_category_id":"0","recycled":"0","gemstone_id":"0","customizable":"0","type_category":"physical","zerowaste":"0","postage_price":"3260.00","shop_order":"0","has_category":"1","landing_pages":null,"microdata":{"number":31,"category":""},"title":"Szitak\u00f6t\u0151 - Moly - Holdassz\u00f6v\u0151 3 db-os print","description":"3db-os print szett\n\nA csomag kiz\u00e1r\u00f3lag a 3 db nyomatot tartalmazza (nyomtatott form\u00e1ban) az \u00f6sszes t\u00f6bbi elem a k\u00e9pen csak d\u00edszk\u00e9nt szolg\u00e1l.\n\nA csomag tartalma 3 db nyomat, term\u00e9szetes megjelen\u00e9s\u0171, kellemes tapint\u00e1s\u00fa 260-grammos vastag kreat\u00edv pap\u00edron, melynek a fel\u00fclete finoman filcpr\u00e9gelt.\n\nA\/6-os ( 10,5 cm x 14,8 cm )m\u00e9ret\u0171.\n\nHA 1 db-ot szeretn\u00e9l megv\u00e1s\u00e1rolni bel\u0151le, a term\u00e9keim k\u00f6z\u00f6tt, azt is megteheted :) \n\nMegrendel\u00e9s ut\u00e1n, k\u00e9rlek vedd fel velem a kapcsolatot, \u00e9s megbesz\u00e9lj\u00fck a sz\u00e1ll\u00edt\u00e1s r\u00e9szleteit.\nHa pedig egy\u00e9ni elk\u00e9pzel\u00e9sed van, keress b\u00e1tran :) \n\n\n\nSzem\u00e9lyes \u00e1tv\u00e9telre, kiz\u00e1r\u00f3lag \u00c9rden vagy Budapesten van lehet\u0151s\u00e9g. K\u00e9rlek ezt is vedd figyelembe, v\u00e1s\u00e1rl\u00e1skor.","score":0,"formatted_price":"720 Ft","image_url":"https:\/\/www.meska.hu\/img\/product\/small\/a\/n\/andreacintia_product_376977_210313224912_17567.jpeg","formatted_url":"https:\/\/www.meska.hu\/p4081966-szitakoto-moly-holdasszovo-3-db-os-print","favourite":false,"in_stock":true,"avatar":"376977_avatar_1732824033.jpeg","delete_from":0,"is_enhanced_background":false,"is_enhanced":false,"product_selection_started":false,"is_active":true,"image_webp_url":"https:\/\/www.meska.hu\/img\/product\/small\/a\/n\/andreacintia_product_376977_210313224912_17567.webp"},{"id":"3488021","shop_id":"24043","user_id":"272819","shop_name":"RRstudio","shop_zip":"1185","product_code":"4114744","product_name_old":null,"product_name":"Tr\u00f3pusi leveles print szett, P\u00e1lma lev\u00e9l, ban\u00e1n lev\u00e9l, p\u00e1fr\u00e1ny, tr\u00f3pusi, z\u00f6ld levelek","category_string":"Otthon & \u00c9letm\u00f3d, T\u00f6bb r\u00e9szes k\u00e9p, Dekor\u00e1ci\u00f3, K\u00e9p & Falik\u00e9p","technic_string":"Fot\u00f3, grafika, rajz, illusztr\u00e1ci\u00f3","category_1":"813","category_2":"1429","category_3":"314","category_4":"417","merged_category_1":null,"merged_category_2":null,"merged_category_3":null,"technic_1":"483","technic_2":"0","technic_3":"0","color_1":"514","color_2":"519","color_3":"529","product_description_old":null,"product_description":"A4 Min\u0151s\u00e9gi Pap\u00edr Print szett Nyomtat\u00e1s : 3db k\u00e9p\n* KERET N\u00c9LK\u00dcL *\n\nAz \u00e1r 3db printet tartalmaz.\n\n* KIVITELEZ\u00c9S & ELK\u00c9SZ\u00cdT\u00c9S:\nFelszerelt st\u00fadi\u00f3nkban a mi fel\u00fcgyelet\u00fcnk alatt, saj\u00e1t eszk\u00f6zeinkkel nyomtatjuk, k\u00e9sz\u00edtj\u00fck \u00e9s csomagoljuk k\u00e9peinket.\n\n* M\u00c9RET: A4 (210 x 297 mm)\n\n* ANYAG:\n250g - os textur\u00e1lt nat\u00far vagy feh\u00e9r m\u0171v\u00e9szpap\u00edr\n\n* SZ\u00d6VEG:\nV\u00e1s\u00e1rl\u00e1skor k\u00e9rlek hagyj \u00fczenetet a k\u00e9rt v\u00e1ltoztat\u00e1ssal, n\u00e9vvel, sz\u00f6veggel!\n\n* CSOMAGOL\u00c1S:\nKartonnal merev\u00edtve, bubor\u00e9kf\u00f3li\u00e1val vagy hengerben\n\n* FIZET\u00c9S:\nCsakis el\u0151re banki utal\u00e1ssal!\nA v\u00e1s\u00e1rl\u00e1s ut\u00e1n k\u00fcldj\u00fck a t\u00e1j\u00e9koztat\u00f3 emailt a sz\u00fcks\u00e9ges adatokkal\n\n* \u00c1TFUT\u00c1SI ID\u0150:\nkb.: 3 munkanap\n\n* SAJ\u00c1T ELK\u00c9PZEL\u00c9SED VAN?\nEgyedi rendel\u00e9seket is sz\u00edvesen fogadunk.\n\u00cdrj nyugodtan!\n\nA v\u00edzjel leker\u00fcl a k\u00e9sz term\u00e9kr\u0151l, egy\u00e9b keretek, h\u00e1tterek, dekor\u00e1ci\u00f3k csak illusztrat\u00edv jelleget k\u00e9peznek.\n\nSZERZ\u0150I JOG:\n- Minden jog fenntartva\nFelh\u00edjuk figyelmedet, hogy a szerz\u0151i jog minden term\u00e9kre megmarad. ","price":"2500.00","unit":"db","recommended":"0","status":"1","sponsored":"0","exp_notify":"0","own_material":"0","own_material_description_old":null,"own_material_description":"","jury":"0","jury_number":"","product_nature":"","meskaracsony":"0","create_date":"2026-03-16 23:24:09","shelve_id":"58074","image":"rrstudio_product_272819_210411134506_79386.jpeg","image_width":"480","image_height":"384","image_alt":"Tr\u00f3pusi leveles print szett, P\u00e1lma lev\u00e9l, ban\u00e1n lev\u00e9l, p\u00e1fr\u00e1ny, tr\u00f3pusi, z\u00f6ld levelek, A4 Min\u0151s\u00e9gi Pap\u00edr Print szett Nyomtat\u00e1s : 3db k\u00e9p\\n* KERET N\u00c9LK\u00dcL *\\n\\nAz \u00e1r 3db printet tartalmaz.\\n\\n* ..., Meska","image_title":"Tr\u00f3pusi leveles print szett, P\u00e1lma lev\u00e9l, ban\u00e1n lev\u00e9l, p\u00e1fr\u00e1ny, tr\u00f3pusi, z\u00f6ld levelek, Meska","view_count":"2082","favourite_count":"0","trending_score":"0","last2MonthFavouriteCount":"0","promotion":"0","giftcard_accept":"1","creditcard_accept":false,"enhanced_background":"0","domain":"meska","specific_customer_id":null,"specific_customer_name":null,"to_order_product":"0","to_order_product_time":"0","product_different":null,"product_different_description":"","vintage":"0","vintage_category_id":"0","recycled":"0","gemstone_id":"0","customizable":"0","type_category":"physical","zerowaste":"0","postage_price":"1290.00","shop_order":"0","has_category":"1","landing_pages":null,"microdata":{"number":32,"category":""},"title":"Tr\u00f3pusi leveles print szett, P\u00e1lma lev\u00e9l, ban\u00e1n lev\u00e9l, p\u00e1fr\u00e1ny, tr\u00f3pusi, z\u00f6ld levelek","description":"A4 Min\u0151s\u00e9gi Pap\u00edr Print szett Nyomtat\u00e1s : 3db k\u00e9p\n* KERET N\u00c9LK\u00dcL *\n\nAz \u00e1r 3db printet tartalmaz.\n\n* KIVITELEZ\u00c9S & ELK\u00c9SZ\u00cdT\u00c9S:\nFelszerelt st\u00fadi\u00f3nkban a mi fel\u00fcgyelet\u00fcnk alatt, saj\u00e1t eszk\u00f6zeinkkel nyomtatjuk, k\u00e9sz\u00edtj\u00fck \u00e9s csomagoljuk k\u00e9peinket.\n\n* M\u00c9RET: A4 (210 x 297 mm)\n\n* ANYAG:\n250g - os textur\u00e1lt nat\u00far vagy feh\u00e9r m\u0171v\u00e9szpap\u00edr\n\n* SZ\u00d6VEG:\nV\u00e1s\u00e1rl\u00e1skor k\u00e9rlek hagyj \u00fczenetet a k\u00e9rt v\u00e1ltoztat\u00e1ssal, n\u00e9vvel, sz\u00f6veggel!\n\n* CSOMAGOL\u00c1S:\nKartonnal merev\u00edtve, bubor\u00e9kf\u00f3li\u00e1val vagy hengerben\n\n* FIZET\u00c9S:\nCsakis el\u0151re banki utal\u00e1ssal!\nA v\u00e1s\u00e1rl\u00e1s ut\u00e1n k\u00fcldj\u00fck a t\u00e1j\u00e9koztat\u00f3 emailt a sz\u00fcks\u00e9ges adatokkal\n\n* \u00c1TFUT\u00c1SI ID\u0150:\nkb.: 3 munkanap\n\n* SAJ\u00c1T ELK\u00c9PZEL\u00c9SED VAN?\nEgyedi rendel\u00e9seket is sz\u00edvesen fogadunk.\n\u00cdrj nyugodtan!\n\nA v\u00edzjel leker\u00fcl a k\u00e9sz term\u00e9kr\u0151l, egy\u00e9b keretek, h\u00e1tterek, dekor\u00e1ci\u00f3k csak illusztrat\u00edv jelleget k\u00e9peznek.\n\nSZERZ\u0150I JOG:\n- Minden jog fenntartva\nFelh\u00edjuk figyelmedet, hogy a szerz\u0151i jog minden term\u00e9kre megmarad. ","score":0,"formatted_price":"2 500 Ft","image_url":"https:\/\/www.meska.hu\/img\/product\/small\/r\/r\/rrstudio_product_272819_210411134506_79386.jpeg","formatted_url":"https:\/\/www.meska.hu\/p4114744-tropusi-leveles-print-szett-palma-level-banan-level-pafrany-tropusi-zold-levelek","favourite":false,"in_stock":true,"avatar":"RRstudio_avatar_272819_1590081778.jpg","delete_from":0,"is_enhanced_background":false,"is_enhanced":false,"product_selection_started":false,"is_active":true,"image_webp_url":"https:\/\/www.meska.hu\/img\/product\/small\/r\/r\/rrstudio_product_272819_210411134506_79386.webp"},{"id":"3476293","shop_id":"37080","user_id":"491542","shop_name":"Antiquelive","shop_zip":"9021","product_code":"4716984","product_name_old":null,"product_name":"Vintage koreai kagyl\u00f3 berak\u00e1sos 4 r\u00e9szes falik\u00e9p","category_string":"Otthon & \u00c9letm\u00f3d, Dekor\u00e1ci\u00f3, K\u00e9p & Falik\u00e9p, T\u00f6bb r\u00e9szes k\u00e9p","technic_string":"Famegmunk\u00e1l\u00e1s","category_1":"813","category_2":"314","category_3":"417","category_4":"1429","merged_category_1":null,"merged_category_2":null,"merged_category_3":null,"technic_1":"478","technic_2":"0","technic_3":"0","color_1":"518","color_2":"519","color_3":"520","product_description_old":null,"product_description":"F\u00e9nyes fekete lakkozott alapon csod\u00e1latosan iriz\u00e1l\u00f3 kagyl\u00f3 berak\u00e1ssal k\u00e9sz\u00fclt falik\u00e9p szett. A kb. centim\u00e9ter vastag fa alapra sz\u00e9p kis term\u00e9szeti \u00e9letk\u00e9peket intarzi\u00e1kat k\u00e9sz\u00edtett a t\u00e1volkeleti m\u0171v\u00e9sz. A gy\u00f6ngyh\u00e1z ezer sz\u00edn\u00e9ben j\u00e1tsz\u00f3 gy\u00f6ny\u00f6r\u0171 k\u00e9pek vir\u00e1gokra n\u00f6v\u00e9nyekre lesz\u00e1ll\u00f3 pillang\u00f3kat \u00e9s mad\u00e1rk\u00e1kat \u00e1br\u00e1zol. Sz\u00e9p kalligr\u00e1f bet\u0171kkel aranyozott \u00edr\u00e1s is van alul \u00e9s fel\u00fcl is a t\u00e1bl\u00e1csk\u00e1kon. Itt ott sajnos kisebb karcok a sz\u00e9leken pici lepattan\u00e1s el\u0151fordul rajtuk de nem felt\u0171n\u0151. A lakkr\u00e9teg er\u0151s t\u00fckr\u00f6z\u0151d\u00e9se miatt nem tudtam j\u00f3 fot\u00f3kat k\u00e9sz\u00edteni. Eredetiben n\u00e9zve var\u00e1zslatosan sz\u00e9pek. Egym\u00e1st\u00f3l n\u00e9mi t\u00e1vols\u00e1got tartva falra r\u00f6gz\u00edtve eg\u00e9szen k\u00fcl\u00f6nleges hangulatot adhat egy \u00e1zsiai st\u00edlusban berendezett szob\u00e1ban. \nA t\u00e1bl\u00e1csk\u00e1k m\u00e9rete egyenk\u00e9nt:  40 cm, magas 15 cm sz\u00e9les \u00e9s 1 cm vastag. Egy\u00fctt m\u00e1r sz\u00e9p nagy t\u00f6bb mint 60 x 40 cm-es k\u00e9pet kiadnak.","price":"24000.00","unit":"db","recommended":"0","status":"1","sponsored":"0","exp_notify":"0","own_material":"0","own_material_description_old":null,"own_material_description":"","jury":"0","jury_number":"","product_nature":"","meskaracsony":"0","create_date":"2026-03-16 13:30:13","shelve_id":"68978","image":"antiquelive_product_491542_220725165455_367843.png","image_width":"480","image_height":"470","image_alt":"Vintage koreai kagyl\u00f3 berak\u00e1sos 4 r\u00e9szes falik\u00e9p, F\u00e9nyes fekete lakkozott alapon csod\u00e1latosan iriz\u00e1l\u00f3 kagyl\u00f3 berak\u00e1ssal k\u00e9sz\u00fclt falik\u00e9p szett. A kb. c..., Meska","image_title":"Vintage koreai kagyl\u00f3 berak\u00e1sos 4 r\u00e9szes falik\u00e9p, Meska","view_count":"1784","favourite_count":"0","trending_score":"0","last2MonthFavouriteCount":"0","promotion":"0","giftcard_accept":"0","creditcard_accept":false,"enhanced_background":"0","domain":"meska","specific_customer_id":null,"specific_customer_name":null,"to_order_product":"0","to_order_product_time":"0","product_different":null,"product_different_description":"","vintage":"0","vintage_category_id":"0","recycled":"0","gemstone_id":"0","customizable":"0","type_category":"physical","zerowaste":"0","postage_price":"1290.00","shop_order":"0","has_category":"1","landing_pages":null,"microdata":{"number":33,"category":""},"title":"Vintage koreai kagyl\u00f3 berak\u00e1sos 4 r\u00e9szes falik\u00e9p","description":"F\u00e9nyes fekete lakkozott alapon csod\u00e1latosan iriz\u00e1l\u00f3 kagyl\u00f3 berak\u00e1ssal k\u00e9sz\u00fclt falik\u00e9p szett. A kb. centim\u00e9ter vastag fa alapra sz\u00e9p kis term\u00e9szeti \u00e9letk\u00e9peket intarzi\u00e1kat k\u00e9sz\u00edtett a t\u00e1volkeleti m\u0171v\u00e9sz. A gy\u00f6ngyh\u00e1z ezer sz\u00edn\u00e9ben j\u00e1tsz\u00f3 gy\u00f6ny\u00f6r\u0171 k\u00e9pek vir\u00e1gokra n\u00f6v\u00e9nyekre lesz\u00e1ll\u00f3 pillang\u00f3kat \u00e9s mad\u00e1rk\u00e1kat \u00e1br\u00e1zol. Sz\u00e9p kalligr\u00e1f bet\u0171kkel aranyozott \u00edr\u00e1s is van alul \u00e9s fel\u00fcl is a t\u00e1bl\u00e1csk\u00e1kon. Itt ott sajnos kisebb karcok a sz\u00e9leken pici lepattan\u00e1s el\u0151fordul rajtuk de nem felt\u0171n\u0151. A lakkr\u00e9teg er\u0151s t\u00fckr\u00f6z\u0151d\u00e9se miatt nem tudtam j\u00f3 fot\u00f3kat k\u00e9sz\u00edteni. Eredetiben n\u00e9zve var\u00e1zslatosan sz\u00e9pek. Egym\u00e1st\u00f3l n\u00e9mi t\u00e1vols\u00e1got tartva falra r\u00f6gz\u00edtve eg\u00e9szen k\u00fcl\u00f6nleges hangulatot adhat egy \u00e1zsiai st\u00edlusban berendezett szob\u00e1ban. \nA t\u00e1bl\u00e1csk\u00e1k m\u00e9rete egyenk\u00e9nt:  40 cm, magas 15 cm sz\u00e9les \u00e9s 1 cm vastag. Egy\u00fctt m\u00e1r sz\u00e9p nagy t\u00f6bb mint 60 x 40 cm-es k\u00e9pet kiadnak.","score":0,"formatted_price":"24 000 Ft","image_url":"https:\/\/www.meska.hu\/img\/product\/small\/a\/n\/antiquelive_product_491542_220725165455_367843.png","formatted_url":"https:\/\/www.meska.hu\/p4716984-vintage-koreai-kagylo-berakasos-4-reszes-falikep","favourite":false,"in_stock":true,"avatar":"491542_avatar_1648132055.png","delete_from":0,"is_enhanced_background":false,"is_enhanced":false,"product_selection_started":false,"is_active":true,"image_webp_url":"https:\/\/www.meska.hu\/img\/product\/small\/a\/n\/antiquelive_product_491542_220725165455_367843.webp"},{"id":"5419338","shop_id":"40036","user_id":"555489","shop_name":"MakramEVArazs","shop_zip":"1028","product_code":"5333813","product_name_old":null,"product_name":"Makram\u00e9 tengeri akv\u00e1rium","category_string":"Otthon & \u00c9letm\u00f3d, Dekor\u00e1ci\u00f3, K\u00e9p & Falik\u00e9p, T\u00f6bb r\u00e9szes k\u00e9p","technic_string":"Csom\u00f3z\u00e1s, Horgol\u00e1s","category_1":"813","category_2":"314","category_3":"417","category_4":"1429","merged_category_1":null,"merged_category_2":null,"merged_category_3":null,"technic_1":"475","technic_2":"488","technic_3":"0","color_1":"519","color_2":"521","color_3":"534","product_description_old":null,"product_description":"Makram\u00e9 akv\u00e1rium \u2013 tengerhangulat k\u00e9zzel csom\u00f3zva\n\nMindig is im\u00e1dtam az akv\u00e1riumokat, de mivel m\u00e1r nem f\u00e9rne el egy igazi a lak\u00e1sban, \u00fagy d\u00f6nt\u00f6ttem: k\u00e9sz\u00edtek egyet makram\u00e9b\u00f3l! \u00cdgy sz\u00fcletett meg ez a k\u00fcl\u00f6nleges, k\u00e9zzel k\u00e9sz\u00fclt dekor\u00e1ci\u00f3, amely nemcsak l\u00e1tv\u00e1nyos, hanem teljesen egyedi is.  \n\nAz els\u0151 darabot fa\u00e1gra k\u00f6t\u00f6ttem damillal, a m\u00e1sodik \u2013 nagyobb m\u00e9ret\u0171 \u2013 v\u00e1ltozatot pedig egy 50\u00d770 cm-es k\u00e9pkeretbe r\u00f6gz\u00edtettem, hogy igaz\u00e1n l\u00e1tv\u00e1nyos faldekor\u00e1ci\u00f3 v\u00e1ljon bel\u0151le, ebben a halak \u00e9s a polip horgol\u00e1ssal k\u00e9sz\u00fcltek. \n\nEz a makram\u00e9 akv\u00e1rium garant\u00e1ltan egyedi d\u00edsze lesz az otthonodnak \u2013 ilyen biztosan nincs m\u00e1snak!  \n\n Sz\u00e1ll\u00edt\u00e1s:  \nA term\u00e9k t\u00f6r\u00e9keny \u00e9s r\u00e9szletgazdag, ez\u00e9rt csak budapesti szem\u00e9lyes \u00e1tv\u00e9tellel rendelhet\u0151, \u00edgy tudom garant\u00e1lni, hogy \u00e9ps\u00e9gben meg\u00e9rkezik hozz\u00e1d.\n\nHa saj\u00e1t \u00f6tleted van, vagy m\u00e1s sz\u00ednvil\u00e1gban szeretn\u00e9d, sz\u00edvesen elk\u00e9sz\u00edtem egyedi elk\u00e9pzel\u00e9s alapj\u00e1n is!\n\nK\u00f6sz\u00f6n\u00f6m, hogy ben\u00e9zt\u00e9l \u00e9s elolvastad  \u2013 rem\u00e9lem, ez a kis tengerhangulat n\u00e1lad is otthonra tal\u00e1l!\u2728","price":"149000.00","unit":"db","recommended":"0","status":"1","sponsored":"0","exp_notify":"0","own_material":"0","own_material_description_old":null,"own_material_description":"","jury":"0","jury_number":"","product_nature":"","meskaracsony":"0","create_date":"2026-03-13 21:57:09","shelve_id":"0","image":"makramevarazs_product_555489_240721191904_395121.jpeg","image_width":"480","image_height":"412","image_alt":"Makram\u00e9 tengeri akv\u00e1rium, Makram\u00e9 akv\u00e1rium \u2013 tengerhangulat k\u00e9zzel csom\u00f3zva\\n\\nMindig is im\u00e1dtam az akv\u00e1riumokat, de mivel m\u00e1r n..., Meska","image_title":"Makram\u00e9 tengeri akv\u00e1rium, Meska","view_count":"708","favourite_count":"0","trending_score":"0","last2MonthFavouriteCount":"0","promotion":"0","giftcard_accept":"0","creditcard_accept":true,"enhanced_background":"0","domain":"meska","specific_customer_id":null,"specific_customer_name":null,"to_order_product":"1","to_order_product_time":"30","product_different":null,"product_different_description":"","vintage":"0","vintage_category_id":"0","recycled":"0","gemstone_id":"0","customizable":"0","type_category":"physical","zerowaste":"0","postage_price":"0.00","shop_order":"0","has_category":"1","landing_pages":null,"microdata":{"number":34,"category":""},"title":"Makram\u00e9 tengeri akv\u00e1rium","description":"Makram\u00e9 akv\u00e1rium \u2013 tengerhangulat k\u00e9zzel csom\u00f3zva\n\nMindig is im\u00e1dtam az akv\u00e1riumokat, de mivel m\u00e1r nem f\u00e9rne el egy igazi a lak\u00e1sban, \u00fagy d\u00f6nt\u00f6ttem: k\u00e9sz\u00edtek egyet makram\u00e9b\u00f3l! \u00cdgy sz\u00fcletett meg ez a k\u00fcl\u00f6nleges, k\u00e9zzel k\u00e9sz\u00fclt dekor\u00e1ci\u00f3, amely nemcsak l\u00e1tv\u00e1nyos, hanem teljesen egyedi is.  \n\nAz els\u0151 darabot fa\u00e1gra k\u00f6t\u00f6ttem damillal, a m\u00e1sodik \u2013 nagyobb m\u00e9ret\u0171 \u2013 v\u00e1ltozatot pedig egy 50\u00d770 cm-es k\u00e9pkeretbe r\u00f6gz\u00edtettem, hogy igaz\u00e1n l\u00e1tv\u00e1nyos faldekor\u00e1ci\u00f3 v\u00e1ljon bel\u0151le, ebben a halak \u00e9s a polip horgol\u00e1ssal k\u00e9sz\u00fcltek. \n\nEz a makram\u00e9 akv\u00e1rium garant\u00e1ltan egyedi d\u00edsze lesz az otthonodnak \u2013 ilyen biztosan nincs m\u00e1snak!  \n\n Sz\u00e1ll\u00edt\u00e1s:  \nA term\u00e9k t\u00f6r\u00e9keny \u00e9s r\u00e9szletgazdag, ez\u00e9rt csak budapesti szem\u00e9lyes \u00e1tv\u00e9tellel rendelhet\u0151, \u00edgy tudom garant\u00e1lni, hogy \u00e9ps\u00e9gben meg\u00e9rkezik hozz\u00e1d.\n\nHa saj\u00e1t \u00f6tleted van, vagy m\u00e1s sz\u00ednvil\u00e1gban szeretn\u00e9d, sz\u00edvesen elk\u00e9sz\u00edtem egyedi elk\u00e9pzel\u00e9s alapj\u00e1n is!\n\nK\u00f6sz\u00f6n\u00f6m, hogy ben\u00e9zt\u00e9l \u00e9s elolvastad  \u2013 rem\u00e9lem, ez a kis tengerhangulat n\u00e1lad is otthonra tal\u00e1l!\u2728","score":0,"formatted_price":"149 000 Ft","image_url":"https:\/\/www.meska.hu\/img\/product\/small\/m\/a\/makramevarazs_product_555489_240721191904_395121.jpeg","formatted_url":"https:\/\/www.meska.hu\/p5333813-makrame-tengeri-akvarium","favourite":false,"in_stock":false,"avatar":"555489_avatar_1675330320.jpeg","delete_from":0,"is_enhanced_background":false,"is_enhanced":false,"product_selection_started":false,"is_active":true,"image_webp_url":"https:\/\/www.meska.hu\/img\/product\/small\/m\/a\/makramevarazs_product_555489_240721191904_395121.webp"},{"id":"6135977","shop_id":"28102","user_id":"344988","shop_name":"Wicky852","shop_zip":"5136","product_code":"5744451","product_name_old":null,"product_name":"Ballag\u00e1si aj\u00e1nd\u00e9k tabl\u00f3 - \u00f3vodai f\u00e9nyk\u00e9p keret","category_string":"Otthon & \u00c9letm\u00f3d, Dekor\u00e1ci\u00f3, K\u00e9p & Falik\u00e9p, T\u00f6bb r\u00e9szes k\u00e9p","technic_string":"Grav\u00edroz\u00e1s, pirogr\u00e1fia","category_1":"813","category_2":"314","category_3":"417","category_4":"1429","merged_category_1":null,"merged_category_2":null,"merged_category_3":null,"technic_1":"796","technic_2":"0","technic_3":"0","color_1":"519","color_2":"0","color_3":"0","product_description_old":null,"product_description":"Maci csoport sz\u00e1m\u00e1ra k\u00e9sz\u00fclt eml\u00e9k tabl\u00f3, amit az \u00f3v\u00f3n\u0151nek adhatnak, melybe a ballag\u00f3 ovisok f\u00e9nyk\u00e9pei ker\u00fclhetnek.\n\nMivel minden csoport m\u00e1s l\u00e9tsz\u00e1m\u00fa, ez\u00e9rt rendel\u00e9s el\u0151tt \u00e9rdekl\u0151dj, hogy a k\u00edv\u00e1nt sz\u00edvek sz\u00e1m\u00e1val elk\u00e9sz\u00edthet\u0151-e a tabl\u00f3. Ezt l\u00e1tv\u00e1nyterv form\u00e1j\u00e1ban meg tudom mutatni kivitelez\u00e9s el\u0151tt.\nA sz\u00edvek sz\u00e1m\u00e1t\u00f3l f\u00fcgg\u0151en v\u00e1ltozhat azok elrendez\u00e9se \u00e9s m\u00e9rete.\n\nA term\u00e9k mell\u00e9 j\u00e1r a sz\u00edv alak\u00fa sablon, amivel egyszer\u0171en kiv\u00e1ghat\u00f3 \u00e9s beragaszthat\u00f3 a f\u00e9nyk\u00e9p.\n\nIg\u00e9ny eset\u00e9n sz\u00edv helyett k\u00f6r alakkal is k\u00e9rhet\u0151.\n\nA csoportok folyamatosan b\u0151v\u00fclnek a boltomban.\nV\u00e1rhat\u00f3 csoportok:\nPillang\u00f3, S\u00fcni, Sziv\u00e1rv\u00e1ny, Katica, T\u00fcnd\u00e9r, Cica, Margar\u00e9ta, Napraforg\u00f3.\nEgyedi csoportokkal is kivitelezhet\u0151, ehhez el\u0151zetes egyeztet\u00e9s sz\u00fcks\u00e9ges.\n\nMaci m\u00e9rete:\n38*40 cm\nSz\u00edvek m\u00e9rete:\n6*6 cm.\n\nB\u00e1rmilyen v\u00e1ltoztat\u00e1s el\u0151tt egyeztess\u00fcnk! :)","price":"19900.00","unit":"db","recommended":"0","status":"1","sponsored":"0","exp_notify":"0","own_material":"0","own_material_description_old":null,"own_material_description":"","jury":"0","jury_number":"","product_nature":"","meskaracsony":"0","create_date":"2026-03-09 11:18:30","shelve_id":"60388","image":"wicky852_product_344988_260304100021_20193.jpeg","image_width":"480","image_height":"383","image_alt":"Ballag\u00e1si aj\u00e1nd\u00e9k tabl\u00f3 - \u00f3vodai f\u00e9nyk\u00e9p keret, Maci csoport sz\u00e1m\u00e1ra k\u00e9sz\u00fclt eml\u00e9k tabl\u00f3, amit az \u00f3v\u00f3n\u0151nek adhatnak, melybe a ballag\u00f3 ovisok f\u00e9nyk\u00e9p..., Meska","image_title":"Ballag\u00e1si aj\u00e1nd\u00e9k tabl\u00f3 - \u00f3vodai f\u00e9nyk\u00e9p keret, Meska","view_count":"536","favourite_count":"0","trending_score":"0","last2MonthFavouriteCount":"0","promotion":"0","giftcard_accept":"1","creditcard_accept":false,"enhanced_background":"0","domain":"meska","specific_customer_id":null,"specific_customer_name":null,"to_order_product":"1","to_order_product_time":"7","product_different":null,"product_different_description":"","vintage":"0","vintage_category_id":"0","recycled":"0","gemstone_id":"0","customizable":"0","type_category":"physical","zerowaste":"0","postage_price":"2390.00","shop_order":"0","has_category":"1","landing_pages":null,"microdata":{"number":35,"category":""},"title":"Ballag\u00e1si aj\u00e1nd\u00e9k tabl\u00f3 - \u00f3vodai f\u00e9nyk\u00e9p keret","description":"Maci csoport sz\u00e1m\u00e1ra k\u00e9sz\u00fclt eml\u00e9k tabl\u00f3, amit az \u00f3v\u00f3n\u0151nek adhatnak, melybe a ballag\u00f3 ovisok f\u00e9nyk\u00e9pei ker\u00fclhetnek.\n\nMivel minden csoport m\u00e1s l\u00e9tsz\u00e1m\u00fa, ez\u00e9rt rendel\u00e9s el\u0151tt \u00e9rdekl\u0151dj, hogy a k\u00edv\u00e1nt sz\u00edvek sz\u00e1m\u00e1val elk\u00e9sz\u00edthet\u0151-e a tabl\u00f3. Ezt l\u00e1tv\u00e1nyterv form\u00e1j\u00e1ban meg tudom mutatni kivitelez\u00e9s el\u0151tt.\nA sz\u00edvek sz\u00e1m\u00e1t\u00f3l f\u00fcgg\u0151en v\u00e1ltozhat azok elrendez\u00e9se \u00e9s m\u00e9rete.\n\nA term\u00e9k mell\u00e9 j\u00e1r a sz\u00edv alak\u00fa sablon, amivel egyszer\u0171en kiv\u00e1ghat\u00f3 \u00e9s beragaszthat\u00f3 a f\u00e9nyk\u00e9p.\n\nIg\u00e9ny eset\u00e9n sz\u00edv helyett k\u00f6r alakkal is k\u00e9rhet\u0151.\n\nA csoportok folyamatosan b\u0151v\u00fclnek a boltomban.\nV\u00e1rhat\u00f3 csoportok:\nPillang\u00f3, S\u00fcni, Sziv\u00e1rv\u00e1ny, Katica, T\u00fcnd\u00e9r, Cica, Margar\u00e9ta, Napraforg\u00f3.\nEgyedi csoportokkal is kivitelezhet\u0151, ehhez el\u0151zetes egyeztet\u00e9s sz\u00fcks\u00e9ges.\n\nMaci m\u00e9rete:\n38*40 cm\nSz\u00edvek m\u00e9rete:\n6*6 cm.\n\nB\u00e1rmilyen v\u00e1ltoztat\u00e1s el\u0151tt egyeztess\u00fcnk! :)","score":0,"formatted_price":"19 900 Ft","image_url":"https:\/\/www.meska.hu\/img\/product\/small\/w\/i\/wicky852_product_344988_260304100021_20193.jpeg","formatted_url":"https:\/\/www.meska.hu\/p5744451-ballagasi-ajandek-tablo-ovodai-fenykep-keret","favourite":false,"in_stock":false,"avatar":"Wicky852_avatar_344988_1661759938.jpg","delete_from":0,"is_enhanced_background":false,"is_enhanced":false,"product_selection_started":false,"is_active":true,"image_webp_url":"https:\/\/www.meska.hu\/img\/product\/small\/w\/i\/wicky852_product_344988_260304100021_20193.webp"},{"id":"5946586","shop_id":"33226","user_id":"427527","shop_name":"Gikkamuhelye","shop_zip":"2030","product_code":"5638554","product_name_old":null,"product_name":"Scrabble bet\u0171k f\u00e1b\u00f3l (7X7 cm) kar\u00e1csonyi aj\u00e1nd\u00e9knak is","category_string":"Otthon & \u00c9letm\u00f3d, Dekor\u00e1ci\u00f3, K\u00e9p & Falik\u00e9p, T\u00f6bb r\u00e9szes k\u00e9p","technic_string":"Famegmunk\u00e1l\u00e1s","category_1":"813","category_2":"314","category_3":"417","category_4":"1429","merged_category_1":null,"merged_category_2":null,"merged_category_3":null,"technic_1":"478","technic_2":"0","technic_3":"0","color_1":"520","color_2":"523","color_3":"0","product_description_old":null,"product_description":"7X7 cm-es scrabble bet\u0171k grav\u00edrozva vagy sz\u00ednes bet\u0171kkel.\n\nMindenki ismeri a n\u00e9pszer\u0171 sz\u00f3kirak\u00f3s j\u00e1t\u00e9kot, b\u00e1r nem mindenki szeret vele j\u00e1tszani. De lehet, hogy a Scrabble fali dekor\u00e1ci\u00f3 m\u00e9g az \u0150 sz\u00edv\u00fcket is rabul ejti!\n\n\u2022\tCsal\u00e1dtagjaid, h\u00e1zi\u00e1llataid vagy bar\u00e1taid nev\u00e9ben keress kapcsol\u00f3d\u00e1si pontokat! Rajzold meg el\u0151sz\u00f6r pap\u00edron az elk\u00e9pzel\u00e9sedet, azt\u00e1n val\u00f3s\u00edtsd meg a falon is!\n\u2022\tRakj ki egy kedves \u00fczenetet, \u00fcdv\u00f6zl\u0151 sz\u00f6veget az el\u0151szob\u00e1d fal\u00e1ra vagy a bej\u00e1rati ajt\u00f3 f\u00f6l\u00e9!\n\u2022\t\u00cdrd ki a gyerekek nev\u00e9t a szob\u00e1juk ajtaj\u00e1ra, fal\u00e1ra!\n\u2022\tD\u00edsz\u00edtsd a h\u00e1l\u00f3szoba vagy az \u00e9tkez\u0151 fal\u00e1t k\u00fcl\u00f6nb\u00f6z\u0151 feliratokkal! K\u00e9pkeretekkel, fali\u00f3r\u00e1val vagy m\u00e1s dekor\u00e1ci\u00f3s elemekkel tov\u00e1bb hangs\u00falyozhatod a l\u00e1tv\u00e1nyt.\n\u2022\tDobd fel az unalmas l\u00e9pcs\u0151felj\u00e1r\u00f3t egy klassz fali keresztrejtv\u00e9nnyel!\n\nA DUPLA BET\u0170K KIRAK\u00c1S\u00c1HOZ 2 DB BET\u0170 SZ\u00dcKS\u00c9GES ! ( Pl: \"SZ\" az \"S\" \u00e9s \"Z\" bet\u0171b\u0151l tev\u0151dik \u00f6ssze)\n\nAZ \u00c1R EGY DARABRA VONATKOZIK! A k\u00e9rt szavakat vessz\u0151vel elv\u00e1lasztva megjegyz\u00e9sben vagy \u00fczenetben k\u00e9rem megadni.\n\nAj\u00e1nd\u00e9kba adn\u00e1d? Rendelj hozz\u00e1 dobozt is, melyet a term\u00e9keim k\u00f6zt megtal\u00e1lsz.\nNem szeretn\u00e9l a tervez\u00e9ssel bajl\u00f3dni? A term\u00e9keim k\u00f6zt meg tudod rendelni a tervez\u00e9st.\n\nhttps:\/\/www.meska.hu\/p5638623-scrabble-felirattervezo-es-doboz-betukhoz","price":"500.00","unit":"db","recommended":"0","status":"1","sponsored":"0","exp_notify":"0","own_material":"0","own_material_description_old":null,"own_material_description":"","jury":"0","jury_number":"","product_nature":"","meskaracsony":"0","create_date":"2026-03-08 21:17:52","shelve_id":"0","image":"gikkamuhelye_product_427527_251005173919_155330.jpeg","image_width":"480","image_height":"480","image_alt":"Scrabble bet\u0171k f\u00e1b\u00f3l (7X7 cm) kar\u00e1csonyi aj\u00e1nd\u00e9knak is, 7X7 cm-es scrabble bet\u0171k grav\u00edrozva vagy sz\u00ednes bet\u0171kkel.\\n\\nMindenki ismeri a n\u00e9pszer\u0171 sz\u00f3kirak\u00f3s j\u00e1t..., Meska","image_title":"Scrabble bet\u0171k f\u00e1b\u00f3l (7X7 cm) kar\u00e1csonyi aj\u00e1nd\u00e9knak is, Meska","view_count":"214","favourite_count":"0","trending_score":"0","last2MonthFavouriteCount":"0","promotion":"0","giftcard_accept":"0","creditcard_accept":true,"enhanced_background":"0","domain":"meska","specific_customer_id":null,"specific_customer_name":null,"to_order_product":"1","to_order_product_time":"10","product_different":null,"product_different_description":"","vintage":"0","vintage_category_id":"0","recycled":"0","gemstone_id":"0","customizable":"1","type_category":"physical","zerowaste":"0","postage_price":"1290.00","shop_order":"0","has_category":"1","landing_pages":null,"microdata":{"number":36,"category":""},"title":"Scrabble bet\u0171k f\u00e1b\u00f3l (7X7 cm) kar\u00e1csonyi aj\u00e1nd\u00e9knak is","description":"7X7 cm-es scrabble bet\u0171k grav\u00edrozva vagy sz\u00ednes bet\u0171kkel.\n\nMindenki ismeri a n\u00e9pszer\u0171 sz\u00f3kirak\u00f3s j\u00e1t\u00e9kot, b\u00e1r nem mindenki szeret vele j\u00e1tszani. De lehet, hogy a Scrabble fali dekor\u00e1ci\u00f3 m\u00e9g az \u0150 sz\u00edv\u00fcket is rabul ejti!\n\n\u2022\tCsal\u00e1dtagjaid, h\u00e1zi\u00e1llataid vagy bar\u00e1taid nev\u00e9ben keress kapcsol\u00f3d\u00e1si pontokat! Rajzold meg el\u0151sz\u00f6r pap\u00edron az elk\u00e9pzel\u00e9sedet, azt\u00e1n val\u00f3s\u00edtsd meg a falon is!\n\u2022\tRakj ki egy kedves \u00fczenetet, \u00fcdv\u00f6zl\u0151 sz\u00f6veget az el\u0151szob\u00e1d fal\u00e1ra vagy a bej\u00e1rati ajt\u00f3 f\u00f6l\u00e9!\n\u2022\t\u00cdrd ki a gyerekek nev\u00e9t a szob\u00e1juk ajtaj\u00e1ra, fal\u00e1ra!\n\u2022\tD\u00edsz\u00edtsd a h\u00e1l\u00f3szoba vagy az \u00e9tkez\u0151 fal\u00e1t k\u00fcl\u00f6nb\u00f6z\u0151 feliratokkal! K\u00e9pkeretekkel, fali\u00f3r\u00e1val vagy m\u00e1s dekor\u00e1ci\u00f3s elemekkel tov\u00e1bb hangs\u00falyozhatod a l\u00e1tv\u00e1nyt.\n\u2022\tDobd fel az unalmas l\u00e9pcs\u0151felj\u00e1r\u00f3t egy klassz fali keresztrejtv\u00e9nnyel!\n\nA DUPLA BET\u0170K KIRAK\u00c1S\u00c1HOZ 2 DB BET\u0170 SZ\u00dcKS\u00c9GES ! ( Pl: \"SZ\" az \"S\" \u00e9s \"Z\" bet\u0171b\u0151l tev\u0151dik \u00f6ssze)\n\nAZ \u00c1R EGY DARABRA VONATKOZIK! A k\u00e9rt szavakat vessz\u0151vel elv\u00e1lasztva megjegyz\u00e9sben vagy \u00fczenetben k\u00e9rem megadni.\n\nAj\u00e1nd\u00e9kba adn\u00e1d? Rendelj hozz\u00e1 dobozt is, melyet a term\u00e9keim k\u00f6zt megtal\u00e1lsz.\nNem szeretn\u00e9l a tervez\u00e9ssel bajl\u00f3dni? A term\u00e9keim k\u00f6zt meg tudod rendelni a tervez\u00e9st.\n\nhttps:\/\/www.meska.hu\/p5638623-scrabble-felirattervezo-es-doboz-betukhoz","score":0,"formatted_price":"500 Ft","image_url":"https:\/\/www.meska.hu\/img\/product\/small\/g\/i\/gikkamuhelye_product_427527_251005173919_155330.jpeg","formatted_url":"https:\/\/www.meska.hu\/p5638554-scrabble-betuk-fabol-7x7-cm-karacsonyi-ajandeknak-is","favourite":false,"in_stock":false,"avatar":"427527_avatar_1743862232.jpeg","delete_from":0,"is_enhanced_background":false,"is_enhanced":false,"product_selection_started":false,"is_active":true,"image_webp_url":"https:\/\/www.meska.hu\/img\/product\/small\/g\/i\/gikkamuhelye_product_427527_251005173919_155330.webp"},{"id":"4831184","shop_id":"24043","user_id":"272819","shop_name":"RRstudio","shop_zip":"1185","product_code":"4976017","product_name_old":null,"product_name":"Kiwi, tr\u00f3pusi mad\u00e1r, citrus, p\u00e1lma, narancs,  falik\u00e9p, PRINT (keret n\u00e9lk\u00fcl)","category_string":"Otthon & \u00c9letm\u00f3d, Dekor\u00e1ci\u00f3, K\u00e9p & Falik\u00e9p, T\u00f6bb r\u00e9szes k\u00e9p","technic_string":"Fot\u00f3, grafika, rajz, illusztr\u00e1ci\u00f3","category_1":"813","category_2":"314","category_3":"417","category_4":"1429","merged_category_1":null,"merged_category_2":null,"merged_category_3":null,"technic_1":"483","technic_2":"0","technic_3":"0","color_1":"514","color_2":"519","color_3":"529","product_description_old":null,"product_description":"A4 Min\u0151s\u00e9gi Pap\u00edr Print Nyomtat\u00e1s \n* KERET N\u00c9LK\u00dcL *\n\n* KIVITELEZ\u00c9S & ELK\u00c9SZ\u00cdT\u00c9S:\nFelszerelt st\u00fadi\u00f3nkban a mi fel\u00fcgyelet\u00fcnk alatt, saj\u00e1t eszk\u00f6zeinkkel nyomtatjuk, k\u00e9sz\u00edtj\u00fck \u00e9s csomagoljuk k\u00e9peinket.\n\n* M\u00c9RET: A4 (210 x 297 mm)\n\n* ANYAG:\n250g - os textur\u00e1lt nat\u00far vagy feh\u00e9r m\u0171v\u00e9szpap\u00edr\n\n\n* CSOMAGOL\u00c1S:\nKartonnal merev\u00edtve, bubor\u00e9kf\u00f3li\u00e1val vagy hengerben\n\n* FIZET\u00c9S:\nCsakis el\u0151re banki utal\u00e1ssal!\nA v\u00e1s\u00e1rl\u00e1s ut\u00e1n k\u00fcldj\u00fck a t\u00e1j\u00e9koztat\u00f3 emailt a sz\u00fcks\u00e9ges adatokkal\n\n\n* SAJ\u00c1T ELK\u00c9PZEL\u00c9SED VAN?\nEgyedi rendel\u00e9seket is sz\u00edvesen fogadunk.\n\u00cdrj nyugodtan!\n\nA v\u00edzjel leker\u00fcl a k\u00e9sz term\u00e9kr\u0151l, egy\u00e9b keretek, h\u00e1tterek, dekor\u00e1ci\u00f3k csak illusztrat\u00edv jelleget k\u00e9peznek.\n\nSZERZ\u0150I JOG:\n- Minden jog fenntartva\nFelh\u00edjuk figyelmedet, hogy a szerz\u0151i jog minden term\u00e9kre megmarad. ","price":"850.00","unit":"db","recommended":"0","status":"1","sponsored":"0","exp_notify":"0","own_material":"0","own_material_description_old":null,"own_material_description":"","jury":"0","jury_number":"","product_nature":"","meskaracsony":"0","create_date":"2026-03-08 18:27:10","shelve_id":"58074","image":"rrstudio_product_272819_230514141939_423146.jpeg","image_width":"480","image_height":"607","image_alt":"Kiwi, tr\u00f3pusi mad\u00e1r, citrus, p\u00e1lma, narancs,  falik\u00e9p, PRINT (keret n\u00e9lk\u00fcl), A4 Min\u0151s\u00e9gi Pap\u00edr Print Nyomtat\u00e1s \\n* KERET N\u00c9LK\u00dcL *\\n\\n* KIVITELEZ\u00c9S & ELK\u00c9SZ\u00cdT\u00c9S:\\nFelszerelt st\u00fadi\u00f3nk..., Meska","image_title":"Kiwi, tr\u00f3pusi mad\u00e1r, citrus, p\u00e1lma, narancs,  falik\u00e9p, PRINT (keret n\u00e9lk\u00fcl), Meska","view_count":"776","favourite_count":"0","trending_score":"0","last2MonthFavouriteCount":"0","promotion":"0","giftcard_accept":"1","creditcard_accept":false,"enhanced_background":"0","domain":"meska","specific_customer_id":null,"specific_customer_name":null,"to_order_product":"0","to_order_product_time":"0","product_different":null,"product_different_description":"","vintage":"0","vintage_category_id":"0","recycled":"0","gemstone_id":"0","customizable":"0","type_category":"physical","zerowaste":"0","postage_price":"1290.00","shop_order":"0","has_category":"1","landing_pages":null,"microdata":{"number":37,"category":""},"title":"Kiwi, tr\u00f3pusi mad\u00e1r, citrus, p\u00e1lma, narancs,  falik\u00e9p, PRINT (keret n\u00e9lk\u00fcl)","description":"A4 Min\u0151s\u00e9gi Pap\u00edr Print Nyomtat\u00e1s \n* KERET N\u00c9LK\u00dcL *\n\n* KIVITELEZ\u00c9S & ELK\u00c9SZ\u00cdT\u00c9S:\nFelszerelt st\u00fadi\u00f3nkban a mi fel\u00fcgyelet\u00fcnk alatt, saj\u00e1t eszk\u00f6zeinkkel nyomtatjuk, k\u00e9sz\u00edtj\u00fck \u00e9s csomagoljuk k\u00e9peinket.\n\n* M\u00c9RET: A4 (210 x 297 mm)\n\n* ANYAG:\n250g - os textur\u00e1lt nat\u00far vagy feh\u00e9r m\u0171v\u00e9szpap\u00edr\n\n\n* CSOMAGOL\u00c1S:\nKartonnal merev\u00edtve, bubor\u00e9kf\u00f3li\u00e1val vagy hengerben\n\n* FIZET\u00c9S:\nCsakis el\u0151re banki utal\u00e1ssal!\nA v\u00e1s\u00e1rl\u00e1s ut\u00e1n k\u00fcldj\u00fck a t\u00e1j\u00e9koztat\u00f3 emailt a sz\u00fcks\u00e9ges adatokkal\n\n\n* SAJ\u00c1T ELK\u00c9PZEL\u00c9SED VAN?\nEgyedi rendel\u00e9seket is sz\u00edvesen fogadunk.\n\u00cdrj nyugodtan!\n\nA v\u00edzjel leker\u00fcl a k\u00e9sz term\u00e9kr\u0151l, egy\u00e9b keretek, h\u00e1tterek, dekor\u00e1ci\u00f3k csak illusztrat\u00edv jelleget k\u00e9peznek.\n\nSZERZ\u0150I JOG:\n- Minden jog fenntartva\nFelh\u00edjuk figyelmedet, hogy a szerz\u0151i jog minden term\u00e9kre megmarad. ","score":0,"formatted_price":"850 Ft","image_url":"https:\/\/www.meska.hu\/img\/product\/small\/r\/r\/rrstudio_product_272819_230514141939_423146.jpeg","formatted_url":"https:\/\/www.meska.hu\/p4976017-kiwi-tropusi-madar-citrus-palma-narancs-falikep-print-keret-nelkul","favourite":false,"in_stock":true,"avatar":"RRstudio_avatar_272819_1590081778.jpg","delete_from":0,"is_enhanced_background":false,"is_enhanced":false,"product_selection_started":false,"is_active":true,"image_webp_url":"https:\/\/www.meska.hu\/img\/product\/small\/r\/r\/rrstudio_product_272819_230514141939_423146.webp"},{"id":"3447698","shop_id":"24043","user_id":"272819","shop_name":"RRstudio","shop_zip":"1185","product_code":"3981802","product_name_old":null,"product_name":"Nautical Falik\u00e9p, otthoni dekor\u00e1ci\u00f3, ny\u00e1ri, tenger, kagyl\u00f3, k\u00e9p, tenger\u00e9sz, r\u00e1k, haj\u00f3 tngeri \u00e1llat","category_string":"Otthon & \u00c9letm\u00f3d, T\u00f6bb r\u00e9szes k\u00e9p, Dekor\u00e1ci\u00f3, K\u00e9p & Falik\u00e9p","technic_string":"Fot\u00f3, grafika, rajz, illusztr\u00e1ci\u00f3","category_1":"813","category_2":"1429","category_3":"314","category_4":"417","merged_category_1":null,"merged_category_2":null,"merged_category_3":null,"technic_1":"483","technic_2":"0","technic_3":"0","color_1":"519","color_2":"521","color_3":"0","product_description_old":null,"product_description":"A4 Min\u0151s\u00e9gi Pap\u00edr Print Nyomtat\u00e1s \n6db-os Szett\n\n* KERET N\u00c9LK\u00dcL *\n\n\n* KIVITELEZ\u00c9S & ELK\u00c9SZ\u00cdT\u00c9S:\nFelszerelt st\u00fadi\u00f3nkban a mi fel\u00fcgyelet\u00fcnk alatt, saj\u00e1t eszk\u00f6zeinkkel nyomtatjuk, k\u00e9sz\u00edtj\u00fck \u00e9s csomagoljuk k\u00e9peinket.\n\n* M\u00c9RET: A4 (210 x 297 mm)\n\nM\u00c1S M\u00c9RETET SZERETN\u00c9L?\nA2-es \u00e9s A3-as m\u00e9reteket megtal\u00e1lod a boltban!\nVagy \u00edrj \u00fczenetet, az \u00e1r m\u00e9rett\u0151l f\u00fcgg\u0151en v\u00e1ltozik.\n\n* ANYAG:\n250g - os textur\u00e1lt nat\u00far vagy feh\u00e9r m\u0171v\u00e9szpap\u00edr\n\n* SZ\u00d6VEG:\nV\u00e1s\u00e1rl\u00e1skor k\u00e9rlek hagyj \u00fczenetet a k\u00e9rt v\u00e1ltoztat\u00e1ssal, n\u00e9vvel, sz\u00f6veggel!\n\n* CSOMAGOL\u00c1S:\nKartonnal merev\u00edtve, bubor\u00e9kf\u00f3li\u00e1val vagy hengerben\n\n* FIZET\u00c9S:\nCsakis el\u0151re banki utal\u00e1ssal!\nA v\u00e1s\u00e1rl\u00e1s ut\u00e1n k\u00fcldj\u00fck a t\u00e1j\u00e9koztat\u00f3 emailt a sz\u00fcks\u00e9ges adatokkal\n\n* \u00c1TFUT\u00c1SI ID\u0150:\nkb.: 3 munkanap\n\n* SAJ\u00c1T ELK\u00c9PZEL\u00c9SED VAN?\nEgyedi rendel\u00e9seket is sz\u00edvesen fogadunk.\n\u00cdrj nyugodtan!\n\nA v\u00edzjel leker\u00fcl a k\u00e9sz term\u00e9kr\u0151l, egy\u00e9b keretek, h\u00e1tterek, dekor\u00e1ci\u00f3k csak illusztrat\u00edv jelleget k\u00e9peznek.\n\nSZERZ\u0150I JOG:\n- Minden jog fenntartva\nFelh\u00edjuk figyelmedet, hogy a szerz\u0151i jog minden term\u00e9kre megmarad. ","price":"4900.00","unit":"db","recommended":"0","status":"1","sponsored":"0","exp_notify":"0","own_material":"0","own_material_description_old":null,"own_material_description":"","jury":"0","jury_number":"","product_nature":"","meskaracsony":"0","create_date":"2026-03-08 18:26:00","shelve_id":"58074","image":"rrstudio_product_272819_190109235124_301714.jpeg","image_width":"480","image_height":"437","image_alt":"Nautical Falik\u00e9p, otthoni dekor\u00e1ci\u00f3, ny\u00e1ri, tenger, kagyl\u00f3, k\u00e9p, tenger\u00e9sz, r\u00e1k, haj\u00f3 tngeri \u00e1llat, A4 Min\u0151s\u00e9gi Pap\u00edr Print Nyomtat\u00e1s \\n6db-os Szett\\n\\n* KERET N\u00c9LK\u00dcL *\\n\\n\\n* KIVITELEZ\u00c9S & ELK\u00c9SZ\u00cdT\u00c9S:\\nFels..., Meska","image_title":"Nautical Falik\u00e9p, otthoni dekor\u00e1ci\u00f3, ny\u00e1ri, tenger, kagyl\u00f3, k\u00e9p, tenger\u00e9sz, r\u00e1k, haj\u00f3 tngeri \u00e1llat, Meska","view_count":"1850","favourite_count":"0","trending_score":"0","last2MonthFavouriteCount":"0","promotion":"0","giftcard_accept":"1","creditcard_accept":false,"enhanced_background":"0","domain":"meska","specific_customer_id":null,"specific_customer_name":null,"to_order_product":"0","to_order_product_time":"0","product_different":null,"product_different_description":"","vintage":"0","vintage_category_id":"0","recycled":"0","gemstone_id":"0","customizable":"0","type_category":"physical","zerowaste":"0","postage_price":"1290.00","shop_order":"0","has_category":"1","landing_pages":null,"microdata":{"number":38,"category":""},"title":"Nautical Falik\u00e9p, otthoni dekor\u00e1ci\u00f3, ny\u00e1ri, tenger, kagyl\u00f3, k\u00e9p, tenger\u00e9sz, r\u00e1k, haj\u00f3 tngeri \u00e1llat","description":"A4 Min\u0151s\u00e9gi Pap\u00edr Print Nyomtat\u00e1s \n6db-os Szett\n\n* KERET N\u00c9LK\u00dcL *\n\n\n* KIVITELEZ\u00c9S & ELK\u00c9SZ\u00cdT\u00c9S:\nFelszerelt st\u00fadi\u00f3nkban a mi fel\u00fcgyelet\u00fcnk alatt, saj\u00e1t eszk\u00f6zeinkkel nyomtatjuk, k\u00e9sz\u00edtj\u00fck \u00e9s csomagoljuk k\u00e9peinket.\n\n* M\u00c9RET: A4 (210 x 297 mm)\n\nM\u00c1S M\u00c9RETET SZERETN\u00c9L?\nA2-es \u00e9s A3-as m\u00e9reteket megtal\u00e1lod a boltban!\nVagy \u00edrj \u00fczenetet, az \u00e1r m\u00e9rett\u0151l f\u00fcgg\u0151en v\u00e1ltozik.\n\n* ANYAG:\n250g - os textur\u00e1lt nat\u00far vagy feh\u00e9r m\u0171v\u00e9szpap\u00edr\n\n* SZ\u00d6VEG:\nV\u00e1s\u00e1rl\u00e1skor k\u00e9rlek hagyj \u00fczenetet a k\u00e9rt v\u00e1ltoztat\u00e1ssal, n\u00e9vvel, sz\u00f6veggel!\n\n* CSOMAGOL\u00c1S:\nKartonnal merev\u00edtve, bubor\u00e9kf\u00f3li\u00e1val vagy hengerben\n\n* FIZET\u00c9S:\nCsakis el\u0151re banki utal\u00e1ssal!\nA v\u00e1s\u00e1rl\u00e1s ut\u00e1n k\u00fcldj\u00fck a t\u00e1j\u00e9koztat\u00f3 emailt a sz\u00fcks\u00e9ges adatokkal\n\n* \u00c1TFUT\u00c1SI ID\u0150:\nkb.: 3 munkanap\n\n* SAJ\u00c1T ELK\u00c9PZEL\u00c9SED VAN?\nEgyedi rendel\u00e9seket is sz\u00edvesen fogadunk.\n\u00cdrj nyugodtan!\n\nA v\u00edzjel leker\u00fcl a k\u00e9sz term\u00e9kr\u0151l, egy\u00e9b keretek, h\u00e1tterek, dekor\u00e1ci\u00f3k csak illusztrat\u00edv jelleget k\u00e9peznek.\n\nSZERZ\u0150I JOG:\n- Minden jog fenntartva\nFelh\u00edjuk figyelmedet, hogy a szerz\u0151i jog minden term\u00e9kre megmarad. ","score":0,"formatted_price":"4 900 Ft","image_url":"https:\/\/www.meska.hu\/img\/product\/small\/r\/r\/rrstudio_product_272819_190109235124_301714.jpeg","formatted_url":"https:\/\/www.meska.hu\/p3981802-nautical-falikep-otthoni-dekoracio-nyari-tenger-kagylo-kep-tengeresz-rak-hajo-tngeri-allat","favourite":false,"in_stock":true,"avatar":"RRstudio_avatar_272819_1590081778.jpg","delete_from":0,"is_enhanced_background":false,"is_enhanced":false,"product_selection_started":false,"is_active":true,"image_webp_url":"https:\/\/www.meska.hu\/img\/product\/small\/r\/r\/rrstudio_product_272819_190109235124_301714.webp"},{"id":"4831050","shop_id":"24043","user_id":"272819","shop_name":"RRstudio","shop_zip":"1185","product_code":"4975892","product_name_old":null,"product_name":"Tr\u00f3pusi mad\u00e1r print szett, tr\u00f3pus, p\u00e1lma, anan\u00e1sz, kolibri, papag\u00e1j (keret n\u00e9lk\u00fcl)","category_string":"Otthon & \u00c9letm\u00f3d, Dekor\u00e1ci\u00f3, K\u00e9p & Falik\u00e9p, T\u00f6bb r\u00e9szes k\u00e9p","technic_string":"Fot\u00f3, grafika, rajz, illusztr\u00e1ci\u00f3","category_1":"813","category_2":"314","category_3":"417","category_4":"1429","merged_category_1":null,"merged_category_2":null,"merged_category_3":null,"technic_1":"483","technic_2":"0","technic_3":"0","color_1":"514","color_2":"519","color_3":"529","product_description_old":null,"product_description":"A4 Min\u0151s\u00e9gi Pap\u00edr Print szett Nyomtat\u00e1s : 3db k\u00e9p\n* KERET N\u00c9LK\u00dcL *\n\nAz \u00e1r 3db printet tartalmaz.\n\n* KIVITELEZ\u00c9S & ELK\u00c9SZ\u00cdT\u00c9S:\nFelszerelt st\u00fadi\u00f3nkban a mi fel\u00fcgyelet\u00fcnk alatt, saj\u00e1t eszk\u00f6zeinkkel nyomtatjuk, k\u00e9sz\u00edtj\u00fck \u00e9s csomagoljuk k\u00e9peinket.\n\n* M\u00c9RET: A4 (210 x 297 mm)\n\n* ANYAG:\n250g - os textur\u00e1lt nat\u00far vagy feh\u00e9r m\u0171v\u00e9szpap\u00edr\n\n\n* CSOMAGOL\u00c1S:\nKartonnal merev\u00edtve, bubor\u00e9kf\u00f3li\u00e1val vagy hengerben\n\n* FIZET\u00c9S:\nCsakis el\u0151re banki utal\u00e1ssal!\nA v\u00e1s\u00e1rl\u00e1s ut\u00e1n k\u00fcldj\u00fck a t\u00e1j\u00e9koztat\u00f3 emailt a sz\u00fcks\u00e9ges adatokkal\n\n* \u00c1TFUT\u00c1SI ID\u0150:\nkb.: 3 munkanap\n\n* SAJ\u00c1T ELK\u00c9PZEL\u00c9SED VAN?\nEgyedi rendel\u00e9seket is sz\u00edvesen fogadunk.\n\u00cdrj nyugodtan!\n\nA v\u00edzjel leker\u00fcl a k\u00e9sz term\u00e9kr\u0151l, egy\u00e9b keretek, h\u00e1tterek, dekor\u00e1ci\u00f3k csak illusztrat\u00edv jelleget k\u00e9peznek.\n\nSZERZ\u0150I JOG:\n- Minden jog fenntartva\nFelh\u00edjuk figyelmedet, hogy a szerz\u0151i jog minden term\u00e9kre megmarad. ","price":"2500.00","unit":"db","recommended":"0","status":"1","sponsored":"0","exp_notify":"0","own_material":"0","own_material_description_old":null,"own_material_description":"","jury":"0","jury_number":"","product_nature":"","meskaracsony":"0","create_date":"2026-03-08 18:25:59","shelve_id":"58074","image":"rrstudio_product_272819_230514135549_057856.jpeg","image_width":"480","image_height":"288","image_alt":"Tr\u00f3pusi mad\u00e1r print szett, tr\u00f3pus, p\u00e1lma, anan\u00e1sz, kolibri, papag\u00e1j (keret n\u00e9lk\u00fcl), A4 Min\u0151s\u00e9gi Pap\u00edr Print szett Nyomtat\u00e1s : 3db k\u00e9p\\n* KERET N\u00c9LK\u00dcL *\\n\\nAz \u00e1r 3db printet tartalmaz.\\n\\n* ..., Meska","image_title":"Tr\u00f3pusi mad\u00e1r print szett, tr\u00f3pus, p\u00e1lma, anan\u00e1sz, kolibri, papag\u00e1j (keret n\u00e9lk\u00fcl), Meska","view_count":"974","favourite_count":"0","trending_score":"0","last2MonthFavouriteCount":"0","promotion":"0","giftcard_accept":"1","creditcard_accept":false,"enhanced_background":"0","domain":"meska","specific_customer_id":null,"specific_customer_name":null,"to_order_product":"0","to_order_product_time":"0","product_different":null,"product_different_description":"","vintage":"0","vintage_category_id":"0","recycled":"0","gemstone_id":"0","customizable":"0","type_category":"physical","zerowaste":"0","postage_price":"1290.00","shop_order":"0","has_category":"1","landing_pages":null,"microdata":{"number":39,"category":""},"title":"Tr\u00f3pusi mad\u00e1r print szett, tr\u00f3pus, p\u00e1lma, anan\u00e1sz, kolibri, papag\u00e1j (keret n\u00e9lk\u00fcl)","description":"A4 Min\u0151s\u00e9gi Pap\u00edr Print szett Nyomtat\u00e1s : 3db k\u00e9p\n* KERET N\u00c9LK\u00dcL *\n\nAz \u00e1r 3db printet tartalmaz.\n\n* KIVITELEZ\u00c9S & ELK\u00c9SZ\u00cdT\u00c9S:\nFelszerelt st\u00fadi\u00f3nkban a mi fel\u00fcgyelet\u00fcnk alatt, saj\u00e1t eszk\u00f6zeinkkel nyomtatjuk, k\u00e9sz\u00edtj\u00fck \u00e9s csomagoljuk k\u00e9peinket.\n\n* M\u00c9RET: A4 (210 x 297 mm)\n\n* ANYAG:\n250g - os textur\u00e1lt nat\u00far vagy feh\u00e9r m\u0171v\u00e9szpap\u00edr\n\n\n* CSOMAGOL\u00c1S:\nKartonnal merev\u00edtve, bubor\u00e9kf\u00f3li\u00e1val vagy hengerben\n\n* FIZET\u00c9S:\nCsakis el\u0151re banki utal\u00e1ssal!\nA v\u00e1s\u00e1rl\u00e1s ut\u00e1n k\u00fcldj\u00fck a t\u00e1j\u00e9koztat\u00f3 emailt a sz\u00fcks\u00e9ges adatokkal\n\n* \u00c1TFUT\u00c1SI ID\u0150:\nkb.: 3 munkanap\n\n* SAJ\u00c1T ELK\u00c9PZEL\u00c9SED VAN?\nEgyedi rendel\u00e9seket is sz\u00edvesen fogadunk.\n\u00cdrj nyugodtan!\n\nA v\u00edzjel leker\u00fcl a k\u00e9sz term\u00e9kr\u0151l, egy\u00e9b keretek, h\u00e1tterek, dekor\u00e1ci\u00f3k csak illusztrat\u00edv jelleget k\u00e9peznek.\n\nSZERZ\u0150I JOG:\n- Minden jog fenntartva\nFelh\u00edjuk figyelmedet, hogy a szerz\u0151i jog minden term\u00e9kre megmarad. ","score":0,"formatted_price":"2 500 Ft","image_url":"https:\/\/www.meska.hu\/img\/product\/small\/r\/r\/rrstudio_product_272819_230514135549_057856.jpeg","formatted_url":"https:\/\/www.meska.hu\/p4975892-tropusi-madar-print-szett-tropus-palma-ananasz-kolibri-papagaj-keret-nelkul","favourite":false,"in_stock":true,"avatar":"RRstudio_avatar_272819_1590081778.jpg","delete_from":0,"is_enhanced_background":false,"is_enhanced":false,"product_selection_started":false,"is_active":true,"image_webp_url":"https:\/\/www.meska.hu\/img\/product\/small\/r\/r\/rrstudio_product_272819_230514135549_057856.webp"},{"id":"4831171","shop_id":"24043","user_id":"272819","shop_name":"RRstudio","shop_zip":"1185","product_code":"4976005","product_name_old":null,"product_name":"Tuk\u00e1n, tr\u00f3pusi mad\u00e1r, citrus, p\u00e1lma, narancs,  falik\u00e9p, PRINT (keret n\u00e9lk\u00fcl)","category_string":"Otthon & \u00c9letm\u00f3d, Dekor\u00e1ci\u00f3, K\u00e9p & Falik\u00e9p, T\u00f6bb r\u00e9szes k\u00e9p","technic_string":"Fot\u00f3, grafika, rajz, illusztr\u00e1ci\u00f3","category_1":"813","category_2":"314","category_3":"417","category_4":"1429","merged_category_1":null,"merged_category_2":null,"merged_category_3":null,"technic_1":"483","technic_2":"0","technic_3":"0","color_1":"514","color_2":"519","color_3":"529","product_description_old":null,"product_description":"A4 Min\u0151s\u00e9gi Pap\u00edr Print Nyomtat\u00e1s \n* KERET N\u00c9LK\u00dcL *\n\n* KIVITELEZ\u00c9S & ELK\u00c9SZ\u00cdT\u00c9S:\nFelszerelt st\u00fadi\u00f3nkban a mi fel\u00fcgyelet\u00fcnk alatt, saj\u00e1t eszk\u00f6zeinkkel nyomtatjuk, k\u00e9sz\u00edtj\u00fck \u00e9s csomagoljuk k\u00e9peinket.\n\n* M\u00c9RET: A4 (210 x 297 mm)\n\n* ANYAG:\n250g - os textur\u00e1lt nat\u00far vagy feh\u00e9r m\u0171v\u00e9szpap\u00edr\n\n\n* CSOMAGOL\u00c1S:\nKartonnal merev\u00edtve, bubor\u00e9kf\u00f3li\u00e1val vagy hengerben\n\n* FIZET\u00c9S:\nCsakis el\u0151re banki utal\u00e1ssal!\nA v\u00e1s\u00e1rl\u00e1s ut\u00e1n k\u00fcldj\u00fck a t\u00e1j\u00e9koztat\u00f3 emailt a sz\u00fcks\u00e9ges adatokkal\n\n\n* SAJ\u00c1T ELK\u00c9PZEL\u00c9SED VAN?\nEgyedi rendel\u00e9seket is sz\u00edvesen fogadunk.\n\u00cdrj nyugodtan!\n\nA v\u00edzjel leker\u00fcl a k\u00e9sz term\u00e9kr\u0151l, egy\u00e9b keretek, h\u00e1tterek, dekor\u00e1ci\u00f3k csak illusztrat\u00edv jelleget k\u00e9peznek.\n\nSZERZ\u0150I JOG:\n- Minden jog fenntartva\nFelh\u00edjuk figyelmedet, hogy a szerz\u0151i jog minden term\u00e9kre megmarad. ","price":"2500.00","unit":"db","recommended":"0","status":"1","sponsored":"0","exp_notify":"0","own_material":"0","own_material_description_old":null,"own_material_description":"","jury":"0","jury_number":"","product_nature":"","meskaracsony":"0","create_date":"2026-03-08 18:25:44","shelve_id":"58074","image":"rrstudio_product_272819_230514141703_079381.jpeg","image_width":"480","image_height":"607","image_alt":"Tuk\u00e1n, tr\u00f3pusi mad\u00e1r, citrus, p\u00e1lma, narancs,  falik\u00e9p, PRINT (keret n\u00e9lk\u00fcl), A4 Min\u0151s\u00e9gi Pap\u00edr Print Nyomtat\u00e1s \\n* KERET N\u00c9LK\u00dcL *\\n\\n* KIVITELEZ\u00c9S & ELK\u00c9SZ\u00cdT\u00c9S:\\nFelszerelt st\u00fadi\u00f3nk..., Meska","image_title":"Tuk\u00e1n, tr\u00f3pusi mad\u00e1r, citrus, p\u00e1lma, narancs,  falik\u00e9p, PRINT (keret n\u00e9lk\u00fcl), Meska","view_count":"806","favourite_count":"0","trending_score":"0","last2MonthFavouriteCount":"0","promotion":"0","giftcard_accept":"1","creditcard_accept":false,"enhanced_background":"0","domain":"meska","specific_customer_id":null,"specific_customer_name":null,"to_order_product":"0","to_order_product_time":"0","product_different":null,"product_different_description":"","vintage":"0","vintage_category_id":"0","recycled":"0","gemstone_id":"0","customizable":"0","type_category":"physical","zerowaste":"0","postage_price":"1290.00","shop_order":"0","has_category":"1","landing_pages":null,"microdata":{"number":40,"category":""},"title":"Tuk\u00e1n, tr\u00f3pusi mad\u00e1r, citrus, p\u00e1lma, narancs,  falik\u00e9p, PRINT (keret n\u00e9lk\u00fcl)","description":"A4 Min\u0151s\u00e9gi Pap\u00edr Print Nyomtat\u00e1s \n* KERET N\u00c9LK\u00dcL *\n\n* KIVITELEZ\u00c9S & ELK\u00c9SZ\u00cdT\u00c9S:\nFelszerelt st\u00fadi\u00f3nkban a mi fel\u00fcgyelet\u00fcnk alatt, saj\u00e1t eszk\u00f6zeinkkel nyomtatjuk, k\u00e9sz\u00edtj\u00fck \u00e9s csomagoljuk k\u00e9peinket.\n\n* M\u00c9RET: A4 (210 x 297 mm)\n\n* ANYAG:\n250g - os textur\u00e1lt nat\u00far vagy feh\u00e9r m\u0171v\u00e9szpap\u00edr\n\n\n* CSOMAGOL\u00c1S:\nKartonnal merev\u00edtve, bubor\u00e9kf\u00f3li\u00e1val vagy hengerben\n\n* FIZET\u00c9S:\nCsakis el\u0151re banki utal\u00e1ssal!\nA v\u00e1s\u00e1rl\u00e1s ut\u00e1n k\u00fcldj\u00fck a t\u00e1j\u00e9koztat\u00f3 emailt a sz\u00fcks\u00e9ges adatokkal\n\n\n* SAJ\u00c1T ELK\u00c9PZEL\u00c9SED VAN?\nEgyedi rendel\u00e9seket is sz\u00edvesen fogadunk.\n\u00cdrj nyugodtan!\n\nA v\u00edzjel leker\u00fcl a k\u00e9sz term\u00e9kr\u0151l, egy\u00e9b keretek, h\u00e1tterek, dekor\u00e1ci\u00f3k csak illusztrat\u00edv jelleget k\u00e9peznek.\n\nSZERZ\u0150I JOG:\n- Minden jog fenntartva\nFelh\u00edjuk figyelmedet, hogy a szerz\u0151i jog minden term\u00e9kre megmarad. ","score":0,"formatted_price":"2 500 Ft","image_url":"https:\/\/www.meska.hu\/img\/product\/small\/r\/r\/rrstudio_product_272819_230514141703_079381.jpeg","formatted_url":"https:\/\/www.meska.hu\/p4976005-tukan-tropusi-madar-citrus-palma-narancs-falikep-print-keret-nelkul","favourite":false,"in_stock":true,"avatar":"RRstudio_avatar_272819_1590081778.jpg","delete_from":0,"is_enhanced_background":false,"is_enhanced":false,"product_selection_started":false,"is_active":true,"image_webp_url":"https:\/\/www.meska.hu\/img\/product\/small\/r\/r\/rrstudio_product_272819_230514141703_079381.webp"},{"id":"3330934","shop_id":"24043","user_id":"272819","shop_name":"RRstudio","shop_zip":"1185","product_code":"4719583","product_name_old":null,"product_name":"3 DB-os szett, Vintage Botanikai illusztr\u00e1ci\u00f3, otthoni dekor\u00e1ci\u00f3 falik\u00e9p, KERET N\u00c9LK\u00dcL","category_string":"Otthon & \u00c9letm\u00f3d, T\u00f6bb r\u00e9szes k\u00e9p, Dekor\u00e1ci\u00f3, K\u00e9p & Falik\u00e9p","technic_string":"Fot\u00f3, grafika, rajz, illusztr\u00e1ci\u00f3","category_1":"813","category_2":"1429","category_3":"314","category_4":"417","merged_category_1":null,"merged_category_2":null,"merged_category_3":null,"technic_1":"483","technic_2":"0","technic_3":"0","color_1":"514","color_2":"526","color_3":"529","product_description_old":null,"product_description":"A4 Pap\u00edr Print Nyomtat\u00e1s \n3DB-os SZETT \/ Az \u00e1r 3db pap\u00edr print nyomtat\u00e1sra vonatkozik\n\nBOTANIKAI ILLUSZTR\u00c1CI\u00d3:\nR\u00e9gi Lexikonb\u00f3l digitaliz\u00e1lva, grafik\u00e1k 1800-as \u00e9vek elej\u00e9re dat\u00e1l\u00f3dnak. A proced\u00fara jelleg\u00e9b\u0151l fakad\u00f3an k\u00e9rj\u00fck vedd figyelembe, hogy a feliratok nem mindenhol \u00e9lesek, olvashat\u00f3ak a printeken.\n\nA vintage hat\u00e1s\u00e9rt text\u00far\u00e1lt, kr\u00e9mes-t\u00f6rtfeh\u00e9r m\u0171v\u00e9szpap\u00edrra nyomtatunk.\n\n* KIVITELEZ\u00c9S & ELK\u00c9SZ\u00cdT\u00c9S:\nFelszerelt st\u00fadi\u00f3nkban a mi fel\u00fcgyelet\u00fcnk alatt \u00e9s \u00e1ltalunk, saj\u00e1t eszk\u00f6zeinkkel digitaliz\u00e1ljuk, nyomtatjuk, k\u00e9sz\u00edtj\u00fck \u00e9s csomagoljuk k\u00e9peinket.\n\n* KERET N\u00c9LK\u00dcL *\n\n* M\u00c9RET: A4 (210 x 297 mm)\n\nM\u00c1S M\u00c9RETET SZERETN\u00c9L?\nA2-es \u00e9s A3-as m\u00e9reteket megtal\u00e1lod a boltban!\nVagy \u00edrj \u00fczenetet, az \u00e1r m\u00e9rett\u0151l f\u00fcgg\u0151en v\u00e1ltozik.\n\n* ANYAG:\n250g - os textur\u00e1lt nat\u00far\/kr\u00e9m m\u0171v\u00e9szpap\u00edr\n\n* CSOMAGOL\u00c1S:\nKartonnal merev\u00edtve\n\n* FIZET\u00c9S:\nCsakis el\u0151re banki utal\u00e1ssal!\nA v\u00e1s\u00e1rl\u00e1s ut\u00e1n k\u00fcldj\u00fck a t\u00e1j\u00e9koztat\u00f3 emailt a sz\u00fcks\u00e9ges adatokkal\n\n* \u00c1TFUT\u00c1SI ID\u0150:\nkb.: 3 munkanap\n\n* SAJ\u00c1T ELK\u00c9PZEL\u00c9SED VAN?\nEgyedi rendel\u00e9seket is sz\u00edvesen fogadunk.\n\u00cdrj nyugodtan!\n\nA v\u00edzjel leker\u00fcl a k\u00e9sz term\u00e9kr\u0151l, egy\u00e9b keretek, h\u00e1tterek, dekor\u00e1ci\u00f3k csak illusztrat\u00edv jelleget k\u00e9peznek.\n\nSZERZ\u0150I JOG:\n- Minden jog fenntartva\nFelh\u00edjuk figyelmedet, hogy a szerz\u0151i jog minden term\u00e9kre megmarad. ","price":"2900.00","unit":"db","recommended":"0","status":"1","sponsored":"0","exp_notify":"0","own_material":"0","own_material_description_old":null,"own_material_description":"","jury":"0","jury_number":"","product_nature":"","meskaracsony":"0","create_date":"2026-03-07 23:14:22","shelve_id":"64476","image":"rrstudio_product_272819_210111150407_430650.jpeg","image_width":"480","image_height":"341","image_alt":"3 DB-os szett, Vintage Botanikai illusztr\u00e1ci\u00f3, otthoni dekor\u00e1ci\u00f3 falik\u00e9p, KERET N\u00c9LK\u00dcL, A4 Pap\u00edr Print Nyomtat\u00e1s \\n3DB-os SZETT \/ Az \u00e1r 3db pap\u00edr print nyomtat\u00e1sra vonatkozik\\n\\nBOTANIKAI ILL..., Meska","image_title":"3 DB-os szett, Vintage Botanikai illusztr\u00e1ci\u00f3, otthoni dekor\u00e1ci\u00f3 falik\u00e9p, KERET N\u00c9LK\u00dcL, Meska","view_count":"2740","favourite_count":"0","trending_score":"0","last2MonthFavouriteCount":"0","promotion":"0","giftcard_accept":"1","creditcard_accept":false,"enhanced_background":"0","domain":"meska","specific_customer_id":null,"specific_customer_name":null,"to_order_product":"0","to_order_product_time":"0","product_different":null,"product_different_description":"","vintage":"0","vintage_category_id":"0","recycled":"0","gemstone_id":"0","customizable":"0","type_category":"physical","zerowaste":"0","postage_price":"1290.00","shop_order":"0","has_category":"1","landing_pages":null,"microdata":{"number":41,"category":""},"title":"3 DB-os szett, Vintage Botanikai illusztr\u00e1ci\u00f3, otthoni dekor\u00e1ci\u00f3 falik\u00e9p, KERET N\u00c9LK\u00dcL","description":"A4 Pap\u00edr Print Nyomtat\u00e1s \n3DB-os SZETT \/ Az \u00e1r 3db pap\u00edr print nyomtat\u00e1sra vonatkozik\n\nBOTANIKAI ILLUSZTR\u00c1CI\u00d3:\nR\u00e9gi Lexikonb\u00f3l digitaliz\u00e1lva, grafik\u00e1k 1800-as \u00e9vek elej\u00e9re dat\u00e1l\u00f3dnak. A proced\u00fara jelleg\u00e9b\u0151l fakad\u00f3an k\u00e9rj\u00fck vedd figyelembe, hogy a feliratok nem mindenhol \u00e9lesek, olvashat\u00f3ak a printeken.\n\nA vintage hat\u00e1s\u00e9rt text\u00far\u00e1lt, kr\u00e9mes-t\u00f6rtfeh\u00e9r m\u0171v\u00e9szpap\u00edrra nyomtatunk.\n\n* KIVITELEZ\u00c9S & ELK\u00c9SZ\u00cdT\u00c9S:\nFelszerelt st\u00fadi\u00f3nkban a mi fel\u00fcgyelet\u00fcnk alatt \u00e9s \u00e1ltalunk, saj\u00e1t eszk\u00f6zeinkkel digitaliz\u00e1ljuk, nyomtatjuk, k\u00e9sz\u00edtj\u00fck \u00e9s csomagoljuk k\u00e9peinket.\n\n* KERET N\u00c9LK\u00dcL *\n\n* M\u00c9RET: A4 (210 x 297 mm)\n\nM\u00c1S M\u00c9RETET SZERETN\u00c9L?\nA2-es \u00e9s A3-as m\u00e9reteket megtal\u00e1lod a boltban!\nVagy \u00edrj \u00fczenetet, az \u00e1r m\u00e9rett\u0151l f\u00fcgg\u0151en v\u00e1ltozik.\n\n* ANYAG:\n250g - os textur\u00e1lt nat\u00far\/kr\u00e9m m\u0171v\u00e9szpap\u00edr\n\n* CSOMAGOL\u00c1S:\nKartonnal merev\u00edtve\n\n* FIZET\u00c9S:\nCsakis el\u0151re banki utal\u00e1ssal!\nA v\u00e1s\u00e1rl\u00e1s ut\u00e1n k\u00fcldj\u00fck a t\u00e1j\u00e9koztat\u00f3 emailt a sz\u00fcks\u00e9ges adatokkal\n\n* \u00c1TFUT\u00c1SI ID\u0150:\nkb.: 3 munkanap\n\n* SAJ\u00c1T ELK\u00c9PZEL\u00c9SED VAN?\nEgyedi rendel\u00e9seket is sz\u00edvesen fogadunk.\n\u00cdrj nyugodtan!\n\nA v\u00edzjel leker\u00fcl a k\u00e9sz term\u00e9kr\u0151l, egy\u00e9b keretek, h\u00e1tterek, dekor\u00e1ci\u00f3k csak illusztrat\u00edv jelleget k\u00e9peznek.\n\nSZERZ\u0150I JOG:\n- Minden jog fenntartva\nFelh\u00edjuk figyelmedet, hogy a szerz\u0151i jog minden term\u00e9kre megmarad. ","score":0,"formatted_price":"2 900 Ft","image_url":"https:\/\/www.meska.hu\/img\/product\/small\/r\/r\/rrstudio_product_272819_210111150407_430650.jpeg","formatted_url":"https:\/\/www.meska.hu\/p4719583-3-db-os-szett-vintage-botanikai-illusztracio-otthoni-dekoracio-falikep-keret-nelkul","favourite":false,"in_stock":true,"avatar":"RRstudio_avatar_272819_1590081778.jpg","delete_from":0,"is_enhanced_background":false,"is_enhanced":false,"product_selection_started":false,"is_active":true,"image_webp_url":"https:\/\/www.meska.hu\/img\/product\/small\/r\/r\/rrstudio_product_272819_210111150407_430650.webp"},{"id":"6142881","shop_id":"51553","user_id":"767702","shop_name":"FourSeasonsDesigne","shop_zip":"9400","product_code":"5749848","product_name_old":null,"product_name":"Vintage balerina falik\u00e9p szett l\u00e1nyszob\u00e1ba \u2013 pasztell balett dekor\u00e1ci\u00f3, romantikus gyerekszoba falik\u00e9pek, balettcip\u0151","category_string":"Otthon & \u00c9letm\u00f3d, Dekor\u00e1ci\u00f3, K\u00e9p & Falik\u00e9p, T\u00f6bb r\u00e9szes k\u00e9p","technic_string":"Fot\u00f3, grafika, rajz, illusztr\u00e1ci\u00f3","category_1":"813","category_2":"314","category_3":"417","category_4":"1429","merged_category_1":null,"merged_category_2":null,"merged_category_3":null,"technic_1":"483","technic_2":"0","technic_3":"0","color_1":"515","color_2":"532","color_3":"525","product_description_old":null,"product_description":"B\u00e1jos, vintage hangulat\u00fa balerina falik\u00e9p szett finom pasztell sz\u00ednekkel \u00e9s romantikus r\u00e9szletekkel. T\u00f6k\u00e9letes dekor\u00e1ci\u00f3 kisl\u00e1nyok szob\u00e1j\u00e1ba, balettrajong\u00f3knak, vagy egy t\u00e1nc-st\u00fadi\u00f3 falainak dekor\u00e1l\u00e1s\u00e1ra is.\n\nA megadott \u00e1r 3 db A4 m\u00e9ret\u0171 keret n\u00e9lk\u00fcli szettre vonatkozik.\n\n\ud83d\udcd0 El\u00e9rhet\u0151 form\u00e1tumok\n\n\u2022 Nyomtatott A4 m\u00e9ret\n\u2022 Nyomtatott A3 m\u00e9ret\n\nA nyomatok pr\u00e9mium min\u0151s\u00e9g\u0171, 200gr-os feh\u00e9r m\u0171v\u00e9szpap\u00edrra k\u00e9sz\u00fclnek,\nszeg\u00e9ly n\u00e9lk\u00fcli (borderless) nyomtat\u00e1si technik\u00e1val a teljes k\u00e9pmez\u0151 \u00e9rv\u00e9nyes\u00fclhet.\n\n\ud83c\udf81Ez a b\u00e1jos falik\u00e9p-szett t\u00f6k\u00e9letes v\u00e1laszt\u00e1s kisl\u00e1nyok szob\u00e1j\u00e1ba, babaszob\u00e1ba vagy balett ir\u00e1nt rajong\u00f3 kisgyermekeknek. Kedves aj\u00e1nd\u00e9k lehet sz\u00fclet\u00e9snapra, babal\u00e1togat\u00f3ba, keresztel\u0151re vagy ak\u00e1r egy balettkedvel\u0151 kisl\u00e1ny szob\u00e1j\u00e1nak k\u00fcl\u00f6nleges d\u00edszek\u00e9nt.\n\n\ud83e\udd0d Fontos inform\u00e1ci\u00f3k\n\n\u2022 A sz\u00ednek a k\u00e9perny\u0151 be\u00e1ll\u00edt\u00e1sait\u00f3l enyh\u00e9n elt\u00e9rhetnek.\n\nHa k\u00edv\u00e1ncsi vagy a tov\u00e1bbi munk\u00e1imra, n\u00e9zz k\u00f6r\u00fcl a boltomban\ud83e\udd0d\n\n\u00a9 Szerz\u0151i jog\n\nA term\u00e9khez tartoz\u00f3 illusztr\u00e1ci\u00f3k \u00e9s design elemek szerz\u0151i jogi v\u00e9delem alatt \u00e1llnak.\nA Ballerina Kollekci\u00f3 minden darabja a k\u00e9sz\u00edt\u0151 szellemi tulajdona.\n\nA megv\u00e1s\u00e1rolt nyomatok kiz\u00e1r\u00f3lag szem\u00e9lyes felhaszn\u00e1l\u00e1sra szolg\u00e1lnak.\nM\u00e1sol\u00e1suk, sokszoros\u00edt\u00e1suk, tov\u00e1bb\u00e9rt\u00e9kes\u00edt\u00e9s\u00fck vagy b\u00e1rmilyen kereskedelmi felhaszn\u00e1l\u00e1suk a k\u00e9sz\u00edt\u0151 \u00edr\u00e1sos enged\u00e9lye n\u00e9lk\u00fcl nem megengedett.","price":"5400.00","unit":"db","recommended":"0","status":"1","sponsored":"0","exp_notify":"0","own_material":"0","own_material_description_old":null,"own_material_description":"","jury":"0","jury_number":"","product_nature":"","meskaracsony":"0","create_date":"2026-03-07 03:31:27","shelve_id":"82850","image":"fourseasonsdesigne_product_767702_260307031818_704310.jpeg","image_width":"480","image_height":"391","image_alt":"Vintage balerina falik\u00e9p szett l\u00e1nyszob\u00e1ba \u2013 pasztell balett dekor\u00e1ci\u00f3, romantikus gyerekszoba falik\u00e9pek, balettcip\u0151, B\u00e1jos, vintage hangulat\u00fa balerina falik\u00e9p szett finom pasztell sz\u00ednekkel \u00e9s romantikus r\u00e9szletekkel...., Meska","image_title":"Vintage balerina falik\u00e9p szett l\u00e1nyszob\u00e1ba \u2013 pasztell balett dekor\u00e1ci\u00f3, romantikus gyerekszoba falik\u00e9pek, balettcip\u0151, Meska","view_count":"75","favourite_count":"0","trending_score":"0","last2MonthFavouriteCount":"0","promotion":"0","giftcard_accept":"0","creditcard_accept":true,"enhanced_background":"0","domain":"meska","specific_customer_id":null,"specific_customer_name":null,"to_order_product":"1","to_order_product_time":"2","product_different":null,"product_different_description":"","vintage":"1","vintage_category_id":"885","recycled":"0","gemstone_id":"0","customizable":"0","type_category":"physical","zerowaste":"0","postage_price":"1290.00","shop_order":"0","has_category":"1","landing_pages":null,"microdata":{"number":42,"category":""},"title":"Vintage balerina falik\u00e9p szett l\u00e1nyszob\u00e1ba \u2013 pasztell balett dekor\u00e1ci\u00f3, romantikus gyerekszoba falik\u00e9pek, balettcip\u0151","description":"B\u00e1jos, vintage hangulat\u00fa balerina falik\u00e9p szett finom pasztell sz\u00ednekkel \u00e9s romantikus r\u00e9szletekkel. T\u00f6k\u00e9letes dekor\u00e1ci\u00f3 kisl\u00e1nyok szob\u00e1j\u00e1ba, balettrajong\u00f3knak, vagy egy t\u00e1nc-st\u00fadi\u00f3 falainak dekor\u00e1l\u00e1s\u00e1ra is.\n\nA megadott \u00e1r 3 db A4 m\u00e9ret\u0171 keret n\u00e9lk\u00fcli szettre vonatkozik.\n\n\ud83d\udcd0 El\u00e9rhet\u0151 form\u00e1tumok\n\n\u2022 Nyomtatott A4 m\u00e9ret\n\u2022 Nyomtatott A3 m\u00e9ret\n\nA nyomatok pr\u00e9mium min\u0151s\u00e9g\u0171, 200gr-os feh\u00e9r m\u0171v\u00e9szpap\u00edrra k\u00e9sz\u00fclnek,\nszeg\u00e9ly n\u00e9lk\u00fcli (borderless) nyomtat\u00e1si technik\u00e1val a teljes k\u00e9pmez\u0151 \u00e9rv\u00e9nyes\u00fclhet.\n\n\ud83c\udf81Ez a b\u00e1jos falik\u00e9p-szett t\u00f6k\u00e9letes v\u00e1laszt\u00e1s kisl\u00e1nyok szob\u00e1j\u00e1ba, babaszob\u00e1ba vagy balett ir\u00e1nt rajong\u00f3 kisgyermekeknek. Kedves aj\u00e1nd\u00e9k lehet sz\u00fclet\u00e9snapra, babal\u00e1togat\u00f3ba, keresztel\u0151re vagy ak\u00e1r egy balettkedvel\u0151 kisl\u00e1ny szob\u00e1j\u00e1nak k\u00fcl\u00f6nleges d\u00edszek\u00e9nt.\n\n\ud83e\udd0d Fontos inform\u00e1ci\u00f3k\n\n\u2022 A sz\u00ednek a k\u00e9perny\u0151 be\u00e1ll\u00edt\u00e1sait\u00f3l enyh\u00e9n elt\u00e9rhetnek.\n\nHa k\u00edv\u00e1ncsi vagy a tov\u00e1bbi munk\u00e1imra, n\u00e9zz k\u00f6r\u00fcl a boltomban\ud83e\udd0d\n\n\u00a9 Szerz\u0151i jog\n\nA term\u00e9khez tartoz\u00f3 illusztr\u00e1ci\u00f3k \u00e9s design elemek szerz\u0151i jogi v\u00e9delem alatt \u00e1llnak.\nA Ballerina Kollekci\u00f3 minden darabja a k\u00e9sz\u00edt\u0151 szellemi tulajdona.\n\nA megv\u00e1s\u00e1rolt nyomatok kiz\u00e1r\u00f3lag szem\u00e9lyes felhaszn\u00e1l\u00e1sra szolg\u00e1lnak.\nM\u00e1sol\u00e1suk, sokszoros\u00edt\u00e1suk, tov\u00e1bb\u00e9rt\u00e9kes\u00edt\u00e9s\u00fck vagy b\u00e1rmilyen kereskedelmi felhaszn\u00e1l\u00e1suk a k\u00e9sz\u00edt\u0151 \u00edr\u00e1sos enged\u00e9lye n\u00e9lk\u00fcl nem megengedett.","score":0,"formatted_price":"5 400 Ft","image_url":"https:\/\/www.meska.hu\/img\/product\/small\/f\/o\/fourseasonsdesigne_product_767702_260307031818_704310.jpeg","formatted_url":"https:\/\/www.meska.hu\/p5749848-vintage-balerina-falikep-szett-lanyszobaba-pasztell-balett-dekoracio-romantikus-gyerekszoba-falikepek-balettcipo","favourite":false,"in_stock":false,"avatar":"767702_avatar_1768959868.jpeg","delete_from":0,"is_enhanced_background":false,"is_enhanced":false,"product_selection_started":false,"is_active":true,"image_webp_url":"https:\/\/www.meska.hu\/img\/product\/small\/f\/o\/fourseasonsdesigne_product_767702_260307031818_704310.webp"},{"id":"6142782","shop_id":"51553","user_id":"767702","shop_name":"FourSeasonsDesigne","shop_zip":"9400","product_code":"5749766","product_name_old":null,"product_name":"N\u00e9vresz\u00f3l\u00f3 \u0151zik\u00e9s kollekci\u00f3, cottagecore st\u00edlus\u00fa eleg\u00e1ns gyerekszoba falik\u00e9p szett","category_string":"Otthon & \u00c9letm\u00f3d, Dekor\u00e1ci\u00f3, K\u00e9p & Falik\u00e9p, T\u00f6bb r\u00e9szes k\u00e9p","technic_string":"Fot\u00f3, grafika, rajz, illusztr\u00e1ci\u00f3","category_1":"813","category_2":"314","category_3":"417","category_4":"1429","merged_category_1":null,"merged_category_2":null,"merged_category_3":null,"technic_1":"483","technic_2":"0","technic_3":"0","color_1":"515","color_2":"532","color_3":"525","product_description_old":null,"product_description":"Finom, blush pink, vintage, cottagecore st\u00edlus\u00fa falik\u00e9p szett, amely kedves kis \u0151zik\u00e9kkel \u00e9s szem\u00e9lyre szabhat\u00f3 n\u00e9vvel var\u00e1zsol meghitt, mesebeli hangulatot a gyerekszob\u00e1ba. T\u00f6k\u00e9letes v\u00e1laszt\u00e1s babaszob\u00e1ba vagy kisl\u00e1nyok szob\u00e1j\u00e1ba, ahol a l\u00e1gy sz\u00ednek \u00e9s a romantikus r\u00e9szletek igaz\u00e1n k\u00fcl\u00f6nleges atmoszf\u00e9r\u00e1t teremtenek.\n\nA megadott \u00e1r 3 db A4 m\u00e9ret\u0171 keret n\u00e9lk\u00fcli szettre vonatkozik.\n\n\u2728 Szem\u00e9lyre szabhat\u00f3 k\u00f6zponti monogramos\/neves print\n\nA kollekci\u00f3 k\u00f6zponti darabja egy n\u00e9vre \u00e9s kezd\u0151bet\u0171re szem\u00e9lyre szabhat\u00f3, eleg\u00e1ns tipogr\u00e1fi\u00e1val k\u00e9sz\u00fcl\u0151 monogramos k\u00e9p.\n\nRendel\u00e9skor k\u00e9rlek add meg:\n\u2013 a k\u00edv\u00e1nt kezd\u0151bet\u0171t\n\u2013 a nevet\n\n\ud83d\udcd0 El\u00e9rhet\u0151 form\u00e1tumok\n\n\u2022 Nyomtatott A4 m\u00e9ret\n\u2022 Nyomtatott A3 m\u00e9ret\n\nA nyomatok pr\u00e9mium min\u0151s\u00e9g\u0171, 200gr-os feh\u00e9r m\u0171v\u00e9szpap\u00edrra k\u00e9sz\u00fclnek,\nszeg\u00e9ly n\u00e9lk\u00fcli (borderless) nyomtat\u00e1si technik\u00e1val a teljes k\u00e9pmez\u0151 \u00e9rv\u00e9nyes\u00fclhet.\n\n\ud83c\udf81 Aj\u00e1nlott alkalmak\n\n\u2013 babaszoba kialak\u00edt\u00e1s\u00e1hoz\n\u2013 \u00fajsz\u00fcl\u00f6tt \u00e9rkez\u00e9s\u00e9re\n\u2013 ig\u00e9nyes babav\u00e1r\u00f3 aj\u00e1nd\u00e9kk\u00e9nt\n\u2013 keresztel\u0151re\n\n\ud83e\udd0d Fontos inform\u00e1ci\u00f3k\n\n\u2022 A sz\u00ednek a k\u00e9perny\u0151 be\u00e1ll\u00edt\u00e1sait\u00f3l enyh\u00e9n elt\u00e9rhetnek.\n\u2022 Az  Aranylap Mes\u00e9i Kollekci\u00f3 limit\u00e1lt design-sorozat.\n\n\ud83c\udf3f Kollekci\u00f3k a boltomban\n\nAz Aranylap Mes\u00e9i falik\u00e9pek egy egys\u00e9ges, mesek\u00f6nyv-ihlet\u00e9s\u0171 dekor\u00e1ci\u00f3s sorozat r\u00e9szei.\n\nA boltomban az Aranylap Mes\u00e9i Kollekci\u00f3 fi\u00fas v\u00e1ltozata is el\u00e9rhet\u0151, azonos st\u00edlusban \u00e9s hangulatban, \u00edgy testv\u00e9rszob\u00e1k vagy k\u00fcl\u00f6n gyerekszob\u00e1k berendez\u00e9sekor is k\u00f6nnyen \u00f6sszehangolhat\u00f3 dekor\u00e1ci\u00f3 v\u00e1laszthat\u00f3.\n\nSokan v\u00e1lasztj\u00e1k \u00fagy a k\u00e9peket, hogy a testv\u00e9rek szob\u00e1j\u00e1ban k\u00fcl\u00f6n mot\u00edvumok jelennek meg, m\u00e9gis megmarad az egys\u00e9ges, harmonikus hangulat.\n\nHa k\u00edv\u00e1ncsi vagy a tov\u00e1bbi darabokra, n\u00e9zz k\u00f6r\u00fcl a boltomban\ud83e\udd0d\n\n\u00a9 Szerz\u0151i jog\n\nA term\u00e9khez tartoz\u00f3 illusztr\u00e1ci\u00f3k \u00e9s design elemek szerz\u0151i jogi v\u00e9delem alatt \u00e1llnak.\nAz Aranylap Mes\u00e9i Kollekci\u00f3 minden darabja a k\u00e9sz\u00edt\u0151 szellemi tulajdona.\n\nA megv\u00e1s\u00e1rolt digit\u00e1lis f\u00e1jlok \u00e9s nyomatok kiz\u00e1r\u00f3lag szem\u00e9lyes felhaszn\u00e1l\u00e1sra szolg\u00e1lnak.\nM\u00e1sol\u00e1suk, sokszoros\u00edt\u00e1suk, tov\u00e1bb\u00e9rt\u00e9kes\u00edt\u00e9s\u00fck vagy b\u00e1rmilyen kereskedelmi felhaszn\u00e1l\u00e1suk a k\u00e9sz\u00edt\u0151 \u00edr\u00e1sos enged\u00e9lye n\u00e9lk\u00fcl nem megengedett.","price":"5400.00","unit":"db","recommended":"0","status":"1","sponsored":"0","exp_notify":"0","own_material":"0","own_material_description_old":null,"own_material_description":"","jury":"0","jury_number":"","product_nature":"","meskaracsony":"0","create_date":"2026-03-06 23:06:42","shelve_id":"82850","image":"fourseasonsdesigne_product_767702_260306223657_500850.jpeg","image_width":"480","image_height":"361","image_alt":"N\u00e9vresz\u00f3l\u00f3 \u0151zik\u00e9s kollekci\u00f3, cottagecore st\u00edlus\u00fa eleg\u00e1ns gyerekszoba falik\u00e9p szett, Finom, blush pink, vintage, cottagecore st\u00edlus\u00fa falik\u00e9p szett, amely kedves kis \u0151zik\u00e9kkel \u00e9s szem\u00e9ly..., Meska","image_title":"N\u00e9vresz\u00f3l\u00f3 \u0151zik\u00e9s kollekci\u00f3, cottagecore st\u00edlus\u00fa eleg\u00e1ns gyerekszoba falik\u00e9p szett, Meska","view_count":"64","favourite_count":"0","trending_score":"0","last2MonthFavouriteCount":"0","promotion":"0","giftcard_accept":"0","creditcard_accept":true,"enhanced_background":"0","domain":"meska","specific_customer_id":null,"specific_customer_name":null,"to_order_product":"1","to_order_product_time":"2","product_different":null,"product_different_description":"","vintage":"1","vintage_category_id":"885","recycled":"0","gemstone_id":"0","customizable":"1","type_category":"physical","zerowaste":"0","postage_price":"1290.00","shop_order":"0","has_category":"1","landing_pages":null,"microdata":{"number":43,"category":""},"title":"N\u00e9vresz\u00f3l\u00f3 \u0151zik\u00e9s kollekci\u00f3, cottagecore st\u00edlus\u00fa eleg\u00e1ns gyerekszoba falik\u00e9p szett","description":"Finom, blush pink, vintage, cottagecore st\u00edlus\u00fa falik\u00e9p szett, amely kedves kis \u0151zik\u00e9kkel \u00e9s szem\u00e9lyre szabhat\u00f3 n\u00e9vvel var\u00e1zsol meghitt, mesebeli hangulatot a gyerekszob\u00e1ba. T\u00f6k\u00e9letes v\u00e1laszt\u00e1s babaszob\u00e1ba vagy kisl\u00e1nyok szob\u00e1j\u00e1ba, ahol a l\u00e1gy sz\u00ednek \u00e9s a romantikus r\u00e9szletek igaz\u00e1n k\u00fcl\u00f6nleges atmoszf\u00e9r\u00e1t teremtenek.\n\nA megadott \u00e1r 3 db A4 m\u00e9ret\u0171 keret n\u00e9lk\u00fcli szettre vonatkozik.\n\n\u2728 Szem\u00e9lyre szabhat\u00f3 k\u00f6zponti monogramos\/neves print\n\nA kollekci\u00f3 k\u00f6zponti darabja egy n\u00e9vre \u00e9s kezd\u0151bet\u0171re szem\u00e9lyre szabhat\u00f3, eleg\u00e1ns tipogr\u00e1fi\u00e1val k\u00e9sz\u00fcl\u0151 monogramos k\u00e9p.\n\nRendel\u00e9skor k\u00e9rlek add meg:\n\u2013 a k\u00edv\u00e1nt kezd\u0151bet\u0171t\n\u2013 a nevet\n\n\ud83d\udcd0 El\u00e9rhet\u0151 form\u00e1tumok\n\n\u2022 Nyomtatott A4 m\u00e9ret\n\u2022 Nyomtatott A3 m\u00e9ret\n\nA nyomatok pr\u00e9mium min\u0151s\u00e9g\u0171, 200gr-os feh\u00e9r m\u0171v\u00e9szpap\u00edrra k\u00e9sz\u00fclnek,\nszeg\u00e9ly n\u00e9lk\u00fcli (borderless) nyomtat\u00e1si technik\u00e1val a teljes k\u00e9pmez\u0151 \u00e9rv\u00e9nyes\u00fclhet.\n\n\ud83c\udf81 Aj\u00e1nlott alkalmak\n\n\u2013 babaszoba kialak\u00edt\u00e1s\u00e1hoz\n\u2013 \u00fajsz\u00fcl\u00f6tt \u00e9rkez\u00e9s\u00e9re\n\u2013 ig\u00e9nyes babav\u00e1r\u00f3 aj\u00e1nd\u00e9kk\u00e9nt\n\u2013 keresztel\u0151re\n\n\ud83e\udd0d Fontos inform\u00e1ci\u00f3k\n\n\u2022 A sz\u00ednek a k\u00e9perny\u0151 be\u00e1ll\u00edt\u00e1sait\u00f3l enyh\u00e9n elt\u00e9rhetnek.\n\u2022 Az  Aranylap Mes\u00e9i Kollekci\u00f3 limit\u00e1lt design-sorozat.\n\n\ud83c\udf3f Kollekci\u00f3k a boltomban\n\nAz Aranylap Mes\u00e9i falik\u00e9pek egy egys\u00e9ges, mesek\u00f6nyv-ihlet\u00e9s\u0171 dekor\u00e1ci\u00f3s sorozat r\u00e9szei.\n\nA boltomban az Aranylap Mes\u00e9i Kollekci\u00f3 fi\u00fas v\u00e1ltozata is el\u00e9rhet\u0151, azonos st\u00edlusban \u00e9s hangulatban, \u00edgy testv\u00e9rszob\u00e1k vagy k\u00fcl\u00f6n gyerekszob\u00e1k berendez\u00e9sekor is k\u00f6nnyen \u00f6sszehangolhat\u00f3 dekor\u00e1ci\u00f3 v\u00e1laszthat\u00f3.\n\nSokan v\u00e1lasztj\u00e1k \u00fagy a k\u00e9peket, hogy a testv\u00e9rek szob\u00e1j\u00e1ban k\u00fcl\u00f6n mot\u00edvumok jelennek meg, m\u00e9gis megmarad az egys\u00e9ges, harmonikus hangulat.\n\nHa k\u00edv\u00e1ncsi vagy a tov\u00e1bbi darabokra, n\u00e9zz k\u00f6r\u00fcl a boltomban\ud83e\udd0d\n\n\u00a9 Szerz\u0151i jog\n\nA term\u00e9khez tartoz\u00f3 illusztr\u00e1ci\u00f3k \u00e9s design elemek szerz\u0151i jogi v\u00e9delem alatt \u00e1llnak.\nAz Aranylap Mes\u00e9i Kollekci\u00f3 minden darabja a k\u00e9sz\u00edt\u0151 szellemi tulajdona.\n\nA megv\u00e1s\u00e1rolt digit\u00e1lis f\u00e1jlok \u00e9s nyomatok kiz\u00e1r\u00f3lag szem\u00e9lyes felhaszn\u00e1l\u00e1sra szolg\u00e1lnak.\nM\u00e1sol\u00e1suk, sokszoros\u00edt\u00e1suk, tov\u00e1bb\u00e9rt\u00e9kes\u00edt\u00e9s\u00fck vagy b\u00e1rmilyen kereskedelmi felhaszn\u00e1l\u00e1suk a k\u00e9sz\u00edt\u0151 \u00edr\u00e1sos enged\u00e9lye n\u00e9lk\u00fcl nem megengedett.","score":0,"formatted_price":"5 400 Ft","image_url":"https:\/\/www.meska.hu\/img\/product\/small\/f\/o\/fourseasonsdesigne_product_767702_260306223657_500850.jpeg","formatted_url":"https:\/\/www.meska.hu\/p5749766-nevreszolo-ozikes-kollekcio-cottagecore-stilusu-elegans-gyerekszoba-falikep-szett","favourite":false,"in_stock":false,"avatar":"767702_avatar_1768959868.jpeg","delete_from":0,"is_enhanced_background":false,"is_enhanced":false,"product_selection_started":false,"is_active":true,"image_webp_url":"https:\/\/www.meska.hu\/img\/product\/small\/f\/o\/fourseasonsdesigne_product_767702_260306223657_500850.webp"},{"id":"5953199","shop_id":"10299","user_id":"58540","shop_name":"ekszerkeramia","shop_zip":"2700","product_code":"5643467","product_name_old":null,"product_name":"Madaras falik\u00e9p","category_string":"Otthon & \u00c9letm\u00f3d, Dekor\u00e1ci\u00f3, K\u00e9p & Falik\u00e9p, T\u00f6bb r\u00e9szes k\u00e9p","technic_string":"","category_1":"813","category_2":"314","category_3":"417","category_4":"1429","merged_category_1":null,"merged_category_2":null,"merged_category_3":null,"technic_1":"0","technic_2":"0","technic_3":"0","color_1":"514","color_2":"515","color_3":"521","product_description_old":null,"product_description":"Mag\u00e1t a k\u00e9pkeretet a sv\u00e9d b\u00fator\u00e1ruh\u00e1zban vettem. A keretbe ker\u00e1mia madarat,vir\u00e1gokat,leveleket t\u0171ztem, z\u00fazm\u00f3val d\u00edsz\u00edtettem. A k\u00e9p pici f\u00e9m akaszt\u00f3val falra tehet\u0151, de asztalra,polcra is \u00e1ll\u00edthat\u00f3 . A keret m\u00e9rete:13,5x18,5 cm.","price":"4400.00","unit":"db","recommended":"0","status":"1","sponsored":"0","exp_notify":"0","own_material":"0","own_material_description_old":null,"own_material_description":"","jury":"0","jury_number":"","product_nature":"","meskaracsony":"0","create_date":"2026-03-05 12:42:56","shelve_id":"44576","image":"ekszerkeramia_product_58540_251009150030_71460.jpeg","image_width":"480","image_height":"458","image_alt":"Madaras falik\u00e9p, Mag\u00e1t a k\u00e9pkeretet a sv\u00e9d b\u00fator\u00e1ruh\u00e1zban vettem. A keretbe ker\u00e1mia madarat,vir\u00e1gokat,leveleket t\u0171zte..., Meska","image_title":"Madaras falik\u00e9p, Meska","view_count":"104","favourite_count":"0","trending_score":"0","last2MonthFavouriteCount":"0","promotion":0,"giftcard_accept":"0","creditcard_accept":false,"enhanced_background":"0","domain":"meska","specific_customer_id":null,"specific_customer_name":null,"to_order_product":"0","to_order_product_time":"0","product_different":null,"product_different_description":"","vintage":"0","vintage_category_id":"0","recycled":"0","gemstone_id":"0","customizable":"0","type_category":"physical","zerowaste":"0","postage_price":"2390.00","shop_order":"137","has_category":"1","landing_pages":null,"microdata":{"number":44,"category":""},"title":"Madaras falik\u00e9p","description":"Mag\u00e1t a k\u00e9pkeretet a sv\u00e9d b\u00fator\u00e1ruh\u00e1zban vettem. A keretbe ker\u00e1mia madarat,vir\u00e1gokat,leveleket t\u0171ztem, z\u00fazm\u00f3val d\u00edsz\u00edtettem. A k\u00e9p pici f\u00e9m akaszt\u00f3val falra tehet\u0151, de asztalra,polcra is \u00e1ll\u00edthat\u00f3 . A keret m\u00e9rete:13,5x18,5 cm.","score":0,"formatted_price":"4 400 Ft","image_url":"https:\/\/www.meska.hu\/img\/product\/small\/e\/k\/ekszerkeramia_product_58540_251009150030_71460.jpeg","formatted_url":"https:\/\/www.meska.hu\/p5643467-madaras-falikep","favourite":false,"in_stock":true,"avatar":"ekszerkeramia_avatar_58540.jpg","delete_from":0,"is_enhanced_background":false,"is_enhanced":false,"product_selection_started":false,"is_active":true,"image_webp_url":"https:\/\/www.meska.hu\/img\/product\/small\/e\/k\/ekszerkeramia_product_58540_251009150030_71460.webp"},{"id":"5953313","shop_id":"10299","user_id":"58540","shop_name":"ekszerkeramia","shop_zip":"2700","product_code":"5643543","product_name_old":null,"product_name":"Madaras falik\u00e9p","category_string":"Otthon & \u00c9letm\u00f3d, Dekor\u00e1ci\u00f3, K\u00e9p & Falik\u00e9p, T\u00f6bb r\u00e9szes k\u00e9p","technic_string":"","category_1":"813","category_2":"314","category_3":"417","category_4":"1429","merged_category_1":null,"merged_category_2":null,"merged_category_3":null,"technic_1":"0","technic_2":"0","technic_3":"0","color_1":"514","color_2":"515","color_3":"521","product_description_old":null,"product_description":"Mag\u00e1t a k\u00e9pkeretet a sv\u00e9d b\u00fator\u00e1ruh\u00e1zban vettem. A keretbe ker\u00e1mia madarat,vir\u00e1gokat,leveleket t\u0171ztem, z\u00fazm\u00f3val d\u00edsz\u00edtettem. A k\u00e9p pici f\u00e9m akaszt\u00f3val falra tehet\u0151, de asztalra,polcra is \u00e1ll\u00edthat\u00f3 . A keret m\u00e9rete:13,5x18,5 cm.","price":"4400.00","unit":"db","recommended":"0","status":"1","sponsored":"0","exp_notify":"0","own_material":"0","own_material_description_old":null,"own_material_description":"","jury":"0","jury_number":"","product_nature":"","meskaracsony":"0","create_date":"2026-03-05 12:42:52","shelve_id":"44576","image":"ekszerkeramia_product_58540_251009171029_850528.jpeg","image_width":"480","image_height":"481","image_alt":"Madaras falik\u00e9p, Mag\u00e1t a k\u00e9pkeretet a sv\u00e9d b\u00fator\u00e1ruh\u00e1zban vettem. A keretbe ker\u00e1mia madarat,vir\u00e1gokat,leveleket t\u0171zte..., Meska","image_title":"Madaras falik\u00e9p, Meska","view_count":"103","favourite_count":"0","trending_score":"0","last2MonthFavouriteCount":"0","promotion":0,"giftcard_accept":"0","creditcard_accept":false,"enhanced_background":"0","domain":"meska","specific_customer_id":null,"specific_customer_name":null,"to_order_product":"0","to_order_product_time":"0","product_different":null,"product_different_description":"","vintage":"0","vintage_category_id":"0","recycled":"0","gemstone_id":"0","customizable":"0","type_category":"physical","zerowaste":"0","postage_price":"2390.00","shop_order":"138","has_category":"1","landing_pages":null,"microdata":{"number":45,"category":""},"title":"Madaras falik\u00e9p","description":"Mag\u00e1t a k\u00e9pkeretet a sv\u00e9d b\u00fator\u00e1ruh\u00e1zban vettem. A keretbe ker\u00e1mia madarat,vir\u00e1gokat,leveleket t\u0171ztem, z\u00fazm\u00f3val d\u00edsz\u00edtettem. A k\u00e9p pici f\u00e9m akaszt\u00f3val falra tehet\u0151, de asztalra,polcra is \u00e1ll\u00edthat\u00f3 . A keret m\u00e9rete:13,5x18,5 cm.","score":0,"formatted_price":"4 400 Ft","image_url":"https:\/\/www.meska.hu\/img\/product\/small\/e\/k\/ekszerkeramia_product_58540_251009171029_850528.jpeg","formatted_url":"https:\/\/www.meska.hu\/p5643543-madaras-falikep","favourite":false,"in_stock":true,"avatar":"ekszerkeramia_avatar_58540.jpg","delete_from":0,"is_enhanced_background":false,"is_enhanced":false,"product_selection_started":false,"is_active":true,"image_webp_url":"https:\/\/www.meska.hu\/img\/product\/small\/e\/k\/ekszerkeramia_product_58540_251009171029_850528.webp"},{"id":"5691932","shop_id":"986","user_id":"579","shop_name":"Bagika","shop_zip":"7047","product_code":"5496486","product_name_old":null,"product_name":"T\u0171zzom\u00e1nc k\u00e9p ","category_string":"Otthon & \u00c9letm\u00f3d, Dekor\u00e1ci\u00f3, K\u00e9p & Falik\u00e9p, T\u00f6bb r\u00e9szes k\u00e9p","technic_string":"","category_1":"813","category_2":"314","category_3":"417","category_4":"1429","merged_category_1":null,"merged_category_2":null,"merged_category_3":null,"technic_1":"0","technic_2":"0","technic_3":"0","color_1":"521","color_2":"0","color_3":"0","product_description_old":null,"product_description":"Az \u00e9let \u00e1llom\u00e1sai, tavasz a sz\u00fclet\u00e9s,rem\u00e9ny az \u00e9let boldog pillanataiban.\nA tal\u00e1lkoz\u00e1s, lelk\u00fcnk m\u00e1sikfel\u00e9vel.\nSz\u00e1rnyal\u00e1smindenek felett.\nAz elm\u00fal\u00e1s szomor\u00fas\u00e1g.\nAz \u00e9let csod\u00e1latos k\u00f6rforg\u00e1s!\n.\nTeljes m\u00e9ret n\u00e9gy \u00f6sszekapcsolt kisebb k\u00e9pb\u0151l \u00e1ll.\n\n38 cm x 38 cm ezen bel\u00fcl 4 db 14 cm x 14 cm kisebb k\u00e9p tal\u00e1lhat\u00f3.\n\nA k\u00e9pek nem sz\u00e9tszedhet\u0151k !.","price":"180000.00","unit":"db","recommended":"0","status":"1","sponsored":"0","exp_notify":"0","own_material":"0","own_material_description_old":null,"own_material_description":"","jury":"0","jury_number":"","product_nature":"","meskaracsony":"0","create_date":"2026-02-24 08:47:56","shelve_id":"3978","image":"bagika_product_579_250211071053_652423.jpeg","image_width":"480","image_height":"489","image_alt":"T\u0171zzom\u00e1nc k\u00e9p , Az \u00e9let \u00e1llom\u00e1sai, tavasz a sz\u00fclet\u00e9s,rem\u00e9ny az \u00e9let boldog pillanataiban.\\nA tal\u00e1lkoz\u00e1s, lelk\u00fcnk m\u00e1si..., Meska","image_title":"T\u0171zzom\u00e1nc k\u00e9p , Meska","view_count":"330","favourite_count":"0","trending_score":"0","last2MonthFavouriteCount":"0","promotion":0,"giftcard_accept":"0","creditcard_accept":true,"enhanced_background":"0","domain":"meska","specific_customer_id":null,"specific_customer_name":null,"to_order_product":"0","to_order_product_time":"0","product_different":null,"product_different_description":"","vintage":"0","vintage_category_id":"0","recycled":"0","gemstone_id":"0","customizable":"0","type_category":"physical","zerowaste":"0","postage_price":"2390.00","shop_order":"0","has_category":"1","landing_pages":null,"microdata":{"number":46,"category":""},"title":"T\u0171zzom\u00e1nc k\u00e9p ","description":"Az \u00e9let \u00e1llom\u00e1sai, tavasz a sz\u00fclet\u00e9s,rem\u00e9ny az \u00e9let boldog pillanataiban.\nA tal\u00e1lkoz\u00e1s, lelk\u00fcnk m\u00e1sikfel\u00e9vel.\nSz\u00e1rnyal\u00e1smindenek felett.\nAz elm\u00fal\u00e1s szomor\u00fas\u00e1g.\nAz \u00e9let csod\u00e1latos k\u00f6rforg\u00e1s!\n.\nTeljes m\u00e9ret n\u00e9gy \u00f6sszekapcsolt kisebb k\u00e9pb\u0151l \u00e1ll.\n\n38 cm x 38 cm ezen bel\u00fcl 4 db 14 cm x 14 cm kisebb k\u00e9p tal\u00e1lhat\u00f3.\n\nA k\u00e9pek nem sz\u00e9tszedhet\u0151k !.","score":0,"formatted_price":"180 000 Ft","image_url":"https:\/\/www.meska.hu\/img\/product\/small\/b\/a\/bagika_product_579_250211071053_652423.jpeg","formatted_url":"https:\/\/www.meska.hu\/p5496486-tuzzomanc-kep","favourite":false,"in_stock":true,"avatar":"Bagika_avatar_579_1585336028.JPG","delete_from":0,"is_enhanced_background":false,"is_enhanced":false,"product_selection_started":false,"is_active":true,"image_webp_url":"https:\/\/www.meska.hu\/img\/product\/small\/b\/a\/bagika_product_579_250211071053_652423.webp"},{"id":"3330931","shop_id":"24043","user_id":"272819","shop_name":"RRstudio","shop_zip":"1185","product_code":"4719585","product_name_old":null,"product_name":"3 DB-os szett, Vintage Botanikai illusztr\u00e1ci\u00f3, otthoni dekor\u00e1ci\u00f3 falik\u00e9p, KERET N\u00c9LK\u00dcL","category_string":"Otthon & \u00c9letm\u00f3d, Dekor\u00e1ci\u00f3, K\u00e9p & Falik\u00e9p, T\u00f6bb r\u00e9szes k\u00e9p","technic_string":"Fot\u00f3, grafika, rajz, illusztr\u00e1ci\u00f3","category_1":"813","category_2":"314","category_3":"417","category_4":"1429","merged_category_1":null,"merged_category_2":null,"merged_category_3":null,"technic_1":"483","technic_2":"0","technic_3":"0","color_1":"514","color_2":"526","color_3":"529","product_description_old":null,"product_description":"A4 Pap\u00edr Print Nyomtat\u00e1s \n3DB-os SZETT \/ Az \u00e1r 3db pap\u00edr print nyomtat\u00e1sra vonatkozik\n\nBOTANIKAI ILLUSZTR\u00c1CI\u00d3:\nR\u00e9gi Lexikonb\u00f3l digitaliz\u00e1lva, grafik\u00e1k 1800-as \u00e9vek elej\u00e9re dat\u00e1l\u00f3dnak. A proced\u00fara jelleg\u00e9b\u0151l fakad\u00f3an k\u00e9rj\u00fck vedd figyelembe, hogy a feliratok nem mindenhol \u00e9lesek, olvashat\u00f3ak a printeken.\n\nA vintage hat\u00e1s\u00e9rt text\u00far\u00e1lt, kr\u00e9mes-t\u00f6rtfeh\u00e9r m\u0171v\u00e9szpap\u00edrra nyomtatunk.\n\n* KIVITELEZ\u00c9S & ELK\u00c9SZ\u00cdT\u00c9S:\nFelszerelt st\u00fadi\u00f3nkban a mi fel\u00fcgyelet\u00fcnk alatt \u00e9s \u00e1ltalunk, saj\u00e1t eszk\u00f6zeinkkel digitaliz\u00e1ljuk, nyomtatjuk, k\u00e9sz\u00edtj\u00fck \u00e9s csomagoljuk k\u00e9peinket.\n\n* KERET N\u00c9LK\u00dcL *\n\n* M\u00c9RET: A4 (210 x 297 mm)\n\nM\u00c1S M\u00c9RETET SZERETN\u00c9L?\nA2-es \u00e9s A3-as m\u00e9reteket megtal\u00e1lod a boltban!\nVagy \u00edrj \u00fczenetet, az \u00e1r m\u00e9rett\u0151l f\u00fcgg\u0151en v\u00e1ltozik.\n\n* ANYAG:\n250g - os textur\u00e1lt nat\u00far\/kr\u00e9m m\u0171v\u00e9szpap\u00edr\n\n* CSOMAGOL\u00c1S:\nKartonnal merev\u00edtve\n\n* FIZET\u00c9S:\nCsakis el\u0151re banki utal\u00e1ssal!\nA v\u00e1s\u00e1rl\u00e1s ut\u00e1n k\u00fcldj\u00fck a t\u00e1j\u00e9koztat\u00f3 emailt a sz\u00fcks\u00e9ges adatokkal\n\n* \u00c1TFUT\u00c1SI ID\u0150:\nkb.: 3 munkanap\n\n* SAJ\u00c1T ELK\u00c9PZEL\u00c9SED VAN?\nEgyedi rendel\u00e9seket is sz\u00edvesen fogadunk.\n\u00cdrj nyugodtan!\n\nA v\u00edzjel leker\u00fcl a k\u00e9sz term\u00e9kr\u0151l, egy\u00e9b keretek, h\u00e1tterek, dekor\u00e1ci\u00f3k csak illusztrat\u00edv jelleget k\u00e9peznek.\n\nSZERZ\u0150I JOG:\n- Minden jog fenntartva\nFelh\u00edjuk figyelmedet, hogy a szerz\u0151i jog minden term\u00e9kre megmarad. ","price":"2900.00","unit":"db","recommended":"0","status":"1","sponsored":"0","exp_notify":"0","own_material":"0","own_material_description_old":null,"own_material_description":"","jury":"0","jury_number":"","product_nature":"","meskaracsony":"0","create_date":"2026-02-23 17:59:12","shelve_id":"64476","image":"rrstudio_product_272819_210111150611_277267.jpeg","image_width":"480","image_height":"288","image_alt":"3 DB-os szett, Vintage Botanikai illusztr\u00e1ci\u00f3, otthoni dekor\u00e1ci\u00f3 falik\u00e9p, KERET N\u00c9LK\u00dcL, A4 Pap\u00edr Print Nyomtat\u00e1s \\n3DB-os SZETT \/ Az \u00e1r 3db pap\u00edr print nyomtat\u00e1sra vonatkozik\\n\\nBOTANIKAI ILL..., Meska","image_title":"3 DB-os szett, Vintage Botanikai illusztr\u00e1ci\u00f3, otthoni dekor\u00e1ci\u00f3 falik\u00e9p, KERET N\u00c9LK\u00dcL, Meska","view_count":"1523","favourite_count":"1","trending_score":"0","last2MonthFavouriteCount":"1","promotion":"0","giftcard_accept":"1","creditcard_accept":false,"enhanced_background":"0","domain":"meska","specific_customer_id":null,"specific_customer_name":null,"to_order_product":"0","to_order_product_time":"0","product_different":null,"product_different_description":"","vintage":"0","vintage_category_id":"0","recycled":"0","gemstone_id":"0","customizable":"0","type_category":"physical","zerowaste":"0","postage_price":"1290.00","shop_order":"0","has_category":"1","landing_pages":null,"microdata":{"number":47,"category":""},"title":"3 DB-os szett, Vintage Botanikai illusztr\u00e1ci\u00f3, otthoni dekor\u00e1ci\u00f3 falik\u00e9p, KERET N\u00c9LK\u00dcL","description":"A4 Pap\u00edr Print Nyomtat\u00e1s \n3DB-os SZETT \/ Az \u00e1r 3db pap\u00edr print nyomtat\u00e1sra vonatkozik\n\nBOTANIKAI ILLUSZTR\u00c1CI\u00d3:\nR\u00e9gi Lexikonb\u00f3l digitaliz\u00e1lva, grafik\u00e1k 1800-as \u00e9vek elej\u00e9re dat\u00e1l\u00f3dnak. A proced\u00fara jelleg\u00e9b\u0151l fakad\u00f3an k\u00e9rj\u00fck vedd figyelembe, hogy a feliratok nem mindenhol \u00e9lesek, olvashat\u00f3ak a printeken.\n\nA vintage hat\u00e1s\u00e9rt text\u00far\u00e1lt, kr\u00e9mes-t\u00f6rtfeh\u00e9r m\u0171v\u00e9szpap\u00edrra nyomtatunk.\n\n* KIVITELEZ\u00c9S & ELK\u00c9SZ\u00cdT\u00c9S:\nFelszerelt st\u00fadi\u00f3nkban a mi fel\u00fcgyelet\u00fcnk alatt \u00e9s \u00e1ltalunk, saj\u00e1t eszk\u00f6zeinkkel digitaliz\u00e1ljuk, nyomtatjuk, k\u00e9sz\u00edtj\u00fck \u00e9s csomagoljuk k\u00e9peinket.\n\n* KERET N\u00c9LK\u00dcL *\n\n* M\u00c9RET: A4 (210 x 297 mm)\n\nM\u00c1S M\u00c9RETET SZERETN\u00c9L?\nA2-es \u00e9s A3-as m\u00e9reteket megtal\u00e1lod a boltban!\nVagy \u00edrj \u00fczenetet, az \u00e1r m\u00e9rett\u0151l f\u00fcgg\u0151en v\u00e1ltozik.\n\n* ANYAG:\n250g - os textur\u00e1lt nat\u00far\/kr\u00e9m m\u0171v\u00e9szpap\u00edr\n\n* CSOMAGOL\u00c1S:\nKartonnal merev\u00edtve\n\n* FIZET\u00c9S:\nCsakis el\u0151re banki utal\u00e1ssal!\nA v\u00e1s\u00e1rl\u00e1s ut\u00e1n k\u00fcldj\u00fck a t\u00e1j\u00e9koztat\u00f3 emailt a sz\u00fcks\u00e9ges adatokkal\n\n* \u00c1TFUT\u00c1SI ID\u0150:\nkb.: 3 munkanap\n\n* SAJ\u00c1T ELK\u00c9PZEL\u00c9SED VAN?\nEgyedi rendel\u00e9seket is sz\u00edvesen fogadunk.\n\u00cdrj nyugodtan!\n\nA v\u00edzjel leker\u00fcl a k\u00e9sz term\u00e9kr\u0151l, egy\u00e9b keretek, h\u00e1tterek, dekor\u00e1ci\u00f3k csak illusztrat\u00edv jelleget k\u00e9peznek.\n\nSZERZ\u0150I JOG:\n- Minden jog fenntartva\nFelh\u00edjuk figyelmedet, hogy a szerz\u0151i jog minden term\u00e9kre megmarad. ","score":0,"formatted_price":"2 900 Ft","image_url":"https:\/\/www.meska.hu\/img\/product\/small\/r\/r\/rrstudio_product_272819_210111150611_277267.jpeg","formatted_url":"https:\/\/www.meska.hu\/p4719585-3-db-os-szett-vintage-botanikai-illusztracio-otthoni-dekoracio-falikep-keret-nelkul","favourite":false,"in_stock":true,"avatar":"RRstudio_avatar_272819_1590081778.jpg","delete_from":0,"is_enhanced_background":false,"is_enhanced":false,"product_selection_started":false,"is_active":true,"image_webp_url":"https:\/\/www.meska.hu\/img\/product\/small\/r\/r\/rrstudio_product_272819_210111150611_277267.webp"},{"id":"3048777","shop_id":"24043","user_id":"272819","shop_name":"RRstudio","shop_zip":"1185","product_code":"4665406","product_name_old":null,"product_name":"3 DB-os szett, Vintage Botanikai illusztr\u00e1ci\u00f3, otthoni dekor\u00e1ci\u00f3 falik\u00e9p, KERET N\u00c9LK\u00dcL","category_string":"Otthon & \u00c9letm\u00f3d, T\u00f6bb r\u00e9szes k\u00e9p, Dekor\u00e1ci\u00f3, K\u00e9p & Falik\u00e9p","technic_string":"Fot\u00f3, grafika, rajz, illusztr\u00e1ci\u00f3","category_1":"813","category_2":"1429","category_3":"314","category_4":"417","merged_category_1":null,"merged_category_2":null,"merged_category_3":null,"technic_1":"483","technic_2":"0","technic_3":"0","color_1":"514","color_2":"526","color_3":"529","product_description_old":null,"product_description":"A4 Pap\u00edr Print Nyomtat\u00e1s \n3DB-os SZETT \/ Az \u00e1r 3db pap\u00edr print nyomtat\u00e1sra vonatkozik\n\nBOTANIKAI ILLUSZTR\u00c1CI\u00d3:\nFrancia Lexikonb\u00f3l digitaliz\u00e1lva, grafik\u00e1k 1800-as \u00e9vek elej\u00e9re dat\u00e1l\u00f3dnak. A proced\u00fara jelleg\u00e9b\u0151l fakad\u00f3an k\u00e9rj\u00fck vedd figyelembe, hogy a feliratok nem mindenhol \u00e9lesek, olvashat\u00f3ak a printeken.\n\nA vintage hat\u00e1s\u00e9rt text\u00far\u00e1lt, kr\u00e9mes-t\u00f6rtfeh\u00e9r m\u0171v\u00e9szpap\u00edrra nyomtatunk.\n\n* KIVITELEZ\u00c9S & ELK\u00c9SZ\u00cdT\u00c9S:\nFelszerelt st\u00fadi\u00f3nkban a mi fel\u00fcgyelet\u00fcnk alatt \u00e9s \u00e1ltalunk, saj\u00e1t eszk\u00f6zeinkkel digitaliz\u00e1ljuk, nyomtatjuk, k\u00e9sz\u00edtj\u00fck \u00e9s csomagoljuk k\u00e9peinket.\n\n* KERET N\u00c9LK\u00dcL *\n\n* M\u00c9RET: A4 (210 x 297 mm)\n\nM\u00c1S M\u00c9RETET SZERETN\u00c9L?\nA2-es \u00e9s A3-as m\u00e9reteket megtal\u00e1lod a boltban!\nVagy \u00edrj \u00fczenetet, az \u00e1r m\u00e9rett\u0151l f\u00fcgg\u0151en v\u00e1ltozik.\n\n* ANYAG:\n250g - os textur\u00e1lt nat\u00far\/kr\u00e9m m\u0171v\u00e9szpap\u00edr\n\n* CSOMAGOL\u00c1S:\nKartonnal merev\u00edtve\n\n* FIZET\u00c9S:\nCsakis el\u0151re banki utal\u00e1ssal!\nA v\u00e1s\u00e1rl\u00e1s ut\u00e1n k\u00fcldj\u00fck a t\u00e1j\u00e9koztat\u00f3 emailt a sz\u00fcks\u00e9ges adatokkal\n\n* \u00c1TFUT\u00c1SI ID\u0150:\nkb.: 3 munkanap\n\n* SAJ\u00c1T ELK\u00c9PZEL\u00c9SED VAN?\nEgyedi rendel\u00e9seket is sz\u00edvesen fogadunk.\n\u00cdrj nyugodtan!\n\nA v\u00edzjel leker\u00fcl a k\u00e9sz term\u00e9kr\u0151l, egy\u00e9b keretek, h\u00e1tterek, dekor\u00e1ci\u00f3k csak illusztrat\u00edv jelleget k\u00e9peznek.\n\nSZERZ\u0150I JOG:\n- Minden jog fenntartva\nFelh\u00edjuk figyelmedet, hogy a szerz\u0151i jog minden term\u00e9kre megmarad. ","price":"2900.00","unit":"db","recommended":"0","status":"1","sponsored":"0","exp_notify":"0","own_material":"0","own_material_description_old":null,"own_material_description":"","jury":"0","jury_number":"","product_nature":"","meskaracsony":"0","create_date":"2026-02-16 14:49:18","shelve_id":"64476","image":"rrstudio_product_272819_210111150055_764811.jpeg","image_width":"480","image_height":"288","image_alt":"3 DB-os szett, Vintage Botanikai illusztr\u00e1ci\u00f3, otthoni dekor\u00e1ci\u00f3 falik\u00e9p, KERET N\u00c9LK\u00dcL, A4 Pap\u00edr Print Nyomtat\u00e1s \\n3DB-os SZETT \/ Az \u00e1r 3db pap\u00edr print nyomtat\u00e1sra vonatkozik\\n\\nBOTANIKAI ILL..., Meska","image_title":"3 DB-os szett, Vintage Botanikai illusztr\u00e1ci\u00f3, otthoni dekor\u00e1ci\u00f3 falik\u00e9p, KERET N\u00c9LK\u00dcL, Meska","view_count":"3070","favourite_count":"0","trending_score":"0","last2MonthFavouriteCount":"0","promotion":"0","giftcard_accept":"1","creditcard_accept":false,"enhanced_background":"0","domain":"meska","specific_customer_id":null,"specific_customer_name":null,"to_order_product":"0","to_order_product_time":"0","product_different":null,"product_different_description":"","vintage":"0","vintage_category_id":"0","recycled":"0","gemstone_id":"0","customizable":"0","type_category":"physical","zerowaste":"0","postage_price":"1290.00","shop_order":"0","has_category":"1","landing_pages":null,"microdata":{"number":48,"category":""},"title":"3 DB-os szett, Vintage Botanikai illusztr\u00e1ci\u00f3, otthoni dekor\u00e1ci\u00f3 falik\u00e9p, KERET N\u00c9LK\u00dcL","description":"A4 Pap\u00edr Print Nyomtat\u00e1s \n3DB-os SZETT \/ Az \u00e1r 3db pap\u00edr print nyomtat\u00e1sra vonatkozik\n\nBOTANIKAI ILLUSZTR\u00c1CI\u00d3:\nFrancia Lexikonb\u00f3l digitaliz\u00e1lva, grafik\u00e1k 1800-as \u00e9vek elej\u00e9re dat\u00e1l\u00f3dnak. A proced\u00fara jelleg\u00e9b\u0151l fakad\u00f3an k\u00e9rj\u00fck vedd figyelembe, hogy a feliratok nem mindenhol \u00e9lesek, olvashat\u00f3ak a printeken.\n\nA vintage hat\u00e1s\u00e9rt text\u00far\u00e1lt, kr\u00e9mes-t\u00f6rtfeh\u00e9r m\u0171v\u00e9szpap\u00edrra nyomtatunk.\n\n* KIVITELEZ\u00c9S & ELK\u00c9SZ\u00cdT\u00c9S:\nFelszerelt st\u00fadi\u00f3nkban a mi fel\u00fcgyelet\u00fcnk alatt \u00e9s \u00e1ltalunk, saj\u00e1t eszk\u00f6zeinkkel digitaliz\u00e1ljuk, nyomtatjuk, k\u00e9sz\u00edtj\u00fck \u00e9s csomagoljuk k\u00e9peinket.\n\n* KERET N\u00c9LK\u00dcL *\n\n* M\u00c9RET: A4 (210 x 297 mm)\n\nM\u00c1S M\u00c9RETET SZERETN\u00c9L?\nA2-es \u00e9s A3-as m\u00e9reteket megtal\u00e1lod a boltban!\nVagy \u00edrj \u00fczenetet, az \u00e1r m\u00e9rett\u0151l f\u00fcgg\u0151en v\u00e1ltozik.\n\n* ANYAG:\n250g - os textur\u00e1lt nat\u00far\/kr\u00e9m m\u0171v\u00e9szpap\u00edr\n\n* CSOMAGOL\u00c1S:\nKartonnal merev\u00edtve\n\n* FIZET\u00c9S:\nCsakis el\u0151re banki utal\u00e1ssal!\nA v\u00e1s\u00e1rl\u00e1s ut\u00e1n k\u00fcldj\u00fck a t\u00e1j\u00e9koztat\u00f3 emailt a sz\u00fcks\u00e9ges adatokkal\n\n* \u00c1TFUT\u00c1SI ID\u0150:\nkb.: 3 munkanap\n\n* SAJ\u00c1T ELK\u00c9PZEL\u00c9SED VAN?\nEgyedi rendel\u00e9seket is sz\u00edvesen fogadunk.\n\u00cdrj nyugodtan!\n\nA v\u00edzjel leker\u00fcl a k\u00e9sz term\u00e9kr\u0151l, egy\u00e9b keretek, h\u00e1tterek, dekor\u00e1ci\u00f3k csak illusztrat\u00edv jelleget k\u00e9peznek.\n\nSZERZ\u0150I JOG:\n- Minden jog fenntartva\nFelh\u00edjuk figyelmedet, hogy a szerz\u0151i jog minden term\u00e9kre megmarad. ","score":0,"formatted_price":"2 900 Ft","image_url":"https:\/\/www.meska.hu\/img\/product\/small\/r\/r\/rrstudio_product_272819_210111150055_764811.jpeg","formatted_url":"https:\/\/www.meska.hu\/p4665406-3-db-os-szett-vintage-botanikai-illusztracio-otthoni-dekoracio-falikep-keret-nelkul","favourite":false,"in_stock":true,"avatar":"RRstudio_avatar_272819_1590081778.jpg","delete_from":0,"is_enhanced_background":false,"is_enhanced":false,"product_selection_started":false,"is_active":true,"image_webp_url":"https:\/\/www.meska.hu\/img\/product\/small\/r\/r\/rrstudio_product_272819_210111150055_764811.webp"},{"id":"3503349","shop_id":"24043","user_id":"272819","shop_name":"RRstudio","shop_zip":"1185","product_code":"4279248","product_name_old":null,"product_name":"3 DB-os szett, Vintage Botanikai illusztr\u00e1ci\u00f3, otthoni dekor\u00e1ci\u00f3 falik\u00e9p, KERET N\u00c9LK\u00dcL","category_string":"Otthon & \u00c9letm\u00f3d, Dekor\u00e1ci\u00f3, K\u00e9p & Falik\u00e9p, T\u00f6bb r\u00e9szes k\u00e9p","technic_string":"Fot\u00f3, grafika, rajz, illusztr\u00e1ci\u00f3","category_1":"813","category_2":"314","category_3":"417","category_4":"1429","merged_category_1":null,"merged_category_2":null,"merged_category_3":null,"technic_1":"483","technic_2":"0","technic_3":"0","color_1":"514","color_2":"526","color_3":"529","product_description_old":null,"product_description":"A4 Pap\u00edr Print Nyomtat\u00e1s \n3DB-os SZETT \/ Az \u00e1r 3db pap\u00edr print nyomtat\u00e1sra vonatkozik\n\nBOTANIKAI ILLUSZTR\u00c1CI\u00d3:\nR\u00e9gi Lexikonb\u00f3l digitaliz\u00e1lva, grafik\u00e1k 1800-as \u00e9vek elej\u00e9re dat\u00e1l\u00f3dnak. A proced\u00fara jelleg\u00e9b\u0151l fakad\u00f3an k\u00e9rj\u00fck vedd figyelembe, hogy a feliratok nem mindenhol \u00e9lesek, olvashat\u00f3ak a printeken.\n\nA vintage hat\u00e1s\u00e9rt text\u00far\u00e1lt, kr\u00e9mes-t\u00f6rtfeh\u00e9r m\u0171v\u00e9szpap\u00edrra nyomtatunk.\n\n* KIVITELEZ\u00c9S & ELK\u00c9SZ\u00cdT\u00c9S:\nFelszerelt st\u00fadi\u00f3nkban a mi fel\u00fcgyelet\u00fcnk alatt \u00e9s \u00e1ltalunk, saj\u00e1t eszk\u00f6zeinkkel digitaliz\u00e1ljuk, nyomtatjuk, k\u00e9sz\u00edtj\u00fck \u00e9s csomagoljuk k\u00e9peinket.\n\n* KERET N\u00c9LK\u00dcL *\n\n* M\u00c9RET: A4 (210 x 297 mm)\n\nM\u00c1S M\u00c9RETET SZERETN\u00c9L?\nA2-es \u00e9s A3-as m\u00e9reteket megtal\u00e1lod a boltban!\nVagy \u00edrj \u00fczenetet, az \u00e1r m\u00e9rett\u0151l f\u00fcgg\u0151en v\u00e1ltozik.\n\n* ANYAG:\n250g - os textur\u00e1lt nat\u00far\/kr\u00e9m m\u0171v\u00e9szpap\u00edr\n\n* CSOMAGOL\u00c1S:\nKartonnal merev\u00edtve\n\n* FIZET\u00c9S:\nCsakis el\u0151re banki utal\u00e1ssal!\nA v\u00e1s\u00e1rl\u00e1s ut\u00e1n k\u00fcldj\u00fck a t\u00e1j\u00e9koztat\u00f3 emailt a sz\u00fcks\u00e9ges adatokkal\n\n* \u00c1TFUT\u00c1SI ID\u0150:\nkb.: 3 munkanap\n\n* SAJ\u00c1T ELK\u00c9PZEL\u00c9SED VAN?\nEgyedi rendel\u00e9seket is sz\u00edvesen fogadunk.\n\u00cdrj nyugodtan!\n\nA v\u00edzjel leker\u00fcl a k\u00e9sz term\u00e9kr\u0151l, egy\u00e9b keretek, h\u00e1tterek, dekor\u00e1ci\u00f3k csak illusztrat\u00edv jelleget k\u00e9peznek.\n\nSZERZ\u0150I JOG:\n- Minden jog fenntartva\nFelh\u00edjuk figyelmedet, hogy a szerz\u0151i jog minden term\u00e9kre megmarad. ","price":"2900.00","unit":"db","recommended":"0","status":"1","sponsored":"0","exp_notify":"0","own_material":"0","own_material_description_old":null,"own_material_description":"","jury":"0","jury_number":"","product_nature":"","meskaracsony":"0","create_date":"2026-02-15 17:55:48","shelve_id":"64476","image":"rrstudio_product_272819_210111150514_426299.jpeg","image_width":"480","image_height":"288","image_alt":"3 DB-os szett, Vintage Botanikai illusztr\u00e1ci\u00f3, otthoni dekor\u00e1ci\u00f3 falik\u00e9p, KERET N\u00c9LK\u00dcL, A4 Pap\u00edr Print Nyomtat\u00e1s \\n3DB-os SZETT \/ Az \u00e1r 3db pap\u00edr print nyomtat\u00e1sra vonatkozik\\n\\nBOTANIKAI ILL..., Meska","image_title":"3 DB-os szett, Vintage Botanikai illusztr\u00e1ci\u00f3, otthoni dekor\u00e1ci\u00f3 falik\u00e9p, KERET N\u00c9LK\u00dcL, Meska","view_count":"1498","favourite_count":"0","trending_score":"0","last2MonthFavouriteCount":"0","promotion":"0","giftcard_accept":"1","creditcard_accept":false,"enhanced_background":"0","domain":"meska","specific_customer_id":null,"specific_customer_name":null,"to_order_product":"0","to_order_product_time":"0","product_different":null,"product_different_description":"","vintage":"0","vintage_category_id":"0","recycled":"0","gemstone_id":"0","customizable":"0","type_category":"physical","zerowaste":"0","postage_price":"1290.00","shop_order":"0","has_category":"1","landing_pages":null,"microdata":{"number":49,"category":""},"title":"3 DB-os szett, Vintage Botanikai illusztr\u00e1ci\u00f3, otthoni dekor\u00e1ci\u00f3 falik\u00e9p, KERET N\u00c9LK\u00dcL","description":"A4 Pap\u00edr Print Nyomtat\u00e1s \n3DB-os SZETT \/ Az \u00e1r 3db pap\u00edr print nyomtat\u00e1sra vonatkozik\n\nBOTANIKAI ILLUSZTR\u00c1CI\u00d3:\nR\u00e9gi Lexikonb\u00f3l digitaliz\u00e1lva, grafik\u00e1k 1800-as \u00e9vek elej\u00e9re dat\u00e1l\u00f3dnak. A proced\u00fara jelleg\u00e9b\u0151l fakad\u00f3an k\u00e9rj\u00fck vedd figyelembe, hogy a feliratok nem mindenhol \u00e9lesek, olvashat\u00f3ak a printeken.\n\nA vintage hat\u00e1s\u00e9rt text\u00far\u00e1lt, kr\u00e9mes-t\u00f6rtfeh\u00e9r m\u0171v\u00e9szpap\u00edrra nyomtatunk.\n\n* KIVITELEZ\u00c9S & ELK\u00c9SZ\u00cdT\u00c9S:\nFelszerelt st\u00fadi\u00f3nkban a mi fel\u00fcgyelet\u00fcnk alatt \u00e9s \u00e1ltalunk, saj\u00e1t eszk\u00f6zeinkkel digitaliz\u00e1ljuk, nyomtatjuk, k\u00e9sz\u00edtj\u00fck \u00e9s csomagoljuk k\u00e9peinket.\n\n* KERET N\u00c9LK\u00dcL *\n\n* M\u00c9RET: A4 (210 x 297 mm)\n\nM\u00c1S M\u00c9RETET SZERETN\u00c9L?\nA2-es \u00e9s A3-as m\u00e9reteket megtal\u00e1lod a boltban!\nVagy \u00edrj \u00fczenetet, az \u00e1r m\u00e9rett\u0151l f\u00fcgg\u0151en v\u00e1ltozik.\n\n* ANYAG:\n250g - os textur\u00e1lt nat\u00far\/kr\u00e9m m\u0171v\u00e9szpap\u00edr\n\n* CSOMAGOL\u00c1S:\nKartonnal merev\u00edtve\n\n* FIZET\u00c9S:\nCsakis el\u0151re banki utal\u00e1ssal!\nA v\u00e1s\u00e1rl\u00e1s ut\u00e1n k\u00fcldj\u00fck a t\u00e1j\u00e9koztat\u00f3 emailt a sz\u00fcks\u00e9ges adatokkal\n\n* \u00c1TFUT\u00c1SI ID\u0150:\nkb.: 3 munkanap\n\n* SAJ\u00c1T ELK\u00c9PZEL\u00c9SED VAN?\nEgyedi rendel\u00e9seket is sz\u00edvesen fogadunk.\n\u00cdrj nyugodtan!\n\nA v\u00edzjel leker\u00fcl a k\u00e9sz term\u00e9kr\u0151l, egy\u00e9b keretek, h\u00e1tterek, dekor\u00e1ci\u00f3k csak illusztrat\u00edv jelleget k\u00e9peznek.\n\nSZERZ\u0150I JOG:\n- Minden jog fenntartva\nFelh\u00edjuk figyelmedet, hogy a szerz\u0151i jog minden term\u00e9kre megmarad. ","score":0,"formatted_price":"2 900 Ft","image_url":"https:\/\/www.meska.hu\/img\/product\/small\/r\/r\/rrstudio_product_272819_210111150514_426299.jpeg","formatted_url":"https:\/\/www.meska.hu\/p4279248-3-db-os-szett-vintage-botanikai-illusztracio-otthoni-dekoracio-falikep-keret-nelkul","favourite":false,"in_stock":true,"avatar":"RRstudio_avatar_272819_1590081778.jpg","delete_from":0,"is_enhanced_background":false,"is_enhanced":false,"product_selection_started":false,"is_active":true,"image_webp_url":"https:\/\/www.meska.hu\/img\/product\/small\/r\/r\/rrstudio_product_272819_210111150514_426299.webp"},{"id":"3390724","shop_id":"24043","user_id":"272819","shop_name":"RRstudio","shop_zip":"1185","product_code":"3570352","product_name_old":null,"product_name":"Afrikai \u00e1llat, tr\u00f3pusi \u00e1llat, SZETT, 5db, V\u00edzfest\u00e9k K\u00e9p, Gyerekszoba Falik\u00e9p, babaszoba dekor\u00e1ci\u00f3, \u00e1llatos, vad\u00e1llat","category_string":"Otthon & \u00c9letm\u00f3d, T\u00f6bb r\u00e9szes k\u00e9p, Dekor\u00e1ci\u00f3, K\u00e9p & Falik\u00e9p","technic_string":"Fot\u00f3, grafika, rajz, illusztr\u00e1ci\u00f3","category_1":"813","category_2":"1429","category_3":"314","category_4":"417","merged_category_1":null,"merged_category_2":null,"merged_category_3":null,"technic_1":"483","technic_2":"0","technic_3":"0","color_1":"514","color_2":"527","color_3":"529","product_description_old":null,"product_description":"A4 Min\u0151s\u00e9gi Pap\u00edr Print Nyomtat\u00e1s \n* KERET N\u00c9LK\u00dcL *\n\nSzett: 5db print\n\n* KIVITELEZ\u00c9S & ELK\u00c9SZ\u00cdT\u00c9S:\nFelszerelt st\u00fadi\u00f3nkban a mi fel\u00fcgyelet\u00fcnk alatt, saj\u00e1t eszk\u00f6zeinkkel nyomtatjuk, k\u00e9sz\u00edtj\u00fck \u00e9s csomagoljuk k\u00e9peinket.\n\n* M\u00c9RET: A4 (210 x 297 mm)\n\nM\u00c1S M\u00c9RETET SZERETN\u00c9L?\nA2-es \u00e9s A3-as m\u00e9reteket megtal\u00e1lod a boltban!\nVagy \u00edrj \u00fczenetet, az \u00e1r m\u00e9rett\u0151l f\u00fcgg\u0151en v\u00e1ltozik.\n\n* ANYAG:\n250g - os textur\u00e1lt nat\u00far vagy feh\u00e9r m\u0171v\u00e9szpap\u00edr\n\n* SZ\u00d6VEG:\nV\u00e1s\u00e1rl\u00e1skor k\u00e9rlek hagyj \u00fczenetet a k\u00e9rt v\u00e1ltoztat\u00e1ssal, n\u00e9vvel, sz\u00f6veggel!\n\n* CSOMAGOL\u00c1S:\nKartonnal merev\u00edtve, bubor\u00e9kf\u00f3li\u00e1val vagy hengerben\n\n* FIZET\u00c9S:\nCsakis el\u0151re banki utal\u00e1ssal!\nA v\u00e1s\u00e1rl\u00e1s ut\u00e1n k\u00fcldj\u00fck a t\u00e1j\u00e9koztat\u00f3 emailt a sz\u00fcks\u00e9ges adatokkal\n\n* \u00c1TFUT\u00c1SI ID\u0150:\nkb.: 3 munkanap\n\n* SAJ\u00c1T ELK\u00c9PZEL\u00c9SED VAN?\nEgyedi rendel\u00e9seket is sz\u00edvesen fogadunk.\n\u00cdrj nyugodtan!\n\nA v\u00edzjel leker\u00fcl a k\u00e9sz term\u00e9kr\u0151l, egy\u00e9b keretek, h\u00e1tterek, dekor\u00e1ci\u00f3k csak illusztrat\u00edv jelleget k\u00e9peznek.\n\nSZERZ\u0150I JOG:\n- Minden jog fenntartva\nFelh\u00edjuk figyelmedet, hogy a szerz\u0151i jog minden term\u00e9kre megmarad. ","price":"4500.00","unit":"db","recommended":"0","status":"1","sponsored":"0","exp_notify":"0","own_material":"0","own_material_description_old":null,"own_material_description":"","jury":"0","jury_number":"","product_nature":"","meskaracsony":"0","create_date":"2026-02-11 20:34:01","shelve_id":"73819","image":"rrstudio_product_272819_191110131010_94983.jpeg","image_width":"480","image_height":"476","image_alt":"Afrikai \u00e1llat, tr\u00f3pusi \u00e1llat, SZETT, 5db, V\u00edzfest\u00e9k K\u00e9p, Gyerekszoba Falik\u00e9p, babaszoba dekor\u00e1ci\u00f3, \u00e1llatos, vad\u00e1llat, A4 Min\u0151s\u00e9gi Pap\u00edr Print Nyomtat\u00e1s \\n* KERET N\u00c9LK\u00dcL *\\n\\nSzett: 5db print\\n\\n* KIVITELEZ\u00c9S & ELK\u00c9SZ\u00cdT\u00c9S:\\nF..., Meska","image_title":"Afrikai \u00e1llat, tr\u00f3pusi \u00e1llat, SZETT, 5db, V\u00edzfest\u00e9k K\u00e9p, Gyerekszoba Falik\u00e9p, babaszoba dekor\u00e1ci\u00f3, \u00e1llatos, vad\u00e1llat, Meska","view_count":"1968","favourite_count":"0","trending_score":"0","last2MonthFavouriteCount":"0","promotion":"0","giftcard_accept":"1","creditcard_accept":false,"enhanced_background":"0","domain":"meska","specific_customer_id":null,"specific_customer_name":null,"to_order_product":"0","to_order_product_time":"0","product_different":null,"product_different_description":"","vintage":"0","vintage_category_id":"0","recycled":"0","gemstone_id":"0","customizable":"0","type_category":"physical","zerowaste":"0","postage_price":"1290.00","shop_order":"0","has_category":"1","landing_pages":null,"microdata":{"number":50,"category":""},"title":"Afrikai \u00e1llat, tr\u00f3pusi \u00e1llat, SZETT, 5db, V\u00edzfest\u00e9k K\u00e9p, Gyerekszoba Falik\u00e9p, babaszoba dekor\u00e1ci\u00f3, \u00e1llatos, vad\u00e1llat","description":"A4 Min\u0151s\u00e9gi Pap\u00edr Print Nyomtat\u00e1s \n* KERET N\u00c9LK\u00dcL *\n\nSzett: 5db print\n\n* KIVITELEZ\u00c9S & ELK\u00c9SZ\u00cdT\u00c9S:\nFelszerelt st\u00fadi\u00f3nkban a mi fel\u00fcgyelet\u00fcnk alatt, saj\u00e1t eszk\u00f6zeinkkel nyomtatjuk, k\u00e9sz\u00edtj\u00fck \u00e9s csomagoljuk k\u00e9peinket.\n\n* M\u00c9RET: A4 (210 x 297 mm)\n\nM\u00c1S M\u00c9RETET SZERETN\u00c9L?\nA2-es \u00e9s A3-as m\u00e9reteket megtal\u00e1lod a boltban!\nVagy \u00edrj \u00fczenetet, az \u00e1r m\u00e9rett\u0151l f\u00fcgg\u0151en v\u00e1ltozik.\n\n* ANYAG:\n250g - os textur\u00e1lt nat\u00far vagy feh\u00e9r m\u0171v\u00e9szpap\u00edr\n\n* SZ\u00d6VEG:\nV\u00e1s\u00e1rl\u00e1skor k\u00e9rlek hagyj \u00fczenetet a k\u00e9rt v\u00e1ltoztat\u00e1ssal, n\u00e9vvel, sz\u00f6veggel!\n\n* CSOMAGOL\u00c1S:\nKartonnal merev\u00edtve, bubor\u00e9kf\u00f3li\u00e1val vagy hengerben\n\n* FIZET\u00c9S:\nCsakis el\u0151re banki utal\u00e1ssal!\nA v\u00e1s\u00e1rl\u00e1s ut\u00e1n k\u00fcldj\u00fck a t\u00e1j\u00e9koztat\u00f3 emailt a sz\u00fcks\u00e9ges adatokkal\n\n* \u00c1TFUT\u00c1SI ID\u0150:\nkb.: 3 munkanap\n\n* SAJ\u00c1T ELK\u00c9PZEL\u00c9SED VAN?\nEgyedi rendel\u00e9seket is sz\u00edvesen fogadunk.\n\u00cdrj nyugodtan!\n\nA v\u00edzjel leker\u00fcl a k\u00e9sz term\u00e9kr\u0151l, egy\u00e9b keretek, h\u00e1tterek, dekor\u00e1ci\u00f3k csak illusztrat\u00edv jelleget k\u00e9peznek.\n\nSZERZ\u0150I JOG:\n- Minden jog fenntartva\nFelh\u00edjuk figyelmedet, hogy a szerz\u0151i jog minden term\u00e9kre megmarad. ","score":0,"formatted_price":"4 500 Ft","image_url":"https:\/\/www.meska.hu\/img\/product\/small\/r\/r\/rrstudio_product_272819_191110131010_94983.jpeg","formatted_url":"https:\/\/www.meska.hu\/p3570352-afrikai-allat-tropusi-allat-szett-5db-vizfestek-kep-gyerekszoba-falikep-babaszoba-dekoracio-allatos-vadallat","favourite":false,"in_stock":true,"avatar":"RRstudio_avatar_272819_1590081778.jpg","delete_from":0,"is_enhanced_background":false,"is_enhanced":false,"product_selection_started":false,"is_active":true,"image_webp_url":"https:\/\/www.meska.hu\/img\/product\/small\/r\/r\/rrstudio_product_272819_191110131010_94983.webp"},{"id":"5953210","shop_id":"10299","user_id":"58540","shop_name":"ekszerkeramia","shop_zip":"2700","product_code":"5643477","product_name_old":null,"product_name":"Vir\u00e1gos falik\u00e9p","category_string":"Otthon & \u00c9letm\u00f3d, Dekor\u00e1ci\u00f3, K\u00e9p & Falik\u00e9p, T\u00f6bb r\u00e9szes k\u00e9p","technic_string":"","category_1":"813","category_2":"314","category_3":"417","category_4":"1429","merged_category_1":null,"merged_category_2":null,"merged_category_3":null,"technic_1":"0","technic_2":"0","technic_3":"0","color_1":"514","color_2":"515","color_3":"525","product_description_old":null,"product_description":"Mag\u00e1t a k\u00e9pkeretet a sv\u00e9d b\u00fator\u00e1ruh\u00e1zban vettem. A keretbe ker\u00e1mia vir\u00e1gokat,leveleket t\u0171ztem, z\u00fazm\u00f3val d\u00edsz\u00edtettem. A k\u00e9p pici f\u00e9m akaszt\u00f3val falra tehet\u0151, de asztalra,polcra is \u00e1ll\u00edthat\u00f3 . A keret m\u00e9rete:13,5x18,5 cm.","price":"3900.00","unit":"db","recommended":"0","status":"1","sponsored":"0","exp_notify":"0","own_material":"0","own_material_description_old":null,"own_material_description":"","jury":"0","jury_number":"","product_nature":"","meskaracsony":"0","create_date":"2026-02-07 09:55:29","shelve_id":"44576","image":"ekszerkeramia_product_58540_251009151851_504295.jpeg","image_width":"480","image_height":"463","image_alt":"Vir\u00e1gos falik\u00e9p, Mag\u00e1t a k\u00e9pkeretet a sv\u00e9d b\u00fator\u00e1ruh\u00e1zban vettem. A keretbe ker\u00e1mia vir\u00e1gokat,leveleket t\u0171ztem, z\u00fazm\u00f3..., Meska","image_title":"Vir\u00e1gos falik\u00e9p, Meska","view_count":"132","favourite_count":"1","trending_score":"0","last2MonthFavouriteCount":"1","promotion":0,"giftcard_accept":"0","creditcard_accept":false,"enhanced_background":"0","domain":"meska","specific_customer_id":null,"specific_customer_name":null,"to_order_product":"0","to_order_product_time":"0","product_different":null,"product_different_description":"","vintage":"0","vintage_category_id":"0","recycled":"0","gemstone_id":"0","customizable":"0","type_category":"physical","zerowaste":"0","postage_price":"2390.00","shop_order":"183","has_category":"1","landing_pages":null,"microdata":{"number":51,"category":""},"title":"Vir\u00e1gos falik\u00e9p","description":"Mag\u00e1t a k\u00e9pkeretet a sv\u00e9d b\u00fator\u00e1ruh\u00e1zban vettem. A keretbe ker\u00e1mia vir\u00e1gokat,leveleket t\u0171ztem, z\u00fazm\u00f3val d\u00edsz\u00edtettem. A k\u00e9p pici f\u00e9m akaszt\u00f3val falra tehet\u0151, de asztalra,polcra is \u00e1ll\u00edthat\u00f3 . A keret m\u00e9rete:13,5x18,5 cm.","score":0,"formatted_price":"3 900 Ft","image_url":"https:\/\/www.meska.hu\/img\/product\/small\/e\/k\/ekszerkeramia_product_58540_251009151851_504295.jpeg","formatted_url":"https:\/\/www.meska.hu\/p5643477-viragos-falikep","favourite":false,"in_stock":true,"avatar":"ekszerkeramia_avatar_58540.jpg","delete_from":0,"is_enhanced_background":false,"is_enhanced":false,"product_selection_started":false,"is_active":true,"image_webp_url":"https:\/\/www.meska.hu\/img\/product\/small\/e\/k\/ekszerkeramia_product_58540_251009151851_504295.webp"},{"id":"5953321","shop_id":"10299","user_id":"58540","shop_name":"ekszerkeramia","shop_zip":"2700","product_code":"5643544","product_name_old":null,"product_name":"Madaras falik\u00e9p","category_string":"Otthon & \u00c9letm\u00f3d, Dekor\u00e1ci\u00f3, K\u00e9p & Falik\u00e9p, T\u00f6bb r\u00e9szes k\u00e9p","technic_string":"","category_1":"813","category_2":"314","category_3":"417","category_4":"1429","merged_category_1":null,"merged_category_2":null,"merged_category_3":null,"technic_1":"0","technic_2":"0","technic_3":"0","color_1":"514","color_2":"515","color_3":"521","product_description_old":null,"product_description":"Mag\u00e1t a k\u00e9pkeretet a sv\u00e9d b\u00fator\u00e1ruh\u00e1zban vettem. A keretbe ker\u00e1mia madarat,vir\u00e1gokat,leveleket t\u0171ztem, z\u00fazm\u00f3val d\u00edsz\u00edtettem. A k\u00e9p pici f\u00e9m akaszt\u00f3val falra tehet\u0151, de asztalra,polcra is \u00e1ll\u00edthat\u00f3 . A keret m\u00e9rete:13,5x18,5 cm.","price":"3900.00","unit":"db","recommended":"0","status":"1","sponsored":"0","exp_notify":"0","own_material":"0","own_material_description_old":null,"own_material_description":"","jury":"0","jury_number":"","product_nature":"","meskaracsony":"0","create_date":"2026-02-07 09:53:50","shelve_id":"44576","image":"ekszerkeramia_product_58540_251009171230_20294.jpeg","image_width":"480","image_height":"502","image_alt":"Madaras falik\u00e9p, Mag\u00e1t a k\u00e9pkeretet a sv\u00e9d b\u00fator\u00e1ruh\u00e1zban vettem. A keretbe ker\u00e1mia madarat,vir\u00e1gokat,leveleket t\u0171zte..., Meska","image_title":"Madaras falik\u00e9p, Meska","view_count":"120","favourite_count":"1","trending_score":"0","last2MonthFavouriteCount":"1","promotion":0,"giftcard_accept":"0","creditcard_accept":false,"enhanced_background":"0","domain":"meska","specific_customer_id":null,"specific_customer_name":null,"to_order_product":"0","to_order_product_time":"0","product_different":null,"product_different_description":"","vintage":"0","vintage_category_id":"0","recycled":"0","gemstone_id":"0","customizable":"0","type_category":"physical","zerowaste":"0","postage_price":"2390.00","shop_order":"184","has_category":"1","landing_pages":null,"microdata":{"number":52,"category":""},"title":"Madaras falik\u00e9p","description":"Mag\u00e1t a k\u00e9pkeretet a sv\u00e9d b\u00fator\u00e1ruh\u00e1zban vettem. A keretbe ker\u00e1mia madarat,vir\u00e1gokat,leveleket t\u0171ztem, z\u00fazm\u00f3val d\u00edsz\u00edtettem. A k\u00e9p pici f\u00e9m akaszt\u00f3val falra tehet\u0151, de asztalra,polcra is \u00e1ll\u00edthat\u00f3 . A keret m\u00e9rete:13,5x18,5 cm.","score":0,"formatted_price":"3 900 Ft","image_url":"https:\/\/www.meska.hu\/img\/product\/small\/e\/k\/ekszerkeramia_product_58540_251009171230_20294.jpeg","formatted_url":"https:\/\/www.meska.hu\/p5643544-madaras-falikep","favourite":false,"in_stock":true,"avatar":"ekszerkeramia_avatar_58540.jpg","delete_from":0,"is_enhanced_background":false,"is_enhanced":false,"product_selection_started":false,"is_active":true,"image_webp_url":"https:\/\/www.meska.hu\/img\/product\/small\/e\/k\/ekszerkeramia_product_58540_251009171230_20294.webp"},{"id":"5473651","shop_id":"19751","user_id":"192651","shop_name":"CristalloDesign","shop_zip":"2483","product_code":"5365401","product_name_old":null,"product_name":"Vadvir\u00e1gos falik\u00e9p szett, mezei vir\u00e1gos poszter sorozat, digit\u00e1lis k\u00e9p 3 db","category_string":"Otthon & \u00c9letm\u00f3d, Dekor\u00e1ci\u00f3, K\u00e9p & Falik\u00e9p, T\u00f6bb r\u00e9szes k\u00e9p","technic_string":"Fot\u00f3, grafika, rajz, illusztr\u00e1ci\u00f3","category_1":"813","category_2":"314","category_3":"417","category_4":"1429","merged_category_1":null,"merged_category_2":null,"merged_category_3":null,"technic_1":"483","technic_2":"0","technic_3":"0","color_1":"520","color_2":"0","color_3":"0","product_description_old":null,"product_description":"Vadvir\u00e1gos poszter, mezei vir\u00e1gos fali dekor\u00e1ci\u00f3. Ny\u00e1ri hangulatot szeretn\u00e9l lak\u00e1sodban, ez a falik\u00e9psorozat t\u00f6k\u00e9letes v\u00e1laszt\u00e1s. A poszter sorozatot csak t\u00f6ltsd le, nyomtasd ki \u00e9s m\u00e1r aj\u00e1nd\u00e9kozhatod sz\u00fclet\u00e9snapra, h\u00e1zavat\u00f3ra. \n\n\u2605 t\u00f6ltsd le \u2605 nyomtasd ki \u2605 keretezd be \u2605 akaszd fel \u2605 ilyen egyszer\u0171!\n\nA megadott \u00e1r a 3 db digit\u00e1lis poszter \u00e1ra A\/4 m\u00e9retben!\nA posztereket nagy felbont\u00e1s\u00fa PDF form\u00e1tumban elektronikusan k\u00fcld\u00f6m el\u0151re utal\u00e1st k\u00f6vet\u0151en.   \n\nFIZIKAI TERM\u00c9K NEM KER\u00dcL POST\u00c1Z\u00c1SRA!\n\nA let\u00f6lthet\u0151, digit\u00e1lis k\u00e9p vagy poszter egyszer\u0171 \u00e9s megfizethet\u0151 m\u00f3dja annak, hogy egyediv\u00e9 var\u00e1zsold otthonod vagy irod\u00e1d bels\u0151 ter\u00e9t. Kinyomtathatod a k\u00e9peket otthon, vagy ak\u00e1r a helyi f\u00e9nym\u00e1sol\u00f3 \u00fczletben is.\n\nA poszter sorozat t\u00f6bbi darabj\u00e1t itt tal\u00e1lod:\nhttps:\/\/www.meska.hu\/p5365398-vadviragos-falikep-szett-mezei-viragos-poszter-sorozat-digitalis-kep-3-db\n\n*A k\u00e9pen l\u00e1that\u00f3 dekor\u00e1ci\u00f3k nem k\u00e9pezik a term\u00e9k r\u00e9sz\u00e9t \n\nA V\u00c1S\u00c1RL\u00c1S MENETE:  \n\n1. A megfelel\u0151 mennyis\u00e9g\u0171 term\u00e9ket helyezd a kosaradba \u00e9s ind\u00edtsd el a v\u00e1s\u00e1rl\u00e1st.  \n2. A teljes \u00f6sszeg be\u00e9rkez\u00e9se ut\u00e1n ker\u00fcl nyomtat\u00e1sra, vagy k\u00fcld\u00f6m digit\u00e1lis form\u00e1tumban   \n\nHa egyedi k\u00e9r\u00e9sed vagy k\u00e9rd\u00e9sed van, k\u00e9rlek k\u00fcldj \u00fczenetet.  \nA k\u00fcl\u00f6nb\u00f6z\u0151 k\u00e9perny\u0151k k\u00fcl\u00f6nb\u00f6z\u0151 m\u00f3don jelen\u00edthetik meg a grafik\u00e1t, ez\u00e9rt kis m\u00e9rt\u00e9kben elt\u00e9rhet a k\u00e9perny\u0151n l\u00e1tott a nyomtatott v\u00e1ltozatt\u00f3l. \nA term\u00e9keim nagyobb t\u00e9telben is kaphat\u00f3k.\n\nFIZET\u00c9S:\nEl\u0151re utal\u00e1ssal vagy bankk\u00e1rty\u00e1val tudsz fizetni, az utal\u00e1shoz a v\u00e1s\u00e1rl\u00e1s ut\u00e1n megadott email c\u00edmre k\u00fcld\u00f6m az adatokat. \n\n\nSZERZ\u0150I JOG:\n\nFelh\u00edvom figyelmedet, hogy a term\u00e9keken tal\u00e1lhat\u00f3 grafika, valamint a hozz\u00e1 tartoz\u00f3 k\u00e9pek szerz\u0151i jogv\u00e9delem alatt \u00e1llnak \u00e9s a szerz\u0151i jog ide vonatkoz\u00f3 r\u00e9szei v\u00e9dik. A term\u00e9k megv\u00e1s\u00e1rl\u00e1s\u00e1val a grafika tulajdonjoga nem ker\u00fcl \u00e1t a v\u00e1s\u00e1rl\u00f3ra, az tov\u00e1bbra is az alkot\u00f3 tulajdon\u00e1t k\u00e9pezi, ez\u00e9rt az alkot\u00f3 tudt\u00e1n k\u00edv\u00fcl b\u00e1rmilyen felhaszn\u00e1l\u00e1sa \u00e9s sokszoros\u00edt\u00e1sa TILOS.","price":"2400.00","unit":"db","recommended":"0","status":"1","sponsored":"0","exp_notify":"0","own_material":"0","own_material_description_old":null,"own_material_description":"","jury":"0","jury_number":"","product_nature":"","meskaracsony":"0","create_date":"2026-02-06 18:49:56","shelve_id":"71491","image":"cristallodesign_product_192651_240906083847_777149.jpeg","image_width":"480","image_height":"360","image_alt":"Vadvir\u00e1gos falik\u00e9p szett, mezei vir\u00e1gos poszter sorozat, digit\u00e1lis k\u00e9p 3 db, Vadvir\u00e1gos poszter, mezei vir\u00e1gos fali dekor\u00e1ci\u00f3. Ny\u00e1ri hangulatot szeretn\u00e9l lak\u00e1sodban, ez a falik\u00e9..., Meska","image_title":"Vadvir\u00e1gos falik\u00e9p szett, mezei vir\u00e1gos poszter sorozat, digit\u00e1lis k\u00e9p 3 db, Meska","view_count":"523","favourite_count":"0","trending_score":"0","last2MonthFavouriteCount":"1","promotion":"0","giftcard_accept":"1","creditcard_accept":true,"enhanced_background":"0","domain":"meska","specific_customer_id":null,"specific_customer_name":null,"to_order_product":"0","to_order_product_time":"0","product_different":null,"product_different_description":"","vintage":"0","vintage_category_id":"0","recycled":"0","gemstone_id":"0","customizable":"0","type_category":"digital","zerowaste":"0","postage_price":"1290.00","shop_order":"627","has_category":"1","landing_pages":null,"microdata":{"number":53,"category":""},"title":"Vadvir\u00e1gos falik\u00e9p szett, mezei vir\u00e1gos poszter sorozat, digit\u00e1lis k\u00e9p 3 db","description":"Vadvir\u00e1gos poszter, mezei vir\u00e1gos fali dekor\u00e1ci\u00f3. Ny\u00e1ri hangulatot szeretn\u00e9l lak\u00e1sodban, ez a falik\u00e9psorozat t\u00f6k\u00e9letes v\u00e1laszt\u00e1s. A poszter sorozatot csak t\u00f6ltsd le, nyomtasd ki \u00e9s m\u00e1r aj\u00e1nd\u00e9kozhatod sz\u00fclet\u00e9snapra, h\u00e1zavat\u00f3ra. \n\n\u2605 t\u00f6ltsd le \u2605 nyomtasd ki \u2605 keretezd be \u2605 akaszd fel \u2605 ilyen egyszer\u0171!\n\nA megadott \u00e1r a 3 db digit\u00e1lis poszter \u00e1ra A\/4 m\u00e9retben!\nA posztereket nagy felbont\u00e1s\u00fa PDF form\u00e1tumban elektronikusan k\u00fcld\u00f6m el\u0151re utal\u00e1st k\u00f6vet\u0151en.   \n\nFIZIKAI TERM\u00c9K NEM KER\u00dcL POST\u00c1Z\u00c1SRA!\n\nA let\u00f6lthet\u0151, digit\u00e1lis k\u00e9p vagy poszter egyszer\u0171 \u00e9s megfizethet\u0151 m\u00f3dja annak, hogy egyediv\u00e9 var\u00e1zsold otthonod vagy irod\u00e1d bels\u0151 ter\u00e9t. Kinyomtathatod a k\u00e9peket otthon, vagy ak\u00e1r a helyi f\u00e9nym\u00e1sol\u00f3 \u00fczletben is.\n\nA poszter sorozat t\u00f6bbi darabj\u00e1t itt tal\u00e1lod:\nhttps:\/\/www.meska.hu\/p5365398-vadviragos-falikep-szett-mezei-viragos-poszter-sorozat-digitalis-kep-3-db\n\n*A k\u00e9pen l\u00e1that\u00f3 dekor\u00e1ci\u00f3k nem k\u00e9pezik a term\u00e9k r\u00e9sz\u00e9t \n\nA V\u00c1S\u00c1RL\u00c1S MENETE:  \n\n1. A megfelel\u0151 mennyis\u00e9g\u0171 term\u00e9ket helyezd a kosaradba \u00e9s ind\u00edtsd el a v\u00e1s\u00e1rl\u00e1st.  \n2. A teljes \u00f6sszeg be\u00e9rkez\u00e9se ut\u00e1n ker\u00fcl nyomtat\u00e1sra, vagy k\u00fcld\u00f6m digit\u00e1lis form\u00e1tumban   \n\nHa egyedi k\u00e9r\u00e9sed vagy k\u00e9rd\u00e9sed van, k\u00e9rlek k\u00fcldj \u00fczenetet.  \nA k\u00fcl\u00f6nb\u00f6z\u0151 k\u00e9perny\u0151k k\u00fcl\u00f6nb\u00f6z\u0151 m\u00f3don jelen\u00edthetik meg a grafik\u00e1t, ez\u00e9rt kis m\u00e9rt\u00e9kben elt\u00e9rhet a k\u00e9perny\u0151n l\u00e1tott a nyomtatott v\u00e1ltozatt\u00f3l. \nA term\u00e9keim nagyobb t\u00e9telben is kaphat\u00f3k.\n\nFIZET\u00c9S:\nEl\u0151re utal\u00e1ssal vagy bankk\u00e1rty\u00e1val tudsz fizetni, az utal\u00e1shoz a v\u00e1s\u00e1rl\u00e1s ut\u00e1n megadott email c\u00edmre k\u00fcld\u00f6m az adatokat. \n\n\nSZERZ\u0150I JOG:\n\nFelh\u00edvom figyelmedet, hogy a term\u00e9keken tal\u00e1lhat\u00f3 grafika, valamint a hozz\u00e1 tartoz\u00f3 k\u00e9pek szerz\u0151i jogv\u00e9delem alatt \u00e1llnak \u00e9s a szerz\u0151i jog ide vonatkoz\u00f3 r\u00e9szei v\u00e9dik. A term\u00e9k megv\u00e1s\u00e1rl\u00e1s\u00e1val a grafika tulajdonjoga nem ker\u00fcl \u00e1t a v\u00e1s\u00e1rl\u00f3ra, az tov\u00e1bbra is az alkot\u00f3 tulajdon\u00e1t k\u00e9pezi, ez\u00e9rt az alkot\u00f3 tudt\u00e1n k\u00edv\u00fcl b\u00e1rmilyen felhaszn\u00e1l\u00e1sa \u00e9s sokszoros\u00edt\u00e1sa TILOS.","score":0,"formatted_price":"2 400 Ft","image_url":"https:\/\/www.meska.hu\/img\/product\/small\/c\/r\/cristallodesign_product_192651_240906083847_777149.jpeg","formatted_url":"https:\/\/www.meska.hu\/p5365401-vadviragos-falikep-szett-mezei-viragos-poszter-sorozat-digitalis-kep-3-db","favourite":false,"in_stock":true,"avatar":"192651_avatar_1694586040.jpeg","delete_from":0,"is_enhanced_background":false,"is_enhanced":false,"product_selection_started":false,"is_active":true,"image_webp_url":"https:\/\/www.meska.hu\/img\/product\/small\/c\/r\/cristallodesign_product_192651_240906083847_777149.webp"},{"id":"5473645","shop_id":"19751","user_id":"192651","shop_name":"CristalloDesign","shop_zip":"2483","product_code":"5365398","product_name_old":null,"product_name":"Vadvir\u00e1gos falik\u00e9p szett, mezei vir\u00e1gos poszter sorozat, digit\u00e1lis k\u00e9p 3 db","category_string":"Otthon & \u00c9letm\u00f3d, Dekor\u00e1ci\u00f3, K\u00e9p & Falik\u00e9p, T\u00f6bb r\u00e9szes k\u00e9p","technic_string":"Fot\u00f3, grafika, rajz, illusztr\u00e1ci\u00f3","category_1":"813","category_2":"314","category_3":"417","category_4":"1429","merged_category_1":null,"merged_category_2":null,"merged_category_3":null,"technic_1":"483","technic_2":"0","technic_3":"0","color_1":"520","color_2":"0","color_3":"0","product_description_old":null,"product_description":"Vadvir\u00e1gos poszter, mezei vir\u00e1gos fali dekor\u00e1ci\u00f3. Ny\u00e1ri hangulatot szeretn\u00e9l lak\u00e1sodban, ez a falik\u00e9psorozat t\u00f6k\u00e9letes v\u00e1laszt\u00e1s. Poszter sorozatot csak t\u00f6ltsd le, nyomtasd ki \u00e9s m\u00e1r aj\u00e1nd\u00e9kozhatod sz\u00fclet\u00e9snapra, h\u00e1zavat\u00f3ra. \n\n\u2605 t\u00f6ltsd le \u2605 nyomtasd ki \u2605 keretezd be \u2605 akaszd fel \u2605 ilyen egyszer\u0171!\n\nA megadott \u00e1r a 3 db digit\u00e1lis poszter \u00e1ra A\/4 m\u00e9retben!\nA posztereket nagy felbont\u00e1s\u00fa PDF form\u00e1tumban elektronikusan k\u00fcld\u00f6m el\u0151re utal\u00e1st k\u00f6vet\u0151en.   \n\nFIZIKAI TERM\u00c9K NEM KER\u00dcL POST\u00c1Z\u00c1SRA!\n\nA let\u00f6lthet\u0151, digit\u00e1lis k\u00e9p vagy poszter egyszer\u0171 \u00e9s megfizethet\u0151 m\u00f3dja annak, hogy egyediv\u00e9 var\u00e1zsold otthonod vagy irod\u00e1d bels\u0151 ter\u00e9t. Kinyomtathatod a k\u00e9peket otthon, vagy ak\u00e1r a helyi f\u00e9nym\u00e1sol\u00f3 \u00fczletben is.\n\nA poszter sorozat t\u00f6bbi darabj\u00e1t itt tal\u00e1lod:\nhttps:\/\/www.meska.hu\/p5365401-vadviragos-falikep-szett-mezei-viragos-poszter-sorozat-digitalis-kep-3-db\n\n*A k\u00e9pen l\u00e1that\u00f3 dekor\u00e1ci\u00f3k nem k\u00e9pezik a term\u00e9k r\u00e9sz\u00e9t \n\nA V\u00c1S\u00c1RL\u00c1S MENETE:  \n\n1. A megfelel\u0151 mennyis\u00e9g\u0171 term\u00e9ket helyezd a kosaradba \u00e9s ind\u00edtsd el a v\u00e1s\u00e1rl\u00e1st.  \n2. A teljes \u00f6sszeg be\u00e9rkez\u00e9se ut\u00e1n ker\u00fcl nyomtat\u00e1sra, vagy k\u00fcld\u00f6m digit\u00e1lis form\u00e1tumban   \n\nHa egyedi k\u00e9r\u00e9sed vagy k\u00e9rd\u00e9sed van, k\u00e9rlek k\u00fcldj \u00fczenetet.  \nA k\u00fcl\u00f6nb\u00f6z\u0151 k\u00e9perny\u0151k k\u00fcl\u00f6nb\u00f6z\u0151 m\u00f3don jelen\u00edthetik meg a grafik\u00e1t, ez\u00e9rt kis m\u00e9rt\u00e9kben elt\u00e9rhet a k\u00e9perny\u0151n l\u00e1tott a nyomtatott v\u00e1ltozatt\u00f3l. \nA term\u00e9keim nagyobb t\u00e9telben is kaphat\u00f3k.\n\nFIZET\u00c9S:\nEl\u0151re utal\u00e1ssal vagy bankk\u00e1rty\u00e1val tudsz fizetni, az utal\u00e1shoz a v\u00e1s\u00e1rl\u00e1s ut\u00e1n megadott email c\u00edmre k\u00fcld\u00f6m az adatokat. \n\n\nSZERZ\u0150I JOG:\n\nFelh\u00edvom figyelmedet, hogy a term\u00e9keken tal\u00e1lhat\u00f3 grafika, valamint a hozz\u00e1 tartoz\u00f3 k\u00e9pek szerz\u0151i jogv\u00e9delem alatt \u00e1llnak \u00e9s a szerz\u0151i jog ide vonatkoz\u00f3 r\u00e9szei v\u00e9dik. A term\u00e9k megv\u00e1s\u00e1rl\u00e1s\u00e1val a grafika tulajdonjoga nem ker\u00fcl \u00e1t a v\u00e1s\u00e1rl\u00f3ra, az tov\u00e1bbra is az alkot\u00f3 tulajdon\u00e1t k\u00e9pezi, ez\u00e9rt az alkot\u00f3 tudt\u00e1n k\u00edv\u00fcl b\u00e1rmilyen felhaszn\u00e1l\u00e1sa \u00e9s sokszoros\u00edt\u00e1sa TILOS.","price":"2400.00","unit":"db","recommended":"0","status":"1","sponsored":"0","exp_notify":"0","own_material":"0","own_material_description_old":null,"own_material_description":"","jury":"0","jury_number":"","product_nature":"","meskaracsony":"0","create_date":"2026-02-06 18:49:23","shelve_id":"71491","image":"cristallodesign_product_192651_240906083032_9741.jpeg","image_width":"480","image_height":"360","image_alt":"Vadvir\u00e1gos falik\u00e9p szett, mezei vir\u00e1gos poszter sorozat, digit\u00e1lis k\u00e9p 3 db, Vadvir\u00e1gos poszter, mezei vir\u00e1gos fali dekor\u00e1ci\u00f3. Ny\u00e1ri hangulatot szeretn\u00e9l lak\u00e1sodban, ez a falik\u00e9..., Meska","image_title":"Vadvir\u00e1gos falik\u00e9p szett, mezei vir\u00e1gos poszter sorozat, digit\u00e1lis k\u00e9p 3 db, Meska","view_count":"574","favourite_count":"0","trending_score":"0","last2MonthFavouriteCount":"1","promotion":"0","giftcard_accept":"1","creditcard_accept":true,"enhanced_background":"0","domain":"meska","specific_customer_id":null,"specific_customer_name":null,"to_order_product":"0","to_order_product_time":"0","product_different":null,"product_different_description":"","vintage":"0","vintage_category_id":"0","recycled":"0","gemstone_id":"0","customizable":"0","type_category":"digital","zerowaste":"0","postage_price":"1290.00","shop_order":"630","has_category":"1","landing_pages":null,"microdata":{"number":54,"category":""},"title":"Vadvir\u00e1gos falik\u00e9p szett, mezei vir\u00e1gos poszter sorozat, digit\u00e1lis k\u00e9p 3 db","description":"Vadvir\u00e1gos poszter, mezei vir\u00e1gos fali dekor\u00e1ci\u00f3. Ny\u00e1ri hangulatot szeretn\u00e9l lak\u00e1sodban, ez a falik\u00e9psorozat t\u00f6k\u00e9letes v\u00e1laszt\u00e1s. Poszter sorozatot csak t\u00f6ltsd le, nyomtasd ki \u00e9s m\u00e1r aj\u00e1nd\u00e9kozhatod sz\u00fclet\u00e9snapra, h\u00e1zavat\u00f3ra. \n\n\u2605 t\u00f6ltsd le \u2605 nyomtasd ki \u2605 keretezd be \u2605 akaszd fel \u2605 ilyen egyszer\u0171!\n\nA megadott \u00e1r a 3 db digit\u00e1lis poszter \u00e1ra A\/4 m\u00e9retben!\nA posztereket nagy felbont\u00e1s\u00fa PDF form\u00e1tumban elektronikusan k\u00fcld\u00f6m el\u0151re utal\u00e1st k\u00f6vet\u0151en.   \n\nFIZIKAI TERM\u00c9K NEM KER\u00dcL POST\u00c1Z\u00c1SRA!\n\nA let\u00f6lthet\u0151, digit\u00e1lis k\u00e9p vagy poszter egyszer\u0171 \u00e9s megfizethet\u0151 m\u00f3dja annak, hogy egyediv\u00e9 var\u00e1zsold otthonod vagy irod\u00e1d bels\u0151 ter\u00e9t. Kinyomtathatod a k\u00e9peket otthon, vagy ak\u00e1r a helyi f\u00e9nym\u00e1sol\u00f3 \u00fczletben is.\n\nA poszter sorozat t\u00f6bbi darabj\u00e1t itt tal\u00e1lod:\nhttps:\/\/www.meska.hu\/p5365401-vadviragos-falikep-szett-mezei-viragos-poszter-sorozat-digitalis-kep-3-db\n\n*A k\u00e9pen l\u00e1that\u00f3 dekor\u00e1ci\u00f3k nem k\u00e9pezik a term\u00e9k r\u00e9sz\u00e9t \n\nA V\u00c1S\u00c1RL\u00c1S MENETE:  \n\n1. A megfelel\u0151 mennyis\u00e9g\u0171 term\u00e9ket helyezd a kosaradba \u00e9s ind\u00edtsd el a v\u00e1s\u00e1rl\u00e1st.  \n2. A teljes \u00f6sszeg be\u00e9rkez\u00e9se ut\u00e1n ker\u00fcl nyomtat\u00e1sra, vagy k\u00fcld\u00f6m digit\u00e1lis form\u00e1tumban   \n\nHa egyedi k\u00e9r\u00e9sed vagy k\u00e9rd\u00e9sed van, k\u00e9rlek k\u00fcldj \u00fczenetet.  \nA k\u00fcl\u00f6nb\u00f6z\u0151 k\u00e9perny\u0151k k\u00fcl\u00f6nb\u00f6z\u0151 m\u00f3don jelen\u00edthetik meg a grafik\u00e1t, ez\u00e9rt kis m\u00e9rt\u00e9kben elt\u00e9rhet a k\u00e9perny\u0151n l\u00e1tott a nyomtatott v\u00e1ltozatt\u00f3l. \nA term\u00e9keim nagyobb t\u00e9telben is kaphat\u00f3k.\n\nFIZET\u00c9S:\nEl\u0151re utal\u00e1ssal vagy bankk\u00e1rty\u00e1val tudsz fizetni, az utal\u00e1shoz a v\u00e1s\u00e1rl\u00e1s ut\u00e1n megadott email c\u00edmre k\u00fcld\u00f6m az adatokat. \n\n\nSZERZ\u0150I JOG:\n\nFelh\u00edvom figyelmedet, hogy a term\u00e9keken tal\u00e1lhat\u00f3 grafika, valamint a hozz\u00e1 tartoz\u00f3 k\u00e9pek szerz\u0151i jogv\u00e9delem alatt \u00e1llnak \u00e9s a szerz\u0151i jog ide vonatkoz\u00f3 r\u00e9szei v\u00e9dik. A term\u00e9k megv\u00e1s\u00e1rl\u00e1s\u00e1val a grafika tulajdonjoga nem ker\u00fcl \u00e1t a v\u00e1s\u00e1rl\u00f3ra, az tov\u00e1bbra is az alkot\u00f3 tulajdon\u00e1t k\u00e9pezi, ez\u00e9rt az alkot\u00f3 tudt\u00e1n k\u00edv\u00fcl b\u00e1rmilyen felhaszn\u00e1l\u00e1sa \u00e9s sokszoros\u00edt\u00e1sa TILOS.","score":0,"formatted_price":"2 400 Ft","image_url":"https:\/\/www.meska.hu\/img\/product\/small\/c\/r\/cristallodesign_product_192651_240906083032_9741.jpeg","formatted_url":"https:\/\/www.meska.hu\/p5365398-vadviragos-falikep-szett-mezei-viragos-poszter-sorozat-digitalis-kep-3-db","favourite":false,"in_stock":true,"avatar":"192651_avatar_1694586040.jpeg","delete_from":0,"is_enhanced_background":false,"is_enhanced":false,"product_selection_started":false,"is_active":true,"image_webp_url":"https:\/\/www.meska.hu\/img\/product\/small\/c\/r\/cristallodesign_product_192651_240906083032_9741.webp"},{"id":"6100407","shop_id":"34435","user_id":"450089","shop_name":"DarwinaCandle","shop_zip":"4450","product_code":"5723523","product_name_old":null,"product_name":"Mandala","category_string":"Otthon & \u00c9letm\u00f3d, Dekor\u00e1ci\u00f3, K\u00e9p & Falik\u00e9p, T\u00f6bb r\u00e9szes k\u00e9p","technic_string":"","category_1":"813","category_2":"314","category_3":"417","category_4":"1429","merged_category_1":null,"merged_category_2":null,"merged_category_3":null,"technic_1":"0","technic_2":"0","technic_3":"0","color_1":"532","color_2":"0","color_3":"0","product_description_old":null,"product_description":"20x 20 cm-es pontoz\u00e1s technik\u00e1val k\u00e9sz\u00fclt saj\u00e1t k\u00e9sz\u00edt\u00e9s\u0171 falik\u00e9p.","price":"6990.00","unit":"db","recommended":"0","status":"1","sponsored":"0","exp_notify":"0","own_material":"0","own_material_description_old":null,"own_material_description":"","jury":"0","jury_number":"","product_nature":"","meskaracsony":"0","create_date":"2026-02-02 06:21:29","shelve_id":"82454","image":"darwinacandle_product_450089_260202061725_771187.jpeg","image_width":"480","image_height":"487","image_alt":"Mandala, 20x 20 cm-es pontoz\u00e1s technik\u00e1val k\u00e9sz\u00fclt saj\u00e1t k\u00e9sz\u00edt\u00e9s\u0171 falik\u00e9p., Meska","image_title":"Mandala, Meska","view_count":"47","favourite_count":"0","trending_score":"0","last2MonthFavouriteCount":"0","promotion":"0","giftcard_accept":"0","creditcard_accept":false,"enhanced_background":"0","domain":"meska","specific_customer_id":null,"specific_customer_name":null,"to_order_product":"0","to_order_product_time":"0","product_different":null,"product_different_description":"","vintage":"0","vintage_category_id":"0","recycled":"0","gemstone_id":"0","customizable":"0","type_category":"physical","zerowaste":"0","postage_price":"1290.00","shop_order":"0","has_category":"1","landing_pages":null,"microdata":{"number":55,"category":""},"title":"Mandala","description":"20x 20 cm-es pontoz\u00e1s technik\u00e1val k\u00e9sz\u00fclt saj\u00e1t k\u00e9sz\u00edt\u00e9s\u0171 falik\u00e9p.","score":0,"formatted_price":"6 990 Ft","image_url":"https:\/\/www.meska.hu\/img\/product\/small\/d\/a\/darwinacandle_product_450089_260202061725_771187.jpeg","formatted_url":"https:\/\/www.meska.hu\/p5723523-mandala","favourite":false,"in_stock":true,"avatar":"DarwinaCandle_avatar_450089_1638730672.png","delete_from":0,"is_enhanced_background":false,"is_enhanced":false,"product_selection_started":false,"is_active":true,"image_webp_url":"https:\/\/www.meska.hu\/img\/product\/small\/d\/a\/darwinacandle_product_450089_260202061725_771187.webp"},{"id":"4716674","shop_id":"34836","user_id":"455330","shop_name":"NordWoodArt","shop_zip":"2112","product_code":"4908040","product_name_old":null,"product_name":"F\u00e1b\u00f3l k\u00e9sz\u00fclt lev\u00e9l mint\u00e1j\u00fa falid\u00edsz","category_string":"Otthon & \u00c9letm\u00f3d, Dekor\u00e1ci\u00f3, K\u00e9p & Falik\u00e9p, T\u00f6bb r\u00e9szes k\u00e9p","technic_string":"","category_1":"813","category_2":"314","category_3":"417","category_4":"1429","merged_category_1":null,"merged_category_2":null,"merged_category_3":null,"technic_1":"0","technic_2":"0","technic_3":"0","color_1":"514","color_2":"520","color_3":"0","product_description_old":null,"product_description":"Elad\u00f3 f\u00e1b\u00f3l k\u00e9sz\u00fclt lev\u00e9l mint\u00e1j\u00fa falid\u00edsz.44x26cm","price":"9000.00","unit":"db","recommended":"0","status":"1","sponsored":"0","exp_notify":"0","own_material":"0","own_material_description_old":null,"own_material_description":"","jury":"0","jury_number":"","product_nature":"","meskaracsony":"0","create_date":"2026-01-31 16:04:54","shelve_id":"74771","image":"nordwoodart_product_455330_230216110125_050369.jpeg","image_width":"480","image_height":"360","image_alt":"F\u00e1b\u00f3l k\u00e9sz\u00fclt lev\u00e9l mint\u00e1j\u00fa falid\u00edsz, Elad\u00f3 f\u00e1b\u00f3l k\u00e9sz\u00fclt lev\u00e9l mint\u00e1j\u00fa falid\u00edsz.44x26cm, Meska","image_title":"F\u00e1b\u00f3l k\u00e9sz\u00fclt lev\u00e9l mint\u00e1j\u00fa falid\u00edsz, Meska","view_count":"1111","favourite_count":"0","trending_score":"0","last2MonthFavouriteCount":"0","promotion":"0","giftcard_accept":"0","creditcard_accept":false,"enhanced_background":"0","domain":"meska","specific_customer_id":null,"specific_customer_name":null,"to_order_product":"0","to_order_product_time":"0","product_different":null,"product_different_description":"","vintage":"0","vintage_category_id":"0","recycled":"0","gemstone_id":"0","customizable":"0","type_category":"physical","zerowaste":"0","postage_price":"2390.00","shop_order":"0","has_category":"1","landing_pages":null,"microdata":{"number":56,"category":""},"title":"F\u00e1b\u00f3l k\u00e9sz\u00fclt lev\u00e9l mint\u00e1j\u00fa falid\u00edsz","description":"Elad\u00f3 f\u00e1b\u00f3l k\u00e9sz\u00fclt lev\u00e9l mint\u00e1j\u00fa falid\u00edsz.44x26cm","score":0,"formatted_price":"9 000 Ft","image_url":"https:\/\/www.meska.hu\/img\/product\/small\/n\/o\/nordwoodart_product_455330_230216110125_050369.jpeg","formatted_url":"https:\/\/www.meska.hu\/p4908040-fabol-keszult-level-mintaju-falidisz","favourite":false,"in_stock":true,"avatar":"455330_avatar_1708422319.png","delete_from":0,"is_enhanced_background":false,"is_enhanced":false,"product_selection_started":false,"is_active":true,"image_webp_url":"https:\/\/www.meska.hu\/img\/product\/small\/n\/o\/nordwoodart_product_455330_230216110125_050369.webp"},{"id":"3494631","shop_id":"29709","user_id":"371419","shop_name":"Hexartdesign","shop_zip":"1183","product_code":"3895272","product_name_old":null,"product_name":"12 db-os hatsz\u00f6g fot\u00f3 dekor\u00e1ci\u00f3 a Te csal\u00e1di k\u00e9peiddel","category_string":"Otthon & \u00c9letm\u00f3d, Dekor\u00e1ci\u00f3, K\u00e9p & Falik\u00e9p, T\u00f6bb r\u00e9szes k\u00e9p","technic_string":"Fot\u00f3, grafika, rajz, illusztr\u00e1ci\u00f3","category_1":"813","category_2":"314","category_3":"417","category_4":"1429","merged_category_1":"0","merged_category_2":"0","merged_category_3":"785","technic_1":"483","technic_2":"0","technic_3":"0","color_1":"532","color_2":"0","color_3":"0","product_description_old":null,"product_description":"Hexart Design - Az okos dekor\u00e1ci\u00f3\nNincs sz\u00fcks\u00e9g keretre \/ Kas\u00edrozott habkarton \/ Egy mozdulattal felrakhat\u00f3 \/ B\u0151v\u00edthet\u0151\n\n* * *\nHa t\u00f6bb dekor\u00e1ci\u00f3t is szeretn\u00e9l, akkor \u00e9rdemes szettet v\u00e1s\u00e1rolnod. Min\u00e9l nagyobb a szett darabsz\u00e1ma, ann\u00e1l olcs\u00f3bb egy dekor\u00e1ci\u00f3 \u00e1ra!\n* * *\n\nA kedvezm\u00e9nyes szett aj\u00e1nlatokat az al\u00e1bbi linken tudod megn\u00e9zni:\nhttps:\/\/www.meska.hu\/shop\/Hexartdesign?s=62737&o=legdragabb&p=1\n\nItt a lehet\u0151s\u00e9g hogy kirakd a falra a legkedvesebb csal\u00e1di k\u00e9peidet. Ez nem csup\u00e1n egy egyszer\u0171 fot\u00f3nyomtat\u00e1s, hanem k\u00e9sz dekor\u00e1ci\u00f3s megold\u00e1s, amivel nincs m\u00e1s dolgod csak felrakni a falra. Aj\u00e1nd\u00e9knak is kiv\u00e1l\u00f3.\n\nA hatsz\u00f6g form\u00e1kat v\u00e9gtelen elrendez\u00e9sben felrakhatod. Min\u00e9l t\u00f6bb darabos szettet v\u00e1lasztasz, ann\u00e1l egyedibb mint\u00e1t tudsz kirakni a falra.\n\nMi\u00e9rt \u00e9s milyen alkalomra aj\u00e1nlom?\n- Kar\u00e1csony - kar\u00e1csonyi aj\u00e1nd\u00e9k \u00f6tlet a p\u00e1rod sz\u00e1m\u00e1ra\n- M\u0171termi \/ csal\u00e1di fot\u00f3z\u00e1s - ha r\u00e9szt vett\u00e9l profi m\u0171termi \/ csal\u00e1di fot\u00f3z\u00e1son, akkor az ott k\u00e9sz\u00fclt k\u00e9peidhez a legjobb dekor\u00e1ci\u00f3s megold\u00e1s\n- Esk\u00fcv\u0151, n\u00e1szaj\u00e1nd\u00e9k - az esk\u00fcv\u0151i k\u00e9peid, melyek felid\u00e9zik a nagy nap \u00f6r\u00f6meit\n- \u00c9vfordul\u00f3, valentin nap - eml\u00e9kezetes pillanataitok \u00e9s fontos m\u00e9rf\u00f6ldk\u00f6veitek \u00e9vfordul\u00f3s vagy valentin napi meglepet\u00e9sk\u00e9nt\n- Sz\u00fclet\u00e9snap, n\u00e9vnap - ha egy igaz\u00e1n eredeti \u00e9s szem\u00e9lyes sz\u00fclet\u00e9snapi vagy n\u00e9vnapi aj\u00e1nd\u00e9kot adn\u00e1l\n- Gyermek\u00e1ld\u00e1s - babafot\u00f3k a kisbab\u00e1dr\u00f3l\n- Csal\u00e1di fot\u00f3k - fot\u00f3k amin egy\u00fctt van a csal\u00e1dod, ak\u00e1r otthon vagy utaz\u00e1s, nyaral\u00e1s k\u00f6zben \n- B\u0151v\u00edthet\u0151 megold\u00e1s - ha fot\u00f3s dekor\u00e1ci\u00f3t v\u00e1s\u00e1rolsz t\u0151lem, akkor azt b\u00e1rmikor tov\u00e1bb b\u0151v\u00edtheted \u00fajabb \u00e9s \u00fajabb elemekkel\n\nHogy mit takar az okos dekor\u00e1ci\u00f3?\nA legfontosabb el\u0151nyei, m\u00e1s dekor\u00e1ci\u00f3s megold\u00e1ssal szemben:\n- egy mozdulattal felrakhat\u00f3 b\u00e1rmilyen fel\u00fcletre (falra, szekr\u00e9nyre, \u00fcvegre stb.)\n- nincs sz\u00fcks\u00e9g sz\u00f6gre \u00e9s kalap\u00e1csra a felhelyez\u00e9shez\n- nincsenek tov\u00e1bbi k\u00f6lts\u00e9geid, hiszen nem kell keretet is v\u00e1s\u00e1rolni (egy A4-es k\u00e9p eset\u00e9ben ez keretenk\u00e9nt 2-5 ezer forint is lehet)\n- nyom n\u00e9lk\u00fcl \u00e1thelyezhet\u0151, t\u00f6bbsz\u00f6r is\n\nA k\u00e9pen l\u00e1that\u00f3 kieg\u00e9sz\u00edt\u0151 dekor\u00e1ci\u00f3s k\u00f6rnyezet csak illusztr\u00e1ci\u00f3, ami nem k\u00e9pezi a term\u00e9k r\u00e9sz\u00e9t. A m\u00e9retar\u00e1ny nem felt\u00e9tlen\u00fcl felel meg a val\u00f3s\u00e1gnak. A dekor\u00e1ci\u00f3 pontos m\u00e9ret \u00e9s fel\u00fclet opci\u00f3it az al\u00e1bbi term\u00e9kle\u00edr\u00e1sban l\u00e1thatod.\n\nTerm\u00e9kle\u00edr\u00e1s:\nMin\u0151s\u00e9gi fot\u00f3pap\u00edrra k\u00e9sz\u00fcl\u0151 nyomat, amely egy 5 mm-es vastag, hatsz\u00f6g form\u00e1j\u00fa feh\u00e9r habkartonra van kas\u00edrozva. R\u00f6gz\u00edt\u00e9se speci\u00e1lis ragaszt\u00e1si technol\u00f3gi\u00e1val t\u00f6rt\u00e9nik, amivel a dekor\u00e1ci\u00f3 nyom n\u00e9lk\u00fcl \u00e1thelyezhet\u0151, ak\u00e1r t\u00f6bbsz\u00f6r is.\nEl\u00e9rhet\u0151 az al\u00e1bbi m\u00e9ret \u00e9s fel\u00fclet opci\u00f3kban (a term\u00e9kk\u00e9pek k\u00f6z\u00f6tt megtal\u00e1lod a Norm\u00e1l \u00e9s Nagy verzi\u00f3 m\u00e9retar\u00e1nyos \u00f6sszehasonl\u00edt\u00f3 k\u00e9pet is). A v\u00e1s\u00e1rl\u00e1sn\u00e1l pedig a M\u00e9ret leg\u00f6rd\u00fcl\u0151 men\u00fcben v\u00e1laszthatod majd ki, a Neked szimpatikus verzi\u00f3t.\n- Norm\u00e1l m\u00e9ret (231x200 mm), f\u00e9nyes fel\u00fclettel (alap\u00e1r)\n- Nagy m\u00e9ret (300x260 mm), f\u00e9nyes fel\u00fclettel (fel\u00e1ras opci\u00f3)\n\n\u201e+ Fot\u00f3 szerkeszt\u00e9s\u201d mint v\u00e1laszthat\u00f3 kieg\u00e9sz\u00edt\u0151 jelent\u00e9se:\nAmennyiben + Fot\u00f3 szerkeszt\u00e9st (fel\u00e1ras opci\u00f3) is k\u00e9rsz, akkor az a k\u00f6vetkez\u0151 extr\u00e1kat is tartalmazza:\n- probl\u00e9m\u00e1s k\u00e9pek extra verzi\u00f3inak szerkeszt\u00e9s\u00e9t (nem minden fot\u00f3 kompoz\u00edci\u00f3ja m\u0171k\u00f6dik a hatsz\u00f6g form\u00e1ban, ez\u00e9rt ezekhez a k\u00e9pekhez egy plusz alternat\u00edv v\u00e1ltozatot is k\u00e9sz\u00edtek, ahol a fot\u00f3 jelent\u0151s r\u00e9sze l\u00e1that\u00f3 marad)\n- ak\u00e1r t\u00f6bb k\u00f6r\u00f6s l\u00e1tv\u00e1nyterv egyeztet\u00e9st\n- az egyeztet\u00e9s alatti fot\u00f3csere lehet\u0151s\u00e9g\u00e9t\n- a sz\u00edn, kontraszt, sz\u00ednh\u0151m\u00e9rs\u00e9klet jav\u00edt\u00e1s\u00e1t \u00e9s a nyomtat\u00e1sra optimaliz\u00e1l\u00e1st a m\u00e9g szebb v\u00e9geredm\u00e9ny\u00e9rt\n\nA szerkeszt\u00e9s nem tartalmaz k\u00e9pi elem elt\u00e1vol\u00edt\u00e1st \u00e9s egy\u00e9b \u00f6sszetett retus\u00e1l\u00e1st!\n\nRendel\u00e9s:\nMiut\u00e1n leadtad a rendel\u00e9st, felveszem veled a kapcsolatot emailben. Ezut\u00e1n tudod majd elk\u00fcldeni nekem a fot\u00f3kat (lehet\u0151s\u00e9g szerint a legjobb min\u0151s\u00e9gben). Hamarosan l\u00e1tv\u00e1nytervet k\u00fcld\u00f6k Neked, amit ha elfogadsz k\u00e9sz\u00edtem is.\n\nFot\u00f3 szerz\u0151i jog:\nMinden sz\u00e1momra elk\u00fcld\u00f6tt fot\u00f3 szerz\u0151i joga a V\u00e1s\u00e1rl\u00f3\u00e9. Nem ker\u00fcl harmadik f\u00e9lhez \u00e9s a dekor\u00e1ci\u00f3 nyomtat\u00e1sa ut\u00e1n t\u00f6rl\u00e9sre ker\u00fcl.\n\nAz \u00e1r 12 darab term\u00e9kre vonatkozik.","price":"64200.00","unit":"db","recommended":"0","status":"1","sponsored":"0","exp_notify":"0","own_material":"0","own_material_description_old":null,"own_material_description":"","jury":"0","jury_number":"","product_nature":"","meskaracsony":"0","create_date":"2026-01-31 00:59:26","shelve_id":"62737","image":"hexartdesign_product_371419_250813144826_944638.jpeg","image_width":"480","image_height":"480","image_alt":"12 db-os hatsz\u00f6g fot\u00f3 dekor\u00e1ci\u00f3 a Te csal\u00e1di k\u00e9peiddel, Hexart Design - Az okos dekor\u00e1ci\u00f3\\nNincs sz\u00fcks\u00e9g keretre \/ Kas\u00edrozott habkarton \/ Egy mozdulattal fel..., Meska","image_title":"12 db-os hatsz\u00f6g fot\u00f3 dekor\u00e1ci\u00f3 a Te csal\u00e1di k\u00e9peiddel, Meska","view_count":"3558","favourite_count":"0","trending_score":"0","last2MonthFavouriteCount":"0","promotion":0,"giftcard_accept":"1","creditcard_accept":true,"enhanced_background":"0","domain":"meska","specific_customer_id":null,"specific_customer_name":null,"to_order_product":"1","to_order_product_time":"3","product_different":"quite_different","product_different_description":"A sz\u00ednek minim\u00e1lisan elt\u00e9rhetnek a kijelz\u0151n l\u00e1that\u00f3 sz\u00ednekt\u0151l (mobil kijelz\u0151, monitor stb.)\nAz egyedi szem\u00e9lyre szabott dekor\u00e1ci\u00f3kn\u00e1l v\u00e1ltozik a sz\u00f6veg.","vintage":"0","vintage_category_id":"0","recycled":"0","gemstone_id":"0","customizable":"1","type_category":"physical","zerowaste":"0","postage_price":"1490.00","shop_order":"0","has_category":"1","landing_pages":"Sz\u00fclinapi aj\u00e1nd\u00e9kok","microdata":{"number":57,"category":""},"title":"12 db-os hatsz\u00f6g fot\u00f3 dekor\u00e1ci\u00f3 a Te csal\u00e1di k\u00e9peiddel","description":"Hexart Design - Az okos dekor\u00e1ci\u00f3\nNincs sz\u00fcks\u00e9g keretre \/ Kas\u00edrozott habkarton \/ Egy mozdulattal felrakhat\u00f3 \/ B\u0151v\u00edthet\u0151\n\n* * *\nHa t\u00f6bb dekor\u00e1ci\u00f3t is szeretn\u00e9l, akkor \u00e9rdemes szettet v\u00e1s\u00e1rolnod. Min\u00e9l nagyobb a szett darabsz\u00e1ma, ann\u00e1l olcs\u00f3bb egy dekor\u00e1ci\u00f3 \u00e1ra!\n* * *\n\nA kedvezm\u00e9nyes szett aj\u00e1nlatokat az al\u00e1bbi linken tudod megn\u00e9zni:\nhttps:\/\/www.meska.hu\/shop\/Hexartdesign?s=62737&o=legdragabb&p=1\n\nItt a lehet\u0151s\u00e9g hogy kirakd a falra a legkedvesebb csal\u00e1di k\u00e9peidet. Ez nem csup\u00e1n egy egyszer\u0171 fot\u00f3nyomtat\u00e1s, hanem k\u00e9sz dekor\u00e1ci\u00f3s megold\u00e1s, amivel nincs m\u00e1s dolgod csak felrakni a falra. Aj\u00e1nd\u00e9knak is kiv\u00e1l\u00f3.\n\nA hatsz\u00f6g form\u00e1kat v\u00e9gtelen elrendez\u00e9sben felrakhatod. Min\u00e9l t\u00f6bb darabos szettet v\u00e1lasztasz, ann\u00e1l egyedibb mint\u00e1t tudsz kirakni a falra.\n\nMi\u00e9rt \u00e9s milyen alkalomra aj\u00e1nlom?\n- Kar\u00e1csony - kar\u00e1csonyi aj\u00e1nd\u00e9k \u00f6tlet a p\u00e1rod sz\u00e1m\u00e1ra\n- M\u0171termi \/ csal\u00e1di fot\u00f3z\u00e1s - ha r\u00e9szt vett\u00e9l profi m\u0171termi \/ csal\u00e1di fot\u00f3z\u00e1son, akkor az ott k\u00e9sz\u00fclt k\u00e9peidhez a legjobb dekor\u00e1ci\u00f3s megold\u00e1s\n- Esk\u00fcv\u0151, n\u00e1szaj\u00e1nd\u00e9k - az esk\u00fcv\u0151i k\u00e9peid, melyek felid\u00e9zik a nagy nap \u00f6r\u00f6meit\n- \u00c9vfordul\u00f3, valentin nap - eml\u00e9kezetes pillanataitok \u00e9s fontos m\u00e9rf\u00f6ldk\u00f6veitek \u00e9vfordul\u00f3s vagy valentin napi meglepet\u00e9sk\u00e9nt\n- Sz\u00fclet\u00e9snap, n\u00e9vnap - ha egy igaz\u00e1n eredeti \u00e9s szem\u00e9lyes sz\u00fclet\u00e9snapi vagy n\u00e9vnapi aj\u00e1nd\u00e9kot adn\u00e1l\n- Gyermek\u00e1ld\u00e1s - babafot\u00f3k a kisbab\u00e1dr\u00f3l\n- Csal\u00e1di fot\u00f3k - fot\u00f3k amin egy\u00fctt van a csal\u00e1dod, ak\u00e1r otthon vagy utaz\u00e1s, nyaral\u00e1s k\u00f6zben \n- B\u0151v\u00edthet\u0151 megold\u00e1s - ha fot\u00f3s dekor\u00e1ci\u00f3t v\u00e1s\u00e1rolsz t\u0151lem, akkor azt b\u00e1rmikor tov\u00e1bb b\u0151v\u00edtheted \u00fajabb \u00e9s \u00fajabb elemekkel\n\nHogy mit takar az okos dekor\u00e1ci\u00f3?\nA legfontosabb el\u0151nyei, m\u00e1s dekor\u00e1ci\u00f3s megold\u00e1ssal szemben:\n- egy mozdulattal felrakhat\u00f3 b\u00e1rmilyen fel\u00fcletre (falra, szekr\u00e9nyre, \u00fcvegre stb.)\n- nincs sz\u00fcks\u00e9g sz\u00f6gre \u00e9s kalap\u00e1csra a felhelyez\u00e9shez\n- nincsenek tov\u00e1bbi k\u00f6lts\u00e9geid, hiszen nem kell keretet is v\u00e1s\u00e1rolni (egy A4-es k\u00e9p eset\u00e9ben ez keretenk\u00e9nt 2-5 ezer forint is lehet)\n- nyom n\u00e9lk\u00fcl \u00e1thelyezhet\u0151, t\u00f6bbsz\u00f6r is\n\nA k\u00e9pen l\u00e1that\u00f3 kieg\u00e9sz\u00edt\u0151 dekor\u00e1ci\u00f3s k\u00f6rnyezet csak illusztr\u00e1ci\u00f3, ami nem k\u00e9pezi a term\u00e9k r\u00e9sz\u00e9t. A m\u00e9retar\u00e1ny nem felt\u00e9tlen\u00fcl felel meg a val\u00f3s\u00e1gnak. A dekor\u00e1ci\u00f3 pontos m\u00e9ret \u00e9s fel\u00fclet opci\u00f3it az al\u00e1bbi term\u00e9kle\u00edr\u00e1sban l\u00e1thatod.\n\nTerm\u00e9kle\u00edr\u00e1s:\nMin\u0151s\u00e9gi fot\u00f3pap\u00edrra k\u00e9sz\u00fcl\u0151 nyomat, amely egy 5 mm-es vastag, hatsz\u00f6g form\u00e1j\u00fa feh\u00e9r habkartonra van kas\u00edrozva. R\u00f6gz\u00edt\u00e9se speci\u00e1lis ragaszt\u00e1si technol\u00f3gi\u00e1val t\u00f6rt\u00e9nik, amivel a dekor\u00e1ci\u00f3 nyom n\u00e9lk\u00fcl \u00e1thelyezhet\u0151, ak\u00e1r t\u00f6bbsz\u00f6r is.\nEl\u00e9rhet\u0151 az al\u00e1bbi m\u00e9ret \u00e9s fel\u00fclet opci\u00f3kban (a term\u00e9kk\u00e9pek k\u00f6z\u00f6tt megtal\u00e1lod a Norm\u00e1l \u00e9s Nagy verzi\u00f3 m\u00e9retar\u00e1nyos \u00f6sszehasonl\u00edt\u00f3 k\u00e9pet is). A v\u00e1s\u00e1rl\u00e1sn\u00e1l pedig a M\u00e9ret leg\u00f6rd\u00fcl\u0151 men\u00fcben v\u00e1laszthatod majd ki, a Neked szimpatikus verzi\u00f3t.\n- Norm\u00e1l m\u00e9ret (231x200 mm), f\u00e9nyes fel\u00fclettel (alap\u00e1r)\n- Nagy m\u00e9ret (300x260 mm), f\u00e9nyes fel\u00fclettel (fel\u00e1ras opci\u00f3)\n\n\u201e+ Fot\u00f3 szerkeszt\u00e9s\u201d mint v\u00e1laszthat\u00f3 kieg\u00e9sz\u00edt\u0151 jelent\u00e9se:\nAmennyiben + Fot\u00f3 szerkeszt\u00e9st (fel\u00e1ras opci\u00f3) is k\u00e9rsz, akkor az a k\u00f6vetkez\u0151 extr\u00e1kat is tartalmazza:\n- probl\u00e9m\u00e1s k\u00e9pek extra verzi\u00f3inak szerkeszt\u00e9s\u00e9t (nem minden fot\u00f3 kompoz\u00edci\u00f3ja m\u0171k\u00f6dik a hatsz\u00f6g form\u00e1ban, ez\u00e9rt ezekhez a k\u00e9pekhez egy plusz alternat\u00edv v\u00e1ltozatot is k\u00e9sz\u00edtek, ahol a fot\u00f3 jelent\u0151s r\u00e9sze l\u00e1that\u00f3 marad)\n- ak\u00e1r t\u00f6bb k\u00f6r\u00f6s l\u00e1tv\u00e1nyterv egyeztet\u00e9st\n- az egyeztet\u00e9s alatti fot\u00f3csere lehet\u0151s\u00e9g\u00e9t\n- a sz\u00edn, kontraszt, sz\u00ednh\u0151m\u00e9rs\u00e9klet jav\u00edt\u00e1s\u00e1t \u00e9s a nyomtat\u00e1sra optimaliz\u00e1l\u00e1st a m\u00e9g szebb v\u00e9geredm\u00e9ny\u00e9rt\n\nA szerkeszt\u00e9s nem tartalmaz k\u00e9pi elem elt\u00e1vol\u00edt\u00e1st \u00e9s egy\u00e9b \u00f6sszetett retus\u00e1l\u00e1st!\n\nRendel\u00e9s:\nMiut\u00e1n leadtad a rendel\u00e9st, felveszem veled a kapcsolatot emailben. Ezut\u00e1n tudod majd elk\u00fcldeni nekem a fot\u00f3kat (lehet\u0151s\u00e9g szerint a legjobb min\u0151s\u00e9gben). Hamarosan l\u00e1tv\u00e1nytervet k\u00fcld\u00f6k Neked, amit ha elfogadsz k\u00e9sz\u00edtem is.\n\nFot\u00f3 szerz\u0151i jog:\nMinden sz\u00e1momra elk\u00fcld\u00f6tt fot\u00f3 szerz\u0151i joga a V\u00e1s\u00e1rl\u00f3\u00e9. Nem ker\u00fcl harmadik f\u00e9lhez \u00e9s a dekor\u00e1ci\u00f3 nyomtat\u00e1sa ut\u00e1n t\u00f6rl\u00e9sre ker\u00fcl.\n\nAz \u00e1r 12 darab term\u00e9kre vonatkozik.","score":0,"formatted_price":"64 200 Ft","image_url":"https:\/\/www.meska.hu\/img\/product\/small\/h\/e\/hexartdesign_product_371419_250813144826_944638.jpeg","formatted_url":"https:\/\/www.meska.hu\/p3895272-12-db-os-hatszog-foto-dekoracio-a-te-csaladi-kepeiddel","favourite":false,"in_stock":false,"avatar":"Hexartdesign_avatar_371419_1589358772.jpg","delete_from":0,"is_enhanced_background":false,"is_enhanced":false,"product_selection_started":false,"is_active":true,"image_webp_url":"https:\/\/www.meska.hu\/img\/product\/small\/h\/e\/hexartdesign_product_371419_250813144826_944638.webp"},{"id":"3426091","shop_id":"29709","user_id":"371419","shop_name":"Hexartdesign","shop_zip":"1183","product_code":"4038283","product_name_old":null,"product_name":"Hexart Plants fali dekor\u00e1ci\u00f3 - z\u00f6ld \u00e1rnyalatok","category_string":"Otthon & \u00c9letm\u00f3d, Dekor\u00e1ci\u00f3, K\u00e9p & Falik\u00e9p, T\u00f6bb r\u00e9szes k\u00e9p","technic_string":"Fot\u00f3, grafika, rajz, illusztr\u00e1ci\u00f3","category_1":"813","category_2":"314","category_3":"417","category_4":"1429","merged_category_1":"0","merged_category_2":"0","merged_category_3":"785","technic_1":"483","technic_2":"0","technic_3":"0","color_1":"514","color_2":"515","color_3":"0","product_description_old":null,"product_description":"Hexart Design - Az okos dekor\u00e1ci\u00f3\nNincs sz\u00fcks\u00e9g keretre \/ Kas\u00edrozott habkarton \/ Egy mozdulattal felrakhat\u00f3\n\nModern, divatos \u00e9s trendi hatsz\u00f6g dekor\u00e1ci\u00f3 skandin\u00e1v st\u00edlusban. A dekor\u00e1ci\u00f3 7 elemb\u0151l \u00e1ll, ahogy a k\u00e9pen is l\u00e1thatod. Dekor\u00e1lhatod vele a nappalid, h\u00e1l\u00f3szob\u00e1d vagy ak\u00e1r az irod\u00e1d. A \u201eHexart Plants\u201d design nem csak ebben a sz\u00ednben, hanem t\u00f6bb v\u00e1ltozatban (ak\u00e1r egyedi sz\u00ednekben, l\u00e1sd lentebb) is el\u00e9rhet\u0151 az al\u00e1bbi linken:\nhttps:\/\/www.meska.hu\/shop\/Hexartdesign?s=64873\n\n\/\/\/\/\/ Egyedi sz\u00ednek? \/\/\/\/\/\nSzerkeszt\u00e9si d\u00edj ellen\u00e9ben, lehet\u0151s\u00e9ged van egyedi sz\u00ednekre is. Amennyiben ezt szeretn\u00e9d, akkor rendel\u00e9sn\u00e9l nemcsak a term\u00e9ket hanem a leg\u00f6rd\u00fcl\u0151 men\u00fcb\u0151l a szerkeszt\u00e9si d\u00edjat is tedd a kos\u00e1rba! A r\u00e9szleteket pedig emailben egyeztetj\u00fck majd.\n\nHogy mit takar az okos dekor\u00e1ci\u00f3?\n\nA legfontosabb el\u0151nyei, m\u00e1s dekor\u00e1ci\u00f3s megold\u00e1ssal szemben: \n- egy mozdulattal felrakhat\u00f3 b\u00e1rmilyen fel\u00fcletre (falra, szekr\u00e9nyre, \u00fcvegre stb )\n- nincs sz\u00fcks\u00e9g sz\u00f6gre \u00e9s kalap\u00e1csra a felhelyez\u00e9shez\n- nincsenek tov\u00e1bbi k\u00f6lts\u00e9geid, hiszen nem kell keretet is v\u00e1s\u00e1rolni\n- nyom n\u00e9lk\u00fcl \u00e1thelyezhet\u0151, t\u00f6bbsz\u00f6r is\n\nA k\u00e9pen l\u00e1that\u00f3 kieg\u00e9sz\u00edt\u0151 dekor\u00e1ci\u00f3s k\u00f6rnyezet csak illusztr\u00e1ci\u00f3, ami nem k\u00e9pezi a term\u00e9k r\u00e9sz\u00e9t. A m\u00e9retar\u00e1ny nem felt\u00e9tlen\u00fcl felel meg a val\u00f3s\u00e1gnak. A pontos m\u00e9retet a term\u00e9kle\u00edr\u00e1sban l\u00e1thatod:\n\nTerm\u00e9kle\u00edr\u00e1s:\nA dekor\u00e1ci\u00f3 7 db hatsz\u00f6g elemb\u0151l \u00e1ll. A teljes m\u00e9ret ~2 cm-es h\u00e9zagokkal ~61x64 cm, ahol egy hatsz\u00f6g elem m\u00e9rete 231x200 mm. A fel\u00fclet matt (de lehet f\u00e9nyes is fel\u00e1ras opci\u00f3k\u00e9nt). Lehet\u0151s\u00e9ged van Nagy m\u00e9retet is k\u00e9rni (fel\u00e1ras opci\u00f3k\u00e9nt), ami ~80x83 cm \u00e9s f\u00e9nyes fel\u00fclet\u0171 (amiben egy elem 300x260 mm).\n\nMin\u0151s\u00e9gi fot\u00f3pap\u00edrra k\u00e9sz\u00fcl\u0151 nyomat, amely egy 5 mm-es vastag, hatsz\u00f6g form\u00e1j\u00fa feh\u00e9r habkartonra van kas\u00edrozva. R\u00f6gz\u00edt\u00e9se speci\u00e1lis ragaszt\u00e1si technol\u00f3gi\u00e1val t\u00f6rt\u00e9nik, amivel a dekor\u00e1ci\u00f3 nyom n\u00e9lk\u00fcl \u00e1thelyezhet\u0151, ak\u00e1r t\u00f6bbsz\u00f6r is.\nEl\u00e9rhet\u0151 az al\u00e1bbi m\u00e9ret \u00e9s fel\u00fclet opci\u00f3kban (a term\u00e9kk\u00e9pek k\u00f6z\u00f6tt megtal\u00e1lod egy hatsz\u00f6g elem Norm\u00e1l \u00e9s Nagy verzi\u00f3j\u00e1nak m\u00e9retar\u00e1nyos \u00f6sszehasonl\u00edt\u00f3 k\u00e9pet is). A v\u00e1s\u00e1rl\u00e1sn\u00e1l pedig a M\u00e9ret leg\u00f6rd\u00fcl\u0151 men\u00fcben v\u00e1laszthatod majd ki, a Neked szimpatikus verzi\u00f3t.\n- Norm\u00e1l m\u00e9ret (~61x64 cm), matt fel\u00fclettel (alap\u00e1r)\n- Norm\u00e1l m\u00e9ret (~61x64 cm), f\u00e9nyes fel\u00fclettel (fel\u00e1ras opci\u00f3)\n- Nagy m\u00e9ret (~80x83 cm), f\u00e9nyes fel\u00fclettel (fel\u00e1ras opci\u00f3)\n\nSzerz\u0151i jog:\nA boltomban tal\u00e1lhat\u00f3 \u00f6sszes term\u00e9k a saj\u00e1t alkot\u00e1som \u00e9s szerz\u0151i jog v\u00e9di. Semmilyen form\u00e1ban nem m\u00e1solhat\u00f3, gy\u00e1rthat\u00f3 \u00e9s sokszoros\u00edthat\u00f3. ","price":"24990.00","unit":"db","recommended":"0","status":"1","sponsored":"0","exp_notify":"0","own_material":"0","own_material_description_old":null,"own_material_description":"","jury":"0","jury_number":"","product_nature":"","meskaracsony":"0","create_date":"2026-01-22 02:58:11","shelve_id":"64873","image":"hexartdesign_product_371419_210216182237_856686.jpeg","image_width":"480","image_height":"480","image_alt":"Hexart Plants fali dekor\u00e1ci\u00f3 - z\u00f6ld \u00e1rnyalatok, Hexart Design - Az okos dekor\u00e1ci\u00f3\\nNincs sz\u00fcks\u00e9g keretre \/ Kas\u00edrozott habkarton \/ Egy mozdulattal fel..., Meska","image_title":"Hexart Plants fali dekor\u00e1ci\u00f3 - z\u00f6ld \u00e1rnyalatok, Meska","view_count":"2554","favourite_count":"0","trending_score":"0","last2MonthFavouriteCount":"0","promotion":0,"giftcard_accept":"1","creditcard_accept":true,"enhanced_background":"0","domain":"meska","specific_customer_id":null,"specific_customer_name":null,"to_order_product":"1","to_order_product_time":"3","product_different":"quite_different","product_different_description":"A sz\u00ednek minim\u00e1lisan elt\u00e9rhetnek a kijelz\u0151n l\u00e1that\u00f3 sz\u00ednekt\u0151l (mobil kijelz\u0151, monitor stb.)\nAz egyedi szem\u00e9lyre szabott dekor\u00e1ci\u00f3kn\u00e1l v\u00e1ltozik a sz\u00f6veg.","vintage":"0","vintage_category_id":"0","recycled":"0","gemstone_id":"0","customizable":"0","type_category":"physical","zerowaste":"0","postage_price":"1490.00","shop_order":"0","has_category":"1","landing_pages":null,"microdata":{"number":58,"category":""},"title":"Hexart Plants fali dekor\u00e1ci\u00f3 - z\u00f6ld \u00e1rnyalatok","description":"Hexart Design - Az okos dekor\u00e1ci\u00f3\nNincs sz\u00fcks\u00e9g keretre \/ Kas\u00edrozott habkarton \/ Egy mozdulattal felrakhat\u00f3\n\nModern, divatos \u00e9s trendi hatsz\u00f6g dekor\u00e1ci\u00f3 skandin\u00e1v st\u00edlusban. A dekor\u00e1ci\u00f3 7 elemb\u0151l \u00e1ll, ahogy a k\u00e9pen is l\u00e1thatod. Dekor\u00e1lhatod vele a nappalid, h\u00e1l\u00f3szob\u00e1d vagy ak\u00e1r az irod\u00e1d. A \u201eHexart Plants\u201d design nem csak ebben a sz\u00ednben, hanem t\u00f6bb v\u00e1ltozatban (ak\u00e1r egyedi sz\u00ednekben, l\u00e1sd lentebb) is el\u00e9rhet\u0151 az al\u00e1bbi linken:\nhttps:\/\/www.meska.hu\/shop\/Hexartdesign?s=64873\n\n\/\/\/\/\/ Egyedi sz\u00ednek? \/\/\/\/\/\nSzerkeszt\u00e9si d\u00edj ellen\u00e9ben, lehet\u0151s\u00e9ged van egyedi sz\u00ednekre is. Amennyiben ezt szeretn\u00e9d, akkor rendel\u00e9sn\u00e9l nemcsak a term\u00e9ket hanem a leg\u00f6rd\u00fcl\u0151 men\u00fcb\u0151l a szerkeszt\u00e9si d\u00edjat is tedd a kos\u00e1rba! A r\u00e9szleteket pedig emailben egyeztetj\u00fck majd.\n\nHogy mit takar az okos dekor\u00e1ci\u00f3?\n\nA legfontosabb el\u0151nyei, m\u00e1s dekor\u00e1ci\u00f3s megold\u00e1ssal szemben: \n- egy mozdulattal felrakhat\u00f3 b\u00e1rmilyen fel\u00fcletre (falra, szekr\u00e9nyre, \u00fcvegre stb )\n- nincs sz\u00fcks\u00e9g sz\u00f6gre \u00e9s kalap\u00e1csra a felhelyez\u00e9shez\n- nincsenek tov\u00e1bbi k\u00f6lts\u00e9geid, hiszen nem kell keretet is v\u00e1s\u00e1rolni\n- nyom n\u00e9lk\u00fcl \u00e1thelyezhet\u0151, t\u00f6bbsz\u00f6r is\n\nA k\u00e9pen l\u00e1that\u00f3 kieg\u00e9sz\u00edt\u0151 dekor\u00e1ci\u00f3s k\u00f6rnyezet csak illusztr\u00e1ci\u00f3, ami nem k\u00e9pezi a term\u00e9k r\u00e9sz\u00e9t. A m\u00e9retar\u00e1ny nem felt\u00e9tlen\u00fcl felel meg a val\u00f3s\u00e1gnak. A pontos m\u00e9retet a term\u00e9kle\u00edr\u00e1sban l\u00e1thatod:\n\nTerm\u00e9kle\u00edr\u00e1s:\nA dekor\u00e1ci\u00f3 7 db hatsz\u00f6g elemb\u0151l \u00e1ll. A teljes m\u00e9ret ~2 cm-es h\u00e9zagokkal ~61x64 cm, ahol egy hatsz\u00f6g elem m\u00e9rete 231x200 mm. A fel\u00fclet matt (de lehet f\u00e9nyes is fel\u00e1ras opci\u00f3k\u00e9nt). Lehet\u0151s\u00e9ged van Nagy m\u00e9retet is k\u00e9rni (fel\u00e1ras opci\u00f3k\u00e9nt), ami ~80x83 cm \u00e9s f\u00e9nyes fel\u00fclet\u0171 (amiben egy elem 300x260 mm).\n\nMin\u0151s\u00e9gi fot\u00f3pap\u00edrra k\u00e9sz\u00fcl\u0151 nyomat, amely egy 5 mm-es vastag, hatsz\u00f6g form\u00e1j\u00fa feh\u00e9r habkartonra van kas\u00edrozva. R\u00f6gz\u00edt\u00e9se speci\u00e1lis ragaszt\u00e1si technol\u00f3gi\u00e1val t\u00f6rt\u00e9nik, amivel a dekor\u00e1ci\u00f3 nyom n\u00e9lk\u00fcl \u00e1thelyezhet\u0151, ak\u00e1r t\u00f6bbsz\u00f6r is.\nEl\u00e9rhet\u0151 az al\u00e1bbi m\u00e9ret \u00e9s fel\u00fclet opci\u00f3kban (a term\u00e9kk\u00e9pek k\u00f6z\u00f6tt megtal\u00e1lod egy hatsz\u00f6g elem Norm\u00e1l \u00e9s Nagy verzi\u00f3j\u00e1nak m\u00e9retar\u00e1nyos \u00f6sszehasonl\u00edt\u00f3 k\u00e9pet is). A v\u00e1s\u00e1rl\u00e1sn\u00e1l pedig a M\u00e9ret leg\u00f6rd\u00fcl\u0151 men\u00fcben v\u00e1laszthatod majd ki, a Neked szimpatikus verzi\u00f3t.\n- Norm\u00e1l m\u00e9ret (~61x64 cm), matt fel\u00fclettel (alap\u00e1r)\n- Norm\u00e1l m\u00e9ret (~61x64 cm), f\u00e9nyes fel\u00fclettel (fel\u00e1ras opci\u00f3)\n- Nagy m\u00e9ret (~80x83 cm), f\u00e9nyes fel\u00fclettel (fel\u00e1ras opci\u00f3)\n\nSzerz\u0151i jog:\nA boltomban tal\u00e1lhat\u00f3 \u00f6sszes term\u00e9k a saj\u00e1t alkot\u00e1som \u00e9s szerz\u0151i jog v\u00e9di. Semmilyen form\u00e1ban nem m\u00e1solhat\u00f3, gy\u00e1rthat\u00f3 \u00e9s sokszoros\u00edthat\u00f3. ","score":0,"formatted_price":"24 990 Ft","image_url":"https:\/\/www.meska.hu\/img\/product\/small\/h\/e\/hexartdesign_product_371419_210216182237_856686.jpeg","formatted_url":"https:\/\/www.meska.hu\/p4038283-hexart-plants-fali-dekoracio-zold-arnyalatok","favourite":false,"in_stock":false,"avatar":"Hexartdesign_avatar_371419_1589358772.jpg","delete_from":0,"is_enhanced_background":false,"is_enhanced":false,"product_selection_started":false,"is_active":true,"image_webp_url":"https:\/\/www.meska.hu\/img\/product\/small\/h\/e\/hexartdesign_product_371419_210216182237_856686.webp"},{"id":"3426087","shop_id":"29709","user_id":"371419","shop_name":"Hexartdesign","shop_zip":"1183","product_code":"4038281","product_name_old":null,"product_name":"Hexart Plants fali dekor\u00e1ci\u00f3 - k\u00e1v\u00e9 barna","category_string":"Otthon & \u00c9letm\u00f3d, Dekor\u00e1ci\u00f3, K\u00e9p & Falik\u00e9p, T\u00f6bb r\u00e9szes k\u00e9p","technic_string":"Fot\u00f3, grafika, rajz, illusztr\u00e1ci\u00f3","category_1":"813","category_2":"314","category_3":"417","category_4":"1429","merged_category_1":"0","merged_category_2":"0","merged_category_3":"785","technic_1":"483","technic_2":"0","technic_3":"0","color_1":"514","color_2":"515","color_3":"0","product_description_old":null,"product_description":"Hexart Design - Az okos dekor\u00e1ci\u00f3\nNincs sz\u00fcks\u00e9g keretre \/ Kas\u00edrozott habkarton \/ Egy mozdulattal felrakhat\u00f3\n\nModern, divatos \u00e9s trendi hatsz\u00f6g dekor\u00e1ci\u00f3 skandin\u00e1v st\u00edlusban. A dekor\u00e1ci\u00f3 7 elemb\u0151l \u00e1ll, ahogy a k\u00e9pen is l\u00e1thatod. Dekor\u00e1lhatod vele a nappalid, h\u00e1l\u00f3szob\u00e1d vagy ak\u00e1r az irod\u00e1d. A \u201eHexart Plants\u201d design nem csak ebben a sz\u00ednben, hanem t\u00f6bb v\u00e1ltozatban (ak\u00e1r egyedi sz\u00ednekben, l\u00e1sd lentebb) is el\u00e9rhet\u0151 az al\u00e1bbi linken:\nhttps:\/\/www.meska.hu\/shop\/Hexartdesign?s=64873\n\n\/\/\/\/\/ Egyedi sz\u00ednek? \/\/\/\/\/\nSzerkeszt\u00e9si d\u00edj ellen\u00e9ben, lehet\u0151s\u00e9ged van egyedi sz\u00ednekre is. Amennyiben ezt szeretn\u00e9d, akkor rendel\u00e9sn\u00e9l nemcsak a term\u00e9ket hanem a leg\u00f6rd\u00fcl\u0151 men\u00fcb\u0151l a szerkeszt\u00e9si d\u00edjat is tedd a kos\u00e1rba! A r\u00e9szleteket pedig emailben egyeztetj\u00fck majd.\n\nHogy mit takar az okos dekor\u00e1ci\u00f3?\n\nA legfontosabb el\u0151nyei, m\u00e1s dekor\u00e1ci\u00f3s megold\u00e1ssal szemben:\n- egy mozdulattal felrakhat\u00f3 b\u00e1rmilyen fel\u00fcletre (falra, szekr\u00e9nyre, \u00fcvegre stb )\n- nincs sz\u00fcks\u00e9g sz\u00f6gre \u00e9s kalap\u00e1csra a felhelyez\u00e9shez\n- nincsenek tov\u00e1bbi k\u00f6lts\u00e9geid, hiszen nem kell keretet is v\u00e1s\u00e1rolni\n- nyom n\u00e9lk\u00fcl \u00e1thelyezhet\u0151, t\u00f6bbsz\u00f6r is\n\nA k\u00e9pen l\u00e1that\u00f3 kieg\u00e9sz\u00edt\u0151 dekor\u00e1ci\u00f3s k\u00f6rnyezet csak illusztr\u00e1ci\u00f3, ami nem k\u00e9pezi a term\u00e9k r\u00e9sz\u00e9t. A m\u00e9retar\u00e1ny nem felt\u00e9tlen\u00fcl felel meg a val\u00f3s\u00e1gnak. A pontos m\u00e9retet a term\u00e9kle\u00edr\u00e1sban l\u00e1thatod:\n\nTerm\u00e9kle\u00edr\u00e1s:\nA dekor\u00e1ci\u00f3 7 db hatsz\u00f6g elemb\u0151l \u00e1ll. A teljes m\u00e9ret ~2 cm-es h\u00e9zagokkal ~61x64 cm, ahol egy hatsz\u00f6g elem m\u00e9rete 231x200 mm. A fel\u00fclet matt (de lehet f\u00e9nyes is fel\u00e1ras opci\u00f3k\u00e9nt). Lehet\u0151s\u00e9ged van Nagy m\u00e9retet is k\u00e9rni (fel\u00e1ras opci\u00f3k\u00e9nt), ami ~80x83 cm \u00e9s f\u00e9nyes fel\u00fclet\u0171 (amiben egy elem 300x260 mm).\n\nMin\u0151s\u00e9gi fot\u00f3pap\u00edrra k\u00e9sz\u00fcl\u0151 nyomat, amely egy 5 mm-es vastag, hatsz\u00f6g form\u00e1j\u00fa feh\u00e9r habkartonra van kas\u00edrozva. R\u00f6gz\u00edt\u00e9se speci\u00e1lis ragaszt\u00e1si technol\u00f3gi\u00e1val t\u00f6rt\u00e9nik, amivel a dekor\u00e1ci\u00f3 nyom n\u00e9lk\u00fcl \u00e1thelyezhet\u0151, ak\u00e1r t\u00f6bbsz\u00f6r is.\nEl\u00e9rhet\u0151 az al\u00e1bbi m\u00e9ret \u00e9s fel\u00fclet opci\u00f3kban (a term\u00e9kk\u00e9pek k\u00f6z\u00f6tt megtal\u00e1lod egy hatsz\u00f6g elem Norm\u00e1l \u00e9s Nagy verzi\u00f3j\u00e1nak m\u00e9retar\u00e1nyos \u00f6sszehasonl\u00edt\u00f3 k\u00e9pet is). A v\u00e1s\u00e1rl\u00e1sn\u00e1l pedig a M\u00e9ret leg\u00f6rd\u00fcl\u0151 men\u00fcben v\u00e1laszthatod majd ki, a Neked szimpatikus verzi\u00f3t.\n- Norm\u00e1l m\u00e9ret (~61x64 cm), matt fel\u00fclettel (alap\u00e1r)\n- Norm\u00e1l m\u00e9ret (~61x64 cm), f\u00e9nyes fel\u00fclettel (fel\u00e1ras opci\u00f3)\n- Nagy m\u00e9ret (~80x83 cm), f\u00e9nyes fel\u00fclettel (fel\u00e1ras opci\u00f3)\n\nSzerz\u0151i jog:\nA boltomban tal\u00e1lhat\u00f3 \u00f6sszes term\u00e9k a saj\u00e1t alkot\u00e1som \u00e9s szerz\u0151i jog v\u00e9di. Semmilyen form\u00e1ban nem m\u00e1solhat\u00f3, gy\u00e1rthat\u00f3 \u00e9s sokszoros\u00edthat\u00f3.","price":"24990.00","unit":"db","recommended":"0","status":"1","sponsored":"0","exp_notify":"0","own_material":"0","own_material_description_old":null,"own_material_description":"","jury":"0","jury_number":"","product_nature":"","meskaracsony":"0","create_date":"2026-01-22 02:58:10","shelve_id":"64873","image":"hexartdesign_product_371419_210216182141_862466.jpeg","image_width":"480","image_height":"480","image_alt":"Hexart Plants fali dekor\u00e1ci\u00f3 - k\u00e1v\u00e9 barna, Hexart Design - Az okos dekor\u00e1ci\u00f3\\nNincs sz\u00fcks\u00e9g keretre \/ Kas\u00edrozott habkarton \/ Egy mozdulattal fel..., Meska","image_title":"Hexart Plants fali dekor\u00e1ci\u00f3 - k\u00e1v\u00e9 barna, Meska","view_count":"1618","favourite_count":"0","trending_score":"0","last2MonthFavouriteCount":"0","promotion":0,"giftcard_accept":"1","creditcard_accept":true,"enhanced_background":"0","domain":"meska","specific_customer_id":null,"specific_customer_name":null,"to_order_product":"1","to_order_product_time":"3","product_different":"quite_different","product_different_description":"A sz\u00ednek minim\u00e1lisan elt\u00e9rhetnek a kijelz\u0151n l\u00e1that\u00f3 sz\u00ednekt\u0151l (mobil kijelz\u0151, monitor stb.)\nAz egyedi szem\u00e9lyre szabott dekor\u00e1ci\u00f3kn\u00e1l v\u00e1ltozik a sz\u00f6veg.","vintage":"0","vintage_category_id":"0","recycled":"0","gemstone_id":"0","customizable":"0","type_category":"physical","zerowaste":"0","postage_price":"1490.00","shop_order":"0","has_category":"1","landing_pages":null,"microdata":{"number":59,"category":""},"title":"Hexart Plants fali dekor\u00e1ci\u00f3 - k\u00e1v\u00e9 barna","description":"Hexart Design - Az okos dekor\u00e1ci\u00f3\nNincs sz\u00fcks\u00e9g keretre \/ Kas\u00edrozott habkarton \/ Egy mozdulattal felrakhat\u00f3\n\nModern, divatos \u00e9s trendi hatsz\u00f6g dekor\u00e1ci\u00f3 skandin\u00e1v st\u00edlusban. A dekor\u00e1ci\u00f3 7 elemb\u0151l \u00e1ll, ahogy a k\u00e9pen is l\u00e1thatod. Dekor\u00e1lhatod vele a nappalid, h\u00e1l\u00f3szob\u00e1d vagy ak\u00e1r az irod\u00e1d. A \u201eHexart Plants\u201d design nem csak ebben a sz\u00ednben, hanem t\u00f6bb v\u00e1ltozatban (ak\u00e1r egyedi sz\u00ednekben, l\u00e1sd lentebb) is el\u00e9rhet\u0151 az al\u00e1bbi linken:\nhttps:\/\/www.meska.hu\/shop\/Hexartdesign?s=64873\n\n\/\/\/\/\/ Egyedi sz\u00ednek? \/\/\/\/\/\nSzerkeszt\u00e9si d\u00edj ellen\u00e9ben, lehet\u0151s\u00e9ged van egyedi sz\u00ednekre is. Amennyiben ezt szeretn\u00e9d, akkor rendel\u00e9sn\u00e9l nemcsak a term\u00e9ket hanem a leg\u00f6rd\u00fcl\u0151 men\u00fcb\u0151l a szerkeszt\u00e9si d\u00edjat is tedd a kos\u00e1rba! A r\u00e9szleteket pedig emailben egyeztetj\u00fck majd.\n\nHogy mit takar az okos dekor\u00e1ci\u00f3?\n\nA legfontosabb el\u0151nyei, m\u00e1s dekor\u00e1ci\u00f3s megold\u00e1ssal szemben:\n- egy mozdulattal felrakhat\u00f3 b\u00e1rmilyen fel\u00fcletre (falra, szekr\u00e9nyre, \u00fcvegre stb )\n- nincs sz\u00fcks\u00e9g sz\u00f6gre \u00e9s kalap\u00e1csra a felhelyez\u00e9shez\n- nincsenek tov\u00e1bbi k\u00f6lts\u00e9geid, hiszen nem kell keretet is v\u00e1s\u00e1rolni\n- nyom n\u00e9lk\u00fcl \u00e1thelyezhet\u0151, t\u00f6bbsz\u00f6r is\n\nA k\u00e9pen l\u00e1that\u00f3 kieg\u00e9sz\u00edt\u0151 dekor\u00e1ci\u00f3s k\u00f6rnyezet csak illusztr\u00e1ci\u00f3, ami nem k\u00e9pezi a term\u00e9k r\u00e9sz\u00e9t. A m\u00e9retar\u00e1ny nem felt\u00e9tlen\u00fcl felel meg a val\u00f3s\u00e1gnak. A pontos m\u00e9retet a term\u00e9kle\u00edr\u00e1sban l\u00e1thatod:\n\nTerm\u00e9kle\u00edr\u00e1s:\nA dekor\u00e1ci\u00f3 7 db hatsz\u00f6g elemb\u0151l \u00e1ll. A teljes m\u00e9ret ~2 cm-es h\u00e9zagokkal ~61x64 cm, ahol egy hatsz\u00f6g elem m\u00e9rete 231x200 mm. A fel\u00fclet matt (de lehet f\u00e9nyes is fel\u00e1ras opci\u00f3k\u00e9nt). Lehet\u0151s\u00e9ged van Nagy m\u00e9retet is k\u00e9rni (fel\u00e1ras opci\u00f3k\u00e9nt), ami ~80x83 cm \u00e9s f\u00e9nyes fel\u00fclet\u0171 (amiben egy elem 300x260 mm).\n\nMin\u0151s\u00e9gi fot\u00f3pap\u00edrra k\u00e9sz\u00fcl\u0151 nyomat, amely egy 5 mm-es vastag, hatsz\u00f6g form\u00e1j\u00fa feh\u00e9r habkartonra van kas\u00edrozva. R\u00f6gz\u00edt\u00e9se speci\u00e1lis ragaszt\u00e1si technol\u00f3gi\u00e1val t\u00f6rt\u00e9nik, amivel a dekor\u00e1ci\u00f3 nyom n\u00e9lk\u00fcl \u00e1thelyezhet\u0151, ak\u00e1r t\u00f6bbsz\u00f6r is.\nEl\u00e9rhet\u0151 az al\u00e1bbi m\u00e9ret \u00e9s fel\u00fclet opci\u00f3kban (a term\u00e9kk\u00e9pek k\u00f6z\u00f6tt megtal\u00e1lod egy hatsz\u00f6g elem Norm\u00e1l \u00e9s Nagy verzi\u00f3j\u00e1nak m\u00e9retar\u00e1nyos \u00f6sszehasonl\u00edt\u00f3 k\u00e9pet is). A v\u00e1s\u00e1rl\u00e1sn\u00e1l pedig a M\u00e9ret leg\u00f6rd\u00fcl\u0151 men\u00fcben v\u00e1laszthatod majd ki, a Neked szimpatikus verzi\u00f3t.\n- Norm\u00e1l m\u00e9ret (~61x64 cm), matt fel\u00fclettel (alap\u00e1r)\n- Norm\u00e1l m\u00e9ret (~61x64 cm), f\u00e9nyes fel\u00fclettel (fel\u00e1ras opci\u00f3)\n- Nagy m\u00e9ret (~80x83 cm), f\u00e9nyes fel\u00fclettel (fel\u00e1ras opci\u00f3)\n\nSzerz\u0151i jog:\nA boltomban tal\u00e1lhat\u00f3 \u00f6sszes term\u00e9k a saj\u00e1t alkot\u00e1som \u00e9s szerz\u0151i jog v\u00e9di. Semmilyen form\u00e1ban nem m\u00e1solhat\u00f3, gy\u00e1rthat\u00f3 \u00e9s sokszoros\u00edthat\u00f3.","score":0,"formatted_price":"24 990 Ft","image_url":"https:\/\/www.meska.hu\/img\/product\/small\/h\/e\/hexartdesign_product_371419_210216182141_862466.jpeg","formatted_url":"https:\/\/www.meska.hu\/p4038281-hexart-plants-fali-dekoracio-kave-barna","favourite":false,"in_stock":false,"avatar":"Hexartdesign_avatar_371419_1589358772.jpg","delete_from":0,"is_enhanced_background":false,"is_enhanced":false,"product_selection_started":false,"is_active":true,"image_webp_url":"https:\/\/www.meska.hu\/img\/product\/small\/h\/e\/hexartdesign_product_371419_210216182141_862466.webp"},{"id":"3426090","shop_id":"29709","user_id":"371419","shop_name":"Hexartdesign","shop_zip":"1183","product_code":"4038278","product_name_old":null,"product_name":"Hexart Plants fali dekor\u00e1ci\u00f3 - narancs-z\u00f6ld","category_string":"Otthon & \u00c9letm\u00f3d, Dekor\u00e1ci\u00f3, K\u00e9p & Falik\u00e9p, T\u00f6bb r\u00e9szes k\u00e9p","technic_string":"Fot\u00f3, grafika, rajz, illusztr\u00e1ci\u00f3","category_1":"813","category_2":"314","category_3":"417","category_4":"1429","merged_category_1":"0","merged_category_2":"0","merged_category_3":"785","technic_1":"483","technic_2":"0","technic_3":"0","color_1":"568","color_2":"529","color_3":"0","product_description_old":null,"product_description":"Hexart Design - Az okos dekor\u00e1ci\u00f3\nNincs sz\u00fcks\u00e9g keretre \/ Kas\u00edrozott habkarton \/ Egy mozdulattal felrakhat\u00f3\n\nModern, divatos \u00e9s trendi hatsz\u00f6g dekor\u00e1ci\u00f3 skandin\u00e1v st\u00edlusban. A dekor\u00e1ci\u00f3 7 elemb\u0151l \u00e1ll, ahogy a k\u00e9pen is l\u00e1thatod. Dekor\u00e1lhatod vele a nappalid, h\u00e1l\u00f3szob\u00e1d vagy ak\u00e1r az irod\u00e1d. A \u201eHexart Plants\u201d design nem csak ebben a sz\u00ednben, hanem t\u00f6bb v\u00e1ltozatban (ak\u00e1r egyedi sz\u00ednekben, l\u00e1sd lentebb) is el\u00e9rhet\u0151 az al\u00e1bbi linken:\nhttps:\/\/www.meska.hu\/shop\/Hexartdesign?s=64873\n\n\/\/\/\/\/ Egyedi sz\u00ednek? \/\/\/\/\/\nSzerkeszt\u00e9si d\u00edj ellen\u00e9ben, lehet\u0151s\u00e9ged van egyedi sz\u00ednekre is. Amennyiben ezt szeretn\u00e9d, akkor rendel\u00e9sn\u00e9l nemcsak a term\u00e9ket hanem a leg\u00f6rd\u00fcl\u0151 men\u00fcb\u0151l a szerkeszt\u00e9si d\u00edjat is tedd a kos\u00e1rba! A r\u00e9szleteket pedig emailben egyeztetj\u00fck majd.\n\nHogy mit takar az okos dekor\u00e1ci\u00f3?\n\nA legfontosabb el\u0151nyei, m\u00e1s dekor\u00e1ci\u00f3s megold\u00e1ssal szemben:\n- egy mozdulattal felrakhat\u00f3 b\u00e1rmilyen fel\u00fcletre (falra, szekr\u00e9nyre, \u00fcvegre stb )\n- nincs sz\u00fcks\u00e9g sz\u00f6gre \u00e9s kalap\u00e1csra a felhelyez\u00e9shez\n- nincsenek tov\u00e1bbi k\u00f6lts\u00e9geid, hiszen nem kell keretet is v\u00e1s\u00e1rolni\n- nyom n\u00e9lk\u00fcl \u00e1thelyezhet\u0151, t\u00f6bbsz\u00f6r is\n\nA k\u00e9pen l\u00e1that\u00f3 kieg\u00e9sz\u00edt\u0151 dekor\u00e1ci\u00f3s k\u00f6rnyezet csak illusztr\u00e1ci\u00f3, ami nem k\u00e9pezi a term\u00e9k r\u00e9sz\u00e9t. A m\u00e9retar\u00e1ny nem felt\u00e9tlen\u00fcl felel meg a val\u00f3s\u00e1gnak. A pontos m\u00e9retet a term\u00e9kle\u00edr\u00e1sban l\u00e1thatod:\n\nTerm\u00e9kle\u00edr\u00e1s:\nA dekor\u00e1ci\u00f3 7 db hatsz\u00f6g elemb\u0151l \u00e1ll. A teljes m\u00e9ret ~2 cm-es h\u00e9zagokkal ~61x64 cm, ahol egy hatsz\u00f6g elem m\u00e9rete 231x200 mm. A fel\u00fclet matt (de lehet f\u00e9nyes is fel\u00e1ras opci\u00f3k\u00e9nt). Lehet\u0151s\u00e9ged van Nagy m\u00e9retet is k\u00e9rni (fel\u00e1ras opci\u00f3k\u00e9nt), ami ~80x83 cm \u00e9s f\u00e9nyes fel\u00fclet\u0171 (amiben egy elem 300x260 mm).\n\nMin\u0151s\u00e9gi fot\u00f3pap\u00edrra k\u00e9sz\u00fcl\u0151 nyomat, amely egy 5 mm-es vastag, hatsz\u00f6g form\u00e1j\u00fa feh\u00e9r habkartonra van kas\u00edrozva. R\u00f6gz\u00edt\u00e9se speci\u00e1lis ragaszt\u00e1si technol\u00f3gi\u00e1val t\u00f6rt\u00e9nik, amivel a dekor\u00e1ci\u00f3 nyom n\u00e9lk\u00fcl \u00e1thelyezhet\u0151, ak\u00e1r t\u00f6bbsz\u00f6r is.\nEl\u00e9rhet\u0151 az al\u00e1bbi m\u00e9ret \u00e9s fel\u00fclet opci\u00f3kban (a term\u00e9kk\u00e9pek k\u00f6z\u00f6tt megtal\u00e1lod egy hatsz\u00f6g elem Norm\u00e1l \u00e9s Nagy verzi\u00f3j\u00e1nak m\u00e9retar\u00e1nyos \u00f6sszehasonl\u00edt\u00f3 k\u00e9pet is). A v\u00e1s\u00e1rl\u00e1sn\u00e1l pedig a M\u00e9ret leg\u00f6rd\u00fcl\u0151 men\u00fcben v\u00e1laszthatod majd ki, a Neked szimpatikus verzi\u00f3t.\n- Norm\u00e1l m\u00e9ret (~61x64 cm), matt fel\u00fclettel (alap\u00e1r)\n- Norm\u00e1l m\u00e9ret (~61x64 cm), f\u00e9nyes fel\u00fclettel (fel\u00e1ras opci\u00f3)\n- Nagy m\u00e9ret (~80x83 cm), f\u00e9nyes fel\u00fclettel (fel\u00e1ras opci\u00f3)\n\nSzerz\u0151i jog:\nA boltomban tal\u00e1lhat\u00f3 \u00f6sszes term\u00e9k a saj\u00e1t alkot\u00e1som \u00e9s szerz\u0151i jog v\u00e9di. Semmilyen form\u00e1ban nem m\u00e1solhat\u00f3, gy\u00e1rthat\u00f3 \u00e9s sokszoros\u00edthat\u00f3.","price":"24990.00","unit":"db","recommended":"0","status":"1","sponsored":"0","exp_notify":"0","own_material":"0","own_material_description_old":null,"own_material_description":"","jury":"0","jury_number":"","product_nature":"","meskaracsony":"0","create_date":"2026-01-22 02:58:10","shelve_id":"64873","image":"hexartdesign_product_371419_210216182034_930614.jpeg","image_width":"480","image_height":"480","image_alt":"Hexart Plants fali dekor\u00e1ci\u00f3 - narancs-z\u00f6ld, Hexart Design - Az okos dekor\u00e1ci\u00f3\\nNincs sz\u00fcks\u00e9g keretre \/ Kas\u00edrozott habkarton \/ Egy mozdulattal fel..., Meska","image_title":"Hexart Plants fali dekor\u00e1ci\u00f3 - narancs-z\u00f6ld, Meska","view_count":"1753","favourite_count":"0","trending_score":"0","last2MonthFavouriteCount":"0","promotion":0,"giftcard_accept":"1","creditcard_accept":true,"enhanced_background":"0","domain":"meska","specific_customer_id":null,"specific_customer_name":null,"to_order_product":"1","to_order_product_time":"3","product_different":"quite_different","product_different_description":"A sz\u00ednek minim\u00e1lisan elt\u00e9rhetnek a kijelz\u0151n l\u00e1that\u00f3 sz\u00ednekt\u0151l (mobil kijelz\u0151, monitor stb.)\nAz egyedi szem\u00e9lyre szabott dekor\u00e1ci\u00f3kn\u00e1l v\u00e1ltozik a sz\u00f6veg.","vintage":"0","vintage_category_id":"0","recycled":"0","gemstone_id":"0","customizable":"0","type_category":"physical","zerowaste":"0","postage_price":"1490.00","shop_order":"0","has_category":"1","landing_pages":null,"microdata":{"number":60,"category":""},"title":"Hexart Plants fali dekor\u00e1ci\u00f3 - narancs-z\u00f6ld","description":"Hexart Design - Az okos dekor\u00e1ci\u00f3\nNincs sz\u00fcks\u00e9g keretre \/ Kas\u00edrozott habkarton \/ Egy mozdulattal felrakhat\u00f3\n\nModern, divatos \u00e9s trendi hatsz\u00f6g dekor\u00e1ci\u00f3 skandin\u00e1v st\u00edlusban. A dekor\u00e1ci\u00f3 7 elemb\u0151l \u00e1ll, ahogy a k\u00e9pen is l\u00e1thatod. Dekor\u00e1lhatod vele a nappalid, h\u00e1l\u00f3szob\u00e1d vagy ak\u00e1r az irod\u00e1d. A \u201eHexart Plants\u201d design nem csak ebben a sz\u00ednben, hanem t\u00f6bb v\u00e1ltozatban (ak\u00e1r egyedi sz\u00ednekben, l\u00e1sd lentebb) is el\u00e9rhet\u0151 az al\u00e1bbi linken:\nhttps:\/\/www.meska.hu\/shop\/Hexartdesign?s=64873\n\n\/\/\/\/\/ Egyedi sz\u00ednek? \/\/\/\/\/\nSzerkeszt\u00e9si d\u00edj ellen\u00e9ben, lehet\u0151s\u00e9ged van egyedi sz\u00ednekre is. Amennyiben ezt szeretn\u00e9d, akkor rendel\u00e9sn\u00e9l nemcsak a term\u00e9ket hanem a leg\u00f6rd\u00fcl\u0151 men\u00fcb\u0151l a szerkeszt\u00e9si d\u00edjat is tedd a kos\u00e1rba! A r\u00e9szleteket pedig emailben egyeztetj\u00fck majd.\n\nHogy mit takar az okos dekor\u00e1ci\u00f3?\n\nA legfontosabb el\u0151nyei, m\u00e1s dekor\u00e1ci\u00f3s megold\u00e1ssal szemben:\n- egy mozdulattal felrakhat\u00f3 b\u00e1rmilyen fel\u00fcletre (falra, szekr\u00e9nyre, \u00fcvegre stb )\n- nincs sz\u00fcks\u00e9g sz\u00f6gre \u00e9s kalap\u00e1csra a felhelyez\u00e9shez\n- nincsenek tov\u00e1bbi k\u00f6lts\u00e9geid, hiszen nem kell keretet is v\u00e1s\u00e1rolni\n- nyom n\u00e9lk\u00fcl \u00e1thelyezhet\u0151, t\u00f6bbsz\u00f6r is\n\nA k\u00e9pen l\u00e1that\u00f3 kieg\u00e9sz\u00edt\u0151 dekor\u00e1ci\u00f3s k\u00f6rnyezet csak illusztr\u00e1ci\u00f3, ami nem k\u00e9pezi a term\u00e9k r\u00e9sz\u00e9t. A m\u00e9retar\u00e1ny nem felt\u00e9tlen\u00fcl felel meg a val\u00f3s\u00e1gnak. A pontos m\u00e9retet a term\u00e9kle\u00edr\u00e1sban l\u00e1thatod:\n\nTerm\u00e9kle\u00edr\u00e1s:\nA dekor\u00e1ci\u00f3 7 db hatsz\u00f6g elemb\u0151l \u00e1ll. A teljes m\u00e9ret ~2 cm-es h\u00e9zagokkal ~61x64 cm, ahol egy hatsz\u00f6g elem m\u00e9rete 231x200 mm. A fel\u00fclet matt (de lehet f\u00e9nyes is fel\u00e1ras opci\u00f3k\u00e9nt). Lehet\u0151s\u00e9ged van Nagy m\u00e9retet is k\u00e9rni (fel\u00e1ras opci\u00f3k\u00e9nt), ami ~80x83 cm \u00e9s f\u00e9nyes fel\u00fclet\u0171 (amiben egy elem 300x260 mm).\n\nMin\u0151s\u00e9gi fot\u00f3pap\u00edrra k\u00e9sz\u00fcl\u0151 nyomat, amely egy 5 mm-es vastag, hatsz\u00f6g form\u00e1j\u00fa feh\u00e9r habkartonra van kas\u00edrozva. R\u00f6gz\u00edt\u00e9se speci\u00e1lis ragaszt\u00e1si technol\u00f3gi\u00e1val t\u00f6rt\u00e9nik, amivel a dekor\u00e1ci\u00f3 nyom n\u00e9lk\u00fcl \u00e1thelyezhet\u0151, ak\u00e1r t\u00f6bbsz\u00f6r is.\nEl\u00e9rhet\u0151 az al\u00e1bbi m\u00e9ret \u00e9s fel\u00fclet opci\u00f3kban (a term\u00e9kk\u00e9pek k\u00f6z\u00f6tt megtal\u00e1lod egy hatsz\u00f6g elem Norm\u00e1l \u00e9s Nagy verzi\u00f3j\u00e1nak m\u00e9retar\u00e1nyos \u00f6sszehasonl\u00edt\u00f3 k\u00e9pet is). A v\u00e1s\u00e1rl\u00e1sn\u00e1l pedig a M\u00e9ret leg\u00f6rd\u00fcl\u0151 men\u00fcben v\u00e1laszthatod majd ki, a Neked szimpatikus verzi\u00f3t.\n- Norm\u00e1l m\u00e9ret (~61x64 cm), matt fel\u00fclettel (alap\u00e1r)\n- Norm\u00e1l m\u00e9ret (~61x64 cm), f\u00e9nyes fel\u00fclettel (fel\u00e1ras opci\u00f3)\n- Nagy m\u00e9ret (~80x83 cm), f\u00e9nyes fel\u00fclettel (fel\u00e1ras opci\u00f3)\n\nSzerz\u0151i jog:\nA boltomban tal\u00e1lhat\u00f3 \u00f6sszes term\u00e9k a saj\u00e1t alkot\u00e1som \u00e9s szerz\u0151i jog v\u00e9di. Semmilyen form\u00e1ban nem m\u00e1solhat\u00f3, gy\u00e1rthat\u00f3 \u00e9s sokszoros\u00edthat\u00f3.","score":0,"formatted_price":"24 990 Ft","image_url":"https:\/\/www.meska.hu\/img\/product\/small\/h\/e\/hexartdesign_product_371419_210216182034_930614.jpeg","formatted_url":"https:\/\/www.meska.hu\/p4038278-hexart-plants-fali-dekoracio-narancs-zold","favourite":false,"in_stock":false,"avatar":"Hexartdesign_avatar_371419_1589358772.jpg","delete_from":0,"is_enhanced_background":false,"is_enhanced":false,"product_selection_started":false,"is_active":true,"image_webp_url":"https:\/\/www.meska.hu\/img\/product\/small\/h\/e\/hexartdesign_product_371419_210216182034_930614.webp"},{"id":"6087500","shop_id":"24782","user_id":"286281","shop_name":"Horiesz","shop_zip":"1152","product_code":"5716090","product_name_old":null,"product_name":"Vir\u00e1gos k\u00e9p \u00f3v\u00f3n\u00e9ninek","category_string":"Otthon & \u00c9letm\u00f3d, Dekor\u00e1ci\u00f3, K\u00e9p & Falik\u00e9p, T\u00f6bb r\u00e9szes k\u00e9p","technic_string":"Mindenm\u00e1s","category_1":"813","category_2":"314","category_3":"417","category_4":"1429","merged_category_1":null,"merged_category_2":null,"merged_category_3":null,"technic_1":"493","technic_2":"0","technic_3":"0","color_1":"1474","color_2":"515","color_3":"529","product_description_old":null,"product_description":"K\u00f6sz\u00f6ntsd az \u00f3v\u00f3 n\u00e9nit, dadus n\u00e9nit, ezzel a vir\u00e1gos k\u00e9ppel! Aj\u00e1nd\u00e9kozz 3D vir\u00e1gk\u00e9pet, ami \u00f6r\u00f6kk\u00e9 tart\u00f3 eml\u00e9k lesz sz\u00e1m\u00e1ra. Kifejezheted vele a szereteted \u00e9s h\u00e1l\u00e1dat.\nFalra is akaszthat\u00f3, de t\u00e1maszt\u00f3val a polcon is m\u00e9lt\u00f3 helye lehet.\n\nK\u00e9tf\u00e9le sz\u00ednben is k\u00e9rhet\u0151.","price":"5500.00","unit":"db","recommended":"0","status":"1","sponsored":"0","exp_notify":"0","own_material":"0","own_material_description_old":null,"own_material_description":"","jury":"0","jury_number":"","product_nature":"","meskaracsony":"0","create_date":"2026-01-18 22:30:33","shelve_id":"0","image":"horiesz_product_286281_250309221503_839885.jpeg","image_width":"480","image_height":"480","image_alt":"Vir\u00e1gos k\u00e9p \u00f3v\u00f3n\u00e9ninek, K\u00f6sz\u00f6ntsd az \u00f3v\u00f3 n\u00e9nit, dadus n\u00e9nit, ezzel a vir\u00e1gos k\u00e9ppel! Aj\u00e1nd\u00e9kozz 3D vir\u00e1gk\u00e9pet, ami \u00f6r\u00f6kk\u00e9 ta..., Meska","image_title":"Vir\u00e1gos k\u00e9p \u00f3v\u00f3n\u00e9ninek, Meska","view_count":"56","favourite_count":"0","trending_score":"0","last2MonthFavouriteCount":"0","promotion":"0","giftcard_accept":"1","creditcard_accept":false,"enhanced_background":"0","domain":"meska","specific_customer_id":null,"specific_customer_name":null,"to_order_product":"1","to_order_product_time":"7","product_different":null,"product_different_description":"","vintage":"0","vintage_category_id":"0","recycled":"0","gemstone_id":"0","customizable":"0","type_category":"physical","zerowaste":"0","postage_price":"2300.00","shop_order":"0","has_category":"1","landing_pages":null,"microdata":{"number":61,"category":""},"title":"Vir\u00e1gos k\u00e9p \u00f3v\u00f3n\u00e9ninek","description":"K\u00f6sz\u00f6ntsd az \u00f3v\u00f3 n\u00e9nit, dadus n\u00e9nit, ezzel a vir\u00e1gos k\u00e9ppel! Aj\u00e1nd\u00e9kozz 3D vir\u00e1gk\u00e9pet, ami \u00f6r\u00f6kk\u00e9 tart\u00f3 eml\u00e9k lesz sz\u00e1m\u00e1ra. Kifejezheted vele a szereteted \u00e9s h\u00e1l\u00e1dat.\nFalra is akaszthat\u00f3, de t\u00e1maszt\u00f3val a polcon is m\u00e9lt\u00f3 helye lehet.\n\nK\u00e9tf\u00e9le sz\u00ednben is k\u00e9rhet\u0151.","score":0,"formatted_price":"5 500 Ft","image_url":"https:\/\/www.meska.hu\/img\/product\/small\/h\/o\/horiesz_product_286281_250309221503_839885.jpeg","formatted_url":"https:\/\/www.meska.hu\/p5716090-viragos-kep-ovoneninek","favourite":false,"in_stock":false,"avatar":"Horiesz_avatar_286281_1620811883.jpg","delete_from":0,"is_enhanced_background":false,"is_enhanced":false,"product_selection_started":false,"is_active":true,"image_webp_url":"https:\/\/www.meska.hu\/img\/product\/small\/h\/o\/horiesz_product_286281_250309221503_839885.webp"},{"id":"3378590","shop_id":"24043","user_id":"272819","shop_name":"RRstudio","shop_zip":"1185","product_code":"4114748","product_name_old":null,"product_name":"Tr\u00f3pusi leveles print szett, P\u00e1lma lev\u00e9l, ban\u00e1n lev\u00e9l, p\u00e1fr\u00e1ny, tr\u00f3pusi, z\u00f6ld levelek","category_string":"Otthon & \u00c9letm\u00f3d, T\u00f6bb r\u00e9szes k\u00e9p, Dekor\u00e1ci\u00f3, K\u00e9p & Falik\u00e9p","technic_string":"Fot\u00f3, grafika, rajz, illusztr\u00e1ci\u00f3","category_1":"813","category_2":"1429","category_3":"314","category_4":"417","merged_category_1":null,"merged_category_2":null,"merged_category_3":null,"technic_1":"483","technic_2":"0","technic_3":"0","color_1":"514","color_2":"519","color_3":"529","product_description_old":null,"product_description":"A4 Min\u0151s\u00e9gi Pap\u00edr Print szett Nyomtat\u00e1s : 3db k\u00e9p\n* KERET N\u00c9LK\u00dcL *\n\nAz \u00e1r 3db printet tartalmaz.\n\n* KIVITELEZ\u00c9S & ELK\u00c9SZ\u00cdT\u00c9S:\nFelszerelt st\u00fadi\u00f3nkban a mi fel\u00fcgyelet\u00fcnk alatt, saj\u00e1t eszk\u00f6zeinkkel nyomtatjuk, k\u00e9sz\u00edtj\u00fck \u00e9s csomagoljuk k\u00e9peinket.\n\n* M\u00c9RET: A4 (210 x 297 mm)\n\n* ANYAG:\n250g - os textur\u00e1lt nat\u00far vagy feh\u00e9r m\u0171v\u00e9szpap\u00edr\n\n* SZ\u00d6VEG:\nV\u00e1s\u00e1rl\u00e1skor k\u00e9rlek hagyj \u00fczenetet a k\u00e9rt v\u00e1ltoztat\u00e1ssal, n\u00e9vvel, sz\u00f6veggel!\n\n* CSOMAGOL\u00c1S:\nKartonnal merev\u00edtve, bubor\u00e9kf\u00f3li\u00e1val vagy hengerben\n\n* FIZET\u00c9S:\nCsakis el\u0151re banki utal\u00e1ssal!\nA v\u00e1s\u00e1rl\u00e1s ut\u00e1n k\u00fcldj\u00fck a t\u00e1j\u00e9koztat\u00f3 emailt a sz\u00fcks\u00e9ges adatokkal\n\n* \u00c1TFUT\u00c1SI ID\u0150:\nkb.: 3 munkanap\n\n* SAJ\u00c1T ELK\u00c9PZEL\u00c9SED VAN?\nEgyedi rendel\u00e9seket is sz\u00edvesen fogadunk.\n\u00cdrj nyugodtan!\n\nA v\u00edzjel leker\u00fcl a k\u00e9sz term\u00e9kr\u0151l, egy\u00e9b keretek, h\u00e1tterek, dekor\u00e1ci\u00f3k csak illusztrat\u00edv jelleget k\u00e9peznek.\n\nSZERZ\u0150I JOG:\n- Minden jog fenntartva\nFelh\u00edjuk figyelmedet, hogy a szerz\u0151i jog minden term\u00e9kre megmarad. ","price":"2500.00","unit":"db","recommended":"0","status":"1","sponsored":"0","exp_notify":"0","own_material":"0","own_material_description_old":null,"own_material_description":"","jury":"0","jury_number":"","product_nature":"","meskaracsony":"0","create_date":"2026-01-18 13:34:06","shelve_id":"58074","image":"rrstudio_product_272819_210411134706_747135.jpeg","image_width":"480","image_height":"384","image_alt":"Tr\u00f3pusi leveles print szett, P\u00e1lma lev\u00e9l, ban\u00e1n lev\u00e9l, p\u00e1fr\u00e1ny, tr\u00f3pusi, z\u00f6ld levelek, A4 Min\u0151s\u00e9gi Pap\u00edr Print szett Nyomtat\u00e1s : 3db k\u00e9p\\n* KERET N\u00c9LK\u00dcL *\\n\\nAz \u00e1r 3db printet tartalmaz.\\n\\n* ..., Meska","image_title":"Tr\u00f3pusi leveles print szett, P\u00e1lma lev\u00e9l, ban\u00e1n lev\u00e9l, p\u00e1fr\u00e1ny, tr\u00f3pusi, z\u00f6ld levelek, Meska","view_count":"1146","favourite_count":"0","trending_score":"0","last2MonthFavouriteCount":"0","promotion":"0","giftcard_accept":"1","creditcard_accept":false,"enhanced_background":"0","domain":"meska","specific_customer_id":null,"specific_customer_name":null,"to_order_product":"0","to_order_product_time":"0","product_different":null,"product_different_description":"","vintage":"0","vintage_category_id":"0","recycled":"0","gemstone_id":"0","customizable":"0","type_category":"physical","zerowaste":"0","postage_price":"1290.00","shop_order":"0","has_category":"1","landing_pages":null,"microdata":{"number":62,"category":""},"title":"Tr\u00f3pusi leveles print szett, P\u00e1lma lev\u00e9l, ban\u00e1n lev\u00e9l, p\u00e1fr\u00e1ny, tr\u00f3pusi, z\u00f6ld levelek","description":"A4 Min\u0151s\u00e9gi Pap\u00edr Print szett Nyomtat\u00e1s : 3db k\u00e9p\n* KERET N\u00c9LK\u00dcL *\n\nAz \u00e1r 3db printet tartalmaz.\n\n* KIVITELEZ\u00c9S & ELK\u00c9SZ\u00cdT\u00c9S:\nFelszerelt st\u00fadi\u00f3nkban a mi fel\u00fcgyelet\u00fcnk alatt, saj\u00e1t eszk\u00f6zeinkkel nyomtatjuk, k\u00e9sz\u00edtj\u00fck \u00e9s csomagoljuk k\u00e9peinket.\n\n* M\u00c9RET: A4 (210 x 297 mm)\n\n* ANYAG:\n250g - os textur\u00e1lt nat\u00far vagy feh\u00e9r m\u0171v\u00e9szpap\u00edr\n\n* SZ\u00d6VEG:\nV\u00e1s\u00e1rl\u00e1skor k\u00e9rlek hagyj \u00fczenetet a k\u00e9rt v\u00e1ltoztat\u00e1ssal, n\u00e9vvel, sz\u00f6veggel!\n\n* CSOMAGOL\u00c1S:\nKartonnal merev\u00edtve, bubor\u00e9kf\u00f3li\u00e1val vagy hengerben\n\n* FIZET\u00c9S:\nCsakis el\u0151re banki utal\u00e1ssal!\nA v\u00e1s\u00e1rl\u00e1s ut\u00e1n k\u00fcldj\u00fck a t\u00e1j\u00e9koztat\u00f3 emailt a sz\u00fcks\u00e9ges adatokkal\n\n* \u00c1TFUT\u00c1SI ID\u0150:\nkb.: 3 munkanap\n\n* SAJ\u00c1T ELK\u00c9PZEL\u00c9SED VAN?\nEgyedi rendel\u00e9seket is sz\u00edvesen fogadunk.\n\u00cdrj nyugodtan!\n\nA v\u00edzjel leker\u00fcl a k\u00e9sz term\u00e9kr\u0151l, egy\u00e9b keretek, h\u00e1tterek, dekor\u00e1ci\u00f3k csak illusztrat\u00edv jelleget k\u00e9peznek.\n\nSZERZ\u0150I JOG:\n- Minden jog fenntartva\nFelh\u00edjuk figyelmedet, hogy a szerz\u0151i jog minden term\u00e9kre megmarad. ","score":0,"formatted_price":"2 500 Ft","image_url":"https:\/\/www.meska.hu\/img\/product\/small\/r\/r\/rrstudio_product_272819_210411134706_747135.jpeg","formatted_url":"https:\/\/www.meska.hu\/p4114748-tropusi-leveles-print-szett-palma-level-banan-level-pafrany-tropusi-zold-levelek","favourite":false,"in_stock":true,"avatar":"RRstudio_avatar_272819_1590081778.jpg","delete_from":0,"is_enhanced_background":false,"is_enhanced":false,"product_selection_started":false,"is_active":true,"image_webp_url":"https:\/\/www.meska.hu\/img\/product\/small\/r\/r\/rrstudio_product_272819_210411134706_747135.webp"},{"id":"5008113","shop_id":"34888","user_id":"455893","shop_name":"flaminGoods","shop_zip":"8444","product_code":"5087566","product_name_old":null,"product_name":"Sz\u00fclet\u00e9snapi sz\u00e1m fot\u00f3","category_string":"Otthon & \u00c9letm\u00f3d, Dekor\u00e1ci\u00f3, K\u00e9p & Falik\u00e9p, T\u00f6bb r\u00e9szes k\u00e9p","technic_string":"Mindenm\u00e1s","category_1":"813","category_2":"314","category_3":"417","category_4":"1429","merged_category_1":"0","merged_category_2":"0","merged_category_3":"785","technic_1":"493","technic_2":"0","technic_3":"0","color_1":"513","color_2":"0","color_3":"0","product_description_old":null,"product_description":"Sz\u00fclet\u00e9snapra kiv\u00e1l\u00f3 aj\u00e1nd\u00e9k.\nEmailben k\u00fcld\u00f6m a k\u00e9sz k\u00e9pet.","price":"2890.00","unit":"db","recommended":"0","status":"1","sponsored":"0","exp_notify":"0","own_material":"0","own_material_description_old":null,"own_material_description":"","jury":"0","jury_number":"","product_nature":"","meskaracsony":"0","create_date":"2026-01-17 13:31:18","shelve_id":"0","image":"flamingoods_product_455893_230930102912_948135.jpeg","image_width":"480","image_height":"546","image_alt":"Sz\u00fclet\u00e9snapi sz\u00e1m fot\u00f3, Sz\u00fclet\u00e9snapra kiv\u00e1l\u00f3 aj\u00e1nd\u00e9k.\\nEmailben k\u00fcld\u00f6m a k\u00e9sz k\u00e9pet., Meska","image_title":"Sz\u00fclet\u00e9snapi sz\u00e1m fot\u00f3, Meska","view_count":"1545","favourite_count":"1","trending_score":"0","last2MonthFavouriteCount":"0","promotion":"0","giftcard_accept":"0","creditcard_accept":false,"enhanced_background":"0","domain":"meska","specific_customer_id":null,"specific_customer_name":null,"to_order_product":"1","to_order_product_time":"3","product_different":null,"product_different_description":"","vintage":"0","vintage_category_id":"0","recycled":"0","gemstone_id":"0","customizable":"0","type_category":"digital","zerowaste":"0","postage_price":"0.00","shop_order":"0","has_category":"1","landing_pages":null,"microdata":{"number":63,"category":""},"title":"Sz\u00fclet\u00e9snapi sz\u00e1m fot\u00f3","description":"Sz\u00fclet\u00e9snapra kiv\u00e1l\u00f3 aj\u00e1nd\u00e9k.\nEmailben k\u00fcld\u00f6m a k\u00e9sz k\u00e9pet.","score":0,"formatted_price":"2 890 Ft","image_url":"https:\/\/www.meska.hu\/img\/product\/small\/f\/l\/flamingoods_product_455893_230930102912_948135.jpeg","formatted_url":"https:\/\/www.meska.hu\/p5087566-szuletesnapi-szam-foto","favourite":false,"in_stock":false,"avatar":"flaminGoods_avatar_455893_1643536229.png","delete_from":0,"is_enhanced_background":false,"is_enhanced":false,"product_selection_started":false,"is_active":true,"image_webp_url":"https:\/\/www.meska.hu\/img\/product\/small\/f\/l\/flamingoods_product_455893_230930102912_948135.webp"},{"id":"5454985","shop_id":"41917","user_id":"75543","shop_name":"AnaRita","shop_zip":"1013","product_code":"5354401","product_name_old":null,"product_name":"Mesters\u00e9ges Intelligencia AI Egzotikus Csillog\u00f3 Arcok Falik\u00e9p","category_string":"Otthon & \u00c9letm\u00f3d, Dekor\u00e1ci\u00f3, K\u00e9p & Falik\u00e9p, T\u00f6bb r\u00e9szes k\u00e9p","technic_string":"","category_1":"813","category_2":"314","category_3":"417","category_4":"1429","merged_category_1":null,"merged_category_2":null,"merged_category_3":null,"technic_1":"0","technic_2":"0","technic_3":"0","color_1":"512","color_2":"518","color_3":"532","product_description_old":null,"product_description":"Minden a k\u00e9pzelet \u00e9s a Mesters\u00e9ges Intelligencia sz\u00fclem\u00e9nye. A k\u00e9peken a Mesters\u00e9ges Intelligencia \u00e1ltal egy program seg\u00edts\u00e9g\u00e9vel megalkotott nem l\u00e9tez\u0151 szem\u00e9lyek vannak. K\u00fcl\u00f6nb\u00f6z\u0151 nemzetis\u00e9g\u0151 arannyal \u00e9s ez\u00fcsttel megfestett arc\u00fa egzotikus sz\u00e9ps\u00e9gek l\u00e1that\u00f3ak. A k\u00e9p gy\u00f6ny\u00f6r\u0171 aranyl\u00f3 \u00e9s ez\u00fcst\u00f6s sz\u00ednvil\u00e1g\u00fa. A f\u00e9nyk\u00e9pekb\u0151l egyetlen p\u00e9ld\u00e1ny k\u00e9sz\u00fclt, amelyek a tov\u00e1bbiakban semmilyen form\u00e1rban nem ker\u00fclnek felhaszn\u00e1l\u00e1sra. \nA falik\u00e9p m\u00e9rete 42 cm x 66 cm. A k\u00e9pkeret is saj\u00e1t k\u00e9sz\u00edt\u00e9s\u0171 lakkozott mahag\u00f3ni fa. Az \u00f6t gy\u00f6ny\u00f6r\u0171 arany \u00e9s ez\u00fcst fest\u00e9kkel lefestett arcokat \u00e1br\u00e1zol\u00f3 k\u00e9pek plexi \u00e9s b\u00e9zs paszpartu m\u00f6g\u00f6tt helyezkednek el. \nSzem\u00e9lyes \u00e1tv\u00e9telre is van lehet\u0151s\u00e9g Budapesten Bud\u00e1n a XII. ker\u00fcletben, vagy k\u00f6rny\u00e9k\u00e9n. \nK\u00e9rd\u00e9s, vagy k\u00e9r\u00e9s eset\u00e9n keress minket bizalommal. :) \nK\u00f6sz\u00f6nj\u00fck, hogy ben\u00e9zt\u00e9l hozz\u00e1nk! \nAna \u00e9s Rita (AnaRita) ","price":"89900.00","unit":"db","recommended":"0","status":"1","sponsored":"0","exp_notify":"0","own_material":"0","own_material_description_old":null,"own_material_description":"","jury":"0","jury_number":"","product_nature":"","meskaracsony":"0","create_date":"2026-01-16 23:08:37","shelve_id":"77407","image":"anarita_product_75543_240822024006_45827.jpeg","image_width":"480","image_height":"757","image_alt":"Mesters\u00e9ges Intelligencia AI Egzotikus Csillog\u00f3 Arcok Falik\u00e9p, Minden a k\u00e9pzelet \u00e9s a Mesters\u00e9ges Intelligencia sz\u00fclem\u00e9nye. A k\u00e9peken a Mesters\u00e9ges Intelligencia \u00e1..., Meska","image_title":"Mesters\u00e9ges Intelligencia AI Egzotikus Csillog\u00f3 Arcok Falik\u00e9p, Meska","view_count":"532","favourite_count":"0","trending_score":"0","last2MonthFavouriteCount":"0","promotion":"0","giftcard_accept":"0","creditcard_accept":true,"enhanced_background":"0","domain":"meska","specific_customer_id":null,"specific_customer_name":null,"to_order_product":"0","to_order_product_time":"0","product_different":null,"product_different_description":"","vintage":"0","vintage_category_id":"0","recycled":"0","gemstone_id":"0","customizable":"0","type_category":"physical","zerowaste":"0","postage_price":"0.00","shop_order":"0","has_category":"1","landing_pages":null,"microdata":{"number":64,"category":""},"title":"Mesters\u00e9ges Intelligencia AI Egzotikus Csillog\u00f3 Arcok Falik\u00e9p","description":"Minden a k\u00e9pzelet \u00e9s a Mesters\u00e9ges Intelligencia sz\u00fclem\u00e9nye. A k\u00e9peken a Mesters\u00e9ges Intelligencia \u00e1ltal egy program seg\u00edts\u00e9g\u00e9vel megalkotott nem l\u00e9tez\u0151 szem\u00e9lyek vannak. K\u00fcl\u00f6nb\u00f6z\u0151 nemzetis\u00e9g\u0151 arannyal \u00e9s ez\u00fcsttel megfestett arc\u00fa egzotikus sz\u00e9ps\u00e9gek l\u00e1that\u00f3ak. A k\u00e9p gy\u00f6ny\u00f6r\u0171 aranyl\u00f3 \u00e9s ez\u00fcst\u00f6s sz\u00ednvil\u00e1g\u00fa. A f\u00e9nyk\u00e9pekb\u0151l egyetlen p\u00e9ld\u00e1ny k\u00e9sz\u00fclt, amelyek a tov\u00e1bbiakban semmilyen form\u00e1rban nem ker\u00fclnek felhaszn\u00e1l\u00e1sra. \nA falik\u00e9p m\u00e9rete 42 cm x 66 cm. A k\u00e9pkeret is saj\u00e1t k\u00e9sz\u00edt\u00e9s\u0171 lakkozott mahag\u00f3ni fa. Az \u00f6t gy\u00f6ny\u00f6r\u0171 arany \u00e9s ez\u00fcst fest\u00e9kkel lefestett arcokat \u00e1br\u00e1zol\u00f3 k\u00e9pek plexi \u00e9s b\u00e9zs paszpartu m\u00f6g\u00f6tt helyezkednek el. \nSzem\u00e9lyes \u00e1tv\u00e9telre is van lehet\u0151s\u00e9g Budapesten Bud\u00e1n a XII. ker\u00fcletben, vagy k\u00f6rny\u00e9k\u00e9n. \nK\u00e9rd\u00e9s, vagy k\u00e9r\u00e9s eset\u00e9n keress minket bizalommal. :) \nK\u00f6sz\u00f6nj\u00fck, hogy ben\u00e9zt\u00e9l hozz\u00e1nk! \nAna \u00e9s Rita (AnaRita) ","score":0,"formatted_price":"89 900 Ft","image_url":"https:\/\/www.meska.hu\/img\/product\/small\/a\/n\/anarita_product_75543_240822024006_45827.jpeg","formatted_url":"https:\/\/www.meska.hu\/p5354401-ai-egzotikus-csillogo-arcok-falikep","favourite":false,"in_stock":true,"avatar":"75543_avatar_1775231969.png","delete_from":0,"is_enhanced_background":false,"is_enhanced":false,"product_selection_started":false,"is_active":true,"image_webp_url":"https:\/\/www.meska.hu\/img\/product\/small\/a\/n\/anarita_product_75543_240822024006_45827.webp"},{"id":"5454986","shop_id":"41917","user_id":"75543","shop_name":"AnaRita","shop_zip":"1013","product_code":"5354402","product_name_old":null,"product_name":"Mesters\u00e9ges Intelligencia AI Sz\u00ednes Festett Arcok Falik\u00e9p","category_string":"Otthon & \u00c9letm\u00f3d, Dekor\u00e1ci\u00f3, K\u00e9p & Falik\u00e9p, T\u00f6bb r\u00e9szes k\u00e9p","technic_string":"","category_1":"813","category_2":"314","category_3":"417","category_4":"1429","merged_category_1":null,"merged_category_2":null,"merged_category_3":null,"technic_1":"0","technic_2":"0","technic_3":"0","color_1":"532","color_2":"0","color_3":"0","product_description_old":null,"product_description":"Minden a k\u00e9pzelet \u00e9s a Mesters\u00e9ges Intelligencia sz\u00fclem\u00e9nye. A k\u00e9peken a Mesters\u00e9ges Intelligencia \u00e1ltal egy program seg\u00edts\u00e9g\u00e9vel megalkotott nem l\u00e9tez\u0151 szem\u00e9lyek vannak. K\u00fcl\u00f6nb\u00f6z\u0151 nemzetis\u00e9g\u0151 sz\u00ednes megfestett arc\u00fa egzotikus sz\u00e9ps\u00e9gek l\u00e1that\u00f3ak. \nA f\u00e9nyk\u00e9pekb\u0151l egyetlen p\u00e9ld\u00e1ny k\u00e9sz\u00fclt, amelyek a tov\u00e1bbiakban semmilyen form\u00e1rban nem ker\u00fclnek felhaszn\u00e1l\u00e1sra. \nA falik\u00e9p m\u00e9rete 44,5 cm x 73 cm. A k\u00e9pkeret is saj\u00e1t k\u00e9sz\u00edt\u00e9s\u0171 lakkozott ny\u00edrfa. Az \u00f6t gy\u00f6ny\u00f6r\u0171 sz\u00ednes fest\u00e9kkel lefestett arcokat \u00e1br\u00e1zol\u00f3 k\u00e9pek plexi \u00e9s b\u00e9zs paszpartu m\u00f6g\u00f6tt helyezkednek el. \nSzem\u00e9lyes \u00e1tv\u00e9telre is van lehet\u0151s\u00e9g Budapesten Bud\u00e1n a XII. ker\u00fcletben, vagy k\u00f6rny\u00e9k\u00e9n. \nK\u00e9rd\u00e9s, vagy k\u00e9r\u00e9s eset\u00e9n keress minket bizalommal. :) \nK\u00f6sz\u00f6nj\u00fck, hogy ben\u00e9zt\u00e9l hozz\u00e1nk! \nAna \u00e9s Rita (AnaRita) ","price":"89900.00","unit":"db","recommended":"0","status":"1","sponsored":"0","exp_notify":"0","own_material":"0","own_material_description_old":null,"own_material_description":"","jury":"0","jury_number":"","product_nature":"","meskaracsony":"0","create_date":"2026-01-16 23:08:35","shelve_id":"77407","image":"anarita_product_75543_240822031355_055723.jpeg","image_width":"480","image_height":"791","image_alt":"Mesters\u00e9ges Intelligencia AI Sz\u00ednes Festett Arcok Falik\u00e9p, Minden a k\u00e9pzelet \u00e9s a Mesters\u00e9ges Intelligencia sz\u00fclem\u00e9nye. A k\u00e9peken a Mesters\u00e9ges Intelligencia \u00e1..., Meska","image_title":"Mesters\u00e9ges Intelligencia AI Sz\u00ednes Festett Arcok Falik\u00e9p, Meska","view_count":"616","favourite_count":"0","trending_score":"0","last2MonthFavouriteCount":"0","promotion":"0","giftcard_accept":"0","creditcard_accept":true,"enhanced_background":"0","domain":"meska","specific_customer_id":null,"specific_customer_name":null,"to_order_product":"0","to_order_product_time":"0","product_different":null,"product_different_description":"","vintage":"0","vintage_category_id":"0","recycled":"0","gemstone_id":"0","customizable":"0","type_category":"physical","zerowaste":"0","postage_price":"0.00","shop_order":"0","has_category":"1","landing_pages":null,"microdata":{"number":65,"category":""},"title":"Mesters\u00e9ges Intelligencia AI Sz\u00ednes Festett Arcok Falik\u00e9p","description":"Minden a k\u00e9pzelet \u00e9s a Mesters\u00e9ges Intelligencia sz\u00fclem\u00e9nye. A k\u00e9peken a Mesters\u00e9ges Intelligencia \u00e1ltal egy program seg\u00edts\u00e9g\u00e9vel megalkotott nem l\u00e9tez\u0151 szem\u00e9lyek vannak. K\u00fcl\u00f6nb\u00f6z\u0151 nemzetis\u00e9g\u0151 sz\u00ednes megfestett arc\u00fa egzotikus sz\u00e9ps\u00e9gek l\u00e1that\u00f3ak. \nA f\u00e9nyk\u00e9pekb\u0151l egyetlen p\u00e9ld\u00e1ny k\u00e9sz\u00fclt, amelyek a tov\u00e1bbiakban semmilyen form\u00e1rban nem ker\u00fclnek felhaszn\u00e1l\u00e1sra. \nA falik\u00e9p m\u00e9rete 44,5 cm x 73 cm. A k\u00e9pkeret is saj\u00e1t k\u00e9sz\u00edt\u00e9s\u0171 lakkozott ny\u00edrfa. Az \u00f6t gy\u00f6ny\u00f6r\u0171 sz\u00ednes fest\u00e9kkel lefestett arcokat \u00e1br\u00e1zol\u00f3 k\u00e9pek plexi \u00e9s b\u00e9zs paszpartu m\u00f6g\u00f6tt helyezkednek el. \nSzem\u00e9lyes \u00e1tv\u00e9telre is van lehet\u0151s\u00e9g Budapesten Bud\u00e1n a XII. ker\u00fcletben, vagy k\u00f6rny\u00e9k\u00e9n. \nK\u00e9rd\u00e9s, vagy k\u00e9r\u00e9s eset\u00e9n keress minket bizalommal. :) \nK\u00f6sz\u00f6nj\u00fck, hogy ben\u00e9zt\u00e9l hozz\u00e1nk! \nAna \u00e9s Rita (AnaRita) ","score":0,"formatted_price":"89 900 Ft","image_url":"https:\/\/www.meska.hu\/img\/product\/small\/a\/n\/anarita_product_75543_240822031355_055723.jpeg","formatted_url":"https:\/\/www.meska.hu\/p5354402-ai-szines-festett-arcok-falikep","favourite":false,"in_stock":true,"avatar":"75543_avatar_1775231969.png","delete_from":0,"is_enhanced_background":false,"is_enhanced":false,"product_selection_started":false,"is_active":true,"image_webp_url":"https:\/\/www.meska.hu\/img\/product\/small\/a\/n\/anarita_product_75543_240822031355_055723.webp"},{"id":"5668534","shop_id":"46416","user_id":"676096","shop_name":"iDecorByBeatrix","shop_zip":"1138","product_code":"5482988","product_name_old":null,"product_name":"Any\u00e1k napi vir\u00e1gos k\u00e9pkeret - szem\u00e9lyre szabhat\u00f3 k\u00e9p \u00e9s felirat","category_string":"Otthon & \u00c9letm\u00f3d, Dekor\u00e1ci\u00f3, K\u00e9p & Falik\u00e9p, T\u00f6bb r\u00e9szes k\u00e9p","technic_string":"Mindenm\u00e1s","category_1":"813","category_2":"314","category_3":"417","category_4":"1429","merged_category_1":null,"merged_category_2":null,"merged_category_3":null,"technic_1":"493","technic_2":"0","technic_3":"0","color_1":"519","color_2":"0","color_3":"0","product_description_old":null,"product_description":"Szeretn\u00e9l egy igaz\u00e1n eml\u00e9kezetes aj\u00e1nd\u00e9kkal kedveskedni \u00c9desany\u00e1dnak vagy Mam\u00e1dnak?  \n\nK\u00e9sz\u00edtsd el\u0151 a kamer\u00e1dat, mert garant\u00e1ltan lesznek olyan pillanatok, amiket \u00f6r\u00f6kre meg\u0151rz\u00f6l majd.   \n\n\u00c1r tartalmazza: \n- K\u00e9pkeretet\n- Vir\u00e1gfejek (10-15 db vir\u00e1gfejet\/bogy\u00f3t)\n- Szem\u00e9lyes k\u00e9pet \u00e9s\/vagy verset \nEgy\u00e9b elk\u00e9pzel\u00e9ssel is keress meg nyugodtan! :) \n\nSZ\u00c1LL\u00cdT\u00c1S: \n- Prefer\u00e1lt a csomag \u00e9rz\u00e9kenys\u00e9ge miatt szem\u00e9lyesen!\n","price":"11990.00","unit":"db","recommended":"0","status":"1","sponsored":"0","exp_notify":"0","own_material":"0","own_material_description_old":null,"own_material_description":"","jury":"0","jury_number":"","product_nature":"","meskaracsony":"0","create_date":"2026-01-15 00:14:55","shelve_id":"79181","image":"idecorbybeatrix_product_676096_250119225651_33742.jpeg","image_width":"480","image_height":"640","image_alt":"Any\u00e1k napi vir\u00e1gos k\u00e9pkeret - szem\u00e9lyre szabhat\u00f3 k\u00e9p \u00e9s felirat, Szeretn\u00e9l egy igaz\u00e1n eml\u00e9kezetes aj\u00e1nd\u00e9kkal kedveskedni \u00c9desany\u00e1dnak vagy Mam\u00e1dnak?  \\n\\nK\u00e9sz\u00edtsd el\u0151 ..., Meska","image_title":"Any\u00e1k napi vir\u00e1gos k\u00e9pkeret - szem\u00e9lyre szabhat\u00f3 k\u00e9p \u00e9s felirat, Meska","view_count":"414","favourite_count":"0","trending_score":"0","last2MonthFavouriteCount":"0","promotion":"0","giftcard_accept":"0","creditcard_accept":true,"enhanced_background":"0","domain":"meska","specific_customer_id":null,"specific_customer_name":null,"to_order_product":"1","to_order_product_time":"2","product_different":null,"product_different_description":"","vintage":"0","vintage_category_id":"0","recycled":"0","gemstone_id":"0","customizable":"1","type_category":"physical","zerowaste":"0","postage_price":"1290.00","shop_order":"0","has_category":"1","landing_pages":null,"microdata":{"number":66,"category":""},"title":"Any\u00e1k napi vir\u00e1gos k\u00e9pkeret - szem\u00e9lyre szabhat\u00f3 k\u00e9p \u00e9s felirat","description":"Szeretn\u00e9l egy igaz\u00e1n eml\u00e9kezetes aj\u00e1nd\u00e9kkal kedveskedni \u00c9desany\u00e1dnak vagy Mam\u00e1dnak?  \n\nK\u00e9sz\u00edtsd el\u0151 a kamer\u00e1dat, mert garant\u00e1ltan lesznek olyan pillanatok, amiket \u00f6r\u00f6kre meg\u0151rz\u00f6l majd.   \n\n\u00c1r tartalmazza: \n- K\u00e9pkeretet\n- Vir\u00e1gfejek (10-15 db vir\u00e1gfejet\/bogy\u00f3t)\n- Szem\u00e9lyes k\u00e9pet \u00e9s\/vagy verset \nEgy\u00e9b elk\u00e9pzel\u00e9ssel is keress meg nyugodtan! :) \n\nSZ\u00c1LL\u00cdT\u00c1S: \n- Prefer\u00e1lt a csomag \u00e9rz\u00e9kenys\u00e9ge miatt szem\u00e9lyesen!\n","score":0,"formatted_price":"11 990 Ft","image_url":"https:\/\/www.meska.hu\/img\/product\/small\/i\/d\/idecorbybeatrix_product_676096_250119225651_33742.jpeg","formatted_url":"https:\/\/www.meska.hu\/p5482988-anyak-napi-viragos-kepkeret","favourite":false,"in_stock":false,"avatar":"676096_avatar_1727690512.jpeg","delete_from":0,"is_enhanced_background":false,"is_enhanced":false,"product_selection_started":false,"is_active":true,"image_webp_url":"https:\/\/www.meska.hu\/img\/product\/small\/i\/d\/idecorbybeatrix_product_676096_250119225651_33742.webp"},{"id":"5185490","shop_id":"29709","user_id":"371419","shop_name":"Hexartdesign","shop_zip":"1183","product_code":"5189439","product_name_old":null,"product_name":"24 db-os hatsz\u00f6g fot\u00f3 dekor\u00e1ci\u00f3 a Te csal\u00e1di k\u00e9peiddel","category_string":"Otthon & \u00c9letm\u00f3d, Dekor\u00e1ci\u00f3, K\u00e9p & Falik\u00e9p, T\u00f6bb r\u00e9szes k\u00e9p","technic_string":"Fot\u00f3, grafika, rajz, illusztr\u00e1ci\u00f3","category_1":"813","category_2":"314","category_3":"417","category_4":"1429","merged_category_1":"0","merged_category_2":"0","merged_category_3":"785","technic_1":"483","technic_2":"0","technic_3":"0","color_1":"532","color_2":"0","color_3":"0","product_description_old":null,"product_description":"Hexart Design - Az okos dekor\u00e1ci\u00f3\nNincs sz\u00fcks\u00e9g keretre \/ Kas\u00edrozott habkarton \/ Egy mozdulattal felrakhat\u00f3 \/ B\u0151v\u00edthet\u0151\n\n* * *\nHa t\u00f6bb dekor\u00e1ci\u00f3t is szeretn\u00e9l, akkor \u00e9rdemes szettet v\u00e1s\u00e1rolnod. Min\u00e9l nagyobb a szett darabsz\u00e1ma, ann\u00e1l olcs\u00f3bb egy dekor\u00e1ci\u00f3 \u00e1ra!\n* * *\n\nA kedvezm\u00e9nyes szett aj\u00e1nlatokat az al\u00e1bbi linken tudod megn\u00e9zni:\nhttps:\/\/www.meska.hu\/shop\/Hexartdesign?s=62737&o=legdragabb&p=1\n\nItt a lehet\u0151s\u00e9g hogy kirakd a falra a legkedvesebb csal\u00e1di k\u00e9peidet. Ez nem csup\u00e1n egy egyszer\u0171 fot\u00f3nyomtat\u00e1s, hanem k\u00e9sz dekor\u00e1ci\u00f3s megold\u00e1s, amivel nincs m\u00e1s dolgod csak felrakni a falra. Aj\u00e1nd\u00e9knak is kiv\u00e1l\u00f3.\n\nA hatsz\u00f6g form\u00e1kat v\u00e9gtelen elrendez\u00e9sben felrakhatod. Min\u00e9l t\u00f6bb darabos szettet v\u00e1lasztasz, ann\u00e1l egyedibb mint\u00e1t tudsz kirakni a falra.\n\nMi\u00e9rt \u00e9s milyen alkalomra aj\u00e1nlom?\n- Kar\u00e1csony - kar\u00e1csonyi aj\u00e1nd\u00e9k \u00f6tlet a p\u00e1rod sz\u00e1m\u00e1ra\n- M\u0171termi \/ csal\u00e1di fot\u00f3z\u00e1s - ha r\u00e9szt vett\u00e9l profi m\u0171termi \/ csal\u00e1di fot\u00f3z\u00e1son, akkor az ott k\u00e9sz\u00fclt k\u00e9peidhez a legjobb dekor\u00e1ci\u00f3s megold\u00e1s\n- Esk\u00fcv\u0151, n\u00e1szaj\u00e1nd\u00e9k - az esk\u00fcv\u0151i k\u00e9peid, melyek felid\u00e9zik a nagy nap \u00f6r\u00f6meit\n- \u00c9vfordul\u00f3, valentin nap - eml\u00e9kezetes pillanataitok \u00e9s fontos m\u00e9rf\u00f6ldk\u00f6veitek \u00e9vfordul\u00f3s vagy valentin napi meglepet\u00e9sk\u00e9nt\n- Sz\u00fclet\u00e9snap, n\u00e9vnap - ha egy igaz\u00e1n eredeti \u00e9s szem\u00e9lyes sz\u00fclet\u00e9snapi vagy n\u00e9vnapi aj\u00e1nd\u00e9kot adn\u00e1l\n- Gyermek\u00e1ld\u00e1s - babafot\u00f3k a kisbab\u00e1dr\u00f3l\n- Csal\u00e1di fot\u00f3k - fot\u00f3k amin egy\u00fctt van a csal\u00e1dod, ak\u00e1r otthon vagy utaz\u00e1s, nyaral\u00e1s k\u00f6zben \n- B\u0151v\u00edthet\u0151 megold\u00e1s - ha fot\u00f3s dekor\u00e1ci\u00f3t v\u00e1s\u00e1rolsz t\u0151lem, akkor azt b\u00e1rmikor tov\u00e1bb b\u0151v\u00edtheted \u00fajabb \u00e9s \u00fajabb elemekkel\n\nHogy mit takar az okos dekor\u00e1ci\u00f3?\nA legfontosabb el\u0151nyei, m\u00e1s dekor\u00e1ci\u00f3s megold\u00e1ssal szemben:\n- egy mozdulattal felrakhat\u00f3 b\u00e1rmilyen fel\u00fcletre (falra, szekr\u00e9nyre, \u00fcvegre stb.)\n- nincs sz\u00fcks\u00e9g sz\u00f6gre \u00e9s kalap\u00e1csra a felhelyez\u00e9shez\n- nincsenek tov\u00e1bbi k\u00f6lts\u00e9geid, hiszen nem kell keretet is v\u00e1s\u00e1rolni (egy A4-es k\u00e9p eset\u00e9ben ez keretenk\u00e9nt 2-5 ezer forint is lehet)\n- nyom n\u00e9lk\u00fcl \u00e1thelyezhet\u0151, t\u00f6bbsz\u00f6r is\n\nA k\u00e9pen l\u00e1that\u00f3 kieg\u00e9sz\u00edt\u0151 dekor\u00e1ci\u00f3s k\u00f6rnyezet csak illusztr\u00e1ci\u00f3, ami nem k\u00e9pezi a term\u00e9k r\u00e9sz\u00e9t. A m\u00e9retar\u00e1ny nem felt\u00e9tlen\u00fcl felel meg a val\u00f3s\u00e1gnak. A dekor\u00e1ci\u00f3 pontos m\u00e9ret \u00e9s fel\u00fclet opci\u00f3it az al\u00e1bbi term\u00e9kle\u00edr\u00e1sban l\u00e1thatod.\n\nTerm\u00e9kle\u00edr\u00e1s:\nMin\u0151s\u00e9gi fot\u00f3pap\u00edrra k\u00e9sz\u00fcl\u0151 nyomat, amely egy 5 mm-es vastag, hatsz\u00f6g form\u00e1j\u00fa feh\u00e9r habkartonra van kas\u00edrozva. R\u00f6gz\u00edt\u00e9se speci\u00e1lis ragaszt\u00e1si technol\u00f3gi\u00e1val t\u00f6rt\u00e9nik, amivel a dekor\u00e1ci\u00f3 nyom n\u00e9lk\u00fcl \u00e1thelyezhet\u0151, ak\u00e1r t\u00f6bbsz\u00f6r is.\nEl\u00e9rhet\u0151 az al\u00e1bbi m\u00e9ret \u00e9s fel\u00fclet opci\u00f3kban (a term\u00e9kk\u00e9pek k\u00f6z\u00f6tt megtal\u00e1lod a Norm\u00e1l \u00e9s Nagy verzi\u00f3 m\u00e9retar\u00e1nyos \u00f6sszehasonl\u00edt\u00f3 k\u00e9pet is). A v\u00e1s\u00e1rl\u00e1sn\u00e1l pedig a M\u00e9ret leg\u00f6rd\u00fcl\u0151 men\u00fcben v\u00e1laszthatod majd ki, a Neked szimpatikus verzi\u00f3t.\n- Norm\u00e1l m\u00e9ret (231x200 mm), f\u00e9nyes fel\u00fclettel (alap\u00e1r)\n- Nagy m\u00e9ret (300x260 mm), f\u00e9nyes fel\u00fclettel (fel\u00e1ras opci\u00f3)\n\n\u201e+ Fot\u00f3 szerkeszt\u00e9s\u201d mint v\u00e1laszthat\u00f3 kieg\u00e9sz\u00edt\u0151 jelent\u00e9se:\nAmennyiben + Fot\u00f3 szerkeszt\u00e9st (fel\u00e1ras opci\u00f3) is k\u00e9rsz, akkor az a k\u00f6vetkez\u0151 extr\u00e1kat is tartalmazza:\n- probl\u00e9m\u00e1s k\u00e9pek extra verzi\u00f3inak szerkeszt\u00e9s\u00e9t (nem minden fot\u00f3 kompoz\u00edci\u00f3ja m\u0171k\u00f6dik a hatsz\u00f6g form\u00e1ban, ez\u00e9rt ezekhez a k\u00e9pekhez egy plusz alternat\u00edv v\u00e1ltozatot is k\u00e9sz\u00edtek, ahol a fot\u00f3 jelent\u0151s r\u00e9sze l\u00e1that\u00f3 marad)\n- ak\u00e1r t\u00f6bb k\u00f6r\u00f6s l\u00e1tv\u00e1nyterv egyeztet\u00e9st\n- az egyeztet\u00e9s alatti fot\u00f3csere lehet\u0151s\u00e9g\u00e9t\n- a sz\u00edn, kontraszt, sz\u00ednh\u0151m\u00e9rs\u00e9klet jav\u00edt\u00e1s\u00e1t \u00e9s a nyomtat\u00e1sra optimaliz\u00e1l\u00e1st a m\u00e9g szebb v\u00e9geredm\u00e9ny\u00e9rt\n\nA szerkeszt\u00e9s nem tartalmaz k\u00e9pi elem elt\u00e1vol\u00edt\u00e1st \u00e9s egy\u00e9b \u00f6sszetett retus\u00e1l\u00e1st!\n\nRendel\u00e9s:\nMiut\u00e1n leadtad a rendel\u00e9st, felveszem veled a kapcsolatot emailben. Ezut\u00e1n tudod majd elk\u00fcldeni nekem a fot\u00f3kat (lehet\u0151s\u00e9g szerint a legjobb min\u0151s\u00e9gben). Hamarosan l\u00e1tv\u00e1nytervet k\u00fcld\u00f6k Neked, amit ha elfogadsz k\u00e9sz\u00edtem is.\n\nFot\u00f3 szerz\u0151i jog:\nMinden sz\u00e1momra elk\u00fcld\u00f6tt fot\u00f3 szerz\u0151i joga a V\u00e1s\u00e1rl\u00f3\u00e9. Nem ker\u00fcl harmadik f\u00e9lhez \u00e9s a dekor\u00e1ci\u00f3 nyomtat\u00e1sa ut\u00e1n t\u00f6rl\u00e9sre ker\u00fcl.\n\nAz \u00e1r 24 darab term\u00e9kre vonatkozik.","price":"123600.00","unit":"db","recommended":"0","status":"1","sponsored":"0","exp_notify":"0","own_material":"0","own_material_description_old":null,"own_material_description":"","jury":"0","jury_number":"","product_nature":"","meskaracsony":"0","create_date":"2026-01-12 11:56:16","shelve_id":"62737","image":"hexartdesign_product_371419_250813144953_26599.jpeg","image_width":"480","image_height":"480","image_alt":"24 db-os hatsz\u00f6g fot\u00f3 dekor\u00e1ci\u00f3 a Te csal\u00e1di k\u00e9peiddel, Hexart Design - Az okos dekor\u00e1ci\u00f3\\nNincs sz\u00fcks\u00e9g keretre \/ Kas\u00edrozott habkarton \/ Egy mozdulattal fel..., Meska","image_title":"24 db-os hatsz\u00f6g fot\u00f3 dekor\u00e1ci\u00f3 a Te csal\u00e1di k\u00e9peiddel, Meska","view_count":"640","favourite_count":"0","trending_score":"0","last2MonthFavouriteCount":"0","promotion":0,"giftcard_accept":"1","creditcard_accept":true,"enhanced_background":"0","domain":"meska","specific_customer_id":null,"specific_customer_name":null,"to_order_product":"1","to_order_product_time":"3","product_different":"quite_different","product_different_description":"A sz\u00ednek minim\u00e1lisan elt\u00e9rhetnek a kijelz\u0151n l\u00e1that\u00f3 sz\u00ednekt\u0151l (mobil kijelz\u0151, monitor stb.)\nAz egyedi szem\u00e9lyre szabott dekor\u00e1ci\u00f3kn\u00e1l v\u00e1ltozik a sz\u00f6veg.","vintage":"0","vintage_category_id":"0","recycled":"0","gemstone_id":"0","customizable":"1","type_category":"physical","zerowaste":"0","postage_price":"1490.00","shop_order":"0","has_category":"1","landing_pages":null,"microdata":{"number":67,"category":""},"title":"24 db-os hatsz\u00f6g fot\u00f3 dekor\u00e1ci\u00f3 a Te csal\u00e1di k\u00e9peiddel","description":"Hexart Design - Az okos dekor\u00e1ci\u00f3\nNincs sz\u00fcks\u00e9g keretre \/ Kas\u00edrozott habkarton \/ Egy mozdulattal felrakhat\u00f3 \/ B\u0151v\u00edthet\u0151\n\n* * *\nHa t\u00f6bb dekor\u00e1ci\u00f3t is szeretn\u00e9l, akkor \u00e9rdemes szettet v\u00e1s\u00e1rolnod. Min\u00e9l nagyobb a szett darabsz\u00e1ma, ann\u00e1l olcs\u00f3bb egy dekor\u00e1ci\u00f3 \u00e1ra!\n* * *\n\nA kedvezm\u00e9nyes szett aj\u00e1nlatokat az al\u00e1bbi linken tudod megn\u00e9zni:\nhttps:\/\/www.meska.hu\/shop\/Hexartdesign?s=62737&o=legdragabb&p=1\n\nItt a lehet\u0151s\u00e9g hogy kirakd a falra a legkedvesebb csal\u00e1di k\u00e9peidet. Ez nem csup\u00e1n egy egyszer\u0171 fot\u00f3nyomtat\u00e1s, hanem k\u00e9sz dekor\u00e1ci\u00f3s megold\u00e1s, amivel nincs m\u00e1s dolgod csak felrakni a falra. Aj\u00e1nd\u00e9knak is kiv\u00e1l\u00f3.\n\nA hatsz\u00f6g form\u00e1kat v\u00e9gtelen elrendez\u00e9sben felrakhatod. Min\u00e9l t\u00f6bb darabos szettet v\u00e1lasztasz, ann\u00e1l egyedibb mint\u00e1t tudsz kirakni a falra.\n\nMi\u00e9rt \u00e9s milyen alkalomra aj\u00e1nlom?\n- Kar\u00e1csony - kar\u00e1csonyi aj\u00e1nd\u00e9k \u00f6tlet a p\u00e1rod sz\u00e1m\u00e1ra\n- M\u0171termi \/ csal\u00e1di fot\u00f3z\u00e1s - ha r\u00e9szt vett\u00e9l profi m\u0171termi \/ csal\u00e1di fot\u00f3z\u00e1son, akkor az ott k\u00e9sz\u00fclt k\u00e9peidhez a legjobb dekor\u00e1ci\u00f3s megold\u00e1s\n- Esk\u00fcv\u0151, n\u00e1szaj\u00e1nd\u00e9k - az esk\u00fcv\u0151i k\u00e9peid, melyek felid\u00e9zik a nagy nap \u00f6r\u00f6meit\n- \u00c9vfordul\u00f3, valentin nap - eml\u00e9kezetes pillanataitok \u00e9s fontos m\u00e9rf\u00f6ldk\u00f6veitek \u00e9vfordul\u00f3s vagy valentin napi meglepet\u00e9sk\u00e9nt\n- Sz\u00fclet\u00e9snap, n\u00e9vnap - ha egy igaz\u00e1n eredeti \u00e9s szem\u00e9lyes sz\u00fclet\u00e9snapi vagy n\u00e9vnapi aj\u00e1nd\u00e9kot adn\u00e1l\n- Gyermek\u00e1ld\u00e1s - babafot\u00f3k a kisbab\u00e1dr\u00f3l\n- Csal\u00e1di fot\u00f3k - fot\u00f3k amin egy\u00fctt van a csal\u00e1dod, ak\u00e1r otthon vagy utaz\u00e1s, nyaral\u00e1s k\u00f6zben \n- B\u0151v\u00edthet\u0151 megold\u00e1s - ha fot\u00f3s dekor\u00e1ci\u00f3t v\u00e1s\u00e1rolsz t\u0151lem, akkor azt b\u00e1rmikor tov\u00e1bb b\u0151v\u00edtheted \u00fajabb \u00e9s \u00fajabb elemekkel\n\nHogy mit takar az okos dekor\u00e1ci\u00f3?\nA legfontosabb el\u0151nyei, m\u00e1s dekor\u00e1ci\u00f3s megold\u00e1ssal szemben:\n- egy mozdulattal felrakhat\u00f3 b\u00e1rmilyen fel\u00fcletre (falra, szekr\u00e9nyre, \u00fcvegre stb.)\n- nincs sz\u00fcks\u00e9g sz\u00f6gre \u00e9s kalap\u00e1csra a felhelyez\u00e9shez\n- nincsenek tov\u00e1bbi k\u00f6lts\u00e9geid, hiszen nem kell keretet is v\u00e1s\u00e1rolni (egy A4-es k\u00e9p eset\u00e9ben ez keretenk\u00e9nt 2-5 ezer forint is lehet)\n- nyom n\u00e9lk\u00fcl \u00e1thelyezhet\u0151, t\u00f6bbsz\u00f6r is\n\nA k\u00e9pen l\u00e1that\u00f3 kieg\u00e9sz\u00edt\u0151 dekor\u00e1ci\u00f3s k\u00f6rnyezet csak illusztr\u00e1ci\u00f3, ami nem k\u00e9pezi a term\u00e9k r\u00e9sz\u00e9t. A m\u00e9retar\u00e1ny nem felt\u00e9tlen\u00fcl felel meg a val\u00f3s\u00e1gnak. A dekor\u00e1ci\u00f3 pontos m\u00e9ret \u00e9s fel\u00fclet opci\u00f3it az al\u00e1bbi term\u00e9kle\u00edr\u00e1sban l\u00e1thatod.\n\nTerm\u00e9kle\u00edr\u00e1s:\nMin\u0151s\u00e9gi fot\u00f3pap\u00edrra k\u00e9sz\u00fcl\u0151 nyomat, amely egy 5 mm-es vastag, hatsz\u00f6g form\u00e1j\u00fa feh\u00e9r habkartonra van kas\u00edrozva. R\u00f6gz\u00edt\u00e9se speci\u00e1lis ragaszt\u00e1si technol\u00f3gi\u00e1val t\u00f6rt\u00e9nik, amivel a dekor\u00e1ci\u00f3 nyom n\u00e9lk\u00fcl \u00e1thelyezhet\u0151, ak\u00e1r t\u00f6bbsz\u00f6r is.\nEl\u00e9rhet\u0151 az al\u00e1bbi m\u00e9ret \u00e9s fel\u00fclet opci\u00f3kban (a term\u00e9kk\u00e9pek k\u00f6z\u00f6tt megtal\u00e1lod a Norm\u00e1l \u00e9s Nagy verzi\u00f3 m\u00e9retar\u00e1nyos \u00f6sszehasonl\u00edt\u00f3 k\u00e9pet is). A v\u00e1s\u00e1rl\u00e1sn\u00e1l pedig a M\u00e9ret leg\u00f6rd\u00fcl\u0151 men\u00fcben v\u00e1laszthatod majd ki, a Neked szimpatikus verzi\u00f3t.\n- Norm\u00e1l m\u00e9ret (231x200 mm), f\u00e9nyes fel\u00fclettel (alap\u00e1r)\n- Nagy m\u00e9ret (300x260 mm), f\u00e9nyes fel\u00fclettel (fel\u00e1ras opci\u00f3)\n\n\u201e+ Fot\u00f3 szerkeszt\u00e9s\u201d mint v\u00e1laszthat\u00f3 kieg\u00e9sz\u00edt\u0151 jelent\u00e9se:\nAmennyiben + Fot\u00f3 szerkeszt\u00e9st (fel\u00e1ras opci\u00f3) is k\u00e9rsz, akkor az a k\u00f6vetkez\u0151 extr\u00e1kat is tartalmazza:\n- probl\u00e9m\u00e1s k\u00e9pek extra verzi\u00f3inak szerkeszt\u00e9s\u00e9t (nem minden fot\u00f3 kompoz\u00edci\u00f3ja m\u0171k\u00f6dik a hatsz\u00f6g form\u00e1ban, ez\u00e9rt ezekhez a k\u00e9pekhez egy plusz alternat\u00edv v\u00e1ltozatot is k\u00e9sz\u00edtek, ahol a fot\u00f3 jelent\u0151s r\u00e9sze l\u00e1that\u00f3 marad)\n- ak\u00e1r t\u00f6bb k\u00f6r\u00f6s l\u00e1tv\u00e1nyterv egyeztet\u00e9st\n- az egyeztet\u00e9s alatti fot\u00f3csere lehet\u0151s\u00e9g\u00e9t\n- a sz\u00edn, kontraszt, sz\u00ednh\u0151m\u00e9rs\u00e9klet jav\u00edt\u00e1s\u00e1t \u00e9s a nyomtat\u00e1sra optimaliz\u00e1l\u00e1st a m\u00e9g szebb v\u00e9geredm\u00e9ny\u00e9rt\n\nA szerkeszt\u00e9s nem tartalmaz k\u00e9pi elem elt\u00e1vol\u00edt\u00e1st \u00e9s egy\u00e9b \u00f6sszetett retus\u00e1l\u00e1st!\n\nRendel\u00e9s:\nMiut\u00e1n leadtad a rendel\u00e9st, felveszem veled a kapcsolatot emailben. Ezut\u00e1n tudod majd elk\u00fcldeni nekem a fot\u00f3kat (lehet\u0151s\u00e9g szerint a legjobb min\u0151s\u00e9gben). Hamarosan l\u00e1tv\u00e1nytervet k\u00fcld\u00f6k Neked, amit ha elfogadsz k\u00e9sz\u00edtem is.\n\nFot\u00f3 szerz\u0151i jog:\nMinden sz\u00e1momra elk\u00fcld\u00f6tt fot\u00f3 szerz\u0151i joga a V\u00e1s\u00e1rl\u00f3\u00e9. Nem ker\u00fcl harmadik f\u00e9lhez \u00e9s a dekor\u00e1ci\u00f3 nyomtat\u00e1sa ut\u00e1n t\u00f6rl\u00e9sre ker\u00fcl.\n\nAz \u00e1r 24 darab term\u00e9kre vonatkozik.","score":0,"formatted_price":"123 600 Ft","image_url":"https:\/\/www.meska.hu\/img\/product\/small\/h\/e\/hexartdesign_product_371419_250813144953_26599.jpeg","formatted_url":"https:\/\/www.meska.hu\/p5189439-24-db-os-hatszog-foto-dekoracio-a-te-csaladi-kepeiddel","favourite":false,"in_stock":false,"avatar":"Hexartdesign_avatar_371419_1589358772.jpg","delete_from":0,"is_enhanced_background":false,"is_enhanced":false,"product_selection_started":false,"is_active":true,"image_webp_url":"https:\/\/www.meska.hu\/img\/product\/small\/h\/e\/hexartdesign_product_371419_250813144953_26599.webp"},{"id":"5185494","shop_id":"29709","user_id":"371419","shop_name":"Hexartdesign","shop_zip":"1183","product_code":"5189442","product_name_old":null,"product_name":"28 db-os hatsz\u00f6g fot\u00f3 dekor\u00e1ci\u00f3 a Te csal\u00e1di k\u00e9peiddel","category_string":"Otthon & \u00c9letm\u00f3d, Dekor\u00e1ci\u00f3, K\u00e9p & Falik\u00e9p, T\u00f6bb r\u00e9szes k\u00e9p","technic_string":"Fot\u00f3, grafika, rajz, illusztr\u00e1ci\u00f3","category_1":"813","category_2":"314","category_3":"417","category_4":"1429","merged_category_1":"0","merged_category_2":"0","merged_category_3":"785","technic_1":"483","technic_2":"0","technic_3":"0","color_1":"532","color_2":"0","color_3":"0","product_description_old":null,"product_description":"Hexart Design - Az okos dekor\u00e1ci\u00f3\nNincs sz\u00fcks\u00e9g keretre \/ Kas\u00edrozott habkarton \/ Egy mozdulattal felrakhat\u00f3 \/ B\u0151v\u00edthet\u0151\n\n* * *\nHa t\u00f6bb dekor\u00e1ci\u00f3t is szeretn\u00e9l, akkor \u00e9rdemes szettet v\u00e1s\u00e1rolnod. Min\u00e9l nagyobb a szett darabsz\u00e1ma, ann\u00e1l olcs\u00f3bb egy dekor\u00e1ci\u00f3 \u00e1ra!\n* * *\n\nA kedvezm\u00e9nyes szett aj\u00e1nlatokat az al\u00e1bbi linken tudod megn\u00e9zni:\nhttps:\/\/www.meska.hu\/shop\/Hexartdesign?s=62737&o=legdragabb&p=1\n\nItt a lehet\u0151s\u00e9g hogy kirakd a falra a legkedvesebb csal\u00e1di k\u00e9peidet. Ez nem csup\u00e1n egy egyszer\u0171 fot\u00f3nyomtat\u00e1s, hanem k\u00e9sz dekor\u00e1ci\u00f3s megold\u00e1s, amivel nincs m\u00e1s dolgod csak felrakni a falra. Aj\u00e1nd\u00e9knak is kiv\u00e1l\u00f3.\n\nA hatsz\u00f6g form\u00e1kat v\u00e9gtelen elrendez\u00e9sben felrakhatod. Min\u00e9l t\u00f6bb darabos szettet v\u00e1lasztasz, ann\u00e1l egyedibb mint\u00e1t tudsz kirakni a falra.\n\nMi\u00e9rt \u00e9s milyen alkalomra aj\u00e1nlom?\n- Kar\u00e1csony - kar\u00e1csonyi aj\u00e1nd\u00e9k \u00f6tlet a p\u00e1rod sz\u00e1m\u00e1ra\n- M\u0171termi \/ csal\u00e1di fot\u00f3z\u00e1s - ha r\u00e9szt vett\u00e9l profi m\u0171termi \/ csal\u00e1di fot\u00f3z\u00e1son, akkor az ott k\u00e9sz\u00fclt k\u00e9peidhez a legjobb dekor\u00e1ci\u00f3s megold\u00e1s\n- Esk\u00fcv\u0151, n\u00e1szaj\u00e1nd\u00e9k - az esk\u00fcv\u0151i k\u00e9peid, melyek felid\u00e9zik a nagy nap \u00f6r\u00f6meit\n- \u00c9vfordul\u00f3, valentin nap - eml\u00e9kezetes pillanataitok \u00e9s fontos m\u00e9rf\u00f6ldk\u00f6veitek \u00e9vfordul\u00f3s vagy valentin napi meglepet\u00e9sk\u00e9nt\n- Sz\u00fclet\u00e9snap, n\u00e9vnap - ha egy igaz\u00e1n eredeti \u00e9s szem\u00e9lyes sz\u00fclet\u00e9snapi vagy n\u00e9vnapi aj\u00e1nd\u00e9kot adn\u00e1l\n- Gyermek\u00e1ld\u00e1s - babafot\u00f3k a kisbab\u00e1dr\u00f3l\n- Csal\u00e1di fot\u00f3k - fot\u00f3k amin egy\u00fctt van a csal\u00e1dod, ak\u00e1r otthon vagy utaz\u00e1s, nyaral\u00e1s k\u00f6zben \n- B\u0151v\u00edthet\u0151 megold\u00e1s - ha fot\u00f3s dekor\u00e1ci\u00f3t v\u00e1s\u00e1rolsz t\u0151lem, akkor azt b\u00e1rmikor tov\u00e1bb b\u0151v\u00edtheted \u00fajabb \u00e9s \u00fajabb elemekkel\n\nHogy mit takar az okos dekor\u00e1ci\u00f3?\nA legfontosabb el\u0151nyei, m\u00e1s dekor\u00e1ci\u00f3s megold\u00e1ssal szemben:\n- egy mozdulattal felrakhat\u00f3 b\u00e1rmilyen fel\u00fcletre (falra, szekr\u00e9nyre, \u00fcvegre stb.)\n- nincs sz\u00fcks\u00e9g sz\u00f6gre \u00e9s kalap\u00e1csra a felhelyez\u00e9shez\n- nincsenek tov\u00e1bbi k\u00f6lts\u00e9geid, hiszen nem kell keretet is v\u00e1s\u00e1rolni (egy A4-es k\u00e9p eset\u00e9ben ez keretenk\u00e9nt 2-5 ezer forint is lehet)\n- nyom n\u00e9lk\u00fcl \u00e1thelyezhet\u0151, t\u00f6bbsz\u00f6r is\n\nA k\u00e9pen l\u00e1that\u00f3 kieg\u00e9sz\u00edt\u0151 dekor\u00e1ci\u00f3s k\u00f6rnyezet csak illusztr\u00e1ci\u00f3, ami nem k\u00e9pezi a term\u00e9k r\u00e9sz\u00e9t. A m\u00e9retar\u00e1ny nem felt\u00e9tlen\u00fcl felel meg a val\u00f3s\u00e1gnak. A dekor\u00e1ci\u00f3 pontos m\u00e9ret \u00e9s fel\u00fclet opci\u00f3it az al\u00e1bbi term\u00e9kle\u00edr\u00e1sban l\u00e1thatod.\n\nTerm\u00e9kle\u00edr\u00e1s:\nMin\u0151s\u00e9gi fot\u00f3pap\u00edrra k\u00e9sz\u00fcl\u0151 nyomat, amely egy 5 mm-es vastag, hatsz\u00f6g form\u00e1j\u00fa feh\u00e9r habkartonra van kas\u00edrozva. R\u00f6gz\u00edt\u00e9se speci\u00e1lis ragaszt\u00e1si technol\u00f3gi\u00e1val t\u00f6rt\u00e9nik, amivel a dekor\u00e1ci\u00f3 nyom n\u00e9lk\u00fcl \u00e1thelyezhet\u0151, ak\u00e1r t\u00f6bbsz\u00f6r is.\nEl\u00e9rhet\u0151 az al\u00e1bbi m\u00e9ret \u00e9s fel\u00fclet opci\u00f3kban (a term\u00e9kk\u00e9pek k\u00f6z\u00f6tt megtal\u00e1lod a Norm\u00e1l \u00e9s Nagy verzi\u00f3 m\u00e9retar\u00e1nyos \u00f6sszehasonl\u00edt\u00f3 k\u00e9pet is). A v\u00e1s\u00e1rl\u00e1sn\u00e1l pedig a M\u00e9ret leg\u00f6rd\u00fcl\u0151 men\u00fcben v\u00e1laszthatod majd ki, a Neked szimpatikus verzi\u00f3t.\n- Norm\u00e1l m\u00e9ret (231x200 mm), f\u00e9nyes fel\u00fclettel (alap\u00e1r)\n- Nagy m\u00e9ret (300x260 mm), f\u00e9nyes fel\u00fclettel (fel\u00e1ras opci\u00f3)\n\n\u201e+ Fot\u00f3 szerkeszt\u00e9s\u201d mint v\u00e1laszthat\u00f3 kieg\u00e9sz\u00edt\u0151 jelent\u00e9se:\nAmennyiben + Fot\u00f3 szerkeszt\u00e9st (fel\u00e1ras opci\u00f3) is k\u00e9rsz, akkor az a k\u00f6vetkez\u0151 extr\u00e1kat is tartalmazza:\n- probl\u00e9m\u00e1s k\u00e9pek extra verzi\u00f3inak szerkeszt\u00e9s\u00e9t (nem minden fot\u00f3 kompoz\u00edci\u00f3ja m\u0171k\u00f6dik a hatsz\u00f6g form\u00e1ban, ez\u00e9rt ezekhez a k\u00e9pekhez egy plusz alternat\u00edv v\u00e1ltozatot is k\u00e9sz\u00edtek, ahol a fot\u00f3 jelent\u0151s r\u00e9sze l\u00e1that\u00f3 marad)\n- ak\u00e1r t\u00f6bb k\u00f6r\u00f6s l\u00e1tv\u00e1nyterv egyeztet\u00e9st\n- az egyeztet\u00e9s alatti fot\u00f3csere lehet\u0151s\u00e9g\u00e9t\n- a sz\u00edn, kontraszt, sz\u00ednh\u0151m\u00e9rs\u00e9klet jav\u00edt\u00e1s\u00e1t \u00e9s a nyomtat\u00e1sra optimaliz\u00e1l\u00e1st a m\u00e9g szebb v\u00e9geredm\u00e9ny\u00e9rt\n\nA szerkeszt\u00e9s nem tartalmaz k\u00e9pi elem elt\u00e1vol\u00edt\u00e1st \u00e9s egy\u00e9b \u00f6sszetett retus\u00e1l\u00e1st!\n\nRendel\u00e9s:\nMiut\u00e1n leadtad a rendel\u00e9st, felveszem veled a kapcsolatot emailben. Ezut\u00e1n tudod majd elk\u00fcldeni nekem a fot\u00f3kat (lehet\u0151s\u00e9g szerint a legjobb min\u0151s\u00e9gben). Hamarosan l\u00e1tv\u00e1nytervet k\u00fcld\u00f6k Neked, amit ha elfogadsz k\u00e9sz\u00edtem is.\n\nFot\u00f3 szerz\u0151i jog:\nMinden sz\u00e1momra elk\u00fcld\u00f6tt fot\u00f3 szerz\u0151i joga a V\u00e1s\u00e1rl\u00f3\u00e9. Nem ker\u00fcl harmadik f\u00e9lhez \u00e9s a dekor\u00e1ci\u00f3 nyomtat\u00e1sa ut\u00e1n t\u00f6rl\u00e9sre ker\u00fcl.\n\nAz \u00e1r 28 darab term\u00e9kre vonatkozik.","price":"142800.00","unit":"db","recommended":"0","status":"1","sponsored":"0","exp_notify":"0","own_material":"0","own_material_description_old":null,"own_material_description":"","jury":"0","jury_number":"","product_nature":"","meskaracsony":"0","create_date":"2026-01-12 11:56:14","shelve_id":"62737","image":"hexartdesign_product_371419_250813144922_284274.jpeg","image_width":"480","image_height":"480","image_alt":"28 db-os hatsz\u00f6g fot\u00f3 dekor\u00e1ci\u00f3 a Te csal\u00e1di k\u00e9peiddel, Hexart Design - Az okos dekor\u00e1ci\u00f3\\nNincs sz\u00fcks\u00e9g keretre \/ Kas\u00edrozott habkarton \/ Egy mozdulattal fel..., Meska","image_title":"28 db-os hatsz\u00f6g fot\u00f3 dekor\u00e1ci\u00f3 a Te csal\u00e1di k\u00e9peiddel, Meska","view_count":"568","favourite_count":"0","trending_score":"0","last2MonthFavouriteCount":"0","promotion":0,"giftcard_accept":"1","creditcard_accept":true,"enhanced_background":"0","domain":"meska","specific_customer_id":null,"specific_customer_name":null,"to_order_product":"1","to_order_product_time":"3","product_different":"quite_different","product_different_description":"A sz\u00ednek minim\u00e1lisan elt\u00e9rhetnek a kijelz\u0151n l\u00e1that\u00f3 sz\u00ednekt\u0151l (mobil kijelz\u0151, monitor stb.)\nAz egyedi szem\u00e9lyre szabott dekor\u00e1ci\u00f3kn\u00e1l v\u00e1ltozik a sz\u00f6veg.","vintage":"0","vintage_category_id":"0","recycled":"0","gemstone_id":"0","customizable":"1","type_category":"physical","zerowaste":"0","postage_price":"1490.00","shop_order":"0","has_category":"1","landing_pages":null,"microdata":{"number":68,"category":""},"title":"28 db-os hatsz\u00f6g fot\u00f3 dekor\u00e1ci\u00f3 a Te csal\u00e1di k\u00e9peiddel","description":"Hexart Design - Az okos dekor\u00e1ci\u00f3\nNincs sz\u00fcks\u00e9g keretre \/ Kas\u00edrozott habkarton \/ Egy mozdulattal felrakhat\u00f3 \/ B\u0151v\u00edthet\u0151\n\n* * *\nHa t\u00f6bb dekor\u00e1ci\u00f3t is szeretn\u00e9l, akkor \u00e9rdemes szettet v\u00e1s\u00e1rolnod. Min\u00e9l nagyobb a szett darabsz\u00e1ma, ann\u00e1l olcs\u00f3bb egy dekor\u00e1ci\u00f3 \u00e1ra!\n* * *\n\nA kedvezm\u00e9nyes szett aj\u00e1nlatokat az al\u00e1bbi linken tudod megn\u00e9zni:\nhttps:\/\/www.meska.hu\/shop\/Hexartdesign?s=62737&o=legdragabb&p=1\n\nItt a lehet\u0151s\u00e9g hogy kirakd a falra a legkedvesebb csal\u00e1di k\u00e9peidet. Ez nem csup\u00e1n egy egyszer\u0171 fot\u00f3nyomtat\u00e1s, hanem k\u00e9sz dekor\u00e1ci\u00f3s megold\u00e1s, amivel nincs m\u00e1s dolgod csak felrakni a falra. Aj\u00e1nd\u00e9knak is kiv\u00e1l\u00f3.\n\nA hatsz\u00f6g form\u00e1kat v\u00e9gtelen elrendez\u00e9sben felrakhatod. Min\u00e9l t\u00f6bb darabos szettet v\u00e1lasztasz, ann\u00e1l egyedibb mint\u00e1t tudsz kirakni a falra.\n\nMi\u00e9rt \u00e9s milyen alkalomra aj\u00e1nlom?\n- Kar\u00e1csony - kar\u00e1csonyi aj\u00e1nd\u00e9k \u00f6tlet a p\u00e1rod sz\u00e1m\u00e1ra\n- M\u0171termi \/ csal\u00e1di fot\u00f3z\u00e1s - ha r\u00e9szt vett\u00e9l profi m\u0171termi \/ csal\u00e1di fot\u00f3z\u00e1son, akkor az ott k\u00e9sz\u00fclt k\u00e9peidhez a legjobb dekor\u00e1ci\u00f3s megold\u00e1s\n- Esk\u00fcv\u0151, n\u00e1szaj\u00e1nd\u00e9k - az esk\u00fcv\u0151i k\u00e9peid, melyek felid\u00e9zik a nagy nap \u00f6r\u00f6meit\n- \u00c9vfordul\u00f3, valentin nap - eml\u00e9kezetes pillanataitok \u00e9s fontos m\u00e9rf\u00f6ldk\u00f6veitek \u00e9vfordul\u00f3s vagy valentin napi meglepet\u00e9sk\u00e9nt\n- Sz\u00fclet\u00e9snap, n\u00e9vnap - ha egy igaz\u00e1n eredeti \u00e9s szem\u00e9lyes sz\u00fclet\u00e9snapi vagy n\u00e9vnapi aj\u00e1nd\u00e9kot adn\u00e1l\n- Gyermek\u00e1ld\u00e1s - babafot\u00f3k a kisbab\u00e1dr\u00f3l\n- Csal\u00e1di fot\u00f3k - fot\u00f3k amin egy\u00fctt van a csal\u00e1dod, ak\u00e1r otthon vagy utaz\u00e1s, nyaral\u00e1s k\u00f6zben \n- B\u0151v\u00edthet\u0151 megold\u00e1s - ha fot\u00f3s dekor\u00e1ci\u00f3t v\u00e1s\u00e1rolsz t\u0151lem, akkor azt b\u00e1rmikor tov\u00e1bb b\u0151v\u00edtheted \u00fajabb \u00e9s \u00fajabb elemekkel\n\nHogy mit takar az okos dekor\u00e1ci\u00f3?\nA legfontosabb el\u0151nyei, m\u00e1s dekor\u00e1ci\u00f3s megold\u00e1ssal szemben:\n- egy mozdulattal felrakhat\u00f3 b\u00e1rmilyen fel\u00fcletre (falra, szekr\u00e9nyre, \u00fcvegre stb.)\n- nincs sz\u00fcks\u00e9g sz\u00f6gre \u00e9s kalap\u00e1csra a felhelyez\u00e9shez\n- nincsenek tov\u00e1bbi k\u00f6lts\u00e9geid, hiszen nem kell keretet is v\u00e1s\u00e1rolni (egy A4-es k\u00e9p eset\u00e9ben ez keretenk\u00e9nt 2-5 ezer forint is lehet)\n- nyom n\u00e9lk\u00fcl \u00e1thelyezhet\u0151, t\u00f6bbsz\u00f6r is\n\nA k\u00e9pen l\u00e1that\u00f3 kieg\u00e9sz\u00edt\u0151 dekor\u00e1ci\u00f3s k\u00f6rnyezet csak illusztr\u00e1ci\u00f3, ami nem k\u00e9pezi a term\u00e9k r\u00e9sz\u00e9t. A m\u00e9retar\u00e1ny nem felt\u00e9tlen\u00fcl felel meg a val\u00f3s\u00e1gnak. A dekor\u00e1ci\u00f3 pontos m\u00e9ret \u00e9s fel\u00fclet opci\u00f3it az al\u00e1bbi term\u00e9kle\u00edr\u00e1sban l\u00e1thatod.\n\nTerm\u00e9kle\u00edr\u00e1s:\nMin\u0151s\u00e9gi fot\u00f3pap\u00edrra k\u00e9sz\u00fcl\u0151 nyomat, amely egy 5 mm-es vastag, hatsz\u00f6g form\u00e1j\u00fa feh\u00e9r habkartonra van kas\u00edrozva. R\u00f6gz\u00edt\u00e9se speci\u00e1lis ragaszt\u00e1si technol\u00f3gi\u00e1val t\u00f6rt\u00e9nik, amivel a dekor\u00e1ci\u00f3 nyom n\u00e9lk\u00fcl \u00e1thelyezhet\u0151, ak\u00e1r t\u00f6bbsz\u00f6r is.\nEl\u00e9rhet\u0151 az al\u00e1bbi m\u00e9ret \u00e9s fel\u00fclet opci\u00f3kban (a term\u00e9kk\u00e9pek k\u00f6z\u00f6tt megtal\u00e1lod a Norm\u00e1l \u00e9s Nagy verzi\u00f3 m\u00e9retar\u00e1nyos \u00f6sszehasonl\u00edt\u00f3 k\u00e9pet is). A v\u00e1s\u00e1rl\u00e1sn\u00e1l pedig a M\u00e9ret leg\u00f6rd\u00fcl\u0151 men\u00fcben v\u00e1laszthatod majd ki, a Neked szimpatikus verzi\u00f3t.\n- Norm\u00e1l m\u00e9ret (231x200 mm), f\u00e9nyes fel\u00fclettel (alap\u00e1r)\n- Nagy m\u00e9ret (300x260 mm), f\u00e9nyes fel\u00fclettel (fel\u00e1ras opci\u00f3)\n\n\u201e+ Fot\u00f3 szerkeszt\u00e9s\u201d mint v\u00e1laszthat\u00f3 kieg\u00e9sz\u00edt\u0151 jelent\u00e9se:\nAmennyiben + Fot\u00f3 szerkeszt\u00e9st (fel\u00e1ras opci\u00f3) is k\u00e9rsz, akkor az a k\u00f6vetkez\u0151 extr\u00e1kat is tartalmazza:\n- probl\u00e9m\u00e1s k\u00e9pek extra verzi\u00f3inak szerkeszt\u00e9s\u00e9t (nem minden fot\u00f3 kompoz\u00edci\u00f3ja m\u0171k\u00f6dik a hatsz\u00f6g form\u00e1ban, ez\u00e9rt ezekhez a k\u00e9pekhez egy plusz alternat\u00edv v\u00e1ltozatot is k\u00e9sz\u00edtek, ahol a fot\u00f3 jelent\u0151s r\u00e9sze l\u00e1that\u00f3 marad)\n- ak\u00e1r t\u00f6bb k\u00f6r\u00f6s l\u00e1tv\u00e1nyterv egyeztet\u00e9st\n- az egyeztet\u00e9s alatti fot\u00f3csere lehet\u0151s\u00e9g\u00e9t\n- a sz\u00edn, kontraszt, sz\u00ednh\u0151m\u00e9rs\u00e9klet jav\u00edt\u00e1s\u00e1t \u00e9s a nyomtat\u00e1sra optimaliz\u00e1l\u00e1st a m\u00e9g szebb v\u00e9geredm\u00e9ny\u00e9rt\n\nA szerkeszt\u00e9s nem tartalmaz k\u00e9pi elem elt\u00e1vol\u00edt\u00e1st \u00e9s egy\u00e9b \u00f6sszetett retus\u00e1l\u00e1st!\n\nRendel\u00e9s:\nMiut\u00e1n leadtad a rendel\u00e9st, felveszem veled a kapcsolatot emailben. Ezut\u00e1n tudod majd elk\u00fcldeni nekem a fot\u00f3kat (lehet\u0151s\u00e9g szerint a legjobb min\u0151s\u00e9gben). Hamarosan l\u00e1tv\u00e1nytervet k\u00fcld\u00f6k Neked, amit ha elfogadsz k\u00e9sz\u00edtem is.\n\nFot\u00f3 szerz\u0151i jog:\nMinden sz\u00e1momra elk\u00fcld\u00f6tt fot\u00f3 szerz\u0151i joga a V\u00e1s\u00e1rl\u00f3\u00e9. Nem ker\u00fcl harmadik f\u00e9lhez \u00e9s a dekor\u00e1ci\u00f3 nyomtat\u00e1sa ut\u00e1n t\u00f6rl\u00e9sre ker\u00fcl.\n\nAz \u00e1r 28 darab term\u00e9kre vonatkozik.","score":0,"formatted_price":"142 800 Ft","image_url":"https:\/\/www.meska.hu\/img\/product\/small\/h\/e\/hexartdesign_product_371419_250813144922_284274.jpeg","formatted_url":"https:\/\/www.meska.hu\/p5189442-28-db-os-hatszog-foto-dekoracio-a-te-csaladi-kepeiddel","favourite":false,"in_stock":false,"avatar":"Hexartdesign_avatar_371419_1589358772.jpg","delete_from":0,"is_enhanced_background":false,"is_enhanced":false,"product_selection_started":false,"is_active":true,"image_webp_url":"https:\/\/www.meska.hu\/img\/product\/small\/h\/e\/hexartdesign_product_371419_250813144922_284274.webp"},{"id":"5184797","shop_id":"29709","user_id":"371419","shop_name":"Hexartdesign","shop_zip":"1183","product_code":"5188929","product_name_old":null,"product_name":"20 db-os hatsz\u00f6g fot\u00f3 dekor\u00e1ci\u00f3 a Te csal\u00e1di k\u00e9peiddel","category_string":"Otthon & \u00c9letm\u00f3d, Dekor\u00e1ci\u00f3, K\u00e9p & Falik\u00e9p, T\u00f6bb r\u00e9szes k\u00e9p","technic_string":"Fot\u00f3, grafika, rajz, illusztr\u00e1ci\u00f3","category_1":"813","category_2":"314","category_3":"417","category_4":"1429","merged_category_1":"0","merged_category_2":"0","merged_category_3":"785","technic_1":"483","technic_2":"0","technic_3":"0","color_1":"532","color_2":"0","color_3":"0","product_description_old":null,"product_description":"Hexart Design - Az okos dekor\u00e1ci\u00f3\nNincs sz\u00fcks\u00e9g keretre \/ Kas\u00edrozott habkarton \/ Egy mozdulattal felrakhat\u00f3 \/ B\u0151v\u00edthet\u0151\n\n* * *\nHa t\u00f6bb dekor\u00e1ci\u00f3t is szeretn\u00e9l, akkor \u00e9rdemes szettet v\u00e1s\u00e1rolnod. Min\u00e9l nagyobb a szett darabsz\u00e1ma, ann\u00e1l olcs\u00f3bb egy dekor\u00e1ci\u00f3 \u00e1ra!\n* * *\n\nA kedvezm\u00e9nyes szett aj\u00e1nlatokat az al\u00e1bbi linken tudod megn\u00e9zni:\nhttps:\/\/www.meska.hu\/shop\/Hexartdesign?s=62737&o=legdragabb&p=1\n\nItt a lehet\u0151s\u00e9g hogy kirakd a falra a legkedvesebb csal\u00e1di k\u00e9peidet. Ez nem csup\u00e1n egy egyszer\u0171 fot\u00f3nyomtat\u00e1s, hanem k\u00e9sz dekor\u00e1ci\u00f3s megold\u00e1s, amivel nincs m\u00e1s dolgod csak felrakni a falra. Aj\u00e1nd\u00e9knak is kiv\u00e1l\u00f3.\n\nA hatsz\u00f6g form\u00e1kat v\u00e9gtelen elrendez\u00e9sben felrakhatod. Min\u00e9l t\u00f6bb darabos szettet v\u00e1lasztasz, ann\u00e1l egyedibb mint\u00e1t tudsz kirakni a falra.\n\nMi\u00e9rt \u00e9s milyen alkalomra aj\u00e1nlom?\n- Kar\u00e1csony - kar\u00e1csonyi aj\u00e1nd\u00e9k \u00f6tlet a p\u00e1rod sz\u00e1m\u00e1ra\n- M\u0171termi \/ csal\u00e1di fot\u00f3z\u00e1s - ha r\u00e9szt vett\u00e9l profi m\u0171termi \/ csal\u00e1di fot\u00f3z\u00e1son, akkor az ott k\u00e9sz\u00fclt k\u00e9peidhez a legjobb dekor\u00e1ci\u00f3s megold\u00e1s\n- Esk\u00fcv\u0151, n\u00e1szaj\u00e1nd\u00e9k - az esk\u00fcv\u0151i k\u00e9peid, melyek felid\u00e9zik a nagy nap \u00f6r\u00f6meit\n- \u00c9vfordul\u00f3, valentin nap - eml\u00e9kezetes pillanataitok \u00e9s fontos m\u00e9rf\u00f6ldk\u00f6veitek \u00e9vfordul\u00f3s vagy valentin napi meglepet\u00e9sk\u00e9nt\n- Sz\u00fclet\u00e9snap, n\u00e9vnap - ha egy igaz\u00e1n eredeti \u00e9s szem\u00e9lyes sz\u00fclet\u00e9snapi vagy n\u00e9vnapi aj\u00e1nd\u00e9kot adn\u00e1l\n- Gyermek\u00e1ld\u00e1s - babafot\u00f3k a kisbab\u00e1dr\u00f3l\n- Csal\u00e1di fot\u00f3k - fot\u00f3k amin egy\u00fctt van a csal\u00e1dod, ak\u00e1r otthon vagy utaz\u00e1s, nyaral\u00e1s k\u00f6zben \n- B\u0151v\u00edthet\u0151 megold\u00e1s - ha fot\u00f3s dekor\u00e1ci\u00f3t v\u00e1s\u00e1rolsz t\u0151lem, akkor azt b\u00e1rmikor tov\u00e1bb b\u0151v\u00edtheted \u00fajabb \u00e9s \u00fajabb elemekkel\n\nHogy mit takar az okos dekor\u00e1ci\u00f3?\nA legfontosabb el\u0151nyei, m\u00e1s dekor\u00e1ci\u00f3s megold\u00e1ssal szemben:\n- egy mozdulattal felrakhat\u00f3 b\u00e1rmilyen fel\u00fcletre (falra, szekr\u00e9nyre, \u00fcvegre stb.)\n- nincs sz\u00fcks\u00e9g sz\u00f6gre \u00e9s kalap\u00e1csra a felhelyez\u00e9shez\n- nincsenek tov\u00e1bbi k\u00f6lts\u00e9geid, hiszen nem kell keretet is v\u00e1s\u00e1rolni (egy A4-es k\u00e9p eset\u00e9ben ez keretenk\u00e9nt 2-5 ezer forint is lehet)\n- nyom n\u00e9lk\u00fcl \u00e1thelyezhet\u0151, t\u00f6bbsz\u00f6r is\n\nA k\u00e9pen l\u00e1that\u00f3 kieg\u00e9sz\u00edt\u0151 dekor\u00e1ci\u00f3s k\u00f6rnyezet csak illusztr\u00e1ci\u00f3, ami nem k\u00e9pezi a term\u00e9k r\u00e9sz\u00e9t. A m\u00e9retar\u00e1ny nem felt\u00e9tlen\u00fcl felel meg a val\u00f3s\u00e1gnak. A dekor\u00e1ci\u00f3 pontos m\u00e9ret \u00e9s fel\u00fclet opci\u00f3it az al\u00e1bbi term\u00e9kle\u00edr\u00e1sban l\u00e1thatod.\n\nTerm\u00e9kle\u00edr\u00e1s:\nMin\u0151s\u00e9gi fot\u00f3pap\u00edrra k\u00e9sz\u00fcl\u0151 nyomat, amely egy 5 mm-es vastag, hatsz\u00f6g form\u00e1j\u00fa feh\u00e9r habkartonra van kas\u00edrozva. R\u00f6gz\u00edt\u00e9se speci\u00e1lis ragaszt\u00e1si technol\u00f3gi\u00e1val t\u00f6rt\u00e9nik, amivel a dekor\u00e1ci\u00f3 nyom n\u00e9lk\u00fcl \u00e1thelyezhet\u0151, ak\u00e1r t\u00f6bbsz\u00f6r is.\nEl\u00e9rhet\u0151 az al\u00e1bbi m\u00e9ret \u00e9s fel\u00fclet opci\u00f3kban (a term\u00e9kk\u00e9pek k\u00f6z\u00f6tt megtal\u00e1lod a Norm\u00e1l \u00e9s Nagy verzi\u00f3 m\u00e9retar\u00e1nyos \u00f6sszehasonl\u00edt\u00f3 k\u00e9pet is). A v\u00e1s\u00e1rl\u00e1sn\u00e1l pedig a M\u00e9ret leg\u00f6rd\u00fcl\u0151 men\u00fcben v\u00e1laszthatod majd ki, a Neked szimpatikus verzi\u00f3t.\n- Norm\u00e1l m\u00e9ret (231x200 mm), f\u00e9nyes fel\u00fclettel (alap\u00e1r)\n- Nagy m\u00e9ret (300x260 mm), f\u00e9nyes fel\u00fclettel (fel\u00e1ras opci\u00f3)\n\n\u201e+ Fot\u00f3 szerkeszt\u00e9s\u201d mint v\u00e1laszthat\u00f3 kieg\u00e9sz\u00edt\u0151 jelent\u00e9se:\nAmennyiben + Fot\u00f3 szerkeszt\u00e9st (fel\u00e1ras opci\u00f3) is k\u00e9rsz, akkor az a k\u00f6vetkez\u0151 extr\u00e1kat is tartalmazza:\n- probl\u00e9m\u00e1s k\u00e9pek extra verzi\u00f3inak szerkeszt\u00e9s\u00e9t (nem minden fot\u00f3 kompoz\u00edci\u00f3ja m\u0171k\u00f6dik a hatsz\u00f6g form\u00e1ban, ez\u00e9rt ezekhez a k\u00e9pekhez egy plusz alternat\u00edv v\u00e1ltozatot is k\u00e9sz\u00edtek, ahol a fot\u00f3 jelent\u0151s r\u00e9sze l\u00e1that\u00f3 marad)\n- ak\u00e1r t\u00f6bb k\u00f6r\u00f6s l\u00e1tv\u00e1nyterv egyeztet\u00e9st\n- az egyeztet\u00e9s alatti fot\u00f3csere lehet\u0151s\u00e9g\u00e9t\n- a sz\u00edn, kontraszt, sz\u00ednh\u0151m\u00e9rs\u00e9klet jav\u00edt\u00e1s\u00e1t \u00e9s a nyomtat\u00e1sra optimaliz\u00e1l\u00e1st a m\u00e9g szebb v\u00e9geredm\u00e9ny\u00e9rt\n\nA szerkeszt\u00e9s nem tartalmaz k\u00e9pi elem elt\u00e1vol\u00edt\u00e1st \u00e9s egy\u00e9b \u00f6sszetett retus\u00e1l\u00e1st!\n\nRendel\u00e9s:\nMiut\u00e1n leadtad a rendel\u00e9st, felveszem veled a kapcsolatot emailben. Ezut\u00e1n tudod majd elk\u00fcldeni nekem a fot\u00f3kat (lehet\u0151s\u00e9g szerint a legjobb min\u0151s\u00e9gben). Hamarosan l\u00e1tv\u00e1nytervet k\u00fcld\u00f6k Neked, amit ha elfogadsz k\u00e9sz\u00edtem is.\n\nFot\u00f3 szerz\u0151i jog:\nMinden sz\u00e1momra elk\u00fcld\u00f6tt fot\u00f3 szerz\u0151i joga a V\u00e1s\u00e1rl\u00f3\u00e9. Nem ker\u00fcl harmadik f\u00e9lhez \u00e9s a dekor\u00e1ci\u00f3 nyomtat\u00e1sa ut\u00e1n t\u00f6rl\u00e9sre ker\u00fcl.\n\nAz \u00e1r 20 darab term\u00e9kre vonatkozik.","price":"104000.00","unit":"db","recommended":"0","status":"1","sponsored":"0","exp_notify":"0","own_material":"0","own_material_description_old":null,"own_material_description":"","jury":"0","jury_number":"","product_nature":"","meskaracsony":"0","create_date":"2026-01-11 19:51:38","shelve_id":"62737","image":"hexartdesign_product_371419_250813145023_793392.jpeg","image_width":"480","image_height":"480","image_alt":"20 db-os hatsz\u00f6g fot\u00f3 dekor\u00e1ci\u00f3 a Te csal\u00e1di k\u00e9peiddel, Hexart Design - Az okos dekor\u00e1ci\u00f3\\nNincs sz\u00fcks\u00e9g keretre \/ Kas\u00edrozott habkarton \/ Egy mozdulattal fel..., Meska","image_title":"20 db-os hatsz\u00f6g fot\u00f3 dekor\u00e1ci\u00f3 a Te csal\u00e1di k\u00e9peiddel, Meska","view_count":"556","favourite_count":"0","trending_score":"0","last2MonthFavouriteCount":"0","promotion":0,"giftcard_accept":"1","creditcard_accept":true,"enhanced_background":"0","domain":"meska","specific_customer_id":null,"specific_customer_name":null,"to_order_product":"1","to_order_product_time":"3","product_different":"quite_different","product_different_description":"A sz\u00ednek minim\u00e1lisan elt\u00e9rhetnek a kijelz\u0151n l\u00e1that\u00f3 sz\u00ednekt\u0151l (mobil kijelz\u0151, monitor stb.)\nAz egyedi szem\u00e9lyre szabott dekor\u00e1ci\u00f3kn\u00e1l v\u00e1ltozik a sz\u00f6veg.","vintage":"0","vintage_category_id":"0","recycled":"0","gemstone_id":"0","customizable":"1","type_category":"physical","zerowaste":"0","postage_price":"1490.00","shop_order":"0","has_category":"1","landing_pages":null,"microdata":{"number":69,"category":""},"title":"20 db-os hatsz\u00f6g fot\u00f3 dekor\u00e1ci\u00f3 a Te csal\u00e1di k\u00e9peiddel","description":"Hexart Design - Az okos dekor\u00e1ci\u00f3\nNincs sz\u00fcks\u00e9g keretre \/ Kas\u00edrozott habkarton \/ Egy mozdulattal felrakhat\u00f3 \/ B\u0151v\u00edthet\u0151\n\n* * *\nHa t\u00f6bb dekor\u00e1ci\u00f3t is szeretn\u00e9l, akkor \u00e9rdemes szettet v\u00e1s\u00e1rolnod. Min\u00e9l nagyobb a szett darabsz\u00e1ma, ann\u00e1l olcs\u00f3bb egy dekor\u00e1ci\u00f3 \u00e1ra!\n* * *\n\nA kedvezm\u00e9nyes szett aj\u00e1nlatokat az al\u00e1bbi linken tudod megn\u00e9zni:\nhttps:\/\/www.meska.hu\/shop\/Hexartdesign?s=62737&o=legdragabb&p=1\n\nItt a lehet\u0151s\u00e9g hogy kirakd a falra a legkedvesebb csal\u00e1di k\u00e9peidet. Ez nem csup\u00e1n egy egyszer\u0171 fot\u00f3nyomtat\u00e1s, hanem k\u00e9sz dekor\u00e1ci\u00f3s megold\u00e1s, amivel nincs m\u00e1s dolgod csak felrakni a falra. Aj\u00e1nd\u00e9knak is kiv\u00e1l\u00f3.\n\nA hatsz\u00f6g form\u00e1kat v\u00e9gtelen elrendez\u00e9sben felrakhatod. Min\u00e9l t\u00f6bb darabos szettet v\u00e1lasztasz, ann\u00e1l egyedibb mint\u00e1t tudsz kirakni a falra.\n\nMi\u00e9rt \u00e9s milyen alkalomra aj\u00e1nlom?\n- Kar\u00e1csony - kar\u00e1csonyi aj\u00e1nd\u00e9k \u00f6tlet a p\u00e1rod sz\u00e1m\u00e1ra\n- M\u0171termi \/ csal\u00e1di fot\u00f3z\u00e1s - ha r\u00e9szt vett\u00e9l profi m\u0171termi \/ csal\u00e1di fot\u00f3z\u00e1son, akkor az ott k\u00e9sz\u00fclt k\u00e9peidhez a legjobb dekor\u00e1ci\u00f3s megold\u00e1s\n- Esk\u00fcv\u0151, n\u00e1szaj\u00e1nd\u00e9k - az esk\u00fcv\u0151i k\u00e9peid, melyek felid\u00e9zik a nagy nap \u00f6r\u00f6meit\n- \u00c9vfordul\u00f3, valentin nap - eml\u00e9kezetes pillanataitok \u00e9s fontos m\u00e9rf\u00f6ldk\u00f6veitek \u00e9vfordul\u00f3s vagy valentin napi meglepet\u00e9sk\u00e9nt\n- Sz\u00fclet\u00e9snap, n\u00e9vnap - ha egy igaz\u00e1n eredeti \u00e9s szem\u00e9lyes sz\u00fclet\u00e9snapi vagy n\u00e9vnapi aj\u00e1nd\u00e9kot adn\u00e1l\n- Gyermek\u00e1ld\u00e1s - babafot\u00f3k a kisbab\u00e1dr\u00f3l\n- Csal\u00e1di fot\u00f3k - fot\u00f3k amin egy\u00fctt van a csal\u00e1dod, ak\u00e1r otthon vagy utaz\u00e1s, nyaral\u00e1s k\u00f6zben \n- B\u0151v\u00edthet\u0151 megold\u00e1s - ha fot\u00f3s dekor\u00e1ci\u00f3t v\u00e1s\u00e1rolsz t\u0151lem, akkor azt b\u00e1rmikor tov\u00e1bb b\u0151v\u00edtheted \u00fajabb \u00e9s \u00fajabb elemekkel\n\nHogy mit takar az okos dekor\u00e1ci\u00f3?\nA legfontosabb el\u0151nyei, m\u00e1s dekor\u00e1ci\u00f3s megold\u00e1ssal szemben:\n- egy mozdulattal felrakhat\u00f3 b\u00e1rmilyen fel\u00fcletre (falra, szekr\u00e9nyre, \u00fcvegre stb.)\n- nincs sz\u00fcks\u00e9g sz\u00f6gre \u00e9s kalap\u00e1csra a felhelyez\u00e9shez\n- nincsenek tov\u00e1bbi k\u00f6lts\u00e9geid, hiszen nem kell keretet is v\u00e1s\u00e1rolni (egy A4-es k\u00e9p eset\u00e9ben ez keretenk\u00e9nt 2-5 ezer forint is lehet)\n- nyom n\u00e9lk\u00fcl \u00e1thelyezhet\u0151, t\u00f6bbsz\u00f6r is\n\nA k\u00e9pen l\u00e1that\u00f3 kieg\u00e9sz\u00edt\u0151 dekor\u00e1ci\u00f3s k\u00f6rnyezet csak illusztr\u00e1ci\u00f3, ami nem k\u00e9pezi a term\u00e9k r\u00e9sz\u00e9t. A m\u00e9retar\u00e1ny nem felt\u00e9tlen\u00fcl felel meg a val\u00f3s\u00e1gnak. A dekor\u00e1ci\u00f3 pontos m\u00e9ret \u00e9s fel\u00fclet opci\u00f3it az al\u00e1bbi term\u00e9kle\u00edr\u00e1sban l\u00e1thatod.\n\nTerm\u00e9kle\u00edr\u00e1s:\nMin\u0151s\u00e9gi fot\u00f3pap\u00edrra k\u00e9sz\u00fcl\u0151 nyomat, amely egy 5 mm-es vastag, hatsz\u00f6g form\u00e1j\u00fa feh\u00e9r habkartonra van kas\u00edrozva. R\u00f6gz\u00edt\u00e9se speci\u00e1lis ragaszt\u00e1si technol\u00f3gi\u00e1val t\u00f6rt\u00e9nik, amivel a dekor\u00e1ci\u00f3 nyom n\u00e9lk\u00fcl \u00e1thelyezhet\u0151, ak\u00e1r t\u00f6bbsz\u00f6r is.\nEl\u00e9rhet\u0151 az al\u00e1bbi m\u00e9ret \u00e9s fel\u00fclet opci\u00f3kban (a term\u00e9kk\u00e9pek k\u00f6z\u00f6tt megtal\u00e1lod a Norm\u00e1l \u00e9s Nagy verzi\u00f3 m\u00e9retar\u00e1nyos \u00f6sszehasonl\u00edt\u00f3 k\u00e9pet is). A v\u00e1s\u00e1rl\u00e1sn\u00e1l pedig a M\u00e9ret leg\u00f6rd\u00fcl\u0151 men\u00fcben v\u00e1laszthatod majd ki, a Neked szimpatikus verzi\u00f3t.\n- Norm\u00e1l m\u00e9ret (231x200 mm), f\u00e9nyes fel\u00fclettel (alap\u00e1r)\n- Nagy m\u00e9ret (300x260 mm), f\u00e9nyes fel\u00fclettel (fel\u00e1ras opci\u00f3)\n\n\u201e+ Fot\u00f3 szerkeszt\u00e9s\u201d mint v\u00e1laszthat\u00f3 kieg\u00e9sz\u00edt\u0151 jelent\u00e9se:\nAmennyiben + Fot\u00f3 szerkeszt\u00e9st (fel\u00e1ras opci\u00f3) is k\u00e9rsz, akkor az a k\u00f6vetkez\u0151 extr\u00e1kat is tartalmazza:\n- probl\u00e9m\u00e1s k\u00e9pek extra verzi\u00f3inak szerkeszt\u00e9s\u00e9t (nem minden fot\u00f3 kompoz\u00edci\u00f3ja m\u0171k\u00f6dik a hatsz\u00f6g form\u00e1ban, ez\u00e9rt ezekhez a k\u00e9pekhez egy plusz alternat\u00edv v\u00e1ltozatot is k\u00e9sz\u00edtek, ahol a fot\u00f3 jelent\u0151s r\u00e9sze l\u00e1that\u00f3 marad)\n- ak\u00e1r t\u00f6bb k\u00f6r\u00f6s l\u00e1tv\u00e1nyterv egyeztet\u00e9st\n- az egyeztet\u00e9s alatti fot\u00f3csere lehet\u0151s\u00e9g\u00e9t\n- a sz\u00edn, kontraszt, sz\u00ednh\u0151m\u00e9rs\u00e9klet jav\u00edt\u00e1s\u00e1t \u00e9s a nyomtat\u00e1sra optimaliz\u00e1l\u00e1st a m\u00e9g szebb v\u00e9geredm\u00e9ny\u00e9rt\n\nA szerkeszt\u00e9s nem tartalmaz k\u00e9pi elem elt\u00e1vol\u00edt\u00e1st \u00e9s egy\u00e9b \u00f6sszetett retus\u00e1l\u00e1st!\n\nRendel\u00e9s:\nMiut\u00e1n leadtad a rendel\u00e9st, felveszem veled a kapcsolatot emailben. Ezut\u00e1n tudod majd elk\u00fcldeni nekem a fot\u00f3kat (lehet\u0151s\u00e9g szerint a legjobb min\u0151s\u00e9gben). Hamarosan l\u00e1tv\u00e1nytervet k\u00fcld\u00f6k Neked, amit ha elfogadsz k\u00e9sz\u00edtem is.\n\nFot\u00f3 szerz\u0151i jog:\nMinden sz\u00e1momra elk\u00fcld\u00f6tt fot\u00f3 szerz\u0151i joga a V\u00e1s\u00e1rl\u00f3\u00e9. Nem ker\u00fcl harmadik f\u00e9lhez \u00e9s a dekor\u00e1ci\u00f3 nyomtat\u00e1sa ut\u00e1n t\u00f6rl\u00e9sre ker\u00fcl.\n\nAz \u00e1r 20 darab term\u00e9kre vonatkozik.","score":0,"formatted_price":"104 000 Ft","image_url":"https:\/\/www.meska.hu\/img\/product\/small\/h\/e\/hexartdesign_product_371419_250813145023_793392.jpeg","formatted_url":"https:\/\/www.meska.hu\/p5188929-20-db-os-hatszog-foto-dekoracio-a-te-csaladi-kepeiddel","favourite":false,"in_stock":false,"avatar":"Hexartdesign_avatar_371419_1589358772.jpg","delete_from":0,"is_enhanced_background":false,"is_enhanced":false,"product_selection_started":false,"is_active":true,"image_webp_url":"https:\/\/www.meska.hu\/img\/product\/small\/h\/e\/hexartdesign_product_371419_250813145023_793392.webp"},{"id":"6067945","shop_id":"44743","user_id":"642131","shop_name":"ARIdecor","shop_zip":"9700","product_code":"5699480","product_name_old":null,"product_name":"Epoxyval k\u00e9sz\u00fclt fali k\u00e9p","category_string":"Otthon & \u00c9letm\u00f3d, Dekor\u00e1ci\u00f3, K\u00e9p & Falik\u00e9p, T\u00f6bb r\u00e9szes k\u00e9p","technic_string":"","category_1":"813","category_2":"314","category_3":"417","category_4":"1429","merged_category_1":null,"merged_category_2":null,"merged_category_3":null,"technic_1":"0","technic_2":"0","technic_3":"0","color_1":"519","color_2":"521","color_3":"0","product_description_old":null,"product_description":"\nA k\u00e9p fa t\u00e1lc\u00e1ra, epoxy gyant\u00e1val k\u00e9sz\u00fclt, val\u00f3di kagyl\u00f3kkal \u00e9s kaviccsal. \nA ny\u00e1r d\u00e9lut\u00e1ni\/esti s\u00e9t\u00e1kat juttatja eszembe, amikor csak \u00fcl\u00fcnk a v\u00edzparton nyugalomban \u00e9s hallgatjuk a tenger z\u00fag\u00e1s\u00e1t\u2026 \n\n\u00c1tm\u00e9r\u0151je 30 cm","price":"18500.00","unit":"db","recommended":"0","status":"1","sponsored":"0","exp_notify":"0","own_material":"0","own_material_description_old":null,"own_material_description":"","jury":"0","jury_number":"","product_nature":"","meskaracsony":"0","create_date":"2026-01-11 18:12:09","shelve_id":"0","image":"aridecor_product_642131_260111181141_997887.jpeg","image_width":"480","image_height":"480","image_alt":"Epoxyval k\u00e9sz\u00fclt fali k\u00e9p, \\nA k\u00e9p fa t\u00e1lc\u00e1ra, epoxy gyant\u00e1val k\u00e9sz\u00fclt, val\u00f3di kagyl\u00f3kkal \u00e9s kaviccsal. \\nA ny\u00e1r d\u00e9lut\u00e1ni\/esti s\u00e9..., Meska","image_title":"Epoxyval k\u00e9sz\u00fclt fali k\u00e9p, Meska","view_count":"62","favourite_count":"0","trending_score":"0","last2MonthFavouriteCount":"0","promotion":"0","giftcard_accept":"0","creditcard_accept":false,"enhanced_background":"0","domain":"meska","specific_customer_id":null,"specific_customer_name":null,"to_order_product":"0","to_order_product_time":"0","product_different":null,"product_different_description":"","vintage":"0","vintage_category_id":"0","recycled":"0","gemstone_id":"0","customizable":"0","type_category":"physical","zerowaste":"0","postage_price":"2390.00","shop_order":"0","has_category":"1","landing_pages":null,"microdata":{"number":70,"category":""},"title":"Epoxyval k\u00e9sz\u00fclt fali k\u00e9p","description":"\nA k\u00e9p fa t\u00e1lc\u00e1ra, epoxy gyant\u00e1val k\u00e9sz\u00fclt, val\u00f3di kagyl\u00f3kkal \u00e9s kaviccsal. \nA ny\u00e1r d\u00e9lut\u00e1ni\/esti s\u00e9t\u00e1kat juttatja eszembe, amikor csak \u00fcl\u00fcnk a v\u00edzparton nyugalomban \u00e9s hallgatjuk a tenger z\u00fag\u00e1s\u00e1t\u2026 \n\n\u00c1tm\u00e9r\u0151je 30 cm","score":0,"formatted_price":"18 500 Ft","image_url":"https:\/\/www.meska.hu\/img\/product\/small\/a\/r\/aridecor_product_642131_260111181141_997887.jpeg","formatted_url":"https:\/\/www.meska.hu\/p5699480-epoxyval-keszult-fali-kep","favourite":false,"in_stock":true,"avatar":"642131_avatar_1757584375.png","delete_from":0,"is_enhanced_background":false,"is_enhanced":false,"product_selection_started":false,"is_active":true,"image_webp_url":"https:\/\/www.meska.hu\/img\/product\/small\/a\/r\/aridecor_product_642131_260111181141_997887.webp"},{"id":"6067940","shop_id":"44743","user_id":"642131","shop_name":"ARIdecor","shop_zip":"9700","product_code":"5699476","product_name_old":null,"product_name":"Epoxyval k\u00e9sz\u00fclt fali k\u00e9p","category_string":"Otthon & \u00c9letm\u00f3d, Dekor\u00e1ci\u00f3, K\u00e9p & Falik\u00e9p, T\u00f6bb r\u00e9szes k\u00e9p","technic_string":"","category_1":"813","category_2":"314","category_3":"417","category_4":"1429","merged_category_1":null,"merged_category_2":null,"merged_category_3":null,"technic_1":"0","technic_2":"0","technic_3":"0","color_1":"519","color_2":"521","color_3":"0","product_description_old":null,"product_description":"\nA k\u00e9p fa t\u00e1lc\u00e1ra, epoxy gyant\u00e1val k\u00e9sz\u00fclt, val\u00f3di kagyl\u00f3kkal \u00e9s kaviccsal. \nA ny\u00e1r d\u00e9lut\u00e1ni\/esti s\u00e9t\u00e1kat juttatja eszembe, amikor csak \u00fcl\u00fcnk a v\u00edzparton nyugalomban \u00e9s hallgatjuk a tenger z\u00fag\u00e1s\u00e1t\u2026 \n\n\u00c1tm\u00e9r\u0151je 30 cm","price":"18500.00","unit":"db","recommended":"0","status":"1","sponsored":"0","exp_notify":"0","own_material":"0","own_material_description_old":null,"own_material_description":"","jury":"0","jury_number":"","product_nature":"","meskaracsony":"0","create_date":"2026-01-11 18:11:07","shelve_id":"0","image":"aridecor_product_642131_260111175511_283742.jpeg","image_width":"480","image_height":"480","image_alt":"Epoxyval k\u00e9sz\u00fclt fali k\u00e9p, \\nA k\u00e9p fa t\u00e1lc\u00e1ra, epoxy gyant\u00e1val k\u00e9sz\u00fclt, val\u00f3di kagyl\u00f3kkal \u00e9s kaviccsal. \\nA ny\u00e1r d\u00e9lut\u00e1ni\/esti s\u00e9..., Meska","image_title":"Epoxyval k\u00e9sz\u00fclt fali k\u00e9p, Meska","view_count":"56","favourite_count":"0","trending_score":"0","last2MonthFavouriteCount":"0","promotion":"0","giftcard_accept":"0","creditcard_accept":false,"enhanced_background":"0","domain":"meska","specific_customer_id":null,"specific_customer_name":null,"to_order_product":"0","to_order_product_time":"0","product_different":null,"product_different_description":"","vintage":"0","vintage_category_id":"0","recycled":"0","gemstone_id":"0","customizable":"0","type_category":"physical","zerowaste":"0","postage_price":"2390.00","shop_order":"0","has_category":"1","landing_pages":null,"microdata":{"number":71,"category":""},"title":"Epoxyval k\u00e9sz\u00fclt fali k\u00e9p","description":"\nA k\u00e9p fa t\u00e1lc\u00e1ra, epoxy gyant\u00e1val k\u00e9sz\u00fclt, val\u00f3di kagyl\u00f3kkal \u00e9s kaviccsal. \nA ny\u00e1r d\u00e9lut\u00e1ni\/esti s\u00e9t\u00e1kat juttatja eszembe, amikor csak \u00fcl\u00fcnk a v\u00edzparton nyugalomban \u00e9s hallgatjuk a tenger z\u00fag\u00e1s\u00e1t\u2026 \n\n\u00c1tm\u00e9r\u0151je 30 cm","score":0,"formatted_price":"18 500 Ft","image_url":"https:\/\/www.meska.hu\/img\/product\/small\/a\/r\/aridecor_product_642131_260111175511_283742.jpeg","formatted_url":"https:\/\/www.meska.hu\/p5699476-epoxyval-keszult-fali-kep","favourite":false,"in_stock":true,"avatar":"642131_avatar_1757584375.png","delete_from":0,"is_enhanced_background":false,"is_enhanced":false,"product_selection_started":false,"is_active":true,"image_webp_url":"https:\/\/www.meska.hu\/img\/product\/small\/a\/r\/aridecor_product_642131_260111175511_283742.webp"},{"id":"3498849","shop_id":"29709","user_id":"371419","shop_name":"Hexartdesign","shop_zip":"1183","product_code":"3895281","product_name_old":null,"product_name":"1 db hatsz\u00f6g fot\u00f3 dekor\u00e1ci\u00f3 a Te csal\u00e1di k\u00e9peiddel","category_string":"Otthon & \u00c9letm\u00f3d, Dekor\u00e1ci\u00f3, K\u00e9p & Falik\u00e9p, T\u00f6bb r\u00e9szes k\u00e9p","technic_string":"Fot\u00f3, grafika, rajz, illusztr\u00e1ci\u00f3","category_1":"813","category_2":"314","category_3":"417","category_4":"1429","merged_category_1":"0","merged_category_2":"0","merged_category_3":"785","technic_1":"483","technic_2":"0","technic_3":"0","color_1":"532","color_2":"0","color_3":"0","product_description_old":null,"product_description":"Hexart Design - Az okos dekor\u00e1ci\u00f3\nNincs sz\u00fcks\u00e9g keretre \/ Kas\u00edrozott habkarton \/ Egy mozdulattal felrakhat\u00f3 \/ B\u0151v\u00edthet\u0151\n\n* * *\nHa t\u00f6bb dekor\u00e1ci\u00f3t is szeretn\u00e9l, akkor \u00e9rdemes szettet v\u00e1s\u00e1rolnod. Min\u00e9l nagyobb a szett darabsz\u00e1ma, ann\u00e1l olcs\u00f3bb egy dekor\u00e1ci\u00f3 \u00e1ra!\n* * *\n\nA kedvezm\u00e9nyes szett aj\u00e1nlatokat az al\u00e1bbi linken tudod megn\u00e9zni: \nhttps:\/\/www.meska.hu\/shop\/Hexartdesign?s=62737&o=legdragabb&p=1\n\nItt a lehet\u0151s\u00e9g hogy kirakd a falra a legkedvesebb csal\u00e1di k\u00e9peidet. Ez nem csup\u00e1n egy egyszer\u0171 fot\u00f3nyomtat\u00e1s, hanem k\u00e9sz dekor\u00e1ci\u00f3s megold\u00e1s, amivel nincs m\u00e1s dolgod csak felrakni a falra. Aj\u00e1nd\u00e9knak is kiv\u00e1l\u00f3. \n\nA hatsz\u00f6g form\u00e1kat v\u00e9gtelen elrendez\u00e9sben felrakhatod. Min\u00e9l t\u00f6bb darabos szettet v\u00e1lasztasz, ann\u00e1l egyedibb mint\u00e1t tudsz kirakni a falra.\n\nMi\u00e9rt \u00e9s milyen alkalomra aj\u00e1nlom?\n- Kar\u00e1csony - kar\u00e1csonyi aj\u00e1nd\u00e9k \u00f6tlet a p\u00e1rod sz\u00e1m\u00e1ra\n- M\u0171termi \/ csal\u00e1di fot\u00f3z\u00e1s - ha r\u00e9szt vett\u00e9l profi m\u0171termi \/ csal\u00e1di fot\u00f3z\u00e1son, akkor az ott k\u00e9sz\u00fclt k\u00e9peidhez a legjobb dekor\u00e1ci\u00f3s megold\u00e1s\n- Esk\u00fcv\u0151, n\u00e1szaj\u00e1nd\u00e9k - az esk\u00fcv\u0151i k\u00e9peid, melyek felid\u00e9zik a nagy nap \u00f6r\u00f6meit\n- \u00c9vfordul\u00f3, valentin nap - eml\u00e9kezetes pillanataitok \u00e9s fontos m\u00e9rf\u00f6ldk\u00f6veitek \u00e9vfordul\u00f3s vagy valentin napi meglepet\u00e9sk\u00e9nt\n- Sz\u00fclet\u00e9snap, n\u00e9vnap - ha egy igaz\u00e1n eredeti \u00e9s szem\u00e9lyes sz\u00fclet\u00e9snapi vagy n\u00e9vnapi aj\u00e1nd\u00e9kot adn\u00e1l\n- Gyermek\u00e1ld\u00e1s - babafot\u00f3k a kisbab\u00e1dr\u00f3l\n- Csal\u00e1di fot\u00f3k - fot\u00f3k amin egy\u00fctt van a csal\u00e1dod, ak\u00e1r otthon vagy utaz\u00e1s, nyaral\u00e1s k\u00f6zben \n- B\u0151v\u00edthet\u0151 megold\u00e1s - ha fot\u00f3s dekor\u00e1ci\u00f3t v\u00e1s\u00e1rolsz t\u0151lem, akkor azt b\u00e1rmikor tov\u00e1bb b\u0151v\u00edtheted \u00fajabb \u00e9s \u00fajabb elemekkel\n\nHogy mit takar az okos dekor\u00e1ci\u00f3?\nA legfontosabb el\u0151nyei, m\u00e1s dekor\u00e1ci\u00f3s megold\u00e1ssal szemben:\n- egy mozdulattal felrakhat\u00f3 b\u00e1rmilyen fel\u00fcletre (falra, szekr\u00e9nyre, \u00fcvegre stb.)\n- nincs sz\u00fcks\u00e9g sz\u00f6gre \u00e9s kalap\u00e1csra a felhelyez\u00e9shez\n- nincsenek tov\u00e1bbi k\u00f6lts\u00e9geid, hiszen nem kell keretet is v\u00e1s\u00e1rolni (egy A4-es k\u00e9p eset\u00e9ben ez keretenk\u00e9nt 2-5 ezer forint is lehet)\n- nyom n\u00e9lk\u00fcl \u00e1thelyezhet\u0151, t\u00f6bbsz\u00f6r is\n\nA k\u00e9pen l\u00e1that\u00f3 kieg\u00e9sz\u00edt\u0151 dekor\u00e1ci\u00f3s k\u00f6rnyezet csak illusztr\u00e1ci\u00f3, ami nem k\u00e9pezi a term\u00e9k r\u00e9sz\u00e9t. A m\u00e9retar\u00e1ny nem felt\u00e9tlen\u00fcl felel meg a val\u00f3s\u00e1gnak. A dekor\u00e1ci\u00f3 pontos m\u00e9ret \u00e9s fel\u00fclet opci\u00f3it az al\u00e1bbi term\u00e9kle\u00edr\u00e1sban l\u00e1thatod.\n\nTerm\u00e9kle\u00edr\u00e1s:\nMin\u0151s\u00e9gi fot\u00f3pap\u00edrra k\u00e9sz\u00fcl\u0151 nyomat, amely egy 5 mm-es vastag, hatsz\u00f6g form\u00e1j\u00fa feh\u00e9r habkartonra van kas\u00edrozva. R\u00f6gz\u00edt\u00e9se speci\u00e1lis ragaszt\u00e1si technol\u00f3gi\u00e1val t\u00f6rt\u00e9nik, amivel a dekor\u00e1ci\u00f3 nyom n\u00e9lk\u00fcl \u00e1thelyezhet\u0151, ak\u00e1r t\u00f6bbsz\u00f6r is.\nEl\u00e9rhet\u0151 az al\u00e1bbi m\u00e9ret \u00e9s fel\u00fclet opci\u00f3kban (a term\u00e9kk\u00e9pek k\u00f6z\u00f6tt megtal\u00e1lod a Norm\u00e1l \u00e9s Nagy verzi\u00f3 m\u00e9retar\u00e1nyos \u00f6sszehasonl\u00edt\u00f3 k\u00e9pet is). A v\u00e1s\u00e1rl\u00e1sn\u00e1l pedig a M\u00e9ret leg\u00f6rd\u00fcl\u0151 men\u00fcben v\u00e1laszthatod majd ki, a Neked szimpatikus verzi\u00f3t.\n- Norm\u00e1l m\u00e9ret (231x200 mm), f\u00e9nyes fel\u00fclettel (alap\u00e1r)\n- Nagy m\u00e9ret (300x260 mm), f\u00e9nyes fel\u00fclettel (fel\u00e1ras opci\u00f3)\n\n\u201e+ Fot\u00f3 szerkeszt\u00e9s\u201d mint v\u00e1laszthat\u00f3 kieg\u00e9sz\u00edt\u0151 jelent\u00e9se:\nAmennyiben + Fot\u00f3 szerkeszt\u00e9st (fel\u00e1ras opci\u00f3) is k\u00e9rsz, akkor az a k\u00f6vetkez\u0151 extr\u00e1kat is tartalmazza:\n- probl\u00e9m\u00e1s k\u00e9pek extra verzi\u00f3inak szerkeszt\u00e9s\u00e9t (nem minden fot\u00f3 kompoz\u00edci\u00f3ja m\u0171k\u00f6dik a hatsz\u00f6g form\u00e1ban, ez\u00e9rt ezekhez a k\u00e9pekhez egy plusz alternat\u00edv v\u00e1ltozatot is k\u00e9sz\u00edtek, ahol a fot\u00f3 jelent\u0151s r\u00e9sze l\u00e1that\u00f3 marad)\n- ak\u00e1r t\u00f6bb k\u00f6r\u00f6s l\u00e1tv\u00e1nyterv egyeztet\u00e9st\n- az egyeztet\u00e9s alatti fot\u00f3csere lehet\u0151s\u00e9g\u00e9t\n- a sz\u00edn, kontraszt, sz\u00ednh\u0151m\u00e9rs\u00e9klet jav\u00edt\u00e1s\u00e1t \u00e9s a nyomtat\u00e1sra optimaliz\u00e1l\u00e1st a m\u00e9g szebb v\u00e9geredm\u00e9ny\u00e9rt\n\nA szerkeszt\u00e9s nem tartalmaz k\u00e9pi elem elt\u00e1vol\u00edt\u00e1st \u00e9s egy\u00e9b \u00f6sszetett retus\u00e1l\u00e1st!\n\nRendel\u00e9s:\nMiut\u00e1n leadtad a rendel\u00e9st, felveszem veled a kapcsolatot emailben. Ezut\u00e1n tudod majd elk\u00fcldeni nekem a fot\u00f3t (lehet\u0151s\u00e9g szerint a legjobb min\u0151s\u00e9gben). Hamarosan l\u00e1tv\u00e1nytervet k\u00fcld\u00f6k Neked, amit ha elfogadsz k\u00e9sz\u00edtem is. \n\nFot\u00f3 szerz\u0151i jog:\nMinden sz\u00e1momra elk\u00fcld\u00f6tt fot\u00f3 szerz\u0151i joga a V\u00e1s\u00e1rl\u00f3\u00e9. Nem ker\u00fcl harmadik f\u00e9lhez \u00e9s a dekor\u00e1ci\u00f3 nyomtat\u00e1sa ut\u00e1n t\u00f6rl\u00e9sre ker\u00fcl. \n\nAz \u00e1r 1 darab term\u00e9kre vonatkozik.","price":"5590.00","unit":"db","recommended":"0","status":"1","sponsored":"0","exp_notify":"0","own_material":"0","own_material_description_old":null,"own_material_description":"","jury":"0","jury_number":"","product_nature":"","meskaracsony":"0","create_date":"2026-01-11 13:50:36","shelve_id":"62737","image":"hexartdesign_product_371419_250813144336_11954.jpeg","image_width":"480","image_height":"480","image_alt":"1 db hatsz\u00f6g fot\u00f3 dekor\u00e1ci\u00f3 a Te csal\u00e1di k\u00e9peiddel, Hexart Design - Az okos dekor\u00e1ci\u00f3\\nNincs sz\u00fcks\u00e9g keretre \/ Kas\u00edrozott habkarton \/ Egy mozdulattal fel..., Meska","image_title":"1 db hatsz\u00f6g fot\u00f3 dekor\u00e1ci\u00f3 a Te csal\u00e1di k\u00e9peiddel, Meska","view_count":"2193","favourite_count":"0","trending_score":"0","last2MonthFavouriteCount":"0","promotion":0,"giftcard_accept":"1","creditcard_accept":true,"enhanced_background":"0","domain":"meska","specific_customer_id":null,"specific_customer_name":null,"to_order_product":"1","to_order_product_time":"3","product_different":"quite_different","product_different_description":"A sz\u00ednek minim\u00e1lisan elt\u00e9rhetnek a kijelz\u0151n l\u00e1that\u00f3 sz\u00ednekt\u0151l (mobil kijelz\u0151, monitor stb.)\nAz egyedi szem\u00e9lyre szabott dekor\u00e1ci\u00f3kn\u00e1l v\u00e1ltozik a sz\u00f6veg.","vintage":"0","vintage_category_id":"0","recycled":"0","gemstone_id":"0","customizable":"1","type_category":"physical","zerowaste":"0","postage_price":"1490.00","shop_order":"0","has_category":"1","landing_pages":null,"microdata":{"number":72,"category":""},"title":"1 db hatsz\u00f6g fot\u00f3 dekor\u00e1ci\u00f3 a Te csal\u00e1di k\u00e9peiddel","description":"Hexart Design - Az okos dekor\u00e1ci\u00f3\nNincs sz\u00fcks\u00e9g keretre \/ Kas\u00edrozott habkarton \/ Egy mozdulattal felrakhat\u00f3 \/ B\u0151v\u00edthet\u0151\n\n* * *\nHa t\u00f6bb dekor\u00e1ci\u00f3t is szeretn\u00e9l, akkor \u00e9rdemes szettet v\u00e1s\u00e1rolnod. Min\u00e9l nagyobb a szett darabsz\u00e1ma, ann\u00e1l olcs\u00f3bb egy dekor\u00e1ci\u00f3 \u00e1ra!\n* * *\n\nA kedvezm\u00e9nyes szett aj\u00e1nlatokat az al\u00e1bbi linken tudod megn\u00e9zni: \nhttps:\/\/www.meska.hu\/shop\/Hexartdesign?s=62737&o=legdragabb&p=1\n\nItt a lehet\u0151s\u00e9g hogy kirakd a falra a legkedvesebb csal\u00e1di k\u00e9peidet. Ez nem csup\u00e1n egy egyszer\u0171 fot\u00f3nyomtat\u00e1s, hanem k\u00e9sz dekor\u00e1ci\u00f3s megold\u00e1s, amivel nincs m\u00e1s dolgod csak felrakni a falra. Aj\u00e1nd\u00e9knak is kiv\u00e1l\u00f3. \n\nA hatsz\u00f6g form\u00e1kat v\u00e9gtelen elrendez\u00e9sben felrakhatod. Min\u00e9l t\u00f6bb darabos szettet v\u00e1lasztasz, ann\u00e1l egyedibb mint\u00e1t tudsz kirakni a falra.\n\nMi\u00e9rt \u00e9s milyen alkalomra aj\u00e1nlom?\n- Kar\u00e1csony - kar\u00e1csonyi aj\u00e1nd\u00e9k \u00f6tlet a p\u00e1rod sz\u00e1m\u00e1ra\n- M\u0171termi \/ csal\u00e1di fot\u00f3z\u00e1s - ha r\u00e9szt vett\u00e9l profi m\u0171termi \/ csal\u00e1di fot\u00f3z\u00e1son, akkor az ott k\u00e9sz\u00fclt k\u00e9peidhez a legjobb dekor\u00e1ci\u00f3s megold\u00e1s\n- Esk\u00fcv\u0151, n\u00e1szaj\u00e1nd\u00e9k - az esk\u00fcv\u0151i k\u00e9peid, melyek felid\u00e9zik a nagy nap \u00f6r\u00f6meit\n- \u00c9vfordul\u00f3, valentin nap - eml\u00e9kezetes pillanataitok \u00e9s fontos m\u00e9rf\u00f6ldk\u00f6veitek \u00e9vfordul\u00f3s vagy valentin napi meglepet\u00e9sk\u00e9nt\n- Sz\u00fclet\u00e9snap, n\u00e9vnap - ha egy igaz\u00e1n eredeti \u00e9s szem\u00e9lyes sz\u00fclet\u00e9snapi vagy n\u00e9vnapi aj\u00e1nd\u00e9kot adn\u00e1l\n- Gyermek\u00e1ld\u00e1s - babafot\u00f3k a kisbab\u00e1dr\u00f3l\n- Csal\u00e1di fot\u00f3k - fot\u00f3k amin egy\u00fctt van a csal\u00e1dod, ak\u00e1r otthon vagy utaz\u00e1s, nyaral\u00e1s k\u00f6zben \n- B\u0151v\u00edthet\u0151 megold\u00e1s - ha fot\u00f3s dekor\u00e1ci\u00f3t v\u00e1s\u00e1rolsz t\u0151lem, akkor azt b\u00e1rmikor tov\u00e1bb b\u0151v\u00edtheted \u00fajabb \u00e9s \u00fajabb elemekkel\n\nHogy mit takar az okos dekor\u00e1ci\u00f3?\nA legfontosabb el\u0151nyei, m\u00e1s dekor\u00e1ci\u00f3s megold\u00e1ssal szemben:\n- egy mozdulattal felrakhat\u00f3 b\u00e1rmilyen fel\u00fcletre (falra, szekr\u00e9nyre, \u00fcvegre stb.)\n- nincs sz\u00fcks\u00e9g sz\u00f6gre \u00e9s kalap\u00e1csra a felhelyez\u00e9shez\n- nincsenek tov\u00e1bbi k\u00f6lts\u00e9geid, hiszen nem kell keretet is v\u00e1s\u00e1rolni (egy A4-es k\u00e9p eset\u00e9ben ez keretenk\u00e9nt 2-5 ezer forint is lehet)\n- nyom n\u00e9lk\u00fcl \u00e1thelyezhet\u0151, t\u00f6bbsz\u00f6r is\n\nA k\u00e9pen l\u00e1that\u00f3 kieg\u00e9sz\u00edt\u0151 dekor\u00e1ci\u00f3s k\u00f6rnyezet csak illusztr\u00e1ci\u00f3, ami nem k\u00e9pezi a term\u00e9k r\u00e9sz\u00e9t. A m\u00e9retar\u00e1ny nem felt\u00e9tlen\u00fcl felel meg a val\u00f3s\u00e1gnak. A dekor\u00e1ci\u00f3 pontos m\u00e9ret \u00e9s fel\u00fclet opci\u00f3it az al\u00e1bbi term\u00e9kle\u00edr\u00e1sban l\u00e1thatod.\n\nTerm\u00e9kle\u00edr\u00e1s:\nMin\u0151s\u00e9gi fot\u00f3pap\u00edrra k\u00e9sz\u00fcl\u0151 nyomat, amely egy 5 mm-es vastag, hatsz\u00f6g form\u00e1j\u00fa feh\u00e9r habkartonra van kas\u00edrozva. R\u00f6gz\u00edt\u00e9se speci\u00e1lis ragaszt\u00e1si technol\u00f3gi\u00e1val t\u00f6rt\u00e9nik, amivel a dekor\u00e1ci\u00f3 nyom n\u00e9lk\u00fcl \u00e1thelyezhet\u0151, ak\u00e1r t\u00f6bbsz\u00f6r is.\nEl\u00e9rhet\u0151 az al\u00e1bbi m\u00e9ret \u00e9s fel\u00fclet opci\u00f3kban (a term\u00e9kk\u00e9pek k\u00f6z\u00f6tt megtal\u00e1lod a Norm\u00e1l \u00e9s Nagy verzi\u00f3 m\u00e9retar\u00e1nyos \u00f6sszehasonl\u00edt\u00f3 k\u00e9pet is). A v\u00e1s\u00e1rl\u00e1sn\u00e1l pedig a M\u00e9ret leg\u00f6rd\u00fcl\u0151 men\u00fcben v\u00e1laszthatod majd ki, a Neked szimpatikus verzi\u00f3t.\n- Norm\u00e1l m\u00e9ret (231x200 mm), f\u00e9nyes fel\u00fclettel (alap\u00e1r)\n- Nagy m\u00e9ret (300x260 mm), f\u00e9nyes fel\u00fclettel (fel\u00e1ras opci\u00f3)\n\n\u201e+ Fot\u00f3 szerkeszt\u00e9s\u201d mint v\u00e1laszthat\u00f3 kieg\u00e9sz\u00edt\u0151 jelent\u00e9se:\nAmennyiben + Fot\u00f3 szerkeszt\u00e9st (fel\u00e1ras opci\u00f3) is k\u00e9rsz, akkor az a k\u00f6vetkez\u0151 extr\u00e1kat is tartalmazza:\n- probl\u00e9m\u00e1s k\u00e9pek extra verzi\u00f3inak szerkeszt\u00e9s\u00e9t (nem minden fot\u00f3 kompoz\u00edci\u00f3ja m\u0171k\u00f6dik a hatsz\u00f6g form\u00e1ban, ez\u00e9rt ezekhez a k\u00e9pekhez egy plusz alternat\u00edv v\u00e1ltozatot is k\u00e9sz\u00edtek, ahol a fot\u00f3 jelent\u0151s r\u00e9sze l\u00e1that\u00f3 marad)\n- ak\u00e1r t\u00f6bb k\u00f6r\u00f6s l\u00e1tv\u00e1nyterv egyeztet\u00e9st\n- az egyeztet\u00e9s alatti fot\u00f3csere lehet\u0151s\u00e9g\u00e9t\n- a sz\u00edn, kontraszt, sz\u00ednh\u0151m\u00e9rs\u00e9klet jav\u00edt\u00e1s\u00e1t \u00e9s a nyomtat\u00e1sra optimaliz\u00e1l\u00e1st a m\u00e9g szebb v\u00e9geredm\u00e9ny\u00e9rt\n\nA szerkeszt\u00e9s nem tartalmaz k\u00e9pi elem elt\u00e1vol\u00edt\u00e1st \u00e9s egy\u00e9b \u00f6sszetett retus\u00e1l\u00e1st!\n\nRendel\u00e9s:\nMiut\u00e1n leadtad a rendel\u00e9st, felveszem veled a kapcsolatot emailben. Ezut\u00e1n tudod majd elk\u00fcldeni nekem a fot\u00f3t (lehet\u0151s\u00e9g szerint a legjobb min\u0151s\u00e9gben). Hamarosan l\u00e1tv\u00e1nytervet k\u00fcld\u00f6k Neked, amit ha elfogadsz k\u00e9sz\u00edtem is. \n\nFot\u00f3 szerz\u0151i jog:\nMinden sz\u00e1momra elk\u00fcld\u00f6tt fot\u00f3 szerz\u0151i joga a V\u00e1s\u00e1rl\u00f3\u00e9. Nem ker\u00fcl harmadik f\u00e9lhez \u00e9s a dekor\u00e1ci\u00f3 nyomtat\u00e1sa ut\u00e1n t\u00f6rl\u00e9sre ker\u00fcl. \n\nAz \u00e1r 1 darab term\u00e9kre vonatkozik.","score":0,"formatted_price":"5 590 Ft","image_url":"https:\/\/www.meska.hu\/img\/product\/small\/h\/e\/hexartdesign_product_371419_250813144336_11954.jpeg","formatted_url":"https:\/\/www.meska.hu\/p3895281-1-db-hatszog-foto-dekoracio-a-te-csaladi-kepeiddel","favourite":false,"in_stock":false,"avatar":"Hexartdesign_avatar_371419_1589358772.jpg","delete_from":0,"is_enhanced_background":false,"is_enhanced":false,"product_selection_started":false,"is_active":true,"image_webp_url":"https:\/\/www.meska.hu\/img\/product\/small\/h\/e\/hexartdesign_product_371419_250813144336_11954.webp"},{"id":"3504849","shop_id":"29709","user_id":"371419","shop_name":"Hexartdesign","shop_zip":"1183","product_code":"3895275","product_name_old":null,"product_name":"16 db-os hatsz\u00f6g fot\u00f3 dekor\u00e1ci\u00f3 a Te csal\u00e1di k\u00e9peiddel","category_string":"Otthon & \u00c9letm\u00f3d, Dekor\u00e1ci\u00f3, K\u00e9p & Falik\u00e9p, T\u00f6bb r\u00e9szes k\u00e9p","technic_string":"Fot\u00f3, grafika, rajz, illusztr\u00e1ci\u00f3","category_1":"813","category_2":"314","category_3":"417","category_4":"1429","merged_category_1":"0","merged_category_2":"0","merged_category_3":"785","technic_1":"483","technic_2":"0","technic_3":"0","color_1":"532","color_2":"0","color_3":"0","product_description_old":null,"product_description":"Hexart Design - Az okos dekor\u00e1ci\u00f3\nNincs sz\u00fcks\u00e9g keretre \/ Kas\u00edrozott habkarton \/ Egy mozdulattal felrakhat\u00f3 \/ B\u0151v\u00edthet\u0151\n\n* * *\nHa t\u00f6bb dekor\u00e1ci\u00f3t is szeretn\u00e9l, akkor \u00e9rdemes szettet v\u00e1s\u00e1rolnod. Min\u00e9l nagyobb a szett darabsz\u00e1ma, ann\u00e1l olcs\u00f3bb egy dekor\u00e1ci\u00f3 \u00e1ra!\n* * *\n\nA kedvezm\u00e9nyes szett aj\u00e1nlatokat az al\u00e1bbi linken tudod megn\u00e9zni:\nhttps:\/\/www.meska.hu\/shop\/Hexartdesign?s=62737&o=legdragabb&p=1\n\nItt a lehet\u0151s\u00e9g hogy kirakd a falra a legkedvesebb csal\u00e1di k\u00e9peidet. Ez nem csup\u00e1n egy egyszer\u0171 fot\u00f3nyomtat\u00e1s, hanem k\u00e9sz dekor\u00e1ci\u00f3s megold\u00e1s, amivel nincs m\u00e1s dolgod csak felrakni a falra. Aj\u00e1nd\u00e9knak is kiv\u00e1l\u00f3.\n\nA hatsz\u00f6g form\u00e1kat v\u00e9gtelen elrendez\u00e9sben felrakhatod. Min\u00e9l t\u00f6bb darabos szettet v\u00e1lasztasz, ann\u00e1l egyedibb mint\u00e1t tudsz kirakni a falra.\n\nMi\u00e9rt \u00e9s milyen alkalomra aj\u00e1nlom?\n- Kar\u00e1csony - kar\u00e1csonyi aj\u00e1nd\u00e9k \u00f6tlet a p\u00e1rod sz\u00e1m\u00e1ra\n- M\u0171termi \/ csal\u00e1di fot\u00f3z\u00e1s - ha r\u00e9szt vett\u00e9l profi m\u0171termi \/ csal\u00e1di fot\u00f3z\u00e1son, akkor az ott k\u00e9sz\u00fclt k\u00e9peidhez a legjobb dekor\u00e1ci\u00f3s megold\u00e1s\n- Esk\u00fcv\u0151, n\u00e1szaj\u00e1nd\u00e9k - az esk\u00fcv\u0151i k\u00e9peid, melyek felid\u00e9zik a nagy nap \u00f6r\u00f6meit\n- \u00c9vfordul\u00f3, valentin nap - eml\u00e9kezetes pillanataitok \u00e9s fontos m\u00e9rf\u00f6ldk\u00f6veitek \u00e9vfordul\u00f3s vagy valentin napi meglepet\u00e9sk\u00e9nt\n- Sz\u00fclet\u00e9snap, n\u00e9vnap - ha egy igaz\u00e1n eredeti \u00e9s szem\u00e9lyes sz\u00fclet\u00e9snapi vagy n\u00e9vnapi aj\u00e1nd\u00e9kot adn\u00e1l\n- Gyermek\u00e1ld\u00e1s - babafot\u00f3k a kisbab\u00e1dr\u00f3l\n- Csal\u00e1di fot\u00f3k - fot\u00f3k amin egy\u00fctt van a csal\u00e1dod, ak\u00e1r otthon vagy utaz\u00e1s, nyaral\u00e1s k\u00f6zben \n- B\u0151v\u00edthet\u0151 megold\u00e1s - ha fot\u00f3s dekor\u00e1ci\u00f3t v\u00e1s\u00e1rolsz t\u0151lem, akkor azt b\u00e1rmikor tov\u00e1bb b\u0151v\u00edtheted \u00fajabb \u00e9s \u00fajabb elemekkel\n\nHogy mit takar az okos dekor\u00e1ci\u00f3?\nA legfontosabb el\u0151nyei, m\u00e1s dekor\u00e1ci\u00f3s megold\u00e1ssal szemben:\n- egy mozdulattal felrakhat\u00f3 b\u00e1rmilyen fel\u00fcletre (falra, szekr\u00e9nyre, \u00fcvegre stb.)\n- nincs sz\u00fcks\u00e9g sz\u00f6gre \u00e9s kalap\u00e1csra a felhelyez\u00e9shez\n- nincsenek tov\u00e1bbi k\u00f6lts\u00e9geid, hiszen nem kell keretet is v\u00e1s\u00e1rolni (egy A4-es k\u00e9p eset\u00e9ben ez keretenk\u00e9nt 2-5 ezer forint is lehet)\n- nyom n\u00e9lk\u00fcl \u00e1thelyezhet\u0151, t\u00f6bbsz\u00f6r is\n\nA k\u00e9pen l\u00e1that\u00f3 kieg\u00e9sz\u00edt\u0151 dekor\u00e1ci\u00f3s k\u00f6rnyezet csak illusztr\u00e1ci\u00f3, ami nem k\u00e9pezi a term\u00e9k r\u00e9sz\u00e9t. A m\u00e9retar\u00e1ny nem felt\u00e9tlen\u00fcl felel meg a val\u00f3s\u00e1gnak. A dekor\u00e1ci\u00f3 pontos m\u00e9ret \u00e9s fel\u00fclet opci\u00f3it az al\u00e1bbi term\u00e9kle\u00edr\u00e1sban l\u00e1thatod.\n\nTerm\u00e9kle\u00edr\u00e1s:\nMin\u0151s\u00e9gi fot\u00f3pap\u00edrra k\u00e9sz\u00fcl\u0151 nyomat, amely egy 5 mm-es vastag, hatsz\u00f6g form\u00e1j\u00fa feh\u00e9r habkartonra van kas\u00edrozva. R\u00f6gz\u00edt\u00e9se speci\u00e1lis ragaszt\u00e1si technol\u00f3gi\u00e1val t\u00f6rt\u00e9nik, amivel a dekor\u00e1ci\u00f3 nyom n\u00e9lk\u00fcl \u00e1thelyezhet\u0151, ak\u00e1r t\u00f6bbsz\u00f6r is.\nEl\u00e9rhet\u0151 az al\u00e1bbi m\u00e9ret \u00e9s fel\u00fclet opci\u00f3kban (a term\u00e9kk\u00e9pek k\u00f6z\u00f6tt megtal\u00e1lod a Norm\u00e1l \u00e9s Nagy verzi\u00f3 m\u00e9retar\u00e1nyos \u00f6sszehasonl\u00edt\u00f3 k\u00e9pet is). A v\u00e1s\u00e1rl\u00e1sn\u00e1l pedig a M\u00e9ret leg\u00f6rd\u00fcl\u0151 men\u00fcben v\u00e1laszthatod majd ki, a Neked szimpatikus verzi\u00f3t.\n- Norm\u00e1l m\u00e9ret (231x200 mm), f\u00e9nyes fel\u00fclettel (alap\u00e1r)\n- Nagy m\u00e9ret (300x260 mm), f\u00e9nyes fel\u00fclettel (fel\u00e1ras opci\u00f3)\n\n\u201e+ Fot\u00f3 szerkeszt\u00e9s\u201d mint v\u00e1laszthat\u00f3 kieg\u00e9sz\u00edt\u0151 jelent\u00e9se:\nAmennyiben + Fot\u00f3 szerkeszt\u00e9st (fel\u00e1ras opci\u00f3) is k\u00e9rsz, akkor az a k\u00f6vetkez\u0151 extr\u00e1kat is tartalmazza:\n- probl\u00e9m\u00e1s k\u00e9pek extra verzi\u00f3inak szerkeszt\u00e9s\u00e9t (nem minden fot\u00f3 kompoz\u00edci\u00f3ja m\u0171k\u00f6dik a hatsz\u00f6g form\u00e1ban, ez\u00e9rt ezekhez a k\u00e9pekhez egy plusz alternat\u00edv v\u00e1ltozatot is k\u00e9sz\u00edtek, ahol a fot\u00f3 jelent\u0151s r\u00e9sze l\u00e1that\u00f3 marad)\n- ak\u00e1r t\u00f6bb k\u00f6r\u00f6s l\u00e1tv\u00e1nyterv egyeztet\u00e9st\n- az egyeztet\u00e9s alatti fot\u00f3csere lehet\u0151s\u00e9g\u00e9t\n- a sz\u00edn, kontraszt, sz\u00ednh\u0151m\u00e9rs\u00e9klet jav\u00edt\u00e1s\u00e1t \u00e9s a nyomtat\u00e1sra optimaliz\u00e1l\u00e1st a m\u00e9g szebb v\u00e9geredm\u00e9ny\u00e9rt\n\nA szerkeszt\u00e9s nem tartalmaz k\u00e9pi elem elt\u00e1vol\u00edt\u00e1st \u00e9s egy\u00e9b \u00f6sszetett retus\u00e1l\u00e1st!\n\nRendel\u00e9s:\nMiut\u00e1n leadtad a rendel\u00e9st, felveszem veled a kapcsolatot emailben. Ezut\u00e1n tudod majd elk\u00fcldeni nekem a fot\u00f3kat (lehet\u0151s\u00e9g szerint a legjobb min\u0151s\u00e9gben). Hamarosan l\u00e1tv\u00e1nytervet k\u00fcld\u00f6k Neked, amit ha elfogadsz k\u00e9sz\u00edtem is.\n\nFot\u00f3 szerz\u0151i jog:\nMinden sz\u00e1momra elk\u00fcld\u00f6tt fot\u00f3 szerz\u0151i joga a V\u00e1s\u00e1rl\u00f3\u00e9. Nem ker\u00fcl harmadik f\u00e9lhez \u00e9s a dekor\u00e1ci\u00f3 nyomtat\u00e1sa ut\u00e1n t\u00f6rl\u00e9sre ker\u00fcl.\n\nAz \u00e1r 16 darab term\u00e9kre vonatkozik.","price":"84000.00","unit":"db","recommended":"0","status":"1","sponsored":"0","exp_notify":"0","own_material":"0","own_material_description_old":null,"own_material_description":"","jury":"0","jury_number":"","product_nature":"","meskaracsony":"0","create_date":"2026-01-11 12:48:36","shelve_id":"62737","image":"hexartdesign_product_371419_250813145046_619132.jpeg","image_width":"480","image_height":"480","image_alt":"16 db-os hatsz\u00f6g fot\u00f3 dekor\u00e1ci\u00f3 a Te csal\u00e1di k\u00e9peiddel, Hexart Design - Az okos dekor\u00e1ci\u00f3\\nNincs sz\u00fcks\u00e9g keretre \/ Kas\u00edrozott habkarton \/ Egy mozdulattal fel..., Meska","image_title":"16 db-os hatsz\u00f6g fot\u00f3 dekor\u00e1ci\u00f3 a Te csal\u00e1di k\u00e9peiddel, Meska","view_count":"4191","favourite_count":"0","trending_score":"0","last2MonthFavouriteCount":"0","promotion":0,"giftcard_accept":"1","creditcard_accept":true,"enhanced_background":"0","domain":"meska","specific_customer_id":null,"specific_customer_name":null,"to_order_product":"1","to_order_product_time":"3","product_different":"quite_different","product_different_description":"A sz\u00ednek minim\u00e1lisan elt\u00e9rhetnek a kijelz\u0151n l\u00e1that\u00f3 sz\u00ednekt\u0151l (mobil kijelz\u0151, monitor stb.)\nAz egyedi szem\u00e9lyre szabott dekor\u00e1ci\u00f3kn\u00e1l v\u00e1ltozik a sz\u00f6veg.","vintage":"0","vintage_category_id":"0","recycled":"0","gemstone_id":"0","customizable":"1","type_category":"physical","zerowaste":"0","postage_price":"1490.00","shop_order":"0","has_category":"1","landing_pages":null,"microdata":{"number":73,"category":""},"title":"16 db-os hatsz\u00f6g fot\u00f3 dekor\u00e1ci\u00f3 a Te csal\u00e1di k\u00e9peiddel","description":"Hexart Design - Az okos dekor\u00e1ci\u00f3\nNincs sz\u00fcks\u00e9g keretre \/ Kas\u00edrozott habkarton \/ Egy mozdulattal felrakhat\u00f3 \/ B\u0151v\u00edthet\u0151\n\n* * *\nHa t\u00f6bb dekor\u00e1ci\u00f3t is szeretn\u00e9l, akkor \u00e9rdemes szettet v\u00e1s\u00e1rolnod. Min\u00e9l nagyobb a szett darabsz\u00e1ma, ann\u00e1l olcs\u00f3bb egy dekor\u00e1ci\u00f3 \u00e1ra!\n* * *\n\nA kedvezm\u00e9nyes szett aj\u00e1nlatokat az al\u00e1bbi linken tudod megn\u00e9zni:\nhttps:\/\/www.meska.hu\/shop\/Hexartdesign?s=62737&o=legdragabb&p=1\n\nItt a lehet\u0151s\u00e9g hogy kirakd a falra a legkedvesebb csal\u00e1di k\u00e9peidet. Ez nem csup\u00e1n egy egyszer\u0171 fot\u00f3nyomtat\u00e1s, hanem k\u00e9sz dekor\u00e1ci\u00f3s megold\u00e1s, amivel nincs m\u00e1s dolgod csak felrakni a falra. Aj\u00e1nd\u00e9knak is kiv\u00e1l\u00f3.\n\nA hatsz\u00f6g form\u00e1kat v\u00e9gtelen elrendez\u00e9sben felrakhatod. Min\u00e9l t\u00f6bb darabos szettet v\u00e1lasztasz, ann\u00e1l egyedibb mint\u00e1t tudsz kirakni a falra.\n\nMi\u00e9rt \u00e9s milyen alkalomra aj\u00e1nlom?\n- Kar\u00e1csony - kar\u00e1csonyi aj\u00e1nd\u00e9k \u00f6tlet a p\u00e1rod sz\u00e1m\u00e1ra\n- M\u0171termi \/ csal\u00e1di fot\u00f3z\u00e1s - ha r\u00e9szt vett\u00e9l profi m\u0171termi \/ csal\u00e1di fot\u00f3z\u00e1son, akkor az ott k\u00e9sz\u00fclt k\u00e9peidhez a legjobb dekor\u00e1ci\u00f3s megold\u00e1s\n- Esk\u00fcv\u0151, n\u00e1szaj\u00e1nd\u00e9k - az esk\u00fcv\u0151i k\u00e9peid, melyek felid\u00e9zik a nagy nap \u00f6r\u00f6meit\n- \u00c9vfordul\u00f3, valentin nap - eml\u00e9kezetes pillanataitok \u00e9s fontos m\u00e9rf\u00f6ldk\u00f6veitek \u00e9vfordul\u00f3s vagy valentin napi meglepet\u00e9sk\u00e9nt\n- Sz\u00fclet\u00e9snap, n\u00e9vnap - ha egy igaz\u00e1n eredeti \u00e9s szem\u00e9lyes sz\u00fclet\u00e9snapi vagy n\u00e9vnapi aj\u00e1nd\u00e9kot adn\u00e1l\n- Gyermek\u00e1ld\u00e1s - babafot\u00f3k a kisbab\u00e1dr\u00f3l\n- Csal\u00e1di fot\u00f3k - fot\u00f3k amin egy\u00fctt van a csal\u00e1dod, ak\u00e1r otthon vagy utaz\u00e1s, nyaral\u00e1s k\u00f6zben \n- B\u0151v\u00edthet\u0151 megold\u00e1s - ha fot\u00f3s dekor\u00e1ci\u00f3t v\u00e1s\u00e1rolsz t\u0151lem, akkor azt b\u00e1rmikor tov\u00e1bb b\u0151v\u00edtheted \u00fajabb \u00e9s \u00fajabb elemekkel\n\nHogy mit takar az okos dekor\u00e1ci\u00f3?\nA legfontosabb el\u0151nyei, m\u00e1s dekor\u00e1ci\u00f3s megold\u00e1ssal szemben:\n- egy mozdulattal felrakhat\u00f3 b\u00e1rmilyen fel\u00fcletre (falra, szekr\u00e9nyre, \u00fcvegre stb.)\n- nincs sz\u00fcks\u00e9g sz\u00f6gre \u00e9s kalap\u00e1csra a felhelyez\u00e9shez\n- nincsenek tov\u00e1bbi k\u00f6lts\u00e9geid, hiszen nem kell keretet is v\u00e1s\u00e1rolni (egy A4-es k\u00e9p eset\u00e9ben ez keretenk\u00e9nt 2-5 ezer forint is lehet)\n- nyom n\u00e9lk\u00fcl \u00e1thelyezhet\u0151, t\u00f6bbsz\u00f6r is\n\nA k\u00e9pen l\u00e1that\u00f3 kieg\u00e9sz\u00edt\u0151 dekor\u00e1ci\u00f3s k\u00f6rnyezet csak illusztr\u00e1ci\u00f3, ami nem k\u00e9pezi a term\u00e9k r\u00e9sz\u00e9t. A m\u00e9retar\u00e1ny nem felt\u00e9tlen\u00fcl felel meg a val\u00f3s\u00e1gnak. A dekor\u00e1ci\u00f3 pontos m\u00e9ret \u00e9s fel\u00fclet opci\u00f3it az al\u00e1bbi term\u00e9kle\u00edr\u00e1sban l\u00e1thatod.\n\nTerm\u00e9kle\u00edr\u00e1s:\nMin\u0151s\u00e9gi fot\u00f3pap\u00edrra k\u00e9sz\u00fcl\u0151 nyomat, amely egy 5 mm-es vastag, hatsz\u00f6g form\u00e1j\u00fa feh\u00e9r habkartonra van kas\u00edrozva. R\u00f6gz\u00edt\u00e9se speci\u00e1lis ragaszt\u00e1si technol\u00f3gi\u00e1val t\u00f6rt\u00e9nik, amivel a dekor\u00e1ci\u00f3 nyom n\u00e9lk\u00fcl \u00e1thelyezhet\u0151, ak\u00e1r t\u00f6bbsz\u00f6r is.\nEl\u00e9rhet\u0151 az al\u00e1bbi m\u00e9ret \u00e9s fel\u00fclet opci\u00f3kban (a term\u00e9kk\u00e9pek k\u00f6z\u00f6tt megtal\u00e1lod a Norm\u00e1l \u00e9s Nagy verzi\u00f3 m\u00e9retar\u00e1nyos \u00f6sszehasonl\u00edt\u00f3 k\u00e9pet is). A v\u00e1s\u00e1rl\u00e1sn\u00e1l pedig a M\u00e9ret leg\u00f6rd\u00fcl\u0151 men\u00fcben v\u00e1laszthatod majd ki, a Neked szimpatikus verzi\u00f3t.\n- Norm\u00e1l m\u00e9ret (231x200 mm), f\u00e9nyes fel\u00fclettel (alap\u00e1r)\n- Nagy m\u00e9ret (300x260 mm), f\u00e9nyes fel\u00fclettel (fel\u00e1ras opci\u00f3)\n\n\u201e+ Fot\u00f3 szerkeszt\u00e9s\u201d mint v\u00e1laszthat\u00f3 kieg\u00e9sz\u00edt\u0151 jelent\u00e9se:\nAmennyiben + Fot\u00f3 szerkeszt\u00e9st (fel\u00e1ras opci\u00f3) is k\u00e9rsz, akkor az a k\u00f6vetkez\u0151 extr\u00e1kat is tartalmazza:\n- probl\u00e9m\u00e1s k\u00e9pek extra verzi\u00f3inak szerkeszt\u00e9s\u00e9t (nem minden fot\u00f3 kompoz\u00edci\u00f3ja m\u0171k\u00f6dik a hatsz\u00f6g form\u00e1ban, ez\u00e9rt ezekhez a k\u00e9pekhez egy plusz alternat\u00edv v\u00e1ltozatot is k\u00e9sz\u00edtek, ahol a fot\u00f3 jelent\u0151s r\u00e9sze l\u00e1that\u00f3 marad)\n- ak\u00e1r t\u00f6bb k\u00f6r\u00f6s l\u00e1tv\u00e1nyterv egyeztet\u00e9st\n- az egyeztet\u00e9s alatti fot\u00f3csere lehet\u0151s\u00e9g\u00e9t\n- a sz\u00edn, kontraszt, sz\u00ednh\u0151m\u00e9rs\u00e9klet jav\u00edt\u00e1s\u00e1t \u00e9s a nyomtat\u00e1sra optimaliz\u00e1l\u00e1st a m\u00e9g szebb v\u00e9geredm\u00e9ny\u00e9rt\n\nA szerkeszt\u00e9s nem tartalmaz k\u00e9pi elem elt\u00e1vol\u00edt\u00e1st \u00e9s egy\u00e9b \u00f6sszetett retus\u00e1l\u00e1st!\n\nRendel\u00e9s:\nMiut\u00e1n leadtad a rendel\u00e9st, felveszem veled a kapcsolatot emailben. Ezut\u00e1n tudod majd elk\u00fcldeni nekem a fot\u00f3kat (lehet\u0151s\u00e9g szerint a legjobb min\u0151s\u00e9gben). Hamarosan l\u00e1tv\u00e1nytervet k\u00fcld\u00f6k Neked, amit ha elfogadsz k\u00e9sz\u00edtem is.\n\nFot\u00f3 szerz\u0151i jog:\nMinden sz\u00e1momra elk\u00fcld\u00f6tt fot\u00f3 szerz\u0151i joga a V\u00e1s\u00e1rl\u00f3\u00e9. Nem ker\u00fcl harmadik f\u00e9lhez \u00e9s a dekor\u00e1ci\u00f3 nyomtat\u00e1sa ut\u00e1n t\u00f6rl\u00e9sre ker\u00fcl.\n\nAz \u00e1r 16 darab term\u00e9kre vonatkozik.","score":0,"formatted_price":"84 000 Ft","image_url":"https:\/\/www.meska.hu\/img\/product\/small\/h\/e\/hexartdesign_product_371419_250813145046_619132.jpeg","formatted_url":"https:\/\/www.meska.hu\/p3895275-16-db-os-hatszog-foto-dekoracio-a-te-csaladi-kepeiddel","favourite":false,"in_stock":false,"avatar":"Hexartdesign_avatar_371419_1589358772.jpg","delete_from":0,"is_enhanced_background":false,"is_enhanced":false,"product_selection_started":false,"is_active":true,"image_webp_url":"https:\/\/www.meska.hu\/img\/product\/small\/h\/e\/hexartdesign_product_371419_250813145046_619132.webp"},{"id":"3410944","shop_id":"29709","user_id":"371419","shop_name":"Hexartdesign","shop_zip":"1183","product_code":"4306614","product_name_old":null,"product_name":"Hexart Wild fali dekor\u00e1ci\u00f3 - feh\u00e9r tigris","category_string":"Otthon & \u00c9letm\u00f3d, Dekor\u00e1ci\u00f3, K\u00e9p & Falik\u00e9p, T\u00f6bb r\u00e9szes k\u00e9p","technic_string":"Fot\u00f3, grafika, rajz, illusztr\u00e1ci\u00f3","category_1":"813","category_2":"314","category_3":"417","category_4":"1429","merged_category_1":"0","merged_category_2":"0","merged_category_3":"785","technic_1":"483","technic_2":"0","technic_3":"0","color_1":"519","color_2":"521","color_3":"527","product_description_old":null,"product_description":"Hexart Design - Az okos dekor\u00e1ci\u00f3\nNincs sz\u00fcks\u00e9g keretre \/ Kas\u00edrozott habkarton \/ Egy mozdulattal felrakhat\u00f3\n\nModern, divatos \u00e9s trendi hatsz\u00f6g dekor\u00e1ci\u00f3 modern art deco st\u00edlusban. A dekor\u00e1ci\u00f3 7 elemb\u0151l \u00e1ll, ahogy a k\u00e9pen is l\u00e1thatod. Dekor\u00e1lhatod vele a nappalit, a h\u00e1l\u00f3szob\u00e1t, az irod\u00e1t vagy ak\u00e1r a gyermekszob\u00e1t is d\u00edsz\u00edtheted vele. A \u201eHexart Wild\u201d tigrises design el\u00e9rhet\u0151 v\u00f6r\u00f6s tigrises v\u00e1ltozatban is az al\u00e1bbi linken:\nhttps:\/\/www.meska.hu\/shop\/Hexartdesign?s=64873\n\nHogy mit takar az okos dekor\u00e1ci\u00f3?\n\nA legfontosabb el\u0151nyei, m\u00e1s dekor\u00e1ci\u00f3s megold\u00e1ssal szemben:\n- egy mozdulattal felrakhat\u00f3 b\u00e1rmilyen fel\u00fcletre (falra, szekr\u00e9nyre, \u00fcvegre stb )\n- nincs sz\u00fcks\u00e9g sz\u00f6gre \u00e9s kalap\u00e1csra a felhelyez\u00e9shez\n- nincsenek tov\u00e1bbi k\u00f6lts\u00e9geid, hiszen nem kell keretet is v\u00e1s\u00e1rolni\n- nyom n\u00e9lk\u00fcl \u00e1thelyezhet\u0151, t\u00f6bbsz\u00f6r is\n\nA k\u00e9pen l\u00e1that\u00f3 kieg\u00e9sz\u00edt\u0151 dekor\u00e1ci\u00f3s k\u00f6rnyezet csak illusztr\u00e1ci\u00f3, ami nem k\u00e9pezi a term\u00e9k r\u00e9sz\u00e9t. A m\u00e9retar\u00e1ny nem felt\u00e9tlen\u00fcl felel meg a val\u00f3s\u00e1gnak. A pontos m\u00e9retet a term\u00e9kle\u00edr\u00e1sban l\u00e1thatod:\n\nTerm\u00e9kle\u00edr\u00e1s:\nA dekor\u00e1ci\u00f3 7 db hatsz\u00f6g elemb\u0151l \u00e1ll. A teljes m\u00e9ret ~2 cm-es h\u00e9zagokkal ~61x64 cm, ahol egy hatsz\u00f6g elem m\u00e9rete 231x200 mm. A fel\u00fclet matt (de lehet f\u00e9nyes is fel\u00e1ras opci\u00f3k\u00e9nt). Lehet\u0151s\u00e9ged van Nagy m\u00e9retet is k\u00e9rni (fel\u00e1ras opci\u00f3k\u00e9nt), ami ~80x83 cm \u00e9s f\u00e9nyes fel\u00fclet\u0171 (amiben egy elem 300x260 mm).\n\nMin\u0151s\u00e9gi fot\u00f3pap\u00edrra k\u00e9sz\u00fcl\u0151 nyomat, amely egy 5 mm-es vastag, hatsz\u00f6g form\u00e1j\u00fa feh\u00e9r habkartonra van kas\u00edrozva. R\u00f6gz\u00edt\u00e9se speci\u00e1lis ragaszt\u00e1si technol\u00f3gi\u00e1val t\u00f6rt\u00e9nik, amivel a dekor\u00e1ci\u00f3 nyom n\u00e9lk\u00fcl \u00e1thelyezhet\u0151, ak\u00e1r t\u00f6bbsz\u00f6r is.\nEl\u00e9rhet\u0151 az al\u00e1bbi m\u00e9ret \u00e9s fel\u00fclet opci\u00f3kban (a term\u00e9kk\u00e9pek k\u00f6z\u00f6tt megtal\u00e1lod egy hatsz\u00f6g elem Norm\u00e1l \u00e9s Nagy verzi\u00f3j\u00e1nak m\u00e9retar\u00e1nyos \u00f6sszehasonl\u00edt\u00f3 k\u00e9pet is). A v\u00e1s\u00e1rl\u00e1sn\u00e1l pedig a M\u00e9ret leg\u00f6rd\u00fcl\u0151 men\u00fcben v\u00e1laszthatod majd ki, a Neked szimpatikus verzi\u00f3t.\n- Norm\u00e1l m\u00e9ret (~61x64 cm), matt fel\u00fclettel (alap\u00e1r)\n- Norm\u00e1l m\u00e9ret (~61x64 cm), f\u00e9nyes fel\u00fclettel (fel\u00e1ras opci\u00f3)\n- Nagy m\u00e9ret (~80x83 cm), f\u00e9nyes fel\u00fclettel (fel\u00e1ras opci\u00f3)\n\nSzerz\u0151i jog:\nA boltomban tal\u00e1lhat\u00f3 \u00f6sszes term\u00e9k a saj\u00e1t alkot\u00e1som \u00e9s szerz\u0151i jog v\u00e9di. Semmilyen form\u00e1ban nem m\u00e1solhat\u00f3, gy\u00e1rthat\u00f3 \u00e9s sokszoros\u00edthat\u00f3.","price":"24990.00","unit":"db","recommended":"0","status":"1","sponsored":"0","exp_notify":"0","own_material":"0","own_material_description_old":null,"own_material_description":"","jury":"0","jury_number":"","product_nature":"","meskaracsony":"0","create_date":"2026-01-08 21:32:18","shelve_id":"64873","image":"hexartdesign_product_371419_211001150002_113718.jpeg","image_width":"480","image_height":"480","image_alt":"Hexart Wild fali dekor\u00e1ci\u00f3 - feh\u00e9r tigris, Hexart Design - Az okos dekor\u00e1ci\u00f3\\nNincs sz\u00fcks\u00e9g keretre \/ Kas\u00edrozott habkarton \/ Egy mozdulattal fel..., Meska","image_title":"Hexart Wild fali dekor\u00e1ci\u00f3 - feh\u00e9r tigris, Meska","view_count":"839","favourite_count":"0","trending_score":"0","last2MonthFavouriteCount":"0","promotion":0,"giftcard_accept":"1","creditcard_accept":true,"enhanced_background":"0","domain":"meska","specific_customer_id":null,"specific_customer_name":null,"to_order_product":"1","to_order_product_time":"3","product_different":"quite_different","product_different_description":"A sz\u00ednek minim\u00e1lisan elt\u00e9rhetnek a kijelz\u0151n l\u00e1that\u00f3 sz\u00ednekt\u0151l (mobil kijelz\u0151, monitor stb.)\nAz egyedi szem\u00e9lyre szabott dekor\u00e1ci\u00f3kn\u00e1l v\u00e1ltozik a sz\u00f6veg.","vintage":"0","vintage_category_id":"0","recycled":"0","gemstone_id":"0","customizable":"0","type_category":"physical","zerowaste":"0","postage_price":"1490.00","shop_order":"0","has_category":"1","landing_pages":null,"microdata":{"number":74,"category":""},"title":"Hexart Wild fali dekor\u00e1ci\u00f3 - feh\u00e9r tigris","description":"Hexart Design - Az okos dekor\u00e1ci\u00f3\nNincs sz\u00fcks\u00e9g keretre \/ Kas\u00edrozott habkarton \/ Egy mozdulattal felrakhat\u00f3\n\nModern, divatos \u00e9s trendi hatsz\u00f6g dekor\u00e1ci\u00f3 modern art deco st\u00edlusban. A dekor\u00e1ci\u00f3 7 elemb\u0151l \u00e1ll, ahogy a k\u00e9pen is l\u00e1thatod. Dekor\u00e1lhatod vele a nappalit, a h\u00e1l\u00f3szob\u00e1t, az irod\u00e1t vagy ak\u00e1r a gyermekszob\u00e1t is d\u00edsz\u00edtheted vele. A \u201eHexart Wild\u201d tigrises design el\u00e9rhet\u0151 v\u00f6r\u00f6s tigrises v\u00e1ltozatban is az al\u00e1bbi linken:\nhttps:\/\/www.meska.hu\/shop\/Hexartdesign?s=64873\n\nHogy mit takar az okos dekor\u00e1ci\u00f3?\n\nA legfontosabb el\u0151nyei, m\u00e1s dekor\u00e1ci\u00f3s megold\u00e1ssal szemben:\n- egy mozdulattal felrakhat\u00f3 b\u00e1rmilyen fel\u00fcletre (falra, szekr\u00e9nyre, \u00fcvegre stb )\n- nincs sz\u00fcks\u00e9g sz\u00f6gre \u00e9s kalap\u00e1csra a felhelyez\u00e9shez\n- nincsenek tov\u00e1bbi k\u00f6lts\u00e9geid, hiszen nem kell keretet is v\u00e1s\u00e1rolni\n- nyom n\u00e9lk\u00fcl \u00e1thelyezhet\u0151, t\u00f6bbsz\u00f6r is\n\nA k\u00e9pen l\u00e1that\u00f3 kieg\u00e9sz\u00edt\u0151 dekor\u00e1ci\u00f3s k\u00f6rnyezet csak illusztr\u00e1ci\u00f3, ami nem k\u00e9pezi a term\u00e9k r\u00e9sz\u00e9t. A m\u00e9retar\u00e1ny nem felt\u00e9tlen\u00fcl felel meg a val\u00f3s\u00e1gnak. A pontos m\u00e9retet a term\u00e9kle\u00edr\u00e1sban l\u00e1thatod:\n\nTerm\u00e9kle\u00edr\u00e1s:\nA dekor\u00e1ci\u00f3 7 db hatsz\u00f6g elemb\u0151l \u00e1ll. A teljes m\u00e9ret ~2 cm-es h\u00e9zagokkal ~61x64 cm, ahol egy hatsz\u00f6g elem m\u00e9rete 231x200 mm. A fel\u00fclet matt (de lehet f\u00e9nyes is fel\u00e1ras opci\u00f3k\u00e9nt). Lehet\u0151s\u00e9ged van Nagy m\u00e9retet is k\u00e9rni (fel\u00e1ras opci\u00f3k\u00e9nt), ami ~80x83 cm \u00e9s f\u00e9nyes fel\u00fclet\u0171 (amiben egy elem 300x260 mm).\n\nMin\u0151s\u00e9gi fot\u00f3pap\u00edrra k\u00e9sz\u00fcl\u0151 nyomat, amely egy 5 mm-es vastag, hatsz\u00f6g form\u00e1j\u00fa feh\u00e9r habkartonra van kas\u00edrozva. R\u00f6gz\u00edt\u00e9se speci\u00e1lis ragaszt\u00e1si technol\u00f3gi\u00e1val t\u00f6rt\u00e9nik, amivel a dekor\u00e1ci\u00f3 nyom n\u00e9lk\u00fcl \u00e1thelyezhet\u0151, ak\u00e1r t\u00f6bbsz\u00f6r is.\nEl\u00e9rhet\u0151 az al\u00e1bbi m\u00e9ret \u00e9s fel\u00fclet opci\u00f3kban (a term\u00e9kk\u00e9pek k\u00f6z\u00f6tt megtal\u00e1lod egy hatsz\u00f6g elem Norm\u00e1l \u00e9s Nagy verzi\u00f3j\u00e1nak m\u00e9retar\u00e1nyos \u00f6sszehasonl\u00edt\u00f3 k\u00e9pet is). A v\u00e1s\u00e1rl\u00e1sn\u00e1l pedig a M\u00e9ret leg\u00f6rd\u00fcl\u0151 men\u00fcben v\u00e1laszthatod majd ki, a Neked szimpatikus verzi\u00f3t.\n- Norm\u00e1l m\u00e9ret (~61x64 cm), matt fel\u00fclettel (alap\u00e1r)\n- Norm\u00e1l m\u00e9ret (~61x64 cm), f\u00e9nyes fel\u00fclettel (fel\u00e1ras opci\u00f3)\n- Nagy m\u00e9ret (~80x83 cm), f\u00e9nyes fel\u00fclettel (fel\u00e1ras opci\u00f3)\n\nSzerz\u0151i jog:\nA boltomban tal\u00e1lhat\u00f3 \u00f6sszes term\u00e9k a saj\u00e1t alkot\u00e1som \u00e9s szerz\u0151i jog v\u00e9di. Semmilyen form\u00e1ban nem m\u00e1solhat\u00f3, gy\u00e1rthat\u00f3 \u00e9s sokszoros\u00edthat\u00f3.","score":0,"formatted_price":"24 990 Ft","image_url":"https:\/\/www.meska.hu\/img\/product\/small\/h\/e\/hexartdesign_product_371419_211001150002_113718.jpeg","formatted_url":"https:\/\/www.meska.hu\/p4306614-hexart-wild-fali-dekoracio-feher-tigris","favourite":false,"in_stock":false,"avatar":"Hexartdesign_avatar_371419_1589358772.jpg","delete_from":0,"is_enhanced_background":false,"is_enhanced":false,"product_selection_started":false,"is_active":true,"image_webp_url":"https:\/\/www.meska.hu\/img\/product\/small\/h\/e\/hexartdesign_product_371419_211001150002_113718.webp"},{"id":"3410952","shop_id":"29709","user_id":"371419","shop_name":"Hexartdesign","shop_zip":"1183","product_code":"4306608","product_name_old":null,"product_name":"Hexart Wild fali dekor\u00e1ci\u00f3 - tigris","category_string":"Otthon & \u00c9letm\u00f3d, Dekor\u00e1ci\u00f3, K\u00e9p & Falik\u00e9p, T\u00f6bb r\u00e9szes k\u00e9p","technic_string":"Fot\u00f3, grafika, rajz, illusztr\u00e1ci\u00f3","category_1":"813","category_2":"314","category_3":"417","category_4":"1429","merged_category_1":"0","merged_category_2":"0","merged_category_3":"785","technic_1":"483","technic_2":"0","technic_3":"0","color_1":"568","color_2":"529","color_3":"0","product_description_old":null,"product_description":"Hexart Design - Az okos dekor\u00e1ci\u00f3\nNincs sz\u00fcks\u00e9g keretre \/ Kas\u00edrozott habkarton \/ Egy mozdulattal felrakhat\u00f3\n\nModern, divatos \u00e9s trendi hatsz\u00f6g dekor\u00e1ci\u00f3 modern art deco st\u00edlusban. A dekor\u00e1ci\u00f3 7 elemb\u0151l \u00e1ll, ahogy a k\u00e9pen is l\u00e1thatod. Dekor\u00e1lhatod vele a nappalit, a h\u00e1l\u00f3szob\u00e1t, az irod\u00e1t vagy ak\u00e1r a gyermekszob\u00e1t is d\u00edsz\u00edtheted vele. A \u201eHexart Wild\u201d tigrises design el\u00e9rhet\u0151 feh\u00e9r tigrises v\u00e1ltozatban is az al\u00e1bbi linken:\nhttps:\/\/www.meska.hu\/shop\/Hexartdesign?s=64873\n\nHogy mit takar az okos dekor\u00e1ci\u00f3?\n\nA legfontosabb el\u0151nyei, m\u00e1s dekor\u00e1ci\u00f3s megold\u00e1ssal szemben:\n- egy mozdulattal felrakhat\u00f3 b\u00e1rmilyen fel\u00fcletre (falra, szekr\u00e9nyre, \u00fcvegre stb )\n- nincs sz\u00fcks\u00e9g sz\u00f6gre \u00e9s kalap\u00e1csra a felhelyez\u00e9shez\n- nincsenek tov\u00e1bbi k\u00f6lts\u00e9geid, hiszen nem kell keretet is v\u00e1s\u00e1rolni\n- nyom n\u00e9lk\u00fcl \u00e1thelyezhet\u0151, t\u00f6bbsz\u00f6r is\n\nA k\u00e9pen l\u00e1that\u00f3 kieg\u00e9sz\u00edt\u0151 dekor\u00e1ci\u00f3s k\u00f6rnyezet csak illusztr\u00e1ci\u00f3, ami nem k\u00e9pezi a term\u00e9k r\u00e9sz\u00e9t. A m\u00e9retar\u00e1ny nem felt\u00e9tlen\u00fcl felel meg a val\u00f3s\u00e1gnak. A pontos m\u00e9retet a term\u00e9kle\u00edr\u00e1sban l\u00e1thatod:\n\nTerm\u00e9kle\u00edr\u00e1s:\nA dekor\u00e1ci\u00f3 7 db hatsz\u00f6g elemb\u0151l \u00e1ll. A teljes m\u00e9ret ~2 cm-es h\u00e9zagokkal ~61x64 cm, ahol egy hatsz\u00f6g elem m\u00e9rete 231x200 mm. A fel\u00fclet matt (de lehet f\u00e9nyes is fel\u00e1ras opci\u00f3k\u00e9nt). Lehet\u0151s\u00e9ged van Nagy m\u00e9retet is k\u00e9rni (fel\u00e1ras opci\u00f3k\u00e9nt), ami ~80x83 cm \u00e9s f\u00e9nyes fel\u00fclet\u0171 (amiben egy elem 300x260 mm).\n\nMin\u0151s\u00e9gi fot\u00f3pap\u00edrra k\u00e9sz\u00fcl\u0151 nyomat, amely egy 5 mm-es vastag, hatsz\u00f6g form\u00e1j\u00fa feh\u00e9r habkartonra van kas\u00edrozva. R\u00f6gz\u00edt\u00e9se speci\u00e1lis ragaszt\u00e1si technol\u00f3gi\u00e1val t\u00f6rt\u00e9nik, amivel a dekor\u00e1ci\u00f3 nyom n\u00e9lk\u00fcl \u00e1thelyezhet\u0151, ak\u00e1r t\u00f6bbsz\u00f6r is.\nEl\u00e9rhet\u0151 az al\u00e1bbi m\u00e9ret \u00e9s fel\u00fclet opci\u00f3kban (a term\u00e9kk\u00e9pek k\u00f6z\u00f6tt megtal\u00e1lod egy hatsz\u00f6g elem Norm\u00e1l \u00e9s Nagy verzi\u00f3j\u00e1nak m\u00e9retar\u00e1nyos \u00f6sszehasonl\u00edt\u00f3 k\u00e9pet is). A v\u00e1s\u00e1rl\u00e1sn\u00e1l pedig a M\u00e9ret leg\u00f6rd\u00fcl\u0151 men\u00fcben v\u00e1laszthatod majd ki, a Neked szimpatikus verzi\u00f3t.\n- Norm\u00e1l m\u00e9ret (~61x64 cm), matt fel\u00fclettel (alap\u00e1r)\n- Norm\u00e1l m\u00e9ret (~61x64 cm), f\u00e9nyes fel\u00fclettel (fel\u00e1ras opci\u00f3)\n- Nagy m\u00e9ret (~80x83 cm), f\u00e9nyes fel\u00fclettel (fel\u00e1ras opci\u00f3)\n\nSzerz\u0151i jog:\nA boltomban tal\u00e1lhat\u00f3 \u00f6sszes term\u00e9k a saj\u00e1t alkot\u00e1som \u00e9s szerz\u0151i jog v\u00e9di. Semmilyen form\u00e1ban nem m\u00e1solhat\u00f3, gy\u00e1rthat\u00f3 \u00e9s sokszoros\u00edthat\u00f3.","price":"24990.00","unit":"db","recommended":"0","status":"1","sponsored":"0","exp_notify":"0","own_material":"0","own_material_description_old":null,"own_material_description":"","jury":"0","jury_number":"","product_nature":"","meskaracsony":"0","create_date":"2026-01-08 21:32:15","shelve_id":"64873","image":"hexartdesign_product_371419_211001144754_954786.jpeg","image_width":"480","image_height":"480","image_alt":"Hexart Wild fali dekor\u00e1ci\u00f3 - tigris, Hexart Design - Az okos dekor\u00e1ci\u00f3\\nNincs sz\u00fcks\u00e9g keretre \/ Kas\u00edrozott habkarton \/ Egy mozdulattal fel..., Meska","image_title":"Hexart Wild fali dekor\u00e1ci\u00f3 - tigris, Meska","view_count":"946","favourite_count":"0","trending_score":"0","last2MonthFavouriteCount":"0","promotion":0,"giftcard_accept":"1","creditcard_accept":true,"enhanced_background":"0","domain":"meska","specific_customer_id":null,"specific_customer_name":null,"to_order_product":"1","to_order_product_time":"3","product_different":"quite_different","product_different_description":"A sz\u00ednek minim\u00e1lisan elt\u00e9rhetnek a kijelz\u0151n l\u00e1that\u00f3 sz\u00ednekt\u0151l (mobil kijelz\u0151, monitor stb.)\nAz egyedi szem\u00e9lyre szabott dekor\u00e1ci\u00f3kn\u00e1l v\u00e1ltozik a sz\u00f6veg.","vintage":"0","vintage_category_id":"0","recycled":"0","gemstone_id":"0","customizable":"0","type_category":"physical","zerowaste":"0","postage_price":"1490.00","shop_order":"0","has_category":"1","landing_pages":null,"microdata":{"number":75,"category":""},"title":"Hexart Wild fali dekor\u00e1ci\u00f3 - tigris","description":"Hexart Design - Az okos dekor\u00e1ci\u00f3\nNincs sz\u00fcks\u00e9g keretre \/ Kas\u00edrozott habkarton \/ Egy mozdulattal felrakhat\u00f3\n\nModern, divatos \u00e9s trendi hatsz\u00f6g dekor\u00e1ci\u00f3 modern art deco st\u00edlusban. A dekor\u00e1ci\u00f3 7 elemb\u0151l \u00e1ll, ahogy a k\u00e9pen is l\u00e1thatod. Dekor\u00e1lhatod vele a nappalit, a h\u00e1l\u00f3szob\u00e1t, az irod\u00e1t vagy ak\u00e1r a gyermekszob\u00e1t is d\u00edsz\u00edtheted vele. A \u201eHexart Wild\u201d tigrises design el\u00e9rhet\u0151 feh\u00e9r tigrises v\u00e1ltozatban is az al\u00e1bbi linken:\nhttps:\/\/www.meska.hu\/shop\/Hexartdesign?s=64873\n\nHogy mit takar az okos dekor\u00e1ci\u00f3?\n\nA legfontosabb el\u0151nyei, m\u00e1s dekor\u00e1ci\u00f3s megold\u00e1ssal szemben:\n- egy mozdulattal felrakhat\u00f3 b\u00e1rmilyen fel\u00fcletre (falra, szekr\u00e9nyre, \u00fcvegre stb )\n- nincs sz\u00fcks\u00e9g sz\u00f6gre \u00e9s kalap\u00e1csra a felhelyez\u00e9shez\n- nincsenek tov\u00e1bbi k\u00f6lts\u00e9geid, hiszen nem kell keretet is v\u00e1s\u00e1rolni\n- nyom n\u00e9lk\u00fcl \u00e1thelyezhet\u0151, t\u00f6bbsz\u00f6r is\n\nA k\u00e9pen l\u00e1that\u00f3 kieg\u00e9sz\u00edt\u0151 dekor\u00e1ci\u00f3s k\u00f6rnyezet csak illusztr\u00e1ci\u00f3, ami nem k\u00e9pezi a term\u00e9k r\u00e9sz\u00e9t. A m\u00e9retar\u00e1ny nem felt\u00e9tlen\u00fcl felel meg a val\u00f3s\u00e1gnak. A pontos m\u00e9retet a term\u00e9kle\u00edr\u00e1sban l\u00e1thatod:\n\nTerm\u00e9kle\u00edr\u00e1s:\nA dekor\u00e1ci\u00f3 7 db hatsz\u00f6g elemb\u0151l \u00e1ll. A teljes m\u00e9ret ~2 cm-es h\u00e9zagokkal ~61x64 cm, ahol egy hatsz\u00f6g elem m\u00e9rete 231x200 mm. A fel\u00fclet matt (de lehet f\u00e9nyes is fel\u00e1ras opci\u00f3k\u00e9nt). Lehet\u0151s\u00e9ged van Nagy m\u00e9retet is k\u00e9rni (fel\u00e1ras opci\u00f3k\u00e9nt), ami ~80x83 cm \u00e9s f\u00e9nyes fel\u00fclet\u0171 (amiben egy elem 300x260 mm).\n\nMin\u0151s\u00e9gi fot\u00f3pap\u00edrra k\u00e9sz\u00fcl\u0151 nyomat, amely egy 5 mm-es vastag, hatsz\u00f6g form\u00e1j\u00fa feh\u00e9r habkartonra van kas\u00edrozva. R\u00f6gz\u00edt\u00e9se speci\u00e1lis ragaszt\u00e1si technol\u00f3gi\u00e1val t\u00f6rt\u00e9nik, amivel a dekor\u00e1ci\u00f3 nyom n\u00e9lk\u00fcl \u00e1thelyezhet\u0151, ak\u00e1r t\u00f6bbsz\u00f6r is.\nEl\u00e9rhet\u0151 az al\u00e1bbi m\u00e9ret \u00e9s fel\u00fclet opci\u00f3kban (a term\u00e9kk\u00e9pek k\u00f6z\u00f6tt megtal\u00e1lod egy hatsz\u00f6g elem Norm\u00e1l \u00e9s Nagy verzi\u00f3j\u00e1nak m\u00e9retar\u00e1nyos \u00f6sszehasonl\u00edt\u00f3 k\u00e9pet is). A v\u00e1s\u00e1rl\u00e1sn\u00e1l pedig a M\u00e9ret leg\u00f6rd\u00fcl\u0151 men\u00fcben v\u00e1laszthatod majd ki, a Neked szimpatikus verzi\u00f3t.\n- Norm\u00e1l m\u00e9ret (~61x64 cm), matt fel\u00fclettel (alap\u00e1r)\n- Norm\u00e1l m\u00e9ret (~61x64 cm), f\u00e9nyes fel\u00fclettel (fel\u00e1ras opci\u00f3)\n- Nagy m\u00e9ret (~80x83 cm), f\u00e9nyes fel\u00fclettel (fel\u00e1ras opci\u00f3)\n\nSzerz\u0151i jog:\nA boltomban tal\u00e1lhat\u00f3 \u00f6sszes term\u00e9k a saj\u00e1t alkot\u00e1som \u00e9s szerz\u0151i jog v\u00e9di. Semmilyen form\u00e1ban nem m\u00e1solhat\u00f3, gy\u00e1rthat\u00f3 \u00e9s sokszoros\u00edthat\u00f3.","score":0,"formatted_price":"24 990 Ft","image_url":"https:\/\/www.meska.hu\/img\/product\/small\/h\/e\/hexartdesign_product_371419_211001144754_954786.jpeg","formatted_url":"https:\/\/www.meska.hu\/p4306608-hexart-wild-fali-dekoracio-tigris","favourite":false,"in_stock":false,"avatar":"Hexartdesign_avatar_371419_1589358772.jpg","delete_from":0,"is_enhanced_background":false,"is_enhanced":false,"product_selection_started":false,"is_active":true,"image_webp_url":"https:\/\/www.meska.hu\/img\/product\/small\/h\/e\/hexartdesign_product_371419_211001144754_954786.webp"},{"id":"3189294","shop_id":"24043","user_id":"272819","shop_name":"RRstudio","shop_zip":"1185","product_code":"4743092","product_name_old":null,"product_name":"3 DB-os szett, Vintage Botanikai illusztr\u00e1ci\u00f3, otthoni dekor\u00e1ci\u00f3 falik\u00e9p, KERET N\u00c9LK\u00dcL","category_string":"Otthon & \u00c9letm\u00f3d, Dekor\u00e1ci\u00f3, K\u00e9p & Falik\u00e9p, T\u00f6bb r\u00e9szes k\u00e9p","technic_string":"Fot\u00f3, grafika, rajz, illusztr\u00e1ci\u00f3","category_1":"813","category_2":"314","category_3":"417","category_4":"1429","merged_category_1":null,"merged_category_2":null,"merged_category_3":null,"technic_1":"483","technic_2":"0","technic_3":"0","color_1":"514","color_2":"526","color_3":"529","product_description_old":null,"product_description":"A4 Pap\u00edr Print Nyomtat\u00e1s \n3DB-os SZETT \/ Az \u00e1r 3db pap\u00edr print nyomtat\u00e1sra vonatkozik\n\nBOTANIKAI ILLUSZTR\u00c1CI\u00d3:\nFrancia Lexikonb\u00f3l digitaliz\u00e1lva, grafik\u00e1k 1800-as \u00e9vek elej\u00e9re dat\u00e1l\u00f3dnak. A proced\u00fara jelleg\u00e9b\u0151l fakad\u00f3an k\u00e9rj\u00fck vedd figyelembe, hogy a feliratok nem mindenhol \u00e9lesek, olvashat\u00f3ak a printeken.\n\nA vintage hat\u00e1s\u00e9rt text\u00far\u00e1lt, kr\u00e9mes-t\u00f6rtfeh\u00e9r m\u0171v\u00e9szpap\u00edrra nyomtatunk.\n\n* KIVITELEZ\u00c9S & ELK\u00c9SZ\u00cdT\u00c9S:\nFelszerelt st\u00fadi\u00f3nkban a mi fel\u00fcgyelet\u00fcnk alatt \u00e9s \u00e1ltalunk, saj\u00e1t eszk\u00f6zeinkkel digitaliz\u00e1ljuk, nyomtatjuk, k\u00e9sz\u00edtj\u00fck \u00e9s csomagoljuk k\u00e9peinket.\n\n* KERET N\u00c9LK\u00dcL *\n\n* M\u00c9RET: A4 (210 x 297 mm)\n\nM\u00c1S M\u00c9RETET SZERETN\u00c9L?\nA2-es \u00e9s A3-as m\u00e9reteket megtal\u00e1lod a boltban!\nVagy \u00edrj \u00fczenetet, az \u00e1r m\u00e9rett\u0151l f\u00fcgg\u0151en v\u00e1ltozik.\n\n* ANYAG:\n250g - os textur\u00e1lt nat\u00far\/kr\u00e9m m\u0171v\u00e9szpap\u00edr\n\n* CSOMAGOL\u00c1S:\nKartonnal merev\u00edtve\n\n* FIZET\u00c9S:\nCsakis el\u0151re banki utal\u00e1ssal!\nA v\u00e1s\u00e1rl\u00e1s ut\u00e1n k\u00fcldj\u00fck a t\u00e1j\u00e9koztat\u00f3 emailt a sz\u00fcks\u00e9ges adatokkal\n\n* \u00c1TFUT\u00c1SI ID\u0150:\nkb.: 3 munkanap\n\n* SAJ\u00c1T ELK\u00c9PZEL\u00c9SED VAN?\nEgyedi rendel\u00e9seket is sz\u00edvesen fogadunk.\n\u00cdrj nyugodtan!\n\nA v\u00edzjel leker\u00fcl a k\u00e9sz term\u00e9kr\u0151l, egy\u00e9b keretek, h\u00e1tterek, dekor\u00e1ci\u00f3k csak illusztrat\u00edv jelleget k\u00e9peznek.\n\nSZERZ\u0150I JOG:\n- Minden jog fenntartva\nFelh\u00edjuk figyelmedet, hogy a szerz\u0151i jog minden term\u00e9kre megmarad. ","price":"2900.00","unit":"db","recommended":"0","status":"1","sponsored":"0","exp_notify":"0","own_material":"0","own_material_description_old":null,"own_material_description":"","jury":"0","jury_number":"","product_nature":"","meskaracsony":"0","create_date":"2026-01-08 12:31:03","shelve_id":"64476","image":"rrstudio_product_272819_210111150227_599363.jpeg","image_width":"480","image_height":"288","image_alt":"3 DB-os szett, Vintage Botanikai illusztr\u00e1ci\u00f3, otthoni dekor\u00e1ci\u00f3 falik\u00e9p, KERET N\u00c9LK\u00dcL, A4 Pap\u00edr Print Nyomtat\u00e1s \\n3DB-os SZETT \/ Az \u00e1r 3db pap\u00edr print nyomtat\u00e1sra vonatkozik\\n\\nBOTANIKAI ILL..., Meska","image_title":"3 DB-os szett, Vintage Botanikai illusztr\u00e1ci\u00f3, otthoni dekor\u00e1ci\u00f3 falik\u00e9p, KERET N\u00c9LK\u00dcL, Meska","view_count":"1205","favourite_count":"0","trending_score":"0","last2MonthFavouriteCount":"0","promotion":"0","giftcard_accept":"1","creditcard_accept":false,"enhanced_background":"0","domain":"meska","specific_customer_id":null,"specific_customer_name":null,"to_order_product":"0","to_order_product_time":"0","product_different":null,"product_different_description":"","vintage":"0","vintage_category_id":"0","recycled":"0","gemstone_id":"0","customizable":"0","type_category":"physical","zerowaste":"0","postage_price":"1290.00","shop_order":"0","has_category":"1","landing_pages":null,"microdata":{"number":76,"category":""},"title":"3 DB-os szett, Vintage Botanikai illusztr\u00e1ci\u00f3, otthoni dekor\u00e1ci\u00f3 falik\u00e9p, KERET N\u00c9LK\u00dcL","description":"A4 Pap\u00edr Print Nyomtat\u00e1s \n3DB-os SZETT \/ Az \u00e1r 3db pap\u00edr print nyomtat\u00e1sra vonatkozik\n\nBOTANIKAI ILLUSZTR\u00c1CI\u00d3:\nFrancia Lexikonb\u00f3l digitaliz\u00e1lva, grafik\u00e1k 1800-as \u00e9vek elej\u00e9re dat\u00e1l\u00f3dnak. A proced\u00fara jelleg\u00e9b\u0151l fakad\u00f3an k\u00e9rj\u00fck vedd figyelembe, hogy a feliratok nem mindenhol \u00e9lesek, olvashat\u00f3ak a printeken.\n\nA vintage hat\u00e1s\u00e9rt text\u00far\u00e1lt, kr\u00e9mes-t\u00f6rtfeh\u00e9r m\u0171v\u00e9szpap\u00edrra nyomtatunk.\n\n* KIVITELEZ\u00c9S & ELK\u00c9SZ\u00cdT\u00c9S:\nFelszerelt st\u00fadi\u00f3nkban a mi fel\u00fcgyelet\u00fcnk alatt \u00e9s \u00e1ltalunk, saj\u00e1t eszk\u00f6zeinkkel digitaliz\u00e1ljuk, nyomtatjuk, k\u00e9sz\u00edtj\u00fck \u00e9s csomagoljuk k\u00e9peinket.\n\n* KERET N\u00c9LK\u00dcL *\n\n* M\u00c9RET: A4 (210 x 297 mm)\n\nM\u00c1S M\u00c9RETET SZERETN\u00c9L?\nA2-es \u00e9s A3-as m\u00e9reteket megtal\u00e1lod a boltban!\nVagy \u00edrj \u00fczenetet, az \u00e1r m\u00e9rett\u0151l f\u00fcgg\u0151en v\u00e1ltozik.\n\n* ANYAG:\n250g - os textur\u00e1lt nat\u00far\/kr\u00e9m m\u0171v\u00e9szpap\u00edr\n\n* CSOMAGOL\u00c1S:\nKartonnal merev\u00edtve\n\n* FIZET\u00c9S:\nCsakis el\u0151re banki utal\u00e1ssal!\nA v\u00e1s\u00e1rl\u00e1s ut\u00e1n k\u00fcldj\u00fck a t\u00e1j\u00e9koztat\u00f3 emailt a sz\u00fcks\u00e9ges adatokkal\n\n* \u00c1TFUT\u00c1SI ID\u0150:\nkb.: 3 munkanap\n\n* SAJ\u00c1T ELK\u00c9PZEL\u00c9SED VAN?\nEgyedi rendel\u00e9seket is sz\u00edvesen fogadunk.\n\u00cdrj nyugodtan!\n\nA v\u00edzjel leker\u00fcl a k\u00e9sz term\u00e9kr\u0151l, egy\u00e9b keretek, h\u00e1tterek, dekor\u00e1ci\u00f3k csak illusztrat\u00edv jelleget k\u00e9peznek.\n\nSZERZ\u0150I JOG:\n- Minden jog fenntartva\nFelh\u00edjuk figyelmedet, hogy a szerz\u0151i jog minden term\u00e9kre megmarad. ","score":0,"formatted_price":"2 900 Ft","image_url":"https:\/\/www.meska.hu\/img\/product\/small\/r\/r\/rrstudio_product_272819_210111150227_599363.jpeg","formatted_url":"https:\/\/www.meska.hu\/p4743092-3-db-os-szett-vintage-botanikai-illusztracio-otthoni-dekoracio-falikep-keret-nelkul","favourite":false,"in_stock":true,"avatar":"RRstudio_avatar_272819_1590081778.jpg","delete_from":0,"is_enhanced_background":false,"is_enhanced":false,"product_selection_started":false,"is_active":true,"image_webp_url":"https:\/\/www.meska.hu\/img\/product\/small\/r\/r\/rrstudio_product_272819_210111150227_599363.webp"}],"canonicals":{"canonical":"https:\/\/www.meska.hu\/s\/tobb-reszes-kep\/c-1429"},"seo":{"title":"T\u00f6bbr\u00e9szes falik\u00e9pek - Meska.hu","seoTitle":"T\u00f6bbr\u00e9szes falik\u00e9pek","seoDescription":"T\u00f6bbr\u00e9szes k\u00e9pet vagy t\u00f6bbr\u00e9szes falik\u00e9pet keresel? Akkor j\u00f3 helyen j\u00e1rsz, hiszen a Meska k\u00e9zm\u0171ves, vintage \u00e9s r\u00e9gis\u00e9g piacter\u00e9nek alkot\u00f3i k\u00f6z\u00fcl t\u00f6bben is k\u00e9sz\u00edtenek ilyesmit. A sz\u00e9les v\u00e1laszt\u00e9k mellett lehet\u0151s\u00e9g van egyedi megrendel\u00e9sekre is, teh\u00e1t ha megtetszik egy t\u00f6bbr\u00e9szes k\u00e9p, vagy t\u00f6bbr\u00e9szes falik\u00e9p, nyugodtan \u00edrhatsz az elad\u00f3nak, hogy k\u00e9sz\u00edtse el neked azt szem\u00e9lyre szabva. Ne feledd: a Mesk\u00e1n nem csup\u00e1n k\u00e9zm\u0171ves term\u00e9kek, hanem r\u00e9gis\u00e9gek \u00e9s vintage term\u00e9kek is kaphat\u00f3k, k\u00f6zt\u00fck term\u00e9szetesen rengeteg t\u00f6bbr\u00e9szes k\u00e9p \u00e9s t\u00f6bbr\u00e9szes falik\u00e9p is.","metaDescription":"T\u00f6bb r\u00e9szes k\u00e9pek \u00e9s falik\u00e9pek sz\u00e9les v\u00e1laszt\u00e9kban a Meska k\u00e9zm\u0171ves, vintage \u00e9s r\u00e9gis\u00e9g piacter\u00e9n! Magyar designer alkot\u00e1sok, ak\u00e1r egyedi megrendel\u00e9sre is.","metaNoIndex":0,"metaNoFollow":0,"seoFound":true,"ogImage":"https:\/\/www.meska.hu\/img\/category_seo\/1429-_KRLCV.jpg","canonicals":"https:\/\/www.meska.hu\/s\/tobb-reszes-kep\/c-1429"},"breadcrumb":[{"position":1,"name":"Meska.hu","url":"https:\/\/www.meska.hu","last":false},{"position":2,"name":"Otthon & \u00c9letm\u00f3d","url":"https:\/\/www.meska.hu\/s\/otthon-eletmod\/c-813","last":false},{"position":3,"name":"Dekor\u00e1ci\u00f3","url":"https:\/\/www.meska.hu\/s\/dekoracio\/c-314","last":false},{"position":4,"name":"K\u00e9p & Falik\u00e9p","url":"https:\/\/www.meska.hu\/s\/kep-falikep\/c-417","last":false},{"position":5,"name":"T\u00f6bb r\u00e9szes k\u00e9p","url":"https:\/\/www.meska.hu\/s\/tobb-reszes-kep\/c-1429","last":true}],"h1":"T\u00f6bb r\u00e9szes k\u00e9p","url":{"url":"https:\/\/www.meska.hu\/s\/tobb-reszes-kep\/c-1429","title":"Mind","_debug_":false},"_count_":76}