{"_terms_":{"phrase":"*","category_id":"313","category_ids":"313","technic_id":"478","technics":"478","colors":"532","facets":"n","p":"1","pp":"100","sort_by":"create_date","sort_direction":"desc","product_type":"kezmuves|alapanyag|vintage","session_id":"tqf71l1aeb9o7qqfr05hstpn37"},"total":11,"products":[{"id":"2060871","shop_id":"2446","user_id":"8531","shop_name":"tulipanoskata","shop_zip":"8422","product_code":"3528001","product_name_old":null,"product_name":"Festett faliszekr\u00e9ny","category_string":"Otthon & \u00c9letm\u00f3d, B\u00fator","technic_string":"Famegmunk\u00e1l\u00e1s, Festett t\u00e1rgyak","category_1":"813","category_2":"313","category_3":"0","category_4":"0","merged_category_1":null,"merged_category_2":null,"merged_category_3":null,"technic_1":"478","technic_2":"481","technic_3":"0","color_1":"521","color_2":"523","color_3":"532","product_description_old":null,"product_description":"Festett t\u00e9ka, n\u00e9pm\u0171v\u00e9szeti zs\u0171rizett.\nSaj\u00e1t tervez\u00e9s \u00e9s fest\u00e9s.\nAz 500 Reform\u00e1ci\u00f3 ki\u00e1ll\u00edt\u00e1sra k\u00e9sz\u00edtettem, most elad\u00f3v\u00e1 v\u00e1lt.\nM\u00e9retei:65cmxx49cmx16cm\nBel\u00fcl egy db kivehet\u0151 polc van.\nK\u00e9r\u00e9sre az ajt\u00f3 belsej\u00e9be festhetek nevet, vagy id\u00e9zetet.\nK\u00f6sz\u00f6n\u00f6m, hogy ben\u00e9zt\u00e9l hozz\u00e1m !\n","price":"55000.00","unit":"db","recommended":"0","status":"1","sponsored":"0","exp_notify":"0","own_material":"1","own_material_description_old":null,"own_material_description":"b\u00fator k\u00e9sz\u00edt\u00e9s, fest\u00e9s","jury":"1","jury_number":"HA2235\/2017","product_nature":"","meskaracsony":"0","create_date":"2026-04-17 08:47:52","shelve_id":"17868","image":"tulipanoskata_product_8531_181016220921_646330.jpeg","image_width":"480","image_height":"674","image_alt":"Festett faliszekr\u00e9ny, Festett t\u00e9ka, n\u00e9pm\u0171v\u00e9szeti zs\u0171rizett.\\nSaj\u00e1t tervez\u00e9s \u00e9s fest\u00e9s.\\nAz 500 Reform\u00e1ci\u00f3 ki\u00e1ll\u00edt\u00e1sra k\u00e9sz\u00edt..., Meska","image_title":"Festett faliszekr\u00e9ny, Meska","view_count":"693","favourite_count":"0","trending_score":"0","last2MonthFavouriteCount":"0","promotion":"0","giftcard_accept":"0","creditcard_accept":false,"enhanced_background":"0","domain":"meska","specific_customer_id":null,"specific_customer_name":null,"to_order_product":"0","to_order_product_time":"0","product_different":null,"product_different_description":"","vintage":"0","vintage_category_id":"0","recycled":"0","gemstone_id":"0","customizable":"0","type_category":"physical","zerowaste":"0","postage_price":"3750.00","shop_order":"1","has_category":"1","landing_pages":null,"microdata":{"number":1,"category":""},"title":"Festett faliszekr\u00e9ny","description":"Festett t\u00e9ka, n\u00e9pm\u0171v\u00e9szeti zs\u0171rizett.\nSaj\u00e1t tervez\u00e9s \u00e9s fest\u00e9s.\nAz 500 Reform\u00e1ci\u00f3 ki\u00e1ll\u00edt\u00e1sra k\u00e9sz\u00edtettem, most elad\u00f3v\u00e1 v\u00e1lt.\nM\u00e9retei:65cmxx49cmx16cm\nBel\u00fcl egy db kivehet\u0151 polc van.\nK\u00e9r\u00e9sre az ajt\u00f3 belsej\u00e9be festhetek nevet, vagy id\u00e9zetet.\nK\u00f6sz\u00f6n\u00f6m, hogy ben\u00e9zt\u00e9l hozz\u00e1m !\n","score":0,"formatted_price":"55 000 Ft","image_url":"https:\/\/www.meska.hu\/img\/product\/small\/t\/u\/tulipanoskata_product_8531_181016220921_646330.jpeg","formatted_url":"https:\/\/www.meska.hu\/p3528001-festett-faliszekreny","favourite":false,"in_stock":true,"avatar":"tulipanoskata_avatar_8531_1629975037.jpg","delete_from":0,"is_enhanced_background":false,"is_enhanced":false,"product_selection_started":false,"is_active":true,"image_webp_url":"https:\/\/www.meska.hu\/img\/product\/small\/t\/u\/tulipanoskata_product_8531_181016220921_646330.webp"},{"id":"4733760","shop_id":"40420","user_id":"556913","shop_name":"erdomuhely","shop_zip":"1037","product_code":"4917948","product_name_old":null,"product_name":"Iskol\u00e1s vagy Tan\u00e1r sz\u00e9k","category_string":"Otthon & \u00c9letm\u00f3d, B\u00fator, Sz\u00e9k & Fotel","technic_string":"Famegmunk\u00e1l\u00e1s, Festett t\u00e1rgyak","category_1":"813","category_2":"313","category_3":"559","category_4":"0","merged_category_1":null,"merged_category_2":null,"merged_category_3":null,"technic_1":"478","technic_2":"481","technic_3":"0","color_1":"532","color_2":"534","color_3":"0","product_description_old":null,"product_description":"\u00d6r\u00f6m a tanul\u00e1s egy ilyen sz\u00e9ken! Iskol\u00e1soknak n\u00e9vre sz\u00f3l\u00f3 egyedi mint\u00e1val ell\u00e1tott szem\u00e9lyre sz\u00f3l\u00f3 tanul\u00f3 sz\u00e9k az \u00edr\u00f3asztal mell\u00e9, vagy ak\u00e1r egy nagyon kedves egyedi aj\u00e1nd\u00e9k\u00f6tlet a tan\u00edt\u00f3 n\u00e9niknek az oszt\u00e1lyt\u00f3l. Egyedi mint\u00e1val k\u00e9rhet\u0151, ez esetben a tan\u00edt\u00f3 n\u00e9ni \u00e1ltal tan\u00edtott\/kedvelt dolgokat festem r\u00e1. ","price":"28000.00","unit":"db","recommended":"0","status":"1","sponsored":"0","exp_notify":"0","own_material":"0","own_material_description_old":null,"own_material_description":"","jury":"0","jury_number":"","product_nature":"","meskaracsony":"0","create_date":"2026-03-28 15:43:16","shelve_id":"0","image":"erdomuhely_product_556913_230307144019_63725.jpeg","image_width":"480","image_height":"480","image_alt":"Iskol\u00e1s vagy Tan\u00e1r sz\u00e9k, \u00d6r\u00f6m a tanul\u00e1s egy ilyen sz\u00e9ken! Iskol\u00e1soknak n\u00e9vre sz\u00f3l\u00f3 egyedi mint\u00e1val ell\u00e1tott szem\u00e9lyre sz\u00f3l\u00f3 t..., Meska","image_title":"Iskol\u00e1s vagy Tan\u00e1r sz\u00e9k, Meska","view_count":"1201","favourite_count":"0","trending_score":"0","last2MonthFavouriteCount":"0","promotion":"0","giftcard_accept":"0","creditcard_accept":true,"enhanced_background":"0","domain":"meska","specific_customer_id":null,"specific_customer_name":null,"to_order_product":"1","to_order_product_time":"10","product_different":null,"product_different_description":"","vintage":"0","vintage_category_id":"0","recycled":"0","gemstone_id":"0","customizable":"0","type_category":"physical","zerowaste":"0","postage_price":"3260.00","shop_order":"0","has_category":"1","landing_pages":null,"microdata":{"number":2,"category":""},"title":"Iskol\u00e1s vagy Tan\u00e1r sz\u00e9k","description":"\u00d6r\u00f6m a tanul\u00e1s egy ilyen sz\u00e9ken! Iskol\u00e1soknak n\u00e9vre sz\u00f3l\u00f3 egyedi mint\u00e1val ell\u00e1tott szem\u00e9lyre sz\u00f3l\u00f3 tanul\u00f3 sz\u00e9k az \u00edr\u00f3asztal mell\u00e9, vagy ak\u00e1r egy nagyon kedves egyedi aj\u00e1nd\u00e9k\u00f6tlet a tan\u00edt\u00f3 n\u00e9niknek az oszt\u00e1lyt\u00f3l. Egyedi mint\u00e1val k\u00e9rhet\u0151, ez esetben a tan\u00edt\u00f3 n\u00e9ni \u00e1ltal tan\u00edtott\/kedvelt dolgokat festem r\u00e1. ","score":0,"formatted_price":"28 000 Ft","image_url":"https:\/\/www.meska.hu\/img\/product\/small\/e\/r\/erdomuhely_product_556913_230307144019_63725.jpeg","formatted_url":"https:\/\/www.meska.hu\/p4917948-iskolas-vagy-tanar-szek","favourite":false,"in_stock":false,"avatar":"556913_avatar_1723223200.jpeg","delete_from":0,"is_enhanced_background":false,"is_enhanced":false,"product_selection_started":false,"is_active":true,"image_webp_url":"https:\/\/www.meska.hu\/img\/product\/small\/e\/r\/erdomuhely_product_556913_230307144019_63725.webp"},{"id":"4851979","shop_id":"39808","user_id":"552028","shop_name":"Taramuhelye","shop_zip":"8900","product_code":"4988729","product_name_old":null,"product_name":"Mid century fotel Fel\u00faj\u00edtott","category_string":"Otthon & \u00c9letm\u00f3d, B\u00fator, Sz\u00e9k & Fotel","technic_string":"Famegmunk\u00e1l\u00e1s","category_1":"813","category_2":"313","category_3":"559","category_4":"0","merged_category_1":null,"merged_category_2":null,"merged_category_3":null,"technic_1":"478","technic_2":"0","technic_3":"0","color_1":"532","color_2":"0","color_3":"0","product_description_old":null,"product_description":"Burian Judit ikonikus kagyl\u00f3 fotele az \u00f6tvenes \u00e9vekb\u0151l. K\u00e9t darab is el\u00e9rhet\u0151, gy\u00f6ny\u00f6r\u0171 kagyl\u00f3 form\u00e1j\u00fa fotelek, teljesen fel\u00faj\u00edtva. A fa fel\u00fcletkezel\u00e9se term\u00e9szetes bio olaj- viasz. Sz\u00f6vete min\u0151s\u00e9gi bukl\u00e9 jelleg\u0171 a kor st\u00edlus\u00e1hoz ill\u0151, sz\u00ednes mint\u00e1zat\u00fa. Az \u00fcl\u0151p\u00e1rna megford\u00edthat\u00f3, \u00edgy dupla \u00e9lettartalm\u00fa. Nem kis m\u00e9ret. M\u00e9ret:77-78-72 cm. Budapestre \u00e1tad\u00e1ssal a D\u00e9lin\u00e9l ingyen tudom k\u00fcldeni. \u00dczenetben sz\u00edvesen k\u00fcld\u00f6k t\u00f6bb ,r\u00e9szletesebb fot\u00f3t. ","price":"110000.00","unit":"db","recommended":"0","status":"1","sponsored":"0","exp_notify":"0","own_material":"0","own_material_description_old":null,"own_material_description":"","jury":"0","jury_number":"","product_nature":"","meskaracsony":"0","create_date":"2026-03-04 09:27:52","shelve_id":"0","image":"taramuhelye_product_552028_240713110411_051214.jpeg","image_width":"480","image_height":"626","image_alt":"Mid century fotel Fel\u00faj\u00edtott, Burian Judit ikonikus kagyl\u00f3 fotele az \u00f6tvenes \u00e9vekb\u0151l. K\u00e9t darab is el\u00e9rhet\u0151, gy\u00f6ny\u00f6r\u0171 kagyl\u00f3 form\u00e1..., Meska","image_title":"Mid century fotel Fel\u00faj\u00edtott, Meska","view_count":"784","favourite_count":"0","trending_score":"0","last2MonthFavouriteCount":"0","promotion":0,"giftcard_accept":"0","creditcard_accept":false,"enhanced_background":"0","domain":"meska","specific_customer_id":null,"specific_customer_name":null,"to_order_product":"0","to_order_product_time":"0","product_different":null,"product_different_description":"","vintage":"0","vintage_category_id":"0","recycled":"1","gemstone_id":"0","customizable":"0","type_category":"physical","zerowaste":"0","postage_price":"2390.00","shop_order":"0","has_category":"1","landing_pages":null,"microdata":{"number":3,"category":""},"title":"Mid century fotel Fel\u00faj\u00edtott","description":"Burian Judit ikonikus kagyl\u00f3 fotele az \u00f6tvenes \u00e9vekb\u0151l. K\u00e9t darab is el\u00e9rhet\u0151, gy\u00f6ny\u00f6r\u0171 kagyl\u00f3 form\u00e1j\u00fa fotelek, teljesen fel\u00faj\u00edtva. A fa fel\u00fcletkezel\u00e9se term\u00e9szetes bio olaj- viasz. Sz\u00f6vete min\u0151s\u00e9gi bukl\u00e9 jelleg\u0171 a kor st\u00edlus\u00e1hoz ill\u0151, sz\u00ednes mint\u00e1zat\u00fa. Az \u00fcl\u0151p\u00e1rna megford\u00edthat\u00f3, \u00edgy dupla \u00e9lettartalm\u00fa. Nem kis m\u00e9ret. M\u00e9ret:77-78-72 cm. Budapestre \u00e1tad\u00e1ssal a D\u00e9lin\u00e9l ingyen tudom k\u00fcldeni. \u00dczenetben sz\u00edvesen k\u00fcld\u00f6k t\u00f6bb ,r\u00e9szletesebb fot\u00f3t. ","score":0,"formatted_price":"110 000 Ft","image_url":"https:\/\/www.meska.hu\/img\/product\/small\/t\/a\/taramuhelye_product_552028_240713110411_051214.jpeg","formatted_url":"https:\/\/www.meska.hu\/p4988729-mid-century-fotel-felujitott","favourite":false,"in_stock":true,"avatar":"552028_avatar_1673782385.png","delete_from":0,"is_enhanced_background":false,"is_enhanced":false,"product_selection_started":false,"is_active":true,"image_webp_url":"https:\/\/www.meska.hu\/img\/product\/small\/t\/a\/taramuhelye_product_552028_240713110411_051214.webp"},{"id":"4733652","shop_id":"40420","user_id":"556913","shop_name":"erdomuhely","shop_zip":"1037","product_code":"4917888","product_name_old":null,"product_name":"L\u00e1ny sz\u00e9k zongora \u00e9s vir\u00e1g mint\u00e1val","category_string":"Otthon & \u00c9letm\u00f3d, B\u00fator, Sz\u00e9k & Fotel","technic_string":"Famegmunk\u00e1l\u00e1s, Festett t\u00e1rgyak","category_1":"813","category_2":"313","category_3":"559","category_4":"0","merged_category_1":null,"merged_category_2":null,"merged_category_3":null,"technic_1":"478","technic_2":"481","technic_3":"0","color_1":"521","color_2":"532","color_3":"525","product_description_old":null,"product_description":"N\u00e9vre sz\u00f3l\u00f3, k\u00e9k \u00e9s r\u00f3zsasz\u00edn, madaras-zongor\u00e1s romantikus sz\u00e9k. Egyedi ig\u00e9nyek szerint k\u00e9sz\u00fclt. M\u00e1s sz\u00ednben \u00e9s mint\u00e1val is k\u00e9rhet\u0151. ","price":"30000.00","unit":"db","recommended":"0","status":"1","sponsored":"0","exp_notify":"0","own_material":"0","own_material_description_old":null,"own_material_description":"","jury":"0","jury_number":"","product_nature":"","meskaracsony":"0","create_date":"2026-03-03 09:35:39","shelve_id":"0","image":"erdomuhely_product_556913_230307143105_502426.jpeg","image_width":"480","image_height":"480","image_alt":"L\u00e1ny sz\u00e9k zongora \u00e9s vir\u00e1g mint\u00e1val, N\u00e9vre sz\u00f3l\u00f3, k\u00e9k \u00e9s r\u00f3zsasz\u00edn, madaras-zongor\u00e1s romantikus sz\u00e9k. Egyedi ig\u00e9nyek szerint k\u00e9sz\u00fclt. M\u00e1s..., Meska","image_title":"L\u00e1ny sz\u00e9k zongora \u00e9s vir\u00e1g mint\u00e1val, Meska","view_count":"374","favourite_count":"0","trending_score":"0","last2MonthFavouriteCount":"0","promotion":"0","giftcard_accept":"0","creditcard_accept":true,"enhanced_background":"0","domain":"meska","specific_customer_id":null,"specific_customer_name":null,"to_order_product":"1","to_order_product_time":"10","product_different":null,"product_different_description":"","vintage":"0","vintage_category_id":"0","recycled":"1","gemstone_id":"0","customizable":"0","type_category":"physical","zerowaste":"1","postage_price":"2390.00","shop_order":"0","has_category":"1","landing_pages":null,"microdata":{"number":4,"category":""},"title":"L\u00e1ny sz\u00e9k zongora \u00e9s vir\u00e1g mint\u00e1val","description":"N\u00e9vre sz\u00f3l\u00f3, k\u00e9k \u00e9s r\u00f3zsasz\u00edn, madaras-zongor\u00e1s romantikus sz\u00e9k. Egyedi ig\u00e9nyek szerint k\u00e9sz\u00fclt. M\u00e1s sz\u00ednben \u00e9s mint\u00e1val is k\u00e9rhet\u0151. ","score":0,"formatted_price":"30 000 Ft","image_url":"https:\/\/www.meska.hu\/img\/product\/small\/e\/r\/erdomuhely_product_556913_230307143105_502426.jpeg","formatted_url":"https:\/\/www.meska.hu\/p4917888-lany-szek-zongora-es-virag-mintaval","favourite":false,"in_stock":false,"avatar":"556913_avatar_1723223200.jpeg","delete_from":0,"is_enhanced_background":false,"is_enhanced":false,"product_selection_started":false,"is_active":true,"image_webp_url":"https:\/\/www.meska.hu\/img\/product\/small\/e\/r\/erdomuhely_product_556913_230307143105_502426.webp"},{"id":"4733635","shop_id":"40420","user_id":"556913","shop_name":"erdomuhely","shop_zip":"1037","product_code":"4917878","product_name_old":null,"product_name":"Tanul\u00f3 sz\u00e9k \/ Tan\u00e1r sz\u00e9k","category_string":"Otthon & \u00c9letm\u00f3d, B\u00fator, Sz\u00e9k & Fotel","technic_string":"Famegmunk\u00e1l\u00e1s, Festett t\u00e1rgyak","category_1":"813","category_2":"313","category_3":"559","category_4":"0","merged_category_1":null,"merged_category_2":null,"merged_category_3":null,"technic_1":"478","technic_2":"481","technic_3":"0","color_1":"530","color_2":"532","color_3":"534","product_description_old":null,"product_description":"Massz\u00edv, t\u00f6m\u00f6r f\u00e1b\u00f3l k\u00e9sz\u00fclt, k\u00e9zzel festett, lakkozott sz\u00e9k. A h\u00e1tt\u00e1ml\u00e1ra k\u00edv\u00e1ns\u00e1g szerint felfestem m\u00e9g a j\u00f6vend\u0151 tulajdonos nev\u00e9t. B\u00e1rmelyik gyermeknek jobban megy a tanul\u00e1s egy ilyen egyedi, vid\u00e1m sz\u00e9ken! Sz\u00fclet\u00e9snapra, vagy kar\u00e1csonyi aj\u00e1nd\u00e9kk\u00e9nt is  \nkit\u0171n\u0151 v\u00e1laszt\u00e1s egy kis h\u00f6lgy sz\u00e1m\u00e1ra! De csod\u00e1latos egyedi, kreat\u00edv, maradand\u00f3 aj\u00e1nd\u00e9k lehet p\u00e9ld\u00e1ul egy als\u00f3s tan\u00edt\u00f3 n\u00e9ninek, ha az oszt\u00e1ly k\u00f6z\u00f6sen veszi meg sz\u00e1m\u00e1ra. ","price":"35000.00","unit":"db","recommended":"0","status":"1","sponsored":"0","exp_notify":"0","own_material":"0","own_material_description_old":null,"own_material_description":"","jury":"0","jury_number":"","product_nature":"","meskaracsony":"0","create_date":"2026-03-03 09:35:32","shelve_id":"0","image":"erdomuhely_product_556913_230307143734_774376.jpeg","image_width":"480","image_height":"480","image_alt":"Tanul\u00f3 sz\u00e9k \/ Tan\u00e1r sz\u00e9k, Massz\u00edv, t\u00f6m\u00f6r f\u00e1b\u00f3l k\u00e9sz\u00fclt, k\u00e9zzel festett, lakkozott sz\u00e9k. A h\u00e1tt\u00e1ml\u00e1ra k\u00edv\u00e1ns\u00e1g szerint felfeste..., Meska","image_title":"Tanul\u00f3 sz\u00e9k \/ Tan\u00e1r sz\u00e9k, Meska","view_count":"729","favourite_count":"0","trending_score":"0","last2MonthFavouriteCount":"0","promotion":"0","giftcard_accept":"0","creditcard_accept":true,"enhanced_background":"0","domain":"meska","specific_customer_id":null,"specific_customer_name":null,"to_order_product":"1","to_order_product_time":"15","product_different":null,"product_different_description":"","vintage":"0","vintage_category_id":"0","recycled":"1","gemstone_id":"0","customizable":"1","type_category":"physical","zerowaste":"1","postage_price":"3260.00","shop_order":"0","has_category":"1","landing_pages":null,"microdata":{"number":5,"category":""},"title":"Tanul\u00f3 sz\u00e9k \/ Tan\u00e1r sz\u00e9k","description":"Massz\u00edv, t\u00f6m\u00f6r f\u00e1b\u00f3l k\u00e9sz\u00fclt, k\u00e9zzel festett, lakkozott sz\u00e9k. A h\u00e1tt\u00e1ml\u00e1ra k\u00edv\u00e1ns\u00e1g szerint felfestem m\u00e9g a j\u00f6vend\u0151 tulajdonos nev\u00e9t. B\u00e1rmelyik gyermeknek jobban megy a tanul\u00e1s egy ilyen egyedi, vid\u00e1m sz\u00e9ken! Sz\u00fclet\u00e9snapra, vagy kar\u00e1csonyi aj\u00e1nd\u00e9kk\u00e9nt is  \nkit\u0171n\u0151 v\u00e1laszt\u00e1s egy kis h\u00f6lgy sz\u00e1m\u00e1ra! De csod\u00e1latos egyedi, kreat\u00edv, maradand\u00f3 aj\u00e1nd\u00e9k lehet p\u00e9ld\u00e1ul egy als\u00f3s tan\u00edt\u00f3 n\u00e9ninek, ha az oszt\u00e1ly k\u00f6z\u00f6sen veszi meg sz\u00e1m\u00e1ra. ","score":0,"formatted_price":"35 000 Ft","image_url":"https:\/\/www.meska.hu\/img\/product\/small\/e\/r\/erdomuhely_product_556913_230307143734_774376.jpeg","formatted_url":"https:\/\/www.meska.hu\/p4917878-tanulo-szek-tanar-szek","favourite":false,"in_stock":false,"avatar":"556913_avatar_1723223200.jpeg","delete_from":0,"is_enhanced_background":false,"is_enhanced":false,"product_selection_started":false,"is_active":true,"image_webp_url":"https:\/\/www.meska.hu\/img\/product\/small\/e\/r\/erdomuhely_product_556913_230307143734_774376.webp"},{"id":"5395538","shop_id":"39234","user_id":"535253","shop_name":"KrikszKrakszKreativ","shop_zip":"2049","product_code":"5318248","product_name_old":null,"product_name":"Rusztikus kreat\u00edv fa asztalka","category_string":"Otthon & \u00c9letm\u00f3d, B\u00fator, Asztal","technic_string":"Famegmunk\u00e1l\u00e1s","category_1":"813","category_2":"313","category_3":"558","category_4":"0","merged_category_1":null,"merged_category_2":null,"merged_category_3":null,"technic_1":"478","technic_2":"0","technic_3":"0","color_1":"514","color_2":"515","color_3":"532","product_description_old":null,"product_description":"Az asztalka t\u00f6bbf\u00e9le f\u00e1b\u00f3l k\u00e9sz\u00fclt, a teteje feny\u0151 cseresznyefa berak\u00e1ssal d\u00edsz\u00edtve \u00e9s k\u00e9kesz\u00f6ld sz\u00edn\u0171 epoxi gyant\u00e1val ki\u00f6ntve.  A teteje k\u00f3kuszzs\u00edrral van kezelve, a j\u00f6v\u0151ben is aj\u00e1nlatos id\u0151k\u00f6z\u00f6nk\u00e9nt (a haszn\u00e1latt\u00f3l f\u00fcgg\u0151en) ezzel bekenni.\nA l\u00e1ba lakksprayvel bef\u00fajva. 4 db \u00e1ll\u00edthat\u00f3 l\u00e1b van az alj\u00e1ra szerelve.\nM\u00e9retei: 52 cm magas, a lap 33,5 cm x 39 cm .\nFedett helyen t\u00e1roljuk, ne hagyjuk szabadt\u00e9ren !\n\nAz itt felt\u00fcntetett \u00e1r nem tartalmazza a sz\u00e1ll\u00edt\u00e1s k\u00f6lts\u00e9g\u00e9t, az k\u00fcl\u00f6n megbesz\u00e9l\u00e9s t\u00e1rgya !\nDi\u00f3sd, Budapest, V\u00e1c k\u00f6rny\u00e9k\u00e9n szem\u00e9lyes \u00e1tv\u00e9telre, ill. h\u00e1zhoz sz\u00e1ll\u00edt\u00e1sra is van lehet\u0151s\u00e9g! Adott esetben ingyenesen, vagy benzin\u00e1ron h\u00e1zhoz sz\u00e1ll\u00edtom (el\u0151zetes egyeztet\u00e9s alapj\u00e1n) !\n\n(Figyelem ! A monitoron l\u00e1tott sz\u00edn lehets\u00e9ges, hogy elt\u00e9r az eredeti term\u00e9k sz\u00edn\u00e9t\u0151l a monitor kalibr\u00e1lts\u00e1g\u00e1t\u00f3l f\u00fcgg\u0151en !)\n","price":"39500.00","unit":"db","recommended":"0","status":"1","sponsored":"0","exp_notify":"0","own_material":"0","own_material_description_old":null,"own_material_description":"","jury":"0","jury_number":"","product_nature":"","meskaracsony":"0","create_date":"2026-02-20 09:03:54","shelve_id":"0","image":"krikszkrakszkreativ_product_535253_240703075130_708646.jpeg","image_width":"480","image_height":"480","image_alt":"Rusztikus kreat\u00edv fa asztalka, Az asztalka t\u00f6bbf\u00e9le f\u00e1b\u00f3l k\u00e9sz\u00fclt, a teteje feny\u0151 cseresznyefa berak\u00e1ssal d\u00edsz\u00edtve \u00e9s k\u00e9kesz\u00f6ld sz\u00ed..., Meska","image_title":"Rusztikus kreat\u00edv fa asztalka, Meska","view_count":"623","favourite_count":"0","trending_score":"0","last2MonthFavouriteCount":"0","promotion":"0","giftcard_accept":"0","creditcard_accept":true,"enhanced_background":"0","domain":"meska","specific_customer_id":null,"specific_customer_name":null,"to_order_product":"0","to_order_product_time":"0","product_different":null,"product_different_description":"","vintage":"0","vintage_category_id":"0","recycled":"0","gemstone_id":"0","customizable":"0","type_category":"physical","zerowaste":"0","postage_price":"0.00","shop_order":"0","has_category":"1","landing_pages":null,"microdata":{"number":6,"category":""},"title":"Rusztikus kreat\u00edv fa asztalka","description":"Az asztalka t\u00f6bbf\u00e9le f\u00e1b\u00f3l k\u00e9sz\u00fclt, a teteje feny\u0151 cseresznyefa berak\u00e1ssal d\u00edsz\u00edtve \u00e9s k\u00e9kesz\u00f6ld sz\u00edn\u0171 epoxi gyant\u00e1val ki\u00f6ntve.  A teteje k\u00f3kuszzs\u00edrral van kezelve, a j\u00f6v\u0151ben is aj\u00e1nlatos id\u0151k\u00f6z\u00f6nk\u00e9nt (a haszn\u00e1latt\u00f3l f\u00fcgg\u0151en) ezzel bekenni.\nA l\u00e1ba lakksprayvel bef\u00fajva. 4 db \u00e1ll\u00edthat\u00f3 l\u00e1b van az alj\u00e1ra szerelve.\nM\u00e9retei: 52 cm magas, a lap 33,5 cm x 39 cm .\nFedett helyen t\u00e1roljuk, ne hagyjuk szabadt\u00e9ren !\n\nAz itt felt\u00fcntetett \u00e1r nem tartalmazza a sz\u00e1ll\u00edt\u00e1s k\u00f6lts\u00e9g\u00e9t, az k\u00fcl\u00f6n megbesz\u00e9l\u00e9s t\u00e1rgya !\nDi\u00f3sd, Budapest, V\u00e1c k\u00f6rny\u00e9k\u00e9n szem\u00e9lyes \u00e1tv\u00e9telre, ill. h\u00e1zhoz sz\u00e1ll\u00edt\u00e1sra is van lehet\u0151s\u00e9g! Adott esetben ingyenesen, vagy benzin\u00e1ron h\u00e1zhoz sz\u00e1ll\u00edtom (el\u0151zetes egyeztet\u00e9s alapj\u00e1n) !\n\n(Figyelem ! A monitoron l\u00e1tott sz\u00edn lehets\u00e9ges, hogy elt\u00e9r az eredeti term\u00e9k sz\u00edn\u00e9t\u0151l a monitor kalibr\u00e1lts\u00e1g\u00e1t\u00f3l f\u00fcgg\u0151en !)\n","score":0,"formatted_price":"39 500 Ft","image_url":"https:\/\/www.meska.hu\/img\/product\/small\/k\/r\/krikszkrakszkreativ_product_535253_240703075130_708646.jpeg","formatted_url":"https:\/\/www.meska.hu\/p5318248-faguriga-lab-asztalka","favourite":false,"in_stock":true,"avatar":"535253_avatar_1668938691.jpeg","delete_from":0,"is_enhanced_background":false,"is_enhanced":false,"product_selection_started":false,"is_active":true,"image_webp_url":"https:\/\/www.meska.hu\/img\/product\/small\/k\/r\/krikszkrakszkreativ_product_535253_240703075130_708646.webp"},{"id":"3402692","shop_id":"37545","user_id":"501076","shop_name":"FalaciAnno","shop_zip":"1212","product_code":"4637875","product_name_old":null,"product_name":"Fali ruhaakaszt\u00f3 fogas el\u0151szobafal 67x132cm NR11 Waterfall","category_string":"Otthon & \u00c9letm\u00f3d, B\u00fator, Fogas","technic_string":"Famegmunk\u00e1l\u00e1s, Festett t\u00e1rgyak","category_1":"813","category_2":"313","category_3":"932","category_4":"0","merged_category_1":null,"merged_category_2":null,"merged_category_3":null,"technic_1":"478","technic_2":"481","technic_3":"0","color_1":"519","color_2":"521","color_3":"532","product_description_old":null,"product_description":"Ez a vintage st\u00edlus\u00fa, kifinomultan megtervezett \u00e9s min\u0151s\u00e9gi anyagokb\u00f3l, k\u00e9zzel k\u00e9sz\u00edtett fali ruhaakaszt\u00f3 fogas nem csak praktikus, de karakteres eleme is lehet az el\u0151szob\u00e1nak.\n\nAnyaga borovi feny\u0151, MDF, pap\u00edr\/vlies, f\u00e9m.\nm\u00e9ret: 67x132cm\nmint\u00e1zat: cs\u00edkos \nsz\u00ednek: vil\u00e1gosk\u00e9k, feh\u00e9r \nakaszt\u00f3: antikolt fekete vagy k\u00e9r\u00e9sre ez\u00fcstmet\u00e1l\n\n\nAz otthon st\u00edlusa m\u00e1r az el\u0151szob\u00e1ban kialakul. J\u00f3 \u00fagy haza\u00e9rni, hogy az ajt\u00f3n bel\u00e9pve m\u00e1ris egy st\u00edlusosan berendezett helyis\u00e9gbe l\u00e9p\u00fcnk, amely azt sejteti, hogy a lak\u00e1s t\u00f6bbi r\u00e9sz\u00e9ben is hasonl\u00f3 \u00e9lm\u00e9nyben lesz r\u00e9sz\u00fcnk.","price":"49990.00","unit":"db","recommended":"0","status":"1","sponsored":"0","exp_notify":"0","own_material":"0","own_material_description_old":null,"own_material_description":"","jury":"0","jury_number":"","product_nature":"","meskaracsony":"0","create_date":"2026-02-01 16:33:18","shelve_id":"0","image":"falacianno_product_501076_220522135701_069995.jpeg","image_width":"480","image_height":"480","image_alt":"Fali ruhaakaszt\u00f3 fogas el\u0151szobafal 67x132cm NR11 Waterfall, Ez a vintage st\u00edlus\u00fa, kifinomultan megtervezett \u00e9s min\u0151s\u00e9gi anyagokb\u00f3l, k\u00e9zzel k\u00e9sz\u00edtett fali ruhaak..., Meska","image_title":"Fali ruhaakaszt\u00f3 fogas el\u0151szobafal 67x132cm NR11 Waterfall, Meska","view_count":"1315","favourite_count":"0","trending_score":"0","last2MonthFavouriteCount":"0","promotion":"0","giftcard_accept":"0","creditcard_accept":false,"enhanced_background":"0","domain":"meska","specific_customer_id":null,"specific_customer_name":null,"to_order_product":"1","to_order_product_time":"8","product_different":null,"product_different_description":"","vintage":"1","vintage_category_id":"885","recycled":"0","gemstone_id":"0","customizable":"0","type_category":"physical","zerowaste":"0","postage_price":"3990.00","shop_order":"0","has_category":"1","landing_pages":null,"microdata":{"number":7,"category":""},"title":"Fali ruhaakaszt\u00f3 fogas el\u0151szobafal 67x132cm NR11 Waterfall","description":"Ez a vintage st\u00edlus\u00fa, kifinomultan megtervezett \u00e9s min\u0151s\u00e9gi anyagokb\u00f3l, k\u00e9zzel k\u00e9sz\u00edtett fali ruhaakaszt\u00f3 fogas nem csak praktikus, de karakteres eleme is lehet az el\u0151szob\u00e1nak.\n\nAnyaga borovi feny\u0151, MDF, pap\u00edr\/vlies, f\u00e9m.\nm\u00e9ret: 67x132cm\nmint\u00e1zat: cs\u00edkos \nsz\u00ednek: vil\u00e1gosk\u00e9k, feh\u00e9r \nakaszt\u00f3: antikolt fekete vagy k\u00e9r\u00e9sre ez\u00fcstmet\u00e1l\n\n\nAz otthon st\u00edlusa m\u00e1r az el\u0151szob\u00e1ban kialakul. J\u00f3 \u00fagy haza\u00e9rni, hogy az ajt\u00f3n bel\u00e9pve m\u00e1ris egy st\u00edlusosan berendezett helyis\u00e9gbe l\u00e9p\u00fcnk, amely azt sejteti, hogy a lak\u00e1s t\u00f6bbi r\u00e9sz\u00e9ben is hasonl\u00f3 \u00e9lm\u00e9nyben lesz r\u00e9sz\u00fcnk.","score":0,"formatted_price":"49 990 Ft","image_url":"https:\/\/www.meska.hu\/img\/product\/small\/f\/a\/falacianno_product_501076_220522135701_069995.jpeg","formatted_url":"https:\/\/www.meska.hu\/p4637875-fali-ruhaakaszto-fogas-eloszobafal-67x132cm-nr11-waterfall","favourite":false,"in_stock":false,"avatar":"501076_avatar_1652617836.jpeg","delete_from":0,"is_enhanced_background":false,"is_enhanced":false,"product_selection_started":false,"is_active":true,"image_webp_url":"https:\/\/www.meska.hu\/img\/product\/small\/f\/a\/falacianno_product_501076_220522135701_069995.webp"},{"id":"3402685","shop_id":"37545","user_id":"501076","shop_name":"FalaciAnno","shop_zip":"1212","product_code":"4637868","product_name_old":null,"product_name":"Fali ruhaakaszt\u00f3 fogas el\u0151szobafal 67x132cm NR06 Emanuel","category_string":"Otthon & \u00c9letm\u00f3d, B\u00fator, Fogas","technic_string":"Famegmunk\u00e1l\u00e1s, Festett t\u00e1rgyak","category_1":"813","category_2":"313","category_3":"932","category_4":"0","merged_category_1":null,"merged_category_2":null,"merged_category_3":null,"technic_1":"478","technic_2":"481","technic_3":"0","color_1":"519","color_2":"521","color_3":"532","product_description_old":null,"product_description":"Ez a vintage st\u00edlus\u00fa, kifinomultan megtervezett \u00e9s min\u0151s\u00e9gi anyagokb\u00f3l, k\u00e9zzel k\u00e9sz\u00edtett fali ruhaakaszt\u00f3 fogas nem csak praktikus, de karakteres eleme is lehet az el\u0151szob\u00e1nak.\n\nAnyaga borovi feny\u0151, MDF, pap\u00edr\/vlies, f\u00e9m.\nm\u00e9ret: 67x132cm\nmint\u00e1zat: modern, grafikus \nsz\u00ednek: olajk\u00e9k, feh\u00e9r \nakaszt\u00f3: ez\u00fcstmet\u00e1l vagy k\u00e9r\u00e9sre antikolt fekete\n\nAz otthon st\u00edlusa m\u00e1r az el\u0151szob\u00e1ban kialakul. J\u00f3 \u00fagy haza\u00e9rni, hogy az ajt\u00f3n bel\u00e9pve m\u00e1ris egy st\u00edlusosan berendezett helyis\u00e9gbe l\u00e9p\u00fcnk, amely azt sejteti, hogy a lak\u00e1s t\u00f6bbi r\u00e9sz\u00e9ben is hasonl\u00f3 \u00e9lm\u00e9nyben lesz r\u00e9sz\u00fcnk.","price":"49990.00","unit":"db","recommended":"0","status":"1","sponsored":"0","exp_notify":"0","own_material":"0","own_material_description_old":null,"own_material_description":"","jury":"0","jury_number":"","product_nature":"","meskaracsony":"0","create_date":"2026-02-01 16:33:14","shelve_id":"0","image":"falacianno_product_501076_220522134935_10348.jpeg","image_width":"480","image_height":"480","image_alt":"Fali ruhaakaszt\u00f3 fogas el\u0151szobafal 67x132cm NR06 Emanuel, Ez a vintage st\u00edlus\u00fa, kifinomultan megtervezett \u00e9s min\u0151s\u00e9gi anyagokb\u00f3l, k\u00e9zzel k\u00e9sz\u00edtett fali ruhaak..., Meska","image_title":"Fali ruhaakaszt\u00f3 fogas el\u0151szobafal 67x132cm NR06 Emanuel, Meska","view_count":"1347","favourite_count":"0","trending_score":"0","last2MonthFavouriteCount":"0","promotion":"0","giftcard_accept":"0","creditcard_accept":false,"enhanced_background":"0","domain":"meska","specific_customer_id":null,"specific_customer_name":null,"to_order_product":"1","to_order_product_time":"8","product_different":null,"product_different_description":"","vintage":"1","vintage_category_id":"885","recycled":"0","gemstone_id":"0","customizable":"0","type_category":"physical","zerowaste":"0","postage_price":"3990.00","shop_order":"0","has_category":"1","landing_pages":"Kar\u00e1csonyi aj\u00e1nd\u00e9kok","microdata":{"number":8,"category":""},"title":"Fali ruhaakaszt\u00f3 fogas el\u0151szobafal 67x132cm NR06 Emanuel","description":"Ez a vintage st\u00edlus\u00fa, kifinomultan megtervezett \u00e9s min\u0151s\u00e9gi anyagokb\u00f3l, k\u00e9zzel k\u00e9sz\u00edtett fali ruhaakaszt\u00f3 fogas nem csak praktikus, de karakteres eleme is lehet az el\u0151szob\u00e1nak.\n\nAnyaga borovi feny\u0151, MDF, pap\u00edr\/vlies, f\u00e9m.\nm\u00e9ret: 67x132cm\nmint\u00e1zat: modern, grafikus \nsz\u00ednek: olajk\u00e9k, feh\u00e9r \nakaszt\u00f3: ez\u00fcstmet\u00e1l vagy k\u00e9r\u00e9sre antikolt fekete\n\nAz otthon st\u00edlusa m\u00e1r az el\u0151szob\u00e1ban kialakul. J\u00f3 \u00fagy haza\u00e9rni, hogy az ajt\u00f3n bel\u00e9pve m\u00e1ris egy st\u00edlusosan berendezett helyis\u00e9gbe l\u00e9p\u00fcnk, amely azt sejteti, hogy a lak\u00e1s t\u00f6bbi r\u00e9sz\u00e9ben is hasonl\u00f3 \u00e9lm\u00e9nyben lesz r\u00e9sz\u00fcnk.","score":0,"formatted_price":"49 990 Ft","image_url":"https:\/\/www.meska.hu\/img\/product\/small\/f\/a\/falacianno_product_501076_220522134935_10348.jpeg","formatted_url":"https:\/\/www.meska.hu\/p4637868-fali-ruhaakaszto-fogas-eloszobafal-67x132cm-nr06-emanuel","favourite":false,"in_stock":false,"avatar":"501076_avatar_1652617836.jpeg","delete_from":0,"is_enhanced_background":false,"is_enhanced":false,"product_selection_started":false,"is_active":true,"image_webp_url":"https:\/\/www.meska.hu\/img\/product\/small\/f\/a\/falacianno_product_501076_220522134935_10348.webp"},{"id":"6029518","shop_id":"51091","user_id":"756548","shop_name":"irislittlecottage","shop_zip":"8093","product_code":"5686779","product_name_old":null,"product_name":"K\u00e1v\u00e9sz\u00fcnet - doh\u00e1nyz\u00f3asztal az ikonikus Bialetti k\u00e1v\u00e9f\u0151z\u0151 ihlet\u00e9s\u00e9vel","category_string":"Otthon & \u00c9letm\u00f3d, B\u00fator, Asztal","technic_string":"Famegmunk\u00e1l\u00e1s","category_1":"813","category_2":"313","category_3":"558","category_4":"0","merged_category_1":null,"merged_category_2":null,"merged_category_3":null,"technic_1":"478","technic_2":"0","technic_3":"0","color_1":"532","color_2":"0","color_3":"0","product_description_old":null,"product_description":"Ez a k\u00e9zzel k\u00e9sz\u00fclt, egyedi \u201eK\u00e1v\u00e9sz\u00fcnet\u201d doh\u00e1nyz\u00f3asztal az ikonikus Bialetti k\u00e1v\u00e9f\u0151z\u0151 ihlet\u00e9s\u00e9vel sz\u00fcletett. T\u00f6k\u00e9letes kieg\u00e9sz\u00edt\u0151je minden k\u00e1v\u00e9rajong\u00f3 otthon\u00e1nak, hiszen a k\u00e1v\u00e9kult\u00fara esszenci\u00e1j\u00e1t hozza be a nappalidba. Az \u00e1ltalam k\u00e9sz\u00edtett minden b\u00fatordarab egyedileg k\u00e9sz\u00fcl, \u00edgy minden asztal ugyanolyan egyedi, mint a tulajdonosa.\n\nEz az egyedi, k\u00fcl\u00f6nleges doh\u00e1nyz\u00f3asztal t\u00f6lgyf\u00e1b\u00f3l k\u00e9sz\u00fclt, dinamikus, j\u00e1t\u00e9kos, \u00edvelt mint\u00e1val, amely az ikonikus Bialetti k\u00e1v\u00e9f\u0151z\u0151 form\u00e1it id\u00e9zi. A t\u00f6lgyf\u00e1t Biopin bio fel\u00fcletkezel\u0151 olajjal kezeltem, kiemelve a fa term\u00e9szetes sz\u00e9ps\u00e9g\u00e9t, m\u00edg az \u00edvelt mint\u00e1k f\u00e9lig \u00e1ttetsz\u0151 m\u0171v\u00e9szgyant\u00e1val kit\u00f6lt\u00f6ttek, \u00edgy sima, egys\u00e9ges, csiszolt fel\u00fcletet alkotnak. Ez a kis b\u00fatordarab egyszerre eleg\u00e1ns \u00e9s j\u00e1t\u00e9kos, hossz\u00fa \u00e9lettartamra \u00e9s fenntarthat\u00f3s\u00e1gra tervezett, \u00edgy t\u00f6k\u00e9letes kieg\u00e9sz\u00edt\u0151je lehet otthonodnak. A l\u00e1bak egyszer\u0171en \u00f6sszeilleszthet\u0151k, \u00edgy ide\u00e1lis digit\u00e1lis nom\u00e1doknak vagy b\u00e1rkinek, aki gyakran k\u00f6lt\u00f6zik. Kis terekbe \u00e9s minilak\u00e1sokba is t\u00f6k\u00e9letes v\u00e1laszt\u00e1s.\n\n- Modern, minimalista diz\u00e1jn\n- Anyagok: pr\u00e9mium t\u00f6m\u00f6r t\u00f6lgyfa, m\u0171v\u00e9szgyanta, organikus b\u00fatorolajjal kezelt\n- Egyedi tervez\u00e9s \u00e9s diz\u00e1jn m\u0171t\u00e1rgy\n- M\u00e9retek: asztallap: 740x600 mm, magass\u00e1g: 475 mm\n- Haszn\u00e1lat: funkcion\u00e1lis \u00e9s l\u00e1tv\u00e1nyos darab \u2013 t\u00f6k\u00e9letes doh\u00e1nyz\u00f3asztalnak vagy dekor\u00e1ci\u00f3s fel\u00fcletnek\n\u267b\ufe0f K\u00f6rnyezettudatos: n\u00f6v\u00e9nyi olajjal v\u00e9dett\n\nEngedd, hogy ez az egyedi asztal otthonod mer\u00e9sz \u00e9s term\u00e9szetes k\u00f6z\u00e9ppontj\u00e1v\u00e1 v\u00e1ljon.\n\n\u26f5 Csak megb\u00edzhat\u00f3, fenntarthat\u00f3 forr\u00e1sb\u00f3l sz\u00e1rmaz\u00f3, min\u0151s\u00e9gi anyagokat haszn\u00e1lok. V\u00e1s\u00e1rl\u00e1soddal a kezem munk\u00e1j\u00e1t \u00e9s az alkot\u00e1s ir\u00e1nti szeretetemet t\u00e1mogatod \u2013 hiszem, hogy mindez visszak\u00f6sz\u00f6n a t\u00e1rgyban, \u00e9s r\u00e1d is hat\u00e1ssal lesz. Vigy\u00e9l egy kis nyugalmat \u00e9s kreativit\u00e1st az otthonodba \u2013 rendeld meg m\u00e9g ma!","price":"162000.00","unit":"db","recommended":"0","status":"1","sponsored":"0","exp_notify":"0","own_material":"0","own_material_description_old":null,"own_material_description":"","jury":"0","jury_number":"","product_nature":"","meskaracsony":"0","create_date":"2026-01-20 09:02:38","shelve_id":"0","image":"irislittlecottige_product_756548_251203195412_162127.jpeg","image_width":"480","image_height":"640","image_alt":"K\u00e1v\u00e9sz\u00fcnet - doh\u00e1nyz\u00f3asztal az ikonikus Bialetti k\u00e1v\u00e9f\u0151z\u0151 ihlet\u00e9s\u00e9vel, Ez a k\u00e9zzel k\u00e9sz\u00fclt, egyedi \u201eK\u00e1v\u00e9sz\u00fcnet\u201d doh\u00e1nyz\u00f3asztal az ikonikus Bialetti k\u00e1v\u00e9f\u0151z\u0151 ihlet\u00e9s\u00e9vel sz..., Meska","image_title":"K\u00e1v\u00e9sz\u00fcnet - doh\u00e1nyz\u00f3asztal az ikonikus Bialetti k\u00e1v\u00e9f\u0151z\u0151 ihlet\u00e9s\u00e9vel, Meska","view_count":"192","favourite_count":"0","trending_score":"0","last2MonthFavouriteCount":"0","promotion":0,"giftcard_accept":"0","creditcard_accept":false,"enhanced_background":"0","domain":"meska","specific_customer_id":null,"specific_customer_name":null,"to_order_product":"0","to_order_product_time":"0","product_different":null,"product_different_description":"","vintage":"0","vintage_category_id":"0","recycled":"0","gemstone_id":"0","customizable":"0","type_category":"physical","zerowaste":"0","postage_price":"3260.00","shop_order":"0","has_category":"1","landing_pages":null,"microdata":{"number":9,"category":""},"title":"K\u00e1v\u00e9sz\u00fcnet - doh\u00e1nyz\u00f3asztal az ikonikus Bialetti k\u00e1v\u00e9f\u0151z\u0151 ihlet\u00e9s\u00e9vel","description":"Ez a k\u00e9zzel k\u00e9sz\u00fclt, egyedi \u201eK\u00e1v\u00e9sz\u00fcnet\u201d doh\u00e1nyz\u00f3asztal az ikonikus Bialetti k\u00e1v\u00e9f\u0151z\u0151 ihlet\u00e9s\u00e9vel sz\u00fcletett. T\u00f6k\u00e9letes kieg\u00e9sz\u00edt\u0151je minden k\u00e1v\u00e9rajong\u00f3 otthon\u00e1nak, hiszen a k\u00e1v\u00e9kult\u00fara esszenci\u00e1j\u00e1t hozza be a nappalidba. Az \u00e1ltalam k\u00e9sz\u00edtett minden b\u00fatordarab egyedileg k\u00e9sz\u00fcl, \u00edgy minden asztal ugyanolyan egyedi, mint a tulajdonosa.\n\nEz az egyedi, k\u00fcl\u00f6nleges doh\u00e1nyz\u00f3asztal t\u00f6lgyf\u00e1b\u00f3l k\u00e9sz\u00fclt, dinamikus, j\u00e1t\u00e9kos, \u00edvelt mint\u00e1val, amely az ikonikus Bialetti k\u00e1v\u00e9f\u0151z\u0151 form\u00e1it id\u00e9zi. A t\u00f6lgyf\u00e1t Biopin bio fel\u00fcletkezel\u0151 olajjal kezeltem, kiemelve a fa term\u00e9szetes sz\u00e9ps\u00e9g\u00e9t, m\u00edg az \u00edvelt mint\u00e1k f\u00e9lig \u00e1ttetsz\u0151 m\u0171v\u00e9szgyant\u00e1val kit\u00f6lt\u00f6ttek, \u00edgy sima, egys\u00e9ges, csiszolt fel\u00fcletet alkotnak. Ez a kis b\u00fatordarab egyszerre eleg\u00e1ns \u00e9s j\u00e1t\u00e9kos, hossz\u00fa \u00e9lettartamra \u00e9s fenntarthat\u00f3s\u00e1gra tervezett, \u00edgy t\u00f6k\u00e9letes kieg\u00e9sz\u00edt\u0151je lehet otthonodnak. A l\u00e1bak egyszer\u0171en \u00f6sszeilleszthet\u0151k, \u00edgy ide\u00e1lis digit\u00e1lis nom\u00e1doknak vagy b\u00e1rkinek, aki gyakran k\u00f6lt\u00f6zik. Kis terekbe \u00e9s minilak\u00e1sokba is t\u00f6k\u00e9letes v\u00e1laszt\u00e1s.\n\n- Modern, minimalista diz\u00e1jn\n- Anyagok: pr\u00e9mium t\u00f6m\u00f6r t\u00f6lgyfa, m\u0171v\u00e9szgyanta, organikus b\u00fatorolajjal kezelt\n- Egyedi tervez\u00e9s \u00e9s diz\u00e1jn m\u0171t\u00e1rgy\n- M\u00e9retek: asztallap: 740x600 mm, magass\u00e1g: 475 mm\n- Haszn\u00e1lat: funkcion\u00e1lis \u00e9s l\u00e1tv\u00e1nyos darab \u2013 t\u00f6k\u00e9letes doh\u00e1nyz\u00f3asztalnak vagy dekor\u00e1ci\u00f3s fel\u00fcletnek\n\u267b\ufe0f K\u00f6rnyezettudatos: n\u00f6v\u00e9nyi olajjal v\u00e9dett\n\nEngedd, hogy ez az egyedi asztal otthonod mer\u00e9sz \u00e9s term\u00e9szetes k\u00f6z\u00e9ppontj\u00e1v\u00e1 v\u00e1ljon.\n\n\u26f5 Csak megb\u00edzhat\u00f3, fenntarthat\u00f3 forr\u00e1sb\u00f3l sz\u00e1rmaz\u00f3, min\u0151s\u00e9gi anyagokat haszn\u00e1lok. V\u00e1s\u00e1rl\u00e1soddal a kezem munk\u00e1j\u00e1t \u00e9s az alkot\u00e1s ir\u00e1nti szeretetemet t\u00e1mogatod \u2013 hiszem, hogy mindez visszak\u00f6sz\u00f6n a t\u00e1rgyban, \u00e9s r\u00e1d is hat\u00e1ssal lesz. Vigy\u00e9l egy kis nyugalmat \u00e9s kreativit\u00e1st az otthonodba \u2013 rendeld meg m\u00e9g ma!","score":0,"formatted_price":"162 000 Ft","image_url":"https:\/\/www.meska.hu\/img\/product\/small\/i\/r\/irislittlecottige_product_756548_251203195412_162127.jpeg","formatted_url":"https:\/\/www.meska.hu\/p5686779-kaveszunet-dohanyzoasztal-az-ikonikus-bialetti-kavefozo-ihletesevel","favourite":false,"in_stock":true,"avatar":"756548_avatar_1764781774.png","delete_from":0,"is_enhanced_background":false,"is_enhanced":false,"product_selection_started":false,"is_active":true,"image_webp_url":"https:\/\/www.meska.hu\/img\/product\/small\/i\/r\/irislittlecottige_product_756548_251203195412_162127.webp"},{"id":"2146242","shop_id":"11450","user_id":"71169","shop_name":"faunart","shop_zip":"2315","product_code":"4632494","product_name_old":null,"product_name":"Tr\u00f3nok harca \u00e9jjeli szekr\u00e9ny","category_string":"Otthon & \u00c9letm\u00f3d, B\u00fator, Szekr\u00e9ny","technic_string":"Famegmunk\u00e1l\u00e1s, Festett t\u00e1rgyak","category_1":"813","category_2":"313","category_3":"562","category_4":"0","merged_category_1":null,"merged_category_2":null,"merged_category_3":null,"technic_1":"478","technic_2":"481","technic_3":"0","color_1":"512","color_2":"532","color_3":"0","product_description_old":null,"product_description":"Tr\u00f3nok harca vagy fantasy rajong\u00f3knak egyedi k\u00e9zzel festett l\u00e1tv\u00e1nyos b\u00fatordarab, Egy ajt\u00f3val+1 fi\u00f3kkal porcel\u00e1n b\u00fatorgombbal! Az \u00e9jjei szekr\u00e9ny m\u00e9rete m-60cm sz.-48cm m\u00e9lys\u00e9g 36cm   a teljes magass\u00e1ga (kardok) 103cm","price":"52000.00","unit":"db","recommended":"0","status":"1","sponsored":"0","exp_notify":"0","own_material":"0","own_material_description_old":null,"own_material_description":"","jury":"0","jury_number":"","product_nature":"","meskaracsony":"0","create_date":"2026-01-19 23:24:16","shelve_id":"0","image":"faunart_product_71169_190125195207_416219.jpeg","image_width":"480","image_height":"852","image_alt":"Tr\u00f3nok harca \u00e9jjeli szekr\u00e9ny, Tr\u00f3nok harca vagy fantasy rajong\u00f3knak egyedi k\u00e9zzel festett l\u00e1tv\u00e1nyos b\u00fatordarab, Egy ajt\u00f3val+1 fi\u00f3k..., Meska","image_title":"Tr\u00f3nok harca \u00e9jjeli szekr\u00e9ny, Meska","view_count":"1410","favourite_count":"0","trending_score":"0","last2MonthFavouriteCount":"0","promotion":"0","giftcard_accept":"0","creditcard_accept":false,"enhanced_background":"0","domain":"meska","specific_customer_id":null,"specific_customer_name":null,"to_order_product":"0","to_order_product_time":"0","product_different":null,"product_different_description":"","vintage":"0","vintage_category_id":"0","recycled":"0","gemstone_id":"0","customizable":"0","type_category":"physical","zerowaste":"0","postage_price":"0.00","shop_order":"0","has_category":"1","landing_pages":null,"microdata":{"number":10,"category":""},"title":"Tr\u00f3nok harca \u00e9jjeli szekr\u00e9ny","description":"Tr\u00f3nok harca vagy fantasy rajong\u00f3knak egyedi k\u00e9zzel festett l\u00e1tv\u00e1nyos b\u00fatordarab, Egy ajt\u00f3val+1 fi\u00f3kkal porcel\u00e1n b\u00fatorgombbal! Az \u00e9jjei szekr\u00e9ny m\u00e9rete m-60cm sz.-48cm m\u00e9lys\u00e9g 36cm   a teljes magass\u00e1ga (kardok) 103cm","score":0,"formatted_price":"52 000 Ft","image_url":"https:\/\/www.meska.hu\/img\/product\/small\/f\/a\/faunart_product_71169_190125195207_416219.jpeg","formatted_url":"https:\/\/www.meska.hu\/p4632494-tronok-harca-ejjeli-szekreny","favourite":false,"in_stock":true,"avatar":"faunart_avatar_71169.jpg","delete_from":0,"is_enhanced_background":false,"is_enhanced":false,"product_selection_started":false,"is_active":true,"image_webp_url":"https:\/\/www.meska.hu\/img\/product\/small\/f\/a\/faunart_product_71169_190125195207_416219.webp"},{"id":"5674114","shop_id":"37545","user_id":"501076","shop_name":"FalaciAnno","shop_zip":"1212","product_code":"5486505","product_name_old":null,"product_name":"Fali ruhaakaszt\u00f3 fogas el\u0151szobafal 67x132cm NR13 Herba","category_string":"Otthon & \u00c9letm\u00f3d, B\u00fator, Fogas","technic_string":"Famegmunk\u00e1l\u00e1s, Festett t\u00e1rgyak","category_1":"813","category_2":"313","category_3":"932","category_4":"0","merged_category_1":null,"merged_category_2":null,"merged_category_3":null,"technic_1":"478","technic_2":"481","technic_3":"0","color_1":"519","color_2":"532","color_3":"529","product_description_old":null,"product_description":"Ez a vintage st\u00edlus\u00fa, kifinomultan megtervezett \u00e9s min\u0151s\u00e9gi anyagokb\u00f3l, k\u00e9zzel k\u00e9sz\u00edtett fali ruhaakaszt\u00f3 fogas nem csak praktikus, de karakteres eleme is lehet az el\u0151szob\u00e1nak.\n\nAnyaga borovi feny\u0151, MDF, textilalap\u00fa vinil, f\u00e9m\nm\u00e9ret: 67x132cm \nmint\u00e1zat: organikus \nsz\u00ednek: t\u00f6rtfeh\u00e9r, halv\u00e1nyz\u00f6ld\nakaszt\u00f3: antikolt fekete\n\n\nAz otthon st\u00edlusa m\u00e1r az el\u0151szob\u00e1ban kialakul. J\u00f3 \u00fagy haza\u00e9rni, hogy az ajt\u00f3n bel\u00e9pve m\u00e1ris egy st\u00edlusosan berendezett helyis\u00e9gbe l\u00e9p\u00fcnk, amely azt sejteti, hogy a lak\u00e1s t\u00f6bbi r\u00e9sz\u00e9ben is hasonl\u00f3 \u00e9lm\u00e9nyben lesz r\u00e9sz\u00fcnk.","price":"49990.00","unit":"db","recommended":"0","status":"1","sponsored":"0","exp_notify":"0","own_material":"0","own_material_description_old":null,"own_material_description":"","jury":"0","jury_number":"","product_nature":"","meskaracsony":"0","create_date":"2026-01-09 16:28:03","shelve_id":"0","image":"falacianno_product_501076_250125175155_800964.jpeg","image_width":"480","image_height":"480","image_alt":"Fali ruhaakaszt\u00f3 fogas el\u0151szobafal 67x132cm NR13 Herba, Ez a vintage st\u00edlus\u00fa, kifinomultan megtervezett \u00e9s min\u0151s\u00e9gi anyagokb\u00f3l, k\u00e9zzel k\u00e9sz\u00edtett fali ruhaak..., Meska","image_title":"Fali ruhaakaszt\u00f3 fogas el\u0151szobafal 67x132cm NR13 Herba, Meska","view_count":"460","favourite_count":"0","trending_score":"0","last2MonthFavouriteCount":"0","promotion":"0","giftcard_accept":"0","creditcard_accept":false,"enhanced_background":"0","domain":"meska","specific_customer_id":null,"specific_customer_name":null,"to_order_product":"1","to_order_product_time":"8","product_different":null,"product_different_description":"","vintage":"1","vintage_category_id":"885","recycled":"0","gemstone_id":"0","customizable":"0","type_category":"physical","zerowaste":"0","postage_price":"3990.00","shop_order":"0","has_category":"1","landing_pages":null,"microdata":{"number":11,"category":""},"title":"Fali ruhaakaszt\u00f3 fogas el\u0151szobafal 67x132cm NR13 Herba","description":"Ez a vintage st\u00edlus\u00fa, kifinomultan megtervezett \u00e9s min\u0151s\u00e9gi anyagokb\u00f3l, k\u00e9zzel k\u00e9sz\u00edtett fali ruhaakaszt\u00f3 fogas nem csak praktikus, de karakteres eleme is lehet az el\u0151szob\u00e1nak.\n\nAnyaga borovi feny\u0151, MDF, textilalap\u00fa vinil, f\u00e9m\nm\u00e9ret: 67x132cm \nmint\u00e1zat: organikus \nsz\u00ednek: t\u00f6rtfeh\u00e9r, halv\u00e1nyz\u00f6ld\nakaszt\u00f3: antikolt fekete\n\n\nAz otthon st\u00edlusa m\u00e1r az el\u0151szob\u00e1ban kialakul. J\u00f3 \u00fagy haza\u00e9rni, hogy az ajt\u00f3n bel\u00e9pve m\u00e1ris egy st\u00edlusosan berendezett helyis\u00e9gbe l\u00e9p\u00fcnk, amely azt sejteti, hogy a lak\u00e1s t\u00f6bbi r\u00e9sz\u00e9ben is hasonl\u00f3 \u00e9lm\u00e9nyben lesz r\u00e9sz\u00fcnk.","score":0,"formatted_price":"49 990 Ft","image_url":"https:\/\/www.meska.hu\/img\/product\/small\/f\/a\/falacianno_product_501076_250125175155_800964.jpeg","formatted_url":"https:\/\/www.meska.hu\/p5486505-fali-ruhaakaszto-fogas-eloszobafal-67x132cm-nr13-herba","favourite":false,"in_stock":false,"avatar":"501076_avatar_1652617836.jpeg","delete_from":0,"is_enhanced_background":false,"is_enhanced":false,"product_selection_started":false,"is_active":true,"image_webp_url":"https:\/\/www.meska.hu\/img\/product\/small\/f\/a\/falacianno_product_501076_250125175155_800964.webp"}],"canonicals":{"canonical":"https:\/\/www.meska.hu\/s\/butor:famegmunkalas:mintas\/c-313:t-478:co-532"},"seo":{"title":"K\u00e9zm\u0171ves b\u00fator - Meska.hu","seoTitle":"K\u00e9zm\u0171ves b\u00fator","seoDescription":"K\u00e9zm\u0171ves b\u00fatorok, feny\u0151b\u00fatorok, retro b\u00fatorok \u00e9s tov\u00e1bbi egyedi b\u00fatorok sz\u00e9les v\u00e1laszt\u00e9kban a Meska k\u00e9zm\u0171ves online piacter\u00e9n! Te is szereted a fa l\u00e1tv\u00e1ny\u00e1t? Akkor j\u00f3 helyen j\u00e1rsz! B\u00fator k\u00e9sz\u00edt\u0151 mestereink ugyanis az\u00e9rt dolgoznak nap mint nap, hogy lak\u00e1sodat min\u00e9l egyedibb b\u00fatorokkal tegy\u00e9k igaz\u00e1n otthonoss\u00e1. Speci\u00e1lis b\u00fator \u00f6tleted van? Nincs akad\u00e1lya! K\u00e9zm\u0171ves b\u00fatorasztalosaink \u00f6r\u00f6mmel veszik az egyedi b\u00fator megrendel\u00e9seket, \u00e9s azokat a lehet\u0151 legnagyobb odafigyel\u00e9ssel k\u00e9sz\u00edtik el a megrendel\u0151k sz\u00e1m\u00e1ra.","metaDescription":"K\u00e9zm\u0171ves b\u00fatorok, feny\u0151b\u00fatorok, vintage b\u00fatorok, retro b\u00fatorok \u00e9s tov\u00e1bbi egyedi b\u00fatorok a Meska k\u00e9zm\u0171ves online piacter\u00e9n! Egy speci\u00e1lis k\u00e9r\u00e9s sem akad\u00e1ly.","metaNoIndex":true,"metaNoFollow":0,"seoFound":true,"ogImage":"https:\/\/www.meska.hu\/img\/category_seo\/313-_8zhj0.jpg","canonicals":"https:\/\/www.meska.hu\/s\/butor:famegmunkalas:mintas\/c-313:t-478:co-532"},"breadcrumb":[{"position":1,"name":"Meska.hu","url":"https:\/\/www.meska.hu","last":false},{"position":2,"name":"Otthon & \u00c9letm\u00f3d","url":"https:\/\/www.meska.hu\/s\/otthon-eletmod:famegmunkalas:mintas\/c-813:t-478:co-532","last":false},{"position":3,"name":"B\u00fator","url":"https:\/\/www.meska.hu\/s\/butor:famegmunkalas:mintas\/c-313:t-478:co-532","last":true}],"h1":"B\u00fator","url":{"url":"https:\/\/www.meska.hu\/s\/butor:famegmunkalas:mintas\/c-313:t-478:co-532","title":"Mind","_debug_":false},"_count_":11}