{"_terms_":{"phrase":"*","gift_occasion":"32","colors":"522","facets":"n","p":"1","pp":"100","sort_by":"view_count","sort_direction":"desc","product_type":"kezmuves|alapanyag|vintage","session_id":"0hn9etn5459lgr40soklaimben"},"total":418,"products":[{"id":"3509895","shop_id":"18878","user_id":"173903","shop_name":"paracordmania","shop_zip":"1183","product_code":"3655256","product_name_old":null,"product_name":"- Text - egyedi bet\u0171s \u00e1ll\u00edthat\u00f3 m\u00e9ret\u0171 paracord kark\u00f6t\u0151 ","category_string":"\u00c9kszer, Kark\u00f6t\u0151, N\u00e9vre sz\u00f3l\u00f3 kark\u00f6t\u0151","technic_string":"Csom\u00f3z\u00e1s, \u00c9kszerk\u00e9sz\u00edt\u00e9s","category_1":"327","category_2":"333","category_3":"1237","category_4":"0","merged_category_1":"0","merged_category_2":"0","merged_category_3":"0","technic_1":"475","technic_2":"477","technic_3":"0","color_1":"520","color_2":"521","color_3":"522","product_description_old":null,"product_description":"Aj\u00e1nd\u00e9knak sz\u00e1nod ezt a term\u00e9ket? Szeretn\u00e9l hozz\u00e1 egyedi d\u00edszcsomagol\u00e1st? Akkor eg\u00e9sz\u00edtsd ki a v\u00e1s\u00e1rl\u00e1sod grav\u00edrozott k\u00eds\u00e9r\u0151 k\u00e1rty\u00e1val \u00e9s ez\u00fcst sz\u00edn\u0171 szat\u00e9n aj\u00e1nd\u00e9ktasakkal (utols\u00f3 k\u00e9p). A d\u00edszcsomagol\u00e1st a \u201eKieg\u00e9sz\u00edt\u0151\u201d leg\u00f6rd\u00fcl\u0151 men\u00fcben adhatod a kosaradhoz. A k\u00e1rtya 34x51 mm-es egy oldal\u00e1n grav\u00edrozott ny\u00e1rfa r\u00e9tegelt lemez, a tetej\u00e9n lyukkal, amivel a szat\u00e9n tasakra (a m\u00e9rete 100x150 mm) r\u00f6gz\u00edtheted. A grav\u00edrozand\u00f3 sz\u00f6veget a Kos\u00e1rban, az \u00dczenet r\u00e9szben adhatod meg.\n--- --- --- --- --- ---\n\nHa p\u00e1rban venn\u00e9d, akkor kedvezm\u00e9nyes \u00e1ron itt tal\u00e1lod:\nhttps:\/\/www.meska.hu\/t2479756-text-paros-egyedi-betus-allithato-meretu-paracord-karkoto\n\nEgyedi rendel\u00e9sre k\u00e9sz\u00fcl\u0151 bet\u0171s kark\u00f6t\u0151, v\u00e1laszthat\u00f3 sz\u00ednekben.\n\n\u00d6tletek:\n- gyermeked neve\n- gyermek sz\u00fclet\u00e9si d\u00e1tuma\n- h\u00e1zass\u00e1gi \u00e9vfordul\u00f3\n- monogramok\n- motiv\u00e1l\u00f3 szavak\n- kedvenc h\u00e1zi\u00e1llatod neve\n- p\u00e1ros kark\u00f6t\u0151nek, szivecsk\u00e9vel a p\u00e1rod monogramja\n\nA bet\u0171s r\u00e9sz maximum 8 karakter lehet \u00e9s csak az angol ABC bet\u0171it (magyar \u00e9kezetek nincsenek) \u00e9s sz\u00e1mokat (0-9) tartalmazhat, \u00edgy ak\u00e1r b\u00e1rmilyen d\u00e1tum is k\u00e9rhet\u0151. 2 sp\u00e9ci karakter van: hashtag # \u00e9s szivecske \u2665\nSz\u00f3k\u00f6z karakter nincs ez\u00e9rt vagy egybe irand\u00f3 a k\u00e9rt sz\u00f6veg, vagy a k\u00e9t speci\u00e1lis karakterrel elv\u00e1laszthat\u00f3.\n\nEzeket figyelembe v\u00e9ve add le a rendel\u00e9st \u00e9s v\u00e1laszd ki hozz\u00e1 a mell\u00e9kelt sz\u00ednmint\u00e1b\u00f3l, hogy milyen sz\u00edn\u0171 paracord sz\u00e1lra szeretn\u00e9d a kark\u00f6t\u0151t.\n\n--------------------\nA term\u00e9k le\u00edr\u00e1sa: \n\nA bet\u0171k 6x6 mm-es akril kock\u00e1k. V\u00e9kony \u00e9s tart\u00f3s paracord sz\u00e1lra f\u0171zve. V\u00edz\u00e1ll\u00f3 \u00edgy le sem kell venni. Nem tartalmaz semmilyen k\u00e1ros anyagot \u00e9s f\u00e9m allergi\u00e1sok is hordhatj\u00e1k.\n\nA m\u00e9rete \u00e1ll\u00edthat\u00f3, \u00edgy 15-21 cm-es csukl\u00f3ra is k\u00e9nyelmesen be\u00e1ll\u00edthat\u00f3. \u00c9ppen ez\u00e9rt aj\u00e1nd\u00e9knak is kiv\u00e1l\u00f3.\n\nRendel\u00e9skor add meg:\n- a k\u00e9rt sz\u00f6veget a fent le\u00edrtak szerint\n- a paracord sz\u00edn sorsz\u00e1m\u00e1t\n\nAz \u00e1r egy darab term\u00e9kre vonatkozik.","price":"3790.00","unit":"db","recommended":"0","status":"1","sponsored":"0","exp_notify":"0","own_material":"0","own_material_description_old":null,"own_material_description":"","jury":"0","jury_number":"","product_nature":"","meskaracsony":"0","create_date":"2026-04-17 00:12:25","shelve_id":"46880","image":"paracordmania_product_173903_200216180511_804799.jpeg","image_width":"480","image_height":"480","image_alt":"- Text - egyedi bet\u0171s \u00e1ll\u00edthat\u00f3 m\u00e9ret\u0171 paracord kark\u00f6t\u0151 , Aj\u00e1nd\u00e9knak sz\u00e1nod ezt a term\u00e9ket? Szeretn\u00e9l hozz\u00e1 egyedi d\u00edszcsomagol\u00e1st? Akkor eg\u00e9sz\u00edtsd ki a v\u00e1s\u00e1r..., Meska","image_title":"- Text - egyedi bet\u0171s \u00e1ll\u00edthat\u00f3 m\u00e9ret\u0171 paracord kark\u00f6t\u0151 , Meska","view_count":"7593","favourite_count":"0","trending_score":"0","last2MonthFavouriteCount":"0","promotion":"0","giftcard_accept":"1","creditcard_accept":true,"enhanced_background":"0","domain":"meska","specific_customer_id":null,"specific_customer_name":null,"to_order_product":"1","to_order_product_time":"2","product_different":"quite_different","product_different_description":"Egyedi sz\u00f6veg ig\u00e9nnyel k\u00e9sz\u00fcl, ez\u00e9rt a fot\u00f3hoz k\u00e9pest elt\u00e9r\u00e9sek lehetnek. ","vintage":"0","vintage_category_id":"0","recycled":"0","gemstone_id":"0","customizable":"1","type_category":"physical","zerowaste":"0","postage_price":"3455.00","shop_order":"0","has_category":"1","landing_pages":null,"microdata":{"number":1,"category":""},"title":"- Text - egyedi bet\u0171s \u00e1ll\u00edthat\u00f3 m\u00e9ret\u0171 paracord kark\u00f6t\u0151 ","description":"Aj\u00e1nd\u00e9knak sz\u00e1nod ezt a term\u00e9ket? Szeretn\u00e9l hozz\u00e1 egyedi d\u00edszcsomagol\u00e1st? Akkor eg\u00e9sz\u00edtsd ki a v\u00e1s\u00e1rl\u00e1sod grav\u00edrozott k\u00eds\u00e9r\u0151 k\u00e1rty\u00e1val \u00e9s ez\u00fcst sz\u00edn\u0171 szat\u00e9n aj\u00e1nd\u00e9ktasakkal (utols\u00f3 k\u00e9p). A d\u00edszcsomagol\u00e1st a \u201eKieg\u00e9sz\u00edt\u0151\u201d leg\u00f6rd\u00fcl\u0151 men\u00fcben adhatod a kosaradhoz. A k\u00e1rtya 34x51 mm-es egy oldal\u00e1n grav\u00edrozott ny\u00e1rfa r\u00e9tegelt lemez, a tetej\u00e9n lyukkal, amivel a szat\u00e9n tasakra (a m\u00e9rete 100x150 mm) r\u00f6gz\u00edtheted. A grav\u00edrozand\u00f3 sz\u00f6veget a Kos\u00e1rban, az \u00dczenet r\u00e9szben adhatod meg.\n--- --- --- --- --- ---\n\nHa p\u00e1rban venn\u00e9d, akkor kedvezm\u00e9nyes \u00e1ron itt tal\u00e1lod:\nhttps:\/\/www.meska.hu\/t2479756-text-paros-egyedi-betus-allithato-meretu-paracord-karkoto\n\nEgyedi rendel\u00e9sre k\u00e9sz\u00fcl\u0151 bet\u0171s kark\u00f6t\u0151, v\u00e1laszthat\u00f3 sz\u00ednekben.\n\n\u00d6tletek:\n- gyermeked neve\n- gyermek sz\u00fclet\u00e9si d\u00e1tuma\n- h\u00e1zass\u00e1gi \u00e9vfordul\u00f3\n- monogramok\n- motiv\u00e1l\u00f3 szavak\n- kedvenc h\u00e1zi\u00e1llatod neve\n- p\u00e1ros kark\u00f6t\u0151nek, szivecsk\u00e9vel a p\u00e1rod monogramja\n\nA bet\u0171s r\u00e9sz maximum 8 karakter lehet \u00e9s csak az angol ABC bet\u0171it (magyar \u00e9kezetek nincsenek) \u00e9s sz\u00e1mokat (0-9) tartalmazhat, \u00edgy ak\u00e1r b\u00e1rmilyen d\u00e1tum is k\u00e9rhet\u0151. 2 sp\u00e9ci karakter van: hashtag # \u00e9s szivecske \u2665\nSz\u00f3k\u00f6z karakter nincs ez\u00e9rt vagy egybe irand\u00f3 a k\u00e9rt sz\u00f6veg, vagy a k\u00e9t speci\u00e1lis karakterrel elv\u00e1laszthat\u00f3.\n\nEzeket figyelembe v\u00e9ve add le a rendel\u00e9st \u00e9s v\u00e1laszd ki hozz\u00e1 a mell\u00e9kelt sz\u00ednmint\u00e1b\u00f3l, hogy milyen sz\u00edn\u0171 paracord sz\u00e1lra szeretn\u00e9d a kark\u00f6t\u0151t.\n\n--------------------\nA term\u00e9k le\u00edr\u00e1sa: \n\nA bet\u0171k 6x6 mm-es akril kock\u00e1k. V\u00e9kony \u00e9s tart\u00f3s paracord sz\u00e1lra f\u0171zve. V\u00edz\u00e1ll\u00f3 \u00edgy le sem kell venni. Nem tartalmaz semmilyen k\u00e1ros anyagot \u00e9s f\u00e9m allergi\u00e1sok is hordhatj\u00e1k.\n\nA m\u00e9rete \u00e1ll\u00edthat\u00f3, \u00edgy 15-21 cm-es csukl\u00f3ra is k\u00e9nyelmesen be\u00e1ll\u00edthat\u00f3. \u00c9ppen ez\u00e9rt aj\u00e1nd\u00e9knak is kiv\u00e1l\u00f3.\n\nRendel\u00e9skor add meg:\n- a k\u00e9rt sz\u00f6veget a fent le\u00edrtak szerint\n- a paracord sz\u00edn sorsz\u00e1m\u00e1t\n\nAz \u00e1r egy darab term\u00e9kre vonatkozik.","score":0,"formatted_price":"3 790 Ft","image_url":"https:\/\/www.meska.hu\/img\/product\/small\/p\/a\/paracordmania_product_173903_200216180511_804799.jpeg","formatted_url":"https:\/\/www.meska.hu\/p3655256-text-egyedi-betus-allithato-meretu-paracord-karkoto","favourite":false,"in_stock":false,"avatar":"paracordmania_avatar_173903_1581629068.jpg","delete_from":0,"is_enhanced_background":false,"is_enhanced":false,"product_selection_started":false,"is_active":true,"image_webp_url":"https:\/\/www.meska.hu\/img\/product\/small\/p\/a\/paracordmania_product_173903_200216180511_804799.webp"},{"id":"3487187","shop_id":"29709","user_id":"371419","shop_name":"Hexartdesign","shop_zip":"1183","product_code":"3902826","product_name_old":null,"product_name":"Nagymama aj\u00e1nd\u00e9k, csal\u00e1di fot\u00f3val - fali k\u00e9p, dekor (egyedi csal\u00e1dnevekkel, csal\u00e1di fot\u00f3val \u00e9s v\u00e1laszthat\u00f3 sz\u00ednekben)","category_string":"Otthon & \u00c9letm\u00f3d, Dekor\u00e1ci\u00f3, Fali \u00e9s f\u00fcgg\u0151 dekor\u00e1ci\u00f3, Falra akaszthat\u00f3 dekor","technic_string":"Fot\u00f3, grafika, rajz, illusztr\u00e1ci\u00f3","category_1":"813","category_2":"314","category_3":"1470","category_4":"942","merged_category_1":"0","merged_category_2":"0","merged_category_3":"785","technic_1":"483","technic_2":"0","technic_3":"0","color_1":"519","color_2":"522","color_3":"0","product_description_old":null,"product_description":"Hexart Design - Az okos dekor\u00e1ci\u00f3\nNincs sz\u00fcks\u00e9g keretre \/ Kas\u00edrozott habkarton \/ Egy mozdulattal felrakhat\u00f3 \/ B\u0151v\u00edthet\u0151\n\n~3 munkanapos elk\u00e9sz\u00edt\u00e9s, de ha igaz\u00e1n gyorsan van r\u00e1 sz\u00fcks\u00e9ged, akkor v\u00e1laszd az Ultra Expressz 1 munkanapos lehet\u0151s\u00e9get. Err\u0151l b\u0151vebben a le\u00edr\u00e1s alj\u00e1n, amit mindenk\u00e9ppen olvass el, hogy eld\u00f6nthesd melyik opci\u00f3t szeretn\u00e9d.\n\nN\u00e9ha neh\u00e9z megaj\u00e1nd\u00e9kozni a nagymam\u00e1t, mert sokkal jobban \u00f6r\u00fcl egy szem\u00e9lyes aj\u00e1nd\u00e9knak, mint b\u00e1rmilyen haszn\u00e1lati t\u00e1rgynak. Ha szeretn\u00e9l egy ilyen sz\u00edvhez sz\u00f3l\u00f3 dekor\u00e1ci\u00f3t aj\u00e1nd\u00e9kozni neki, akkor itt a lehet\u0151s\u00e9g. A boldogs\u00e1g \u00e9s meglepet\u00e9s garant\u00e1lt :) Egyedi sz\u00f6veggel, ahol a csal\u00e1dtagok neveit \u00e9s sz\u00fclet\u00e9si d\u00e1tum\u00e1t l\u00e1tja viszont \u00e9s egy csal\u00e1di fot\u00f3val, melyre r\u00e1n\u00e9zve mindig ott \u00e9rezheti az unok\u00e1kat, gyerekeket maga mellett.\n\nAz aj\u00e1nd\u00e9k igazi t\u00e9rhat\u00e1s\u00fa: nemcsak hogy a falt\u00f3l 5 mm-re kiemelkedik, hanem a rajta l\u00e9v\u0151 fot\u00f3 is egy plusz 5 mm-es kartonra van kas\u00edrozva. A 3. k\u00e9pen j\u00f3l l\u00e1that\u00f3 ahogy igazi t\u00e9rbeli m\u00e9lys\u00e9gei \u00e9s \u00e1rny\u00e9kai vannak a dekor\u00e1ci\u00f3nak.\n\nRendel\u00e9skor a megjegyz\u00e9sben add meg:\n- a keresztneveket \u00e9s a hozz\u00e1juk tartoz\u00f3 sz\u00fclet\u00e9si d\u00e1tumokat\n- a v\u00e1lasztott sz\u00ednkombin\u00e1ci\u00f3 bet\u0171jel\u00e9t a 2. k\u00e9pr\u0151l. \n- a rendel\u00e9sed ut\u00e1n majd elk\u00fcldheted a r\u00e9szemre azt a fot\u00f3t, ami r\u00e1ker\u00fcl a dekor\u00e1ci\u00f3ra\n\nHogy mit takar az okos dekor\u00e1ci\u00f3? A hatsz\u00f6glet\u0171 m\u00e9hsejt forma lehet\u0151v\u00e9 teszi, hogy v\u00e9gtelen elrendez\u00e9si m\u00f3don dekor\u00e1ljunk a v\u00e1s\u00e1rolt elemekkel. \n\nA legfontosabb el\u0151nyei, m\u00e1s dekor\u00e1ci\u00f3s megold\u00e1ssal szemben: \n- egy mozdulattal felrakhat\u00f3 b\u00e1rmilyen fel\u00fcletre (falra, szekr\u00e9nyre, \u00fcvegre stb )\n- nincs sz\u00fcks\u00e9g sz\u00f6gre \u00e9s kalap\u00e1csra a felhelyez\u00e9shez\n- nincsenek tov\u00e1bbi k\u00f6lts\u00e9geid, hiszen nem kell keretet is v\u00e1s\u00e1rolni\n- nyom n\u00e9lk\u00fcl \u00e1thelyezhet\u0151, t\u00f6bbsz\u00f6r is\n\nA k\u00e9pen l\u00e1that\u00f3 kieg\u00e9sz\u00edt\u0151 dekor\u00e1ci\u00f3s k\u00f6rnyezet csak illusztr\u00e1ci\u00f3, ami nem k\u00e9pezi a term\u00e9k r\u00e9sz\u00e9t. A m\u00e9retar\u00e1ny nem felt\u00e9tlen\u00fcl felel meg a val\u00f3s\u00e1gnak. A pontos m\u00e9retet a term\u00e9kle\u00edr\u00e1sban l\u00e1thatod:\n\nTerm\u00e9kle\u00edr\u00e1s:\nHatsz\u00f6g forma, melynek a m\u00e9rete 231x200 mm\nMin\u0151s\u00e9gi matt fot\u00f3pap\u00edrra k\u00e9sz\u00fcl\u0151 nyomat, amely 5 mm-es feh\u00e9r habkartonra van kas\u00edrozva.\nA fot\u00f3 szint\u00e9n 5 mm-es habkartonra van kas\u00edrozva, f\u00e9nyes fot\u00f3pap\u00edron (140x90 mm)\nR\u00f6gz\u00edt\u00e9se speci\u00e1lis ragaszt\u00e1si technol\u00f3gi\u00e1val t\u00f6rt\u00e9nik, amivel a dekor\u00e1ci\u00f3 nyom n\u00e9lk\u00fcl \u00e1thelyezhet\u0151 ak\u00e1r t\u00f6bbsz\u00f6r is.\n\nSzerz\u0151i jog:\nA boltomban tal\u00e1lhat\u00f3 \u00f6sszes term\u00e9k a saj\u00e1t alkot\u00e1som \u00e9s szerz\u0151i jog v\u00e9di. Semmilyen form\u00e1ban nem m\u00e1solhat\u00f3, gy\u00e1rthat\u00f3 \u00e9s sokszoros\u00edthat\u00f3. \n\nAz \u00e1r egy darab term\u00e9kre vonatkozik.\n\nHa k\u00edv\u00e1ncsi vagy a t\u00f6bbi term\u00e9kemre, akkor n\u00e9zz k\u00f6r\u00fcl a boltomban. A bal fels\u0151 s\u00e1vban tal\u00e1lhat\u00f3 Polcok a boltban men\u00fcre kattintva v\u00e1logathatsz a kateg\u00f3ri\u00e1k k\u00f6z\u00f6tt.\nhttps:\/\/www.meska.hu\/Shop\/index\/29709\n\n--- Ultra Expressz 1 munkanapos elk\u00e9sz\u00edt\u00e9s ---\nHa szeretn\u00e9d extra gyorsan megkapni ezt a term\u00e9ket (mert s\u00fcrget az id\u0151 vagy utols\u00f3 pillanatban kerest\u00e9l aj\u00e1nd\u00e9k \u00f6tletet), akkor v\u00e1laszd ezt az opci\u00f3t. Ebben az esetben a rendel\u00e9sed priorit\u00e1st \u00e9lvez.\n\n!FONTOS! Az Ultra Expressz opci\u00f3 a term\u00e9k elk\u00e9sz\u00edt\u00e9s\u00e9nek \u00e9s felad\u00e1s\u00e1nak az idej\u00e9t jelenti, ami ~3 helyett 1 munkanap! A csomagsz\u00e1ll\u00edt\u00e1s ezen fel\u00fcl ~1-3 munkanap az \u00e1ltalad v\u00e1lasztott m\u00f3don.\n\nHogyan tudod ig\u00e9nybe venni?\n\u2022 Rendeld meg a term\u00e9ket Ultra Expressz opci\u00f3val \u00e9s fizesd ki (bankk\u00e1rty\u00e1val vagy \u00e1tutal\u00e1ssal). \n\u2022 A le\u00edr\u00e1sban szerepl\u0151 minden sz\u00fcks\u00e9ges adatot adj meg (az \u00dczenet r\u00e9szben).\n\u2022 Ebben az esetben a rendel\u00e9sed soron k\u00edv\u00fcl elk\u00e9sz\u00edtem \u00e9s a k\u00f6vetkez\u0151 munkanapon m\u00e1r fel is adom a csomagod.","price":"8990.00","unit":"db","recommended":"0","status":"1","sponsored":"0","exp_notify":"0","own_material":"0","own_material_description_old":null,"own_material_description":"","jury":"0","jury_number":"","product_nature":"","meskaracsony":"0","create_date":"2026-04-04 16:29:52","shelve_id":"63393","image":"hexartdesign_product_371419_201104153438_407386.jpeg","image_width":"480","image_height":"480","image_alt":"Nagymama aj\u00e1nd\u00e9k, csal\u00e1di fot\u00f3val - fali k\u00e9p, dekor (egyedi csal\u00e1dnevekkel, csal\u00e1di fot\u00f3val \u00e9s v\u00e1laszthat\u00f3 sz\u00ednekben), Hexart Design - Az okos dekor\u00e1ci\u00f3\\nNincs sz\u00fcks\u00e9g keretre \/ Kas\u00edrozott habkarton \/ Egy mozdulattal fel..., Meska","image_title":"Nagymama aj\u00e1nd\u00e9k, csal\u00e1di fot\u00f3val - fali k\u00e9p, dekor (egyedi csal\u00e1dnevekkel, csal\u00e1di fot\u00f3val \u00e9s v\u00e1laszthat\u00f3 sz\u00ednekben), Meska","view_count":"4298","favourite_count":"0","trending_score":"0","last2MonthFavouriteCount":"0","promotion":0,"giftcard_accept":"1","creditcard_accept":true,"enhanced_background":"0","domain":"meska","specific_customer_id":null,"specific_customer_name":null,"to_order_product":"1","to_order_product_time":"3","product_different":"quite_different","product_different_description":"A sz\u00ednek minim\u00e1lisan elt\u00e9rhetnek a kijelz\u0151n l\u00e1that\u00f3 sz\u00ednekt\u0151l (mobil kijelz\u0151, monitor stb.)\nAz egyedi szem\u00e9lyre szabott dekor\u00e1ci\u00f3kn\u00e1l v\u00e1ltozik a sz\u00f6veg.","vintage":"0","vintage_category_id":"0","recycled":"0","gemstone_id":"0","customizable":"0","type_category":"physical","zerowaste":"0","postage_price":"1490.00","shop_order":"0","has_category":"1","landing_pages":"Kar\u00e1csonyi aj\u00e1nd\u00e9kok, Kar\u00e1csonyi aj\u00e1nd\u00e9kok, Kar\u00e1csonyi aj\u00e1nd\u00e9kok","microdata":{"number":2,"category":""},"title":"Nagymama aj\u00e1nd\u00e9k, csal\u00e1di fot\u00f3val - fali k\u00e9p, dekor (egyedi csal\u00e1dnevekkel, csal\u00e1di fot\u00f3val \u00e9s v\u00e1laszthat\u00f3 sz\u00ednekben)","description":"Hexart Design - Az okos dekor\u00e1ci\u00f3\nNincs sz\u00fcks\u00e9g keretre \/ Kas\u00edrozott habkarton \/ Egy mozdulattal felrakhat\u00f3 \/ B\u0151v\u00edthet\u0151\n\n~3 munkanapos elk\u00e9sz\u00edt\u00e9s, de ha igaz\u00e1n gyorsan van r\u00e1 sz\u00fcks\u00e9ged, akkor v\u00e1laszd az Ultra Expressz 1 munkanapos lehet\u0151s\u00e9get. Err\u0151l b\u0151vebben a le\u00edr\u00e1s alj\u00e1n, amit mindenk\u00e9ppen olvass el, hogy eld\u00f6nthesd melyik opci\u00f3t szeretn\u00e9d.\n\nN\u00e9ha neh\u00e9z megaj\u00e1nd\u00e9kozni a nagymam\u00e1t, mert sokkal jobban \u00f6r\u00fcl egy szem\u00e9lyes aj\u00e1nd\u00e9knak, mint b\u00e1rmilyen haszn\u00e1lati t\u00e1rgynak. Ha szeretn\u00e9l egy ilyen sz\u00edvhez sz\u00f3l\u00f3 dekor\u00e1ci\u00f3t aj\u00e1nd\u00e9kozni neki, akkor itt a lehet\u0151s\u00e9g. A boldogs\u00e1g \u00e9s meglepet\u00e9s garant\u00e1lt :) Egyedi sz\u00f6veggel, ahol a csal\u00e1dtagok neveit \u00e9s sz\u00fclet\u00e9si d\u00e1tum\u00e1t l\u00e1tja viszont \u00e9s egy csal\u00e1di fot\u00f3val, melyre r\u00e1n\u00e9zve mindig ott \u00e9rezheti az unok\u00e1kat, gyerekeket maga mellett.\n\nAz aj\u00e1nd\u00e9k igazi t\u00e9rhat\u00e1s\u00fa: nemcsak hogy a falt\u00f3l 5 mm-re kiemelkedik, hanem a rajta l\u00e9v\u0151 fot\u00f3 is egy plusz 5 mm-es kartonra van kas\u00edrozva. A 3. k\u00e9pen j\u00f3l l\u00e1that\u00f3 ahogy igazi t\u00e9rbeli m\u00e9lys\u00e9gei \u00e9s \u00e1rny\u00e9kai vannak a dekor\u00e1ci\u00f3nak.\n\nRendel\u00e9skor a megjegyz\u00e9sben add meg:\n- a keresztneveket \u00e9s a hozz\u00e1juk tartoz\u00f3 sz\u00fclet\u00e9si d\u00e1tumokat\n- a v\u00e1lasztott sz\u00ednkombin\u00e1ci\u00f3 bet\u0171jel\u00e9t a 2. k\u00e9pr\u0151l. \n- a rendel\u00e9sed ut\u00e1n majd elk\u00fcldheted a r\u00e9szemre azt a fot\u00f3t, ami r\u00e1ker\u00fcl a dekor\u00e1ci\u00f3ra\n\nHogy mit takar az okos dekor\u00e1ci\u00f3? A hatsz\u00f6glet\u0171 m\u00e9hsejt forma lehet\u0151v\u00e9 teszi, hogy v\u00e9gtelen elrendez\u00e9si m\u00f3don dekor\u00e1ljunk a v\u00e1s\u00e1rolt elemekkel. \n\nA legfontosabb el\u0151nyei, m\u00e1s dekor\u00e1ci\u00f3s megold\u00e1ssal szemben: \n- egy mozdulattal felrakhat\u00f3 b\u00e1rmilyen fel\u00fcletre (falra, szekr\u00e9nyre, \u00fcvegre stb )\n- nincs sz\u00fcks\u00e9g sz\u00f6gre \u00e9s kalap\u00e1csra a felhelyez\u00e9shez\n- nincsenek tov\u00e1bbi k\u00f6lts\u00e9geid, hiszen nem kell keretet is v\u00e1s\u00e1rolni\n- nyom n\u00e9lk\u00fcl \u00e1thelyezhet\u0151, t\u00f6bbsz\u00f6r is\n\nA k\u00e9pen l\u00e1that\u00f3 kieg\u00e9sz\u00edt\u0151 dekor\u00e1ci\u00f3s k\u00f6rnyezet csak illusztr\u00e1ci\u00f3, ami nem k\u00e9pezi a term\u00e9k r\u00e9sz\u00e9t. A m\u00e9retar\u00e1ny nem felt\u00e9tlen\u00fcl felel meg a val\u00f3s\u00e1gnak. A pontos m\u00e9retet a term\u00e9kle\u00edr\u00e1sban l\u00e1thatod:\n\nTerm\u00e9kle\u00edr\u00e1s:\nHatsz\u00f6g forma, melynek a m\u00e9rete 231x200 mm\nMin\u0151s\u00e9gi matt fot\u00f3pap\u00edrra k\u00e9sz\u00fcl\u0151 nyomat, amely 5 mm-es feh\u00e9r habkartonra van kas\u00edrozva.\nA fot\u00f3 szint\u00e9n 5 mm-es habkartonra van kas\u00edrozva, f\u00e9nyes fot\u00f3pap\u00edron (140x90 mm)\nR\u00f6gz\u00edt\u00e9se speci\u00e1lis ragaszt\u00e1si technol\u00f3gi\u00e1val t\u00f6rt\u00e9nik, amivel a dekor\u00e1ci\u00f3 nyom n\u00e9lk\u00fcl \u00e1thelyezhet\u0151 ak\u00e1r t\u00f6bbsz\u00f6r is.\n\nSzerz\u0151i jog:\nA boltomban tal\u00e1lhat\u00f3 \u00f6sszes term\u00e9k a saj\u00e1t alkot\u00e1som \u00e9s szerz\u0151i jog v\u00e9di. Semmilyen form\u00e1ban nem m\u00e1solhat\u00f3, gy\u00e1rthat\u00f3 \u00e9s sokszoros\u00edthat\u00f3. \n\nAz \u00e1r egy darab term\u00e9kre vonatkozik.\n\nHa k\u00edv\u00e1ncsi vagy a t\u00f6bbi term\u00e9kemre, akkor n\u00e9zz k\u00f6r\u00fcl a boltomban. A bal fels\u0151 s\u00e1vban tal\u00e1lhat\u00f3 Polcok a boltban men\u00fcre kattintva v\u00e1logathatsz a kateg\u00f3ri\u00e1k k\u00f6z\u00f6tt.\nhttps:\/\/www.meska.hu\/Shop\/index\/29709\n\n--- Ultra Expressz 1 munkanapos elk\u00e9sz\u00edt\u00e9s ---\nHa szeretn\u00e9d extra gyorsan megkapni ezt a term\u00e9ket (mert s\u00fcrget az id\u0151 vagy utols\u00f3 pillanatban kerest\u00e9l aj\u00e1nd\u00e9k \u00f6tletet), akkor v\u00e1laszd ezt az opci\u00f3t. Ebben az esetben a rendel\u00e9sed priorit\u00e1st \u00e9lvez.\n\n!FONTOS! Az Ultra Expressz opci\u00f3 a term\u00e9k elk\u00e9sz\u00edt\u00e9s\u00e9nek \u00e9s felad\u00e1s\u00e1nak az idej\u00e9t jelenti, ami ~3 helyett 1 munkanap! A csomagsz\u00e1ll\u00edt\u00e1s ezen fel\u00fcl ~1-3 munkanap az \u00e1ltalad v\u00e1lasztott m\u00f3don.\n\nHogyan tudod ig\u00e9nybe venni?\n\u2022 Rendeld meg a term\u00e9ket Ultra Expressz opci\u00f3val \u00e9s fizesd ki (bankk\u00e1rty\u00e1val vagy \u00e1tutal\u00e1ssal). \n\u2022 A le\u00edr\u00e1sban szerepl\u0151 minden sz\u00fcks\u00e9ges adatot adj meg (az \u00dczenet r\u00e9szben).\n\u2022 Ebben az esetben a rendel\u00e9sed soron k\u00edv\u00fcl elk\u00e9sz\u00edtem \u00e9s a k\u00f6vetkez\u0151 munkanapon m\u00e1r fel is adom a csomagod.","score":0,"formatted_price":"8 990 Ft","image_url":"https:\/\/www.meska.hu\/img\/product\/small\/h\/e\/hexartdesign_product_371419_201104153438_407386.jpeg","formatted_url":"https:\/\/www.meska.hu\/p3902826-nagymama-ajandek-csaladi-fotoval-fali-kep-dekor-egyedi-csaladnevekkel-csaladi-fotoval-es-valaszthato-szinekben","favourite":false,"in_stock":false,"avatar":"Hexartdesign_avatar_371419_1589358772.jpg","delete_from":0,"is_enhanced_background":false,"is_enhanced":false,"product_selection_started":false,"is_active":true,"image_webp_url":"https:\/\/www.meska.hu\/img\/product\/small\/h\/e\/hexartdesign_product_371419_201104153438_407386.webp"},{"id":"3472596","shop_id":"177","user_id":"445","shop_name":"Memelye","shop_zip":"8256","product_code":"3697779","product_name_old":null,"product_name":"Kulcstart\u00f3 szekr\u00e9ny, r\u00f3zs\u00e1s","category_string":"Otthon & \u00c9letm\u00f3d, Dekor\u00e1ci\u00f3, Fali \u00e9s f\u00fcgg\u0151 dekor\u00e1ci\u00f3, Fali kulcstart\u00f3","technic_string":"Festett t\u00e1rgyak","category_1":"813","category_2":"314","category_3":"1470","category_4":"936","merged_category_1":"0","merged_category_2":"0","merged_category_3":"785","technic_1":"481","technic_2":"0","technic_3":"0","color_1":"519","color_2":"522","color_3":"0","product_description_old":null,"product_description":"Kulcstart\u00f3 szekr\u00e9ny, romantikus hangulat\u00fa, k\u00e9zzel festett akvarell r\u00f3zs\u00e1kkal \u00e9s kedves kis mad\u00e1rk\u00e1val d\u00edsz\u00edtve. \nA feh\u00e9r alapsz\u00edn\u00e9nek \u00e9s a kellemes pasztellsz\u00edneknek k\u00f6sz\u00f6nhet\u0151en k\u00f6nnyen beilleszthet\u0151 a modern enteri\u0151rbe is.\n\nA feny\u0151f\u00e1b\u00f3l, magyar asztalosm\u0171helyben k\u00e9sz\u00edtett szekr\u00e9ny belsej\u00e9ben k\u00e9t sorban, 4-4 akaszt\u00f3t tal\u00e1lsz.\n\n\u2665 NYIT\u00c1SIR\u00c1NY\nJobbos, vagy balos ajt\u00f3val is k\u00e9rheted - v\u00e1lassza a leg\u00f6rd\u00edthet\u0151 list\u00e1b\u00f3l. \nAz utols\u00f3 k\u00e9pen l\u00e1thatod, hogy mit \u00e9rt\u00fcnk jobbos \u00e9s mit a balos nyit\u00e1sir\u00e1nyon. \n(itt csak a nyit\u00e1sir\u00e1nyt mutatjuk, nem a szekr\u00e9ny sz\u00edn\u00e9t. A szekr\u00e9ny sz\u00edne\/mint\u00e1ja term\u00e9szetesen olyan lesz, mint ami a legels\u0151 term\u00e9kk\u00e9pen is szerepel.)\n\n\u2665 R\u00d6GZ\u00cdT\u00c9S\nBel\u00fclr\u0151l, k\u00e9t csavarral kell feltenni a falra. (Csavar n\u00e9lk\u00fcl post\u00e1zzuk.)\n\n\u2665 M\u00c9RET:\n (k\u00fcls\u0151):\n-Sz\u00e9less\u00e9g: 22 cm\n-M\u00e9lys\u00e9g: 6,5 cm \n-Magass\u00e1g: 34,5 cm\nBels\u0151, hasznos m\u00e9ret: 17,5 cm sz\u00e9les; 4 cm m\u00e9ly; 24,5 cm magas.\n\nNedves ruh\u00e1val, \u00e1ztat\u00e1s \u00e9s d\u00f6rzs\u00f6l\u00e9s n\u00e9lk\u00fcl tiszt\u00edthat\u00f3.","price":"13500.00","unit":"db","recommended":"0","status":"1","sponsored":"0","exp_notify":"0","own_material":"0","own_material_description_old":null,"own_material_description":"","jury":"0","jury_number":"","product_nature":"","meskaracsony":"0","create_date":"2026-04-07 21:51:50","shelve_id":"46040","image":"memelye_product_445_251122183114_000691.jpeg","image_width":"480","image_height":"480","image_alt":"Kulcstart\u00f3 szekr\u00e9ny, r\u00f3zs\u00e1s, Kulcstart\u00f3 szekr\u00e9ny, romantikus hangulat\u00fa, k\u00e9zzel festett akvarell r\u00f3zs\u00e1kkal \u00e9s kedves kis mad\u00e1rk\u00e1va..., Meska","image_title":"Kulcstart\u00f3 szekr\u00e9ny, r\u00f3zs\u00e1s, Meska","view_count":"4118","favourite_count":"0","trending_score":"0","last2MonthFavouriteCount":"0","promotion":"0","giftcard_accept":"0","creditcard_accept":true,"enhanced_background":"0","domain":"meska","specific_customer_id":null,"specific_customer_name":null,"to_order_product":"1","to_order_product_time":"2","product_different":null,"product_different_description":"","vintage":"0","vintage_category_id":"0","recycled":"0","gemstone_id":"0","customizable":"0","type_category":"physical","zerowaste":"0","postage_price":"3260.00","shop_order":"37","has_category":"1","landing_pages":null,"microdata":{"number":3,"category":""},"title":"Kulcstart\u00f3 szekr\u00e9ny, r\u00f3zs\u00e1s","description":"Kulcstart\u00f3 szekr\u00e9ny, romantikus hangulat\u00fa, k\u00e9zzel festett akvarell r\u00f3zs\u00e1kkal \u00e9s kedves kis mad\u00e1rk\u00e1val d\u00edsz\u00edtve. \nA feh\u00e9r alapsz\u00edn\u00e9nek \u00e9s a kellemes pasztellsz\u00edneknek k\u00f6sz\u00f6nhet\u0151en k\u00f6nnyen beilleszthet\u0151 a modern enteri\u0151rbe is.\n\nA feny\u0151f\u00e1b\u00f3l, magyar asztalosm\u0171helyben k\u00e9sz\u00edtett szekr\u00e9ny belsej\u00e9ben k\u00e9t sorban, 4-4 akaszt\u00f3t tal\u00e1lsz.\n\n\u2665 NYIT\u00c1SIR\u00c1NY\nJobbos, vagy balos ajt\u00f3val is k\u00e9rheted - v\u00e1lassza a leg\u00f6rd\u00edthet\u0151 list\u00e1b\u00f3l. \nAz utols\u00f3 k\u00e9pen l\u00e1thatod, hogy mit \u00e9rt\u00fcnk jobbos \u00e9s mit a balos nyit\u00e1sir\u00e1nyon. \n(itt csak a nyit\u00e1sir\u00e1nyt mutatjuk, nem a szekr\u00e9ny sz\u00edn\u00e9t. A szekr\u00e9ny sz\u00edne\/mint\u00e1ja term\u00e9szetesen olyan lesz, mint ami a legels\u0151 term\u00e9kk\u00e9pen is szerepel.)\n\n\u2665 R\u00d6GZ\u00cdT\u00c9S\nBel\u00fclr\u0151l, k\u00e9t csavarral kell feltenni a falra. (Csavar n\u00e9lk\u00fcl post\u00e1zzuk.)\n\n\u2665 M\u00c9RET:\n (k\u00fcls\u0151):\n-Sz\u00e9less\u00e9g: 22 cm\n-M\u00e9lys\u00e9g: 6,5 cm \n-Magass\u00e1g: 34,5 cm\nBels\u0151, hasznos m\u00e9ret: 17,5 cm sz\u00e9les; 4 cm m\u00e9ly; 24,5 cm magas.\n\nNedves ruh\u00e1val, \u00e1ztat\u00e1s \u00e9s d\u00f6rzs\u00f6l\u00e9s n\u00e9lk\u00fcl tiszt\u00edthat\u00f3.","score":0,"formatted_price":"13 500 Ft","image_url":"https:\/\/www.meska.hu\/img\/product\/small\/m\/e\/memelye_product_445_251122183114_000691.jpeg","formatted_url":"https:\/\/www.meska.hu\/p3697779-kulcstarto-szekreny-rozsas","favourite":false,"in_stock":false,"avatar":"Memelye_avatar_445_1681200338.jpg","delete_from":0,"is_enhanced_background":false,"is_enhanced":false,"product_selection_started":false,"is_active":true,"image_webp_url":"https:\/\/www.meska.hu\/img\/product\/small\/m\/e\/memelye_product_445_251122183114_000691.webp"},{"id":"5084403","shop_id":"26841","user_id":"327178","shop_name":"gardonyilevendula","shop_zip":"2483","product_code":"5138155","product_name_old":null,"product_name":"K\u00e9zm\u0171ves szappan csomag VIP","category_string":"Sz\u00e9ps\u00e9g\u00e1pol\u00e1s, Szappan & F\u00fcrd\u00e9s, K\u00e9zm\u0171ves szappan","technic_string":"Szappank\u00e9sz\u00edt\u00e9s","category_1":"454","category_2":"463","category_3":"1150","category_4":"0","merged_category_1":"0","merged_category_2":"0","merged_category_3":"0","technic_1":"500","technic_2":"0","technic_3":"0","color_1":"522","color_2":"534","color_3":"528","product_description_old":null,"product_description":"Aj\u00e1nd\u00e9k \u00f6tlet\n\nExclusiv v\u00e1logat\u00e1s k\u00e9nyeztet\u0151 szappan term\u00e9keinkb\u0151l, csupa\u00a0 illatos apr\u00f3s\u00e1g egy csomagba gy\u0171jtve. Praktikus, mutat\u00f3s \u00e9s k\u00f6rnyezetbar\u00e1t csomag.\n\nMib\u0151l k\u00e9sz\u00fcl?\n\nTERM\u00c9KEINK ENGED\u00c9LYEZETT, BEVIZSG\u00c1LT TERM\u00c9KEK.\n\nMIN\u0150S\u00c9GBIZTOS\u00cdT\u00c1SI RENDSZER: MSZ EN ISO 22716\/2008\n\nCPNP 4018165, 4018166, 4018159, 4174679, 4083845, 4018162\n\nK\u00f6rnyezetbar\u00e1t szeml\u00e9lettel v\u00e1logatjuk ki saj\u00e1t term\u00e9keinket \u00e9s alapanyagukat, \u00edgy ez sem lehet m\u00e1sk\u00e9pp.\n\nAj\u00e1nd\u00e9kcsomag tartalma:\n\n6 db 60 g-os szappan b\u00e1r v\u00e1logat\u00e1s, pap\u00edr ablakos dekor dobozban. A szappanok 60 grammosak, 7,5 cm hossz\u00fa, 3 cm magas \u00e9s 3 cm sz\u00e9les \u00e1tlagosan. \nA doboz k\u00fclm\u00e9rete: 20,2*8,5*4 cm.\n\nFinom k\u00e9nyeztet\u0151 szappanjainkb\u00f3l v\u00e1logathatsz \u00edzl\u00e9sed szerint, v\u00e1laszd ki a Neked tetsz\u0151 4 illatot.\nA k\u00f6vetkez\u0151 illatokat tartalmazza:\n1-levendula\n2- levendula-ylang-ylang\n3-citromf\u0171-rozmaring\n4- feny\u0151var\u00e1zs (narancs \u00e9s feny\u0151 kever\u00e9ke)\n5- fekete akt\u00edv szenes (k\u00e1v\u00e9-van\u00edlia)\n6-zs\u00e1lya (bor\u00f3kabogy\u00f3, aztalszc\u00e9drus, narancs kever\u00e9k)\n\nKinek aj\u00e1nlott?\n\nA hagyom\u00e1nyos, k\u00e9zm\u0171ves szappanok haszn\u00e1lata a k\u00f6rnyezetbar\u00e1t, hullad\u00e9kmentes \u00e9letm\u00f3ddal egy\u00fctt \u00fajra el\u0151t\u00e9rbe ker\u00fclt.\n\nA k\u00e9zm\u0171ves szappanoknak sok el\u0151nye is van, \u00f6sszetev\u0151i is k\u00f6rnyezet bar\u00e1tak, term\u00e9szetesek, de fontos odafigyelni, hogy val\u00f3ban ilyet vegy\u00e9l.\nAmi miatt \u00e9rdemes kipr\u00f3b\u00e1lnod a k\u00e9zm\u0171ves szappanjainkat: term\u00e9szetes \u00f6sszetev\u0151k, nincsenek E.... \u00e9s nincs szilikon benne. Ha eddig allergiz\u00e1lt valamelyik bolti tusf\u00fcrd\u0151, sampon, val\u00f3sz\u00edn\u0171leg ezek k\u00f6z\u00fcl valami okozta.\n\u00c1pol\u00f3, kr\u00e9mes hat\u00e1sa, sheavaj, kaka\u00f3vaj nagyon j\u00f3t tud tenni a b\u0151r\u00f6ddel!\nAz ill\u00f3olajok k\u00f6z\u00fcl is sok van, ami hasznos lehet b\u0151r\u00f6dnek, \u00e9s hasznos lehet mindennapjaidban lelki \u00e1llapotodnak is. Ilyen p\u00e9ld\u00e1ul a levendula is, ami ebben a mennyis\u00e9gben is k\u00e9pes j\u00f3 hat\u00e1ssal lenni b\u0151r\u00f6dre, illata pedig megnyugtat.\nMaga a szil\u00e1rd szappan haszn\u00e1lata k\u00f6rnyezetbar\u00e1t, kevesebb szemetet termelsz vele, mint a flakonos, zacsis term\u00e9kekkel.\nR\u00e1ad\u00e1sul a val\u00f3s szappan a szil\u00e1rd szappanra \u00e9rtend\u0151, a foly\u00e9kony v\u00e1ltozatok nem ugyanazok, nem ugyan\u00fagy tiszt\u00edtanak.\n\n\u00d6sszet\u00e9tel:\n\nSz\u00e1munkra a term\u00e9szetes szappan azt jelenti, hogy nem tesz\u00fcnk bele vegyi anyagokat, mesters\u00e9ges sz\u00ednez\u0151t, illatot, tart\u00f3s\u00edt\u00f3szert. Kiz\u00e1r\u00f3lag a term\u00e9szetben el\u0151fordul\u00f3, a nat\u00farkozmetikumokban enged\u00e9llyel haszn\u00e1lhat\u00f3 alapanyagok ker\u00fclhetnek bele.\n\nIllat:\n\nAz illat nem alapvet\u0151en fontos a szappann\u00e1l, de m\u00e9gis annak tartom, mert az illat meghat\u00e1roz\u00f3, aromater\u00e1pi\u00e1san hat haszn\u00e1lat k\u00f6zben. Kiz\u00e1r\u00f3lag 100% term\u00e9szetes ill\u00f3olajokat haszn\u00e1lunk.\n\nSz\u00edn:\n\nA szappan sz\u00edne a m\u00e1sik kev\u00e9sb\u00e9 alapvet\u0151 t\u00e9nyez\u0151. Ezt val\u00f3ban nem tartom fontosnak, mivel a tiszt\u00edt\u00f3 \u00e9s egy\u00e9b eg\u00e9szs\u00e9ges hat\u00e1s szempontj\u00e1b\u00f3l l\u00e9nyegtelen. Ez\u00e9rt a sz\u00fcks\u00e9gtelen sz\u00ednez\u00e9keket k\u00f6nnyen el is vetettem, a szappanjaink term\u00e9szetes agyagokkal sz\u00ednezettek. Az agyag t\u00f6bb j\u00f3t\u00e9kony tulajdons\u00e1ga hat\u00e1ssal van b\u0151r\u00fcnkre, n\u00e9melyik b\u00e1rsonyoss\u00e1, n\u00e9meliyk zs\u00edrtalann\u00e1 teszi. L\u00e9teznek sz\u00ednes agyagok, z\u00f6ld, b\u00e9zs, feh\u00e9r, v\u00f6r\u00f6s, r\u00f3zsasz\u00edn.\n\nKiz\u00e1r\u00f3lag enged\u00e9lyezett kozmetikai pigmentet haszn\u00e1lunk.\n\nA szappanjaink zs\u00edrtalma 100% veg\u00e1n, semmilyen \u00e1llati \u00f6sszetev\u0151nk nincs.\n\nUgyanakkor n\u00f6v\u00e9nyi \u00f6sszetev\u0151inket is pr\u00f3b\u00e1ljuk f\u00f6ldrajzilag is k\u00f6zeli helyekr\u0151l beszerezni, k\u00f6rnyezetv\u00e9delmi szempontb\u00f3l.\n\nSzappanjaink \u00f6sszetev\u0151i \u00e1llatk\u00eds\u00e9rletekt\u0151l mentesek, \u00e9s p\u00e1lmazs\u00edr mentesek is.\n\nCsomagol\u00e1sunk a legnehezebb d\u00f6nt\u00e9s volt, mert az ill\u00f3olaj elillan\u00e1sa ellen mindnek\u00e9ppen kell l\u00e9gmentesen z\u00e1rnia. Ezt egyr\u00e9szt PLA tasakokkal \u00e9rt\u00fck el, m\u00e1sr\u00e9szt pedig exclusivabb kiszerel\u00e9s\u0171 szappanjaink nat\u00far pap\u00edrdobozba ker\u00fclnek.\n","price":"8500.00","unit":"db","recommended":"0","status":"1","sponsored":"0","exp_notify":"0","own_material":"0","own_material_description_old":null,"own_material_description":"","jury":"0","jury_number":"","product_nature":"","meskaracsony":"0","create_date":"2026-01-20 12:14:36","shelve_id":"67490","image":"gardonyilevendula_product_327178_231126104342_636331.jpeg","image_width":"480","image_height":"319","image_alt":"K\u00e9zm\u0171ves szappan csomag VIP, Aj\u00e1nd\u00e9k \u00f6tlet\\n\\nExclusiv v\u00e1logat\u00e1s k\u00e9nyeztet\u0151 szappan term\u00e9keinkb\u0151l, csupa\u00a0 illatos apr\u00f3s\u00e1g egy csoma..., Meska","image_title":"K\u00e9zm\u0171ves szappan csomag VIP, Meska","view_count":"3891","favourite_count":"1","trending_score":"0","last2MonthFavouriteCount":"1","promotion":"0","giftcard_accept":"0","creditcard_accept":true,"enhanced_background":"0","domain":"meska","specific_customer_id":null,"specific_customer_name":null,"to_order_product":"0","to_order_product_time":"0","product_different":null,"product_different_description":"","vintage":"0","vintage_category_id":"0","recycled":"0","gemstone_id":"0","customizable":"0","type_category":"physical","zerowaste":"1","postage_price":"1290.00","shop_order":"0","has_category":"1","landing_pages":"Ballag\u00e1si aj\u00e1nd\u00e9kok \u00e9s kieg\u00e9sz\u00edt\u0151k, Kar\u00e1csonyi aj\u00e1nd\u00e9kok, N\u00e1szaj\u00e1nd\u00e9kok, Sz\u00fclinapi aj\u00e1nd\u00e9kok, Sz\u00fclinapi aj\u00e1nd\u00e9kok","microdata":{"number":4,"category":""},"title":"K\u00e9zm\u0171ves szappan csomag VIP","description":"Aj\u00e1nd\u00e9k \u00f6tlet\n\nExclusiv v\u00e1logat\u00e1s k\u00e9nyeztet\u0151 szappan term\u00e9keinkb\u0151l, csupa\u00a0 illatos apr\u00f3s\u00e1g egy csomagba gy\u0171jtve. Praktikus, mutat\u00f3s \u00e9s k\u00f6rnyezetbar\u00e1t csomag.\n\nMib\u0151l k\u00e9sz\u00fcl?\n\nTERM\u00c9KEINK ENGED\u00c9LYEZETT, BEVIZSG\u00c1LT TERM\u00c9KEK.\n\nMIN\u0150S\u00c9GBIZTOS\u00cdT\u00c1SI RENDSZER: MSZ EN ISO 22716\/2008\n\nCPNP 4018165, 4018166, 4018159, 4174679, 4083845, 4018162\n\nK\u00f6rnyezetbar\u00e1t szeml\u00e9lettel v\u00e1logatjuk ki saj\u00e1t term\u00e9keinket \u00e9s alapanyagukat, \u00edgy ez sem lehet m\u00e1sk\u00e9pp.\n\nAj\u00e1nd\u00e9kcsomag tartalma:\n\n6 db 60 g-os szappan b\u00e1r v\u00e1logat\u00e1s, pap\u00edr ablakos dekor dobozban. A szappanok 60 grammosak, 7,5 cm hossz\u00fa, 3 cm magas \u00e9s 3 cm sz\u00e9les \u00e1tlagosan. \nA doboz k\u00fclm\u00e9rete: 20,2*8,5*4 cm.\n\nFinom k\u00e9nyeztet\u0151 szappanjainkb\u00f3l v\u00e1logathatsz \u00edzl\u00e9sed szerint, v\u00e1laszd ki a Neked tetsz\u0151 4 illatot.\nA k\u00f6vetkez\u0151 illatokat tartalmazza:\n1-levendula\n2- levendula-ylang-ylang\n3-citromf\u0171-rozmaring\n4- feny\u0151var\u00e1zs (narancs \u00e9s feny\u0151 kever\u00e9ke)\n5- fekete akt\u00edv szenes (k\u00e1v\u00e9-van\u00edlia)\n6-zs\u00e1lya (bor\u00f3kabogy\u00f3, aztalszc\u00e9drus, narancs kever\u00e9k)\n\nKinek aj\u00e1nlott?\n\nA hagyom\u00e1nyos, k\u00e9zm\u0171ves szappanok haszn\u00e1lata a k\u00f6rnyezetbar\u00e1t, hullad\u00e9kmentes \u00e9letm\u00f3ddal egy\u00fctt \u00fajra el\u0151t\u00e9rbe ker\u00fclt.\n\nA k\u00e9zm\u0171ves szappanoknak sok el\u0151nye is van, \u00f6sszetev\u0151i is k\u00f6rnyezet bar\u00e1tak, term\u00e9szetesek, de fontos odafigyelni, hogy val\u00f3ban ilyet vegy\u00e9l.\nAmi miatt \u00e9rdemes kipr\u00f3b\u00e1lnod a k\u00e9zm\u0171ves szappanjainkat: term\u00e9szetes \u00f6sszetev\u0151k, nincsenek E.... \u00e9s nincs szilikon benne. Ha eddig allergiz\u00e1lt valamelyik bolti tusf\u00fcrd\u0151, sampon, val\u00f3sz\u00edn\u0171leg ezek k\u00f6z\u00fcl valami okozta.\n\u00c1pol\u00f3, kr\u00e9mes hat\u00e1sa, sheavaj, kaka\u00f3vaj nagyon j\u00f3t tud tenni a b\u0151r\u00f6ddel!\nAz ill\u00f3olajok k\u00f6z\u00fcl is sok van, ami hasznos lehet b\u0151r\u00f6dnek, \u00e9s hasznos lehet mindennapjaidban lelki \u00e1llapotodnak is. Ilyen p\u00e9ld\u00e1ul a levendula is, ami ebben a mennyis\u00e9gben is k\u00e9pes j\u00f3 hat\u00e1ssal lenni b\u0151r\u00f6dre, illata pedig megnyugtat.\nMaga a szil\u00e1rd szappan haszn\u00e1lata k\u00f6rnyezetbar\u00e1t, kevesebb szemetet termelsz vele, mint a flakonos, zacsis term\u00e9kekkel.\nR\u00e1ad\u00e1sul a val\u00f3s szappan a szil\u00e1rd szappanra \u00e9rtend\u0151, a foly\u00e9kony v\u00e1ltozatok nem ugyanazok, nem ugyan\u00fagy tiszt\u00edtanak.\n\n\u00d6sszet\u00e9tel:\n\nSz\u00e1munkra a term\u00e9szetes szappan azt jelenti, hogy nem tesz\u00fcnk bele vegyi anyagokat, mesters\u00e9ges sz\u00ednez\u0151t, illatot, tart\u00f3s\u00edt\u00f3szert. Kiz\u00e1r\u00f3lag a term\u00e9szetben el\u0151fordul\u00f3, a nat\u00farkozmetikumokban enged\u00e9llyel haszn\u00e1lhat\u00f3 alapanyagok ker\u00fclhetnek bele.\n\nIllat:\n\nAz illat nem alapvet\u0151en fontos a szappann\u00e1l, de m\u00e9gis annak tartom, mert az illat meghat\u00e1roz\u00f3, aromater\u00e1pi\u00e1san hat haszn\u00e1lat k\u00f6zben. Kiz\u00e1r\u00f3lag 100% term\u00e9szetes ill\u00f3olajokat haszn\u00e1lunk.\n\nSz\u00edn:\n\nA szappan sz\u00edne a m\u00e1sik kev\u00e9sb\u00e9 alapvet\u0151 t\u00e9nyez\u0151. Ezt val\u00f3ban nem tartom fontosnak, mivel a tiszt\u00edt\u00f3 \u00e9s egy\u00e9b eg\u00e9szs\u00e9ges hat\u00e1s szempontj\u00e1b\u00f3l l\u00e9nyegtelen. Ez\u00e9rt a sz\u00fcks\u00e9gtelen sz\u00ednez\u00e9keket k\u00f6nnyen el is vetettem, a szappanjaink term\u00e9szetes agyagokkal sz\u00ednezettek. Az agyag t\u00f6bb j\u00f3t\u00e9kony tulajdons\u00e1ga hat\u00e1ssal van b\u0151r\u00fcnkre, n\u00e9melyik b\u00e1rsonyoss\u00e1, n\u00e9meliyk zs\u00edrtalann\u00e1 teszi. L\u00e9teznek sz\u00ednes agyagok, z\u00f6ld, b\u00e9zs, feh\u00e9r, v\u00f6r\u00f6s, r\u00f3zsasz\u00edn.\n\nKiz\u00e1r\u00f3lag enged\u00e9lyezett kozmetikai pigmentet haszn\u00e1lunk.\n\nA szappanjaink zs\u00edrtalma 100% veg\u00e1n, semmilyen \u00e1llati \u00f6sszetev\u0151nk nincs.\n\nUgyanakkor n\u00f6v\u00e9nyi \u00f6sszetev\u0151inket is pr\u00f3b\u00e1ljuk f\u00f6ldrajzilag is k\u00f6zeli helyekr\u0151l beszerezni, k\u00f6rnyezetv\u00e9delmi szempontb\u00f3l.\n\nSzappanjaink \u00f6sszetev\u0151i \u00e1llatk\u00eds\u00e9rletekt\u0151l mentesek, \u00e9s p\u00e1lmazs\u00edr mentesek is.\n\nCsomagol\u00e1sunk a legnehezebb d\u00f6nt\u00e9s volt, mert az ill\u00f3olaj elillan\u00e1sa ellen mindnek\u00e9ppen kell l\u00e9gmentesen z\u00e1rnia. Ezt egyr\u00e9szt PLA tasakokkal \u00e9rt\u00fck el, m\u00e1sr\u00e9szt pedig exclusivabb kiszerel\u00e9s\u0171 szappanjaink nat\u00far pap\u00edrdobozba ker\u00fclnek.\n","score":0,"formatted_price":"8 500 Ft","image_url":"https:\/\/www.meska.hu\/img\/product\/small\/g\/a\/gardonyilevendula_product_327178_231126104342_636331.jpeg","formatted_url":"https:\/\/www.meska.hu\/p5138155-kezmuves-nagy-szappan-csomag-ajandekdoboz-unnepi-alkalmakra","favourite":false,"in_stock":true,"avatar":"gardonyilevendula_avatar_327178_1666612331.jpg","delete_from":0,"is_enhanced_background":false,"is_enhanced":false,"product_selection_started":false,"is_active":true,"image_webp_url":"https:\/\/www.meska.hu\/img\/product\/small\/g\/a\/gardonyilevendula_product_327178_231126104342_636331.webp"},{"id":"3385462","shop_id":"29709","user_id":"371419","shop_name":"Hexartdesign","shop_zip":"1183","product_code":"3914497","product_name_old":null,"product_name":"Nagypapa aj\u00e1nd\u00e9k, csal\u00e1di fot\u00f3val - fali k\u00e9p, dekor (egyedi csal\u00e1dnevekkel, csal\u00e1di fot\u00f3val \u00e9s v\u00e1laszthat\u00f3 sz\u00ednekben)","category_string":"Otthon & \u00c9letm\u00f3d, Dekor\u00e1ci\u00f3, Fali \u00e9s f\u00fcgg\u0151 dekor\u00e1ci\u00f3, Falra akaszthat\u00f3 dekor","technic_string":"Fot\u00f3, grafika, rajz, illusztr\u00e1ci\u00f3","category_1":"813","category_2":"314","category_3":"1470","category_4":"942","merged_category_1":"0","merged_category_2":"0","merged_category_3":"785","technic_1":"483","technic_2":"0","technic_3":"0","color_1":"519","color_2":"522","color_3":"0","product_description_old":null,"product_description":"Hexart Design - Az okos dekor\u00e1ci\u00f3\nNincs sz\u00fcks\u00e9g keretre \/ Kas\u00edrozott habkarton \/ Egy mozdulattal felrakhat\u00f3 \/ B\u0151v\u00edthet\u0151\n\n~3 munkanapos elk\u00e9sz\u00edt\u00e9s, de ha igaz\u00e1n gyorsan van r\u00e1 sz\u00fcks\u00e9ged, akkor v\u00e1laszd az Ultra Expressz 1 munkanapos lehet\u0151s\u00e9get. Err\u0151l b\u0151vebben a le\u00edr\u00e1s alj\u00e1n, amit mindenk\u00e9ppen olvass el, hogy eld\u00f6nthesd melyik opci\u00f3t szeretn\u00e9d.\n\nN\u00e9ha neh\u00e9z megaj\u00e1nd\u00e9kozni a nagypap\u00e1t, mert sokkal jobban \u00f6r\u00fcl egy szem\u00e9lyes aj\u00e1nd\u00e9knak, mint b\u00e1rmilyen haszn\u00e1lati t\u00e1rgynak. Ha szeretn\u00e9l egy ilyen sz\u00edvhez sz\u00f3l\u00f3 dekor\u00e1ci\u00f3t aj\u00e1nd\u00e9kozni neki, akkor itt a lehet\u0151s\u00e9g. A boldogs\u00e1g \u00e9s meglepet\u00e9s garant\u00e1lt :) Egyedi sz\u00f6veggel, ahol a csal\u00e1dtagok neveit \u00e9s sz\u00fclet\u00e9si d\u00e1tum\u00e1t l\u00e1tja viszont \u00e9s egy csal\u00e1di fot\u00f3val, melyre r\u00e1n\u00e9zve mindig ott \u00e9rezheti az unok\u00e1kat, gyerekeket maga mellett.\n\nAz aj\u00e1nd\u00e9k igazi t\u00e9rhat\u00e1s\u00fa: nemcsak hogy a falt\u00f3l 5 mm-re kiemelkedik, hanem a rajta l\u00e9v\u0151 fot\u00f3 is egy plusz 5 mm-es kartonra van kas\u00edrozva. A 3. k\u00e9pen j\u00f3l l\u00e1that\u00f3, ahogy igazi t\u00e9rbeli m\u00e9lys\u00e9gei \u00e9s \u00e1rny\u00e9kai vannak ennek a t\u00edpus\u00fa fot\u00f3s dekor\u00e1ci\u00f3nak.\n\nRendel\u00e9skor a megjegyz\u00e9sben add meg:\n- a keresztneveket \u00e9s a hozz\u00e1juk tartoz\u00f3 sz\u00fclet\u00e9si d\u00e1tumokat\n- a v\u00e1lasztott sz\u00ednkombin\u00e1ci\u00f3 bet\u0171jel\u00e9t a 2. k\u00e9pr\u0151l. \n- a rendel\u00e9sed ut\u00e1n majd elk\u00fcldheted a r\u00e9szemre azt a fot\u00f3t, ami r\u00e1ker\u00fcl a dekor\u00e1ci\u00f3ra\n\nHogy mit takar az okos dekor\u00e1ci\u00f3? A hatsz\u00f6glet\u0171 m\u00e9hsejt forma lehet\u0151v\u00e9 teszi, hogy v\u00e9gtelen elrendez\u00e9si m\u00f3don dekor\u00e1ljunk a v\u00e1s\u00e1rolt elemekkel. \n\nA legfontosabb el\u0151nyei, m\u00e1s dekor\u00e1ci\u00f3s megold\u00e1ssal szemben: \n- egy mozdulattal felrakhat\u00f3 b\u00e1rmilyen fel\u00fcletre (falra, szekr\u00e9nyre, \u00fcvegre stb )\n- nincs sz\u00fcks\u00e9g sz\u00f6gre \u00e9s kalap\u00e1csra a felhelyez\u00e9shez\n- nincsenek tov\u00e1bbi k\u00f6lts\u00e9geid, hiszen nem kell keretet is v\u00e1s\u00e1rolni\n- nyom n\u00e9lk\u00fcl \u00e1thelyezhet\u0151, t\u00f6bbsz\u00f6r is\n\nA k\u00e9pen l\u00e1that\u00f3 kieg\u00e9sz\u00edt\u0151 dekor\u00e1ci\u00f3s k\u00f6rnyezet csak illusztr\u00e1ci\u00f3, ami nem k\u00e9pezi a term\u00e9k r\u00e9sz\u00e9t. A m\u00e9retar\u00e1ny nem felt\u00e9tlen\u00fcl felel meg a val\u00f3s\u00e1gnak. A pontos m\u00e9retet a term\u00e9kle\u00edr\u00e1sban l\u00e1thatod:\n\nTerm\u00e9kle\u00edr\u00e1s:\nHatsz\u00f6g forma, melynek a m\u00e9rete 231x200 mm\nMin\u0151s\u00e9gi matt fot\u00f3pap\u00edrra k\u00e9sz\u00fcl\u0151 nyomat, amely 5 mm-es feh\u00e9r habkartonra van kas\u00edrozva.\nA fot\u00f3 szint\u00e9n 5 mm-es habkartonra van kas\u00edrozva, f\u00e9nyes fot\u00f3pap\u00edron (140x90 mm)\nR\u00f6gz\u00edt\u00e9se speci\u00e1lis ragaszt\u00e1si technol\u00f3gi\u00e1val t\u00f6rt\u00e9nik, amivel a dekor\u00e1ci\u00f3 nyom n\u00e9lk\u00fcl \u00e1thelyezhet\u0151 ak\u00e1r t\u00f6bbsz\u00f6r is.\n\nSzerz\u0151i jog:\nA boltomban tal\u00e1lhat\u00f3 \u00f6sszes term\u00e9k a saj\u00e1t alkot\u00e1som \u00e9s szerz\u0151i jog v\u00e9di. \nSemmilyen form\u00e1ban nem m\u00e1solhat\u00f3, gy\u00e1rthat\u00f3 \u00e9s sokszoros\u00edthat\u00f3. \n\nAz \u00e1r egy darab term\u00e9kre vonatkozik.\n\nHa k\u00edv\u00e1ncsi vagy a t\u00f6bbi term\u00e9kemre, akkor n\u00e9zz k\u00f6r\u00fcl a boltomban. A bal fels\u0151 s\u00e1vban tal\u00e1lhat\u00f3 Polcok a boltban men\u00fcre kattintva v\u00e1logathatsz a kateg\u00f3ri\u00e1k k\u00f6z\u00f6tt.\nhttps:\/\/www.meska.hu\/Shop\/index\/29709\n\n--- Ultra Expressz 1 munkanapos elk\u00e9sz\u00edt\u00e9s ---\nHa szeretn\u00e9d extra gyorsan megkapni ezt a term\u00e9ket (mert s\u00fcrget az id\u0151 vagy utols\u00f3 pillanatban kerest\u00e9l aj\u00e1nd\u00e9k \u00f6tletet), akkor v\u00e1laszd ezt az opci\u00f3t. Ebben az esetben a rendel\u00e9sed priorit\u00e1st \u00e9lvez.\n\n!FONTOS! Az Ultra Expressz opci\u00f3 a term\u00e9k elk\u00e9sz\u00edt\u00e9s\u00e9nek \u00e9s felad\u00e1s\u00e1nak az idej\u00e9t jelenti, ami ~3 helyett 1 munkanap! A csomagsz\u00e1ll\u00edt\u00e1s ezen fel\u00fcl ~1-3 munkanap az \u00e1ltalad v\u00e1lasztott m\u00f3don.\n\nHogyan tudod ig\u00e9nybe venni?\n\u2022 Rendeld meg a term\u00e9ket Ultra Expressz opci\u00f3val \u00e9s fizesd ki (bankk\u00e1rty\u00e1val vagy \u00e1tutal\u00e1ssal). \n\u2022 A le\u00edr\u00e1sban szerepl\u0151 minden sz\u00fcks\u00e9ges adatot adj meg (az \u00dczenet r\u00e9szben).\n\u2022 Ebben az esetben a rendel\u00e9sed soron k\u00edv\u00fcl elk\u00e9sz\u00edtem \u00e9s a k\u00f6vetkez\u0151 munkanapon m\u00e1r fel is adom a csomagod.","price":"8990.00","unit":"db","recommended":"0","status":"1","sponsored":"0","exp_notify":"0","own_material":"0","own_material_description_old":null,"own_material_description":"","jury":"0","jury_number":"","product_nature":"","meskaracsony":"0","create_date":"2026-03-20 17:48:18","shelve_id":"63393","image":"hexartdesign_product_371419_201111103250_826699.jpeg","image_width":"480","image_height":"480","image_alt":"Nagypapa aj\u00e1nd\u00e9k, csal\u00e1di fot\u00f3val - fali k\u00e9p, dekor (egyedi csal\u00e1dnevekkel, csal\u00e1di fot\u00f3val \u00e9s v\u00e1laszthat\u00f3 sz\u00ednekben), Hexart Design - Az okos dekor\u00e1ci\u00f3\\nNincs sz\u00fcks\u00e9g keretre \/ Kas\u00edrozott habkarton \/ Egy mozdulattal fel..., Meska","image_title":"Nagypapa aj\u00e1nd\u00e9k, csal\u00e1di fot\u00f3val - fali k\u00e9p, dekor (egyedi csal\u00e1dnevekkel, csal\u00e1di fot\u00f3val \u00e9s v\u00e1laszthat\u00f3 sz\u00ednekben), Meska","view_count":"3531","favourite_count":"0","trending_score":"0","last2MonthFavouriteCount":"0","promotion":0,"giftcard_accept":"1","creditcard_accept":true,"enhanced_background":"0","domain":"meska","specific_customer_id":null,"specific_customer_name":null,"to_order_product":"1","to_order_product_time":"3","product_different":"quite_different","product_different_description":"A sz\u00ednek minim\u00e1lisan elt\u00e9rhetnek a kijelz\u0151n l\u00e1that\u00f3 sz\u00ednekt\u0151l (mobil kijelz\u0151, monitor stb.)\nAz egyedi szem\u00e9lyre szabott dekor\u00e1ci\u00f3kn\u00e1l v\u00e1ltozik a sz\u00f6veg.","vintage":"0","vintage_category_id":"0","recycled":"0","gemstone_id":"0","customizable":"0","type_category":"physical","zerowaste":"0","postage_price":"1490.00","shop_order":"0","has_category":"1","landing_pages":"Ap\u00e1k napi aj\u00e1nd\u00e9kok, Ap\u00e1k napi aj\u00e1nd\u00e9kok, Ap\u00e1k napi aj\u00e1nd\u00e9kok, Ap\u00e1k napi aj\u00e1nd\u00e9kok","microdata":{"number":5,"category":""},"title":"Nagypapa aj\u00e1nd\u00e9k, csal\u00e1di fot\u00f3val - fali k\u00e9p, dekor (egyedi csal\u00e1dnevekkel, csal\u00e1di fot\u00f3val \u00e9s v\u00e1laszthat\u00f3 sz\u00ednekben)","description":"Hexart Design - Az okos dekor\u00e1ci\u00f3\nNincs sz\u00fcks\u00e9g keretre \/ Kas\u00edrozott habkarton \/ Egy mozdulattal felrakhat\u00f3 \/ B\u0151v\u00edthet\u0151\n\n~3 munkanapos elk\u00e9sz\u00edt\u00e9s, de ha igaz\u00e1n gyorsan van r\u00e1 sz\u00fcks\u00e9ged, akkor v\u00e1laszd az Ultra Expressz 1 munkanapos lehet\u0151s\u00e9get. Err\u0151l b\u0151vebben a le\u00edr\u00e1s alj\u00e1n, amit mindenk\u00e9ppen olvass el, hogy eld\u00f6nthesd melyik opci\u00f3t szeretn\u00e9d.\n\nN\u00e9ha neh\u00e9z megaj\u00e1nd\u00e9kozni a nagypap\u00e1t, mert sokkal jobban \u00f6r\u00fcl egy szem\u00e9lyes aj\u00e1nd\u00e9knak, mint b\u00e1rmilyen haszn\u00e1lati t\u00e1rgynak. Ha szeretn\u00e9l egy ilyen sz\u00edvhez sz\u00f3l\u00f3 dekor\u00e1ci\u00f3t aj\u00e1nd\u00e9kozni neki, akkor itt a lehet\u0151s\u00e9g. A boldogs\u00e1g \u00e9s meglepet\u00e9s garant\u00e1lt :) Egyedi sz\u00f6veggel, ahol a csal\u00e1dtagok neveit \u00e9s sz\u00fclet\u00e9si d\u00e1tum\u00e1t l\u00e1tja viszont \u00e9s egy csal\u00e1di fot\u00f3val, melyre r\u00e1n\u00e9zve mindig ott \u00e9rezheti az unok\u00e1kat, gyerekeket maga mellett.\n\nAz aj\u00e1nd\u00e9k igazi t\u00e9rhat\u00e1s\u00fa: nemcsak hogy a falt\u00f3l 5 mm-re kiemelkedik, hanem a rajta l\u00e9v\u0151 fot\u00f3 is egy plusz 5 mm-es kartonra van kas\u00edrozva. A 3. k\u00e9pen j\u00f3l l\u00e1that\u00f3, ahogy igazi t\u00e9rbeli m\u00e9lys\u00e9gei \u00e9s \u00e1rny\u00e9kai vannak ennek a t\u00edpus\u00fa fot\u00f3s dekor\u00e1ci\u00f3nak.\n\nRendel\u00e9skor a megjegyz\u00e9sben add meg:\n- a keresztneveket \u00e9s a hozz\u00e1juk tartoz\u00f3 sz\u00fclet\u00e9si d\u00e1tumokat\n- a v\u00e1lasztott sz\u00ednkombin\u00e1ci\u00f3 bet\u0171jel\u00e9t a 2. k\u00e9pr\u0151l. \n- a rendel\u00e9sed ut\u00e1n majd elk\u00fcldheted a r\u00e9szemre azt a fot\u00f3t, ami r\u00e1ker\u00fcl a dekor\u00e1ci\u00f3ra\n\nHogy mit takar az okos dekor\u00e1ci\u00f3? A hatsz\u00f6glet\u0171 m\u00e9hsejt forma lehet\u0151v\u00e9 teszi, hogy v\u00e9gtelen elrendez\u00e9si m\u00f3don dekor\u00e1ljunk a v\u00e1s\u00e1rolt elemekkel. \n\nA legfontosabb el\u0151nyei, m\u00e1s dekor\u00e1ci\u00f3s megold\u00e1ssal szemben: \n- egy mozdulattal felrakhat\u00f3 b\u00e1rmilyen fel\u00fcletre (falra, szekr\u00e9nyre, \u00fcvegre stb )\n- nincs sz\u00fcks\u00e9g sz\u00f6gre \u00e9s kalap\u00e1csra a felhelyez\u00e9shez\n- nincsenek tov\u00e1bbi k\u00f6lts\u00e9geid, hiszen nem kell keretet is v\u00e1s\u00e1rolni\n- nyom n\u00e9lk\u00fcl \u00e1thelyezhet\u0151, t\u00f6bbsz\u00f6r is\n\nA k\u00e9pen l\u00e1that\u00f3 kieg\u00e9sz\u00edt\u0151 dekor\u00e1ci\u00f3s k\u00f6rnyezet csak illusztr\u00e1ci\u00f3, ami nem k\u00e9pezi a term\u00e9k r\u00e9sz\u00e9t. A m\u00e9retar\u00e1ny nem felt\u00e9tlen\u00fcl felel meg a val\u00f3s\u00e1gnak. A pontos m\u00e9retet a term\u00e9kle\u00edr\u00e1sban l\u00e1thatod:\n\nTerm\u00e9kle\u00edr\u00e1s:\nHatsz\u00f6g forma, melynek a m\u00e9rete 231x200 mm\nMin\u0151s\u00e9gi matt fot\u00f3pap\u00edrra k\u00e9sz\u00fcl\u0151 nyomat, amely 5 mm-es feh\u00e9r habkartonra van kas\u00edrozva.\nA fot\u00f3 szint\u00e9n 5 mm-es habkartonra van kas\u00edrozva, f\u00e9nyes fot\u00f3pap\u00edron (140x90 mm)\nR\u00f6gz\u00edt\u00e9se speci\u00e1lis ragaszt\u00e1si technol\u00f3gi\u00e1val t\u00f6rt\u00e9nik, amivel a dekor\u00e1ci\u00f3 nyom n\u00e9lk\u00fcl \u00e1thelyezhet\u0151 ak\u00e1r t\u00f6bbsz\u00f6r is.\n\nSzerz\u0151i jog:\nA boltomban tal\u00e1lhat\u00f3 \u00f6sszes term\u00e9k a saj\u00e1t alkot\u00e1som \u00e9s szerz\u0151i jog v\u00e9di. \nSemmilyen form\u00e1ban nem m\u00e1solhat\u00f3, gy\u00e1rthat\u00f3 \u00e9s sokszoros\u00edthat\u00f3. \n\nAz \u00e1r egy darab term\u00e9kre vonatkozik.\n\nHa k\u00edv\u00e1ncsi vagy a t\u00f6bbi term\u00e9kemre, akkor n\u00e9zz k\u00f6r\u00fcl a boltomban. A bal fels\u0151 s\u00e1vban tal\u00e1lhat\u00f3 Polcok a boltban men\u00fcre kattintva v\u00e1logathatsz a kateg\u00f3ri\u00e1k k\u00f6z\u00f6tt.\nhttps:\/\/www.meska.hu\/Shop\/index\/29709\n\n--- Ultra Expressz 1 munkanapos elk\u00e9sz\u00edt\u00e9s ---\nHa szeretn\u00e9d extra gyorsan megkapni ezt a term\u00e9ket (mert s\u00fcrget az id\u0151 vagy utols\u00f3 pillanatban kerest\u00e9l aj\u00e1nd\u00e9k \u00f6tletet), akkor v\u00e1laszd ezt az opci\u00f3t. Ebben az esetben a rendel\u00e9sed priorit\u00e1st \u00e9lvez.\n\n!FONTOS! Az Ultra Expressz opci\u00f3 a term\u00e9k elk\u00e9sz\u00edt\u00e9s\u00e9nek \u00e9s felad\u00e1s\u00e1nak az idej\u00e9t jelenti, ami ~3 helyett 1 munkanap! A csomagsz\u00e1ll\u00edt\u00e1s ezen fel\u00fcl ~1-3 munkanap az \u00e1ltalad v\u00e1lasztott m\u00f3don.\n\nHogyan tudod ig\u00e9nybe venni?\n\u2022 Rendeld meg a term\u00e9ket Ultra Expressz opci\u00f3val \u00e9s fizesd ki (bankk\u00e1rty\u00e1val vagy \u00e1tutal\u00e1ssal). \n\u2022 A le\u00edr\u00e1sban szerepl\u0151 minden sz\u00fcks\u00e9ges adatot adj meg (az \u00dczenet r\u00e9szben).\n\u2022 Ebben az esetben a rendel\u00e9sed soron k\u00edv\u00fcl elk\u00e9sz\u00edtem \u00e9s a k\u00f6vetkez\u0151 munkanapon m\u00e1r fel is adom a csomagod.","score":0,"formatted_price":"8 990 Ft","image_url":"https:\/\/www.meska.hu\/img\/product\/small\/h\/e\/hexartdesign_product_371419_201111103250_826699.jpeg","formatted_url":"https:\/\/www.meska.hu\/p3914497-nagypapa-ajandek-csaladi-fotoval-fali-kep-dekor-egyedi-csaladnevekkel-csaladi-fotoval-es-valaszthato-szinekben","favourite":false,"in_stock":false,"avatar":"Hexartdesign_avatar_371419_1589358772.jpg","delete_from":0,"is_enhanced_background":false,"is_enhanced":false,"product_selection_started":false,"is_active":true,"image_webp_url":"https:\/\/www.meska.hu\/img\/product\/small\/h\/e\/hexartdesign_product_371419_201111103250_826699.webp"},{"id":"4800172","shop_id":"20592","user_id":"185854","shop_name":"hetenyieva","shop_zip":"6723","product_code":"4959298","product_name_old":null,"product_name":"Padlizs\u00e1n - els\u0151 zsebes v\u00edz\u00e1ll\u00f3 h\u00e1tit\u00e1ska- val\u00f3di b\u0151rrel - laptopt\u00e1ska - aj\u00e1nd\u00e9k- HEVA t\u00e1ska ","category_string":"T\u00e1ska & Tok, H\u00e1tizs\u00e1k, Roll top h\u00e1tizs\u00e1k","technic_string":"Varr\u00e1s, B\u0151rm\u0171vess\u00e9g","category_1":"464","category_2":"465","category_3":"1028","category_4":"0","merged_category_1":null,"merged_category_2":null,"merged_category_3":null,"technic_1":"506","technic_2":"473","technic_3":"0","color_1":"520","color_2":"522","color_3":"0","product_description_old":null,"product_description":"Padlizs\u00e1n marhab\u0151rrel, \u00e9s padlizs\u00e1n v\u00edz\u00e1ll\u00f3 sz\u00f6vettel k\u00e9sz\u00fclt  a t\u00e1ska eleje, h\u00e1ta fekete vastag v\u00edz\u00e1ll\u00f3 sz\u00f6vet. Letekerhet\u0151 - roll top - h\u00e1tizs\u00e1k, v\u00edz\u00e1ll\u00f3, a gy\u00f6ngyv\u00e1szon r\u00e9teg al\u00e1 textilb\u0151r is ker\u00fclt. Er\u0151s, - min\u0151s\u00e9gi alapanyagokkal k\u00e9sz\u00fclt v\u00e1rosi t\u00e1ska,  kisebb laptop \u00e9s A\/4 f\u00fczet is elf\u00e9r benne, 10 cm sz\u00e9les talp r\u00e9sze j\u00f3l pakolhat\u00f3v\u00e1 teszi a h\u00e1tizs\u00e1kot.\n\nMarhab\u0151r k\u00e9zif\u00fcllel, \u00e9s marhab\u0151r + cipz\u00e1ras \u00e1ll\u00edthat\u00f3 karabineres z\u00e1r\u00f3d\u00e1ssal. Elej\u00e9n praktikus nagy m\u00e9ret\u0171 cipz\u00e1ras zseb tal\u00e1lhat\u00f3, ahol kulcs, telefon, k\u00e9nyelmesen elf\u00e9r, nem kell a t\u00e1sk\u00e1t ki-be csatolni, k\u00f6nnyed\u00e9n el\u00e9rhet\u0151. \n\nK\u00e9nyelmes, b\u00e9lelt hevederp\u00e1ntokat kapott. M\u00e9rete t\u00f6k\u00e9letes, minden elf\u00e9r benne, amire a h\u00e9tk\u00f6znapokon sz\u00fcks\u00e9g lehet. Belsej\u00e9ben  100% pamut b\u00e9l\u00e9s \u00e9s  2 db bels\u0151zseb  is tal\u00e1lhat\u00f3 ahol a legfontosabb dolgaid tarthatod. \n\nJ\u00f3 tart\u00e1s\u00fa t\u00e1ska, vatelinnel- t\u00e1skamerev\u00edt\u0151vel \u00f6sszedolgozott, 4  r\u00e9tegben b\u00e9lelt, merev\u00edtett. \n\nHossza: 40-42 cm\nTeljesen kitekerve: 57 cm cipz\u00e1rral z\u00e1rhat\u00f3\nSz\u00e9less\u00e9ge: 33 cm\nTalp: 10 cm \nP\u00e1nt: \u00e1ll\u00edthat\u00f3, puha \u00e9s k\u00e9nyelmes b\u00e9lelt heveder.\nTeteje cipz\u00e1rral \u00e9s karabinerrel z\u00e1rhat\u00f3.\n\nRendelhet\u0151 neszi\/tolltart\u00f3: 2.800 Ft. \n\nAj\u00e1nd\u00e9knak is szeretettel aj\u00e1nlom, mert egyedi k\u00e9zm\u0171ves term\u00e9ket \u00f6r\u00f6m adni \u00e9s kapni.\n\nK\u00f6sz\u00f6n\u00f6m a megtekint\u00e9st!","price":"16990.00","unit":"db","recommended":"0","status":"1","sponsored":"0","exp_notify":"0","own_material":"0","own_material_description_old":null,"own_material_description":"","jury":"0","jury_number":"","product_nature":"","meskaracsony":"0","create_date":"2026-04-14 23:58:01","shelve_id":"48405","image":"hetenyieva_product_185854_230421165950_33593.jpeg","image_width":"480","image_height":"625","image_alt":"Padlizs\u00e1n - els\u0151 zsebes v\u00edz\u00e1ll\u00f3 h\u00e1tit\u00e1ska- val\u00f3di b\u0151rrel - laptopt\u00e1ska - aj\u00e1nd\u00e9k- HEVA t\u00e1ska , Padlizs\u00e1n marhab\u0151rrel, \u00e9s padlizs\u00e1n v\u00edz\u00e1ll\u00f3 sz\u00f6vettel k\u00e9sz\u00fclt  a t\u00e1ska eleje, h\u00e1ta fekete vastag v\u00edz..., Meska","image_title":"Padlizs\u00e1n - els\u0151 zsebes v\u00edz\u00e1ll\u00f3 h\u00e1tit\u00e1ska- val\u00f3di b\u0151rrel - laptopt\u00e1ska - aj\u00e1nd\u00e9k- HEVA t\u00e1ska , Meska","view_count":"3518","favourite_count":"0","trending_score":"0","last2MonthFavouriteCount":"0","promotion":"0","giftcard_accept":"1","creditcard_accept":false,"enhanced_background":"0","domain":"meska","specific_customer_id":null,"specific_customer_name":null,"to_order_product":"1","to_order_product_time":"5","product_different":null,"product_different_description":"","vintage":"0","vintage_category_id":"0","recycled":"0","gemstone_id":"0","customizable":"0","type_category":"physical","zerowaste":"0","postage_price":"1290.00","shop_order":"1","has_category":"1","landing_pages":null,"microdata":{"number":6,"category":""},"title":"Padlizs\u00e1n - els\u0151 zsebes v\u00edz\u00e1ll\u00f3 h\u00e1tit\u00e1ska- val\u00f3di b\u0151rrel - laptopt\u00e1ska - aj\u00e1nd\u00e9k- HEVA t\u00e1ska ","description":"Padlizs\u00e1n marhab\u0151rrel, \u00e9s padlizs\u00e1n v\u00edz\u00e1ll\u00f3 sz\u00f6vettel k\u00e9sz\u00fclt  a t\u00e1ska eleje, h\u00e1ta fekete vastag v\u00edz\u00e1ll\u00f3 sz\u00f6vet. Letekerhet\u0151 - roll top - h\u00e1tizs\u00e1k, v\u00edz\u00e1ll\u00f3, a gy\u00f6ngyv\u00e1szon r\u00e9teg al\u00e1 textilb\u0151r is ker\u00fclt. Er\u0151s, - min\u0151s\u00e9gi alapanyagokkal k\u00e9sz\u00fclt v\u00e1rosi t\u00e1ska,  kisebb laptop \u00e9s A\/4 f\u00fczet is elf\u00e9r benne, 10 cm sz\u00e9les talp r\u00e9sze j\u00f3l pakolhat\u00f3v\u00e1 teszi a h\u00e1tizs\u00e1kot.\n\nMarhab\u0151r k\u00e9zif\u00fcllel, \u00e9s marhab\u0151r + cipz\u00e1ras \u00e1ll\u00edthat\u00f3 karabineres z\u00e1r\u00f3d\u00e1ssal. Elej\u00e9n praktikus nagy m\u00e9ret\u0171 cipz\u00e1ras zseb tal\u00e1lhat\u00f3, ahol kulcs, telefon, k\u00e9nyelmesen elf\u00e9r, nem kell a t\u00e1sk\u00e1t ki-be csatolni, k\u00f6nnyed\u00e9n el\u00e9rhet\u0151. \n\nK\u00e9nyelmes, b\u00e9lelt hevederp\u00e1ntokat kapott. M\u00e9rete t\u00f6k\u00e9letes, minden elf\u00e9r benne, amire a h\u00e9tk\u00f6znapokon sz\u00fcks\u00e9g lehet. Belsej\u00e9ben  100% pamut b\u00e9l\u00e9s \u00e9s  2 db bels\u0151zseb  is tal\u00e1lhat\u00f3 ahol a legfontosabb dolgaid tarthatod. \n\nJ\u00f3 tart\u00e1s\u00fa t\u00e1ska, vatelinnel- t\u00e1skamerev\u00edt\u0151vel \u00f6sszedolgozott, 4  r\u00e9tegben b\u00e9lelt, merev\u00edtett. \n\nHossza: 40-42 cm\nTeljesen kitekerve: 57 cm cipz\u00e1rral z\u00e1rhat\u00f3\nSz\u00e9less\u00e9ge: 33 cm\nTalp: 10 cm \nP\u00e1nt: \u00e1ll\u00edthat\u00f3, puha \u00e9s k\u00e9nyelmes b\u00e9lelt heveder.\nTeteje cipz\u00e1rral \u00e9s karabinerrel z\u00e1rhat\u00f3.\n\nRendelhet\u0151 neszi\/tolltart\u00f3: 2.800 Ft. \n\nAj\u00e1nd\u00e9knak is szeretettel aj\u00e1nlom, mert egyedi k\u00e9zm\u0171ves term\u00e9ket \u00f6r\u00f6m adni \u00e9s kapni.\n\nK\u00f6sz\u00f6n\u00f6m a megtekint\u00e9st!","score":0,"formatted_price":"16 990 Ft","image_url":"https:\/\/www.meska.hu\/img\/product\/small\/h\/e\/hetenyieva_product_185854_230421165950_33593.jpeg","formatted_url":"https:\/\/www.meska.hu\/p4959298-padlizsan-elso-zsebes-vizallo-hatitaska-valodi-borrel-laptoptaska","favourite":false,"in_stock":false,"avatar":"hetenyieva_avatar_185854_1518111413.jpg","delete_from":0,"is_enhanced_background":false,"is_enhanced":false,"product_selection_started":false,"is_active":true,"image_webp_url":"https:\/\/www.meska.hu\/img\/product\/small\/h\/e\/hetenyieva_product_185854_230421165950_33593.webp"},{"id":"3410286","shop_id":"18878","user_id":"173903","shop_name":"paracordmania","shop_zip":"1183","product_code":"3681918","product_name_old":null,"product_name":"- 100 kobra - 2 IN 1 \u00e1ll\u00edthat\u00f3 m\u00e9ret\u0171 paracord kark\u00f6t\u0151","category_string":"\u00c9kszer, Kark\u00f6t\u0151, Fonott kark\u00f6t\u0151","technic_string":"Csom\u00f3z\u00e1s, \u00c9kszerk\u00e9sz\u00edt\u00e9s","category_1":"327","category_2":"333","category_3":"1232","category_4":"0","merged_category_1":"0","merged_category_2":"0","merged_category_3":"0","technic_1":"475","technic_2":"477","technic_3":"0","color_1":"522","color_2":"523","color_3":"525","product_description_old":null,"product_description":"Aj\u00e1nd\u00e9knak sz\u00e1nod ezt a term\u00e9ket? Szeretn\u00e9l hozz\u00e1 egyedi d\u00edszcsomagol\u00e1st? Akkor eg\u00e9sz\u00edtsd ki a v\u00e1s\u00e1rl\u00e1sod grav\u00edrozott k\u00eds\u00e9r\u0151 k\u00e1rty\u00e1val \u00e9s ez\u00fcst sz\u00edn\u0171 szat\u00e9n aj\u00e1nd\u00e9ktasakkal (utols\u00f3 k\u00e9p). A d\u00edszcsomagol\u00e1st a \u201eKieg\u00e9sz\u00edt\u0151\u201d leg\u00f6rd\u00fcl\u0151 men\u00fcben adhatod a kosaradhoz. A k\u00e1rtya 34x51 mm-es egy oldal\u00e1n grav\u00edrozott ny\u00e1rfa r\u00e9tegelt lemez, a tetej\u00e9n lyukkal, amivel a szat\u00e9n tasakra (a m\u00e9rete 100x150 mm) r\u00f6gz\u00edtheted. A grav\u00edrozand\u00f3 sz\u00f6veget a Kos\u00e1rban, az \u00dczenet r\u00e9szben adhatod meg.\n--- --- --- --- --- ---\n\nHa p\u00e1rban venn\u00e9d, akkor kedvezm\u00e9nyes \u00e1ron itt tal\u00e1lod: https:\/\/www.meska.hu\/t1890851-red-shield-kobra-paros-vedelem-karkoto-2-db\n\nAz egyik legn\u00e9pszer\u0171bb paracord kark\u00f6t\u0151 a Kobra fon\u00e1s \u00fajragondol\u00e1sa ez a kark\u00f6t\u0151.\n2 IN 1: ami azt jelenti, hogy ki is ford\u00edthatod a kark\u00f6t\u0151t, \u00edgy a sz\u00ednek megcser\u00e9l\u0151dnek \u00e9s ez\u00e9rt hozz\u00e1 igaz\u00edthatod az aktu\u00e1lis kedvedhez vagy \u00f6lt\u00f6z\u00e9kedhez.\n\nA klasszikus 550 paracord helyett, nagyon v\u00e9kony 100-as paracordb\u00f3l k\u00e9sz\u00fcl, \u00edgy egy eleg\u00e1nsabb kark\u00f6t\u0151t kapunk. A m\u00e9rete \u00e1ll\u00edthat\u00f3, \u00edgy 15-21 cm-es csukl\u00f3ra is k\u00e9nyelmesen be\u00e1ll\u00edthat\u00f3. Mind\u00f6ssze 10 mm vastag. A fonott r\u00e9sz 17 cm.\n\nHordhatod \u00f6n\u00e1ll\u00f3 kark\u00f6t\u0151k\u00e9nt, vagy ak\u00e1r valamilyen \u00e1sv\u00e1ny kark\u00f6t\u0151vel kieg\u00e9sz\u00edtve. V\u00e9konys\u00e1ga miatt j\u00f3l sorolhat\u00f3. \u00c1ll\u00edthat\u00f3 m\u00e9rete miatt aj\u00e1nd\u00e9knak is kiv\u00e1l\u00f3.\n\nA fon\u00e1s lehet egyszin\u0171 vagy k\u00e9tszin\u0171. A k\u00e9pen a k\u00e9tsz\u00edn\u0171 verzi\u00f3 l\u00e1that\u00f3:\n\n\u2022 25 \u00dcde r\u00f3zsasz\u00edn\n\u2022 29 Levendula\n\nRendel\u00e9skor add meg:\n- egyszin\u0171t vagy k\u00e9tszin\u0171t szeretn\u00e9l\n- a sz\u00ednek sorsz\u00e1m\u00e1t","price":"5790.00","unit":"db","recommended":"0","status":"1","sponsored":"0","exp_notify":"0","own_material":"0","own_material_description_old":null,"own_material_description":"","jury":"0","jury_number":"","product_nature":"","meskaracsony":"0","create_date":"2026-04-01 17:14:36","shelve_id":"46880","image":"paracordmania_product_173903_200318154535_589499.jpeg","image_width":"480","image_height":"480","image_alt":"- 100 kobra - 2 IN 1 \u00e1ll\u00edthat\u00f3 m\u00e9ret\u0171 paracord kark\u00f6t\u0151, Aj\u00e1nd\u00e9knak sz\u00e1nod ezt a term\u00e9ket? Szeretn\u00e9l hozz\u00e1 egyedi d\u00edszcsomagol\u00e1st? Akkor eg\u00e9sz\u00edtsd ki a v\u00e1s\u00e1r..., Meska","image_title":"- 100 kobra - 2 IN 1 \u00e1ll\u00edthat\u00f3 m\u00e9ret\u0171 paracord kark\u00f6t\u0151, Meska","view_count":"3096","favourite_count":"0","trending_score":"0","last2MonthFavouriteCount":"0","promotion":0,"giftcard_accept":"1","creditcard_accept":true,"enhanced_background":"0","domain":"meska","specific_customer_id":null,"specific_customer_name":null,"to_order_product":"1","to_order_product_time":"2","product_different":"not_different","product_different_description":"","vintage":"0","vintage_category_id":"0","recycled":"0","gemstone_id":"0","customizable":"1","type_category":"physical","zerowaste":"0","postage_price":"3455.00","shop_order":"0","has_category":"1","landing_pages":null,"microdata":{"number":7,"category":""},"title":"- 100 kobra - 2 IN 1 \u00e1ll\u00edthat\u00f3 m\u00e9ret\u0171 paracord kark\u00f6t\u0151","description":"Aj\u00e1nd\u00e9knak sz\u00e1nod ezt a term\u00e9ket? Szeretn\u00e9l hozz\u00e1 egyedi d\u00edszcsomagol\u00e1st? Akkor eg\u00e9sz\u00edtsd ki a v\u00e1s\u00e1rl\u00e1sod grav\u00edrozott k\u00eds\u00e9r\u0151 k\u00e1rty\u00e1val \u00e9s ez\u00fcst sz\u00edn\u0171 szat\u00e9n aj\u00e1nd\u00e9ktasakkal (utols\u00f3 k\u00e9p). A d\u00edszcsomagol\u00e1st a \u201eKieg\u00e9sz\u00edt\u0151\u201d leg\u00f6rd\u00fcl\u0151 men\u00fcben adhatod a kosaradhoz. A k\u00e1rtya 34x51 mm-es egy oldal\u00e1n grav\u00edrozott ny\u00e1rfa r\u00e9tegelt lemez, a tetej\u00e9n lyukkal, amivel a szat\u00e9n tasakra (a m\u00e9rete 100x150 mm) r\u00f6gz\u00edtheted. A grav\u00edrozand\u00f3 sz\u00f6veget a Kos\u00e1rban, az \u00dczenet r\u00e9szben adhatod meg.\n--- --- --- --- --- ---\n\nHa p\u00e1rban venn\u00e9d, akkor kedvezm\u00e9nyes \u00e1ron itt tal\u00e1lod: https:\/\/www.meska.hu\/t1890851-red-shield-kobra-paros-vedelem-karkoto-2-db\n\nAz egyik legn\u00e9pszer\u0171bb paracord kark\u00f6t\u0151 a Kobra fon\u00e1s \u00fajragondol\u00e1sa ez a kark\u00f6t\u0151.\n2 IN 1: ami azt jelenti, hogy ki is ford\u00edthatod a kark\u00f6t\u0151t, \u00edgy a sz\u00ednek megcser\u00e9l\u0151dnek \u00e9s ez\u00e9rt hozz\u00e1 igaz\u00edthatod az aktu\u00e1lis kedvedhez vagy \u00f6lt\u00f6z\u00e9kedhez.\n\nA klasszikus 550 paracord helyett, nagyon v\u00e9kony 100-as paracordb\u00f3l k\u00e9sz\u00fcl, \u00edgy egy eleg\u00e1nsabb kark\u00f6t\u0151t kapunk. A m\u00e9rete \u00e1ll\u00edthat\u00f3, \u00edgy 15-21 cm-es csukl\u00f3ra is k\u00e9nyelmesen be\u00e1ll\u00edthat\u00f3. Mind\u00f6ssze 10 mm vastag. A fonott r\u00e9sz 17 cm.\n\nHordhatod \u00f6n\u00e1ll\u00f3 kark\u00f6t\u0151k\u00e9nt, vagy ak\u00e1r valamilyen \u00e1sv\u00e1ny kark\u00f6t\u0151vel kieg\u00e9sz\u00edtve. V\u00e9konys\u00e1ga miatt j\u00f3l sorolhat\u00f3. \u00c1ll\u00edthat\u00f3 m\u00e9rete miatt aj\u00e1nd\u00e9knak is kiv\u00e1l\u00f3.\n\nA fon\u00e1s lehet egyszin\u0171 vagy k\u00e9tszin\u0171. A k\u00e9pen a k\u00e9tsz\u00edn\u0171 verzi\u00f3 l\u00e1that\u00f3:\n\n\u2022 25 \u00dcde r\u00f3zsasz\u00edn\n\u2022 29 Levendula\n\nRendel\u00e9skor add meg:\n- egyszin\u0171t vagy k\u00e9tszin\u0171t szeretn\u00e9l\n- a sz\u00ednek sorsz\u00e1m\u00e1t","score":0,"formatted_price":"5 790 Ft","image_url":"https:\/\/www.meska.hu\/img\/product\/small\/p\/a\/paracordmania_product_173903_200318154535_589499.jpeg","formatted_url":"https:\/\/www.meska.hu\/p3681918-100-kobra-2-in-1-allithato-meretu-paracord-karkoto","favourite":false,"in_stock":false,"avatar":"paracordmania_avatar_173903_1581629068.jpg","delete_from":0,"is_enhanced_background":false,"is_enhanced":false,"product_selection_started":false,"is_active":true,"image_webp_url":"https:\/\/www.meska.hu\/img\/product\/small\/p\/a\/paracordmania_product_173903_200318154535_589499.webp"},{"id":"3418402","shop_id":"18878","user_id":"173903","shop_name":"paracordmania","shop_zip":"1183","product_code":"3682399","product_name_old":null,"product_name":"- Text horgonyos - p\u00e1ros egyedi bet\u0171s \u00e1ll\u00edthat\u00f3 m\u00e9ret\u0171 paracord kark\u00f6t\u0151 ","category_string":"\u00c9kszer, Kark\u00f6t\u0151, N\u00e9vre sz\u00f3l\u00f3 kark\u00f6t\u0151","technic_string":"Csom\u00f3z\u00e1s, \u00c9kszerk\u00e9sz\u00edt\u00e9s","category_1":"327","category_2":"333","category_3":"1237","category_4":"0","merged_category_1":"0","merged_category_2":"0","merged_category_3":"0","technic_1":"475","technic_2":"477","technic_3":"0","color_1":"520","color_2":"521","color_3":"522","product_description_old":null,"product_description":"Aj\u00e1nd\u00e9knak sz\u00e1nod ezt a term\u00e9ket? Szeretn\u00e9l hozz\u00e1 egyedi d\u00edszcsomagol\u00e1st? Akkor eg\u00e9sz\u00edtsd ki a v\u00e1s\u00e1rl\u00e1sod grav\u00edrozott k\u00eds\u00e9r\u0151 k\u00e1rty\u00e1val \u00e9s ez\u00fcst sz\u00edn\u0171 szat\u00e9n aj\u00e1nd\u00e9ktasakkal (utols\u00f3 k\u00e9p). A d\u00edszcsomagol\u00e1st a \u201eKieg\u00e9sz\u00edt\u0151\u201d leg\u00f6rd\u00fcl\u0151 men\u00fcben adhatod a kosaradhoz. A k\u00e1rtya 34x51 mm-es egy oldal\u00e1n grav\u00edrozott ny\u00e1rfa r\u00e9tegelt lemez, a tetej\u00e9n lyukkal, amivel a szat\u00e9n tasakra (a m\u00e9rete 100x150 mm) r\u00f6gz\u00edtheted. A grav\u00edrozand\u00f3 sz\u00f6veget a Kos\u00e1rban, az \u00dczenet r\u00e9szben adhatod meg.\n--- --- --- --- --- ---\n\nP\u00e1ros kark\u00f6t\u0151 = kedvez\u0151bb \u00e1r\n\n\u00d6tletek:\n- gyermeked neve\n- gyermek sz\u00fclet\u00e9si d\u00e1tuma\n- h\u00e1zass\u00e1gi \u00e9vfordul\u00f3\n- monogramok\n- motiv\u00e1l\u00f3 szavak\n- kedvenc h\u00e1zi\u00e1llatod neve\n- p\u00e1ros kark\u00f6t\u0151nek, szivecsk\u00e9vel a p\u00e1rod monogramja\n\nA bet\u0171s r\u00e9sz maximum 8 karakter lehet \u00e9s csak az angol ABC bet\u0171it (magyar \u00e9kezetek nincsenek) \u00e9s sz\u00e1mokat (0-9) tartalmazhat, \u00edgy ak\u00e1r b\u00e1rmilyen d\u00e1tum is k\u00e9rhet\u0151. 2 sp\u00e9ci karakter van: hashtag # \u00e9s szivecske \u2665\nSz\u00f3k\u00f6z karakter nincs ez\u00e9rt vagy egybe irand\u00f3 a k\u00e9rt sz\u00f6veg, vagy a k\u00e9t speci\u00e1lis karakterrel elv\u00e1laszthat\u00f3.\n\nEzeket figyelembe v\u00e9ve add le a rendel\u00e9st \u00e9s v\u00e1laszd ki hozz\u00e1 a mell\u00e9kelt sz\u00ednmint\u00e1b\u00f3l, hogy milyen sz\u00edn\u0171 paracord sz\u00e1lra szeretn\u00e9d a kark\u00f6t\u0151t.\n\n--------------------\nA term\u00e9k le\u00edr\u00e1sa: \n\nApr\u00f3 bronz sz\u00edn\u0171 horgony a kapocs. A bet\u0171k 6x6 mm-es akril kock\u00e1k. V\u00e9kony \u00e9s tart\u00f3s paracord sz\u00e1lra f\u0171zve. \n\nA m\u00e9rete \u00e1ll\u00edthat\u00f3, \u00edgy 15-21 cm-es csukl\u00f3ra is k\u00e9nyelmesen be\u00e1ll\u00edthat\u00f3. \u00c9ppen ez\u00e9rt aj\u00e1nd\u00e9knak is kiv\u00e1l\u00f3.\n\nRendel\u00e9skor add meg:\n- a k\u00e9rt sz\u00f6veget a fent le\u00edrtak szerint\n- a paracord sz\u00edn sorsz\u00e1m\u00e1t\n\nAz \u00e1r k\u00e9t darab term\u00e9kre vonatkozik.\n\n\u00c1MPVK","price":"8890.00","unit":"db","recommended":"0","status":"1","sponsored":"0","exp_notify":"0","own_material":"0","own_material_description_old":null,"own_material_description":"","jury":"0","jury_number":"","product_nature":"","meskaracsony":"0","create_date":"2026-01-29 21:54:00","shelve_id":"61157","image":"paracordmania_product_173903_200319132320_856444.jpeg","image_width":"480","image_height":"480","image_alt":"- Text horgonyos - p\u00e1ros egyedi bet\u0171s \u00e1ll\u00edthat\u00f3 m\u00e9ret\u0171 paracord kark\u00f6t\u0151 , Aj\u00e1nd\u00e9knak sz\u00e1nod ezt a term\u00e9ket? Szeretn\u00e9l hozz\u00e1 egyedi d\u00edszcsomagol\u00e1st? Akkor eg\u00e9sz\u00edtsd ki a v\u00e1s\u00e1r..., Meska","image_title":"- Text horgonyos - p\u00e1ros egyedi bet\u0171s \u00e1ll\u00edthat\u00f3 m\u00e9ret\u0171 paracord kark\u00f6t\u0151 , Meska","view_count":"3070","favourite_count":"0","trending_score":"0","last2MonthFavouriteCount":"0","promotion":0,"giftcard_accept":"1","creditcard_accept":true,"enhanced_background":"0","domain":"meska","specific_customer_id":null,"specific_customer_name":null,"to_order_product":"1","to_order_product_time":"2","product_different":"quite_different","product_different_description":"Egyedi sz\u00f6veg ig\u00e9nnyel k\u00e9sz\u00fcl, ez\u00e9rt a fot\u00f3hoz k\u00e9pest elt\u00e9r\u00e9sek lehetnek. ","vintage":"0","vintage_category_id":"0","recycled":"0","gemstone_id":"0","customizable":"0","type_category":"physical","zerowaste":"0","postage_price":"3455.00","shop_order":"0","has_category":"1","landing_pages":"Valentin-napi aj\u00e1nd\u00e9kok","microdata":{"number":8,"category":""},"title":"- Text horgonyos - p\u00e1ros egyedi bet\u0171s \u00e1ll\u00edthat\u00f3 m\u00e9ret\u0171 paracord kark\u00f6t\u0151 ","description":"Aj\u00e1nd\u00e9knak sz\u00e1nod ezt a term\u00e9ket? Szeretn\u00e9l hozz\u00e1 egyedi d\u00edszcsomagol\u00e1st? Akkor eg\u00e9sz\u00edtsd ki a v\u00e1s\u00e1rl\u00e1sod grav\u00edrozott k\u00eds\u00e9r\u0151 k\u00e1rty\u00e1val \u00e9s ez\u00fcst sz\u00edn\u0171 szat\u00e9n aj\u00e1nd\u00e9ktasakkal (utols\u00f3 k\u00e9p). A d\u00edszcsomagol\u00e1st a \u201eKieg\u00e9sz\u00edt\u0151\u201d leg\u00f6rd\u00fcl\u0151 men\u00fcben adhatod a kosaradhoz. A k\u00e1rtya 34x51 mm-es egy oldal\u00e1n grav\u00edrozott ny\u00e1rfa r\u00e9tegelt lemez, a tetej\u00e9n lyukkal, amivel a szat\u00e9n tasakra (a m\u00e9rete 100x150 mm) r\u00f6gz\u00edtheted. A grav\u00edrozand\u00f3 sz\u00f6veget a Kos\u00e1rban, az \u00dczenet r\u00e9szben adhatod meg.\n--- --- --- --- --- ---\n\nP\u00e1ros kark\u00f6t\u0151 = kedvez\u0151bb \u00e1r\n\n\u00d6tletek:\n- gyermeked neve\n- gyermek sz\u00fclet\u00e9si d\u00e1tuma\n- h\u00e1zass\u00e1gi \u00e9vfordul\u00f3\n- monogramok\n- motiv\u00e1l\u00f3 szavak\n- kedvenc h\u00e1zi\u00e1llatod neve\n- p\u00e1ros kark\u00f6t\u0151nek, szivecsk\u00e9vel a p\u00e1rod monogramja\n\nA bet\u0171s r\u00e9sz maximum 8 karakter lehet \u00e9s csak az angol ABC bet\u0171it (magyar \u00e9kezetek nincsenek) \u00e9s sz\u00e1mokat (0-9) tartalmazhat, \u00edgy ak\u00e1r b\u00e1rmilyen d\u00e1tum is k\u00e9rhet\u0151. 2 sp\u00e9ci karakter van: hashtag # \u00e9s szivecske \u2665\nSz\u00f3k\u00f6z karakter nincs ez\u00e9rt vagy egybe irand\u00f3 a k\u00e9rt sz\u00f6veg, vagy a k\u00e9t speci\u00e1lis karakterrel elv\u00e1laszthat\u00f3.\n\nEzeket figyelembe v\u00e9ve add le a rendel\u00e9st \u00e9s v\u00e1laszd ki hozz\u00e1 a mell\u00e9kelt sz\u00ednmint\u00e1b\u00f3l, hogy milyen sz\u00edn\u0171 paracord sz\u00e1lra szeretn\u00e9d a kark\u00f6t\u0151t.\n\n--------------------\nA term\u00e9k le\u00edr\u00e1sa: \n\nApr\u00f3 bronz sz\u00edn\u0171 horgony a kapocs. A bet\u0171k 6x6 mm-es akril kock\u00e1k. V\u00e9kony \u00e9s tart\u00f3s paracord sz\u00e1lra f\u0171zve. \n\nA m\u00e9rete \u00e1ll\u00edthat\u00f3, \u00edgy 15-21 cm-es csukl\u00f3ra is k\u00e9nyelmesen be\u00e1ll\u00edthat\u00f3. \u00c9ppen ez\u00e9rt aj\u00e1nd\u00e9knak is kiv\u00e1l\u00f3.\n\nRendel\u00e9skor add meg:\n- a k\u00e9rt sz\u00f6veget a fent le\u00edrtak szerint\n- a paracord sz\u00edn sorsz\u00e1m\u00e1t\n\nAz \u00e1r k\u00e9t darab term\u00e9kre vonatkozik.\n\n\u00c1MPVK","score":0,"formatted_price":"8 890 Ft","image_url":"https:\/\/www.meska.hu\/img\/product\/small\/p\/a\/paracordmania_product_173903_200319132320_856444.jpeg","formatted_url":"https:\/\/www.meska.hu\/p3682399-text-horgonyos-paros-egyedi-betus-allithato-meretu-paracord-karkoto","favourite":false,"in_stock":false,"avatar":"paracordmania_avatar_173903_1581629068.jpg","delete_from":0,"is_enhanced_background":false,"is_enhanced":false,"product_selection_started":false,"is_active":true,"image_webp_url":"https:\/\/www.meska.hu\/img\/product\/small\/p\/a\/paracordmania_product_173903_200319132320_856444.webp"},{"id":"2314799","shop_id":"690","user_id":"2092","shop_name":"Boriboszi","shop_zip":"2030","product_code":"4742364","product_name_old":null,"product_name":"\u00dcnnep - egyedi festett \u00fcveg m\u00e9sestart\u00f3 t\u00e1l","category_string":"Otthon & \u00c9letm\u00f3d, Gyertya, illat, aroma, M\u00e9cses \u00e9s m\u00e9csestart\u00f3","technic_string":"Festett t\u00e1rgyak, \u00dcvegm\u0171v\u00e9szet","category_1":"813","category_2":"415","category_3":"993","category_4":"0","merged_category_1":null,"merged_category_2":null,"merged_category_3":null,"technic_1":"481","technic_2":"505","technic_3":"0","color_1":"512","color_2":"522","color_3":"0","product_description_old":null,"product_description":"Nyugalmat \u00e9s \u00fcnnepi hangulatot \u00e1raszt ez nagy m\u00e9ret\u0171, mandala m\u00e9csestart\u00f3 t\u00e1ny\u00e9r.\n\nLila, m\u00e1lyva sz\u00edn\u00f6ssze\u00e1ll\u00edt\u00e1s\u00fa, 12-es szimmetri\u00e1j\u00fa mandala m\u00e9csestart\u00f3 t\u00e1l \u2013 ide\u00e1lis lak\u00e1sdekor\u00e1ci\u00f3 lehet aj\u00e1nd\u00e9kba, vagy saj\u00e1t otthonodba is.\u200b\n\nM\u00e1lyva \u00e9s lila sz\u00ednekkel dolgoztam, f\u00e9nyes- \u00e1ttetsz\u0151, valamint fed\u0151-op\u00e1los \u00e1rnyalatokat haszn\u00e1ltam, tov\u00e1bb\u00e1 az \u00f6sszhat\u00e1s \u00e9rdek\u00e9ben r\u00e9z kont\u00farral emeltem ki a mint\u00e1kat, \u00e9s sok helyen d\u00edsz\u00edtettem fest\u00e9kkel \u00e9s kont\u00farral egyar\u00e1nt.\n\nMinden egyes mandal\u00e1m, mint ez is, k\u00fcl\u00f6nleges st\u00edlusban k\u00e9sz\u00fclt, saj\u00e1t terv alapj\u00e1n, tiszt\u00edtott t\u00e9rben, r\u00e1hangol\u00f3d\u00e1ssal (medit\u00e1ci\u00f3s zene, f\u00fcst\u00f6l\u0151, stb. alkalmaz\u00e1s\u00e1val).\n\nSzimbolika:\nEz a mandala a sz\u00edneivel a korona csakra er\u0151s\u00edt\u00e9s\u00e9re is szolg\u00e1lhat.\nA mandala alapmint\u00e1j\u00e1ban a tizenkettes szimmetria tartalmazza a 3-as, 4-es \u00e9s 6-os szimmetri\u00e1kat is, \u00edgy tulajdonk\u00e9ppen egyszerre szolg\u00e1lja a v\u00e1ltoz\u00e1s \u00e9s kapcsolatteremt\u00e9s ir\u00e1nti v\u00e1gyat, \u00e9s kelti a hat\u00e1rozotts\u00e1g, a nyugalom, az egyens\u00faly \u00e9rz\u00e9s\u00e9t is.\n\nAdatok:\n\u00e1tm\u00e9r\u0151 18 cm \n\nTiszt\u00edt\u00e1sa enyh\u00e9n nedves (vizes) vagy sz\u00e1raz ruh\u00e1val.\n\n\nAz \u00fcvegt\u00e1rgyak eset\u00e9ben kiz\u00e1r\u00f3lag szem\u00e9lyes \u00e1tv\u00e9tel lehets\u00e9ges (Buda\u00f6rs\u00f6n).","price":"12900.00","unit":"db","recommended":"0","status":"1","sponsored":"0","exp_notify":"0","own_material":"0","own_material_description_old":null,"own_material_description":"","jury":"0","jury_number":"","product_nature":"","meskaracsony":"0","create_date":"2026-03-05 21:29:27","shelve_id":"1565","image":"boriboszi_product_2092_190829195848_921816.jpeg","image_width":"480","image_height":"465","image_alt":"\u00dcnnep - egyedi festett \u00fcveg m\u00e9sestart\u00f3 t\u00e1l, Nyugalmat \u00e9s \u00fcnnepi hangulatot \u00e1raszt ez nagy m\u00e9ret\u0171, mandala m\u00e9csestart\u00f3 t\u00e1ny\u00e9r.\\n\\nLila, m\u00e1lyva sz\u00edn..., Meska","image_title":"\u00dcnnep - egyedi festett \u00fcveg m\u00e9sestart\u00f3 t\u00e1l, Meska","view_count":"3104","favourite_count":"0","trending_score":"0","last2MonthFavouriteCount":"0","promotion":"0","giftcard_accept":"1","creditcard_accept":false,"enhanced_background":"0","domain":"meska","specific_customer_id":null,"specific_customer_name":null,"to_order_product":"0","to_order_product_time":"0","product_different":null,"product_different_description":"","vintage":"0","vintage_category_id":"0","recycled":"0","gemstone_id":"0","customizable":"0","type_category":"physical","zerowaste":"0","postage_price":"1250.00","shop_order":"0","has_category":"1","landing_pages":null,"microdata":{"number":9,"category":""},"title":"\u00dcnnep - egyedi festett \u00fcveg m\u00e9sestart\u00f3 t\u00e1l","description":"Nyugalmat \u00e9s \u00fcnnepi hangulatot \u00e1raszt ez nagy m\u00e9ret\u0171, mandala m\u00e9csestart\u00f3 t\u00e1ny\u00e9r.\n\nLila, m\u00e1lyva sz\u00edn\u00f6ssze\u00e1ll\u00edt\u00e1s\u00fa, 12-es szimmetri\u00e1j\u00fa mandala m\u00e9csestart\u00f3 t\u00e1l \u2013 ide\u00e1lis lak\u00e1sdekor\u00e1ci\u00f3 lehet aj\u00e1nd\u00e9kba, vagy saj\u00e1t otthonodba is.\u200b\n\nM\u00e1lyva \u00e9s lila sz\u00ednekkel dolgoztam, f\u00e9nyes- \u00e1ttetsz\u0151, valamint fed\u0151-op\u00e1los \u00e1rnyalatokat haszn\u00e1ltam, tov\u00e1bb\u00e1 az \u00f6sszhat\u00e1s \u00e9rdek\u00e9ben r\u00e9z kont\u00farral emeltem ki a mint\u00e1kat, \u00e9s sok helyen d\u00edsz\u00edtettem fest\u00e9kkel \u00e9s kont\u00farral egyar\u00e1nt.\n\nMinden egyes mandal\u00e1m, mint ez is, k\u00fcl\u00f6nleges st\u00edlusban k\u00e9sz\u00fclt, saj\u00e1t terv alapj\u00e1n, tiszt\u00edtott t\u00e9rben, r\u00e1hangol\u00f3d\u00e1ssal (medit\u00e1ci\u00f3s zene, f\u00fcst\u00f6l\u0151, stb. alkalmaz\u00e1s\u00e1val).\n\nSzimbolika:\nEz a mandala a sz\u00edneivel a korona csakra er\u0151s\u00edt\u00e9s\u00e9re is szolg\u00e1lhat.\nA mandala alapmint\u00e1j\u00e1ban a tizenkettes szimmetria tartalmazza a 3-as, 4-es \u00e9s 6-os szimmetri\u00e1kat is, \u00edgy tulajdonk\u00e9ppen egyszerre szolg\u00e1lja a v\u00e1ltoz\u00e1s \u00e9s kapcsolatteremt\u00e9s ir\u00e1nti v\u00e1gyat, \u00e9s kelti a hat\u00e1rozotts\u00e1g, a nyugalom, az egyens\u00faly \u00e9rz\u00e9s\u00e9t is.\n\nAdatok:\n\u00e1tm\u00e9r\u0151 18 cm \n\nTiszt\u00edt\u00e1sa enyh\u00e9n nedves (vizes) vagy sz\u00e1raz ruh\u00e1val.\n\n\nAz \u00fcvegt\u00e1rgyak eset\u00e9ben kiz\u00e1r\u00f3lag szem\u00e9lyes \u00e1tv\u00e9tel lehets\u00e9ges (Buda\u00f6rs\u00f6n).","score":0,"formatted_price":"12 900 Ft","image_url":"https:\/\/www.meska.hu\/img\/product\/small\/b\/o\/boriboszi_product_2092_190829195848_921816.jpeg","formatted_url":"https:\/\/www.meska.hu\/p4742364-unnep-egyedi-festett-uveg-mesestarto-tal","favourite":false,"in_stock":true,"avatar":"2092_avatar_1761491172.jpeg","delete_from":0,"is_enhanced_background":false,"is_enhanced":false,"product_selection_started":false,"is_active":true,"image_webp_url":"https:\/\/www.meska.hu\/img\/product\/small\/b\/o\/boriboszi_product_2092_190829195848_921816.webp"},{"id":"3457227","shop_id":"443","user_id":"1262","shop_name":"Arindaekszerek","shop_zip":"7432","product_code":"4369953","product_name_old":null,"product_name":"Siker ametiszt \u00e1sv\u00e1ny angyal nyakl\u00e1nc f\u00fclbeval\u00f3 szett kar\u00e1csonyi aj\u00e1nd\u00e9k \u00f6tlet n\u0151nek l\u00e1nynak","category_string":"\u00c9kszer, \u00c9kszerszett","technic_string":"\u00c9kszerk\u00e9sz\u00edt\u00e9s, Gy\u00f6ngyf\u0171z\u00e9s, gy\u00f6ngyh\u00edmz\u00e9s","category_1":"327","category_2":"330","category_3":"0","category_4":"0","merged_category_1":null,"merged_category_2":null,"merged_category_3":null,"technic_1":"477","technic_2":"485","technic_3":"0","color_1":"513","color_2":"518","color_3":"522","product_description_old":null,"product_description":"8 mm-es ametiszt \u00e1sv\u00e1nygy\u00f6ngyb\u0151l \u00e9s 8x6 mm-es krist\u00e1lysz\u00edn\u0171, f\u00e1nk alak\u00fa cseh csiszolt gy\u00f6ngyb\u0151l k\u00e9sz\u00fclt nyakl\u00e1nc \u00e9s f\u00fclbeval\u00f3 szett. \nA f\u00fcli teljes hossza akaszt\u00f3val egy\u00fctt 4,5 cm, a med\u00e1l\u00e9 4 cm. A med\u00e1lt 45 cm hossz\u00fa l\u00e1ncra f\u0171ztem, mely l\u00e1nchosszabb\u00edt\u00f3val + 5 cm-rel n\u00f6velhet\u0151.\n\nA f\u00fclihez antiallerg\u00e9n, nemesac\u00e9l alkatr\u00e9szeket haszn\u00e1ltam, \u00edgy f\u00e9m\u00e9rz\u00e9kenyek is b\u00e1tran viselhetik. A nyakl\u00e1nc nikkelmentes, ez\u00fcst sz\u00edn\u0171 l\u00e1nccal k\u00e8sz\u00fclt. \n\n\u00c1sv\u00e1ny \u00e9kszerekn\u00e9l k\u00e9rlek vedd figyelembe azt is, hogy az \u00e1sv\u00e1nyokat a term\u00e9szet alkotja, ez\u00e9rt a mint\u00e1zatukban, \u00e1rnyalatukban elt\u00e9r\u00e9sek lehetnek.\n\nAz organza tasak \u00e9s az aj\u00e1nd\u00e9kk\u00e1rtya k\u00fcl\u00f6n rendelhet\u0151 a kieg\u00e9sz\u00edt\u0151 opci\u00f3k k\u00f6z\u00f6tt!\n\nAz aj\u00e1nd\u00e9kk\u00e1rty\u00e1ra \u2013 ha k\u00e9red \u2013 r\u00f6vid sz\u00f6veges \u00fczenetet tudok nyomtatni (fel\u00e1r n\u00e9lk\u00fcl). Az \u00fczenetet a rendel\u00e9s sor\u00e1n a megjegyz\u00e9s rovatba tudod be\u00edrni! \nK\u00e9rlek vedd figyelembe, hogy apr\u00f3bb m\u00f3dos\u00edt\u00e1sokat (pl. egy \u00fcveglencs\u00e9s kulcstart\u00f3n a med\u00e1lok cser\u00e9je) gyorsan meg tudok oldani, viszont ha komolyabb v\u00e1ltoztat\u00e1sokat k\u00e9rsz (pl. m\u00e1s legyen az \u00fcveglencs\u00e9ben a h\u00e1tt\u00e9r, m\u00e1s legyen a sz\u00f6veg), az m\u00e1r \u00faj rendel\u00e9snek min\u0151s\u00fcl (szerkesztenem kell, nyomtatni, stb, teljesen \u00fajat k\u00e9sz\u00edteni), melynek hat\u00e1rideje 7 nap! \nIgyekszem pontos, val\u00f3s\u00e1gh\u0171 term\u00e9kfot\u00f3kat k\u00e9sz\u00edteni, azonban az egyes monitorok sz\u00ednbe\u00e1ll\u00edt\u00e1sa miatt k\u00fcl\u00f6nbs\u00e9gek ad\u00f3dhatnak :) \n\nSZ\u00c1LL\u00cdT\u00c1S \u00c9S FIZET\u00c9S\nA v\u00e1s\u00e1rl\u00e1st k\u00f6vet\u0151en a Mesk\u00e1t\u00f3l kapsz egy automatikus \u00fczenetet, melyben megtal\u00e1lod \u00e1tutal\u00e1sos fizet\u00e9shez sz\u00fcks\u00e9ges adatokat, illetve lehet\u0151s\u00e9ged van bankk\u00e1rty\u00e1s fizet\u00e9sre is. Lehet\u0151s\u00e9geimhez k\u00e9pest a leggyorsabban feladom a csomagokat, ez \u00e1ltal\u00e1ban 2-3 munkanapot jelent. \nA v\u00e9tel\u00e1r kiegyenl\u00edt\u00e9s\u00e9re maximum 2 hetet v\u00e1rok, ezt k\u00f6vet\u0151en \u00e9rv\u00e9nytelen\u00edttetem az ad\u00e1sv\u00e9telt.\n","price":"2450.00","unit":"garn","recommended":"0","status":"1","sponsored":"0","exp_notify":"0","own_material":"0","own_material_description_old":null,"own_material_description":"","jury":"0","jury_number":"","product_nature":"","meskaracsony":"0","create_date":"2026-01-16 05:46:31","shelve_id":"67410","image":"arindaekszerek_product_1262_220407185441_01921.jpeg","image_width":"480","image_height":"480","image_alt":"Siker ametiszt \u00e1sv\u00e1ny angyal nyakl\u00e1nc f\u00fclbeval\u00f3 szett kar\u00e1csonyi aj\u00e1nd\u00e9k \u00f6tlet n\u0151nek l\u00e1nynak, 8 mm-es ametiszt \u00e1sv\u00e1nygy\u00f6ngyb\u0151l \u00e9s 8x6 mm-es krist\u00e1lysz\u00edn\u0171, f\u00e1nk alak\u00fa cseh csiszolt gy\u00f6ngyb\u0151l k\u00e9sz..., Meska","image_title":"Siker ametiszt \u00e1sv\u00e1ny angyal nyakl\u00e1nc f\u00fclbeval\u00f3 szett kar\u00e1csonyi aj\u00e1nd\u00e9k \u00f6tlet n\u0151nek l\u00e1nynak, Meska","view_count":"2749","favourite_count":"0","trending_score":"0","last2MonthFavouriteCount":"0","promotion":"0","giftcard_accept":"1","creditcard_accept":true,"enhanced_background":"0","domain":"meska","specific_customer_id":null,"specific_customer_name":null,"to_order_product":"0","to_order_product_time":"0","product_different":null,"product_different_description":"","vintage":"0","vintage_category_id":"0","recycled":"0","gemstone_id":"0","customizable":"0","type_category":"physical","zerowaste":"0","postage_price":"1290.00","shop_order":"858","has_category":"1","landing_pages":null,"microdata":{"number":10,"category":""},"title":"Siker ametiszt \u00e1sv\u00e1ny angyal nyakl\u00e1nc f\u00fclbeval\u00f3 szett kar\u00e1csonyi aj\u00e1nd\u00e9k \u00f6tlet n\u0151nek l\u00e1nynak","description":"8 mm-es ametiszt \u00e1sv\u00e1nygy\u00f6ngyb\u0151l \u00e9s 8x6 mm-es krist\u00e1lysz\u00edn\u0171, f\u00e1nk alak\u00fa cseh csiszolt gy\u00f6ngyb\u0151l k\u00e9sz\u00fclt nyakl\u00e1nc \u00e9s f\u00fclbeval\u00f3 szett. \nA f\u00fcli teljes hossza akaszt\u00f3val egy\u00fctt 4,5 cm, a med\u00e1l\u00e9 4 cm. A med\u00e1lt 45 cm hossz\u00fa l\u00e1ncra f\u0171ztem, mely l\u00e1nchosszabb\u00edt\u00f3val + 5 cm-rel n\u00f6velhet\u0151.\n\nA f\u00fclihez antiallerg\u00e9n, nemesac\u00e9l alkatr\u00e9szeket haszn\u00e1ltam, \u00edgy f\u00e9m\u00e9rz\u00e9kenyek is b\u00e1tran viselhetik. A nyakl\u00e1nc nikkelmentes, ez\u00fcst sz\u00edn\u0171 l\u00e1nccal k\u00e8sz\u00fclt. \n\n\u00c1sv\u00e1ny \u00e9kszerekn\u00e9l k\u00e9rlek vedd figyelembe azt is, hogy az \u00e1sv\u00e1nyokat a term\u00e9szet alkotja, ez\u00e9rt a mint\u00e1zatukban, \u00e1rnyalatukban elt\u00e9r\u00e9sek lehetnek.\n\nAz organza tasak \u00e9s az aj\u00e1nd\u00e9kk\u00e1rtya k\u00fcl\u00f6n rendelhet\u0151 a kieg\u00e9sz\u00edt\u0151 opci\u00f3k k\u00f6z\u00f6tt!\n\nAz aj\u00e1nd\u00e9kk\u00e1rty\u00e1ra \u2013 ha k\u00e9red \u2013 r\u00f6vid sz\u00f6veges \u00fczenetet tudok nyomtatni (fel\u00e1r n\u00e9lk\u00fcl). Az \u00fczenetet a rendel\u00e9s sor\u00e1n a megjegyz\u00e9s rovatba tudod be\u00edrni! \nK\u00e9rlek vedd figyelembe, hogy apr\u00f3bb m\u00f3dos\u00edt\u00e1sokat (pl. egy \u00fcveglencs\u00e9s kulcstart\u00f3n a med\u00e1lok cser\u00e9je) gyorsan meg tudok oldani, viszont ha komolyabb v\u00e1ltoztat\u00e1sokat k\u00e9rsz (pl. m\u00e1s legyen az \u00fcveglencs\u00e9ben a h\u00e1tt\u00e9r, m\u00e1s legyen a sz\u00f6veg), az m\u00e1r \u00faj rendel\u00e9snek min\u0151s\u00fcl (szerkesztenem kell, nyomtatni, stb, teljesen \u00fajat k\u00e9sz\u00edteni), melynek hat\u00e1rideje 7 nap! \nIgyekszem pontos, val\u00f3s\u00e1gh\u0171 term\u00e9kfot\u00f3kat k\u00e9sz\u00edteni, azonban az egyes monitorok sz\u00ednbe\u00e1ll\u00edt\u00e1sa miatt k\u00fcl\u00f6nbs\u00e9gek ad\u00f3dhatnak :) \n\nSZ\u00c1LL\u00cdT\u00c1S \u00c9S FIZET\u00c9S\nA v\u00e1s\u00e1rl\u00e1st k\u00f6vet\u0151en a Mesk\u00e1t\u00f3l kapsz egy automatikus \u00fczenetet, melyben megtal\u00e1lod \u00e1tutal\u00e1sos fizet\u00e9shez sz\u00fcks\u00e9ges adatokat, illetve lehet\u0151s\u00e9ged van bankk\u00e1rty\u00e1s fizet\u00e9sre is. Lehet\u0151s\u00e9geimhez k\u00e9pest a leggyorsabban feladom a csomagokat, ez \u00e1ltal\u00e1ban 2-3 munkanapot jelent. \nA v\u00e9tel\u00e1r kiegyenl\u00edt\u00e9s\u00e9re maximum 2 hetet v\u00e1rok, ezt k\u00f6vet\u0151en \u00e9rv\u00e9nytelen\u00edttetem az ad\u00e1sv\u00e9telt.\n","score":0,"formatted_price":"2 450 Ft","image_url":"https:\/\/www.meska.hu\/img\/product\/small\/a\/r\/arindaekszerek_product_1262_220407185441_01921.jpeg","formatted_url":"https:\/\/www.meska.hu\/p4369953-siker-ametiszt-asvany-angyal-nyaklanc-fulbevalo-szett-karacsonyi-ajandek-otlet-nonek-lanynak","favourite":false,"in_stock":true,"avatar":"Arindaekszerek_avatar_1262_1595765899.jpg","delete_from":0,"is_enhanced_background":false,"is_enhanced":false,"product_selection_started":false,"is_active":true,"image_webp_url":"https:\/\/www.meska.hu\/img\/product\/small\/a\/r\/arindaekszerek_product_1262_220407185441_01921.webp"},{"id":"4468685","shop_id":"12960","user_id":"74058","shop_name":"Nana83","shop_zip":"1173","product_code":"4758290","product_name_old":null,"product_name":"Tulip\u00e1nf\u00f6ld\u00f6n j\u00e1rva...akril festm\u00e9ny v\u00e1sznon","category_string":"M\u0171v\u00e9szet, Festm\u00e9ny, Akril","technic_string":"Fest\u00e9szet","category_1":"357","category_2":"358","category_3":"359","category_4":"0","merged_category_1":null,"merged_category_2":null,"merged_category_3":null,"technic_1":"480","technic_2":"0","technic_3":"0","color_1":"522","color_2":"526","color_3":"529","product_description_old":null,"product_description":"40x40 cm-es akril k\u00e9p, ez egy vegyes tulip\u00e1nmez\u0151 f\u00e9nyk\u00e9p\u00e9r\u0151l k\u00e9sz\u00fclt. \nA s\u00e1rga \u00e9s lila sz\u00ednellent\u00e9tre \u00e9p\u00edtettem. \nNagyon szeretek foltokban tobz\u00f3dni, ez itt tetten \u00e9rhet\u0151...\nA tulip\u00e1n nagy kedvencem, nekem a v\u00e1ltozatoss\u00e1got \u00e9s a meg\u00fajul\u00e1st jelenti. Energikus sz\u00ednhat\u00e1s.\nA k\u00e9p oldala le van festve, nem ig\u00e9nyel felt\u00e9tlen\u00fcl keretet.","price":"39900.00","unit":"db","recommended":"0","status":"1","sponsored":"0","exp_notify":"0","own_material":"0","own_material_description_old":null,"own_material_description":"","jury":"0","jury_number":"","product_nature":"","meskaracsony":"0","create_date":"2026-04-17 08:45:47","shelve_id":"34717","image":"nana83_product_74058_220826161041_657962.jpeg","image_width":"480","image_height":"496","image_alt":"Tulip\u00e1nf\u00f6ld\u00f6n j\u00e1rva...akril festm\u00e9ny v\u00e1sznon, 40x40 cm-es akril k\u00e9p, ez egy vegyes tulip\u00e1nmez\u0151 f\u00e9nyk\u00e9p\u00e9r\u0151l k\u00e9sz\u00fclt. \\nA s\u00e1rga \u00e9s lila sz\u00ednellent\u00e9tr..., Meska","image_title":"Tulip\u00e1nf\u00f6ld\u00f6n j\u00e1rva...akril festm\u00e9ny v\u00e1sznon, Meska","view_count":"2602","favourite_count":"0","trending_score":"0","last2MonthFavouriteCount":"0","promotion":"0","giftcard_accept":"1","creditcard_accept":false,"enhanced_background":"0","domain":"meska","specific_customer_id":null,"specific_customer_name":null,"to_order_product":"0","to_order_product_time":"0","product_different":null,"product_different_description":"","vintage":"0","vintage_category_id":"0","recycled":"0","gemstone_id":"0","customizable":"0","type_category":"physical","zerowaste":"0","postage_price":"2390.00","shop_order":"11","has_category":"1","landing_pages":null,"microdata":{"number":11,"category":""},"title":"Tulip\u00e1nf\u00f6ld\u00f6n j\u00e1rva...akril festm\u00e9ny v\u00e1sznon","description":"40x40 cm-es akril k\u00e9p, ez egy vegyes tulip\u00e1nmez\u0151 f\u00e9nyk\u00e9p\u00e9r\u0151l k\u00e9sz\u00fclt. \nA s\u00e1rga \u00e9s lila sz\u00ednellent\u00e9tre \u00e9p\u00edtettem. \nNagyon szeretek foltokban tobz\u00f3dni, ez itt tetten \u00e9rhet\u0151...\nA tulip\u00e1n nagy kedvencem, nekem a v\u00e1ltozatoss\u00e1got \u00e9s a meg\u00fajul\u00e1st jelenti. Energikus sz\u00ednhat\u00e1s.\nA k\u00e9p oldala le van festve, nem ig\u00e9nyel felt\u00e9tlen\u00fcl keretet.","score":0,"formatted_price":"39 900 Ft","image_url":"https:\/\/www.meska.hu\/img\/product\/small\/n\/a\/nana83_product_74058_220826161041_657962.jpeg","formatted_url":"https:\/\/www.meska.hu\/p4758290-tulipanfoldon-jarvaakril-festmeny-vasznon","favourite":false,"in_stock":true,"avatar":"Nana83_avatar_74058_1527763385.jpg","delete_from":0,"is_enhanced_background":false,"is_enhanced":false,"product_selection_started":false,"is_active":true,"image_webp_url":"https:\/\/www.meska.hu\/img\/product\/small\/n\/a\/nana83_product_74058_220826161041_657962.webp"},{"id":"3410589","shop_id":"18878","user_id":"173903","shop_name":"paracordmania","shop_zip":"1183","product_code":"3657645","product_name_old":null,"product_name":"- Minim\u00e1l - horgony kark\u00f6t\u0151","category_string":"\u00c9kszer, Kark\u00f6t\u0151, Fonott kark\u00f6t\u0151","technic_string":"Csom\u00f3z\u00e1s, \u00c9kszerk\u00e9sz\u00edt\u00e9s","category_1":"327","category_2":"333","category_3":"1232","category_4":"0","merged_category_1":"0","merged_category_2":"0","merged_category_3":"0","technic_1":"475","technic_2":"477","technic_3":"0","color_1":"517","color_2":"521","color_3":"522","product_description_old":null,"product_description":"Aj\u00e1nd\u00e9knak sz\u00e1nod ezt a term\u00e9ket? Szeretn\u00e9l hozz\u00e1 egyedi d\u00edszcsomagol\u00e1st? Akkor eg\u00e9sz\u00edtsd ki a v\u00e1s\u00e1rl\u00e1sod grav\u00edrozott k\u00eds\u00e9r\u0151 k\u00e1rty\u00e1val \u00e9s ez\u00fcst sz\u00edn\u0171 szat\u00e9n aj\u00e1nd\u00e9ktasakkal (utols\u00f3 k\u00e9p). A d\u00edszcsomagol\u00e1st a \u201eKieg\u00e9sz\u00edt\u0151\u201d leg\u00f6rd\u00fcl\u0151 men\u00fcben adhatod a kosaradhoz. A k\u00e1rtya 34x51 mm-es egy oldal\u00e1n grav\u00edrozott ny\u00e1rfa r\u00e9tegelt lemez, a tetej\u00e9n lyukkal, amivel a szat\u00e9n tasakra (a m\u00e9rete 100x150 mm) r\u00f6gz\u00edtheted. A grav\u00edrozand\u00f3 sz\u00f6veget a Kos\u00e1rban, az \u00dczenet r\u00e9szben adhatod meg.\n--- --- --- --- --- ---\n\nN\u00e9zd meg p\u00e1ros aj\u00e1nlatunkat, kedvez\u0151bb \u00e1ron:\nhttps:\/\/www.meska.hu\/t2456242-minimal-paros-horgony-karkoto-2-db-valaszthato-szinekben\n\nAki st\u00edlusos ugyanakkor diszkr\u00e9ten v\u00e9kony, eleg\u00e1ns horgonyos kark\u00f6t\u0151re v\u00e1gyik ide\u00e1lis v\u00e1laszt\u00e1s ez a pici kark\u00f6t\u0151. F\u00e9rfi \u00e9s n\u0151i k\u00e9zen is nagyon j\u00f3l mutat. Apr\u00f3 bronz sz\u00edn\u0171 horgonyb\u00f3l \u00e9s matr\u00f3z sz\u00ednvil\u00e1g\u00fa extra v\u00e9kony paracord sz\u00e1lb\u00f3l \u00e1ll.\n\nKiv\u00e1l\u00f3 aj\u00e1nd\u00e9k \u00f6tlet is: p\u00e1roknak, valentin napra, h\u00e1zass\u00e1gi \u00e9vfordul\u00f3ra \u00e9s esk\u00fcv\u0151re.\n\nA horgony szimboliz\u00e1lja az \u00f6sszetartoz\u00e1st, a h\u0171s\u00e9get, az egy\u00fctt t\u00f6lt\u00f6tt id\u0151t, a rem\u00e9nyt, a biztons\u00e1got \u00e9s a boldogs\u00e1got.\n\nA kark\u00f6t\u0151 cs\u00fasz\u00f3csom\u00f3val \u00e1ll\u00edthat\u00f3 13-21 cm-es \u00e1tm\u00e9r\u0151j\u0171 csukl\u00f3ra.\n\nRendel\u00e9sn\u00e9l add meg a kiv\u00e1lasztott sz\u00edn sorsz\u00e1m\u00e1t.\n\nA horgony m\u00e9rete: 18 mm magas, 15 mm sz\u00e9les\nA v\u00e9kony paracord kb.  \u00d81,9 mm\n\nAz \u00e1r 1 db kark\u00f6t\u0151re vonatkozik.\n\n\u00c1MK","price":"3190.00","unit":"db","recommended":"0","status":"1","sponsored":"0","exp_notify":"0","own_material":"0","own_material_description_old":null,"own_material_description":"","jury":"0","jury_number":"","product_nature":"","meskaracsony":"0","create_date":"2026-04-26 22:33:20","shelve_id":"49184","image":"paracordmania_product_173903_200219125951_748330.jpeg","image_width":"480","image_height":"480","image_alt":"- Minim\u00e1l - horgony kark\u00f6t\u0151, Aj\u00e1nd\u00e9knak sz\u00e1nod ezt a term\u00e9ket? Szeretn\u00e9l hozz\u00e1 egyedi d\u00edszcsomagol\u00e1st? Akkor eg\u00e9sz\u00edtsd ki a v\u00e1s\u00e1r..., Meska","image_title":"- Minim\u00e1l - horgony kark\u00f6t\u0151, Meska","view_count":"2568","favourite_count":"0","trending_score":"0","last2MonthFavouriteCount":"0","promotion":"0","giftcard_accept":"1","creditcard_accept":true,"enhanced_background":"0","domain":"meska","specific_customer_id":null,"specific_customer_name":null,"to_order_product":"1","to_order_product_time":"2","product_different":"quite_different","product_different_description":"Sz\u00ednminta alaj\u00e1n egyedi kark\u00f6t\u0151.","vintage":"0","vintage_category_id":"0","recycled":"0","gemstone_id":"0","customizable":"1","type_category":"physical","zerowaste":"0","postage_price":"3455.00","shop_order":"0","has_category":"1","landing_pages":null,"microdata":{"number":12,"category":""},"title":"- Minim\u00e1l - horgony kark\u00f6t\u0151","description":"Aj\u00e1nd\u00e9knak sz\u00e1nod ezt a term\u00e9ket? Szeretn\u00e9l hozz\u00e1 egyedi d\u00edszcsomagol\u00e1st? Akkor eg\u00e9sz\u00edtsd ki a v\u00e1s\u00e1rl\u00e1sod grav\u00edrozott k\u00eds\u00e9r\u0151 k\u00e1rty\u00e1val \u00e9s ez\u00fcst sz\u00edn\u0171 szat\u00e9n aj\u00e1nd\u00e9ktasakkal (utols\u00f3 k\u00e9p). A d\u00edszcsomagol\u00e1st a \u201eKieg\u00e9sz\u00edt\u0151\u201d leg\u00f6rd\u00fcl\u0151 men\u00fcben adhatod a kosaradhoz. A k\u00e1rtya 34x51 mm-es egy oldal\u00e1n grav\u00edrozott ny\u00e1rfa r\u00e9tegelt lemez, a tetej\u00e9n lyukkal, amivel a szat\u00e9n tasakra (a m\u00e9rete 100x150 mm) r\u00f6gz\u00edtheted. A grav\u00edrozand\u00f3 sz\u00f6veget a Kos\u00e1rban, az \u00dczenet r\u00e9szben adhatod meg.\n--- --- --- --- --- ---\n\nN\u00e9zd meg p\u00e1ros aj\u00e1nlatunkat, kedvez\u0151bb \u00e1ron:\nhttps:\/\/www.meska.hu\/t2456242-minimal-paros-horgony-karkoto-2-db-valaszthato-szinekben\n\nAki st\u00edlusos ugyanakkor diszkr\u00e9ten v\u00e9kony, eleg\u00e1ns horgonyos kark\u00f6t\u0151re v\u00e1gyik ide\u00e1lis v\u00e1laszt\u00e1s ez a pici kark\u00f6t\u0151. F\u00e9rfi \u00e9s n\u0151i k\u00e9zen is nagyon j\u00f3l mutat. Apr\u00f3 bronz sz\u00edn\u0171 horgonyb\u00f3l \u00e9s matr\u00f3z sz\u00ednvil\u00e1g\u00fa extra v\u00e9kony paracord sz\u00e1lb\u00f3l \u00e1ll.\n\nKiv\u00e1l\u00f3 aj\u00e1nd\u00e9k \u00f6tlet is: p\u00e1roknak, valentin napra, h\u00e1zass\u00e1gi \u00e9vfordul\u00f3ra \u00e9s esk\u00fcv\u0151re.\n\nA horgony szimboliz\u00e1lja az \u00f6sszetartoz\u00e1st, a h\u0171s\u00e9get, az egy\u00fctt t\u00f6lt\u00f6tt id\u0151t, a rem\u00e9nyt, a biztons\u00e1got \u00e9s a boldogs\u00e1got.\n\nA kark\u00f6t\u0151 cs\u00fasz\u00f3csom\u00f3val \u00e1ll\u00edthat\u00f3 13-21 cm-es \u00e1tm\u00e9r\u0151j\u0171 csukl\u00f3ra.\n\nRendel\u00e9sn\u00e9l add meg a kiv\u00e1lasztott sz\u00edn sorsz\u00e1m\u00e1t.\n\nA horgony m\u00e9rete: 18 mm magas, 15 mm sz\u00e9les\nA v\u00e9kony paracord kb.  \u00d81,9 mm\n\nAz \u00e1r 1 db kark\u00f6t\u0151re vonatkozik.\n\n\u00c1MK","score":0,"formatted_price":"3 190 Ft","image_url":"https:\/\/www.meska.hu\/img\/product\/small\/p\/a\/paracordmania_product_173903_200219125951_748330.jpeg","formatted_url":"https:\/\/www.meska.hu\/p3657645-minimal-horgony-karkoto","favourite":false,"in_stock":false,"avatar":"paracordmania_avatar_173903_1581629068.jpg","delete_from":0,"is_enhanced_background":false,"is_enhanced":false,"product_selection_started":false,"is_active":true,"image_webp_url":"https:\/\/www.meska.hu\/img\/product\/small\/p\/a\/paracordmania_product_173903_200219125951_748330.webp"},{"id":"3493424","shop_id":"18878","user_id":"173903","shop_name":"paracordmania","shop_zip":"1183","product_code":"3772894","product_name_old":null,"product_name":"- Minerva - fluorit \u00e1sv\u00e1ny kark\u00f6t\u0151 \/ \u00e1ll\u00edthat\u00f3 m\u00e9ret\u0171 n\u0151i \u00e1sv\u00e1nykark\u00f6t\u0151, lila-k\u00e9k-z\u00f6ld","category_string":"\u00c9kszer, Kark\u00f6t\u0151, \u00c1sv\u00e1nykark\u00f6t\u0151","technic_string":"\u00c9kszerk\u00e9sz\u00edt\u00e9s, Gy\u00f6ngyf\u0171z\u00e9s, gy\u00f6ngyh\u00edmz\u00e9s","category_1":"327","category_2":"333","category_3":"1647","category_4":"0","merged_category_1":"0","merged_category_2":"0","merged_category_3":"0","technic_1":"477","technic_2":"485","technic_3":"0","color_1":"521","color_2":"522","color_3":"529","product_description_old":null,"product_description":"Aj\u00e1nd\u00e9knak sz\u00e1nod ezt a term\u00e9ket? Szeretn\u00e9l hozz\u00e1 egyedi d\u00edszcsomagol\u00e1st? Akkor eg\u00e9sz\u00edtsd ki a v\u00e1s\u00e1rl\u00e1sod grav\u00edrozott k\u00eds\u00e9r\u0151 k\u00e1rty\u00e1val \u00e9s ez\u00fcst sz\u00edn\u0171 szat\u00e9n aj\u00e1nd\u00e9ktasakkal (utols\u00f3 k\u00e9p). A d\u00edszcsomagol\u00e1st a \u201eKieg\u00e9sz\u00edt\u0151\u201d leg\u00f6rd\u00fcl\u0151 men\u00fcben adhatod a kosaradhoz. A k\u00e1rtya 34x51 mm-es egy oldal\u00e1n grav\u00edrozott ny\u00e1rfa r\u00e9tegelt lemez, a tetej\u00e9n lyukkal, amivel a szat\u00e9n tasakra (a m\u00e9rete 100x150 mm) r\u00f6gz\u00edtheted. A grav\u00edrozand\u00f3 sz\u00f6veget a Kos\u00e1rban, az \u00dczenet r\u00e9szben adhatod meg.\n--- --- --- --- --- ---\n\nEgyedi tervez\u00e9s\u0171 kark\u00f6t\u0151, melynek d\u00edsze 5 darab fluorit \u00e1sv\u00e1ny. A kark\u00f6t\u0151 csod\u00e1s sz\u00ednekben pomp\u00e1zik a z\u00f6ldes \u00e1rnyalatokt\u00f3l a lil\u00e1kig.\n\u00c1ll\u00edthat\u00f3 m\u00e9ret\u0171, ez\u00e9rt ak\u00e1r aj\u00e1nd\u00e9knak is kiv\u00e1l\u00f3. \n\n------------------------\n\nA Fluorit hat\u00e1sai:\n\n\u201eA fluorit fokozottan v\u00e9delmez\u0151 krist\u00e1ly. Gy\u00f3gy\u00edt\u00e1sra haszn\u00e1lva a fluorit elt\u00e1vol\u00edtja a negat\u00edv energi\u00e1kat \u00e9s a stressz minden fajt\u00e1j\u00e1t. Seg\u00edt a tanul\u00e1sban, az \u00faj ismeretek hasznos\u00edt\u00e1s\u00e1ban \u00e9s megk\u00f6nny\u00edti a gyors gondolkod\u00e1st. \u201d\nForr\u00e1s: Krist\u00e1lybiblia\n\nCsillagjegyek: v\u00edz\u00f6nt\u0151, halak\n\n------------------------\n\n6 mm-es \u00e1sv\u00e1ny kark\u00f6t\u0151. Er\u0151s, strapab\u00edr\u00f3 microcord k\u00f6t\u00f6z\u00e9ssel.\n\nA kark\u00f6t\u0151 m\u00e9retre cs\u00fasz\u00f3csom\u00f3val k\u00f6nnyed\u00e9n \u00e1ll\u00edthat\u00f3 \u00e9s 15-20 cm vastags\u00e1g\u00fa csukl\u00f3ra ide\u00e1lis. Aj\u00e1nd\u00e9knak is kit\u0171n\u0151, mert nincs sz\u00fcks\u00e9g a pontos csukl\u00f3m\u00e9retre.\n\nAz elk\u00e9sz\u00fclt kark\u00f6t\u0151 kin\u00e9zete elt\u00e9rhet a fot\u00f3t\u00f3l, mivel nincs k\u00e9t egyforma \u00e1sv\u00e1ny.\n\nHa megn\u00e9zn\u00e9d az \u00f6sszes Minerva t\u00edpust, ahol tal\u00e1lsz angyalk\u00e1s verzi\u00f3t (Minerva Angyal), n\u0151i v\u00e9kony (Minerva) \u00e9s unisex (Minerva Maxi) verzi\u00f3t, akkor n\u00e9zd meg ezt a linket:\nhttps:\/\/www.meska.hu\/Shop\/index\/18878?search_string=M%C3%81%C3%81K\n\nAz \u00e1r egy darab kark\u00f6t\u0151re vonatkozik.\n\nM\u00c1\u00c1K","price":"3790.00","unit":"db","recommended":"0","status":"1","sponsored":"0","exp_notify":"0","own_material":"0","own_material_description_old":null,"own_material_description":"","jury":"0","jury_number":"","product_nature":"","meskaracsony":"0","create_date":"2026-04-10 13:07:12","shelve_id":"62420","image":"paracordmania_product_173903_200701135955_173698.jpeg","image_width":"480","image_height":"480","image_alt":"- Minerva - fluorit \u00e1sv\u00e1ny kark\u00f6t\u0151 \/ \u00e1ll\u00edthat\u00f3 m\u00e9ret\u0171 n\u0151i \u00e1sv\u00e1nykark\u00f6t\u0151, lila-k\u00e9k-z\u00f6ld, Aj\u00e1nd\u00e9knak sz\u00e1nod ezt a term\u00e9ket? Szeretn\u00e9l hozz\u00e1 egyedi d\u00edszcsomagol\u00e1st? Akkor eg\u00e9sz\u00edtsd ki a v\u00e1s\u00e1r..., Meska","image_title":"- Minerva - fluorit \u00e1sv\u00e1ny kark\u00f6t\u0151 \/ \u00e1ll\u00edthat\u00f3 m\u00e9ret\u0171 n\u0151i \u00e1sv\u00e1nykark\u00f6t\u0151, lila-k\u00e9k-z\u00f6ld, Meska","view_count":"2575","favourite_count":"0","trending_score":"0","last2MonthFavouriteCount":"0","promotion":0,"giftcard_accept":"1","creditcard_accept":true,"enhanced_background":"0","domain":"meska","specific_customer_id":null,"specific_customer_name":null,"to_order_product":"1","to_order_product_time":"2","product_different":"quite_different","product_different_description":"Minden \u00e1sv\u00e1nygoly\u00f3 egyedi, ez\u00e9rt minden kark\u00f6t\u0151 kicsit m\u00e1s lesz mint a mintafot\u00f3.","vintage":"0","vintage_category_id":"0","recycled":"0","gemstone_id":"0","customizable":"0","type_category":"physical","zerowaste":"0","postage_price":"3455.00","shop_order":"0","has_category":"1","landing_pages":null,"microdata":{"number":13,"category":""},"title":"- Minerva - fluorit \u00e1sv\u00e1ny kark\u00f6t\u0151 \/ \u00e1ll\u00edthat\u00f3 m\u00e9ret\u0171 n\u0151i \u00e1sv\u00e1nykark\u00f6t\u0151, lila-k\u00e9k-z\u00f6ld","description":"Aj\u00e1nd\u00e9knak sz\u00e1nod ezt a term\u00e9ket? Szeretn\u00e9l hozz\u00e1 egyedi d\u00edszcsomagol\u00e1st? Akkor eg\u00e9sz\u00edtsd ki a v\u00e1s\u00e1rl\u00e1sod grav\u00edrozott k\u00eds\u00e9r\u0151 k\u00e1rty\u00e1val \u00e9s ez\u00fcst sz\u00edn\u0171 szat\u00e9n aj\u00e1nd\u00e9ktasakkal (utols\u00f3 k\u00e9p). A d\u00edszcsomagol\u00e1st a \u201eKieg\u00e9sz\u00edt\u0151\u201d leg\u00f6rd\u00fcl\u0151 men\u00fcben adhatod a kosaradhoz. A k\u00e1rtya 34x51 mm-es egy oldal\u00e1n grav\u00edrozott ny\u00e1rfa r\u00e9tegelt lemez, a tetej\u00e9n lyukkal, amivel a szat\u00e9n tasakra (a m\u00e9rete 100x150 mm) r\u00f6gz\u00edtheted. A grav\u00edrozand\u00f3 sz\u00f6veget a Kos\u00e1rban, az \u00dczenet r\u00e9szben adhatod meg.\n--- --- --- --- --- ---\n\nEgyedi tervez\u00e9s\u0171 kark\u00f6t\u0151, melynek d\u00edsze 5 darab fluorit \u00e1sv\u00e1ny. A kark\u00f6t\u0151 csod\u00e1s sz\u00ednekben pomp\u00e1zik a z\u00f6ldes \u00e1rnyalatokt\u00f3l a lil\u00e1kig.\n\u00c1ll\u00edthat\u00f3 m\u00e9ret\u0171, ez\u00e9rt ak\u00e1r aj\u00e1nd\u00e9knak is kiv\u00e1l\u00f3. \n\n------------------------\n\nA Fluorit hat\u00e1sai:\n\n\u201eA fluorit fokozottan v\u00e9delmez\u0151 krist\u00e1ly. Gy\u00f3gy\u00edt\u00e1sra haszn\u00e1lva a fluorit elt\u00e1vol\u00edtja a negat\u00edv energi\u00e1kat \u00e9s a stressz minden fajt\u00e1j\u00e1t. Seg\u00edt a tanul\u00e1sban, az \u00faj ismeretek hasznos\u00edt\u00e1s\u00e1ban \u00e9s megk\u00f6nny\u00edti a gyors gondolkod\u00e1st. \u201d\nForr\u00e1s: Krist\u00e1lybiblia\n\nCsillagjegyek: v\u00edz\u00f6nt\u0151, halak\n\n------------------------\n\n6 mm-es \u00e1sv\u00e1ny kark\u00f6t\u0151. Er\u0151s, strapab\u00edr\u00f3 microcord k\u00f6t\u00f6z\u00e9ssel.\n\nA kark\u00f6t\u0151 m\u00e9retre cs\u00fasz\u00f3csom\u00f3val k\u00f6nnyed\u00e9n \u00e1ll\u00edthat\u00f3 \u00e9s 15-20 cm vastags\u00e1g\u00fa csukl\u00f3ra ide\u00e1lis. Aj\u00e1nd\u00e9knak is kit\u0171n\u0151, mert nincs sz\u00fcks\u00e9g a pontos csukl\u00f3m\u00e9retre.\n\nAz elk\u00e9sz\u00fclt kark\u00f6t\u0151 kin\u00e9zete elt\u00e9rhet a fot\u00f3t\u00f3l, mivel nincs k\u00e9t egyforma \u00e1sv\u00e1ny.\n\nHa megn\u00e9zn\u00e9d az \u00f6sszes Minerva t\u00edpust, ahol tal\u00e1lsz angyalk\u00e1s verzi\u00f3t (Minerva Angyal), n\u0151i v\u00e9kony (Minerva) \u00e9s unisex (Minerva Maxi) verzi\u00f3t, akkor n\u00e9zd meg ezt a linket:\nhttps:\/\/www.meska.hu\/Shop\/index\/18878?search_string=M%C3%81%C3%81K\n\nAz \u00e1r egy darab kark\u00f6t\u0151re vonatkozik.\n\nM\u00c1\u00c1K","score":0,"formatted_price":"3 790 Ft","image_url":"https:\/\/www.meska.hu\/img\/product\/small\/p\/a\/paracordmania_product_173903_200701135955_173698.jpeg","formatted_url":"https:\/\/www.meska.hu\/p3772894-minerva-fluorit-asvany-karkoto-allithato-meretu-noi-asvanykarkoto-lila-kek-zold","favourite":false,"in_stock":false,"avatar":"paracordmania_avatar_173903_1581629068.jpg","delete_from":0,"is_enhanced_background":false,"is_enhanced":false,"product_selection_started":false,"is_active":true,"image_webp_url":"https:\/\/www.meska.hu\/img\/product\/small\/p\/a\/paracordmania_product_173903_200701135955_173698.webp"},{"id":"5200739","shop_id":"37727","user_id":"505415","shop_name":"Letitgrow","shop_zip":"2191","product_code":"5202343","product_name_old":null,"product_name":"Pr\u00e9mium Minim\u00e9z \u00e9s Vir\u00e1gmag Aj\u00e1nd\u00e9kdoboz \u2013 szem\u00e9lyre szabhat\u00f3 c\u00e9ges meglepet\u00e9s","category_string":"Esk\u00fcv\u0151, Eml\u00e9k & Aj\u00e1nd\u00e9k, K\u00f6sz\u00f6n\u0151aj\u00e1nd\u00e9k","technic_string":"Mindenm\u00e1s","category_1":"317","category_2":"905","category_3":"1068","category_4":"0","merged_category_1":"0","merged_category_2":"0","merged_category_3":"0","technic_1":"493","technic_2":"0","technic_3":"0","color_1":"519","color_2":"522","color_3":"525","product_description_old":null,"product_description":"Lepje meg partnereit, \u00fcgyfeleit vagy koll\u00e9g\u00e1it egy st\u00edlusos, m\u00e9gis kedves \u00e9s sz\u00edvhez sz\u00f3l\u00f3 aj\u00e1nd\u00e9kkal! Ez az eleg\u00e1ns d\u00edszdoboz egy termel\u0151i minim\u00e9zet \u00e9s egy m\u00e9hlegel\u0151 vir\u00e1gmagos csomagocsk\u00e1t rejt, amely nemcsak \u00ednycsikland\u00f3 \u00e9lm\u00e9nyt ny\u00fajt, hanem hozz\u00e1j\u00e1rul a term\u00e9szet v\u00e9delm\u00e9hez is.\n\nA doboz log\u00f3zhat\u00f3, egyedi felirattal, c\u00e9ges \u00fczenettel vagy ak\u00e1r \u00fcnnepi j\u00f3k\u00edv\u00e1ns\u00e1ggal is rendelhet\u0151, \u00edgy minden darab t\u00f6k\u00e9letesen illeszkedik v\u00e1llalata arculat\u00e1hoz.\n\n???? Mi\u00e9rt ide\u00e1lis c\u00e9ges kar\u00e1csonyi aj\u00e1nd\u00e9k?\n\nTerm\u00e9szetes, k\u00e9zm\u0171ves magyar term\u00e9kek\n\nFenntarthat\u00f3 \u00fczenet \u2013 a vir\u00e1gmag hozz\u00e1j\u00e1rul a m\u00e9hek \u00e9s a term\u00e9szet v\u00e9delm\u00e9hez\n\nEleg\u00e1ns, \u00fcnnepi d\u00edszdobozban \u00e9rkezik\n\nTeljesen szem\u00e9lyre szabhat\u00f3 (log\u00f3, sz\u00edn, felirat)\n\nPraktikus, minden koroszt\u00e1ly sz\u00e1m\u00e1ra \u00f6r\u00f6met okoz\n\nEz a k\u00fcl\u00f6nleges aj\u00e1nd\u00e9kdoboz egyszerre sugall figyelmess\u00e9get, k\u00f6rnyezettudatoss\u00e1got \u00e9s eleganci\u00e1t. T\u00f6k\u00e9letes v\u00e1laszt\u00e1s c\u00e9gek sz\u00e1m\u00e1ra, akik kar\u00e1csonykor nem csak aj\u00e1nd\u00e9kot, hanem \u00e9rt\u00e9ket \u00e9s \u00fczenetet szeretn\u00e9nek \u00e1tadni.\n\nKiv\u00e1l\u00f3 min\u0151s\u00e9g\u0171 magyar termel\u0151i m\u00e9z a Zsabin M\u00e9h\u00e9szetb\u0151l, \u00e9s vir\u00e1gmag csomagocska. \n1 db  (50 g, 5 cm magas, 40 ml)\n1 db vir\u00e1gmagos csomagocska\n\u00c1tad\u00e1sra k\u00e9sz \u00edzl\u00e9ses d\u00edszdobozban.\nB\u00e1rmilyen feliratot k\u00e9rhetsz r\u00e1.\n\n","price":"1690.00","unit":"db","recommended":"0","status":"1","sponsored":"0","exp_notify":"0","own_material":"0","own_material_description_old":null,"own_material_description":"","jury":"0","jury_number":"","product_nature":"","meskaracsony":"0","create_date":"2026-02-07 23:04:53","shelve_id":"0","image":"letitgrow_product_505415_240130121603_293188.jpeg","image_width":"480","image_height":"480","image_alt":"Pr\u00e9mium Minim\u00e9z \u00e9s Vir\u00e1gmag Aj\u00e1nd\u00e9kdoboz \u2013 szem\u00e9lyre szabhat\u00f3 c\u00e9ges meglepet\u00e9s, Lepje meg partnereit, \u00fcgyfeleit vagy koll\u00e9g\u00e1it egy st\u00edlusos, m\u00e9gis kedves \u00e9s sz\u00edvhez sz\u00f3l\u00f3 aj\u00e1nd\u00e9kka..., Meska","image_title":"Pr\u00e9mium Minim\u00e9z \u00e9s Vir\u00e1gmag Aj\u00e1nd\u00e9kdoboz \u2013 szem\u00e9lyre szabhat\u00f3 c\u00e9ges meglepet\u00e9s, Meska","view_count":"2552","favourite_count":"3","trending_score":"0","last2MonthFavouriteCount":"3","promotion":"0","giftcard_accept":"0","creditcard_accept":true,"enhanced_background":"0","domain":"meska","specific_customer_id":null,"specific_customer_name":null,"to_order_product":"0","to_order_product_time":"0","product_different":null,"product_different_description":"","vintage":"0","vintage_category_id":"0","recycled":"0","gemstone_id":"0","customizable":"1","type_category":"physical","zerowaste":"0","postage_price":"2390.00","shop_order":"0","has_category":"1","landing_pages":"Kar\u00e1csonyi aj\u00e1nd\u00e9kok, Kar\u00e1csonyi aj\u00e1nd\u00e9kok","microdata":{"number":14,"category":""},"title":"Pr\u00e9mium Minim\u00e9z \u00e9s Vir\u00e1gmag Aj\u00e1nd\u00e9kdoboz \u2013 szem\u00e9lyre szabhat\u00f3 c\u00e9ges meglepet\u00e9s","description":"Lepje meg partnereit, \u00fcgyfeleit vagy koll\u00e9g\u00e1it egy st\u00edlusos, m\u00e9gis kedves \u00e9s sz\u00edvhez sz\u00f3l\u00f3 aj\u00e1nd\u00e9kkal! Ez az eleg\u00e1ns d\u00edszdoboz egy termel\u0151i minim\u00e9zet \u00e9s egy m\u00e9hlegel\u0151 vir\u00e1gmagos csomagocsk\u00e1t rejt, amely nemcsak \u00ednycsikland\u00f3 \u00e9lm\u00e9nyt ny\u00fajt, hanem hozz\u00e1j\u00e1rul a term\u00e9szet v\u00e9delm\u00e9hez is.\n\nA doboz log\u00f3zhat\u00f3, egyedi felirattal, c\u00e9ges \u00fczenettel vagy ak\u00e1r \u00fcnnepi j\u00f3k\u00edv\u00e1ns\u00e1ggal is rendelhet\u0151, \u00edgy minden darab t\u00f6k\u00e9letesen illeszkedik v\u00e1llalata arculat\u00e1hoz.\n\n???? Mi\u00e9rt ide\u00e1lis c\u00e9ges kar\u00e1csonyi aj\u00e1nd\u00e9k?\n\nTerm\u00e9szetes, k\u00e9zm\u0171ves magyar term\u00e9kek\n\nFenntarthat\u00f3 \u00fczenet \u2013 a vir\u00e1gmag hozz\u00e1j\u00e1rul a m\u00e9hek \u00e9s a term\u00e9szet v\u00e9delm\u00e9hez\n\nEleg\u00e1ns, \u00fcnnepi d\u00edszdobozban \u00e9rkezik\n\nTeljesen szem\u00e9lyre szabhat\u00f3 (log\u00f3, sz\u00edn, felirat)\n\nPraktikus, minden koroszt\u00e1ly sz\u00e1m\u00e1ra \u00f6r\u00f6met okoz\n\nEz a k\u00fcl\u00f6nleges aj\u00e1nd\u00e9kdoboz egyszerre sugall figyelmess\u00e9get, k\u00f6rnyezettudatoss\u00e1got \u00e9s eleganci\u00e1t. T\u00f6k\u00e9letes v\u00e1laszt\u00e1s c\u00e9gek sz\u00e1m\u00e1ra, akik kar\u00e1csonykor nem csak aj\u00e1nd\u00e9kot, hanem \u00e9rt\u00e9ket \u00e9s \u00fczenetet szeretn\u00e9nek \u00e1tadni.\n\nKiv\u00e1l\u00f3 min\u0151s\u00e9g\u0171 magyar termel\u0151i m\u00e9z a Zsabin M\u00e9h\u00e9szetb\u0151l, \u00e9s vir\u00e1gmag csomagocska. \n1 db  (50 g, 5 cm magas, 40 ml)\n1 db vir\u00e1gmagos csomagocska\n\u00c1tad\u00e1sra k\u00e9sz \u00edzl\u00e9ses d\u00edszdobozban.\nB\u00e1rmilyen feliratot k\u00e9rhetsz r\u00e1.\n\n","score":0,"formatted_price":"1 690 Ft","image_url":"https:\/\/www.meska.hu\/img\/product\/small\/l\/e\/letitgrow_product_505415_240130121603_293188.jpeg","formatted_url":"https:\/\/www.meska.hu\/p5202343-nonapi-mezes-ajandekdoboz","favourite":false,"in_stock":true,"avatar":"505415_avatar_1654539737.png","delete_from":0,"is_enhanced_background":false,"is_enhanced":false,"product_selection_started":false,"is_active":true,"image_webp_url":"https:\/\/www.meska.hu\/img\/product\/small\/l\/e\/letitgrow_product_505415_240130121603_293188.webp"},{"id":"3437076","shop_id":"29709","user_id":"371419","shop_name":"Hexartdesign","shop_zip":"1183","product_code":"3727409","product_name_old":null,"product_name":"Pingvin - babaszoba dekor\u00e1ci\u00f3, fali k\u00e9p","category_string":"Baba - mama, Babaszoba k\u00e9p, Babaszoba dekor\u00e1ci\u00f3","technic_string":"Fot\u00f3, grafika, rajz, illusztr\u00e1ci\u00f3","category_1":"1430","category_2":"1735","category_3":"1466","category_4":"0","merged_category_1":"0","merged_category_2":"0","merged_category_3":"0","technic_1":"483","technic_2":"0","technic_3":"0","color_1":"520","color_2":"522","color_3":"527","product_description_old":null,"product_description":"Hexart Design - Az okos dekor\u00e1ci\u00f3\nNincs sz\u00fcks\u00e9g keretre \/ Kas\u00edrozott habkarton \/ Egy mozdulattal felrakhat\u00f3 \/ B\u0151v\u00edthet\u0151\n\n--- Pingvin ---\nPingvines baba- illetve gyerekszoba falik\u00e9p. Vele \u00e9s t\u00e1rsaival dekor\u00e1lhatod gyermeked szob\u00e1j\u00e1t, meghitt \u00e9s bar\u00e1ts\u00e1gos vil\u00e1got teremtve.\n\nHa t\u00f6bb dekor\u00e1ci\u00f3t is szeretn\u00e9l, akkor \u00e9rdemes szettet v\u00e1s\u00e1rolnod. Min\u00e9l nagyobb a szett darabsz\u00e1ma, ann\u00e1l olcs\u00f3bb egy dekor\u00e1ci\u00f3 \u00e1ra! Term\u00e9szetesen Te \u00e1ll\u00edthatod \u00f6ssze, hogy milyen \u00e1llatok szerepeljenek a szettekben, a k\u00e9pek csak illusztr\u00e1ci\u00f3k!\n\nN\u00e9zd meg az \u00e1llatokat \u00e9s szetteket, majd \u00e1ll\u00edtsd \u00f6ssze a saj\u00e1t v\u00e1logat\u00e1sodat!\nKattints ide: https:\/\/www.meska.hu\/shop\/Hexartdesign?s=61926&o=legolcsobb\n\nA fal s\u00edkj\u00e1t\u00f3l elemelked\u0151 dekor\u00e1ci\u00f3k k\u00fcl\u00f6nleges lebeg\u0151 hat\u00e1st keltenek (2. k\u00e9p), mik\u00f6zben a f\u00e9ny j\u00e1t\u00e9kos \u00e1rny\u00e9kot vet m\u00f6g\u00e9j\u00fck.\n\nA dekor\u00e1ci\u00f3kat k\u00e9rheted Norm\u00e1l m\u00e9retben (4. k\u00e9p) matt vagy f\u00e9nyes fel\u00fclettel, de v\u00e1laszthatsz extra Nagy m\u00e9retet f\u00e9nyes fel\u00fclettel is.\n\nHogy mit takar az okos dekor\u00e1ci\u00f3 \u00e9s mik a legfontosabb el\u0151nyei, m\u00e1s dekor\u00e1ci\u00f3s megold\u00e1ssal szemben:\n- a hatsz\u00f6glet\u0171 m\u00e9hsejt forma lehet\u0151v\u00e9 teszi, hogy szinte v\u00e9gtelen elrendez\u00e9si m\u00f3don dekor\u00e1ljunk a v\u00e1s\u00e1rolt elemekkel\n- egy mozdulattal felrakhat\u00f3 b\u00e1rmilyen fel\u00fcletre (falra, szekr\u00e9nyre, \u00fcvegre stb )\n- nincs sz\u00fcks\u00e9g sz\u00f6gre \u00e9s kalap\u00e1csra a felhelyez\u00e9shez\n- nincsenek tov\u00e1bbi k\u00f6lts\u00e9geid, hiszen nem kell keretet is v\u00e1s\u00e1rolni\n- nyom n\u00e9lk\u00fcl \u00e1thelyezhet\u0151, t\u00f6bbsz\u00f6r is\n- b\u00e1rmikor tov\u00e1bb b\u0151v\u00edthet\u0151 a kollekci\u00f3 t\u00f6bbi darabj\u00e1val\n\nA k\u00e9pen l\u00e1that\u00f3 kieg\u00e9sz\u00edt\u0151 dekor\u00e1ci\u00f3s k\u00f6rnyezet csak illusztr\u00e1ci\u00f3, ami nem k\u00e9pezi a term\u00e9k r\u00e9sz\u00e9t. A m\u00e9retar\u00e1ny nem felt\u00e9tlen\u00fcl felel meg a val\u00f3s\u00e1gnak. A dekor\u00e1ci\u00f3 pontos m\u00e9ret \u00e9s fel\u00fclet opci\u00f3it az al\u00e1bbi term\u00e9kle\u00edr\u00e1sban l\u00e1thatod.\n\nTerm\u00e9kle\u00edr\u00e1s:\n- hatsz\u00f6g forma, v\u00e1laszthat\u00f3 m\u00e9ret \u00e9s fel\u00fclet opci\u00f3kkal\n- min\u0151s\u00e9gi fot\u00f3pap\u00edrra k\u00e9sz\u00fcl\u0151 nyomat, amely 5 mm-es feh\u00e9r habkartonra van kas\u00edrozva\n- a dekor\u00e1ci\u00f3k speci\u00e1lis ragad\u00f3 talpakkal (5 mm magas) vannak ell\u00e1tva. Ezek seg\u00edts\u00e9g\u00e9vel tudod a falra r\u00f6gz\u00edteni a dekorokat (nyom n\u00e9lk\u00fcl \u00e1thelyezhet\u0151 ak\u00e1r t\u00f6bbsz\u00f6r is) \u00e9s ezek miatt kelt lebeg\u0151 hat\u00e1st a dekor\u00e1ci\u00f3.\n\nEl\u00e9rhet\u0151 az al\u00e1bbi m\u00e9ret \u00e9s fel\u00fclet opci\u00f3kban (a term\u00e9kk\u00e9pek k\u00f6z\u00f6tt megtal\u00e1lod a Norm\u00e1l \u00e9s Nagy verzi\u00f3 m\u00e9retar\u00e1nyos \u00f6sszehasonl\u00edt\u00f3 k\u00e9pet is). A v\u00e1s\u00e1rl\u00e1sn\u00e1l pedig a M\u00e9ret leg\u00f6rd\u00fcl\u0151 men\u00fcben v\u00e1laszthatod majd ki, a Neked szimpatikus verzi\u00f3t.\n- Norm\u00e1l m\u00e9ret (231x200 mm), matt fel\u00fclettel (alap\u00e1r)\n- Norm\u00e1l m\u00e9ret (231x200 mm), f\u00e9nyes fel\u00fclettel (fel\u00e1ras opci\u00f3)\n- Nagy m\u00e9ret (300x260 mm), f\u00e9nyes fel\u00fclettel (fel\u00e1ras opci\u00f3)\n\nSzerz\u0151i jog:\nA boltomban tal\u00e1lhat\u00f3 \u00f6sszes term\u00e9k a saj\u00e1t alkot\u00e1som \u00e9s szerz\u0151i jog v\u00e9di. Semmilyen form\u00e1ban nem m\u00e1solhat\u00f3, gy\u00e1rthat\u00f3 \u00e9s sokszoros\u00edthat\u00f3.\n\nAz \u00e1r egy darab term\u00e9kre vonatkozik.\n\nHa k\u00edv\u00e1ncsi vagy a t\u00f6bbi term\u00e9kemre, akkor n\u00e9zz k\u00f6r\u00fcl a boltomban. A Polcok a boltban men\u00fcre kattintva v\u00e1logathatsz a kateg\u00f3ri\u00e1k k\u00f6z\u00f6tt.\nhttps:\/\/www.meska.hu\/Shop\/index\/29709","price":"4490.00","unit":"db","recommended":"0","status":"1","sponsored":"0","exp_notify":"0","own_material":"0","own_material_description_old":null,"own_material_description":"","jury":"0","jury_number":"","product_nature":"","meskaracsony":"0","create_date":"2026-02-01 15:07:51","shelve_id":"61926","image":"hexartdesign_product_371419_250804100244_26742.jpeg","image_width":"480","image_height":"480","image_alt":"Pingvin - babaszoba dekor\u00e1ci\u00f3, fali k\u00e9p, Hexart Design - Az okos dekor\u00e1ci\u00f3\\nNincs sz\u00fcks\u00e9g keretre \/ Kas\u00edrozott habkarton \/ Egy mozdulattal fel..., Meska","image_title":"Pingvin - babaszoba dekor\u00e1ci\u00f3, fali k\u00e9p, Meska","view_count":"2484","favourite_count":"0","trending_score":"0","last2MonthFavouriteCount":"0","promotion":0,"giftcard_accept":"1","creditcard_accept":true,"enhanced_background":"0","domain":"meska","specific_customer_id":null,"specific_customer_name":null,"to_order_product":"1","to_order_product_time":"3","product_different":"quite_different","product_different_description":"A sz\u00ednek minim\u00e1lisan elt\u00e9rhetnek a kijelz\u0151n l\u00e1that\u00f3 sz\u00ednekt\u0151l (mobil kijelz\u0151, monitor stb.)\nAz egyedi szem\u00e9lyre szabott dekor\u00e1ci\u00f3kn\u00e1l v\u00e1ltozik a sz\u00f6veg.","vintage":"0","vintage_category_id":"0","recycled":"0","gemstone_id":"0","customizable":"0","type_category":"physical","zerowaste":"0","postage_price":"1490.00","shop_order":"0","has_category":"1","landing_pages":null,"microdata":{"number":15,"category":""},"title":"Pingvin - babaszoba dekor\u00e1ci\u00f3, fali k\u00e9p","description":"Hexart Design - Az okos dekor\u00e1ci\u00f3\nNincs sz\u00fcks\u00e9g keretre \/ Kas\u00edrozott habkarton \/ Egy mozdulattal felrakhat\u00f3 \/ B\u0151v\u00edthet\u0151\n\n--- Pingvin ---\nPingvines baba- illetve gyerekszoba falik\u00e9p. Vele \u00e9s t\u00e1rsaival dekor\u00e1lhatod gyermeked szob\u00e1j\u00e1t, meghitt \u00e9s bar\u00e1ts\u00e1gos vil\u00e1got teremtve.\n\nHa t\u00f6bb dekor\u00e1ci\u00f3t is szeretn\u00e9l, akkor \u00e9rdemes szettet v\u00e1s\u00e1rolnod. Min\u00e9l nagyobb a szett darabsz\u00e1ma, ann\u00e1l olcs\u00f3bb egy dekor\u00e1ci\u00f3 \u00e1ra! Term\u00e9szetesen Te \u00e1ll\u00edthatod \u00f6ssze, hogy milyen \u00e1llatok szerepeljenek a szettekben, a k\u00e9pek csak illusztr\u00e1ci\u00f3k!\n\nN\u00e9zd meg az \u00e1llatokat \u00e9s szetteket, majd \u00e1ll\u00edtsd \u00f6ssze a saj\u00e1t v\u00e1logat\u00e1sodat!\nKattints ide: https:\/\/www.meska.hu\/shop\/Hexartdesign?s=61926&o=legolcsobb\n\nA fal s\u00edkj\u00e1t\u00f3l elemelked\u0151 dekor\u00e1ci\u00f3k k\u00fcl\u00f6nleges lebeg\u0151 hat\u00e1st keltenek (2. k\u00e9p), mik\u00f6zben a f\u00e9ny j\u00e1t\u00e9kos \u00e1rny\u00e9kot vet m\u00f6g\u00e9j\u00fck.\n\nA dekor\u00e1ci\u00f3kat k\u00e9rheted Norm\u00e1l m\u00e9retben (4. k\u00e9p) matt vagy f\u00e9nyes fel\u00fclettel, de v\u00e1laszthatsz extra Nagy m\u00e9retet f\u00e9nyes fel\u00fclettel is.\n\nHogy mit takar az okos dekor\u00e1ci\u00f3 \u00e9s mik a legfontosabb el\u0151nyei, m\u00e1s dekor\u00e1ci\u00f3s megold\u00e1ssal szemben:\n- a hatsz\u00f6glet\u0171 m\u00e9hsejt forma lehet\u0151v\u00e9 teszi, hogy szinte v\u00e9gtelen elrendez\u00e9si m\u00f3don dekor\u00e1ljunk a v\u00e1s\u00e1rolt elemekkel\n- egy mozdulattal felrakhat\u00f3 b\u00e1rmilyen fel\u00fcletre (falra, szekr\u00e9nyre, \u00fcvegre stb )\n- nincs sz\u00fcks\u00e9g sz\u00f6gre \u00e9s kalap\u00e1csra a felhelyez\u00e9shez\n- nincsenek tov\u00e1bbi k\u00f6lts\u00e9geid, hiszen nem kell keretet is v\u00e1s\u00e1rolni\n- nyom n\u00e9lk\u00fcl \u00e1thelyezhet\u0151, t\u00f6bbsz\u00f6r is\n- b\u00e1rmikor tov\u00e1bb b\u0151v\u00edthet\u0151 a kollekci\u00f3 t\u00f6bbi darabj\u00e1val\n\nA k\u00e9pen l\u00e1that\u00f3 kieg\u00e9sz\u00edt\u0151 dekor\u00e1ci\u00f3s k\u00f6rnyezet csak illusztr\u00e1ci\u00f3, ami nem k\u00e9pezi a term\u00e9k r\u00e9sz\u00e9t. A m\u00e9retar\u00e1ny nem felt\u00e9tlen\u00fcl felel meg a val\u00f3s\u00e1gnak. A dekor\u00e1ci\u00f3 pontos m\u00e9ret \u00e9s fel\u00fclet opci\u00f3it az al\u00e1bbi term\u00e9kle\u00edr\u00e1sban l\u00e1thatod.\n\nTerm\u00e9kle\u00edr\u00e1s:\n- hatsz\u00f6g forma, v\u00e1laszthat\u00f3 m\u00e9ret \u00e9s fel\u00fclet opci\u00f3kkal\n- min\u0151s\u00e9gi fot\u00f3pap\u00edrra k\u00e9sz\u00fcl\u0151 nyomat, amely 5 mm-es feh\u00e9r habkartonra van kas\u00edrozva\n- a dekor\u00e1ci\u00f3k speci\u00e1lis ragad\u00f3 talpakkal (5 mm magas) vannak ell\u00e1tva. Ezek seg\u00edts\u00e9g\u00e9vel tudod a falra r\u00f6gz\u00edteni a dekorokat (nyom n\u00e9lk\u00fcl \u00e1thelyezhet\u0151 ak\u00e1r t\u00f6bbsz\u00f6r is) \u00e9s ezek miatt kelt lebeg\u0151 hat\u00e1st a dekor\u00e1ci\u00f3.\n\nEl\u00e9rhet\u0151 az al\u00e1bbi m\u00e9ret \u00e9s fel\u00fclet opci\u00f3kban (a term\u00e9kk\u00e9pek k\u00f6z\u00f6tt megtal\u00e1lod a Norm\u00e1l \u00e9s Nagy verzi\u00f3 m\u00e9retar\u00e1nyos \u00f6sszehasonl\u00edt\u00f3 k\u00e9pet is). A v\u00e1s\u00e1rl\u00e1sn\u00e1l pedig a M\u00e9ret leg\u00f6rd\u00fcl\u0151 men\u00fcben v\u00e1laszthatod majd ki, a Neked szimpatikus verzi\u00f3t.\n- Norm\u00e1l m\u00e9ret (231x200 mm), matt fel\u00fclettel (alap\u00e1r)\n- Norm\u00e1l m\u00e9ret (231x200 mm), f\u00e9nyes fel\u00fclettel (fel\u00e1ras opci\u00f3)\n- Nagy m\u00e9ret (300x260 mm), f\u00e9nyes fel\u00fclettel (fel\u00e1ras opci\u00f3)\n\nSzerz\u0151i jog:\nA boltomban tal\u00e1lhat\u00f3 \u00f6sszes term\u00e9k a saj\u00e1t alkot\u00e1som \u00e9s szerz\u0151i jog v\u00e9di. Semmilyen form\u00e1ban nem m\u00e1solhat\u00f3, gy\u00e1rthat\u00f3 \u00e9s sokszoros\u00edthat\u00f3.\n\nAz \u00e1r egy darab term\u00e9kre vonatkozik.\n\nHa k\u00edv\u00e1ncsi vagy a t\u00f6bbi term\u00e9kemre, akkor n\u00e9zz k\u00f6r\u00fcl a boltomban. A Polcok a boltban men\u00fcre kattintva v\u00e1logathatsz a kateg\u00f3ri\u00e1k k\u00f6z\u00f6tt.\nhttps:\/\/www.meska.hu\/Shop\/index\/29709","score":0,"formatted_price":"4 490 Ft","image_url":"https:\/\/www.meska.hu\/img\/product\/small\/h\/e\/hexartdesign_product_371419_250804100244_26742.jpeg","formatted_url":"https:\/\/www.meska.hu\/p3727409-pingvin-babaszoba-dekoracio-fali-kep","favourite":false,"in_stock":false,"avatar":"Hexartdesign_avatar_371419_1589358772.jpg","delete_from":0,"is_enhanced_background":false,"is_enhanced":false,"product_selection_started":false,"is_active":true,"image_webp_url":"https:\/\/www.meska.hu\/img\/product\/small\/h\/e\/hexartdesign_product_371419_250804100244_26742.webp"},{"id":"4465762","shop_id":"29709","user_id":"371419","shop_name":"Hexartdesign","shop_zip":"1183","product_code":"4604364","product_name_old":null,"product_name":"Nagymama, nagyi szab\u00e1lyai, h\u00e1zirend - az unok\u00e1k, gyerekek neveivel (A4-es digit\u00e1lis nyomtathat\u00f3 f\u00e1jl)","category_string":"Otthon & \u00c9letm\u00f3d, Dekor\u00e1ci\u00f3, Fali \u00e9s f\u00fcgg\u0151 dekor\u00e1ci\u00f3, Falra akaszthat\u00f3 dekor","technic_string":"Fot\u00f3, grafika, rajz, illusztr\u00e1ci\u00f3","category_1":"813","category_2":"314","category_3":"1470","category_4":"942","merged_category_1":"0","merged_category_2":"0","merged_category_3":"785","technic_1":"483","technic_2":"0","technic_3":"0","color_1":"519","color_2":"522","color_3":"0","product_description_old":null,"product_description":"Hexart Design - Nyomtathat\u00f3 dekor\u00e1ci\u00f3\n\nFONTOS! A term\u00e9ket emailben kapod meg \u00e9s Neked kell kinyomtatnod (keretezned)! Ha ink\u00e1bb komplett falidekor\u00e1ci\u00f3t v\u00e1lasztan\u00e1l, akkor n\u00e9zd meg a term\u00e9k hatsz\u00f6g verzi\u00f3j\u00e1t. Kattints ide: https:\/\/www.meska.hu\/p3887549-nagymama-nagyi-szabalyai-hazirend-dekoracio-ajandek-fali-kep-egyedi-csaladnevekkel-es-valaszthato-szinekben\n\nSzeretn\u00e9l egy k\u00fcl\u00f6nleges aj\u00e1nd\u00e9kot adni a nagyidnak n\u00e9vnapra, sz\u00fclinapra, any\u00e1k napj\u00e1ra vagy ak\u00e1r kar\u00e1csonyra? Kedves \u00e9s szellemes nagymam\u00e1knak sz\u00f3l\u00f3 dekor\u00e1ci\u00f3, amivel \u00f6r\u00f6mteli pillanatokat szerezhetsz neki. Letisztult modern tervez\u00e9s fiatalos nagyiknak :)\n\nEgyedi sz\u00f6vegr\u00e9sszel, ami tartalmazza az unok\u00e1k neveit \u00e9s sz\u00fclet\u00e9si d\u00e1tumait. 4 f\u00e9le v\u00e1laszthat\u00f3 sz\u00ednben. A k\u00e9pen most 3 n\u00e9v szerepel, de term\u00e9szetesen lehet t\u00f6bb vagy kevesebb is. Ennek f\u00fcggv\u00e9ny\u00e9ben elt\u00e9r majd a dekor\u00e1ci\u00f3 a k\u00e9pen l\u00e1that\u00f3t\u00f3l.\n\n--- Mikor v\u00e1laszd a nyomtathat\u00f3 dekor\u00e1ci\u00f3t a Hexart Design hatsz\u00f6g megold\u00e1s helyett? ---\n- ha olcs\u00f3bb megold\u00e1st keresel, hiszen nincs plusz postak\u00f6lts\u00e9ged\n- ha az A4-es k\u00e9par\u00e1ny jobban tetszik\n- ha gyorsabban szeretn\u00e9d megkapni, hiszen nincs post\u00e1z\u00e1s (munkanapon 8 \u00f3r\u00e1n bel\u00fcl megkapod a nyomtathat\u00f3 f\u00e1jlt)\n- ha utols\u00f3 pillanatban aj\u00e1nd\u00e9k dekor\u00e1ci\u00f3t szeretn\u00e9l \u00e9s nincs id\u0151d v\u00e1rni\n- ha az otthon sz\u00ednes nyomtat\u00f3ddal vagy valamely k\u00f6zeli fot\u00f3 kioszkban kinyomtatn\u00e1d\n- ha megl\u00e9v\u0151 keretbe szeretn\u00e9d\n- ha Te szeretn\u00e9d eld\u00f6nteni, mekkor\u00e1ban nyomtatod ki: a nyomat A4-es (210x297 mm) m\u00e9ret\u0171, de kinyomtathatod kisebb A5 (148x210 mm), de ak\u00e1r nagyobb A3-as (297x420 mm) m\u00e9retben is\n- ha esetleg t\u00f6bb nyomatra is sz\u00fcks\u00e9ged lenne\n\n--- Hogyan rendelj? ---\nRendel\u00e9skor az \u201e\u00dczenet Hexart Design r\u00e9sz\u00e9re\u201d mez\u0151ben add meg:\n- a keresztneveket \u00e9s a hozz\u00e1juk tartoz\u00f3 sz\u00fclet\u00e9si d\u00e1tumokat\n- a v\u00e1lasztott sz\u00ednkombin\u00e1ci\u00f3 bet\u0171jel\u00e9t a 3. k\u00e9pr\u0151l.\n\nMiut\u00e1n megrendelted \u00e9s kifizetted a term\u00e9ket, elk\u00e9sz\u00edtem a grafik\u00e1t (munkanapon 8 \u00f3r\u00e1n bel\u00fcl). A dekor\u00e1ci\u00f3t ezut\u00e1n nagyfelbont\u00e1s\u00fa digit\u00e1lis form\u00e1tumban (jpg) emailben elk\u00fcld\u00f6m a r\u00e9szedre, amit azt\u00e1n egy sz\u00ednes tintasugaras nyomtat\u00f3val ki tudsz nyomtatni \u00e9s be tudsz keretezni.\n\n--- Term\u00e9kle\u00edr\u00e1s ---\nA k\u00e9pen l\u00e1that\u00f3 kieg\u00e9sz\u00edt\u0151 dekor\u00e1ci\u00f3s k\u00f6rnyezet \u00e9s k\u00e9pkeret csak illusztr\u00e1ci\u00f3, ami nem k\u00e9pezi a term\u00e9k r\u00e9sz\u00e9t. A m\u00e9retar\u00e1ny nem felt\u00e9tlen\u00fcl felel meg a val\u00f3s\u00e1gnak. \n\n- a grafika A4-es k\u00e9par\u00e1ny\u00fa 210x297 mm \n- nagy felbont\u00e1s\u00fa 600 dpi-s grafika, ez\u00e9rt ak\u00e1r nagyobb (A3\/297x420 mm) vagy kisebb m\u00e9retben is kinyomtathatod\n- a digit\u00e1lis nyomtathat\u00f3 f\u00e1jlt emailben, jpg form\u00e1tumban kapod meg (fizikai term\u00e9k nem ker\u00fcl post\u00e1z\u00e1sra)\n\n--- Szerz\u0151i jog ---\nA boltomban tal\u00e1lhat\u00f3 \u00f6sszes term\u00e9k a saj\u00e1t alkot\u00e1som \u00e9s szerz\u0151 jog v\u00e9di.\nA digit\u00e1lis nyomtathat\u00f3 f\u00e1jl kinyomtathat\u00f3 mennyis\u00e9gi korl\u00e1toz\u00e1s n\u00e9lk\u00fcl.","price":"5990.00","unit":"db","recommended":"0","status":"1","sponsored":"0","exp_notify":"0","own_material":"0","own_material_description_old":null,"own_material_description":"","jury":"0","jury_number":"","product_nature":"","meskaracsony":"0","create_date":"2026-04-05 00:32:30","shelve_id":"63393","image":"hexartdesign_product_371419_220425183324_190982.jpeg","image_width":"480","image_height":"480","image_alt":"Nagymama, nagyi szab\u00e1lyai, h\u00e1zirend - az unok\u00e1k, gyerekek neveivel (A4-es digit\u00e1lis nyomtathat\u00f3 f\u00e1jl), Hexart Design - Nyomtathat\u00f3 dekor\u00e1ci\u00f3\\n\\nFONTOS! A term\u00e9ket emailben kapod meg \u00e9s Neked kell kinyomtat..., Meska","image_title":"Nagymama, nagyi szab\u00e1lyai, h\u00e1zirend - az unok\u00e1k, gyerekek neveivel (A4-es digit\u00e1lis nyomtathat\u00f3 f\u00e1jl), Meska","view_count":"2372","favourite_count":"0","trending_score":"0","last2MonthFavouriteCount":"0","promotion":0,"giftcard_accept":"1","creditcard_accept":true,"enhanced_background":"0","domain":"meska","specific_customer_id":null,"specific_customer_name":null,"to_order_product":"1","to_order_product_time":"1","product_different":"quite_different","product_different_description":"A sz\u00ednek minim\u00e1lisan elt\u00e9rhetnek a kijelz\u0151n l\u00e1that\u00f3 sz\u00ednekt\u0151l (mobil kijelz\u0151, monitor stb.)\nAz egyedi szem\u00e9lyre szabott dekor\u00e1ci\u00f3kn\u00e1l v\u00e1ltozik a sz\u00f6veg.","vintage":"0","vintage_category_id":"0","recycled":"0","gemstone_id":"0","customizable":"0","type_category":"digital","zerowaste":"0","postage_price":"0.00","shop_order":"0","has_category":"1","landing_pages":null,"microdata":{"number":16,"category":""},"title":"Nagymama, nagyi szab\u00e1lyai, h\u00e1zirend - az unok\u00e1k, gyerekek neveivel (A4-es digit\u00e1lis nyomtathat\u00f3 f\u00e1jl)","description":"Hexart Design - Nyomtathat\u00f3 dekor\u00e1ci\u00f3\n\nFONTOS! A term\u00e9ket emailben kapod meg \u00e9s Neked kell kinyomtatnod (keretezned)! Ha ink\u00e1bb komplett falidekor\u00e1ci\u00f3t v\u00e1lasztan\u00e1l, akkor n\u00e9zd meg a term\u00e9k hatsz\u00f6g verzi\u00f3j\u00e1t. Kattints ide: https:\/\/www.meska.hu\/p3887549-nagymama-nagyi-szabalyai-hazirend-dekoracio-ajandek-fali-kep-egyedi-csaladnevekkel-es-valaszthato-szinekben\n\nSzeretn\u00e9l egy k\u00fcl\u00f6nleges aj\u00e1nd\u00e9kot adni a nagyidnak n\u00e9vnapra, sz\u00fclinapra, any\u00e1k napj\u00e1ra vagy ak\u00e1r kar\u00e1csonyra? Kedves \u00e9s szellemes nagymam\u00e1knak sz\u00f3l\u00f3 dekor\u00e1ci\u00f3, amivel \u00f6r\u00f6mteli pillanatokat szerezhetsz neki. Letisztult modern tervez\u00e9s fiatalos nagyiknak :)\n\nEgyedi sz\u00f6vegr\u00e9sszel, ami tartalmazza az unok\u00e1k neveit \u00e9s sz\u00fclet\u00e9si d\u00e1tumait. 4 f\u00e9le v\u00e1laszthat\u00f3 sz\u00ednben. A k\u00e9pen most 3 n\u00e9v szerepel, de term\u00e9szetesen lehet t\u00f6bb vagy kevesebb is. Ennek f\u00fcggv\u00e9ny\u00e9ben elt\u00e9r majd a dekor\u00e1ci\u00f3 a k\u00e9pen l\u00e1that\u00f3t\u00f3l.\n\n--- Mikor v\u00e1laszd a nyomtathat\u00f3 dekor\u00e1ci\u00f3t a Hexart Design hatsz\u00f6g megold\u00e1s helyett? ---\n- ha olcs\u00f3bb megold\u00e1st keresel, hiszen nincs plusz postak\u00f6lts\u00e9ged\n- ha az A4-es k\u00e9par\u00e1ny jobban tetszik\n- ha gyorsabban szeretn\u00e9d megkapni, hiszen nincs post\u00e1z\u00e1s (munkanapon 8 \u00f3r\u00e1n bel\u00fcl megkapod a nyomtathat\u00f3 f\u00e1jlt)\n- ha utols\u00f3 pillanatban aj\u00e1nd\u00e9k dekor\u00e1ci\u00f3t szeretn\u00e9l \u00e9s nincs id\u0151d v\u00e1rni\n- ha az otthon sz\u00ednes nyomtat\u00f3ddal vagy valamely k\u00f6zeli fot\u00f3 kioszkban kinyomtatn\u00e1d\n- ha megl\u00e9v\u0151 keretbe szeretn\u00e9d\n- ha Te szeretn\u00e9d eld\u00f6nteni, mekkor\u00e1ban nyomtatod ki: a nyomat A4-es (210x297 mm) m\u00e9ret\u0171, de kinyomtathatod kisebb A5 (148x210 mm), de ak\u00e1r nagyobb A3-as (297x420 mm) m\u00e9retben is\n- ha esetleg t\u00f6bb nyomatra is sz\u00fcks\u00e9ged lenne\n\n--- Hogyan rendelj? ---\nRendel\u00e9skor az \u201e\u00dczenet Hexart Design r\u00e9sz\u00e9re\u201d mez\u0151ben add meg:\n- a keresztneveket \u00e9s a hozz\u00e1juk tartoz\u00f3 sz\u00fclet\u00e9si d\u00e1tumokat\n- a v\u00e1lasztott sz\u00ednkombin\u00e1ci\u00f3 bet\u0171jel\u00e9t a 3. k\u00e9pr\u0151l.\n\nMiut\u00e1n megrendelted \u00e9s kifizetted a term\u00e9ket, elk\u00e9sz\u00edtem a grafik\u00e1t (munkanapon 8 \u00f3r\u00e1n bel\u00fcl). A dekor\u00e1ci\u00f3t ezut\u00e1n nagyfelbont\u00e1s\u00fa digit\u00e1lis form\u00e1tumban (jpg) emailben elk\u00fcld\u00f6m a r\u00e9szedre, amit azt\u00e1n egy sz\u00ednes tintasugaras nyomtat\u00f3val ki tudsz nyomtatni \u00e9s be tudsz keretezni.\n\n--- Term\u00e9kle\u00edr\u00e1s ---\nA k\u00e9pen l\u00e1that\u00f3 kieg\u00e9sz\u00edt\u0151 dekor\u00e1ci\u00f3s k\u00f6rnyezet \u00e9s k\u00e9pkeret csak illusztr\u00e1ci\u00f3, ami nem k\u00e9pezi a term\u00e9k r\u00e9sz\u00e9t. A m\u00e9retar\u00e1ny nem felt\u00e9tlen\u00fcl felel meg a val\u00f3s\u00e1gnak. \n\n- a grafika A4-es k\u00e9par\u00e1ny\u00fa 210x297 mm \n- nagy felbont\u00e1s\u00fa 600 dpi-s grafika, ez\u00e9rt ak\u00e1r nagyobb (A3\/297x420 mm) vagy kisebb m\u00e9retben is kinyomtathatod\n- a digit\u00e1lis nyomtathat\u00f3 f\u00e1jlt emailben, jpg form\u00e1tumban kapod meg (fizikai term\u00e9k nem ker\u00fcl post\u00e1z\u00e1sra)\n\n--- Szerz\u0151i jog ---\nA boltomban tal\u00e1lhat\u00f3 \u00f6sszes term\u00e9k a saj\u00e1t alkot\u00e1som \u00e9s szerz\u0151 jog v\u00e9di.\nA digit\u00e1lis nyomtathat\u00f3 f\u00e1jl kinyomtathat\u00f3 mennyis\u00e9gi korl\u00e1toz\u00e1s n\u00e9lk\u00fcl.","score":0,"formatted_price":"5 990 Ft","image_url":"https:\/\/www.meska.hu\/img\/product\/small\/h\/e\/hexartdesign_product_371419_220425183324_190982.jpeg","formatted_url":"https:\/\/www.meska.hu\/p4604364-nagymama-nagyi-szabalyai-hazirend-az-unokak-gyerekek-neveivel-a4-es-digitalis-nyomtathato-fajl","favourite":false,"in_stock":false,"avatar":"Hexartdesign_avatar_371419_1589358772.jpg","delete_from":0,"is_enhanced_background":false,"is_enhanced":false,"product_selection_started":false,"is_active":true,"image_webp_url":"https:\/\/www.meska.hu\/img\/product\/small\/h\/e\/hexartdesign_product_371419_220425183324_190982.webp"},{"id":"2656178","shop_id":"12960","user_id":"74058","shop_name":"Nana83","shop_zip":"1173","product_code":"4732179","product_name_old":null,"product_name":"Debreceni utca - akvarell keretezve","category_string":"M\u0171v\u00e9szet, Festm\u00e9ny, Akvarell","technic_string":"Fest\u00e9szet, Fot\u00f3, grafika, rajz, illusztr\u00e1ci\u00f3","category_1":"357","category_2":"358","category_3":"360","category_4":"0","merged_category_1":null,"merged_category_2":null,"merged_category_3":null,"technic_1":"480","technic_2":"483","technic_3":"0","color_1":"514","color_2":"522","color_3":"529","product_description_old":null,"product_description":"A Szent Anna utc\u00e1n k\u00e9sz\u00fclt egy f\u00e9nyk\u00e9p \u00e9s az alapj\u00e1n festettem meg a k\u00e9pet akvarellel. \nA f\u00e1k \u00e9s \u00e9p\u00fcletek \u00f6sszhangja \u00e9rdekelt, f\u00e9nyek \u00e9s \u00e1rny\u00e9kok, aut\u00f3k sz\u00e1nd\u00e9kosan nincsenek rajta, rontott\u00e1k volna az \u00f6sszk\u00e9pet...\nM\u00e9rete:  A\/3-as m\u00e9ret, \u00fcveglap \u00e9s keret van rajta.","price":"15900.00","unit":"db","recommended":"0","status":"1","sponsored":"0","exp_notify":"0","own_material":"0","own_material_description_old":null,"own_material_description":"","jury":"0","jury_number":"","product_nature":"","meskaracsony":"0","create_date":"2026-03-28 09:12:26","shelve_id":"34717","image":"nana83_product_74058_200915084104_736141.jpeg","image_width":"480","image_height":"295","image_alt":"Debreceni utca - akvarell keretezve, A Szent Anna utc\u00e1n k\u00e9sz\u00fclt egy f\u00e9nyk\u00e9p \u00e9s az alapj\u00e1n festettem meg a k\u00e9pet akvarellel. \\nA f\u00e1k \u00e9s \u00e9p\u00fc..., Meska","image_title":"Debreceni utca - akvarell keretezve, Meska","view_count":"2300","favourite_count":"17","trending_score":"0","last2MonthFavouriteCount":"17","promotion":"0","giftcard_accept":"1","creditcard_accept":false,"enhanced_background":"0","domain":"meska","specific_customer_id":null,"specific_customer_name":null,"to_order_product":"0","to_order_product_time":"0","product_different":null,"product_different_description":"","vintage":"0","vintage_category_id":"0","recycled":"0","gemstone_id":"0","customizable":"0","type_category":"physical","zerowaste":"0","postage_price":"1290.00","shop_order":"34","has_category":"1","landing_pages":null,"microdata":{"number":17,"category":""},"title":"Debreceni utca - akvarell keretezve","description":"A Szent Anna utc\u00e1n k\u00e9sz\u00fclt egy f\u00e9nyk\u00e9p \u00e9s az alapj\u00e1n festettem meg a k\u00e9pet akvarellel. \nA f\u00e1k \u00e9s \u00e9p\u00fcletek \u00f6sszhangja \u00e9rdekelt, f\u00e9nyek \u00e9s \u00e1rny\u00e9kok, aut\u00f3k sz\u00e1nd\u00e9kosan nincsenek rajta, rontott\u00e1k volna az \u00f6sszk\u00e9pet...\nM\u00e9rete:  A\/3-as m\u00e9ret, \u00fcveglap \u00e9s keret van rajta.","score":0,"formatted_price":"15 900 Ft","image_url":"https:\/\/www.meska.hu\/img\/product\/small\/n\/a\/nana83_product_74058_200915084104_736141.jpeg","formatted_url":"https:\/\/www.meska.hu\/p4732179-debreceni-utca-akvarell-keretezve","favourite":false,"in_stock":true,"avatar":"Nana83_avatar_74058_1527763385.jpg","delete_from":0,"is_enhanced_background":false,"is_enhanced":false,"product_selection_started":false,"is_active":true,"image_webp_url":"https:\/\/www.meska.hu\/img\/product\/small\/n\/a\/nana83_product_74058_200915084104_736141.webp"},{"id":"3421848","shop_id":"18878","user_id":"173903","shop_name":"paracordmania","shop_zip":"1183","product_code":"3070291","product_name_old":null,"product_name":"- Fluorit - v\u00e9delem \u00e1sv\u00e1ny kark\u00f6t\u0151, ak\u00e1r grav\u00edrozott ac\u00e9l med\u00e1l kieg\u00e9sz\u00edt\u0151vel \/ n\u0151i \u00e1sv\u00e1nykark\u00f6t\u0151, gumis","category_string":"\u00c9kszer, Kark\u00f6t\u0151, \u00c1sv\u00e1nykark\u00f6t\u0151","technic_string":"\u00c9kszerk\u00e9sz\u00edt\u00e9s, Gy\u00f6ngyf\u0171z\u00e9s, gy\u00f6ngyh\u00edmz\u00e9s","category_1":"327","category_2":"333","category_3":"1647","category_4":"0","merged_category_1":"0","merged_category_2":"0","merged_category_3":"0","technic_1":"477","technic_2":"485","technic_3":"0","color_1":"522","color_2":"525","color_3":"529","product_description_old":null,"product_description":"Aj\u00e1nd\u00e9knak sz\u00e1nod ezt a term\u00e9ket? Szeretn\u00e9l hozz\u00e1 egyedi d\u00edszcsomagol\u00e1st? Akkor eg\u00e9sz\u00edtsd ki a v\u00e1s\u00e1rl\u00e1sod grav\u00edrozott k\u00eds\u00e9r\u0151 k\u00e1rty\u00e1val \u00e9s ez\u00fcst sz\u00edn\u0171 szat\u00e9n aj\u00e1nd\u00e9ktasakkal (utols\u00f3 k\u00e9p). A d\u00edszcsomagol\u00e1st a \u201eSz\u00edn\u201d leg\u00f6rd\u00fcl\u0151 men\u00fcben adhatod a kosaradhoz. A k\u00e1rtya 34x51 mm-es egy oldal\u00e1n grav\u00edrozott ny\u00e1rfa r\u00e9tegelt lemez, a tetej\u00e9n lyukkal, amivel a szat\u00e9n tasakra (a m\u00e9rete 100x150 mm) r\u00f6gz\u00edtheted. A grav\u00edrozand\u00f3 sz\u00f6veget a Kos\u00e1rban, az \u00dczenet r\u00e9szben adhatod meg.\n--- --- --- --- --- ---\n\nEz a teljes Fluorit kark\u00f6t\u0151, csod\u00e1s sz\u00ednekben pomp\u00e1zik a z\u00f6ldes \u00e1rnyalatokt\u00f3l a lil\u00e1kig. 8 mm-es \u00e1sv\u00e1ny kark\u00f6t\u0151 gumisz\u00e1lon.\n\n-----\nLehet\u0151s\u00e9ged van kieg\u00e9sz\u00edteni az \u00e1sv\u00e1ny kark\u00f6t\u0151t egy grav\u00edrozott ac\u00e9l k\u00f6r med\u00e1llal (fel\u00e1ras opci\u00f3), amivel igaz\u00e1n egyediv\u00e9 tudod tenni a kark\u00f6t\u0151t. A 2. k\u00e9pen l\u00e1thatod, hogyan is n\u00e9zne ki ez a megold\u00e1s (a k\u00e9pen l\u00e9v\u0151 kark\u00f6t\u0151 csak illusztr\u00e1ci\u00f3). V\u00e1laszthatsz egy- vagy k\u00e9toldas grav\u00edroz\u00e1st. 2 f\u00e9le bet\u0171t\u00edpussal (oldalank\u00e9nt maximum 5 karakter). Rendel\u00e9sn\u00e9l az \u00fczenet r\u00e9szbe tudod majd be\u00edrni a grav\u00edrozand\u00f3 sz\u00f6veget.\nAz ac\u00e9l med\u00e1l \u00e1tm\u00e9r\u0151je 10 mm, a vastags\u00e1ga 1 mm. 5 mm-es ac\u00e9l karik\u00e1val van r\u00f6gz\u00edtve egy az \u00e1sv\u00e1nyok k\u00f6z\u00e9 f\u0171z\u00f6tt kb. 6 mm-es ac\u00e9l g\u00f6mb elemre.\nHa a med\u00e1los opci\u00f3t v\u00e1lasztod, az elk\u00e9sz\u00edt\u00e9si id\u0151 2-r\u0151l 4 munkanapra v\u00e1ltozik! Valamint ut\u00e1nv\u00e9tes fizet\u00e9s ebben az esetben nem lehets\u00e9ges, ne v\u00e1laszd ki.\n-----\n\nA Fluorit hat\u00e1sai:\n\n\u201eA fluorit fokozottan v\u00e9delmez\u0151 krist\u00e1ly. Gy\u00f3gy\u00edt\u00e1sra haszn\u00e1lva a fluorit elt\u00e1vol\u00edtja a negat\u00edv energi\u00e1kat \u00e9s a stressz minden fajt\u00e1j\u00e1t. Seg\u00edt a tanul\u00e1sban, az \u00faj ismeretek hasznos\u00edt\u00e1s\u00e1ban \u00e9s megk\u00f6nny\u00edti a gyors gondolkod\u00e1st. \u201d\nForr\u00e1s: Krist\u00e1lybiblia\n\nCsillagjegyek: v\u00edz\u00f6nt\u0151, halak\n\n\/\/\/\/\/\/ Hogyan rendelj? \/\/\/\/\/\/\n\nA kark\u00f6t\u0151 fix m\u00e9retre k\u00e9sz\u00fcl, ez\u00e9rt az elk\u00e9sz\u00edt\u00e9s\u00e9hez sz\u00fcks\u00e9gem lesz a pontos csukl\u00f3m\u00e9retre. Ha aj\u00e1nd\u00e9kba venn\u00e9d, vagy nem tudsz m\u00e9retet adni, akkor fontold meg az \u00e1ll\u00edthat\u00f3 m\u00e9ret\u0171 \u00e1sv\u00e1ny kark\u00f6t\u0151ket (az unisex Minerva Maxi illetve a n\u0151i Minerva \u00e9s Minerva Angyal modellek) \u00e9s n\u00e9zz k\u00f6r\u00fcl az al\u00e1bbi linken:\n\nhttps:\/\/www.meska.hu\/Shop\/index\/18878?search_string=M%C3%81%C3%81K\n\nHa enn\u00e9l a kark\u00f6t\u0151n\u00e9l maradsz, akkor az al\u00e1bbi m\u00f3don add meg nekem a m\u00e9retet:\n1. V\u00e9gy egy madzagot vagy szalagot (ak\u00e1r v\u00e1ghatsz is egyet pap\u00edrb\u00f3l).\n2. Tekerd a csukl\u00f3d k\u00f6r\u00e9, ahol a kark\u00f6t\u0151t hordod.\n3. M\u00e9rd le a pontos! csukl\u00f3m\u00e9reted, de ne fesz\u00edtsd r\u00e1.\n4. Egy vonalz\u00f3 seg\u00edts\u00e9g\u00e9vel m\u00e9rd le a kapott m\u00e9retet \u00e9s ezt \u00edrd meg nekem az \u00dczenet mez\u0151ben.\n\nFONTOS! Az nem megfelel\u0151, ha egy megl\u00e9v\u0151 \u00f3r\u00e1nak vagy kark\u00f6t\u0151nek a hossz\u00e1t m\u00e9red le, mivel az \u00edgy kapott m\u00e9ret (anyag, vastags\u00e1g, csat stb. miatt) nem egyezik meg a csukl\u00f3 m\u00e9rettel.\n\nHa megvan a m\u00e9ret, akkor a rendel\u00e9sn\u00e9l k\u00e9rlek \u00edrd majd bele az \u00dczenet rovatba. A kark\u00f6t\u0151d erre a m\u00e9retre fog k\u00e9sz\u00fclni. A leg\u00f6rd\u00fcl\u0151 men\u00fcben pedig v\u00e1laszd ki a m\u00e9rets\u00e1vot, ami lehet Norm\u00e1l (0-19 cm) vagy Nagy m\u00e9ret (20-24 cm).\n\nA j\u00f3 m\u00e9ret megad\u00e1sa a Te felel\u0151ss\u00e9ged, ut\u00f3lag nem tudom m\u00f3dos\u00edtani. Azonban a csomag tartalmaz Extr\u00e1kat is. Tal\u00e1lsz benne egy p\u00f3tgumit \u00e9s 1-2 szem \u00e1sv\u00e1nyt, amivel minim\u00e1lisan korrig\u00e1lhatod a m\u00e9retet.","price":"7690.00","unit":"db","recommended":"0","status":"1","sponsored":"0","exp_notify":"0","own_material":"0","own_material_description_old":null,"own_material_description":"","jury":"0","jury_number":"","product_nature":"","meskaracsony":"0","create_date":"2026-01-18 08:36:27","shelve_id":"53139","image":"paracordmania_product_173903_180226180615_140262.jpeg","image_width":"480","image_height":"480","image_alt":"- Fluorit - v\u00e9delem \u00e1sv\u00e1ny kark\u00f6t\u0151, ak\u00e1r grav\u00edrozott ac\u00e9l med\u00e1l kieg\u00e9sz\u00edt\u0151vel \/ n\u0151i \u00e1sv\u00e1nykark\u00f6t\u0151, gumis, Aj\u00e1nd\u00e9knak sz\u00e1nod ezt a term\u00e9ket? Szeretn\u00e9l hozz\u00e1 egyedi d\u00edszcsomagol\u00e1st? Akkor eg\u00e9sz\u00edtsd ki a v\u00e1s\u00e1r..., Meska","image_title":"- Fluorit - v\u00e9delem \u00e1sv\u00e1ny kark\u00f6t\u0151, ak\u00e1r grav\u00edrozott ac\u00e9l med\u00e1l kieg\u00e9sz\u00edt\u0151vel \/ n\u0151i \u00e1sv\u00e1nykark\u00f6t\u0151, gumis, Meska","view_count":"2322","favourite_count":"0","trending_score":"0","last2MonthFavouriteCount":"0","promotion":0,"giftcard_accept":"1","creditcard_accept":true,"enhanced_background":"0","domain":"meska","specific_customer_id":null,"specific_customer_name":null,"to_order_product":"1","to_order_product_time":"2","product_different":"quite_different","product_different_description":"Minden \u00e1sv\u00e1nygoly\u00f3 egyedi, ez\u00e9rt minden kark\u00f6t\u0151 kicsit m\u00e1s lesz mint a mintafot\u00f3.","vintage":"0","vintage_category_id":"0","recycled":"0","gemstone_id":"0","customizable":"1","type_category":"physical","zerowaste":"0","postage_price":"3455.00","shop_order":"0","has_category":"1","landing_pages":null,"microdata":{"number":18,"category":""},"title":"- Fluorit - v\u00e9delem \u00e1sv\u00e1ny kark\u00f6t\u0151, ak\u00e1r grav\u00edrozott ac\u00e9l med\u00e1l kieg\u00e9sz\u00edt\u0151vel \/ n\u0151i \u00e1sv\u00e1nykark\u00f6t\u0151, gumis","description":"Aj\u00e1nd\u00e9knak sz\u00e1nod ezt a term\u00e9ket? Szeretn\u00e9l hozz\u00e1 egyedi d\u00edszcsomagol\u00e1st? Akkor eg\u00e9sz\u00edtsd ki a v\u00e1s\u00e1rl\u00e1sod grav\u00edrozott k\u00eds\u00e9r\u0151 k\u00e1rty\u00e1val \u00e9s ez\u00fcst sz\u00edn\u0171 szat\u00e9n aj\u00e1nd\u00e9ktasakkal (utols\u00f3 k\u00e9p). A d\u00edszcsomagol\u00e1st a \u201eSz\u00edn\u201d leg\u00f6rd\u00fcl\u0151 men\u00fcben adhatod a kosaradhoz. A k\u00e1rtya 34x51 mm-es egy oldal\u00e1n grav\u00edrozott ny\u00e1rfa r\u00e9tegelt lemez, a tetej\u00e9n lyukkal, amivel a szat\u00e9n tasakra (a m\u00e9rete 100x150 mm) r\u00f6gz\u00edtheted. A grav\u00edrozand\u00f3 sz\u00f6veget a Kos\u00e1rban, az \u00dczenet r\u00e9szben adhatod meg.\n--- --- --- --- --- ---\n\nEz a teljes Fluorit kark\u00f6t\u0151, csod\u00e1s sz\u00ednekben pomp\u00e1zik a z\u00f6ldes \u00e1rnyalatokt\u00f3l a lil\u00e1kig. 8 mm-es \u00e1sv\u00e1ny kark\u00f6t\u0151 gumisz\u00e1lon.\n\n-----\nLehet\u0151s\u00e9ged van kieg\u00e9sz\u00edteni az \u00e1sv\u00e1ny kark\u00f6t\u0151t egy grav\u00edrozott ac\u00e9l k\u00f6r med\u00e1llal (fel\u00e1ras opci\u00f3), amivel igaz\u00e1n egyediv\u00e9 tudod tenni a kark\u00f6t\u0151t. A 2. k\u00e9pen l\u00e1thatod, hogyan is n\u00e9zne ki ez a megold\u00e1s (a k\u00e9pen l\u00e9v\u0151 kark\u00f6t\u0151 csak illusztr\u00e1ci\u00f3). V\u00e1laszthatsz egy- vagy k\u00e9toldas grav\u00edroz\u00e1st. 2 f\u00e9le bet\u0171t\u00edpussal (oldalank\u00e9nt maximum 5 karakter). Rendel\u00e9sn\u00e9l az \u00fczenet r\u00e9szbe tudod majd be\u00edrni a grav\u00edrozand\u00f3 sz\u00f6veget.\nAz ac\u00e9l med\u00e1l \u00e1tm\u00e9r\u0151je 10 mm, a vastags\u00e1ga 1 mm. 5 mm-es ac\u00e9l karik\u00e1val van r\u00f6gz\u00edtve egy az \u00e1sv\u00e1nyok k\u00f6z\u00e9 f\u0171z\u00f6tt kb. 6 mm-es ac\u00e9l g\u00f6mb elemre.\nHa a med\u00e1los opci\u00f3t v\u00e1lasztod, az elk\u00e9sz\u00edt\u00e9si id\u0151 2-r\u0151l 4 munkanapra v\u00e1ltozik! Valamint ut\u00e1nv\u00e9tes fizet\u00e9s ebben az esetben nem lehets\u00e9ges, ne v\u00e1laszd ki.\n-----\n\nA Fluorit hat\u00e1sai:\n\n\u201eA fluorit fokozottan v\u00e9delmez\u0151 krist\u00e1ly. Gy\u00f3gy\u00edt\u00e1sra haszn\u00e1lva a fluorit elt\u00e1vol\u00edtja a negat\u00edv energi\u00e1kat \u00e9s a stressz minden fajt\u00e1j\u00e1t. Seg\u00edt a tanul\u00e1sban, az \u00faj ismeretek hasznos\u00edt\u00e1s\u00e1ban \u00e9s megk\u00f6nny\u00edti a gyors gondolkod\u00e1st. \u201d\nForr\u00e1s: Krist\u00e1lybiblia\n\nCsillagjegyek: v\u00edz\u00f6nt\u0151, halak\n\n\/\/\/\/\/\/ Hogyan rendelj? \/\/\/\/\/\/\n\nA kark\u00f6t\u0151 fix m\u00e9retre k\u00e9sz\u00fcl, ez\u00e9rt az elk\u00e9sz\u00edt\u00e9s\u00e9hez sz\u00fcks\u00e9gem lesz a pontos csukl\u00f3m\u00e9retre. Ha aj\u00e1nd\u00e9kba venn\u00e9d, vagy nem tudsz m\u00e9retet adni, akkor fontold meg az \u00e1ll\u00edthat\u00f3 m\u00e9ret\u0171 \u00e1sv\u00e1ny kark\u00f6t\u0151ket (az unisex Minerva Maxi illetve a n\u0151i Minerva \u00e9s Minerva Angyal modellek) \u00e9s n\u00e9zz k\u00f6r\u00fcl az al\u00e1bbi linken:\n\nhttps:\/\/www.meska.hu\/Shop\/index\/18878?search_string=M%C3%81%C3%81K\n\nHa enn\u00e9l a kark\u00f6t\u0151n\u00e9l maradsz, akkor az al\u00e1bbi m\u00f3don add meg nekem a m\u00e9retet:\n1. V\u00e9gy egy madzagot vagy szalagot (ak\u00e1r v\u00e1ghatsz is egyet pap\u00edrb\u00f3l).\n2. Tekerd a csukl\u00f3d k\u00f6r\u00e9, ahol a kark\u00f6t\u0151t hordod.\n3. M\u00e9rd le a pontos! csukl\u00f3m\u00e9reted, de ne fesz\u00edtsd r\u00e1.\n4. Egy vonalz\u00f3 seg\u00edts\u00e9g\u00e9vel m\u00e9rd le a kapott m\u00e9retet \u00e9s ezt \u00edrd meg nekem az \u00dczenet mez\u0151ben.\n\nFONTOS! Az nem megfelel\u0151, ha egy megl\u00e9v\u0151 \u00f3r\u00e1nak vagy kark\u00f6t\u0151nek a hossz\u00e1t m\u00e9red le, mivel az \u00edgy kapott m\u00e9ret (anyag, vastags\u00e1g, csat stb. miatt) nem egyezik meg a csukl\u00f3 m\u00e9rettel.\n\nHa megvan a m\u00e9ret, akkor a rendel\u00e9sn\u00e9l k\u00e9rlek \u00edrd majd bele az \u00dczenet rovatba. A kark\u00f6t\u0151d erre a m\u00e9retre fog k\u00e9sz\u00fclni. A leg\u00f6rd\u00fcl\u0151 men\u00fcben pedig v\u00e1laszd ki a m\u00e9rets\u00e1vot, ami lehet Norm\u00e1l (0-19 cm) vagy Nagy m\u00e9ret (20-24 cm).\n\nA j\u00f3 m\u00e9ret megad\u00e1sa a Te felel\u0151ss\u00e9ged, ut\u00f3lag nem tudom m\u00f3dos\u00edtani. Azonban a csomag tartalmaz Extr\u00e1kat is. Tal\u00e1lsz benne egy p\u00f3tgumit \u00e9s 1-2 szem \u00e1sv\u00e1nyt, amivel minim\u00e1lisan korrig\u00e1lhatod a m\u00e9retet.","score":0,"formatted_price":"7 690 Ft","image_url":"https:\/\/www.meska.hu\/img\/product\/small\/p\/a\/paracordmania_product_173903_180226180615_140262.jpeg","formatted_url":"https:\/\/www.meska.hu\/p3070291-fluorit-vedelem-asvany-karkoto-akar-gravirozott-acel-medal-kiegeszitovel-noi-asvanykarkoto-gumis","favourite":false,"in_stock":false,"avatar":"paracordmania_avatar_173903_1581629068.jpg","delete_from":0,"is_enhanced_background":false,"is_enhanced":false,"product_selection_started":false,"is_active":true,"image_webp_url":"https:\/\/www.meska.hu\/img\/product\/small\/p\/a\/paracordmania_product_173903_180226180615_140262.webp"},{"id":"2656136","shop_id":"12960","user_id":"74058","shop_name":"Nana83","shop_zip":"1173","product_code":"4602776","product_name_old":null,"product_name":"F\u00e9ny mellett - akvarell keretezve","category_string":"M\u0171v\u00e9szet, Festm\u00e9ny, Akvarell","technic_string":"Fest\u00e9szet, Festett t\u00e1rgyak","category_1":"357","category_2":"358","category_3":"360","category_4":"0","merged_category_1":null,"merged_category_2":null,"merged_category_3":null,"technic_1":"480","technic_2":"481","technic_3":"0","color_1":"521","color_2":"522","color_3":"526","product_description_old":null,"product_description":"Akvarell technik\u00e1val festettem meg egy N\u00e1rcisz csokrot, amit rabul ejt a h\u00e1z \u00e9s a v\u00e1za. \nK\u00e9k \u00e9s s\u00e1rga \u00f6sszhangj\u00e1t hangs\u00falyoztam ki. \nA vir\u00e1gok sz\u00edne vid\u00e1ms\u00e1got sug\u00e1roz, \u00e9letenergi\u00e1val felt\u00f6ltve a n\u00e9z\u0151t. \nKeretben van \u00fcveglap m\u00f6g\u00f6tt A\/3-as m\u00e9retben.\nAkaszt\u00f3 van rajta.","price":"23900.00","unit":"db","recommended":"0","status":"1","sponsored":"0","exp_notify":"0","own_material":"0","own_material_description_old":null,"own_material_description":"","jury":"0","jury_number":"","product_nature":"","meskaracsony":"0","create_date":"2026-04-11 08:03:44","shelve_id":"34717","image":"nana83_product_74058_200925081217_438476.jpeg","image_width":"480","image_height":"469","image_alt":"F\u00e9ny mellett - akvarell keretezve, Akvarell technik\u00e1val festettem meg egy N\u00e1rcisz csokrot, amit rabul ejt a h\u00e1z \u00e9s a v\u00e1za. \\nK\u00e9k \u00e9s s\u00e1rg..., Meska","image_title":"F\u00e9ny mellett - akvarell keretezve, Meska","view_count":"2259","favourite_count":"0","trending_score":"0","last2MonthFavouriteCount":"0","promotion":"0","giftcard_accept":"1","creditcard_accept":false,"enhanced_background":"0","domain":"meska","specific_customer_id":null,"specific_customer_name":null,"to_order_product":"0","to_order_product_time":"0","product_different":null,"product_different_description":"","vintage":"0","vintage_category_id":"0","recycled":"0","gemstone_id":"0","customizable":"0","type_category":"physical","zerowaste":"0","postage_price":"1290.00","shop_order":"17","has_category":"1","landing_pages":null,"microdata":{"number":19,"category":""},"title":"F\u00e9ny mellett - akvarell keretezve","description":"Akvarell technik\u00e1val festettem meg egy N\u00e1rcisz csokrot, amit rabul ejt a h\u00e1z \u00e9s a v\u00e1za. \nK\u00e9k \u00e9s s\u00e1rga \u00f6sszhangj\u00e1t hangs\u00falyoztam ki. \nA vir\u00e1gok sz\u00edne vid\u00e1ms\u00e1got sug\u00e1roz, \u00e9letenergi\u00e1val felt\u00f6ltve a n\u00e9z\u0151t. \nKeretben van \u00fcveglap m\u00f6g\u00f6tt A\/3-as m\u00e9retben.\nAkaszt\u00f3 van rajta.","score":0,"formatted_price":"23 900 Ft","image_url":"https:\/\/www.meska.hu\/img\/product\/small\/n\/a\/nana83_product_74058_200925081217_438476.jpeg","formatted_url":"https:\/\/www.meska.hu\/p4602776-feny-mellett-akvarell-keretezve","favourite":false,"in_stock":true,"avatar":"Nana83_avatar_74058_1527763385.jpg","delete_from":0,"is_enhanced_background":false,"is_enhanced":false,"product_selection_started":false,"is_active":true,"image_webp_url":"https:\/\/www.meska.hu\/img\/product\/small\/n\/a\/nana83_product_74058_200925081217_438476.webp"},{"id":"2437369","shop_id":"17268","user_id":"141629","shop_name":"Lottikuckoja","shop_zip":"6422","product_code":"3512920","product_name_old":null,"product_name":"A kis g\u00f6mb\u00f6c (Magyar n\u00e9pmes\u00e9k) ujjb\u00e1b k\u00e9szlet","category_string":"J\u00e1t\u00e9k & Sport, B\u00e1bok, Ujjb\u00e1b","technic_string":"Baba-\u00e9s b\u00e1bk\u00e9sz\u00edt\u00e9s, H\u00edmz\u00e9s","category_1":"305","category_2":"342","category_3":"1098","category_4":"0","merged_category_1":null,"merged_category_2":null,"merged_category_3":null,"technic_1":"472","technic_2":"487","technic_3":"0","color_1":"514","color_2":"519","color_3":"522","product_description_old":null,"product_description":"Gyermekkorom egyik legkedvesebb mes\u00e9je A kis g\u00f6mb\u00f6c, melyet m\u00e9g ma is sok kisgyermek szeret.\nPedag\u00f3gusok, sz\u00fcl\u0151k, nagysz\u00fcl\u0151k var\u00e1zsolj\u00e1tok el a gyermekeket a gy\u00f6ny\u00f6r\u0171 Magyar n\u00e9pmes\u00e9k vil\u00e1g\u00e1ba ujjb\u00e1bk\u00e9szleteimmel. \n\n\u00d3vodapedag\u00f3gusk\u00e9nt fontosnak tartom a hagyom\u00e1ny\u0151rz\u00e9st, ez\u00e9rt szeretn\u00e9m, ha b\u00e1bjaim \u00e1ltal a mai gyermekek is min\u00e9l sz\u00e9lesebb k\u00f6rben megismern\u00e9k a Magyar n\u00e9pmes\u00e9ket.\n\n,,Mikor a le\u00e1ny felment a padl\u00e1sra, hozz\u00e1 akart ny\u00falni a kis g\u00f6mb\u00f6ch\u00f6z, hogy levegye, nagyot ki\u00e1ltott r\u00e1 a kis g\u00f6mb\u00f6c.\n-Mit akarsz te? Engem enni? Ink\u00e1bb megeszlek \u00e9n t\u00e9ged!\nHamm, bekapta a le\u00e1nyt.\"\n(...)\n,,De most m\u00e1r olyan k\u00f6v\u00e9r lett, hogy nem b\u00edrta tartani a madzagja, leszakadt, lehengeredett.\nLe a padl\u00e1sr\u00f3l...a torn\u00e1cra.\" \n\nA kis g\u00f6mb\u00f6c\u00f6n fel- \u00e9s lepatentolhat\u00f3ak az ujjb\u00e1bok.\n\nAz ujjb\u00e1bokat min\u0151s\u00e9gi gyapj\u00fafilc anyagb\u00f3l k\u00e9sz\u00edtem, k\u00e9zzel h\u00edmzem minden apr\u00f3 r\u00e9szlet\u00e9t. \n\nAz ujjb\u00e1bok gyermek \u00e9s feln\u0151tt kez\u00e9re egyar\u00e1nt j\u00f3k. Teh\u00e1t a sz\u00fcl\u0151vel, pedag\u00f3gussal val\u00f3 k\u00f6z\u00f6s b\u00e1boz\u00e1sra nagyszer\u0171 lehet\u0151s\u00e9g.\n\nMivel sokszerepl\u0151s ujjb\u00e1bk\u00e9szlet, ez\u00e9rt a b\u00e1boz\u00e1sba bevonhat\u00f3 egy koll\u00e9gan\u0151, daduska n\u00e9ni, pedag\u00f3giai asszisztens vagy egy\/t\u00f6bb kisgyermek.","price":"39000.00","unit":"garn","recommended":"0","status":"1","sponsored":"0","exp_notify":"0","own_material":"0","own_material_description_old":null,"own_material_description":"","jury":"0","jury_number":"","product_nature":"","meskaracsony":"0","create_date":"2026-03-29 10:50:26","shelve_id":"57450","image":"lottikuckoja_product_141629_180607220544_994114.jpeg","image_width":"480","image_height":"360","image_alt":"A kis g\u00f6mb\u00f6c (Magyar n\u00e9pmes\u00e9k) ujjb\u00e1b k\u00e9szlet, Gyermekkorom egyik legkedvesebb mes\u00e9je A kis g\u00f6mb\u00f6c, melyet m\u00e9g ma is sok kisgyermek szeret.\\nPedag\u00f3g..., Meska","image_title":"A kis g\u00f6mb\u00f6c (Magyar n\u00e9pmes\u00e9k) ujjb\u00e1b k\u00e9szlet, Meska","view_count":"2223","favourite_count":"0","trending_score":"0","last2MonthFavouriteCount":"0","promotion":"0","giftcard_accept":"0","creditcard_accept":false,"enhanced_background":"0","domain":"meska","specific_customer_id":null,"specific_customer_name":null,"to_order_product":"1","to_order_product_time":"25","product_different":"not_different","product_different_description":"","vintage":"0","vintage_category_id":"0","recycled":"0","gemstone_id":"0","customizable":"0","type_category":"physical","zerowaste":"0","postage_price":"1290.00","shop_order":"0","has_category":"1","landing_pages":null,"microdata":{"number":20,"category":""},"title":"A kis g\u00f6mb\u00f6c (Magyar n\u00e9pmes\u00e9k) ujjb\u00e1b k\u00e9szlet","description":"Gyermekkorom egyik legkedvesebb mes\u00e9je A kis g\u00f6mb\u00f6c, melyet m\u00e9g ma is sok kisgyermek szeret.\nPedag\u00f3gusok, sz\u00fcl\u0151k, nagysz\u00fcl\u0151k var\u00e1zsolj\u00e1tok el a gyermekeket a gy\u00f6ny\u00f6r\u0171 Magyar n\u00e9pmes\u00e9k vil\u00e1g\u00e1ba ujjb\u00e1bk\u00e9szleteimmel. \n\n\u00d3vodapedag\u00f3gusk\u00e9nt fontosnak tartom a hagyom\u00e1ny\u0151rz\u00e9st, ez\u00e9rt szeretn\u00e9m, ha b\u00e1bjaim \u00e1ltal a mai gyermekek is min\u00e9l sz\u00e9lesebb k\u00f6rben megismern\u00e9k a Magyar n\u00e9pmes\u00e9ket.\n\n,,Mikor a le\u00e1ny felment a padl\u00e1sra, hozz\u00e1 akart ny\u00falni a kis g\u00f6mb\u00f6ch\u00f6z, hogy levegye, nagyot ki\u00e1ltott r\u00e1 a kis g\u00f6mb\u00f6c.\n-Mit akarsz te? Engem enni? Ink\u00e1bb megeszlek \u00e9n t\u00e9ged!\nHamm, bekapta a le\u00e1nyt.\"\n(...)\n,,De most m\u00e1r olyan k\u00f6v\u00e9r lett, hogy nem b\u00edrta tartani a madzagja, leszakadt, lehengeredett.\nLe a padl\u00e1sr\u00f3l...a torn\u00e1cra.\" \n\nA kis g\u00f6mb\u00f6c\u00f6n fel- \u00e9s lepatentolhat\u00f3ak az ujjb\u00e1bok.\n\nAz ujjb\u00e1bokat min\u0151s\u00e9gi gyapj\u00fafilc anyagb\u00f3l k\u00e9sz\u00edtem, k\u00e9zzel h\u00edmzem minden apr\u00f3 r\u00e9szlet\u00e9t. \n\nAz ujjb\u00e1bok gyermek \u00e9s feln\u0151tt kez\u00e9re egyar\u00e1nt j\u00f3k. Teh\u00e1t a sz\u00fcl\u0151vel, pedag\u00f3gussal val\u00f3 k\u00f6z\u00f6s b\u00e1boz\u00e1sra nagyszer\u0171 lehet\u0151s\u00e9g.\n\nMivel sokszerepl\u0151s ujjb\u00e1bk\u00e9szlet, ez\u00e9rt a b\u00e1boz\u00e1sba bevonhat\u00f3 egy koll\u00e9gan\u0151, daduska n\u00e9ni, pedag\u00f3giai asszisztens vagy egy\/t\u00f6bb kisgyermek.","score":0,"formatted_price":"39 000 Ft","image_url":"https:\/\/www.meska.hu\/img\/product\/small\/l\/o\/lottikuckoja_product_141629_180607220544_994114.jpeg","formatted_url":"https:\/\/www.meska.hu\/p3512920-a-kis-gomboc-magyar-nepmesek-ujjbab-keszlet","favourite":false,"in_stock":false,"avatar":"Lottikuckoja_avatar_141629.png","delete_from":0,"is_enhanced_background":false,"is_enhanced":false,"product_selection_started":false,"is_active":true,"image_webp_url":"https:\/\/www.meska.hu\/img\/product\/small\/l\/o\/lottikuckoja_product_141629_180607220544_994114.webp"},{"id":"3481963","shop_id":"18878","user_id":"173903","shop_name":"paracordmania","shop_zip":"1183","product_code":"3657047","product_name_old":null,"product_name":"Pr\u00e9mium ac\u00e9l horgonyos vitorl\u00e1s kark\u00f6t\u0151, maxi hosszban (v\u00e1laszthat\u00f3 sz\u00ednb\u0151l)","category_string":"\u00c9kszer, Kark\u00f6t\u0151, Fonott kark\u00f6t\u0151","technic_string":"Csom\u00f3z\u00e1s, \u00c9kszerk\u00e9sz\u00edt\u00e9s","category_1":"327","category_2":"333","category_3":"1232","category_4":"0","merged_category_1":"0","merged_category_2":"0","merged_category_3":"0","technic_1":"475","technic_2":"477","technic_3":"0","color_1":"522","color_2":"0","color_3":"0","product_description_old":null,"product_description":"Aj\u00e1nd\u00e9knak sz\u00e1nod ezt a term\u00e9ket? Szeretn\u00e9l hozz\u00e1 egyedi d\u00edszcsomagol\u00e1st? Akkor eg\u00e9sz\u00edtsd ki a v\u00e1s\u00e1rl\u00e1sod grav\u00edrozott k\u00eds\u00e9r\u0151 k\u00e1rty\u00e1val \u00e9s ez\u00fcst sz\u00edn\u0171 szat\u00e9n aj\u00e1nd\u00e9ktasakkal (utols\u00f3 k\u00e9p). A d\u00edszcsomagol\u00e1st a \u201eKieg\u00e9sz\u00edt\u0151\u201d leg\u00f6rd\u00fcl\u0151 men\u00fcben adhatod a kosaradhoz. A k\u00e1rtya 34x51 mm-es egy oldal\u00e1n grav\u00edrozott ny\u00e1rfa r\u00e9tegelt lemez, a tetej\u00e9n lyukkal, amivel a szat\u00e9n tasakra (a m\u00e9rete 100x150 mm) r\u00f6gz\u00edtheted. A grav\u00edrozand\u00f3 sz\u00f6veget a Kos\u00e1rban, az \u00dczenet r\u00e9szben adhatod meg.\n--- --- --- --- --- ---\n\nN\u00e9zd meg p\u00e1ros aj\u00e1nlatunkat, kedvez\u0151bb \u00e1ron:\nhttps:\/\/www.meska.hu\/t2390059-acel-horgonyos-paros-vitorlas-karkoto-maxi-hosszban-2-db-valaszthato-szinekben\n\nA horgonyos maxi kark\u00f6t\u0151 pr\u00e9mium v\u00e1ltozata, magas f\u00e9ny\u0171re pol\u00edrozott rozsdamentes ac\u00e9l horgonnyal k\u00e9sz\u00fcl. Lekerek\u00edtett, minimalista \u00e9s modern formatervez\u00e9s. Eleg\u00e1ns viselet, hiszen nem cs\u00faf\u00edtja semmilyen gy\u00e1rt\u00f3i m\u00e1rkajelz\u00e9s a kark\u00f6t\u0151t. Minden darab k\u00e9zzel k\u00e9sz\u00fcl a Te \u00e1ltalad v\u00e1lasztott sz\u00ednb\u0151l.\n\nEl\u0151nyei:\n- rozsdamentes ac\u00e9lb\u00f3l k\u00e9sz\u00fcl\n- akik \u00e9rz\u00e9kenyek a bizsukra, azok is viselhetik\n- kiv\u00e1l\u00f3 min\u0151s\u00e9g\n- id\u0151t\u00e1ll\u00f3\n- log\u00f3z\u00e1s mentes kivitel\n\nA horgony szimboliz\u00e1lja az \u00f6sszetartoz\u00e1st, a h\u0171s\u00e9get, az egy\u00fctt t\u00f6lt\u00f6tt id\u0151t, a rem\u00e9nyt, a biztons\u00e1got \u00e9s a boldogs\u00e1got.\n\nA kark\u00f6t\u0151 egy m\u00e9retben k\u00e9sz\u00fcl \u00e9s \u00fagy lett kialak\u00edtva, hogy b\u00e1rmilyen csukl\u00f3m\u00e9retre megfelel\u0151. Ha v\u00e9kony a csukl\u00f3d tekerd fel \u00f6tsz\u00f6r, ha sz\u00e9les akkor csak h\u00e1romszor. Mindk\u00e9t oldal\u00e1n \u00e1ll\u00edthat\u00f3 cs\u00fasz\u00f3csom\u00f3 van, amivel prec\u00edzen be\u00e1ll\u00edthatod a m\u00e9retet illetve, hogy hov\u00e1 ker\u00fcljenek a csom\u00f3k.\n\nRendel\u00e9sn\u00e9l add meg a kiv\u00e1lasztott sz\u00edn sorsz\u00e1m\u00e1t a sz\u00ednmint\u00e1b\u00f3l.\n\nAz \u00e1r 1 db kark\u00f6t\u0151re vonatkozik.\n\n\u00c1MK","price":"9990.00","unit":"db","recommended":"0","status":"1","sponsored":"0","exp_notify":"0","own_material":"0","own_material_description_old":null,"own_material_description":"","jury":"0","jury_number":"","product_nature":"","meskaracsony":"0","create_date":"2026-03-11 20:42:50","shelve_id":"49184","image":"paracordmania_product_173903_200218185008_526232.jpeg","image_width":"480","image_height":"480","image_alt":"Pr\u00e9mium ac\u00e9l horgonyos vitorl\u00e1s kark\u00f6t\u0151, maxi hosszban (v\u00e1laszthat\u00f3 sz\u00ednb\u0151l), Aj\u00e1nd\u00e9knak sz\u00e1nod ezt a term\u00e9ket? Szeretn\u00e9l hozz\u00e1 egyedi d\u00edszcsomagol\u00e1st? Akkor eg\u00e9sz\u00edtsd ki a v\u00e1s\u00e1r..., Meska","image_title":"Pr\u00e9mium ac\u00e9l horgonyos vitorl\u00e1s kark\u00f6t\u0151, maxi hosszban (v\u00e1laszthat\u00f3 sz\u00ednb\u0151l), Meska","view_count":"2077","favourite_count":"0","trending_score":"0","last2MonthFavouriteCount":"0","promotion":0,"giftcard_accept":"1","creditcard_accept":true,"enhanced_background":"0","domain":"meska","specific_customer_id":null,"specific_customer_name":null,"to_order_product":"1","to_order_product_time":"2","product_different":"quite_different","product_different_description":"V\u00e1laszthat\u00f3 sz\u00ednek szerint k\u00e9sz\u00fcl, ez\u00e9rt a fot\u00f3hoz k\u00e9pest elt\u00e9r\u00e9sek lehetnek. ","vintage":"0","vintage_category_id":"0","recycled":"0","gemstone_id":"0","customizable":"1","type_category":"physical","zerowaste":"0","postage_price":"3455.00","shop_order":"0","has_category":"1","landing_pages":null,"microdata":{"number":21,"category":""},"title":"Pr\u00e9mium ac\u00e9l horgonyos vitorl\u00e1s kark\u00f6t\u0151, maxi hosszban (v\u00e1laszthat\u00f3 sz\u00ednb\u0151l)","description":"Aj\u00e1nd\u00e9knak sz\u00e1nod ezt a term\u00e9ket? Szeretn\u00e9l hozz\u00e1 egyedi d\u00edszcsomagol\u00e1st? Akkor eg\u00e9sz\u00edtsd ki a v\u00e1s\u00e1rl\u00e1sod grav\u00edrozott k\u00eds\u00e9r\u0151 k\u00e1rty\u00e1val \u00e9s ez\u00fcst sz\u00edn\u0171 szat\u00e9n aj\u00e1nd\u00e9ktasakkal (utols\u00f3 k\u00e9p). A d\u00edszcsomagol\u00e1st a \u201eKieg\u00e9sz\u00edt\u0151\u201d leg\u00f6rd\u00fcl\u0151 men\u00fcben adhatod a kosaradhoz. A k\u00e1rtya 34x51 mm-es egy oldal\u00e1n grav\u00edrozott ny\u00e1rfa r\u00e9tegelt lemez, a tetej\u00e9n lyukkal, amivel a szat\u00e9n tasakra (a m\u00e9rete 100x150 mm) r\u00f6gz\u00edtheted. A grav\u00edrozand\u00f3 sz\u00f6veget a Kos\u00e1rban, az \u00dczenet r\u00e9szben adhatod meg.\n--- --- --- --- --- ---\n\nN\u00e9zd meg p\u00e1ros aj\u00e1nlatunkat, kedvez\u0151bb \u00e1ron:\nhttps:\/\/www.meska.hu\/t2390059-acel-horgonyos-paros-vitorlas-karkoto-maxi-hosszban-2-db-valaszthato-szinekben\n\nA horgonyos maxi kark\u00f6t\u0151 pr\u00e9mium v\u00e1ltozata, magas f\u00e9ny\u0171re pol\u00edrozott rozsdamentes ac\u00e9l horgonnyal k\u00e9sz\u00fcl. Lekerek\u00edtett, minimalista \u00e9s modern formatervez\u00e9s. Eleg\u00e1ns viselet, hiszen nem cs\u00faf\u00edtja semmilyen gy\u00e1rt\u00f3i m\u00e1rkajelz\u00e9s a kark\u00f6t\u0151t. Minden darab k\u00e9zzel k\u00e9sz\u00fcl a Te \u00e1ltalad v\u00e1lasztott sz\u00ednb\u0151l.\n\nEl\u0151nyei:\n- rozsdamentes ac\u00e9lb\u00f3l k\u00e9sz\u00fcl\n- akik \u00e9rz\u00e9kenyek a bizsukra, azok is viselhetik\n- kiv\u00e1l\u00f3 min\u0151s\u00e9g\n- id\u0151t\u00e1ll\u00f3\n- log\u00f3z\u00e1s mentes kivitel\n\nA horgony szimboliz\u00e1lja az \u00f6sszetartoz\u00e1st, a h\u0171s\u00e9get, az egy\u00fctt t\u00f6lt\u00f6tt id\u0151t, a rem\u00e9nyt, a biztons\u00e1got \u00e9s a boldogs\u00e1got.\n\nA kark\u00f6t\u0151 egy m\u00e9retben k\u00e9sz\u00fcl \u00e9s \u00fagy lett kialak\u00edtva, hogy b\u00e1rmilyen csukl\u00f3m\u00e9retre megfelel\u0151. Ha v\u00e9kony a csukl\u00f3d tekerd fel \u00f6tsz\u00f6r, ha sz\u00e9les akkor csak h\u00e1romszor. Mindk\u00e9t oldal\u00e1n \u00e1ll\u00edthat\u00f3 cs\u00fasz\u00f3csom\u00f3 van, amivel prec\u00edzen be\u00e1ll\u00edthatod a m\u00e9retet illetve, hogy hov\u00e1 ker\u00fcljenek a csom\u00f3k.\n\nRendel\u00e9sn\u00e9l add meg a kiv\u00e1lasztott sz\u00edn sorsz\u00e1m\u00e1t a sz\u00ednmint\u00e1b\u00f3l.\n\nAz \u00e1r 1 db kark\u00f6t\u0151re vonatkozik.\n\n\u00c1MK","score":0,"formatted_price":"9 990 Ft","image_url":"https:\/\/www.meska.hu\/img\/product\/small\/p\/a\/paracordmania_product_173903_200218185008_526232.jpeg","formatted_url":"https:\/\/www.meska.hu\/p3657047-premium-acel-horgonyos-vitorlas-karkoto-maxi-hosszban-valaszthato-szinbol","favourite":false,"in_stock":false,"avatar":"paracordmania_avatar_173903_1581629068.jpg","delete_from":0,"is_enhanced_background":false,"is_enhanced":false,"product_selection_started":false,"is_active":true,"image_webp_url":"https:\/\/www.meska.hu\/img\/product\/small\/p\/a\/paracordmania_product_173903_200218185008_526232.webp"},{"id":"3459918","shop_id":"6980","user_id":"27850","shop_name":"pajudo","shop_zip":"3300","product_code":"4573512","product_name_old":null,"product_name":"K\u00f6r\u00f6s ev\u0151eszk\u00f6ztart\u00f3","category_string":"T\u00e1ska & Tok, Uzsonna- & Eb\u00e9d tart\u00f3, Ev\u0151eszk\u00f6z tart\u00f3","technic_string":"Varr\u00e1s","category_1":"464","category_2":"807","category_3":"1022","category_4":"0","merged_category_1":null,"merged_category_2":null,"merged_category_3":null,"technic_1":"506","technic_2":"0","technic_3":"0","color_1":"521","color_2":"522","color_3":"0","product_description_old":null,"product_description":"\nV\u00edzlepereget\u0151s anyagb\u00f3l k\u00e9sz\u00fclt, \u00f6sszetekerhet\u0151 ev\u0151eszk\u00f6ztart\u00f3. Nagyon praktikus, ha iskolai vagy munkahelyi menz\u00e1n eb\u00e9delsz \u00e9s a saj\u00e1t ev\u0151eszk\u00f6zeidet szeretn\u00e9d haszn\u00e1lni.\n\nM\u00e9rete: 27 x 36 cm\n\n","price":"3600.00","unit":"db","recommended":"0","status":"1","sponsored":"0","exp_notify":"0","own_material":"0","own_material_description_old":null,"own_material_description":"","jury":"0","jury_number":"","product_nature":"","meskaracsony":"0","create_date":"2026-03-17 08:36:30","shelve_id":"68658","image":"pajudo_product_27850_220401124407_623555.jpeg","image_width":"480","image_height":"640","image_alt":"K\u00f6r\u00f6s ev\u0151eszk\u00f6ztart\u00f3, \\nV\u00edzlepereget\u0151s anyagb\u00f3l k\u00e9sz\u00fclt, \u00f6sszetekerhet\u0151 ev\u0151eszk\u00f6ztart\u00f3. Nagyon praktikus, ha iskolai vagy m..., Meska","image_title":"K\u00f6r\u00f6s ev\u0151eszk\u00f6ztart\u00f3, Meska","view_count":"2068","favourite_count":"0","trending_score":"0","last2MonthFavouriteCount":"0","promotion":"0","giftcard_accept":"1","creditcard_accept":true,"enhanced_background":"0","domain":"meska","specific_customer_id":null,"specific_customer_name":null,"to_order_product":"1","to_order_product_time":"7","product_different":null,"product_different_description":"","vintage":"0","vintage_category_id":"0","recycled":"0","gemstone_id":"0","customizable":"0","type_category":"physical","zerowaste":"1","postage_price":"1290.00","shop_order":"0","has_category":"1","landing_pages":null,"microdata":{"number":22,"category":""},"title":"K\u00f6r\u00f6s ev\u0151eszk\u00f6ztart\u00f3","description":"\nV\u00edzlepereget\u0151s anyagb\u00f3l k\u00e9sz\u00fclt, \u00f6sszetekerhet\u0151 ev\u0151eszk\u00f6ztart\u00f3. Nagyon praktikus, ha iskolai vagy munkahelyi menz\u00e1n eb\u00e9delsz \u00e9s a saj\u00e1t ev\u0151eszk\u00f6zeidet szeretn\u00e9d haszn\u00e1lni.\n\nM\u00e9rete: 27 x 36 cm\n\n","score":0,"formatted_price":"3 600 Ft","image_url":"https:\/\/www.meska.hu\/img\/product\/small\/p\/a\/pajudo_product_27850_220401124407_623555.jpeg","formatted_url":"https:\/\/www.meska.hu\/p4573512-koros-evoeszkoztarto","favourite":false,"in_stock":false,"avatar":"27850_avatar_1762757871.jpeg","delete_from":0,"is_enhanced_background":false,"is_enhanced":false,"product_selection_started":false,"is_active":true,"image_webp_url":"https:\/\/www.meska.hu\/img\/product\/small\/p\/a\/pajudo_product_27850_220401124407_623555.webp"},{"id":"3433005","shop_id":"18878","user_id":"173903","shop_name":"paracordmania","shop_zip":"1183","product_code":"4030430","product_name_old":null,"product_name":"Pr\u00e9mium+ ametiszt-holdk\u0151-hegyikrist\u00e1ly-r\u00f3zsakvarc \u00e1sv\u00e1ny kark\u00f6t\u0151 \/ \u00e1sv\u00e1nykark\u00f6t\u0151, r\u00f3zsasz\u00edn, feh\u00e9r, lila, gumis","category_string":"\u00c9kszer, Kark\u00f6t\u0151, \u00c1sv\u00e1nykark\u00f6t\u0151","technic_string":"\u00c9kszerk\u00e9sz\u00edt\u00e9s, Gy\u00f6ngyf\u0171z\u00e9s, gy\u00f6ngyh\u00edmz\u00e9s","category_1":"327","category_2":"333","category_3":"1647","category_4":"0","merged_category_1":"0","merged_category_2":"0","merged_category_3":"0","technic_1":"477","technic_2":"485","technic_3":"0","color_1":"522","color_2":"525","color_3":"0","product_description_old":null,"product_description":"Aj\u00e1nd\u00e9knak sz\u00e1nod ezt a term\u00e9ket? Szeretn\u00e9l hozz\u00e1 egyedi d\u00edszcsomagol\u00e1st? Akkor eg\u00e9sz\u00edtsd ki a v\u00e1s\u00e1rl\u00e1sod grav\u00edrozott k\u00eds\u00e9r\u0151 k\u00e1rty\u00e1val \u00e9s ez\u00fcst sz\u00edn\u0171 szat\u00e9n aj\u00e1nd\u00e9ktasakkal (utols\u00f3 k\u00e9p). A d\u00edszcsomagol\u00e1st a \u201eKieg\u00e9sz\u00edt\u0151\u201d leg\u00f6rd\u00fcl\u0151 men\u00fcben adhatod a kosaradhoz. A k\u00e1rtya 34x51 mm-es egy oldal\u00e1n grav\u00edrozott ny\u00e1rfa r\u00e9tegelt lemez, a tetej\u00e9n lyukkal, amivel a szat\u00e9n tasakra (a m\u00e9rete 100x150 mm) r\u00f6gz\u00edtheted. A grav\u00edrozand\u00f3 sz\u00f6veget a Kos\u00e1rban, az \u00dczenet r\u00e9szben adhatod meg.\n--- --- --- --- --- ---\n\nN\u0151i Pr\u00e9mium+ min\u0151s\u00e9g\u0171 \u00e1sv\u00e1nykark\u00f6t\u0151.\n8 mm-es ametiszt, sziv\u00e1rv\u00e1nyos holdk\u0151, hegyikrist\u00e1ly \u00e9s r\u00f3zsakvarc \u00e1sv\u00e1nyok gumisz\u00e1lon. \n\nA kark\u00f6t\u0151 Pr\u00e9mium+ min\u0151s\u00e9g\u0171 \u00e1sv\u00e1nyai:\n- Extra \u201eA\u201d kateg\u00f3ri\u00e1s feh\u00e9r sziv\u00e1rv\u00e1nyos holdk\u0151\n- Extra \u201eA\u201d kateg\u00f3ri\u00e1s hegyikrist\u00e1ly\n\n\/\/\/\/\/\/ Hogyan rendelj? \/\/\/\/\/\/\n\nA kark\u00f6t\u0151 fix m\u00e9retre k\u00e9sz\u00fcl, ez\u00e9rt az elk\u00e9sz\u00edt\u00e9s\u00e9hez sz\u00fcks\u00e9gem lesz a pontos csukl\u00f3m\u00e9retre. Ha aj\u00e1nd\u00e9kba venn\u00e9d, vagy nem tudsz m\u00e9retet adni, akkor fontold meg az \u00e1ll\u00edthat\u00f3 m\u00e9ret\u0171 \u00e1sv\u00e1ny kark\u00f6t\u0151ket (az unisex Minerva Maxi illetve a n\u0151i Minerva \u00e9s Minerva Angyal modellek) \u00e9s n\u00e9zz k\u00f6r\u00fcl az al\u00e1bbi linken:\n\nhttps:\/\/www.meska.hu\/Shop\/index\/18878?search_string=M%C3%81%C3%81K\n\nHa enn\u00e9l a kark\u00f6t\u0151n\u00e9l maradsz, akkor az al\u00e1bbi m\u00f3don add meg nekem a m\u00e9retet:\n1. V\u00e9gy egy madzagot vagy szalagot (ak\u00e1r v\u00e1ghatsz is egyet pap\u00edrb\u00f3l).\n2. Tekerd a csukl\u00f3d k\u00f6r\u00e9, ahol a kark\u00f6t\u0151t hordod.\n3. M\u00e9rd le a pontos! csukl\u00f3m\u00e9reted, de ne fesz\u00edtsd r\u00e1.\n4. Egy vonalz\u00f3 seg\u00edts\u00e9g\u00e9vel m\u00e9rd le a kapott m\u00e9retet \u00e9s ezt \u00edrd meg nekem az \u00dczenet mez\u0151ben.\n\nFONTOS! Az nem megfelel\u0151, ha egy megl\u00e9v\u0151 \u00f3r\u00e1nak vagy kark\u00f6t\u0151nek a hossz\u00e1t m\u00e9red le, mivel az \u00edgy kapott m\u00e9ret (anyag, vastags\u00e1g, csat stb. miatt) nem egyezik meg a csukl\u00f3 m\u00e9rettel.\n\nHa megvan a m\u00e9ret, akkor a rendel\u00e9sn\u00e9l k\u00e9rlek \u00edrd majd bele az \u00dczenet rovatba. A kark\u00f6t\u0151d erre a m\u00e9retre fog k\u00e9sz\u00fclni. A leg\u00f6rd\u00fcl\u0151 men\u00fcben pedig v\u00e1laszd ki a m\u00e9rets\u00e1vot, ami lehet Norm\u00e1l (0-19 cm) vagy Nagy m\u00e9ret (20-24 cm).\n\nA j\u00f3 m\u00e9ret megad\u00e1sa a Te felel\u0151ss\u00e9ged, ut\u00f3lag nem tudom m\u00f3dos\u00edtani. Azonban a csomag tartalmaz Extr\u00e1kat is. Tal\u00e1lsz benne egy p\u00f3tgumit \u00e9s 1-2 szem \u00e1sv\u00e1nyt, amivel minim\u00e1lisan korrig\u00e1lhatod a m\u00e9retet. \n\nAz ism\u00e9tl\u0151d\u0151 mint\u00e1kn\u00e1l lehets\u00e9ges apr\u00f3 elt\u00e9r\u00e9s a k\u00e9phez k\u00e9pest, az egy\u00e9ni m\u00e9retek miatt.","price":"12990.00","unit":"db","recommended":"0","status":"1","sponsored":"0","exp_notify":"0","own_material":"0","own_material_description_old":null,"own_material_description":"","jury":"0","jury_number":"","product_nature":"","meskaracsony":"0","create_date":"2026-04-02 20:01:24","shelve_id":"53139","image":"paracordmania_product_173903_210209111301_18512.jpeg","image_width":"480","image_height":"480","image_alt":"Pr\u00e9mium+ ametiszt-holdk\u0151-hegyikrist\u00e1ly-r\u00f3zsakvarc \u00e1sv\u00e1ny kark\u00f6t\u0151 \/ \u00e1sv\u00e1nykark\u00f6t\u0151, r\u00f3zsasz\u00edn, feh\u00e9r, lila, gumis, Aj\u00e1nd\u00e9knak sz\u00e1nod ezt a term\u00e9ket? Szeretn\u00e9l hozz\u00e1 egyedi d\u00edszcsomagol\u00e1st? Akkor eg\u00e9sz\u00edtsd ki a v\u00e1s\u00e1r..., Meska","image_title":"Pr\u00e9mium+ ametiszt-holdk\u0151-hegyikrist\u00e1ly-r\u00f3zsakvarc \u00e1sv\u00e1ny kark\u00f6t\u0151 \/ \u00e1sv\u00e1nykark\u00f6t\u0151, r\u00f3zsasz\u00edn, feh\u00e9r, lila, gumis, Meska","view_count":"2032","favourite_count":"0","trending_score":"0","last2MonthFavouriteCount":"0","promotion":0,"giftcard_accept":"1","creditcard_accept":true,"enhanced_background":"0","domain":"meska","specific_customer_id":null,"specific_customer_name":null,"to_order_product":"1","to_order_product_time":"2","product_different":"quite_different","product_different_description":"Minden \u00e1sv\u00e1nygoly\u00f3 egyedi, ez\u00e9rt minden kark\u00f6t\u0151 kicsit m\u00e1s lesz mint a mintafot\u00f3.","vintage":"0","vintage_category_id":"0","recycled":"0","gemstone_id":"833","customizable":"1","type_category":"physical","zerowaste":"0","postage_price":"3455.00","shop_order":"0","has_category":"1","landing_pages":null,"microdata":{"number":23,"category":""},"title":"Pr\u00e9mium+ ametiszt-holdk\u0151-hegyikrist\u00e1ly-r\u00f3zsakvarc \u00e1sv\u00e1ny kark\u00f6t\u0151 \/ \u00e1sv\u00e1nykark\u00f6t\u0151, r\u00f3zsasz\u00edn, feh\u00e9r, lila, gumis","description":"Aj\u00e1nd\u00e9knak sz\u00e1nod ezt a term\u00e9ket? Szeretn\u00e9l hozz\u00e1 egyedi d\u00edszcsomagol\u00e1st? Akkor eg\u00e9sz\u00edtsd ki a v\u00e1s\u00e1rl\u00e1sod grav\u00edrozott k\u00eds\u00e9r\u0151 k\u00e1rty\u00e1val \u00e9s ez\u00fcst sz\u00edn\u0171 szat\u00e9n aj\u00e1nd\u00e9ktasakkal (utols\u00f3 k\u00e9p). A d\u00edszcsomagol\u00e1st a \u201eKieg\u00e9sz\u00edt\u0151\u201d leg\u00f6rd\u00fcl\u0151 men\u00fcben adhatod a kosaradhoz. A k\u00e1rtya 34x51 mm-es egy oldal\u00e1n grav\u00edrozott ny\u00e1rfa r\u00e9tegelt lemez, a tetej\u00e9n lyukkal, amivel a szat\u00e9n tasakra (a m\u00e9rete 100x150 mm) r\u00f6gz\u00edtheted. A grav\u00edrozand\u00f3 sz\u00f6veget a Kos\u00e1rban, az \u00dczenet r\u00e9szben adhatod meg.\n--- --- --- --- --- ---\n\nN\u0151i Pr\u00e9mium+ min\u0151s\u00e9g\u0171 \u00e1sv\u00e1nykark\u00f6t\u0151.\n8 mm-es ametiszt, sziv\u00e1rv\u00e1nyos holdk\u0151, hegyikrist\u00e1ly \u00e9s r\u00f3zsakvarc \u00e1sv\u00e1nyok gumisz\u00e1lon. \n\nA kark\u00f6t\u0151 Pr\u00e9mium+ min\u0151s\u00e9g\u0171 \u00e1sv\u00e1nyai:\n- Extra \u201eA\u201d kateg\u00f3ri\u00e1s feh\u00e9r sziv\u00e1rv\u00e1nyos holdk\u0151\n- Extra \u201eA\u201d kateg\u00f3ri\u00e1s hegyikrist\u00e1ly\n\n\/\/\/\/\/\/ Hogyan rendelj? \/\/\/\/\/\/\n\nA kark\u00f6t\u0151 fix m\u00e9retre k\u00e9sz\u00fcl, ez\u00e9rt az elk\u00e9sz\u00edt\u00e9s\u00e9hez sz\u00fcks\u00e9gem lesz a pontos csukl\u00f3m\u00e9retre. Ha aj\u00e1nd\u00e9kba venn\u00e9d, vagy nem tudsz m\u00e9retet adni, akkor fontold meg az \u00e1ll\u00edthat\u00f3 m\u00e9ret\u0171 \u00e1sv\u00e1ny kark\u00f6t\u0151ket (az unisex Minerva Maxi illetve a n\u0151i Minerva \u00e9s Minerva Angyal modellek) \u00e9s n\u00e9zz k\u00f6r\u00fcl az al\u00e1bbi linken:\n\nhttps:\/\/www.meska.hu\/Shop\/index\/18878?search_string=M%C3%81%C3%81K\n\nHa enn\u00e9l a kark\u00f6t\u0151n\u00e9l maradsz, akkor az al\u00e1bbi m\u00f3don add meg nekem a m\u00e9retet:\n1. V\u00e9gy egy madzagot vagy szalagot (ak\u00e1r v\u00e1ghatsz is egyet pap\u00edrb\u00f3l).\n2. Tekerd a csukl\u00f3d k\u00f6r\u00e9, ahol a kark\u00f6t\u0151t hordod.\n3. M\u00e9rd le a pontos! csukl\u00f3m\u00e9reted, de ne fesz\u00edtsd r\u00e1.\n4. Egy vonalz\u00f3 seg\u00edts\u00e9g\u00e9vel m\u00e9rd le a kapott m\u00e9retet \u00e9s ezt \u00edrd meg nekem az \u00dczenet mez\u0151ben.\n\nFONTOS! Az nem megfelel\u0151, ha egy megl\u00e9v\u0151 \u00f3r\u00e1nak vagy kark\u00f6t\u0151nek a hossz\u00e1t m\u00e9red le, mivel az \u00edgy kapott m\u00e9ret (anyag, vastags\u00e1g, csat stb. miatt) nem egyezik meg a csukl\u00f3 m\u00e9rettel.\n\nHa megvan a m\u00e9ret, akkor a rendel\u00e9sn\u00e9l k\u00e9rlek \u00edrd majd bele az \u00dczenet rovatba. A kark\u00f6t\u0151d erre a m\u00e9retre fog k\u00e9sz\u00fclni. A leg\u00f6rd\u00fcl\u0151 men\u00fcben pedig v\u00e1laszd ki a m\u00e9rets\u00e1vot, ami lehet Norm\u00e1l (0-19 cm) vagy Nagy m\u00e9ret (20-24 cm).\n\nA j\u00f3 m\u00e9ret megad\u00e1sa a Te felel\u0151ss\u00e9ged, ut\u00f3lag nem tudom m\u00f3dos\u00edtani. Azonban a csomag tartalmaz Extr\u00e1kat is. Tal\u00e1lsz benne egy p\u00f3tgumit \u00e9s 1-2 szem \u00e1sv\u00e1nyt, amivel minim\u00e1lisan korrig\u00e1lhatod a m\u00e9retet. \n\nAz ism\u00e9tl\u0151d\u0151 mint\u00e1kn\u00e1l lehets\u00e9ges apr\u00f3 elt\u00e9r\u00e9s a k\u00e9phez k\u00e9pest, az egy\u00e9ni m\u00e9retek miatt.","score":0,"formatted_price":"12 990 Ft","image_url":"https:\/\/www.meska.hu\/img\/product\/small\/p\/a\/paracordmania_product_173903_210209111301_18512.jpeg","formatted_url":"https:\/\/www.meska.hu\/p4030430-noi-premium-ametiszt-holdko-hegyikristaly-rozsakvarc-asvany-karkoto-asvanykarkoto-rozsaszin-feher-lila-gumis","favourite":false,"in_stock":false,"avatar":"paracordmania_avatar_173903_1581629068.jpg","delete_from":0,"is_enhanced_background":false,"is_enhanced":false,"product_selection_started":false,"is_active":true,"image_webp_url":"https:\/\/www.meska.hu\/img\/product\/small\/p\/a\/paracordmania_product_173903_210209111301_18512.webp"},{"id":"3414955","shop_id":"29709","user_id":"371419","shop_name":"Hexartdesign","shop_zip":"1183","product_code":"3754755","product_name_old":null,"product_name":"Polip - babaszoba dekor\u00e1ci\u00f3","category_string":"Baba - mama, Babaszoba k\u00e9p, Babaszoba dekor\u00e1ci\u00f3","technic_string":"Fot\u00f3, grafika, rajz, illusztr\u00e1ci\u00f3","category_1":"1430","category_2":"1735","category_3":"1466","category_4":"0","merged_category_1":"0","merged_category_2":"0","merged_category_3":"0","technic_1":"483","technic_2":"0","technic_3":"0","color_1":"521","color_2":"522","color_3":"526","product_description_old":null,"product_description":"Hexart Design - Az okos dekor\u00e1ci\u00f3\nNincs sz\u00fcks\u00e9g keretre \/ Kas\u00edrozott habkarton \/ Egy mozdulattal felrakhat\u00f3 \/ B\u0151v\u00edthet\u0151\n\n* * *\nHa t\u00f6bb dekor\u00e1ci\u00f3t is szeretn\u00e9l, akkor \u00e9rdemes szettet v\u00e1s\u00e1rolnod. Min\u00e9l nagyobb a szett darabsz\u00e1ma, ann\u00e1l olcs\u00f3bb egy dekor\u00e1ci\u00f3 \u00e1ra! Term\u00e9szetesen Te \u00e1ll\u00edthatod \u00f6ssze, hogy milyen \u00e1llatok szerepeljenek a szettekben, a k\u00e9pek csak illusztr\u00e1ci\u00f3k!\n* * *\n\nDekor\u00e1ld gyermeked szob\u00e1j\u00e1t kedves \u00e9s bar\u00e1ts\u00e1gos tengeri \u00e1llatok illusztr\u00e1ci\u00f3j\u00e1val. A V\u00edzivil\u00e1g kollekci\u00f3ban megelevenedik a tenger soksz\u00edn\u0171 \u00e9s csod\u00e1latos \u00e9l\u0151vil\u00e1ga.\n\nTerm\u00e9szetesen v\u00e1s\u00e1rolhatsz egy neked tetsz\u0151 \u00e1llatot is, de min\u00e9l t\u00f6bb hatsz\u00f6glet\u0171 elemet v\u00e1lasztasz, ann\u00e1l l\u00e1tv\u00e1nyosabb dekor\u00e1ci\u00f3kat tudsz majd megval\u00f3s\u00edtani gyermeked szob\u00e1j\u00e1ban. A szett k\u00e9pei csup\u00e1n illusztr\u00e1ci\u00f3k \u00e9s csak a dekor\u00e1ci\u00f3k darab sz\u00e1m\u00e1t jelentik! Term\u00e9szetesen az \u00e1llatokat a v\u00e1s\u00e1rl\u00e1s ut\u00e1n Te adhatod meg. (Hogyan? Vagy meg\u00edrod nekem a v\u00e1s\u00e1rl\u00e1sn\u00e1l a Megjegyz\u00e9s rovatba, vagy ut\u00f3lag majd egyeztet\u00fcnk emailben).\n\nA V\u00edzivil\u00e1g \u00e1llatait \u00e9s a kedvezm\u00e9nyes szetteket ezen a linken tudod megn\u00e9zni:\nhttps:\/\/www.meska.hu\/shop\/Hexartdesign?s=62080&o=legdragabb&p=1\n\nHogy mit takar az okos dekor\u00e1ci\u00f3 \u00e9s mik a legfontosabb el\u0151nyei, m\u00e1s dekor\u00e1ci\u00f3s megold\u00e1ssal szemben:\n- a hatsz\u00f6glet\u0171 m\u00e9hsejt forma lehet\u0151v\u00e9 teszi, hogy szinte v\u00e9gtelen elrendez\u00e9si m\u00f3don dekor\u00e1ljunk a v\u00e1s\u00e1rolt elemekkel\n- egy mozdulattal felrakhat\u00f3 b\u00e1rmilyen fel\u00fcletre (falra, szekr\u00e9nyre, \u00fcvegre stb )\n- nincs sz\u00fcks\u00e9g sz\u00f6gre \u00e9s kalap\u00e1csra a felhelyez\u00e9shez\n- nincsenek tov\u00e1bbi k\u00f6lts\u00e9geid, hiszen nem kell keretet is v\u00e1s\u00e1rolni\n- nyom n\u00e9lk\u00fcl \u00e1thelyezhet\u0151, t\u00f6bbsz\u00f6r is\n- b\u00e1rmikor tov\u00e1bb b\u0151v\u00edthet\u0151 a kollekci\u00f3 t\u00f6bbi darabj\u00e1val\n\nA k\u00e9pen l\u00e1that\u00f3 kieg\u00e9sz\u00edt\u0151 dekor\u00e1ci\u00f3s k\u00f6rnyezet csak illusztr\u00e1ci\u00f3, ami nem k\u00e9pezi a term\u00e9k r\u00e9sz\u00e9t. A m\u00e9retar\u00e1ny nem felt\u00e9tlen\u00fcl felel meg a val\u00f3s\u00e1gnak. A dekor\u00e1ci\u00f3 pontos m\u00e9ret \u00e9s fel\u00fclet opci\u00f3it az al\u00e1bbi term\u00e9kle\u00edr\u00e1sban l\u00e1thatod.\n\nTerm\u00e9kle\u00edr\u00e1s:\nMin\u0151s\u00e9gi fot\u00f3pap\u00edrra k\u00e9sz\u00fcl\u0151 nyomat, amely egy 5 mm-es vastag, hatsz\u00f6g form\u00e1j\u00fa feh\u00e9r habkartonra van kas\u00edrozva. R\u00f6gz\u00edt\u00e9se speci\u00e1lis ragaszt\u00e1si technol\u00f3gi\u00e1val t\u00f6rt\u00e9nik, amivel a dekor\u00e1ci\u00f3 nyom n\u00e9lk\u00fcl \u00e1thelyezhet\u0151, ak\u00e1r t\u00f6bbsz\u00f6r is.\nEl\u00e9rhet\u0151 az al\u00e1bbi m\u00e9ret \u00e9s fel\u00fclet opci\u00f3kban (a term\u00e9kk\u00e9pek k\u00f6z\u00f6tt megtal\u00e1lod a Norm\u00e1l \u00e9s Nagy verzi\u00f3 m\u00e9retar\u00e1nyos \u00f6sszehasonl\u00edt\u00f3 k\u00e9pet is). A v\u00e1s\u00e1rl\u00e1sn\u00e1l pedig a M\u00e9ret leg\u00f6rd\u00fcl\u0151 men\u00fcben v\u00e1laszthatod majd ki, a Neked szimpatikus verzi\u00f3t.\n- Norm\u00e1l m\u00e9ret (231x200 mm), matt fel\u00fclettel (alap\u00e1r)\n- Norm\u00e1l m\u00e9ret (231x200 mm), f\u00e9nyes fel\u00fclettel (fel\u00e1ras opci\u00f3)\n- Nagy m\u00e9ret (300x260 mm), f\u00e9nyes fel\u00fclettel (fel\u00e1ras opci\u00f3)\n\nSzerz\u0151i jog:\nA boltomban tal\u00e1lhat\u00f3 \u00f6sszes term\u00e9k a saj\u00e1t alkot\u00e1som \u00e9s szerz\u0151i jog v\u00e9di. Semmilyen form\u00e1ban nem m\u00e1solhat\u00f3, gy\u00e1rthat\u00f3 \u00e9s sokszoros\u00edthat\u00f3.\n\nAz \u00e1r egy darab term\u00e9kre vonatkozik.\n\nHa k\u00edv\u00e1ncsi vagy a t\u00f6bbi term\u00e9kemre, akkor n\u00e9zz k\u00f6r\u00fcl a boltomban. Itt tov\u00e1bbi babaszoba dekor\u00e1ci\u00f3kat, babak\u00e1rty\u00e1kat, baba csillagt\u00e9rk\u00e9peket tal\u00e1lsz. A bal fels\u0151 s\u00e1vban tal\u00e1lhat\u00f3 Polcok a boltban men\u00fcre kattintva v\u00e1logathatsz a kateg\u00f3ri\u00e1k k\u00f6z\u00f6tt.\nhttps:\/\/www.meska.hu\/Shop\/index\/29709","price":"4490.00","unit":"db","recommended":"0","status":"1","sponsored":"0","exp_notify":"0","own_material":"0","own_material_description_old":null,"own_material_description":"","jury":"0","jury_number":"","product_nature":"","meskaracsony":"0","create_date":"2026-01-11 21:51:51","shelve_id":"62080","image":"hexartdesign_product_371419_200611125929_705176.jpeg","image_width":"480","image_height":"480","image_alt":"Polip - babaszoba dekor\u00e1ci\u00f3, Hexart Design - Az okos dekor\u00e1ci\u00f3\\nNincs sz\u00fcks\u00e9g keretre \/ Kas\u00edrozott habkarton \/ Egy mozdulattal fel..., Meska","image_title":"Polip - babaszoba dekor\u00e1ci\u00f3, Meska","view_count":"1957","favourite_count":"0","trending_score":"0","last2MonthFavouriteCount":"0","promotion":0,"giftcard_accept":"1","creditcard_accept":true,"enhanced_background":"0","domain":"meska","specific_customer_id":null,"specific_customer_name":null,"to_order_product":"1","to_order_product_time":"3","product_different":"quite_different","product_different_description":"A sz\u00ednek minim\u00e1lisan elt\u00e9rhetnek a kijelz\u0151n l\u00e1that\u00f3 sz\u00ednekt\u0151l (mobil kijelz\u0151, monitor stb.)\nAz egyedi szem\u00e9lyre szabott dekor\u00e1ci\u00f3kn\u00e1l v\u00e1ltozik a sz\u00f6veg.","vintage":"0","vintage_category_id":"0","recycled":"0","gemstone_id":"0","customizable":"0","type_category":"physical","zerowaste":"0","postage_price":"1490.00","shop_order":"0","has_category":"1","landing_pages":null,"microdata":{"number":24,"category":""},"title":"Polip - babaszoba dekor\u00e1ci\u00f3","description":"Hexart Design - Az okos dekor\u00e1ci\u00f3\nNincs sz\u00fcks\u00e9g keretre \/ Kas\u00edrozott habkarton \/ Egy mozdulattal felrakhat\u00f3 \/ B\u0151v\u00edthet\u0151\n\n* * *\nHa t\u00f6bb dekor\u00e1ci\u00f3t is szeretn\u00e9l, akkor \u00e9rdemes szettet v\u00e1s\u00e1rolnod. Min\u00e9l nagyobb a szett darabsz\u00e1ma, ann\u00e1l olcs\u00f3bb egy dekor\u00e1ci\u00f3 \u00e1ra! Term\u00e9szetesen Te \u00e1ll\u00edthatod \u00f6ssze, hogy milyen \u00e1llatok szerepeljenek a szettekben, a k\u00e9pek csak illusztr\u00e1ci\u00f3k!\n* * *\n\nDekor\u00e1ld gyermeked szob\u00e1j\u00e1t kedves \u00e9s bar\u00e1ts\u00e1gos tengeri \u00e1llatok illusztr\u00e1ci\u00f3j\u00e1val. A V\u00edzivil\u00e1g kollekci\u00f3ban megelevenedik a tenger soksz\u00edn\u0171 \u00e9s csod\u00e1latos \u00e9l\u0151vil\u00e1ga.\n\nTerm\u00e9szetesen v\u00e1s\u00e1rolhatsz egy neked tetsz\u0151 \u00e1llatot is, de min\u00e9l t\u00f6bb hatsz\u00f6glet\u0171 elemet v\u00e1lasztasz, ann\u00e1l l\u00e1tv\u00e1nyosabb dekor\u00e1ci\u00f3kat tudsz majd megval\u00f3s\u00edtani gyermeked szob\u00e1j\u00e1ban. A szett k\u00e9pei csup\u00e1n illusztr\u00e1ci\u00f3k \u00e9s csak a dekor\u00e1ci\u00f3k darab sz\u00e1m\u00e1t jelentik! Term\u00e9szetesen az \u00e1llatokat a v\u00e1s\u00e1rl\u00e1s ut\u00e1n Te adhatod meg. (Hogyan? Vagy meg\u00edrod nekem a v\u00e1s\u00e1rl\u00e1sn\u00e1l a Megjegyz\u00e9s rovatba, vagy ut\u00f3lag majd egyeztet\u00fcnk emailben).\n\nA V\u00edzivil\u00e1g \u00e1llatait \u00e9s a kedvezm\u00e9nyes szetteket ezen a linken tudod megn\u00e9zni:\nhttps:\/\/www.meska.hu\/shop\/Hexartdesign?s=62080&o=legdragabb&p=1\n\nHogy mit takar az okos dekor\u00e1ci\u00f3 \u00e9s mik a legfontosabb el\u0151nyei, m\u00e1s dekor\u00e1ci\u00f3s megold\u00e1ssal szemben:\n- a hatsz\u00f6glet\u0171 m\u00e9hsejt forma lehet\u0151v\u00e9 teszi, hogy szinte v\u00e9gtelen elrendez\u00e9si m\u00f3don dekor\u00e1ljunk a v\u00e1s\u00e1rolt elemekkel\n- egy mozdulattal felrakhat\u00f3 b\u00e1rmilyen fel\u00fcletre (falra, szekr\u00e9nyre, \u00fcvegre stb )\n- nincs sz\u00fcks\u00e9g sz\u00f6gre \u00e9s kalap\u00e1csra a felhelyez\u00e9shez\n- nincsenek tov\u00e1bbi k\u00f6lts\u00e9geid, hiszen nem kell keretet is v\u00e1s\u00e1rolni\n- nyom n\u00e9lk\u00fcl \u00e1thelyezhet\u0151, t\u00f6bbsz\u00f6r is\n- b\u00e1rmikor tov\u00e1bb b\u0151v\u00edthet\u0151 a kollekci\u00f3 t\u00f6bbi darabj\u00e1val\n\nA k\u00e9pen l\u00e1that\u00f3 kieg\u00e9sz\u00edt\u0151 dekor\u00e1ci\u00f3s k\u00f6rnyezet csak illusztr\u00e1ci\u00f3, ami nem k\u00e9pezi a term\u00e9k r\u00e9sz\u00e9t. A m\u00e9retar\u00e1ny nem felt\u00e9tlen\u00fcl felel meg a val\u00f3s\u00e1gnak. A dekor\u00e1ci\u00f3 pontos m\u00e9ret \u00e9s fel\u00fclet opci\u00f3it az al\u00e1bbi term\u00e9kle\u00edr\u00e1sban l\u00e1thatod.\n\nTerm\u00e9kle\u00edr\u00e1s:\nMin\u0151s\u00e9gi fot\u00f3pap\u00edrra k\u00e9sz\u00fcl\u0151 nyomat, amely egy 5 mm-es vastag, hatsz\u00f6g form\u00e1j\u00fa feh\u00e9r habkartonra van kas\u00edrozva. R\u00f6gz\u00edt\u00e9se speci\u00e1lis ragaszt\u00e1si technol\u00f3gi\u00e1val t\u00f6rt\u00e9nik, amivel a dekor\u00e1ci\u00f3 nyom n\u00e9lk\u00fcl \u00e1thelyezhet\u0151, ak\u00e1r t\u00f6bbsz\u00f6r is.\nEl\u00e9rhet\u0151 az al\u00e1bbi m\u00e9ret \u00e9s fel\u00fclet opci\u00f3kban (a term\u00e9kk\u00e9pek k\u00f6z\u00f6tt megtal\u00e1lod a Norm\u00e1l \u00e9s Nagy verzi\u00f3 m\u00e9retar\u00e1nyos \u00f6sszehasonl\u00edt\u00f3 k\u00e9pet is). A v\u00e1s\u00e1rl\u00e1sn\u00e1l pedig a M\u00e9ret leg\u00f6rd\u00fcl\u0151 men\u00fcben v\u00e1laszthatod majd ki, a Neked szimpatikus verzi\u00f3t.\n- Norm\u00e1l m\u00e9ret (231x200 mm), matt fel\u00fclettel (alap\u00e1r)\n- Norm\u00e1l m\u00e9ret (231x200 mm), f\u00e9nyes fel\u00fclettel (fel\u00e1ras opci\u00f3)\n- Nagy m\u00e9ret (300x260 mm), f\u00e9nyes fel\u00fclettel (fel\u00e1ras opci\u00f3)\n\nSzerz\u0151i jog:\nA boltomban tal\u00e1lhat\u00f3 \u00f6sszes term\u00e9k a saj\u00e1t alkot\u00e1som \u00e9s szerz\u0151i jog v\u00e9di. Semmilyen form\u00e1ban nem m\u00e1solhat\u00f3, gy\u00e1rthat\u00f3 \u00e9s sokszoros\u00edthat\u00f3.\n\nAz \u00e1r egy darab term\u00e9kre vonatkozik.\n\nHa k\u00edv\u00e1ncsi vagy a t\u00f6bbi term\u00e9kemre, akkor n\u00e9zz k\u00f6r\u00fcl a boltomban. Itt tov\u00e1bbi babaszoba dekor\u00e1ci\u00f3kat, babak\u00e1rty\u00e1kat, baba csillagt\u00e9rk\u00e9peket tal\u00e1lsz. A bal fels\u0151 s\u00e1vban tal\u00e1lhat\u00f3 Polcok a boltban men\u00fcre kattintva v\u00e1logathatsz a kateg\u00f3ri\u00e1k k\u00f6z\u00f6tt.\nhttps:\/\/www.meska.hu\/Shop\/index\/29709","score":0,"formatted_price":"4 490 Ft","image_url":"https:\/\/www.meska.hu\/img\/product\/small\/h\/e\/hexartdesign_product_371419_200611125929_705176.jpeg","formatted_url":"https:\/\/www.meska.hu\/p3754755-polip-babaszoba-dekoracio","favourite":false,"in_stock":false,"avatar":"Hexartdesign_avatar_371419_1589358772.jpg","delete_from":0,"is_enhanced_background":false,"is_enhanced":false,"product_selection_started":false,"is_active":true,"image_webp_url":"https:\/\/www.meska.hu\/img\/product\/small\/h\/e\/hexartdesign_product_371419_200611125929_705176.webp"},{"id":"4483751","shop_id":"38257","user_id":"422537","shop_name":"DrageeDecor","shop_zip":"1185","product_code":"4765316","product_name_old":null,"product_name":"Halloween dekor\u00e1ci\u00f3, Halloween nemezgoly\u00f3  f\u0171z\u00e8r. Nemezelt cuki szellem Halloween pom pom girland","category_string":"Otthon & \u00c9letm\u00f3d, Halloween, Halloweeni dekor\u00e1ci\u00f3, Dekor\u00e1ci\u00f3","technic_string":"Nemezel\u00e9s","category_1":"1312","category_2":"1313","category_3":"314","category_4":"813","merged_category_1":null,"merged_category_2":null,"merged_category_3":null,"technic_1":"494","technic_2":"0","technic_3":"0","color_1":"519","color_2":"520","color_3":"522","product_description_old":null,"product_description":"Kedves Latogato,\n\nAz itt talalhato fuzer kulonleges nemezgolyokbol es nemezelt szellemekbol keszult\nA golyok kb 2 centisek a narancs 2,5 cm\n\nSzellemek 4cm\nSzin :narancs, lila, feher es fekete \nFeher pamut fonalra fuzve ( a ket vegen pici hurkot hagyva) keszitem.\nA golyokat es a szellemeket sem rogzitem fixen a madzagon, igy tetszolegesen varialhato az elhelyezesuk a fonalon.\nA fuzer teljes hossza kb 2 m es tartalmaz :\n5 nagyobb (2,5cm)  nemezgolyot es\n30  kisebb golyot ( fekete, lila ,feher) valamint\n4 db Szellemet\nA nemezgolyok es a szellemek is mind Nepalban keszulnek kezzel,gyapjubol .\nMeretuk es picit arnyalatban a szinuk is elterhet egymastol a kezi keszites miatt.\nAmennyiben mas szinu golyokkal szeretned a fuzert,akkor kerlek irj ram.\nSok sok szinben vannak pom pomjaim\nAnyaguk 100% gyapju\nElkeszites kb 2 nap \n\nTokeletesen mutat barmilyen otthonban,akar a falon,ajton vagy kandallo felett...\nFolyamatosan toltok fel uj termekeket , de ha valamit szeretnel es nem talalsz ,irj ram nyugodtan.\n\n","price":"4500.00","unit":"db","recommended":"0","status":"1","sponsored":"0","exp_notify":"0","own_material":"0","own_material_description_old":null,"own_material_description":"","jury":"0","jury_number":"","product_nature":"","meskaracsony":"0","create_date":"2026-04-08 12:55:16","shelve_id":"0","image":"drageedecor_product_422537_220912122605_943469.jpeg","image_width":"480","image_height":"360","image_alt":"Halloween dekor\u00e1ci\u00f3, Halloween nemezgoly\u00f3  f\u0171z\u00e8r. Nemezelt cuki szellem Halloween pom pom girland, Kedves Latogato,\\n\\nAz itt talalhato fuzer kulonleges nemezgolyokbol es nemezelt szellemekbol keszult\\n..., Meska","image_title":"Halloween dekor\u00e1ci\u00f3, Halloween nemezgoly\u00f3  f\u0171z\u00e8r. Nemezelt cuki szellem Halloween pom pom girland, Meska","view_count":"1902","favourite_count":"0","trending_score":"0","last2MonthFavouriteCount":"0","promotion":"0","giftcard_accept":"0","creditcard_accept":false,"enhanced_background":"0","domain":"meska","specific_customer_id":null,"specific_customer_name":null,"to_order_product":"1","to_order_product_time":"2","product_different":null,"product_different_description":"","vintage":"0","vintage_category_id":"0","recycled":"0","gemstone_id":"0","customizable":"1","type_category":"physical","zerowaste":"0","postage_price":"2390.00","shop_order":"0","has_category":"1","landing_pages":null,"microdata":{"number":25,"category":""},"title":"Halloween dekor\u00e1ci\u00f3, Halloween nemezgoly\u00f3  f\u0171z\u00e8r. Nemezelt cuki szellem Halloween pom pom girland","description":"Kedves Latogato,\n\nAz itt talalhato fuzer kulonleges nemezgolyokbol es nemezelt szellemekbol keszult\nA golyok kb 2 centisek a narancs 2,5 cm\n\nSzellemek 4cm\nSzin :narancs, lila, feher es fekete \nFeher pamut fonalra fuzve ( a ket vegen pici hurkot hagyva) keszitem.\nA golyokat es a szellemeket sem rogzitem fixen a madzagon, igy tetszolegesen varialhato az elhelyezesuk a fonalon.\nA fuzer teljes hossza kb 2 m es tartalmaz :\n5 nagyobb (2,5cm)  nemezgolyot es\n30  kisebb golyot ( fekete, lila ,feher) valamint\n4 db Szellemet\nA nemezgolyok es a szellemek is mind Nepalban keszulnek kezzel,gyapjubol .\nMeretuk es picit arnyalatban a szinuk is elterhet egymastol a kezi keszites miatt.\nAmennyiben mas szinu golyokkal szeretned a fuzert,akkor kerlek irj ram.\nSok sok szinben vannak pom pomjaim\nAnyaguk 100% gyapju\nElkeszites kb 2 nap \n\nTokeletesen mutat barmilyen otthonban,akar a falon,ajton vagy kandallo felett...\nFolyamatosan toltok fel uj termekeket , de ha valamit szeretnel es nem talalsz ,irj ram nyugodtan.\n\n","score":0,"formatted_price":"4 500 Ft","image_url":"https:\/\/www.meska.hu\/img\/product\/small\/d\/r\/drageedecor_product_422537_220912122605_943469.jpeg","formatted_url":"https:\/\/www.meska.hu\/p4765316-halloween-dekoracio-halloween-nemezgolyo-fuzer-nemezelt-cuki-szellem-halloween-pom-pom-girland","favourite":false,"in_stock":false,"avatar":"422537_avatar_1660917258.jpeg","delete_from":0,"is_enhanced_background":false,"is_enhanced":false,"product_selection_started":false,"is_active":true,"image_webp_url":"https:\/\/www.meska.hu\/img\/product\/small\/d\/r\/drageedecor_product_422537_220912122605_943469.webp"},{"id":"3167514","shop_id":"31505","user_id":"401151","shop_name":"Zoerika58","shop_zip":"4400","product_code":"4383749","product_name_old":null,"product_name":"KAR\u00c1CSONYI MAN\u00d3,  skandin\u00e1v gnom","category_string":"Kar\u00e1csony, Kar\u00e1csonyi lak\u00e1sdekor\u00e1ci\u00f3, Kar\u00e1csonyi man\u00f3k, figur\u00e1k","technic_string":"Baba-\u00e9s b\u00e1bk\u00e9sz\u00edt\u00e9s, Varr\u00e1s","category_1":"319","category_2":"324","category_3":"1303","category_4":"0","merged_category_1":null,"merged_category_2":null,"merged_category_3":null,"technic_1":"472","technic_2":"506","technic_3":"0","color_1":"519","color_2":"522","color_3":"0","product_description_old":null,"product_description":"KAR\u00c1CSONYI MAN\u00d3 skandin\u00e1v gnom \negyedi, k\u00e9zzel k\u00e9sz\u00edtett, saj\u00e1t term\u00e9k\nkedves kar\u00e1csonyi vend\u00e9g, elhelyezhet\u0151 polcra , feny\u0151fa al\u00e1, b\u00e1rhov\u00e1\na man\u00f3 nem \u00e1ll meg,csak \u00fcltethet\u0151\nmagass\u00e1ga 19 cm\ns\u00falya 0.13 kg\nnem j\u00e1t\u00e9k,kiz\u00e1r\u00f3lag d\u00edszt\u00e1rgy\n","price":"1550.00","unit":"db","recommended":"0","status":"1","sponsored":"0","exp_notify":"0","own_material":"0","own_material_description_old":null,"own_material_description":"","jury":"0","jury_number":"","product_nature":"","meskaracsony":"0","create_date":"2026-02-19 18:27:17","shelve_id":"0","image":"zoerika58_product_401151_211118185118_516398.jpeg","image_width":"480","image_height":"360","image_alt":"KAR\u00c1CSONYI MAN\u00d3,  skandin\u00e1v gnom, KAR\u00c1CSONYI MAN\u00d3 skandin\u00e1v gnom \\negyedi, k\u00e9zzel k\u00e9sz\u00edtett, saj\u00e1t term\u00e9k\\nkedves kar\u00e1csonyi vend\u00e9g, elh..., Meska","image_title":"KAR\u00c1CSONYI MAN\u00d3,  skandin\u00e1v gnom, Meska","view_count":"1908","favourite_count":"0","trending_score":"0","last2MonthFavouriteCount":"0","promotion":0,"giftcard_accept":"0","creditcard_accept":false,"enhanced_background":"0","domain":"meska","specific_customer_id":null,"specific_customer_name":null,"to_order_product":"1","to_order_product_time":"4","product_different":null,"product_different_description":"","vintage":"0","vintage_category_id":"0","recycled":"1","gemstone_id":"0","customizable":"0","type_category":"physical","zerowaste":"1","postage_price":"1290.00","shop_order":"0","has_category":"1","landing_pages":null,"microdata":{"number":26,"category":""},"title":"KAR\u00c1CSONYI MAN\u00d3,  skandin\u00e1v gnom","description":"KAR\u00c1CSONYI MAN\u00d3 skandin\u00e1v gnom \negyedi, k\u00e9zzel k\u00e9sz\u00edtett, saj\u00e1t term\u00e9k\nkedves kar\u00e1csonyi vend\u00e9g, elhelyezhet\u0151 polcra , feny\u0151fa al\u00e1, b\u00e1rhov\u00e1\na man\u00f3 nem \u00e1ll meg,csak \u00fcltethet\u0151\nmagass\u00e1ga 19 cm\ns\u00falya 0.13 kg\nnem j\u00e1t\u00e9k,kiz\u00e1r\u00f3lag d\u00edszt\u00e1rgy\n","score":0,"formatted_price":"1 550 Ft","image_url":"https:\/\/www.meska.hu\/img\/product\/small\/z\/o\/zoerika58_product_401151_211118185118_516398.jpeg","formatted_url":"https:\/\/www.meska.hu\/p4383749-karacsonyi-mano-skandinav-gnom","favourite":false,"in_stock":false,"avatar":"Zoerika58_avatar_401151_1606416000.JPG","delete_from":0,"is_enhanced_background":false,"is_enhanced":false,"product_selection_started":false,"is_active":true,"image_webp_url":"https:\/\/www.meska.hu\/img\/product\/small\/z\/o\/zoerika58_product_401151_211118185118_516398.webp"},{"id":"3166858","shop_id":"24260","user_id":"275927","shop_name":"Namatanemez","shop_zip":"9900","product_code":"4580653","product_name_old":null,"product_name":"P\u00e1va - nemezkark\u00f6t\u0151","category_string":"\u00c9kszer, Kark\u00f6t\u0151, Sz\u00e9les kark\u00f6t\u0151","technic_string":"Nemezel\u00e9s, \u00c9kszerk\u00e9sz\u00edt\u00e9s","category_1":"327","category_2":"333","category_3":"1239","category_4":"0","merged_category_1":null,"merged_category_2":null,"merged_category_3":null,"technic_1":"494","technic_2":"477","technic_3":"0","color_1":"522","color_2":"526","color_3":"529","product_description_old":null,"product_description":"K\u00fcl\u00f6nleges \u00e9kszert hoztam. Egyszeri \u00e9s megism\u00e9telhetetlen darab, az egyedi dolgok szerelmeseinek. T\u00f6bb r\u00e9tegben egym\u00e1sra \u00e9p\u00edtett gyapj\u00fa, selyem \u00e9s apr\u00f3 gy\u00f6ngy\u00f6k kavalk\u00e1dja. \n5 cm magas \u00e9s 18 cm a bels\u0151 ker\u00fclete, \u00edgy kisebb k\u00e9zre tudom aj\u00e1nlani.\n","price":"8300.00","unit":"db","recommended":"0","status":"1","sponsored":"0","exp_notify":"0","own_material":"0","own_material_description_old":null,"own_material_description":"","jury":"0","jury_number":"","product_nature":"","meskaracsony":"0","create_date":"2026-02-19 19:39:45","shelve_id":"64558","image":"namatanemez_product_275927_211118140904_27644.jpeg","image_width":"480","image_height":"381","image_alt":"P\u00e1va - nemezkark\u00f6t\u0151, K\u00fcl\u00f6nleges \u00e9kszert hoztam. Egyszeri \u00e9s megism\u00e9telhetetlen darab, az egyedi dolgok szerelmeseinek. T\u00f6..., Meska","image_title":"P\u00e1va - nemezkark\u00f6t\u0151, Meska","view_count":"1910","favourite_count":"0","trending_score":"0","last2MonthFavouriteCount":"0","promotion":"0","giftcard_accept":"0","creditcard_accept":false,"enhanced_background":"0","domain":"meska","specific_customer_id":null,"specific_customer_name":null,"to_order_product":"0","to_order_product_time":"0","product_different":null,"product_different_description":"","vintage":"0","vintage_category_id":"0","recycled":"0","gemstone_id":"0","customizable":"0","type_category":"physical","zerowaste":"0","postage_price":"1290.00","shop_order":"1","has_category":"1","landing_pages":null,"microdata":{"number":27,"category":""},"title":"P\u00e1va - nemezkark\u00f6t\u0151","description":"K\u00fcl\u00f6nleges \u00e9kszert hoztam. Egyszeri \u00e9s megism\u00e9telhetetlen darab, az egyedi dolgok szerelmeseinek. T\u00f6bb r\u00e9tegben egym\u00e1sra \u00e9p\u00edtett gyapj\u00fa, selyem \u00e9s apr\u00f3 gy\u00f6ngy\u00f6k kavalk\u00e1dja. \n5 cm magas \u00e9s 18 cm a bels\u0151 ker\u00fclete, \u00edgy kisebb k\u00e9zre tudom aj\u00e1nlani.\n","score":0,"formatted_price":"8 300 Ft","image_url":"https:\/\/www.meska.hu\/img\/product\/small\/n\/a\/namatanemez_product_275927_211118140904_27644.jpeg","formatted_url":"https:\/\/www.meska.hu\/p4580653-pava-nemezkarkoto","favourite":false,"in_stock":true,"avatar":"Namatanemez_avatar_275927_1592211858.JPG","delete_from":0,"is_enhanced_background":false,"is_enhanced":false,"product_selection_started":false,"is_active":true,"image_webp_url":"https:\/\/www.meska.hu\/img\/product\/small\/n\/a\/namatanemez_product_275927_211118140904_27644.webp"},{"id":"3420048","shop_id":"18878","user_id":"173903","shop_name":"paracordmania","shop_zip":"1183","product_code":"3657648","product_name_old":null,"product_name":"- Minim\u00e1l - p\u00e1ros horgony kark\u00f6t\u0151 (2 db, v\u00e1laszthat\u00f3 sz\u00ednekben)","category_string":"\u00c9kszer, Kark\u00f6t\u0151, Fonott kark\u00f6t\u0151","technic_string":"Csom\u00f3z\u00e1s, \u00c9kszerk\u00e9sz\u00edt\u00e9s","category_1":"327","category_2":"333","category_3":"1232","category_4":"0","merged_category_1":"0","merged_category_2":"0","merged_category_3":"0","technic_1":"475","technic_2":"477","technic_3":"0","color_1":"517","color_2":"521","color_3":"522","product_description_old":null,"product_description":"Aj\u00e1nd\u00e9knak sz\u00e1nod ezt a term\u00e9ket? Szeretn\u00e9l hozz\u00e1 egyedi d\u00edszcsomagol\u00e1st? Akkor eg\u00e9sz\u00edtsd ki a v\u00e1s\u00e1rl\u00e1sod grav\u00edrozott k\u00eds\u00e9r\u0151 k\u00e1rty\u00e1val \u00e9s ez\u00fcst sz\u00edn\u0171 szat\u00e9n aj\u00e1nd\u00e9ktasakkal (utols\u00f3 k\u00e9p). A d\u00edszcsomagol\u00e1st a \u201eKieg\u00e9sz\u00edt\u0151\u201d leg\u00f6rd\u00fcl\u0151 men\u00fcben adhatod a kosaradhoz. A k\u00e1rtya 34x51 mm-es egy oldal\u00e1n grav\u00edrozott ny\u00e1rfa r\u00e9tegelt lemez, a tetej\u00e9n lyukkal, amivel a szat\u00e9n tasakra (a m\u00e9rete 100x150 mm) r\u00f6gz\u00edtheted. A grav\u00edrozand\u00f3 sz\u00f6veget a Kos\u00e1rban, az \u00dczenet r\u00e9szben adhatod meg.\n--- --- --- --- --- ---\n\nP\u00e1ros kark\u00f6t\u0151 = kedvez\u0151bb \u00e1r\n\nAki st\u00edlusos ugyanakkor diszkr\u00e9ten v\u00e9kony, eleg\u00e1ns horgonyos kark\u00f6t\u0151re v\u00e1gyik ide\u00e1lis v\u00e1laszt\u00e1s ez a pici kark\u00f6t\u0151. F\u00e9rfi \u00e9s n\u0151i k\u00e9zen is nagyon j\u00f3l mutat. Apr\u00f3 bronz sz\u00edn\u0171 horgonyb\u00f3l \u00e9s matr\u00f3z sz\u00ednvil\u00e1g\u00fa extra v\u00e9kony paracord sz\u00e1lb\u00f3l \u00e1ll.\n\nKiv\u00e1l\u00f3 aj\u00e1nd\u00e9k \u00f6tlet is: p\u00e1roknak, valentin napra, h\u00e1zass\u00e1gi \u00e9vfordul\u00f3ra \u00e9s esk\u00fcv\u0151re.\n\nA horgony szimboliz\u00e1lja az \u00f6sszetartoz\u00e1st, a h\u0171s\u00e9get, az egy\u00fctt t\u00f6lt\u00f6tt id\u0151t, a rem\u00e9nyt, a biztons\u00e1got \u00e9s a boldogs\u00e1got.\n\nA kark\u00f6t\u0151 cs\u00fasz\u00f3csom\u00f3val \u00e1ll\u00edthat\u00f3 13-21 cm-es \u00e1tm\u00e9r\u0151j\u0171 csukl\u00f3ra.\n\nRendel\u00e9sn\u00e9l add meg a kiv\u00e1lasztott sz\u00ednek sorsz\u00e1m\u00e1t.\n\nA horgony m\u00e9rete: 18 mm magas, 15 mm sz\u00e9les\nA v\u00e9kony paracord kb.  \u00d81,9 mm\n\nAz \u00e1r 2 db kark\u00f6t\u0151re vonatkozik.\n\n\u00c1MPVK","price":"6190.00","unit":"db","recommended":"0","status":"1","sponsored":"0","exp_notify":"0","own_material":"0","own_material_description_old":null,"own_material_description":"","jury":"0","jury_number":"","product_nature":"","meskaracsony":"0","create_date":"2026-01-28 11:43:30","shelve_id":"61157","image":"paracordmania_product_173903_200219130214_939244.jpeg","image_width":"480","image_height":"480","image_alt":"- Minim\u00e1l - p\u00e1ros horgony kark\u00f6t\u0151 (2 db, v\u00e1laszthat\u00f3 sz\u00ednekben), Aj\u00e1nd\u00e9knak sz\u00e1nod ezt a term\u00e9ket? Szeretn\u00e9l hozz\u00e1 egyedi d\u00edszcsomagol\u00e1st? Akkor eg\u00e9sz\u00edtsd ki a v\u00e1s\u00e1r..., Meska","image_title":"- Minim\u00e1l - p\u00e1ros horgony kark\u00f6t\u0151 (2 db, v\u00e1laszthat\u00f3 sz\u00ednekben), Meska","view_count":"1827","favourite_count":"0","trending_score":"0","last2MonthFavouriteCount":"0","promotion":0,"giftcard_accept":"1","creditcard_accept":true,"enhanced_background":"0","domain":"meska","specific_customer_id":null,"specific_customer_name":null,"to_order_product":"1","to_order_product_time":"2","product_different":"quite_different","product_different_description":"Sz\u00ednminta alaj\u00e1n egyedi kark\u00f6t\u0151.","vintage":"0","vintage_category_id":"0","recycled":"0","gemstone_id":"0","customizable":"0","type_category":"physical","zerowaste":"0","postage_price":"3455.00","shop_order":"0","has_category":"1","landing_pages":null,"microdata":{"number":28,"category":""},"title":"- Minim\u00e1l - p\u00e1ros horgony kark\u00f6t\u0151 (2 db, v\u00e1laszthat\u00f3 sz\u00ednekben)","description":"Aj\u00e1nd\u00e9knak sz\u00e1nod ezt a term\u00e9ket? Szeretn\u00e9l hozz\u00e1 egyedi d\u00edszcsomagol\u00e1st? Akkor eg\u00e9sz\u00edtsd ki a v\u00e1s\u00e1rl\u00e1sod grav\u00edrozott k\u00eds\u00e9r\u0151 k\u00e1rty\u00e1val \u00e9s ez\u00fcst sz\u00edn\u0171 szat\u00e9n aj\u00e1nd\u00e9ktasakkal (utols\u00f3 k\u00e9p). A d\u00edszcsomagol\u00e1st a \u201eKieg\u00e9sz\u00edt\u0151\u201d leg\u00f6rd\u00fcl\u0151 men\u00fcben adhatod a kosaradhoz. A k\u00e1rtya 34x51 mm-es egy oldal\u00e1n grav\u00edrozott ny\u00e1rfa r\u00e9tegelt lemez, a tetej\u00e9n lyukkal, amivel a szat\u00e9n tasakra (a m\u00e9rete 100x150 mm) r\u00f6gz\u00edtheted. A grav\u00edrozand\u00f3 sz\u00f6veget a Kos\u00e1rban, az \u00dczenet r\u00e9szben adhatod meg.\n--- --- --- --- --- ---\n\nP\u00e1ros kark\u00f6t\u0151 = kedvez\u0151bb \u00e1r\n\nAki st\u00edlusos ugyanakkor diszkr\u00e9ten v\u00e9kony, eleg\u00e1ns horgonyos kark\u00f6t\u0151re v\u00e1gyik ide\u00e1lis v\u00e1laszt\u00e1s ez a pici kark\u00f6t\u0151. F\u00e9rfi \u00e9s n\u0151i k\u00e9zen is nagyon j\u00f3l mutat. Apr\u00f3 bronz sz\u00edn\u0171 horgonyb\u00f3l \u00e9s matr\u00f3z sz\u00ednvil\u00e1g\u00fa extra v\u00e9kony paracord sz\u00e1lb\u00f3l \u00e1ll.\n\nKiv\u00e1l\u00f3 aj\u00e1nd\u00e9k \u00f6tlet is: p\u00e1roknak, valentin napra, h\u00e1zass\u00e1gi \u00e9vfordul\u00f3ra \u00e9s esk\u00fcv\u0151re.\n\nA horgony szimboliz\u00e1lja az \u00f6sszetartoz\u00e1st, a h\u0171s\u00e9get, az egy\u00fctt t\u00f6lt\u00f6tt id\u0151t, a rem\u00e9nyt, a biztons\u00e1got \u00e9s a boldogs\u00e1got.\n\nA kark\u00f6t\u0151 cs\u00fasz\u00f3csom\u00f3val \u00e1ll\u00edthat\u00f3 13-21 cm-es \u00e1tm\u00e9r\u0151j\u0171 csukl\u00f3ra.\n\nRendel\u00e9sn\u00e9l add meg a kiv\u00e1lasztott sz\u00ednek sorsz\u00e1m\u00e1t.\n\nA horgony m\u00e9rete: 18 mm magas, 15 mm sz\u00e9les\nA v\u00e9kony paracord kb.  \u00d81,9 mm\n\nAz \u00e1r 2 db kark\u00f6t\u0151re vonatkozik.\n\n\u00c1MPVK","score":0,"formatted_price":"6 190 Ft","image_url":"https:\/\/www.meska.hu\/img\/product\/small\/p\/a\/paracordmania_product_173903_200219130214_939244.jpeg","formatted_url":"https:\/\/www.meska.hu\/p3657648-minimal-paros-horgony-karkoto-2-db-valaszthato-szinekben","favourite":false,"in_stock":false,"avatar":"paracordmania_avatar_173903_1581629068.jpg","delete_from":0,"is_enhanced_background":false,"is_enhanced":false,"product_selection_started":false,"is_active":true,"image_webp_url":"https:\/\/www.meska.hu\/img\/product\/small\/p\/a\/paracordmania_product_173903_200219130214_939244.webp"},{"id":"3197417","shop_id":"21486","user_id":"224292","shop_name":"InnocentDesign","shop_zip":"1053","product_code":"4725361","product_name_old":null,"product_name":"Ombre - t\u0171zzom\u00e1nc f\u00fclbeval\u00f3 - lila-s\u00e1rga","category_string":"\u00c9kszer, F\u00fclbeval\u00f3, L\u00f3g\u00f3 f\u00fclbeval\u00f3","technic_string":"T\u0171zzom\u00e1nc, \u00d6tv\u00f6s","category_1":"327","category_2":"331","category_3":"1219","category_4":"0","merged_category_1":null,"merged_category_2":null,"merged_category_3":null,"technic_1":"503","technic_2":"496","technic_3":"0","color_1":"518","color_2":"522","color_3":"526","product_description_old":null,"product_description":"V\u00e9kony, zom\u00e1ncozott p\u00e1lcik\u00e1k \u00e1tmenetes lila-s\u00e1rga zom\u00e1nccal.\nTeljes hossza 5,5 cm, akaszt\u00f3ja ez\u00fcst\u00f6z\u00f6tt.","price":"4600.00","unit":"db","recommended":"0","status":"1","sponsored":"0","exp_notify":"0","own_material":"0","own_material_description_old":null,"own_material_description":"","jury":"0","jury_number":"","product_nature":"","meskaracsony":"0","create_date":"2026-03-19 20:52:08","shelve_id":"48482","image":"innocentdesign_product_224292_211204170225_488769.jpeg","image_width":"480","image_height":"640","image_alt":"Ombre - t\u0171zzom\u00e1nc f\u00fclbeval\u00f3 - lila-s\u00e1rga, V\u00e9kony, zom\u00e1ncozott p\u00e1lcik\u00e1k \u00e1tmenetes lila-s\u00e1rga zom\u00e1nccal.\\nTeljes hossza 5,5 cm, akaszt\u00f3ja ez\u00fcst\u00f6z..., Meska","image_title":"Ombre - t\u0171zzom\u00e1nc f\u00fclbeval\u00f3 - lila-s\u00e1rga, Meska","view_count":"1757","favourite_count":"0","trending_score":"0","last2MonthFavouriteCount":"0","promotion":"0","giftcard_accept":"0","creditcard_accept":false,"enhanced_background":"0","domain":"meska","specific_customer_id":null,"specific_customer_name":null,"to_order_product":"0","to_order_product_time":"0","product_different":null,"product_different_description":"","vintage":"0","vintage_category_id":"0","recycled":"0","gemstone_id":"0","customizable":"0","type_category":"physical","zerowaste":"0","postage_price":"2400.00","shop_order":"296","has_category":"1","landing_pages":null,"microdata":{"number":29,"category":""},"title":"Ombre - t\u0171zzom\u00e1nc f\u00fclbeval\u00f3 - lila-s\u00e1rga","description":"V\u00e9kony, zom\u00e1ncozott p\u00e1lcik\u00e1k \u00e1tmenetes lila-s\u00e1rga zom\u00e1nccal.\nTeljes hossza 5,5 cm, akaszt\u00f3ja ez\u00fcst\u00f6z\u00f6tt.","score":0,"formatted_price":"4 600 Ft","image_url":"https:\/\/www.meska.hu\/img\/product\/small\/i\/n\/innocentdesign_product_224292_211204170225_488769.jpeg","formatted_url":"https:\/\/www.meska.hu\/p4725361-ombre-tuzzomanc-fulbevalo-lila-sarga","favourite":false,"in_stock":true,"avatar":"224292_avatar_1756199956.png","delete_from":0,"is_enhanced_background":false,"is_enhanced":false,"product_selection_started":false,"is_active":true,"image_webp_url":"https:\/\/www.meska.hu\/img\/product\/small\/i\/n\/innocentdesign_product_224292_211204170225_488769.webp"},{"id":"3415239","shop_id":"37491","user_id":"499569","shop_name":"DEVAdekor","shop_zip":"1158","product_code":"4650836","product_name_old":null,"product_name":"pillang\u00f3s makram\u00e9 falid\u00edsz","category_string":"Baba - mama, Babaszoba dekor\u00e1ci\u00f3","technic_string":"Csom\u00f3z\u00e1s","category_1":"1466","category_2":"1735","category_3":"0","category_4":"0","merged_category_1":null,"merged_category_2":null,"merged_category_3":null,"technic_1":"475","technic_2":"0","technic_3":"0","color_1":"522","color_2":"525","color_3":"0","product_description_old":null,"product_description":"\u00dajrahasznos\u00edtott makram\u00e9 fonalb\u00f3l k\u00e9sz\u00fclt, pillang\u00f3 mint\u00e1s falid\u00edsz.\nM\u00e9retei: 25x80 cm (akaszt\u00f3val egy\u00fctt)\nSz\u00ednei:  babar\u00f3zsasz\u00edn, levendula\n","price":"7990.00","unit":"db","recommended":"0","status":"1","sponsored":"0","exp_notify":"0","own_material":"0","own_material_description_old":null,"own_material_description":"","jury":"0","jury_number":"","product_nature":"","meskaracsony":"0","create_date":"2026-02-20 09:37:30","shelve_id":"0","image":"devadekor_product_499569_230601083639_562542.jpeg","image_width":"480","image_height":"640","image_alt":"pillang\u00f3s makram\u00e9 falid\u00edsz, \u00dajrahasznos\u00edtott makram\u00e9 fonalb\u00f3l k\u00e9sz\u00fclt, pillang\u00f3 mint\u00e1s falid\u00edsz.\\nM\u00e9retei: 25x80 cm (akaszt\u00f3val e..., Meska","image_title":"pillang\u00f3s makram\u00e9 falid\u00edsz, Meska","view_count":"1775","favourite_count":"0","trending_score":"0","last2MonthFavouriteCount":"0","promotion":0,"giftcard_accept":"0","creditcard_accept":false,"enhanced_background":"0","domain":"meska","specific_customer_id":null,"specific_customer_name":null,"to_order_product":"0","to_order_product_time":"0","product_different":null,"product_different_description":"","vintage":"0","vintage_category_id":"0","recycled":"1","gemstone_id":"0","customizable":"0","type_category":"physical","zerowaste":"0","postage_price":"2390.00","shop_order":"0","has_category":"1","landing_pages":null,"microdata":{"number":30,"category":""},"title":"pillang\u00f3s makram\u00e9 falid\u00edsz","description":"\u00dajrahasznos\u00edtott makram\u00e9 fonalb\u00f3l k\u00e9sz\u00fclt, pillang\u00f3 mint\u00e1s falid\u00edsz.\nM\u00e9retei: 25x80 cm (akaszt\u00f3val egy\u00fctt)\nSz\u00ednei:  babar\u00f3zsasz\u00edn, levendula\n","score":0,"formatted_price":"7 990 Ft","image_url":"https:\/\/www.meska.hu\/img\/product\/small\/d\/e\/devadekor_product_499569_230601083639_562542.jpeg","formatted_url":"https:\/\/www.meska.hu\/p4650836-pillangos-makrame-falidisz","favourite":false,"in_stock":true,"avatar":"DEVAdekor_avatar_499569_1652599812.jpg","delete_from":0,"is_enhanced_background":false,"is_enhanced":false,"product_selection_started":false,"is_active":true,"image_webp_url":"https:\/\/www.meska.hu\/img\/product\/small\/d\/e\/devadekor_product_499569_230601083639_562542.webp"},{"id":"5016315","shop_id":"41715","user_id":"589458","shop_name":"TiffanyAndi","shop_zip":"2013","product_code":"5093714","product_name_old":null,"product_name":"Angyalka Tiffany M\u00e9csestart\u00f3","category_string":"Kar\u00e1csony, Kar\u00e1csonyi lak\u00e1sdekor\u00e1ci\u00f3, Kar\u00e1csonyi f\u00e9nydekor\u00e1ci\u00f3","technic_string":"\u00dcvegm\u0171v\u00e9szet","category_1":"319","category_2":"324","category_3":"1307","category_4":"0","merged_category_1":null,"merged_category_2":null,"merged_category_3":null,"technic_1":"505","technic_2":"0","technic_3":"0","color_1":"519","color_2":"522","color_3":"525","product_description_old":null,"product_description":"Ez a sz\u00e9ps\u00e9ges tiffany m\u00e9csestart\u00f3 t\u00f6k\u00e9letes dekor\u00e1ci\u00f3 az \u00fcnnepre. \n\nA sz\u00ednes \u00fcvegen \u00e1tsz\u0171r\u0151d\u0151 f\u00e9nyj\u00e1t\u00e9k var\u00e1zslatos hangulatot teremt otthonodban.\nK\u00fcl\u00f6nleges aj\u00e1nd\u00e9k is lehet annak, akit szeretsz.\n\nMagass\u00e1ga: 11cm\nM\u00e1s sz\u00ednben is k\u00e9rhet\u0151. \n\n\n\n","price":"12500.00","unit":"db","recommended":"0","status":"1","sponsored":"0","exp_notify":"0","own_material":"0","own_material_description_old":null,"own_material_description":"","jury":"0","jury_number":"","product_nature":"","meskaracsony":"0","create_date":"2026-04-11 15:40:26","shelve_id":"81278","image":"tiffanyandi_product_589458_251022083941_910935.jpeg","image_width":"480","image_height":"409","image_alt":"Angyalka Tiffany M\u00e9csestart\u00f3, Ez a sz\u00e9ps\u00e9ges tiffany m\u00e9csestart\u00f3 t\u00f6k\u00e9letes dekor\u00e1ci\u00f3 az \u00fcnnepre. \\n\\nA sz\u00ednes \u00fcvegen \u00e1tsz\u0171r\u0151d\u0151 f\u00e9nyj..., Meska","image_title":"Angyalka Tiffany M\u00e9csestart\u00f3, Meska","view_count":"1775","favourite_count":"0","trending_score":"0","last2MonthFavouriteCount":"0","promotion":"0","giftcard_accept":"0","creditcard_accept":false,"enhanced_background":"0","domain":"meska","specific_customer_id":null,"specific_customer_name":null,"to_order_product":"1","to_order_product_time":"5","product_different":null,"product_different_description":"","vintage":"0","vintage_category_id":"0","recycled":"0","gemstone_id":"0","customizable":"0","type_category":"physical","zerowaste":"0","postage_price":"2390.00","shop_order":"0","has_category":"1","landing_pages":null,"microdata":{"number":31,"category":""},"title":"Angyalka Tiffany M\u00e9csestart\u00f3","description":"Ez a sz\u00e9ps\u00e9ges tiffany m\u00e9csestart\u00f3 t\u00f6k\u00e9letes dekor\u00e1ci\u00f3 az \u00fcnnepre. \n\nA sz\u00ednes \u00fcvegen \u00e1tsz\u0171r\u0151d\u0151 f\u00e9nyj\u00e1t\u00e9k var\u00e1zslatos hangulatot teremt otthonodban.\nK\u00fcl\u00f6nleges aj\u00e1nd\u00e9k is lehet annak, akit szeretsz.\n\nMagass\u00e1ga: 11cm\nM\u00e1s sz\u00ednben is k\u00e9rhet\u0151. \n\n\n\n","score":0,"formatted_price":"12 500 Ft","image_url":"https:\/\/www.meska.hu\/img\/product\/small\/t\/i\/tiffanyandi_product_589458_251022083941_910935.jpeg","formatted_url":"https:\/\/www.meska.hu\/p5093714-angyalka-tiffany-mecsestarto","favourite":false,"in_stock":false,"avatar":"589458_avatar_1736321996.jpeg","delete_from":0,"is_enhanced_background":false,"is_enhanced":false,"product_selection_started":false,"is_active":true,"image_webp_url":"https:\/\/www.meska.hu\/img\/product\/small\/t\/i\/tiffanyandi_product_589458_251022083941_910935.webp"},{"id":"2755047","shop_id":"19710","user_id":"191983","shop_name":"pagi28","shop_zip":"5300","product_code":"4700842","product_name_old":null,"product_name":"Lila-feh\u00e9r textil szaloncukor","category_string":"Kar\u00e1csony, Kar\u00e1csonyi lak\u00e1sdekor\u00e1ci\u00f3, Kar\u00e1csonyfad\u00edszek","technic_string":"Varr\u00e1s","category_1":"319","category_2":"324","category_3":"323","category_4":"0","merged_category_1":null,"merged_category_2":null,"merged_category_3":null,"technic_1":"506","technic_2":"0","technic_3":"0","color_1":"512","color_2":"519","color_3":"522","product_description_old":null,"product_description":"Az eredetivel azonos m\u00e9ret\u0171 szaloncukor selyemb\u0151l \u00e9s organz\u00e1b\u00f3l k\u00e9sz\u00edtve.\nvatelinnel t\u00f6ltve.\naz \u00e1r a k\u00e9pen l\u00e1that\u00f3 5db-re vonatkozik.\nha t\u00f6bbet szeretn\u00e9l, vagy m\u00e1sik szaloncukorral szeretn\u00e9d kombin\u00e1lni, \u00edrj bels\u0151 \u00fczenetet.","price":"1500.00","unit":"db","recommended":"0","status":"1","sponsored":"0","exp_notify":"0","own_material":"0","own_material_description_old":null,"own_material_description":"","jury":"0","jury_number":"","product_nature":"","meskaracsony":"0","create_date":"2026-03-08 22:20:47","shelve_id":"57995","image":"pagi28_product_191983_201121211706_225331.jpeg","image_width":"480","image_height":"360","image_alt":"Lila-feh\u00e9r textil szaloncukor, Az eredetivel azonos m\u00e9ret\u0171 szaloncukor selyemb\u0151l \u00e9s organz\u00e1b\u00f3l k\u00e9sz\u00edtve.\\nvatelinnel t\u00f6ltve.\\naz \u00e1r a..., Meska","image_title":"Lila-feh\u00e9r textil szaloncukor, Meska","view_count":"1788","favourite_count":"0","trending_score":"0","last2MonthFavouriteCount":"0","promotion":"0","giftcard_accept":"0","creditcard_accept":true,"enhanced_background":"0","domain":"meska","specific_customer_id":null,"specific_customer_name":null,"to_order_product":"0","to_order_product_time":"0","product_different":null,"product_different_description":"","vintage":"0","vintage_category_id":"0","recycled":"0","gemstone_id":"0","customizable":"0","type_category":"physical","zerowaste":"0","postage_price":"1290.00","shop_order":"1","has_category":"1","landing_pages":null,"microdata":{"number":32,"category":""},"title":"Lila-feh\u00e9r textil szaloncukor","description":"Az eredetivel azonos m\u00e9ret\u0171 szaloncukor selyemb\u0151l \u00e9s organz\u00e1b\u00f3l k\u00e9sz\u00edtve.\nvatelinnel t\u00f6ltve.\naz \u00e1r a k\u00e9pen l\u00e1that\u00f3 5db-re vonatkozik.\nha t\u00f6bbet szeretn\u00e9l, vagy m\u00e1sik szaloncukorral szeretn\u00e9d kombin\u00e1lni, \u00edrj bels\u0151 \u00fczenetet.","score":0,"formatted_price":"1 500 Ft","image_url":"https:\/\/www.meska.hu\/img\/product\/small\/p\/a\/pagi28_product_191983_201121211706_225331.jpeg","formatted_url":"https:\/\/www.meska.hu\/p4700842-lila-feher-textil-szaloncukor","favourite":false,"in_stock":true,"avatar":null,"delete_from":0,"is_enhanced_background":false,"is_enhanced":false,"product_selection_started":false,"is_active":true,"image_webp_url":"https:\/\/www.meska.hu\/img\/product\/small\/p\/a\/pagi28_product_191983_201121211706_225331.webp"},{"id":"3146725","shop_id":"26614","user_id":"322886","shop_name":"holdfeny3","shop_zip":"9028","product_code":"4688758","product_name_old":null,"product_name":"Angyali \u0151rz\u0151 kulcstart\u00f3, t\u00e1skad\u00edsz, aut\u00f3s f\u00fcgg\u0151, aj\u00e1nd\u00e9k, n\u00e9vnap, sz\u00fclet\u00e9snap, Kar\u00e1csony, T\u00e9lap\u00f3, H\u00fasv\u00e9t, Any\u00e1k napja","category_string":"T\u00e1ska & Tok, Kulcstart\u00f3 & T\u00e1skad\u00edsz, Kulcstart\u00f3","technic_string":"\u00c9kszerk\u00e9sz\u00edt\u00e9s, Gy\u00f6ngyf\u0171z\u00e9s, gy\u00f6ngyh\u00edmz\u00e9s","category_1":"464","category_2":"390","category_3":"1037","category_4":"0","merged_category_1":null,"merged_category_2":null,"merged_category_3":null,"technic_1":"477","technic_2":"485","technic_3":"0","color_1":"517","color_2":"522","color_3":"0","product_description_old":null,"product_description":"Kedves, egyedi aj\u00e1nd\u00e9k szeretteinknek, Kar\u00e1csonyra, T\u00e9lap\u00f3ra, n\u00e9vnapra, sz\u00fclet\u00e9snapra, ballag\u00e1sra kulcstart\u00f3nak, t\u00e1skad\u00edsznek, aut\u00f3s amulettnek! :)\n\nHossza, karika n\u00e9lk\u00fcl 7 cm, v\u00e9g\u00e9n az angyalka, egy ametiszt hat\u00e1s\u00fa szintetikus gy\u00f6ngyb\u0151l  (12 mm) \u00e9s pr\u00e9selt goly\u00f3b\u00f3l (8 mm) k\u00e9sz\u00fclt, bronzos angyal sz\u00e1rnnyal. \nA karabiner 3 cm hossz\u00fa, \u00e9s egy 2,5 cm \u00e1tm\u00e9r\u0151j\u0171 kulcskarik\u00e1t is tettem r\u00e1.\nA bronzos charmok (angyalka, sz\u00edv, angyalsz\u00e1rny).\n\n","price":"1200.00","unit":"db","recommended":"0","status":"1","sponsored":"0","exp_notify":"0","own_material":"0","own_material_description_old":null,"own_material_description":"","jury":"0","jury_number":"","product_nature":"","meskaracsony":"0","create_date":"2026-04-12 10:30:05","shelve_id":"60438","image":"holdfeny3_product_322886_211108152259_036538.jpeg","image_width":"480","image_height":"441","image_alt":"Angyali \u0151rz\u0151 kulcstart\u00f3, t\u00e1skad\u00edsz, aut\u00f3s f\u00fcgg\u0151, aj\u00e1nd\u00e9k, n\u00e9vnap, sz\u00fclet\u00e9snap, Kar\u00e1csony, T\u00e9lap\u00f3, H\u00fasv\u00e9t, Any\u00e1k napja, Kedves, egyedi aj\u00e1nd\u00e9k szeretteinknek, Kar\u00e1csonyra, T\u00e9lap\u00f3ra, n\u00e9vnapra, sz\u00fclet\u00e9snapra, ballag\u00e1sra ku..., Meska","image_title":"Angyali \u0151rz\u0151 kulcstart\u00f3, t\u00e1skad\u00edsz, aut\u00f3s f\u00fcgg\u0151, aj\u00e1nd\u00e9k, n\u00e9vnap, sz\u00fclet\u00e9snap, Kar\u00e1csony, T\u00e9lap\u00f3, H\u00fasv\u00e9t, Any\u00e1k napja, Meska","view_count":"1716","favourite_count":"0","trending_score":"0","last2MonthFavouriteCount":"0","promotion":"0","giftcard_accept":"1","creditcard_accept":false,"enhanced_background":"0","domain":"meska","specific_customer_id":null,"specific_customer_name":null,"to_order_product":"0","to_order_product_time":"0","product_different":null,"product_different_description":"","vintage":"0","vintage_category_id":"0","recycled":"0","gemstone_id":"0","customizable":"0","type_category":"physical","zerowaste":"0","postage_price":"2390.00","shop_order":"1","has_category":"1","landing_pages":null,"microdata":{"number":33,"category":""},"title":"Angyali \u0151rz\u0151 kulcstart\u00f3, t\u00e1skad\u00edsz, aut\u00f3s f\u00fcgg\u0151, aj\u00e1nd\u00e9k, n\u00e9vnap, sz\u00fclet\u00e9snap, Kar\u00e1csony, T\u00e9lap\u00f3, H\u00fasv\u00e9t, Any\u00e1k napja","description":"Kedves, egyedi aj\u00e1nd\u00e9k szeretteinknek, Kar\u00e1csonyra, T\u00e9lap\u00f3ra, n\u00e9vnapra, sz\u00fclet\u00e9snapra, ballag\u00e1sra kulcstart\u00f3nak, t\u00e1skad\u00edsznek, aut\u00f3s amulettnek! :)\n\nHossza, karika n\u00e9lk\u00fcl 7 cm, v\u00e9g\u00e9n az angyalka, egy ametiszt hat\u00e1s\u00fa szintetikus gy\u00f6ngyb\u0151l  (12 mm) \u00e9s pr\u00e9selt goly\u00f3b\u00f3l (8 mm) k\u00e9sz\u00fclt, bronzos angyal sz\u00e1rnnyal. \nA karabiner 3 cm hossz\u00fa, \u00e9s egy 2,5 cm \u00e1tm\u00e9r\u0151j\u0171 kulcskarik\u00e1t is tettem r\u00e1.\nA bronzos charmok (angyalka, sz\u00edv, angyalsz\u00e1rny).\n\n","score":0,"formatted_price":"1 200 Ft","image_url":"https:\/\/www.meska.hu\/img\/product\/small\/h\/o\/holdfeny3_product_322886_211108152259_036538.jpeg","formatted_url":"https:\/\/www.meska.hu\/p4688758-angyali-orzo-kulcstarto-taskadisz-autos-fuggo-ajandek-nevnap-szuletesnap-karacsony-telapo-husvet-anyak-napja","favourite":false,"in_stock":true,"avatar":"322886_avatar_1697972367.jpeg","delete_from":0,"is_enhanced_background":false,"is_enhanced":false,"product_selection_started":false,"is_active":true,"image_webp_url":"https:\/\/www.meska.hu\/img\/product\/small\/h\/o\/holdfeny3_product_322886_211108152259_036538.webp"},{"id":"3418136","shop_id":"18878","user_id":"173903","shop_name":"paracordmania","shop_zip":"1183","product_code":"4030555","product_name_old":null,"product_name":"Pr\u00e9mium+ hegyikrist\u00e1ly-r\u00f3zsakvarc-kagyl\u00f3h\u00e9j \u00e1sv\u00e1ny kark\u00f6t\u0151 \/ \u00e1sv\u00e1nykark\u00f6t\u0151, gumis, gy\u00f6ngy, lila, feh\u00e9r, r\u00f3zsasz\u00edn","category_string":"\u00c9kszer, Kark\u00f6t\u0151, \u00c1sv\u00e1nykark\u00f6t\u0151","technic_string":"\u00c9kszerk\u00e9sz\u00edt\u00e9s, Gy\u00f6ngyf\u0171z\u00e9s, gy\u00f6ngyh\u00edmz\u00e9s","category_1":"327","category_2":"333","category_3":"1647","category_4":"0","merged_category_1":"0","merged_category_2":"0","merged_category_3":"0","technic_1":"477","technic_2":"485","technic_3":"0","color_1":"522","color_2":"525","color_3":"0","product_description_old":null,"product_description":"Aj\u00e1nd\u00e9knak sz\u00e1nod ezt a term\u00e9ket? Szeretn\u00e9l hozz\u00e1 egyedi d\u00edszcsomagol\u00e1st? Akkor eg\u00e9sz\u00edtsd ki a v\u00e1s\u00e1rl\u00e1sod grav\u00edrozott k\u00eds\u00e9r\u0151 k\u00e1rty\u00e1val \u00e9s ez\u00fcst sz\u00edn\u0171 szat\u00e9n aj\u00e1nd\u00e9ktasakkal (utols\u00f3 k\u00e9p). A d\u00edszcsomagol\u00e1st a \u201eKieg\u00e9sz\u00edt\u0151\u201d leg\u00f6rd\u00fcl\u0151 men\u00fcben adhatod a kosaradhoz. A k\u00e1rtya 34x51 mm-es egy oldal\u00e1n grav\u00edrozott ny\u00e1rfa r\u00e9tegelt lemez, a tetej\u00e9n lyukkal, amivel a szat\u00e9n tasakra (a m\u00e9rete 100x150 mm) r\u00f6gz\u00edtheted. A grav\u00edrozand\u00f3 sz\u00f6veget a Kos\u00e1rban, az \u00dczenet r\u00e9szben adhatod meg.\n--- --- --- --- --- ---\n\nN\u0151i Pr\u00e9mium+ min\u0151s\u00e9g\u0171 \u00e1sv\u00e1nykark\u00f6t\u0151.\n8 mm-es hegyikrist\u00e1ly, r\u00f3zsakvarc \u00e9s kagyl\u00f3h\u00e9j \u00e1sv\u00e1nyok gumisz\u00e1lon. \n\nA kark\u00f6t\u0151 Pr\u00e9mium+ min\u0151s\u00e9g\u0171 \u00e1sv\u00e1nya:\n- Extra \u201eA\u201d kateg\u00f3ri\u00e1s hegyikrist\u00e1ly\n\n\/\/\/\/\/\/ Hogyan rendelj? \/\/\/\/\/\/\n\nA kark\u00f6t\u0151 fix m\u00e9retre k\u00e9sz\u00fcl, ez\u00e9rt az elk\u00e9sz\u00edt\u00e9s\u00e9hez sz\u00fcks\u00e9gem lesz a pontos csukl\u00f3m\u00e9retre. Ha aj\u00e1nd\u00e9kba venn\u00e9d, vagy nem tudsz m\u00e9retet adni, akkor fontold meg az \u00e1ll\u00edthat\u00f3 m\u00e9ret\u0171 \u00e1sv\u00e1ny kark\u00f6t\u0151ket (az unisex Minerva Maxi illetve a n\u0151i Minerva \u00e9s Minerva Angyal modellek) \u00e9s n\u00e9zz k\u00f6r\u00fcl az al\u00e1bbi linken:\n\nhttps:\/\/www.meska.hu\/Shop\/index\/18878?search_string=M%C3%81%C3%81K\n\nHa enn\u00e9l a kark\u00f6t\u0151n\u00e9l maradsz, akkor az al\u00e1bbi m\u00f3don add meg nekem a m\u00e9retet:\n1. V\u00e9gy egy madzagot vagy szalagot (ak\u00e1r v\u00e1ghatsz is egyet pap\u00edrb\u00f3l).\n2. Tekerd a csukl\u00f3d k\u00f6r\u00e9, ahol a kark\u00f6t\u0151t hordod.\n3. M\u00e9rd le a pontos! csukl\u00f3m\u00e9reted, de ne fesz\u00edtsd r\u00e1.\n4. Egy vonalz\u00f3 seg\u00edts\u00e9g\u00e9vel m\u00e9rd le a kapott m\u00e9retet \u00e9s ezt \u00edrd meg nekem az \u00dczenet mez\u0151ben.\n\nFONTOS! Az nem megfelel\u0151, ha egy megl\u00e9v\u0151 \u00f3r\u00e1nak vagy kark\u00f6t\u0151nek a hossz\u00e1t m\u00e9red le, mivel az \u00edgy kapott m\u00e9ret (anyag, vastags\u00e1g, csat stb. miatt) nem egyezik meg a csukl\u00f3 m\u00e9rettel.\n\nHa megvan a m\u00e9ret, akkor a rendel\u00e9sn\u00e9l k\u00e9rlek \u00edrd majd bele az \u00dczenet rovatba. A kark\u00f6t\u0151d erre a m\u00e9retre fog k\u00e9sz\u00fclni. A leg\u00f6rd\u00fcl\u0151 men\u00fcben pedig v\u00e1laszd ki a m\u00e9rets\u00e1vot, ami lehet Norm\u00e1l (0-19 cm) vagy Nagy m\u00e9ret (20-24 cm).\n\nA j\u00f3 m\u00e9ret megad\u00e1sa a Te felel\u0151ss\u00e9ged, ut\u00f3lag nem tudom m\u00f3dos\u00edtani. Azonban a csomag tartalmaz Extr\u00e1kat is. Tal\u00e1lsz benne egy p\u00f3tgumit \u00e9s 1-2 szem \u00e1sv\u00e1nyt, amivel minim\u00e1lisan korrig\u00e1lhatod a m\u00e9retet. \n\nAz ism\u00e9tl\u0151d\u0151 mint\u00e1kn\u00e1l lehets\u00e9ges apr\u00f3 elt\u00e9r\u00e9s a k\u00e9phez k\u00e9pest, az egy\u00e9ni m\u00e9retek miatt.","price":"10990.00","unit":"db","recommended":"0","status":"1","sponsored":"0","exp_notify":"0","own_material":"0","own_material_description_old":null,"own_material_description":"","jury":"0","jury_number":"","product_nature":"","meskaracsony":"0","create_date":"2026-01-14 20:14:58","shelve_id":"53139","image":"paracordmania_product_173903_210209125917_853431.jpeg","image_width":"480","image_height":"480","image_alt":"Pr\u00e9mium+ hegyikrist\u00e1ly-r\u00f3zsakvarc-kagyl\u00f3h\u00e9j \u00e1sv\u00e1ny kark\u00f6t\u0151 \/ \u00e1sv\u00e1nykark\u00f6t\u0151, gumis, gy\u00f6ngy, lila, feh\u00e9r, r\u00f3zsasz\u00edn, Aj\u00e1nd\u00e9knak sz\u00e1nod ezt a term\u00e9ket? Szeretn\u00e9l hozz\u00e1 egyedi d\u00edszcsomagol\u00e1st? Akkor eg\u00e9sz\u00edtsd ki a v\u00e1s\u00e1r..., Meska","image_title":"Pr\u00e9mium+ hegyikrist\u00e1ly-r\u00f3zsakvarc-kagyl\u00f3h\u00e9j \u00e1sv\u00e1ny kark\u00f6t\u0151 \/ \u00e1sv\u00e1nykark\u00f6t\u0151, gumis, gy\u00f6ngy, lila, feh\u00e9r, r\u00f3zsasz\u00edn, Meska","view_count":"1702","favourite_count":"0","trending_score":"0","last2MonthFavouriteCount":"0","promotion":0,"giftcard_accept":"1","creditcard_accept":true,"enhanced_background":"0","domain":"meska","specific_customer_id":null,"specific_customer_name":null,"to_order_product":"1","to_order_product_time":"2","product_different":"quite_different","product_different_description":"Minden \u00e1sv\u00e1nygoly\u00f3 egyedi, ez\u00e9rt minden kark\u00f6t\u0151 kicsit m\u00e1s lesz mint a mintafot\u00f3.","vintage":"0","vintage_category_id":"0","recycled":"0","gemstone_id":"833","customizable":"1","type_category":"physical","zerowaste":"0","postage_price":"3455.00","shop_order":"0","has_category":"1","landing_pages":null,"microdata":{"number":34,"category":""},"title":"Pr\u00e9mium+ hegyikrist\u00e1ly-r\u00f3zsakvarc-kagyl\u00f3h\u00e9j \u00e1sv\u00e1ny kark\u00f6t\u0151 \/ \u00e1sv\u00e1nykark\u00f6t\u0151, gumis, gy\u00f6ngy, lila, feh\u00e9r, r\u00f3zsasz\u00edn","description":"Aj\u00e1nd\u00e9knak sz\u00e1nod ezt a term\u00e9ket? Szeretn\u00e9l hozz\u00e1 egyedi d\u00edszcsomagol\u00e1st? Akkor eg\u00e9sz\u00edtsd ki a v\u00e1s\u00e1rl\u00e1sod grav\u00edrozott k\u00eds\u00e9r\u0151 k\u00e1rty\u00e1val \u00e9s ez\u00fcst sz\u00edn\u0171 szat\u00e9n aj\u00e1nd\u00e9ktasakkal (utols\u00f3 k\u00e9p). A d\u00edszcsomagol\u00e1st a \u201eKieg\u00e9sz\u00edt\u0151\u201d leg\u00f6rd\u00fcl\u0151 men\u00fcben adhatod a kosaradhoz. A k\u00e1rtya 34x51 mm-es egy oldal\u00e1n grav\u00edrozott ny\u00e1rfa r\u00e9tegelt lemez, a tetej\u00e9n lyukkal, amivel a szat\u00e9n tasakra (a m\u00e9rete 100x150 mm) r\u00f6gz\u00edtheted. A grav\u00edrozand\u00f3 sz\u00f6veget a Kos\u00e1rban, az \u00dczenet r\u00e9szben adhatod meg.\n--- --- --- --- --- ---\n\nN\u0151i Pr\u00e9mium+ min\u0151s\u00e9g\u0171 \u00e1sv\u00e1nykark\u00f6t\u0151.\n8 mm-es hegyikrist\u00e1ly, r\u00f3zsakvarc \u00e9s kagyl\u00f3h\u00e9j \u00e1sv\u00e1nyok gumisz\u00e1lon. \n\nA kark\u00f6t\u0151 Pr\u00e9mium+ min\u0151s\u00e9g\u0171 \u00e1sv\u00e1nya:\n- Extra \u201eA\u201d kateg\u00f3ri\u00e1s hegyikrist\u00e1ly\n\n\/\/\/\/\/\/ Hogyan rendelj? \/\/\/\/\/\/\n\nA kark\u00f6t\u0151 fix m\u00e9retre k\u00e9sz\u00fcl, ez\u00e9rt az elk\u00e9sz\u00edt\u00e9s\u00e9hez sz\u00fcks\u00e9gem lesz a pontos csukl\u00f3m\u00e9retre. Ha aj\u00e1nd\u00e9kba venn\u00e9d, vagy nem tudsz m\u00e9retet adni, akkor fontold meg az \u00e1ll\u00edthat\u00f3 m\u00e9ret\u0171 \u00e1sv\u00e1ny kark\u00f6t\u0151ket (az unisex Minerva Maxi illetve a n\u0151i Minerva \u00e9s Minerva Angyal modellek) \u00e9s n\u00e9zz k\u00f6r\u00fcl az al\u00e1bbi linken:\n\nhttps:\/\/www.meska.hu\/Shop\/index\/18878?search_string=M%C3%81%C3%81K\n\nHa enn\u00e9l a kark\u00f6t\u0151n\u00e9l maradsz, akkor az al\u00e1bbi m\u00f3don add meg nekem a m\u00e9retet:\n1. V\u00e9gy egy madzagot vagy szalagot (ak\u00e1r v\u00e1ghatsz is egyet pap\u00edrb\u00f3l).\n2. Tekerd a csukl\u00f3d k\u00f6r\u00e9, ahol a kark\u00f6t\u0151t hordod.\n3. M\u00e9rd le a pontos! csukl\u00f3m\u00e9reted, de ne fesz\u00edtsd r\u00e1.\n4. Egy vonalz\u00f3 seg\u00edts\u00e9g\u00e9vel m\u00e9rd le a kapott m\u00e9retet \u00e9s ezt \u00edrd meg nekem az \u00dczenet mez\u0151ben.\n\nFONTOS! Az nem megfelel\u0151, ha egy megl\u00e9v\u0151 \u00f3r\u00e1nak vagy kark\u00f6t\u0151nek a hossz\u00e1t m\u00e9red le, mivel az \u00edgy kapott m\u00e9ret (anyag, vastags\u00e1g, csat stb. miatt) nem egyezik meg a csukl\u00f3 m\u00e9rettel.\n\nHa megvan a m\u00e9ret, akkor a rendel\u00e9sn\u00e9l k\u00e9rlek \u00edrd majd bele az \u00dczenet rovatba. A kark\u00f6t\u0151d erre a m\u00e9retre fog k\u00e9sz\u00fclni. A leg\u00f6rd\u00fcl\u0151 men\u00fcben pedig v\u00e1laszd ki a m\u00e9rets\u00e1vot, ami lehet Norm\u00e1l (0-19 cm) vagy Nagy m\u00e9ret (20-24 cm).\n\nA j\u00f3 m\u00e9ret megad\u00e1sa a Te felel\u0151ss\u00e9ged, ut\u00f3lag nem tudom m\u00f3dos\u00edtani. Azonban a csomag tartalmaz Extr\u00e1kat is. Tal\u00e1lsz benne egy p\u00f3tgumit \u00e9s 1-2 szem \u00e1sv\u00e1nyt, amivel minim\u00e1lisan korrig\u00e1lhatod a m\u00e9retet. \n\nAz ism\u00e9tl\u0151d\u0151 mint\u00e1kn\u00e1l lehets\u00e9ges apr\u00f3 elt\u00e9r\u00e9s a k\u00e9phez k\u00e9pest, az egy\u00e9ni m\u00e9retek miatt.","score":0,"formatted_price":"10 990 Ft","image_url":"https:\/\/www.meska.hu\/img\/product\/small\/p\/a\/paracordmania_product_173903_210209125917_853431.jpeg","formatted_url":"https:\/\/www.meska.hu\/p4030555-noi-premium-hegyikristaly-rozsakvarc-kagylohej-asvany-karkoto-asvanykarkoto-gumis-gyongy-lila-feher-rozsaszin","favourite":false,"in_stock":false,"avatar":"paracordmania_avatar_173903_1581629068.jpg","delete_from":0,"is_enhanced_background":false,"is_enhanced":false,"product_selection_started":false,"is_active":true,"image_webp_url":"https:\/\/www.meska.hu\/img\/product\/small\/p\/a\/paracordmania_product_173903_210209125917_853431.webp"},{"id":"5040536","shop_id":"28834","user_id":"236328","shop_name":"BlueberryBeads","shop_zip":"6000","product_code":"5109504","product_name_old":null,"product_name":"\u00c9letfa napfog\u00f3- ametiszt \u00e9s hegyikrist\u00e1ly \u00e1sv\u00e1nyokkal","category_string":"Otthon & \u00c9letm\u00f3d, Dekor\u00e1ci\u00f3, Spiritualit\u00e1s, \u00c1sv\u00e1nyok","technic_string":"Gy\u00f6ngyf\u0171z\u00e9s, gy\u00f6ngyh\u00edmz\u00e9s","category_1":"813","category_2":"314","category_3":"1478","category_4":"1344","merged_category_1":"0","merged_category_2":"0","merged_category_3":"785","technic_1":"485","technic_2":"0","technic_3":"0","color_1":"513","color_2":"518","color_3":"522","product_description_old":null,"product_description":"Az \u00e1sv\u00e1nyokkal d\u00edsz\u00edtett napfog\u00f3 nemcsak k\u00fcl\u00f6nleges hangulatot k\u00f6lcs\u00f6n\u00f6z az otthonodnak, hanem pozit\u00edv hat\u00e1ssal is van k\u00f6rnyezetre. Az ablakba vagy a kertbe akasztva j\u00e1t\u00e9kos csillog\u00e1ss\u00e1 v\u00e1ltoztatja a nap sugarait.\n\nA prizm\u00e1s napfog\u00f3 optikai krist\u00e1ly\u00fcvegb\u0151l k\u00e9sz\u00fclt, \u00edgy a csiszolt v\u00e1g\u00e1sok megt\u00f6rik a f\u00e9nyt \u00e9s a sziv\u00e1rv\u00e1ny sz\u00edneit vet\u00edtik a fel\u00fcletekre. \n\nAz Ametiszt \u00e1sv\u00e1ny az egyik leger\u0151sebb \u00e9s leghat\u00e9konyabb \u00e1sv\u00e1nyunk, a 12 mesterkrist\u00e1ly egyike, a korona csakra k\u00f6ve. Hat\u00e9konyan oldja a stresszt, nyugtat\u00f3 \u00e9s kiegyens\u00falyoz\u00f3 k\u0151, pozit\u00edv hat\u00e1ssal van a k\u00f6rnyezet\u00fcnkre.\n\nA hegyikrist\u00e1ly  fel\u00e9p\u00edt\u00e9s\u00e9nek \u00e9s \u00e1sv\u00e1nyi \u00f6sszet\u00e9tel\u00e9nek k\u00f6sz\u00f6nhet\u0151en k\u00e9pes fokozni a koncentr\u00e1lt pozit\u00edv energi\u00e1kat, er\u0151s\u00edt\u0151 \u00e9s harmoniz\u00e1l\u00f3 er\u0151vel rendelkezik, ez\u00e9rt ez a vil\u00e1g egyik legfontosabb \u00e1sv\u00e1nya \u00e9s gy\u00f3gy\u00edt\u00f3 k\u00f6ve. \n\nA napfog\u00f3 25 cm hossz\u00fa.\nAz ametiszt gy\u00f6ngy\u00f6k 8mm, a hegyikrist\u00e1ly t\u00e1rcs\u00e1k kb. 3x8 mm, a Feng Shui krist\u00e1lyg\u00f6mb \n24,5x21,5mm nagys\u00e1g\u00faak. Az \u00e9letfa f\u00e9m k\u00f6ztes \u00e1tm\u00e9r\u0151je 15 mm. \n\nK\u00e9r\u00e9sre m\u00e1s \u00e1sv\u00e1nyokkal \u00e9s\/vagy k\u00f6ztessel is sz\u00edvesen elk\u00e9sz\u00edtem.\n\nTerm\u00e9szetes, magas min\u0151s\u00e9g\u0171 \u00e1sv\u00e1nyokb\u00f3l, csiszolt krist\u00e1lyg\u00f6mbbel, ez\u00fcst\u00f6z\u00f6tt r\u00e9z dr\u00f3ttal, f\u00e9m k\u00f6ztessel \u00e9s szerel\u00e9kkel k\u00e9sz\u00edtettem.\n\n","price":"3800.00","unit":"db","recommended":"0","status":"1","sponsored":"0","exp_notify":"0","own_material":"0","own_material_description_old":null,"own_material_description":"","jury":"0","jury_number":"","product_nature":"","meskaracsony":"0","create_date":"2026-01-23 19:12:40","shelve_id":"74088","image":"blueberrybeads_product_236328_231023232205_885362.jpeg","image_width":"480","image_height":"640","image_alt":"\u00c9letfa napfog\u00f3- ametiszt \u00e9s hegyikrist\u00e1ly \u00e1sv\u00e1nyokkal, Az \u00e1sv\u00e1nyokkal d\u00edsz\u00edtett napfog\u00f3 nemcsak k\u00fcl\u00f6nleges hangulatot k\u00f6lcs\u00f6n\u00f6z az otthonodnak, hanem pozit..., Meska","image_title":"\u00c9letfa napfog\u00f3- ametiszt \u00e9s hegyikrist\u00e1ly \u00e1sv\u00e1nyokkal, Meska","view_count":"1721","favourite_count":"0","trending_score":"0","last2MonthFavouriteCount":"0","promotion":"0","giftcard_accept":"0","creditcard_accept":true,"enhanced_background":"0","domain":"meska","specific_customer_id":null,"specific_customer_name":null,"to_order_product":"1","to_order_product_time":"5","product_different":null,"product_different_description":"","vintage":"0","vintage_category_id":"0","recycled":"0","gemstone_id":"0","customizable":"0","type_category":"physical","zerowaste":"0","postage_price":"1290.00","shop_order":"50","has_category":"1","landing_pages":null,"microdata":{"number":35,"category":""},"title":"\u00c9letfa napfog\u00f3- ametiszt \u00e9s hegyikrist\u00e1ly \u00e1sv\u00e1nyokkal","description":"Az \u00e1sv\u00e1nyokkal d\u00edsz\u00edtett napfog\u00f3 nemcsak k\u00fcl\u00f6nleges hangulatot k\u00f6lcs\u00f6n\u00f6z az otthonodnak, hanem pozit\u00edv hat\u00e1ssal is van k\u00f6rnyezetre. Az ablakba vagy a kertbe akasztva j\u00e1t\u00e9kos csillog\u00e1ss\u00e1 v\u00e1ltoztatja a nap sugarait.\n\nA prizm\u00e1s napfog\u00f3 optikai krist\u00e1ly\u00fcvegb\u0151l k\u00e9sz\u00fclt, \u00edgy a csiszolt v\u00e1g\u00e1sok megt\u00f6rik a f\u00e9nyt \u00e9s a sziv\u00e1rv\u00e1ny sz\u00edneit vet\u00edtik a fel\u00fcletekre. \n\nAz Ametiszt \u00e1sv\u00e1ny az egyik leger\u0151sebb \u00e9s leghat\u00e9konyabb \u00e1sv\u00e1nyunk, a 12 mesterkrist\u00e1ly egyike, a korona csakra k\u00f6ve. Hat\u00e9konyan oldja a stresszt, nyugtat\u00f3 \u00e9s kiegyens\u00falyoz\u00f3 k\u0151, pozit\u00edv hat\u00e1ssal van a k\u00f6rnyezet\u00fcnkre.\n\nA hegyikrist\u00e1ly  fel\u00e9p\u00edt\u00e9s\u00e9nek \u00e9s \u00e1sv\u00e1nyi \u00f6sszet\u00e9tel\u00e9nek k\u00f6sz\u00f6nhet\u0151en k\u00e9pes fokozni a koncentr\u00e1lt pozit\u00edv energi\u00e1kat, er\u0151s\u00edt\u0151 \u00e9s harmoniz\u00e1l\u00f3 er\u0151vel rendelkezik, ez\u00e9rt ez a vil\u00e1g egyik legfontosabb \u00e1sv\u00e1nya \u00e9s gy\u00f3gy\u00edt\u00f3 k\u00f6ve. \n\nA napfog\u00f3 25 cm hossz\u00fa.\nAz ametiszt gy\u00f6ngy\u00f6k 8mm, a hegyikrist\u00e1ly t\u00e1rcs\u00e1k kb. 3x8 mm, a Feng Shui krist\u00e1lyg\u00f6mb \n24,5x21,5mm nagys\u00e1g\u00faak. Az \u00e9letfa f\u00e9m k\u00f6ztes \u00e1tm\u00e9r\u0151je 15 mm. \n\nK\u00e9r\u00e9sre m\u00e1s \u00e1sv\u00e1nyokkal \u00e9s\/vagy k\u00f6ztessel is sz\u00edvesen elk\u00e9sz\u00edtem.\n\nTerm\u00e9szetes, magas min\u0151s\u00e9g\u0171 \u00e1sv\u00e1nyokb\u00f3l, csiszolt krist\u00e1lyg\u00f6mbbel, ez\u00fcst\u00f6z\u00f6tt r\u00e9z dr\u00f3ttal, f\u00e9m k\u00f6ztessel \u00e9s szerel\u00e9kkel k\u00e9sz\u00edtettem.\n\n","score":0,"formatted_price":"3 800 Ft","image_url":"https:\/\/www.meska.hu\/img\/product\/small\/b\/l\/blueberrybeads_product_236328_231023232205_885362.jpeg","formatted_url":"https:\/\/www.meska.hu\/p5109504-eletfa-napfogo-ametiszt-es-hegyikristaly-asvanyokkal","favourite":false,"in_stock":false,"avatar":"BlueberryBeads_avatar_236328_1579028129.jpg","delete_from":0,"is_enhanced_background":false,"is_enhanced":false,"product_selection_started":false,"is_active":true,"image_webp_url":"https:\/\/www.meska.hu\/img\/product\/small\/b\/l\/blueberrybeads_product_236328_231023232205_885362.webp"},{"id":"3408751","shop_id":"18878","user_id":"173903","shop_name":"paracordmania","shop_zip":"1183","product_code":"3773017","product_name_old":null,"product_name":"Minerva Angyal kark\u00f6t\u0151 v\u00e1laszthat\u00f3 \u00e1sv\u00e1nnyal: korall, jade, \u00f3nix, r\u00f3zsakvarc, ametiszt, l\u00e1pisz lazuli, t\u00fcrkenit, kagyl\u00f3","category_string":"\u00c9kszer, Kark\u00f6t\u0151, Kark\u00f6t\u0151 med\u00e1llal","technic_string":"\u00c9kszerk\u00e9sz\u00edt\u00e9s, Gy\u00f6ngyf\u0171z\u00e9s, gy\u00f6ngyh\u00edmz\u00e9s","category_1":"327","category_2":"333","category_3":"1240","category_4":"0","merged_category_1":"0","merged_category_2":"0","merged_category_3":"0","technic_1":"477","technic_2":"485","technic_3":"0","color_1":"520","color_2":"522","color_3":"0","product_description_old":null,"product_description":"Aj\u00e1nd\u00e9knak sz\u00e1nod ezt a term\u00e9ket? Szeretn\u00e9l hozz\u00e1 egyedi d\u00edszcsomagol\u00e1st? Akkor eg\u00e9sz\u00edtsd ki a v\u00e1s\u00e1rl\u00e1sod grav\u00edrozott k\u00eds\u00e9r\u0151 k\u00e1rty\u00e1val \u00e9s ez\u00fcst sz\u00edn\u0171 szat\u00e9n aj\u00e1nd\u00e9ktasakkal (utols\u00f3 k\u00e9p). A d\u00edszcsomagol\u00e1st a \u201eKieg\u00e9sz\u00edt\u0151\u201d leg\u00f6rd\u00fcl\u0151 men\u00fcben adhatod a kosaradhoz. A k\u00e1rtya 34x51 mm-es egy oldal\u00e1n grav\u00edrozott ny\u00e1rfa r\u00e9tegelt lemez, a tetej\u00e9n lyukkal, amivel a szat\u00e9n tasakra (a m\u00e9rete 100x150 mm) r\u00f6gz\u00edtheted. A grav\u00edrozand\u00f3 sz\u00f6veget a Kos\u00e1rban, az \u00dczenet r\u00e9szben adhatod meg.\n--- --- --- --- --- ---\n\nEgyedi tervez\u00e9s\u0171 kark\u00f6t\u0151, melynek d\u00edsze egy stiliz\u00e1lt angyalka. K\u00e9t \u00e1ltalad v\u00e1lasztott \u00e1sv\u00e1nnyal \u00e9s angyalsz\u00e1rnnyal. A v\u00e1laszthat\u00f3 \u00e1sv\u00e1nyok az al\u00e1bbiak (a 2. k\u00e9pen l\u00e1thatod):\n\n- Korall\n- Jade\n- \u00d3nix\n- R\u00f3zsakvarc\n- Ametiszt\n- L\u00e1pisz lazuli\n- T\u00fcrkenit\n- Kagyl\u00f3h\u00e9j\n\nMinerva Angyal kark\u00f6t\u0151:\n- \u00c1ll\u00edthat\u00f3 m\u00e9ret\u0171, ez\u00e9rt nem kell a m\u00e9retv\u00e9tellel bajl\u00f3dnod. \n- Aj\u00e1nd\u00e9knak is kiv\u00e1l\u00f3, hiszen nem baj ha nem tudod a pontos csukl\u00f3m\u00e9retet. \n- Er\u0151s, strapab\u00edr\u00f3 microcord k\u00f6t\u00f6z\u00e9ssel (nem gumis megold\u00e1s, ami hamar el\u00f6regszik \u00e9s elszakad).\n\nLe\u00edr\u00e1sa:\n8 mm-es \u00e1sv\u00e1ny kark\u00f6t\u0151. \nF\u00e9m\u00f6tv\u00f6zet angyalsz\u00e1rny. \nA kark\u00f6t\u0151 m\u00e9rete: 14-20 cm vastags\u00e1g\u00fa csukl\u00f3ra ide\u00e1lis. A k\u00e9t cs\u00fasz\u00f3csom\u00f3val k\u00f6nnyed\u00e9n \u00e1ll\u00edthat\u00f3. \n\nAz elk\u00e9sz\u00fclt kark\u00f6t\u0151 kin\u00e9zete elt\u00e9rhet a fot\u00f3t\u00f3l, mivel nincs k\u00e9t egyforma \u00e1sv\u00e1ny.\n\nHa megn\u00e9zn\u00e9d az \u00f6sszes Minerva t\u00edpust, ahol tal\u00e1lsz angyalk\u00e1s verzi\u00f3t (Minerva Angyal), n\u0151i v\u00e9kony (Minerva) \u00e9s unisex (Minerva Maxi) verzi\u00f3t, akkor n\u00e9zd meg ezt a linket:\nhttps:\/\/www.meska.hu\/Shop\/index\/18878?search_string=M%C3%81%C3%81K\n\nAz \u00e1r egy darab kark\u00f6t\u0151re vonatkozik.\n\nM\u00c1\u00c1K","price":"3790.00","unit":"db","recommended":"0","status":"1","sponsored":"0","exp_notify":"0","own_material":"0","own_material_description_old":null,"own_material_description":"","jury":"0","jury_number":"","product_nature":"","meskaracsony":"0","create_date":"2026-01-16 16:26:52","shelve_id":"62420","image":"paracordmania_product_173903_200701162532_101631.jpeg","image_width":"480","image_height":"480","image_alt":"Minerva Angyal kark\u00f6t\u0151 v\u00e1laszthat\u00f3 \u00e1sv\u00e1nnyal: korall, jade, \u00f3nix, r\u00f3zsakvarc, ametiszt, l\u00e1pisz lazuli, t\u00fcrkenit, kagyl\u00f3, Aj\u00e1nd\u00e9knak sz\u00e1nod ezt a term\u00e9ket? Szeretn\u00e9l hozz\u00e1 egyedi d\u00edszcsomagol\u00e1st? Akkor eg\u00e9sz\u00edtsd ki a v\u00e1s\u00e1r..., Meska","image_title":"Minerva Angyal kark\u00f6t\u0151 v\u00e1laszthat\u00f3 \u00e1sv\u00e1nnyal: korall, jade, \u00f3nix, r\u00f3zsakvarc, ametiszt, l\u00e1pisz lazuli, t\u00fcrkenit, kagyl\u00f3, Meska","view_count":"1636","favourite_count":"0","trending_score":"0","last2MonthFavouriteCount":"0","promotion":0,"giftcard_accept":"1","creditcard_accept":true,"enhanced_background":"0","domain":"meska","specific_customer_id":null,"specific_customer_name":null,"to_order_product":"1","to_order_product_time":"2","product_different":"quite_different","product_different_description":"Minden \u00e1sv\u00e1nygoly\u00f3 egyedi, ez\u00e9rt minden kark\u00f6t\u0151 kicsit m\u00e1s lesz mint a mintafot\u00f3.","vintage":"0","vintage_category_id":"0","recycled":"0","gemstone_id":"0","customizable":"1","type_category":"physical","zerowaste":"0","postage_price":"3455.00","shop_order":"0","has_category":"1","landing_pages":null,"microdata":{"number":36,"category":""},"title":"Minerva Angyal kark\u00f6t\u0151 v\u00e1laszthat\u00f3 \u00e1sv\u00e1nnyal: korall, jade, \u00f3nix, r\u00f3zsakvarc, ametiszt, l\u00e1pisz lazuli, t\u00fcrkenit, kagyl\u00f3","description":"Aj\u00e1nd\u00e9knak sz\u00e1nod ezt a term\u00e9ket? Szeretn\u00e9l hozz\u00e1 egyedi d\u00edszcsomagol\u00e1st? Akkor eg\u00e9sz\u00edtsd ki a v\u00e1s\u00e1rl\u00e1sod grav\u00edrozott k\u00eds\u00e9r\u0151 k\u00e1rty\u00e1val \u00e9s ez\u00fcst sz\u00edn\u0171 szat\u00e9n aj\u00e1nd\u00e9ktasakkal (utols\u00f3 k\u00e9p). A d\u00edszcsomagol\u00e1st a \u201eKieg\u00e9sz\u00edt\u0151\u201d leg\u00f6rd\u00fcl\u0151 men\u00fcben adhatod a kosaradhoz. A k\u00e1rtya 34x51 mm-es egy oldal\u00e1n grav\u00edrozott ny\u00e1rfa r\u00e9tegelt lemez, a tetej\u00e9n lyukkal, amivel a szat\u00e9n tasakra (a m\u00e9rete 100x150 mm) r\u00f6gz\u00edtheted. A grav\u00edrozand\u00f3 sz\u00f6veget a Kos\u00e1rban, az \u00dczenet r\u00e9szben adhatod meg.\n--- --- --- --- --- ---\n\nEgyedi tervez\u00e9s\u0171 kark\u00f6t\u0151, melynek d\u00edsze egy stiliz\u00e1lt angyalka. K\u00e9t \u00e1ltalad v\u00e1lasztott \u00e1sv\u00e1nnyal \u00e9s angyalsz\u00e1rnnyal. A v\u00e1laszthat\u00f3 \u00e1sv\u00e1nyok az al\u00e1bbiak (a 2. k\u00e9pen l\u00e1thatod):\n\n- Korall\n- Jade\n- \u00d3nix\n- R\u00f3zsakvarc\n- Ametiszt\n- L\u00e1pisz lazuli\n- T\u00fcrkenit\n- Kagyl\u00f3h\u00e9j\n\nMinerva Angyal kark\u00f6t\u0151:\n- \u00c1ll\u00edthat\u00f3 m\u00e9ret\u0171, ez\u00e9rt nem kell a m\u00e9retv\u00e9tellel bajl\u00f3dnod. \n- Aj\u00e1nd\u00e9knak is kiv\u00e1l\u00f3, hiszen nem baj ha nem tudod a pontos csukl\u00f3m\u00e9retet. \n- Er\u0151s, strapab\u00edr\u00f3 microcord k\u00f6t\u00f6z\u00e9ssel (nem gumis megold\u00e1s, ami hamar el\u00f6regszik \u00e9s elszakad).\n\nLe\u00edr\u00e1sa:\n8 mm-es \u00e1sv\u00e1ny kark\u00f6t\u0151. \nF\u00e9m\u00f6tv\u00f6zet angyalsz\u00e1rny. \nA kark\u00f6t\u0151 m\u00e9rete: 14-20 cm vastags\u00e1g\u00fa csukl\u00f3ra ide\u00e1lis. A k\u00e9t cs\u00fasz\u00f3csom\u00f3val k\u00f6nnyed\u00e9n \u00e1ll\u00edthat\u00f3. \n\nAz elk\u00e9sz\u00fclt kark\u00f6t\u0151 kin\u00e9zete elt\u00e9rhet a fot\u00f3t\u00f3l, mivel nincs k\u00e9t egyforma \u00e1sv\u00e1ny.\n\nHa megn\u00e9zn\u00e9d az \u00f6sszes Minerva t\u00edpust, ahol tal\u00e1lsz angyalk\u00e1s verzi\u00f3t (Minerva Angyal), n\u0151i v\u00e9kony (Minerva) \u00e9s unisex (Minerva Maxi) verzi\u00f3t, akkor n\u00e9zd meg ezt a linket:\nhttps:\/\/www.meska.hu\/Shop\/index\/18878?search_string=M%C3%81%C3%81K\n\nAz \u00e1r egy darab kark\u00f6t\u0151re vonatkozik.\n\nM\u00c1\u00c1K","score":0,"formatted_price":"3 790 Ft","image_url":"https:\/\/www.meska.hu\/img\/product\/small\/p\/a\/paracordmania_product_173903_200701162532_101631.jpeg","formatted_url":"https:\/\/www.meska.hu\/p3773017-minerva-angyal-ametiszt-allithato-asvany-karkoto","favourite":false,"in_stock":false,"avatar":"paracordmania_avatar_173903_1581629068.jpg","delete_from":0,"is_enhanced_background":false,"is_enhanced":false,"product_selection_started":false,"is_active":true,"image_webp_url":"https:\/\/www.meska.hu\/img\/product\/small\/p\/a\/paracordmania_product_173903_200701162532_101631.webp"},{"id":"3080189","shop_id":"11980","user_id":"76695","shop_name":"jilonia","shop_zip":"2060","product_code":"4696144","product_name_old":null,"product_name":"M\u00e9zeskal\u00e1cs lila 3 db-os Filc kar\u00e1csonyfad\u00edsz ","category_string":"Kar\u00e1csony, Kar\u00e1csonyi lak\u00e1sdekor\u00e1ci\u00f3, Kar\u00e1csonyfad\u00edszek","technic_string":"Varr\u00e1s","category_1":"319","category_2":"324","category_3":"323","category_4":"0","merged_category_1":null,"merged_category_2":null,"merged_category_3":null,"technic_1":"506","technic_2":"0","technic_3":"0","color_1":"514","color_2":"515","color_3":"522","product_description_old":null,"product_description":"3 db filcb\u0151l k\u00e9sz\u00fclt kar\u00e1csonyfad\u00edsz .\n\nM\u00e9zeskal\u00e1csra eml\u00e9keztet\u0151 alapsz\u00edn, lil\u00e1val dekor\u00e1lva.\n\nMinden varrva van rajta semmi nem ragasztott. \n12*10cm","price":"2700.00","unit":"db","recommended":"0","status":"1","sponsored":"0","exp_notify":"0","own_material":"0","own_material_description_old":null,"own_material_description":"","jury":"0","jury_number":"","product_nature":"","meskaracsony":"0","create_date":"2026-02-19 16:04:20","shelve_id":"45443","image":"jilonia_product_76695_230903221841_230437.jpeg","image_width":"480","image_height":"469","image_alt":"M\u00e9zeskal\u00e1cs lila 3 db-os Filc kar\u00e1csonyfad\u00edsz , 3 db filcb\u0151l k\u00e9sz\u00fclt kar\u00e1csonyfad\u00edsz .\\n\\nM\u00e9zeskal\u00e1csra eml\u00e9keztet\u0151 alapsz\u00edn, lil\u00e1val dekor\u00e1lva.\\n\\nMind..., Meska","image_title":"M\u00e9zeskal\u00e1cs lila 3 db-os Filc kar\u00e1csonyfad\u00edsz , Meska","view_count":"1605","favourite_count":"0","trending_score":"0","last2MonthFavouriteCount":"0","promotion":"0","giftcard_accept":"0","creditcard_accept":true,"enhanced_background":"0","domain":"meska","specific_customer_id":null,"specific_customer_name":null,"to_order_product":"0","to_order_product_time":"0","product_different":null,"product_different_description":"","vintage":"0","vintage_category_id":"0","recycled":"0","gemstone_id":"0","customizable":"0","type_category":"physical","zerowaste":"0","postage_price":"1290.00","shop_order":"265","has_category":"1","landing_pages":null,"microdata":{"number":37,"category":""},"title":"M\u00e9zeskal\u00e1cs lila 3 db-os Filc kar\u00e1csonyfad\u00edsz ","description":"3 db filcb\u0151l k\u00e9sz\u00fclt kar\u00e1csonyfad\u00edsz .\n\nM\u00e9zeskal\u00e1csra eml\u00e9keztet\u0151 alapsz\u00edn, lil\u00e1val dekor\u00e1lva.\n\nMinden varrva van rajta semmi nem ragasztott. \n12*10cm","score":0,"formatted_price":"2 700 Ft","image_url":"https:\/\/www.meska.hu\/img\/product\/small\/j\/i\/jilonia_product_76695_230903221841_230437.jpeg","formatted_url":"https:\/\/www.meska.hu\/p4696144-mezeskalacs-lila-3-db-os-filc-karacsonyfadisz","favourite":false,"in_stock":true,"avatar":"jilonia_avatar_76695.jpg","delete_from":0,"is_enhanced_background":false,"is_enhanced":false,"product_selection_started":false,"is_active":true,"image_webp_url":"https:\/\/www.meska.hu\/img\/product\/small\/j\/i\/jilonia_product_76695_230903221841_230437.webp"},{"id":"3429550","shop_id":"18878","user_id":"173903","shop_name":"paracordmania","shop_zip":"1183","product_code":"3662751","product_name_old":null,"product_name":"- Minerva - ametiszt \u00e1sv\u00e1ny kark\u00f6t\u0151 \/ \u00e1ll\u00edthat\u00f3 m\u00e9ret\u0171 n\u0151i \u00e1sv\u00e1nykark\u00f6t\u0151, lila","category_string":"\u00c9kszer, Kark\u00f6t\u0151, \u00c1sv\u00e1nykark\u00f6t\u0151","technic_string":"\u00c9kszerk\u00e9sz\u00edt\u00e9s, Gy\u00f6ngyf\u0171z\u00e9s, gy\u00f6ngyh\u00edmz\u00e9s","category_1":"327","category_2":"333","category_3":"1647","category_4":"0","merged_category_1":"0","merged_category_2":"0","merged_category_3":"0","technic_1":"477","technic_2":"485","technic_3":"0","color_1":"519","color_2":"520","color_3":"522","product_description_old":null,"product_description":"Aj\u00e1nd\u00e9knak sz\u00e1nod ezt a term\u00e9ket? Szeretn\u00e9l hozz\u00e1 egyedi d\u00edszcsomagol\u00e1st? Akkor eg\u00e9sz\u00edtsd ki a v\u00e1s\u00e1rl\u00e1sod grav\u00edrozott k\u00eds\u00e9r\u0151 k\u00e1rty\u00e1val \u00e9s ez\u00fcst sz\u00edn\u0171 szat\u00e9n aj\u00e1nd\u00e9ktasakkal (utols\u00f3 k\u00e9p). A d\u00edszcsomagol\u00e1st a \u201eKieg\u00e9sz\u00edt\u0151\u201d leg\u00f6rd\u00fcl\u0151 men\u00fcben adhatod a kosaradhoz. A k\u00e1rtya 34x51 mm-es egy oldal\u00e1n grav\u00edrozott ny\u00e1rfa r\u00e9tegelt lemez, a tetej\u00e9n lyukkal, amivel a szat\u00e9n tasakra (a m\u00e9rete 100x150 mm) r\u00f6gz\u00edtheted. A grav\u00edrozand\u00f3 sz\u00f6veget a Kos\u00e1rban, az \u00dczenet r\u00e9szben adhatod meg.\n--- --- --- --- --- ---\n\nEgyedi tervez\u00e9s\u0171 kark\u00f6t\u0151, melynek d\u00edsze 5 szem ametiszt. \u00c1ll\u00edthat\u00f3 m\u00e9ret\u0171, ez\u00e9rt ak\u00e1r aj\u00e1nd\u00e9knak is kiv\u00e1l\u00f3. \n\n------------------------\n\nAz ametiszt hat\u00e1sai:\n\n\u201e\u00c9rzelmileg az ametisztnek nyugtat\u00f3 hat\u00e1sa van, enyh\u00edti a stresszt \u00e9s az \u00e9rzelmi kimer\u00fclts\u00e9get. Gyorsan stabiliz\u00e1lja a sz\u00e9tsz\u00f3rt, rendezetlen gondolatmint\u00e1kat \u00e9s seg\u00edt azoknak akik \u00e9rzelmileg csapong\u00f3k. Csillap\u00edtja a szenved\u00e9lyeket \u00e9s szenved\u00e9lybetegs\u00e9geket.\u201d\nForr\u00e1s: Krist\u00e1lybiblia\n\n------------------------\n\n6 mm-es \u00e1sv\u00e1ny kark\u00f6t\u0151. Er\u0151s, strapab\u00edr\u00f3 microcord k\u00f6t\u00f6z\u00e9ssel.\n\nA kark\u00f6t\u0151 m\u00e9retre cs\u00fasz\u00f3csom\u00f3val k\u00f6nnyed\u00e9n \u00e1ll\u00edthat\u00f3 \u00e9s 15-20 cm vastags\u00e1g\u00fa csukl\u00f3ra ide\u00e1lis. Aj\u00e1nd\u00e9knak is kit\u0171n\u0151, mert nincs sz\u00fcks\u00e9g a pontos csukl\u00f3m\u00e9retre.\n\nAz elk\u00e9sz\u00fclt kark\u00f6t\u0151 kin\u00e9zete elt\u00e9rhet a fot\u00f3t\u00f3l, mivel nincs k\u00e9t egyforma \u00e1sv\u00e1ny.\n\nHa megn\u00e9zn\u00e9d az \u00f6sszes Minerva t\u00edpust, ahol tal\u00e1lsz angyalk\u00e1s verzi\u00f3t (Minerva Angyal), n\u0151i v\u00e9kony (Minerva) \u00e9s unisex (Minerva Maxi) verzi\u00f3t, akkor n\u00e9zd meg ezt a linket:\nhttps:\/\/www.meska.hu\/Shop\/index\/18878?search_string=M%C3%81%C3%81K\n\nAz \u00e1r egy darab kark\u00f6t\u0151re vonatkozik.\n\nM\u00c1\u00c1K","price":"3790.00","unit":"db","recommended":"0","status":"1","sponsored":"0","exp_notify":"0","own_material":"0","own_material_description_old":null,"own_material_description":"","jury":"0","jury_number":"","product_nature":"","meskaracsony":"0","create_date":"2026-04-21 17:50:47","shelve_id":"62420","image":"paracordmania_product_173903_200225195022_501883.jpeg","image_width":"480","image_height":"480","image_alt":"- Minerva - ametiszt \u00e1sv\u00e1ny kark\u00f6t\u0151 \/ \u00e1ll\u00edthat\u00f3 m\u00e9ret\u0171 n\u0151i \u00e1sv\u00e1nykark\u00f6t\u0151, lila, Aj\u00e1nd\u00e9knak sz\u00e1nod ezt a term\u00e9ket? Szeretn\u00e9l hozz\u00e1 egyedi d\u00edszcsomagol\u00e1st? Akkor eg\u00e9sz\u00edtsd ki a v\u00e1s\u00e1r..., Meska","image_title":"- Minerva - ametiszt \u00e1sv\u00e1ny kark\u00f6t\u0151 \/ \u00e1ll\u00edthat\u00f3 m\u00e9ret\u0171 n\u0151i \u00e1sv\u00e1nykark\u00f6t\u0151, lila, Meska","view_count":"1585","favourite_count":"0","trending_score":"0","last2MonthFavouriteCount":"0","promotion":"0","giftcard_accept":"1","creditcard_accept":true,"enhanced_background":"0","domain":"meska","specific_customer_id":null,"specific_customer_name":null,"to_order_product":"1","to_order_product_time":"2","product_different":"quite_different","product_different_description":"Minden \u00e1sv\u00e1nygoly\u00f3 egyedi, ez\u00e9rt minden kark\u00f6t\u0151 kicsit m\u00e1s lesz mint a mintafot\u00f3.","vintage":"0","vintage_category_id":"0","recycled":"0","gemstone_id":"0","customizable":"0","type_category":"physical","zerowaste":"0","postage_price":"3455.00","shop_order":"0","has_category":"1","landing_pages":null,"microdata":{"number":38,"category":""},"title":"- Minerva - ametiszt \u00e1sv\u00e1ny kark\u00f6t\u0151 \/ \u00e1ll\u00edthat\u00f3 m\u00e9ret\u0171 n\u0151i \u00e1sv\u00e1nykark\u00f6t\u0151, lila","description":"Aj\u00e1nd\u00e9knak sz\u00e1nod ezt a term\u00e9ket? Szeretn\u00e9l hozz\u00e1 egyedi d\u00edszcsomagol\u00e1st? Akkor eg\u00e9sz\u00edtsd ki a v\u00e1s\u00e1rl\u00e1sod grav\u00edrozott k\u00eds\u00e9r\u0151 k\u00e1rty\u00e1val \u00e9s ez\u00fcst sz\u00edn\u0171 szat\u00e9n aj\u00e1nd\u00e9ktasakkal (utols\u00f3 k\u00e9p). A d\u00edszcsomagol\u00e1st a \u201eKieg\u00e9sz\u00edt\u0151\u201d leg\u00f6rd\u00fcl\u0151 men\u00fcben adhatod a kosaradhoz. A k\u00e1rtya 34x51 mm-es egy oldal\u00e1n grav\u00edrozott ny\u00e1rfa r\u00e9tegelt lemez, a tetej\u00e9n lyukkal, amivel a szat\u00e9n tasakra (a m\u00e9rete 100x150 mm) r\u00f6gz\u00edtheted. A grav\u00edrozand\u00f3 sz\u00f6veget a Kos\u00e1rban, az \u00dczenet r\u00e9szben adhatod meg.\n--- --- --- --- --- ---\n\nEgyedi tervez\u00e9s\u0171 kark\u00f6t\u0151, melynek d\u00edsze 5 szem ametiszt. \u00c1ll\u00edthat\u00f3 m\u00e9ret\u0171, ez\u00e9rt ak\u00e1r aj\u00e1nd\u00e9knak is kiv\u00e1l\u00f3. \n\n------------------------\n\nAz ametiszt hat\u00e1sai:\n\n\u201e\u00c9rzelmileg az ametisztnek nyugtat\u00f3 hat\u00e1sa van, enyh\u00edti a stresszt \u00e9s az \u00e9rzelmi kimer\u00fclts\u00e9get. Gyorsan stabiliz\u00e1lja a sz\u00e9tsz\u00f3rt, rendezetlen gondolatmint\u00e1kat \u00e9s seg\u00edt azoknak akik \u00e9rzelmileg csapong\u00f3k. Csillap\u00edtja a szenved\u00e9lyeket \u00e9s szenved\u00e9lybetegs\u00e9geket.\u201d\nForr\u00e1s: Krist\u00e1lybiblia\n\n------------------------\n\n6 mm-es \u00e1sv\u00e1ny kark\u00f6t\u0151. Er\u0151s, strapab\u00edr\u00f3 microcord k\u00f6t\u00f6z\u00e9ssel.\n\nA kark\u00f6t\u0151 m\u00e9retre cs\u00fasz\u00f3csom\u00f3val k\u00f6nnyed\u00e9n \u00e1ll\u00edthat\u00f3 \u00e9s 15-20 cm vastags\u00e1g\u00fa csukl\u00f3ra ide\u00e1lis. Aj\u00e1nd\u00e9knak is kit\u0171n\u0151, mert nincs sz\u00fcks\u00e9g a pontos csukl\u00f3m\u00e9retre.\n\nAz elk\u00e9sz\u00fclt kark\u00f6t\u0151 kin\u00e9zete elt\u00e9rhet a fot\u00f3t\u00f3l, mivel nincs k\u00e9t egyforma \u00e1sv\u00e1ny.\n\nHa megn\u00e9zn\u00e9d az \u00f6sszes Minerva t\u00edpust, ahol tal\u00e1lsz angyalk\u00e1s verzi\u00f3t (Minerva Angyal), n\u0151i v\u00e9kony (Minerva) \u00e9s unisex (Minerva Maxi) verzi\u00f3t, akkor n\u00e9zd meg ezt a linket:\nhttps:\/\/www.meska.hu\/Shop\/index\/18878?search_string=M%C3%81%C3%81K\n\nAz \u00e1r egy darab kark\u00f6t\u0151re vonatkozik.\n\nM\u00c1\u00c1K","score":0,"formatted_price":"3 790 Ft","image_url":"https:\/\/www.meska.hu\/img\/product\/small\/p\/a\/paracordmania_product_173903_200225195022_501883.jpeg","formatted_url":"https:\/\/www.meska.hu\/p3662751-minerva-ametiszt-asvany-karkoto-allithato-meretu-noi-asvanykarkoto-lila","favourite":false,"in_stock":false,"avatar":"paracordmania_avatar_173903_1581629068.jpg","delete_from":0,"is_enhanced_background":false,"is_enhanced":false,"product_selection_started":false,"is_active":true,"image_webp_url":"https:\/\/www.meska.hu\/img\/product\/small\/p\/a\/paracordmania_product_173903_200225195022_501883.webp"},{"id":"4662759","shop_id":"27511","user_id":"73376","shop_name":"szjdesign","shop_zip":"6100","product_code":"4869863","product_name_old":null,"product_name":"Vicces szuperh\u0151s\u00f6s grafika ap\u00e1nak fot\u00f3pap\u00edron (A\/4) Hulk - szerkeszthet\u0151 aj\u00e1nd\u00e9k a legjobb ap\u00e1nak","category_string":"M\u0171v\u00e9szet, Grafika & Illusztr\u00e1ci\u00f3, Digit\u00e1lis","technic_string":"Fot\u00f3, grafika, rajz, illusztr\u00e1ci\u00f3","category_1":"357","category_2":"365","category_3":"1338","category_4":"0","merged_category_1":null,"merged_category_2":null,"merged_category_3":null,"technic_1":"483","technic_2":"0","technic_3":"0","color_1":"520","color_2":"522","color_3":"529","product_description_old":null,"product_description":"Vicces szuperh\u0151s\u00f6s Hulk grafika ap\u00e1nak a saj\u00e1t f\u00e9nyk\u00e9peiddel! \nEl\u00e9rhet\u0151 digit\u00e1lis .jpg verzi\u00f3ban vagy fot\u00f3pap\u00edrra nyomtatva.\nHa szeretn\u00e9d, be is keretezem! El\u00e9rhet\u0151 kereteim: feh\u00e9r, fekete, nat\u00far sz\u00edn\u0171 MDF keretek.\nVicces, kedves aj\u00e1nd\u00e9k ap\u00e1nak:)\n\nMegrendel\u00e9s ut\u00e1n k\u00fcldj k\u00e9t fot\u00f3t emailben, amit felhaszn\u00e1lhatok a grafik\u00e1hoz. Olyat, ahol az arc j\u00f3l kivehet\u0151, lehet\u0151leg portr\u00e9 \u00e9s kb. szemb\u0151l k\u00e9sz\u00fclt.\n\nMinden esetben k\u00e9sz\u00edtek l\u00e1tv\u00e1nytervet, hogy l\u00e1sd, milyen lesz a v\u00e9geredm\u00e9ny.\nV\u00e1rhat\u00f3 elk\u00e9sz\u00edt\u00e9si id\u0151: 2-3 munkanap. (Ne feledd, ehhez hozz\u00e1ad\u00f3dik m\u00e9g a post\u00e1z\u00e1s \u00e1tfut\u00e1si ideje!) A l\u00e1tv\u00e1nyterv elfogad\u00e1sa ut\u00e1n \u00e1ll\u00edtom ki a sz\u00e1ml\u00e1t.\n\nFIZET\u00c9S: El\u0151re utal\u00e1s ut\u00e1n k\u00fcld\u00f6m a term\u00e9ket.\n\nSZ\u00c1LL\u00cdT\u00c1S: minden inform\u00e1ci\u00f3t megtal\u00e1lsz fent a \"SZ\u00c1LL\u00cdT\u00c1SI INF\u00d3\" alatt.\nA v\u00e1s\u00e1rl\u00e1skor k\u00e9rlek v\u00e1laszd a neked megfelel\u0151 sz\u00e1ll\u00edt\u00e1si m\u00f3dot!\n\n\nM\u00e1s szuperh\u0151s\u00f6s (Szuperap\u00e1s, Szuperany\u00e1s, P\u00f3kemberes) grafik\u00e1t is tal\u00e1lsz a boltomban. :)\nTov\u00e1bbi grafik\u00e1k ap\u00e1knak, pap\u00e1knak, tat\u00e1knak: \nhttps:\/\/www.meska.hu\/shop\/szjdesign?s=69594&o=legnepszerubb&p=1\n\n\nTov\u00e1bbi sz\u00e9p napot!\n\nszjdesign\n","price":"4450.00","unit":"db","recommended":"0","status":"1","sponsored":"0","exp_notify":"0","own_material":"0","own_material_description_old":null,"own_material_description":"","jury":"0","jury_number":"","product_nature":"","meskaracsony":"0","create_date":"2026-02-19 08:22:00","shelve_id":"82951","image":"szjdesign_product_73376_220529093449_20276.jpeg","image_width":"480","image_height":"480","image_alt":"Vicces szuperh\u0151s\u00f6s grafika ap\u00e1nak fot\u00f3pap\u00edron (A\/4) Hulk - szerkeszthet\u0151 aj\u00e1nd\u00e9k a legjobb ap\u00e1nak, Vicces szuperh\u0151s\u00f6s Hulk grafika ap\u00e1nak a saj\u00e1t f\u00e9nyk\u00e9peiddel! \\nEl\u00e9rhet\u0151 digit\u00e1lis .jpg verzi\u00f3ban vag..., Meska","image_title":"Vicces szuperh\u0151s\u00f6s grafika ap\u00e1nak fot\u00f3pap\u00edron (A\/4) Hulk - szerkeszthet\u0151 aj\u00e1nd\u00e9k a legjobb ap\u00e1nak, Meska","view_count":"1544","favourite_count":"0","trending_score":"0","last2MonthFavouriteCount":"0","promotion":"0","giftcard_accept":"0","creditcard_accept":false,"enhanced_background":"0","domain":"meska","specific_customer_id":null,"specific_customer_name":null,"to_order_product":"1","to_order_product_time":"3","product_different":null,"product_different_description":"","vintage":"0","vintage_category_id":"0","recycled":"0","gemstone_id":"0","customizable":"1","type_category":"digital","zerowaste":"0","postage_price":"3900.00","shop_order":"98","has_category":"1","landing_pages":"Ap\u00e1k napi aj\u00e1nd\u00e9kok","microdata":{"number":39,"category":""},"title":"Vicces szuperh\u0151s\u00f6s grafika ap\u00e1nak fot\u00f3pap\u00edron (A\/4) Hulk - szerkeszthet\u0151 aj\u00e1nd\u00e9k a legjobb ap\u00e1nak","description":"Vicces szuperh\u0151s\u00f6s Hulk grafika ap\u00e1nak a saj\u00e1t f\u00e9nyk\u00e9peiddel! \nEl\u00e9rhet\u0151 digit\u00e1lis .jpg verzi\u00f3ban vagy fot\u00f3pap\u00edrra nyomtatva.\nHa szeretn\u00e9d, be is keretezem! El\u00e9rhet\u0151 kereteim: feh\u00e9r, fekete, nat\u00far sz\u00edn\u0171 MDF keretek.\nVicces, kedves aj\u00e1nd\u00e9k ap\u00e1nak:)\n\nMegrendel\u00e9s ut\u00e1n k\u00fcldj k\u00e9t fot\u00f3t emailben, amit felhaszn\u00e1lhatok a grafik\u00e1hoz. Olyat, ahol az arc j\u00f3l kivehet\u0151, lehet\u0151leg portr\u00e9 \u00e9s kb. szemb\u0151l k\u00e9sz\u00fclt.\n\nMinden esetben k\u00e9sz\u00edtek l\u00e1tv\u00e1nytervet, hogy l\u00e1sd, milyen lesz a v\u00e9geredm\u00e9ny.\nV\u00e1rhat\u00f3 elk\u00e9sz\u00edt\u00e9si id\u0151: 2-3 munkanap. (Ne feledd, ehhez hozz\u00e1ad\u00f3dik m\u00e9g a post\u00e1z\u00e1s \u00e1tfut\u00e1si ideje!) A l\u00e1tv\u00e1nyterv elfogad\u00e1sa ut\u00e1n \u00e1ll\u00edtom ki a sz\u00e1ml\u00e1t.\n\nFIZET\u00c9S: El\u0151re utal\u00e1s ut\u00e1n k\u00fcld\u00f6m a term\u00e9ket.\n\nSZ\u00c1LL\u00cdT\u00c1S: minden inform\u00e1ci\u00f3t megtal\u00e1lsz fent a \"SZ\u00c1LL\u00cdT\u00c1SI INF\u00d3\" alatt.\nA v\u00e1s\u00e1rl\u00e1skor k\u00e9rlek v\u00e1laszd a neked megfelel\u0151 sz\u00e1ll\u00edt\u00e1si m\u00f3dot!\n\n\nM\u00e1s szuperh\u0151s\u00f6s (Szuperap\u00e1s, Szuperany\u00e1s, P\u00f3kemberes) grafik\u00e1t is tal\u00e1lsz a boltomban. :)\nTov\u00e1bbi grafik\u00e1k ap\u00e1knak, pap\u00e1knak, tat\u00e1knak: \nhttps:\/\/www.meska.hu\/shop\/szjdesign?s=69594&o=legnepszerubb&p=1\n\n\nTov\u00e1bbi sz\u00e9p napot!\n\nszjdesign\n","score":0,"formatted_price":"4 450 Ft","image_url":"https:\/\/www.meska.hu\/img\/product\/small\/s\/z\/szjdesign_product_73376_220529093449_20276.jpeg","formatted_url":"https:\/\/www.meska.hu\/p4869863-vicces-szuperhosos-grafika-apanak-fotopapiron-a-4-hulk-szerkesztheto-ajandek-a-legjobb-apanak","favourite":false,"in_stock":false,"avatar":"szjdesign_avatar_73376_1656313173.jpg","delete_from":0,"is_enhanced_background":false,"is_enhanced":false,"product_selection_started":false,"is_active":true,"image_webp_url":"https:\/\/www.meska.hu\/img\/product\/small\/s\/z\/szjdesign_product_73376_220529093449_20276.webp"},{"id":"3438439","shop_id":"2011","user_id":"6991","shop_name":"andidea","shop_zip":"8400","product_code":"2339593","product_name_old":null,"product_name":"K\u00fcl\u00f6nleges sz\u00edn\u0171 aj\u00e1nd\u00e9kdoboz","category_string":"Otthon & \u00c9letm\u00f3d, Pap\u00edr, \u00edr\u00f3szer, Aj\u00e1nd\u00e9koz\u00e1s kell\u00e9kei, Aj\u00e1nd\u00e9kzs\u00e1k, csomagol\u00e1s","technic_string":"Festett t\u00e1rgyak, Pap\u00edrm\u0171v\u00e9szet","category_1":"813","category_2":"351","category_3":"1652","category_4":"322","merged_category_1":"0","merged_category_2":"0","merged_category_3":"0","technic_1":"481","technic_2":"497","technic_3":"0","color_1":"522","color_2":"523","color_3":"0","product_description_old":null,"product_description":"Ezt a pap\u00edrdobozt feh\u00e9r kartonb\u00f3l, szabtam, v\u00e1gtam (k\u00e9zzel, nem sablonnal). K\u00edv\u00fcl s bel\u00fcl k\u00fcl\u00f6nleges, brilliant v\u00edzfest\u00e9kkel festettem,ilyen var\u00e1szlatos sz\u00edn\u0171re. A kis d\u00edsz\u00edt\u00e9st \u00fagy feh\u00e9r\u00edtettem vissza.\nTeljesen egyedi tervez\u00e9s\u0171. Apr\u00f3 aj\u00e1nd\u00e9kok ,\u00e9kszerek egyedi csomagol\u00e1s\u00e1ra t\u00f6k\u00e9letes.\nAj\u00e1nlom figyelm\u00e9be mesk\u00e1s t\u00e1rsaimnak is, akik egyedi, k\u00fcl\u00f6nleges csomagol\u00e1sba szeretn\u00e9k rejteni port\u00e9k\u00e1jukat.\nEgy mozdulattal nyithat\u00f3, de j\u00f3l z\u00e1r\u00f3d\u00f3 dobozka. K\u00fcl\u00f6nb\u00f6z\u0151 m\u00e9retben \u00e9s sz\u00ednekben tudom elk\u00e9sz\u00edteni.\n\nA fot\u00f3n l\u00e1that\u00f3 doboz m\u00e9rete: d=8cm, magass\u00e1ga:2cm.\n2cm magas, 8cm \u00e1tm\u00e9r\u0151j\u0171 aj\u00e1nd\u00e9k f\u00e9r el benne.\nT\u00edz darab felett, 10% kedvezm\u00e9nyt tudok adni.","price":"890.00","unit":"db","recommended":"0","status":"1","sponsored":"0","exp_notify":"0","own_material":"0","own_material_description_old":null,"own_material_description":"","jury":"0","jury_number":"","product_nature":"","meskaracsony":"0","create_date":"2026-03-24 01:11:48","shelve_id":"4301","image":"andidea_product_6991_171_1.jpg","image_width":"480","image_height":"360","image_alt":"K\u00fcl\u00f6nleges sz\u00edn\u0171 aj\u00e1nd\u00e9kdoboz, Ezt a pap\u00edrdobozt feh\u00e9r kartonb\u00f3l, szabtam, v\u00e1gtam (k\u00e9zzel, nem sablonnal). K\u00edv\u00fcl s bel\u00fcl k\u00fcl\u00f6nleges..., Meska","image_title":"K\u00fcl\u00f6nleges sz\u00edn\u0171 aj\u00e1nd\u00e9kdoboz, Meska","view_count":"1577","favourite_count":"0","trending_score":"0","last2MonthFavouriteCount":"0","promotion":"0","giftcard_accept":"1","creditcard_accept":true,"enhanced_background":"0","domain":"meska","specific_customer_id":null,"specific_customer_name":null,"to_order_product":"0","to_order_product_time":"0","product_different":null,"product_different_description":"","vintage":"0","vintage_category_id":"0","recycled":"0","gemstone_id":"0","customizable":"0","type_category":"physical","zerowaste":"0","postage_price":"1349.00","shop_order":"0","has_category":"1","landing_pages":"Sz\u00fclinapi aj\u00e1nd\u00e9kok","microdata":{"number":40,"category":""},"title":"K\u00fcl\u00f6nleges sz\u00edn\u0171 aj\u00e1nd\u00e9kdoboz","description":"Ezt a pap\u00edrdobozt feh\u00e9r kartonb\u00f3l, szabtam, v\u00e1gtam (k\u00e9zzel, nem sablonnal). K\u00edv\u00fcl s bel\u00fcl k\u00fcl\u00f6nleges, brilliant v\u00edzfest\u00e9kkel festettem,ilyen var\u00e1szlatos sz\u00edn\u0171re. A kis d\u00edsz\u00edt\u00e9st \u00fagy feh\u00e9r\u00edtettem vissza.\nTeljesen egyedi tervez\u00e9s\u0171. Apr\u00f3 aj\u00e1nd\u00e9kok ,\u00e9kszerek egyedi csomagol\u00e1s\u00e1ra t\u00f6k\u00e9letes.\nAj\u00e1nlom figyelm\u00e9be mesk\u00e1s t\u00e1rsaimnak is, akik egyedi, k\u00fcl\u00f6nleges csomagol\u00e1sba szeretn\u00e9k rejteni port\u00e9k\u00e1jukat.\nEgy mozdulattal nyithat\u00f3, de j\u00f3l z\u00e1r\u00f3d\u00f3 dobozka. K\u00fcl\u00f6nb\u00f6z\u0151 m\u00e9retben \u00e9s sz\u00ednekben tudom elk\u00e9sz\u00edteni.\n\nA fot\u00f3n l\u00e1that\u00f3 doboz m\u00e9rete: d=8cm, magass\u00e1ga:2cm.\n2cm magas, 8cm \u00e1tm\u00e9r\u0151j\u0171 aj\u00e1nd\u00e9k f\u00e9r el benne.\nT\u00edz darab felett, 10% kedvezm\u00e9nyt tudok adni.","score":0,"formatted_price":"890 Ft","image_url":"https:\/\/www.meska.hu\/img\/product\/small\/a\/n\/andidea_product_6991_171_1.jpg","formatted_url":"https:\/\/www.meska.hu\/p2339593-kulonleges-szinu-ajandekdoboz","favourite":false,"in_stock":true,"avatar":"andidea_avatar_6991.jpg","delete_from":0,"is_enhanced_background":false,"is_enhanced":false,"product_selection_started":false,"is_active":true,"image_webp_url":"https:\/\/www.meska.hu\/img\/product\/small\/a\/n\/andidea_product_6991_171_1.webp"},{"id":"3376920","shop_id":"18878","user_id":"173903","shop_name":"paracordmania","shop_zip":"1183","product_code":"3777531","product_name_old":null,"product_name":"- Minerva Maxi - ametiszt \u00e1sv\u00e1ny kark\u00f6t\u0151, \u00e1ll\u00edthat\u00f3 m\u00e9ret\u0171 \u00e9s v\u00e1laszthat\u00f3 paracord sz\u00ednnel \/ unisex lila \u00e1sv\u00e1nykark\u00f6t\u0151","category_string":"\u00c9kszer, Kark\u00f6t\u0151, Gy\u00f6ngy\u00f6s kark\u00f6t\u0151","technic_string":"\u00c9kszerk\u00e9sz\u00edt\u00e9s, Gy\u00f6ngyf\u0171z\u00e9s, gy\u00f6ngyh\u00edmz\u00e9s","category_1":"327","category_2":"333","category_3":"1233","category_4":"0","merged_category_1":"0","merged_category_2":"0","merged_category_3":"0","technic_1":"477","technic_2":"485","technic_3":"0","color_1":"519","color_2":"520","color_3":"522","product_description_old":null,"product_description":"Aj\u00e1nd\u00e9knak sz\u00e1nod ezt a term\u00e9ket? Szeretn\u00e9l hozz\u00e1 egyedi d\u00edszcsomagol\u00e1st? Akkor eg\u00e9sz\u00edtsd ki a v\u00e1s\u00e1rl\u00e1sod grav\u00edrozott k\u00eds\u00e9r\u0151 k\u00e1rty\u00e1val \u00e9s ez\u00fcst sz\u00edn\u0171 szat\u00e9n aj\u00e1nd\u00e9ktasakkal (utols\u00f3 k\u00e9p). A d\u00edszcsomagol\u00e1st a \u201eKieg\u00e9sz\u00edt\u0151\u201d leg\u00f6rd\u00fcl\u0151 men\u00fcben adhatod a kosaradhoz. A k\u00e1rtya 34x51 mm-es egy oldal\u00e1n grav\u00edrozott ny\u00e1rfa r\u00e9tegelt lemez, a tetej\u00e9n lyukkal, amivel a szat\u00e9n tasakra (a m\u00e9rete 100x150 mm) r\u00f6gz\u00edtheted. A grav\u00edrozand\u00f3 sz\u00f6veget a Kos\u00e1rban, az \u00dczenet r\u00e9szben adhatod meg.\n--- --- --- --- --- ---\n\nA Minerva Maxi kark\u00f6t\u0151 a Minerva n\u0151i kark\u00f6t\u0151 unisex v\u00e1ltozata. 6 mm-es \u00e1sv\u00e1ny \u00e9s v\u00e9kony microcord zsin\u00f3r helyett, 8 mm-es \u00e1sv\u00e1ny \u00e9s vastagabb 2 mm-es paracord sz\u00e1lb\u00f3l \u00e1ll. Igazi divatos \u00e9s modern unisex kark\u00f6t\u0151, mely j\u00f3l mutat mind f\u00e9rfi mind n\u0151i k\u00e9zen. A Minerva Maxi polcon ha k\u00f6r\u00fcln\u00e9zel tal\u00e1lsz f\u00e9rfi, unisex \u00e9s n\u0151i verzi\u00f3kat is:\nhttps:\/\/www.meska.hu\/Shop\/kezmuves\/18878\/62421\n\nEgyedi tervez\u00e9s\u0171 kark\u00f6t\u0151, melynek d\u00edsze 5 szem ametiszt. A javasolt paracord sz\u00edn, amit a k\u00e9pen is l\u00e1tsz: 30-as Orgona lila. \nAmennyiben m\u00e1s sz\u00ednt v\u00e1lasztan\u00e1l, akkor megteheted az utols\u00f3 k\u00e9pen l\u00e1that\u00f3 sz\u00ednmint\u00e1b\u00f3l. Itt el\u00e9g megadnod a v\u00e1lasztott sz\u00edn sz\u00e1m\u00e1t.\n\n\u00c1ll\u00edthat\u00f3 m\u00e9ret\u0171, ez\u00e9rt ak\u00e1r aj\u00e1nd\u00e9knak is kiv\u00e1l\u00f3. \n\n------------------------\n\nAz ametiszt hat\u00e1sai:\n\n\u201e\u00c9rzelmileg az ametisztnek nyugtat\u00f3 hat\u00e1sa van, enyh\u00edti a stresszt \u00e9s az \u00e9rzelmi kimer\u00fclts\u00e9get. Gyorsan stabiliz\u00e1lja a sz\u00e9tsz\u00f3rt, rendezetlen gondolatmint\u00e1kat \u00e9s seg\u00edt azoknak akik \u00e9rzelmileg csapong\u00f3k. Csillap\u00edtja a szenved\u00e9lyeket \u00e9s szenved\u00e9lybetegs\u00e9geket.\u201d\nForr\u00e1s: Krist\u00e1lybiblia\n\n------------------------\n\n8 mm-es \u00e1sv\u00e1ny kark\u00f6t\u0151. Er\u0151s, strapab\u00edr\u00f3 paracord k\u00f6t\u00f6z\u00e9ssel.\n\nA kark\u00f6t\u0151 m\u00e9retre cs\u00fasz\u00f3csom\u00f3val k\u00f6nnyed\u00e9n \u00e1ll\u00edthat\u00f3 \u00e9s 15-20 cm vastags\u00e1g\u00fa csukl\u00f3ra ide\u00e1lis. Aj\u00e1nd\u00e9knak is kit\u0171n\u0151, mert nincs sz\u00fcks\u00e9g a pontos csukl\u00f3m\u00e9retre.\n\nAz elk\u00e9sz\u00fclt kark\u00f6t\u0151 kin\u00e9zete elt\u00e9rhet a fot\u00f3t\u00f3l, mivel nincs k\u00e9t egyforma \u00e1sv\u00e1ny.\n\nHa megn\u00e9zn\u00e9d az \u00f6sszes Minerva t\u00edpust, ahol tal\u00e1lsz angyalk\u00e1s verzi\u00f3t (Minerva Angyal), n\u0151i v\u00e9kony (Minerva) \u00e9s unisex (Minerva Maxi) verzi\u00f3t, akkor n\u00e9zd meg ezt a linket:\nhttps:\/\/www.meska.hu\/Shop\/index\/18878?search_string=M%C3%81%C3%81K\n\nAz \u00e1r egy darab kark\u00f6t\u0151re vonatkozik.\n\nM\u00c1\u00c1K","price":"4790.00","unit":"db","recommended":"0","status":"1","sponsored":"0","exp_notify":"0","own_material":"0","own_material_description_old":null,"own_material_description":"","jury":"0","jury_number":"","product_nature":"","meskaracsony":"0","create_date":"2026-04-19 13:30:55","shelve_id":"62421","image":"paracordmania_product_173903_200706190536_523234.jpeg","image_width":"480","image_height":"480","image_alt":"- Minerva Maxi - ametiszt \u00e1sv\u00e1ny kark\u00f6t\u0151, \u00e1ll\u00edthat\u00f3 m\u00e9ret\u0171 \u00e9s v\u00e1laszthat\u00f3 paracord sz\u00ednnel \/ unisex lila \u00e1sv\u00e1nykark\u00f6t\u0151, Aj\u00e1nd\u00e9knak sz\u00e1nod ezt a term\u00e9ket? Szeretn\u00e9l hozz\u00e1 egyedi d\u00edszcsomagol\u00e1st? Akkor eg\u00e9sz\u00edtsd ki a v\u00e1s\u00e1r..., Meska","image_title":"- Minerva Maxi - ametiszt \u00e1sv\u00e1ny kark\u00f6t\u0151, \u00e1ll\u00edthat\u00f3 m\u00e9ret\u0171 \u00e9s v\u00e1laszthat\u00f3 paracord sz\u00ednnel \/ unisex lila \u00e1sv\u00e1nykark\u00f6t\u0151, Meska","view_count":"1529","favourite_count":"0","trending_score":"0","last2MonthFavouriteCount":"0","promotion":"0","giftcard_accept":"1","creditcard_accept":true,"enhanced_background":"0","domain":"meska","specific_customer_id":null,"specific_customer_name":null,"to_order_product":"1","to_order_product_time":"2","product_different":"quite_different","product_different_description":"Minden \u00e1sv\u00e1nygoly\u00f3 egyedi, ez\u00e9rt minden kark\u00f6t\u0151 kicsit m\u00e1s lesz mint a mintafot\u00f3.","vintage":"0","vintage_category_id":"0","recycled":"0","gemstone_id":"0","customizable":"1","type_category":"physical","zerowaste":"0","postage_price":"3455.00","shop_order":"0","has_category":"1","landing_pages":null,"microdata":{"number":41,"category":""},"title":"- Minerva Maxi - ametiszt \u00e1sv\u00e1ny kark\u00f6t\u0151, \u00e1ll\u00edthat\u00f3 m\u00e9ret\u0171 \u00e9s v\u00e1laszthat\u00f3 paracord sz\u00ednnel \/ unisex lila \u00e1sv\u00e1nykark\u00f6t\u0151","description":"Aj\u00e1nd\u00e9knak sz\u00e1nod ezt a term\u00e9ket? Szeretn\u00e9l hozz\u00e1 egyedi d\u00edszcsomagol\u00e1st? Akkor eg\u00e9sz\u00edtsd ki a v\u00e1s\u00e1rl\u00e1sod grav\u00edrozott k\u00eds\u00e9r\u0151 k\u00e1rty\u00e1val \u00e9s ez\u00fcst sz\u00edn\u0171 szat\u00e9n aj\u00e1nd\u00e9ktasakkal (utols\u00f3 k\u00e9p). A d\u00edszcsomagol\u00e1st a \u201eKieg\u00e9sz\u00edt\u0151\u201d leg\u00f6rd\u00fcl\u0151 men\u00fcben adhatod a kosaradhoz. A k\u00e1rtya 34x51 mm-es egy oldal\u00e1n grav\u00edrozott ny\u00e1rfa r\u00e9tegelt lemez, a tetej\u00e9n lyukkal, amivel a szat\u00e9n tasakra (a m\u00e9rete 100x150 mm) r\u00f6gz\u00edtheted. A grav\u00edrozand\u00f3 sz\u00f6veget a Kos\u00e1rban, az \u00dczenet r\u00e9szben adhatod meg.\n--- --- --- --- --- ---\n\nA Minerva Maxi kark\u00f6t\u0151 a Minerva n\u0151i kark\u00f6t\u0151 unisex v\u00e1ltozata. 6 mm-es \u00e1sv\u00e1ny \u00e9s v\u00e9kony microcord zsin\u00f3r helyett, 8 mm-es \u00e1sv\u00e1ny \u00e9s vastagabb 2 mm-es paracord sz\u00e1lb\u00f3l \u00e1ll. Igazi divatos \u00e9s modern unisex kark\u00f6t\u0151, mely j\u00f3l mutat mind f\u00e9rfi mind n\u0151i k\u00e9zen. A Minerva Maxi polcon ha k\u00f6r\u00fcln\u00e9zel tal\u00e1lsz f\u00e9rfi, unisex \u00e9s n\u0151i verzi\u00f3kat is:\nhttps:\/\/www.meska.hu\/Shop\/kezmuves\/18878\/62421\n\nEgyedi tervez\u00e9s\u0171 kark\u00f6t\u0151, melynek d\u00edsze 5 szem ametiszt. A javasolt paracord sz\u00edn, amit a k\u00e9pen is l\u00e1tsz: 30-as Orgona lila. \nAmennyiben m\u00e1s sz\u00ednt v\u00e1lasztan\u00e1l, akkor megteheted az utols\u00f3 k\u00e9pen l\u00e1that\u00f3 sz\u00ednmint\u00e1b\u00f3l. Itt el\u00e9g megadnod a v\u00e1lasztott sz\u00edn sz\u00e1m\u00e1t.\n\n\u00c1ll\u00edthat\u00f3 m\u00e9ret\u0171, ez\u00e9rt ak\u00e1r aj\u00e1nd\u00e9knak is kiv\u00e1l\u00f3. \n\n------------------------\n\nAz ametiszt hat\u00e1sai:\n\n\u201e\u00c9rzelmileg az ametisztnek nyugtat\u00f3 hat\u00e1sa van, enyh\u00edti a stresszt \u00e9s az \u00e9rzelmi kimer\u00fclts\u00e9get. Gyorsan stabiliz\u00e1lja a sz\u00e9tsz\u00f3rt, rendezetlen gondolatmint\u00e1kat \u00e9s seg\u00edt azoknak akik \u00e9rzelmileg csapong\u00f3k. Csillap\u00edtja a szenved\u00e9lyeket \u00e9s szenved\u00e9lybetegs\u00e9geket.\u201d\nForr\u00e1s: Krist\u00e1lybiblia\n\n------------------------\n\n8 mm-es \u00e1sv\u00e1ny kark\u00f6t\u0151. Er\u0151s, strapab\u00edr\u00f3 paracord k\u00f6t\u00f6z\u00e9ssel.\n\nA kark\u00f6t\u0151 m\u00e9retre cs\u00fasz\u00f3csom\u00f3val k\u00f6nnyed\u00e9n \u00e1ll\u00edthat\u00f3 \u00e9s 15-20 cm vastags\u00e1g\u00fa csukl\u00f3ra ide\u00e1lis. Aj\u00e1nd\u00e9knak is kit\u0171n\u0151, mert nincs sz\u00fcks\u00e9g a pontos csukl\u00f3m\u00e9retre.\n\nAz elk\u00e9sz\u00fclt kark\u00f6t\u0151 kin\u00e9zete elt\u00e9rhet a fot\u00f3t\u00f3l, mivel nincs k\u00e9t egyforma \u00e1sv\u00e1ny.\n\nHa megn\u00e9zn\u00e9d az \u00f6sszes Minerva t\u00edpust, ahol tal\u00e1lsz angyalk\u00e1s verzi\u00f3t (Minerva Angyal), n\u0151i v\u00e9kony (Minerva) \u00e9s unisex (Minerva Maxi) verzi\u00f3t, akkor n\u00e9zd meg ezt a linket:\nhttps:\/\/www.meska.hu\/Shop\/index\/18878?search_string=M%C3%81%C3%81K\n\nAz \u00e1r egy darab kark\u00f6t\u0151re vonatkozik.\n\nM\u00c1\u00c1K","score":0,"formatted_price":"4 790 Ft","image_url":"https:\/\/www.meska.hu\/img\/product\/small\/p\/a\/paracordmania_product_173903_200706190536_523234.jpeg","formatted_url":"https:\/\/www.meska.hu\/p3777531-minerva-maxi-ametiszt-asvany-karkoto-allithato-meretu-es-valaszthato-paracord-szinnel-unisex-lila-asvanykarkoto","favourite":false,"in_stock":false,"avatar":"paracordmania_avatar_173903_1581629068.jpg","delete_from":0,"is_enhanced_background":false,"is_enhanced":false,"product_selection_started":false,"is_active":true,"image_webp_url":"https:\/\/www.meska.hu\/img\/product\/small\/p\/a\/paracordmania_product_173903_200706190536_523234.webp"},{"id":"3418143","shop_id":"18878","user_id":"173903","shop_name":"paracordmania","shop_zip":"1183","product_code":"4030570","product_name_old":null,"product_name":"Pr\u00e9mium+ l\u00e1pis lazuli-t\u00fcrkenit-holdk\u0151-hegyikrist\u00e1ly \u00e1sv\u00e1ny kark\u00f6t\u0151\/ \u00e1sv\u00e1nykark\u00f6t\u0151, gumis, k\u00e9k, z\u00f6ld, t\u00fcrkiz, gy\u00f6ngy","category_string":"\u00c9kszer, \u00c9kszer, Kark\u00f6t\u0151, \u00c1sv\u00e1nykark\u00f6t\u0151, Kark\u00f6t\u0151, \u00c1sv\u00e1nykark\u00f6t\u0151","technic_string":"\u00c9kszerk\u00e9sz\u00edt\u00e9s, Gy\u00f6ngyf\u0171z\u00e9s, gy\u00f6ngyh\u00edmz\u00e9s","category_1":"327","category_2":"333","category_3":"1647","category_4":"327","merged_category_1":"0","merged_category_2":"0","merged_category_3":"0","technic_1":"477","technic_2":"485","technic_3":"0","color_1":"522","color_2":"525","color_3":"0","product_description_old":null,"product_description":"Aj\u00e1nd\u00e9knak sz\u00e1nod ezt a term\u00e9ket? Szeretn\u00e9l hozz\u00e1 egyedi d\u00edszcsomagol\u00e1st? Akkor eg\u00e9sz\u00edtsd ki a v\u00e1s\u00e1rl\u00e1sod grav\u00edrozott k\u00eds\u00e9r\u0151 k\u00e1rty\u00e1val \u00e9s ez\u00fcst sz\u00edn\u0171 szat\u00e9n aj\u00e1nd\u00e9ktasakkal (utols\u00f3 k\u00e9p). A d\u00edszcsomagol\u00e1st a \u201eKieg\u00e9sz\u00edt\u0151\u201d leg\u00f6rd\u00fcl\u0151 men\u00fcben adhatod a kosaradhoz. A k\u00e1rtya 34x51 mm-es egy oldal\u00e1n grav\u00edrozott ny\u00e1rfa r\u00e9tegelt lemez, a tetej\u00e9n lyukkal, amivel a szat\u00e9n tasakra (a m\u00e9rete 100x150 mm) r\u00f6gz\u00edtheted. A grav\u00edrozand\u00f3 sz\u00f6veget a Kos\u00e1rban, az \u00dczenet r\u00e9szben adhatod meg.\n--- --- --- --- --- ---\n\nN\u0151i Pr\u00e9mium+ min\u0151s\u00e9g\u0171 \u00e1sv\u00e1nykark\u00f6t\u0151.\n8 mm-es l\u00e1pis lazuli, t\u00fcrkenit, holdk\u0151 \u00e9s hegyikrist\u00e1ly \u00e1sv\u00e1nyok gumisz\u00e1lon. \n\nA kark\u00f6t\u0151 Pr\u00e9mium+ min\u0151s\u00e9g\u0171 \u00e1sv\u00e1nya:\n- Extra \u201eA\u201d kateg\u00f3ri\u00e1s feh\u00e9r sziv\u00e1rv\u00e1nyos holdk\u0151\n- Extra \u201eA\u201d kateg\u00f3ri\u00e1s hegyikrist\u00e1ly\n\n\/\/\/\/\/\/ Hogyan rendelj? \/\/\/\/\/\/\n\nA kark\u00f6t\u0151 fix m\u00e9retre k\u00e9sz\u00fcl, ez\u00e9rt az elk\u00e9sz\u00edt\u00e9s\u00e9hez sz\u00fcks\u00e9gem lesz a pontos csukl\u00f3m\u00e9retre. Ha aj\u00e1nd\u00e9kba venn\u00e9d, vagy nem tudsz m\u00e9retet adni, akkor fontold meg az \u00e1ll\u00edthat\u00f3 m\u00e9ret\u0171 \u00e1sv\u00e1ny kark\u00f6t\u0151ket (az unisex Minerva Maxi illetve a n\u0151i Minerva \u00e9s Minerva Angyal modellek) \u00e9s n\u00e9zz k\u00f6r\u00fcl az al\u00e1bbi linken:\n\nhttps:\/\/www.meska.hu\/Shop\/index\/18878?search_string=M%C3%81%C3%81K\n\nHa enn\u00e9l a kark\u00f6t\u0151n\u00e9l maradsz, akkor az al\u00e1bbi m\u00f3don add meg nekem a m\u00e9retet:\n1. V\u00e9gy egy madzagot vagy szalagot (ak\u00e1r v\u00e1ghatsz is egyet pap\u00edrb\u00f3l).\n2. Tekerd a csukl\u00f3d k\u00f6r\u00e9, ahol a kark\u00f6t\u0151t hordod.\n3. M\u00e9rd le a pontos! csukl\u00f3m\u00e9reted, de ne fesz\u00edtsd r\u00e1.\n4. Egy vonalz\u00f3 seg\u00edts\u00e9g\u00e9vel m\u00e9rd le a kapott m\u00e9retet \u00e9s ezt \u00edrd meg nekem az \u00dczenet mez\u0151ben.\n\nFONTOS! Az nem megfelel\u0151, ha egy megl\u00e9v\u0151 \u00f3r\u00e1nak vagy kark\u00f6t\u0151nek a hossz\u00e1t m\u00e9red le, mivel az \u00edgy kapott m\u00e9ret (anyag, vastags\u00e1g, csat stb. miatt) nem egyezik meg a csukl\u00f3 m\u00e9rettel.\n\nHa megvan a m\u00e9ret, akkor a rendel\u00e9sn\u00e9l k\u00e9rlek \u00edrd majd bele az \u00dczenet rovatba. A kark\u00f6t\u0151d erre a m\u00e9retre fog k\u00e9sz\u00fclni. A leg\u00f6rd\u00fcl\u0151 men\u00fcben pedig v\u00e1laszd ki a m\u00e9rets\u00e1vot, ami lehet Norm\u00e1l (0-19 cm) vagy Nagy m\u00e9ret (20-24 cm).\n\nA j\u00f3 m\u00e9ret megad\u00e1sa a Te felel\u0151ss\u00e9ged, ut\u00f3lag nem tudom m\u00f3dos\u00edtani. Azonban a csomag tartalmaz Extr\u00e1kat is. Tal\u00e1lsz benne egy p\u00f3tgumit \u00e9s 1-2 szem \u00e1sv\u00e1nyt, amivel minim\u00e1lisan korrig\u00e1lhatod a m\u00e9retet. \n\nAz ism\u00e9tl\u0151d\u0151 mint\u00e1kn\u00e1l lehets\u00e9ges apr\u00f3 elt\u00e9r\u00e9s a k\u00e9phez k\u00e9pest, az egy\u00e9ni m\u00e9retek miatt.","price":"12990.00","unit":"db","recommended":"0","status":"1","sponsored":"0","exp_notify":"0","own_material":"0","own_material_description_old":null,"own_material_description":"","jury":"0","jury_number":"","product_nature":"","meskaracsony":"0","create_date":"2026-03-14 19:02:15","shelve_id":"53139","image":"paracordmania_product_173903_210209130356_30317.jpeg","image_width":"480","image_height":"480","image_alt":"Pr\u00e9mium+ l\u00e1pis lazuli-t\u00fcrkenit-holdk\u0151-hegyikrist\u00e1ly \u00e1sv\u00e1ny kark\u00f6t\u0151\/ \u00e1sv\u00e1nykark\u00f6t\u0151, gumis, k\u00e9k, z\u00f6ld, t\u00fcrkiz, gy\u00f6ngy, Aj\u00e1nd\u00e9knak sz\u00e1nod ezt a term\u00e9ket? Szeretn\u00e9l hozz\u00e1 egyedi d\u00edszcsomagol\u00e1st? Akkor eg\u00e9sz\u00edtsd ki a v\u00e1s\u00e1r..., Meska","image_title":"Pr\u00e9mium+ l\u00e1pis lazuli-t\u00fcrkenit-holdk\u0151-hegyikrist\u00e1ly \u00e1sv\u00e1ny kark\u00f6t\u0151\/ \u00e1sv\u00e1nykark\u00f6t\u0151, gumis, k\u00e9k, z\u00f6ld, t\u00fcrkiz, gy\u00f6ngy, Meska","view_count":"1530","favourite_count":"0","trending_score":"0","last2MonthFavouriteCount":"0","promotion":0,"giftcard_accept":"1","creditcard_accept":true,"enhanced_background":"0","domain":"meska","specific_customer_id":null,"specific_customer_name":null,"to_order_product":"1","to_order_product_time":"2","product_different":"quite_different","product_different_description":"Minden \u00e1sv\u00e1nygoly\u00f3 egyedi, ez\u00e9rt minden kark\u00f6t\u0151 kicsit m\u00e1s lesz mint a mintafot\u00f3.","vintage":"0","vintage_category_id":"0","recycled":"0","gemstone_id":"833","customizable":"1","type_category":"physical","zerowaste":"0","postage_price":"3455.00","shop_order":"0","has_category":"1","landing_pages":null,"microdata":{"number":42,"category":""},"title":"Pr\u00e9mium+ l\u00e1pis lazuli-t\u00fcrkenit-holdk\u0151-hegyikrist\u00e1ly \u00e1sv\u00e1ny kark\u00f6t\u0151\/ \u00e1sv\u00e1nykark\u00f6t\u0151, gumis, k\u00e9k, z\u00f6ld, t\u00fcrkiz, gy\u00f6ngy","description":"Aj\u00e1nd\u00e9knak sz\u00e1nod ezt a term\u00e9ket? Szeretn\u00e9l hozz\u00e1 egyedi d\u00edszcsomagol\u00e1st? Akkor eg\u00e9sz\u00edtsd ki a v\u00e1s\u00e1rl\u00e1sod grav\u00edrozott k\u00eds\u00e9r\u0151 k\u00e1rty\u00e1val \u00e9s ez\u00fcst sz\u00edn\u0171 szat\u00e9n aj\u00e1nd\u00e9ktasakkal (utols\u00f3 k\u00e9p). A d\u00edszcsomagol\u00e1st a \u201eKieg\u00e9sz\u00edt\u0151\u201d leg\u00f6rd\u00fcl\u0151 men\u00fcben adhatod a kosaradhoz. A k\u00e1rtya 34x51 mm-es egy oldal\u00e1n grav\u00edrozott ny\u00e1rfa r\u00e9tegelt lemez, a tetej\u00e9n lyukkal, amivel a szat\u00e9n tasakra (a m\u00e9rete 100x150 mm) r\u00f6gz\u00edtheted. A grav\u00edrozand\u00f3 sz\u00f6veget a Kos\u00e1rban, az \u00dczenet r\u00e9szben adhatod meg.\n--- --- --- --- --- ---\n\nN\u0151i Pr\u00e9mium+ min\u0151s\u00e9g\u0171 \u00e1sv\u00e1nykark\u00f6t\u0151.\n8 mm-es l\u00e1pis lazuli, t\u00fcrkenit, holdk\u0151 \u00e9s hegyikrist\u00e1ly \u00e1sv\u00e1nyok gumisz\u00e1lon. \n\nA kark\u00f6t\u0151 Pr\u00e9mium+ min\u0151s\u00e9g\u0171 \u00e1sv\u00e1nya:\n- Extra \u201eA\u201d kateg\u00f3ri\u00e1s feh\u00e9r sziv\u00e1rv\u00e1nyos holdk\u0151\n- Extra \u201eA\u201d kateg\u00f3ri\u00e1s hegyikrist\u00e1ly\n\n\/\/\/\/\/\/ Hogyan rendelj? \/\/\/\/\/\/\n\nA kark\u00f6t\u0151 fix m\u00e9retre k\u00e9sz\u00fcl, ez\u00e9rt az elk\u00e9sz\u00edt\u00e9s\u00e9hez sz\u00fcks\u00e9gem lesz a pontos csukl\u00f3m\u00e9retre. Ha aj\u00e1nd\u00e9kba venn\u00e9d, vagy nem tudsz m\u00e9retet adni, akkor fontold meg az \u00e1ll\u00edthat\u00f3 m\u00e9ret\u0171 \u00e1sv\u00e1ny kark\u00f6t\u0151ket (az unisex Minerva Maxi illetve a n\u0151i Minerva \u00e9s Minerva Angyal modellek) \u00e9s n\u00e9zz k\u00f6r\u00fcl az al\u00e1bbi linken:\n\nhttps:\/\/www.meska.hu\/Shop\/index\/18878?search_string=M%C3%81%C3%81K\n\nHa enn\u00e9l a kark\u00f6t\u0151n\u00e9l maradsz, akkor az al\u00e1bbi m\u00f3don add meg nekem a m\u00e9retet:\n1. V\u00e9gy egy madzagot vagy szalagot (ak\u00e1r v\u00e1ghatsz is egyet pap\u00edrb\u00f3l).\n2. Tekerd a csukl\u00f3d k\u00f6r\u00e9, ahol a kark\u00f6t\u0151t hordod.\n3. M\u00e9rd le a pontos! csukl\u00f3m\u00e9reted, de ne fesz\u00edtsd r\u00e1.\n4. Egy vonalz\u00f3 seg\u00edts\u00e9g\u00e9vel m\u00e9rd le a kapott m\u00e9retet \u00e9s ezt \u00edrd meg nekem az \u00dczenet mez\u0151ben.\n\nFONTOS! Az nem megfelel\u0151, ha egy megl\u00e9v\u0151 \u00f3r\u00e1nak vagy kark\u00f6t\u0151nek a hossz\u00e1t m\u00e9red le, mivel az \u00edgy kapott m\u00e9ret (anyag, vastags\u00e1g, csat stb. miatt) nem egyezik meg a csukl\u00f3 m\u00e9rettel.\n\nHa megvan a m\u00e9ret, akkor a rendel\u00e9sn\u00e9l k\u00e9rlek \u00edrd majd bele az \u00dczenet rovatba. A kark\u00f6t\u0151d erre a m\u00e9retre fog k\u00e9sz\u00fclni. A leg\u00f6rd\u00fcl\u0151 men\u00fcben pedig v\u00e1laszd ki a m\u00e9rets\u00e1vot, ami lehet Norm\u00e1l (0-19 cm) vagy Nagy m\u00e9ret (20-24 cm).\n\nA j\u00f3 m\u00e9ret megad\u00e1sa a Te felel\u0151ss\u00e9ged, ut\u00f3lag nem tudom m\u00f3dos\u00edtani. Azonban a csomag tartalmaz Extr\u00e1kat is. Tal\u00e1lsz benne egy p\u00f3tgumit \u00e9s 1-2 szem \u00e1sv\u00e1nyt, amivel minim\u00e1lisan korrig\u00e1lhatod a m\u00e9retet. \n\nAz ism\u00e9tl\u0151d\u0151 mint\u00e1kn\u00e1l lehets\u00e9ges apr\u00f3 elt\u00e9r\u00e9s a k\u00e9phez k\u00e9pest, az egy\u00e9ni m\u00e9retek miatt.","score":0,"formatted_price":"12 990 Ft","image_url":"https:\/\/www.meska.hu\/img\/product\/small\/p\/a\/paracordmania_product_173903_210209130356_30317.jpeg","formatted_url":"https:\/\/www.meska.hu\/p4030570-noi-premium-lapis-lazuli-turkenit-holdko-hegyikristaly-asvany-karkoto-asvanykarkoto-gumis-kek-zold-turkiz-gyongy","favourite":false,"in_stock":false,"avatar":"paracordmania_avatar_173903_1581629068.jpg","delete_from":0,"is_enhanced_background":false,"is_enhanced":false,"product_selection_started":false,"is_active":true,"image_webp_url":"https:\/\/www.meska.hu\/img\/product\/small\/p\/a\/paracordmania_product_173903_210209130356_30317.webp"},{"id":"3505500","shop_id":"18878","user_id":"173903","shop_name":"paracordmania","shop_zip":"1183","product_code":"3682405","product_name_old":null,"product_name":"- Text horgonyos - egyedi bet\u0171s \u00e1ll\u00edthat\u00f3 m\u00e9ret\u0171 paracord kark\u00f6t\u0151 ","category_string":"\u00c9kszer, Kark\u00f6t\u0151, N\u00e9vre sz\u00f3l\u00f3 kark\u00f6t\u0151","technic_string":"Csom\u00f3z\u00e1s, \u00c9kszerk\u00e9sz\u00edt\u00e9s","category_1":"327","category_2":"333","category_3":"1237","category_4":"0","merged_category_1":"0","merged_category_2":"0","merged_category_3":"0","technic_1":"475","technic_2":"477","technic_3":"0","color_1":"520","color_2":"521","color_3":"522","product_description_old":null,"product_description":"Aj\u00e1nd\u00e9knak sz\u00e1nod ezt a term\u00e9ket? Szeretn\u00e9l hozz\u00e1 egyedi d\u00edszcsomagol\u00e1st? Akkor eg\u00e9sz\u00edtsd ki a v\u00e1s\u00e1rl\u00e1sod grav\u00edrozott k\u00eds\u00e9r\u0151 k\u00e1rty\u00e1val \u00e9s ez\u00fcst sz\u00edn\u0171 szat\u00e9n aj\u00e1nd\u00e9ktasakkal (utols\u00f3 k\u00e9p). A d\u00edszcsomagol\u00e1st a \u201eKieg\u00e9sz\u00edt\u0151\u201d leg\u00f6rd\u00fcl\u0151 men\u00fcben adhatod a kosaradhoz. A k\u00e1rtya 34x51 mm-es egy oldal\u00e1n grav\u00edrozott ny\u00e1rfa r\u00e9tegelt lemez, a tetej\u00e9n lyukkal, amivel a szat\u00e9n tasakra (a m\u00e9rete 100x150 mm) r\u00f6gz\u00edtheted. A grav\u00edrozand\u00f3 sz\u00f6veget a Kos\u00e1rban, az \u00dczenet r\u00e9szben adhatod meg.\n--- --- --- --- --- ---\n\nHa p\u00e1rban venn\u00e9d, akkor kedvezm\u00e9nyes \u00e1ron itt tal\u00e1lod:\nhttps:\/\/www.meska.hu\/t2480471-text-horgonyos-paros-egyedi-betus-allithato-meretu-paracord-karkoto\n\nEgyedi rendel\u00e9sre k\u00e9sz\u00fcl\u0151 bet\u0171s kark\u00f6t\u0151, v\u00e1laszthat\u00f3 sz\u00ednekben.\n\n\u00d6tletek:\n- gyermeked neve\n- gyermek sz\u00fclet\u00e9si d\u00e1tuma\n- h\u00e1zass\u00e1gi \u00e9vfordul\u00f3\n- monogramok\n- motiv\u00e1l\u00f3 szavak\n- kedvenc h\u00e1zi\u00e1llatod neve\n- p\u00e1ros kark\u00f6t\u0151nek, szivecsk\u00e9vel a p\u00e1rod monogramja\n\nA bet\u0171s r\u00e9sz maximum 8 karakter lehet \u00e9s csak az angol ABC bet\u0171it (magyar \u00e9kezetek nincsenek) \u00e9s sz\u00e1mokat (0-9) tartalmazhat, \u00edgy ak\u00e1r b\u00e1rmilyen d\u00e1tum is k\u00e9rhet\u0151. 2 sp\u00e9ci karakter van: hashtag # \u00e9s szivecske \u2665\nSz\u00f3k\u00f6z karakter nincs ez\u00e9rt vagy egybe irand\u00f3 a k\u00e9rt sz\u00f6veg, vagy a k\u00e9t speci\u00e1lis karakterrel elv\u00e1laszthat\u00f3.\n\nEzeket figyelembe v\u00e9ve add le a rendel\u00e9st \u00e9s v\u00e1laszd ki hozz\u00e1 a mell\u00e9kelt sz\u00ednmint\u00e1b\u00f3l, hogy milyen sz\u00edn\u0171 paracord sz\u00e1lra szeretn\u00e9d a kark\u00f6t\u0151t.\n\n--------------------\nA term\u00e9k le\u00edr\u00e1sa: \n\nApr\u00f3 bronz sz\u00edn\u0171 horgony a kapocs. A bet\u0171k 6x6 mm-es akril kock\u00e1k. V\u00e9kony \u00e9s tart\u00f3s paracord sz\u00e1lra f\u0171zve.\n\nA m\u00e9rete \u00e1ll\u00edthat\u00f3, \u00edgy 15-21 cm-es csukl\u00f3ra is k\u00e9nyelmesen be\u00e1ll\u00edthat\u00f3. \u00c9ppen ez\u00e9rt aj\u00e1nd\u00e9knak is kiv\u00e1l\u00f3.\n\nRendel\u00e9skor add meg:\n- a k\u00e9rt sz\u00f6veget a fent le\u00edrtak szerint\n- a paracord sz\u00edn sorsz\u00e1m\u00e1t\n\nAz \u00e1r egy darab term\u00e9kre vonatkozik.","price":"4490.00","unit":"db","recommended":"0","status":"1","sponsored":"0","exp_notify":"0","own_material":"0","own_material_description_old":null,"own_material_description":"","jury":"0","jury_number":"","product_nature":"","meskaracsony":"0","create_date":"2026-03-25 11:20:54","shelve_id":"46880","image":"paracordmania_product_173903_200319133547_531314.jpeg","image_width":"480","image_height":"480","image_alt":"- Text horgonyos - egyedi bet\u0171s \u00e1ll\u00edthat\u00f3 m\u00e9ret\u0171 paracord kark\u00f6t\u0151 , Aj\u00e1nd\u00e9knak sz\u00e1nod ezt a term\u00e9ket? Szeretn\u00e9l hozz\u00e1 egyedi d\u00edszcsomagol\u00e1st? Akkor eg\u00e9sz\u00edtsd ki a v\u00e1s\u00e1r..., Meska","image_title":"- Text horgonyos - egyedi bet\u0171s \u00e1ll\u00edthat\u00f3 m\u00e9ret\u0171 paracord kark\u00f6t\u0151 , Meska","view_count":"1499","favourite_count":"0","trending_score":"0","last2MonthFavouriteCount":"0","promotion":0,"giftcard_accept":"1","creditcard_accept":true,"enhanced_background":"0","domain":"meska","specific_customer_id":null,"specific_customer_name":null,"to_order_product":"1","to_order_product_time":"2","product_different":"quite_different","product_different_description":"Egyedi sz\u00f6veg ig\u00e9nnyel k\u00e9sz\u00fcl, ez\u00e9rt a fot\u00f3hoz k\u00e9pest elt\u00e9r\u00e9sek lehetnek. ","vintage":"0","vintage_category_id":"0","recycled":"0","gemstone_id":"0","customizable":"1","type_category":"physical","zerowaste":"0","postage_price":"3455.00","shop_order":"0","has_category":"1","landing_pages":null,"microdata":{"number":43,"category":""},"title":"- Text horgonyos - egyedi bet\u0171s \u00e1ll\u00edthat\u00f3 m\u00e9ret\u0171 paracord kark\u00f6t\u0151 ","description":"Aj\u00e1nd\u00e9knak sz\u00e1nod ezt a term\u00e9ket? Szeretn\u00e9l hozz\u00e1 egyedi d\u00edszcsomagol\u00e1st? Akkor eg\u00e9sz\u00edtsd ki a v\u00e1s\u00e1rl\u00e1sod grav\u00edrozott k\u00eds\u00e9r\u0151 k\u00e1rty\u00e1val \u00e9s ez\u00fcst sz\u00edn\u0171 szat\u00e9n aj\u00e1nd\u00e9ktasakkal (utols\u00f3 k\u00e9p). A d\u00edszcsomagol\u00e1st a \u201eKieg\u00e9sz\u00edt\u0151\u201d leg\u00f6rd\u00fcl\u0151 men\u00fcben adhatod a kosaradhoz. A k\u00e1rtya 34x51 mm-es egy oldal\u00e1n grav\u00edrozott ny\u00e1rfa r\u00e9tegelt lemez, a tetej\u00e9n lyukkal, amivel a szat\u00e9n tasakra (a m\u00e9rete 100x150 mm) r\u00f6gz\u00edtheted. A grav\u00edrozand\u00f3 sz\u00f6veget a Kos\u00e1rban, az \u00dczenet r\u00e9szben adhatod meg.\n--- --- --- --- --- ---\n\nHa p\u00e1rban venn\u00e9d, akkor kedvezm\u00e9nyes \u00e1ron itt tal\u00e1lod:\nhttps:\/\/www.meska.hu\/t2480471-text-horgonyos-paros-egyedi-betus-allithato-meretu-paracord-karkoto\n\nEgyedi rendel\u00e9sre k\u00e9sz\u00fcl\u0151 bet\u0171s kark\u00f6t\u0151, v\u00e1laszthat\u00f3 sz\u00ednekben.\n\n\u00d6tletek:\n- gyermeked neve\n- gyermek sz\u00fclet\u00e9si d\u00e1tuma\n- h\u00e1zass\u00e1gi \u00e9vfordul\u00f3\n- monogramok\n- motiv\u00e1l\u00f3 szavak\n- kedvenc h\u00e1zi\u00e1llatod neve\n- p\u00e1ros kark\u00f6t\u0151nek, szivecsk\u00e9vel a p\u00e1rod monogramja\n\nA bet\u0171s r\u00e9sz maximum 8 karakter lehet \u00e9s csak az angol ABC bet\u0171it (magyar \u00e9kezetek nincsenek) \u00e9s sz\u00e1mokat (0-9) tartalmazhat, \u00edgy ak\u00e1r b\u00e1rmilyen d\u00e1tum is k\u00e9rhet\u0151. 2 sp\u00e9ci karakter van: hashtag # \u00e9s szivecske \u2665\nSz\u00f3k\u00f6z karakter nincs ez\u00e9rt vagy egybe irand\u00f3 a k\u00e9rt sz\u00f6veg, vagy a k\u00e9t speci\u00e1lis karakterrel elv\u00e1laszthat\u00f3.\n\nEzeket figyelembe v\u00e9ve add le a rendel\u00e9st \u00e9s v\u00e1laszd ki hozz\u00e1 a mell\u00e9kelt sz\u00ednmint\u00e1b\u00f3l, hogy milyen sz\u00edn\u0171 paracord sz\u00e1lra szeretn\u00e9d a kark\u00f6t\u0151t.\n\n--------------------\nA term\u00e9k le\u00edr\u00e1sa: \n\nApr\u00f3 bronz sz\u00edn\u0171 horgony a kapocs. A bet\u0171k 6x6 mm-es akril kock\u00e1k. V\u00e9kony \u00e9s tart\u00f3s paracord sz\u00e1lra f\u0171zve.\n\nA m\u00e9rete \u00e1ll\u00edthat\u00f3, \u00edgy 15-21 cm-es csukl\u00f3ra is k\u00e9nyelmesen be\u00e1ll\u00edthat\u00f3. \u00c9ppen ez\u00e9rt aj\u00e1nd\u00e9knak is kiv\u00e1l\u00f3.\n\nRendel\u00e9skor add meg:\n- a k\u00e9rt sz\u00f6veget a fent le\u00edrtak szerint\n- a paracord sz\u00edn sorsz\u00e1m\u00e1t\n\nAz \u00e1r egy darab term\u00e9kre vonatkozik.","score":0,"formatted_price":"4 490 Ft","image_url":"https:\/\/www.meska.hu\/img\/product\/small\/p\/a\/paracordmania_product_173903_200319133547_531314.jpeg","formatted_url":"https:\/\/www.meska.hu\/p3682405-text-horgonyos-egyedi-betus-allithato-meretu-paracord-karkoto","favourite":false,"in_stock":false,"avatar":"paracordmania_avatar_173903_1581629068.jpg","delete_from":0,"is_enhanced_background":false,"is_enhanced":false,"product_selection_started":false,"is_active":true,"image_webp_url":"https:\/\/www.meska.hu\/img\/product\/small\/p\/a\/paracordmania_product_173903_200319133547_531314.webp"},{"id":"4905672","shop_id":"36521","user_id":"482457","shop_name":"Lilitunderkertje","shop_zip":"4029","product_code":"5018223","product_name_old":null,"product_name":"T\u00fcnd\u00e9res \u00fcvegg\u00f6mb feny\u0151fad\u00edsz r\u00f3zs\u00e1val (lila)","category_string":"Kar\u00e1csony, Kar\u00e1csonyi lak\u00e1sdekor\u00e1ci\u00f3, Kar\u00e1csonyfad\u00edszek","technic_string":"Baba-\u00e9s b\u00e1bk\u00e9sz\u00edt\u00e9s, Gyurma","category_1":"319","category_2":"324","category_3":"323","category_4":"0","merged_category_1":null,"merged_category_2":null,"merged_category_3":null,"technic_1":"472","technic_2":"486","technic_3":"0","color_1":"518","color_2":"522","color_3":"525","product_description_old":null,"product_description":"Felakaszthat\u00f3 \u00fcveg d\u00edszt\u00e1rgy. Az angyal modellgyurm\u00e1b\u00f3l van. Kicsi gyereknek nem adhat\u00f3, dekor\u00e1ci\u00f3s c\u00e9lra val\u00f3. \n\nmagass\u00e1ga: kb 12-13 cm (+akaszt\u00f3) \n\nD\u00edszcsomagol\u00e1sban sz\u00e1ll\u00edtjuk.\nAz \u00e1r 1 db-ra vonatkozik.\n","price":"2755.00","unit":"db","recommended":"0","status":"1","sponsored":"0","exp_notify":"0","own_material":"0","own_material_description_old":null,"own_material_description":"","jury":"0","jury_number":"","product_nature":"","meskaracsony":"0","create_date":"2026-03-05 17:09:14","shelve_id":"73628","image":"lilitunderkertje_product_482457_230720103457_246410.jpeg","image_width":"480","image_height":"496","image_alt":"T\u00fcnd\u00e9res \u00fcvegg\u00f6mb feny\u0151fad\u00edsz r\u00f3zs\u00e1val (lila), Felakaszthat\u00f3 \u00fcveg d\u00edszt\u00e1rgy. Az angyal modellgyurm\u00e1b\u00f3l van. Kicsi gyereknek nem adhat\u00f3, dekor\u00e1ci\u00f3s ..., Meska","image_title":"T\u00fcnd\u00e9res \u00fcvegg\u00f6mb feny\u0151fad\u00edsz r\u00f3zs\u00e1val (lila), Meska","view_count":"1454","favourite_count":"0","trending_score":"0","last2MonthFavouriteCount":"0","promotion":"0","giftcard_accept":"0","creditcard_accept":true,"enhanced_background":"0","domain":"meska","specific_customer_id":null,"specific_customer_name":null,"to_order_product":"0","to_order_product_time":"0","product_different":null,"product_different_description":"","vintage":"0","vintage_category_id":"0","recycled":"0","gemstone_id":"0","customizable":"0","type_category":"physical","zerowaste":"0","postage_price":"1290.00","shop_order":"77","has_category":"1","landing_pages":null,"microdata":{"number":44,"category":""},"title":"T\u00fcnd\u00e9res \u00fcvegg\u00f6mb feny\u0151fad\u00edsz r\u00f3zs\u00e1val (lila)","description":"Felakaszthat\u00f3 \u00fcveg d\u00edszt\u00e1rgy. Az angyal modellgyurm\u00e1b\u00f3l van. Kicsi gyereknek nem adhat\u00f3, dekor\u00e1ci\u00f3s c\u00e9lra val\u00f3. \n\nmagass\u00e1ga: kb 12-13 cm (+akaszt\u00f3) \n\nD\u00edszcsomagol\u00e1sban sz\u00e1ll\u00edtjuk.\nAz \u00e1r 1 db-ra vonatkozik.\n","score":0,"formatted_price":"2 755 Ft","image_url":"https:\/\/www.meska.hu\/img\/product\/small\/l\/i\/lilitunderkertje_product_482457_230720103457_246410.jpeg","formatted_url":"https:\/\/www.meska.hu\/p5018223-tunderes-uveggomb-fenyofadisz-rozsaval-lila","favourite":false,"in_stock":true,"avatar":"482457_avatar_1643739992.jpeg","delete_from":0,"is_enhanced_background":false,"is_enhanced":false,"product_selection_started":false,"is_active":true,"image_webp_url":"https:\/\/www.meska.hu\/img\/product\/small\/l\/i\/lilitunderkertje_product_482457_230720103457_246410.webp"},{"id":"2111095","shop_id":"19710","user_id":"191983","shop_name":"pagi28","shop_zip":"5300","product_code":"4700831","product_name_old":null,"product_name":"Sz\u00ednes p\u00f6tty\u00f6s textil szaloncukrok, 10db","category_string":"Kar\u00e1csony, Kar\u00e1csonyi lak\u00e1sdekor\u00e1ci\u00f3, Kar\u00e1csonyfad\u00edszek","technic_string":"Varr\u00e1s","category_1":"319","category_2":"324","category_3":"323","category_4":"0","merged_category_1":null,"merged_category_2":null,"merged_category_3":null,"technic_1":"506","technic_2":"0","technic_3":"0","color_1":"514","color_2":"519","color_3":"522","product_description_old":null,"product_description":"Sz\u00ednes p\u00f6tty\u00f6s anyagokb\u00f3l madeiracsipke sz\u00e9llel k\u00e9sz\u00fclt szaloncukrok.\n\nm\u00e9ret\u00fck az eredetivel megegyez\u0151.\n\nEgy csomag 10 db-ot tartalmaz.\n\nK\u00e9rheted a k\u00e9pen l\u00e1that\u00f3 sz\u00ednek b\u00e1rmelyik\u00e9b\u0151l.\nHa m\u00e1s mennyis\u00e9get szeretn\u00e9l, \u00edrj bels\u0151 \u00fczenetet.","price":"3000.00","unit":"csomag","recommended":"0","status":"1","sponsored":"0","exp_notify":"0","own_material":"0","own_material_description_old":null,"own_material_description":"","jury":"0","jury_number":"","product_nature":"","meskaracsony":"0","create_date":"2026-03-08 22:20:20","shelve_id":"57995","image":"pagi28_product_191983_181104101253_79535.jpeg","image_width":"480","image_height":"444","image_alt":"Sz\u00ednes p\u00f6tty\u00f6s textil szaloncukrok, 10db, Sz\u00ednes p\u00f6tty\u00f6s anyagokb\u00f3l madeiracsipke sz\u00e9llel k\u00e9sz\u00fclt szaloncukrok.\\n\\nm\u00e9ret\u00fck az eredetivel megegye..., Meska","image_title":"Sz\u00ednes p\u00f6tty\u00f6s textil szaloncukrok, 10db, Meska","view_count":"1480","favourite_count":"0","trending_score":"0","last2MonthFavouriteCount":"0","promotion":"0","giftcard_accept":"0","creditcard_accept":true,"enhanced_background":"0","domain":"meska","specific_customer_id":null,"specific_customer_name":null,"to_order_product":"0","to_order_product_time":"0","product_different":null,"product_different_description":"","vintage":"0","vintage_category_id":"0","recycled":"0","gemstone_id":"0","customizable":"0","type_category":"physical","zerowaste":"0","postage_price":"1290.00","shop_order":"1","has_category":"1","landing_pages":null,"microdata":{"number":45,"category":""},"title":"Sz\u00ednes p\u00f6tty\u00f6s textil szaloncukrok, 10db","description":"Sz\u00ednes p\u00f6tty\u00f6s anyagokb\u00f3l madeiracsipke sz\u00e9llel k\u00e9sz\u00fclt szaloncukrok.\n\nm\u00e9ret\u00fck az eredetivel megegyez\u0151.\n\nEgy csomag 10 db-ot tartalmaz.\n\nK\u00e9rheted a k\u00e9pen l\u00e1that\u00f3 sz\u00ednek b\u00e1rmelyik\u00e9b\u0151l.\nHa m\u00e1s mennyis\u00e9get szeretn\u00e9l, \u00edrj bels\u0151 \u00fczenetet.","score":0,"formatted_price":"3 000 Ft","image_url":"https:\/\/www.meska.hu\/img\/product\/small\/p\/a\/pagi28_product_191983_181104101253_79535.jpeg","formatted_url":"https:\/\/www.meska.hu\/p4700831-szines-pottyos-textil-szaloncukrok-10db","favourite":false,"in_stock":true,"avatar":null,"delete_from":0,"is_enhanced_background":false,"is_enhanced":false,"product_selection_started":false,"is_active":true,"image_webp_url":"https:\/\/www.meska.hu\/img\/product\/small\/p\/a\/pagi28_product_191983_181104101253_79535.webp"},{"id":"4805044","shop_id":"20719","user_id":"210796","shop_name":"Revans","shop_zip":"8200","product_code":"4961325","product_name_old":null,"product_name":"Ez\u00fcst csaroit med\u00e1l","category_string":"\u00c9kszer, Nyakl\u00e1nc, Med\u00e1los nyakl\u00e1nc","technic_string":"\u00c9kszerk\u00e9sz\u00edt\u00e9s, F\u00e9mmegmunk\u00e1l\u00e1s","category_1":"327","category_2":"337","category_3":"1260","category_4":"0","merged_category_1":null,"merged_category_2":null,"merged_category_3":null,"technic_1":"477","technic_2":"479","technic_3":"0","color_1":"518","color_2":"522","color_3":"0","product_description_old":null,"product_description":"Egyedi, k\u00e9zzel k\u00e9sz\u00fclt csaroit med\u00e1l.\nCsaroit \u00e1sv\u00e1nygy\u00f6ngy ez\u00fcst dr\u00f3ttal betekerve aj\u00e1nd\u00e9k nemesac\u00e9l l\u00e1ncon. \nA med\u00e1l m\u00e9rete (12 mm-es k\u0151vel): 21*14mm\n\n\u00c9kszerdr\u00f3t anyaga: 935 ez\u00fcst (hivatalos besorol\u00e1s: 925).\nAz \u00e9kszer f\u00e9mjellel \u00e9s n\u00e9vjellel van ell\u00e1tva.\n\nA k\u00e9p napf\u00e9nyben k\u00e9sz\u00fclt egy kor\u00e1bbi term\u00e9kr\u0151l, ez\u00e9rt minim\u00e1lis elt\u00e9r\u00e9s sz\u00ednben \u00e9s\/vagy mint\u00e1zatban el\u0151fordulhat.\n\nT\u00e1rol\u00e1sa: f\u00e9nyt\u0151l v\u00e9dett, sz\u00e1raz helyen\nTiszt\u00edt\u00e1sa: pl. ez\u00fcsttiszt\u00edt\u00f3 folyad\u00e9kkal, fogkr\u00e9mmel\n\nMegjegyz\u00e9s:\nK\u00fcls\u0151 hat\u00e1s (h\u0151hat\u00e1s, mar\u00f3 anyagok, v\u00edz, g\u0151z, kozmetikai szerek, \u00fct\u0151d\u00e9s, leejt\u00e9s, fesz\u00edt\u00e9s, stb.) k\u00f6vetkezt\u00e9ben az \u00e1sv\u00e1nyok sz\u00edn\u00e9ben \u00e9s szerkezet\u00e9ben v\u00e1ltoz\u00e1s \u00e1llhat be (fakul\u00e1s, repedez\u00e9s, karcol\u00f3d\u00e1s, felmar\u00f3d\u00e1s, stb.).\n\u00c9kszereinket ne t\u00e1roljuk p\u00e1r\u00e1s helyen \u00e9s \u00f3vjuk az er\u0151s napf\u00e9nyt\u0151l. Vegy\u00fck le, ha vegyszereket, kozmetikai szereket haszn\u00e1lunk, \u00e9s ne viselj\u00fck p\u00e1r\u00e1s, nedves k\u00f6rnyezetben, illetve fizikai munkav\u00e9gz\u00e9s, testedz\u00e9s sor\u00e1n.","price":"6900.00","unit":"db","recommended":"0","status":"1","sponsored":"0","exp_notify":"0","own_material":"0","own_material_description_old":null,"own_material_description":"","jury":"0","jury_number":"","product_nature":"","meskaracsony":"0","create_date":"2026-03-27 20:23:11","shelve_id":"59851","image":"revans_product_210796_230426095926_148228.jpeg","image_width":"480","image_height":"453","image_alt":"Ez\u00fcst csaroit med\u00e1l, Egyedi, k\u00e9zzel k\u00e9sz\u00fclt csaroit med\u00e1l.\\nCsaroit \u00e1sv\u00e1nygy\u00f6ngy ez\u00fcst dr\u00f3ttal betekerve aj\u00e1nd\u00e9k nemesac\u00e9l..., Meska","image_title":"Ez\u00fcst csaroit med\u00e1l, Meska","view_count":"1448","favourite_count":"1","trending_score":"0","last2MonthFavouriteCount":"1","promotion":"0","giftcard_accept":"1","creditcard_accept":true,"enhanced_background":"0","domain":"meska","specific_customer_id":null,"specific_customer_name":null,"to_order_product":"1","to_order_product_time":"2","product_different":null,"product_different_description":"","vintage":"0","vintage_category_id":"0","recycled":"0","gemstone_id":"0","customizable":"0","type_category":"physical","zerowaste":"0","postage_price":"2190.00","shop_order":"1","has_category":"1","landing_pages":null,"microdata":{"number":46,"category":""},"title":"Ez\u00fcst csaroit med\u00e1l","description":"Egyedi, k\u00e9zzel k\u00e9sz\u00fclt csaroit med\u00e1l.\nCsaroit \u00e1sv\u00e1nygy\u00f6ngy ez\u00fcst dr\u00f3ttal betekerve aj\u00e1nd\u00e9k nemesac\u00e9l l\u00e1ncon. \nA med\u00e1l m\u00e9rete (12 mm-es k\u0151vel): 21*14mm\n\n\u00c9kszerdr\u00f3t anyaga: 935 ez\u00fcst (hivatalos besorol\u00e1s: 925).\nAz \u00e9kszer f\u00e9mjellel \u00e9s n\u00e9vjellel van ell\u00e1tva.\n\nA k\u00e9p napf\u00e9nyben k\u00e9sz\u00fclt egy kor\u00e1bbi term\u00e9kr\u0151l, ez\u00e9rt minim\u00e1lis elt\u00e9r\u00e9s sz\u00ednben \u00e9s\/vagy mint\u00e1zatban el\u0151fordulhat.\n\nT\u00e1rol\u00e1sa: f\u00e9nyt\u0151l v\u00e9dett, sz\u00e1raz helyen\nTiszt\u00edt\u00e1sa: pl. ez\u00fcsttiszt\u00edt\u00f3 folyad\u00e9kkal, fogkr\u00e9mmel\n\nMegjegyz\u00e9s:\nK\u00fcls\u0151 hat\u00e1s (h\u0151hat\u00e1s, mar\u00f3 anyagok, v\u00edz, g\u0151z, kozmetikai szerek, \u00fct\u0151d\u00e9s, leejt\u00e9s, fesz\u00edt\u00e9s, stb.) k\u00f6vetkezt\u00e9ben az \u00e1sv\u00e1nyok sz\u00edn\u00e9ben \u00e9s szerkezet\u00e9ben v\u00e1ltoz\u00e1s \u00e1llhat be (fakul\u00e1s, repedez\u00e9s, karcol\u00f3d\u00e1s, felmar\u00f3d\u00e1s, stb.).\n\u00c9kszereinket ne t\u00e1roljuk p\u00e1r\u00e1s helyen \u00e9s \u00f3vjuk az er\u0151s napf\u00e9nyt\u0151l. Vegy\u00fck le, ha vegyszereket, kozmetikai szereket haszn\u00e1lunk, \u00e9s ne viselj\u00fck p\u00e1r\u00e1s, nedves k\u00f6rnyezetben, illetve fizikai munkav\u00e9gz\u00e9s, testedz\u00e9s sor\u00e1n.","score":0,"formatted_price":"6 900 Ft","image_url":"https:\/\/www.meska.hu\/img\/product\/small\/r\/e\/revans_product_210796_230426095926_148228.jpeg","formatted_url":"https:\/\/www.meska.hu\/p4961325-ezust-csaroit-medal","favourite":false,"in_stock":false,"avatar":"210796_avatar_1699344015.png","delete_from":0,"is_enhanced_background":false,"is_enhanced":false,"product_selection_started":false,"is_active":true,"image_webp_url":"https:\/\/www.meska.hu\/img\/product\/small\/r\/e\/revans_product_210796_230426095926_148228.webp"},{"id":"3169524","shop_id":"26614","user_id":"322886","shop_name":"holdfeny3","shop_zip":"9028","product_code":"4708945","product_name_old":null,"product_name":"H\u00f3pihe f\u00fclbeval\u00f3, gy\u00f6ngy, gy\u00f6ngy\u00e9kszer, aj\u00e1nd\u00e9k, n\u00e9vnap, sz\u00fclet\u00e9snap, Kar\u00e1csony, T\u00e9lap\u00f3, kar\u00e1csonyi aj\u00e1nd\u00e9k \u00f6tlet","category_string":"\u00c9kszer, F\u00fclbeval\u00f3, L\u00f3g\u00f3s kerek f\u00fclbeval\u00f3","technic_string":"Gy\u00f6ngyf\u0171z\u00e9s, gy\u00f6ngyh\u00edmz\u00e9s, \u00c9kszerk\u00e9sz\u00edt\u00e9s","category_1":"327","category_2":"331","category_3":"1220","category_4":"0","merged_category_1":null,"merged_category_2":null,"merged_category_3":null,"technic_1":"485","technic_2":"477","technic_3":"0","color_1":"519","color_2":"521","color_3":"522","product_description_old":null,"product_description":"Igazi t\u00e9li hangulat! :)\n\nCsiszolt- \u00e9s k\u00e1sagy\u00f6ngy\u00f6kb\u0151l k\u00e9sz\u00fclt h\u00f3pihe vagy vir\u00e1g form\u00e1j\u00fa f\u00fclbeval\u00f3. \n\u00dcnnepi alkalomra vagy ak\u00e1r szeretteidnek aj\u00e1nd\u00e9kba kit\u0171n\u0151 :)\n\nLegnagyobb \u00e1tm\u00e9r\u0151je \u00e9s hossza 3 cm.\nNemesac\u00e9l f\u00fclbeval\u00f3 akaszt\u00f3ra tettem.\n\nJelenleg h\u00e1romf\u00e9le sz\u00ednben el\u00e9rhet\u0151. \n\n","price":"2850.00","unit":"p\u00e1r","recommended":"0","status":"1","sponsored":"0","exp_notify":"0","own_material":"0","own_material_description_old":null,"own_material_description":"","jury":"0","jury_number":"","product_nature":"","meskaracsony":"0","create_date":"2026-03-30 20:53:33","shelve_id":"58231","image":"holdfeny3_product_322886_221210214649_58164.jpeg","image_width":"480","image_height":"436","image_alt":"H\u00f3pihe f\u00fclbeval\u00f3, gy\u00f6ngy, gy\u00f6ngy\u00e9kszer, aj\u00e1nd\u00e9k, n\u00e9vnap, sz\u00fclet\u00e9snap, Kar\u00e1csony, T\u00e9lap\u00f3, kar\u00e1csonyi aj\u00e1nd\u00e9k \u00f6tlet, Igazi t\u00e9li hangulat! :)\\n\\nCsiszolt- \u00e9s k\u00e1sagy\u00f6ngy\u00f6kb\u0151l k\u00e9sz\u00fclt h\u00f3pihe vagy vir\u00e1g form\u00e1j\u00fa f\u00fclbeval\u00f3. \\n..., Meska","image_title":"H\u00f3pihe f\u00fclbeval\u00f3, gy\u00f6ngy, gy\u00f6ngy\u00e9kszer, aj\u00e1nd\u00e9k, n\u00e9vnap, sz\u00fclet\u00e9snap, Kar\u00e1csony, T\u00e9lap\u00f3, kar\u00e1csonyi aj\u00e1nd\u00e9k \u00f6tlet, Meska","view_count":"1427","favourite_count":"0","trending_score":"0","last2MonthFavouriteCount":"0","promotion":"0","giftcard_accept":"1","creditcard_accept":false,"enhanced_background":"0","domain":"meska","specific_customer_id":null,"specific_customer_name":null,"to_order_product":"0","to_order_product_time":"0","product_different":null,"product_different_description":"","vintage":"0","vintage_category_id":"0","recycled":"0","gemstone_id":"0","customizable":"0","type_category":"physical","zerowaste":"0","postage_price":"2390.00","shop_order":"1","has_category":"1","landing_pages":null,"microdata":{"number":47,"category":""},"title":"H\u00f3pihe f\u00fclbeval\u00f3, gy\u00f6ngy, gy\u00f6ngy\u00e9kszer, aj\u00e1nd\u00e9k, n\u00e9vnap, sz\u00fclet\u00e9snap, Kar\u00e1csony, T\u00e9lap\u00f3, kar\u00e1csonyi aj\u00e1nd\u00e9k \u00f6tlet","description":"Igazi t\u00e9li hangulat! :)\n\nCsiszolt- \u00e9s k\u00e1sagy\u00f6ngy\u00f6kb\u0151l k\u00e9sz\u00fclt h\u00f3pihe vagy vir\u00e1g form\u00e1j\u00fa f\u00fclbeval\u00f3. \n\u00dcnnepi alkalomra vagy ak\u00e1r szeretteidnek aj\u00e1nd\u00e9kba kit\u0171n\u0151 :)\n\nLegnagyobb \u00e1tm\u00e9r\u0151je \u00e9s hossza 3 cm.\nNemesac\u00e9l f\u00fclbeval\u00f3 akaszt\u00f3ra tettem.\n\nJelenleg h\u00e1romf\u00e9le sz\u00ednben el\u00e9rhet\u0151. \n\n","score":0,"formatted_price":"2 850 Ft","image_url":"https:\/\/www.meska.hu\/img\/product\/small\/h\/o\/holdfeny3_product_322886_221210214649_58164.jpeg","formatted_url":"https:\/\/www.meska.hu\/p4708945-hopihe-fulbevalo-gyongy-gyongyekszer-ajandek-nevnap-szuletesnap-karacsony-telapo-karacsonyi-ajandek-otlet","favourite":false,"in_stock":true,"avatar":"322886_avatar_1697972367.jpeg","delete_from":0,"is_enhanced_background":false,"is_enhanced":false,"product_selection_started":false,"is_active":true,"image_webp_url":"https:\/\/www.meska.hu\/img\/product\/small\/h\/o\/holdfeny3_product_322886_221210214649_58164.webp"},{"id":"4977827","shop_id":"2362","user_id":"8241","shop_name":"Violina","shop_zip":"9700","product_code":"5060931","product_name_old":null,"product_name":"Halak csillagjegy selyems\u00e1l","category_string":"Ruha & Divat, S\u00e1l, Sapka, Kend\u0151, S\u00e1l","technic_string":"Selyemfest\u00e9s","category_1":"806","category_2":"392","category_3":"672","category_4":"0","merged_category_1":"0","merged_category_2":"0","merged_category_3":"0","technic_1":"499","technic_2":"0","technic_3":"0","color_1":"518","color_2":"521","color_3":"522","product_description_old":null,"product_description":"Halak csillagjegyes selyems\u00e1l k\u00e9t v\u00e9g\u00e9n s\u00f6t\u00e9tlila, k\u00f6z\u00e9pen ac\u00e9lk\u00e9k az alapja ennek a s\u00e1lnak amire ez\u00fcst, gy\u00f6ngyh\u00e1zfeh\u00e9r  \u00e9s vil\u00e1gosk\u00e9k kont\u00farral rajzoltam fel a Halak csillagjegy jel\u00e9t, a hozz\u00e1 t\u00e1rs\u00edtott l\u00f3tusz vir\u00e1got, a m\u00e1sik v\u00e9g\u00e9re pedig a k\u00e9t hal szimb\u00f3lumot k\u00f6zre fogva uralkod\u00f3 bolyg\u00f3ja a Jupiter \u00e9s a Neptunusz jel\u00e9vel.\n\nKiv\u00e1l\u00f3 szem\u00e9lyre szabott aj\u00e1nd\u00e9k lehet Halak jegyben sz\u00fcletett h\u00f6lgy sz\u00e1m\u00e1ra!\n\nExxxxxxxxxxxxxtra puha! Sz\u00edntart\u00f3 \u00e9s moshat\u00f3 k\u00e9zzel, ak\u00e1r kettes fokozaton vizesen egyb\u0151l sz\u00e1razra \u00e9s egyenesre vasalhat\u00f3 a vissz\u00e1j\u00e1n.\n\nM\u00e9rete:150X40cm.\n\n\nBoltomban minden term\u00e9k a k\u00e9szen van \u00e9s megegyezik a k\u00e9pen l\u00e9v\u0151vel.\n","price":"27000.00","unit":"db","recommended":"0","status":"1","sponsored":"0","exp_notify":"0","own_material":"0","own_material_description_old":null,"own_material_description":"","jury":"0","jury_number":"","product_nature":"","meskaracsony":"0","create_date":"2026-01-07 17:25:50","shelve_id":"15249","image":"violina_product_8241_230920134950_906628.jpeg","image_width":"480","image_height":"640","image_alt":"Halak csillagjegy selyems\u00e1l, Halak csillagjegyes selyems\u00e1l k\u00e9t v\u00e9g\u00e9n s\u00f6t\u00e9tlila, k\u00f6z\u00e9pen ac\u00e9lk\u00e9k az alapja ennek a s\u00e1lnak amire ez..., Meska","image_title":"Halak csillagjegy selyems\u00e1l, Meska","view_count":"1408","favourite_count":"0","trending_score":"0","last2MonthFavouriteCount":"0","promotion":0,"giftcard_accept":"1","creditcard_accept":true,"enhanced_background":"0","domain":"meska","specific_customer_id":null,"specific_customer_name":null,"to_order_product":"0","to_order_product_time":"0","product_different":null,"product_different_description":"","vintage":"0","vintage_category_id":"0","recycled":"0","gemstone_id":"0","customizable":"0","type_category":"physical","zerowaste":"0","postage_price":"1290.00","shop_order":"15","has_category":"1","landing_pages":null,"microdata":{"number":48,"category":""},"title":"Halak csillagjegy selyems\u00e1l","description":"Halak csillagjegyes selyems\u00e1l k\u00e9t v\u00e9g\u00e9n s\u00f6t\u00e9tlila, k\u00f6z\u00e9pen ac\u00e9lk\u00e9k az alapja ennek a s\u00e1lnak amire ez\u00fcst, gy\u00f6ngyh\u00e1zfeh\u00e9r  \u00e9s vil\u00e1gosk\u00e9k kont\u00farral rajzoltam fel a Halak csillagjegy jel\u00e9t, a hozz\u00e1 t\u00e1rs\u00edtott l\u00f3tusz vir\u00e1got, a m\u00e1sik v\u00e9g\u00e9re pedig a k\u00e9t hal szimb\u00f3lumot k\u00f6zre fogva uralkod\u00f3 bolyg\u00f3ja a Jupiter \u00e9s a Neptunusz jel\u00e9vel.\n\nKiv\u00e1l\u00f3 szem\u00e9lyre szabott aj\u00e1nd\u00e9k lehet Halak jegyben sz\u00fcletett h\u00f6lgy sz\u00e1m\u00e1ra!\n\nExxxxxxxxxxxxxtra puha! Sz\u00edntart\u00f3 \u00e9s moshat\u00f3 k\u00e9zzel, ak\u00e1r kettes fokozaton vizesen egyb\u0151l sz\u00e1razra \u00e9s egyenesre vasalhat\u00f3 a vissz\u00e1j\u00e1n.\n\nM\u00e9rete:150X40cm.\n\n\nBoltomban minden term\u00e9k a k\u00e9szen van \u00e9s megegyezik a k\u00e9pen l\u00e9v\u0151vel.\n","score":0,"formatted_price":"27 000 Ft","image_url":"https:\/\/www.meska.hu\/img\/product\/small\/v\/i\/violina_product_8241_230920134950_906628.jpeg","formatted_url":"https:\/\/www.meska.hu\/p5060931-halak-csillagjegy-selyemsal","favourite":false,"in_stock":true,"avatar":"Violina_avatar_8241.JPG","delete_from":0,"is_enhanced_background":false,"is_enhanced":false,"product_selection_started":false,"is_active":true,"image_webp_url":"https:\/\/www.meska.hu\/img\/product\/small\/v\/i\/violina_product_8241_230920134950_906628.webp"},{"id":"3412009","shop_id":"18741","user_id":"165480","shop_name":"Regikislany","shop_zip":"5900","product_code":"4481315","product_name_old":null,"product_name":"\"P\u00e1rizs-levendula\" - hat\u00e1rid\u0151napl\u00f3. :-)","category_string":"Otthon & \u00c9letm\u00f3d, Pap\u00edr, \u00edr\u00f3szer, Napt\u00e1r & Tervez\u0151","technic_string":"Decoupage, transzfer \u00e9s szalv\u00e9tatechnika, Festett t\u00e1rgyak","category_1":"813","category_2":"351","category_3":"766","category_4":"0","merged_category_1":null,"merged_category_2":null,"merged_category_3":null,"technic_1":"476","technic_2":"481","technic_3":"0","color_1":"519","color_2":"522","color_3":"525","product_description_old":null,"product_description":"Napi beoszt\u00e1s\u00fa 2022-es hat\u00e1rid\u0151napl\u00f3, melyre egyedi mint\u00e1t tettem \u00e9s min\u0151s\u00e9gi v\u00e1szonnal bor\u00edtottam be. Szalaggal, csipk\u00e9vel, strasszal, gombokkal, f\u00e9m sarokv\u00e9d\u0151kkel d\u00edsz\u00edtettem. Pici, f\u00e9m cipell\u0151-med\u00e1llal eg\u00e9sz\u00edtettem ki. A belsej\u00e9t is sz\u00e9pen eldolgoztam. M\u00e9rete: 16,5*12 cm. K\u00e9rhet\u0151 m\u00e1s mint\u00e1val is. :-)\nAj\u00e1nd\u00e9kozd meg vele magad vagy egy szeretett szem\u00e9lyt. :-)","price":"16500.00","unit":"db","recommended":"0","status":"1","sponsored":"0","exp_notify":"0","own_material":"0","own_material_description_old":null,"own_material_description":"","jury":"0","jury_number":"","product_nature":"","meskaracsony":"0","create_date":"2026-03-09 18:25:34","shelve_id":"42613","image":"regikislany_product_165480_220130134650_6576.jpeg","image_width":"480","image_height":"640","image_alt":"\\\"P\u00e1rizs-levendula\\\" - hat\u00e1rid\u0151napl\u00f3. :-), Napi beoszt\u00e1s\u00fa 2022-es hat\u00e1rid\u0151napl\u00f3, melyre egyedi mint\u00e1t tettem \u00e9s min\u0151s\u00e9gi v\u00e1szonnal bor\u00edtottam b..., Meska","image_title":"\\\"P\u00e1rizs-levendula\\\" - hat\u00e1rid\u0151napl\u00f3. :-), Meska","view_count":"1411","favourite_count":"0","trending_score":"0","last2MonthFavouriteCount":"0","promotion":"0","giftcard_accept":"1","creditcard_accept":false,"enhanced_background":"0","domain":"meska","specific_customer_id":null,"specific_customer_name":null,"to_order_product":"1","to_order_product_time":"0","product_different":null,"product_different_description":"","vintage":"0","vintage_category_id":"0","recycled":"0","gemstone_id":"0","customizable":"1","type_category":"physical","zerowaste":"0","postage_price":"1290.00","shop_order":"477","has_category":"1","landing_pages":null,"microdata":{"number":49,"category":""},"title":"\"P\u00e1rizs-levendula\" - hat\u00e1rid\u0151napl\u00f3. :-)","description":"Napi beoszt\u00e1s\u00fa 2022-es hat\u00e1rid\u0151napl\u00f3, melyre egyedi mint\u00e1t tettem \u00e9s min\u0151s\u00e9gi v\u00e1szonnal bor\u00edtottam be. Szalaggal, csipk\u00e9vel, strasszal, gombokkal, f\u00e9m sarokv\u00e9d\u0151kkel d\u00edsz\u00edtettem. Pici, f\u00e9m cipell\u0151-med\u00e1llal eg\u00e9sz\u00edtettem ki. A belsej\u00e9t is sz\u00e9pen eldolgoztam. M\u00e9rete: 16,5*12 cm. K\u00e9rhet\u0151 m\u00e1s mint\u00e1val is. :-)\nAj\u00e1nd\u00e9kozd meg vele magad vagy egy szeretett szem\u00e9lyt. :-)","score":0,"formatted_price":"16 500 Ft","image_url":"https:\/\/www.meska.hu\/img\/product\/small\/r\/e\/regikislany_product_165480_220130134650_6576.jpeg","formatted_url":"https:\/\/www.meska.hu\/p4481315-parizs-levendula-2022-es-hataridonaplo","favourite":false,"in_stock":false,"avatar":"Regikislany_avatar_165480_1570279345.jpg","delete_from":0,"is_enhanced_background":false,"is_enhanced":false,"product_selection_started":false,"is_active":true,"image_webp_url":"https:\/\/www.meska.hu\/img\/product\/small\/r\/e\/regikislany_product_165480_220130134650_6576.webp"},{"id":"4847557","shop_id":"29709","user_id":"371419","shop_name":"Hexartdesign","shop_zip":"1183","product_code":"4984800","product_name_old":null,"product_name":"T\u00f6rpe nyuszi portr\u00e9 - eredeti akvarell festm\u00e9ny","category_string":"M\u0171v\u00e9szet, Festm\u00e9ny, Akvarell","technic_string":"Fot\u00f3, grafika, rajz, illusztr\u00e1ci\u00f3, Fest\u00e9szet","category_1":"357","category_2":"358","category_3":"360","category_4":"0","merged_category_1":"0","merged_category_2":"0","merged_category_3":"785","technic_1":"483","technic_2":"480","technic_3":"0","color_1":"521","color_2":"522","color_3":"526","product_description_old":null,"product_description":"Hexart Design - Eredeti festm\u00e9ny\n\nT\u00f6rpe nyuszi portr\u00e9 - eredeti akvarell festm\u00e9ny\n\nK\u00e9szterm\u00e9k, ez\u00e9rt ha tetszik, akkor a megrendel\u00e9s ut\u00e1n n\u00e9h\u00e1ny napon bel\u00fcl k\u00e9zhez is kapod.\n\n\u201e \u201e \u201e Enn\u00e9l a t\u00f6rpe nyuszin\u00e1l a finoms\u00e1g \u00e9s a k\u00edv\u00e1ncsis\u00e1g volt a kiindul\u00f3pont. A puha barn\u00e1s-b\u00e9zses \u00e1rnyalatokat h\u0171v\u00f6s lil\u00e1s \u00e9s k\u00e9kes fr\u00f6ccsen\u00e9sekkel eg\u00e9sz\u00edtettem ki, hogy megmaradjon az akvarell k\u00f6nnyeds\u00e9ge \u00e9s j\u00e1t\u00e9koss\u00e1ga. A nagy, csillog\u00f3 szemek \u00e9s a lel\u00f3g\u00f3 f\u00fclek szerintem pont azt a csendes, bizalmas pillanatot id\u00e9zik, amikor egy nyuszi meg\u00e1ll, k\u00f6rben\u00e9z, \u00e9s figyel. Ez a festm\u00e9ny sz\u00e1momra a gyeng\u00e9ds\u00e9g \u00e9s a nyugalom apr\u00f3 lenyomata, egy kedves darab, ami finoman mosolyt csal az ember arc\u00e1ra. \u201d \u201d \u201d\n\nHa eredeti festm\u00e9nyt v\u00e1s\u00e1rolsz, igaz\u00e1n k\u00fcl\u00f6nleges t\u00e1rgy tulajdonosa lehetsz. Valamint remek aj\u00e1nd\u00e9k is lehet sz\u00fclet\u00e9snapra, kar\u00e1csonyra, \u00e9vfordul\u00f3ra stb.\n\nMegv\u00e1s\u00e1rolhatod keret n\u00e9lk\u00fcl vagy a k\u00e9pen l\u00e1that\u00f3 A4-es feh\u00e9r kerettel (fel\u00e1ras opci\u00f3ban) egy\u00fctt is.\n\nHa megn\u00e9zn\u00e9d, hogy jelenleg milyen k\u00e9sz \u00e9s eredeti festm\u00e9nyek el\u00e9rhet\u0151ek, akkor az al\u00e1bbi linkre kattintva megteheted:\nhttps:\/\/www.meska.hu\/shop\/Hexartdesign?s=68537\n\nHa esetleg nyomatban \/ reprodukci\u00f3ban gondolkodsz, n\u00e9zd meg hogy itt el\u00e9rhet\u0151-e: https:\/\/www.meska.hu\/shop\/Hexartdesign?s=64121\n\nHa a k\u00e9szterm\u00e9k kateg\u00f3ri\u00e1ban nem tal\u00e1lt\u00e1l sz\u00e1modra megfelel\u0151t, de szeretn\u00e9l saj\u00e1t fot\u00f3db\u00f3l festm\u00e9nyt, akkor v\u00e1laszd a Rendel\u00e9sre k\u00e9sz\u00fcl\u0151 \u00e1llatportr\u00e9k kateg\u00f3ri\u00e1t. Legyen sz\u00f3 kuty\u00e1r\u00f3l, cic\u00e1r\u00f3l, nyuszir\u00f3l vagy ak\u00e1r egzotikus \u00e1llatr\u00f3l fordulj hozz\u00e1m bizalommal. Kattints az al\u00e1bbi linkre:\nhttps:\/\/www.meska.hu\/shop\/Hexartdesign?s=72378\n\nTerm\u00e9kle\u00edr\u00e1s:\n\u2022 a festm\u00e9ny m\u00e9rete kb. A4-es: 210x297 mm\n\u2022 a legmagasabb f\u00e9ny\u00e1ll\u00f3s\u00e1ggal rendelkez\u0151 akvarell fest\u00e9kekkel \u00e9s ceruz\u00e1kkal k\u00e9sz\u00fclt\n\u2022 savmentes akvarell pap\u00edr\n\u2022 k\u00e9rheted keret n\u00e9lk\u00fcl (ha te szeretn\u00e9d keretezni) vagy feh\u00e9r kerettel (fel\u00e1ras opci\u00f3)\n\nA4-es feh\u00e9r keret (fel\u00e1ras opci\u00f3):\n\u2022 A4-es keret (a fot\u00f3n ez l\u00e1that\u00f3)\n\u2022 k\u00fcls\u0151 m\u00e9rete: 24x33 cm\n\u2022 el\u0151lapja polisztir\u00e9n m\u0171anyag\n\u2022 h\u00e1ts\u00f3 kit\u00e1maszt\u00f3val vagy falra akasztva is haszn\u00e1lhat\u00f3\n\nSzerz\u0151i jog:\nAz eredeti festm\u00e9ny tulajdonjoga a v\u00e1s\u00e1rl\u00f3\u00e9 lesz, azonban a v\u00e1s\u00e1rl\u00f3 a festm\u00e9nyt semmilyen form\u00e1ban nem m\u00e1solhatja, gy\u00e1rthatja \u00e9s sokszoros\u00edthatja. \n\nA k\u00e9p illusztr\u00e1ci\u00f3:\nA k\u00e9pen l\u00e1that\u00f3 kieg\u00e9sz\u00edt\u0151 dekor\u00e1ci\u00f3s k\u00f6rnyezet csak illusztr\u00e1ci\u00f3, ami nem k\u00e9pezi a term\u00e9k r\u00e9sz\u00e9t. A feh\u00e9r A4-es keret fel\u00e1ras opci\u00f3.","price":"24900.00","unit":"db","recommended":"0","status":"1","sponsored":"0","exp_notify":"0","own_material":"0","own_material_description_old":null,"own_material_description":"","jury":"0","jury_number":"","product_nature":"","meskaracsony":"0","create_date":"2026-01-12 23:58:58","shelve_id":"68537","image":"hexartdesign_product_371419_230524103227_73962.jpeg","image_width":"480","image_height":"480","image_alt":"T\u00f6rpe nyuszi portr\u00e9 - eredeti akvarell festm\u00e9ny, Hexart Design - Eredeti festm\u00e9ny\\n\\nT\u00f6rpe nyuszi portr\u00e9 - eredeti akvarell festm\u00e9ny\\n\\nK\u00e9szterm\u00e9k, ez\u00e9rt..., Meska","image_title":"T\u00f6rpe nyuszi portr\u00e9 - eredeti akvarell festm\u00e9ny, Meska","view_count":"1385","favourite_count":"0","trending_score":"0","last2MonthFavouriteCount":"0","promotion":0,"giftcard_accept":"1","creditcard_accept":true,"enhanced_background":"0","domain":"meska","specific_customer_id":null,"specific_customer_name":null,"to_order_product":"0","to_order_product_time":"0","product_different":null,"product_different_description":"","vintage":"0","vintage_category_id":"0","recycled":"0","gemstone_id":"0","customizable":"0","type_category":"physical","zerowaste":"0","postage_price":"1490.00","shop_order":"0","has_category":"1","landing_pages":null,"microdata":{"number":50,"category":""},"title":"T\u00f6rpe nyuszi portr\u00e9 - eredeti akvarell festm\u00e9ny","description":"Hexart Design - Eredeti festm\u00e9ny\n\nT\u00f6rpe nyuszi portr\u00e9 - eredeti akvarell festm\u00e9ny\n\nK\u00e9szterm\u00e9k, ez\u00e9rt ha tetszik, akkor a megrendel\u00e9s ut\u00e1n n\u00e9h\u00e1ny napon bel\u00fcl k\u00e9zhez is kapod.\n\n\u201e \u201e \u201e Enn\u00e9l a t\u00f6rpe nyuszin\u00e1l a finoms\u00e1g \u00e9s a k\u00edv\u00e1ncsis\u00e1g volt a kiindul\u00f3pont. A puha barn\u00e1s-b\u00e9zses \u00e1rnyalatokat h\u0171v\u00f6s lil\u00e1s \u00e9s k\u00e9kes fr\u00f6ccsen\u00e9sekkel eg\u00e9sz\u00edtettem ki, hogy megmaradjon az akvarell k\u00f6nnyeds\u00e9ge \u00e9s j\u00e1t\u00e9koss\u00e1ga. A nagy, csillog\u00f3 szemek \u00e9s a lel\u00f3g\u00f3 f\u00fclek szerintem pont azt a csendes, bizalmas pillanatot id\u00e9zik, amikor egy nyuszi meg\u00e1ll, k\u00f6rben\u00e9z, \u00e9s figyel. Ez a festm\u00e9ny sz\u00e1momra a gyeng\u00e9ds\u00e9g \u00e9s a nyugalom apr\u00f3 lenyomata, egy kedves darab, ami finoman mosolyt csal az ember arc\u00e1ra. \u201d \u201d \u201d\n\nHa eredeti festm\u00e9nyt v\u00e1s\u00e1rolsz, igaz\u00e1n k\u00fcl\u00f6nleges t\u00e1rgy tulajdonosa lehetsz. Valamint remek aj\u00e1nd\u00e9k is lehet sz\u00fclet\u00e9snapra, kar\u00e1csonyra, \u00e9vfordul\u00f3ra stb.\n\nMegv\u00e1s\u00e1rolhatod keret n\u00e9lk\u00fcl vagy a k\u00e9pen l\u00e1that\u00f3 A4-es feh\u00e9r kerettel (fel\u00e1ras opci\u00f3ban) egy\u00fctt is.\n\nHa megn\u00e9zn\u00e9d, hogy jelenleg milyen k\u00e9sz \u00e9s eredeti festm\u00e9nyek el\u00e9rhet\u0151ek, akkor az al\u00e1bbi linkre kattintva megteheted:\nhttps:\/\/www.meska.hu\/shop\/Hexartdesign?s=68537\n\nHa esetleg nyomatban \/ reprodukci\u00f3ban gondolkodsz, n\u00e9zd meg hogy itt el\u00e9rhet\u0151-e: https:\/\/www.meska.hu\/shop\/Hexartdesign?s=64121\n\nHa a k\u00e9szterm\u00e9k kateg\u00f3ri\u00e1ban nem tal\u00e1lt\u00e1l sz\u00e1modra megfelel\u0151t, de szeretn\u00e9l saj\u00e1t fot\u00f3db\u00f3l festm\u00e9nyt, akkor v\u00e1laszd a Rendel\u00e9sre k\u00e9sz\u00fcl\u0151 \u00e1llatportr\u00e9k kateg\u00f3ri\u00e1t. Legyen sz\u00f3 kuty\u00e1r\u00f3l, cic\u00e1r\u00f3l, nyuszir\u00f3l vagy ak\u00e1r egzotikus \u00e1llatr\u00f3l fordulj hozz\u00e1m bizalommal. Kattints az al\u00e1bbi linkre:\nhttps:\/\/www.meska.hu\/shop\/Hexartdesign?s=72378\n\nTerm\u00e9kle\u00edr\u00e1s:\n\u2022 a festm\u00e9ny m\u00e9rete kb. A4-es: 210x297 mm\n\u2022 a legmagasabb f\u00e9ny\u00e1ll\u00f3s\u00e1ggal rendelkez\u0151 akvarell fest\u00e9kekkel \u00e9s ceruz\u00e1kkal k\u00e9sz\u00fclt\n\u2022 savmentes akvarell pap\u00edr\n\u2022 k\u00e9rheted keret n\u00e9lk\u00fcl (ha te szeretn\u00e9d keretezni) vagy feh\u00e9r kerettel (fel\u00e1ras opci\u00f3)\n\nA4-es feh\u00e9r keret (fel\u00e1ras opci\u00f3):\n\u2022 A4-es keret (a fot\u00f3n ez l\u00e1that\u00f3)\n\u2022 k\u00fcls\u0151 m\u00e9rete: 24x33 cm\n\u2022 el\u0151lapja polisztir\u00e9n m\u0171anyag\n\u2022 h\u00e1ts\u00f3 kit\u00e1maszt\u00f3val vagy falra akasztva is haszn\u00e1lhat\u00f3\n\nSzerz\u0151i jog:\nAz eredeti festm\u00e9ny tulajdonjoga a v\u00e1s\u00e1rl\u00f3\u00e9 lesz, azonban a v\u00e1s\u00e1rl\u00f3 a festm\u00e9nyt semmilyen form\u00e1ban nem m\u00e1solhatja, gy\u00e1rthatja \u00e9s sokszoros\u00edthatja. \n\nA k\u00e9p illusztr\u00e1ci\u00f3:\nA k\u00e9pen l\u00e1that\u00f3 kieg\u00e9sz\u00edt\u0151 dekor\u00e1ci\u00f3s k\u00f6rnyezet csak illusztr\u00e1ci\u00f3, ami nem k\u00e9pezi a term\u00e9k r\u00e9sz\u00e9t. A feh\u00e9r A4-es keret fel\u00e1ras opci\u00f3.","score":0,"formatted_price":"24 900 Ft","image_url":"https:\/\/www.meska.hu\/img\/product\/small\/h\/e\/hexartdesign_product_371419_230524103227_73962.jpeg","formatted_url":"https:\/\/www.meska.hu\/p4984800-torpe-nyuszi-portre-eredeti-akvarell-festmeny","favourite":false,"in_stock":true,"avatar":"Hexartdesign_avatar_371419_1589358772.jpg","delete_from":0,"is_enhanced_background":false,"is_enhanced":false,"product_selection_started":false,"is_active":true,"image_webp_url":"https:\/\/www.meska.hu\/img\/product\/small\/h\/e\/hexartdesign_product_371419_230524103227_73962.webp"},{"id":"4442263","shop_id":"23360","user_id":"259843","shop_name":"bogyika17","shop_zip":"7200","product_code":"4033045","product_name_old":null,"product_name":"Ujjb\u00e1bok csomagban: H\u00f3feh\u00e9rke \u00e9s a 7 t\u00f6rpe","category_string":"J\u00e1t\u00e9k & Sport, B\u00e1bok, B\u00e1b k\u00e9szlet","technic_string":"Varr\u00e1s","category_1":"305","category_2":"342","category_3":"1096","category_4":"0","merged_category_1":"0","merged_category_2":"784","merged_category_3":"0","technic_1":"506","technic_2":"0","technic_3":"0","color_1":"522","color_2":"523","color_3":"527","product_description_old":null,"product_description":"Ugye felismeri a mese szerepl\u0151it! K\u00e9zzel varrt kedves kis figur\u00e1k, elj\u00e1tszhat\u00f3 vel\u00fck a mese.\nFeln\u0151tt \u00e9s gyermekk\u00e9zre is alkalmasak .M\u00e9ret\u00fck 8-10 cm. A k\u00e9szlet 11 darabos.Kerlek n\u00e9zd meg t\u00f6bbi ujjb\u00e1bomat, k\u00e9szleteket a term\u00e9keim k\u00f6z\u00f6tt. \u00d3vod\u00e1soknak,kisiskol\u00e1soknak kedvence.","price":"11000.00","unit":"db","recommended":"0","status":"1","sponsored":"0","exp_notify":"0","own_material":"0","own_material_description_old":null,"own_material_description":"","jury":"0","jury_number":"","product_nature":"","meskaracsony":"0","create_date":"2026-01-12 10:55:30","shelve_id":"52469","image":"bogyika17_product_259843_210211125443_796620.jpeg","image_width":"480","image_height":"640","image_alt":"Ujjb\u00e1bok csomagban: H\u00f3feh\u00e9rke \u00e9s a 7 t\u00f6rpe, Ugye felismeri a mese szerepl\u0151it! K\u00e9zzel varrt kedves kis figur\u00e1k, elj\u00e1tszhat\u00f3 vel\u00fck a mese.\\nFeln\u0151tt..., Meska","image_title":"Ujjb\u00e1bok csomagban: H\u00f3feh\u00e9rke \u00e9s a 7 t\u00f6rpe, Meska","view_count":"1382","favourite_count":"0","trending_score":"0","last2MonthFavouriteCount":"0","promotion":"0","giftcard_accept":"1","creditcard_accept":true,"enhanced_background":"0","domain":"meska","specific_customer_id":null,"specific_customer_name":null,"to_order_product":"1","to_order_product_time":"10","product_different":"not_different","product_different_description":"","vintage":"0","vintage_category_id":"0","recycled":"0","gemstone_id":"0","customizable":"0","type_category":"physical","zerowaste":"0","postage_price":"1290.00","shop_order":"0","has_category":"1","landing_pages":null,"microdata":{"number":51,"category":""},"title":"Ujjb\u00e1bok csomagban: H\u00f3feh\u00e9rke \u00e9s a 7 t\u00f6rpe","description":"Ugye felismeri a mese szerepl\u0151it! K\u00e9zzel varrt kedves kis figur\u00e1k, elj\u00e1tszhat\u00f3 vel\u00fck a mese.\nFeln\u0151tt \u00e9s gyermekk\u00e9zre is alkalmasak .M\u00e9ret\u00fck 8-10 cm. A k\u00e9szlet 11 darabos.Kerlek n\u00e9zd meg t\u00f6bbi ujjb\u00e1bomat, k\u00e9szleteket a term\u00e9keim k\u00f6z\u00f6tt. \u00d3vod\u00e1soknak,kisiskol\u00e1soknak kedvence.","score":0,"formatted_price":"11 000 Ft","image_url":"https:\/\/www.meska.hu\/img\/product\/small\/b\/o\/bogyika17_product_259843_210211125443_796620.jpeg","formatted_url":"https:\/\/www.meska.hu\/p4033045-hofeherke-ujjbabok","favourite":false,"in_stock":false,"avatar":"259843_avatar_1775803726.jpeg","delete_from":0,"is_enhanced_background":false,"is_enhanced":false,"product_selection_started":false,"is_active":true,"image_webp_url":"https:\/\/www.meska.hu\/img\/product\/small\/b\/o\/bogyika17_product_259843_210211125443_796620.webp"},{"id":"3155517","shop_id":"26614","user_id":"322886","shop_name":"holdfeny3","shop_zip":"9028","product_code":"4701679","product_name_old":null,"product_name":"Gl\u00f3ri\u00e1s angyalk\u00e1k, gy\u00f6ngy, aj\u00e1nd\u00e9k, aj\u00e1nd\u00e9k k\u00eds\u00e9r\u0151, Kar\u00e1csony, T\u00e9lap\u00f3, Advent, \u00f6tlet, aut\u00f3s amulett, kulcstart\u00f3","category_string":"Kar\u00e1csony, Kar\u00e1csonyi aj\u00e1nd\u00e9koz\u00e1s, Kar\u00e1csonyi k\u00e9peslap, \u00fcdv\u00f6zl\u0151lap, aj\u00e1nd\u00e9kk\u00eds\u00e9r\u0151","technic_string":"\u00c9kszerk\u00e9sz\u00edt\u00e9s, Gy\u00f6ngyf\u0171z\u00e9s, gy\u00f6ngyh\u00edmz\u00e9s","category_1":"319","category_2":"1296","category_3":"1008","category_4":"0","merged_category_1":null,"merged_category_2":null,"merged_category_3":null,"technic_1":"477","technic_2":"485","technic_3":"0","color_1":"518","color_2":"522","color_3":"0","product_description_old":null,"product_description":"Kar\u00e1csony fel\u00e9 k\u00f6zeledve egyre t\u00f6bbsz\u00f6r tal\u00e1lkozunk az angyalokkal. :)\nAz angyalok term\u00e9szetfeletti, szellemi l\u00e9nyek, melyekr\u0151l els\u0151re a seg\u00edts\u00e9g, v\u00e9delem, szerencse, gy\u00f3gy\u00edt\u00e1s, harc, j\u00f3slat jut esz\u00fcnkbe.\n\n10 mm akril \u00e9s 6*8 mm donut gy\u00f6ngy\u00f6ket haszn\u00e1ltam, kis gl\u00f3ri\u00e1val a fej\u00fck\u00f6n :)\n\nHosszuk 3 cm,karika n\u00e9lk\u00fcl.\n\nEz\u00fcst sz\u00e1llal k\u00fcld\u00f6m, \u00edgy felteheted t\u00e1sk\u00e1ra, csomag szalagj\u00e1ra, dobozk\u00e1ra, aj\u00e1nd\u00e9kk\u00eds\u00e9r\u0151nek, haszn\u00e1lhatod amulettk\u00e9nt, aut\u00f3s f\u00fcgg\u0151k\u00e9nt, de beteheted Adventi napt\u00e1rba, de adhatod egy szeretett szem\u00e9lynek, akir\u0151l az \"angyali\" sz\u00f3 jut eszedbe. :)\n\nA csomag 5 db angyalk\u00e1t tartalmaz.\n\n\nA lila angyal spiritualit\u00e1st, nemess\u00e9get, kreativit\u00e1st jelent, a f\u00fcggetlens\u00e9g sz\u00edne.\n\n\n\n","price":"2250.00","unit":"cs","recommended":"0","status":"1","sponsored":"0","exp_notify":"0","own_material":"0","own_material_description_old":null,"own_material_description":"","jury":"0","jury_number":"","product_nature":"","meskaracsony":"0","create_date":"2026-02-17 19:32:37","shelve_id":"60438","image":"holdfeny3_product_322886_221103183626_916893.jpeg","image_width":"480","image_height":"364","image_alt":"Gl\u00f3ri\u00e1s angyalk\u00e1k, gy\u00f6ngy, aj\u00e1nd\u00e9k, aj\u00e1nd\u00e9k k\u00eds\u00e9r\u0151, Kar\u00e1csony, T\u00e9lap\u00f3, Advent, \u00f6tlet, aut\u00f3s amulett, kulcstart\u00f3, Kar\u00e1csony fel\u00e9 k\u00f6zeledve egyre t\u00f6bbsz\u00f6r tal\u00e1lkozunk az angyalokkal. :)\\nAz angyalok term\u00e9szetfeletti,..., Meska","image_title":"Gl\u00f3ri\u00e1s angyalk\u00e1k, gy\u00f6ngy, aj\u00e1nd\u00e9k, aj\u00e1nd\u00e9k k\u00eds\u00e9r\u0151, Kar\u00e1csony, T\u00e9lap\u00f3, Advent, \u00f6tlet, aut\u00f3s amulett, kulcstart\u00f3, Meska","view_count":"1407","favourite_count":"0","trending_score":"0","last2MonthFavouriteCount":"0","promotion":"0","giftcard_accept":"1","creditcard_accept":false,"enhanced_background":"0","domain":"meska","specific_customer_id":null,"specific_customer_name":null,"to_order_product":"0","to_order_product_time":"0","product_different":null,"product_different_description":"","vintage":"0","vintage_category_id":"0","recycled":"0","gemstone_id":"0","customizable":"0","type_category":"physical","zerowaste":"0","postage_price":"2390.00","shop_order":"1","has_category":"1","landing_pages":null,"microdata":{"number":52,"category":""},"title":"Gl\u00f3ri\u00e1s angyalk\u00e1k, gy\u00f6ngy, aj\u00e1nd\u00e9k, aj\u00e1nd\u00e9k k\u00eds\u00e9r\u0151, Kar\u00e1csony, T\u00e9lap\u00f3, Advent, \u00f6tlet, aut\u00f3s amulett, kulcstart\u00f3","description":"Kar\u00e1csony fel\u00e9 k\u00f6zeledve egyre t\u00f6bbsz\u00f6r tal\u00e1lkozunk az angyalokkal. :)\nAz angyalok term\u00e9szetfeletti, szellemi l\u00e9nyek, melyekr\u0151l els\u0151re a seg\u00edts\u00e9g, v\u00e9delem, szerencse, gy\u00f3gy\u00edt\u00e1s, harc, j\u00f3slat jut esz\u00fcnkbe.\n\n10 mm akril \u00e9s 6*8 mm donut gy\u00f6ngy\u00f6ket haszn\u00e1ltam, kis gl\u00f3ri\u00e1val a fej\u00fck\u00f6n :)\n\nHosszuk 3 cm,karika n\u00e9lk\u00fcl.\n\nEz\u00fcst sz\u00e1llal k\u00fcld\u00f6m, \u00edgy felteheted t\u00e1sk\u00e1ra, csomag szalagj\u00e1ra, dobozk\u00e1ra, aj\u00e1nd\u00e9kk\u00eds\u00e9r\u0151nek, haszn\u00e1lhatod amulettk\u00e9nt, aut\u00f3s f\u00fcgg\u0151k\u00e9nt, de beteheted Adventi napt\u00e1rba, de adhatod egy szeretett szem\u00e9lynek, akir\u0151l az \"angyali\" sz\u00f3 jut eszedbe. :)\n\nA csomag 5 db angyalk\u00e1t tartalmaz.\n\n\nA lila angyal spiritualit\u00e1st, nemess\u00e9get, kreativit\u00e1st jelent, a f\u00fcggetlens\u00e9g sz\u00edne.\n\n\n\n","score":0,"formatted_price":"2 250 Ft","image_url":"https:\/\/www.meska.hu\/img\/product\/small\/h\/o\/holdfeny3_product_322886_221103183626_916893.jpeg","formatted_url":"https:\/\/www.meska.hu\/p4701679-glorias-angyalkak-gyongy-ajandek-ajandek-kisero-karacsony-telapo-advent-otlet-autos-amulett-kulcstarto","favourite":false,"in_stock":true,"avatar":"322886_avatar_1697972367.jpeg","delete_from":0,"is_enhanced_background":false,"is_enhanced":false,"product_selection_started":false,"is_active":true,"image_webp_url":"https:\/\/www.meska.hu\/img\/product\/small\/h\/o\/holdfeny3_product_322886_221103183626_916893.webp"},{"id":"4877915","shop_id":"24252","user_id":"275775","shop_name":"vintageajandek","shop_zip":"8225","product_code":"5003616","product_name_old":null,"product_name":" Vintage  p\u00e1rizsi mint\u00e0s \u00e9kszertart\u00f3 doboz\/varr\u00f3s doboz k\u00f6nyv form\u00e1j\u00fa","category_string":"\u00c9kszer, \u00c9kszertart\u00f3, \u00c9kszerdoboz","technic_string":"Decoupage, transzfer \u00e9s szalv\u00e9tatechnika, Festett t\u00e1rgyak","category_1":"327","category_2":"565","category_3":"1207","category_4":"0","merged_category_1":null,"merged_category_2":null,"merged_category_3":null,"technic_1":"476","technic_2":"481","technic_3":"0","color_1":"514","color_2":"515","color_3":"522","product_description_old":null,"product_description":"Kar\u00e1csonyi aj\u00e1nd\u00e9k \u00f6tlet\nK\u00fcl\u00f6nleges st\u00edlus\u00fa  vintage p\u00e1rizsi mint\u00e1s \u00e9kszertart\u00f3 doboz\/ varr\u00f3s doboz.\nK\u00f6nyv form\u00e1j\u00fa  doboz.\nA dobozt alapoz\u00e1s ut\u00e1n t\u00f6bb r\u00e9tegben dekor fest\u00e9kkel \u00e9s laz\u00farral vontam be, vintage   mint\u00e1val d\u00edsz\u00edtettem \u00e9s a k\u00e9sz term\u00e9ket k\u00e9t r\u00e9teg\u0171 f\u00e9nyes lakkal fedtem be.\nK\u00edv\u00fcl \u00e9s bel\u00fcl is  stencil mint\u00e1val d\u00edsz\u00edtettem.\nT\u00f6bbf\u00e9le mint\u00e1val k\u00e9sz\u00fclt dobozt tal\u00e1lhatsz boltomban.\nAmennyiben egyedi elk\u00e9pzel\u00e9sed van,egyeztet\u00fcnk \u00e9s megval\u00f3s\u00edtom neked.\nSz\u00e1raz ruh\u00e1val tiszt\u00edthat\u00f3.\nM\u00e9ret:  20 x 14 cm  , magass\u00e1g: 4,5 cm\nLak\u00e1sod d\u00edsze lehet.\nEzzel a mint\u00e1val tal\u00e1lsz m\u00e1s kieg\u00e9sz\u00edt\u0151t is a term\u00e9keim k\u00f6z\u00f6tt.\nSz\u00fclet\u00e9snapra,n\u00e9vnapra  \u00e9s any\u00e1k napj\u00e1ra is k\u00fcl\u00f6nleges aj\u00e1nd\u00e9k,\nK\u00e9r\u00e9sedre k\u00f6zvetlen\u00fcl a megaj\u00e1nd\u00e9kozottnak is tudjuk post\u00e1zni.\n\n\n","price":"3850.00","unit":"db","recommended":"0","status":"1","sponsored":"0","exp_notify":"0","own_material":"0","own_material_description_old":null,"own_material_description":"","jury":"0","jury_number":"","product_nature":"","meskaracsony":"0","create_date":"2026-03-08 15:38:13","shelve_id":"55898","image":"vintageajandek_product_275775_230621090817_740259.jpeg","image_width":"480","image_height":"480","image_alt":" Vintage  p\u00e1rizsi mint\u00e0s \u00e9kszertart\u00f3 doboz\/varr\u00f3s doboz k\u00f6nyv form\u00e1j\u00fa, Kar\u00e1csonyi aj\u00e1nd\u00e9k \u00f6tlet\\nK\u00fcl\u00f6nleges st\u00edlus\u00fa  vintage p\u00e1rizsi mint\u00e1s \u00e9kszertart\u00f3 doboz\/ varr\u00f3s doboz...., Meska","image_title":" Vintage  p\u00e1rizsi mint\u00e0s \u00e9kszertart\u00f3 doboz\/varr\u00f3s doboz k\u00f6nyv form\u00e1j\u00fa, Meska","view_count":"1390","favourite_count":"0","trending_score":"0","last2MonthFavouriteCount":"0","promotion":0,"giftcard_accept":"0","creditcard_accept":false,"enhanced_background":"0","domain":"meska","specific_customer_id":null,"specific_customer_name":null,"to_order_product":"0","to_order_product_time":"0","product_different":null,"product_different_description":"","vintage":"0","vintage_category_id":"0","recycled":"0","gemstone_id":"0","customizable":"0","type_category":"physical","zerowaste":"0","postage_price":"1290.00","shop_order":"0","has_category":"1","landing_pages":null,"microdata":{"number":53,"category":""},"title":" Vintage  p\u00e1rizsi mint\u00e0s \u00e9kszertart\u00f3 doboz\/varr\u00f3s doboz k\u00f6nyv form\u00e1j\u00fa","description":"Kar\u00e1csonyi aj\u00e1nd\u00e9k \u00f6tlet\nK\u00fcl\u00f6nleges st\u00edlus\u00fa  vintage p\u00e1rizsi mint\u00e1s \u00e9kszertart\u00f3 doboz\/ varr\u00f3s doboz.\nK\u00f6nyv form\u00e1j\u00fa  doboz.\nA dobozt alapoz\u00e1s ut\u00e1n t\u00f6bb r\u00e9tegben dekor fest\u00e9kkel \u00e9s laz\u00farral vontam be, vintage   mint\u00e1val d\u00edsz\u00edtettem \u00e9s a k\u00e9sz term\u00e9ket k\u00e9t r\u00e9teg\u0171 f\u00e9nyes lakkal fedtem be.\nK\u00edv\u00fcl \u00e9s bel\u00fcl is  stencil mint\u00e1val d\u00edsz\u00edtettem.\nT\u00f6bbf\u00e9le mint\u00e1val k\u00e9sz\u00fclt dobozt tal\u00e1lhatsz boltomban.\nAmennyiben egyedi elk\u00e9pzel\u00e9sed van,egyeztet\u00fcnk \u00e9s megval\u00f3s\u00edtom neked.\nSz\u00e1raz ruh\u00e1val tiszt\u00edthat\u00f3.\nM\u00e9ret:  20 x 14 cm  , magass\u00e1g: 4,5 cm\nLak\u00e1sod d\u00edsze lehet.\nEzzel a mint\u00e1val tal\u00e1lsz m\u00e1s kieg\u00e9sz\u00edt\u0151t is a term\u00e9keim k\u00f6z\u00f6tt.\nSz\u00fclet\u00e9snapra,n\u00e9vnapra  \u00e9s any\u00e1k napj\u00e1ra is k\u00fcl\u00f6nleges aj\u00e1nd\u00e9k,\nK\u00e9r\u00e9sedre k\u00f6zvetlen\u00fcl a megaj\u00e1nd\u00e9kozottnak is tudjuk post\u00e1zni.\n\n\n","score":0,"formatted_price":"3 850 Ft","image_url":"https:\/\/www.meska.hu\/img\/product\/small\/v\/i\/vintageajandek_product_275775_230621090817_740259.jpeg","formatted_url":"https:\/\/www.meska.hu\/p5003616-vintage-parizsi-mintas-ekszertarto-doboz-varros-doboz-konyv-formaju","favourite":false,"in_stock":true,"avatar":"vintageajandek_avatar_275775_1522942095.jpg","delete_from":0,"is_enhanced_background":false,"is_enhanced":false,"product_selection_started":false,"is_active":true,"image_webp_url":"https:\/\/www.meska.hu\/img\/product\/small\/v\/i\/vintageajandek_product_275775_230621090817_740259.webp"},{"id":"4652684","shop_id":"38815","user_id":"527865","shop_name":"MimiMakrame","shop_zip":"5900","product_code":"4863675","product_name_old":null,"product_name":"Makram\u00e9 sz\u00edv kulcstart\u00f3","category_string":"T\u00e1ska & Tok, Kulcstart\u00f3 & T\u00e1skad\u00edsz, Kulcstart\u00f3","technic_string":"Csom\u00f3z\u00e1s","category_1":"464","category_2":"390","category_3":"1037","category_4":"0","merged_category_1":null,"merged_category_2":null,"merged_category_3":null,"technic_1":"475","technic_2":"0","technic_3":"0","color_1":"522","color_2":"0","color_3":"0","product_description_old":null,"product_description":"T\u00e1ska d\u00edsznek, kulcstart\u00f3nak egyar\u00e1nt haszn\u00e1lhat\u00f3 makram\u00e9 sz\u00edv alak\u00fa d\u00edsz.\n\nEgyedi ig\u00e9ny eset\u00e9n vedd fel velem a kapcsolatot.\n","price":"2490.00","unit":"db","recommended":"0","status":"1","sponsored":"0","exp_notify":"0","own_material":"0","own_material_description_old":null,"own_material_description":"","jury":"0","jury_number":"","product_nature":"","meskaracsony":"0","create_date":"2026-04-09 17:25:48","shelve_id":"0","image":"mimimakrame_product_527865_251210164653_276545.jpeg","image_width":"480","image_height":"640","image_alt":"Makram\u00e9 sz\u00edv kulcstart\u00f3, T\u00e1ska d\u00edsznek, kulcstart\u00f3nak egyar\u00e1nt haszn\u00e1lhat\u00f3 makram\u00e9 sz\u00edv alak\u00fa d\u00edsz.\\n\\nEgyedi ig\u00e9ny eset\u00e9n vedd..., Meska","image_title":"Makram\u00e9 sz\u00edv kulcstart\u00f3, Meska","view_count":"1363","favourite_count":"0","trending_score":"0","last2MonthFavouriteCount":"0","promotion":"0","giftcard_accept":"0","creditcard_accept":true,"enhanced_background":"0","domain":"meska","specific_customer_id":null,"specific_customer_name":null,"to_order_product":"0","to_order_product_time":"0","product_different":null,"product_different_description":"","vintage":"0","vintage_category_id":"0","recycled":"1","gemstone_id":"0","customizable":"0","type_category":"physical","zerowaste":"0","postage_price":"1290.00","shop_order":"0","has_category":"1","landing_pages":null,"microdata":{"number":54,"category":""},"title":"Makram\u00e9 sz\u00edv kulcstart\u00f3","description":"T\u00e1ska d\u00edsznek, kulcstart\u00f3nak egyar\u00e1nt haszn\u00e1lhat\u00f3 makram\u00e9 sz\u00edv alak\u00fa d\u00edsz.\n\nEgyedi ig\u00e9ny eset\u00e9n vedd fel velem a kapcsolatot.\n","score":0,"formatted_price":"2 490 Ft","image_url":"https:\/\/www.meska.hu\/img\/product\/small\/m\/i\/mimimakrame_product_527865_251210164653_276545.jpeg","formatted_url":"https:\/\/www.meska.hu\/p4863675-makrame-sziv-kulcstarto","favourite":false,"in_stock":true,"avatar":"527865_avatar_1666013194.jpeg","delete_from":0,"is_enhanced_background":false,"is_enhanced":false,"product_selection_started":false,"is_active":true,"image_webp_url":"https:\/\/www.meska.hu\/img\/product\/small\/m\/i\/mimimakrame_product_527865_251210164653_276545.webp"},{"id":"3429567","shop_id":"24701","user_id":"284518","shop_name":"lyndhaa","shop_zip":"2942","product_code":"4347807","product_name_old":null,"product_name":"F\u00e9nyk\u00e9pes ametiszt \u00e1sv\u00e1ny kark\u00f6t\u0151","category_string":"\u00c9kszer, Kark\u00f6t\u0151, N\u00e9vre sz\u00f3l\u00f3 kark\u00f6t\u0151","technic_string":"\u00c9kszerk\u00e9sz\u00edt\u00e9s","category_1":"327","category_2":"333","category_3":"1237","category_4":"0","merged_category_1":null,"merged_category_2":null,"merged_category_3":null,"technic_1":"477","technic_2":"0","technic_3":"0","color_1":"522","color_2":"0","color_3":"0","product_description_old":null,"product_description":"Ha szeretn\u00e9l sz\u00edvet melenget\u0151, egyedi aj\u00e1nd\u00e9kot, akkor lepd meg magadat vagy szeretteidet egy f\u00e9nyk\u00e9pes \u00e1sv\u00e1ny kark\u00f6t\u0151vel. A megrendel\u00e9shez egy k\u00e9pre \u00e9s egy csukl\u00f3m\u00e9retre lesz majd sz\u00fcks\u00e9gem( aj\u00e1nd\u00e9k eset\u00e9n megoldjuk) A gy\u00f6ngy\u00f6ket er\u0151s gumis damilra f\u0171z\u00f6m. A med\u00e1l amelybe a f\u00e9nyk\u00e9pet ragaszt\u00f3 nemesac\u00e9l, nem kopik, nem fakul, nem allergiz\u00e1l, f\u00e9m\u00e9rz\u00e9kenys\u00e9g eset\u00e9n is hordhat\u00f3. A f\u00e9nyk\u00e9p m\u00e9rete 20mm. \nV\u00e1laszthat\u00f3 csak ametiszt \u00e1sv\u00e1nyokb\u00f3l vagy m\u00e1s \u00e1sv\u00e1nnyal kombin\u00e1lva.","price":"5490.00","unit":"db","recommended":"0","status":"1","sponsored":"0","exp_notify":"0","own_material":"0","own_material_description_old":null,"own_material_description":"","jury":"0","jury_number":"","product_nature":"","meskaracsony":"0","create_date":"2026-04-03 15:26:05","shelve_id":"0","image":"lyndhaa_product_284518_240907151726_847766.jpeg","image_width":"480","image_height":"480","image_alt":"F\u00e9nyk\u00e9pes ametiszt \u00e1sv\u00e1ny kark\u00f6t\u0151, Ha szeretn\u00e9l sz\u00edvet melenget\u0151, egyedi aj\u00e1nd\u00e9kot, akkor lepd meg magadat vagy szeretteidet egy f\u00e9nyk\u00e9..., Meska","image_title":"F\u00e9nyk\u00e9pes ametiszt \u00e1sv\u00e1ny kark\u00f6t\u0151, Meska","view_count":"1341","favourite_count":"0","trending_score":"0","last2MonthFavouriteCount":"0","promotion":"0","giftcard_accept":"1","creditcard_accept":true,"enhanced_background":"0","domain":"meska","specific_customer_id":null,"specific_customer_name":null,"to_order_product":"1","to_order_product_time":"10","product_different":null,"product_different_description":"","vintage":"0","vintage_category_id":"0","recycled":"0","gemstone_id":"0","customizable":"1","type_category":"physical","zerowaste":"0","postage_price":"2390.00","shop_order":"0","has_category":"1","landing_pages":null,"microdata":{"number":55,"category":""},"title":"F\u00e9nyk\u00e9pes ametiszt \u00e1sv\u00e1ny kark\u00f6t\u0151","description":"Ha szeretn\u00e9l sz\u00edvet melenget\u0151, egyedi aj\u00e1nd\u00e9kot, akkor lepd meg magadat vagy szeretteidet egy f\u00e9nyk\u00e9pes \u00e1sv\u00e1ny kark\u00f6t\u0151vel. A megrendel\u00e9shez egy k\u00e9pre \u00e9s egy csukl\u00f3m\u00e9retre lesz majd sz\u00fcks\u00e9gem( aj\u00e1nd\u00e9k eset\u00e9n megoldjuk) A gy\u00f6ngy\u00f6ket er\u0151s gumis damilra f\u0171z\u00f6m. A med\u00e1l amelybe a f\u00e9nyk\u00e9pet ragaszt\u00f3 nemesac\u00e9l, nem kopik, nem fakul, nem allergiz\u00e1l, f\u00e9m\u00e9rz\u00e9kenys\u00e9g eset\u00e9n is hordhat\u00f3. A f\u00e9nyk\u00e9p m\u00e9rete 20mm. \nV\u00e1laszthat\u00f3 csak ametiszt \u00e1sv\u00e1nyokb\u00f3l vagy m\u00e1s \u00e1sv\u00e1nnyal kombin\u00e1lva.","score":0,"formatted_price":"5 490 Ft","image_url":"https:\/\/www.meska.hu\/img\/product\/small\/l\/y\/lyndhaa_product_284518_240907151726_847766.jpeg","formatted_url":"https:\/\/www.meska.hu\/p4347807-fenykepes-ametiszt-asvany-karkoto","favourite":false,"in_stock":false,"avatar":"lyndhaa_avatar_284518_1561120785.jpg","delete_from":0,"is_enhanced_background":false,"is_enhanced":false,"product_selection_started":false,"is_active":true,"image_webp_url":"https:\/\/www.meska.hu\/img\/product\/small\/l\/y\/lyndhaa_product_284518_240907151726_847766.webp"},{"id":"4544612","shop_id":"38805","user_id":"527784","shop_name":"Sziszkakreativ","shop_zip":"2013","product_code":"4811486","product_name_old":null,"product_name":"Montessori labda .","category_string":"J\u00e1t\u00e9k & Sport, K\u00e9szs\u00e9gfejleszt\u0151 \u00e9s Logikai j\u00e1t\u00e9k, Logikai j\u00e1t\u00e9kok","technic_string":"Varr\u00e1s","category_1":"305","category_2":"347","category_3":"1375","category_4":"0","merged_category_1":"0","merged_category_2":"784","merged_category_3":"0","technic_1":"506","technic_2":"0","technic_3":"0","color_1":"522","color_2":"532","color_3":"0","product_description_old":null,"product_description":"Montessori labda a legkisebbek labd\u00e1ja. Nagyon k\u00f6zkedvelt j\u00e1t\u00e9k ,m\u00e1r p\u00e1rhetes kort\u00f3l oda lehet adni a bab\u00e1nak.A labda szerepet j\u00e1tszik\u00a0 a fejl\u0151d\u00e9s minden szakasz\u00e1ban. M\u00e1s m\u00e1s kih\u00edv\u00e1st biztos\u00edt a baba sz\u00e1m\u00e1ra. Mindezt an\u00e9lk\u00fcl, hogy megterheln\u00e9 a kicsi \u00e9rz\u00e9kszerveit. El\u0151sz\u00f6r vizu\u00e1lisan,mint ide oda gurul\u00f3 sz\u00ednes g\u00f6mb,majd mint foghat\u00f3 tapinthat\u00f3 t\u00e1rgy.K\u00e9s\u00f6bb eredeti funkci\u00f3j\u00e1t bet\u00f6ltve labda k\u00e9nt szerez  \u00f6r\u00f6met a gyerekeknek.\n\nAnyaga : sz\u00ednes textil\nT\u00f6m\u00f6anyaga : p\u00e1rn\u00e1k k\u00e9szit\u00e9s\u00e9hez   haszn\u00e1lt t\u00f6m\u00f6anyaga .\nM\u00e9rete : 16cm  k\u00e9zzel k\u00e9sz\u00fclt lehet elt\u00e9r\u00e9s \nMoshat\u00f3 30 fokon kim\u00e9lve, Sz\u00e1rit\u00f3 g\u00e9pet nem b\u00edrja. \n","price":"4990.00","unit":"db","recommended":"0","status":"1","sponsored":"0","exp_notify":"0","own_material":"0","own_material_description_old":null,"own_material_description":"","jury":"0","jury_number":"","product_nature":"","meskaracsony":"0","create_date":"2026-01-30 14:58:50","shelve_id":"0","image":"sziszkakreativ_product_527784_221018091234_61472.jpeg","image_width":"480","image_height":"480","image_alt":"Montessori labda ., Montessori labda a legkisebbek labd\u00e1ja. Nagyon k\u00f6zkedvelt j\u00e1t\u00e9k ,m\u00e1r p\u00e1rhetes kort\u00f3l oda lehet adni ..., Meska","image_title":"Montessori labda ., Meska","view_count":"1343","favourite_count":"0","trending_score":"0","last2MonthFavouriteCount":"0","promotion":"0","giftcard_accept":"0","creditcard_accept":false,"enhanced_background":"0","domain":"meska","specific_customer_id":null,"specific_customer_name":null,"to_order_product":"1","to_order_product_time":"2","product_different":null,"product_different_description":"","vintage":"0","vintage_category_id":"0","recycled":"0","gemstone_id":"0","customizable":"1","type_category":"physical","zerowaste":"0","postage_price":"1290.00","shop_order":"0","has_category":"1","landing_pages":null,"microdata":{"number":56,"category":""},"title":"Montessori labda .","description":"Montessori labda a legkisebbek labd\u00e1ja. Nagyon k\u00f6zkedvelt j\u00e1t\u00e9k ,m\u00e1r p\u00e1rhetes kort\u00f3l oda lehet adni a bab\u00e1nak.A labda szerepet j\u00e1tszik\u00a0 a fejl\u0151d\u00e9s minden szakasz\u00e1ban. M\u00e1s m\u00e1s kih\u00edv\u00e1st biztos\u00edt a baba sz\u00e1m\u00e1ra. Mindezt an\u00e9lk\u00fcl, hogy megterheln\u00e9 a kicsi \u00e9rz\u00e9kszerveit. El\u0151sz\u00f6r vizu\u00e1lisan,mint ide oda gurul\u00f3 sz\u00ednes g\u00f6mb,majd mint foghat\u00f3 tapinthat\u00f3 t\u00e1rgy.K\u00e9s\u00f6bb eredeti funkci\u00f3j\u00e1t bet\u00f6ltve labda k\u00e9nt szerez  \u00f6r\u00f6met a gyerekeknek.\n\nAnyaga : sz\u00ednes textil\nT\u00f6m\u00f6anyaga : p\u00e1rn\u00e1k k\u00e9szit\u00e9s\u00e9hez   haszn\u00e1lt t\u00f6m\u00f6anyaga .\nM\u00e9rete : 16cm  k\u00e9zzel k\u00e9sz\u00fclt lehet elt\u00e9r\u00e9s \nMoshat\u00f3 30 fokon kim\u00e9lve, Sz\u00e1rit\u00f3 g\u00e9pet nem b\u00edrja. \n","score":0,"formatted_price":"4 990 Ft","image_url":"https:\/\/www.meska.hu\/img\/product\/small\/s\/z\/sziszkakreativ_product_527784_221018091234_61472.jpeg","formatted_url":"https:\/\/www.meska.hu\/p4811486-montessori-labda","favourite":false,"in_stock":false,"avatar":"527784_avatar_1665996767.jpeg","delete_from":0,"is_enhanced_background":false,"is_enhanced":false,"product_selection_started":false,"is_active":true,"image_webp_url":"https:\/\/www.meska.hu\/img\/product\/small\/s\/z\/sziszkakreativ_product_527784_221018091234_61472.webp"},{"id":"3437168","shop_id":"18878","user_id":"173903","shop_name":"paracordmania","shop_zip":"1183","product_code":"3653179","product_name_old":null,"product_name":"- Twin Cord - \u00e1ll\u00edthat\u00f3 m\u00e9ret\u0171 kark\u00f6t\u0151, Unikornis sz\u00ednv\u00e1ltozatban","category_string":"\u00c9kszer, Kark\u00f6t\u0151, Fonott kark\u00f6t\u0151","technic_string":"Csom\u00f3z\u00e1s, \u00c9kszerk\u00e9sz\u00edt\u00e9s","category_1":"327","category_2":"333","category_3":"1232","category_4":"0","merged_category_1":"0","merged_category_2":"0","merged_category_3":"0","technic_1":"475","technic_2":"477","technic_3":"0","color_1":"519","color_2":"522","color_3":"525","product_description_old":null,"product_description":"Aj\u00e1nd\u00e9knak sz\u00e1nod ezt a term\u00e9ket? Szeretn\u00e9l hozz\u00e1 egyedi d\u00edszcsomagol\u00e1st? Akkor eg\u00e9sz\u00edtsd ki a v\u00e1s\u00e1rl\u00e1sod grav\u00edrozott k\u00eds\u00e9r\u0151 k\u00e1rty\u00e1val \u00e9s ez\u00fcst sz\u00edn\u0171 szat\u00e9n aj\u00e1nd\u00e9ktasakkal (utols\u00f3 k\u00e9p). A d\u00edszcsomagol\u00e1st a \u201eKieg\u00e9sz\u00edt\u0151\u201d leg\u00f6rd\u00fcl\u0151 men\u00fcben adhatod a kosaradhoz. A k\u00e1rtya 34x51 mm-es egy oldal\u00e1n grav\u00edrozott ny\u00e1rfa r\u00e9tegelt lemez, a tetej\u00e9n lyukkal, amivel a szat\u00e9n tasakra (a m\u00e9rete 100x150 mm) r\u00f6gz\u00edtheted. A grav\u00edrozand\u00f3 sz\u00f6veget a Kos\u00e1rban, az \u00dczenet r\u00e9szben adhatod meg.\n--- --- --- --- --- ---\n\nK\u00fcl\u00f6nleges PPM cord alapanyagb\u00f3l k\u00e9sz\u00fcl\u0151 kark\u00f6t\u0151 v\u00e1ltozatos sz\u00ednekben. K\u00e9t egym\u00e1ssal p\u00e1rhuzamosan fut\u00f3 k\u00f6t\u00e9l, mely \u00e1ll\u00edthat\u00f3 m\u00e9ret\u0171 z\u00e1r\u00f3d\u00e1ssal rendelkezik.\n\nJelenleg 8 sz\u00ednv\u00e1ltozat kaphat\u00f3 n\u00e1lam. N\u0151i, f\u00e9rfi \u00e9s unisex sz\u00ednekben. N\u00e9zd meg \u0151ket a Twin Cord kark\u00f6t\u0151k polcon.\n\nV\u00e9konys\u00e1ga miatt j\u00f3l sorolhat\u00f3 \u00e9s kombin\u00e1lhat\u00f3 m\u00e1s paracord kark\u00f6t\u0151vel, \u00e1sv\u00e1ny kark\u00f6t\u0151vel vagy ak\u00e1r \u00f3r\u00e1val is.\n\nA m\u00e9rete \u00e1ll\u00edthat\u00f3, \u00edgy 15-21 cm-es csukl\u00f3ra is k\u00e9nyelmesen be\u00e1ll\u00edthat\u00f3. \u00c9ppen ez\u00e9rt aj\u00e1nd\u00e9knak is kiv\u00e1l\u00f3.\n\nA kark\u00f6t\u0151 k\u00e9t 6 mm \u00e1tm\u00e9r\u0151j\u0171 PPM Cordb\u00f3l \u00e1ll. Magass\u00e1ga 6 mm sz\u00e9less\u00e9ge 12 mm.","price":"4990.00","unit":"db","recommended":"0","status":"1","sponsored":"0","exp_notify":"0","own_material":"0","own_material_description_old":null,"own_material_description":"","jury":"0","jury_number":"","product_nature":"","meskaracsony":"0","create_date":"2026-02-01 17:10:23","shelve_id":"61117","image":"paracordmania_product_173903_200213225351_76541.jpeg","image_width":"480","image_height":"480","image_alt":"- Twin Cord - \u00e1ll\u00edthat\u00f3 m\u00e9ret\u0171 kark\u00f6t\u0151, Unikornis sz\u00ednv\u00e1ltozatban, Aj\u00e1nd\u00e9knak sz\u00e1nod ezt a term\u00e9ket? Szeretn\u00e9l hozz\u00e1 egyedi d\u00edszcsomagol\u00e1st? Akkor eg\u00e9sz\u00edtsd ki a v\u00e1s\u00e1r..., Meska","image_title":"- Twin Cord - \u00e1ll\u00edthat\u00f3 m\u00e9ret\u0171 kark\u00f6t\u0151, Unikornis sz\u00ednv\u00e1ltozatban, Meska","view_count":"1296","favourite_count":"0","trending_score":"0","last2MonthFavouriteCount":"0","promotion":0,"giftcard_accept":"1","creditcard_accept":true,"enhanced_background":"0","domain":"meska","specific_customer_id":null,"specific_customer_name":null,"to_order_product":"0","to_order_product_time":"0","product_different":null,"product_different_description":"","vintage":"0","vintage_category_id":"0","recycled":"0","gemstone_id":"0","customizable":"0","type_category":"physical","zerowaste":"0","postage_price":"3455.00","shop_order":"0","has_category":"1","landing_pages":null,"microdata":{"number":57,"category":""},"title":"- Twin Cord - \u00e1ll\u00edthat\u00f3 m\u00e9ret\u0171 kark\u00f6t\u0151, Unikornis sz\u00ednv\u00e1ltozatban","description":"Aj\u00e1nd\u00e9knak sz\u00e1nod ezt a term\u00e9ket? Szeretn\u00e9l hozz\u00e1 egyedi d\u00edszcsomagol\u00e1st? Akkor eg\u00e9sz\u00edtsd ki a v\u00e1s\u00e1rl\u00e1sod grav\u00edrozott k\u00eds\u00e9r\u0151 k\u00e1rty\u00e1val \u00e9s ez\u00fcst sz\u00edn\u0171 szat\u00e9n aj\u00e1nd\u00e9ktasakkal (utols\u00f3 k\u00e9p). A d\u00edszcsomagol\u00e1st a \u201eKieg\u00e9sz\u00edt\u0151\u201d leg\u00f6rd\u00fcl\u0151 men\u00fcben adhatod a kosaradhoz. A k\u00e1rtya 34x51 mm-es egy oldal\u00e1n grav\u00edrozott ny\u00e1rfa r\u00e9tegelt lemez, a tetej\u00e9n lyukkal, amivel a szat\u00e9n tasakra (a m\u00e9rete 100x150 mm) r\u00f6gz\u00edtheted. A grav\u00edrozand\u00f3 sz\u00f6veget a Kos\u00e1rban, az \u00dczenet r\u00e9szben adhatod meg.\n--- --- --- --- --- ---\n\nK\u00fcl\u00f6nleges PPM cord alapanyagb\u00f3l k\u00e9sz\u00fcl\u0151 kark\u00f6t\u0151 v\u00e1ltozatos sz\u00ednekben. K\u00e9t egym\u00e1ssal p\u00e1rhuzamosan fut\u00f3 k\u00f6t\u00e9l, mely \u00e1ll\u00edthat\u00f3 m\u00e9ret\u0171 z\u00e1r\u00f3d\u00e1ssal rendelkezik.\n\nJelenleg 8 sz\u00ednv\u00e1ltozat kaphat\u00f3 n\u00e1lam. N\u0151i, f\u00e9rfi \u00e9s unisex sz\u00ednekben. N\u00e9zd meg \u0151ket a Twin Cord kark\u00f6t\u0151k polcon.\n\nV\u00e9konys\u00e1ga miatt j\u00f3l sorolhat\u00f3 \u00e9s kombin\u00e1lhat\u00f3 m\u00e1s paracord kark\u00f6t\u0151vel, \u00e1sv\u00e1ny kark\u00f6t\u0151vel vagy ak\u00e1r \u00f3r\u00e1val is.\n\nA m\u00e9rete \u00e1ll\u00edthat\u00f3, \u00edgy 15-21 cm-es csukl\u00f3ra is k\u00e9nyelmesen be\u00e1ll\u00edthat\u00f3. \u00c9ppen ez\u00e9rt aj\u00e1nd\u00e9knak is kiv\u00e1l\u00f3.\n\nA kark\u00f6t\u0151 k\u00e9t 6 mm \u00e1tm\u00e9r\u0151j\u0171 PPM Cordb\u00f3l \u00e1ll. Magass\u00e1ga 6 mm sz\u00e9less\u00e9ge 12 mm.","score":0,"formatted_price":"4 990 Ft","image_url":"https:\/\/www.meska.hu\/img\/product\/small\/p\/a\/paracordmania_product_173903_200213225351_76541.jpeg","formatted_url":"https:\/\/www.meska.hu\/p3653179-twin-cord-allithato-meretu-karkoto-unikornis-szinvaltozatban","favourite":false,"in_stock":true,"avatar":"paracordmania_avatar_173903_1581629068.jpg","delete_from":0,"is_enhanced_background":false,"is_enhanced":false,"product_selection_started":false,"is_active":true,"image_webp_url":"https:\/\/www.meska.hu\/img\/product\/small\/p\/a\/paracordmania_product_173903_200213225351_76541.webp"},{"id":"3377991","shop_id":"32792","user_id":"422466","shop_name":"Simaniart","shop_zip":"2194","product_code":"4611454","product_name_old":null,"product_name":"Fali\u00f3ra - Galaxis","category_string":"Otthon & \u00c9letm\u00f3d, Dekor\u00e1ci\u00f3, Fali \u00e9s f\u00fcgg\u0151 dekor\u00e1ci\u00f3, Fali\u00f3ra & \u00f3ra","technic_string":"Fest\u00e9szet","category_1":"813","category_2":"314","category_3":"1470","category_4":"414","merged_category_1":null,"merged_category_2":null,"merged_category_3":null,"technic_1":"480","technic_2":"0","technic_3":"0","color_1":"519","color_2":"521","color_3":"522","product_description_old":null,"product_description":"Fali\u00f3ra\nNeve: Galaxis\nSz\u00edn: k\u00e9k, lila, feh\u00e9r\n\u00c1tm\u00e9r\u0151je: 34 cm \nMutat\u00f3k sz\u00e1ma: 3 db (\u00f3ra, perc, m\u00e1sodperc)\nMutat\u00f3k sz\u00edne: feh\u00e9r\nAnyag: MDF falap, m\u0171anyag akaszt\u00f3 \u00e9s \u00f3raszerkezet, f\u00e9m mutat\u00f3k\nElem: 1 db AA (elem n\u00e9lk\u00fcl) \n\nAbsztrakt mint\u00e1zat\u00fa a galaxist,  a csillagokat id\u00e9z\u0151 fali\u00f3ra, modern feh\u00e9r mutat\u00f3kkal. \n\n\u00d3ramutat\u00f3 csere lehets\u00e9ges! \u00d3rasz\u00e1mok k\u00e9rhet\u0151k vilag\u00edt\u00f3 \u00e9s sima sz\u00e1mokkal is! ! ","price":"7000.00","unit":"db","recommended":"0","status":"1","sponsored":"0","exp_notify":"0","own_material":"0","own_material_description_old":null,"own_material_description":"","jury":"0","jury_number":"","product_nature":"","meskaracsony":"0","create_date":"2026-04-12 16:47:12","shelve_id":"69733","image":"simaniart_product_422466_220502142809_882189.jpeg","image_width":"480","image_height":"480","image_alt":"Fali\u00f3ra - Galaxis, Fali\u00f3ra\\nNeve: Galaxis\\nSz\u00edn: k\u00e9k, lila, feh\u00e9r\\n\u00c1tm\u00e9r\u0151je: 34 cm \\nMutat\u00f3k sz\u00e1ma: 3 db (\u00f3ra, perc, m\u00e1sodp..., Meska","image_title":"Fali\u00f3ra - Galaxis, Meska","view_count":"1294","favourite_count":"0","trending_score":"0","last2MonthFavouriteCount":"0","promotion":"0","giftcard_accept":"0","creditcard_accept":true,"enhanced_background":"0","domain":"meska","specific_customer_id":null,"specific_customer_name":null,"to_order_product":"0","to_order_product_time":"0","product_different":null,"product_different_description":"","vintage":"0","vintage_category_id":"0","recycled":"0","gemstone_id":"0","customizable":"0","type_category":"physical","zerowaste":"0","postage_price":"1349.00","shop_order":"0","has_category":"1","landing_pages":null,"microdata":{"number":58,"category":""},"title":"Fali\u00f3ra - Galaxis","description":"Fali\u00f3ra\nNeve: Galaxis\nSz\u00edn: k\u00e9k, lila, feh\u00e9r\n\u00c1tm\u00e9r\u0151je: 34 cm \nMutat\u00f3k sz\u00e1ma: 3 db (\u00f3ra, perc, m\u00e1sodperc)\nMutat\u00f3k sz\u00edne: feh\u00e9r\nAnyag: MDF falap, m\u0171anyag akaszt\u00f3 \u00e9s \u00f3raszerkezet, f\u00e9m mutat\u00f3k\nElem: 1 db AA (elem n\u00e9lk\u00fcl) \n\nAbsztrakt mint\u00e1zat\u00fa a galaxist,  a csillagokat id\u00e9z\u0151 fali\u00f3ra, modern feh\u00e9r mutat\u00f3kkal. \n\n\u00d3ramutat\u00f3 csere lehets\u00e9ges! \u00d3rasz\u00e1mok k\u00e9rhet\u0151k vilag\u00edt\u00f3 \u00e9s sima sz\u00e1mokkal is! ! ","score":0,"formatted_price":"7 000 Ft","image_url":"https:\/\/www.meska.hu\/img\/product\/small\/s\/i\/simaniart_product_422466_220502142809_882189.jpeg","formatted_url":"https:\/\/www.meska.hu\/p4611454-faliora-galaxis","favourite":false,"in_stock":true,"avatar":"Simaniart_avatar_422466_1669239619.jpg","delete_from":0,"is_enhanced_background":false,"is_enhanced":false,"product_selection_started":false,"is_active":true,"image_webp_url":"https:\/\/www.meska.hu\/img\/product\/small\/s\/i\/simaniart_product_422466_220502142809_882189.webp"},{"id":"4804926","shop_id":"29709","user_id":"371419","shop_name":"Hexartdesign","shop_zip":"1183","product_code":"4961282","product_name_old":null,"product_name":"Brit cica portr\u00e9 - eredeti akvarell festm\u00e9ny","category_string":"M\u0171v\u00e9szet, Festm\u00e9ny, Akvarell","technic_string":"Fot\u00f3, grafika, rajz, illusztr\u00e1ci\u00f3, Fest\u00e9szet","category_1":"357","category_2":"358","category_3":"360","category_4":"0","merged_category_1":"0","merged_category_2":"0","merged_category_3":"785","technic_1":"483","technic_2":"480","technic_3":"0","color_1":"521","color_2":"522","color_3":"526","product_description_old":null,"product_description":"Hexart Design - Eredeti festm\u00e9ny\n\nBrit cica portr\u00e9 - eredeti akvarell festm\u00e9ny\n\nK\u00e9szterm\u00e9k, ez\u00e9rt ha tetszik, akkor a megrendel\u00e9s ut\u00e1n n\u00e9h\u00e1ny napon bel\u00fcl k\u00e9zhez is kapod.\n\n\u201e \u201e \u201e Enn\u00e9l a festm\u00e9nyemn\u00e9l hagytam, hogy a sz\u00ednek vezessenek. A h\u0171v\u00f6s k\u00e9kek, t\u00fcrkizek \u00e9s lil\u00e1s foltok j\u00e1t\u00e9kosan folynak \u00f6ssze, mik\u00f6zben a cica aranys\u00e1rga szemei \u00e9letet adnak a portr\u00e9nak. Sz\u00e1momra ez a festm\u00e9ny a brit cic\u00e1k nyugodt, kicsit t\u00e1vols\u00e1gtart\u00f3, m\u00e9gis szerethet\u0151 szem\u00e9lyis\u00e9g\u00e9t mutatja meg \u2013 k\u00f6nnyed, modern akvarell st\u00edlusban, egy csipetnyi spontaneit\u00e1ssal. \u201d \u201d \u201d\n\nHa eredeti festm\u00e9nyt v\u00e1s\u00e1rolsz, igaz\u00e1n k\u00fcl\u00f6nleges t\u00e1rgy tulajdonosa lehetsz. Valamint remek aj\u00e1nd\u00e9k is lehet sz\u00fclet\u00e9snapra, kar\u00e1csonyra, \u00e9vfordul\u00f3ra stb.\n\nMegv\u00e1s\u00e1rolhatod keret n\u00e9lk\u00fcl vagy a k\u00e9pen l\u00e1that\u00f3 A4-es feh\u00e9r kerettel (fel\u00e1ras opci\u00f3ban) egy\u00fctt is.\n\nHa megn\u00e9zn\u00e9d, hogy jelenleg milyen k\u00e9sz \u00e9s eredeti festm\u00e9nyek el\u00e9rhet\u0151ek, akkor az al\u00e1bbi linkre kattintva megteheted:\nhttps:\/\/www.meska.hu\/shop\/Hexartdesign?s=68537\n\nHa esetleg nyomatban \/ reprodukci\u00f3ban gondolkodsz, n\u00e9zd meg hogy itt el\u00e9rhet\u0151-e: https:\/\/www.meska.hu\/shop\/Hexartdesign?s=64121\n\nHa a k\u00e9szterm\u00e9k kateg\u00f3ri\u00e1ban nem tal\u00e1lt\u00e1l sz\u00e1modra megfelel\u0151t, de szeretn\u00e9l saj\u00e1t fot\u00f3db\u00f3l festm\u00e9nyt, akkor v\u00e1laszd a Rendel\u00e9sre k\u00e9sz\u00fcl\u0151 \u00e1llatportr\u00e9k kateg\u00f3ri\u00e1t. Legyen sz\u00f3 kuty\u00e1r\u00f3l, cic\u00e1r\u00f3l, nyuszir\u00f3l vagy ak\u00e1r egzotikus \u00e1llatr\u00f3l fordulj hozz\u00e1m bizalommal. Kattints az al\u00e1bbi linkre:\nhttps:\/\/www.meska.hu\/shop\/Hexartdesign?s=72378\n\nTerm\u00e9kle\u00edr\u00e1s:\n\u2022 a festm\u00e9ny m\u00e9rete kb. A4-es: 210x297 mm\n\u2022 a legmagasabb f\u00e9ny\u00e1ll\u00f3s\u00e1ggal rendelkez\u0151 akvarell fest\u00e9kekkel \u00e9s ceruz\u00e1kkal k\u00e9sz\u00fclt\n\u2022 savmentes akvarell pap\u00edr\n\u2022 k\u00e9rheted keret n\u00e9lk\u00fcl (ha te szeretn\u00e9d keretezni) vagy feh\u00e9r kerettel (fel\u00e1ras opci\u00f3)\n\nA4-es feh\u00e9r keret (fel\u00e1ras opci\u00f3):\n\u2022 A4-es keret (a fot\u00f3n ez l\u00e1that\u00f3)\n\u2022 k\u00fcls\u0151 m\u00e9rete: 24x33 cm\n\u2022 el\u0151lapja polisztir\u00e9n m\u0171anyag\n\u2022 h\u00e1ts\u00f3 kit\u00e1maszt\u00f3val vagy falra akasztva is haszn\u00e1lhat\u00f3\n\nSzerz\u0151i jog:\nAz eredeti festm\u00e9ny tulajdonjoga a v\u00e1s\u00e1rl\u00f3\u00e9 lesz, azonban a v\u00e1s\u00e1rl\u00f3 a festm\u00e9nyt semmilyen form\u00e1ban nem m\u00e1solhatja, gy\u00e1rthatja \u00e9s sokszoros\u00edthatja. \n\nA k\u00e9p illusztr\u00e1ci\u00f3:\nA k\u00e9pen l\u00e1that\u00f3 kieg\u00e9sz\u00edt\u0151 dekor\u00e1ci\u00f3s k\u00f6rnyezet csak illusztr\u00e1ci\u00f3, ami nem k\u00e9pezi a term\u00e9k r\u00e9sz\u00e9t. A feh\u00e9r A4-es keret fel\u00e1ras opci\u00f3.","price":"24900.00","unit":"db","recommended":"0","status":"1","sponsored":"0","exp_notify":"0","own_material":"0","own_material_description_old":null,"own_material_description":"","jury":"0","jury_number":"","product_nature":"","meskaracsony":"0","create_date":"2026-01-12 23:59:02","shelve_id":"68537","image":"hexartdesign_product_371419_230426085744_187329.jpeg","image_width":"480","image_height":"480","image_alt":"Brit cica portr\u00e9 - eredeti akvarell festm\u00e9ny, Hexart Design - Eredeti festm\u00e9ny\\n\\nBrit cica portr\u00e9 - eredeti akvarell festm\u00e9ny\\n\\nK\u00e9szterm\u00e9k, ez\u00e9rt ha..., Meska","image_title":"Brit cica portr\u00e9 - eredeti akvarell festm\u00e9ny, Meska","view_count":"1280","favourite_count":"0","trending_score":"0","last2MonthFavouriteCount":"0","promotion":0,"giftcard_accept":"1","creditcard_accept":true,"enhanced_background":"0","domain":"meska","specific_customer_id":null,"specific_customer_name":null,"to_order_product":"0","to_order_product_time":"0","product_different":null,"product_different_description":"","vintage":"0","vintage_category_id":"0","recycled":"0","gemstone_id":"0","customizable":"0","type_category":"physical","zerowaste":"0","postage_price":"1490.00","shop_order":"0","has_category":"1","landing_pages":null,"microdata":{"number":59,"category":""},"title":"Brit cica portr\u00e9 - eredeti akvarell festm\u00e9ny","description":"Hexart Design - Eredeti festm\u00e9ny\n\nBrit cica portr\u00e9 - eredeti akvarell festm\u00e9ny\n\nK\u00e9szterm\u00e9k, ez\u00e9rt ha tetszik, akkor a megrendel\u00e9s ut\u00e1n n\u00e9h\u00e1ny napon bel\u00fcl k\u00e9zhez is kapod.\n\n\u201e \u201e \u201e Enn\u00e9l a festm\u00e9nyemn\u00e9l hagytam, hogy a sz\u00ednek vezessenek. A h\u0171v\u00f6s k\u00e9kek, t\u00fcrkizek \u00e9s lil\u00e1s foltok j\u00e1t\u00e9kosan folynak \u00f6ssze, mik\u00f6zben a cica aranys\u00e1rga szemei \u00e9letet adnak a portr\u00e9nak. Sz\u00e1momra ez a festm\u00e9ny a brit cic\u00e1k nyugodt, kicsit t\u00e1vols\u00e1gtart\u00f3, m\u00e9gis szerethet\u0151 szem\u00e9lyis\u00e9g\u00e9t mutatja meg \u2013 k\u00f6nnyed, modern akvarell st\u00edlusban, egy csipetnyi spontaneit\u00e1ssal. \u201d \u201d \u201d\n\nHa eredeti festm\u00e9nyt v\u00e1s\u00e1rolsz, igaz\u00e1n k\u00fcl\u00f6nleges t\u00e1rgy tulajdonosa lehetsz. Valamint remek aj\u00e1nd\u00e9k is lehet sz\u00fclet\u00e9snapra, kar\u00e1csonyra, \u00e9vfordul\u00f3ra stb.\n\nMegv\u00e1s\u00e1rolhatod keret n\u00e9lk\u00fcl vagy a k\u00e9pen l\u00e1that\u00f3 A4-es feh\u00e9r kerettel (fel\u00e1ras opci\u00f3ban) egy\u00fctt is.\n\nHa megn\u00e9zn\u00e9d, hogy jelenleg milyen k\u00e9sz \u00e9s eredeti festm\u00e9nyek el\u00e9rhet\u0151ek, akkor az al\u00e1bbi linkre kattintva megteheted:\nhttps:\/\/www.meska.hu\/shop\/Hexartdesign?s=68537\n\nHa esetleg nyomatban \/ reprodukci\u00f3ban gondolkodsz, n\u00e9zd meg hogy itt el\u00e9rhet\u0151-e: https:\/\/www.meska.hu\/shop\/Hexartdesign?s=64121\n\nHa a k\u00e9szterm\u00e9k kateg\u00f3ri\u00e1ban nem tal\u00e1lt\u00e1l sz\u00e1modra megfelel\u0151t, de szeretn\u00e9l saj\u00e1t fot\u00f3db\u00f3l festm\u00e9nyt, akkor v\u00e1laszd a Rendel\u00e9sre k\u00e9sz\u00fcl\u0151 \u00e1llatportr\u00e9k kateg\u00f3ri\u00e1t. Legyen sz\u00f3 kuty\u00e1r\u00f3l, cic\u00e1r\u00f3l, nyuszir\u00f3l vagy ak\u00e1r egzotikus \u00e1llatr\u00f3l fordulj hozz\u00e1m bizalommal. Kattints az al\u00e1bbi linkre:\nhttps:\/\/www.meska.hu\/shop\/Hexartdesign?s=72378\n\nTerm\u00e9kle\u00edr\u00e1s:\n\u2022 a festm\u00e9ny m\u00e9rete kb. A4-es: 210x297 mm\n\u2022 a legmagasabb f\u00e9ny\u00e1ll\u00f3s\u00e1ggal rendelkez\u0151 akvarell fest\u00e9kekkel \u00e9s ceruz\u00e1kkal k\u00e9sz\u00fclt\n\u2022 savmentes akvarell pap\u00edr\n\u2022 k\u00e9rheted keret n\u00e9lk\u00fcl (ha te szeretn\u00e9d keretezni) vagy feh\u00e9r kerettel (fel\u00e1ras opci\u00f3)\n\nA4-es feh\u00e9r keret (fel\u00e1ras opci\u00f3):\n\u2022 A4-es keret (a fot\u00f3n ez l\u00e1that\u00f3)\n\u2022 k\u00fcls\u0151 m\u00e9rete: 24x33 cm\n\u2022 el\u0151lapja polisztir\u00e9n m\u0171anyag\n\u2022 h\u00e1ts\u00f3 kit\u00e1maszt\u00f3val vagy falra akasztva is haszn\u00e1lhat\u00f3\n\nSzerz\u0151i jog:\nAz eredeti festm\u00e9ny tulajdonjoga a v\u00e1s\u00e1rl\u00f3\u00e9 lesz, azonban a v\u00e1s\u00e1rl\u00f3 a festm\u00e9nyt semmilyen form\u00e1ban nem m\u00e1solhatja, gy\u00e1rthatja \u00e9s sokszoros\u00edthatja. \n\nA k\u00e9p illusztr\u00e1ci\u00f3:\nA k\u00e9pen l\u00e1that\u00f3 kieg\u00e9sz\u00edt\u0151 dekor\u00e1ci\u00f3s k\u00f6rnyezet csak illusztr\u00e1ci\u00f3, ami nem k\u00e9pezi a term\u00e9k r\u00e9sz\u00e9t. A feh\u00e9r A4-es keret fel\u00e1ras opci\u00f3.","score":0,"formatted_price":"24 900 Ft","image_url":"https:\/\/www.meska.hu\/img\/product\/small\/h\/e\/hexartdesign_product_371419_230426085744_187329.jpeg","formatted_url":"https:\/\/www.meska.hu\/p4961282-brit-cica-portre-eredeti-akvarell-festmeny","favourite":false,"in_stock":true,"avatar":"Hexartdesign_avatar_371419_1589358772.jpg","delete_from":0,"is_enhanced_background":false,"is_enhanced":false,"product_selection_started":false,"is_active":true,"image_webp_url":"https:\/\/www.meska.hu\/img\/product\/small\/h\/e\/hexartdesign_product_371419_230426085744_187329.webp"},{"id":"1425084","shop_id":"15388","user_id":"68130","shop_name":"Steigusz","shop_zip":"1157","product_code":"4377327","product_name_old":null,"product_name":"\u00dcveglencs\u00e9s gy\u0171r\u0171 I.","category_string":"\u00c9kszer, Gy\u0171r\u0171, \u00dcveglencs\u00e9s gy\u0171r\u0171","technic_string":"Decoupage, transzfer \u00e9s szalv\u00e9tatechnika, \u00c9kszerk\u00e9sz\u00edt\u00e9s","category_1":"327","category_2":"332","category_3":"1228","category_4":"0","merged_category_1":null,"merged_category_2":null,"merged_category_3":null,"technic_1":"476","technic_2":"477","technic_3":"0","color_1":"517","color_2":"519","color_3":"522","product_description_old":null,"product_description":"Decoupage technik\u00e1val d\u00edsz\u00edtett \u00fcveglencs\u00e9s gy\u0171r\u0171.\n\nAntik hat\u00e1s\u00fa gy\u0171r\u0171alap- 1,6 cm \u00e1tm\u00e9r\u0151j\u0171.\n\u00c1ll\u00edthat\u00f3 m\u00e9ret\u0171 a gy\u0171r\u0171.\n\n","price":"1000.00","unit":"db","recommended":"0","status":"1","sponsored":"0","exp_notify":"0","own_material":"0","own_material_description_old":null,"own_material_description":"","jury":"0","jury_number":"","product_nature":"","meskaracsony":"0","create_date":"2026-02-07 15:54:15","shelve_id":"48051","image":"steigusz_product_68130_221009145040_680221.jpeg","image_width":"480","image_height":"640","image_alt":"\u00dcveglencs\u00e9s gy\u0171r\u0171 I., Decoupage technik\u00e1val d\u00edsz\u00edtett \u00fcveglencs\u00e9s gy\u0171r\u0171.\\n\\nAntik hat\u00e1s\u00fa gy\u0171r\u0171alap- 1,6 cm \u00e1tm\u00e9r\u0151j\u0171.\\n\u00c1ll\u00edtha..., Meska","image_title":"\u00dcveglencs\u00e9s gy\u0171r\u0171 I., Meska","view_count":"1245","favourite_count":"0","trending_score":"0","last2MonthFavouriteCount":"0","promotion":0,"giftcard_accept":"1","creditcard_accept":false,"enhanced_background":"0","domain":"meska","specific_customer_id":null,"specific_customer_name":null,"to_order_product":"0","to_order_product_time":"0","product_different":null,"product_different_description":"","vintage":"0","vintage_category_id":"0","recycled":"0","gemstone_id":"0","customizable":"0","type_category":"physical","zerowaste":"0","postage_price":"1290.00","shop_order":"47","has_category":"1","landing_pages":null,"microdata":{"number":60,"category":""},"title":"\u00dcveglencs\u00e9s gy\u0171r\u0171 I.","description":"Decoupage technik\u00e1val d\u00edsz\u00edtett \u00fcveglencs\u00e9s gy\u0171r\u0171.\n\nAntik hat\u00e1s\u00fa gy\u0171r\u0171alap- 1,6 cm \u00e1tm\u00e9r\u0151j\u0171.\n\u00c1ll\u00edthat\u00f3 m\u00e9ret\u0171 a gy\u0171r\u0171.\n\n","score":0,"formatted_price":"1 000 Ft","image_url":"https:\/\/www.meska.hu\/img\/product\/small\/s\/t\/steigusz_product_68130_221009145040_680221.jpeg","formatted_url":"https:\/\/www.meska.hu\/p4377327-uveglencses-gyuru-i","favourite":false,"in_stock":true,"avatar":"68130_avatar_1739746085.png","delete_from":0,"is_enhanced_background":false,"is_enhanced":false,"product_selection_started":false,"is_active":true,"image_webp_url":"https:\/\/www.meska.hu\/img\/product\/small\/s\/t\/steigusz_product_68130_221009145040_680221.webp"},{"id":"4668687","shop_id":"9520","user_id":"50759","shop_name":"Jam81","shop_zip":"6724","product_code":"4875049","product_name_old":null,"product_name":"Okosk\u00f6nyv kicsiknek- kreat\u00edv textilk\u00f6nyv AZONNAL VIHET\u0150!!!","category_string":"Baba - mama, Textilk\u00f6nyv & Babak\u00f6nyv, Baba j\u00e1t\u00e9kok","technic_string":"Mindenm\u00e1s","category_1":"913","category_2":"343","category_3":"1735","category_4":"0","merged_category_1":null,"merged_category_2":null,"merged_category_3":null,"technic_1":"493","technic_2":"0","technic_3":"0","color_1":"522","color_2":"526","color_3":"534","product_description_old":null,"product_description":"Saj\u00e1t, egyedi tervez\u00e9s\u0171 minta alapj\u00e1n, k\u00fcl\u00f6n\u00f6s odafigyel\u00e9ssel \u00e9s gonddal k\u00e9sz\u00fclt textil k\u00f6nyvecske a legkisebbeknek. A k\u00f6nyv fejleszti a kicsik k\u00e9z\u00fcgyess\u00e9g\u00e9t, gondolkod\u00e1s\u00e1t, figyelm\u00e9t, valamint a szem-k\u00e9z koordin\u00e1ci\u00f3j\u00e1t.\n\nA k\u00f6nyv k\u00e9sz\u00edt\u00e9se sor\u00e1n az anyagok \u00e9s sz\u00ednek kavalk\u00e1dja val\u00f3sul meg az\u00e1ltal, hogy k\u00fcl\u00f6nf\u00e9le fel\u00fclet\u0171 anyagokat (filc, sz\u00f6vet, pamut, b\u0151r, vel\u00far, pol\u00e1r) \u00e9s v\u00e1ltozatos mint\u00e1zatokat (kock\u00e1s, p\u00f6tty\u00f6s, , mint\u00e1s) haszn\u00e1ltam fel a tapint\u00e1s \u00e9s az \u00e9rzetek fejleszt\u00e9se \u00e9rdek\u00e9ben. \n\nA k\u00f6nyv m\u00e9rete: kb.16cm*16cm \nOldalak sz\u00e1ma:6 oldal\n\nA k\u00f6nyv tartalma:\n\nA k\u00f6nyv bor\u00edt\u00f3j\u00e1n cuki kiselef\u00e1nt trombit\u00e1l, a f\u00e1ncsi farka \u00e9s f\u00fclei mozgathat\u00f3k.\n\n1.dupla oldalon: \nNapocska a felh\u0151k k\u00f6z\u00f6tt- a \"c\u00edmke\" napsugarak k\u00fcl\u00f6nf\u00e9le mint\u00e1s szalagokb\u00f3l k\u00e9sz\u00fcltek. A felh\u0151b\u0151l fagoly\u00f3 es\u0151csepp hull.\nK\u00fcl\u00f6nleges text\u00far\u00e1j\u00fa sz\u00f6vetb\u0151l k\u00e9sz\u00fclt f\u00e9szekben \u00fcl\u0151 mad\u00e1rka p\u00f6tty\u00f6s sz\u00e1rnnyal.\nHuzig\u00e1lhat\u00f3 katica a jobb als\u00f3 sarokban.\n\n2.dupla oldalon:\nCsigabiga p\u00f6tty\u00f6s gomb\u00e1n. A gomba alatti f\u0171csom\u00f3 \"birizg\u00e1lhat\u00f3\", a b\u0151rb\u0151l k\u00e9sz\u00fclt pillang\u00f3 sz\u00e1rnyai szint\u00e9n (mivel nem r\u00f6gz\u00edtettek).  \nLeveleket gy\u0171jt\u0151 s\u00fcnike. A levelek k\u00f6z\u00e9pen r\u00f6gz\u00edtettek, a s\u00fcni b\u0151r t\u00fcsk\u00e9i mozgathat\u00f3k\n\n3. dupla oldalon:\nSziv\u00e1rv\u00e1nyvir\u00e1g- sz\u00ednes vir\u00e1g, melynek szirmai nem teljesen r\u00f6gz\u00edtettek, \u00edgy mozgathat\u00f3k. A vir\u00e1g k\u00f6zep\u00e9ben apr\u00f3 m\u00e9hecske rejt\u0151zik.\nA maci megetethet\u0151 a kos\u00e1rk\u00e1ban l\u00e9v\u0151 alm\u00e1val.\n\nK\u00e9r\u00e9sre r\u00e1h\u00edmzem a kis Tulajdonos nev\u00e9t a k\u00f6nyvecsk\u00e9re (200Ft\/bet\u0171)\n\n","price":"15950.00","unit":"db","recommended":"0","status":"1","sponsored":"0","exp_notify":"0","own_material":"0","own_material_description_old":null,"own_material_description":"","jury":"0","jury_number":"","product_nature":"","meskaracsony":"0","create_date":"2026-04-10 08:59:32","shelve_id":"43604","image":"jam81_product_50759_230114140811_993673.jpeg","image_width":"480","image_height":"359","image_alt":"Okosk\u00f6nyv kicsiknek- kreat\u00edv textilk\u00f6nyv AZONNAL VIHET\u0150!!!, Saj\u00e1t, egyedi tervez\u00e9s\u0171 minta alapj\u00e1n, k\u00fcl\u00f6n\u00f6s odafigyel\u00e9ssel \u00e9s gonddal k\u00e9sz\u00fclt textil k\u00f6nyvecske a..., Meska","image_title":"Okosk\u00f6nyv kicsiknek- kreat\u00edv textilk\u00f6nyv AZONNAL VIHET\u0150!!!, Meska","view_count":"1243","favourite_count":"0","trending_score":"0","last2MonthFavouriteCount":"0","promotion":"0","giftcard_accept":"0","creditcard_accept":false,"enhanced_background":"0","domain":"meska","specific_customer_id":null,"specific_customer_name":null,"to_order_product":"0","to_order_product_time":"0","product_different":null,"product_different_description":"","vintage":"0","vintage_category_id":"0","recycled":"0","gemstone_id":"0","customizable":"0","type_category":"physical","zerowaste":"0","postage_price":"2100.00","shop_order":"0","has_category":"1","landing_pages":null,"microdata":{"number":61,"category":""},"title":"Okosk\u00f6nyv kicsiknek- kreat\u00edv textilk\u00f6nyv AZONNAL VIHET\u0150!!!","description":"Saj\u00e1t, egyedi tervez\u00e9s\u0171 minta alapj\u00e1n, k\u00fcl\u00f6n\u00f6s odafigyel\u00e9ssel \u00e9s gonddal k\u00e9sz\u00fclt textil k\u00f6nyvecske a legkisebbeknek. A k\u00f6nyv fejleszti a kicsik k\u00e9z\u00fcgyess\u00e9g\u00e9t, gondolkod\u00e1s\u00e1t, figyelm\u00e9t, valamint a szem-k\u00e9z koordin\u00e1ci\u00f3j\u00e1t.\n\nA k\u00f6nyv k\u00e9sz\u00edt\u00e9se sor\u00e1n az anyagok \u00e9s sz\u00ednek kavalk\u00e1dja val\u00f3sul meg az\u00e1ltal, hogy k\u00fcl\u00f6nf\u00e9le fel\u00fclet\u0171 anyagokat (filc, sz\u00f6vet, pamut, b\u0151r, vel\u00far, pol\u00e1r) \u00e9s v\u00e1ltozatos mint\u00e1zatokat (kock\u00e1s, p\u00f6tty\u00f6s, , mint\u00e1s) haszn\u00e1ltam fel a tapint\u00e1s \u00e9s az \u00e9rzetek fejleszt\u00e9se \u00e9rdek\u00e9ben. \n\nA k\u00f6nyv m\u00e9rete: kb.16cm*16cm \nOldalak sz\u00e1ma:6 oldal\n\nA k\u00f6nyv tartalma:\n\nA k\u00f6nyv bor\u00edt\u00f3j\u00e1n cuki kiselef\u00e1nt trombit\u00e1l, a f\u00e1ncsi farka \u00e9s f\u00fclei mozgathat\u00f3k.\n\n1.dupla oldalon: \nNapocska a felh\u0151k k\u00f6z\u00f6tt- a \"c\u00edmke\" napsugarak k\u00fcl\u00f6nf\u00e9le mint\u00e1s szalagokb\u00f3l k\u00e9sz\u00fcltek. A felh\u0151b\u0151l fagoly\u00f3 es\u0151csepp hull.\nK\u00fcl\u00f6nleges text\u00far\u00e1j\u00fa sz\u00f6vetb\u0151l k\u00e9sz\u00fclt f\u00e9szekben \u00fcl\u0151 mad\u00e1rka p\u00f6tty\u00f6s sz\u00e1rnnyal.\nHuzig\u00e1lhat\u00f3 katica a jobb als\u00f3 sarokban.\n\n2.dupla oldalon:\nCsigabiga p\u00f6tty\u00f6s gomb\u00e1n. A gomba alatti f\u0171csom\u00f3 \"birizg\u00e1lhat\u00f3\", a b\u0151rb\u0151l k\u00e9sz\u00fclt pillang\u00f3 sz\u00e1rnyai szint\u00e9n (mivel nem r\u00f6gz\u00edtettek).  \nLeveleket gy\u0171jt\u0151 s\u00fcnike. A levelek k\u00f6z\u00e9pen r\u00f6gz\u00edtettek, a s\u00fcni b\u0151r t\u00fcsk\u00e9i mozgathat\u00f3k\n\n3. dupla oldalon:\nSziv\u00e1rv\u00e1nyvir\u00e1g- sz\u00ednes vir\u00e1g, melynek szirmai nem teljesen r\u00f6gz\u00edtettek, \u00edgy mozgathat\u00f3k. A vir\u00e1g k\u00f6zep\u00e9ben apr\u00f3 m\u00e9hecske rejt\u0151zik.\nA maci megetethet\u0151 a kos\u00e1rk\u00e1ban l\u00e9v\u0151 alm\u00e1val.\n\nK\u00e9r\u00e9sre r\u00e1h\u00edmzem a kis Tulajdonos nev\u00e9t a k\u00f6nyvecsk\u00e9re (200Ft\/bet\u0171)\n\n","score":0,"formatted_price":"15 950 Ft","image_url":"https:\/\/www.meska.hu\/img\/product\/small\/j\/a\/jam81_product_50759_230114140811_993673.jpeg","formatted_url":"https:\/\/www.meska.hu\/p4875049-okoskonyv-kicsiknek-kreativ-textilkonyv-azonnal-viheto","favourite":false,"in_stock":true,"avatar":"Jam81_avatar_50759.jpg","delete_from":0,"is_enhanced_background":false,"is_enhanced":false,"product_selection_started":false,"is_active":true,"image_webp_url":"https:\/\/www.meska.hu\/img\/product\/small\/j\/a\/jam81_product_50759_230114140811_993673.webp"},{"id":"4602628","shop_id":"522","user_id":"1249","shop_name":"klarion","shop_zip":"8000","product_code":"4843933","product_name_old":null,"product_name":"Szappantart\u00f3 sz\u00e1r\u00edtott vir\u00e1gokkal, levelekkel gyant\u00e1ba \u00f6ntve","category_string":"Otthon & \u00c9letm\u00f3d, F\u00fcrd\u0151szoba, Szappantart\u00f3","technic_string":"Mindenm\u00e1s","category_1":"813","category_2":"456","category_3":"958","category_4":"0","merged_category_1":null,"merged_category_2":null,"merged_category_3":null,"technic_1":"493","technic_2":"0","technic_3":"0","color_1":"519","color_2":"522","color_3":"529","product_description_old":null,"product_description":"Szappantart\u00f3 sz\u00e1r\u00edtott vir\u00e1gokkal, levelekkel gyant\u00e1ba \u00f6ntve. Becsemp\u00e9szi a term\u00e9szetet a f\u00fcrd\u0151szob\u00e1ba.\nM\u00e9rete: 12,2 cm hossz\u00fa, 8 cm sz\u00e9les.","price":"5400.00","unit":"db","recommended":"0","status":"1","sponsored":"0","exp_notify":"0","own_material":"0","own_material_description_old":null,"own_material_description":"","jury":"0","jury_number":"","product_nature":"","meskaracsony":"0","create_date":"2026-01-02 18:44:59","shelve_id":"35477","image":"klarion_product_1249_260123205832_763676.jpeg","image_width":"480","image_height":"402","image_alt":"Szappantart\u00f3 sz\u00e1r\u00edtott vir\u00e1gokkal, levelekkel gyant\u00e1ba \u00f6ntve, Szappantart\u00f3 sz\u00e1r\u00edtott vir\u00e1gokkal, levelekkel gyant\u00e1ba \u00f6ntve. Becsemp\u00e9szi a term\u00e9szetet a f\u00fcrd\u0151szob\u00e1..., Meska","image_title":"Szappantart\u00f3 sz\u00e1r\u00edtott vir\u00e1gokkal, levelekkel gyant\u00e1ba \u00f6ntve, Meska","view_count":"1269","favourite_count":"0","trending_score":"0","last2MonthFavouriteCount":"0","promotion":"0","giftcard_accept":"1","creditcard_accept":true,"enhanced_background":"0","domain":"meska","specific_customer_id":null,"specific_customer_name":null,"to_order_product":"0","to_order_product_time":"0","product_different":null,"product_different_description":"","vintage":"0","vintage_category_id":"0","recycled":"0","gemstone_id":"0","customizable":"0","type_category":"physical","zerowaste":"0","postage_price":"0.00","shop_order":"122","has_category":"1","landing_pages":null,"microdata":{"number":62,"category":""},"title":"Szappantart\u00f3 sz\u00e1r\u00edtott vir\u00e1gokkal, levelekkel gyant\u00e1ba \u00f6ntve","description":"Szappantart\u00f3 sz\u00e1r\u00edtott vir\u00e1gokkal, levelekkel gyant\u00e1ba \u00f6ntve. Becsemp\u00e9szi a term\u00e9szetet a f\u00fcrd\u0151szob\u00e1ba.\nM\u00e9rete: 12,2 cm hossz\u00fa, 8 cm sz\u00e9les.","score":0,"formatted_price":"5 400 Ft","image_url":"https:\/\/www.meska.hu\/img\/product\/small\/k\/l\/klarion_product_1249_260123205832_763676.jpeg","formatted_url":"https:\/\/www.meska.hu\/p4843933-szappantarto-szaritott-viragokkal-levelekkel-gyantaba-ontve","favourite":false,"in_stock":true,"avatar":"1249_avatar_1768997295.png","delete_from":0,"is_enhanced_background":false,"is_enhanced":false,"product_selection_started":false,"is_active":true,"image_webp_url":"https:\/\/www.meska.hu\/img\/product\/small\/k\/l\/klarion_product_1249_260123205832_763676.webp"},{"id":"4570741","shop_id":"28989","user_id":"359963","shop_name":"Borska","shop_zip":"8000","product_code":"4827876","product_name_old":null,"product_name":"S\u00f6t\u00e9t lila - ez\u00fcst nemesac\u00e9l med\u00e1los nyakl\u00e1nc \u00e9s f\u00fclbeval\u00f3 szett","category_string":"\u00c9kszer, \u00c9kszerszett","technic_string":"\u00c9kszerk\u00e9sz\u00edt\u00e9s","category_1":"327","category_2":"330","category_3":"0","category_4":"0","merged_category_1":null,"merged_category_2":null,"merged_category_3":null,"technic_1":"477","technic_2":"0","technic_3":"0","color_1":"518","color_2":"522","color_3":"0","product_description_old":null,"product_description":"Gy\u00f6ny\u00f6r\u0171 \u00e1rnyalat\u00fa, s\u00f6t\u00e9t lila sz\u00edn\u0171 textilb\u0151rb\u0151l \u00e9s ez\u00fcst sz\u00edn\u0171 nemesac\u00e9l \u00e9kszeralap felhaszn\u00e1l\u00e1s\u00e1val k\u00e9sz\u00fclt ez a nyakl\u00e1nc \u00e9s f\u00fclbeval\u00f3 szett.\n\nA med\u00e1l \u00e1tm\u00e9r\u0151je 20 mm.\nA l\u00e1nc hossza tetsz\u0151legesen v\u00e1laszthat\u00f3. A l\u00e1nc \u00e9s a szerel\u00e9k anyaga nemesac\u00e9l.\nA f\u00fclbeval\u00f3 bedug\u00f3s kivitel\u0171, \u00e1tm\u00e9r\u0151je 10 mm.\n\nIg\u00e9ny eset\u00e9n gy\u0171r\u0171t \u00e9s kark\u00f6t\u0151t is k\u00e9sz\u00edtek a szetthez, k\u00e9rlek, \u00edrj \u00fczenetet!","price":"7100.00","unit":"db","recommended":"0","status":"1","sponsored":"0","exp_notify":"0","own_material":"0","own_material_description_old":null,"own_material_description":"","jury":"0","jury_number":"","product_nature":"","meskaracsony":"0","create_date":"2026-01-18 12:20:07","shelve_id":"61147","image":"borska_product_359963_221108184004_664575.jpeg","image_width":"480","image_height":"480","image_alt":"S\u00f6t\u00e9t lila - ez\u00fcst nemesac\u00e9l med\u00e1los nyakl\u00e1nc \u00e9s f\u00fclbeval\u00f3 szett, Gy\u00f6ny\u00f6r\u0171 \u00e1rnyalat\u00fa, s\u00f6t\u00e9t lila sz\u00edn\u0171 textilb\u0151rb\u0151l \u00e9s ez\u00fcst sz\u00edn\u0171 nemesac\u00e9l \u00e9kszeralap felhaszn\u00e1l\u00e1s\u00e1v..., Meska","image_title":"S\u00f6t\u00e9t lila - ez\u00fcst nemesac\u00e9l med\u00e1los nyakl\u00e1nc \u00e9s f\u00fclbeval\u00f3 szett, Meska","view_count":"1248","favourite_count":"0","trending_score":"0","last2MonthFavouriteCount":"0","promotion":"0","giftcard_accept":"1","creditcard_accept":true,"enhanced_background":"0","domain":"meska","specific_customer_id":null,"specific_customer_name":null,"to_order_product":"0","to_order_product_time":"0","product_different":null,"product_different_description":"","vintage":"0","vintage_category_id":"0","recycled":"0","gemstone_id":"0","customizable":"0","type_category":"physical","zerowaste":"0","postage_price":"1290.00","shop_order":"0","has_category":"1","landing_pages":null,"microdata":{"number":63,"category":""},"title":"S\u00f6t\u00e9t lila - ez\u00fcst nemesac\u00e9l med\u00e1los nyakl\u00e1nc \u00e9s f\u00fclbeval\u00f3 szett","description":"Gy\u00f6ny\u00f6r\u0171 \u00e1rnyalat\u00fa, s\u00f6t\u00e9t lila sz\u00edn\u0171 textilb\u0151rb\u0151l \u00e9s ez\u00fcst sz\u00edn\u0171 nemesac\u00e9l \u00e9kszeralap felhaszn\u00e1l\u00e1s\u00e1val k\u00e9sz\u00fclt ez a nyakl\u00e1nc \u00e9s f\u00fclbeval\u00f3 szett.\n\nA med\u00e1l \u00e1tm\u00e9r\u0151je 20 mm.\nA l\u00e1nc hossza tetsz\u0151legesen v\u00e1laszthat\u00f3. A l\u00e1nc \u00e9s a szerel\u00e9k anyaga nemesac\u00e9l.\nA f\u00fclbeval\u00f3 bedug\u00f3s kivitel\u0171, \u00e1tm\u00e9r\u0151je 10 mm.\n\nIg\u00e9ny eset\u00e9n gy\u0171r\u0171t \u00e9s kark\u00f6t\u0151t is k\u00e9sz\u00edtek a szetthez, k\u00e9rlek, \u00edrj \u00fczenetet!","score":0,"formatted_price":"7 100 Ft","image_url":"https:\/\/www.meska.hu\/img\/product\/small\/b\/o\/borska_product_359963_221108184004_664575.jpeg","formatted_url":"https:\/\/www.meska.hu\/p4827876-sotet-lila-ezust-nemesacel-medalos-nyaklanc-es-fulbevalo-szett","favourite":false,"in_stock":true,"avatar":"Borska_avatar_359963_1580121757.jpg","delete_from":0,"is_enhanced_background":false,"is_enhanced":false,"product_selection_started":false,"is_active":true,"image_webp_url":"https:\/\/www.meska.hu\/img\/product\/small\/b\/o\/borska_product_359963_221108184004_664575.webp"},{"id":"2740092","shop_id":"11980","user_id":"76695","shop_name":"jilonia","shop_zip":"2060","product_code":"4283109","product_name_old":null,"product_name":"Lila kar\u00e1csonyfad\u00edsz ","category_string":"Kar\u00e1csony, Kar\u00e1csonyfad\u00edszek","technic_string":"Varr\u00e1s, Patchwork, foltvarr\u00e1s","category_1":"319","category_2":"323","category_3":"0","category_4":"0","merged_category_1":null,"merged_category_2":null,"merged_category_3":null,"technic_1":"506","technic_2":"498","technic_3":"0","color_1":"519","color_2":"522","color_3":"0","product_description_old":null,"product_description":"Filcb\u0151l varrtam gombokkal szalaggal d\u00edsz\u00edtve. \nMinden varrva van rajta semmi nem ragasztott. \nKb. 12*10cm\n\n\n","price":"1500.00","unit":"db","recommended":"0","status":"1","sponsored":"0","exp_notify":"0","own_material":"0","own_material_description_old":null,"own_material_description":"","jury":"0","jury_number":"","product_nature":"","meskaracsony":"0","create_date":"2026-02-19 16:16:33","shelve_id":"45443","image":"jilonia_product_76695_201114140305_671773.jpeg","image_width":"480","image_height":"517","image_alt":"Lila kar\u00e1csonyfad\u00edsz , Filcb\u0151l varrtam gombokkal szalaggal d\u00edsz\u00edtve. \\nMinden varrva van rajta semmi nem ragasztott. \\nKb. 12..., Meska","image_title":"Lila kar\u00e1csonyfad\u00edsz , Meska","view_count":"1209","favourite_count":"0","trending_score":"0","last2MonthFavouriteCount":"0","promotion":"0","giftcard_accept":"0","creditcard_accept":true,"enhanced_background":"0","domain":"meska","specific_customer_id":null,"specific_customer_name":null,"to_order_product":"0","to_order_product_time":"0","product_different":null,"product_different_description":"","vintage":"0","vintage_category_id":"0","recycled":"0","gemstone_id":"0","customizable":"0","type_category":"physical","zerowaste":"0","postage_price":"1290.00","shop_order":"253","has_category":"1","landing_pages":null,"microdata":{"number":64,"category":""},"title":"Lila kar\u00e1csonyfad\u00edsz ","description":"Filcb\u0151l varrtam gombokkal szalaggal d\u00edsz\u00edtve. \nMinden varrva van rajta semmi nem ragasztott. \nKb. 12*10cm\n\n\n","score":0,"formatted_price":"1 500 Ft","image_url":"https:\/\/www.meska.hu\/img\/product\/small\/j\/i\/jilonia_product_76695_201114140305_671773.jpeg","formatted_url":"https:\/\/www.meska.hu\/p4283109-lila-karacsonyfadisz","favourite":false,"in_stock":true,"avatar":"jilonia_avatar_76695.jpg","delete_from":0,"is_enhanced_background":false,"is_enhanced":false,"product_selection_started":false,"is_active":true,"image_webp_url":"https:\/\/www.meska.hu\/img\/product\/small\/j\/i\/jilonia_product_76695_201114140305_671773.webp"},{"id":"2150835","shop_id":"19710","user_id":"191983","shop_name":"pagi28","shop_zip":"5300","product_code":"4700896","product_name_old":null,"product_name":"Kar\u00e1csonyfa d\u00edsz kollekci\u00f3 filcb\u0151l, lila-ez\u00fcst","category_string":"Kar\u00e1csony, Kar\u00e1csonyi lak\u00e1sdekor\u00e1ci\u00f3, Kar\u00e1csonyfad\u00edszek","technic_string":"H\u00edmz\u00e9s","category_1":"319","category_2":"324","category_3":"323","category_4":"0","merged_category_1":null,"merged_category_2":null,"merged_category_3":null,"technic_1":"487","technic_2":"0","technic_3":"0","color_1":"518","color_2":"522","color_3":"0","product_description_old":null,"product_description":"k\u00e9k gyapj\u00fafilcb\u0151l \u00e9s f\u00e9msz\u00e1las ez\u00fcsfonalb\u00f3l k\u00e9sz\u00edtettem ezt a kar\u00e1csonyi kollekci\u00f3t. \na kollekci\u00f3 7 db-b\u00f3l \u00e1ll, \nm\u00e9rete. 7-7,5cm\n\nA gyapj\u00fafilc sz\u00edne egy \u00e1rnyalattal s\u00f6t\u00e9tebb  a k\u00e9pen l\u00e1tott\u00f3l.\n\nAz \u00e1r a 7db-re vonatkozik.\ndarabonk\u00e9nti \u00e1ra, ha kevesebbet szeretn\u00e9l 700Ft","price":"4900.00","unit":"db","recommended":"0","status":"1","sponsored":"0","exp_notify":"0","own_material":"0","own_material_description_old":null,"own_material_description":"","jury":"0","jury_number":"","product_nature":"","meskaracsony":"0","create_date":"2026-01-18 21:57:24","shelve_id":"71150","image":"pagi28_product_191983_151122231010_65426.jpeg","image_width":"480","image_height":"533","image_alt":"Kar\u00e1csonyfa d\u00edsz kollekci\u00f3 filcb\u0151l, lila-ez\u00fcst, k\u00e9k gyapj\u00fafilcb\u0151l \u00e9s f\u00e9msz\u00e1las ez\u00fcsfonalb\u00f3l k\u00e9sz\u00edtettem ezt a kar\u00e1csonyi kollekci\u00f3t. \\na kollekci\u00f3 7 ..., Meska","image_title":"Kar\u00e1csonyfa d\u00edsz kollekci\u00f3 filcb\u0151l, lila-ez\u00fcst, Meska","view_count":"1240","favourite_count":"0","trending_score":"0","last2MonthFavouriteCount":"0","promotion":"0","giftcard_accept":"0","creditcard_accept":true,"enhanced_background":"0","domain":"meska","specific_customer_id":null,"specific_customer_name":null,"to_order_product":"0","to_order_product_time":"0","product_different":null,"product_different_description":"","vintage":"0","vintage_category_id":"0","recycled":"0","gemstone_id":"0","customizable":"0","type_category":"physical","zerowaste":"0","postage_price":"1290.00","shop_order":"73","has_category":"1","landing_pages":null,"microdata":{"number":65,"category":""},"title":"Kar\u00e1csonyfa d\u00edsz kollekci\u00f3 filcb\u0151l, lila-ez\u00fcst","description":"k\u00e9k gyapj\u00fafilcb\u0151l \u00e9s f\u00e9msz\u00e1las ez\u00fcsfonalb\u00f3l k\u00e9sz\u00edtettem ezt a kar\u00e1csonyi kollekci\u00f3t. \na kollekci\u00f3 7 db-b\u00f3l \u00e1ll, \nm\u00e9rete. 7-7,5cm\n\nA gyapj\u00fafilc sz\u00edne egy \u00e1rnyalattal s\u00f6t\u00e9tebb  a k\u00e9pen l\u00e1tott\u00f3l.\n\nAz \u00e1r a 7db-re vonatkozik.\ndarabonk\u00e9nti \u00e1ra, ha kevesebbet szeretn\u00e9l 700Ft","score":0,"formatted_price":"4 900 Ft","image_url":"https:\/\/www.meska.hu\/img\/product\/small\/p\/a\/pagi28_product_191983_151122231010_65426.jpeg","formatted_url":"https:\/\/www.meska.hu\/p4700896-karacsonyfa-disz-kollekcio-filcbol-lila-ezust","favourite":false,"in_stock":true,"avatar":null,"delete_from":0,"is_enhanced_background":false,"is_enhanced":false,"product_selection_started":false,"is_active":true,"image_webp_url":"https:\/\/www.meska.hu\/img\/product\/small\/p\/a\/pagi28_product_191983_151122231010_65426.webp"},{"id":"3493160","shop_id":"18878","user_id":"173903","shop_name":"paracordmania","shop_zip":"1183","product_code":"3971780","product_name_old":null,"product_name":"- Fluorit \u00e9s feh\u00e9r kagyl\u00f3 - v\u00e9delem \u00e1sv\u00e1ny kark\u00f6t\u0151 \/ \u00e1sv\u00e1nykark\u00f6t\u0151, gumis, gy\u00f6ngy, n\u0151i, feh\u00e9r, k\u00e9k, lila, z\u00f6ld","category_string":"\u00c9kszer, Kark\u00f6t\u0151, \u00c1sv\u00e1nykark\u00f6t\u0151","technic_string":"\u00c9kszerk\u00e9sz\u00edt\u00e9s, Gy\u00f6ngyf\u0171z\u00e9s, gy\u00f6ngyh\u00edmz\u00e9s","category_1":"327","category_2":"333","category_3":"1647","category_4":"0","merged_category_1":"0","merged_category_2":"0","merged_category_3":"0","technic_1":"477","technic_2":"485","technic_3":"0","color_1":"519","color_2":"522","color_3":"525","product_description_old":null,"product_description":"Aj\u00e1nd\u00e9knak sz\u00e1nod ezt a term\u00e9ket? Szeretn\u00e9l hozz\u00e1 egyedi d\u00edszcsomagol\u00e1st? Akkor eg\u00e9sz\u00edtsd ki a v\u00e1s\u00e1rl\u00e1sod grav\u00edrozott k\u00eds\u00e9r\u0151 k\u00e1rty\u00e1val \u00e9s ez\u00fcst sz\u00edn\u0171 szat\u00e9n aj\u00e1nd\u00e9ktasakkal (utols\u00f3 k\u00e9p). A d\u00edszcsomagol\u00e1st a \u201eKieg\u00e9sz\u00edt\u0151\u201d leg\u00f6rd\u00fcl\u0151 men\u00fcben adhatod a kosaradhoz. A k\u00e1rtya 34x51 mm-es egy oldal\u00e1n grav\u00edrozott ny\u00e1rfa r\u00e9tegelt lemez, a tetej\u00e9n lyukkal, amivel a szat\u00e9n tasakra (a m\u00e9rete 100x150 mm) r\u00f6gz\u00edtheted. A grav\u00edrozand\u00f3 sz\u00f6veget a Kos\u00e1rban, az \u00dczenet r\u00e9szben adhatod meg.\n--- --- --- --- --- ---\n\nFluorit \u00e9s feh\u00e9r kagyl\u00f3 8 mm-es \u00e1sv\u00e1ny kark\u00f6t\u0151, csod\u00e1s sz\u00ednekben pomp\u00e1zik a z\u00f6ldes \u00e1rnyalatokt\u00f3l a lil\u00e1kig.\n\n------------------------\nA Fluorit hat\u00e1sai:\n\n\u201eA fluorit fokozottan v\u00e9delmez\u0151 krist\u00e1ly. Gy\u00f3gy\u00edt\u00e1sra haszn\u00e1lva a fluorit elt\u00e1vol\u00edtja a negat\u00edv energi\u00e1kat \u00e9s a stressz minden fajt\u00e1j\u00e1t. Seg\u00edt a tanul\u00e1sban, az \u00faj ismeretek hasznos\u00edt\u00e1s\u00e1ban \u00e9s megk\u00f6nny\u00edti a gyors gondolkod\u00e1st. \u201d\nForr\u00e1s: Krist\u00e1lybiblia\n\nCsillagjegyek: v\u00edz\u00f6nt\u0151, halak\n\n\/\/\/\/\/\/ Hogyan rendelj? \/\/\/\/\/\/\n\nA kark\u00f6t\u0151 fix m\u00e9retre k\u00e9sz\u00fcl, ez\u00e9rt az elk\u00e9sz\u00edt\u00e9s\u00e9hez sz\u00fcks\u00e9gem lesz a pontos csukl\u00f3m\u00e9retre. Ha aj\u00e1nd\u00e9kba venn\u00e9d, vagy nem tudsz m\u00e9retet adni, akkor fontold meg az \u00e1ll\u00edthat\u00f3 m\u00e9ret\u0171 \u00e1sv\u00e1ny kark\u00f6t\u0151ket (az unisex Minerva Maxi illetve a n\u0151i Minerva \u00e9s Minerva Angyal modellek) \u00e9s n\u00e9zz k\u00f6r\u00fcl az al\u00e1bbi linken:\n\nhttps:\/\/www.meska.hu\/Shop\/index\/18878?search_string=M%C3%81%C3%81K\n\nHa enn\u00e9l a kark\u00f6t\u0151n\u00e9l maradsz, akkor az al\u00e1bbi m\u00f3don add meg nekem a m\u00e9retet:\n1. V\u00e9gy egy madzagot vagy szalagot (ak\u00e1r v\u00e1ghatsz is egyet pap\u00edrb\u00f3l).\n2. Tekerd a csukl\u00f3d k\u00f6r\u00e9, ahol a kark\u00f6t\u0151t hordod.\n3. M\u00e9rd le a pontos! csukl\u00f3m\u00e9reted, de ne fesz\u00edtsd r\u00e1.\n4. Egy vonalz\u00f3 seg\u00edts\u00e9g\u00e9vel m\u00e9rd le a kapott m\u00e9retet \u00e9s ezt \u00edrd meg nekem az \u00dczenet mez\u0151ben.\n\nFONTOS! Az nem megfelel\u0151, ha egy megl\u00e9v\u0151 \u00f3r\u00e1nak vagy kark\u00f6t\u0151nek a hossz\u00e1t m\u00e9red le, mivel az \u00edgy kapott m\u00e9ret (anyag, vastags\u00e1g, csat stb. miatt) nem egyezik meg a csukl\u00f3 m\u00e9rettel.\n\nHa megvan a m\u00e9ret, akkor a rendel\u00e9sn\u00e9l k\u00e9rlek \u00edrd majd bele az \u00dczenet rovatba. A kark\u00f6t\u0151d erre a m\u00e9retre fog k\u00e9sz\u00fclni. A leg\u00f6rd\u00fcl\u0151 men\u00fcben pedig v\u00e1laszd ki a m\u00e9rets\u00e1vot, ami lehet Norm\u00e1l (0-19 cm) vagy Nagy m\u00e9ret (20-24 cm).\n\nA j\u00f3 m\u00e9ret megad\u00e1sa a Te felel\u0151ss\u00e9ged, ut\u00f3lag nem tudom m\u00f3dos\u00edtani. Azonban a csomag tartalmaz Extr\u00e1kat is. Tal\u00e1lsz benne egy p\u00f3tgumit \u00e9s 1-2 szem \u00e1sv\u00e1nyt, amivel minim\u00e1lisan korrig\u00e1lhatod a m\u00e9retet.","price":"7290.00","unit":"db","recommended":"0","status":"1","sponsored":"0","exp_notify":"0","own_material":"0","own_material_description_old":null,"own_material_description":"","jury":"0","jury_number":"","product_nature":"","meskaracsony":"0","create_date":"2026-03-21 06:50:39","shelve_id":"53139","image":"paracordmania_product_173903_180226182159_930615.jpeg","image_width":"480","image_height":"480","image_alt":"- Fluorit \u00e9s feh\u00e9r kagyl\u00f3 - v\u00e9delem \u00e1sv\u00e1ny kark\u00f6t\u0151 \/ \u00e1sv\u00e1nykark\u00f6t\u0151, gumis, gy\u00f6ngy, n\u0151i, feh\u00e9r, k\u00e9k, lila, z\u00f6ld, Aj\u00e1nd\u00e9knak sz\u00e1nod ezt a term\u00e9ket? Szeretn\u00e9l hozz\u00e1 egyedi d\u00edszcsomagol\u00e1st? Akkor eg\u00e9sz\u00edtsd ki a v\u00e1s\u00e1r..., Meska","image_title":"- Fluorit \u00e9s feh\u00e9r kagyl\u00f3 - v\u00e9delem \u00e1sv\u00e1ny kark\u00f6t\u0151 \/ \u00e1sv\u00e1nykark\u00f6t\u0151, gumis, gy\u00f6ngy, n\u0151i, feh\u00e9r, k\u00e9k, lila, z\u00f6ld, Meska","view_count":"1224","favourite_count":"0","trending_score":"0","last2MonthFavouriteCount":"0","promotion":0,"giftcard_accept":"1","creditcard_accept":true,"enhanced_background":"0","domain":"meska","specific_customer_id":null,"specific_customer_name":null,"to_order_product":"1","to_order_product_time":"2","product_different":"quite_different","product_different_description":"Minden \u00e1sv\u00e1nygoly\u00f3 egyedi, ez\u00e9rt minden kark\u00f6t\u0151 kicsit m\u00e1s lesz mint a mintafot\u00f3.","vintage":"0","vintage_category_id":"0","recycled":"0","gemstone_id":"0","customizable":"1","type_category":"physical","zerowaste":"0","postage_price":"3455.00","shop_order":"0","has_category":"1","landing_pages":null,"microdata":{"number":66,"category":""},"title":"- Fluorit \u00e9s feh\u00e9r kagyl\u00f3 - v\u00e9delem \u00e1sv\u00e1ny kark\u00f6t\u0151 \/ \u00e1sv\u00e1nykark\u00f6t\u0151, gumis, gy\u00f6ngy, n\u0151i, feh\u00e9r, k\u00e9k, lila, z\u00f6ld","description":"Aj\u00e1nd\u00e9knak sz\u00e1nod ezt a term\u00e9ket? Szeretn\u00e9l hozz\u00e1 egyedi d\u00edszcsomagol\u00e1st? Akkor eg\u00e9sz\u00edtsd ki a v\u00e1s\u00e1rl\u00e1sod grav\u00edrozott k\u00eds\u00e9r\u0151 k\u00e1rty\u00e1val \u00e9s ez\u00fcst sz\u00edn\u0171 szat\u00e9n aj\u00e1nd\u00e9ktasakkal (utols\u00f3 k\u00e9p). A d\u00edszcsomagol\u00e1st a \u201eKieg\u00e9sz\u00edt\u0151\u201d leg\u00f6rd\u00fcl\u0151 men\u00fcben adhatod a kosaradhoz. A k\u00e1rtya 34x51 mm-es egy oldal\u00e1n grav\u00edrozott ny\u00e1rfa r\u00e9tegelt lemez, a tetej\u00e9n lyukkal, amivel a szat\u00e9n tasakra (a m\u00e9rete 100x150 mm) r\u00f6gz\u00edtheted. A grav\u00edrozand\u00f3 sz\u00f6veget a Kos\u00e1rban, az \u00dczenet r\u00e9szben adhatod meg.\n--- --- --- --- --- ---\n\nFluorit \u00e9s feh\u00e9r kagyl\u00f3 8 mm-es \u00e1sv\u00e1ny kark\u00f6t\u0151, csod\u00e1s sz\u00ednekben pomp\u00e1zik a z\u00f6ldes \u00e1rnyalatokt\u00f3l a lil\u00e1kig.\n\n------------------------\nA Fluorit hat\u00e1sai:\n\n\u201eA fluorit fokozottan v\u00e9delmez\u0151 krist\u00e1ly. Gy\u00f3gy\u00edt\u00e1sra haszn\u00e1lva a fluorit elt\u00e1vol\u00edtja a negat\u00edv energi\u00e1kat \u00e9s a stressz minden fajt\u00e1j\u00e1t. Seg\u00edt a tanul\u00e1sban, az \u00faj ismeretek hasznos\u00edt\u00e1s\u00e1ban \u00e9s megk\u00f6nny\u00edti a gyors gondolkod\u00e1st. \u201d\nForr\u00e1s: Krist\u00e1lybiblia\n\nCsillagjegyek: v\u00edz\u00f6nt\u0151, halak\n\n\/\/\/\/\/\/ Hogyan rendelj? \/\/\/\/\/\/\n\nA kark\u00f6t\u0151 fix m\u00e9retre k\u00e9sz\u00fcl, ez\u00e9rt az elk\u00e9sz\u00edt\u00e9s\u00e9hez sz\u00fcks\u00e9gem lesz a pontos csukl\u00f3m\u00e9retre. Ha aj\u00e1nd\u00e9kba venn\u00e9d, vagy nem tudsz m\u00e9retet adni, akkor fontold meg az \u00e1ll\u00edthat\u00f3 m\u00e9ret\u0171 \u00e1sv\u00e1ny kark\u00f6t\u0151ket (az unisex Minerva Maxi illetve a n\u0151i Minerva \u00e9s Minerva Angyal modellek) \u00e9s n\u00e9zz k\u00f6r\u00fcl az al\u00e1bbi linken:\n\nhttps:\/\/www.meska.hu\/Shop\/index\/18878?search_string=M%C3%81%C3%81K\n\nHa enn\u00e9l a kark\u00f6t\u0151n\u00e9l maradsz, akkor az al\u00e1bbi m\u00f3don add meg nekem a m\u00e9retet:\n1. V\u00e9gy egy madzagot vagy szalagot (ak\u00e1r v\u00e1ghatsz is egyet pap\u00edrb\u00f3l).\n2. Tekerd a csukl\u00f3d k\u00f6r\u00e9, ahol a kark\u00f6t\u0151t hordod.\n3. M\u00e9rd le a pontos! csukl\u00f3m\u00e9reted, de ne fesz\u00edtsd r\u00e1.\n4. Egy vonalz\u00f3 seg\u00edts\u00e9g\u00e9vel m\u00e9rd le a kapott m\u00e9retet \u00e9s ezt \u00edrd meg nekem az \u00dczenet mez\u0151ben.\n\nFONTOS! Az nem megfelel\u0151, ha egy megl\u00e9v\u0151 \u00f3r\u00e1nak vagy kark\u00f6t\u0151nek a hossz\u00e1t m\u00e9red le, mivel az \u00edgy kapott m\u00e9ret (anyag, vastags\u00e1g, csat stb. miatt) nem egyezik meg a csukl\u00f3 m\u00e9rettel.\n\nHa megvan a m\u00e9ret, akkor a rendel\u00e9sn\u00e9l k\u00e9rlek \u00edrd majd bele az \u00dczenet rovatba. A kark\u00f6t\u0151d erre a m\u00e9retre fog k\u00e9sz\u00fclni. A leg\u00f6rd\u00fcl\u0151 men\u00fcben pedig v\u00e1laszd ki a m\u00e9rets\u00e1vot, ami lehet Norm\u00e1l (0-19 cm) vagy Nagy m\u00e9ret (20-24 cm).\n\nA j\u00f3 m\u00e9ret megad\u00e1sa a Te felel\u0151ss\u00e9ged, ut\u00f3lag nem tudom m\u00f3dos\u00edtani. Azonban a csomag tartalmaz Extr\u00e1kat is. Tal\u00e1lsz benne egy p\u00f3tgumit \u00e9s 1-2 szem \u00e1sv\u00e1nyt, amivel minim\u00e1lisan korrig\u00e1lhatod a m\u00e9retet.","score":0,"formatted_price":"7 290 Ft","image_url":"https:\/\/www.meska.hu\/img\/product\/small\/p\/a\/paracordmania_product_173903_180226182159_930615.jpeg","formatted_url":"https:\/\/www.meska.hu\/p3971780-fluorit-es-feher-kagylo-vedelem-asvany-karkoto-asvanykarkoto-gumis-gyongy-noi-feher-kek-lila-zold","favourite":false,"in_stock":false,"avatar":"paracordmania_avatar_173903_1581629068.jpg","delete_from":0,"is_enhanced_background":false,"is_enhanced":false,"product_selection_started":false,"is_active":true,"image_webp_url":"https:\/\/www.meska.hu\/img\/product\/small\/p\/a\/paracordmania_product_173903_180226182159_930615.webp"},{"id":"3441337","shop_id":"18878","user_id":"173903","shop_name":"paracordmania","shop_zip":"1183","product_code":"3777575","product_name_old":null,"product_name":"- Minerva Maxi - fluorit \u00e1sv\u00e1ny kark\u00f6t\u0151, \u00e1ll\u00edthat\u00f3 m\u00e9ret\u0171 \u00e9s v\u00e1laszthat\u00f3 paracord sz\u00ednnel \/ unisex lila \u00e1sv\u00e1nykark\u00f6t\u0151","category_string":"\u00c9kszer, Kark\u00f6t\u0151, Gy\u00f6ngy\u00f6s kark\u00f6t\u0151","technic_string":"\u00c9kszerk\u00e9sz\u00edt\u00e9s, Gy\u00f6ngyf\u0171z\u00e9s, gy\u00f6ngyh\u00edmz\u00e9s","category_1":"327","category_2":"333","category_3":"1233","category_4":"0","merged_category_1":"0","merged_category_2":"0","merged_category_3":"0","technic_1":"477","technic_2":"485","technic_3":"0","color_1":"519","color_2":"522","color_3":"529","product_description_old":null,"product_description":"Aj\u00e1nd\u00e9knak sz\u00e1nod ezt a term\u00e9ket? Szeretn\u00e9l hozz\u00e1 egyedi d\u00edszcsomagol\u00e1st? Akkor eg\u00e9sz\u00edtsd ki a v\u00e1s\u00e1rl\u00e1sod grav\u00edrozott k\u00eds\u00e9r\u0151 k\u00e1rty\u00e1val \u00e9s ez\u00fcst sz\u00edn\u0171 szat\u00e9n aj\u00e1nd\u00e9ktasakkal (utols\u00f3 k\u00e9p). A d\u00edszcsomagol\u00e1st a \u201eKieg\u00e9sz\u00edt\u0151\u201d leg\u00f6rd\u00fcl\u0151 men\u00fcben adhatod a kosaradhoz. A k\u00e1rtya 34x51 mm-es egy oldal\u00e1n grav\u00edrozott ny\u00e1rfa r\u00e9tegelt lemez, a tetej\u00e9n lyukkal, amivel a szat\u00e9n tasakra (a m\u00e9rete 100x150 mm) r\u00f6gz\u00edtheted. A grav\u00edrozand\u00f3 sz\u00f6veget a Kos\u00e1rban, az \u00dczenet r\u00e9szben adhatod meg.\n--- --- --- --- --- ---\n\nA Minerva Maxi kark\u00f6t\u0151 a Minerva n\u0151i kark\u00f6t\u0151 unisex v\u00e1ltozata. 6 mm-es \u00e1sv\u00e1ny \u00e9s v\u00e9kony microcord zsin\u00f3r helyett, 8 mm-es \u00e1sv\u00e1ny \u00e9s vastagabb 2 mm-es paracord sz\u00e1lb\u00f3l \u00e1ll. Igazi divatos \u00e9s modern unisex kark\u00f6t\u0151, mely j\u00f3l mutat mind f\u00e9rfi mind n\u0151i k\u00e9zen. A Minerva Maxi polcon ha k\u00f6r\u00fcln\u00e9zel tal\u00e1lsz f\u00e9rfi, unisex \u00e9s n\u0151i verzi\u00f3kat is:\nhttps:\/\/www.meska.hu\/Shop\/kezmuves\/18878\/62421\n\nEgyedi tervez\u00e9s\u0171 kark\u00f6t\u0151, melynek d\u00edsze 5 szem fluorit. A javasolt paracord sz\u00edn, amit a k\u00e9pen is l\u00e1tsz: 30-as Orgona lila. \nAmennyiben m\u00e1s sz\u00ednt v\u00e1lasztan\u00e1l, akkor megteheted az utols\u00f3 k\u00e9pen l\u00e1that\u00f3 sz\u00ednmint\u00e1b\u00f3l. Itt el\u00e9g megadnod a v\u00e1lasztott sz\u00edn sz\u00e1m\u00e1t.\n\n\u00c1ll\u00edthat\u00f3 m\u00e9ret\u0171, ez\u00e9rt ak\u00e1r aj\u00e1nd\u00e9knak is kiv\u00e1l\u00f3. \n\n------------------------\n\nA Fluorit hat\u00e1sai:\n\n\u201eA fluorit fokozottan v\u00e9delmez\u0151 krist\u00e1ly. Gy\u00f3gy\u00edt\u00e1sra haszn\u00e1lva a fluorit elt\u00e1vol\u00edtja a negat\u00edv energi\u00e1kat \u00e9s a stressz minden fajt\u00e1j\u00e1t. Seg\u00edt a tanul\u00e1sban, az \u00faj ismeretek hasznos\u00edt\u00e1s\u00e1ban \u00e9s megk\u00f6nny\u00edti a gyors gondolkod\u00e1st. \u201d\nForr\u00e1s: Krist\u00e1lybiblia\n\nCsillagjegyek: v\u00edz\u00f6nt\u0151, halak\n\n------------------------\n\n8 mm-es \u00e1sv\u00e1ny kark\u00f6t\u0151. Er\u0151s, strapab\u00edr\u00f3 paracord k\u00f6t\u00f6z\u00e9ssel.\n\nA kark\u00f6t\u0151 m\u00e9retre cs\u00fasz\u00f3csom\u00f3val k\u00f6nnyed\u00e9n \u00e1ll\u00edthat\u00f3 \u00e9s 15-20 cm vastags\u00e1g\u00fa csukl\u00f3ra ide\u00e1lis. Aj\u00e1nd\u00e9knak is kit\u0171n\u0151, mert nincs sz\u00fcks\u00e9g a pontos csukl\u00f3m\u00e9retre.\n\nAz elk\u00e9sz\u00fclt kark\u00f6t\u0151 kin\u00e9zete elt\u00e9rhet a fot\u00f3t\u00f3l, mivel nincs k\u00e9t egyforma \u00e1sv\u00e1ny.\n\nHa megn\u00e9zn\u00e9d az \u00f6sszes Minerva t\u00edpust, ahol tal\u00e1lsz angyalk\u00e1s verzi\u00f3t (Minerva Angyal), n\u0151i v\u00e9kony (Minerva) \u00e9s unisex (Minerva Maxi) verzi\u00f3t, akkor n\u00e9zd meg ezt a linket:\nhttps:\/\/www.meska.hu\/Shop\/index\/18878?search_string=M%C3%81%C3%81K\n\nAz \u00e1r egy darab kark\u00f6t\u0151re vonatkozik.\n\nM\u00c1\u00c1K","price":"4790.00","unit":"db","recommended":"0","status":"1","sponsored":"0","exp_notify":"0","own_material":"0","own_material_description_old":null,"own_material_description":"","jury":"0","jury_number":"","product_nature":"","meskaracsony":"0","create_date":"2026-01-17 08:30:55","shelve_id":"62421","image":"paracordmania_product_173903_200706193933_73721.jpeg","image_width":"480","image_height":"480","image_alt":"- Minerva Maxi - fluorit \u00e1sv\u00e1ny kark\u00f6t\u0151, \u00e1ll\u00edthat\u00f3 m\u00e9ret\u0171 \u00e9s v\u00e1laszthat\u00f3 paracord sz\u00ednnel \/ unisex lila \u00e1sv\u00e1nykark\u00f6t\u0151, Aj\u00e1nd\u00e9knak sz\u00e1nod ezt a term\u00e9ket? Szeretn\u00e9l hozz\u00e1 egyedi d\u00edszcsomagol\u00e1st? Akkor eg\u00e9sz\u00edtsd ki a v\u00e1s\u00e1r..., Meska","image_title":"- Minerva Maxi - fluorit \u00e1sv\u00e1ny kark\u00f6t\u0151, \u00e1ll\u00edthat\u00f3 m\u00e9ret\u0171 \u00e9s v\u00e1laszthat\u00f3 paracord sz\u00ednnel \/ unisex lila \u00e1sv\u00e1nykark\u00f6t\u0151, Meska","view_count":"1231","favourite_count":"0","trending_score":"0","last2MonthFavouriteCount":"0","promotion":0,"giftcard_accept":"1","creditcard_accept":true,"enhanced_background":"0","domain":"meska","specific_customer_id":null,"specific_customer_name":null,"to_order_product":"1","to_order_product_time":"2","product_different":"quite_different","product_different_description":"Minden \u00e1sv\u00e1nygoly\u00f3 egyedi, ez\u00e9rt minden kark\u00f6t\u0151 kicsit m\u00e1s lesz mint a mintafot\u00f3.","vintage":"0","vintage_category_id":"0","recycled":"0","gemstone_id":"0","customizable":"1","type_category":"physical","zerowaste":"0","postage_price":"3455.00","shop_order":"0","has_category":"1","landing_pages":null,"microdata":{"number":67,"category":""},"title":"- Minerva Maxi - fluorit \u00e1sv\u00e1ny kark\u00f6t\u0151, \u00e1ll\u00edthat\u00f3 m\u00e9ret\u0171 \u00e9s v\u00e1laszthat\u00f3 paracord sz\u00ednnel \/ unisex lila \u00e1sv\u00e1nykark\u00f6t\u0151","description":"Aj\u00e1nd\u00e9knak sz\u00e1nod ezt a term\u00e9ket? Szeretn\u00e9l hozz\u00e1 egyedi d\u00edszcsomagol\u00e1st? Akkor eg\u00e9sz\u00edtsd ki a v\u00e1s\u00e1rl\u00e1sod grav\u00edrozott k\u00eds\u00e9r\u0151 k\u00e1rty\u00e1val \u00e9s ez\u00fcst sz\u00edn\u0171 szat\u00e9n aj\u00e1nd\u00e9ktasakkal (utols\u00f3 k\u00e9p). A d\u00edszcsomagol\u00e1st a \u201eKieg\u00e9sz\u00edt\u0151\u201d leg\u00f6rd\u00fcl\u0151 men\u00fcben adhatod a kosaradhoz. A k\u00e1rtya 34x51 mm-es egy oldal\u00e1n grav\u00edrozott ny\u00e1rfa r\u00e9tegelt lemez, a tetej\u00e9n lyukkal, amivel a szat\u00e9n tasakra (a m\u00e9rete 100x150 mm) r\u00f6gz\u00edtheted. A grav\u00edrozand\u00f3 sz\u00f6veget a Kos\u00e1rban, az \u00dczenet r\u00e9szben adhatod meg.\n--- --- --- --- --- ---\n\nA Minerva Maxi kark\u00f6t\u0151 a Minerva n\u0151i kark\u00f6t\u0151 unisex v\u00e1ltozata. 6 mm-es \u00e1sv\u00e1ny \u00e9s v\u00e9kony microcord zsin\u00f3r helyett, 8 mm-es \u00e1sv\u00e1ny \u00e9s vastagabb 2 mm-es paracord sz\u00e1lb\u00f3l \u00e1ll. Igazi divatos \u00e9s modern unisex kark\u00f6t\u0151, mely j\u00f3l mutat mind f\u00e9rfi mind n\u0151i k\u00e9zen. A Minerva Maxi polcon ha k\u00f6r\u00fcln\u00e9zel tal\u00e1lsz f\u00e9rfi, unisex \u00e9s n\u0151i verzi\u00f3kat is:\nhttps:\/\/www.meska.hu\/Shop\/kezmuves\/18878\/62421\n\nEgyedi tervez\u00e9s\u0171 kark\u00f6t\u0151, melynek d\u00edsze 5 szem fluorit. A javasolt paracord sz\u00edn, amit a k\u00e9pen is l\u00e1tsz: 30-as Orgona lila. \nAmennyiben m\u00e1s sz\u00ednt v\u00e1lasztan\u00e1l, akkor megteheted az utols\u00f3 k\u00e9pen l\u00e1that\u00f3 sz\u00ednmint\u00e1b\u00f3l. Itt el\u00e9g megadnod a v\u00e1lasztott sz\u00edn sz\u00e1m\u00e1t.\n\n\u00c1ll\u00edthat\u00f3 m\u00e9ret\u0171, ez\u00e9rt ak\u00e1r aj\u00e1nd\u00e9knak is kiv\u00e1l\u00f3. \n\n------------------------\n\nA Fluorit hat\u00e1sai:\n\n\u201eA fluorit fokozottan v\u00e9delmez\u0151 krist\u00e1ly. Gy\u00f3gy\u00edt\u00e1sra haszn\u00e1lva a fluorit elt\u00e1vol\u00edtja a negat\u00edv energi\u00e1kat \u00e9s a stressz minden fajt\u00e1j\u00e1t. Seg\u00edt a tanul\u00e1sban, az \u00faj ismeretek hasznos\u00edt\u00e1s\u00e1ban \u00e9s megk\u00f6nny\u00edti a gyors gondolkod\u00e1st. \u201d\nForr\u00e1s: Krist\u00e1lybiblia\n\nCsillagjegyek: v\u00edz\u00f6nt\u0151, halak\n\n------------------------\n\n8 mm-es \u00e1sv\u00e1ny kark\u00f6t\u0151. Er\u0151s, strapab\u00edr\u00f3 paracord k\u00f6t\u00f6z\u00e9ssel.\n\nA kark\u00f6t\u0151 m\u00e9retre cs\u00fasz\u00f3csom\u00f3val k\u00f6nnyed\u00e9n \u00e1ll\u00edthat\u00f3 \u00e9s 15-20 cm vastags\u00e1g\u00fa csukl\u00f3ra ide\u00e1lis. Aj\u00e1nd\u00e9knak is kit\u0171n\u0151, mert nincs sz\u00fcks\u00e9g a pontos csukl\u00f3m\u00e9retre.\n\nAz elk\u00e9sz\u00fclt kark\u00f6t\u0151 kin\u00e9zete elt\u00e9rhet a fot\u00f3t\u00f3l, mivel nincs k\u00e9t egyforma \u00e1sv\u00e1ny.\n\nHa megn\u00e9zn\u00e9d az \u00f6sszes Minerva t\u00edpust, ahol tal\u00e1lsz angyalk\u00e1s verzi\u00f3t (Minerva Angyal), n\u0151i v\u00e9kony (Minerva) \u00e9s unisex (Minerva Maxi) verzi\u00f3t, akkor n\u00e9zd meg ezt a linket:\nhttps:\/\/www.meska.hu\/Shop\/index\/18878?search_string=M%C3%81%C3%81K\n\nAz \u00e1r egy darab kark\u00f6t\u0151re vonatkozik.\n\nM\u00c1\u00c1K","score":0,"formatted_price":"4 790 Ft","image_url":"https:\/\/www.meska.hu\/img\/product\/small\/p\/a\/paracordmania_product_173903_200706193933_73721.jpeg","formatted_url":"https:\/\/www.meska.hu\/p3777575-minerva-maxi-fluorit-asvany-karkoto-allithato-meretu-es-valaszthato-paracord-szinnel-unisex-lila-asvanykarkoto","favourite":false,"in_stock":false,"avatar":"paracordmania_avatar_173903_1581629068.jpg","delete_from":0,"is_enhanced_background":false,"is_enhanced":false,"product_selection_started":false,"is_active":true,"image_webp_url":"https:\/\/www.meska.hu\/img\/product\/small\/p\/a\/paracordmania_product_173903_200706193933_73721.webp"},{"id":"3087089","shop_id":"30316","user_id":"381965","shop_name":"MadebyMimi","shop_zip":"2335","product_code":"4295066","product_name_old":null,"product_name":"Horgolt Betlehemi kar\u00e1csonyfad\u00edsz szett","category_string":"Kar\u00e1csony, Kar\u00e1csonyi lak\u00e1sdekor\u00e1ci\u00f3, Kar\u00e1csonyfad\u00edszek","technic_string":"Horgol\u00e1s","category_1":"319","category_2":"324","category_3":"323","category_4":"0","merged_category_1":null,"merged_category_2":null,"merged_category_3":null,"technic_1":"488","technic_2":"0","technic_3":"0","color_1":"514","color_2":"522","color_3":"527","product_description_old":null,"product_description":"Ebben a szettben 12 darab Betlehem t\u00e9m\u00e1j\u00fa kar\u00e1csonyi g\u00f6mb tal\u00e1lhat\u00f3. K\u00fcl\u00f6nleges d\u00edsze lesz a kar\u00e1csonyf\u00e1dnak \u00e9s seg\u00edts\u00e9g\u00e9vel gyermekednek mes\u00e9lhetsz is!\n100% bababar\u00e1t, ny\u00e1l\u00e1ll\u00f3 pamutfonalb\u00f3l k\u00e9sz\u00fclt.\n\nM\u00e9ret: 5 cm-9 cm-ig\nKiszerel\u00e9s (db\/csomag): 12\n(A csomag tartalma: egy M\u00e1ria, egy J\u00f3zsef egy kis J\u00e9zus, egy angyal, H\u00e1romkir\u00e1lyok, egy p\u00e1sztor, egy csillag, egy b\u00e1r\u00e1ny, egy szam\u00e1r, egy \u00f6k\u00f6r)","price":"21000.00","unit":"db","recommended":"0","status":"1","sponsored":"0","exp_notify":"0","own_material":"0","own_material_description_old":null,"own_material_description":"","jury":"0","jury_number":"","product_nature":"","meskaracsony":"0","create_date":"2026-02-01 13:07:29","shelve_id":"0","image":"madebymimi_product_381965_210922081645_193582.jpeg","image_width":"480","image_height":"640","image_alt":"Horgolt Betlehemi kar\u00e1csonyfad\u00edsz szett, Ebben a szettben 12 darab Betlehem t\u00e9m\u00e1j\u00fa kar\u00e1csonyi g\u00f6mb tal\u00e1lhat\u00f3. K\u00fcl\u00f6nleges d\u00edsze lesz a kar\u00e1cso..., Meska","image_title":"Horgolt Betlehemi kar\u00e1csonyfad\u00edsz szett, Meska","view_count":"1202","favourite_count":"0","trending_score":"0","last2MonthFavouriteCount":"0","promotion":"0","giftcard_accept":"1","creditcard_accept":false,"enhanced_background":"0","domain":"meska","specific_customer_id":null,"specific_customer_name":null,"to_order_product":"0","to_order_product_time":"0","product_different":null,"product_different_description":"","vintage":"0","vintage_category_id":"0","recycled":"0","gemstone_id":"0","customizable":"0","type_category":"physical","zerowaste":"0","postage_price":"1100.00","shop_order":"0","has_category":"1","landing_pages":null,"microdata":{"number":68,"category":""},"title":"Horgolt Betlehemi kar\u00e1csonyfad\u00edsz szett","description":"Ebben a szettben 12 darab Betlehem t\u00e9m\u00e1j\u00fa kar\u00e1csonyi g\u00f6mb tal\u00e1lhat\u00f3. K\u00fcl\u00f6nleges d\u00edsze lesz a kar\u00e1csonyf\u00e1dnak \u00e9s seg\u00edts\u00e9g\u00e9vel gyermekednek mes\u00e9lhetsz is!\n100% bababar\u00e1t, ny\u00e1l\u00e1ll\u00f3 pamutfonalb\u00f3l k\u00e9sz\u00fclt.\n\nM\u00e9ret: 5 cm-9 cm-ig\nKiszerel\u00e9s (db\/csomag): 12\n(A csomag tartalma: egy M\u00e1ria, egy J\u00f3zsef egy kis J\u00e9zus, egy angyal, H\u00e1romkir\u00e1lyok, egy p\u00e1sztor, egy csillag, egy b\u00e1r\u00e1ny, egy szam\u00e1r, egy \u00f6k\u00f6r)","score":0,"formatted_price":"21 000 Ft","image_url":"https:\/\/www.meska.hu\/img\/product\/small\/m\/a\/madebymimi_product_381965_210922081645_193582.jpeg","formatted_url":"https:\/\/www.meska.hu\/p4295066-horgolt-betlehemi-karacsonyfadisz-szett","favourite":false,"in_stock":true,"avatar":"MadebyMimi_avatar_381965_1595828934.jpg","delete_from":0,"is_enhanced_background":false,"is_enhanced":false,"product_selection_started":false,"is_active":true,"image_webp_url":"https:\/\/www.meska.hu\/img\/product\/small\/m\/a\/madebymimi_product_381965_210922081645_193582.webp"},{"id":"3437336","shop_id":"2011","user_id":"6991","shop_name":"andidea","shop_zip":"8400","product_code":"3557481","product_name_old":null,"product_name":"Kiseg\u00e9r k\u00f6nyvjelz\u0151","category_string":"K\u00f6nyv & Zene, K\u00f6nyvjelz\u0151","technic_string":"Fest\u00e9szet, Varr\u00e1s","category_1":"1418","category_2":"356","category_3":"0","category_4":"0","merged_category_1":"0","merged_category_2":"0","merged_category_3":"0","technic_1":"480","technic_2":"506","technic_3":"0","color_1":"519","color_2":"522","color_3":"525","product_description_old":null,"product_description":"K\u00f6nyvjelz\u0151b\u0151l n\u00e1lunk sosem el\u00e9g. Gondoltam ezzel m\u00e1s is \u00edgy lehet, \u00e9s ez\u00e9rt bizton sz\u00e1m\u00edthat \u00e9rdekl\u0151d\u00e9sre egy kicsi lila eg\u00e9r.\nMikor el\u0151sz\u00f6r beszorult k\u00e9t lap k\u00f6z\u00e9, kicsit meglep\u0151d\u00f6tt (ami m\u00e9g most is l\u00e1tszik az arc\u00e1n).\nF\u0151leg a mesek\u00f6nyveket szereti, de lehet sz\u00e1m\u00edtani a munk\u00e1j\u00e1ra b\u00e1rmilyen m\u00e1s k\u00f6tetben is.\nFeled\u00e9kenys\u00e9g ellen, csom\u00f3t k\u00f6t a fark\u00e1ra.\nTapasztalatom szerint a gyerk\u0151c\u00f6k sz\u00edvesebben fordulnak a k\u00f6nyvek fel\u00e9, ha egy j\u00f3 pajt\u00e1s v\u00e1r r\u00e1juk a lapok k\u00f6zt.\nAz eg\u00e9rke eredetij\u00e9t \u00e9n rajzoltam, sz\u00edneztem, majd sokszoros\u00edtottam \u00e9s hogy tart\u00f3sabb legyen, lelamin\u00e1ltam.\nA fark\u00e1t k\u00fcl\u00f6n, selyemszalagb\u00f3l varrtam r\u00e1!\nM\u00e9rete:12x9cm +14cm farkinca\n\nSzem\u00e9lyes \u00e1tv\u00e9tel, Budapesten is.","price":"560.00","unit":"db","recommended":"0","status":"1","sponsored":"0","exp_notify":"0","own_material":"0","own_material_description_old":null,"own_material_description":"","jury":"0","jury_number":"","product_nature":"","meskaracsony":"0","create_date":"2026-02-01 20:10:59","shelve_id":"4022","image":"andidea_product_6991_120903091324_2.JPG","image_width":"480","image_height":"640","image_alt":"Kiseg\u00e9r k\u00f6nyvjelz\u0151, K\u00f6nyvjelz\u0151b\u0151l n\u00e1lunk sosem el\u00e9g. Gondoltam ezzel m\u00e1s is \u00edgy lehet, \u00e9s ez\u00e9rt bizton sz\u00e1m\u00edthat \u00e9rdekl\u0151..., Meska","image_title":"Kiseg\u00e9r k\u00f6nyvjelz\u0151, Meska","view_count":"1197","favourite_count":"0","trending_score":"0","last2MonthFavouriteCount":"0","promotion":0,"giftcard_accept":"1","creditcard_accept":true,"enhanced_background":"0","domain":"meska","specific_customer_id":null,"specific_customer_name":null,"to_order_product":"0","to_order_product_time":"0","product_different":null,"product_different_description":"","vintage":"0","vintage_category_id":"0","recycled":"0","gemstone_id":"0","customizable":"0","type_category":"physical","zerowaste":"0","postage_price":"1290.00","shop_order":"0","has_category":"1","landing_pages":null,"microdata":{"number":69,"category":""},"title":"Kiseg\u00e9r k\u00f6nyvjelz\u0151","description":"K\u00f6nyvjelz\u0151b\u0151l n\u00e1lunk sosem el\u00e9g. Gondoltam ezzel m\u00e1s is \u00edgy lehet, \u00e9s ez\u00e9rt bizton sz\u00e1m\u00edthat \u00e9rdekl\u0151d\u00e9sre egy kicsi lila eg\u00e9r.\nMikor el\u0151sz\u00f6r beszorult k\u00e9t lap k\u00f6z\u00e9, kicsit meglep\u0151d\u00f6tt (ami m\u00e9g most is l\u00e1tszik az arc\u00e1n).\nF\u0151leg a mesek\u00f6nyveket szereti, de lehet sz\u00e1m\u00edtani a munk\u00e1j\u00e1ra b\u00e1rmilyen m\u00e1s k\u00f6tetben is.\nFeled\u00e9kenys\u00e9g ellen, csom\u00f3t k\u00f6t a fark\u00e1ra.\nTapasztalatom szerint a gyerk\u0151c\u00f6k sz\u00edvesebben fordulnak a k\u00f6nyvek fel\u00e9, ha egy j\u00f3 pajt\u00e1s v\u00e1r r\u00e1juk a lapok k\u00f6zt.\nAz eg\u00e9rke eredetij\u00e9t \u00e9n rajzoltam, sz\u00edneztem, majd sokszoros\u00edtottam \u00e9s hogy tart\u00f3sabb legyen, lelamin\u00e1ltam.\nA fark\u00e1t k\u00fcl\u00f6n, selyemszalagb\u00f3l varrtam r\u00e1!\nM\u00e9rete:12x9cm +14cm farkinca\n\nSzem\u00e9lyes \u00e1tv\u00e9tel, Budapesten is.","score":0,"formatted_price":"560 Ft","image_url":"https:\/\/www.meska.hu\/img\/product\/small\/a\/n\/andidea_product_6991_120903091324_2.JPG","formatted_url":"https:\/\/www.meska.hu\/p3557481-kiseger-konyvjelzo","favourite":false,"in_stock":true,"avatar":"andidea_avatar_6991.jpg","delete_from":0,"is_enhanced_background":false,"is_enhanced":false,"product_selection_started":false,"is_active":true,"image_webp_url":"https:\/\/www.meska.hu\/img\/product\/small\/a\/n\/andidea_product_6991_120903091324_2.JPG"},{"id":"4533692","shop_id":"26000","user_id":"310730","shop_name":"ErSilDesign","shop_zip":"8000","product_code":"4804083","product_name_old":null,"product_name":"Lila - ez\u00fcst - fekete bojtos f\u00fclbeval\u00f3","category_string":"\u00c9kszer, F\u00fclbeval\u00f3, Rojtos f\u00fclbeval\u00f3","technic_string":"Gy\u00f6ngyf\u0171z\u00e9s, gy\u00f6ngyh\u00edmz\u00e9s","category_1":"327","category_2":"331","category_3":"1217","category_4":"0","merged_category_1":null,"merged_category_2":null,"merged_category_3":null,"technic_1":"485","technic_2":"0","technic_3":"0","color_1":"518","color_2":"520","color_3":"522","product_description_old":null,"product_description":"Gy\u00f6ngyf\u0171z\u00e9ssel k\u00e9sz\u00fclt f\u00fclbeval\u00f3 Swarovski krist\u00e1lyokkal. M\u00e9rete 5 x 2 cm, az akaszt\u00f3 nikkelmentes f\u00e9m. \n\nSaj\u00e1t tervez\u00e9s\u0171, 100%-ban k\u00e9zzel k\u00e9sz\u00fclt \u00e9kszer. ","price":"9500.00","unit":"p\u00e1r","recommended":"0","status":"1","sponsored":"0","exp_notify":"0","own_material":"0","own_material_description_old":null,"own_material_description":"","jury":"0","jury_number":"","product_nature":"","meskaracsony":"0","create_date":"2026-03-20 12:46:28","shelve_id":"0","image":"ersildesign_product_310730_221011132945_931263.jpeg","image_width":"480","image_height":"360","image_alt":"Lila - ez\u00fcst - fekete bojtos f\u00fclbeval\u00f3, Gy\u00f6ngyf\u0171z\u00e9ssel k\u00e9sz\u00fclt f\u00fclbeval\u00f3 Swarovski krist\u00e1lyokkal. M\u00e9rete 5 x 2 cm, az akaszt\u00f3 nikkelmentes f..., Meska","image_title":"Lila - ez\u00fcst - fekete bojtos f\u00fclbeval\u00f3, Meska","view_count":"1190","favourite_count":"0","trending_score":"0","last2MonthFavouriteCount":"0","promotion":"0","giftcard_accept":"1","creditcard_accept":false,"enhanced_background":"0","domain":"meska","specific_customer_id":null,"specific_customer_name":null,"to_order_product":"0","to_order_product_time":"0","product_different":null,"product_different_description":"","vintage":"0","vintage_category_id":"0","recycled":"0","gemstone_id":"0","customizable":"0","type_category":"physical","zerowaste":"0","postage_price":"1195.00","shop_order":"0","has_category":"1","landing_pages":null,"microdata":{"number":70,"category":""},"title":"Lila - ez\u00fcst - fekete bojtos f\u00fclbeval\u00f3","description":"Gy\u00f6ngyf\u0171z\u00e9ssel k\u00e9sz\u00fclt f\u00fclbeval\u00f3 Swarovski krist\u00e1lyokkal. M\u00e9rete 5 x 2 cm, az akaszt\u00f3 nikkelmentes f\u00e9m. \n\nSaj\u00e1t tervez\u00e9s\u0171, 100%-ban k\u00e9zzel k\u00e9sz\u00fclt \u00e9kszer. ","score":0,"formatted_price":"9 500 Ft","image_url":"https:\/\/www.meska.hu\/img\/product\/small\/e\/r\/ersildesign_product_310730_221011132945_931263.jpeg","formatted_url":"https:\/\/www.meska.hu\/p4804083-lila-ezust-fekete-bojtos-fulbevalo","favourite":false,"in_stock":true,"avatar":"ErSilDesign_avatar_310730_1538734746.jpg","delete_from":0,"is_enhanced_background":false,"is_enhanced":false,"product_selection_started":false,"is_active":true,"image_webp_url":"https:\/\/www.meska.hu\/img\/product\/small\/e\/r\/ersildesign_product_310730_221011132945_931263.webp"},{"id":"2791811","shop_id":"16466","user_id":"129092","shop_name":"blueklarion","shop_zip":"8000","product_code":"4728342","product_name_old":null,"product_name":"ORGONIT v\u00e9delmez\u0151, er\u0151s\u00edt\u0151 peridot, hematit \u00e9s tigrisszem \u00e1sv\u00e1ny \u00e9s levendula szirom k\u00f6nyvjelz\u0151","category_string":"K\u00f6nyv & Zene, K\u00f6nyvjelz\u0151","technic_string":"\u00c9kszerk\u00e9sz\u00edt\u00e9s, Mindenm\u00e1s","category_1":"1418","category_2":"356","category_3":"0","category_4":"0","merged_category_1":null,"merged_category_2":null,"merged_category_3":null,"technic_1":"477","technic_2":"493","technic_3":"0","color_1":"518","color_2":"522","color_3":"529","product_description_old":null,"product_description":"Orgonit v\u00e9delmez\u0151, er\u0151s\u00edt\u0151, g\u00f6mb alak\u00fa med\u00e1l peridot \u00e1sv\u00e1nnyal, levendula szirommal \u00e9s r\u00e9z forg\u00e1ccsal, hematit \u00e9s tigrisszem \u00e1sv\u00e1ny angyal k\u00f6nyvjelz\u0151 alapon. A k\u00f6nyvjelz\u0151 sz\u00e1ra 8,5 cm, az orgonit g\u00f6mb 2 cm \u00e1tm\u00e9r\u0151j\u0171.\n\nA m\u0171gyanta szil\u00e1rdul\u00e1s k\u00f6zben valamelyest \u00f6sszezsugorodik, ez\u00e1ltal a bel\u00fcl l\u00e9v\u0151 kvarckrist\u00e1lyra \u00e1lland\u00f3 nyom\u00e1st gyakorol, \u00edgy fejtve ki j\u00f3t\u00e9kony hat\u00e1s\u00e1t. Az orgonit nem csak megsz\u00fcnteti a k\u00e1ros energi\u00e1kat, hanem pozit\u00edv energi\u00e1v\u00e1 alak\u00edtja azokat \u00e9s \u00f6r\u00f6kk\u00e9 haszn\u00e1lhat\u00f3.\n\nA peridot er\u0151s v\u00e9delmez\u0151, amely \u00f6sszehangolja a bels\u0151 szerveket, hat a b\u0151rre, m\u00e1jra, ep\u00e9re, anyagcser\u00e9re. Seg\u00edt az \u00fajrakezd\u00e9sben, valamint megszabadulni az idegen befoly\u00e1st\u00f3l.\nSzellemi hat\u00e1sa a f\u00fcggetlens\u00e9g. Lelki hat\u00e1sa, hogy megsz\u00fcnteti a haragot, a d\u00fch\u00f6t \u00e9s a b\u0171ntudatot.\nMent\u00e1lis hat\u00e1sa, hogy seg\u00edt megszabadulni az idegen befoly\u00e1st\u00f3l, v\u00e1llalni \u00e9s rendbe hozni a hib\u00e1inkat. Testi hat\u00e1sa, hogy er\u0151s\u00edti a m\u00e1jat, az ep\u00e9t \u00e9s a v\u00e9konybelet, m\u00e9regtelen\u00edt, j\u00f3 hat\u00e1ssal van a fert\u0151z\u00e9sekre, a gomb\u00e1sod\u00e1sra \u00e9s a szem\u00f6lcs\u00f6kre \n\nHematit \u00e1sv\u00e1nyt, m\u00e1r az \u00f3korban is haszn\u00e1ltak v\u00e9rk\u00e9pz\u0151d\u00e9s el\u0151seg\u00edt\u00e9s\u00e9re, illetve v\u00e9rz\u00e9scsillap\u00edt\u00e1sra. Innen ered a V\u00e9rk\u0151 elnevez\u00e9s is. Er\u0151t \u00e9s szil\u00e1rds\u00e1got ad tulajdonos\u00e1nak. Els\u0151sorban a komolyabb betegs\u00e9gek ut\u00e1ni fel\u00e9p\u00fcl\u00e9st seg\u00edti \u00e9s biztos\u00edtja az eg\u00e9szs\u00e9ges v\u00e9r- \u00e9s sejtk\u00e9pz\u0151d\u00e9st. Hossz\u00fa t\u00e1v\u00fa alkalmaz\u00e1sa eset\u00e9n normaliz\u00e1lja a v\u00e9rnyom\u00e1st, tiszt\u00edtja a v\u00e9r \u00f6sszet\u00e9tel\u00e9t \u00e9s regener\u00e1lja az agyi funkci\u00f3kat. Jav\u00edtja a test oxig\u00e9nell\u00e1t\u00e1s\u00e1t, \u00e9s serkenti a vasfelv\u00e9tel\u00e9t a v\u00e9konyb\u00e9lben. Hossz\u00fa t\u00e1von \u00e9kszerk\u00e9nt is viselhetj\u00fck, \u00e9rintkezve a b\u0151rfel\u00fclettel, vagy tegy\u00fck a megfelel\u0151 testr\u00e9szre. \n\nA Tigrisszem ugyancsak a 12 mesterkrist\u00e1ly egyike. A term\u00e9szetben \u00e1talakul\u00e1s sor\u00e1n s\u00f3lyomszemb\u0151l j\u00f6n l\u00e9tre, ez\u00e9rt gy\u00f3gyhat\u00e1sa r\u00e9szben megegyezik a s\u00f3lyomszem hat\u00e1saival. Gy\u00f3gy\u00edtja a szem betegs\u00e9geit, r\u00e9gen ront\u00e1sok ellen haszn\u00e1lt\u00e1k. J\u00f3t\u00e9konyan hat az idegrendszerre, az ideggyullad\u00e1sokra, serkenti az agyi funkci\u00f3kat, n\u00f6veli a koncentr\u00e1ci\u00f3s k\u00e9pess\u00e9get \u00e9s seg\u00edt a neh\u00e9z d\u00f6nt\u00e9sek meghozatal\u00e1ban. Seg\u00edts\u00e9g lehet skizofr\u00e9nia \u00e9s epilepszia eset\u00e9n is. N\u00f6veli a tetter\u0151t, a b\u00e1tors\u00e1got, optimist\u00e1v\u00e1 teszi tulajdonos\u00e1t, megsz\u00fcnteti az \u00f6n\u00e9rt\u00e9kel\u00e9si zavarokat. Jav\u00edtja a csontrendszer rendellens\u00e9geit, hat\u00e9kony f\u00e1jdalomcsillap\u00edt\u00f3 \u00e9s megsz\u00fcnteti a mell\u00e9kvese t\u00falm\u0171k\u00f6d\u00e9s\u00e9t. Egyens\u00falyba hozza a jin- \u00e9s a jangenergi\u00e1it, megsz\u00fcnteti a depresszi\u00f3 t\u00fcneteit.","price":"3500.00","unit":"db","recommended":"0","status":"1","sponsored":"0","exp_notify":"0","own_material":"0","own_material_description_old":null,"own_material_description":"","jury":"0","jury_number":"","product_nature":"","meskaracsony":"0","create_date":"2026-04-02 09:43:23","shelve_id":"60050","image":"blueklarion_product_129092_260125164426_989928.jpeg","image_width":"480","image_height":"402","image_alt":"ORGONIT v\u00e9delmez\u0151, er\u0151s\u00edt\u0151 peridot, hematit \u00e9s tigrisszem \u00e1sv\u00e1ny \u00e9s levendula szirom k\u00f6nyvjelz\u0151, Orgonit v\u00e9delmez\u0151, er\u0151s\u00edt\u0151, g\u00f6mb alak\u00fa med\u00e1l peridot \u00e1sv\u00e1nnyal, levendula szirommal \u00e9s r\u00e9z forg\u00e1ccsa..., Meska","image_title":"ORGONIT v\u00e9delmez\u0151, er\u0151s\u00edt\u0151 peridot, hematit \u00e9s tigrisszem \u00e1sv\u00e1ny \u00e9s levendula szirom k\u00f6nyvjelz\u0151, Meska","view_count":"1175","favourite_count":"0","trending_score":"0","last2MonthFavouriteCount":"0","promotion":"0","giftcard_accept":"1","creditcard_accept":true,"enhanced_background":"0","domain":"meska","specific_customer_id":null,"specific_customer_name":null,"to_order_product":"0","to_order_product_time":"0","product_different":null,"product_different_description":"","vintage":"0","vintage_category_id":"0","recycled":"0","gemstone_id":"846","customizable":"0","type_category":"physical","zerowaste":"0","postage_price":"0.00","shop_order":"1","has_category":"1","landing_pages":null,"microdata":{"number":71,"category":""},"title":"ORGONIT v\u00e9delmez\u0151, er\u0151s\u00edt\u0151 peridot, hematit \u00e9s tigrisszem \u00e1sv\u00e1ny \u00e9s levendula szirom k\u00f6nyvjelz\u0151","description":"Orgonit v\u00e9delmez\u0151, er\u0151s\u00edt\u0151, g\u00f6mb alak\u00fa med\u00e1l peridot \u00e1sv\u00e1nnyal, levendula szirommal \u00e9s r\u00e9z forg\u00e1ccsal, hematit \u00e9s tigrisszem \u00e1sv\u00e1ny angyal k\u00f6nyvjelz\u0151 alapon. A k\u00f6nyvjelz\u0151 sz\u00e1ra 8,5 cm, az orgonit g\u00f6mb 2 cm \u00e1tm\u00e9r\u0151j\u0171.\n\nA m\u0171gyanta szil\u00e1rdul\u00e1s k\u00f6zben valamelyest \u00f6sszezsugorodik, ez\u00e1ltal a bel\u00fcl l\u00e9v\u0151 kvarckrist\u00e1lyra \u00e1lland\u00f3 nyom\u00e1st gyakorol, \u00edgy fejtve ki j\u00f3t\u00e9kony hat\u00e1s\u00e1t. Az orgonit nem csak megsz\u00fcnteti a k\u00e1ros energi\u00e1kat, hanem pozit\u00edv energi\u00e1v\u00e1 alak\u00edtja azokat \u00e9s \u00f6r\u00f6kk\u00e9 haszn\u00e1lhat\u00f3.\n\nA peridot er\u0151s v\u00e9delmez\u0151, amely \u00f6sszehangolja a bels\u0151 szerveket, hat a b\u0151rre, m\u00e1jra, ep\u00e9re, anyagcser\u00e9re. Seg\u00edt az \u00fajrakezd\u00e9sben, valamint megszabadulni az idegen befoly\u00e1st\u00f3l.\nSzellemi hat\u00e1sa a f\u00fcggetlens\u00e9g. Lelki hat\u00e1sa, hogy megsz\u00fcnteti a haragot, a d\u00fch\u00f6t \u00e9s a b\u0171ntudatot.\nMent\u00e1lis hat\u00e1sa, hogy seg\u00edt megszabadulni az idegen befoly\u00e1st\u00f3l, v\u00e1llalni \u00e9s rendbe hozni a hib\u00e1inkat. Testi hat\u00e1sa, hogy er\u0151s\u00edti a m\u00e1jat, az ep\u00e9t \u00e9s a v\u00e9konybelet, m\u00e9regtelen\u00edt, j\u00f3 hat\u00e1ssal van a fert\u0151z\u00e9sekre, a gomb\u00e1sod\u00e1sra \u00e9s a szem\u00f6lcs\u00f6kre \n\nHematit \u00e1sv\u00e1nyt, m\u00e1r az \u00f3korban is haszn\u00e1ltak v\u00e9rk\u00e9pz\u0151d\u00e9s el\u0151seg\u00edt\u00e9s\u00e9re, illetve v\u00e9rz\u00e9scsillap\u00edt\u00e1sra. Innen ered a V\u00e9rk\u0151 elnevez\u00e9s is. Er\u0151t \u00e9s szil\u00e1rds\u00e1got ad tulajdonos\u00e1nak. Els\u0151sorban a komolyabb betegs\u00e9gek ut\u00e1ni fel\u00e9p\u00fcl\u00e9st seg\u00edti \u00e9s biztos\u00edtja az eg\u00e9szs\u00e9ges v\u00e9r- \u00e9s sejtk\u00e9pz\u0151d\u00e9st. Hossz\u00fa t\u00e1v\u00fa alkalmaz\u00e1sa eset\u00e9n normaliz\u00e1lja a v\u00e9rnyom\u00e1st, tiszt\u00edtja a v\u00e9r \u00f6sszet\u00e9tel\u00e9t \u00e9s regener\u00e1lja az agyi funkci\u00f3kat. Jav\u00edtja a test oxig\u00e9nell\u00e1t\u00e1s\u00e1t, \u00e9s serkenti a vasfelv\u00e9tel\u00e9t a v\u00e9konyb\u00e9lben. Hossz\u00fa t\u00e1von \u00e9kszerk\u00e9nt is viselhetj\u00fck, \u00e9rintkezve a b\u0151rfel\u00fclettel, vagy tegy\u00fck a megfelel\u0151 testr\u00e9szre. \n\nA Tigrisszem ugyancsak a 12 mesterkrist\u00e1ly egyike. A term\u00e9szetben \u00e1talakul\u00e1s sor\u00e1n s\u00f3lyomszemb\u0151l j\u00f6n l\u00e9tre, ez\u00e9rt gy\u00f3gyhat\u00e1sa r\u00e9szben megegyezik a s\u00f3lyomszem hat\u00e1saival. Gy\u00f3gy\u00edtja a szem betegs\u00e9geit, r\u00e9gen ront\u00e1sok ellen haszn\u00e1lt\u00e1k. J\u00f3t\u00e9konyan hat az idegrendszerre, az ideggyullad\u00e1sokra, serkenti az agyi funkci\u00f3kat, n\u00f6veli a koncentr\u00e1ci\u00f3s k\u00e9pess\u00e9get \u00e9s seg\u00edt a neh\u00e9z d\u00f6nt\u00e9sek meghozatal\u00e1ban. Seg\u00edts\u00e9g lehet skizofr\u00e9nia \u00e9s epilepszia eset\u00e9n is. N\u00f6veli a tetter\u0151t, a b\u00e1tors\u00e1got, optimist\u00e1v\u00e1 teszi tulajdonos\u00e1t, megsz\u00fcnteti az \u00f6n\u00e9rt\u00e9kel\u00e9si zavarokat. Jav\u00edtja a csontrendszer rendellens\u00e9geit, hat\u00e9kony f\u00e1jdalomcsillap\u00edt\u00f3 \u00e9s megsz\u00fcnteti a mell\u00e9kvese t\u00falm\u0171k\u00f6d\u00e9s\u00e9t. Egyens\u00falyba hozza a jin- \u00e9s a jangenergi\u00e1it, megsz\u00fcnteti a depresszi\u00f3 t\u00fcneteit.","score":0,"formatted_price":"3 500 Ft","image_url":"https:\/\/www.meska.hu\/img\/product\/small\/b\/l\/blueklarion_product_129092_260125164426_989928.jpeg","formatted_url":"https:\/\/www.meska.hu\/p4728342-orgonit-vedelmezo-erosito-peridot-hematit-es-tigrisszem-asvany-es-levendula-szirom-konyvjelzo","favourite":false,"in_stock":true,"avatar":"129092_avatar_1769000377.png","delete_from":0,"is_enhanced_background":false,"is_enhanced":false,"product_selection_started":false,"is_active":true,"image_webp_url":"https:\/\/www.meska.hu\/img\/product\/small\/b\/l\/blueklarion_product_129092_260125164426_989928.webp"},{"id":"4560074","shop_id":"38805","user_id":"527784","shop_name":"Sziszkakreativ","shop_zip":"2013","product_code":"4821650","product_name_old":null,"product_name":"Csendesk\u00f6nyv oldal  -kuty\u00e1s ","category_string":"Baba - mama, Textilk\u00f6nyv & Babak\u00f6nyv, Baba j\u00e1t\u00e9kok","technic_string":"Varr\u00e1s","category_1":"913","category_2":"343","category_3":"1735","category_4":"0","merged_category_1":"0","merged_category_2":"784","merged_category_3":"0","technic_1":"506","technic_2":"0","technic_3":"0","color_1":"522","color_2":"568","color_3":"529","product_description_old":null,"product_description":"A csendes k\u00f6nyv egyik v\u00e1laszthat\u00f3 oldal\u00e1t l\u00e1thatod itt .\u00a0 Az oldalon gombok ,csatok, t\u00e9p\u00f6z\u00e1rak,zipz\u00e1rak\u00a0 vil\u00e1g\u00e1n \u00e1t , geometriai form\u00e1kon kereszt\u00fcl\u00a0 h\u00edvj\u00e1k j\u00e1t\u00e9kos kalandokra a kicsiket .  Ezen az oldalon  a kutyusok  m\u00e9rete  \u00e9s sz\u00edne is k\u00fcl\u00f6nb\u00f6z\u0151  a csontok seg\u00edtenek megtal\u00e1lni a kutyusok hely\u00e9t, Az apr\u00f3 kezek matat\u00e1s k\u00f6zben j\u00e1tszva tanulnak \u00e9s k\u00f6zben fejl\u0151dik\u00a0 a k\u00e9z -szem koordin\u00e1ciojuk.\n\n\u00a0\u00a0 Az oldalban  rejl\u0151 lehet\u0151s\u00e9gek:\n- K\u00e9rhet\u0151 1 oldal  ,ebben az esetben a h\u00e1toldala az alap anyaggal meg egyezik.\n- K\u00e9rhet\u0151 k\u00e9t oldal  ebben az esetben  k\u00e9ttoldal\u00fa\u00a0\u00a0 j\u00e1tsz\u00f3 lapot  kapunk.\n- ha t\u00f6bb oldalt is v\u00e1lasztasz sz\u00e9p k\u00f6nyv is\u00a0\u00a0lehet bel\u0151le.\n- Ha k\u00fcl\u00f6n \u00e1ll\u00f3\u00a0 lapok vagy oldalak mellett\u00a0\u00a0d\u00f6ntesz. \u00a0\u00a0\u00a0\u00a0\u00a0\u00a0\u00a0\u00a0\u00a0\u00a0\u00a0\u00a0\u00a0\u00a0\u00a0\u00a0\u00a0\u00a0\u00a0\u00a0\u00a0\u00a0\u00a0\u00a0\u00a0\u00a0\u00a0\u00a0\u00a0\u00a0\u00a0\u00a0\u00a0\u00a0\u00a0\u00a0\u00a0\u00a0\u00a0\u00a0\u00a0\u00a0\u00a0\u00a0\u00a0\u00a0 \n- Lehet\u0151s\u00e9g\u00a0 ny\u00edlik mindig az \u00e9letkornak ,\u00a0\u00a0vagy az alkalomnak megfelel\u0151 lapokat  oldalakat\u00a0 v\u00e1lasztani. \n\nAz \u00e1r egy oldalra vonatkozik.\nA lapok m\u00e9rete 20x20 \nA kutyusok szalaggal vannak r\u00f6gz\u00edtve  \u00edgy biztosan nem vesznek el.\n\nSz\u00edvesen elk\u00e9sz\u00edtem a te \u00f6tletedet is .","price":"3900.00","unit":"db","recommended":"0","status":"1","sponsored":"0","exp_notify":"0","own_material":"0","own_material_description_old":null,"own_material_description":"","jury":"0","jury_number":"","product_nature":"","meskaracsony":"0","create_date":"2026-02-15 17:55:30","shelve_id":"80808","image":"sziszkakreativ_product_527784_250803184351_28173.jpeg","image_width":"480","image_height":"480","image_alt":"Csendesk\u00f6nyv oldal  -kuty\u00e1s , A csendes k\u00f6nyv egyik v\u00e1laszthat\u00f3 oldal\u00e1t l\u00e1thatod itt .\u00a0 Az oldalon gombok ,csatok, t\u00e9p\u00f6z\u00e1rak,zipz\u00e1..., Meska","image_title":"Csendesk\u00f6nyv oldal  -kuty\u00e1s , Meska","view_count":"1171","favourite_count":"0","trending_score":"0","last2MonthFavouriteCount":"0","promotion":"0","giftcard_accept":"0","creditcard_accept":false,"enhanced_background":"0","domain":"meska","specific_customer_id":null,"specific_customer_name":null,"to_order_product":"1","to_order_product_time":"3","product_different":null,"product_different_description":"","vintage":"0","vintage_category_id":"0","recycled":"0","gemstone_id":"0","customizable":"1","type_category":"physical","zerowaste":"0","postage_price":"2390.00","shop_order":"0","has_category":"1","landing_pages":null,"microdata":{"number":72,"category":""},"title":"Csendesk\u00f6nyv oldal  -kuty\u00e1s ","description":"A csendes k\u00f6nyv egyik v\u00e1laszthat\u00f3 oldal\u00e1t l\u00e1thatod itt .\u00a0 Az oldalon gombok ,csatok, t\u00e9p\u00f6z\u00e1rak,zipz\u00e1rak\u00a0 vil\u00e1g\u00e1n \u00e1t , geometriai form\u00e1kon kereszt\u00fcl\u00a0 h\u00edvj\u00e1k j\u00e1t\u00e9kos kalandokra a kicsiket .  Ezen az oldalon  a kutyusok  m\u00e9rete  \u00e9s sz\u00edne is k\u00fcl\u00f6nb\u00f6z\u0151  a csontok seg\u00edtenek megtal\u00e1lni a kutyusok hely\u00e9t, Az apr\u00f3 kezek matat\u00e1s k\u00f6zben j\u00e1tszva tanulnak \u00e9s k\u00f6zben fejl\u0151dik\u00a0 a k\u00e9z -szem koordin\u00e1ciojuk.\n\n\u00a0\u00a0 Az oldalban  rejl\u0151 lehet\u0151s\u00e9gek:\n- K\u00e9rhet\u0151 1 oldal  ,ebben az esetben a h\u00e1toldala az alap anyaggal meg egyezik.\n- K\u00e9rhet\u0151 k\u00e9t oldal  ebben az esetben  k\u00e9ttoldal\u00fa\u00a0\u00a0 j\u00e1tsz\u00f3 lapot  kapunk.\n- ha t\u00f6bb oldalt is v\u00e1lasztasz sz\u00e9p k\u00f6nyv is\u00a0\u00a0lehet bel\u0151le.\n- Ha k\u00fcl\u00f6n \u00e1ll\u00f3\u00a0 lapok vagy oldalak mellett\u00a0\u00a0d\u00f6ntesz. \u00a0\u00a0\u00a0\u00a0\u00a0\u00a0\u00a0\u00a0\u00a0\u00a0\u00a0\u00a0\u00a0\u00a0\u00a0\u00a0\u00a0\u00a0\u00a0\u00a0\u00a0\u00a0\u00a0\u00a0\u00a0\u00a0\u00a0\u00a0\u00a0\u00a0\u00a0\u00a0\u00a0\u00a0\u00a0\u00a0\u00a0\u00a0\u00a0\u00a0\u00a0\u00a0\u00a0\u00a0\u00a0\u00a0 \n- Lehet\u0151s\u00e9g\u00a0 ny\u00edlik mindig az \u00e9letkornak ,\u00a0\u00a0vagy az alkalomnak megfelel\u0151 lapokat  oldalakat\u00a0 v\u00e1lasztani. \n\nAz \u00e1r egy oldalra vonatkozik.\nA lapok m\u00e9rete 20x20 \nA kutyusok szalaggal vannak r\u00f6gz\u00edtve  \u00edgy biztosan nem vesznek el.\n\nSz\u00edvesen elk\u00e9sz\u00edtem a te \u00f6tletedet is .","score":0,"formatted_price":"3 900 Ft","image_url":"https:\/\/www.meska.hu\/img\/product\/small\/s\/z\/sziszkakreativ_product_527784_250803184351_28173.jpeg","formatted_url":"https:\/\/www.meska.hu\/p4821650-csendeskonyv-oldal-kutyas","favourite":false,"in_stock":false,"avatar":"527784_avatar_1665996767.jpeg","delete_from":0,"is_enhanced_background":false,"is_enhanced":false,"product_selection_started":false,"is_active":true,"image_webp_url":"https:\/\/www.meska.hu\/img\/product\/small\/s\/z\/sziszkakreativ_product_527784_250803184351_28173.webp"},{"id":"2775262","shop_id":"23360","user_id":"259843","shop_name":"bogyika17","shop_zip":"7200","product_code":"4107227","product_name_old":null,"product_name":"Textil z\u00f6lds\u00e9gek filcb\u0151l","category_string":"J\u00e1t\u00e9k & Sport, Gyerekkonyha, J\u00e1t\u00e9k gy\u00fcm\u00f6lcs\u00f6k \u00e9s z\u00f6lds\u00e9gek","technic_string":"Varr\u00e1s","category_1":"305","category_2":"1773","category_3":"1501","category_4":"0","merged_category_1":null,"merged_category_2":null,"merged_category_3":null,"technic_1":"506","technic_2":"0","technic_3":"0","color_1":"522","color_2":"523","color_3":"529","product_description_old":null,"product_description":"14 f\u00e9le z\u00f6lds\u00e9g sz\u00ednes filcb\u0151l, k\u00e9zzel varrva. Ez egy csomag, ami egyenk\u00e9nt is b\u0151v\u00edthet\u0151. dekor\u00e1ci\u00f3nak \u00e9s gyermekj\u00e1t\u00e9knak is kit\u0171n\u0151. \/kukorica,sal\u00e1ta, karfiol,gomba,fokhagyma, hagyma, r\u00e9pa, paradicsom, bors\u00f3, z\u00f6ldhagyma, padlizs\u00e1n, uborka, paprika, krumpli \/ m\u00e9retek k\u00fcl\u00f6nb\u00f6z\u0151k.","price":"7000.00","unit":"db","recommended":"0","status":"1","sponsored":"0","exp_notify":"0","own_material":"0","own_material_description_old":null,"own_material_description":"","jury":"0","jury_number":"","product_nature":"","meskaracsony":"0","create_date":"2026-04-11 08:46:17","shelve_id":"52469","image":"bogyika17_product_259843_201203112746_703637.jpeg","image_width":"480","image_height":"360","image_alt":"Textil z\u00f6lds\u00e9gek filcb\u0151l, 14 f\u00e9le z\u00f6lds\u00e9g sz\u00ednes filcb\u0151l, k\u00e9zzel varrva. Ez egy csomag, ami egyenk\u00e9nt is b\u0151v\u00edthet\u0151. dekor\u00e1ci\u00f3n..., Meska","image_title":"Textil z\u00f6lds\u00e9gek filcb\u0151l, Meska","view_count":"1148","favourite_count":"0","trending_score":"0","last2MonthFavouriteCount":"0","promotion":"0","giftcard_accept":"1","creditcard_accept":true,"enhanced_background":"0","domain":"meska","specific_customer_id":null,"specific_customer_name":null,"to_order_product":"1","to_order_product_time":"5","product_different":null,"product_different_description":"","vintage":"0","vintage_category_id":"0","recycled":"0","gemstone_id":"0","customizable":"0","type_category":"physical","zerowaste":"0","postage_price":"1290.00","shop_order":"0","has_category":"1","landing_pages":null,"microdata":{"number":73,"category":""},"title":"Textil z\u00f6lds\u00e9gek filcb\u0151l","description":"14 f\u00e9le z\u00f6lds\u00e9g sz\u00ednes filcb\u0151l, k\u00e9zzel varrva. Ez egy csomag, ami egyenk\u00e9nt is b\u0151v\u00edthet\u0151. dekor\u00e1ci\u00f3nak \u00e9s gyermekj\u00e1t\u00e9knak is kit\u0171n\u0151. \/kukorica,sal\u00e1ta, karfiol,gomba,fokhagyma, hagyma, r\u00e9pa, paradicsom, bors\u00f3, z\u00f6ldhagyma, padlizs\u00e1n, uborka, paprika, krumpli \/ m\u00e9retek k\u00fcl\u00f6nb\u00f6z\u0151k.","score":0,"formatted_price":"7 000 Ft","image_url":"https:\/\/www.meska.hu\/img\/product\/small\/b\/o\/bogyika17_product_259843_201203112746_703637.jpeg","formatted_url":"https:\/\/www.meska.hu\/p4107227-textil-zoldsegek-filcbol","favourite":false,"in_stock":false,"avatar":"259843_avatar_1775803726.jpeg","delete_from":0,"is_enhanced_background":false,"is_enhanced":false,"product_selection_started":false,"is_active":true,"image_webp_url":"https:\/\/www.meska.hu\/img\/product\/small\/b\/o\/bogyika17_product_259843_201203112746_703637.webp"},{"id":"3441234","shop_id":"31224","user_id":"397182","shop_name":"Marsze","shop_zip":"1035","product_code":"4347010","product_name_old":null,"product_name":"Vir\u00e1gos,b\u00f6gr\u00e9s lila \u00e1rnyalat\u00fa k\u00e1v\u00e9,tea tart\u00f3 \u00fcveg","category_string":"Otthon & \u00c9letm\u00f3d, Dekor\u00e1ci\u00f3, D\u00edsz\u00fcveg, Asztal \u00e9s polc dekor\u00e1ci\u00f3","technic_string":"Decoupage, transzfer \u00e9s szalv\u00e9tatechnika","category_1":"813","category_2":"314","category_3":"941","category_4":"1467","merged_category_1":null,"merged_category_2":null,"merged_category_3":null,"technic_1":"476","technic_2":"0","technic_3":"0","color_1":"515","color_2":"519","color_3":"522","product_description_old":null,"product_description":"Az \u00fcveget el\u0151sz\u00f6r repeszt\u0151 lakkal festettem le,erre ker\u00fclt akril fest\u00e9kkel az alap sz\u00edn,Szalv\u00e9t\u00e1t dekup\u00e1zsoltam r\u00e1,\u00e9s lakkal festettem le v\u00e9d\u0151 r\u00e9tegk\u00e9nt.Alj\u00e1ra \u00e9s a kupak k\u00f6zep\u00e9re csipke szalagot ragasztottam.\nTiszt\u00edt\u00e1sa:enyh\u00e9n nedves t\u00f6rl\u0151 kend\u0151vel!","price":"2800.00","unit":"db","recommended":"0","status":"1","sponsored":"0","exp_notify":"0","own_material":"0","own_material_description_old":null,"own_material_description":"","jury":"0","jury_number":"","product_nature":"","meskaracsony":"0","create_date":"2026-02-06 01:47:16","shelve_id":"0","image":"marsze_product_397182_211029193057_890233.jpeg","image_width":"480","image_height":"809","image_alt":"Vir\u00e1gos,b\u00f6gr\u00e9s lila \u00e1rnyalat\u00fa k\u00e1v\u00e9,tea tart\u00f3 \u00fcveg, Az \u00fcveget el\u0151sz\u00f6r repeszt\u0151 lakkal festettem le,erre ker\u00fclt akril fest\u00e9kkel az alap sz\u00edn,Szalv\u00e9t\u00e1t de..., Meska","image_title":"Vir\u00e1gos,b\u00f6gr\u00e9s lila \u00e1rnyalat\u00fa k\u00e1v\u00e9,tea tart\u00f3 \u00fcveg, Meska","view_count":"1136","favourite_count":"0","trending_score":"0","last2MonthFavouriteCount":"0","promotion":"0","giftcard_accept":"0","creditcard_accept":true,"enhanced_background":"0","domain":"meska","specific_customer_id":null,"specific_customer_name":null,"to_order_product":"0","to_order_product_time":"0","product_different":null,"product_different_description":"","vintage":"0","vintage_category_id":"0","recycled":"1","gemstone_id":"0","customizable":"0","type_category":"physical","zerowaste":"0","postage_price":"2390.00","shop_order":"0","has_category":"1","landing_pages":null,"microdata":{"number":74,"category":""},"title":"Vir\u00e1gos,b\u00f6gr\u00e9s lila \u00e1rnyalat\u00fa k\u00e1v\u00e9,tea tart\u00f3 \u00fcveg","description":"Az \u00fcveget el\u0151sz\u00f6r repeszt\u0151 lakkal festettem le,erre ker\u00fclt akril fest\u00e9kkel az alap sz\u00edn,Szalv\u00e9t\u00e1t dekup\u00e1zsoltam r\u00e1,\u00e9s lakkal festettem le v\u00e9d\u0151 r\u00e9tegk\u00e9nt.Alj\u00e1ra \u00e9s a kupak k\u00f6zep\u00e9re csipke szalagot ragasztottam.\nTiszt\u00edt\u00e1sa:enyh\u00e9n nedves t\u00f6rl\u0151 kend\u0151vel!","score":0,"formatted_price":"2 800 Ft","image_url":"https:\/\/www.meska.hu\/img\/product\/small\/m\/a\/marsze_product_397182_211029193057_890233.jpeg","formatted_url":"https:\/\/www.meska.hu\/p4347010-viragosbogres-lila-arnyalatu-kavetea-tarto-uveg","favourite":false,"in_stock":true,"avatar":"Marsze_avatar_397182_1604171303.jpg","delete_from":0,"is_enhanced_background":false,"is_enhanced":false,"product_selection_started":false,"is_active":true,"image_webp_url":"https:\/\/www.meska.hu\/img\/product\/small\/m\/a\/marsze_product_397182_211029193057_890233.webp"},{"id":"3415031","shop_id":"29709","user_id":"371419","shop_name":"Hexartdesign","shop_zip":"1183","product_code":"3754790","product_name_old":null,"product_name":"R\u00e1ja - babaszoba dekor\u00e1ci\u00f3","category_string":"Baba - mama, Babaszoba k\u00e9p, Babaszoba dekor\u00e1ci\u00f3","technic_string":"Fot\u00f3, grafika, rajz, illusztr\u00e1ci\u00f3","category_1":"1430","category_2":"1735","category_3":"1466","category_4":"0","merged_category_1":"0","merged_category_2":"0","merged_category_3":"0","technic_1":"483","technic_2":"0","technic_3":"0","color_1":"521","color_2":"522","color_3":"532","product_description_old":null,"product_description":"Hexart Design - Az okos dekor\u00e1ci\u00f3\nNincs sz\u00fcks\u00e9g keretre \/ Kas\u00edrozott habkarton \/ Egy mozdulattal felrakhat\u00f3 \/ B\u0151v\u00edthet\u0151\n\n* * *\nHa t\u00f6bb dekor\u00e1ci\u00f3t is szeretn\u00e9l, akkor \u00e9rdemes szettet v\u00e1s\u00e1rolnod. Min\u00e9l nagyobb a szett darabsz\u00e1ma, ann\u00e1l olcs\u00f3bb egy dekor\u00e1ci\u00f3 \u00e1ra! Term\u00e9szetesen Te \u00e1ll\u00edthatod \u00f6ssze, hogy milyen \u00e1llatok szerepeljenek a szettekben, a k\u00e9pek csak illusztr\u00e1ci\u00f3k!\n* * *\n\nDekor\u00e1ld gyermeked szob\u00e1j\u00e1t kedves \u00e9s bar\u00e1ts\u00e1gos tengeri \u00e1llatok illusztr\u00e1ci\u00f3j\u00e1val. A V\u00edzivil\u00e1g kollekci\u00f3ban megelevenedik a tenger soksz\u00edn\u0171 \u00e9s csod\u00e1latos \u00e9l\u0151vil\u00e1ga.\n\nTerm\u00e9szetesen v\u00e1s\u00e1rolhatsz egy neked tetsz\u0151 \u00e1llatot is, de min\u00e9l t\u00f6bb hatsz\u00f6glet\u0171 elemet v\u00e1lasztasz, ann\u00e1l l\u00e1tv\u00e1nyosabb dekor\u00e1ci\u00f3kat tudsz majd megval\u00f3s\u00edtani gyermeked szob\u00e1j\u00e1ban. A szett k\u00e9pei csup\u00e1n illusztr\u00e1ci\u00f3k \u00e9s csak a dekor\u00e1ci\u00f3k darab sz\u00e1m\u00e1t jelentik! Term\u00e9szetesen az \u00e1llatokat a v\u00e1s\u00e1rl\u00e1s ut\u00e1n Te adhatod meg. (Hogyan? Vagy meg\u00edrod nekem a v\u00e1s\u00e1rl\u00e1sn\u00e1l a Megjegyz\u00e9s rovatba, vagy ut\u00f3lag majd egyeztet\u00fcnk emailben).\n\nA V\u00edzivil\u00e1g \u00e1llatait \u00e9s a kedvezm\u00e9nyes szetteket ezen a linken tudod megn\u00e9zni:\nhttps:\/\/www.meska.hu\/shop\/Hexartdesign?s=62080&o=legdragabb&p=1\n\nHogy mit takar az okos dekor\u00e1ci\u00f3 \u00e9s mik a legfontosabb el\u0151nyei, m\u00e1s dekor\u00e1ci\u00f3s megold\u00e1ssal szemben:\n- a hatsz\u00f6glet\u0171 m\u00e9hsejt forma lehet\u0151v\u00e9 teszi, hogy szinte v\u00e9gtelen elrendez\u00e9si m\u00f3don dekor\u00e1ljunk a v\u00e1s\u00e1rolt elemekkel\n- egy mozdulattal felrakhat\u00f3 b\u00e1rmilyen fel\u00fcletre (falra, szekr\u00e9nyre, \u00fcvegre stb )\n- nincs sz\u00fcks\u00e9g sz\u00f6gre \u00e9s kalap\u00e1csra a felhelyez\u00e9shez\n- nincsenek tov\u00e1bbi k\u00f6lts\u00e9geid, hiszen nem kell keretet is v\u00e1s\u00e1rolni\n- nyom n\u00e9lk\u00fcl \u00e1thelyezhet\u0151, t\u00f6bbsz\u00f6r is\n- b\u00e1rmikor tov\u00e1bb b\u0151v\u00edthet\u0151 a kollekci\u00f3 t\u00f6bbi darabj\u00e1val\n\nA k\u00e9pen l\u00e1that\u00f3 kieg\u00e9sz\u00edt\u0151 dekor\u00e1ci\u00f3s k\u00f6rnyezet csak illusztr\u00e1ci\u00f3, ami nem k\u00e9pezi a term\u00e9k r\u00e9sz\u00e9t. A m\u00e9retar\u00e1ny nem felt\u00e9tlen\u00fcl felel meg a val\u00f3s\u00e1gnak. A dekor\u00e1ci\u00f3 pontos m\u00e9ret \u00e9s fel\u00fclet opci\u00f3it az al\u00e1bbi term\u00e9kle\u00edr\u00e1sban l\u00e1thatod.\n\nTerm\u00e9kle\u00edr\u00e1s:\nMin\u0151s\u00e9gi fot\u00f3pap\u00edrra k\u00e9sz\u00fcl\u0151 nyomat, amely egy 5 mm-es vastag, hatsz\u00f6g form\u00e1j\u00fa feh\u00e9r habkartonra van kas\u00edrozva. R\u00f6gz\u00edt\u00e9se speci\u00e1lis ragaszt\u00e1si technol\u00f3gi\u00e1val t\u00f6rt\u00e9nik, amivel a dekor\u00e1ci\u00f3 nyom n\u00e9lk\u00fcl \u00e1thelyezhet\u0151, ak\u00e1r t\u00f6bbsz\u00f6r is.\nEl\u00e9rhet\u0151 az al\u00e1bbi m\u00e9ret \u00e9s fel\u00fclet opci\u00f3kban (a term\u00e9kk\u00e9pek k\u00f6z\u00f6tt megtal\u00e1lod a Norm\u00e1l \u00e9s Nagy verzi\u00f3 m\u00e9retar\u00e1nyos \u00f6sszehasonl\u00edt\u00f3 k\u00e9pet is). A v\u00e1s\u00e1rl\u00e1sn\u00e1l pedig a M\u00e9ret leg\u00f6rd\u00fcl\u0151 men\u00fcben v\u00e1laszthatod majd ki, a Neked szimpatikus verzi\u00f3t.\n- Norm\u00e1l m\u00e9ret (231x200 mm), matt fel\u00fclettel (alap\u00e1r)\n- Norm\u00e1l m\u00e9ret (231x200 mm), f\u00e9nyes fel\u00fclettel (fel\u00e1ras opci\u00f3)\n- Nagy m\u00e9ret (300x260 mm), f\u00e9nyes fel\u00fclettel (fel\u00e1ras opci\u00f3)\n\nSzerz\u0151i jog:\nA boltomban tal\u00e1lhat\u00f3 \u00f6sszes term\u00e9k a saj\u00e1t alkot\u00e1som \u00e9s szerz\u0151i jog v\u00e9di. Semmilyen form\u00e1ban nem m\u00e1solhat\u00f3, gy\u00e1rthat\u00f3 \u00e9s sokszoros\u00edthat\u00f3.\n\nAz \u00e1r egy darab term\u00e9kre vonatkozik.\n\nHa k\u00edv\u00e1ncsi vagy a t\u00f6bbi term\u00e9kemre, akkor n\u00e9zz k\u00f6r\u00fcl a boltomban. Itt tov\u00e1bbi babaszoba dekor\u00e1ci\u00f3kat, babak\u00e1rty\u00e1kat, baba csillagt\u00e9rk\u00e9peket tal\u00e1lsz. A bal fels\u0151 s\u00e1vban tal\u00e1lhat\u00f3 Polcok a boltban men\u00fcre kattintva v\u00e1logathatsz a kateg\u00f3ri\u00e1k k\u00f6z\u00f6tt.\nhttps:\/\/www.meska.hu\/Shop\/index\/29709","price":"4490.00","unit":"db","recommended":"0","status":"1","sponsored":"0","exp_notify":"0","own_material":"0","own_material_description_old":null,"own_material_description":"","jury":"0","jury_number":"","product_nature":"","meskaracsony":"0","create_date":"2026-01-11 22:52:21","shelve_id":"62080","image":"hexartdesign_product_371419_200611134503_13927.jpeg","image_width":"480","image_height":"480","image_alt":"R\u00e1ja - babaszoba dekor\u00e1ci\u00f3, Hexart Design - Az okos dekor\u00e1ci\u00f3\\nNincs sz\u00fcks\u00e9g keretre \/ Kas\u00edrozott habkarton \/ Egy mozdulattal fel..., Meska","image_title":"R\u00e1ja - babaszoba dekor\u00e1ci\u00f3, Meska","view_count":"1120","favourite_count":"0","trending_score":"0","last2MonthFavouriteCount":"0","promotion":0,"giftcard_accept":"1","creditcard_accept":true,"enhanced_background":"0","domain":"meska","specific_customer_id":null,"specific_customer_name":null,"to_order_product":"1","to_order_product_time":"3","product_different":"quite_different","product_different_description":"A sz\u00ednek minim\u00e1lisan elt\u00e9rhetnek a kijelz\u0151n l\u00e1that\u00f3 sz\u00ednekt\u0151l (mobil kijelz\u0151, monitor stb.)\nAz egyedi szem\u00e9lyre szabott dekor\u00e1ci\u00f3kn\u00e1l v\u00e1ltozik a sz\u00f6veg.","vintage":"0","vintage_category_id":"0","recycled":"0","gemstone_id":"0","customizable":"0","type_category":"physical","zerowaste":"0","postage_price":"1490.00","shop_order":"0","has_category":"1","landing_pages":null,"microdata":{"number":75,"category":""},"title":"R\u00e1ja - babaszoba dekor\u00e1ci\u00f3","description":"Hexart Design - Az okos dekor\u00e1ci\u00f3\nNincs sz\u00fcks\u00e9g keretre \/ Kas\u00edrozott habkarton \/ Egy mozdulattal felrakhat\u00f3 \/ B\u0151v\u00edthet\u0151\n\n* * *\nHa t\u00f6bb dekor\u00e1ci\u00f3t is szeretn\u00e9l, akkor \u00e9rdemes szettet v\u00e1s\u00e1rolnod. Min\u00e9l nagyobb a szett darabsz\u00e1ma, ann\u00e1l olcs\u00f3bb egy dekor\u00e1ci\u00f3 \u00e1ra! Term\u00e9szetesen Te \u00e1ll\u00edthatod \u00f6ssze, hogy milyen \u00e1llatok szerepeljenek a szettekben, a k\u00e9pek csak illusztr\u00e1ci\u00f3k!\n* * *\n\nDekor\u00e1ld gyermeked szob\u00e1j\u00e1t kedves \u00e9s bar\u00e1ts\u00e1gos tengeri \u00e1llatok illusztr\u00e1ci\u00f3j\u00e1val. A V\u00edzivil\u00e1g kollekci\u00f3ban megelevenedik a tenger soksz\u00edn\u0171 \u00e9s csod\u00e1latos \u00e9l\u0151vil\u00e1ga.\n\nTerm\u00e9szetesen v\u00e1s\u00e1rolhatsz egy neked tetsz\u0151 \u00e1llatot is, de min\u00e9l t\u00f6bb hatsz\u00f6glet\u0171 elemet v\u00e1lasztasz, ann\u00e1l l\u00e1tv\u00e1nyosabb dekor\u00e1ci\u00f3kat tudsz majd megval\u00f3s\u00edtani gyermeked szob\u00e1j\u00e1ban. A szett k\u00e9pei csup\u00e1n illusztr\u00e1ci\u00f3k \u00e9s csak a dekor\u00e1ci\u00f3k darab sz\u00e1m\u00e1t jelentik! Term\u00e9szetesen az \u00e1llatokat a v\u00e1s\u00e1rl\u00e1s ut\u00e1n Te adhatod meg. (Hogyan? Vagy meg\u00edrod nekem a v\u00e1s\u00e1rl\u00e1sn\u00e1l a Megjegyz\u00e9s rovatba, vagy ut\u00f3lag majd egyeztet\u00fcnk emailben).\n\nA V\u00edzivil\u00e1g \u00e1llatait \u00e9s a kedvezm\u00e9nyes szetteket ezen a linken tudod megn\u00e9zni:\nhttps:\/\/www.meska.hu\/shop\/Hexartdesign?s=62080&o=legdragabb&p=1\n\nHogy mit takar az okos dekor\u00e1ci\u00f3 \u00e9s mik a legfontosabb el\u0151nyei, m\u00e1s dekor\u00e1ci\u00f3s megold\u00e1ssal szemben:\n- a hatsz\u00f6glet\u0171 m\u00e9hsejt forma lehet\u0151v\u00e9 teszi, hogy szinte v\u00e9gtelen elrendez\u00e9si m\u00f3don dekor\u00e1ljunk a v\u00e1s\u00e1rolt elemekkel\n- egy mozdulattal felrakhat\u00f3 b\u00e1rmilyen fel\u00fcletre (falra, szekr\u00e9nyre, \u00fcvegre stb )\n- nincs sz\u00fcks\u00e9g sz\u00f6gre \u00e9s kalap\u00e1csra a felhelyez\u00e9shez\n- nincsenek tov\u00e1bbi k\u00f6lts\u00e9geid, hiszen nem kell keretet is v\u00e1s\u00e1rolni\n- nyom n\u00e9lk\u00fcl \u00e1thelyezhet\u0151, t\u00f6bbsz\u00f6r is\n- b\u00e1rmikor tov\u00e1bb b\u0151v\u00edthet\u0151 a kollekci\u00f3 t\u00f6bbi darabj\u00e1val\n\nA k\u00e9pen l\u00e1that\u00f3 kieg\u00e9sz\u00edt\u0151 dekor\u00e1ci\u00f3s k\u00f6rnyezet csak illusztr\u00e1ci\u00f3, ami nem k\u00e9pezi a term\u00e9k r\u00e9sz\u00e9t. A m\u00e9retar\u00e1ny nem felt\u00e9tlen\u00fcl felel meg a val\u00f3s\u00e1gnak. A dekor\u00e1ci\u00f3 pontos m\u00e9ret \u00e9s fel\u00fclet opci\u00f3it az al\u00e1bbi term\u00e9kle\u00edr\u00e1sban l\u00e1thatod.\n\nTerm\u00e9kle\u00edr\u00e1s:\nMin\u0151s\u00e9gi fot\u00f3pap\u00edrra k\u00e9sz\u00fcl\u0151 nyomat, amely egy 5 mm-es vastag, hatsz\u00f6g form\u00e1j\u00fa feh\u00e9r habkartonra van kas\u00edrozva. R\u00f6gz\u00edt\u00e9se speci\u00e1lis ragaszt\u00e1si technol\u00f3gi\u00e1val t\u00f6rt\u00e9nik, amivel a dekor\u00e1ci\u00f3 nyom n\u00e9lk\u00fcl \u00e1thelyezhet\u0151, ak\u00e1r t\u00f6bbsz\u00f6r is.\nEl\u00e9rhet\u0151 az al\u00e1bbi m\u00e9ret \u00e9s fel\u00fclet opci\u00f3kban (a term\u00e9kk\u00e9pek k\u00f6z\u00f6tt megtal\u00e1lod a Norm\u00e1l \u00e9s Nagy verzi\u00f3 m\u00e9retar\u00e1nyos \u00f6sszehasonl\u00edt\u00f3 k\u00e9pet is). A v\u00e1s\u00e1rl\u00e1sn\u00e1l pedig a M\u00e9ret leg\u00f6rd\u00fcl\u0151 men\u00fcben v\u00e1laszthatod majd ki, a Neked szimpatikus verzi\u00f3t.\n- Norm\u00e1l m\u00e9ret (231x200 mm), matt fel\u00fclettel (alap\u00e1r)\n- Norm\u00e1l m\u00e9ret (231x200 mm), f\u00e9nyes fel\u00fclettel (fel\u00e1ras opci\u00f3)\n- Nagy m\u00e9ret (300x260 mm), f\u00e9nyes fel\u00fclettel (fel\u00e1ras opci\u00f3)\n\nSzerz\u0151i jog:\nA boltomban tal\u00e1lhat\u00f3 \u00f6sszes term\u00e9k a saj\u00e1t alkot\u00e1som \u00e9s szerz\u0151i jog v\u00e9di. Semmilyen form\u00e1ban nem m\u00e1solhat\u00f3, gy\u00e1rthat\u00f3 \u00e9s sokszoros\u00edthat\u00f3.\n\nAz \u00e1r egy darab term\u00e9kre vonatkozik.\n\nHa k\u00edv\u00e1ncsi vagy a t\u00f6bbi term\u00e9kemre, akkor n\u00e9zz k\u00f6r\u00fcl a boltomban. Itt tov\u00e1bbi babaszoba dekor\u00e1ci\u00f3kat, babak\u00e1rty\u00e1kat, baba csillagt\u00e9rk\u00e9peket tal\u00e1lsz. A bal fels\u0151 s\u00e1vban tal\u00e1lhat\u00f3 Polcok a boltban men\u00fcre kattintva v\u00e1logathatsz a kateg\u00f3ri\u00e1k k\u00f6z\u00f6tt.\nhttps:\/\/www.meska.hu\/Shop\/index\/29709","score":0,"formatted_price":"4 490 Ft","image_url":"https:\/\/www.meska.hu\/img\/product\/small\/h\/e\/hexartdesign_product_371419_200611134503_13927.jpeg","formatted_url":"https:\/\/www.meska.hu\/p3754790-raja-babaszoba-dekoracio","favourite":false,"in_stock":false,"avatar":"Hexartdesign_avatar_371419_1589358772.jpg","delete_from":0,"is_enhanced_background":false,"is_enhanced":false,"product_selection_started":false,"is_active":true,"image_webp_url":"https:\/\/www.meska.hu\/img\/product\/small\/h\/e\/hexartdesign_product_371419_200611134503_13927.webp"},{"id":"3331125","shop_id":"690","user_id":"2092","shop_name":"Boriboszi","shop_zip":"2030","product_code":"4742377","product_name_old":null,"product_name":"Indiai Elef\u00e1nt - \u00fcvegre festett falik\u00e9p","category_string":"Otthon & \u00c9letm\u00f3d, Dekor\u00e1ci\u00f3, K\u00e9p & Falik\u00e9p, \u00dcvegk\u00e9p","technic_string":"Festett t\u00e1rgyak, \u00dcvegm\u0171v\u00e9szet","category_1":"813","category_2":"314","category_3":"417","category_4":"1434","merged_category_1":null,"merged_category_2":null,"merged_category_3":null,"technic_1":"481","technic_2":"505","technic_3":"0","color_1":"516","color_2":"522","color_3":"525","product_description_old":null,"product_description":"Ez a k\u00fcl\u00f6nleges, sz\u00ednes elef\u00e1nt k\u00e9p vid\u00e1m sz\u00ednfoltja lehet otthonodnak, \u00e1m aj\u00e1nd\u00e9knak is t\u00f6k\u00e9letes v\u00e1laszt\u00e1s.\n\nAz \u00fcvegre festett, soksz\u00edn\u0171, v\u00e1ltozatos mint\u00e1zat\u00fa elef\u00e1nt sok \u00f6r\u00f6m\u00f6t hoz tulajdonos\u00e1nak, nem csak eszt\u00e9tikai \u00e9lm\u00e9nyk\u00e9nt, hanem jelent\u00e9startalm\u00e1val is.\n\nSz\u00ednes elef\u00e1nt fali k\u00e9peim nem csak gyerekszob\u00e1kban mutatnak j\u00f3l, els\u0151sorban nem is oda terveztem \u0151ket, hab\u00e1r sz\u00edn \u00e9s formavil\u00e1ga miatt ott is megfelel\u0151 helyre tal\u00e1lhatnak.\n\nAz elef\u00e1nt er\u0151teljes szimb\u00f3lum, el\u0151bbi els\u0151sorban a b\u00f6lcsess\u00e9get \u00e9s az akad\u00e1lyok lek\u00fczd\u00e9s\u00e9t szimboliz\u00e1lja (az orm\u00e1ny\u00e1t felfel\u00e9 tart\u00f3 elef\u00e1nt sz\u00e1mos elk\u00e9pzel\u00e9s szerint szerencs\u00e9t hoz).\n\nSz\u00ednek \u00e9s hat\u00e1s:\nNagyon sokf\u00e9le r\u00f3zsasz\u00edn, lila, \u00e9s bord\u00f3 \u00e1rnyalatot \u00e9s sz\u00edn\u00e1tmenetet haszn\u00e1ltam.\nA r\u00f3zsasz\u00edn (ak\u00e1r a z\u00f6ld) a sz\u00edvcsakr\u00e1ra hat: \u00edt\u00e9lkez\u00e9s visszaszor\u00edt\u00e1s\u00e1ra \u00e9s az Univerzum k\u00edn\u00e1lta csod\u00e1k befogad\u00e1s\u00e1ra \u00f6szt\u00f6n\u00f6z; ez a sz\u00edn a szeretet, bels\u0151 gy\u00f3gyul\u00e1sa, nyugalom, meg\u00fajul\u00e1s, rem\u00e9ny jelk\u00e9pe is.\n\nTeljes m\u00e9ret: 22x28cm\nNat\u00far barna sz\u00edn\u0171, egyszer\u0171 fa keretben.\n\nFestett minta m\u00e9rete: 14,5x21cm (2mm vastag \u00fcveggel)\n\nA keret h\u00e1tlapj\u00e1n akaszt\u00f3 tal\u00e1lhat\u00f3, \u00edgy falik\u00e9pk\u00e9nt funkcion\u00e1l.\n\nAz \u00fcvegt\u00e1rgyak eset\u00e9ben els\u0151sorban szem\u00e9lyes \u00e1tv\u00e9tel lehets\u00e9ges (\u00c9rden), ill. sz\u00fcks\u00e9g eset\u00e9n t\u00f6r\u00e9keny postai k\u00fcldem\u00e9nyk\u00e9nt (el\u0151re utal\u00e1ssal) tudom k\u00fcldeni, melynek aktu\u00e1lis postai d\u00edja 4700Ft (2023-ban).","price":"24750.00","unit":"db","recommended":"0","status":"1","sponsored":"0","exp_notify":"0","own_material":"0","own_material_description_old":null,"own_material_description":"","jury":"0","jury_number":"","product_nature":"","meskaracsony":"0","create_date":"2026-03-05 21:25:16","shelve_id":"1565","image":"boriboszi_product_2092_190823221857_519356.jpeg","image_width":"480","image_height":"401","image_alt":"Indiai Elef\u00e1nt - \u00fcvegre festett falik\u00e9p, Ez a k\u00fcl\u00f6nleges, sz\u00ednes elef\u00e1nt k\u00e9p vid\u00e1m sz\u00ednfoltja lehet otthonodnak, \u00e1m aj\u00e1nd\u00e9knak is t\u00f6k\u00e9letes v..., Meska","image_title":"Indiai Elef\u00e1nt - \u00fcvegre festett falik\u00e9p, Meska","view_count":"1150","favourite_count":"0","trending_score":"0","last2MonthFavouriteCount":"0","promotion":"0","giftcard_accept":"1","creditcard_accept":false,"enhanced_background":"0","domain":"meska","specific_customer_id":null,"specific_customer_name":null,"to_order_product":"0","to_order_product_time":"0","product_different":null,"product_different_description":"","vintage":"0","vintage_category_id":"0","recycled":"0","gemstone_id":"0","customizable":"0","type_category":"physical","zerowaste":"0","postage_price":"1250.00","shop_order":"0","has_category":"1","landing_pages":null,"microdata":{"number":76,"category":""},"title":"Indiai Elef\u00e1nt - \u00fcvegre festett falik\u00e9p","description":"Ez a k\u00fcl\u00f6nleges, sz\u00ednes elef\u00e1nt k\u00e9p vid\u00e1m sz\u00ednfoltja lehet otthonodnak, \u00e1m aj\u00e1nd\u00e9knak is t\u00f6k\u00e9letes v\u00e1laszt\u00e1s.\n\nAz \u00fcvegre festett, soksz\u00edn\u0171, v\u00e1ltozatos mint\u00e1zat\u00fa elef\u00e1nt sok \u00f6r\u00f6m\u00f6t hoz tulajdonos\u00e1nak, nem csak eszt\u00e9tikai \u00e9lm\u00e9nyk\u00e9nt, hanem jelent\u00e9startalm\u00e1val is.\n\nSz\u00ednes elef\u00e1nt fali k\u00e9peim nem csak gyerekszob\u00e1kban mutatnak j\u00f3l, els\u0151sorban nem is oda terveztem \u0151ket, hab\u00e1r sz\u00edn \u00e9s formavil\u00e1ga miatt ott is megfelel\u0151 helyre tal\u00e1lhatnak.\n\nAz elef\u00e1nt er\u0151teljes szimb\u00f3lum, el\u0151bbi els\u0151sorban a b\u00f6lcsess\u00e9get \u00e9s az akad\u00e1lyok lek\u00fczd\u00e9s\u00e9t szimboliz\u00e1lja (az orm\u00e1ny\u00e1t felfel\u00e9 tart\u00f3 elef\u00e1nt sz\u00e1mos elk\u00e9pzel\u00e9s szerint szerencs\u00e9t hoz).\n\nSz\u00ednek \u00e9s hat\u00e1s:\nNagyon sokf\u00e9le r\u00f3zsasz\u00edn, lila, \u00e9s bord\u00f3 \u00e1rnyalatot \u00e9s sz\u00edn\u00e1tmenetet haszn\u00e1ltam.\nA r\u00f3zsasz\u00edn (ak\u00e1r a z\u00f6ld) a sz\u00edvcsakr\u00e1ra hat: \u00edt\u00e9lkez\u00e9s visszaszor\u00edt\u00e1s\u00e1ra \u00e9s az Univerzum k\u00edn\u00e1lta csod\u00e1k befogad\u00e1s\u00e1ra \u00f6szt\u00f6n\u00f6z; ez a sz\u00edn a szeretet, bels\u0151 gy\u00f3gyul\u00e1sa, nyugalom, meg\u00fajul\u00e1s, rem\u00e9ny jelk\u00e9pe is.\n\nTeljes m\u00e9ret: 22x28cm\nNat\u00far barna sz\u00edn\u0171, egyszer\u0171 fa keretben.\n\nFestett minta m\u00e9rete: 14,5x21cm (2mm vastag \u00fcveggel)\n\nA keret h\u00e1tlapj\u00e1n akaszt\u00f3 tal\u00e1lhat\u00f3, \u00edgy falik\u00e9pk\u00e9nt funkcion\u00e1l.\n\nAz \u00fcvegt\u00e1rgyak eset\u00e9ben els\u0151sorban szem\u00e9lyes \u00e1tv\u00e9tel lehets\u00e9ges (\u00c9rden), ill. sz\u00fcks\u00e9g eset\u00e9n t\u00f6r\u00e9keny postai k\u00fcldem\u00e9nyk\u00e9nt (el\u0151re utal\u00e1ssal) tudom k\u00fcldeni, melynek aktu\u00e1lis postai d\u00edja 4700Ft (2023-ban).","score":0,"formatted_price":"24 750 Ft","image_url":"https:\/\/www.meska.hu\/img\/product\/small\/b\/o\/boriboszi_product_2092_190823221857_519356.jpeg","formatted_url":"https:\/\/www.meska.hu\/p4742377-indiai-elefant-uvegre-festett-falikep","favourite":false,"in_stock":true,"avatar":"2092_avatar_1761491172.jpeg","delete_from":0,"is_enhanced_background":false,"is_enhanced":false,"product_selection_started":false,"is_active":true,"image_webp_url":"https:\/\/www.meska.hu\/img\/product\/small\/b\/o\/boriboszi_product_2092_190823221857_519356.webp"},{"id":"4979932","shop_id":"33342","user_id":"429303","shop_name":"TedinART","shop_zip":"8660","product_code":"5062147","product_name_old":null,"product_name":"K\u00f6nyvtart\u00f3 tok - R\u00f3ma ","category_string":"K\u00f6nyv & Zene, K\u00f6nyvtok","technic_string":"Varr\u00e1s","category_1":"1418","category_2":"1488","category_3":"0","category_4":"0","merged_category_1":null,"merged_category_2":null,"merged_category_3":null,"technic_1":"506","technic_2":"0","technic_3":"0","color_1":"522","color_2":"532","color_3":"533","product_description_old":null,"product_description":"Szeretsz olvasni? Vagy van olyan a k\u00f6rnyezetedben, bar\u00e1ti k\u00f6r\u00f6dben aki olvas?\nAkkor lepd meg \u0151t vagy saj\u00e1t magad ezzel a k\u00f6nyvtokkal.\nV\u00e9di a k\u00f6nyvet a k\u00fcls\u0151 szennyez\u0151d\u00e9sekt\u0151l.\nAz elej\u00e9n tal\u00e1lhat\u00f3 zsebben ak\u00e1r toll \u00e9s kisebb jegyzetek, vagy ak\u00e1r a mobilod is elf\u00e9r.. \nM\u00e9rete : 20x28 cm\n","price":"3490.00","unit":"db","recommended":"0","status":"1","sponsored":"0","exp_notify":"0","own_material":"0","own_material_description_old":null,"own_material_description":"","jury":"0","jury_number":"","product_nature":"","meskaracsony":"0","create_date":"2026-01-16 21:26:12","shelve_id":"0","image":"tedinart_product_429303_230922154935_588316.jpeg","image_width":"480","image_height":"640","image_alt":"K\u00f6nyvtart\u00f3 tok - R\u00f3ma , Szeretsz olvasni? Vagy van olyan a k\u00f6rnyezetedben, bar\u00e1ti k\u00f6r\u00f6dben aki olvas?\\nAkkor lepd meg \u0151t vagy..., Meska","image_title":"K\u00f6nyvtart\u00f3 tok - R\u00f3ma , Meska","view_count":"1156","favourite_count":"0","trending_score":"0","last2MonthFavouriteCount":"0","promotion":"0","giftcard_accept":"0","creditcard_accept":true,"enhanced_background":"0","domain":"meska","specific_customer_id":null,"specific_customer_name":null,"to_order_product":"0","to_order_product_time":"0","product_different":null,"product_different_description":"","vintage":"0","vintage_category_id":"0","recycled":"0","gemstone_id":"0","customizable":"0","type_category":"physical","zerowaste":"0","postage_price":"1290.00","shop_order":"0","has_category":"1","landing_pages":null,"microdata":{"number":77,"category":""},"title":"K\u00f6nyvtart\u00f3 tok - R\u00f3ma ","description":"Szeretsz olvasni? Vagy van olyan a k\u00f6rnyezetedben, bar\u00e1ti k\u00f6r\u00f6dben aki olvas?\nAkkor lepd meg \u0151t vagy saj\u00e1t magad ezzel a k\u00f6nyvtokkal.\nV\u00e9di a k\u00f6nyvet a k\u00fcls\u0151 szennyez\u0151d\u00e9sekt\u0151l.\nAz elej\u00e9n tal\u00e1lhat\u00f3 zsebben ak\u00e1r toll \u00e9s kisebb jegyzetek, vagy ak\u00e1r a mobilod is elf\u00e9r.. \nM\u00e9rete : 20x28 cm\n","score":0,"formatted_price":"3 490 Ft","image_url":"https:\/\/www.meska.hu\/img\/product\/small\/t\/e\/tedinart_product_429303_230922154935_588316.jpeg","formatted_url":"https:\/\/www.meska.hu\/p5062147-konyvtarto-tok-roma","favourite":false,"in_stock":true,"avatar":"429303_avatar_1689078622.jpeg","delete_from":0,"is_enhanced_background":false,"is_enhanced":false,"product_selection_started":false,"is_active":true,"image_webp_url":"https:\/\/www.meska.hu\/img\/product\/small\/t\/e\/tedinart_product_429303_230922154935_588316.webp"},{"id":"5151679","shop_id":"9520","user_id":"50759","shop_name":"Jam81","shop_zip":"6724","product_code":"5169385","product_name_old":null,"product_name":"\u00d6lt\u00f6ztet\u0151s baba kisr\u00f3k\u00e1val \u00e9s t\u00e9p\u0151z\u00e1ras ruh\u00e1kkal","category_string":"J\u00e1t\u00e9k & Sport, Baba & babah\u00e1z, \u00d6lt\u00f6ztethet\u0151 baba","technic_string":"Varr\u00e1s","category_1":"305","category_2":"341","category_3":"1095","category_4":"0","merged_category_1":null,"merged_category_2":null,"merged_category_3":null,"technic_1":"506","technic_2":"0","technic_3":"0","color_1":"516","color_2":"522","color_3":"534","product_description_old":null,"product_description":"Divatos  dombormint\u00e1j\u00fa, k\u00fcl\u00f6nleges sz\u00f6vet anyagb\u00f3l k\u00e9sz\u00fclt a k\u00f6nyvecske bor\u00edt\u00f3ja, melynek belsej\u00e9ben  egy \u00e1gyik\u00f3 tal\u00e1lhat\u00f3 (ide befektethet\u0151 a baba) , illetve a m\u00e1sik oldalon egy cipz\u00e1ras, alul  zsebes ruh\u00e1sszekr\u00e9ny (a ruh\u00e1k t\u00e1rol\u00e1s\u00e1ra). Az \u00f6lt\u00f6ztet\u0151s bab\u00e1ra t\u00e9p\u0151z\u00e1r seg\u00edts\u00e9g\u00e9vel rakhat\u00f3k fel az egyes ruhadarabok.\n\nHosszabb aut\u00f3\u00fatra vagy ha a dokin\u00e1l kell v\u00e1rakozni is praktikus elfoglalts\u00e1g, mert nem foglal t\u00fal sok helyet \u00e9s vill\u00e1mgyorsan \u00f6sszer\u00e1molhat\u00f3! ;)\n\nA k\u00f6nyv t\u00e9p\u0151z\u00e1ras p\u00e1nttal z\u00e1r\u00f3dik\n\nA k\u00f6nyv m\u00e9rete:15cm*18.5cm\nA baba m\u00e9rete:9cm*15cm\n\nTerm\u00e9szetesen m\u00e1s sz\u00edn\u00f6ssze\u00e1ll\u00edt\u00e1sban is sz\u00edvesen elk\u00e9sz\u00edtem!;) \n","price":"10550.00","unit":"db","recommended":"0","status":"1","sponsored":"0","exp_notify":"0","own_material":"0","own_material_description_old":null,"own_material_description":"","jury":"0","jury_number":"","product_nature":"","meskaracsony":"0","create_date":"2026-04-04 11:46:12","shelve_id":"39758","image":"jam81_product_50759_231215124128_521382.jpeg","image_width":"480","image_height":"360","image_alt":"\u00d6lt\u00f6ztet\u0151s baba kisr\u00f3k\u00e1val \u00e9s t\u00e9p\u0151z\u00e1ras ruh\u00e1kkal, Divatos  dombormint\u00e1j\u00fa, k\u00fcl\u00f6nleges sz\u00f6vet anyagb\u00f3l k\u00e9sz\u00fclt a k\u00f6nyvecske bor\u00edt\u00f3ja, melynek belsej\u00e9ben..., Meska","image_title":"\u00d6lt\u00f6ztet\u0151s baba kisr\u00f3k\u00e1val \u00e9s t\u00e9p\u0151z\u00e1ras ruh\u00e1kkal, Meska","view_count":"1101","favourite_count":"0","trending_score":"0","last2MonthFavouriteCount":"0","promotion":"0","giftcard_accept":"0","creditcard_accept":false,"enhanced_background":"0","domain":"meska","specific_customer_id":null,"specific_customer_name":null,"to_order_product":"0","to_order_product_time":"0","product_different":null,"product_different_description":"","vintage":"0","vintage_category_id":"0","recycled":"0","gemstone_id":"0","customizable":"0","type_category":"physical","zerowaste":"0","postage_price":"2100.00","shop_order":"0","has_category":"1","landing_pages":null,"microdata":{"number":78,"category":""},"title":"\u00d6lt\u00f6ztet\u0151s baba kisr\u00f3k\u00e1val \u00e9s t\u00e9p\u0151z\u00e1ras ruh\u00e1kkal","description":"Divatos  dombormint\u00e1j\u00fa, k\u00fcl\u00f6nleges sz\u00f6vet anyagb\u00f3l k\u00e9sz\u00fclt a k\u00f6nyvecske bor\u00edt\u00f3ja, melynek belsej\u00e9ben  egy \u00e1gyik\u00f3 tal\u00e1lhat\u00f3 (ide befektethet\u0151 a baba) , illetve a m\u00e1sik oldalon egy cipz\u00e1ras, alul  zsebes ruh\u00e1sszekr\u00e9ny (a ruh\u00e1k t\u00e1rol\u00e1s\u00e1ra). Az \u00f6lt\u00f6ztet\u0151s bab\u00e1ra t\u00e9p\u0151z\u00e1r seg\u00edts\u00e9g\u00e9vel rakhat\u00f3k fel az egyes ruhadarabok.\n\nHosszabb aut\u00f3\u00fatra vagy ha a dokin\u00e1l kell v\u00e1rakozni is praktikus elfoglalts\u00e1g, mert nem foglal t\u00fal sok helyet \u00e9s vill\u00e1mgyorsan \u00f6sszer\u00e1molhat\u00f3! ;)\n\nA k\u00f6nyv t\u00e9p\u0151z\u00e1ras p\u00e1nttal z\u00e1r\u00f3dik\n\nA k\u00f6nyv m\u00e9rete:15cm*18.5cm\nA baba m\u00e9rete:9cm*15cm\n\nTerm\u00e9szetesen m\u00e1s sz\u00edn\u00f6ssze\u00e1ll\u00edt\u00e1sban is sz\u00edvesen elk\u00e9sz\u00edtem!;) \n","score":0,"formatted_price":"10 550 Ft","image_url":"https:\/\/www.meska.hu\/img\/product\/small\/j\/a\/jam81_product_50759_231215124128_521382.jpeg","formatted_url":"https:\/\/www.meska.hu\/p5169385-oltoztetos-baba-kisrokaval-es-tepozaras-ruhakkal","favourite":false,"in_stock":true,"avatar":"Jam81_avatar_50759.jpg","delete_from":0,"is_enhanced_background":false,"is_enhanced":false,"product_selection_started":false,"is_active":true,"image_webp_url":"https:\/\/www.meska.hu\/img\/product\/small\/j\/a\/jam81_product_50759_231215124128_521382.webp"},{"id":"3171868","shop_id":"26614","user_id":"322886","shop_name":"holdfeny3","shop_zip":"9028","product_code":"4710005","product_name_old":null,"product_name":"Angyalk\u00e1k aj\u00e1nd\u00e9kba - Kar\u00e1csony, T\u00e9lap\u00f3, Mikul\u00e1s, gy\u00f6ngy, angyal, aj\u00e1nd\u00e9k k\u00eds\u00e9r\u0151, kar\u00e1csonyi aj\u00e1nd\u00e9k \u00f6tlet","category_string":"Otthon & \u00c9letm\u00f3d, Pap\u00edr, \u00edr\u00f3szer, Aj\u00e1nd\u00e9koz\u00e1s kell\u00e9kei, Aj\u00e1nd\u00e9kk\u00eds\u00e9r\u0151","technic_string":"\u00c9kszerk\u00e9sz\u00edt\u00e9s, Gy\u00f6ngyf\u0171z\u00e9s, gy\u00f6ngyh\u00edmz\u00e9s","category_1":"813","category_2":"351","category_3":"1652","category_4":"321","merged_category_1":null,"merged_category_2":null,"merged_category_3":null,"technic_1":"477","technic_2":"485","technic_3":"0","color_1":"519","color_2":"522","color_3":"526","product_description_old":null,"product_description":"Kar\u00e1csony fel\u00e9 k\u00f6zeledve egyre t\u00f6bbsz\u00f6r tal\u00e1lkozunk az angyalokkal. :)\nAz angyalok term\u00e9szetfeletti, szellemi l\u00e9nyek, melyekr\u0151l els\u0151re a seg\u00edts\u00e9g, v\u00e9delem, szerencse, gy\u00f3gy\u00edt\u00e1s, harc, j\u00f3slat jut esz\u00fcnkbe.\n\nA csomagok 5 db angyalk\u00e1t tartalmaznak. \u00dcveggy\u00f6ngy\u00f6ket, teklagy\u00f6ngy\u00f6t, r\u00f3zsakvarcot, antik ez\u00fcst k\u00f6zteseket haszn\u00e1ltam.\nA mini angyalka 1,5 cm a legnagyobb 3,5 cm k\u00f6r\u00fcl van. \nDupla szerel\u0151karik\u00e1t tettem r\u00e1juk, \u00edgy k\u00f6nnyed\u00e9n felf\u0171zheted d\u00edszes szalagra, f\u0171z\u0151sz\u00e1lra.\n\nHaszn\u00e1lhatod Adventi napt\u00e1rba, aj\u00e1nd\u00e9k k\u00eds\u00e9r\u0151nek, csomag szalagj\u00e1ra k\u00f6tve, mini  kar\u00e1csonyfad\u00edsznek vagy csak \u00fagy egy szeretett szem\u00e9lynek, akir\u0151l az \"angyali\" sz\u00f3 jut eszedbe. :)\n\nA feh\u00e9r a tisztas\u00e1g, az \u00e1rtatlans\u00e1g sz\u00edne, \u00e1rtatlans\u00e1got jelent.\nA lila spiritualit\u00e1st, nemess\u00e9get, kreativit\u00e1st jelent, a f\u00fcggetlens\u00e9g sz\u00edne.\nA r\u00f3zsasz\u00edn, a n\u0151i meg\u00e9rz\u00e9s, gondoskod\u00e1s, az anyas\u00e1g sz\u00edne, rem\u00e9nyt \u00e9s nyugalmat ad.\nA s\u00e1rga a j\u00f3 hangulat, vid\u00e1ms\u00e1g sz\u00edne, optimizmust \u00e9s \u00e9let\u00f6r\u00f6m\u00f6t jelent.\n\n Mindegyik feltett k\u00e9p m\u00e1sfajta angyali \u00f6ssze\u00e1ll\u00edt\u00e1s. K\u00e9rlek jelezd, hogy melyik csomagot k\u00e9red.  (jelz\u00e9s a k\u00e9p jobb alj\u00e1n l\u00e1that\u00f3)  K\u00f6sz\u00f6n\u00f6m.","price":"1700.00","unit":"cs","recommended":"0","status":"1","sponsored":"0","exp_notify":"0","own_material":"0","own_material_description_old":null,"own_material_description":"","jury":"0","jury_number":"","product_nature":"","meskaracsony":"0","create_date":"2026-03-02 22:39:26","shelve_id":"60438","image":"holdfeny3_product_322886_211031173214_335414.jpeg","image_width":"480","image_height":"391","image_alt":"Angyalk\u00e1k aj\u00e1nd\u00e9kba - Kar\u00e1csony, T\u00e9lap\u00f3, Mikul\u00e1s, gy\u00f6ngy, angyal, aj\u00e1nd\u00e9k k\u00eds\u00e9r\u0151, kar\u00e1csonyi aj\u00e1nd\u00e9k \u00f6tlet, Kar\u00e1csony fel\u00e9 k\u00f6zeledve egyre t\u00f6bbsz\u00f6r tal\u00e1lkozunk az angyalokkal. :)\\nAz angyalok term\u00e9szetfeletti,..., Meska","image_title":"Angyalk\u00e1k aj\u00e1nd\u00e9kba - Kar\u00e1csony, T\u00e9lap\u00f3, Mikul\u00e1s, gy\u00f6ngy, angyal, aj\u00e1nd\u00e9k k\u00eds\u00e9r\u0151, kar\u00e1csonyi aj\u00e1nd\u00e9k \u00f6tlet, Meska","view_count":"1176","favourite_count":"0","trending_score":"0","last2MonthFavouriteCount":"0","promotion":"0","giftcard_accept":"1","creditcard_accept":false,"enhanced_background":"0","domain":"meska","specific_customer_id":null,"specific_customer_name":null,"to_order_product":"0","to_order_product_time":"0","product_different":null,"product_different_description":"","vintage":"0","vintage_category_id":"0","recycled":"0","gemstone_id":"0","customizable":"0","type_category":"physical","zerowaste":"0","postage_price":"2390.00","shop_order":"1","has_category":"1","landing_pages":null,"microdata":{"number":79,"category":""},"title":"Angyalk\u00e1k aj\u00e1nd\u00e9kba - Kar\u00e1csony, T\u00e9lap\u00f3, Mikul\u00e1s, gy\u00f6ngy, angyal, aj\u00e1nd\u00e9k k\u00eds\u00e9r\u0151, kar\u00e1csonyi aj\u00e1nd\u00e9k \u00f6tlet","description":"Kar\u00e1csony fel\u00e9 k\u00f6zeledve egyre t\u00f6bbsz\u00f6r tal\u00e1lkozunk az angyalokkal. :)\nAz angyalok term\u00e9szetfeletti, szellemi l\u00e9nyek, melyekr\u0151l els\u0151re a seg\u00edts\u00e9g, v\u00e9delem, szerencse, gy\u00f3gy\u00edt\u00e1s, harc, j\u00f3slat jut esz\u00fcnkbe.\n\nA csomagok 5 db angyalk\u00e1t tartalmaznak. \u00dcveggy\u00f6ngy\u00f6ket, teklagy\u00f6ngy\u00f6t, r\u00f3zsakvarcot, antik ez\u00fcst k\u00f6zteseket haszn\u00e1ltam.\nA mini angyalka 1,5 cm a legnagyobb 3,5 cm k\u00f6r\u00fcl van. \nDupla szerel\u0151karik\u00e1t tettem r\u00e1juk, \u00edgy k\u00f6nnyed\u00e9n felf\u0171zheted d\u00edszes szalagra, f\u0171z\u0151sz\u00e1lra.\n\nHaszn\u00e1lhatod Adventi napt\u00e1rba, aj\u00e1nd\u00e9k k\u00eds\u00e9r\u0151nek, csomag szalagj\u00e1ra k\u00f6tve, mini  kar\u00e1csonyfad\u00edsznek vagy csak \u00fagy egy szeretett szem\u00e9lynek, akir\u0151l az \"angyali\" sz\u00f3 jut eszedbe. :)\n\nA feh\u00e9r a tisztas\u00e1g, az \u00e1rtatlans\u00e1g sz\u00edne, \u00e1rtatlans\u00e1got jelent.\nA lila spiritualit\u00e1st, nemess\u00e9get, kreativit\u00e1st jelent, a f\u00fcggetlens\u00e9g sz\u00edne.\nA r\u00f3zsasz\u00edn, a n\u0151i meg\u00e9rz\u00e9s, gondoskod\u00e1s, az anyas\u00e1g sz\u00edne, rem\u00e9nyt \u00e9s nyugalmat ad.\nA s\u00e1rga a j\u00f3 hangulat, vid\u00e1ms\u00e1g sz\u00edne, optimizmust \u00e9s \u00e9let\u00f6r\u00f6m\u00f6t jelent.\n\n Mindegyik feltett k\u00e9p m\u00e1sfajta angyali \u00f6ssze\u00e1ll\u00edt\u00e1s. K\u00e9rlek jelezd, hogy melyik csomagot k\u00e9red.  (jelz\u00e9s a k\u00e9p jobb alj\u00e1n l\u00e1that\u00f3)  K\u00f6sz\u00f6n\u00f6m.","score":0,"formatted_price":"1 700 Ft","image_url":"https:\/\/www.meska.hu\/img\/product\/small\/h\/o\/holdfeny3_product_322886_211031173214_335414.jpeg","formatted_url":"https:\/\/www.meska.hu\/p4710005-angyalkak-ajandekba-karacsony-telapo-mikulas-gyongy-angyal-ajandek-kisero-karacsonyi-ajandek-otlet","favourite":false,"in_stock":true,"avatar":"322886_avatar_1697972367.jpeg","delete_from":0,"is_enhanced_background":false,"is_enhanced":false,"product_selection_started":false,"is_active":true,"image_webp_url":"https:\/\/www.meska.hu\/img\/product\/small\/h\/o\/holdfeny3_product_322886_211031173214_335414.webp"},{"id":"4529355","shop_id":"19710","user_id":"191983","shop_name":"pagi28","shop_zip":"5300","product_code":"4800889","product_name_old":null,"product_name":"Filc- nemez nesszeszer 1","category_string":"T\u00e1ska & Tok, Neszesszer","technic_string":"Nemezel\u00e9s, Varr\u00e1s","category_1":"464","category_2":"467","category_3":"0","category_4":"0","merged_category_1":null,"merged_category_2":null,"merged_category_3":null,"technic_1":"494","technic_2":"506","technic_3":"0","color_1":"522","color_2":"525","color_3":"527","product_description_old":null,"product_description":"Vastag sz\u00fcrke gyapj\u00fafilcb\u0151l k\u00e9sz\u00fclt nesszeszert t\u0171nemezel\u00e9ssel d\u00edsz\u00edtettem.\nCipz\u00e1rral z\u00e1r\u00f3dik, \u00edgy haszn\u00e1lhatod nesszeszernek, p\u00e9nzt\u00e1rc\u00e1nak, ak\u00e1r telefontoknak is.\n\nm\u00e9rete: 17x9cm\n\nHa m\u00e1s sz\u00edn \u00f6ssze\u00e1ll\u00edt\u00e1sban szeretn\u00e9d, akkor is sz\u00edvesen elk\u00e9sz\u00edtem neked.\n","price":"3200.00","unit":"db","recommended":"0","status":"1","sponsored":"0","exp_notify":"0","own_material":"0","own_material_description_old":null,"own_material_description":"","jury":"0","jury_number":"","product_nature":"","meskaracsony":"0","create_date":"2026-04-07 11:39:04","shelve_id":"64273","image":"pagi28_product_191983_160601110124_51848.jpeg","image_width":"480","image_height":"345","image_alt":"Filc- nemez nesszeszer 1, Vastag sz\u00fcrke gyapj\u00fafilcb\u0151l k\u00e9sz\u00fclt nesszeszert t\u0171nemezel\u00e9ssel d\u00edsz\u00edtettem.\\nCipz\u00e1rral z\u00e1r\u00f3dik, \u00edgy h..., Meska","image_title":"Filc- nemez nesszeszer 1, Meska","view_count":"1084","favourite_count":"1","trending_score":"0","last2MonthFavouriteCount":"1","promotion":"0","giftcard_accept":"0","creditcard_accept":true,"enhanced_background":"0","domain":"meska","specific_customer_id":null,"specific_customer_name":null,"to_order_product":"0","to_order_product_time":"0","product_different":null,"product_different_description":"","vintage":"0","vintage_category_id":"0","recycled":"0","gemstone_id":"0","customizable":"0","type_category":"physical","zerowaste":"0","postage_price":"1290.00","shop_order":"551","has_category":"1","landing_pages":null,"microdata":{"number":80,"category":""},"title":"Filc- nemez nesszeszer 1","description":"Vastag sz\u00fcrke gyapj\u00fafilcb\u0151l k\u00e9sz\u00fclt nesszeszert t\u0171nemezel\u00e9ssel d\u00edsz\u00edtettem.\nCipz\u00e1rral z\u00e1r\u00f3dik, \u00edgy haszn\u00e1lhatod nesszeszernek, p\u00e9nzt\u00e1rc\u00e1nak, ak\u00e1r telefontoknak is.\n\nm\u00e9rete: 17x9cm\n\nHa m\u00e1s sz\u00edn \u00f6ssze\u00e1ll\u00edt\u00e1sban szeretn\u00e9d, akkor is sz\u00edvesen elk\u00e9sz\u00edtem neked.\n","score":0,"formatted_price":"3 200 Ft","image_url":"https:\/\/www.meska.hu\/img\/product\/small\/p\/a\/pagi28_product_191983_160601110124_51848.jpeg","formatted_url":"https:\/\/www.meska.hu\/p4800889-filc-nemez-nesszeszer-1","favourite":false,"in_stock":true,"avatar":null,"delete_from":0,"is_enhanced_background":false,"is_enhanced":false,"product_selection_started":false,"is_active":true,"image_webp_url":"https:\/\/www.meska.hu\/img\/product\/small\/p\/a\/pagi28_product_191983_160601110124_51848.webp"},{"id":"3150469","shop_id":"33008","user_id":"423964","shop_name":"Meldaekszer","shop_zip":"2525","product_code":"4695624","product_name_old":null,"product_name":"Ametiszt angyal","category_string":"\u00c9kszer, Nyakl\u00e1nc, Med\u00e1l","technic_string":"\u00c9kszerk\u00e9sz\u00edt\u00e9s","category_1":"327","category_2":"337","category_3":"335","category_4":"0","merged_category_1":null,"merged_category_2":null,"merged_category_3":null,"technic_1":"477","technic_2":"0","technic_3":"0","color_1":"518","color_2":"519","color_3":"522","product_description_old":null,"product_description":"Ametiszt angyal, kb, 3,5 cm magass\u00e1g\u00fa, l\u00e1nccal, kapoccsal k\u00f6nnyen felakaszthat\u00f3 aut\u00f3ba, t\u00e1sk\u00e1ra, asztaliml\u00e1mp\u00e1ra, stb.. d\u00edsznek. L\u00e1nccal egy\u00fctt kb. 8 cm hossz\u00fa.","price":"3590.00","unit":"db","recommended":"0","status":"1","sponsored":"0","exp_notify":"0","own_material":"0","own_material_description_old":null,"own_material_description":"","jury":"0","jury_number":"","product_nature":"","meskaracsony":"0","create_date":"2026-02-21 20:48:32","shelve_id":"0","image":"meldaekszer_product_423964_211110140024_304536.jpeg","image_width":"480","image_height":"360","image_alt":"Ametiszt angyal, Ametiszt angyal, kb, 3,5 cm magass\u00e1g\u00fa, l\u00e1nccal, kapoccsal k\u00f6nnyen felakaszthat\u00f3 aut\u00f3ba, t\u00e1sk\u00e1ra, asz..., Meska","image_title":"Ametiszt angyal, Meska","view_count":"1106","favourite_count":"0","trending_score":"0","last2MonthFavouriteCount":"0","promotion":"0","giftcard_accept":"0","creditcard_accept":false,"enhanced_background":"0","domain":"meska","specific_customer_id":null,"specific_customer_name":null,"to_order_product":"1","to_order_product_time":"5","product_different":null,"product_different_description":"","vintage":"0","vintage_category_id":"0","recycled":"0","gemstone_id":"0","customizable":"0","type_category":"physical","zerowaste":"0","postage_price":"1190.00","shop_order":"0","has_category":"1","landing_pages":null,"microdata":{"number":81,"category":""},"title":"Ametiszt angyal","description":"Ametiszt angyal, kb, 3,5 cm magass\u00e1g\u00fa, l\u00e1nccal, kapoccsal k\u00f6nnyen felakaszthat\u00f3 aut\u00f3ba, t\u00e1sk\u00e1ra, asztaliml\u00e1mp\u00e1ra, stb.. d\u00edsznek. L\u00e1nccal egy\u00fctt kb. 8 cm hossz\u00fa.","score":0,"formatted_price":"3 590 Ft","image_url":"https:\/\/www.meska.hu\/img\/product\/small\/m\/e\/meldaekszer_product_423964_211110140024_304536.jpeg","formatted_url":"https:\/\/www.meska.hu\/p4695624-ametiszt-angyal","favourite":false,"in_stock":false,"avatar":"Meldaekszer_avatar_423964_1615752782.jpg","delete_from":0,"is_enhanced_background":false,"is_enhanced":false,"product_selection_started":false,"is_active":true,"image_webp_url":"https:\/\/www.meska.hu\/img\/product\/small\/m\/e\/meldaekszer_product_423964_211110140024_304536.webp"},{"id":"4804927","shop_id":"29709","user_id":"371419","shop_name":"Hexartdesign","shop_zip":"1183","product_code":"4961283","product_name_old":null,"product_name":"Brit cica portr\u00e9 02 - eredeti akvarell festm\u00e9ny","category_string":"M\u0171v\u00e9szet, Festm\u00e9ny, Akvarell","technic_string":"Fot\u00f3, grafika, rajz, illusztr\u00e1ci\u00f3, Fest\u00e9szet","category_1":"357","category_2":"358","category_3":"360","category_4":"0","merged_category_1":"0","merged_category_2":"0","merged_category_3":"785","technic_1":"483","technic_2":"480","technic_3":"0","color_1":"521","color_2":"522","color_3":"526","product_description_old":null,"product_description":"Hexart Design - Eredeti festm\u00e9ny\n\nBrit cica portr\u00e9 - eredeti akvarell festm\u00e9ny\n\nK\u00e9szterm\u00e9k, ez\u00e9rt ha tetszik, akkor a megrendel\u00e9s ut\u00e1n n\u00e9h\u00e1ny napon bel\u00fcl k\u00e9zhez is kapod.\n\n\u201e \u201e \u201e Ezt a festm\u00e9nyt a Brit r\u00f6vidsz\u0151r\u0171 cic\u00e1k csendes magabiztoss\u00e1ga inspir\u00e1lta. Szerettem volna megfogni azt a nyugodt, m\u00e9gis mindent figyel\u0151 tekintetet, ez\u00e9rt hagytam, hogy a sz\u00fcrke akvarellfoltok szinte szabadon alakuljanak, \u00e9s csak a borosty\u00e1nsz\u00edn\u0171 szemek kapjanak igaz\u00e1n hangs\u00falyt. Sz\u00e1momra ez a k\u00e9p a finom eleganci\u00e1r\u00f3l \u00e9s a macsk\u00e1k megfoghatatlan var\u00e1zs\u00e1r\u00f3l sz\u00f3l \u2013 egy kis karakteres, m\u00e9gis letisztult r\u00e9szlet azoknak, akik igaz\u00e1n \u00e9rtik a cic\u00e1k vil\u00e1g\u00e1t. \u201d \u201d \u201d\n\nHa eredeti festm\u00e9nyt v\u00e1s\u00e1rolsz, igaz\u00e1n k\u00fcl\u00f6nleges t\u00e1rgy tulajdonosa lehetsz. Valamint remek aj\u00e1nd\u00e9k is lehet sz\u00fclet\u00e9snapra, kar\u00e1csonyra, \u00e9vfordul\u00f3ra stb.\n\nMegv\u00e1s\u00e1rolhatod keret n\u00e9lk\u00fcl vagy a k\u00e9pen l\u00e1that\u00f3 A4-es feh\u00e9r kerettel (fel\u00e1ras opci\u00f3ban) egy\u00fctt is.\n\nHa megn\u00e9zn\u00e9d, hogy jelenleg milyen k\u00e9sz \u00e9s eredeti festm\u00e9nyek el\u00e9rhet\u0151ek, akkor az al\u00e1bbi linkre kattintva megteheted:\nhttps:\/\/www.meska.hu\/shop\/Hexartdesign?s=68537\n\nHa esetleg nyomatban \/ reprodukci\u00f3ban gondolkodsz, n\u00e9zd meg hogy itt el\u00e9rhet\u0151-e: https:\/\/www.meska.hu\/shop\/Hexartdesign?s=64121\n\nHa a k\u00e9szterm\u00e9k kateg\u00f3ri\u00e1ban nem tal\u00e1lt\u00e1l sz\u00e1modra megfelel\u0151t, de szeretn\u00e9l saj\u00e1t fot\u00f3db\u00f3l festm\u00e9nyt, akkor v\u00e1laszd a Rendel\u00e9sre k\u00e9sz\u00fcl\u0151 \u00e1llatportr\u00e9k kateg\u00f3ri\u00e1t. Legyen sz\u00f3 kuty\u00e1r\u00f3l, cic\u00e1r\u00f3l, nyuszir\u00f3l vagy ak\u00e1r egzotikus \u00e1llatr\u00f3l fordulj hozz\u00e1m bizalommal. Kattints az al\u00e1bbi linkre:\nhttps:\/\/www.meska.hu\/shop\/Hexartdesign?s=72378\n\nTerm\u00e9kle\u00edr\u00e1s:\n\u2022 a festm\u00e9ny m\u00e9rete kb. A4-es: 210x297 mm\n\u2022 a legmagasabb f\u00e9ny\u00e1ll\u00f3s\u00e1ggal rendelkez\u0151 akvarell fest\u00e9kekkel \u00e9s ceruz\u00e1kkal k\u00e9sz\u00fclt\n\u2022 savmentes akvarell pap\u00edr\n\u2022 k\u00e9rheted keret n\u00e9lk\u00fcl (ha te szeretn\u00e9d keretezni) vagy feh\u00e9r kerettel (fel\u00e1ras opci\u00f3)\n\nA4-es feh\u00e9r keret (fel\u00e1ras opci\u00f3):\n\u2022 A4-es keret (a fot\u00f3n ez l\u00e1that\u00f3)\n\u2022 k\u00fcls\u0151 m\u00e9rete: 24x33 cm\n\u2022 el\u0151lapja polisztir\u00e9n m\u0171anyag\n\u2022 h\u00e1ts\u00f3 kit\u00e1maszt\u00f3val vagy falra akasztva is haszn\u00e1lhat\u00f3\n\nSzerz\u0151i jog:\nAz eredeti festm\u00e9ny tulajdonjoga a v\u00e1s\u00e1rl\u00f3\u00e9 lesz, azonban a v\u00e1s\u00e1rl\u00f3 a festm\u00e9nyt semmilyen form\u00e1ban nem m\u00e1solhatja, gy\u00e1rthatja \u00e9s sokszoros\u00edthatja. \n\nA k\u00e9p illusztr\u00e1ci\u00f3:\nA k\u00e9pen l\u00e1that\u00f3 kieg\u00e9sz\u00edt\u0151 dekor\u00e1ci\u00f3s k\u00f6rnyezet csak illusztr\u00e1ci\u00f3, ami nem k\u00e9pezi a term\u00e9k r\u00e9sz\u00e9t. A feh\u00e9r A4-es keret fel\u00e1ras opci\u00f3.","price":"24900.00","unit":"db","recommended":"0","status":"1","sponsored":"0","exp_notify":"0","own_material":"0","own_material_description_old":null,"own_material_description":"","jury":"0","jury_number":"","product_nature":"","meskaracsony":"0","create_date":"2026-01-12 23:59:00","shelve_id":"68537","image":"hexartdesign_product_371419_230426085907_301222.jpeg","image_width":"480","image_height":"480","image_alt":"Brit cica portr\u00e9 02 - eredeti akvarell festm\u00e9ny, Hexart Design - Eredeti festm\u00e9ny\\n\\nBrit cica portr\u00e9 - eredeti akvarell festm\u00e9ny\\n\\nK\u00e9szterm\u00e9k, ez\u00e9rt ha..., Meska","image_title":"Brit cica portr\u00e9 02 - eredeti akvarell festm\u00e9ny, Meska","view_count":"1068","favourite_count":"0","trending_score":"0","last2MonthFavouriteCount":"0","promotion":0,"giftcard_accept":"1","creditcard_accept":true,"enhanced_background":"0","domain":"meska","specific_customer_id":null,"specific_customer_name":null,"to_order_product":"0","to_order_product_time":"0","product_different":null,"product_different_description":"","vintage":"0","vintage_category_id":"0","recycled":"0","gemstone_id":"0","customizable":"0","type_category":"physical","zerowaste":"0","postage_price":"1490.00","shop_order":"0","has_category":"1","landing_pages":null,"microdata":{"number":82,"category":""},"title":"Brit cica portr\u00e9 02 - eredeti akvarell festm\u00e9ny","description":"Hexart Design - Eredeti festm\u00e9ny\n\nBrit cica portr\u00e9 - eredeti akvarell festm\u00e9ny\n\nK\u00e9szterm\u00e9k, ez\u00e9rt ha tetszik, akkor a megrendel\u00e9s ut\u00e1n n\u00e9h\u00e1ny napon bel\u00fcl k\u00e9zhez is kapod.\n\n\u201e \u201e \u201e Ezt a festm\u00e9nyt a Brit r\u00f6vidsz\u0151r\u0171 cic\u00e1k csendes magabiztoss\u00e1ga inspir\u00e1lta. Szerettem volna megfogni azt a nyugodt, m\u00e9gis mindent figyel\u0151 tekintetet, ez\u00e9rt hagytam, hogy a sz\u00fcrke akvarellfoltok szinte szabadon alakuljanak, \u00e9s csak a borosty\u00e1nsz\u00edn\u0171 szemek kapjanak igaz\u00e1n hangs\u00falyt. Sz\u00e1momra ez a k\u00e9p a finom eleganci\u00e1r\u00f3l \u00e9s a macsk\u00e1k megfoghatatlan var\u00e1zs\u00e1r\u00f3l sz\u00f3l \u2013 egy kis karakteres, m\u00e9gis letisztult r\u00e9szlet azoknak, akik igaz\u00e1n \u00e9rtik a cic\u00e1k vil\u00e1g\u00e1t. \u201d \u201d \u201d\n\nHa eredeti festm\u00e9nyt v\u00e1s\u00e1rolsz, igaz\u00e1n k\u00fcl\u00f6nleges t\u00e1rgy tulajdonosa lehetsz. Valamint remek aj\u00e1nd\u00e9k is lehet sz\u00fclet\u00e9snapra, kar\u00e1csonyra, \u00e9vfordul\u00f3ra stb.\n\nMegv\u00e1s\u00e1rolhatod keret n\u00e9lk\u00fcl vagy a k\u00e9pen l\u00e1that\u00f3 A4-es feh\u00e9r kerettel (fel\u00e1ras opci\u00f3ban) egy\u00fctt is.\n\nHa megn\u00e9zn\u00e9d, hogy jelenleg milyen k\u00e9sz \u00e9s eredeti festm\u00e9nyek el\u00e9rhet\u0151ek, akkor az al\u00e1bbi linkre kattintva megteheted:\nhttps:\/\/www.meska.hu\/shop\/Hexartdesign?s=68537\n\nHa esetleg nyomatban \/ reprodukci\u00f3ban gondolkodsz, n\u00e9zd meg hogy itt el\u00e9rhet\u0151-e: https:\/\/www.meska.hu\/shop\/Hexartdesign?s=64121\n\nHa a k\u00e9szterm\u00e9k kateg\u00f3ri\u00e1ban nem tal\u00e1lt\u00e1l sz\u00e1modra megfelel\u0151t, de szeretn\u00e9l saj\u00e1t fot\u00f3db\u00f3l festm\u00e9nyt, akkor v\u00e1laszd a Rendel\u00e9sre k\u00e9sz\u00fcl\u0151 \u00e1llatportr\u00e9k kateg\u00f3ri\u00e1t. Legyen sz\u00f3 kuty\u00e1r\u00f3l, cic\u00e1r\u00f3l, nyuszir\u00f3l vagy ak\u00e1r egzotikus \u00e1llatr\u00f3l fordulj hozz\u00e1m bizalommal. Kattints az al\u00e1bbi linkre:\nhttps:\/\/www.meska.hu\/shop\/Hexartdesign?s=72378\n\nTerm\u00e9kle\u00edr\u00e1s:\n\u2022 a festm\u00e9ny m\u00e9rete kb. A4-es: 210x297 mm\n\u2022 a legmagasabb f\u00e9ny\u00e1ll\u00f3s\u00e1ggal rendelkez\u0151 akvarell fest\u00e9kekkel \u00e9s ceruz\u00e1kkal k\u00e9sz\u00fclt\n\u2022 savmentes akvarell pap\u00edr\n\u2022 k\u00e9rheted keret n\u00e9lk\u00fcl (ha te szeretn\u00e9d keretezni) vagy feh\u00e9r kerettel (fel\u00e1ras opci\u00f3)\n\nA4-es feh\u00e9r keret (fel\u00e1ras opci\u00f3):\n\u2022 A4-es keret (a fot\u00f3n ez l\u00e1that\u00f3)\n\u2022 k\u00fcls\u0151 m\u00e9rete: 24x33 cm\n\u2022 el\u0151lapja polisztir\u00e9n m\u0171anyag\n\u2022 h\u00e1ts\u00f3 kit\u00e1maszt\u00f3val vagy falra akasztva is haszn\u00e1lhat\u00f3\n\nSzerz\u0151i jog:\nAz eredeti festm\u00e9ny tulajdonjoga a v\u00e1s\u00e1rl\u00f3\u00e9 lesz, azonban a v\u00e1s\u00e1rl\u00f3 a festm\u00e9nyt semmilyen form\u00e1ban nem m\u00e1solhatja, gy\u00e1rthatja \u00e9s sokszoros\u00edthatja. \n\nA k\u00e9p illusztr\u00e1ci\u00f3:\nA k\u00e9pen l\u00e1that\u00f3 kieg\u00e9sz\u00edt\u0151 dekor\u00e1ci\u00f3s k\u00f6rnyezet csak illusztr\u00e1ci\u00f3, ami nem k\u00e9pezi a term\u00e9k r\u00e9sz\u00e9t. A feh\u00e9r A4-es keret fel\u00e1ras opci\u00f3.","score":0,"formatted_price":"24 900 Ft","image_url":"https:\/\/www.meska.hu\/img\/product\/small\/h\/e\/hexartdesign_product_371419_230426085907_301222.jpeg","formatted_url":"https:\/\/www.meska.hu\/p4961283-brit-cica-portre-02-eredeti-akvarell-festmeny","favourite":false,"in_stock":true,"avatar":"Hexartdesign_avatar_371419_1589358772.jpg","delete_from":0,"is_enhanced_background":false,"is_enhanced":false,"product_selection_started":false,"is_active":true,"image_webp_url":"https:\/\/www.meska.hu\/img\/product\/small\/h\/e\/hexartdesign_product_371419_230426085907_301222.webp"},{"id":"5074712","shop_id":"31224","user_id":"397182","shop_name":"Marsze","shop_zip":"1035","product_code":"5133249","product_name_old":null,"product_name":"Disney adventi koszor\u00fa\/ Anna \u00e9s Swen","category_string":"Kar\u00e1csony, Adventi d\u00edszek, Adventi koszor\u00fa","technic_string":"Vir\u00e1gk\u00f6t\u00e9s","category_1":"319","category_2":"1285","category_3":"1289","category_4":"0","merged_category_1":null,"merged_category_2":null,"merged_category_3":null,"technic_1":"507","technic_2":"0","technic_3":"0","color_1":"521","color_2":"522","color_3":"525","product_description_old":null,"product_description":"A sz\u0151rm\u00e9s koszor\u00fa alapra el\u0151sz\u00f6r a h\u00e1rom lila \u00e9s egy r\u00f3zsasz\u00edn gyerty\u00e1t helyeztem el,term\u00e9sekkel,aj\u00e1nd\u00e9k csomagokkal \u00e9s kar\u00e1csonyi g\u00f6mb\u00f6kkel d\u00edsz\u00edtettem ,k\u00f6z\u00e9pre ragasztottam fel a  a j\u00e1t\u00e9k figur\u00e1t \u00e9s a r\u00f3zsasz\u00edn feny\u0151f\u00e1t,elej\u00e9re \"Boldog Kar\u00e1csonyt\"feh\u00e9r t\u00e1bla ker\u00fclt.\nA koszor\u00fa \u00e1tm\u00e9r\u0151je: 25 cm","price":"21500.00","unit":"db","recommended":"0","status":"1","sponsored":"0","exp_notify":"0","own_material":"0","own_material_description_old":null,"own_material_description":"","jury":"0","jury_number":"","product_nature":"","meskaracsony":"0","create_date":"2026-02-28 21:21:31","shelve_id":"0","image":"marsze_product_397182_231111183509_864236.jpeg","image_width":"480","image_height":"640","image_alt":"Disney adventi koszor\u00fa\/ Anna \u00e9s Swen, A sz\u0151rm\u00e9s koszor\u00fa alapra el\u0151sz\u00f6r a h\u00e1rom lila \u00e9s egy r\u00f3zsasz\u00edn gyerty\u00e1t helyeztem el,term\u00e9sekkel,aj\u00e1..., Meska","image_title":"Disney adventi koszor\u00fa\/ Anna \u00e9s Swen, Meska","view_count":"1061","favourite_count":"0","trending_score":"0","last2MonthFavouriteCount":"0","promotion":"0","giftcard_accept":"0","creditcard_accept":true,"enhanced_background":"0","domain":"meska","specific_customer_id":null,"specific_customer_name":null,"to_order_product":"0","to_order_product_time":"0","product_different":null,"product_different_description":"","vintage":"0","vintage_category_id":"0","recycled":"0","gemstone_id":"0","customizable":"0","type_category":"physical","zerowaste":"0","postage_price":"2390.00","shop_order":"0","has_category":"1","landing_pages":null,"microdata":{"number":83,"category":""},"title":"Disney adventi koszor\u00fa\/ Anna \u00e9s Swen","description":"A sz\u0151rm\u00e9s koszor\u00fa alapra el\u0151sz\u00f6r a h\u00e1rom lila \u00e9s egy r\u00f3zsasz\u00edn gyerty\u00e1t helyeztem el,term\u00e9sekkel,aj\u00e1nd\u00e9k csomagokkal \u00e9s kar\u00e1csonyi g\u00f6mb\u00f6kkel d\u00edsz\u00edtettem ,k\u00f6z\u00e9pre ragasztottam fel a  a j\u00e1t\u00e9k figur\u00e1t \u00e9s a r\u00f3zsasz\u00edn feny\u0151f\u00e1t,elej\u00e9re \"Boldog Kar\u00e1csonyt\"feh\u00e9r t\u00e1bla ker\u00fclt.\nA koszor\u00fa \u00e1tm\u00e9r\u0151je: 25 cm","score":0,"formatted_price":"21 500 Ft","image_url":"https:\/\/www.meska.hu\/img\/product\/small\/m\/a\/marsze_product_397182_231111183509_864236.jpeg","formatted_url":"https:\/\/www.meska.hu\/p5133249-disney-adventi-koszoru-anna-es-swen","favourite":false,"in_stock":true,"avatar":"Marsze_avatar_397182_1604171303.jpg","delete_from":0,"is_enhanced_background":false,"is_enhanced":false,"product_selection_started":false,"is_active":true,"image_webp_url":"https:\/\/www.meska.hu\/img\/product\/small\/m\/a\/marsze_product_397182_231111183509_864236.webp"},{"id":"3150990","shop_id":"26614","user_id":"322886","shop_name":"holdfeny3","shop_zip":"9028","product_code":"4692683","product_name_old":null,"product_name":"Krist\u00e1ly angyalk\u00e1k, gy\u00f6ngy, aj\u00e1nd\u00e9k k\u00eds\u00e9r\u0151, Kar\u00e1csony, T\u00e9lap\u00f3, Mikul\u00e1s, d\u00edsz, \u00f6tlet, aj\u00e1nd\u00e9k,ballag\u00e1s,Any\u00e1k napja,N\u0151nap","category_string":"\u00c9kszer, Nyakl\u00e1nc, Med\u00e1l","technic_string":"\u00c9kszerk\u00e9sz\u00edt\u00e9s, Gy\u00f6ngyf\u0171z\u00e9s, gy\u00f6ngyh\u00edmz\u00e9s","category_1":"327","category_2":"337","category_3":"335","category_4":"0","merged_category_1":null,"merged_category_2":null,"merged_category_3":null,"technic_1":"477","technic_2":"485","technic_3":"0","color_1":"518","color_2":"521","color_3":"522","product_description_old":null,"product_description":"Kar\u00e1csony fel\u00e9 k\u00f6zeledve egyre t\u00f6bbsz\u00f6r tal\u00e1lkozunk az angyalokkal. :)\nAz angyalok term\u00e9szetfeletti, szellemi l\u00e9nyek, melyekr\u0151l els\u0151re a seg\u00edts\u00e9g, v\u00e9delem, szerencse, gy\u00f3gy\u00edt\u00e1s, harc, j\u00f3slat jut esz\u00fcnkbe.\n\nNagyon k\u00fcl\u00f6nleges AB csillog\u00e1s\u00fa csepp  k\u00e9k \u00e9s lila csiszolt gy\u00f6ngy\u00f6ket \u00e9s \u00fcveggy\u00f6ngy\u00f6ket haszn\u00e1ltam, antik ez\u00fcst k\u00f6ztesekkel.\n\nHosszuk 3 cm.\n\nEz\u00fcst sz\u00e1llal k\u00fcld\u00f6m, \u00edgy felteheted t\u00e1sk\u00e1ra, csomag szalagj\u00e1ra, dobozk\u00e1ra, aj\u00e1nd\u00e9kk\u00eds\u00e9r\u0151nek, amulettk\u00e9nt, beteheted Adventi napt\u00e1rba, de adhatod egy szeretett szem\u00e9lynek, akir\u0151l az \"angyali\" sz\u00f3 jut eszedbe. :)\n\nA csomag 3 db angyalk\u00e1t tartalmaz vegyesen, mindegyik sz\u00ednb\u0151l. Halv\u00e1nyk\u00e9k, k\u00f6z\u00e9pk\u00e9k \u00e9s lil\u00e1s sz\u00ednv\u00e1ltozatban.\n\n1 csomag  el\u00e9rhet\u0151.\n\nA k\u00e9k angyal az igazs\u00e1g \u00e9s a p\u00e1rtatlans\u00e1g angyala, tan\u00edt\u00f3, gy\u00f3gy\u00edt\u00f3 \u00e9s h\u00edrhoz\u00f3. \nA lila angyal spiritualit\u00e1st, nemess\u00e9get, kreativit\u00e1st jelent, a f\u00fcggetlens\u00e9g sz\u00edne.\n","price":"1500.00","unit":"cs","recommended":"0","status":"1","sponsored":"0","exp_notify":"0","own_material":"0","own_material_description_old":null,"own_material_description":"","jury":"0","jury_number":"","product_nature":"","meskaracsony":"0","create_date":"2026-03-30 07:08:33","shelve_id":"60438","image":"holdfeny3_product_322886_211110172419_999794.jpeg","image_width":"480","image_height":"376","image_alt":"Krist\u00e1ly angyalk\u00e1k, gy\u00f6ngy, aj\u00e1nd\u00e9k k\u00eds\u00e9r\u0151, Kar\u00e1csony, T\u00e9lap\u00f3, Mikul\u00e1s, d\u00edsz, \u00f6tlet, aj\u00e1nd\u00e9k,ballag\u00e1s,Any\u00e1k napja,N\u0151nap, Kar\u00e1csony fel\u00e9 k\u00f6zeledve egyre t\u00f6bbsz\u00f6r tal\u00e1lkozunk az angyalokkal. :)\\nAz angyalok term\u00e9szetfeletti,..., Meska","image_title":"Krist\u00e1ly angyalk\u00e1k, gy\u00f6ngy, aj\u00e1nd\u00e9k k\u00eds\u00e9r\u0151, Kar\u00e1csony, T\u00e9lap\u00f3, Mikul\u00e1s, d\u00edsz, \u00f6tlet, aj\u00e1nd\u00e9k,ballag\u00e1s,Any\u00e1k napja,N\u0151nap, Meska","view_count":"1073","favourite_count":"0","trending_score":"0","last2MonthFavouriteCount":"0","promotion":"0","giftcard_accept":"1","creditcard_accept":false,"enhanced_background":"0","domain":"meska","specific_customer_id":null,"specific_customer_name":null,"to_order_product":"0","to_order_product_time":"0","product_different":null,"product_different_description":"","vintage":"0","vintage_category_id":"0","recycled":"0","gemstone_id":"0","customizable":"0","type_category":"physical","zerowaste":"0","postage_price":"2390.00","shop_order":"1","has_category":"1","landing_pages":null,"microdata":{"number":84,"category":""},"title":"Krist\u00e1ly angyalk\u00e1k, gy\u00f6ngy, aj\u00e1nd\u00e9k k\u00eds\u00e9r\u0151, Kar\u00e1csony, T\u00e9lap\u00f3, Mikul\u00e1s, d\u00edsz, \u00f6tlet, aj\u00e1nd\u00e9k,ballag\u00e1s,Any\u00e1k napja,N\u0151nap","description":"Kar\u00e1csony fel\u00e9 k\u00f6zeledve egyre t\u00f6bbsz\u00f6r tal\u00e1lkozunk az angyalokkal. :)\nAz angyalok term\u00e9szetfeletti, szellemi l\u00e9nyek, melyekr\u0151l els\u0151re a seg\u00edts\u00e9g, v\u00e9delem, szerencse, gy\u00f3gy\u00edt\u00e1s, harc, j\u00f3slat jut esz\u00fcnkbe.\n\nNagyon k\u00fcl\u00f6nleges AB csillog\u00e1s\u00fa csepp  k\u00e9k \u00e9s lila csiszolt gy\u00f6ngy\u00f6ket \u00e9s \u00fcveggy\u00f6ngy\u00f6ket haszn\u00e1ltam, antik ez\u00fcst k\u00f6ztesekkel.\n\nHosszuk 3 cm.\n\nEz\u00fcst sz\u00e1llal k\u00fcld\u00f6m, \u00edgy felteheted t\u00e1sk\u00e1ra, csomag szalagj\u00e1ra, dobozk\u00e1ra, aj\u00e1nd\u00e9kk\u00eds\u00e9r\u0151nek, amulettk\u00e9nt, beteheted Adventi napt\u00e1rba, de adhatod egy szeretett szem\u00e9lynek, akir\u0151l az \"angyali\" sz\u00f3 jut eszedbe. :)\n\nA csomag 3 db angyalk\u00e1t tartalmaz vegyesen, mindegyik sz\u00ednb\u0151l. Halv\u00e1nyk\u00e9k, k\u00f6z\u00e9pk\u00e9k \u00e9s lil\u00e1s sz\u00ednv\u00e1ltozatban.\n\n1 csomag  el\u00e9rhet\u0151.\n\nA k\u00e9k angyal az igazs\u00e1g \u00e9s a p\u00e1rtatlans\u00e1g angyala, tan\u00edt\u00f3, gy\u00f3gy\u00edt\u00f3 \u00e9s h\u00edrhoz\u00f3. \nA lila angyal spiritualit\u00e1st, nemess\u00e9get, kreativit\u00e1st jelent, a f\u00fcggetlens\u00e9g sz\u00edne.\n","score":0,"formatted_price":"1 500 Ft","image_url":"https:\/\/www.meska.hu\/img\/product\/small\/h\/o\/holdfeny3_product_322886_211110172419_999794.jpeg","formatted_url":"https:\/\/www.meska.hu\/p4692683-kristaly-angyalkak-gyongy-ajandek-kisero-karacsony-telapo-mikulas-disz-otlet-ajandekballagasanyak-napjanonap","favourite":false,"in_stock":true,"avatar":"322886_avatar_1697972367.jpeg","delete_from":0,"is_enhanced_background":false,"is_enhanced":false,"product_selection_started":false,"is_active":true,"image_webp_url":"https:\/\/www.meska.hu\/img\/product\/small\/h\/o\/holdfeny3_product_322886_211110172419_999794.webp"},{"id":"3473676","shop_id":"29709","user_id":"371419","shop_name":"Hexartdesign","shop_zip":"1183","product_code":"3754763","product_name_old":null,"product_name":"Tekn\u0151s - babaszoba dekor\u00e1ci\u00f3","category_string":"Baba - mama, Babaszoba k\u00e9p, Babaszoba dekor\u00e1ci\u00f3","technic_string":"Fot\u00f3, grafika, rajz, illusztr\u00e1ci\u00f3","category_1":"1430","category_2":"1735","category_3":"1466","category_4":"0","merged_category_1":"0","merged_category_2":"0","merged_category_3":"0","technic_1":"483","technic_2":"0","technic_3":"0","color_1":"521","color_2":"522","color_3":"529","product_description_old":null,"product_description":"Hexart Design - Az okos dekor\u00e1ci\u00f3\nNincs sz\u00fcks\u00e9g keretre \/ Kas\u00edrozott habkarton \/ Egy mozdulattal felrakhat\u00f3 \/ B\u0151v\u00edthet\u0151\n\n* * *\nHa t\u00f6bb dekor\u00e1ci\u00f3t is szeretn\u00e9l, akkor \u00e9rdemes szettet v\u00e1s\u00e1rolnod. Min\u00e9l nagyobb a szett darabsz\u00e1ma, ann\u00e1l olcs\u00f3bb egy dekor\u00e1ci\u00f3 \u00e1ra! Term\u00e9szetesen Te \u00e1ll\u00edthatod \u00f6ssze, hogy milyen \u00e1llatok szerepeljenek a szettekben, a k\u00e9pek csak illusztr\u00e1ci\u00f3k!\n* * *\n\nDekor\u00e1ld gyermeked szob\u00e1j\u00e1t kedves \u00e9s bar\u00e1ts\u00e1gos tengeri \u00e1llatok illusztr\u00e1ci\u00f3j\u00e1val. A V\u00edzivil\u00e1g kollekci\u00f3ban megelevenedik a tenger soksz\u00edn\u0171 \u00e9s csod\u00e1latos \u00e9l\u0151vil\u00e1ga.\n\nTerm\u00e9szetesen v\u00e1s\u00e1rolhatsz egy neked tetsz\u0151 \u00e1llatot is, de min\u00e9l t\u00f6bb hatsz\u00f6glet\u0171 elemet v\u00e1lasztasz, ann\u00e1l l\u00e1tv\u00e1nyosabb dekor\u00e1ci\u00f3kat tudsz majd megval\u00f3s\u00edtani gyermeked szob\u00e1j\u00e1ban. A szett k\u00e9pei csup\u00e1n illusztr\u00e1ci\u00f3k \u00e9s csak a dekor\u00e1ci\u00f3k darab sz\u00e1m\u00e1t jelentik! Term\u00e9szetesen az \u00e1llatokat a v\u00e1s\u00e1rl\u00e1s ut\u00e1n Te adhatod meg. (Hogyan? Vagy meg\u00edrod nekem a v\u00e1s\u00e1rl\u00e1sn\u00e1l a Megjegyz\u00e9s rovatba, vagy ut\u00f3lag majd egyeztet\u00fcnk emailben).\n\nA V\u00edzivil\u00e1g \u00e1llatait \u00e9s a kedvezm\u00e9nyes szetteket ezen a linken tudod megn\u00e9zni:\nhttps:\/\/www.meska.hu\/shop\/Hexartdesign?s=62080&o=legdragabb&p=1\n\nHogy mit takar az okos dekor\u00e1ci\u00f3 \u00e9s mik a legfontosabb el\u0151nyei, m\u00e1s dekor\u00e1ci\u00f3s megold\u00e1ssal szemben:\n- a hatsz\u00f6glet\u0171 m\u00e9hsejt forma lehet\u0151v\u00e9 teszi, hogy szinte v\u00e9gtelen elrendez\u00e9si m\u00f3don dekor\u00e1ljunk a v\u00e1s\u00e1rolt elemekkel\n- egy mozdulattal felrakhat\u00f3 b\u00e1rmilyen fel\u00fcletre (falra, szekr\u00e9nyre, \u00fcvegre stb )\n- nincs sz\u00fcks\u00e9g sz\u00f6gre \u00e9s kalap\u00e1csra a felhelyez\u00e9shez\n- nincsenek tov\u00e1bbi k\u00f6lts\u00e9geid, hiszen nem kell keretet is v\u00e1s\u00e1rolni\n- nyom n\u00e9lk\u00fcl \u00e1thelyezhet\u0151, t\u00f6bbsz\u00f6r is\n- b\u00e1rmikor tov\u00e1bb b\u0151v\u00edthet\u0151 a kollekci\u00f3 t\u00f6bbi darabj\u00e1val\n\nA k\u00e9pen l\u00e1that\u00f3 kieg\u00e9sz\u00edt\u0151 dekor\u00e1ci\u00f3s k\u00f6rnyezet csak illusztr\u00e1ci\u00f3, ami nem k\u00e9pezi a term\u00e9k r\u00e9sz\u00e9t. A m\u00e9retar\u00e1ny nem felt\u00e9tlen\u00fcl felel meg a val\u00f3s\u00e1gnak. A dekor\u00e1ci\u00f3 pontos m\u00e9ret \u00e9s fel\u00fclet opci\u00f3it az al\u00e1bbi term\u00e9kle\u00edr\u00e1sban l\u00e1thatod.\n\nTerm\u00e9kle\u00edr\u00e1s:\nMin\u0151s\u00e9gi fot\u00f3pap\u00edrra k\u00e9sz\u00fcl\u0151 nyomat, amely egy 5 mm-es vastag, hatsz\u00f6g form\u00e1j\u00fa feh\u00e9r habkartonra van kas\u00edrozva. R\u00f6gz\u00edt\u00e9se speci\u00e1lis ragaszt\u00e1si technol\u00f3gi\u00e1val t\u00f6rt\u00e9nik, amivel a dekor\u00e1ci\u00f3 nyom n\u00e9lk\u00fcl \u00e1thelyezhet\u0151, ak\u00e1r t\u00f6bbsz\u00f6r is.\nEl\u00e9rhet\u0151 az al\u00e1bbi m\u00e9ret \u00e9s fel\u00fclet opci\u00f3kban (a term\u00e9kk\u00e9pek k\u00f6z\u00f6tt megtal\u00e1lod a Norm\u00e1l \u00e9s Nagy verzi\u00f3 m\u00e9retar\u00e1nyos \u00f6sszehasonl\u00edt\u00f3 k\u00e9pet is). A v\u00e1s\u00e1rl\u00e1sn\u00e1l pedig a M\u00e9ret leg\u00f6rd\u00fcl\u0151 men\u00fcben v\u00e1laszthatod majd ki, a Neked szimpatikus verzi\u00f3t.\n- Norm\u00e1l m\u00e9ret (231x200 mm), matt fel\u00fclettel (alap\u00e1r)\n- Norm\u00e1l m\u00e9ret (231x200 mm), f\u00e9nyes fel\u00fclettel (fel\u00e1ras opci\u00f3)\n- Nagy m\u00e9ret (300x260 mm), f\u00e9nyes fel\u00fclettel (fel\u00e1ras opci\u00f3)\n\nSzerz\u0151i jog:\nA boltomban tal\u00e1lhat\u00f3 \u00f6sszes term\u00e9k a saj\u00e1t alkot\u00e1som \u00e9s szerz\u0151i jog v\u00e9di. Semmilyen form\u00e1ban nem m\u00e1solhat\u00f3, gy\u00e1rthat\u00f3 \u00e9s sokszoros\u00edthat\u00f3.\n\nAz \u00e1r egy darab term\u00e9kre vonatkozik.\n\nHa k\u00edv\u00e1ncsi vagy a t\u00f6bbi term\u00e9kemre, akkor n\u00e9zz k\u00f6r\u00fcl a boltomban. Itt tov\u00e1bbi babaszoba dekor\u00e1ci\u00f3kat, babak\u00e1rty\u00e1kat, baba csillagt\u00e9rk\u00e9peket tal\u00e1lsz. A bal fels\u0151 s\u00e1vban tal\u00e1lhat\u00f3 Polcok a boltban men\u00fcre kattintva v\u00e1logathatsz a kateg\u00f3ri\u00e1k k\u00f6z\u00f6tt.\nhttps:\/\/www.meska.hu\/Shop\/index\/29709","price":"4490.00","unit":"db","recommended":"0","status":"1","sponsored":"0","exp_notify":"0","own_material":"0","own_material_description_old":null,"own_material_description":"","jury":"0","jury_number":"","product_nature":"","meskaracsony":"0","create_date":"2026-03-04 03:42:36","shelve_id":"62080","image":"hexartdesign_product_371419_200611132047_64195.jpeg","image_width":"480","image_height":"480","image_alt":"Tekn\u0151s - babaszoba dekor\u00e1ci\u00f3, Hexart Design - Az okos dekor\u00e1ci\u00f3\\nNincs sz\u00fcks\u00e9g keretre \/ Kas\u00edrozott habkarton \/ Egy mozdulattal fel..., Meska","image_title":"Tekn\u0151s - babaszoba dekor\u00e1ci\u00f3, Meska","view_count":"1055","favourite_count":"0","trending_score":"0","last2MonthFavouriteCount":"0","promotion":0,"giftcard_accept":"1","creditcard_accept":true,"enhanced_background":"0","domain":"meska","specific_customer_id":null,"specific_customer_name":null,"to_order_product":"1","to_order_product_time":"3","product_different":"quite_different","product_different_description":"A sz\u00ednek minim\u00e1lisan elt\u00e9rhetnek a kijelz\u0151n l\u00e1that\u00f3 sz\u00ednekt\u0151l (mobil kijelz\u0151, monitor stb.)\nAz egyedi szem\u00e9lyre szabott dekor\u00e1ci\u00f3kn\u00e1l v\u00e1ltozik a sz\u00f6veg.","vintage":"0","vintage_category_id":"0","recycled":"0","gemstone_id":"0","customizable":"0","type_category":"physical","zerowaste":"0","postage_price":"1490.00","shop_order":"0","has_category":"1","landing_pages":null,"microdata":{"number":85,"category":""},"title":"Tekn\u0151s - babaszoba dekor\u00e1ci\u00f3","description":"Hexart Design - Az okos dekor\u00e1ci\u00f3\nNincs sz\u00fcks\u00e9g keretre \/ Kas\u00edrozott habkarton \/ Egy mozdulattal felrakhat\u00f3 \/ B\u0151v\u00edthet\u0151\n\n* * *\nHa t\u00f6bb dekor\u00e1ci\u00f3t is szeretn\u00e9l, akkor \u00e9rdemes szettet v\u00e1s\u00e1rolnod. Min\u00e9l nagyobb a szett darabsz\u00e1ma, ann\u00e1l olcs\u00f3bb egy dekor\u00e1ci\u00f3 \u00e1ra! Term\u00e9szetesen Te \u00e1ll\u00edthatod \u00f6ssze, hogy milyen \u00e1llatok szerepeljenek a szettekben, a k\u00e9pek csak illusztr\u00e1ci\u00f3k!\n* * *\n\nDekor\u00e1ld gyermeked szob\u00e1j\u00e1t kedves \u00e9s bar\u00e1ts\u00e1gos tengeri \u00e1llatok illusztr\u00e1ci\u00f3j\u00e1val. A V\u00edzivil\u00e1g kollekci\u00f3ban megelevenedik a tenger soksz\u00edn\u0171 \u00e9s csod\u00e1latos \u00e9l\u0151vil\u00e1ga.\n\nTerm\u00e9szetesen v\u00e1s\u00e1rolhatsz egy neked tetsz\u0151 \u00e1llatot is, de min\u00e9l t\u00f6bb hatsz\u00f6glet\u0171 elemet v\u00e1lasztasz, ann\u00e1l l\u00e1tv\u00e1nyosabb dekor\u00e1ci\u00f3kat tudsz majd megval\u00f3s\u00edtani gyermeked szob\u00e1j\u00e1ban. A szett k\u00e9pei csup\u00e1n illusztr\u00e1ci\u00f3k \u00e9s csak a dekor\u00e1ci\u00f3k darab sz\u00e1m\u00e1t jelentik! Term\u00e9szetesen az \u00e1llatokat a v\u00e1s\u00e1rl\u00e1s ut\u00e1n Te adhatod meg. (Hogyan? Vagy meg\u00edrod nekem a v\u00e1s\u00e1rl\u00e1sn\u00e1l a Megjegyz\u00e9s rovatba, vagy ut\u00f3lag majd egyeztet\u00fcnk emailben).\n\nA V\u00edzivil\u00e1g \u00e1llatait \u00e9s a kedvezm\u00e9nyes szetteket ezen a linken tudod megn\u00e9zni:\nhttps:\/\/www.meska.hu\/shop\/Hexartdesign?s=62080&o=legdragabb&p=1\n\nHogy mit takar az okos dekor\u00e1ci\u00f3 \u00e9s mik a legfontosabb el\u0151nyei, m\u00e1s dekor\u00e1ci\u00f3s megold\u00e1ssal szemben:\n- a hatsz\u00f6glet\u0171 m\u00e9hsejt forma lehet\u0151v\u00e9 teszi, hogy szinte v\u00e9gtelen elrendez\u00e9si m\u00f3don dekor\u00e1ljunk a v\u00e1s\u00e1rolt elemekkel\n- egy mozdulattal felrakhat\u00f3 b\u00e1rmilyen fel\u00fcletre (falra, szekr\u00e9nyre, \u00fcvegre stb )\n- nincs sz\u00fcks\u00e9g sz\u00f6gre \u00e9s kalap\u00e1csra a felhelyez\u00e9shez\n- nincsenek tov\u00e1bbi k\u00f6lts\u00e9geid, hiszen nem kell keretet is v\u00e1s\u00e1rolni\n- nyom n\u00e9lk\u00fcl \u00e1thelyezhet\u0151, t\u00f6bbsz\u00f6r is\n- b\u00e1rmikor tov\u00e1bb b\u0151v\u00edthet\u0151 a kollekci\u00f3 t\u00f6bbi darabj\u00e1val\n\nA k\u00e9pen l\u00e1that\u00f3 kieg\u00e9sz\u00edt\u0151 dekor\u00e1ci\u00f3s k\u00f6rnyezet csak illusztr\u00e1ci\u00f3, ami nem k\u00e9pezi a term\u00e9k r\u00e9sz\u00e9t. A m\u00e9retar\u00e1ny nem felt\u00e9tlen\u00fcl felel meg a val\u00f3s\u00e1gnak. A dekor\u00e1ci\u00f3 pontos m\u00e9ret \u00e9s fel\u00fclet opci\u00f3it az al\u00e1bbi term\u00e9kle\u00edr\u00e1sban l\u00e1thatod.\n\nTerm\u00e9kle\u00edr\u00e1s:\nMin\u0151s\u00e9gi fot\u00f3pap\u00edrra k\u00e9sz\u00fcl\u0151 nyomat, amely egy 5 mm-es vastag, hatsz\u00f6g form\u00e1j\u00fa feh\u00e9r habkartonra van kas\u00edrozva. R\u00f6gz\u00edt\u00e9se speci\u00e1lis ragaszt\u00e1si technol\u00f3gi\u00e1val t\u00f6rt\u00e9nik, amivel a dekor\u00e1ci\u00f3 nyom n\u00e9lk\u00fcl \u00e1thelyezhet\u0151, ak\u00e1r t\u00f6bbsz\u00f6r is.\nEl\u00e9rhet\u0151 az al\u00e1bbi m\u00e9ret \u00e9s fel\u00fclet opci\u00f3kban (a term\u00e9kk\u00e9pek k\u00f6z\u00f6tt megtal\u00e1lod a Norm\u00e1l \u00e9s Nagy verzi\u00f3 m\u00e9retar\u00e1nyos \u00f6sszehasonl\u00edt\u00f3 k\u00e9pet is). A v\u00e1s\u00e1rl\u00e1sn\u00e1l pedig a M\u00e9ret leg\u00f6rd\u00fcl\u0151 men\u00fcben v\u00e1laszthatod majd ki, a Neked szimpatikus verzi\u00f3t.\n- Norm\u00e1l m\u00e9ret (231x200 mm), matt fel\u00fclettel (alap\u00e1r)\n- Norm\u00e1l m\u00e9ret (231x200 mm), f\u00e9nyes fel\u00fclettel (fel\u00e1ras opci\u00f3)\n- Nagy m\u00e9ret (300x260 mm), f\u00e9nyes fel\u00fclettel (fel\u00e1ras opci\u00f3)\n\nSzerz\u0151i jog:\nA boltomban tal\u00e1lhat\u00f3 \u00f6sszes term\u00e9k a saj\u00e1t alkot\u00e1som \u00e9s szerz\u0151i jog v\u00e9di. Semmilyen form\u00e1ban nem m\u00e1solhat\u00f3, gy\u00e1rthat\u00f3 \u00e9s sokszoros\u00edthat\u00f3.\n\nAz \u00e1r egy darab term\u00e9kre vonatkozik.\n\nHa k\u00edv\u00e1ncsi vagy a t\u00f6bbi term\u00e9kemre, akkor n\u00e9zz k\u00f6r\u00fcl a boltomban. Itt tov\u00e1bbi babaszoba dekor\u00e1ci\u00f3kat, babak\u00e1rty\u00e1kat, baba csillagt\u00e9rk\u00e9peket tal\u00e1lsz. A bal fels\u0151 s\u00e1vban tal\u00e1lhat\u00f3 Polcok a boltban men\u00fcre kattintva v\u00e1logathatsz a kateg\u00f3ri\u00e1k k\u00f6z\u00f6tt.\nhttps:\/\/www.meska.hu\/Shop\/index\/29709","score":0,"formatted_price":"4 490 Ft","image_url":"https:\/\/www.meska.hu\/img\/product\/small\/h\/e\/hexartdesign_product_371419_200611132047_64195.jpeg","formatted_url":"https:\/\/www.meska.hu\/p3754763-teknos-babaszoba-dekoracio","favourite":false,"in_stock":false,"avatar":"Hexartdesign_avatar_371419_1589358772.jpg","delete_from":0,"is_enhanced_background":false,"is_enhanced":false,"product_selection_started":false,"is_active":true,"image_webp_url":"https:\/\/www.meska.hu\/img\/product\/small\/h\/e\/hexartdesign_product_371419_200611132047_64195.webp"},{"id":"4527760","shop_id":"12016","user_id":"66968","shop_name":"barbiebaba","shop_zip":"5940","product_code":"4799419","product_name_old":null,"product_name":"Hegyikrist\u00e1ly angyalka lila","category_string":"Kar\u00e1csony, Mikul\u00e1s, Mikul\u00e1s aj\u00e1nd\u00e9kok","technic_string":"\u00c9kszerk\u00e9sz\u00edt\u00e9s","category_1":"319","category_2":"1009","category_3":"1292","category_4":"0","merged_category_1":null,"merged_category_2":null,"merged_category_3":null,"technic_1":"477","technic_2":"0","technic_3":"0","color_1":"522","color_2":"0","color_3":"0","product_description_old":null,"product_description":"Hegyikrist\u00e1ly angyalka lila\nK\u00e9rhet\u0151 b\u00e1rmilyen felirat a k\u00e1rty\u00e1ra, megjegyz\u00e9sben kell felt\u00fcntetni a k\u00e9rt v\u00e1ltoztat\u00e1sokat!\n\u00c1sv\u00e1nyok:\nHegyikrist\u00e1ly hat\u00e1sa: sejtregener\u00e1l\u00f3, v\u00e9d\u0151, immuner\u0151s\u00edt\u0151, agyi funkci\u00f3k, depresszi\u00f3, idegrendszer, m\u00e9regtelen\u00edt\u0151, anyagcsere, hormonh\u00e1ztart\u00e1s, v\u00e9rcukor, energia\nAch\u00e1t hat\u00e1sai:\u00a0v\u00e9d\u0151, szerencse, nyugtat\u00f3, agyi funkci\u00f3k fejleszt\u00e9se, em\u00e9szt\u00e9s, aura tiszt\u00edt\u00f3","price":"1390.00","unit":"db","recommended":"0","status":"1","sponsored":"0","exp_notify":"0","own_material":"0","own_material_description_old":null,"own_material_description":"","jury":"0","jury_number":"","product_nature":"","meskaracsony":"0","create_date":"2026-01-24 10:19:37","shelve_id":"68010","image":"barbiebaba_product_66968_221009104555_7943.jpeg","image_width":"480","image_height":"641","image_alt":"Hegyikrist\u00e1ly angyalka lila, Hegyikrist\u00e1ly angyalka lila\\nK\u00e9rhet\u0151 b\u00e1rmilyen felirat a k\u00e1rty\u00e1ra, megjegyz\u00e9sben kell felt\u00fcntetni a k..., Meska","image_title":"Hegyikrist\u00e1ly angyalka lila, Meska","view_count":"1037","favourite_count":"0","trending_score":"0","last2MonthFavouriteCount":"0","promotion":"0","giftcard_accept":"1","creditcard_accept":false,"enhanced_background":"0","domain":"meska","specific_customer_id":null,"specific_customer_name":null,"to_order_product":"0","to_order_product_time":"0","product_different":null,"product_different_description":"","vintage":"0","vintage_category_id":"0","recycled":"0","gemstone_id":"0","customizable":"0","type_category":"physical","zerowaste":"0","postage_price":"1300.00","shop_order":"0","has_category":"1","landing_pages":null,"microdata":{"number":86,"category":""},"title":"Hegyikrist\u00e1ly angyalka lila","description":"Hegyikrist\u00e1ly angyalka lila\nK\u00e9rhet\u0151 b\u00e1rmilyen felirat a k\u00e1rty\u00e1ra, megjegyz\u00e9sben kell felt\u00fcntetni a k\u00e9rt v\u00e1ltoztat\u00e1sokat!\n\u00c1sv\u00e1nyok:\nHegyikrist\u00e1ly hat\u00e1sa: sejtregener\u00e1l\u00f3, v\u00e9d\u0151, immuner\u0151s\u00edt\u0151, agyi funkci\u00f3k, depresszi\u00f3, idegrendszer, m\u00e9regtelen\u00edt\u0151, anyagcsere, hormonh\u00e1ztart\u00e1s, v\u00e9rcukor, energia\nAch\u00e1t hat\u00e1sai:\u00a0v\u00e9d\u0151, szerencse, nyugtat\u00f3, agyi funkci\u00f3k fejleszt\u00e9se, em\u00e9szt\u00e9s, aura tiszt\u00edt\u00f3","score":0,"formatted_price":"1 390 Ft","image_url":"https:\/\/www.meska.hu\/img\/product\/small\/b\/a\/barbiebaba_product_66968_221009104555_7943.jpeg","formatted_url":"https:\/\/www.meska.hu\/p4799419-hegyikristaly-angyalka-lila","favourite":false,"in_stock":true,"avatar":"barbiebaba_avatar_66968_1619282311.png","delete_from":0,"is_enhanced_background":false,"is_enhanced":false,"product_selection_started":false,"is_active":true,"image_webp_url":"https:\/\/www.meska.hu\/img\/product\/small\/b\/a\/barbiebaba_product_66968_221009104555_7943.webp"},{"id":"4672611","shop_id":"28989","user_id":"359963","shop_name":"Borska","shop_zip":"8000","product_code":"4878655","product_name_old":null,"product_name":"Met\u00e1l fukszia - rosegold nemesac\u00e9l med\u00e1los nyakl\u00e1nc \u00e9s f\u00fclbeval\u00f3 szett","category_string":"\u00c9kszer, \u00c9kszerszett","technic_string":"\u00c9kszerk\u00e9sz\u00edt\u00e9s","category_1":"327","category_2":"330","category_3":"0","category_4":"0","merged_category_1":null,"merged_category_2":null,"merged_category_3":null,"technic_1":"477","technic_2":"0","technic_3":"0","color_1":"522","color_2":"524","color_3":"0","product_description_old":null,"product_description":"Gy\u00f6ny\u00f6r\u0171 \u00e1rnyalat\u00fa, met\u00e1l fukszia sz\u00edn\u0171 textilb\u0151rb\u0151l \u00e9s rosegold sz\u00edn\u0171 nemesac\u00e9l \u00e9kszeralap felhaszn\u00e1l\u00e1s\u00e1val k\u00e9sz\u00fclt ez a nyakl\u00e1nc \u00e9s f\u00fclbeval\u00f3 szett.\n\nA med\u00e1l \u00e1tm\u00e9r\u0151je 20 mm.\nA l\u00e1nc hossza tetsz\u0151legesen v\u00e1laszthat\u00f3. A l\u00e1nc \u00e9s a szerel\u00e9k anyaga nemesac\u00e9l.\nA f\u00fclbeval\u00f3 bedug\u00f3s kivitel\u0171, \u00e1tm\u00e9r\u0151je 10 mm.\n\nIg\u00e9ny eset\u00e9n gy\u0171r\u0171t \u00e9s kark\u00f6t\u0151t is k\u00e9sz\u00edtek a szetthez, k\u00e9rlek, \u00edrj \u00fczenetet!","price":"7100.00","unit":"db","recommended":"0","status":"1","sponsored":"0","exp_notify":"0","own_material":"0","own_material_description_old":null,"own_material_description":"","jury":"0","jury_number":"","product_nature":"","meskaracsony":"0","create_date":"2026-01-18 12:27:57","shelve_id":"61147","image":"borska_product_359963_230115135733_552361.jpeg","image_width":"480","image_height":"480","image_alt":"Met\u00e1l fukszia - rosegold nemesac\u00e9l med\u00e1los nyakl\u00e1nc \u00e9s f\u00fclbeval\u00f3 szett, Gy\u00f6ny\u00f6r\u0171 \u00e1rnyalat\u00fa, met\u00e1l fukszia sz\u00edn\u0171 textilb\u0151rb\u0151l \u00e9s rosegold sz\u00edn\u0171 nemesac\u00e9l \u00e9kszeralap felhaszn..., Meska","image_title":"Met\u00e1l fukszia - rosegold nemesac\u00e9l med\u00e1los nyakl\u00e1nc \u00e9s f\u00fclbeval\u00f3 szett, Meska","view_count":"1060","favourite_count":"0","trending_score":"0","last2MonthFavouriteCount":"0","promotion":"0","giftcard_accept":"1","creditcard_accept":true,"enhanced_background":"0","domain":"meska","specific_customer_id":null,"specific_customer_name":null,"to_order_product":"0","to_order_product_time":"0","product_different":null,"product_different_description":"","vintage":"0","vintage_category_id":"0","recycled":"0","gemstone_id":"0","customizable":"0","type_category":"physical","zerowaste":"0","postage_price":"1290.00","shop_order":"0","has_category":"1","landing_pages":null,"microdata":{"number":87,"category":""},"title":"Met\u00e1l fukszia - rosegold nemesac\u00e9l med\u00e1los nyakl\u00e1nc \u00e9s f\u00fclbeval\u00f3 szett","description":"Gy\u00f6ny\u00f6r\u0171 \u00e1rnyalat\u00fa, met\u00e1l fukszia sz\u00edn\u0171 textilb\u0151rb\u0151l \u00e9s rosegold sz\u00edn\u0171 nemesac\u00e9l \u00e9kszeralap felhaszn\u00e1l\u00e1s\u00e1val k\u00e9sz\u00fclt ez a nyakl\u00e1nc \u00e9s f\u00fclbeval\u00f3 szett.\n\nA med\u00e1l \u00e1tm\u00e9r\u0151je 20 mm.\nA l\u00e1nc hossza tetsz\u0151legesen v\u00e1laszthat\u00f3. A l\u00e1nc \u00e9s a szerel\u00e9k anyaga nemesac\u00e9l.\nA f\u00fclbeval\u00f3 bedug\u00f3s kivitel\u0171, \u00e1tm\u00e9r\u0151je 10 mm.\n\nIg\u00e9ny eset\u00e9n gy\u0171r\u0171t \u00e9s kark\u00f6t\u0151t is k\u00e9sz\u00edtek a szetthez, k\u00e9rlek, \u00edrj \u00fczenetet!","score":0,"formatted_price":"7 100 Ft","image_url":"https:\/\/www.meska.hu\/img\/product\/small\/b\/o\/borska_product_359963_230115135733_552361.jpeg","formatted_url":"https:\/\/www.meska.hu\/p4878655-metal-fukszia-rosegold-nemesacel-medalos-nyaklanc-es-fulbevalo-szett","favourite":false,"in_stock":true,"avatar":"Borska_avatar_359963_1580121757.jpg","delete_from":0,"is_enhanced_background":false,"is_enhanced":false,"product_selection_started":false,"is_active":true,"image_webp_url":"https:\/\/www.meska.hu\/img\/product\/small\/b\/o\/borska_product_359963_230115135733_552361.webp"},{"id":"4166545","shop_id":"19751","user_id":"192651","shop_name":"CristalloDesign","shop_zip":"2483","product_code":"3089163","product_name_old":null,"product_name":"Kar\u00e1csonyi aj\u00e1nd\u00e9kutalv\u00e1ny, fodr\u00e1sz, kozmetikus, massz\u0151r, m\u0171k\u00f6rm\u00f6s, pedik\u0171r\u00f6s","category_string":"Kar\u00e1csony, Kar\u00e1csonyi aj\u00e1nd\u00e9koz\u00e1s, Kar\u00e1csonyi k\u00e9peslap, \u00fcdv\u00f6zl\u0151lap, aj\u00e1nd\u00e9kk\u00eds\u00e9r\u0151","technic_string":"Fot\u00f3, grafika, rajz, illusztr\u00e1ci\u00f3, Pap\u00edrm\u0171v\u00e9szet","category_1":"319","category_2":"1296","category_3":"1008","category_4":"0","merged_category_1":null,"merged_category_2":null,"merged_category_3":null,"technic_1":"483","technic_2":"497","technic_3":"0","color_1":"514","color_2":"522","color_3":"523","product_description_old":null,"product_description":"Az els\u0151 benyom\u00e1s sz\u00e1m\u00edt, lepd meg v\u00e1s\u00e1rl\u00f3idat ezzel a trendi skandin\u00e1v st\u00edlus\u00fa kar\u00e1csonyi, \u00fcnnepi aj\u00e1nd\u00e9kutalv\u00e1ny k\u00e1rty\u00e1val. A k\u00e1rtya 2 oldalt sz\u00ednesen nyomtatott, melyre a log\u00f3d, v\u00e1llalkoz\u00e1sod adatai, szolg\u00e1ltat\u00e1s \u00e9rt\u00e9ke ker\u00fclnek. Az utalv\u00e1ny egyedi, szem\u00e9lyre szabott, \u00edgy m\u00f3dos\u00edthatod a rajta l\u00e9v\u0151 inform\u00e1ci\u00f3kat. \n\n\u2022 m\u00e9ret   10,5 x 14,8 cm\n\u2022 pap\u00edr   250 g matt pr\u00e9mium min\u0151s\u00e9g\u0171\n\nNincs minimum rendel\u00e9s, de 10 db alatti rendel\u00e9s eset\u00e9n 3000 Ft-os szerkeszt\u00e9si d\u00edjat sz\u00e1molok, melyet az al\u00e1bbi linken tudsz hozz\u00e1adni a kos\u00e1rhoz.\nhttps:\/\/www.meska.hu\/p4740184-szerkesztesi-dij\n\n10 db felett NINCS szerkeszt\u00e9si d\u00edj! \n\nV\u00c1S\u00c1RL\u00c1S MENETE:\n\nA k\u00e9peken l\u00e1that\u00f3 minden egy\u00e9b dekor\u00e1ci\u00f3 csak illusztr\u00e1ci\u00f3, nem k\u00e9pezi a term\u00e9k r\u00e9sz\u00e9t.\n\n1. Tedd a megfelel\u0151 darabsz\u00e1mot a kosaradba, \u00e9s a v\u00e1s\u00e1rl\u00e1s ut\u00e1n k\u00fcldd el a r\u00e1\u00edrand\u00f3 sz\u00f6vegeket (esetleges egy\u00e9b k\u00e9r\u00e9seket) a megadott e-mail c\u00edmre. Erre a v\u00e1s\u00e1rl\u00e1s lead\u00e1sakor is van lehet\u0151s\u00e9ged a Kos\u00e1r oldalon. \n2. Amennyiben sz\u00fcks\u00e9ged van hozz\u00e1 kieg\u00e9sz\u00edt\u0151kre (pl. bor\u00edt\u00e9k, pecs\u00e9t), v\u00e1laszd ki a leg\u00f6rd\u00fcl\u0151 men\u00fckben\n3. Hamarosan, 1-2 napon bel\u00fcl e-mailben megkapod a l\u00e1tv\u00e1nytervet az \u00e1ltalad k\u00fcld\u00f6tt sz\u00f6veggel (ha sz\u00fcks\u00e9ges, m\u00f3dos\u00edtani 2x van lehet\u0151s\u00e9ged).\n4. Amint v\u00e9gleges, \u00e1ltalad j\u00f3v\u00e1hagyott a terv, \u00e9s az \u00f6sszeg be\u00e9rkezett a banksz\u00e1ml\u00e1ra, akkor ker\u00fcl nyomd\u00e1ba a megrendelt term\u00e9k. Csak abban az esetben kezd\u0151dik meg a megh\u00edv\u00f3k gy\u00e1rt\u00e1sa, ha a teljes \u00f6sszeg be\u00e9rkezett a banksz\u00e1ml\u00e1ra.\n\nFONTOS!\n\n1. Az \u00e1r a k\u00e9pen l\u00e1that\u00f3 grafik\u00e1ra vonatkozik, szem\u00e9lyre szabott sz\u00f6veggel.\n2. Rendel\u00e9s lead\u00e1s ut\u00e1n e-mailben t\u00f6rt\u00e9nik a kommunik\u00e1ci\u00f3. \n3. Az \u00e1r a l\u00e1tv\u00e1nyterven 2 db sz\u00f6vegbeli m\u00f3dos\u00edt\u00e1st (el\u00edr\u00e1sok jav\u00edt\u00e1sa) tartalmaz, mely szint\u00e9n e-mailes \u00fczenetv\u00e1lt\u00e1sban t\u00f6rt\u00e9nik. K\u00e9rlek, hogy mindig alaposan olvasd \u00e9s n\u00e9zd \u00e1t a tervet!\n4. A l\u00e1tv\u00e1nyterv v\u00e9gleges j\u00f3v\u00e1hagy\u00e1sa \u00e9s a kifizet\u00e9s ut\u00e1n ker\u00fcl nyomd\u00e1ba az \u00e1ltalad megrendelt term\u00e9k. \u00c1tlagosan 5-7 munkanappal kell sz\u00e1molnod a term\u00e9k k\u00e9zhezv\u00e9tel\u00e9re. (kivitelez\u00e9s + sz\u00e1ll\u00edt\u00e1si id\u0151)\n5. Egyedi kivitelez\u00e9sre, a k\u00e9pen l\u00e1that\u00f3 tervt\u0151l elt\u00e9r\u0151 grafik\u00e1ra van lehet\u0151s\u00e9ged, el\u0151zetes egyeztet\u00e9s ut\u00e1n.\n\nSZERZ\u0150I JOG:\n\nFelh\u00edvom figyelmedet, hogy a term\u00e9keken tal\u00e1lhat\u00f3 grafika, valamint a hozz\u00e1 tartoz\u00f3 k\u00e9pek szerz\u0151i jogv\u00e9delem alatt \u00e1llnak \u00e9s a szerz\u0151i jog ide vonatkoz\u00f3 r\u00e9szei v\u00e9dik. A term\u00e9k megv\u00e1s\u00e1rl\u00e1s\u00e1val a grafika tulajdonjoga nem ker\u00fcl \u00e1t a v\u00e1s\u00e1rl\u00f3ra, az tov\u00e1bbra is az alkot\u00f3 tulajdon\u00e1t k\u00e9pezi, ez\u00e9rt az alkot\u00f3 tudt\u00e1n k\u00edv\u00fcl b\u00e1rmilyen felhaszn\u00e1l\u00e1sa \u00e9s sokszoros\u00edt\u00e1sa TILOS.","price":"890.00","unit":"db","recommended":"0","status":"1","sponsored":"0","exp_notify":"0","own_material":"0","own_material_description_old":null,"own_material_description":"","jury":"0","jury_number":"","product_nature":"","meskaracsony":"0","create_date":"2026-02-06 13:10:34","shelve_id":"48089","image":"cristallodesign_product_192651_251106112041_688281.jpeg","image_width":"480","image_height":"407","image_alt":"Kar\u00e1csonyi aj\u00e1nd\u00e9kutalv\u00e1ny, fodr\u00e1sz, kozmetikus, massz\u0151r, m\u0171k\u00f6rm\u00f6s, pedik\u0171r\u00f6s, Az els\u0151 benyom\u00e1s sz\u00e1m\u00edt, lepd meg v\u00e1s\u00e1rl\u00f3idat ezzel a trendi skandin\u00e1v st\u00edlus\u00fa kar\u00e1csonyi, \u00fcnnepi aj..., Meska","image_title":"Kar\u00e1csonyi aj\u00e1nd\u00e9kutalv\u00e1ny, fodr\u00e1sz, kozmetikus, massz\u0151r, m\u0171k\u00f6rm\u00f6s, pedik\u0171r\u00f6s, Meska","view_count":"1027","favourite_count":"0","trending_score":"0","last2MonthFavouriteCount":"0","promotion":"0","giftcard_accept":"1","creditcard_accept":true,"enhanced_background":"0","domain":"meska","specific_customer_id":null,"specific_customer_name":null,"to_order_product":"1","to_order_product_time":"4","product_different":null,"product_different_description":"","vintage":"0","vintage_category_id":"0","recycled":"0","gemstone_id":"0","customizable":"1","type_category":"physical","zerowaste":"0","postage_price":"1290.00","shop_order":"658","has_category":"1","landing_pages":null,"microdata":{"number":88,"category":""},"title":"Kar\u00e1csonyi aj\u00e1nd\u00e9kutalv\u00e1ny, fodr\u00e1sz, kozmetikus, massz\u0151r, m\u0171k\u00f6rm\u00f6s, pedik\u0171r\u00f6s","description":"Az els\u0151 benyom\u00e1s sz\u00e1m\u00edt, lepd meg v\u00e1s\u00e1rl\u00f3idat ezzel a trendi skandin\u00e1v st\u00edlus\u00fa kar\u00e1csonyi, \u00fcnnepi aj\u00e1nd\u00e9kutalv\u00e1ny k\u00e1rty\u00e1val. A k\u00e1rtya 2 oldalt sz\u00ednesen nyomtatott, melyre a log\u00f3d, v\u00e1llalkoz\u00e1sod adatai, szolg\u00e1ltat\u00e1s \u00e9rt\u00e9ke ker\u00fclnek. Az utalv\u00e1ny egyedi, szem\u00e9lyre szabott, \u00edgy m\u00f3dos\u00edthatod a rajta l\u00e9v\u0151 inform\u00e1ci\u00f3kat. \n\n\u2022 m\u00e9ret   10,5 x 14,8 cm\n\u2022 pap\u00edr   250 g matt pr\u00e9mium min\u0151s\u00e9g\u0171\n\nNincs minimum rendel\u00e9s, de 10 db alatti rendel\u00e9s eset\u00e9n 3000 Ft-os szerkeszt\u00e9si d\u00edjat sz\u00e1molok, melyet az al\u00e1bbi linken tudsz hozz\u00e1adni a kos\u00e1rhoz.\nhttps:\/\/www.meska.hu\/p4740184-szerkesztesi-dij\n\n10 db felett NINCS szerkeszt\u00e9si d\u00edj! \n\nV\u00c1S\u00c1RL\u00c1S MENETE:\n\nA k\u00e9peken l\u00e1that\u00f3 minden egy\u00e9b dekor\u00e1ci\u00f3 csak illusztr\u00e1ci\u00f3, nem k\u00e9pezi a term\u00e9k r\u00e9sz\u00e9t.\n\n1. Tedd a megfelel\u0151 darabsz\u00e1mot a kosaradba, \u00e9s a v\u00e1s\u00e1rl\u00e1s ut\u00e1n k\u00fcldd el a r\u00e1\u00edrand\u00f3 sz\u00f6vegeket (esetleges egy\u00e9b k\u00e9r\u00e9seket) a megadott e-mail c\u00edmre. Erre a v\u00e1s\u00e1rl\u00e1s lead\u00e1sakor is van lehet\u0151s\u00e9ged a Kos\u00e1r oldalon. \n2. Amennyiben sz\u00fcks\u00e9ged van hozz\u00e1 kieg\u00e9sz\u00edt\u0151kre (pl. bor\u00edt\u00e9k, pecs\u00e9t), v\u00e1laszd ki a leg\u00f6rd\u00fcl\u0151 men\u00fckben\n3. Hamarosan, 1-2 napon bel\u00fcl e-mailben megkapod a l\u00e1tv\u00e1nytervet az \u00e1ltalad k\u00fcld\u00f6tt sz\u00f6veggel (ha sz\u00fcks\u00e9ges, m\u00f3dos\u00edtani 2x van lehet\u0151s\u00e9ged).\n4. Amint v\u00e9gleges, \u00e1ltalad j\u00f3v\u00e1hagyott a terv, \u00e9s az \u00f6sszeg be\u00e9rkezett a banksz\u00e1ml\u00e1ra, akkor ker\u00fcl nyomd\u00e1ba a megrendelt term\u00e9k. Csak abban az esetben kezd\u0151dik meg a megh\u00edv\u00f3k gy\u00e1rt\u00e1sa, ha a teljes \u00f6sszeg be\u00e9rkezett a banksz\u00e1ml\u00e1ra.\n\nFONTOS!\n\n1. Az \u00e1r a k\u00e9pen l\u00e1that\u00f3 grafik\u00e1ra vonatkozik, szem\u00e9lyre szabott sz\u00f6veggel.\n2. Rendel\u00e9s lead\u00e1s ut\u00e1n e-mailben t\u00f6rt\u00e9nik a kommunik\u00e1ci\u00f3. \n3. Az \u00e1r a l\u00e1tv\u00e1nyterven 2 db sz\u00f6vegbeli m\u00f3dos\u00edt\u00e1st (el\u00edr\u00e1sok jav\u00edt\u00e1sa) tartalmaz, mely szint\u00e9n e-mailes \u00fczenetv\u00e1lt\u00e1sban t\u00f6rt\u00e9nik. K\u00e9rlek, hogy mindig alaposan olvasd \u00e9s n\u00e9zd \u00e1t a tervet!\n4. A l\u00e1tv\u00e1nyterv v\u00e9gleges j\u00f3v\u00e1hagy\u00e1sa \u00e9s a kifizet\u00e9s ut\u00e1n ker\u00fcl nyomd\u00e1ba az \u00e1ltalad megrendelt term\u00e9k. \u00c1tlagosan 5-7 munkanappal kell sz\u00e1molnod a term\u00e9k k\u00e9zhezv\u00e9tel\u00e9re. (kivitelez\u00e9s + sz\u00e1ll\u00edt\u00e1si id\u0151)\n5. Egyedi kivitelez\u00e9sre, a k\u00e9pen l\u00e1that\u00f3 tervt\u0151l elt\u00e9r\u0151 grafik\u00e1ra van lehet\u0151s\u00e9ged, el\u0151zetes egyeztet\u00e9s ut\u00e1n.\n\nSZERZ\u0150I JOG:\n\nFelh\u00edvom figyelmedet, hogy a term\u00e9keken tal\u00e1lhat\u00f3 grafika, valamint a hozz\u00e1 tartoz\u00f3 k\u00e9pek szerz\u0151i jogv\u00e9delem alatt \u00e1llnak \u00e9s a szerz\u0151i jog ide vonatkoz\u00f3 r\u00e9szei v\u00e9dik. A term\u00e9k megv\u00e1s\u00e1rl\u00e1s\u00e1val a grafika tulajdonjoga nem ker\u00fcl \u00e1t a v\u00e1s\u00e1rl\u00f3ra, az tov\u00e1bbra is az alkot\u00f3 tulajdon\u00e1t k\u00e9pezi, ez\u00e9rt az alkot\u00f3 tudt\u00e1n k\u00edv\u00fcl b\u00e1rmilyen felhaszn\u00e1l\u00e1sa \u00e9s sokszoros\u00edt\u00e1sa TILOS.","score":0,"formatted_price":"890 Ft","image_url":"https:\/\/www.meska.hu\/img\/product\/small\/c\/r\/cristallodesign_product_192651_251106112041_688281.jpeg","formatted_url":"https:\/\/www.meska.hu\/p3089163-karacsonyi-ajandekkisero-kartya-ajandekatado-cimke-4-db","favourite":false,"in_stock":false,"avatar":"192651_avatar_1694586040.jpeg","delete_from":0,"is_enhanced_background":false,"is_enhanced":false,"product_selection_started":false,"is_active":true,"image_webp_url":"https:\/\/www.meska.hu\/img\/product\/small\/c\/r\/cristallodesign_product_192651_251106112041_688281.webp"},{"id":"3129495","shop_id":"28989","user_id":"359963","shop_name":"Borska","shop_zip":"8000","product_code":"4685201","product_name_old":null,"product_name":"S\u00f6t\u00e9t lila sz\u00f6gletes textilb\u0151r gy\u0171r\u0171","category_string":"\u00c9kszer, Gy\u0171r\u0171, Statement gy\u0171r\u0171","technic_string":"\u00c9kszerk\u00e9sz\u00edt\u00e9s","category_1":"327","category_2":"332","category_3":"1224","category_4":"0","merged_category_1":null,"merged_category_2":null,"merged_category_3":null,"technic_1":"477","technic_2":"0","technic_3":"0","color_1":"518","color_2":"522","color_3":"0","product_description_old":null,"product_description":"Matt, s\u00f6t\u00e9t lila \u00e1rnyalat\u00fa textilb\u0151r anyag felhaszn\u00e1l\u00e1s\u00e1val k\u00e9sz\u00fclt ez a sz\u00f6gletes, modern gy\u0171r\u0171.\nA gy\u0171r\u0171 alapja nikkelmentes f\u00e9m, a m\u00e9rete \u00e1ll\u00edthat\u00f3, \u00edgy b\u00e1rmilyen m\u00e9ret\u0171 ujjon hordhat\u00f3. \nA gy\u0171r\u0171 m\u00e9rete: 10 x 25 mm.\n\nIg\u00e9ny eset\u00e9n f\u00fclbeval\u00f3t \u00e9s nyakl\u00e1ncot is k\u00e9sz\u00edtek hozz\u00e1, k\u00e9rlek, \u00edrj \u00fczenetet!","price":"3800.00","unit":"db","recommended":"0","status":"1","sponsored":"0","exp_notify":"0","own_material":"0","own_material_description_old":null,"own_material_description":"","jury":"0","jury_number":"","product_nature":"","meskaracsony":"0","create_date":"2026-02-24 10:17:26","shelve_id":"63424","image":"borska_product_359963_211027185003_138229.jpeg","image_width":"480","image_height":"480","image_alt":"S\u00f6t\u00e9t lila sz\u00f6gletes textilb\u0151r gy\u0171r\u0171, Matt, s\u00f6t\u00e9t lila \u00e1rnyalat\u00fa textilb\u0151r anyag felhaszn\u00e1l\u00e1s\u00e1val k\u00e9sz\u00fclt ez a sz\u00f6gletes, modern gy\u0171r\u0171.\\nA ..., Meska","image_title":"S\u00f6t\u00e9t lila sz\u00f6gletes textilb\u0151r gy\u0171r\u0171, Meska","view_count":"1061","favourite_count":"0","trending_score":"0","last2MonthFavouriteCount":"0","promotion":"0","giftcard_accept":"1","creditcard_accept":true,"enhanced_background":"0","domain":"meska","specific_customer_id":null,"specific_customer_name":null,"to_order_product":"0","to_order_product_time":"0","product_different":null,"product_different_description":"","vintage":"0","vintage_category_id":"0","recycled":"0","gemstone_id":"0","customizable":"0","type_category":"physical","zerowaste":"0","postage_price":"1290.00","shop_order":"0","has_category":"1","landing_pages":null,"microdata":{"number":89,"category":""},"title":"S\u00f6t\u00e9t lila sz\u00f6gletes textilb\u0151r gy\u0171r\u0171","description":"Matt, s\u00f6t\u00e9t lila \u00e1rnyalat\u00fa textilb\u0151r anyag felhaszn\u00e1l\u00e1s\u00e1val k\u00e9sz\u00fclt ez a sz\u00f6gletes, modern gy\u0171r\u0171.\nA gy\u0171r\u0171 alapja nikkelmentes f\u00e9m, a m\u00e9rete \u00e1ll\u00edthat\u00f3, \u00edgy b\u00e1rmilyen m\u00e9ret\u0171 ujjon hordhat\u00f3. \nA gy\u0171r\u0171 m\u00e9rete: 10 x 25 mm.\n\nIg\u00e9ny eset\u00e9n f\u00fclbeval\u00f3t \u00e9s nyakl\u00e1ncot is k\u00e9sz\u00edtek hozz\u00e1, k\u00e9rlek, \u00edrj \u00fczenetet!","score":0,"formatted_price":"3 800 Ft","image_url":"https:\/\/www.meska.hu\/img\/product\/small\/b\/o\/borska_product_359963_211027185003_138229.jpeg","formatted_url":"https:\/\/www.meska.hu\/p4685201-sotet-lila-szogletes-textilbor-gyuru","favourite":false,"in_stock":true,"avatar":"Borska_avatar_359963_1580121757.jpg","delete_from":0,"is_enhanced_background":false,"is_enhanced":false,"product_selection_started":false,"is_active":true,"image_webp_url":"https:\/\/www.meska.hu\/img\/product\/small\/b\/o\/borska_product_359963_211027185003_138229.webp"},{"id":"4570729","shop_id":"28989","user_id":"359963","shop_name":"Borska","shop_zip":"8000","product_code":"4827873","product_name_old":null,"product_name":"Ibolya lila - ez\u00fcst nemesac\u00e9l med\u00e1los nyakl\u00e1nc \u00e9s f\u00fclbeval\u00f3 szett","category_string":"\u00c9kszer, \u00c9kszerszett","technic_string":"\u00c9kszerk\u00e9sz\u00edt\u00e9s","category_1":"327","category_2":"330","category_3":"0","category_4":"0","merged_category_1":null,"merged_category_2":null,"merged_category_3":null,"technic_1":"477","technic_2":"0","technic_3":"0","color_1":"518","color_2":"522","color_3":"0","product_description_old":null,"product_description":"Gy\u00f6ny\u00f6r\u0171 \u00e1rnyalat\u00fa, vil\u00e1gos lila sz\u00edn\u0171 textilb\u0151rb\u0151l \u00e9s ez\u00fcst sz\u00edn\u0171 nemesac\u00e9l \u00e9kszeralap felhaszn\u00e1l\u00e1s\u00e1val k\u00e9sz\u00fclt ez a nyakl\u00e1nc \u00e9s f\u00fclbeval\u00f3 szett.\n\nA med\u00e1l \u00e1tm\u00e9r\u0151je 20 mm.\nA l\u00e1nc hossza tetsz\u0151legesen v\u00e1laszthat\u00f3. A l\u00e1nc \u00e9s a szerel\u00e9k anyaga nemesac\u00e9l.\nA f\u00fclbeval\u00f3 bedug\u00f3s kivitel\u0171, \u00e1tm\u00e9r\u0151je 10 mm.\n\nIg\u00e9ny eset\u00e9n gy\u0171r\u0171t \u00e9s kark\u00f6t\u0151t is k\u00e9sz\u00edtek a szetthez, k\u00e9rlek, \u00edrj \u00fczenetet!","price":"7100.00","unit":"db","recommended":"0","status":"1","sponsored":"0","exp_notify":"0","own_material":"0","own_material_description_old":null,"own_material_description":"","jury":"0","jury_number":"","product_nature":"","meskaracsony":"0","create_date":"2026-01-18 12:20:24","shelve_id":"61147","image":"borska_product_359963_221108183800_546892.jpeg","image_width":"480","image_height":"480","image_alt":"Ibolya lila - ez\u00fcst nemesac\u00e9l med\u00e1los nyakl\u00e1nc \u00e9s f\u00fclbeval\u00f3 szett, Gy\u00f6ny\u00f6r\u0171 \u00e1rnyalat\u00fa, vil\u00e1gos lila sz\u00edn\u0171 textilb\u0151rb\u0151l \u00e9s ez\u00fcst sz\u00edn\u0171 nemesac\u00e9l \u00e9kszeralap felhaszn\u00e1l\u00e1s..., Meska","image_title":"Ibolya lila - ez\u00fcst nemesac\u00e9l med\u00e1los nyakl\u00e1nc \u00e9s f\u00fclbeval\u00f3 szett, Meska","view_count":"1066","favourite_count":"0","trending_score":"0","last2MonthFavouriteCount":"0","promotion":"0","giftcard_accept":"1","creditcard_accept":true,"enhanced_background":"0","domain":"meska","specific_customer_id":null,"specific_customer_name":null,"to_order_product":"0","to_order_product_time":"0","product_different":null,"product_different_description":"","vintage":"0","vintage_category_id":"0","recycled":"0","gemstone_id":"0","customizable":"0","type_category":"physical","zerowaste":"0","postage_price":"1290.00","shop_order":"0","has_category":"1","landing_pages":null,"microdata":{"number":90,"category":""},"title":"Ibolya lila - ez\u00fcst nemesac\u00e9l med\u00e1los nyakl\u00e1nc \u00e9s f\u00fclbeval\u00f3 szett","description":"Gy\u00f6ny\u00f6r\u0171 \u00e1rnyalat\u00fa, vil\u00e1gos lila sz\u00edn\u0171 textilb\u0151rb\u0151l \u00e9s ez\u00fcst sz\u00edn\u0171 nemesac\u00e9l \u00e9kszeralap felhaszn\u00e1l\u00e1s\u00e1val k\u00e9sz\u00fclt ez a nyakl\u00e1nc \u00e9s f\u00fclbeval\u00f3 szett.\n\nA med\u00e1l \u00e1tm\u00e9r\u0151je 20 mm.\nA l\u00e1nc hossza tetsz\u0151legesen v\u00e1laszthat\u00f3. A l\u00e1nc \u00e9s a szerel\u00e9k anyaga nemesac\u00e9l.\nA f\u00fclbeval\u00f3 bedug\u00f3s kivitel\u0171, \u00e1tm\u00e9r\u0151je 10 mm.\n\nIg\u00e9ny eset\u00e9n gy\u0171r\u0171t \u00e9s kark\u00f6t\u0151t is k\u00e9sz\u00edtek a szetthez, k\u00e9rlek, \u00edrj \u00fczenetet!","score":0,"formatted_price":"7 100 Ft","image_url":"https:\/\/www.meska.hu\/img\/product\/small\/b\/o\/borska_product_359963_221108183800_546892.jpeg","formatted_url":"https:\/\/www.meska.hu\/p4827873-ibolya-lila-ezust-nemesacel-medalos-nyaklanc-es-fulbevalo-szett","favourite":false,"in_stock":true,"avatar":"Borska_avatar_359963_1580121757.jpg","delete_from":0,"is_enhanced_background":false,"is_enhanced":false,"product_selection_started":false,"is_active":true,"image_webp_url":"https:\/\/www.meska.hu\/img\/product\/small\/b\/o\/borska_product_359963_221108183800_546892.webp"},{"id":"4584049","shop_id":"33562","user_id":"433011","shop_name":"Aprocska","shop_zip":"5310","product_code":"4834737","product_name_old":null,"product_name":"Poh\u00e1ral\u00e1t\u00e9t szett - \"M\u00e1lyva\"","category_string":"Otthon & \u00c9letm\u00f3d, Konyhafelszerel\u00e9s, t\u00e1lal\u00e1s, T\u00e1lal\u00e1s, T\u00e1ny\u00e9r- \u00e9s poh\u00e1ral\u00e1t\u00e9t","technic_string":"Horgol\u00e1s","category_1":"813","category_2":"393","category_3":"1419","category_4":"980","merged_category_1":null,"merged_category_2":null,"merged_category_3":null,"technic_1":"488","technic_2":"0","technic_3":"0","color_1":"522","color_2":"0","color_3":"0","product_description_old":null,"product_description":"Sz\u00edv alak\u00fa poh\u00e1ral\u00e1t\u00e9t.\nA szett 6 db-os\nM\u00e9retei: 8*7,5 cm\nLangyos v\u00edzben, k\u00e9zzel moshat\u00f3, ruh\u00e1n kereszt\u00fcl form\u00e1ra igaz\u00edtva vasalhat\u00f3.\nK\u00e9r\u00e9sre m\u00e1s sz\u00ednben is elk\u00e9sz\u00edtem.\n\nK\u00e9rd\u00e9seddel, k\u00e9r\u00e9seddel keress b\u00e1tran.\nN\u00e9zz sz\u00e9t tov\u00e1bbi \u00f6tletek\u00e9rt boltomban.","price":"2990.00","unit":"garn","recommended":"0","status":"1","sponsored":"0","exp_notify":"0","own_material":"0","own_material_description_old":null,"own_material_description":"","jury":"0","jury_number":"","product_nature":"","meskaracsony":"0","create_date":"2026-03-14 01:57:17","shelve_id":"68950","image":"aprocska_product_433011_240914143243_38375.png","image_width":"480","image_height":"480","image_alt":"Poh\u00e1ral\u00e1t\u00e9t szett - \\\"M\u00e1lyva\\\", Sz\u00edv alak\u00fa poh\u00e1ral\u00e1t\u00e9t.\\nA szett 6 db-os\\nM\u00e9retei: 8*7,5 cm\\nLangyos v\u00edzben, k\u00e9zzel moshat\u00f3, ruh\u00e1n kere..., Meska","image_title":"Poh\u00e1ral\u00e1t\u00e9t szett - \\\"M\u00e1lyva\\\", Meska","view_count":"1009","favourite_count":"0","trending_score":"0","last2MonthFavouriteCount":"0","promotion":"0","giftcard_accept":"0","creditcard_accept":false,"enhanced_background":"0","domain":"meska","specific_customer_id":null,"specific_customer_name":null,"to_order_product":"0","to_order_product_time":"0","product_different":null,"product_different_description":"","vintage":"0","vintage_category_id":"0","recycled":"0","gemstone_id":"0","customizable":"0","type_category":"physical","zerowaste":"0","postage_price":"1290.00","shop_order":"30","has_category":"1","landing_pages":null,"microdata":{"number":91,"category":""},"title":"Poh\u00e1ral\u00e1t\u00e9t szett - \"M\u00e1lyva\"","description":"Sz\u00edv alak\u00fa poh\u00e1ral\u00e1t\u00e9t.\nA szett 6 db-os\nM\u00e9retei: 8*7,5 cm\nLangyos v\u00edzben, k\u00e9zzel moshat\u00f3, ruh\u00e1n kereszt\u00fcl form\u00e1ra igaz\u00edtva vasalhat\u00f3.\nK\u00e9r\u00e9sre m\u00e1s sz\u00ednben is elk\u00e9sz\u00edtem.\n\nK\u00e9rd\u00e9seddel, k\u00e9r\u00e9seddel keress b\u00e1tran.\nN\u00e9zz sz\u00e9t tov\u00e1bbi \u00f6tletek\u00e9rt boltomban.","score":0,"formatted_price":"2 990 Ft","image_url":"https:\/\/www.meska.hu\/img\/product\/small\/a\/p\/aprocska_product_433011_240914143243_38375.png","formatted_url":"https:\/\/www.meska.hu\/p4834737-cica-szundikendo","favourite":false,"in_stock":true,"avatar":"Aprocska_avatar_433011_1621115487.jpg","delete_from":0,"is_enhanced_background":false,"is_enhanced":false,"product_selection_started":false,"is_active":true,"image_webp_url":"https:\/\/www.meska.hu\/img\/product\/small\/a\/p\/aprocska_product_433011_240914143243_38375.webp"},{"id":"4579439","shop_id":"28989","user_id":"359963","shop_name":"Borska","shop_zip":"8000","product_code":"4832444","product_name_old":null,"product_name":"M\u00e1lyva - ez\u00fcst nemesac\u00e9l med\u00e1los nyakl\u00e1nc \u00e9s f\u00fclbeval\u00f3 szett","category_string":"\u00c9kszer, \u00c9kszerszett","technic_string":"\u00c9kszerk\u00e9sz\u00edt\u00e9s","category_1":"327","category_2":"330","category_3":"0","category_4":"0","merged_category_1":null,"merged_category_2":null,"merged_category_3":null,"technic_1":"477","technic_2":"0","technic_3":"0","color_1":"516","color_2":"518","color_3":"522","product_description_old":null,"product_description":"Gy\u00f6ny\u00f6r\u0171 \u00e1rnyalat\u00fa, m\u00e1lyva sz\u00edn\u0171 textilb\u0151rb\u0151l \u00e9s ez\u00fcst sz\u00edn\u0171 nemesac\u00e9l \u00e9kszeralap felhaszn\u00e1l\u00e1s\u00e1val k\u00e9sz\u00fclt ez a nyakl\u00e1nc \u00e9s f\u00fclbeval\u00f3 szett.\n\nA med\u00e1l \u00e1tm\u00e9r\u0151je 20 mm.\nA l\u00e1nc hossza tetsz\u0151legesen v\u00e1laszthat\u00f3. A l\u00e1nc \u00e9s a szerel\u00e9k anyaga nemesac\u00e9l.\nA f\u00fclbeval\u00f3 bedug\u00f3s kivitel\u0171, \u00e1tm\u00e9r\u0151je 10 mm.\n\nIg\u00e9ny eset\u00e9n gy\u0171r\u0171t \u00e9s kark\u00f6t\u0151t is k\u00e9sz\u00edtek a szetthez, k\u00e9rlek, \u00edrj \u00fczenetet!","price":"7100.00","unit":"db","recommended":"0","status":"1","sponsored":"0","exp_notify":"0","own_material":"0","own_material_description_old":null,"own_material_description":"","jury":"0","jury_number":"","product_nature":"","meskaracsony":"0","create_date":"2026-02-20 16:46:22","shelve_id":"61147","image":"borska_product_359963_221114173617_05471.jpeg","image_width":"480","image_height":"480","image_alt":"M\u00e1lyva - ez\u00fcst nemesac\u00e9l med\u00e1los nyakl\u00e1nc \u00e9s f\u00fclbeval\u00f3 szett, Gy\u00f6ny\u00f6r\u0171 \u00e1rnyalat\u00fa, m\u00e1lyva sz\u00edn\u0171 textilb\u0151rb\u0151l \u00e9s ez\u00fcst sz\u00edn\u0171 nemesac\u00e9l \u00e9kszeralap felhaszn\u00e1l\u00e1s\u00e1val k..., Meska","image_title":"M\u00e1lyva - ez\u00fcst nemesac\u00e9l med\u00e1los nyakl\u00e1nc \u00e9s f\u00fclbeval\u00f3 szett, Meska","view_count":"1018","favourite_count":"0","trending_score":"0","last2MonthFavouriteCount":"0","promotion":0,"giftcard_accept":"1","creditcard_accept":true,"enhanced_background":"0","domain":"meska","specific_customer_id":null,"specific_customer_name":null,"to_order_product":"0","to_order_product_time":"0","product_different":null,"product_different_description":"","vintage":"0","vintage_category_id":"0","recycled":"0","gemstone_id":"0","customizable":"0","type_category":"physical","zerowaste":"0","postage_price":"1290.00","shop_order":"0","has_category":"1","landing_pages":null,"microdata":{"number":92,"category":""},"title":"M\u00e1lyva - ez\u00fcst nemesac\u00e9l med\u00e1los nyakl\u00e1nc \u00e9s f\u00fclbeval\u00f3 szett","description":"Gy\u00f6ny\u00f6r\u0171 \u00e1rnyalat\u00fa, m\u00e1lyva sz\u00edn\u0171 textilb\u0151rb\u0151l \u00e9s ez\u00fcst sz\u00edn\u0171 nemesac\u00e9l \u00e9kszeralap felhaszn\u00e1l\u00e1s\u00e1val k\u00e9sz\u00fclt ez a nyakl\u00e1nc \u00e9s f\u00fclbeval\u00f3 szett.\n\nA med\u00e1l \u00e1tm\u00e9r\u0151je 20 mm.\nA l\u00e1nc hossza tetsz\u0151legesen v\u00e1laszthat\u00f3. A l\u00e1nc \u00e9s a szerel\u00e9k anyaga nemesac\u00e9l.\nA f\u00fclbeval\u00f3 bedug\u00f3s kivitel\u0171, \u00e1tm\u00e9r\u0151je 10 mm.\n\nIg\u00e9ny eset\u00e9n gy\u0171r\u0171t \u00e9s kark\u00f6t\u0151t is k\u00e9sz\u00edtek a szetthez, k\u00e9rlek, \u00edrj \u00fczenetet!","score":0,"formatted_price":"7 100 Ft","image_url":"https:\/\/www.meska.hu\/img\/product\/small\/b\/o\/borska_product_359963_221114173617_05471.jpeg","formatted_url":"https:\/\/www.meska.hu\/p4832444-malyva-ezust-nemesacel-medalos-nyaklanc-es-fulbevalo-szett","favourite":false,"in_stock":true,"avatar":"Borska_avatar_359963_1580121757.jpg","delete_from":0,"is_enhanced_background":false,"is_enhanced":false,"product_selection_started":false,"is_active":true,"image_webp_url":"https:\/\/www.meska.hu\/img\/product\/small\/b\/o\/borska_product_359963_221114173617_05471.webp"},{"id":"2205409","shop_id":"19710","user_id":"191983","shop_name":"pagi28","shop_zip":"5300","product_code":"4700745","product_name_old":null,"product_name":"H\u00edmzett bortart\u00f3, kalocsai mint\u00e1val 1","category_string":"T\u00e1ska & Tok, Uzsonna- & Eb\u00e9d tart\u00f3, Ev\u0151eszk\u00f6z tart\u00f3","technic_string":"H\u00edmz\u00e9s, Varr\u00e1s","category_1":"464","category_2":"807","category_3":"1022","category_4":"0","merged_category_1":null,"merged_category_2":null,"merged_category_3":null,"technic_1":"487","technic_2":"506","technic_3":"0","color_1":"522","color_2":"525","color_3":"529","product_description_old":null,"product_description":"Kalocsai  h\u00edmz\u00e9ssel d\u00edsz\u00edtett bortart\u00f3.","price":"2500.00","unit":"db","recommended":"0","status":"1","sponsored":"0","exp_notify":"0","own_material":"0","own_material_description_old":null,"own_material_description":"","jury":"0","jury_number":"","product_nature":"","meskaracsony":"0","create_date":"2026-01-18 22:01:46","shelve_id":"64282","image":"pagi28_product_191983_231111225926_598851.jpeg","image_width":"480","image_height":"628","image_alt":"H\u00edmzett bortart\u00f3, kalocsai mint\u00e1val 1, Kalocsai  h\u00edmz\u00e9ssel d\u00edsz\u00edtett bortart\u00f3., Meska","image_title":"H\u00edmzett bortart\u00f3, kalocsai mint\u00e1val 1, Meska","view_count":"1031","favourite_count":"0","trending_score":"0","last2MonthFavouriteCount":"0","promotion":"0","giftcard_accept":"0","creditcard_accept":true,"enhanced_background":"0","domain":"meska","specific_customer_id":null,"specific_customer_name":null,"to_order_product":"0","to_order_product_time":"0","product_different":null,"product_different_description":"","vintage":"0","vintage_category_id":"0","recycled":"0","gemstone_id":"0","customizable":"0","type_category":"physical","zerowaste":"0","postage_price":"1290.00","shop_order":"29","has_category":"1","landing_pages":null,"microdata":{"number":93,"category":""},"title":"H\u00edmzett bortart\u00f3, kalocsai mint\u00e1val 1","description":"Kalocsai  h\u00edmz\u00e9ssel d\u00edsz\u00edtett bortart\u00f3.","score":0,"formatted_price":"2 500 Ft","image_url":"https:\/\/www.meska.hu\/img\/product\/small\/p\/a\/pagi28_product_191983_231111225926_598851.jpeg","formatted_url":"https:\/\/www.meska.hu\/p4700745-himzett-bortarto-kalocsai-mintaval-1","favourite":false,"in_stock":true,"avatar":null,"delete_from":0,"is_enhanced_background":false,"is_enhanced":false,"product_selection_started":false,"is_active":true,"image_webp_url":"https:\/\/www.meska.hu\/img\/product\/small\/p\/a\/pagi28_product_191983_231111225926_598851.webp"},{"id":"5038875","shop_id":"9225","user_id":"40737","shop_name":"krizadesign","shop_zip":"1214","product_code":"5108341","product_name_old":null,"product_name":"K\u00e9zm\u0171ves horgolt csipke angyalka (h\u00f3feh\u00e9r lila csillog\u00f3 szeg\u00e9llyel)","category_string":"Kar\u00e1csony, Kar\u00e1csonyi lak\u00e1sdekor\u00e1ci\u00f3, Kar\u00e1csonyfad\u00edszek","technic_string":"Horgol\u00e1s","category_1":"319","category_2":"324","category_3":"323","category_4":"0","merged_category_1":null,"merged_category_2":null,"merged_category_3":null,"technic_1":"488","technic_2":"0","technic_3":"0","color_1":"519","color_2":"522","color_3":"0","product_description_old":null,"product_description":"A kar\u00e1csonyfa elengedhetetlen dekor\u00e1ci\u00f3ja a csipke angyalka.\n\nAj\u00e1nlom ezen k\u00edv\u00fcl aj\u00e1nd\u00e9kcsomagokba, vagy \u00f6n\u00e1ll\u00f3an kedves gesztusk\u00e9nt koll\u00e9g\u00e1knak, \u00fczleti partnereknek.\n\nA term\u00e9k pr\u00e9mium 100% pamut alapanyagb\u00f3l k\u00e9sz\u00fcl h\u00f3feh\u00e9r sz\u00ednben. Lila csillog\u00f3 dekor szeg\u00e9ly teszi igaz\u00e1n \u00fcnnepiv\u00e9. Kem\u00e9ny\u00edtve, aj\u00e1nd\u00e9koz\u00e1sra k\u00e9szen ker\u00fcl \u00e1tad\u00e1sra.\n\nM\u00e9rete: 7,5-8cm k\u00f6z\u00f6tt (magas akaszt\u00f3 n\u00e9lk\u00fcl)\n\nViszontelad\u00f3kat, vir\u00e1gboltokat, aj\u00e1nd\u00e9kboltokat, dekorat\u0151r\u00f6ket, c\u00e9geket, k\u00f6z\u00fcleteket egyar\u00e1nt kiszolg\u00e1lok - sz\u00e1ml\u00e1val!\n","price":"990.00","unit":"db","recommended":"0","status":"1","sponsored":"0","exp_notify":"0","own_material":"0","own_material_description_old":null,"own_material_description":"","jury":"0","jury_number":"","product_nature":"","meskaracsony":"0","create_date":"2026-03-24 08:12:29","shelve_id":"77314","image":"krizadesign_product_40737_231022151202_25438.jpeg","image_width":"480","image_height":"639","image_alt":"K\u00e9zm\u0171ves horgolt csipke angyalka (h\u00f3feh\u00e9r lila csillog\u00f3 szeg\u00e9llyel), A kar\u00e1csonyfa elengedhetetlen dekor\u00e1ci\u00f3ja a csipke angyalka.\\n\\nAj\u00e1nlom ezen k\u00edv\u00fcl aj\u00e1nd\u00e9kcsomagokba, ..., Meska","image_title":"K\u00e9zm\u0171ves horgolt csipke angyalka (h\u00f3feh\u00e9r lila csillog\u00f3 szeg\u00e9llyel), Meska","view_count":"1001","favourite_count":"0","trending_score":"0","last2MonthFavouriteCount":"0","promotion":"0","giftcard_accept":"0","creditcard_accept":true,"enhanced_background":"0","domain":"meska","specific_customer_id":null,"specific_customer_name":null,"to_order_product":"1","to_order_product_time":"3","product_different":null,"product_different_description":"","vintage":"0","vintage_category_id":"0","recycled":"0","gemstone_id":"0","customizable":"0","type_category":"physical","zerowaste":"0","postage_price":"2390.00","shop_order":"0","has_category":"1","landing_pages":null,"microdata":{"number":94,"category":""},"title":"K\u00e9zm\u0171ves horgolt csipke angyalka (h\u00f3feh\u00e9r lila csillog\u00f3 szeg\u00e9llyel)","description":"A kar\u00e1csonyfa elengedhetetlen dekor\u00e1ci\u00f3ja a csipke angyalka.\n\nAj\u00e1nlom ezen k\u00edv\u00fcl aj\u00e1nd\u00e9kcsomagokba, vagy \u00f6n\u00e1ll\u00f3an kedves gesztusk\u00e9nt koll\u00e9g\u00e1knak, \u00fczleti partnereknek.\n\nA term\u00e9k pr\u00e9mium 100% pamut alapanyagb\u00f3l k\u00e9sz\u00fcl h\u00f3feh\u00e9r sz\u00ednben. Lila csillog\u00f3 dekor szeg\u00e9ly teszi igaz\u00e1n \u00fcnnepiv\u00e9. Kem\u00e9ny\u00edtve, aj\u00e1nd\u00e9koz\u00e1sra k\u00e9szen ker\u00fcl \u00e1tad\u00e1sra.\n\nM\u00e9rete: 7,5-8cm k\u00f6z\u00f6tt (magas akaszt\u00f3 n\u00e9lk\u00fcl)\n\nViszontelad\u00f3kat, vir\u00e1gboltokat, aj\u00e1nd\u00e9kboltokat, dekorat\u0151r\u00f6ket, c\u00e9geket, k\u00f6z\u00fcleteket egyar\u00e1nt kiszolg\u00e1lok - sz\u00e1ml\u00e1val!\n","score":0,"formatted_price":"990 Ft","image_url":"https:\/\/www.meska.hu\/img\/product\/small\/k\/r\/krizadesign_product_40737_231022151202_25438.jpeg","formatted_url":"https:\/\/www.meska.hu\/p5108341-kezmuves-horgolt-csipke-angyalka-hofeher-lila-csillogo-szegellyel","favourite":false,"in_stock":false,"avatar":"40737_avatar_1696240521.jpeg","delete_from":0,"is_enhanced_background":false,"is_enhanced":false,"product_selection_started":false,"is_active":true,"image_webp_url":"https:\/\/www.meska.hu\/img\/product\/small\/k\/r\/krizadesign_product_40737_231022151202_25438.webp"},{"id":"4666669","shop_id":"28989","user_id":"359963","shop_name":"Borska","shop_zip":"8000","product_code":"4873314","product_name_old":null,"product_name":"Met\u00e1l fukszia - ez\u00fcst nemesac\u00e9l med\u00e1los nyakl\u00e1nc \u00e9s f\u00fclbeval\u00f3 szett","category_string":"\u00c9kszer, \u00c9kszerszett","technic_string":"\u00c9kszerk\u00e9sz\u00edt\u00e9s","category_1":"327","category_2":"330","category_3":"0","category_4":"0","merged_category_1":null,"merged_category_2":null,"merged_category_3":null,"technic_1":"477","technic_2":"0","technic_3":"0","color_1":"518","color_2":"522","color_3":"0","product_description_old":null,"product_description":"Gy\u00f6ny\u00f6r\u0171 \u00e1rnyalat\u00fa, met\u00e1l fukszia sz\u00edn\u0171 textilb\u0151rb\u0151l \u00e9s ez\u00fcst sz\u00edn\u0171 nemesac\u00e9l \u00e9kszeralap felhaszn\u00e1l\u00e1s\u00e1val k\u00e9sz\u00fclt ez a nyakl\u00e1nc \u00e9s f\u00fclbeval\u00f3 szett.\n\nA med\u00e1l \u00e1tm\u00e9r\u0151je 20 mm.\nA l\u00e1nc hossza tetsz\u0151legesen v\u00e1laszthat\u00f3. A l\u00e1nc \u00e9s a szerel\u00e9k anyaga nemesac\u00e9l.\nA f\u00fclbeval\u00f3 bedug\u00f3s kivitel\u0171, \u00e1tm\u00e9r\u0151je 10 mm.\n\nIg\u00e9ny eset\u00e9n gy\u0171r\u0171t \u00e9s kark\u00f6t\u0151t is k\u00e9sz\u00edtek a szetthez, k\u00e9rlek, \u00edrj \u00fczenetet!","price":"7100.00","unit":"db","recommended":"0","status":"1","sponsored":"0","exp_notify":"0","own_material":"0","own_material_description_old":null,"own_material_description":"","jury":"0","jury_number":"","product_nature":"","meskaracsony":"0","create_date":"2026-02-12 09:24:56","shelve_id":"61147","image":"borska_product_359963_230113172554_3674.jpeg","image_width":"480","image_height":"480","image_alt":"Met\u00e1l fukszia - ez\u00fcst nemesac\u00e9l med\u00e1los nyakl\u00e1nc \u00e9s f\u00fclbeval\u00f3 szett, Gy\u00f6ny\u00f6r\u0171 \u00e1rnyalat\u00fa, met\u00e1l fukszia sz\u00edn\u0171 textilb\u0151rb\u0151l \u00e9s ez\u00fcst sz\u00edn\u0171 nemesac\u00e9l \u00e9kszeralap felhaszn\u00e1l\u00e1..., Meska","image_title":"Met\u00e1l fukszia - ez\u00fcst nemesac\u00e9l med\u00e1los nyakl\u00e1nc \u00e9s f\u00fclbeval\u00f3 szett, Meska","view_count":"992","favourite_count":"1","trending_score":"0","last2MonthFavouriteCount":"0","promotion":"0","giftcard_accept":"1","creditcard_accept":true,"enhanced_background":"0","domain":"meska","specific_customer_id":null,"specific_customer_name":null,"to_order_product":"0","to_order_product_time":"0","product_different":null,"product_different_description":"","vintage":"0","vintage_category_id":"0","recycled":"0","gemstone_id":"0","customizable":"0","type_category":"physical","zerowaste":"0","postage_price":"1290.00","shop_order":"0","has_category":"1","landing_pages":null,"microdata":{"number":95,"category":""},"title":"Met\u00e1l fukszia - ez\u00fcst nemesac\u00e9l med\u00e1los nyakl\u00e1nc \u00e9s f\u00fclbeval\u00f3 szett","description":"Gy\u00f6ny\u00f6r\u0171 \u00e1rnyalat\u00fa, met\u00e1l fukszia sz\u00edn\u0171 textilb\u0151rb\u0151l \u00e9s ez\u00fcst sz\u00edn\u0171 nemesac\u00e9l \u00e9kszeralap felhaszn\u00e1l\u00e1s\u00e1val k\u00e9sz\u00fclt ez a nyakl\u00e1nc \u00e9s f\u00fclbeval\u00f3 szett.\n\nA med\u00e1l \u00e1tm\u00e9r\u0151je 20 mm.\nA l\u00e1nc hossza tetsz\u0151legesen v\u00e1laszthat\u00f3. A l\u00e1nc \u00e9s a szerel\u00e9k anyaga nemesac\u00e9l.\nA f\u00fclbeval\u00f3 bedug\u00f3s kivitel\u0171, \u00e1tm\u00e9r\u0151je 10 mm.\n\nIg\u00e9ny eset\u00e9n gy\u0171r\u0171t \u00e9s kark\u00f6t\u0151t is k\u00e9sz\u00edtek a szetthez, k\u00e9rlek, \u00edrj \u00fczenetet!","score":0,"formatted_price":"7 100 Ft","image_url":"https:\/\/www.meska.hu\/img\/product\/small\/b\/o\/borska_product_359963_230113172554_3674.jpeg","formatted_url":"https:\/\/www.meska.hu\/p4873314-metal-fukszia-ezust-nemesacel-medalos-nyaklanc-es-fulbevalo-szett","favourite":false,"in_stock":true,"avatar":"Borska_avatar_359963_1580121757.jpg","delete_from":0,"is_enhanced_background":false,"is_enhanced":false,"product_selection_started":false,"is_active":true,"image_webp_url":"https:\/\/www.meska.hu\/img\/product\/small\/b\/o\/borska_product_359963_230113172554_3674.webp"},{"id":"4971406","shop_id":"27960","user_id":"345514","shop_name":"fonalkod","shop_zip":"2120","product_code":"5057108","product_name_old":null,"product_name":"Horgolt t\u00e1lca - m\u00e1lyva","category_string":"Otthon & \u00c9letm\u00f3d, Konyhafelszerel\u00e9s, t\u00e1lal\u00e1s, T\u00e1lal\u00e1s, T\u00e1lca","technic_string":"Horgol\u00e1s","category_1":"813","category_2":"393","category_3":"1419","category_4":"566","merged_category_1":"0","merged_category_2":"0","merged_category_3":"785","technic_1":"488","technic_2":"0","technic_3":"0","color_1":"522","color_2":"525","color_3":"0","product_description_old":null,"product_description":"Ak\u00e1r a konyh\u00e1ban, \u00e9tkez\u0151ben vagy a nappaliban haszn\u00e1lod ezt a t\u00e1lc\u00e1t, garant\u00e1ltan egyedi kieg\u00e9sz\u00edt\u0151je lesz a helyis\u00e9gnek. Horgolt technik\u00e1val, puha zsin\u00f3rfonalb\u00f3l k\u00e9sz\u00fclt.\n\n***\n\n- bels\u0151 \u00e1tm\u00e9r\u0151 30 cm\n- 5 mm vastag zsin\u00f3rfonal, pamuttartalom ~95%\n- magass\u00e1g 6 cm\n- alapja 3 mm r\u00e9tegelt ny\u00edr\n\n\n\n","price":"8500.00","unit":"db","recommended":"0","status":"1","sponsored":"0","exp_notify":"0","own_material":"0","own_material_description_old":null,"own_material_description":"","jury":"0","jury_number":"","product_nature":"","meskaracsony":"0","create_date":"2026-01-09 03:35:02","shelve_id":"66663","image":"fonalkod_product_345514_230914143834_998180.jpeg","image_width":"480","image_height":"640","image_alt":"Horgolt t\u00e1lca - m\u00e1lyva, Ak\u00e1r a konyh\u00e1ban, \u00e9tkez\u0151ben vagy a nappaliban haszn\u00e1lod ezt a t\u00e1lc\u00e1t, garant\u00e1ltan egyedi kieg\u00e9sz\u00edt\u0151j..., Meska","image_title":"Horgolt t\u00e1lca - m\u00e1lyva, Meska","view_count":"1048","favourite_count":"0","trending_score":"0","last2MonthFavouriteCount":"0","promotion":"0","giftcard_accept":"1","creditcard_accept":false,"enhanced_background":"0","domain":"meska","specific_customer_id":null,"specific_customer_name":null,"to_order_product":"1","to_order_product_time":"10","product_different":null,"product_different_description":"","vintage":"0","vintage_category_id":"0","recycled":"1","gemstone_id":"0","customizable":"0","type_category":"physical","zerowaste":"0","postage_price":"2390.00","shop_order":"0","has_category":"1","landing_pages":null,"microdata":{"number":96,"category":""},"title":"Horgolt t\u00e1lca - m\u00e1lyva","description":"Ak\u00e1r a konyh\u00e1ban, \u00e9tkez\u0151ben vagy a nappaliban haszn\u00e1lod ezt a t\u00e1lc\u00e1t, garant\u00e1ltan egyedi kieg\u00e9sz\u00edt\u0151je lesz a helyis\u00e9gnek. Horgolt technik\u00e1val, puha zsin\u00f3rfonalb\u00f3l k\u00e9sz\u00fclt.\n\n***\n\n- bels\u0151 \u00e1tm\u00e9r\u0151 30 cm\n- 5 mm vastag zsin\u00f3rfonal, pamuttartalom ~95%\n- magass\u00e1g 6 cm\n- alapja 3 mm r\u00e9tegelt ny\u00edr\n\n\n\n","score":0,"formatted_price":"8 500 Ft","image_url":"https:\/\/www.meska.hu\/img\/product\/small\/f\/o\/fonalkod_product_345514_230914143834_998180.jpeg","formatted_url":"https:\/\/www.meska.hu\/p5057108-horgolt-talca-malyva","favourite":false,"in_stock":false,"avatar":"fonalkod_avatar_345514_1568401070.jpg","delete_from":0,"is_enhanced_background":false,"is_enhanced":false,"product_selection_started":false,"is_active":true,"image_webp_url":"https:\/\/www.meska.hu\/img\/product\/small\/f\/o\/fonalkod_product_345514_230914143834_998180.webp"},{"id":"4895641","shop_id":"41715","user_id":"589458","shop_name":"TiffanyAndi","shop_zip":"2013","product_code":"5012774","product_name_old":null,"product_name":"CSUPASZ\u00cdV SZERETET TIFFANY ANGYALKA <3 ","category_string":"Kar\u00e1csony, Kar\u00e1csonyi lak\u00e1sdekor\u00e1ci\u00f3, Kar\u00e1csonyi ablakd\u00edszek, ablakmatric\u00e1k","technic_string":"\u00dcvegm\u0171v\u00e9szet","category_1":"319","category_2":"324","category_3":"1301","category_4":"0","merged_category_1":null,"merged_category_2":null,"merged_category_3":null,"technic_1":"505","technic_2":"0","technic_3":"0","color_1":"519","color_2":"522","color_3":"0","product_description_old":null,"product_description":"Vigy\u00e9l egy kis var\u00e1zslatot az \u00e9letedbe egy \"Csupa sz\u00edv\" Angyalk\u00e1val, hogy eml\u00e9keztessen minden pillanatban a szeretetre! <3\n \nAz Angyalka magass\u00e1ga 11cm, gl\u00f3ri\u00e1val egy\u00fctt.\n\nK\u00fcl\u00f6nleges aj\u00e1nd\u00e9k lehet annak, akit szeretsz. :-)\n\nTetsz\u0151leges sz\u00ednben k\u00e9rhet\u0151.","price":"5500.00","unit":"db","recommended":"0","status":"1","sponsored":"0","exp_notify":"0","own_material":"0","own_material_description_old":null,"own_material_description":"","jury":"0","jury_number":"","product_nature":"","meskaracsony":"0","create_date":"2026-03-19 17:05:22","shelve_id":"81278","image":"tiffanyandi_product_589458_250113131733_33967.jpeg","image_width":"480","image_height":"360","image_alt":"CSUPASZ\u00cdV SZERETET TIFFANY ANGYALKA <3 , Vigy\u00e9l egy kis var\u00e1zslatot az \u00e9letedbe egy \\\"Csupa sz\u00edv\\\" Angyalk\u00e1val, hogy eml\u00e9keztessen minden pilla..., Meska","image_title":"CSUPASZ\u00cdV SZERETET TIFFANY ANGYALKA <3 , Meska","view_count":"987","favourite_count":"0","trending_score":"0","last2MonthFavouriteCount":"0","promotion":"0","giftcard_accept":"0","creditcard_accept":false,"enhanced_background":"0","domain":"meska","specific_customer_id":null,"specific_customer_name":null,"to_order_product":"1","to_order_product_time":"5","product_different":null,"product_different_description":"","vintage":"0","vintage_category_id":"0","recycled":"0","gemstone_id":"0","customizable":"0","type_category":"physical","zerowaste":"0","postage_price":"2390.00","shop_order":"0","has_category":"1","landing_pages":null,"microdata":{"number":97,"category":""},"title":"CSUPASZ\u00cdV SZERETET TIFFANY ANGYALKA <3 ","description":"Vigy\u00e9l egy kis var\u00e1zslatot az \u00e9letedbe egy \"Csupa sz\u00edv\" Angyalk\u00e1val, hogy eml\u00e9keztessen minden pillanatban a szeretetre! <3\n \nAz Angyalka magass\u00e1ga 11cm, gl\u00f3ri\u00e1val egy\u00fctt.\n\nK\u00fcl\u00f6nleges aj\u00e1nd\u00e9k lehet annak, akit szeretsz. :-)\n\nTetsz\u0151leges sz\u00ednben k\u00e9rhet\u0151.","score":0,"formatted_price":"5 500 Ft","image_url":"https:\/\/www.meska.hu\/img\/product\/small\/t\/i\/tiffanyandi_product_589458_250113131733_33967.jpeg","formatted_url":"https:\/\/www.meska.hu\/p5012774-csupasziv-szeretet-tiffany-angyalka-3","favourite":false,"in_stock":false,"avatar":"589458_avatar_1736321996.jpeg","delete_from":0,"is_enhanced_background":false,"is_enhanced":false,"product_selection_started":false,"is_active":true,"image_webp_url":"https:\/\/www.meska.hu\/img\/product\/small\/t\/i\/tiffanyandi_product_589458_250113131733_33967.webp"},{"id":"5099839","shop_id":"32992","user_id":"418188","shop_name":"Tma81","shop_zip":"5440","product_code":"5145679","product_name_old":null,"product_name":"Rose Gold \u00e9kszer szett","category_string":"\u00c9kszer, Nyakl\u00e1nc, Gy\u00f6ngy\u00f6s nyakl\u00e1nc","technic_string":"\u00c9kszerk\u00e9sz\u00edt\u00e9s, Varr\u00e1s","category_1":"327","category_2":"337","category_3":"1253","category_4":"0","merged_category_1":"0","merged_category_2":"0","merged_category_3":"0","technic_1":"477","technic_2":"506","technic_3":"0","color_1":"515","color_2":"522","color_3":"568","product_description_old":null,"product_description":"Rose Gold \u00e9kszer szett.\nSwarovski gy\u00f6ngy\u00f6k, sujt\u00e1szsin\u00f3r, shibori selyem, ach\u00e1t \u00e1sv\u00e1nyk\u0151 felhaszn\u00e1l\u00e1s\u00e1val k\u00e9zi varr\u00e1s technik\u00e1val k\u00e9sz\u00fclt.\nSaj\u00e1t tervez\u00e9s\u0171 egyedi \u00e9kszer.\nAz \u00e1r tartalmazza a nyak\u00e9ket \u00e9s a f\u00fclbeval\u00f3t. \n\nM\u00e9retei:\nNyak\u00e9k:teljes hossza: 27 cm\nsz\u00e9less\u00e9ge: 16 cm","price":"52460.00","unit":"db","recommended":"0","status":"1","sponsored":"0","exp_notify":"0","own_material":"0","own_material_description_old":null,"own_material_description":"","jury":"0","jury_number":"","product_nature":"","meskaracsony":"0","create_date":"2026-03-15 00:02:40","shelve_id":"0","image":"tma81_product_418188_231125195659_301643.jpeg","image_width":"480","image_height":"851","image_alt":"Rose Gold \u00e9kszer szett, Rose Gold \u00e9kszer szett.\\nSwarovski gy\u00f6ngy\u00f6k, sujt\u00e1szsin\u00f3r, shibori selyem, ach\u00e1t \u00e1sv\u00e1nyk\u0151 felhaszn\u00e1l\u00e1..., Meska","image_title":"Rose Gold \u00e9kszer szett, Meska","view_count":"970","favourite_count":"0","trending_score":"0","last2MonthFavouriteCount":"0","promotion":0,"giftcard_accept":"0","creditcard_accept":false,"enhanced_background":"0","domain":"meska","specific_customer_id":null,"specific_customer_name":null,"to_order_product":"0","to_order_product_time":"0","product_different":null,"product_different_description":"","vintage":"0","vintage_category_id":"0","recycled":"0","gemstone_id":"0","customizable":"0","type_category":"physical","zerowaste":"0","postage_price":"1800.00","shop_order":"0","has_category":"1","landing_pages":null,"microdata":{"number":98,"category":""},"title":"Rose Gold \u00e9kszer szett","description":"Rose Gold \u00e9kszer szett.\nSwarovski gy\u00f6ngy\u00f6k, sujt\u00e1szsin\u00f3r, shibori selyem, ach\u00e1t \u00e1sv\u00e1nyk\u0151 felhaszn\u00e1l\u00e1s\u00e1val k\u00e9zi varr\u00e1s technik\u00e1val k\u00e9sz\u00fclt.\nSaj\u00e1t tervez\u00e9s\u0171 egyedi \u00e9kszer.\nAz \u00e1r tartalmazza a nyak\u00e9ket \u00e9s a f\u00fclbeval\u00f3t. \n\nM\u00e9retei:\nNyak\u00e9k:teljes hossza: 27 cm\nsz\u00e9less\u00e9ge: 16 cm","score":0,"formatted_price":"52 460 Ft","image_url":"https:\/\/www.meska.hu\/img\/product\/small\/t\/m\/tma81_product_418188_231125195659_301643.jpeg","formatted_url":"https:\/\/www.meska.hu\/p5145679-rose-gold-ekszer-szett","favourite":false,"in_stock":true,"avatar":"Tma81_avatar_418188_1617097514.jpg","delete_from":0,"is_enhanced_background":false,"is_enhanced":false,"product_selection_started":false,"is_active":true,"image_webp_url":"https:\/\/www.meska.hu\/img\/product\/small\/t\/m\/tma81_product_418188_231125195659_301643.webp"},{"id":"4624378","shop_id":"21890","user_id":"233361","shop_name":"MolnARTIlcsi","shop_zip":"2071","product_code":"4851854","product_name_old":null,"product_name":"Aranyk\u00f6nnyek ","category_string":"M\u0171v\u00e9szet, Festm\u00e9ny, Akril","technic_string":"Fest\u00e9szet","category_1":"357","category_2":"358","category_3":"359","category_4":"0","merged_category_1":null,"merged_category_2":null,"merged_category_3":null,"technic_1":"480","technic_2":"0","technic_3":"0","color_1":"519","color_2":"521","color_3":"522","product_description_old":null,"product_description":"Most egy picis\u00e9g, pap\u00edrlapon, akril\/akvarell fest\u00e9sem :) \n\n13 x 18 cm-es k\u00e9pecske, amit m\u00e1r egy ideiglenes keretbe bele is pakoltam, de onnan kivehet\u0151, \u00e9s a keretez\u00e9se \u00e1tgondolhat\u00f3 :) \n\nSz\u00e9p hangulatk\u00e9p, eredeti k\u00e9zi fest\u00e9s.\n\nSzem\u00e9lyes \u00e1tv\u00e9tel P\u00e1tyon \u00e9s Budapesten, amiben tudunk seg\u00edteni, ha a k\u00f6zelben \u00e9lsz.\n\nMiel\u0151tt a kors\u00e1rba teszed, k\u00e9rlek \u00edrj \u00fczenetet.\n\nMIEL\u0150TT KOS\u00c1RBA TESZED, \u00cdRJ \u00dcZIT ! LEHET, HOGY M\u00c1R A VAL\u00d3 VIL\u00c1GBAN ELKELT, \u00c9S AZ \u00c1TFED\u00c9S CSAK P\u00c1R \u00d3RA... BESZ\u00c9LJ\u00dcNK, MIEL\u0150TT MEGV\u00c1S\u00c1ROLOD ! \n\n\n","price":"40000.00","unit":"db","recommended":"0","status":"1","sponsored":"0","exp_notify":"0","own_material":"0","own_material_description_old":null,"own_material_description":"","jury":"0","jury_number":"","product_nature":"","meskaracsony":"0","create_date":"2026-04-23 07:36:54","shelve_id":"0","image":"molnartilcsi_product_233361_221208160748_144340.jpeg","image_width":"480","image_height":"705","image_alt":"Aranyk\u00f6nnyek , Most egy picis\u00e9g, pap\u00edrlapon, akril\/akvarell fest\u00e9sem :) \\n\\n13 x 18 cm-es k\u00e9pecske, amit m\u00e1r egy idei..., Meska","image_title":"Aranyk\u00f6nnyek , Meska","view_count":"964","favourite_count":"0","trending_score":"0","last2MonthFavouriteCount":"0","promotion":"0","giftcard_accept":"0","creditcard_accept":false,"enhanced_background":"0","domain":"meska","specific_customer_id":null,"specific_customer_name":null,"to_order_product":"0","to_order_product_time":"0","product_different":null,"product_different_description":"","vintage":"0","vintage_category_id":"0","recycled":"1","gemstone_id":"0","customizable":"0","type_category":"physical","zerowaste":"0","postage_price":"5000.00","shop_order":"1","has_category":"1","landing_pages":null,"microdata":{"number":99,"category":""},"title":"Aranyk\u00f6nnyek ","description":"Most egy picis\u00e9g, pap\u00edrlapon, akril\/akvarell fest\u00e9sem :) \n\n13 x 18 cm-es k\u00e9pecske, amit m\u00e1r egy ideiglenes keretbe bele is pakoltam, de onnan kivehet\u0151, \u00e9s a keretez\u00e9se \u00e1tgondolhat\u00f3 :) \n\nSz\u00e9p hangulatk\u00e9p, eredeti k\u00e9zi fest\u00e9s.\n\nSzem\u00e9lyes \u00e1tv\u00e9tel P\u00e1tyon \u00e9s Budapesten, amiben tudunk seg\u00edteni, ha a k\u00f6zelben \u00e9lsz.\n\nMiel\u0151tt a kors\u00e1rba teszed, k\u00e9rlek \u00edrj \u00fczenetet.\n\nMIEL\u0150TT KOS\u00c1RBA TESZED, \u00cdRJ \u00dcZIT ! LEHET, HOGY M\u00c1R A VAL\u00d3 VIL\u00c1GBAN ELKELT, \u00c9S AZ \u00c1TFED\u00c9S CSAK P\u00c1R \u00d3RA... BESZ\u00c9LJ\u00dcNK, MIEL\u0150TT MEGV\u00c1S\u00c1ROLOD ! \n\n\n","score":0,"formatted_price":"40 000 Ft","image_url":"https:\/\/www.meska.hu\/img\/product\/small\/m\/o\/molnartilcsi_product_233361_221208160748_144340.jpeg","formatted_url":"https:\/\/www.meska.hu\/p4851854-aranykonnyek","favourite":false,"in_stock":true,"avatar":"MolnARTIlcsi_avatar_233361_1657524590.jpg","delete_from":0,"is_enhanced_background":false,"is_enhanced":false,"product_selection_started":false,"is_active":true,"image_webp_url":"https:\/\/www.meska.hu\/img\/product\/small\/m\/o\/molnartilcsi_product_233361_221208160748_144340.webp"},{"id":"5038629","shop_id":"42699","user_id":"607261","shop_name":"Katakata12","shop_zip":"1165","product_code":"5108192","product_name_old":null,"product_name":"kiki k\u00e9zzel k\u00f6t\u00f6tt pul\u00f3ver","category_string":"Ruha & Divat, N\u0151i ruha, Pul\u00f3ver","technic_string":"K\u00f6t\u00e9s","category_1":"806","category_2":"440","category_3":"1199","category_4":"0","merged_category_1":"0","merged_category_2":"0","merged_category_3":"0","technic_1":"491","technic_2":"0","technic_3":"0","color_1":"521","color_2":"522","color_3":"527","product_description_old":null,"product_description":" praktikus ,el\u00f6l gombos cs\u00edkos pul\u00f3ver. L-es m\u00e9ret.Hossza 60cm, sz\u00e9less\u00e9ge,54cm,ujja v\u00e1llt\u00f3l 55cm.","price":"15000.00","unit":"db","recommended":"0","status":"1","sponsored":"0","exp_notify":"0","own_material":"0","own_material_description_old":null,"own_material_description":"","jury":"0","jury_number":"","product_nature":"","meskaracsony":"0","create_date":"2026-02-11 16:33:59","shelve_id":"0","image":"katakata12_product_607261_231022102319_144523.jpeg","image_width":"480","image_height":"640","image_alt":"kiki k\u00e9zzel k\u00f6t\u00f6tt pul\u00f3ver,  praktikus ,el\u00f6l gombos cs\u00edkos pul\u00f3ver. L-es m\u00e9ret.Hossza 60cm, sz\u00e9less\u00e9ge,54cm,ujja v\u00e1llt\u00f3l 55cm...., Meska","image_title":"kiki k\u00e9zzel k\u00f6t\u00f6tt pul\u00f3ver, Meska","view_count":"976","favourite_count":"0","trending_score":"0","last2MonthFavouriteCount":"0","promotion":0,"giftcard_accept":"0","creditcard_accept":true,"enhanced_background":"0","domain":"meska","specific_customer_id":null,"specific_customer_name":null,"to_order_product":"0","to_order_product_time":"0","product_different":null,"product_different_description":"","vintage":"0","vintage_category_id":"0","recycled":"0","gemstone_id":"0","customizable":"0","type_category":"physical","zerowaste":"0","postage_price":"1290.00","shop_order":"0","has_category":"1","landing_pages":null,"microdata":{"number":100,"category":""},"title":"kiki k\u00e9zzel k\u00f6t\u00f6tt pul\u00f3ver","description":" praktikus ,el\u00f6l gombos cs\u00edkos pul\u00f3ver. L-es m\u00e9ret.Hossza 60cm, sz\u00e9less\u00e9ge,54cm,ujja v\u00e1llt\u00f3l 55cm.","score":0,"formatted_price":"15 000 Ft","image_url":"https:\/\/www.meska.hu\/img\/product\/small\/k\/a\/katakata12_product_607261_231022102319_144523.jpeg","formatted_url":"https:\/\/www.meska.hu\/p5108192-kiki-kezzel-kotott-pulover","favourite":false,"in_stock":true,"avatar":"607261_avatar_1697020511.jpeg","delete_from":0,"is_enhanced_background":false,"is_enhanced":false,"product_selection_started":false,"is_active":true,"image_webp_url":"https:\/\/www.meska.hu\/img\/product\/small\/k\/a\/katakata12_product_607261_231022102319_144523.webp"}],"canonicals":{"canonical":"https:\/\/www.meska.hu\/s\/lila:karacsonyra\/co-522:go-32","next":"https:\/\/www.meska.hu\/s\/lila:karacsonyra\/co-522:go-32:p-2"},"seo":{"title":"K\u00e9zm\u0171ves term\u00e9kek - Meska.hu","seoTitle":"","seoDescription":"","metaDescription":"Magyar k\u00e9zm\u0171ves design term\u00e9kek hazai alkot\u00f3kt\u00f3l nagy v\u00e1laszt\u00e9kban, egyedi megrendel\u00e9sre is. \u2714\ufe0f N\u00e9zd meg az \u00f6sszes term\u00e9k\u00fcnk, \u00e9s rendelj k\u00edn\u00e1latunkb\u00f3l!","metaNoIndex":true,"metaNoFollow":false,"seoFound":false,"canonicals":"https:\/\/www.meska.hu\/s\/lila:karacsonyra\/co-522:go-32:legnezettebb"},"breadcrumb":[{"position":1,"name":"Meska.hu","url":"https:\/\/www.meska.hu","last":true}],"h1":null,"url":{"url":"https:\/\/www.meska.hu\/s\/lila:karacsonyra\/co-522:go-32:legnezettebb","title":"Mind","_debug_":false},"_count_":100}