{"_terms_":{"phrase":"*","category_id":"86","category_ids":"86","facets":"n","p":"1","pp":"100","sort_by":"create_date","sort_direction":"desc","product_type":"kezmuves|alapanyag|vintage","session_id":"8m2vfub3hgjdusg9tgf6bsg9du"},"total":1,"products":[{"id":"3390009","shop_id":"6279","user_id":"24960","shop_name":"homeandart","shop_zip":"2092","product_code":"4051002","product_name_old":null,"product_name":"250 gr Tit\u00e1n dioxid TAKAR\u00c9KOS KISZEREL\u00c9S AKCI\u00d3!!!","category_string":"Kell\u00e9kek & szersz\u00e1mok, Fest\u00e9k, Arcfest\u00e9k","technic_string":"Szappank\u00e9sz\u00edt\u00e9s, Mindenm\u00e1s, Fest\u00e9szet","category_1":"73","category_2":"86","category_3":"1544","category_4":"0","merged_category_1":"0","merged_category_2":"0","merged_category_3":"0","technic_1":"500","technic_2":"493","technic_3":"480","color_1":"519","color_2":"0","color_3":"0","product_description_old":null,"product_description":"250 GR TIT\u00c1NDIOXID\nTAKAR\u00c9KOS KISZEREL\u00c9S\nAKCI\u00d3!!!\n\nAz egyik leggyakrabban haszn\u00e1lt kozmetikai adal\u00e9k. A term\u00e9szetben el\u0151fordul\u00f3 \u00e1sv\u00e1nyi anyag. \u00c9lelmiszer min\u0151s\u00e9g\u0171, v\u00edzben old\u00f3d\u00f3, NEM NANOSZOMIZ\u00c1LT. Feh\u00e9r\u00edt\u0151 hat\u00e1sa van a szappanokn\u00e1l, f\u00e9nyv\u00e9d\u0151 adal\u00e9kk\u00e9nt haszn\u00e1lhat\u00f3 napv\u00e9d\u0151\/f\u00e9nyv\u00e9d\u0151 k\u00e9sz\u00edtm\u00e9nyekben. Elnyeli ill. visszaveri az UVB \u00e9s az UVA sugarakat.\n\nAz \u00e1r 250 gr.-ra vonatkozik.\nZacsk\u00f3ba csomagolva post\u00e1zom.\n","price":"2145.00","unit":"db","recommended":"0","status":"1","sponsored":"0","exp_notify":"0","own_material":"0","own_material_description_old":null,"own_material_description":"","jury":"0","jury_number":"","product_nature":"from_work","meskaracsony":"0","create_date":"2026-07-06 20:03:12","shelve_id":"33051","image":"homeandart_product__110822225834_1.jpg","image_width":"480","image_height":"436","image_alt":"250 gr Tit\u00e1n dioxid TAKAR\u00c9KOS KISZEREL\u00c9S AKCI\u00d3!!!, 250 GR TIT\u00c1NDIOXID\\nTAKAR\u00c9KOS KISZEREL\u00c9S\\nAKCI\u00d3!!!\\n\\nAz egyik leggyakrabban haszn\u00e1lt kozmetikai adal\u00e9k...., Meska","image_title":"250 gr Tit\u00e1n dioxid TAKAR\u00c9KOS KISZEREL\u00c9S AKCI\u00d3!!!, Meska","view_count":"2205","favourite_count":"0","trending_score":"0","last2MonthFavouriteCount":"0","promotion":"0","giftcard_accept":"0","creditcard_accept":false,"enhanced_background":"0","domain":"meska","specific_customer_id":null,"specific_customer_name":null,"to_order_product":"0","to_order_product_time":"0","product_different":null,"product_different_description":"","vintage":"0","vintage_category_id":"0","recycled":"0","gemstone_id":"0","customizable":"0","type_category":"physical","zerowaste":"0","postage_price":"1290.00","shop_order":"0","has_category":"1","landing_pages":null,"microdata":{"number":1,"category":""},"title":"250 gr Tit\u00e1n dioxid TAKAR\u00c9KOS KISZEREL\u00c9S AKCI\u00d3!!!","description":"250 GR TIT\u00c1NDIOXID\nTAKAR\u00c9KOS KISZEREL\u00c9S\nAKCI\u00d3!!!\n\nAz egyik leggyakrabban haszn\u00e1lt kozmetikai adal\u00e9k. A term\u00e9szetben el\u0151fordul\u00f3 \u00e1sv\u00e1nyi anyag. \u00c9lelmiszer min\u0151s\u00e9g\u0171, v\u00edzben old\u00f3d\u00f3, NEM NANOSZOMIZ\u00c1LT. Feh\u00e9r\u00edt\u0151 hat\u00e1sa van a szappanokn\u00e1l, f\u00e9nyv\u00e9d\u0151 adal\u00e9kk\u00e9nt haszn\u00e1lhat\u00f3 napv\u00e9d\u0151\/f\u00e9nyv\u00e9d\u0151 k\u00e9sz\u00edtm\u00e9nyekben. Elnyeli ill. visszaveri az UVB \u00e9s az UVA sugarakat.\n\nAz \u00e1r 250 gr.-ra vonatkozik.\nZacsk\u00f3ba csomagolva post\u00e1zom.\n","score":0,"formatted_price":"2 145 Ft","image_url":"https:\/\/www.meska.hu\/img\/product\/small\/h\/o\/homeandart_product__110822225834_1.jpg","formatted_url":"https:\/\/www.meska.hu\/p4051002-250-gr-titan-dioxid-takarekos-kiszereles-akcio","favourite":false,"in_stock":true,"avatar":"homeandart_avatar_24960_1588160049.jpg","delete_from":0,"is_enhanced_background":false,"is_enhanced":false,"product_selection_started":false,"is_active":true,"image_webp_url":"https:\/\/www.meska.hu\/img\/product\/small\/h\/o\/homeandart_product__110822225834_1.webp"}],"canonicals":{"canonical":"https:\/\/www.meska.hu\/s\/arcfestek\/c-86"},"seo":{"title":"Arcfest\u00e9k - Meska k\u00e9zm\u0171ves piact\u00e9r","seoTitle":"Arcfest\u00e9k","seoDescription":"<strong>Arcfest\u00e9k<\/strong>: Sz\u00ednezd ki a kreativit\u00e1sodat \u00e9s var\u00e1zsolj egyedi megjelen\u00e9st a Meska.hu arcfest\u00e9keivel, amelyek t\u00f6k\u00e9letesek gyerekeknek \u00e9s feln\u0151tteknek egyar\u00e1nt!\n\nAz <strong>arc fest\u00e9k<\/strong> kiv\u00e1l\u00f3 megold\u00e1s, ha szeretn\u00e9l valami k\u00fcl\u00f6nlegeset alkotni arcokon, legyen sz\u00f3 gyerekzs\u00farokr\u00f3l, tematikus partikr\u00f3l vagy ak\u00e1r fesztiv\u00e1lokr\u00f3l. A Meska.hu k\u00edn\u00e1lat\u00e1ban min\u0151s\u00e9gi arcfest\u00e9keket tal\u00e1lsz, amelyek biztons\u00e1gosak \u00e9s b\u0151rbar\u00e1tok, \u00edgy m\u00e9g a leg\u00e9rz\u00e9kenyebb b\u0151r\u0171ek is \u00e9lvezhetik a kreat\u00edv arcdekor\u00e1ci\u00f3kat. A k\u00fcl\u00f6nb\u00f6z\u0151 sz\u00ednekben el\u00e9rhet\u0151 <strong>arcfest\u00e9k k\u00e9szlet<\/strong>ek garant\u00e1ltan \u00e9l\u00e9nk \u00e9s tart\u00f3s eredm\u00e9nyt biztos\u00edtanak, \u00edgy minden buli vagy rendezv\u00e9ny eml\u00e9kezetes lesz.\n\n<H2 class=\"text-meska\/base-orange\"><strong>Arc fest\u00e9k<\/strong> \u2013 Sz\u00ednes sz\u00f3rakoz\u00e1s minden alkalomra<\/H2>\nAz <strong>arc fest\u00e9k<\/strong> t\u00f6k\u00e9letes v\u00e1laszt\u00e1s, ha valami sz\u00f3rakoztat\u00f3t \u00e9s kreat\u00edvat szeretn\u00e9l l\u00e9trehozni. Ezek a fest\u00e9kek k\u00f6nnyen felvihet\u0151k az arcra, \u00e9s \u00e9l\u00e9nk sz\u00ednekkel var\u00e1zsolj\u00e1k szebb\u00e9 b\u00e1rmely alkalmat, legyen sz\u00f3 gyerekpartikr\u00f3l, farsangr\u00f3l vagy ak\u00e1r fesztiv\u00e1lokr\u00f3l. A Meska.hu-n el\u00e9rhet\u0151 arcfest\u00e9kek b\u0151rbar\u00e1tok \u00e9s k\u00f6nnyen lemoshat\u00f3k, \u00edgy b\u00e1rmilyen esem\u00e9nyen haszn\u00e1lhat\u00f3k an\u00e9lk\u00fcl, hogy irrit\u00e1ln\u00e1k a b\u0151rt.\n\n<H2 class=\"text-meska\/base-orange\"><strong>Arcfest\u00e9k k\u00e9szlet<\/strong> \u2013 Minden sz\u00edn, amire sz\u00fcks\u00e9ged van<\/H2>\nAz <strong>arcfest\u00e9k k\u00e9szlet<\/strong> kiv\u00e1l\u00f3 v\u00e1laszt\u00e1s mindenkinek, aki szeretne v\u00e1ltozatos sz\u00ednekkel dolgozni. Ezek a k\u00e9szletek t\u00f6bbf\u00e9le \u00e1rnyalatot tartalmaznak, \u00edgy b\u00e1rmilyen karaktert, \u00e1llatot vagy tematikus dekor\u00e1ci\u00f3t k\u00f6nnyed\u00e9n megalkothatsz az arcokon. A Meska.hu k\u00edn\u00e1lat\u00e1ban el\u00e9rhet\u0151 arcfest\u00e9k k\u00e9szletek biztons\u00e1gosak, b\u0151rbar\u00e1t \u00f6sszetev\u0151kb\u0151l k\u00e9sz\u00fclnek, \u00e9s garant\u00e1ltan sz\u00f3rakoztat\u00f3ak minden koroszt\u00e1ly sz\u00e1m\u00e1ra.\n\n<H2 class=\"text-meska\/base-orange\"><strong>Arcfest\u00e9k gyerekeknek<\/strong> \u2013 Biztons\u00e1gos \u00e9s b\u0151rbar\u00e1t megold\u00e1s<\/H2>\nAz <strong>arcfest\u00e9k gyerekeknek<\/strong> kifejezetten gyerekbar\u00e1t \u00f6sszetev\u0151kb\u0151l k\u00e9sz\u00fclt, hogy a kicsik is biztons\u00e1gosan \u00e9lvezhess\u00e9k a sz\u00ednes sz\u00f3rakoz\u00e1st. Ezek a fest\u00e9kek k\u00f6nnyen felvihet\u0151k, \u00e9l\u00e9nk sz\u00edn\u0171ek, \u00e9s egyszer\u0171en lemoshat\u00f3k v\u00edzzel, \u00edgy a gyerekek b\u00e1rmilyen alkalomra sz\u00ednes arcfest\u00e9st kaphatnak. A Meska.hu k\u00edn\u00e1lat\u00e1ban sz\u00e1mos arcfest\u00e9k k\u00e9szlet tal\u00e1lhat\u00f3, amelyek biztons\u00e1gosak a kicsik b\u0151r\u00e9re, mik\u00f6zben a sz\u00f3rakoz\u00e1st \u00e9s a kreativit\u00e1st el\u0151seg\u00edtik.\n\n<H2 class=\"text-meska\/base-orange\"><strong>Arcfest\u00e9kek<\/strong> \u2013 Kinek aj\u00e1nlott?<\/H2>\nAz <strong>arcfest\u00e9kek<\/strong> mindenkinek aj\u00e1nlottak, aki szereti a kreat\u00edv sz\u00f3rakoz\u00e1st, legyen sz\u00f3 gyerekekr\u0151l vagy feln\u0151ttekr\u0151l. Ak\u00e1r tematikus bulikra, ak\u00e1r gyerekzs\u00farokra keresel arcfest\u00e9ket, ezek a term\u00e9kek k\u00f6nnyen haszn\u00e1lhat\u00f3k \u00e9s biztons\u00e1gosak. A Meska.hu k\u00edn\u00e1lat\u00e1ban el\u00e9rhet\u0151 arcfest\u00e9kek kiv\u00e1l\u00f3 min\u0151s\u00e9g\u0171ek, b\u0151rbar\u00e1tak \u00e9s v\u00e1ltozatos sz\u00ednekben el\u00e9rhet\u0151k, hogy mindenki sz\u00e1m\u00e1ra \u00e9lvezetes legyen a sz\u00ednez\u00e9s.\n\nNe v\u00e1rj tov\u00e1bb, fedezd fel a Meska.hu <strong>arcfest\u00e9k<\/strong> k\u00edn\u00e1lat\u00e1t, \u00e9s v\u00e1lassz egyedi, k\u00e9zzel k\u00e9sz\u00edtett term\u00e9keket, hogy minden alkalom kreat\u00edv \u00e9s sz\u00ednes legyen! V\u00e1s\u00e1rolj most, \u00e9s tedd k\u00fcl\u00f6nlegess\u00e9 a bulikat \u00e9s rendezv\u00e9nyeket \u00e9l\u00e9nk sz\u00ednekkel \u00e9s biztons\u00e1gos arcfest\u00e9kekkel!","metaDescription":"Fedezd fel a Meska.hu arcfest\u00e9keit! Biztons\u00e1gos arcfest\u00e9k k\u00e9szletek gyerekeknek, \u00e9l\u00e9nk sz\u00ednek, b\u0151rbar\u00e1t \u00f6sszetev\u0151k, gyors sz\u00e1ll\u00edt\u00e1ssal!","descriptionSchema":null,"metaNoIndex":0,"metaNoFollow":0,"seoFound":true,"ogImage":"https:\/\/www.meska.hu\/img\/category_seo\/86-arcfestek--meska-kezmuves-piacter_B0NLR.jpg","canonicals":"https:\/\/www.meska.hu\/s\/arcfestek\/c-86"},"breadcrumb":[{"position":1,"name":"Meska.hu","url":"https:\/\/www.meska.hu","last":false},{"position":2,"name":"Kell\u00e9kek & szersz\u00e1mok","url":"https:\/\/www.meska.hu\/s\/kellekek-szerszamok\/c-1544","last":false},{"position":3,"name":"Fest\u00e9k","url":"https:\/\/www.meska.hu\/s\/festek\/c-73","last":false},{"position":4,"name":"Arcfest\u00e9k","url":"https:\/\/www.meska.hu\/s\/arcfestek\/c-86","last":true}],"h1":"Arcfest\u00e9k","url":{"url":"https:\/\/www.meska.hu\/s\/arcfestek\/c-86","title":"Mind","_debug_":false},"_count_":1}