{"_terms_":{"phrase":"*","facets":"n","p":"1","pp":"100","sort_by":"favourite_count","sort_direction":"desc","product_type":"kezmuves|alapanyag|vintage","session_id":"mioeeeshgfsbalmlpupl39pqb1"},"total":261169,"products":[{"id":"6187002","shop_id":"24794","user_id":"286404","shop_name":"FantaziaDekor","shop_zip":"3200","product_code":"5774029","product_name_old":null,"product_name":"\ud83c\udf93\u2728 Ballag\u00e1si aj\u00e1nd\u00e9k, de make it extra \u2728\ud83c\udf93","category_string":"Otthon & \u00c9letm\u00f3d, Vir\u00e1gdekor\u00e1ci\u00f3, Vir\u00e1gok, Vir\u00e1gcsokor","technic_string":"Vir\u00e1gk\u00f6t\u00e9s","category_1":"813","category_2":"1473","category_3":"1797","category_4":"792","merged_category_1":null,"merged_category_2":null,"merged_category_3":null,"technic_1":"507","technic_2":"0","technic_3":"0","color_1":"522","color_2":"0","color_3":"0","product_description_old":null,"product_description":"Nem a szok\u00e1sos csokor\u2026 \ud83d\udc40\nEz a macis kompoz\u00edci\u00f3 garant\u00e1ltan kit\u0171nik a t\u00f6megb\u0151l \ud83d\udc9c\n\n\u2714\ufe0f cuki, de m\u00e9gis eleg\u00e1ns\n\u2714\ufe0f insta-kompatibilis \ud83d\udcf8\n\u2714\ufe0f \u00f6r\u00f6k eml\u00e9k, nem csak egy napra\n\nHa valami igaz\u00e1n k\u00fcl\u00f6nlegeset adn\u00e1l, ez az \ud83d\udcab\n\n\ud83d\udce9 Csapj le r\u00e1 \u00fczenetben!\n#ballag\u00e1s #aj\u00e1nd\u00e9k\u00f6tlet #handmade #egyedi","price":"11900.00","unit":"db","recommended":"0","status":"1","sponsored":"0","exp_notify":"0","own_material":"0","own_material_description_old":null,"own_material_description":"","jury":"0","jury_number":"","product_nature":"","meskaracsony":"0","create_date":"2026-04-17 17:14:43","shelve_id":"82926","image":"fantaziadekor_product_286404_260417170648_427888.jpeg","image_width":"480","image_height":"480","image_alt":"\ud83c\udf93\u2728 Ballag\u00e1si aj\u00e1nd\u00e9k, de make it extra \u2728\ud83c\udf93, Nem a szok\u00e1sos csokor\u2026 \ud83d\udc40\\nEz a macis kompoz\u00edci\u00f3 garant\u00e1ltan kit\u0171nik a t\u00f6megb\u0151l \ud83d\udc9c\\n\\n\u2714\ufe0f cuki, de m\u00e9gis e..., Meska","image_title":"\ud83c\udf93\u2728 Ballag\u00e1si aj\u00e1nd\u00e9k, de make it extra \u2728\ud83c\udf93, Meska","view_count":"68","favourite_count":"0","trending_score":"0","last2MonthFavouriteCount":"0","promotion":"0","giftcard_accept":"0","creditcard_accept":true,"enhanced_background":"0","domain":"meska","specific_customer_id":null,"specific_customer_name":null,"to_order_product":"0","to_order_product_time":"0","product_different":null,"product_different_description":"","vintage":"0","vintage_category_id":"0","recycled":"0","gemstone_id":"0","customizable":"0","type_category":"physical","zerowaste":"0","postage_price":"2390.00","shop_order":"0","has_category":"1","landing_pages":null,"microdata":{"number":1,"category":""},"title":"\ud83c\udf93\u2728 Ballag\u00e1si aj\u00e1nd\u00e9k, de make it extra \u2728\ud83c\udf93","description":"Nem a szok\u00e1sos csokor\u2026 \ud83d\udc40\nEz a macis kompoz\u00edci\u00f3 garant\u00e1ltan kit\u0171nik a t\u00f6megb\u0151l \ud83d\udc9c\n\n\u2714\ufe0f cuki, de m\u00e9gis eleg\u00e1ns\n\u2714\ufe0f insta-kompatibilis \ud83d\udcf8\n\u2714\ufe0f \u00f6r\u00f6k eml\u00e9k, nem csak egy napra\n\nHa valami igaz\u00e1n k\u00fcl\u00f6nlegeset adn\u00e1l, ez az \ud83d\udcab\n\n\ud83d\udce9 Csapj le r\u00e1 \u00fczenetben!\n#ballag\u00e1s #aj\u00e1nd\u00e9k\u00f6tlet #handmade #egyedi","score":0,"formatted_price":"11 900 Ft","image_url":"https:\/\/www.meska.hu\/img\/product\/small\/f\/a\/fantaziadekor_product_286404_260417170648_427888.jpeg","formatted_url":"https:\/\/www.meska.hu\/p5774029-ballagasi-ajandek-de-make-it-extra","favourite":false,"in_stock":true,"avatar":"","delete_from":0,"is_enhanced_background":false,"is_enhanced":true,"enhanced_ribbon":"<img src=\"\/images\/brightness_brighter_20x20.png\" style=\"position: absolute; right: 13px; top: 7px;\">","enhanced_key":0,"is_key_2":false,"is_key_3":false,"is_key_4":false,"product_selection_started":false,"is_active":true,"image_webp_url":"https:\/\/www.meska.hu\/img\/product\/small\/f\/a\/fantaziadekor_product_286404_260417170648_427888.webp"},{"id":"5430545","shop_id":"43272","user_id":"615364","shop_name":"ViktoriaMuhelye","shop_zip":"4482","product_code":"5340378","product_name_old":null,"product_name":"Baba eml\u00e9k\u0151rz\u0151","category_string":"Baba - mama, Baba eml\u00e9k\u0151rz\u0151, Babaeml\u00e9kek","technic_string":"Famegmunk\u00e1l\u00e1s","category_1":"1728","category_2":"1751","category_3":"1735","category_4":"0","merged_category_1":null,"merged_category_2":null,"merged_category_3":null,"technic_1":"478","technic_2":"0","technic_3":"0","color_1":"521","color_2":"525","color_3":"526","product_description_old":null,"product_description":"L\u00e9zerv\u00e1gott- grav\u00edrozott, k\u00e9zzel festett aj\u00e1nd\u00e9kt\u00e1rgy.\nA felh\u0151 m\u00e9rete: sz\u00e9less\u00e9ge: 340mm\n                              magass\u00e1ga: 235mm\n                               cs\u00fcng\u0151k:    55mm-60mm\n                               figur\u00e1k:       55mm-60mm\n                               n\u00e9v:             140mm-160mm \"f\u00fcgg a baba nev\u00e9nek hossz\u00fas\u00e1g\u00e1t\u00f3l\"\nIde\u00e1lis \u00f6r\u00f6k aj\u00e1nd\u00e9k, fali illetve ajt\u00f3 dekor\u00e1ci\u00f3nak is t\u00f6k\u00e9letes v\u00e1laszt\u00e1s.\nKeressenek bizalommal.","price":"6000.00","unit":"db","recommended":"0","status":"1","sponsored":"0","exp_notify":"0","own_material":"0","own_material_description_old":null,"own_material_description":"","jury":"0","jury_number":"","product_nature":"","meskaracsony":"0","create_date":"2026-03-22 21:24:41","shelve_id":"0","image":"viktoriamuhelye_product_615364_240801155102_816145.png","image_width":"480","image_height":"526","image_alt":"Baba eml\u00e9k\u0151rz\u0151, L\u00e9zerv\u00e1gott- grav\u00edrozott, k\u00e9zzel festett aj\u00e1nd\u00e9kt\u00e1rgy.\\nA felh\u0151 m\u00e9rete: sz\u00e9less\u00e9ge: 340mm\\n           ..., Meska","image_title":"Baba eml\u00e9k\u0151rz\u0151, Meska","view_count":"940","favourite_count":"0","trending_score":"0","last2MonthFavouriteCount":"0","promotion":"0","giftcard_accept":"0","creditcard_accept":false,"enhanced_background":"0","domain":"meska","specific_customer_id":null,"specific_customer_name":null,"to_order_product":"1","to_order_product_time":"3","product_different":null,"product_different_description":"","vintage":"0","vintage_category_id":"0","recycled":"0","gemstone_id":"0","customizable":"1","type_category":"physical","zerowaste":"0","postage_price":"2390.00","shop_order":"0","has_category":"1","landing_pages":null,"microdata":{"number":2,"category":""},"title":"Baba eml\u00e9k\u0151rz\u0151","description":"L\u00e9zerv\u00e1gott- grav\u00edrozott, k\u00e9zzel festett aj\u00e1nd\u00e9kt\u00e1rgy.\nA felh\u0151 m\u00e9rete: sz\u00e9less\u00e9ge: 340mm\n                              magass\u00e1ga: 235mm\n                               cs\u00fcng\u0151k:    55mm-60mm\n                               figur\u00e1k:       55mm-60mm\n                               n\u00e9v:             140mm-160mm \"f\u00fcgg a baba nev\u00e9nek hossz\u00fas\u00e1g\u00e1t\u00f3l\"\nIde\u00e1lis \u00f6r\u00f6k aj\u00e1nd\u00e9k, fali illetve ajt\u00f3 dekor\u00e1ci\u00f3nak is t\u00f6k\u00e9letes v\u00e1laszt\u00e1s.\nKeressenek bizalommal.","score":0,"formatted_price":"6 000 Ft","image_url":"https:\/\/www.meska.hu\/img\/product\/small\/v\/i\/viktoriamuhelye_product_615364_240801155102_816145.png","formatted_url":"https:\/\/www.meska.hu\/p5340378-baba-emlekorzo","favourite":false,"in_stock":false,"avatar":"615364_avatar_1707226398.jpeg","delete_from":0,"is_enhanced_background":false,"is_enhanced":true,"enhanced_ribbon":"<img src=\"\/images\/brightness_brighter_20x20.png\" style=\"position: absolute; right: 13px; top: 7px;\">","enhanced_key":1,"is_key_2":false,"is_key_3":false,"is_key_4":false,"product_selection_started":false,"is_active":true,"image_webp_url":"https:\/\/www.meska.hu\/img\/product\/small\/v\/i\/viktoriamuhelye_product_615364_240801155102_816145.webp"},{"id":"5654629","shop_id":"46695","user_id":"679694","shop_name":"FigisArt","shop_zip":"2234","product_code":"5470725","product_name_old":null,"product_name":"\ud83d\udc9b Sz\u00edv falik\u00e9p Any\u00e1k napj\u00e1ra \u2013 egyedi k\u00e9zm\u0171ves string art dekor, k\u00fcl\u00f6nleges aj\u00e1nd\u00e9k any\u00e1nak","category_string":"Otthon & \u00c9letm\u00f3d, Dekor\u00e1ci\u00f3, Fali \u00e9s f\u00fcgg\u0151 dekor\u00e1ci\u00f3, F\u00fcgg\u0151d\u00edsz","technic_string":"Mindenm\u00e1s, Zsugorka","category_1":"813","category_2":"314","category_3":"1470","category_4":"943","merged_category_1":null,"merged_category_2":null,"merged_category_3":null,"technic_1":"493","technic_2":"569","technic_3":"0","color_1":"514","color_2":"518","color_3":"519","product_description_old":null,"product_description":"Egy sz\u00edvb\u0151l j\u00f6v\u0151 aj\u00e1nd\u00e9k Any\u00e1k napj\u00e1ra \ud83d\udc9b\nEz a k\u00e9zzel k\u00e9sz\u00fclt, sz\u00edv mot\u00edvumos falik\u00e9p meghitt hangulatot visz az otthonba, \u00e9s minden nap eml\u00e9keztet a szeretetre.\n\nNat\u00far fa alapra fesz\u00edtett fonalakb\u00f3l k\u00e9sz\u00fclt, egyedi darab \u2013 nincs k\u00e9t teljesen egyforma.\n\nT\u00f6k\u00e9letes aj\u00e1nd\u00e9k \u00e9desany\u00e1knak, nagymam\u00e1knak vagy b\u00e1rmilyen k\u00fcl\u00f6nleges alkalomra.\n\n25 x 19 cm-es t\u00f6m\u00f6rfa t\u00e1bl\u00e1n\n","price":"12900.00","unit":"db","recommended":"0","status":"1","sponsored":"0","exp_notify":"0","own_material":"0","own_material_description_old":null,"own_material_description":"","jury":"0","jury_number":"","product_nature":"","meskaracsony":"0","create_date":"2026-01-10 10:40:52","shelve_id":"0","image":"figisart_product_679694_250115093702_704436.jpeg","image_width":"480","image_height":"497","image_alt":"\ud83d\udc9b Sz\u00edv falik\u00e9p Any\u00e1k napj\u00e1ra \u2013 egyedi k\u00e9zm\u0171ves string art dekor, k\u00fcl\u00f6nleges aj\u00e1nd\u00e9k any\u00e1nak, Egy sz\u00edvb\u0151l j\u00f6v\u0151 aj\u00e1nd\u00e9k Any\u00e1k napj\u00e1ra \ud83d\udc9b\\nEz a k\u00e9zzel k\u00e9sz\u00fclt, sz\u00edv mot\u00edvumos falik\u00e9p meghitt hangula..., Meska","image_title":"\ud83d\udc9b Sz\u00edv falik\u00e9p Any\u00e1k napj\u00e1ra \u2013 egyedi k\u00e9zm\u0171ves string art dekor, k\u00fcl\u00f6nleges aj\u00e1nd\u00e9k any\u00e1nak, Meska","view_count":"537","favourite_count":"1","trending_score":"0","last2MonthFavouriteCount":"1","promotion":"0","giftcard_accept":"0","creditcard_accept":true,"enhanced_background":"0","domain":"meska","specific_customer_id":null,"specific_customer_name":null,"to_order_product":"0","to_order_product_time":"0","product_different":null,"product_different_description":"","vintage":"0","vintage_category_id":"0","recycled":"0","gemstone_id":"0","customizable":"0","type_category":"physical","zerowaste":"0","postage_price":"1349.00","shop_order":"0","has_category":"1","landing_pages":null,"microdata":{"number":3,"category":""},"title":"\ud83d\udc9b Sz\u00edv falik\u00e9p Any\u00e1k napj\u00e1ra \u2013 egyedi k\u00e9zm\u0171ves string art dekor, k\u00fcl\u00f6nleges aj\u00e1nd\u00e9k any\u00e1nak","description":"Egy sz\u00edvb\u0151l j\u00f6v\u0151 aj\u00e1nd\u00e9k Any\u00e1k napj\u00e1ra \ud83d\udc9b\nEz a k\u00e9zzel k\u00e9sz\u00fclt, sz\u00edv mot\u00edvumos falik\u00e9p meghitt hangulatot visz az otthonba, \u00e9s minden nap eml\u00e9keztet a szeretetre.\n\nNat\u00far fa alapra fesz\u00edtett fonalakb\u00f3l k\u00e9sz\u00fclt, egyedi darab \u2013 nincs k\u00e9t teljesen egyforma.\n\nT\u00f6k\u00e9letes aj\u00e1nd\u00e9k \u00e9desany\u00e1knak, nagymam\u00e1knak vagy b\u00e1rmilyen k\u00fcl\u00f6nleges alkalomra.\n\n25 x 19 cm-es t\u00f6m\u00f6rfa t\u00e1bl\u00e1n\n","score":0,"formatted_price":"12 900 Ft","image_url":"https:\/\/www.meska.hu\/img\/product\/small\/f\/i\/figisart_product_679694_250115093702_704436.jpeg","formatted_url":"https:\/\/www.meska.hu\/p5470725-falikep-sziv","favourite":false,"in_stock":true,"avatar":"679694_avatar_1737317307.jpeg","delete_from":0,"is_enhanced_background":false,"is_enhanced":true,"enhanced_ribbon":"<img src=\"\/images\/brightness_brighter_20x20.png\" style=\"position: absolute; right: 13px; top: 7px;\">","enhanced_key":2,"is_key_2":true,"is_key_3":false,"is_key_4":false,"product_selection_started":false,"is_active":true,"image_webp_url":"https:\/\/www.meska.hu\/img\/product\/small\/f\/i\/figisart_product_679694_250115093702_704436.webp"},{"id":"4790708","shop_id":"24144","user_id":"274209","shop_name":"OtletLada","shop_zip":"7522","product_code":"4954349","product_name_old":null,"product_name":"R\u00f3ka csoport - R\u00f3k\u00e1s \u00d3v\u00f3n\u00e9ni b\u00facs\u00faztat\u00f3 B\u00daCS\u00da aj\u00e1nd\u00e9k eml\u00e9kk\u00f6nyv \u00f3v\u00f3n\u0151knek ballag\u00e1sra aj\u00e1nd\u00e9kba - 21x19cm","category_string":"K\u00f6nyv & Zene, K\u00f6nyv","technic_string":"Fot\u00f3, grafika, rajz, illusztr\u00e1ci\u00f3, K\u00f6nyvk\u00f6t\u00e9s","category_1":"1418","category_2":"998","category_3":"0","category_4":"0","merged_category_1":"0","merged_category_2":"0","merged_category_3":"0","technic_1":"483","technic_2":"671","technic_3":"0","color_1":"519","color_2":"523","color_3":"529","product_description_old":null,"product_description":"K\u00e9rheted egyedi bor\u00edt\u00f3val is. Sz\u00edvhez sz\u00f3l\u00f3 b\u00facs\u00faaj\u00e1nd\u00e9k \u00f3v\u00f3n\u00e9niknek - R\u00f3ka csoport \u00f3vodai eml\u00e9kk\u00f6nyve\nA csoport minden tagja rajzolhat bele. \nSz\u00ednes ceruz\u00e1val rajzolhattok, \u00edrhattok bele, vagy k\u00e9toldal\u00fa ragaszt\u00f3val fot\u00f3kat is csemp\u00e9szhettek bele. \n\nBOR\u00cdT\u00d3JA l\u00e9zer nyomat - bor\u00edt\u00f3 belseje is nyomtatott (l\u00e1sd a 2. fot\u00f3n)\n\u26a0\ufe0fBOR\u00cdT\u00d3 alapanyaga V\u00c1LASZTHAT\u00d3:\n\u2705 ALAP\u00c1RON: KEM\u00c9NY, de v\u00e9kony (kb 0,5mm) m\u0171anyag bor\u00edt\u00f3\n\u2705+1500 Ft-\u00e9rt v\u00e1laszthat\u00f3 2mm extra vastag, KEM\u00c9NY kartont\u00e1bl\u00e1ra k\u00e9sz\u00fclt bor\u00edt\u00f3val is.\n\nPARAM\u00c9TEREK:\n\u25b6\ufe0f Bel\u00edvek 120g-os \u00fcres OFFSET feh\u00e9r lapok* - 40 \u00edv\n\u25b6\ufe0f Fekete vagy feh\u00e9r f\u00e9m spir\u00e1llal\n\u25b6\ufe0f M\u00e9rete: 210x190mm\n\n>>> Sz\u00e1ll\u00edt\u00e1si \u00e9s \u00c1TV\u00c9TELI inform\u00e1ci\u00f3kat a \"Sz\u00e1ll\u00edt\u00e1si Info\" f\u00fclre kattintva tal\u00e1lod\n\n>>> Fizet\u00e9si m\u00f3d - KIZ\u00c1R\u00d3LAG EL\u0150RE FIZET\u00c9SSEL: Bankk\u00e1rty\u00e1val \/ Barionnal \/\u00c1tutal\u00e1ssal vagy Banki befizet\u00e9ssel\n\n\u26a0\ufe0fFONTOS\u26a0\ufe0f Rendel\u00e9shez tedd kos\u00e1rba a term\u00e9ket \u00e9s a \"Kos\u00e1r\" oldalon az \"\u00dczenet az elad\u00f3nak\" r\u00e9szbe \u00edrd be, hogy milyen sz\u00f6veget \/ nevet k\u00e9rsz a bor\u00edt\u00f3ra.","price":"7900.00","unit":"db","recommended":"0","status":"1","sponsored":"0","exp_notify":"0","own_material":"0","own_material_description_old":null,"own_material_description":"","jury":"0","jury_number":"","product_nature":"","meskaracsony":"0","create_date":"2026-02-02 16:23:03","shelve_id":"56349","image":"otletlada_product_274209_230413193020_580524.jpeg","image_width":"480","image_height":"480","image_alt":"R\u00f3ka csoport - R\u00f3k\u00e1s \u00d3v\u00f3n\u00e9ni b\u00facs\u00faztat\u00f3 B\u00daCS\u00da aj\u00e1nd\u00e9k eml\u00e9kk\u00f6nyv \u00f3v\u00f3n\u0151knek ballag\u00e1sra aj\u00e1nd\u00e9kba - 21x19cm, K\u00e9rheted egyedi bor\u00edt\u00f3val is. Sz\u00edvhez sz\u00f3l\u00f3 b\u00facs\u00faaj\u00e1nd\u00e9k \u00f3v\u00f3n\u00e9niknek - R\u00f3ka csoport \u00f3vodai eml\u00e9kk\u00f6ny..., Meska","image_title":"R\u00f3ka csoport - R\u00f3k\u00e1s \u00d3v\u00f3n\u00e9ni b\u00facs\u00faztat\u00f3 B\u00daCS\u00da aj\u00e1nd\u00e9k eml\u00e9kk\u00f6nyv \u00f3v\u00f3n\u0151knek ballag\u00e1sra aj\u00e1nd\u00e9kba - 21x19cm, Meska","view_count":"2649","favourite_count":"0","trending_score":"0","last2MonthFavouriteCount":"0","promotion":"0","giftcard_accept":"0","creditcard_accept":false,"enhanced_background":"0","domain":"meska","specific_customer_id":null,"specific_customer_name":null,"to_order_product":"1","to_order_product_time":"5","product_different":"not_different","product_different_description":"","vintage":"0","vintage_category_id":"0","recycled":"0","gemstone_id":"0","customizable":"1","type_category":"physical","zerowaste":"0","postage_price":"1290.00","shop_order":"18","has_category":"1","landing_pages":"Ballag\u00e1si aj\u00e1nd\u00e9kok \u00e9s kieg\u00e9sz\u00edt\u0151k","microdata":{"number":4,"category":""},"title":"R\u00f3ka csoport - R\u00f3k\u00e1s \u00d3v\u00f3n\u00e9ni b\u00facs\u00faztat\u00f3 B\u00daCS\u00da aj\u00e1nd\u00e9k eml\u00e9kk\u00f6nyv \u00f3v\u00f3n\u0151knek ballag\u00e1sra aj\u00e1nd\u00e9kba - 21x19cm","description":"K\u00e9rheted egyedi bor\u00edt\u00f3val is. Sz\u00edvhez sz\u00f3l\u00f3 b\u00facs\u00faaj\u00e1nd\u00e9k \u00f3v\u00f3n\u00e9niknek - R\u00f3ka csoport \u00f3vodai eml\u00e9kk\u00f6nyve\nA csoport minden tagja rajzolhat bele. \nSz\u00ednes ceruz\u00e1val rajzolhattok, \u00edrhattok bele, vagy k\u00e9toldal\u00fa ragaszt\u00f3val fot\u00f3kat is csemp\u00e9szhettek bele. \n\nBOR\u00cdT\u00d3JA l\u00e9zer nyomat - bor\u00edt\u00f3 belseje is nyomtatott (l\u00e1sd a 2. fot\u00f3n)\n\u26a0\ufe0fBOR\u00cdT\u00d3 alapanyaga V\u00c1LASZTHAT\u00d3:\n\u2705 ALAP\u00c1RON: KEM\u00c9NY, de v\u00e9kony (kb 0,5mm) m\u0171anyag bor\u00edt\u00f3\n\u2705+1500 Ft-\u00e9rt v\u00e1laszthat\u00f3 2mm extra vastag, KEM\u00c9NY kartont\u00e1bl\u00e1ra k\u00e9sz\u00fclt bor\u00edt\u00f3val is.\n\nPARAM\u00c9TEREK:\n\u25b6\ufe0f Bel\u00edvek 120g-os \u00fcres OFFSET feh\u00e9r lapok* - 40 \u00edv\n\u25b6\ufe0f Fekete vagy feh\u00e9r f\u00e9m spir\u00e1llal\n\u25b6\ufe0f M\u00e9rete: 210x190mm\n\n>>> Sz\u00e1ll\u00edt\u00e1si \u00e9s \u00c1TV\u00c9TELI inform\u00e1ci\u00f3kat a \"Sz\u00e1ll\u00edt\u00e1si Info\" f\u00fclre kattintva tal\u00e1lod\n\n>>> Fizet\u00e9si m\u00f3d - KIZ\u00c1R\u00d3LAG EL\u0150RE FIZET\u00c9SSEL: Bankk\u00e1rty\u00e1val \/ Barionnal \/\u00c1tutal\u00e1ssal vagy Banki befizet\u00e9ssel\n\n\u26a0\ufe0fFONTOS\u26a0\ufe0f Rendel\u00e9shez tedd kos\u00e1rba a term\u00e9ket \u00e9s a \"Kos\u00e1r\" oldalon az \"\u00dczenet az elad\u00f3nak\" r\u00e9szbe \u00edrd be, hogy milyen sz\u00f6veget \/ nevet k\u00e9rsz a bor\u00edt\u00f3ra.","score":0,"formatted_price":"7 900 Ft","image_url":"https:\/\/www.meska.hu\/img\/product\/small\/o\/t\/otletlada_product_274209_230413193020_580524.jpeg","formatted_url":"https:\/\/www.meska.hu\/p4954349-roka-csoport-rokas-ovoneni-bucsuztato-bucsu-ajandek-emlekkonyv-ovonoknek-ballagasra-ajandekba-21x19cm","favourite":false,"in_stock":false,"avatar":"274209_avatar_1697355906.jpeg","delete_from":0,"is_enhanced_background":false,"is_enhanced":true,"enhanced_ribbon":"<img src=\"\/images\/brightness_brighter_20x20.png\" style=\"position: absolute; right: 13px; top: 7px;\">","enhanced_key":3,"is_key_2":false,"is_key_3":true,"is_key_4":false,"product_selection_started":false,"is_active":true,"image_webp_url":"https:\/\/www.meska.hu\/img\/product\/small\/o\/t\/otletlada_product_274209_230413193020_580524.webp"},{"id":"6031544","shop_id":"43934","user_id":"631552","shop_name":"Zuzmocity","shop_zip":"1164","product_code":"5687348","product_name_old":null,"product_name":"Mohafestm\u00e9ny 'SPIR\u00c1L' 50x70 cm (mohak\u00e9p\/zuzm\u00f3k\u00e9p)","category_string":"Otthon & \u00c9letm\u00f3d, Dekor\u00e1ci\u00f3, Fali \u00e9s f\u00fcgg\u0151 dekor\u00e1ci\u00f3, Zuzm\u00f3k\u00e9p, Mohak\u00e9p","technic_string":"","category_1":"813","category_2":"314","category_3":"1470","category_4":"1584","merged_category_1":null,"merged_category_2":null,"merged_category_3":null,"technic_1":"0","technic_2":"0","technic_3":"0","color_1":"529","color_2":"0","color_3":"0","product_description_old":null,"product_description":"3D mohafestm\u00e9ny, mely val\u00f3di, stabiliz\u00e1lt moh\u00e1k \u00e9s zuzm\u00f3k felhaszn\u00e1l\u00e1s\u00e1val k\u00e9sz\u00fclt, szemet gy\u00f6ny\u00f6rk\u00f6dtet\u0151, k\u00fcl\u00f6nleges mohak\u00e9p, mely teljesen gondoz\u00e1smentes.\n\nA 'SPIR\u00c1L' mint\u00e1zat dinamizmust, lend\u00fcletet, \u00e9letet visz az enteri\u0151rbe \u00e9s emelett a term\u00e9szet egy darabk\u00e1ja is otthonunkba k\u00f6lt\u00f6zik.A k\u00fcl\u00f6nb\u00f6z\u0151 alapanyagok, text\u00far\u00e1k, m\u00e9lys\u00e9gek teszik igaz\u00e1n k\u00fcl\u00f6nlegess\u00e9 ezt a mohaestm\u00e9nyt. PR\u00c9MIUM MIN\u0150S\u00c9G\u0170 zuzm\u00f3b\u00f3l k\u00e9sz\u00fcl! B\u00e1rmely bels\u0151 t\u00e9rben\u00a0csodasz\u00e9p, \u00fcde hat\u00e1s\u00fa\u00a0dekor\u00e1ci\u00f3, mellyel bevihetj\u00fck a term\u00e9szetet otthonunkba.\n\nMib\u0151l k\u00e9sz\u00fclt? Val\u00f3di, tart\u00f3s\u00edtott\n\n- izlandi zuzm\u00f3: lime, vil\u00e1gosz\u00f6ld, f\u0171z\u00f6ld, erd\u0151z\u00f6ld sz\u00ednekben\n\n- g\u00f6mbmoha: vil\u00e1gosz\u00f6ld, s\u00f6t\u00e9tz\u00f6ld\n\n- laposmoha\n\nMi\u00e9rt j\u00f3 az izlandi zuzm\u00f3b\u00f3l k\u00e9sz\u00fclt dekor\u00e1ci\u00f3?\n\n\u2022 Rendk\u00edv\u00fcl dekorat\u00edv \u00e9s puha\n\n\u2022 Tart\u00f3s (10-15 \u00e9v)\n\n\u2022 100% term\u00e9szetes, nem m\u0171anyag\n\n\u2022 Gondoz\u00e1smentes\n\n\u2022 Nem ig\u00e9nyel f\u00e9nyt\n\n\u2022 K\u00f6rnyezetbar\u00e1t\n\n\u2022 Nem vonzza a rovarokat\n\n\u2022 Nem vonzza a port\n\n\u2022 Antiallerg\u00e9n\n\n\u2022 Hangelnyel\u0151\n\n\u2022 T\u0171z\u00e1ll\u00f3\n\nKIZ\u00c1R\u00d3LAG KEREK FEJ\u0170, PR\u00c9MIUM ZUZM\u00d3T HASZN\u00c1LUNK, mely nem egyezik meg a \"vir\u00e1gosokn\u00e1l\", hobbiboltokban kaphat\u00f3 zuzm\u00f3 min\u0151s\u00e9g\u00e9vel!\n\nMi\u00e9rt j\u00f3 az izlandi zuzm\u00f3b\u00f3l k\u00e9sz\u00fclt dekor\u00e1ci\u00f3?\n\n\u2022 Rendk\u00edv\u00fcl dekorat\u00edv \u00e9s puha\n\n\u2022 Tart\u00f3s (10-15 \u00e9v)\n\n\u2022 100% term\u00e9szetes, nem m\u0171anyag\n\n\u2022 Gondoz\u00e1smentes\n\n\u2022 Nem ig\u00e9nyel f\u00e9nyt\n\n\u2022 K\u00f6rnyezetbar\u00e1t\n\n\u2022 Nem vonzza a rovarokat\n\n\u2022 Nem vonzza a port\n\n\u2022 Antiallerg\u00e9n\n\n\u2022\u00a0T\u0171z\u00e1ll\u00f3\n\n\u00cdgy is ismerheted: izlandi zuzm\u00f3, r\u00e9nszarvas zuzm\u00f3, skandin\u00e1v zuzm\u00f3, r\u00e9nszarvasmoha, izlandi moha","price":"81500.00","unit":"db","recommended":"0","status":"1","sponsored":"0","exp_notify":"0","own_material":"0","own_material_description_old":null,"own_material_description":"","jury":"0","jury_number":"","product_nature":"","meskaracsony":"0","create_date":"2026-04-03 21:28:28","shelve_id":"0","image":"zuzmocity_product_631552_251204202707_744723.jpeg","image_width":"480","image_height":"480","image_alt":"Mohafestm\u00e9ny \\'SPIR\u00c1L\\' 50x70 cm (mohak\u00e9p\/zuzm\u00f3k\u00e9p), 3D mohafestm\u00e9ny, mely val\u00f3di, stabiliz\u00e1lt moh\u00e1k \u00e9s zuzm\u00f3k felhaszn\u00e1l\u00e1s\u00e1val k\u00e9sz\u00fclt, szemet gy\u00f6ny\u00f6rk\u00f6..., Meska","image_title":"Mohafestm\u00e9ny \\'SPIR\u00c1L\\' 50x70 cm (mohak\u00e9p\/zuzm\u00f3k\u00e9p), Meska","view_count":"319","favourite_count":"27","trending_score":"0","last2MonthFavouriteCount":"27","promotion":"0","giftcard_accept":"0","creditcard_accept":false,"enhanced_background":"0","domain":"meska","specific_customer_id":null,"specific_customer_name":null,"to_order_product":"0","to_order_product_time":"0","product_different":null,"product_different_description":"","vintage":"0","vintage_category_id":"0","recycled":"0","gemstone_id":"0","customizable":"0","type_category":"physical","zerowaste":"0","postage_price":"2390.00","shop_order":"0","has_category":"1","landing_pages":null,"microdata":{"number":1,"category":""},"title":"Mohafestm\u00e9ny 'SPIR\u00c1L' 50x70 cm (mohak\u00e9p\/zuzm\u00f3k\u00e9p)","description":"3D mohafestm\u00e9ny, mely val\u00f3di, stabiliz\u00e1lt moh\u00e1k \u00e9s zuzm\u00f3k felhaszn\u00e1l\u00e1s\u00e1val k\u00e9sz\u00fclt, szemet gy\u00f6ny\u00f6rk\u00f6dtet\u0151, k\u00fcl\u00f6nleges mohak\u00e9p, mely teljesen gondoz\u00e1smentes.\n\nA 'SPIR\u00c1L' mint\u00e1zat dinamizmust, lend\u00fcletet, \u00e9letet visz az enteri\u0151rbe \u00e9s emelett a term\u00e9szet egy darabk\u00e1ja is otthonunkba k\u00f6lt\u00f6zik.A k\u00fcl\u00f6nb\u00f6z\u0151 alapanyagok, text\u00far\u00e1k, m\u00e9lys\u00e9gek teszik igaz\u00e1n k\u00fcl\u00f6nlegess\u00e9 ezt a mohaestm\u00e9nyt. PR\u00c9MIUM MIN\u0150S\u00c9G\u0170 zuzm\u00f3b\u00f3l k\u00e9sz\u00fcl! B\u00e1rmely bels\u0151 t\u00e9rben\u00a0csodasz\u00e9p, \u00fcde hat\u00e1s\u00fa\u00a0dekor\u00e1ci\u00f3, mellyel bevihetj\u00fck a term\u00e9szetet otthonunkba.\n\nMib\u0151l k\u00e9sz\u00fclt? Val\u00f3di, tart\u00f3s\u00edtott\n\n- izlandi zuzm\u00f3: lime, vil\u00e1gosz\u00f6ld, f\u0171z\u00f6ld, erd\u0151z\u00f6ld sz\u00ednekben\n\n- g\u00f6mbmoha: vil\u00e1gosz\u00f6ld, s\u00f6t\u00e9tz\u00f6ld\n\n- laposmoha\n\nMi\u00e9rt j\u00f3 az izlandi zuzm\u00f3b\u00f3l k\u00e9sz\u00fclt dekor\u00e1ci\u00f3?\n\n\u2022 Rendk\u00edv\u00fcl dekorat\u00edv \u00e9s puha\n\n\u2022 Tart\u00f3s (10-15 \u00e9v)\n\n\u2022 100% term\u00e9szetes, nem m\u0171anyag\n\n\u2022 Gondoz\u00e1smentes\n\n\u2022 Nem ig\u00e9nyel f\u00e9nyt\n\n\u2022 K\u00f6rnyezetbar\u00e1t\n\n\u2022 Nem vonzza a rovarokat\n\n\u2022 Nem vonzza a port\n\n\u2022 Antiallerg\u00e9n\n\n\u2022 Hangelnyel\u0151\n\n\u2022 T\u0171z\u00e1ll\u00f3\n\nKIZ\u00c1R\u00d3LAG KEREK FEJ\u0170, PR\u00c9MIUM ZUZM\u00d3T HASZN\u00c1LUNK, mely nem egyezik meg a \"vir\u00e1gosokn\u00e1l\", hobbiboltokban kaphat\u00f3 zuzm\u00f3 min\u0151s\u00e9g\u00e9vel!\n\nMi\u00e9rt j\u00f3 az izlandi zuzm\u00f3b\u00f3l k\u00e9sz\u00fclt dekor\u00e1ci\u00f3?\n\n\u2022 Rendk\u00edv\u00fcl dekorat\u00edv \u00e9s puha\n\n\u2022 Tart\u00f3s (10-15 \u00e9v)\n\n\u2022 100% term\u00e9szetes, nem m\u0171anyag\n\n\u2022 Gondoz\u00e1smentes\n\n\u2022 Nem ig\u00e9nyel f\u00e9nyt\n\n\u2022 K\u00f6rnyezetbar\u00e1t\n\n\u2022 Nem vonzza a rovarokat\n\n\u2022 Nem vonzza a port\n\n\u2022 Antiallerg\u00e9n\n\n\u2022\u00a0T\u0171z\u00e1ll\u00f3\n\n\u00cdgy is ismerheted: izlandi zuzm\u00f3, r\u00e9nszarvas zuzm\u00f3, skandin\u00e1v zuzm\u00f3, r\u00e9nszarvasmoha, izlandi moha","score":0,"formatted_price":"81 500 Ft","image_url":"https:\/\/www.meska.hu\/img\/product\/small\/z\/u\/zuzmocity_product_631552_251204202707_744723.jpeg","formatted_url":"https:\/\/www.meska.hu\/p5687348-mohafestmeny-spiral-50x70-cm-mohakep-zuzmokep","favourite":false,"in_stock":true,"avatar":"631552_avatar_1705325562.jpeg","delete_from":0,"is_enhanced_background":false,"is_enhanced":false,"product_selection_started":false,"is_active":true,"image_webp_url":"https:\/\/www.meska.hu\/img\/product\/small\/z\/u\/zuzmocity_product_631552_251204202707_744723.webp"},{"id":"4871075","shop_id":"39402","user_id":"539357","shop_name":"DorasDesign2022","shop_zip":"2164","product_code":"5000268","product_name_old":null,"product_name":"Egyszarv\u00fas h\u00edmzett, n\u00e9vresz\u00f3l\u00f3 babatakar\u00f3","category_string":"Baba - mama, Baba \u00e1gynem\u0171, Babatakar\u00f3, gyerek pl\u00e9d","technic_string":"H\u00edmz\u00e9s, Varr\u00e1s","category_1":"1735","category_2":"1450","category_3":"311","category_4":"0","merged_category_1":"0","merged_category_2":"0","merged_category_3":"0","technic_1":"487","technic_2":"506","technic_3":"0","color_1":"525","color_2":"0","color_3":"0","product_description_old":null,"product_description":"M\u00e9rete: 75*95cm \nMinky-sherpa anyag\u00fa \nA sz\u00e1modra ide\u00e1lis n\u00e9vvel k\u00e9sz\u00edtj\u00fck el a term\u00e9ket ,melyet \u00fczenet form\u00e1j\u00e1ban egyeztet\u00fcnk","price":"11000.00","unit":"db","recommended":"0","status":"1","sponsored":"0","exp_notify":"0","own_material":"0","own_material_description_old":null,"own_material_description":"","jury":"0","jury_number":"","product_nature":"","meskaracsony":"0","create_date":"2026-04-09 10:07:16","shelve_id":"0","image":"dorasdesign2022_product_539357_260401224134_802449.jpeg","image_width":"480","image_height":"640","image_alt":"Egyszarv\u00fas h\u00edmzett, n\u00e9vresz\u00f3l\u00f3 babatakar\u00f3, M\u00e9rete: 75*95cm \\nMinky-sherpa anyag\u00fa \\nA sz\u00e1modra ide\u00e1lis n\u00e9vvel k\u00e9sz\u00edtj\u00fck el a term\u00e9ket ,melyet \u00fczen..., Meska","image_title":"Egyszarv\u00fas h\u00edmzett, n\u00e9vresz\u00f3l\u00f3 babatakar\u00f3, Meska","view_count":"2148","favourite_count":"27","trending_score":"0","last2MonthFavouriteCount":"27","promotion":"0","giftcard_accept":"0","creditcard_accept":false,"enhanced_background":"0","domain":"meska","specific_customer_id":null,"specific_customer_name":null,"to_order_product":"1","to_order_product_time":"8","product_different":null,"product_different_description":"","vintage":"0","vintage_category_id":"0","recycled":"0","gemstone_id":"0","customizable":"1","type_category":"physical","zerowaste":"0","postage_price":"2390.00","shop_order":"0","has_category":"1","landing_pages":null,"microdata":{"number":2,"category":""},"title":"Egyszarv\u00fas h\u00edmzett, n\u00e9vresz\u00f3l\u00f3 babatakar\u00f3","description":"M\u00e9rete: 75*95cm \nMinky-sherpa anyag\u00fa \nA sz\u00e1modra ide\u00e1lis n\u00e9vvel k\u00e9sz\u00edtj\u00fck el a term\u00e9ket ,melyet \u00fczenet form\u00e1j\u00e1ban egyeztet\u00fcnk","score":0,"formatted_price":"11 000 Ft","image_url":"https:\/\/www.meska.hu\/img\/product\/small\/d\/o\/dorasdesign2022_product_539357_260401224134_802449.jpeg","formatted_url":"https:\/\/www.meska.hu\/p5000268-egyszarvus-himzett-nevreszolo-babatakaro","favourite":false,"in_stock":false,"avatar":"539357_avatar_1669881819.jpeg","delete_from":0,"is_enhanced_background":false,"is_enhanced":false,"product_selection_started":false,"is_active":true,"image_webp_url":"https:\/\/www.meska.hu\/img\/product\/small\/d\/o\/dorasdesign2022_product_539357_260401224134_802449.webp"},{"id":"6132394","shop_id":"19191","user_id":"176087","shop_name":"fenyves","shop_zip":"3383","product_code":"5742934","product_name_old":null,"product_name":"Nyuszi l\u00e1ny - r\u00f3zs\u00e1s  - p\u00f6ttyes szalagos- amigurumi - horgolt marok\u00e1llat","category_string":"J\u00e1t\u00e9k & Sport, Pl\u00fcss\u00e1llat & J\u00e1t\u00e9kfigura, Nyuszi","technic_string":"H\u00edmz\u00e9s, Horgol\u00e1s","category_1":"305","category_2":"349","category_3":"1121","category_4":"0","merged_category_1":null,"merged_category_2":null,"merged_category_3":null,"technic_1":"487","technic_2":"488","technic_3":"0","color_1":"515","color_2":"516","color_3":"532","product_description_old":null,"product_description":"Kedves  aj\u00e1nd\u00e9k ez a cuki nyuszi l\u00e1ny.\n\nEz a cuki nyuszi l\u00e1ny egyedi minta alapj\u00e1n k\u00e9sz\u00fclt.\nT\u00f6rt feh\u00e9r min\u0151s\u00e9gi 100% pamutfonalb\u00f3l.\nMint\u00e1s pamutv\u00e1szon a d\u00edsz\u00edt\u00e9se \u00e9s k\u00e9zi \u00f6lt\u00e9ssel van r\u00f6gzitve.\nSzeme k\u00e9zi h\u00edmz\u00e9ssel k\u00e9sz\u00fclt.\nMagass\u00e1ga kb 15 cm\n\n\nMinden r\u00f6gz\u00edtett..\n\nK\u00f6sz\u00f6n\u00f6m, hogy megn\u00e9zted.","price":"4000.00","unit":"db","recommended":"0","status":"1","sponsored":"0","exp_notify":"0","own_material":"0","own_material_description_old":null,"own_material_description":"","jury":"0","jury_number":"","product_nature":"","meskaracsony":"0","create_date":"2026-04-09 10:31:24","shelve_id":"73280","image":"fenyves_product_176087_260228134414_707198.jpeg","image_width":"480","image_height":"731","image_alt":"Nyuszi l\u00e1ny - r\u00f3zs\u00e1s  - p\u00f6ttyes szalagos- amigurumi - horgolt marok\u00e1llat, Kedves  aj\u00e1nd\u00e9k ez a cuki nyuszi l\u00e1ny.\\n\\nEz a cuki nyuszi l\u00e1ny egyedi minta alapj\u00e1n k\u00e9sz\u00fclt.\\nT\u00f6rt feh..., Meska","image_title":"Nyuszi l\u00e1ny - r\u00f3zs\u00e1s  - p\u00f6ttyes szalagos- amigurumi - horgolt marok\u00e1llat, Meska","view_count":"196","favourite_count":"26","trending_score":"0","last2MonthFavouriteCount":"25","promotion":"0","giftcard_accept":"0","creditcard_accept":false,"enhanced_background":"0","domain":"meska","specific_customer_id":null,"specific_customer_name":null,"to_order_product":"0","to_order_product_time":"0","product_different":null,"product_different_description":"","vintage":"0","vintage_category_id":"0","recycled":"0","gemstone_id":"0","customizable":"0","type_category":"physical","zerowaste":"0","postage_price":"2470.00","shop_order":"0","has_category":"1","landing_pages":null,"microdata":{"number":3,"category":""},"title":"Nyuszi l\u00e1ny - r\u00f3zs\u00e1s  - p\u00f6ttyes szalagos- amigurumi - horgolt marok\u00e1llat","description":"Kedves  aj\u00e1nd\u00e9k ez a cuki nyuszi l\u00e1ny.\n\nEz a cuki nyuszi l\u00e1ny egyedi minta alapj\u00e1n k\u00e9sz\u00fclt.\nT\u00f6rt feh\u00e9r min\u0151s\u00e9gi 100% pamutfonalb\u00f3l.\nMint\u00e1s pamutv\u00e1szon a d\u00edsz\u00edt\u00e9se \u00e9s k\u00e9zi \u00f6lt\u00e9ssel van r\u00f6gzitve.\nSzeme k\u00e9zi h\u00edmz\u00e9ssel k\u00e9sz\u00fclt.\nMagass\u00e1ga kb 15 cm\n\n\nMinden r\u00f6gz\u00edtett..\n\nK\u00f6sz\u00f6n\u00f6m, hogy megn\u00e9zted.","score":0,"formatted_price":"4 000 Ft","image_url":"https:\/\/www.meska.hu\/img\/product\/small\/f\/e\/fenyves_product_176087_260228134414_707198.jpeg","formatted_url":"https:\/\/www.meska.hu\/p5742934-nyuszi-lany-rozsas-pottyes-szalagos-amigurumi-horgolt-marokallat","favourite":false,"in_stock":true,"avatar":"176087_avatar_1696842502.jpeg","delete_from":0,"is_enhanced_background":false,"is_enhanced":false,"product_selection_started":false,"is_active":true,"image_webp_url":"https:\/\/www.meska.hu\/img\/product\/small\/f\/e\/fenyves_product_176087_260228134414_707198.webp"},{"id":"5314068","shop_id":"39809","user_id":"5519","shop_name":"mANDIbohandmade","shop_zip":"415500","product_code":"5277863","product_name_old":null,"product_name":"Tan\u00e1ri t\u00fal\u00e9l\u0151k\u00e9szlet - vicces aj\u00e1nd\u00e9k pedag\u00f3gusoknak, \u00f3v\u00f3dai, tan\u00e1ri ballag\u00e1si aj\u00e1nd\u00e9k \u00e9vz\u00e1r\u00f3ra, pedag\u00f3gusnapra","category_string":"Esk\u00fcv\u0151, Eml\u00e9k & Aj\u00e1nd\u00e9k, Doboz","technic_string":"Grav\u00edroz\u00e1s, pirogr\u00e1fia","category_1":"317","category_2":"905","category_3":"1072","category_4":"0","merged_category_1":null,"merged_category_2":null,"merged_category_3":null,"technic_1":"796","technic_2":"0","technic_3":"0","color_1":"515","color_2":"523","color_3":"0","product_description_old":null,"product_description":"K\u00e9zi pirograv\u00edroz\u00e1ssal k\u00e9sz\u00fclt, festett, v\u00edzb\u00e1z\u00eds\u00fa lakkal bevont doboz, szem\u00e9lyre szabhat\u00f3 dekor\u00e1ci\u00f3val a tetej\u00e9n. \nA doboz tetej\u00e9n l\u00e9v\u0151 sz\u00f6veg is v\u00e1ltoztathat\u00f3, megjegyz\u00e9sben \u00edrd meg, hogy mi legyen rajta.\n\nV\u00e1laszthat\u00f3 t\u00edpusok:\n4 rekeszes doboz- M\u00e9rete: 16x16x8cm\n5 rekeszes -  M\u00e9rete: 21,5x16,5x8 cm\n6 rekeszes  - M\u00e9rete: 21,5x16,5x8 cm\n9 rekeszes - M\u00e9rete: 24x21x8 cm\n\nV\u00e1laszthat\u00f3 cetlik n\u00e9lk\u00fcl, csak cetlikkel vagy cetlikkel \u00e9s kell\u00e9kekkel.\n\nV\u00e1laszthat\u00f3 sz\u00f6vegek: [a sz\u00f6vegek k\u00f6zvetlen hangnemben \u00edr\u00f3dtak, amennyiben mag\u00e1z\u00f3d\u00f3 st\u00edlust szeretn\u00e9l, k\u00fcldd a k\u00e9rt m\u00f3dos\u00edtott sz\u00f6veget priv\u00e1t \u00fczenetben]\n1. Aj\u00e1nd\u00e9k: \u26d4\ufe0f csak cetli!!\n2. Arany: Hogy tudd, mennyire \u00e9rt\u00e9kes vagy sz\u00e1munkra. \n3. Bef\u0151ttesgumi - Hogy eml\u00e9kezz arra, mennyire rugalmas vagy.\n4. C\u00e9rnagombolyag - Hogy b\u00edrjad c\u00e9rn\u00e1val.\n5. \u00c9dess\u00e9g - Hogy meg\u00e9des\u00edtse a napjaidat.\n6. F\u00fcldug\u00f3 - Ha t\u00fal nagy a hangzavar...\n7. F\u00fcrd\u0151bomba - Ha al\u00e1mer\u00fcln\u00e9l egy kicsit.\n8. G\u00e9mkapocs - Hogy egybetartson, amikor \u00fagy \u00e9rzed, sz\u00e9tesel.\n9. Gyertya - A j\u00f3 tan\u00e1r olyan, mint a gyertya, saj\u00e1t f\u00e9ny\u00e9vel gy\u00fajtja meg a m\u00e1sikat.\n10. Ir\u00e1nyt\u0171 - Hogy az oszt\u00e1lyodnak mindig a helyes ir\u00e1nyt mutasd.\n11. K\u00e1v\u00e9 - Hogy mindig legyen energi\u00e1d.\n12. Kulcs - Hogy eml\u00e9kezz, n\u00e1lad van a tud\u00e1s kulcsa.\n13. Leszaromtabletta - Neh\u00e9z napokra, mikor m\u00e1r semmi sem seg\u00edt. - \u26a0\ufe0f ebben az esetben 2 rekesz 1-nek sz\u00e1m\u00edt, teh\u00e1t az 5, 8 \u00e9s 9 rekeszes dobozba f\u00e9r csak bele, ez ut\u00f3bbi kett\u0151b\u0151l 2 rekeszt egybe nyitok. \u26a0\ufe0f\n14. Levendula - Ha egy kis nyugalomra v\u00e1gysz (egy kis organzazs\u00e1k levendula)\n15. M\u00e1gnes - Hogy vonzzad a di\u00e1kok figyelm\u00e9t.\n16. \u00d6ntapad\u00f3s notesz - Hogy feljegyezd a j\u00f3 dolgokat, a sz\u00e9p eml\u00e9keket \u00e9s az \u00f6tleteidet.\n17. Pap\u00edr zsebkend\u0151 - Hogy felsz\u00e1r\u00edtsd a k\u00f6nnyeket, a ti\u00e9det \u00e9s az oszt\u00e1lyod\u00e9t.\n18. Pirula - Ha a ti\u00e9d elgurult volna.\n19. Pom pom - Hogy tudd, mi mindig drukkolunk neked.\n20. Rad\u00edr - Mert mindenki k\u00f6vet el hib\u00e1kat, de ki lehet \u0151ket jav\u00edtani.\n21. Ragaszt\u00f3szalag - Hogy ragaszkodj a j\u00f3 dolgokhoz.\n22. Sebtapasz - Enn\u00e9l nagyobb baj sose \u00e9rjen!\n23. Sz\u00ednes ceruza - Hogy kisz\u00ednezd a sz\u00fcrke h\u00e9tk\u00f6znapokat.\n24. Sz\u00f6vegkiemel\u0151 - Hogy kiemeld a sz\u00e1modra fontos dolgokat.\n25. Tea - Hogy relax\u00e1lj egy neh\u00e9z nap ut\u00e1n.\n\nAmennyiben m\u00e1s sz\u00f6veget szeretn\u00e9l a cetlire, k\u00e9rheted megjegyz\u00e9sben vagy priv\u00e1t \u00fczenetben.\n\nA doboz bels\u0151 fele szem\u00e9lyre szabhat\u00f3, v\u00e1laszd ki az opci\u00f3t \u00e9s a k\u00e9rt sz\u00f6veg k\u00e9rhet\u0151 megjegyz\u00e9sben vagy priv\u00e1t \u00fczenetben. \n\nAnyag: fa\n\nM\u00e9g t\u00f6bb pedag\u00f3gusaj\u00e1nd\u00e9k itt tal\u00e1lhat\u00f3: https:\/\/www.meska.hu\/shop\/mANDIbohandmade?s=71614","price":"6500.00","unit":"db","recommended":"0","status":"1","sponsored":"0","exp_notify":"0","own_material":"0","own_material_description_old":null,"own_material_description":"","jury":"0","jury_number":"","product_nature":"","meskaracsony":"0","create_date":"2026-04-21 11:19:30","shelve_id":"71614","image":"mandibohandmade_product_5519_240423141213_779885.png","image_width":"480","image_height":"377","image_alt":"Tan\u00e1ri t\u00fal\u00e9l\u0151k\u00e9szlet - vicces aj\u00e1nd\u00e9k pedag\u00f3gusoknak, \u00f3v\u00f3dai, tan\u00e1ri ballag\u00e1si aj\u00e1nd\u00e9k \u00e9vz\u00e1r\u00f3ra, pedag\u00f3gusnapra, K\u00e9zi pirograv\u00edroz\u00e1ssal k\u00e9sz\u00fclt, festett, v\u00edzb\u00e1z\u00eds\u00fa lakkal bevont doboz, szem\u00e9lyre szabhat\u00f3 dekor\u00e1ci\u00f3..., Meska","image_title":"Tan\u00e1ri t\u00fal\u00e9l\u0151k\u00e9szlet - vicces aj\u00e1nd\u00e9k pedag\u00f3gusoknak, \u00f3v\u00f3dai, tan\u00e1ri ballag\u00e1si aj\u00e1nd\u00e9k \u00e9vz\u00e1r\u00f3ra, pedag\u00f3gusnapra, Meska","view_count":"29034","favourite_count":"26","trending_score":"0","last2MonthFavouriteCount":"26","promotion":"0","giftcard_accept":"0","creditcard_accept":true,"enhanced_background":"0","domain":"meska","specific_customer_id":null,"specific_customer_name":null,"to_order_product":"1","to_order_product_time":"14","product_different":null,"product_different_description":"","vintage":"0","vintage_category_id":"0","recycled":"0","gemstone_id":"0","customizable":"1","type_category":"physical","zerowaste":"0","postage_price":"2390.00","shop_order":"0","has_category":"1","landing_pages":"Ballag\u00e1si aj\u00e1nd\u00e9kok \u00e9s kieg\u00e9sz\u00edt\u0151k, Ballag\u00e1si aj\u00e1nd\u00e9kok \u00e9s kieg\u00e9sz\u00edt\u0151k, Ballag\u00e1si aj\u00e1nd\u00e9kok \u00e9s kieg\u00e9sz\u00edt\u0151k, Ballag\u00e1si aj\u00e1nd\u00e9kok \u00e9s kieg\u00e9sz\u00edt\u0151k, Ballag\u00e1si aj\u00e1nd\u00e9kok \u00e9s kieg\u00e9sz\u00edt\u0151k, Ballag\u00e1si aj\u00e1nd\u00e9kok \u00e9s kieg\u00e9sz\u00edt\u0151k, Ballag\u00e1si aj\u00e1nd\u00e9kok \u00e9s kieg\u00e9sz\u00edt\u0151k","microdata":{"number":4,"category":""},"title":"Tan\u00e1ri t\u00fal\u00e9l\u0151k\u00e9szlet - vicces aj\u00e1nd\u00e9k pedag\u00f3gusoknak, \u00f3v\u00f3dai, tan\u00e1ri ballag\u00e1si aj\u00e1nd\u00e9k \u00e9vz\u00e1r\u00f3ra, pedag\u00f3gusnapra","description":"K\u00e9zi pirograv\u00edroz\u00e1ssal k\u00e9sz\u00fclt, festett, v\u00edzb\u00e1z\u00eds\u00fa lakkal bevont doboz, szem\u00e9lyre szabhat\u00f3 dekor\u00e1ci\u00f3val a tetej\u00e9n. \nA doboz tetej\u00e9n l\u00e9v\u0151 sz\u00f6veg is v\u00e1ltoztathat\u00f3, megjegyz\u00e9sben \u00edrd meg, hogy mi legyen rajta.\n\nV\u00e1laszthat\u00f3 t\u00edpusok:\n4 rekeszes doboz- M\u00e9rete: 16x16x8cm\n5 rekeszes -  M\u00e9rete: 21,5x16,5x8 cm\n6 rekeszes  - M\u00e9rete: 21,5x16,5x8 cm\n9 rekeszes - M\u00e9rete: 24x21x8 cm\n\nV\u00e1laszthat\u00f3 cetlik n\u00e9lk\u00fcl, csak cetlikkel vagy cetlikkel \u00e9s kell\u00e9kekkel.\n\nV\u00e1laszthat\u00f3 sz\u00f6vegek: [a sz\u00f6vegek k\u00f6zvetlen hangnemben \u00edr\u00f3dtak, amennyiben mag\u00e1z\u00f3d\u00f3 st\u00edlust szeretn\u00e9l, k\u00fcldd a k\u00e9rt m\u00f3dos\u00edtott sz\u00f6veget priv\u00e1t \u00fczenetben]\n1. Aj\u00e1nd\u00e9k: \u26d4\ufe0f csak cetli!!\n2. Arany: Hogy tudd, mennyire \u00e9rt\u00e9kes vagy sz\u00e1munkra. \n3. Bef\u0151ttesgumi - Hogy eml\u00e9kezz arra, mennyire rugalmas vagy.\n4. C\u00e9rnagombolyag - Hogy b\u00edrjad c\u00e9rn\u00e1val.\n5. \u00c9dess\u00e9g - Hogy meg\u00e9des\u00edtse a napjaidat.\n6. F\u00fcldug\u00f3 - Ha t\u00fal nagy a hangzavar...\n7. F\u00fcrd\u0151bomba - Ha al\u00e1mer\u00fcln\u00e9l egy kicsit.\n8. G\u00e9mkapocs - Hogy egybetartson, amikor \u00fagy \u00e9rzed, sz\u00e9tesel.\n9. Gyertya - A j\u00f3 tan\u00e1r olyan, mint a gyertya, saj\u00e1t f\u00e9ny\u00e9vel gy\u00fajtja meg a m\u00e1sikat.\n10. Ir\u00e1nyt\u0171 - Hogy az oszt\u00e1lyodnak mindig a helyes ir\u00e1nyt mutasd.\n11. K\u00e1v\u00e9 - Hogy mindig legyen energi\u00e1d.\n12. Kulcs - Hogy eml\u00e9kezz, n\u00e1lad van a tud\u00e1s kulcsa.\n13. Leszaromtabletta - Neh\u00e9z napokra, mikor m\u00e1r semmi sem seg\u00edt. - \u26a0\ufe0f ebben az esetben 2 rekesz 1-nek sz\u00e1m\u00edt, teh\u00e1t az 5, 8 \u00e9s 9 rekeszes dobozba f\u00e9r csak bele, ez ut\u00f3bbi kett\u0151b\u0151l 2 rekeszt egybe nyitok. \u26a0\ufe0f\n14. Levendula - Ha egy kis nyugalomra v\u00e1gysz (egy kis organzazs\u00e1k levendula)\n15. M\u00e1gnes - Hogy vonzzad a di\u00e1kok figyelm\u00e9t.\n16. \u00d6ntapad\u00f3s notesz - Hogy feljegyezd a j\u00f3 dolgokat, a sz\u00e9p eml\u00e9keket \u00e9s az \u00f6tleteidet.\n17. Pap\u00edr zsebkend\u0151 - Hogy felsz\u00e1r\u00edtsd a k\u00f6nnyeket, a ti\u00e9det \u00e9s az oszt\u00e1lyod\u00e9t.\n18. Pirula - Ha a ti\u00e9d elgurult volna.\n19. Pom pom - Hogy tudd, mi mindig drukkolunk neked.\n20. Rad\u00edr - Mert mindenki k\u00f6vet el hib\u00e1kat, de ki lehet \u0151ket jav\u00edtani.\n21. Ragaszt\u00f3szalag - Hogy ragaszkodj a j\u00f3 dolgokhoz.\n22. Sebtapasz - Enn\u00e9l nagyobb baj sose \u00e9rjen!\n23. Sz\u00ednes ceruza - Hogy kisz\u00ednezd a sz\u00fcrke h\u00e9tk\u00f6znapokat.\n24. Sz\u00f6vegkiemel\u0151 - Hogy kiemeld a sz\u00e1modra fontos dolgokat.\n25. Tea - Hogy relax\u00e1lj egy neh\u00e9z nap ut\u00e1n.\n\nAmennyiben m\u00e1s sz\u00f6veget szeretn\u00e9l a cetlire, k\u00e9rheted megjegyz\u00e9sben vagy priv\u00e1t \u00fczenetben.\n\nA doboz bels\u0151 fele szem\u00e9lyre szabhat\u00f3, v\u00e1laszd ki az opci\u00f3t \u00e9s a k\u00e9rt sz\u00f6veg k\u00e9rhet\u0151 megjegyz\u00e9sben vagy priv\u00e1t \u00fczenetben. \n\nAnyag: fa\n\nM\u00e9g t\u00f6bb pedag\u00f3gusaj\u00e1nd\u00e9k itt tal\u00e1lhat\u00f3: https:\/\/www.meska.hu\/shop\/mANDIbohandmade?s=71614","score":0,"formatted_price":"6 500 Ft","image_url":"https:\/\/www.meska.hu\/img\/product\/small\/m\/a\/mandibohandmade_product_5519_240423141213_779885.png","formatted_url":"https:\/\/www.meska.hu\/p5277863-tanari-tulelokeszlet-vicces-ajandek-pedagogusoknak-evzarora-ballagasra","favourite":false,"in_stock":false,"avatar":"5519_avatar_1704368199.jpeg","delete_from":0,"is_enhanced_background":false,"is_enhanced":false,"product_selection_started":false,"is_active":true,"image_webp_url":"https:\/\/www.meska.hu\/img\/product\/small\/m\/a\/mandibohandmade_product_5519_240423141213_779885.webp"},{"id":"5678261","shop_id":"39402","user_id":"539357","shop_name":"DorasDesign2022","shop_zip":"2164","product_code":"5488837","product_name_old":null,"product_name":"H\u00edmzett babatakar\u00f3 - n\u00e9vre sz\u00f3l\u00f3 ,\u0151zike","category_string":"Baba - mama, Baba \u00e1gynem\u0171, Babatakar\u00f3, gyerek pl\u00e9d","technic_string":"H\u00edmz\u00e9s, Varr\u00e1s","category_1":"1735","category_2":"1450","category_3":"311","category_4":"0","merged_category_1":null,"merged_category_2":null,"merged_category_3":null,"technic_1":"487","technic_2":"506","technic_3":"0","color_1":"514","color_2":"515","color_3":"0","product_description_old":null,"product_description":"N\u00e9vre sz\u00f3l\u00f3 h\u00edmzett babatakar\u00f3 minky \u00e9s sherpa anyagb\u00f3l .\nM\u00e9ret: 75*95\n\nTakar\u00f3 v\u00e1laszthat\u00f3 sz\u00ednei: \nB\u00e9zs \nVil\u00e1gos-r\u00f3zsasz\u00edn \nK\u00e9k \nSz\u00fcrke \n\nTakar\u00f3 bels\u0151 v\u00e1laszthat\u00f3 sz\u00ednei: \nFeh\u00e9r  \n\nA v\u00e1s\u00e1rl\u00f3 \u00e1ltal v\u00e1lasztott n\u00e9vvel k\u00e9sz\u00edtj\u00fck el a term\u00e9ket.\nT\u00f6k\u00e9letes babak\u00f6sz\u00f6nt\u0151 aj\u00e1nd\u00e9knak, illetve keresztel\u0151re is. \nV\u00e1rjuk szeretettel rendel\u00e9sed! :) ","price":"10000.00","unit":"db","recommended":"0","status":"1","sponsored":"0","exp_notify":"0","own_material":"0","own_material_description_old":null,"own_material_description":"","jury":"0","jury_number":"","product_nature":"","meskaracsony":"0","create_date":"2026-04-07 15:38:32","shelve_id":"0","image":"dorasdesign2022_product_539357_260401225022_247914.jpeg","image_width":"480","image_height":"640","image_alt":"H\u00edmzett babatakar\u00f3 - n\u00e9vre sz\u00f3l\u00f3 ,\u0151zike, N\u00e9vre sz\u00f3l\u00f3 h\u00edmzett babatakar\u00f3 minky \u00e9s sherpa anyagb\u00f3l .\\nM\u00e9ret: 75*95\\n\\nTakar\u00f3 v\u00e1laszthat\u00f3 sz\u00ednei: \\n..., Meska","image_title":"H\u00edmzett babatakar\u00f3 - n\u00e9vre sz\u00f3l\u00f3 ,\u0151zike, Meska","view_count":"1733","favourite_count":"26","trending_score":"0","last2MonthFavouriteCount":"29","promotion":"0","giftcard_accept":"0","creditcard_accept":false,"enhanced_background":"0","domain":"meska","specific_customer_id":null,"specific_customer_name":null,"to_order_product":"1","to_order_product_time":"8","product_different":null,"product_different_description":"","vintage":"0","vintage_category_id":"0","recycled":"0","gemstone_id":"0","customizable":"0","type_category":"physical","zerowaste":"0","postage_price":"2390.00","shop_order":"0","has_category":"1","landing_pages":null,"microdata":{"number":5,"category":""},"title":"H\u00edmzett babatakar\u00f3 - n\u00e9vre sz\u00f3l\u00f3 ,\u0151zike","description":"N\u00e9vre sz\u00f3l\u00f3 h\u00edmzett babatakar\u00f3 minky \u00e9s sherpa anyagb\u00f3l .\nM\u00e9ret: 75*95\n\nTakar\u00f3 v\u00e1laszthat\u00f3 sz\u00ednei: \nB\u00e9zs \nVil\u00e1gos-r\u00f3zsasz\u00edn \nK\u00e9k \nSz\u00fcrke \n\nTakar\u00f3 bels\u0151 v\u00e1laszthat\u00f3 sz\u00ednei: \nFeh\u00e9r  \n\nA v\u00e1s\u00e1rl\u00f3 \u00e1ltal v\u00e1lasztott n\u00e9vvel k\u00e9sz\u00edtj\u00fck el a term\u00e9ket.\nT\u00f6k\u00e9letes babak\u00f6sz\u00f6nt\u0151 aj\u00e1nd\u00e9knak, illetve keresztel\u0151re is. \nV\u00e1rjuk szeretettel rendel\u00e9sed! :) ","score":0,"formatted_price":"10 000 Ft","image_url":"https:\/\/www.meska.hu\/img\/product\/small\/d\/o\/dorasdesign2022_product_539357_260401225022_247914.jpeg","formatted_url":"https:\/\/www.meska.hu\/p5488837-himzett-babatakaro-nevre-szolo-ozike","favourite":false,"in_stock":false,"avatar":"539357_avatar_1669881819.jpeg","delete_from":0,"is_enhanced_background":false,"is_enhanced":false,"product_selection_started":false,"is_active":true,"image_webp_url":"https:\/\/www.meska.hu\/img\/product\/small\/d\/o\/dorasdesign2022_product_539357_260401225022_247914.webp"},{"id":"6141032","shop_id":"19191","user_id":"176087","shop_name":"fenyves","shop_zip":"3383","product_code":"5748355","product_name_old":null,"product_name":"Feh\u00e9r Nyuszi l\u00e1ny - horgolt marok\u00e1llat","category_string":"J\u00e1t\u00e9k & Sport, Pl\u00fcss\u00e1llat & J\u00e1t\u00e9kfigura, Nyuszi","technic_string":"H\u00edmz\u00e9s, Horgol\u00e1s","category_1":"305","category_2":"349","category_3":"1121","category_4":"0","merged_category_1":null,"merged_category_2":null,"merged_category_3":null,"technic_1":"487","technic_2":"488","technic_3":"0","color_1":"519","color_2":"525","color_3":"0","product_description_old":null,"product_description":"Kedves  aj\u00e1nd\u00e9k ez a cuki nyuszi l\u00e1ny.\n\nEz a cuki nyuszi l\u00e1ny egyedi minta alapj\u00e1n k\u00e9sz\u00fclt.\nFeh\u00e9r min\u0151s\u00e9gi 100% pamutfonalb\u00f3l.\n\nSzeme k\u00e9zi h\u00edmz\u00e9ssel k\u00e9sz\u00fclt.\nMagass\u00e1ga kb 15 cm\n\n\nMinden r\u00f6gz\u00edtett..\n\nK\u00f6sz\u00f6n\u00f6m, hogy megn\u00e9zted.","price":"4000.00","unit":"db","recommended":"0","status":"1","sponsored":"0","exp_notify":"0","own_material":"0","own_material_description_old":null,"own_material_description":"","jury":"0","jury_number":"","product_nature":"","meskaracsony":"0","create_date":"2026-03-06 10:46:21","shelve_id":"73280","image":"fenyves_product_176087_260306104527_261310.jpeg","image_width":"480","image_height":"666","image_alt":"Feh\u00e9r Nyuszi l\u00e1ny - horgolt marok\u00e1llat, Kedves  aj\u00e1nd\u00e9k ez a cuki nyuszi l\u00e1ny.\\n\\nEz a cuki nyuszi l\u00e1ny egyedi minta alapj\u00e1n k\u00e9sz\u00fclt.\\nFeh\u00e9r mi..., Meska","image_title":"Feh\u00e9r Nyuszi l\u00e1ny - horgolt marok\u00e1llat, Meska","view_count":"130","favourite_count":"26","trending_score":"0","last2MonthFavouriteCount":"26","promotion":"0","giftcard_accept":"0","creditcard_accept":false,"enhanced_background":"0","domain":"meska","specific_customer_id":null,"specific_customer_name":null,"to_order_product":"0","to_order_product_time":"0","product_different":null,"product_different_description":"","vintage":"0","vintage_category_id":"0","recycled":"0","gemstone_id":"0","customizable":"0","type_category":"physical","zerowaste":"0","postage_price":"2470.00","shop_order":"0","has_category":"1","landing_pages":null,"microdata":{"number":6,"category":""},"title":"Feh\u00e9r Nyuszi l\u00e1ny - horgolt marok\u00e1llat","description":"Kedves  aj\u00e1nd\u00e9k ez a cuki nyuszi l\u00e1ny.\n\nEz a cuki nyuszi l\u00e1ny egyedi minta alapj\u00e1n k\u00e9sz\u00fclt.\nFeh\u00e9r min\u0151s\u00e9gi 100% pamutfonalb\u00f3l.\n\nSzeme k\u00e9zi h\u00edmz\u00e9ssel k\u00e9sz\u00fclt.\nMagass\u00e1ga kb 15 cm\n\n\nMinden r\u00f6gz\u00edtett..\n\nK\u00f6sz\u00f6n\u00f6m, hogy megn\u00e9zted.","score":0,"formatted_price":"4 000 Ft","image_url":"https:\/\/www.meska.hu\/img\/product\/small\/f\/e\/fenyves_product_176087_260306104527_261310.jpeg","formatted_url":"https:\/\/www.meska.hu\/p5748355-feher-nyuszi-lany-horgolt-marokallat","favourite":false,"in_stock":true,"avatar":"176087_avatar_1696842502.jpeg","delete_from":0,"is_enhanced_background":false,"is_enhanced":false,"product_selection_started":false,"is_active":true,"image_webp_url":"https:\/\/www.meska.hu\/img\/product\/small\/f\/e\/fenyves_product_176087_260306104527_261310.webp"},{"id":"6166418","shop_id":"13431","user_id":"39363","shop_name":"Artiroka","shop_zip":"1029","product_code":"5764014","product_name_old":null,"product_name":"Pipacs mez\u0151 mint\u00e1s gymbag h\u00e1tizs\u00e1k","category_string":"T\u00e1ska & Tok, H\u00e1tizs\u00e1k, H\u00e1tizs\u00e1k","technic_string":"Varr\u00e1s, H\u00edmz\u00e9s","category_1":"464","category_2":"465","category_3":"1026","category_4":"0","merged_category_1":null,"merged_category_2":null,"merged_category_3":null,"technic_1":"506","technic_2":"487","technic_3":"0","color_1":"519","color_2":"523","color_3":"527","product_description_old":null,"product_description":"Egyedi gymbag h\u00e1tizs\u00e1k k\u00e9sz\u00fclt pipacs mint\u00e1s v\u00edz\u00e1ll\u00f3 textilb\u0151l.  Egy k\u00fcl\u00f6n kulcstart\u00f3 p\u00e1ntot is varrok bele. Seg\u00edts\u00e9g\u00e9vel a kulcsod is k\u00f6nnyen megtal\u00e1lod majd. Aj\u00e1nlom sporthoz, kir\u00e1ndul\u00e1shoz, fesztiv\u00e1lokra. Rendelhetsz hozz\u00e1 k\u00e9t zsebet is, amiben tarthatod az iratokat \u00e9s a mobil telefont is. Leg\u00f6rd\u00fcl\u0151 men\u00fcb\u0151l tudod hozz\u00e1adni, ha szeretn\u00e9d. Az anyag sz\u00edntart\u00f3 \u00e9s kosztasz\u00edt\u00f3 \u00edgy j\u00f3val k\u00f6nnyebb a tiszt\u00e1ntart\u00e1sa \u00e9s a vasal\u00e1ssal sem kell bajl\u00f3dni. Sokkal er\u0151sebb, massz\u00edvabb mint a pamut textilb\u0151l k\u00e9sz\u00fclt t\u00e1rsaik. A h\u00e1tizs\u00e1k dupla, meger\u0151s\u00edtett varr\u00e1ssokkal k\u00e9sz\u00fcl, hogy sok\u00e1ig b\u00edrja a strap\u00e1t. \n____________________________\nM\u00c9RETE: \n~ 40 cm magas x 30 cm \n____________________________\nTOV\u00c1BBI t\u00e1sk\u00e1imat itt tal\u00e1lod: https:\/\/www.meska.hu\/shop\/Artiroka?s=38872\n\nEGY\u00c9B kieg\u00e9sz\u00edt\u0151imet itt tudod megn\u00e9zni: https:\/\/www.meska.hu\/shop\/Artiroka\n\nSZEM\u00c9LYES \u00c1TV\u00c9TEL jelenleg Budapesten a II. ker\u00fcletben l\u00e9v\u0151, Budaligeti lak\u00e1somn\u00e1l van lehet\u0151s\u00e9g.\n\nM\u0170HELY: Kis\u00e1llat \u00e9s doh\u00e1nymentes m\u0171helyben k\u00e9sz\u00fcl gondosan elk\u00e9sz\u00edtve, minden egyes darab.","price":"8800.00","unit":"db","recommended":"0","status":"1","sponsored":"0","exp_notify":"0","own_material":"0","own_material_description_old":null,"own_material_description":"","jury":"0","jury_number":"","product_nature":"","meskaracsony":"0","create_date":"2026-03-24 16:58:08","shelve_id":"38872","image":"artiroka_product_39363_260324165229_382933.jpeg","image_width":"480","image_height":"440","image_alt":"Pipacs mez\u0151 mint\u00e1s gymbag h\u00e1tizs\u00e1k, Egyedi gymbag h\u00e1tizs\u00e1k k\u00e9sz\u00fclt pipacs mint\u00e1s v\u00edz\u00e1ll\u00f3 textilb\u0151l.  Egy k\u00fcl\u00f6n kulcstart\u00f3 p\u00e1ntot is varr..., Meska","image_title":"Pipacs mez\u0151 mint\u00e1s gymbag h\u00e1tizs\u00e1k, Meska","view_count":"136","favourite_count":"26","trending_score":"0","last2MonthFavouriteCount":"26","promotion":"0","giftcard_accept":"1","creditcard_accept":true,"enhanced_background":"0","domain":"meska","specific_customer_id":null,"specific_customer_name":null,"to_order_product":"1","to_order_product_time":"3","product_different":null,"product_different_description":"","vintage":"0","vintage_category_id":"0","recycled":"0","gemstone_id":"0","customizable":"1","type_category":"physical","zerowaste":"1","postage_price":"2390.00","shop_order":"390","has_category":"1","landing_pages":null,"microdata":{"number":7,"category":""},"title":"Pipacs mez\u0151 mint\u00e1s gymbag h\u00e1tizs\u00e1k","description":"Egyedi gymbag h\u00e1tizs\u00e1k k\u00e9sz\u00fclt pipacs mint\u00e1s v\u00edz\u00e1ll\u00f3 textilb\u0151l.  Egy k\u00fcl\u00f6n kulcstart\u00f3 p\u00e1ntot is varrok bele. Seg\u00edts\u00e9g\u00e9vel a kulcsod is k\u00f6nnyen megtal\u00e1lod majd. Aj\u00e1nlom sporthoz, kir\u00e1ndul\u00e1shoz, fesztiv\u00e1lokra. Rendelhetsz hozz\u00e1 k\u00e9t zsebet is, amiben tarthatod az iratokat \u00e9s a mobil telefont is. Leg\u00f6rd\u00fcl\u0151 men\u00fcb\u0151l tudod hozz\u00e1adni, ha szeretn\u00e9d. Az anyag sz\u00edntart\u00f3 \u00e9s kosztasz\u00edt\u00f3 \u00edgy j\u00f3val k\u00f6nnyebb a tiszt\u00e1ntart\u00e1sa \u00e9s a vasal\u00e1ssal sem kell bajl\u00f3dni. Sokkal er\u0151sebb, massz\u00edvabb mint a pamut textilb\u0151l k\u00e9sz\u00fclt t\u00e1rsaik. A h\u00e1tizs\u00e1k dupla, meger\u0151s\u00edtett varr\u00e1ssokkal k\u00e9sz\u00fcl, hogy sok\u00e1ig b\u00edrja a strap\u00e1t. \n____________________________\nM\u00c9RETE: \n~ 40 cm magas x 30 cm \n____________________________\nTOV\u00c1BBI t\u00e1sk\u00e1imat itt tal\u00e1lod: https:\/\/www.meska.hu\/shop\/Artiroka?s=38872\n\nEGY\u00c9B kieg\u00e9sz\u00edt\u0151imet itt tudod megn\u00e9zni: https:\/\/www.meska.hu\/shop\/Artiroka\n\nSZEM\u00c9LYES \u00c1TV\u00c9TEL jelenleg Budapesten a II. ker\u00fcletben l\u00e9v\u0151, Budaligeti lak\u00e1somn\u00e1l van lehet\u0151s\u00e9g.\n\nM\u0170HELY: Kis\u00e1llat \u00e9s doh\u00e1nymentes m\u0171helyben k\u00e9sz\u00fcl gondosan elk\u00e9sz\u00edtve, minden egyes darab.","score":0,"formatted_price":"8 800 Ft","image_url":"https:\/\/www.meska.hu\/img\/product\/small\/a\/r\/artiroka_product_39363_260324165229_382933.jpeg","formatted_url":"https:\/\/www.meska.hu\/p5764014-pipacs-mezo-mintas-gymbag-hatizsak","favourite":false,"in_stock":false,"avatar":"39363_avatar_1770298004.png","delete_from":0,"is_enhanced_background":false,"is_enhanced":false,"product_selection_started":false,"is_active":true,"image_webp_url":"https:\/\/www.meska.hu\/img\/product\/small\/a\/r\/artiroka_product_39363_260324165229_382933.webp"},{"id":"5321372","shop_id":"36729","user_id":"486156","shop_name":"Banyz","shop_zip":"2094","product_code":"5281357","product_name_old":null,"product_name":"Sz\u00ednes tollas mint\u00e1s k\u00e9zi- \u00e9s v\u00e1llt\u00e1ska \u2013 k\u00e9zm\u0171ves Banyz t\u00e1ska","category_string":"T\u00e1ska & Tok, K\u00e9zit\u00e1ska & v\u00e1llt\u00e1ska, K\u00e9zit\u00e1ska","technic_string":"B\u0151rm\u0171vess\u00e9g, Varr\u00e1s","category_1":"464","category_2":"471","category_3":"1031","category_4":"0","merged_category_1":null,"merged_category_2":null,"merged_category_3":null,"technic_1":"473","technic_2":"506","technic_3":"0","color_1":"521","color_2":"791","color_3":"526","product_description_old":null,"product_description":"Sz\u00e1rnyalj st\u00edlusosan!!! Ez a sz\u00ednes t\u00e1ska garant\u00e1ltan feldobja a h\u00e9tk\u00f6znapokat. Egy darab, ami nemcsak praktikus, de j\u00f3kedvre is der\u00edt m\u00e1r az els\u0151 pillant\u00e1sra! K\u00e9zit\u00e1skak\u00e9nt \u00e9s v\u00e1llt\u00e1skak\u00e9nt is hordhat\u00f3 \u2013 att\u00f3l f\u00fcgg, \u00e9pp milyen a hangulatod vagy a napi szetted. A t\u00e1gas bels\u0151 r\u00e9szben minden elf\u00e9r, amire sz\u00fcks\u00e9ged lehet napk\u00f6zben.\n\n\nTERM\u00c9KLE\u00cdR\u00c1S:\n\nAnyag: textilb\u0151r \u00e9s m\u0171b\u0151r kombin\u00e1ci\u00f3ja\nB\u00e9l\u00e9s: pamutv\u00e1szon, textil\nFog\u00f3: term\u00e9szetes fa foganty\u00fa + \u00e1ll\u00edthat\u00f3 v\u00e1llp\u00e1nt\nZ\u00e1r\u00f3d\u00e1s: biztons\u00e1gos cipz\u00e1r\n\nM\u00e9ret: 32 \u00d7 38,5 \u00d7 11 cm \u2013 k\u00e9nyelmesen elf\u00e9rnek benne az A4-es dokumentumok, mapp\u00e1k vagy ak\u00e1r egy kisebb m\u00e9ret\u0171 laptop is.\n\n\nBELS\u0150 ELRENDEZ\u00c9S:\n\n1 t\u00e1gas f\u0151 rekesz\n\n1 cipz\u00e1ras bels\u0151 zseb az \u00e9rt\u00e9keknek\n\n2 felvarrt zseb mobilnak, kulcsnak vagy apr\u00f3s\u00e1goknak\n\nK\u00dcLS\u0150 R\u00c9SZ\n\n1 cipz\u00e1ras zseb a dolgoknak, amit mindig k\u00e9zn\u00e9l szeretn\u00e9l tartani (pl. b\u00e9rlet, telefon, f\u00fclhallgat\u00f3)\n\nF\u00e9mkell\u00e9kek: nikkel\n\n\n\nMI\u00c9RT FOGOD IM\u00c1DNI?\n\n- Ez a t\u00e1ska nemcsak egy sz\u00e9p kieg\u00e9sz\u00edt\u0151, hanem egy sokoldal\u00fa, praktikus darab a mindennapokra. \n\n- K\u00e9tf\u00e9le m\u00f3don hordhat\u00f3 \u2013 k\u00e9zit\u00e1skak\u00e9nt vagy v\u00e1llt\u00e1skak\u00e9nt is viselheted, ahogy \u00e9pp k\u00e9nyelmes.\n\n- Hazai, k\u00e9zzel k\u00e9sz\u00fclt min\u0151s\u00e9g \u2013 gondosan v\u00e1logatott anyagokb\u00f3l, szeretettel k\u00e9sz\u00fclt.\n\n\u2013 Nem t\u00f6meggy\u00e1rtott term\u00e9k, \u00edgy val\u00f3ban k\u00fcl\u00f6nleges leszel benne.\n\n- St\u00edlusos \u00e9s praktikus \u2013 elf\u00e9r benne minden fontos dolog, m\u00e9gis eleg\u00e1ns marad.\n\n \n\nST\u00cdLUSTIPPEK:\n\nEz a t\u00e1ska igazi sz\u00ednfolt, \u00edgy j\u00f3l mutat:\n\n- Farmeres\u2013feh\u00e9r p\u00f3l\u00f3s szettekkel \u2013 egy kis j\u00e1t\u00e9koss\u00e1got visz a letisztult alapokhoz.\n\n- Monokr\u00f3m \u00f6ssze\u00e1ll\u00edt\u00e1sokhoz \u2013 pl. egy k\u00e9k vagy r\u00f3zsasz\u00edn ruha mell\u00e9, sz\u00ednben harmoniz\u00e1lva.\n\n- Tavaszi\u2013ny\u00e1ri ruh\u00e1khoz \u2013 vir\u00e1gmint\u00e1k, vil\u00e1gos sz\u00ednek, len vagy pamut anyagok t\u00f6k\u00e9letes p\u00e1rja.\n\n- Sportosan eleg\u00e1ns outfitekhez \u2013 p\u00e9ld\u00e1ul egy bl\u00e9zer + sneaker komb\u00f3val is vag\u00e1ny lesz.\n\n- Tipp: V\u00e1lassz hozz\u00e1 egy hajp\u00e1ntot, kend\u0151t vagy cip\u0151t hasonl\u00f3 \u00e1rnyalatban, hogy igaz\u00e1n \u00f6ssze\u00e1lljon a szett!\n\n\n\nMIT MONDANAK A K\u00c9K \u00c9S A R\u00d3ZSASZ\u00cdN VISEL\u0150J\u00c9R\u0150L?\n\n- K\u00e9k \u2013 a higgadts\u00e1g, megb\u00edzhat\u00f3s\u00e1g \u00e9s harm\u00f3nia sz\u00edne. Aki k\u00e9ket visel, azt gyakran nyugodtnak, nyitottnak \u00e9s st\u00edlusosnak l\u00e1tj\u00e1k.\n\n- R\u00f3zsasz\u00edn \u2013 a n\u0151iess\u00e9g, j\u00e1t\u00e9koss\u00e1g \u00e9s kedvess\u00e9g kifejez\u0151je. A r\u00f3zsasz\u00ednt kedvel\u0151k gyakran b\u00e1josak, vid\u00e1mak, ugyanakkor tudatosak is.\n\n- A k\u00e9t sz\u00edn kombin\u00e1ci\u00f3ja azt sugallja: \"Tudom, mit akarok, de k\u00f6zben nem felejtem el \u00e9lvezni az \u00e9letet sem.\" \n\n\n#k\u00e9zit\u00e1ska #v\u00e1llt\u00e1ska #k\u00e9zm\u0171ves #tollasminta #fenntarthat\u00f3 #BanyzBag","price":"17600.00","unit":"db","recommended":"0","status":"1","sponsored":"0","exp_notify":"0","own_material":"0","own_material_description_old":null,"own_material_description":"","jury":"0","jury_number":"","product_nature":"","meskaracsony":"0","create_date":"2026-04-09 15:12:25","shelve_id":"68449","image":"banyz_product_486156_260126183712_216179.jpeg","image_width":"480","image_height":"480","image_alt":"Sz\u00ednes tollas mint\u00e1s k\u00e9zi- \u00e9s v\u00e1llt\u00e1ska \u2013 k\u00e9zm\u0171ves Banyz t\u00e1ska, Sz\u00e1rnyalj st\u00edlusosan!!! Ez a sz\u00ednes t\u00e1ska garant\u00e1ltan feldobja a h\u00e9tk\u00f6znapokat. Egy darab, ami nemcs..., Meska","image_title":"Sz\u00ednes tollas mint\u00e1s k\u00e9zi- \u00e9s v\u00e1llt\u00e1ska \u2013 k\u00e9zm\u0171ves Banyz t\u00e1ska, Meska","view_count":"3120","favourite_count":"26","trending_score":"0","last2MonthFavouriteCount":"27","promotion":"0","giftcard_accept":"0","creditcard_accept":true,"enhanced_background":"0","domain":"meska","specific_customer_id":null,"specific_customer_name":null,"to_order_product":"0","to_order_product_time":"0","product_different":null,"product_different_description":"","vintage":"0","vintage_category_id":"0","recycled":"0","gemstone_id":"0","customizable":"0","type_category":"physical","zerowaste":"0","postage_price":"2390.00","shop_order":"12","has_category":"1","landing_pages":"Sz\u00fclinapi aj\u00e1nd\u00e9kok","microdata":{"number":8,"category":""},"title":"Sz\u00ednes tollas mint\u00e1s k\u00e9zi- \u00e9s v\u00e1llt\u00e1ska \u2013 k\u00e9zm\u0171ves Banyz t\u00e1ska","description":"Sz\u00e1rnyalj st\u00edlusosan!!! Ez a sz\u00ednes t\u00e1ska garant\u00e1ltan feldobja a h\u00e9tk\u00f6znapokat. Egy darab, ami nemcsak praktikus, de j\u00f3kedvre is der\u00edt m\u00e1r az els\u0151 pillant\u00e1sra! K\u00e9zit\u00e1skak\u00e9nt \u00e9s v\u00e1llt\u00e1skak\u00e9nt is hordhat\u00f3 \u2013 att\u00f3l f\u00fcgg, \u00e9pp milyen a hangulatod vagy a napi szetted. A t\u00e1gas bels\u0151 r\u00e9szben minden elf\u00e9r, amire sz\u00fcks\u00e9ged lehet napk\u00f6zben.\n\n\nTERM\u00c9KLE\u00cdR\u00c1S:\n\nAnyag: textilb\u0151r \u00e9s m\u0171b\u0151r kombin\u00e1ci\u00f3ja\nB\u00e9l\u00e9s: pamutv\u00e1szon, textil\nFog\u00f3: term\u00e9szetes fa foganty\u00fa + \u00e1ll\u00edthat\u00f3 v\u00e1llp\u00e1nt\nZ\u00e1r\u00f3d\u00e1s: biztons\u00e1gos cipz\u00e1r\n\nM\u00e9ret: 32 \u00d7 38,5 \u00d7 11 cm \u2013 k\u00e9nyelmesen elf\u00e9rnek benne az A4-es dokumentumok, mapp\u00e1k vagy ak\u00e1r egy kisebb m\u00e9ret\u0171 laptop is.\n\n\nBELS\u0150 ELRENDEZ\u00c9S:\n\n1 t\u00e1gas f\u0151 rekesz\n\n1 cipz\u00e1ras bels\u0151 zseb az \u00e9rt\u00e9keknek\n\n2 felvarrt zseb mobilnak, kulcsnak vagy apr\u00f3s\u00e1goknak\n\nK\u00dcLS\u0150 R\u00c9SZ\n\n1 cipz\u00e1ras zseb a dolgoknak, amit mindig k\u00e9zn\u00e9l szeretn\u00e9l tartani (pl. b\u00e9rlet, telefon, f\u00fclhallgat\u00f3)\n\nF\u00e9mkell\u00e9kek: nikkel\n\n\n\nMI\u00c9RT FOGOD IM\u00c1DNI?\n\n- Ez a t\u00e1ska nemcsak egy sz\u00e9p kieg\u00e9sz\u00edt\u0151, hanem egy sokoldal\u00fa, praktikus darab a mindennapokra. \n\n- K\u00e9tf\u00e9le m\u00f3don hordhat\u00f3 \u2013 k\u00e9zit\u00e1skak\u00e9nt vagy v\u00e1llt\u00e1skak\u00e9nt is viselheted, ahogy \u00e9pp k\u00e9nyelmes.\n\n- Hazai, k\u00e9zzel k\u00e9sz\u00fclt min\u0151s\u00e9g \u2013 gondosan v\u00e1logatott anyagokb\u00f3l, szeretettel k\u00e9sz\u00fclt.\n\n\u2013 Nem t\u00f6meggy\u00e1rtott term\u00e9k, \u00edgy val\u00f3ban k\u00fcl\u00f6nleges leszel benne.\n\n- St\u00edlusos \u00e9s praktikus \u2013 elf\u00e9r benne minden fontos dolog, m\u00e9gis eleg\u00e1ns marad.\n\n \n\nST\u00cdLUSTIPPEK:\n\nEz a t\u00e1ska igazi sz\u00ednfolt, \u00edgy j\u00f3l mutat:\n\n- Farmeres\u2013feh\u00e9r p\u00f3l\u00f3s szettekkel \u2013 egy kis j\u00e1t\u00e9koss\u00e1got visz a letisztult alapokhoz.\n\n- Monokr\u00f3m \u00f6ssze\u00e1ll\u00edt\u00e1sokhoz \u2013 pl. egy k\u00e9k vagy r\u00f3zsasz\u00edn ruha mell\u00e9, sz\u00ednben harmoniz\u00e1lva.\n\n- Tavaszi\u2013ny\u00e1ri ruh\u00e1khoz \u2013 vir\u00e1gmint\u00e1k, vil\u00e1gos sz\u00ednek, len vagy pamut anyagok t\u00f6k\u00e9letes p\u00e1rja.\n\n- Sportosan eleg\u00e1ns outfitekhez \u2013 p\u00e9ld\u00e1ul egy bl\u00e9zer + sneaker komb\u00f3val is vag\u00e1ny lesz.\n\n- Tipp: V\u00e1lassz hozz\u00e1 egy hajp\u00e1ntot, kend\u0151t vagy cip\u0151t hasonl\u00f3 \u00e1rnyalatban, hogy igaz\u00e1n \u00f6ssze\u00e1lljon a szett!\n\n\n\nMIT MONDANAK A K\u00c9K \u00c9S A R\u00d3ZSASZ\u00cdN VISEL\u0150J\u00c9R\u0150L?\n\n- K\u00e9k \u2013 a higgadts\u00e1g, megb\u00edzhat\u00f3s\u00e1g \u00e9s harm\u00f3nia sz\u00edne. Aki k\u00e9ket visel, azt gyakran nyugodtnak, nyitottnak \u00e9s st\u00edlusosnak l\u00e1tj\u00e1k.\n\n- R\u00f3zsasz\u00edn \u2013 a n\u0151iess\u00e9g, j\u00e1t\u00e9koss\u00e1g \u00e9s kedvess\u00e9g kifejez\u0151je. A r\u00f3zsasz\u00ednt kedvel\u0151k gyakran b\u00e1josak, vid\u00e1mak, ugyanakkor tudatosak is.\n\n- A k\u00e9t sz\u00edn kombin\u00e1ci\u00f3ja azt sugallja: \"Tudom, mit akarok, de k\u00f6zben nem felejtem el \u00e9lvezni az \u00e9letet sem.\" \n\n\n#k\u00e9zit\u00e1ska #v\u00e1llt\u00e1ska #k\u00e9zm\u0171ves #tollasminta #fenntarthat\u00f3 #BanyzBag","score":0,"formatted_price":"17 600 Ft","image_url":"https:\/\/www.meska.hu\/img\/product\/small\/b\/a\/banyz_product_486156_260126183712_216179.jpeg","formatted_url":"https:\/\/www.meska.hu\/p5281357-kezitaska-es-valltaska-szines-tollas-mintaval","favourite":false,"in_stock":true,"avatar":"486156_avatar_1710701561.jpeg","delete_from":0,"is_enhanced_background":false,"is_enhanced":false,"product_selection_started":false,"is_active":true,"image_webp_url":"https:\/\/www.meska.hu\/img\/product\/small\/b\/a\/banyz_product_486156_260126183712_216179.webp"},{"id":"6147782","shop_id":"19191","user_id":"176087","shop_name":"fenyves","shop_zip":"3383","product_code":"5754060","product_name_old":null,"product_name":"Nyuszi Peti - r\u00e9p\u00e1s nadr\u00e1gban  - horgolt - nyuszi figura ","category_string":"J\u00e1t\u00e9k & Sport, Pl\u00fcss\u00e1llat & J\u00e1t\u00e9kfigura, Nyuszi","technic_string":"H\u00edmz\u00e9s, Horgol\u00e1s","category_1":"305","category_2":"349","category_3":"1121","category_4":"0","merged_category_1":null,"merged_category_2":null,"merged_category_3":null,"technic_1":"487","technic_2":"488","technic_3":"0","color_1":"514","color_2":"519","color_3":"521","product_description_old":null,"product_description":"Kedves pajt\u00e1sa lehet ez a nyuszi egy kisfi\u00fanak.\nMagass\u00e1ga \u00e1llva 25 cm + a f\u00fcle)\nfektetve 35 cm\n100% pamut fonalb\u00f3l k\u00e9sz\u00fclt. \nA nadr\u00e1g levehet\u0151.\nSzeme k\u00e9zi h\u00edmz\u00e9s\u0171.\nT\u00f6ltet szilikonos.\n\n\nK\u00f6sz\u00f6n\u00f6m, hogy megn\u00e9zted!","price":"9000.00","unit":"db","recommended":"0","status":"1","sponsored":"0","exp_notify":"0","own_material":"0","own_material_description_old":null,"own_material_description":"","jury":"0","jury_number":"","product_nature":"","meskaracsony":"0","create_date":"2026-03-08 16:46:40","shelve_id":"73280","image":"fenyves_product_176087_260308164251_55935.jpeg","image_width":"480","image_height":"677","image_alt":"Nyuszi Peti - r\u00e9p\u00e1s nadr\u00e1gban  - horgolt - nyuszi figura , Kedves pajt\u00e1sa lehet ez a nyuszi egy kisfi\u00fanak.\\nMagass\u00e1ga \u00e1llva 25 cm + a f\u00fcle)\\nfektetve 35 cm\\n100% ..., Meska","image_title":"Nyuszi Peti - r\u00e9p\u00e1s nadr\u00e1gban  - horgolt - nyuszi figura , Meska","view_count":"165","favourite_count":"26","trending_score":"0","last2MonthFavouriteCount":"27","promotion":"0","giftcard_accept":"0","creditcard_accept":false,"enhanced_background":"0","domain":"meska","specific_customer_id":null,"specific_customer_name":null,"to_order_product":"0","to_order_product_time":"0","product_different":null,"product_different_description":"","vintage":"0","vintage_category_id":"0","recycled":"0","gemstone_id":"0","customizable":"0","type_category":"physical","zerowaste":"0","postage_price":"1435.00","shop_order":"0","has_category":"1","landing_pages":null,"microdata":{"number":9,"category":""},"title":"Nyuszi Peti - r\u00e9p\u00e1s nadr\u00e1gban  - horgolt - nyuszi figura ","description":"Kedves pajt\u00e1sa lehet ez a nyuszi egy kisfi\u00fanak.\nMagass\u00e1ga \u00e1llva 25 cm + a f\u00fcle)\nfektetve 35 cm\n100% pamut fonalb\u00f3l k\u00e9sz\u00fclt. \nA nadr\u00e1g levehet\u0151.\nSzeme k\u00e9zi h\u00edmz\u00e9s\u0171.\nT\u00f6ltet szilikonos.\n\n\nK\u00f6sz\u00f6n\u00f6m, hogy megn\u00e9zted!","score":0,"formatted_price":"9 000 Ft","image_url":"https:\/\/www.meska.hu\/img\/product\/small\/f\/e\/fenyves_product_176087_260308164251_55935.jpeg","formatted_url":"https:\/\/www.meska.hu\/p5754060-nyuszi-peti-repas-nadragban-horgolt-nyuszi-figura","favourite":false,"in_stock":true,"avatar":"176087_avatar_1696842502.jpeg","delete_from":0,"is_enhanced_background":false,"is_enhanced":false,"product_selection_started":false,"is_active":true,"image_webp_url":"https:\/\/www.meska.hu\/img\/product\/small\/f\/e\/fenyves_product_176087_260308164251_55935.webp"},{"id":"5774632","shop_id":"39402","user_id":"539357","shop_name":"DorasDesign2022","shop_zip":"2164","product_code":"5544750","product_name_old":null,"product_name":"N\u00e9vre sz\u00f3l\u00f3 h\u00edmzett babatakar\u00f3- nyuszi mint\u00e1s ","category_string":"Baba - mama, Baba \u00e1gynem\u0171, Babatakar\u00f3, gyerek pl\u00e9d","technic_string":"H\u00edmz\u00e9s","category_1":"1735","category_2":"1450","category_3":"311","category_4":"0","merged_category_1":null,"merged_category_2":null,"merged_category_3":null,"technic_1":"487","technic_2":"0","technic_3":"0","color_1":"521","color_2":"525","color_3":"527","product_description_old":null,"product_description":"N\u00e9vre sz\u00f3l\u00f3 h\u00edmzett babatakar\u00f3 minky \u00e9s sherpa anyagb\u00f3l .\nM\u00e9ret: 75*95\n\nTakar\u00f3 v\u00e1laszthat\u00f3 sz\u00ednei: \nR\u00f3zsasz\u00edn \nK\u00e9k \nSz\u00fcrke \nB\u00e9zs \n\nTakar\u00f3 bels\u0151 v\u00e1laszthat\u00f3 sz\u00ednei: \nFeh\u00e9r \n\nA v\u00e1s\u00e1rl\u00f3 \u00e1ltal v\u00e1lasztott n\u00e9vvel k\u00e9sz\u00edtj\u00fck el a term\u00e9ket.\n\nT\u00f6k\u00e9letes babak\u00f6sz\u00f6nt\u0151 aj\u00e1nd\u00e9knak, illetve keresztel\u0151re is. \nV\u00e1rjuk szeretettel rendel\u00e9sed! :) ","price":"10000.00","unit":"db","recommended":"0","status":"1","sponsored":"0","exp_notify":"0","own_material":"0","own_material_description_old":null,"own_material_description":"","jury":"0","jury_number":"","product_nature":"","meskaracsony":"0","create_date":"2026-03-11 11:01:54","shelve_id":"0","image":"dorasdesign2022_product_539357_260401224728_725714.jpeg","image_width":"480","image_height":"360","image_alt":"N\u00e9vre sz\u00f3l\u00f3 h\u00edmzett babatakar\u00f3- nyuszi mint\u00e1s , N\u00e9vre sz\u00f3l\u00f3 h\u00edmzett babatakar\u00f3 minky \u00e9s sherpa anyagb\u00f3l .\\nM\u00e9ret: 75*95\\n\\nTakar\u00f3 v\u00e1laszthat\u00f3 sz\u00ednei: \\n..., Meska","image_title":"N\u00e9vre sz\u00f3l\u00f3 h\u00edmzett babatakar\u00f3- nyuszi mint\u00e1s , Meska","view_count":"634","favourite_count":"25","trending_score":"0","last2MonthFavouriteCount":"17","promotion":"0","giftcard_accept":"0","creditcard_accept":false,"enhanced_background":"0","domain":"meska","specific_customer_id":null,"specific_customer_name":null,"to_order_product":"1","to_order_product_time":"8","product_different":null,"product_different_description":"","vintage":"0","vintage_category_id":"0","recycled":"0","gemstone_id":"0","customizable":"1","type_category":"physical","zerowaste":"0","postage_price":"2390.00","shop_order":"0","has_category":"1","landing_pages":null,"microdata":{"number":10,"category":""},"title":"N\u00e9vre sz\u00f3l\u00f3 h\u00edmzett babatakar\u00f3- nyuszi mint\u00e1s ","description":"N\u00e9vre sz\u00f3l\u00f3 h\u00edmzett babatakar\u00f3 minky \u00e9s sherpa anyagb\u00f3l .\nM\u00e9ret: 75*95\n\nTakar\u00f3 v\u00e1laszthat\u00f3 sz\u00ednei: \nR\u00f3zsasz\u00edn \nK\u00e9k \nSz\u00fcrke \nB\u00e9zs \n\nTakar\u00f3 bels\u0151 v\u00e1laszthat\u00f3 sz\u00ednei: \nFeh\u00e9r \n\nA v\u00e1s\u00e1rl\u00f3 \u00e1ltal v\u00e1lasztott n\u00e9vvel k\u00e9sz\u00edtj\u00fck el a term\u00e9ket.\n\nT\u00f6k\u00e9letes babak\u00f6sz\u00f6nt\u0151 aj\u00e1nd\u00e9knak, illetve keresztel\u0151re is. \nV\u00e1rjuk szeretettel rendel\u00e9sed! :) ","score":0,"formatted_price":"10 000 Ft","image_url":"https:\/\/www.meska.hu\/img\/product\/small\/d\/o\/dorasdesign2022_product_539357_260401224728_725714.jpeg","formatted_url":"https:\/\/www.meska.hu\/p5544750-nevre-szolo-himzett-babatakaro-nyuszi-mintas","favourite":false,"in_stock":false,"avatar":"539357_avatar_1669881819.jpeg","delete_from":0,"is_enhanced_background":false,"is_enhanced":false,"product_selection_started":false,"is_active":true,"image_webp_url":"https:\/\/www.meska.hu\/img\/product\/small\/d\/o\/dorasdesign2022_product_539357_260401224728_725714.webp"},{"id":"6097919","shop_id":"19191","user_id":"176087","shop_name":"fenyves","shop_zip":"3383","product_code":"5722053","product_name_old":null,"product_name":"Balerina Nyuszi -r\u00f3zsasz\u00edn - drapp -amigurumi - horgolt nyuszi l\u00e1ny","category_string":"J\u00e1t\u00e9k & Sport, Pl\u00fcss\u00e1llat & J\u00e1t\u00e9kfigura, Nyuszi","technic_string":"Horgol\u00e1s","category_1":"305","category_2":"349","category_3":"1121","category_4":"0","merged_category_1":null,"merged_category_2":null,"merged_category_3":null,"technic_1":"488","technic_2":"0","technic_3":"0","color_1":"515","color_2":"519","color_3":"525","product_description_old":null,"product_description":"Oviba indul\u00f3 kisl\u00e1nynak, kedves kis bar\u00e1t lehet ez a nyuszi l\u00e1ny.\nA cip\u0151 levehet\u0151.\nSzeme k\u00e9zi h\u00edmz\u00e9ssel k\u00e9sz\u00fclt.\nAnyaga 100% pamut fonal.\nKb.26 cm magas a feje b\u00fabj\u00e1ig + a l\u00f3g\u00f3 f\u00fcle\n\nF\u00fcst \u00e9s \u00e1llatmentes helyen k\u00e9sz\u00fclt, saj\u00e1t minta alapj\u00e1n.\n\nK\u00f6sz\u00f6n\u00f6m, hogy megn\u00e9zted!","price":"7500.00","unit":"db","recommended":"0","status":"1","sponsored":"0","exp_notify":"0","own_material":"0","own_material_description_old":null,"own_material_description":"","jury":"0","jury_number":"","product_nature":"","meskaracsony":"0","create_date":"2026-01-30 12:11:22","shelve_id":"73280","image":"fenyves_product_176087_260323170515_592639.jpeg","image_width":"480","image_height":"718","image_alt":"Balerina Nyuszi -r\u00f3zsasz\u00edn - drapp -amigurumi - horgolt nyuszi l\u00e1ny, Oviba indul\u00f3 kisl\u00e1nynak, kedves kis bar\u00e1t lehet ez a nyuszi l\u00e1ny.\\nA cip\u0151 levehet\u0151.\\nSzeme k\u00e9zi h\u00edmz\u00e9s..., Meska","image_title":"Balerina Nyuszi -r\u00f3zsasz\u00edn - drapp -amigurumi - horgolt nyuszi l\u00e1ny, Meska","view_count":"260","favourite_count":"25","trending_score":"0","last2MonthFavouriteCount":"25","promotion":"0","giftcard_accept":"0","creditcard_accept":false,"enhanced_background":"0","domain":"meska","specific_customer_id":null,"specific_customer_name":null,"to_order_product":"0","to_order_product_time":"0","product_different":null,"product_different_description":"","vintage":"0","vintage_category_id":"0","recycled":"0","gemstone_id":"0","customizable":"0","type_category":"physical","zerowaste":"0","postage_price":"1435.00","shop_order":"0","has_category":"1","landing_pages":null,"microdata":{"number":11,"category":""},"title":"Balerina Nyuszi -r\u00f3zsasz\u00edn - drapp -amigurumi - horgolt nyuszi l\u00e1ny","description":"Oviba indul\u00f3 kisl\u00e1nynak, kedves kis bar\u00e1t lehet ez a nyuszi l\u00e1ny.\nA cip\u0151 levehet\u0151.\nSzeme k\u00e9zi h\u00edmz\u00e9ssel k\u00e9sz\u00fclt.\nAnyaga 100% pamut fonal.\nKb.26 cm magas a feje b\u00fabj\u00e1ig + a l\u00f3g\u00f3 f\u00fcle\n\nF\u00fcst \u00e9s \u00e1llatmentes helyen k\u00e9sz\u00fclt, saj\u00e1t minta alapj\u00e1n.\n\nK\u00f6sz\u00f6n\u00f6m, hogy megn\u00e9zted!","score":0,"formatted_price":"7 500 Ft","image_url":"https:\/\/www.meska.hu\/img\/product\/small\/f\/e\/fenyves_product_176087_260323170515_592639.jpeg","formatted_url":"https:\/\/www.meska.hu\/p5722053-balerina-nyuszi-rozsaszin-drapp-amigurumi-horgolt-nyuszi-lany","favourite":false,"in_stock":true,"avatar":"176087_avatar_1696842502.jpeg","delete_from":0,"is_enhanced_background":false,"is_enhanced":false,"product_selection_started":false,"is_active":true,"image_webp_url":"https:\/\/www.meska.hu\/img\/product\/small\/f\/e\/fenyves_product_176087_260323170515_592639.webp"},{"id":"5344300","shop_id":"34737","user_id":"453564","shop_name":"CsillagMag","shop_zip":"1171","product_code":"5292202","product_name_old":null,"product_name":"KAMILLA H\u00cdMZETT KAMILLAVIR\u00c1GOKKAL D\u00cdSZ\u00cdTETT CSILLAGMAG-LOVACSKA TERM\u00c9SZETES ANYAG GYAPJ\u00daFILC GYAPJ\u00da WALDORF NEMEZ EGYEDI","category_string":"J\u00e1t\u00e9k & Sport, Pl\u00fcss\u00e1llat & J\u00e1t\u00e9kfigura, L\u00f3","technic_string":"Baba-\u00e9s b\u00e1bk\u00e9sz\u00edt\u00e9s, H\u00edmz\u00e9s","category_1":"305","category_2":"349","category_3":"1117","category_4":"0","merged_category_1":null,"merged_category_2":null,"merged_category_3":null,"technic_1":"472","technic_2":"487","technic_3":"0","color_1":"519","color_2":"526","color_3":"529","product_description_old":null,"product_description":"KAMILLA,\n\nH\u00cdMZETT KAMILLAVIR\u00c1GOKKAL D\u00cdSZ\u00cdTETT\nGYAPJ\u00daFILC \nCSILLAGMAG-LOVACSKA\n\nPR\u00c9MIUM GYAPJ\u00daFILCB\u0150L,\nKIV\u00c1L\u00d3 MIN\u0150S\u00c9G\u0170 ILLATOS MAGYAR GYAPJ\u00daVAL T\u00d6LTVE.\n\nSAJ\u00c1T \u00d6TLET ALAPJ\u00c1N,\nEGYEDI, \n\nMIN\u0150S\u00c9GI, \nTERM\u00c9SZETES ANYAGOKB\u00d3L K\u00c9SZ\u00dcLT!\n\nS\u00d6R\u00c9NYE-FARKA HOSSZ\u00da, FONHAT\u00d3, FODR\u00c1SZOLHAT\u00d3 :-)\n\nCATANIA OEKO-TEX 100 MIN\u0150S\u00cdT\u00c9SSEL RENDELKEZ\u0150 MERCERIZ\u00c1LT PAMUTFONALB\u00d3L K\u00c9SZ\u00dcLT,\nMELY SEMMIF\u00c9LE K\u00c1ROS ANYAGOT NEM TARTALMAZ!\n\nSZEME PICI GY\u00d6NGY,\nDE K\u00c9RHET\u0150 VARRVA IS!\n\nM\u00c9RETE:\n16 x 17 CM\n\nM\u00c1S SZ\u00cdNBEN, M\u00c1S VIR\u00c1GOKKAL, H\u00cdMZ\u00c9SSEL IS K\u00c9RHET\u0150!","price":"12900.00","unit":"db","recommended":"0","status":"1","sponsored":"0","exp_notify":"0","own_material":"0","own_material_description_old":null,"own_material_description":"","jury":"0","jury_number":"","product_nature":"","meskaracsony":"0","create_date":"2026-03-28 07:36:24","shelve_id":"78686","image":"csillagmag_product_453564_240520195500_611342.jpeg","image_width":"480","image_height":"437","image_alt":"KAMILLA H\u00cdMZETT KAMILLAVIR\u00c1GOKKAL D\u00cdSZ\u00cdTETT CSILLAGMAG-LOVACSKA TERM\u00c9SZETES ANYAG GYAPJ\u00daFILC GYAPJ\u00da WALDORF NEMEZ EGYEDI, KAMILLA,\\n\\nH\u00cdMZETT KAMILLAVIR\u00c1GOKKAL D\u00cdSZ\u00cdTETT\\nGYAPJ\u00daFILC \\nCSILLAGMAG-LOVACSKA\\n\\nPR\u00c9MIUM GYAPJ\u00daFILCB\u0150L..., Meska","image_title":"KAMILLA H\u00cdMZETT KAMILLAVIR\u00c1GOKKAL D\u00cdSZ\u00cdTETT CSILLAGMAG-LOVACSKA TERM\u00c9SZETES ANYAG GYAPJ\u00daFILC GYAPJ\u00da WALDORF NEMEZ EGYEDI, Meska","view_count":"1531","favourite_count":"25","trending_score":"0","last2MonthFavouriteCount":"23","promotion":"0","giftcard_accept":"0","creditcard_accept":false,"enhanced_background":"0","domain":"meska","specific_customer_id":null,"specific_customer_name":null,"to_order_product":"1","to_order_product_time":"5","product_different":null,"product_different_description":"","vintage":"0","vintage_category_id":"0","recycled":"1","gemstone_id":"0","customizable":"0","type_category":"physical","zerowaste":"1","postage_price":"2390.00","shop_order":"0","has_category":"1","landing_pages":null,"microdata":{"number":12,"category":""},"title":"KAMILLA H\u00cdMZETT KAMILLAVIR\u00c1GOKKAL D\u00cdSZ\u00cdTETT CSILLAGMAG-LOVACSKA TERM\u00c9SZETES ANYAG GYAPJ\u00daFILC GYAPJ\u00da WALDORF NEMEZ EGYEDI","description":"KAMILLA,\n\nH\u00cdMZETT KAMILLAVIR\u00c1GOKKAL D\u00cdSZ\u00cdTETT\nGYAPJ\u00daFILC \nCSILLAGMAG-LOVACSKA\n\nPR\u00c9MIUM GYAPJ\u00daFILCB\u0150L,\nKIV\u00c1L\u00d3 MIN\u0150S\u00c9G\u0170 ILLATOS MAGYAR GYAPJ\u00daVAL T\u00d6LTVE.\n\nSAJ\u00c1T \u00d6TLET ALAPJ\u00c1N,\nEGYEDI, \n\nMIN\u0150S\u00c9GI, \nTERM\u00c9SZETES ANYAGOKB\u00d3L K\u00c9SZ\u00dcLT!\n\nS\u00d6R\u00c9NYE-FARKA HOSSZ\u00da, FONHAT\u00d3, FODR\u00c1SZOLHAT\u00d3 :-)\n\nCATANIA OEKO-TEX 100 MIN\u0150S\u00cdT\u00c9SSEL RENDELKEZ\u0150 MERCERIZ\u00c1LT PAMUTFONALB\u00d3L K\u00c9SZ\u00dcLT,\nMELY SEMMIF\u00c9LE K\u00c1ROS ANYAGOT NEM TARTALMAZ!\n\nSZEME PICI GY\u00d6NGY,\nDE K\u00c9RHET\u0150 VARRVA IS!\n\nM\u00c9RETE:\n16 x 17 CM\n\nM\u00c1S SZ\u00cdNBEN, M\u00c1S VIR\u00c1GOKKAL, H\u00cdMZ\u00c9SSEL IS K\u00c9RHET\u0150!","score":0,"formatted_price":"12 900 Ft","image_url":"https:\/\/www.meska.hu\/img\/product\/small\/c\/s\/csillagmag_product_453564_240520195500_611342.jpeg","formatted_url":"https:\/\/www.meska.hu\/p5292202-himzett-kamillaviragokkal-diszitett-lovacska-termeszetes-anyagokbol-gyapjufilc-gyapju-hosszu-fonhato-sorennyel","favourite":false,"in_stock":false,"avatar":"CsillagMag_avatar_453564_1633511873.jpg","delete_from":0,"is_enhanced_background":false,"is_enhanced":false,"product_selection_started":false,"is_active":true,"image_webp_url":"https:\/\/www.meska.hu\/img\/product\/small\/c\/s\/csillagmag_product_453564_240520195500_611342.webp"},{"id":"5976727","shop_id":"48106","user_id":"702589","shop_name":"DonDecor","shop_zip":"4031","product_code":"5658200","product_name_old":null,"product_name":"Grav\u00edrozott esk\u00fcv\u0151s p\u00e1link\u00e1s poh\u00e1r 55 ml sz\u00f6gletes","category_string":"Otthon & \u00c9letm\u00f3d, Konyhafelszerel\u00e9s, t\u00e1lal\u00e1s, T\u00e1lal\u00e1s, P\u00e1link\u00e1s poharak, szettek","technic_string":"Grav\u00edroz\u00e1s, pirogr\u00e1fia","category_1":"813","category_2":"393","category_3":"1419","category_4":"1422","merged_category_1":null,"merged_category_2":null,"merged_category_3":null,"technic_1":"796","technic_2":"0","technic_3":"0","color_1":"513","color_2":"0","color_3":"0","product_description_old":null,"product_description":"Esk\u00fcv\u0151i \u00fcltet\u0151 \u00e9s k\u00f6sz\u00f6n\u0151 poh\u00e1r sz\u00f6gletes form\u00e1val, 55 ml. K\u00e9rlek a neveket \u00e9s a d\u00e1tumot \u00fczenetben k\u00fcldd el.\n\nSzeretn\u00e9d valamivel meglepni a n\u00e1szn\u00e9pet, de nem tudod mi legyen az? Ezek az egyedi n\u00e9vre sz\u00f3l\u00f3 poharak k\u00fcl\u00f6nlegess\u00e9 teszik majd \u00e9letetek nagy napj\u00e1t. \u00dcltet\u0151 poh\u00e1rk\u00e9nt is haszn\u00e1lhat\u00f3, de sz\u00e9p aj\u00e1nd\u00e9k is egyben a vend\u00e9geknek.\n\nEgyedi elk\u00e9pzel\u00e9ssel is k\u00e9rheted, ehhez k\u00e9rlek megrendel\u00e9s el\u0151tt egyeztess velem.\n\nA sz\u00f6veg \u00e9s az \u00e1bra m\u00f3dos\u00edt\u00e1sa n\u00e1lam nem j\u00e1r plusz k\u00f6lts\u00e9ggel. A k\u00e9rt m\u00f3dos\u00edt\u00e1sokr\u00f3l mindig k\u00e9sz\u00edtek l\u00e1tv\u00e1nytervet, amit csak akkor grav\u00edrozok ha megfelel az \u00e1ltalad meg\u00e1lmodott \u00f6sszk\u00e9p.\n\nA poh\u00e1r magass\u00e1ga 6,3 cm x 4,5 cm","price":"900.00","unit":"db","recommended":"0","status":"1","sponsored":"0","exp_notify":"0","own_material":"0","own_material_description_old":null,"own_material_description":"","jury":"0","jury_number":"","product_nature":"","meskaracsony":"0","create_date":"2026-01-18 18:58:16","shelve_id":"81607","image":"dondecor_product_702589_251104184953_337766.png","image_width":"480","image_height":"480","image_alt":"Grav\u00edrozott esk\u00fcv\u0151s p\u00e1link\u00e1s poh\u00e1r 55 ml sz\u00f6gletes, Esk\u00fcv\u0151i \u00fcltet\u0151 \u00e9s k\u00f6sz\u00f6n\u0151 poh\u00e1r sz\u00f6gletes form\u00e1val, 55 ml. K\u00e9rlek a neveket \u00e9s a d\u00e1tumot \u00fczenetben k..., Meska","image_title":"Grav\u00edrozott esk\u00fcv\u0151s p\u00e1link\u00e1s poh\u00e1r 55 ml sz\u00f6gletes, Meska","view_count":"347","favourite_count":"25","trending_score":"0","last2MonthFavouriteCount":"12","promotion":"0","giftcard_accept":"0","creditcard_accept":true,"enhanced_background":"0","domain":"meska","specific_customer_id":null,"specific_customer_name":null,"to_order_product":"1","to_order_product_time":"7","product_different":null,"product_different_description":"","vintage":"0","vintage_category_id":"0","recycled":"0","gemstone_id":"0","customizable":"1","type_category":"physical","zerowaste":"0","postage_price":"1290.00","shop_order":"0","has_category":"1","landing_pages":null,"microdata":{"number":13,"category":""},"title":"Grav\u00edrozott esk\u00fcv\u0151s p\u00e1link\u00e1s poh\u00e1r 55 ml sz\u00f6gletes","description":"Esk\u00fcv\u0151i \u00fcltet\u0151 \u00e9s k\u00f6sz\u00f6n\u0151 poh\u00e1r sz\u00f6gletes form\u00e1val, 55 ml. K\u00e9rlek a neveket \u00e9s a d\u00e1tumot \u00fczenetben k\u00fcldd el.\n\nSzeretn\u00e9d valamivel meglepni a n\u00e1szn\u00e9pet, de nem tudod mi legyen az? Ezek az egyedi n\u00e9vre sz\u00f3l\u00f3 poharak k\u00fcl\u00f6nlegess\u00e9 teszik majd \u00e9letetek nagy napj\u00e1t. \u00dcltet\u0151 poh\u00e1rk\u00e9nt is haszn\u00e1lhat\u00f3, de sz\u00e9p aj\u00e1nd\u00e9k is egyben a vend\u00e9geknek.\n\nEgyedi elk\u00e9pzel\u00e9ssel is k\u00e9rheted, ehhez k\u00e9rlek megrendel\u00e9s el\u0151tt egyeztess velem.\n\nA sz\u00f6veg \u00e9s az \u00e1bra m\u00f3dos\u00edt\u00e1sa n\u00e1lam nem j\u00e1r plusz k\u00f6lts\u00e9ggel. A k\u00e9rt m\u00f3dos\u00edt\u00e1sokr\u00f3l mindig k\u00e9sz\u00edtek l\u00e1tv\u00e1nytervet, amit csak akkor grav\u00edrozok ha megfelel az \u00e1ltalad meg\u00e1lmodott \u00f6sszk\u00e9p.\n\nA poh\u00e1r magass\u00e1ga 6,3 cm x 4,5 cm","score":0,"formatted_price":"900 Ft","image_url":"https:\/\/www.meska.hu\/img\/product\/small\/d\/o\/dondecor_product_702589_251104184953_337766.png","formatted_url":"https:\/\/www.meska.hu\/p5658200-gravirozott-eskuvos-palinkas-pohar-55-ml-szogletes","favourite":false,"in_stock":false,"avatar":"702589_avatar_1739791287.jpeg","delete_from":0,"is_enhanced_background":false,"is_enhanced":false,"product_selection_started":false,"is_active":true,"image_webp_url":"https:\/\/www.meska.hu\/img\/product\/small\/d\/o\/dondecor_product_702589_251104184953_337766.webp"},{"id":"6109277","shop_id":"27644","user_id":"340150","shop_name":"meridakriszta","shop_zip":"3526","product_code":"5728981","product_name_old":null,"product_name":"Horgolt kisl\u00e1ny babafejp\u00e1nt","category_string":"Ruha & Divat, Gyerekruha, Ruha","technic_string":"Horgol\u00e1s","category_1":"806","category_2":"434","category_3":"1191","category_4":"0","merged_category_1":null,"merged_category_2":null,"merged_category_3":null,"technic_1":"488","technic_2":"0","technic_3":"0","color_1":"522","color_2":"523","color_3":"525","product_description_old":null,"product_description":"A nyit\u00f3fot\u00f3 AI k\u00e9p.\n\n100 % pamutfonalb\u00f3l horgoltam a fejp\u00e1ntot \u00fajsz\u00fcl\u00f6tteknek, kisbab\u00e1knak, gyerekeknek. \n41 cm a hajp\u00e1nt +2x31 cm megk\u00f6t\u0151 a hossza, gyerekm\u00e9ret.\n\nAmennyiben m\u00e1sik sz\u00ednre, m\u00e9retre van sz\u00fcks\u00e9ged, el\u0151tte egyeztess\u00fcnk! \u00c1ra az elk\u00e9sz\u00fclt term\u00e9kt\u0151l f\u00fcgg. A jelenlegi 9 g.\n\nN\u00e9zz sz\u00e9t a term\u00e9keim k\u00f6z\u00f6tt, 10 000 Ft v\u00e1s\u00e1rl\u00e1s felett Foxpost automat\u00e1ba ingyenesen sz\u00e1ll\u00edtok.\n\nSzem\u00e9lyesen Miskolcon tudunk tal\u00e1lkozni. \nPost\u00e1n marad\u00f3ra, automat\u00e1kkal is tudom k\u00fcldeni. Ut\u00e1nv\u00e9ttel nem k\u00fcld\u00f6m, k\u00e9rlek vedd figyelembe!\nTerm\u00e9keimet sz\u00e1ml\u00e1val \u00e9rt\u00e9kes\u00edtem, k\u00e9pet tudok m\u00e9g k\u00fcldeni. \n\nHa van k\u00e9rd\u00e9sed \u00edrj, v\u00e1laszolok!\n","price":"1900.00","unit":"db","recommended":"0","status":"1","sponsored":"0","exp_notify":"0","own_material":"0","own_material_description_old":null,"own_material_description":"","jury":"0","jury_number":"","product_nature":"","meskaracsony":"0","create_date":"2026-02-08 10:08:08","shelve_id":"63253","image":"meridakriszta_product_340150_260329213337_525316.jpeg","image_width":"480","image_height":"360","image_alt":"Horgolt kisl\u00e1ny babafejp\u00e1nt, A nyit\u00f3fot\u00f3 AI k\u00e9p.\\n\\n100 % pamutfonalb\u00f3l horgoltam a fejp\u00e1ntot \u00fajsz\u00fcl\u00f6tteknek, kisbab\u00e1knak, gyerekek..., Meska","image_title":"Horgolt kisl\u00e1ny babafejp\u00e1nt, Meska","view_count":"220","favourite_count":"25","trending_score":"0","last2MonthFavouriteCount":"24","promotion":"0","giftcard_accept":"0","creditcard_accept":false,"enhanced_background":"0","domain":"meska","specific_customer_id":null,"specific_customer_name":null,"to_order_product":"0","to_order_product_time":"0","product_different":null,"product_different_description":"","vintage":"0","vintage_category_id":"0","recycled":"0","gemstone_id":"0","customizable":"0","type_category":"physical","zerowaste":"0","postage_price":"1349.00","shop_order":"0","has_category":"1","landing_pages":null,"microdata":{"number":14,"category":""},"title":"Horgolt kisl\u00e1ny babafejp\u00e1nt","description":"A nyit\u00f3fot\u00f3 AI k\u00e9p.\n\n100 % pamutfonalb\u00f3l horgoltam a fejp\u00e1ntot \u00fajsz\u00fcl\u00f6tteknek, kisbab\u00e1knak, gyerekeknek. \n41 cm a hajp\u00e1nt +2x31 cm megk\u00f6t\u0151 a hossza, gyerekm\u00e9ret.\n\nAmennyiben m\u00e1sik sz\u00ednre, m\u00e9retre van sz\u00fcks\u00e9ged, el\u0151tte egyeztess\u00fcnk! \u00c1ra az elk\u00e9sz\u00fclt term\u00e9kt\u0151l f\u00fcgg. A jelenlegi 9 g.\n\nN\u00e9zz sz\u00e9t a term\u00e9keim k\u00f6z\u00f6tt, 10 000 Ft v\u00e1s\u00e1rl\u00e1s felett Foxpost automat\u00e1ba ingyenesen sz\u00e1ll\u00edtok.\n\nSzem\u00e9lyesen Miskolcon tudunk tal\u00e1lkozni. \nPost\u00e1n marad\u00f3ra, automat\u00e1kkal is tudom k\u00fcldeni. Ut\u00e1nv\u00e9ttel nem k\u00fcld\u00f6m, k\u00e9rlek vedd figyelembe!\nTerm\u00e9keimet sz\u00e1ml\u00e1val \u00e9rt\u00e9kes\u00edtem, k\u00e9pet tudok m\u00e9g k\u00fcldeni. \n\nHa van k\u00e9rd\u00e9sed \u00edrj, v\u00e1laszolok!\n","score":0,"formatted_price":"1 900 Ft","image_url":"https:\/\/www.meska.hu\/img\/product\/small\/m\/e\/meridakriszta_product_340150_260329213337_525316.jpeg","formatted_url":"https:\/\/www.meska.hu\/p5728981-horgolt-kislany-babafejpant","favourite":false,"in_stock":true,"avatar":"meridakriszta_avatar_340150_1573418948.jpg","delete_from":0,"is_enhanced_background":false,"is_enhanced":false,"product_selection_started":false,"is_active":true,"image_webp_url":"https:\/\/www.meska.hu\/img\/product\/small\/m\/e\/meridakriszta_product_340150_260329213337_525316.webp"},{"id":"6133444","shop_id":"19191","user_id":"176087","shop_name":"fenyves","shop_zip":"3383","product_code":"5743398","product_name_old":null,"product_name":"Nyuszi l\u00e1ny - t\u00fcrkiz ruh\u00e1s - horgolt marok\u00e1llat","category_string":"J\u00e1t\u00e9k & Sport, Pl\u00fcss\u00e1llat & J\u00e1t\u00e9kfigura, Nyuszi","technic_string":"H\u00edmz\u00e9s, Horgol\u00e1s","category_1":"305","category_2":"349","category_3":"1121","category_4":"0","merged_category_1":null,"merged_category_2":null,"merged_category_3":null,"technic_1":"487","technic_2":"488","technic_3":"0","color_1":"515","color_2":"528","color_3":"0","product_description_old":null,"product_description":"Kedves  aj\u00e1nd\u00e9k ez a cuki nyuszi l\u00e1ny.\n\nEz a cuki nyuszi l\u00e1ny egyedi minta alapj\u00e1n k\u00e9sz\u00fclt.\n\nT\u00f6rt feh\u00e9r min\u0151s\u00e9gi 100% pamutfonalb\u00f3l.\n\nSzeme k\u00e9zi h\u00edmz\u00e9ssel k\u00e9sz\u00fclt.\n\nMagass\u00e1ga kb 15 cm\n\n\nMinden r\u00f6gz\u00edtett..\n\nK\u00f6sz\u00f6n\u00f6m, hogy megn\u00e9zted.","price":"4000.00","unit":"db","recommended":"0","status":"1","sponsored":"0","exp_notify":"0","own_material":"0","own_material_description_old":null,"own_material_description":"","jury":"0","jury_number":"","product_nature":"","meskaracsony":"0","create_date":"2026-03-01 20:12:18","shelve_id":"43174","image":"fenyves_product_176087_260301201107_100621.jpeg","image_width":"480","image_height":"759","image_alt":"Nyuszi l\u00e1ny - t\u00fcrkiz ruh\u00e1s - horgolt marok\u00e1llat, Kedves  aj\u00e1nd\u00e9k ez a cuki nyuszi l\u00e1ny.\\n\\nEz a cuki nyuszi l\u00e1ny egyedi minta alapj\u00e1n k\u00e9sz\u00fclt.\\n\\nT\u00f6rt fe..., Meska","image_title":"Nyuszi l\u00e1ny - t\u00fcrkiz ruh\u00e1s - horgolt marok\u00e1llat, Meska","view_count":"150","favourite_count":"25","trending_score":"0","last2MonthFavouriteCount":"25","promotion":"0","giftcard_accept":"0","creditcard_accept":false,"enhanced_background":"0","domain":"meska","specific_customer_id":null,"specific_customer_name":null,"to_order_product":"0","to_order_product_time":"0","product_different":null,"product_different_description":"","vintage":"0","vintage_category_id":"0","recycled":"0","gemstone_id":"0","customizable":"0","type_category":"physical","zerowaste":"0","postage_price":"2470.00","shop_order":"0","has_category":"1","landing_pages":null,"microdata":{"number":15,"category":""},"title":"Nyuszi l\u00e1ny - t\u00fcrkiz ruh\u00e1s - horgolt marok\u00e1llat","description":"Kedves  aj\u00e1nd\u00e9k ez a cuki nyuszi l\u00e1ny.\n\nEz a cuki nyuszi l\u00e1ny egyedi minta alapj\u00e1n k\u00e9sz\u00fclt.\n\nT\u00f6rt feh\u00e9r min\u0151s\u00e9gi 100% pamutfonalb\u00f3l.\n\nSzeme k\u00e9zi h\u00edmz\u00e9ssel k\u00e9sz\u00fclt.\n\nMagass\u00e1ga kb 15 cm\n\n\nMinden r\u00f6gz\u00edtett..\n\nK\u00f6sz\u00f6n\u00f6m, hogy megn\u00e9zted.","score":0,"formatted_price":"4 000 Ft","image_url":"https:\/\/www.meska.hu\/img\/product\/small\/f\/e\/fenyves_product_176087_260301201107_100621.jpeg","formatted_url":"https:\/\/www.meska.hu\/p5743398-nyuszi-lany-turkiz-ruhas-horgolt-marokallat","favourite":false,"in_stock":true,"avatar":"176087_avatar_1696842502.jpeg","delete_from":0,"is_enhanced_background":false,"is_enhanced":false,"product_selection_started":false,"is_active":true,"image_webp_url":"https:\/\/www.meska.hu\/img\/product\/small\/f\/e\/fenyves_product_176087_260301201107_100621.webp"},{"id":"6173221","shop_id":"19191","user_id":"176087","shop_name":"fenyves","shop_zip":"3383","product_code":"5767314","product_name_old":null,"product_name":"Nyuszi fi\u00fa - levehet\u0151 nadr\u00e1gban - horgolt ny\u00fal figura","category_string":"J\u00e1t\u00e9k & Sport, Pl\u00fcss\u00e1llat & J\u00e1t\u00e9kfigura, Nyuszi","technic_string":"H\u00edmz\u00e9s, Horgol\u00e1s","category_1":"305","category_2":"349","category_3":"1121","category_4":"0","merged_category_1":null,"merged_category_2":null,"merged_category_3":null,"technic_1":"487","technic_2":"488","technic_3":"0","color_1":"514","color_2":"515","color_3":"519","product_description_old":null,"product_description":"Ez a cuki fi\u00fa nyuszi kedves alv\u00f3t\u00e1rs, \u00f6lelni val\u00f3 bar\u00e1t lehet egy kisfi\u00fa sz\u00e1m\u00e1ra.\n100% pamutfonalb\u00f3l horgoltam saj\u00e1t minta alapj\u00e1n.\nA szeme k\u00e9zi h\u00edmz\u00e9s\u0171.\nA nadr\u00e1g levehet\u0151, patenttel z\u00e1r\u00f3dik.\nMagass\u00e1ga 30 cm a f\u00fcle hegy\u00e9ig.","price":"8500.00","unit":"db","recommended":"0","status":"1","sponsored":"0","exp_notify":"0","own_material":"0","own_material_description_old":null,"own_material_description":"","jury":"0","jury_number":"","product_nature":"","meskaracsony":"0","create_date":"2026-04-01 15:18:14","shelve_id":"43174","image":"fenyves_product_176087_260401151701_947872.jpeg","image_width":"480","image_height":"665","image_alt":"Nyuszi fi\u00fa - levehet\u0151 nadr\u00e1gban - horgolt ny\u00fal figura, Ez a cuki fi\u00fa nyuszi kedves alv\u00f3t\u00e1rs, \u00f6lelni val\u00f3 bar\u00e1t lehet egy kisfi\u00fa sz\u00e1m\u00e1ra.\\n100% pamutfonalb\u00f3l..., Meska","image_title":"Nyuszi fi\u00fa - levehet\u0151 nadr\u00e1gban - horgolt ny\u00fal figura, Meska","view_count":"141","favourite_count":"25","trending_score":"0","last2MonthFavouriteCount":"25","promotion":"0","giftcard_accept":"0","creditcard_accept":false,"enhanced_background":"0","domain":"meska","specific_customer_id":null,"specific_customer_name":null,"to_order_product":"0","to_order_product_time":"0","product_different":null,"product_different_description":"","vintage":"0","vintage_category_id":"0","recycled":"0","gemstone_id":"0","customizable":"0","type_category":"physical","zerowaste":"0","postage_price":"1435.00","shop_order":"0","has_category":"1","landing_pages":null,"microdata":{"number":16,"category":""},"title":"Nyuszi fi\u00fa - levehet\u0151 nadr\u00e1gban - horgolt ny\u00fal figura","description":"Ez a cuki fi\u00fa nyuszi kedves alv\u00f3t\u00e1rs, \u00f6lelni val\u00f3 bar\u00e1t lehet egy kisfi\u00fa sz\u00e1m\u00e1ra.\n100% pamutfonalb\u00f3l horgoltam saj\u00e1t minta alapj\u00e1n.\nA szeme k\u00e9zi h\u00edmz\u00e9s\u0171.\nA nadr\u00e1g levehet\u0151, patenttel z\u00e1r\u00f3dik.\nMagass\u00e1ga 30 cm a f\u00fcle hegy\u00e9ig.","score":0,"formatted_price":"8 500 Ft","image_url":"https:\/\/www.meska.hu\/img\/product\/small\/f\/e\/fenyves_product_176087_260401151701_947872.jpeg","formatted_url":"https:\/\/www.meska.hu\/p5767314-nyuszi-fiu-leveheto-nadragban-horgolt-nyul-figura","favourite":false,"in_stock":true,"avatar":"176087_avatar_1696842502.jpeg","delete_from":0,"is_enhanced_background":false,"is_enhanced":false,"product_selection_started":false,"is_active":true,"image_webp_url":"https:\/\/www.meska.hu\/img\/product\/small\/f\/e\/fenyves_product_176087_260401151701_947872.webp"},{"id":"5332060","shop_id":"43934","user_id":"631552","shop_name":"Zuzmocity","shop_zip":"1164","product_code":"5286965","product_name_old":null,"product_name":"60 cm \u00e1tm\u00e9r\u0151j\u0171 k\u00f6r zuzm\u00f3k\u00e9p fekete fa kerettel","category_string":"Otthon & \u00c9letm\u00f3d, Dekor\u00e1ci\u00f3, Fali \u00e9s f\u00fcgg\u0151 dekor\u00e1ci\u00f3, Zuzm\u00f3k\u00e9p, Mohak\u00e9p","technic_string":"","category_1":"813","category_2":"314","category_3":"1470","category_4":"1584","merged_category_1":null,"merged_category_2":null,"merged_category_3":null,"technic_1":"0","technic_2":"0","technic_3":"0","color_1":"529","color_2":"0","color_3":"0","product_description_old":null,"product_description":"K\u00f6r alak\u00fa zuzm\u00f3k\u00e9p v\u00e1lasztott sz\u00edn\u0171 z\u00f6ld zuzm\u00f3val, fekete fa keretben.\n\u00c1tm\u00e9r\u0151je: 60 cm, nagyon j\u00f3l mutat moodern k\u00f6rnyezetben. K\u00e9rheted m\u00e1s sz\u00edn\u0171 kerettel vagy m\u00e1s sz\u00edn\u0171 zuzm\u00f3val is, ak\u00e1r t\u00f6bb sz\u00ednnel vegyesen! KIZ\u00c1R\u00d3LAG KEREK FEJ\u0170, PR\u00c9MIUM ZUZM\u00d3T HASZN\u00c1LUNK, mely nem egyezik meg a \"vir\u00e1gosokn\u00e1l\", hobbiboltokban kaphat\u00f3 zuzm\u00f3 min\u0151s\u00e9g\u00e9vel!\n\nMi\u00e9rt j\u00f3 az izlandi zuzm\u00f3b\u00f3l k\u00e9sz\u00fclt dekor\u00e1ci\u00f3?\n\n\u2022 Rendk\u00edv\u00fcl dekorat\u00edv \u00e9s puha\n\n\u2022 Tart\u00f3s (10-15 \u00e9v)\n\n\u2022 100% term\u00e9szetes, nem m\u0171anyag\n\n\u2022 Gondoz\u00e1smentes\n\n\u2022 Nem ig\u00e9nyel f\u00e9nyt\n\n\u2022 K\u00f6rnyezetbar\u00e1t\n\n\u2022 Nem vonzza a rovarokat\n\n\u2022 Nem vonzza a port\n\n\u2022 Antiallerg\u00e9n\n\n\u2022\u00a0T\u0171z\u00e1ll\u00f3\n\n\u00cdgy is ismerheted: izlandi zuzm\u00f3, r\u00e9nszarvas zuzm\u00f3, skandin\u00e1v zuzm\u00f3, r\u00e9nszarvasmoha, izlandi moha","price":"56900.00","unit":"db","recommended":"0","status":"1","sponsored":"0","exp_notify":"0","own_material":"0","own_material_description_old":null,"own_material_description":"","jury":"0","jury_number":"","product_nature":"","meskaracsony":"0","create_date":"2026-04-01 01:07:42","shelve_id":"0","image":"zuzmocity_product_631552_240508190210_752358.jpeg","image_width":"480","image_height":"480","image_alt":"60 cm \u00e1tm\u00e9r\u0151j\u0171 k\u00f6r zuzm\u00f3k\u00e9p fekete fa kerettel, K\u00f6r alak\u00fa zuzm\u00f3k\u00e9p v\u00e1lasztott sz\u00edn\u0171 z\u00f6ld zuzm\u00f3val, fekete fa keretben.\\n\u00c1tm\u00e9r\u0151je: 60 cm, nagyon j\u00f3l m..., Meska","image_title":"60 cm \u00e1tm\u00e9r\u0151j\u0171 k\u00f6r zuzm\u00f3k\u00e9p fekete fa kerettel, Meska","view_count":"1264","favourite_count":"24","trending_score":"0","last2MonthFavouriteCount":"24","promotion":"0","giftcard_accept":"0","creditcard_accept":false,"enhanced_background":"0","domain":"meska","specific_customer_id":null,"specific_customer_name":null,"to_order_product":"1","to_order_product_time":"10","product_different":null,"product_different_description":"","vintage":"0","vintage_category_id":"0","recycled":"0","gemstone_id":"0","customizable":"0","type_category":"physical","zerowaste":"0","postage_price":"2390.00","shop_order":"0","has_category":"1","landing_pages":null,"microdata":{"number":17,"category":""},"title":"60 cm \u00e1tm\u00e9r\u0151j\u0171 k\u00f6r zuzm\u00f3k\u00e9p fekete fa kerettel","description":"K\u00f6r alak\u00fa zuzm\u00f3k\u00e9p v\u00e1lasztott sz\u00edn\u0171 z\u00f6ld zuzm\u00f3val, fekete fa keretben.\n\u00c1tm\u00e9r\u0151je: 60 cm, nagyon j\u00f3l mutat moodern k\u00f6rnyezetben. K\u00e9rheted m\u00e1s sz\u00edn\u0171 kerettel vagy m\u00e1s sz\u00edn\u0171 zuzm\u00f3val is, ak\u00e1r t\u00f6bb sz\u00ednnel vegyesen! KIZ\u00c1R\u00d3LAG KEREK FEJ\u0170, PR\u00c9MIUM ZUZM\u00d3T HASZN\u00c1LUNK, mely nem egyezik meg a \"vir\u00e1gosokn\u00e1l\", hobbiboltokban kaphat\u00f3 zuzm\u00f3 min\u0151s\u00e9g\u00e9vel!\n\nMi\u00e9rt j\u00f3 az izlandi zuzm\u00f3b\u00f3l k\u00e9sz\u00fclt dekor\u00e1ci\u00f3?\n\n\u2022 Rendk\u00edv\u00fcl dekorat\u00edv \u00e9s puha\n\n\u2022 Tart\u00f3s (10-15 \u00e9v)\n\n\u2022 100% term\u00e9szetes, nem m\u0171anyag\n\n\u2022 Gondoz\u00e1smentes\n\n\u2022 Nem ig\u00e9nyel f\u00e9nyt\n\n\u2022 K\u00f6rnyezetbar\u00e1t\n\n\u2022 Nem vonzza a rovarokat\n\n\u2022 Nem vonzza a port\n\n\u2022 Antiallerg\u00e9n\n\n\u2022\u00a0T\u0171z\u00e1ll\u00f3\n\n\u00cdgy is ismerheted: izlandi zuzm\u00f3, r\u00e9nszarvas zuzm\u00f3, skandin\u00e1v zuzm\u00f3, r\u00e9nszarvasmoha, izlandi moha","score":0,"formatted_price":"56 900 Ft","image_url":"https:\/\/www.meska.hu\/img\/product\/small\/z\/u\/zuzmocity_product_631552_240508190210_752358.jpeg","formatted_url":"https:\/\/www.meska.hu\/p5286965-60-cm-atmeroju-kor-zuzmokep-fekete-fa-kerettel","favourite":false,"in_stock":false,"avatar":"631552_avatar_1705325562.jpeg","delete_from":0,"is_enhanced_background":false,"is_enhanced":false,"product_selection_started":false,"is_active":true,"image_webp_url":"https:\/\/www.meska.hu\/img\/product\/small\/z\/u\/zuzmocity_product_631552_240508190210_752358.webp"},{"id":"5773592","shop_id":"34737","user_id":"453564","shop_name":"CsillagMag","shop_zip":"1171","product_code":"5544393","product_name_old":null,"product_name":"R\u00d3KAKOMA MOZGATHAT\u00d3 KEZEKKEL-L\u00c1BAKKAL TERM\u00c9SZETES ANYAGOK GYAPJ\u00daFILC GYAPJ\u00da S\u00c1LLAL MELL\u00c9NYK\u00c9VEL 3 DB\/SZETT FENNTARTHAT\u00d3 ","category_string":"J\u00e1t\u00e9k & Sport, Pl\u00fcss\u00e1llat & J\u00e1t\u00e9kfigura, R\u00f3ka","technic_string":"Baba-\u00e9s b\u00e1bk\u00e9sz\u00edt\u00e9s, Varr\u00e1s","category_1":"305","category_2":"349","category_3":"1123","category_4":"0","merged_category_1":null,"merged_category_2":null,"merged_category_3":null,"technic_1":"472","technic_2":"506","technic_3":"0","color_1":"519","color_2":"520","color_3":"568","product_description_old":null,"product_description":"R\u00f3kakoma \u2013 egy bar\u00e1t a nagyvil\u00e1gban!\n\nIsmerj\u00e9tek meg R\u00f3kakom\u00e1t, \nezt a b\u00e1jos, \nk\u00e9zzel k\u00e9sz\u00fclt kis r\u00f3k\u00e1t, aki nemcsak t\u00e1rs lehet a j\u00e1t\u00e9kban,\nde egyben a term\u00e9szetess\u00e9g \u00e9s fenntarthat\u00f3s\u00e1g nagyk\u00f6vete is.\n\n\u00daj, nagyobb m\u00e9retben k\u00e9sz\u00fclt, magass\u00e1ga 21x6 cm!\n\nGyapj\u00fafilcb\u0151l k\u00e9sz\u00fclt test\u00e9t finom r\u00e9szletek \u00e9s meleg sz\u00ednek jellemzik, \nt\u00f6ltete kiv\u00e1l\u00f3 min\u0151s\u00e9g\u0171 magyar gyapj\u00fa;\n\nharagosz\u00f6ld, levehet\u0151 kis mell\u00e9nyk\u00e9t visel,\namit t\u00e9p\u0151z\u00e1rral k\u00f6nnyed\u00e9n fel- \u00e9s le lehet adni \u2013 \u00edgy a kicsik is sz\u00edvesen \u00f6lt\u00f6ztethetik.\n\nNyak\u00e1ban puha gyapj\u00fafilc s\u00e1l meleg\u00edti, mintha csak egy tavaszi s\u00e9t\u00e1ra indulna az erd\u0151 sz\u00e9l\u00e9n.\n\nR\u00f3kakoma nem tartalmaz m\u0171anyag alkatr\u00e9szeket, \nkiz\u00e1r\u00f3lag term\u00e9szetes anyagokb\u00f3l k\u00e9sz\u00fclt, hogy ne csak \u00f6r\u00f6met szerezzen, hanem biztons\u00e1gos \u00e9s k\u00f6rnyezetbar\u00e1t alternat\u00edv\u00e1t is ny\u00fajtson a modern j\u00e1t\u00e9kok k\u00f6z\u00f6tt.\n\nA term\u00e9szetes j\u00e1t\u00e9kok seg\u00edtik a gyermekek fant\u00e1zi\u00e1j\u00e1t, k\u00e9z\u00fcgyess\u00e9g\u00e9t \u00e9s k\u00f6t\u0151d\u00e9s\u00e9t a k\u00f6rnyezetbar\u00e1t \u00e9letm\u00f3dhoz \u2013 r\u00e1ad\u00e1sul minden darab egy kicsit m\u00e1s, \negyedi,\nak\u00e1rcsak maga a term\u00e9szet.\n\nHa szeretn\u00e9l egy kis sz\u00edvmelenget\u0151 t\u00e1rsat, aki eml\u00e9keztet arra, hogy a legszebb dolgok gyakran a legegyszer\u0171bbek \u2013 R\u00f3kakoma \u00e9pp r\u00e1d v\u00e1r!\n\nTartalom:\n- R\u00f3kakoma \n- s\u00e1l \n- mell\u00e9nyke\n\n","price":"10900.00","unit":"db","recommended":"0","status":"1","sponsored":"0","exp_notify":"0","own_material":"0","own_material_description_old":null,"own_material_description":"","jury":"0","jury_number":"","product_nature":"","meskaracsony":"0","create_date":"2026-02-23 10:50:04","shelve_id":"68187","image":"csillagmag_product_453564_250424135316_885788.jpeg","image_width":"480","image_height":"580","image_alt":"R\u00d3KAKOMA MOZGATHAT\u00d3 KEZEKKEL-L\u00c1BAKKAL TERM\u00c9SZETES ANYAGOK GYAPJ\u00daFILC GYAPJ\u00da S\u00c1LLAL MELL\u00c9NYK\u00c9VEL 3 DB\/SZETT FENNTARTHAT\u00d3 , R\u00f3kakoma \u2013 egy bar\u00e1t a nagyvil\u00e1gban!\\n\\nIsmerj\u00e9tek meg R\u00f3kakom\u00e1t, \\nezt a b\u00e1jos, \\nk\u00e9zzel k\u00e9sz\u00fclt kis r\u00f3..., Meska","image_title":"R\u00d3KAKOMA MOZGATHAT\u00d3 KEZEKKEL-L\u00c1BAKKAL TERM\u00c9SZETES ANYAGOK GYAPJ\u00daFILC GYAPJ\u00da S\u00c1LLAL MELL\u00c9NYK\u00c9VEL 3 DB\/SZETT FENNTARTHAT\u00d3 , Meska","view_count":"960","favourite_count":"24","trending_score":"0","last2MonthFavouriteCount":"1","promotion":"0","giftcard_accept":"0","creditcard_accept":false,"enhanced_background":"0","domain":"meska","specific_customer_id":null,"specific_customer_name":null,"to_order_product":"0","to_order_product_time":"0","product_different":null,"product_different_description":"","vintage":"0","vintage_category_id":"0","recycled":"1","gemstone_id":"0","customizable":"0","type_category":"physical","zerowaste":"1","postage_price":"2390.00","shop_order":"0","has_category":"1","landing_pages":null,"microdata":{"number":18,"category":""},"title":"R\u00d3KAKOMA MOZGATHAT\u00d3 KEZEKKEL-L\u00c1BAKKAL TERM\u00c9SZETES ANYAGOK GYAPJ\u00daFILC GYAPJ\u00da S\u00c1LLAL MELL\u00c9NYK\u00c9VEL 3 DB\/SZETT FENNTARTHAT\u00d3 ","description":"R\u00f3kakoma \u2013 egy bar\u00e1t a nagyvil\u00e1gban!\n\nIsmerj\u00e9tek meg R\u00f3kakom\u00e1t, \nezt a b\u00e1jos, \nk\u00e9zzel k\u00e9sz\u00fclt kis r\u00f3k\u00e1t, aki nemcsak t\u00e1rs lehet a j\u00e1t\u00e9kban,\nde egyben a term\u00e9szetess\u00e9g \u00e9s fenntarthat\u00f3s\u00e1g nagyk\u00f6vete is.\n\n\u00daj, nagyobb m\u00e9retben k\u00e9sz\u00fclt, magass\u00e1ga 21x6 cm!\n\nGyapj\u00fafilcb\u0151l k\u00e9sz\u00fclt test\u00e9t finom r\u00e9szletek \u00e9s meleg sz\u00ednek jellemzik, \nt\u00f6ltete kiv\u00e1l\u00f3 min\u0151s\u00e9g\u0171 magyar gyapj\u00fa;\n\nharagosz\u00f6ld, levehet\u0151 kis mell\u00e9nyk\u00e9t visel,\namit t\u00e9p\u0151z\u00e1rral k\u00f6nnyed\u00e9n fel- \u00e9s le lehet adni \u2013 \u00edgy a kicsik is sz\u00edvesen \u00f6lt\u00f6ztethetik.\n\nNyak\u00e1ban puha gyapj\u00fafilc s\u00e1l meleg\u00edti, mintha csak egy tavaszi s\u00e9t\u00e1ra indulna az erd\u0151 sz\u00e9l\u00e9n.\n\nR\u00f3kakoma nem tartalmaz m\u0171anyag alkatr\u00e9szeket, \nkiz\u00e1r\u00f3lag term\u00e9szetes anyagokb\u00f3l k\u00e9sz\u00fclt, hogy ne csak \u00f6r\u00f6met szerezzen, hanem biztons\u00e1gos \u00e9s k\u00f6rnyezetbar\u00e1t alternat\u00edv\u00e1t is ny\u00fajtson a modern j\u00e1t\u00e9kok k\u00f6z\u00f6tt.\n\nA term\u00e9szetes j\u00e1t\u00e9kok seg\u00edtik a gyermekek fant\u00e1zi\u00e1j\u00e1t, k\u00e9z\u00fcgyess\u00e9g\u00e9t \u00e9s k\u00f6t\u0151d\u00e9s\u00e9t a k\u00f6rnyezetbar\u00e1t \u00e9letm\u00f3dhoz \u2013 r\u00e1ad\u00e1sul minden darab egy kicsit m\u00e1s, \negyedi,\nak\u00e1rcsak maga a term\u00e9szet.\n\nHa szeretn\u00e9l egy kis sz\u00edvmelenget\u0151 t\u00e1rsat, aki eml\u00e9keztet arra, hogy a legszebb dolgok gyakran a legegyszer\u0171bbek \u2013 R\u00f3kakoma \u00e9pp r\u00e1d v\u00e1r!\n\nTartalom:\n- R\u00f3kakoma \n- s\u00e1l \n- mell\u00e9nyke\n\n","score":0,"formatted_price":"10 900 Ft","image_url":"https:\/\/www.meska.hu\/img\/product\/small\/c\/s\/csillagmag_product_453564_250424135316_885788.jpeg","formatted_url":"https:\/\/www.meska.hu\/p5544393-rokakoma-mozgathato-kezekkel-labakkal-termeszetes-anyagok-gyapjufilc-gyapju-sallal-mellenykevel-3-db-szett-fenntarthato","favourite":false,"in_stock":true,"avatar":"CsillagMag_avatar_453564_1633511873.jpg","delete_from":0,"is_enhanced_background":false,"is_enhanced":false,"product_selection_started":false,"is_active":true,"image_webp_url":"https:\/\/www.meska.hu\/img\/product\/small\/c\/s\/csillagmag_product_453564_250424135316_885788.webp"},{"id":"6135003","shop_id":"19191","user_id":"176087","shop_name":"fenyves","shop_zip":"3383","product_code":"5744055","product_name_old":null,"product_name":"Horgolt Nyuszi  - \u00f3arany-p\u00f6ttyes szalagos   - egyedi horgolt marok\u00e1llat","category_string":"J\u00e1t\u00e9k & Sport, Pl\u00fcss\u00e1llat & J\u00e1t\u00e9kfigura, Nyuszi","technic_string":"H\u00edmz\u00e9s, Horgol\u00e1s","category_1":"305","category_2":"349","category_3":"1121","category_4":"0","merged_category_1":null,"merged_category_2":null,"merged_category_3":null,"technic_1":"487","technic_2":"488","technic_3":"0","color_1":"512","color_2":"515","color_3":"532","product_description_old":null,"product_description":"Kedves  aj\u00e1nd\u00e9k lehet ez a cuki horgolt nyuszi.\n\nMint\u00e1s pamutv\u00e1szon a d\u00edsz\u00edt\u00e9se \u00e9s k\u00e9zi \u00f6lt\u00e9ssel van r\u00f6gzitve.\nSzeme k\u00e9zi h\u00edmz\u00e9ssel k\u00e9sz\u00fclt.\nMagass\u00e1ga kb 15-16 cm\nMin\u0151s\u00e9gi 100% pamut fonalb\u00f3l k\u00e9sz\u00fclt.\n\n\nK\u00f6sz\u00f6n\u00f6m, hogy megn\u00e9zted.","price":"4000.00","unit":"db","recommended":"0","status":"1","sponsored":"0","exp_notify":"0","own_material":"0","own_material_description_old":null,"own_material_description":"","jury":"0","jury_number":"","product_nature":"","meskaracsony":"0","create_date":"2026-03-03 12:20:31","shelve_id":"73280","image":"fenyves_product_176087_260303121901_24859.jpeg","image_width":"480","image_height":"614","image_alt":"Horgolt Nyuszi  - \u00f3arany-p\u00f6ttyes szalagos   - egyedi horgolt marok\u00e1llat, Kedves  aj\u00e1nd\u00e9k lehet ez a cuki horgolt nyuszi.\\n\\nMint\u00e1s pamutv\u00e1szon a d\u00edsz\u00edt\u00e9se \u00e9s k\u00e9zi \u00f6lt\u00e9ssel van..., Meska","image_title":"Horgolt Nyuszi  - \u00f3arany-p\u00f6ttyes szalagos   - egyedi horgolt marok\u00e1llat, Meska","view_count":"158","favourite_count":"24","trending_score":"0","last2MonthFavouriteCount":"24","promotion":"0","giftcard_accept":"0","creditcard_accept":false,"enhanced_background":"0","domain":"meska","specific_customer_id":null,"specific_customer_name":null,"to_order_product":"0","to_order_product_time":"0","product_different":null,"product_different_description":"","vintage":"0","vintage_category_id":"0","recycled":"0","gemstone_id":"0","customizable":"0","type_category":"physical","zerowaste":"0","postage_price":"2470.00","shop_order":"0","has_category":"1","landing_pages":null,"microdata":{"number":19,"category":""},"title":"Horgolt Nyuszi  - \u00f3arany-p\u00f6ttyes szalagos   - egyedi horgolt marok\u00e1llat","description":"Kedves  aj\u00e1nd\u00e9k lehet ez a cuki horgolt nyuszi.\n\nMint\u00e1s pamutv\u00e1szon a d\u00edsz\u00edt\u00e9se \u00e9s k\u00e9zi \u00f6lt\u00e9ssel van r\u00f6gzitve.\nSzeme k\u00e9zi h\u00edmz\u00e9ssel k\u00e9sz\u00fclt.\nMagass\u00e1ga kb 15-16 cm\nMin\u0151s\u00e9gi 100% pamut fonalb\u00f3l k\u00e9sz\u00fclt.\n\n\nK\u00f6sz\u00f6n\u00f6m, hogy megn\u00e9zted.","score":0,"formatted_price":"4 000 Ft","image_url":"https:\/\/www.meska.hu\/img\/product\/small\/f\/e\/fenyves_product_176087_260303121901_24859.jpeg","formatted_url":"https:\/\/www.meska.hu\/p5744055-horgolt-nyuszi-oarany-pottyes-szalagos-egyedi-horgolt-marokallat","favourite":false,"in_stock":true,"avatar":"176087_avatar_1696842502.jpeg","delete_from":0,"is_enhanced_background":false,"is_enhanced":false,"product_selection_started":false,"is_active":true,"image_webp_url":"https:\/\/www.meska.hu\/img\/product\/small\/f\/e\/fenyves_product_176087_260303121901_24859.webp"},{"id":"6167420","shop_id":"13431","user_id":"39363","shop_name":"Artiroka","shop_zip":"1029","product_code":"5764501","product_name_old":null,"product_name":"Pipacs mint\u00e1s, v\u00edz\u00e1ll\u00f3 eg\u00e9szs\u00e9g\u00fcgyi bet\u00e9t tart\u00f3 tok - Artiroka","category_string":"T\u00e1ska & Tok, Neszesszer","technic_string":"Varr\u00e1s, H\u00edmz\u00e9s","category_1":"464","category_2":"467","category_3":"0","category_4":"0","merged_category_1":null,"merged_category_2":null,"merged_category_3":null,"technic_1":"506","technic_2":"487","technic_3":"0","color_1":"519","color_2":"521","color_3":"526","product_description_old":null,"product_description":"V\u00edz\u00e1ll\u00f3 textilb\u0151l k\u00e9sz\u00fclt ez a pipacsos r\u00e9t mint\u00e1s eg\u00e9szs\u00e9g\u00fcgyi bet\u00e9t tart\u00f3 tok A cipz\u00e1rt egyedi h\u00edmz\u00e9ssel d\u00edsz\u00edtettem. Minden nap n\u00e1lad lehetnek a neh\u00e9z napokon a bet\u00e9tek ebben a vid\u00e1m tart\u00f3ban.  Aj\u00e1nd\u00e9knak is szeretettel aj\u00e1nlom, mert egyedi k\u00e9zm\u0171ves term\u00e9ket \u00f6r\u00f6m adni \u00e9s kapni. \n_______________________________\nM\u00c9RETE:\n14 cm x 12 cm\nkb. 3-4-5 bet\u00e9t f\u00e9r el benne a bet\u00e9t nagys\u00e1g\u00e1t\u00f3l f\u00fcgg\u0151en. \n______________________________\n  A v\u00edz\u00e1ll\u00f3 textil rendk\u00edv\u00fcl er\u0151s, kosztasz\u00edt\u00f3 \u00e9s egyben UV \u00e1ll\u00f3, \u00edgy nem fakul ki.  Varr\u00e1sokn\u00e1l a textil \u00e1tengedi a folyad\u00e9kot, ez\u00e9rt folyad\u00e9k t\u00e1rol\u00e1s\u00e1ra nem alkalmas. Ha m\u00e1s mint\u00e1val szeretn\u00e9d a tokot, k\u00e9rlek \u00edrj bels\u0151 \u00fczenetet \u00e9s egyeztess\u00fcnk. \n\nM\u00c1S MINT\u00c1VAL a itt tal\u00e1lod a v\u00edz\u00e1ll\u00f3 tokokat: https:\/\/www.meska.hu\/shop\/Artiroka?s=80027\n\nTOV\u00c1BBI kieg\u00e9sz\u00edt\u0151imet ezeken a polcokon tal\u00e1lod: https:\/\/www.meska.hu\/shop\/Artiroka\n\n SZEM\u00c9LYES \u00c1TV\u00c9TEL: Budapesten a II.ker\u00fcleti, Budaligeti lak\u00e1somn\u00e1l van lehet\u0151s\u00e9g egy el\u0151re megbesz\u00e9lt id\u0151pontban.\n\nM\u0170HELY: Kis\u00e1llat \u00e9s doh\u00e1nymentes m\u0171helyben k\u00e9sz\u00fcl gondosan elk\u00e9sz\u00edtve, minden egyes darab.","price":"2500.00","unit":"db","recommended":"0","status":"1","sponsored":"0","exp_notify":"0","own_material":"0","own_material_description_old":null,"own_material_description":"","jury":"0","jury_number":"","product_nature":"","meskaracsony":"0","create_date":"2026-03-25 18:02:43","shelve_id":"80027","image":"artiroka_product_39363_260327122818_502911.jpeg","image_width":"480","image_height":"467","image_alt":"Pipacs mint\u00e1s, v\u00edz\u00e1ll\u00f3 eg\u00e9szs\u00e9g\u00fcgyi bet\u00e9t tart\u00f3 tok - Artiroka, V\u00edz\u00e1ll\u00f3 textilb\u0151l k\u00e9sz\u00fclt ez a pipacsos r\u00e9t mint\u00e1s eg\u00e9szs\u00e9g\u00fcgyi bet\u00e9t tart\u00f3 tok A cipz\u00e1rt egyedi h\u00edm..., Meska","image_title":"Pipacs mint\u00e1s, v\u00edz\u00e1ll\u00f3 eg\u00e9szs\u00e9g\u00fcgyi bet\u00e9t tart\u00f3 tok - Artiroka, Meska","view_count":"110","favourite_count":"24","trending_score":"0","last2MonthFavouriteCount":"24","promotion":"0","giftcard_accept":"1","creditcard_accept":true,"enhanced_background":"0","domain":"meska","specific_customer_id":null,"specific_customer_name":null,"to_order_product":"0","to_order_product_time":"0","product_different":null,"product_different_description":"","vintage":"0","vintage_category_id":"0","recycled":"0","gemstone_id":"0","customizable":"0","type_category":"physical","zerowaste":"1","postage_price":"2390.00","shop_order":"392","has_category":"1","landing_pages":null,"microdata":{"number":20,"category":""},"title":"Pipacs mint\u00e1s, v\u00edz\u00e1ll\u00f3 eg\u00e9szs\u00e9g\u00fcgyi bet\u00e9t tart\u00f3 tok - Artiroka","description":"V\u00edz\u00e1ll\u00f3 textilb\u0151l k\u00e9sz\u00fclt ez a pipacsos r\u00e9t mint\u00e1s eg\u00e9szs\u00e9g\u00fcgyi bet\u00e9t tart\u00f3 tok A cipz\u00e1rt egyedi h\u00edmz\u00e9ssel d\u00edsz\u00edtettem. Minden nap n\u00e1lad lehetnek a neh\u00e9z napokon a bet\u00e9tek ebben a vid\u00e1m tart\u00f3ban.  Aj\u00e1nd\u00e9knak is szeretettel aj\u00e1nlom, mert egyedi k\u00e9zm\u0171ves term\u00e9ket \u00f6r\u00f6m adni \u00e9s kapni. \n_______________________________\nM\u00c9RETE:\n14 cm x 12 cm\nkb. 3-4-5 bet\u00e9t f\u00e9r el benne a bet\u00e9t nagys\u00e1g\u00e1t\u00f3l f\u00fcgg\u0151en. \n______________________________\n  A v\u00edz\u00e1ll\u00f3 textil rendk\u00edv\u00fcl er\u0151s, kosztasz\u00edt\u00f3 \u00e9s egyben UV \u00e1ll\u00f3, \u00edgy nem fakul ki.  Varr\u00e1sokn\u00e1l a textil \u00e1tengedi a folyad\u00e9kot, ez\u00e9rt folyad\u00e9k t\u00e1rol\u00e1s\u00e1ra nem alkalmas. Ha m\u00e1s mint\u00e1val szeretn\u00e9d a tokot, k\u00e9rlek \u00edrj bels\u0151 \u00fczenetet \u00e9s egyeztess\u00fcnk. \n\nM\u00c1S MINT\u00c1VAL a itt tal\u00e1lod a v\u00edz\u00e1ll\u00f3 tokokat: https:\/\/www.meska.hu\/shop\/Artiroka?s=80027\n\nTOV\u00c1BBI kieg\u00e9sz\u00edt\u0151imet ezeken a polcokon tal\u00e1lod: https:\/\/www.meska.hu\/shop\/Artiroka\n\n SZEM\u00c9LYES \u00c1TV\u00c9TEL: Budapesten a II.ker\u00fcleti, Budaligeti lak\u00e1somn\u00e1l van lehet\u0151s\u00e9g egy el\u0151re megbesz\u00e9lt id\u0151pontban.\n\nM\u0170HELY: Kis\u00e1llat \u00e9s doh\u00e1nymentes m\u0171helyben k\u00e9sz\u00fcl gondosan elk\u00e9sz\u00edtve, minden egyes darab.","score":0,"formatted_price":"2 500 Ft","image_url":"https:\/\/www.meska.hu\/img\/product\/small\/a\/r\/artiroka_product_39363_260327122818_502911.jpeg","formatted_url":"https:\/\/www.meska.hu\/p5764501-pipacs-mintas-vizallo-egeszsegugyi-betet-tarto-tok-artiroka","favourite":false,"in_stock":true,"avatar":"39363_avatar_1770298004.png","delete_from":0,"is_enhanced_background":false,"is_enhanced":false,"product_selection_started":false,"is_active":true,"image_webp_url":"https:\/\/www.meska.hu\/img\/product\/small\/a\/r\/artiroka_product_39363_260327122818_502911.webp"},{"id":"5980963","shop_id":"7881","user_id":"35208","shop_name":"Petusa","shop_zip":"5540","product_code":"5660620","product_name_old":null,"product_name":"M\u00e9ly piros pol\u00e1r \u0151szi\/ t\u00e9li ker\u00e9kp\u00e1r \u00fcl\u00e9shuzat nyereghuzat \u00fcl\u00e9sd\u00edsz\u00edt\u0151","category_string":"J\u00e1t\u00e9k & Sport, Sport \u00e9s kikapcsol\u00f3d\u00e1s, Ker\u00e9kp\u00e1roz\u00e1s, Nyereghuzat","technic_string":"Varr\u00e1s","category_1":"305","category_2":"1381","category_3":"1384","category_4":"1660","merged_category_1":null,"merged_category_2":null,"merged_category_3":null,"technic_1":"506","technic_2":"0","technic_3":"0","color_1":"519","color_2":"0","color_3":"0","product_description_old":null,"product_description":"Puha,m\u00e9ly piros sz\u00edn\u0171 pol\u00e1r ker\u00e9kp\u00e1r huzat - a h\u0171v\u00f6s napokra tervezve.\n\n Ez a puha, m\u00e9lybord\u00f3 \u00fcl\u00e9shuzat igazi t\u00e1rs, v\u00e9di a nyerget, k\u00e9nyelmesebb\u00e9 tesz a teker\u00e9st, ak\u00e1r hosszabb, ak\u00e1r r\u00f6videbb \u00fatr\u00f3l legyen is sz\u00f3. P\u00e1rn\u00e1zott, megv\u00e9dhet a felf\u00e1z\u00e1st\u00f3l, kellemesen meleg marad m\u00e9g a hideg reggeleken is, \u00f6sszehasonl\u00edthatatlanul m\u00e1s \u00e9rz\u00e9s egy ilyen \u00fcl\u00e9sv\u00e9d\u0151n \u00fclve tekerni. \n\nK\u00e9r\u00e9sre \u00fagy k\u00e9sz\u00edtem el, hogy V\u00cdZLEPERGET\u0150 huzatk\u00e9nt is haszn\u00e1lhat\u00f3. Egy mozdulattal ford\u00edtsd ki \u00e9s a v\u00edzleperget\u0151 anyag m\u00e1ris megv\u00e9di az \u00fcl\u00e9sedet a be\u00e1z\u00e1st\u00f3l. +1000ft\n\nVar\u00e1zsold egyediv\u00e9 a ker\u00e9kp\u00e1rodat k\u00fcl\u00f6nleges nyeregv\u00e9d\u0151inkkel.\nAzon k\u00edv\u00fcl hogy k\u00e9nyelmes \u00e9s sz\u00e9p a nadr\u00e1god, szokny\u00e1d v\u00e9delm\u00e9r\u0151l is gondoskodik, mert nem d\u00f6rzs\u00f6li ki az anyagot, mint a hagyom\u00e1nyos, csupasz nyereg.\n\nHa  \u00faj a nyerged \u00e9s v\u00e9deni szeretn\u00e9d, vagy \u00e9ppen m\u00e1r r\u00e9gi \u00e9s cs\u00fany\u00e1n elhaszn\u00e1l\u00f3dott csak h\u00fazd r\u00e1 az \u00fcl\u00e9sre ezt a nyereghuzatot \u00e9s \u00faj \u00e9letre kel a biciklid!\n\nSz\u00edvesen elk\u00e9sz\u00edtem  k\u00fcl\u00f6nb\u00f6z\u0151 m\u00e9retekben is, ez egy norm\u00e1l \u00fcl\u00e9sre k\u00e9sz\u00fclt.\n \nA TERM\u00c9K EGYEDI K\u00c9RDLEK NE M\u00c1SOLD!!!\n\nT\u00f6bb term\u00e9k v\u00e1s\u00e1rl\u00e1sa eset\u00e9n a postak\u00f6lts\u00e9gr\u0151l \u00fczenetben besz\u00e9lj\u00fcnk.","price":"5500.00","unit":"db","recommended":"0","status":"1","sponsored":"0","exp_notify":"0","own_material":"0","own_material_description_old":null,"own_material_description":"","jury":"0","jury_number":"","product_nature":"","meskaracsony":"0","create_date":"2026-02-09 08:42:37","shelve_id":"27285","image":"petusa_product_35208_251108110527_45194.jpeg","image_width":"480","image_height":"473","image_alt":"M\u00e9ly piros pol\u00e1r \u0151szi\/ t\u00e9li ker\u00e9kp\u00e1r \u00fcl\u00e9shuzat nyereghuzat \u00fcl\u00e9sd\u00edsz\u00edt\u0151, Puha,m\u00e9ly piros sz\u00edn\u0171 pol\u00e1r ker\u00e9kp\u00e1r huzat - a h\u0171v\u00f6s napokra tervezve.\\n\\n Ez a puha, m\u00e9lybord\u00f3 \u00fcl\u00e9shu..., Meska","image_title":"M\u00e9ly piros pol\u00e1r \u0151szi\/ t\u00e9li ker\u00e9kp\u00e1r \u00fcl\u00e9shuzat nyereghuzat \u00fcl\u00e9sd\u00edsz\u00edt\u0151, Meska","view_count":"305","favourite_count":"23","trending_score":"0","last2MonthFavouriteCount":"0","promotion":"0","giftcard_accept":"1","creditcard_accept":false,"enhanced_background":"0","domain":"meska","specific_customer_id":null,"specific_customer_name":null,"to_order_product":"1","to_order_product_time":"3","product_different":"not_different","product_different_description":"","vintage":"0","vintage_category_id":"0","recycled":"0","gemstone_id":"0","customizable":"0","type_category":"physical","zerowaste":"0","postage_price":"1290.00","shop_order":"2","has_category":"1","landing_pages":null,"microdata":{"number":21,"category":""},"title":"M\u00e9ly piros pol\u00e1r \u0151szi\/ t\u00e9li ker\u00e9kp\u00e1r \u00fcl\u00e9shuzat nyereghuzat \u00fcl\u00e9sd\u00edsz\u00edt\u0151","description":"Puha,m\u00e9ly piros sz\u00edn\u0171 pol\u00e1r ker\u00e9kp\u00e1r huzat - a h\u0171v\u00f6s napokra tervezve.\n\n Ez a puha, m\u00e9lybord\u00f3 \u00fcl\u00e9shuzat igazi t\u00e1rs, v\u00e9di a nyerget, k\u00e9nyelmesebb\u00e9 tesz a teker\u00e9st, ak\u00e1r hosszabb, ak\u00e1r r\u00f6videbb \u00fatr\u00f3l legyen is sz\u00f3. P\u00e1rn\u00e1zott, megv\u00e9dhet a felf\u00e1z\u00e1st\u00f3l, kellemesen meleg marad m\u00e9g a hideg reggeleken is, \u00f6sszehasonl\u00edthatatlanul m\u00e1s \u00e9rz\u00e9s egy ilyen \u00fcl\u00e9sv\u00e9d\u0151n \u00fclve tekerni. \n\nK\u00e9r\u00e9sre \u00fagy k\u00e9sz\u00edtem el, hogy V\u00cdZLEPERGET\u0150 huzatk\u00e9nt is haszn\u00e1lhat\u00f3. Egy mozdulattal ford\u00edtsd ki \u00e9s a v\u00edzleperget\u0151 anyag m\u00e1ris megv\u00e9di az \u00fcl\u00e9sedet a be\u00e1z\u00e1st\u00f3l. +1000ft\n\nVar\u00e1zsold egyediv\u00e9 a ker\u00e9kp\u00e1rodat k\u00fcl\u00f6nleges nyeregv\u00e9d\u0151inkkel.\nAzon k\u00edv\u00fcl hogy k\u00e9nyelmes \u00e9s sz\u00e9p a nadr\u00e1god, szokny\u00e1d v\u00e9delm\u00e9r\u0151l is gondoskodik, mert nem d\u00f6rzs\u00f6li ki az anyagot, mint a hagyom\u00e1nyos, csupasz nyereg.\n\nHa  \u00faj a nyerged \u00e9s v\u00e9deni szeretn\u00e9d, vagy \u00e9ppen m\u00e1r r\u00e9gi \u00e9s cs\u00fany\u00e1n elhaszn\u00e1l\u00f3dott csak h\u00fazd r\u00e1 az \u00fcl\u00e9sre ezt a nyereghuzatot \u00e9s \u00faj \u00e9letre kel a biciklid!\n\nSz\u00edvesen elk\u00e9sz\u00edtem  k\u00fcl\u00f6nb\u00f6z\u0151 m\u00e9retekben is, ez egy norm\u00e1l \u00fcl\u00e9sre k\u00e9sz\u00fclt.\n \nA TERM\u00c9K EGYEDI K\u00c9RDLEK NE M\u00c1SOLD!!!\n\nT\u00f6bb term\u00e9k v\u00e1s\u00e1rl\u00e1sa eset\u00e9n a postak\u00f6lts\u00e9gr\u0151l \u00fczenetben besz\u00e9lj\u00fcnk.","score":0,"formatted_price":"5 500 Ft","image_url":"https:\/\/www.meska.hu\/img\/product\/small\/p\/e\/petusa_product_35208_251108110527_45194.jpeg","formatted_url":"https:\/\/www.meska.hu\/p5660620-mely-piros-polar-oszi-teli-kerekpar-uleshuzat-nyereghuzat-ulesdiszito","favourite":false,"in_stock":false,"avatar":"Petusa_avatar_35208.jpg","delete_from":0,"is_enhanced_background":false,"is_enhanced":false,"product_selection_started":false,"is_active":true,"image_webp_url":"https:\/\/www.meska.hu\/img\/product\/small\/p\/e\/petusa_product_35208_251108110527_45194.webp"},{"id":"6121949","shop_id":"7042","user_id":"28195","shop_name":"Uvegmania","shop_zip":"1047","product_code":"5736443","product_name_old":null,"product_name":"Narancsos, \u00e1ll\u00edthat\u00f3 alap\u00fa gy\u0171r\u0171, \u00fcveg\u00e9kszer","category_string":"\u00c9kszer, Gy\u0171r\u0171, \u00dcveglencs\u00e9s gy\u0171r\u0171","technic_string":"\u00c9kszerk\u00e9sz\u00edt\u00e9s, \u00dcvegm\u0171v\u00e9szet","category_1":"327","category_2":"332","category_3":"1228","category_4":"0","merged_category_1":null,"merged_category_2":null,"merged_category_3":null,"technic_1":"477","technic_2":"505","technic_3":"0","color_1":"568","color_2":"526","color_3":"529","product_description_old":null,"product_description":"Fusing technik\u00e1val k\u00e9sz\u00fclt \u00fcveg gy\u0171r\u0171. M\u00e9rete, 20mm X 20mm. Nikkel mentes \u00e1ll\u00edthat\u00f3 alkatr\u00e9sszel van szerelve. \nSzem\u00e9lyes \u00e1tv\u00e9tel Budapesten, \u00dajpest k\u00f6zpontban lehets\u00e9ges.                                                                                    ","price":"2000.00","unit":"db","recommended":"0","status":"1","sponsored":"0","exp_notify":"0","own_material":"0","own_material_description_old":null,"own_material_description":"","jury":"0","jury_number":"","product_nature":"","meskaracsony":"0","create_date":"2026-02-19 09:39:25","shelve_id":"0","image":"uvegmania_product_28195_260219093627_244967.jpeg","image_width":"480","image_height":"511","image_alt":"Narancsos, \u00e1ll\u00edthat\u00f3 alap\u00fa gy\u0171r\u0171, \u00fcveg\u00e9kszer, Fusing technik\u00e1val k\u00e9sz\u00fclt \u00fcveg gy\u0171r\u0171. M\u00e9rete, 20mm X 20mm. Nikkel mentes \u00e1ll\u00edthat\u00f3 alkatr\u00e9sszel van..., Meska","image_title":"Narancsos, \u00e1ll\u00edthat\u00f3 alap\u00fa gy\u0171r\u0171, \u00fcveg\u00e9kszer, Meska","view_count":"154","favourite_count":"23","trending_score":"0","last2MonthFavouriteCount":"0","promotion":"0","giftcard_accept":"0","creditcard_accept":true,"enhanced_background":"0","domain":"meska","specific_customer_id":null,"specific_customer_name":null,"to_order_product":"0","to_order_product_time":"0","product_different":null,"product_different_description":"","vintage":"0","vintage_category_id":"0","recycled":"0","gemstone_id":"0","customizable":"0","type_category":"physical","zerowaste":"0","postage_price":"1290.00","shop_order":"10","has_category":"1","landing_pages":null,"microdata":{"number":22,"category":""},"title":"Narancsos, \u00e1ll\u00edthat\u00f3 alap\u00fa gy\u0171r\u0171, \u00fcveg\u00e9kszer","description":"Fusing technik\u00e1val k\u00e9sz\u00fclt \u00fcveg gy\u0171r\u0171. M\u00e9rete, 20mm X 20mm. Nikkel mentes \u00e1ll\u00edthat\u00f3 alkatr\u00e9sszel van szerelve. \nSzem\u00e9lyes \u00e1tv\u00e9tel Budapesten, \u00dajpest k\u00f6zpontban lehets\u00e9ges.                                                                                    ","score":0,"formatted_price":"2 000 Ft","image_url":"https:\/\/www.meska.hu\/img\/product\/small\/u\/v\/uvegmania_product_28195_260219093627_244967.jpeg","formatted_url":"https:\/\/www.meska.hu\/p5736443-narancsos-allithato-alapu-gyuru-uvegekszer","favourite":false,"in_stock":true,"avatar":"Uvegmania_avatar_28195_1662920094.jpeg","delete_from":0,"is_enhanced_background":false,"is_enhanced":false,"product_selection_started":false,"is_active":true,"image_webp_url":"https:\/\/www.meska.hu\/img\/product\/small\/u\/v\/uvegmania_product_28195_260219093627_244967.webp"},{"id":"6133411","shop_id":"7042","user_id":"28195","shop_name":"Uvegmania","shop_zip":"1047","product_code":"5743383","product_name_old":null,"product_name":"\u00d6rv\u00e9ny gy\u0171r\u0171, \u00fcveg\u00e9kszer","category_string":"\u00c9kszer, Gy\u0171r\u0171, \u00dcveglencs\u00e9s gy\u0171r\u0171","technic_string":"\u00c9kszerk\u00e9sz\u00edt\u00e9s, \u00dcvegm\u0171v\u00e9szet","category_1":"327","category_2":"332","category_3":"1228","category_4":"0","merged_category_1":null,"merged_category_2":null,"merged_category_3":null,"technic_1":"477","technic_2":"505","technic_3":"0","color_1":"516","color_2":"519","color_3":"521","product_description_old":null,"product_description":"K\u00fcl\u00f6nleges fusing technik\u00e1val k\u00e9sz\u00fclt \u00fcveg gy\u0171r\u0171. Az \u00fcveg \u00e1tm\u00e9r\u0151je 23mm. Nemesac\u00e9l, \u00e1ll\u00edthat\u00f3 alkatr\u00e9sszel van szerelve, \u00edgy biztos, hogy nem okoz allergi\u00e1t.\nSzem\u00e9lyes \u00e1tv\u00e9tel Budapesten, \u00dajpest k\u00f6zpontban lehets\u00e9ges.                                                                                    ","price":"2400.00","unit":"db","recommended":"0","status":"1","sponsored":"0","exp_notify":"0","own_material":"0","own_material_description_old":null,"own_material_description":"","jury":"0","jury_number":"","product_nature":"","meskaracsony":"0","create_date":"2026-03-01 19:44:50","shelve_id":"0","image":"uvegmania_product_28195_260301194125_284594.jpeg","image_width":"480","image_height":"498","image_alt":"\u00d6rv\u00e9ny gy\u0171r\u0171, \u00fcveg\u00e9kszer, K\u00fcl\u00f6nleges fusing technik\u00e1val k\u00e9sz\u00fclt \u00fcveg gy\u0171r\u0171. Az \u00fcveg \u00e1tm\u00e9r\u0151je 23mm. Nemesac\u00e9l, \u00e1ll\u00edthat\u00f3 alkatr..., Meska","image_title":"\u00d6rv\u00e9ny gy\u0171r\u0171, \u00fcveg\u00e9kszer, Meska","view_count":"150","favourite_count":"23","trending_score":"0","last2MonthFavouriteCount":"19","promotion":"0","giftcard_accept":"0","creditcard_accept":true,"enhanced_background":"0","domain":"meska","specific_customer_id":null,"specific_customer_name":null,"to_order_product":"0","to_order_product_time":"0","product_different":null,"product_different_description":"","vintage":"0","vintage_category_id":"0","recycled":"0","gemstone_id":"0","customizable":"0","type_category":"physical","zerowaste":"0","postage_price":"1290.00","shop_order":"10","has_category":"1","landing_pages":null,"microdata":{"number":23,"category":""},"title":"\u00d6rv\u00e9ny gy\u0171r\u0171, \u00fcveg\u00e9kszer","description":"K\u00fcl\u00f6nleges fusing technik\u00e1val k\u00e9sz\u00fclt \u00fcveg gy\u0171r\u0171. Az \u00fcveg \u00e1tm\u00e9r\u0151je 23mm. Nemesac\u00e9l, \u00e1ll\u00edthat\u00f3 alkatr\u00e9sszel van szerelve, \u00edgy biztos, hogy nem okoz allergi\u00e1t.\nSzem\u00e9lyes \u00e1tv\u00e9tel Budapesten, \u00dajpest k\u00f6zpontban lehets\u00e9ges.                                                                                    ","score":0,"formatted_price":"2 400 Ft","image_url":"https:\/\/www.meska.hu\/img\/product\/small\/u\/v\/uvegmania_product_28195_260301194125_284594.jpeg","formatted_url":"https:\/\/www.meska.hu\/p5743383-orveny-gyuru-uvegekszer","favourite":false,"in_stock":true,"avatar":"Uvegmania_avatar_28195_1662920094.jpeg","delete_from":0,"is_enhanced_background":false,"is_enhanced":false,"product_selection_started":false,"is_active":true,"image_webp_url":"https:\/\/www.meska.hu\/img\/product\/small\/u\/v\/uvegmania_product_28195_260301194125_284594.webp"},{"id":"5779404","shop_id":"48106","user_id":"702589","shop_name":"DonDecor","shop_zip":"4031","product_code":"5546895","product_name_old":null,"product_name":"Grav\u00edrozott boros poh\u00e1r 300 ml","category_string":"Otthon & \u00c9letm\u00f3d, Konyhafelszerel\u00e9s, t\u00e1lal\u00e1s, T\u00e1lal\u00e1s, Boros poharak, szettek","technic_string":"Grav\u00edroz\u00e1s, pirogr\u00e1fia","category_1":"813","category_2":"393","category_3":"1419","category_4":"1423","merged_category_1":null,"merged_category_2":null,"merged_category_3":null,"technic_1":"796","technic_2":"0","technic_3":"0","color_1":"513","color_2":"0","color_3":"0","product_description_old":null,"product_description":"L\u00e9zergrav\u00edrozott boros poh\u00e1r a borok kedvel\u0151inek, 300 ml.\n\nIde\u00e1lis lehet aj\u00e1nd\u00e9kba bar\u00e1toknak, haveroknak, csal\u00e1dtagnak. A grav\u00edroz\u00e1s kellemes frosty\/fagyos hat\u00e1s\u00fa, sz\u00e9pen mutat az \u00fcveg fel\u00fclet\u00e9n. \n\nHa m\u00e1s k\u00e9pet szeretn\u00e9l a poh\u00e1rra, esetleg n\u00e9vvel ell\u00e1tni vagy valami teljes m\u00e9rt\u00e9kben szem\u00e9lyre sz\u00f3l\u00f3t szeretn\u00e9l k\u00e9rlek k\u00fcldj nekem \u00fczenetet \u00e9s megbesz\u00e9lj\u00fck a r\u00e9szleteket. \n\nA poh\u00e1r magass\u00e1ga 18,5 cm.","price":"1800.00","unit":"db","recommended":"0","status":"1","sponsored":"0","exp_notify":"0","own_material":"0","own_material_description_old":null,"own_material_description":"","jury":"0","jury_number":"","product_nature":"","meskaracsony":"0","create_date":"2026-03-30 11:52:42","shelve_id":"81601","image":"dondecor_product_702589_251105111309_296838.png","image_width":"480","image_height":"480","image_alt":"Grav\u00edrozott boros poh\u00e1r 300 ml, L\u00e9zergrav\u00edrozott boros poh\u00e1r a borok kedvel\u0151inek, 300 ml.\\n\\nIde\u00e1lis lehet aj\u00e1nd\u00e9kba bar\u00e1toknak, haver..., Meska","image_title":"Grav\u00edrozott boros poh\u00e1r 300 ml, Meska","view_count":"411","favourite_count":"23","trending_score":"0","last2MonthFavouriteCount":"21","promotion":"0","giftcard_accept":"0","creditcard_accept":true,"enhanced_background":"0","domain":"meska","specific_customer_id":null,"specific_customer_name":null,"to_order_product":"1","to_order_product_time":"7","product_different":null,"product_different_description":"","vintage":"0","vintage_category_id":"0","recycled":"0","gemstone_id":"0","customizable":"1","type_category":"physical","zerowaste":"0","postage_price":"1290.00","shop_order":"0","has_category":"1","landing_pages":null,"microdata":{"number":24,"category":""},"title":"Grav\u00edrozott boros poh\u00e1r 300 ml","description":"L\u00e9zergrav\u00edrozott boros poh\u00e1r a borok kedvel\u0151inek, 300 ml.\n\nIde\u00e1lis lehet aj\u00e1nd\u00e9kba bar\u00e1toknak, haveroknak, csal\u00e1dtagnak. A grav\u00edroz\u00e1s kellemes frosty\/fagyos hat\u00e1s\u00fa, sz\u00e9pen mutat az \u00fcveg fel\u00fclet\u00e9n. \n\nHa m\u00e1s k\u00e9pet szeretn\u00e9l a poh\u00e1rra, esetleg n\u00e9vvel ell\u00e1tni vagy valami teljes m\u00e9rt\u00e9kben szem\u00e9lyre sz\u00f3l\u00f3t szeretn\u00e9l k\u00e9rlek k\u00fcldj nekem \u00fczenetet \u00e9s megbesz\u00e9lj\u00fck a r\u00e9szleteket. \n\nA poh\u00e1r magass\u00e1ga 18,5 cm.","score":0,"formatted_price":"1 800 Ft","image_url":"https:\/\/www.meska.hu\/img\/product\/small\/d\/o\/dondecor_product_702589_251105111309_296838.png","formatted_url":"https:\/\/www.meska.hu\/p5546895-lezergravirozott-boros-pohar-300-ml","favourite":false,"in_stock":false,"avatar":"702589_avatar_1739791287.jpeg","delete_from":0,"is_enhanced_background":false,"is_enhanced":false,"product_selection_started":false,"is_active":true,"image_webp_url":"https:\/\/www.meska.hu\/img\/product\/small\/d\/o\/dondecor_product_702589_251105111309_296838.webp"},{"id":"6160427","shop_id":"990","user_id":"3169","shop_name":"Kreagora","shop_zip":"2049","product_code":"5761465","product_name_old":null,"product_name":"Ez\u00fcst vonalka bedug\u00f3s f\u00fclbeval\u00f3, p\u00f6tty\u00f6s","category_string":"\u00c9kszer, F\u00fclbeval\u00f3, P\u00f6tty f\u00fclbeval\u00f3","technic_string":"\u00c9kszerk\u00e9sz\u00edt\u00e9s, \u00d6tv\u00f6s","category_1":"327","category_2":"331","category_3":"1216","category_4":"0","merged_category_1":null,"merged_category_2":null,"merged_category_3":null,"technic_1":"477","technic_2":"496","technic_3":"0","color_1":"518","color_2":"0","color_3":"0","product_description_old":null,"product_description":"P\u00f6tty\u00f6s vonalka f\u00fclbeval\u00f3 Sterling ez\u00fcstb\u0151l, ez\u00fcst stopperrel. \n\n \nM\u00e9ret: 12 mm\n \n\nA k\u00e9pen nagyobbnak t\u0171nhetnek az \u00e9kszerek a val\u00f3s\u00e1gosn\u00e1l, mivel nagyon k\u00f6zelr\u0151l fot\u00f3zom \u0151ket a r\u00e9szletek miatt. K\u00e9rlek a le\u00edrt m\u00e9reteket vedd figyelembe. ","price":"10500.00","unit":"p\u00e1r","recommended":"0","status":"1","sponsored":"0","exp_notify":"0","own_material":"0","own_material_description_old":null,"own_material_description":"","jury":"0","jury_number":"","product_nature":"","meskaracsony":"0","create_date":"2026-03-18 17:26:41","shelve_id":"14780","image":"kreagora_product_3169_250522141620_815140.jpeg","image_width":"480","image_height":"360","image_alt":"Ez\u00fcst vonalka bedug\u00f3s f\u00fclbeval\u00f3, p\u00f6tty\u00f6s, P\u00f6tty\u00f6s vonalka f\u00fclbeval\u00f3 Sterling ez\u00fcstb\u0151l, ez\u00fcst stopperrel. \\n\\n \\nM\u00e9ret: 12 mm\\n \\n\\nA k\u00e9pen nagyobbna..., Meska","image_title":"Ez\u00fcst vonalka bedug\u00f3s f\u00fclbeval\u00f3, p\u00f6tty\u00f6s, Meska","view_count":"129","favourite_count":"23","trending_score":"0","last2MonthFavouriteCount":"21","promotion":"0","giftcard_accept":"1","creditcard_accept":true,"enhanced_background":"0","domain":"meska","specific_customer_id":null,"specific_customer_name":null,"to_order_product":"0","to_order_product_time":"0","product_different":null,"product_different_description":"","vintage":"0","vintage_category_id":"0","recycled":"0","gemstone_id":"0","customizable":"0","type_category":"physical","zerowaste":"0","postage_price":"1290.00","shop_order":"0","has_category":"1","landing_pages":null,"microdata":{"number":25,"category":""},"title":"Ez\u00fcst vonalka bedug\u00f3s f\u00fclbeval\u00f3, p\u00f6tty\u00f6s","description":"P\u00f6tty\u00f6s vonalka f\u00fclbeval\u00f3 Sterling ez\u00fcstb\u0151l, ez\u00fcst stopperrel. \n\n \nM\u00e9ret: 12 mm\n \n\nA k\u00e9pen nagyobbnak t\u0171nhetnek az \u00e9kszerek a val\u00f3s\u00e1gosn\u00e1l, mivel nagyon k\u00f6zelr\u0151l fot\u00f3zom \u0151ket a r\u00e9szletek miatt. K\u00e9rlek a le\u00edrt m\u00e9reteket vedd figyelembe. ","score":0,"formatted_price":"10 500 Ft","image_url":"https:\/\/www.meska.hu\/img\/product\/small\/k\/r\/kreagora_product_3169_250522141620_815140.jpeg","formatted_url":"https:\/\/www.meska.hu\/p5761465-ezust-vonalka-bedugos-fulbevalo-pottyos","favourite":false,"in_stock":true,"avatar":"Sempervivum_avatar_3169.jpg","delete_from":0,"is_enhanced_background":false,"is_enhanced":false,"product_selection_started":false,"is_active":true,"image_webp_url":"https:\/\/www.meska.hu\/img\/product\/small\/k\/r\/kreagora_product_3169_250522141620_815140.webp"},{"id":"6148848","shop_id":"19191","user_id":"176087","shop_name":"fenyves","shop_zip":"3383","product_code":"5755058","product_name_old":null,"product_name":"B\u00e9zs - horgolt nyuszil\u00e1ny - vil\u00e1gosk\u00e9k ruh\u00e1s - horgolt nyuszi figura","category_string":"J\u00e1t\u00e9k & Sport, Pl\u00fcss\u00e1llat & J\u00e1t\u00e9kfigura, Nyuszi","technic_string":"Horgol\u00e1s","category_1":"305","category_2":"349","category_3":"1121","category_4":"0","merged_category_1":null,"merged_category_2":null,"merged_category_3":null,"technic_1":"488","technic_2":"0","technic_3":"0","color_1":"515","color_2":"519","color_3":"521","product_description_old":null,"product_description":"Ez a nyuszi kedves h\u00fasv\u00e9ti aj\u00e1nd\u00e9k lehet.\nMin\u0151s\u00e9gi 100 % pamut \/Safran\/ fonalb\u00f3l k\u00e9sz\u00fclt.\nSzeme k\u00e9zi \u00f6lt\u00e9s\u0171.\nA ruha levehet\u0151.\n27 cm magas.\n\nK\u00f6sz\u00f6n\u00f6m, hogy megn\u00e9zted!","price":"6500.00","unit":"db","recommended":"0","status":"1","sponsored":"0","exp_notify":"0","own_material":"0","own_material_description_old":null,"own_material_description":"","jury":"0","jury_number":"","product_nature":"","meskaracsony":"0","create_date":"2026-03-08 19:01:34","shelve_id":"43174","image":"fenyves_product_176087_260308185625_142937.jpeg","image_width":"480","image_height":"714","image_alt":"B\u00e9zs - horgolt nyuszil\u00e1ny - vil\u00e1gosk\u00e9k ruh\u00e1s - horgolt nyuszi figura, Ez a nyuszi kedves h\u00fasv\u00e9ti aj\u00e1nd\u00e9k lehet.\\nMin\u0151s\u00e9gi 100 % pamut \/Safran\/ fonalb\u00f3l k\u00e9sz\u00fclt.\\nSzeme k\u00e9zi..., Meska","image_title":"B\u00e9zs - horgolt nyuszil\u00e1ny - vil\u00e1gosk\u00e9k ruh\u00e1s - horgolt nyuszi figura, Meska","view_count":"198","favourite_count":"23","trending_score":"0","last2MonthFavouriteCount":"21","promotion":"0","giftcard_accept":"0","creditcard_accept":false,"enhanced_background":"0","domain":"meska","specific_customer_id":null,"specific_customer_name":null,"to_order_product":"0","to_order_product_time":"0","product_different":null,"product_different_description":"","vintage":"0","vintage_category_id":"0","recycled":"0","gemstone_id":"0","customizable":"0","type_category":"physical","zerowaste":"0","postage_price":"1435.00","shop_order":"0","has_category":"1","landing_pages":null,"microdata":{"number":26,"category":""},"title":"B\u00e9zs - horgolt nyuszil\u00e1ny - vil\u00e1gosk\u00e9k ruh\u00e1s - horgolt nyuszi figura","description":"Ez a nyuszi kedves h\u00fasv\u00e9ti aj\u00e1nd\u00e9k lehet.\nMin\u0151s\u00e9gi 100 % pamut \/Safran\/ fonalb\u00f3l k\u00e9sz\u00fclt.\nSzeme k\u00e9zi \u00f6lt\u00e9s\u0171.\nA ruha levehet\u0151.\n27 cm magas.\n\nK\u00f6sz\u00f6n\u00f6m, hogy megn\u00e9zted!","score":0,"formatted_price":"6 500 Ft","image_url":"https:\/\/www.meska.hu\/img\/product\/small\/f\/e\/fenyves_product_176087_260308185625_142937.jpeg","formatted_url":"https:\/\/www.meska.hu\/p5755058-bezs-horgolt-nyuszilany-vilagoskek-ruhas-horgolt-nyuszi-figura","favourite":false,"in_stock":true,"avatar":"176087_avatar_1696842502.jpeg","delete_from":0,"is_enhanced_background":false,"is_enhanced":false,"product_selection_started":false,"is_active":true,"image_webp_url":"https:\/\/www.meska.hu\/img\/product\/small\/f\/e\/fenyves_product_176087_260308185625_142937.webp"},{"id":"5500375","shop_id":"33042","user_id":"425400","shop_name":"ElBebe","shop_zip":"1203","product_code":"5383316","product_name_old":null,"product_name":"Szafari \u00e1llatos sapka-s\u00e1l szett (48-50 cm)","category_string":"Baba - mama, Babasapka, Babaruh\u00e1zat","technic_string":"Varr\u00e1s","category_1":"1184","category_2":"1736","category_3":"1735","category_4":"0","merged_category_1":null,"merged_category_2":null,"merged_category_3":null,"technic_1":"506","technic_2":"0","technic_3":"0","color_1":"515","color_2":"1475","color_3":"0","product_description_old":null,"product_description":"48-50 cm-es fejk\u00f6rm\u00e9retre k\u00e9sz\u00fclt sapka-s\u00e1l szett.\n2 r\u00e9teg pamut jereseyb\u0151l k\u00e9sz\u00fclt, \u00e1tmeneti id\u0151szakra aj\u00e1nljuk.\nEz a m\u00e9ret \u00e1ltal\u00e1ban 2 \u00e9ves kort\u00f3l j\u00f3 a gyermekek fej\u00e9re.\nAz \u00d6ko-tex min\u0151s\u00edt\u00e9s garant\u00e1lja, hogy a term\u00e9kben nem tal\u00e1lhat\u00f3 semmilyen \u00e1rtalmas, k\u00e1ros vegyi anyag.\nA fi\u00fakon is ilyen szett l\u00e1that\u00f3.","price":"5525.00","unit":"db","recommended":"0","status":"1","sponsored":"0","exp_notify":"0","own_material":"0","own_material_description_old":null,"own_material_description":"","jury":"0","jury_number":"","product_nature":"","meskaracsony":"0","create_date":"2026-03-23 08:57:10","shelve_id":"0","image":"elbebe_product_425400_241001113136_778890.jpeg","image_width":"480","image_height":"643","image_alt":"Szafari \u00e1llatos sapka-s\u00e1l szett (48-50 cm), 48-50 cm-es fejk\u00f6rm\u00e9retre k\u00e9sz\u00fclt sapka-s\u00e1l szett.\\n2 r\u00e9teg pamut jereseyb\u0151l k\u00e9sz\u00fclt, \u00e1tmeneti id\u0151sza..., Meska","image_title":"Szafari \u00e1llatos sapka-s\u00e1l szett (48-50 cm), Meska","view_count":"398","favourite_count":"23","trending_score":"0","last2MonthFavouriteCount":"21","promotion":"0","giftcard_accept":"0","creditcard_accept":false,"enhanced_background":"0","domain":"meska","specific_customer_id":null,"specific_customer_name":null,"to_order_product":"0","to_order_product_time":"0","product_different":null,"product_different_description":"","vintage":"0","vintage_category_id":"0","recycled":"0","gemstone_id":"0","customizable":"0","type_category":"physical","zerowaste":"1","postage_price":"2390.00","shop_order":"0","has_category":"1","landing_pages":null,"microdata":{"number":27,"category":""},"title":"Szafari \u00e1llatos sapka-s\u00e1l szett (48-50 cm)","description":"48-50 cm-es fejk\u00f6rm\u00e9retre k\u00e9sz\u00fclt sapka-s\u00e1l szett.\n2 r\u00e9teg pamut jereseyb\u0151l k\u00e9sz\u00fclt, \u00e1tmeneti id\u0151szakra aj\u00e1nljuk.\nEz a m\u00e9ret \u00e1ltal\u00e1ban 2 \u00e9ves kort\u00f3l j\u00f3 a gyermekek fej\u00e9re.\nAz \u00d6ko-tex min\u0151s\u00edt\u00e9s garant\u00e1lja, hogy a term\u00e9kben nem tal\u00e1lhat\u00f3 semmilyen \u00e1rtalmas, k\u00e1ros vegyi anyag.\nA fi\u00fakon is ilyen szett l\u00e1that\u00f3.","score":0,"formatted_price":"5 525 Ft","image_url":"https:\/\/www.meska.hu\/img\/product\/small\/e\/l\/elbebe_product_425400_241001113136_778890.jpeg","formatted_url":"https:\/\/www.meska.hu\/p5383316-szafari-allatos-sapka-sal-szett-48-50-cm","favourite":false,"in_stock":true,"avatar":"ElBebe_avatar_425400_1682250915.jpg","delete_from":0,"is_enhanced_background":false,"is_enhanced":false,"product_selection_started":false,"is_active":true,"image_webp_url":"https:\/\/www.meska.hu\/img\/product\/small\/e\/l\/elbebe_product_425400_241001113136_778890.webp"},{"id":"5369362","shop_id":"30638","user_id":"387922","shop_name":"Zinkatextil","shop_zip":"7621","product_code":"5305360","product_name_old":null,"product_name":"Baldachin kis\u00e1gy f\u00f6l\u00e9 h\u00f3feh\u00e9r-barack sz\u00edn\u0171","category_string":"Baba - mama, R\u00e1csv\u00e9d\u0151 & Baldachin, Baba \u00e1gynem\u0171","technic_string":"Varr\u00e1s","category_1":"986","category_2":"1735","category_3":"1450","category_4":"0","merged_category_1":null,"merged_category_2":null,"merged_category_3":null,"technic_1":"506","technic_2":"0","technic_3":"0","color_1":"1474","color_2":"519","color_3":"0","product_description_old":null,"product_description":"Baldachin baba\u00e1gy f\u00f6l\u00e9, barack sz\u00edn\u0171 szat\u00e9n szalaggal.\nA baldachin feh\u00e9r \u00e9s barack sz\u00edn\u0171 voile (muszlin) anyagb\u00f3l k\u00e9sz\u00fclt.\nM\u00e9rete 125 cm x 220 cm. \nK\u00f6r\u00edves baldachintart\u00f3 vassal az \u00e1gyra szerelhet\u0151.\nA fot\u00f3n l\u00e1that\u00f3 \u00e1gynem\u0171 szett, illetve a baldachintart\u00f3 vas nem a term\u00e9k r\u00e9sze.\n","price":"12990.00","unit":"db","recommended":"0","status":"1","sponsored":"0","exp_notify":"0","own_material":"0","own_material_description_old":null,"own_material_description":"","jury":"0","jury_number":"","product_nature":"","meskaracsony":"0","create_date":"2026-03-08 19:52:52","shelve_id":"67190","image":"zinkatextil_product_387922_230731165606_52431.jpeg","image_width":"480","image_height":"480","image_alt":"Baldachin kis\u00e1gy f\u00f6l\u00e9 h\u00f3feh\u00e9r-barack sz\u00edn\u0171, Baldachin baba\u00e1gy f\u00f6l\u00e9, barack sz\u00edn\u0171 szat\u00e9n szalaggal.\\nA baldachin feh\u00e9r \u00e9s barack sz\u00edn\u0171 voile (musz..., Meska","image_title":"Baldachin kis\u00e1gy f\u00f6l\u00e9 h\u00f3feh\u00e9r-barack sz\u00edn\u0171, Meska","view_count":"794","favourite_count":"23","trending_score":"0","last2MonthFavouriteCount":"21","promotion":"0","giftcard_accept":"1","creditcard_accept":false,"enhanced_background":"0","domain":"meska","specific_customer_id":null,"specific_customer_name":null,"to_order_product":"0","to_order_product_time":"0","product_different":null,"product_different_description":"","vintage":"0","vintage_category_id":"0","recycled":"0","gemstone_id":"0","customizable":"0","type_category":"physical","zerowaste":"0","postage_price":"2390.00","shop_order":"0","has_category":"1","landing_pages":null,"microdata":{"number":28,"category":""},"title":"Baldachin kis\u00e1gy f\u00f6l\u00e9 h\u00f3feh\u00e9r-barack sz\u00edn\u0171","description":"Baldachin baba\u00e1gy f\u00f6l\u00e9, barack sz\u00edn\u0171 szat\u00e9n szalaggal.\nA baldachin feh\u00e9r \u00e9s barack sz\u00edn\u0171 voile (muszlin) anyagb\u00f3l k\u00e9sz\u00fclt.\nM\u00e9rete 125 cm x 220 cm. \nK\u00f6r\u00edves baldachintart\u00f3 vassal az \u00e1gyra szerelhet\u0151.\nA fot\u00f3n l\u00e1that\u00f3 \u00e1gynem\u0171 szett, illetve a baldachintart\u00f3 vas nem a term\u00e9k r\u00e9sze.\n","score":0,"formatted_price":"12 990 Ft","image_url":"https:\/\/www.meska.hu\/img\/product\/small\/z\/i\/zinkatextil_product_387922_230731165606_52431.jpeg","formatted_url":"https:\/\/www.meska.hu\/p5305360-baldachin-kisagy-fole-hofeher-barack-szinu","favourite":false,"in_stock":true,"avatar":"Zinkatextil_avatar_387922_1668435830.jpg","delete_from":0,"is_enhanced_background":false,"is_enhanced":false,"product_selection_started":false,"is_active":true,"image_webp_url":"https:\/\/www.meska.hu\/img\/product\/small\/z\/i\/zinkatextil_product_387922_230731165606_52431.webp"},{"id":"6145925","shop_id":"33342","user_id":"429303","shop_name":"TedinART","shop_zip":"8660","product_code":"5752420","product_name_old":null,"product_name":"Egyedi h\u00edmzett esk\u00fcv\u0151i szalv\u00e9ta monogrammal \u2013 ind\u00e1s minta","category_string":"Esk\u00fcv\u0151, Eml\u00e9k & Aj\u00e1nd\u00e9k, K\u00f6sz\u00f6n\u0151aj\u00e1nd\u00e9k","technic_string":"H\u00edmz\u00e9s, Varr\u00e1s","category_1":"317","category_2":"905","category_3":"1068","category_4":"0","merged_category_1":null,"merged_category_2":null,"merged_category_3":null,"technic_1":"487","technic_2":"506","technic_3":"0","color_1":"512","color_2":"529","color_3":"0","product_description_old":null,"product_description":"Egyedi monogramos h\u00edmzett szalv\u00e9ta esk\u00fcv\u0151re, amely eleg\u00e1ns \u00e9s szem\u00e9lyes kieg\u00e9sz\u00edt\u0151je lehet az \u00fcnnepi asztalnak.\n\nA szalv\u00e9t\u00e1kra a menyasszony \u00e9s a v\u0151leg\u00e9ny kezd\u0151bet\u0171i ker\u00fclnek h\u00edmz\u00e9ssel, a v\u00e1lasztott mint\u00e1val \u00e9s sz\u00ednnel. A h\u00edmz\u00e9s g\u00e9pi technik\u00e1val, gondos kivitelez\u00e9ssel k\u00e9sz\u00fcl.\n\nT\u00f6k\u00e9letes v\u00e1laszt\u00e1s:\n\t\u2022\tesk\u00fcv\u0151i asztaldekor\u00e1ci\u00f3nak\n\t\u2022\tvend\u00e9gaj\u00e1nd\u00e9knak\n\t\u2022\teml\u00e9knek a nagy napr\u00f3l\n\nA k\u00e9peken l\u00e1that\u00f3 monogram csak minta, a rendel\u00e9s minden esetben egyedileg k\u00e9sz\u00fcl.\n\nM\u00e9ret: kb. 30 \u00d7 30 cm\n\u2022 Anyag: kevertsz\u00e1las anyag \n\u2022 H\u00edmz\u00e9s: g\u00e9pi h\u00edmz\u00e9s\n\u2022 Sz\u00edn \u00e9s bet\u0171t\u00edpus v\u00e1laszthat\u00f3\n\u2022 T\u00f6bbf\u00e9le minta k\u00f6z\u00fcl v\u00e1laszthat\u00f3\n\n\u2e3b\n\nRendel\u00e9s menete\n\nRendel\u00e9skor k\u00e9rlek add meg \u00fczenetben:\n\t\u2022\ta monogramot (kezd\u0151bet\u0171k)\n\t\u2022\ta k\u00edv\u00e1nt h\u00edmz\u00e9s sz\u00edn\u00e9t\n\t\u2022\ta v\u00e1lasztott mint\u00e1t\n\t\u2022\ta sz\u00fcks\u00e9ges darabsz\u00e1mot\n\n50 db feletti rendel\u00e9s eset\u00e9n mennyis\u00e9gi kedvezm\u00e9ny el\u00e9rhet\u0151.\n\t\u2022\t30 db felett: \u20135%\n\t\u2022\t50 db felett: \u201310%","price":"1890.00","unit":"db","recommended":"0","status":"1","sponsored":"0","exp_notify":"0","own_material":"0","own_material_description_old":null,"own_material_description":"","jury":"0","jury_number":"","product_nature":"","meskaracsony":"0","create_date":"2026-03-08 10:06:17","shelve_id":"0","image":"tedinart_product_429303_260308095450_257738.jpeg","image_width":"480","image_height":"640","image_alt":"Egyedi h\u00edmzett esk\u00fcv\u0151i szalv\u00e9ta monogrammal \u2013 ind\u00e1s minta, Egyedi monogramos h\u00edmzett szalv\u00e9ta esk\u00fcv\u0151re, amely eleg\u00e1ns \u00e9s szem\u00e9lyes kieg\u00e9sz\u00edt\u0151je lehet az \u00fcnnepi..., Meska","image_title":"Egyedi h\u00edmzett esk\u00fcv\u0151i szalv\u00e9ta monogrammal \u2013 ind\u00e1s minta, Meska","view_count":"157","favourite_count":"23","trending_score":"0","last2MonthFavouriteCount":"21","promotion":"0","giftcard_accept":"0","creditcard_accept":true,"enhanced_background":"0","domain":"meska","specific_customer_id":null,"specific_customer_name":null,"to_order_product":"1","to_order_product_time":"20","product_different":null,"product_different_description":"","vintage":"0","vintage_category_id":"0","recycled":"0","gemstone_id":"0","customizable":"0","type_category":"physical","zerowaste":"0","postage_price":"1290.00","shop_order":"0","has_category":"1","landing_pages":null,"microdata":{"number":29,"category":""},"title":"Egyedi h\u00edmzett esk\u00fcv\u0151i szalv\u00e9ta monogrammal \u2013 ind\u00e1s minta","description":"Egyedi monogramos h\u00edmzett szalv\u00e9ta esk\u00fcv\u0151re, amely eleg\u00e1ns \u00e9s szem\u00e9lyes kieg\u00e9sz\u00edt\u0151je lehet az \u00fcnnepi asztalnak.\n\nA szalv\u00e9t\u00e1kra a menyasszony \u00e9s a v\u0151leg\u00e9ny kezd\u0151bet\u0171i ker\u00fclnek h\u00edmz\u00e9ssel, a v\u00e1lasztott mint\u00e1val \u00e9s sz\u00ednnel. A h\u00edmz\u00e9s g\u00e9pi technik\u00e1val, gondos kivitelez\u00e9ssel k\u00e9sz\u00fcl.\n\nT\u00f6k\u00e9letes v\u00e1laszt\u00e1s:\n\t\u2022\tesk\u00fcv\u0151i asztaldekor\u00e1ci\u00f3nak\n\t\u2022\tvend\u00e9gaj\u00e1nd\u00e9knak\n\t\u2022\teml\u00e9knek a nagy napr\u00f3l\n\nA k\u00e9peken l\u00e1that\u00f3 monogram csak minta, a rendel\u00e9s minden esetben egyedileg k\u00e9sz\u00fcl.\n\nM\u00e9ret: kb. 30 \u00d7 30 cm\n\u2022 Anyag: kevertsz\u00e1las anyag \n\u2022 H\u00edmz\u00e9s: g\u00e9pi h\u00edmz\u00e9s\n\u2022 Sz\u00edn \u00e9s bet\u0171t\u00edpus v\u00e1laszthat\u00f3\n\u2022 T\u00f6bbf\u00e9le minta k\u00f6z\u00fcl v\u00e1laszthat\u00f3\n\n\u2e3b\n\nRendel\u00e9s menete\n\nRendel\u00e9skor k\u00e9rlek add meg \u00fczenetben:\n\t\u2022\ta monogramot (kezd\u0151bet\u0171k)\n\t\u2022\ta k\u00edv\u00e1nt h\u00edmz\u00e9s sz\u00edn\u00e9t\n\t\u2022\ta v\u00e1lasztott mint\u00e1t\n\t\u2022\ta sz\u00fcks\u00e9ges darabsz\u00e1mot\n\n50 db feletti rendel\u00e9s eset\u00e9n mennyis\u00e9gi kedvezm\u00e9ny el\u00e9rhet\u0151.\n\t\u2022\t30 db felett: \u20135%\n\t\u2022\t50 db felett: \u201310%","score":0,"formatted_price":"1 890 Ft","image_url":"https:\/\/www.meska.hu\/img\/product\/small\/t\/e\/tedinart_product_429303_260308095450_257738.jpeg","formatted_url":"https:\/\/www.meska.hu\/p5752420-egyedi-himzett-eskuvoi-szalveta-monogrammal-indas-minta","favourite":false,"in_stock":false,"avatar":"429303_avatar_1689078622.jpeg","delete_from":0,"is_enhanced_background":false,"is_enhanced":false,"product_selection_started":false,"is_active":true,"image_webp_url":"https:\/\/www.meska.hu\/img\/product\/small\/t\/e\/tedinart_product_429303_260308095450_257738.webp"},{"id":"3391708","shop_id":"25354","user_id":"255296","shop_name":"CreabeadDesign","shop_zip":"3441","product_code":"4459065","product_name_old":null,"product_name":"Creabead Design maty\u00f3 st\u00edlus\u00fa eleg\u00e1ns f\u00fclbeval\u00f3","category_string":"\u00c9kszer, F\u00fclbeval\u00f3, L\u00f3g\u00f3 csepp f\u00fclbeval\u00f3","technic_string":"Gy\u00f6ngyf\u0171z\u00e9s, gy\u00f6ngyh\u00edmz\u00e9s","category_1":"327","category_2":"331","category_3":"1214","category_4":"0","merged_category_1":"0","merged_category_2":"0","merged_category_3":"0","technic_1":"485","technic_2":"0","technic_3":"0","color_1":"521","color_2":"523","color_3":"529","product_description_old":null,"product_description":"A Creabead Design maty\u00f3 st\u00edlus\u00fa magyaros f\u00fclbeval\u00f3 t\u00f6bbf\u00e9le verzi\u00f3ban is k\u00e9rhet\u0151, ak\u00e1r szettben is (https:\/\/www.meska.hu\/p3925912-creabead-design-matyo-stilusu-elegans-ekszerszett)\n\nA minta teljesen egyedi, saj\u00e1t szellemi term\u00e9kem, \u00edgy biztosan nem tal\u00e1lkozol majd szembe vele. A f\u00fclbeval\u00f3k orvosi f\u00e9m alkatr\u00e9szekkel k\u00e9sz\u00fclnek.\n\nA f\u00fclbeval\u00f3 m\u00e9rete: kb. 3,5 cm (akaszt\u00f3val)\n\nAlapanyagok:\n- Cseh Stormduo gy\u00f6ngy\u00f6k\n- Cseh Dropduo gy\u00f6ngy\u00f6k\n- Jap\u00e1n Toho \u00e9s Miyuki k\u00e1sagy\u00f6ngy\u00f6k\n- Cseh 3mm csiszolt gy\u00f6ngy\u00f6k\n- Jap\u00e1n Miyuki c\u00e9rna\n- F\u00fclbeval\u00f3 alap\n","price":"4000.00","unit":"p\u00e1r","recommended":"0","status":"1","sponsored":"0","exp_notify":"0","own_material":"0","own_material_description_old":null,"own_material_description":"","jury":"0","jury_number":"","product_nature":"","meskaracsony":"0","create_date":"2026-03-25 09:51:13","shelve_id":"73769","image":"creabeaddesign_product_255296_220113222919_153640.jpeg","image_width":"480","image_height":"733","image_alt":"Creabead Design maty\u00f3 st\u00edlus\u00fa eleg\u00e1ns f\u00fclbeval\u00f3, A Creabead Design maty\u00f3 st\u00edlus\u00fa magyaros f\u00fclbeval\u00f3 t\u00f6bbf\u00e9le verzi\u00f3ban is k\u00e9rhet\u0151, ak\u00e1r szettben is (..., Meska","image_title":"Creabead Design maty\u00f3 st\u00edlus\u00fa eleg\u00e1ns f\u00fclbeval\u00f3, Meska","view_count":"1386","favourite_count":"23","trending_score":"0","last2MonthFavouriteCount":"21","promotion":"0","giftcard_accept":"0","creditcard_accept":true,"enhanced_background":"0","domain":"meska","specific_customer_id":null,"specific_customer_name":null,"to_order_product":"1","to_order_product_time":"3","product_different":null,"product_different_description":"","vintage":"0","vintage_category_id":"0","recycled":"0","gemstone_id":"0","customizable":"0","type_category":"physical","zerowaste":"0","postage_price":"1290.00","shop_order":"0","has_category":"1","landing_pages":null,"microdata":{"number":30,"category":""},"title":"Creabead Design maty\u00f3 st\u00edlus\u00fa eleg\u00e1ns f\u00fclbeval\u00f3","description":"A Creabead Design maty\u00f3 st\u00edlus\u00fa magyaros f\u00fclbeval\u00f3 t\u00f6bbf\u00e9le verzi\u00f3ban is k\u00e9rhet\u0151, ak\u00e1r szettben is (https:\/\/www.meska.hu\/p3925912-creabead-design-matyo-stilusu-elegans-ekszerszett)\n\nA minta teljesen egyedi, saj\u00e1t szellemi term\u00e9kem, \u00edgy biztosan nem tal\u00e1lkozol majd szembe vele. A f\u00fclbeval\u00f3k orvosi f\u00e9m alkatr\u00e9szekkel k\u00e9sz\u00fclnek.\n\nA f\u00fclbeval\u00f3 m\u00e9rete: kb. 3,5 cm (akaszt\u00f3val)\n\nAlapanyagok:\n- Cseh Stormduo gy\u00f6ngy\u00f6k\n- Cseh Dropduo gy\u00f6ngy\u00f6k\n- Jap\u00e1n Toho \u00e9s Miyuki k\u00e1sagy\u00f6ngy\u00f6k\n- Cseh 3mm csiszolt gy\u00f6ngy\u00f6k\n- Jap\u00e1n Miyuki c\u00e9rna\n- F\u00fclbeval\u00f3 alap\n","score":0,"formatted_price":"4 000 Ft","image_url":"https:\/\/www.meska.hu\/img\/product\/small\/c\/r\/creabeaddesign_product_255296_220113222919_153640.jpeg","formatted_url":"https:\/\/www.meska.hu\/p4459065-creabead-design-matyo-stilusu-elegans-fulbevalo","favourite":false,"in_stock":false,"avatar":"CreabeadDesign_avatar_255296_1664527999.jpg","delete_from":0,"is_enhanced_background":false,"is_enhanced":false,"product_selection_started":false,"is_active":true,"image_webp_url":"https:\/\/www.meska.hu\/img\/product\/small\/c\/r\/creabeaddesign_product_255296_220113222919_153640.webp"},{"id":"5839124","shop_id":"43934","user_id":"631552","shop_name":"Zuzmocity","shop_zip":"1164","product_code":"5575223","product_name_old":null,"product_name":"Vid\u00e1m z\u00f6ld kasp\u00f3 t\u00f6bbf\u00e9le izlandi zuzm\u00f3val- zuzm\u00f3kasp\u00f3, zuzm\u00f3d\u00edsz, mohadekor\u00e1ci\u00f3","category_string":"Otthon & \u00c9letm\u00f3d, Dekor\u00e1ci\u00f3, Asztal \u00e9s polc dekor\u00e1ci\u00f3, Zuzm\u00f3dekor\u00e1ci\u00f3, Mohadekor\u00e1ci\u00f3","technic_string":"Mindenm\u00e1s","category_1":"813","category_2":"314","category_3":"1467","category_4":"1585","merged_category_1":null,"merged_category_2":null,"merged_category_3":null,"technic_1":"493","technic_2":"0","technic_3":"0","color_1":"526","color_2":"529","color_3":"0","product_description_old":null,"product_description":"Kasp\u00f3s asztali dekor\u00e1ci\u00f3 tart\u00f3s\u00edtott izlandi zuzm\u00f3val.\n\nVal\u00f3di izlandi zuzm\u00f3val (r\u00e9nszarvasmoha) k\u00e9sz\u00fclt mutat\u00f3s kasp\u00f3\u00a0dekor\u00e1ci\u00f3. \u00dcde z\u00f6ld sz\u00ednfolt, egy csipet term\u00e9szet a szob\u00e1ban vagy az irod\u00e1ban, melyet nem kell gondozni, nem megy t\u00f6nkre, nem n\u0151. Sem locsolni, sem spriccelni nem sz\u00fcks\u00e9ges!\n\nTart\u00f3s\u00edtott, igazi pr\u00e9mium\u00a0izlandi zuzm\u00f3 felhaszn\u00e1l\u00e1s\u00e1val k\u00e9sz\u00fclt zuzm\u00f3d\u00edsz, zuzm\u00f3kasp\u00f3 (mohakasp\u00f3)\u00a0\n\nVal\u00f3di izlandi zuzm\u00f3val (r\u00e9nszarvasmoha) k\u00e9sz\u00fclt mutat\u00f3s kasp\u00f3\u00a0dekor\u00e1ci\u00f3. \u00dcde z\u00f6ld sz\u00ednfolt, egy csipet term\u00e9szet a szob\u00e1ban vagy az irod\u00e1ban, melyet nem kell gondozni, nem megy t\u00f6nkre, nem n\u0151. Sem locsolni, sem spriccelni nem sz\u00fcks\u00e9ges!\n\nM\u00e9rete: kb. 11\u00a0cm \u00e1tm\u00e9r\u0151, kb. 15 cm magas, a kasp\u00f3 anyaga ker\u00e1mia\n\nMi\u00e9rt j\u00f3 az izlandi zuzm\u00f3b\u00f3l k\u00e9sz\u00fclt dekor\u00e1ci\u00f3?\n\n\u2022 Rendk\u00edv\u00fcl dekorat\u00edv \u00e9s puha\n\n\u2022 Tart\u00f3s (10-15 \u00e9v)\n\n\u2022 100% term\u00e9szetes, nem m\u0171anyag\n\n\u2022 Gondoz\u00e1smentes\n\n\u2022 Nem ig\u00e9nyel f\u00e9nyt\n\n\u2022 K\u00f6rnyezetbar\u00e1t\n\n\u2022 Nem vonzza a rovarokat\n\n\u2022 Nem vonzza a port\n\n\u2022 Antiallerg\u00e9n\n\n\u2022\u00a0T\u0171z\u00e1ll\u00f3\n\n\u00cdgy is ismerheted: izlandi zuzm\u00f3, r\u00e9nszarvas zuzm\u00f3, skandin\u00e1v zuzm\u00f3, r\u00e9nszarvasmoha, izlandi moha","price":"5570.00","unit":"db","recommended":"0","status":"1","sponsored":"0","exp_notify":"0","own_material":"0","own_material_description_old":null,"own_material_description":"","jury":"0","jury_number":"","product_nature":"","meskaracsony":"0","create_date":"2026-02-19 19:27:23","shelve_id":"0","image":"zuzmocity_product_631552_260327193315_79029.png","image_width":"480","image_height":"480","image_alt":"Vid\u00e1m z\u00f6ld kasp\u00f3 t\u00f6bbf\u00e9le izlandi zuzm\u00f3val- zuzm\u00f3kasp\u00f3, zuzm\u00f3d\u00edsz, mohadekor\u00e1ci\u00f3, Kasp\u00f3s asztali dekor\u00e1ci\u00f3 tart\u00f3s\u00edtott izlandi zuzm\u00f3val.\\n\\nVal\u00f3di izlandi zuzm\u00f3val (r\u00e9nszarvasmoha) k\u00e9s..., Meska","image_title":"Vid\u00e1m z\u00f6ld kasp\u00f3 t\u00f6bbf\u00e9le izlandi zuzm\u00f3val- zuzm\u00f3kasp\u00f3, zuzm\u00f3d\u00edsz, mohadekor\u00e1ci\u00f3, Meska","view_count":"378","favourite_count":"23","trending_score":"0","last2MonthFavouriteCount":"0","promotion":"0","giftcard_accept":"0","creditcard_accept":false,"enhanced_background":"0","domain":"meska","specific_customer_id":null,"specific_customer_name":null,"to_order_product":"0","to_order_product_time":"0","product_different":null,"product_different_description":"","vintage":"0","vintage_category_id":"0","recycled":"0","gemstone_id":"0","customizable":"0","type_category":"physical","zerowaste":"0","postage_price":"1290.00","shop_order":"0","has_category":"1","landing_pages":null,"microdata":{"number":31,"category":""},"title":"Vid\u00e1m z\u00f6ld kasp\u00f3 t\u00f6bbf\u00e9le izlandi zuzm\u00f3val- zuzm\u00f3kasp\u00f3, zuzm\u00f3d\u00edsz, mohadekor\u00e1ci\u00f3","description":"Kasp\u00f3s asztali dekor\u00e1ci\u00f3 tart\u00f3s\u00edtott izlandi zuzm\u00f3val.\n\nVal\u00f3di izlandi zuzm\u00f3val (r\u00e9nszarvasmoha) k\u00e9sz\u00fclt mutat\u00f3s kasp\u00f3\u00a0dekor\u00e1ci\u00f3. \u00dcde z\u00f6ld sz\u00ednfolt, egy csipet term\u00e9szet a szob\u00e1ban vagy az irod\u00e1ban, melyet nem kell gondozni, nem megy t\u00f6nkre, nem n\u0151. Sem locsolni, sem spriccelni nem sz\u00fcks\u00e9ges!\n\nTart\u00f3s\u00edtott, igazi pr\u00e9mium\u00a0izlandi zuzm\u00f3 felhaszn\u00e1l\u00e1s\u00e1val k\u00e9sz\u00fclt zuzm\u00f3d\u00edsz, zuzm\u00f3kasp\u00f3 (mohakasp\u00f3)\u00a0\n\nVal\u00f3di izlandi zuzm\u00f3val (r\u00e9nszarvasmoha) k\u00e9sz\u00fclt mutat\u00f3s kasp\u00f3\u00a0dekor\u00e1ci\u00f3. \u00dcde z\u00f6ld sz\u00ednfolt, egy csipet term\u00e9szet a szob\u00e1ban vagy az irod\u00e1ban, melyet nem kell gondozni, nem megy t\u00f6nkre, nem n\u0151. Sem locsolni, sem spriccelni nem sz\u00fcks\u00e9ges!\n\nM\u00e9rete: kb. 11\u00a0cm \u00e1tm\u00e9r\u0151, kb. 15 cm magas, a kasp\u00f3 anyaga ker\u00e1mia\n\nMi\u00e9rt j\u00f3 az izlandi zuzm\u00f3b\u00f3l k\u00e9sz\u00fclt dekor\u00e1ci\u00f3?\n\n\u2022 Rendk\u00edv\u00fcl dekorat\u00edv \u00e9s puha\n\n\u2022 Tart\u00f3s (10-15 \u00e9v)\n\n\u2022 100% term\u00e9szetes, nem m\u0171anyag\n\n\u2022 Gondoz\u00e1smentes\n\n\u2022 Nem ig\u00e9nyel f\u00e9nyt\n\n\u2022 K\u00f6rnyezetbar\u00e1t\n\n\u2022 Nem vonzza a rovarokat\n\n\u2022 Nem vonzza a port\n\n\u2022 Antiallerg\u00e9n\n\n\u2022\u00a0T\u0171z\u00e1ll\u00f3\n\n\u00cdgy is ismerheted: izlandi zuzm\u00f3, r\u00e9nszarvas zuzm\u00f3, skandin\u00e1v zuzm\u00f3, r\u00e9nszarvasmoha, izlandi moha","score":0,"formatted_price":"5 570 Ft","image_url":"https:\/\/www.meska.hu\/img\/product\/small\/z\/u\/zuzmocity_product_631552_260327193315_79029.png","formatted_url":"https:\/\/www.meska.hu\/p5575223-vidam-zold-kaspo-tobbfele-izlandi-zuzmoval-zuzmokaspo-zuzmodisz-mohadekoracio","favourite":false,"in_stock":true,"avatar":"631552_avatar_1705325562.jpeg","delete_from":0,"is_enhanced_background":false,"is_enhanced":false,"product_selection_started":false,"is_active":true,"image_webp_url":"https:\/\/www.meska.hu\/img\/product\/small\/z\/u\/zuzmocity_product_631552_260327193315_79029.webp"},{"id":"6166112","shop_id":"34737","user_id":"453564","shop_name":"CsillagMag","shop_zip":"1171","product_code":"5763894","product_name_old":null,"product_name":"TY\u00daK TOJ\u00c1SOKKAL F\u00c9SZEKKEL 5 DB\/SZETT VID\u00c1M TAVASZI H\u00daSV\u00c9TI DEKOR\u00c1CI\u00d3 TERM\u00c9SZETES EGYEDI J\u00c1T\u00c9K GYAPJ\u00daFILC GYAPJ\u00da WALDORF ","category_string":"\u00dcnnepi d\u00edszek, dekor\u00e1ci\u00f3k, H\u00fasv\u00e9ti d\u00edszek \u00e9s dekor\u00e1ci\u00f3k, H\u00fasv\u00e9ti ablakd\u00edszek","technic_string":"Varr\u00e1s, Nemezel\u00e9s","category_1":"1818","category_2":"1803","category_3":"1817","category_4":"0","merged_category_1":null,"merged_category_2":null,"merged_category_3":null,"technic_1":"506","technic_2":"494","technic_3":"0","color_1":"514","color_2":"568","color_3":"523","product_description_old":null,"product_description":"Term\u00e9szetes, vid\u00e1m, egyedi tavaszi, h\u00fasv\u00e9ti dekor\u00e1ci\u00f3,\nfenntarthat\u00f3 j\u00e1t\u00e9k.\n\n5 db\/szett\n\nTy\u00fak 1 db 14x11 cm\nT\u0171nemezelt toj\u00e1sok 3 db 2x3 cm\nF\u00e9szek 1 db 13 cm\n\n\n\n","price":"9890.00","unit":"db","recommended":"0","status":"1","sponsored":"0","exp_notify":"0","own_material":"0","own_material_description_old":null,"own_material_description":"","jury":"0","jury_number":"","product_nature":"","meskaracsony":"0","create_date":"2026-03-31 18:12:30","shelve_id":"68208","image":"csillagmag_product_453564_260324115439_902671.png","image_width":"480","image_height":"540","image_alt":"TY\u00daK TOJ\u00c1SOKKAL F\u00c9SZEKKEL 5 DB\/SZETT VID\u00c1M TAVASZI H\u00daSV\u00c9TI DEKOR\u00c1CI\u00d3 TERM\u00c9SZETES EGYEDI J\u00c1T\u00c9K GYAPJ\u00daFILC GYAPJ\u00da WALDORF , Term\u00e9szetes, vid\u00e1m, egyedi tavaszi, h\u00fasv\u00e9ti dekor\u00e1ci\u00f3,\\nfenntarthat\u00f3 j\u00e1t\u00e9k.\\n\\n5 db\/szett\\n\\nTy\u00fak 1 db 14..., Meska","image_title":"TY\u00daK TOJ\u00c1SOKKAL F\u00c9SZEKKEL 5 DB\/SZETT VID\u00c1M TAVASZI H\u00daSV\u00c9TI DEKOR\u00c1CI\u00d3 TERM\u00c9SZETES EGYEDI J\u00c1T\u00c9K GYAPJ\u00daFILC GYAPJ\u00da WALDORF , Meska","view_count":"156","favourite_count":"23","trending_score":"0","last2MonthFavouriteCount":"21","promotion":"0","giftcard_accept":"0","creditcard_accept":false,"enhanced_background":"0","domain":"meska","specific_customer_id":null,"specific_customer_name":null,"to_order_product":"0","to_order_product_time":"0","product_different":null,"product_different_description":"","vintage":"0","vintage_category_id":"0","recycled":"1","gemstone_id":"0","customizable":"0","type_category":"physical","zerowaste":"1","postage_price":"2390.00","shop_order":"0","has_category":"1","landing_pages":null,"microdata":{"number":32,"category":""},"title":"TY\u00daK TOJ\u00c1SOKKAL F\u00c9SZEKKEL 5 DB\/SZETT VID\u00c1M TAVASZI H\u00daSV\u00c9TI DEKOR\u00c1CI\u00d3 TERM\u00c9SZETES EGYEDI J\u00c1T\u00c9K GYAPJ\u00daFILC GYAPJ\u00da WALDORF ","description":"Term\u00e9szetes, vid\u00e1m, egyedi tavaszi, h\u00fasv\u00e9ti dekor\u00e1ci\u00f3,\nfenntarthat\u00f3 j\u00e1t\u00e9k.\n\n5 db\/szett\n\nTy\u00fak 1 db 14x11 cm\nT\u0171nemezelt toj\u00e1sok 3 db 2x3 cm\nF\u00e9szek 1 db 13 cm\n\n\n\n","score":0,"formatted_price":"9 890 Ft","image_url":"https:\/\/www.meska.hu\/img\/product\/small\/c\/s\/csillagmag_product_453564_260324115439_902671.png","formatted_url":"https:\/\/www.meska.hu\/p5763894-tyuk-tojasokkal-feszekkel-5-db-szett-vidam-tavaszi-husveti-dekoracio-termeszetes-egyedi-jatek-gyapjufilc-gyapju-waldorf","favourite":false,"in_stock":true,"avatar":"CsillagMag_avatar_453564_1633511873.jpg","delete_from":0,"is_enhanced_background":false,"is_enhanced":false,"product_selection_started":false,"is_active":true,"image_webp_url":"https:\/\/www.meska.hu\/img\/product\/small\/c\/s\/csillagmag_product_453564_260324115439_902671.webp"},{"id":"4706428","shop_id":"25354","user_id":"255296","shop_name":"CreabeadDesign","shop_zip":"3441","product_code":"4902417","product_name_old":null,"product_name":"Creabead Design trikol\u00f3r \u00e9kszer","category_string":"\u00c9kszer, F\u00fclbeval\u00f3, L\u00f3g\u00f3 f\u00fclbeval\u00f3","technic_string":"Gy\u00f6ngyf\u0171z\u00e9s, gy\u00f6ngyh\u00edmz\u00e9s","category_1":"327","category_2":"331","category_3":"1219","category_4":"0","merged_category_1":"0","merged_category_2":"0","merged_category_3":"0","technic_1":"485","technic_2":"0","technic_3":"0","color_1":"519","color_2":"523","color_3":"529","product_description_old":null,"product_description":"Creabead Design trikol\u00f3r kieg\u00e9sz\u00edt\u0151. F\u00fclbeval\u00f3, med\u00e1l, nyakl\u00e1nc k\u00e9rhet\u0151, ak\u00e1r k\u00fcl\u00f6n, ak\u00e1r szettben is. A f\u00fclbeval\u00f3k orvosi f\u00e9m alkatr\u00e9szekkel k\u00e9sz\u00fclnek.\n\nNemzeti \u00fcnnepekre, vagy mindennapi viseletnek ak\u00e1r kok\u00e1rda helyett, vagy mell\u00e9. Egyedi, k\u00fcl\u00f6nleges darabok, melyek b\u00e1r l\u00e1tv\u00e1nyosak, nem hars\u00e1nyak, \u00edgy ak\u00e1r h\u00e9tk\u00f6znap is kellemes viseletek lehetnek.\nEzek a kieg\u00e9sz\u00edt\u0151k kiz\u00e1r\u00f3lag magas min\u0151s\u00e9g\u0171 cseh, francia \u00e9s jap\u00e1n design- \u00e9s k\u00e1sagy\u00f6ngy\u00f6kb\u0151l \u00e9s c\u00e9rn\u00e1b\u00f3l k\u00e9sz\u00fclnek, melyet f\u00e9m alkatr\u00e9szhez (f\u00fclbeval\u00f3, kit\u0171z\u0151 alap, stb) r\u00f6gz\u00edtek.","price":"7700.00","unit":"p\u00e1r","recommended":"0","status":"1","sponsored":"0","exp_notify":"0","own_material":"0","own_material_description_old":null,"own_material_description":"","jury":"0","jury_number":"","product_nature":"","meskaracsony":"0","create_date":"2026-03-24 17:18:03","shelve_id":"73774","image":"creabeaddesign_product_255296_230206181923_9171100.png","image_width":"480","image_height":"384","image_alt":"Creabead Design trikol\u00f3r \u00e9kszer, Creabead Design trikol\u00f3r kieg\u00e9sz\u00edt\u0151. F\u00fclbeval\u00f3, med\u00e1l, nyakl\u00e1nc k\u00e9rhet\u0151, ak\u00e1r k\u00fcl\u00f6n, ak\u00e1r szettben i..., Meska","image_title":"Creabead Design trikol\u00f3r \u00e9kszer, Meska","view_count":"1423","favourite_count":"23","trending_score":"0","last2MonthFavouriteCount":"18","promotion":"0","giftcard_accept":"0","creditcard_accept":true,"enhanced_background":"0","domain":"meska","specific_customer_id":null,"specific_customer_name":null,"to_order_product":"1","to_order_product_time":"4","product_different":null,"product_different_description":"","vintage":"0","vintage_category_id":"0","recycled":"0","gemstone_id":"0","customizable":"0","type_category":"physical","zerowaste":"0","postage_price":"1290.00","shop_order":"0","has_category":"1","landing_pages":null,"microdata":{"number":33,"category":""},"title":"Creabead Design trikol\u00f3r \u00e9kszer","description":"Creabead Design trikol\u00f3r kieg\u00e9sz\u00edt\u0151. F\u00fclbeval\u00f3, med\u00e1l, nyakl\u00e1nc k\u00e9rhet\u0151, ak\u00e1r k\u00fcl\u00f6n, ak\u00e1r szettben is. A f\u00fclbeval\u00f3k orvosi f\u00e9m alkatr\u00e9szekkel k\u00e9sz\u00fclnek.\n\nNemzeti \u00fcnnepekre, vagy mindennapi viseletnek ak\u00e1r kok\u00e1rda helyett, vagy mell\u00e9. Egyedi, k\u00fcl\u00f6nleges darabok, melyek b\u00e1r l\u00e1tv\u00e1nyosak, nem hars\u00e1nyak, \u00edgy ak\u00e1r h\u00e9tk\u00f6znap is kellemes viseletek lehetnek.\nEzek a kieg\u00e9sz\u00edt\u0151k kiz\u00e1r\u00f3lag magas min\u0151s\u00e9g\u0171 cseh, francia \u00e9s jap\u00e1n design- \u00e9s k\u00e1sagy\u00f6ngy\u00f6kb\u0151l \u00e9s c\u00e9rn\u00e1b\u00f3l k\u00e9sz\u00fclnek, melyet f\u00e9m alkatr\u00e9szhez (f\u00fclbeval\u00f3, kit\u0171z\u0151 alap, stb) r\u00f6gz\u00edtek.","score":0,"formatted_price":"7 700 Ft","image_url":"https:\/\/www.meska.hu\/img\/product\/small\/c\/r\/creabeaddesign_product_255296_230206181923_9171100.png","formatted_url":"https:\/\/www.meska.hu\/p4902417-creabead-design-trikolor-ekszer","favourite":false,"in_stock":false,"avatar":"CreabeadDesign_avatar_255296_1664527999.jpg","delete_from":0,"is_enhanced_background":false,"is_enhanced":false,"product_selection_started":false,"is_active":true,"image_webp_url":"https:\/\/www.meska.hu\/img\/product\/small\/c\/r\/creabeaddesign_product_255296_230206181923_9171100.webp"},{"id":"5369345","shop_id":"30638","user_id":"387922","shop_name":"Zinkatextil","shop_zip":"7621","product_code":"5305347","product_name_old":null,"product_name":"Baldachin kis\u00e1gyra r\u00f3zsasz\u00edn \u00e9s kr\u00e9m anyagb\u00f3l ","category_string":"Baba - mama, R\u00e1csv\u00e9d\u0151 & Baldachin, Baba \u00e1gynem\u0171","technic_string":"Varr\u00e1s","category_1":"986","category_2":"1735","category_3":"1450","category_4":"0","merged_category_1":null,"merged_category_2":null,"merged_category_3":null,"technic_1":"506","technic_2":"0","technic_3":"0","color_1":"515","color_2":"525","color_3":"0","product_description_old":null,"product_description":"Baldachinos f\u00fcgg\u00f6ny baba\u00e1gyra\u00a0r\u00f3zsasz\u00edn bojtokkal d\u00edsz\u00edtve.\nMeghitt bar\u00e1ts\u00e1gos hangulatot teremt a kis\u00e1gy f\u00f6l\u00e9, kellemes nyugtat\u00f3 sz\u00edneivel \u00e9s k\u00f6nnyed anyag\u00e1val.\n\nR\u00f3zsasz\u00edn \u00e9s kr\u00e9m gy\u0171rt voile (muszlin) anyagb\u00f3l k\u00e9sz\u00fclt, d\u00edsz\u00edt\u00e9sk\u00e9nt r\u00f3zsasz\u00edn pompom szalagot ker\u00fclt a k\u00e9t anyag k\u00f6z\u00e9.\nM\u00e9rete: 140 cm x 220 cm.\nK\u00f6r\u00edves baldachintart\u00f3 vassal az \u00e1gyra szerelhet\u0151.\n\nA fot\u00f3n l\u00e1that\u00f3 baldachintart\u00f3 vas, \u00e1gynem\u0171garnit\u00fara \u00e9s a pillang\u00f3 nem a term\u00e9k r\u00e9sze. \n\n   \n","price":"14900.00","unit":"db","recommended":"0","status":"1","sponsored":"0","exp_notify":"0","own_material":"0","own_material_description_old":null,"own_material_description":"","jury":"0","jury_number":"","product_nature":"","meskaracsony":"0","create_date":"2026-03-08 19:55:09","shelve_id":"67190","image":"zinkatextil_product_387922_231203082250_867237.png","image_width":"480","image_height":"480","image_alt":"Baldachin kis\u00e1gyra r\u00f3zsasz\u00edn \u00e9s kr\u00e9m anyagb\u00f3l , Baldachinos f\u00fcgg\u00f6ny baba\u00e1gyra\u00a0r\u00f3zsasz\u00edn bojtokkal d\u00edsz\u00edtve.\\nMeghitt bar\u00e1ts\u00e1gos hangulatot teremt a k..., Meska","image_title":"Baldachin kis\u00e1gyra r\u00f3zsasz\u00edn \u00e9s kr\u00e9m anyagb\u00f3l , Meska","view_count":"814","favourite_count":"23","trending_score":"0","last2MonthFavouriteCount":"0","promotion":"0","giftcard_accept":"1","creditcard_accept":false,"enhanced_background":"0","domain":"meska","specific_customer_id":null,"specific_customer_name":null,"to_order_product":"0","to_order_product_time":"0","product_different":null,"product_different_description":"","vintage":"0","vintage_category_id":"0","recycled":"0","gemstone_id":"0","customizable":"0","type_category":"physical","zerowaste":"0","postage_price":"2390.00","shop_order":"0","has_category":"1","landing_pages":null,"microdata":{"number":34,"category":""},"title":"Baldachin kis\u00e1gyra r\u00f3zsasz\u00edn \u00e9s kr\u00e9m anyagb\u00f3l ","description":"Baldachinos f\u00fcgg\u00f6ny baba\u00e1gyra\u00a0r\u00f3zsasz\u00edn bojtokkal d\u00edsz\u00edtve.\nMeghitt bar\u00e1ts\u00e1gos hangulatot teremt a kis\u00e1gy f\u00f6l\u00e9, kellemes nyugtat\u00f3 sz\u00edneivel \u00e9s k\u00f6nnyed anyag\u00e1val.\n\nR\u00f3zsasz\u00edn \u00e9s kr\u00e9m gy\u0171rt voile (muszlin) anyagb\u00f3l k\u00e9sz\u00fclt, d\u00edsz\u00edt\u00e9sk\u00e9nt r\u00f3zsasz\u00edn pompom szalagot ker\u00fclt a k\u00e9t anyag k\u00f6z\u00e9.\nM\u00e9rete: 140 cm x 220 cm.\nK\u00f6r\u00edves baldachintart\u00f3 vassal az \u00e1gyra szerelhet\u0151.\n\nA fot\u00f3n l\u00e1that\u00f3 baldachintart\u00f3 vas, \u00e1gynem\u0171garnit\u00fara \u00e9s a pillang\u00f3 nem a term\u00e9k r\u00e9sze. \n\n   \n","score":0,"formatted_price":"14 900 Ft","image_url":"https:\/\/www.meska.hu\/img\/product\/small\/z\/i\/zinkatextil_product_387922_231203082250_867237.png","formatted_url":"https:\/\/www.meska.hu\/p5305347-baldachin-kisagyra-rozsaszin-es-krem-anyagbol","favourite":false,"in_stock":true,"avatar":"Zinkatextil_avatar_387922_1668435830.jpg","delete_from":0,"is_enhanced_background":false,"is_enhanced":false,"product_selection_started":false,"is_active":true,"image_webp_url":"https:\/\/www.meska.hu\/img\/product\/small\/z\/i\/zinkatextil_product_387922_231203082250_867237.webp"},{"id":"6154581","shop_id":"36729","user_id":"486156","shop_name":"Banyz","shop_zip":"2094","product_code":"5758684","product_name_old":null,"product_name":"B\u00e9zs\u2013feh\u00e9r t\u00f6bbfunkci\u00f3s n\u0151i t\u00e1ska \u2013 egy t\u00e1ska, h\u00e1romf\u00e9le hord\u00e1si m\u00f3d ","category_string":"T\u00e1ska & Tok, Vari\u00e1lhat\u00f3 t\u00e1ska","technic_string":"B\u0151rm\u0171vess\u00e9g, Varr\u00e1s","category_1":"464","category_2":"904","category_3":"0","category_4":"0","merged_category_1":null,"merged_category_2":null,"merged_category_3":null,"technic_1":"473","technic_2":"506","technic_3":"0","color_1":"515","color_2":"519","color_3":"0","product_description_old":null,"product_description":"B\u00c9ZS 3IN1 N\u0150I T\u00c1SKA \u2013 kombin\u00e1ld ahogy szeretn\u00e9d\n\nEgy t\u00e1ska, ami val\u00f3ban alkalmazkodik a napodhoz. Ez a b\u00e9zs\u2013feh\u00e9r t\u00f6bbfunkci\u00f3s Banyz t\u00e1ska hordhat\u00f3 h\u00e1tit\u00e1skak\u00e9nt, v\u00e1llt\u00e1skak\u00e9nt vagy k\u00e9zit\u00e1skak\u00e9nt, \u00edgy nem kell napk\u00f6zben t\u00e1sk\u00e1t cser\u00e9lned. Letisztult sz\u00ednei k\u00f6nnyen beilleszthet\u0151k a mindennapi st\u00edlusba, praktikus kialak\u00edt\u00e1sa pedig a mindennapok val\u00f3s ig\u00e9nyeire lett tervezve.\n\nEz a modell azoknak k\u00e9sz\u00fclt, akik szeretik, ha egy t\u00e1ska rendszerezett, k\u00e9nyelmes \u00e9s k\u00f6zben eleg\u00e1ns is. Fontos sz\u00e1mukra a tart\u00f3ss\u00e1g, \u00e9rt\u00e9kelik a k\u00e9zm\u0171ves min\u0151s\u00e9get, \u00e9s olyan kieg\u00e9sz\u00edt\u0151t keresnek, amely hossz\u00fa t\u00e1von is megb\u00edzhat\u00f3 t\u00e1rs a mindennapokban.\n\n\n\nMI\u00c9RT FOGOD IM\u00c1DNI?\n\n        3 az 1-BEN KIALAK\u00cdT\u00c1S \u2013 hordhat\u00f3 h\u00e1tit\u00e1skak\u00e9nt, v\u00e1llt\u00e1skak\u00e9nt vagy k\u00e9zit\u00e1skak\u00e9nt\n\n        LETISZTULT B\u00c9ZS\u2013FEH\u00c9R SZ\u00cdNKOMBIN\u00c1CI\u00d3 \u2013 k\u00f6nnyen illik szinte b\u00e1rmilyen ruh\u00e1hoz\n\n        HAZAI B\u0150RD\u00cdSZM\u0170VES MUNKA \u2013 tart\u00f3s, prec\u00edzen elk\u00e9sz\u00edtett darab\n\n        MEREV\u00cdTETT, V\u00cdZ\u00c1LL\u00d3 ANYAG \u2013 j\u00f3l tartja a form\u00e1j\u00e1t \u00e9s v\u00e9di a tartalm\u00e1t\n\n        \u00c1TGONDOLT ZSEBEK \u2013 rendszerezhet\u0151ek a kisebb t\u00e1rgyak \u00e9s az \u00e9rt\u00e9kek\n\n        \u00c1LL\u00cdTHAT\u00d3 P\u00c1NTOK \u2013 a saj\u00e1t k\u00e9nyelmedhez igaz\u00edthatod\n\n        PRAKTIKUS MINDENNAPI A4-ES M\u00c9RET \u2013 elf\u00e9r benne minden fontos dolog\n\n \n\nTERM\u00c9KJELLEMZ\u0150K\n\n \nKIALAK\u00cdT\u00c1S:\nMerev\u00edtett, v\u00edzleperget\u0151, strapab\u00edr\u00f3\n\nANYAG:\nM\u0171b\u0151r\n\nB\u00c9L\u00c9S:\nTextil\n\n \nSZ\u00cdN:\nB\u00e9zs \u2013 feh\u00e9r\n\nZ\u00c1R\u00d3D\u00c1S:\nCipz\u00e1r\n\n \nM\u00c9RETEK:\n\n        Sz\u00e9less\u00e9g: 31 cm\n\n        Magass\u00e1g: 37 cm (fog\u00f3val 44 cm)\n\n        M\u00e9lys\u00e9g: 9 cm\n\n        M\u00e9retkateg\u00f3ria: A4-es dokumentumokhoz ide\u00e1lis\n\n \n\nFUNKCI\u00d3K:\n\n        K\u00e9zit\u00e1ska, v\u00e1llt\u00e1ska \u00e9s h\u00e1tit\u00e1ska egyben\n\n        P\u00e1ntok: \u00e1ll\u00edthat\u00f3, lecsatolhat\u00f3 \u00e9s \u00e1tcsatolhat\u00f3 p\u00e1ntok\n\n        Bels\u0151 t\u00e9r: 1 nagy rekesz\n\n        Bels\u0151 zsebek: 1 cipz\u00e1ras, 2 felvarrt zseb\n\n        K\u00fcls\u0151 zseb: 1 cipz\u00e1ras rejtett zseb a h\u00e1tr\u00e9szen\n\n        F\u00e9mkell\u00e9kek: nikkel\n\n\nA t\u00e1ska B\u0150RD\u00cdSZM\u0170VES M\u0170HELYBEN k\u00e9sz\u00fcl, gondos k\u00e9zi munk\u00e1val.\n\nHa m\u00e1s sz\u00ednben szeretn\u00e9d, \u00edrj b\u00e1tran, \u00f6r\u00f6mmel megval\u00f3s\u00edtom.\n\n \n\nSZETT\u00d6TLETEK A B\u00c9ZS-FEH\u00c9R T\u00d6BBFUNKCI\u00d3S T\u00c1SK\u00c1HOZ:\n\n\n V\u00c1ROSI H\u00c9TK\u00d6ZNAPOKRA:\n\nEgy vil\u00e1gosk\u00e9k farmer, feh\u00e9r p\u00f3l\u00f3 \u00e9s egy k\u00f6nny\u0171 b\u00e9zs vagy kr\u00e9msz\u00edn\u0171 kab\u00e1t t\u00f6k\u00e9letes alap ehhez a t\u00e1sk\u00e1hoz. A b\u00e9zs\u2013feh\u00e9r sz\u00ednek harmonikusan illeszkednek az \u00f6lt\u00f6z\u00e9khez, a t\u00e1sk\u00e1t pedig hordhatod v\u00e1llt\u00e1skak\u00e9nt vagy k\u00e9zit\u00e1skak\u00e9nt, ha eleg\u00e1nsabb megjelen\u00e9st szeretn\u00e9l.\n\n \nTAVASZI V\u00c1ROSI S\u00c9TA\n\nEgy vil\u00e1gos v\u00e1szonnadr\u00e1g, egy egyszer\u0171 feh\u00e9r fels\u0151 \u00e9s egy k\u00f6nny\u0171 kardig\u00e1n term\u00e9szetes, letisztult megjelen\u00e9st ad. Ebben a szettben a t\u00e1ska h\u00e1tit\u00e1skak\u00e9nt a legk\u00e9nyelmesebb v\u00e1laszt\u00e1s, k\u00fcl\u00f6n\u00f6sen, ha sokat s\u00e9t\u00e1lsz a v\u00e1rosban.\n\n \nMUNKAHELYI, ELEG\u00c1NSABB MEGJELEN\u00c9S:\n\nEgy b\u00e9zs vagy kr\u00e9msz\u00edn\u0171 ruha, esetleg egy vil\u00e1gos bl\u00faz \u00e9s sz\u00f6vetnadr\u00e1g kombin\u00e1ci\u00f3ja eleg\u00e1ns \u00e9s visszafogott st\u00edlust ad. A t\u00e1ska k\u00e9zit\u00e1skak\u00e9nt hordva kifinomult megjelen\u00e9st ad a szettnek.\n\n \nNY\u00c1RI MINIMALISTA SZETT:\n\nEgy lenv\u00e1szon ruha, nat\u00far szand\u00e1l \u00e9s napszem\u00fcveg mellett a b\u00e9zs\u2013feh\u00e9r t\u00e1ska t\u00f6k\u00e9letes kieg\u00e9sz\u00edt\u0151. A vil\u00e1gos \u00e1rnyalatok term\u00e9szetes, ny\u00e1rias hangulatot adnak az eg\u00e9sz megjelen\u00e9snek.\n\n \nSPORTOS, K\u00c9NYELMES ST\u00cdLUS:\n\nVil\u00e1gos farmer, sneaker \u00e9s egy laza pul\u00f3ver vagy hossz\u00fa ujj\u00fa fels\u0151 mell\u00e9 a t\u00e1ska h\u00e1tit\u00e1skak\u00e9nt praktikus v\u00e1laszt\u00e1s. \u00cdgy k\u00e9nyelmesen hordhat\u00f3 ak\u00e1r eg\u00e9sz nap.\n\n \nST\u00cdLUSTIPP:\nA b\u00e9zs\u2013feh\u00e9r sz\u00ednkombin\u00e1ci\u00f3 k\u00fcl\u00f6n\u00f6sen j\u00f3 nat\u00far, f\u00f6ldsz\u00ednekkel, farmerrel, feh\u00e9rrel \u00e9s pasztell \u00e1rnyalatokkal. Ez\u00e9rt ez a t\u00e1ska k\u00f6nnyen beilleszthet\u0151 a mindennapi ruhat\u00e1rba.\n\n \nMIT \u00dcZEN A B\u00c9ZS\u2013FEH\u00c9R T\u00c1SKA VISEL\u0150J\u00c9R\u0150L?\n\nA b\u00e9zs\u2013feh\u00e9r sz\u00ednkombin\u00e1ci\u00f3 a divatban a letisztults\u00e1g, a nyugalom \u00e9s a term\u00e9szetes elegancia jelk\u00e9pe. Aki ilyen sz\u00edn\u0171 t\u00e1sk\u00e1t v\u00e1laszt, \u00e1ltal\u00e1ban olyan st\u00edlust k\u00e9pvisel, amely egyszerre visszafogott, m\u00e9gis tudatos \u00e9s kifinomult.\n\n\nA b\u00e9zs\u2013feh\u00e9r sz\u00ednp\u00e1ros gyakran OLYAN EMBER BENYOM\u00c1S\u00c1T KELTI, aki:\n\n        szereti az egyszer\u0171, harmonikus st\u00edlust\n\n        \u00e9rt\u00e9keli a min\u0151s\u00e9get \u00e9s a tart\u00f3ss\u00e1got\n\n        nem a felt\u0171n\u00e9sre t\u00f6rekszik, hanem az id\u0151t\u00e1ll\u00f3 eleganci\u00e1ra\n\n        tudatosan v\u00e1laszt kieg\u00e9sz\u00edt\u0151ket, amelyek k\u00f6nnyen illeszkednek a ruhat\u00e1r\u00e1ba\n\nEz a sz\u00ednp\u00e1ros\u00edt\u00e1s azt sugallja, hogy visel\u0151je rendezett, kiegyens\u00falyozott \u00e9s st\u00edlusos, aki a term\u00e9szetes megjelen\u00e9st r\u00e9szes\u00edti el\u0151nyben a t\u00falzott felt\u0171n\u00e9s helyett.\n\nST\u00cdLUS\u00dcZENET: A b\u00e9zs\u2013feh\u00e9r t\u00e1ska azt \u00fczeni: a st\u00edlus nem a felt\u0171n\u00e9sr\u0151l, hanem az ar\u00e1nyokr\u00f3l, a min\u0151s\u00e9gr\u0151l \u00e9s az \u00e1tgondolt r\u00e9szletekr\u0151l sz\u00f3l.\n\n \nMI\u00c9RT V\u00c1LASZTANAK EGYRE T\u00d6BBEN T\u00d6BBFUNKCI\u00d3S T\u00c1SK\u00c1T?\n \nEgy nap alatt t\u00f6bb helyzet, egyetlen t\u00e1sk\u00e1val\n\nSokan tapasztalj\u00e1k, hogy m\u00e1s t\u00e1ska kellene munk\u00e1hoz, s\u00e9t\u00e1hoz vagy utaz\u00e1shoz. A v\u00e1llt\u00e1ska k\u00e9nyelmes lehet a v\u00e1rosban, de hosszabb s\u00e9ta sor\u00e1n m\u00e1r j\u00f3l j\u00f6nne egy h\u00e1tit\u00e1ska. A k\u00e9zit\u00e1ska pedig eleg\u00e1nsabb alkalmakn\u00e1l praktikus.\n\n A legt\u00f6bb t\u00e1ska azonban csak egyf\u00e9lek\u00e9ppen hordhat\u00f3.\n\n \nEGY T\u00c1SKA, AMI ALKALMAZKODIK:\n\nA Banyz t\u00f6bbfunkci\u00f3s t\u00e1sk\u00e1ja \u00e1talak\u00edthat\u00f3 hord\u00e1si rendszerrel k\u00e9sz\u00fclt. A p\u00e1ntok egyszer\u0171en \u00e1trendezhet\u0151k, \u00edgy a t\u00e1ska n\u00e9h\u00e1ny mozdulattal \u00e1talakul:\n\n      -  h\u00e1tit\u00e1sk\u00e1v\u00e1\n\n      -  v\u00e1llt\u00e1sk\u00e1v\u00e1\n\n      -  k\u00e9zit\u00e1sk\u00e1v\u00e1\n\n\u00cdgy mindig az adott helyzethez igaz\u00edthatod.\n\nEl\u0151ny: kevesebb kompromisszum, t\u00f6bb k\u00e9nyelem\n\n\n V\u00e1laszd azt a t\u00e1sk\u00e1t, ami l\u00e9p\u00e9st tart a napoddal!","price":"24000.00","unit":"db","recommended":"0","status":"1","sponsored":"0","exp_notify":"0","own_material":"0","own_material_description_old":null,"own_material_description":"","jury":"0","jury_number":"","product_nature":"","meskaracsony":"0","create_date":"2026-03-12 10:15:49","shelve_id":"68449","image":"banyz_product_486156_260312095309_10945.png","image_width":"480","image_height":"480","image_alt":"B\u00e9zs\u2013feh\u00e9r t\u00f6bbfunkci\u00f3s n\u0151i t\u00e1ska \u2013 egy t\u00e1ska, h\u00e1romf\u00e9le hord\u00e1si m\u00f3d , B\u00c9ZS 3IN1 N\u0150I T\u00c1SKA \u2013 kombin\u00e1ld ahogy szeretn\u00e9d\\n\\nEgy t\u00e1ska, ami val\u00f3ban alkalmazkodik a napodhoz. Ez..., Meska","image_title":"B\u00e9zs\u2013feh\u00e9r t\u00f6bbfunkci\u00f3s n\u0151i t\u00e1ska \u2013 egy t\u00e1ska, h\u00e1romf\u00e9le hord\u00e1si m\u00f3d , Meska","view_count":"157","favourite_count":"23","trending_score":"0","last2MonthFavouriteCount":"23","promotion":"0","giftcard_accept":"0","creditcard_accept":true,"enhanced_background":"0","domain":"meska","specific_customer_id":null,"specific_customer_name":null,"to_order_product":"1","to_order_product_time":"6","product_different":null,"product_different_description":"","vintage":"0","vintage_category_id":"0","recycled":"0","gemstone_id":"0","customizable":"0","type_category":"physical","zerowaste":"0","postage_price":"2390.00","shop_order":"38","has_category":"1","landing_pages":null,"microdata":{"number":35,"category":""},"title":"B\u00e9zs\u2013feh\u00e9r t\u00f6bbfunkci\u00f3s n\u0151i t\u00e1ska \u2013 egy t\u00e1ska, h\u00e1romf\u00e9le hord\u00e1si m\u00f3d ","description":"B\u00c9ZS 3IN1 N\u0150I T\u00c1SKA \u2013 kombin\u00e1ld ahogy szeretn\u00e9d\n\nEgy t\u00e1ska, ami val\u00f3ban alkalmazkodik a napodhoz. Ez a b\u00e9zs\u2013feh\u00e9r t\u00f6bbfunkci\u00f3s Banyz t\u00e1ska hordhat\u00f3 h\u00e1tit\u00e1skak\u00e9nt, v\u00e1llt\u00e1skak\u00e9nt vagy k\u00e9zit\u00e1skak\u00e9nt, \u00edgy nem kell napk\u00f6zben t\u00e1sk\u00e1t cser\u00e9lned. Letisztult sz\u00ednei k\u00f6nnyen beilleszthet\u0151k a mindennapi st\u00edlusba, praktikus kialak\u00edt\u00e1sa pedig a mindennapok val\u00f3s ig\u00e9nyeire lett tervezve.\n\nEz a modell azoknak k\u00e9sz\u00fclt, akik szeretik, ha egy t\u00e1ska rendszerezett, k\u00e9nyelmes \u00e9s k\u00f6zben eleg\u00e1ns is. Fontos sz\u00e1mukra a tart\u00f3ss\u00e1g, \u00e9rt\u00e9kelik a k\u00e9zm\u0171ves min\u0151s\u00e9get, \u00e9s olyan kieg\u00e9sz\u00edt\u0151t keresnek, amely hossz\u00fa t\u00e1von is megb\u00edzhat\u00f3 t\u00e1rs a mindennapokban.\n\n\n\nMI\u00c9RT FOGOD IM\u00c1DNI?\n\n        3 az 1-BEN KIALAK\u00cdT\u00c1S \u2013 hordhat\u00f3 h\u00e1tit\u00e1skak\u00e9nt, v\u00e1llt\u00e1skak\u00e9nt vagy k\u00e9zit\u00e1skak\u00e9nt\n\n        LETISZTULT B\u00c9ZS\u2013FEH\u00c9R SZ\u00cdNKOMBIN\u00c1CI\u00d3 \u2013 k\u00f6nnyen illik szinte b\u00e1rmilyen ruh\u00e1hoz\n\n        HAZAI B\u0150RD\u00cdSZM\u0170VES MUNKA \u2013 tart\u00f3s, prec\u00edzen elk\u00e9sz\u00edtett darab\n\n        MEREV\u00cdTETT, V\u00cdZ\u00c1LL\u00d3 ANYAG \u2013 j\u00f3l tartja a form\u00e1j\u00e1t \u00e9s v\u00e9di a tartalm\u00e1t\n\n        \u00c1TGONDOLT ZSEBEK \u2013 rendszerezhet\u0151ek a kisebb t\u00e1rgyak \u00e9s az \u00e9rt\u00e9kek\n\n        \u00c1LL\u00cdTHAT\u00d3 P\u00c1NTOK \u2013 a saj\u00e1t k\u00e9nyelmedhez igaz\u00edthatod\n\n        PRAKTIKUS MINDENNAPI A4-ES M\u00c9RET \u2013 elf\u00e9r benne minden fontos dolog\n\n \n\nTERM\u00c9KJELLEMZ\u0150K\n\n \nKIALAK\u00cdT\u00c1S:\nMerev\u00edtett, v\u00edzleperget\u0151, strapab\u00edr\u00f3\n\nANYAG:\nM\u0171b\u0151r\n\nB\u00c9L\u00c9S:\nTextil\n\n \nSZ\u00cdN:\nB\u00e9zs \u2013 feh\u00e9r\n\nZ\u00c1R\u00d3D\u00c1S:\nCipz\u00e1r\n\n \nM\u00c9RETEK:\n\n        Sz\u00e9less\u00e9g: 31 cm\n\n        Magass\u00e1g: 37 cm (fog\u00f3val 44 cm)\n\n        M\u00e9lys\u00e9g: 9 cm\n\n        M\u00e9retkateg\u00f3ria: A4-es dokumentumokhoz ide\u00e1lis\n\n \n\nFUNKCI\u00d3K:\n\n        K\u00e9zit\u00e1ska, v\u00e1llt\u00e1ska \u00e9s h\u00e1tit\u00e1ska egyben\n\n        P\u00e1ntok: \u00e1ll\u00edthat\u00f3, lecsatolhat\u00f3 \u00e9s \u00e1tcsatolhat\u00f3 p\u00e1ntok\n\n        Bels\u0151 t\u00e9r: 1 nagy rekesz\n\n        Bels\u0151 zsebek: 1 cipz\u00e1ras, 2 felvarrt zseb\n\n        K\u00fcls\u0151 zseb: 1 cipz\u00e1ras rejtett zseb a h\u00e1tr\u00e9szen\n\n        F\u00e9mkell\u00e9kek: nikkel\n\n\nA t\u00e1ska B\u0150RD\u00cdSZM\u0170VES M\u0170HELYBEN k\u00e9sz\u00fcl, gondos k\u00e9zi munk\u00e1val.\n\nHa m\u00e1s sz\u00ednben szeretn\u00e9d, \u00edrj b\u00e1tran, \u00f6r\u00f6mmel megval\u00f3s\u00edtom.\n\n \n\nSZETT\u00d6TLETEK A B\u00c9ZS-FEH\u00c9R T\u00d6BBFUNKCI\u00d3S T\u00c1SK\u00c1HOZ:\n\n\n V\u00c1ROSI H\u00c9TK\u00d6ZNAPOKRA:\n\nEgy vil\u00e1gosk\u00e9k farmer, feh\u00e9r p\u00f3l\u00f3 \u00e9s egy k\u00f6nny\u0171 b\u00e9zs vagy kr\u00e9msz\u00edn\u0171 kab\u00e1t t\u00f6k\u00e9letes alap ehhez a t\u00e1sk\u00e1hoz. A b\u00e9zs\u2013feh\u00e9r sz\u00ednek harmonikusan illeszkednek az \u00f6lt\u00f6z\u00e9khez, a t\u00e1sk\u00e1t pedig hordhatod v\u00e1llt\u00e1skak\u00e9nt vagy k\u00e9zit\u00e1skak\u00e9nt, ha eleg\u00e1nsabb megjelen\u00e9st szeretn\u00e9l.\n\n \nTAVASZI V\u00c1ROSI S\u00c9TA\n\nEgy vil\u00e1gos v\u00e1szonnadr\u00e1g, egy egyszer\u0171 feh\u00e9r fels\u0151 \u00e9s egy k\u00f6nny\u0171 kardig\u00e1n term\u00e9szetes, letisztult megjelen\u00e9st ad. Ebben a szettben a t\u00e1ska h\u00e1tit\u00e1skak\u00e9nt a legk\u00e9nyelmesebb v\u00e1laszt\u00e1s, k\u00fcl\u00f6n\u00f6sen, ha sokat s\u00e9t\u00e1lsz a v\u00e1rosban.\n\n \nMUNKAHELYI, ELEG\u00c1NSABB MEGJELEN\u00c9S:\n\nEgy b\u00e9zs vagy kr\u00e9msz\u00edn\u0171 ruha, esetleg egy vil\u00e1gos bl\u00faz \u00e9s sz\u00f6vetnadr\u00e1g kombin\u00e1ci\u00f3ja eleg\u00e1ns \u00e9s visszafogott st\u00edlust ad. A t\u00e1ska k\u00e9zit\u00e1skak\u00e9nt hordva kifinomult megjelen\u00e9st ad a szettnek.\n\n \nNY\u00c1RI MINIMALISTA SZETT:\n\nEgy lenv\u00e1szon ruha, nat\u00far szand\u00e1l \u00e9s napszem\u00fcveg mellett a b\u00e9zs\u2013feh\u00e9r t\u00e1ska t\u00f6k\u00e9letes kieg\u00e9sz\u00edt\u0151. A vil\u00e1gos \u00e1rnyalatok term\u00e9szetes, ny\u00e1rias hangulatot adnak az eg\u00e9sz megjelen\u00e9snek.\n\n \nSPORTOS, K\u00c9NYELMES ST\u00cdLUS:\n\nVil\u00e1gos farmer, sneaker \u00e9s egy laza pul\u00f3ver vagy hossz\u00fa ujj\u00fa fels\u0151 mell\u00e9 a t\u00e1ska h\u00e1tit\u00e1skak\u00e9nt praktikus v\u00e1laszt\u00e1s. \u00cdgy k\u00e9nyelmesen hordhat\u00f3 ak\u00e1r eg\u00e9sz nap.\n\n \nST\u00cdLUSTIPP:\nA b\u00e9zs\u2013feh\u00e9r sz\u00ednkombin\u00e1ci\u00f3 k\u00fcl\u00f6n\u00f6sen j\u00f3 nat\u00far, f\u00f6ldsz\u00ednekkel, farmerrel, feh\u00e9rrel \u00e9s pasztell \u00e1rnyalatokkal. Ez\u00e9rt ez a t\u00e1ska k\u00f6nnyen beilleszthet\u0151 a mindennapi ruhat\u00e1rba.\n\n \nMIT \u00dcZEN A B\u00c9ZS\u2013FEH\u00c9R T\u00c1SKA VISEL\u0150J\u00c9R\u0150L?\n\nA b\u00e9zs\u2013feh\u00e9r sz\u00ednkombin\u00e1ci\u00f3 a divatban a letisztults\u00e1g, a nyugalom \u00e9s a term\u00e9szetes elegancia jelk\u00e9pe. Aki ilyen sz\u00edn\u0171 t\u00e1sk\u00e1t v\u00e1laszt, \u00e1ltal\u00e1ban olyan st\u00edlust k\u00e9pvisel, amely egyszerre visszafogott, m\u00e9gis tudatos \u00e9s kifinomult.\n\n\nA b\u00e9zs\u2013feh\u00e9r sz\u00ednp\u00e1ros gyakran OLYAN EMBER BENYOM\u00c1S\u00c1T KELTI, aki:\n\n        szereti az egyszer\u0171, harmonikus st\u00edlust\n\n        \u00e9rt\u00e9keli a min\u0151s\u00e9get \u00e9s a tart\u00f3ss\u00e1got\n\n        nem a felt\u0171n\u00e9sre t\u00f6rekszik, hanem az id\u0151t\u00e1ll\u00f3 eleganci\u00e1ra\n\n        tudatosan v\u00e1laszt kieg\u00e9sz\u00edt\u0151ket, amelyek k\u00f6nnyen illeszkednek a ruhat\u00e1r\u00e1ba\n\nEz a sz\u00ednp\u00e1ros\u00edt\u00e1s azt sugallja, hogy visel\u0151je rendezett, kiegyens\u00falyozott \u00e9s st\u00edlusos, aki a term\u00e9szetes megjelen\u00e9st r\u00e9szes\u00edti el\u0151nyben a t\u00falzott felt\u0171n\u00e9s helyett.\n\nST\u00cdLUS\u00dcZENET: A b\u00e9zs\u2013feh\u00e9r t\u00e1ska azt \u00fczeni: a st\u00edlus nem a felt\u0171n\u00e9sr\u0151l, hanem az ar\u00e1nyokr\u00f3l, a min\u0151s\u00e9gr\u0151l \u00e9s az \u00e1tgondolt r\u00e9szletekr\u0151l sz\u00f3l.\n\n \nMI\u00c9RT V\u00c1LASZTANAK EGYRE T\u00d6BBEN T\u00d6BBFUNKCI\u00d3S T\u00c1SK\u00c1T?\n \nEgy nap alatt t\u00f6bb helyzet, egyetlen t\u00e1sk\u00e1val\n\nSokan tapasztalj\u00e1k, hogy m\u00e1s t\u00e1ska kellene munk\u00e1hoz, s\u00e9t\u00e1hoz vagy utaz\u00e1shoz. A v\u00e1llt\u00e1ska k\u00e9nyelmes lehet a v\u00e1rosban, de hosszabb s\u00e9ta sor\u00e1n m\u00e1r j\u00f3l j\u00f6nne egy h\u00e1tit\u00e1ska. A k\u00e9zit\u00e1ska pedig eleg\u00e1nsabb alkalmakn\u00e1l praktikus.\n\n A legt\u00f6bb t\u00e1ska azonban csak egyf\u00e9lek\u00e9ppen hordhat\u00f3.\n\n \nEGY T\u00c1SKA, AMI ALKALMAZKODIK:\n\nA Banyz t\u00f6bbfunkci\u00f3s t\u00e1sk\u00e1ja \u00e1talak\u00edthat\u00f3 hord\u00e1si rendszerrel k\u00e9sz\u00fclt. A p\u00e1ntok egyszer\u0171en \u00e1trendezhet\u0151k, \u00edgy a t\u00e1ska n\u00e9h\u00e1ny mozdulattal \u00e1talakul:\n\n      -  h\u00e1tit\u00e1sk\u00e1v\u00e1\n\n      -  v\u00e1llt\u00e1sk\u00e1v\u00e1\n\n      -  k\u00e9zit\u00e1sk\u00e1v\u00e1\n\n\u00cdgy mindig az adott helyzethez igaz\u00edthatod.\n\nEl\u0151ny: kevesebb kompromisszum, t\u00f6bb k\u00e9nyelem\n\n\n V\u00e1laszd azt a t\u00e1sk\u00e1t, ami l\u00e9p\u00e9st tart a napoddal!","score":0,"formatted_price":"24 000 Ft","image_url":"https:\/\/www.meska.hu\/img\/product\/small\/b\/a\/banyz_product_486156_260312095309_10945.png","formatted_url":"https:\/\/www.meska.hu\/p5758684-bezsfeher-tobbfunkcios-noi-taska-egy-taska-haromfele-hordasi-mod","favourite":false,"in_stock":false,"avatar":"486156_avatar_1710701561.jpeg","delete_from":0,"is_enhanced_background":false,"is_enhanced":false,"product_selection_started":false,"is_active":true,"image_webp_url":"https:\/\/www.meska.hu\/img\/product\/small\/b\/a\/banyz_product_486156_260312095309_10945.webp"},{"id":"6130560","shop_id":"42601","user_id":"606167","shop_name":"KincsemDesign","shop_zip":"6237","product_code":"5741953","product_name_old":null,"product_name":"Tavaszi asztald\u00edsz tulip\u00e1nokkal \u00e9s magn\u00f3li\u00e1kkal","category_string":"Otthon & \u00c9letm\u00f3d, Vir\u00e1gdekor\u00e1ci\u00f3, Vir\u00e1gd\u00edszek, Vir\u00e1gd\u00edsz kasp\u00f3ban","technic_string":"Vir\u00e1gk\u00f6t\u00e9s","category_1":"813","category_2":"1473","category_3":"1792","category_4":"1794","merged_category_1":null,"merged_category_2":null,"merged_category_3":null,"technic_1":"507","technic_2":"0","technic_3":"0","color_1":"519","color_2":"525","color_3":"529","product_description_old":null,"product_description":"Tavaszi asztald\u00edsz kiv\u00e1l\u00f3 min\u0151s\u00e9g\u0171,\u00e9leth\u0171 tulip\u00e1nokkal \u00e9s magn\u00f3li\u00e1kkal.Minden oldalr\u00f3l sz\u00e9pen mutat,asztalk\u00f6z\u00e9pre is helyezhet\u0151.\nKer\u00e1mia kasp\u00f3ba k\u00e9sz\u00fclt.\nM\u00e9rete kb.:30x39cm.\nK\u00e9rhet\u0151 hozz\u00e1 any\u00e1knapi,n\u0151napi vagy \"Sok szeretettel\"t\u00e1bl\u00e1cska is.Az aktu\u00e1lis k\u00e9szletr\u0151l \u00fczenetben \u00e9rdekl\u0151dj.\n\nTov\u00e1bbi vir\u00e1gos dekor\u00e1ci\u00f3im itt tal\u00e1lhat\u00f3k: https:\/\/www.meska.hu\/shop\/KincsemDesign?s=75704","price":"12500.00","unit":"db","recommended":"0","status":"1","sponsored":"0","exp_notify":"0","own_material":"0","own_material_description_old":null,"own_material_description":"","jury":"0","jury_number":"","product_nature":"","meskaracsony":"0","create_date":"2026-02-26 11:36:02","shelve_id":"75704","image":"kincsemdesign_product_606167_260226204014_769126.png","image_width":"480","image_height":"480","image_alt":"Tavaszi asztald\u00edsz tulip\u00e1nokkal \u00e9s magn\u00f3li\u00e1kkal, Tavaszi asztald\u00edsz kiv\u00e1l\u00f3 min\u0151s\u00e9g\u0171,\u00e9leth\u0171 tulip\u00e1nokkal \u00e9s magn\u00f3li\u00e1kkal.Minden oldalr\u00f3l sz\u00e9pen mutat,..., Meska","image_title":"Tavaszi asztald\u00edsz tulip\u00e1nokkal \u00e9s magn\u00f3li\u00e1kkal, Meska","view_count":"269","favourite_count":"23","trending_score":"0","last2MonthFavouriteCount":"25","promotion":"0","giftcard_accept":"0","creditcard_accept":true,"enhanced_background":"0","domain":"meska","specific_customer_id":null,"specific_customer_name":null,"to_order_product":"0","to_order_product_time":"0","product_different":null,"product_different_description":"","vintage":"0","vintage_category_id":"0","recycled":"0","gemstone_id":"0","customizable":"0","type_category":"physical","zerowaste":"0","postage_price":"1290.00","shop_order":"58","has_category":"1","landing_pages":null,"microdata":{"number":36,"category":""},"title":"Tavaszi asztald\u00edsz tulip\u00e1nokkal \u00e9s magn\u00f3li\u00e1kkal","description":"Tavaszi asztald\u00edsz kiv\u00e1l\u00f3 min\u0151s\u00e9g\u0171,\u00e9leth\u0171 tulip\u00e1nokkal \u00e9s magn\u00f3li\u00e1kkal.Minden oldalr\u00f3l sz\u00e9pen mutat,asztalk\u00f6z\u00e9pre is helyezhet\u0151.\nKer\u00e1mia kasp\u00f3ba k\u00e9sz\u00fclt.\nM\u00e9rete kb.:30x39cm.\nK\u00e9rhet\u0151 hozz\u00e1 any\u00e1knapi,n\u0151napi vagy \"Sok szeretettel\"t\u00e1bl\u00e1cska is.Az aktu\u00e1lis k\u00e9szletr\u0151l \u00fczenetben \u00e9rdekl\u0151dj.\n\nTov\u00e1bbi vir\u00e1gos dekor\u00e1ci\u00f3im itt tal\u00e1lhat\u00f3k: https:\/\/www.meska.hu\/shop\/KincsemDesign?s=75704","score":0,"formatted_price":"12 500 Ft","image_url":"https:\/\/www.meska.hu\/img\/product\/small\/k\/i\/kincsemdesign_product_606167_260226204014_769126.png","formatted_url":"https:\/\/www.meska.hu\/p5741953-tavaszi-asztaldisz-tulipanokkal-es-magnoliakkal","favourite":false,"in_stock":true,"avatar":"606167_avatar_1770554457.png","delete_from":0,"is_enhanced_background":false,"is_enhanced":false,"product_selection_started":false,"is_active":true,"image_webp_url":"https:\/\/www.meska.hu\/img\/product\/small\/k\/i\/kincsemdesign_product_606167_260226204014_769126.webp"},{"id":"6191762","shop_id":"13431","user_id":"39363","shop_name":"Artiroka","shop_zip":"1029","product_code":"5776093","product_name_old":null,"product_name":"Eleg\u00e1ns k\u00f6nyvtok v\u00edz\u00e1ll\u00f3 textilb\u0151l, mozaiklap mint\u00e1val ak\u00e1r gombos z\u00e1rral","category_string":"K\u00f6nyv & Zene, K\u00f6nyvtok","technic_string":"H\u00edmz\u00e9s, Varr\u00e1s","category_1":"1418","category_2":"1488","category_3":"0","category_4":"0","merged_category_1":null,"merged_category_2":null,"merged_category_3":null,"technic_1":"487","technic_2":"506","technic_3":"0","color_1":"515","color_2":"519","color_3":"520","product_description_old":null,"product_description":"Te is szeretn\u00e9d biztons\u00e1gban magaddal vinni a k\u00f6nyvedet? Akkor neked k\u00e9sz\u00fclt ez az eleg\u00e1ns, mozaiklap mint\u00e1s k\u00f6nyvtok ak\u00e1r gombos z\u00e1rral. V\u00edz\u00e1ll\u00f3 textilb\u0151l, mozaiklap mint\u00e1val, fekete pamut textil b\u00e9l\u00e9ssel, ami k\u00f6z\u00e9 m\u00e9g egy vastagabb b\u00e9l\u00e9s is ker\u00fclt, hogy biztosan megv\u00e9dje a k\u00f6nyveidet. Talpa is van, hogy ne tegye t\u00f6nkre a k\u00f6nyv sarkait. Tetej\u00e9t k\u00fcl\u00f6nleges, egyedi h\u00edmz\u00e9ssel d\u00edsz\u00edtettem. \nAj\u00e1nd\u00e9knak is szeretettel aj\u00e1nlom, mert egyedi k\u00e9zm\u0171ves term\u00e9ket \u00f6r\u00f6m adni \u00e9s kapni. \n_____________________________\nM\u00c9RETE:\n25 x 19 cm\nAls\u00f3 vastags\u00e1ga 3 cm\nEgy nagyobb k\u00f6nyv is k\u00e9nyelmesen belef\u00e9r, vagy t\u00f6bb kisebb m\u00e9ret\u0171 k\u00f6nyv is.\nA K\u00c9PEN l\u00e1that\u00f3 k\u00f6nyvek nem k\u00e9pezik az ad\u00e1s-v\u00e9tel t\u00e1rgy\u00e1t, csak a k\u00f6nytokot tudod itt megrendelni.\n_____________________________\n\u2665 Minden k\u00f6nyv meg\u00e9rdemli a szeretetet \u00e9s v\u00e9delmet! K\u00f6nyvtokjaink nemcsak v\u00e9dik kedvenc t\u00f6rt\u00e9neteidet, hanem kifejezik st\u00edlusodat is. V\u00e1lassz k\u00f6zel 200 f\u00e9le k\u00f6nyvtok k\u00f6z\u00fcl \u00e9s lepd meg vele magad \u00e9s szeretteidet. \nhttps:\/\/www.meska.hu\/shop\/Artiroka?s=66877\n____________________________\nTOV\u00c1BBI term\u00e9keim itt tal\u00e1lod: https:\/\/www.meska.hu\/shop\/Artiroka\n\nSZEM\u00c9LYES \u00c1TV\u00c9TEL: jelenleg csak Budapesten, a II. ker\u00fcletben l\u00e9v\u0151 BUDALIGETI lak\u00e1somn\u00e1l van lehet\u0151s\u00e9g. \n\nM\u0170HELY: Kis\u00e1llat \u00e9s doh\u00e1nymentes m\u0171helyben k\u00e9sz\u00fcl gondosan elk\u00e9sz\u00edtve, minden egyes darab.","price":"5000.00","unit":"db","recommended":"0","status":"1","sponsored":"0","exp_notify":"0","own_material":"0","own_material_description_old":null,"own_material_description":"","jury":"0","jury_number":"","product_nature":"","meskaracsony":"0","create_date":"2026-04-21 20:51:22","shelve_id":"66877","image":"artiroka_product_39363_260422081209_488644.jpeg","image_width":"480","image_height":"474","image_alt":"Eleg\u00e1ns k\u00f6nyvtok v\u00edz\u00e1ll\u00f3 textilb\u0151l, mozaiklap mint\u00e1val ak\u00e1r gombos z\u00e1rral, Te is szeretn\u00e9d biztons\u00e1gban magaddal vinni a k\u00f6nyvedet? Akkor neked k\u00e9sz\u00fclt ez az eleg\u00e1ns, mozaikla..., Meska","image_title":"Eleg\u00e1ns k\u00f6nyvtok v\u00edz\u00e1ll\u00f3 textilb\u0151l, mozaiklap mint\u00e1val ak\u00e1r gombos z\u00e1rral, Meska","view_count":"79","favourite_count":"23","trending_score":"0","last2MonthFavouriteCount":"23","promotion":"0","giftcard_accept":"1","creditcard_accept":true,"enhanced_background":"0","domain":"meska","specific_customer_id":null,"specific_customer_name":null,"to_order_product":"0","to_order_product_time":"0","product_different":null,"product_different_description":"","vintage":"0","vintage_category_id":"0","recycled":"0","gemstone_id":"0","customizable":"1","type_category":"physical","zerowaste":"0","postage_price":"2390.00","shop_order":"104","has_category":"1","landing_pages":null,"microdata":{"number":37,"category":""},"title":"Eleg\u00e1ns k\u00f6nyvtok v\u00edz\u00e1ll\u00f3 textilb\u0151l, mozaiklap mint\u00e1val ak\u00e1r gombos z\u00e1rral","description":"Te is szeretn\u00e9d biztons\u00e1gban magaddal vinni a k\u00f6nyvedet? Akkor neked k\u00e9sz\u00fclt ez az eleg\u00e1ns, mozaiklap mint\u00e1s k\u00f6nyvtok ak\u00e1r gombos z\u00e1rral. V\u00edz\u00e1ll\u00f3 textilb\u0151l, mozaiklap mint\u00e1val, fekete pamut textil b\u00e9l\u00e9ssel, ami k\u00f6z\u00e9 m\u00e9g egy vastagabb b\u00e9l\u00e9s is ker\u00fclt, hogy biztosan megv\u00e9dje a k\u00f6nyveidet. Talpa is van, hogy ne tegye t\u00f6nkre a k\u00f6nyv sarkait. Tetej\u00e9t k\u00fcl\u00f6nleges, egyedi h\u00edmz\u00e9ssel d\u00edsz\u00edtettem. \nAj\u00e1nd\u00e9knak is szeretettel aj\u00e1nlom, mert egyedi k\u00e9zm\u0171ves term\u00e9ket \u00f6r\u00f6m adni \u00e9s kapni. \n_____________________________\nM\u00c9RETE:\n25 x 19 cm\nAls\u00f3 vastags\u00e1ga 3 cm\nEgy nagyobb k\u00f6nyv is k\u00e9nyelmesen belef\u00e9r, vagy t\u00f6bb kisebb m\u00e9ret\u0171 k\u00f6nyv is.\nA K\u00c9PEN l\u00e1that\u00f3 k\u00f6nyvek nem k\u00e9pezik az ad\u00e1s-v\u00e9tel t\u00e1rgy\u00e1t, csak a k\u00f6nytokot tudod itt megrendelni.\n_____________________________\n\u2665 Minden k\u00f6nyv meg\u00e9rdemli a szeretetet \u00e9s v\u00e9delmet! K\u00f6nyvtokjaink nemcsak v\u00e9dik kedvenc t\u00f6rt\u00e9neteidet, hanem kifejezik st\u00edlusodat is. V\u00e1lassz k\u00f6zel 200 f\u00e9le k\u00f6nyvtok k\u00f6z\u00fcl \u00e9s lepd meg vele magad \u00e9s szeretteidet. \nhttps:\/\/www.meska.hu\/shop\/Artiroka?s=66877\n____________________________\nTOV\u00c1BBI term\u00e9keim itt tal\u00e1lod: https:\/\/www.meska.hu\/shop\/Artiroka\n\nSZEM\u00c9LYES \u00c1TV\u00c9TEL: jelenleg csak Budapesten, a II. ker\u00fcletben l\u00e9v\u0151 BUDALIGETI lak\u00e1somn\u00e1l van lehet\u0151s\u00e9g. \n\nM\u0170HELY: Kis\u00e1llat \u00e9s doh\u00e1nymentes m\u0171helyben k\u00e9sz\u00fcl gondosan elk\u00e9sz\u00edtve, minden egyes darab.","score":0,"formatted_price":"5 000 Ft","image_url":"https:\/\/www.meska.hu\/img\/product\/small\/a\/r\/artiroka_product_39363_260422081209_488644.jpeg","formatted_url":"https:\/\/www.meska.hu\/p5776093-elegans-konyvtok-vizallo-textilbol-mozaiklap-mintaval-akar-gombos-zarral","favourite":false,"in_stock":true,"avatar":"39363_avatar_1770298004.png","delete_from":0,"is_enhanced_background":false,"is_enhanced":false,"product_selection_started":false,"is_active":true,"image_webp_url":"https:\/\/www.meska.hu\/img\/product\/small\/a\/r\/artiroka_product_39363_260422081209_488644.webp"},{"id":"6094228","shop_id":"990","user_id":"3169","shop_name":"Kreagora","shop_zip":"2049","product_code":"5720047","product_name_old":null,"product_name":"Fekete op\u00e1l ez\u00fcst f\u00fclbeval\u00f3 \u00e9s med\u00e1l szett","category_string":"\u00c9kszer, Nyakl\u00e1nc, Med\u00e1los nyakl\u00e1nc","technic_string":"\u00c9kszerk\u00e9sz\u00edt\u00e9s, \u00d6tv\u00f6s","category_1":"327","category_2":"337","category_3":"1260","category_4":"0","merged_category_1":null,"merged_category_2":null,"merged_category_3":null,"technic_1":"477","technic_2":"496","technic_3":"0","color_1":"518","color_2":"525","color_3":"529","product_description_old":null,"product_description":"Fedezd fel az \u00e9jszakai \u00e9gbolt titkait ezzel a leny\u0171g\u00f6z\u0151 k\u00e9zm\u0171ves ez\u00fcst \u00e9kszerszettel. A k\u00e9zzel kalap\u00e1lt sterling ez\u00fcst rusztikus text\u00far\u00e1ja t\u00f6k\u00e9letes kontrasztot alkot a k\u00f6zponti, titokzatos fekete op\u00e1l \u00e1sv\u00e1nyok sz\u00ednj\u00e1t\u00e9k\u00e1val. Ez a szett nem csup\u00e1n kieg\u00e9sz\u00edt\u0151, hanem egy st\u00edlusos \u00f6nkifejez\u00e9s a minimalista \u00e9s eleg\u00e1ns n\u0151k sz\u00e1m\u00e1ra.\n\nA szett tartalma:\n\nMed\u00e1l vagy nyakl\u00e1nc: Egy finom kalap\u00e1lt med\u00e1l, melyben egy ragyog\u00f3 fekete op\u00e1l k\u0151 t\u00fcnd\u00f6k\u00f6l.\n\nF\u00fclbeval\u00f3: Akaszt\u00f3s kivitel\u0171 f\u00fclbeval\u00f3 p\u00e1r, melyek t\u00f6k\u00e9letes harm\u00f3ni\u00e1ban vannak a med\u00e1llal.\n\nSterling ez\u00fcstb\u0151l k\u00e9sz\u00fclt\n\nKalap\u00e1lt, textur\u00e1lt fel\u00fclet\n\nK\u00f6z\u00e9pen fekete op\u00e1l (r\u00f3zsasz\u00ednen iriz\u00e1l\u00f3 sz\u00ednnel)\n\nK\u00e9zzel k\u00e9sz\u00fclt, egyedi darabok\n\nF\u00fclbeval\u00f3: akaszt\u00f3s kialak\u00edt\u00e1s\n\nNyakl\u00e1nc: finom ez\u00fcst l\u00e1nc\n\nM\u00e9ret: med\u00e1l: korong \u00e1tm\u00e9r\u0151je kb. 20 mm\n\nF\u00fclbeval\u00f3: 3,2 cm (teljes hossz)\n\nAzonnal sz\u00e1ll\u00edthat\u00f3\n\nD\u00edszdobozban \u00e9rkezik \u2013 aj\u00e1nd\u00e9knak is t\u00f6k\u00e9letes\n\nMinden darab k\u00e9zi munka, \u00edgy biztosan nem j\u00f6n szembe veled az utc\u00e1n\n\nA k\u00e9pen nagyobbnak t\u0171nhetnek az \u00e9kszerek a val\u00f3s\u00e1gosn\u00e1l, mivel nagyon k\u00f6zelr\u0151l fot\u00f3zom \u0151ket a r\u00e9szletek miatt. K\u00e9rlek a le\u00edrt m\u00e9reteket vedd figyelembe. ","price":"48500.00","unit":"p\u00e1r","recommended":"0","status":"1","sponsored":"0","exp_notify":"0","own_material":"0","own_material_description_old":null,"own_material_description":"","jury":"0","jury_number":"","product_nature":"","meskaracsony":"0","create_date":"2026-03-31 10:23:09","shelve_id":"2103","image":"kreagora_product_3169_260424123230_015690.jpeg","image_width":"480","image_height":"359","image_alt":"Fekete op\u00e1l ez\u00fcst f\u00fclbeval\u00f3 \u00e9s med\u00e1l szett, Fedezd fel az \u00e9jszakai \u00e9gbolt titkait ezzel a leny\u0171g\u00f6z\u0151 k\u00e9zm\u0171ves ez\u00fcst \u00e9kszerszettel. A k\u00e9zzel kalap..., Meska","image_title":"Fekete op\u00e1l ez\u00fcst f\u00fclbeval\u00f3 \u00e9s med\u00e1l szett, Meska","view_count":"319","favourite_count":"23","trending_score":"0","last2MonthFavouriteCount":"23","promotion":"0","giftcard_accept":"1","creditcard_accept":true,"enhanced_background":"0","domain":"meska","specific_customer_id":null,"specific_customer_name":null,"to_order_product":"0","to_order_product_time":"0","product_different":null,"product_different_description":"","vintage":"0","vintage_category_id":"0","recycled":"0","gemstone_id":"0","customizable":"0","type_category":"physical","zerowaste":"0","postage_price":"1490.00","shop_order":"0","has_category":"1","landing_pages":null,"microdata":{"number":38,"category":""},"title":"Fekete op\u00e1l ez\u00fcst f\u00fclbeval\u00f3 \u00e9s med\u00e1l szett","description":"Fedezd fel az \u00e9jszakai \u00e9gbolt titkait ezzel a leny\u0171g\u00f6z\u0151 k\u00e9zm\u0171ves ez\u00fcst \u00e9kszerszettel. A k\u00e9zzel kalap\u00e1lt sterling ez\u00fcst rusztikus text\u00far\u00e1ja t\u00f6k\u00e9letes kontrasztot alkot a k\u00f6zponti, titokzatos fekete op\u00e1l \u00e1sv\u00e1nyok sz\u00ednj\u00e1t\u00e9k\u00e1val. Ez a szett nem csup\u00e1n kieg\u00e9sz\u00edt\u0151, hanem egy st\u00edlusos \u00f6nkifejez\u00e9s a minimalista \u00e9s eleg\u00e1ns n\u0151k sz\u00e1m\u00e1ra.\n\nA szett tartalma:\n\nMed\u00e1l vagy nyakl\u00e1nc: Egy finom kalap\u00e1lt med\u00e1l, melyben egy ragyog\u00f3 fekete op\u00e1l k\u0151 t\u00fcnd\u00f6k\u00f6l.\n\nF\u00fclbeval\u00f3: Akaszt\u00f3s kivitel\u0171 f\u00fclbeval\u00f3 p\u00e1r, melyek t\u00f6k\u00e9letes harm\u00f3ni\u00e1ban vannak a med\u00e1llal.\n\nSterling ez\u00fcstb\u0151l k\u00e9sz\u00fclt\n\nKalap\u00e1lt, textur\u00e1lt fel\u00fclet\n\nK\u00f6z\u00e9pen fekete op\u00e1l (r\u00f3zsasz\u00ednen iriz\u00e1l\u00f3 sz\u00ednnel)\n\nK\u00e9zzel k\u00e9sz\u00fclt, egyedi darabok\n\nF\u00fclbeval\u00f3: akaszt\u00f3s kialak\u00edt\u00e1s\n\nNyakl\u00e1nc: finom ez\u00fcst l\u00e1nc\n\nM\u00e9ret: med\u00e1l: korong \u00e1tm\u00e9r\u0151je kb. 20 mm\n\nF\u00fclbeval\u00f3: 3,2 cm (teljes hossz)\n\nAzonnal sz\u00e1ll\u00edthat\u00f3\n\nD\u00edszdobozban \u00e9rkezik \u2013 aj\u00e1nd\u00e9knak is t\u00f6k\u00e9letes\n\nMinden darab k\u00e9zi munka, \u00edgy biztosan nem j\u00f6n szembe veled az utc\u00e1n\n\nA k\u00e9pen nagyobbnak t\u0171nhetnek az \u00e9kszerek a val\u00f3s\u00e1gosn\u00e1l, mivel nagyon k\u00f6zelr\u0151l fot\u00f3zom \u0151ket a r\u00e9szletek miatt. K\u00e9rlek a le\u00edrt m\u00e9reteket vedd figyelembe. ","score":0,"formatted_price":"48 500 Ft","image_url":"https:\/\/www.meska.hu\/img\/product\/small\/k\/r\/kreagora_product_3169_260424123230_015690.jpeg","formatted_url":"https:\/\/www.meska.hu\/p5720047-fekete-opal-ezust-fulbevalo","favourite":false,"in_stock":true,"avatar":"Sempervivum_avatar_3169.jpg","delete_from":0,"is_enhanced_background":false,"is_enhanced":false,"product_selection_started":false,"is_active":true,"image_webp_url":"https:\/\/www.meska.hu\/img\/product\/small\/k\/r\/kreagora_product_3169_260424123230_015690.webp"},{"id":"6177938","shop_id":"43934","user_id":"631552","shop_name":"Zuzmocity","shop_zip":"1164","product_code":"5769585","product_name_old":null,"product_name":"K\u00f6r mohak\u00e9p FOREST-5 45 cm - Zuzm\u00f3city","category_string":"Otthon & \u00c9letm\u00f3d, Dekor\u00e1ci\u00f3, Fali \u00e9s f\u00fcgg\u0151 dekor\u00e1ci\u00f3, Zuzm\u00f3k\u00e9p, Mohak\u00e9p","technic_string":"Mindenm\u00e1s","category_1":"813","category_2":"314","category_3":"1470","category_4":"1584","merged_category_1":null,"merged_category_2":null,"merged_category_3":null,"technic_1":"493","technic_2":"0","technic_3":"0","color_1":"529","color_2":"0","color_3":"0","product_description_old":null,"product_description":"Csodasz\u00e9p, egyedi k\u00f6r alak\u00fa mohak\u00e9p - Egy darabka erd\u0151 az otthonodban, melyre olyan j\u00f3 r\u00e1n\u00e9zni!  \n\nVal\u00f3di, tart\u00f3s\u00edtott g\u00f6mbmoha, laposmoha, sepr\u0171moha, t\u00f6bbf\u00e9le izlandi zuzm\u00f3 \u00e9s val\u00f3di gy\u00f6k\u00e9r felhaszn\u00e1l\u00e1s\u00e1val, fekete fa keretben. \n\nGy\u00f6ny\u00f6r\u0171 3D mohak\u00e9p, melyet mohafestm\u00e9nynek is neveznek. A felhaszn\u00e1lt tart\u00f3s\u00edtott laposmoha \u00e9s tart\u00f3s\u00edtott g\u00f6mbmoha rendk\u00edv\u00fcl l\u00e1tv\u00e1nyos kontrasztot ad mind m\u00e9lys\u00e9gben\/t\u00e9rhat\u00e1sban, mind sz\u00ednben a puha, bongyor izlandi zuzm\u00f3val \u00e9s a kacskaring\u00f3s gy\u00f6k\u00e9r barn\u00e1j\u00e1val  \n\nM\u00e9rete: 45 cm \u00e1tm\u00e9r\u0151 4 cm m\u00e9ly keret\n\n(T\u00f6bb hasonl\u00f3 mohak\u00e9p egym\u00e1s mell\u00e9 helyez\u00e9s\u00e9vel m\u00e9g l\u00e1tv\u00e1nyosabb hat\u00e1st \u00e9rhetsz el. Ha szeretn\u00e9l t\u00f6bbet rendelni vagy ak\u00e1r m\u00e1s m\u00e9retben, m\u00e1s sz\u00ednben, m\u00e1s sz\u00edn\u0171 kerettel, keress minket el\u00e9rhet\u0151s\u00e9geinken!)\n\nMik a tart\u00f3s\u00edtott mohadekor\u00e1ci\u00f3 (mohak\u00e9p, zuzm\u00f3k\u00e9p)el\u0151nyei?\n\n\u2022 Rendk\u00edv\u00fcl dekorat\u00edv\n\u2022 Tart\u00f3s (10-15 \u00e9v)\n\u2022 100% term\u00e9szetes, nem m\u0171anyag!\n\u2022 Gondoz\u00e1smentes\n\u2022 Nem ig\u00e9nyel f\u00e9nyt\n\u2022 K\u00f6rnyezetbar\u00e1t\n\u2022 Nem vonzza a rovarokat\n\u2022 Nem vonzza a port\n\nEgy ilyen mohak\u00e9p rendk\u00edv\u00fcl l\u00e1tv\u00e1nyos mohadekor\u00e1ci\u00f3 ak\u00e1r otthonra, ak\u00e1r irod\u00e1ba, ak\u00e1r aj\u00e1nd\u00e9kba.","price":"49900.00","unit":"db","recommended":"0","status":"1","sponsored":"0","exp_notify":"0","own_material":"0","own_material_description_old":null,"own_material_description":"","jury":"0","jury_number":"","product_nature":"","meskaracsony":"0","create_date":"2026-04-08 17:33:03","shelve_id":"0","image":"zuzmocity_product_631552_260408172856_073235.jpeg","image_width":"480","image_height":"480","image_alt":"K\u00f6r mohak\u00e9p FOREST-5 45 cm - Zuzm\u00f3city, Csodasz\u00e9p, egyedi k\u00f6r alak\u00fa mohak\u00e9p - Egy darabka erd\u0151 az otthonodban, melyre olyan j\u00f3 r\u00e1n\u00e9zni!  \\n\\nV..., Meska","image_title":"K\u00f6r mohak\u00e9p FOREST-5 45 cm - Zuzm\u00f3city, Meska","view_count":"135","favourite_count":"23","trending_score":"0","last2MonthFavouriteCount":"23","promotion":"0","giftcard_accept":"0","creditcard_accept":false,"enhanced_background":"0","domain":"meska","specific_customer_id":null,"specific_customer_name":null,"to_order_product":"0","to_order_product_time":"0","product_different":null,"product_different_description":"","vintage":"0","vintage_category_id":"0","recycled":"0","gemstone_id":"0","customizable":"0","type_category":"physical","zerowaste":"0","postage_price":"2390.00","shop_order":"0","has_category":"1","landing_pages":null,"microdata":{"number":39,"category":""},"title":"K\u00f6r mohak\u00e9p FOREST-5 45 cm - Zuzm\u00f3city","description":"Csodasz\u00e9p, egyedi k\u00f6r alak\u00fa mohak\u00e9p - Egy darabka erd\u0151 az otthonodban, melyre olyan j\u00f3 r\u00e1n\u00e9zni!  \n\nVal\u00f3di, tart\u00f3s\u00edtott g\u00f6mbmoha, laposmoha, sepr\u0171moha, t\u00f6bbf\u00e9le izlandi zuzm\u00f3 \u00e9s val\u00f3di gy\u00f6k\u00e9r felhaszn\u00e1l\u00e1s\u00e1val, fekete fa keretben. \n\nGy\u00f6ny\u00f6r\u0171 3D mohak\u00e9p, melyet mohafestm\u00e9nynek is neveznek. A felhaszn\u00e1lt tart\u00f3s\u00edtott laposmoha \u00e9s tart\u00f3s\u00edtott g\u00f6mbmoha rendk\u00edv\u00fcl l\u00e1tv\u00e1nyos kontrasztot ad mind m\u00e9lys\u00e9gben\/t\u00e9rhat\u00e1sban, mind sz\u00ednben a puha, bongyor izlandi zuzm\u00f3val \u00e9s a kacskaring\u00f3s gy\u00f6k\u00e9r barn\u00e1j\u00e1val  \n\nM\u00e9rete: 45 cm \u00e1tm\u00e9r\u0151 4 cm m\u00e9ly keret\n\n(T\u00f6bb hasonl\u00f3 mohak\u00e9p egym\u00e1s mell\u00e9 helyez\u00e9s\u00e9vel m\u00e9g l\u00e1tv\u00e1nyosabb hat\u00e1st \u00e9rhetsz el. Ha szeretn\u00e9l t\u00f6bbet rendelni vagy ak\u00e1r m\u00e1s m\u00e9retben, m\u00e1s sz\u00ednben, m\u00e1s sz\u00edn\u0171 kerettel, keress minket el\u00e9rhet\u0151s\u00e9geinken!)\n\nMik a tart\u00f3s\u00edtott mohadekor\u00e1ci\u00f3 (mohak\u00e9p, zuzm\u00f3k\u00e9p)el\u0151nyei?\n\n\u2022 Rendk\u00edv\u00fcl dekorat\u00edv\n\u2022 Tart\u00f3s (10-15 \u00e9v)\n\u2022 100% term\u00e9szetes, nem m\u0171anyag!\n\u2022 Gondoz\u00e1smentes\n\u2022 Nem ig\u00e9nyel f\u00e9nyt\n\u2022 K\u00f6rnyezetbar\u00e1t\n\u2022 Nem vonzza a rovarokat\n\u2022 Nem vonzza a port\n\nEgy ilyen mohak\u00e9p rendk\u00edv\u00fcl l\u00e1tv\u00e1nyos mohadekor\u00e1ci\u00f3 ak\u00e1r otthonra, ak\u00e1r irod\u00e1ba, ak\u00e1r aj\u00e1nd\u00e9kba.","score":0,"formatted_price":"49 900 Ft","image_url":"https:\/\/www.meska.hu\/img\/product\/small\/z\/u\/zuzmocity_product_631552_260408172856_073235.jpeg","formatted_url":"https:\/\/www.meska.hu\/p5769585-kor-mohakep-forest-5-45-cm-zuzmocity","favourite":false,"in_stock":true,"avatar":"631552_avatar_1705325562.jpeg","delete_from":0,"is_enhanced_background":false,"is_enhanced":false,"product_selection_started":false,"is_active":true,"image_webp_url":"https:\/\/www.meska.hu\/img\/product\/small\/z\/u\/zuzmocity_product_631552_260408172856_073235.webp"},{"id":"4880750","shop_id":"37491","user_id":"499569","shop_name":"DEVAdekor","shop_zip":"1158","product_code":"5005017","product_name_old":null,"product_name":"makram\u00e9 v\u00e1ll\/k\u00e9zit\u00e1ska","category_string":"T\u00e1ska & Tok, K\u00e9zit\u00e1ska & v\u00e1llt\u00e1ska, V\u00e1llt\u00e1ska","technic_string":"Csom\u00f3z\u00e1s","category_1":"464","category_2":"471","category_3":"1033","category_4":"0","merged_category_1":null,"merged_category_2":null,"merged_category_3":null,"technic_1":"475","technic_2":"0","technic_3":"0","color_1":"514","color_2":"515","color_3":"0","product_description_old":null,"product_description":"\u00dajrahasznos\u00edtott, 5 mm-es  zsin\u00f3rfonalb\u00f3l, makram\u00e9 technik\u00e1val k\u00e9sz\u00fclt t\u00e1ska.\n\nsz\u00e9less\u00e9ge: 30 cm, magass\u00e1ga: 30 cm, p\u00e1nt hossza: 45 cm, (v\u00e1llt\u00e1skak\u00e9nt \u00e9s k\u00e9zit\u00e1skak\u00e9nt is haszn\u00e1lhat\u00f3 :)). \n30 fokon k\u00e9zben moshat\u00f3.\n","price":"12990.00","unit":"db","recommended":"0","status":"1","sponsored":"0","exp_notify":"0","own_material":"0","own_material_description_old":null,"own_material_description":"","jury":"0","jury_number":"","product_nature":"","meskaracsony":"0","create_date":"2026-02-20 09:37:22","shelve_id":"0","image":"devadekor_product_499569_230625082436_40658.jpeg","image_width":"480","image_height":"640","image_alt":"makram\u00e9 v\u00e1ll\/k\u00e9zit\u00e1ska, \u00dajrahasznos\u00edtott, 5 mm-es  zsin\u00f3rfonalb\u00f3l, makram\u00e9 technik\u00e1val k\u00e9sz\u00fclt t\u00e1ska.\\n\\nsz\u00e9less\u00e9ge: 30 cm, ma..., Meska","image_title":"makram\u00e9 v\u00e1ll\/k\u00e9zit\u00e1ska, Meska","view_count":"1594","favourite_count":"23","trending_score":"0","last2MonthFavouriteCount":"23","promotion":"0","giftcard_accept":"0","creditcard_accept":false,"enhanced_background":"0","domain":"meska","specific_customer_id":null,"specific_customer_name":null,"to_order_product":"0","to_order_product_time":"0","product_different":null,"product_different_description":"","vintage":"0","vintage_category_id":"0","recycled":"1","gemstone_id":"0","customizable":"0","type_category":"physical","zerowaste":"0","postage_price":"2390.00","shop_order":"0","has_category":"1","landing_pages":null,"microdata":{"number":40,"category":""},"title":"makram\u00e9 v\u00e1ll\/k\u00e9zit\u00e1ska","description":"\u00dajrahasznos\u00edtott, 5 mm-es  zsin\u00f3rfonalb\u00f3l, makram\u00e9 technik\u00e1val k\u00e9sz\u00fclt t\u00e1ska.\n\nsz\u00e9less\u00e9ge: 30 cm, magass\u00e1ga: 30 cm, p\u00e1nt hossza: 45 cm, (v\u00e1llt\u00e1skak\u00e9nt \u00e9s k\u00e9zit\u00e1skak\u00e9nt is haszn\u00e1lhat\u00f3 :)). \n30 fokon k\u00e9zben moshat\u00f3.\n","score":0,"formatted_price":"12 990 Ft","image_url":"https:\/\/www.meska.hu\/img\/product\/small\/d\/e\/devadekor_product_499569_230625082436_40658.jpeg","formatted_url":"https:\/\/www.meska.hu\/p5005017-makrame-vall-kezitaska","favourite":false,"in_stock":true,"avatar":"DEVAdekor_avatar_499569_1652599812.jpg","delete_from":0,"is_enhanced_background":false,"is_enhanced":false,"product_selection_started":false,"is_active":true,"image_webp_url":"https:\/\/www.meska.hu\/img\/product\/small\/d\/e\/devadekor_product_499569_230625082436_40658.webp"},{"id":"5775379","shop_id":"36729","user_id":"486156","shop_name":"Banyz","shop_zip":"2094","product_code":"5545048","product_name_old":null,"product_name":"Barna, vir\u00e1gos t\u00f6bbfunkci\u00f3s t\u00e1ska, h\u00e1tit\u00e1ska, v\u00e1llt\u00e1ska \u00e9s k\u00e9zit\u00e1ska","category_string":"T\u00e1ska & Tok, H\u00e1tizs\u00e1k, H\u00e1tizs\u00e1k","technic_string":"B\u0151rm\u0171vess\u00e9g, Varr\u00e1s","category_1":"464","category_2":"465","category_3":"1026","category_4":"0","merged_category_1":null,"merged_category_2":null,"merged_category_3":null,"technic_1":"473","technic_2":"506","technic_3":"0","color_1":"514","color_2":"532","color_3":"0","product_description_old":null,"product_description":"Nagy m\u00e9ret\u0171, v\u00edz\u00e1ll\u00f3  h\u00e1tit\u00e1ska. Belsej\u00e9ben 1 rekesz, 1 cipz\u00e1ras zseb, 2 felvarrt zseb, k\u00edv\u00fcl a h\u00e1tr\u00e9szen 1 cipz\u00e1ras zseb tal\u00e1lhat\u00f3. B\u0151rd\u00edszm\u0171ves \u00e1ltal k\u00e9sz\u00edtett, merev\u00edtett v\u00edz\u00e1ll\u00f3 term\u00e9k.\n\nAnyag: m\u0171b\u0151r\n\nB\u00e9l\u00e9s anyaga: textil\n\nZ\u00e1r\u00f3d\u00e1s: cipz\u00e1rral, karab\u00ednerrel\n\nSz\u00edn: barna\n\nM\u00e9ret: magass\u00e1g: 40 cm, sz\u00e9less\u00e9g: 32 cm, m\u00e9lys\u00e9g: 12,5cm\n\nBelsej\u00e9ben egy rekesz\n\nBels\u0151 zsebek: 1 cipz\u00e1ras zseb, 2 felvarrt zseb\n\nK\u00fcls\u0151 zsebek: 1 cipz\u00e1ras zseb\n\nF\u00e9mkell\u00e9k: nikkel\n","price":"24000.00","unit":"db","recommended":"0","status":"1","sponsored":"0","exp_notify":"0","own_material":"0","own_material_description_old":null,"own_material_description":"","jury":"0","jury_number":"","product_nature":"","meskaracsony":"0","create_date":"2026-04-21 13:20:01","shelve_id":"68449","image":"banyz_product_486156_250426095108_860252.jpeg","image_width":"480","image_height":"480","image_alt":"Barna, vir\u00e1gos t\u00f6bbfunkci\u00f3s t\u00e1ska, h\u00e1tit\u00e1ska, v\u00e1llt\u00e1ska \u00e9s k\u00e9zit\u00e1ska, Nagy m\u00e9ret\u0171, v\u00edz\u00e1ll\u00f3  h\u00e1tit\u00e1ska. Belsej\u00e9ben 1 rekesz, 1 cipz\u00e1ras zseb, 2 felvarrt zseb, k\u00edv\u00fcl a h\u00e1tr..., Meska","image_title":"Barna, vir\u00e1gos t\u00f6bbfunkci\u00f3s t\u00e1ska, h\u00e1tit\u00e1ska, v\u00e1llt\u00e1ska \u00e9s k\u00e9zit\u00e1ska, Meska","view_count":"1096","favourite_count":"23","trending_score":"0","last2MonthFavouriteCount":"23","promotion":"0","giftcard_accept":"0","creditcard_accept":true,"enhanced_background":"0","domain":"meska","specific_customer_id":null,"specific_customer_name":null,"to_order_product":"0","to_order_product_time":"0","product_different":null,"product_different_description":"","vintage":"0","vintage_category_id":"0","recycled":"0","gemstone_id":"0","customizable":"0","type_category":"physical","zerowaste":"0","postage_price":"2390.00","shop_order":"2","has_category":"1","landing_pages":null,"microdata":{"number":41,"category":""},"title":"Barna, vir\u00e1gos t\u00f6bbfunkci\u00f3s t\u00e1ska, h\u00e1tit\u00e1ska, v\u00e1llt\u00e1ska \u00e9s k\u00e9zit\u00e1ska","description":"Nagy m\u00e9ret\u0171, v\u00edz\u00e1ll\u00f3  h\u00e1tit\u00e1ska. Belsej\u00e9ben 1 rekesz, 1 cipz\u00e1ras zseb, 2 felvarrt zseb, k\u00edv\u00fcl a h\u00e1tr\u00e9szen 1 cipz\u00e1ras zseb tal\u00e1lhat\u00f3. B\u0151rd\u00edszm\u0171ves \u00e1ltal k\u00e9sz\u00edtett, merev\u00edtett v\u00edz\u00e1ll\u00f3 term\u00e9k.\n\nAnyag: m\u0171b\u0151r\n\nB\u00e9l\u00e9s anyaga: textil\n\nZ\u00e1r\u00f3d\u00e1s: cipz\u00e1rral, karab\u00ednerrel\n\nSz\u00edn: barna\n\nM\u00e9ret: magass\u00e1g: 40 cm, sz\u00e9less\u00e9g: 32 cm, m\u00e9lys\u00e9g: 12,5cm\n\nBelsej\u00e9ben egy rekesz\n\nBels\u0151 zsebek: 1 cipz\u00e1ras zseb, 2 felvarrt zseb\n\nK\u00fcls\u0151 zsebek: 1 cipz\u00e1ras zseb\n\nF\u00e9mkell\u00e9k: nikkel\n","score":0,"formatted_price":"24 000 Ft","image_url":"https:\/\/www.meska.hu\/img\/product\/small\/b\/a\/banyz_product_486156_250426095108_860252.jpeg","formatted_url":"https:\/\/www.meska.hu\/p5545048-barna-viragos-tobbfunkcios-taska-hatitaska-valltaska-es-kezitaska","favourite":false,"in_stock":true,"avatar":"486156_avatar_1710701561.jpeg","delete_from":0,"is_enhanced_background":false,"is_enhanced":false,"product_selection_started":false,"is_active":true,"image_webp_url":"https:\/\/www.meska.hu\/img\/product\/small\/b\/a\/banyz_product_486156_250426095108_860252.webp"},{"id":"5702249","shop_id":"43934","user_id":"631552","shop_name":"Zuzmocity","shop_zip":"1164","product_code":"5502343","product_name_old":null,"product_name":"Sz\u00edv alak\u00fa \u00e9letfa izlandi zuzm\u00f3val 30 \/ 50 cm","category_string":"Otthon & \u00c9letm\u00f3d, Dekor\u00e1ci\u00f3, Fali \u00e9s f\u00fcgg\u0151 dekor\u00e1ci\u00f3, Zuzm\u00f3k\u00e9p, Mohak\u00e9p","technic_string":"","category_1":"813","category_2":"314","category_3":"1470","category_4":"1584","merged_category_1":null,"merged_category_2":null,"merged_category_3":null,"technic_1":"0","technic_2":"0","technic_3":"0","color_1":"529","color_2":"0","color_3":"0","product_description_old":null,"product_description":"K\u00fcl\u00f6nleges aj\u00e1nd\u00e9k Valentin napra vagy b\u00e1rmilyen alkalomra, ami nem hervad el, m\u00e9gsem m\u0171!\nTart\u00f3s\u00edtott, gondoz\u00e1smentes pr\u00e9mium izlandi zuzm\u00f3b\u00f3l k\u00e9sz\u00fclt \u00e9letfa, mely sz\u00edv alakot form\u00e1z. Term\u00e9szetes anyag, nem m\u0171! Gy\u00f6ny\u00f6r\u0171, ig\u00e9nyes 3D fali dekor\u00e1ci\u00f3, mely beviszi a term\u00e9szetet az otthonodba, nyugalmat, harm\u00f3ni\u00e1t sug\u00e1roz.\n\nM\u00e9rete: 30 cm \u00e1tm\u00e9r\u0151. M\u00e1s m\u00e9retben \u00e9s sz\u00ednben is rendelhet\u0151, v\u00e1laszd ki fent! \nHa nagyobbat szeretn\u00e9l, az is megoldhat\u00f3, \u00edrj \u00fczenetet!\n\nAz \u00e9letfa az egyik legn\u00e9pszer\u0171bb term\u00e9k\u00fcnk, \u0151si szimb\u00f3lum, amely sz\u00e1mos kult\u00far\u00e1ban \u00e9s vall\u00e1sban megtal\u00e1lhat\u00f3. Az \u00f6sszekapcsol\u00f3d\u00e1st \u00e9s az \u00e9let k\u00f6rforg\u00e1s\u00e1t jelk\u00e9pezi. Szimbolikusan az \u00c9letf\u00e1t gyakran az \u00e9let forr\u00e1s\u00e1nak \u00e9s a visszat\u00e9r\u00e9s hely\u00e9nek tekintik. Gy\u00f6kerei m\u00e9lyen a f\u00f6ldbe hatolnak, \u00e9s az alatta t\u00e1rolt t\u00e1pl\u00e1l\u00e9kot \u00e9s b\u00f6lcsess\u00e9get mer\u00edtik, m\u00edg \u00e1gai az \u00e9g fel\u00e9 ny\u00falnak, a f\u00e9ny \u00e9s a tud\u00e1s fel\u00e9 t\u00f6rekedve. A szil\u00e1rdan \u00e1ll\u00f3 t\u00f6rzs a rugalmass\u00e1got \u00e9s az er\u0151t szimboliz\u00e1lja, \u00e9s t\u00e1mogatja, v\u00e9di, eteti a t\u0151le f\u00fcgg\u0151 sok-sok \u00e9letform\u00e1t. \n\nA sz\u00edv alak a szeretetet, szerelmet, \u00f6sszetartoz\u00e1st fejezi ki, \u00edgy ak\u00e1r aj\u00e1nd\u00e9knak is nagyszer\u0171.\n\nA stabiliz\u00e1lt r\u00e9nszarvaszuzm\u00f3val k\u00e9sz\u00fcl\u0151 \u00e9letfa nemcsak \u00fcde z\u00f6ld sz\u00edn\u0171, hanem tapint\u00e1sra is puha, finom \u00e9rzetet ad, hiszen val\u00f3di zuzm\u00f3val k\u00e9sz\u00fclt, \u00e1m m\u00e9gis gondoz\u00e1smentes!\nMi\u00e9rt j\u00f3 az izlandi zuzm\u00f3b\u00f3l k\u00e9sz\u00fclt (\u00e9letfa) dekor\u00e1ci\u00f3?\n\n\u2022 Rendk\u00edv\u00fcl dekorat\u00edv \u00e9s puha\n\u2022 Tart\u00f3s (10-15 \u00e9v)\n\u2022 100% term\u00e9szetes, nem m\u0171anyag\n\u2022 Gondoz\u00e1smentes\n\u2022 Nem ig\u00e9nyel f\u00e9nyt\n\u2022 K\u00f6rnyezetbar\u00e1t\n\u2022 Nem vonzza a rovarokat\n\u2022 Nem vonzza a port\n\u2022 Antiallerg\u00e9n\n\nZuzm\u00f3 \u00e9letfa elhelyez\u00e9se: belt\u00e9ren, tart\u00f3s t\u0171z\u0151 napt\u00f3l v\u00e9dett helyen.\nA l\u00e1tv\u00e1nyk\u00e9pek nagyobb m\u00e9ret\u0171 illuszr\u00e1ci\u00f3k.","price":"16700.00","unit":"db","recommended":"0","status":"1","sponsored":"0","exp_notify":"0","own_material":"0","own_material_description_old":null,"own_material_description":"","jury":"0","jury_number":"","product_nature":"","meskaracsony":"0","create_date":"2026-04-26 18:44:10","shelve_id":"0","image":"zuzmocity_product_631552_250221145518_022797.jpeg","image_width":"480","image_height":"482","image_alt":"Sz\u00edv alak\u00fa \u00e9letfa izlandi zuzm\u00f3val 30 \/ 50 cm, K\u00fcl\u00f6nleges aj\u00e1nd\u00e9k Valentin napra vagy b\u00e1rmilyen alkalomra, ami nem hervad el, m\u00e9gsem m\u0171!\\nTart\u00f3s\u00edtot..., Meska","image_title":"Sz\u00edv alak\u00fa \u00e9letfa izlandi zuzm\u00f3val 30 \/ 50 cm, Meska","view_count":"1212","favourite_count":"23","trending_score":"0","last2MonthFavouriteCount":"23","promotion":"0","giftcard_accept":"0","creditcard_accept":false,"enhanced_background":"0","domain":"meska","specific_customer_id":null,"specific_customer_name":null,"to_order_product":"0","to_order_product_time":"0","product_different":null,"product_different_description":"","vintage":"0","vintage_category_id":"0","recycled":"0","gemstone_id":"0","customizable":"0","type_category":"physical","zerowaste":"0","postage_price":"1290.00","shop_order":"0","has_category":"1","landing_pages":"Sz\u00fclinapi aj\u00e1nd\u00e9kok","microdata":{"number":42,"category":""},"title":"Sz\u00edv alak\u00fa \u00e9letfa izlandi zuzm\u00f3val 30 \/ 50 cm","description":"K\u00fcl\u00f6nleges aj\u00e1nd\u00e9k Valentin napra vagy b\u00e1rmilyen alkalomra, ami nem hervad el, m\u00e9gsem m\u0171!\nTart\u00f3s\u00edtott, gondoz\u00e1smentes pr\u00e9mium izlandi zuzm\u00f3b\u00f3l k\u00e9sz\u00fclt \u00e9letfa, mely sz\u00edv alakot form\u00e1z. Term\u00e9szetes anyag, nem m\u0171! Gy\u00f6ny\u00f6r\u0171, ig\u00e9nyes 3D fali dekor\u00e1ci\u00f3, mely beviszi a term\u00e9szetet az otthonodba, nyugalmat, harm\u00f3ni\u00e1t sug\u00e1roz.\n\nM\u00e9rete: 30 cm \u00e1tm\u00e9r\u0151. M\u00e1s m\u00e9retben \u00e9s sz\u00ednben is rendelhet\u0151, v\u00e1laszd ki fent! \nHa nagyobbat szeretn\u00e9l, az is megoldhat\u00f3, \u00edrj \u00fczenetet!\n\nAz \u00e9letfa az egyik legn\u00e9pszer\u0171bb term\u00e9k\u00fcnk, \u0151si szimb\u00f3lum, amely sz\u00e1mos kult\u00far\u00e1ban \u00e9s vall\u00e1sban megtal\u00e1lhat\u00f3. Az \u00f6sszekapcsol\u00f3d\u00e1st \u00e9s az \u00e9let k\u00f6rforg\u00e1s\u00e1t jelk\u00e9pezi. Szimbolikusan az \u00c9letf\u00e1t gyakran az \u00e9let forr\u00e1s\u00e1nak \u00e9s a visszat\u00e9r\u00e9s hely\u00e9nek tekintik. Gy\u00f6kerei m\u00e9lyen a f\u00f6ldbe hatolnak, \u00e9s az alatta t\u00e1rolt t\u00e1pl\u00e1l\u00e9kot \u00e9s b\u00f6lcsess\u00e9get mer\u00edtik, m\u00edg \u00e1gai az \u00e9g fel\u00e9 ny\u00falnak, a f\u00e9ny \u00e9s a tud\u00e1s fel\u00e9 t\u00f6rekedve. A szil\u00e1rdan \u00e1ll\u00f3 t\u00f6rzs a rugalmass\u00e1got \u00e9s az er\u0151t szimboliz\u00e1lja, \u00e9s t\u00e1mogatja, v\u00e9di, eteti a t\u0151le f\u00fcgg\u0151 sok-sok \u00e9letform\u00e1t. \n\nA sz\u00edv alak a szeretetet, szerelmet, \u00f6sszetartoz\u00e1st fejezi ki, \u00edgy ak\u00e1r aj\u00e1nd\u00e9knak is nagyszer\u0171.\n\nA stabiliz\u00e1lt r\u00e9nszarvaszuzm\u00f3val k\u00e9sz\u00fcl\u0151 \u00e9letfa nemcsak \u00fcde z\u00f6ld sz\u00edn\u0171, hanem tapint\u00e1sra is puha, finom \u00e9rzetet ad, hiszen val\u00f3di zuzm\u00f3val k\u00e9sz\u00fclt, \u00e1m m\u00e9gis gondoz\u00e1smentes!\nMi\u00e9rt j\u00f3 az izlandi zuzm\u00f3b\u00f3l k\u00e9sz\u00fclt (\u00e9letfa) dekor\u00e1ci\u00f3?\n\n\u2022 Rendk\u00edv\u00fcl dekorat\u00edv \u00e9s puha\n\u2022 Tart\u00f3s (10-15 \u00e9v)\n\u2022 100% term\u00e9szetes, nem m\u0171anyag\n\u2022 Gondoz\u00e1smentes\n\u2022 Nem ig\u00e9nyel f\u00e9nyt\n\u2022 K\u00f6rnyezetbar\u00e1t\n\u2022 Nem vonzza a rovarokat\n\u2022 Nem vonzza a port\n\u2022 Antiallerg\u00e9n\n\nZuzm\u00f3 \u00e9letfa elhelyez\u00e9se: belt\u00e9ren, tart\u00f3s t\u0171z\u0151 napt\u00f3l v\u00e9dett helyen.\nA l\u00e1tv\u00e1nyk\u00e9pek nagyobb m\u00e9ret\u0171 illuszr\u00e1ci\u00f3k.","score":0,"formatted_price":"16 700 Ft","image_url":"https:\/\/www.meska.hu\/img\/product\/small\/z\/u\/zuzmocity_product_631552_250221145518_022797.jpeg","formatted_url":"https:\/\/www.meska.hu\/p5502343-sziv-alaku-eletfa-izlandi-zuzmoval","favourite":false,"in_stock":true,"avatar":"631552_avatar_1705325562.jpeg","delete_from":0,"is_enhanced_background":false,"is_enhanced":false,"product_selection_started":false,"is_active":true,"image_webp_url":"https:\/\/www.meska.hu\/img\/product\/small\/z\/u\/zuzmocity_product_631552_250221145518_022797.webp"},{"id":"5880881","shop_id":"48106","user_id":"702589","shop_name":"DonDecor","shop_zip":"4031","product_code":"5601064","product_name_old":null,"product_name":"KOS Grav\u00edrozott horoszk\u00f3pos poh\u00e1r, 290 ml whiskys\/vizes","category_string":"Otthon & \u00c9letm\u00f3d, Konyhafelszerel\u00e9s, t\u00e1lal\u00e1s, T\u00e1lal\u00e1s, Poh\u00e1r","technic_string":"Grav\u00edroz\u00e1s, pirogr\u00e1fia","category_1":"813","category_2":"393","category_3":"1419","category_4":"975","merged_category_1":null,"merged_category_2":null,"merged_category_3":null,"technic_1":"796","technic_2":"0","technic_3":"0","color_1":"513","color_2":"0","color_3":"0","product_description_old":null,"product_description":"Grav\u00edrozott whiskys\/vizes poh\u00e1r KOS mint\u00e1val, 290 ml. \n\nA k\u00e9pen szerepl\u0151 \u00e1bra csak illusztr\u00e1ci\u00f3, a k\u00e9sz term\u00e9k sz\u00edn\u00e9ben \u00e9s \u00e1rnyalat\u00e1ban elt\u00e9rhet. Maga a grav\u00edroz\u00e1s kellemes frosty\/deres hat\u00e1s\u00fa lesz, sz\u00e9pen mutat majd az \u00fcveg fel\u00fclet\u00e9n. (Term\u00e9keim k\u00f6zt tal\u00e1lsz m\u00e1r elk\u00e9sz\u00fclt grav\u00edroz\u00e1sokat, ezeken l\u00e1thatod hogyan mutat az \u00fcveg fel\u00fclet\u00e9n.)\n\nA t\u00f6bbi csillagjegyet is megtal\u00e1lod a term\u00e9keim k\u00f6zt, v\u00e1laszd amelyiket csak szeretn\u00e9d.\n\nIg\u00e9ny eset\u00e9n egyedi felirattal is ell\u00e1tom, ehhez k\u00e9rlek \u00fczenetben egyeztess\u00fcnk.\n\nA poh\u00e1r magass\u00e1ga 9,2 cm, \u00e1tm\u00e9r\u0151je 7,8 cm","price":"1600.00","unit":"db","recommended":"0","status":"1","sponsored":"0","exp_notify":"0","own_material":"0","own_material_description_old":null,"own_material_description":"","jury":"0","jury_number":"","product_nature":"","meskaracsony":"0","create_date":"2026-02-22 15:35:02","shelve_id":"0","image":"dondecor_product_702589_251111083950_19465.png","image_width":"480","image_height":"480","image_alt":"KOS Grav\u00edrozott horoszk\u00f3pos poh\u00e1r, 290 ml whiskys\/vizes, Grav\u00edrozott whiskys\/vizes poh\u00e1r KOS mint\u00e1val, 290 ml. \\n\\nA k\u00e9pen szerepl\u0151 \u00e1bra csak illusztr\u00e1ci\u00f3, a k..., Meska","image_title":"KOS Grav\u00edrozott horoszk\u00f3pos poh\u00e1r, 290 ml whiskys\/vizes, Meska","view_count":"300","favourite_count":"22","trending_score":"0","last2MonthFavouriteCount":"0","promotion":"0","giftcard_accept":"0","creditcard_accept":true,"enhanced_background":"0","domain":"meska","specific_customer_id":null,"specific_customer_name":null,"to_order_product":"1","to_order_product_time":"7","product_different":null,"product_different_description":"","vintage":"0","vintage_category_id":"0","recycled":"0","gemstone_id":"0","customizable":"1","type_category":"physical","zerowaste":"0","postage_price":"1290.00","shop_order":"0","has_category":"1","landing_pages":null,"microdata":{"number":43,"category":""},"title":"KOS Grav\u00edrozott horoszk\u00f3pos poh\u00e1r, 290 ml whiskys\/vizes","description":"Grav\u00edrozott whiskys\/vizes poh\u00e1r KOS mint\u00e1val, 290 ml. \n\nA k\u00e9pen szerepl\u0151 \u00e1bra csak illusztr\u00e1ci\u00f3, a k\u00e9sz term\u00e9k sz\u00edn\u00e9ben \u00e9s \u00e1rnyalat\u00e1ban elt\u00e9rhet. Maga a grav\u00edroz\u00e1s kellemes frosty\/deres hat\u00e1s\u00fa lesz, sz\u00e9pen mutat majd az \u00fcveg fel\u00fclet\u00e9n. (Term\u00e9keim k\u00f6zt tal\u00e1lsz m\u00e1r elk\u00e9sz\u00fclt grav\u00edroz\u00e1sokat, ezeken l\u00e1thatod hogyan mutat az \u00fcveg fel\u00fclet\u00e9n.)\n\nA t\u00f6bbi csillagjegyet is megtal\u00e1lod a term\u00e9keim k\u00f6zt, v\u00e1laszd amelyiket csak szeretn\u00e9d.\n\nIg\u00e9ny eset\u00e9n egyedi felirattal is ell\u00e1tom, ehhez k\u00e9rlek \u00fczenetben egyeztess\u00fcnk.\n\nA poh\u00e1r magass\u00e1ga 9,2 cm, \u00e1tm\u00e9r\u0151je 7,8 cm","score":0,"formatted_price":"1 600 Ft","image_url":"https:\/\/www.meska.hu\/img\/product\/small\/d\/o\/dondecor_product_702589_251111083950_19465.png","formatted_url":"https:\/\/www.meska.hu\/p5601064-gravirozott-horoszkopos-pohar-290-ml-whiskys-vizes-kos","favourite":false,"in_stock":false,"avatar":"702589_avatar_1739791287.jpeg","delete_from":0,"is_enhanced_background":false,"is_enhanced":false,"product_selection_started":false,"is_active":true,"image_webp_url":"https:\/\/www.meska.hu\/img\/product\/small\/d\/o\/dondecor_product_702589_251111083950_19465.webp"},{"id":"4702785","shop_id":"7881","user_id":"35208","shop_name":"Petusa","shop_zip":"5540","product_code":"4900414","product_name_old":null,"product_name":"Cic\u00e1s macsk\u00e1s K\u00f6nyvjelz\u0151 Sz\u00edv Szerelem Love","category_string":"K\u00f6nyv & Zene, K\u00f6nyvjelz\u0151","technic_string":"\u00c9kszerk\u00e9sz\u00edt\u00e9s","category_1":"1418","category_2":"356","category_3":"0","category_4":"0","merged_category_1":null,"merged_category_2":null,"merged_category_3":null,"technic_1":"477","technic_2":"0","technic_3":"0","color_1":"519","color_2":"520","color_3":"523","product_description_old":null,"product_description":"Egy boldog cicap\u00e1r szerelme :) \n\nAj\u00e1nd\u00e9kba, annak akit szeretsz \u00f6tletes \u00e9s sokatmond\u00f3 aj\u00e1nd\u00e9k lehet, de ak\u00e1r  saj\u00e1t magadat is meglepheted vele. :)\n\nHozz\u00e1 ill\u0151 kulcstart\u00f3val is k\u00e9rhet\u0151,  illetve sz\u00edvecsk\u00e9s bedug\u00f3s f\u00fclbeval\u00f3val is kieg\u00e9sz\u00edtheted a saj\u00e1t szettedet, ebben az esetben \u00fczenetben jelezz\n :)\nM\u00e9ret:\u00fcveglencse \u00e1tm\u00e9r\u0151je: 25mm \nA k\u00f6nyvjelz\u0151 hossza: 12 cm\n\nHa n\u00e9zn\u00e9l m\u00e9g sz\u00edvecsk\u00e9s cuccokat:http:\/\/www.meska.hu\/ProductView\/index\/1351819","price":"2400.00","unit":"db","recommended":"0","status":"1","sponsored":"0","exp_notify":"0","own_material":"0","own_material_description_old":null,"own_material_description":"","jury":"0","jury_number":"","product_nature":"","meskaracsony":"0","create_date":"2026-01-18 20:35:35","shelve_id":"47639","image":"petusa_product_35208_230203144448_794394.jpeg","image_width":"480","image_height":"678","image_alt":"Cic\u00e1s macsk\u00e1s K\u00f6nyvjelz\u0151 Sz\u00edv Szerelem Love, Egy boldog cicap\u00e1r szerelme :) \\n\\nAj\u00e1nd\u00e9kba, annak akit szeretsz \u00f6tletes \u00e9s sokatmond\u00f3 aj\u00e1nd\u00e9k lehet,..., Meska","image_title":"Cic\u00e1s macsk\u00e1s K\u00f6nyvjelz\u0151 Sz\u00edv Szerelem Love, Meska","view_count":"891","favourite_count":"22","trending_score":"0","last2MonthFavouriteCount":"0","promotion":"0","giftcard_accept":"1","creditcard_accept":false,"enhanced_background":"0","domain":"meska","specific_customer_id":null,"specific_customer_name":null,"to_order_product":"0","to_order_product_time":"0","product_different":null,"product_different_description":"","vintage":"0","vintage_category_id":"0","recycled":"0","gemstone_id":"0","customizable":"0","type_category":"physical","zerowaste":"0","postage_price":"1290.00","shop_order":"55","has_category":"1","landing_pages":null,"microdata":{"number":44,"category":""},"title":"Cic\u00e1s macsk\u00e1s K\u00f6nyvjelz\u0151 Sz\u00edv Szerelem Love","description":"Egy boldog cicap\u00e1r szerelme :) \n\nAj\u00e1nd\u00e9kba, annak akit szeretsz \u00f6tletes \u00e9s sokatmond\u00f3 aj\u00e1nd\u00e9k lehet, de ak\u00e1r  saj\u00e1t magadat is meglepheted vele. :)\n\nHozz\u00e1 ill\u0151 kulcstart\u00f3val is k\u00e9rhet\u0151,  illetve sz\u00edvecsk\u00e9s bedug\u00f3s f\u00fclbeval\u00f3val is kieg\u00e9sz\u00edtheted a saj\u00e1t szettedet, ebben az esetben \u00fczenetben jelezz\n :)\nM\u00e9ret:\u00fcveglencse \u00e1tm\u00e9r\u0151je: 25mm \nA k\u00f6nyvjelz\u0151 hossza: 12 cm\n\nHa n\u00e9zn\u00e9l m\u00e9g sz\u00edvecsk\u00e9s cuccokat:http:\/\/www.meska.hu\/ProductView\/index\/1351819","score":0,"formatted_price":"2 400 Ft","image_url":"https:\/\/www.meska.hu\/img\/product\/small\/p\/e\/petusa_product_35208_230203144448_794394.jpeg","formatted_url":"https:\/\/www.meska.hu\/p4900414-cicas-macskas-konyvjelzo-sziv-szerelem-love","favourite":false,"in_stock":true,"avatar":"Petusa_avatar_35208.jpg","delete_from":0,"is_enhanced_background":false,"is_enhanced":false,"product_selection_started":false,"is_active":true,"image_webp_url":"https:\/\/www.meska.hu\/img\/product\/small\/p\/e\/petusa_product_35208_230203144448_794394.webp"},{"id":"4262683","shop_id":"7881","user_id":"35208","shop_name":"Petusa","shop_zip":"5540","product_code":"3499999","product_name_old":null,"product_name":"T\u00fcll bev\u00e1s\u00e1rl\u00f3 zs\u00e1k \u00d6KO zacsk\u00f3 6 db menta geometria","category_string":"T\u00e1ska & Tok, Bev\u00e1s\u00e1rl\u00e1s & Shopper t\u00e1ska, Z\u00f6lds\u00e9g\/Gy\u00fcm\u00f6lcs zs\u00e1k","technic_string":"Varr\u00e1s","category_1":"464","category_2":"468","category_3":"1012","category_4":"0","merged_category_1":null,"merged_category_2":null,"merged_category_3":null,"technic_1":"506","technic_2":"0","technic_3":"0","color_1":"519","color_2":"521","color_3":"0","product_description_old":null,"product_description":"\u00d6ko t\u00fcll zs\u00e1kok bev\u00e1s\u00e1rl\u00e1shoz, t\u00e1rol\u00e1shoz\n\nM\u0170ANYAG HELYETT!\n\n6 db-os bev\u00e1s\u00e1rl\u00f3 zs\u00e1kocsk\u00e1t k\u00e9sz\u00edtettem, menta, vagy t\u00fcrkiz k\u00e9kes, geometrikus v\u00e1szonnal kombin\u00e1lva.\n\nEz egy 6 darabos szett, de k\u00e9r\u00e9sre kib\u0151v\u00edthet\u0151, ak\u00e1r m\u00e1s m\u00e9retben is :)\n\nA szett tartalma:\n2 db 19cmx25cm-es zs\u00e1k\n2 db 25cmx31cm-es zs\u00e1k\n2 db 28cmx36cm-es zs\u00e1k\n\nMeger\u0151s\u00edtett varr\u00e1sokkal k\u00e9sz\u00edtettem, a tetej\u00e9n zsin\u00f3rral lehet \u00f6sszeh\u00fazni \u0151ket, majd a beh\u00faz\u00f3val fix\u00e1lni.\n\n","price":"5600.00","unit":"db","recommended":"0","status":"1","sponsored":"0","exp_notify":"0","own_material":"0","own_material_description_old":null,"own_material_description":"","jury":"0","jury_number":"","product_nature":"","meskaracsony":"0","create_date":"2026-02-06 10:38:16","shelve_id":"74397","image":"petusa_product_35208_190826100558_332182.jpeg","image_width":"480","image_height":"593","image_alt":"T\u00fcll bev\u00e1s\u00e1rl\u00f3 zs\u00e1k \u00d6KO zacsk\u00f3 6 db menta geometria, \u00d6ko t\u00fcll zs\u00e1kok bev\u00e1s\u00e1rl\u00e1shoz, t\u00e1rol\u00e1shoz\\n\\nM\u0170ANYAG HELYETT!\\n\\n6 db-os bev\u00e1s\u00e1rl\u00f3 zs\u00e1kocsk\u00e1t k\u00e9sz\u00edtette..., Meska","image_title":"T\u00fcll bev\u00e1s\u00e1rl\u00f3 zs\u00e1k \u00d6KO zacsk\u00f3 6 db menta geometria, Meska","view_count":"1606","favourite_count":"22","trending_score":"0","last2MonthFavouriteCount":"0","promotion":"0","giftcard_accept":"1","creditcard_accept":false,"enhanced_background":"0","domain":"meska","specific_customer_id":null,"specific_customer_name":null,"to_order_product":"0","to_order_product_time":"0","product_different":null,"product_different_description":"","vintage":"0","vintage_category_id":"0","recycled":"0","gemstone_id":"0","customizable":"0","type_category":"physical","zerowaste":"0","postage_price":"1290.00","shop_order":"7","has_category":"1","landing_pages":null,"microdata":{"number":45,"category":""},"title":"T\u00fcll bev\u00e1s\u00e1rl\u00f3 zs\u00e1k \u00d6KO zacsk\u00f3 6 db menta geometria","description":"\u00d6ko t\u00fcll zs\u00e1kok bev\u00e1s\u00e1rl\u00e1shoz, t\u00e1rol\u00e1shoz\n\nM\u0170ANYAG HELYETT!\n\n6 db-os bev\u00e1s\u00e1rl\u00f3 zs\u00e1kocsk\u00e1t k\u00e9sz\u00edtettem, menta, vagy t\u00fcrkiz k\u00e9kes, geometrikus v\u00e1szonnal kombin\u00e1lva.\n\nEz egy 6 darabos szett, de k\u00e9r\u00e9sre kib\u0151v\u00edthet\u0151, ak\u00e1r m\u00e1s m\u00e9retben is :)\n\nA szett tartalma:\n2 db 19cmx25cm-es zs\u00e1k\n2 db 25cmx31cm-es zs\u00e1k\n2 db 28cmx36cm-es zs\u00e1k\n\nMeger\u0151s\u00edtett varr\u00e1sokkal k\u00e9sz\u00edtettem, a tetej\u00e9n zsin\u00f3rral lehet \u00f6sszeh\u00fazni \u0151ket, majd a beh\u00faz\u00f3val fix\u00e1lni.\n\n","score":0,"formatted_price":"5 600 Ft","image_url":"https:\/\/www.meska.hu\/img\/product\/small\/p\/e\/petusa_product_35208_190826100558_332182.jpeg","formatted_url":"https:\/\/www.meska.hu\/p3499999-tull-bevasarlo-zsak-oko-zacsko-6-db-menta-geometria","favourite":false,"in_stock":true,"avatar":"Petusa_avatar_35208.jpg","delete_from":0,"is_enhanced_background":false,"is_enhanced":false,"product_selection_started":false,"is_active":true,"image_webp_url":"https:\/\/www.meska.hu\/img\/product\/small\/p\/e\/petusa_product_35208_190826100558_332182.webp"},{"id":"5844228","shop_id":"10007","user_id":"55045","shop_name":"rokamoka","shop_zip":"7621","product_code":"5577727","product_name_old":null,"product_name":"K\u00e9toldalra kik\u00f6thet\u0151 lenes hat\u00e1s\u00fa konyhai f\u00fcgg\u00f6ny csipke kik\u00f6t\u0151vel, vintage st\u00edlus\u00fa f\u00fcgg\u00f6ny","category_string":"Otthon & \u00c9letm\u00f3d, Lak\u00e1stextil, F\u00fcgg\u00f6ny \u00e9s kieg\u00e9sz\u00edt\u0151, F\u00fcgg\u00f6ny","technic_string":"Varr\u00e1s","category_1":"813","category_2":"420","category_3":"754","category_4":"1435","merged_category_1":null,"merged_category_2":null,"merged_category_3":null,"technic_1":"506","technic_2":"0","technic_3":"0","color_1":"513","color_2":"515","color_3":"0","product_description_old":null,"product_description":"UTOLS\u00d3 DARAB!\n2 db-b\u00f3l \u00e1ll\u00f3 vid\u00e9ki st\u00edlus\u00fa konyhai vagy szobai f\u00fcgg\u00f6ny csipke kik\u00f6t\u0151vel.\nA f\u00fcgg\u00f6ny alapanyaga: mag\u00e1ban sz\u00f6v\u00f6tt mint\u00e1s, sz\u00e9p, lenes hat\u00e1s\u00fa \u00e9s lenes sz\u00edn\u0171 f\u00e9ny\u00e1tereszt\u0151 f\u00fcgg\u00f6ny anyag.\nAhogy \u00e1ts\u00fct rajta a nap kicsit s\u00e1rg\u00e1sabb sz\u00edn\u0171, de esti vagy reggeli f\u00e9nyben a klasszikus lenes sz\u00ednhat\u00e1sra sz\u00e1m\u00edts.\nVintage st\u00edlushoz is illik.\nM\u00e9retei: magass\u00e1g: 160 cm, sz\u00e9less\u00e9g: 2 x 100 cm sz\u00e9les.\nKb.: 90-140 cm sz\u00e9les karnison, vagy ablakon mutat j\u00f3l. \nA tetej\u00e9re r\u00e1ncol\u00f3szalag ker\u00fclt.\nA k\u00e9t csipke elk\u00f6t\u0151re m\u0171anyag karik\u00e1t varrtam.\nEbb\u0151l ez az utols\u00f3 p\u00e1r, csak hasonl\u00f3 anyagb\u00f3l tudok m\u00e1sikat k\u00e9sz\u00edteni. \n ","price":"19900.00","unit":"db","recommended":"0","status":"1","sponsored":"0","exp_notify":"0","own_material":"0","own_material_description_old":null,"own_material_description":"","jury":"0","jury_number":"","product_nature":"","meskaracsony":"0","create_date":"2026-03-08 19:43:17","shelve_id":"20992","image":"rokamoka_product_55045_220518174232_664542.png","image_width":"480","image_height":"720","image_alt":"K\u00e9toldalra kik\u00f6thet\u0151 lenes hat\u00e1s\u00fa konyhai f\u00fcgg\u00f6ny csipke kik\u00f6t\u0151vel, vintage st\u00edlus\u00fa f\u00fcgg\u00f6ny, UTOLS\u00d3 DARAB!\\n2 db-b\u00f3l \u00e1ll\u00f3 vid\u00e9ki st\u00edlus\u00fa konyhai vagy szobai f\u00fcgg\u00f6ny csipke kik\u00f6t\u0151vel.\\nA f\u00fcgg\u00f6ny a..., Meska","image_title":"K\u00e9toldalra kik\u00f6thet\u0151 lenes hat\u00e1s\u00fa konyhai f\u00fcgg\u00f6ny csipke kik\u00f6t\u0151vel, vintage st\u00edlus\u00fa f\u00fcgg\u00f6ny, Meska","view_count":"454","favourite_count":"22","trending_score":"0","last2MonthFavouriteCount":"0","promotion":"0","giftcard_accept":"0","creditcard_accept":false,"enhanced_background":"0","domain":"meska","specific_customer_id":null,"specific_customer_name":null,"to_order_product":"0","to_order_product_time":"0","product_different":null,"product_different_description":"","vintage":"1","vintage_category_id":"885","recycled":"0","gemstone_id":"0","customizable":"0","type_category":"physical","zerowaste":"0","postage_price":"2390.00","shop_order":"0","has_category":"1","landing_pages":null,"microdata":{"number":46,"category":""},"title":"K\u00e9toldalra kik\u00f6thet\u0151 lenes hat\u00e1s\u00fa konyhai f\u00fcgg\u00f6ny csipke kik\u00f6t\u0151vel, vintage st\u00edlus\u00fa f\u00fcgg\u00f6ny","description":"UTOLS\u00d3 DARAB!\n2 db-b\u00f3l \u00e1ll\u00f3 vid\u00e9ki st\u00edlus\u00fa konyhai vagy szobai f\u00fcgg\u00f6ny csipke kik\u00f6t\u0151vel.\nA f\u00fcgg\u00f6ny alapanyaga: mag\u00e1ban sz\u00f6v\u00f6tt mint\u00e1s, sz\u00e9p, lenes hat\u00e1s\u00fa \u00e9s lenes sz\u00edn\u0171 f\u00e9ny\u00e1tereszt\u0151 f\u00fcgg\u00f6ny anyag.\nAhogy \u00e1ts\u00fct rajta a nap kicsit s\u00e1rg\u00e1sabb sz\u00edn\u0171, de esti vagy reggeli f\u00e9nyben a klasszikus lenes sz\u00ednhat\u00e1sra sz\u00e1m\u00edts.\nVintage st\u00edlushoz is illik.\nM\u00e9retei: magass\u00e1g: 160 cm, sz\u00e9less\u00e9g: 2 x 100 cm sz\u00e9les.\nKb.: 90-140 cm sz\u00e9les karnison, vagy ablakon mutat j\u00f3l. \nA tetej\u00e9re r\u00e1ncol\u00f3szalag ker\u00fclt.\nA k\u00e9t csipke elk\u00f6t\u0151re m\u0171anyag karik\u00e1t varrtam.\nEbb\u0151l ez az utols\u00f3 p\u00e1r, csak hasonl\u00f3 anyagb\u00f3l tudok m\u00e1sikat k\u00e9sz\u00edteni. \n ","score":0,"formatted_price":"19 900 Ft","image_url":"https:\/\/www.meska.hu\/img\/product\/small\/r\/o\/rokamoka_product_55045_220518174232_664542.png","formatted_url":"https:\/\/www.meska.hu\/p5577727-ketoldalra-kikotheto-lenes-hatasu-konyhai-fuggony-csipke-kikotovel-vintage-stilusu-fuggony","favourite":false,"in_stock":true,"avatar":"rokamoka_avatar_55045.jpg","delete_from":0,"is_enhanced_background":false,"is_enhanced":false,"product_selection_started":false,"is_active":true,"image_webp_url":"https:\/\/www.meska.hu\/img\/product\/small\/r\/o\/rokamoka_product_55045_220518174232_664542.webp"},{"id":"5073413","shop_id":"3724","user_id":"13200","shop_name":"Mithrillion","shop_zip":"6600","product_code":"5132517","product_name_old":null,"product_name":"Karneol Csepp Flora egyedi ez\u00fcst gy\u0171r\u0171 - Mithrillion Elegancia","category_string":"\u00c9kszer, Gy\u0171r\u0171, Statement gy\u0171r\u0171","technic_string":"\u00d6tv\u00f6s","category_1":"327","category_2":"332","category_3":"1224","category_4":"0","merged_category_1":"0","merged_category_2":"0","merged_category_3":"0","technic_1":"496","technic_2":"0","technic_3":"0","color_1":"518","color_2":"568","color_3":"0","product_description_old":null,"product_description":"Karneol Csepp Flora egyedi ez\u00fcst gy\u0171r\u0171, Flora mint\u00e1s gy\u0171r\u0171s\u00ednnel.\n\nK\u00e9szleten l\u00e9v\u0151, gy\u00f6ny\u00f6r\u0171,narancsv\u00f6r\u00f6s egyedi \u00e9kszer.\n\nA karneol csepp eset\u00e9ben nem t\u00faloz a monitor: \u00e9g\u0151 narancsv\u00f6r\u00f6s sz\u00edne, sejtelmesen f\u00fcst\u00f6s mint\u00e1ja val\u00f3s! T\u00e9len maga a Sz\u00edn!\n\nIgazi fantasy var\u00e1zsgy\u0171r\u0171, v\u00e9delmez\u0151 talizm\u00e1n!\n\nA karneol m\u00e1r az egyiptomiakn\u00e1l \u00e9s a k\u00f6z\u00e9pkorban is ismert v\u00e9delmez\u0151, term\u00e9kenys\u00e9get seg\u00edt\u0151 dr\u00e1gak\u0151 volt. V\u00f6r\u00f6s sz\u00edne a v\u00e9rrel is \u00f6sszek\u00f6ti, hiszik, hogy a v\u00e9rk\u00e9pz\u00e9sre \u00e9s a v\u00e9rrel kapcsolatos bajokra is pozit\u00edv hat\u00e1ssal van.\n\n\n\nGy\u0171r\u0171 m\u00e9rete:\nS\u00edn sz\u00e9less\u00e9ge: 6mm\nS\u00edn anyagvastags\u00e1ga: 1mm\nK\u0151 m\u00e9rete: 13x18mm\nGy\u0171r\u0171 s\u00falya: 4,7 g","price":"35600.00","unit":"db","recommended":"0","status":"1","sponsored":"0","exp_notify":"0","own_material":"0","own_material_description_old":null,"own_material_description":"","jury":"0","jury_number":"","product_nature":"","meskaracsony":"0","create_date":"2026-02-27 23:13:59","shelve_id":"74400","image":"mithrillion_product_13200_231110204809_623335.jpeg","image_width":"480","image_height":"360","image_alt":"Karneol Csepp Flora egyedi ez\u00fcst gy\u0171r\u0171 - Mithrillion Elegancia, Karneol Csepp Flora egyedi ez\u00fcst gy\u0171r\u0171, Flora mint\u00e1s gy\u0171r\u0171s\u00ednnel.\\n\\nK\u00e9szleten l\u00e9v\u0151, gy\u00f6ny\u00f6r\u0171,narancsv..., Meska","image_title":"Karneol Csepp Flora egyedi ez\u00fcst gy\u0171r\u0171 - Mithrillion Elegancia, Meska","view_count":"988","favourite_count":"22","trending_score":"0","last2MonthFavouriteCount":"0","promotion":"0","giftcard_accept":"0","creditcard_accept":true,"enhanced_background":"0","domain":"meska","specific_customer_id":null,"specific_customer_name":null,"to_order_product":"0","to_order_product_time":"0","product_different":null,"product_different_description":"","vintage":"0","vintage_category_id":"0","recycled":"1","gemstone_id":"0","customizable":"0","type_category":"physical","zerowaste":"1","postage_price":"2390.00","shop_order":"0","has_category":"1","landing_pages":null,"microdata":{"number":47,"category":""},"title":"Karneol Csepp Flora egyedi ez\u00fcst gy\u0171r\u0171 - Mithrillion Elegancia","description":"Karneol Csepp Flora egyedi ez\u00fcst gy\u0171r\u0171, Flora mint\u00e1s gy\u0171r\u0171s\u00ednnel.\n\nK\u00e9szleten l\u00e9v\u0151, gy\u00f6ny\u00f6r\u0171,narancsv\u00f6r\u00f6s egyedi \u00e9kszer.\n\nA karneol csepp eset\u00e9ben nem t\u00faloz a monitor: \u00e9g\u0151 narancsv\u00f6r\u00f6s sz\u00edne, sejtelmesen f\u00fcst\u00f6s mint\u00e1ja val\u00f3s! T\u00e9len maga a Sz\u00edn!\n\nIgazi fantasy var\u00e1zsgy\u0171r\u0171, v\u00e9delmez\u0151 talizm\u00e1n!\n\nA karneol m\u00e1r az egyiptomiakn\u00e1l \u00e9s a k\u00f6z\u00e9pkorban is ismert v\u00e9delmez\u0151, term\u00e9kenys\u00e9get seg\u00edt\u0151 dr\u00e1gak\u0151 volt. V\u00f6r\u00f6s sz\u00edne a v\u00e9rrel is \u00f6sszek\u00f6ti, hiszik, hogy a v\u00e9rk\u00e9pz\u00e9sre \u00e9s a v\u00e9rrel kapcsolatos bajokra is pozit\u00edv hat\u00e1ssal van.\n\n\n\nGy\u0171r\u0171 m\u00e9rete:\nS\u00edn sz\u00e9less\u00e9ge: 6mm\nS\u00edn anyagvastags\u00e1ga: 1mm\nK\u0151 m\u00e9rete: 13x18mm\nGy\u0171r\u0171 s\u00falya: 4,7 g","score":0,"formatted_price":"35 600 Ft","image_url":"https:\/\/www.meska.hu\/img\/product\/small\/m\/i\/mithrillion_product_13200_231110204809_623335.jpeg","formatted_url":"https:\/\/www.meska.hu\/p5132517-karneol-csepp-flora-egyedi-ezust-gyuru-mithrillion-elegancia","favourite":false,"in_stock":true,"avatar":"Mithrillion_avatar_13200_1567694776.jpg","delete_from":0,"is_enhanced_background":false,"is_enhanced":false,"product_selection_started":false,"is_active":true,"image_webp_url":"https:\/\/www.meska.hu\/img\/product\/small\/m\/i\/mithrillion_product_13200_231110204809_623335.webp"},{"id":"5369112","shop_id":"30638","user_id":"387922","shop_name":"Zinkatextil","shop_zip":"7621","product_code":"5305184","product_name_old":null,"product_name":"Falv\u00e9d\u0151 kisl\u00e1nyszob\u00e1ba p\u00f6tty\u00f6s anyagb\u00f3l sz\u00fcrke zsebekkel","category_string":"Otthon & \u00c9letm\u00f3d, Lak\u00e1stextil, Falv\u00e9d\u0151","technic_string":"Varr\u00e1s","category_1":"813","category_2":"420","category_3":"1449","category_4":"0","merged_category_1":null,"merged_category_2":null,"merged_category_3":null,"technic_1":"506","technic_2":"0","technic_3":"0","color_1":"532","color_2":"525","color_3":"527","product_description_old":null,"product_description":"Gyerek\u00e1gy mell\u00e9 k\u00e9sz\u00fclt r\u00f3zsasz\u00edn \u00e9s sz\u00fcrke p\u00f6tty\u00f6s zsebes falv\u00e9d\u0151. Anyaga 100 % pamut, h\u00e1toldala feh\u00e9r batiszt, k\u00f6zepes k\u00f6zb\u00e9l\u00e9s ker\u00fclt a k\u00e9t anyag k\u00f6z\u00e9. Az anyagokat steppel\u00e9ssel r\u00f6gz\u00edtettem \u00f6ssze.\n \nA h\u00e1toldal\u00e1ra rejtett p\u00e1ntok ker\u00fcltek, l\u00e9ccel, vagy r\u00faddal felszerelhet\u0151.\n \nM\u00e9rete: 70 x 200 cm-es, de rendelheted m\u00e1s m\u00e9retben is, \u00e1rakr\u00f3l \u00fczenetben tudsz \u00e9rdekl\u0151dni.\n\nA fot\u00f3n szerepl\u0151 pl\u00fcss csak dekor\u00e1ci\u00f3, nem r\u00e9sze az aj\u00e1nlatnak.","price":"29900.00","unit":"db","recommended":"0","status":"1","sponsored":"0","exp_notify":"0","own_material":"0","own_material_description_old":null,"own_material_description":"","jury":"0","jury_number":"","product_nature":"","meskaracsony":"0","create_date":"2026-01-18 18:14:38","shelve_id":"63205","image":"zinkatextil_product_387922_230313155500_484426.png","image_width":"480","image_height":"480","image_alt":"Falv\u00e9d\u0151 kisl\u00e1nyszob\u00e1ba p\u00f6tty\u00f6s anyagb\u00f3l sz\u00fcrke zsebekkel, Gyerek\u00e1gy mell\u00e9 k\u00e9sz\u00fclt r\u00f3zsasz\u00edn \u00e9s sz\u00fcrke p\u00f6tty\u00f6s zsebes falv\u00e9d\u0151. Anyaga 100 % pamut, h\u00e1toldala fe..., Meska","image_title":"Falv\u00e9d\u0151 kisl\u00e1nyszob\u00e1ba p\u00f6tty\u00f6s anyagb\u00f3l sz\u00fcrke zsebekkel, Meska","view_count":"687","favourite_count":"22","trending_score":"0","last2MonthFavouriteCount":"0","promotion":"0","giftcard_accept":"1","creditcard_accept":false,"enhanced_background":"0","domain":"meska","specific_customer_id":null,"specific_customer_name":null,"to_order_product":"1","to_order_product_time":"10","product_different":null,"product_different_description":"","vintage":"0","vintage_category_id":"0","recycled":"0","gemstone_id":"0","customizable":"0","type_category":"physical","zerowaste":"0","postage_price":"2390.00","shop_order":"0","has_category":"1","landing_pages":null,"microdata":{"number":48,"category":""},"title":"Falv\u00e9d\u0151 kisl\u00e1nyszob\u00e1ba p\u00f6tty\u00f6s anyagb\u00f3l sz\u00fcrke zsebekkel","description":"Gyerek\u00e1gy mell\u00e9 k\u00e9sz\u00fclt r\u00f3zsasz\u00edn \u00e9s sz\u00fcrke p\u00f6tty\u00f6s zsebes falv\u00e9d\u0151. Anyaga 100 % pamut, h\u00e1toldala feh\u00e9r batiszt, k\u00f6zepes k\u00f6zb\u00e9l\u00e9s ker\u00fclt a k\u00e9t anyag k\u00f6z\u00e9. Az anyagokat steppel\u00e9ssel r\u00f6gz\u00edtettem \u00f6ssze.\n \nA h\u00e1toldal\u00e1ra rejtett p\u00e1ntok ker\u00fcltek, l\u00e9ccel, vagy r\u00faddal felszerelhet\u0151.\n \nM\u00e9rete: 70 x 200 cm-es, de rendelheted m\u00e1s m\u00e9retben is, \u00e1rakr\u00f3l \u00fczenetben tudsz \u00e9rdekl\u0151dni.\n\nA fot\u00f3n szerepl\u0151 pl\u00fcss csak dekor\u00e1ci\u00f3, nem r\u00e9sze az aj\u00e1nlatnak.","score":0,"formatted_price":"29 900 Ft","image_url":"https:\/\/www.meska.hu\/img\/product\/small\/z\/i\/zinkatextil_product_387922_230313155500_484426.png","formatted_url":"https:\/\/www.meska.hu\/p5305184-falvedo-kislanyszobaba-pottyos-anyagbol-szurke-zsebekkel","favourite":false,"in_stock":false,"avatar":"Zinkatextil_avatar_387922_1668435830.jpg","delete_from":0,"is_enhanced_background":false,"is_enhanced":false,"product_selection_started":false,"is_active":true,"image_webp_url":"https:\/\/www.meska.hu\/img\/product\/small\/z\/i\/zinkatextil_product_387922_230313155500_484426.webp"},{"id":"5369151","shop_id":"30638","user_id":"387922","shop_name":"Zinkatextil","shop_zip":"7621","product_code":"5305216","product_name_old":null,"product_name":"Falv\u00e9d\u0151, cic\u00e1s zsebes gyerekfalv\u00e9d\u0151 ","category_string":"Otthon & \u00c9letm\u00f3d, Lak\u00e1stextil, Falv\u00e9d\u0151","technic_string":"Varr\u00e1s","category_1":"813","category_2":"420","category_3":"1449","category_4":"0","merged_category_1":null,"merged_category_2":null,"merged_category_3":null,"technic_1":"506","technic_2":"0","technic_3":"0","color_1":"532","color_2":"525","color_3":"0","product_description_old":null,"product_description":"Gyerek\u00e1gy vagy ifj\u00fas\u00e1gi \u00e1gy mell\u00e9 k\u00e9sz\u00fclt cicamint\u00e1s zsebes falv\u00e9d\u0151. Anyaga 100 % pamut, h\u00e1toldala feh\u00e9r batiszt, k\u00f6zepes k\u00f6zb\u00e9l\u00e9s ker\u00fclt a k\u00e9t anyag k\u00f6z\u00e9. Az anyagokat steppel\u00e9ssel r\u00f6gz\u00edtettem \u00f6ssze.\n\u00d6sszesen 6 db zseb van rajta. \nA h\u00e1toldal\u00e1ra rejtett p\u00e1ntok ker\u00fcltek, l\u00e9ccel, vagy r\u00faddal felszerelhet\u0151.\n \nM\u00e9rete: 65 x 200 cm-es, de rendelheted m\u00e1s m\u00e9retben is, \u00e1rakr\u00f3l \u00fczenetben tudsz \u00e9rdekl\u0151dni.\n\nA fot\u00f3n szerepl\u0151 pl\u00fcss csak dekor\u00e1ci\u00f3, nem r\u00e9sze az aj\u00e1nlatnak.","price":"29900.00","unit":"db","recommended":"0","status":"1","sponsored":"0","exp_notify":"0","own_material":"0","own_material_description_old":null,"own_material_description":"","jury":"0","jury_number":"","product_nature":"","meskaracsony":"0","create_date":"2026-01-18 18:11:37","shelve_id":"63205","image":"zinkatextil_product_387922_220310164945_309369.png","image_width":"480","image_height":"480","image_alt":"Falv\u00e9d\u0151, cic\u00e1s zsebes gyerekfalv\u00e9d\u0151 , Gyerek\u00e1gy vagy ifj\u00fas\u00e1gi \u00e1gy mell\u00e9 k\u00e9sz\u00fclt cicamint\u00e1s zsebes falv\u00e9d\u0151. Anyaga 100 % pamut, h\u00e1toldala f..., Meska","image_title":"Falv\u00e9d\u0151, cic\u00e1s zsebes gyerekfalv\u00e9d\u0151 , Meska","view_count":"1043","favourite_count":"22","trending_score":"0","last2MonthFavouriteCount":"0","promotion":"0","giftcard_accept":"1","creditcard_accept":false,"enhanced_background":"0","domain":"meska","specific_customer_id":null,"specific_customer_name":null,"to_order_product":"1","to_order_product_time":"10","product_different":null,"product_different_description":"","vintage":"0","vintage_category_id":"0","recycled":"0","gemstone_id":"0","customizable":"0","type_category":"physical","zerowaste":"0","postage_price":"2390.00","shop_order":"0","has_category":"1","landing_pages":null,"microdata":{"number":49,"category":""},"title":"Falv\u00e9d\u0151, cic\u00e1s zsebes gyerekfalv\u00e9d\u0151 ","description":"Gyerek\u00e1gy vagy ifj\u00fas\u00e1gi \u00e1gy mell\u00e9 k\u00e9sz\u00fclt cicamint\u00e1s zsebes falv\u00e9d\u0151. Anyaga 100 % pamut, h\u00e1toldala feh\u00e9r batiszt, k\u00f6zepes k\u00f6zb\u00e9l\u00e9s ker\u00fclt a k\u00e9t anyag k\u00f6z\u00e9. Az anyagokat steppel\u00e9ssel r\u00f6gz\u00edtettem \u00f6ssze.\n\u00d6sszesen 6 db zseb van rajta. \nA h\u00e1toldal\u00e1ra rejtett p\u00e1ntok ker\u00fcltek, l\u00e9ccel, vagy r\u00faddal felszerelhet\u0151.\n \nM\u00e9rete: 65 x 200 cm-es, de rendelheted m\u00e1s m\u00e9retben is, \u00e1rakr\u00f3l \u00fczenetben tudsz \u00e9rdekl\u0151dni.\n\nA fot\u00f3n szerepl\u0151 pl\u00fcss csak dekor\u00e1ci\u00f3, nem r\u00e9sze az aj\u00e1nlatnak.","score":0,"formatted_price":"29 900 Ft","image_url":"https:\/\/www.meska.hu\/img\/product\/small\/z\/i\/zinkatextil_product_387922_220310164945_309369.png","formatted_url":"https:\/\/www.meska.hu\/p5305216-falvedo-cicas-zsebes-gyerekfalvedo","favourite":false,"in_stock":false,"avatar":"Zinkatextil_avatar_387922_1668435830.jpg","delete_from":0,"is_enhanced_background":false,"is_enhanced":false,"product_selection_started":false,"is_active":true,"image_webp_url":"https:\/\/www.meska.hu\/img\/product\/small\/z\/i\/zinkatextil_product_387922_220310164945_309369.webp"},{"id":"6108206","shop_id":"4552","user_id":"16790","shop_name":"KeraMici","shop_zip":"8646","product_code":"5728091","product_name_old":null,"product_name":"Bilb\u00f3 te\u00e1sk\u00e9szlete","category_string":"Otthon & \u00c9letm\u00f3d, Konyhafelszerel\u00e9s, t\u00e1lal\u00e1s, T\u00e1lal\u00e1s, Te\u00e1s- \u00e9s k\u00e1v\u00e9s poh\u00e1r, k\u00e9szlet","technic_string":"Ker\u00e1mia","category_1":"813","category_2":"393","category_3":"1419","category_4":"1424","merged_category_1":null,"merged_category_2":null,"merged_category_3":null,"technic_1":"489","technic_2":"0","technic_3":"0","color_1":"529","color_2":"0","color_3":"0","product_description_old":null,"product_description":"A hobbit c\u00edm\u0171 film ihlette ezt a te\u00e1sk\u00e9szletet, Bilb\u00f3 ehhez hasonl\u00f3 kann\u00e1t \u00e9s cs\u00e9sz\u00e9ket haszn\u00e1l a film elej\u00e9n, amikor a h\u00e1z\u00e1ban vend\u00e9g\u00fcl l\u00e1tja a t\u00f6rp\u00f6ket \u00e9s Gandalfot.\nSzabadk\u00e9zi korongol\u00e1ssal k\u00e9sz\u00edtettem, k\u00e9zzel festettem. A kanna kb. 1 literes, a cs\u00e9sz\u00e9k kb. 1,5 decisek. A minta a m\u00e1zzal egy\u00fctt  1020 fokon van be\u00e9getve, tart\u00f3s, egy\u00e1ltal\u00e1n nem kopik.\nGy\u0171r\u0171k Ura rajong\u00f3knak szuper aj\u00e1nd\u00e9k lehet. :)\nAz \u00e1r a teljes szettre vonatkozik.\nAz alapanyagok k\u00e1ros anyagot nem tartalmaznak, t\u00e9nylegesen haszn\u00e1lhat\u00f3 a szett te\u00e1z\u00e1shoz, k\u00e1v\u00e9z\u00e1shoz.","price":"26000.00","unit":"db","recommended":"0","status":"1","sponsored":"0","exp_notify":"0","own_material":"0","own_material_description_old":null,"own_material_description":"","jury":"0","jury_number":"","product_nature":"","meskaracsony":"0","create_date":"2026-02-07 19:44:25","shelve_id":"45991","image":"keramici_product_16790_260207193736_51284.jpeg","image_width":"480","image_height":"480","image_alt":"Bilb\u00f3 te\u00e1sk\u00e9szlete, A hobbit c\u00edm\u0171 film ihlette ezt a te\u00e1sk\u00e9szletet, Bilb\u00f3 ehhez hasonl\u00f3 kann\u00e1t \u00e9s cs\u00e9sz\u00e9ket haszn\u00e1l a fi..., Meska","image_title":"Bilb\u00f3 te\u00e1sk\u00e9szlete, Meska","view_count":"175","favourite_count":"22","trending_score":"0","last2MonthFavouriteCount":"0","promotion":"0","giftcard_accept":"1","creditcard_accept":true,"enhanced_background":"0","domain":"meska","specific_customer_id":null,"specific_customer_name":null,"to_order_product":"0","to_order_product_time":"0","product_different":null,"product_different_description":"","vintage":"0","vintage_category_id":"0","recycled":"0","gemstone_id":"0","customizable":"0","type_category":"physical","zerowaste":"0","postage_price":"4872.00","shop_order":"0","has_category":"1","landing_pages":null,"microdata":{"number":50,"category":""},"title":"Bilb\u00f3 te\u00e1sk\u00e9szlete","description":"A hobbit c\u00edm\u0171 film ihlette ezt a te\u00e1sk\u00e9szletet, Bilb\u00f3 ehhez hasonl\u00f3 kann\u00e1t \u00e9s cs\u00e9sz\u00e9ket haszn\u00e1l a film elej\u00e9n, amikor a h\u00e1z\u00e1ban vend\u00e9g\u00fcl l\u00e1tja a t\u00f6rp\u00f6ket \u00e9s Gandalfot.\nSzabadk\u00e9zi korongol\u00e1ssal k\u00e9sz\u00edtettem, k\u00e9zzel festettem. A kanna kb. 1 literes, a cs\u00e9sz\u00e9k kb. 1,5 decisek. A minta a m\u00e1zzal egy\u00fctt  1020 fokon van be\u00e9getve, tart\u00f3s, egy\u00e1ltal\u00e1n nem kopik.\nGy\u0171r\u0171k Ura rajong\u00f3knak szuper aj\u00e1nd\u00e9k lehet. :)\nAz \u00e1r a teljes szettre vonatkozik.\nAz alapanyagok k\u00e1ros anyagot nem tartalmaznak, t\u00e9nylegesen haszn\u00e1lhat\u00f3 a szett te\u00e1z\u00e1shoz, k\u00e1v\u00e9z\u00e1shoz.","score":0,"formatted_price":"26 000 Ft","image_url":"https:\/\/www.meska.hu\/img\/product\/small\/k\/e\/keramici_product_16790_260207193736_51284.jpeg","formatted_url":"https:\/\/www.meska.hu\/p5728091-bilbo-teaskeszlete","favourite":false,"in_stock":true,"avatar":"KeraMici_avatar_16790_1516883987.jpg","delete_from":0,"is_enhanced_background":false,"is_enhanced":false,"product_selection_started":false,"is_active":true,"image_webp_url":"https:\/\/www.meska.hu\/img\/product\/small\/k\/e\/keramici_product_16790_260207193736_51284.webp"},{"id":"6109110","shop_id":"7042","user_id":"28195","shop_name":"Uvegmania","shop_zip":"1047","product_code":"5728849","product_name_old":null,"product_name":"R\u00f3zsasz\u00ednen, lil\u00e1san iriz\u00e1l\u00f3 gy\u0171r\u0171, \u00fcveg\u00e9kszer","category_string":"\u00c9kszer, Gy\u0171r\u0171, Figur\u00e1lis gy\u0171r\u0171","technic_string":"\u00c9kszerk\u00e9sz\u00edt\u00e9s, \u00dcvegm\u0171v\u00e9szet","category_1":"327","category_2":"332","category_3":"1221","category_4":"0","merged_category_1":null,"merged_category_2":null,"merged_category_3":null,"technic_1":"477","technic_2":"505","technic_3":"0","color_1":"521","color_2":"522","color_3":"525","product_description_old":null,"product_description":"T\u00f6bbsz\u00f6ri olvaszt\u00e1ssal, csiszol\u00e1ssal, k\u00fcl\u00f6nleges dicroich iriz\u00e1l\u00f3 \u00fcvegb\u0151l k\u00e9sz\u00fclt gy\u0171r\u0171.  Az \u00fcveg m\u00e9rete 15mm x15 mm. Nemesac\u00e9l \u00e1ll\u00edthat\u00f3 alapra ker\u00fclt..\nSzem\u00e9lyes \u00e1tv\u00e9tel Budapesten, \u00dajpest k\u00f6zpontban lehets\u00e9ges.\n                      ","price":"2800.00","unit":"db","recommended":"0","status":"1","sponsored":"0","exp_notify":"0","own_material":"0","own_material_description_old":null,"own_material_description":"","jury":"0","jury_number":"","product_nature":"","meskaracsony":"0","create_date":"2026-02-08 08:31:35","shelve_id":"0","image":"uvegmania_product_28195_260208082918_278822.jpeg","image_width":"480","image_height":"502","image_alt":"R\u00f3zsasz\u00ednen, lil\u00e1san iriz\u00e1l\u00f3 gy\u0171r\u0171, \u00fcveg\u00e9kszer, T\u00f6bbsz\u00f6ri olvaszt\u00e1ssal, csiszol\u00e1ssal, k\u00fcl\u00f6nleges dicroich iriz\u00e1l\u00f3 \u00fcvegb\u0151l k\u00e9sz\u00fclt gy\u0171r\u0171.  Az \u00fcveg m\u00e9..., Meska","image_title":"R\u00f3zsasz\u00ednen, lil\u00e1san iriz\u00e1l\u00f3 gy\u0171r\u0171, \u00fcveg\u00e9kszer, Meska","view_count":"140","favourite_count":"22","trending_score":"0","last2MonthFavouriteCount":"0","promotion":"0","giftcard_accept":"0","creditcard_accept":true,"enhanced_background":"0","domain":"meska","specific_customer_id":null,"specific_customer_name":null,"to_order_product":"0","to_order_product_time":"0","product_different":null,"product_different_description":"","vintage":"0","vintage_category_id":"0","recycled":"0","gemstone_id":"0","customizable":"0","type_category":"physical","zerowaste":"0","postage_price":"1290.00","shop_order":"2","has_category":"1","landing_pages":null,"microdata":{"number":51,"category":""},"title":"R\u00f3zsasz\u00ednen, lil\u00e1san iriz\u00e1l\u00f3 gy\u0171r\u0171, \u00fcveg\u00e9kszer","description":"T\u00f6bbsz\u00f6ri olvaszt\u00e1ssal, csiszol\u00e1ssal, k\u00fcl\u00f6nleges dicroich iriz\u00e1l\u00f3 \u00fcvegb\u0151l k\u00e9sz\u00fclt gy\u0171r\u0171.  Az \u00fcveg m\u00e9rete 15mm x15 mm. Nemesac\u00e9l \u00e1ll\u00edthat\u00f3 alapra ker\u00fclt..\nSzem\u00e9lyes \u00e1tv\u00e9tel Budapesten, \u00dajpest k\u00f6zpontban lehets\u00e9ges.\n                      ","score":0,"formatted_price":"2 800 Ft","image_url":"https:\/\/www.meska.hu\/img\/product\/small\/u\/v\/uvegmania_product_28195_260208082918_278822.jpeg","formatted_url":"https:\/\/www.meska.hu\/p5728849-rozsaszinen-lilasan-irizalo-gyuru-uvegekszer","favourite":false,"in_stock":true,"avatar":"Uvegmania_avatar_28195_1662920094.jpeg","delete_from":0,"is_enhanced_background":false,"is_enhanced":false,"product_selection_started":false,"is_active":true,"image_webp_url":"https:\/\/www.meska.hu\/img\/product\/small\/u\/v\/uvegmania_product_28195_260208082918_278822.webp"},{"id":"5684206","shop_id":"43934","user_id":"631552","shop_name":"Zuzmocity","shop_zip":"1164","product_code":"5492313","product_name_old":null,"product_name":"27x27 cm vegyes zuzm\u00f3k\u00e9p - val\u00f3di izlandi zuzm\u00f3val","category_string":"Otthon & \u00c9letm\u00f3d, Dekor\u00e1ci\u00f3, Fali \u00e9s f\u00fcgg\u0151 dekor\u00e1ci\u00f3, Zuzm\u00f3k\u00e9p, Mohak\u00e9p","technic_string":"","category_1":"813","category_2":"314","category_3":"1470","category_4":"1584","merged_category_1":null,"merged_category_2":null,"merged_category_3":null,"technic_1":"0","technic_2":"0","technic_3":"0","color_1":"529","color_2":"0","color_3":"0","product_description_old":null,"product_description":"N\u00e9gyzet alak\u00fa k\u00e9sz zuzm\u00f3k\u00e9p t\u00f6bbf\u00e9le sz\u00edn\u0171 pasztellz\u00f6ld pr\u00e9mium izlandi zuzm\u00f3val. Teljesen gondoz\u00e1smentes!\nM\u00e9rete: 27x27cm. \nKIZ\u00c1R\u00d3LAG KEREK FEJ\u0170, PR\u00c9MIUM ZUZM\u00d3T HASZN\u00c1LUNK, mely nem egyezik meg a hobbiboltokban \u00e9s \"vir\u00e1gosokn\u00e1l\" kaphat\u00f3 zuzm\u00f3k min\u0151s\u00e9g\u00e9vel!\n\nMi\u00e9rt j\u00f3 az izlandi zuzm\u00f3b\u00f3l k\u00e9sz\u00fclt zuzm\u00f3k\u00e9p dekor\u00e1ci\u00f3?\n\n\u2022 Rendk\u00edv\u00fcl dekorat\u00edv \u00e9s puha\n\n\u2022 Tart\u00f3s (10-15 \u00e9v)\n\n\u2022 100% term\u00e9szetes, nem m\u0171anyag\n\n\u2022 Gondoz\u00e1smentes\n\n\u2022 Nem ig\u00e9nyel f\u00e9nyt\n\n\u2022 K\u00f6rnyezetbar\u00e1t\n\n\u2022 Nem vonzza a rovarokat\n\n\u2022 Nem vonzza a port\n\n\u2022 Antiallerg\u00e9n\n\n\u2022\u00a0T\u0171z\u00e1ll\u00f3\n\n\u00cdgy is ismerheted: izlandi zuzm\u00f3, r\u00e9nszarvas zuzm\u00f3, skandin\u00e1v zuzm\u00f3, r\u00e9nszarvasmoha, izlandi moha","price":"19900.00","unit":"db","recommended":"0","status":"1","sponsored":"0","exp_notify":"0","own_material":"0","own_material_description_old":null,"own_material_description":"","jury":"0","jury_number":"","product_nature":"","meskaracsony":"0","create_date":"2026-01-30 17:59:52","shelve_id":"0","image":"zuzmocity_product_631552_240306191658_637762.jpeg","image_width":"480","image_height":"480","image_alt":"27x27 cm vegyes zuzm\u00f3k\u00e9p - val\u00f3di izlandi zuzm\u00f3val, N\u00e9gyzet alak\u00fa k\u00e9sz zuzm\u00f3k\u00e9p t\u00f6bbf\u00e9le sz\u00edn\u0171 pasztellz\u00f6ld pr\u00e9mium izlandi zuzm\u00f3val. Teljesen gondoz\u00e1sm..., Meska","image_title":"27x27 cm vegyes zuzm\u00f3k\u00e9p - val\u00f3di izlandi zuzm\u00f3val, Meska","view_count":"914","favourite_count":"22","trending_score":"0","last2MonthFavouriteCount":"19","promotion":0,"giftcard_accept":"0","creditcard_accept":false,"enhanced_background":"0","domain":"meska","specific_customer_id":null,"specific_customer_name":null,"to_order_product":"0","to_order_product_time":"0","product_different":null,"product_different_description":"","vintage":"0","vintage_category_id":"0","recycled":"0","gemstone_id":"0","customizable":"0","type_category":"physical","zerowaste":"0","postage_price":"1290.00","shop_order":"0","has_category":"1","landing_pages":null,"microdata":{"number":52,"category":""},"title":"27x27 cm vegyes zuzm\u00f3k\u00e9p - val\u00f3di izlandi zuzm\u00f3val","description":"N\u00e9gyzet alak\u00fa k\u00e9sz zuzm\u00f3k\u00e9p t\u00f6bbf\u00e9le sz\u00edn\u0171 pasztellz\u00f6ld pr\u00e9mium izlandi zuzm\u00f3val. Teljesen gondoz\u00e1smentes!\nM\u00e9rete: 27x27cm. \nKIZ\u00c1R\u00d3LAG KEREK FEJ\u0170, PR\u00c9MIUM ZUZM\u00d3T HASZN\u00c1LUNK, mely nem egyezik meg a hobbiboltokban \u00e9s \"vir\u00e1gosokn\u00e1l\" kaphat\u00f3 zuzm\u00f3k min\u0151s\u00e9g\u00e9vel!\n\nMi\u00e9rt j\u00f3 az izlandi zuzm\u00f3b\u00f3l k\u00e9sz\u00fclt zuzm\u00f3k\u00e9p dekor\u00e1ci\u00f3?\n\n\u2022 Rendk\u00edv\u00fcl dekorat\u00edv \u00e9s puha\n\n\u2022 Tart\u00f3s (10-15 \u00e9v)\n\n\u2022 100% term\u00e9szetes, nem m\u0171anyag\n\n\u2022 Gondoz\u00e1smentes\n\n\u2022 Nem ig\u00e9nyel f\u00e9nyt\n\n\u2022 K\u00f6rnyezetbar\u00e1t\n\n\u2022 Nem vonzza a rovarokat\n\n\u2022 Nem vonzza a port\n\n\u2022 Antiallerg\u00e9n\n\n\u2022\u00a0T\u0171z\u00e1ll\u00f3\n\n\u00cdgy is ismerheted: izlandi zuzm\u00f3, r\u00e9nszarvas zuzm\u00f3, skandin\u00e1v zuzm\u00f3, r\u00e9nszarvasmoha, izlandi moha","score":0,"formatted_price":"19 900 Ft","image_url":"https:\/\/www.meska.hu\/img\/product\/small\/z\/u\/zuzmocity_product_631552_240306191658_637762.jpeg","formatted_url":"https:\/\/www.meska.hu\/p5492313-27x27-cm-vegyes-zuzmokep-valodi-izlandi-zuzmoval","favourite":false,"in_stock":true,"avatar":"631552_avatar_1705325562.jpeg","delete_from":0,"is_enhanced_background":false,"is_enhanced":false,"product_selection_started":false,"is_active":true,"image_webp_url":"https:\/\/www.meska.hu\/img\/product\/small\/z\/u\/zuzmocity_product_631552_240306191658_637762.webp"},{"id":"5393790","shop_id":"34737","user_id":"453564","shop_name":"CsillagMag","shop_zip":"1171","product_code":"5317269","product_name_old":null,"product_name":"PEGGY A PEGAZUS CSILLAGMAG-LOVACSKA TERM\u00c9SZETES ANYAGOK GYAPJ\u00daFILC GYAPJ\u00da EGYEDI NEMEZJ\u00c1T\u00c9K WALDORF T\u00dcND\u00c9RLOVACSKA","category_string":"J\u00e1t\u00e9k & Sport, Pl\u00fcss\u00e1llat & J\u00e1t\u00e9kfigura, L\u00f3","technic_string":"Baba-\u00e9s b\u00e1bk\u00e9sz\u00edt\u00e9s, Varr\u00e1s","category_1":"305","category_2":"349","category_3":"1117","category_4":"0","merged_category_1":null,"merged_category_2":null,"merged_category_3":null,"technic_1":"472","technic_2":"506","technic_3":"0","color_1":"518","color_2":"519","color_3":"525","product_description_old":null,"product_description":"PEGGY A PEGAZUS\/SZ\u00c1RNYAS LOVACSKA\n\nSZIV\u00c1RV\u00c1NYSZ\u00cdN\u0170 S\u00d6R\u00c9NNYEL,\nEZ\u00dcST SZ\u00c1RNYAKKAL,\n\nPR\u00c9MIUM GYAPJ\u00daFILCB\u0150L,\nKIV\u00c1L\u00d3 MIN\u0150S\u00c9G\u0170 ILLATOS MAGYAR GYAPJ\u00daVAL T\u00d6LTVE.\n\nOEKO-TEX 100 MIN\u0150S\u00cdT\u00c9SSEL RENDELKEZ\u0150 MERCERIZ\u00c1LT PAMUTFONAL S\u00d6R\u00c9NNYEL-FAROKKAL,\nMELY HOSSZ\u00da,\nFONHAT\u00d3, \nFODR\u00c1SZOLHAT\u00d3 :-)\n\nEGYEDI,\nK\u00dcL\u00d6NLEGES,\nMIN\u0150S\u00c9GI ALAPANYAGOKB\u00d3L K\u00c9SZ\u00dcLT,\nAPR\u00d3L\u00c9KOS MUNK\u00c1VAL,\nSZERETETTEL!\n\nM\u00c9RETE: 16 x 17 CM\n\n\n\n","price":"12900.00","unit":"db","recommended":"0","status":"1","sponsored":"0","exp_notify":"0","own_material":"0","own_material_description_old":null,"own_material_description":"","jury":"0","jury_number":"","product_nature":"","meskaracsony":"0","create_date":"2026-04-01 06:26:35","shelve_id":"78686","image":"csillagmag_product_453564_240701190756_16699.jpeg","image_width":"480","image_height":"526","image_alt":"PEGGY A PEGAZUS CSILLAGMAG-LOVACSKA TERM\u00c9SZETES ANYAGOK GYAPJ\u00daFILC GYAPJ\u00da EGYEDI NEMEZJ\u00c1T\u00c9K WALDORF T\u00dcND\u00c9RLOVACSKA, PEGGY A PEGAZUS\/SZ\u00c1RNYAS LOVACSKA\\n\\nSZIV\u00c1RV\u00c1NYSZ\u00cdN\u0170 S\u00d6R\u00c9NNYEL,\\nEZ\u00dcST SZ\u00c1RNYAKKAL,\\n\\nPR\u00c9MIUM GYAPJ\u00daFILC..., Meska","image_title":"PEGGY A PEGAZUS CSILLAGMAG-LOVACSKA TERM\u00c9SZETES ANYAGOK GYAPJ\u00daFILC GYAPJ\u00da EGYEDI NEMEZJ\u00c1T\u00c9K WALDORF T\u00dcND\u00c9RLOVACSKA, Meska","view_count":"1234","favourite_count":"22","trending_score":"0","last2MonthFavouriteCount":"20","promotion":"0","giftcard_accept":"0","creditcard_accept":false,"enhanced_background":"0","domain":"meska","specific_customer_id":null,"specific_customer_name":null,"to_order_product":"1","to_order_product_time":"5","product_different":null,"product_different_description":"","vintage":"0","vintage_category_id":"0","recycled":"1","gemstone_id":"0","customizable":"0","type_category":"physical","zerowaste":"1","postage_price":"2390.00","shop_order":"0","has_category":"1","landing_pages":null,"microdata":{"number":53,"category":""},"title":"PEGGY A PEGAZUS CSILLAGMAG-LOVACSKA TERM\u00c9SZETES ANYAGOK GYAPJ\u00daFILC GYAPJ\u00da EGYEDI NEMEZJ\u00c1T\u00c9K WALDORF T\u00dcND\u00c9RLOVACSKA","description":"PEGGY A PEGAZUS\/SZ\u00c1RNYAS LOVACSKA\n\nSZIV\u00c1RV\u00c1NYSZ\u00cdN\u0170 S\u00d6R\u00c9NNYEL,\nEZ\u00dcST SZ\u00c1RNYAKKAL,\n\nPR\u00c9MIUM GYAPJ\u00daFILCB\u0150L,\nKIV\u00c1L\u00d3 MIN\u0150S\u00c9G\u0170 ILLATOS MAGYAR GYAPJ\u00daVAL T\u00d6LTVE.\n\nOEKO-TEX 100 MIN\u0150S\u00cdT\u00c9SSEL RENDELKEZ\u0150 MERCERIZ\u00c1LT PAMUTFONAL S\u00d6R\u00c9NNYEL-FAROKKAL,\nMELY HOSSZ\u00da,\nFONHAT\u00d3, \nFODR\u00c1SZOLHAT\u00d3 :-)\n\nEGYEDI,\nK\u00dcL\u00d6NLEGES,\nMIN\u0150S\u00c9GI ALAPANYAGOKB\u00d3L K\u00c9SZ\u00dcLT,\nAPR\u00d3L\u00c9KOS MUNK\u00c1VAL,\nSZERETETTEL!\n\nM\u00c9RETE: 16 x 17 CM\n\n\n\n","score":0,"formatted_price":"12 900 Ft","image_url":"https:\/\/www.meska.hu\/img\/product\/small\/c\/s\/csillagmag_product_453564_240701190756_16699.jpeg","formatted_url":"https:\/\/www.meska.hu\/p5317269-peggy-a-pegazus-hofeher-gyapjufilcbol-szivarvanyszinu-sorennyel-ezust-szarnyakkal-illatos-gyapjuval-toltve","favourite":false,"in_stock":false,"avatar":"CsillagMag_avatar_453564_1633511873.jpg","delete_from":0,"is_enhanced_background":false,"is_enhanced":false,"product_selection_started":false,"is_active":true,"image_webp_url":"https:\/\/www.meska.hu\/img\/product\/small\/c\/s\/csillagmag_product_453564_240701190756_16699.webp"},{"id":"5613618","shop_id":"36729","user_id":"486156","shop_name":"Banyz","shop_zip":"2094","product_code":"5454091","product_name_old":null,"product_name":"Piros h\u00e1tit\u00e1ska \u00e9s k\u00e9zit\u00e1ska","category_string":"T\u00e1ska & Tok, K\u00e9zit\u00e1ska & v\u00e1llt\u00e1ska, K\u00e9zit\u00e1ska","technic_string":"B\u0151rm\u0171vess\u00e9g, Varr\u00e1s","category_1":"464","category_2":"471","category_3":"1031","category_4":"0","merged_category_1":null,"merged_category_2":null,"merged_category_3":null,"technic_1":"473","technic_2":"506","technic_3":"0","color_1":"514","color_2":"523","color_3":"0","product_description_old":null,"product_description":"Egy h\u00e9tv\u00e9gi kiruccan\u00e1sra pakolva mindig keresem azt, ami egyszerre praktikus \u00e9s k\u00fcl\u00f6nleges. Ez a piros\u2013barna t\u00e1ska mindenhov\u00e1 elk\u00eds\u00e9r: a vas\u00fat\u00e1llom\u00e1sra, a k\u00e1v\u00e9z\u00f3ba, a v\u00e1ratlan kalandokra. Mindig van benne hely egy \u00faj \u00e9lm\u00e9nynek. A legt\u00f6bb n\u0151i t\u00e1ska vagy t\u00fal kicsi a mindennapi pakol\u00e1shoz, vagy t\u00fal sportos az eleg\u00e1ns megjelen\u00e9shez. Sokszor kompromisszumot kell k\u00f6tni st\u00edlus \u00e9s praktikum k\u00f6z\u00f6tt. Ez a modell egyszerre pakol\u00f3s \u00e9s st\u00edlusos. Merev\u00edtett, v\u00edz\u00e1ll\u00f3 m\u0171b\u0151rb\u0151l k\u00e9sz\u00fclt, amely egyszerre tart\u00f3s \u00e9s eleg\u00e1ns. \u00c1tgondolt bels\u0151 tere seg\u00edt rendszerezni a dolgaidat: egy f\u0151 rekesz, egy cipz\u00e1ras \u00e9s k\u00e9t felvarrt zseb, valamint egy k\u00fcls\u0151 cipz\u00e1ras rejtett zseb ad helyet a telefonodnak, kulcsaidnak \u00e9s minden apr\u00f3s\u00e1gnak.\n\n\n\nR\u00c9SZLETES LE\u00cdR\u00c1S:\n\n   - Anyag: piros textilb\u0151r + barna textilb\u0151r\n   - B\u00e9l\u00e9s: strapab\u00edr\u00f3 textil\n   - Merev\u00edtett kialak\u00edt\u00e1s, v\u00edzleperget\u0151 fel\u00fclet\n   - M\u00e9ret: 32 \u00d7 38,5 \u00d7 11 cm \u2013 A4-es dokumentumok is elf\u00e9rnek benne\n   - Bels\u0151 elrendez\u00e9s: 1 f\u0151rekesz, 1 cipz\u00e1ras zseb, 2 felvarrt zseb\n   - K\u00fcls\u0151 r\u00e9sz: 1 cipz\u00e1ras zseb a legfontosabb dolgoknak\n   - F\u00e9mkell\u00e9k: eleg\u00e1ns, tart\u00f3s nikkel\n\n \n\nMI\u00c9RT FOGOD IM\u00c1DNI?\n\n- \u00c1tgondolt pakolhat\u00f3s\u00e1g \u2013 A4-es m\u00e9ret, t\u00f6bb bels\u0151 \u00e9s egy rejtett k\u00fcls\u0151 zseb, \u00edgy mindig rendezetten viheted magaddal a dolgaidat.\n\n- Id\u0151t\u00e1ll\u00f3 min\u0151s\u00e9g \u2013 b\u0151rd\u00edszm\u0171ves k\u00e9zm\u0171ves munka, er\u0151s varr\u00e1sokkal \u00e9s v\u00edz\u00e1ll\u00f3 m\u0171b\u0151rrel.\n\n- Sokoldal\u00fa megjelen\u00e9s \u2013 a piros\u2013barna kombin\u00e1ci\u00f3 energikus \u00e9s eleg\u00e1ns, b\u00e1rmilyen st\u00edlushoz k\u00f6nnyen illeszthet\u0151.\n\n- Mindennapokra \u00e9s utaz\u00e1sra is ide\u00e1lis \u2013 k\u00e9nyelmes p\u00e1ntjai \u00e9s m\u00e9rete miatt j\u00f3l haszn\u00e1lhat\u00f3 munk\u00e1ba, iskol\u00e1ba, v\u00e1rosn\u00e9z\u00e9shez vagy h\u00e9tv\u00e9gi kiruccan\u00e1shoz.\n\n- Egyedi karakter \u2013 nem j\u00f6n veled szembe az utc\u00e1n mindenkin\u00e9l ugyanaz; ez a t\u00e1ska a szem\u00e9lyes st\u00edlusod r\u00e9sze lesz.\n\n \n\nGYAKORI K\u00c9RD\u00c9SEK:\n\nMennyi id\u0151 alatt \u00e9rkezik meg a t\u00e1ska?\n\u2013 Az elk\u00e9sz\u00edt\u00e9si id\u0151 kb. 4 munkanap, ut\u00e1na azonnal post\u00e1zzuk.\n\nMoshat\u00f3 a textilb\u0151r?\n\u2013 A t\u00e1ska anyaga v\u00edzleperget\u0151, el\u00e9g nedves ruh\u00e1val \u00e1tt\u00f6r\u00f6lni, nem ig\u00e9nyel speci\u00e1lis tiszt\u00edt\u00e1st.\n\nMiben m\u00e1s, mint egy boltban kaphat\u00f3 t\u00e1ska?\n\u2013 Ez egy magyar b\u0151rd\u00edszm\u0171ves k\u00e9zimunk\u00e1ja, tart\u00f3sabb \u00e9s egyedibb, mint a sorozatban gy\u00e1rtott darabok.\n\nMennyire biztons\u00e1gos a t\u00e1ska?\n\u2013 A f\u0151rekesz cipz\u00e1rral z\u00e1r\u00f3dik, r\u00e1ad\u00e1sul van k\u00fcl\u00f6n bels\u0151 \u00e9s k\u00fcls\u0151 cipz\u00e1ras zseb is az \u00e9rt\u00e9keidnek (telefon, p\u00e9nzt\u00e1rca, kulcsok).\n\nLehet-e egyedileg k\u00e9rni m\u00e1s sz\u00ednben?\n\u2013 Igen, mivel k\u00e9zm\u0171ves term\u00e9k, egyedi sz\u00edn\u00f6ssze\u00e1ll\u00edt\u00e1sban is el tudjuk k\u00e9sz\u00edteni \u2013 vedd fel vel\u00fcnk a kapcsolatot, \u00e9s megbesz\u00e9lj\u00fck a r\u00e9szleteket.\n\nMilyen alkalmakra aj\u00e1nlj\u00e1tok legink\u00e1bb?\n\u2013 H\u00e9tk\u00f6znapi munk\u00e1ba j\u00e1r\u00e1shoz, bev\u00e1s\u00e1rl\u00e1shoz, egyetemi \u00e9lethez, de ak\u00e1r egy h\u00e9tv\u00e9gi kir\u00e1ndul\u00e1shoz vagy bar\u00e1ti tal\u00e1lkoz\u00f3ra is ide\u00e1lis.\n\n \n\n\n4 SZETT\u00d6TLET A PIROS-BARNA H\u00c1TIT\u00c1SK\u00c1HOZ\n\n\n1. V\u00c1ROSI ROHAN\u00d3S REGGELEKHEZ\n\nEgy vil\u00e1gos farmer, feh\u00e9r sneaker \u00e9s egy laza, oversize b\u00e9zs ing \u2013 ehhez a piros\u2013barna t\u00e1ska azonnal \u00e9letet visz a szettbe. A piros r\u00e9szletek feldobj\u00e1k a letisztult alapokat, a h\u00e1tadra v\u00e9ve pedig szabadon marad a kezed, ha rohanva kell el\u00e9rned a villamost.\n\n\n2. \u0150SZI S\u00c9T\u00c1K HANGULAT\u00c1HOZ\n\nEgy karamell sz\u00edn\u0171 k\u00f6t\u00f6tt kardig\u00e1n, barna bokacsizma \u00e9s egy puha s\u00e1l t\u00f6k\u00e9letes harm\u00f3ni\u00e1t alkot a t\u00e1ska term\u00e9szetes barna r\u00e9szleteivel. A piros \u00e1rnyalat k\u00f6zben meleg kontrasztot teremt, mintha a lehull\u00f3 falevelek sz\u00edneit vinn\u00e9d magaddal mindenhov\u00e1.\n\n\n3. MUNKAHELYI ELEGANCIA\n\nEgy testhez\u00e1ll\u00f3 fekete ruha, bl\u00e9zerrel kieg\u00e9sz\u00edtve, mell\u00e9 klasszikus bokacip\u0151. A t\u00e1ska A4-es m\u00e9rete miatt minden dokumentum k\u00e9nyelmesen elf\u00e9r benne, a piros\u2013barna kombin\u00e1ci\u00f3 pedig pont annyira eleg\u00e1ns, hogy kiemeljen a megszokott irodai \u00f6lt\u00f6zetb\u0151l an\u00e9lk\u00fcl, hogy hivalkod\u00f3 lenne.\n\n\n4. H\u00c9TV\u00c9GI  KIRUCCAN\u00c1SHOZ\n\nEgy k\u00e9nyelmes v\u00e1szon nadr\u00e1g, k\u00f6nny\u0171 sportcip\u0151 \u00e9s egy sz\u00ednes kardig\u00e1n \u2013 a t\u00e1sk\u00e1ba belef\u00e9r a k\u00f6nyved, egy kulacs, s\u0151t m\u00e9g egy v\u00e9kony pulcsi is, ha h\u0171v\u00f6sebbre fordulna az id\u0151. A v\u00edzleperget\u0151 anyagnak k\u00f6sz\u00f6nhet\u0151en az es\u0151 sem ronthatja el a programot.\n\n\n\nMIT \u00dcZEN A PIROS \u00c9S A BARNA SZ\u00cdN VISEL\u0150J\u00c9R\u0150L:\n\nA PIROS \u00fczenete\n\n    \u00c9leter\u0151 \u00e9s szenved\u00e9ly: A piros a vitalit\u00e1s, a b\u00e1tors\u00e1g \u00e9s a magabiztoss\u00e1g sz\u00edne.\n    Figyelemfelkelt\u0151: Aki pirosat visel, \u00e1ltal\u00e1ban nem f\u00e9l a k\u00f6z\u00e9ppontba ker\u00fclni.\n    Pozit\u00edv energia: Sok kult\u00far\u00e1ban a szerencs\u00e9hez, \u00f6r\u00f6mh\u00f6z \u00e9s a szerelemhez kapcsolj\u00e1k.\n\nA BARNA \u00fczenete\n\n    Stabilit\u00e1s \u00e9s megb\u00edzhat\u00f3s\u00e1g: A barna a f\u00f6ld sz\u00edne, ami biztons\u00e1got \u00e9s nyugalmat sugall.\n    Term\u00e9szetess\u00e9g: A term\u00e9szet k\u00f6zels\u00e9g\u00e9t, az egyszer\u0171s\u00e9get \u00e9s a tart\u00f3ss\u00e1got id\u00e9zi.\n    Meleg, otthonos hangulat: Bar\u00e1ts\u00e1gos, k\u00f6zvetlen kisug\u00e1rz\u00e1st k\u00f6lcs\u00f6n\u00f6z a visel\u0151j\u00e9nek.\n\n\nMit mond a KETT\u0150 EGY\u00dcTT?\n\n    Egyens\u00faly a t\u0171z \u00e9s a f\u00f6ld k\u00f6z\u00f6tt: A piros dinamizmus\u00e1t a barna nyugalma tartja egyens\u00falyban, \u00edgy egyszerre sug\u00e1roz energi\u00e1t \u00e9s harm\u00f3ni\u00e1t.\n\n    Modern, m\u00e9gis id\u0151t\u00e1ll\u00f3: Ez a sz\u00ednp\u00e1ros egyszerre divatos \u00e9s klasszikus, ez\u00e9rt hossz\u00fa t\u00e1von is st\u00edlusos marad.\n\n    \u00dczenet m\u00e1soknak: Aki a piros\u2013barn\u00e1t v\u00e1lasztja, annak st\u00edlusa egyszerre sug\u00e1roz magabiztoss\u00e1got, eleganci\u00e1t \u00e9s bels\u0151 harm\u00f3ni\u00e1t.\n","price":"22000.00","unit":"db","recommended":"0","status":"1","sponsored":"0","exp_notify":"0","own_material":"0","own_material_description_old":null,"own_material_description":"","jury":"0","jury_number":"","product_nature":"","meskaracsony":"0","create_date":"2026-03-23 12:12:10","shelve_id":"68449","image":"banyz_product_486156_241206104633_300212.jpeg","image_width":"480","image_height":"480","image_alt":"Piros h\u00e1tit\u00e1ska \u00e9s k\u00e9zit\u00e1ska, Egy h\u00e9tv\u00e9gi kiruccan\u00e1sra pakolva mindig keresem azt, ami egyszerre praktikus \u00e9s k\u00fcl\u00f6nleges. Ez a pir..., Meska","image_title":"Piros h\u00e1tit\u00e1ska \u00e9s k\u00e9zit\u00e1ska, Meska","view_count":"1363","favourite_count":"22","trending_score":"0","last2MonthFavouriteCount":"21","promotion":"0","giftcard_accept":"0","creditcard_accept":true,"enhanced_background":"0","domain":"meska","specific_customer_id":null,"specific_customer_name":null,"to_order_product":"1","to_order_product_time":"6","product_different":null,"product_different_description":"","vintage":"0","vintage_category_id":"0","recycled":"0","gemstone_id":"0","customizable":"0","type_category":"physical","zerowaste":"0","postage_price":"2390.00","shop_order":"23","has_category":"1","landing_pages":null,"microdata":{"number":54,"category":""},"title":"Piros h\u00e1tit\u00e1ska \u00e9s k\u00e9zit\u00e1ska","description":"Egy h\u00e9tv\u00e9gi kiruccan\u00e1sra pakolva mindig keresem azt, ami egyszerre praktikus \u00e9s k\u00fcl\u00f6nleges. Ez a piros\u2013barna t\u00e1ska mindenhov\u00e1 elk\u00eds\u00e9r: a vas\u00fat\u00e1llom\u00e1sra, a k\u00e1v\u00e9z\u00f3ba, a v\u00e1ratlan kalandokra. Mindig van benne hely egy \u00faj \u00e9lm\u00e9nynek. A legt\u00f6bb n\u0151i t\u00e1ska vagy t\u00fal kicsi a mindennapi pakol\u00e1shoz, vagy t\u00fal sportos az eleg\u00e1ns megjelen\u00e9shez. Sokszor kompromisszumot kell k\u00f6tni st\u00edlus \u00e9s praktikum k\u00f6z\u00f6tt. Ez a modell egyszerre pakol\u00f3s \u00e9s st\u00edlusos. Merev\u00edtett, v\u00edz\u00e1ll\u00f3 m\u0171b\u0151rb\u0151l k\u00e9sz\u00fclt, amely egyszerre tart\u00f3s \u00e9s eleg\u00e1ns. \u00c1tgondolt bels\u0151 tere seg\u00edt rendszerezni a dolgaidat: egy f\u0151 rekesz, egy cipz\u00e1ras \u00e9s k\u00e9t felvarrt zseb, valamint egy k\u00fcls\u0151 cipz\u00e1ras rejtett zseb ad helyet a telefonodnak, kulcsaidnak \u00e9s minden apr\u00f3s\u00e1gnak.\n\n\n\nR\u00c9SZLETES LE\u00cdR\u00c1S:\n\n   - Anyag: piros textilb\u0151r + barna textilb\u0151r\n   - B\u00e9l\u00e9s: strapab\u00edr\u00f3 textil\n   - Merev\u00edtett kialak\u00edt\u00e1s, v\u00edzleperget\u0151 fel\u00fclet\n   - M\u00e9ret: 32 \u00d7 38,5 \u00d7 11 cm \u2013 A4-es dokumentumok is elf\u00e9rnek benne\n   - Bels\u0151 elrendez\u00e9s: 1 f\u0151rekesz, 1 cipz\u00e1ras zseb, 2 felvarrt zseb\n   - K\u00fcls\u0151 r\u00e9sz: 1 cipz\u00e1ras zseb a legfontosabb dolgoknak\n   - F\u00e9mkell\u00e9k: eleg\u00e1ns, tart\u00f3s nikkel\n\n \n\nMI\u00c9RT FOGOD IM\u00c1DNI?\n\n- \u00c1tgondolt pakolhat\u00f3s\u00e1g \u2013 A4-es m\u00e9ret, t\u00f6bb bels\u0151 \u00e9s egy rejtett k\u00fcls\u0151 zseb, \u00edgy mindig rendezetten viheted magaddal a dolgaidat.\n\n- Id\u0151t\u00e1ll\u00f3 min\u0151s\u00e9g \u2013 b\u0151rd\u00edszm\u0171ves k\u00e9zm\u0171ves munka, er\u0151s varr\u00e1sokkal \u00e9s v\u00edz\u00e1ll\u00f3 m\u0171b\u0151rrel.\n\n- Sokoldal\u00fa megjelen\u00e9s \u2013 a piros\u2013barna kombin\u00e1ci\u00f3 energikus \u00e9s eleg\u00e1ns, b\u00e1rmilyen st\u00edlushoz k\u00f6nnyen illeszthet\u0151.\n\n- Mindennapokra \u00e9s utaz\u00e1sra is ide\u00e1lis \u2013 k\u00e9nyelmes p\u00e1ntjai \u00e9s m\u00e9rete miatt j\u00f3l haszn\u00e1lhat\u00f3 munk\u00e1ba, iskol\u00e1ba, v\u00e1rosn\u00e9z\u00e9shez vagy h\u00e9tv\u00e9gi kiruccan\u00e1shoz.\n\n- Egyedi karakter \u2013 nem j\u00f6n veled szembe az utc\u00e1n mindenkin\u00e9l ugyanaz; ez a t\u00e1ska a szem\u00e9lyes st\u00edlusod r\u00e9sze lesz.\n\n \n\nGYAKORI K\u00c9RD\u00c9SEK:\n\nMennyi id\u0151 alatt \u00e9rkezik meg a t\u00e1ska?\n\u2013 Az elk\u00e9sz\u00edt\u00e9si id\u0151 kb. 4 munkanap, ut\u00e1na azonnal post\u00e1zzuk.\n\nMoshat\u00f3 a textilb\u0151r?\n\u2013 A t\u00e1ska anyaga v\u00edzleperget\u0151, el\u00e9g nedves ruh\u00e1val \u00e1tt\u00f6r\u00f6lni, nem ig\u00e9nyel speci\u00e1lis tiszt\u00edt\u00e1st.\n\nMiben m\u00e1s, mint egy boltban kaphat\u00f3 t\u00e1ska?\n\u2013 Ez egy magyar b\u0151rd\u00edszm\u0171ves k\u00e9zimunk\u00e1ja, tart\u00f3sabb \u00e9s egyedibb, mint a sorozatban gy\u00e1rtott darabok.\n\nMennyire biztons\u00e1gos a t\u00e1ska?\n\u2013 A f\u0151rekesz cipz\u00e1rral z\u00e1r\u00f3dik, r\u00e1ad\u00e1sul van k\u00fcl\u00f6n bels\u0151 \u00e9s k\u00fcls\u0151 cipz\u00e1ras zseb is az \u00e9rt\u00e9keidnek (telefon, p\u00e9nzt\u00e1rca, kulcsok).\n\nLehet-e egyedileg k\u00e9rni m\u00e1s sz\u00ednben?\n\u2013 Igen, mivel k\u00e9zm\u0171ves term\u00e9k, egyedi sz\u00edn\u00f6ssze\u00e1ll\u00edt\u00e1sban is el tudjuk k\u00e9sz\u00edteni \u2013 vedd fel vel\u00fcnk a kapcsolatot, \u00e9s megbesz\u00e9lj\u00fck a r\u00e9szleteket.\n\nMilyen alkalmakra aj\u00e1nlj\u00e1tok legink\u00e1bb?\n\u2013 H\u00e9tk\u00f6znapi munk\u00e1ba j\u00e1r\u00e1shoz, bev\u00e1s\u00e1rl\u00e1shoz, egyetemi \u00e9lethez, de ak\u00e1r egy h\u00e9tv\u00e9gi kir\u00e1ndul\u00e1shoz vagy bar\u00e1ti tal\u00e1lkoz\u00f3ra is ide\u00e1lis.\n\n \n\n\n4 SZETT\u00d6TLET A PIROS-BARNA H\u00c1TIT\u00c1SK\u00c1HOZ\n\n\n1. V\u00c1ROSI ROHAN\u00d3S REGGELEKHEZ\n\nEgy vil\u00e1gos farmer, feh\u00e9r sneaker \u00e9s egy laza, oversize b\u00e9zs ing \u2013 ehhez a piros\u2013barna t\u00e1ska azonnal \u00e9letet visz a szettbe. A piros r\u00e9szletek feldobj\u00e1k a letisztult alapokat, a h\u00e1tadra v\u00e9ve pedig szabadon marad a kezed, ha rohanva kell el\u00e9rned a villamost.\n\n\n2. \u0150SZI S\u00c9T\u00c1K HANGULAT\u00c1HOZ\n\nEgy karamell sz\u00edn\u0171 k\u00f6t\u00f6tt kardig\u00e1n, barna bokacsizma \u00e9s egy puha s\u00e1l t\u00f6k\u00e9letes harm\u00f3ni\u00e1t alkot a t\u00e1ska term\u00e9szetes barna r\u00e9szleteivel. A piros \u00e1rnyalat k\u00f6zben meleg kontrasztot teremt, mintha a lehull\u00f3 falevelek sz\u00edneit vinn\u00e9d magaddal mindenhov\u00e1.\n\n\n3. MUNKAHELYI ELEGANCIA\n\nEgy testhez\u00e1ll\u00f3 fekete ruha, bl\u00e9zerrel kieg\u00e9sz\u00edtve, mell\u00e9 klasszikus bokacip\u0151. A t\u00e1ska A4-es m\u00e9rete miatt minden dokumentum k\u00e9nyelmesen elf\u00e9r benne, a piros\u2013barna kombin\u00e1ci\u00f3 pedig pont annyira eleg\u00e1ns, hogy kiemeljen a megszokott irodai \u00f6lt\u00f6zetb\u0151l an\u00e9lk\u00fcl, hogy hivalkod\u00f3 lenne.\n\n\n4. H\u00c9TV\u00c9GI  KIRUCCAN\u00c1SHOZ\n\nEgy k\u00e9nyelmes v\u00e1szon nadr\u00e1g, k\u00f6nny\u0171 sportcip\u0151 \u00e9s egy sz\u00ednes kardig\u00e1n \u2013 a t\u00e1sk\u00e1ba belef\u00e9r a k\u00f6nyved, egy kulacs, s\u0151t m\u00e9g egy v\u00e9kony pulcsi is, ha h\u0171v\u00f6sebbre fordulna az id\u0151. A v\u00edzleperget\u0151 anyagnak k\u00f6sz\u00f6nhet\u0151en az es\u0151 sem ronthatja el a programot.\n\n\n\nMIT \u00dcZEN A PIROS \u00c9S A BARNA SZ\u00cdN VISEL\u0150J\u00c9R\u0150L:\n\nA PIROS \u00fczenete\n\n    \u00c9leter\u0151 \u00e9s szenved\u00e9ly: A piros a vitalit\u00e1s, a b\u00e1tors\u00e1g \u00e9s a magabiztoss\u00e1g sz\u00edne.\n    Figyelemfelkelt\u0151: Aki pirosat visel, \u00e1ltal\u00e1ban nem f\u00e9l a k\u00f6z\u00e9ppontba ker\u00fclni.\n    Pozit\u00edv energia: Sok kult\u00far\u00e1ban a szerencs\u00e9hez, \u00f6r\u00f6mh\u00f6z \u00e9s a szerelemhez kapcsolj\u00e1k.\n\nA BARNA \u00fczenete\n\n    Stabilit\u00e1s \u00e9s megb\u00edzhat\u00f3s\u00e1g: A barna a f\u00f6ld sz\u00edne, ami biztons\u00e1got \u00e9s nyugalmat sugall.\n    Term\u00e9szetess\u00e9g: A term\u00e9szet k\u00f6zels\u00e9g\u00e9t, az egyszer\u0171s\u00e9get \u00e9s a tart\u00f3ss\u00e1got id\u00e9zi.\n    Meleg, otthonos hangulat: Bar\u00e1ts\u00e1gos, k\u00f6zvetlen kisug\u00e1rz\u00e1st k\u00f6lcs\u00f6n\u00f6z a visel\u0151j\u00e9nek.\n\n\nMit mond a KETT\u0150 EGY\u00dcTT?\n\n    Egyens\u00faly a t\u0171z \u00e9s a f\u00f6ld k\u00f6z\u00f6tt: A piros dinamizmus\u00e1t a barna nyugalma tartja egyens\u00falyban, \u00edgy egyszerre sug\u00e1roz energi\u00e1t \u00e9s harm\u00f3ni\u00e1t.\n\n    Modern, m\u00e9gis id\u0151t\u00e1ll\u00f3: Ez a sz\u00ednp\u00e1ros egyszerre divatos \u00e9s klasszikus, ez\u00e9rt hossz\u00fa t\u00e1von is st\u00edlusos marad.\n\n    \u00dczenet m\u00e1soknak: Aki a piros\u2013barn\u00e1t v\u00e1lasztja, annak st\u00edlusa egyszerre sug\u00e1roz magabiztoss\u00e1got, eleganci\u00e1t \u00e9s bels\u0151 harm\u00f3ni\u00e1t.\n","score":0,"formatted_price":"22 000 Ft","image_url":"https:\/\/www.meska.hu\/img\/product\/small\/b\/a\/banyz_product_486156_241206104633_300212.jpeg","formatted_url":"https:\/\/www.meska.hu\/p5454091-piros-kezitaska-hatitaska","favourite":false,"in_stock":false,"avatar":"486156_avatar_1710701561.jpeg","delete_from":0,"is_enhanced_background":false,"is_enhanced":false,"product_selection_started":false,"is_active":true,"image_webp_url":"https:\/\/www.meska.hu\/img\/product\/small\/b\/a\/banyz_product_486156_241206104633_300212.webp"},{"id":"5354727","shop_id":"36729","user_id":"486156","shop_name":"Banyz","shop_zip":"2094","product_code":"5296691","product_name_old":null,"product_name":"H\u00e1tit\u00e1ska egyedi mint\u00e1val","category_string":"T\u00e1ska & Tok, H\u00e1tizs\u00e1k, H\u00e1tizs\u00e1k","technic_string":"B\u0151rm\u0171vess\u00e9g, Varr\u00e1s","category_1":"464","category_2":"465","category_3":"1026","category_4":"0","merged_category_1":null,"merged_category_2":null,"merged_category_3":null,"technic_1":"473","technic_2":"506","technic_3":"0","color_1":"520","color_2":"521","color_3":"522","product_description_old":null,"product_description":"H\u00e1tit\u00e1ska belsej\u00e9ben egy rekesszel, egy cipz\u00e1ras \u00e9s k\u00e9t felvarrt zsebbel. \n\nB\u0151rd\u00edszm\u0171ves \u00e1ltal k\u00e9sz\u00edtett, merev\u00edtett, v\u00edz\u00e1ll\u00f3 term\u00e9k.\n\nTerm\u00e9kle\u00edr\u00e1s:\n\nAnyaga: m\u0171b\u0151r, textilb\u0151r\n\nB\u00e9l\u00e9s anyaga: textil\n\nFog\u00f3 anyaga: m\u0171b\u0151r\n\nSz\u00edn: fekete - k\u00e9k - lila\n\nZ\u00e1r\u00f3d\u00e1s cipz\u00e1rral\n\nM\u00e9ret:\n 32 cm x 37 cm x 9 cm\nMagass\u00e1g: 37 cm\n\nA4-es m\u00e9ret\n\n\u00c1ll\u00edthat\u00f3 h\u00e1tit\u00e1ska p\u00e1nt\n\nBelsej\u00e9ben 1 rekesz\n\nBels\u0151 zsebek: 1 cipz\u00e1ras zseb, 2 felvarrt zseb\n\nK\u00fcls\u0151 zsebek: 1 cipz\u00e1ras zseb\n\nF\u00e9mkell\u00e9k: fekete                                                        ","price":"24000.00","unit":"db","recommended":"0","status":"1","sponsored":"0","exp_notify":"0","own_material":"0","own_material_description_old":null,"own_material_description":"","jury":"0","jury_number":"","product_nature":"","meskaracsony":"0","create_date":"2026-04-09 08:07:48","shelve_id":"68449","image":"banyz_product_486156_240529205945_171184.jpeg","image_width":"480","image_height":"480","image_alt":"H\u00e1tit\u00e1ska egyedi mint\u00e1val, H\u00e1tit\u00e1ska belsej\u00e9ben egy rekesszel, egy cipz\u00e1ras \u00e9s k\u00e9t felvarrt zsebbel. \\n\\nB\u0151rd\u00edszm\u0171ves \u00e1ltal k\u00e9sz\u00ed..., Meska","image_title":"H\u00e1tit\u00e1ska egyedi mint\u00e1val, Meska","view_count":"1644","favourite_count":"22","trending_score":"0","last2MonthFavouriteCount":"21","promotion":"0","giftcard_accept":"0","creditcard_accept":true,"enhanced_background":"0","domain":"meska","specific_customer_id":null,"specific_customer_name":null,"to_order_product":"1","to_order_product_time":"7","product_different":null,"product_different_description":"","vintage":"0","vintage_category_id":"0","recycled":"0","gemstone_id":"0","customizable":"0","type_category":"physical","zerowaste":"0","postage_price":"2390.00","shop_order":"7","has_category":"1","landing_pages":null,"microdata":{"number":55,"category":""},"title":"H\u00e1tit\u00e1ska egyedi mint\u00e1val","description":"H\u00e1tit\u00e1ska belsej\u00e9ben egy rekesszel, egy cipz\u00e1ras \u00e9s k\u00e9t felvarrt zsebbel. \n\nB\u0151rd\u00edszm\u0171ves \u00e1ltal k\u00e9sz\u00edtett, merev\u00edtett, v\u00edz\u00e1ll\u00f3 term\u00e9k.\n\nTerm\u00e9kle\u00edr\u00e1s:\n\nAnyaga: m\u0171b\u0151r, textilb\u0151r\n\nB\u00e9l\u00e9s anyaga: textil\n\nFog\u00f3 anyaga: m\u0171b\u0151r\n\nSz\u00edn: fekete - k\u00e9k - lila\n\nZ\u00e1r\u00f3d\u00e1s cipz\u00e1rral\n\nM\u00e9ret:\n 32 cm x 37 cm x 9 cm\nMagass\u00e1g: 37 cm\n\nA4-es m\u00e9ret\n\n\u00c1ll\u00edthat\u00f3 h\u00e1tit\u00e1ska p\u00e1nt\n\nBelsej\u00e9ben 1 rekesz\n\nBels\u0151 zsebek: 1 cipz\u00e1ras zseb, 2 felvarrt zseb\n\nK\u00fcls\u0151 zsebek: 1 cipz\u00e1ras zseb\n\nF\u00e9mkell\u00e9k: fekete                                                        ","score":0,"formatted_price":"24 000 Ft","image_url":"https:\/\/www.meska.hu\/img\/product\/small\/b\/a\/banyz_product_486156_240529205945_171184.jpeg","formatted_url":"https:\/\/www.meska.hu\/p5296691-hatitaska-egyedi-mintaval","favourite":false,"in_stock":false,"avatar":"486156_avatar_1710701561.jpeg","delete_from":0,"is_enhanced_background":false,"is_enhanced":false,"product_selection_started":false,"is_active":true,"image_webp_url":"https:\/\/www.meska.hu\/img\/product\/small\/b\/a\/banyz_product_486156_240529205945_171184.webp"},{"id":"4816680","shop_id":"4552","user_id":"16790","shop_name":"KeraMici","shop_zip":"8646","product_code":"4966365","product_name_old":null,"product_name":"N\u00f6v\u00e9nyjel\u00f6l\u0151 tart\u00f3 ed\u00e9nyke, cica form\u00e1j\u00fa kis kasp\u00f3","category_string":"Otthon & \u00c9letm\u00f3d, H\u00e1z & Kert, N\u00f6v\u00e9ny & Vetem\u00e9nyes","technic_string":"Ker\u00e1mia","category_1":"813","category_2":"897","category_3":"968","category_4":"0","merged_category_1":null,"merged_category_2":null,"merged_category_3":null,"technic_1":"489","technic_2":"0","technic_3":"0","color_1":"519","color_2":"525","color_3":"528","product_description_old":null,"product_description":"Korongozott, cica form\u00e1j\u00fa kis ed\u00e9nyke, amiben a n\u00f6v\u00e9nyjel\u00f6l\u0151ket tudod t\u00e1rolni, amikor nincsenek \"szolg\u00e1latban\". :)\nCeruzatart\u00f3k\u00e9nt, vagy kis kasp\u00f3k\u00e9nt is haszn\u00e1lhatod.\nMagass\u00e1ga kb. 10 cm; \u00e1t\u00e9r\u0151je kb. 9 cm.\nK\u00e9t sz\u00ednb\u0151l tudsz v\u00e1lasztani, a jel\u00f6l\u0151ket k\u00fcl\u00f6n tudod \u00f6sszev\u00e1logatni \u00e9s megv\u00e1s\u00e1rolni hozz\u00e1.\nEz a felt\u00f6lt\u00e9s csak a cic\u00e1s ed\u00e9nyk\u00e9re vonatkozik.","price":"3500.00","unit":"db","recommended":"0","status":"1","sponsored":"0","exp_notify":"0","own_material":"0","own_material_description_old":null,"own_material_description":"","jury":"0","jury_number":"","product_nature":"","meskaracsony":"0","create_date":"2026-01-17 20:56:33","shelve_id":"61887","image":"keramici_product_16790_260318202837_288857.jpeg","image_width":"480","image_height":"480","image_alt":"N\u00f6v\u00e9nyjel\u00f6l\u0151 tart\u00f3 ed\u00e9nyke, cica form\u00e1j\u00fa kis kasp\u00f3, Korongozott, cica form\u00e1j\u00fa kis ed\u00e9nyke, amiben a n\u00f6v\u00e9nyjel\u00f6l\u0151ket tudod t\u00e1rolni, amikor nincsenek \\\"szo..., Meska","image_title":"N\u00f6v\u00e9nyjel\u00f6l\u0151 tart\u00f3 ed\u00e9nyke, cica form\u00e1j\u00fa kis kasp\u00f3, Meska","view_count":"1043","favourite_count":"22","trending_score":"0","last2MonthFavouriteCount":"20","promotion":"0","giftcard_accept":"1","creditcard_accept":true,"enhanced_background":"0","domain":"meska","specific_customer_id":null,"specific_customer_name":null,"to_order_product":"0","to_order_product_time":"0","product_different":null,"product_different_description":"","vintage":"0","vintage_category_id":"0","recycled":"0","gemstone_id":"0","customizable":"0","type_category":"physical","zerowaste":"0","postage_price":"4872.00","shop_order":"0","has_category":"1","landing_pages":null,"microdata":{"number":56,"category":""},"title":"N\u00f6v\u00e9nyjel\u00f6l\u0151 tart\u00f3 ed\u00e9nyke, cica form\u00e1j\u00fa kis kasp\u00f3","description":"Korongozott, cica form\u00e1j\u00fa kis ed\u00e9nyke, amiben a n\u00f6v\u00e9nyjel\u00f6l\u0151ket tudod t\u00e1rolni, amikor nincsenek \"szolg\u00e1latban\". :)\nCeruzatart\u00f3k\u00e9nt, vagy kis kasp\u00f3k\u00e9nt is haszn\u00e1lhatod.\nMagass\u00e1ga kb. 10 cm; \u00e1t\u00e9r\u0151je kb. 9 cm.\nK\u00e9t sz\u00ednb\u0151l tudsz v\u00e1lasztani, a jel\u00f6l\u0151ket k\u00fcl\u00f6n tudod \u00f6sszev\u00e1logatni \u00e9s megv\u00e1s\u00e1rolni hozz\u00e1.\nEz a felt\u00f6lt\u00e9s csak a cic\u00e1s ed\u00e9nyk\u00e9re vonatkozik.","score":0,"formatted_price":"3 500 Ft","image_url":"https:\/\/www.meska.hu\/img\/product\/small\/k\/e\/keramici_product_16790_260318202837_288857.jpeg","formatted_url":"https:\/\/www.meska.hu\/p4966365-novenyjelolo-tarto-edenyke-cica","favourite":false,"in_stock":true,"avatar":"KeraMici_avatar_16790_1516883987.jpg","delete_from":0,"is_enhanced_background":false,"is_enhanced":false,"product_selection_started":false,"is_active":true,"image_webp_url":"https:\/\/www.meska.hu\/img\/product\/small\/k\/e\/keramici_product_16790_260318202837_288857.webp"},{"id":"6016676","shop_id":"43934","user_id":"631552","shop_name":"Zuzmocity","shop_zip":"1164","product_code":"5682400","product_name_old":null,"product_name":"Zuzm\u00f3s \u00e9letfa erezett 30 cm - val\u00f3di izlandi zuzm\u00f3val","category_string":"Otthon & \u00c9letm\u00f3d, Dekor\u00e1ci\u00f3, Fali \u00e9s f\u00fcgg\u0151 dekor\u00e1ci\u00f3, Zuzm\u00f3k\u00e9p, Mohak\u00e9p","technic_string":"","category_1":"813","category_2":"314","category_3":"1470","category_4":"1584","merged_category_1":null,"merged_category_2":null,"merged_category_3":null,"technic_1":"0","technic_2":"0","technic_3":"0","color_1":"529","color_2":"0","color_3":"0","product_description_old":null,"product_description":"Tart\u00f3s\u00edtott, gondoz\u00e1smentes pr\u00e9mium izlandi zuzm\u00f3b\u00f3l k\u00e9sz\u00fclt \u00e9letfa, melynek nemcsak a lombja, de a t\u00f6rzse\/gy\u00f6kere is 3 dimenzi\u00f3s.. \nTerm\u00e9szetes anyag, nem m\u0171! Gy\u00f6ny\u00f6r\u0171, ig\u00e9nyes 3D fali dekor\u00e1ci\u00f3, mely beviszi a term\u00e9szetet az otthonodba, nyugalmat, harm\u00f3ni\u00e1t sug\u00e1roz.\nA ZUZM\u00d3S  \u00c9LETFA TELJESEN GONDOZ\u00c1SMENTES! K\u00fcl\u00f6nlegess\u00e9ge miatt aj\u00e1nd\u00e9knak is kiv\u00e1l\u00f3!\n\nM\u00e9rete: 30 cm \u00e1tm\u00e9r\u0151 (Boltomban el\u00e9rhet\u0151 50 cm \u00e1tm\u00e9r\u0151vel is a zuzm\u00f3s \u00e9letfa) Ha m\u00e1s m\u00e9retet szeretn\u00e9l, az is megoldhat\u00f3, \u00edrj \u00fczenetet!\n  \nKIZ\u00c1R\u00d3LAG KEREK FEJ\u0170, PR\u00c9MIUM ZUZM\u00d3T HASZN\u00c1LUNK, mely nem egyezik meg a vir\u00e1gosokn\u00e1l, hobbiboltokban kaphat\u00f3 zuzm\u00f3 min\u0151s\u00e9g\u00e9vel!\n\nHa vegyesen szeretn\u00e9d a lombkorona sz\u00edneit, v\u00e1laszd a \"T\u00f6bb sz\u00edn\" opci\u00f3t, ekkor a k\u00e9pen l\u00e1that\u00f3 sz\u00edn\u00f6ssze\u00e1ll\u00edt\u00e1st k\u00fcld\u00f6m. (Ha m\u00e1s sz\u00ednkombin\u00e1ci\u00f3t szeretn\u00e9l, a MEGJEGYZ\u00c9Sben sorold fel, milyen sz\u00edneket k\u00e9rsz.)\n\nA zuzm\u00f3s \u00c9LETFA az egyik legn\u00e9pszer\u0171bb term\u00e9k\u00fcnk, \u0151si szimb\u00f3lum, amely sz\u00e1mos kult\u00far\u00e1ban \u00e9s vall\u00e1sban megtal\u00e1lhat\u00f3. Az \u00f6sszekapcsol\u00f3d\u00e1st \u00e9s az \u00e9let k\u00f6rforg\u00e1s\u00e1t jelk\u00e9pezi. \n\nSzimbolikusan az \u00c9letf\u00e1t gyakran az \u00e9let forr\u00e1s\u00e1nak \u00e9s a visszat\u00e9r\u00e9s hely\u00e9nek tekintik. \nAz \u00e9letfa gy\u00f6kerei m\u00e9lyen a f\u00f6ldbe hatolnak, \u00e9s az alatta t\u00e1rolt t\u00e1pl\u00e1l\u00e9kot \u00e9s b\u00f6lcsess\u00e9get mer\u00edtik, m\u00edg \u00e1gai az \u00e9g fel\u00e9 ny\u00falnak, a f\u00e9ny \u00e9s a tud\u00e1s fel\u00e9 t\u00f6rekedve. A szil\u00e1rdan \u00e1ll\u00f3 t\u00f6rzs a rugalmass\u00e1got \u00e9s az er\u0151t szimboliz\u00e1lja, \u00e9s t\u00e1mogatja, v\u00e9di, eteti a t\u0151le f\u00fcgg\u0151 sok-sok \u00e9letform\u00e1t.\n\nA stabiliz\u00e1lt (tart\u00f3s\u00edtott) r\u00e9nszarvaszuzm\u00f3val k\u00e9sz\u00fcl\u0151 \u00e9letfa nemcsak \u00fcde z\u00f6ld sz\u00edn\u0171, hanem tapint\u00e1sra is puha, finom \u00e9rzetet ad, hiszen val\u00f3di zuzm\u00f3val k\u00e9sz\u00fclt, \u00e1m m\u00e9gis gondoz\u00e1smentes!\n\nMi\u00e9rt j\u00f3 az izlandi zuzm\u00f3b\u00f3l k\u00e9sz\u00fclt (\u00e9letfa) dekor\u00e1ci\u00f3?\n\n\u2022 Rendk\u00edv\u00fcl dekorat\u00edv \u00e9s puha\n\u2022 Tart\u00f3s (10-15 \u00e9v)\n\u2022 100% term\u00e9szetes, nem m\u0171anyag\n\u2022 Gondoz\u00e1smentes\n\u2022 Nem ig\u00e9nyel f\u00e9nyt\n\u2022 K\u00f6rnyezetbar\u00e1t\n\u2022 Nem vonzza a rovarokat\n\u2022 Nem vonzza a port\n\u2022 Antiallerg\u00e9n\n\nZuzm\u00f3 \u00e9letfa elhelyez\u00e9se: belt\u00e9ren, tart\u00f3s t\u0171z\u0151 napt\u00f3l v\u00e9dett helyen.\n","price":"21900.00","unit":"db","recommended":"0","status":"1","sponsored":"0","exp_notify":"0","own_material":"0","own_material_description_old":null,"own_material_description":"","jury":"0","jury_number":"","product_nature":"","meskaracsony":"0","create_date":"2026-04-13 16:09:43","shelve_id":"0","image":"zuzmocity_product_631552_251204190427_204736.jpeg","image_width":"480","image_height":"480","image_alt":"Zuzm\u00f3s \u00e9letfa erezett 30 cm - val\u00f3di izlandi zuzm\u00f3val, Tart\u00f3s\u00edtott, gondoz\u00e1smentes pr\u00e9mium izlandi zuzm\u00f3b\u00f3l k\u00e9sz\u00fclt \u00e9letfa, melynek nemcsak a lombja, de a ..., Meska","image_title":"Zuzm\u00f3s \u00e9letfa erezett 30 cm - val\u00f3di izlandi zuzm\u00f3val, Meska","view_count":"1074","favourite_count":"22","trending_score":"0","last2MonthFavouriteCount":"21","promotion":"0","giftcard_accept":"0","creditcard_accept":false,"enhanced_background":"0","domain":"meska","specific_customer_id":null,"specific_customer_name":null,"to_order_product":"0","to_order_product_time":"0","product_different":null,"product_different_description":"","vintage":"0","vintage_category_id":"0","recycled":"0","gemstone_id":"0","customizable":"0","type_category":"physical","zerowaste":"0","postage_price":"1290.00","shop_order":"0","has_category":"1","landing_pages":null,"microdata":{"number":57,"category":""},"title":"Zuzm\u00f3s \u00e9letfa erezett 30 cm - val\u00f3di izlandi zuzm\u00f3val","description":"Tart\u00f3s\u00edtott, gondoz\u00e1smentes pr\u00e9mium izlandi zuzm\u00f3b\u00f3l k\u00e9sz\u00fclt \u00e9letfa, melynek nemcsak a lombja, de a t\u00f6rzse\/gy\u00f6kere is 3 dimenzi\u00f3s.. \nTerm\u00e9szetes anyag, nem m\u0171! Gy\u00f6ny\u00f6r\u0171, ig\u00e9nyes 3D fali dekor\u00e1ci\u00f3, mely beviszi a term\u00e9szetet az otthonodba, nyugalmat, harm\u00f3ni\u00e1t sug\u00e1roz.\nA ZUZM\u00d3S  \u00c9LETFA TELJESEN GONDOZ\u00c1SMENTES! K\u00fcl\u00f6nlegess\u00e9ge miatt aj\u00e1nd\u00e9knak is kiv\u00e1l\u00f3!\n\nM\u00e9rete: 30 cm \u00e1tm\u00e9r\u0151 (Boltomban el\u00e9rhet\u0151 50 cm \u00e1tm\u00e9r\u0151vel is a zuzm\u00f3s \u00e9letfa) Ha m\u00e1s m\u00e9retet szeretn\u00e9l, az is megoldhat\u00f3, \u00edrj \u00fczenetet!\n  \nKIZ\u00c1R\u00d3LAG KEREK FEJ\u0170, PR\u00c9MIUM ZUZM\u00d3T HASZN\u00c1LUNK, mely nem egyezik meg a vir\u00e1gosokn\u00e1l, hobbiboltokban kaphat\u00f3 zuzm\u00f3 min\u0151s\u00e9g\u00e9vel!\n\nHa vegyesen szeretn\u00e9d a lombkorona sz\u00edneit, v\u00e1laszd a \"T\u00f6bb sz\u00edn\" opci\u00f3t, ekkor a k\u00e9pen l\u00e1that\u00f3 sz\u00edn\u00f6ssze\u00e1ll\u00edt\u00e1st k\u00fcld\u00f6m. (Ha m\u00e1s sz\u00ednkombin\u00e1ci\u00f3t szeretn\u00e9l, a MEGJEGYZ\u00c9Sben sorold fel, milyen sz\u00edneket k\u00e9rsz.)\n\nA zuzm\u00f3s \u00c9LETFA az egyik legn\u00e9pszer\u0171bb term\u00e9k\u00fcnk, \u0151si szimb\u00f3lum, amely sz\u00e1mos kult\u00far\u00e1ban \u00e9s vall\u00e1sban megtal\u00e1lhat\u00f3. Az \u00f6sszekapcsol\u00f3d\u00e1st \u00e9s az \u00e9let k\u00f6rforg\u00e1s\u00e1t jelk\u00e9pezi. \n\nSzimbolikusan az \u00c9letf\u00e1t gyakran az \u00e9let forr\u00e1s\u00e1nak \u00e9s a visszat\u00e9r\u00e9s hely\u00e9nek tekintik. \nAz \u00e9letfa gy\u00f6kerei m\u00e9lyen a f\u00f6ldbe hatolnak, \u00e9s az alatta t\u00e1rolt t\u00e1pl\u00e1l\u00e9kot \u00e9s b\u00f6lcsess\u00e9get mer\u00edtik, m\u00edg \u00e1gai az \u00e9g fel\u00e9 ny\u00falnak, a f\u00e9ny \u00e9s a tud\u00e1s fel\u00e9 t\u00f6rekedve. A szil\u00e1rdan \u00e1ll\u00f3 t\u00f6rzs a rugalmass\u00e1got \u00e9s az er\u0151t szimboliz\u00e1lja, \u00e9s t\u00e1mogatja, v\u00e9di, eteti a t\u0151le f\u00fcgg\u0151 sok-sok \u00e9letform\u00e1t.\n\nA stabiliz\u00e1lt (tart\u00f3s\u00edtott) r\u00e9nszarvaszuzm\u00f3val k\u00e9sz\u00fcl\u0151 \u00e9letfa nemcsak \u00fcde z\u00f6ld sz\u00edn\u0171, hanem tapint\u00e1sra is puha, finom \u00e9rzetet ad, hiszen val\u00f3di zuzm\u00f3val k\u00e9sz\u00fclt, \u00e1m m\u00e9gis gondoz\u00e1smentes!\n\nMi\u00e9rt j\u00f3 az izlandi zuzm\u00f3b\u00f3l k\u00e9sz\u00fclt (\u00e9letfa) dekor\u00e1ci\u00f3?\n\n\u2022 Rendk\u00edv\u00fcl dekorat\u00edv \u00e9s puha\n\u2022 Tart\u00f3s (10-15 \u00e9v)\n\u2022 100% term\u00e9szetes, nem m\u0171anyag\n\u2022 Gondoz\u00e1smentes\n\u2022 Nem ig\u00e9nyel f\u00e9nyt\n\u2022 K\u00f6rnyezetbar\u00e1t\n\u2022 Nem vonzza a rovarokat\n\u2022 Nem vonzza a port\n\u2022 Antiallerg\u00e9n\n\nZuzm\u00f3 \u00e9letfa elhelyez\u00e9se: belt\u00e9ren, tart\u00f3s t\u0171z\u0151 napt\u00f3l v\u00e9dett helyen.\n","score":0,"formatted_price":"21 900 Ft","image_url":"https:\/\/www.meska.hu\/img\/product\/small\/z\/u\/zuzmocity_product_631552_251204190427_204736.jpeg","formatted_url":"https:\/\/www.meska.hu\/p5682400-eletfa-erezett-valodi-izlandi-zuzmoval","favourite":false,"in_stock":true,"avatar":"631552_avatar_1705325562.jpeg","delete_from":0,"is_enhanced_background":false,"is_enhanced":false,"product_selection_started":false,"is_active":true,"image_webp_url":"https:\/\/www.meska.hu\/img\/product\/small\/z\/u\/zuzmocity_product_631552_251204190427_204736.webp"},{"id":"5864951","shop_id":"36729","user_id":"486156","shop_name":"Banyz","shop_zip":"2094","product_code":"5591205","product_name_old":null,"product_name":"T\u00f6bbfunkci\u00f3s t\u00e1ska, h\u00e1tit\u00e1ska, k\u00e9zit\u00e1ska, v\u00e1llt\u00e1ska, feh\u00e9r -b\u00e9zs sz\u00ednben","category_string":"T\u00e1ska & Tok, H\u00e1tizs\u00e1k, H\u00e1tizs\u00e1k","technic_string":"B\u0151rm\u0171vess\u00e9g, Varr\u00e1s","category_1":"464","category_2":"465","category_3":"1026","category_4":"0","merged_category_1":null,"merged_category_2":null,"merged_category_3":null,"technic_1":"473","technic_2":"506","technic_3":"0","color_1":"515","color_2":"519","color_3":"0","product_description_old":null,"product_description":"Ez a t\u00e1ska igazi \u00e1tv\u00e1ltoz\u00f3m\u0171v\u00e9sz. Mindig alkalmazkodik hozz\u00e1d. Ha munk\u00e1ba m\u00e9sz, k\u00e9nyelmesen hordod h\u00e1tizs\u00e1kk\u00e9nt. Ha csak beugrasz a v\u00e1rosba, laza v\u00e1llt\u00e1ska st\u00edlusban k\u00eds\u00e9r. Praktikus bels\u0151 kialak\u00edt\u00e1sa miatt b\u0151ven elf\u00e9r benne minden, ami egy rohan\u00f3s h\u00e9tk\u00f6znaphoz vagy egy spont\u00e1n kiruccan\u00e1shoz kell. Ha nem akarsz t\u00fal felt\u0171n\u0151 lenni, de m\u00e9gis st\u00edlusos megjelen\u00e9sre v\u00e1gysz akkor a b\u00e9zs - feh\u00e9r kieg\u00e9sz\u00edt\u0151k pont neked val\u00f3k.\n\n\n\nTerm\u00e9kle\u00edr\u00e1s:\n\nB\u0151rd\u00edszm\u0171ves \u00e1ltal k\u00e9sz\u00edtett, merev\u00edtett, v\u00edz\u00e1ll\u00f3 term\u00e9k.\n\nAnyaga: m\u0171b\u0151r, textilb\u0151r\n\nB\u00e9l\u00e9s anyaga: textil\n\nFog\u00f3 anyaga: m\u0171b\u0151r\n\nSz\u00edn: feh\u00e9r - b\u00e9zs\n\nZ\u00e1r\u00f3d\u00e1s cipz\u00e1rral\n\nM\u00e9ret:\n32 cm x 37 cm x 9 cm\nMagass\u00e1g: 37 cm\n\n\nA4-es m\u00e9ret\n\n\u00c1ll\u00edthat\u00f3 \u00e9s \u00e1tcsatolhat\u00f3 v\u00e1llp\u00e1nt\n\nBelsej\u00e9ben 1 rekesz\n\nBels\u0151 zsebek: 1 cipz\u00e1ras zseb, 2 felvarrt zseb\n\nK\u00fcls\u0151 zsebek: 1 cipz\u00e1ras zseb\n\nF\u00e9mkell\u00e9k: nikkel \n\n\n\nMi\u00e9rt pont ez a t\u00e1ska???\n\n- Egy t\u00e1ska \u2013 h\u00e1romf\u00e9le st\u00edlus! Legyen sz\u00f3 rohan\u00f3s h\u00e9tk\u00f6znapokr\u00f3l, v\u00e1rosi s\u00e9t\u00e1r\u00f3l vagy egy laza k\u00e1v\u00e9z\u00e1sr\u00f3l, ez a t\u00f6bbfunkci\u00f3s t\u00e1ska mindig alkalmazkodik hozz\u00e1d. H\u00e1tit\u00e1skak\u00e9nt k\u00e9nyelmes, k\u00e9zit\u00e1skak\u00e9nt eleg\u00e1ns, v\u00e1llt\u00e1skak\u00e9nt pedig laza \u00e9s trendi.\n-  Visszafogott, term\u00e9szetes sz\u00ednvil\u00e1ga b\u00e1rmilyen szettel harmoniz\u00e1l, az egyedi minta pedig garant\u00e1ltan kiemel a t\u00f6megb\u0151l.\n-  Itthon k\u00e9sz\u00fclt, min\u0151s\u00e9gi b\u0151rd\u00edszm\u0171ves darab.\n\n\nSzett \u00f6tletek?\n\n- Irodai napokra: feh\u00e9r ing, sz\u00f6vetnadr\u00e1g, eleg\u00e1ns cip\u0151 \u2013 a t\u00e1ska pedig viszi a laptopot, hogy neked ne kelljen k\u00e9zben cipelni.\n\n- H\u00e9tv\u00e9gi rohan\u00e1sra: farmer, p\u00f3l\u00f3, sportcip\u0151 \u2013 \u00edgy laza h\u00e1tit\u00e1ska \u00fczemm\u00f3dban t\u00f6k\u00e9letes.\n\n- K\u00e1v\u00e9z\u00f3s d\u00e9lut\u00e1nokra: csinos ruha, bokacsizma \u2013 k\u00e9zit\u00e1ska m\u00f3dban extra eleganci\u00e1t ad.\n\n \n\nA b\u00e9zs\u2013feh\u00e9r sz\u00ednkombin\u00e1ci\u00f3 nagyon finom \u00e9s letisztult \u00fczenetet hordoz a visel\u0151j\u00e9r\u0151l. Aki a feh\u00e9r - b\u00e9zs sz\u00ednp\u00e1rost v\u00e1lasztja, \u00e1ltal\u00e1ban nem k\u00f6veti vakon a trendeket, ink\u00e1bb tudatosan v\u00e1logatja meg darabjait. Szereti az id\u0151t\u00e1ll\u00f3, harmonikus megjelen\u00e9st.\n","price":"24000.00","unit":"db","recommended":"0","status":"1","sponsored":"0","exp_notify":"0","own_material":"0","own_material_description_old":null,"own_material_description":"","jury":"0","jury_number":"","product_nature":"","meskaracsony":"0","create_date":"2026-03-15 18:10:27","shelve_id":"68449","image":"banyz_product_486156_250729112234_606554.jpeg","image_width":"480","image_height":"480","image_alt":"T\u00f6bbfunkci\u00f3s t\u00e1ska, h\u00e1tit\u00e1ska, k\u00e9zit\u00e1ska, v\u00e1llt\u00e1ska, feh\u00e9r -b\u00e9zs sz\u00ednben, Ez a t\u00e1ska igazi \u00e1tv\u00e1ltoz\u00f3m\u0171v\u00e9sz. Mindig alkalmazkodik hozz\u00e1d. Ha munk\u00e1ba m\u00e9sz, k\u00e9nyelmesen hordod h..., Meska","image_title":"T\u00f6bbfunkci\u00f3s t\u00e1ska, h\u00e1tit\u00e1ska, k\u00e9zit\u00e1ska, v\u00e1llt\u00e1ska, feh\u00e9r -b\u00e9zs sz\u00ednben, Meska","view_count":"707","favourite_count":"22","trending_score":"0","last2MonthFavouriteCount":"0","promotion":"0","giftcard_accept":"0","creditcard_accept":true,"enhanced_background":"0","domain":"meska","specific_customer_id":null,"specific_customer_name":null,"to_order_product":"1","to_order_product_time":"6","product_different":null,"product_different_description":"","vintage":"0","vintage_category_id":"0","recycled":"0","gemstone_id":"0","customizable":"0","type_category":"physical","zerowaste":"0","postage_price":"2390.00","shop_order":"1","has_category":"1","landing_pages":null,"microdata":{"number":58,"category":""},"title":"T\u00f6bbfunkci\u00f3s t\u00e1ska, h\u00e1tit\u00e1ska, k\u00e9zit\u00e1ska, v\u00e1llt\u00e1ska, feh\u00e9r -b\u00e9zs sz\u00ednben","description":"Ez a t\u00e1ska igazi \u00e1tv\u00e1ltoz\u00f3m\u0171v\u00e9sz. Mindig alkalmazkodik hozz\u00e1d. Ha munk\u00e1ba m\u00e9sz, k\u00e9nyelmesen hordod h\u00e1tizs\u00e1kk\u00e9nt. Ha csak beugrasz a v\u00e1rosba, laza v\u00e1llt\u00e1ska st\u00edlusban k\u00eds\u00e9r. Praktikus bels\u0151 kialak\u00edt\u00e1sa miatt b\u0151ven elf\u00e9r benne minden, ami egy rohan\u00f3s h\u00e9tk\u00f6znaphoz vagy egy spont\u00e1n kiruccan\u00e1shoz kell. Ha nem akarsz t\u00fal felt\u0171n\u0151 lenni, de m\u00e9gis st\u00edlusos megjelen\u00e9sre v\u00e1gysz akkor a b\u00e9zs - feh\u00e9r kieg\u00e9sz\u00edt\u0151k pont neked val\u00f3k.\n\n\n\nTerm\u00e9kle\u00edr\u00e1s:\n\nB\u0151rd\u00edszm\u0171ves \u00e1ltal k\u00e9sz\u00edtett, merev\u00edtett, v\u00edz\u00e1ll\u00f3 term\u00e9k.\n\nAnyaga: m\u0171b\u0151r, textilb\u0151r\n\nB\u00e9l\u00e9s anyaga: textil\n\nFog\u00f3 anyaga: m\u0171b\u0151r\n\nSz\u00edn: feh\u00e9r - b\u00e9zs\n\nZ\u00e1r\u00f3d\u00e1s cipz\u00e1rral\n\nM\u00e9ret:\n32 cm x 37 cm x 9 cm\nMagass\u00e1g: 37 cm\n\n\nA4-es m\u00e9ret\n\n\u00c1ll\u00edthat\u00f3 \u00e9s \u00e1tcsatolhat\u00f3 v\u00e1llp\u00e1nt\n\nBelsej\u00e9ben 1 rekesz\n\nBels\u0151 zsebek: 1 cipz\u00e1ras zseb, 2 felvarrt zseb\n\nK\u00fcls\u0151 zsebek: 1 cipz\u00e1ras zseb\n\nF\u00e9mkell\u00e9k: nikkel \n\n\n\nMi\u00e9rt pont ez a t\u00e1ska???\n\n- Egy t\u00e1ska \u2013 h\u00e1romf\u00e9le st\u00edlus! Legyen sz\u00f3 rohan\u00f3s h\u00e9tk\u00f6znapokr\u00f3l, v\u00e1rosi s\u00e9t\u00e1r\u00f3l vagy egy laza k\u00e1v\u00e9z\u00e1sr\u00f3l, ez a t\u00f6bbfunkci\u00f3s t\u00e1ska mindig alkalmazkodik hozz\u00e1d. H\u00e1tit\u00e1skak\u00e9nt k\u00e9nyelmes, k\u00e9zit\u00e1skak\u00e9nt eleg\u00e1ns, v\u00e1llt\u00e1skak\u00e9nt pedig laza \u00e9s trendi.\n-  Visszafogott, term\u00e9szetes sz\u00ednvil\u00e1ga b\u00e1rmilyen szettel harmoniz\u00e1l, az egyedi minta pedig garant\u00e1ltan kiemel a t\u00f6megb\u0151l.\n-  Itthon k\u00e9sz\u00fclt, min\u0151s\u00e9gi b\u0151rd\u00edszm\u0171ves darab.\n\n\nSzett \u00f6tletek?\n\n- Irodai napokra: feh\u00e9r ing, sz\u00f6vetnadr\u00e1g, eleg\u00e1ns cip\u0151 \u2013 a t\u00e1ska pedig viszi a laptopot, hogy neked ne kelljen k\u00e9zben cipelni.\n\n- H\u00e9tv\u00e9gi rohan\u00e1sra: farmer, p\u00f3l\u00f3, sportcip\u0151 \u2013 \u00edgy laza h\u00e1tit\u00e1ska \u00fczemm\u00f3dban t\u00f6k\u00e9letes.\n\n- K\u00e1v\u00e9z\u00f3s d\u00e9lut\u00e1nokra: csinos ruha, bokacsizma \u2013 k\u00e9zit\u00e1ska m\u00f3dban extra eleganci\u00e1t ad.\n\n \n\nA b\u00e9zs\u2013feh\u00e9r sz\u00ednkombin\u00e1ci\u00f3 nagyon finom \u00e9s letisztult \u00fczenetet hordoz a visel\u0151j\u00e9r\u0151l. Aki a feh\u00e9r - b\u00e9zs sz\u00ednp\u00e1rost v\u00e1lasztja, \u00e1ltal\u00e1ban nem k\u00f6veti vakon a trendeket, ink\u00e1bb tudatosan v\u00e1logatja meg darabjait. Szereti az id\u0151t\u00e1ll\u00f3, harmonikus megjelen\u00e9st.\n","score":0,"formatted_price":"24 000 Ft","image_url":"https:\/\/www.meska.hu\/img\/product\/small\/b\/a\/banyz_product_486156_250729112234_606554.jpeg","formatted_url":"https:\/\/www.meska.hu\/p5591205-tobbfunkcios-taska-hatitaska-kezitaska-valltaska-feher-bezs-szinben","favourite":false,"in_stock":false,"avatar":"486156_avatar_1710701561.jpeg","delete_from":0,"is_enhanced_background":false,"is_enhanced":false,"product_selection_started":false,"is_active":true,"image_webp_url":"https:\/\/www.meska.hu\/img\/product\/small\/b\/a\/banyz_product_486156_250729112234_606554.webp"},{"id":"6162514","shop_id":"990","user_id":"3169","shop_name":"Kreagora","shop_zip":"2049","product_code":"5762399","product_name_old":null,"product_name":"Labradorit ez\u00fcst nyakl\u00e1nc","category_string":"\u00c9kszer, Nyakl\u00e1nc, Med\u00e1l","technic_string":"\u00c9kszerk\u00e9sz\u00edt\u00e9s, \u00d6tv\u00f6s","category_1":"327","category_2":"337","category_3":"335","category_4":"0","merged_category_1":null,"merged_category_2":null,"merged_category_3":null,"technic_1":"477","technic_2":"496","technic_3":"0","color_1":"518","color_2":"521","color_3":"0","product_description_old":null,"product_description":"Sz\u00e9p, k\u00e9k bels\u0151 f\u00e9ny\u0171 labradorit kabosonb\u00f3l k\u00e9sz\u00fclt Sterling ez\u00fcst med\u00e1l. Ez\u00fcst l\u00e1nccal.\n\nMed\u00e1l : 1,3x1,8 cm.\n\nK\u0151: 12 mm\n\nL\u00e1nc: 45 cm\n\nA hivatalos magyar f\u00e9mjelz\u00e9ssel \u00e9s a n\u00e9vjelemmel ell\u00e1tva.\n\nA k\u00e9pen az \u00e9kszer nagyobbnak t\u0171nhet a val\u00f3s\u00e1gn\u00e1l, mivel k\u00f6zelr\u0151l fot\u00f3zom a r\u00e9szletek miatt.","price":"24800.00","unit":"db","recommended":"0","status":"1","sponsored":"0","exp_notify":"0","own_material":"0","own_material_description_old":null,"own_material_description":"","jury":"0","jury_number":"","product_nature":"","meskaracsony":"0","create_date":"2026-03-20 14:00:40","shelve_id":"2477","image":"kreagora_product_3169_260320135938_58023.jpeg","image_width":"480","image_height":"360","image_alt":"Labradorit ez\u00fcst nyakl\u00e1nc, Sz\u00e9p, k\u00e9k bels\u0151 f\u00e9ny\u0171 labradorit kabosonb\u00f3l k\u00e9sz\u00fclt Sterling ez\u00fcst med\u00e1l. Ez\u00fcst l\u00e1nccal.\\n\\nMed\u00e1l : 1,..., Meska","image_title":"Labradorit ez\u00fcst nyakl\u00e1nc, Meska","view_count":"212","favourite_count":"22","trending_score":"0","last2MonthFavouriteCount":"20","promotion":"0","giftcard_accept":"1","creditcard_accept":true,"enhanced_background":"0","domain":"meska","specific_customer_id":null,"specific_customer_name":null,"to_order_product":"0","to_order_product_time":"0","product_different":null,"product_different_description":"","vintage":"0","vintage_category_id":"0","recycled":"0","gemstone_id":"0","customizable":"0","type_category":"physical","zerowaste":"0","postage_price":"1490.00","shop_order":"0","has_category":"1","landing_pages":null,"microdata":{"number":59,"category":""},"title":"Labradorit ez\u00fcst nyakl\u00e1nc","description":"Sz\u00e9p, k\u00e9k bels\u0151 f\u00e9ny\u0171 labradorit kabosonb\u00f3l k\u00e9sz\u00fclt Sterling ez\u00fcst med\u00e1l. Ez\u00fcst l\u00e1nccal.\n\nMed\u00e1l : 1,3x1,8 cm.\n\nK\u0151: 12 mm\n\nL\u00e1nc: 45 cm\n\nA hivatalos magyar f\u00e9mjelz\u00e9ssel \u00e9s a n\u00e9vjelemmel ell\u00e1tva.\n\nA k\u00e9pen az \u00e9kszer nagyobbnak t\u0171nhet a val\u00f3s\u00e1gn\u00e1l, mivel k\u00f6zelr\u0151l fot\u00f3zom a r\u00e9szletek miatt.","score":0,"formatted_price":"24 800 Ft","image_url":"https:\/\/www.meska.hu\/img\/product\/small\/k\/r\/kreagora_product_3169_260320135938_58023.jpeg","formatted_url":"https:\/\/www.meska.hu\/p5762399-labradorit-ezust-nyaklanc","favourite":false,"in_stock":true,"avatar":"Sempervivum_avatar_3169.jpg","delete_from":0,"is_enhanced_background":false,"is_enhanced":false,"product_selection_started":false,"is_active":true,"image_webp_url":"https:\/\/www.meska.hu\/img\/product\/small\/k\/r\/kreagora_product_3169_260320135938_58023.webp"},{"id":"6138967","shop_id":"990","user_id":"3169","shop_name":"Kreagora","shop_zip":"2049","product_code":"5746659","product_name_old":null,"product_name":"Ez\u00fcst gy\u0171r\u0171 labradorittal","category_string":"\u00c9kszer, Gy\u0171r\u0171, Szoliter gy\u0171r\u0171","technic_string":"\u00c9kszerk\u00e9sz\u00edt\u00e9s, \u00d6tv\u00f6s","category_1":"327","category_2":"332","category_3":"1225","category_4":"0","merged_category_1":null,"merged_category_2":null,"merged_category_3":null,"technic_1":"477","technic_2":"496","technic_3":"0","color_1":"518","color_2":"521","color_3":"0","product_description_old":null,"product_description":"Viaszveszejt\u00e9ses technik\u00e1val k\u00e9sz\u00fclt, Sterling ez\u00fcstb\u0151l \u00f6nt\u00f6tt egyedi statement gy\u0171r\u0171, labradorit kabosonnal, f\u00e9nyes befejez\u00e9ssel.\n\nA labradoritnak sz\u00e9p k\u00e9k bels\u0151 f\u00e9nye van.\n\nFelt\u0171n\u0151, egyedi darab. \n\nM\u00e9ret: 55,5-56\n\nS\u00falya 22 gramm \n\nA k\u0151 m\u00e9rete: 10*15 mm\n\nLabradorit (felt\u00e9telezett hat\u00e1sok): Er\u0151s\u00edti az \u00f6nbizalmat, ezzel egy\u00fctt a dominancia szerep\u00e9t is el\u0151seg\u00edti. Kreat\u00edvabb\u00e1 tesz, seg\u00edt a szellemi ellazul\u00e1sban. Nyugtat\u00f3 hat\u00e1sa miatt az eg\u00e9szs\u00e9g v\u00e9delm\u00e9t is ell\u00e1tja, kiegyens\u00falyozott\u00e1 tesz. Seg\u00edt a probl\u00e9m\u00e1k lek\u00fczd\u00e9s\u00e9ben, m\u00e9lyrehat\u00f3 gondolkod\u00e1st el\u0151seg\u00edt\u0151 szerepe r\u00e9v\u00e9n eljuttat a probl\u00e9ma gy\u00f6ker\u00e9hez \u00e9s a megold\u00e1shoz. F\u00e9lelem \u00e9s stresszold\u00f3 is, v\u00e9d a negat\u00edv energi\u00e1k ellen.\n \n\nAz eg\u00e9szs\u00e9g meg\u0151rz\u00e9s\u00e9ben is t\u00f6bb ter\u00fcleten seg\u00edts\u00e9get ny\u00fajthat. T\u00f6bbek k\u00f6z\u00f6tt v\u00e9rnyom\u00e1scs\u00f6kket\u0151 hat\u00e1s\u00fa, korrig\u00e1lja az agy rendellenes m\u0171k\u00f6d\u00e9seinek hat\u00e1s\u00e1t, a n\u0151kn\u00e9l a menstru\u00e1ci\u00f3 alatti g\u00f6rcs\u00f6k old\u00e1s\u00e1t seg\u00edti. A hormonh\u00e1ztart\u00e1st, anyagcser\u00e9t is harmoniz\u00e1lja. Csillap\u00edtja a k\u00f6szv\u00e9ny, a reuma t\u00fcneteit, izom- \u00e9s szemprobl\u00e9m\u00e1kra is j\u00f3t\u00e9kony hat\u00e1s\u00fa.\n\nA k\u00e9pen nagyobbnak t\u0171nhetnek az \u00e9kszerek a val\u00f3s\u00e1gosn\u00e1l, mivel nagyon k\u00f6zelr\u0151l fot\u00f3zom \u0151ket a r\u00e9szletek miatt. K\u00e9rlek a le\u00edrt m\u00e9reteket vedd figyelembe.  ","price":"97500.00","unit":"db","recommended":"0","status":"1","sponsored":"0","exp_notify":"0","own_material":"0","own_material_description_old":null,"own_material_description":"","jury":"0","jury_number":"","product_nature":"","meskaracsony":"0","create_date":"2026-03-05 14:59:21","shelve_id":"2101","image":"kreagora_product_3169_260305145744_298185.jpeg","image_width":"480","image_height":"360","image_alt":"Ez\u00fcst gy\u0171r\u0171 labradorittal, Viaszveszejt\u00e9ses technik\u00e1val k\u00e9sz\u00fclt, Sterling ez\u00fcstb\u0151l \u00f6nt\u00f6tt egyedi statement gy\u0171r\u0171, labradorit ka..., Meska","image_title":"Ez\u00fcst gy\u0171r\u0171 labradorittal, Meska","view_count":"189","favourite_count":"22","trending_score":"0","last2MonthFavouriteCount":"19","promotion":"0","giftcard_accept":"1","creditcard_accept":true,"enhanced_background":"0","domain":"meska","specific_customer_id":null,"specific_customer_name":null,"to_order_product":"0","to_order_product_time":"0","product_different":null,"product_different_description":"","vintage":"0","vintage_category_id":"0","recycled":"0","gemstone_id":"0","customizable":"0","type_category":"physical","zerowaste":"0","postage_price":"0.00","shop_order":"0","has_category":"1","landing_pages":null,"microdata":{"number":60,"category":""},"title":"Ez\u00fcst gy\u0171r\u0171 labradorittal","description":"Viaszveszejt\u00e9ses technik\u00e1val k\u00e9sz\u00fclt, Sterling ez\u00fcstb\u0151l \u00f6nt\u00f6tt egyedi statement gy\u0171r\u0171, labradorit kabosonnal, f\u00e9nyes befejez\u00e9ssel.\n\nA labradoritnak sz\u00e9p k\u00e9k bels\u0151 f\u00e9nye van.\n\nFelt\u0171n\u0151, egyedi darab. \n\nM\u00e9ret: 55,5-56\n\nS\u00falya 22 gramm \n\nA k\u0151 m\u00e9rete: 10*15 mm\n\nLabradorit (felt\u00e9telezett hat\u00e1sok): Er\u0151s\u00edti az \u00f6nbizalmat, ezzel egy\u00fctt a dominancia szerep\u00e9t is el\u0151seg\u00edti. Kreat\u00edvabb\u00e1 tesz, seg\u00edt a szellemi ellazul\u00e1sban. Nyugtat\u00f3 hat\u00e1sa miatt az eg\u00e9szs\u00e9g v\u00e9delm\u00e9t is ell\u00e1tja, kiegyens\u00falyozott\u00e1 tesz. Seg\u00edt a probl\u00e9m\u00e1k lek\u00fczd\u00e9s\u00e9ben, m\u00e9lyrehat\u00f3 gondolkod\u00e1st el\u0151seg\u00edt\u0151 szerepe r\u00e9v\u00e9n eljuttat a probl\u00e9ma gy\u00f6ker\u00e9hez \u00e9s a megold\u00e1shoz. F\u00e9lelem \u00e9s stresszold\u00f3 is, v\u00e9d a negat\u00edv energi\u00e1k ellen.\n \n\nAz eg\u00e9szs\u00e9g meg\u0151rz\u00e9s\u00e9ben is t\u00f6bb ter\u00fcleten seg\u00edts\u00e9get ny\u00fajthat. T\u00f6bbek k\u00f6z\u00f6tt v\u00e9rnyom\u00e1scs\u00f6kket\u0151 hat\u00e1s\u00fa, korrig\u00e1lja az agy rendellenes m\u0171k\u00f6d\u00e9seinek hat\u00e1s\u00e1t, a n\u0151kn\u00e9l a menstru\u00e1ci\u00f3 alatti g\u00f6rcs\u00f6k old\u00e1s\u00e1t seg\u00edti. A hormonh\u00e1ztart\u00e1st, anyagcser\u00e9t is harmoniz\u00e1lja. Csillap\u00edtja a k\u00f6szv\u00e9ny, a reuma t\u00fcneteit, izom- \u00e9s szemprobl\u00e9m\u00e1kra is j\u00f3t\u00e9kony hat\u00e1s\u00fa.\n\nA k\u00e9pen nagyobbnak t\u0171nhetnek az \u00e9kszerek a val\u00f3s\u00e1gosn\u00e1l, mivel nagyon k\u00f6zelr\u0151l fot\u00f3zom \u0151ket a r\u00e9szletek miatt. K\u00e9rlek a le\u00edrt m\u00e9reteket vedd figyelembe.  ","score":0,"formatted_price":"97 500 Ft","image_url":"https:\/\/www.meska.hu\/img\/product\/small\/k\/r\/kreagora_product_3169_260305145744_298185.jpeg","formatted_url":"https:\/\/www.meska.hu\/p5746659-ezust-gyuru-labradorittal","favourite":false,"in_stock":true,"avatar":"Sempervivum_avatar_3169.jpg","delete_from":0,"is_enhanced_background":false,"is_enhanced":false,"product_selection_started":false,"is_active":true,"image_webp_url":"https:\/\/www.meska.hu\/img\/product\/small\/k\/r\/kreagora_product_3169_260305145744_298185.webp"},{"id":"6122074","shop_id":"41917","user_id":"75543","shop_name":"AnaRita","shop_zip":"1013","product_code":"5736515","product_name_old":null,"product_name":"\u00dcveglencs\u00e9s kok\u00e1rda Pet\u0151fi arck\u00e9p\u00e9vel M\u00e1rcius 15 ez\u00fcst keretes ","category_string":"\u00c9kszer, Kit\u0171z\u0151 \u00e9s Bross","technic_string":"\u00c9kszerk\u00e9sz\u00edt\u00e9s","category_1":"327","category_2":"329","category_3":"0","category_4":"0","merged_category_1":null,"merged_category_2":null,"merged_category_3":null,"technic_1":"477","technic_2":"0","technic_3":"0","color_1":"518","color_2":"532","color_3":"0","product_description_old":null,"product_description":"\u00dcveglencs\u00e9s kok\u00e1rda Pet\u0151fi S\u00e1ndor arck\u00e9p\u00e9vel, d\u00edszes antikolt ez\u00fcst sz\u00edn\u0171 k\u00edt\u0171z\u0151 alapon. A nemzeti sz\u00edn\u0171 szalagot \u00fagy r\u00f6gz\u00edtett\u00fck t\u00e9p\u0151z\u00e1rral, hogy az b\u00e1rmikor levehet\u0151 \u00e9s visszahelyezhet\u0151, ha csak k\u00edt\u0171z\u0151k\u00e9nt szeretn\u00e9d viselni. A k\u00edt\u0171z\u0151alap 4 cm-es, az \u00fcveglencse 2,5 cm-es.\nTov\u00e1bbi kok\u00e1rd\u00e1inkat az al\u00e1bbi linken tekintheted meg.\nhttps:\/\/www.meska.hu\/shop\/AnaRita?s=79176\nHa t\u00f6bb darabra lenne sz\u00fcks\u00e9ged az el\u00e9rhet\u0151 mennyis\u00e9gn\u00e9l, k\u00e9rlek vedd fel vel\u00fcnk a kapcsolatot.\nFoxpost sz\u00e1ll\u00edt\u00e1ssal legk\u00e9s\u0151bb m\u00e1snap feladjuk a term\u00e9ket!\nK\u00f6sz\u00f6nj\u00fck, hogy ben\u00e9zt\u00e9l! :)\nAna \u00e9s Rita (AnaRita \u00c9kszerek)","price":"4290.00","unit":"db","recommended":"0","status":"1","sponsored":"0","exp_notify":"0","own_material":"0","own_material_description_old":null,"own_material_description":"","jury":"0","jury_number":"","product_nature":"","meskaracsony":"0","create_date":"2026-03-06 13:39:01","shelve_id":"79176","image":"anarita_product_75543_260212212001_0776.jpeg","image_width":"480","image_height":"480","image_alt":"\u00dcveglencs\u00e9s kok\u00e1rda Pet\u0151fi arck\u00e9p\u00e9vel M\u00e1rcius 15 ez\u00fcst keretes , \u00dcveglencs\u00e9s kok\u00e1rda Pet\u0151fi S\u00e1ndor arck\u00e9p\u00e9vel, d\u00edszes antikolt ez\u00fcst sz\u00edn\u0171 k\u00edt\u0171z\u0151 alapon. A nemzeti s..., Meska","image_title":"\u00dcveglencs\u00e9s kok\u00e1rda Pet\u0151fi arck\u00e9p\u00e9vel M\u00e1rcius 15 ez\u00fcst keretes , Meska","view_count":"301","favourite_count":"22","trending_score":"0","last2MonthFavouriteCount":"15","promotion":"0","giftcard_accept":"0","creditcard_accept":true,"enhanced_background":"0","domain":"meska","specific_customer_id":null,"specific_customer_name":null,"to_order_product":"0","to_order_product_time":"0","product_different":null,"product_different_description":"","vintage":"0","vintage_category_id":"0","recycled":"0","gemstone_id":"0","customizable":"0","type_category":"physical","zerowaste":"0","postage_price":"2390.00","shop_order":"0","has_category":"1","landing_pages":null,"microdata":{"number":61,"category":""},"title":"\u00dcveglencs\u00e9s kok\u00e1rda Pet\u0151fi arck\u00e9p\u00e9vel M\u00e1rcius 15 ez\u00fcst keretes ","description":"\u00dcveglencs\u00e9s kok\u00e1rda Pet\u0151fi S\u00e1ndor arck\u00e9p\u00e9vel, d\u00edszes antikolt ez\u00fcst sz\u00edn\u0171 k\u00edt\u0171z\u0151 alapon. A nemzeti sz\u00edn\u0171 szalagot \u00fagy r\u00f6gz\u00edtett\u00fck t\u00e9p\u0151z\u00e1rral, hogy az b\u00e1rmikor levehet\u0151 \u00e9s visszahelyezhet\u0151, ha csak k\u00edt\u0171z\u0151k\u00e9nt szeretn\u00e9d viselni. A k\u00edt\u0171z\u0151alap 4 cm-es, az \u00fcveglencse 2,5 cm-es.\nTov\u00e1bbi kok\u00e1rd\u00e1inkat az al\u00e1bbi linken tekintheted meg.\nhttps:\/\/www.meska.hu\/shop\/AnaRita?s=79176\nHa t\u00f6bb darabra lenne sz\u00fcks\u00e9ged az el\u00e9rhet\u0151 mennyis\u00e9gn\u00e9l, k\u00e9rlek vedd fel vel\u00fcnk a kapcsolatot.\nFoxpost sz\u00e1ll\u00edt\u00e1ssal legk\u00e9s\u0151bb m\u00e1snap feladjuk a term\u00e9ket!\nK\u00f6sz\u00f6nj\u00fck, hogy ben\u00e9zt\u00e9l! :)\nAna \u00e9s Rita (AnaRita \u00c9kszerek)","score":0,"formatted_price":"4 290 Ft","image_url":"https:\/\/www.meska.hu\/img\/product\/small\/a\/n\/anarita_product_75543_260212212001_0776.jpeg","formatted_url":"https:\/\/www.meska.hu\/p5736515-uveglencses-kokarda-petofi-arckepevel-marcius-15-ezust-keretes","favourite":false,"in_stock":true,"avatar":"75543_avatar_1775231969.png","delete_from":0,"is_enhanced_background":false,"is_enhanced":false,"product_selection_started":false,"is_active":true,"image_webp_url":"https:\/\/www.meska.hu\/img\/product\/small\/a\/n\/anarita_product_75543_260212212001_0776.webp"},{"id":"192967","shop_id":"2164","user_id":"6730","shop_name":"Daniel","shop_zip":"8427","product_code":"4701375","product_name_old":null,"product_name":"Aranyes\u0151 kalapocska","category_string":"Ruha & Divat, S\u00e1l, Sapka, Kend\u0151, Kalap","technic_string":"Horgol\u00e1s","category_1":"806","category_2":"392","category_3":"1178","category_4":"0","merged_category_1":null,"merged_category_2":null,"merged_category_3":null,"technic_1":"488","technic_2":"0","technic_3":"0","color_1":"526","color_2":"529","color_3":"0","product_description_old":null,"product_description":"Az aranyes\u0151 vir\u00e1gz\u00e1s ihlette a nev\u00e9t, mivel sz\u00edne legink\u00e1bb hozz\u00e1 hasonl\u00f3. Szell\u0151s, igazi tavaszi- ny\u00e1ri kalap, amit k\u00e9t olajz\u00f6ld lev\u00e9llel d\u00edsz\u00edtettem. 100 % pamutfonalb\u00f3l horgoltam, \u00edgy a fejecske nem izzad meg benne, de v\u00e9d a sz\u00e9lt\u0151l \u00e9s az er\u0151s napsug\u00e1rt\u00f3l is.  30 fokon moshat\u00f3. Szeretettel v\u00e1rja leend\u0151 gazd\u00e1j\u00e1t, hogy a fej\u00e9n d\u00edszeleghessen. Fejb\u0151s\u00e9g 46-50 cm.\n\/ 3 TERM\u00c9K V\u00c1S\u00c1RL\u00c1SA ESET\u00c9N A POSTAK\u00d6LTS\u00c9GET V\u00c1LLALOM POST\u00c1N MARAD\u00d3 K\u00dcLDEM\u00c9NYK\u00c9NT!!! \/\n","price":"4900.00","unit":"","recommended":"0","status":"1","sponsored":"0","exp_notify":"0","own_material":"0","own_material_description_old":null,"own_material_description":"","jury":"0","jury_number":"","product_nature":"","meskaracsony":"0","create_date":"2026-01-27 07:31:55","shelve_id":"48087","image":"daniel_product_6730_150914185306_004394.JPG","image_width":"480","image_height":"360","image_alt":"Aranyes\u0151 kalapocska, Az aranyes\u0151 vir\u00e1gz\u00e1s ihlette a nev\u00e9t, mivel sz\u00edne legink\u00e1bb hozz\u00e1 hasonl\u00f3. Szell\u0151s, igazi tavaszi- n..., Meska","image_title":"Aranyes\u0151 kalapocska, Meska","view_count":"1967","favourite_count":"22","trending_score":"0","last2MonthFavouriteCount":"0","promotion":"0","giftcard_accept":"0","creditcard_accept":false,"enhanced_background":"0","domain":"meska","specific_customer_id":null,"specific_customer_name":null,"to_order_product":"0","to_order_product_time":"0","product_different":null,"product_different_description":"","vintage":"0","vintage_category_id":"0","recycled":"0","gemstone_id":"0","customizable":"0","type_category":"physical","zerowaste":"0","postage_price":"2900.00","shop_order":"0","has_category":"1","landing_pages":null,"microdata":{"number":62,"category":""},"title":"Aranyes\u0151 kalapocska","description":"Az aranyes\u0151 vir\u00e1gz\u00e1s ihlette a nev\u00e9t, mivel sz\u00edne legink\u00e1bb hozz\u00e1 hasonl\u00f3. Szell\u0151s, igazi tavaszi- ny\u00e1ri kalap, amit k\u00e9t olajz\u00f6ld lev\u00e9llel d\u00edsz\u00edtettem. 100 % pamutfonalb\u00f3l horgoltam, \u00edgy a fejecske nem izzad meg benne, de v\u00e9d a sz\u00e9lt\u0151l \u00e9s az er\u0151s napsug\u00e1rt\u00f3l is.  30 fokon moshat\u00f3. Szeretettel v\u00e1rja leend\u0151 gazd\u00e1j\u00e1t, hogy a fej\u00e9n d\u00edszeleghessen. Fejb\u0151s\u00e9g 46-50 cm.\n\/ 3 TERM\u00c9K V\u00c1S\u00c1RL\u00c1SA ESET\u00c9N A POSTAK\u00d6LTS\u00c9GET V\u00c1LLALOM POST\u00c1N MARAD\u00d3 K\u00dcLDEM\u00c9NYK\u00c9NT!!! \/\n","score":0,"formatted_price":"4 900 Ft","image_url":"https:\/\/www.meska.hu\/img\/product\/small\/d\/a\/daniel_product_6730_150914185306_004394.JPG","formatted_url":"https:\/\/www.meska.hu\/p4701375-aranyeso-kalapocska","favourite":false,"in_stock":true,"avatar":"Daniel_avatar_6730_1491681688.PNG","delete_from":0,"is_enhanced_background":false,"is_enhanced":false,"product_selection_started":false,"is_active":true,"image_webp_url":"https:\/\/www.meska.hu\/img\/product\/small\/d\/a\/daniel_product_6730_150914185306_004394.JPG"},{"id":"6078081","shop_id":"27644","user_id":"340150","shop_name":"meridakriszta","shop_zip":"3526","product_code":"5707236","product_name_old":null,"product_name":"horgolt borospoh\u00e1r tart\u00f3, s\u00e9t\u00e1l\u00f3 poh\u00e1r","category_string":"Otthon & \u00c9letm\u00f3d, Konyhafelszerel\u00e9s, t\u00e1lal\u00e1s, T\u00e1lal\u00e1s, Boros poharak, szettek","technic_string":"Horgol\u00e1s","category_1":"813","category_2":"393","category_3":"1419","category_4":"1423","merged_category_1":null,"merged_category_2":null,"merged_category_3":null,"technic_1":"488","technic_2":"0","technic_3":"0","color_1":"521","color_2":"522","color_3":"525","product_description_old":null,"product_description":"100 % k\u00f6zepesen vastag \u00e9l\u00e9nk sz\u00edn\u0171 akrilfonalb\u00f3l horgoltam a tart\u00f3t, amely borfesztiv\u00e1lok kell\u00e9ke. A k\u00f6rnyezetet v\u00e9di, saj\u00e1t poh\u00e1rb\u00f3l lehet fogyasztani, d\u00edszes darab. K\u00f6nnyen fel- \u00e9s levehet\u0151. Amennyiben sz\u00fcks\u00e9ges mosn, k\u00e9zmeleg v\u00edzben, d\u00f6rzs\u00f6l\u00e9s n\u00e9lk\u00fcl javaslom. \n\nRugalmas, az al\u00e1bbi m\u00e9ret\u0171 poharakra horgoltam \u00e9s tettem fel fot\u00f3t:\n19 cm magas, talp \u00e1tm\u00e9r\u0151 7,5 cm, poh\u00e1r sz\u00e1jm\u00e9ret 6,8 cm\n13 cm magas, talp \u00e1tm\u00e9r\u0151 7,2 cm, poh\u00e1r sz\u00e1jm\u00e9ret 6,8 cm\n22 cm magas, talp \u00e1tm\u00e9r\u0151 7,5 cm, poh\u00e1r sz\u00e1jm\u00e9ret 8cm\nA poharat nem tartalmazza a tart\u00f3.\n\n\u00dcres \u00e1llapotban kb. 50 cm hossz\u00fa.\n\nM\u00e1sik mint\u00e1val, de ebb\u0151l a fonalb\u00f3l horgoltam egy tariszny\u00e1t:\nhttps:\/\/www.meska.hu\/p5198854-fesztival-taska\n\nM\u00e1s m\u00e9retre, sz\u00ednben is meghorgolom, el\u0151tte mindenk\u00e9ppen egyeztess\u00fcnk!\n\nSzem\u00e9lyesen Miskolcon tudunk tal\u00e1lkozni. \nPost\u00e1n marad\u00f3ra, automat\u00e1kkal is tudom k\u00fcldeni. Ut\u00e1nv\u00e9ttel nem k\u00fcld\u00f6m, k\u00e9rlek vedd figyelembe!\nTerm\u00e9keimet sz\u00e1ml\u00e1val \u00e9rt\u00e9kes\u00edtem.\nHa k\u00e9rd\u00e9sed van \u00edrj, v\u00e1laszolok!\n","price":"2300.00","unit":"db","recommended":"0","status":"1","sponsored":"0","exp_notify":"0","own_material":"0","own_material_description_old":null,"own_material_description":"","jury":"0","jury_number":"","product_nature":"","meskaracsony":"0","create_date":"2026-02-07 19:44:50","shelve_id":"75856","image":"meridakriszta_product_340150_250223165427_55895.jpeg","image_width":"480","image_height":"640","image_alt":"horgolt borospoh\u00e1r tart\u00f3, s\u00e9t\u00e1l\u00f3 poh\u00e1r, 100 % k\u00f6zepesen vastag \u00e9l\u00e9nk sz\u00edn\u0171 akrilfonalb\u00f3l horgoltam a tart\u00f3t, amely borfesztiv\u00e1lok kell\u00e9ke. A..., Meska","image_title":"horgolt borospoh\u00e1r tart\u00f3, s\u00e9t\u00e1l\u00f3 poh\u00e1r, Meska","view_count":"165","favourite_count":"22","trending_score":"0","last2MonthFavouriteCount":"20","promotion":"0","giftcard_accept":"0","creditcard_accept":false,"enhanced_background":"0","domain":"meska","specific_customer_id":null,"specific_customer_name":null,"to_order_product":"0","to_order_product_time":"0","product_different":null,"product_different_description":"","vintage":"0","vintage_category_id":"0","recycled":"0","gemstone_id":"0","customizable":"0","type_category":"physical","zerowaste":"0","postage_price":"1349.00","shop_order":"0","has_category":"1","landing_pages":null,"microdata":{"number":63,"category":""},"title":"horgolt borospoh\u00e1r tart\u00f3, s\u00e9t\u00e1l\u00f3 poh\u00e1r","description":"100 % k\u00f6zepesen vastag \u00e9l\u00e9nk sz\u00edn\u0171 akrilfonalb\u00f3l horgoltam a tart\u00f3t, amely borfesztiv\u00e1lok kell\u00e9ke. A k\u00f6rnyezetet v\u00e9di, saj\u00e1t poh\u00e1rb\u00f3l lehet fogyasztani, d\u00edszes darab. K\u00f6nnyen fel- \u00e9s levehet\u0151. Amennyiben sz\u00fcks\u00e9ges mosn, k\u00e9zmeleg v\u00edzben, d\u00f6rzs\u00f6l\u00e9s n\u00e9lk\u00fcl javaslom. \n\nRugalmas, az al\u00e1bbi m\u00e9ret\u0171 poharakra horgoltam \u00e9s tettem fel fot\u00f3t:\n19 cm magas, talp \u00e1tm\u00e9r\u0151 7,5 cm, poh\u00e1r sz\u00e1jm\u00e9ret 6,8 cm\n13 cm magas, talp \u00e1tm\u00e9r\u0151 7,2 cm, poh\u00e1r sz\u00e1jm\u00e9ret 6,8 cm\n22 cm magas, talp \u00e1tm\u00e9r\u0151 7,5 cm, poh\u00e1r sz\u00e1jm\u00e9ret 8cm\nA poharat nem tartalmazza a tart\u00f3.\n\n\u00dcres \u00e1llapotban kb. 50 cm hossz\u00fa.\n\nM\u00e1sik mint\u00e1val, de ebb\u0151l a fonalb\u00f3l horgoltam egy tariszny\u00e1t:\nhttps:\/\/www.meska.hu\/p5198854-fesztival-taska\n\nM\u00e1s m\u00e9retre, sz\u00ednben is meghorgolom, el\u0151tte mindenk\u00e9ppen egyeztess\u00fcnk!\n\nSzem\u00e9lyesen Miskolcon tudunk tal\u00e1lkozni. \nPost\u00e1n marad\u00f3ra, automat\u00e1kkal is tudom k\u00fcldeni. Ut\u00e1nv\u00e9ttel nem k\u00fcld\u00f6m, k\u00e9rlek vedd figyelembe!\nTerm\u00e9keimet sz\u00e1ml\u00e1val \u00e9rt\u00e9kes\u00edtem.\nHa k\u00e9rd\u00e9sed van \u00edrj, v\u00e1laszolok!\n","score":0,"formatted_price":"2 300 Ft","image_url":"https:\/\/www.meska.hu\/img\/product\/small\/m\/e\/meridakriszta_product_340150_250223165427_55895.jpeg","formatted_url":"https:\/\/www.meska.hu\/p5707236-horgolt-borospohar-tarto-setalo-pohar","favourite":false,"in_stock":true,"avatar":"meridakriszta_avatar_340150_1573418948.jpg","delete_from":0,"is_enhanced_background":false,"is_enhanced":false,"product_selection_started":false,"is_active":true,"image_webp_url":"https:\/\/www.meska.hu\/img\/product\/small\/m\/e\/meridakriszta_product_340150_250223165427_55895.webp"},{"id":"6123789","shop_id":"33342","user_id":"429303","shop_name":"TedinART","shop_zip":"8660","product_code":"5737570","product_name_old":null,"product_name":"\u0170r t\u00e9m\u00e1j\u00fa g\u00e9pi h\u00edmzett felvarr\u00f3- rak\u00e9ta ","category_string":"Kell\u00e9kek & szersz\u00e1mok, M\u00e9ter\u00e1ru, Felvarrhat\u00f3, vasalhat\u00f3 kell\u00e9k","technic_string":"H\u00edmz\u00e9s","category_1":"1544","category_2":"77","category_3":"135","category_4":"0","merged_category_1":null,"merged_category_2":null,"merged_category_3":null,"technic_1":"487","technic_2":"0","technic_3":"0","color_1":"534","color_2":"0","color_3":"0","product_description_old":null,"product_description":"G\u00e9pi h\u00edmz\u00e9ssel k\u00e9sz\u00fclt, egyedi felvarr\u00f3, amely j\u00e1t\u00e9kos, m\u00e9gis letisztult mot\u00edvum\u00e1val k\u00fcl\u00f6nleges kieg\u00e9sz\u00edt\u0151je lehet ruhadaraboknak \u00e9s textileknek.\nA prec\u00edz kivitelez\u00e9snek k\u00f6sz\u00f6nhet\u0151en tart\u00f3s, r\u00e9szletgazdag darab, amely varr\u00e1ssal vagy vasalhat\u00f3 k\u00f6zb\u00e9l\u00e9ssel r\u00f6gz\u00edthet\u0151 (ig\u00e9ny szerint).\n\nIde\u00e1lis v\u00e1laszt\u00e1s sapk\u00e1ra, kab\u00e1tra, pul\u00f3verre, t\u00e1sk\u00e1ra vagy ak\u00e1r gyerekruh\u00e1ra is.\nMinden darab gondosan, kis sz\u00e9ri\u00e1ban k\u00e9sz\u00fcl.\n\nM\u00e9ret: 7x8cm","price":"1890.00","unit":"db","recommended":"0","status":"1","sponsored":"0","exp_notify":"0","own_material":"0","own_material_description_old":null,"own_material_description":"","jury":"0","jury_number":"","product_nature":"","meskaracsony":"0","create_date":"2026-02-20 21:38:31","shelve_id":"0","image":"tedinart_product_429303_260220213242_567719.jpeg","image_width":"480","image_height":"360","image_alt":"\u0170r t\u00e9m\u00e1j\u00fa g\u00e9pi h\u00edmzett felvarr\u00f3- rak\u00e9ta , G\u00e9pi h\u00edmz\u00e9ssel k\u00e9sz\u00fclt, egyedi felvarr\u00f3, amely j\u00e1t\u00e9kos, m\u00e9gis letisztult mot\u00edvum\u00e1val k\u00fcl\u00f6nleges kieg..., Meska","image_title":"\u0170r t\u00e9m\u00e1j\u00fa g\u00e9pi h\u00edmzett felvarr\u00f3- rak\u00e9ta , Meska","view_count":"131","favourite_count":"22","trending_score":"0","last2MonthFavouriteCount":"0","promotion":"0","giftcard_accept":"0","creditcard_accept":true,"enhanced_background":"0","domain":"meska","specific_customer_id":null,"specific_customer_name":null,"to_order_product":"0","to_order_product_time":"0","product_different":null,"product_different_description":"","vintage":"0","vintage_category_id":"0","recycled":"0","gemstone_id":"0","customizable":"0","type_category":"physical","zerowaste":"0","postage_price":"2390.00","shop_order":"0","has_category":"1","landing_pages":null,"microdata":{"number":64,"category":""},"title":"\u0170r t\u00e9m\u00e1j\u00fa g\u00e9pi h\u00edmzett felvarr\u00f3- rak\u00e9ta ","description":"G\u00e9pi h\u00edmz\u00e9ssel k\u00e9sz\u00fclt, egyedi felvarr\u00f3, amely j\u00e1t\u00e9kos, m\u00e9gis letisztult mot\u00edvum\u00e1val k\u00fcl\u00f6nleges kieg\u00e9sz\u00edt\u0151je lehet ruhadaraboknak \u00e9s textileknek.\nA prec\u00edz kivitelez\u00e9snek k\u00f6sz\u00f6nhet\u0151en tart\u00f3s, r\u00e9szletgazdag darab, amely varr\u00e1ssal vagy vasalhat\u00f3 k\u00f6zb\u00e9l\u00e9ssel r\u00f6gz\u00edthet\u0151 (ig\u00e9ny szerint).\n\nIde\u00e1lis v\u00e1laszt\u00e1s sapk\u00e1ra, kab\u00e1tra, pul\u00f3verre, t\u00e1sk\u00e1ra vagy ak\u00e1r gyerekruh\u00e1ra is.\nMinden darab gondosan, kis sz\u00e9ri\u00e1ban k\u00e9sz\u00fcl.\n\nM\u00e9ret: 7x8cm","score":0,"formatted_price":"1 890 Ft","image_url":"https:\/\/www.meska.hu\/img\/product\/small\/t\/e\/tedinart_product_429303_260220213242_567719.jpeg","formatted_url":"https:\/\/www.meska.hu\/p5737570-ur-temaju-gepi-himzett-felvarro-raketa","favourite":false,"in_stock":true,"avatar":"429303_avatar_1689078622.jpeg","delete_from":0,"is_enhanced_background":false,"is_enhanced":false,"product_selection_started":false,"is_active":true,"image_webp_url":"https:\/\/www.meska.hu\/img\/product\/small\/t\/e\/tedinart_product_429303_260220213242_567719.webp"},{"id":"6075913","shop_id":"25354","user_id":"255296","shop_name":"CreabeadDesign","shop_zip":"3441","product_code":"5705223","product_name_old":null,"product_name":"Creabead Design trikol\u00f3r \u00e9kszer","category_string":"\u00c9kszer, F\u00fclbeval\u00f3, P\u00f6tty f\u00fclbeval\u00f3","technic_string":"Gy\u00f6ngyf\u0171z\u00e9s, gy\u00f6ngyh\u00edmz\u00e9s","category_1":"327","category_2":"331","category_3":"1216","category_4":"0","merged_category_1":null,"merged_category_2":null,"merged_category_3":null,"technic_1":"485","technic_2":"0","technic_3":"0","color_1":"519","color_2":"523","color_3":"529","product_description_old":null,"product_description":"Creabead Design trikol\u00f3r kieg\u00e9sz\u00edt\u0151, melyet \u00e9kszerk\u00e9nt \u00e9s kit\u0171z\u0151k\u00e9nt is lehet k\u00e9rni. \u00c9kszer eset\u00e9n f\u00fclbeval\u00f3 (bedug\u00f3s \u00e9s l\u00f3g\u00f3s form\u00e1ban is k\u00e9rhet\u0151), med\u00e1l, gy\u0171r\u0171, charm k\u00e9rhet\u0151, ak\u00e1r k\u00fcl\u00f6n, ak\u00e1r szettben is. A f\u00fclbeval\u00f3k orvosi f\u00e9m alkatr\u00e9szekkel k\u00e9sz\u00fclnek.\n\nKit\u0171z\u0151k\u00e9nt az al\u00e1bbi linken k\u00e9rhet\u0151:\nhttps:\/\/www.meska.hu\/p4898888-creabead-design-trikolor-kituzo-ekszerkent-is-kerheto\n\nNemzeti \u00fcnnepekre, vagy mindennapi viseletnek ak\u00e1r kok\u00e1rda helyett, vagy mell\u00e9. Egyedi, k\u00fcl\u00f6nleges darabok, melyek b\u00e1r l\u00e1tv\u00e1nyosak, nem hars\u00e1nyak, \u00edgy ak\u00e1r h\u00e9tk\u00f6znap is kellemes viseletek lehetnek.\nEzek a kieg\u00e9sz\u00edt\u0151k kiz\u00e1r\u00f3lag magas min\u0151s\u00e9g\u0171 cseh, francia \u00e9s jap\u00e1n design- \u00e9s k\u00e1sagy\u00f6ngy\u00f6kb\u0151l \u00e9s c\u00e9rn\u00e1b\u00f3l k\u00e9sz\u00fclnek, melyet f\u00e9m alkatr\u00e9szhez (f\u00fclbeval\u00f3, kit\u0171z\u0151 alap, stb) r\u00f6gz\u00edtek.","price":"5000.00","unit":"p\u00e1r","recommended":"0","status":"1","sponsored":"0","exp_notify":"0","own_material":"0","own_material_description_old":null,"own_material_description":"","jury":"0","jury_number":"","product_nature":"","meskaracsony":"0","create_date":"2026-01-16 23:19:38","shelve_id":"73774","image":"creabeaddesign_product_255296_260116231737_711832.jpeg","image_width":"480","image_height":"708","image_alt":"Creabead Design trikol\u00f3r \u00e9kszer, Creabead Design trikol\u00f3r kieg\u00e9sz\u00edt\u0151, melyet \u00e9kszerk\u00e9nt \u00e9s kit\u0171z\u0151k\u00e9nt is lehet k\u00e9rni. \u00c9kszer eset\u00e9n f..., Meska","image_title":"Creabead Design trikol\u00f3r \u00e9kszer, Meska","view_count":"159","favourite_count":"22","trending_score":"0","last2MonthFavouriteCount":"0","promotion":"0","giftcard_accept":"0","creditcard_accept":true,"enhanced_background":"0","domain":"meska","specific_customer_id":null,"specific_customer_name":null,"to_order_product":"1","to_order_product_time":"3","product_different":null,"product_different_description":"","vintage":"0","vintage_category_id":"0","recycled":"0","gemstone_id":"0","customizable":"0","type_category":"physical","zerowaste":"0","postage_price":"1290.00","shop_order":"0","has_category":"1","landing_pages":null,"microdata":{"number":65,"category":""},"title":"Creabead Design trikol\u00f3r \u00e9kszer","description":"Creabead Design trikol\u00f3r kieg\u00e9sz\u00edt\u0151, melyet \u00e9kszerk\u00e9nt \u00e9s kit\u0171z\u0151k\u00e9nt is lehet k\u00e9rni. \u00c9kszer eset\u00e9n f\u00fclbeval\u00f3 (bedug\u00f3s \u00e9s l\u00f3g\u00f3s form\u00e1ban is k\u00e9rhet\u0151), med\u00e1l, gy\u0171r\u0171, charm k\u00e9rhet\u0151, ak\u00e1r k\u00fcl\u00f6n, ak\u00e1r szettben is. A f\u00fclbeval\u00f3k orvosi f\u00e9m alkatr\u00e9szekkel k\u00e9sz\u00fclnek.\n\nKit\u0171z\u0151k\u00e9nt az al\u00e1bbi linken k\u00e9rhet\u0151:\nhttps:\/\/www.meska.hu\/p4898888-creabead-design-trikolor-kituzo-ekszerkent-is-kerheto\n\nNemzeti \u00fcnnepekre, vagy mindennapi viseletnek ak\u00e1r kok\u00e1rda helyett, vagy mell\u00e9. Egyedi, k\u00fcl\u00f6nleges darabok, melyek b\u00e1r l\u00e1tv\u00e1nyosak, nem hars\u00e1nyak, \u00edgy ak\u00e1r h\u00e9tk\u00f6znap is kellemes viseletek lehetnek.\nEzek a kieg\u00e9sz\u00edt\u0151k kiz\u00e1r\u00f3lag magas min\u0151s\u00e9g\u0171 cseh, francia \u00e9s jap\u00e1n design- \u00e9s k\u00e1sagy\u00f6ngy\u00f6kb\u0151l \u00e9s c\u00e9rn\u00e1b\u00f3l k\u00e9sz\u00fclnek, melyet f\u00e9m alkatr\u00e9szhez (f\u00fclbeval\u00f3, kit\u0171z\u0151 alap, stb) r\u00f6gz\u00edtek.","score":0,"formatted_price":"5 000 Ft","image_url":"https:\/\/www.meska.hu\/img\/product\/small\/c\/r\/creabeaddesign_product_255296_260116231737_711832.jpeg","formatted_url":"https:\/\/www.meska.hu\/p5705223-creabead-design-trikolor-ekszer","favourite":false,"in_stock":false,"avatar":"CreabeadDesign_avatar_255296_1664527999.jpg","delete_from":0,"is_enhanced_background":false,"is_enhanced":false,"product_selection_started":false,"is_active":true,"image_webp_url":"https:\/\/www.meska.hu\/img\/product\/small\/c\/r\/creabeaddesign_product_255296_260116231737_711832.webp"},{"id":"6075831","shop_id":"25354","user_id":"255296","shop_name":"CreabeadDesign","shop_zip":"3441","product_code":"5705144","product_name_old":null,"product_name":"Creabead Design trikolor r\u00f3zsabimb\u00f3 \u00e9kszer","category_string":"\u00c9kszer, F\u00fclbeval\u00f3, L\u00f3g\u00f3 csepp f\u00fclbeval\u00f3","technic_string":"Gy\u00f6ngyf\u0171z\u00e9s, gy\u00f6ngyh\u00edmz\u00e9s","category_1":"327","category_2":"331","category_3":"1214","category_4":"0","merged_category_1":null,"merged_category_2":null,"merged_category_3":null,"technic_1":"485","technic_2":"0","technic_3":"0","color_1":"519","color_2":"523","color_3":"529","product_description_old":null,"product_description":"Creabead Design r\u00f3zsabimb\u00f3 form\u00e1j\u00fa trikol\u00f3r \u00e9kszer. F\u00fclbeval\u00f3 (bedug\u00f3s \u00e9s l\u00f3g\u00f3s form\u00e1ban is k\u00e9rhet\u0151), med\u00e1l, gy\u0171r\u0171, charm k\u00e9rhet\u0151, ak\u00e1r k\u00fcl\u00f6n, ak\u00e1r szettben is. A f\u00fclbeval\u00f3k orvosi f\u00e9m alkatr\u00e9szekkel k\u00e9sz\u00fclnek. Gy\u00f6ngy\u00f6kkel keretezett verzi\u00f3 is k\u00e9rhet\u0151, ha fontos, hogy nagyobb m\u00e9ret\u0171 legyen a kieg\u00e9sz\u00edt\u0151, az a t\u00edpus +300 Ft.\nAz alap forma m\u00e9rete: Kb. 1,5x1,3 cm, a nagyobb k\u00f6r\u00fclbel\u00fcl f\u00e9l centivel n\u00f6veli minden ir\u00e1nyban. \nNemzeti \u00fcnnepekre, vagy mindennapi viseletnek ak\u00e1r kok\u00e1rda helyett, vagy mell\u00e9. Egyedi, k\u00fcl\u00f6nleges darabok, melyek b\u00e1r l\u00e1tv\u00e1nyosak, nem hars\u00e1nyak, \u00edgy ak\u00e1r h\u00e9tk\u00f6znap is kellemes viselet lehet.\nEzek a kieg\u00e9sz\u00edt\u0151k kiz\u00e1r\u00f3lag magas min\u0151s\u00e9g\u0171 cseh \u00e9s jap\u00e1n design- \u00e9s k\u00e1sagy\u00f6ngy\u00f6kb\u0151l \u00e9s c\u00e9rn\u00e1b\u00f3l k\u00e9sz\u00fclnek, melyet f\u00e9m alkatr\u00e9szhez (f\u00fclbeval\u00f3, kit\u0171z\u0151 alap, stb) r\u00f6gz\u00edtek.","price":"4000.00","unit":"p\u00e1r","recommended":"0","status":"1","sponsored":"0","exp_notify":"0","own_material":"0","own_material_description_old":null,"own_material_description":"","jury":"0","jury_number":"","product_nature":"","meskaracsony":"0","create_date":"2026-03-07 07:10:48","shelve_id":"73774","image":"creabeaddesign_product_255296_260116225329_841512.jpeg","image_width":"480","image_height":"762","image_alt":"Creabead Design trikolor r\u00f3zsabimb\u00f3 \u00e9kszer, Creabead Design r\u00f3zsabimb\u00f3 form\u00e1j\u00fa trikol\u00f3r \u00e9kszer. F\u00fclbeval\u00f3 (bedug\u00f3s \u00e9s l\u00f3g\u00f3s form\u00e1ban is k\u00e9rhet\u0151)..., Meska","image_title":"Creabead Design trikolor r\u00f3zsabimb\u00f3 \u00e9kszer, Meska","view_count":"154","favourite_count":"22","trending_score":"0","last2MonthFavouriteCount":"0","promotion":"0","giftcard_accept":"0","creditcard_accept":true,"enhanced_background":"0","domain":"meska","specific_customer_id":null,"specific_customer_name":null,"to_order_product":"1","to_order_product_time":"3","product_different":null,"product_different_description":"","vintage":"0","vintage_category_id":"0","recycled":"0","gemstone_id":"0","customizable":"1","type_category":"physical","zerowaste":"0","postage_price":"1290.00","shop_order":"0","has_category":"1","landing_pages":null,"microdata":{"number":66,"category":""},"title":"Creabead Design trikolor r\u00f3zsabimb\u00f3 \u00e9kszer","description":"Creabead Design r\u00f3zsabimb\u00f3 form\u00e1j\u00fa trikol\u00f3r \u00e9kszer. F\u00fclbeval\u00f3 (bedug\u00f3s \u00e9s l\u00f3g\u00f3s form\u00e1ban is k\u00e9rhet\u0151), med\u00e1l, gy\u0171r\u0171, charm k\u00e9rhet\u0151, ak\u00e1r k\u00fcl\u00f6n, ak\u00e1r szettben is. A f\u00fclbeval\u00f3k orvosi f\u00e9m alkatr\u00e9szekkel k\u00e9sz\u00fclnek. Gy\u00f6ngy\u00f6kkel keretezett verzi\u00f3 is k\u00e9rhet\u0151, ha fontos, hogy nagyobb m\u00e9ret\u0171 legyen a kieg\u00e9sz\u00edt\u0151, az a t\u00edpus +300 Ft.\nAz alap forma m\u00e9rete: Kb. 1,5x1,3 cm, a nagyobb k\u00f6r\u00fclbel\u00fcl f\u00e9l centivel n\u00f6veli minden ir\u00e1nyban. \nNemzeti \u00fcnnepekre, vagy mindennapi viseletnek ak\u00e1r kok\u00e1rda helyett, vagy mell\u00e9. Egyedi, k\u00fcl\u00f6nleges darabok, melyek b\u00e1r l\u00e1tv\u00e1nyosak, nem hars\u00e1nyak, \u00edgy ak\u00e1r h\u00e9tk\u00f6znap is kellemes viselet lehet.\nEzek a kieg\u00e9sz\u00edt\u0151k kiz\u00e1r\u00f3lag magas min\u0151s\u00e9g\u0171 cseh \u00e9s jap\u00e1n design- \u00e9s k\u00e1sagy\u00f6ngy\u00f6kb\u0151l \u00e9s c\u00e9rn\u00e1b\u00f3l k\u00e9sz\u00fclnek, melyet f\u00e9m alkatr\u00e9szhez (f\u00fclbeval\u00f3, kit\u0171z\u0151 alap, stb) r\u00f6gz\u00edtek.","score":0,"formatted_price":"4 000 Ft","image_url":"https:\/\/www.meska.hu\/img\/product\/small\/c\/r\/creabeaddesign_product_255296_260116225329_841512.jpeg","formatted_url":"https:\/\/www.meska.hu\/p5705144-creabead-design-trikolor-rozsabimbo-ekszer","favourite":false,"in_stock":false,"avatar":"CreabeadDesign_avatar_255296_1664527999.jpg","delete_from":0,"is_enhanced_background":false,"is_enhanced":false,"product_selection_started":false,"is_active":true,"image_webp_url":"https:\/\/www.meska.hu\/img\/product\/small\/c\/r\/creabeaddesign_product_255296_260116225329_841512.webp"},{"id":"6189579","shop_id":"11325","user_id":"69777","shop_name":"annetextil","shop_zip":"3100","product_code":"5775374","product_name_old":null,"product_name":"Nagy m\u00e9ret\u0171 pakol\u00f3s v\u00e1llt\u00e1ska BigBag A tavasz h\u00edrn\u00f6ke","category_string":"T\u00e1ska & Tok, K\u00e9zit\u00e1ska & v\u00e1llt\u00e1ska, Nagy pakol\u00f3s t\u00e1ska","technic_string":"Patchwork, foltvarr\u00e1s, Nemezel\u00e9s","category_1":"464","category_2":"471","category_3":"1034","category_4":"0","merged_category_1":null,"merged_category_2":null,"merged_category_3":null,"technic_1":"498","technic_2":"494","technic_3":"0","color_1":"525","color_2":"527","color_3":"529","product_description_old":null,"product_description":"Amikor meg\u00e9rkezik a tavasz, sz\u00edness\u00e9 v\u00e1lik a vil\u00e1g mindenhol pomp\u00e1s vir\u00e1gok ny\u00edlnak, mely a szemnek gy\u00f6ny\u00f6rk\u00f6dtet\u0151,  az \u00f6lt\u00f6z\u00e9kekben is a sz\u00ednesebb ruhadarabokat v\u00e1lasztjuk, \u00edgy van ez a t\u00e1sk\u00e1kkal is tavasszal \u00e9s ny\u00e1ron sz\u00edvesebben viselj\u00fck a sz\u00ednes darabokat. \nV\u00e9lem\u00e9nyem szerint fontos, hogy egy t\u00e1ska t\u00fckr\u00f6zze visel\u0151je st\u00edlus\u00e1t, \u00e9s ha igaz\u00e1n st\u00edlusos akarsz lenni, egyedi t\u00e1sk\u00e1t viselsz, mely a Te st\u00edlusodat t\u00fckr\u00f6zi. \nEnn\u00e9l a modelln\u00e9l kora tavaszi sz\u00edneket - z\u00f6ldet \u00e9s sz\u00fcrk\u00e9t - haszn\u00e1ltam alapk\u00e9nt, melyet az \u00e9bredez\u0151 z\u00f6ld levelek, bogy\u00f3k, r\u00f3zsasz\u00edn \u00e9s feh\u00e9r vir\u00e1gok pezsd\u00edtik fel.\n\nA t\u00e1ska mot\u00edvuma szabadk\u00e9zi, egyedi kivitelez\u00e9s, melyet  vegyes technik\u00e1val - patchwork,   h\u00edmz\u00e9s, vizes nemezel\u00e9s - k\u00e9sz\u00edtettem, m\u00edg ezt a k\u00fcl\u00f6nleges tavaszi hangulatot el\u00e9rtem. A minta kialak\u00edt\u00e1s\u00e1hoz k\u00fcl\u00f6nf\u00e9le pamut textil anyagokat, pamutfonalakat, \u00e9s festett merino gyapj\u00fat, val\u00f3di b\u0151rt \u00e9s festett fa gy\u00f6ngy\u00f6ket haszn\u00e1ltam.\n\nAnyaga: \n- a t\u00e1ska alapj\u00e1n\u00e1l sz\u00fcrke b\u00e1rsony \u00e9s tweed b\u00fatorsz\u00f6vetet, haszn\u00e1ltam, a v\u00e1llp\u00e1nt is sz\u00f6vetb\u0151l k\u00e9sz\u00fclt, \n- b\u00e9l\u00e9se feh\u00e9r alapon mini vir\u00e1g mint\u00e1s \u00e9s patchwork vir\u00e1gmint\u00e1s pamutv\u00e1szon, a r\u00e9tegek k\u00f6z\u00f6tt t\u00f6bbf\u00e9le merev\u00edt\u0151, b\u00e9lel\u0151 anyagot haszn\u00e1ltam, ez\u00e9rt massz\u00edv a tart\u00e1sa a t\u00e1sk\u00e1nak.\n\nTov\u00e1bbi param\u00e9terei: \n- a t\u00e1ska h\u00e1ts\u00f3, k\u00fcls\u0151 oldal\u00e1n k\u00e9t nagy m\u00e9ret\u0171 nyitott zseb k\u00e9sz\u00fclt, melyek t\u00e9p\u0151z\u00e1rral z\u00e1rhat\u00f3k, \n- t\u00f6bb r\u00e9teg\u0171, b\u00e9lelt, tart\u00e1sa kiv\u00e1l\u00f3, sz\u00edn- \u00e9s formatart\u00f3\n- belsej\u00e9ben 2 db nyitott zseb van az egyik oldalon, a m\u00e1sik oldalon cipz\u00e1ros zseb + toll\u0151rz\u0151 rekesz a kincseknek\n- a t\u00e1ska maga s\u00fcllyesztett cipz\u00e1rral z\u00e1r\u00f3dik\n- a t\u00e1ska szab\u00e1smint\u00e1ja \u00e9s mot\u00edvuma saj\u00e1t tervez\u00e9s\u0171 (2012)\n\nM\u00e9retei: \n- magass\u00e1ga 28 cm, \n- sz\u00e9less\u00e9ge a legsz\u00e9lesebb ponton 37 cm (nem lap\u00edtva), talpm\u00e9lys\u00e9ge 15 cm, \n- \u00e1ll\u00edthat\u00f3 v\u00e1llp\u00e1ntja 60-120 cm-ig szab\u00e1lyozhat\u00f3, ez\u00fcst sz\u00edn\u0171 f\u00e9m szerelv\u00e9nyekkel k\u00e9sz\u00fclt. \n\nTov\u00e1bbi k\u00e9szleten l\u00e9v\u0151 v\u00e1llt\u00e1sk\u00e1k: https:\/\/www.meska.hu\/shop\/annetextil?s=51728&p=1\n\nSzeretettel: Annetextil Handmade                            ","price":"29900.00","unit":"db","recommended":"0","status":"1","sponsored":"0","exp_notify":"0","own_material":"0","own_material_description_old":null,"own_material_description":"","jury":"0","jury_number":"","product_nature":"","meskaracsony":"0","create_date":"2026-04-20 08:12:19","shelve_id":"51728","image":"annetextil_product_69777_260420154545_981675.jpeg","image_width":"480","image_height":"480","image_alt":"Nagy m\u00e9ret\u0171 pakol\u00f3s v\u00e1llt\u00e1ska BigBag A tavasz h\u00edrn\u00f6ke, Amikor meg\u00e9rkezik a tavasz, sz\u00edness\u00e9 v\u00e1lik a vil\u00e1g mindenhol pomp\u00e1s vir\u00e1gok ny\u00edlnak, mely a szemnek ..., Meska","image_title":"Nagy m\u00e9ret\u0171 pakol\u00f3s v\u00e1llt\u00e1ska BigBag A tavasz h\u00edrn\u00f6ke, Meska","view_count":"91","favourite_count":"22","trending_score":"0","last2MonthFavouriteCount":"22","promotion":"0","giftcard_accept":"1","creditcard_accept":true,"enhanced_background":"0","domain":"meska","specific_customer_id":null,"specific_customer_name":null,"to_order_product":"0","to_order_product_time":"0","product_different":null,"product_different_description":"","vintage":"1","vintage_category_id":"885","recycled":"0","gemstone_id":"0","customizable":"0","type_category":"physical","zerowaste":"0","postage_price":"1435.00","shop_order":"7","has_category":"1","landing_pages":null,"microdata":{"number":67,"category":""},"title":"Nagy m\u00e9ret\u0171 pakol\u00f3s v\u00e1llt\u00e1ska BigBag A tavasz h\u00edrn\u00f6ke","description":"Amikor meg\u00e9rkezik a tavasz, sz\u00edness\u00e9 v\u00e1lik a vil\u00e1g mindenhol pomp\u00e1s vir\u00e1gok ny\u00edlnak, mely a szemnek gy\u00f6ny\u00f6rk\u00f6dtet\u0151,  az \u00f6lt\u00f6z\u00e9kekben is a sz\u00ednesebb ruhadarabokat v\u00e1lasztjuk, \u00edgy van ez a t\u00e1sk\u00e1kkal is tavasszal \u00e9s ny\u00e1ron sz\u00edvesebben viselj\u00fck a sz\u00ednes darabokat. \nV\u00e9lem\u00e9nyem szerint fontos, hogy egy t\u00e1ska t\u00fckr\u00f6zze visel\u0151je st\u00edlus\u00e1t, \u00e9s ha igaz\u00e1n st\u00edlusos akarsz lenni, egyedi t\u00e1sk\u00e1t viselsz, mely a Te st\u00edlusodat t\u00fckr\u00f6zi. \nEnn\u00e9l a modelln\u00e9l kora tavaszi sz\u00edneket - z\u00f6ldet \u00e9s sz\u00fcrk\u00e9t - haszn\u00e1ltam alapk\u00e9nt, melyet az \u00e9bredez\u0151 z\u00f6ld levelek, bogy\u00f3k, r\u00f3zsasz\u00edn \u00e9s feh\u00e9r vir\u00e1gok pezsd\u00edtik fel.\n\nA t\u00e1ska mot\u00edvuma szabadk\u00e9zi, egyedi kivitelez\u00e9s, melyet  vegyes technik\u00e1val - patchwork,   h\u00edmz\u00e9s, vizes nemezel\u00e9s - k\u00e9sz\u00edtettem, m\u00edg ezt a k\u00fcl\u00f6nleges tavaszi hangulatot el\u00e9rtem. A minta kialak\u00edt\u00e1s\u00e1hoz k\u00fcl\u00f6nf\u00e9le pamut textil anyagokat, pamutfonalakat, \u00e9s festett merino gyapj\u00fat, val\u00f3di b\u0151rt \u00e9s festett fa gy\u00f6ngy\u00f6ket haszn\u00e1ltam.\n\nAnyaga: \n- a t\u00e1ska alapj\u00e1n\u00e1l sz\u00fcrke b\u00e1rsony \u00e9s tweed b\u00fatorsz\u00f6vetet, haszn\u00e1ltam, a v\u00e1llp\u00e1nt is sz\u00f6vetb\u0151l k\u00e9sz\u00fclt, \n- b\u00e9l\u00e9se feh\u00e9r alapon mini vir\u00e1g mint\u00e1s \u00e9s patchwork vir\u00e1gmint\u00e1s pamutv\u00e1szon, a r\u00e9tegek k\u00f6z\u00f6tt t\u00f6bbf\u00e9le merev\u00edt\u0151, b\u00e9lel\u0151 anyagot haszn\u00e1ltam, ez\u00e9rt massz\u00edv a tart\u00e1sa a t\u00e1sk\u00e1nak.\n\nTov\u00e1bbi param\u00e9terei: \n- a t\u00e1ska h\u00e1ts\u00f3, k\u00fcls\u0151 oldal\u00e1n k\u00e9t nagy m\u00e9ret\u0171 nyitott zseb k\u00e9sz\u00fclt, melyek t\u00e9p\u0151z\u00e1rral z\u00e1rhat\u00f3k, \n- t\u00f6bb r\u00e9teg\u0171, b\u00e9lelt, tart\u00e1sa kiv\u00e1l\u00f3, sz\u00edn- \u00e9s formatart\u00f3\n- belsej\u00e9ben 2 db nyitott zseb van az egyik oldalon, a m\u00e1sik oldalon cipz\u00e1ros zseb + toll\u0151rz\u0151 rekesz a kincseknek\n- a t\u00e1ska maga s\u00fcllyesztett cipz\u00e1rral z\u00e1r\u00f3dik\n- a t\u00e1ska szab\u00e1smint\u00e1ja \u00e9s mot\u00edvuma saj\u00e1t tervez\u00e9s\u0171 (2012)\n\nM\u00e9retei: \n- magass\u00e1ga 28 cm, \n- sz\u00e9less\u00e9ge a legsz\u00e9lesebb ponton 37 cm (nem lap\u00edtva), talpm\u00e9lys\u00e9ge 15 cm, \n- \u00e1ll\u00edthat\u00f3 v\u00e1llp\u00e1ntja 60-120 cm-ig szab\u00e1lyozhat\u00f3, ez\u00fcst sz\u00edn\u0171 f\u00e9m szerelv\u00e9nyekkel k\u00e9sz\u00fclt. \n\nTov\u00e1bbi k\u00e9szleten l\u00e9v\u0151 v\u00e1llt\u00e1sk\u00e1k: https:\/\/www.meska.hu\/shop\/annetextil?s=51728&p=1\n\nSzeretettel: Annetextil Handmade                            ","score":0,"formatted_price":"29 900 Ft","image_url":"https:\/\/www.meska.hu\/img\/product\/small\/a\/n\/annetextil_product_69777_260420154545_981675.jpeg","formatted_url":"https:\/\/www.meska.hu\/p5775374-nagy-meretu-pakolos-valltaska-bigbag-a-tavasz-hirnoke","favourite":false,"in_stock":true,"avatar":"annetextil_avatar_69777_1621921281.jpg","delete_from":0,"is_enhanced_background":false,"is_enhanced":false,"product_selection_started":false,"is_active":true,"image_webp_url":"https:\/\/www.meska.hu\/img\/product\/small\/a\/n\/annetextil_product_69777_260420154545_981675.webp"},{"id":"5284089","shop_id":"11325","user_id":"69777","shop_name":"annetextil","shop_zip":"3100","product_code":"5258312","product_name_old":null,"product_name":"H\u00edmzett vir\u00e1gos madaras homoksz\u00edn\u0171 k\u00f6rcikk kulcstart\u00f3","category_string":"T\u00e1ska & Tok, Kulcstart\u00f3 & T\u00e1skad\u00edsz, Kulcstart\u00f3","technic_string":"Varr\u00e1s, H\u00edmz\u00e9s","category_1":"464","category_2":"390","category_3":"1037","category_4":"0","merged_category_1":null,"merged_category_2":null,"merged_category_3":null,"technic_1":"506","technic_2":"487","technic_3":"0","color_1":"514","color_2":"532","color_3":"525","product_description_old":null,"product_description":"Anne Kulcstart\u00f3 - K\u00c9SZLETEN!\n\nHomoksz\u00edn\u0171 sz\u00f6vet alapra, textilb\u0151r mad\u00e1rk\u00e1val \u00e9s k\u00e9zi h\u00edmz\u00e9ssel k\u00e9sz\u00edtem ezt a k\u00fcl\u00f6nleges, vir\u00e1gos, k\u00f6rcikk kulcstart\u00f3t, a mot\u00edvum mindig egyedileg k\u00e9sz\u00fcl, ez\u00e9rt teljesen ugyanolyan szinte sosem.\n\nEgyedi aj\u00e1nd\u00e9k lehet pedag\u00f3gus napra, ballag\u00e1sra, n\u00e9vnapra, sz\u00fclet\u00e9snapra, ha nem tudsz d\u00f6nteni, aj\u00e1nlom ezt az apr\u00f3s\u00e1got, mellyel biztosan \u00f6r\u00f6met tudsz okozni.\n\nA kulcstart\u00f3 cipz\u00e1rral z\u00e1rhat\u00f3, a belsej\u00e9ben mad\u00e1r mint\u00e1s pr\u00e9mium pamutszat\u00e9n v\u00e1szonnal b\u00e9lelem, melybe r\u00f6gz\u00edtett kulcskarika ker\u00fclt, egy m\u00e1sik pedig a cipz\u00e1r kocsij\u00e1ra. \n\nK\u00e9zk\u00f6zt 30*-on moshat\u00f3 d\u00f6rzs\u00f6l\u00e9s n\u00e9lk\u00fcl, ha sz\u00fcks\u00e9ges, a gyakori mos\u00e1s \u00e9s d\u00f6rzs\u00f6l\u00e9s k\u00f6vetkezt\u00e9ben a textilb\u0151r \u00e9s a pamut h\u00edmz\u00e9s roncsol\u00f3dhat.\nA mot\u00edvum \u00e9s a forma saj\u00e1t tervez\u00e9s\u0171, a modellt a t\u00e1sk\u00e1k szab\u00e1s\u00e1b\u00f3l fennmarad\u00f3 apr\u00f3bb sz\u00f6vet anyagok optim\u00e1lis felhaszn\u00e1l\u00e1sa \u00e9rdek\u00e9ben terveztem.\n\nAk\u00e1r az aut\u00f3, ak\u00e1r a lak\u00e1sod kulcsai k\u00e9nyelmesen, bez\u00e1rva elf\u00e9rnek a belsej\u00e9ben, a k\u00fcls\u0151 karik\u00e1val a t\u00e1ska karabiner\u00e9re csatolhat\u00f3. \n\nM\u00e9rete: kb. 10*10*15 cm k\u00f6rcikk\n\nSzeretettel aj\u00e1nlom ha egy sz\u00e1modra kedves szem\u00e9lyt szeretn\u00e9l meglepni n\u00e9vnapra, sz\u00fclet\u00e9snapra, gyereknapra, vagy ballag\u00e1sra egy apr\u00f3, de m\u00e9gis k\u00fcl\u00f6nleges k\u00e9zm\u0171ves aj\u00e1nd\u00e9kkal.\n\nTov\u00e1bbi madaras alkot\u00e1sok a boltban: https:\/\/www.meska.hu\/shop\/annetextil?o=legnepszerubb&q=madaras\n\nSzeretettel: Annetextil Handmade","price":"3300.00","unit":"db","recommended":"0","status":"1","sponsored":"0","exp_notify":"0","own_material":"0","own_material_description_old":null,"own_material_description":"","jury":"0","jury_number":"","product_nature":"","meskaracsony":"0","create_date":"2026-03-25 06:52:43","shelve_id":"43484","image":"annetextil_product_69777_240403120001_038844.jpeg","image_width":"480","image_height":"480","image_alt":"H\u00edmzett vir\u00e1gos madaras homoksz\u00edn\u0171 k\u00f6rcikk kulcstart\u00f3, Anne Kulcstart\u00f3 - K\u00c9SZLETEN!\\n\\nHomoksz\u00edn\u0171 sz\u00f6vet alapra, textilb\u0151r mad\u00e1rk\u00e1val \u00e9s k\u00e9zi h\u00edmz\u00e9ssel k\u00e9sz\u00ed..., Meska","image_title":"H\u00edmzett vir\u00e1gos madaras homoksz\u00edn\u0171 k\u00f6rcikk kulcstart\u00f3, Meska","view_count":"920","favourite_count":"22","trending_score":"0","last2MonthFavouriteCount":"22","promotion":"0","giftcard_accept":"1","creditcard_accept":true,"enhanced_background":"0","domain":"meska","specific_customer_id":null,"specific_customer_name":null,"to_order_product":"0","to_order_product_time":"0","product_different":null,"product_different_description":"","vintage":"0","vintage_category_id":"0","recycled":"0","gemstone_id":"0","customizable":"0","type_category":"physical","zerowaste":"0","postage_price":"1435.00","shop_order":"65","has_category":"1","landing_pages":null,"microdata":{"number":68,"category":""},"title":"H\u00edmzett vir\u00e1gos madaras homoksz\u00edn\u0171 k\u00f6rcikk kulcstart\u00f3","description":"Anne Kulcstart\u00f3 - K\u00c9SZLETEN!\n\nHomoksz\u00edn\u0171 sz\u00f6vet alapra, textilb\u0151r mad\u00e1rk\u00e1val \u00e9s k\u00e9zi h\u00edmz\u00e9ssel k\u00e9sz\u00edtem ezt a k\u00fcl\u00f6nleges, vir\u00e1gos, k\u00f6rcikk kulcstart\u00f3t, a mot\u00edvum mindig egyedileg k\u00e9sz\u00fcl, ez\u00e9rt teljesen ugyanolyan szinte sosem.\n\nEgyedi aj\u00e1nd\u00e9k lehet pedag\u00f3gus napra, ballag\u00e1sra, n\u00e9vnapra, sz\u00fclet\u00e9snapra, ha nem tudsz d\u00f6nteni, aj\u00e1nlom ezt az apr\u00f3s\u00e1got, mellyel biztosan \u00f6r\u00f6met tudsz okozni.\n\nA kulcstart\u00f3 cipz\u00e1rral z\u00e1rhat\u00f3, a belsej\u00e9ben mad\u00e1r mint\u00e1s pr\u00e9mium pamutszat\u00e9n v\u00e1szonnal b\u00e9lelem, melybe r\u00f6gz\u00edtett kulcskarika ker\u00fclt, egy m\u00e1sik pedig a cipz\u00e1r kocsij\u00e1ra. \n\nK\u00e9zk\u00f6zt 30*-on moshat\u00f3 d\u00f6rzs\u00f6l\u00e9s n\u00e9lk\u00fcl, ha sz\u00fcks\u00e9ges, a gyakori mos\u00e1s \u00e9s d\u00f6rzs\u00f6l\u00e9s k\u00f6vetkezt\u00e9ben a textilb\u0151r \u00e9s a pamut h\u00edmz\u00e9s roncsol\u00f3dhat.\nA mot\u00edvum \u00e9s a forma saj\u00e1t tervez\u00e9s\u0171, a modellt a t\u00e1sk\u00e1k szab\u00e1s\u00e1b\u00f3l fennmarad\u00f3 apr\u00f3bb sz\u00f6vet anyagok optim\u00e1lis felhaszn\u00e1l\u00e1sa \u00e9rdek\u00e9ben terveztem.\n\nAk\u00e1r az aut\u00f3, ak\u00e1r a lak\u00e1sod kulcsai k\u00e9nyelmesen, bez\u00e1rva elf\u00e9rnek a belsej\u00e9ben, a k\u00fcls\u0151 karik\u00e1val a t\u00e1ska karabiner\u00e9re csatolhat\u00f3. \n\nM\u00e9rete: kb. 10*10*15 cm k\u00f6rcikk\n\nSzeretettel aj\u00e1nlom ha egy sz\u00e1modra kedves szem\u00e9lyt szeretn\u00e9l meglepni n\u00e9vnapra, sz\u00fclet\u00e9snapra, gyereknapra, vagy ballag\u00e1sra egy apr\u00f3, de m\u00e9gis k\u00fcl\u00f6nleges k\u00e9zm\u0171ves aj\u00e1nd\u00e9kkal.\n\nTov\u00e1bbi madaras alkot\u00e1sok a boltban: https:\/\/www.meska.hu\/shop\/annetextil?o=legnepszerubb&q=madaras\n\nSzeretettel: Annetextil Handmade","score":0,"formatted_price":"3 300 Ft","image_url":"https:\/\/www.meska.hu\/img\/product\/small\/a\/n\/annetextil_product_69777_240403120001_038844.jpeg","formatted_url":"https:\/\/www.meska.hu\/p5258312-himzett-viragos-madaras-homokszinu-korcikk-kulcstarto","favourite":false,"in_stock":true,"avatar":"annetextil_avatar_69777_1621921281.jpg","delete_from":0,"is_enhanced_background":false,"is_enhanced":false,"product_selection_started":false,"is_active":true,"image_webp_url":"https:\/\/www.meska.hu\/img\/product\/small\/a\/n\/annetextil_product_69777_240403120001_038844.webp"},{"id":"6158034","shop_id":"35821","user_id":"468818","shop_name":"mooiidesign","shop_zip":"2086","product_code":"5760213","product_name_old":null,"product_name":"EZAZ! Megcsin\u00e1ltad! - Ballag\u00e1si aj\u00e1nd\u00e9k - kreat\u00edv p\u00e9nz\u00e1tad\u00f3 k\u00e1rtya, DIY ablakos vicces p\u00e9nz\u00e1tad\u00f3","category_string":"Otthon & \u00c9letm\u00f3d, Pap\u00edr, \u00edr\u00f3szer, Aj\u00e1nd\u00e9koz\u00e1s kell\u00e9kei, P\u00e9nz\u00e1tad\u00f3 bor\u00edt\u00e9k","technic_string":"Fot\u00f3, grafika, rajz, illusztr\u00e1ci\u00f3","category_1":"813","category_2":"351","category_3":"1652","category_4":"1655","merged_category_1":null,"merged_category_2":null,"merged_category_3":null,"technic_1":"483","technic_2":"0","technic_3":"0","color_1":"520","color_2":"526","color_3":"0","product_description_old":null,"product_description":"Vicces \u00e9s kreat\u00edv m\u00f3dot keresel k\u00e9szp\u00e9nz aj\u00e1nd\u00e9koz\u00e1s\u00e1ra mert unod m\u00e1r a bor\u00edt\u00e9koz\u00e1st? Ez a sz\u00ednes p\u00e9nz\u00e1tad\u00f3 k\u00e1rtya garant\u00e1ltan mosolyt csal az aj\u00e1nd\u00e9kozott arc\u00e1ra, mik\u00f6zben st\u00edlusosan juttatod el hozz\u00e1 a kis extra Forintokat.\n\nT\u00f6k\u00e9letes aj\u00e1nd\u00e9k a ballag\u00f3 tin\u00e9dzsereknek akiket meg szeretn\u00e9l lepni ballag\u00e1suk alkalm\u00e1b\u00f3l egy j\u00f3 po\u00e9nnal \u00e9s n\u00e9mi zsebp\u00e9nzzel.\n\nMit tartalmaz a csomag?\n\u2705 1 db 12\u00d714 cm-es, lamint\u00e1lt kartonk\u00e1rtya (alkoholos filccel vagy lakkfilccel \u00edrhat\u00f3)\n\u2705 1 db \u00e1tl\u00e1tsz\u00f3 m\u0171anyag tart\u00f3 k\u00e9toldal\u00fa ragaszt\u00f3val a p\u00e9nz r\u00f6gz\u00edt\u00e9s\u00e9hez\n\n\u00d6ssze\u00e1ll\u00edt\u00e1s l\u00e9p\u00e9sr\u0151l l\u00e9p\u00e9sre:\n1\ufe0f\u20e3 Tekerd fel a bankjegyet, majd helyezd a mell\u00e9kelt m\u0171anyag tart\u00f3ba.\n2\ufe0f\u20e3 T\u00e1vol\u00edtsd el a matrica keretet a tart\u00f3 talp\u00e1r\u00f3l.\n3\ufe0f\u20e3 Illeszd a tart\u00f3t a k\u00e1rty\u00e1ra, \u00fagy, hogy a p\u00e9nz a kijel\u00f6lt feh\u00e9r keretben legyen. - a lamin\u00e1l\u00e1snak k\u00f6sz\u00f6nhet\u0151en visszaszedhet\u0151 a tart\u00f3, ha esetleg els\u0151re nem siker\u00fcl t\u00f6k\u00e9letesre a felragaszt\u00e1s.\n4\ufe0f\u20e3 K\u00e9sz is vagy, m\u00e1r csak az \u00e1tad\u00e1s j\u00f6n!\n\nCsak csomagk\u00e9nt k\u00fcld\u00f6m. \n\nFontos! A k\u00e9pen l\u00e1that\u00f3 k\u00e9szp\u00e9nz NEM tartoz\u00e9k. Az aj\u00e1nd\u00e9k p\u00e9nzt neked kell hozz\u00e1tenni! :)","price":"1290.00","unit":"db","recommended":"0","status":"1","sponsored":"0","exp_notify":"0","own_material":"0","own_material_description_old":null,"own_material_description":"","jury":"0","jury_number":"","product_nature":"","meskaracsony":"0","create_date":"2026-04-21 07:54:17","shelve_id":"0","image":"mooiidesign_product_468818_260316133530_40557.jpeg","image_width":"480","image_height":"480","image_alt":"EZAZ! Megcsin\u00e1ltad! - Ballag\u00e1si aj\u00e1nd\u00e9k - kreat\u00edv p\u00e9nz\u00e1tad\u00f3 k\u00e1rtya, DIY ablakos vicces p\u00e9nz\u00e1tad\u00f3, Vicces \u00e9s kreat\u00edv m\u00f3dot keresel k\u00e9szp\u00e9nz aj\u00e1nd\u00e9koz\u00e1s\u00e1ra mert unod m\u00e1r a bor\u00edt\u00e9koz\u00e1st? Ez a sz\u00ednes p\u00e9..., Meska","image_title":"EZAZ! Megcsin\u00e1ltad! - Ballag\u00e1si aj\u00e1nd\u00e9k - kreat\u00edv p\u00e9nz\u00e1tad\u00f3 k\u00e1rtya, DIY ablakos vicces p\u00e9nz\u00e1tad\u00f3, Meska","view_count":"206","favourite_count":"22","trending_score":"0","last2MonthFavouriteCount":"22","promotion":"0","giftcard_accept":"0","creditcard_accept":true,"enhanced_background":"0","domain":"meska","specific_customer_id":null,"specific_customer_name":null,"to_order_product":"0","to_order_product_time":"0","product_different":null,"product_different_description":"","vintage":"0","vintage_category_id":"0","recycled":"0","gemstone_id":"0","customizable":"0","type_category":"physical","zerowaste":"0","postage_price":"1349.00","shop_order":"4","has_category":"1","landing_pages":null,"microdata":{"number":69,"category":""},"title":"EZAZ! Megcsin\u00e1ltad! - Ballag\u00e1si aj\u00e1nd\u00e9k - kreat\u00edv p\u00e9nz\u00e1tad\u00f3 k\u00e1rtya, DIY ablakos vicces p\u00e9nz\u00e1tad\u00f3","description":"Vicces \u00e9s kreat\u00edv m\u00f3dot keresel k\u00e9szp\u00e9nz aj\u00e1nd\u00e9koz\u00e1s\u00e1ra mert unod m\u00e1r a bor\u00edt\u00e9koz\u00e1st? Ez a sz\u00ednes p\u00e9nz\u00e1tad\u00f3 k\u00e1rtya garant\u00e1ltan mosolyt csal az aj\u00e1nd\u00e9kozott arc\u00e1ra, mik\u00f6zben st\u00edlusosan juttatod el hozz\u00e1 a kis extra Forintokat.\n\nT\u00f6k\u00e9letes aj\u00e1nd\u00e9k a ballag\u00f3 tin\u00e9dzsereknek akiket meg szeretn\u00e9l lepni ballag\u00e1suk alkalm\u00e1b\u00f3l egy j\u00f3 po\u00e9nnal \u00e9s n\u00e9mi zsebp\u00e9nzzel.\n\nMit tartalmaz a csomag?\n\u2705 1 db 12\u00d714 cm-es, lamint\u00e1lt kartonk\u00e1rtya (alkoholos filccel vagy lakkfilccel \u00edrhat\u00f3)\n\u2705 1 db \u00e1tl\u00e1tsz\u00f3 m\u0171anyag tart\u00f3 k\u00e9toldal\u00fa ragaszt\u00f3val a p\u00e9nz r\u00f6gz\u00edt\u00e9s\u00e9hez\n\n\u00d6ssze\u00e1ll\u00edt\u00e1s l\u00e9p\u00e9sr\u0151l l\u00e9p\u00e9sre:\n1\ufe0f\u20e3 Tekerd fel a bankjegyet, majd helyezd a mell\u00e9kelt m\u0171anyag tart\u00f3ba.\n2\ufe0f\u20e3 T\u00e1vol\u00edtsd el a matrica keretet a tart\u00f3 talp\u00e1r\u00f3l.\n3\ufe0f\u20e3 Illeszd a tart\u00f3t a k\u00e1rty\u00e1ra, \u00fagy, hogy a p\u00e9nz a kijel\u00f6lt feh\u00e9r keretben legyen. - a lamin\u00e1l\u00e1snak k\u00f6sz\u00f6nhet\u0151en visszaszedhet\u0151 a tart\u00f3, ha esetleg els\u0151re nem siker\u00fcl t\u00f6k\u00e9letesre a felragaszt\u00e1s.\n4\ufe0f\u20e3 K\u00e9sz is vagy, m\u00e1r csak az \u00e1tad\u00e1s j\u00f6n!\n\nCsak csomagk\u00e9nt k\u00fcld\u00f6m. \n\nFontos! A k\u00e9pen l\u00e1that\u00f3 k\u00e9szp\u00e9nz NEM tartoz\u00e9k. Az aj\u00e1nd\u00e9k p\u00e9nzt neked kell hozz\u00e1tenni! :)","score":0,"formatted_price":"1 290 Ft","image_url":"https:\/\/www.meska.hu\/img\/product\/small\/m\/o\/mooiidesign_product_468818_260316133530_40557.jpeg","formatted_url":"https:\/\/www.meska.hu\/p5760213-ezaz-megcsinaltad-ballagasi-ajandek-kreativ-penzatado-kartya-diy-ablakos-vicces-penzatado","favourite":false,"in_stock":true,"avatar":"mooiidesign_avatar_468818_1676880681.jpg","delete_from":0,"is_enhanced_background":false,"is_enhanced":false,"product_selection_started":false,"is_active":true,"image_webp_url":"https:\/\/www.meska.hu\/img\/product\/small\/m\/o\/mooiidesign_product_468818_260316133530_40557.webp"},{"id":"5953798","shop_id":"37997","user_id":"505282","shop_name":"csibiri","shop_zip":"4400","product_code":"5643794","product_name_old":null,"product_name":"Nyuszis szundikend\u0151 alv\u00f3ka","category_string":"Baba - mama, Baba j\u00e1t\u00e9kok, Szundikend\u0151, alv\u00f3ka","technic_string":"H\u00edmz\u00e9s, Varr\u00e1s","category_1":"343","category_2":"1099","category_3":"1735","category_4":"0","merged_category_1":null,"merged_category_2":null,"merged_category_3":null,"technic_1":"487","technic_2":"506","technic_3":"0","color_1":"519","color_2":"529","color_3":"0","product_description_old":null,"product_description":"M\u00e9ret: teste kb 30\u00d730 cm, feje 14\u00d710 cm, f\u00fcle 23 cm hossz\u00fa.\nAnyaga: puha pl\u00fcss \u00e9s duplag\u00e9z\nK\u00e9zzel h\u00edmzett pofival.\nPuha, aranyos kis nyuszi bab\u00e1knak.\nMinden anyagot kimostam varr\u00e1s el\u0151tt. ","price":"6490.00","unit":"db","recommended":"0","status":"1","sponsored":"0","exp_notify":"0","own_material":"0","own_material_description_old":null,"own_material_description":"","jury":"0","jury_number":"","product_nature":"","meskaracsony":"0","create_date":"2026-03-08 22:20:07","shelve_id":"72925","image":"csibiri_product_505282_251013163634_685966.jpeg","image_width":"480","image_height":"360","image_alt":"Nyuszis szundikend\u0151 alv\u00f3ka, M\u00e9ret: teste kb 30\u00d730 cm, feje 14\u00d710 cm, f\u00fcle 23 cm hossz\u00fa.\\nAnyaga: puha pl\u00fcss \u00e9s duplag\u00e9z\\nK\u00e9zzel h\u00ed..., Meska","image_title":"Nyuszis szundikend\u0151 alv\u00f3ka, Meska","view_count":"294","favourite_count":"22","trending_score":"0","last2MonthFavouriteCount":"22","promotion":"0","giftcard_accept":"0","creditcard_accept":true,"enhanced_background":"0","domain":"meska","specific_customer_id":null,"specific_customer_name":null,"to_order_product":"0","to_order_product_time":"0","product_different":null,"product_different_description":"","vintage":"0","vintage_category_id":"0","recycled":"0","gemstone_id":"0","customizable":"0","type_category":"physical","zerowaste":"0","postage_price":"1349.00","shop_order":"0","has_category":"1","landing_pages":null,"microdata":{"number":70,"category":""},"title":"Nyuszis szundikend\u0151 alv\u00f3ka","description":"M\u00e9ret: teste kb 30\u00d730 cm, feje 14\u00d710 cm, f\u00fcle 23 cm hossz\u00fa.\nAnyaga: puha pl\u00fcss \u00e9s duplag\u00e9z\nK\u00e9zzel h\u00edmzett pofival.\nPuha, aranyos kis nyuszi bab\u00e1knak.\nMinden anyagot kimostam varr\u00e1s el\u0151tt. ","score":0,"formatted_price":"6 490 Ft","image_url":"https:\/\/www.meska.hu\/img\/product\/small\/c\/s\/csibiri_product_505282_251013163634_685966.jpeg","formatted_url":"https:\/\/www.meska.hu\/p5643794-nyuszis-szundikendo-alvoka","favourite":false,"in_stock":true,"avatar":"505282_avatar_1657704249.jpeg","delete_from":0,"is_enhanced_background":false,"is_enhanced":false,"product_selection_started":false,"is_active":true,"image_webp_url":"https:\/\/www.meska.hu\/img\/product\/small\/c\/s\/csibiri_product_505282_251013163634_685966.webp"},{"id":"4939992","shop_id":"34737","user_id":"453564","shop_name":"CsillagMag","shop_zip":"1171","product_code":"5039461","product_name_old":null,"product_name":"GYAPJ\u00daFILC ANGYALKA KAR\u00c1CSONYFAD\u00cdSZ TERM\u00c9SZETES DEKOR\u00c1CI\u00d3 FEH\u00c9R \u00c9S SZ\u00cdNES RUH\u00c1S ANGYALK\u00c1K 3490 FT\/DB TERM\u00c9SZETES ANYAGOK","category_string":"Kar\u00e1csony, Kar\u00e1csonyi lak\u00e1sdekor\u00e1ci\u00f3, Kar\u00e1csonyfad\u00edszek","technic_string":"Varr\u00e1s, H\u00edmz\u00e9s","category_1":"319","category_2":"324","category_3":"323","category_4":"0","merged_category_1":null,"merged_category_2":null,"merged_category_3":null,"technic_1":"506","technic_2":"487","technic_3":"0","color_1":"512","color_2":"519","color_3":"525","product_description_old":null,"product_description":"PICI ANGYALK\u00c1K FEH\u00c9R \u00c9S SZ\u00cdNES RUH\u00c1BAN\n\nPR\u00c9MIUM GYAPJ\u00daFILCB\u0150L,\nKIV\u00c1L\u00d3 MIN\u0150S\u00c9G\u0170 MAGYAR GYAPJ\u00daVAL T\u00d6LTVE,\n\nARANY ZSIN\u00d3RRAL \u00c9S\nGY\u00d6NGY\u00d6KKEL D\u00cdSZ\u00cdTVE,\nRAFIA L\u00c1BACSK\u00c1KKAL.\n\n\u00c1RA: 3490 FT\/DB\n\nM\u00e9ret\u00fck: \n8,5 x 12 cm, \nakaszt\u00f3val 8,5 x 18 cm\n\nSz\u00ednminta alapj\u00e1n k\u00e9rhet\u0151 m\u00e1s sz\u00ednekben is!\n\n\n\n","price":"3490.00","unit":"db","recommended":"0","status":"1","sponsored":"0","exp_notify":"0","own_material":"0","own_material_description_old":null,"own_material_description":"","jury":"0","jury_number":"","product_nature":"","meskaracsony":"0","create_date":"2026-03-17 12:17:57","shelve_id":"68184","image":"csillagmag_product_453564_240404102938_182555.jpeg","image_width":"480","image_height":"475","image_alt":"GYAPJ\u00daFILC ANGYALKA KAR\u00c1CSONYFAD\u00cdSZ TERM\u00c9SZETES DEKOR\u00c1CI\u00d3 FEH\u00c9R \u00c9S SZ\u00cdNES RUH\u00c1S ANGYALK\u00c1K 3490 FT\/DB TERM\u00c9SZETES ANYAGOK, PICI ANGYALK\u00c1K FEH\u00c9R \u00c9S SZ\u00cdNES RUH\u00c1BAN\\n\\nPR\u00c9MIUM GYAPJ\u00daFILCB\u0150L,\\nKIV\u00c1L\u00d3 MIN\u0150S\u00c9G\u0170 MAGYAR GYAPJ\u00daVAL T\u00d6LT..., Meska","image_title":"GYAPJ\u00daFILC ANGYALKA KAR\u00c1CSONYFAD\u00cdSZ TERM\u00c9SZETES DEKOR\u00c1CI\u00d3 FEH\u00c9R \u00c9S SZ\u00cdNES RUH\u00c1S ANGYALK\u00c1K 3490 FT\/DB TERM\u00c9SZETES ANYAGOK, Meska","view_count":"1098","favourite_count":"22","trending_score":"0","last2MonthFavouriteCount":"22","promotion":"0","giftcard_accept":"0","creditcard_accept":false,"enhanced_background":"0","domain":"meska","specific_customer_id":null,"specific_customer_name":null,"to_order_product":"1","to_order_product_time":"3","product_different":null,"product_different_description":"","vintage":"0","vintage_category_id":"0","recycled":"1","gemstone_id":"0","customizable":"0","type_category":"physical","zerowaste":"1","postage_price":"2390.00","shop_order":"0","has_category":"1","landing_pages":null,"microdata":{"number":71,"category":""},"title":"GYAPJ\u00daFILC ANGYALKA KAR\u00c1CSONYFAD\u00cdSZ TERM\u00c9SZETES DEKOR\u00c1CI\u00d3 FEH\u00c9R \u00c9S SZ\u00cdNES RUH\u00c1S ANGYALK\u00c1K 3490 FT\/DB TERM\u00c9SZETES ANYAGOK","description":"PICI ANGYALK\u00c1K FEH\u00c9R \u00c9S SZ\u00cdNES RUH\u00c1BAN\n\nPR\u00c9MIUM GYAPJ\u00daFILCB\u0150L,\nKIV\u00c1L\u00d3 MIN\u0150S\u00c9G\u0170 MAGYAR GYAPJ\u00daVAL T\u00d6LTVE,\n\nARANY ZSIN\u00d3RRAL \u00c9S\nGY\u00d6NGY\u00d6KKEL D\u00cdSZ\u00cdTVE,\nRAFIA L\u00c1BACSK\u00c1KKAL.\n\n\u00c1RA: 3490 FT\/DB\n\nM\u00e9ret\u00fck: \n8,5 x 12 cm, \nakaszt\u00f3val 8,5 x 18 cm\n\nSz\u00ednminta alapj\u00e1n k\u00e9rhet\u0151 m\u00e1s sz\u00ednekben is!\n\n\n\n","score":0,"formatted_price":"3 490 Ft","image_url":"https:\/\/www.meska.hu\/img\/product\/small\/c\/s\/csillagmag_product_453564_240404102938_182555.jpeg","formatted_url":"https:\/\/www.meska.hu\/p5039461-gyapjufilc-angyalkak-karacsonyfadisz-termeszetes-dekoracio-piciszines-angyalkak-aranyszalaggalgyongyokkel-diszitve","favourite":false,"in_stock":false,"avatar":"CsillagMag_avatar_453564_1633511873.jpg","delete_from":0,"is_enhanced_background":false,"is_enhanced":false,"product_selection_started":false,"is_active":true,"image_webp_url":"https:\/\/www.meska.hu\/img\/product\/small\/c\/s\/csillagmag_product_453564_240404102938_182555.webp"},{"id":"6082838","shop_id":"50011","user_id":"740608","shop_name":"PERECZESORSI","shop_zip":"1145","product_code":"5711690","product_name_old":null,"product_name":"Val\u00f3di Bronz f\u00fclbeval\u00f3 - t\u00fcrkiz, besz\u00far\u00f3s","category_string":"\u00c9kszer, F\u00fclbeval\u00f3, P\u00f6tty f\u00fclbeval\u00f3","technic_string":"F\u00e9mmegmunk\u00e1l\u00e1s, \u00c9kszerk\u00e9sz\u00edt\u00e9s","category_1":"327","category_2":"331","category_3":"1216","category_4":"0","merged_category_1":null,"merged_category_2":null,"merged_category_3":null,"technic_1":"479","technic_2":"477","technic_3":"0","color_1":"514","color_2":"517","color_3":"528","product_description_old":null,"product_description":"Val\u00f3di bronzb\u00f3l saj\u00e1t m\u0171helyemben k\u00e9sz\u00edtem ezeket az \u00e9kszereket. Teh\u00e1t sok m\u00e1s bolt k\u00edn\u00e1lat\u00e1t\u00f3l elt\u00e9r\u0151en a bronz nem a sz\u00ednt jelenti, hanem az alapanyagot. Meg is n\u00e9zhetitek, hogy k\u00e9sz\u00fclnek: FB oldalamra teszek fel a k\u00e9sz\u00edt\u00e9s folymat\u00e1r\u00f3l vide\u00f3t, \u00e9s a bronz \u00e9kszerek \u00e1pol\u00e1s\u00e1r\u00f3l is tal\u00e1lsz inform\u00e1ci\u00f3t.\n\nVal\u00f3di t\u00fcrkiz bedug\u00f3s f\u00fclbeval\u00f3. Bronzba tekert \u00e1sv\u00e1ny, organikus korong form\u00e1j\u00fa k\u00f6vekkel. Minden k\u0151 egyedi: k\u00e9kesebb, z\u00f6ldesebb, s\u00f6t\u00e9tebb, vil\u00e1gosabb, t\u00f6bb vagy kevesebb barna r\u00e9sszel, \u00edgy nincs k\u00e9t teljesen egyforma p\u00e1r. Ha van k\u00fcl\u00f6n k\u00edv\u00e1ns\u00e1god \u00edrj, \u00e9s igyekszem ennek megfelel\u0151en \u00f6sszev\u00e1logatni a k\u00f6veket.\n\nA f\u00fclbeval\u00f3khoz vir\u00e1g alak\u00fa szilikon f\u00fclbeval\u00f3h\u00e1tat k\u00fcld\u00f6k - k\u00e9nyelmes viselet eg\u00e9sz napra.","price":"5900.00","unit":"p\u00e1r","recommended":"0","status":"1","sponsored":"0","exp_notify":"0","own_material":"0","own_material_description_old":null,"own_material_description":"","jury":"0","jury_number":"","product_nature":"","meskaracsony":"0","create_date":"2026-01-18 13:29:40","shelve_id":"82200","image":"pereczesorsi_product_740608_260118132213_13881.jpeg","image_width":"480","image_height":"320","image_alt":"Val\u00f3di Bronz f\u00fclbeval\u00f3 - t\u00fcrkiz, besz\u00far\u00f3s, Val\u00f3di bronzb\u00f3l saj\u00e1t m\u0171helyemben k\u00e9sz\u00edtem ezeket az \u00e9kszereket. Teh\u00e1t sok m\u00e1s bolt k\u00edn\u00e1lat\u00e1t\u00f3l elt\u00e9..., Meska","image_title":"Val\u00f3di Bronz f\u00fclbeval\u00f3 - t\u00fcrkiz, besz\u00far\u00f3s, Meska","view_count":"125","favourite_count":"22","trending_score":"0","last2MonthFavouriteCount":"22","promotion":"0","giftcard_accept":"0","creditcard_accept":true,"enhanced_background":"0","domain":"meska","specific_customer_id":null,"specific_customer_name":null,"to_order_product":"0","to_order_product_time":"0","product_different":null,"product_different_description":"","vintage":"0","vintage_category_id":"0","recycled":"0","gemstone_id":"0","customizable":"0","type_category":"physical","zerowaste":"0","postage_price":"2390.00","shop_order":"16","has_category":"1","landing_pages":null,"microdata":{"number":72,"category":""},"title":"Val\u00f3di Bronz f\u00fclbeval\u00f3 - t\u00fcrkiz, besz\u00far\u00f3s","description":"Val\u00f3di bronzb\u00f3l saj\u00e1t m\u0171helyemben k\u00e9sz\u00edtem ezeket az \u00e9kszereket. Teh\u00e1t sok m\u00e1s bolt k\u00edn\u00e1lat\u00e1t\u00f3l elt\u00e9r\u0151en a bronz nem a sz\u00ednt jelenti, hanem az alapanyagot. Meg is n\u00e9zhetitek, hogy k\u00e9sz\u00fclnek: FB oldalamra teszek fel a k\u00e9sz\u00edt\u00e9s folymat\u00e1r\u00f3l vide\u00f3t, \u00e9s a bronz \u00e9kszerek \u00e1pol\u00e1s\u00e1r\u00f3l is tal\u00e1lsz inform\u00e1ci\u00f3t.\n\nVal\u00f3di t\u00fcrkiz bedug\u00f3s f\u00fclbeval\u00f3. Bronzba tekert \u00e1sv\u00e1ny, organikus korong form\u00e1j\u00fa k\u00f6vekkel. Minden k\u0151 egyedi: k\u00e9kesebb, z\u00f6ldesebb, s\u00f6t\u00e9tebb, vil\u00e1gosabb, t\u00f6bb vagy kevesebb barna r\u00e9sszel, \u00edgy nincs k\u00e9t teljesen egyforma p\u00e1r. Ha van k\u00fcl\u00f6n k\u00edv\u00e1ns\u00e1god \u00edrj, \u00e9s igyekszem ennek megfelel\u0151en \u00f6sszev\u00e1logatni a k\u00f6veket.\n\nA f\u00fclbeval\u00f3khoz vir\u00e1g alak\u00fa szilikon f\u00fclbeval\u00f3h\u00e1tat k\u00fcld\u00f6k - k\u00e9nyelmes viselet eg\u00e9sz napra.","score":0,"formatted_price":"5 900 Ft","image_url":"https:\/\/www.meska.hu\/img\/product\/small\/p\/e\/pereczesorsi_product_740608_260118132213_13881.jpeg","formatted_url":"https:\/\/www.meska.hu\/p5711690-bronz-fulbevalo-turkiz-beszuros","favourite":false,"in_stock":true,"avatar":"740608_avatar_1756975500.jpeg","delete_from":0,"is_enhanced_background":false,"is_enhanced":false,"product_selection_started":false,"is_active":true,"image_webp_url":"https:\/\/www.meska.hu\/img\/product\/small\/p\/e\/pereczesorsi_product_740608_260118132213_13881.webp"},{"id":"5007279","shop_id":"21908","user_id":"233768","shop_name":"tamasszabina0708","shop_zip":"8991","product_code":"5086806","product_name_old":null,"product_name":"Ny\u00e1ri hangulat\u00fa asztald\u00edsz fa kos\u00e1rban","category_string":"","technic_string":"Mindenm\u00e1s","category_1":"0","category_2":"0","category_3":"0","category_4":"0","merged_category_1":null,"merged_category_2":null,"merged_category_3":null,"technic_1":"493","technic_2":"0","technic_3":"0","color_1":"514","color_2":"523","color_3":"0","product_description_old":null,"product_description":"Kedves \u00c9rdekl\u0151d\u0151! \n\nA term\u00e9k m\u00e9rete: 25*18 cm .\n\nKedves vid\u00e1mhangulat\u00fa d\u00edsz licsi mint\u00e1s ker\u00e1mia figur\u00e1val. ","price":"3800.00","unit":"db","recommended":"0","status":"1","sponsored":"0","exp_notify":"0","own_material":"0","own_material_description_old":null,"own_material_description":"","jury":"0","jury_number":"","product_nature":"","meskaracsony":"0","create_date":"2026-03-30 18:28:06","shelve_id":"0","image":"tamasszabina0708_product_233768_230115094455_544837.jpeg","image_width":"480","image_height":"640","image_alt":"Ny\u00e1ri hangulat\u00fa asztald\u00edsz fa kos\u00e1rban, Kedves \u00c9rdekl\u0151d\u0151! \\n\\nA term\u00e9k m\u00e9rete: 25*18 cm .\\n\\nKedves vid\u00e1mhangulat\u00fa d\u00edsz licsi mint\u00e1s ker\u00e1mia fig..., Meska","image_title":"Ny\u00e1ri hangulat\u00fa asztald\u00edsz fa kos\u00e1rban, Meska","view_count":"308","favourite_count":"22","trending_score":"0","last2MonthFavouriteCount":"22","promotion":"0","giftcard_accept":"1","creditcard_accept":true,"enhanced_background":"0","domain":"meska","specific_customer_id":null,"specific_customer_name":null,"to_order_product":"0","to_order_product_time":"0","product_different":null,"product_different_description":"","vintage":"0","vintage_category_id":"0","recycled":"0","gemstone_id":"0","customizable":"0","type_category":"physical","zerowaste":"0","postage_price":"1349.00","shop_order":"0","has_category":"0","landing_pages":null,"microdata":{"number":73,"category":""},"title":"Ny\u00e1ri hangulat\u00fa asztald\u00edsz fa kos\u00e1rban","description":"Kedves \u00c9rdekl\u0151d\u0151! \n\nA term\u00e9k m\u00e9rete: 25*18 cm .\n\nKedves vid\u00e1mhangulat\u00fa d\u00edsz licsi mint\u00e1s ker\u00e1mia figur\u00e1val. ","score":0,"formatted_price":"3 800 Ft","image_url":"https:\/\/www.meska.hu\/img\/product\/small\/t\/a\/tamasszabina0708_product_233768_230115094455_544837.jpeg","formatted_url":"https:\/\/www.meska.hu\/p5086806-nyari-hangulatu-asztaldisz-fa-kosarban","favourite":false,"in_stock":true,"avatar":"tamasszabina0708_avatar_233768_1583254057.jpg","delete_from":0,"is_enhanced_background":false,"is_enhanced":false,"product_selection_started":false,"is_active":true,"image_webp_url":"https:\/\/www.meska.hu\/img\/product\/small\/t\/a\/tamasszabina0708_product_233768_230115094455_544837.webp"},{"id":"5369360","shop_id":"30638","user_id":"387922","shop_name":"Zinkatextil","shop_zip":"7621","product_code":"5305358","product_name_old":null,"product_name":"Baldachin h\u00f3feh\u00e9r voile-b\u00f3l sz\u00fcrke szat\u00e9nszalaggal","category_string":"Baba - mama, R\u00e1csv\u00e9d\u0151 & Baldachin, Baba \u00e1gynem\u0171","technic_string":"Varr\u00e1s","category_1":"986","category_2":"1735","category_3":"1450","category_4":"0","merged_category_1":null,"merged_category_2":null,"merged_category_3":null,"technic_1":"506","technic_2":"0","technic_3":"0","color_1":"519","color_2":"527","color_3":"0","product_description_old":null,"product_description":"Egyszer\u0171 modern baldachin sz\u00fcrke szat\u00e9n szalaggal.\nFeh\u00e9r voile (muszlin) anyagb\u00f3l k\u00e9sz\u00fclt.\nM\u00e9rete 140 cm x 220 cm. \nK\u00f6r\u00edves baldachintart\u00f3 vassal az \u00e1gyra szerelhet\u0151.\nA fot\u00f3n l\u00e1that\u00f3 \u00e1gynem\u0171 szett, illetve a baldachintart\u00f3 vas nem a term\u00e9k r\u00e9sze.\n","price":"10900.00","unit":"db","recommended":"0","status":"1","sponsored":"0","exp_notify":"0","own_material":"0","own_material_description_old":null,"own_material_description":"","jury":"0","jury_number":"","product_nature":"","meskaracsony":"0","create_date":"2026-03-08 19:56:18","shelve_id":"67190","image":"zinkatextil_product_387922_221007175931_64996.jpeg","image_width":"480","image_height":"720","image_alt":"Baldachin h\u00f3feh\u00e9r voile-b\u00f3l sz\u00fcrke szat\u00e9nszalaggal, Egyszer\u0171 modern baldachin sz\u00fcrke szat\u00e9n szalaggal.\\nFeh\u00e9r voile (muszlin) anyagb\u00f3l k\u00e9sz\u00fclt.\\nM\u00e9rete 14..., Meska","image_title":"Baldachin h\u00f3feh\u00e9r voile-b\u00f3l sz\u00fcrke szat\u00e9nszalaggal, Meska","view_count":"756","favourite_count":"22","trending_score":"0","last2MonthFavouriteCount":"22","promotion":"0","giftcard_accept":"1","creditcard_accept":false,"enhanced_background":"0","domain":"meska","specific_customer_id":null,"specific_customer_name":null,"to_order_product":"1","to_order_product_time":"10","product_different":null,"product_different_description":"","vintage":"0","vintage_category_id":"0","recycled":"0","gemstone_id":"0","customizable":"0","type_category":"physical","zerowaste":"0","postage_price":"2390.00","shop_order":"0","has_category":"1","landing_pages":null,"microdata":{"number":74,"category":""},"title":"Baldachin h\u00f3feh\u00e9r voile-b\u00f3l sz\u00fcrke szat\u00e9nszalaggal","description":"Egyszer\u0171 modern baldachin sz\u00fcrke szat\u00e9n szalaggal.\nFeh\u00e9r voile (muszlin) anyagb\u00f3l k\u00e9sz\u00fclt.\nM\u00e9rete 140 cm x 220 cm. \nK\u00f6r\u00edves baldachintart\u00f3 vassal az \u00e1gyra szerelhet\u0151.\nA fot\u00f3n l\u00e1that\u00f3 \u00e1gynem\u0171 szett, illetve a baldachintart\u00f3 vas nem a term\u00e9k r\u00e9sze.\n","score":0,"formatted_price":"10 900 Ft","image_url":"https:\/\/www.meska.hu\/img\/product\/small\/z\/i\/zinkatextil_product_387922_221007175931_64996.jpeg","formatted_url":"https:\/\/www.meska.hu\/p5305358-baldachin-hofeher-voile-bol-szurke-szatenszalaggal","favourite":false,"in_stock":false,"avatar":"Zinkatextil_avatar_387922_1668435830.jpg","delete_from":0,"is_enhanced_background":false,"is_enhanced":false,"product_selection_started":false,"is_active":true,"image_webp_url":"https:\/\/www.meska.hu\/img\/product\/small\/z\/i\/zinkatextil_product_387922_221007175931_64996.webp"},{"id":"2999960","shop_id":"2164","user_id":"6730","shop_name":"Daniel","shop_zip":"8427","product_code":"4672722","product_name_old":null,"product_name":"R\u00f3zs\u00e1s fut\u00f3 ter\u00edt\u0151","category_string":"Otthon & \u00c9letm\u00f3d, Lak\u00e1stextil, Abrosz, ter\u00edt\u0151, Asztalfut\u00f3","technic_string":"Horgol\u00e1s","category_1":"813","category_2":"420","category_3":"1799","category_4":"1800","merged_category_1":null,"merged_category_2":null,"merged_category_3":null,"technic_1":"488","technic_2":"0","technic_3":"0","color_1":"519","color_2":"0","color_3":"0","product_description_old":null,"product_description":"Gy\u00f6ny\u00f6r\u0171 mint\u00e1zat\u00fa, l\u00e9giesen finom, mutat\u00f3s ter\u00edt\u0151 a k\u00e9zimunka kedvel\u0151inek. Asztalon, vagy m\u00e1s b\u00fatordarabon is l\u00e1tv\u00e1nyos. Apr\u00f3l\u00e9kos k\u00e9zi horgol\u00e1ssal \u00e9s sok szeretettel k\u00e9sz\u00fclt Neked. Sz\u00edne feh\u00e9r, m\u00e9rete 72 X 27 cm. 40 C-on moshat\u00f3, sz\u00fcks\u00e9g eset\u00e9n kl\u00f3rral tiszt\u00edthat\u00f3.\n\/ 3 TERM\u00c9K V\u00c1S\u00c1RL\u00c1SA ESET\u00c9N A POSTAK\u00d6LTS\u00c9GET V\u00c1LLALOM POST\u00c1N MARAD\u00d3 K\u00dcLDEM\u00c9NYK\u00c9NT!!! \/","price":"25000.00","unit":"db","recommended":"0","status":"1","sponsored":"0","exp_notify":"0","own_material":"0","own_material_description_old":null,"own_material_description":"","jury":"0","jury_number":"","product_nature":"","meskaracsony":"0","create_date":"2026-02-05 07:59:48","shelve_id":"21654","image":"daniel_product_6730_210626195602_378396.jpeg","image_width":"480","image_height":"360","image_alt":"R\u00f3zs\u00e1s fut\u00f3 ter\u00edt\u0151, Gy\u00f6ny\u00f6r\u0171 mint\u00e1zat\u00fa, l\u00e9giesen finom, mutat\u00f3s ter\u00edt\u0151 a k\u00e9zimunka kedvel\u0151inek. Asztalon, vagy m\u00e1s b\u00fator..., Meska","image_title":"R\u00f3zs\u00e1s fut\u00f3 ter\u00edt\u0151, Meska","view_count":"1260","favourite_count":"22","trending_score":"0","last2MonthFavouriteCount":"22","promotion":"0","giftcard_accept":"0","creditcard_accept":false,"enhanced_background":"0","domain":"meska","specific_customer_id":null,"specific_customer_name":null,"to_order_product":"0","to_order_product_time":"0","product_different":null,"product_different_description":"","vintage":"0","vintage_category_id":"0","recycled":"0","gemstone_id":"0","customizable":"0","type_category":"physical","zerowaste":"0","postage_price":"2900.00","shop_order":"0","has_category":"1","landing_pages":null,"microdata":{"number":75,"category":""},"title":"R\u00f3zs\u00e1s fut\u00f3 ter\u00edt\u0151","description":"Gy\u00f6ny\u00f6r\u0171 mint\u00e1zat\u00fa, l\u00e9giesen finom, mutat\u00f3s ter\u00edt\u0151 a k\u00e9zimunka kedvel\u0151inek. Asztalon, vagy m\u00e1s b\u00fatordarabon is l\u00e1tv\u00e1nyos. Apr\u00f3l\u00e9kos k\u00e9zi horgol\u00e1ssal \u00e9s sok szeretettel k\u00e9sz\u00fclt Neked. Sz\u00edne feh\u00e9r, m\u00e9rete 72 X 27 cm. 40 C-on moshat\u00f3, sz\u00fcks\u00e9g eset\u00e9n kl\u00f3rral tiszt\u00edthat\u00f3.\n\/ 3 TERM\u00c9K V\u00c1S\u00c1RL\u00c1SA ESET\u00c9N A POSTAK\u00d6LTS\u00c9GET V\u00c1LLALOM POST\u00c1N MARAD\u00d3 K\u00dcLDEM\u00c9NYK\u00c9NT!!! \/","score":0,"formatted_price":"25 000 Ft","image_url":"https:\/\/www.meska.hu\/img\/product\/small\/d\/a\/daniel_product_6730_210626195602_378396.jpeg","formatted_url":"https:\/\/www.meska.hu\/p4672722-rozsas-futo-terito","favourite":false,"in_stock":true,"avatar":"Daniel_avatar_6730_1491681688.PNG","delete_from":0,"is_enhanced_background":false,"is_enhanced":false,"product_selection_started":false,"is_active":true,"image_webp_url":"https:\/\/www.meska.hu\/img\/product\/small\/d\/a\/daniel_product_6730_210626195602_378396.webp"},{"id":"6148100","shop_id":"26265","user_id":"243674","shop_name":"KisHerceg","shop_zip":"1122","product_code":"5754367","product_name_old":null,"product_name":"K\u00e9zzel horgolt kos\u00e1r k\u00fcl\u00f6nleges sz\u00ednes fonalb\u00f3l - kulcstart\u00f3, \u00e9kszertart\u00f3, pap\u00edrzsepitart\u00f3, szem\u00fcvegtart\u00f3, \u00e9s reggelihez","category_string":"Otthon & \u00c9letm\u00f3d, T\u00e1rol\u00e1s & Rendszerez\u00e9s, T\u00e1rol\u00f3kos\u00e1r","technic_string":"Horgol\u00e1s, K\u00f6t\u00e9s","category_1":"813","category_2":"426","category_3":"428","category_4":"0","merged_category_1":null,"merged_category_2":null,"merged_category_3":null,"technic_1":"488","technic_2":"491","technic_3":"0","color_1":"516","color_2":"521","color_3":"526","product_description_old":null,"product_description":"Pr\u00e9mium zsin\u00f3rfonalb\u00f3l horgoltam ezt a sz\u00e9p, klasszikus form\u00e1j\u00fa, k\u00fcl\u00f6nleges sz\u00ednhat\u00e1s\u00fa csinos kis kosarat - kulcstart\u00f3nak, slusszkulcsnak, pap\u00edrzsebkend\u0151nek, reggeli zseml\u00e9nek ide\u00e1lis. Sz\u00e9p, \u00e9l\u00e9nk, divatos sz\u00edn\u00f6ssze\u00e1ll\u00edt\u00e1s\u00e1nak k\u00f6sz\u00f6nhet\u0151en, harmonikus \u00f6sszk\u00e9pe miatt, el\u0151szoba, konyha, vagy f\u00fcrd\u0151, de ak\u00e1r egy nappali, vagy h\u00e1l\u00f3szoba d\u00edsze is lehet. Egyedi, massz\u00edv, praktikus darab, aj\u00e1nd\u00e9knak is kiv\u00e1l\u00f3 - babav\u00e1r\u00e1sra is t\u00f6k\u00e9letes.\nTe is \u00f6r\u00f6kk\u00e9 keresed a kulcsaidat? A legjobb, ha r\u00f6gt\u00f6n az el\u0151szob\u00e1ban, mindig ugyanarra a helyre teszed - p\u00e9ld\u00e1ul egy kis kos\u00e1rk\u00e1ba. Esetleg valami m\u00e1st keresel \u00f6r\u00f6kk\u00e9?\n_________________________\nM\u00e9retei: \n\u00e1tm\u00e9r\u0151je: 18 cm\nmagass\u00e1ga: 7 cm\n_________________________\nA kos\u00e1r a form\u00e1j\u00e1t nagyon j\u00f3l tartja, mivel vastag, er\u0151s, kiv\u00e1l\u00f3 min\u0151s\u00e9g\u0171 pr\u00e9mium zsin\u00f3rfonalb\u00f3l k\u00e9sz\u00fclt. Csak a kosarat k\u00edn\u00e1lom elad\u00e1sra, a t\u00f6bbi t\u00e1rgy szeml\u00e9ltet\u0151eszk\u00f6z, illetve d\u00edsz\u00edt\u00e9s c\u00e9lj\u00e1t szolg\u00e1lja.\nTov\u00e1bbi kosaraimat ezen a polcon tal\u00e1lod: https:\/\/www.meska.hu\/shop\/KisHerceg?s=58836\nAz \u00f6sszes horgolt term\u00e9kem itt tudod megn\u00e9zni: https:\/\/www.meska.hu\/shop\/KisHerceg","price":"5400.00","unit":"db","recommended":"0","status":"1","sponsored":"0","exp_notify":"0","own_material":"0","own_material_description_old":null,"own_material_description":"","jury":"0","jury_number":"","product_nature":"","meskaracsony":"0","create_date":"2026-03-08 17:22:35","shelve_id":"58836","image":"kisherceg_product_243674_260308192344_910926.jpeg","image_width":"480","image_height":"480","image_alt":"K\u00e9zzel horgolt kos\u00e1r k\u00fcl\u00f6nleges sz\u00ednes fonalb\u00f3l - kulcstart\u00f3, \u00e9kszertart\u00f3, pap\u00edrzsepitart\u00f3, szem\u00fcvegtart\u00f3, \u00e9s reggelihez, Pr\u00e9mium zsin\u00f3rfonalb\u00f3l horgoltam ezt a sz\u00e9p, klasszikus form\u00e1j\u00fa, k\u00fcl\u00f6nleges sz\u00ednhat\u00e1s\u00fa csinos kis ko..., Meska","image_title":"K\u00e9zzel horgolt kos\u00e1r k\u00fcl\u00f6nleges sz\u00ednes fonalb\u00f3l - kulcstart\u00f3, \u00e9kszertart\u00f3, pap\u00edrzsepitart\u00f3, szem\u00fcvegtart\u00f3, \u00e9s reggelihez, Meska","view_count":"104","favourite_count":"22","trending_score":"0","last2MonthFavouriteCount":"22","promotion":"0","giftcard_accept":"1","creditcard_accept":true,"enhanced_background":"0","domain":"meska","specific_customer_id":null,"specific_customer_name":null,"to_order_product":"0","to_order_product_time":"0","product_different":null,"product_different_description":"","vintage":"0","vintage_category_id":"0","recycled":"1","gemstone_id":"0","customizable":"0","type_category":"physical","zerowaste":"0","postage_price":"1349.00","shop_order":"30","has_category":"1","landing_pages":null,"microdata":{"number":76,"category":""},"title":"K\u00e9zzel horgolt kos\u00e1r k\u00fcl\u00f6nleges sz\u00ednes fonalb\u00f3l - kulcstart\u00f3, \u00e9kszertart\u00f3, pap\u00edrzsepitart\u00f3, szem\u00fcvegtart\u00f3, \u00e9s reggelihez","description":"Pr\u00e9mium zsin\u00f3rfonalb\u00f3l horgoltam ezt a sz\u00e9p, klasszikus form\u00e1j\u00fa, k\u00fcl\u00f6nleges sz\u00ednhat\u00e1s\u00fa csinos kis kosarat - kulcstart\u00f3nak, slusszkulcsnak, pap\u00edrzsebkend\u0151nek, reggeli zseml\u00e9nek ide\u00e1lis. Sz\u00e9p, \u00e9l\u00e9nk, divatos sz\u00edn\u00f6ssze\u00e1ll\u00edt\u00e1s\u00e1nak k\u00f6sz\u00f6nhet\u0151en, harmonikus \u00f6sszk\u00e9pe miatt, el\u0151szoba, konyha, vagy f\u00fcrd\u0151, de ak\u00e1r egy nappali, vagy h\u00e1l\u00f3szoba d\u00edsze is lehet. Egyedi, massz\u00edv, praktikus darab, aj\u00e1nd\u00e9knak is kiv\u00e1l\u00f3 - babav\u00e1r\u00e1sra is t\u00f6k\u00e9letes.\nTe is \u00f6r\u00f6kk\u00e9 keresed a kulcsaidat? A legjobb, ha r\u00f6gt\u00f6n az el\u0151szob\u00e1ban, mindig ugyanarra a helyre teszed - p\u00e9ld\u00e1ul egy kis kos\u00e1rk\u00e1ba. Esetleg valami m\u00e1st keresel \u00f6r\u00f6kk\u00e9?\n_________________________\nM\u00e9retei: \n\u00e1tm\u00e9r\u0151je: 18 cm\nmagass\u00e1ga: 7 cm\n_________________________\nA kos\u00e1r a form\u00e1j\u00e1t nagyon j\u00f3l tartja, mivel vastag, er\u0151s, kiv\u00e1l\u00f3 min\u0151s\u00e9g\u0171 pr\u00e9mium zsin\u00f3rfonalb\u00f3l k\u00e9sz\u00fclt. Csak a kosarat k\u00edn\u00e1lom elad\u00e1sra, a t\u00f6bbi t\u00e1rgy szeml\u00e9ltet\u0151eszk\u00f6z, illetve d\u00edsz\u00edt\u00e9s c\u00e9lj\u00e1t szolg\u00e1lja.\nTov\u00e1bbi kosaraimat ezen a polcon tal\u00e1lod: https:\/\/www.meska.hu\/shop\/KisHerceg?s=58836\nAz \u00f6sszes horgolt term\u00e9kem itt tudod megn\u00e9zni: https:\/\/www.meska.hu\/shop\/KisHerceg","score":0,"formatted_price":"5 400 Ft","image_url":"https:\/\/www.meska.hu\/img\/product\/small\/k\/i\/kisherceg_product_243674_260308192344_910926.jpeg","formatted_url":"https:\/\/www.meska.hu\/p5754367-kezzel-horgolt-kosar-kulonleges-szines-fonalbol-kulcstarto-ekszertarto-papirzsepitarto-szemuvegtarto-es-reggelihez","favourite":false,"in_stock":true,"avatar":"aKisHerceg_avatar_243674_1543054904.jpg","delete_from":0,"is_enhanced_background":false,"is_enhanced":false,"product_selection_started":false,"is_active":true,"image_webp_url":"https:\/\/www.meska.hu\/img\/product\/small\/k\/i\/kisherceg_product_243674_260308192344_910926.webp"},{"id":"6026963","shop_id":"36184","user_id":"478317","shop_name":"Aquasvany","shop_zip":"1063","product_code":"5686070","product_name_old":null,"product_name":"Matt leop\u00e1rd j\u00e1spis makram\u00e9 \u00e1sv\u00e1ny kark\u00f6t\u0151","category_string":"\u00c9kszer, Kark\u00f6t\u0151, Fonott kark\u00f6t\u0151","technic_string":"Csom\u00f3z\u00e1s, \u00c9kszerk\u00e9sz\u00edt\u00e9s","category_1":"327","category_2":"333","category_3":"1232","category_4":"0","merged_category_1":null,"merged_category_2":null,"merged_category_3":null,"technic_1":"475","technic_2":"477","technic_3":"0","color_1":"523","color_2":"534","color_3":"0","product_description_old":null,"product_description":"Csodasz\u00e9p matt leop\u00e1rd j\u00e1spis gy\u00f6ngy\u00f6k alkotj\u00e1k a kark\u00f6t\u0151t. 8mm-es \u00e1sv\u00e1ny \u00e9s piros csillog\u00f3s d\u00edsz kapott helyet cseresznye piros zsin\u00f3ron. \nAz \u00fcnnepi id\u0151szak t\u00f6k\u00e9letes kieg\u00e9sz\u00edt\u0151je lehet, de j\u00f3 sz\u00edvvel aj\u00e1nlom ak\u00e1r mindennapi viseletre is. \nStandard 16-17cm-es csukl\u00f3ra t\u00f6k\u00e9letesen illeszkedik, egyedi ig\u00e9ny eset\u00e9n a m\u00e9ret v\u00e1ltoztathat\u00f3.\nMinden esetben ig\u00e9nyesen csomagolva k\u00fcld\u00f6m Nektek.\nCs\u00fasz\u00f3csom\u00f3 seg\u00edti a k\u00e9nyelmes fel- \u00e9s lev\u00e9telt. \n\nK\u00e9rlek vedd figyelembe! Minden \u00e1sv\u00e1ny egyedi, \u00edgy a rendelt kark\u00f6t\u0151 mint\u00e1zata minim\u00e1lisan elt\u00e9rhet a k\u00e9pen szerepl\u0151t\u0151l.","price":"3690.00","unit":"db","recommended":"0","status":"1","sponsored":"0","exp_notify":"0","own_material":"0","own_material_description_old":null,"own_material_description":"","jury":"0","jury_number":"","product_nature":"","meskaracsony":"0","create_date":"2026-04-11 15:14:01","shelve_id":"69055","image":"aquasvany_product_478317_251202160519_036784.jpeg","image_width":"480","image_height":"639","image_alt":"Matt leop\u00e1rd j\u00e1spis makram\u00e9 \u00e1sv\u00e1ny kark\u00f6t\u0151, Csodasz\u00e9p matt leop\u00e1rd j\u00e1spis gy\u00f6ngy\u00f6k alkotj\u00e1k a kark\u00f6t\u0151t. 8mm-es \u00e1sv\u00e1ny \u00e9s piros csillog\u00f3s d\u00edsz ka..., Meska","image_title":"Matt leop\u00e1rd j\u00e1spis makram\u00e9 \u00e1sv\u00e1ny kark\u00f6t\u0151, Meska","view_count":"192","favourite_count":"22","trending_score":"0","last2MonthFavouriteCount":"22","promotion":"0","giftcard_accept":"0","creditcard_accept":true,"enhanced_background":"0","domain":"meska","specific_customer_id":null,"specific_customer_name":null,"to_order_product":"0","to_order_product_time":"0","product_different":null,"product_different_description":"","vintage":"0","vintage_category_id":"0","recycled":"0","gemstone_id":"0","customizable":"0","type_category":"physical","zerowaste":"0","postage_price":"1290.00","shop_order":"0","has_category":"1","landing_pages":null,"microdata":{"number":77,"category":""},"title":"Matt leop\u00e1rd j\u00e1spis makram\u00e9 \u00e1sv\u00e1ny kark\u00f6t\u0151","description":"Csodasz\u00e9p matt leop\u00e1rd j\u00e1spis gy\u00f6ngy\u00f6k alkotj\u00e1k a kark\u00f6t\u0151t. 8mm-es \u00e1sv\u00e1ny \u00e9s piros csillog\u00f3s d\u00edsz kapott helyet cseresznye piros zsin\u00f3ron. \nAz \u00fcnnepi id\u0151szak t\u00f6k\u00e9letes kieg\u00e9sz\u00edt\u0151je lehet, de j\u00f3 sz\u00edvvel aj\u00e1nlom ak\u00e1r mindennapi viseletre is. \nStandard 16-17cm-es csukl\u00f3ra t\u00f6k\u00e9letesen illeszkedik, egyedi ig\u00e9ny eset\u00e9n a m\u00e9ret v\u00e1ltoztathat\u00f3.\nMinden esetben ig\u00e9nyesen csomagolva k\u00fcld\u00f6m Nektek.\nCs\u00fasz\u00f3csom\u00f3 seg\u00edti a k\u00e9nyelmes fel- \u00e9s lev\u00e9telt. \n\nK\u00e9rlek vedd figyelembe! Minden \u00e1sv\u00e1ny egyedi, \u00edgy a rendelt kark\u00f6t\u0151 mint\u00e1zata minim\u00e1lisan elt\u00e9rhet a k\u00e9pen szerepl\u0151t\u0151l.","score":0,"formatted_price":"3 690 Ft","image_url":"https:\/\/www.meska.hu\/img\/product\/small\/a\/q\/aquasvany_product_478317_251202160519_036784.jpeg","formatted_url":"https:\/\/www.meska.hu\/p5686070-matt-leopard-jaspis-makrame-asvany-karkoto","favourite":false,"in_stock":true,"avatar":"478317_avatar_1774781572.jpeg","delete_from":0,"is_enhanced_background":false,"is_enhanced":false,"product_selection_started":false,"is_active":true,"image_webp_url":"https:\/\/www.meska.hu\/img\/product\/small\/a\/q\/aquasvany_product_478317_251202160519_036784.webp"},{"id":"5354252","shop_id":"23595","user_id":"264247","shop_name":"WeilanSilverAndEnamel","shop_zip":"2745","product_code":"5296486","product_name_old":null,"product_name":"Tradici\u00f3 - Maty\u00f3 - Tulip\u00e1n ez\u00fcst t\u0171zzom\u00e1nc med\u00e1l, s\u00f6t\u00e9tpiros","category_string":"\u00c9kszer, Nyakl\u00e1nc, Med\u00e1l","technic_string":"\u00d6tv\u00f6s, T\u0171zzom\u00e1nc","category_1":"327","category_2":"337","category_3":"335","category_4":"0","merged_category_1":null,"merged_category_2":null,"merged_category_3":null,"technic_1":"496","technic_2":"503","technic_3":"0","color_1":"516","color_2":"523","color_3":"0","product_description_old":null,"product_description":"A maty\u00f3 d\u00edsz\u00edt\u0151m\u0171v\u00e9szet gazdag, s\u0171r\u0171 mint\u00e1ir\u00f3l \u00e9s \u00e9l\u00e9nk, meleg sz\u00edneir\u0151l ismert. Ezek a mot\u00edvumok most t\u0171zzom\u00e1nc \u00e9kszerek form\u00e1j\u00e1ban \u0151rzik a n\u00e9pm\u0171v\u00e9szet jellegzetes karakter\u00e9t, \u00fajragondolt, m\u00e9gis h\u0171s\u00e9ges form\u00e1ban.\nEzt a\u00a0Maty\u00f3 tulip\u00e1nt\u00a0mint\u00e1z\u00f3 t\u0171zzom\u00e1nc med\u00e1lt a hagyom\u00e1nyos n\u00e9pi h\u00edmz\u00e9s \u00e9s a maty\u00f3 n\u00e9pviselet egyik legismertebb mot\u00edvuma, a tulip\u00e1n ihlette.\n\nAz \u00e9kszer anyaga: 925 sterling ez\u00fcst - magyar f\u00e9mjellel ell\u00e1tva\nez\u00fcstben m\u00e9rt s\u00falya: kb. 4,5 gramm\/db.\nm\u00e9rete: 25x25 mm\nT\u0171zzom\u00e1nc sz\u00edne: piros\n\nMed\u00e1l felf\u00fcggeszt\u00e9s: nem tartoz\u00e9k, a felt\u00fcntetett \u00e1r csak a med\u00e1lra vonatkozik!\nFELF\u00dcGGESZT\u00c9ST (EZ\u00dcST K\u00cdGY\u00d3L\u00c1NCOT VAGY B\u0150RSZ\u00c1LAT) ITT TUDSZ HOZZ\u00c1 RENDELNI:\nhttps:\/\/www.meska.hu\/p5722219-ezust-medal-felfuggesztes-borszal-ezust-kapoccsal-vagy-925-ezust-kigyolanc\n\nCsomagol\u00e1s: kism\u00e9ret\u0171 pap\u00edrdoboz\nHa szeretn\u00e9l Weilan log\u00f3val ell\u00e1tott d\u00edszdobozt hozz\u00e1, azt a kieg\u00e9sz\u00edt\u0151k k\u00f6z\u00f6tt hozz\u00e1adhatod a rendel\u00e9shez.\n\nA hozz\u00e1 ill\u0151 f\u00fclbeval\u00f3t keresd a term\u00e9keim k\u00f6z\u00f6tt! Ha nem tal\u00e1lod, k\u00e9rlek vedd fel velem a kapcsolatot \u00fczenetben!","price":"34000.00","unit":"db","recommended":"0","status":"1","sponsored":"0","exp_notify":"0","own_material":"0","own_material_description_old":null,"own_material_description":"","jury":"0","jury_number":"","product_nature":"","meskaracsony":"0","create_date":"2026-04-12 11:54:51","shelve_id":"52980","image":"weilansilverandenamel_product_264247_240529134434_453916.jpeg","image_width":"480","image_height":"384","image_alt":"Tradici\u00f3 - Maty\u00f3 - Tulip\u00e1n ez\u00fcst t\u0171zzom\u00e1nc med\u00e1l, s\u00f6t\u00e9tpiros, A maty\u00f3 d\u00edsz\u00edt\u0151m\u0171v\u00e9szet gazdag, s\u0171r\u0171 mint\u00e1ir\u00f3l \u00e9s \u00e9l\u00e9nk, meleg sz\u00edneir\u0151l ismert. Ezek a mot\u00edvumok mo..., Meska","image_title":"Tradici\u00f3 - Maty\u00f3 - Tulip\u00e1n ez\u00fcst t\u0171zzom\u00e1nc med\u00e1l, s\u00f6t\u00e9tpiros, Meska","view_count":"761","favourite_count":"22","trending_score":"0","last2MonthFavouriteCount":"22","promotion":"0","giftcard_accept":"0","creditcard_accept":false,"enhanced_background":"0","domain":"meska","specific_customer_id":null,"specific_customer_name":null,"to_order_product":"0","to_order_product_time":"0","product_different":null,"product_different_description":"","vintage":"0","vintage_category_id":"0","recycled":"0","gemstone_id":"0","customizable":"0","type_category":"physical","zerowaste":"0","postage_price":"8000.00","shop_order":"0","has_category":"1","landing_pages":null,"microdata":{"number":78,"category":""},"title":"Tradici\u00f3 - Maty\u00f3 - Tulip\u00e1n ez\u00fcst t\u0171zzom\u00e1nc med\u00e1l, s\u00f6t\u00e9tpiros","description":"A maty\u00f3 d\u00edsz\u00edt\u0151m\u0171v\u00e9szet gazdag, s\u0171r\u0171 mint\u00e1ir\u00f3l \u00e9s \u00e9l\u00e9nk, meleg sz\u00edneir\u0151l ismert. Ezek a mot\u00edvumok most t\u0171zzom\u00e1nc \u00e9kszerek form\u00e1j\u00e1ban \u0151rzik a n\u00e9pm\u0171v\u00e9szet jellegzetes karakter\u00e9t, \u00fajragondolt, m\u00e9gis h\u0171s\u00e9ges form\u00e1ban.\nEzt a\u00a0Maty\u00f3 tulip\u00e1nt\u00a0mint\u00e1z\u00f3 t\u0171zzom\u00e1nc med\u00e1lt a hagyom\u00e1nyos n\u00e9pi h\u00edmz\u00e9s \u00e9s a maty\u00f3 n\u00e9pviselet egyik legismertebb mot\u00edvuma, a tulip\u00e1n ihlette.\n\nAz \u00e9kszer anyaga: 925 sterling ez\u00fcst - magyar f\u00e9mjellel ell\u00e1tva\nez\u00fcstben m\u00e9rt s\u00falya: kb. 4,5 gramm\/db.\nm\u00e9rete: 25x25 mm\nT\u0171zzom\u00e1nc sz\u00edne: piros\n\nMed\u00e1l felf\u00fcggeszt\u00e9s: nem tartoz\u00e9k, a felt\u00fcntetett \u00e1r csak a med\u00e1lra vonatkozik!\nFELF\u00dcGGESZT\u00c9ST (EZ\u00dcST K\u00cdGY\u00d3L\u00c1NCOT VAGY B\u0150RSZ\u00c1LAT) ITT TUDSZ HOZZ\u00c1 RENDELNI:\nhttps:\/\/www.meska.hu\/p5722219-ezust-medal-felfuggesztes-borszal-ezust-kapoccsal-vagy-925-ezust-kigyolanc\n\nCsomagol\u00e1s: kism\u00e9ret\u0171 pap\u00edrdoboz\nHa szeretn\u00e9l Weilan log\u00f3val ell\u00e1tott d\u00edszdobozt hozz\u00e1, azt a kieg\u00e9sz\u00edt\u0151k k\u00f6z\u00f6tt hozz\u00e1adhatod a rendel\u00e9shez.\n\nA hozz\u00e1 ill\u0151 f\u00fclbeval\u00f3t keresd a term\u00e9keim k\u00f6z\u00f6tt! Ha nem tal\u00e1lod, k\u00e9rlek vedd fel velem a kapcsolatot \u00fczenetben!","score":0,"formatted_price":"34 000 Ft","image_url":"https:\/\/www.meska.hu\/img\/product\/small\/w\/e\/weilansilverandenamel_product_264247_240529134434_453916.jpeg","formatted_url":"https:\/\/www.meska.hu\/p5296486-tradicio-matyo-tulipan-ezust-tuzzomanc-medal-sotetpiros","favourite":false,"in_stock":true,"avatar":"WeilanSilverAndEnamel_avatar_264247_1680966525.jpg","delete_from":0,"is_enhanced_background":false,"is_enhanced":false,"product_selection_started":false,"is_active":true,"image_webp_url":"https:\/\/www.meska.hu\/img\/product\/small\/w\/e\/weilansilverandenamel_product_264247_240529134434_453916.webp"},{"id":"4864167","shop_id":"37491","user_id":"499569","shop_name":"DEVAdekor","shop_zip":"1158","product_code":"4997324","product_name_old":null,"product_name":"Horgolt mandala sz\u0151nyeg","category_string":"Otthon & \u00c9letm\u00f3d, Lak\u00e1stextil, Sz\u0151nyeg, Horgolt sz\u0151nyeg","technic_string":"Horgol\u00e1s","category_1":"813","category_2":"420","category_3":"753","category_4":"1438","merged_category_1":null,"merged_category_2":null,"merged_category_3":null,"technic_1":"488","technic_2":"0","technic_3":"0","color_1":"519","color_2":"0","color_3":"0","product_description_old":null,"product_description":"5 mm-es, \u00fajrahasznos\u00edtott pamut zsin\u00f3rfonalb\u00f3l horgolt, ekr\u00fc sz\u00edn\u0171, mandala mint\u00e1s sz\u0151nyeg.\n\u00c1tm\u00e9r\u0151je: 85 cm \n30 fokon moshat\u00f3, fektetve sz\u00e1r\u00edtand\u00f3.\n\nM\u00e1s sz\u00ednben is sz\u00edvesen elk\u00e9sz\u00edtem Neked! :)\n\n","price":"29990.00","unit":"db","recommended":"0","status":"1","sponsored":"0","exp_notify":"0","own_material":"0","own_material_description_old":null,"own_material_description":"","jury":"0","jury_number":"","product_nature":"","meskaracsony":"0","create_date":"2026-02-20 09:36:52","shelve_id":"0","image":"devadekor_product_499569_250827093340_461115.jpeg","image_width":"480","image_height":"640","image_alt":"Horgolt mandala sz\u0151nyeg, 5 mm-es, \u00fajrahasznos\u00edtott pamut zsin\u00f3rfonalb\u00f3l horgolt, ekr\u00fc sz\u00edn\u0171, mandala mint\u00e1s sz\u0151nyeg.\\n\u00c1tm\u00e9r\u0151je..., Meska","image_title":"Horgolt mandala sz\u0151nyeg, Meska","view_count":"673","favourite_count":"22","trending_score":"0","last2MonthFavouriteCount":"22","promotion":"0","giftcard_accept":"0","creditcard_accept":false,"enhanced_background":"0","domain":"meska","specific_customer_id":null,"specific_customer_name":null,"to_order_product":"0","to_order_product_time":"0","product_different":null,"product_different_description":"","vintage":"0","vintage_category_id":"0","recycled":"1","gemstone_id":"0","customizable":"0","type_category":"physical","zerowaste":"0","postage_price":"2390.00","shop_order":"0","has_category":"1","landing_pages":null,"microdata":{"number":79,"category":""},"title":"Horgolt mandala sz\u0151nyeg","description":"5 mm-es, \u00fajrahasznos\u00edtott pamut zsin\u00f3rfonalb\u00f3l horgolt, ekr\u00fc sz\u00edn\u0171, mandala mint\u00e1s sz\u0151nyeg.\n\u00c1tm\u00e9r\u0151je: 85 cm \n30 fokon moshat\u00f3, fektetve sz\u00e1r\u00edtand\u00f3.\n\nM\u00e1s sz\u00ednben is sz\u00edvesen elk\u00e9sz\u00edtem Neked! :)\n\n","score":0,"formatted_price":"29 990 Ft","image_url":"https:\/\/www.meska.hu\/img\/product\/small\/d\/e\/devadekor_product_499569_250827093340_461115.jpeg","formatted_url":"https:\/\/www.meska.hu\/p4997324-makrame-kezitaska","favourite":false,"in_stock":true,"avatar":"DEVAdekor_avatar_499569_1652599812.jpg","delete_from":0,"is_enhanced_background":false,"is_enhanced":false,"product_selection_started":false,"is_active":true,"image_webp_url":"https:\/\/www.meska.hu\/img\/product\/small\/d\/e\/devadekor_product_499569_250827093340_461115.webp"},{"id":"6015237","shop_id":"43934","user_id":"631552","shop_name":"Zuzmocity","shop_zip":"1164","product_code":"5681970","product_name_old":null,"product_name":"Mohak\u00e9p\/zuzm\u00f3k\u00e9p - \"FOREST 4\" k\u00f6r alak\u00fa","category_string":"Otthon & \u00c9letm\u00f3d, Dekor\u00e1ci\u00f3, Fali \u00e9s f\u00fcgg\u0151 dekor\u00e1ci\u00f3, Zuzm\u00f3k\u00e9p, Mohak\u00e9p","technic_string":"","category_1":"813","category_2":"314","category_3":"1470","category_4":"1584","merged_category_1":null,"merged_category_2":null,"merged_category_3":null,"technic_1":"0","technic_2":"0","technic_3":"0","color_1":"520","color_2":"529","color_3":"0","product_description_old":null,"product_description":"Egy darabka erd\u0151 az otthonodban, exkluz\u00edv aj\u00e1nd\u00e9knak is t\u00f6k\u00e9letes! VAL\u00d3DI, M\u00c9GIS GONDOZ\u00c1SMENTES!\nK\u00f6r alak\u00fa mohak\u00e9p val\u00f3di, tart\u00f3s\u00edtott, pr\u00e9mium min\u0151s\u00e9g\u0171 z\u00f6ld zuzm\u00f3val, t\u00f6bbf\u00e9le stabiliz\u00e1lt igazi moh\u00e1val (laposmoha, g\u00f6mbmoha, k\u00f3cosmoha) fekete sz\u00edn\u0171 fa keretben.\n\u00c1tm\u00e9r\u0151je: 30 cm. KIZ\u00c1R\u00d3LAG KEREK FEJ\u0170, PR\u00c9MIUM ZUZM\u00d3T HASZN\u00c1LUNK, mely nem egyezik meg a \"vir\u00e1gosokn\u00e1l\/dekorosokn\u00e1l\" kaphat\u00f3 zuzm\u00f3 min\u0151s\u00e9g\u00e9vel! Semmi m\u0171anyagot nem tartalmaz!\nRendel\u00e9sre k\u00e9sz\u00fcl, nem a k\u00e9pen l\u00e1that\u00f3 alkot\u00e1st kapod, hanem egy olyat!\n\nMi\u00e9rt NAGYSZER\u0170 V\u00c1LASZT\u00c1S a stabiliz\u00e1lt mohak\u00e9p?\n\n\u2022 Rendk\u00edv\u00fcl dekorat\u00edv\n\n\u2022 Tart\u00f3s (10-15 \u00e9v)\n\n\u2022 100% term\u00e9szetes, nem m\u0171anyag (tart\u00f3s\u00edtott igazi n\u00f6v\u00e9nyek)\n\n\u2022 Gondoz\u00e1smentes\n\n\u2022 Nem ig\u00e9nyel f\u00e9nyt\n\n\u2022 K\u00f6rnyezetbar\u00e1t\n\n\u2022 Nem vonzza a rovarokat\n\n\u2022 Nem vonzza a port\n\n\u2022 Antiallerg\u00e9n\n\n\u2022\u00a0T\u0171z\u00e1ll\u00f3\n\nIgy is ismerheted: izlandi zuzm\u00f3, r\u00e9nszarvas zuzm\u00f3, skandin\u00e1v zuzm\u00f3, r\u00e9nszarvasmoha, izlandi moha, mohak\u00e9p. ","price":"27950.00","unit":"db","recommended":"0","status":"1","sponsored":"0","exp_notify":"0","own_material":"0","own_material_description_old":null,"own_material_description":"","jury":"0","jury_number":"","product_nature":"","meskaracsony":"0","create_date":"2026-04-16 12:19:28","shelve_id":"0","image":"zuzmocity_product_631552_260423175504_515985.jpeg","image_width":"480","image_height":"480","image_alt":"Mohak\u00e9p\/zuzm\u00f3k\u00e9p - \\\"FOREST 4\\\" k\u00f6r alak\u00fa, Egy darabka erd\u0151 az otthonodban, exkluz\u00edv aj\u00e1nd\u00e9knak is t\u00f6k\u00e9letes! VAL\u00d3DI, M\u00c9GIS GONDOZ\u00c1SMENTES!\\nK\u00f6r..., Meska","image_title":"Mohak\u00e9p\/zuzm\u00f3k\u00e9p - \\\"FOREST 4\\\" k\u00f6r alak\u00fa, Meska","view_count":"487","favourite_count":"22","trending_score":"0","last2MonthFavouriteCount":"22","promotion":"0","giftcard_accept":"0","creditcard_accept":false,"enhanced_background":"0","domain":"meska","specific_customer_id":null,"specific_customer_name":null,"to_order_product":"1","to_order_product_time":"12","product_different":null,"product_different_description":"","vintage":"0","vintage_category_id":"0","recycled":"0","gemstone_id":"0","customizable":"0","type_category":"physical","zerowaste":"0","postage_price":"1290.00","shop_order":"0","has_category":"1","landing_pages":null,"microdata":{"number":80,"category":""},"title":"Mohak\u00e9p\/zuzm\u00f3k\u00e9p - \"FOREST 4\" k\u00f6r alak\u00fa","description":"Egy darabka erd\u0151 az otthonodban, exkluz\u00edv aj\u00e1nd\u00e9knak is t\u00f6k\u00e9letes! VAL\u00d3DI, M\u00c9GIS GONDOZ\u00c1SMENTES!\nK\u00f6r alak\u00fa mohak\u00e9p val\u00f3di, tart\u00f3s\u00edtott, pr\u00e9mium min\u0151s\u00e9g\u0171 z\u00f6ld zuzm\u00f3val, t\u00f6bbf\u00e9le stabiliz\u00e1lt igazi moh\u00e1val (laposmoha, g\u00f6mbmoha, k\u00f3cosmoha) fekete sz\u00edn\u0171 fa keretben.\n\u00c1tm\u00e9r\u0151je: 30 cm. KIZ\u00c1R\u00d3LAG KEREK FEJ\u0170, PR\u00c9MIUM ZUZM\u00d3T HASZN\u00c1LUNK, mely nem egyezik meg a \"vir\u00e1gosokn\u00e1l\/dekorosokn\u00e1l\" kaphat\u00f3 zuzm\u00f3 min\u0151s\u00e9g\u00e9vel! Semmi m\u0171anyagot nem tartalmaz!\nRendel\u00e9sre k\u00e9sz\u00fcl, nem a k\u00e9pen l\u00e1that\u00f3 alkot\u00e1st kapod, hanem egy olyat!\n\nMi\u00e9rt NAGYSZER\u0170 V\u00c1LASZT\u00c1S a stabiliz\u00e1lt mohak\u00e9p?\n\n\u2022 Rendk\u00edv\u00fcl dekorat\u00edv\n\n\u2022 Tart\u00f3s (10-15 \u00e9v)\n\n\u2022 100% term\u00e9szetes, nem m\u0171anyag (tart\u00f3s\u00edtott igazi n\u00f6v\u00e9nyek)\n\n\u2022 Gondoz\u00e1smentes\n\n\u2022 Nem ig\u00e9nyel f\u00e9nyt\n\n\u2022 K\u00f6rnyezetbar\u00e1t\n\n\u2022 Nem vonzza a rovarokat\n\n\u2022 Nem vonzza a port\n\n\u2022 Antiallerg\u00e9n\n\n\u2022\u00a0T\u0171z\u00e1ll\u00f3\n\nIgy is ismerheted: izlandi zuzm\u00f3, r\u00e9nszarvas zuzm\u00f3, skandin\u00e1v zuzm\u00f3, r\u00e9nszarvasmoha, izlandi moha, mohak\u00e9p. ","score":0,"formatted_price":"27 950 Ft","image_url":"https:\/\/www.meska.hu\/img\/product\/small\/z\/u\/zuzmocity_product_631552_260423175504_515985.jpeg","formatted_url":"https:\/\/www.meska.hu\/p5681970-mohakep-zuzmokep-forest-3-kor-alaku","favourite":false,"in_stock":false,"avatar":"631552_avatar_1705325562.jpeg","delete_from":0,"is_enhanced_background":false,"is_enhanced":false,"product_selection_started":false,"is_active":true,"image_webp_url":"https:\/\/www.meska.hu\/img\/product\/small\/z\/u\/zuzmocity_product_631552_260423175504_515985.webp"},{"id":"6126969","shop_id":"39809","user_id":"5519","shop_name":"mANDIbohandmade","shop_zip":"415500","product_code":"5740031","product_name_old":null,"product_name":"Korondi mint\u00e1s teafilter tart\u00f3 doboz","category_string":"Otthon & \u00c9letm\u00f3d, Konyhafelszerel\u00e9s, t\u00e1lal\u00e1s, Konyhai t\u00e1rol\u00e1s, Tea & K\u00e1v\u00e9 t\u00e1rol\u00e1s","technic_string":"Festett t\u00e1rgyak, Grav\u00edroz\u00e1s, pirogr\u00e1fia","category_1":"813","category_2":"393","category_3":"1483","category_4":"981","merged_category_1":null,"merged_category_2":null,"merged_category_3":null,"technic_1":"481","technic_2":"796","technic_3":"0","color_1":"523","color_2":"0","color_3":"0","product_description_old":null,"product_description":"K\u00e9zi pirograv\u00edroz\u00e1ssal k\u00e9sz\u00fclt festett, lakkozott fadoboz, n\u00e9gy rekesszel.\nM\u00e9rete: 16x16x8 cm\n","price":"6500.00","unit":"db","recommended":"0","status":"1","sponsored":"0","exp_notify":"0","own_material":"0","own_material_description_old":null,"own_material_description":"","jury":"0","jury_number":"","product_nature":"","meskaracsony":"0","create_date":"2026-02-22 22:28:39","shelve_id":"72162","image":"mandibohandmade_product_5519_260222222801_374921.png","image_width":"480","image_height":"320","image_alt":"Korondi mint\u00e1s teafilter tart\u00f3 doboz, K\u00e9zi pirograv\u00edroz\u00e1ssal k\u00e9sz\u00fclt festett, lakkozott fadoboz, n\u00e9gy rekesszel.\\nM\u00e9rete: 16x16x8 cm\\n..., Meska","image_title":"Korondi mint\u00e1s teafilter tart\u00f3 doboz, Meska","view_count":"110","favourite_count":"22","trending_score":"0","last2MonthFavouriteCount":"22","promotion":"0","giftcard_accept":"0","creditcard_accept":true,"enhanced_background":"0","domain":"meska","specific_customer_id":null,"specific_customer_name":null,"to_order_product":"1","to_order_product_time":"10","product_different":null,"product_different_description":"","vintage":"0","vintage_category_id":"0","recycled":"0","gemstone_id":"0","customizable":"0","type_category":"physical","zerowaste":"0","postage_price":"2390.00","shop_order":"0","has_category":"1","landing_pages":null,"microdata":{"number":81,"category":""},"title":"Korondi mint\u00e1s teafilter tart\u00f3 doboz","description":"K\u00e9zi pirograv\u00edroz\u00e1ssal k\u00e9sz\u00fclt festett, lakkozott fadoboz, n\u00e9gy rekesszel.\nM\u00e9rete: 16x16x8 cm\n","score":0,"formatted_price":"6 500 Ft","image_url":"https:\/\/www.meska.hu\/img\/product\/small\/m\/a\/mandibohandmade_product_5519_260222222801_374921.png","formatted_url":"https:\/\/www.meska.hu\/p5740031-korondi-mintas-teafilter-tarto-doboz","favourite":false,"in_stock":false,"avatar":"5519_avatar_1704368199.jpeg","delete_from":0,"is_enhanced_background":false,"is_enhanced":false,"product_selection_started":false,"is_active":true,"image_webp_url":"https:\/\/www.meska.hu\/img\/product\/small\/m\/a\/mandibohandmade_product_5519_260222222801_374921.webp"},{"id":"4468260","shop_id":"8444","user_id":"35987","shop_name":"nanetto","shop_zip":"2351","product_code":"3146154","product_name_old":null,"product_name":"Egyedi f\u00e9nyk\u00e9pes unok\u00e1s csal\u00e1di poszter nagysz\u00fcl\u0151knek, sz\u00fcl\u0151knek \u2013 fot\u00f3koll\u00e1zs poszter","category_string":"Otthon & \u00c9letm\u00f3d, Dekor\u00e1ci\u00f3, K\u00e9p & Falik\u00e9p, Poszter","technic_string":"Fot\u00f3, grafika, rajz, illusztr\u00e1ci\u00f3","category_1":"813","category_2":"314","category_3":"417","category_4":"1427","merged_category_1":null,"merged_category_2":null,"merged_category_3":null,"technic_1":"483","technic_2":"0","technic_3":"0","color_1":"519","color_2":"520","color_3":"532","product_description_old":null,"product_description":"F\u00e9nyk\u00e9pes poszter nagymam\u00e1nak nagypap\u00e1nak \u2192 Term\u00e9kle\u00edr\u00e1s \u2192 K\u00c9RLEK OLVASD V\u00c9GIG!\u2714 Valami igaz\u00e1n frapp\u00e1nsat szeretn\u00e9l a Nagysz\u00fcl\u0151knek sz\u00fclinapjukra? K\u00edv\u00e1nj Boldog Sz\u00fclet\u00e9snapot az unok\u00e1k \u00e9s a csal\u00e1d sok-sok f\u00e9nyk\u00e9p\u00e9vel. Minimum fot\u00f3k sz\u00e1ma: 12 db, maximum 30 db\n\n***\n***\nK\u00c9RLEK RENDEL\u00c9S EL\u0150TT FIGYELMESEN OLVASD EL! \u2192 1 r\u00e9sz \nNyomtatott form\u00e1ban a poszterek:\n\u2013 350 grammos pap\u00edrra nyom\u00f3dnak\n\u2013 Keretes v\u00e1s\u00e1rl\u00e1sn\u00e1l a keret Fiskbo m\u00e1rk\u00e1j\u00fa feh\u00e9r 30\u00d740 cm-es, vagy A4-es m\u00e9ret\u0171 alapkeret.\n\u2013 Keretes v\u00e1s\u00e1rl\u00e1sn\u00e1l a 30x40 cm-es m\u00e9retet a s\u00faly \u00e9s m\u00e9ret miatt KIZ\u00c1R\u00d3LAG fut\u00e1rszolg\u00e1lattal tudom post\u00e1zni. Az A4-es keretet tudom post\u00e1n marad\u00f3k\u00e9nt k\u00fcldeni. \n\u2013 A fot\u00f3kat az email c\u00edmemre v\u00e1rom, de a rendel\u00e9sed ut\u00e1ni visszaigazol\u00e1sban, minden sz\u00fcks\u00e9ges adatot meg fogok k\u00fcldeni, ami a poszter elk\u00e9sz\u00edt\u00e9s\u00e9hez sz\u00fcks\u00e9ges. Az elsz\u00e1mol\u00e1st is a visszaigazol\u00e1sban fogom k\u00fcldeni, k\u00f6zvetlen\u00fcl a Meska oldal\u00e1r\u00f3l utalni nem tudsz. \n\n***\nK\u00c9RLEK RENDEL\u00c9S EL\u0150TT FIGYELMESEN OLVASD EL! \u2192 2 r\u00e9sz \nNyomdai nyomtat\u00e1s minden h\u00e9ten P\u00c9NTEKEN t\u00f6rt\u00e9nik, ha esetleg ez valami\u00e9rt m\u00f3dosul, jelzem. Hogy az adott h\u00e9t elhozatal\u00e1ba belef\u00e9r-e az anyagod a rendel\u00e9sek sz\u00e1m\u00e1t\u00f3l f\u00fcgg, \u00edgy k\u00e9rlek ha hat\u00e1rid\u0151re kellene a poszter, vagy nagyon s\u00fcrg\u0151sen szeretn\u00e9d, rendel\u00e9s el\u0151tt MINDIG \u00c9RDEKL\u0150DJ! A digit\u00e1lis term\u00e9kek elk\u00e9sz\u00edt\u00e9si hat\u00e1rideje a fot\u00f3k be\u00e9rkez\u00e9s\u00e9t\u0151l sz\u00e1m\u00edtott 1-4 munkanap, de t\u00falterhelts\u00e9g eset\u00e9n (kiemelt id\u0151szakok), ez m\u00f3dosulhat! Enn\u00e9l az opci\u00f3n\u00e1l a nyomtat\u00e1sr\u00f3l Te gondoskodsz. Az elk\u00e9sz\u00fclt term\u00e9ket utal\u00e1sod ut\u00e1n nagy felbont\u00e1s\u00fa filek\u00e9nt fogom megk\u00fcldeni az email el\u00e9rhet\u0151s\u00e9gedre az \u00e1ltalad k\u00e9rt m\u00e9retben, ami lehet A4\/A3, vagy 30\u00d740 cm-es. Keret n\u00e9lk\u00fcli nyomatok a s\u00e9r\u00fcl\u00e9sek elker\u00fcl\u00e9se \u00e9rdek\u00e9ben hengerben ker\u00fclnek kisz\u00e1ll\u00edt\u00e1sra. A f\u00e9nyk\u00e9pkeret t\u00edpusa: Ikea, Fiskbo tipus\u00fa (alap legegyszer\u0171bb keret)  feh\u00e9r sz\u00edn\u0171, A4, vagy 30\u00d740 cm-es m\u00e9retekben! A k\u00e9pen l\u00e1that\u00f3 keret \u00e9s dekor\u00e1ci\u00f3 csak illusztr\u00e1ci\u00f3k\u00e9nt szolg\u00e1l, nem k\u00e9pezi a term\u00e9k r\u00e9sz\u00e9t. Fizet\u00e9s kiz\u00e1r\u00f3lag EL\u0150REUTAL\u00c1SSAL, magyarorsz\u00e1gi banksz\u00e1mlasz\u00e1mr\u00f3l, mag\u00e1nszem\u00e9lyk\u00e9nt. Az utal\u00e1si adatokat a rendel\u00e9sed ut\u00e1ni visszaigazol\u00e1sban k\u00fcld\u00f6m meg. A term\u00e9k saj\u00e1t szellemi tulajdonom, \u00edgy m\u00e1sol\u00e1sa tilos!                            ","price":"4990.00","unit":"db","recommended":"0","status":"1","sponsored":"0","exp_notify":"0","own_material":"0","own_material_description_old":null,"own_material_description":"","jury":"0","jury_number":"","product_nature":"","meskaracsony":"0","create_date":"2026-04-21 20:59:22","shelve_id":"55493","image":"nanetto_product_35987_260421210313_279817.jpeg","image_width":"480","image_height":"322","image_alt":"Egyedi f\u00e9nyk\u00e9pes unok\u00e1s csal\u00e1di poszter nagysz\u00fcl\u0151knek, sz\u00fcl\u0151knek \u2013 fot\u00f3koll\u00e1zs poszter, F\u00e9nyk\u00e9pes poszter nagymam\u00e1nak nagypap\u00e1nak \u2192 Term\u00e9kle\u00edr\u00e1s \u2192 K\u00c9RLEK OLVASD V\u00c9GIG!\u2714 Valami igaz\u00e1n frapp..., Meska","image_title":"Egyedi f\u00e9nyk\u00e9pes unok\u00e1s csal\u00e1di poszter nagysz\u00fcl\u0151knek, sz\u00fcl\u0151knek \u2013 fot\u00f3koll\u00e1zs poszter, Meska","view_count":"5742","favourite_count":"22","trending_score":"0","last2MonthFavouriteCount":"22","promotion":"0","giftcard_accept":"0","creditcard_accept":false,"enhanced_background":"0","domain":"meska","specific_customer_id":null,"specific_customer_name":null,"to_order_product":"1","to_order_product_time":"7","product_different":"quite_different","product_different_description":"Fot\u00f3 \u00e9s sz\u00f6vegbeni elt\u00e9r\u00e9s","vintage":"0","vintage_category_id":"0","recycled":"0","gemstone_id":"0","customizable":"0","type_category":"physical","zerowaste":"0","postage_price":"3990.00","shop_order":"0","has_category":"1","landing_pages":"Any\u00e1k napi aj\u00e1nd\u00e9kok, Ap\u00e1k napi aj\u00e1nd\u00e9kok","microdata":{"number":82,"category":""},"title":"Egyedi f\u00e9nyk\u00e9pes unok\u00e1s csal\u00e1di poszter nagysz\u00fcl\u0151knek, sz\u00fcl\u0151knek \u2013 fot\u00f3koll\u00e1zs poszter","description":"F\u00e9nyk\u00e9pes poszter nagymam\u00e1nak nagypap\u00e1nak \u2192 Term\u00e9kle\u00edr\u00e1s \u2192 K\u00c9RLEK OLVASD V\u00c9GIG!\u2714 Valami igaz\u00e1n frapp\u00e1nsat szeretn\u00e9l a Nagysz\u00fcl\u0151knek sz\u00fclinapjukra? K\u00edv\u00e1nj Boldog Sz\u00fclet\u00e9snapot az unok\u00e1k \u00e9s a csal\u00e1d sok-sok f\u00e9nyk\u00e9p\u00e9vel. Minimum fot\u00f3k sz\u00e1ma: 12 db, maximum 30 db\n\n***\n***\nK\u00c9RLEK RENDEL\u00c9S EL\u0150TT FIGYELMESEN OLVASD EL! \u2192 1 r\u00e9sz \nNyomtatott form\u00e1ban a poszterek:\n\u2013 350 grammos pap\u00edrra nyom\u00f3dnak\n\u2013 Keretes v\u00e1s\u00e1rl\u00e1sn\u00e1l a keret Fiskbo m\u00e1rk\u00e1j\u00fa feh\u00e9r 30\u00d740 cm-es, vagy A4-es m\u00e9ret\u0171 alapkeret.\n\u2013 Keretes v\u00e1s\u00e1rl\u00e1sn\u00e1l a 30x40 cm-es m\u00e9retet a s\u00faly \u00e9s m\u00e9ret miatt KIZ\u00c1R\u00d3LAG fut\u00e1rszolg\u00e1lattal tudom post\u00e1zni. Az A4-es keretet tudom post\u00e1n marad\u00f3k\u00e9nt k\u00fcldeni. \n\u2013 A fot\u00f3kat az email c\u00edmemre v\u00e1rom, de a rendel\u00e9sed ut\u00e1ni visszaigazol\u00e1sban, minden sz\u00fcks\u00e9ges adatot meg fogok k\u00fcldeni, ami a poszter elk\u00e9sz\u00edt\u00e9s\u00e9hez sz\u00fcks\u00e9ges. Az elsz\u00e1mol\u00e1st is a visszaigazol\u00e1sban fogom k\u00fcldeni, k\u00f6zvetlen\u00fcl a Meska oldal\u00e1r\u00f3l utalni nem tudsz. \n\n***\nK\u00c9RLEK RENDEL\u00c9S EL\u0150TT FIGYELMESEN OLVASD EL! \u2192 2 r\u00e9sz \nNyomdai nyomtat\u00e1s minden h\u00e9ten P\u00c9NTEKEN t\u00f6rt\u00e9nik, ha esetleg ez valami\u00e9rt m\u00f3dosul, jelzem. Hogy az adott h\u00e9t elhozatal\u00e1ba belef\u00e9r-e az anyagod a rendel\u00e9sek sz\u00e1m\u00e1t\u00f3l f\u00fcgg, \u00edgy k\u00e9rlek ha hat\u00e1rid\u0151re kellene a poszter, vagy nagyon s\u00fcrg\u0151sen szeretn\u00e9d, rendel\u00e9s el\u0151tt MINDIG \u00c9RDEKL\u0150DJ! A digit\u00e1lis term\u00e9kek elk\u00e9sz\u00edt\u00e9si hat\u00e1rideje a fot\u00f3k be\u00e9rkez\u00e9s\u00e9t\u0151l sz\u00e1m\u00edtott 1-4 munkanap, de t\u00falterhelts\u00e9g eset\u00e9n (kiemelt id\u0151szakok), ez m\u00f3dosulhat! Enn\u00e9l az opci\u00f3n\u00e1l a nyomtat\u00e1sr\u00f3l Te gondoskodsz. Az elk\u00e9sz\u00fclt term\u00e9ket utal\u00e1sod ut\u00e1n nagy felbont\u00e1s\u00fa filek\u00e9nt fogom megk\u00fcldeni az email el\u00e9rhet\u0151s\u00e9gedre az \u00e1ltalad k\u00e9rt m\u00e9retben, ami lehet A4\/A3, vagy 30\u00d740 cm-es. Keret n\u00e9lk\u00fcli nyomatok a s\u00e9r\u00fcl\u00e9sek elker\u00fcl\u00e9se \u00e9rdek\u00e9ben hengerben ker\u00fclnek kisz\u00e1ll\u00edt\u00e1sra. A f\u00e9nyk\u00e9pkeret t\u00edpusa: Ikea, Fiskbo tipus\u00fa (alap legegyszer\u0171bb keret)  feh\u00e9r sz\u00edn\u0171, A4, vagy 30\u00d740 cm-es m\u00e9retekben! A k\u00e9pen l\u00e1that\u00f3 keret \u00e9s dekor\u00e1ci\u00f3 csak illusztr\u00e1ci\u00f3k\u00e9nt szolg\u00e1l, nem k\u00e9pezi a term\u00e9k r\u00e9sz\u00e9t. Fizet\u00e9s kiz\u00e1r\u00f3lag EL\u0150REUTAL\u00c1SSAL, magyarorsz\u00e1gi banksz\u00e1mlasz\u00e1mr\u00f3l, mag\u00e1nszem\u00e9lyk\u00e9nt. Az utal\u00e1si adatokat a rendel\u00e9sed ut\u00e1ni visszaigazol\u00e1sban k\u00fcld\u00f6m meg. A term\u00e9k saj\u00e1t szellemi tulajdonom, \u00edgy m\u00e1sol\u00e1sa tilos!                            ","score":0,"formatted_price":"4 990 Ft","image_url":"https:\/\/www.meska.hu\/img\/product\/small\/n\/a\/nanetto_product_35987_260421210313_279817.jpeg","formatted_url":"https:\/\/www.meska.hu\/p3146154-anyak-napi-nagyszulo-apa-anya-poszter-fenykepekbol-anyaknapja-apak-napja-fenykepes-poszter-nagyinak-nagypapanak-mama","favourite":false,"in_stock":false,"avatar":"nanetto_avatar_35987_1561684817.jpg","delete_from":0,"is_enhanced_background":false,"is_enhanced":false,"product_selection_started":false,"is_active":true,"image_webp_url":"https:\/\/www.meska.hu\/img\/product\/small\/n\/a\/nanetto_product_35987_260421210313_279817.webp"},{"id":"6109589","shop_id":"443","user_id":"1262","shop_name":"Arindaekszerek","shop_zip":"7432","product_code":"5729226","product_name_old":null,"product_name":"Kereszt med\u00e1los \u00fcveglencs\u00e9s kulcstart\u00f3 pedag\u00f3gusnapra","category_string":"T\u00e1ska & Tok, Kulcstart\u00f3 & T\u00e1skad\u00edsz, Kulcstart\u00f3","technic_string":"\u00c9kszerk\u00e9sz\u00edt\u00e9s, Gy\u00f6ngyf\u0171z\u00e9s, gy\u00f6ngyh\u00edmz\u00e9s","category_1":"464","category_2":"390","category_3":"1037","category_4":"0","merged_category_1":null,"merged_category_2":null,"merged_category_3":null,"technic_1":"477","technic_2":"485","technic_3":"0","color_1":"518","color_2":"519","color_3":"520","product_description_old":null,"product_description":"Kedves, apr\u00f3, m\u00e9gis besz\u00e9des aj\u00e1nd\u00e9k ballag\u00e1sra, \u00e9vz\u00e1r\u00f3ra vagy pedag\u00f3gusnapra, amellyel kifejezheted a k\u00f6sz\u00f6netet \u00e9s az elismer\u00e9st egy tan\u00e1r vagy pedag\u00f3gus fel\u00e9.\n\nA kulcstart\u00f3 a hitoktat\u00e1st \u00e9s \u00e9rt\u00e9kk\u00f6zvet\u00edt\u00e9st jelk\u00e9pez\u0151 kereszt med\u00e1llal \u00e9s 20 mm-es feliratos \u00fcveglencs\u00e9vel k\u00e9sz\u00fclt.\n\nA kulcstart\u00f3karika \u00e1tm\u00e9r\u0151je 15 mm, a kulcstart\u00f3 teljes hossza kb. 4,5 cm.\n\n\ud83d\udd8b\ufe0f V\u00e1laszthat\u00f3 feliratok\n\nA med\u00e1lk\u00e1ba 8 f\u00e9le felirat k\u00f6z\u00fcl v\u00e1laszthatsz a kieg\u00e9sz\u00edt\u0151 opci\u00f3k (sz\u00ednek, mint\u00e1k) k\u00f6z\u00f6tt:\n1.) Legszebb eml\u00e9k a szeretet, melyet m\u00e1sok sz\u00edv\u00e9ben hagyunk magunk ut\u00e1n.\n2.) J\u00f3l csak a sz\u00edv\u00e9vel l\u00e1t az ember. Ami igaz\u00e1n l\u00e9nyeges, az a szemnek l\u00e1thatatlan. \n3.) H\u00e1l\u00e1san k\u00f6sz\u00f6n\u00fcnk minden j\u00f3t \u00e9s sz\u00e9pet, Nem feledj\u00fck a sok kedves iskol\u00e1s eml\u00e9ket.\n4.) Csak a legnagyobb sz\u00edv k\u00e9pes tan\u00edtani a legkisebbeket. \n5.) Az\u00e9rt vagyok pedag\u00f3gus, hogy a term\u00e9szetnek nyers gy\u00e9m\u00e1ntj\u00e1t, sz\u00e9p vigy\u00e1zattal, csendben csiszoljam krist\u00e1lyba.\n6.) A k\u00f6z\u00e9pszer\u0171 tan\u00e1r magyar\u00e1z. A j\u00f3 tan\u00e1r indokol. A kiv\u00e1l\u00f3 tan\u00e1r demonstr\u00e1l. A nagyszer\u0171 tan\u00e1r inspir\u00e1l.\n7.) A j\u00f3 tan\u00e1r nem csak k\u00f6nyvb\u0151l, hanem sz\u00edvb\u0151l tan\u00edt.\n8.) A csillagok nem ragyogn\u00e1nak, ha nem lenne k\u00f6r\u00fcl\u00f6tt\u00fck s\u00f6t\u00e9ts\u00e9g.  \n\n\ud83c\udf81 Aj\u00e1nd\u00e9kk\u00e1rtya\nA kulcstart\u00f3hoz aj\u00e1nd\u00e9kk\u00e1rtya is v\u00e1laszthat\u00f3,\n8 k\u00fcl\u00f6nb\u00f6z\u0151 sz\u00ednben, a kieg\u00e9sz\u00edt\u0151 opci\u00f3k k\u00f6z\u00f6tt.\n\n\ud83d\udc9b Aj\u00e1nlott alkalmak\n\u2022\tballag\u00e1s\n\u2022\t\u00e9vz\u00e1r\u00f3\n\u2022\tpedag\u00f3gusnap\n\u2022\tk\u00f6sz\u00f6netaj\u00e1nd\u00e9k tan\u00e1rnak, pedag\u00f3gusnak\n\nOrganza tasak, aj\u00e1nd\u00e9kdoboz \u00e9s\/vagy aj\u00e1nd\u00e9kk\u00e1rtya k\u00fcl\u00f6n rendelhet\u0151 a kieg\u00e9sz\u00edt\u0151 opci\u00f3k k\u00f6z\u00f6tt! Az aj\u00e1nd\u00e9kk\u00e1rty\u00e1ra egyedi felirat k\u00e9rhet\u0151 fel\u00e1r n\u00e9lk\u00fcl, melyet a rendel\u00e9s sor\u00e1n a megjegyz\u00e9s rovatba tudsz be\u00edrni! \n\nIgyekszem pontos, val\u00f3s\u00e1gh\u0171 term\u00e9kfot\u00f3kat k\u00e9sz\u00edteni, azonban az egyes monitorok sz\u00ednbe\u00e1ll\u00edt\u00e1sa miatt k\u00fcl\u00f6nbs\u00e9gek ad\u00f3dhatnak :) \n\nA v\u00e1s\u00e1rl\u00e1st k\u00f6vet\u0151en a Mesk\u00e1t\u00f3l kapsz egy automatikus \u00fczenetet, melyben megtal\u00e1lod \u00e1tutal\u00e1sos fizet\u00e9shez sz\u00fcks\u00e9ges banksz\u00e1mlasz\u00e1mot. Lehet\u0151s\u00e9ged van bankk\u00e1rty\u00e1s fizet\u00e9sre is. HA POSTAPONTRA VAGY MPL AUTOMAT\u00c1BA K\u00c9RED A CSOMAGOT, k\u00e9rlek a megjegyz\u00e9s rovatba \u00edrd be a hely nev\u00e9t vagy c\u00edm\u00e9t a felad\u00e1s meggyors\u00edt\u00e1sa \u00e9rdek\u00e9ben :) A v\u00e9tel\u00e1r kiegyenl\u00edt\u00e9s\u00e9re maximum 2 hetet v\u00e1rok, ezt k\u00f6vet\u0151en \u00e9rv\u00e9nytelen\u00edttetem az ad\u00e1sv\u00e9telt.\n","price":"1450.00","unit":"db","recommended":"0","status":"1","sponsored":"0","exp_notify":"0","own_material":"0","own_material_description_old":null,"own_material_description":"","jury":"0","jury_number":"","product_nature":"","meskaracsony":"0","create_date":"2026-02-08 12:41:39","shelve_id":"76387","image":"arindaekszerek_product_1262_260208124113_009266.jpeg","image_width":"480","image_height":"480","image_alt":"Kereszt med\u00e1los \u00fcveglencs\u00e9s kulcstart\u00f3 pedag\u00f3gusnapra, Kedves, apr\u00f3, m\u00e9gis besz\u00e9des aj\u00e1nd\u00e9k ballag\u00e1sra, \u00e9vz\u00e1r\u00f3ra vagy pedag\u00f3gusnapra, amellyel kifejezheted..., Meska","image_title":"Kereszt med\u00e1los \u00fcveglencs\u00e9s kulcstart\u00f3 pedag\u00f3gusnapra, Meska","view_count":"143","favourite_count":"22","trending_score":"0","last2MonthFavouriteCount":"22","promotion":"0","giftcard_accept":"1","creditcard_accept":true,"enhanced_background":"0","domain":"meska","specific_customer_id":null,"specific_customer_name":null,"to_order_product":"0","to_order_product_time":"0","product_different":null,"product_different_description":"","vintage":"0","vintage_category_id":"0","recycled":"0","gemstone_id":"0","customizable":"1","type_category":"physical","zerowaste":"0","postage_price":"1290.00","shop_order":"387","has_category":"1","landing_pages":null,"microdata":{"number":83,"category":""},"title":"Kereszt med\u00e1los \u00fcveglencs\u00e9s kulcstart\u00f3 pedag\u00f3gusnapra","description":"Kedves, apr\u00f3, m\u00e9gis besz\u00e9des aj\u00e1nd\u00e9k ballag\u00e1sra, \u00e9vz\u00e1r\u00f3ra vagy pedag\u00f3gusnapra, amellyel kifejezheted a k\u00f6sz\u00f6netet \u00e9s az elismer\u00e9st egy tan\u00e1r vagy pedag\u00f3gus fel\u00e9.\n\nA kulcstart\u00f3 a hitoktat\u00e1st \u00e9s \u00e9rt\u00e9kk\u00f6zvet\u00edt\u00e9st jelk\u00e9pez\u0151 kereszt med\u00e1llal \u00e9s 20 mm-es feliratos \u00fcveglencs\u00e9vel k\u00e9sz\u00fclt.\n\nA kulcstart\u00f3karika \u00e1tm\u00e9r\u0151je 15 mm, a kulcstart\u00f3 teljes hossza kb. 4,5 cm.\n\n\ud83d\udd8b\ufe0f V\u00e1laszthat\u00f3 feliratok\n\nA med\u00e1lk\u00e1ba 8 f\u00e9le felirat k\u00f6z\u00fcl v\u00e1laszthatsz a kieg\u00e9sz\u00edt\u0151 opci\u00f3k (sz\u00ednek, mint\u00e1k) k\u00f6z\u00f6tt:\n1.) Legszebb eml\u00e9k a szeretet, melyet m\u00e1sok sz\u00edv\u00e9ben hagyunk magunk ut\u00e1n.\n2.) J\u00f3l csak a sz\u00edv\u00e9vel l\u00e1t az ember. Ami igaz\u00e1n l\u00e9nyeges, az a szemnek l\u00e1thatatlan. \n3.) H\u00e1l\u00e1san k\u00f6sz\u00f6n\u00fcnk minden j\u00f3t \u00e9s sz\u00e9pet, Nem feledj\u00fck a sok kedves iskol\u00e1s eml\u00e9ket.\n4.) Csak a legnagyobb sz\u00edv k\u00e9pes tan\u00edtani a legkisebbeket. \n5.) Az\u00e9rt vagyok pedag\u00f3gus, hogy a term\u00e9szetnek nyers gy\u00e9m\u00e1ntj\u00e1t, sz\u00e9p vigy\u00e1zattal, csendben csiszoljam krist\u00e1lyba.\n6.) A k\u00f6z\u00e9pszer\u0171 tan\u00e1r magyar\u00e1z. A j\u00f3 tan\u00e1r indokol. A kiv\u00e1l\u00f3 tan\u00e1r demonstr\u00e1l. A nagyszer\u0171 tan\u00e1r inspir\u00e1l.\n7.) A j\u00f3 tan\u00e1r nem csak k\u00f6nyvb\u0151l, hanem sz\u00edvb\u0151l tan\u00edt.\n8.) A csillagok nem ragyogn\u00e1nak, ha nem lenne k\u00f6r\u00fcl\u00f6tt\u00fck s\u00f6t\u00e9ts\u00e9g.  \n\n\ud83c\udf81 Aj\u00e1nd\u00e9kk\u00e1rtya\nA kulcstart\u00f3hoz aj\u00e1nd\u00e9kk\u00e1rtya is v\u00e1laszthat\u00f3,\n8 k\u00fcl\u00f6nb\u00f6z\u0151 sz\u00ednben, a kieg\u00e9sz\u00edt\u0151 opci\u00f3k k\u00f6z\u00f6tt.\n\n\ud83d\udc9b Aj\u00e1nlott alkalmak\n\u2022\tballag\u00e1s\n\u2022\t\u00e9vz\u00e1r\u00f3\n\u2022\tpedag\u00f3gusnap\n\u2022\tk\u00f6sz\u00f6netaj\u00e1nd\u00e9k tan\u00e1rnak, pedag\u00f3gusnak\n\nOrganza tasak, aj\u00e1nd\u00e9kdoboz \u00e9s\/vagy aj\u00e1nd\u00e9kk\u00e1rtya k\u00fcl\u00f6n rendelhet\u0151 a kieg\u00e9sz\u00edt\u0151 opci\u00f3k k\u00f6z\u00f6tt! Az aj\u00e1nd\u00e9kk\u00e1rty\u00e1ra egyedi felirat k\u00e9rhet\u0151 fel\u00e1r n\u00e9lk\u00fcl, melyet a rendel\u00e9s sor\u00e1n a megjegyz\u00e9s rovatba tudsz be\u00edrni! \n\nIgyekszem pontos, val\u00f3s\u00e1gh\u0171 term\u00e9kfot\u00f3kat k\u00e9sz\u00edteni, azonban az egyes monitorok sz\u00ednbe\u00e1ll\u00edt\u00e1sa miatt k\u00fcl\u00f6nbs\u00e9gek ad\u00f3dhatnak :) \n\nA v\u00e1s\u00e1rl\u00e1st k\u00f6vet\u0151en a Mesk\u00e1t\u00f3l kapsz egy automatikus \u00fczenetet, melyben megtal\u00e1lod \u00e1tutal\u00e1sos fizet\u00e9shez sz\u00fcks\u00e9ges banksz\u00e1mlasz\u00e1mot. Lehet\u0151s\u00e9ged van bankk\u00e1rty\u00e1s fizet\u00e9sre is. HA POSTAPONTRA VAGY MPL AUTOMAT\u00c1BA K\u00c9RED A CSOMAGOT, k\u00e9rlek a megjegyz\u00e9s rovatba \u00edrd be a hely nev\u00e9t vagy c\u00edm\u00e9t a felad\u00e1s meggyors\u00edt\u00e1sa \u00e9rdek\u00e9ben :) A v\u00e9tel\u00e1r kiegyenl\u00edt\u00e9s\u00e9re maximum 2 hetet v\u00e1rok, ezt k\u00f6vet\u0151en \u00e9rv\u00e9nytelen\u00edttetem az ad\u00e1sv\u00e9telt.\n","score":0,"formatted_price":"1 450 Ft","image_url":"https:\/\/www.meska.hu\/img\/product\/small\/a\/r\/arindaekszerek_product_1262_260208124113_009266.jpeg","formatted_url":"https:\/\/www.meska.hu\/p5729226-kereszt-medalos-uveglencses-kulcstarto-pedagogusnapra","favourite":false,"in_stock":true,"avatar":"Arindaekszerek_avatar_1262_1595765899.jpg","delete_from":0,"is_enhanced_background":false,"is_enhanced":false,"product_selection_started":false,"is_active":true,"image_webp_url":"https:\/\/www.meska.hu\/img\/product\/small\/a\/r\/arindaekszerek_product_1262_260208124113_009266.webp"},{"id":"6141007","shop_id":"19191","user_id":"176087","shop_name":"fenyves","shop_zip":"3383","product_code":"5748338","product_name_old":null,"product_name":"Feh\u00e9r Nyuszi l\u00e1ny - r\u00f3zs\u00e1s - horgolt marok\u00e1llat","category_string":"J\u00e1t\u00e9k & Sport, Pl\u00fcss\u00e1llat & J\u00e1t\u00e9kfigura, Nyuszi","technic_string":"H\u00edmz\u00e9s, Horgol\u00e1s","category_1":"305","category_2":"349","category_3":"1121","category_4":"0","merged_category_1":null,"merged_category_2":null,"merged_category_3":null,"technic_1":"487","technic_2":"488","technic_3":"0","color_1":"519","color_2":"532","color_3":"525","product_description_old":null,"product_description":"Kedves  aj\u00e1nd\u00e9k ez a cuki nyuszi l\u00e1ny.\n\nEz a cuki nyuszi l\u00e1ny egyedi minta alapj\u00e1n k\u00e9sz\u00fclt.\nFeh\u00e9r min\u0151s\u00e9gi 100% pamutfonalb\u00f3l.\nMint\u00e1s pamutv\u00e1szon a d\u00edsz\u00edt\u00e9se \u00e9s k\u00e9zi \u00f6lt\u00e9ssel van r\u00f6gzitve.\nSzeme k\u00e9zi h\u00edmz\u00e9ssel k\u00e9sz\u00fclt.\nMagass\u00e1ga kb 15 cm\n\n\nMinden r\u00f6gz\u00edtett..\n\nK\u00f6sz\u00f6n\u00f6m, hogy megn\u00e9zted.","price":"4000.00","unit":"db","recommended":"0","status":"1","sponsored":"0","exp_notify":"0","own_material":"0","own_material_description_old":null,"own_material_description":"","jury":"0","jury_number":"","product_nature":"","meskaracsony":"0","create_date":"2026-03-06 10:35:20","shelve_id":"73280","image":"fenyves_product_176087_260306103402_238676.jpeg","image_width":"480","image_height":"712","image_alt":"Feh\u00e9r Nyuszi l\u00e1ny - r\u00f3zs\u00e1s - horgolt marok\u00e1llat, Kedves  aj\u00e1nd\u00e9k ez a cuki nyuszi l\u00e1ny.\\n\\nEz a cuki nyuszi l\u00e1ny egyedi minta alapj\u00e1n k\u00e9sz\u00fclt.\\nFeh\u00e9r mi..., Meska","image_title":"Feh\u00e9r Nyuszi l\u00e1ny - r\u00f3zs\u00e1s - horgolt marok\u00e1llat, Meska","view_count":"137","favourite_count":"22","trending_score":"0","last2MonthFavouriteCount":"22","promotion":"0","giftcard_accept":"0","creditcard_accept":false,"enhanced_background":"0","domain":"meska","specific_customer_id":null,"specific_customer_name":null,"to_order_product":"0","to_order_product_time":"0","product_different":null,"product_different_description":"","vintage":"0","vintage_category_id":"0","recycled":"0","gemstone_id":"0","customizable":"0","type_category":"physical","zerowaste":"0","postage_price":"2470.00","shop_order":"0","has_category":"1","landing_pages":null,"microdata":{"number":84,"category":""},"title":"Feh\u00e9r Nyuszi l\u00e1ny - r\u00f3zs\u00e1s - horgolt marok\u00e1llat","description":"Kedves  aj\u00e1nd\u00e9k ez a cuki nyuszi l\u00e1ny.\n\nEz a cuki nyuszi l\u00e1ny egyedi minta alapj\u00e1n k\u00e9sz\u00fclt.\nFeh\u00e9r min\u0151s\u00e9gi 100% pamutfonalb\u00f3l.\nMint\u00e1s pamutv\u00e1szon a d\u00edsz\u00edt\u00e9se \u00e9s k\u00e9zi \u00f6lt\u00e9ssel van r\u00f6gzitve.\nSzeme k\u00e9zi h\u00edmz\u00e9ssel k\u00e9sz\u00fclt.\nMagass\u00e1ga kb 15 cm\n\n\nMinden r\u00f6gz\u00edtett..\n\nK\u00f6sz\u00f6n\u00f6m, hogy megn\u00e9zted.","score":0,"formatted_price":"4 000 Ft","image_url":"https:\/\/www.meska.hu\/img\/product\/small\/f\/e\/fenyves_product_176087_260306103402_238676.jpeg","formatted_url":"https:\/\/www.meska.hu\/p5748338-feher-nyuszi-lany-rozsas-horgolt-marokallat","favourite":false,"in_stock":true,"avatar":"176087_avatar_1696842502.jpeg","delete_from":0,"is_enhanced_background":false,"is_enhanced":false,"product_selection_started":false,"is_active":true,"image_webp_url":"https:\/\/www.meska.hu\/img\/product\/small\/f\/e\/fenyves_product_176087_260306103402_238676.webp"},{"id":"6122542","shop_id":"12960","user_id":"74058","shop_name":"Nana83","shop_zip":"1173","product_code":"5736814","product_name_old":null,"product_name":"Sziklavir\u00e1g bronz gy\u0171r\u0171","category_string":"\u00c9kszer, Gy\u0171r\u0171, Figur\u00e1lis gy\u0171r\u0171","technic_string":"F\u00e9mmegmunk\u00e1l\u00e1s, \u00d6tv\u00f6s","category_1":"327","category_2":"332","category_3":"1221","category_4":"0","merged_category_1":null,"merged_category_2":null,"merged_category_3":null,"technic_1":"479","technic_2":"496","technic_3":"0","color_1":"517","color_2":"0","color_3":"0","product_description_old":null,"product_description":"Viaszb\u00f3l mint\u00e1zott, bronzb\u00f3l ki\u00f6nt\u00f6tt fant\u00e1ziavir\u00e1g k\u00e9sz\u00fclt.\nFelt\u0171n\u0151, nagym\u00e9ret\u0171 darab. Rusztikus, k\u0151szer\u0171...pr\u00f3b\u00e1ltam elvonatkoztatni a szokv\u00e1nyos vir\u00e1g \u00e1br\u00e1zol\u00e1sokt\u00f3l.\nA gy\u0171r\u0171s\u00edn fix m\u00e9ret\u0171, esetleg nagyobbra tudom reszelni.\nM\u00e9ret: 61\n3x3,3 cm\n","price":"6990.00","unit":"db","recommended":"0","status":"1","sponsored":"0","exp_notify":"0","own_material":"0","own_material_description_old":null,"own_material_description":"","jury":"0","jury_number":"","product_nature":"","meskaracsony":"0","create_date":"2026-03-19 19:18:33","shelve_id":"27292","image":"nana83_product_74058_260219175913_765376.jpeg","image_width":"480","image_height":"469","image_alt":"Sziklavir\u00e1g bronz gy\u0171r\u0171, Viaszb\u00f3l mint\u00e1zott, bronzb\u00f3l ki\u00f6nt\u00f6tt fant\u00e1ziavir\u00e1g k\u00e9sz\u00fclt.\\nFelt\u0171n\u0151, nagym\u00e9ret\u0171 darab. Rusztikus, k..., Meska","image_title":"Sziklavir\u00e1g bronz gy\u0171r\u0171, Meska","view_count":"178","favourite_count":"22","trending_score":"0","last2MonthFavouriteCount":"22","promotion":"0","giftcard_accept":"1","creditcard_accept":false,"enhanced_background":"0","domain":"meska","specific_customer_id":null,"specific_customer_name":null,"to_order_product":"0","to_order_product_time":"0","product_different":null,"product_different_description":"","vintage":"0","vintage_category_id":"0","recycled":"0","gemstone_id":"0","customizable":"0","type_category":"physical","zerowaste":"0","postage_price":"1290.00","shop_order":"85","has_category":"1","landing_pages":null,"microdata":{"number":85,"category":""},"title":"Sziklavir\u00e1g bronz gy\u0171r\u0171","description":"Viaszb\u00f3l mint\u00e1zott, bronzb\u00f3l ki\u00f6nt\u00f6tt fant\u00e1ziavir\u00e1g k\u00e9sz\u00fclt.\nFelt\u0171n\u0151, nagym\u00e9ret\u0171 darab. Rusztikus, k\u0151szer\u0171...pr\u00f3b\u00e1ltam elvonatkoztatni a szokv\u00e1nyos vir\u00e1g \u00e1br\u00e1zol\u00e1sokt\u00f3l.\nA gy\u0171r\u0171s\u00edn fix m\u00e9ret\u0171, esetleg nagyobbra tudom reszelni.\nM\u00e9ret: 61\n3x3,3 cm\n","score":0,"formatted_price":"6 990 Ft","image_url":"https:\/\/www.meska.hu\/img\/product\/small\/n\/a\/nana83_product_74058_260219175913_765376.jpeg","formatted_url":"https:\/\/www.meska.hu\/p5736814-sziklavirag-bronz-gyuru","favourite":false,"in_stock":true,"avatar":"Nana83_avatar_74058_1527763385.jpg","delete_from":0,"is_enhanced_background":false,"is_enhanced":false,"product_selection_started":false,"is_active":true,"image_webp_url":"https:\/\/www.meska.hu\/img\/product\/small\/n\/a\/nana83_product_74058_260219175913_765376.webp"},{"id":"6057069","shop_id":"12960","user_id":"74058","shop_name":"Nana83","shop_zip":"1173","product_code":"5694057","product_name_old":null,"product_name":"Romantika","category_string":"\u00c9kszer, Nyakl\u00e1nc, Gy\u00f6ngy\u00f6s nyakl\u00e1nc","technic_string":"\u00c9kszerk\u00e9sz\u00edt\u00e9s, F\u00e9mmegmunk\u00e1l\u00e1s","category_1":"327","category_2":"337","category_3":"1253","category_4":"0","merged_category_1":null,"merged_category_2":null,"merged_category_3":null,"technic_1":"477","technic_2":"479","technic_3":"0","color_1":"514","color_2":"522","color_3":"524","product_description_old":null,"product_description":"V\u00f6r\u00f6sr\u00e9z nyakl\u00e1nc hull\u00e1mokkal, \u00edvekkel.\n\u00dcveglev\u00e9l \u00e9s gy\u00f6ngy\u00f6k d\u00edsz\u00edtik, beakaszt\u00f3s r\u00e9zkapocs z\u00e1rja.\nN\u0151ies form\u00e1k \u00e9s sz\u00ednek \u00f6sszhangja.\n44 cm","price":"4590.00","unit":"db","recommended":"0","status":"1","sponsored":"0","exp_notify":"0","own_material":"0","own_material_description_old":null,"own_material_description":"","jury":"0","jury_number":"","product_nature":"","meskaracsony":"0","create_date":"2026-04-21 09:50:40","shelve_id":"27291","image":"nana83_product_74058_251220135302_0133.jpeg","image_width":"480","image_height":"499","image_alt":"Romantika, V\u00f6r\u00f6sr\u00e9z nyakl\u00e1nc hull\u00e1mokkal, \u00edvekkel.\\n\u00dcveglev\u00e9l \u00e9s gy\u00f6ngy\u00f6k d\u00edsz\u00edtik, beakaszt\u00f3s r\u00e9zkapocs z\u00e1rja.\\n..., Meska","image_title":"Romantika, Meska","view_count":"267","favourite_count":"22","trending_score":"0","last2MonthFavouriteCount":"22","promotion":"0","giftcard_accept":"1","creditcard_accept":false,"enhanced_background":"0","domain":"meska","specific_customer_id":null,"specific_customer_name":null,"to_order_product":"0","to_order_product_time":"0","product_different":null,"product_different_description":"","vintage":"0","vintage_category_id":"0","recycled":"0","gemstone_id":"0","customizable":"0","type_category":"physical","zerowaste":"0","postage_price":"1290.00","shop_order":"5","has_category":"1","landing_pages":null,"microdata":{"number":86,"category":""},"title":"Romantika","description":"V\u00f6r\u00f6sr\u00e9z nyakl\u00e1nc hull\u00e1mokkal, \u00edvekkel.\n\u00dcveglev\u00e9l \u00e9s gy\u00f6ngy\u00f6k d\u00edsz\u00edtik, beakaszt\u00f3s r\u00e9zkapocs z\u00e1rja.\nN\u0151ies form\u00e1k \u00e9s sz\u00ednek \u00f6sszhangja.\n44 cm","score":0,"formatted_price":"4 590 Ft","image_url":"https:\/\/www.meska.hu\/img\/product\/small\/n\/a\/nana83_product_74058_251220135302_0133.jpeg","formatted_url":"https:\/\/www.meska.hu\/p5694057-romantika","favourite":false,"in_stock":true,"avatar":"Nana83_avatar_74058_1527763385.jpg","delete_from":0,"is_enhanced_background":false,"is_enhanced":false,"product_selection_started":false,"is_active":true,"image_webp_url":"https:\/\/www.meska.hu\/img\/product\/small\/n\/a\/nana83_product_74058_251220135302_0133.webp"},{"id":"4265311","shop_id":"13431","user_id":"39363","shop_name":"Artiroka","shop_zip":"1029","product_code":"3516106","product_name_old":null,"product_name":"Koala mack\u00f3 mint\u00e1s  irattart\u00f3,  p\u00e9nzt\u00e1rca ","category_string":"T\u00e1ska & Tok, P\u00e9nzt\u00e1rca & M\u00e1s tok, P\u00e9nzt\u00e1rca, N\u0151i p\u00e9nzt\u00e1rca","technic_string":"Varr\u00e1s, H\u00edmz\u00e9s","category_1":"464","category_2":"379","category_3":"382","category_4":"1490","merged_category_1":null,"merged_category_2":null,"merged_category_3":null,"technic_1":"506","technic_2":"487","technic_3":"0","color_1":"514","color_2":"519","color_3":"1475","product_description_old":null,"product_description":"Pr\u00e9mium pamut, k\u00f6nyvek\u00e9rt rajong\u00f3 koala mack\u00f3 mint\u00e1s pamut textilb\u0151l k\u00e9sz\u00fclt ez az irattart\u00f3 p\u00e9nzt\u00e1rca. B\u00e9l\u00e9se hozz\u00e1ill\u0151 pamut textil. A cipz\u00e1rt k\u00fcl\u00f6nleges h\u00edmz\u00e9ssel d\u00edsz\u00edtettem.  T\u00e1rolhat\u00f3k m\u00e9g benne  a mindennapos haszn\u00e1latban l\u00e9v\u0151 sminkek, kozmetikai szerek, mobil kell\u00e9kek, powerbank, f\u00fclhallgat\u00f3 vagy egy\u00e9b apr\u00f3s\u00e1gok. \n___________________________________\nM\u00c9RETEI:\n15 x 10 cm\nals\u00f3 vastags\u00e1ga 2 cm \n_______________________________________\nM\u00c9G T\u00d6BB irattart\u00f3 p\u00e9nzt\u00e1rc\u00e1t itt tal\u00e1lsz a boltomban:  https:\/\/www.meska.hu\/shop\/Artiroka?s=39676&o=shop_order&p=1  \n\nTOV\u00c1BBI neszesszerjeimet itt tal\u00e1lod: https:\/\/www.meska.hu\/shop\/Artiroka?s=55248&o=shop_order&p=1\n\nEGY\u00c9B kieg\u00e9sz\u00edt\u0151imet itt tudod megn\u00e9zni: https:\/\/www.meska.hu\/shop\/Artiroka\n\nSZEM\u00c9LYES \u00c1TV\u00c9TEL: Budapesten a II. ker\u00fcletben l\u00e9v\u0151 Budaligeti lak\u00e1somn\u00e1l lehets\u00e9ges. \n\nM\u0170HELY: Kis\u00e1llat \u00e9s doh\u00e1nymentes m\u0171helyben k\u00e9sz\u00fcl gondosan elk\u00e9sz\u00edtve, minden egyes darab.","price":"4200.00","unit":"db","recommended":"0","status":"1","sponsored":"0","exp_notify":"0","own_material":"0","own_material_description_old":null,"own_material_description":"","jury":"0","jury_number":"","product_nature":"","meskaracsony":"0","create_date":"2026-03-18 15:14:18","shelve_id":"39676","image":"artiroka_product_39363_260318151307_211854.jpeg","image_width":"480","image_height":"474","image_alt":"Koala mack\u00f3 mint\u00e1s  irattart\u00f3,  p\u00e9nzt\u00e1rca , Pr\u00e9mium pamut, k\u00f6nyvek\u00e9rt rajong\u00f3 koala mack\u00f3 mint\u00e1s pamut textilb\u0151l k\u00e9sz\u00fclt ez az irattart\u00f3 p\u00e9nzt\u00e1r..., Meska","image_title":"Koala mack\u00f3 mint\u00e1s  irattart\u00f3,  p\u00e9nzt\u00e1rca , Meska","view_count":"774","favourite_count":"22","trending_score":"0","last2MonthFavouriteCount":"22","promotion":"0","giftcard_accept":"1","creditcard_accept":true,"enhanced_background":"0","domain":"meska","specific_customer_id":null,"specific_customer_name":null,"to_order_product":"0","to_order_product_time":"0","product_different":null,"product_different_description":"","vintage":"0","vintage_category_id":"0","recycled":"0","gemstone_id":"0","customizable":"0","type_category":"physical","zerowaste":"1","postage_price":"2390.00","shop_order":"180","has_category":"1","landing_pages":null,"microdata":{"number":87,"category":""},"title":"Koala mack\u00f3 mint\u00e1s  irattart\u00f3,  p\u00e9nzt\u00e1rca ","description":"Pr\u00e9mium pamut, k\u00f6nyvek\u00e9rt rajong\u00f3 koala mack\u00f3 mint\u00e1s pamut textilb\u0151l k\u00e9sz\u00fclt ez az irattart\u00f3 p\u00e9nzt\u00e1rca. B\u00e9l\u00e9se hozz\u00e1ill\u0151 pamut textil. A cipz\u00e1rt k\u00fcl\u00f6nleges h\u00edmz\u00e9ssel d\u00edsz\u00edtettem.  T\u00e1rolhat\u00f3k m\u00e9g benne  a mindennapos haszn\u00e1latban l\u00e9v\u0151 sminkek, kozmetikai szerek, mobil kell\u00e9kek, powerbank, f\u00fclhallgat\u00f3 vagy egy\u00e9b apr\u00f3s\u00e1gok. \n___________________________________\nM\u00c9RETEI:\n15 x 10 cm\nals\u00f3 vastags\u00e1ga 2 cm \n_______________________________________\nM\u00c9G T\u00d6BB irattart\u00f3 p\u00e9nzt\u00e1rc\u00e1t itt tal\u00e1lsz a boltomban:  https:\/\/www.meska.hu\/shop\/Artiroka?s=39676&o=shop_order&p=1  \n\nTOV\u00c1BBI neszesszerjeimet itt tal\u00e1lod: https:\/\/www.meska.hu\/shop\/Artiroka?s=55248&o=shop_order&p=1\n\nEGY\u00c9B kieg\u00e9sz\u00edt\u0151imet itt tudod megn\u00e9zni: https:\/\/www.meska.hu\/shop\/Artiroka\n\nSZEM\u00c9LYES \u00c1TV\u00c9TEL: Budapesten a II. ker\u00fcletben l\u00e9v\u0151 Budaligeti lak\u00e1somn\u00e1l lehets\u00e9ges. \n\nM\u0170HELY: Kis\u00e1llat \u00e9s doh\u00e1nymentes m\u0171helyben k\u00e9sz\u00fcl gondosan elk\u00e9sz\u00edtve, minden egyes darab.","score":0,"formatted_price":"4 200 Ft","image_url":"https:\/\/www.meska.hu\/img\/product\/small\/a\/r\/artiroka_product_39363_260318151307_211854.jpeg","formatted_url":"https:\/\/www.meska.hu\/p3516106-koala-macko-mintas-menta-kek-szinu-irattarto-penztarca","favourite":false,"in_stock":true,"avatar":"39363_avatar_1770298004.png","delete_from":0,"is_enhanced_background":false,"is_enhanced":false,"product_selection_started":false,"is_active":true,"image_webp_url":"https:\/\/www.meska.hu\/img\/product\/small\/a\/r\/artiroka_product_39363_260318151307_211854.webp"},{"id":"5729590","shop_id":"13431","user_id":"39363","shop_name":"Artiroka","shop_zip":"1029","product_code":"5522538","product_name_old":null,"product_name":"Vir\u00e1gos r\u00e9t mint\u00e1s v\u00edz\u00e1ll\u00f3, kosztasz\u00edt\u00f3 K\u00d6NYVTOK","category_string":"K\u00f6nyv & Zene, K\u00f6nyvtok","technic_string":"Varr\u00e1s, H\u00edmz\u00e9s","category_1":"1418","category_2":"1488","category_3":"0","category_4":"0","merged_category_1":null,"merged_category_2":null,"merged_category_3":null,"technic_1":"506","technic_2":"487","technic_3":"0","color_1":"519","color_2":"521","color_3":"525","product_description_old":null,"product_description":"Te is szeretn\u00e9d biztons\u00e1gban magaddal vinni a k\u00f6nyvedet? Akkor neked k\u00e9sz\u00fclt ez az egyedi, v\u00edz\u00e1ll\u00f3 k\u00f6nyvtok, ak\u00e1r gombos z\u00e1rral. S\u00f6t\u00e9tk\u00e9k alapon vir\u00e1gos r\u00e9t mint\u00e1val, pamut textil b\u00e9l\u00e9ssel, ami k\u00f6z\u00e9 m\u00e9g egy vastagabb b\u00e9l\u00e9s is ker\u00fclt, hogy biztosan megv\u00e9dje a k\u00f6nyveidet. Tetej\u00e9t k\u00fcl\u00f6nleges h\u00edmz\u00e9ssel d\u00edsz\u00edtettem. Talpm\u00e9rete is van, hogy ne tegye t\u00f6nkre a k\u00f6nyv sarkait.\nRendelhet\u0151 gombos z\u00e1rral, cipz\u00e1rral is, v\u00e1laszd a leg\u00f6rd\u00fcl\u0151 men\u00fcb\u0151l ami neked, legink\u00e1bb megfelel. A cipz\u00e1ras kivitel nagyon sokat elvesz a k\u00f6nyvtok k\u00e9t v\u00e9g\u00e9b\u0151l, \u00edgy k\u00e9rlek csak akkor rendeld, ha keskenyebb k\u00f6nyveket szokt\u00e1l olvasni, hogy biztosan belef\u00e9rjen a tokba. A gombos z\u00e1rn\u00e1l ez nem probl\u00e9ma. Aj\u00e1nd\u00e9knak is szeretettel aj\u00e1nlom, mert egyedi k\u00e9zm\u0171ves term\u00e9ket \u00f6r\u00f6m adni \u00e9s kapni.\n_____________________________\nM\u00c9RETE: \n25 cm x 19 cm\nals\u00f3 vastags\u00e1ga: 3 cm\nEgy nagyobb k\u00f6nyv laz\u00e1n belef\u00e9r (pl Maye Musk \u00e9letrajzi k\u00f6nyve) de mell\u00e9 tehetsz m\u00e9g egy kisebb, keskenyebb k\u00f6nyvet is, (pl Janikovszky \u00c9va k\u00f6nyve - ahogy a fot\u00f3n is l\u00e1that\u00f3)\nA K\u00c9PEN l\u00e1that\u00f3 k\u00f6nyvek nem k\u00e9pezik az ad\u00e1s-v\u00e9tel t\u00e1rgy\u00e1t, csak a k\u00f6nytokot tudod itt megrendelni.\n_____________________________\nITT tudod megn\u00e9zni a k\u00e9szleten l\u00e9v\u0151 vagy rendelhet\u0151 k\u00f6nyvtokjaimat: https:\/\/www.meska.hu\/shop\/Artiroka?s=66877&o=shop_order&p=1\n_____________________________\nTOV\u00c1BBI kieg\u00e9sz\u00edt\u0151imet ezeken a polcokon tal\u00e1lod: https:\/\/www.meska.hu\/shop\/Artiroka?o=shop_order&p=1\n_____________________________\nSZEM\u00c9LYES \u00c1TV\u00c9TEL: jelenleg Budapesten a II. ker\u00fcletben l\u00e9v\u0151, Budaligeti lak\u00e1somn\u00e1l van lehet\u0151s\u00e9g egy el\u0151re megbesz\u00e9lt id\u0151pontban.\n\nM\u0170HELY: Kis\u00e1llat \u00e9s doh\u00e1nymentes m\u0171helyben k\u00e9sz\u00fcl gondosan elk\u00e9sz\u00edtve, minden egyes darab.","price":"5000.00","unit":"db","recommended":"0","status":"1","sponsored":"0","exp_notify":"0","own_material":"0","own_material_description_old":null,"own_material_description":"","jury":"0","jury_number":"","product_nature":"","meskaracsony":"0","create_date":"2026-03-31 07:49:01","shelve_id":"66877","image":"artirokadesign_product_39363_250319160326_016789.jpeg","image_width":"480","image_height":"504","image_alt":"Vir\u00e1gos r\u00e9t mint\u00e1s v\u00edz\u00e1ll\u00f3, kosztasz\u00edt\u00f3 K\u00d6NYVTOK, Te is szeretn\u00e9d biztons\u00e1gban magaddal vinni a k\u00f6nyvedet? Akkor neked k\u00e9sz\u00fclt ez az egyedi, v\u00edz\u00e1ll\u00f3 k..., Meska","image_title":"Vir\u00e1gos r\u00e9t mint\u00e1s v\u00edz\u00e1ll\u00f3, kosztasz\u00edt\u00f3 K\u00d6NYVTOK, Meska","view_count":"526","favourite_count":"22","trending_score":"0","last2MonthFavouriteCount":"22","promotion":"0","giftcard_accept":"1","creditcard_accept":true,"enhanced_background":"0","domain":"meska","specific_customer_id":null,"specific_customer_name":null,"to_order_product":"1","to_order_product_time":"3","product_different":null,"product_different_description":"","vintage":"0","vintage_category_id":"0","recycled":"0","gemstone_id":"0","customizable":"1","type_category":"physical","zerowaste":"1","postage_price":"2390.00","shop_order":"492","has_category":"1","landing_pages":null,"microdata":{"number":88,"category":""},"title":"Vir\u00e1gos r\u00e9t mint\u00e1s v\u00edz\u00e1ll\u00f3, kosztasz\u00edt\u00f3 K\u00d6NYVTOK","description":"Te is szeretn\u00e9d biztons\u00e1gban magaddal vinni a k\u00f6nyvedet? Akkor neked k\u00e9sz\u00fclt ez az egyedi, v\u00edz\u00e1ll\u00f3 k\u00f6nyvtok, ak\u00e1r gombos z\u00e1rral. S\u00f6t\u00e9tk\u00e9k alapon vir\u00e1gos r\u00e9t mint\u00e1val, pamut textil b\u00e9l\u00e9ssel, ami k\u00f6z\u00e9 m\u00e9g egy vastagabb b\u00e9l\u00e9s is ker\u00fclt, hogy biztosan megv\u00e9dje a k\u00f6nyveidet. Tetej\u00e9t k\u00fcl\u00f6nleges h\u00edmz\u00e9ssel d\u00edsz\u00edtettem. Talpm\u00e9rete is van, hogy ne tegye t\u00f6nkre a k\u00f6nyv sarkait.\nRendelhet\u0151 gombos z\u00e1rral, cipz\u00e1rral is, v\u00e1laszd a leg\u00f6rd\u00fcl\u0151 men\u00fcb\u0151l ami neked, legink\u00e1bb megfelel. A cipz\u00e1ras kivitel nagyon sokat elvesz a k\u00f6nyvtok k\u00e9t v\u00e9g\u00e9b\u0151l, \u00edgy k\u00e9rlek csak akkor rendeld, ha keskenyebb k\u00f6nyveket szokt\u00e1l olvasni, hogy biztosan belef\u00e9rjen a tokba. A gombos z\u00e1rn\u00e1l ez nem probl\u00e9ma. Aj\u00e1nd\u00e9knak is szeretettel aj\u00e1nlom, mert egyedi k\u00e9zm\u0171ves term\u00e9ket \u00f6r\u00f6m adni \u00e9s kapni.\n_____________________________\nM\u00c9RETE: \n25 cm x 19 cm\nals\u00f3 vastags\u00e1ga: 3 cm\nEgy nagyobb k\u00f6nyv laz\u00e1n belef\u00e9r (pl Maye Musk \u00e9letrajzi k\u00f6nyve) de mell\u00e9 tehetsz m\u00e9g egy kisebb, keskenyebb k\u00f6nyvet is, (pl Janikovszky \u00c9va k\u00f6nyve - ahogy a fot\u00f3n is l\u00e1that\u00f3)\nA K\u00c9PEN l\u00e1that\u00f3 k\u00f6nyvek nem k\u00e9pezik az ad\u00e1s-v\u00e9tel t\u00e1rgy\u00e1t, csak a k\u00f6nytokot tudod itt megrendelni.\n_____________________________\nITT tudod megn\u00e9zni a k\u00e9szleten l\u00e9v\u0151 vagy rendelhet\u0151 k\u00f6nyvtokjaimat: https:\/\/www.meska.hu\/shop\/Artiroka?s=66877&o=shop_order&p=1\n_____________________________\nTOV\u00c1BBI kieg\u00e9sz\u00edt\u0151imet ezeken a polcokon tal\u00e1lod: https:\/\/www.meska.hu\/shop\/Artiroka?o=shop_order&p=1\n_____________________________\nSZEM\u00c9LYES \u00c1TV\u00c9TEL: jelenleg Budapesten a II. ker\u00fcletben l\u00e9v\u0151, Budaligeti lak\u00e1somn\u00e1l van lehet\u0151s\u00e9g egy el\u0151re megbesz\u00e9lt id\u0151pontban.\n\nM\u0170HELY: Kis\u00e1llat \u00e9s doh\u00e1nymentes m\u0171helyben k\u00e9sz\u00fcl gondosan elk\u00e9sz\u00edtve, minden egyes darab.","score":0,"formatted_price":"5 000 Ft","image_url":"https:\/\/www.meska.hu\/img\/product\/small\/a\/r\/artirokadesign_product_39363_250319160326_016789.jpeg","formatted_url":"https:\/\/www.meska.hu\/p5522538-viragos-ret-mintas-vizallo-kosztaszito-konyvtok-artiroka-design","favourite":false,"in_stock":false,"avatar":"39363_avatar_1770298004.png","delete_from":0,"is_enhanced_background":false,"is_enhanced":false,"product_selection_started":false,"is_active":true,"image_webp_url":"https:\/\/www.meska.hu\/img\/product\/small\/a\/r\/artirokadesign_product_39363_250319160326_016789.webp"},{"id":"5851627","shop_id":"39809","user_id":"5519","shop_name":"mANDIbohandmade","shop_zip":"415500","product_code":"5582840","product_name_old":null,"product_name":"Magyaros n\u00e9pi vir\u00e1g mint\u00e1s teafilter tart\u00f3 doboz","category_string":"Otthon & \u00c9letm\u00f3d, Konyhafelszerel\u00e9s, t\u00e1lal\u00e1s, Konyhai t\u00e1rol\u00e1s, Tea & K\u00e1v\u00e9 t\u00e1rol\u00e1s","technic_string":"Festett t\u00e1rgyak, Grav\u00edroz\u00e1s, pirogr\u00e1fia","category_1":"813","category_2":"393","category_3":"1483","category_4":"981","merged_category_1":null,"merged_category_2":null,"merged_category_3":null,"technic_1":"481","technic_2":"796","technic_3":"0","color_1":"514","color_2":"523","color_3":"534","product_description_old":null,"product_description":"K\u00e9zi pirograv\u00edroz\u00e1ssal k\u00e9sz\u00fclt festett, lakkozott teafilter tart\u00f3 fadoboz, hat rekesszel.\n\nM\u00e9rete: ~21,5x16,5x8 cm\n\nAnyaga: fa\n","price":"7800.00","unit":"db","recommended":"0","status":"1","sponsored":"0","exp_notify":"0","own_material":"0","own_material_description_old":null,"own_material_description":"","jury":"0","jury_number":"","product_nature":"","meskaracsony":"0","create_date":"2026-02-08 22:38:13","shelve_id":"72162","image":"mandibohandmade_product_5519_250708072627_66270.png","image_width":"480","image_height":"354","image_alt":"Magyaros n\u00e9pi vir\u00e1g mint\u00e1s teafilter tart\u00f3 doboz, K\u00e9zi pirograv\u00edroz\u00e1ssal k\u00e9sz\u00fclt festett, lakkozott teafilter tart\u00f3 fadoboz, hat rekesszel.\\n\\nM\u00e9rete: ~..., Meska","image_title":"Magyaros n\u00e9pi vir\u00e1g mint\u00e1s teafilter tart\u00f3 doboz, Meska","view_count":"457","favourite_count":"22","trending_score":"0","last2MonthFavouriteCount":"22","promotion":"0","giftcard_accept":"0","creditcard_accept":true,"enhanced_background":"0","domain":"meska","specific_customer_id":null,"specific_customer_name":null,"to_order_product":"1","to_order_product_time":"10","product_different":null,"product_different_description":"","vintage":"0","vintage_category_id":"0","recycled":"0","gemstone_id":"0","customizable":"1","type_category":"physical","zerowaste":"0","postage_price":"2390.00","shop_order":"0","has_category":"1","landing_pages":null,"microdata":{"number":89,"category":""},"title":"Magyaros n\u00e9pi vir\u00e1g mint\u00e1s teafilter tart\u00f3 doboz","description":"K\u00e9zi pirograv\u00edroz\u00e1ssal k\u00e9sz\u00fclt festett, lakkozott teafilter tart\u00f3 fadoboz, hat rekesszel.\n\nM\u00e9rete: ~21,5x16,5x8 cm\n\nAnyaga: fa\n","score":0,"formatted_price":"7 800 Ft","image_url":"https:\/\/www.meska.hu\/img\/product\/small\/m\/a\/mandibohandmade_product_5519_250708072627_66270.png","formatted_url":"https:\/\/www.meska.hu\/p5582840-magyaros-nepi-virag-mintas-teafilter-tarto-doboz","favourite":false,"in_stock":false,"avatar":"5519_avatar_1704368199.jpeg","delete_from":0,"is_enhanced_background":false,"is_enhanced":false,"product_selection_started":false,"is_active":true,"image_webp_url":"https:\/\/www.meska.hu\/img\/product\/small\/m\/a\/mandibohandmade_product_5519_250708072627_66270.webp"},{"id":"6164862","shop_id":"19191","user_id":"176087","shop_name":"fenyves","shop_zip":"3383","product_code":"5763435","product_name_old":null,"product_name":"Horgolt ny\u00fal - 2. levehet\u0151 nadr\u00e1gban  -horgolt figura","category_string":"J\u00e1t\u00e9k & Sport, Pl\u00fcss\u00e1llat & J\u00e1t\u00e9kfigura, Nyuszi","technic_string":"Horgol\u00e1s","category_1":"305","category_2":"349","category_3":"1121","category_4":"0","merged_category_1":null,"merged_category_2":null,"merged_category_3":null,"technic_1":"488","technic_2":"0","technic_3":"0","color_1":"515","color_2":"521","color_3":"0","product_description_old":null,"product_description":"Kedves bar\u00e1t lehet ez a puha, \u00f6lelnival\u00f3 nyuszi fi\u00fa.\n\n100% pamutfonalb\u00f3l k\u00e9sz\u00fclt.\nA szeme k\u00e9zi h\u00edmz\u00e9s\u0171.\nA nadr\u00e1g levehet\u0151.\n27 cm magas a f\u00fclehegy\u00e9ig.","price":"6990.00","unit":"db","recommended":"0","status":"1","sponsored":"0","exp_notify":"0","own_material":"0","own_material_description_old":null,"own_material_description":"","jury":"0","jury_number":"","product_nature":"","meskaracsony":"0","create_date":"2026-03-23 11:03:54","shelve_id":"43174","image":"fenyves_product_176087_260323110235_712628.jpeg","image_width":"480","image_height":"740","image_alt":"Horgolt ny\u00fal - 2. levehet\u0151 nadr\u00e1gban  -horgolt figura, Kedves bar\u00e1t lehet ez a puha, \u00f6lelnival\u00f3 nyuszi fi\u00fa.\\n\\n100% pamutfonalb\u00f3l k\u00e9sz\u00fclt.\\nA szeme k\u00e9zi h\u00edmz\u00e9..., Meska","image_title":"Horgolt ny\u00fal - 2. levehet\u0151 nadr\u00e1gban  -horgolt figura, Meska","view_count":"129","favourite_count":"22","trending_score":"0","last2MonthFavouriteCount":"22","promotion":"0","giftcard_accept":"0","creditcard_accept":false,"enhanced_background":"0","domain":"meska","specific_customer_id":null,"specific_customer_name":null,"to_order_product":"0","to_order_product_time":"0","product_different":null,"product_different_description":"","vintage":"0","vintage_category_id":"0","recycled":"0","gemstone_id":"0","customizable":"0","type_category":"physical","zerowaste":"0","postage_price":"1435.00","shop_order":"0","has_category":"1","landing_pages":null,"microdata":{"number":90,"category":""},"title":"Horgolt ny\u00fal - 2. levehet\u0151 nadr\u00e1gban  -horgolt figura","description":"Kedves bar\u00e1t lehet ez a puha, \u00f6lelnival\u00f3 nyuszi fi\u00fa.\n\n100% pamutfonalb\u00f3l k\u00e9sz\u00fclt.\nA szeme k\u00e9zi h\u00edmz\u00e9s\u0171.\nA nadr\u00e1g levehet\u0151.\n27 cm magas a f\u00fclehegy\u00e9ig.","score":0,"formatted_price":"6 990 Ft","image_url":"https:\/\/www.meska.hu\/img\/product\/small\/f\/e\/fenyves_product_176087_260323110235_712628.jpeg","formatted_url":"https:\/\/www.meska.hu\/p5763435-horgolt-nyul-2-leveheto-nadragban-horgolt-figura","favourite":false,"in_stock":true,"avatar":"176087_avatar_1696842502.jpeg","delete_from":0,"is_enhanced_background":false,"is_enhanced":false,"product_selection_started":false,"is_active":true,"image_webp_url":"https:\/\/www.meska.hu\/img\/product\/small\/f\/e\/fenyves_product_176087_260323110235_712628.webp"},{"id":"3437485","shop_id":"23482","user_id":"259873","shop_name":"LuannaBaby","shop_zip":"8900","product_code":"4142229","product_name_old":null,"product_name":"Ny\u00e1ri fejkend\u0151 fi\u00faknak, kishaj\u00f3k","category_string":"Ruha & Divat, S\u00e1l, Sapka, Kend\u0151, Sapka","technic_string":"Varr\u00e1s","category_1":"806","category_2":"392","category_3":"675","category_4":"0","merged_category_1":null,"merged_category_2":null,"merged_category_3":null,"technic_1":"506","technic_2":"0","technic_3":"0","color_1":"519","color_2":"521","color_3":"532","product_description_old":null,"product_description":"Leg\u00fajabb ny\u00e1ri fejkend\u0151imhez kiv\u00e1l\u00f3 min\u0151s\u00e9g\u0171, puha, l\u00e1gy pamutpuplin anyagot szereztem be, mely v\u00e9kony, rendk\u00edv\u00fcl j\u00f3l szell\u0151zik \u00e9s alig ig\u00e9nyel vasal\u00e1st.\n\nA ny\u00e1ri fejkend\u0151 egy r\u00e9teg pamutpuplinb\u00f3l k\u00e9sz\u00fclt, siltje pedig h\u00e1romr\u00e9teg\u0171 \u00e9s el\u00e9g sz\u00e9les ahhoz, hogy \u00e1rny\u00e9kot vessen a kicsi arc\u00e1ra. H\u00e1tul a meghosszabb\u00edtott kend\u0151 r\u00e9sz biztos\u00edtja a nyak \u00e9s a h\u00e1t fels\u0151 r\u00e9sz\u00e9nek a v\u00e9delm\u00e9t.\n\nNy\u00e1ron a gyermekek fejb\u0151re, arca, nyaka, f\u00fclcimp\u00e1ja k\u00fcl\u00f6nleges v\u00e9delmet ig\u00e9nyel, ez\u00e9rt a kicsi viseljen kalapot vagy kend\u0151t.  A kend\u0151 nem csak a nap\u00e9g\u00e9st\u0151l v\u00e9d, de megakad\u00e1lyozza, hogy gyermek\u00fcnk napsz\u00far\u00e1st kapjon.\n\nA leggondosabban megv\u00e1lasztott fejfed\u0151 visel\u00e9se mellett sem szabad azonban megfeledkezni, a megfelel\u0151 f\u00e9nyv\u00e9d\u0151 kr\u00e9m haszn\u00e1lat\u00e1r\u00f3l.\n\nA fejkend\u0151 egy m\u00e9retben k\u00e9sz\u00fcl, \n46-54 cm-es fejker\u00fcletre.\n\nanyaga: pamutpuplin (100% pamut)\n\nAz \u00d6ko-tex Standard 100 min\u0151s\u00edt\u00e9s garant\u00e1lja, hogy a term\u00e9kben nem tal\u00e1lhat\u00f3 semmilyen \u00e1rtalmas, k\u00e1ros vegyi anyag.\n\nPR\u00c9MIUM MIN\u0150S\u00c9G\u0170 TERM\u00c9K\n\nEGYEDI K\u00c9SZ\u00cdT\u00c9S\u0170 MAGYAR TERM\u00c9K, doh\u00e1nyf\u00fcst mentes m\u0171helyb\u0151l.\n\nLegyen csod\u00e1s a napod!\nMarianna","price":"4800.00","unit":"db","recommended":"0","status":"1","sponsored":"0","exp_notify":"0","own_material":"0","own_material_description_old":null,"own_material_description":"","jury":"0","jury_number":"","product_nature":"","meskaracsony":"0","create_date":"2026-01-17 23:01:34","shelve_id":"56285","image":"luannababy_product_259873_210508081500_36765.jpeg","image_width":"480","image_height":"480","image_alt":"Ny\u00e1ri fejkend\u0151 fi\u00faknak, kishaj\u00f3k, Leg\u00fajabb ny\u00e1ri fejkend\u0151imhez kiv\u00e1l\u00f3 min\u0151s\u00e9g\u0171, puha, l\u00e1gy pamutpuplin anyagot szereztem be, mely v\u00e9ko..., Meska","image_title":"Ny\u00e1ri fejkend\u0151 fi\u00faknak, kishaj\u00f3k, Meska","view_count":"1645","favourite_count":"22","trending_score":"0","last2MonthFavouriteCount":"22","promotion":"0","giftcard_accept":"1","creditcard_accept":true,"enhanced_background":"0","domain":"meska","specific_customer_id":null,"specific_customer_name":null,"to_order_product":"0","to_order_product_time":"0","product_different":null,"product_different_description":"","vintage":"0","vintage_category_id":"0","recycled":"0","gemstone_id":"0","customizable":"0","type_category":"physical","zerowaste":"0","postage_price":"1290.00","shop_order":"0","has_category":"1","landing_pages":null,"microdata":{"number":91,"category":""},"title":"Ny\u00e1ri fejkend\u0151 fi\u00faknak, kishaj\u00f3k","description":"Leg\u00fajabb ny\u00e1ri fejkend\u0151imhez kiv\u00e1l\u00f3 min\u0151s\u00e9g\u0171, puha, l\u00e1gy pamutpuplin anyagot szereztem be, mely v\u00e9kony, rendk\u00edv\u00fcl j\u00f3l szell\u0151zik \u00e9s alig ig\u00e9nyel vasal\u00e1st.\n\nA ny\u00e1ri fejkend\u0151 egy r\u00e9teg pamutpuplinb\u00f3l k\u00e9sz\u00fclt, siltje pedig h\u00e1romr\u00e9teg\u0171 \u00e9s el\u00e9g sz\u00e9les ahhoz, hogy \u00e1rny\u00e9kot vessen a kicsi arc\u00e1ra. H\u00e1tul a meghosszabb\u00edtott kend\u0151 r\u00e9sz biztos\u00edtja a nyak \u00e9s a h\u00e1t fels\u0151 r\u00e9sz\u00e9nek a v\u00e9delm\u00e9t.\n\nNy\u00e1ron a gyermekek fejb\u0151re, arca, nyaka, f\u00fclcimp\u00e1ja k\u00fcl\u00f6nleges v\u00e9delmet ig\u00e9nyel, ez\u00e9rt a kicsi viseljen kalapot vagy kend\u0151t.  A kend\u0151 nem csak a nap\u00e9g\u00e9st\u0151l v\u00e9d, de megakad\u00e1lyozza, hogy gyermek\u00fcnk napsz\u00far\u00e1st kapjon.\n\nA leggondosabban megv\u00e1lasztott fejfed\u0151 visel\u00e9se mellett sem szabad azonban megfeledkezni, a megfelel\u0151 f\u00e9nyv\u00e9d\u0151 kr\u00e9m haszn\u00e1lat\u00e1r\u00f3l.\n\nA fejkend\u0151 egy m\u00e9retben k\u00e9sz\u00fcl, \n46-54 cm-es fejker\u00fcletre.\n\nanyaga: pamutpuplin (100% pamut)\n\nAz \u00d6ko-tex Standard 100 min\u0151s\u00edt\u00e9s garant\u00e1lja, hogy a term\u00e9kben nem tal\u00e1lhat\u00f3 semmilyen \u00e1rtalmas, k\u00e1ros vegyi anyag.\n\nPR\u00c9MIUM MIN\u0150S\u00c9G\u0170 TERM\u00c9K\n\nEGYEDI K\u00c9SZ\u00cdT\u00c9S\u0170 MAGYAR TERM\u00c9K, doh\u00e1nyf\u00fcst mentes m\u0171helyb\u0151l.\n\nLegyen csod\u00e1s a napod!\nMarianna","score":0,"formatted_price":"4 800 Ft","image_url":"https:\/\/www.meska.hu\/img\/product\/small\/l\/u\/luannababy_product_259873_210508081500_36765.jpeg","formatted_url":"https:\/\/www.meska.hu\/p4142229-nyari-fejkendo-fiuknak-kishajok","favourite":false,"in_stock":true,"avatar":"259873_avatar_1762339590.jpeg","delete_from":0,"is_enhanced_background":false,"is_enhanced":false,"product_selection_started":false,"is_active":true,"image_webp_url":"https:\/\/www.meska.hu\/img\/product\/small\/l\/u\/luannababy_product_259873_210508081500_36765.webp"},{"id":"3378940","shop_id":"23482","user_id":"259873","shop_name":"LuannaBaby","shop_zip":"8900","product_code":"4142230","product_name_old":null,"product_name":"Ny\u00e1ri fejkend\u0151, horgony","category_string":"Ruha & Divat, S\u00e1l, Sapka, Kend\u0151, Sapka","technic_string":"Varr\u00e1s","category_1":"806","category_2":"392","category_3":"675","category_4":"0","merged_category_1":null,"merged_category_2":null,"merged_category_3":null,"technic_1":"506","technic_2":"0","technic_3":"0","color_1":"519","color_2":"521","color_3":"532","product_description_old":null,"product_description":"Ny\u00e1ri fejkend\u0151, horgony\n\nLeg\u00fajabb ny\u00e1ri fejkend\u0151imhez kiv\u00e1l\u00f3 min\u0151s\u00e9g\u0171, puha, l\u00e1gy pamutv\u00e1szon anyagot szereztem be, mely v\u00e9kony, rendk\u00edv\u00fcl j\u00f3l szell\u0151zik \u00e9s alig ig\u00e9nyel vasal\u00e1st.\n\nA ny\u00e1ri fejkend\u0151 egy r\u00e9teg pamutv\u00e1szonb\u00f3l k\u00e9sz\u00fclt, siltje pedig h\u00e1romr\u00e9teg\u0171 \u00e9s el\u00e9g sz\u00e9les ahhoz, hogy \u00e1rny\u00e9kot vessen a kicsi arc\u00e1ra. H\u00e1tul a meghosszabb\u00edtott kend\u0151 r\u00e9sz biztos\u00edtja a nyak \u00e9s a h\u00e1t fels\u0151 r\u00e9sz\u00e9nek a v\u00e9delm\u00e9t.\n\nNy\u00e1ron a gyermekek fejb\u0151re, arca, nyaka, f\u00fclcimp\u00e1ja k\u00fcl\u00f6nleges v\u00e9delmet ig\u00e9nyel, ez\u00e9rt a kicsi viseljen kalapot vagy kend\u0151t.  A kend\u0151 nem csak a nap\u00e9g\u00e9st\u0151l v\u00e9d, de megakad\u00e1lyozza, hogy gyermek\u00fcnk napsz\u00far\u00e1st kapjon.\n\nA leggondosabban megv\u00e1lasztott fejfed\u0151 visel\u00e9se mellett sem szabad azonban megfeledkezni, a megfelel\u0151 f\u00e9nyv\u00e9d\u0151 kr\u00e9m haszn\u00e1lat\u00e1r\u00f3l.\n\nA sapka egy m\u00e9retben k\u00e9sz\u00fcl, 46-54 cm-es fejker\u00fcletre.\n\nanyaga: pamutpuplin (100% pamut)\n\nAz \u00d6ko-tex Standard 100 min\u0151s\u00edt\u00e9s garant\u00e1lja, hogy a term\u00e9kben nem tal\u00e1lhat\u00f3 semmilyen \u00e1rtalmas, k\u00e1ros vegyi anyag.\n\nPR\u00c9MIUM MIN\u0150S\u00c9G\u0170 TERM\u00c9K\n\nEGYEDI K\u00c9SZ\u00cdT\u00c9S\u0170 MAGYAR TERM\u00c9K, doh\u00e1nyf\u00fcst mentes m\u0171helyb\u0151l.\n\nLegyen csod\u00e1s a napod!\nMarianna","price":"4800.00","unit":"db","recommended":"0","status":"1","sponsored":"0","exp_notify":"0","own_material":"0","own_material_description_old":null,"own_material_description":"","jury":"0","jury_number":"","product_nature":"","meskaracsony":"0","create_date":"2026-04-13 21:34:19","shelve_id":"56285","image":"luannababy_product_259873_210508081738_895955.jpeg","image_width":"480","image_height":"479","image_alt":"Ny\u00e1ri fejkend\u0151, horgony, Ny\u00e1ri fejkend\u0151, horgony\\n\\nLeg\u00fajabb ny\u00e1ri fejkend\u0151imhez kiv\u00e1l\u00f3 min\u0151s\u00e9g\u0171, puha, l\u00e1gy pamutv\u00e1szon anyago..., Meska","image_title":"Ny\u00e1ri fejkend\u0151, horgony, Meska","view_count":"1355","favourite_count":"22","trending_score":"0","last2MonthFavouriteCount":"22","promotion":"0","giftcard_accept":"1","creditcard_accept":true,"enhanced_background":"0","domain":"meska","specific_customer_id":null,"specific_customer_name":null,"to_order_product":"0","to_order_product_time":"0","product_different":null,"product_different_description":"","vintage":"0","vintage_category_id":"0","recycled":"0","gemstone_id":"0","customizable":"0","type_category":"physical","zerowaste":"0","postage_price":"1290.00","shop_order":"0","has_category":"1","landing_pages":null,"microdata":{"number":92,"category":""},"title":"Ny\u00e1ri fejkend\u0151, horgony","description":"Ny\u00e1ri fejkend\u0151, horgony\n\nLeg\u00fajabb ny\u00e1ri fejkend\u0151imhez kiv\u00e1l\u00f3 min\u0151s\u00e9g\u0171, puha, l\u00e1gy pamutv\u00e1szon anyagot szereztem be, mely v\u00e9kony, rendk\u00edv\u00fcl j\u00f3l szell\u0151zik \u00e9s alig ig\u00e9nyel vasal\u00e1st.\n\nA ny\u00e1ri fejkend\u0151 egy r\u00e9teg pamutv\u00e1szonb\u00f3l k\u00e9sz\u00fclt, siltje pedig h\u00e1romr\u00e9teg\u0171 \u00e9s el\u00e9g sz\u00e9les ahhoz, hogy \u00e1rny\u00e9kot vessen a kicsi arc\u00e1ra. H\u00e1tul a meghosszabb\u00edtott kend\u0151 r\u00e9sz biztos\u00edtja a nyak \u00e9s a h\u00e1t fels\u0151 r\u00e9sz\u00e9nek a v\u00e9delm\u00e9t.\n\nNy\u00e1ron a gyermekek fejb\u0151re, arca, nyaka, f\u00fclcimp\u00e1ja k\u00fcl\u00f6nleges v\u00e9delmet ig\u00e9nyel, ez\u00e9rt a kicsi viseljen kalapot vagy kend\u0151t.  A kend\u0151 nem csak a nap\u00e9g\u00e9st\u0151l v\u00e9d, de megakad\u00e1lyozza, hogy gyermek\u00fcnk napsz\u00far\u00e1st kapjon.\n\nA leggondosabban megv\u00e1lasztott fejfed\u0151 visel\u00e9se mellett sem szabad azonban megfeledkezni, a megfelel\u0151 f\u00e9nyv\u00e9d\u0151 kr\u00e9m haszn\u00e1lat\u00e1r\u00f3l.\n\nA sapka egy m\u00e9retben k\u00e9sz\u00fcl, 46-54 cm-es fejker\u00fcletre.\n\nanyaga: pamutpuplin (100% pamut)\n\nAz \u00d6ko-tex Standard 100 min\u0151s\u00edt\u00e9s garant\u00e1lja, hogy a term\u00e9kben nem tal\u00e1lhat\u00f3 semmilyen \u00e1rtalmas, k\u00e1ros vegyi anyag.\n\nPR\u00c9MIUM MIN\u0150S\u00c9G\u0170 TERM\u00c9K\n\nEGYEDI K\u00c9SZ\u00cdT\u00c9S\u0170 MAGYAR TERM\u00c9K, doh\u00e1nyf\u00fcst mentes m\u0171helyb\u0151l.\n\nLegyen csod\u00e1s a napod!\nMarianna","score":0,"formatted_price":"4 800 Ft","image_url":"https:\/\/www.meska.hu\/img\/product\/small\/l\/u\/luannababy_product_259873_210508081738_895955.jpeg","formatted_url":"https:\/\/www.meska.hu\/p4142230-nyari-fejkendo-horgony","favourite":false,"in_stock":true,"avatar":"259873_avatar_1762339590.jpeg","delete_from":0,"is_enhanced_background":false,"is_enhanced":false,"product_selection_started":false,"is_active":true,"image_webp_url":"https:\/\/www.meska.hu\/img\/product\/small\/l\/u\/luannababy_product_259873_210508081738_895955.webp"},{"id":"5894833","shop_id":"23482","user_id":"259873","shop_name":"LuannaBaby","shop_zip":"8900","product_code":"5608355","product_name_old":null,"product_name":"V\u00e1rand\u00f3s kisk\u00f6nyv bor\u00edt\u00f3, halv\u00e1ny r\u00f3zsasz\u00edn h\u00edmz\u00e9ssel, LuannaBaby","category_string":"Otthon & \u00c9letm\u00f3d, Pap\u00edr, \u00edr\u00f3szer, K\u00f6nyv- \u00e9s f\u00fczetbor\u00edt\u00f3","technic_string":"Varr\u00e1s","category_1":"813","category_2":"351","category_3":"999","category_4":"0","merged_category_1":null,"merged_category_2":null,"merged_category_3":null,"technic_1":"506","technic_2":"0","technic_3":"0","color_1":"1474","color_2":"525","color_3":"0","product_description_old":null,"product_description":"M\u00e1r n\u00e9vh\u00edmz\u00e9ssel is k\u00e9rheted.\n\nA v\u00e1rand\u00f3s kisk\u00f6nyv bor\u00edt\u00f3 pr\u00e9mium min\u0151s\u00e9g\u0171,  pasztell m\u00e1lyva sz\u00edn\u0171 pamutv\u00e1szonb\u00f3l k\u00e9sz\u00fclt. \n\nNem csak sz\u00e9p \u00e9s k\u00fcl\u00f6nleges a mint\u00e1zata, de meg\u00f3vja a leend\u0151 \u00e9desanya v\u00e1rand\u00f3s kisk\u00f6nyv\u00e9t a gy\u0171r\u0151d\u00e9st\u0151l \u00e9s az elkoszol\u00f3d\u00e1st\u00f3l.\n\nA kisk\u00f6nyv bor\u00edt\u00f3 teljesen b\u00e9lelt \u00e9s minden alkatr\u00e9sze ragaszt\u00f3s bet\u00e9ttel van meger\u0151s\u00edtve.\n\nA v\u00e1rand\u00f3sgondoz\u00e1si kisk\u00f6nyv bor\u00edt\u00f3 A5-\u00f6s m\u00e9ret\u0171, 15 \u00d7 21 cm-es kisk\u00f6nyvre k\u00e9sz\u00fcl. \nM\u00e9rete: 16,0 \u00d7 22,5 cm\n\nHa ett\u0151l elt\u00e9r\u0151 m\u00e9retben szeretn\u00e9d,  k\u00e9rlek megjegyz\u00e9sben jelezd nekem.\n\n\nPR\u00c9MIUM MIN\u0150S\u00c9G\u0170 TERM\u00c9K\n\nAz \u00d6ko-tex min\u0151s\u00edt\u00e9s garant\u00e1lja, hogy a term\u00e9kben nem tal\u00e1lhat\u00f3 semmilyen \u00e1rtalmas, k\u00e1ros vegyi anyag.\n \n\nKezel\u00e9si \u00fatmutat\u00f3:\n30 fokon moshat\u00f3, \nsz\u00e1r\u00edt\u00f3g\u00e9pben nem aj\u00e1nlott sz\u00e1r\u00edtani,\nk\u00f6zepes h\u0151fokon mindk\u00e9t oldala vasalhat\u00f3, \nnem feh\u00e9r\u00edthet\u0151\n\n\nA bor\u00edt\u00f3 anyaga k\u00edv\u00fcl \u00e9s bel\u00fcl is pr\u00e9mium min\u0151s\u00e9g\u0171 pamutv\u00e1szon (100% pamut).\n\n\n\nEGYEDI K\u00c9SZ\u00cdT\u00c9S\u0170 MAGYAR TERM\u00c9K, doh\u00e1nyf\u00fcst mentes m\u0171helyb\u0151l.\n\n\n\nK\u00f6sz\u00f6n\u00f6m, hogy k\u00f6r\u00fcln\u00e9zt\u00e9l n\u00e1lam.\nLegyen csod\u00e1s a napod!\nMarianna\n","price":"6990.00","unit":"db","recommended":"0","status":"1","sponsored":"0","exp_notify":"0","own_material":"0","own_material_description_old":null,"own_material_description":"","jury":"0","jury_number":"","product_nature":"","meskaracsony":"0","create_date":"2026-04-14 15:21:40","shelve_id":"71813","image":"luannababy_product_259873_241208124639_585646.jpeg","image_width":"480","image_height":"480","image_alt":"V\u00e1rand\u00f3s kisk\u00f6nyv bor\u00edt\u00f3, halv\u00e1ny r\u00f3zsasz\u00edn h\u00edmz\u00e9ssel, LuannaBaby, M\u00e1r n\u00e9vh\u00edmz\u00e9ssel is k\u00e9rheted.\\n\\nA v\u00e1rand\u00f3s kisk\u00f6nyv bor\u00edt\u00f3 pr\u00e9mium min\u0151s\u00e9g\u0171,  pasztell m\u00e1lyva sz\u00edn\u0171 p..., Meska","image_title":"V\u00e1rand\u00f3s kisk\u00f6nyv bor\u00edt\u00f3, halv\u00e1ny r\u00f3zsasz\u00edn h\u00edmz\u00e9ssel, LuannaBaby, Meska","view_count":"967","favourite_count":"22","trending_score":"0","last2MonthFavouriteCount":"22","promotion":"0","giftcard_accept":"1","creditcard_accept":true,"enhanced_background":"0","domain":"meska","specific_customer_id":null,"specific_customer_name":null,"to_order_product":"1","to_order_product_time":"22","product_different":null,"product_different_description":"","vintage":"0","vintage_category_id":"0","recycled":"0","gemstone_id":"0","customizable":"1","type_category":"physical","zerowaste":"0","postage_price":"1290.00","shop_order":"0","has_category":"1","landing_pages":null,"microdata":{"number":93,"category":""},"title":"V\u00e1rand\u00f3s kisk\u00f6nyv bor\u00edt\u00f3, halv\u00e1ny r\u00f3zsasz\u00edn h\u00edmz\u00e9ssel, LuannaBaby","description":"M\u00e1r n\u00e9vh\u00edmz\u00e9ssel is k\u00e9rheted.\n\nA v\u00e1rand\u00f3s kisk\u00f6nyv bor\u00edt\u00f3 pr\u00e9mium min\u0151s\u00e9g\u0171,  pasztell m\u00e1lyva sz\u00edn\u0171 pamutv\u00e1szonb\u00f3l k\u00e9sz\u00fclt. \n\nNem csak sz\u00e9p \u00e9s k\u00fcl\u00f6nleges a mint\u00e1zata, de meg\u00f3vja a leend\u0151 \u00e9desanya v\u00e1rand\u00f3s kisk\u00f6nyv\u00e9t a gy\u0171r\u0151d\u00e9st\u0151l \u00e9s az elkoszol\u00f3d\u00e1st\u00f3l.\n\nA kisk\u00f6nyv bor\u00edt\u00f3 teljesen b\u00e9lelt \u00e9s minden alkatr\u00e9sze ragaszt\u00f3s bet\u00e9ttel van meger\u0151s\u00edtve.\n\nA v\u00e1rand\u00f3sgondoz\u00e1si kisk\u00f6nyv bor\u00edt\u00f3 A5-\u00f6s m\u00e9ret\u0171, 15 \u00d7 21 cm-es kisk\u00f6nyvre k\u00e9sz\u00fcl. \nM\u00e9rete: 16,0 \u00d7 22,5 cm\n\nHa ett\u0151l elt\u00e9r\u0151 m\u00e9retben szeretn\u00e9d,  k\u00e9rlek megjegyz\u00e9sben jelezd nekem.\n\n\nPR\u00c9MIUM MIN\u0150S\u00c9G\u0170 TERM\u00c9K\n\nAz \u00d6ko-tex min\u0151s\u00edt\u00e9s garant\u00e1lja, hogy a term\u00e9kben nem tal\u00e1lhat\u00f3 semmilyen \u00e1rtalmas, k\u00e1ros vegyi anyag.\n \n\nKezel\u00e9si \u00fatmutat\u00f3:\n30 fokon moshat\u00f3, \nsz\u00e1r\u00edt\u00f3g\u00e9pben nem aj\u00e1nlott sz\u00e1r\u00edtani,\nk\u00f6zepes h\u0151fokon mindk\u00e9t oldala vasalhat\u00f3, \nnem feh\u00e9r\u00edthet\u0151\n\n\nA bor\u00edt\u00f3 anyaga k\u00edv\u00fcl \u00e9s bel\u00fcl is pr\u00e9mium min\u0151s\u00e9g\u0171 pamutv\u00e1szon (100% pamut).\n\n\n\nEGYEDI K\u00c9SZ\u00cdT\u00c9S\u0170 MAGYAR TERM\u00c9K, doh\u00e1nyf\u00fcst mentes m\u0171helyb\u0151l.\n\n\n\nK\u00f6sz\u00f6n\u00f6m, hogy k\u00f6r\u00fcln\u00e9zt\u00e9l n\u00e1lam.\nLegyen csod\u00e1s a napod!\nMarianna\n","score":0,"formatted_price":"6 990 Ft","image_url":"https:\/\/www.meska.hu\/img\/product\/small\/l\/u\/luannababy_product_259873_241208124639_585646.jpeg","formatted_url":"https:\/\/www.meska.hu\/p5608355-varandos-kiskonyv-borito-halvany-rozsaszin-himzessel-luannababy","favourite":false,"in_stock":false,"avatar":"259873_avatar_1762339590.jpeg","delete_from":0,"is_enhanced_background":false,"is_enhanced":false,"product_selection_started":false,"is_active":true,"image_webp_url":"https:\/\/www.meska.hu\/img\/product\/small\/l\/u\/luannababy_product_259873_241208124639_585646.webp"},{"id":"5822060","shop_id":"23482","user_id":"259873","shop_name":"LuannaBaby","shop_zip":"8900","product_code":"5568413","product_name_old":null,"product_name":"Ovis tisztas\u00e1gi zs\u00e1k, \u00daJ barack vir\u00e1gok, LuannaBaby","category_string":"J\u00e1t\u00e9k & Sport, Ovis felszerel\u00e9s, Tisztas\u00e1gi csomag","technic_string":"Varr\u00e1s","category_1":"305","category_2":"909","category_3":"1667","category_4":"0","merged_category_1":null,"merged_category_2":null,"merged_category_3":null,"technic_1":"506","technic_2":"0","technic_3":"0","color_1":"1474","color_2":"532","color_3":"525","product_description_old":null,"product_description":"Ebben a cuki kis tisztas\u00e1gi zs\u00e1kban tuti elf\u00e9r az \u00f6sszes felszerel\u00e9s, ami az \u00f3vodai vagy b\u00f6lcs\u0151dei tiszt\u00e1lkod\u00e1shoz n\u00e9lk\u00fcl\u00f6zhetetlen, fogkefe, fogkr\u00e9m, t\u00f6r\u00f6lk\u00f6z\u0151. \n\n\nA tisztas\u00e1gi zs\u00e1k k\u00e9sz\u00edt\u00e9se sor\u00e1n pr\u00e9mium min\u0151s\u00e9g\u0171, saj\u00e1t grafik\u00e1s, barack vir\u00e1gok mint\u00e1s \u00e9s pasztell m\u00e1lyva sz\u00edn\u0171 pamutv\u00e1szon anyagot haszn\u00e1ltam.\n\nAz ovis zs\u00e1k k\u00e9tr\u00e9teg\u0171, feh\u00e9r pamutv\u00e1szonnal b\u00e9lelt.\n\nK\u00e9rheted n\u00e9vh\u00edmz\u00e9ssel \u00e9s\nv\u00edzhatlan PUL b\u00e9l\u00e9ssel is. \n\n\nAz ovis tisztas\u00e1gi zs\u00e1k m\u00e9rete: \n25\u00d730 cm+a f\u00fclek\n\n\nPR\u00c9MIUM MIN\u0150S\u00c9G\u0170 TERM\u00c9K\n\nAz \u00d6ko-tex min\u0151s\u00edt\u00e9s garant\u00e1lja, hogy a term\u00e9kben nem tal\u00e1lhat\u00f3 semmilyen \u00e1rtalmas, k\u00e1ros vegyi anyag.\n \n\nKezel\u00e9si \u00fatmutat\u00f3:\n30 fokon moshat\u00f3, \nsz\u00e1r\u00edt\u00f3g\u00e9pben nem aj\u00e1nlott sz\u00e1r\u00edtani,\nk\u00f6zepes h\u0151fokon a mindk\u00e9t oldalon vasalhat\u00f3, \nnem feh\u00e9r\u00edthet\u0151\n\n\nanyaga k\u00edv\u00fcl-bel\u00fcl:  pr\u00e9mium min\u0151s\u00e9g\u0171 pamutv\u00e1szon (100% pamut) \n\n\nEGYEDI K\u00c9SZ\u00cdT\u00c9S\u0170 MAGYAR TERM\u00c9K, doh\u00e1nyf\u00fcst mentes m\u0171helyb\u0151l.\n\n\nK\u00f6sz\u00f6n\u00f6m, hogy k\u00f6r\u00fcln\u00e9zt\u00e9l n\u00e1lam.\nLegyen csod\u00e1s a napod!\nMarianna\n","price":"5990.00","unit":"db","recommended":"0","status":"1","sponsored":"0","exp_notify":"0","own_material":"0","own_material_description_old":null,"own_material_description":"","jury":"0","jury_number":"","product_nature":"","meskaracsony":"0","create_date":"2026-04-20 21:55:08","shelve_id":"80258","image":"luannababy_product_259873_250605114232_295585.jpeg","image_width":"480","image_height":"480","image_alt":"Ovis tisztas\u00e1gi zs\u00e1k, \u00daJ barack vir\u00e1gok, LuannaBaby, Ebben a cuki kis tisztas\u00e1gi zs\u00e1kban tuti elf\u00e9r az \u00f6sszes felszerel\u00e9s, ami az \u00f3vodai vagy b\u00f6lcs\u0151dei t..., Meska","image_title":"Ovis tisztas\u00e1gi zs\u00e1k, \u00daJ barack vir\u00e1gok, LuannaBaby, Meska","view_count":"1146","favourite_count":"22","trending_score":"0","last2MonthFavouriteCount":"22","promotion":"0","giftcard_accept":"1","creditcard_accept":true,"enhanced_background":"0","domain":"meska","specific_customer_id":null,"specific_customer_name":null,"to_order_product":"1","to_order_product_time":"22","product_different":null,"product_different_description":"","vintage":"0","vintage_category_id":"0","recycled":"0","gemstone_id":"0","customizable":"1","type_category":"physical","zerowaste":"0","postage_price":"1290.00","shop_order":"0","has_category":"1","landing_pages":null,"microdata":{"number":94,"category":""},"title":"Ovis tisztas\u00e1gi zs\u00e1k, \u00daJ barack vir\u00e1gok, LuannaBaby","description":"Ebben a cuki kis tisztas\u00e1gi zs\u00e1kban tuti elf\u00e9r az \u00f6sszes felszerel\u00e9s, ami az \u00f3vodai vagy b\u00f6lcs\u0151dei tiszt\u00e1lkod\u00e1shoz n\u00e9lk\u00fcl\u00f6zhetetlen, fogkefe, fogkr\u00e9m, t\u00f6r\u00f6lk\u00f6z\u0151. \n\n\nA tisztas\u00e1gi zs\u00e1k k\u00e9sz\u00edt\u00e9se sor\u00e1n pr\u00e9mium min\u0151s\u00e9g\u0171, saj\u00e1t grafik\u00e1s, barack vir\u00e1gok mint\u00e1s \u00e9s pasztell m\u00e1lyva sz\u00edn\u0171 pamutv\u00e1szon anyagot haszn\u00e1ltam.\n\nAz ovis zs\u00e1k k\u00e9tr\u00e9teg\u0171, feh\u00e9r pamutv\u00e1szonnal b\u00e9lelt.\n\nK\u00e9rheted n\u00e9vh\u00edmz\u00e9ssel \u00e9s\nv\u00edzhatlan PUL b\u00e9l\u00e9ssel is. \n\n\nAz ovis tisztas\u00e1gi zs\u00e1k m\u00e9rete: \n25\u00d730 cm+a f\u00fclek\n\n\nPR\u00c9MIUM MIN\u0150S\u00c9G\u0170 TERM\u00c9K\n\nAz \u00d6ko-tex min\u0151s\u00edt\u00e9s garant\u00e1lja, hogy a term\u00e9kben nem tal\u00e1lhat\u00f3 semmilyen \u00e1rtalmas, k\u00e1ros vegyi anyag.\n \n\nKezel\u00e9si \u00fatmutat\u00f3:\n30 fokon moshat\u00f3, \nsz\u00e1r\u00edt\u00f3g\u00e9pben nem aj\u00e1nlott sz\u00e1r\u00edtani,\nk\u00f6zepes h\u0151fokon a mindk\u00e9t oldalon vasalhat\u00f3, \nnem feh\u00e9r\u00edthet\u0151\n\n\nanyaga k\u00edv\u00fcl-bel\u00fcl:  pr\u00e9mium min\u0151s\u00e9g\u0171 pamutv\u00e1szon (100% pamut) \n\n\nEGYEDI K\u00c9SZ\u00cdT\u00c9S\u0170 MAGYAR TERM\u00c9K, doh\u00e1nyf\u00fcst mentes m\u0171helyb\u0151l.\n\n\nK\u00f6sz\u00f6n\u00f6m, hogy k\u00f6r\u00fcln\u00e9zt\u00e9l n\u00e1lam.\nLegyen csod\u00e1s a napod!\nMarianna\n","score":0,"formatted_price":"5 990 Ft","image_url":"https:\/\/www.meska.hu\/img\/product\/small\/l\/u\/luannababy_product_259873_250605114232_295585.jpeg","formatted_url":"https:\/\/www.meska.hu\/p5568413-ovis-tisztasagi-zsak-csiga-mintas-luannababy","favourite":false,"in_stock":false,"avatar":"259873_avatar_1762339590.jpeg","delete_from":0,"is_enhanced_background":false,"is_enhanced":false,"product_selection_started":false,"is_active":true,"image_webp_url":"https:\/\/www.meska.hu\/img\/product\/small\/l\/u\/luannababy_product_259873_250605114232_295585.webp"},{"id":"6189231","shop_id":"40880","user_id":"347234","shop_name":"CsodaorszagMandala","shop_zip":"6750","product_code":"5775270","product_name_old":null,"product_name":"Kis tacsis \u00f6r\u00f6knapt\u00e1r","category_string":"Otthon & \u00c9letm\u00f3d, Dekor\u00e1ci\u00f3, Fali \u00e9s f\u00fcgg\u0151 dekor\u00e1ci\u00f3, Falinapt\u00e1r & \u00d6r\u00f6knapt\u00e1r","technic_string":"Festett t\u00e1rgyak","category_1":"813","category_2":"314","category_3":"1470","category_4":"774","merged_category_1":null,"merged_category_2":null,"merged_category_3":null,"technic_1":"481","technic_2":"0","technic_3":"0","color_1":"512","color_2":"521","color_3":"0","product_description_old":null,"product_description":"K\u00e9zzel festett fa \u00f6r\u00f6knapt\u00e1r, amelyen be\u00e1ll\u00edthat\u00f3 a h\u00f3nap, nap, illetve hogy a h\u00e9tnek mely napja van. A fa alapanyag hazai k\u00e9sz\u00edt\u0151t\u0151l sz\u00e1rmazik.\nCsiszol\u00e1s, majd a nat\u00far fa alap t\u00f6bb r\u00e9tegben t\u00f6rt\u00e9n\u0151 alapfest\u00e9se ut\u00e1n kiv\u00e1l\u00f3 min\u0151s\u00e9g\u0171, met\u00e1lf\u00e9ny\u0171 akrilfest\u00e9kkel festettem mandalamint\u00e1t az \u00f6r\u00f6knapt\u00e1rra, majd k\u00e9t r\u00e9tegben lakkoztam. \u00d6r\u00f6k darab, kiv\u00e1l\u00f3 aj\u00e1nd\u00e9k ballag\u00e1sra, n\u00e1szaj\u00e1nd\u00e9knak, sz\u00fclinapra \u00e9s b\u00e1rmilyen k\u00fcl\u00f6nleges alkalomra!\n\nM\u00e9rete: 15 cm \u00e1tm\u00e9r\u0151j\u0171\n","price":"12000.00","unit":"db","recommended":"0","status":"1","sponsored":"0","exp_notify":"0","own_material":"0","own_material_description_old":null,"own_material_description":"","jury":"0","jury_number":"","product_nature":"","meskaracsony":"0","create_date":"2026-04-19 18:14:55","shelve_id":"77657","image":"csodaorszagmandala_product_347234_260419200227_270249.png","image_width":"480","image_height":"494","image_alt":"Kis tacsis \u00f6r\u00f6knapt\u00e1r, K\u00e9zzel festett fa \u00f6r\u00f6knapt\u00e1r, amelyen be\u00e1ll\u00edthat\u00f3 a h\u00f3nap, nap, illetve hogy a h\u00e9tnek mely napja van..., Meska","image_title":"Kis tacsis \u00f6r\u00f6knapt\u00e1r, Meska","view_count":"83","favourite_count":"22","trending_score":"0","last2MonthFavouriteCount":"22","promotion":"0","giftcard_accept":"0","creditcard_accept":true,"enhanced_background":"0","domain":"meska","specific_customer_id":null,"specific_customer_name":null,"to_order_product":"0","to_order_product_time":"0","product_different":null,"product_different_description":"","vintage":"0","vintage_category_id":"0","recycled":"0","gemstone_id":"0","customizable":"0","type_category":"physical","zerowaste":"0","postage_price":"2390.00","shop_order":"14","has_category":"1","landing_pages":null,"microdata":{"number":95,"category":""},"title":"Kis tacsis \u00f6r\u00f6knapt\u00e1r","description":"K\u00e9zzel festett fa \u00f6r\u00f6knapt\u00e1r, amelyen be\u00e1ll\u00edthat\u00f3 a h\u00f3nap, nap, illetve hogy a h\u00e9tnek mely napja van. A fa alapanyag hazai k\u00e9sz\u00edt\u0151t\u0151l sz\u00e1rmazik.\nCsiszol\u00e1s, majd a nat\u00far fa alap t\u00f6bb r\u00e9tegben t\u00f6rt\u00e9n\u0151 alapfest\u00e9se ut\u00e1n kiv\u00e1l\u00f3 min\u0151s\u00e9g\u0171, met\u00e1lf\u00e9ny\u0171 akrilfest\u00e9kkel festettem mandalamint\u00e1t az \u00f6r\u00f6knapt\u00e1rra, majd k\u00e9t r\u00e9tegben lakkoztam. \u00d6r\u00f6k darab, kiv\u00e1l\u00f3 aj\u00e1nd\u00e9k ballag\u00e1sra, n\u00e1szaj\u00e1nd\u00e9knak, sz\u00fclinapra \u00e9s b\u00e1rmilyen k\u00fcl\u00f6nleges alkalomra!\n\nM\u00e9rete: 15 cm \u00e1tm\u00e9r\u0151j\u0171\n","score":0,"formatted_price":"12 000 Ft","image_url":"https:\/\/www.meska.hu\/img\/product\/small\/c\/s\/csodaorszagmandala_product_347234_260419200227_270249.png","formatted_url":"https:\/\/www.meska.hu\/p5775270-kis-tacsis-oroknaptar","favourite":false,"in_stock":true,"avatar":"347234_avatar_1754563267.jpeg","delete_from":0,"is_enhanced_background":false,"is_enhanced":false,"product_selection_started":false,"is_active":true,"image_webp_url":"https:\/\/www.meska.hu\/img\/product\/small\/c\/s\/csodaorszagmandala_product_347234_260419200227_270249.webp"},{"id":"5899511","shop_id":"11325","user_id":"69777","shop_name":"annetextil","shop_zip":"3100","product_code":"5610441","product_name_old":null,"product_name":"V\u00edzhatlan Roll-up uzsonn\u00e1s zs\u00e1k \u00e9s szalv\u00e9ta szettben - munkag\u00e9pek mint\u00e1s ","category_string":"T\u00e1ska & Tok, Uzsonna- & Eb\u00e9d tart\u00f3, Eb\u00e9d tasak, doboz","technic_string":"Varr\u00e1s, Patchwork, foltvarr\u00e1s","category_1":"464","category_2":"807","category_3":"1021","category_4":"0","merged_category_1":null,"merged_category_2":null,"merged_category_3":null,"technic_1":"506","technic_2":"498","technic_3":"0","color_1":"519","color_2":"521","color_3":"532","product_description_old":null,"product_description":"2 r\u00e9szes v\u00edzhatlan csomagol\u00f3 szett - uzsonna zs\u00e1k \u00e9s \u00fajraszalv\u00e9ta egy\u00fctt\n\nFeh\u00e9r alapon, munkag\u00e9pek sziv\u00e1rv\u00e1nnyal mint\u00e1s uzsonn\u00e1s zs\u00e1k, Lunch Bag \u00e9s \u00fajraszalv\u00e9ta, v\u00edzhatlan, let\u00f6r\u00f6lhet\u0151 b\u00e9l\u00e9ssel, szettben. \nA Lunch zs\u00e1k a tetej\u00e9n t\u00e9p\u0151z\u00e1rral nyithat\u00f3-z\u00e1rhat\u00f3, egy k\u00fcls\u0151 t\u00e9p\u0151z\u00e1rral pedig a magass\u00e1ga szab\u00e1lyozhat\u00f3.\nA szalv\u00e9ta 4 sarkon t\u00e9p\u0151z\u00e1rakkal r\u00f6gz\u00edthet\u0151.\n\n\u00c9n id\u0151nk\u00e9nt k\u00e9sz\u00edtek magamnak kekszeket, apr\u00f3 s\u00fctiket melyeket szeretek bezs\u00e1kolni am\u00edg el nem fogy, \u00edgy kev\u00e9sb\u00e9 sz\u00e1rad ki, ehhez is nagyon praktikus a nagyobb zs\u00e1k.\n\nH\u00e9tk\u00f6znap ha viszel magaddal ennival\u00f3t akkor is j\u00f3 haszn\u00e1t veszed. \nOtthon kenyeret, p\u00e9ks\u00fctem\u00e9nyt is tarthatsz benne. T\u00e9nyleg nagyon sz\u00e9lesk\u00f6r\u0171en felhaszn\u00e1lhat\u00f3 :)\n\n:( A nejlon zacsk\u00f3 haszn\u00e1lata egyszeri, r\u00f6vid ideig tart, ut\u00e1na eldobjuk \u00e9s v\u00e9gtelen hossz\u00fa id\u0151 alatt bomlik le a f\u00f6ldben. \n:) Textil zs\u00e1k, t\u00e1ska - hossz\u00fa ideig, t\u00f6bbsz\u00f6r felhaszn\u00e1lhat\u00f3, l\u00e9g\u00e1tereszt\u0151, v\u00edzhatlan, k\u00f6nnyen tiszt\u00e1n  tarthat\u00f3. \nK\u00e9zzel k\u00e9sz\u00fcl, Oeko-Tex min\u0151s\u00edtett alapanyagokb\u00f3l, egyedi, sz\u00e9p megjelen\u00e9s\u0171, praktikus, sz\u00e9lesk\u00f6r\u0171 felhaszn\u00e1lhat\u00f3s\u00e1g.\nHa m\u00e1sf\u00e9le mint\u00e1s anyagb\u00f3l szeretn\u00e9d keress \u00fczenetben, nyitott vagyok az egyedi elk\u00e9pzel\u00e9sekre.\n\nLunch bag m\u00e9rete:\nMagass\u00e1g 28 cm\nSz\u00e9less\u00e9g 23 cm,\nTalpa: 9 x 15 cm,\nSzalv\u00e9ta m\u00e9rete: 28 x 28 cm\n\nPrec\u00edz kivitelez\u00e9s, pr\u00e9mium min\u0151s\u00e9g\u0171 term\u00e9k, a pamutv\u00e1szon anyag bevasalt merev\u00edt\u0151vel meger\u0151s\u00edtett. Moshat\u00f3, a k\u00fcls\u0151 r\u00e9szb\u0151l a bels\u0151 r\u00e9szt kih\u00fazva vasalhat\u00f3, sz\u00e1r\u00edt\u00f3g\u00e9pbe ne tedd, h\u00fazd ki a b\u00e9l\u00e9st \u00fagy l\u00f3gasd fel sz\u00e1r\u00edt\u00e1skor, \u00edgy hamar sz\u00e1rad.\n\nMinimum elf\u00e9r a zs\u00e1kban szendvics, s\u00fcti, f\u00e9l literes palack, ha nem pakolod tele a fels\u0151 r\u00e9sz\u00e9t lehajthatod \u00e9s kisebb helyet foglal a t\u00e1sk\u00e1ban :)\n\nTov\u00e1bbi v\u00edzhatlan zs\u00e1kok a boltban: https:\/\/www.meska.hu\/MyProd?s=73362&search_field=minden&search_string=\n\nV\u00e1logassatok kedvetekre polcaimon! Rem\u00e9lem mindenkinek siker\u00fcl megtal\u00e1lnia a sz\u00e1m\u00e1ra legide\u00e1lisabb term\u00e9ket.  \nTov\u00e1bbi k\u00f6rnyezettudatos t\u00e1sk\u00e1k \u00e9s zs\u00e1kok https:\/\/www.meska.hu\/shop\/annetextil?s=59613\n\nSzeretettel: Annetextil Handmade                                                                      ","price":"5000.00","unit":"cs","recommended":"0","status":"1","sponsored":"0","exp_notify":"0","own_material":"0","own_material_description_old":null,"own_material_description":"","jury":"0","jury_number":"","product_nature":"","meskaracsony":"0","create_date":"2026-04-20 12:50:47","shelve_id":"73362","image":"annetextil_product_69777_260428192601_539596.jpeg","image_width":"480","image_height":"480","image_alt":"V\u00edzhatlan Roll-up uzsonn\u00e1s zs\u00e1k \u00e9s szalv\u00e9ta szettben - munkag\u00e9pek mint\u00e1s , 2 r\u00e9szes v\u00edzhatlan csomagol\u00f3 szett - uzsonna zs\u00e1k \u00e9s \u00fajraszalv\u00e9ta egy\u00fctt\\n\\nFeh\u00e9r alapon, munkag\u00e9pek s..., Meska","image_title":"V\u00edzhatlan Roll-up uzsonn\u00e1s zs\u00e1k \u00e9s szalv\u00e9ta szettben - munkag\u00e9pek mint\u00e1s , Meska","view_count":"274","favourite_count":"22","trending_score":"0","last2MonthFavouriteCount":"22","promotion":"0","giftcard_accept":"1","creditcard_accept":true,"enhanced_background":"0","domain":"meska","specific_customer_id":null,"specific_customer_name":null,"to_order_product":"0","to_order_product_time":"0","product_different":null,"product_different_description":"","vintage":"0","vintage_category_id":"0","recycled":"0","gemstone_id":"0","customizable":"0","type_category":"physical","zerowaste":"1","postage_price":"1435.00","shop_order":"22","has_category":"1","landing_pages":null,"microdata":{"number":96,"category":""},"title":"V\u00edzhatlan Roll-up uzsonn\u00e1s zs\u00e1k \u00e9s szalv\u00e9ta szettben - munkag\u00e9pek mint\u00e1s ","description":"2 r\u00e9szes v\u00edzhatlan csomagol\u00f3 szett - uzsonna zs\u00e1k \u00e9s \u00fajraszalv\u00e9ta egy\u00fctt\n\nFeh\u00e9r alapon, munkag\u00e9pek sziv\u00e1rv\u00e1nnyal mint\u00e1s uzsonn\u00e1s zs\u00e1k, Lunch Bag \u00e9s \u00fajraszalv\u00e9ta, v\u00edzhatlan, let\u00f6r\u00f6lhet\u0151 b\u00e9l\u00e9ssel, szettben. \nA Lunch zs\u00e1k a tetej\u00e9n t\u00e9p\u0151z\u00e1rral nyithat\u00f3-z\u00e1rhat\u00f3, egy k\u00fcls\u0151 t\u00e9p\u0151z\u00e1rral pedig a magass\u00e1ga szab\u00e1lyozhat\u00f3.\nA szalv\u00e9ta 4 sarkon t\u00e9p\u0151z\u00e1rakkal r\u00f6gz\u00edthet\u0151.\n\n\u00c9n id\u0151nk\u00e9nt k\u00e9sz\u00edtek magamnak kekszeket, apr\u00f3 s\u00fctiket melyeket szeretek bezs\u00e1kolni am\u00edg el nem fogy, \u00edgy kev\u00e9sb\u00e9 sz\u00e1rad ki, ehhez is nagyon praktikus a nagyobb zs\u00e1k.\n\nH\u00e9tk\u00f6znap ha viszel magaddal ennival\u00f3t akkor is j\u00f3 haszn\u00e1t veszed. \nOtthon kenyeret, p\u00e9ks\u00fctem\u00e9nyt is tarthatsz benne. T\u00e9nyleg nagyon sz\u00e9lesk\u00f6r\u0171en felhaszn\u00e1lhat\u00f3 :)\n\n:( A nejlon zacsk\u00f3 haszn\u00e1lata egyszeri, r\u00f6vid ideig tart, ut\u00e1na eldobjuk \u00e9s v\u00e9gtelen hossz\u00fa id\u0151 alatt bomlik le a f\u00f6ldben. \n:) Textil zs\u00e1k, t\u00e1ska - hossz\u00fa ideig, t\u00f6bbsz\u00f6r felhaszn\u00e1lhat\u00f3, l\u00e9g\u00e1tereszt\u0151, v\u00edzhatlan, k\u00f6nnyen tiszt\u00e1n  tarthat\u00f3. \nK\u00e9zzel k\u00e9sz\u00fcl, Oeko-Tex min\u0151s\u00edtett alapanyagokb\u00f3l, egyedi, sz\u00e9p megjelen\u00e9s\u0171, praktikus, sz\u00e9lesk\u00f6r\u0171 felhaszn\u00e1lhat\u00f3s\u00e1g.\nHa m\u00e1sf\u00e9le mint\u00e1s anyagb\u00f3l szeretn\u00e9d keress \u00fczenetben, nyitott vagyok az egyedi elk\u00e9pzel\u00e9sekre.\n\nLunch bag m\u00e9rete:\nMagass\u00e1g 28 cm\nSz\u00e9less\u00e9g 23 cm,\nTalpa: 9 x 15 cm,\nSzalv\u00e9ta m\u00e9rete: 28 x 28 cm\n\nPrec\u00edz kivitelez\u00e9s, pr\u00e9mium min\u0151s\u00e9g\u0171 term\u00e9k, a pamutv\u00e1szon anyag bevasalt merev\u00edt\u0151vel meger\u0151s\u00edtett. Moshat\u00f3, a k\u00fcls\u0151 r\u00e9szb\u0151l a bels\u0151 r\u00e9szt kih\u00fazva vasalhat\u00f3, sz\u00e1r\u00edt\u00f3g\u00e9pbe ne tedd, h\u00fazd ki a b\u00e9l\u00e9st \u00fagy l\u00f3gasd fel sz\u00e1r\u00edt\u00e1skor, \u00edgy hamar sz\u00e1rad.\n\nMinimum elf\u00e9r a zs\u00e1kban szendvics, s\u00fcti, f\u00e9l literes palack, ha nem pakolod tele a fels\u0151 r\u00e9sz\u00e9t lehajthatod \u00e9s kisebb helyet foglal a t\u00e1sk\u00e1ban :)\n\nTov\u00e1bbi v\u00edzhatlan zs\u00e1kok a boltban: https:\/\/www.meska.hu\/MyProd?s=73362&search_field=minden&search_string=\n\nV\u00e1logassatok kedvetekre polcaimon! Rem\u00e9lem mindenkinek siker\u00fcl megtal\u00e1lnia a sz\u00e1m\u00e1ra legide\u00e1lisabb term\u00e9ket.  \nTov\u00e1bbi k\u00f6rnyezettudatos t\u00e1sk\u00e1k \u00e9s zs\u00e1kok https:\/\/www.meska.hu\/shop\/annetextil?s=59613\n\nSzeretettel: Annetextil Handmade                                                                      ","score":0,"formatted_price":"5 000 Ft","image_url":"https:\/\/www.meska.hu\/img\/product\/small\/a\/n\/annetextil_product_69777_260428192601_539596.jpeg","formatted_url":"https:\/\/www.meska.hu\/p5610441-vizhatlan-roll-up-uzsonnas-zsak-es-szalveta-szettben-munkagepek-mintas","favourite":false,"in_stock":true,"avatar":"annetextil_avatar_69777_1621921281.jpg","delete_from":0,"is_enhanced_background":false,"is_enhanced":false,"product_selection_started":false,"is_active":true,"image_webp_url":"https:\/\/www.meska.hu\/img\/product\/small\/a\/n\/annetextil_product_69777_260428192601_539596.webp"}],"canonicals":{"canonical":"https:\/\/www.meska.hu\/s\/Mind","next":"https:\/\/www.meska.hu\/s\/Mind\/p-2"},"seo":{"title":"Legn\u00e9pszer\u0171bb Meska term\u00e9kek - Meska k\u00e9zm\u0171ves piact\u00e9r","seoTitle":"Legn\u00e9pszer\u0171bb Meska term\u00e9kek","seoDescription":"Fedezd fel a <strong>Meska legn\u00e9pszer\u0171bb term\u00e9keit<\/strong> piact\u00e9r\u00fcnk\u00f6n, ahol a min\u0151s\u00e9g \u00e9s az egyedis\u00e9g tal\u00e1lkozik!\r\n\r\nA Meska, mint a magyar k\u00e9zm\u0171ves term\u00e9kek \u00e9s alkot\u00e1sok piactere, b\u00fcszk\u00e9n k\u00edn\u00e1lja a legkeresettebb darabokat, amelyek mag\u00e1val ragadj\u00e1k a v\u00e1s\u00e1rl\u00f3k fant\u00e1zi\u00e1j\u00e1t. A <strong>Meska n\u00e9pszer\u0171 term\u00e9kek<\/strong> v\u00e1laszt\u00e9ka sz\u00e9lesk\u00f6r\u0171, \u00edgy biztosan megtal\u00e1lhatod azt, ami legink\u00e1bb t\u00fckr\u00f6zi egy\u00e9ni st\u00edlusodat \u00e9s \u00edzl\u00e9sedet, legyen sz\u00f3 egyedi \u00e9kszerekr\u0151l, k\u00e9zzel k\u00e9sz\u00edtett lakberendez\u00e9si t\u00e1rgyakr\u00f3l, vagy k\u00fcl\u00f6nleges haszn\u00e1lati cikkekr\u0151l. Az alkot\u00f3k k\u00f6z\u00f6tt a <strong>Meska legn\u00e9pszer\u0171bb alkot\u00f3i<\/strong> olyan m\u0171v\u00e9szek, akik h\u00edresek kreativit\u00e1sukr\u00f3l \u00e9s arr\u00f3l, hogy term\u00e9keikkel \u00f6r\u00f6m\u00f6t \u00e9s sz\u00e9ps\u00e9get visznek a mindennapokba. \u0150k azok, akik folyamatosan innov\u00e1lnak, \u00e9s \u00faj \u00f6tletekkel, valamint technik\u00e1kkal \u00e1llnak el\u0151, \u00edgy biztos\u00edtva, hogy k\u00edn\u00e1latunk mindig friss \u00e9s vonz\u00f3 maradjon. Mer\u00fclj el a web\u00e1ruh\u00e1zunk k\u00edn\u00e1lat\u00e1ban a szezon\u00e1lis \u00e9s \u00f6r\u00f6k kedvenc term\u00e9kek k\u00f6z\u00f6tt, \u00e9s v\u00e1lassz a <strong>Meska legn\u00e9pszer\u0171bb term\u00e9kek<\/strong> k\u00f6z\u00fcl, hogy r\u00e9szese lehess egy val\u00f3ban k\u00fcl\u00f6nleges \u00e9s inspir\u00e1l\u00f3 v\u00e1s\u00e1rl\u00e1si \u00e9lm\u00e9nynek. T\u00e1mogasd a magyar k\u00e9zm\u0171vess\u00e9get, \u00e9s tal\u00e1lj r\u00e1 azokra a term\u00e9kekre, amelyek t\u00f6k\u00e9letesen kieg\u00e9sz\u00edtik otthonodat vagy gardr\u00f3bszekr\u00e9nyedet, mik\u00f6zben egyed\u00fcl\u00e1ll\u00f3 aj\u00e1nd\u00e9kokat is tal\u00e1lhatsz minden alkalomra. Ne maradj le, fedezd fel a k\u00e9zm\u0171ves min\u0151s\u00e9get \u00e9s st\u00edlust, amit csak a Meska piact\u00e9r ny\u00fajthat.","metaDescription":"B\u00f6ng\u00e9ssz a legn\u00e9pszer\u0171bb k\u00e9zm\u0171ves \u00e9s vintage term\u00e9kek k\u00f6z\u00f6tt a Mesk\u00e1n! \ud83c\udf81 Szezon\u00e1lis \u00e9s \u00f6r\u00f6k kedvencek a legkedveltebb hazai k\u00e9zm\u0171vesekt\u0151l. \u2714\ufe0f Hazai design term\u00e9kek gyors sz\u00e1ll\u00edt\u00e1ssal!","metaNoIndex":false,"metaNoFollow":false,"seoFound":false,"ogTitle":"Legn\u00e9pszer\u0171bb Meska term\u00e9kek - Meska k\u00e9zm\u0171ves piact\u00e9r","ogDescription":"B\u00f6ng\u00e9ssz a legn\u00e9pszer\u0171bb k\u00e9zm\u0171ves \u00e9s vintage term\u00e9kek k\u00f6z\u00f6tt a Mesk\u00e1n! \ud83c\udf81 Szezon\u00e1lis \u00e9s \u00f6r\u00f6k kedvencek a legkedveltebb hazai k\u00e9zm\u0171vesekt\u0151l. \u2714\ufe0f Hazai design term\u00e9kek gyors sz\u00e1ll\u00edt\u00e1ssal!","ogImage":"https:\/\/www.meska.hu\/img\/category_seo\/og_image_O1Ihf0YnpA.jpg","canonicals":"https:\/\/www.meska.hu\/s\/Mind\/legnepszerubb"},"breadcrumb":[{"position":1,"name":"Meska.hu","url":"https:\/\/www.meska.hu","last":false},{"position":2,"name":"\u00d6sszes term\u00e9k","url":"https:\/\/www.meska.hu\/s\/Mind","last":false},{"position":3,"name":"Legn\u00e9pszer\u0171bb term\u00e9kek","url":"https:\/\/www.meska.hu\/s\/Mind\/legnepszerubb","last":true}],"h1":null,"url":{"url":"https:\/\/www.meska.hu\/s\/Mind\/legnepszerubb","title":"Mind","_debug_":false},"_count_":100}