{"_terms_":{"phrase":"*","category_id":"1053","category_ids":"1053","facets":"n","p":"1","pp":"100","sort_by":"create_date","sort_direction":"desc","product_type":"kezmuves|alapanyag|vintage","session_id":"6lto67ti7l401i5ljm6re4ao9v"},"total":18,"products":[{"id":"3459794","shop_id":"13931","user_id":"96539","shop_name":"Avisura","shop_zip":"2676","product_code":"4699531","product_name_old":null,"product_name":"Ber\u00e9ny b\u0151r oldaltegez \u00edj\u00e1szathoz -tarsollyal szettben is k\u00e9rhet\u0151- szk\u00edta tetov\u00e1l\u00e1s mint\u00e1val","category_string":"J\u00e1t\u00e9k & Sport, Sport \u00e9s kikapcsol\u00f3d\u00e1s, \u00cdj\u00e1szat","technic_string":"B\u0151rm\u0171vess\u00e9g","category_1":"305","category_2":"1381","category_3":"1053","category_4":"0","merged_category_1":"0","merged_category_2":"784","merged_category_3":"0","technic_1":"473","technic_2":"0","technic_3":"0","color_1":"514","color_2":"0","color_3":"0","product_description_old":null,"product_description":"\u2022 Ber\u00e9ny t\u00edpus\u00fa oldal tegez\u00fcnk letisztult form\u00e1ja, k\u00e9nyelmes visel\u00e9se miatt a legn\u00e9pszer\u0171bb term\u00e9keink k\u00f6z\u00e9 tartozik. \n\u2022 Ebb\u0151l a tegezt\u00edpusb\u00f3l hagyom\u00e1nyos visel\u00e9sn\u00e9l el\u0151refel\u00e9 h\u00fazzuk ki a ny\u00edlvessz\u0151ket. Az alj\u00e1ba illesztett b\u0151rbet\u00e9tnek k\u00f6sz\u00f6nhet\u0151en \u00f6bl\u00f6sebb form\u00e1t kap, ez\u00e9rt ak\u00e1r 15-20 db ny\u00edlvessz\u0151 t\u00e1rol\u00e1s\u00e1ra is alkalmas. M\u00e9retek: 50 cm, 55 cm vagy 58 cm hossz\u00fas\u00e1gban\n\u2022R\u00e9de tarsollyal egy\u00fctt, szettben is megv\u00e1s\u00e1rolhat\u00f3. Tarsoly m\u00e9retei (akaszt\u00f3 \u00e9s z\u00e1r\u00f3sz\u00edj n\u00e9lk\u00fcl m\u00e9rve):  15,5 cm x 17.5 cm x 4,5 cm\n\u2022 Ezek a term\u00e9kek nat\u00far sz\u00edn\u0171 n\u00f6v\u00e9nyi cserz\u00e9s\u0171 marhab\u0151rb\u0151l k\u00e9sz\u00fclnek, mi festj\u00fcnk le a k\u00e9peken l\u00e1that\u00f3 sz\u00ednekre.\n\u2022 A sz\u00e9lek f\u0171z\u00f6tt, a mint\u00e1k v\u00e9sett, a h\u00e1tterek poncolt vagy v\u00e9sett technik\u00e1val k\u00e9sz\u00fclnek.\n\u2022 A term\u00e9kekre rov\u00e1s\u00edr\u00e1sos felirat, n\u00e9v, egyedi minta is k\u00e9rhet\u0151 (Minta elk\u00e9pzel\u00e9s\u00e9r\u0151l k\u00fcldj\u00f6n k\u00e9pet, ha meg tudjuk val\u00f3s\u00edtani sz\u00edvesen v\u00e1llaljuk. Ez\u00e9rt nem sz\u00e1m\u00edtunk fel plusz k\u00f6lts\u00e9get.)\n\n\u2022 Ha k\u00e9t h\u00e9ten bel\u00fcli hat\u00e1rid\u0151re kellene, k\u00e9rem \u00edrjon \u00e9s megpr\u00f3b\u00e1ljuk megoldani.\n\n\n\n\n","price":"22000.00","unit":"db","recommended":"0","status":"1","sponsored":"0","exp_notify":"0","own_material":"0","own_material_description_old":null,"own_material_description":"","jury":"0","jury_number":"","product_nature":"","meskaracsony":"0","create_date":"2026-04-30 07:30:15","shelve_id":"69554","image":"avisura_product_96539_220710192024_968911.jpeg","image_width":"480","image_height":"657","image_alt":"Ber\u00e9ny b\u0151r oldaltegez \u00edj\u00e1szathoz -tarsollyal szettben is k\u00e9rhet\u0151- szk\u00edta tetov\u00e1l\u00e1s mint\u00e1val, \u2022 Ber\u00e9ny t\u00edpus\u00fa oldal tegez\u00fcnk letisztult form\u00e1ja, k\u00e9nyelmes visel\u00e9se miatt a legn\u00e9pszer\u0171bb term\u00e9kei..., Meska","image_title":"Ber\u00e9ny b\u0151r oldaltegez \u00edj\u00e1szathoz -tarsollyal szettben is k\u00e9rhet\u0151- szk\u00edta tetov\u00e1l\u00e1s mint\u00e1val, Meska","view_count":"2314","favourite_count":"0","trending_score":"0","last2MonthFavouriteCount":"0","promotion":"0","giftcard_accept":"0","creditcard_accept":true,"enhanced_background":"0","domain":"meska","specific_customer_id":null,"specific_customer_name":null,"to_order_product":"1","to_order_product_time":"14","product_different":"quite_different","product_different_description":"Sz\u00edn\u00e1rnyalatban lehet n\u00e9mi elt\u00e9r\u00e9s, de a s\u00f6t\u00e9tbarna az s\u00f6t\u00e9tbarna lesz :)\n","vintage":"0","vintage_category_id":"0","recycled":"0","gemstone_id":"0","customizable":"1","type_category":"physical","zerowaste":"0","postage_price":"1290.00","shop_order":"0","has_category":"1","landing_pages":"Aj\u00e1nd\u00e9kok f\u00e9rfiaknak","microdata":{"number":1,"category":""},"title":"Ber\u00e9ny b\u0151r oldaltegez \u00edj\u00e1szathoz -tarsollyal szettben is k\u00e9rhet\u0151- szk\u00edta tetov\u00e1l\u00e1s mint\u00e1val","description":"\u2022 Ber\u00e9ny t\u00edpus\u00fa oldal tegez\u00fcnk letisztult form\u00e1ja, k\u00e9nyelmes visel\u00e9se miatt a legn\u00e9pszer\u0171bb term\u00e9keink k\u00f6z\u00e9 tartozik. \n\u2022 Ebb\u0151l a tegezt\u00edpusb\u00f3l hagyom\u00e1nyos visel\u00e9sn\u00e9l el\u0151refel\u00e9 h\u00fazzuk ki a ny\u00edlvessz\u0151ket. Az alj\u00e1ba illesztett b\u0151rbet\u00e9tnek k\u00f6sz\u00f6nhet\u0151en \u00f6bl\u00f6sebb form\u00e1t kap, ez\u00e9rt ak\u00e1r 15-20 db ny\u00edlvessz\u0151 t\u00e1rol\u00e1s\u00e1ra is alkalmas. M\u00e9retek: 50 cm, 55 cm vagy 58 cm hossz\u00fas\u00e1gban\n\u2022R\u00e9de tarsollyal egy\u00fctt, szettben is megv\u00e1s\u00e1rolhat\u00f3. Tarsoly m\u00e9retei (akaszt\u00f3 \u00e9s z\u00e1r\u00f3sz\u00edj n\u00e9lk\u00fcl m\u00e9rve):  15,5 cm x 17.5 cm x 4,5 cm\n\u2022 Ezek a term\u00e9kek nat\u00far sz\u00edn\u0171 n\u00f6v\u00e9nyi cserz\u00e9s\u0171 marhab\u0151rb\u0151l k\u00e9sz\u00fclnek, mi festj\u00fcnk le a k\u00e9peken l\u00e1that\u00f3 sz\u00ednekre.\n\u2022 A sz\u00e9lek f\u0171z\u00f6tt, a mint\u00e1k v\u00e9sett, a h\u00e1tterek poncolt vagy v\u00e9sett technik\u00e1val k\u00e9sz\u00fclnek.\n\u2022 A term\u00e9kekre rov\u00e1s\u00edr\u00e1sos felirat, n\u00e9v, egyedi minta is k\u00e9rhet\u0151 (Minta elk\u00e9pzel\u00e9s\u00e9r\u0151l k\u00fcldj\u00f6n k\u00e9pet, ha meg tudjuk val\u00f3s\u00edtani sz\u00edvesen v\u00e1llaljuk. Ez\u00e9rt nem sz\u00e1m\u00edtunk fel plusz k\u00f6lts\u00e9get.)\n\n\u2022 Ha k\u00e9t h\u00e9ten bel\u00fcli hat\u00e1rid\u0151re kellene, k\u00e9rem \u00edrjon \u00e9s megpr\u00f3b\u00e1ljuk megoldani.\n\n\n\n\n","score":0,"formatted_price":"22 000 Ft","image_url":"https:\/\/www.meska.hu\/img\/product\/small\/a\/v\/avisura_product_96539_220710192024_968911.jpeg","formatted_url":"https:\/\/www.meska.hu\/p4699531-bereny-bor-oldaltegez-ijaszathoz-tarsollyal-szettben-is-kerheto-szkita-tetovalas-mintaval","favourite":false,"in_stock":false,"avatar":"Avisura_avatar_96539_1623312224.jpg","delete_from":0,"is_enhanced_background":false,"is_enhanced":false,"product_selection_started":false,"is_active":true,"image_webp_url":"https:\/\/www.meska.hu\/img\/product\/small\/a\/v\/avisura_product_96539_220710192024_968911.webp"},{"id":"3431497","shop_id":"13931","user_id":"96539","shop_name":"Avisura","shop_zip":"2676","product_code":"3664464","product_name_old":null,"product_name":"G\u00e1rdony oldaltegezek","category_string":"J\u00e1t\u00e9k & Sport, Sport \u00e9s kikapcsol\u00f3d\u00e1s, \u00cdj\u00e1szat","technic_string":"B\u0151rm\u0171vess\u00e9g","category_1":"305","category_2":"1381","category_3":"1053","category_4":"0","merged_category_1":"0","merged_category_2":"784","merged_category_3":"0","technic_1":"473","technic_2":"0","technic_3":"0","color_1":"514","color_2":"0","color_3":"0","product_description_old":null,"product_description":"\u2022 G\u00e1rdony t\u00edpus\u00fa oldaltegez\u00fcnk megjelen\u00e9s\u00e9ben kifinomultabb a Ber\u00e9nyn\u00e9l. A sz\u00e1ja nyitottabb, a felf\u00fcggeszt\u00e9s\u00e9n\u00e9l haszn\u00e1lt sz\u00edjak fonottak. A tegez sz\u00e9le egy l\u00e1tv\u00e1nyosabb f\u0171z\u00e9stechnika alkalmaz\u00e1s\u00e1val, b\u0151rsz\u00e1llal van \u00f6sszefonva.\n\u2022 Ebb\u0151l a tegezt\u00edpusb\u00f3l hagyom\u00e1nyos visel\u00e9sn\u00e9l el\u0151refel\u00e9 h\u00fazzuk ki a ny\u00edlvessz\u0151ket. Az alj\u00e1ba illesztett b\u0151rbet\u00e9tnek k\u00f6sz\u00f6nhet\u0151en \u00f6bl\u00f6sebb form\u00e1t kap, ez\u00e9rt ak\u00e1r 15-20 db ny\u00edlvessz\u0151 t\u00e1rol\u00e1s\u00e1ra is alkalmas. \n\u2022 Ez a term\u00e9k nat\u00far sz\u00edn\u0171 n\u00f6v\u00e9nyi cserz\u00e9s\u0171 marhab\u0151rb\u0151l k\u00e9sz\u00fcl, melyet mi fest\u00fcnk le a k\u00e9peken l\u00e1that\u00f3 sz\u00ednekre. \n\u2022 Felf\u00fcggeszt\u00e9se karik\u00e1val vagy b\u00fajtat\u00f3s megold\u00e1ssal. (Esetleg + 1000 Ft-\u00e9rt csattal \u00e1ll\u00edthat\u00f3san)\n\u2022 A sz\u00e9lek f\u0171z\u00f6tt, a mint\u00e1k v\u00e9sett, a h\u00e1tterek poncolt vagy v\u00e9sett technik\u00e1val k\u00e9sz\u00fclnek.\n\u2022 A tegezre rov\u00e1s\u00edr\u00e1sos felirat, n\u00e9v, egyedi minta is k\u00e9rhet\u0151 (Minta elk\u00e9pzel\u00e9s\u00e9r\u0151l k\u00fcldj\u00f6n k\u00e9pet, ha meg tudjuk val\u00f3s\u00edtani sz\u00edvesen v\u00e1llaljuk. Ez\u00e9rt nem sz\u00e1m\u00edtunk fel plusz k\u00f6lts\u00e9get.)\n\u2022 A k\u00e9peken l\u00e1that\u00f3 tegezek m\u00e1s sz\u00edn\u00f6ssze\u00e1ll\u00edt\u00e1sban is k\u00e9rhet\u0151k. Amennyiben v\u00e1ltoztatni szeretne a sz\u00edneken k\u00e9rj\u00fck jelezze.\n\u2022 Term\u00e9k alapsz\u00edne: b\u00e9zs, barna, s\u00f6t\u00e9tbarna, v\u00f6r\u00f6s, t\u00fcrkiz, z\u00f6ld, fekete*\n\u2022 Fon\u00e1s sz\u00edne: b\u00e9zs, barna, s\u00f6t\u00e9tbarna, fekete, *\n\u2022 Ha k\u00e9t h\u00e9ten bel\u00fcli hat\u00e1rid\u0151re kellene, k\u00e9rem \u00edrjon \u00e9s megpr\u00f3b\u00e1ljuk megoldani.\n\nM\u00e9retek: 50 cm vagy 56 cm hossz\u00fas\u00e1gban","price":"25000.00","unit":"db","recommended":"0","status":"1","sponsored":"0","exp_notify":"0","own_material":"0","own_material_description_old":null,"own_material_description":"","jury":"0","jury_number":"","product_nature":"","meskaracsony":"0","create_date":"2026-04-18 16:24:29","shelve_id":"43357","image":"avisura_product_96539_200227152906_49491.jpeg","image_width":"480","image_height":"747","image_alt":"G\u00e1rdony oldaltegezek, \u2022 G\u00e1rdony t\u00edpus\u00fa oldaltegez\u00fcnk megjelen\u00e9s\u00e9ben kifinomultabb a Ber\u00e9nyn\u00e9l. A sz\u00e1ja nyitottabb, a felf\u00fc..., Meska","image_title":"G\u00e1rdony oldaltegezek, Meska","view_count":"2738","favourite_count":"0","trending_score":"0","last2MonthFavouriteCount":"0","promotion":"0","giftcard_accept":"0","creditcard_accept":true,"enhanced_background":"0","domain":"meska","specific_customer_id":null,"specific_customer_name":null,"to_order_product":"1","to_order_product_time":"14","product_different":"quite_different","product_different_description":"Sz\u00edn\u00e1rnyalatban lehet n\u00e9mi elt\u00e9r\u00e9s, de a s\u00f6t\u00e9tbarna az s\u00f6t\u00e9tbarna lesz :)\n","vintage":"0","vintage_category_id":"0","recycled":"0","gemstone_id":"0","customizable":"0","type_category":"physical","zerowaste":"0","postage_price":"1290.00","shop_order":"0","has_category":"1","landing_pages":"Aj\u00e1nd\u00e9kok f\u00e9rfiaknak, Aj\u00e1nd\u00e9kok f\u00e9rfiaknak","microdata":{"number":2,"category":""},"title":"G\u00e1rdony oldaltegezek","description":"\u2022 G\u00e1rdony t\u00edpus\u00fa oldaltegez\u00fcnk megjelen\u00e9s\u00e9ben kifinomultabb a Ber\u00e9nyn\u00e9l. A sz\u00e1ja nyitottabb, a felf\u00fcggeszt\u00e9s\u00e9n\u00e9l haszn\u00e1lt sz\u00edjak fonottak. A tegez sz\u00e9le egy l\u00e1tv\u00e1nyosabb f\u0171z\u00e9stechnika alkalmaz\u00e1s\u00e1val, b\u0151rsz\u00e1llal van \u00f6sszefonva.\n\u2022 Ebb\u0151l a tegezt\u00edpusb\u00f3l hagyom\u00e1nyos visel\u00e9sn\u00e9l el\u0151refel\u00e9 h\u00fazzuk ki a ny\u00edlvessz\u0151ket. Az alj\u00e1ba illesztett b\u0151rbet\u00e9tnek k\u00f6sz\u00f6nhet\u0151en \u00f6bl\u00f6sebb form\u00e1t kap, ez\u00e9rt ak\u00e1r 15-20 db ny\u00edlvessz\u0151 t\u00e1rol\u00e1s\u00e1ra is alkalmas. \n\u2022 Ez a term\u00e9k nat\u00far sz\u00edn\u0171 n\u00f6v\u00e9nyi cserz\u00e9s\u0171 marhab\u0151rb\u0151l k\u00e9sz\u00fcl, melyet mi fest\u00fcnk le a k\u00e9peken l\u00e1that\u00f3 sz\u00ednekre. \n\u2022 Felf\u00fcggeszt\u00e9se karik\u00e1val vagy b\u00fajtat\u00f3s megold\u00e1ssal. (Esetleg + 1000 Ft-\u00e9rt csattal \u00e1ll\u00edthat\u00f3san)\n\u2022 A sz\u00e9lek f\u0171z\u00f6tt, a mint\u00e1k v\u00e9sett, a h\u00e1tterek poncolt vagy v\u00e9sett technik\u00e1val k\u00e9sz\u00fclnek.\n\u2022 A tegezre rov\u00e1s\u00edr\u00e1sos felirat, n\u00e9v, egyedi minta is k\u00e9rhet\u0151 (Minta elk\u00e9pzel\u00e9s\u00e9r\u0151l k\u00fcldj\u00f6n k\u00e9pet, ha meg tudjuk val\u00f3s\u00edtani sz\u00edvesen v\u00e1llaljuk. Ez\u00e9rt nem sz\u00e1m\u00edtunk fel plusz k\u00f6lts\u00e9get.)\n\u2022 A k\u00e9peken l\u00e1that\u00f3 tegezek m\u00e1s sz\u00edn\u00f6ssze\u00e1ll\u00edt\u00e1sban is k\u00e9rhet\u0151k. Amennyiben v\u00e1ltoztatni szeretne a sz\u00edneken k\u00e9rj\u00fck jelezze.\n\u2022 Term\u00e9k alapsz\u00edne: b\u00e9zs, barna, s\u00f6t\u00e9tbarna, v\u00f6r\u00f6s, t\u00fcrkiz, z\u00f6ld, fekete*\n\u2022 Fon\u00e1s sz\u00edne: b\u00e9zs, barna, s\u00f6t\u00e9tbarna, fekete, *\n\u2022 Ha k\u00e9t h\u00e9ten bel\u00fcli hat\u00e1rid\u0151re kellene, k\u00e9rem \u00edrjon \u00e9s megpr\u00f3b\u00e1ljuk megoldani.\n\nM\u00e9retek: 50 cm vagy 56 cm hossz\u00fas\u00e1gban","score":0,"formatted_price":"25 000 Ft","image_url":"https:\/\/www.meska.hu\/img\/product\/small\/a\/v\/avisura_product_96539_200227152906_49491.jpeg","formatted_url":"https:\/\/www.meska.hu\/p3664464-gardony-oldaltegezek","favourite":false,"in_stock":false,"avatar":"Avisura_avatar_96539_1623312224.jpg","delete_from":0,"is_enhanced_background":false,"is_enhanced":false,"product_selection_started":false,"is_active":true,"image_webp_url":"https:\/\/www.meska.hu\/img\/product\/small\/a\/v\/avisura_product_96539_200227152906_49491.webp"},{"id":"3468735","shop_id":"13931","user_id":"96539","shop_name":"Avisura","shop_zip":"2676","product_code":"4202659","product_name_old":null,"product_name":"G\u00e1rdony oldaltegez alkarv\u00e9d\u0151vel","category_string":"J\u00e1t\u00e9k & Sport, Sport \u00e9s kikapcsol\u00f3d\u00e1s, \u00cdj\u00e1szat","technic_string":"B\u0151rm\u0171vess\u00e9g","category_1":"305","category_2":"1381","category_3":"1053","category_4":"0","merged_category_1":"0","merged_category_2":"784","merged_category_3":"0","technic_1":"473","technic_2":"0","technic_3":"0","color_1":"514","color_2":"0","color_3":"0","product_description_old":null,"product_description":"\u2022 FIGYELEM!!!\nA kezdeti \u00e1r egy G\u00e1rdony tegezre vonatkozik. Amennyiben alkarv\u00e9d\u0151vel szeretn\u00e9, \u00d6nnek kell hozz\u00e1adnia a \"Szett r\u00e9szei\" men\u00fcpont alatt. \n\u2022 G\u00e1rdony t\u00edpus\u00fa oldaltegez\u00fcnk megjelen\u00e9s\u00e9ben kifinomultabb a Ber\u00e9nyn\u00e9l. A sz\u00e1ja nyitottabb, a felf\u00fcggeszt\u00e9s\u00e9n\u00e9l haszn\u00e1lt sz\u00edjak fonottak. A tegez sz\u00e9le egy l\u00e1tv\u00e1nyosabb f\u0171z\u00e9stechnika alkalmaz\u00e1s\u00e1val, b\u0151rsz\u00e1llal van \u00f6sszefonva.\n\u2022 Ebb\u0151l a tegezt\u00edpusb\u00f3l hagyom\u00e1nyos visel\u00e9sn\u00e9l el\u0151refel\u00e9 h\u00fazzuk ki a ny\u00edlvessz\u0151ket. Az alj\u00e1ba illesztett b\u0151rbet\u00e9tnek k\u00f6sz\u00f6nhet\u0151en \u00f6bl\u00f6sebb form\u00e1t kap, ez\u00e9rt ak\u00e1r 15-20 db ny\u00edlvessz\u0151 t\u00e1rol\u00e1s\u00e1ra is alkalmas. \n\u2022 Ez a term\u00e9k nat\u00far sz\u00edn\u0171 n\u00f6v\u00e9nyi cserz\u00e9s\u0171 marhab\u0151rb\u0151l k\u00e9sz\u00fcl, melyet mi fest\u00fcnk le a k\u00e9peken l\u00e1that\u00f3 sz\u00ednekre. \n\u2022 Felf\u00fcggeszt\u00e9se karik\u00e1val vagy b\u00fajtat\u00f3s megold\u00e1ssal. (Esetleg + 1000 Ft-\u00e9rt csattal \u00e1ll\u00edthat\u00f3san)\n\u2022 A sz\u00e9lek f\u0171z\u00f6tt, a mint\u00e1k v\u00e9sett, a h\u00e1tterek poncolt vagy v\u00e9sett technik\u00e1val k\u00e9sz\u00fclnek.\n\u2022 A tegezre rov\u00e1s\u00edr\u00e1sos felirat, n\u00e9v, egyedi minta is k\u00e9rhet\u0151 (Minta elk\u00e9pzel\u00e9s\u00e9r\u0151l k\u00fcldj\u00f6n k\u00e9pet, ha meg tudjuk val\u00f3s\u00edtani sz\u00edvesen v\u00e1llaljuk. Ez\u00e9rt nem sz\u00e1m\u00edtunk fel plusz k\u00f6lts\u00e9get.)\n\u2022 A k\u00e9peken l\u00e1that\u00f3 tegezek m\u00e1s sz\u00edn\u00f6ssze\u00e1ll\u00edt\u00e1sban is k\u00e9rhet\u0151k. Amennyiben v\u00e1ltoztatni szeretne a sz\u00edneken k\u00e9rj\u00fck jelezze.\n\u2022 Term\u00e9k alapsz\u00edne: b\u00e9zs, barna, s\u00f6t\u00e9tbarna, v\u00f6r\u00f6s, t\u00fcrkiz, z\u00f6ld, fekete*\n\u2022 Fon\u00e1s sz\u00edne: b\u00e9zs, barna, s\u00f6t\u00e9tbarna, fekete, *\n\u2022 Ha k\u00e9t h\u00e9ten bel\u00fcli hat\u00e1rid\u0151re kellene, k\u00e9rem \u00edrjon \u00e9s megpr\u00f3b\u00e1ljuk megoldani.\n\nAlkarv\u00e9d\u0151 elk\u00e9sz\u00edt\u00e9s\u00e9hez k\u00e9rj\u00fck \u00edrja meg \u00fczenetben a sz\u00fcks\u00e9ges m\u00e9reteket (alkarn\u00e1l ker\u00fclet, csukl\u00f3n\u00e1l ker\u00fclet, a k\u00e9t m\u00e9r\u00e9s k\u00f6zti t\u00e1v)\n\nM\u00e9retek: 50 cm vagy 56 cm hossz\u00fas\u00e1gban","price":"25000.00","unit":"db","recommended":"0","status":"1","sponsored":"0","exp_notify":"0","own_material":"0","own_material_description_old":null,"own_material_description":"","jury":"0","jury_number":"","product_nature":"","meskaracsony":"0","create_date":"2026-04-15 05:59:10","shelve_id":"43357","image":"avisura_product_96539_210702192502_467764.jpeg","image_width":"480","image_height":"556","image_alt":"G\u00e1rdony oldaltegez alkarv\u00e9d\u0151vel, \u2022 FIGYELEM!!!\\nA kezdeti \u00e1r egy G\u00e1rdony tegezre vonatkozik. Amennyiben alkarv\u00e9d\u0151vel szeretn\u00e9, \u00d6nnek k..., Meska","image_title":"G\u00e1rdony oldaltegez alkarv\u00e9d\u0151vel, Meska","view_count":"2979","favourite_count":"0","trending_score":"0","last2MonthFavouriteCount":"0","promotion":"0","giftcard_accept":"0","creditcard_accept":true,"enhanced_background":"0","domain":"meska","specific_customer_id":null,"specific_customer_name":null,"to_order_product":"1","to_order_product_time":"14","product_different":"quite_different","product_different_description":"Sz\u00edn\u00e1rnyalatban lehet n\u00e9mi elt\u00e9r\u00e9s, de a s\u00f6t\u00e9tbarna az s\u00f6t\u00e9tbarna lesz :)\n","vintage":"0","vintage_category_id":"0","recycled":"0","gemstone_id":"0","customizable":"0","type_category":"physical","zerowaste":"0","postage_price":"1290.00","shop_order":"0","has_category":"1","landing_pages":"Aj\u00e1nd\u00e9kok f\u00e9rfiaknak, Aj\u00e1nd\u00e9kok f\u00e9rfiaknak","microdata":{"number":3,"category":""},"title":"G\u00e1rdony oldaltegez alkarv\u00e9d\u0151vel","description":"\u2022 FIGYELEM!!!\nA kezdeti \u00e1r egy G\u00e1rdony tegezre vonatkozik. Amennyiben alkarv\u00e9d\u0151vel szeretn\u00e9, \u00d6nnek kell hozz\u00e1adnia a \"Szett r\u00e9szei\" men\u00fcpont alatt. \n\u2022 G\u00e1rdony t\u00edpus\u00fa oldaltegez\u00fcnk megjelen\u00e9s\u00e9ben kifinomultabb a Ber\u00e9nyn\u00e9l. A sz\u00e1ja nyitottabb, a felf\u00fcggeszt\u00e9s\u00e9n\u00e9l haszn\u00e1lt sz\u00edjak fonottak. A tegez sz\u00e9le egy l\u00e1tv\u00e1nyosabb f\u0171z\u00e9stechnika alkalmaz\u00e1s\u00e1val, b\u0151rsz\u00e1llal van \u00f6sszefonva.\n\u2022 Ebb\u0151l a tegezt\u00edpusb\u00f3l hagyom\u00e1nyos visel\u00e9sn\u00e9l el\u0151refel\u00e9 h\u00fazzuk ki a ny\u00edlvessz\u0151ket. Az alj\u00e1ba illesztett b\u0151rbet\u00e9tnek k\u00f6sz\u00f6nhet\u0151en \u00f6bl\u00f6sebb form\u00e1t kap, ez\u00e9rt ak\u00e1r 15-20 db ny\u00edlvessz\u0151 t\u00e1rol\u00e1s\u00e1ra is alkalmas. \n\u2022 Ez a term\u00e9k nat\u00far sz\u00edn\u0171 n\u00f6v\u00e9nyi cserz\u00e9s\u0171 marhab\u0151rb\u0151l k\u00e9sz\u00fcl, melyet mi fest\u00fcnk le a k\u00e9peken l\u00e1that\u00f3 sz\u00ednekre. \n\u2022 Felf\u00fcggeszt\u00e9se karik\u00e1val vagy b\u00fajtat\u00f3s megold\u00e1ssal. (Esetleg + 1000 Ft-\u00e9rt csattal \u00e1ll\u00edthat\u00f3san)\n\u2022 A sz\u00e9lek f\u0171z\u00f6tt, a mint\u00e1k v\u00e9sett, a h\u00e1tterek poncolt vagy v\u00e9sett technik\u00e1val k\u00e9sz\u00fclnek.\n\u2022 A tegezre rov\u00e1s\u00edr\u00e1sos felirat, n\u00e9v, egyedi minta is k\u00e9rhet\u0151 (Minta elk\u00e9pzel\u00e9s\u00e9r\u0151l k\u00fcldj\u00f6n k\u00e9pet, ha meg tudjuk val\u00f3s\u00edtani sz\u00edvesen v\u00e1llaljuk. Ez\u00e9rt nem sz\u00e1m\u00edtunk fel plusz k\u00f6lts\u00e9get.)\n\u2022 A k\u00e9peken l\u00e1that\u00f3 tegezek m\u00e1s sz\u00edn\u00f6ssze\u00e1ll\u00edt\u00e1sban is k\u00e9rhet\u0151k. Amennyiben v\u00e1ltoztatni szeretne a sz\u00edneken k\u00e9rj\u00fck jelezze.\n\u2022 Term\u00e9k alapsz\u00edne: b\u00e9zs, barna, s\u00f6t\u00e9tbarna, v\u00f6r\u00f6s, t\u00fcrkiz, z\u00f6ld, fekete*\n\u2022 Fon\u00e1s sz\u00edne: b\u00e9zs, barna, s\u00f6t\u00e9tbarna, fekete, *\n\u2022 Ha k\u00e9t h\u00e9ten bel\u00fcli hat\u00e1rid\u0151re kellene, k\u00e9rem \u00edrjon \u00e9s megpr\u00f3b\u00e1ljuk megoldani.\n\nAlkarv\u00e9d\u0151 elk\u00e9sz\u00edt\u00e9s\u00e9hez k\u00e9rj\u00fck \u00edrja meg \u00fczenetben a sz\u00fcks\u00e9ges m\u00e9reteket (alkarn\u00e1l ker\u00fclet, csukl\u00f3n\u00e1l ker\u00fclet, a k\u00e9t m\u00e9r\u00e9s k\u00f6zti t\u00e1v)\n\nM\u00e9retek: 50 cm vagy 56 cm hossz\u00fas\u00e1gban","score":0,"formatted_price":"25 000 Ft","image_url":"https:\/\/www.meska.hu\/img\/product\/small\/a\/v\/avisura_product_96539_210702192502_467764.jpeg","formatted_url":"https:\/\/www.meska.hu\/p4202659-gardony-oldaltegez-alkarvedovel","favourite":false,"in_stock":false,"avatar":"Avisura_avatar_96539_1623312224.jpg","delete_from":0,"is_enhanced_background":false,"is_enhanced":false,"product_selection_started":false,"is_active":true,"image_webp_url":"https:\/\/www.meska.hu\/img\/product\/small\/a\/v\/avisura_product_96539_210702192502_467764.webp"},{"id":"3433542","shop_id":"13931","user_id":"96539","shop_name":"Avisura","shop_zip":"2676","product_code":"3667407","product_name_old":null,"product_name":"G\u00e1rdony oldaltegez","category_string":"J\u00e1t\u00e9k & Sport, Sport \u00e9s kikapcsol\u00f3d\u00e1s, \u00cdj\u00e1szat","technic_string":"B\u0151rm\u0171vess\u00e9g","category_1":"305","category_2":"1381","category_3":"1053","category_4":"0","merged_category_1":"0","merged_category_2":"784","merged_category_3":"0","technic_1":"473","technic_2":"0","technic_3":"0","color_1":"514","color_2":"0","color_3":"0","product_description_old":null,"product_description":"\u2022 G\u00e1rdony t\u00edpus\u00fa oldaltegez\u00fcnk megjelen\u00e9s\u00e9ben kifinomultabb a Ber\u00e9nyn\u00e9l. A sz\u00e1ja nyitottabb, a felf\u00fcggeszt\u00e9s\u00e9n\u00e9l haszn\u00e1lt sz\u00edjak fonottak. A tegez sz\u00e9le egy l\u00e1tv\u00e1nyosabb f\u0171z\u00e9stechnika alkalmaz\u00e1s\u00e1val, b\u0151rsz\u00e1llal van \u00f6sszefonva.\n\u2022 Ebb\u0151l a tegezt\u00edpusb\u00f3l hagyom\u00e1nyos visel\u00e9sn\u00e9l el\u0151refel\u00e9 h\u00fazzuk ki a ny\u00edlvessz\u0151ket. Az alj\u00e1ba illesztett b\u0151rbet\u00e9tnek k\u00f6sz\u00f6nhet\u0151en \u00f6bl\u00f6sebb form\u00e1t kap, ez\u00e9rt ak\u00e1r 15-20 db ny\u00edlvessz\u0151 t\u00e1rol\u00e1s\u00e1ra is alkalmas. \n\u2022 Ez a term\u00e9k nat\u00far sz\u00edn\u0171 n\u00f6v\u00e9nyi cserz\u00e9s\u0171 marhab\u0151rb\u0151l k\u00e9sz\u00fcl, melyet mi fest\u00fcnk le a k\u00e9peken l\u00e1that\u00f3 sz\u00ednekre. \n\u2022 Felf\u00fcggeszt\u00e9se karik\u00e1val vagy b\u00fajtat\u00f3s megold\u00e1ssal. (Esetleg + 1000 Ft-\u00e9rt csattal \u00e1ll\u00edthat\u00f3san)\n\u2022 A sz\u00e9lek f\u0171z\u00f6tt, a mint\u00e1k v\u00e9sett, a h\u00e1tterek poncolt vagy v\u00e9sett technik\u00e1val k\u00e9sz\u00fclnek.\n\u2022 A tegezre rov\u00e1s\u00edr\u00e1sos felirat, n\u00e9v, egyedi minta is k\u00e9rhet\u0151 (Minta elk\u00e9pzel\u00e9s\u00e9r\u0151l k\u00fcldj\u00f6n k\u00e9pet, ha meg tudjuk val\u00f3s\u00edtani sz\u00edvesen v\u00e1llaljuk. Ez\u00e9rt nem sz\u00e1m\u00edtunk fel plusz k\u00f6lts\u00e9get.)\n\u2022 A k\u00e9peken l\u00e1that\u00f3 tegezek m\u00e1s sz\u00edn\u00f6ssze\u00e1ll\u00edt\u00e1sban is k\u00e9rhet\u0151k. Amennyiben v\u00e1ltoztatni szeretne a sz\u00edneken k\u00e9rj\u00fck jelezze.\n\u2022 Term\u00e9k alapsz\u00edne: b\u00e9zs, barna, s\u00f6t\u00e9tbarna, v\u00f6r\u00f6s, t\u00fcrkiz, z\u00f6ld, fekete*\n\u2022 Fon\u00e1s sz\u00edne: b\u00e9zs, barna, s\u00f6t\u00e9tbarna, fekete, *\n\u2022 Ha k\u00e9t h\u00e9ten bel\u00fcli hat\u00e1rid\u0151re kellene, k\u00e9rem \u00edrjon \u00e9s megpr\u00f3b\u00e1ljuk megoldani.\n\nM\u00e9retek: 50 cm vagy 56 cm hossz\u00fas\u00e1gban","price":"25000.00","unit":"db","recommended":"0","status":"1","sponsored":"0","exp_notify":"0","own_material":"0","own_material_description_old":null,"own_material_description":"","jury":"0","jury_number":"","product_nature":"","meskaracsony":"0","create_date":"2026-04-09 09:22:12","shelve_id":"43357","image":"avisura_product_96539_200229182148_077811.jpeg","image_width":"480","image_height":"669","image_alt":"G\u00e1rdony oldaltegez, \u2022 G\u00e1rdony t\u00edpus\u00fa oldaltegez\u00fcnk megjelen\u00e9s\u00e9ben kifinomultabb a Ber\u00e9nyn\u00e9l. A sz\u00e1ja nyitottabb, a felf\u00fc..., Meska","image_title":"G\u00e1rdony oldaltegez, Meska","view_count":"1913","favourite_count":"0","trending_score":"0","last2MonthFavouriteCount":"0","promotion":"0","giftcard_accept":"0","creditcard_accept":true,"enhanced_background":"0","domain":"meska","specific_customer_id":null,"specific_customer_name":null,"to_order_product":"1","to_order_product_time":"14","product_different":"quite_different","product_different_description":"Sz\u00edn\u00e1rnyalatban lehet n\u00e9mi elt\u00e9r\u00e9s, de a s\u00f6t\u00e9tbarna az s\u00f6t\u00e9tbarna lesz :)\n","vintage":"0","vintage_category_id":"0","recycled":"0","gemstone_id":"0","customizable":"0","type_category":"physical","zerowaste":"0","postage_price":"1290.00","shop_order":"0","has_category":"1","landing_pages":"Aj\u00e1nd\u00e9kok f\u00e9rfiaknak","microdata":{"number":4,"category":""},"title":"G\u00e1rdony oldaltegez","description":"\u2022 G\u00e1rdony t\u00edpus\u00fa oldaltegez\u00fcnk megjelen\u00e9s\u00e9ben kifinomultabb a Ber\u00e9nyn\u00e9l. A sz\u00e1ja nyitottabb, a felf\u00fcggeszt\u00e9s\u00e9n\u00e9l haszn\u00e1lt sz\u00edjak fonottak. A tegez sz\u00e9le egy l\u00e1tv\u00e1nyosabb f\u0171z\u00e9stechnika alkalmaz\u00e1s\u00e1val, b\u0151rsz\u00e1llal van \u00f6sszefonva.\n\u2022 Ebb\u0151l a tegezt\u00edpusb\u00f3l hagyom\u00e1nyos visel\u00e9sn\u00e9l el\u0151refel\u00e9 h\u00fazzuk ki a ny\u00edlvessz\u0151ket. Az alj\u00e1ba illesztett b\u0151rbet\u00e9tnek k\u00f6sz\u00f6nhet\u0151en \u00f6bl\u00f6sebb form\u00e1t kap, ez\u00e9rt ak\u00e1r 15-20 db ny\u00edlvessz\u0151 t\u00e1rol\u00e1s\u00e1ra is alkalmas. \n\u2022 Ez a term\u00e9k nat\u00far sz\u00edn\u0171 n\u00f6v\u00e9nyi cserz\u00e9s\u0171 marhab\u0151rb\u0151l k\u00e9sz\u00fcl, melyet mi fest\u00fcnk le a k\u00e9peken l\u00e1that\u00f3 sz\u00ednekre. \n\u2022 Felf\u00fcggeszt\u00e9se karik\u00e1val vagy b\u00fajtat\u00f3s megold\u00e1ssal. (Esetleg + 1000 Ft-\u00e9rt csattal \u00e1ll\u00edthat\u00f3san)\n\u2022 A sz\u00e9lek f\u0171z\u00f6tt, a mint\u00e1k v\u00e9sett, a h\u00e1tterek poncolt vagy v\u00e9sett technik\u00e1val k\u00e9sz\u00fclnek.\n\u2022 A tegezre rov\u00e1s\u00edr\u00e1sos felirat, n\u00e9v, egyedi minta is k\u00e9rhet\u0151 (Minta elk\u00e9pzel\u00e9s\u00e9r\u0151l k\u00fcldj\u00f6n k\u00e9pet, ha meg tudjuk val\u00f3s\u00edtani sz\u00edvesen v\u00e1llaljuk. Ez\u00e9rt nem sz\u00e1m\u00edtunk fel plusz k\u00f6lts\u00e9get.)\n\u2022 A k\u00e9peken l\u00e1that\u00f3 tegezek m\u00e1s sz\u00edn\u00f6ssze\u00e1ll\u00edt\u00e1sban is k\u00e9rhet\u0151k. Amennyiben v\u00e1ltoztatni szeretne a sz\u00edneken k\u00e9rj\u00fck jelezze.\n\u2022 Term\u00e9k alapsz\u00edne: b\u00e9zs, barna, s\u00f6t\u00e9tbarna, v\u00f6r\u00f6s, t\u00fcrkiz, z\u00f6ld, fekete*\n\u2022 Fon\u00e1s sz\u00edne: b\u00e9zs, barna, s\u00f6t\u00e9tbarna, fekete, *\n\u2022 Ha k\u00e9t h\u00e9ten bel\u00fcli hat\u00e1rid\u0151re kellene, k\u00e9rem \u00edrjon \u00e9s megpr\u00f3b\u00e1ljuk megoldani.\n\nM\u00e9retek: 50 cm vagy 56 cm hossz\u00fas\u00e1gban","score":0,"formatted_price":"25 000 Ft","image_url":"https:\/\/www.meska.hu\/img\/product\/small\/a\/v\/avisura_product_96539_200229182148_077811.jpeg","formatted_url":"https:\/\/www.meska.hu\/p3667407-gardony-oldaltegez","favourite":false,"in_stock":false,"avatar":"Avisura_avatar_96539_1623312224.jpg","delete_from":0,"is_enhanced_background":false,"is_enhanced":false,"product_selection_started":false,"is_active":true,"image_webp_url":"https:\/\/www.meska.hu\/img\/product\/small\/a\/v\/avisura_product_96539_200229182148_077811.webp"},{"id":"4467499","shop_id":"13931","user_id":"96539","shop_name":"Avisura","shop_zip":"2676","product_code":"3789383","product_name_old":null,"product_name":"G\u00e1rdony oldaltegez- \u00e1tt\u00f6rt","category_string":"J\u00e1t\u00e9k & Sport, Sport \u00e9s kikapcsol\u00f3d\u00e1s, \u00cdj\u00e1szat","technic_string":"B\u0151rm\u0171vess\u00e9g","category_1":"305","category_2":"1381","category_3":"1053","category_4":"0","merged_category_1":"0","merged_category_2":"784","merged_category_3":"0","technic_1":"473","technic_2":"0","technic_3":"0","color_1":"514","color_2":"0","color_3":"0","product_description_old":null,"product_description":"\u2022 G\u00e1rdony t\u00edpus\u00fa oldaltegez\u00fcnk megjelen\u00e9s\u00e9ben kifinomultabb a Ber\u00e9nyn\u00e9l. A sz\u00e1ja nyitottabb, a felf\u00fcggeszt\u00e9s\u00e9n\u00e9l haszn\u00e1lt sz\u00edjak fonottak. A tegez sz\u00e9le egy l\u00e1tv\u00e1nyosabb f\u0171z\u00e9stechnika alkalmaz\u00e1s\u00e1val, b\u0151rsz\u00e1llal van \u00f6sszefonva.\n\u2022 Ebb\u0151l a tegezt\u00edpusb\u00f3l hagyom\u00e1nyos visel\u00e9sn\u00e9l el\u0151refel\u00e9 h\u00fazzuk ki a ny\u00edlvessz\u0151ket. Az alj\u00e1ba illesztett b\u0151rbet\u00e9tnek k\u00f6sz\u00f6nhet\u0151en \u00f6bl\u00f6sebb form\u00e1t kap, ez\u00e9rt ak\u00e1r 15-20 db ny\u00edlvessz\u0151 t\u00e1rol\u00e1s\u00e1ra is alkalmas. \n\u2022 Ez a term\u00e9k nat\u00far sz\u00edn\u0171 n\u00f6v\u00e9nyi cserz\u00e9s\u0171 marhab\u0151rb\u0151l k\u00e9sz\u00fcl, melyet mi fest\u00fcnk le a k\u00e9peken l\u00e1that\u00f3 sz\u00ednekre. \n\u2022 Felf\u00fcggeszt\u00e9se karik\u00e1val vagy b\u00fajtat\u00f3s megold\u00e1ssal. (Esetleg + 1000 Ft-\u00e9rt csattal \u00e1ll\u00edthat\u00f3san)\n\u2022 A tegezen nonfigurat\u00edv minta fut v\u00e9gig, mely k\u00f6rbe van poncolva, valamint egyes r\u00e9szei a b\u0151r \u00e1tt\u00f6r\u00e9s\u00e9vel van kielmelve.\n\u2022 A tegezre rov\u00e1s\u00edr\u00e1sos felirat, n\u00e9v, egyedi minta is k\u00e9rhet\u0151 (Minta elk\u00e9pzel\u00e9s\u00e9r\u0151l k\u00fcldj\u00f6n k\u00e9pet, ha meg tudjuk val\u00f3s\u00edtani sz\u00edvesen v\u00e1llaljuk. Ez\u00e9rt nem sz\u00e1m\u00edtunk fel plusz k\u00f6lts\u00e9get.)\n\u2022 A k\u00e9peken l\u00e1that\u00f3 tegezek m\u00e1s sz\u00edn\u00f6ssze\u00e1ll\u00edt\u00e1sban is k\u00e9rhet\u0151k. Amennyiben v\u00e1ltoztatni szeretne a sz\u00edneken k\u00e9rj\u00fck jelezze.\n\u2022 Term\u00e9k alapsz\u00edne: b\u00e9zs, barna, s\u00f6t\u00e9tbarna, v\u00f6r\u00f6s, t\u00fcrkiz, z\u00f6ld, fekete*\n\u2022 Fon\u00e1s sz\u00edne: b\u00e9zs, barna, s\u00f6t\u00e9tbarna, fekete, *\n\u2022 Ha k\u00e9t h\u00e9ten bel\u00fcli hat\u00e1rid\u0151re kellene, k\u00e9rem \u00edrjon \u00e9s megpr\u00f3b\u00e1ljuk megoldani.\n\nM\u00e9retek: 56 cm hossz\u00fas\u00e1gban","price":"28000.00","unit":"db","recommended":"0","status":"1","sponsored":"0","exp_notify":"0","own_material":"0","own_material_description_old":null,"own_material_description":"","jury":"0","jury_number":"","product_nature":"","meskaracsony":"0","create_date":"2026-04-06 15:43:06","shelve_id":"43357","image":"avisura_product_96539_200718161540_2523.jpeg","image_width":"480","image_height":"612","image_alt":"G\u00e1rdony oldaltegez- \u00e1tt\u00f6rt, \u2022 G\u00e1rdony t\u00edpus\u00fa oldaltegez\u00fcnk megjelen\u00e9s\u00e9ben kifinomultabb a Ber\u00e9nyn\u00e9l. A sz\u00e1ja nyitottabb, a felf\u00fc..., Meska","image_title":"G\u00e1rdony oldaltegez- \u00e1tt\u00f6rt, Meska","view_count":"2498","favourite_count":"0","trending_score":"0","last2MonthFavouriteCount":"0","promotion":"0","giftcard_accept":"0","creditcard_accept":true,"enhanced_background":"0","domain":"meska","specific_customer_id":null,"specific_customer_name":null,"to_order_product":"1","to_order_product_time":"14","product_different":"quite_different","product_different_description":"Sz\u00edn\u00e1rnyalatban lehet n\u00e9mi elt\u00e9r\u00e9s, de a s\u00f6t\u00e9tbarna az s\u00f6t\u00e9tbarna lesz :)\n","vintage":"0","vintage_category_id":"0","recycled":"0","gemstone_id":"0","customizable":"0","type_category":"physical","zerowaste":"0","postage_price":"1290.00","shop_order":"0","has_category":"1","landing_pages":"Aj\u00e1nd\u00e9kok f\u00e9rfiaknak, Aj\u00e1nd\u00e9kok f\u00e9rfiaknak","microdata":{"number":5,"category":""},"title":"G\u00e1rdony oldaltegez- \u00e1tt\u00f6rt","description":"\u2022 G\u00e1rdony t\u00edpus\u00fa oldaltegez\u00fcnk megjelen\u00e9s\u00e9ben kifinomultabb a Ber\u00e9nyn\u00e9l. A sz\u00e1ja nyitottabb, a felf\u00fcggeszt\u00e9s\u00e9n\u00e9l haszn\u00e1lt sz\u00edjak fonottak. A tegez sz\u00e9le egy l\u00e1tv\u00e1nyosabb f\u0171z\u00e9stechnika alkalmaz\u00e1s\u00e1val, b\u0151rsz\u00e1llal van \u00f6sszefonva.\n\u2022 Ebb\u0151l a tegezt\u00edpusb\u00f3l hagyom\u00e1nyos visel\u00e9sn\u00e9l el\u0151refel\u00e9 h\u00fazzuk ki a ny\u00edlvessz\u0151ket. Az alj\u00e1ba illesztett b\u0151rbet\u00e9tnek k\u00f6sz\u00f6nhet\u0151en \u00f6bl\u00f6sebb form\u00e1t kap, ez\u00e9rt ak\u00e1r 15-20 db ny\u00edlvessz\u0151 t\u00e1rol\u00e1s\u00e1ra is alkalmas. \n\u2022 Ez a term\u00e9k nat\u00far sz\u00edn\u0171 n\u00f6v\u00e9nyi cserz\u00e9s\u0171 marhab\u0151rb\u0151l k\u00e9sz\u00fcl, melyet mi fest\u00fcnk le a k\u00e9peken l\u00e1that\u00f3 sz\u00ednekre. \n\u2022 Felf\u00fcggeszt\u00e9se karik\u00e1val vagy b\u00fajtat\u00f3s megold\u00e1ssal. (Esetleg + 1000 Ft-\u00e9rt csattal \u00e1ll\u00edthat\u00f3san)\n\u2022 A tegezen nonfigurat\u00edv minta fut v\u00e9gig, mely k\u00f6rbe van poncolva, valamint egyes r\u00e9szei a b\u0151r \u00e1tt\u00f6r\u00e9s\u00e9vel van kielmelve.\n\u2022 A tegezre rov\u00e1s\u00edr\u00e1sos felirat, n\u00e9v, egyedi minta is k\u00e9rhet\u0151 (Minta elk\u00e9pzel\u00e9s\u00e9r\u0151l k\u00fcldj\u00f6n k\u00e9pet, ha meg tudjuk val\u00f3s\u00edtani sz\u00edvesen v\u00e1llaljuk. Ez\u00e9rt nem sz\u00e1m\u00edtunk fel plusz k\u00f6lts\u00e9get.)\n\u2022 A k\u00e9peken l\u00e1that\u00f3 tegezek m\u00e1s sz\u00edn\u00f6ssze\u00e1ll\u00edt\u00e1sban is k\u00e9rhet\u0151k. Amennyiben v\u00e1ltoztatni szeretne a sz\u00edneken k\u00e9rj\u00fck jelezze.\n\u2022 Term\u00e9k alapsz\u00edne: b\u00e9zs, barna, s\u00f6t\u00e9tbarna, v\u00f6r\u00f6s, t\u00fcrkiz, z\u00f6ld, fekete*\n\u2022 Fon\u00e1s sz\u00edne: b\u00e9zs, barna, s\u00f6t\u00e9tbarna, fekete, *\n\u2022 Ha k\u00e9t h\u00e9ten bel\u00fcli hat\u00e1rid\u0151re kellene, k\u00e9rem \u00edrjon \u00e9s megpr\u00f3b\u00e1ljuk megoldani.\n\nM\u00e9retek: 56 cm hossz\u00fas\u00e1gban","score":0,"formatted_price":"28 000 Ft","image_url":"https:\/\/www.meska.hu\/img\/product\/small\/a\/v\/avisura_product_96539_200718161540_2523.jpeg","formatted_url":"https:\/\/www.meska.hu\/p3789383-gardony-oldaltegez-attort","favourite":false,"in_stock":false,"avatar":"Avisura_avatar_96539_1623312224.jpg","delete_from":0,"is_enhanced_background":false,"is_enhanced":false,"product_selection_started":false,"is_active":true,"image_webp_url":"https:\/\/www.meska.hu\/img\/product\/small\/a\/v\/avisura_product_96539_200718161540_2523.webp"},{"id":"3447978","shop_id":"13931","user_id":"96539","shop_name":"Avisura","shop_zip":"2676","product_code":"3872165","product_name_old":null,"product_name":"Adony b\u0151r tereptegez \u00edj\u00e1szathoz,","category_string":"J\u00e1t\u00e9k & Sport, Sport \u00e9s kikapcsol\u00f3d\u00e1s, \u00cdj\u00e1szat","technic_string":"B\u0151rm\u0171vess\u00e9g","category_1":"305","category_2":"1381","category_3":"1053","category_4":"0","merged_category_1":"0","merged_category_2":"784","merged_category_3":"0","technic_1":"473","technic_2":"0","technic_3":"0","color_1":"514","color_2":"515","color_3":"520","product_description_old":null,"product_description":"\u2022 Ez a term\u00e9k nat\u00far sz\u00edn\u0171 n\u00f6v\u00e9nyi cserz\u00e9s\u0171 marhab\u0151rb\u0151l k\u00e9sz\u00fcl, melyet mi fest\u00fcnk le a k\u00e9peken l\u00e1that\u00f3 sz\u00ednre. \n\u2022 A tegez f\u0151 mint\u00e1ja a Rakamazi turul, mely palmett\u00e1s k\u00eds\u00e9r\u0151mint\u00e1val van kieg\u00e9sz\u00edtve.\n\u2022 A tegezre rov\u00e1s\u00edr\u00e1sos felirat, n\u00e9v, egyedi minta is k\u00e9rhet\u0151 (Minta elk\u00e9pzel\u00e9s\u00e9r\u0151l k\u00fcldj\u00f6n k\u00e9pet, ha meg tudjuk val\u00f3s\u00edtani sz\u00edvesen v\u00e1llaljuk. Ez\u00e9rt nem sz\u00e1m\u00edtunk fel plusz k\u00f6lts\u00e9get.)\n\u2022 A tegez belsej\u00e9ben 3 db 30 mm \u00e1tm\u00e9r\u0151j\u0171 henger gondoskodik a ny\u00edlvessz\u0151k elv\u00e1laszt\u00e1s\u00e1r\u00f3l.\n\u2022 Felf\u00fcggeszt\u00e9se \u00f6vre f\u0171zhet\u0151 megold\u00e1ssal k\u00e9sz\u00fcl (5 cm).\n\u2022 M\u00e9rete: 46 cm\n\u2022 A tegezen l\u00e1that\u00f3 zseb m\u00e9rete: 15cm x 11 cm x 2,5 cm","price":"31200.00","unit":"db","recommended":"0","status":"1","sponsored":"0","exp_notify":"0","own_material":"0","own_material_description_old":null,"own_material_description":"","jury":"0","jury_number":"","product_nature":"","meskaracsony":"0","create_date":"2026-03-26 01:50:08","shelve_id":"43357","image":"avisura_product_96539_201011165503_799840.jpeg","image_width":"480","image_height":"610","image_alt":"Adony b\u0151r tereptegez \u00edj\u00e1szathoz,, \u2022 Ez a term\u00e9k nat\u00far sz\u00edn\u0171 n\u00f6v\u00e9nyi cserz\u00e9s\u0171 marhab\u0151rb\u0151l k\u00e9sz\u00fcl, melyet mi fest\u00fcnk le a k\u00e9peken l\u00e1that..., Meska","image_title":"Adony b\u0151r tereptegez \u00edj\u00e1szathoz,, Meska","view_count":"2382","favourite_count":"0","trending_score":"0","last2MonthFavouriteCount":"0","promotion":"0","giftcard_accept":"0","creditcard_accept":true,"enhanced_background":"0","domain":"meska","specific_customer_id":null,"specific_customer_name":null,"to_order_product":"1","to_order_product_time":"14","product_different":"quite_different","product_different_description":"Sz\u00edn\u00e1rnyalatban lehet n\u00e9mi elt\u00e9r\u00e9s.","vintage":"0","vintage_category_id":"0","recycled":"0","gemstone_id":"0","customizable":"1","type_category":"physical","zerowaste":"0","postage_price":"1290.00","shop_order":"0","has_category":"1","landing_pages":"Aj\u00e1nd\u00e9kok f\u00e9rfiaknak, Aj\u00e1nd\u00e9kok f\u00e9rfiaknak, Aj\u00e1nd\u00e9kok f\u00e9rfiaknak","microdata":{"number":6,"category":""},"title":"Adony b\u0151r tereptegez \u00edj\u00e1szathoz,","description":"\u2022 Ez a term\u00e9k nat\u00far sz\u00edn\u0171 n\u00f6v\u00e9nyi cserz\u00e9s\u0171 marhab\u0151rb\u0151l k\u00e9sz\u00fcl, melyet mi fest\u00fcnk le a k\u00e9peken l\u00e1that\u00f3 sz\u00ednre. \n\u2022 A tegez f\u0151 mint\u00e1ja a Rakamazi turul, mely palmett\u00e1s k\u00eds\u00e9r\u0151mint\u00e1val van kieg\u00e9sz\u00edtve.\n\u2022 A tegezre rov\u00e1s\u00edr\u00e1sos felirat, n\u00e9v, egyedi minta is k\u00e9rhet\u0151 (Minta elk\u00e9pzel\u00e9s\u00e9r\u0151l k\u00fcldj\u00f6n k\u00e9pet, ha meg tudjuk val\u00f3s\u00edtani sz\u00edvesen v\u00e1llaljuk. Ez\u00e9rt nem sz\u00e1m\u00edtunk fel plusz k\u00f6lts\u00e9get.)\n\u2022 A tegez belsej\u00e9ben 3 db 30 mm \u00e1tm\u00e9r\u0151j\u0171 henger gondoskodik a ny\u00edlvessz\u0151k elv\u00e1laszt\u00e1s\u00e1r\u00f3l.\n\u2022 Felf\u00fcggeszt\u00e9se \u00f6vre f\u0171zhet\u0151 megold\u00e1ssal k\u00e9sz\u00fcl (5 cm).\n\u2022 M\u00e9rete: 46 cm\n\u2022 A tegezen l\u00e1that\u00f3 zseb m\u00e9rete: 15cm x 11 cm x 2,5 cm","score":0,"formatted_price":"31 200 Ft","image_url":"https:\/\/www.meska.hu\/img\/product\/small\/a\/v\/avisura_product_96539_201011165503_799840.jpeg","formatted_url":"https:\/\/www.meska.hu\/p3872165-adony-bor-tereptegez-ijaszathoz","favourite":false,"in_stock":false,"avatar":"Avisura_avatar_96539_1623312224.jpg","delete_from":0,"is_enhanced_background":false,"is_enhanced":false,"product_selection_started":false,"is_active":true,"image_webp_url":"https:\/\/www.meska.hu\/img\/product\/small\/a\/v\/avisura_product_96539_201011165503_799840.webp"},{"id":"3451121","shop_id":"13931","user_id":"96539","shop_name":"Avisura","shop_zip":"2676","product_code":"3648634","product_name_old":null,"product_name":"Ber\u00e9ny b\u0151r oldaltegez \u00edj\u00e1szathoz","category_string":"J\u00e1t\u00e9k & Sport, Sport \u00e9s kikapcsol\u00f3d\u00e1s, \u00cdj\u00e1szat","technic_string":"B\u0151rm\u0171vess\u00e9g","category_1":"305","category_2":"1381","category_3":"1053","category_4":"0","merged_category_1":"0","merged_category_2":"784","merged_category_3":"0","technic_1":"473","technic_2":"0","technic_3":"0","color_1":"514","color_2":"0","color_3":"0","product_description_old":null,"product_description":"\u2022 Ber\u00e9ny t\u00edpus\u00fa oldal tegez\u00fcnk letisztult form\u00e1ja, k\u00e9nyelmes visel\u00e9se miatt a legn\u00e9pszer\u0171bb term\u00e9keink k\u00f6z\u00e9 tartozik.\n\u2022 Ez a term\u00e9k nat\u00far sz\u00edn\u0171 n\u00f6v\u00e9nyi cserz\u00e9s\u0171 marhab\u0151rb\u0151l k\u00e9sz\u00fcl, melyet mi fest\u00fcnk le a k\u00e9peken l\u00e1that\u00f3 sz\u00ednekre.\n\u2022 A sz\u00e9lek f\u0171z\u00f6tt, a mint\u00e1k v\u00e9sett, a h\u00e1tterek poncolt vagy v\u00e9sett technik\u00e1val k\u00e9sz\u00fclnek.\n\u2022 A tegezre rov\u00e1s\u00edr\u00e1sos felirat, n\u00e9v, egyedi minta is k\u00e9rhet\u0151 (Minta elk\u00e9pzel\u00e9s\u00e9r\u0151l k\u00fcldj\u00f6n k\u00e9pet, ha meg tudjuk val\u00f3s\u00edtani sz\u00edvesen v\u00e1llaljuk. Ez\u00e9rt nem sz\u00e1m\u00edtunk fel plusz k\u00f6lts\u00e9get.)\n\u2022 Ebb\u0151l a tegezt\u00edpusb\u00f3l hagyom\u00e1nyos visel\u00e9sn\u00e9l el\u0151refel\u00e9 h\u00fazzuk ki a ny\u00edlvessz\u0151ket. Az alj\u00e1ba illesztett b\u0151rbet\u00e9tnek k\u00f6sz\u00f6nhet\u0151en \u00f6bl\u00f6sebb form\u00e1t kap, ez\u00e9rt ak\u00e1r 15-20 db ny\u00edlvessz\u0151 t\u00e1rol\u00e1s\u00e1ra is alkalmas.\n\u2022 Felf\u00fcggeszt\u00e9se karik\u00e1val vagy b\u00fajtat\u00f3s megold\u00e1ssal. (Esetleg + 1000 Ft-\u00e9rt csattal \u00e1ll\u00edthat\u00f3san)\n\u2022 A k\u00e9peken l\u00e1that\u00f3 tegezek m\u00e1s sz\u00edn\u00f6ssze\u00e1ll\u00edt\u00e1sban is k\u00e9rhet\u0151k. Amennyiben v\u00e1ltoztatni szeretne a sz\u00edneken k\u00e9rj\u00fck jelezze.\n\u2022 Term\u00e9k alapsz\u00edne: b\u00e9zs, barna, s\u00f6t\u00e9tbarna, v\u00f6r\u00f6s, t\u00fcrkiz, z\u00f6ld, fekete*\n\u2022 Fon\u00e1s sz\u00edne: b\u00e9zs, barna, s\u00f6t\u00e9tbarna, fekete, *\n\u2022 Ha k\u00e9t h\u00e9ten bel\u00fcli hat\u00e1rid\u0151re kellene, k\u00e9rem \u00edrjon \u00e9s megpr\u00f3b\u00e1ljuk megoldani.\n\nM\u00e9retek: 53 cm, 55 cm vagy 58 cm hossz\u00fas\u00e1gban","price":"22000.00","unit":"db","recommended":"0","status":"1","sponsored":"0","exp_notify":"0","own_material":"0","own_material_description_old":null,"own_material_description":"","jury":"0","jury_number":"","product_nature":"","meskaracsony":"0","create_date":"2026-03-16 16:45:45","shelve_id":"43357","image":"avisura_product_96539_200208192236_459232.jpeg","image_width":"480","image_height":"668","image_alt":"Ber\u00e9ny b\u0151r oldaltegez \u00edj\u00e1szathoz, \u2022 Ber\u00e9ny t\u00edpus\u00fa oldal tegez\u00fcnk letisztult form\u00e1ja, k\u00e9nyelmes visel\u00e9se miatt a legn\u00e9pszer\u0171bb term\u00e9kei..., Meska","image_title":"Ber\u00e9ny b\u0151r oldaltegez \u00edj\u00e1szathoz, Meska","view_count":"3719","favourite_count":"0","trending_score":"0","last2MonthFavouriteCount":"0","promotion":"0","giftcard_accept":"0","creditcard_accept":true,"enhanced_background":"0","domain":"meska","specific_customer_id":null,"specific_customer_name":null,"to_order_product":"1","to_order_product_time":"14","product_different":"quite_different","product_different_description":"Sz\u00edn\u00e1rnyalatban lehet n\u00e9mi elt\u00e9r\u00e9s, de a s\u00f6t\u00e9tbarna az s\u00f6t\u00e9tbarna lesz :)\n","vintage":"0","vintage_category_id":"0","recycled":"0","gemstone_id":"0","customizable":"1","type_category":"physical","zerowaste":"0","postage_price":"1290.00","shop_order":"0","has_category":"1","landing_pages":"Aj\u00e1nd\u00e9kok f\u00e9rfiaknak","microdata":{"number":7,"category":""},"title":"Ber\u00e9ny b\u0151r oldaltegez \u00edj\u00e1szathoz","description":"\u2022 Ber\u00e9ny t\u00edpus\u00fa oldal tegez\u00fcnk letisztult form\u00e1ja, k\u00e9nyelmes visel\u00e9se miatt a legn\u00e9pszer\u0171bb term\u00e9keink k\u00f6z\u00e9 tartozik.\n\u2022 Ez a term\u00e9k nat\u00far sz\u00edn\u0171 n\u00f6v\u00e9nyi cserz\u00e9s\u0171 marhab\u0151rb\u0151l k\u00e9sz\u00fcl, melyet mi fest\u00fcnk le a k\u00e9peken l\u00e1that\u00f3 sz\u00ednekre.\n\u2022 A sz\u00e9lek f\u0171z\u00f6tt, a mint\u00e1k v\u00e9sett, a h\u00e1tterek poncolt vagy v\u00e9sett technik\u00e1val k\u00e9sz\u00fclnek.\n\u2022 A tegezre rov\u00e1s\u00edr\u00e1sos felirat, n\u00e9v, egyedi minta is k\u00e9rhet\u0151 (Minta elk\u00e9pzel\u00e9s\u00e9r\u0151l k\u00fcldj\u00f6n k\u00e9pet, ha meg tudjuk val\u00f3s\u00edtani sz\u00edvesen v\u00e1llaljuk. Ez\u00e9rt nem sz\u00e1m\u00edtunk fel plusz k\u00f6lts\u00e9get.)\n\u2022 Ebb\u0151l a tegezt\u00edpusb\u00f3l hagyom\u00e1nyos visel\u00e9sn\u00e9l el\u0151refel\u00e9 h\u00fazzuk ki a ny\u00edlvessz\u0151ket. Az alj\u00e1ba illesztett b\u0151rbet\u00e9tnek k\u00f6sz\u00f6nhet\u0151en \u00f6bl\u00f6sebb form\u00e1t kap, ez\u00e9rt ak\u00e1r 15-20 db ny\u00edlvessz\u0151 t\u00e1rol\u00e1s\u00e1ra is alkalmas.\n\u2022 Felf\u00fcggeszt\u00e9se karik\u00e1val vagy b\u00fajtat\u00f3s megold\u00e1ssal. (Esetleg + 1000 Ft-\u00e9rt csattal \u00e1ll\u00edthat\u00f3san)\n\u2022 A k\u00e9peken l\u00e1that\u00f3 tegezek m\u00e1s sz\u00edn\u00f6ssze\u00e1ll\u00edt\u00e1sban is k\u00e9rhet\u0151k. Amennyiben v\u00e1ltoztatni szeretne a sz\u00edneken k\u00e9rj\u00fck jelezze.\n\u2022 Term\u00e9k alapsz\u00edne: b\u00e9zs, barna, s\u00f6t\u00e9tbarna, v\u00f6r\u00f6s, t\u00fcrkiz, z\u00f6ld, fekete*\n\u2022 Fon\u00e1s sz\u00edne: b\u00e9zs, barna, s\u00f6t\u00e9tbarna, fekete, *\n\u2022 Ha k\u00e9t h\u00e9ten bel\u00fcli hat\u00e1rid\u0151re kellene, k\u00e9rem \u00edrjon \u00e9s megpr\u00f3b\u00e1ljuk megoldani.\n\nM\u00e9retek: 53 cm, 55 cm vagy 58 cm hossz\u00fas\u00e1gban","score":0,"formatted_price":"22 000 Ft","image_url":"https:\/\/www.meska.hu\/img\/product\/small\/a\/v\/avisura_product_96539_200208192236_459232.jpeg","formatted_url":"https:\/\/www.meska.hu\/p3648634-bereny-bor-oldaltegez-ijaszathoz","favourite":false,"in_stock":false,"avatar":"Avisura_avatar_96539_1623312224.jpg","delete_from":0,"is_enhanced_background":false,"is_enhanced":false,"product_selection_started":false,"is_active":true,"image_webp_url":"https:\/\/www.meska.hu\/img\/product\/small\/a\/v\/avisura_product_96539_200208192236_459232.webp"},{"id":"3454752","shop_id":"13931","user_id":"96539","shop_name":"Avisura","shop_zip":"2676","product_code":"3789427","product_name_old":null,"product_name":"Lud\u00e1ny b\u0151r t\u00e1rtegez \u00edj\u00e1szathoz, combsz\u00edjjal, zsebbel","category_string":"J\u00e1t\u00e9k & Sport, Sport \u00e9s kikapcsol\u00f3d\u00e1s, \u00cdj\u00e1szat","technic_string":"B\u0151rm\u0171vess\u00e9g","category_1":"305","category_2":"1381","category_3":"1053","category_4":"0","merged_category_1":"0","merged_category_2":"784","merged_category_3":"0","technic_1":"473","technic_2":"0","technic_3":"0","color_1":"514","color_2":"0","color_3":"0","product_description_old":null,"product_description":"\u2022 Ez a term\u00e9k nat\u00far sz\u00edn\u0171 n\u00f6v\u00e9nyi cserz\u00e9s\u0171 marhab\u0151rb\u0151l k\u00e9sz\u00fcl, melyet mi fest\u00fcnk le a k\u00e9peken l\u00e1that\u00f3 sz\u00ednre.\n\u2022 Felf\u00fcggeszt\u00e9se \u00f6vre f\u0171zhet\u0151 megold\u00e1ssal k\u00e9sz\u00fcl (5 cm). Tov\u00e1bbi r\u00f6gz\u00edt\u00e9s\u00e9r\u0151l egy combsz\u00edj gondoskodik.\n\u2022 Ebb\u0151l a tegezt\u00edpusb\u00f3l hagyom\u00e1nyos visel\u00e9sn\u00e9l h\u00e1trafel\u00e9 h\u00fazzuk ki a ny\u00edlvessz\u0151ket. \n\u2022 A vessz\u0151tart\u00f3 r\u00e9sz el\u0151tt egy praktikus zseb tal\u00e1lhat\u00f3.\n\u2022 Ez a tegez ny\u00edlvessz\u0151 mint\u00e1val van d\u00edsz\u00edtve. K\u00e9r\u00e9sre egyedi mint\u00e1t is r\u00e1tesz\u00fcnk. (Minta elk\u00e9pzel\u00e9s\u00e9r\u0151l k\u00fcldj\u00f6n k\u00e9pet, ha meg tudjuk val\u00f3s\u00edtani sz\u00edvesen v\u00e1llaljuk. Ez\u00e9rt nem sz\u00e1m\u00edtunk fel plusz k\u00f6lts\u00e9get.)\n\u2022 7 db ny\u00edlvessz\u0151 legyez\u0151alakban t\u00f6rt\u00e9n\u0151 t\u00e1rol\u00e1s\u00e1ra alkalmas.\n\u2022 A tegezre rov\u00e1s\u00edr\u00e1sos felirat, n\u00e9v is k\u00e9rhet\u0151 \n\u2022 A k\u00e9peken l\u00e1that\u00f3 tegez m\u00e1s sz\u00edn\u00f6ssze\u00e1ll\u00edt\u00e1sban is k\u00e9rhet\u0151k. Amennyiben v\u00e1ltoztatni szeretne a sz\u00edneken k\u00e9rj\u00fck jelezze.\n\u2022 Term\u00e9k alapsz\u00edne: b\u00e9zs, barna, s\u00f6t\u00e9tbarna, v\u00f6r\u00f6s, t\u00fcrkiz, z\u00f6ld, fekete*\n\u2022 Varr\u00e1s sz\u00edne: b\u00e9zs, barna, s\u00f6t\u00e9tbarna, fekete, *\n\u2022 Ha k\u00e9t h\u00e9ten bel\u00fcli hat\u00e1rid\u0151re kellene, k\u00e9rem \u00edrjon \u00e9s megpr\u00f3b\u00e1ljuk megoldani.\n\n\u2022 M\u00e9rete: 20 cm x 16 cm\nZseb m\u00e9rete: 16 cm x 12 cm x 3 cm","price":"27900.00","unit":"db","recommended":"0","status":"1","sponsored":"0","exp_notify":"0","own_material":"0","own_material_description_old":null,"own_material_description":"","jury":"0","jury_number":"","product_nature":"","meskaracsony":"0","create_date":"2026-03-12 08:56:27","shelve_id":"43357","image":"avisura_product_96539_200718162547_757945.jpeg","image_width":"480","image_height":"640","image_alt":"Lud\u00e1ny b\u0151r t\u00e1rtegez \u00edj\u00e1szathoz, combsz\u00edjjal, zsebbel, \u2022 Ez a term\u00e9k nat\u00far sz\u00edn\u0171 n\u00f6v\u00e9nyi cserz\u00e9s\u0171 marhab\u0151rb\u0151l k\u00e9sz\u00fcl, melyet mi fest\u00fcnk le a k\u00e9peken l\u00e1that..., Meska","image_title":"Lud\u00e1ny b\u0151r t\u00e1rtegez \u00edj\u00e1szathoz, combsz\u00edjjal, zsebbel, Meska","view_count":"3718","favourite_count":"0","trending_score":"0","last2MonthFavouriteCount":"0","promotion":"0","giftcard_accept":"0","creditcard_accept":true,"enhanced_background":"0","domain":"meska","specific_customer_id":null,"specific_customer_name":null,"to_order_product":"1","to_order_product_time":"14","product_different":"quite_different","product_different_description":"Sz\u00edn\u00e1rnyalatban lehet n\u00e9mi elt\u00e9r\u00e9s, de a s\u00f6t\u00e9tbarna az s\u00f6t\u00e9tbarna lesz :)\n","vintage":"0","vintage_category_id":"0","recycled":"0","gemstone_id":"0","customizable":"1","type_category":"physical","zerowaste":"0","postage_price":"1290.00","shop_order":"0","has_category":"1","landing_pages":"Aj\u00e1nd\u00e9kok f\u00e9rfiaknak, Aj\u00e1nd\u00e9kok f\u00e9rfiaknak","microdata":{"number":8,"category":""},"title":"Lud\u00e1ny b\u0151r t\u00e1rtegez \u00edj\u00e1szathoz, combsz\u00edjjal, zsebbel","description":"\u2022 Ez a term\u00e9k nat\u00far sz\u00edn\u0171 n\u00f6v\u00e9nyi cserz\u00e9s\u0171 marhab\u0151rb\u0151l k\u00e9sz\u00fcl, melyet mi fest\u00fcnk le a k\u00e9peken l\u00e1that\u00f3 sz\u00ednre.\n\u2022 Felf\u00fcggeszt\u00e9se \u00f6vre f\u0171zhet\u0151 megold\u00e1ssal k\u00e9sz\u00fcl (5 cm). Tov\u00e1bbi r\u00f6gz\u00edt\u00e9s\u00e9r\u0151l egy combsz\u00edj gondoskodik.\n\u2022 Ebb\u0151l a tegezt\u00edpusb\u00f3l hagyom\u00e1nyos visel\u00e9sn\u00e9l h\u00e1trafel\u00e9 h\u00fazzuk ki a ny\u00edlvessz\u0151ket. \n\u2022 A vessz\u0151tart\u00f3 r\u00e9sz el\u0151tt egy praktikus zseb tal\u00e1lhat\u00f3.\n\u2022 Ez a tegez ny\u00edlvessz\u0151 mint\u00e1val van d\u00edsz\u00edtve. K\u00e9r\u00e9sre egyedi mint\u00e1t is r\u00e1tesz\u00fcnk. (Minta elk\u00e9pzel\u00e9s\u00e9r\u0151l k\u00fcldj\u00f6n k\u00e9pet, ha meg tudjuk val\u00f3s\u00edtani sz\u00edvesen v\u00e1llaljuk. Ez\u00e9rt nem sz\u00e1m\u00edtunk fel plusz k\u00f6lts\u00e9get.)\n\u2022 7 db ny\u00edlvessz\u0151 legyez\u0151alakban t\u00f6rt\u00e9n\u0151 t\u00e1rol\u00e1s\u00e1ra alkalmas.\n\u2022 A tegezre rov\u00e1s\u00edr\u00e1sos felirat, n\u00e9v is k\u00e9rhet\u0151 \n\u2022 A k\u00e9peken l\u00e1that\u00f3 tegez m\u00e1s sz\u00edn\u00f6ssze\u00e1ll\u00edt\u00e1sban is k\u00e9rhet\u0151k. Amennyiben v\u00e1ltoztatni szeretne a sz\u00edneken k\u00e9rj\u00fck jelezze.\n\u2022 Term\u00e9k alapsz\u00edne: b\u00e9zs, barna, s\u00f6t\u00e9tbarna, v\u00f6r\u00f6s, t\u00fcrkiz, z\u00f6ld, fekete*\n\u2022 Varr\u00e1s sz\u00edne: b\u00e9zs, barna, s\u00f6t\u00e9tbarna, fekete, *\n\u2022 Ha k\u00e9t h\u00e9ten bel\u00fcli hat\u00e1rid\u0151re kellene, k\u00e9rem \u00edrjon \u00e9s megpr\u00f3b\u00e1ljuk megoldani.\n\n\u2022 M\u00e9rete: 20 cm x 16 cm\nZseb m\u00e9rete: 16 cm x 12 cm x 3 cm","score":0,"formatted_price":"27 900 Ft","image_url":"https:\/\/www.meska.hu\/img\/product\/small\/a\/v\/avisura_product_96539_200718162547_757945.jpeg","formatted_url":"https:\/\/www.meska.hu\/p3789427-ludany-bor-tartegez-ijaszathoz-combszijjal-zsebbel","favourite":false,"in_stock":false,"avatar":"Avisura_avatar_96539_1623312224.jpg","delete_from":0,"is_enhanced_background":false,"is_enhanced":false,"product_selection_started":false,"is_active":true,"image_webp_url":"https:\/\/www.meska.hu\/img\/product\/small\/a\/v\/avisura_product_96539_200718162547_757945.webp"},{"id":"3433562","shop_id":"13931","user_id":"96539","shop_name":"Avisura","shop_zip":"2676","product_code":"3506574","product_name_old":null,"product_name":"lapos \"t\u00f6r\u00f6k\" tegez","category_string":"J\u00e1t\u00e9k & Sport, Sport \u00e9s kikapcsol\u00f3d\u00e1s, \u00cdj\u00e1szat","technic_string":"B\u0151rm\u0171vess\u00e9g","category_1":"305","category_2":"1381","category_3":"1053","category_4":"0","merged_category_1":"0","merged_category_2":"784","merged_category_3":"0","technic_1":"473","technic_2":"0","technic_3":"0","color_1":"514","color_2":"516","color_3":"0","product_description_old":null,"product_description":"\u2022 T\u00f6r\u00f6k - lapos t\u00edpus\u00fa tegez\u00fcnket az oldalunkon enyh\u00e9n megd\u00f6ntve kell haszn\u00e1lni, \u00fagy hogy a ny\u00edlvessz\u0151k h\u00e1trafel\u00e9 \u00e1lljanak. \n\u2022 Ez a term\u00e9k nat\u00far sz\u00edn\u0171 n\u00f6v\u00e9nyi cserz\u00e9s\u0171 marhab\u0151rb\u0151l k\u00e9sz\u00fcl, melyet mi fest\u00fcnk le a k\u00e9peken l\u00e1that\u00f3 sz\u00ednekre. \n\u2022 A tegez h\u00e1rom ponton r\u00f6gz\u00edthet\u0151. A tegez oldal\u00e1n: egy \u00f6vre f\u0171zhet\u0151 - b\u00fajtat\u00f3s sz\u00edjjal \u00e9s egy b\u0151rsz\u00e1llal. Valamint a tegez h\u00e1tulj\u00e1n egy seg\u00e9db\u0151rsz\u00e1l haszn\u00e1lat\u00e1val, amivel a tegez d\u0151l\u00e9ssz\u00f6g\u00e9t lehet be\u00e1ll\u00edtani.\n\u2022 A tegezen egy t\u00f6r\u00f6k mot\u00edvum l\u00e1that\u00f3.\n\u2022 Lapos zsebr\u00e9sszel rendelkezik.\n\u2022 A term\u00e9kre felirat, n\u00e9v, egyedi minta is k\u00e9rhet\u0151 (Minta elk\u00e9pzel\u00e9s\u00e9r\u0151l k\u00fcldj\u00f6n k\u00e9pet, ha meg tudjuk val\u00f3s\u00edtani sz\u00edvesen v\u00e1llaljuk. Ez\u00e9rt nem sz\u00e1m\u00edtunk fel plusz k\u00f6lts\u00e9get.) \n\u2022 A k\u00e9peken l\u00e1that\u00f3 term\u00e9kek m\u00e1s sz\u00edn\u00f6ssze\u00e1ll\u00edt\u00e1sban is k\u00e9rhet\u0151k. Amennyiben v\u00e1ltoztatni szeretne a sz\u00edneken k\u00e9rj\u00fck jelezze.\n\u2022 Term\u00e9k alapsz\u00ednek: b\u00e9zs, barna, s\u00f6t\u00e9tbarna, v\u00f6r\u00f6s, t\u00fcrkiz, z\u00f6ld, fekete*\n\u2022 Fon\u00e1s sz\u00ednek: b\u00e9zs, barna, s\u00f6t\u00e9tbarna, fekete, * \n\u2022 11 db ny\u00edlvessz\u0151 legyez\u0151alakban t\u00f6rt\u00e9n\u0151 t\u00e1rol\u00e1s\u00e1ra alkalmas.\n\u2022 M\u00e9rete: 42 cm x 17 cm\n\u2022 Elk\u00e9sz\u00edt\u00e9si id\u0151: 1-2 h\u00e9t (Ha van szorosabb hat\u00e1rid\u0151, amire szeretn\u00e9 a term\u00e9ket, vegye fel vel\u00fcnk a kapcsolatot.)\n","price":"25800.00","unit":"db","recommended":"0","status":"1","sponsored":"0","exp_notify":"0","own_material":"0","own_material_description_old":null,"own_material_description":"","jury":"0","jury_number":"","product_nature":"","meskaracsony":"0","create_date":"2026-03-05 19:54:15","shelve_id":"43357","image":"avisura_product_96539_200229201402_14924.jpeg","image_width":"480","image_height":"575","image_alt":"lapos \\\"t\u00f6r\u00f6k\\\" tegez, \u2022 T\u00f6r\u00f6k - lapos t\u00edpus\u00fa tegez\u00fcnket az oldalunkon enyh\u00e9n megd\u00f6ntve kell haszn\u00e1lni, \u00fagy hogy a ny\u00edlvess..., Meska","image_title":"lapos \\\"t\u00f6r\u00f6k\\\" tegez, Meska","view_count":"2958","favourite_count":"0","trending_score":"0","last2MonthFavouriteCount":"0","promotion":"0","giftcard_accept":"0","creditcard_accept":true,"enhanced_background":"0","domain":"meska","specific_customer_id":null,"specific_customer_name":null,"to_order_product":"1","to_order_product_time":"14","product_different":"quite_different","product_different_description":"Mivel term\u00e9keinket magunk festj\u00fck el\u0151fordulhat minim\u00e1lis elt\u00e9r\u00e9s a sz\u00edn\u00e1rnyalatban.\n","vintage":"0","vintage_category_id":"0","recycled":"0","gemstone_id":"0","customizable":"0","type_category":"physical","zerowaste":"0","postage_price":"1290.00","shop_order":"0","has_category":"1","landing_pages":"Aj\u00e1nd\u00e9kok f\u00e9rfiaknak, Aj\u00e1nd\u00e9kok f\u00e9rfiaknak","microdata":{"number":9,"category":""},"title":"lapos \"t\u00f6r\u00f6k\" tegez","description":"\u2022 T\u00f6r\u00f6k - lapos t\u00edpus\u00fa tegez\u00fcnket az oldalunkon enyh\u00e9n megd\u00f6ntve kell haszn\u00e1lni, \u00fagy hogy a ny\u00edlvessz\u0151k h\u00e1trafel\u00e9 \u00e1lljanak. \n\u2022 Ez a term\u00e9k nat\u00far sz\u00edn\u0171 n\u00f6v\u00e9nyi cserz\u00e9s\u0171 marhab\u0151rb\u0151l k\u00e9sz\u00fcl, melyet mi fest\u00fcnk le a k\u00e9peken l\u00e1that\u00f3 sz\u00ednekre. \n\u2022 A tegez h\u00e1rom ponton r\u00f6gz\u00edthet\u0151. A tegez oldal\u00e1n: egy \u00f6vre f\u0171zhet\u0151 - b\u00fajtat\u00f3s sz\u00edjjal \u00e9s egy b\u0151rsz\u00e1llal. Valamint a tegez h\u00e1tulj\u00e1n egy seg\u00e9db\u0151rsz\u00e1l haszn\u00e1lat\u00e1val, amivel a tegez d\u0151l\u00e9ssz\u00f6g\u00e9t lehet be\u00e1ll\u00edtani.\n\u2022 A tegezen egy t\u00f6r\u00f6k mot\u00edvum l\u00e1that\u00f3.\n\u2022 Lapos zsebr\u00e9sszel rendelkezik.\n\u2022 A term\u00e9kre felirat, n\u00e9v, egyedi minta is k\u00e9rhet\u0151 (Minta elk\u00e9pzel\u00e9s\u00e9r\u0151l k\u00fcldj\u00f6n k\u00e9pet, ha meg tudjuk val\u00f3s\u00edtani sz\u00edvesen v\u00e1llaljuk. Ez\u00e9rt nem sz\u00e1m\u00edtunk fel plusz k\u00f6lts\u00e9get.) \n\u2022 A k\u00e9peken l\u00e1that\u00f3 term\u00e9kek m\u00e1s sz\u00edn\u00f6ssze\u00e1ll\u00edt\u00e1sban is k\u00e9rhet\u0151k. Amennyiben v\u00e1ltoztatni szeretne a sz\u00edneken k\u00e9rj\u00fck jelezze.\n\u2022 Term\u00e9k alapsz\u00ednek: b\u00e9zs, barna, s\u00f6t\u00e9tbarna, v\u00f6r\u00f6s, t\u00fcrkiz, z\u00f6ld, fekete*\n\u2022 Fon\u00e1s sz\u00ednek: b\u00e9zs, barna, s\u00f6t\u00e9tbarna, fekete, * \n\u2022 11 db ny\u00edlvessz\u0151 legyez\u0151alakban t\u00f6rt\u00e9n\u0151 t\u00e1rol\u00e1s\u00e1ra alkalmas.\n\u2022 M\u00e9rete: 42 cm x 17 cm\n\u2022 Elk\u00e9sz\u00edt\u00e9si id\u0151: 1-2 h\u00e9t (Ha van szorosabb hat\u00e1rid\u0151, amire szeretn\u00e9 a term\u00e9ket, vegye fel vel\u00fcnk a kapcsolatot.)\n","score":0,"formatted_price":"25 800 Ft","image_url":"https:\/\/www.meska.hu\/img\/product\/small\/a\/v\/avisura_product_96539_200229201402_14924.jpeg","formatted_url":"https:\/\/www.meska.hu\/p3506574-lapos-torok-tegez","favourite":false,"in_stock":false,"avatar":"Avisura_avatar_96539_1623312224.jpg","delete_from":0,"is_enhanced_background":false,"is_enhanced":false,"product_selection_started":false,"is_active":true,"image_webp_url":"https:\/\/www.meska.hu\/img\/product\/small\/a\/v\/avisura_product_96539_200229201402_14924.webp"},{"id":"3459562","shop_id":"13931","user_id":"96539","shop_name":"Avisura","shop_zip":"2676","product_code":"4699181","product_name_old":null,"product_name":"Ber\u00e9ny b\u0151r oldaltegez \u00edj\u00e1szathoz -tarsollyal szettben is k\u00e9rhet\u0151","category_string":"J\u00e1t\u00e9k & Sport, Sport \u00e9s kikapcsol\u00f3d\u00e1s, \u00cdj\u00e1szat","technic_string":"B\u0151rm\u0171vess\u00e9g","category_1":"305","category_2":"1381","category_3":"1053","category_4":"0","merged_category_1":"0","merged_category_2":"784","merged_category_3":"0","technic_1":"473","technic_2":"0","technic_3":"0","color_1":"514","color_2":"0","color_3":"0","product_description_old":null,"product_description":"\u2022 Ber\u00e9ny t\u00edpus\u00fa oldal tegez\u00fcnk letisztult form\u00e1ja, k\u00e9nyelmes visel\u00e9se miatt a legn\u00e9pszer\u0171bb term\u00e9keink k\u00f6z\u00e9 tartozik. \n\u2022 Ebb\u0151l a tegezt\u00edpusb\u00f3l hagyom\u00e1nyos visel\u00e9sn\u00e9l el\u0151refel\u00e9 h\u00fazzuk ki a ny\u00edlvessz\u0151ket. Az alj\u00e1ba illesztett b\u0151rbet\u00e9tnek k\u00f6sz\u00f6nhet\u0151en \u00f6bl\u00f6sebb form\u00e1t kap, ez\u00e9rt ak\u00e1r 15-20 db ny\u00edlvessz\u0151 t\u00e1rol\u00e1s\u00e1ra is alkalmas. M\u00e9retek: 50 cm, 55 cm vagy 58 cm hossz\u00fas\u00e1gban\n\u2022R\u00e9de tarsollyal egy\u00fctt, szettben is megv\u00e1s\u00e1rolhat\u00f3. Tarsoly m\u00e9retei (akaszt\u00f3 \u00e9s z\u00e1r\u00f3sz\u00edj n\u00e9lk\u00fcl m\u00e9rve):  15,5 cm x 17.5 cm x 4,5 cm\n\u2022 Ezek a term\u00e9kek nat\u00far sz\u00edn\u0171 n\u00f6v\u00e9nyi cserz\u00e9s\u0171 marhab\u0151rb\u0151l k\u00e9sz\u00fclnek, mi festj\u00fcnk le a k\u00e9peken l\u00e1that\u00f3 sz\u00ednekre.\n\u2022 A sz\u00e9lek f\u0171z\u00f6tt, a mint\u00e1k v\u00e9sett, a h\u00e1tterek poncolt vagy v\u00e9sett technik\u00e1val k\u00e9sz\u00fclnek.\n\u2022 A term\u00e9kekre rov\u00e1s\u00edr\u00e1sos felirat, n\u00e9v, egyedi minta is k\u00e9rhet\u0151 (Minta elk\u00e9pzel\u00e9s\u00e9r\u0151l k\u00fcldj\u00f6n k\u00e9pet, ha meg tudjuk val\u00f3s\u00edtani sz\u00edvesen v\u00e1llaljuk. Ez\u00e9rt nem sz\u00e1m\u00edtunk fel plusz k\u00f6lts\u00e9get.)\n\n\u2022 Ha k\u00e9t h\u00e9ten bel\u00fcli hat\u00e1rid\u0151re kellene, k\u00e9rem \u00edrjon \u00e9s megpr\u00f3b\u00e1ljuk megoldani.\n\n\n\n\n","price":"21000.00","unit":"db","recommended":"0","status":"1","sponsored":"0","exp_notify":"0","own_material":"0","own_material_description_old":null,"own_material_description":"","jury":"0","jury_number":"","product_nature":"","meskaracsony":"0","create_date":"2026-02-28 15:08:25","shelve_id":"69554","image":"avisura_product_96539_220710184430_821287.jpeg","image_width":"480","image_height":"640","image_alt":"Ber\u00e9ny b\u0151r oldaltegez \u00edj\u00e1szathoz -tarsollyal szettben is k\u00e9rhet\u0151, \u2022 Ber\u00e9ny t\u00edpus\u00fa oldal tegez\u00fcnk letisztult form\u00e1ja, k\u00e9nyelmes visel\u00e9se miatt a legn\u00e9pszer\u0171bb term\u00e9kei..., Meska","image_title":"Ber\u00e9ny b\u0151r oldaltegez \u00edj\u00e1szathoz -tarsollyal szettben is k\u00e9rhet\u0151, Meska","view_count":"3505","favourite_count":"0","trending_score":"0","last2MonthFavouriteCount":"0","promotion":"0","giftcard_accept":"0","creditcard_accept":true,"enhanced_background":"0","domain":"meska","specific_customer_id":null,"specific_customer_name":null,"to_order_product":"1","to_order_product_time":"14","product_different":"quite_different","product_different_description":"Sz\u00edn\u00e1rnyalatban lehet n\u00e9mi elt\u00e9r\u00e9s, de a s\u00f6t\u00e9tbarna az s\u00f6t\u00e9tbarna lesz :)\n","vintage":"0","vintage_category_id":"0","recycled":"0","gemstone_id":"0","customizable":"1","type_category":"physical","zerowaste":"0","postage_price":"1290.00","shop_order":"0","has_category":"1","landing_pages":"Aj\u00e1nd\u00e9kok f\u00e9rfiaknak","microdata":{"number":10,"category":""},"title":"Ber\u00e9ny b\u0151r oldaltegez \u00edj\u00e1szathoz -tarsollyal szettben is k\u00e9rhet\u0151","description":"\u2022 Ber\u00e9ny t\u00edpus\u00fa oldal tegez\u00fcnk letisztult form\u00e1ja, k\u00e9nyelmes visel\u00e9se miatt a legn\u00e9pszer\u0171bb term\u00e9keink k\u00f6z\u00e9 tartozik. \n\u2022 Ebb\u0151l a tegezt\u00edpusb\u00f3l hagyom\u00e1nyos visel\u00e9sn\u00e9l el\u0151refel\u00e9 h\u00fazzuk ki a ny\u00edlvessz\u0151ket. Az alj\u00e1ba illesztett b\u0151rbet\u00e9tnek k\u00f6sz\u00f6nhet\u0151en \u00f6bl\u00f6sebb form\u00e1t kap, ez\u00e9rt ak\u00e1r 15-20 db ny\u00edlvessz\u0151 t\u00e1rol\u00e1s\u00e1ra is alkalmas. M\u00e9retek: 50 cm, 55 cm vagy 58 cm hossz\u00fas\u00e1gban\n\u2022R\u00e9de tarsollyal egy\u00fctt, szettben is megv\u00e1s\u00e1rolhat\u00f3. Tarsoly m\u00e9retei (akaszt\u00f3 \u00e9s z\u00e1r\u00f3sz\u00edj n\u00e9lk\u00fcl m\u00e9rve):  15,5 cm x 17.5 cm x 4,5 cm\n\u2022 Ezek a term\u00e9kek nat\u00far sz\u00edn\u0171 n\u00f6v\u00e9nyi cserz\u00e9s\u0171 marhab\u0151rb\u0151l k\u00e9sz\u00fclnek, mi festj\u00fcnk le a k\u00e9peken l\u00e1that\u00f3 sz\u00ednekre.\n\u2022 A sz\u00e9lek f\u0171z\u00f6tt, a mint\u00e1k v\u00e9sett, a h\u00e1tterek poncolt vagy v\u00e9sett technik\u00e1val k\u00e9sz\u00fclnek.\n\u2022 A term\u00e9kekre rov\u00e1s\u00edr\u00e1sos felirat, n\u00e9v, egyedi minta is k\u00e9rhet\u0151 (Minta elk\u00e9pzel\u00e9s\u00e9r\u0151l k\u00fcldj\u00f6n k\u00e9pet, ha meg tudjuk val\u00f3s\u00edtani sz\u00edvesen v\u00e1llaljuk. Ez\u00e9rt nem sz\u00e1m\u00edtunk fel plusz k\u00f6lts\u00e9get.)\n\n\u2022 Ha k\u00e9t h\u00e9ten bel\u00fcli hat\u00e1rid\u0151re kellene, k\u00e9rem \u00edrjon \u00e9s megpr\u00f3b\u00e1ljuk megoldani.\n\n\n\n\n","score":0,"formatted_price":"21 000 Ft","image_url":"https:\/\/www.meska.hu\/img\/product\/small\/a\/v\/avisura_product_96539_220710184430_821287.jpeg","formatted_url":"https:\/\/www.meska.hu\/p4699181-bereny-bor-oldaltegez-ijaszathoz-tarsollyal-szettben-is-kerheto","favourite":false,"in_stock":false,"avatar":"Avisura_avatar_96539_1623312224.jpg","delete_from":0,"is_enhanced_background":false,"is_enhanced":false,"product_selection_started":false,"is_active":true,"image_webp_url":"https:\/\/www.meska.hu\/img\/product\/small\/a\/v\/avisura_product_96539_220710184430_821287.webp"},{"id":"3470289","shop_id":"13931","user_id":"96539","shop_name":"Avisura","shop_zip":"2676","product_code":"3648676","product_name_old":null,"product_name":"Ber\u00e9ny oldaltegezek","category_string":"J\u00e1t\u00e9k & Sport, Sport \u00e9s kikapcsol\u00f3d\u00e1s, \u00cdj\u00e1szat","technic_string":"B\u0151rm\u0171vess\u00e9g","category_1":"305","category_2":"1381","category_3":"1053","category_4":"0","merged_category_1":"0","merged_category_2":"784","merged_category_3":"0","technic_1":"473","technic_2":"0","technic_3":"0","color_1":"514","color_2":"0","color_3":"0","product_description_old":null,"product_description":"\u2022 Ber\u00e9ny t\u00edpus\u00fa oldal tegez\u00fcnk letisztult form\u00e1ja, k\u00e9nyelmes visel\u00e9se miatt a legn\u00e9pszer\u0171bb term\u00e9keink k\u00f6z\u00e9 tartozik.\n\u2022 Ez a term\u00e9k nat\u00far sz\u00edn\u0171 n\u00f6v\u00e9nyi cserz\u00e9s\u0171 marhab\u0151rb\u0151l k\u00e9sz\u00fcl, melyet mi fest\u00fcnk le a k\u00e9peken l\u00e1that\u00f3 sz\u00ednekre.\n\u2022 A sz\u00e9lek f\u0171z\u00f6tt, a mint\u00e1k v\u00e9sett, a h\u00e1tterek poncolt vagy v\u00e9sett technik\u00e1val k\u00e9sz\u00fclnek.\n\u2022 A tegezre rov\u00e1s\u00edr\u00e1sos felirat, n\u00e9v, egyedi minta is k\u00e9rhet\u0151 (Minta elk\u00e9pzel\u00e9s\u00e9r\u0151l k\u00fcldj\u00f6n k\u00e9pet, ha meg tudjuk val\u00f3s\u00edtani sz\u00edvesen v\u00e1llaljuk. Ez\u00e9rt nem sz\u00e1m\u00edtunk fel plusz k\u00f6lts\u00e9get.)\n\u2022 Ebb\u0151l a tegezt\u00edpusb\u00f3l hagyom\u00e1nyos visel\u00e9sn\u00e9l el\u0151refel\u00e9 h\u00fazzuk ki a ny\u00edlvessz\u0151ket. Az alj\u00e1ba illesztett b\u0151rbet\u00e9tnek k\u00f6sz\u00f6nhet\u0151en \u00f6bl\u00f6sebb form\u00e1t kap, ez\u00e9rt ak\u00e1r 15-20 db ny\u00edlvessz\u0151 t\u00e1rol\u00e1s\u00e1ra is alkalmas.\n\u2022 Felf\u00fcggeszt\u00e9se karik\u00e1val vagy b\u00fajtat\u00f3s megold\u00e1ssal. (Esetleg + 1000 Ft-\u00e9rt csattal \u00e1ll\u00edthat\u00f3san)\n\u2022 A k\u00e9peken l\u00e1that\u00f3 tegezek m\u00e1s sz\u00edn\u00f6ssze\u00e1ll\u00edt\u00e1sban is k\u00e9rhet\u0151k. Amennyiben v\u00e1ltoztatni szeretne a sz\u00edneken k\u00e9rj\u00fck jelezze.\n\u2022 Term\u00e9k alapsz\u00edne: b\u00e9zs, barna, s\u00f6t\u00e9tbarna, v\u00f6r\u00f6s, t\u00fcrkiz, z\u00f6ld, fekete*\n\u2022 Fon\u00e1s sz\u00edne: b\u00e9zs, barna, s\u00f6t\u00e9tbarna, fekete, *\n\u2022 Ha k\u00e9t h\u00e9ten bel\u00fcli hat\u00e1rid\u0151re kellene, k\u00e9rem \u00edrjon \u00e9s megpr\u00f3b\u00e1ljuk megoldani.\n\nM\u00e9retek: 53 cm, 55cm vagy 58 cm hossz\u00fas\u00e1gban","price":"22000.00","unit":"db","recommended":"0","status":"1","sponsored":"0","exp_notify":"0","own_material":"0","own_material_description_old":null,"own_material_description":"","jury":"0","jury_number":"","product_nature":"","meskaracsony":"0","create_date":"2026-02-25 11:02:22","shelve_id":"43357","image":"avisura_product_96539_200208201449_386165.jpeg","image_width":"480","image_height":"712","image_alt":"Ber\u00e9ny oldaltegezek, \u2022 Ber\u00e9ny t\u00edpus\u00fa oldal tegez\u00fcnk letisztult form\u00e1ja, k\u00e9nyelmes visel\u00e9se miatt a legn\u00e9pszer\u0171bb term\u00e9kei..., Meska","image_title":"Ber\u00e9ny oldaltegezek, Meska","view_count":"1819","favourite_count":"0","trending_score":"0","last2MonthFavouriteCount":"0","promotion":"0","giftcard_accept":"0","creditcard_accept":true,"enhanced_background":"0","domain":"meska","specific_customer_id":null,"specific_customer_name":null,"to_order_product":"1","to_order_product_time":"14","product_different":"quite_different","product_different_description":"Sz\u00edn\u00e1rnyalatban lehet n\u00e9mi elt\u00e9r\u00e9s, de a s\u00f6t\u00e9tbarna az s\u00f6t\u00e9tbarna lesz :)\n","vintage":"0","vintage_category_id":"0","recycled":"0","gemstone_id":"0","customizable":"0","type_category":"physical","zerowaste":"0","postage_price":"1290.00","shop_order":"0","has_category":"1","landing_pages":"Aj\u00e1nd\u00e9kok f\u00e9rfiaknak","microdata":{"number":11,"category":""},"title":"Ber\u00e9ny oldaltegezek","description":"\u2022 Ber\u00e9ny t\u00edpus\u00fa oldal tegez\u00fcnk letisztult form\u00e1ja, k\u00e9nyelmes visel\u00e9se miatt a legn\u00e9pszer\u0171bb term\u00e9keink k\u00f6z\u00e9 tartozik.\n\u2022 Ez a term\u00e9k nat\u00far sz\u00edn\u0171 n\u00f6v\u00e9nyi cserz\u00e9s\u0171 marhab\u0151rb\u0151l k\u00e9sz\u00fcl, melyet mi fest\u00fcnk le a k\u00e9peken l\u00e1that\u00f3 sz\u00ednekre.\n\u2022 A sz\u00e9lek f\u0171z\u00f6tt, a mint\u00e1k v\u00e9sett, a h\u00e1tterek poncolt vagy v\u00e9sett technik\u00e1val k\u00e9sz\u00fclnek.\n\u2022 A tegezre rov\u00e1s\u00edr\u00e1sos felirat, n\u00e9v, egyedi minta is k\u00e9rhet\u0151 (Minta elk\u00e9pzel\u00e9s\u00e9r\u0151l k\u00fcldj\u00f6n k\u00e9pet, ha meg tudjuk val\u00f3s\u00edtani sz\u00edvesen v\u00e1llaljuk. Ez\u00e9rt nem sz\u00e1m\u00edtunk fel plusz k\u00f6lts\u00e9get.)\n\u2022 Ebb\u0151l a tegezt\u00edpusb\u00f3l hagyom\u00e1nyos visel\u00e9sn\u00e9l el\u0151refel\u00e9 h\u00fazzuk ki a ny\u00edlvessz\u0151ket. Az alj\u00e1ba illesztett b\u0151rbet\u00e9tnek k\u00f6sz\u00f6nhet\u0151en \u00f6bl\u00f6sebb form\u00e1t kap, ez\u00e9rt ak\u00e1r 15-20 db ny\u00edlvessz\u0151 t\u00e1rol\u00e1s\u00e1ra is alkalmas.\n\u2022 Felf\u00fcggeszt\u00e9se karik\u00e1val vagy b\u00fajtat\u00f3s megold\u00e1ssal. (Esetleg + 1000 Ft-\u00e9rt csattal \u00e1ll\u00edthat\u00f3san)\n\u2022 A k\u00e9peken l\u00e1that\u00f3 tegezek m\u00e1s sz\u00edn\u00f6ssze\u00e1ll\u00edt\u00e1sban is k\u00e9rhet\u0151k. Amennyiben v\u00e1ltoztatni szeretne a sz\u00edneken k\u00e9rj\u00fck jelezze.\n\u2022 Term\u00e9k alapsz\u00edne: b\u00e9zs, barna, s\u00f6t\u00e9tbarna, v\u00f6r\u00f6s, t\u00fcrkiz, z\u00f6ld, fekete*\n\u2022 Fon\u00e1s sz\u00edne: b\u00e9zs, barna, s\u00f6t\u00e9tbarna, fekete, *\n\u2022 Ha k\u00e9t h\u00e9ten bel\u00fcli hat\u00e1rid\u0151re kellene, k\u00e9rem \u00edrjon \u00e9s megpr\u00f3b\u00e1ljuk megoldani.\n\nM\u00e9retek: 53 cm, 55cm vagy 58 cm hossz\u00fas\u00e1gban","score":0,"formatted_price":"22 000 Ft","image_url":"https:\/\/www.meska.hu\/img\/product\/small\/a\/v\/avisura_product_96539_200208201449_386165.jpeg","formatted_url":"https:\/\/www.meska.hu\/p3648676-bereny-oldaltegezek","favourite":false,"in_stock":false,"avatar":"Avisura_avatar_96539_1623312224.jpg","delete_from":0,"is_enhanced_background":false,"is_enhanced":false,"product_selection_started":false,"is_active":true,"image_webp_url":"https:\/\/www.meska.hu\/img\/product\/small\/a\/v\/avisura_product_96539_200208201449_386165.webp"},{"id":"3468726","shop_id":"13931","user_id":"96539","shop_name":"Avisura","shop_zip":"2676","product_code":"3701678","product_name_old":null,"product_name":"Sz\u00e9les fegyver\u00f6v","category_string":"J\u00e1t\u00e9k & Sport, Sport \u00e9s kikapcsol\u00f3d\u00e1s, \u00cdj\u00e1szat","technic_string":"B\u0151rm\u0171vess\u00e9g","category_1":"305","category_2":"1381","category_3":"1053","category_4":"0","merged_category_1":"0","merged_category_2":"784","merged_category_3":"0","technic_1":"473","technic_2":"0","technic_3":"0","color_1":"514","color_2":"523","color_3":"528","product_description_old":null,"product_description":"Marhab\u0151rb\u0151l k\u00e9sz\u00fclt sz\u00e9les (10 cm) fegyver\u00f6v. Hossz\u00e1t a megrendel\u0151h\u00f6z igaz\u00edtjuk. \nEgyedi minta is k\u00e9rhet\u0151 r\u00e1. Ez nem v\u00e1ltoztat az \u00e1ron. \nMint\u00e1j\u00e1t poncol\u00e1ssal \u00e9s v\u00e9s\u00e9ssel teszz\u00fck az \u00f6vre. Az \u00f6v k\u00f6rbe van szironyozva \u00e9s tov\u00e1bbi d\u00edsz\u00edt\u0151 fon\u00e1sokat is tartalmaz.\nAz \u00f6vh\u00f6z tartozik 2 db er\u0151s csipk\u00e9s csat, 2 db sz\u00edjv\u00e9g, 1 db sima csat (tarsolyakaszt\u00f3hoz), 4 db mozgathat\u00f3 akaszt\u00f3.","price":"38000.00","unit":"db","recommended":"0","status":"1","sponsored":"0","exp_notify":"0","own_material":"0","own_material_description_old":null,"own_material_description":"","jury":"0","jury_number":"","product_nature":"","meskaracsony":"0","create_date":"2026-02-22 10:02:32","shelve_id":"57344","image":"avisura_product_96539_220710182017_382468.jpeg","image_width":"480","image_height":"360","image_alt":"Sz\u00e9les fegyver\u00f6v, Marhab\u0151rb\u0151l k\u00e9sz\u00fclt sz\u00e9les (10 cm) fegyver\u00f6v. Hossz\u00e1t a megrendel\u0151h\u00f6z igaz\u00edtjuk. \\nEgyedi minta is k\u00e9..., Meska","image_title":"Sz\u00e9les fegyver\u00f6v, Meska","view_count":"4430","favourite_count":"0","trending_score":"0","last2MonthFavouriteCount":"0","promotion":"0","giftcard_accept":"0","creditcard_accept":true,"enhanced_background":"0","domain":"meska","specific_customer_id":null,"specific_customer_name":null,"to_order_product":"1","to_order_product_time":"14","product_different":"quite_different","product_different_description":"Sz\u00edn\u00e1rnyalatban lehet n\u00e9mi elt\u00e9r\u00e9s","vintage":"0","vintage_category_id":"0","recycled":"0","gemstone_id":"0","customizable":"1","type_category":"physical","zerowaste":"0","postage_price":"1290.00","shop_order":"0","has_category":"1","landing_pages":"Aj\u00e1nd\u00e9kok f\u00e9rfiaknak, Aj\u00e1nd\u00e9kok f\u00e9rfiaknak","microdata":{"number":12,"category":""},"title":"Sz\u00e9les fegyver\u00f6v","description":"Marhab\u0151rb\u0151l k\u00e9sz\u00fclt sz\u00e9les (10 cm) fegyver\u00f6v. Hossz\u00e1t a megrendel\u0151h\u00f6z igaz\u00edtjuk. \nEgyedi minta is k\u00e9rhet\u0151 r\u00e1. Ez nem v\u00e1ltoztat az \u00e1ron. \nMint\u00e1j\u00e1t poncol\u00e1ssal \u00e9s v\u00e9s\u00e9ssel teszz\u00fck az \u00f6vre. Az \u00f6v k\u00f6rbe van szironyozva \u00e9s tov\u00e1bbi d\u00edsz\u00edt\u0151 fon\u00e1sokat is tartalmaz.\nAz \u00f6vh\u00f6z tartozik 2 db er\u0151s csipk\u00e9s csat, 2 db sz\u00edjv\u00e9g, 1 db sima csat (tarsolyakaszt\u00f3hoz), 4 db mozgathat\u00f3 akaszt\u00f3.","score":0,"formatted_price":"38 000 Ft","image_url":"https:\/\/www.meska.hu\/img\/product\/small\/a\/v\/avisura_product_96539_220710182017_382468.jpeg","formatted_url":"https:\/\/www.meska.hu\/p3701678-szeles-fegyverov","favourite":false,"in_stock":false,"avatar":"Avisura_avatar_96539_1623312224.jpg","delete_from":0,"is_enhanced_background":false,"is_enhanced":false,"product_selection_started":false,"is_active":true,"image_webp_url":"https:\/\/www.meska.hu\/img\/product\/small\/a\/v\/avisura_product_96539_220710182017_382468.webp"},{"id":"3459638","shop_id":"13931","user_id":"96539","shop_name":"Avisura","shop_zip":"2676","product_code":"4699288","product_name_old":null,"product_name":"\u00cdj\u00e1sz szett: G\u00e1rdony b\u0151r oldaltegez, alkarv\u00e9d\u0151- nom\u00e1d mint\u00e1val \u00edj\u00e1szathoz ","category_string":"J\u00e1t\u00e9k & Sport, Sport \u00e9s kikapcsol\u00f3d\u00e1s, \u00cdj\u00e1szat","technic_string":"B\u0151rm\u0171vess\u00e9g","category_1":"305","category_2":"1381","category_3":"1053","category_4":"0","merged_category_1":"0","merged_category_2":"784","merged_category_3":"0","technic_1":"473","technic_2":"0","technic_3":"0","color_1":"514","color_2":"0","color_3":"0","product_description_old":null,"product_description":"\u2022 FIGYELEM!!!\nA kezdeti \u00e1r egy G\u00e1rdony tegezre vonatkozik. Amennyiben alkarv\u00e9d\u0151vel szeretn\u00e9, \u00d6nnek kell hozz\u00e1adnia a \"Szett r\u00e9szei\" men\u00fcpont alatt. \n\u2022 G\u00e1rdony t\u00edpus\u00fa oldaltegez\u00fcnk megjelen\u00e9s\u00e9ben kifinomultabb a Ber\u00e9nyn\u00e9l. A sz\u00e1ja nyitottabb, a felf\u00fcggeszt\u00e9s\u00e9n\u00e9l haszn\u00e1lt sz\u00edjak fonottak. A tegez sz\u00e9le egy l\u00e1tv\u00e1nyosabb f\u0171z\u00e9stechnika alkalmaz\u00e1s\u00e1val, b\u0151rsz\u00e1llal van \u00f6sszefonva.\n\u2022 Ebb\u0151l a tegezt\u00edpusb\u00f3l hagyom\u00e1nyos visel\u00e9sn\u00e9l el\u0151refel\u00e9 h\u00fazzuk ki a ny\u00edlvessz\u0151ket. Az alj\u00e1ba illesztett b\u0151rbet\u00e9tnek k\u00f6sz\u00f6nhet\u0151en \u00f6bl\u00f6sebb form\u00e1t kap, ez\u00e9rt ak\u00e1r 15-20 db ny\u00edlvessz\u0151 t\u00e1rol\u00e1s\u00e1ra is alkalmas. \n\u2022 Ez a term\u00e9k nat\u00far sz\u00edn\u0171 n\u00f6v\u00e9nyi cserz\u00e9s\u0171 marhab\u0151rb\u0151l k\u00e9sz\u00fcl, melyet mi fest\u00fcnk le a k\u00e9peken l\u00e1that\u00f3 sz\u00ednekre. \n\u2022 Felf\u00fcggeszt\u00e9se karik\u00e1val vagy b\u00fajtat\u00f3s megold\u00e1ssal. (Esetleg + 1000 Ft-\u00e9rt csattal \u00e1ll\u00edthat\u00f3san)\n\u2022 A sz\u00e9lek f\u0171z\u00f6tt, a mint\u00e1k v\u00e9sett, a h\u00e1tterek poncolt vagy v\u00e9sett technik\u00e1val k\u00e9sz\u00fclnek.\n\u2022 A tegezre rov\u00e1s\u00edr\u00e1sos felirat, n\u00e9v, egyedi minta is k\u00e9rhet\u0151 (Minta elk\u00e9pzel\u00e9s\u00e9r\u0151l k\u00fcldj\u00f6n k\u00e9pet, ha meg tudjuk val\u00f3s\u00edtani sz\u00edvesen v\u00e1llaljuk. Ez\u00e9rt nem sz\u00e1m\u00edtunk fel plusz k\u00f6lts\u00e9get.)\n\u2022 A k\u00e9peken l\u00e1that\u00f3 tegezek m\u00e1s sz\u00edn\u00f6ssze\u00e1ll\u00edt\u00e1sban is k\u00e9rhet\u0151k. Amennyiben v\u00e1ltoztatni szeretne a sz\u00edneken k\u00e9rj\u00fck jelezze.\n\u2022 Term\u00e9k alapsz\u00edne: b\u00e9zs, barna, s\u00f6t\u00e9tbarna, v\u00f6r\u00f6s, t\u00fcrkiz, z\u00f6ld, fekete*\n\u2022 Fon\u00e1s sz\u00edne: b\u00e9zs, barna, s\u00f6t\u00e9tbarna, fekete, *\n\u2022 Ha k\u00e9t h\u00e9ten bel\u00fcli hat\u00e1rid\u0151re kellene, k\u00e9rem \u00edrjon \u00e9s megpr\u00f3b\u00e1ljuk megoldani.\n\nAlkarv\u00e9d\u0151 elk\u00e9sz\u00edt\u00e9s\u00e9hez k\u00e9rj\u00fck \u00edrja meg \u00fczenetben a sz\u00fcks\u00e9ges m\u00e9reteket (alkarn\u00e1l ker\u00fclet, csukl\u00f3n\u00e1l ker\u00fclet, a k\u00e9t m\u00e9r\u00e9s k\u00f6zti t\u00e1v)\n\nM\u00e9retek: 50 cm vagy 56 cm hossz\u00fas\u00e1gban","price":"25000.00","unit":"db","recommended":"0","status":"1","sponsored":"0","exp_notify":"0","own_material":"0","own_material_description_old":null,"own_material_description":"","jury":"0","jury_number":"","product_nature":"","meskaracsony":"0","create_date":"2026-02-19 23:27:37","shelve_id":"43357","image":"avisura_product_96539_220710184947_970671.jpeg","image_width":"480","image_height":"769","image_alt":"\u00cdj\u00e1sz szett: G\u00e1rdony b\u0151r oldaltegez, alkarv\u00e9d\u0151- nom\u00e1d mint\u00e1val \u00edj\u00e1szathoz , \u2022 FIGYELEM!!!\\nA kezdeti \u00e1r egy G\u00e1rdony tegezre vonatkozik. Amennyiben alkarv\u00e9d\u0151vel szeretn\u00e9, \u00d6nnek k..., Meska","image_title":"\u00cdj\u00e1sz szett: G\u00e1rdony b\u0151r oldaltegez, alkarv\u00e9d\u0151- nom\u00e1d mint\u00e1val \u00edj\u00e1szathoz , Meska","view_count":"2175","favourite_count":"0","trending_score":"0","last2MonthFavouriteCount":"0","promotion":"0","giftcard_accept":"0","creditcard_accept":true,"enhanced_background":"0","domain":"meska","specific_customer_id":null,"specific_customer_name":null,"to_order_product":"1","to_order_product_time":"14","product_different":"quite_different","product_different_description":"Sz\u00edn\u00e1rnyalatban lehet n\u00e9mi elt\u00e9r\u00e9s, de a s\u00f6t\u00e9tbarna az s\u00f6t\u00e9tbarna lesz :)\n","vintage":"0","vintage_category_id":"0","recycled":"0","gemstone_id":"0","customizable":"1","type_category":"physical","zerowaste":"0","postage_price":"1290.00","shop_order":"0","has_category":"1","landing_pages":"Aj\u00e1nd\u00e9kok f\u00e9rfiaknak, Aj\u00e1nd\u00e9kok f\u00e9rfiaknak","microdata":{"number":13,"category":""},"title":"\u00cdj\u00e1sz szett: G\u00e1rdony b\u0151r oldaltegez, alkarv\u00e9d\u0151- nom\u00e1d mint\u00e1val \u00edj\u00e1szathoz ","description":"\u2022 FIGYELEM!!!\nA kezdeti \u00e1r egy G\u00e1rdony tegezre vonatkozik. Amennyiben alkarv\u00e9d\u0151vel szeretn\u00e9, \u00d6nnek kell hozz\u00e1adnia a \"Szett r\u00e9szei\" men\u00fcpont alatt. \n\u2022 G\u00e1rdony t\u00edpus\u00fa oldaltegez\u00fcnk megjelen\u00e9s\u00e9ben kifinomultabb a Ber\u00e9nyn\u00e9l. A sz\u00e1ja nyitottabb, a felf\u00fcggeszt\u00e9s\u00e9n\u00e9l haszn\u00e1lt sz\u00edjak fonottak. A tegez sz\u00e9le egy l\u00e1tv\u00e1nyosabb f\u0171z\u00e9stechnika alkalmaz\u00e1s\u00e1val, b\u0151rsz\u00e1llal van \u00f6sszefonva.\n\u2022 Ebb\u0151l a tegezt\u00edpusb\u00f3l hagyom\u00e1nyos visel\u00e9sn\u00e9l el\u0151refel\u00e9 h\u00fazzuk ki a ny\u00edlvessz\u0151ket. Az alj\u00e1ba illesztett b\u0151rbet\u00e9tnek k\u00f6sz\u00f6nhet\u0151en \u00f6bl\u00f6sebb form\u00e1t kap, ez\u00e9rt ak\u00e1r 15-20 db ny\u00edlvessz\u0151 t\u00e1rol\u00e1s\u00e1ra is alkalmas. \n\u2022 Ez a term\u00e9k nat\u00far sz\u00edn\u0171 n\u00f6v\u00e9nyi cserz\u00e9s\u0171 marhab\u0151rb\u0151l k\u00e9sz\u00fcl, melyet mi fest\u00fcnk le a k\u00e9peken l\u00e1that\u00f3 sz\u00ednekre. \n\u2022 Felf\u00fcggeszt\u00e9se karik\u00e1val vagy b\u00fajtat\u00f3s megold\u00e1ssal. (Esetleg + 1000 Ft-\u00e9rt csattal \u00e1ll\u00edthat\u00f3san)\n\u2022 A sz\u00e9lek f\u0171z\u00f6tt, a mint\u00e1k v\u00e9sett, a h\u00e1tterek poncolt vagy v\u00e9sett technik\u00e1val k\u00e9sz\u00fclnek.\n\u2022 A tegezre rov\u00e1s\u00edr\u00e1sos felirat, n\u00e9v, egyedi minta is k\u00e9rhet\u0151 (Minta elk\u00e9pzel\u00e9s\u00e9r\u0151l k\u00fcldj\u00f6n k\u00e9pet, ha meg tudjuk val\u00f3s\u00edtani sz\u00edvesen v\u00e1llaljuk. Ez\u00e9rt nem sz\u00e1m\u00edtunk fel plusz k\u00f6lts\u00e9get.)\n\u2022 A k\u00e9peken l\u00e1that\u00f3 tegezek m\u00e1s sz\u00edn\u00f6ssze\u00e1ll\u00edt\u00e1sban is k\u00e9rhet\u0151k. Amennyiben v\u00e1ltoztatni szeretne a sz\u00edneken k\u00e9rj\u00fck jelezze.\n\u2022 Term\u00e9k alapsz\u00edne: b\u00e9zs, barna, s\u00f6t\u00e9tbarna, v\u00f6r\u00f6s, t\u00fcrkiz, z\u00f6ld, fekete*\n\u2022 Fon\u00e1s sz\u00edne: b\u00e9zs, barna, s\u00f6t\u00e9tbarna, fekete, *\n\u2022 Ha k\u00e9t h\u00e9ten bel\u00fcli hat\u00e1rid\u0151re kellene, k\u00e9rem \u00edrjon \u00e9s megpr\u00f3b\u00e1ljuk megoldani.\n\nAlkarv\u00e9d\u0151 elk\u00e9sz\u00edt\u00e9s\u00e9hez k\u00e9rj\u00fck \u00edrja meg \u00fczenetben a sz\u00fcks\u00e9ges m\u00e9reteket (alkarn\u00e1l ker\u00fclet, csukl\u00f3n\u00e1l ker\u00fclet, a k\u00e9t m\u00e9r\u00e9s k\u00f6zti t\u00e1v)\n\nM\u00e9retek: 50 cm vagy 56 cm hossz\u00fas\u00e1gban","score":0,"formatted_price":"25 000 Ft","image_url":"https:\/\/www.meska.hu\/img\/product\/small\/a\/v\/avisura_product_96539_220710184947_970671.jpeg","formatted_url":"https:\/\/www.meska.hu\/p4699288-gardony-bor-oldaltegez-alkarvedovel-nomad-mintaval-ijaszathoz","favourite":false,"in_stock":false,"avatar":"Avisura_avatar_96539_1623312224.jpg","delete_from":0,"is_enhanced_background":false,"is_enhanced":false,"product_selection_started":false,"is_active":true,"image_webp_url":"https:\/\/www.meska.hu\/img\/product\/small\/a\/v\/avisura_product_96539_220710184947_970671.webp"},{"id":"3459513","shop_id":"13931","user_id":"96539","shop_name":"Avisura","shop_zip":"2676","product_code":"4699127","product_name_old":null,"product_name":"R\u00e9de szironyozott sz\u00e9l\u0171 hun mint\u00e1s b\u0151rtarsoly ","category_string":"J\u00e1t\u00e9k & Sport, Sport \u00e9s kikapcsol\u00f3d\u00e1s, \u00cdj\u00e1szat","technic_string":"B\u0151rm\u0171vess\u00e9g","category_1":"305","category_2":"1381","category_3":"1053","category_4":"0","merged_category_1":"0","merged_category_2":"784","merged_category_3":"0","technic_1":"473","technic_2":"0","technic_3":"0","color_1":"514","color_2":"0","color_3":"0","product_description_old":null,"product_description":"\u2022 R\u00e9de t\u00edpus\u00fa tarsolyaink \u00e1llnak a legk\u00f6zelebb formailag a honfoglal\u00e1skori tarsolyokhoz.\n\u2022 Ez a term\u00e9k nat\u00far sz\u00edn\u0171 n\u00f6v\u00e9nyi cserz\u00e9s\u0171 marhab\u0151rb\u0151l k\u00e9sz\u00fcl, melyet mi fest\u00fcnk le a k\u00e9peken l\u00e1that\u00f3 sz\u00ednekre.\n\u2022 Egy akaszt\u00f3s kivitelben k\u00e9sz\u00edtj\u00fck. Ak\u00e1r 7 cm sz\u00e9les \u00f6vre is felf\u0171zhet\u0151. Akaszt\u00f3ja d\u00edsz\u00edt\u0151 f\u0171zz\u00e9ssel van ell\u00e1tva.\n\u2022 Minta h\u00e1ttere poncolt vagy v\u00e9sett technik\u00e1val k\u00e9sz\u00fcl.\n\u2022 A tarsolyra rov\u00e1s\u00edr\u00e1sos felirat, n\u00e9v, egyedi minta is k\u00e9rhet\u0151 (Minta elk\u00e9pzel\u00e9s\u00e9r\u0151l k\u00fcldj\u00f6n k\u00e9pet, ha meg tudjuk val\u00f3s\u00edtani sz\u00edvesen v\u00e1llaljuk. Ez\u00e9rt nem sz\u00e1m\u00edtunk fel plusz k\u00f6lts\u00e9get.) Feliratot f\u0151leg a zsebr\u00e9szre szoktuk tenni.\n\u2022 A k\u00e9peken l\u00e1that\u00f3 tarsolyok m\u00e1s sz\u00edn\u00f6ssze\u00e1ll\u00edt\u00e1sban is k\u00e9rhet\u0151k. Amennyiben v\u00e1ltoztatni szeretne a sz\u00edneken k\u00e9rj\u00fck jelezze.\n\u2022 Tarsoly alapsz\u00edne: b\u00e9zs, barna, s\u00f6t\u00e9tbarna, v\u00f6r\u00f6s, t\u00fcrkiz, z\u00f6ld, fekete*\n\u2022 Fon\u00e1s sz\u00edne: b\u00e9zs, barna, s\u00f6t\u00e9tbarna, fekete, *\n\u2022 Ha k\u00e9t h\u00e9ten bel\u00fcli hat\u00e1rid\u0151re kellene, k\u00e9rj\u00fck vegye fel vel\u00fcnk a kapcsolatot \u00e9s megpr\u00f3b\u00e1ljuk megoldani.\n\u2022 M\u00e9retek (akaszt\u00f3 \u00e9s z\u00e1r\u00f3sz\u00edj n\u00e9lk\u00fcl m\u00e9rve): \nS: 12,5 cm x 14 cm x 3,5 cm\nM: 15,5 cm x 17.5 cm x 4,5 cm\nL: 17 cm x 19 cm x 4,5 cm (+ 1000Ft)","price":"23700.00","unit":"db","recommended":"0","status":"1","sponsored":"0","exp_notify":"0","own_material":"0","own_material_description_old":null,"own_material_description":"","jury":"0","jury_number":"","product_nature":"","meskaracsony":"0","create_date":"2026-02-18 11:52:56","shelve_id":"43231","image":"avisura_product_96539_220710183002_997958.jpeg","image_width":"480","image_height":"590","image_alt":"R\u00e9de szironyozott sz\u00e9l\u0171 hun mint\u00e1s b\u0151rtarsoly , \u2022 R\u00e9de t\u00edpus\u00fa tarsolyaink \u00e1llnak a legk\u00f6zelebb formailag a honfoglal\u00e1skori tarsolyokhoz.\\n\u2022 Ez a term..., Meska","image_title":"R\u00e9de szironyozott sz\u00e9l\u0171 hun mint\u00e1s b\u0151rtarsoly , Meska","view_count":"2734","favourite_count":"0","trending_score":"0","last2MonthFavouriteCount":"0","promotion":"0","giftcard_accept":"0","creditcard_accept":true,"enhanced_background":"0","domain":"meska","specific_customer_id":null,"specific_customer_name":null,"to_order_product":"1","to_order_product_time":"14","product_different":"quite_different","product_different_description":"Sz\u00edn\u00e1rnyalatban lehet n\u00e9mi elt\u00e9r\u00e9s a k\u00e9phez k\u00e9pest","vintage":"0","vintage_category_id":"0","recycled":"0","gemstone_id":"0","customizable":"0","type_category":"physical","zerowaste":"0","postage_price":"1290.00","shop_order":"0","has_category":"1","landing_pages":"Aj\u00e1nd\u00e9kok f\u00e9rfiaknak","microdata":{"number":14,"category":""},"title":"R\u00e9de szironyozott sz\u00e9l\u0171 hun mint\u00e1s b\u0151rtarsoly ","description":"\u2022 R\u00e9de t\u00edpus\u00fa tarsolyaink \u00e1llnak a legk\u00f6zelebb formailag a honfoglal\u00e1skori tarsolyokhoz.\n\u2022 Ez a term\u00e9k nat\u00far sz\u00edn\u0171 n\u00f6v\u00e9nyi cserz\u00e9s\u0171 marhab\u0151rb\u0151l k\u00e9sz\u00fcl, melyet mi fest\u00fcnk le a k\u00e9peken l\u00e1that\u00f3 sz\u00ednekre.\n\u2022 Egy akaszt\u00f3s kivitelben k\u00e9sz\u00edtj\u00fck. Ak\u00e1r 7 cm sz\u00e9les \u00f6vre is felf\u0171zhet\u0151. Akaszt\u00f3ja d\u00edsz\u00edt\u0151 f\u0171zz\u00e9ssel van ell\u00e1tva.\n\u2022 Minta h\u00e1ttere poncolt vagy v\u00e9sett technik\u00e1val k\u00e9sz\u00fcl.\n\u2022 A tarsolyra rov\u00e1s\u00edr\u00e1sos felirat, n\u00e9v, egyedi minta is k\u00e9rhet\u0151 (Minta elk\u00e9pzel\u00e9s\u00e9r\u0151l k\u00fcldj\u00f6n k\u00e9pet, ha meg tudjuk val\u00f3s\u00edtani sz\u00edvesen v\u00e1llaljuk. Ez\u00e9rt nem sz\u00e1m\u00edtunk fel plusz k\u00f6lts\u00e9get.) Feliratot f\u0151leg a zsebr\u00e9szre szoktuk tenni.\n\u2022 A k\u00e9peken l\u00e1that\u00f3 tarsolyok m\u00e1s sz\u00edn\u00f6ssze\u00e1ll\u00edt\u00e1sban is k\u00e9rhet\u0151k. Amennyiben v\u00e1ltoztatni szeretne a sz\u00edneken k\u00e9rj\u00fck jelezze.\n\u2022 Tarsoly alapsz\u00edne: b\u00e9zs, barna, s\u00f6t\u00e9tbarna, v\u00f6r\u00f6s, t\u00fcrkiz, z\u00f6ld, fekete*\n\u2022 Fon\u00e1s sz\u00edne: b\u00e9zs, barna, s\u00f6t\u00e9tbarna, fekete, *\n\u2022 Ha k\u00e9t h\u00e9ten bel\u00fcli hat\u00e1rid\u0151re kellene, k\u00e9rj\u00fck vegye fel vel\u00fcnk a kapcsolatot \u00e9s megpr\u00f3b\u00e1ljuk megoldani.\n\u2022 M\u00e9retek (akaszt\u00f3 \u00e9s z\u00e1r\u00f3sz\u00edj n\u00e9lk\u00fcl m\u00e9rve): \nS: 12,5 cm x 14 cm x 3,5 cm\nM: 15,5 cm x 17.5 cm x 4,5 cm\nL: 17 cm x 19 cm x 4,5 cm (+ 1000Ft)","score":0,"formatted_price":"23 700 Ft","image_url":"https:\/\/www.meska.hu\/img\/product\/small\/a\/v\/avisura_product_96539_220710183002_997958.jpeg","formatted_url":"https:\/\/www.meska.hu\/p4699127-rede-szironyozott-szelu-hun-mintas-bortarsoly","favourite":false,"in_stock":false,"avatar":"Avisura_avatar_96539_1623312224.jpg","delete_from":0,"is_enhanced_background":false,"is_enhanced":false,"product_selection_started":false,"is_active":true,"image_webp_url":"https:\/\/www.meska.hu\/img\/product\/small\/a\/v\/avisura_product_96539_220710183002_997958.webp"},{"id":"3459763","shop_id":"13931","user_id":"96539","shop_name":"Avisura","shop_zip":"2676","product_code":"4699464","product_name_old":null,"product_name":"\u00cdj\u00e1sz felszerel\u00e9ls\/ \u00edj\u00e1sz szett: b\u0151r oldaltegez, tarsoly, k\u00e9szenl\u00e9ti \u00edjtegez rakamazi mint\u00e1val","category_string":"J\u00e1t\u00e9k & Sport, Sport \u00e9s kikapcsol\u00f3d\u00e1s, \u00cdj\u00e1szat","technic_string":"B\u0151rm\u0171vess\u00e9g","category_1":"305","category_2":"1381","category_3":"1053","category_4":"0","merged_category_1":"0","merged_category_2":"784","merged_category_3":"0","technic_1":"473","technic_2":"0","technic_3":"0","color_1":"514","color_2":"0","color_3":"0","product_description_old":null,"product_description":"\u2022 FIGYELEM!!!\nA kezdeti \u00e1r egy Ber\u00e9ny tegezre vonatkozik. A szett t\u00f6bbi r\u00e9sz\u00e9t \u00d6nnek kell hozz\u00e1adnia a \"Szett r\u00e9szei\" men\u00fcpont alatt. Ha mindh\u00e1rom term\u00e9ket szeretn\u00e9, akkor alakul ki a kedvezm\u00e9nyes \u00e1r.\n\n\u2022 Ber\u00e9ny t\u00edpus\u00fa oldal tegez\u00fcnk letisztult form\u00e1ja, k\u00e9nyelmes visel\u00e9se miatt a legn\u00e9pszer\u0171bb term\u00e9keink k\u00f6z\u00e9 tartozik. \n\u2022 Ebb\u0151l a tegezt\u00edpusb\u00f3l hagyom\u00e1nyos visel\u00e9sn\u00e9l el\u0151refel\u00e9 h\u00fazzuk ki a ny\u00edlvessz\u0151ket. Az alj\u00e1ba illesztett b\u0151rbet\u00e9tnek k\u00f6sz\u00f6nhet\u0151en \u00f6bl\u00f6sebb form\u00e1t kap, ez\u00e9rt ak\u00e1r 15-20 db ny\u00edlvessz\u0151 t\u00e1rol\u00e1s\u00e1ra is alkalmas. M\u00e9retek: 50 cm, 55 cm vagy 58 cm hossz\u00fas\u00e1gban (alapb\u00f3l 58 cm-ben k\u00e9sz\u00fcl) \u00dczenetben \u00edrja meg a sz\u00fcks\u00e9ges m\u00e9retet, ha sz\u00fcks\u00e9ges.\n\u2022 Csatos \u00e1ll\u00edthat\u00f3 sz\u00edjazattal k\u00e9sz\u00fcl.\n\n\u2022R\u00e9de tarsollyal egy\u00fctt, szettben is megv\u00e1s\u00e1rolhat\u00f3. Tarsoly m\u00e9retei (akaszt\u00f3 \u00e9s z\u00e1r\u00f3sz\u00edj n\u00e9lk\u00fcl m\u00e9rve):  15,5 cm x 17.5 cm x 4,5 cm\n\n\u2022K\u00e9szenl\u00e9ti elk\u00e9sz\u00edt\u00e9s\u00e9hez m\u00e9retekre van sz\u00fcks\u00e9g\u00fcnk az \u00edjr\u00f3l. Rendel\u00e9s lead\u00e1sa ut\u00e1n felvessz\u00fck \u00f6nnel a kapcsolatot.\n\n\u2022 Ezek a term\u00e9kek nat\u00far sz\u00edn\u0171 n\u00f6v\u00e9nyi cserz\u00e9s\u0171 marhab\u0151rb\u0151l k\u00e9sz\u00fclnek, mi festj\u00fcnk le a k\u00e9peken l\u00e1that\u00f3 sz\u00ednekre.\n\u2022 A sz\u00e9lek f\u0171z\u00f6tt, a mint\u00e1k v\u00e9sett, a h\u00e1tterek poncolt vagy v\u00e9sett technik\u00e1val k\u00e9sz\u00fclnek.\n\u2022 A term\u00e9kekre rov\u00e1s\u00edr\u00e1sos felirat, n\u00e9v, egyedi minta is k\u00e9rhet\u0151 (Minta elk\u00e9pzel\u00e9s\u00e9r\u0151l k\u00fcldj\u00f6n k\u00e9pet, ha meg tudjuk val\u00f3s\u00edtani sz\u00edvesen v\u00e1llaljuk. Ez\u00e9rt nem sz\u00e1m\u00edtunk fel plusz k\u00f6lts\u00e9get.)\n\n\n\n\n\n\n","price":"21000.00","unit":"db","recommended":"0","status":"1","sponsored":"0","exp_notify":"0","own_material":"0","own_material_description_old":null,"own_material_description":"","jury":"0","jury_number":"","product_nature":"","meskaracsony":"0","create_date":"2026-01-30 19:05:24","shelve_id":"69554","image":"avisura_product_96539_220710190523_502834.jpeg","image_width":"480","image_height":"823","image_alt":"\u00cdj\u00e1sz felszerel\u00e9ls\/ \u00edj\u00e1sz szett: b\u0151r oldaltegez, tarsoly, k\u00e9szenl\u00e9ti \u00edjtegez rakamazi mint\u00e1val, \u2022 FIGYELEM!!!\\nA kezdeti \u00e1r egy Ber\u00e9ny tegezre vonatkozik. A szett t\u00f6bbi r\u00e9sz\u00e9t \u00d6nnek kell hozz\u00e1adnia..., Meska","image_title":"\u00cdj\u00e1sz felszerel\u00e9ls\/ \u00edj\u00e1sz szett: b\u0151r oldaltegez, tarsoly, k\u00e9szenl\u00e9ti \u00edjtegez rakamazi mint\u00e1val, Meska","view_count":"11723","favourite_count":"0","trending_score":"0","last2MonthFavouriteCount":"0","promotion":"0","giftcard_accept":"0","creditcard_accept":true,"enhanced_background":"0","domain":"meska","specific_customer_id":null,"specific_customer_name":null,"to_order_product":"1","to_order_product_time":"14","product_different":"quite_different","product_different_description":"Sz\u00edn\u00e1rnyalatban lehet n\u00e9mi elt\u00e9r\u00e9s, de a s\u00f6t\u00e9tbarna az s\u00f6t\u00e9tbarna lesz :)\n","vintage":"0","vintage_category_id":"0","recycled":"0","gemstone_id":"0","customizable":"1","type_category":"physical","zerowaste":"0","postage_price":"1290.00","shop_order":"0","has_category":"1","landing_pages":"Aj\u00e1nd\u00e9kok f\u00e9rfiaknak, Aj\u00e1nd\u00e9kok f\u00e9rfiaknak","microdata":{"number":15,"category":""},"title":"\u00cdj\u00e1sz felszerel\u00e9ls\/ \u00edj\u00e1sz szett: b\u0151r oldaltegez, tarsoly, k\u00e9szenl\u00e9ti \u00edjtegez rakamazi mint\u00e1val","description":"\u2022 FIGYELEM!!!\nA kezdeti \u00e1r egy Ber\u00e9ny tegezre vonatkozik. A szett t\u00f6bbi r\u00e9sz\u00e9t \u00d6nnek kell hozz\u00e1adnia a \"Szett r\u00e9szei\" men\u00fcpont alatt. Ha mindh\u00e1rom term\u00e9ket szeretn\u00e9, akkor alakul ki a kedvezm\u00e9nyes \u00e1r.\n\n\u2022 Ber\u00e9ny t\u00edpus\u00fa oldal tegez\u00fcnk letisztult form\u00e1ja, k\u00e9nyelmes visel\u00e9se miatt a legn\u00e9pszer\u0171bb term\u00e9keink k\u00f6z\u00e9 tartozik. \n\u2022 Ebb\u0151l a tegezt\u00edpusb\u00f3l hagyom\u00e1nyos visel\u00e9sn\u00e9l el\u0151refel\u00e9 h\u00fazzuk ki a ny\u00edlvessz\u0151ket. Az alj\u00e1ba illesztett b\u0151rbet\u00e9tnek k\u00f6sz\u00f6nhet\u0151en \u00f6bl\u00f6sebb form\u00e1t kap, ez\u00e9rt ak\u00e1r 15-20 db ny\u00edlvessz\u0151 t\u00e1rol\u00e1s\u00e1ra is alkalmas. M\u00e9retek: 50 cm, 55 cm vagy 58 cm hossz\u00fas\u00e1gban (alapb\u00f3l 58 cm-ben k\u00e9sz\u00fcl) \u00dczenetben \u00edrja meg a sz\u00fcks\u00e9ges m\u00e9retet, ha sz\u00fcks\u00e9ges.\n\u2022 Csatos \u00e1ll\u00edthat\u00f3 sz\u00edjazattal k\u00e9sz\u00fcl.\n\n\u2022R\u00e9de tarsollyal egy\u00fctt, szettben is megv\u00e1s\u00e1rolhat\u00f3. Tarsoly m\u00e9retei (akaszt\u00f3 \u00e9s z\u00e1r\u00f3sz\u00edj n\u00e9lk\u00fcl m\u00e9rve):  15,5 cm x 17.5 cm x 4,5 cm\n\n\u2022K\u00e9szenl\u00e9ti elk\u00e9sz\u00edt\u00e9s\u00e9hez m\u00e9retekre van sz\u00fcks\u00e9g\u00fcnk az \u00edjr\u00f3l. Rendel\u00e9s lead\u00e1sa ut\u00e1n felvessz\u00fck \u00f6nnel a kapcsolatot.\n\n\u2022 Ezek a term\u00e9kek nat\u00far sz\u00edn\u0171 n\u00f6v\u00e9nyi cserz\u00e9s\u0171 marhab\u0151rb\u0151l k\u00e9sz\u00fclnek, mi festj\u00fcnk le a k\u00e9peken l\u00e1that\u00f3 sz\u00ednekre.\n\u2022 A sz\u00e9lek f\u0171z\u00f6tt, a mint\u00e1k v\u00e9sett, a h\u00e1tterek poncolt vagy v\u00e9sett technik\u00e1val k\u00e9sz\u00fclnek.\n\u2022 A term\u00e9kekre rov\u00e1s\u00edr\u00e1sos felirat, n\u00e9v, egyedi minta is k\u00e9rhet\u0151 (Minta elk\u00e9pzel\u00e9s\u00e9r\u0151l k\u00fcldj\u00f6n k\u00e9pet, ha meg tudjuk val\u00f3s\u00edtani sz\u00edvesen v\u00e1llaljuk. Ez\u00e9rt nem sz\u00e1m\u00edtunk fel plusz k\u00f6lts\u00e9get.)\n\n\n\n\n\n\n","score":0,"formatted_price":"21 000 Ft","image_url":"https:\/\/www.meska.hu\/img\/product\/small\/a\/v\/avisura_product_96539_220710190523_502834.jpeg","formatted_url":"https:\/\/www.meska.hu\/p4699464-ijasz-felszerelels-ijasz-szett-bor-oldaltegez-tarsoly-keszenleti-ijtegez-rakamazi-mintaval","favourite":false,"in_stock":false,"avatar":"Avisura_avatar_96539_1623312224.jpg","delete_from":0,"is_enhanced_background":false,"is_enhanced":false,"product_selection_started":false,"is_active":true,"image_webp_url":"https:\/\/www.meska.hu\/img\/product\/small\/a\/v\/avisura_product_96539_220710190523_502834.webp"},{"id":"3459503","shop_id":"13931","user_id":"96539","shop_name":"Avisura","shop_zip":"2676","product_code":"4699113","product_name_old":null,"product_name":"Sz\u00e9les fegyver\u00f6v","category_string":"J\u00e1t\u00e9k & Sport, Sport \u00e9s kikapcsol\u00f3d\u00e1s, \u00cdj\u00e1szat","technic_string":"B\u0151rm\u0171vess\u00e9g","category_1":"305","category_2":"1381","category_3":"1053","category_4":"0","merged_category_1":"0","merged_category_2":"784","merged_category_3":"0","technic_1":"473","technic_2":"0","technic_3":"0","color_1":"514","color_2":"523","color_3":"528","product_description_old":null,"product_description":"Marhab\u0151rb\u0151l k\u00e9sz\u00fclt sz\u00e9les (10 cm) fegyver\u00f6v. Hossz\u00e1t a megrendel\u0151h\u00f6z igaz\u00edtjuk. \nEgyedi minta is k\u00e9rhet\u0151 r\u00e1. Ez nem v\u00e1ltoztat az \u00e1ron. \nMint\u00e1j\u00e1t poncol\u00e1ssal \u00e9s v\u00e9s\u00e9ssel teszz\u00fck az \u00f6vre. Az \u00f6v k\u00f6rbe van szironyozva \u00e9s tov\u00e1bbi d\u00edsz\u00edt\u0151 fon\u00e1sokat is tartalmaz.\nAz \u00f6vh\u00f6z tartozik 2 db er\u0151s csipk\u00e9s csat, 2 db sz\u00edjv\u00e9g, 1 db sima csat (tarsolyakaszt\u00f3hoz), 4 db mozgathat\u00f3 akaszt\u00f3.","price":"38000.00","unit":"db","recommended":"0","status":"1","sponsored":"0","exp_notify":"0","own_material":"0","own_material_description_old":null,"own_material_description":"","jury":"0","jury_number":"","product_nature":"","meskaracsony":"0","create_date":"2026-01-22 20:05:11","shelve_id":"57344","image":"avisura_product_96539_220710182725_433554.jpeg","image_width":"480","image_height":"360","image_alt":"Sz\u00e9les fegyver\u00f6v, Marhab\u0151rb\u0151l k\u00e9sz\u00fclt sz\u00e9les (10 cm) fegyver\u00f6v. Hossz\u00e1t a megrendel\u0151h\u00f6z igaz\u00edtjuk. \\nEgyedi minta is k\u00e9..., Meska","image_title":"Sz\u00e9les fegyver\u00f6v, Meska","view_count":"1803","favourite_count":"1","trending_score":"0","last2MonthFavouriteCount":"0","promotion":"0","giftcard_accept":"0","creditcard_accept":true,"enhanced_background":"0","domain":"meska","specific_customer_id":null,"specific_customer_name":null,"to_order_product":"1","to_order_product_time":"14","product_different":"quite_different","product_different_description":"Sz\u00edn\u00e1rnyalatban lehet n\u00e9mi elt\u00e9r\u00e9s","vintage":"0","vintage_category_id":"0","recycled":"0","gemstone_id":"0","customizable":"1","type_category":"physical","zerowaste":"0","postage_price":"1290.00","shop_order":"0","has_category":"1","landing_pages":"Aj\u00e1nd\u00e9kok f\u00e9rfiaknak, Aj\u00e1nd\u00e9kok f\u00e9rfiaknak","microdata":{"number":16,"category":""},"title":"Sz\u00e9les fegyver\u00f6v","description":"Marhab\u0151rb\u0151l k\u00e9sz\u00fclt sz\u00e9les (10 cm) fegyver\u00f6v. Hossz\u00e1t a megrendel\u0151h\u00f6z igaz\u00edtjuk. \nEgyedi minta is k\u00e9rhet\u0151 r\u00e1. Ez nem v\u00e1ltoztat az \u00e1ron. \nMint\u00e1j\u00e1t poncol\u00e1ssal \u00e9s v\u00e9s\u00e9ssel teszz\u00fck az \u00f6vre. Az \u00f6v k\u00f6rbe van szironyozva \u00e9s tov\u00e1bbi d\u00edsz\u00edt\u0151 fon\u00e1sokat is tartalmaz.\nAz \u00f6vh\u00f6z tartozik 2 db er\u0151s csipk\u00e9s csat, 2 db sz\u00edjv\u00e9g, 1 db sima csat (tarsolyakaszt\u00f3hoz), 4 db mozgathat\u00f3 akaszt\u00f3.","score":0,"formatted_price":"38 000 Ft","image_url":"https:\/\/www.meska.hu\/img\/product\/small\/a\/v\/avisura_product_96539_220710182725_433554.jpeg","formatted_url":"https:\/\/www.meska.hu\/p4699113-szeles-fegyverov","favourite":false,"in_stock":false,"avatar":"Avisura_avatar_96539_1623312224.jpg","delete_from":0,"is_enhanced_background":false,"is_enhanced":false,"product_selection_started":false,"is_active":true,"image_webp_url":"https:\/\/www.meska.hu\/img\/product\/small\/a\/v\/avisura_product_96539_220710182725_433554.webp"},{"id":"5187111","shop_id":"22108","user_id":"232769","shop_name":"Marina07","shop_zip":"2400","product_code":"5190906","product_name_old":null,"product_name":"\u00cdj\u00e1sz tegez s\u00f3lyom mint\u00e1val","category_string":"J\u00e1t\u00e9k & Sport, Sport \u00e9s kikapcsol\u00f3d\u00e1s, \u00cdj\u00e1szat","technic_string":"","category_1":"305","category_2":"1381","category_3":"1053","category_4":"0","merged_category_1":null,"merged_category_2":null,"merged_category_3":null,"technic_1":"0","technic_2":"0","technic_3":"0","color_1":"514","color_2":"0","color_3":"0","product_description_old":null,"product_description":"Az \u00edj\u00e1szat a magyar n\u00e9p \u00f6si harcm\u0171v\u00e9szete. Ennek egyik kell\u00e9ke a tegez, melyben az ny\u00edlvessz\u0151ket t\u00e1rolj\u00e1k.\n\nAz iit l\u00e1that\u00f3 tegez f\u0151 mot\u00edvuma a s\u00f3lyom mint\u00e1zat. Az alja fel\u00e9 inda d\u00edsz\u00edt\u00e9s tal\u00e1lhat\u00f3. Alapanyaga natur  marhab\u0151r, k\u00e9zi fest\u00e9ssel dekor\u00e1ltam.  A tegez alja f\u00e1b\u00f3l k\u00e9sz\u00fclt, hogy a ny\u00edlvessz\u0151ket j\u00f3l tartsa, K\u00edv\u00fcl \u00e9s bel\u00fcl is bevontam b\u0151rrel. Oldala \u00f6sszefogat\u00e1sa f\u0171z\u00e9ssel t\u00f6rt\u00e9nt, mely a tetej\u00e9n is folytat\u00f3dik d\u00edsz\u00edt\u0151 elemk\u00e9nt.\n\nFelf\u00fcggeszt\u00e9se lehets\u00e9ges egy ponton \u00e9s k\u00e9t ponton is. A sz\u00edj hossz\u00fas\u00e1ga csattal v\u00e1toztathat\u00f3. A tegez fels\u0151 r\u00e9sz\u00e9n\u00e9l b\u0151r sz\u00edj van \u00e1tf\u0171zve, mellyel a ny\u00edlvessz\u0151k \u00e1tk\u00f6thet\u0151k, hogy ne essenek ki.\n\nAz \u00edj\u00e1sz tegez hossza 52 cm, sz\u00e9less\u00e9ge 13 cm.","price":"21000.00","unit":"db","recommended":"0","status":"1","sponsored":"0","exp_notify":"0","own_material":"0","own_material_description_old":null,"own_material_description":"","jury":"0","jury_number":"","product_nature":"","meskaracsony":"0","create_date":"2026-01-19 16:59:46","shelve_id":"74887","image":"marina07_product_232769_240123173159_544235.jpeg","image_width":"480","image_height":"480","image_alt":"\u00cdj\u00e1sz tegez s\u00f3lyom mint\u00e1val, Az \u00edj\u00e1szat a magyar n\u00e9p \u00f6si harcm\u0171v\u00e9szete. Ennek egyik kell\u00e9ke a tegez, melyben az ny\u00edlvessz\u0151ket t\u00e1r..., Meska","image_title":"\u00cdj\u00e1sz tegez s\u00f3lyom mint\u00e1val, Meska","view_count":"1128","favourite_count":"0","trending_score":"0","last2MonthFavouriteCount":"0","promotion":0,"giftcard_accept":"1","creditcard_accept":true,"enhanced_background":"0","domain":"meska","specific_customer_id":null,"specific_customer_name":null,"to_order_product":"0","to_order_product_time":"0","product_different":null,"product_different_description":"","vintage":"0","vintage_category_id":"0","recycled":"0","gemstone_id":"0","customizable":"0","type_category":"physical","zerowaste":"0","postage_price":"1349.00","shop_order":"0","has_category":"1","landing_pages":"Aj\u00e1nd\u00e9kok f\u00e9rfiaknak","microdata":{"number":17,"category":""},"title":"\u00cdj\u00e1sz tegez s\u00f3lyom mint\u00e1val","description":"Az \u00edj\u00e1szat a magyar n\u00e9p \u00f6si harcm\u0171v\u00e9szete. Ennek egyik kell\u00e9ke a tegez, melyben az ny\u00edlvessz\u0151ket t\u00e1rolj\u00e1k.\n\nAz iit l\u00e1that\u00f3 tegez f\u0151 mot\u00edvuma a s\u00f3lyom mint\u00e1zat. Az alja fel\u00e9 inda d\u00edsz\u00edt\u00e9s tal\u00e1lhat\u00f3. Alapanyaga natur  marhab\u0151r, k\u00e9zi fest\u00e9ssel dekor\u00e1ltam.  A tegez alja f\u00e1b\u00f3l k\u00e9sz\u00fclt, hogy a ny\u00edlvessz\u0151ket j\u00f3l tartsa, K\u00edv\u00fcl \u00e9s bel\u00fcl is bevontam b\u0151rrel. Oldala \u00f6sszefogat\u00e1sa f\u0171z\u00e9ssel t\u00f6rt\u00e9nt, mely a tetej\u00e9n is folytat\u00f3dik d\u00edsz\u00edt\u0151 elemk\u00e9nt.\n\nFelf\u00fcggeszt\u00e9se lehets\u00e9ges egy ponton \u00e9s k\u00e9t ponton is. A sz\u00edj hossz\u00fas\u00e1ga csattal v\u00e1toztathat\u00f3. A tegez fels\u0151 r\u00e9sz\u00e9n\u00e9l b\u0151r sz\u00edj van \u00e1tf\u0171zve, mellyel a ny\u00edlvessz\u0151k \u00e1tk\u00f6thet\u0151k, hogy ne essenek ki.\n\nAz \u00edj\u00e1sz tegez hossza 52 cm, sz\u00e9less\u00e9ge 13 cm.","score":0,"formatted_price":"21 000 Ft","image_url":"https:\/\/www.meska.hu\/img\/product\/small\/m\/a\/marina07_product_232769_240123173159_544235.jpeg","formatted_url":"https:\/\/www.meska.hu\/p5190906-ijasz-tegez-solyom-mintaval","favourite":false,"in_stock":true,"avatar":"232769_avatar_1719940072.jpeg","delete_from":0,"is_enhanced_background":false,"is_enhanced":false,"product_selection_started":false,"is_active":true,"image_webp_url":"https:\/\/www.meska.hu\/img\/product\/small\/m\/a\/marina07_product_232769_240123173159_544235.webp"},{"id":"3472552","shop_id":"13931","user_id":"96539","shop_name":"Avisura","shop_zip":"2676","product_code":"3664448","product_name_old":null,"product_name":"Ber\u00e9ny oldaltegezek","category_string":"J\u00e1t\u00e9k & Sport, Sport \u00e9s kikapcsol\u00f3d\u00e1s, \u00cdj\u00e1szat","technic_string":"B\u0151rm\u0171vess\u00e9g","category_1":"305","category_2":"1381","category_3":"1053","category_4":"0","merged_category_1":"0","merged_category_2":"784","merged_category_3":"0","technic_1":"473","technic_2":"0","technic_3":"0","color_1":"528","color_2":"0","color_3":"0","product_description_old":null,"product_description":"\u2022 Ber\u00e9ny t\u00edpus\u00fa oldal tegez\u00fcnk letisztult form\u00e1ja, k\u00e9nyelmes visel\u00e9se miatt a legn\u00e9pszer\u0171bb term\u00e9keink k\u00f6z\u00e9 tartozik.\n\u2022 Ez a term\u00e9k nat\u00far sz\u00edn\u0171 n\u00f6v\u00e9nyi cserz\u00e9s\u0171 marhab\u0151rb\u0151l k\u00e9sz\u00fcl, melyet mi fest\u00fcnk le a k\u00e9peken l\u00e1that\u00f3 sz\u00ednekre.\n\u2022 A sz\u00e9lek f\u0171z\u00f6tt, a mint\u00e1k v\u00e9sett, a h\u00e1tterek poncolt vagy v\u00e9sett technik\u00e1val k\u00e9sz\u00fclnek.\n\u2022 A tegezre rov\u00e1s\u00edr\u00e1sos felirat, n\u00e9v, egyedi minta is k\u00e9rhet\u0151 (Minta elk\u00e9pzel\u00e9s\u00e9r\u0151l k\u00fcldj\u00f6n k\u00e9pet, ha meg tudjuk val\u00f3s\u00edtani sz\u00edvesen v\u00e1llaljuk. Ez\u00e9rt nem sz\u00e1m\u00edtunk fel plusz k\u00f6lts\u00e9get.)\n\u2022 Ebb\u0151l a tegezt\u00edpusb\u00f3l hagyom\u00e1nyos visel\u00e9sn\u00e9l el\u0151refel\u00e9 h\u00fazzuk ki a ny\u00edlvessz\u0151ket. Az alj\u00e1ba illesztett b\u0151rbet\u00e9tnek k\u00f6sz\u00f6nhet\u0151en \u00f6bl\u00f6sebb form\u00e1t kap, ez\u00e9rt ak\u00e1r 15-20 db ny\u00edlvessz\u0151 t\u00e1rol\u00e1s\u00e1ra is alkalmas.\n\u2022 Felf\u00fcggeszt\u00e9se karik\u00e1val vagy b\u00fajtat\u00f3s megold\u00e1ssal. (Esetleg + 1000 Ft-\u00e9rt csattal \u00e1ll\u00edthat\u00f3san)\n\u2022 A k\u00e9peken l\u00e1that\u00f3 tegezek m\u00e1s sz\u00edn\u00f6ssze\u00e1ll\u00edt\u00e1sban is k\u00e9rhet\u0151k. Amennyiben v\u00e1ltoztatni szeretne a sz\u00edneken k\u00e9rj\u00fck jelezze.\n\u2022 Term\u00e9k alapsz\u00edne: b\u00e9zs, barna, s\u00f6t\u00e9tbarna, v\u00f6r\u00f6s, t\u00fcrkiz, z\u00f6ld, fekete*\n\u2022 Fon\u00e1s sz\u00edne: b\u00e9zs, barna, s\u00f6t\u00e9tbarna, fekete, *\n\u2022 Ha k\u00e9t h\u00e9ten bel\u00fcli hat\u00e1rid\u0151re kellene, k\u00e9rem \u00edrjon \u00e9s megpr\u00f3b\u00e1ljuk megoldani.\n\nM\u00e9retek: 53 cm, 55 cm vagy 58 cm hossz\u00fas\u00e1gban","price":"22000.00","unit":"db","recommended":"0","status":"1","sponsored":"0","exp_notify":"0","own_material":"0","own_material_description_old":null,"own_material_description":"","jury":"0","jury_number":"","product_nature":"","meskaracsony":"0","create_date":"2026-01-17 12:31:24","shelve_id":"43357","image":"avisura_product_96539_200227150748_927565.jpeg","image_width":"480","image_height":"638","image_alt":"Ber\u00e9ny oldaltegezek, \u2022 Ber\u00e9ny t\u00edpus\u00fa oldal tegez\u00fcnk letisztult form\u00e1ja, k\u00e9nyelmes visel\u00e9se miatt a legn\u00e9pszer\u0171bb term\u00e9kei..., Meska","image_title":"Ber\u00e9ny oldaltegezek, Meska","view_count":"2714","favourite_count":"0","trending_score":"0","last2MonthFavouriteCount":"0","promotion":"0","giftcard_accept":"0","creditcard_accept":true,"enhanced_background":"0","domain":"meska","specific_customer_id":null,"specific_customer_name":null,"to_order_product":"1","to_order_product_time":"14","product_different":"quite_different","product_different_description":"Sz\u00edn\u00e1rnyalatban lehet n\u00e9mi elt\u00e9r\u00e9s, de a s\u00f6t\u00e9tbarna az s\u00f6t\u00e9tbarna lesz :)\n","vintage":"0","vintage_category_id":"0","recycled":"0","gemstone_id":"0","customizable":"0","type_category":"physical","zerowaste":"0","postage_price":"1290.00","shop_order":"0","has_category":"1","landing_pages":"Aj\u00e1nd\u00e9kok f\u00e9rfiaknak, Aj\u00e1nd\u00e9kok f\u00e9rfiaknak","microdata":{"number":18,"category":""},"title":"Ber\u00e9ny oldaltegezek","description":"\u2022 Ber\u00e9ny t\u00edpus\u00fa oldal tegez\u00fcnk letisztult form\u00e1ja, k\u00e9nyelmes visel\u00e9se miatt a legn\u00e9pszer\u0171bb term\u00e9keink k\u00f6z\u00e9 tartozik.\n\u2022 Ez a term\u00e9k nat\u00far sz\u00edn\u0171 n\u00f6v\u00e9nyi cserz\u00e9s\u0171 marhab\u0151rb\u0151l k\u00e9sz\u00fcl, melyet mi fest\u00fcnk le a k\u00e9peken l\u00e1that\u00f3 sz\u00ednekre.\n\u2022 A sz\u00e9lek f\u0171z\u00f6tt, a mint\u00e1k v\u00e9sett, a h\u00e1tterek poncolt vagy v\u00e9sett technik\u00e1val k\u00e9sz\u00fclnek.\n\u2022 A tegezre rov\u00e1s\u00edr\u00e1sos felirat, n\u00e9v, egyedi minta is k\u00e9rhet\u0151 (Minta elk\u00e9pzel\u00e9s\u00e9r\u0151l k\u00fcldj\u00f6n k\u00e9pet, ha meg tudjuk val\u00f3s\u00edtani sz\u00edvesen v\u00e1llaljuk. Ez\u00e9rt nem sz\u00e1m\u00edtunk fel plusz k\u00f6lts\u00e9get.)\n\u2022 Ebb\u0151l a tegezt\u00edpusb\u00f3l hagyom\u00e1nyos visel\u00e9sn\u00e9l el\u0151refel\u00e9 h\u00fazzuk ki a ny\u00edlvessz\u0151ket. Az alj\u00e1ba illesztett b\u0151rbet\u00e9tnek k\u00f6sz\u00f6nhet\u0151en \u00f6bl\u00f6sebb form\u00e1t kap, ez\u00e9rt ak\u00e1r 15-20 db ny\u00edlvessz\u0151 t\u00e1rol\u00e1s\u00e1ra is alkalmas.\n\u2022 Felf\u00fcggeszt\u00e9se karik\u00e1val vagy b\u00fajtat\u00f3s megold\u00e1ssal. (Esetleg + 1000 Ft-\u00e9rt csattal \u00e1ll\u00edthat\u00f3san)\n\u2022 A k\u00e9peken l\u00e1that\u00f3 tegezek m\u00e1s sz\u00edn\u00f6ssze\u00e1ll\u00edt\u00e1sban is k\u00e9rhet\u0151k. Amennyiben v\u00e1ltoztatni szeretne a sz\u00edneken k\u00e9rj\u00fck jelezze.\n\u2022 Term\u00e9k alapsz\u00edne: b\u00e9zs, barna, s\u00f6t\u00e9tbarna, v\u00f6r\u00f6s, t\u00fcrkiz, z\u00f6ld, fekete*\n\u2022 Fon\u00e1s sz\u00edne: b\u00e9zs, barna, s\u00f6t\u00e9tbarna, fekete, *\n\u2022 Ha k\u00e9t h\u00e9ten bel\u00fcli hat\u00e1rid\u0151re kellene, k\u00e9rem \u00edrjon \u00e9s megpr\u00f3b\u00e1ljuk megoldani.\n\nM\u00e9retek: 53 cm, 55 cm vagy 58 cm hossz\u00fas\u00e1gban","score":0,"formatted_price":"22 000 Ft","image_url":"https:\/\/www.meska.hu\/img\/product\/small\/a\/v\/avisura_product_96539_200227150748_927565.jpeg","formatted_url":"https:\/\/www.meska.hu\/p3664448-bereny-oldaltegezek","favourite":false,"in_stock":false,"avatar":"Avisura_avatar_96539_1623312224.jpg","delete_from":0,"is_enhanced_background":false,"is_enhanced":false,"product_selection_started":false,"is_active":true,"image_webp_url":"https:\/\/www.meska.hu\/img\/product\/small\/a\/v\/avisura_product_96539_200227150748_927565.webp"}],"canonicals":{"canonical":"https:\/\/www.meska.hu\/s\/ijaszat\/c-1053"},"seo":{"title":"\u00cdj\u00e1sz felszerel\u00e9s- Meska k\u00e9zm\u0171ves piact\u00e9r","seoTitle":"\u00cdj\u00e1sz felszerel\u00e9s","seoDescription":"<b>\u00cdj\u00e1sz felszerel\u00e9s<\/b> \u2013 Precizit\u00e1s \u00e9s hagyom\u00e1ny egyens\u00falyban\n\nAz <strong>\u00edj\u00e1sz felszerel\u00e9s<\/strong> elengedhetetlen azok sz\u00e1m\u00e1ra, akik komolyan veszik az \u00edj\u00e1szatot, legyen sz\u00f3 hobbi szint\u0171 gyakorl\u00e1sr\u00f3l, versenyz\u00e9sr\u0151l vagy t\u00f6rt\u00e9nelmi \u00edj\u00e1szkod\u00e1sr\u00f3l. Az \u00edj\u00e1szat m\u0171v\u00e9szete az er\u0151, az \u00fcgyess\u00e9g \u00e9s a pontoss\u00e1g harm\u00f3ni\u00e1j\u00e1ra \u00e9p\u00fcl, \u00e9s a megfelel\u0151 eszk\u00f6z\u00f6k haszn\u00e1lata jelent\u0151sen hozz\u00e1j\u00e1rul a sikerhez. A Mesk\u00e1n el\u00e9rhet\u0151 k\u00e9zm\u0171ves \u00edj\u00e1sz kell\u00e9kek a trad\u00edci\u00f3 \u00e9s a modern funkcionalit\u00e1s \u00f6tv\u00f6zet\u00e9t k\u00edn\u00e1lj\u00e1k: b\u0151rb\u0151l k\u00e9sz\u00fclt tegezek, k\u00e9nyelmesen hordhat\u00f3 kieg\u00e9sz\u00edt\u0151k \u00e9s st\u00edlusos megjelen\u00e9s.\n\nAz <strong>\u00edj\u00e1szat<\/strong> k\u00fcl\u00f6nleges \u00e9lm\u00e9nyt ny\u00fajt, hiszen nemcsak fizikai er\u0151nl\u00e9tet, hanem lelki \u00f6sszpontos\u00edt\u00e1st is ig\u00e9nyel. Az ehhez sz\u00fcks\u00e9ges felszerel\u00e9sek kiv\u00e1laszt\u00e1sa sor\u00e1n a min\u0151s\u00e9g \u00e9s a tart\u00f3ss\u00e1g kiemelked\u0151 szerepet j\u00e1tszik, hiszen egy j\u00f3l elk\u00e9sz\u00edtett b\u0151r tegez vagy strapab\u00edr\u00f3 \u00edj\u00e1sz kell\u00e9k hossz\u00fa \u00e9veken \u00e1t megb\u00edzhat\u00f3 t\u00e1rs lesz az edz\u00e9seken \u00e9s versenyeken.\n\n<H2 class=\"text-meska\/base-orange\"><strong> \u00cdj\u00e1sz kell\u00e9kek \u2013 A prec\u00edz l\u00f6v\u00e9sek alapjai <\/strong><\/H2>\nA <strong>\u00edj\u00e1sz kell\u00e9kek<\/strong> k\u00f6z\u00e9 tartoznak azok az eszk\u00f6z\u00f6k \u00e9s kieg\u00e9sz\u00edt\u0151k, amelyek az \u00edj\u00e1szatot k\u00e9nyelmesebb\u00e9 \u00e9s hat\u00e9konyabb\u00e1 teszik. A tegezek, karv\u00e9d\u0151k, keszty\u0171k \u00e9s c\u00e9lt\u00e1bl\u00e1k mind a sikeres l\u00f6v\u00e9sek alapvet\u0151 elemei. A Mesk\u00e1n kaphat\u00f3 k\u00e9zm\u0171ves \u00edj\u00e1szfelszerel\u00e9sek kiv\u00e1l\u00f3 min\u0151s\u00e9g\u0171 b\u0151rb\u0151l \u00e9s term\u00e9szetes anyagokb\u00f3l k\u00e9sz\u00fclnek, \u00edgy nemcsak tart\u00f3sak, hanem eszt\u00e9tikailag is kiemelkednek.\n\nAz egyik legfontosabb kieg\u00e9sz\u00edt\u0151 a <strong>\u00edj\u00e1sz tegez<\/strong>, amely az arrow-k biztons\u00e1gos \u00e9s k\u00f6nnyen hozz\u00e1f\u00e9rhet\u0151 t\u00e1rol\u00e1s\u00e1t biztos\u00edtja. A k\u00e9zm\u0171ves tegezek ergonomikus kialak\u00edt\u00e1s\u00faak, \u00edgy ak\u00e1r der\u00e9kra, ak\u00e1r h\u00e1tra er\u0151s\u00edthet\u0151k. A b\u0151r tegezek k\u00fcl\u00f6n\u00f6sen kedveltek a tradicion\u00e1lis \u00edj\u00e1szok k\u00f6r\u00e9ben, mivel autentikus megjelen\u00e9s\u00fck \u00e9s term\u00e9szetes anyaghaszn\u00e1latuk harmonikusan illeszkedik a klasszikus \u00edjakhoz.\n\n<H2 class=\"text-meska\/base-orange\"><strong> \u00cdj\u00e1sz tegez \u2013 Praktikus \u00e9s st\u00edlusos megold\u00e1s <\/strong><\/H2>\nA <strong>\u00edj\u00e1sz tegez<\/strong> alapvet\u0151 szerepe, hogy biztos\u00edtsa a nyilak k\u00f6nny\u0171 hordozhat\u00f3s\u00e1g\u00e1t \u00e9s gyors el\u00e9rhet\u0151s\u00e9g\u00e9t. A k\u00fcl\u00f6nb\u00f6z\u0151 t\u00edpusok k\u00f6z\u00fcl v\u00e1laszthatunk h\u00e1titegezt, oldalra csatolhat\u00f3 tegezt vagy ak\u00e1r \u00f6vre r\u00f6gz\u00edthet\u0151 v\u00e1ltozatot. A Mesk\u00e1n tal\u00e1lhat\u00f3 k\u00e9zm\u0171ves darabok egyedis\u00e9ge a prec\u00edz k\u00e9zi varr\u00e1sban \u00e9s a term\u00e9szetes anyaghaszn\u00e1latban rejlik.\n\nA <strong>b\u0151r tegez<\/strong> nemcsak praktikus, hanem id\u0151t\u00e1ll\u00f3 is. A vastag, val\u00f3di b\u0151rb\u0151l k\u00e9sz\u00fclt tegezek nem s\u00e9r\u00fclnek k\u00f6nnyen, \u00e9s az id\u0151 m\u00fal\u00e1s\u00e1val egyre patin\u00e1sabb\u00e1 v\u00e1lnak. A j\u00f3l kialak\u00edtott p\u00e1ntok \u00e9s csatok lehet\u0151v\u00e9 teszik a k\u00e9nyelmes hordoz\u00e1st, ak\u00e1r hosszabb t\u00far\u00e1k vagy edz\u00e9sek sor\u00e1n is.\n\nA tegezek d\u00edsz\u00edt\u00e9se lehet egyszer\u0171 \u00e9s letisztult, vagy gazdag mint\u00e1zat\u00fa, grav\u00edrozott. A k\u00e9zm\u0171ves term\u00e9kek k\u00fcl\u00f6nlegess\u00e9ge, hogy ak\u00e1r egyedi mot\u00edvumokkal is k\u00e9rhet\u0151k, \u00edgy a tegez val\u00f3ban t\u00fckr\u00f6zheti visel\u0151je st\u00edlus\u00e1t \u00e9s \u00edj\u00e1szati ir\u00e1nyults\u00e1g\u00e1t.\n\n<H2 class=\"text-meska\/base-orange\"><strong> B\u0151r tegez \u2013 Trad\u00edci\u00f3 \u00e9s modern haszn\u00e1lhat\u00f3s\u00e1g <\/strong><\/H2>\nA <strong>b\u0151r tegez<\/strong> nem csup\u00e1n d\u00edsz, hanem val\u00f3di haszn\u00e1lati t\u00e1rgy, amely ki\u00e1llja az id\u0151 pr\u00f3b\u00e1j\u00e1t. Az \u00edj\u00e1szat sor\u00e1n fontos, hogy a tegez stabilan illeszkedjen a testhez, ne zavarja a mozg\u00e1st \u00e9s gyors hozz\u00e1f\u00e9r\u00e9st biztos\u00edtson a nyilakhoz. A Mesk\u00e1n el\u00e9rhet\u0151 k\u00e9zm\u0171ves b\u0151r tegezek \u00e9ppen ez\u00e9rt ergonomikus kialak\u00edt\u00e1s\u00faak, \u00e9s k\u00fcl\u00f6nf\u00e9le r\u00f6gz\u00edt\u00e9si lehet\u0151s\u00e9geket k\u00edn\u00e1lnak.\n\nA term\u00e9szetes b\u0151r finom tapint\u00e1sa \u00e9s rusztikus megjelen\u00e9se autentikus \u00e9rz\u00e9st ny\u00fajt, ami k\u00fcl\u00f6n\u00f6sen vonz\u00f3 a tradicion\u00e1lis \u00edj\u00e1szat szerelmeseinek. A gondosan megmunk\u00e1lt varr\u00e1sok, a strapab\u00edr\u00f3 p\u00e1ntok \u00e9s a finoman d\u00edsz\u00edtett fel\u00fcletek mind hozz\u00e1j\u00e1rulnak ahhoz, hogy a tegez val\u00f3di \u00f6r\u00f6ks\u00e9gg\u00e9 v\u00e1ljon.\n\n<H2 class=\"text-meska\/base-orange\"><strong> Kiknek aj\u00e1nlott az \u00edj\u00e1sz felszerel\u00e9s kateg\u00f3ria? <\/strong><\/H2>\nAz <strong>\u00edj\u00e1sz felszerel\u00e9s<\/strong> kateg\u00f3ria minden \u00edj\u00e1sznak sz\u00f3l, aki szeretn\u00e9 a sportot magasabb szintre emelni. Aj\u00e1nlott kezd\u0151knek, akik \u00e9pp most l\u00e9pnek be az \u00edj\u00e1szat vil\u00e1g\u00e1ba, valamint halad\u00f3knak, akiknek fontos a megb\u00edzhat\u00f3s\u00e1g \u00e9s a st\u00edlusos megjelen\u00e9s.\n\nA Mesk\u00e1n kaphat\u00f3 <strong>\u00edj\u00e1sz kell\u00e9kek<\/strong>, <strong>\u00edj\u00e1sz tegezek<\/strong> \u00e9s <strong>b\u0151r tegezek<\/strong> k\u00f6z\u00f6tt mindenki megtal\u00e1lhatja a sz\u00e1m\u00e1ra legmegfelel\u0151bb darabot \u2013 ak\u00e1r versenyz\u00e9shez, ak\u00e1r szabadid\u0151s gyakorl\u00e1shoz keres felszerel\u00e9st. A k\u00e9zm\u0171ves term\u00e9kek egyedis\u00e9ge \u00e9s tart\u00f3ss\u00e1ga garant\u00e1lja, hogy hossz\u00fa t\u00e1von is el\u00e9gedett leszel a v\u00e1laszt\u00e1soddal.","metaDescription":"Fedezd fel az \u00edj\u00e1sz felszerel\u00e9sek k\u00edn\u00e1lat\u00e1t a Mesk\u00e1n! K\u00e9zm\u0171ves \u00edj\u00e1sz kell\u00e9kek, b\u0151r tegez \u00e9s \u00edj\u00e1sz tegez kiv\u00e1l\u00f3 min\u0151s\u00e9gben, egyedi kivitelben. V\u00e1s\u00e1rolj most!","metaNoIndex":0,"metaNoFollow":0,"seoFound":true,"canonicals":"https:\/\/www.meska.hu\/s\/ijaszat\/c-1053"},"breadcrumb":[{"position":1,"name":"Meska.hu","url":"https:\/\/www.meska.hu","last":false},{"position":2,"name":"J\u00e1t\u00e9k & Sport","url":"https:\/\/www.meska.hu\/s\/jatek-sport\/c-305","last":false},{"position":3,"name":"Sport \u00e9s kikapcsol\u00f3d\u00e1s","url":"https:\/\/www.meska.hu\/s\/sport-es-kikapcsolodas\/c-1381","last":false},{"position":4,"name":"\u00cdj\u00e1szat","url":"https:\/\/www.meska.hu\/s\/ijaszat\/c-1053","last":true}],"h1":"\u00cdj\u00e1szat","url":{"url":"https:\/\/www.meska.hu\/s\/ijaszat\/c-1053","title":"Mind","_debug_":false},"_count_":18}