{"_terms_":{"phrase":"*","category_id":"577","category_ids":"577","technic_id":"481","technics":"481","gift_occasion":"23","facets":"n","p":"1","pp":"100","sort_by":"create_date","sort_direction":"desc","product_type":"kezmuves|alapanyag|vintage","session_id":"ehh5qnmbbh71qkq8vdat3t7sts"},"total":0,"products":[],"canonicals":{"canonical":"https:\/\/www.meska.hu\/s\/kesztyu:festett-targyak:szuletesnapra-nevnapra\/c-577:t-481:go-23"},"seo":{"title":"Keszty\u0171k - Meska k\u00e9zm\u0171ves piact\u00e9r","seoTitle":"Keszty\u0171","seoDescription":"<strong>Keszty\u0171<\/strong>: St\u00edlusos \u00e9s meleg keszty\u0171k a Meska.hu-n, amelyek minden \u00e9vszakban k\u00e9nyelmet \u00e9s v\u00e9delmet ny\u00fajtanak, legyen sz\u00f3 gyerekekr\u0151l vagy feln\u0151ttekr\u0151l!\n\n<b>Keszty\u0171t <\/b>keresel, ami egyedi \u00e9s st\u00edlusos? K\u00e9zm\u0171ves alkot\u00f3ink csodasz\u00e9p ujjatlan, k\u00f6t\u00f6tt, csipke \u00e9s horgolt keszty\u0171i mindennapi \u00e9s k\u00fcl\u00f6nleges alkalmakra is egyar\u00e1nt alkalmasak. N\u0151i, f\u00e9rfi-, gyerekkeszty\u0171ink azok sz\u00e1m\u00e1ra k\u00e9sz\u00fcltek, akik szeretik az egyedi, kiv\u00e1l\u00f3, magyar, min\u0151s\u00e9gi term\u00e9keket. Minden \u00e9vszaknak megvan a maga keszty\u0171viselete: a hidegebb napokra az egyujjas k\u00f6t\u00f6tt keszty\u0171ket, n\u0151i k\u00f6t\u00f6tt keszty\u0171ket, vagy az ujjatlan k\u00f6t\u00f6tt keszty\u0171ket aj\u00e1nljuk. Persze egyedi ig\u00e9nyek teljes\u00edt\u00e9s\u00e9re is van lehet\u0151s\u00e9g piacter\u00fcnk\u00f6n. Horgolt, ujj n\u00e9lk\u00fcli keszty\u0171ink t\u00f6k\u00e9letes megjelen\u00e9st k\u00f6lcs\u00f6n\u00f6znek k\u00fcl\u00f6nleges esem\u00e9nyeken. B\u00e1tran viseld \u0151ket!\n\nA <strong>keszty\u0171<\/strong> elengedhetetlen kieg\u00e9sz\u00edt\u0151 a hideg h\u00f3napokban, hiszen melegen tartja a kezeket, mik\u00f6zben st\u00edlusos megjelen\u00e9st biztos\u00edt. A Meska.hu k\u00edn\u00e1lat\u00e1ban k\u00e9zzel k\u00e9sz\u00edtett, min\u0151s\u00e9gi keszty\u0171k tal\u00e1lhat\u00f3k k\u00fcl\u00f6nb\u00f6z\u0151 sz\u00ednekben \u00e9s anyagokban, amelyek t\u00f6k\u00e9letesen illeszkednek b\u00e1rmilyen st\u00edlushoz. Ak\u00e1r a gyerekek sz\u00e1m\u00e1ra keresel meleg t\u00e9li keszty\u0171t, ak\u00e1r egy eleg\u00e1ns n\u0151i keszty\u0171t v\u00e1lasztan\u00e1l magadnak, a Meska.hu-n biztosan megtal\u00e1lod a megfelel\u0151 darabot.\n\n<H2 class=\"text-meska\/base-orange\"><strong>Gyerek keszty\u0171<\/strong> \u2013 Meleg \u00e9s k\u00e9nyelmes v\u00e9delem a kicsiknek<\/H2>\nA <strong>gyerek keszty\u0171<\/strong> kiv\u00e1l\u00f3 v\u00e1laszt\u00e1s, ha a hideg id\u0151ben is szeretn\u00e9d meg\u00f3vni a gyerekek kezeit a fagyos sz\u00e9lt\u0151l \u00e9s hidegt\u0151l. Ezek a keszty\u0171k puha, meleg anyagb\u00f3l k\u00e9sz\u00fclnek, amelyek k\u00e9nyelmes viseletet biztos\u00edtanak az akt\u00edv gyerekek sz\u00e1m\u00e1ra. A Meska.hu k\u00edn\u00e1lat\u00e1ban k\u00fcl\u00f6nf\u00e9le sz\u00ednekben \u00e9s mint\u00e1kkal el\u00e9rhet\u0151 gyerek keszty\u0171k tal\u00e1lhat\u00f3k, hogy a kicsik is st\u00edlusosan \u00e9lvezhess\u00e9k a telet.\n\n<H2 class=\"text-meska\/base-orange\"><strong>N\u0151i keszty\u0171<\/strong> \u2013 Eleg\u00e1ns \u00e9s meleg kieg\u00e9sz\u00edt\u0151<\/H2>\nA <strong>n\u0151i keszty\u0171<\/strong> eleg\u00e1ns \u00e9s praktikus kieg\u00e9sz\u00edt\u0151, amely nemcsak melegen tartja a kezeket, hanem st\u00edlusosan is kieg\u00e9sz\u00edti az \u00f6lt\u00f6z\u00e9ket. A Meska.hu-n el\u00e9rhet\u0151 n\u0151i keszty\u0171k k\u00fcl\u00f6nf\u00e9le sz\u00ednekben, mint\u00e1kban \u00e9s anyagokban k\u00e9sz\u00fclnek, hogy mindenki megtal\u00e1lja a saj\u00e1t st\u00edlus\u00e1hoz ill\u0151 darabot. K\u00e9zzel k\u00e9sz\u00edtett, min\u0151s\u00e9gi darabjaink biztos\u00edtj\u00e1k a tart\u00f3ss\u00e1got \u00e9s a k\u00e9nyelmet.\n\n<H2 class=\"text-meska\/base-orange\"><strong>T\u00e9li keszty\u0171<\/strong> \u2013 Meleg \u00e9s puha viselet hideg napokra<\/H2>\nA <strong>t\u00e9li keszty\u0171<\/strong> elengedhetetlen kieg\u00e9sz\u00edt\u0151, ha a hideg h\u00f3napokban is szeretn\u00e9d meg\u00f3vni a kezeidet a hidegt\u0151l. Ezek a keszty\u0171k vastag, meleg anyagb\u00f3l k\u00e9sz\u00fclnek, \u00edgy t\u00f6k\u00e9letesen v\u00e9delmet ny\u00fajtanak a fagyos id\u0151j\u00e1r\u00e1s ellen, mik\u00f6zben k\u00e9nyelmes viseletet biztos\u00edtanak. A Meska.hu k\u00edn\u00e1lat\u00e1ban tal\u00e1lhat\u00f3 t\u00e9li keszty\u0171k st\u00edlusosak \u00e9s praktikusak, \u00edgy b\u00e1rmilyen t\u00e9li \u00f6lt\u00f6z\u00e9khez illeszkednek.\n\n<H2 class=\"text-meska\/base-orange\"><strong>Vastag keszty\u0171<\/strong> \u2013 Extra v\u00e9delem a legfagyosabb napokra<\/H2>\nA <strong>vastag keszty\u0171<\/strong> ide\u00e1lis v\u00e1laszt\u00e1s a k\u00fcl\u00f6n\u00f6sen hideg napokra, amikor extra v\u00e9delemre van sz\u00fcks\u00e9g. Ezek a keszty\u0171k vastag, h\u0151szigetel\u0151 anyagokb\u00f3l k\u00e9sz\u00fclnek, amelyek biztos\u00edtj\u00e1k, hogy kezeid mindig melegek maradjanak, m\u00e9g a legfagyosabb napokon is. A Meska.hu-n el\u00e9rhet\u0151 vastag keszty\u0171k k\u00e9zzel k\u00e9sz\u00edtettek, \u00edgy garant\u00e1ltan min\u0151s\u00e9gi \u00e9s tart\u00f3s darabokat k\u00edn\u00e1lnak.\n\n<H2 class=\"text-meska\/base-orange\"><strong>Keszty\u0171k<\/strong> \u2013 Kinek aj\u00e1nlott?<\/H2>\nA <strong>keszty\u0171k<\/strong> mindenkinek aj\u00e1nlottak, aki szeretn\u00e9 meg\u00f3vni kezeit a hideg id\u0151j\u00e1r\u00e1s ellen, mik\u00f6zben st\u00edlusos kieg\u00e9sz\u00edt\u0151t visel. Legyen sz\u00f3 gyerekekr\u0151l, n\u0151kr\u0151l vagy f\u00e9rfiakr\u00f3l, a Meska.hu-n tal\u00e1lhat\u00f3 keszty\u0171k sz\u00e9les v\u00e1laszt\u00e9k\u00e1ban mindenki megtal\u00e1lja a sz\u00e1m\u00e1ra t\u00f6k\u00e9letes darabot. K\u00e9zzel k\u00e9sz\u00edtett, min\u0151s\u00e9gi anyagokb\u00f3l k\u00e9sz\u00fclt keszty\u0171ink tart\u00f3sak \u00e9s k\u00e9nyelmesek, \u00edgy hossz\u00fa t\u00e1von is \u00e9lvezheted a haszn\u00e1latukat.\n\nNe v\u00e1rj tov\u00e1bb, fedezd fel a Meska.hu <strong>keszty\u0171<\/strong> k\u00edn\u00e1lat\u00e1t, \u00e9s v\u00e1lassz egyedi, k\u00e9zzel k\u00e9sz\u00edtett darabokat, hogy a hideg h\u00f3napokban is melegen \u00e9s st\u00edlusosan \u00e9rezd magad! V\u00e1s\u00e1rolj most, \u00e9s tal\u00e1ld meg a t\u00f6k\u00e9letes keszty\u0171t minden alkalomra!","metaDescription":"Gyerek keszty\u0171k, n\u0151i \u00e9s t\u00e9li keszty\u0171k, vastag, meleg \u00e9s st\u00edlusos kieg\u00e9sz\u00edt\u0151k sz\u00e9les v\u00e1laszt\u00e9kban! K\u00e9zzel k\u00e9sz\u00edtett min\u0151s\u00e9g  egyenesen magyar alkot\u00f3k m\u0171hely\u00e9b\u0151l.","metaNoIndex":true,"metaNoFollow":0,"seoFound":true,"ogImage":"https:\/\/www.meska.hu\/img\/category_seo\/577-kesztyuk--meska-kezmuves-piacter_DQcKl.jpg","canonicals":"https:\/\/www.meska.hu\/s\/kesztyu:festett-targyak:szuletesnapra-nevnapra\/c-577:t-481:go-23"},"breadcrumb":[{"position":1,"name":"Meska.hu","url":"https:\/\/www.meska.hu","last":false},{"position":2,"name":"Ruha & Divat","url":"https:\/\/www.meska.hu\/s\/ruha-divat:festett-targyak:szuletesnapra-nevnapra\/c-806:t-481:go-23","last":false},{"position":3,"name":"S\u00e1l, Sapka, Kend\u0151","url":"https:\/\/www.meska.hu\/s\/sal-sapka-kendo:festett-targyak:szuletesnapra-nevnapra\/c-392:t-481:go-23","last":false},{"position":4,"name":"Keszty\u0171","url":"https:\/\/www.meska.hu\/s\/kesztyu:festett-targyak:szuletesnapra-nevnapra\/c-577:t-481:go-23","last":true}],"h1":"Keszty\u0171","url":{"url":"https:\/\/www.meska.hu\/s\/kesztyu:festett-targyak:szuletesnapra-nevnapra\/c-577:t-481:go-23","title":"Mind","_debug_":false},"_count_":0}