{"_terms_":{"phrase":"*","category_id":"320","category_ids":"320","gift_occasion":"38","facets":"n","p":"1","pp":"100","sort_by":"create_date","sort_direction":"desc","product_type":"kezmuves|alapanyag|vintage","session_id":"2chlm2asqhbe2qlge5grott9ep"},"total":0,"products":[],"canonicals":{"canonical":"https:\/\/www.meska.hu\/s\/adventi-naptar:halloweenre\/c-320:go-38"},"seo":{"title":"Adventi napt\u00e1r, visszasz\u00e1ml\u00e1l\u00f3 f\u00e9rfiaknak \u00e9s n\u0151knek - Meska","seoTitle":"Adventi napt\u00e1r","seoDescription":"A k\u00e9zm\u0171ves <strong>adventi napt\u00e1r<\/strong> var\u00e1zsa \u00e9vr\u0151l \u00e9vre meg\u00fajul\u00f3 \u00f6r\u00f6m\u00f6t hoz a kar\u00e1csonyi v\u00e1rakoz\u00e1s id\u0151szak\u00e1ba. A Meska oldal\u00e1n tal\u00e1lhat\u00f3 adventi napt\u00e1r kateg\u00f3ria minden darabja egyedi k\u00e9zm\u0171ves munk\u00e1t t\u00fckr\u00f6z, amely szem\u00e9lyess\u00e9 \u00e9s feledhetetlenn\u00e9 teszi a kar\u00e1csonyi el\u0151k\u00e9sz\u00fcleteket. Ezek a k\u00fcl\u00f6nleges <strong>adventi napt\u00e1r<\/strong> alkot\u00e1sok nemcsak a gyermekek szem\u00e9t csillogtatj\u00e1k fel, hanem a feln\u0151ttek sz\u00edv\u00e9t is megmeleng\u00edtik, hiszen minden egyes darab m\u00f6g\u00f6tt szeretet \u00e9s gondoss\u00e1g rejt\u0151zik.\n\nAz <strong>adventi napt\u00e1r<\/strong> hagyom\u00e1nya m\u00e9lyen gy\u00f6kerezik a kereszt\u00e9ny kult\u00far\u00e1ban, \u00e9s ma is az egyik legszebb kar\u00e1csonyi szok\u00e1s. A Meska k\u00e9zm\u0171vesei olyan <strong>adventi napt\u00e1r<\/strong> darabokat k\u00e9sz\u00edtenek, amelyek \u00f6tv\u00f6zik a hagyom\u00e1nyos mot\u00edvumokat a modern \u00edzl\u00e9ssel. Minden egyes <strong>adventi napt\u00e1r<\/strong> egyedi karakterrel rendelkezik, amely t\u00fckr\u00f6zi k\u00e9sz\u00edt\u0151je kreativit\u00e1s\u00e1t \u00e9s a kar\u00e1csonyi \u00fcnnep szellem\u00e9t. Ezek a k\u00fcl\u00f6nleges darabok gener\u00e1ci\u00f3kon \u00e1t szolg\u00e1lhatj\u00e1k a csal\u00e1dokat, \u00e9vr\u0151l \u00e9vre \u00faj eml\u00e9keket teremtve.\n\n<H2 class=\"text-meska\/base-orange\"><strong>Adventi napt\u00e1r<\/strong> - szem\u00e9lyes kar\u00e1csonyi var\u00e1zs<\/H2>\n\nAz <strong>adventi napt\u00e1r<\/strong> kateg\u00f3ria gazdag v\u00e1laszt\u00e9kot k\u00edn\u00e1l minden csal\u00e1d \u00e9s \u00edzl\u00e9s sz\u00e1m\u00e1ra. A hagyom\u00e1nyos fa kivitelez\u00e9s\u0171 darabokt\u00f3l a textilb\u0151l k\u00e9sz\u00fclt, puha megold\u00e1sokig sz\u00e9les a paletta a Meska k\u00edn\u00e1lat\u00e1ban. Ezek az <strong>adventi napt\u00e1r<\/strong> alkot\u00e1sok ide\u00e1lisak arra, hogy m\u00e9g k\u00fcl\u00f6nlegesebb\u00e9 tegy\u00e9k a kar\u00e1csonyi v\u00e1rakoz\u00e1s id\u0151szak\u00e1t. A k\u00e9zm\u0171ves <strong>adventi napt\u00e1r<\/strong> darabok k\u00fcl\u00f6nlegess\u00e9ge abban rejlik, hogy minden zsebecske, minden r\u00e9szlet gondosan kidolgozott, \u00e9s gyakran szem\u00e9lyre szabhat\u00f3 is. Az <strong>adventi napt\u00e1rak<\/strong> \u00e9s <strong>k\u00fcl\u00f6nleges adventi napt\u00e1r<\/strong> t\u00edpus\u00fa darabok egyedi mot\u00edvumokkal, sz\u00ednekkel \u00e9s form\u00e1kkal k\u00e9sz\u00fclnek.\n\n<H2 class=\"text-meska\/base-orange\"><strong>Adventi napt\u00e1r f\u00e9rfiaknak<\/strong> - f\u00e9rfias kar\u00e1csonyi hangulat<\/H2>\n\nAz <strong>adventi napt\u00e1r f\u00e9rfiaknak<\/strong> kateg\u00f3ria olyan darabokat tartalmaz, amelyek kifejezetten a f\u00e9rfiak \u00edzl\u00e9s\u00e9re szabottak. Ezek az <strong>adventi napt\u00e1r f\u00e9rfiaknak<\/strong> k\u00e9sz\u00fclt alkot\u00e1sok gyakran visszafogott sz\u00ednvil\u00e1ggal, geometrikus mint\u00e1kkal vagy term\u00e9szetes mot\u00edvumokkal k\u00e9sz\u00fclnek. A <strong>adventi napt\u00e1r f\u00e9rfiaknak<\/strong> t\u00f6rt\u00e9n\u0151 v\u00e1logat\u00e1sn\u00e1l fontos szempont a praktikuss\u00e1g \u00e9s az elegancia egyens\u00falya. A Meska k\u00e9zm\u0171vesei olyan <strong>adventi napt\u00e1r f\u00e9rfiaknak<\/strong> sz\u00e1nt darabokat alkotnak, amelyek t\u00f6k\u00e9letesen illeszkednek a f\u00e9rfias k\u00f6rnyezetbe, mik\u00f6zben meg\u0151rzik a kar\u00e1csonyi var\u00e1zs intim\u00e1j\u00e1t.\n\n<H2 class=\"text-meska\/base-orange\"><strong>Adventi napt\u00e1r n\u0151knek<\/strong> - n\u0151i elegancia december var\u00e1zslata<\/H2>\n\nAz <strong>adventi napt\u00e1r n\u0151knek<\/strong> t\u00edpus\u00fa darabok k\u00fcl\u00f6nleges figyelmess\u00e9get \u00e9s \u00edzl\u00e9st t\u00fckr\u00f6znek. Ezek az <strong>adventi napt\u00e1r n\u0151knek<\/strong> k\u00e9sz\u00fclt alkot\u00e1sok gyakran finomabb r\u00e9szletekkel, romantikusabb mot\u00edvumokkal \u00e9s eleg\u00e1ns sz\u00ednvil\u00e1ggal k\u00e9sz\u00fclnek. Az <strong>adventi napt\u00e1r n\u0151knek<\/strong> t\u00f6rt\u00e9n\u0151 kiv\u00e1laszt\u00e1sn\u00e1l a sz\u00e9ps\u00e9g \u00e9s a funkcionalit\u00e1s harm\u00f3ni\u00e1ja ker\u00fcl el\u0151t\u00e9rbe. A k\u00e9zm\u0171ves <strong>adventi napt\u00e1r n\u0151knek<\/strong> sz\u00e1nt darabok nemcsak a kar\u00e1csonyi v\u00e1rakoz\u00e1st teszik k\u00fcl\u00f6nlegess\u00e9, hanem d\u00edszt\u00e1rgyk\u00e9nt is szolg\u00e1lhatnak az \u00fcnnepek ut\u00e1n. Az <strong>adventi napt\u00e1r l\u00e1nyoknak<\/strong> k\u00e9sz\u00fclt v\u00e1ltozatok gyakran j\u00e1t\u00e9kos elemekkel eg\u00e9sz\u00fclnek ki.\n\n<H2 class=\"text-meska\/base-orange\"><strong>Adventi napt\u00e1r l\u00e1nyoknak<\/strong> - kisl\u00e1nyos kar\u00e1csonyi \u00e1lmok<\/H2>\n\nAz <strong>adventi napt\u00e1r l\u00e1nyoknak<\/strong> kateg\u00f3ria olyan var\u00e1zslatos darabokat tartalmaz, amelyek t\u00f6k\u00e9letesen illeszkednek a kisl\u00e1nyok \u00e1lomvil\u00e1g\u00e1ba. Ezek az <strong>adventi napt\u00e1r l\u00e1nyoknak<\/strong> k\u00e9sz\u00fclt alkot\u00e1sok gyakran pasztell sz\u00ednekkel, aranyos mot\u00edvumokkal \u00e9s j\u00e1t\u00e9kos elemekkel k\u00e9sz\u00fclnek. Az <strong>adventi napt\u00e1r l\u00e1nyoknak<\/strong> t\u00f6rt\u00e9n\u0151 tervez\u00e9sekor k\u00fcl\u00f6n\u00f6s figyelmet ford\u00edtanak a r\u00e9szletekre \u00e9s a min\u0151s\u00e9gre, hogy minden egyes nap meglepet\u00e9st hozzon. A <strong>adventi napt\u00e1r l\u00e1nyoknak<\/strong> sz\u00e1nt darabok nemcsak sz\u00f3rakoztatnak, hanem fejlesztik a v\u00e1rakoz\u00e1s \u00f6r\u00f6m\u00e9t \u00e9s a t\u00fcrelem er\u00e9ny\u00e9t is.\n\n<H2 class=\"text-meska\/base-orange\"><strong>Adventi napt\u00e1r \u00f6tlet<\/strong> - kreat\u00edv inspir\u00e1ci\u00f3k<\/H2>\n\nAz <strong>adventi napt\u00e1r \u00f6tlet<\/strong> kateg\u00f3ria olyan inspir\u00e1ci\u00f3s forr\u00e1st ny\u00fajt, amely seg\u00edt megtal\u00e1lni a t\u00f6k\u00e9letes kar\u00e1csonyi megold\u00e1st. A k\u00fcl\u00f6nf\u00e9le <strong>adventi napt\u00e1r \u00f6tlet<\/strong> vari\u00e1ci\u00f3k k\u00f6z\u00fcl mindenki kiv\u00e1laszthatja a csal\u00e1dj\u00e1hoz, otthon\u00e1hoz \u00e9s \u00edzl\u00e9s\u00e9hez legink\u00e1bb ill\u0151 darabot. Az <strong>adventi napt\u00e1r \u00f6tlet<\/strong> gy\u0171jtem\u00e9nyben megtal\u00e1lhat\u00f3k a hagyom\u00e1nyos \u00e9s modern megk\u00f6zel\u00edt\u00e9sek egyar\u00e1nt. A <strong>adventi napt\u00e1r \u00f6tletek<\/strong> seg\u00edts\u00e9g\u00e9vel ak\u00e1r szem\u00e9lyre szabott megold\u00e1s is k\u00e9sz\u00edthet\u0151, amely t\u00fckr\u00f6zi a csal\u00e1d egyedi karakter\u00e9t \u00e9s hagyom\u00e1nyait.\n\nA Meska adventi napt\u00e1r kateg\u00f3ri\u00e1j\u00e1ban minden darab egyedi t\u00f6rt\u00e9netet mes\u00e9l, amely a k\u00e9sz\u00edt\u0151 k\u00e9zm\u0171ves szeretet\u00e9t \u00e9s a kar\u00e1csonyi \u00fcnnep szellem\u00e9t t\u00fckr\u00f6zi. V\u00e1lassz a hagyom\u00e1nyos \u00e9s modern <strong>adventi napt\u00e1r<\/strong> alkot\u00e1sok gazdag k\u00edn\u00e1lat\u00e1b\u00f3l, \u00e9s fedezd fel, milyen m\u00e9ly \u00f6r\u00f6m\u00f6t hozhatnak ezek a k\u00fcl\u00f6nleges darabok a kar\u00e1csonyi v\u00e1rakoz\u00e1s id\u0151szak\u00e1ba. Az <strong>adventi napt\u00e1r<\/strong> nemcsak a december napjait teszi k\u00fcl\u00f6nlegess\u00e9, hanem maradand\u00f3 eml\u00e9keket teremt, \u00e9s er\u0151s\u00edti a csal\u00e1di k\u00f6tel\u00e9keket. B\u00f6ng\u00e9szd a kateg\u00f3ria v\u00e1laszt\u00e9k\u00e1t, \u00e9s tal\u00e1ld meg azt az <strong>adventi napt\u00e1r<\/strong> darabot, amely t\u00f6k\u00e9letesen illeszkedik csal\u00e1dod kar\u00e1csonyi hagyom\u00e1nyaihoz. V\u00e1s\u00e1rolj most, \u00e9s tedd m\u00e9g var\u00e1zslatosabb\u00e1 a kar\u00e1csonyi v\u00e1rakoz\u00e1st!\n","metaDescription":"Fedezd fel a Meska adventi napt\u00e1r k\u00edn\u00e1lat\u00e1t! K\u00e9zzel k\u00e9sz\u00edtett adventi kalend\u00e1riumok f\u00e9rfiaknak, n\u0151knek \u00e9s gyerekeknek, izgalmas meglepet\u00e9sekkel. Gyors sz\u00e1ll\u00edt\u00e1s","metaNoIndex":true,"metaNoFollow":0,"seoFound":true,"ogImage":"https:\/\/www.meska.hu\/img\/category_seo\/320-adventi-naptar-visszaszamlalo--meska-kezmuves-piacter_AFCmg.jpg","canonicals":"https:\/\/www.meska.hu\/s\/adventi-naptar:halloweenre\/c-320:go-38"},"breadcrumb":[{"position":1,"name":"Meska.hu","url":"https:\/\/www.meska.hu","last":false},{"position":2,"name":"Kar\u00e1csony","url":"https:\/\/www.meska.hu\/s\/karacsony:halloweenre\/c-319:go-38","last":false},{"position":3,"name":"Adventi d\u00edszek","url":"https:\/\/www.meska.hu\/s\/adventi-diszek:halloweenre\/c-1285:go-38","last":false},{"position":4,"name":"Adventi napt\u00e1r","url":"https:\/\/www.meska.hu\/s\/adventi-naptar:halloweenre\/c-320:go-38","last":true}],"h1":"Adventi napt\u00e1r","url":{"url":"https:\/\/www.meska.hu\/s\/adventi-naptar:halloweenre\/c-320:go-38","title":"Mind","_debug_":false},"_count_":0}