{"_terms_":{"phrase":"*","technic_id":"478","technics":"478","gift_occasion":"34","colors":"529","facets":"n","p":"1","pp":"100","sort_by":"create_date","sort_direction":"desc","product_type":"kezmuves|alapanyag|vintage","session_id":"7tdb7uobdf5vvdu1sjhu889ccj"},"total":21,"products":[{"id":"5170599","shop_id":"39490","user_id":"543096","shop_name":"Gravirmarket","shop_zip":"4482","product_code":"5179740","product_name_old":null,"product_name":"\u00d6r\u00f6kr\u00f3zsa ","category_string":"Otthon & \u00c9letm\u00f3d, Dekor\u00e1ci\u00f3, Asztal \u00e9s polc dekor\u00e1ci\u00f3, D\u00edszdoboz","technic_string":"Famegmunk\u00e1l\u00e1s, Grav\u00edroz\u00e1s, pirogr\u00e1fia","category_1":"813","category_2":"314","category_3":"1467","category_4":"940","merged_category_1":null,"merged_category_2":null,"merged_category_3":null,"technic_1":"478","technic_2":"796","technic_3":"0","color_1":"514","color_2":"523","color_3":"529","product_description_old":null,"product_description":"Valentin nap k\u00f6zeledik! Szerezz be egyedi \u00f6r\u00f6kr\u00f3zs\u00e1t szerelmednek! K\u00e9zzel k\u00e9sz\u00fclt csodasz\u00e9p r\u00f3zsa. \u00dcnnepelj\u00e9tek a szerelmet egy id\u0151tlen aj\u00e1nd\u00e9kkal. Rendeld most, \u00e9s tedd felejthetetlenn\u00e9 ezt a Valentin napot! Egyedi ig\u00e9nyed szerint az el\u0151lapon elhelyezett sz\u00edvbe grav\u00edrozunk nevet illetve d\u00e1tumot.","price":"4990.00","unit":"db","recommended":"0","status":"1","sponsored":"0","exp_notify":"0","own_material":"0","own_material_description_old":null,"own_material_description":"","jury":"0","jury_number":"","product_nature":"","meskaracsony":"0","create_date":"2026-04-28 17:53:44","shelve_id":"0","image":"gravirmarket_product_543096_240109153541_51714.jpeg","image_width":"480","image_height":"303","image_alt":"\u00d6r\u00f6kr\u00f3zsa , Valentin nap k\u00f6zeledik! Szerezz be egyedi \u00f6r\u00f6kr\u00f3zs\u00e1t szerelmednek! K\u00e9zzel k\u00e9sz\u00fclt csodasz\u00e9p r\u00f3zsa. \u00dc..., Meska","image_title":"\u00d6r\u00f6kr\u00f3zsa , Meska","view_count":"670","favourite_count":"0","trending_score":"0","last2MonthFavouriteCount":"0","promotion":"0","giftcard_accept":"0","creditcard_accept":true,"enhanced_background":"0","domain":"meska","specific_customer_id":null,"specific_customer_name":null,"to_order_product":"1","to_order_product_time":"3","product_different":null,"product_different_description":"","vintage":"0","vintage_category_id":"0","recycled":"0","gemstone_id":"0","customizable":"1","type_category":"physical","zerowaste":"0","postage_price":"1290.00","shop_order":"0","has_category":"1","landing_pages":null,"microdata":{"number":1,"category":""},"title":"\u00d6r\u00f6kr\u00f3zsa ","description":"Valentin nap k\u00f6zeledik! Szerezz be egyedi \u00f6r\u00f6kr\u00f3zs\u00e1t szerelmednek! K\u00e9zzel k\u00e9sz\u00fclt csodasz\u00e9p r\u00f3zsa. \u00dcnnepelj\u00e9tek a szerelmet egy id\u0151tlen aj\u00e1nd\u00e9kkal. Rendeld most, \u00e9s tedd felejthetetlenn\u00e9 ezt a Valentin napot! Egyedi ig\u00e9nyed szerint az el\u0151lapon elhelyezett sz\u00edvbe grav\u00edrozunk nevet illetve d\u00e1tumot.","score":0,"formatted_price":"4 990 Ft","image_url":"https:\/\/www.meska.hu\/img\/product\/small\/g\/r\/gravirmarket_product_543096_240109153541_51714.jpeg","formatted_url":"https:\/\/www.meska.hu\/p5179740-orokrozsa","favourite":false,"in_stock":false,"avatar":"543096_avatar_1706043856.jpeg","delete_from":0,"is_enhanced_background":false,"is_enhanced":false,"product_selection_started":false,"is_active":true,"image_webp_url":"https:\/\/www.meska.hu\/img\/product\/small\/g\/r\/gravirmarket_product_543096_240109153541_51714.webp"},{"id":"5650648","shop_id":"45386","user_id":"655400","shop_name":"KreaShop","shop_zip":"9351","product_code":"5468253","product_name_old":null,"product_name":"Egyedi grav\u00edrozott r\u00f3zsa","category_string":"Otthon & \u00c9letm\u00f3d, Vir\u00e1gdekor\u00e1ci\u00f3, Vir\u00e1gd\u00edszek, L\u00e9zerv\u00e1gott vir\u00e1gd\u00edszek","technic_string":"Famegmunk\u00e1l\u00e1s","category_1":"813","category_2":"1473","category_3":"1792","category_4":"1802","merged_category_1":null,"merged_category_2":null,"merged_category_3":null,"technic_1":"478","technic_2":"0","technic_3":"0","color_1":"514","color_2":"523","color_3":"529","product_description_old":null,"product_description":"Egyedi sz\u00f6veggel grav\u00edrozott r\u00f3zsa ny\u00edrfa anyagb\u00f3l, 15 x 8 cm-es m\u00e9retben, 10 x 4 cm-es talppal. A r\u00f3zsa l\u00e9zerv\u00e1gott, l\u00e9zergrav\u00edrozott, festett.\n\nEgyedi grav\u00edrozott r\u00f3zsa \u2013 A t\u00f6k\u00e9letes aj\u00e1nd\u00e9k, ami \u00f6r\u00f6kre sz\u00f3l\nVar\u00e1zslatos aj\u00e1nd\u00e9k szem\u00e9lyes \u00fczenettel\nKeresed a t\u00f6k\u00e9letes aj\u00e1nd\u00e9kot, ami igaz\u00e1n k\u00fcl\u00f6nleges \u00e9s szem\u00e9lyre szabott? Az egyedi grav\u00edrozott r\u00f3zsa garant\u00e1ltan mosolyt csal az arcokra! Ny\u00edrfa anyagb\u00f3l k\u00e9sz\u00fclt, l\u00e9zerv\u00e1gott \u00e9s l\u00e9zergrav\u00edrozott, 15 x 8 cm-es m\u00e9retben, talpa pedig stabil, 10 x 4 cm-es kialak\u00edt\u00e1s\u00fa. A r\u00f3zsa fel\u00fclete gondosan festett, \u00edgy tart\u00f3s \u00e9s gy\u00f6ny\u00f6r\u0171 d\u00edsze lesz b\u00e1rmilyen otthonnak vagy irod\u00e1nak.\n\nSzem\u00e9lyes \u00fczeneted grav\u00edrozva\nA grav\u00edrozott r\u00f3zsa igazi var\u00e1zs\u00e1t a szem\u00e9lyes \u00fczenet adja, amelyet Te v\u00e1laszthatsz meg! Legyen sz\u00f3 szeretetteljes \u00fczenetr\u0151l, inspir\u00e1l\u00f3 id\u00e9zetr\u0151l, vagy egy d\u00e1tumr\u00f3l, ami fontos sz\u00e1motokra \u2013 a l\u00e9zergrav\u00edroz\u00e1s prec\u00edzen \u00e9s eleg\u00e1nsan \u00f6r\u00f6k\u00edti meg a sz\u00f6veget.\n\nEgyedi \u00e9s maradand\u00f3 aj\u00e1nd\u00e9k\nEz a grav\u00edrozott r\u00f3zsa t\u00f6k\u00e9letes aj\u00e1nd\u00e9k lehet sz\u00fclet\u00e9snapra, \u00e9vfordul\u00f3ra, Valentin-napra, Any\u00e1k napj\u00e1ra, vagy csak \u00fagy, ha szeretn\u00e9l valakit meglepni egyedi aj\u00e1nd\u00e9kkal. Az \u00f6r\u00f6kk\u00e9 tart\u00f3 r\u00f3zsa eml\u00e9kezteti a megaj\u00e1nd\u00e9kozottat azokra az \u00e9rz\u00e9sekre \u00e9s gondolatokra, amiket szeretn\u00e9l neki \u00e1tadni.\n\nMi\u00e9rt v\u00e1laszd a grav\u00edrozott r\u00f3zs\u00e1t?\nEgyedi design: Nincs k\u00e9t egyforma darab, hiszen a grav\u00edroz\u00e1s szem\u00e9lyre szabott.\nTerm\u00e9szetes anyag: Min\u0151s\u00e9gi ny\u00edrfa alapanyag, ami term\u00e9szetess\u00e9get \u00e9s eleganci\u00e1t sug\u00e1roz.\nOnline v\u00e1s\u00e1rl\u00e1s egyszer\u0171en: Aweboldalon p\u00e1r kattint\u00e1ssal megrendelheted.\n\nK\u00f6nny\u0171 \u00e9s biztons\u00e1gos online v\u00e1s\u00e1rl\u00e1s\nAz oldalon gyorsan \u00e9s k\u00e9nyelmesen v\u00e1s\u00e1rolhatsz. V\u00e1laszd ki a grav\u00edrozand\u00f3 sz\u00f6veget, add le a rendel\u00e9st, \u00e9s mi gondoskodunk r\u00f3la, hogy a r\u00f3zsa pontosan olyan legyen, amilyennek elk\u00e9pzelted.\n\nLepd meg, akiket szeretsz!\nAz egyedi grav\u00edrozott r\u00f3zsa nem csak aj\u00e1nd\u00e9k, hanem eml\u00e9k, ami \u00e9vek m\u00falva is ugyanazokat a kedves pillanatokat id\u00e9zi fel. Rendeld meg m\u00e9g ma, \u00e9s tedd k\u00fcl\u00f6nlegess\u00e9 szeretteid napj\u00e1t!\n\nAz egyedi grav\u00edrozott r\u00f3zsa t\u00f6k\u00e9letes aj\u00e1nd\u00e9k mindenkinek, akit k\u00fcl\u00f6nlegesen szeretn\u00e9l megaj\u00e1nd\u00e9kozni. Ide\u00e1lis v\u00e1laszt\u00e1s sz\u00fclet\u00e9snapra, \u00e9vfordul\u00f3ra, Valentin-napra, Any\u00e1k napj\u00e1ra, vagy ak\u00e1r kar\u00e1csonyra. Egyedi \u00fczenet\u00e9vel szem\u00e9lyes \u00e9s maradand\u00f3 eml\u00e9kk\u00e9 v\u00e1lik, \u00edgy t\u00f6k\u00e9letes a p\u00e1rodnak, \u00e9desany\u00e1dnak, nagymam\u00e1dnak, bar\u00e1todnak vagy koll\u00e9g\u00e1dnak. B\u00e1rmilyen alkalomra, amikor fontos, hogy az aj\u00e1nd\u00e9k sz\u00edvb\u0151l j\u00f6jj\u00f6n, ez a r\u00f3zsa garant\u00e1lt siker!\n\nParam\u00e9terek:\nAnyag: ny\u00edrfa\nM\u00e9ret: 15 x 8 cm\nTalp m\u00e9rete: 10 x 4 cm\nL\u00e9zerv\u00e1gott\t\nL\u00e9zergrav\u00edrozott\t\nFestett","price":"2290.00","unit":"db","recommended":"0","status":"1","sponsored":"0","exp_notify":"0","own_material":"0","own_material_description_old":null,"own_material_description":"","jury":"0","jury_number":"","product_nature":"","meskaracsony":"0","create_date":"2026-04-13 22:29:48","shelve_id":"77668","image":"kreashop_product_655400_250111154519_9282.jpeg","image_width":"480","image_height":"480","image_alt":"Egyedi grav\u00edrozott r\u00f3zsa, Egyedi sz\u00f6veggel grav\u00edrozott r\u00f3zsa ny\u00edrfa anyagb\u00f3l, 15 x 8 cm-es m\u00e9retben, 10 x 4 cm-es talppal. A r..., Meska","image_title":"Egyedi grav\u00edrozott r\u00f3zsa, Meska","view_count":"457","favourite_count":"0","trending_score":"0","last2MonthFavouriteCount":"0","promotion":"0","giftcard_accept":"0","creditcard_accept":true,"enhanced_background":"0","domain":"meska","specific_customer_id":null,"specific_customer_name":null,"to_order_product":"1","to_order_product_time":"10","product_different":null,"product_different_description":"","vintage":"0","vintage_category_id":"0","recycled":"0","gemstone_id":"0","customizable":"1","type_category":"physical","zerowaste":"0","postage_price":"1290.00","shop_order":"0","has_category":"1","landing_pages":null,"microdata":{"number":2,"category":""},"title":"Egyedi grav\u00edrozott r\u00f3zsa","description":"Egyedi sz\u00f6veggel grav\u00edrozott r\u00f3zsa ny\u00edrfa anyagb\u00f3l, 15 x 8 cm-es m\u00e9retben, 10 x 4 cm-es talppal. A r\u00f3zsa l\u00e9zerv\u00e1gott, l\u00e9zergrav\u00edrozott, festett.\n\nEgyedi grav\u00edrozott r\u00f3zsa \u2013 A t\u00f6k\u00e9letes aj\u00e1nd\u00e9k, ami \u00f6r\u00f6kre sz\u00f3l\nVar\u00e1zslatos aj\u00e1nd\u00e9k szem\u00e9lyes \u00fczenettel\nKeresed a t\u00f6k\u00e9letes aj\u00e1nd\u00e9kot, ami igaz\u00e1n k\u00fcl\u00f6nleges \u00e9s szem\u00e9lyre szabott? Az egyedi grav\u00edrozott r\u00f3zsa garant\u00e1ltan mosolyt csal az arcokra! Ny\u00edrfa anyagb\u00f3l k\u00e9sz\u00fclt, l\u00e9zerv\u00e1gott \u00e9s l\u00e9zergrav\u00edrozott, 15 x 8 cm-es m\u00e9retben, talpa pedig stabil, 10 x 4 cm-es kialak\u00edt\u00e1s\u00fa. A r\u00f3zsa fel\u00fclete gondosan festett, \u00edgy tart\u00f3s \u00e9s gy\u00f6ny\u00f6r\u0171 d\u00edsze lesz b\u00e1rmilyen otthonnak vagy irod\u00e1nak.\n\nSzem\u00e9lyes \u00fczeneted grav\u00edrozva\nA grav\u00edrozott r\u00f3zsa igazi var\u00e1zs\u00e1t a szem\u00e9lyes \u00fczenet adja, amelyet Te v\u00e1laszthatsz meg! Legyen sz\u00f3 szeretetteljes \u00fczenetr\u0151l, inspir\u00e1l\u00f3 id\u00e9zetr\u0151l, vagy egy d\u00e1tumr\u00f3l, ami fontos sz\u00e1motokra \u2013 a l\u00e9zergrav\u00edroz\u00e1s prec\u00edzen \u00e9s eleg\u00e1nsan \u00f6r\u00f6k\u00edti meg a sz\u00f6veget.\n\nEgyedi \u00e9s maradand\u00f3 aj\u00e1nd\u00e9k\nEz a grav\u00edrozott r\u00f3zsa t\u00f6k\u00e9letes aj\u00e1nd\u00e9k lehet sz\u00fclet\u00e9snapra, \u00e9vfordul\u00f3ra, Valentin-napra, Any\u00e1k napj\u00e1ra, vagy csak \u00fagy, ha szeretn\u00e9l valakit meglepni egyedi aj\u00e1nd\u00e9kkal. Az \u00f6r\u00f6kk\u00e9 tart\u00f3 r\u00f3zsa eml\u00e9kezteti a megaj\u00e1nd\u00e9kozottat azokra az \u00e9rz\u00e9sekre \u00e9s gondolatokra, amiket szeretn\u00e9l neki \u00e1tadni.\n\nMi\u00e9rt v\u00e1laszd a grav\u00edrozott r\u00f3zs\u00e1t?\nEgyedi design: Nincs k\u00e9t egyforma darab, hiszen a grav\u00edroz\u00e1s szem\u00e9lyre szabott.\nTerm\u00e9szetes anyag: Min\u0151s\u00e9gi ny\u00edrfa alapanyag, ami term\u00e9szetess\u00e9get \u00e9s eleganci\u00e1t sug\u00e1roz.\nOnline v\u00e1s\u00e1rl\u00e1s egyszer\u0171en: Aweboldalon p\u00e1r kattint\u00e1ssal megrendelheted.\n\nK\u00f6nny\u0171 \u00e9s biztons\u00e1gos online v\u00e1s\u00e1rl\u00e1s\nAz oldalon gyorsan \u00e9s k\u00e9nyelmesen v\u00e1s\u00e1rolhatsz. V\u00e1laszd ki a grav\u00edrozand\u00f3 sz\u00f6veget, add le a rendel\u00e9st, \u00e9s mi gondoskodunk r\u00f3la, hogy a r\u00f3zsa pontosan olyan legyen, amilyennek elk\u00e9pzelted.\n\nLepd meg, akiket szeretsz!\nAz egyedi grav\u00edrozott r\u00f3zsa nem csak aj\u00e1nd\u00e9k, hanem eml\u00e9k, ami \u00e9vek m\u00falva is ugyanazokat a kedves pillanatokat id\u00e9zi fel. Rendeld meg m\u00e9g ma, \u00e9s tedd k\u00fcl\u00f6nlegess\u00e9 szeretteid napj\u00e1t!\n\nAz egyedi grav\u00edrozott r\u00f3zsa t\u00f6k\u00e9letes aj\u00e1nd\u00e9k mindenkinek, akit k\u00fcl\u00f6nlegesen szeretn\u00e9l megaj\u00e1nd\u00e9kozni. Ide\u00e1lis v\u00e1laszt\u00e1s sz\u00fclet\u00e9snapra, \u00e9vfordul\u00f3ra, Valentin-napra, Any\u00e1k napj\u00e1ra, vagy ak\u00e1r kar\u00e1csonyra. Egyedi \u00fczenet\u00e9vel szem\u00e9lyes \u00e9s maradand\u00f3 eml\u00e9kk\u00e9 v\u00e1lik, \u00edgy t\u00f6k\u00e9letes a p\u00e1rodnak, \u00e9desany\u00e1dnak, nagymam\u00e1dnak, bar\u00e1todnak vagy koll\u00e9g\u00e1dnak. B\u00e1rmilyen alkalomra, amikor fontos, hogy az aj\u00e1nd\u00e9k sz\u00edvb\u0151l j\u00f6jj\u00f6n, ez a r\u00f3zsa garant\u00e1lt siker!\n\nParam\u00e9terek:\nAnyag: ny\u00edrfa\nM\u00e9ret: 15 x 8 cm\nTalp m\u00e9rete: 10 x 4 cm\nL\u00e9zerv\u00e1gott\t\nL\u00e9zergrav\u00edrozott\t\nFestett","score":0,"formatted_price":"2 290 Ft","image_url":"https:\/\/www.meska.hu\/img\/product\/small\/k\/r\/kreashop_product_655400_250111154519_9282.jpeg","formatted_url":"https:\/\/www.meska.hu\/p5468253-egyedi-gravirozott-rozsa","favourite":false,"in_stock":false,"avatar":"655400_avatar_1717052221.jpeg","delete_from":0,"is_enhanced_background":false,"is_enhanced":false,"product_selection_started":false,"is_active":true,"image_webp_url":"https:\/\/www.meska.hu\/img\/product\/small\/k\/r\/kreashop_product_655400_250111154519_9282.webp"},{"id":"3161199","shop_id":"5336","user_id":"20532","shop_name":"zenedoboz","shop_zip":"8042","product_code":"4704630","product_name_old":null,"product_name":"Tavaszi Sz\u00e9l Zenedoboz Olajz\u00f6ld - Meg\u00fajul\u00f3 Szerelem Aj\u00e1nd\u00e9k Grav\u00edroz\u00e1ssal","category_string":"Otthon & \u00c9letm\u00f3d, Dekor\u00e1ci\u00f3, Asztal \u00e9s polc dekor\u00e1ci\u00f3, Zenedoboz","technic_string":"Famegmunk\u00e1l\u00e1s","category_1":"813","category_2":"314","category_3":"1467","category_4":"1416","merged_category_1":null,"merged_category_2":null,"merged_category_3":null,"technic_1":"478","technic_2":"0","technic_3":"0","color_1":"529","color_2":"0","color_3":"0","product_description_old":null,"product_description":"Keresed a tavaszi meg\u00fajul\u00e1s hangulat\u00e1t id\u00e9z\u0151 zenedobozt, ami Valentin-napi meglepet\u00e9sk\u00e9nt is t\u00f6k\u00e9letes?\n\nTavaszi sz\u00e9l zenedoboz olajz\u00f6ld grav\u00edrozhat\u00f3 szerelmi aj\u00e1nd\u00e9k\nA \"Tavaszi sz\u00e9l vizet \u00e1raszt\" dallam olajz\u00f6ld eleganci\u00e1ban sz\u00f3lal meg \u2013 a meg\u00fajul\u00f3 szerelem szimb\u00f3luma!\n- Tavaszi frissess\u00e9g az \u00e9v b\u00e1rmelyik napj\u00e1n\n- Olajz\u00f6ld \u00e1rnyalat \u2013 term\u00e9szetes harm\u00f3nia\n- Grav\u00edrozhat\u00f3, pl. \"Meg\u00fajul\u00f3 szerelm\u00fcnk\" \u00fczenettel\n\nK\u00e9szterm\u00e9k - GLS 2-4 munkanap!\n\nHallgasd meg a vide\u00f3ban!\n\n- k\u00e9zzel tekerhet\u0151 mechanikus szerkezet\n- m\u00e9rete ~ 63 mm x 53 mm, magass\u00e1ga ~ 38 mm\n- olajz\u00f6ld sz\u00edn\u0171\n- b\u00fckk-, \u00e9s \u00e9gerf\u00e1b\u00f3l k\u00e9sz\u00fclt p\u00e1colt, lakkozott\n- madarak mot\u00edvum\n\nA zenedoboz - verkli, kintorna - egy mechanikus f\u00e9m szerkezettel m\u0171k\u00f6d\u0151 harangj\u00e1t\u00e9k, amiben apr\u00f3 f\u00e9m sz\u00f6gecsk\u00e9k pend\u00edtik meg a dallam hangjait. \n\nA fa erezete \u00e9s kism\u00e9rt\u00e9kben a sz\u00edne k\u00fcl\u00f6nb\u00f6zhet a k\u00e9pen l\u00e1tottakt\u00f3l. Minden darab egyenk\u00e9nt, k\u00e9zzel k\u00e9sz\u00fcl, ez\u00e9rt a k\u00e9p - nem alapvet\u0151en - elt\u00e9rhet a val\u00f3s\u00e1gt\u00f3l, nincs k\u00e9t egyforma darab. A mint\u00e1k n\u00e9ha ford\u00edtva ker\u00fclnek a tet\u0151re.\n\nMegrendel\u00e9s\u00e9t kieg\u00e9sz\u00edtheti sz\u00f6veg grav\u00edroz\u00e1s\u00e1val a zenedoboz alj\u00e1ra, az olvashat\u00f3s\u00e1g miatt legfeljebb 30 karakterrel.\n\nHaszn\u00e1lati \u00fatmutat\u00f3: \nwww.meska.hu\/Product\/shopStatement?shop_id=5336","price":"8900.00","unit":"db","recommended":"0","status":"1","sponsored":"0","exp_notify":"0","own_material":"0","own_material_description_old":null,"own_material_description":"","jury":"0","jury_number":"","product_nature":"","meskaracsony":"0","create_date":"2026-04-08 14:03:47","shelve_id":"82017","image":"mixtura_product_20532_211115184402_863185.jpeg","image_width":"480","image_height":"421","image_alt":"Tavaszi Sz\u00e9l Zenedoboz Olajz\u00f6ld - Meg\u00fajul\u00f3 Szerelem Aj\u00e1nd\u00e9k Grav\u00edroz\u00e1ssal, Keresed a tavaszi meg\u00fajul\u00e1s hangulat\u00e1t id\u00e9z\u0151 zenedobozt, ami Valentin-napi meglepet\u00e9sk\u00e9nt is t\u00f6k\u00e9let..., Meska","image_title":"Tavaszi Sz\u00e9l Zenedoboz Olajz\u00f6ld - Meg\u00fajul\u00f3 Szerelem Aj\u00e1nd\u00e9k Grav\u00edroz\u00e1ssal, Meska","view_count":"1736","favourite_count":"0","trending_score":"0","last2MonthFavouriteCount":"0","promotion":"0","giftcard_accept":"0","creditcard_accept":true,"enhanced_background":"0","domain":"meska","specific_customer_id":null,"specific_customer_name":null,"to_order_product":"0","to_order_product_time":"0","product_different":null,"product_different_description":"","vintage":"0","vintage_category_id":"0","recycled":"0","gemstone_id":"0","customizable":"0","type_category":"physical","zerowaste":"0","postage_price":"1290.00","shop_order":"1","has_category":"1","landing_pages":null,"microdata":{"number":3,"category":""},"title":"Tavaszi Sz\u00e9l Zenedoboz Olajz\u00f6ld - Meg\u00fajul\u00f3 Szerelem Aj\u00e1nd\u00e9k Grav\u00edroz\u00e1ssal","description":"Keresed a tavaszi meg\u00fajul\u00e1s hangulat\u00e1t id\u00e9z\u0151 zenedobozt, ami Valentin-napi meglepet\u00e9sk\u00e9nt is t\u00f6k\u00e9letes?\n\nTavaszi sz\u00e9l zenedoboz olajz\u00f6ld grav\u00edrozhat\u00f3 szerelmi aj\u00e1nd\u00e9k\nA \"Tavaszi sz\u00e9l vizet \u00e1raszt\" dallam olajz\u00f6ld eleganci\u00e1ban sz\u00f3lal meg \u2013 a meg\u00fajul\u00f3 szerelem szimb\u00f3luma!\n- Tavaszi frissess\u00e9g az \u00e9v b\u00e1rmelyik napj\u00e1n\n- Olajz\u00f6ld \u00e1rnyalat \u2013 term\u00e9szetes harm\u00f3nia\n- Grav\u00edrozhat\u00f3, pl. \"Meg\u00fajul\u00f3 szerelm\u00fcnk\" \u00fczenettel\n\nK\u00e9szterm\u00e9k - GLS 2-4 munkanap!\n\nHallgasd meg a vide\u00f3ban!\n\n- k\u00e9zzel tekerhet\u0151 mechanikus szerkezet\n- m\u00e9rete ~ 63 mm x 53 mm, magass\u00e1ga ~ 38 mm\n- olajz\u00f6ld sz\u00edn\u0171\n- b\u00fckk-, \u00e9s \u00e9gerf\u00e1b\u00f3l k\u00e9sz\u00fclt p\u00e1colt, lakkozott\n- madarak mot\u00edvum\n\nA zenedoboz - verkli, kintorna - egy mechanikus f\u00e9m szerkezettel m\u0171k\u00f6d\u0151 harangj\u00e1t\u00e9k, amiben apr\u00f3 f\u00e9m sz\u00f6gecsk\u00e9k pend\u00edtik meg a dallam hangjait. \n\nA fa erezete \u00e9s kism\u00e9rt\u00e9kben a sz\u00edne k\u00fcl\u00f6nb\u00f6zhet a k\u00e9pen l\u00e1tottakt\u00f3l. Minden darab egyenk\u00e9nt, k\u00e9zzel k\u00e9sz\u00fcl, ez\u00e9rt a k\u00e9p - nem alapvet\u0151en - elt\u00e9rhet a val\u00f3s\u00e1gt\u00f3l, nincs k\u00e9t egyforma darab. A mint\u00e1k n\u00e9ha ford\u00edtva ker\u00fclnek a tet\u0151re.\n\nMegrendel\u00e9s\u00e9t kieg\u00e9sz\u00edtheti sz\u00f6veg grav\u00edroz\u00e1s\u00e1val a zenedoboz alj\u00e1ra, az olvashat\u00f3s\u00e1g miatt legfeljebb 30 karakterrel.\n\nHaszn\u00e1lati \u00fatmutat\u00f3: \nwww.meska.hu\/Product\/shopStatement?shop_id=5336","score":0,"formatted_price":"8 900 Ft","image_url":"https:\/\/www.meska.hu\/img\/product\/small\/m\/i\/mixtura_product_20532_211115184402_863185.jpeg","formatted_url":"https:\/\/www.meska.hu\/p4704630-tavaszi-szel-vizet-araszt-zenedoboz-olajzold","favourite":false,"in_stock":true,"avatar":"zenedoboz_avatar_20532_1642010044.jpg","delete_from":0,"is_enhanced_background":false,"is_enhanced":false,"product_selection_started":false,"is_active":true,"image_webp_url":"https:\/\/www.meska.hu\/img\/product\/small\/m\/i\/mixtura_product_20532_211115184402_863185.webp"},{"id":"5676724","shop_id":"40424","user_id":"561714","shop_name":"Gieszer","shop_zip":"1035","product_code":"5487997","product_name_old":null,"product_name":"Fa \u00f6r\u00f6kr\u00f3zsa 3","category_string":"Otthon & \u00c9letm\u00f3d, Vir\u00e1gdekor\u00e1ci\u00f3, Vir\u00e1gd\u00edszek, L\u00e9zerv\u00e1gott vir\u00e1gd\u00edszek","technic_string":"Famegmunk\u00e1l\u00e1s","category_1":"813","category_2":"1473","category_3":"1792","category_4":"1802","merged_category_1":null,"merged_category_2":null,"merged_category_3":null,"technic_1":"478","technic_2":"0","technic_3":"0","color_1":"514","color_2":"523","color_3":"529","product_description_old":null,"product_description":"T\u00f6k\u00e9letes aj\u00e1nd\u00e9k, hogy meglepd szeretteidet. Legyen sz\u00f3 Valentin-napr\u00f3l, N\u0151napr\u00f3l, Any\u00e1k napj\u00e1r\u00f3l, az \u00e9vfordul\u00f3tokr\u00f3l vagy csak egy sz\u00fcrke h\u00e9tk\u00f6znapb\u00f3l val\u00f3 kiszakad\u00e1sr\u00f3l.\n\nM\u00e9rete:\nSz\u00e9less\u00e9g: 90 mm\nMagass\u00e1g: 230 mm\nVastags\u00e9g: 6 mm\n\nAnyaga: fa\n\nEgyedi felirat k\u00e9r\u00e9se: A term\u00e9kk\u00e9pen sz\u00f6veg (\"Szeretlek\") hely\u00e9re fog ker\u00fclni a saj\u00e1t felirat. Ak\u00e1r d\u00e1tum is megadhat\u00f3. Megjegyz\u00e9sben tudod meg\u00edrni, milyen felirat ker\u00fclj\u00f6n a r\u00f3zs\u00e1ra!\n\nAz \u00e1r tartalmazza a d\u00edszes talpat is, amibe a r\u00f3zsa bele\u00e1ll\u00edthat\u00f3, \u00edgy asztali dekor\u00e1ci\u00f3k\u00e9nt is haszn\u00e1lhat\u00f3.","price":"2950.00","unit":"db","recommended":"0","status":"1","sponsored":"0","exp_notify":"0","own_material":"0","own_material_description_old":null,"own_material_description":"","jury":"0","jury_number":"","product_nature":"","meskaracsony":"0","create_date":"2026-02-18 13:16:47","shelve_id":"72174","image":"gieszer_product_561714_250128134138_035440.jpeg","image_width":"480","image_height":"480","image_alt":"Fa \u00f6r\u00f6kr\u00f3zsa 3, T\u00f6k\u00e9letes aj\u00e1nd\u00e9k, hogy meglepd szeretteidet. Legyen sz\u00f3 Valentin-napr\u00f3l, N\u0151napr\u00f3l, Any\u00e1k napj\u00e1r\u00f3l, ..., Meska","image_title":"Fa \u00f6r\u00f6kr\u00f3zsa 3, Meska","view_count":"296","favourite_count":"0","trending_score":"0","last2MonthFavouriteCount":"0","promotion":"0","giftcard_accept":"0","creditcard_accept":true,"enhanced_background":"0","domain":"meska","specific_customer_id":null,"specific_customer_name":null,"to_order_product":"1","to_order_product_time":"3","product_different":null,"product_different_description":"","vintage":"0","vintage_category_id":"0","recycled":"0","gemstone_id":"0","customizable":"1","type_category":"physical","zerowaste":"0","postage_price":"1290.00","shop_order":"81","has_category":"1","landing_pages":null,"microdata":{"number":4,"category":""},"title":"Fa \u00f6r\u00f6kr\u00f3zsa 3","description":"T\u00f6k\u00e9letes aj\u00e1nd\u00e9k, hogy meglepd szeretteidet. Legyen sz\u00f3 Valentin-napr\u00f3l, N\u0151napr\u00f3l, Any\u00e1k napj\u00e1r\u00f3l, az \u00e9vfordul\u00f3tokr\u00f3l vagy csak egy sz\u00fcrke h\u00e9tk\u00f6znapb\u00f3l val\u00f3 kiszakad\u00e1sr\u00f3l.\n\nM\u00e9rete:\nSz\u00e9less\u00e9g: 90 mm\nMagass\u00e1g: 230 mm\nVastags\u00e9g: 6 mm\n\nAnyaga: fa\n\nEgyedi felirat k\u00e9r\u00e9se: A term\u00e9kk\u00e9pen sz\u00f6veg (\"Szeretlek\") hely\u00e9re fog ker\u00fclni a saj\u00e1t felirat. Ak\u00e1r d\u00e1tum is megadhat\u00f3. Megjegyz\u00e9sben tudod meg\u00edrni, milyen felirat ker\u00fclj\u00f6n a r\u00f3zs\u00e1ra!\n\nAz \u00e1r tartalmazza a d\u00edszes talpat is, amibe a r\u00f3zsa bele\u00e1ll\u00edthat\u00f3, \u00edgy asztali dekor\u00e1ci\u00f3k\u00e9nt is haszn\u00e1lhat\u00f3.","score":0,"formatted_price":"2 950 Ft","image_url":"https:\/\/www.meska.hu\/img\/product\/small\/g\/i\/gieszer_product_561714_250128134138_035440.jpeg","formatted_url":"https:\/\/www.meska.hu\/p5487997-fa-orokrozsa-3","favourite":false,"in_stock":false,"avatar":"561714_avatar_1678366056.png","delete_from":0,"is_enhanced_background":false,"is_enhanced":false,"product_selection_started":false,"is_active":true,"image_webp_url":"https:\/\/www.meska.hu\/img\/product\/small\/g\/i\/gieszer_product_561714_250128134138_035440.webp"},{"id":"6111413","shop_id":"17164","user_id":"139506","shop_name":"Tizsuarte","shop_zip":"4033","product_code":"5730758","product_name_old":null,"product_name":"Napl\u00f3 eml\u00e9kk\u00f6nyv r\u00f3zs\u00e1s","category_string":"Otthon & \u00c9letm\u00f3d, Pap\u00edr, \u00edr\u00f3szer, Jegyzetf\u00fczet & Napl\u00f3","technic_string":"Famegmunk\u00e1l\u00e1s","category_1":"813","category_2":"351","category_3":"354","category_4":"0","merged_category_1":null,"merged_category_2":null,"merged_category_3":null,"technic_1":"478","technic_2":"0","technic_3":"0","color_1":"514","color_2":"519","color_3":"529","product_description_old":null,"product_description":"Eml\u00e9kk\u00f6nyv ! F\u00e1b\u00f3l k\u00e9sz\u00fclt napl\u00f3. Nat\u00far alapsz\u00ednnel. \n  A 5 m\u00e9retben. \n Ak\u00e1r aj\u00e1nd\u00e9knak vagy eml\u00e9knek.\nA\/ 5 m\u00e9ret\u0171 feh\u00e9r sima lapokkal, melyek ha beteltek \u00fajra f\u0171zhet\u0151ek. \nF\u00e9m spir\u00e1l k\u00f6t\u00e9se miatt b\u00e1rmikor cser\u00e9lni lehet a pap\u00edr lapokat benne, \u00edgy k\u00e9rhet\u0151 fot\u00f3albumnak megfelel\u0151 fot\u00f3 kartonnal is.  A bor\u00edt\u00f3 k\u00e9zzel festett, akril. T\u00f6bb r\u00e9tegben lakkozva van. A bor\u00edton r\u00f3zsasz\u00e1l tal\u00e1lhat\u00f3. \nAj\u00e1nlom minden koroszt\u00e1lynak. Kicsik tudnak rajzolni bele, kreat\u00edvit\u00e1suk hat\u00e1rtalan lehet ha vel\u00fck van a t\u00e1sk\u00e1ban egy ilyan kis k\u00f6nyv. Kinyitva fa fedel rajzt\u00e1blak\u00e9nt is funkcion\u00e1l. \nNagyobbak tervezhetnek bele, vagy ezeken a lapokon sz\u00fclethetnek a legjobb novell\u00e1k, \u00e9s ha zen\u00e9sz vagy a legszebb dalsz\u00f6vegek. L\u00e1tod minden koroszt\u00e1lynak n\u00e9lk\u00fcl\u00f6zhetetlen ha belegondolsz ! \nA fa k\u00f6nyvek t\u00f6bb m\u00e9retben \u00e9s mint\u00e1val  k\u00e9sz\u00fclnek n\u00e1lam. egyedileg .\n\n\n","price":"8800.00","unit":"db","recommended":"0","status":"1","sponsored":"0","exp_notify":"0","own_material":"0","own_material_description_old":null,"own_material_description":"","jury":"0","jury_number":"","product_nature":"","meskaracsony":"0","create_date":"2026-02-08 20:12:14","shelve_id":"41058","image":"tizsuarte_product_139506_260208200932_093756.jpeg","image_width":"480","image_height":"530","image_alt":"Napl\u00f3 eml\u00e9kk\u00f6nyv r\u00f3zs\u00e1s, Eml\u00e9kk\u00f6nyv ! F\u00e1b\u00f3l k\u00e9sz\u00fclt napl\u00f3. Nat\u00far alapsz\u00ednnel. \\n  A 5 m\u00e9retben. \\n Ak\u00e1r aj\u00e1nd\u00e9knak vagy eml\u00e9kne..., Meska","image_title":"Napl\u00f3 eml\u00e9kk\u00f6nyv r\u00f3zs\u00e1s, Meska","view_count":"55","favourite_count":"0","trending_score":"0","last2MonthFavouriteCount":"0","promotion":"0","giftcard_accept":"1","creditcard_accept":true,"enhanced_background":"0","domain":"meska","specific_customer_id":null,"specific_customer_name":null,"to_order_product":"0","to_order_product_time":"0","product_different":null,"product_different_description":"","vintage":"0","vintage_category_id":"0","recycled":"0","gemstone_id":"0","customizable":"0","type_category":"physical","zerowaste":"0","postage_price":"2199.00","shop_order":"4","has_category":"1","landing_pages":null,"microdata":{"number":5,"category":""},"title":"Napl\u00f3 eml\u00e9kk\u00f6nyv r\u00f3zs\u00e1s","description":"Eml\u00e9kk\u00f6nyv ! F\u00e1b\u00f3l k\u00e9sz\u00fclt napl\u00f3. Nat\u00far alapsz\u00ednnel. \n  A 5 m\u00e9retben. \n Ak\u00e1r aj\u00e1nd\u00e9knak vagy eml\u00e9knek.\nA\/ 5 m\u00e9ret\u0171 feh\u00e9r sima lapokkal, melyek ha beteltek \u00fajra f\u0171zhet\u0151ek. \nF\u00e9m spir\u00e1l k\u00f6t\u00e9se miatt b\u00e1rmikor cser\u00e9lni lehet a pap\u00edr lapokat benne, \u00edgy k\u00e9rhet\u0151 fot\u00f3albumnak megfelel\u0151 fot\u00f3 kartonnal is.  A bor\u00edt\u00f3 k\u00e9zzel festett, akril. T\u00f6bb r\u00e9tegben lakkozva van. A bor\u00edton r\u00f3zsasz\u00e1l tal\u00e1lhat\u00f3. \nAj\u00e1nlom minden koroszt\u00e1lynak. Kicsik tudnak rajzolni bele, kreat\u00edvit\u00e1suk hat\u00e1rtalan lehet ha vel\u00fck van a t\u00e1sk\u00e1ban egy ilyan kis k\u00f6nyv. Kinyitva fa fedel rajzt\u00e1blak\u00e9nt is funkcion\u00e1l. \nNagyobbak tervezhetnek bele, vagy ezeken a lapokon sz\u00fclethetnek a legjobb novell\u00e1k, \u00e9s ha zen\u00e9sz vagy a legszebb dalsz\u00f6vegek. L\u00e1tod minden koroszt\u00e1lynak n\u00e9lk\u00fcl\u00f6zhetetlen ha belegondolsz ! \nA fa k\u00f6nyvek t\u00f6bb m\u00e9retben \u00e9s mint\u00e1val  k\u00e9sz\u00fclnek n\u00e1lam. egyedileg .\n\n\n","score":0,"formatted_price":"8 800 Ft","image_url":"https:\/\/www.meska.hu\/img\/product\/small\/t\/i\/tizsuarte_product_139506_260208200932_093756.jpeg","formatted_url":"https:\/\/www.meska.hu\/p5730758-naplo-emlekkonyv-rozsas","favourite":false,"in_stock":true,"avatar":"Tizsuarte_avatar_139506.jpg","delete_from":0,"is_enhanced_background":false,"is_enhanced":false,"product_selection_started":false,"is_active":true,"image_webp_url":"https:\/\/www.meska.hu\/img\/product\/small\/t\/i\/tizsuarte_product_139506_260208200932_093756.webp"},{"id":"6108408","shop_id":"17164","user_id":"139506","shop_name":"Tizsuarte","shop_zip":"4033","product_code":"5728249","product_name_old":null,"product_name":"Nemesfa med\u00e1l z\u00f6ld","category_string":"\u00c9kszer, Nyakl\u00e1nc, Med\u00e1l","technic_string":"Famegmunk\u00e1l\u00e1s","category_1":"327","category_2":"337","category_3":"335","category_4":"0","merged_category_1":null,"merged_category_2":null,"merged_category_3":null,"technic_1":"478","technic_2":"0","technic_3":"0","color_1":"513","color_2":"518","color_3":"529","product_description_old":null,"product_description":"Tuja f\u00e1b\u00f3l k\u00e9sz\u00fclt. Egyedileg tervezett, k\u00e9zzel alak\u00edtott, csiszolt forma. Saj\u00e1t kever\u00e9s\u0171 sz\u00ednekben, z\u00f6ld  \u00e1rnyalatban. N\u00e9gy r\u00e9teg lakkal bevonva.\nAz \u00e9kszer mint\u00e1zat\u00e1t a a fa eredeti term\u00e9szetes erezete adja. Orvosi ac\u00e9l szerel\u00e9keken . Nikkel mentesen. A med\u00e1l ac\u00e9lsodrony merev  l\u00e1ncon van . \nNagyon j\u00f3 kieg\u00e9sz\u00edt\u0151je lehet egy szolid ruh\u00e1nak a mindennapokra is.\nViselete diszkr\u00e9ten eleg\u00e1ns,m\u00e9gis mark\u00e1ns.\nS\u00falyra k\u00f6nnyed, egy\u00e1ltal\u00e1n nem neh\u00e9z , k\u00e9nyelmes viselet \nA med\u00e1l hossza: 5,5  cm\n\n","price":"4200.00","unit":"db","recommended":"0","status":"1","sponsored":"0","exp_notify":"0","own_material":"0","own_material_description_old":null,"own_material_description":"","jury":"0","jury_number":"","product_nature":"","meskaracsony":"0","create_date":"2026-02-07 21:16:50","shelve_id":"37889","image":"tizsuarte_product_139506_260207211502_128136.jpeg","image_width":"480","image_height":"637","image_alt":"Nemesfa med\u00e1l z\u00f6ld, Tuja f\u00e1b\u00f3l k\u00e9sz\u00fclt. Egyedileg tervezett, k\u00e9zzel alak\u00edtott, csiszolt forma. Saj\u00e1t kever\u00e9s\u0171 sz\u00ednekben,..., Meska","image_title":"Nemesfa med\u00e1l z\u00f6ld, Meska","view_count":"46","favourite_count":"0","trending_score":"0","last2MonthFavouriteCount":"0","promotion":"0","giftcard_accept":"1","creditcard_accept":true,"enhanced_background":"0","domain":"meska","specific_customer_id":null,"specific_customer_name":null,"to_order_product":"0","to_order_product_time":"0","product_different":null,"product_different_description":"","vintage":"0","vintage_category_id":"0","recycled":"0","gemstone_id":"0","customizable":"0","type_category":"physical","zerowaste":"0","postage_price":"1349.00","shop_order":"1","has_category":"1","landing_pages":null,"microdata":{"number":6,"category":""},"title":"Nemesfa med\u00e1l z\u00f6ld","description":"Tuja f\u00e1b\u00f3l k\u00e9sz\u00fclt. Egyedileg tervezett, k\u00e9zzel alak\u00edtott, csiszolt forma. Saj\u00e1t kever\u00e9s\u0171 sz\u00ednekben, z\u00f6ld  \u00e1rnyalatban. N\u00e9gy r\u00e9teg lakkal bevonva.\nAz \u00e9kszer mint\u00e1zat\u00e1t a a fa eredeti term\u00e9szetes erezete adja. Orvosi ac\u00e9l szerel\u00e9keken . Nikkel mentesen. A med\u00e1l ac\u00e9lsodrony merev  l\u00e1ncon van . \nNagyon j\u00f3 kieg\u00e9sz\u00edt\u0151je lehet egy szolid ruh\u00e1nak a mindennapokra is.\nViselete diszkr\u00e9ten eleg\u00e1ns,m\u00e9gis mark\u00e1ns.\nS\u00falyra k\u00f6nnyed, egy\u00e1ltal\u00e1n nem neh\u00e9z , k\u00e9nyelmes viselet \nA med\u00e1l hossza: 5,5  cm\n\n","score":0,"formatted_price":"4 200 Ft","image_url":"https:\/\/www.meska.hu\/img\/product\/small\/t\/i\/tizsuarte_product_139506_260207211502_128136.jpeg","formatted_url":"https:\/\/www.meska.hu\/p5728249-nemesfa-medal-zold","favourite":false,"in_stock":true,"avatar":"Tizsuarte_avatar_139506.jpg","delete_from":0,"is_enhanced_background":false,"is_enhanced":false,"product_selection_started":false,"is_active":true,"image_webp_url":"https:\/\/www.meska.hu\/img\/product\/small\/t\/i\/tizsuarte_product_139506_260207211502_128136.webp"},{"id":"6108296","shop_id":"17164","user_id":"139506","shop_name":"Tizsuarte","shop_zip":"4033","product_code":"5728157","product_name_old":null,"product_name":"Nemesfa med\u00e1l","category_string":"\u00c9kszer, Nyakl\u00e1nc, Med\u00e1l","technic_string":"Famegmunk\u00e1l\u00e1s","category_1":"327","category_2":"337","category_3":"335","category_4":"0","merged_category_1":null,"merged_category_2":null,"merged_category_3":null,"technic_1":"478","technic_2":"0","technic_3":"0","color_1":"513","color_2":"518","color_3":"529","product_description_old":null,"product_description":"Szilvaf\u00e1b\u00f3l k\u00e9sz\u00fclt. Egyedileg tervezett, k\u00e9zzel alak\u00edtott, csiszolt forma. Saj\u00e1t kever\u00e9s\u0171 sz\u00ednekben, z\u00f6ld  \u00e1rnyalatban. N\u00e9gy r\u00e9teg lakkal bevonva.\nAz \u00e9kszer mint\u00e1zat\u00e1t a a fa eredeti term\u00e9szetes erezete adja. Orvosi ac\u00e9l szerel\u00e9keken . Nikkel mentesen. A med\u00e1l ac\u00e9lsodrony merev  l\u00e1ncon van . \nNagyon j\u00f3 kieg\u00e9sz\u00edt\u0151je lehet egy szolid ruh\u00e1nak a mindennapokra is.\nViselete diszkr\u00e9ten eleg\u00e1ns,m\u00e9gis mark\u00e1ns.\nS\u00falyra k\u00f6nnyed, egy\u00e1ltal\u00e1n nem neh\u00e9z , k\u00e9nyelmes viselet \nA med\u00e1l hossza: 5,5  cm\n\n","price":"4200.00","unit":"db","recommended":"0","status":"1","sponsored":"0","exp_notify":"0","own_material":"0","own_material_description_old":null,"own_material_description":"","jury":"0","jury_number":"","product_nature":"","meskaracsony":"0","create_date":"2026-02-07 20:31:51","shelve_id":"37889","image":"tizsuarte_product_139506_260207202739_053791.jpeg","image_width":"480","image_height":"637","image_alt":"Nemesfa med\u00e1l, Szilvaf\u00e1b\u00f3l k\u00e9sz\u00fclt. Egyedileg tervezett, k\u00e9zzel alak\u00edtott, csiszolt forma. Saj\u00e1t kever\u00e9s\u0171 sz\u00ednekben..., Meska","image_title":"Nemesfa med\u00e1l, Meska","view_count":"35","favourite_count":"0","trending_score":"0","last2MonthFavouriteCount":"0","promotion":"0","giftcard_accept":"1","creditcard_accept":true,"enhanced_background":"0","domain":"meska","specific_customer_id":null,"specific_customer_name":null,"to_order_product":"0","to_order_product_time":"0","product_different":null,"product_different_description":"","vintage":"0","vintage_category_id":"0","recycled":"0","gemstone_id":"0","customizable":"0","type_category":"physical","zerowaste":"0","postage_price":"1349.00","shop_order":"1","has_category":"1","landing_pages":null,"microdata":{"number":7,"category":""},"title":"Nemesfa med\u00e1l","description":"Szilvaf\u00e1b\u00f3l k\u00e9sz\u00fclt. Egyedileg tervezett, k\u00e9zzel alak\u00edtott, csiszolt forma. Saj\u00e1t kever\u00e9s\u0171 sz\u00ednekben, z\u00f6ld  \u00e1rnyalatban. N\u00e9gy r\u00e9teg lakkal bevonva.\nAz \u00e9kszer mint\u00e1zat\u00e1t a a fa eredeti term\u00e9szetes erezete adja. Orvosi ac\u00e9l szerel\u00e9keken . Nikkel mentesen. A med\u00e1l ac\u00e9lsodrony merev  l\u00e1ncon van . \nNagyon j\u00f3 kieg\u00e9sz\u00edt\u0151je lehet egy szolid ruh\u00e1nak a mindennapokra is.\nViselete diszkr\u00e9ten eleg\u00e1ns,m\u00e9gis mark\u00e1ns.\nS\u00falyra k\u00f6nnyed, egy\u00e1ltal\u00e1n nem neh\u00e9z , k\u00e9nyelmes viselet \nA med\u00e1l hossza: 5,5  cm\n\n","score":0,"formatted_price":"4 200 Ft","image_url":"https:\/\/www.meska.hu\/img\/product\/small\/t\/i\/tizsuarte_product_139506_260207202739_053791.jpeg","formatted_url":"https:\/\/www.meska.hu\/p5728157-nemesfa-medal","favourite":false,"in_stock":true,"avatar":"Tizsuarte_avatar_139506.jpg","delete_from":0,"is_enhanced_background":false,"is_enhanced":false,"product_selection_started":false,"is_active":true,"image_webp_url":"https:\/\/www.meska.hu\/img\/product\/small\/t\/i\/tizsuarte_product_139506_260207202739_053791.webp"},{"id":"6107980","shop_id":"17164","user_id":"139506","shop_name":"Tizsuarte","shop_zip":"4033","product_code":"5727916","product_name_old":null,"product_name":"Nemesfa med\u00e1l","category_string":"\u00c9kszer, Nyakl\u00e1nc, Med\u00e1l","technic_string":"Famegmunk\u00e1l\u00e1s","category_1":"327","category_2":"337","category_3":"335","category_4":"0","merged_category_1":null,"merged_category_2":null,"merged_category_3":null,"technic_1":"478","technic_2":"0","technic_3":"0","color_1":"513","color_2":"529","color_3":"0","product_description_old":null,"product_description":"Ak\u00e1c f\u00e1b\u00f3l k\u00e9sz\u00fclt. Egyedileg tervezett, k\u00e9zzel alak\u00edtott, csiszolt forma. Saj\u00e1t kever\u00e9s\u0171 sz\u00ednekben, z\u00f6ld   \u00e1rnyalatban. N\u00e9gy r\u00e9teg lakkal bevonva.\nAz \u00e9kszer mint\u00e1zat\u00e1t a a fa eredeti term\u00e9szetes erezete adja. Orvosi ac\u00e9l szerel\u00e9keken . Nikkel mentesen. A med\u00e1l ac\u00e9lsodrony merev  l\u00e1ncon van . \nNagyon j\u00f3 kieg\u00e9sz\u00edt\u0151je lehet egy szolid ruh\u00e1nak a mindennapokra is.\nViselete diszkr\u00e9ten eleg\u00e1ns,m\u00e9gis mark\u00e1ns.\nS\u00falyra k\u00f6nnyed, egy\u00e1ltal\u00e1n nem neh\u00e9z , k\u00e9nyelmes viselet \nA med\u00e1l hossza: 5 cm\n\n","price":"4200.00","unit":"db","recommended":"0","status":"1","sponsored":"0","exp_notify":"0","own_material":"0","own_material_description_old":null,"own_material_description":"","jury":"0","jury_number":"","product_nature":"","meskaracsony":"0","create_date":"2026-02-07 18:08:37","shelve_id":"37889","image":"tizsuarte_product_139506_260207180718_11668.jpeg","image_width":"480","image_height":"637","image_alt":"Nemesfa med\u00e1l, Ak\u00e1c f\u00e1b\u00f3l k\u00e9sz\u00fclt. Egyedileg tervezett, k\u00e9zzel alak\u00edtott, csiszolt forma. Saj\u00e1t kever\u00e9s\u0171 sz\u00ednekben,..., Meska","image_title":"Nemesfa med\u00e1l, Meska","view_count":"35","favourite_count":"0","trending_score":"0","last2MonthFavouriteCount":"0","promotion":"0","giftcard_accept":"1","creditcard_accept":true,"enhanced_background":"0","domain":"meska","specific_customer_id":null,"specific_customer_name":null,"to_order_product":"0","to_order_product_time":"0","product_different":null,"product_different_description":"","vintage":"0","vintage_category_id":"0","recycled":"0","gemstone_id":"0","customizable":"0","type_category":"physical","zerowaste":"0","postage_price":"1349.00","shop_order":"1","has_category":"1","landing_pages":null,"microdata":{"number":8,"category":""},"title":"Nemesfa med\u00e1l","description":"Ak\u00e1c f\u00e1b\u00f3l k\u00e9sz\u00fclt. Egyedileg tervezett, k\u00e9zzel alak\u00edtott, csiszolt forma. Saj\u00e1t kever\u00e9s\u0171 sz\u00ednekben, z\u00f6ld   \u00e1rnyalatban. N\u00e9gy r\u00e9teg lakkal bevonva.\nAz \u00e9kszer mint\u00e1zat\u00e1t a a fa eredeti term\u00e9szetes erezete adja. Orvosi ac\u00e9l szerel\u00e9keken . Nikkel mentesen. A med\u00e1l ac\u00e9lsodrony merev  l\u00e1ncon van . \nNagyon j\u00f3 kieg\u00e9sz\u00edt\u0151je lehet egy szolid ruh\u00e1nak a mindennapokra is.\nViselete diszkr\u00e9ten eleg\u00e1ns,m\u00e9gis mark\u00e1ns.\nS\u00falyra k\u00f6nnyed, egy\u00e1ltal\u00e1n nem neh\u00e9z , k\u00e9nyelmes viselet \nA med\u00e1l hossza: 5 cm\n\n","score":0,"formatted_price":"4 200 Ft","image_url":"https:\/\/www.meska.hu\/img\/product\/small\/t\/i\/tizsuarte_product_139506_260207180718_11668.jpeg","formatted_url":"https:\/\/www.meska.hu\/p5727916-nemesfa-medal","favourite":false,"in_stock":true,"avatar":"Tizsuarte_avatar_139506.jpg","delete_from":0,"is_enhanced_background":false,"is_enhanced":false,"product_selection_started":false,"is_active":true,"image_webp_url":"https:\/\/www.meska.hu\/img\/product\/small\/t\/i\/tizsuarte_product_139506_260207180718_11668.webp"},{"id":"6107962","shop_id":"17164","user_id":"139506","shop_name":"Tizsuarte","shop_zip":"4033","product_code":"5727902","product_name_old":null,"product_name":"Nemesfa med\u00e1l","category_string":"\u00c9kszer, Nyakl\u00e1nc, Med\u00e1l","technic_string":"Famegmunk\u00e1l\u00e1s","category_1":"327","category_2":"337","category_3":"335","category_4":"0","merged_category_1":null,"merged_category_2":null,"merged_category_3":null,"technic_1":"478","technic_2":"0","technic_3":"0","color_1":"513","color_2":"529","color_3":"0","product_description_old":null,"product_description":"Ny\u00edrf\u00e1b\u00f3l  k\u00e9sz\u00fclt. Egyedileg tervezett, k\u00e9zzel alak\u00edtott, csiszolt forma. Saj\u00e1t kever\u00e9s\u0171 sz\u00ednekben, lime z\u00f6ld  \u00e1rnyalatban. N\u00e9gy r\u00e9teg lakkal bevonva.\nAz \u00e9kszer mint\u00e1zat\u00e1t a a fa eredeti term\u00e9szetes erezete adja. Orvosi ac\u00e9l szerel\u00e9keken . Nikkel mentesen. A med\u00e1l ac\u00e9lsodrony merev  l\u00e1ncon van . \nNagyon j\u00f3 kieg\u00e9sz\u00edt\u0151je lehet egy szolid ruh\u00e1nak a mindennapokra is.\nViselete diszkr\u00e9ten eleg\u00e1ns,m\u00e9gis mark\u00e1ns.\nS\u00falyra k\u00f6nnyed, egy\u00e1ltal\u00e1n nem neh\u00e9z , k\u00e9nyelmes viselet \nA med\u00e1l hossza: 5 x 4 cm\n\n","price":"4200.00","unit":"db","recommended":"0","status":"1","sponsored":"0","exp_notify":"0","own_material":"0","own_material_description_old":null,"own_material_description":"","jury":"0","jury_number":"","product_nature":"","meskaracsony":"0","create_date":"2026-02-07 18:00:21","shelve_id":"37889","image":"tizsuarte_product_139506_260207175759_402975.jpeg","image_width":"480","image_height":"637","image_alt":"Nemesfa med\u00e1l, Ny\u00edrf\u00e1b\u00f3l  k\u00e9sz\u00fclt. Egyedileg tervezett, k\u00e9zzel alak\u00edtott, csiszolt forma. Saj\u00e1t kever\u00e9s\u0171 sz\u00ednekben,..., Meska","image_title":"Nemesfa med\u00e1l, Meska","view_count":"52","favourite_count":"0","trending_score":"0","last2MonthFavouriteCount":"0","promotion":"0","giftcard_accept":"1","creditcard_accept":true,"enhanced_background":"0","domain":"meska","specific_customer_id":null,"specific_customer_name":null,"to_order_product":"0","to_order_product_time":"0","product_different":null,"product_different_description":"","vintage":"0","vintage_category_id":"0","recycled":"0","gemstone_id":"0","customizable":"0","type_category":"physical","zerowaste":"0","postage_price":"1349.00","shop_order":"1","has_category":"1","landing_pages":null,"microdata":{"number":9,"category":""},"title":"Nemesfa med\u00e1l","description":"Ny\u00edrf\u00e1b\u00f3l  k\u00e9sz\u00fclt. Egyedileg tervezett, k\u00e9zzel alak\u00edtott, csiszolt forma. Saj\u00e1t kever\u00e9s\u0171 sz\u00ednekben, lime z\u00f6ld  \u00e1rnyalatban. N\u00e9gy r\u00e9teg lakkal bevonva.\nAz \u00e9kszer mint\u00e1zat\u00e1t a a fa eredeti term\u00e9szetes erezete adja. Orvosi ac\u00e9l szerel\u00e9keken . Nikkel mentesen. A med\u00e1l ac\u00e9lsodrony merev  l\u00e1ncon van . \nNagyon j\u00f3 kieg\u00e9sz\u00edt\u0151je lehet egy szolid ruh\u00e1nak a mindennapokra is.\nViselete diszkr\u00e9ten eleg\u00e1ns,m\u00e9gis mark\u00e1ns.\nS\u00falyra k\u00f6nnyed, egy\u00e1ltal\u00e1n nem neh\u00e9z , k\u00e9nyelmes viselet \nA med\u00e1l hossza: 5 x 4 cm\n\n","score":0,"formatted_price":"4 200 Ft","image_url":"https:\/\/www.meska.hu\/img\/product\/small\/t\/i\/tizsuarte_product_139506_260207175759_402975.jpeg","formatted_url":"https:\/\/www.meska.hu\/p5727902-nemesfa-medal","favourite":false,"in_stock":true,"avatar":"Tizsuarte_avatar_139506.jpg","delete_from":0,"is_enhanced_background":false,"is_enhanced":false,"product_selection_started":false,"is_active":true,"image_webp_url":"https:\/\/www.meska.hu\/img\/product\/small\/t\/i\/tizsuarte_product_139506_260207175759_402975.webp"},{"id":"6107708","shop_id":"17164","user_id":"139506","shop_name":"Tizsuarte","shop_zip":"4033","product_code":"5727705","product_name_old":null,"product_name":"Nemesfa f\u00fclbeval\u00f3","category_string":"\u00c9kszer, F\u00fclbeval\u00f3, L\u00f3g\u00f3 f\u00fclbeval\u00f3","technic_string":"Famegmunk\u00e1l\u00e1s","category_1":"327","category_2":"331","category_3":"1219","category_4":"0","merged_category_1":null,"merged_category_2":null,"merged_category_3":null,"technic_1":"478","technic_2":"0","technic_3":"0","color_1":"513","color_2":"529","color_3":"0","product_description_old":null,"product_description":"Ny\u00edrf\u00e1b\u00f3l k\u00e9sz\u00fclt. Egyedileg tervezett, k\u00e9zzel alak\u00edtott, csiszolt forma. Saj\u00e1t kever\u00e9s\u0171 sz\u00ednekben, halv\u00e1ny lime z\u00f6ld  \u00e1rnyalatban. N\u00e9gy r\u00e9teg lakkal bevonva.\nAz \u00e9kszer mint\u00e1zat\u00e1t a a fa eredeti term\u00e9szetes erezete adja. Orvosi ac\u00e9l szerel\u00e9keken . Nikkel mentesen.\nNagyon j\u00f3 kieg\u00e9sz\u00edt\u0151je lehet egy szolid ruh\u00e1nak a mindennapokra is.\nViselete diszkr\u00e9ten eleg\u00e1ns,m\u00e9gis mark\u00e1ns.\nS\u00falyra k\u00f6nnyed, egy\u00e1ltal\u00e1n nem neh\u00e9z , k\u00e9nyelmes viselet.\n\nM\u00e9retei: (szerel\u00e9k n\u00e9lk\u00fcl) )\n\nF\u00fclbeval\u00f3 szerl\u00e9k: 6 cm\n\nF\u00fclbeval\u00f3 : 3,5 cm","price":"4500.00","unit":"db","recommended":"0","status":"1","sponsored":"0","exp_notify":"0","own_material":"0","own_material_description_old":null,"own_material_description":"","jury":"0","jury_number":"","product_nature":"","meskaracsony":"0","create_date":"2026-02-07 15:42:23","shelve_id":"37889","image":"tizsuarte_product_139506_260207154108_689683.jpeg","image_width":"480","image_height":"637","image_alt":"Nemesfa f\u00fclbeval\u00f3, Ny\u00edrf\u00e1b\u00f3l k\u00e9sz\u00fclt. Egyedileg tervezett, k\u00e9zzel alak\u00edtott, csiszolt forma. Saj\u00e1t kever\u00e9s\u0171 sz\u00ednekben, ..., Meska","image_title":"Nemesfa f\u00fclbeval\u00f3, Meska","view_count":"37","favourite_count":"0","trending_score":"0","last2MonthFavouriteCount":"0","promotion":"0","giftcard_accept":"1","creditcard_accept":true,"enhanced_background":"0","domain":"meska","specific_customer_id":null,"specific_customer_name":null,"to_order_product":"0","to_order_product_time":"0","product_different":null,"product_different_description":"","vintage":"0","vintage_category_id":"0","recycled":"0","gemstone_id":"0","customizable":"0","type_category":"physical","zerowaste":"0","postage_price":"1349.00","shop_order":"1","has_category":"1","landing_pages":null,"microdata":{"number":10,"category":""},"title":"Nemesfa f\u00fclbeval\u00f3","description":"Ny\u00edrf\u00e1b\u00f3l k\u00e9sz\u00fclt. Egyedileg tervezett, k\u00e9zzel alak\u00edtott, csiszolt forma. Saj\u00e1t kever\u00e9s\u0171 sz\u00ednekben, halv\u00e1ny lime z\u00f6ld  \u00e1rnyalatban. N\u00e9gy r\u00e9teg lakkal bevonva.\nAz \u00e9kszer mint\u00e1zat\u00e1t a a fa eredeti term\u00e9szetes erezete adja. Orvosi ac\u00e9l szerel\u00e9keken . Nikkel mentesen.\nNagyon j\u00f3 kieg\u00e9sz\u00edt\u0151je lehet egy szolid ruh\u00e1nak a mindennapokra is.\nViselete diszkr\u00e9ten eleg\u00e1ns,m\u00e9gis mark\u00e1ns.\nS\u00falyra k\u00f6nnyed, egy\u00e1ltal\u00e1n nem neh\u00e9z , k\u00e9nyelmes viselet.\n\nM\u00e9retei: (szerel\u00e9k n\u00e9lk\u00fcl) )\n\nF\u00fclbeval\u00f3 szerl\u00e9k: 6 cm\n\nF\u00fclbeval\u00f3 : 3,5 cm","score":0,"formatted_price":"4 500 Ft","image_url":"https:\/\/www.meska.hu\/img\/product\/small\/t\/i\/tizsuarte_product_139506_260207154108_689683.jpeg","formatted_url":"https:\/\/www.meska.hu\/p5727705-nemesfa-fulbevalo","favourite":false,"in_stock":true,"avatar":"Tizsuarte_avatar_139506.jpg","delete_from":0,"is_enhanced_background":false,"is_enhanced":false,"product_selection_started":false,"is_active":true,"image_webp_url":"https:\/\/www.meska.hu\/img\/product\/small\/t\/i\/tizsuarte_product_139506_260207154108_689683.webp"},{"id":"6107684","shop_id":"17164","user_id":"139506","shop_name":"Tizsuarte","shop_zip":"4033","product_code":"5727685","product_name_old":null,"product_name":"Nemesfa f\u00fclbeval\u00f3","category_string":"\u00c9kszer, F\u00fclbeval\u00f3, L\u00f3g\u00f3 f\u00fclbeval\u00f3","technic_string":"Famegmunk\u00e1l\u00e1s","category_1":"327","category_2":"331","category_3":"1219","category_4":"0","merged_category_1":null,"merged_category_2":null,"merged_category_3":null,"technic_1":"478","technic_2":"0","technic_3":"0","color_1":"513","color_2":"529","color_3":"0","product_description_old":null,"product_description":"Ny\u00edrf\u00e1b\u00f3l k\u00e9sz\u00fclt. Egyedileg tervezett, k\u00e9zzel alak\u00edtott, csiszolt forma. Saj\u00e1t kever\u00e9s\u0171 sz\u00ednekben, halv\u00e1ny lime z\u00f6ld  \u00e1rnyalatban. N\u00e9gy r\u00e9teg lakkal bevonva.\nAz \u00e9kszer mint\u00e1zat\u00e1t a a fa eredeti term\u00e9szetes erezete adja. Orvosi ac\u00e9l szerel\u00e9keken . Nikkel mentesen.\nNagyon j\u00f3 kieg\u00e9sz\u00edt\u0151je lehet egy szolid ruh\u00e1nak a mindennapokra is.\nViselete diszkr\u00e9ten eleg\u00e1ns,m\u00e9gis mark\u00e1ns.\nS\u00falyra k\u00f6nnyed, egy\u00e1ltal\u00e1n nem neh\u00e9z , k\u00e9nyelmes viselet.\n\nM\u00e9retei: (szerel\u00e9k n\u00e9lk\u00fcl) )\n\nF\u00fclbeval\u00f3 szerl\u00e9k: 5cm\n\nF\u00fclbeval\u00f3 : 3cm","price":"4500.00","unit":"db","recommended":"0","status":"1","sponsored":"0","exp_notify":"0","own_material":"0","own_material_description_old":null,"own_material_description":"","jury":"0","jury_number":"","product_nature":"","meskaracsony":"0","create_date":"2026-02-07 15:28:59","shelve_id":"37889","image":"tizsuarte_product_139506_260207152621_43674.jpeg","image_width":"480","image_height":"637","image_alt":"Nemesfa f\u00fclbeval\u00f3, Ny\u00edrf\u00e1b\u00f3l k\u00e9sz\u00fclt. Egyedileg tervezett, k\u00e9zzel alak\u00edtott, csiszolt forma. Saj\u00e1t kever\u00e9s\u0171 sz\u00ednekben, ..., Meska","image_title":"Nemesfa f\u00fclbeval\u00f3, Meska","view_count":"36","favourite_count":"0","trending_score":"0","last2MonthFavouriteCount":"0","promotion":"0","giftcard_accept":"1","creditcard_accept":true,"enhanced_background":"0","domain":"meska","specific_customer_id":null,"specific_customer_name":null,"to_order_product":"0","to_order_product_time":"0","product_different":null,"product_different_description":"","vintage":"0","vintage_category_id":"0","recycled":"0","gemstone_id":"0","customizable":"0","type_category":"physical","zerowaste":"0","postage_price":"1349.00","shop_order":"1","has_category":"1","landing_pages":null,"microdata":{"number":11,"category":""},"title":"Nemesfa f\u00fclbeval\u00f3","description":"Ny\u00edrf\u00e1b\u00f3l k\u00e9sz\u00fclt. Egyedileg tervezett, k\u00e9zzel alak\u00edtott, csiszolt forma. Saj\u00e1t kever\u00e9s\u0171 sz\u00ednekben, halv\u00e1ny lime z\u00f6ld  \u00e1rnyalatban. N\u00e9gy r\u00e9teg lakkal bevonva.\nAz \u00e9kszer mint\u00e1zat\u00e1t a a fa eredeti term\u00e9szetes erezete adja. Orvosi ac\u00e9l szerel\u00e9keken . Nikkel mentesen.\nNagyon j\u00f3 kieg\u00e9sz\u00edt\u0151je lehet egy szolid ruh\u00e1nak a mindennapokra is.\nViselete diszkr\u00e9ten eleg\u00e1ns,m\u00e9gis mark\u00e1ns.\nS\u00falyra k\u00f6nnyed, egy\u00e1ltal\u00e1n nem neh\u00e9z , k\u00e9nyelmes viselet.\n\nM\u00e9retei: (szerel\u00e9k n\u00e9lk\u00fcl) )\n\nF\u00fclbeval\u00f3 szerl\u00e9k: 5cm\n\nF\u00fclbeval\u00f3 : 3cm","score":0,"formatted_price":"4 500 Ft","image_url":"https:\/\/www.meska.hu\/img\/product\/small\/t\/i\/tizsuarte_product_139506_260207152621_43674.jpeg","formatted_url":"https:\/\/www.meska.hu\/p5727685-nemesfa-fulbevalo","favourite":false,"in_stock":true,"avatar":"Tizsuarte_avatar_139506.jpg","delete_from":0,"is_enhanced_background":false,"is_enhanced":false,"product_selection_started":false,"is_active":true,"image_webp_url":"https:\/\/www.meska.hu\/img\/product\/small\/t\/i\/tizsuarte_product_139506_260207152621_43674.webp"},{"id":"5685320","shop_id":"47916","user_id":"702202","shop_name":"Csakafa","shop_zip":"4482","product_code":"5492854","product_name_old":null,"product_name":"Aj\u00e1nd\u00e9k doboz","category_string":"Sz\u00e9ps\u00e9g\u00e1pol\u00e1s, Kozmetikai aj\u00e1nd\u00e9kcsomag","technic_string":"Famegmunk\u00e1l\u00e1s","category_1":"454","category_2":"915","category_3":"0","category_4":"0","merged_category_1":null,"merged_category_2":null,"merged_category_3":null,"technic_1":"478","technic_2":"0","technic_3":"0","color_1":"514","color_2":"525","color_3":"529","product_description_old":null,"product_description":"Egyedi \u00e9s gy\u00f6ny\u00f6r\u0171, saj\u00e1t elk\u00e9pzel\u00e9s szerint k\u00e9sz\u00fclt aj\u00e1nd\u00e9k!\nA dobozban tal\u00e1lhat\u00f3 2 db k\u00fcl\u00f6nb\u00f6z\u0151 k\u00e9zm\u0171ves szappan, egy db illatgyertya \u00e9s egy arctiszt\u00edt\u00f3 szivaccsal, r\u00e9tegelt ny\u00edrf\u00e1b\u00f3l k\u00e9sz\u00fclt. \n\nm\u00e9rete 150mm x55mm","price":"9000.00","unit":"db","recommended":"0","status":"1","sponsored":"0","exp_notify":"0","own_material":"0","own_material_description_old":null,"own_material_description":"","jury":"0","jury_number":"","product_nature":"","meskaracsony":"0","create_date":"2026-01-31 17:05:14","shelve_id":"0","image":"csakafa_product_702202_250205155745_498263.jpeg","image_width":"480","image_height":"360","image_alt":"Aj\u00e1nd\u00e9k doboz, Egyedi \u00e9s gy\u00f6ny\u00f6r\u0171, saj\u00e1t elk\u00e9pzel\u00e9s szerint k\u00e9sz\u00fclt aj\u00e1nd\u00e9k!\\nA dobozban tal\u00e1lhat\u00f3 2 db k\u00fcl\u00f6nb\u00f6z\u0151 k\u00e9..., Meska","image_title":"Aj\u00e1nd\u00e9k doboz, Meska","view_count":"336","favourite_count":"0","trending_score":"0","last2MonthFavouriteCount":"0","promotion":"0","giftcard_accept":"0","creditcard_accept":false,"enhanced_background":"0","domain":"meska","specific_customer_id":null,"specific_customer_name":null,"to_order_product":"0","to_order_product_time":"0","product_different":null,"product_different_description":"","vintage":"0","vintage_category_id":"0","recycled":"0","gemstone_id":"0","customizable":"0","type_category":"physical","zerowaste":"0","postage_price":"1290.00","shop_order":"0","has_category":"1","landing_pages":null,"microdata":{"number":12,"category":""},"title":"Aj\u00e1nd\u00e9k doboz","description":"Egyedi \u00e9s gy\u00f6ny\u00f6r\u0171, saj\u00e1t elk\u00e9pzel\u00e9s szerint k\u00e9sz\u00fclt aj\u00e1nd\u00e9k!\nA dobozban tal\u00e1lhat\u00f3 2 db k\u00fcl\u00f6nb\u00f6z\u0151 k\u00e9zm\u0171ves szappan, egy db illatgyertya \u00e9s egy arctiszt\u00edt\u00f3 szivaccsal, r\u00e9tegelt ny\u00edrf\u00e1b\u00f3l k\u00e9sz\u00fclt. \n\nm\u00e9rete 150mm x55mm","score":0,"formatted_price":"9 000 Ft","image_url":"https:\/\/www.meska.hu\/img\/product\/small\/c\/s\/csakafa_product_702202_250205155745_498263.jpeg","formatted_url":"https:\/\/www.meska.hu\/p5492854-valentin-napi-ajandek-doboz","favourite":false,"in_stock":true,"avatar":"702202_avatar_1738500708.jpeg","delete_from":0,"is_enhanced_background":false,"is_enhanced":false,"product_selection_started":false,"is_active":true,"image_webp_url":"https:\/\/www.meska.hu\/img\/product\/small\/c\/s\/csakafa_product_702202_250205155745_498263.webp"},{"id":"6095535","shop_id":"40424","user_id":"561714","shop_name":"Gieszer","shop_zip":"1035","product_code":"5720793","product_name_old":null,"product_name":"Valentin-napi fa \u00f6r\u00f6kr\u00f3zsa 3","category_string":"Otthon & \u00c9letm\u00f3d, Vir\u00e1gdekor\u00e1ci\u00f3, Vir\u00e1gd\u00edszek, L\u00e9zerv\u00e1gott vir\u00e1gd\u00edszek","technic_string":"Dekorgumi, Famegmunk\u00e1l\u00e1s","category_1":"813","category_2":"1473","category_3":"1792","category_4":"1802","merged_category_1":null,"merged_category_2":null,"merged_category_3":null,"technic_1":"10","technic_2":"478","technic_3":"0","color_1":"514","color_2":"523","color_3":"529","product_description_old":null,"product_description":"\ud83c\udf39 Egy r\u00f3zsa, ami sosem hervad el \ud83c\udf39\n\nLepd meg azt, akit igaz\u00e1n szeretsz egy olyan aj\u00e1nd\u00e9kkal, amely \u00f6r\u00f6kk\u00e9 eml\u00e9keztet az \u00e9rz\u00e9seidre. A l\u00e9zerv\u00e1gott fa \u00f6r\u00f6kr\u00f3zsa a klasszikus romantika \u00e9s a modern design t\u00f6k\u00e9letes tal\u00e1lkoz\u00e1sa \u2013 k\u00fcl\u00f6nleges, id\u0151t\u00e1ll\u00f3 \u00e9s sz\u00edvhez sz\u00f3l\u00f3.\nA gondosan megmunk\u00e1lt fa r\u00f3zsa a szeretet maradand\u00f3s\u00e1g\u00e1t jelk\u00e9pezi: nem hervad el, nem fakul meg, hanem hossz\u00fa \u00e9veken \u00e1t \u0151rzi az aj\u00e1nd\u00e9koz\u00e1s pillanat\u00e1nak var\u00e1zs\u00e1t. Letisztult formavil\u00e1ga \u00e9s eleg\u00e1ns megjelen\u00e9se b\u00e1rmely enteri\u0151rben meghitt hangulatot teremt.\n\ud83c\udf81 T\u00f6k\u00e9letes v\u00e1laszt\u00e1s Valentin-napra, \u00e9vfordul\u00f3ra vagy csak \u00fagy \u2013 szerelemb\u0151l.\nEgy apr\u00f3 gesztus, ami nagy \u00e9rzelmeket k\u00f6zvet\u00edt.\n\n\u2728 Mondd el \u00e9rz\u00e9seidet egy r\u00f3zs\u00e1val, ami \u00f6r\u00f6kre sz\u00f3l.\n\nM\u00e9retek: 220 \u00d7 90 \u00d7 6 mm\nTalp m\u00e9rete: 100\u00d770 mm\n","price":"3590.00","unit":"db","recommended":"0","status":"1","sponsored":"0","exp_notify":"0","own_material":"0","own_material_description_old":null,"own_material_description":"","jury":"0","jury_number":"","product_nature":"","meskaracsony":"0","create_date":"2026-01-27 18:25:06","shelve_id":"72174","image":"gieszer_product_561714_260127182416_18875.jpeg","image_width":"480","image_height":"480","image_alt":"Valentin-napi fa \u00f6r\u00f6kr\u00f3zsa 3, \ud83c\udf39 Egy r\u00f3zsa, ami sosem hervad el \ud83c\udf39\\n\\nLepd meg azt, akit igaz\u00e1n szeretsz egy olyan aj\u00e1nd\u00e9kkal, amely \u00f6..., Meska","image_title":"Valentin-napi fa \u00f6r\u00f6kr\u00f3zsa 3, Meska","view_count":"61","favourite_count":"0","trending_score":"0","last2MonthFavouriteCount":"0","promotion":"0","giftcard_accept":"0","creditcard_accept":true,"enhanced_background":"0","domain":"meska","specific_customer_id":null,"specific_customer_name":null,"to_order_product":"0","to_order_product_time":"0","product_different":null,"product_different_description":"","vintage":"0","vintage_category_id":"0","recycled":"0","gemstone_id":"0","customizable":"0","type_category":"physical","zerowaste":"0","postage_price":"1290.00","shop_order":"1","has_category":"1","landing_pages":null,"microdata":{"number":13,"category":""},"title":"Valentin-napi fa \u00f6r\u00f6kr\u00f3zsa 3","description":"\ud83c\udf39 Egy r\u00f3zsa, ami sosem hervad el \ud83c\udf39\n\nLepd meg azt, akit igaz\u00e1n szeretsz egy olyan aj\u00e1nd\u00e9kkal, amely \u00f6r\u00f6kk\u00e9 eml\u00e9keztet az \u00e9rz\u00e9seidre. A l\u00e9zerv\u00e1gott fa \u00f6r\u00f6kr\u00f3zsa a klasszikus romantika \u00e9s a modern design t\u00f6k\u00e9letes tal\u00e1lkoz\u00e1sa \u2013 k\u00fcl\u00f6nleges, id\u0151t\u00e1ll\u00f3 \u00e9s sz\u00edvhez sz\u00f3l\u00f3.\nA gondosan megmunk\u00e1lt fa r\u00f3zsa a szeretet maradand\u00f3s\u00e1g\u00e1t jelk\u00e9pezi: nem hervad el, nem fakul meg, hanem hossz\u00fa \u00e9veken \u00e1t \u0151rzi az aj\u00e1nd\u00e9koz\u00e1s pillanat\u00e1nak var\u00e1zs\u00e1t. Letisztult formavil\u00e1ga \u00e9s eleg\u00e1ns megjelen\u00e9se b\u00e1rmely enteri\u0151rben meghitt hangulatot teremt.\n\ud83c\udf81 T\u00f6k\u00e9letes v\u00e1laszt\u00e1s Valentin-napra, \u00e9vfordul\u00f3ra vagy csak \u00fagy \u2013 szerelemb\u0151l.\nEgy apr\u00f3 gesztus, ami nagy \u00e9rzelmeket k\u00f6zvet\u00edt.\n\n\u2728 Mondd el \u00e9rz\u00e9seidet egy r\u00f3zs\u00e1val, ami \u00f6r\u00f6kre sz\u00f3l.\n\nM\u00e9retek: 220 \u00d7 90 \u00d7 6 mm\nTalp m\u00e9rete: 100\u00d770 mm\n","score":0,"formatted_price":"3 590 Ft","image_url":"https:\/\/www.meska.hu\/img\/product\/small\/g\/i\/gieszer_product_561714_260127182416_18875.jpeg","formatted_url":"https:\/\/www.meska.hu\/p5720793-valentin-napi-fa-orokrozsa-3","favourite":false,"in_stock":true,"avatar":"561714_avatar_1678366056.png","delete_from":0,"is_enhanced_background":false,"is_enhanced":false,"product_selection_started":false,"is_active":true,"image_webp_url":"https:\/\/www.meska.hu\/img\/product\/small\/g\/i\/gieszer_product_561714_260127182416_18875.webp"},{"id":"6095532","shop_id":"40424","user_id":"561714","shop_name":"Gieszer","shop_zip":"1035","product_code":"5720791","product_name_old":null,"product_name":"Valentin-napi fa \u00f6r\u00f6kr\u00f3zsa 2","category_string":"Otthon & \u00c9letm\u00f3d, Vir\u00e1gdekor\u00e1ci\u00f3, Vir\u00e1gd\u00edszek, L\u00e9zerv\u00e1gott vir\u00e1gd\u00edszek","technic_string":"Dekorgumi, Famegmunk\u00e1l\u00e1s","category_1":"813","category_2":"1473","category_3":"1792","category_4":"1802","merged_category_1":null,"merged_category_2":null,"merged_category_3":null,"technic_1":"10","technic_2":"478","technic_3":"0","color_1":"514","color_2":"523","color_3":"529","product_description_old":null,"product_description":"\ud83c\udf39 Egy r\u00f3zsa, ami sosem hervad el \ud83c\udf39\n\nLepd meg azt, akit igaz\u00e1n szeretsz egy olyan aj\u00e1nd\u00e9kkal, amely \u00f6r\u00f6kk\u00e9 eml\u00e9keztet az \u00e9rz\u00e9seidre. A l\u00e9zerv\u00e1gott fa \u00f6r\u00f6kr\u00f3zsa a klasszikus romantika \u00e9s a modern design t\u00f6k\u00e9letes tal\u00e1lkoz\u00e1sa \u2013 k\u00fcl\u00f6nleges, id\u0151t\u00e1ll\u00f3 \u00e9s sz\u00edvhez sz\u00f3l\u00f3.\nA gondosan megmunk\u00e1lt fa r\u00f3zsa a szeretet maradand\u00f3s\u00e1g\u00e1t jelk\u00e9pezi: nem hervad el, nem fakul meg, hanem hossz\u00fa \u00e9veken \u00e1t \u0151rzi az aj\u00e1nd\u00e9koz\u00e1s pillanat\u00e1nak var\u00e1zs\u00e1t. Letisztult formavil\u00e1ga \u00e9s eleg\u00e1ns megjelen\u00e9se b\u00e1rmely enteri\u0151rben meghitt hangulatot teremt.\n\ud83c\udf81 T\u00f6k\u00e9letes v\u00e1laszt\u00e1s Valentin-napra, \u00e9vfordul\u00f3ra vagy csak \u00fagy \u2013 szerelemb\u0151l.\nEgy apr\u00f3 gesztus, ami nagy \u00e9rzelmeket k\u00f6zvet\u00edt.\n\n\u2728 Mondd el \u00e9rz\u00e9seidet egy r\u00f3zs\u00e1val, ami \u00f6r\u00f6kre sz\u00f3l.\n\nM\u00e9retek: 230 \u00d7 75 \u00d7 6 mm\nTalp m\u00e9rete: 100\u00d770 mm\n","price":"3390.00","unit":"db","recommended":"0","status":"1","sponsored":"0","exp_notify":"0","own_material":"0","own_material_description_old":null,"own_material_description":"","jury":"0","jury_number":"","product_nature":"","meskaracsony":"0","create_date":"2026-01-27 18:23:53","shelve_id":"72174","image":"gieszer_product_561714_260127182307_778775.jpeg","image_width":"480","image_height":"480","image_alt":"Valentin-napi fa \u00f6r\u00f6kr\u00f3zsa 2, \ud83c\udf39 Egy r\u00f3zsa, ami sosem hervad el \ud83c\udf39\\n\\nLepd meg azt, akit igaz\u00e1n szeretsz egy olyan aj\u00e1nd\u00e9kkal, amely \u00f6..., Meska","image_title":"Valentin-napi fa \u00f6r\u00f6kr\u00f3zsa 2, Meska","view_count":"58","favourite_count":"0","trending_score":"0","last2MonthFavouriteCount":"0","promotion":"0","giftcard_accept":"0","creditcard_accept":true,"enhanced_background":"0","domain":"meska","specific_customer_id":null,"specific_customer_name":null,"to_order_product":"0","to_order_product_time":"0","product_different":null,"product_different_description":"","vintage":"0","vintage_category_id":"0","recycled":"0","gemstone_id":"0","customizable":"0","type_category":"physical","zerowaste":"0","postage_price":"1290.00","shop_order":"2","has_category":"1","landing_pages":null,"microdata":{"number":14,"category":""},"title":"Valentin-napi fa \u00f6r\u00f6kr\u00f3zsa 2","description":"\ud83c\udf39 Egy r\u00f3zsa, ami sosem hervad el \ud83c\udf39\n\nLepd meg azt, akit igaz\u00e1n szeretsz egy olyan aj\u00e1nd\u00e9kkal, amely \u00f6r\u00f6kk\u00e9 eml\u00e9keztet az \u00e9rz\u00e9seidre. A l\u00e9zerv\u00e1gott fa \u00f6r\u00f6kr\u00f3zsa a klasszikus romantika \u00e9s a modern design t\u00f6k\u00e9letes tal\u00e1lkoz\u00e1sa \u2013 k\u00fcl\u00f6nleges, id\u0151t\u00e1ll\u00f3 \u00e9s sz\u00edvhez sz\u00f3l\u00f3.\nA gondosan megmunk\u00e1lt fa r\u00f3zsa a szeretet maradand\u00f3s\u00e1g\u00e1t jelk\u00e9pezi: nem hervad el, nem fakul meg, hanem hossz\u00fa \u00e9veken \u00e1t \u0151rzi az aj\u00e1nd\u00e9koz\u00e1s pillanat\u00e1nak var\u00e1zs\u00e1t. Letisztult formavil\u00e1ga \u00e9s eleg\u00e1ns megjelen\u00e9se b\u00e1rmely enteri\u0151rben meghitt hangulatot teremt.\n\ud83c\udf81 T\u00f6k\u00e9letes v\u00e1laszt\u00e1s Valentin-napra, \u00e9vfordul\u00f3ra vagy csak \u00fagy \u2013 szerelemb\u0151l.\nEgy apr\u00f3 gesztus, ami nagy \u00e9rzelmeket k\u00f6zvet\u00edt.\n\n\u2728 Mondd el \u00e9rz\u00e9seidet egy r\u00f3zs\u00e1val, ami \u00f6r\u00f6kre sz\u00f3l.\n\nM\u00e9retek: 230 \u00d7 75 \u00d7 6 mm\nTalp m\u00e9rete: 100\u00d770 mm\n","score":0,"formatted_price":"3 390 Ft","image_url":"https:\/\/www.meska.hu\/img\/product\/small\/g\/i\/gieszer_product_561714_260127182307_778775.jpeg","formatted_url":"https:\/\/www.meska.hu\/p5720791-valentin-napi-fa-orokrozsa-2","favourite":false,"in_stock":true,"avatar":"561714_avatar_1678366056.png","delete_from":0,"is_enhanced_background":false,"is_enhanced":false,"product_selection_started":false,"is_active":true,"image_webp_url":"https:\/\/www.meska.hu\/img\/product\/small\/g\/i\/gieszer_product_561714_260127182307_778775.webp"},{"id":"6095528","shop_id":"40424","user_id":"561714","shop_name":"Gieszer","shop_zip":"1035","product_code":"5720787","product_name_old":null,"product_name":"Valentin-napi fa \u00f6r\u00f6kr\u00f3zsa 1","category_string":"Otthon & \u00c9letm\u00f3d, Vir\u00e1gdekor\u00e1ci\u00f3, Vir\u00e1gd\u00edszek, L\u00e9zerv\u00e1gott vir\u00e1gd\u00edszek","technic_string":"Dekorgumi, Famegmunk\u00e1l\u00e1s","category_1":"813","category_2":"1473","category_3":"1792","category_4":"1802","merged_category_1":null,"merged_category_2":null,"merged_category_3":null,"technic_1":"10","technic_2":"478","technic_3":"0","color_1":"514","color_2":"523","color_3":"529","product_description_old":null,"product_description":"\ud83c\udf39 Egy r\u00f3zsa, ami sosem hervad el \ud83c\udf39\n\nLepd meg azt, akit igaz\u00e1n szeretsz egy olyan aj\u00e1nd\u00e9kkal, amely \u00f6r\u00f6kk\u00e9 eml\u00e9keztet az \u00e9rz\u00e9seidre. A l\u00e9zerv\u00e1gott fa \u00f6r\u00f6kr\u00f3zsa a klasszikus romantika \u00e9s a modern design t\u00f6k\u00e9letes tal\u00e1lkoz\u00e1sa \u2013 k\u00fcl\u00f6nleges, id\u0151t\u00e1ll\u00f3 \u00e9s sz\u00edvhez sz\u00f3l\u00f3.\nA gondosan megmunk\u00e1lt fa r\u00f3zsa a szeretet maradand\u00f3s\u00e1g\u00e1t jelk\u00e9pezi: nem hervad el, nem fakul meg, hanem hossz\u00fa \u00e9veken \u00e1t \u0151rzi az aj\u00e1nd\u00e9koz\u00e1s pillanat\u00e1nak var\u00e1zs\u00e1t. Letisztult formavil\u00e1ga \u00e9s eleg\u00e1ns megjelen\u00e9se b\u00e1rmely enteri\u0151rben meghitt hangulatot teremt.\n\ud83c\udf81 T\u00f6k\u00e9letes v\u00e1laszt\u00e1s Valentin-napra, \u00e9vfordul\u00f3ra vagy csak \u00fagy \u2013 szerelemb\u0151l.\nEgy apr\u00f3 gesztus, ami nagy \u00e9rzelmeket k\u00f6zvet\u00edt.\n\n\u2728 Mondd el \u00e9rz\u00e9seidet egy r\u00f3zs\u00e1val, ami \u00f6r\u00f6kre sz\u00f3l.\n\nM\u00e9retek: 240 \u00d7 70 \u00d7 6 mm\nTalp m\u00e9rete: 100\u00d770 mm\n","price":"3390.00","unit":"db","recommended":"0","status":"1","sponsored":"0","exp_notify":"0","own_material":"0","own_material_description_old":null,"own_material_description":"","jury":"0","jury_number":"","product_nature":"","meskaracsony":"0","create_date":"2026-01-27 18:22:14","shelve_id":"72174","image":"gieszer_product_561714_260127181641_789673.jpeg","image_width":"480","image_height":"480","image_alt":"Valentin-napi fa \u00f6r\u00f6kr\u00f3zsa 1, \ud83c\udf39 Egy r\u00f3zsa, ami sosem hervad el \ud83c\udf39\\n\\nLepd meg azt, akit igaz\u00e1n szeretsz egy olyan aj\u00e1nd\u00e9kkal, amely \u00f6..., Meska","image_title":"Valentin-napi fa \u00f6r\u00f6kr\u00f3zsa 1, Meska","view_count":"55","favourite_count":"0","trending_score":"0","last2MonthFavouriteCount":"0","promotion":"0","giftcard_accept":"0","creditcard_accept":true,"enhanced_background":"0","domain":"meska","specific_customer_id":null,"specific_customer_name":null,"to_order_product":"0","to_order_product_time":"0","product_different":null,"product_different_description":"","vintage":"0","vintage_category_id":"0","recycled":"0","gemstone_id":"0","customizable":"0","type_category":"physical","zerowaste":"0","postage_price":"1290.00","shop_order":"3","has_category":"1","landing_pages":null,"microdata":{"number":15,"category":""},"title":"Valentin-napi fa \u00f6r\u00f6kr\u00f3zsa 1","description":"\ud83c\udf39 Egy r\u00f3zsa, ami sosem hervad el \ud83c\udf39\n\nLepd meg azt, akit igaz\u00e1n szeretsz egy olyan aj\u00e1nd\u00e9kkal, amely \u00f6r\u00f6kk\u00e9 eml\u00e9keztet az \u00e9rz\u00e9seidre. A l\u00e9zerv\u00e1gott fa \u00f6r\u00f6kr\u00f3zsa a klasszikus romantika \u00e9s a modern design t\u00f6k\u00e9letes tal\u00e1lkoz\u00e1sa \u2013 k\u00fcl\u00f6nleges, id\u0151t\u00e1ll\u00f3 \u00e9s sz\u00edvhez sz\u00f3l\u00f3.\nA gondosan megmunk\u00e1lt fa r\u00f3zsa a szeretet maradand\u00f3s\u00e1g\u00e1t jelk\u00e9pezi: nem hervad el, nem fakul meg, hanem hossz\u00fa \u00e9veken \u00e1t \u0151rzi az aj\u00e1nd\u00e9koz\u00e1s pillanat\u00e1nak var\u00e1zs\u00e1t. Letisztult formavil\u00e1ga \u00e9s eleg\u00e1ns megjelen\u00e9se b\u00e1rmely enteri\u0151rben meghitt hangulatot teremt.\n\ud83c\udf81 T\u00f6k\u00e9letes v\u00e1laszt\u00e1s Valentin-napra, \u00e9vfordul\u00f3ra vagy csak \u00fagy \u2013 szerelemb\u0151l.\nEgy apr\u00f3 gesztus, ami nagy \u00e9rzelmeket k\u00f6zvet\u00edt.\n\n\u2728 Mondd el \u00e9rz\u00e9seidet egy r\u00f3zs\u00e1val, ami \u00f6r\u00f6kre sz\u00f3l.\n\nM\u00e9retek: 240 \u00d7 70 \u00d7 6 mm\nTalp m\u00e9rete: 100\u00d770 mm\n","score":0,"formatted_price":"3 390 Ft","image_url":"https:\/\/www.meska.hu\/img\/product\/small\/g\/i\/gieszer_product_561714_260127181641_789673.jpeg","formatted_url":"https:\/\/www.meska.hu\/p5720787-valentin-napi-fa-orokrozsa-1","favourite":false,"in_stock":true,"avatar":"561714_avatar_1678366056.png","delete_from":0,"is_enhanced_background":false,"is_enhanced":false,"product_selection_started":false,"is_active":true,"image_webp_url":"https:\/\/www.meska.hu\/img\/product\/small\/g\/i\/gieszer_product_561714_260127181641_789673.webp"},{"id":"5676710","shop_id":"40424","user_id":"561714","shop_name":"Gieszer","shop_zip":"1035","product_code":"5487991","product_name_old":null,"product_name":"Fa \u00f6r\u00f6kr\u00f3zsa 2","category_string":"Otthon & \u00c9letm\u00f3d, Vir\u00e1gdekor\u00e1ci\u00f3, Vir\u00e1gd\u00edszek, L\u00e9zerv\u00e1gott vir\u00e1gd\u00edszek","technic_string":"Famegmunk\u00e1l\u00e1s","category_1":"813","category_2":"1473","category_3":"1792","category_4":"1802","merged_category_1":null,"merged_category_2":null,"merged_category_3":null,"technic_1":"478","technic_2":"0","technic_3":"0","color_1":"514","color_2":"523","color_3":"529","product_description_old":null,"product_description":"T\u00f6k\u00e9letes aj\u00e1nd\u00e9k, hogy meglepd szeretteidet. Legyen sz\u00f3 Valentin-napr\u00f3l, N\u0151napr\u00f3l, Any\u00e1k napj\u00e1r\u00f3l, az \u00e9vfordul\u00f3tokr\u00f3l vagy csak egy sz\u00fcrke h\u00e9tk\u00f6znapb\u00f3l val\u00f3 kiszakad\u00e1sr\u00f3l.\n\nM\u00e9rete:\nSz\u00e9less\u00e9g: 74 mm\nMagass\u00e1g: 230 mm\nVastags\u00e9g: 6 mm\n\nAnyaga: fa\n\nEgyedi felirat k\u00e9r\u00e9se: A term\u00e9kk\u00e9pen sz\u00f6veg (\"Feliratod\") hely\u00e9re fog ker\u00fclni a saj\u00e1t felirat. Ak\u00e1r d\u00e1tum is megadhat\u00f3. Megjegyz\u00e9sben tudod meg\u00edrni, milyen felirat ker\u00fclj\u00f6n a r\u00f3zs\u00e1ra!\n\nAz \u00e1r tartalmazza a d\u00edszes talpat is, amibe a r\u00f3zsa bele\u00e1ll\u00edthat\u00f3, \u00edgy asztali dekor\u00e1ci\u00f3k\u00e9nt is haszn\u00e1lhat\u00f3.","price":"2950.00","unit":"db","recommended":"0","status":"1","sponsored":"0","exp_notify":"0","own_material":"0","own_material_description_old":null,"own_material_description":"","jury":"0","jury_number":"","product_nature":"","meskaracsony":"0","create_date":"2026-01-23 15:11:25","shelve_id":"72174","image":"gieszer_product_561714_250128132901_858127.jpeg","image_width":"480","image_height":"480","image_alt":"Fa \u00f6r\u00f6kr\u00f3zsa 2, T\u00f6k\u00e9letes aj\u00e1nd\u00e9k, hogy meglepd szeretteidet. Legyen sz\u00f3 Valentin-napr\u00f3l, N\u0151napr\u00f3l, Any\u00e1k napj\u00e1r\u00f3l, ..., Meska","image_title":"Fa \u00f6r\u00f6kr\u00f3zsa 2, Meska","view_count":"300","favourite_count":"0","trending_score":"0","last2MonthFavouriteCount":"0","promotion":"0","giftcard_accept":"0","creditcard_accept":true,"enhanced_background":"0","domain":"meska","specific_customer_id":null,"specific_customer_name":null,"to_order_product":"1","to_order_product_time":"3","product_different":null,"product_different_description":"","vintage":"0","vintage_category_id":"0","recycled":"0","gemstone_id":"0","customizable":"1","type_category":"physical","zerowaste":"0","postage_price":"1290.00","shop_order":"82","has_category":"1","landing_pages":null,"microdata":{"number":16,"category":""},"title":"Fa \u00f6r\u00f6kr\u00f3zsa 2","description":"T\u00f6k\u00e9letes aj\u00e1nd\u00e9k, hogy meglepd szeretteidet. Legyen sz\u00f3 Valentin-napr\u00f3l, N\u0151napr\u00f3l, Any\u00e1k napj\u00e1r\u00f3l, az \u00e9vfordul\u00f3tokr\u00f3l vagy csak egy sz\u00fcrke h\u00e9tk\u00f6znapb\u00f3l val\u00f3 kiszakad\u00e1sr\u00f3l.\n\nM\u00e9rete:\nSz\u00e9less\u00e9g: 74 mm\nMagass\u00e1g: 230 mm\nVastags\u00e9g: 6 mm\n\nAnyaga: fa\n\nEgyedi felirat k\u00e9r\u00e9se: A term\u00e9kk\u00e9pen sz\u00f6veg (\"Feliratod\") hely\u00e9re fog ker\u00fclni a saj\u00e1t felirat. Ak\u00e1r d\u00e1tum is megadhat\u00f3. Megjegyz\u00e9sben tudod meg\u00edrni, milyen felirat ker\u00fclj\u00f6n a r\u00f3zs\u00e1ra!\n\nAz \u00e1r tartalmazza a d\u00edszes talpat is, amibe a r\u00f3zsa bele\u00e1ll\u00edthat\u00f3, \u00edgy asztali dekor\u00e1ci\u00f3k\u00e9nt is haszn\u00e1lhat\u00f3.","score":0,"formatted_price":"2 950 Ft","image_url":"https:\/\/www.meska.hu\/img\/product\/small\/g\/i\/gieszer_product_561714_250128132901_858127.jpeg","formatted_url":"https:\/\/www.meska.hu\/p5487991-fa-orokrozsa-2","favourite":false,"in_stock":false,"avatar":"561714_avatar_1678366056.png","delete_from":0,"is_enhanced_background":false,"is_enhanced":false,"product_selection_started":false,"is_active":true,"image_webp_url":"https:\/\/www.meska.hu\/img\/product\/small\/g\/i\/gieszer_product_561714_250128132901_858127.webp"},{"id":"5676699","shop_id":"40424","user_id":"561714","shop_name":"Gieszer","shop_zip":"1035","product_code":"5487982","product_name_old":null,"product_name":"Fa \u00f6r\u00f6kr\u00f3zsa 1","category_string":"Otthon & \u00c9letm\u00f3d, Vir\u00e1gdekor\u00e1ci\u00f3, Vir\u00e1gd\u00edszek, L\u00e9zerv\u00e1gott vir\u00e1gd\u00edszek","technic_string":"Famegmunk\u00e1l\u00e1s","category_1":"813","category_2":"1473","category_3":"1792","category_4":"1802","merged_category_1":null,"merged_category_2":null,"merged_category_3":null,"technic_1":"478","technic_2":"0","technic_3":"0","color_1":"514","color_2":"523","color_3":"529","product_description_old":null,"product_description":"T\u00f6k\u00e9letes aj\u00e1nd\u00e9k, hogy meglepd szeretteidet. Legyen sz\u00f3 Valentin-napr\u00f3l, N\u0151napr\u00f3l, Any\u00e1k napj\u00e1r\u00f3l, az \u00e9vfordul\u00f3tokr\u00f3l vagy csak egy sz\u00fcrke h\u00e9tk\u00f6znapb\u00f3l val\u00f3 kiszakad\u00e1sr\u00f3l.\n\nM\u00e9rete:\nSz\u00e9less\u00e9g: 70 mm\nMagass\u00e1g: 230 mm\nVastags\u00e9g: 6 mm\n\nAnyaga: fa\n\nEgyedi felirat k\u00e9r\u00e9se: A term\u00e9kk\u00e9pen l\u00e1that\u00f3 d\u00e1tum (2024.01.23) hely\u00e9re fog ker\u00fclni a felirat. Nem csak d\u00e1tum, b\u00e1rmilyen felirat megadhat\u00f3! Pl.: \"Szeretlek\". Megjegyz\u00e9sben tudod meg\u00edrni, milyen felirat ker\u00fclj\u00f6n a r\u00f3zs\u00e1ra!\n\nAz \u00e1r tartalmazza a d\u00edszes talpat is, amibe a r\u00f3zsa bele\u00e1ll\u00edthat\u00f3, \u00edgy asztali dekor\u00e1ci\u00f3k\u00e9nt is haszn\u00e1lhat\u00f3.\n\n\n\n\n\n","price":"2950.00","unit":"db","recommended":"0","status":"1","sponsored":"0","exp_notify":"0","own_material":"0","own_material_description_old":null,"own_material_description":"","jury":"0","jury_number":"","product_nature":"","meskaracsony":"0","create_date":"2026-01-23 15:11:20","shelve_id":"72174","image":"gieszer_product_561714_250128131602_74054.jpeg","image_width":"480","image_height":"480","image_alt":"Fa \u00f6r\u00f6kr\u00f3zsa 1, T\u00f6k\u00e9letes aj\u00e1nd\u00e9k, hogy meglepd szeretteidet. Legyen sz\u00f3 Valentin-napr\u00f3l, N\u0151napr\u00f3l, Any\u00e1k napj\u00e1r\u00f3l, ..., Meska","image_title":"Fa \u00f6r\u00f6kr\u00f3zsa 1, Meska","view_count":"412","favourite_count":"1","trending_score":"0","last2MonthFavouriteCount":"0","promotion":"0","giftcard_accept":"0","creditcard_accept":true,"enhanced_background":"0","domain":"meska","specific_customer_id":null,"specific_customer_name":null,"to_order_product":"1","to_order_product_time":"3","product_different":null,"product_different_description":"","vintage":"0","vintage_category_id":"0","recycled":"0","gemstone_id":"0","customizable":"1","type_category":"physical","zerowaste":"0","postage_price":"1290.00","shop_order":"83","has_category":"1","landing_pages":null,"microdata":{"number":17,"category":""},"title":"Fa \u00f6r\u00f6kr\u00f3zsa 1","description":"T\u00f6k\u00e9letes aj\u00e1nd\u00e9k, hogy meglepd szeretteidet. Legyen sz\u00f3 Valentin-napr\u00f3l, N\u0151napr\u00f3l, Any\u00e1k napj\u00e1r\u00f3l, az \u00e9vfordul\u00f3tokr\u00f3l vagy csak egy sz\u00fcrke h\u00e9tk\u00f6znapb\u00f3l val\u00f3 kiszakad\u00e1sr\u00f3l.\n\nM\u00e9rete:\nSz\u00e9less\u00e9g: 70 mm\nMagass\u00e1g: 230 mm\nVastags\u00e9g: 6 mm\n\nAnyaga: fa\n\nEgyedi felirat k\u00e9r\u00e9se: A term\u00e9kk\u00e9pen l\u00e1that\u00f3 d\u00e1tum (2024.01.23) hely\u00e9re fog ker\u00fclni a felirat. Nem csak d\u00e1tum, b\u00e1rmilyen felirat megadhat\u00f3! Pl.: \"Szeretlek\". Megjegyz\u00e9sben tudod meg\u00edrni, milyen felirat ker\u00fclj\u00f6n a r\u00f3zs\u00e1ra!\n\nAz \u00e1r tartalmazza a d\u00edszes talpat is, amibe a r\u00f3zsa bele\u00e1ll\u00edthat\u00f3, \u00edgy asztali dekor\u00e1ci\u00f3k\u00e9nt is haszn\u00e1lhat\u00f3.\n\n\n\n\n\n","score":0,"formatted_price":"2 950 Ft","image_url":"https:\/\/www.meska.hu\/img\/product\/small\/g\/i\/gieszer_product_561714_250128131602_74054.jpeg","formatted_url":"https:\/\/www.meska.hu\/p5487982-fa-orokrozsa-1","favourite":false,"in_stock":false,"avatar":"561714_avatar_1678366056.png","delete_from":0,"is_enhanced_background":false,"is_enhanced":false,"product_selection_started":false,"is_active":true,"image_webp_url":"https:\/\/www.meska.hu\/img\/product\/small\/g\/i\/gieszer_product_561714_250128131602_74054.webp"},{"id":"5910384","shop_id":"30317","user_id":"382220","shop_name":"kovesydesign","shop_zip":"2685","product_code":"5614765","product_name_old":null,"product_name":"Rusztikus fa t\u00e1rol\u00f3,keny\u00e9rtart\u00f3 .","category_string":"Otthon & \u00c9letm\u00f3d, Konyhafelszerel\u00e9s, t\u00e1lal\u00e1s, Konyhai t\u00e1rol\u00e1s, Keny\u00e9rtart\u00f3","technic_string":"Famegmunk\u00e1l\u00e1s","category_1":"813","category_2":"393","category_3":"1483","category_4":"971","merged_category_1":null,"merged_category_2":null,"merged_category_3":null,"technic_1":"478","technic_2":"0","technic_3":"0","color_1":"514","color_2":"519","color_3":"529","product_description_old":null,"product_description":"Rusztikus fa t\u00e1rol\u00f3 l\u00e1da- szivvel.\n\nEleg\u00e1ns  k\u00e9zm\u0171ves t\u00e1rol\u00f3 l\u00e1da, sz\u00edv kiv\u00e1g\u00e1ssal az oldal\u00e1n. Kiv\u00e1l\u00f3 v\u00e1laszt\u00e1s konyh\u00e1ba, nappaliba, el\u0151szob\u00e1ba vagy aj\u00e1nd\u00e9kcsomagol\u00e1sk\u00e9nt is.\nEgyedi megjelen\u00e9s\u00e9vel melegs\u00e9get visz b\u00e1rmely enteri\u0151rbe \u2013 legyen az vintage, rusztikus vagy modern term\u00e9szetes st\u00edlus.\n\n M\u00e9rete: 50 \u00d7 27 \u00d7 15 cm\n Anyaga: nat\u00far fa, p\u00e1colva, k\u00e9zzel csiszolva\nK\u00e9zzel k\u00e9sz\u00fclt, minden darab egyedi!\nB\u00e1rmilyen sz\u00ednben k\u00e9rhet\u0151!\nT\u00f6k\u00e9letes keny\u00e9rkos\u00e1rnak, asztali t\u00e1rol\u00f3nak vagy dekor\u00e1ci\u00f3s elemnek is.","price":"8200.00","unit":"db","recommended":"0","status":"1","sponsored":"0","exp_notify":"0","own_material":"0","own_material_description_old":null,"own_material_description":"","jury":"0","jury_number":"","product_nature":"","meskaracsony":"0","create_date":"2026-01-20 08:58:38","shelve_id":"0","image":"kovesydesign_product_382220_250903153708_59086.jpeg","image_width":"480","image_height":"474","image_alt":"Rusztikus fa t\u00e1rol\u00f3,keny\u00e9rtart\u00f3 ., Rusztikus fa t\u00e1rol\u00f3 l\u00e1da- szivvel.\\n\\nEleg\u00e1ns  k\u00e9zm\u0171ves t\u00e1rol\u00f3 l\u00e1da, sz\u00edv kiv\u00e1g\u00e1ssal az oldal\u00e1n. Kiv\u00e1l..., Meska","image_title":"Rusztikus fa t\u00e1rol\u00f3,keny\u00e9rtart\u00f3 ., Meska","view_count":"229","favourite_count":"0","trending_score":"0","last2MonthFavouriteCount":"0","promotion":"0","giftcard_accept":"1","creditcard_accept":true,"enhanced_background":"0","domain":"meska","specific_customer_id":null,"specific_customer_name":null,"to_order_product":"0","to_order_product_time":"0","product_different":null,"product_different_description":"","vintage":"0","vintage_category_id":"0","recycled":"1","gemstone_id":"0","customizable":"0","type_category":"physical","zerowaste":"0","postage_price":"2390.00","shop_order":"0","has_category":"1","landing_pages":null,"microdata":{"number":18,"category":""},"title":"Rusztikus fa t\u00e1rol\u00f3,keny\u00e9rtart\u00f3 .","description":"Rusztikus fa t\u00e1rol\u00f3 l\u00e1da- szivvel.\n\nEleg\u00e1ns  k\u00e9zm\u0171ves t\u00e1rol\u00f3 l\u00e1da, sz\u00edv kiv\u00e1g\u00e1ssal az oldal\u00e1n. Kiv\u00e1l\u00f3 v\u00e1laszt\u00e1s konyh\u00e1ba, nappaliba, el\u0151szob\u00e1ba vagy aj\u00e1nd\u00e9kcsomagol\u00e1sk\u00e9nt is.\nEgyedi megjelen\u00e9s\u00e9vel melegs\u00e9get visz b\u00e1rmely enteri\u0151rbe \u2013 legyen az vintage, rusztikus vagy modern term\u00e9szetes st\u00edlus.\n\n M\u00e9rete: 50 \u00d7 27 \u00d7 15 cm\n Anyaga: nat\u00far fa, p\u00e1colva, k\u00e9zzel csiszolva\nK\u00e9zzel k\u00e9sz\u00fclt, minden darab egyedi!\nB\u00e1rmilyen sz\u00ednben k\u00e9rhet\u0151!\nT\u00f6k\u00e9letes keny\u00e9rkos\u00e1rnak, asztali t\u00e1rol\u00f3nak vagy dekor\u00e1ci\u00f3s elemnek is.","score":0,"formatted_price":"8 200 Ft","image_url":"https:\/\/www.meska.hu\/img\/product\/small\/k\/o\/kovesydesign_product_382220_250903153708_59086.jpeg","formatted_url":"https:\/\/www.meska.hu\/p5614765-rusztikus-fa-tarolokenyertarto","favourite":false,"in_stock":true,"avatar":"382220_avatar_1758954356.jpeg","delete_from":0,"is_enhanced_background":false,"is_enhanced":false,"product_selection_started":false,"is_active":true,"image_webp_url":"https:\/\/www.meska.hu\/img\/product\/small\/k\/o\/kovesydesign_product_382220_250903153708_59086.webp"},{"id":"6077769","shop_id":"17164","user_id":"139506","shop_name":"Tizsuarte","shop_zip":"4033","product_code":"5706948","product_name_old":null,"product_name":"\u00c9letf\u00e1s fa \u00e9kszerdoboz-rekeszes t\u0171zzom\u00e1nc k\u00e9ppel ","category_string":"\u00c9kszer, \u00c9kszertart\u00f3, \u00c9kszerdoboz","technic_string":"Famegmunk\u00e1l\u00e1s, T\u0171zzom\u00e1nc","category_1":"327","category_2":"565","category_3":"1207","category_4":"0","merged_category_1":null,"merged_category_2":null,"merged_category_3":null,"technic_1":"478","technic_2":"503","technic_3":"0","color_1":"512","color_2":"514","color_3":"529","product_description_old":null,"product_description":"Feny\u0151f\u00e1b\u00f3l k\u00e9sz\u00fclt \u00e9kszer , d\u00edszdoboz. \u00c9kszerekenk, eml\u00e9keknek, f\u00e9nyk\u00e9peknek......  Vil\u00e1gos feny\u0151z\u00f6ld sz\u00ednre p\u00e1colva . Rekeszes  \u00e9getett t\u0171zzom\u00e1nc k\u00e9ppel a tetej\u00e9n. A doboz fa r\u00e9sze t\u00f6bb r\u00e9tegben lakkozott. Belseje barna  poszt\u00f3val b\u00e9lelt. M\u00e1gnesz\u00e1rral z\u00e1r\u00f3dik. Egyedi tervez\u00e9s\u0171, k\u00e9zm\u0171ves darab. H\u00e1zzas\u00e1gra, esk\u00fcv\u0151re eljegyz\u00e9sre , \u00faj h\u00e1zhoz h\u00e1zavat\u00f3ra aj\u00e1nlom. \u00c9s persze ak\u00e1r sz\u00fclinapra , n\u00e9vnapra . \nM\u00e9retei: 9x 9 x 5 cm","price":"14800.00","unit":"db","recommended":"0","status":"1","sponsored":"0","exp_notify":"0","own_material":"0","own_material_description_old":null,"own_material_description":"","jury":"0","jury_number":"","product_nature":"","meskaracsony":"0","create_date":"2026-01-17 14:07:24","shelve_id":"37890","image":"tizsuarte_product_139506_260117140404_31872.jpeg","image_width":"480","image_height":"637","image_alt":"\u00c9letf\u00e1s fa \u00e9kszerdoboz-rekeszes t\u0171zzom\u00e1nc k\u00e9ppel , Feny\u0151f\u00e1b\u00f3l k\u00e9sz\u00fclt \u00e9kszer , d\u00edszdoboz. \u00c9kszerekenk, eml\u00e9keknek, f\u00e9nyk\u00e9peknek......  Vil\u00e1gos feny\u0151z\u00f6l..., Meska","image_title":"\u00c9letf\u00e1s fa \u00e9kszerdoboz-rekeszes t\u0171zzom\u00e1nc k\u00e9ppel , Meska","view_count":"55","favourite_count":"1","trending_score":"0","last2MonthFavouriteCount":"1","promotion":"0","giftcard_accept":"1","creditcard_accept":true,"enhanced_background":"0","domain":"meska","specific_customer_id":null,"specific_customer_name":null,"to_order_product":"0","to_order_product_time":"0","product_different":null,"product_different_description":"","vintage":"0","vintage_category_id":"0","recycled":"0","gemstone_id":"0","customizable":"0","type_category":"physical","zerowaste":"0","postage_price":"1349.00","shop_order":"130","has_category":"1","landing_pages":null,"microdata":{"number":19,"category":""},"title":"\u00c9letf\u00e1s fa \u00e9kszerdoboz-rekeszes t\u0171zzom\u00e1nc k\u00e9ppel ","description":"Feny\u0151f\u00e1b\u00f3l k\u00e9sz\u00fclt \u00e9kszer , d\u00edszdoboz. \u00c9kszerekenk, eml\u00e9keknek, f\u00e9nyk\u00e9peknek......  Vil\u00e1gos feny\u0151z\u00f6ld sz\u00ednre p\u00e1colva . Rekeszes  \u00e9getett t\u0171zzom\u00e1nc k\u00e9ppel a tetej\u00e9n. A doboz fa r\u00e9sze t\u00f6bb r\u00e9tegben lakkozott. Belseje barna  poszt\u00f3val b\u00e9lelt. M\u00e1gnesz\u00e1rral z\u00e1r\u00f3dik. Egyedi tervez\u00e9s\u0171, k\u00e9zm\u0171ves darab. H\u00e1zzas\u00e1gra, esk\u00fcv\u0151re eljegyz\u00e9sre , \u00faj h\u00e1zhoz h\u00e1zavat\u00f3ra aj\u00e1nlom. \u00c9s persze ak\u00e1r sz\u00fclinapra , n\u00e9vnapra . \nM\u00e9retei: 9x 9 x 5 cm","score":0,"formatted_price":"14 800 Ft","image_url":"https:\/\/www.meska.hu\/img\/product\/small\/t\/i\/tizsuarte_product_139506_260117140404_31872.jpeg","formatted_url":"https:\/\/www.meska.hu\/p5706948-eletfas-ekszerdoboz","favourite":false,"in_stock":true,"avatar":"Tizsuarte_avatar_139506.jpg","delete_from":0,"is_enhanced_background":false,"is_enhanced":false,"product_selection_started":false,"is_active":true,"image_webp_url":"https:\/\/www.meska.hu\/img\/product\/small\/t\/i\/tizsuarte_product_139506_260117140404_31872.webp"},{"id":"5650664","shop_id":"45386","user_id":"655400","shop_name":"KreaShop","shop_zip":"9351","product_code":"5468261","product_name_old":null,"product_name":"Fa r\u00f3zsa - szeretlek felirattal","category_string":"Otthon & \u00c9letm\u00f3d, Vir\u00e1gdekor\u00e1ci\u00f3, Vir\u00e1gd\u00edszek, L\u00e9zerv\u00e1gott vir\u00e1gd\u00edszek","technic_string":"Famegmunk\u00e1l\u00e1s","category_1":"813","category_2":"1473","category_3":"1792","category_4":"1802","merged_category_1":null,"merged_category_2":null,"merged_category_3":null,"technic_1":"478","technic_2":"0","technic_3":"0","color_1":"514","color_2":"523","color_3":"529","product_description_old":null,"product_description":"L\u00e9zerv\u00e1gott r\u00f3zsa ny\u00edrfa anyagb\u00f3l, z\u00f6ld \u00e9s piros sz\u00ednekkel festve, grav\u00edrozott Szeretlek felirattal, 26 x 12 cm-es m\u00e9retben.\n\nFa r\u00f3zsa \u2013 Szeretlek felirattal: A t\u00f6k\u00e9letes romantikus aj\u00e1nd\u00e9k\nHa egyedi, sz\u00edvhez sz\u00f3l\u00f3 \u00e9s tart\u00f3s aj\u00e1nd\u00e9kot keresel, a Fa r\u00f3zsa \u2013 Szeretlek felirattal t\u00f6k\u00e9letes v\u00e1laszt\u00e1s! Ez a k\u00fcl\u00f6nleges dekor\u00e1ci\u00f3 nem csak gy\u00f6ny\u00f6r\u0171, hanem \u00e9rzelmekkel teli gesztus is, amely \u00f6r\u00f6kre eml\u00e9keztet a szeretetre \u00e9s t\u00f6r\u0151d\u00e9sre. \n\nMit\u0151l k\u00fcl\u00f6nleges a Fa r\u00f3zsa?\nA L\u00e9zerv\u00e1gott r\u00f3zsa ny\u00edrfa anyagb\u00f3l k\u00e9sz\u00fcl, amely egyedi megjelen\u00e9st \u00e9s id\u0151t\u00e1ll\u00f3 min\u0151s\u00e9get biztos\u00edt. A gondosan kidolgozott r\u00e9szleteket a z\u00f6ld \u00e9s piros fest\u00e9s teszi \u00e9letteliv\u00e9, m\u00edg a grav\u00edrozott Szeretlek felirat m\u00e9g szem\u00e9lyesebb\u00e9 var\u00e1zsolja. A r\u00f3zsa 26 x 12 cm-es m\u00e9retben \u00e9rkezik, ami ide\u00e1lis dekor\u00e1ci\u00f3k\u00e9nt vagy aj\u00e1nd\u00e9kk\u00e9nt.\n\n\nKinek sz\u00f3l ez az aj\u00e1nd\u00e9k?\nA Fa r\u00f3zsa \u2013 Szeretlek felirattal t\u00f6k\u00e9letes v\u00e1laszt\u00e1s:\n\nP\u00e1rodnak: Lepd meg \u00e9leted szerelm\u00e9t egy k\u00fcl\u00f6nleges gesztussal, amely a romantikus pillanatokat \u00fcnnepli!\n\nCsal\u00e1dtagjaidnak: \u00c9desany\u00e1dnak, testv\u00e9rednek vagy b\u00e1rkinek, akit szeretsz \u00e9s meg akarsz lepni valami szem\u00e9lyessel.\n\nBar\u00e1toknak: Ak\u00e1r bar\u00e1ti gesztusk\u00e9nt is t\u00f6k\u00e9letes, ha valakit szeretn\u00e9l meg\u00f6rvendeztetni.\n\n\nMilyen alkalmakra ide\u00e1lis?\nEz a fa r\u00f3zsa szinte b\u00e1rmilyen alkalomra t\u00f6k\u00e9letes:\n\nValentin-napra: Mutasd meg a szerelmednek, hogy k\u00fcl\u00f6nleges helyet foglal el a sz\u00edvedben!\n\nSz\u00fclet\u00e9snapokra: Egyedi \u00e9s tart\u00f3s aj\u00e1nd\u00e9k, amely elt\u00e9r a szokv\u00e1nyos vir\u00e1gokt\u00f3l.\n\nAny\u00e1k napj\u00e1ra: Az \u00e9desany\u00e1d biztosan \u00e9rt\u00e9kelni fogja ezt az \u00e9rzelmekkel teli gesztust.\n\n\u00c9vfordul\u00f3kra: T\u00f6k\u00e9letes eml\u00e9k a k\u00f6z\u00f6s pillanatok \u00fcnnepl\u00e9s\u00e9re.\n\nAz online v\u00e1s\u00e1rl\u00e1s el\u0151nyei\nAz online v\u00e1s\u00e1rl\u00e1s k\u00e9nyelmes \u00e9s stresszmentes m\u00f3dja annak, hogy megtal\u00e1ld a t\u00f6k\u00e9letes aj\u00e1nd\u00e9kot. B\u00f6ng\u00e9szd a KreaShop Aj\u00e1nd\u00e9k k\u00edn\u00e1lat\u00e1t otthonr\u00f3l, \u00e9s rendeld meg a Fa r\u00f3zs\u00e1t \u2013 Szeretlek felirattal n\u00e9h\u00e1ny kattint\u00e1ssal. Mi gondoskodunk arr\u00f3l, hogy a csomagod gyorsan \u00e9s s\u00e9rtetlen\u00fcl meg\u00e9rkezzen.\n\n\nMi\u00e9rt v\u00e1laszd a Fa r\u00f3zs\u00e1t?\nId\u0151t\u00e1ll\u00f3 aj\u00e1nd\u00e9k: Nem hervad el, \u00f6r\u00f6kre eml\u00e9ket \u00e1ll\u00edt a szeretetnek.\n\nK\u00f6rnyezettudatos v\u00e1laszt\u00e1s: Ny\u00edrfa alapanyaga term\u00e9szetes \u00e9s fenntarthat\u00f3.\n\nEszt\u00e9tikus megjelen\u00e9s: Z\u00f6ld \u00e9s piros fest\u00e9se \u00e9leth\u0171v\u00e9 \u00e9s dekorat\u00edvv\u00e1 teszi.\n\nNe habozz, v\u00e1laszd ezt a k\u00fcl\u00f6nleges Fa r\u00f3zs\u00e1t \u00e9s tedd m\u00e9g eml\u00e9kezetesebb\u00e9 a fontos pillanatokat!\n\nParam\u00e9terek:\nM\u00e9ret: 26 x 12 cm\nAnyag: ny\u00edrfa\nFelirat: Szeretlek\nL\u00e9zerv\u00e1gott\t\nL\u00e9zergrav\u00edrozott\t\nFestett","price":"2290.00","unit":"db","recommended":"0","status":"1","sponsored":"0","exp_notify":"0","own_material":"0","own_material_description_old":null,"own_material_description":"","jury":"0","jury_number":"","product_nature":"","meskaracsony":"0","create_date":"2026-01-06 17:21:48","shelve_id":"77469","image":"kreashop_product_655400_250111160000_641699.jpeg","image_width":"480","image_height":"480","image_alt":"Fa r\u00f3zsa - szeretlek felirattal, L\u00e9zerv\u00e1gott r\u00f3zsa ny\u00edrfa anyagb\u00f3l, z\u00f6ld \u00e9s piros sz\u00ednekkel festve, grav\u00edrozott Szeretlek felirattal,..., Meska","image_title":"Fa r\u00f3zsa - szeretlek felirattal, Meska","view_count":"398","favourite_count":"0","trending_score":"0","last2MonthFavouriteCount":"0","promotion":"0","giftcard_accept":"0","creditcard_accept":true,"enhanced_background":"0","domain":"meska","specific_customer_id":null,"specific_customer_name":null,"to_order_product":"1","to_order_product_time":"10","product_different":null,"product_different_description":"","vintage":"0","vintage_category_id":"0","recycled":"0","gemstone_id":"0","customizable":"0","type_category":"physical","zerowaste":"0","postage_price":"1290.00","shop_order":"0","has_category":"1","landing_pages":null,"microdata":{"number":20,"category":""},"title":"Fa r\u00f3zsa - szeretlek felirattal","description":"L\u00e9zerv\u00e1gott r\u00f3zsa ny\u00edrfa anyagb\u00f3l, z\u00f6ld \u00e9s piros sz\u00ednekkel festve, grav\u00edrozott Szeretlek felirattal, 26 x 12 cm-es m\u00e9retben.\n\nFa r\u00f3zsa \u2013 Szeretlek felirattal: A t\u00f6k\u00e9letes romantikus aj\u00e1nd\u00e9k\nHa egyedi, sz\u00edvhez sz\u00f3l\u00f3 \u00e9s tart\u00f3s aj\u00e1nd\u00e9kot keresel, a Fa r\u00f3zsa \u2013 Szeretlek felirattal t\u00f6k\u00e9letes v\u00e1laszt\u00e1s! Ez a k\u00fcl\u00f6nleges dekor\u00e1ci\u00f3 nem csak gy\u00f6ny\u00f6r\u0171, hanem \u00e9rzelmekkel teli gesztus is, amely \u00f6r\u00f6kre eml\u00e9keztet a szeretetre \u00e9s t\u00f6r\u0151d\u00e9sre. \n\nMit\u0151l k\u00fcl\u00f6nleges a Fa r\u00f3zsa?\nA L\u00e9zerv\u00e1gott r\u00f3zsa ny\u00edrfa anyagb\u00f3l k\u00e9sz\u00fcl, amely egyedi megjelen\u00e9st \u00e9s id\u0151t\u00e1ll\u00f3 min\u0151s\u00e9get biztos\u00edt. A gondosan kidolgozott r\u00e9szleteket a z\u00f6ld \u00e9s piros fest\u00e9s teszi \u00e9letteliv\u00e9, m\u00edg a grav\u00edrozott Szeretlek felirat m\u00e9g szem\u00e9lyesebb\u00e9 var\u00e1zsolja. A r\u00f3zsa 26 x 12 cm-es m\u00e9retben \u00e9rkezik, ami ide\u00e1lis dekor\u00e1ci\u00f3k\u00e9nt vagy aj\u00e1nd\u00e9kk\u00e9nt.\n\n\nKinek sz\u00f3l ez az aj\u00e1nd\u00e9k?\nA Fa r\u00f3zsa \u2013 Szeretlek felirattal t\u00f6k\u00e9letes v\u00e1laszt\u00e1s:\n\nP\u00e1rodnak: Lepd meg \u00e9leted szerelm\u00e9t egy k\u00fcl\u00f6nleges gesztussal, amely a romantikus pillanatokat \u00fcnnepli!\n\nCsal\u00e1dtagjaidnak: \u00c9desany\u00e1dnak, testv\u00e9rednek vagy b\u00e1rkinek, akit szeretsz \u00e9s meg akarsz lepni valami szem\u00e9lyessel.\n\nBar\u00e1toknak: Ak\u00e1r bar\u00e1ti gesztusk\u00e9nt is t\u00f6k\u00e9letes, ha valakit szeretn\u00e9l meg\u00f6rvendeztetni.\n\n\nMilyen alkalmakra ide\u00e1lis?\nEz a fa r\u00f3zsa szinte b\u00e1rmilyen alkalomra t\u00f6k\u00e9letes:\n\nValentin-napra: Mutasd meg a szerelmednek, hogy k\u00fcl\u00f6nleges helyet foglal el a sz\u00edvedben!\n\nSz\u00fclet\u00e9snapokra: Egyedi \u00e9s tart\u00f3s aj\u00e1nd\u00e9k, amely elt\u00e9r a szokv\u00e1nyos vir\u00e1gokt\u00f3l.\n\nAny\u00e1k napj\u00e1ra: Az \u00e9desany\u00e1d biztosan \u00e9rt\u00e9kelni fogja ezt az \u00e9rzelmekkel teli gesztust.\n\n\u00c9vfordul\u00f3kra: T\u00f6k\u00e9letes eml\u00e9k a k\u00f6z\u00f6s pillanatok \u00fcnnepl\u00e9s\u00e9re.\n\nAz online v\u00e1s\u00e1rl\u00e1s el\u0151nyei\nAz online v\u00e1s\u00e1rl\u00e1s k\u00e9nyelmes \u00e9s stresszmentes m\u00f3dja annak, hogy megtal\u00e1ld a t\u00f6k\u00e9letes aj\u00e1nd\u00e9kot. B\u00f6ng\u00e9szd a KreaShop Aj\u00e1nd\u00e9k k\u00edn\u00e1lat\u00e1t otthonr\u00f3l, \u00e9s rendeld meg a Fa r\u00f3zs\u00e1t \u2013 Szeretlek felirattal n\u00e9h\u00e1ny kattint\u00e1ssal. Mi gondoskodunk arr\u00f3l, hogy a csomagod gyorsan \u00e9s s\u00e9rtetlen\u00fcl meg\u00e9rkezzen.\n\n\nMi\u00e9rt v\u00e1laszd a Fa r\u00f3zs\u00e1t?\nId\u0151t\u00e1ll\u00f3 aj\u00e1nd\u00e9k: Nem hervad el, \u00f6r\u00f6kre eml\u00e9ket \u00e1ll\u00edt a szeretetnek.\n\nK\u00f6rnyezettudatos v\u00e1laszt\u00e1s: Ny\u00edrfa alapanyaga term\u00e9szetes \u00e9s fenntarthat\u00f3.\n\nEszt\u00e9tikus megjelen\u00e9s: Z\u00f6ld \u00e9s piros fest\u00e9se \u00e9leth\u0171v\u00e9 \u00e9s dekorat\u00edvv\u00e1 teszi.\n\nNe habozz, v\u00e1laszd ezt a k\u00fcl\u00f6nleges Fa r\u00f3zs\u00e1t \u00e9s tedd m\u00e9g eml\u00e9kezetesebb\u00e9 a fontos pillanatokat!\n\nParam\u00e9terek:\nM\u00e9ret: 26 x 12 cm\nAnyag: ny\u00edrfa\nFelirat: Szeretlek\nL\u00e9zerv\u00e1gott\t\nL\u00e9zergrav\u00edrozott\t\nFestett","score":0,"formatted_price":"2 290 Ft","image_url":"https:\/\/www.meska.hu\/img\/product\/small\/k\/r\/kreashop_product_655400_250111160000_641699.jpeg","formatted_url":"https:\/\/www.meska.hu\/p5468261-fa-rozsa-szeretlek-felirattal","favourite":false,"in_stock":false,"avatar":"655400_avatar_1717052221.jpeg","delete_from":0,"is_enhanced_background":false,"is_enhanced":false,"product_selection_started":false,"is_active":true,"image_webp_url":"https:\/\/www.meska.hu\/img\/product\/small\/k\/r\/kreashop_product_655400_250111160000_641699.webp"},{"id":"5650690","shop_id":"45386","user_id":"655400","shop_name":"KreaShop","shop_zip":"9351","product_code":"5468273","product_name_old":null,"product_name":"R\u00f3zs\u00e1s k\u00e9pkeret egyedi f\u00e9nyk\u00e9ppel","category_string":"Otthon & \u00c9letm\u00f3d, Dekor\u00e1ci\u00f3, K\u00e9p & Falik\u00e9p, K\u00e9pkeret","technic_string":"Famegmunk\u00e1l\u00e1s","category_1":"813","category_2":"314","category_3":"417","category_4":"418","merged_category_1":null,"merged_category_2":null,"merged_category_3":null,"technic_1":"478","technic_2":"0","technic_3":"0","color_1":"514","color_2":"523","color_3":"529","product_description_old":null,"product_description":"22 x 18 cm-es l\u00e9zerv\u00e1gott dekor\u00e1ci\u00f3, 14,5 x 5 cm-es talppal, MFD anyagb\u00f3l. F\u00e9m lapra nyomtatott saj\u00e1t f\u00e9nyk\u00e9ppel sz\u00edvecske form\u00e1ban. Tetej\u00e9n love felirattal \u00e9s sz\u00edvekkel. Oldal\u00e1n piros \u00e9s z\u00f6ld sz\u00ednekkel festett mesesz\u00e9p r\u00f3zs\u00e1val.\n\nR\u00f3zs\u00e1s k\u00e9pkeret egyedi f\u00e9nyk\u00e9ppel \u2013 T\u00f6k\u00e9letes aj\u00e1nd\u00e9k minden szerelmes pillanatra\nA R\u00f3zs\u00e1s k\u00e9pkeret egy olyan egyedi aj\u00e1nd\u00e9k, amely \u00f6r\u00f6kre meg\u0151rzi a legszebb pillanataidat. Ha valami k\u00fcl\u00f6nleges, szem\u00e9lyre szabott aj\u00e1nd\u00e9kkal szeretn\u00e9d meglepni a szerelmedet, \u00e9desany\u00e1dat vagy b\u00e1rki m\u00e1st, aki fontos sz\u00e1modra, akkor a R\u00f3zs\u00e1s k\u00e9pkeret a t\u00f6k\u00e9letes v\u00e1laszt\u00e1s. Ez a l\u00e9zerv\u00e1gott dekor\u00e1ci\u00f3 nemcsak egy sz\u00e9p kieg\u00e9sz\u00edt\u0151, hanem egy olyan aj\u00e1nd\u00e9k, amely \u00e9rzelmeket \u00e9s eml\u00e9keket \u00f6r\u00f6k\u00edt meg, \u00edgy minden alkalomra ide\u00e1lis.\n\nMi\u00e9rt k\u00fcl\u00f6nleges a R\u00f3zs\u00e1s k\u00e9pkeret egyedi f\u00e9nyk\u00e9ppel?\nA R\u00f3zs\u00e1s k\u00e9pkeret egy 22 x 18 cm-es l\u00e9zerv\u00e1gott dekor\u00e1ci\u00f3, amely MDF anyagb\u00f3l k\u00e9sz\u00fclt, \u00edgy tart\u00f3s \u00e9s eleg\u00e1ns. A talp 14,5 x 5 cm m\u00e9ret\u0171, amely stabilan tartja a keretet, \u00edgy k\u00f6nnyed\u00e9n elhelyezheted b\u00e1rhol a lak\u00e1sban. Az egyedis\u00e9get az adja, hogy a keretbe f\u00e9m lapra nyomtatott saj\u00e1t f\u00e9nyk\u00e9p ker\u00fcl, amely sz\u00edvecske form\u00e1ban jelenik meg, \u00edgy val\u00f3ban szem\u00e9lyre szabott aj\u00e1nd\u00e9kk\u00e1 v\u00e1lik.\n\nA k\u00e9pkeret tetej\u00e9n tal\u00e1lhat\u00f3 \"love\" felirat \u00e9s a sz\u00edvecsk\u00e9k a szerelem \u00e9s a szeretet szimb\u00f3lumai, m\u00edg az oldal\u00e1n l\u00e9v\u0151 piros \u00e9s z\u00f6ld sz\u00ednekben festett mesesz\u00e9p r\u00f3zsa egy romantikus \u00e9s var\u00e1zslatos hangulatot ad az eg\u00e9sz dekor\u00e1ci\u00f3nak. Mindez t\u00f6k\u00e9letesen illik a legk\u00fcl\u00f6nlegesebb pillanatokhoz \u00e9s az \u00e9rzelmek kifejez\u00e9s\u00e9hez.\n\n\nKinek aj\u00e1nljuk a R\u00f3zs\u00e1s k\u00e9pkeretet?\nA R\u00f3zs\u00e1s k\u00e9pkeret igaz\u00e1n egyedi aj\u00e1nd\u00e9k, amely minden olyan szem\u00e9ly sz\u00e1m\u00e1ra t\u00f6k\u00e9letes, aki szeretn\u00e9 kifejezni \u00e9rzelmeit egy k\u00fcl\u00f6nleges m\u00f3don. Ide\u00e1lis aj\u00e1nd\u00e9k:\n\nP\u00e1roknak: Ha szeretn\u00e9d meglepni a szerelmedet, ez a szem\u00e9lyre szabott k\u00e9pkeret a legjobb v\u00e1laszt\u00e1s. A k\u00f6z\u00f6s f\u00e9nyk\u00e9pet egy gy\u00f6ny\u00f6r\u0171, romantikus keretbe helyezve \u00f6r\u00f6k eml\u00e9ket adsz neki.\n\n\u00c9desany\u00e1knak: Any\u00e1k napj\u00e1ra vagy sz\u00fclet\u00e9snapra t\u00f6k\u00e9letes aj\u00e1nd\u00e9k, amely minden anyai sz\u00edvet meg\u00e9rint.\n\nBar\u00e1toknak \u00e9s csal\u00e1dtagoknak: Ha valakit szeretn\u00e9l meglepni egy szem\u00e9lyes \u00e9s romantikus aj\u00e1nd\u00e9kkal, a R\u00f3zs\u00e1s k\u00e9pkeret garant\u00e1ltan mosolyt csal az arcukra.\n\n\nMilyen alkalmakra ide\u00e1lis?\nEz az egyedi R\u00f3zs\u00e1s k\u00e9pkeret minden olyan alkalomra t\u00f6k\u00e9letes, ahol szeretn\u00e9l kifejezni valakit ir\u00e1nti szeretetedet:\n\nValentin-napra: A legszebb m\u00f3dja annak, hogy meglepd a szerelmedet, \u00e9s \u00f6r\u00f6k\u00edts\u00e9tek meg a k\u00f6z\u00f6s pillanataitokat.\n\nSz\u00fclet\u00e9snapra: Egy olyan aj\u00e1nd\u00e9k, amely \u00f6r\u00f6met okoz \u00e9s \u00e9rzelmeket fejez ki.\n\nKar\u00e1csonyra: Tedd m\u00e9g k\u00fcl\u00f6nlegesebb\u00e9 az \u00fcnnepeket egy szem\u00e9lyre szabott aj\u00e1nd\u00e9kkal, amely \u00e9vr\u0151l \u00e9vre eml\u00e9keztetni fogja \u0151t a szeretetedre.\n\n\u00c9vfordul\u00f3kra: \u00d6r\u00f6k\u00edts\u00e9tek meg az egy\u00fctt t\u00f6lt\u00f6tt id\u0151t egy romantikus f\u00e9nyk\u00e9ppel, amely mindig eml\u00e9keztetni fog titeket a k\u00f6z\u00f6s pillanataitokra.\n\nB\u00e1rmikor: Mert az igaz\u00e1n k\u00fcl\u00f6nleges aj\u00e1nd\u00e9kok nem sz\u00fcks\u00e9gelnek k\u00fcl\u00f6nleges alkalmat.\n\n\nAz online v\u00e1s\u00e1rl\u00e1s el\u0151nyei\nA  weboldalon k\u00e9nyelmesen, otthonr\u00f3l rendelheted meg a R\u00f3zs\u00e1s k\u00e9pkeretet, \u00e9s biztos lehetsz benne, hogy gyorsan \u00e9s pontosan meg\u00e9rkezik. N\u00e1lunk minden aj\u00e1nd\u00e9k egyed\u00fcl\u00e1ll\u00f3 \u00e9s szem\u00e9lyre szabott, \u00edgy biztos lehetsz benne, hogy olyan meglepet\u00e9st adsz, amely val\u00f3ban sz\u00edvb\u0151l j\u00f6v\u0151.\n\n\nMi\u00e9rt v\u00e1laszd a R\u00f3zs\u00e1s k\u00e9pkeretet?\nSzem\u00e9lyre szabott aj\u00e1nd\u00e9k: A saj\u00e1t f\u00e9nyk\u00e9pedet tartalmazza, \u00edgy igaz\u00e1n k\u00fcl\u00f6nlegess\u00e9 v\u00e1lik.\n\nRomantikus \u00e9s eleg\u00e1ns design: A \"love\" felirat \u00e9s a r\u00f3zs\u00e1s minta t\u00f6k\u00e9letes v\u00e1laszt\u00e1s a szerelmes pillanatok meg\u00f6r\u00f6k\u00edt\u00e9s\u00e9re.\n\nTart\u00f3s \u00e9s min\u0151s\u00e9gi anyag: Az MDF anyag \u00e9s a l\u00e9zerv\u00e1gott dekor\u00e1ci\u00f3 hossz\u00fa \u00e9vekig meg\u0151rzi a sz\u00e9ps\u00e9g\u00e9t.\n\nNe habozz, v\u00e1laszd a R\u00f3zs\u00e1s k\u00e9pkeretet aj\u00e1nd\u00e9knak, \u00e9s tedd m\u00e9g k\u00fcl\u00f6nlegesebb\u00e9 a szeretteid napj\u00e1t! Rendeld meg online, \u00e9s hozd el az \u00f6r\u00f6m\u00f6t minden alkalomra!\n\nParam\u00e9terek:\nDekor\u00e1ci\u00f3 m\u00e9rete: 22 x 18 cm\nTalp m\u00e9rete: 14,5 x 5 cm\nAnyag: MDF\nF\u00e9nyk\u00e9p anyaga: f\u00e9m\nMinta: sz\u00edv, r\u00f3zsa\nFelirat: Love\nL\u00e9zerv\u00e1gott\t\nL\u00e9zergrav\u00edrozott","price":"5990.00","unit":"db","recommended":"0","status":"1","sponsored":"0","exp_notify":"0","own_material":"0","own_material_description_old":null,"own_material_description":"","jury":"0","jury_number":"","product_nature":"","meskaracsony":"0","create_date":"2026-01-06 17:21:36","shelve_id":"77469","image":"kreashop_product_655400_250111160856_57938.jpeg","image_width":"480","image_height":"480","image_alt":"R\u00f3zs\u00e1s k\u00e9pkeret egyedi f\u00e9nyk\u00e9ppel, 22 x 18 cm-es l\u00e9zerv\u00e1gott dekor\u00e1ci\u00f3, 14,5 x 5 cm-es talppal, MFD anyagb\u00f3l. F\u00e9m lapra nyomtatott saj\u00e1..., Meska","image_title":"R\u00f3zs\u00e1s k\u00e9pkeret egyedi f\u00e9nyk\u00e9ppel, Meska","view_count":"266","favourite_count":"0","trending_score":"0","last2MonthFavouriteCount":"0","promotion":"0","giftcard_accept":"0","creditcard_accept":true,"enhanced_background":"0","domain":"meska","specific_customer_id":null,"specific_customer_name":null,"to_order_product":"1","to_order_product_time":"10","product_different":null,"product_different_description":"","vintage":"0","vintage_category_id":"0","recycled":"0","gemstone_id":"0","customizable":"1","type_category":"physical","zerowaste":"0","postage_price":"1290.00","shop_order":"0","has_category":"1","landing_pages":null,"microdata":{"number":21,"category":""},"title":"R\u00f3zs\u00e1s k\u00e9pkeret egyedi f\u00e9nyk\u00e9ppel","description":"22 x 18 cm-es l\u00e9zerv\u00e1gott dekor\u00e1ci\u00f3, 14,5 x 5 cm-es talppal, MFD anyagb\u00f3l. F\u00e9m lapra nyomtatott saj\u00e1t f\u00e9nyk\u00e9ppel sz\u00edvecske form\u00e1ban. Tetej\u00e9n love felirattal \u00e9s sz\u00edvekkel. Oldal\u00e1n piros \u00e9s z\u00f6ld sz\u00ednekkel festett mesesz\u00e9p r\u00f3zs\u00e1val.\n\nR\u00f3zs\u00e1s k\u00e9pkeret egyedi f\u00e9nyk\u00e9ppel \u2013 T\u00f6k\u00e9letes aj\u00e1nd\u00e9k minden szerelmes pillanatra\nA R\u00f3zs\u00e1s k\u00e9pkeret egy olyan egyedi aj\u00e1nd\u00e9k, amely \u00f6r\u00f6kre meg\u0151rzi a legszebb pillanataidat. Ha valami k\u00fcl\u00f6nleges, szem\u00e9lyre szabott aj\u00e1nd\u00e9kkal szeretn\u00e9d meglepni a szerelmedet, \u00e9desany\u00e1dat vagy b\u00e1rki m\u00e1st, aki fontos sz\u00e1modra, akkor a R\u00f3zs\u00e1s k\u00e9pkeret a t\u00f6k\u00e9letes v\u00e1laszt\u00e1s. Ez a l\u00e9zerv\u00e1gott dekor\u00e1ci\u00f3 nemcsak egy sz\u00e9p kieg\u00e9sz\u00edt\u0151, hanem egy olyan aj\u00e1nd\u00e9k, amely \u00e9rzelmeket \u00e9s eml\u00e9keket \u00f6r\u00f6k\u00edt meg, \u00edgy minden alkalomra ide\u00e1lis.\n\nMi\u00e9rt k\u00fcl\u00f6nleges a R\u00f3zs\u00e1s k\u00e9pkeret egyedi f\u00e9nyk\u00e9ppel?\nA R\u00f3zs\u00e1s k\u00e9pkeret egy 22 x 18 cm-es l\u00e9zerv\u00e1gott dekor\u00e1ci\u00f3, amely MDF anyagb\u00f3l k\u00e9sz\u00fclt, \u00edgy tart\u00f3s \u00e9s eleg\u00e1ns. A talp 14,5 x 5 cm m\u00e9ret\u0171, amely stabilan tartja a keretet, \u00edgy k\u00f6nnyed\u00e9n elhelyezheted b\u00e1rhol a lak\u00e1sban. Az egyedis\u00e9get az adja, hogy a keretbe f\u00e9m lapra nyomtatott saj\u00e1t f\u00e9nyk\u00e9p ker\u00fcl, amely sz\u00edvecske form\u00e1ban jelenik meg, \u00edgy val\u00f3ban szem\u00e9lyre szabott aj\u00e1nd\u00e9kk\u00e1 v\u00e1lik.\n\nA k\u00e9pkeret tetej\u00e9n tal\u00e1lhat\u00f3 \"love\" felirat \u00e9s a sz\u00edvecsk\u00e9k a szerelem \u00e9s a szeretet szimb\u00f3lumai, m\u00edg az oldal\u00e1n l\u00e9v\u0151 piros \u00e9s z\u00f6ld sz\u00ednekben festett mesesz\u00e9p r\u00f3zsa egy romantikus \u00e9s var\u00e1zslatos hangulatot ad az eg\u00e9sz dekor\u00e1ci\u00f3nak. Mindez t\u00f6k\u00e9letesen illik a legk\u00fcl\u00f6nlegesebb pillanatokhoz \u00e9s az \u00e9rzelmek kifejez\u00e9s\u00e9hez.\n\n\nKinek aj\u00e1nljuk a R\u00f3zs\u00e1s k\u00e9pkeretet?\nA R\u00f3zs\u00e1s k\u00e9pkeret igaz\u00e1n egyedi aj\u00e1nd\u00e9k, amely minden olyan szem\u00e9ly sz\u00e1m\u00e1ra t\u00f6k\u00e9letes, aki szeretn\u00e9 kifejezni \u00e9rzelmeit egy k\u00fcl\u00f6nleges m\u00f3don. Ide\u00e1lis aj\u00e1nd\u00e9k:\n\nP\u00e1roknak: Ha szeretn\u00e9d meglepni a szerelmedet, ez a szem\u00e9lyre szabott k\u00e9pkeret a legjobb v\u00e1laszt\u00e1s. A k\u00f6z\u00f6s f\u00e9nyk\u00e9pet egy gy\u00f6ny\u00f6r\u0171, romantikus keretbe helyezve \u00f6r\u00f6k eml\u00e9ket adsz neki.\n\n\u00c9desany\u00e1knak: Any\u00e1k napj\u00e1ra vagy sz\u00fclet\u00e9snapra t\u00f6k\u00e9letes aj\u00e1nd\u00e9k, amely minden anyai sz\u00edvet meg\u00e9rint.\n\nBar\u00e1toknak \u00e9s csal\u00e1dtagoknak: Ha valakit szeretn\u00e9l meglepni egy szem\u00e9lyes \u00e9s romantikus aj\u00e1nd\u00e9kkal, a R\u00f3zs\u00e1s k\u00e9pkeret garant\u00e1ltan mosolyt csal az arcukra.\n\n\nMilyen alkalmakra ide\u00e1lis?\nEz az egyedi R\u00f3zs\u00e1s k\u00e9pkeret minden olyan alkalomra t\u00f6k\u00e9letes, ahol szeretn\u00e9l kifejezni valakit ir\u00e1nti szeretetedet:\n\nValentin-napra: A legszebb m\u00f3dja annak, hogy meglepd a szerelmedet, \u00e9s \u00f6r\u00f6k\u00edts\u00e9tek meg a k\u00f6z\u00f6s pillanataitokat.\n\nSz\u00fclet\u00e9snapra: Egy olyan aj\u00e1nd\u00e9k, amely \u00f6r\u00f6met okoz \u00e9s \u00e9rzelmeket fejez ki.\n\nKar\u00e1csonyra: Tedd m\u00e9g k\u00fcl\u00f6nlegesebb\u00e9 az \u00fcnnepeket egy szem\u00e9lyre szabott aj\u00e1nd\u00e9kkal, amely \u00e9vr\u0151l \u00e9vre eml\u00e9keztetni fogja \u0151t a szeretetedre.\n\n\u00c9vfordul\u00f3kra: \u00d6r\u00f6k\u00edts\u00e9tek meg az egy\u00fctt t\u00f6lt\u00f6tt id\u0151t egy romantikus f\u00e9nyk\u00e9ppel, amely mindig eml\u00e9keztetni fog titeket a k\u00f6z\u00f6s pillanataitokra.\n\nB\u00e1rmikor: Mert az igaz\u00e1n k\u00fcl\u00f6nleges aj\u00e1nd\u00e9kok nem sz\u00fcks\u00e9gelnek k\u00fcl\u00f6nleges alkalmat.\n\n\nAz online v\u00e1s\u00e1rl\u00e1s el\u0151nyei\nA  weboldalon k\u00e9nyelmesen, otthonr\u00f3l rendelheted meg a R\u00f3zs\u00e1s k\u00e9pkeretet, \u00e9s biztos lehetsz benne, hogy gyorsan \u00e9s pontosan meg\u00e9rkezik. N\u00e1lunk minden aj\u00e1nd\u00e9k egyed\u00fcl\u00e1ll\u00f3 \u00e9s szem\u00e9lyre szabott, \u00edgy biztos lehetsz benne, hogy olyan meglepet\u00e9st adsz, amely val\u00f3ban sz\u00edvb\u0151l j\u00f6v\u0151.\n\n\nMi\u00e9rt v\u00e1laszd a R\u00f3zs\u00e1s k\u00e9pkeretet?\nSzem\u00e9lyre szabott aj\u00e1nd\u00e9k: A saj\u00e1t f\u00e9nyk\u00e9pedet tartalmazza, \u00edgy igaz\u00e1n k\u00fcl\u00f6nlegess\u00e9 v\u00e1lik.\n\nRomantikus \u00e9s eleg\u00e1ns design: A \"love\" felirat \u00e9s a r\u00f3zs\u00e1s minta t\u00f6k\u00e9letes v\u00e1laszt\u00e1s a szerelmes pillanatok meg\u00f6r\u00f6k\u00edt\u00e9s\u00e9re.\n\nTart\u00f3s \u00e9s min\u0151s\u00e9gi anyag: Az MDF anyag \u00e9s a l\u00e9zerv\u00e1gott dekor\u00e1ci\u00f3 hossz\u00fa \u00e9vekig meg\u0151rzi a sz\u00e9ps\u00e9g\u00e9t.\n\nNe habozz, v\u00e1laszd a R\u00f3zs\u00e1s k\u00e9pkeretet aj\u00e1nd\u00e9knak, \u00e9s tedd m\u00e9g k\u00fcl\u00f6nlegesebb\u00e9 a szeretteid napj\u00e1t! Rendeld meg online, \u00e9s hozd el az \u00f6r\u00f6m\u00f6t minden alkalomra!\n\nParam\u00e9terek:\nDekor\u00e1ci\u00f3 m\u00e9rete: 22 x 18 cm\nTalp m\u00e9rete: 14,5 x 5 cm\nAnyag: MDF\nF\u00e9nyk\u00e9p anyaga: f\u00e9m\nMinta: sz\u00edv, r\u00f3zsa\nFelirat: Love\nL\u00e9zerv\u00e1gott\t\nL\u00e9zergrav\u00edrozott","score":0,"formatted_price":"5 990 Ft","image_url":"https:\/\/www.meska.hu\/img\/product\/small\/k\/r\/kreashop_product_655400_250111160856_57938.jpeg","formatted_url":"https:\/\/www.meska.hu\/p5468273-rozsas-kepkeret-egyedi-fenykeppel","favourite":false,"in_stock":false,"avatar":"655400_avatar_1717052221.jpeg","delete_from":0,"is_enhanced_background":false,"is_enhanced":false,"product_selection_started":false,"is_active":true,"image_webp_url":"https:\/\/www.meska.hu\/img\/product\/small\/k\/r\/kreashop_product_655400_250111160856_57938.webp"}],"canonicals":{"canonical":"https:\/\/www.meska.hu\/s\/famegmunkalas:zold:valentin-napra\/t-478:co-529:go-34"},"seo":{"title":"K\u00e9zm\u0171ves term\u00e9kek - Meska.hu","seoTitle":"","seoDescription":"","metaDescription":"Magyar k\u00e9zm\u0171ves design term\u00e9kek hazai alkot\u00f3kt\u00f3l nagy v\u00e1laszt\u00e9kban, egyedi megrendel\u00e9sre is. \u2714\ufe0f N\u00e9zd meg az \u00f6sszes term\u00e9k\u00fcnk, \u00e9s rendelj k\u00edn\u00e1latunkb\u00f3l!","metaNoIndex":true,"metaNoFollow":false,"seoFound":false,"canonicals":"https:\/\/www.meska.hu\/s\/famegmunkalas:zold:valentin-napra\/t-478:co-529:go-34"},"breadcrumb":[{"position":1,"name":"Meska.hu","url":"https:\/\/www.meska.hu","last":true}],"h1":null,"url":{"url":"https:\/\/www.meska.hu\/s\/famegmunkalas:zold:valentin-napra\/t-478:co-529:go-34","title":"Mind","_debug_":false},"_count_":21}