{"_terms_":{"phrase":"*","category_id":"353","category_ids":"353","technic_id":"483","technics":"483","facets":"n","p":"1","pp":"100","sort_by":"create_date","sort_direction":"desc","product_type":"kezmuves|alapanyag|vintage","session_id":"sqascd194alsjo1p6a1tclmua7"},"total":136,"products":[{"id":"4836419","shop_id":"24144","user_id":"274209","shop_name":"OtletLada","shop_zip":"7522","product_code":"4980385","product_name_old":null,"product_name":"Ballag\u00e1si AJ\u00c1ND\u00c9K - N\u00e9vre sz\u00f3l\u00f3 Eml\u00e9kk\u00f6nyv - aj\u00e1nd\u00e9k album - aj\u00e1nd\u00e9k \u00f6tlet  - 21x19cm k\u00f6z\u00e9p-\u00e9s \u00e1ltal\u00e1nos iskol\u00e1soknak","category_string":"Otthon & \u00c9letm\u00f3d, Pap\u00edr, \u00edr\u00f3szer, Album & Fot\u00f3album","technic_string":"Fot\u00f3, grafika, rajz, illusztr\u00e1ci\u00f3, K\u00f6nyvk\u00f6t\u00e9s","category_1":"813","category_2":"351","category_3":"353","category_4":"0","merged_category_1":"0","merged_category_2":"0","merged_category_3":"0","technic_1":"483","technic_2":"671","technic_3":"0","color_1":"514","color_2":"519","color_3":"520","product_description_old":null,"product_description":"B\u00e1rmilyen sz\u00f6veggel k\u00e9rheted, csak a kos\u00e1r oldalon \u00edrd meg nekem megjegyz\u00e9sben!!! Kedves trendi aj\u00e1nd\u00e9k eml\u00e9kk\u00f6nyv ballag\u00f3 di\u00e1koknak, amibe beleragaszthatja az oszt\u00e1lyt\u00e1rsai tabl\u00f3fot\u00f3j\u00e1t \u00e9s a vel\u00fck \u00e1t\u00e9lt \u00e9lm\u00e9nyekr\u0151l k\u00e9sz\u00fclt kor\u00e1bbi k\u00e9peket, \u00edgy \u00f6r\u00f6k eml\u00e9kek maradnak a tini \u00e9vek alatt \u00e1t\u00e9lt kalandok. \nA k\u00f6nyvecsk\u00e9be k\u00e9toldal\u00fa ragaszt\u00f3val lehet a k\u00e9peket beragasztani, goly\u00f3stollal, ceruz\u00e1val, sz\u00ednesceruz\u00e1val lehet bele \u00edrni \/ rajzolni is a fot\u00f3k mell\u00e9. \n\n\u26a0\ufe0fFONTOS\u26a0\ufe0f A bor\u00edt\u00f3ra ker\u00fcl\u0151 nevet (\u00e9s sz\u00fcks\u00e9g eset\u00e9n az iskola nev\u00e9t) rendel\u00e9skor ne felejtsd el a kos\u00e1r oldalon tal\u00e1lhat\u00f3 megjegyz\u00e9s mez\u0151be be\u00edrni!\n\nPARAM\u00c9TEREK:\n\u25b6\ufe0f Bel\u00edvek 120g-os \u00fcres feh\u00e9r lapok - 40 db\n\u25b6\ufe0f F\u00e9m spir\u00e1llal\n\u25b6\ufe0f M\u00e9rete: 210x190mm\n\n\u26a0\ufe0f BOR\u00cdT\u00d3JA l\u00e9zer nyomat, h\u00e1tlapja nat\u00far sz\u00edn\u0171 - alapanyaga V\u00c1LASZTHAT\u00d3:\n\u2705 ALAP\u00c1RON: KEM\u00c9NY, de v\u00e9kony (kb 0,5mm) m\u0171anyag bor\u00edt\u00f3\n\u2705+1500 Ft-\u00e9rt v\u00e1laszthat\u00f3 2mm extra vastag, KEM\u00c9NY kartont\u00e1bl\u00e1ra k\u00e9sz\u00fclt bor\u00edt\u00f3val is.\n\nN\u00e9zd meg a t\u00f6bbi term\u00e9kemet is:\nhttps:\/\/www.meska.hu\/shop\/OromKonnyek\n\n>>> Sz\u00e1ll\u00edt\u00e1si \u00e9s \u00c1TV\u00c9TELI inform\u00e1ci\u00f3kat a \"Sz\u00e1ll\u00edt\u00e1si Info\" f\u00fclre kattintva tal\u00e1lod\n\n>>> Fizet\u00e9si m\u00f3d - KIZ\u00c1R\u00d3LAG EL\u0150RE FIZET\u00c9SSEL: Bankk\u00e1rty\u00e1val \/ Barionnal \/\u00c1tutal\u00e1ssal vagy Banki befizet\u00e9ssel\n\n\u26a0\ufe0fFONTOS\u26a0\ufe0f Rendel\u00e9shez tedd kos\u00e1rba a term\u00e9ket \u00e9s a \"Kos\u00e1r\" oldalon az \"\u00dczenet az elad\u00f3nak\" r\u00e9szbe \u00edrd be, hogy milyen sz\u00f6veget \/ nevet k\u00e9rsz a bor\u00edt\u00f3ra.","price":"7900.00","unit":"db","recommended":"0","status":"1","sponsored":"0","exp_notify":"0","own_material":"0","own_material_description_old":null,"own_material_description":"","jury":"0","jury_number":"","product_nature":"","meskaracsony":"0","create_date":"2026-04-15 10:16:50","shelve_id":"56349","image":"otletlada_product_274209_230515132608_441189.jpeg","image_width":"480","image_height":"443","image_alt":"Ballag\u00e1si AJ\u00c1ND\u00c9K - N\u00e9vre sz\u00f3l\u00f3 Eml\u00e9kk\u00f6nyv - aj\u00e1nd\u00e9k album - aj\u00e1nd\u00e9k \u00f6tlet  - 21x19cm k\u00f6z\u00e9p-\u00e9s \u00e1ltal\u00e1nos iskol\u00e1soknak, B\u00e1rmilyen sz\u00f6veggel k\u00e9rheted, csak a kos\u00e1r oldalon \u00edrd meg nekem megjegyz\u00e9sben!!! Kedves trendi aj\u00e1n..., Meska","image_title":"Ballag\u00e1si AJ\u00c1ND\u00c9K - N\u00e9vre sz\u00f3l\u00f3 Eml\u00e9kk\u00f6nyv - aj\u00e1nd\u00e9k album - aj\u00e1nd\u00e9k \u00f6tlet  - 21x19cm k\u00f6z\u00e9p-\u00e9s \u00e1ltal\u00e1nos iskol\u00e1soknak, Meska","view_count":"1608","favourite_count":"0","trending_score":"0","last2MonthFavouriteCount":"0","promotion":"0","giftcard_accept":"0","creditcard_accept":false,"enhanced_background":"0","domain":"meska","specific_customer_id":null,"specific_customer_name":null,"to_order_product":"1","to_order_product_time":"5","product_different":"quite_different","product_different_description":"A monitor sz\u00ednei a nyomtatott\u00f3l elt\u00e9rhetnek.","vintage":"0","vintage_category_id":"0","recycled":"0","gemstone_id":"0","customizable":"1","type_category":"physical","zerowaste":"0","postage_price":"1290.00","shop_order":"17","has_category":"1","landing_pages":"Ballag\u00e1si aj\u00e1nd\u00e9kok \u00e9s kieg\u00e9sz\u00edt\u0151k","microdata":{"number":1,"category":""},"title":"Ballag\u00e1si AJ\u00c1ND\u00c9K - N\u00e9vre sz\u00f3l\u00f3 Eml\u00e9kk\u00f6nyv - aj\u00e1nd\u00e9k album - aj\u00e1nd\u00e9k \u00f6tlet  - 21x19cm k\u00f6z\u00e9p-\u00e9s \u00e1ltal\u00e1nos iskol\u00e1soknak","description":"B\u00e1rmilyen sz\u00f6veggel k\u00e9rheted, csak a kos\u00e1r oldalon \u00edrd meg nekem megjegyz\u00e9sben!!! Kedves trendi aj\u00e1nd\u00e9k eml\u00e9kk\u00f6nyv ballag\u00f3 di\u00e1koknak, amibe beleragaszthatja az oszt\u00e1lyt\u00e1rsai tabl\u00f3fot\u00f3j\u00e1t \u00e9s a vel\u00fck \u00e1t\u00e9lt \u00e9lm\u00e9nyekr\u0151l k\u00e9sz\u00fclt kor\u00e1bbi k\u00e9peket, \u00edgy \u00f6r\u00f6k eml\u00e9kek maradnak a tini \u00e9vek alatt \u00e1t\u00e9lt kalandok. \nA k\u00f6nyvecsk\u00e9be k\u00e9toldal\u00fa ragaszt\u00f3val lehet a k\u00e9peket beragasztani, goly\u00f3stollal, ceruz\u00e1val, sz\u00ednesceruz\u00e1val lehet bele \u00edrni \/ rajzolni is a fot\u00f3k mell\u00e9. \n\n\u26a0\ufe0fFONTOS\u26a0\ufe0f A bor\u00edt\u00f3ra ker\u00fcl\u0151 nevet (\u00e9s sz\u00fcks\u00e9g eset\u00e9n az iskola nev\u00e9t) rendel\u00e9skor ne felejtsd el a kos\u00e1r oldalon tal\u00e1lhat\u00f3 megjegyz\u00e9s mez\u0151be be\u00edrni!\n\nPARAM\u00c9TEREK:\n\u25b6\ufe0f Bel\u00edvek 120g-os \u00fcres feh\u00e9r lapok - 40 db\n\u25b6\ufe0f F\u00e9m spir\u00e1llal\n\u25b6\ufe0f M\u00e9rete: 210x190mm\n\n\u26a0\ufe0f BOR\u00cdT\u00d3JA l\u00e9zer nyomat, h\u00e1tlapja nat\u00far sz\u00edn\u0171 - alapanyaga V\u00c1LASZTHAT\u00d3:\n\u2705 ALAP\u00c1RON: KEM\u00c9NY, de v\u00e9kony (kb 0,5mm) m\u0171anyag bor\u00edt\u00f3\n\u2705+1500 Ft-\u00e9rt v\u00e1laszthat\u00f3 2mm extra vastag, KEM\u00c9NY kartont\u00e1bl\u00e1ra k\u00e9sz\u00fclt bor\u00edt\u00f3val is.\n\nN\u00e9zd meg a t\u00f6bbi term\u00e9kemet is:\nhttps:\/\/www.meska.hu\/shop\/OromKonnyek\n\n>>> Sz\u00e1ll\u00edt\u00e1si \u00e9s \u00c1TV\u00c9TELI inform\u00e1ci\u00f3kat a \"Sz\u00e1ll\u00edt\u00e1si Info\" f\u00fclre kattintva tal\u00e1lod\n\n>>> Fizet\u00e9si m\u00f3d - KIZ\u00c1R\u00d3LAG EL\u0150RE FIZET\u00c9SSEL: Bankk\u00e1rty\u00e1val \/ Barionnal \/\u00c1tutal\u00e1ssal vagy Banki befizet\u00e9ssel\n\n\u26a0\ufe0fFONTOS\u26a0\ufe0f Rendel\u00e9shez tedd kos\u00e1rba a term\u00e9ket \u00e9s a \"Kos\u00e1r\" oldalon az \"\u00dczenet az elad\u00f3nak\" r\u00e9szbe \u00edrd be, hogy milyen sz\u00f6veget \/ nevet k\u00e9rsz a bor\u00edt\u00f3ra.","score":0,"formatted_price":"7 900 Ft","image_url":"https:\/\/www.meska.hu\/img\/product\/small\/o\/t\/otletlada_product_274209_230515132608_441189.jpeg","formatted_url":"https:\/\/www.meska.hu\/p4980385-ballagasi-ajandek-nevre-szolo-emlekkonyv-ajandek-album-ajandek-otlet-21x19cm-kozep-es-altalanos-iskolasoknak","favourite":false,"in_stock":false,"avatar":"274209_avatar_1697355906.jpeg","delete_from":0,"is_enhanced_background":false,"is_enhanced":true,"enhanced_ribbon":"<img src=\"\/images\/brightness_brighter_20x20.png\" style=\"position: absolute; right: 13px; top: 7px;\">","enhanced_key":0,"is_key_2":false,"is_key_3":false,"is_key_4":false,"product_selection_started":false,"is_active":true,"image_webp_url":"https:\/\/www.meska.hu\/img\/product\/small\/o\/t\/otletlada_product_274209_230515132608_441189.webp"},{"id":"3414113","shop_id":"24144","user_id":"274209","shop_name":"OtletLada","shop_zip":"7522","product_code":"4649635","product_name_old":null,"product_name":"K\u00f6sz\u00f6nj\u00fck - B\u00daCS\u00daAJ\u00c1ND\u00c9K ballag\u00e1sra pedag\u00f3gusoknak - N\u00e9vresz\u00f3l\u00f3 Eml\u00e9kk\u00f6nyv - aj\u00e1nd\u00e9k album - aj\u00e1nd\u00e9k \u00f6tlet  - 21x19cm","category_string":"Otthon & \u00c9letm\u00f3d, Pap\u00edr, \u00edr\u00f3szer, Album & Fot\u00f3album","technic_string":"Fot\u00f3, grafika, rajz, illusztr\u00e1ci\u00f3, K\u00f6nyvk\u00f6t\u00e9s","category_1":"813","category_2":"351","category_3":"353","category_4":"0","merged_category_1":"0","merged_category_2":"0","merged_category_3":"0","technic_1":"483","technic_2":"671","technic_3":"0","color_1":"514","color_2":"519","color_3":"520","product_description_old":null,"product_description":"B\u00e1rmilyen sz\u00f6veggel k\u00e9rheted, csak a kos\u00e1r oldalon \u00edrd meg nekem megjegyz\u00e9sben!!! Sz\u00edvhez sz\u00f3l\u00f3 b\u00facs\u00faaj\u00e1nd\u00e9k tan\u00e1roknak \/ \u00f3v\u00f3n\u0151knek. A csapat minden tagja \u00edrhat \/ rajzolhat bele, vagy ragassz\u00e1tok tele fot\u00f3kkal. Sz\u00ednes ceruz\u00e1val rajzolhattok, \u00edrhattok bele, vagy k\u00e9toldal\u00fa ragaszt\u00f3val fot\u00f3kat is csemp\u00e9szhettek bele.\n\nPARAM\u00c9TEREK:\n\u25b6\ufe0f Bel\u00edvek 120g-os \u00fcres feh\u00e9r lapok - 40 db\n\u25b6\ufe0f F\u00e9m spir\u00e1llal\n\u25b6\ufe0f M\u00e9rete: 210x190mm\n\n\u26a0\ufe0f BOR\u00cdT\u00d3JA l\u00e9zer nyomat, h\u00e1tlapja nat\u00far sz\u00edn\u0171 - alapanyaga V\u00c1LASZTHAT\u00d3:\n\u2705 ALAP\u00c1RON: KEM\u00c9NY, de v\u00e9kony (kb 0,5mm) m\u0171anyag bor\u00edt\u00f3\n\u2705+1500 Ft-\u00e9rt v\u00e1laszthat\u00f3 2mm extra vastag, KEM\u00c9NY kartont\u00e1bl\u00e1ra k\u00e9sz\u00fclt bor\u00edt\u00f3val is.\n\nN\u00e9zd meg a t\u00f6bbi term\u00e9kemet is:\nhttps:\/\/www.meska.hu\/shop\/OromKonnyek\n\n>>> Sz\u00e1ll\u00edt\u00e1si \u00e9s \u00c1TV\u00c9TELI inform\u00e1ci\u00f3kat a \"Sz\u00e1ll\u00edt\u00e1si Info\" f\u00fclre kattintva tal\u00e1lod\n\n>>> Fizet\u00e9si m\u00f3d - KIZ\u00c1R\u00d3LAG EL\u0150RE FIZET\u00c9SSEL: Bankk\u00e1rty\u00e1val \/ Barionnal \/\u00c1tutal\u00e1ssal vagy Banki befizet\u00e9ssel\n\n\u26a0\ufe0fFONTOS\u26a0\ufe0f Rendel\u00e9shez tedd kos\u00e1rba a term\u00e9ket \u00e9s a \"Kos\u00e1r\" oldalon az \"\u00dczenet az elad\u00f3nak\" r\u00e9szbe \u00edrd be, hogy milyen sz\u00f6veget \/ nevet k\u00e9rsz a bor\u00edt\u00f3ra.","price":"7900.00","unit":"db","recommended":"0","status":"1","sponsored":"0","exp_notify":"0","own_material":"0","own_material_description_old":null,"own_material_description":"","jury":"0","jury_number":"","product_nature":"","meskaracsony":"0","create_date":"2026-04-29 09:44:28","shelve_id":"56349","image":"oromkonnyek_product_274209_220531230001_79252.jpeg","image_width":"480","image_height":"443","image_alt":"K\u00f6sz\u00f6nj\u00fck - B\u00daCS\u00daAJ\u00c1ND\u00c9K ballag\u00e1sra pedag\u00f3gusoknak - N\u00e9vresz\u00f3l\u00f3 Eml\u00e9kk\u00f6nyv - aj\u00e1nd\u00e9k album - aj\u00e1nd\u00e9k \u00f6tlet  - 21x19cm, B\u00e1rmilyen sz\u00f6veggel k\u00e9rheted, csak a kos\u00e1r oldalon \u00edrd meg nekem megjegyz\u00e9sben!!! Sz\u00edvhez sz\u00f3l\u00f3 b\u00facs..., Meska","image_title":"K\u00f6sz\u00f6nj\u00fck - B\u00daCS\u00daAJ\u00c1ND\u00c9K ballag\u00e1sra pedag\u00f3gusoknak - N\u00e9vresz\u00f3l\u00f3 Eml\u00e9kk\u00f6nyv - aj\u00e1nd\u00e9k album - aj\u00e1nd\u00e9k \u00f6tlet  - 21x19cm, Meska","view_count":"11514","favourite_count":"0","trending_score":"0","last2MonthFavouriteCount":"0","promotion":"0","giftcard_accept":"0","creditcard_accept":false,"enhanced_background":"0","domain":"meska","specific_customer_id":null,"specific_customer_name":null,"to_order_product":"1","to_order_product_time":"5","product_different":"quite_different","product_different_description":"A monitor sz\u00ednei a nyomtatott\u00f3l elt\u00e9rhetnek.","vintage":"0","vintage_category_id":"0","recycled":"0","gemstone_id":"0","customizable":"1","type_category":"physical","zerowaste":"0","postage_price":"1290.00","shop_order":"5","has_category":"1","landing_pages":"Ballag\u00e1si aj\u00e1nd\u00e9kok \u00e9s kieg\u00e9sz\u00edt\u0151k, Ballag\u00e1si aj\u00e1nd\u00e9kok \u00e9s kieg\u00e9sz\u00edt\u0151k, Ballag\u00e1si aj\u00e1nd\u00e9kok \u00e9s kieg\u00e9sz\u00edt\u0151k, Ballag\u00e1si aj\u00e1nd\u00e9kok \u00e9s kieg\u00e9sz\u00edt\u0151k, Ballag\u00e1si aj\u00e1nd\u00e9kok \u00e9s kieg\u00e9sz\u00edt\u0151k, Ballag\u00e1si aj\u00e1nd\u00e9kok \u00e9s kieg\u00e9sz\u00edt\u0151k","microdata":{"number":2,"category":""},"title":"K\u00f6sz\u00f6nj\u00fck - B\u00daCS\u00daAJ\u00c1ND\u00c9K ballag\u00e1sra pedag\u00f3gusoknak - N\u00e9vresz\u00f3l\u00f3 Eml\u00e9kk\u00f6nyv - aj\u00e1nd\u00e9k album - aj\u00e1nd\u00e9k \u00f6tlet  - 21x19cm","description":"B\u00e1rmilyen sz\u00f6veggel k\u00e9rheted, csak a kos\u00e1r oldalon \u00edrd meg nekem megjegyz\u00e9sben!!! Sz\u00edvhez sz\u00f3l\u00f3 b\u00facs\u00faaj\u00e1nd\u00e9k tan\u00e1roknak \/ \u00f3v\u00f3n\u0151knek. A csapat minden tagja \u00edrhat \/ rajzolhat bele, vagy ragassz\u00e1tok tele fot\u00f3kkal. Sz\u00ednes ceruz\u00e1val rajzolhattok, \u00edrhattok bele, vagy k\u00e9toldal\u00fa ragaszt\u00f3val fot\u00f3kat is csemp\u00e9szhettek bele.\n\nPARAM\u00c9TEREK:\n\u25b6\ufe0f Bel\u00edvek 120g-os \u00fcres feh\u00e9r lapok - 40 db\n\u25b6\ufe0f F\u00e9m spir\u00e1llal\n\u25b6\ufe0f M\u00e9rete: 210x190mm\n\n\u26a0\ufe0f BOR\u00cdT\u00d3JA l\u00e9zer nyomat, h\u00e1tlapja nat\u00far sz\u00edn\u0171 - alapanyaga V\u00c1LASZTHAT\u00d3:\n\u2705 ALAP\u00c1RON: KEM\u00c9NY, de v\u00e9kony (kb 0,5mm) m\u0171anyag bor\u00edt\u00f3\n\u2705+1500 Ft-\u00e9rt v\u00e1laszthat\u00f3 2mm extra vastag, KEM\u00c9NY kartont\u00e1bl\u00e1ra k\u00e9sz\u00fclt bor\u00edt\u00f3val is.\n\nN\u00e9zd meg a t\u00f6bbi term\u00e9kemet is:\nhttps:\/\/www.meska.hu\/shop\/OromKonnyek\n\n>>> Sz\u00e1ll\u00edt\u00e1si \u00e9s \u00c1TV\u00c9TELI inform\u00e1ci\u00f3kat a \"Sz\u00e1ll\u00edt\u00e1si Info\" f\u00fclre kattintva tal\u00e1lod\n\n>>> Fizet\u00e9si m\u00f3d - KIZ\u00c1R\u00d3LAG EL\u0150RE FIZET\u00c9SSEL: Bankk\u00e1rty\u00e1val \/ Barionnal \/\u00c1tutal\u00e1ssal vagy Banki befizet\u00e9ssel\n\n\u26a0\ufe0fFONTOS\u26a0\ufe0f Rendel\u00e9shez tedd kos\u00e1rba a term\u00e9ket \u00e9s a \"Kos\u00e1r\" oldalon az \"\u00dczenet az elad\u00f3nak\" r\u00e9szbe \u00edrd be, hogy milyen sz\u00f6veget \/ nevet k\u00e9rsz a bor\u00edt\u00f3ra.","score":0,"formatted_price":"7 900 Ft","image_url":"https:\/\/www.meska.hu\/img\/product\/small\/o\/r\/oromkonnyek_product_274209_220531230001_79252.jpeg","formatted_url":"https:\/\/www.meska.hu\/p4649635-koszonjuk-bucsuajandek-ballagasra-pedagogusoknak-nevreszolo-emlekkonyv-ajandek-album-ajandek-otlet-21x19cm","favourite":false,"in_stock":false,"avatar":"274209_avatar_1697355906.jpeg","delete_from":0,"is_enhanced_background":false,"is_enhanced":true,"enhanced_ribbon":"<img src=\"\/images\/brightness_brighter_20x20.png\" style=\"position: absolute; right: 13px; top: 7px;\">","enhanced_key":1,"is_key_2":false,"is_key_3":false,"is_key_4":false,"product_selection_started":false,"is_active":true,"image_webp_url":"https:\/\/www.meska.hu\/img\/product\/small\/o\/r\/oromkonnyek_product_274209_220531230001_79252.webp"},{"id":"3441493","shop_id":"24144","user_id":"274209","shop_name":"OtletLada","shop_zip":"7522","product_code":"4649641","product_name_old":null,"product_name":"Ballag\u00e1si AJ\u00c1ND\u00c9K - N\u00e9vresz\u00f3l\u00f3 Eml\u00e9kk\u00f6nyv - aj\u00e1nd\u00e9k album - aj\u00e1nd\u00e9k \u00f6tlet  - 21x19cm k\u00f6z\u00e9piskol\u00e1soknak","category_string":"Otthon & \u00c9letm\u00f3d, Pap\u00edr, \u00edr\u00f3szer, Album & Fot\u00f3album","technic_string":"Fot\u00f3, grafika, rajz, illusztr\u00e1ci\u00f3, K\u00f6nyvk\u00f6t\u00e9s","category_1":"813","category_2":"351","category_3":"353","category_4":"0","merged_category_1":"0","merged_category_2":"0","merged_category_3":"0","technic_1":"483","technic_2":"671","technic_3":"0","color_1":"514","color_2":"519","color_3":"520","product_description_old":null,"product_description":"B\u00e1rmilyen sz\u00f6veggel k\u00e9rheted, csak a kos\u00e1r oldalon \u00edrd meg nekem megjegyz\u00e9sben!!! Kedves trendi aj\u00e1nd\u00e9k eml\u00e9kk\u00f6nyv ballag\u00f3 di\u00e1koknak, amibe beleragaszthatja az oszt\u00e1lyt\u00e1rsai tabl\u00f3fot\u00f3j\u00e1t \u00e9s a vel\u00fck \u00e1t\u00e9lt \u00e9lm\u00e9nyekr\u0151l k\u00e9sz\u00fclt kor\u00e1bbi k\u00e9peket, \u00edgy \u00f6r\u00f6k eml\u00e9kek maradnak a tini \u00e9vek alatt \u00e1t\u00e9lt kalandok. \nA k\u00f6nyvecsk\u00e9be k\u00e9toldal\u00fa ragaszt\u00f3val lehet a k\u00e9peket beragasztani, goly\u00f3stollal, ceruz\u00e1val, sz\u00ednesceruz\u00e1val lehet bele \u00edrni \/ rajzolni is a fot\u00f3k mell\u00e9. \n\n\u26a0\ufe0fFONTOS\u26a0\ufe0f A bor\u00edt\u00f3ra ker\u00fcl\u0151 nevet (\u00e9s sz\u00fcks\u00e9g eset\u00e9n az iskola nev\u00e9t) rendel\u00e9skor ne felejtsd el a kos\u00e1r oldalon tal\u00e1lhat\u00f3 megjegyz\u00e9s mez\u0151be be\u00edrni!\n\nPARAM\u00c9TEREK:\n\u25b6\ufe0f Bel\u00edvek 120g-os \u00fcres feh\u00e9r lapok - 40 db\n\u25b6\ufe0f F\u00e9m spir\u00e1llal\n\u25b6\ufe0f M\u00e9rete: 210x190mm\n\n\u26a0\ufe0f BOR\u00cdT\u00d3JA l\u00e9zer nyomat, h\u00e1tlapja nat\u00far sz\u00edn\u0171 - alapanyaga V\u00c1LASZTHAT\u00d3:\n\u2705 ALAP\u00c1RON: KEM\u00c9NY, de v\u00e9kony (kb 0,5mm) m\u0171anyag bor\u00edt\u00f3\n\u2705+1500 Ft-\u00e9rt v\u00e1laszthat\u00f3 2mm extra vastag, KEM\u00c9NY kartont\u00e1bl\u00e1ra k\u00e9sz\u00fclt bor\u00edt\u00f3val is.\n\nN\u00e9zd meg a t\u00f6bbi term\u00e9kemet is:\nhttps:\/\/www.meska.hu\/shop\/OromKonnyek\n\n>>> Sz\u00e1ll\u00edt\u00e1si \u00e9s \u00c1TV\u00c9TELI inform\u00e1ci\u00f3kat a \"Sz\u00e1ll\u00edt\u00e1si Info\" f\u00fclre kattintva tal\u00e1lod\n\n>>> Fizet\u00e9si m\u00f3d - KIZ\u00c1R\u00d3LAG EL\u0150RE FIZET\u00c9SSEL: Bankk\u00e1rty\u00e1val \/ Barionnal \/\u00c1tutal\u00e1ssal vagy Banki befizet\u00e9ssel\n\n\u26a0\ufe0fFONTOS\u26a0\ufe0f Rendel\u00e9shez tedd kos\u00e1rba a term\u00e9ket \u00e9s a \"Kos\u00e1r\" oldalon az \"\u00dczenet az elad\u00f3nak\" r\u00e9szbe \u00edrd be, hogy milyen sz\u00f6veget \/ nevet k\u00e9rsz a bor\u00edt\u00f3ra.","price":"7900.00","unit":"db","recommended":"0","status":"1","sponsored":"0","exp_notify":"0","own_material":"0","own_material_description_old":null,"own_material_description":"","jury":"0","jury_number":"","product_nature":"","meskaracsony":"0","create_date":"2026-01-03 10:04:16","shelve_id":"56349","image":"oromkonnyek_product_274209_220531230743_289957.jpeg","image_width":"480","image_height":"443","image_alt":"Ballag\u00e1si AJ\u00c1ND\u00c9K - N\u00e9vresz\u00f3l\u00f3 Eml\u00e9kk\u00f6nyv - aj\u00e1nd\u00e9k album - aj\u00e1nd\u00e9k \u00f6tlet  - 21x19cm k\u00f6z\u00e9piskol\u00e1soknak, B\u00e1rmilyen sz\u00f6veggel k\u00e9rheted, csak a kos\u00e1r oldalon \u00edrd meg nekem megjegyz\u00e9sben!!! Kedves trendi aj\u00e1n..., Meska","image_title":"Ballag\u00e1si AJ\u00c1ND\u00c9K - N\u00e9vresz\u00f3l\u00f3 Eml\u00e9kk\u00f6nyv - aj\u00e1nd\u00e9k album - aj\u00e1nd\u00e9k \u00f6tlet  - 21x19cm k\u00f6z\u00e9piskol\u00e1soknak, Meska","view_count":"3318","favourite_count":"1","trending_score":"0","last2MonthFavouriteCount":"1","promotion":"0","giftcard_accept":"0","creditcard_accept":false,"enhanced_background":"0","domain":"meska","specific_customer_id":null,"specific_customer_name":null,"to_order_product":"1","to_order_product_time":"5","product_different":"quite_different","product_different_description":"A monitor sz\u00ednei a nyomtatott\u00f3l elt\u00e9rhetnek.","vintage":"0","vintage_category_id":"0","recycled":"0","gemstone_id":"0","customizable":"1","type_category":"physical","zerowaste":"0","postage_price":"1290.00","shop_order":"16","has_category":"1","landing_pages":"Ballag\u00e1si aj\u00e1nd\u00e9kok \u00e9s kieg\u00e9sz\u00edt\u0151k, Ballag\u00e1si aj\u00e1nd\u00e9kok \u00e9s kieg\u00e9sz\u00edt\u0151k, Ballag\u00e1si aj\u00e1nd\u00e9kok \u00e9s kieg\u00e9sz\u00edt\u0151k","microdata":{"number":3,"category":""},"title":"Ballag\u00e1si AJ\u00c1ND\u00c9K - N\u00e9vresz\u00f3l\u00f3 Eml\u00e9kk\u00f6nyv - aj\u00e1nd\u00e9k album - aj\u00e1nd\u00e9k \u00f6tlet  - 21x19cm k\u00f6z\u00e9piskol\u00e1soknak","description":"B\u00e1rmilyen sz\u00f6veggel k\u00e9rheted, csak a kos\u00e1r oldalon \u00edrd meg nekem megjegyz\u00e9sben!!! Kedves trendi aj\u00e1nd\u00e9k eml\u00e9kk\u00f6nyv ballag\u00f3 di\u00e1koknak, amibe beleragaszthatja az oszt\u00e1lyt\u00e1rsai tabl\u00f3fot\u00f3j\u00e1t \u00e9s a vel\u00fck \u00e1t\u00e9lt \u00e9lm\u00e9nyekr\u0151l k\u00e9sz\u00fclt kor\u00e1bbi k\u00e9peket, \u00edgy \u00f6r\u00f6k eml\u00e9kek maradnak a tini \u00e9vek alatt \u00e1t\u00e9lt kalandok. \nA k\u00f6nyvecsk\u00e9be k\u00e9toldal\u00fa ragaszt\u00f3val lehet a k\u00e9peket beragasztani, goly\u00f3stollal, ceruz\u00e1val, sz\u00ednesceruz\u00e1val lehet bele \u00edrni \/ rajzolni is a fot\u00f3k mell\u00e9. \n\n\u26a0\ufe0fFONTOS\u26a0\ufe0f A bor\u00edt\u00f3ra ker\u00fcl\u0151 nevet (\u00e9s sz\u00fcks\u00e9g eset\u00e9n az iskola nev\u00e9t) rendel\u00e9skor ne felejtsd el a kos\u00e1r oldalon tal\u00e1lhat\u00f3 megjegyz\u00e9s mez\u0151be be\u00edrni!\n\nPARAM\u00c9TEREK:\n\u25b6\ufe0f Bel\u00edvek 120g-os \u00fcres feh\u00e9r lapok - 40 db\n\u25b6\ufe0f F\u00e9m spir\u00e1llal\n\u25b6\ufe0f M\u00e9rete: 210x190mm\n\n\u26a0\ufe0f BOR\u00cdT\u00d3JA l\u00e9zer nyomat, h\u00e1tlapja nat\u00far sz\u00edn\u0171 - alapanyaga V\u00c1LASZTHAT\u00d3:\n\u2705 ALAP\u00c1RON: KEM\u00c9NY, de v\u00e9kony (kb 0,5mm) m\u0171anyag bor\u00edt\u00f3\n\u2705+1500 Ft-\u00e9rt v\u00e1laszthat\u00f3 2mm extra vastag, KEM\u00c9NY kartont\u00e1bl\u00e1ra k\u00e9sz\u00fclt bor\u00edt\u00f3val is.\n\nN\u00e9zd meg a t\u00f6bbi term\u00e9kemet is:\nhttps:\/\/www.meska.hu\/shop\/OromKonnyek\n\n>>> Sz\u00e1ll\u00edt\u00e1si \u00e9s \u00c1TV\u00c9TELI inform\u00e1ci\u00f3kat a \"Sz\u00e1ll\u00edt\u00e1si Info\" f\u00fclre kattintva tal\u00e1lod\n\n>>> Fizet\u00e9si m\u00f3d - KIZ\u00c1R\u00d3LAG EL\u0150RE FIZET\u00c9SSEL: Bankk\u00e1rty\u00e1val \/ Barionnal \/\u00c1tutal\u00e1ssal vagy Banki befizet\u00e9ssel\n\n\u26a0\ufe0fFONTOS\u26a0\ufe0f Rendel\u00e9shez tedd kos\u00e1rba a term\u00e9ket \u00e9s a \"Kos\u00e1r\" oldalon az \"\u00dczenet az elad\u00f3nak\" r\u00e9szbe \u00edrd be, hogy milyen sz\u00f6veget \/ nevet k\u00e9rsz a bor\u00edt\u00f3ra.","score":0,"formatted_price":"7 900 Ft","image_url":"https:\/\/www.meska.hu\/img\/product\/small\/o\/r\/oromkonnyek_product_274209_220531230743_289957.jpeg","formatted_url":"https:\/\/www.meska.hu\/p4649641-ballagasi-ajandek-nevreszolo-emlekkonyv-ajandek-album-ajandek-otlet-21x19cm-kozepiskolasoknak","favourite":false,"in_stock":false,"avatar":"274209_avatar_1697355906.jpeg","delete_from":0,"is_enhanced_background":false,"is_enhanced":true,"enhanced_ribbon":"<img src=\"\/images\/brightness_brighter_20x20.png\" style=\"position: absolute; right: 13px; top: 7px;\">","enhanced_key":2,"is_key_2":true,"is_key_3":false,"is_key_4":false,"product_selection_started":false,"is_active":true,"image_webp_url":"https:\/\/www.meska.hu\/img\/product\/small\/o\/r\/oromkonnyek_product_274209_220531230743_289957.webp"},{"id":"5724946","shop_id":"46170","user_id":"355200","shop_name":"DekorPatika","shop_zip":"6000","product_code":"5518433","product_name_old":null,"product_name":"Any\u00e1k napi falik\u00e9p","category_string":"Otthon & \u00c9letm\u00f3d, Pap\u00edr, \u00edr\u00f3szer, Album & Fot\u00f3album","technic_string":"Fot\u00f3, grafika, rajz, illusztr\u00e1ci\u00f3","category_1":"813","category_2":"351","category_3":"353","category_4":"0","merged_category_1":null,"merged_category_2":null,"merged_category_3":null,"technic_1":"483","technic_2":"0","technic_3":"0","color_1":"519","color_2":"0","color_3":"0","product_description_old":null,"product_description":"Nincs \u00f6tleted milyen aj\u00e1nd\u00e9kkal k\u00e9sz\u00fclj Any\u00e1k Napj\u00e1ra?\n\nElk\u00e9sz\u00edtem sz\u00e1modra a t\u00f6k\u00e9letes aj\u00e1nd\u00e9kot! Ez az egyedi falik\u00e9p remek d\u00edsze lehet lak\u00e1snak \u00e9s \u00f6r\u00f6k eml\u00e9k az eg\u00e9sz csal\u00e1dnak!\n\nA k\u00e9pkeret A\/4 m\u00e9ret\u0171, amely falra akaszthat\u00f3 vagy polcra is helyezhet\u0151!\n\nM\u00e9rete: 21x30cm\n\nLehet\u0151s\u00e9ged van digit\u00e1lis form\u00e1tumban megrendelni a term\u00e9ket! Ebben az esetben, miut\u00e1n kifizetted a term\u00e9ket, elk\u00e9sz\u00edtem a grafik\u00e1t. A dekor\u00e1ci\u00f3t ezut\u00e1n PDF form\u00e1tumban emailben elk\u00fcld\u00f6m a r\u00e9szedre, amit otthon ki tudsz nyomtatni \u00e9s be tudsz keretezni.\n\n --- Mikor v\u00e1laszd a nyomtathat\u00f3 dekor\u00e1ci\u00f3t a keretbe helyezett k\u00e9p helyett? --- \n\n- ha olcs\u00f3bb megold\u00e1st keresel, hiszen nincs plusz postak\u00f6lts\u00e9ged  \n- ha gyorsabban szeretn\u00e9d megkapni, hiszen nincs post\u00e1z\u00e1s \n- ha utols\u00f3 pillanatban aj\u00e1nd\u00e9k dekor\u00e1ci\u00f3t szeretn\u00e9l \u00e9s nincs id\u0151d v\u00e1rni \n- ha az otthoni sz\u00ednes nyomtat\u00f3ddal vagy valamely k\u00f6zeli fot\u00f3 kioszkban kinyomtatn\u00e1d \n- ha megl\u00e9v\u0151 keretbe szeretn\u00e9d \n- ha esetleg t\u00f6bb p\u00e9ld\u00e1nyra is sz\u00fcks\u00e9ged lenne  \n\nK\u00e9rlek, vedd figyelembe, hogy a megjelen\u00edtett sz\u00ednek kis m\u00e9rt\u00e9kben elt\u00e9rhetnek a k\u00fcl\u00f6nb\u00f6z\u0151 kijelz\u0151k\u00f6n. \n\nAmennyiben s\u00fcrg\u0151s megrendel\u00e9sre van sz\u00fcks\u00e9ged k\u00e9rlek v\u00e1laszd a \u201cS\u00fcrg\u0151s megrendel\u00e9s\u201d opci\u00f3t \u00e9s 1 munkanapon bel\u00fcl elk\u00e9sz\u00edtem a term\u00e9ket!\nHa foxpost automat\u00e1t v\u00e1lasztott\u00e1l, k\u00e9rlek \u00edrd meg melyikbe k\u00fcldhetem.\n\nA term\u00e9k k\u00e9sz\u00edt\u00e9s\u00e9t \u00e9s post\u00e1z\u00e1s\u00e1t csak a fizet\u00e9s be\u00e9rkez\u00e9se ut\u00e1n tudom elkezdeni! K\u00f6sz\u00f6n\u00f6m a meg\u00e9rt\u00e9sed!","price":"3490.00","unit":"db","recommended":"0","status":"1","sponsored":"0","exp_notify":"0","own_material":"0","own_material_description_old":null,"own_material_description":"","jury":"0","jury_number":"","product_nature":"","meskaracsony":"0","create_date":"2026-04-21 06:44:46","shelve_id":"0","image":"dekorpatika_product_355200_260418110758_238997.jpeg","image_width":"480","image_height":"480","image_alt":"Any\u00e1k napi falik\u00e9p, Nincs \u00f6tleted milyen aj\u00e1nd\u00e9kkal k\u00e9sz\u00fclj Any\u00e1k Napj\u00e1ra?\\n\\nElk\u00e9sz\u00edtem sz\u00e1modra a t\u00f6k\u00e9letes aj\u00e1nd\u00e9kot! E..., Meska","image_title":"Any\u00e1k napi falik\u00e9p, Meska","view_count":"524","favourite_count":"0","trending_score":"0","last2MonthFavouriteCount":"0","promotion":"0","giftcard_accept":"0","creditcard_accept":true,"enhanced_background":"0","domain":"meska","specific_customer_id":null,"specific_customer_name":null,"to_order_product":"1","to_order_product_time":"4","product_different":null,"product_different_description":"","vintage":"0","vintage_category_id":"0","recycled":"0","gemstone_id":"0","customizable":"1","type_category":"digital","zerowaste":"0","postage_price":"1290.00","shop_order":"0","has_category":"1","landing_pages":null,"microdata":{"number":4,"category":""},"title":"Any\u00e1k napi falik\u00e9p","description":"Nincs \u00f6tleted milyen aj\u00e1nd\u00e9kkal k\u00e9sz\u00fclj Any\u00e1k Napj\u00e1ra?\n\nElk\u00e9sz\u00edtem sz\u00e1modra a t\u00f6k\u00e9letes aj\u00e1nd\u00e9kot! Ez az egyedi falik\u00e9p remek d\u00edsze lehet lak\u00e1snak \u00e9s \u00f6r\u00f6k eml\u00e9k az eg\u00e9sz csal\u00e1dnak!\n\nA k\u00e9pkeret A\/4 m\u00e9ret\u0171, amely falra akaszthat\u00f3 vagy polcra is helyezhet\u0151!\n\nM\u00e9rete: 21x30cm\n\nLehet\u0151s\u00e9ged van digit\u00e1lis form\u00e1tumban megrendelni a term\u00e9ket! Ebben az esetben, miut\u00e1n kifizetted a term\u00e9ket, elk\u00e9sz\u00edtem a grafik\u00e1t. A dekor\u00e1ci\u00f3t ezut\u00e1n PDF form\u00e1tumban emailben elk\u00fcld\u00f6m a r\u00e9szedre, amit otthon ki tudsz nyomtatni \u00e9s be tudsz keretezni.\n\n --- Mikor v\u00e1laszd a nyomtathat\u00f3 dekor\u00e1ci\u00f3t a keretbe helyezett k\u00e9p helyett? --- \n\n- ha olcs\u00f3bb megold\u00e1st keresel, hiszen nincs plusz postak\u00f6lts\u00e9ged  \n- ha gyorsabban szeretn\u00e9d megkapni, hiszen nincs post\u00e1z\u00e1s \n- ha utols\u00f3 pillanatban aj\u00e1nd\u00e9k dekor\u00e1ci\u00f3t szeretn\u00e9l \u00e9s nincs id\u0151d v\u00e1rni \n- ha az otthoni sz\u00ednes nyomtat\u00f3ddal vagy valamely k\u00f6zeli fot\u00f3 kioszkban kinyomtatn\u00e1d \n- ha megl\u00e9v\u0151 keretbe szeretn\u00e9d \n- ha esetleg t\u00f6bb p\u00e9ld\u00e1nyra is sz\u00fcks\u00e9ged lenne  \n\nK\u00e9rlek, vedd figyelembe, hogy a megjelen\u00edtett sz\u00ednek kis m\u00e9rt\u00e9kben elt\u00e9rhetnek a k\u00fcl\u00f6nb\u00f6z\u0151 kijelz\u0151k\u00f6n. \n\nAmennyiben s\u00fcrg\u0151s megrendel\u00e9sre van sz\u00fcks\u00e9ged k\u00e9rlek v\u00e1laszd a \u201cS\u00fcrg\u0151s megrendel\u00e9s\u201d opci\u00f3t \u00e9s 1 munkanapon bel\u00fcl elk\u00e9sz\u00edtem a term\u00e9ket!\nHa foxpost automat\u00e1t v\u00e1lasztott\u00e1l, k\u00e9rlek \u00edrd meg melyikbe k\u00fcldhetem.\n\nA term\u00e9k k\u00e9sz\u00edt\u00e9s\u00e9t \u00e9s post\u00e1z\u00e1s\u00e1t csak a fizet\u00e9s be\u00e9rkez\u00e9se ut\u00e1n tudom elkezdeni! K\u00f6sz\u00f6n\u00f6m a meg\u00e9rt\u00e9sed!","score":0,"formatted_price":"3 490 Ft","image_url":"https:\/\/www.meska.hu\/img\/product\/small\/d\/e\/dekorpatika_product_355200_260418110758_238997.jpeg","formatted_url":"https:\/\/www.meska.hu\/p5518433-anyak-napi-falikep","favourite":false,"in_stock":false,"avatar":"355200_avatar_1726093454.jpeg","delete_from":0,"is_enhanced_background":false,"is_enhanced":true,"enhanced_ribbon":"<img src=\"\/images\/brightness_brighter_20x20.png\" style=\"position: absolute; right: 13px; top: 7px;\">","enhanced_key":3,"is_key_2":false,"is_key_3":true,"is_key_4":false,"product_selection_started":false,"is_active":true,"image_webp_url":"https:\/\/www.meska.hu\/img\/product\/small\/d\/e\/dekorpatika_product_355200_260418110758_238997.webp"},{"id":"3415535","shop_id":"24144","user_id":"274209","shop_name":"OtletLada","shop_zip":"7522","product_code":"4649651","product_name_old":null,"product_name":"Ballag\u00e1si AJ\u00c1ND\u00c9K - N\u00e9vresz\u00f3l\u00f3 Eml\u00e9kk\u00f6nyv - pink glitter hat\u00e1s\u00fa album - aj\u00e1nd\u00e9k \u00f6tlet  - 21x19cm k\u00f6z\u00e9piskol\u00e1soknak","category_string":"Otthon & \u00c9letm\u00f3d, Pap\u00edr, \u00edr\u00f3szer, Album & Fot\u00f3album","technic_string":"Fot\u00f3, grafika, rajz, illusztr\u00e1ci\u00f3, K\u00f6nyvk\u00f6t\u00e9s","category_1":"813","category_2":"351","category_3":"353","category_4":"0","merged_category_1":"0","merged_category_2":"0","merged_category_3":"0","technic_1":"483","technic_2":"671","technic_3":"0","color_1":"519","color_2":"520","color_3":"525","product_description_old":null,"product_description":"B\u00e1rmilyen sz\u00f6veggel k\u00e9rheted, csak a kos\u00e1r oldalon \u00edrd meg nekem megjegyz\u00e9sben!!! Bor\u00edt\u00f3 bels\u0151re bor\u00edt\u00e9k is k\u00e9rhet\u0151. Kedves trendi csajos aj\u00e1nd\u00e9k eml\u00e9kk\u00f6nyv ballag\u00f3 di\u00e1koknak, amibe beleragaszthatja az oszt\u00e1lyt\u00e1rsai tabl\u00f3fot\u00f3j\u00e1t \u00e9s a vel\u00fck \u00e1t\u00e9lt \u00e9lm\u00e9nyekr\u0151l k\u00e9sz\u00fclt kor\u00e1bbi k\u00e9peket, \u00edgy \u00f6r\u00f6k eml\u00e9kek maradnak a tini \u00e9vek alatt \u00e1t\u00e9lt kalandok. \nA k\u00f6nyvecsk\u00e9be k\u00e9toldal\u00fa ragaszt\u00f3val lehet a k\u00e9peket beragasztani, goly\u00f3stollal, ceruz\u00e1val, sz\u00ednesceruz\u00e1val lehet bele \u00edrni \/ rajzolni is a fot\u00f3k mell\u00e9. \n\n\u26a0\ufe0fFONTOS\u26a0\ufe0f A bor\u00edt\u00f3ra ker\u00fcl\u0151 nevet (\u00e9s sz\u00fcks\u00e9g eset\u00e9n az iskola nev\u00e9t) rendel\u00e9skor ne felejtsd el a kos\u00e1r oldalon tal\u00e1lhat\u00f3 megjegyz\u00e9s mez\u0151be be\u00edrni!\n\nPARAM\u00c9TEREK:\n\u25b6\ufe0f Bel\u00edvek 120g-os \u00fcres feh\u00e9r lapok - 40 db\n\u25b6\ufe0f F\u00e9m spir\u00e1llal\n\u25b6\ufe0f M\u00e9rete: 210x190mm\n\n\u26a0\ufe0f BOR\u00cdT\u00d3JA l\u00e9zer nyomat, h\u00e1tlapja nat\u00far sz\u00edn\u0171 - alapanyaga V\u00c1LASZTHAT\u00d3:\n\u2705 ALAP\u00c1RON: KEM\u00c9NY, de v\u00e9kony (kb 0,5mm) m\u0171anyag bor\u00edt\u00f3\n\u2705+1500 Ft-\u00e9rt v\u00e1laszthat\u00f3 2mm extra vastag, KEM\u00c9NY kartont\u00e1bl\u00e1ra k\u00e9sz\u00fclt bor\u00edt\u00f3val is.\n\nN\u00e9zd meg a t\u00f6bbi term\u00e9kemet is:\nhttps:\/\/www.meska.hu\/shop\/OromKonnyek\n\n>>> Sz\u00e1ll\u00edt\u00e1si \u00e9s \u00c1TV\u00c9TELI inform\u00e1ci\u00f3kat a \"Sz\u00e1ll\u00edt\u00e1si Info\" f\u00fclre kattintva tal\u00e1lod\n\n>>> Fizet\u00e9si m\u00f3d - KIZ\u00c1R\u00d3LAG EL\u0150RE FIZET\u00c9SSEL: Bankk\u00e1rty\u00e1val \/ Barionnal \/\u00c1tutal\u00e1ssal vagy Banki befizet\u00e9ssel\n\n\u26a0\ufe0fFONTOS\u26a0\ufe0f Rendel\u00e9shez tedd kos\u00e1rba a term\u00e9ket \u00e9s a \"Kos\u00e1r\" oldalon az \"\u00dczenet az elad\u00f3nak\" r\u00e9szbe \u00edrd be, hogy milyen sz\u00f6veget \/ nevet k\u00e9rsz a bor\u00edt\u00f3ra.","price":"7900.00","unit":"db","recommended":"0","status":"1","sponsored":"0","exp_notify":"0","own_material":"0","own_material_description_old":null,"own_material_description":"","jury":"0","jury_number":"","product_nature":"","meskaracsony":"0","create_date":"2026-04-30 11:13:22","shelve_id":"56349","image":"oromkonnyek_product_274209_220531233715_51730.jpeg","image_width":"480","image_height":"443","image_alt":"Ballag\u00e1si AJ\u00c1ND\u00c9K - N\u00e9vresz\u00f3l\u00f3 Eml\u00e9kk\u00f6nyv - pink glitter hat\u00e1s\u00fa album - aj\u00e1nd\u00e9k \u00f6tlet  - 21x19cm k\u00f6z\u00e9piskol\u00e1soknak, B\u00e1rmilyen sz\u00f6veggel k\u00e9rheted, csak a kos\u00e1r oldalon \u00edrd meg nekem megjegyz\u00e9sben!!! Bor\u00edt\u00f3 bels\u0151re bor..., Meska","image_title":"Ballag\u00e1si AJ\u00c1ND\u00c9K - N\u00e9vresz\u00f3l\u00f3 Eml\u00e9kk\u00f6nyv - pink glitter hat\u00e1s\u00fa album - aj\u00e1nd\u00e9k \u00f6tlet  - 21x19cm k\u00f6z\u00e9piskol\u00e1soknak, Meska","view_count":"2512","favourite_count":"0","trending_score":"0","last2MonthFavouriteCount":"1","promotion":"0","giftcard_accept":"0","creditcard_accept":false,"enhanced_background":"0","domain":"meska","specific_customer_id":null,"specific_customer_name":null,"to_order_product":"1","to_order_product_time":"5","product_different":"quite_different","product_different_description":"A monitor sz\u00ednei a nyomtatott\u00f3l elt\u00e9rhetnek.","vintage":"0","vintage_category_id":"0","recycled":"0","gemstone_id":"0","customizable":"1","type_category":"physical","zerowaste":"0","postage_price":"1290.00","shop_order":"15","has_category":"1","landing_pages":"Ballag\u00e1si aj\u00e1nd\u00e9kok \u00e9s kieg\u00e9sz\u00edt\u0151k","microdata":{"number":1,"category":""},"title":"Ballag\u00e1si AJ\u00c1ND\u00c9K - N\u00e9vresz\u00f3l\u00f3 Eml\u00e9kk\u00f6nyv - pink glitter hat\u00e1s\u00fa album - aj\u00e1nd\u00e9k \u00f6tlet  - 21x19cm k\u00f6z\u00e9piskol\u00e1soknak","description":"B\u00e1rmilyen sz\u00f6veggel k\u00e9rheted, csak a kos\u00e1r oldalon \u00edrd meg nekem megjegyz\u00e9sben!!! Bor\u00edt\u00f3 bels\u0151re bor\u00edt\u00e9k is k\u00e9rhet\u0151. Kedves trendi csajos aj\u00e1nd\u00e9k eml\u00e9kk\u00f6nyv ballag\u00f3 di\u00e1koknak, amibe beleragaszthatja az oszt\u00e1lyt\u00e1rsai tabl\u00f3fot\u00f3j\u00e1t \u00e9s a vel\u00fck \u00e1t\u00e9lt \u00e9lm\u00e9nyekr\u0151l k\u00e9sz\u00fclt kor\u00e1bbi k\u00e9peket, \u00edgy \u00f6r\u00f6k eml\u00e9kek maradnak a tini \u00e9vek alatt \u00e1t\u00e9lt kalandok. \nA k\u00f6nyvecsk\u00e9be k\u00e9toldal\u00fa ragaszt\u00f3val lehet a k\u00e9peket beragasztani, goly\u00f3stollal, ceruz\u00e1val, sz\u00ednesceruz\u00e1val lehet bele \u00edrni \/ rajzolni is a fot\u00f3k mell\u00e9. \n\n\u26a0\ufe0fFONTOS\u26a0\ufe0f A bor\u00edt\u00f3ra ker\u00fcl\u0151 nevet (\u00e9s sz\u00fcks\u00e9g eset\u00e9n az iskola nev\u00e9t) rendel\u00e9skor ne felejtsd el a kos\u00e1r oldalon tal\u00e1lhat\u00f3 megjegyz\u00e9s mez\u0151be be\u00edrni!\n\nPARAM\u00c9TEREK:\n\u25b6\ufe0f Bel\u00edvek 120g-os \u00fcres feh\u00e9r lapok - 40 db\n\u25b6\ufe0f F\u00e9m spir\u00e1llal\n\u25b6\ufe0f M\u00e9rete: 210x190mm\n\n\u26a0\ufe0f BOR\u00cdT\u00d3JA l\u00e9zer nyomat, h\u00e1tlapja nat\u00far sz\u00edn\u0171 - alapanyaga V\u00c1LASZTHAT\u00d3:\n\u2705 ALAP\u00c1RON: KEM\u00c9NY, de v\u00e9kony (kb 0,5mm) m\u0171anyag bor\u00edt\u00f3\n\u2705+1500 Ft-\u00e9rt v\u00e1laszthat\u00f3 2mm extra vastag, KEM\u00c9NY kartont\u00e1bl\u00e1ra k\u00e9sz\u00fclt bor\u00edt\u00f3val is.\n\nN\u00e9zd meg a t\u00f6bbi term\u00e9kemet is:\nhttps:\/\/www.meska.hu\/shop\/OromKonnyek\n\n>>> Sz\u00e1ll\u00edt\u00e1si \u00e9s \u00c1TV\u00c9TELI inform\u00e1ci\u00f3kat a \"Sz\u00e1ll\u00edt\u00e1si Info\" f\u00fclre kattintva tal\u00e1lod\n\n>>> Fizet\u00e9si m\u00f3d - KIZ\u00c1R\u00d3LAG EL\u0150RE FIZET\u00c9SSEL: Bankk\u00e1rty\u00e1val \/ Barionnal \/\u00c1tutal\u00e1ssal vagy Banki befizet\u00e9ssel\n\n\u26a0\ufe0fFONTOS\u26a0\ufe0f Rendel\u00e9shez tedd kos\u00e1rba a term\u00e9ket \u00e9s a \"Kos\u00e1r\" oldalon az \"\u00dczenet az elad\u00f3nak\" r\u00e9szbe \u00edrd be, hogy milyen sz\u00f6veget \/ nevet k\u00e9rsz a bor\u00edt\u00f3ra.","score":0,"formatted_price":"7 900 Ft","image_url":"https:\/\/www.meska.hu\/img\/product\/small\/o\/r\/oromkonnyek_product_274209_220531233715_51730.jpeg","formatted_url":"https:\/\/www.meska.hu\/p4649651-ballagasi-ajandek-nevreszolo-emlekkonyv-pink-glitter-hatasu-album-ajandek-otlet-21x19cm-kozepiskolasoknak","favourite":false,"in_stock":false,"avatar":"274209_avatar_1697355906.jpeg","delete_from":0,"is_enhanced_background":false,"is_enhanced":false,"product_selection_started":false,"is_active":true,"image_webp_url":"https:\/\/www.meska.hu\/img\/product\/small\/o\/r\/oromkonnyek_product_274209_220531233715_51730.webp"},{"id":"3076640","shop_id":"34376","user_id":"449121","shop_name":"KreativKriszta","shop_zip":"6640","product_code":"4620274","product_name_old":null,"product_name":"Vintage st\u00edlus\u00fa fot\u00f3k\u00f6nyv - Any\u00e1knapj\u00e1ra, sz\u00fclet\u00e9snapra, egy\u00e9b alkalomra","category_string":"Otthon & \u00c9letm\u00f3d, Pap\u00edr, \u00edr\u00f3szer, Album & Fot\u00f3album","technic_string":"Fot\u00f3, grafika, rajz, illusztr\u00e1ci\u00f3","category_1":"813","category_2":"351","category_3":"353","category_4":"0","merged_category_1":null,"merged_category_2":null,"merged_category_3":null,"technic_1":"483","technic_2":"0","technic_3":"0","color_1":"515","color_2":"519","color_3":"532","product_description_old":null,"product_description":"Digit\u00e1lis fot\u00f3id k\u00f6nyv alakban, hogy kedvenc felv\u00e9teleid m\u00e9lt\u00f3 hely\u00fckre ker\u00fcljenek!\nAz \u00edgy elrendezett k\u00e9pekb\u0151l nagyszer\u0171 aj\u00e1nd\u00e9k lehet a sz\u00fcl\u0151knek, nagysz\u00fcl\u0151knek, bar\u00e1taidnak, magatoknak.\n\n28x21 cm, fekv\u0151, j\u00f3 min\u0151s\u00e9g\u0171 pap\u00edrra nyomtatva.\nTerjedelme: 20 oldal (10 lap) + bor\u00edt\u00f3.\nK\u00f6t\u00e9szet\u00e9t tekintve lehet spir\u00e1lozott, vagy szalaggal \u00f6sszef\u0171z\u00f6tt.\n\nK\u00fcldd el az e-mail c\u00edmemre a j\u00f3 min\u0151s\u00e9g\u0171 fot\u00f3idat, oldalank\u00e9nt 1-2, max 3 fot\u00f3t \u00e9s \u00f6ssze\u00e1ll\u00edtom ezt a kellemes megjelen\u00e9s\u0171 vintage st\u00edlus\u00fa fot\u00f3k\u00f6nyvet.\n\nAz \u00e1r az adott grafik\u00e1ra \u00e9rv\u00e9nyes!\nSaj\u00e1t elk\u00e9pzel\u00e9sed \u00f6r\u00f6mmel megval\u00f3s\u00edtom!\nHa k\u00e9rd\u00e9sed van sz\u00edvesen v\u00e1laszolok!","price":"8500.00","unit":"db","recommended":"0","status":"1","sponsored":"0","exp_notify":"0","own_material":"0","own_material_description_old":null,"own_material_description":"","jury":"0","jury_number":"","product_nature":"","meskaracsony":"0","create_date":"2026-04-30 01:06:43","shelve_id":"66750","image":"kreativkriszta_product_449121_210911234736_364222.jpeg","image_width":"480","image_height":"274","image_alt":"Vintage st\u00edlus\u00fa fot\u00f3k\u00f6nyv - Any\u00e1knapj\u00e1ra, sz\u00fclet\u00e9snapra, egy\u00e9b alkalomra, Digit\u00e1lis fot\u00f3id k\u00f6nyv alakban, hogy kedvenc felv\u00e9teleid m\u00e9lt\u00f3 hely\u00fckre ker\u00fcljenek!\\nAz \u00edgy elrendeze..., Meska","image_title":"Vintage st\u00edlus\u00fa fot\u00f3k\u00f6nyv - Any\u00e1knapj\u00e1ra, sz\u00fclet\u00e9snapra, egy\u00e9b alkalomra, Meska","view_count":"2274","favourite_count":"0","trending_score":"0","last2MonthFavouriteCount":"0","promotion":"0","giftcard_accept":"0","creditcard_accept":true,"enhanced_background":"0","domain":"meska","specific_customer_id":null,"specific_customer_name":null,"to_order_product":"1","to_order_product_time":"15","product_different":"not_different","product_different_description":"","vintage":"0","vintage_category_id":"0","recycled":"0","gemstone_id":"0","customizable":"0","type_category":"physical","zerowaste":"0","postage_price":"1290.00","shop_order":"0","has_category":"1","landing_pages":null,"microdata":{"number":2,"category":""},"title":"Vintage st\u00edlus\u00fa fot\u00f3k\u00f6nyv - Any\u00e1knapj\u00e1ra, sz\u00fclet\u00e9snapra, egy\u00e9b alkalomra","description":"Digit\u00e1lis fot\u00f3id k\u00f6nyv alakban, hogy kedvenc felv\u00e9teleid m\u00e9lt\u00f3 hely\u00fckre ker\u00fcljenek!\nAz \u00edgy elrendezett k\u00e9pekb\u0151l nagyszer\u0171 aj\u00e1nd\u00e9k lehet a sz\u00fcl\u0151knek, nagysz\u00fcl\u0151knek, bar\u00e1taidnak, magatoknak.\n\n28x21 cm, fekv\u0151, j\u00f3 min\u0151s\u00e9g\u0171 pap\u00edrra nyomtatva.\nTerjedelme: 20 oldal (10 lap) + bor\u00edt\u00f3.\nK\u00f6t\u00e9szet\u00e9t tekintve lehet spir\u00e1lozott, vagy szalaggal \u00f6sszef\u0171z\u00f6tt.\n\nK\u00fcldd el az e-mail c\u00edmemre a j\u00f3 min\u0151s\u00e9g\u0171 fot\u00f3idat, oldalank\u00e9nt 1-2, max 3 fot\u00f3t \u00e9s \u00f6ssze\u00e1ll\u00edtom ezt a kellemes megjelen\u00e9s\u0171 vintage st\u00edlus\u00fa fot\u00f3k\u00f6nyvet.\n\nAz \u00e1r az adott grafik\u00e1ra \u00e9rv\u00e9nyes!\nSaj\u00e1t elk\u00e9pzel\u00e9sed \u00f6r\u00f6mmel megval\u00f3s\u00edtom!\nHa k\u00e9rd\u00e9sed van sz\u00edvesen v\u00e1laszolok!","score":0,"formatted_price":"8 500 Ft","image_url":"https:\/\/www.meska.hu\/img\/product\/small\/k\/r\/kreativkriszta_product_449121_210911234736_364222.jpeg","formatted_url":"https:\/\/www.meska.hu\/p4620274-vintage-stilusu-fotokonyv-anyaknapjara-szuletesnapra-egyeb-alkalomra","favourite":false,"in_stock":false,"avatar":"KreativKriszta_avatar_449121_1630746420.jpg","delete_from":0,"is_enhanced_background":false,"is_enhanced":false,"product_selection_started":false,"is_active":true,"image_webp_url":"https:\/\/www.meska.hu\/img\/product\/small\/k\/r\/kreativkriszta_product_449121_210911234736_364222.webp"},{"id":"5644818","shop_id":"46170","user_id":"355200","shop_name":"DekorPatika","shop_zip":"6000","product_code":"5464936","product_name_old":null,"product_name":"Boldog Valentin-napot  falik\u00e9p","category_string":"Otthon & \u00c9letm\u00f3d, Pap\u00edr, \u00edr\u00f3szer, Album & Fot\u00f3album","technic_string":"Fot\u00f3, grafika, rajz, illusztr\u00e1ci\u00f3","category_1":"813","category_2":"351","category_3":"353","category_4":"0","merged_category_1":null,"merged_category_2":null,"merged_category_3":null,"technic_1":"483","technic_2":"0","technic_3":"0","color_1":"519","color_2":"0","color_3":"0","product_description_old":null,"product_description":"Nincs \u00f6tleted milyen aj\u00e1nd\u00e9kkal lepd meg szerelmed Valentin-napon?\n\nElk\u00e9sz\u00edtem sz\u00e1modra a t\u00f6k\u00e9letes aj\u00e1nd\u00e9kot! Ez az egyedi falik\u00e9p remek d\u00edsze lehet lak\u00e1snak \u00e9s \u00f6r\u00f6k eml\u00e9k mindkett\u0151t\u00f6knek!\n\nA k\u00e9pkeret A\/4 m\u00e9ret\u0171, amely falra akaszthat\u00f3 vagy polcra is helyezhet\u0151!\n\nM\u00e9rete: 21x30cm\n\nLehet\u0151s\u00e9ged van digit\u00e1lis form\u00e1tumban megrendelni a term\u00e9ket! Ebben az esetben, miut\u00e1n kifizetted a term\u00e9ket, elk\u00e9sz\u00edtem a grafik\u00e1t. A dekor\u00e1ci\u00f3t ezut\u00e1n PDF form\u00e1tumban emailben elk\u00fcld\u00f6m a r\u00e9szedre, amit otthon ki tudsz nyomtatni \u00e9s be tudsz keretezni.\n\n --- Mikor v\u00e1laszd a nyomtathat\u00f3 dekor\u00e1ci\u00f3t a keretbe helyezett k\u00e9p helyett? --- \n\n- ha olcs\u00f3bb megold\u00e1st keresel, hiszen nincs plusz postak\u00f6lts\u00e9ged  \n- ha gyorsabban szeretn\u00e9d megkapni, hiszen nincs post\u00e1z\u00e1s \n- ha utols\u00f3 pillanatban aj\u00e1nd\u00e9k dekor\u00e1ci\u00f3t szeretn\u00e9l \u00e9s nincs id\u0151d v\u00e1rni \n- ha az otthoni sz\u00ednes nyomtat\u00f3ddal vagy valamely k\u00f6zeli fot\u00f3 kioszkban kinyomtatn\u00e1d \n- ha megl\u00e9v\u0151 keretbe szeretn\u00e9d \n- ha esetleg t\u00f6bb p\u00e9ld\u00e1nyra is sz\u00fcks\u00e9ged lenne  \n\nK\u00e9rlek, vedd figyelembe, hogy a megjelen\u00edtett sz\u00ednek kis m\u00e9rt\u00e9kben elt\u00e9rhetnek a k\u00fcl\u00f6nb\u00f6z\u0151 kijelz\u0151k\u00f6n. \n\nAmennyiben s\u00fcrg\u0151s megrendel\u00e9sre van sz\u00fcks\u00e9ged k\u00e9rlek v\u00e1laszd a \u201cS\u00fcrg\u0151s megrendel\u00e9s\u201d opci\u00f3t \u00e9s 1 munkanapon bel\u00fcl elk\u00e9sz\u00edtem a term\u00e9ket!\nHa foxpost automat\u00e1t v\u00e1lasztott\u00e1l, k\u00e9rlek \u00edrd meg melyikbe k\u00fcldhetem.\n\nA term\u00e9k k\u00e9sz\u00edt\u00e9s\u00e9t \u00e9s post\u00e1z\u00e1s\u00e1t csak a fizet\u00e9s be\u00e9rkez\u00e9se ut\u00e1n tudom elkezdeni! K\u00f6sz\u00f6n\u00f6m a meg\u00e9rt\u00e9sed!","price":"3490.00","unit":"db","recommended":"0","status":"1","sponsored":"0","exp_notify":"0","own_material":"0","own_material_description_old":null,"own_material_description":"","jury":"0","jury_number":"","product_nature":"","meskaracsony":"0","create_date":"2026-04-30 00:05:51","shelve_id":"0","image":"dekorpatika_product_355200_250104221432_166738.jpeg","image_width":"480","image_height":"600","image_alt":"Boldog Valentin-napot  falik\u00e9p, Nincs \u00f6tleted milyen aj\u00e1nd\u00e9kkal lepd meg szerelmed Valentin-napon?\\n\\nElk\u00e9sz\u00edtem sz\u00e1modra a t\u00f6k\u00e9letes ..., Meska","image_title":"Boldog Valentin-napot  falik\u00e9p, Meska","view_count":"412","favourite_count":"0","trending_score":"0","last2MonthFavouriteCount":"0","promotion":"0","giftcard_accept":"0","creditcard_accept":true,"enhanced_background":"0","domain":"meska","specific_customer_id":null,"specific_customer_name":null,"to_order_product":"1","to_order_product_time":"4","product_different":null,"product_different_description":"","vintage":"0","vintage_category_id":"0","recycled":"0","gemstone_id":"0","customizable":"1","type_category":"digital","zerowaste":"0","postage_price":"1290.00","shop_order":"0","has_category":"1","landing_pages":null,"microdata":{"number":3,"category":""},"title":"Boldog Valentin-napot  falik\u00e9p","description":"Nincs \u00f6tleted milyen aj\u00e1nd\u00e9kkal lepd meg szerelmed Valentin-napon?\n\nElk\u00e9sz\u00edtem sz\u00e1modra a t\u00f6k\u00e9letes aj\u00e1nd\u00e9kot! Ez az egyedi falik\u00e9p remek d\u00edsze lehet lak\u00e1snak \u00e9s \u00f6r\u00f6k eml\u00e9k mindkett\u0151t\u00f6knek!\n\nA k\u00e9pkeret A\/4 m\u00e9ret\u0171, amely falra akaszthat\u00f3 vagy polcra is helyezhet\u0151!\n\nM\u00e9rete: 21x30cm\n\nLehet\u0151s\u00e9ged van digit\u00e1lis form\u00e1tumban megrendelni a term\u00e9ket! Ebben az esetben, miut\u00e1n kifizetted a term\u00e9ket, elk\u00e9sz\u00edtem a grafik\u00e1t. A dekor\u00e1ci\u00f3t ezut\u00e1n PDF form\u00e1tumban emailben elk\u00fcld\u00f6m a r\u00e9szedre, amit otthon ki tudsz nyomtatni \u00e9s be tudsz keretezni.\n\n --- Mikor v\u00e1laszd a nyomtathat\u00f3 dekor\u00e1ci\u00f3t a keretbe helyezett k\u00e9p helyett? --- \n\n- ha olcs\u00f3bb megold\u00e1st keresel, hiszen nincs plusz postak\u00f6lts\u00e9ged  \n- ha gyorsabban szeretn\u00e9d megkapni, hiszen nincs post\u00e1z\u00e1s \n- ha utols\u00f3 pillanatban aj\u00e1nd\u00e9k dekor\u00e1ci\u00f3t szeretn\u00e9l \u00e9s nincs id\u0151d v\u00e1rni \n- ha az otthoni sz\u00ednes nyomtat\u00f3ddal vagy valamely k\u00f6zeli fot\u00f3 kioszkban kinyomtatn\u00e1d \n- ha megl\u00e9v\u0151 keretbe szeretn\u00e9d \n- ha esetleg t\u00f6bb p\u00e9ld\u00e1nyra is sz\u00fcks\u00e9ged lenne  \n\nK\u00e9rlek, vedd figyelembe, hogy a megjelen\u00edtett sz\u00ednek kis m\u00e9rt\u00e9kben elt\u00e9rhetnek a k\u00fcl\u00f6nb\u00f6z\u0151 kijelz\u0151k\u00f6n. \n\nAmennyiben s\u00fcrg\u0151s megrendel\u00e9sre van sz\u00fcks\u00e9ged k\u00e9rlek v\u00e1laszd a \u201cS\u00fcrg\u0151s megrendel\u00e9s\u201d opci\u00f3t \u00e9s 1 munkanapon bel\u00fcl elk\u00e9sz\u00edtem a term\u00e9ket!\nHa foxpost automat\u00e1t v\u00e1lasztott\u00e1l, k\u00e9rlek \u00edrd meg melyikbe k\u00fcldhetem.\n\nA term\u00e9k k\u00e9sz\u00edt\u00e9s\u00e9t \u00e9s post\u00e1z\u00e1s\u00e1t csak a fizet\u00e9s be\u00e9rkez\u00e9se ut\u00e1n tudom elkezdeni! K\u00f6sz\u00f6n\u00f6m a meg\u00e9rt\u00e9sed!","score":0,"formatted_price":"3 490 Ft","image_url":"https:\/\/www.meska.hu\/img\/product\/small\/d\/e\/dekorpatika_product_355200_250104221432_166738.jpeg","formatted_url":"https:\/\/www.meska.hu\/p5464936-boldog-valentin-napot-falikep","favourite":false,"in_stock":false,"avatar":"355200_avatar_1726093454.jpeg","delete_from":0,"is_enhanced_background":false,"is_enhanced":false,"product_selection_started":false,"is_active":true,"image_webp_url":"https:\/\/www.meska.hu\/img\/product\/small\/d\/e\/dekorpatika_product_355200_250104221432_166738.webp"},{"id":"3414113","shop_id":"24144","user_id":"274209","shop_name":"OtletLada","shop_zip":"7522","product_code":"4649635","product_name_old":null,"product_name":"K\u00f6sz\u00f6nj\u00fck - B\u00daCS\u00daAJ\u00c1ND\u00c9K ballag\u00e1sra pedag\u00f3gusoknak - N\u00e9vresz\u00f3l\u00f3 Eml\u00e9kk\u00f6nyv - aj\u00e1nd\u00e9k album - aj\u00e1nd\u00e9k \u00f6tlet  - 21x19cm","category_string":"Otthon & \u00c9letm\u00f3d, Pap\u00edr, \u00edr\u00f3szer, Album & Fot\u00f3album","technic_string":"Fot\u00f3, grafika, rajz, illusztr\u00e1ci\u00f3, K\u00f6nyvk\u00f6t\u00e9s","category_1":"813","category_2":"351","category_3":"353","category_4":"0","merged_category_1":"0","merged_category_2":"0","merged_category_3":"0","technic_1":"483","technic_2":"671","technic_3":"0","color_1":"514","color_2":"519","color_3":"520","product_description_old":null,"product_description":"B\u00e1rmilyen sz\u00f6veggel k\u00e9rheted, csak a kos\u00e1r oldalon \u00edrd meg nekem megjegyz\u00e9sben!!! Sz\u00edvhez sz\u00f3l\u00f3 b\u00facs\u00faaj\u00e1nd\u00e9k tan\u00e1roknak \/ \u00f3v\u00f3n\u0151knek. A csapat minden tagja \u00edrhat \/ rajzolhat bele, vagy ragassz\u00e1tok tele fot\u00f3kkal. Sz\u00ednes ceruz\u00e1val rajzolhattok, \u00edrhattok bele, vagy k\u00e9toldal\u00fa ragaszt\u00f3val fot\u00f3kat is csemp\u00e9szhettek bele.\n\nPARAM\u00c9TEREK:\n\u25b6\ufe0f Bel\u00edvek 120g-os \u00fcres feh\u00e9r lapok - 40 db\n\u25b6\ufe0f F\u00e9m spir\u00e1llal\n\u25b6\ufe0f M\u00e9rete: 210x190mm\n\n\u26a0\ufe0f BOR\u00cdT\u00d3JA l\u00e9zer nyomat, h\u00e1tlapja nat\u00far sz\u00edn\u0171 - alapanyaga V\u00c1LASZTHAT\u00d3:\n\u2705 ALAP\u00c1RON: KEM\u00c9NY, de v\u00e9kony (kb 0,5mm) m\u0171anyag bor\u00edt\u00f3\n\u2705+1500 Ft-\u00e9rt v\u00e1laszthat\u00f3 2mm extra vastag, KEM\u00c9NY kartont\u00e1bl\u00e1ra k\u00e9sz\u00fclt bor\u00edt\u00f3val is.\n\nN\u00e9zd meg a t\u00f6bbi term\u00e9kemet is:\nhttps:\/\/www.meska.hu\/shop\/OromKonnyek\n\n>>> Sz\u00e1ll\u00edt\u00e1si \u00e9s \u00c1TV\u00c9TELI inform\u00e1ci\u00f3kat a \"Sz\u00e1ll\u00edt\u00e1si Info\" f\u00fclre kattintva tal\u00e1lod\n\n>>> Fizet\u00e9si m\u00f3d - KIZ\u00c1R\u00d3LAG EL\u0150RE FIZET\u00c9SSEL: Bankk\u00e1rty\u00e1val \/ Barionnal \/\u00c1tutal\u00e1ssal vagy Banki befizet\u00e9ssel\n\n\u26a0\ufe0fFONTOS\u26a0\ufe0f Rendel\u00e9shez tedd kos\u00e1rba a term\u00e9ket \u00e9s a \"Kos\u00e1r\" oldalon az \"\u00dczenet az elad\u00f3nak\" r\u00e9szbe \u00edrd be, hogy milyen sz\u00f6veget \/ nevet k\u00e9rsz a bor\u00edt\u00f3ra.","price":"7900.00","unit":"db","recommended":"0","status":"1","sponsored":"0","exp_notify":"0","own_material":"0","own_material_description_old":null,"own_material_description":"","jury":"0","jury_number":"","product_nature":"","meskaracsony":"0","create_date":"2026-04-29 09:44:28","shelve_id":"56349","image":"oromkonnyek_product_274209_220531230001_79252.jpeg","image_width":"480","image_height":"443","image_alt":"K\u00f6sz\u00f6nj\u00fck - B\u00daCS\u00daAJ\u00c1ND\u00c9K ballag\u00e1sra pedag\u00f3gusoknak - N\u00e9vresz\u00f3l\u00f3 Eml\u00e9kk\u00f6nyv - aj\u00e1nd\u00e9k album - aj\u00e1nd\u00e9k \u00f6tlet  - 21x19cm, B\u00e1rmilyen sz\u00f6veggel k\u00e9rheted, csak a kos\u00e1r oldalon \u00edrd meg nekem megjegyz\u00e9sben!!! Sz\u00edvhez sz\u00f3l\u00f3 b\u00facs..., Meska","image_title":"K\u00f6sz\u00f6nj\u00fck - B\u00daCS\u00daAJ\u00c1ND\u00c9K ballag\u00e1sra pedag\u00f3gusoknak - N\u00e9vresz\u00f3l\u00f3 Eml\u00e9kk\u00f6nyv - aj\u00e1nd\u00e9k album - aj\u00e1nd\u00e9k \u00f6tlet  - 21x19cm, Meska","view_count":"11514","favourite_count":"0","trending_score":"0","last2MonthFavouriteCount":"0","promotion":"0","giftcard_accept":"0","creditcard_accept":false,"enhanced_background":"0","domain":"meska","specific_customer_id":null,"specific_customer_name":null,"to_order_product":"1","to_order_product_time":"5","product_different":"quite_different","product_different_description":"A monitor sz\u00ednei a nyomtatott\u00f3l elt\u00e9rhetnek.","vintage":"0","vintage_category_id":"0","recycled":"0","gemstone_id":"0","customizable":"1","type_category":"physical","zerowaste":"0","postage_price":"1290.00","shop_order":"5","has_category":"1","landing_pages":"Ballag\u00e1si aj\u00e1nd\u00e9kok \u00e9s kieg\u00e9sz\u00edt\u0151k, Ballag\u00e1si aj\u00e1nd\u00e9kok \u00e9s kieg\u00e9sz\u00edt\u0151k, Ballag\u00e1si aj\u00e1nd\u00e9kok \u00e9s kieg\u00e9sz\u00edt\u0151k, Ballag\u00e1si aj\u00e1nd\u00e9kok \u00e9s kieg\u00e9sz\u00edt\u0151k, Ballag\u00e1si aj\u00e1nd\u00e9kok \u00e9s kieg\u00e9sz\u00edt\u0151k, Ballag\u00e1si aj\u00e1nd\u00e9kok \u00e9s kieg\u00e9sz\u00edt\u0151k","microdata":{"number":4,"category":""},"title":"K\u00f6sz\u00f6nj\u00fck - B\u00daCS\u00daAJ\u00c1ND\u00c9K ballag\u00e1sra pedag\u00f3gusoknak - N\u00e9vresz\u00f3l\u00f3 Eml\u00e9kk\u00f6nyv - aj\u00e1nd\u00e9k album - aj\u00e1nd\u00e9k \u00f6tlet  - 21x19cm","description":"B\u00e1rmilyen sz\u00f6veggel k\u00e9rheted, csak a kos\u00e1r oldalon \u00edrd meg nekem megjegyz\u00e9sben!!! Sz\u00edvhez sz\u00f3l\u00f3 b\u00facs\u00faaj\u00e1nd\u00e9k tan\u00e1roknak \/ \u00f3v\u00f3n\u0151knek. A csapat minden tagja \u00edrhat \/ rajzolhat bele, vagy ragassz\u00e1tok tele fot\u00f3kkal. Sz\u00ednes ceruz\u00e1val rajzolhattok, \u00edrhattok bele, vagy k\u00e9toldal\u00fa ragaszt\u00f3val fot\u00f3kat is csemp\u00e9szhettek bele.\n\nPARAM\u00c9TEREK:\n\u25b6\ufe0f Bel\u00edvek 120g-os \u00fcres feh\u00e9r lapok - 40 db\n\u25b6\ufe0f F\u00e9m spir\u00e1llal\n\u25b6\ufe0f M\u00e9rete: 210x190mm\n\n\u26a0\ufe0f BOR\u00cdT\u00d3JA l\u00e9zer nyomat, h\u00e1tlapja nat\u00far sz\u00edn\u0171 - alapanyaga V\u00c1LASZTHAT\u00d3:\n\u2705 ALAP\u00c1RON: KEM\u00c9NY, de v\u00e9kony (kb 0,5mm) m\u0171anyag bor\u00edt\u00f3\n\u2705+1500 Ft-\u00e9rt v\u00e1laszthat\u00f3 2mm extra vastag, KEM\u00c9NY kartont\u00e1bl\u00e1ra k\u00e9sz\u00fclt bor\u00edt\u00f3val is.\n\nN\u00e9zd meg a t\u00f6bbi term\u00e9kemet is:\nhttps:\/\/www.meska.hu\/shop\/OromKonnyek\n\n>>> Sz\u00e1ll\u00edt\u00e1si \u00e9s \u00c1TV\u00c9TELI inform\u00e1ci\u00f3kat a \"Sz\u00e1ll\u00edt\u00e1si Info\" f\u00fclre kattintva tal\u00e1lod\n\n>>> Fizet\u00e9si m\u00f3d - KIZ\u00c1R\u00d3LAG EL\u0150RE FIZET\u00c9SSEL: Bankk\u00e1rty\u00e1val \/ Barionnal \/\u00c1tutal\u00e1ssal vagy Banki befizet\u00e9ssel\n\n\u26a0\ufe0fFONTOS\u26a0\ufe0f Rendel\u00e9shez tedd kos\u00e1rba a term\u00e9ket \u00e9s a \"Kos\u00e1r\" oldalon az \"\u00dczenet az elad\u00f3nak\" r\u00e9szbe \u00edrd be, hogy milyen sz\u00f6veget \/ nevet k\u00e9rsz a bor\u00edt\u00f3ra.","score":0,"formatted_price":"7 900 Ft","image_url":"https:\/\/www.meska.hu\/img\/product\/small\/o\/r\/oromkonnyek_product_274209_220531230001_79252.jpeg","formatted_url":"https:\/\/www.meska.hu\/p4649635-koszonjuk-bucsuajandek-ballagasra-pedagogusoknak-nevreszolo-emlekkonyv-ajandek-album-ajandek-otlet-21x19cm","favourite":false,"in_stock":false,"avatar":"274209_avatar_1697355906.jpeg","delete_from":0,"is_enhanced_background":false,"is_enhanced":false,"product_selection_started":false,"is_active":true,"image_webp_url":"https:\/\/www.meska.hu\/img\/product\/small\/o\/r\/oromkonnyek_product_274209_220531230001_79252.webp"},{"id":"4698051","shop_id":"24144","user_id":"274209","shop_name":"OtletLada","shop_zip":"7522","product_code":"4897984","product_name_old":null,"product_name":"Valentin napi Aj\u00e1nd\u00e9k a p\u00e1rodnak - Szerelm\u00fcnk lapjai Pr\u00e9mium egyedi album - eml\u00e9kk\u00f6nyv - f\u00fczet \/ napl\u00f3 - 21x19cm","category_string":"Otthon & \u00c9letm\u00f3d, Pap\u00edr, \u00edr\u00f3szer, Album & Fot\u00f3album","technic_string":"Fot\u00f3, grafika, rajz, illusztr\u00e1ci\u00f3, K\u00f6nyvk\u00f6t\u00e9s","category_1":"813","category_2":"351","category_3":"353","category_4":"0","merged_category_1":"0","merged_category_2":"0","merged_category_3":"0","technic_1":"483","technic_2":"671","technic_3":"0","color_1":"519","color_2":"520","color_3":"523","product_description_old":null,"product_description":"K\u00c9RHETED n\u00e9vvel is! Szerelmes meglepet\u00e9s aj\u00e1nd\u00e9k \u00f6tlet a p\u00e1rodnak. V\u00e1lassz id\u00e9n k\u00fcl\u00f6nlegeset!\n\nBeragaszt\u00f3s \u00fcres lapos fot\u00f3album \/ eml\u00e9kk\u00f6nyv. Tedd egyediv\u00e9 az albumot egy-egy szem\u00e9lyes megjegyz\u00e9ssel, al\u00e1\u00edr\u00e1ssal, vicces eml\u00e9kekkel vagy aranyk\u00f6p\u00e9ssel a k\u00e9p al\u00e1 \u00edrva.\n;) Teljesen m\u00e1s \u00e9lm\u00e9ny lesz egy ilyen albumot v\u00e9gig lapozni p\u00e1r \u00e9v m\u00falva, mintha csak fot\u00f3k lenn\u00e9nek egym\u00e1s ut\u00e1n sorba rakva.\n\nTIPP: a f\u00e9nyk\u00e9peket k\u00e9toldal\u00fa ragaszt\u00f3val a legegyszer\u0171bb beragasztani, amit szinte b\u00e1rmelyik szupermarket polcain megtal\u00e1lsz (a fest\u0151s r\u00e9szlegn\u00e9l)\nTerm\u00e9szetesen fot\u00f3sarokkal vagy dekor ragaszt\u00f3szalaggal is r\u00f6gz\u00edtheted\n\nPARAM\u00c9TEREK:\n\u25b6\ufe0f Bel\u00edvek 120g-os \u00fcres OFFSET feh\u00e9r lapok* - 40 \u00edv\n\u25b6\ufe0f Fekete vagy feh\u00e9r f\u00e9m spir\u00e1llal\n\u25b6\ufe0f M\u00e9rete: 210x190mm\n\n\u26a0\ufe0f BOR\u00cdT\u00d3JA l\u00e9zer nyomat - alapanyaga V\u00c1LASZTHAT\u00d3:\n\u2705 ALAP\u00c1RON: KEM\u00c9NY, de v\u00e9kony (kb 0,5mm) m\u0171anyag bor\u00edt\u00f3\n\u2705+1500 Ft-\u00e9rt v\u00e1laszthat\u00f3 2mm extra vastag, KEM\u00c9NY kartont\u00e1bl\u00e1ra k\u00e9sz\u00fclt bor\u00edt\u00f3val is.\n\nK\u00e9toldal\u00fa ragaszt\u00f3val k\u00e9peket is ragaszthattok bele, vagy ceruz\u00e1val, tollal is \u00edrhattok bele.\n\nN\u00e9zd meg a t\u00f6bbi term\u00e9kemet is:\nhttps:\/\/www.meska.hu\/shop\/OromKonnyek\n\n>>> Sz\u00e1ll\u00edt\u00e1si \u00e9s \u00c1TV\u00c9TELI inform\u00e1ci\u00f3kat a \"Sz\u00e1ll\u00edt\u00e1si Info\" f\u00fclre kattintva tal\u00e1lod\n\n>>> Fizet\u00e9si m\u00f3d - KIZ\u00c1R\u00d3LAG EL\u0150RE FIZET\u00c9SSEL: Bankk\u00e1rty\u00e1val \/ Barionnal \/\u00c1tutal\u00e1ssal vagy Banki befizet\u00e9ssel\n\n\u26a0\ufe0fFONTOS\u26a0\ufe0f Rendel\u00e9shez tedd kos\u00e1rba a term\u00e9ket \u00e9s a \"Kos\u00e1r\" oldalon az \"\u00dczenet az elad\u00f3nak\" r\u00e9szbe \u00edrd be, hogy milyen sz\u00f6veget \/ nevet k\u00e9rsz a bor\u00edt\u00f3ra.","price":"7900.00","unit":"db","recommended":"0","status":"1","sponsored":"0","exp_notify":"0","own_material":"0","own_material_description_old":null,"own_material_description":"","jury":"0","jury_number":"","product_nature":"","meskaracsony":"0","create_date":"2026-04-28 13:50:38","shelve_id":"73268","image":"oromkonnyek_product_274209_190605084156_489179.jpeg","image_width":"480","image_height":"480","image_alt":"Valentin napi Aj\u00e1nd\u00e9k a p\u00e1rodnak - Szerelm\u00fcnk lapjai Pr\u00e9mium egyedi album - eml\u00e9kk\u00f6nyv - f\u00fczet \/ napl\u00f3 - 21x19cm, K\u00c9RHETED n\u00e9vvel is! Szerelmes meglepet\u00e9s aj\u00e1nd\u00e9k \u00f6tlet a p\u00e1rodnak. V\u00e1lassz id\u00e9n k\u00fcl\u00f6nlegeset!\\n\\nBerag..., Meska","image_title":"Valentin napi Aj\u00e1nd\u00e9k a p\u00e1rodnak - Szerelm\u00fcnk lapjai Pr\u00e9mium egyedi album - eml\u00e9kk\u00f6nyv - f\u00fczet \/ napl\u00f3 - 21x19cm, Meska","view_count":"4727","favourite_count":"0","trending_score":"0","last2MonthFavouriteCount":"0","promotion":"0","giftcard_accept":"0","creditcard_accept":false,"enhanced_background":"0","domain":"meska","specific_customer_id":null,"specific_customer_name":null,"to_order_product":"1","to_order_product_time":"5","product_different":"quite_different","product_different_description":"A sz\u00ednek nyomtat\u00e1sban elt\u00e9rhetnek a monitoron l\u00e1tottakt\u00f3l. A felirat k\u00e9r\u00e9sednek megfelel\u0151en v\u00e1ltozhat ","vintage":"0","vintage_category_id":"0","recycled":"0","gemstone_id":"0","customizable":"1","type_category":"physical","zerowaste":"0","postage_price":"1290.00","shop_order":"147","has_category":"1","landing_pages":null,"microdata":{"number":5,"category":""},"title":"Valentin napi Aj\u00e1nd\u00e9k a p\u00e1rodnak - Szerelm\u00fcnk lapjai Pr\u00e9mium egyedi album - eml\u00e9kk\u00f6nyv - f\u00fczet \/ napl\u00f3 - 21x19cm","description":"K\u00c9RHETED n\u00e9vvel is! Szerelmes meglepet\u00e9s aj\u00e1nd\u00e9k \u00f6tlet a p\u00e1rodnak. V\u00e1lassz id\u00e9n k\u00fcl\u00f6nlegeset!\n\nBeragaszt\u00f3s \u00fcres lapos fot\u00f3album \/ eml\u00e9kk\u00f6nyv. Tedd egyediv\u00e9 az albumot egy-egy szem\u00e9lyes megjegyz\u00e9ssel, al\u00e1\u00edr\u00e1ssal, vicces eml\u00e9kekkel vagy aranyk\u00f6p\u00e9ssel a k\u00e9p al\u00e1 \u00edrva.\n;) Teljesen m\u00e1s \u00e9lm\u00e9ny lesz egy ilyen albumot v\u00e9gig lapozni p\u00e1r \u00e9v m\u00falva, mintha csak fot\u00f3k lenn\u00e9nek egym\u00e1s ut\u00e1n sorba rakva.\n\nTIPP: a f\u00e9nyk\u00e9peket k\u00e9toldal\u00fa ragaszt\u00f3val a legegyszer\u0171bb beragasztani, amit szinte b\u00e1rmelyik szupermarket polcain megtal\u00e1lsz (a fest\u0151s r\u00e9szlegn\u00e9l)\nTerm\u00e9szetesen fot\u00f3sarokkal vagy dekor ragaszt\u00f3szalaggal is r\u00f6gz\u00edtheted\n\nPARAM\u00c9TEREK:\n\u25b6\ufe0f Bel\u00edvek 120g-os \u00fcres OFFSET feh\u00e9r lapok* - 40 \u00edv\n\u25b6\ufe0f Fekete vagy feh\u00e9r f\u00e9m spir\u00e1llal\n\u25b6\ufe0f M\u00e9rete: 210x190mm\n\n\u26a0\ufe0f BOR\u00cdT\u00d3JA l\u00e9zer nyomat - alapanyaga V\u00c1LASZTHAT\u00d3:\n\u2705 ALAP\u00c1RON: KEM\u00c9NY, de v\u00e9kony (kb 0,5mm) m\u0171anyag bor\u00edt\u00f3\n\u2705+1500 Ft-\u00e9rt v\u00e1laszthat\u00f3 2mm extra vastag, KEM\u00c9NY kartont\u00e1bl\u00e1ra k\u00e9sz\u00fclt bor\u00edt\u00f3val is.\n\nK\u00e9toldal\u00fa ragaszt\u00f3val k\u00e9peket is ragaszthattok bele, vagy ceruz\u00e1val, tollal is \u00edrhattok bele.\n\nN\u00e9zd meg a t\u00f6bbi term\u00e9kemet is:\nhttps:\/\/www.meska.hu\/shop\/OromKonnyek\n\n>>> Sz\u00e1ll\u00edt\u00e1si \u00e9s \u00c1TV\u00c9TELI inform\u00e1ci\u00f3kat a \"Sz\u00e1ll\u00edt\u00e1si Info\" f\u00fclre kattintva tal\u00e1lod\n\n>>> Fizet\u00e9si m\u00f3d - KIZ\u00c1R\u00d3LAG EL\u0150RE FIZET\u00c9SSEL: Bankk\u00e1rty\u00e1val \/ Barionnal \/\u00c1tutal\u00e1ssal vagy Banki befizet\u00e9ssel\n\n\u26a0\ufe0fFONTOS\u26a0\ufe0f Rendel\u00e9shez tedd kos\u00e1rba a term\u00e9ket \u00e9s a \"Kos\u00e1r\" oldalon az \"\u00dczenet az elad\u00f3nak\" r\u00e9szbe \u00edrd be, hogy milyen sz\u00f6veget \/ nevet k\u00e9rsz a bor\u00edt\u00f3ra.","score":0,"formatted_price":"7 900 Ft","image_url":"https:\/\/www.meska.hu\/img\/product\/small\/o\/r\/oromkonnyek_product_274209_190605084156_489179.jpeg","formatted_url":"https:\/\/www.meska.hu\/p4897984-valentin-napi-ajandek-a-parodnak-szerelmunk-lapjai-premium-egyedi-album-emlekkonyv-fuzet-naplo-21x19cm","favourite":false,"in_stock":false,"avatar":"274209_avatar_1697355906.jpeg","delete_from":0,"is_enhanced_background":false,"is_enhanced":false,"product_selection_started":false,"is_active":true,"image_webp_url":"https:\/\/www.meska.hu\/img\/product\/small\/o\/r\/oromkonnyek_product_274209_190605084156_489179.webp"},{"id":"6179310","shop_id":"46170","user_id":"355200","shop_name":"DekorPatika","shop_zip":"6000","product_code":"5770189","product_name_old":null,"product_name":"Boldog Any\u00e1k napj\u00e1t 3D falik\u00e9p","category_string":"Otthon & \u00c9letm\u00f3d, Pap\u00edr, \u00edr\u00f3szer, Album & Fot\u00f3album","technic_string":"Fot\u00f3, grafika, rajz, illusztr\u00e1ci\u00f3","category_1":"813","category_2":"351","category_3":"353","category_4":"0","merged_category_1":null,"merged_category_2":null,"merged_category_3":null,"technic_1":"483","technic_2":"0","technic_3":"0","color_1":"519","color_2":"791","color_3":"525","product_description_old":null,"product_description":"Nincs \u00f6tleted milyen aj\u00e1nd\u00e9kkal k\u00e9sz\u00fclj Any\u00e1k Napj\u00e1ra?\n\nElk\u00e9sz\u00edtem sz\u00e1modra a t\u00f6k\u00e9letes aj\u00e1nd\u00e9kot! Ez az egyedi falik\u00e9p remek d\u00edsze lehet lak\u00e1snak \u00e9s \u00f6r\u00f6k eml\u00e9k az eg\u00e9sz csal\u00e1dnak!\n\nA k\u00e9pkeret falra akaszthat\u00f3 vagy polcra is helyezhet\u0151!\n\nM\u00e9rete: 25x25 cm  \n\nK\u00e9rlek, vedd figyelembe, hogy a megjelen\u00edtett sz\u00ednek kis m\u00e9rt\u00e9kben elt\u00e9rhetnek a k\u00fcl\u00f6nb\u00f6z\u0151 kijelz\u0151k\u00f6n. \n\nAmennyiben s\u00fcrg\u0151s megrendel\u00e9sre van sz\u00fcks\u00e9ged k\u00e9rlek v\u00e1laszd a \u201cS\u00fcrg\u0151s megrendel\u00e9s\u201d opci\u00f3t \u00e9s 1 munkanapon bel\u00fcl elk\u00e9sz\u00edtem a term\u00e9ket!\nHa foxpost automat\u00e1t v\u00e1lasztott\u00e1l, k\u00e9rlek \u00edrd meg melyikbe k\u00fcldhetem.\n\nA term\u00e9k k\u00e9sz\u00edt\u00e9s\u00e9t \u00e9s post\u00e1z\u00e1s\u00e1t csak a fizet\u00e9s be\u00e9rkez\u00e9se ut\u00e1n tudom elkezdeni! K\u00f6sz\u00f6n\u00f6m a meg\u00e9rt\u00e9sed!","price":"7990.00","unit":"db","recommended":"0","status":"1","sponsored":"0","exp_notify":"0","own_material":"0","own_material_description_old":null,"own_material_description":"","jury":"0","jury_number":"","product_nature":"","meskaracsony":"0","create_date":"2026-04-28 09:40:18","shelve_id":"0","image":"dekorpatika_product_355200_260409222845_186827.jpeg","image_width":"480","image_height":"640","image_alt":"Boldog Any\u00e1k napj\u00e1t 3D falik\u00e9p, Nincs \u00f6tleted milyen aj\u00e1nd\u00e9kkal k\u00e9sz\u00fclj Any\u00e1k Napj\u00e1ra?\\n\\nElk\u00e9sz\u00edtem sz\u00e1modra a t\u00f6k\u00e9letes aj\u00e1nd\u00e9kot! E..., Meska","image_title":"Boldog Any\u00e1k napj\u00e1t 3D falik\u00e9p, Meska","view_count":"166","favourite_count":"0","trending_score":"0","last2MonthFavouriteCount":"0","promotion":"0","giftcard_accept":"0","creditcard_accept":true,"enhanced_background":"0","domain":"meska","specific_customer_id":null,"specific_customer_name":null,"to_order_product":"1","to_order_product_time":"5","product_different":null,"product_different_description":"","vintage":"0","vintage_category_id":"0","recycled":"0","gemstone_id":"0","customizable":"1","type_category":"physical","zerowaste":"0","postage_price":"1349.00","shop_order":"0","has_category":"1","landing_pages":"Any\u00e1k napi aj\u00e1nd\u00e9kok","microdata":{"number":6,"category":""},"title":"Boldog Any\u00e1k napj\u00e1t 3D falik\u00e9p","description":"Nincs \u00f6tleted milyen aj\u00e1nd\u00e9kkal k\u00e9sz\u00fclj Any\u00e1k Napj\u00e1ra?\n\nElk\u00e9sz\u00edtem sz\u00e1modra a t\u00f6k\u00e9letes aj\u00e1nd\u00e9kot! Ez az egyedi falik\u00e9p remek d\u00edsze lehet lak\u00e1snak \u00e9s \u00f6r\u00f6k eml\u00e9k az eg\u00e9sz csal\u00e1dnak!\n\nA k\u00e9pkeret falra akaszthat\u00f3 vagy polcra is helyezhet\u0151!\n\nM\u00e9rete: 25x25 cm  \n\nK\u00e9rlek, vedd figyelembe, hogy a megjelen\u00edtett sz\u00ednek kis m\u00e9rt\u00e9kben elt\u00e9rhetnek a k\u00fcl\u00f6nb\u00f6z\u0151 kijelz\u0151k\u00f6n. \n\nAmennyiben s\u00fcrg\u0151s megrendel\u00e9sre van sz\u00fcks\u00e9ged k\u00e9rlek v\u00e1laszd a \u201cS\u00fcrg\u0151s megrendel\u00e9s\u201d opci\u00f3t \u00e9s 1 munkanapon bel\u00fcl elk\u00e9sz\u00edtem a term\u00e9ket!\nHa foxpost automat\u00e1t v\u00e1lasztott\u00e1l, k\u00e9rlek \u00edrd meg melyikbe k\u00fcldhetem.\n\nA term\u00e9k k\u00e9sz\u00edt\u00e9s\u00e9t \u00e9s post\u00e1z\u00e1s\u00e1t csak a fizet\u00e9s be\u00e9rkez\u00e9se ut\u00e1n tudom elkezdeni! K\u00f6sz\u00f6n\u00f6m a meg\u00e9rt\u00e9sed!","score":0,"formatted_price":"7 990 Ft","image_url":"https:\/\/www.meska.hu\/img\/product\/small\/d\/e\/dekorpatika_product_355200_260409222845_186827.jpeg","formatted_url":"https:\/\/www.meska.hu\/p5770189-boldog-anyak-napjat-3d-falikep","favourite":false,"in_stock":false,"avatar":"355200_avatar_1726093454.jpeg","delete_from":0,"is_enhanced_background":false,"is_enhanced":false,"product_selection_started":false,"is_active":true,"image_webp_url":"https:\/\/www.meska.hu\/img\/product\/small\/d\/e\/dekorpatika_product_355200_260409222845_186827.webp"},{"id":"5724934","shop_id":"46170","user_id":"355200","shop_name":"DekorPatika","shop_zip":"6000","product_code":"5518422","product_name_old":null,"product_name":"Legjobb anya \u00e9s mama falik\u00e9p","category_string":"Otthon & \u00c9letm\u00f3d, Pap\u00edr, \u00edr\u00f3szer, Album & Fot\u00f3album","technic_string":"Fot\u00f3, grafika, rajz, illusztr\u00e1ci\u00f3","category_1":"813","category_2":"351","category_3":"353","category_4":"0","merged_category_1":null,"merged_category_2":null,"merged_category_3":null,"technic_1":"483","technic_2":"0","technic_3":"0","color_1":"519","color_2":"0","color_3":"0","product_description_old":null,"product_description":"Nincs \u00f6tleted milyen aj\u00e1nd\u00e9kkal k\u00e9sz\u00fclj Any\u00e1k Napj\u00e1ra?\n\nElk\u00e9sz\u00edtem sz\u00e1modra a t\u00f6k\u00e9letes aj\u00e1nd\u00e9kot! Ez az egyedi falik\u00e9p remek d\u00edsze lehet lak\u00e1snak \u00e9s \u00f6r\u00f6k eml\u00e9k az eg\u00e9sz csal\u00e1dnak!\n\nA k\u00e9pkeret A\/4 m\u00e9ret\u0171, amely falra akaszthat\u00f3 vagy polcra is helyezhet\u0151!\n\nM\u00e9rete: 21x30cm\n\nLehet\u0151s\u00e9ged van digit\u00e1lis form\u00e1tumban megrendelni a term\u00e9ket! Ebben az esetben, miut\u00e1n kifizetted a term\u00e9ket, elk\u00e9sz\u00edtem a grafik\u00e1t. A dekor\u00e1ci\u00f3t ezut\u00e1n PDF form\u00e1tumban emailben elk\u00fcld\u00f6m a r\u00e9szedre, amit otthon ki tudsz nyomtatni \u00e9s be tudsz keretezni.\n\n --- Mikor v\u00e1laszd a nyomtathat\u00f3 dekor\u00e1ci\u00f3t a keretbe helyezett k\u00e9p helyett? --- \n\n- ha olcs\u00f3bb megold\u00e1st keresel, hiszen nincs plusz postak\u00f6lts\u00e9ged  \n- ha gyorsabban szeretn\u00e9d megkapni, hiszen nincs post\u00e1z\u00e1s \n- ha utols\u00f3 pillanatban aj\u00e1nd\u00e9k dekor\u00e1ci\u00f3t szeretn\u00e9l \u00e9s nincs id\u0151d v\u00e1rni \n- ha az otthoni sz\u00ednes nyomtat\u00f3ddal vagy valamely k\u00f6zeli fot\u00f3 kioszkban kinyomtatn\u00e1d \n- ha megl\u00e9v\u0151 keretbe szeretn\u00e9d \n- ha esetleg t\u00f6bb p\u00e9ld\u00e1nyra is sz\u00fcks\u00e9ged lenne  \n\nK\u00e9rlek, vedd figyelembe, hogy a megjelen\u00edtett sz\u00ednek kis m\u00e9rt\u00e9kben elt\u00e9rhetnek a k\u00fcl\u00f6nb\u00f6z\u0151 kijelz\u0151k\u00f6n. \n\nAmennyiben s\u00fcrg\u0151s megrendel\u00e9sre van sz\u00fcks\u00e9ged k\u00e9rlek v\u00e1laszd a \u201cS\u00fcrg\u0151s megrendel\u00e9s\u201d opci\u00f3t \u00e9s 1 munkanapon bel\u00fcl elk\u00e9sz\u00edtem a term\u00e9ket!\nHa foxpost automat\u00e1t v\u00e1lasztott\u00e1l, k\u00e9rlek \u00edrd meg melyikbe k\u00fcldhetem.\n\nA term\u00e9k k\u00e9sz\u00edt\u00e9s\u00e9t \u00e9s post\u00e1z\u00e1s\u00e1t csak a fizet\u00e9s be\u00e9rkez\u00e9se ut\u00e1n tudom elkezdeni! K\u00f6sz\u00f6n\u00f6m a meg\u00e9rt\u00e9sed!","price":"3490.00","unit":"db","recommended":"0","status":"1","sponsored":"0","exp_notify":"0","own_material":"0","own_material_description_old":null,"own_material_description":"","jury":"0","jury_number":"","product_nature":"","meskaracsony":"0","create_date":"2026-04-27 23:29:11","shelve_id":"0","image":"dekorpatika_product_355200_250309142659_436491.jpeg","image_width":"480","image_height":"560","image_alt":"Legjobb anya \u00e9s mama falik\u00e9p, Nincs \u00f6tleted milyen aj\u00e1nd\u00e9kkal k\u00e9sz\u00fclj Any\u00e1k Napj\u00e1ra?\\n\\nElk\u00e9sz\u00edtem sz\u00e1modra a t\u00f6k\u00e9letes aj\u00e1nd\u00e9kot! E..., Meska","image_title":"Legjobb anya \u00e9s mama falik\u00e9p, Meska","view_count":"726","favourite_count":"4","trending_score":"0","last2MonthFavouriteCount":"4","promotion":"0","giftcard_accept":"0","creditcard_accept":true,"enhanced_background":"0","domain":"meska","specific_customer_id":null,"specific_customer_name":null,"to_order_product":"1","to_order_product_time":"4","product_different":null,"product_different_description":"","vintage":"0","vintage_category_id":"0","recycled":"0","gemstone_id":"0","customizable":"1","type_category":"digital","zerowaste":"0","postage_price":"1290.00","shop_order":"0","has_category":"1","landing_pages":"Any\u00e1k napi aj\u00e1nd\u00e9kok","microdata":{"number":7,"category":""},"title":"Legjobb anya \u00e9s mama falik\u00e9p","description":"Nincs \u00f6tleted milyen aj\u00e1nd\u00e9kkal k\u00e9sz\u00fclj Any\u00e1k Napj\u00e1ra?\n\nElk\u00e9sz\u00edtem sz\u00e1modra a t\u00f6k\u00e9letes aj\u00e1nd\u00e9kot! Ez az egyedi falik\u00e9p remek d\u00edsze lehet lak\u00e1snak \u00e9s \u00f6r\u00f6k eml\u00e9k az eg\u00e9sz csal\u00e1dnak!\n\nA k\u00e9pkeret A\/4 m\u00e9ret\u0171, amely falra akaszthat\u00f3 vagy polcra is helyezhet\u0151!\n\nM\u00e9rete: 21x30cm\n\nLehet\u0151s\u00e9ged van digit\u00e1lis form\u00e1tumban megrendelni a term\u00e9ket! Ebben az esetben, miut\u00e1n kifizetted a term\u00e9ket, elk\u00e9sz\u00edtem a grafik\u00e1t. A dekor\u00e1ci\u00f3t ezut\u00e1n PDF form\u00e1tumban emailben elk\u00fcld\u00f6m a r\u00e9szedre, amit otthon ki tudsz nyomtatni \u00e9s be tudsz keretezni.\n\n --- Mikor v\u00e1laszd a nyomtathat\u00f3 dekor\u00e1ci\u00f3t a keretbe helyezett k\u00e9p helyett? --- \n\n- ha olcs\u00f3bb megold\u00e1st keresel, hiszen nincs plusz postak\u00f6lts\u00e9ged  \n- ha gyorsabban szeretn\u00e9d megkapni, hiszen nincs post\u00e1z\u00e1s \n- ha utols\u00f3 pillanatban aj\u00e1nd\u00e9k dekor\u00e1ci\u00f3t szeretn\u00e9l \u00e9s nincs id\u0151d v\u00e1rni \n- ha az otthoni sz\u00ednes nyomtat\u00f3ddal vagy valamely k\u00f6zeli fot\u00f3 kioszkban kinyomtatn\u00e1d \n- ha megl\u00e9v\u0151 keretbe szeretn\u00e9d \n- ha esetleg t\u00f6bb p\u00e9ld\u00e1nyra is sz\u00fcks\u00e9ged lenne  \n\nK\u00e9rlek, vedd figyelembe, hogy a megjelen\u00edtett sz\u00ednek kis m\u00e9rt\u00e9kben elt\u00e9rhetnek a k\u00fcl\u00f6nb\u00f6z\u0151 kijelz\u0151k\u00f6n. \n\nAmennyiben s\u00fcrg\u0151s megrendel\u00e9sre van sz\u00fcks\u00e9ged k\u00e9rlek v\u00e1laszd a \u201cS\u00fcrg\u0151s megrendel\u00e9s\u201d opci\u00f3t \u00e9s 1 munkanapon bel\u00fcl elk\u00e9sz\u00edtem a term\u00e9ket!\nHa foxpost automat\u00e1t v\u00e1lasztott\u00e1l, k\u00e9rlek \u00edrd meg melyikbe k\u00fcldhetem.\n\nA term\u00e9k k\u00e9sz\u00edt\u00e9s\u00e9t \u00e9s post\u00e1z\u00e1s\u00e1t csak a fizet\u00e9s be\u00e9rkez\u00e9se ut\u00e1n tudom elkezdeni! K\u00f6sz\u00f6n\u00f6m a meg\u00e9rt\u00e9sed!","score":0,"formatted_price":"3 490 Ft","image_url":"https:\/\/www.meska.hu\/img\/product\/small\/d\/e\/dekorpatika_product_355200_250309142659_436491.jpeg","formatted_url":"https:\/\/www.meska.hu\/p5518422-legjobb-anya-es-mama-falikep","favourite":false,"in_stock":false,"avatar":"355200_avatar_1726093454.jpeg","delete_from":0,"is_enhanced_background":false,"is_enhanced":false,"product_selection_started":false,"is_active":true,"image_webp_url":"https:\/\/www.meska.hu\/img\/product\/small\/d\/e\/dekorpatika_product_355200_250309142659_436491.webp"},{"id":"5642684","shop_id":"46170","user_id":"355200","shop_name":"DekorPatika","shop_zip":"6000","product_code":"5463831","product_name_old":null,"product_name":"Boldog Valentin-napot  falik\u00e9p","category_string":"Otthon & \u00c9letm\u00f3d, Pap\u00edr, \u00edr\u00f3szer, Album & Fot\u00f3album","technic_string":"Fot\u00f3, grafika, rajz, illusztr\u00e1ci\u00f3","category_1":"813","category_2":"351","category_3":"353","category_4":"0","merged_category_1":null,"merged_category_2":null,"merged_category_3":null,"technic_1":"483","technic_2":"0","technic_3":"0","color_1":"519","color_2":"0","color_3":"0","product_description_old":null,"product_description":"Nincs \u00f6tleted milyen aj\u00e1nd\u00e9kkal lepd meg szerelmed Valentin-napon?\n\nElk\u00e9sz\u00edtem sz\u00e1modra a t\u00f6k\u00e9letes aj\u00e1nd\u00e9kot! Ez az egyedi falik\u00e9p remek d\u00edsze lehet lak\u00e1snak \u00e9s \u00f6r\u00f6k eml\u00e9k mindkett\u0151t\u00f6knek!\n\nA k\u00e9pkeret A\/4 m\u00e9ret\u0171, amely falra akaszthat\u00f3 vagy polcra is helyezhet\u0151!\n\nM\u00e9rete: 21x30cm\n\nLehet\u0151s\u00e9ged van digit\u00e1lis form\u00e1tumban megrendelni a term\u00e9ket! Ebben az esetben, miut\u00e1n kifizetted a term\u00e9ket, elk\u00e9sz\u00edtem a grafik\u00e1t. A dekor\u00e1ci\u00f3t ezut\u00e1n PDF form\u00e1tumban emailben elk\u00fcld\u00f6m a r\u00e9szedre, amit otthon ki tudsz nyomtatni \u00e9s be tudsz keretezni.\n\n --- Mikor v\u00e1laszd a nyomtathat\u00f3 dekor\u00e1ci\u00f3t a keretbe helyezett k\u00e9p helyett? --- \n\n- ha olcs\u00f3bb megold\u00e1st keresel, hiszen nincs plusz postak\u00f6lts\u00e9ged  \n- ha gyorsabban szeretn\u00e9d megkapni, hiszen nincs post\u00e1z\u00e1s \n- ha utols\u00f3 pillanatban aj\u00e1nd\u00e9k dekor\u00e1ci\u00f3t szeretn\u00e9l \u00e9s nincs id\u0151d v\u00e1rni \n- ha az otthoni sz\u00ednes nyomtat\u00f3ddal vagy valamely k\u00f6zeli fot\u00f3 kioszkban kinyomtatn\u00e1d \n- ha megl\u00e9v\u0151 keretbe szeretn\u00e9d \n- ha esetleg t\u00f6bb p\u00e9ld\u00e1nyra is sz\u00fcks\u00e9ged lenne  \n\nK\u00e9rlek, vedd figyelembe, hogy a megjelen\u00edtett sz\u00ednek kis m\u00e9rt\u00e9kben elt\u00e9rhetnek a k\u00fcl\u00f6nb\u00f6z\u0151 kijelz\u0151k\u00f6n. \n\nAmennyiben s\u00fcrg\u0151s megrendel\u00e9sre van sz\u00fcks\u00e9ged k\u00e9rlek v\u00e1laszd a \u201cS\u00fcrg\u0151s megrendel\u00e9s\u201d opci\u00f3t \u00e9s 1 munkanapon bel\u00fcl elk\u00e9sz\u00edtem a term\u00e9ket!\nHa foxpost automat\u00e1t v\u00e1lasztott\u00e1l, k\u00e9rlek \u00edrd meg melyikbe k\u00fcldhetem.\n\nA term\u00e9k k\u00e9sz\u00edt\u00e9s\u00e9t \u00e9s post\u00e1z\u00e1s\u00e1t csak a fizet\u00e9s be\u00e9rkez\u00e9se ut\u00e1n tudom elkezdeni! K\u00f6sz\u00f6n\u00f6m a meg\u00e9rt\u00e9sed!","price":"3490.00","unit":"db","recommended":"0","status":"1","sponsored":"0","exp_notify":"0","own_material":"0","own_material_description_old":null,"own_material_description":"","jury":"0","jury_number":"","product_nature":"","meskaracsony":"0","create_date":"2026-04-26 22:33:27","shelve_id":"0","image":"dekorpatika_product_355200_250101220458_784297.jpeg","image_width":"480","image_height":"339","image_alt":"Boldog Valentin-napot  falik\u00e9p, Nincs \u00f6tleted milyen aj\u00e1nd\u00e9kkal lepd meg szerelmed Valentin-napon?\\n\\nElk\u00e9sz\u00edtem sz\u00e1modra a t\u00f6k\u00e9letes ..., Meska","image_title":"Boldog Valentin-napot  falik\u00e9p, Meska","view_count":"382","favourite_count":"0","trending_score":"0","last2MonthFavouriteCount":"0","promotion":"0","giftcard_accept":"0","creditcard_accept":true,"enhanced_background":"0","domain":"meska","specific_customer_id":null,"specific_customer_name":null,"to_order_product":"1","to_order_product_time":"4","product_different":null,"product_different_description":"","vintage":"0","vintage_category_id":"0","recycled":"0","gemstone_id":"0","customizable":"1","type_category":"digital","zerowaste":"0","postage_price":"1290.00","shop_order":"0","has_category":"1","landing_pages":null,"microdata":{"number":8,"category":""},"title":"Boldog Valentin-napot  falik\u00e9p","description":"Nincs \u00f6tleted milyen aj\u00e1nd\u00e9kkal lepd meg szerelmed Valentin-napon?\n\nElk\u00e9sz\u00edtem sz\u00e1modra a t\u00f6k\u00e9letes aj\u00e1nd\u00e9kot! Ez az egyedi falik\u00e9p remek d\u00edsze lehet lak\u00e1snak \u00e9s \u00f6r\u00f6k eml\u00e9k mindkett\u0151t\u00f6knek!\n\nA k\u00e9pkeret A\/4 m\u00e9ret\u0171, amely falra akaszthat\u00f3 vagy polcra is helyezhet\u0151!\n\nM\u00e9rete: 21x30cm\n\nLehet\u0151s\u00e9ged van digit\u00e1lis form\u00e1tumban megrendelni a term\u00e9ket! Ebben az esetben, miut\u00e1n kifizetted a term\u00e9ket, elk\u00e9sz\u00edtem a grafik\u00e1t. A dekor\u00e1ci\u00f3t ezut\u00e1n PDF form\u00e1tumban emailben elk\u00fcld\u00f6m a r\u00e9szedre, amit otthon ki tudsz nyomtatni \u00e9s be tudsz keretezni.\n\n --- Mikor v\u00e1laszd a nyomtathat\u00f3 dekor\u00e1ci\u00f3t a keretbe helyezett k\u00e9p helyett? --- \n\n- ha olcs\u00f3bb megold\u00e1st keresel, hiszen nincs plusz postak\u00f6lts\u00e9ged  \n- ha gyorsabban szeretn\u00e9d megkapni, hiszen nincs post\u00e1z\u00e1s \n- ha utols\u00f3 pillanatban aj\u00e1nd\u00e9k dekor\u00e1ci\u00f3t szeretn\u00e9l \u00e9s nincs id\u0151d v\u00e1rni \n- ha az otthoni sz\u00ednes nyomtat\u00f3ddal vagy valamely k\u00f6zeli fot\u00f3 kioszkban kinyomtatn\u00e1d \n- ha megl\u00e9v\u0151 keretbe szeretn\u00e9d \n- ha esetleg t\u00f6bb p\u00e9ld\u00e1nyra is sz\u00fcks\u00e9ged lenne  \n\nK\u00e9rlek, vedd figyelembe, hogy a megjelen\u00edtett sz\u00ednek kis m\u00e9rt\u00e9kben elt\u00e9rhetnek a k\u00fcl\u00f6nb\u00f6z\u0151 kijelz\u0151k\u00f6n. \n\nAmennyiben s\u00fcrg\u0151s megrendel\u00e9sre van sz\u00fcks\u00e9ged k\u00e9rlek v\u00e1laszd a \u201cS\u00fcrg\u0151s megrendel\u00e9s\u201d opci\u00f3t \u00e9s 1 munkanapon bel\u00fcl elk\u00e9sz\u00edtem a term\u00e9ket!\nHa foxpost automat\u00e1t v\u00e1lasztott\u00e1l, k\u00e9rlek \u00edrd meg melyikbe k\u00fcldhetem.\n\nA term\u00e9k k\u00e9sz\u00edt\u00e9s\u00e9t \u00e9s post\u00e1z\u00e1s\u00e1t csak a fizet\u00e9s be\u00e9rkez\u00e9se ut\u00e1n tudom elkezdeni! K\u00f6sz\u00f6n\u00f6m a meg\u00e9rt\u00e9sed!","score":0,"formatted_price":"3 490 Ft","image_url":"https:\/\/www.meska.hu\/img\/product\/small\/d\/e\/dekorpatika_product_355200_250101220458_784297.jpeg","formatted_url":"https:\/\/www.meska.hu\/p5463831-boldog-valentin-napot-falikep","favourite":false,"in_stock":false,"avatar":"355200_avatar_1726093454.jpeg","delete_from":0,"is_enhanced_background":false,"is_enhanced":false,"product_selection_started":false,"is_active":true,"image_webp_url":"https:\/\/www.meska.hu\/img\/product\/small\/d\/e\/dekorpatika_product_355200_250101220458_784297.webp"},{"id":"3084023","shop_id":"34376","user_id":"449121","shop_name":"KreativKriszta","shop_zip":"6640","product_code":"4631569","product_name_old":null,"product_name":"Esk\u00fcv\u0151i fot\u00f3k\u00f6nyv","category_string":"Otthon & \u00c9letm\u00f3d, Pap\u00edr, \u00edr\u00f3szer, Album & Fot\u00f3album","technic_string":"Fot\u00f3, grafika, rajz, illusztr\u00e1ci\u00f3","category_1":"813","category_2":"351","category_3":"353","category_4":"0","merged_category_1":null,"merged_category_2":null,"merged_category_3":null,"technic_1":"483","technic_2":"0","technic_3":"0","color_1":"514","color_2":"515","color_3":"519","product_description_old":null,"product_description":"Az esk\u00fcv\u0151 az \u00e9let egyik nagy \u00e9s fontos esem\u00e9nye. Csod\u00e1s fot\u00f3k k\u00e9sz\u00fcltek a nagy napr\u00f3l? Az elkapott pillanatokat \u0151rizze meg egy gy\u00f6ny\u00f6r\u0171 fot\u00f3k\u00f6nyvben, hogy k\u00e9s\u0151bb is \u00e1t\u00e9lhesse a sz\u00e9p eml\u00e9keket.\n\nM\u00e9rete: 30x30 cm, j\u00f3 min\u0151s\u00e9g\u0171 pap\u00edrra nyomtatva.\nA bel\u00edvek 160 gr-os, a bor\u00edt\u00f3 200 gr-os matt m\u0171nyom\u00f3ra.\nTerjedelme: 12 oldal + bor\u00edt\u00f3.\nK\u00f6t\u00e9szet\u00e9t tekintve lehet spir\u00e1lozott, vagy szalaggal \u00f6sszef\u0171z\u00f6tt. \nK\u00fcldd el az e-mail c\u00edmemre a j\u00f3 min\u0151s\u00e9g\u0171 fot\u00f3idat, kb. 25 darabot \u00e9s \u00f6ssze\u00e1ll\u00edtom ezt a gy\u00f6ny\u00f6r\u0171 fot\u00f3k\u00f6nyvet.\n\nAz \u00e1r az adott grafik\u00e1ra \u00e9rv\u00e9nyes!\nSaj\u00e1t elk\u00e9pzel\u00e9sed \u00f6r\u00f6mmel megval\u00f3s\u00edtom!\nHa k\u00e9rd\u00e9sed van sz\u00edvesen v\u00e1laszolok!\n","price":"9000.00","unit":"db","recommended":"0","status":"1","sponsored":"0","exp_notify":"0","own_material":"0","own_material_description_old":null,"own_material_description":"","jury":"0","jury_number":"","product_nature":"","meskaracsony":"0","create_date":"2026-04-26 14:31:33","shelve_id":"66750","image":"kreativkriszta_product_449121_210919071632_454951.jpeg","image_width":"480","image_height":"274","image_alt":"Esk\u00fcv\u0151i fot\u00f3k\u00f6nyv, Az esk\u00fcv\u0151 az \u00e9let egyik nagy \u00e9s fontos esem\u00e9nye. Csod\u00e1s fot\u00f3k k\u00e9sz\u00fcltek a nagy napr\u00f3l? Az elkapott p..., Meska","image_title":"Esk\u00fcv\u0151i fot\u00f3k\u00f6nyv, Meska","view_count":"2801","favourite_count":"0","trending_score":"0","last2MonthFavouriteCount":"0","promotion":"0","giftcard_accept":"0","creditcard_accept":true,"enhanced_background":"0","domain":"meska","specific_customer_id":null,"specific_customer_name":null,"to_order_product":"1","to_order_product_time":"15","product_different":"not_different","product_different_description":"","vintage":"0","vintage_category_id":"0","recycled":"0","gemstone_id":"0","customizable":"0","type_category":"physical","zerowaste":"0","postage_price":"2390.00","shop_order":"0","has_category":"1","landing_pages":null,"microdata":{"number":9,"category":""},"title":"Esk\u00fcv\u0151i fot\u00f3k\u00f6nyv","description":"Az esk\u00fcv\u0151 az \u00e9let egyik nagy \u00e9s fontos esem\u00e9nye. Csod\u00e1s fot\u00f3k k\u00e9sz\u00fcltek a nagy napr\u00f3l? Az elkapott pillanatokat \u0151rizze meg egy gy\u00f6ny\u00f6r\u0171 fot\u00f3k\u00f6nyvben, hogy k\u00e9s\u0151bb is \u00e1t\u00e9lhesse a sz\u00e9p eml\u00e9keket.\n\nM\u00e9rete: 30x30 cm, j\u00f3 min\u0151s\u00e9g\u0171 pap\u00edrra nyomtatva.\nA bel\u00edvek 160 gr-os, a bor\u00edt\u00f3 200 gr-os matt m\u0171nyom\u00f3ra.\nTerjedelme: 12 oldal + bor\u00edt\u00f3.\nK\u00f6t\u00e9szet\u00e9t tekintve lehet spir\u00e1lozott, vagy szalaggal \u00f6sszef\u0171z\u00f6tt. \nK\u00fcldd el az e-mail c\u00edmemre a j\u00f3 min\u0151s\u00e9g\u0171 fot\u00f3idat, kb. 25 darabot \u00e9s \u00f6ssze\u00e1ll\u00edtom ezt a gy\u00f6ny\u00f6r\u0171 fot\u00f3k\u00f6nyvet.\n\nAz \u00e1r az adott grafik\u00e1ra \u00e9rv\u00e9nyes!\nSaj\u00e1t elk\u00e9pzel\u00e9sed \u00f6r\u00f6mmel megval\u00f3s\u00edtom!\nHa k\u00e9rd\u00e9sed van sz\u00edvesen v\u00e1laszolok!\n","score":0,"formatted_price":"9 000 Ft","image_url":"https:\/\/www.meska.hu\/img\/product\/small\/k\/r\/kreativkriszta_product_449121_210919071632_454951.jpeg","formatted_url":"https:\/\/www.meska.hu\/p4631569-eskuvoi-fotokonyv","favourite":false,"in_stock":false,"avatar":"KreativKriszta_avatar_449121_1630746420.jpg","delete_from":0,"is_enhanced_background":false,"is_enhanced":false,"product_selection_started":false,"is_active":true,"image_webp_url":"https:\/\/www.meska.hu\/img\/product\/small\/k\/r\/kreativkriszta_product_449121_210919071632_454951.webp"},{"id":"3249376","shop_id":"34376","user_id":"449121","shop_name":"KreativKriszta","shop_zip":"6640","product_code":"4631088","product_name_old":null,"product_name":"Baba fot\u00f3k\u00f6nyv - Scrapbook st\u00edlusban","category_string":"Otthon & \u00c9letm\u00f3d, Pap\u00edr, \u00edr\u00f3szer, Album & Fot\u00f3album","technic_string":"Fot\u00f3, grafika, rajz, illusztr\u00e1ci\u00f3","category_1":"813","category_2":"351","category_3":"353","category_4":"0","merged_category_1":null,"merged_category_2":null,"merged_category_3":null,"technic_1":"483","technic_2":"0","technic_3":"0","color_1":"519","color_2":"532","color_3":"533","product_description_old":null,"product_description":"Digit\u00e1lis fot\u00f3id k\u00f6nyv alakban, hogy kedvenc felv\u00e9teleid m\u00e9lt\u00f3 hely\u00fckre ker\u00fcljenek!\nAz \u00edgy elrendezett k\u00e9pekb\u0151l nagyszer\u0171 aj\u00e1nd\u00e9k is lehet a sz\u00fcl\u0151knek, nagysz\u00fcl\u0151knek, bar\u00e1taidnak, magatoknak.\n\n15x15 cm, 12 oldal + 4 oldal bor\u00edt\u00f3, teh\u00e1t \u00f6sszesen 16 oldal.\nJ\u00f3 min\u0151s\u00e9g\u0171 matt m\u0171nyom\u00f3 pap\u00edrra nyomtatva (bel\u00edvek 160 g-os, bor\u00edt\u00f3 200 g-os ).\nK\u00f6t\u00e9szet\u00e9t tekintve lehet spir\u00e1lozott, irkaf\u0171z\u00f6tt (t\u0171z\u00f6tt) vagy szalaggal \u00f6sszef\u0171z\u00f6tt.\n\nK\u00fcldd el az e-mail c\u00edmemre a j\u00f3 min\u0151s\u00e9g\u0171 fot\u00f3idat,\n21 db fot\u00f3t (kisebb fot\u00f3k eset\u00e9n max 30 db fot\u00f3t)\n\u00e9s \u00f6ssze\u00e1ll\u00edtom ezt a vid\u00e1m, egyedi scrapbook st\u00edlus\u00fa fot\u00f3k\u00f6nyvet.\nTov\u00e1bb\u00e1 1-2 sz\u00f3val, vagy r\u00f6vid mondattal kommentelheted a k\u00e9peidet.\n\nAz \u00e1r az adott grafik\u00e1ra \u00e9rv\u00e9nyes!\nSaj\u00e1t elk\u00e9pzel\u00e9sed is sz\u00edvesen megval\u00f3s\u00edtom.\nHa k\u00e9rd\u00e9sed van sz\u00edvesen v\u00e1laszolok!\n\n","price":"6400.00","unit":"db","recommended":"0","status":"1","sponsored":"0","exp_notify":"0","own_material":"0","own_material_description_old":null,"own_material_description":"","jury":"0","jury_number":"","product_nature":"","meskaracsony":"0","create_date":"2026-04-26 01:27:08","shelve_id":"66750","image":"kreativkriszta_product_449121_220410114658_866231.jpeg","image_width":"480","image_height":"600","image_alt":"Baba fot\u00f3k\u00f6nyv - Scrapbook st\u00edlusban, Digit\u00e1lis fot\u00f3id k\u00f6nyv alakban, hogy kedvenc felv\u00e9teleid m\u00e9lt\u00f3 hely\u00fckre ker\u00fcljenek!\\nAz \u00edgy elrendeze..., Meska","image_title":"Baba fot\u00f3k\u00f6nyv - Scrapbook st\u00edlusban, Meska","view_count":"1418","favourite_count":"0","trending_score":"0","last2MonthFavouriteCount":"0","promotion":"0","giftcard_accept":"0","creditcard_accept":true,"enhanced_background":"0","domain":"meska","specific_customer_id":null,"specific_customer_name":null,"to_order_product":"1","to_order_product_time":"10","product_different":"not_different","product_different_description":"","vintage":"0","vintage_category_id":"0","recycled":"0","gemstone_id":"0","customizable":"0","type_category":"physical","zerowaste":"0","postage_price":"2390.00","shop_order":"0","has_category":"1","landing_pages":null,"microdata":{"number":10,"category":""},"title":"Baba fot\u00f3k\u00f6nyv - Scrapbook st\u00edlusban","description":"Digit\u00e1lis fot\u00f3id k\u00f6nyv alakban, hogy kedvenc felv\u00e9teleid m\u00e9lt\u00f3 hely\u00fckre ker\u00fcljenek!\nAz \u00edgy elrendezett k\u00e9pekb\u0151l nagyszer\u0171 aj\u00e1nd\u00e9k is lehet a sz\u00fcl\u0151knek, nagysz\u00fcl\u0151knek, bar\u00e1taidnak, magatoknak.\n\n15x15 cm, 12 oldal + 4 oldal bor\u00edt\u00f3, teh\u00e1t \u00f6sszesen 16 oldal.\nJ\u00f3 min\u0151s\u00e9g\u0171 matt m\u0171nyom\u00f3 pap\u00edrra nyomtatva (bel\u00edvek 160 g-os, bor\u00edt\u00f3 200 g-os ).\nK\u00f6t\u00e9szet\u00e9t tekintve lehet spir\u00e1lozott, irkaf\u0171z\u00f6tt (t\u0171z\u00f6tt) vagy szalaggal \u00f6sszef\u0171z\u00f6tt.\n\nK\u00fcldd el az e-mail c\u00edmemre a j\u00f3 min\u0151s\u00e9g\u0171 fot\u00f3idat,\n21 db fot\u00f3t (kisebb fot\u00f3k eset\u00e9n max 30 db fot\u00f3t)\n\u00e9s \u00f6ssze\u00e1ll\u00edtom ezt a vid\u00e1m, egyedi scrapbook st\u00edlus\u00fa fot\u00f3k\u00f6nyvet.\nTov\u00e1bb\u00e1 1-2 sz\u00f3val, vagy r\u00f6vid mondattal kommentelheted a k\u00e9peidet.\n\nAz \u00e1r az adott grafik\u00e1ra \u00e9rv\u00e9nyes!\nSaj\u00e1t elk\u00e9pzel\u00e9sed is sz\u00edvesen megval\u00f3s\u00edtom.\nHa k\u00e9rd\u00e9sed van sz\u00edvesen v\u00e1laszolok!\n\n","score":0,"formatted_price":"6 400 Ft","image_url":"https:\/\/www.meska.hu\/img\/product\/small\/k\/r\/kreativkriszta_product_449121_220410114658_866231.jpeg","formatted_url":"https:\/\/www.meska.hu\/p4631088-baba-fotokonyv-scrapbook-stilusban","favourite":false,"in_stock":false,"avatar":"KreativKriszta_avatar_449121_1630746420.jpg","delete_from":0,"is_enhanced_background":false,"is_enhanced":false,"product_selection_started":false,"is_active":true,"image_webp_url":"https:\/\/www.meska.hu\/img\/product\/small\/k\/r\/kreativkriszta_product_449121_220410114658_866231.webp"},{"id":"3081098","shop_id":"34376","user_id":"449121","shop_name":"KreativKriszta","shop_zip":"6640","product_code":"4625684","product_name_old":null,"product_name":"Fot\u00f3k\u00f6nyv - Nyaral\u00e1s, utaz\u00e1s","category_string":"Otthon & \u00c9letm\u00f3d, Pap\u00edr, \u00edr\u00f3szer, Album & Fot\u00f3album","technic_string":"Fot\u00f3, grafika, rajz, illusztr\u00e1ci\u00f3","category_1":"813","category_2":"351","category_3":"353","category_4":"0","merged_category_1":null,"merged_category_2":null,"merged_category_3":null,"technic_1":"483","technic_2":"0","technic_3":"0","color_1":"521","color_2":"528","color_3":"529","product_description_old":null,"product_description":"Digit\u00e1lis fot\u00f3id k\u00f6nyv alakban, hogy kedvenc felv\u00e9teleid m\u00e9lt\u00f3 hely\u00fckre ker\u00fcljenek!\nF\u0171zd \u00f6ssze a nyaral\u00e1sod eml\u00e9keit egy nagyszer\u0171 fot\u00f3k\u00f6nyvbe.\n\n28x21 cm, fekv\u0151, 12 oldal + 4 oldal bor\u00edt\u00f3, teh\u00e1t \u00f6sszesen 16 oldal.\nJ\u00f3 min\u0151s\u00e9g\u0171, matt m\u0171nyom\u00f3 pap\u00edrra nyomtatva (bel\u00edvek 160 g-os, bor\u00edt\u00f3 200 g-os ).\nK\u00f6t\u00e9szet\u00e9t tekintve lehet spir\u00e1lozott, vagy szalaggal \u00f6sszef\u0171z\u00f6tt.\n\nK\u00fcldd el az e-mail c\u00edmemre a j\u00f3 min\u0151s\u00e9g\u0171 fot\u00f3idat, kb. 45 db fot\u00f3t \u00e9s \u00f6ssze\u00e1ll\u00edtom ezt a sz\u00e9p, letisztult fot\u00f3k\u00f6nyvet.\n\nAz \u00e1r az adott grafik\u00e1ra \u00e9rv\u00e9nyes!\nSaj\u00e1t elk\u00e9pzel\u00e9sed \u00f6r\u00f6mmel megval\u00f3s\u00edtom!\nHa k\u00e9rd\u00e9sed van sz\u00edvesen v\u00e1laszolok!","price":"8000.00","unit":"db","recommended":"0","status":"1","sponsored":"0","exp_notify":"0","own_material":"0","own_material_description_old":null,"own_material_description":"","jury":"0","jury_number":"","product_nature":"","meskaracsony":"0","create_date":"2026-04-25 07:22:04","shelve_id":"66750","image":"kreativkriszta_product_449121_210916055105_24149.jpeg","image_width":"480","image_height":"335","image_alt":"Fot\u00f3k\u00f6nyv - Nyaral\u00e1s, utaz\u00e1s, Digit\u00e1lis fot\u00f3id k\u00f6nyv alakban, hogy kedvenc felv\u00e9teleid m\u00e9lt\u00f3 hely\u00fckre ker\u00fcljenek!\\nF\u0171zd \u00f6ssze a nya..., Meska","image_title":"Fot\u00f3k\u00f6nyv - Nyaral\u00e1s, utaz\u00e1s, Meska","view_count":"2456","favourite_count":"0","trending_score":"0","last2MonthFavouriteCount":"0","promotion":"0","giftcard_accept":"0","creditcard_accept":true,"enhanced_background":"0","domain":"meska","specific_customer_id":null,"specific_customer_name":null,"to_order_product":"1","to_order_product_time":"15","product_different":"not_different","product_different_description":"","vintage":"0","vintage_category_id":"0","recycled":"0","gemstone_id":"0","customizable":"0","type_category":"physical","zerowaste":"0","postage_price":"2390.00","shop_order":"0","has_category":"1","landing_pages":null,"microdata":{"number":11,"category":""},"title":"Fot\u00f3k\u00f6nyv - Nyaral\u00e1s, utaz\u00e1s","description":"Digit\u00e1lis fot\u00f3id k\u00f6nyv alakban, hogy kedvenc felv\u00e9teleid m\u00e9lt\u00f3 hely\u00fckre ker\u00fcljenek!\nF\u0171zd \u00f6ssze a nyaral\u00e1sod eml\u00e9keit egy nagyszer\u0171 fot\u00f3k\u00f6nyvbe.\n\n28x21 cm, fekv\u0151, 12 oldal + 4 oldal bor\u00edt\u00f3, teh\u00e1t \u00f6sszesen 16 oldal.\nJ\u00f3 min\u0151s\u00e9g\u0171, matt m\u0171nyom\u00f3 pap\u00edrra nyomtatva (bel\u00edvek 160 g-os, bor\u00edt\u00f3 200 g-os ).\nK\u00f6t\u00e9szet\u00e9t tekintve lehet spir\u00e1lozott, vagy szalaggal \u00f6sszef\u0171z\u00f6tt.\n\nK\u00fcldd el az e-mail c\u00edmemre a j\u00f3 min\u0151s\u00e9g\u0171 fot\u00f3idat, kb. 45 db fot\u00f3t \u00e9s \u00f6ssze\u00e1ll\u00edtom ezt a sz\u00e9p, letisztult fot\u00f3k\u00f6nyvet.\n\nAz \u00e1r az adott grafik\u00e1ra \u00e9rv\u00e9nyes!\nSaj\u00e1t elk\u00e9pzel\u00e9sed \u00f6r\u00f6mmel megval\u00f3s\u00edtom!\nHa k\u00e9rd\u00e9sed van sz\u00edvesen v\u00e1laszolok!","score":0,"formatted_price":"8 000 Ft","image_url":"https:\/\/www.meska.hu\/img\/product\/small\/k\/r\/kreativkriszta_product_449121_210916055105_24149.jpeg","formatted_url":"https:\/\/www.meska.hu\/p4625684-fotokonyv-nyaralas-utazas","favourite":false,"in_stock":false,"avatar":"KreativKriszta_avatar_449121_1630746420.jpg","delete_from":0,"is_enhanced_background":false,"is_enhanced":false,"product_selection_started":false,"is_active":true,"image_webp_url":"https:\/\/www.meska.hu\/img\/product\/small\/k\/r\/kreativkriszta_product_449121_210916055105_24149.webp"},{"id":"3079611","shop_id":"34376","user_id":"449121","shop_name":"KreativKriszta","shop_zip":"6640","product_code":"4625687","product_name_old":null,"product_name":"Baba fot\u00f3k\u00f6nyv ","category_string":"Otthon & \u00c9letm\u00f3d, Pap\u00edr, \u00edr\u00f3szer, Album & Fot\u00f3album","technic_string":"Fot\u00f3, grafika, rajz, illusztr\u00e1ci\u00f3","category_1":"813","category_2":"351","category_3":"353","category_4":"0","merged_category_1":null,"merged_category_2":null,"merged_category_3":null,"technic_1":"483","technic_2":"0","technic_3":"0","color_1":"519","color_2":"532","color_3":"791","product_description_old":null,"product_description":"Digit\u00e1lis fot\u00f3id k\u00f6nyv alakban, hogy kedvenc felv\u00e9teleid m\u00e9lt\u00f3 hely\u00fckre ker\u00fcljenek!\nAz \u00edgy elrendezett k\u00e9pekb\u0151l nagyszer\u0171 aj\u00e1nd\u00e9k is lehet a sz\u00fcl\u0151knek, nagysz\u00fcl\u0151knek, bar\u00e1taidnak, magatoknak.\n\n15x15 cm, 12 oldal + 4 oldal bor\u00edt\u00f3, teh\u00e1t \u00f6sszesen 16 oldal.\nJ\u00f3 min\u0151s\u00e9g\u0171 matt m\u0171nyom\u00f3 pap\u00edrra nyomtatva (bel\u00edvek 160 g-os, bor\u00edt\u00f3 200 g-os).\nK\u00f6t\u00e9szet\u00e9t tekintve lehet spir\u00e1lozott, irkaf\u0171z\u00f6tt (t\u0171z\u00f6tt) vagy szalaggal \u00f6sszef\u0171z\u00f6tt.\n\nK\u00fcldd el az e-mail c\u00edmemre a j\u00f3 min\u0151s\u00e9g\u0171 fot\u00f3idat, kb. 30 db fot\u00f3t \u00e9s \u00f6ssze\u00e1ll\u00edtom ezt a letisztult, csajos fot\u00f3k\u00f6nyvet. Tov\u00e1bb\u00e1 1-2 sz\u00f3val, vagy r\u00f6vid mondattal kommentelheted a k\u00e9peidet.\n\nAz \u00e1r az adott grafik\u00e1ra \u00e9rv\u00e9nyes!\nSaj\u00e1t elk\u00e9pzel\u00e9sed \u00f6r\u00f6mmel megval\u00f3s\u00edtom!\nHa k\u00e9rd\u00e9sed van sz\u00edvesen v\u00e1laszolok!\n","price":"6400.00","unit":"db","recommended":"0","status":"1","sponsored":"0","exp_notify":"0","own_material":"0","own_material_description_old":null,"own_material_description":"","jury":"0","jury_number":"","product_nature":"","meskaracsony":"0","create_date":"2026-04-25 07:21:54","shelve_id":"66750","image":"kreativkriszta_product_449121_210914195501_11125.jpeg","image_width":"480","image_height":"319","image_alt":"Baba fot\u00f3k\u00f6nyv , Digit\u00e1lis fot\u00f3id k\u00f6nyv alakban, hogy kedvenc felv\u00e9teleid m\u00e9lt\u00f3 hely\u00fckre ker\u00fcljenek!\\nAz \u00edgy elrendeze..., Meska","image_title":"Baba fot\u00f3k\u00f6nyv , Meska","view_count":"2280","favourite_count":"0","trending_score":"0","last2MonthFavouriteCount":"0","promotion":"0","giftcard_accept":"0","creditcard_accept":true,"enhanced_background":"0","domain":"meska","specific_customer_id":null,"specific_customer_name":null,"to_order_product":"1","to_order_product_time":"10","product_different":"not_different","product_different_description":"","vintage":"0","vintage_category_id":"0","recycled":"0","gemstone_id":"0","customizable":"0","type_category":"physical","zerowaste":"0","postage_price":"2390.00","shop_order":"0","has_category":"1","landing_pages":null,"microdata":{"number":12,"category":""},"title":"Baba fot\u00f3k\u00f6nyv ","description":"Digit\u00e1lis fot\u00f3id k\u00f6nyv alakban, hogy kedvenc felv\u00e9teleid m\u00e9lt\u00f3 hely\u00fckre ker\u00fcljenek!\nAz \u00edgy elrendezett k\u00e9pekb\u0151l nagyszer\u0171 aj\u00e1nd\u00e9k is lehet a sz\u00fcl\u0151knek, nagysz\u00fcl\u0151knek, bar\u00e1taidnak, magatoknak.\n\n15x15 cm, 12 oldal + 4 oldal bor\u00edt\u00f3, teh\u00e1t \u00f6sszesen 16 oldal.\nJ\u00f3 min\u0151s\u00e9g\u0171 matt m\u0171nyom\u00f3 pap\u00edrra nyomtatva (bel\u00edvek 160 g-os, bor\u00edt\u00f3 200 g-os).\nK\u00f6t\u00e9szet\u00e9t tekintve lehet spir\u00e1lozott, irkaf\u0171z\u00f6tt (t\u0171z\u00f6tt) vagy szalaggal \u00f6sszef\u0171z\u00f6tt.\n\nK\u00fcldd el az e-mail c\u00edmemre a j\u00f3 min\u0151s\u00e9g\u0171 fot\u00f3idat, kb. 30 db fot\u00f3t \u00e9s \u00f6ssze\u00e1ll\u00edtom ezt a letisztult, csajos fot\u00f3k\u00f6nyvet. Tov\u00e1bb\u00e1 1-2 sz\u00f3val, vagy r\u00f6vid mondattal kommentelheted a k\u00e9peidet.\n\nAz \u00e1r az adott grafik\u00e1ra \u00e9rv\u00e9nyes!\nSaj\u00e1t elk\u00e9pzel\u00e9sed \u00f6r\u00f6mmel megval\u00f3s\u00edtom!\nHa k\u00e9rd\u00e9sed van sz\u00edvesen v\u00e1laszolok!\n","score":0,"formatted_price":"6 400 Ft","image_url":"https:\/\/www.meska.hu\/img\/product\/small\/k\/r\/kreativkriszta_product_449121_210914195501_11125.jpeg","formatted_url":"https:\/\/www.meska.hu\/p4625687-baba-fotokonyv","favourite":false,"in_stock":false,"avatar":"KreativKriszta_avatar_449121_1630746420.jpg","delete_from":0,"is_enhanced_background":false,"is_enhanced":false,"product_selection_started":false,"is_active":true,"image_webp_url":"https:\/\/www.meska.hu\/img\/product\/small\/k\/r\/kreativkriszta_product_449121_210914195501_11125.webp"},{"id":"3079618","shop_id":"34376","user_id":"449121","shop_name":"KreativKriszta","shop_zip":"6640","product_code":"4625689","product_name_old":null,"product_name":"Baba fot\u00f3k\u00f6nyv","category_string":"Otthon & \u00c9letm\u00f3d, Pap\u00edr, \u00edr\u00f3szer, Album & Fot\u00f3album","technic_string":"Fot\u00f3, grafika, rajz, illusztr\u00e1ci\u00f3","category_1":"813","category_2":"351","category_3":"353","category_4":"0","merged_category_1":null,"merged_category_2":null,"merged_category_3":null,"technic_1":"483","technic_2":"0","technic_3":"0","color_1":"519","color_2":"521","color_3":"532","product_description_old":null,"product_description":"Digit\u00e1lis fot\u00f3id k\u00f6nyv alakban, hogy kedvenc felv\u00e9teleid m\u00e9lt\u00f3 hely\u00fckre ker\u00fcljenek!\nAz \u00edgy elrendezett k\u00e9pekb\u0151l nagyszer\u0171 aj\u00e1nd\u00e9k is lehet a sz\u00fcl\u0151knek, nagysz\u00fcl\u0151knek, bar\u00e1taidnak, magatoknak.\n\n15x15 cm, 12 oldal + 4 oldal bor\u00edt\u00f3, teh\u00e1t \u00f6sszesen 16 oldal.\nJ\u00f3 min\u0151s\u00e9g\u0171 matt m\u0171nyom\u00f3 pap\u00edrra nyomtatva (bel\u00edvek 160 g-os, bor\u00edt\u00f3 200 g-os).\nK\u00f6t\u00e9szet\u00e9t tekintve lehet spir\u00e1lozott, irkaf\u0171z\u00f6tt (t\u0171z\u00f6tt) vagy szalaggal \u00f6sszef\u0171z\u00f6tt.\n\nK\u00fcldd el az e-mail c\u00edmemre a j\u00f3 min\u0151s\u00e9g\u0171 fot\u00f3idat, kb. 30 db fot\u00f3t \u00e9s \u00f6ssze\u00e1ll\u00edtom ezt a letisztult, fi\u00fas fot\u00f3k\u00f6nyvet. Tov\u00e1bb\u00e1 1-2 sz\u00f3val, vagy r\u00f6vid mondattal kommentelheted a k\u00e9peidet.\n\nAz \u00e1r az adott grafik\u00e1ra \u00e9rv\u00e9nyes!\nSaj\u00e1t elk\u00e9pzel\u00e9sed \u00f6r\u00f6mmel megval\u00f3s\u00edtom!\nHa k\u00e9rd\u00e9sed van sz\u00edvesen v\u00e1laszolok!","price":"6400.00","unit":"db","recommended":"0","status":"1","sponsored":"0","exp_notify":"0","own_material":"0","own_material_description_old":null,"own_material_description":"","jury":"0","jury_number":"","product_nature":"","meskaracsony":"0","create_date":"2026-04-25 07:21:46","shelve_id":"66750","image":"kreativkriszta_product_449121_210914200717_08631.jpeg","image_width":"480","image_height":"319","image_alt":"Baba fot\u00f3k\u00f6nyv, Digit\u00e1lis fot\u00f3id k\u00f6nyv alakban, hogy kedvenc felv\u00e9teleid m\u00e9lt\u00f3 hely\u00fckre ker\u00fcljenek!\\nAz \u00edgy elrendeze..., Meska","image_title":"Baba fot\u00f3k\u00f6nyv, Meska","view_count":"2784","favourite_count":"0","trending_score":"0","last2MonthFavouriteCount":"0","promotion":"0","giftcard_accept":"0","creditcard_accept":true,"enhanced_background":"0","domain":"meska","specific_customer_id":null,"specific_customer_name":null,"to_order_product":"1","to_order_product_time":"10","product_different":"not_different","product_different_description":"","vintage":"0","vintage_category_id":"0","recycled":"0","gemstone_id":"0","customizable":"0","type_category":"physical","zerowaste":"0","postage_price":"2390.00","shop_order":"0","has_category":"1","landing_pages":null,"microdata":{"number":13,"category":""},"title":"Baba fot\u00f3k\u00f6nyv","description":"Digit\u00e1lis fot\u00f3id k\u00f6nyv alakban, hogy kedvenc felv\u00e9teleid m\u00e9lt\u00f3 hely\u00fckre ker\u00fcljenek!\nAz \u00edgy elrendezett k\u00e9pekb\u0151l nagyszer\u0171 aj\u00e1nd\u00e9k is lehet a sz\u00fcl\u0151knek, nagysz\u00fcl\u0151knek, bar\u00e1taidnak, magatoknak.\n\n15x15 cm, 12 oldal + 4 oldal bor\u00edt\u00f3, teh\u00e1t \u00f6sszesen 16 oldal.\nJ\u00f3 min\u0151s\u00e9g\u0171 matt m\u0171nyom\u00f3 pap\u00edrra nyomtatva (bel\u00edvek 160 g-os, bor\u00edt\u00f3 200 g-os).\nK\u00f6t\u00e9szet\u00e9t tekintve lehet spir\u00e1lozott, irkaf\u0171z\u00f6tt (t\u0171z\u00f6tt) vagy szalaggal \u00f6sszef\u0171z\u00f6tt.\n\nK\u00fcldd el az e-mail c\u00edmemre a j\u00f3 min\u0151s\u00e9g\u0171 fot\u00f3idat, kb. 30 db fot\u00f3t \u00e9s \u00f6ssze\u00e1ll\u00edtom ezt a letisztult, fi\u00fas fot\u00f3k\u00f6nyvet. Tov\u00e1bb\u00e1 1-2 sz\u00f3val, vagy r\u00f6vid mondattal kommentelheted a k\u00e9peidet.\n\nAz \u00e1r az adott grafik\u00e1ra \u00e9rv\u00e9nyes!\nSaj\u00e1t elk\u00e9pzel\u00e9sed \u00f6r\u00f6mmel megval\u00f3s\u00edtom!\nHa k\u00e9rd\u00e9sed van sz\u00edvesen v\u00e1laszolok!","score":0,"formatted_price":"6 400 Ft","image_url":"https:\/\/www.meska.hu\/img\/product\/small\/k\/r\/kreativkriszta_product_449121_210914200717_08631.jpeg","formatted_url":"https:\/\/www.meska.hu\/p4625689-baba-fotokonyv","favourite":false,"in_stock":false,"avatar":"KreativKriszta_avatar_449121_1630746420.jpg","delete_from":0,"is_enhanced_background":false,"is_enhanced":false,"product_selection_started":false,"is_active":true,"image_webp_url":"https:\/\/www.meska.hu\/img\/product\/small\/k\/r\/kreativkriszta_product_449121_210914200717_08631.webp"},{"id":"4886980","shop_id":"24144","user_id":"274209","shop_name":"OtletLada","shop_zip":"7522","product_code":"5008550","product_name_old":null,"product_name":"Minimal Vend\u00e9gk\u00f6nyv arany hat\u00e1s\u00fa felirattal 1 -  eml\u00e9kk\u00f6nyv - egyedi album - esk\u00fcv\u0151i eml\u00e9k - f\u00fczet \/ napl\u00f3","category_string":"Otthon & \u00c9letm\u00f3d, Pap\u00edr, \u00edr\u00f3szer, Album & Fot\u00f3album","technic_string":"Fot\u00f3, grafika, rajz, illusztr\u00e1ci\u00f3, K\u00f6nyvk\u00f6t\u00e9s","category_1":"813","category_2":"351","category_3":"353","category_4":"0","merged_category_1":"0","merged_category_2":"0","merged_category_3":"0","technic_1":"483","technic_2":"671","technic_3":"0","color_1":"512","color_2":"519","color_3":"0","product_description_old":null,"product_description":"V\u00e1laszthat\u00f3 m\u00e9retben \u00e9s b\u00e1rmilyen sz\u00f6veggel! Ha az esk\u00fcv\u0151d\u00f6n az egyik sz\u00edn az arany lesz, m\u00e9gis valami egyszer\u0171t \u00e9s eleg\u00e1nsat keresel, akkor nem k\u00e9rd\u00e9s, hogy ez a vend\u00e9gk\u00f6nyv Neked - Nektek k\u00e9sz\u00fclt! Esk\u00fcv\u0151i vend\u00e9gk\u00f6nyv - ig\u00e9nyes \u00e9s modern design album.\n========================================\nRendel\u00e9skor \u00cdRD MEG NEKEM a k\u00f6vetkez\u0151ket: \n========================================\n\u2705 Milyen sz\u00f6veg ker\u00fclj\u00f6n a bor\u00edt\u00f3ra?\n\u2705 Melyik bet\u0171t\u00edpust v\u00e1lasztod? - (3. k\u00e9pen tal\u00e1lod)\n\u2705 Melyik szimb\u00f3lumot v\u00e1lasztod? - (4. k\u00e9pen tal\u00e1lod)\n(kos\u00e1r oldalra l\u00e9pve megjegyz\u00e9sben \u00edrhatod meg)\n\n==============\nPARAM\u00c9TEREK:\n==============\n\u25b6\ufe0f Bel\u00edvek vastags\u00e1ga \u00e9s mennyis\u00e9ge v\u00e1laszthat\u00f3: 120g vagy 160g-os \u00fcres OFFSET feh\u00e9r lapok* - 40 db \/ 60 db \/ 80 db\n\u25b6\ufe0f Fekete vagy feh\u00e9r f\u00e9m spir\u00e1llal\n\u25b6\ufe0f M\u00e9rete v\u00e1laszthat\u00f3: 210x190mm vagy 210x300mm\n\n\u26a0\ufe0f BOR\u00cdT\u00d3JA l\u00e9zer nyomat NEM ARANYOZOTT! \nAlapanyaga V\u00c1LASZTHAT\u00d3:\n\u2705 ALAP\u00c1RON: KEM\u00c9NY, de v\u00e9kony (kb 0,5mm) m\u0171anyag bor\u00edt\u00f3 - arany hat\u00e1s\u00fa nyomtat\u00e1ssal\n\u2705+1500 Ft-\u00e9rt v\u00e1laszthat\u00f3 2mm extra vastag, KEM\u00c9NY kartont\u00e1bl\u00e1ra k\u00e9sz\u00fclt bor\u00edt\u00f3val is - arany hat\u00e1s\u00fa nyomtat\u00e1ssal\n\u2705+4000 Ft-\u00e9rt v\u00e1laszthat\u00f3 2mm extra vastag, KEM\u00c9NYFEDELES matt bor\u00edt\u00f3val is, ARANYOZOTT sz\u00f6veggel - Itt tudod meglesni az aranyozott bor\u00edt\u00f3t: https:\/\/www.meska.hu\/p5318566-aranyozott-eskuvoi-vendegkonyv-fotoalbum-feher-arany-egyedi-luxus-album-nevre-szolo-emlekkonyv-valaszthato-meret\n\nK\u00e9toldal\u00fa ragaszt\u00f3val k\u00e9peket is ragaszthattok bele, vagy ceruz\u00e1val, tollal is \u00edrhattok bele. \n\nN\u00e9zd meg a t\u00f6bbi term\u00e9kemet is:\nhttps:\/\/www.meska.hu\/shop\/OtletLada\n\n>>> Sz\u00e1ll\u00edt\u00e1si \u00e9s \u00c1TV\u00c9TELI inform\u00e1ci\u00f3kat a \"Sz\u00e1ll\u00edt\u00e1si Info\" f\u00fclre kattintva tal\u00e1lod\n\n>>> Fizet\u00e9si m\u00f3d - KIZ\u00c1R\u00d3LAG EL\u0150RE FIZET\u00c9SSEL: Bankk\u00e1rty\u00e1val \/ Barionnal \/\u00c1tutal\u00e1ssal vagy Banki befizet\u00e9ssel\n\n\u26a0\ufe0fFONTOS\u26a0\ufe0f Rendel\u00e9shez tedd kos\u00e1rba a term\u00e9ket \u00e9s a \"Kos\u00e1r\" oldalon az \"\u00dczenet az elad\u00f3nak\" r\u00e9szbe \u00edrd be, hogy milyen sz\u00f6veget \/ nevet k\u00e9rsz a bor\u00edt\u00f3ra.","price":"8900.00","unit":"db","recommended":"0","status":"1","sponsored":"0","exp_notify":"0","own_material":"0","own_material_description_old":null,"own_material_description":"","jury":"0","jury_number":"","product_nature":"","meskaracsony":"0","create_date":"2026-04-24 22:21:16","shelve_id":"73268","image":"otletlada_product_274209_230701222304_699736.jpeg","image_width":"480","image_height":"480","image_alt":"Minimal Vend\u00e9gk\u00f6nyv arany hat\u00e1s\u00fa felirattal 1 -  eml\u00e9kk\u00f6nyv - egyedi album - esk\u00fcv\u0151i eml\u00e9k - f\u00fczet \/ napl\u00f3, V\u00e1laszthat\u00f3 m\u00e9retben \u00e9s b\u00e1rmilyen sz\u00f6veggel! Ha az esk\u00fcv\u0151d\u00f6n az egyik sz\u00edn az arany lesz, m\u00e9gis vala..., Meska","image_title":"Minimal Vend\u00e9gk\u00f6nyv arany hat\u00e1s\u00fa felirattal 1 -  eml\u00e9kk\u00f6nyv - egyedi album - esk\u00fcv\u0151i eml\u00e9k - f\u00fczet \/ napl\u00f3, Meska","view_count":"4000","favourite_count":"0","trending_score":"0","last2MonthFavouriteCount":"0","promotion":"0","giftcard_accept":"0","creditcard_accept":false,"enhanced_background":"0","domain":"meska","specific_customer_id":null,"specific_customer_name":null,"to_order_product":"1","to_order_product_time":"5","product_different":"quite_different","product_different_description":"A sz\u00ednek a monitor sz\u00edneit\u0151l nyomtat\u00e1sban elt\u00e9rhetnek.","vintage":"0","vintage_category_id":"0","recycled":"0","gemstone_id":"0","customizable":"1","type_category":"physical","zerowaste":"0","postage_price":"1290.00","shop_order":"118","has_category":"1","landing_pages":null,"microdata":{"number":14,"category":""},"title":"Minimal Vend\u00e9gk\u00f6nyv arany hat\u00e1s\u00fa felirattal 1 -  eml\u00e9kk\u00f6nyv - egyedi album - esk\u00fcv\u0151i eml\u00e9k - f\u00fczet \/ napl\u00f3","description":"V\u00e1laszthat\u00f3 m\u00e9retben \u00e9s b\u00e1rmilyen sz\u00f6veggel! Ha az esk\u00fcv\u0151d\u00f6n az egyik sz\u00edn az arany lesz, m\u00e9gis valami egyszer\u0171t \u00e9s eleg\u00e1nsat keresel, akkor nem k\u00e9rd\u00e9s, hogy ez a vend\u00e9gk\u00f6nyv Neked - Nektek k\u00e9sz\u00fclt! Esk\u00fcv\u0151i vend\u00e9gk\u00f6nyv - ig\u00e9nyes \u00e9s modern design album.\n========================================\nRendel\u00e9skor \u00cdRD MEG NEKEM a k\u00f6vetkez\u0151ket: \n========================================\n\u2705 Milyen sz\u00f6veg ker\u00fclj\u00f6n a bor\u00edt\u00f3ra?\n\u2705 Melyik bet\u0171t\u00edpust v\u00e1lasztod? - (3. k\u00e9pen tal\u00e1lod)\n\u2705 Melyik szimb\u00f3lumot v\u00e1lasztod? - (4. k\u00e9pen tal\u00e1lod)\n(kos\u00e1r oldalra l\u00e9pve megjegyz\u00e9sben \u00edrhatod meg)\n\n==============\nPARAM\u00c9TEREK:\n==============\n\u25b6\ufe0f Bel\u00edvek vastags\u00e1ga \u00e9s mennyis\u00e9ge v\u00e1laszthat\u00f3: 120g vagy 160g-os \u00fcres OFFSET feh\u00e9r lapok* - 40 db \/ 60 db \/ 80 db\n\u25b6\ufe0f Fekete vagy feh\u00e9r f\u00e9m spir\u00e1llal\n\u25b6\ufe0f M\u00e9rete v\u00e1laszthat\u00f3: 210x190mm vagy 210x300mm\n\n\u26a0\ufe0f BOR\u00cdT\u00d3JA l\u00e9zer nyomat NEM ARANYOZOTT! \nAlapanyaga V\u00c1LASZTHAT\u00d3:\n\u2705 ALAP\u00c1RON: KEM\u00c9NY, de v\u00e9kony (kb 0,5mm) m\u0171anyag bor\u00edt\u00f3 - arany hat\u00e1s\u00fa nyomtat\u00e1ssal\n\u2705+1500 Ft-\u00e9rt v\u00e1laszthat\u00f3 2mm extra vastag, KEM\u00c9NY kartont\u00e1bl\u00e1ra k\u00e9sz\u00fclt bor\u00edt\u00f3val is - arany hat\u00e1s\u00fa nyomtat\u00e1ssal\n\u2705+4000 Ft-\u00e9rt v\u00e1laszthat\u00f3 2mm extra vastag, KEM\u00c9NYFEDELES matt bor\u00edt\u00f3val is, ARANYOZOTT sz\u00f6veggel - Itt tudod meglesni az aranyozott bor\u00edt\u00f3t: https:\/\/www.meska.hu\/p5318566-aranyozott-eskuvoi-vendegkonyv-fotoalbum-feher-arany-egyedi-luxus-album-nevre-szolo-emlekkonyv-valaszthato-meret\n\nK\u00e9toldal\u00fa ragaszt\u00f3val k\u00e9peket is ragaszthattok bele, vagy ceruz\u00e1val, tollal is \u00edrhattok bele. \n\nN\u00e9zd meg a t\u00f6bbi term\u00e9kemet is:\nhttps:\/\/www.meska.hu\/shop\/OtletLada\n\n>>> Sz\u00e1ll\u00edt\u00e1si \u00e9s \u00c1TV\u00c9TELI inform\u00e1ci\u00f3kat a \"Sz\u00e1ll\u00edt\u00e1si Info\" f\u00fclre kattintva tal\u00e1lod\n\n>>> Fizet\u00e9si m\u00f3d - KIZ\u00c1R\u00d3LAG EL\u0150RE FIZET\u00c9SSEL: Bankk\u00e1rty\u00e1val \/ Barionnal \/\u00c1tutal\u00e1ssal vagy Banki befizet\u00e9ssel\n\n\u26a0\ufe0fFONTOS\u26a0\ufe0f Rendel\u00e9shez tedd kos\u00e1rba a term\u00e9ket \u00e9s a \"Kos\u00e1r\" oldalon az \"\u00dczenet az elad\u00f3nak\" r\u00e9szbe \u00edrd be, hogy milyen sz\u00f6veget \/ nevet k\u00e9rsz a bor\u00edt\u00f3ra.","score":0,"formatted_price":"8 900 Ft","image_url":"https:\/\/www.meska.hu\/img\/product\/small\/o\/t\/otletlada_product_274209_230701222304_699736.jpeg","formatted_url":"https:\/\/www.meska.hu\/p5008550-minimal-vendegkonyv-arany-hatasu-felirattal-1-emlekkonyv-egyedi-album-eskuvoi-emlek-fuzet-naplo","favourite":false,"in_stock":false,"avatar":"274209_avatar_1697355906.jpeg","delete_from":0,"is_enhanced_background":false,"is_enhanced":false,"product_selection_started":false,"is_active":true,"image_webp_url":"https:\/\/www.meska.hu\/img\/product\/small\/o\/t\/otletlada_product_274209_230701222304_699736.webp"},{"id":"3394228","shop_id":"24144","user_id":"274209","shop_name":"OtletLada","shop_zip":"7522","product_code":"3117182","product_name_old":null,"product_name":"N\u00e9vre sz\u00f3l\u00f3 L\u00e1nyb\u00facs\u00fa aj\u00e1nd\u00e9k cs\u00edkos eml\u00e9kk\u00f6nyv - egyedi album - eml\u00e9k a menyasszonynak - f\u00fczet \/ napl\u00f3 - 21x19cm","category_string":"Otthon & \u00c9letm\u00f3d, Pap\u00edr, \u00edr\u00f3szer, Album & Fot\u00f3album","technic_string":"Fot\u00f3, grafika, rajz, illusztr\u00e1ci\u00f3, K\u00f6nyvk\u00f6t\u00e9s","category_1":"813","category_2":"351","category_3":"353","category_4":"0","merged_category_1":"0","merged_category_2":"0","merged_category_3":"0","technic_1":"483","technic_2":"671","technic_3":"0","color_1":"512","color_2":"520","color_3":"525","product_description_old":null,"product_description":"K\u00c9RHETED m\u00e1s sz\u00f6veggel is!\nL\u00e1nyb\u00facs\u00fara, esk\u00fcv\u0151re, eljegyz\u00e9sre, l\u00e1nyk\u00e9r\u00e9sre frapp\u00e1ns aj\u00e1nd\u00e9k lehet. Minden menyasszony \u00f6r\u00fclne ennek az ig\u00e9nyes \u00e9s modern design albumnak.\n\nTIPP: ha te szervezed a l\u00e1nyb\u00facs\u00fat, akkor k\u00e9rj meg minden r\u00e9sztvev\u0151t, hogy hozzon egy-egy k\u00f6z\u00f6s fot\u00f3t a menyasszonnyal, amit aznap be is ragaszthattok az eml\u00e9kk\u00f6nyvbe, egy szem\u00e9lyes \u00fczenetet mell\u00e9 \u00edrva pedig garant\u00e1ltan k\u00f6nnyeket fogtok csalni a menyasszony szem\u00e9be. \n\nPARAM\u00c9TEREK:\n\u25b6\ufe0f Bel\u00edvek 120g-os \u00fcres OFFSET feh\u00e9r lapok* - 40 \u00edv\n\u25b6\ufe0f Fekete vagy feh\u00e9r f\u00e9m spir\u00e1llal\n\u25b6\ufe0f M\u00e9rete: 210x190mm\n\n\u26a0\ufe0f BOR\u00cdT\u00d3JA l\u00e9zer nyomat - alapanyaga V\u00c1LASZTHAT\u00d3:\n\u2705 ALAP\u00c1RON: KEM\u00c9NY, de v\u00e9kony (kb 0,5mm) m\u0171anyag bor\u00edt\u00f3 (f\u00e9nyes)\n\u2705+1500 Ft-\u00e9rt v\u00e1laszthat\u00f3 2mm extra vastag, KEM\u00c9NY K\u00f6nyv\u00f6t\u0151 kartonra k\u00e9sz\u00fclt bor\u00edt\u00f3val is (f\u00e9nyes k\u00fcls\u0151, matt bels\u0151).\n\nN\u00e9zd meg a t\u00f6bbi term\u00e9kemet is:\nhttps:\/\/www.meska.hu\/shop\/OromKonnyek\n\n>>> Sz\u00e1ll\u00edt\u00e1si \u00e9s \u00c1TV\u00c9TELI inform\u00e1ci\u00f3kat a \"Sz\u00e1ll\u00edt\u00e1si Info\" f\u00fclre kattintva tal\u00e1lod\n\n>>> Fizet\u00e9si m\u00f3d - KIZ\u00c1R\u00d3LAG EL\u0150RE FIZET\u00c9SSEL: Bankk\u00e1rty\u00e1val \/ Barionnal \/\u00c1tutal\u00e1ssal vagy Banki befizet\u00e9ssel","price":"7900.00","unit":"db","recommended":"0","status":"1","sponsored":"0","exp_notify":"0","own_material":"0","own_material_description_old":null,"own_material_description":"","jury":"0","jury_number":"","product_nature":"","meskaracsony":"0","create_date":"2026-04-24 17:18:49","shelve_id":"56348","image":"oromkonnyek_product_274209_180425124435_383729.jpeg","image_width":"480","image_height":"380","image_alt":"N\u00e9vre sz\u00f3l\u00f3 L\u00e1nyb\u00facs\u00fa aj\u00e1nd\u00e9k cs\u00edkos eml\u00e9kk\u00f6nyv - egyedi album - eml\u00e9k a menyasszonynak - f\u00fczet \/ napl\u00f3 - 21x19cm, K\u00c9RHETED m\u00e1s sz\u00f6veggel is!\\nL\u00e1nyb\u00facs\u00fara, esk\u00fcv\u0151re, eljegyz\u00e9sre, l\u00e1nyk\u00e9r\u00e9sre frapp\u00e1ns aj\u00e1nd\u00e9k lehet. M..., Meska","image_title":"N\u00e9vre sz\u00f3l\u00f3 L\u00e1nyb\u00facs\u00fa aj\u00e1nd\u00e9k cs\u00edkos eml\u00e9kk\u00f6nyv - egyedi album - eml\u00e9k a menyasszonynak - f\u00fczet \/ napl\u00f3 - 21x19cm, Meska","view_count":"4149","favourite_count":"0","trending_score":"0","last2MonthFavouriteCount":"0","promotion":"0","giftcard_accept":"0","creditcard_accept":false,"enhanced_background":"0","domain":"meska","specific_customer_id":null,"specific_customer_name":null,"to_order_product":"1","to_order_product_time":"5","product_different":"quite_different","product_different_description":"A sz\u00ednek a monitoron kis m\u00e9ret\u00e9kben elt\u00e9rhetnek az eredetit\u0151l","vintage":"0","vintage_category_id":"0","recycled":"0","gemstone_id":"0","customizable":"1","type_category":"physical","zerowaste":"0","postage_price":"1290.00","shop_order":"188","has_category":"1","landing_pages":null,"microdata":{"number":15,"category":""},"title":"N\u00e9vre sz\u00f3l\u00f3 L\u00e1nyb\u00facs\u00fa aj\u00e1nd\u00e9k cs\u00edkos eml\u00e9kk\u00f6nyv - egyedi album - eml\u00e9k a menyasszonynak - f\u00fczet \/ napl\u00f3 - 21x19cm","description":"K\u00c9RHETED m\u00e1s sz\u00f6veggel is!\nL\u00e1nyb\u00facs\u00fara, esk\u00fcv\u0151re, eljegyz\u00e9sre, l\u00e1nyk\u00e9r\u00e9sre frapp\u00e1ns aj\u00e1nd\u00e9k lehet. Minden menyasszony \u00f6r\u00fclne ennek az ig\u00e9nyes \u00e9s modern design albumnak.\n\nTIPP: ha te szervezed a l\u00e1nyb\u00facs\u00fat, akkor k\u00e9rj meg minden r\u00e9sztvev\u0151t, hogy hozzon egy-egy k\u00f6z\u00f6s fot\u00f3t a menyasszonnyal, amit aznap be is ragaszthattok az eml\u00e9kk\u00f6nyvbe, egy szem\u00e9lyes \u00fczenetet mell\u00e9 \u00edrva pedig garant\u00e1ltan k\u00f6nnyeket fogtok csalni a menyasszony szem\u00e9be. \n\nPARAM\u00c9TEREK:\n\u25b6\ufe0f Bel\u00edvek 120g-os \u00fcres OFFSET feh\u00e9r lapok* - 40 \u00edv\n\u25b6\ufe0f Fekete vagy feh\u00e9r f\u00e9m spir\u00e1llal\n\u25b6\ufe0f M\u00e9rete: 210x190mm\n\n\u26a0\ufe0f BOR\u00cdT\u00d3JA l\u00e9zer nyomat - alapanyaga V\u00c1LASZTHAT\u00d3:\n\u2705 ALAP\u00c1RON: KEM\u00c9NY, de v\u00e9kony (kb 0,5mm) m\u0171anyag bor\u00edt\u00f3 (f\u00e9nyes)\n\u2705+1500 Ft-\u00e9rt v\u00e1laszthat\u00f3 2mm extra vastag, KEM\u00c9NY K\u00f6nyv\u00f6t\u0151 kartonra k\u00e9sz\u00fclt bor\u00edt\u00f3val is (f\u00e9nyes k\u00fcls\u0151, matt bels\u0151).\n\nN\u00e9zd meg a t\u00f6bbi term\u00e9kemet is:\nhttps:\/\/www.meska.hu\/shop\/OromKonnyek\n\n>>> Sz\u00e1ll\u00edt\u00e1si \u00e9s \u00c1TV\u00c9TELI inform\u00e1ci\u00f3kat a \"Sz\u00e1ll\u00edt\u00e1si Info\" f\u00fclre kattintva tal\u00e1lod\n\n>>> Fizet\u00e9si m\u00f3d - KIZ\u00c1R\u00d3LAG EL\u0150RE FIZET\u00c9SSEL: Bankk\u00e1rty\u00e1val \/ Barionnal \/\u00c1tutal\u00e1ssal vagy Banki befizet\u00e9ssel","score":0,"formatted_price":"7 900 Ft","image_url":"https:\/\/www.meska.hu\/img\/product\/small\/o\/r\/oromkonnyek_product_274209_180425124435_383729.jpeg","formatted_url":"https:\/\/www.meska.hu\/p3117182-nevre-szolo-lanybucsu-ajandek-csikos-emlekkonyv-egyedi-album-emlek-a-menyasszonynak-fuzet-naplo-21x19cm","favourite":false,"in_stock":false,"avatar":"274209_avatar_1697355906.jpeg","delete_from":0,"is_enhanced_background":false,"is_enhanced":false,"product_selection_started":false,"is_active":true,"image_webp_url":"https:\/\/www.meska.hu\/img\/product\/small\/o\/r\/oromkonnyek_product_274209_180425124435_383729.webp"},{"id":"3444656","shop_id":"24144","user_id":"274209","shop_name":"OtletLada","shop_zip":"7522","product_code":"4650481","product_name_old":null,"product_name":"A vil\u00e1g legjobb apuk\u00e1ja - aj\u00e1nd\u00e9k eml\u00e9kk\u00f6nyv ap\u00e1k napj\u00e1ra - nat\u00far sz\u00edn\u0171 album \/ aj\u00e1nd\u00e9k \u00f6tlet ap\u00e1knapja - 21x19cm","category_string":"Otthon & \u00c9letm\u00f3d, Pap\u00edr, \u00edr\u00f3szer, Album & Fot\u00f3album","technic_string":"Fot\u00f3, grafika, rajz, illusztr\u00e1ci\u00f3, K\u00f6nyvk\u00f6t\u00e9s","category_1":"813","category_2":"351","category_3":"353","category_4":"0","merged_category_1":"0","merged_category_2":"0","merged_category_3":"0","technic_1":"483","technic_2":"671","technic_3":"0","color_1":"514","color_2":"520","color_3":"0","product_description_old":null,"product_description":"B\u00e1rmilyen sz\u00f6veggel k\u00e9rheted, csak a kos\u00e1r oldalon \u00edrd meg nekem megjegyz\u00e9sben!!! \nKedves trendi aj\u00e1nd\u00e9k eml\u00e9kk\u00f6nyv AP\u00c1K napj\u00e1ra, amibe beleragaszthatod a csal\u00e1di fot\u00f3kat, \u00e9s igaz\u00e1n szem\u00e9lyre sz\u00f3l\u00f3 aj\u00e1nd\u00e9kot var\u00e1zsolhatsz bel\u0151le.\n\nA k\u00f6nyvecsk\u00e9be k\u00e9toldal\u00fa ragaszt\u00f3val lehet a k\u00e9peket beragasztani, goly\u00f3stollal, ceruz\u00e1val, sz\u00ednesceruz\u00e1val lehet bele \u00edrni \/ rajzolni is a fot\u00f3k mell\u00e9. \n\n\u26a0\ufe0fFONTOS\u26a0\ufe0f Amennyiben m\u00e1s sz\u00f6veggel k\u00e9red, akkor a bor\u00edt\u00f3ra ker\u00fcl\u0151 sz\u00f6veget rendel\u00e9skor ne felejtsd el a kos\u00e1r oldalon tal\u00e1lhat\u00f3 \"\u00dczenet az elad\u00f3nak\" mez\u0151be be\u00edrni!\n\nPARAM\u00c9TEREK:\n\u25b6\ufe0f Bel\u00edvek 120g-os \u00fcres feh\u00e9r lapok - 40 db\n\u25b6\ufe0f F\u00e9m spir\u00e1llal\n\u25b6\ufe0f M\u00e9rete: 210x190mm\n\n\u26a0\ufe0f BOR\u00cdT\u00d3JA l\u00e9zer nyomat, h\u00e1tlapja nat\u00far sz\u00edn\u0171 - alapanyaga V\u00c1LASZTHAT\u00d3:\n\u2705 ALAP\u00c1RON: KEM\u00c9NY, de v\u00e9kony (kb 0,5mm) m\u0171anyag bor\u00edt\u00f3\n\u2705+1500 Ft-\u00e9rt v\u00e1laszthat\u00f3 2mm extra vastag, KEM\u00c9NY kartont\u00e1bl\u00e1ra k\u00e9sz\u00fclt bor\u00edt\u00f3val is.\n\nN\u00e9zd meg a t\u00f6bbi term\u00e9kemet is:\nhttps:\/\/www.meska.hu\/shop\/OromKonnyek\n\n>>> Sz\u00e1ll\u00edt\u00e1si \u00e9s \u00c1TV\u00c9TELI inform\u00e1ci\u00f3kat a \"Sz\u00e1ll\u00edt\u00e1si Info\" f\u00fclre kattintva tal\u00e1lod\n\n>>> Fizet\u00e9si m\u00f3d - KIZ\u00c1R\u00d3LAG EL\u0150RE FIZET\u00c9SSEL: Bankk\u00e1rty\u00e1val \/ Barionnal \/\u00c1tutal\u00e1ssal vagy Banki befizet\u00e9ssel\n","price":"7900.00","unit":"db","recommended":"0","status":"1","sponsored":"0","exp_notify":"0","own_material":"0","own_material_description_old":null,"own_material_description":"","jury":"0","jury_number":"","product_nature":"","meskaracsony":"0","create_date":"2026-04-24 04:59:21","shelve_id":"60732","image":"oromkonnyek_product_274209_220601162918_873520.jpeg","image_width":"480","image_height":"443","image_alt":"A vil\u00e1g legjobb apuk\u00e1ja - aj\u00e1nd\u00e9k eml\u00e9kk\u00f6nyv ap\u00e1k napj\u00e1ra - nat\u00far sz\u00edn\u0171 album \/ aj\u00e1nd\u00e9k \u00f6tlet ap\u00e1knapja - 21x19cm, B\u00e1rmilyen sz\u00f6veggel k\u00e9rheted, csak a kos\u00e1r oldalon \u00edrd meg nekem megjegyz\u00e9sben!!! \\nKedves trendi aj\u00e1..., Meska","image_title":"A vil\u00e1g legjobb apuk\u00e1ja - aj\u00e1nd\u00e9k eml\u00e9kk\u00f6nyv ap\u00e1k napj\u00e1ra - nat\u00far sz\u00edn\u0171 album \/ aj\u00e1nd\u00e9k \u00f6tlet ap\u00e1knapja - 21x19cm, Meska","view_count":"3910","favourite_count":"0","trending_score":"0","last2MonthFavouriteCount":"0","promotion":"0","giftcard_accept":"0","creditcard_accept":false,"enhanced_background":"0","domain":"meska","specific_customer_id":null,"specific_customer_name":null,"to_order_product":"1","to_order_product_time":"5","product_different":"quite_different","product_different_description":"A monitor sz\u00ednei a nyomtatott\u00f3l elt\u00e9rhetnek.","vintage":"0","vintage_category_id":"0","recycled":"0","gemstone_id":"0","customizable":"1","type_category":"physical","zerowaste":"0","postage_price":"1290.00","shop_order":"176","has_category":"1","landing_pages":"Ap\u00e1k napi aj\u00e1nd\u00e9kok, Ap\u00e1k napi aj\u00e1nd\u00e9kok, Ap\u00e1k napi aj\u00e1nd\u00e9kok, Ap\u00e1k napi aj\u00e1nd\u00e9kok, Kar\u00e1csonyi aj\u00e1nd\u00e9kok","microdata":{"number":16,"category":""},"title":"A vil\u00e1g legjobb apuk\u00e1ja - aj\u00e1nd\u00e9k eml\u00e9kk\u00f6nyv ap\u00e1k napj\u00e1ra - nat\u00far sz\u00edn\u0171 album \/ aj\u00e1nd\u00e9k \u00f6tlet ap\u00e1knapja - 21x19cm","description":"B\u00e1rmilyen sz\u00f6veggel k\u00e9rheted, csak a kos\u00e1r oldalon \u00edrd meg nekem megjegyz\u00e9sben!!! \nKedves trendi aj\u00e1nd\u00e9k eml\u00e9kk\u00f6nyv AP\u00c1K napj\u00e1ra, amibe beleragaszthatod a csal\u00e1di fot\u00f3kat, \u00e9s igaz\u00e1n szem\u00e9lyre sz\u00f3l\u00f3 aj\u00e1nd\u00e9kot var\u00e1zsolhatsz bel\u0151le.\n\nA k\u00f6nyvecsk\u00e9be k\u00e9toldal\u00fa ragaszt\u00f3val lehet a k\u00e9peket beragasztani, goly\u00f3stollal, ceruz\u00e1val, sz\u00ednesceruz\u00e1val lehet bele \u00edrni \/ rajzolni is a fot\u00f3k mell\u00e9. \n\n\u26a0\ufe0fFONTOS\u26a0\ufe0f Amennyiben m\u00e1s sz\u00f6veggel k\u00e9red, akkor a bor\u00edt\u00f3ra ker\u00fcl\u0151 sz\u00f6veget rendel\u00e9skor ne felejtsd el a kos\u00e1r oldalon tal\u00e1lhat\u00f3 \"\u00dczenet az elad\u00f3nak\" mez\u0151be be\u00edrni!\n\nPARAM\u00c9TEREK:\n\u25b6\ufe0f Bel\u00edvek 120g-os \u00fcres feh\u00e9r lapok - 40 db\n\u25b6\ufe0f F\u00e9m spir\u00e1llal\n\u25b6\ufe0f M\u00e9rete: 210x190mm\n\n\u26a0\ufe0f BOR\u00cdT\u00d3JA l\u00e9zer nyomat, h\u00e1tlapja nat\u00far sz\u00edn\u0171 - alapanyaga V\u00c1LASZTHAT\u00d3:\n\u2705 ALAP\u00c1RON: KEM\u00c9NY, de v\u00e9kony (kb 0,5mm) m\u0171anyag bor\u00edt\u00f3\n\u2705+1500 Ft-\u00e9rt v\u00e1laszthat\u00f3 2mm extra vastag, KEM\u00c9NY kartont\u00e1bl\u00e1ra k\u00e9sz\u00fclt bor\u00edt\u00f3val is.\n\nN\u00e9zd meg a t\u00f6bbi term\u00e9kemet is:\nhttps:\/\/www.meska.hu\/shop\/OromKonnyek\n\n>>> Sz\u00e1ll\u00edt\u00e1si \u00e9s \u00c1TV\u00c9TELI inform\u00e1ci\u00f3kat a \"Sz\u00e1ll\u00edt\u00e1si Info\" f\u00fclre kattintva tal\u00e1lod\n\n>>> Fizet\u00e9si m\u00f3d - KIZ\u00c1R\u00d3LAG EL\u0150RE FIZET\u00c9SSEL: Bankk\u00e1rty\u00e1val \/ Barionnal \/\u00c1tutal\u00e1ssal vagy Banki befizet\u00e9ssel\n","score":0,"formatted_price":"7 900 Ft","image_url":"https:\/\/www.meska.hu\/img\/product\/small\/o\/r\/oromkonnyek_product_274209_220601162918_873520.jpeg","formatted_url":"https:\/\/www.meska.hu\/p4650481-a-vilag-legjobb-apukaja-ajandek-emlekkonyv-apak-napjara-natur-szinu-album-ajandek-otlet-apaknapja-21x19cm","favourite":false,"in_stock":false,"avatar":"274209_avatar_1697355906.jpeg","delete_from":0,"is_enhanced_background":false,"is_enhanced":false,"product_selection_started":false,"is_active":true,"image_webp_url":"https:\/\/www.meska.hu\/img\/product\/small\/o\/r\/oromkonnyek_product_274209_220601162918_873520.webp"},{"id":"5614831","shop_id":"24144","user_id":"274209","shop_name":"OtletLada","shop_zip":"7522","product_code":"5454414","product_name_old":null,"product_name":"Nagymam\u00e1nak beragaszt\u00f3s F\u00c9NYK\u00c9PALBUM  - saj\u00e1t fot\u00f3ddal, b\u00e1rmilyen felirattal - 9x13 \/ 10x15 vagy 13x18 k\u00e9peknek is  ","category_string":"Otthon & \u00c9letm\u00f3d, Pap\u00edr, \u00edr\u00f3szer, Album & Fot\u00f3album","technic_string":"Fot\u00f3, grafika, rajz, illusztr\u00e1ci\u00f3, K\u00f6nyvk\u00f6t\u00e9s","category_1":"813","category_2":"351","category_3":"353","category_4":"0","merged_category_1":null,"merged_category_2":null,"merged_category_3":null,"technic_1":"483","technic_2":"671","technic_3":"0","color_1":"519","color_2":"520","color_3":"534","product_description_old":null,"product_description":"Saj\u00e1t fot\u00f3ddal (eleje - h\u00e1ta lehet k\u00fcl\u00f6nb\u00f6z\u0151), B\u00e1rmilyen sz\u00f6veggel k\u00e9rheted.\nNagymam\u00e1nak \/ Nagypap\u00e1nak beragaszt\u00f3s F\u00c9NYK\u00c9PALBUM  - saj\u00e1t fot\u00f3ddal, b\u00e1rmilyen felirattal - 9x13 \/ 10x15 vagy 13x18 k\u00e9pekhez is megfelel\u0151. K\u00e9toldal\u00fa ragaszt\u00f3val ragaszthatod bele a k\u00e9peket. \nK\u00e9t m\u00e9retb\u0151l v\u00e1laszthatsz. A k\u00e9peken \u00e9s a vide\u00f3n a 21x30cm-es m\u00e9retet l\u00e1tod. \nCsodasz\u00e9p eml\u00e9k \u00e9s igaz\u00e1n sz\u00edvhezsz\u00f3l\u00f3 aj\u00e1nd\u00e9k lehet a kar\u00e1csonyva alatt vagy ak\u00e1r sz\u00fclet\u00e9snapra, \u00e9vfordul\u00f3ra esetleg Valentin napra.\n\n\u00cdGY RENDELJ:\nKor\u00e1sba rak\u00e1s ut\u00e1n megjegyz\u00e9sben \u00edrd meg, hogy \n- Mi ker\u00fclj\u00f6n a bor\u00edt\u00f3ra?\n- Szeretn\u00e9l-e r\u00e1 masnit, ha igen milyen sz\u00edn\u0171t?\n- Fekete vagy feh\u00e9r spir\u00e1llal k\u00e9red?\nAdd le a rendel\u00e9st, majd...\n- Priv\u00e1t \u00fczenetben k\u00fcldd el nekem a k\u00e9pet \/ k\u00e9peket, az album elej\u00e9re \u00e9s h\u00e1toldal\u00e1ra. \n\nPARAM\u00c9TEREK:\n\u25b6\ufe0f Bel\u00edvek 120g-os vagy 160g-os \u00fcres lapok* - 40 db \/ 60 db vagy (azaz 80 vagy 120 oldalas)\n\u25b6\ufe0f A lapok sz\u00edne v\u00e1laszthat\u00f3: feh\u00e9r \/ fekete \/ di\u00f3 vagy kr\u00e9m sz\u00edn\u0171\n\u25b6\ufe0f Fekete vagy feh\u00e9r f\u00e9m spir\u00e1llal (ha nem \u00edrod meg milyen legyen, akkor feh\u00e9r lesz)\n\u25b6\ufe0f M\u00e9rete v\u00e1laszthat\u00f3: 210x190mm vagy 210x300mm\n\n\u26a0\ufe0f BOR\u00cdT\u00d3JA fot\u00f3 min\u0151s\u00e9g\u0171 nyomat - alapanyaga V\u00c1LASZTHAT\u00d3:\n\u2705 ALAP\u00c1RON: KEM\u00c9NY, de v\u00e9kony (kb 0,5mm) m\u0171anyag bor\u00edt\u00f3\n\u2705+1500 Ft-\u00e9rt v\u00e1laszthat\u00f3 2mm extra vastag, KEM\u00c9NY MATT kartont\u00e1bl\u00e1ra k\u00e9sz\u00fclt bor\u00edt\u00f3val\n\nK\u00e9toldal\u00fa ragaszt\u00f3val k\u00e9peket is ragaszthattok bele, vagy ceruz\u00e1val, tollal is \u00edrhattok bele.\n\n>>> Sz\u00e1ll\u00edt\u00e1si \u00e9s \u00c1TV\u00c9TELI inform\u00e1ci\u00f3kat a \"Sz\u00e1ll\u00edt\u00e1si Info\" f\u00fclre kattintva tal\u00e1lod\n\n>>> Fizet\u00e9si m\u00f3d - KIZ\u00c1R\u00d3LAG EL\u0150RE FIZET\u00c9SSEL: \u00c1tutal\u00e1ssal vagy Banki befizet\u00e9ssel\n\n\u26a0\ufe0fFONTOS\u26a0\ufe0f Rendel\u00e9shez tedd kos\u00e1rba a term\u00e9ket \u00e9s a \"Kos\u00e1r\" oldalon az \"\u00dczenet az elad\u00f3nak\" r\u00e9szbe \u00edrd be, hogy milyen sz\u00f6veget \/ nevet k\u00e9rsz a bor\u00edt\u00f3ra.","price":"7900.00","unit":"db","recommended":"0","status":"1","sponsored":"0","exp_notify":"0","own_material":"0","own_material_description_old":null,"own_material_description":"","jury":"0","jury_number":"","product_nature":"","meskaracsony":"0","create_date":"2026-04-23 21:51:41","shelve_id":"0","image":"otletlada_product_274209_241206212905_436326.jpeg","image_width":"480","image_height":"480","image_alt":"Nagymam\u00e1nak beragaszt\u00f3s F\u00c9NYK\u00c9PALBUM  - saj\u00e1t fot\u00f3ddal, b\u00e1rmilyen felirattal - 9x13 \/ 10x15 vagy 13x18 k\u00e9peknek is  , Saj\u00e1t fot\u00f3ddal (eleje - h\u00e1ta lehet k\u00fcl\u00f6nb\u00f6z\u0151), B\u00e1rmilyen sz\u00f6veggel k\u00e9rheted.\\nNagymam\u00e1nak \/ Nagypap\u00e1n..., Meska","image_title":"Nagymam\u00e1nak beragaszt\u00f3s F\u00c9NYK\u00c9PALBUM  - saj\u00e1t fot\u00f3ddal, b\u00e1rmilyen felirattal - 9x13 \/ 10x15 vagy 13x18 k\u00e9peknek is  , Meska","view_count":"450","favourite_count":"0","trending_score":"0","last2MonthFavouriteCount":"0","promotion":"0","giftcard_accept":"0","creditcard_accept":false,"enhanced_background":"0","domain":"meska","specific_customer_id":null,"specific_customer_name":null,"to_order_product":"1","to_order_product_time":"5","product_different":null,"product_different_description":"","vintage":"0","vintage_category_id":"0","recycled":"0","gemstone_id":"0","customizable":"0","type_category":"physical","zerowaste":"0","postage_price":"1290.00","shop_order":"102","has_category":"1","landing_pages":null,"microdata":{"number":17,"category":""},"title":"Nagymam\u00e1nak beragaszt\u00f3s F\u00c9NYK\u00c9PALBUM  - saj\u00e1t fot\u00f3ddal, b\u00e1rmilyen felirattal - 9x13 \/ 10x15 vagy 13x18 k\u00e9peknek is  ","description":"Saj\u00e1t fot\u00f3ddal (eleje - h\u00e1ta lehet k\u00fcl\u00f6nb\u00f6z\u0151), B\u00e1rmilyen sz\u00f6veggel k\u00e9rheted.\nNagymam\u00e1nak \/ Nagypap\u00e1nak beragaszt\u00f3s F\u00c9NYK\u00c9PALBUM  - saj\u00e1t fot\u00f3ddal, b\u00e1rmilyen felirattal - 9x13 \/ 10x15 vagy 13x18 k\u00e9pekhez is megfelel\u0151. K\u00e9toldal\u00fa ragaszt\u00f3val ragaszthatod bele a k\u00e9peket. \nK\u00e9t m\u00e9retb\u0151l v\u00e1laszthatsz. A k\u00e9peken \u00e9s a vide\u00f3n a 21x30cm-es m\u00e9retet l\u00e1tod. \nCsodasz\u00e9p eml\u00e9k \u00e9s igaz\u00e1n sz\u00edvhezsz\u00f3l\u00f3 aj\u00e1nd\u00e9k lehet a kar\u00e1csonyva alatt vagy ak\u00e1r sz\u00fclet\u00e9snapra, \u00e9vfordul\u00f3ra esetleg Valentin napra.\n\n\u00cdGY RENDELJ:\nKor\u00e1sba rak\u00e1s ut\u00e1n megjegyz\u00e9sben \u00edrd meg, hogy \n- Mi ker\u00fclj\u00f6n a bor\u00edt\u00f3ra?\n- Szeretn\u00e9l-e r\u00e1 masnit, ha igen milyen sz\u00edn\u0171t?\n- Fekete vagy feh\u00e9r spir\u00e1llal k\u00e9red?\nAdd le a rendel\u00e9st, majd...\n- Priv\u00e1t \u00fczenetben k\u00fcldd el nekem a k\u00e9pet \/ k\u00e9peket, az album elej\u00e9re \u00e9s h\u00e1toldal\u00e1ra. \n\nPARAM\u00c9TEREK:\n\u25b6\ufe0f Bel\u00edvek 120g-os vagy 160g-os \u00fcres lapok* - 40 db \/ 60 db vagy (azaz 80 vagy 120 oldalas)\n\u25b6\ufe0f A lapok sz\u00edne v\u00e1laszthat\u00f3: feh\u00e9r \/ fekete \/ di\u00f3 vagy kr\u00e9m sz\u00edn\u0171\n\u25b6\ufe0f Fekete vagy feh\u00e9r f\u00e9m spir\u00e1llal (ha nem \u00edrod meg milyen legyen, akkor feh\u00e9r lesz)\n\u25b6\ufe0f M\u00e9rete v\u00e1laszthat\u00f3: 210x190mm vagy 210x300mm\n\n\u26a0\ufe0f BOR\u00cdT\u00d3JA fot\u00f3 min\u0151s\u00e9g\u0171 nyomat - alapanyaga V\u00c1LASZTHAT\u00d3:\n\u2705 ALAP\u00c1RON: KEM\u00c9NY, de v\u00e9kony (kb 0,5mm) m\u0171anyag bor\u00edt\u00f3\n\u2705+1500 Ft-\u00e9rt v\u00e1laszthat\u00f3 2mm extra vastag, KEM\u00c9NY MATT kartont\u00e1bl\u00e1ra k\u00e9sz\u00fclt bor\u00edt\u00f3val\n\nK\u00e9toldal\u00fa ragaszt\u00f3val k\u00e9peket is ragaszthattok bele, vagy ceruz\u00e1val, tollal is \u00edrhattok bele.\n\n>>> Sz\u00e1ll\u00edt\u00e1si \u00e9s \u00c1TV\u00c9TELI inform\u00e1ci\u00f3kat a \"Sz\u00e1ll\u00edt\u00e1si Info\" f\u00fclre kattintva tal\u00e1lod\n\n>>> Fizet\u00e9si m\u00f3d - KIZ\u00c1R\u00d3LAG EL\u0150RE FIZET\u00c9SSEL: \u00c1tutal\u00e1ssal vagy Banki befizet\u00e9ssel\n\n\u26a0\ufe0fFONTOS\u26a0\ufe0f Rendel\u00e9shez tedd kos\u00e1rba a term\u00e9ket \u00e9s a \"Kos\u00e1r\" oldalon az \"\u00dczenet az elad\u00f3nak\" r\u00e9szbe \u00edrd be, hogy milyen sz\u00f6veget \/ nevet k\u00e9rsz a bor\u00edt\u00f3ra.","score":0,"formatted_price":"7 900 Ft","image_url":"https:\/\/www.meska.hu\/img\/product\/small\/o\/t\/otletlada_product_274209_241206212905_436326.jpeg","formatted_url":"https:\/\/www.meska.hu\/p5454414-nagymamanak-beragasztos-fenykepalbum-sajat-fotoddal-barmilyen-felirattal-9x13-10x15-vagy-13x18-kepeknek-is","favourite":false,"in_stock":false,"avatar":"274209_avatar_1697355906.jpeg","delete_from":0,"is_enhanced_background":false,"is_enhanced":false,"product_selection_started":false,"is_active":true,"image_webp_url":"https:\/\/www.meska.hu\/img\/product\/small\/o\/t\/otletlada_product_274209_241206212905_436326.webp"},{"id":"3414874","shop_id":"24144","user_id":"274209","shop_name":"OtletLada","shop_zip":"7522","product_code":"4650466","product_name_old":null,"product_name":"A vil\u00e1g legjobb apuk\u00e1ja - aj\u00e1nd\u00e9k eml\u00e9kk\u00f6nyv ap\u00e1k napj\u00e1ra -  album \/ aj\u00e1nd\u00e9k \u00f6tlet ap\u00e1knapja - 21x19cm","category_string":"Otthon & \u00c9letm\u00f3d, Pap\u00edr, \u00edr\u00f3szer, Album & Fot\u00f3album","technic_string":"Fot\u00f3, grafika, rajz, illusztr\u00e1ci\u00f3, K\u00f6nyvk\u00f6t\u00e9s","category_1":"813","category_2":"351","category_3":"353","category_4":"0","merged_category_1":"0","merged_category_2":"0","merged_category_3":"0","technic_1":"483","technic_2":"671","technic_3":"0","color_1":"512","color_2":"528","color_3":"529","product_description_old":null,"product_description":"B\u00e1rmilyen sz\u00f6veggel k\u00e9rheted, csak a kos\u00e1r oldalon \u00edrd meg nekem megjegyz\u00e9sben!!! \nKedves trendi aj\u00e1nd\u00e9k eml\u00e9kk\u00f6nyv AP\u00c1K napj\u00e1ra, amibe beleragaszthatod a csal\u00e1di fot\u00f3kat, \u00e9s igaz\u00e1n szem\u00e9lyre sz\u00f3l\u00f3 aj\u00e1nd\u00e9kot var\u00e1zsolhatsz bel\u0151le.\n\nA k\u00f6nyvecsk\u00e9be k\u00e9toldal\u00fa ragaszt\u00f3val lehet a k\u00e9peket beragasztani, goly\u00f3stollal, ceruz\u00e1val, sz\u00ednesceruz\u00e1val lehet bele \u00edrni \/ rajzolni is a fot\u00f3k mell\u00e9. \n\n\u26a0\ufe0fFONTOS\u26a0\ufe0f Amennyiben m\u00e1s sz\u00f6veggel k\u00e9red, akkor a bor\u00edt\u00f3ra ker\u00fcl\u0151 sz\u00f6veget rendel\u00e9skor ne felejtsd el a kos\u00e1r oldalon tal\u00e1lhat\u00f3 \"\u00dczenet az elad\u00f3nak\" mez\u0151be be\u00edrni!\n\nPARAM\u00c9TEREK:\n\u25b6\ufe0f Bel\u00edvek 120g-os \u00fcres feh\u00e9r lapok - 40 db\n\u25b6\ufe0f F\u00e9m spir\u00e1llal\n\u25b6\ufe0f M\u00e9rete: 210x190mm\n\n\u26a0\ufe0f BOR\u00cdT\u00d3JA l\u00e9zer nyomat, h\u00e1tlapja nat\u00far sz\u00edn\u0171 - alapanyaga V\u00c1LASZTHAT\u00d3:\n\u2705 ALAP\u00c1RON: KEM\u00c9NY, de v\u00e9kony (kb 0,5mm) m\u0171anyag bor\u00edt\u00f3\n\u2705+1500 Ft-\u00e9rt v\u00e1laszthat\u00f3 2mm extra vastag, KEM\u00c9NY kartont\u00e1bl\u00e1ra k\u00e9sz\u00fclt bor\u00edt\u00f3val is.\n\nN\u00e9zd meg a t\u00f6bbi term\u00e9kemet is:\nhttps:\/\/www.meska.hu\/shop\/OromKonnyek\n\n>>> Sz\u00e1ll\u00edt\u00e1si \u00e9s \u00c1TV\u00c9TELI inform\u00e1ci\u00f3kat a \"Sz\u00e1ll\u00edt\u00e1si Info\" f\u00fclre kattintva tal\u00e1lod\n\n>>> Fizet\u00e9si m\u00f3d - KIZ\u00c1R\u00d3LAG EL\u0150RE FIZET\u00c9SSEL: Bankk\u00e1rty\u00e1val \/ Barionnal \/\u00c1tutal\u00e1ssal vagy Banki befizet\u00e9ssel\n","price":"7900.00","unit":"db","recommended":"0","status":"1","sponsored":"0","exp_notify":"0","own_material":"0","own_material_description_old":null,"own_material_description":"","jury":"0","jury_number":"","product_nature":"","meskaracsony":"0","create_date":"2026-04-23 14:10:39","shelve_id":"60732","image":"oromkonnyek_product_274209_220601160518_93077.jpeg","image_width":"480","image_height":"443","image_alt":"A vil\u00e1g legjobb apuk\u00e1ja - aj\u00e1nd\u00e9k eml\u00e9kk\u00f6nyv ap\u00e1k napj\u00e1ra -  album \/ aj\u00e1nd\u00e9k \u00f6tlet ap\u00e1knapja - 21x19cm, B\u00e1rmilyen sz\u00f6veggel k\u00e9rheted, csak a kos\u00e1r oldalon \u00edrd meg nekem megjegyz\u00e9sben!!! \\nKedves trendi aj\u00e1..., Meska","image_title":"A vil\u00e1g legjobb apuk\u00e1ja - aj\u00e1nd\u00e9k eml\u00e9kk\u00f6nyv ap\u00e1k napj\u00e1ra -  album \/ aj\u00e1nd\u00e9k \u00f6tlet ap\u00e1knapja - 21x19cm, Meska","view_count":"4417","favourite_count":"0","trending_score":"0","last2MonthFavouriteCount":"0","promotion":"0","giftcard_accept":"0","creditcard_accept":false,"enhanced_background":"0","domain":"meska","specific_customer_id":null,"specific_customer_name":null,"to_order_product":"1","to_order_product_time":"5","product_different":"quite_different","product_different_description":"A monitor sz\u00ednei a nyomtatott\u00f3l elt\u00e9rhetnek.","vintage":"0","vintage_category_id":"0","recycled":"0","gemstone_id":"0","customizable":"1","type_category":"physical","zerowaste":"0","postage_price":"1290.00","shop_order":"184","has_category":"1","landing_pages":"Aj\u00e1nd\u00e9kok f\u00e9rfiaknak, Ap\u00e1k napi aj\u00e1nd\u00e9kok, Ap\u00e1k napi aj\u00e1nd\u00e9kok, Ap\u00e1k napi aj\u00e1nd\u00e9kok, Kar\u00e1csonyi aj\u00e1nd\u00e9kok, Sz\u00fclinapi aj\u00e1nd\u00e9kok","microdata":{"number":18,"category":""},"title":"A vil\u00e1g legjobb apuk\u00e1ja - aj\u00e1nd\u00e9k eml\u00e9kk\u00f6nyv ap\u00e1k napj\u00e1ra -  album \/ aj\u00e1nd\u00e9k \u00f6tlet ap\u00e1knapja - 21x19cm","description":"B\u00e1rmilyen sz\u00f6veggel k\u00e9rheted, csak a kos\u00e1r oldalon \u00edrd meg nekem megjegyz\u00e9sben!!! \nKedves trendi aj\u00e1nd\u00e9k eml\u00e9kk\u00f6nyv AP\u00c1K napj\u00e1ra, amibe beleragaszthatod a csal\u00e1di fot\u00f3kat, \u00e9s igaz\u00e1n szem\u00e9lyre sz\u00f3l\u00f3 aj\u00e1nd\u00e9kot var\u00e1zsolhatsz bel\u0151le.\n\nA k\u00f6nyvecsk\u00e9be k\u00e9toldal\u00fa ragaszt\u00f3val lehet a k\u00e9peket beragasztani, goly\u00f3stollal, ceruz\u00e1val, sz\u00ednesceruz\u00e1val lehet bele \u00edrni \/ rajzolni is a fot\u00f3k mell\u00e9. \n\n\u26a0\ufe0fFONTOS\u26a0\ufe0f Amennyiben m\u00e1s sz\u00f6veggel k\u00e9red, akkor a bor\u00edt\u00f3ra ker\u00fcl\u0151 sz\u00f6veget rendel\u00e9skor ne felejtsd el a kos\u00e1r oldalon tal\u00e1lhat\u00f3 \"\u00dczenet az elad\u00f3nak\" mez\u0151be be\u00edrni!\n\nPARAM\u00c9TEREK:\n\u25b6\ufe0f Bel\u00edvek 120g-os \u00fcres feh\u00e9r lapok - 40 db\n\u25b6\ufe0f F\u00e9m spir\u00e1llal\n\u25b6\ufe0f M\u00e9rete: 210x190mm\n\n\u26a0\ufe0f BOR\u00cdT\u00d3JA l\u00e9zer nyomat, h\u00e1tlapja nat\u00far sz\u00edn\u0171 - alapanyaga V\u00c1LASZTHAT\u00d3:\n\u2705 ALAP\u00c1RON: KEM\u00c9NY, de v\u00e9kony (kb 0,5mm) m\u0171anyag bor\u00edt\u00f3\n\u2705+1500 Ft-\u00e9rt v\u00e1laszthat\u00f3 2mm extra vastag, KEM\u00c9NY kartont\u00e1bl\u00e1ra k\u00e9sz\u00fclt bor\u00edt\u00f3val is.\n\nN\u00e9zd meg a t\u00f6bbi term\u00e9kemet is:\nhttps:\/\/www.meska.hu\/shop\/OromKonnyek\n\n>>> Sz\u00e1ll\u00edt\u00e1si \u00e9s \u00c1TV\u00c9TELI inform\u00e1ci\u00f3kat a \"Sz\u00e1ll\u00edt\u00e1si Info\" f\u00fclre kattintva tal\u00e1lod\n\n>>> Fizet\u00e9si m\u00f3d - KIZ\u00c1R\u00d3LAG EL\u0150RE FIZET\u00c9SSEL: Bankk\u00e1rty\u00e1val \/ Barionnal \/\u00c1tutal\u00e1ssal vagy Banki befizet\u00e9ssel\n","score":0,"formatted_price":"7 900 Ft","image_url":"https:\/\/www.meska.hu\/img\/product\/small\/o\/r\/oromkonnyek_product_274209_220601160518_93077.jpeg","formatted_url":"https:\/\/www.meska.hu\/p4650466-a-vilag-legjobb-apukaja-ajandek-emlekkonyv-apak-napjara-album-ajandek-otlet-apaknapja-21x19cm","favourite":false,"in_stock":false,"avatar":"274209_avatar_1697355906.jpeg","delete_from":0,"is_enhanced_background":false,"is_enhanced":false,"product_selection_started":false,"is_active":true,"image_webp_url":"https:\/\/www.meska.hu\/img\/product\/small\/o\/r\/oromkonnyek_product_274209_220601160518_93077.webp"},{"id":"5724951","shop_id":"46170","user_id":"355200","shop_name":"DekorPatika","shop_zip":"6000","product_code":"5518438","product_name_old":null,"product_name":"Any\u00e1k  napi falik\u00e9p","category_string":"Otthon & \u00c9letm\u00f3d, Pap\u00edr, \u00edr\u00f3szer, Album & Fot\u00f3album","technic_string":"Fot\u00f3, grafika, rajz, illusztr\u00e1ci\u00f3","category_1":"813","category_2":"351","category_3":"353","category_4":"0","merged_category_1":null,"merged_category_2":null,"merged_category_3":null,"technic_1":"483","technic_2":"0","technic_3":"0","color_1":"519","color_2":"0","color_3":"0","product_description_old":null,"product_description":"Nincs \u00f6tleted milyen aj\u00e1nd\u00e9kkal k\u00e9sz\u00fclj Any\u00e1k Napj\u00e1ra?\n\nElk\u00e9sz\u00edtem sz\u00e1modra a t\u00f6k\u00e9letes aj\u00e1nd\u00e9kot! Ez az egyedi falik\u00e9p remek d\u00edsze lehet lak\u00e1snak \u00e9s \u00f6r\u00f6k eml\u00e9k az eg\u00e9sz csal\u00e1dnak!\n\nA k\u00e9pkeret A\/4 m\u00e9ret\u0171, amely falra akaszthat\u00f3 vagy polcra is helyezhet\u0151!\n\nM\u00e9rete: 21x30cm\n\nLehet\u0151s\u00e9ged van digit\u00e1lis form\u00e1tumban megrendelni a term\u00e9ket! Ebben az esetben, miut\u00e1n kifizetted a term\u00e9ket, elk\u00e9sz\u00edtem a grafik\u00e1t. A dekor\u00e1ci\u00f3t ezut\u00e1n PDF form\u00e1tumban emailben elk\u00fcld\u00f6m a r\u00e9szedre, amit otthon ki tudsz nyomtatni \u00e9s be tudsz keretezni.\n\n --- Mikor v\u00e1laszd a nyomtathat\u00f3 dekor\u00e1ci\u00f3t a keretbe helyezett k\u00e9p helyett? --- \n\n- ha olcs\u00f3bb megold\u00e1st keresel, hiszen nincs plusz postak\u00f6lts\u00e9ged  \n- ha gyorsabban szeretn\u00e9d megkapni, hiszen nincs post\u00e1z\u00e1s \n- ha utols\u00f3 pillanatban aj\u00e1nd\u00e9k dekor\u00e1ci\u00f3t szeretn\u00e9l \u00e9s nincs id\u0151d v\u00e1rni \n- ha az otthoni sz\u00ednes nyomtat\u00f3ddal vagy valamely k\u00f6zeli fot\u00f3 kioszkban kinyomtatn\u00e1d \n- ha megl\u00e9v\u0151 keretbe szeretn\u00e9d \n- ha esetleg t\u00f6bb p\u00e9ld\u00e1nyra is sz\u00fcks\u00e9ged lenne  \n\nK\u00e9rlek, vedd figyelembe, hogy a megjelen\u00edtett sz\u00ednek kis m\u00e9rt\u00e9kben elt\u00e9rhetnek a k\u00fcl\u00f6nb\u00f6z\u0151 kijelz\u0151k\u00f6n. \n\nAmennyiben s\u00fcrg\u0151s megrendel\u00e9sre van sz\u00fcks\u00e9ged k\u00e9rlek v\u00e1laszd a \u201cS\u00fcrg\u0151s megrendel\u00e9s\u201d opci\u00f3t \u00e9s 1 munkanapon bel\u00fcl elk\u00e9sz\u00edtem a term\u00e9ket!\nHa foxpost automat\u00e1t v\u00e1lasztott\u00e1l, k\u00e9rlek \u00edrd meg melyikbe k\u00fcldhetem.\n\nA term\u00e9k k\u00e9sz\u00edt\u00e9s\u00e9t \u00e9s post\u00e1z\u00e1s\u00e1t csak a fizet\u00e9s be\u00e9rkez\u00e9se ut\u00e1n tudom elkezdeni! K\u00f6sz\u00f6n\u00f6m a meg\u00e9rt\u00e9sed!","price":"3490.00","unit":"db","recommended":"0","status":"1","sponsored":"0","exp_notify":"0","own_material":"0","own_material_description_old":null,"own_material_description":"","jury":"0","jury_number":"","product_nature":"","meskaracsony":"0","create_date":"2026-04-23 11:09:27","shelve_id":"0","image":"dekorpatika_product_355200_250309143118_119450.jpeg","image_width":"480","image_height":"339","image_alt":"Any\u00e1k  napi falik\u00e9p, Nincs \u00f6tleted milyen aj\u00e1nd\u00e9kkal k\u00e9sz\u00fclj Any\u00e1k Napj\u00e1ra?\\n\\nElk\u00e9sz\u00edtem sz\u00e1modra a t\u00f6k\u00e9letes aj\u00e1nd\u00e9kot! E..., Meska","image_title":"Any\u00e1k  napi falik\u00e9p, Meska","view_count":"643","favourite_count":"1","trending_score":"0","last2MonthFavouriteCount":"1","promotion":"0","giftcard_accept":"0","creditcard_accept":true,"enhanced_background":"0","domain":"meska","specific_customer_id":null,"specific_customer_name":null,"to_order_product":"1","to_order_product_time":"4","product_different":null,"product_different_description":"","vintage":"0","vintage_category_id":"0","recycled":"0","gemstone_id":"0","customizable":"1","type_category":"digital","zerowaste":"0","postage_price":"1290.00","shop_order":"0","has_category":"1","landing_pages":"Any\u00e1k napi aj\u00e1nd\u00e9kok","microdata":{"number":19,"category":""},"title":"Any\u00e1k  napi falik\u00e9p","description":"Nincs \u00f6tleted milyen aj\u00e1nd\u00e9kkal k\u00e9sz\u00fclj Any\u00e1k Napj\u00e1ra?\n\nElk\u00e9sz\u00edtem sz\u00e1modra a t\u00f6k\u00e9letes aj\u00e1nd\u00e9kot! Ez az egyedi falik\u00e9p remek d\u00edsze lehet lak\u00e1snak \u00e9s \u00f6r\u00f6k eml\u00e9k az eg\u00e9sz csal\u00e1dnak!\n\nA k\u00e9pkeret A\/4 m\u00e9ret\u0171, amely falra akaszthat\u00f3 vagy polcra is helyezhet\u0151!\n\nM\u00e9rete: 21x30cm\n\nLehet\u0151s\u00e9ged van digit\u00e1lis form\u00e1tumban megrendelni a term\u00e9ket! Ebben az esetben, miut\u00e1n kifizetted a term\u00e9ket, elk\u00e9sz\u00edtem a grafik\u00e1t. A dekor\u00e1ci\u00f3t ezut\u00e1n PDF form\u00e1tumban emailben elk\u00fcld\u00f6m a r\u00e9szedre, amit otthon ki tudsz nyomtatni \u00e9s be tudsz keretezni.\n\n --- Mikor v\u00e1laszd a nyomtathat\u00f3 dekor\u00e1ci\u00f3t a keretbe helyezett k\u00e9p helyett? --- \n\n- ha olcs\u00f3bb megold\u00e1st keresel, hiszen nincs plusz postak\u00f6lts\u00e9ged  \n- ha gyorsabban szeretn\u00e9d megkapni, hiszen nincs post\u00e1z\u00e1s \n- ha utols\u00f3 pillanatban aj\u00e1nd\u00e9k dekor\u00e1ci\u00f3t szeretn\u00e9l \u00e9s nincs id\u0151d v\u00e1rni \n- ha az otthoni sz\u00ednes nyomtat\u00f3ddal vagy valamely k\u00f6zeli fot\u00f3 kioszkban kinyomtatn\u00e1d \n- ha megl\u00e9v\u0151 keretbe szeretn\u00e9d \n- ha esetleg t\u00f6bb p\u00e9ld\u00e1nyra is sz\u00fcks\u00e9ged lenne  \n\nK\u00e9rlek, vedd figyelembe, hogy a megjelen\u00edtett sz\u00ednek kis m\u00e9rt\u00e9kben elt\u00e9rhetnek a k\u00fcl\u00f6nb\u00f6z\u0151 kijelz\u0151k\u00f6n. \n\nAmennyiben s\u00fcrg\u0151s megrendel\u00e9sre van sz\u00fcks\u00e9ged k\u00e9rlek v\u00e1laszd a \u201cS\u00fcrg\u0151s megrendel\u00e9s\u201d opci\u00f3t \u00e9s 1 munkanapon bel\u00fcl elk\u00e9sz\u00edtem a term\u00e9ket!\nHa foxpost automat\u00e1t v\u00e1lasztott\u00e1l, k\u00e9rlek \u00edrd meg melyikbe k\u00fcldhetem.\n\nA term\u00e9k k\u00e9sz\u00edt\u00e9s\u00e9t \u00e9s post\u00e1z\u00e1s\u00e1t csak a fizet\u00e9s be\u00e9rkez\u00e9se ut\u00e1n tudom elkezdeni! K\u00f6sz\u00f6n\u00f6m a meg\u00e9rt\u00e9sed!","score":0,"formatted_price":"3 490 Ft","image_url":"https:\/\/www.meska.hu\/img\/product\/small\/d\/e\/dekorpatika_product_355200_250309143118_119450.jpeg","formatted_url":"https:\/\/www.meska.hu\/p5518438-anyak-napi-falikep","favourite":false,"in_stock":false,"avatar":"355200_avatar_1726093454.jpeg","delete_from":0,"is_enhanced_background":false,"is_enhanced":false,"product_selection_started":false,"is_active":true,"image_webp_url":"https:\/\/www.meska.hu\/img\/product\/small\/d\/e\/dekorpatika_product_355200_250309143118_119450.webp"},{"id":"5724921","shop_id":"46170","user_id":"355200","shop_name":"DekorPatika","shop_zip":"6000","product_code":"5518410","product_name_old":null,"product_name":"Boldog Any\u00e1k Napj\u00e1t falik\u00e9p","category_string":"Otthon & \u00c9letm\u00f3d, Pap\u00edr, \u00edr\u00f3szer, Album & Fot\u00f3album","technic_string":"Fot\u00f3, grafika, rajz, illusztr\u00e1ci\u00f3","category_1":"813","category_2":"351","category_3":"353","category_4":"0","merged_category_1":null,"merged_category_2":null,"merged_category_3":null,"technic_1":"483","technic_2":"0","technic_3":"0","color_1":"519","color_2":"0","color_3":"0","product_description_old":null,"product_description":"Nincs \u00f6tleted milyen aj\u00e1nd\u00e9kkal k\u00e9sz\u00fclj Any\u00e1k Napj\u00e1ra?\n\nElk\u00e9sz\u00edtem sz\u00e1modra a t\u00f6k\u00e9letes aj\u00e1nd\u00e9kot! Ez az egyedi falik\u00e9p remek d\u00edsze lehet lak\u00e1snak \u00e9s \u00f6r\u00f6k eml\u00e9k az eg\u00e9sz csal\u00e1dnak!\n\nA k\u00e9pkeret A\/4 m\u00e9ret\u0171, amely falra akaszthat\u00f3 vagy polcra is helyezhet\u0151!\n\nM\u00e9rete: 21x30cm\n\nLehet\u0151s\u00e9ged van digit\u00e1lis form\u00e1tumban megrendelni a term\u00e9ket! Ebben az esetben, miut\u00e1n kifizetted a term\u00e9ket, elk\u00e9sz\u00edtem a grafik\u00e1t. A dekor\u00e1ci\u00f3t ezut\u00e1n PDF form\u00e1tumban emailben elk\u00fcld\u00f6m a r\u00e9szedre, amit otthon ki tudsz nyomtatni \u00e9s be tudsz keretezni.\n\n --- Mikor v\u00e1laszd a nyomtathat\u00f3 dekor\u00e1ci\u00f3t a keretbe helyezett k\u00e9p helyett? --- \n\n- ha olcs\u00f3bb megold\u00e1st keresel, hiszen nincs plusz postak\u00f6lts\u00e9ged  \n- ha gyorsabban szeretn\u00e9d megkapni, hiszen nincs post\u00e1z\u00e1s \n- ha utols\u00f3 pillanatban aj\u00e1nd\u00e9k dekor\u00e1ci\u00f3t szeretn\u00e9l \u00e9s nincs id\u0151d v\u00e1rni \n- ha az otthoni sz\u00ednes nyomtat\u00f3ddal vagy valamely k\u00f6zeli fot\u00f3 kioszkban kinyomtatn\u00e1d \n- ha megl\u00e9v\u0151 keretbe szeretn\u00e9d \n- ha esetleg t\u00f6bb p\u00e9ld\u00e1nyra is sz\u00fcks\u00e9ged lenne  \n\nK\u00e9rlek, vedd figyelembe, hogy a megjelen\u00edtett sz\u00ednek kis m\u00e9rt\u00e9kben elt\u00e9rhetnek a k\u00fcl\u00f6nb\u00f6z\u0151 kijelz\u0151k\u00f6n. \n\nAmennyiben s\u00fcrg\u0151s megrendel\u00e9sre van sz\u00fcks\u00e9ged k\u00e9rlek v\u00e1laszd a \u201cS\u00fcrg\u0151s megrendel\u00e9s\u201d opci\u00f3t \u00e9s 1 munkanapon bel\u00fcl elk\u00e9sz\u00edtem a term\u00e9ket!\nHa foxpost automat\u00e1t v\u00e1lasztott\u00e1l, k\u00e9rlek \u00edrd meg melyikbe k\u00fcldhetem.\n\nA term\u00e9k k\u00e9sz\u00edt\u00e9s\u00e9t \u00e9s post\u00e1z\u00e1s\u00e1t csak a fizet\u00e9s be\u00e9rkez\u00e9se ut\u00e1n tudom elkezdeni! K\u00f6sz\u00f6n\u00f6m a meg\u00e9rt\u00e9sed!","price":"3490.00","unit":"db","recommended":"0","status":"1","sponsored":"0","exp_notify":"0","own_material":"0","own_material_description_old":null,"own_material_description":"","jury":"0","jury_number":"","product_nature":"","meskaracsony":"0","create_date":"2026-04-22 16:03:03","shelve_id":"0","image":"dekorpatika_product_355200_260424113345_569499.jpeg","image_width":"480","image_height":"480","image_alt":"Boldog Any\u00e1k Napj\u00e1t falik\u00e9p, Nincs \u00f6tleted milyen aj\u00e1nd\u00e9kkal k\u00e9sz\u00fclj Any\u00e1k Napj\u00e1ra?\\n\\nElk\u00e9sz\u00edtem sz\u00e1modra a t\u00f6k\u00e9letes aj\u00e1nd\u00e9kot! E..., Meska","image_title":"Boldog Any\u00e1k Napj\u00e1t falik\u00e9p, Meska","view_count":"707","favourite_count":"0","trending_score":"0","last2MonthFavouriteCount":"0","promotion":"0","giftcard_accept":"0","creditcard_accept":true,"enhanced_background":"0","domain":"meska","specific_customer_id":null,"specific_customer_name":null,"to_order_product":"1","to_order_product_time":"4","product_different":null,"product_different_description":"","vintage":"0","vintage_category_id":"0","recycled":"0","gemstone_id":"0","customizable":"1","type_category":"digital","zerowaste":"0","postage_price":"1290.00","shop_order":"0","has_category":"1","landing_pages":"Any\u00e1k napi aj\u00e1nd\u00e9kok","microdata":{"number":20,"category":""},"title":"Boldog Any\u00e1k Napj\u00e1t falik\u00e9p","description":"Nincs \u00f6tleted milyen aj\u00e1nd\u00e9kkal k\u00e9sz\u00fclj Any\u00e1k Napj\u00e1ra?\n\nElk\u00e9sz\u00edtem sz\u00e1modra a t\u00f6k\u00e9letes aj\u00e1nd\u00e9kot! Ez az egyedi falik\u00e9p remek d\u00edsze lehet lak\u00e1snak \u00e9s \u00f6r\u00f6k eml\u00e9k az eg\u00e9sz csal\u00e1dnak!\n\nA k\u00e9pkeret A\/4 m\u00e9ret\u0171, amely falra akaszthat\u00f3 vagy polcra is helyezhet\u0151!\n\nM\u00e9rete: 21x30cm\n\nLehet\u0151s\u00e9ged van digit\u00e1lis form\u00e1tumban megrendelni a term\u00e9ket! Ebben az esetben, miut\u00e1n kifizetted a term\u00e9ket, elk\u00e9sz\u00edtem a grafik\u00e1t. A dekor\u00e1ci\u00f3t ezut\u00e1n PDF form\u00e1tumban emailben elk\u00fcld\u00f6m a r\u00e9szedre, amit otthon ki tudsz nyomtatni \u00e9s be tudsz keretezni.\n\n --- Mikor v\u00e1laszd a nyomtathat\u00f3 dekor\u00e1ci\u00f3t a keretbe helyezett k\u00e9p helyett? --- \n\n- ha olcs\u00f3bb megold\u00e1st keresel, hiszen nincs plusz postak\u00f6lts\u00e9ged  \n- ha gyorsabban szeretn\u00e9d megkapni, hiszen nincs post\u00e1z\u00e1s \n- ha utols\u00f3 pillanatban aj\u00e1nd\u00e9k dekor\u00e1ci\u00f3t szeretn\u00e9l \u00e9s nincs id\u0151d v\u00e1rni \n- ha az otthoni sz\u00ednes nyomtat\u00f3ddal vagy valamely k\u00f6zeli fot\u00f3 kioszkban kinyomtatn\u00e1d \n- ha megl\u00e9v\u0151 keretbe szeretn\u00e9d \n- ha esetleg t\u00f6bb p\u00e9ld\u00e1nyra is sz\u00fcks\u00e9ged lenne  \n\nK\u00e9rlek, vedd figyelembe, hogy a megjelen\u00edtett sz\u00ednek kis m\u00e9rt\u00e9kben elt\u00e9rhetnek a k\u00fcl\u00f6nb\u00f6z\u0151 kijelz\u0151k\u00f6n. \n\nAmennyiben s\u00fcrg\u0151s megrendel\u00e9sre van sz\u00fcks\u00e9ged k\u00e9rlek v\u00e1laszd a \u201cS\u00fcrg\u0151s megrendel\u00e9s\u201d opci\u00f3t \u00e9s 1 munkanapon bel\u00fcl elk\u00e9sz\u00edtem a term\u00e9ket!\nHa foxpost automat\u00e1t v\u00e1lasztott\u00e1l, k\u00e9rlek \u00edrd meg melyikbe k\u00fcldhetem.\n\nA term\u00e9k k\u00e9sz\u00edt\u00e9s\u00e9t \u00e9s post\u00e1z\u00e1s\u00e1t csak a fizet\u00e9s be\u00e9rkez\u00e9se ut\u00e1n tudom elkezdeni! K\u00f6sz\u00f6n\u00f6m a meg\u00e9rt\u00e9sed!","score":0,"formatted_price":"3 490 Ft","image_url":"https:\/\/www.meska.hu\/img\/product\/small\/d\/e\/dekorpatika_product_355200_260424113345_569499.jpeg","formatted_url":"https:\/\/www.meska.hu\/p5518410-boldog-anyak-napjat-falikep","favourite":false,"in_stock":false,"avatar":"355200_avatar_1726093454.jpeg","delete_from":0,"is_enhanced_background":false,"is_enhanced":false,"product_selection_started":false,"is_active":true,"image_webp_url":"https:\/\/www.meska.hu\/img\/product\/small\/d\/e\/dekorpatika_product_355200_260424113345_569499.webp"},{"id":"5522817","shop_id":"37585","user_id":"491560","shop_name":"PillangoPapir","shop_zip":"1163","product_code":"5398197","product_name_old":null,"product_name":"Letisztult, eleg\u00e1ns fot\u00f3album, eml\u00e9kk\u00f6nyv","category_string":"Otthon & \u00c9letm\u00f3d, Pap\u00edr, \u00edr\u00f3szer, Album & Fot\u00f3album","technic_string":"Fot\u00f3, grafika, rajz, illusztr\u00e1ci\u00f3, K\u00f6nyvk\u00f6t\u00e9s","category_1":"813","category_2":"351","category_3":"353","category_4":"0","merged_category_1":null,"merged_category_2":null,"merged_category_3":null,"technic_1":"483","technic_2":"671","technic_3":"0","color_1":"515","color_2":"519","color_3":"0","product_description_old":null,"product_description":"Legyen igaz\u00e1n egyedi, f\u00e9nyk\u00e9pes bor\u00edt\u00f3s eml\u00e9kk\u00f6nyved! \n\nHa esk\u00fcv\u0151d volt vagy n\u00e1szutad, esetleg sz\u00fclinapra, ballag\u00e1sra aj\u00e1nd\u00e9kozn\u00e1l valamit vagy egy csod\u00e1s nyaral\u00e1son vett\u00e9l r\u00e9szt, ebbe az albumba tetsz\u00e9s szerint \u00edrhatsz fel eml\u00e9keket, id\u00e9zeteket, kedves \u00fczeneteket az aj\u00e1nd\u00e9kozott sz\u00e1m\u00e1ra vagy bele tudod beragasztani a f\u00e9nyk\u00e9peidet, mell\u00e9 pedig \u00edrhatsz is, \u00edgy szuper fot\u00f3album is k\u00e9sz\u00fclhet bel\u0151le.\n\nA bor\u00edt\u00f3n az \u00f6sszes sz\u00f6veg tetsz\u00e9s szerint k\u00e9sz\u00fcl, valamint 5 darab f\u00e9nyk\u00e9p ker\u00fclhet elhelyez\u00e9sre.\nA h\u00e1tulj\u00e1ra is ker\u00fclhet id\u00e9zet, sz\u00f6veg, monogram, plusz fot\u00f3 stb.\nEzt rendel\u00e9s ut\u00e1n e-mailben tudjuk majd egyeztetni, az elk\u00e9sz\u00edt\u00e9s el\u0151tt pedig l\u00e1tv\u00e1nytervet k\u00fcld\u00f6k a bor\u00edt\u00f3kr\u00f3l!\n\nA k\u00f6nyv 18 x 24 cm m\u00e9ret\u0171, kem\u00e9nyfedeles, matt bor\u00edt\u00f3val k\u00e9sz\u00fcl, k\u00e9t db feh\u00e9r spir\u00e1llal \u00f6sszef\u0171zve, amit\u0151l igaz\u00e1n egyedi megjelen\u00e9st kap.\n\nK\u00e9t f\u00e9le bels\u0151 lapokkal k\u00e9sz\u00fclhet, funkci\u00f3j\u00e1t\u00f3l f\u00fcgg\u0151en:\n\n- Eml\u00e9kk\u00f6nyv: 40 db (80 oldal) 120 g-os h\u00f3feh\u00e9r, selymes tapint\u00e1s\u00fa pap\u00edrlappal, \u00edgy j\u00f3k\u00edv\u00e1ns\u00e1gok, \u00fcdv\u00f6zletek, id\u00e9zetek ker\u00fclhetnek bele. Ak\u00e1r tollal, filccel is \u00edrhat\u00f3, nem fog \u00e1t\u00fctni rajta az \u00edr\u00e1s.\n\n- Fot\u00f3album: 30 db (60 oldal) 230 g-os vastagabb feh\u00e9r kartonlappal, \u00edgy m\u00e1r f\u00e9nyk\u00e9peket is lehet beleragasztani k\u00e9toldal\u00fa ragaszt\u00f3val, fot\u00f3sarokkal, foly\u00e9kony ragaszt\u00f3val, vagy egyszer\u0171 ragaszt\u00f3szalaggal is.\nEgy oldalra ak\u00e1r 4 db Instax f\u00e9nyk\u00e9p (8,6 x 5,4 cm), 2 db \u00e1ll\u00f3 k\u00e9p vagy 1 db fekv\u0151 k\u00e9p f\u00e9r el (9x13 cm vagy 10 x 15 cm).\nMellette marad m\u00e9g hely feliratokat is elhelyezni!\nMaximum 40 db lappal tudom k\u00e9sz\u00edteni az albumot.\n\nHa m\u00f3dos\u00edtan\u00e1l a bet\u0171t\u00edpuson vagy a grafik\u00e1n, nyugodtan \u00edrd meg elk\u00e9pzel\u00e9sed egy \u00fczenetben vagy v\u00e1s\u00e1rl\u00e1s ut\u00e1n e-mailben!","price":"8490.00","unit":"db","recommended":"0","status":"1","sponsored":"0","exp_notify":"0","own_material":"0","own_material_description_old":null,"own_material_description":"","jury":"0","jury_number":"","product_nature":"","meskaracsony":"0","create_date":"2026-04-21 22:55:09","shelve_id":"71915","image":"pillangopapir_product_491560_241016105719_918998.jpeg","image_width":"480","image_height":"631","image_alt":"Letisztult, eleg\u00e1ns fot\u00f3album, eml\u00e9kk\u00f6nyv, Legyen igaz\u00e1n egyedi, f\u00e9nyk\u00e9pes bor\u00edt\u00f3s eml\u00e9kk\u00f6nyved! \\n\\nHa esk\u00fcv\u0151d volt vagy n\u00e1szutad, esetleg sz\u00fcli..., Meska","image_title":"Letisztult, eleg\u00e1ns fot\u00f3album, eml\u00e9kk\u00f6nyv, Meska","view_count":"609","favourite_count":"0","trending_score":"0","last2MonthFavouriteCount":"0","promotion":"0","giftcard_accept":"0","creditcard_accept":true,"enhanced_background":"0","domain":"meska","specific_customer_id":null,"specific_customer_name":null,"to_order_product":"1","to_order_product_time":"2","product_different":null,"product_different_description":"","vintage":"0","vintage_category_id":"0","recycled":"0","gemstone_id":"0","customizable":"0","type_category":"physical","zerowaste":"0","postage_price":"1300.00","shop_order":"20","has_category":"1","landing_pages":null,"microdata":{"number":21,"category":""},"title":"Letisztult, eleg\u00e1ns fot\u00f3album, eml\u00e9kk\u00f6nyv","description":"Legyen igaz\u00e1n egyedi, f\u00e9nyk\u00e9pes bor\u00edt\u00f3s eml\u00e9kk\u00f6nyved! \n\nHa esk\u00fcv\u0151d volt vagy n\u00e1szutad, esetleg sz\u00fclinapra, ballag\u00e1sra aj\u00e1nd\u00e9kozn\u00e1l valamit vagy egy csod\u00e1s nyaral\u00e1son vett\u00e9l r\u00e9szt, ebbe az albumba tetsz\u00e9s szerint \u00edrhatsz fel eml\u00e9keket, id\u00e9zeteket, kedves \u00fczeneteket az aj\u00e1nd\u00e9kozott sz\u00e1m\u00e1ra vagy bele tudod beragasztani a f\u00e9nyk\u00e9peidet, mell\u00e9 pedig \u00edrhatsz is, \u00edgy szuper fot\u00f3album is k\u00e9sz\u00fclhet bel\u0151le.\n\nA bor\u00edt\u00f3n az \u00f6sszes sz\u00f6veg tetsz\u00e9s szerint k\u00e9sz\u00fcl, valamint 5 darab f\u00e9nyk\u00e9p ker\u00fclhet elhelyez\u00e9sre.\nA h\u00e1tulj\u00e1ra is ker\u00fclhet id\u00e9zet, sz\u00f6veg, monogram, plusz fot\u00f3 stb.\nEzt rendel\u00e9s ut\u00e1n e-mailben tudjuk majd egyeztetni, az elk\u00e9sz\u00edt\u00e9s el\u0151tt pedig l\u00e1tv\u00e1nytervet k\u00fcld\u00f6k a bor\u00edt\u00f3kr\u00f3l!\n\nA k\u00f6nyv 18 x 24 cm m\u00e9ret\u0171, kem\u00e9nyfedeles, matt bor\u00edt\u00f3val k\u00e9sz\u00fcl, k\u00e9t db feh\u00e9r spir\u00e1llal \u00f6sszef\u0171zve, amit\u0151l igaz\u00e1n egyedi megjelen\u00e9st kap.\n\nK\u00e9t f\u00e9le bels\u0151 lapokkal k\u00e9sz\u00fclhet, funkci\u00f3j\u00e1t\u00f3l f\u00fcgg\u0151en:\n\n- Eml\u00e9kk\u00f6nyv: 40 db (80 oldal) 120 g-os h\u00f3feh\u00e9r, selymes tapint\u00e1s\u00fa pap\u00edrlappal, \u00edgy j\u00f3k\u00edv\u00e1ns\u00e1gok, \u00fcdv\u00f6zletek, id\u00e9zetek ker\u00fclhetnek bele. Ak\u00e1r tollal, filccel is \u00edrhat\u00f3, nem fog \u00e1t\u00fctni rajta az \u00edr\u00e1s.\n\n- Fot\u00f3album: 30 db (60 oldal) 230 g-os vastagabb feh\u00e9r kartonlappal, \u00edgy m\u00e1r f\u00e9nyk\u00e9peket is lehet beleragasztani k\u00e9toldal\u00fa ragaszt\u00f3val, fot\u00f3sarokkal, foly\u00e9kony ragaszt\u00f3val, vagy egyszer\u0171 ragaszt\u00f3szalaggal is.\nEgy oldalra ak\u00e1r 4 db Instax f\u00e9nyk\u00e9p (8,6 x 5,4 cm), 2 db \u00e1ll\u00f3 k\u00e9p vagy 1 db fekv\u0151 k\u00e9p f\u00e9r el (9x13 cm vagy 10 x 15 cm).\nMellette marad m\u00e9g hely feliratokat is elhelyezni!\nMaximum 40 db lappal tudom k\u00e9sz\u00edteni az albumot.\n\nHa m\u00f3dos\u00edtan\u00e1l a bet\u0171t\u00edpuson vagy a grafik\u00e1n, nyugodtan \u00edrd meg elk\u00e9pzel\u00e9sed egy \u00fczenetben vagy v\u00e1s\u00e1rl\u00e1s ut\u00e1n e-mailben!","score":0,"formatted_price":"8 490 Ft","image_url":"https:\/\/www.meska.hu\/img\/product\/small\/p\/i\/pillangopapir_product_491560_241016105719_918998.jpeg","formatted_url":"https:\/\/www.meska.hu\/p5398197-letisztult-elegans-fotoalbum","favourite":false,"in_stock":false,"avatar":"PillangoPapir_avatar_491560_1677664091.jpg","delete_from":0,"is_enhanced_background":false,"is_enhanced":false,"product_selection_started":false,"is_active":true,"image_webp_url":"https:\/\/www.meska.hu\/img\/product\/small\/p\/i\/pillangopapir_product_491560_241016105719_918998.webp"},{"id":"5724946","shop_id":"46170","user_id":"355200","shop_name":"DekorPatika","shop_zip":"6000","product_code":"5518433","product_name_old":null,"product_name":"Any\u00e1k napi falik\u00e9p","category_string":"Otthon & \u00c9letm\u00f3d, Pap\u00edr, \u00edr\u00f3szer, Album & Fot\u00f3album","technic_string":"Fot\u00f3, grafika, rajz, illusztr\u00e1ci\u00f3","category_1":"813","category_2":"351","category_3":"353","category_4":"0","merged_category_1":null,"merged_category_2":null,"merged_category_3":null,"technic_1":"483","technic_2":"0","technic_3":"0","color_1":"519","color_2":"0","color_3":"0","product_description_old":null,"product_description":"Nincs \u00f6tleted milyen aj\u00e1nd\u00e9kkal k\u00e9sz\u00fclj Any\u00e1k Napj\u00e1ra?\n\nElk\u00e9sz\u00edtem sz\u00e1modra a t\u00f6k\u00e9letes aj\u00e1nd\u00e9kot! Ez az egyedi falik\u00e9p remek d\u00edsze lehet lak\u00e1snak \u00e9s \u00f6r\u00f6k eml\u00e9k az eg\u00e9sz csal\u00e1dnak!\n\nA k\u00e9pkeret A\/4 m\u00e9ret\u0171, amely falra akaszthat\u00f3 vagy polcra is helyezhet\u0151!\n\nM\u00e9rete: 21x30cm\n\nLehet\u0151s\u00e9ged van digit\u00e1lis form\u00e1tumban megrendelni a term\u00e9ket! Ebben az esetben, miut\u00e1n kifizetted a term\u00e9ket, elk\u00e9sz\u00edtem a grafik\u00e1t. A dekor\u00e1ci\u00f3t ezut\u00e1n PDF form\u00e1tumban emailben elk\u00fcld\u00f6m a r\u00e9szedre, amit otthon ki tudsz nyomtatni \u00e9s be tudsz keretezni.\n\n --- Mikor v\u00e1laszd a nyomtathat\u00f3 dekor\u00e1ci\u00f3t a keretbe helyezett k\u00e9p helyett? --- \n\n- ha olcs\u00f3bb megold\u00e1st keresel, hiszen nincs plusz postak\u00f6lts\u00e9ged  \n- ha gyorsabban szeretn\u00e9d megkapni, hiszen nincs post\u00e1z\u00e1s \n- ha utols\u00f3 pillanatban aj\u00e1nd\u00e9k dekor\u00e1ci\u00f3t szeretn\u00e9l \u00e9s nincs id\u0151d v\u00e1rni \n- ha az otthoni sz\u00ednes nyomtat\u00f3ddal vagy valamely k\u00f6zeli fot\u00f3 kioszkban kinyomtatn\u00e1d \n- ha megl\u00e9v\u0151 keretbe szeretn\u00e9d \n- ha esetleg t\u00f6bb p\u00e9ld\u00e1nyra is sz\u00fcks\u00e9ged lenne  \n\nK\u00e9rlek, vedd figyelembe, hogy a megjelen\u00edtett sz\u00ednek kis m\u00e9rt\u00e9kben elt\u00e9rhetnek a k\u00fcl\u00f6nb\u00f6z\u0151 kijelz\u0151k\u00f6n. \n\nAmennyiben s\u00fcrg\u0151s megrendel\u00e9sre van sz\u00fcks\u00e9ged k\u00e9rlek v\u00e1laszd a \u201cS\u00fcrg\u0151s megrendel\u00e9s\u201d opci\u00f3t \u00e9s 1 munkanapon bel\u00fcl elk\u00e9sz\u00edtem a term\u00e9ket!\nHa foxpost automat\u00e1t v\u00e1lasztott\u00e1l, k\u00e9rlek \u00edrd meg melyikbe k\u00fcldhetem.\n\nA term\u00e9k k\u00e9sz\u00edt\u00e9s\u00e9t \u00e9s post\u00e1z\u00e1s\u00e1t csak a fizet\u00e9s be\u00e9rkez\u00e9se ut\u00e1n tudom elkezdeni! K\u00f6sz\u00f6n\u00f6m a meg\u00e9rt\u00e9sed!","price":"3490.00","unit":"db","recommended":"0","status":"1","sponsored":"0","exp_notify":"0","own_material":"0","own_material_description_old":null,"own_material_description":"","jury":"0","jury_number":"","product_nature":"","meskaracsony":"0","create_date":"2026-04-21 06:44:46","shelve_id":"0","image":"dekorpatika_product_355200_260418110758_238997.jpeg","image_width":"480","image_height":"480","image_alt":"Any\u00e1k napi falik\u00e9p, Nincs \u00f6tleted milyen aj\u00e1nd\u00e9kkal k\u00e9sz\u00fclj Any\u00e1k Napj\u00e1ra?\\n\\nElk\u00e9sz\u00edtem sz\u00e1modra a t\u00f6k\u00e9letes aj\u00e1nd\u00e9kot! E..., Meska","image_title":"Any\u00e1k napi falik\u00e9p, Meska","view_count":"524","favourite_count":"0","trending_score":"0","last2MonthFavouriteCount":"0","promotion":"0","giftcard_accept":"0","creditcard_accept":true,"enhanced_background":"0","domain":"meska","specific_customer_id":null,"specific_customer_name":null,"to_order_product":"1","to_order_product_time":"4","product_different":null,"product_different_description":"","vintage":"0","vintage_category_id":"0","recycled":"0","gemstone_id":"0","customizable":"1","type_category":"digital","zerowaste":"0","postage_price":"1290.00","shop_order":"0","has_category":"1","landing_pages":null,"microdata":{"number":22,"category":""},"title":"Any\u00e1k napi falik\u00e9p","description":"Nincs \u00f6tleted milyen aj\u00e1nd\u00e9kkal k\u00e9sz\u00fclj Any\u00e1k Napj\u00e1ra?\n\nElk\u00e9sz\u00edtem sz\u00e1modra a t\u00f6k\u00e9letes aj\u00e1nd\u00e9kot! Ez az egyedi falik\u00e9p remek d\u00edsze lehet lak\u00e1snak \u00e9s \u00f6r\u00f6k eml\u00e9k az eg\u00e9sz csal\u00e1dnak!\n\nA k\u00e9pkeret A\/4 m\u00e9ret\u0171, amely falra akaszthat\u00f3 vagy polcra is helyezhet\u0151!\n\nM\u00e9rete: 21x30cm\n\nLehet\u0151s\u00e9ged van digit\u00e1lis form\u00e1tumban megrendelni a term\u00e9ket! Ebben az esetben, miut\u00e1n kifizetted a term\u00e9ket, elk\u00e9sz\u00edtem a grafik\u00e1t. A dekor\u00e1ci\u00f3t ezut\u00e1n PDF form\u00e1tumban emailben elk\u00fcld\u00f6m a r\u00e9szedre, amit otthon ki tudsz nyomtatni \u00e9s be tudsz keretezni.\n\n --- Mikor v\u00e1laszd a nyomtathat\u00f3 dekor\u00e1ci\u00f3t a keretbe helyezett k\u00e9p helyett? --- \n\n- ha olcs\u00f3bb megold\u00e1st keresel, hiszen nincs plusz postak\u00f6lts\u00e9ged  \n- ha gyorsabban szeretn\u00e9d megkapni, hiszen nincs post\u00e1z\u00e1s \n- ha utols\u00f3 pillanatban aj\u00e1nd\u00e9k dekor\u00e1ci\u00f3t szeretn\u00e9l \u00e9s nincs id\u0151d v\u00e1rni \n- ha az otthoni sz\u00ednes nyomtat\u00f3ddal vagy valamely k\u00f6zeli fot\u00f3 kioszkban kinyomtatn\u00e1d \n- ha megl\u00e9v\u0151 keretbe szeretn\u00e9d \n- ha esetleg t\u00f6bb p\u00e9ld\u00e1nyra is sz\u00fcks\u00e9ged lenne  \n\nK\u00e9rlek, vedd figyelembe, hogy a megjelen\u00edtett sz\u00ednek kis m\u00e9rt\u00e9kben elt\u00e9rhetnek a k\u00fcl\u00f6nb\u00f6z\u0151 kijelz\u0151k\u00f6n. \n\nAmennyiben s\u00fcrg\u0151s megrendel\u00e9sre van sz\u00fcks\u00e9ged k\u00e9rlek v\u00e1laszd a \u201cS\u00fcrg\u0151s megrendel\u00e9s\u201d opci\u00f3t \u00e9s 1 munkanapon bel\u00fcl elk\u00e9sz\u00edtem a term\u00e9ket!\nHa foxpost automat\u00e1t v\u00e1lasztott\u00e1l, k\u00e9rlek \u00edrd meg melyikbe k\u00fcldhetem.\n\nA term\u00e9k k\u00e9sz\u00edt\u00e9s\u00e9t \u00e9s post\u00e1z\u00e1s\u00e1t csak a fizet\u00e9s be\u00e9rkez\u00e9se ut\u00e1n tudom elkezdeni! K\u00f6sz\u00f6n\u00f6m a meg\u00e9rt\u00e9sed!","score":0,"formatted_price":"3 490 Ft","image_url":"https:\/\/www.meska.hu\/img\/product\/small\/d\/e\/dekorpatika_product_355200_260418110758_238997.jpeg","formatted_url":"https:\/\/www.meska.hu\/p5518433-anyak-napi-falikep","favourite":false,"in_stock":false,"avatar":"355200_avatar_1726093454.jpeg","delete_from":0,"is_enhanced_background":false,"is_enhanced":false,"product_selection_started":false,"is_active":true,"image_webp_url":"https:\/\/www.meska.hu\/img\/product\/small\/d\/e\/dekorpatika_product_355200_260418110758_238997.webp"},{"id":"5976420","shop_id":"29108","user_id":"361393","shop_name":"Erika842","shop_zip":"4231","product_code":"5657995","product_name_old":null,"product_name":"A Legszem\u00e9lyesebb Eml\u00e9k: K\u00e9toldal\u00fa F\u00e9nyk\u00e9pes Kulcstart\u00f3 Szeretteidnek","category_string":"Otthon & \u00c9letm\u00f3d, Pap\u00edr, \u00edr\u00f3szer, Album & Fot\u00f3album","technic_string":"Fot\u00f3, grafika, rajz, illusztr\u00e1ci\u00f3","category_1":"813","category_2":"351","category_3":"353","category_4":"0","merged_category_1":null,"merged_category_2":null,"merged_category_3":null,"technic_1":"483","technic_2":"0","technic_3":"0","color_1":"513","color_2":"0","color_3":"0","product_description_old":null,"product_description":"Aj\u00e1nd\u00e9kot keresel, ami t\u00e9nyleg sz\u00edvb\u0151l sz\u00f3l?\n Egy f\u00e9nyk\u00e9pes kulcstart\u00f3 t\u00f6k\u00e9letes v\u00e1laszt\u00e1s, hiszen egy apr\u00f3, m\u00e9gis mindennapi kieg\u00e9sz\u00edt\u0151, amely \u00f6r\u00f6kk\u00e9 a szerettedn\u00e9l lehet, \u00e9s mindig felid\u00e9zi a legszebb pillanatokat.\nEz a k\u00e9toldal\u00fa kulcstart\u00f3 k\u00fcl\u00f6nleges: nem csak egy, hanem k\u00e9t f\u00e9nyk\u00e9pet vagy feliratot hordozhat. \u00cdgy dupl\u00e1n szem\u00e9lyes aj\u00e1nd\u00e9kot adhatsz!\nMi\u00e9rt ez a Kulcstart\u00f3 a T\u00f6k\u00e9letes Aj\u00e1nd\u00e9k?\n\u2022 Dupla \u00c9rzelem: Helyezd az egyik oldalra egy csal\u00e1di fot\u00f3t, a m\u00e1sikra pedig egy \u00fczenetet, vagy a kutyus\/cic\u00e1d k\u00e9p\u00e9t! Dupla lehet\u0151s\u00e9g, dupla \u00f6r\u00f6m.\n\u2022 Mindennapi Eml\u00e9k: B\u00e1rhov\u00e1 is megy a megaj\u00e1nd\u00e9kozott, a kulcsai mindig n\u00e1la lesznek, \u00e9s vele egy\u00fctt a legszebb eml\u00e9k is. Ez a kulcstart\u00f3 nem egy fi\u00f3kban landol!\n\u2022 Min\u0151s\u00e9gi Kivitelez\u00e9s: K\u00e9zm\u0171ves gondoss\u00e1ggal k\u00e9sz\u00fcl, hogy sok\u00e1ig tart\u00f3s \u00e9s eszt\u00e9tikus akril. \n\u2022 Kar\u00e1csonyra \u00e9s \u00c9vfordul\u00f3ra: Legyen sz\u00f3 kar\u00e1csonyi aj\u00e1nd\u00e9kr\u00f3l Any\u00e1nak, Ap\u00e1k napi meglepet\u00e9sr\u0151l, vagy Valentin-napi aj\u00e1nd\u00e9kr\u00f3l, ez az egyedi f\u00e9nyk\u00e9pes aj\u00e1nd\u00e9k mindig telital\u00e1lat.\nHogyan Rendelj? \n\n1. V\u00e1s\u00e1rl\u00e1s: Rendeld meg a Mesk\u00e1n kereszt\u00fcl a kiv\u00e1lasztott kulcstart\u00f3t.\n2. F\u00e9nyk\u00e9pek \nK\u00fcld\u00e9se: V\u00e1s\u00e1rl\u00e1s ut\u00e1n, k\u00e9rlek, k\u00fcldd el nek\u00fcnk a k\u00e9t kiv\u00e1lasztott, j\u00f3 min\u0151s\u00e9g\u0171, nagy felbont\u00e1s\u00fa fot\u00f3t Meska \u00fczenetben.\n\n3. Tervez\u00e9s: Elk\u00e9sz\u00edem a kulcstart\u00f3 terv\u00e9t, \u00e9s ha szeretn\u00e9d, elk\u00fcld\u00f6m a j\u00f3v\u00e1hagy\u00e1sra.\n4.  Elk\u00e9sz\u00edt\u00e9s: A megegyez\u00e9s ut\u00e1n kezd\u0151dik a k\u00e9zm\u0171ves munka, amely a gondos kidolgoz\u00e1s miatt kb. 1 munkanapot vesz ig\u00e9nybe.\n5. Gondos Csomagol\u00e1s: A term\u00e9ket gondosan becsomagolva k\u00fcld\u00f6m hogy a karik\u00e1z\u00e1s el\u0151tti utols\u00f3 pillanatig t\u00f6k\u00e9letes \u00e1llapotban maradjon. \nAj\u00e1nd\u00e9kozz eml\u00e9ket, ne csak t\u00e1rgyat!","price":"650.00","unit":"db","recommended":"0","status":"1","sponsored":"0","exp_notify":"0","own_material":"0","own_material_description_old":null,"own_material_description":"","jury":"0","jury_number":"","product_nature":"","meskaracsony":"0","create_date":"2026-04-20 10:19:20","shelve_id":"80104","image":"erika842_product_361393_251104142622_52226.jpeg","image_width":"480","image_height":"360","image_alt":"A Legszem\u00e9lyesebb Eml\u00e9k: K\u00e9toldal\u00fa F\u00e9nyk\u00e9pes Kulcstart\u00f3 Szeretteidnek, Aj\u00e1nd\u00e9kot keresel, ami t\u00e9nyleg sz\u00edvb\u0151l sz\u00f3l?\\n Egy f\u00e9nyk\u00e9pes kulcstart\u00f3 t\u00f6k\u00e9letes v\u00e1laszt\u00e1s, hiszen e..., Meska","image_title":"A Legszem\u00e9lyesebb Eml\u00e9k: K\u00e9toldal\u00fa F\u00e9nyk\u00e9pes Kulcstart\u00f3 Szeretteidnek, Meska","view_count":"149","favourite_count":"0","trending_score":"0","last2MonthFavouriteCount":"0","promotion":"0","giftcard_accept":"0","creditcard_accept":true,"enhanced_background":"0","domain":"meska","specific_customer_id":null,"specific_customer_name":null,"to_order_product":"0","to_order_product_time":"0","product_different":null,"product_different_description":"","vintage":"0","vintage_category_id":"0","recycled":"0","gemstone_id":"0","customizable":"1","type_category":"physical","zerowaste":"0","postage_price":"1290.00","shop_order":"0","has_category":"1","landing_pages":null,"microdata":{"number":23,"category":""},"title":"A Legszem\u00e9lyesebb Eml\u00e9k: K\u00e9toldal\u00fa F\u00e9nyk\u00e9pes Kulcstart\u00f3 Szeretteidnek","description":"Aj\u00e1nd\u00e9kot keresel, ami t\u00e9nyleg sz\u00edvb\u0151l sz\u00f3l?\n Egy f\u00e9nyk\u00e9pes kulcstart\u00f3 t\u00f6k\u00e9letes v\u00e1laszt\u00e1s, hiszen egy apr\u00f3, m\u00e9gis mindennapi kieg\u00e9sz\u00edt\u0151, amely \u00f6r\u00f6kk\u00e9 a szerettedn\u00e9l lehet, \u00e9s mindig felid\u00e9zi a legszebb pillanatokat.\nEz a k\u00e9toldal\u00fa kulcstart\u00f3 k\u00fcl\u00f6nleges: nem csak egy, hanem k\u00e9t f\u00e9nyk\u00e9pet vagy feliratot hordozhat. \u00cdgy dupl\u00e1n szem\u00e9lyes aj\u00e1nd\u00e9kot adhatsz!\nMi\u00e9rt ez a Kulcstart\u00f3 a T\u00f6k\u00e9letes Aj\u00e1nd\u00e9k?\n\u2022 Dupla \u00c9rzelem: Helyezd az egyik oldalra egy csal\u00e1di fot\u00f3t, a m\u00e1sikra pedig egy \u00fczenetet, vagy a kutyus\/cic\u00e1d k\u00e9p\u00e9t! Dupla lehet\u0151s\u00e9g, dupla \u00f6r\u00f6m.\n\u2022 Mindennapi Eml\u00e9k: B\u00e1rhov\u00e1 is megy a megaj\u00e1nd\u00e9kozott, a kulcsai mindig n\u00e1la lesznek, \u00e9s vele egy\u00fctt a legszebb eml\u00e9k is. Ez a kulcstart\u00f3 nem egy fi\u00f3kban landol!\n\u2022 Min\u0151s\u00e9gi Kivitelez\u00e9s: K\u00e9zm\u0171ves gondoss\u00e1ggal k\u00e9sz\u00fcl, hogy sok\u00e1ig tart\u00f3s \u00e9s eszt\u00e9tikus akril. \n\u2022 Kar\u00e1csonyra \u00e9s \u00c9vfordul\u00f3ra: Legyen sz\u00f3 kar\u00e1csonyi aj\u00e1nd\u00e9kr\u00f3l Any\u00e1nak, Ap\u00e1k napi meglepet\u00e9sr\u0151l, vagy Valentin-napi aj\u00e1nd\u00e9kr\u00f3l, ez az egyedi f\u00e9nyk\u00e9pes aj\u00e1nd\u00e9k mindig telital\u00e1lat.\nHogyan Rendelj? \n\n1. V\u00e1s\u00e1rl\u00e1s: Rendeld meg a Mesk\u00e1n kereszt\u00fcl a kiv\u00e1lasztott kulcstart\u00f3t.\n2. F\u00e9nyk\u00e9pek \nK\u00fcld\u00e9se: V\u00e1s\u00e1rl\u00e1s ut\u00e1n, k\u00e9rlek, k\u00fcldd el nek\u00fcnk a k\u00e9t kiv\u00e1lasztott, j\u00f3 min\u0151s\u00e9g\u0171, nagy felbont\u00e1s\u00fa fot\u00f3t Meska \u00fczenetben.\n\n3. Tervez\u00e9s: Elk\u00e9sz\u00edem a kulcstart\u00f3 terv\u00e9t, \u00e9s ha szeretn\u00e9d, elk\u00fcld\u00f6m a j\u00f3v\u00e1hagy\u00e1sra.\n4.  Elk\u00e9sz\u00edt\u00e9s: A megegyez\u00e9s ut\u00e1n kezd\u0151dik a k\u00e9zm\u0171ves munka, amely a gondos kidolgoz\u00e1s miatt kb. 1 munkanapot vesz ig\u00e9nybe.\n5. Gondos Csomagol\u00e1s: A term\u00e9ket gondosan becsomagolva k\u00fcld\u00f6m hogy a karik\u00e1z\u00e1s el\u0151tti utols\u00f3 pillanatig t\u00f6k\u00e9letes \u00e1llapotban maradjon. \nAj\u00e1nd\u00e9kozz eml\u00e9ket, ne csak t\u00e1rgyat!","score":0,"formatted_price":"650 Ft","image_url":"https:\/\/www.meska.hu\/img\/product\/small\/e\/r\/erika842_product_361393_251104142622_52226.jpeg","formatted_url":"https:\/\/www.meska.hu\/p5657995-a-legszemelyesebb-emlek-ketoldalu-fenykepes-kulcstarto-szeretteidnek","favourite":false,"in_stock":true,"avatar":"361393_avatar_1770707176.png","delete_from":0,"is_enhanced_background":false,"is_enhanced":false,"product_selection_started":false,"is_active":true,"image_webp_url":"https:\/\/www.meska.hu\/img\/product\/small\/e\/r\/erika842_product_361393_251104142622_52226.webp"},{"id":"3509024","shop_id":"24144","user_id":"274209","shop_name":"OtletLada","shop_zip":"7522","product_code":"4649653","product_name_old":null,"product_name":"Ballag\u00e1si AJ\u00c1ND\u00c9K - N\u00e9vresz\u00f3l\u00f3 Eml\u00e9kk\u00f6nyv - r\u00f3zsasz\u00edn m\u00e1rv\u00e1ny mint\u00e1s album - aj\u00e1nd\u00e9k \u00f6tlet  - 21x19cm k\u00f6z\u00e9piskol\u00e1soknak","category_string":"Otthon & \u00c9letm\u00f3d, Pap\u00edr, \u00edr\u00f3szer, Album & Fot\u00f3album","technic_string":"Fot\u00f3, grafika, rajz, illusztr\u00e1ci\u00f3, K\u00f6nyvk\u00f6t\u00e9s","category_1":"813","category_2":"351","category_3":"353","category_4":"0","merged_category_1":"0","merged_category_2":"0","merged_category_3":"0","technic_1":"483","technic_2":"671","technic_3":"0","color_1":"519","color_2":"525","color_3":"0","product_description_old":null,"product_description":"B\u00e1rmilyen sz\u00f6veggel k\u00e9rheted, csak a kos\u00e1r oldalon \u00edrd meg nekem megjegyz\u00e9sben!!! \nBor\u00edt\u00f3 bels\u0151re bor\u00edt\u00e9k is k\u00e9rhet\u0151. Kedves trendi csajos aj\u00e1nd\u00e9k eml\u00e9kk\u00f6nyv ballag\u00f3 di\u00e1koknak, amibe beleragaszthatja az oszt\u00e1lyt\u00e1rsai tabl\u00f3fot\u00f3j\u00e1t \u00e9s a vel\u00fck \u00e1t\u00e9lt \u00e9lm\u00e9nyekr\u0151l k\u00e9sz\u00fclt kor\u00e1bbi k\u00e9peket, \u00edgy \u00f6r\u00f6k eml\u00e9kek maradnak a tini \u00e9vek alatt \u00e1t\u00e9lt kalandok. \nA k\u00f6nyvecsk\u00e9be k\u00e9toldal\u00fa ragaszt\u00f3val lehet a k\u00e9peket beragasztani, goly\u00f3stollal, ceruz\u00e1val, sz\u00ednesceruz\u00e1val lehet bele \u00edrni \/ rajzolni is a fot\u00f3k mell\u00e9. \n\n\u26a0\ufe0fFONTOS\u26a0\ufe0f A bor\u00edt\u00f3ra ker\u00fcl\u0151 nevet (\u00e9s sz\u00fcks\u00e9g eset\u00e9n az iskola nev\u00e9t) rendel\u00e9skor ne felejtsd el a kos\u00e1r oldalon tal\u00e1lhat\u00f3 megjegyz\u00e9s mez\u0151be be\u00edrni!\n\nPARAM\u00c9TEREK:\n\u25b6\ufe0f Bel\u00edvek 120g-os \u00fcres feh\u00e9r lapok - 40 db\n\u25b6\ufe0f F\u00e9m spir\u00e1llal\n\u25b6\ufe0f M\u00e9rete: 210x190mm\n\n\u26a0\ufe0f BOR\u00cdT\u00d3JA l\u00e9zer nyomat, h\u00e1tlapja nat\u00far sz\u00edn\u0171 - alapanyaga V\u00c1LASZTHAT\u00d3:\n\u2705 ALAP\u00c1RON: KEM\u00c9NY, de v\u00e9kony (kb 0,5mm) m\u0171anyag bor\u00edt\u00f3\n\u2705+1500 Ft-\u00e9rt v\u00e1laszthat\u00f3 2mm extra vastag, KEM\u00c9NY kartont\u00e1bl\u00e1ra k\u00e9sz\u00fclt bor\u00edt\u00f3val is.\n\nN\u00e9zd meg a t\u00f6bbi term\u00e9kemet is:\nhttps:\/\/www.meska.hu\/shop\/OromKonnyek\n\n>>> Sz\u00e1ll\u00edt\u00e1si \u00e9s \u00c1TV\u00c9TELI inform\u00e1ci\u00f3kat a \"Sz\u00e1ll\u00edt\u00e1si Info\" f\u00fclre kattintva tal\u00e1lod\n\n>>> Fizet\u00e9si m\u00f3d - KIZ\u00c1R\u00d3LAG EL\u0150RE FIZET\u00c9SSEL: Bankk\u00e1rty\u00e1val \/ Barionnal \/\u00c1tutal\u00e1ssal vagy Banki befizet\u00e9ssel\n\n\u26a0\ufe0fFONTOS\u26a0\ufe0f Rendel\u00e9shez tedd kos\u00e1rba a term\u00e9ket \u00e9s a \"Kos\u00e1r\" oldalon az \"\u00dczenet az elad\u00f3nak\" r\u00e9szbe \u00edrd be, hogy milyen sz\u00f6veget \/ nevet k\u00e9rsz a bor\u00edt\u00f3ra.","price":"7900.00","unit":"db","recommended":"0","status":"1","sponsored":"0","exp_notify":"0","own_material":"0","own_material_description_old":null,"own_material_description":"","jury":"0","jury_number":"","product_nature":"","meskaracsony":"0","create_date":"2026-04-20 07:37:21","shelve_id":"56349","image":"oromkonnyek_product_274209_220531234019_39133.jpeg","image_width":"480","image_height":"443","image_alt":"Ballag\u00e1si AJ\u00c1ND\u00c9K - N\u00e9vresz\u00f3l\u00f3 Eml\u00e9kk\u00f6nyv - r\u00f3zsasz\u00edn m\u00e1rv\u00e1ny mint\u00e1s album - aj\u00e1nd\u00e9k \u00f6tlet  - 21x19cm k\u00f6z\u00e9piskol\u00e1soknak, B\u00e1rmilyen sz\u00f6veggel k\u00e9rheted, csak a kos\u00e1r oldalon \u00edrd meg nekem megjegyz\u00e9sben!!! \\nBor\u00edt\u00f3 bels\u0151re bo..., Meska","image_title":"Ballag\u00e1si AJ\u00c1ND\u00c9K - N\u00e9vresz\u00f3l\u00f3 Eml\u00e9kk\u00f6nyv - r\u00f3zsasz\u00edn m\u00e1rv\u00e1ny mint\u00e1s album - aj\u00e1nd\u00e9k \u00f6tlet  - 21x19cm k\u00f6z\u00e9piskol\u00e1soknak, Meska","view_count":"1601","favourite_count":"0","trending_score":"0","last2MonthFavouriteCount":"0","promotion":"0","giftcard_accept":"0","creditcard_accept":false,"enhanced_background":"0","domain":"meska","specific_customer_id":null,"specific_customer_name":null,"to_order_product":"1","to_order_product_time":"5","product_different":"quite_different","product_different_description":"A monitor sz\u00ednei a nyomtatott\u00f3l elt\u00e9rhetnek.","vintage":"0","vintage_category_id":"0","recycled":"0","gemstone_id":"0","customizable":"1","type_category":"physical","zerowaste":"0","postage_price":"1290.00","shop_order":"154","has_category":"1","landing_pages":null,"microdata":{"number":24,"category":""},"title":"Ballag\u00e1si AJ\u00c1ND\u00c9K - N\u00e9vresz\u00f3l\u00f3 Eml\u00e9kk\u00f6nyv - r\u00f3zsasz\u00edn m\u00e1rv\u00e1ny mint\u00e1s album - aj\u00e1nd\u00e9k \u00f6tlet  - 21x19cm k\u00f6z\u00e9piskol\u00e1soknak","description":"B\u00e1rmilyen sz\u00f6veggel k\u00e9rheted, csak a kos\u00e1r oldalon \u00edrd meg nekem megjegyz\u00e9sben!!! \nBor\u00edt\u00f3 bels\u0151re bor\u00edt\u00e9k is k\u00e9rhet\u0151. Kedves trendi csajos aj\u00e1nd\u00e9k eml\u00e9kk\u00f6nyv ballag\u00f3 di\u00e1koknak, amibe beleragaszthatja az oszt\u00e1lyt\u00e1rsai tabl\u00f3fot\u00f3j\u00e1t \u00e9s a vel\u00fck \u00e1t\u00e9lt \u00e9lm\u00e9nyekr\u0151l k\u00e9sz\u00fclt kor\u00e1bbi k\u00e9peket, \u00edgy \u00f6r\u00f6k eml\u00e9kek maradnak a tini \u00e9vek alatt \u00e1t\u00e9lt kalandok. \nA k\u00f6nyvecsk\u00e9be k\u00e9toldal\u00fa ragaszt\u00f3val lehet a k\u00e9peket beragasztani, goly\u00f3stollal, ceruz\u00e1val, sz\u00ednesceruz\u00e1val lehet bele \u00edrni \/ rajzolni is a fot\u00f3k mell\u00e9. \n\n\u26a0\ufe0fFONTOS\u26a0\ufe0f A bor\u00edt\u00f3ra ker\u00fcl\u0151 nevet (\u00e9s sz\u00fcks\u00e9g eset\u00e9n az iskola nev\u00e9t) rendel\u00e9skor ne felejtsd el a kos\u00e1r oldalon tal\u00e1lhat\u00f3 megjegyz\u00e9s mez\u0151be be\u00edrni!\n\nPARAM\u00c9TEREK:\n\u25b6\ufe0f Bel\u00edvek 120g-os \u00fcres feh\u00e9r lapok - 40 db\n\u25b6\ufe0f F\u00e9m spir\u00e1llal\n\u25b6\ufe0f M\u00e9rete: 210x190mm\n\n\u26a0\ufe0f BOR\u00cdT\u00d3JA l\u00e9zer nyomat, h\u00e1tlapja nat\u00far sz\u00edn\u0171 - alapanyaga V\u00c1LASZTHAT\u00d3:\n\u2705 ALAP\u00c1RON: KEM\u00c9NY, de v\u00e9kony (kb 0,5mm) m\u0171anyag bor\u00edt\u00f3\n\u2705+1500 Ft-\u00e9rt v\u00e1laszthat\u00f3 2mm extra vastag, KEM\u00c9NY kartont\u00e1bl\u00e1ra k\u00e9sz\u00fclt bor\u00edt\u00f3val is.\n\nN\u00e9zd meg a t\u00f6bbi term\u00e9kemet is:\nhttps:\/\/www.meska.hu\/shop\/OromKonnyek\n\n>>> Sz\u00e1ll\u00edt\u00e1si \u00e9s \u00c1TV\u00c9TELI inform\u00e1ci\u00f3kat a \"Sz\u00e1ll\u00edt\u00e1si Info\" f\u00fclre kattintva tal\u00e1lod\n\n>>> Fizet\u00e9si m\u00f3d - KIZ\u00c1R\u00d3LAG EL\u0150RE FIZET\u00c9SSEL: Bankk\u00e1rty\u00e1val \/ Barionnal \/\u00c1tutal\u00e1ssal vagy Banki befizet\u00e9ssel\n\n\u26a0\ufe0fFONTOS\u26a0\ufe0f Rendel\u00e9shez tedd kos\u00e1rba a term\u00e9ket \u00e9s a \"Kos\u00e1r\" oldalon az \"\u00dczenet az elad\u00f3nak\" r\u00e9szbe \u00edrd be, hogy milyen sz\u00f6veget \/ nevet k\u00e9rsz a bor\u00edt\u00f3ra.","score":0,"formatted_price":"7 900 Ft","image_url":"https:\/\/www.meska.hu\/img\/product\/small\/o\/r\/oromkonnyek_product_274209_220531234019_39133.jpeg","formatted_url":"https:\/\/www.meska.hu\/p4649653-ballagasi-ajandek-nevreszolo-emlekkonyv-rozsaszin-marvany-mintas-album-ajandek-otlet-21x19cm-kozepiskolasoknak","favourite":false,"in_stock":false,"avatar":"274209_avatar_1697355906.jpeg","delete_from":0,"is_enhanced_background":false,"is_enhanced":false,"product_selection_started":false,"is_active":true,"image_webp_url":"https:\/\/www.meska.hu\/img\/product\/small\/o\/r\/oromkonnyek_product_274209_220531234019_39133.webp"},{"id":"4614567","shop_id":"37144","user_id":"492434","shop_name":"ILAV","shop_zip":"8175","product_code":"4848742","product_name_old":null,"product_name":"INSTAX fot\u00f3album\/eml\u00e9kk\u00f6nyv\/egyedi felirattal, saj\u00e1t f\u00e9nyl\u00e9peddel, aj\u00e1nd\u00e9k \u00f6tlet p\u00e1roknak, Valentin napi","category_string":"Otthon & \u00c9letm\u00f3d, Pap\u00edr, \u00edr\u00f3szer, Album & Fot\u00f3album","technic_string":"Fot\u00f3, grafika, rajz, illusztr\u00e1ci\u00f3, Pap\u00edrm\u0171v\u00e9szet","category_1":"813","category_2":"351","category_3":"353","category_4":"0","merged_category_1":"0","merged_category_2":"0","merged_category_3":"0","technic_1":"483","technic_2":"497","technic_3":"0","color_1":"532","color_2":"0","color_3":"0","product_description_old":null,"product_description":"Egy helyen gy\u0171jten\u00e9d INSTAX fot\u00f3idat? Esetleg apr\u00f3 eml\u00e9keket ragasztan\u00e1l be mell\u00e9j\u00fck, vagy r\u00f6vid jegyzeteket \u00edrn\u00e1l fel, melyekre \u00f6r\u00f6kk\u00e9 eml\u00e9kezn\u00e9l? T\u00f6k\u00e9letes megold\u00e1s erre a fot\u00f3album-scrapbook, mellyel magadat, vagy szeretteidet is meglephetsz.\n\nOldalank\u00e9nt 3 db INSTAX mini, vagy 2 db 9 x 13 cm-es, vagy 1 db 10x15 cm-es (10 x 13 cm-es) f\u00e9nyk\u00e9p ragaszthat\u00f3 be k\u00e9toldal\u00fa ragaszt\u00f3val.\n\nA Scrapbook a napl\u00f3 modern v\u00e1ltozata. D\u00edsz\u00edtsd saj\u00e1t kedved szerint k\u00fcl\u00f6nb\u00f6z\u0151 dekor\u00e1ci\u00f3s anyagokkal. \u00cdrj vagy ragaszd bele sz\u00e1modra meghat\u00e1roz\u00f3 esem\u00e9nyekhez k\u00f6thet\u0151 apr\u00f3s\u00e1gokat. \u0150rizd meg eml\u00e9keidet kalandjaidr\u00f3l egy helyen. \n\nHa m\u00e1snak is boldog pillanatot akarsz szerezni, akkor aj\u00e1nd\u00e9kozd ak\u00e1r kar\u00e1csonyra, sz\u00fclet\u00e9snapra, n\u00e9vnapra Valentin-napra vagy b\u00e1rmilyen m\u00e1s alkalomra, amire csak szeretn\u00e9d.\n\n\nM\u00e9rete: 22 x 10,7 cm\nLapok m\u00e9rete: 21 x 10,7 cm\nBels\u0151 lapok: 40 db 120g-os h\u00f3feh\u00e9r lap (40 lap = 80 oldal)\nBor\u00edt\u00f3: v\u00e1laszthat\u00f3 v\u00e9kony m\u0171anyag (alap\u00e1r), vagy 2 mm vastag kartonlap, melyre matricanyomatk\u00e9nt ker\u00fcl a grafika. A fedlap sz\u00ednes grafik\u00e1val van d\u00edsz\u00edtve, a h\u00e1tlap feh\u00e9r.\nSpir\u00e1l: fekete, feh\u00e9r, ez\u00fcst, vagy rosegold\n\n\n\nV\u00c1S\u00c1RL\u00c1S MENETE:\n\n1.\tA leg\u00f6rd\u00fcl\u0151 men\u00fcb\u0151l v\u00e1laszd ki, hogy melyik spir\u00e1llal k\u00e9red a scrapbookod. Add meg azt is, melyik bor\u00edt\u00f3vastags\u00e1ggal k\u00e9red napl\u00f3dat.\n2.\tTedd a megfelel\u0151 darabsz\u00e1mot a kos\u00e1rba\n3.\tA megjegyz\u00e9sben add meg a sz\u00f6veget, amelyet szeretn\u00e9l a bor\u00edt\u00f3n \n    elhelyezni. \nFIGYELEM: a sz\u00f6veget bem\u00e1soljuk, nem ellen\u0151rz\u00fcnk \u00e9s nem jav\u00edtunk!\n4.\tV\u00e1laszd ki a sz\u00e1ll\u00edt\u00e1s m\u00f3dj\u00e1t\n5.\tEgyenl\u00edtsd ki a v\u00e1s\u00e1rl\u00e1s v\u00e9g\u00f6sszeg\u00e9t bankk\u00e1rty\u00e1val, vagy utald \u00e1t r\u00e9sz\u00fcnkre az \n    automatikus v\u00e1lasz\u00fczenetben le\u00edrtak szerint. K\u00fcldd el e-mailben a bor\u00edt\u00f3nak sz\u00e1nt j\u00f3 min\u0151s\u00e9g\u0171 f\u00e9nyk\u00e9pedet.\n6.\tHamarosan felvessz\u00fck veled a kapcsolatot \u00e9s e-mailben k\u00fcldj\u00fck a l\u00e1tv\u00e1nytervet, melyen d\u00edjmentesen maximum k\u00e9tszer m\u00f3dos\u00edthatsz. \n7.\tAmennyiben minden megfelel, \u00edr\u00e1sban hagyd j\u00f3v\u00e1 a tervet. \n8. Foxpostos rendel\u00e9s eset\u00e9n v\u00e1lasz\u00fczenetben add meg a c\u00edmzett automat\u00e1t, ahova a \n    csomagot kapni szeretn\u00e9d.\n9.\tSz\u00e1ll\u00edt\u00e1s: j\u00f3v\u00e1hagy\u00e1st\u00f3l \u00e9s fizet\u00e9st\u0151l sz\u00e1m\u00edtva 5 munkanap.\n\nA term\u00e9keket gondosan csomagoljuk, hogy \u00e9ps\u00e9gben \u00e9rkezzenek meg hozz\u00e1d.\n\nA v\u00e9gleges term\u00e9k v\u00edzjelet nem tartalmaz. A felt\u00fcntetett \u00e1r csak a le\u00edr\u00e1sban szerepl\u0151 t\u00e9teleket tartalmazza. A k\u00e9peken szerepl\u0151 egy\u00e9b kieg\u00e9sz\u00edt\u0151ket, dekor\u00e1ci\u00f3s elemeket az aj\u00e1nlat nem tartalmazza!\n\nA term\u00e9k saj\u00e1t tervez\u00e9s\u0171, mely grafik\u00e1j\u00e1nak tulajdonjoga a v\u00e1s\u00e1rl\u00e1s ut\u00e1n is a szerz\u0151n\u00e9l marad, ez\u00e9rt a term\u00e9k tov\u00e1bb\u00e9rt\u00e9kes\u00edt\u00e9se, sokszoros\u00edt\u00e1sa szigor\u00faan tilos!\n","price":"3700.00","unit":"db","recommended":"0","status":"1","sponsored":"0","exp_notify":"0","own_material":"0","own_material_description_old":null,"own_material_description":"","jury":"0","jury_number":"","product_nature":"","meskaracsony":"0","create_date":"2026-04-19 12:30:38","shelve_id":"76661","image":"ilav_product_492434_221204093319_226346.jpeg","image_width":"480","image_height":"480","image_alt":"INSTAX fot\u00f3album\/eml\u00e9kk\u00f6nyv\/egyedi felirattal, saj\u00e1t f\u00e9nyl\u00e9peddel, aj\u00e1nd\u00e9k \u00f6tlet p\u00e1roknak, Valentin napi, Egy helyen gy\u0171jten\u00e9d INSTAX fot\u00f3idat? Esetleg apr\u00f3 eml\u00e9keket ragasztan\u00e1l be mell\u00e9j\u00fck, vagy r\u00f6vid jeg..., Meska","image_title":"INSTAX fot\u00f3album\/eml\u00e9kk\u00f6nyv\/egyedi felirattal, saj\u00e1t f\u00e9nyl\u00e9peddel, aj\u00e1nd\u00e9k \u00f6tlet p\u00e1roknak, Valentin napi, Meska","view_count":"3958","favourite_count":"0","trending_score":"0","last2MonthFavouriteCount":"0","promotion":"0","giftcard_accept":"0","creditcard_accept":true,"enhanced_background":"0","domain":"meska","specific_customer_id":null,"specific_customer_name":null,"to_order_product":"1","to_order_product_time":"5","product_different":null,"product_different_description":"","vintage":"0","vintage_category_id":"0","recycled":"0","gemstone_id":"0","customizable":"0","type_category":"physical","zerowaste":"0","postage_price":"1290.00","shop_order":"0","has_category":"1","landing_pages":"Kar\u00e1csonyi aj\u00e1nd\u00e9kok, Valentin-napi aj\u00e1nd\u00e9kok","microdata":{"number":25,"category":""},"title":"INSTAX fot\u00f3album\/eml\u00e9kk\u00f6nyv\/egyedi felirattal, saj\u00e1t f\u00e9nyl\u00e9peddel, aj\u00e1nd\u00e9k \u00f6tlet p\u00e1roknak, Valentin napi","description":"Egy helyen gy\u0171jten\u00e9d INSTAX fot\u00f3idat? Esetleg apr\u00f3 eml\u00e9keket ragasztan\u00e1l be mell\u00e9j\u00fck, vagy r\u00f6vid jegyzeteket \u00edrn\u00e1l fel, melyekre \u00f6r\u00f6kk\u00e9 eml\u00e9kezn\u00e9l? T\u00f6k\u00e9letes megold\u00e1s erre a fot\u00f3album-scrapbook, mellyel magadat, vagy szeretteidet is meglephetsz.\n\nOldalank\u00e9nt 3 db INSTAX mini, vagy 2 db 9 x 13 cm-es, vagy 1 db 10x15 cm-es (10 x 13 cm-es) f\u00e9nyk\u00e9p ragaszthat\u00f3 be k\u00e9toldal\u00fa ragaszt\u00f3val.\n\nA Scrapbook a napl\u00f3 modern v\u00e1ltozata. D\u00edsz\u00edtsd saj\u00e1t kedved szerint k\u00fcl\u00f6nb\u00f6z\u0151 dekor\u00e1ci\u00f3s anyagokkal. \u00cdrj vagy ragaszd bele sz\u00e1modra meghat\u00e1roz\u00f3 esem\u00e9nyekhez k\u00f6thet\u0151 apr\u00f3s\u00e1gokat. \u0150rizd meg eml\u00e9keidet kalandjaidr\u00f3l egy helyen. \n\nHa m\u00e1snak is boldog pillanatot akarsz szerezni, akkor aj\u00e1nd\u00e9kozd ak\u00e1r kar\u00e1csonyra, sz\u00fclet\u00e9snapra, n\u00e9vnapra Valentin-napra vagy b\u00e1rmilyen m\u00e1s alkalomra, amire csak szeretn\u00e9d.\n\n\nM\u00e9rete: 22 x 10,7 cm\nLapok m\u00e9rete: 21 x 10,7 cm\nBels\u0151 lapok: 40 db 120g-os h\u00f3feh\u00e9r lap (40 lap = 80 oldal)\nBor\u00edt\u00f3: v\u00e1laszthat\u00f3 v\u00e9kony m\u0171anyag (alap\u00e1r), vagy 2 mm vastag kartonlap, melyre matricanyomatk\u00e9nt ker\u00fcl a grafika. A fedlap sz\u00ednes grafik\u00e1val van d\u00edsz\u00edtve, a h\u00e1tlap feh\u00e9r.\nSpir\u00e1l: fekete, feh\u00e9r, ez\u00fcst, vagy rosegold\n\n\n\nV\u00c1S\u00c1RL\u00c1S MENETE:\n\n1.\tA leg\u00f6rd\u00fcl\u0151 men\u00fcb\u0151l v\u00e1laszd ki, hogy melyik spir\u00e1llal k\u00e9red a scrapbookod. Add meg azt is, melyik bor\u00edt\u00f3vastags\u00e1ggal k\u00e9red napl\u00f3dat.\n2.\tTedd a megfelel\u0151 darabsz\u00e1mot a kos\u00e1rba\n3.\tA megjegyz\u00e9sben add meg a sz\u00f6veget, amelyet szeretn\u00e9l a bor\u00edt\u00f3n \n    elhelyezni. \nFIGYELEM: a sz\u00f6veget bem\u00e1soljuk, nem ellen\u0151rz\u00fcnk \u00e9s nem jav\u00edtunk!\n4.\tV\u00e1laszd ki a sz\u00e1ll\u00edt\u00e1s m\u00f3dj\u00e1t\n5.\tEgyenl\u00edtsd ki a v\u00e1s\u00e1rl\u00e1s v\u00e9g\u00f6sszeg\u00e9t bankk\u00e1rty\u00e1val, vagy utald \u00e1t r\u00e9sz\u00fcnkre az \n    automatikus v\u00e1lasz\u00fczenetben le\u00edrtak szerint. K\u00fcldd el e-mailben a bor\u00edt\u00f3nak sz\u00e1nt j\u00f3 min\u0151s\u00e9g\u0171 f\u00e9nyk\u00e9pedet.\n6.\tHamarosan felvessz\u00fck veled a kapcsolatot \u00e9s e-mailben k\u00fcldj\u00fck a l\u00e1tv\u00e1nytervet, melyen d\u00edjmentesen maximum k\u00e9tszer m\u00f3dos\u00edthatsz. \n7.\tAmennyiben minden megfelel, \u00edr\u00e1sban hagyd j\u00f3v\u00e1 a tervet. \n8. Foxpostos rendel\u00e9s eset\u00e9n v\u00e1lasz\u00fczenetben add meg a c\u00edmzett automat\u00e1t, ahova a \n    csomagot kapni szeretn\u00e9d.\n9.\tSz\u00e1ll\u00edt\u00e1s: j\u00f3v\u00e1hagy\u00e1st\u00f3l \u00e9s fizet\u00e9st\u0151l sz\u00e1m\u00edtva 5 munkanap.\n\nA term\u00e9keket gondosan csomagoljuk, hogy \u00e9ps\u00e9gben \u00e9rkezzenek meg hozz\u00e1d.\n\nA v\u00e9gleges term\u00e9k v\u00edzjelet nem tartalmaz. A felt\u00fcntetett \u00e1r csak a le\u00edr\u00e1sban szerepl\u0151 t\u00e9teleket tartalmazza. A k\u00e9peken szerepl\u0151 egy\u00e9b kieg\u00e9sz\u00edt\u0151ket, dekor\u00e1ci\u00f3s elemeket az aj\u00e1nlat nem tartalmazza!\n\nA term\u00e9k saj\u00e1t tervez\u00e9s\u0171, mely grafik\u00e1j\u00e1nak tulajdonjoga a v\u00e1s\u00e1rl\u00e1s ut\u00e1n is a szerz\u0151n\u00e9l marad, ez\u00e9rt a term\u00e9k tov\u00e1bb\u00e9rt\u00e9kes\u00edt\u00e9se, sokszoros\u00edt\u00e1sa szigor\u00faan tilos!\n","score":0,"formatted_price":"3 700 Ft","image_url":"https:\/\/www.meska.hu\/img\/product\/small\/i\/l\/ilav_product_492434_221204093319_226346.jpeg","formatted_url":"https:\/\/www.meska.hu\/p4848742-instax-fotoalbum-emlekkonyv-naplo-egyedi-felirattal-sajat-fenylepeddel-ajandek-otlet-paroknak-karacsonyi-ajandek","favourite":false,"in_stock":false,"avatar":"492434_avatar_1648712689.jpeg","delete_from":0,"is_enhanced_background":false,"is_enhanced":false,"product_selection_started":false,"is_active":true,"image_webp_url":"https:\/\/www.meska.hu\/img\/product\/small\/i\/l\/ilav_product_492434_221204093319_226346.webp"},{"id":"5767423","shop_id":"46170","user_id":"355200","shop_name":"DekorPatika","shop_zip":"6000","product_code":"5541813","product_name_old":null,"product_name":"Any\u00e1k napi falik\u00e9p mam\u00e1nak","category_string":"Otthon & \u00c9letm\u00f3d, Pap\u00edr, \u00edr\u00f3szer, Album & Fot\u00f3album","technic_string":"Fot\u00f3, grafika, rajz, illusztr\u00e1ci\u00f3","category_1":"813","category_2":"351","category_3":"353","category_4":"0","merged_category_1":null,"merged_category_2":null,"merged_category_3":null,"technic_1":"483","technic_2":"0","technic_3":"0","color_1":"519","color_2":"0","color_3":"0","product_description_old":null,"product_description":"Nincs \u00f6tleted milyen aj\u00e1nd\u00e9kkal k\u00e9sz\u00fclj Any\u00e1k Napj\u00e1ra?\n\nElk\u00e9sz\u00edtem sz\u00e1modra a t\u00f6k\u00e9letes aj\u00e1nd\u00e9kot! Ez az egyedi falik\u00e9p remek d\u00edsze lehet lak\u00e1snak \u00e9s \u00f6r\u00f6k eml\u00e9k az eg\u00e9sz csal\u00e1dnak!\n\nA k\u00e9pkeret A\/4 m\u00e9ret\u0171, amely falra akaszthat\u00f3 vagy polcra is helyezhet\u0151!\n\nM\u00e9rete: 21x30cm\n\nK\u00e9rlek \u00edrd meg \u00fczenetben a gyermekek \u00e9s unok\u00e1k neveit! \n\nLehet\u0151s\u00e9ged van digit\u00e1lis form\u00e1tumban megrendelni a term\u00e9ket! Ebben az esetben, miut\u00e1n kifizetted a term\u00e9ket, elk\u00e9sz\u00edtem a grafik\u00e1t. A dekor\u00e1ci\u00f3t ezut\u00e1n PDF form\u00e1tumban emailben elk\u00fcld\u00f6m a r\u00e9szedre, amit otthon ki tudsz nyomtatni \u00e9s be tudsz keretezni.\n\n --- Mikor v\u00e1laszd a nyomtathat\u00f3 dekor\u00e1ci\u00f3t a keretbe helyezett k\u00e9p helyett? --- \n\n- ha olcs\u00f3bb megold\u00e1st keresel, hiszen nincs plusz postak\u00f6lts\u00e9ged  \n- ha gyorsabban szeretn\u00e9d megkapni, hiszen nincs post\u00e1z\u00e1s \n- ha utols\u00f3 pillanatban aj\u00e1nd\u00e9k dekor\u00e1ci\u00f3t szeretn\u00e9l \u00e9s nincs id\u0151d v\u00e1rni \n- ha az otthoni sz\u00ednes nyomtat\u00f3ddal vagy valamely k\u00f6zeli fot\u00f3 kioszkban kinyomtatn\u00e1d \n- ha megl\u00e9v\u0151 keretbe szeretn\u00e9d \n- ha esetleg t\u00f6bb p\u00e9ld\u00e1nyra is sz\u00fcks\u00e9ged lenne  \n\nK\u00e9rlek, vedd figyelembe, hogy a megjelen\u00edtett sz\u00ednek kis m\u00e9rt\u00e9kben elt\u00e9rhetnek a k\u00fcl\u00f6nb\u00f6z\u0151 kijelz\u0151k\u00f6n. \n\nAmennyiben s\u00fcrg\u0151s megrendel\u00e9sre van sz\u00fcks\u00e9ged k\u00e9rlek v\u00e1laszd a \u201cS\u00fcrg\u0151s megrendel\u00e9s\u201d opci\u00f3t \u00e9s 1 munkanapon bel\u00fcl elk\u00e9sz\u00edtem a term\u00e9ket!\nHa foxpost automat\u00e1t v\u00e1lasztott\u00e1l, k\u00e9rlek \u00edrd meg melyikbe k\u00fcldhetem.\n\nA term\u00e9k k\u00e9sz\u00edt\u00e9s\u00e9t \u00e9s post\u00e1z\u00e1s\u00e1t csak a fizet\u00e9s be\u00e9rkez\u00e9se ut\u00e1n tudom elkezdeni! K\u00f6sz\u00f6n\u00f6m a meg\u00e9rt\u00e9sed!","price":"3490.00","unit":"db","recommended":"0","status":"1","sponsored":"0","exp_notify":"0","own_material":"0","own_material_description_old":null,"own_material_description":"","jury":"0","jury_number":"","product_nature":"","meskaracsony":"0","create_date":"2026-04-18 11:05:43","shelve_id":"0","image":"dekorpatika_product_355200_250416152947_511612.jpeg","image_width":"480","image_height":"560","image_alt":"Any\u00e1k napi falik\u00e9p mam\u00e1nak, Nincs \u00f6tleted milyen aj\u00e1nd\u00e9kkal k\u00e9sz\u00fclj Any\u00e1k Napj\u00e1ra?\\n\\nElk\u00e9sz\u00edtem sz\u00e1modra a t\u00f6k\u00e9letes aj\u00e1nd\u00e9kot! E..., Meska","image_title":"Any\u00e1k napi falik\u00e9p mam\u00e1nak, Meska","view_count":"619","favourite_count":"1","trending_score":"0","last2MonthFavouriteCount":"1","promotion":"0","giftcard_accept":"0","creditcard_accept":true,"enhanced_background":"0","domain":"meska","specific_customer_id":null,"specific_customer_name":null,"to_order_product":"1","to_order_product_time":"4","product_different":null,"product_different_description":"","vintage":"0","vintage_category_id":"0","recycled":"0","gemstone_id":"0","customizable":"1","type_category":"digital","zerowaste":"0","postage_price":"1290.00","shop_order":"0","has_category":"1","landing_pages":null,"microdata":{"number":26,"category":""},"title":"Any\u00e1k napi falik\u00e9p mam\u00e1nak","description":"Nincs \u00f6tleted milyen aj\u00e1nd\u00e9kkal k\u00e9sz\u00fclj Any\u00e1k Napj\u00e1ra?\n\nElk\u00e9sz\u00edtem sz\u00e1modra a t\u00f6k\u00e9letes aj\u00e1nd\u00e9kot! Ez az egyedi falik\u00e9p remek d\u00edsze lehet lak\u00e1snak \u00e9s \u00f6r\u00f6k eml\u00e9k az eg\u00e9sz csal\u00e1dnak!\n\nA k\u00e9pkeret A\/4 m\u00e9ret\u0171, amely falra akaszthat\u00f3 vagy polcra is helyezhet\u0151!\n\nM\u00e9rete: 21x30cm\n\nK\u00e9rlek \u00edrd meg \u00fczenetben a gyermekek \u00e9s unok\u00e1k neveit! \n\nLehet\u0151s\u00e9ged van digit\u00e1lis form\u00e1tumban megrendelni a term\u00e9ket! Ebben az esetben, miut\u00e1n kifizetted a term\u00e9ket, elk\u00e9sz\u00edtem a grafik\u00e1t. A dekor\u00e1ci\u00f3t ezut\u00e1n PDF form\u00e1tumban emailben elk\u00fcld\u00f6m a r\u00e9szedre, amit otthon ki tudsz nyomtatni \u00e9s be tudsz keretezni.\n\n --- Mikor v\u00e1laszd a nyomtathat\u00f3 dekor\u00e1ci\u00f3t a keretbe helyezett k\u00e9p helyett? --- \n\n- ha olcs\u00f3bb megold\u00e1st keresel, hiszen nincs plusz postak\u00f6lts\u00e9ged  \n- ha gyorsabban szeretn\u00e9d megkapni, hiszen nincs post\u00e1z\u00e1s \n- ha utols\u00f3 pillanatban aj\u00e1nd\u00e9k dekor\u00e1ci\u00f3t szeretn\u00e9l \u00e9s nincs id\u0151d v\u00e1rni \n- ha az otthoni sz\u00ednes nyomtat\u00f3ddal vagy valamely k\u00f6zeli fot\u00f3 kioszkban kinyomtatn\u00e1d \n- ha megl\u00e9v\u0151 keretbe szeretn\u00e9d \n- ha esetleg t\u00f6bb p\u00e9ld\u00e1nyra is sz\u00fcks\u00e9ged lenne  \n\nK\u00e9rlek, vedd figyelembe, hogy a megjelen\u00edtett sz\u00ednek kis m\u00e9rt\u00e9kben elt\u00e9rhetnek a k\u00fcl\u00f6nb\u00f6z\u0151 kijelz\u0151k\u00f6n. \n\nAmennyiben s\u00fcrg\u0151s megrendel\u00e9sre van sz\u00fcks\u00e9ged k\u00e9rlek v\u00e1laszd a \u201cS\u00fcrg\u0151s megrendel\u00e9s\u201d opci\u00f3t \u00e9s 1 munkanapon bel\u00fcl elk\u00e9sz\u00edtem a term\u00e9ket!\nHa foxpost automat\u00e1t v\u00e1lasztott\u00e1l, k\u00e9rlek \u00edrd meg melyikbe k\u00fcldhetem.\n\nA term\u00e9k k\u00e9sz\u00edt\u00e9s\u00e9t \u00e9s post\u00e1z\u00e1s\u00e1t csak a fizet\u00e9s be\u00e9rkez\u00e9se ut\u00e1n tudom elkezdeni! K\u00f6sz\u00f6n\u00f6m a meg\u00e9rt\u00e9sed!","score":0,"formatted_price":"3 490 Ft","image_url":"https:\/\/www.meska.hu\/img\/product\/small\/d\/e\/dekorpatika_product_355200_250416152947_511612.jpeg","formatted_url":"https:\/\/www.meska.hu\/p5541813-anyak-napi-falikep-mamanak","favourite":false,"in_stock":false,"avatar":"355200_avatar_1726093454.jpeg","delete_from":0,"is_enhanced_background":false,"is_enhanced":false,"product_selection_started":false,"is_active":true,"image_webp_url":"https:\/\/www.meska.hu\/img\/product\/small\/d\/e\/dekorpatika_product_355200_250416152947_511612.webp"},{"id":"4836419","shop_id":"24144","user_id":"274209","shop_name":"OtletLada","shop_zip":"7522","product_code":"4980385","product_name_old":null,"product_name":"Ballag\u00e1si AJ\u00c1ND\u00c9K - N\u00e9vre sz\u00f3l\u00f3 Eml\u00e9kk\u00f6nyv - aj\u00e1nd\u00e9k album - aj\u00e1nd\u00e9k \u00f6tlet  - 21x19cm k\u00f6z\u00e9p-\u00e9s \u00e1ltal\u00e1nos iskol\u00e1soknak","category_string":"Otthon & \u00c9letm\u00f3d, Pap\u00edr, \u00edr\u00f3szer, Album & Fot\u00f3album","technic_string":"Fot\u00f3, grafika, rajz, illusztr\u00e1ci\u00f3, K\u00f6nyvk\u00f6t\u00e9s","category_1":"813","category_2":"351","category_3":"353","category_4":"0","merged_category_1":"0","merged_category_2":"0","merged_category_3":"0","technic_1":"483","technic_2":"671","technic_3":"0","color_1":"514","color_2":"519","color_3":"520","product_description_old":null,"product_description":"B\u00e1rmilyen sz\u00f6veggel k\u00e9rheted, csak a kos\u00e1r oldalon \u00edrd meg nekem megjegyz\u00e9sben!!! Kedves trendi aj\u00e1nd\u00e9k eml\u00e9kk\u00f6nyv ballag\u00f3 di\u00e1koknak, amibe beleragaszthatja az oszt\u00e1lyt\u00e1rsai tabl\u00f3fot\u00f3j\u00e1t \u00e9s a vel\u00fck \u00e1t\u00e9lt \u00e9lm\u00e9nyekr\u0151l k\u00e9sz\u00fclt kor\u00e1bbi k\u00e9peket, \u00edgy \u00f6r\u00f6k eml\u00e9kek maradnak a tini \u00e9vek alatt \u00e1t\u00e9lt kalandok. \nA k\u00f6nyvecsk\u00e9be k\u00e9toldal\u00fa ragaszt\u00f3val lehet a k\u00e9peket beragasztani, goly\u00f3stollal, ceruz\u00e1val, sz\u00ednesceruz\u00e1val lehet bele \u00edrni \/ rajzolni is a fot\u00f3k mell\u00e9. \n\n\u26a0\ufe0fFONTOS\u26a0\ufe0f A bor\u00edt\u00f3ra ker\u00fcl\u0151 nevet (\u00e9s sz\u00fcks\u00e9g eset\u00e9n az iskola nev\u00e9t) rendel\u00e9skor ne felejtsd el a kos\u00e1r oldalon tal\u00e1lhat\u00f3 megjegyz\u00e9s mez\u0151be be\u00edrni!\n\nPARAM\u00c9TEREK:\n\u25b6\ufe0f Bel\u00edvek 120g-os \u00fcres feh\u00e9r lapok - 40 db\n\u25b6\ufe0f F\u00e9m spir\u00e1llal\n\u25b6\ufe0f M\u00e9rete: 210x190mm\n\n\u26a0\ufe0f BOR\u00cdT\u00d3JA l\u00e9zer nyomat, h\u00e1tlapja nat\u00far sz\u00edn\u0171 - alapanyaga V\u00c1LASZTHAT\u00d3:\n\u2705 ALAP\u00c1RON: KEM\u00c9NY, de v\u00e9kony (kb 0,5mm) m\u0171anyag bor\u00edt\u00f3\n\u2705+1500 Ft-\u00e9rt v\u00e1laszthat\u00f3 2mm extra vastag, KEM\u00c9NY kartont\u00e1bl\u00e1ra k\u00e9sz\u00fclt bor\u00edt\u00f3val is.\n\nN\u00e9zd meg a t\u00f6bbi term\u00e9kemet is:\nhttps:\/\/www.meska.hu\/shop\/OromKonnyek\n\n>>> Sz\u00e1ll\u00edt\u00e1si \u00e9s \u00c1TV\u00c9TELI inform\u00e1ci\u00f3kat a \"Sz\u00e1ll\u00edt\u00e1si Info\" f\u00fclre kattintva tal\u00e1lod\n\n>>> Fizet\u00e9si m\u00f3d - KIZ\u00c1R\u00d3LAG EL\u0150RE FIZET\u00c9SSEL: Bankk\u00e1rty\u00e1val \/ Barionnal \/\u00c1tutal\u00e1ssal vagy Banki befizet\u00e9ssel\n\n\u26a0\ufe0fFONTOS\u26a0\ufe0f Rendel\u00e9shez tedd kos\u00e1rba a term\u00e9ket \u00e9s a \"Kos\u00e1r\" oldalon az \"\u00dczenet az elad\u00f3nak\" r\u00e9szbe \u00edrd be, hogy milyen sz\u00f6veget \/ nevet k\u00e9rsz a bor\u00edt\u00f3ra.","price":"7900.00","unit":"db","recommended":"0","status":"1","sponsored":"0","exp_notify":"0","own_material":"0","own_material_description_old":null,"own_material_description":"","jury":"0","jury_number":"","product_nature":"","meskaracsony":"0","create_date":"2026-04-15 10:16:50","shelve_id":"56349","image":"otletlada_product_274209_230515132608_441189.jpeg","image_width":"480","image_height":"443","image_alt":"Ballag\u00e1si AJ\u00c1ND\u00c9K - N\u00e9vre sz\u00f3l\u00f3 Eml\u00e9kk\u00f6nyv - aj\u00e1nd\u00e9k album - aj\u00e1nd\u00e9k \u00f6tlet  - 21x19cm k\u00f6z\u00e9p-\u00e9s \u00e1ltal\u00e1nos iskol\u00e1soknak, B\u00e1rmilyen sz\u00f6veggel k\u00e9rheted, csak a kos\u00e1r oldalon \u00edrd meg nekem megjegyz\u00e9sben!!! Kedves trendi aj\u00e1n..., Meska","image_title":"Ballag\u00e1si AJ\u00c1ND\u00c9K - N\u00e9vre sz\u00f3l\u00f3 Eml\u00e9kk\u00f6nyv - aj\u00e1nd\u00e9k album - aj\u00e1nd\u00e9k \u00f6tlet  - 21x19cm k\u00f6z\u00e9p-\u00e9s \u00e1ltal\u00e1nos iskol\u00e1soknak, Meska","view_count":"1608","favourite_count":"0","trending_score":"0","last2MonthFavouriteCount":"0","promotion":"0","giftcard_accept":"0","creditcard_accept":false,"enhanced_background":"0","domain":"meska","specific_customer_id":null,"specific_customer_name":null,"to_order_product":"1","to_order_product_time":"5","product_different":"quite_different","product_different_description":"A monitor sz\u00ednei a nyomtatott\u00f3l elt\u00e9rhetnek.","vintage":"0","vintage_category_id":"0","recycled":"0","gemstone_id":"0","customizable":"1","type_category":"physical","zerowaste":"0","postage_price":"1290.00","shop_order":"17","has_category":"1","landing_pages":"Ballag\u00e1si aj\u00e1nd\u00e9kok \u00e9s kieg\u00e9sz\u00edt\u0151k","microdata":{"number":27,"category":""},"title":"Ballag\u00e1si AJ\u00c1ND\u00c9K - N\u00e9vre sz\u00f3l\u00f3 Eml\u00e9kk\u00f6nyv - aj\u00e1nd\u00e9k album - aj\u00e1nd\u00e9k \u00f6tlet  - 21x19cm k\u00f6z\u00e9p-\u00e9s \u00e1ltal\u00e1nos iskol\u00e1soknak","description":"B\u00e1rmilyen sz\u00f6veggel k\u00e9rheted, csak a kos\u00e1r oldalon \u00edrd meg nekem megjegyz\u00e9sben!!! Kedves trendi aj\u00e1nd\u00e9k eml\u00e9kk\u00f6nyv ballag\u00f3 di\u00e1koknak, amibe beleragaszthatja az oszt\u00e1lyt\u00e1rsai tabl\u00f3fot\u00f3j\u00e1t \u00e9s a vel\u00fck \u00e1t\u00e9lt \u00e9lm\u00e9nyekr\u0151l k\u00e9sz\u00fclt kor\u00e1bbi k\u00e9peket, \u00edgy \u00f6r\u00f6k eml\u00e9kek maradnak a tini \u00e9vek alatt \u00e1t\u00e9lt kalandok. \nA k\u00f6nyvecsk\u00e9be k\u00e9toldal\u00fa ragaszt\u00f3val lehet a k\u00e9peket beragasztani, goly\u00f3stollal, ceruz\u00e1val, sz\u00ednesceruz\u00e1val lehet bele \u00edrni \/ rajzolni is a fot\u00f3k mell\u00e9. \n\n\u26a0\ufe0fFONTOS\u26a0\ufe0f A bor\u00edt\u00f3ra ker\u00fcl\u0151 nevet (\u00e9s sz\u00fcks\u00e9g eset\u00e9n az iskola nev\u00e9t) rendel\u00e9skor ne felejtsd el a kos\u00e1r oldalon tal\u00e1lhat\u00f3 megjegyz\u00e9s mez\u0151be be\u00edrni!\n\nPARAM\u00c9TEREK:\n\u25b6\ufe0f Bel\u00edvek 120g-os \u00fcres feh\u00e9r lapok - 40 db\n\u25b6\ufe0f F\u00e9m spir\u00e1llal\n\u25b6\ufe0f M\u00e9rete: 210x190mm\n\n\u26a0\ufe0f BOR\u00cdT\u00d3JA l\u00e9zer nyomat, h\u00e1tlapja nat\u00far sz\u00edn\u0171 - alapanyaga V\u00c1LASZTHAT\u00d3:\n\u2705 ALAP\u00c1RON: KEM\u00c9NY, de v\u00e9kony (kb 0,5mm) m\u0171anyag bor\u00edt\u00f3\n\u2705+1500 Ft-\u00e9rt v\u00e1laszthat\u00f3 2mm extra vastag, KEM\u00c9NY kartont\u00e1bl\u00e1ra k\u00e9sz\u00fclt bor\u00edt\u00f3val is.\n\nN\u00e9zd meg a t\u00f6bbi term\u00e9kemet is:\nhttps:\/\/www.meska.hu\/shop\/OromKonnyek\n\n>>> Sz\u00e1ll\u00edt\u00e1si \u00e9s \u00c1TV\u00c9TELI inform\u00e1ci\u00f3kat a \"Sz\u00e1ll\u00edt\u00e1si Info\" f\u00fclre kattintva tal\u00e1lod\n\n>>> Fizet\u00e9si m\u00f3d - KIZ\u00c1R\u00d3LAG EL\u0150RE FIZET\u00c9SSEL: Bankk\u00e1rty\u00e1val \/ Barionnal \/\u00c1tutal\u00e1ssal vagy Banki befizet\u00e9ssel\n\n\u26a0\ufe0fFONTOS\u26a0\ufe0f Rendel\u00e9shez tedd kos\u00e1rba a term\u00e9ket \u00e9s a \"Kos\u00e1r\" oldalon az \"\u00dczenet az elad\u00f3nak\" r\u00e9szbe \u00edrd be, hogy milyen sz\u00f6veget \/ nevet k\u00e9rsz a bor\u00edt\u00f3ra.","score":0,"formatted_price":"7 900 Ft","image_url":"https:\/\/www.meska.hu\/img\/product\/small\/o\/t\/otletlada_product_274209_230515132608_441189.jpeg","formatted_url":"https:\/\/www.meska.hu\/p4980385-ballagasi-ajandek-nevre-szolo-emlekkonyv-ajandek-album-ajandek-otlet-21x19cm-kozep-es-altalanos-iskolasoknak","favourite":false,"in_stock":false,"avatar":"274209_avatar_1697355906.jpeg","delete_from":0,"is_enhanced_background":false,"is_enhanced":false,"product_selection_started":false,"is_active":true,"image_webp_url":"https:\/\/www.meska.hu\/img\/product\/small\/o\/t\/otletlada_product_274209_230515132608_441189.webp"},{"id":"3463863","shop_id":"26184","user_id":"314086","shop_name":"nimindesign","shop_zip":"4030","product_code":"3719163","product_name_old":null,"product_name":"Az els\u0151 9 h\u00f3nap \u2013 V\u00e1rand\u00f3s, kismama napl\u00f3","category_string":"Otthon & \u00c9letm\u00f3d, Pap\u00edr, \u00edr\u00f3szer, Album & Fot\u00f3album","technic_string":"Fot\u00f3, grafika, rajz, illusztr\u00e1ci\u00f3","category_1":"813","category_2":"351","category_3":"353","category_4":"0","merged_category_1":null,"merged_category_2":null,"merged_category_3":null,"technic_1":"483","technic_2":"0","technic_3":"0","color_1":"515","color_2":"519","color_3":"527","product_description_old":null,"product_description":"\u2728 152 oldalnyi eml\u00e9k a v\u00e1rand\u00f3ss\u00e1g \u00e9s az els\u0151 napok felejthetetlen pillanataib\u00f3l\n\u2728 21 k\u00fcl\u00f6nb\u00f6z\u0151 sz\u00edn\u0171 ig\u00e9nyes, min\u0151s\u00e9gi bor\u00edt\u00f3 k\u00f6z\u00fcl v\u00e1laszthatsz, ami nemcsak gy\u00f6ny\u00f6r\u0171, de id\u0151t\u00e1ll\u00f3 is\n\u2728 eleg\u00e1ns d\u00edszcsomagol\u00e1sban kapod meg, \u00edgy ha aj\u00e1nd\u00e9kba sz\u00e1nod, nem kell k\u00fcl\u00f6n bajl\u00f3dnod a csomagol\u00e1ssal\n\nA babav\u00e1r\u00e1s az egyik legszebb id\u0151szak egy n\u0151 \u00e9let\u00e9ben. \u00c9ppen ez\u00e9rt ezt az izgalmakkal teli, kalandos 9 h\u00f3napot \u00e9rdemes meg\u00f6r\u00f6k\u00edteni, hogy \u00e9let\u00fcnk v\u00e9g\u00e9ig eml\u00e9kezhess\u00fcnk minden egyes pillanat\u00e1ra.\n\nAz els\u0151 9 h\u00f3nap kismama napl\u00f3 ebben ny\u00fajt seg\u00edts\u00e9get, hiszen 152 oldalon kereszt\u00fcl seg\u00edt meg\u00f6r\u00f6k\u00edteni a babav\u00e1r\u00e1s legeml\u00e9kezetesebb pillanatait.\n\nEgy kis \u00edzel\u00edt\u0151 a napl\u00f3 tartalm\u00e1b\u00f3l:\n\n Anya leszek: hogyan tudtad meg, hogy hamarosan \u00e9desanya leszel, milyen \u00e9rz\u00e9sek \u00e9s gondolatok kavarogtak benned, mik\u00e9nt osztottad meg az \u00f6r\u00f6mh\u00edrt a p\u00e1roddal, a leend\u0151 nagysz\u00fcl\u0151kkel \u00e9s a bar\u00e1tokkal\n\nN\u00e9vv\u00e1laszt\u00e1s: hogyan tudt\u00e1tok meg kisbab\u00e1tok nem\u00e9t, mik a kedvenc fi\u00fa \u00e9s l\u00e1nyneveitek, hogyan v\u00e1lasztott\u00e1tok ki kisbab\u00e1tok nev\u00e9t, \u00e9s mi\u00e9rt \u00e9ppen az lett befut\u00f3, mi a n\u00e9v a jelent\u00e9se\n\nM\u00e9rf\u00f6ldk\u00f6vek: a nagy els\u0151 alkalmak, s\u00falygyarapod\u00e1s, kisbab\u00e1d n\u00f6veked\u00e9se\n\nKelengyelista, k\u00f3rh\u00e1zi lista\n\nEls\u0151-m\u00e1sodik-harmadik trimeszter: ebben a fejezetben heti bont\u00e1sban vezetheted a v\u00e1rand\u00f3ss\u00e1ggal kapcsolatos legfontosabb t\u00f6rt\u00e9n\u00e9seket, az aktu\u00e1lis gondolataidat, \u00e9rzelmi \u00e1llapotodat. Az egyes h\u00f3napokat egy Fot\u00f3napl\u00f3 v\u00e1lasztja el, m\u00edg az egyes trimeszterek v\u00e9g\u00e9n tal\u00e1lsz m\u00e9g egy 3 oldalas \u00f6sszegz\u0151t is, a legeml\u00e9kezetesebb pillanatok meg\u00f6r\u00f6k\u00edt\u00e9s\u00e9re.\n\nA nagy nap: az utols\u00f3 fejezet egy amolyan mini babanapl\u00f3, ahov\u00e1 feljegyezheted kisbab\u00e1d sz\u00fclet\u00e9s\u00e9nek t\u00f6rt\u00e9net\u00e9t, az els\u0151 tal\u00e1lkoz\u00e1st \u00e9s az els\u0151 napjaitokat. Beragaszthatod a kicsi els\u0151 fot\u00f3j\u00e1t, illetve k\u00e9z- \u00e9s l\u00e1blenyomat\u00e1t.\n\nJegyzet: biztosan lesznek olyan szem\u00e9lyes eml\u00e9kek, amiket nem tal\u00e1lsz meg a napl\u00f3ban. Ezeknek hagytuk \u00fcresen az utols\u00f3 4 oldalt, ahov\u00e1 szabadon \u00edrhatsz, vagy haszn\u00e1lhatod apr\u00f3 eml\u00e9kek (pl. karszalag) vagy fot\u00f3k beragaszt\u00e1s\u00e1ra is.\n\nAmit m\u00e9g \u00e9rdemes tudnod a napl\u00f3r\u00f3l:\nTerjedelem: 152 oldal\nPap\u00edrmin\u0151s\u00e9g: 120 g\/m2\nM\u00e9ret: A\/4\nBor\u00edt\u00f3: egyedileg v\u00e1lasztott sz\u00edn\u0171 bor\u00edt\u00f3, arany felirattal\nK\u00f6t\u00e9s t\u00edpusa: irats\u00ednes k\u00f6t\u00e9s","price":"14500.00","unit":"db","recommended":"0","status":"1","sponsored":"0","exp_notify":"0","own_material":"0","own_material_description_old":null,"own_material_description":"","jury":"0","jury_number":"","product_nature":"","meskaracsony":"0","create_date":"2026-04-14 16:42:05","shelve_id":"0","image":"nimindesign_product_314086_230518180109_930554.jpeg","image_width":"480","image_height":"721","image_alt":"Az els\u0151 9 h\u00f3nap \u2013 V\u00e1rand\u00f3s, kismama napl\u00f3, \u2728 152 oldalnyi eml\u00e9k a v\u00e1rand\u00f3ss\u00e1g \u00e9s az els\u0151 napok felejthetetlen pillanataib\u00f3l\\n\u2728 21 k\u00fcl\u00f6nb\u00f6z\u0151 sz\u00edn..., Meska","image_title":"Az els\u0151 9 h\u00f3nap \u2013 V\u00e1rand\u00f3s, kismama napl\u00f3, Meska","view_count":"8379","favourite_count":"1","trending_score":"0","last2MonthFavouriteCount":"1","promotion":"0","giftcard_accept":"0","creditcard_accept":true,"enhanced_background":"0","domain":"meska","specific_customer_id":null,"specific_customer_name":null,"to_order_product":"1","to_order_product_time":"10","product_different":"quite_different","product_different_description":"Az Anyanapl\u00f3 bor\u00edt\u00f3j\u00e1nak sz\u00edn\u00e9t te v\u00e1laszthatod ki a csatolt sz\u00ednmint\u00e1k alapj\u00e1n.","vintage":"0","vintage_category_id":"0","recycled":"0","gemstone_id":"0","customizable":"0","type_category":"physical","zerowaste":"0","postage_price":"1290.00","shop_order":"0","has_category":"1","landing_pages":null,"microdata":{"number":28,"category":""},"title":"Az els\u0151 9 h\u00f3nap \u2013 V\u00e1rand\u00f3s, kismama napl\u00f3","description":"\u2728 152 oldalnyi eml\u00e9k a v\u00e1rand\u00f3ss\u00e1g \u00e9s az els\u0151 napok felejthetetlen pillanataib\u00f3l\n\u2728 21 k\u00fcl\u00f6nb\u00f6z\u0151 sz\u00edn\u0171 ig\u00e9nyes, min\u0151s\u00e9gi bor\u00edt\u00f3 k\u00f6z\u00fcl v\u00e1laszthatsz, ami nemcsak gy\u00f6ny\u00f6r\u0171, de id\u0151t\u00e1ll\u00f3 is\n\u2728 eleg\u00e1ns d\u00edszcsomagol\u00e1sban kapod meg, \u00edgy ha aj\u00e1nd\u00e9kba sz\u00e1nod, nem kell k\u00fcl\u00f6n bajl\u00f3dnod a csomagol\u00e1ssal\n\nA babav\u00e1r\u00e1s az egyik legszebb id\u0151szak egy n\u0151 \u00e9let\u00e9ben. \u00c9ppen ez\u00e9rt ezt az izgalmakkal teli, kalandos 9 h\u00f3napot \u00e9rdemes meg\u00f6r\u00f6k\u00edteni, hogy \u00e9let\u00fcnk v\u00e9g\u00e9ig eml\u00e9kezhess\u00fcnk minden egyes pillanat\u00e1ra.\n\nAz els\u0151 9 h\u00f3nap kismama napl\u00f3 ebben ny\u00fajt seg\u00edts\u00e9get, hiszen 152 oldalon kereszt\u00fcl seg\u00edt meg\u00f6r\u00f6k\u00edteni a babav\u00e1r\u00e1s legeml\u00e9kezetesebb pillanatait.\n\nEgy kis \u00edzel\u00edt\u0151 a napl\u00f3 tartalm\u00e1b\u00f3l:\n\n Anya leszek: hogyan tudtad meg, hogy hamarosan \u00e9desanya leszel, milyen \u00e9rz\u00e9sek \u00e9s gondolatok kavarogtak benned, mik\u00e9nt osztottad meg az \u00f6r\u00f6mh\u00edrt a p\u00e1roddal, a leend\u0151 nagysz\u00fcl\u0151kkel \u00e9s a bar\u00e1tokkal\n\nN\u00e9vv\u00e1laszt\u00e1s: hogyan tudt\u00e1tok meg kisbab\u00e1tok nem\u00e9t, mik a kedvenc fi\u00fa \u00e9s l\u00e1nyneveitek, hogyan v\u00e1lasztott\u00e1tok ki kisbab\u00e1tok nev\u00e9t, \u00e9s mi\u00e9rt \u00e9ppen az lett befut\u00f3, mi a n\u00e9v a jelent\u00e9se\n\nM\u00e9rf\u00f6ldk\u00f6vek: a nagy els\u0151 alkalmak, s\u00falygyarapod\u00e1s, kisbab\u00e1d n\u00f6veked\u00e9se\n\nKelengyelista, k\u00f3rh\u00e1zi lista\n\nEls\u0151-m\u00e1sodik-harmadik trimeszter: ebben a fejezetben heti bont\u00e1sban vezetheted a v\u00e1rand\u00f3ss\u00e1ggal kapcsolatos legfontosabb t\u00f6rt\u00e9n\u00e9seket, az aktu\u00e1lis gondolataidat, \u00e9rzelmi \u00e1llapotodat. Az egyes h\u00f3napokat egy Fot\u00f3napl\u00f3 v\u00e1lasztja el, m\u00edg az egyes trimeszterek v\u00e9g\u00e9n tal\u00e1lsz m\u00e9g egy 3 oldalas \u00f6sszegz\u0151t is, a legeml\u00e9kezetesebb pillanatok meg\u00f6r\u00f6k\u00edt\u00e9s\u00e9re.\n\nA nagy nap: az utols\u00f3 fejezet egy amolyan mini babanapl\u00f3, ahov\u00e1 feljegyezheted kisbab\u00e1d sz\u00fclet\u00e9s\u00e9nek t\u00f6rt\u00e9net\u00e9t, az els\u0151 tal\u00e1lkoz\u00e1st \u00e9s az els\u0151 napjaitokat. Beragaszthatod a kicsi els\u0151 fot\u00f3j\u00e1t, illetve k\u00e9z- \u00e9s l\u00e1blenyomat\u00e1t.\n\nJegyzet: biztosan lesznek olyan szem\u00e9lyes eml\u00e9kek, amiket nem tal\u00e1lsz meg a napl\u00f3ban. Ezeknek hagytuk \u00fcresen az utols\u00f3 4 oldalt, ahov\u00e1 szabadon \u00edrhatsz, vagy haszn\u00e1lhatod apr\u00f3 eml\u00e9kek (pl. karszalag) vagy fot\u00f3k beragaszt\u00e1s\u00e1ra is.\n\nAmit m\u00e9g \u00e9rdemes tudnod a napl\u00f3r\u00f3l:\nTerjedelem: 152 oldal\nPap\u00edrmin\u0151s\u00e9g: 120 g\/m2\nM\u00e9ret: A\/4\nBor\u00edt\u00f3: egyedileg v\u00e1lasztott sz\u00edn\u0171 bor\u00edt\u00f3, arany felirattal\nK\u00f6t\u00e9s t\u00edpusa: irats\u00ednes k\u00f6t\u00e9s","score":0,"formatted_price":"14 500 Ft","image_url":"https:\/\/www.meska.hu\/img\/product\/small\/n\/i\/nimindesign_product_314086_230518180109_930554.jpeg","formatted_url":"https:\/\/www.meska.hu\/p3719163-az-elso-9-honap-varandos-kismama-naplo","favourite":false,"in_stock":false,"avatar":"nimindesign_avatar_314086_1614840697.JPG","delete_from":0,"is_enhanced_background":false,"is_enhanced":false,"product_selection_started":false,"is_active":true,"image_webp_url":"https:\/\/www.meska.hu\/img\/product\/small\/n\/i\/nimindesign_product_314086_230518180109_930554.webp"},{"id":"4837801","shop_id":"24144","user_id":"274209","shop_name":"OtletLada","shop_zip":"7522","product_code":"4980832","product_name_old":null,"product_name":"SAJ\u00c1T SZ\u00d6VEGGEL k\u00e9rhet\u0151 Fot\u00f3album F\u00e9nyk\u00e9p album \/ f\u00fczet - 40 lap = 80 oldal - 21x19cm","category_string":"Otthon & \u00c9letm\u00f3d, Pap\u00edr, \u00edr\u00f3szer, Album & Fot\u00f3album","technic_string":"Fot\u00f3, grafika, rajz, illusztr\u00e1ci\u00f3, K\u00f6nyvk\u00f6t\u00e9s","category_1":"813","category_2":"351","category_3":"353","category_4":"0","merged_category_1":"0","merged_category_2":"0","merged_category_3":"0","technic_1":"483","technic_2":"671","technic_3":"0","color_1":"514","color_2":"520","color_3":"0","product_description_old":null,"product_description":"K\u00c9RD B\u00c1RMILYEN SZ\u00d6VEGGEL! Nat\u00far sz\u00edn\u0171 beragaszt\u00f3s fot\u00f3album.\nTedd egyediv\u00e9 az albumot egy-egy szem\u00e9lyes megjegyz\u00e9ssel, al\u00e1\u00edr\u00e1ssal, vicces eml\u00e9kekkel vagy aranyk\u00f6p\u00e9ssel a k\u00e9p al\u00e1 \u00edrva. ;) Teljesen m\u00e1s \u00e9lm\u00e9ny lesz egy ilyen albumot v\u00e9gig lapozni p\u00e1r \u00e9v m\u00falva, mintha csak fot\u00f3k lenn\u00e9nek egym\u00e1s ut\u00e1n sorba rakva.\n\nTIPP: a f\u00e9nyk\u00e9peket k\u00e9toldal\u00fa ragaszt\u00f3val a legegyszer\u0171bb beragasztani, amit szinte b\u00e1rmelyik szupermarket polcain megtal\u00e1lsz (a fest\u0151s r\u00e9szlegn\u00e9l)\nTerm\u00e9szetesen fot\u00f3sarokkal vagy dekor ragaszt\u00f3szalaggal is r\u00f6gz\u00edtheted\n\nPARAM\u00c9TEREK:\n\u25b6\ufe0f Bel\u00edvek 120g-os \u00fcres OFFSET feh\u00e9r lapok* - 40 \u00edv (80 oldal)\n\u25b6\ufe0f Fekete f\u00e9m spir\u00e1llal\n\u25b6\ufe0f M\u00e9rete: 210x190mm\n\n\u26a0\ufe0f BOR\u00cdT\u00d3JA l\u00e9zer nyomat, h\u00e1tlapja nat\u00far sz\u00edn\u0171 - alapanyaga V\u00c1LASZTHAT\u00d3:\n\u2705 ALAP\u00c1RON: KEM\u00c9NY, de v\u00e9kony (kb 0,5mm) m\u0171anyag bor\u00edt\u00f3\n\u2705+1500 Ft-\u00e9rt v\u00e1laszthat\u00f3 2mm extra vastag, KEM\u00c9NY kartont\u00e1bl\u00e1ra k\u00e9sz\u00fclt bor\u00edt\u00f3val is.\n\nK\u00e9toldal\u00fa ragaszt\u00f3val k\u00e9peket is ragaszthattok bele, vagy ceruz\u00e1val, tollal is \u00edrhattok bele.\n\nN\u00e9zd meg a t\u00f6bbi term\u00e9kemet is:\nhttps:\/\/www.meska.hu\/shop\/OtletLada\n\n>>> Sz\u00e1ll\u00edt\u00e1si \u00e9s \u00c1TV\u00c9TELI inform\u00e1ci\u00f3kat a \"Sz\u00e1ll\u00edt\u00e1si Info\" f\u00fclre kattintva tal\u00e1lod\n\n>>> Fizet\u00e9si m\u00f3d - KIZ\u00c1R\u00d3LAG EL\u0150RE FIZET\u00c9SSEL: Bankk\u00e1rty\u00e1val \/ Barionnal \/\u00c1tutal\u00e1ssal vagy Banki befizet\u00e9ssel\n\n\u26a0\ufe0fFONTOS\u26a0\ufe0f Ha v\u00e1ltoztatni szeretn\u00e9l a bor\u00edt\u00f3 sz\u00f6veg\u00e9n, akkor tedd kos\u00e1rba a term\u00e9ket \u00e9s a \"Kos\u00e1r\" oldalon az \"\u00dczenet az elad\u00f3nak\" r\u00e9szbe \u00edrd be, hogy milyen sz\u00f6veget \/ nevet k\u00e9rsz a bor\u00edt\u00f3ra.","price":"7900.00","unit":"db","recommended":"0","status":"1","sponsored":"0","exp_notify":"0","own_material":"0","own_material_description_old":null,"own_material_description":"","jury":"0","jury_number":"","product_nature":"","meskaracsony":"0","create_date":"2026-04-14 13:42:30","shelve_id":"71570","image":"otletlada_product_274209_230516122124_323590.jpeg","image_width":"480","image_height":"443","image_alt":"SAJ\u00c1T SZ\u00d6VEGGEL k\u00e9rhet\u0151 Fot\u00f3album F\u00e9nyk\u00e9p album \/ f\u00fczet - 40 lap = 80 oldal - 21x19cm, K\u00c9RD B\u00c1RMILYEN SZ\u00d6VEGGEL! Nat\u00far sz\u00edn\u0171 beragaszt\u00f3s fot\u00f3album.\\nTedd egyediv\u00e9 az albumot egy-egy szem\u00e9l..., Meska","image_title":"SAJ\u00c1T SZ\u00d6VEGGEL k\u00e9rhet\u0151 Fot\u00f3album F\u00e9nyk\u00e9p album \/ f\u00fczet - 40 lap = 80 oldal - 21x19cm, Meska","view_count":"3869","favourite_count":"0","trending_score":"0","last2MonthFavouriteCount":"0","promotion":"0","giftcard_accept":"0","creditcard_accept":false,"enhanced_background":"0","domain":"meska","specific_customer_id":null,"specific_customer_name":null,"to_order_product":"1","to_order_product_time":"5","product_different":"quite_different","product_different_description":"A sz\u00f6veget megv\u00e1ltoztathatod. A sz\u00ednek a monitoron \u00e9s nyomtat\u00e1sban elt\u00e9rhetnek.","vintage":"0","vintage_category_id":"0","recycled":"0","gemstone_id":"0","customizable":"1","type_category":"physical","zerowaste":"0","postage_price":"1290.00","shop_order":"42","has_category":"1","landing_pages":"Kar\u00e1csonyi aj\u00e1nd\u00e9kok, Sz\u00fclinapi aj\u00e1nd\u00e9kok, Sz\u00fclinapi aj\u00e1nd\u00e9kok","microdata":{"number":29,"category":""},"title":"SAJ\u00c1T SZ\u00d6VEGGEL k\u00e9rhet\u0151 Fot\u00f3album F\u00e9nyk\u00e9p album \/ f\u00fczet - 40 lap = 80 oldal - 21x19cm","description":"K\u00c9RD B\u00c1RMILYEN SZ\u00d6VEGGEL! Nat\u00far sz\u00edn\u0171 beragaszt\u00f3s fot\u00f3album.\nTedd egyediv\u00e9 az albumot egy-egy szem\u00e9lyes megjegyz\u00e9ssel, al\u00e1\u00edr\u00e1ssal, vicces eml\u00e9kekkel vagy aranyk\u00f6p\u00e9ssel a k\u00e9p al\u00e1 \u00edrva. ;) Teljesen m\u00e1s \u00e9lm\u00e9ny lesz egy ilyen albumot v\u00e9gig lapozni p\u00e1r \u00e9v m\u00falva, mintha csak fot\u00f3k lenn\u00e9nek egym\u00e1s ut\u00e1n sorba rakva.\n\nTIPP: a f\u00e9nyk\u00e9peket k\u00e9toldal\u00fa ragaszt\u00f3val a legegyszer\u0171bb beragasztani, amit szinte b\u00e1rmelyik szupermarket polcain megtal\u00e1lsz (a fest\u0151s r\u00e9szlegn\u00e9l)\nTerm\u00e9szetesen fot\u00f3sarokkal vagy dekor ragaszt\u00f3szalaggal is r\u00f6gz\u00edtheted\n\nPARAM\u00c9TEREK:\n\u25b6\ufe0f Bel\u00edvek 120g-os \u00fcres OFFSET feh\u00e9r lapok* - 40 \u00edv (80 oldal)\n\u25b6\ufe0f Fekete f\u00e9m spir\u00e1llal\n\u25b6\ufe0f M\u00e9rete: 210x190mm\n\n\u26a0\ufe0f BOR\u00cdT\u00d3JA l\u00e9zer nyomat, h\u00e1tlapja nat\u00far sz\u00edn\u0171 - alapanyaga V\u00c1LASZTHAT\u00d3:\n\u2705 ALAP\u00c1RON: KEM\u00c9NY, de v\u00e9kony (kb 0,5mm) m\u0171anyag bor\u00edt\u00f3\n\u2705+1500 Ft-\u00e9rt v\u00e1laszthat\u00f3 2mm extra vastag, KEM\u00c9NY kartont\u00e1bl\u00e1ra k\u00e9sz\u00fclt bor\u00edt\u00f3val is.\n\nK\u00e9toldal\u00fa ragaszt\u00f3val k\u00e9peket is ragaszthattok bele, vagy ceruz\u00e1val, tollal is \u00edrhattok bele.\n\nN\u00e9zd meg a t\u00f6bbi term\u00e9kemet is:\nhttps:\/\/www.meska.hu\/shop\/OtletLada\n\n>>> Sz\u00e1ll\u00edt\u00e1si \u00e9s \u00c1TV\u00c9TELI inform\u00e1ci\u00f3kat a \"Sz\u00e1ll\u00edt\u00e1si Info\" f\u00fclre kattintva tal\u00e1lod\n\n>>> Fizet\u00e9si m\u00f3d - KIZ\u00c1R\u00d3LAG EL\u0150RE FIZET\u00c9SSEL: Bankk\u00e1rty\u00e1val \/ Barionnal \/\u00c1tutal\u00e1ssal vagy Banki befizet\u00e9ssel\n\n\u26a0\ufe0fFONTOS\u26a0\ufe0f Ha v\u00e1ltoztatni szeretn\u00e9l a bor\u00edt\u00f3 sz\u00f6veg\u00e9n, akkor tedd kos\u00e1rba a term\u00e9ket \u00e9s a \"Kos\u00e1r\" oldalon az \"\u00dczenet az elad\u00f3nak\" r\u00e9szbe \u00edrd be, hogy milyen sz\u00f6veget \/ nevet k\u00e9rsz a bor\u00edt\u00f3ra.","score":0,"formatted_price":"7 900 Ft","image_url":"https:\/\/www.meska.hu\/img\/product\/small\/o\/t\/otletlada_product_274209_230516122124_323590.jpeg","formatted_url":"https:\/\/www.meska.hu\/p4980832-sajat-szoveggel-kerheto-fotoalbum-fenykep-album-fuzet-40-lap-80-oldal-21x19cm","favourite":false,"in_stock":false,"avatar":"274209_avatar_1697355906.jpeg","delete_from":0,"is_enhanced_background":false,"is_enhanced":false,"product_selection_started":false,"is_active":true,"image_webp_url":"https:\/\/www.meska.hu\/img\/product\/small\/o\/t\/otletlada_product_274209_230516122124_323590.webp"},{"id":"5454038","shop_id":"24144","user_id":"274209","shop_name":"OtletLada","shop_zip":"7522","product_code":"5354002","product_name_old":null,"product_name":"#02 SAJ\u00c1T SZ\u00d6VEGGEL k\u00e9rhet\u0151 csal\u00e1di Fot\u00f3album - beragaszt\u00f3s F\u00e9nyk\u00e9p album \/ f\u00fczet - 40 lap = 80 oldal - 21x19cm - kuty\u00e1s","category_string":"Otthon & \u00c9letm\u00f3d, Pap\u00edr, \u00edr\u00f3szer, Album & Fot\u00f3album","technic_string":"Fot\u00f3, grafika, rajz, illusztr\u00e1ci\u00f3, K\u00f6nyvk\u00f6t\u00e9s","category_1":"813","category_2":"351","category_3":"353","category_4":"0","merged_category_1":null,"merged_category_2":null,"merged_category_3":null,"technic_1":"483","technic_2":"671","technic_3":"0","color_1":"514","color_2":"520","color_3":"0","product_description_old":null,"product_description":"K\u00c9RD B\u00c1RMILYEN SZ\u00d6VEGGEL! Nat\u00far sz\u00edn\u0171 beragaszt\u00f3s fot\u00f3album.\nTedd egyediv\u00e9 az albumot egy-egy szem\u00e9lyes megjegyz\u00e9ssel, al\u00e1\u00edr\u00e1ssal, vicces eml\u00e9kekkel vagy aranyk\u00f6p\u00e9ssel a k\u00e9p al\u00e1 \u00edrva. ;) Teljesen m\u00e1s \u00e9lm\u00e9ny lesz egy ilyen albumot v\u00e9gig lapozni p\u00e1r \u00e9v m\u00falva, mintha csak fot\u00f3k lenn\u00e9nek egym\u00e1s ut\u00e1n sorba rakva.\n\nA sz\u00f6veg v\u00e1ltoztat\u00e1sa INGYENES, a k\u00e9p m\u00f3dos\u00edt\u00e1sa lehets\u00e9ges, de szerkeszt\u00e9si d\u00edj ker\u00fcl felsz\u00e1mol\u00e1sra. \n\nTIPP: a f\u00e9nyk\u00e9peket k\u00e9toldal\u00fa ragaszt\u00f3val a legegyszer\u0171bb beragasztani, amit szinte b\u00e1rmelyik szupermarket polcain megtal\u00e1lsz (a fest\u0151s r\u00e9szlegn\u00e9l)\nTerm\u00e9szetesen fot\u00f3sarokkal vagy dekor ragaszt\u00f3szalaggal is r\u00f6gz\u00edtheted\n\nPARAM\u00c9TEREK:\n\u25b6\ufe0f Bel\u00edvek 120g-os \u00fcres OFFSET feh\u00e9r lapok* - 40 \u00edv (80 oldal)\n\u25b6\ufe0f Fekete f\u00e9m spir\u00e1llal\n\u25b6\ufe0f M\u00e9rete: 210x190mm\n\n\u26a0\ufe0f BOR\u00cdT\u00d3JA l\u00e9zer nyomat, h\u00e1tlapja nat\u00far sz\u00edn\u0171 - alapanyaga V\u00c1LASZTHAT\u00d3:\n\u2705 ALAP\u00c1RON: KEM\u00c9NY, de v\u00e9kony (kb 0,5mm) m\u0171anyag bor\u00edt\u00f3\n\u2705+1500 Ft-\u00e9rt v\u00e1laszthat\u00f3 2mm extra vastag, KEM\u00c9NY kartont\u00e1bl\u00e1ra k\u00e9sz\u00fclt bor\u00edt\u00f3val is.\n\nK\u00e9toldal\u00fa ragaszt\u00f3val k\u00e9peket is ragaszthattok bele, vagy ceruz\u00e1val, tollal is \u00edrhattok bele.\n\nN\u00e9zd meg a t\u00f6bbi term\u00e9kemet is:\nhttps:\/\/www.meska.hu\/shop\/OtletLada\n\n>>> Sz\u00e1ll\u00edt\u00e1si \u00e9s \u00c1TV\u00c9TELI inform\u00e1ci\u00f3kat a \"Sz\u00e1ll\u00edt\u00e1si Info\" f\u00fclre kattintva tal\u00e1lod\n\n>>> Fizet\u00e9si m\u00f3d - KIZ\u00c1R\u00d3LAG EL\u0150RE FIZET\u00c9SSEL: Bankk\u00e1rty\u00e1val \/ Barionnal \/\u00c1tutal\u00e1ssal vagy Banki befizet\u00e9ssel\n\n\u26a0\ufe0fFONTOS\u26a0\ufe0f Ha v\u00e1ltoztatni szeretn\u00e9l a bor\u00edt\u00f3 sz\u00f6veg\u00e9n, akkor tedd kos\u00e1rba a term\u00e9ket \u00e9s a \"Kos\u00e1r\" oldalon az \"\u00dczenet az elad\u00f3nak\" r\u00e9szbe \u00edrd be, hogy milyen sz\u00f6veget \/ nevet k\u00e9rsz a bor\u00edt\u00f3ra.","price":"7900.00","unit":"db","recommended":"0","status":"1","sponsored":"0","exp_notify":"0","own_material":"0","own_material_description_old":null,"own_material_description":"","jury":"0","jury_number":"","product_nature":"","meskaracsony":"0","create_date":"2026-04-13 01:51:53","shelve_id":"57667","image":"otletlada_product_274209_240820230422_891933.jpeg","image_width":"480","image_height":"480","image_alt":"#02 SAJ\u00c1T SZ\u00d6VEGGEL k\u00e9rhet\u0151 csal\u00e1di Fot\u00f3album - beragaszt\u00f3s F\u00e9nyk\u00e9p album \/ f\u00fczet - 40 lap = 80 oldal - 21x19cm - kuty\u00e1s, K\u00c9RD B\u00c1RMILYEN SZ\u00d6VEGGEL! Nat\u00far sz\u00edn\u0171 beragaszt\u00f3s fot\u00f3album.\\nTedd egyediv\u00e9 az albumot egy-egy szem\u00e9l..., Meska","image_title":"#02 SAJ\u00c1T SZ\u00d6VEGGEL k\u00e9rhet\u0151 csal\u00e1di Fot\u00f3album - beragaszt\u00f3s F\u00e9nyk\u00e9p album \/ f\u00fczet - 40 lap = 80 oldal - 21x19cm - kuty\u00e1s, Meska","view_count":"694","favourite_count":"0","trending_score":"0","last2MonthFavouriteCount":"0","promotion":"0","giftcard_accept":"0","creditcard_accept":false,"enhanced_background":"0","domain":"meska","specific_customer_id":null,"specific_customer_name":null,"to_order_product":"1","to_order_product_time":"5","product_different":"quite_different","product_different_description":"A sz\u00f6veget megv\u00e1ltoztathatod. A sz\u00ednek a monitoron \u00e9s nyomtat\u00e1sban elt\u00e9rhetnek.","vintage":"0","vintage_category_id":"0","recycled":"0","gemstone_id":"0","customizable":"1","type_category":"physical","zerowaste":"0","postage_price":"1290.00","shop_order":"108","has_category":"1","landing_pages":"Kar\u00e1csonyi aj\u00e1nd\u00e9kok","microdata":{"number":30,"category":""},"title":"#02 SAJ\u00c1T SZ\u00d6VEGGEL k\u00e9rhet\u0151 csal\u00e1di Fot\u00f3album - beragaszt\u00f3s F\u00e9nyk\u00e9p album \/ f\u00fczet - 40 lap = 80 oldal - 21x19cm - kuty\u00e1s","description":"K\u00c9RD B\u00c1RMILYEN SZ\u00d6VEGGEL! Nat\u00far sz\u00edn\u0171 beragaszt\u00f3s fot\u00f3album.\nTedd egyediv\u00e9 az albumot egy-egy szem\u00e9lyes megjegyz\u00e9ssel, al\u00e1\u00edr\u00e1ssal, vicces eml\u00e9kekkel vagy aranyk\u00f6p\u00e9ssel a k\u00e9p al\u00e1 \u00edrva. ;) Teljesen m\u00e1s \u00e9lm\u00e9ny lesz egy ilyen albumot v\u00e9gig lapozni p\u00e1r \u00e9v m\u00falva, mintha csak fot\u00f3k lenn\u00e9nek egym\u00e1s ut\u00e1n sorba rakva.\n\nA sz\u00f6veg v\u00e1ltoztat\u00e1sa INGYENES, a k\u00e9p m\u00f3dos\u00edt\u00e1sa lehets\u00e9ges, de szerkeszt\u00e9si d\u00edj ker\u00fcl felsz\u00e1mol\u00e1sra. \n\nTIPP: a f\u00e9nyk\u00e9peket k\u00e9toldal\u00fa ragaszt\u00f3val a legegyszer\u0171bb beragasztani, amit szinte b\u00e1rmelyik szupermarket polcain megtal\u00e1lsz (a fest\u0151s r\u00e9szlegn\u00e9l)\nTerm\u00e9szetesen fot\u00f3sarokkal vagy dekor ragaszt\u00f3szalaggal is r\u00f6gz\u00edtheted\n\nPARAM\u00c9TEREK:\n\u25b6\ufe0f Bel\u00edvek 120g-os \u00fcres OFFSET feh\u00e9r lapok* - 40 \u00edv (80 oldal)\n\u25b6\ufe0f Fekete f\u00e9m spir\u00e1llal\n\u25b6\ufe0f M\u00e9rete: 210x190mm\n\n\u26a0\ufe0f BOR\u00cdT\u00d3JA l\u00e9zer nyomat, h\u00e1tlapja nat\u00far sz\u00edn\u0171 - alapanyaga V\u00c1LASZTHAT\u00d3:\n\u2705 ALAP\u00c1RON: KEM\u00c9NY, de v\u00e9kony (kb 0,5mm) m\u0171anyag bor\u00edt\u00f3\n\u2705+1500 Ft-\u00e9rt v\u00e1laszthat\u00f3 2mm extra vastag, KEM\u00c9NY kartont\u00e1bl\u00e1ra k\u00e9sz\u00fclt bor\u00edt\u00f3val is.\n\nK\u00e9toldal\u00fa ragaszt\u00f3val k\u00e9peket is ragaszthattok bele, vagy ceruz\u00e1val, tollal is \u00edrhattok bele.\n\nN\u00e9zd meg a t\u00f6bbi term\u00e9kemet is:\nhttps:\/\/www.meska.hu\/shop\/OtletLada\n\n>>> Sz\u00e1ll\u00edt\u00e1si \u00e9s \u00c1TV\u00c9TELI inform\u00e1ci\u00f3kat a \"Sz\u00e1ll\u00edt\u00e1si Info\" f\u00fclre kattintva tal\u00e1lod\n\n>>> Fizet\u00e9si m\u00f3d - KIZ\u00c1R\u00d3LAG EL\u0150RE FIZET\u00c9SSEL: Bankk\u00e1rty\u00e1val \/ Barionnal \/\u00c1tutal\u00e1ssal vagy Banki befizet\u00e9ssel\n\n\u26a0\ufe0fFONTOS\u26a0\ufe0f Ha v\u00e1ltoztatni szeretn\u00e9l a bor\u00edt\u00f3 sz\u00f6veg\u00e9n, akkor tedd kos\u00e1rba a term\u00e9ket \u00e9s a \"Kos\u00e1r\" oldalon az \"\u00dczenet az elad\u00f3nak\" r\u00e9szbe \u00edrd be, hogy milyen sz\u00f6veget \/ nevet k\u00e9rsz a bor\u00edt\u00f3ra.","score":0,"formatted_price":"7 900 Ft","image_url":"https:\/\/www.meska.hu\/img\/product\/small\/o\/t\/otletlada_product_274209_240820230422_891933.jpeg","formatted_url":"https:\/\/www.meska.hu\/p5354002-sajat-szoveggel-kerheto-csaladi-fotoalbum-beragasztos-fenykep-album-fuzet-40-lap-80-oldal-21x19cm-kutyas","favourite":false,"in_stock":false,"avatar":"274209_avatar_1697355906.jpeg","delete_from":0,"is_enhanced_background":false,"is_enhanced":false,"product_selection_started":false,"is_active":true,"image_webp_url":"https:\/\/www.meska.hu\/img\/product\/small\/o\/t\/otletlada_product_274209_240820230422_891933.webp"},{"id":"5767429","shop_id":"46170","user_id":"355200","shop_name":"DekorPatika","shop_zip":"6000","product_code":"5541815","product_name_old":null,"product_name":"Szeret\u00fcnk Mama falik\u00e9p","category_string":"Otthon & \u00c9letm\u00f3d, Pap\u00edr, \u00edr\u00f3szer, Album & Fot\u00f3album","technic_string":"Fot\u00f3, grafika, rajz, illusztr\u00e1ci\u00f3","category_1":"813","category_2":"351","category_3":"353","category_4":"0","merged_category_1":null,"merged_category_2":null,"merged_category_3":null,"technic_1":"483","technic_2":"0","technic_3":"0","color_1":"519","color_2":"0","color_3":"0","product_description_old":null,"product_description":"Nincs \u00f6tleted milyen aj\u00e1nd\u00e9kkal k\u00e9sz\u00fclj Any\u00e1k Napj\u00e1ra?\n\nElk\u00e9sz\u00edtem sz\u00e1modra a t\u00f6k\u00e9letes aj\u00e1nd\u00e9kot! Ez az egyedi falik\u00e9p remek d\u00edsze lehet lak\u00e1snak \u00e9s \u00f6r\u00f6k eml\u00e9k az eg\u00e9sz csal\u00e1dnak!\n\nA k\u00e9pkeret A\/4 m\u00e9ret\u0171, amely falra akaszthat\u00f3 vagy polcra is helyezhet\u0151!\n\nM\u00e9rete: 21x30cm\n\nLehet\u0151s\u00e9ged van digit\u00e1lis form\u00e1tumban megrendelni a term\u00e9ket! Ebben az esetben, miut\u00e1n kifizetted a term\u00e9ket, elk\u00e9sz\u00edtem a grafik\u00e1t. A dekor\u00e1ci\u00f3t ezut\u00e1n PDF form\u00e1tumban emailben elk\u00fcld\u00f6m a r\u00e9szedre, amit otthon ki tudsz nyomtatni \u00e9s be tudsz keretezni.\n\n --- Mikor v\u00e1laszd a nyomtathat\u00f3 dekor\u00e1ci\u00f3t a keretbe helyezett k\u00e9p helyett? --- \n\n- ha olcs\u00f3bb megold\u00e1st keresel, hiszen nincs plusz postak\u00f6lts\u00e9ged  \n- ha gyorsabban szeretn\u00e9d megkapni, hiszen nincs post\u00e1z\u00e1s \n- ha utols\u00f3 pillanatban aj\u00e1nd\u00e9k dekor\u00e1ci\u00f3t szeretn\u00e9l \u00e9s nincs id\u0151d v\u00e1rni \n- ha az otthoni sz\u00ednes nyomtat\u00f3ddal vagy valamely k\u00f6zeli fot\u00f3 kioszkban kinyomtatn\u00e1d \n- ha megl\u00e9v\u0151 keretbe szeretn\u00e9d \n- ha esetleg t\u00f6bb p\u00e9ld\u00e1nyra is sz\u00fcks\u00e9ged lenne  \n\nK\u00e9rlek, vedd figyelembe, hogy a megjelen\u00edtett sz\u00ednek kis m\u00e9rt\u00e9kben elt\u00e9rhetnek a k\u00fcl\u00f6nb\u00f6z\u0151 kijelz\u0151k\u00f6n. \n\nAmennyiben s\u00fcrg\u0151s megrendel\u00e9sre van sz\u00fcks\u00e9ged k\u00e9rlek v\u00e1laszd a \u201cS\u00fcrg\u0151s megrendel\u00e9s\u201d opci\u00f3t \u00e9s 1 munkanapon bel\u00fcl elk\u00e9sz\u00edtem a term\u00e9ket!\nHa foxpost automat\u00e1t v\u00e1lasztott\u00e1l, k\u00e9rlek \u00edrd meg melyikbe k\u00fcldhetem.\n\nA term\u00e9k k\u00e9sz\u00edt\u00e9s\u00e9t \u00e9s post\u00e1z\u00e1s\u00e1t csak a fizet\u00e9s be\u00e9rkez\u00e9se ut\u00e1n tudom elkezdeni! K\u00f6sz\u00f6n\u00f6m a meg\u00e9rt\u00e9sed!","price":"3490.00","unit":"db","recommended":"0","status":"1","sponsored":"0","exp_notify":"0","own_material":"0","own_material_description_old":null,"own_material_description":"","jury":"0","jury_number":"","product_nature":"","meskaracsony":"0","create_date":"2026-04-11 16:51:43","shelve_id":"0","image":"dekorpatika_product_355200_250416153543_707957.jpeg","image_width":"480","image_height":"560","image_alt":"Szeret\u00fcnk Mama falik\u00e9p, Nincs \u00f6tleted milyen aj\u00e1nd\u00e9kkal k\u00e9sz\u00fclj Any\u00e1k Napj\u00e1ra?\\n\\nElk\u00e9sz\u00edtem sz\u00e1modra a t\u00f6k\u00e9letes aj\u00e1nd\u00e9kot! E..., Meska","image_title":"Szeret\u00fcnk Mama falik\u00e9p, Meska","view_count":"359","favourite_count":"0","trending_score":"0","last2MonthFavouriteCount":"0","promotion":"0","giftcard_accept":"0","creditcard_accept":true,"enhanced_background":"0","domain":"meska","specific_customer_id":null,"specific_customer_name":null,"to_order_product":"1","to_order_product_time":"4","product_different":null,"product_different_description":"","vintage":"0","vintage_category_id":"0","recycled":"0","gemstone_id":"0","customizable":"1","type_category":"digital","zerowaste":"0","postage_price":"1290.00","shop_order":"0","has_category":"1","landing_pages":null,"microdata":{"number":31,"category":""},"title":"Szeret\u00fcnk Mama falik\u00e9p","description":"Nincs \u00f6tleted milyen aj\u00e1nd\u00e9kkal k\u00e9sz\u00fclj Any\u00e1k Napj\u00e1ra?\n\nElk\u00e9sz\u00edtem sz\u00e1modra a t\u00f6k\u00e9letes aj\u00e1nd\u00e9kot! Ez az egyedi falik\u00e9p remek d\u00edsze lehet lak\u00e1snak \u00e9s \u00f6r\u00f6k eml\u00e9k az eg\u00e9sz csal\u00e1dnak!\n\nA k\u00e9pkeret A\/4 m\u00e9ret\u0171, amely falra akaszthat\u00f3 vagy polcra is helyezhet\u0151!\n\nM\u00e9rete: 21x30cm\n\nLehet\u0151s\u00e9ged van digit\u00e1lis form\u00e1tumban megrendelni a term\u00e9ket! Ebben az esetben, miut\u00e1n kifizetted a term\u00e9ket, elk\u00e9sz\u00edtem a grafik\u00e1t. A dekor\u00e1ci\u00f3t ezut\u00e1n PDF form\u00e1tumban emailben elk\u00fcld\u00f6m a r\u00e9szedre, amit otthon ki tudsz nyomtatni \u00e9s be tudsz keretezni.\n\n --- Mikor v\u00e1laszd a nyomtathat\u00f3 dekor\u00e1ci\u00f3t a keretbe helyezett k\u00e9p helyett? --- \n\n- ha olcs\u00f3bb megold\u00e1st keresel, hiszen nincs plusz postak\u00f6lts\u00e9ged  \n- ha gyorsabban szeretn\u00e9d megkapni, hiszen nincs post\u00e1z\u00e1s \n- ha utols\u00f3 pillanatban aj\u00e1nd\u00e9k dekor\u00e1ci\u00f3t szeretn\u00e9l \u00e9s nincs id\u0151d v\u00e1rni \n- ha az otthoni sz\u00ednes nyomtat\u00f3ddal vagy valamely k\u00f6zeli fot\u00f3 kioszkban kinyomtatn\u00e1d \n- ha megl\u00e9v\u0151 keretbe szeretn\u00e9d \n- ha esetleg t\u00f6bb p\u00e9ld\u00e1nyra is sz\u00fcks\u00e9ged lenne  \n\nK\u00e9rlek, vedd figyelembe, hogy a megjelen\u00edtett sz\u00ednek kis m\u00e9rt\u00e9kben elt\u00e9rhetnek a k\u00fcl\u00f6nb\u00f6z\u0151 kijelz\u0151k\u00f6n. \n\nAmennyiben s\u00fcrg\u0151s megrendel\u00e9sre van sz\u00fcks\u00e9ged k\u00e9rlek v\u00e1laszd a \u201cS\u00fcrg\u0151s megrendel\u00e9s\u201d opci\u00f3t \u00e9s 1 munkanapon bel\u00fcl elk\u00e9sz\u00edtem a term\u00e9ket!\nHa foxpost automat\u00e1t v\u00e1lasztott\u00e1l, k\u00e9rlek \u00edrd meg melyikbe k\u00fcldhetem.\n\nA term\u00e9k k\u00e9sz\u00edt\u00e9s\u00e9t \u00e9s post\u00e1z\u00e1s\u00e1t csak a fizet\u00e9s be\u00e9rkez\u00e9se ut\u00e1n tudom elkezdeni! K\u00f6sz\u00f6n\u00f6m a meg\u00e9rt\u00e9sed!","score":0,"formatted_price":"3 490 Ft","image_url":"https:\/\/www.meska.hu\/img\/product\/small\/d\/e\/dekorpatika_product_355200_250416153543_707957.jpeg","formatted_url":"https:\/\/www.meska.hu\/p5541815-szeretunk-mama-falikep","favourite":false,"in_stock":false,"avatar":"355200_avatar_1726093454.jpeg","delete_from":0,"is_enhanced_background":false,"is_enhanced":false,"product_selection_started":false,"is_active":true,"image_webp_url":"https:\/\/www.meska.hu\/img\/product\/small\/d\/e\/dekorpatika_product_355200_250416153543_707957.webp"},{"id":"5767428","shop_id":"46170","user_id":"355200","shop_name":"DekorPatika","shop_zip":"6000","product_code":"5541814","product_name_old":null,"product_name":"Szeret\u00fcnk Anya falik\u00e9p","category_string":"Otthon & \u00c9letm\u00f3d, Pap\u00edr, \u00edr\u00f3szer, Album & Fot\u00f3album","technic_string":"Fot\u00f3, grafika, rajz, illusztr\u00e1ci\u00f3","category_1":"813","category_2":"351","category_3":"353","category_4":"0","merged_category_1":null,"merged_category_2":null,"merged_category_3":null,"technic_1":"483","technic_2":"0","technic_3":"0","color_1":"519","color_2":"0","color_3":"0","product_description_old":null,"product_description":"Nincs \u00f6tleted milyen aj\u00e1nd\u00e9kkal k\u00e9sz\u00fclj Any\u00e1k Napj\u00e1ra?\n\nElk\u00e9sz\u00edtem sz\u00e1modra a t\u00f6k\u00e9letes aj\u00e1nd\u00e9kot! Ez az egyedi falik\u00e9p remek d\u00edsze lehet lak\u00e1snak \u00e9s \u00f6r\u00f6k eml\u00e9k az eg\u00e9sz csal\u00e1dnak!\n\nA k\u00e9pkeret A\/4 m\u00e9ret\u0171, amely falra akaszthat\u00f3 vagy polcra is helyezhet\u0151!\n\nM\u00e9rete: 21x30cm\n\nLehet\u0151s\u00e9ged van digit\u00e1lis form\u00e1tumban megrendelni a term\u00e9ket! Ebben az esetben, miut\u00e1n kifizetted a term\u00e9ket, elk\u00e9sz\u00edtem a grafik\u00e1t. A dekor\u00e1ci\u00f3t ezut\u00e1n PDF form\u00e1tumban emailben elk\u00fcld\u00f6m a r\u00e9szedre, amit otthon ki tudsz nyomtatni \u00e9s be tudsz keretezni.\n\n --- Mikor v\u00e1laszd a nyomtathat\u00f3 dekor\u00e1ci\u00f3t a keretbe helyezett k\u00e9p helyett? --- \n\n- ha olcs\u00f3bb megold\u00e1st keresel, hiszen nincs plusz postak\u00f6lts\u00e9ged  \n- ha gyorsabban szeretn\u00e9d megkapni, hiszen nincs post\u00e1z\u00e1s \n- ha utols\u00f3 pillanatban aj\u00e1nd\u00e9k dekor\u00e1ci\u00f3t szeretn\u00e9l \u00e9s nincs id\u0151d v\u00e1rni \n- ha az otthoni sz\u00ednes nyomtat\u00f3ddal vagy valamely k\u00f6zeli fot\u00f3 kioszkban kinyomtatn\u00e1d \n- ha megl\u00e9v\u0151 keretbe szeretn\u00e9d \n- ha esetleg t\u00f6bb p\u00e9ld\u00e1nyra is sz\u00fcks\u00e9ged lenne  \n\nK\u00e9rlek, vedd figyelembe, hogy a megjelen\u00edtett sz\u00ednek kis m\u00e9rt\u00e9kben elt\u00e9rhetnek a k\u00fcl\u00f6nb\u00f6z\u0151 kijelz\u0151k\u00f6n. \n\nAmennyiben s\u00fcrg\u0151s megrendel\u00e9sre van sz\u00fcks\u00e9ged k\u00e9rlek v\u00e1laszd a \u201cS\u00fcrg\u0151s megrendel\u00e9s\u201d opci\u00f3t \u00e9s 1 munkanapon bel\u00fcl elk\u00e9sz\u00edtem a term\u00e9ket!\nHa foxpost automat\u00e1t v\u00e1lasztott\u00e1l, k\u00e9rlek \u00edrd meg melyikbe k\u00fcldhetem.\n\nA term\u00e9k k\u00e9sz\u00edt\u00e9s\u00e9t \u00e9s post\u00e1z\u00e1s\u00e1t csak a fizet\u00e9s be\u00e9rkez\u00e9se ut\u00e1n tudom elkezdeni! K\u00f6sz\u00f6n\u00f6m a meg\u00e9rt\u00e9sed!","price":"3490.00","unit":"db","recommended":"0","status":"1","sponsored":"0","exp_notify":"0","own_material":"0","own_material_description_old":null,"own_material_description":"","jury":"0","jury_number":"","product_nature":"","meskaracsony":"0","create_date":"2026-04-11 16:51:40","shelve_id":"0","image":"dekorpatika_product_355200_250416153428_584131.jpeg","image_width":"480","image_height":"560","image_alt":"Szeret\u00fcnk Anya falik\u00e9p, Nincs \u00f6tleted milyen aj\u00e1nd\u00e9kkal k\u00e9sz\u00fclj Any\u00e1k Napj\u00e1ra?\\n\\nElk\u00e9sz\u00edtem sz\u00e1modra a t\u00f6k\u00e9letes aj\u00e1nd\u00e9kot! E..., Meska","image_title":"Szeret\u00fcnk Anya falik\u00e9p, Meska","view_count":"337","favourite_count":"0","trending_score":"0","last2MonthFavouriteCount":"0","promotion":"0","giftcard_accept":"0","creditcard_accept":true,"enhanced_background":"0","domain":"meska","specific_customer_id":null,"specific_customer_name":null,"to_order_product":"1","to_order_product_time":"4","product_different":null,"product_different_description":"","vintage":"0","vintage_category_id":"0","recycled":"0","gemstone_id":"0","customizable":"1","type_category":"digital","zerowaste":"0","postage_price":"1290.00","shop_order":"0","has_category":"1","landing_pages":null,"microdata":{"number":32,"category":""},"title":"Szeret\u00fcnk Anya falik\u00e9p","description":"Nincs \u00f6tleted milyen aj\u00e1nd\u00e9kkal k\u00e9sz\u00fclj Any\u00e1k Napj\u00e1ra?\n\nElk\u00e9sz\u00edtem sz\u00e1modra a t\u00f6k\u00e9letes aj\u00e1nd\u00e9kot! Ez az egyedi falik\u00e9p remek d\u00edsze lehet lak\u00e1snak \u00e9s \u00f6r\u00f6k eml\u00e9k az eg\u00e9sz csal\u00e1dnak!\n\nA k\u00e9pkeret A\/4 m\u00e9ret\u0171, amely falra akaszthat\u00f3 vagy polcra is helyezhet\u0151!\n\nM\u00e9rete: 21x30cm\n\nLehet\u0151s\u00e9ged van digit\u00e1lis form\u00e1tumban megrendelni a term\u00e9ket! Ebben az esetben, miut\u00e1n kifizetted a term\u00e9ket, elk\u00e9sz\u00edtem a grafik\u00e1t. A dekor\u00e1ci\u00f3t ezut\u00e1n PDF form\u00e1tumban emailben elk\u00fcld\u00f6m a r\u00e9szedre, amit otthon ki tudsz nyomtatni \u00e9s be tudsz keretezni.\n\n --- Mikor v\u00e1laszd a nyomtathat\u00f3 dekor\u00e1ci\u00f3t a keretbe helyezett k\u00e9p helyett? --- \n\n- ha olcs\u00f3bb megold\u00e1st keresel, hiszen nincs plusz postak\u00f6lts\u00e9ged  \n- ha gyorsabban szeretn\u00e9d megkapni, hiszen nincs post\u00e1z\u00e1s \n- ha utols\u00f3 pillanatban aj\u00e1nd\u00e9k dekor\u00e1ci\u00f3t szeretn\u00e9l \u00e9s nincs id\u0151d v\u00e1rni \n- ha az otthoni sz\u00ednes nyomtat\u00f3ddal vagy valamely k\u00f6zeli fot\u00f3 kioszkban kinyomtatn\u00e1d \n- ha megl\u00e9v\u0151 keretbe szeretn\u00e9d \n- ha esetleg t\u00f6bb p\u00e9ld\u00e1nyra is sz\u00fcks\u00e9ged lenne  \n\nK\u00e9rlek, vedd figyelembe, hogy a megjelen\u00edtett sz\u00ednek kis m\u00e9rt\u00e9kben elt\u00e9rhetnek a k\u00fcl\u00f6nb\u00f6z\u0151 kijelz\u0151k\u00f6n. \n\nAmennyiben s\u00fcrg\u0151s megrendel\u00e9sre van sz\u00fcks\u00e9ged k\u00e9rlek v\u00e1laszd a \u201cS\u00fcrg\u0151s megrendel\u00e9s\u201d opci\u00f3t \u00e9s 1 munkanapon bel\u00fcl elk\u00e9sz\u00edtem a term\u00e9ket!\nHa foxpost automat\u00e1t v\u00e1lasztott\u00e1l, k\u00e9rlek \u00edrd meg melyikbe k\u00fcldhetem.\n\nA term\u00e9k k\u00e9sz\u00edt\u00e9s\u00e9t \u00e9s post\u00e1z\u00e1s\u00e1t csak a fizet\u00e9s be\u00e9rkez\u00e9se ut\u00e1n tudom elkezdeni! K\u00f6sz\u00f6n\u00f6m a meg\u00e9rt\u00e9sed!","score":0,"formatted_price":"3 490 Ft","image_url":"https:\/\/www.meska.hu\/img\/product\/small\/d\/e\/dekorpatika_product_355200_250416153428_584131.jpeg","formatted_url":"https:\/\/www.meska.hu\/p5541814-szeretunk-anya-falikep","favourite":false,"in_stock":false,"avatar":"355200_avatar_1726093454.jpeg","delete_from":0,"is_enhanced_background":false,"is_enhanced":false,"product_selection_started":false,"is_active":true,"image_webp_url":"https:\/\/www.meska.hu\/img\/product\/small\/d\/e\/dekorpatika_product_355200_250416153428_584131.webp"},{"id":"3505940","shop_id":"24144","user_id":"274209","shop_name":"OtletLada","shop_zip":"7522","product_code":"3601338","product_name_old":null,"product_name":"Csal\u00e1di beragaszt\u00f3s fot\u00f3album - Egyedi szem\u00e9lyre szabott karakterek - Meghat\u00f3 kar\u00e1csonyi aj\u00e1nd\u00e9k \u00f6tlet","category_string":"Otthon & \u00c9letm\u00f3d, Pap\u00edr, \u00edr\u00f3szer, Album & Fot\u00f3album","technic_string":"Fot\u00f3, grafika, rajz, illusztr\u00e1ci\u00f3, K\u00f6nyvk\u00f6t\u00e9s","category_1":"813","category_2":"351","category_3":"353","category_4":"0","merged_category_1":"0","merged_category_2":"0","merged_category_3":"0","technic_1":"483","technic_2":"671","technic_3":"0","color_1":"514","color_2":"520","color_3":"0","product_description_old":null,"product_description":"A Te csal\u00e1dod H\u00c1NY tag\u00fa? Kinek adn\u00e1l ilyen sz\u00edvhez sz\u00f3l\u00f3 ALBUMOT?\nV\u00c1LASSZ KARAKTEREKET \u00e9s \u00edrd meg a CSAL\u00c1DNEVET - ezek ker\u00fclnek a bor\u00edt\u00f3ra. \nLepd meg szeretteidet egy kedves, m\u00f3k\u00e1s fot\u00f3albummal. az \u00f6r\u00f6m GARANT\u00c1LT!\n\n<b>FONTOS!<\/b>\nRendel\u00e9skor megjegyz\u00e9s rovatban \u00edrd meg a v\u00e1lasztott karakterek sz\u00e1m\u00e1t \u00e9s hogy milyen csal\u00e1dn\u00e9v ker\u00fclj\u00f6n a bor\u00edt\u00f3ra. \n\nPARAM\u00c9TEREK:\n\u25b6\ufe0f Bel\u00edvek 120g-os \u00fcres OFFSET feh\u00e9r lapok* - 40 \u00edv\n\u25b6\ufe0f Fekete vagy feh\u00e9r f\u00e9m spir\u00e1llal\n\u25b6\ufe0f M\u00e9rete: 210x190mm\n\n\u26a0\ufe0f BOR\u00cdT\u00d3JA l\u00e9zer nyomat, h\u00e1tlapja FEH\u00c9R sz\u00edn\u0171 - alapanyaga V\u00c1LASZTHAT\u00d3:\n\u2705 ALAP\u00c1RON: KEM\u00c9NY, de v\u00e9kony (kb 0,5mm) m\u0171anyag bor\u00edt\u00f3\n\u2705+1500 Ft-\u00e9rt v\u00e1laszthat\u00f3 2mm extra vastag, KEM\u00c9NY kartont\u00e1bl\u00e1ra k\u00e9sz\u00fclt bor\u00edt\u00f3val is.\n\nK\u00e9toldal\u00fa ragaszt\u00f3val k\u00e9peket is ragaszthattok bele, vagy ceruz\u00e1val, tollal is \u00edrhattok bele.\n\nN\u00e9zd meg a t\u00f6bbi term\u00e9kemet is:\nhttps:\/\/www.meska.hu\/shop\/OromKonnyek\n\n>>> Sz\u00e1ll\u00edt\u00e1si \u00e9s \u00c1TV\u00c9TELI inform\u00e1ci\u00f3kat a \"Sz\u00e1ll\u00edt\u00e1si Info\" f\u00fclre kattintva tal\u00e1lod\n\n>>> Fizet\u00e9si m\u00f3d - KIZ\u00c1R\u00d3LAG EL\u0150RE FIZET\u00c9SSEL: Bankk\u00e1rty\u00e1val \/ Barionnal \/\u00c1tutal\u00e1ssal vagy Banki befizet\u00e9ssel\n\n\u26a0\ufe0fFONTOS\u26a0\ufe0f Rendel\u00e9shez tedd kos\u00e1rba a term\u00e9ket \u00e9s a \"Kos\u00e1r\" oldalon az \"\u00dczenet az elad\u00f3nak\" r\u00e9szbe \u00edrd be, hogy milyen sz\u00f6veget \/ karaktereket k\u00e9rsz a bor\u00edt\u00f3ra.","price":"7900.00","unit":"db","recommended":"0","status":"1","sponsored":"0","exp_notify":"0","own_material":"0","own_material_description_old":null,"own_material_description":"","jury":"0","jury_number":"","product_nature":"","meskaracsony":"0","create_date":"2026-04-10 06:04:14","shelve_id":"57667","image":"oromkonnyek_product_274209_191208212736_346329.jpeg","image_width":"480","image_height":"443","image_alt":"Csal\u00e1di beragaszt\u00f3s fot\u00f3album - Egyedi szem\u00e9lyre szabott karakterek - Meghat\u00f3 kar\u00e1csonyi aj\u00e1nd\u00e9k \u00f6tlet, A Te csal\u00e1dod H\u00c1NY tag\u00fa? Kinek adn\u00e1l ilyen sz\u00edvhez sz\u00f3l\u00f3 ALBUMOT?\\nV\u00c1LASSZ KARAKTEREKET \u00e9s \u00edrd meg a ..., Meska","image_title":"Csal\u00e1di beragaszt\u00f3s fot\u00f3album - Egyedi szem\u00e9lyre szabott karakterek - Meghat\u00f3 kar\u00e1csonyi aj\u00e1nd\u00e9k \u00f6tlet, Meska","view_count":"15273","favourite_count":"0","trending_score":"0","last2MonthFavouriteCount":"0","promotion":"0","giftcard_accept":"0","creditcard_accept":false,"enhanced_background":"0","domain":"meska","specific_customer_id":null,"specific_customer_name":null,"to_order_product":"1","to_order_product_time":"5","product_different":"quite_different","product_different_description":"Nyomtat\u00e1sban a sz\u00ednek elt\u00e9rhetnek a monitoron l\u00e1that\u00f3t\u00f3l. A karaktereket \u00e9s a bor\u00edt\u00f3n megjelen\u0151 nevet Te v\u00e1lasztod.","vintage":"0","vintage_category_id":"0","recycled":"0","gemstone_id":"0","customizable":"0","type_category":"physical","zerowaste":"0","postage_price":"1290.00","shop_order":"78","has_category":"1","landing_pages":"Kar\u00e1csonyi aj\u00e1nd\u00e9kok","microdata":{"number":33,"category":""},"title":"Csal\u00e1di beragaszt\u00f3s fot\u00f3album - Egyedi szem\u00e9lyre szabott karakterek - Meghat\u00f3 kar\u00e1csonyi aj\u00e1nd\u00e9k \u00f6tlet","description":"A Te csal\u00e1dod H\u00c1NY tag\u00fa? Kinek adn\u00e1l ilyen sz\u00edvhez sz\u00f3l\u00f3 ALBUMOT?\nV\u00c1LASSZ KARAKTEREKET \u00e9s \u00edrd meg a CSAL\u00c1DNEVET - ezek ker\u00fclnek a bor\u00edt\u00f3ra. \nLepd meg szeretteidet egy kedves, m\u00f3k\u00e1s fot\u00f3albummal. az \u00f6r\u00f6m GARANT\u00c1LT!\n\n<b>FONTOS!<\/b>\nRendel\u00e9skor megjegyz\u00e9s rovatban \u00edrd meg a v\u00e1lasztott karakterek sz\u00e1m\u00e1t \u00e9s hogy milyen csal\u00e1dn\u00e9v ker\u00fclj\u00f6n a bor\u00edt\u00f3ra. \n\nPARAM\u00c9TEREK:\n\u25b6\ufe0f Bel\u00edvek 120g-os \u00fcres OFFSET feh\u00e9r lapok* - 40 \u00edv\n\u25b6\ufe0f Fekete vagy feh\u00e9r f\u00e9m spir\u00e1llal\n\u25b6\ufe0f M\u00e9rete: 210x190mm\n\n\u26a0\ufe0f BOR\u00cdT\u00d3JA l\u00e9zer nyomat, h\u00e1tlapja FEH\u00c9R sz\u00edn\u0171 - alapanyaga V\u00c1LASZTHAT\u00d3:\n\u2705 ALAP\u00c1RON: KEM\u00c9NY, de v\u00e9kony (kb 0,5mm) m\u0171anyag bor\u00edt\u00f3\n\u2705+1500 Ft-\u00e9rt v\u00e1laszthat\u00f3 2mm extra vastag, KEM\u00c9NY kartont\u00e1bl\u00e1ra k\u00e9sz\u00fclt bor\u00edt\u00f3val is.\n\nK\u00e9toldal\u00fa ragaszt\u00f3val k\u00e9peket is ragaszthattok bele, vagy ceruz\u00e1val, tollal is \u00edrhattok bele.\n\nN\u00e9zd meg a t\u00f6bbi term\u00e9kemet is:\nhttps:\/\/www.meska.hu\/shop\/OromKonnyek\n\n>>> Sz\u00e1ll\u00edt\u00e1si \u00e9s \u00c1TV\u00c9TELI inform\u00e1ci\u00f3kat a \"Sz\u00e1ll\u00edt\u00e1si Info\" f\u00fclre kattintva tal\u00e1lod\n\n>>> Fizet\u00e9si m\u00f3d - KIZ\u00c1R\u00d3LAG EL\u0150RE FIZET\u00c9SSEL: Bankk\u00e1rty\u00e1val \/ Barionnal \/\u00c1tutal\u00e1ssal vagy Banki befizet\u00e9ssel\n\n\u26a0\ufe0fFONTOS\u26a0\ufe0f Rendel\u00e9shez tedd kos\u00e1rba a term\u00e9ket \u00e9s a \"Kos\u00e1r\" oldalon az \"\u00dczenet az elad\u00f3nak\" r\u00e9szbe \u00edrd be, hogy milyen sz\u00f6veget \/ karaktereket k\u00e9rsz a bor\u00edt\u00f3ra.","score":0,"formatted_price":"7 900 Ft","image_url":"https:\/\/www.meska.hu\/img\/product\/small\/o\/r\/oromkonnyek_product_274209_191208212736_346329.jpeg","formatted_url":"https:\/\/www.meska.hu\/p3601338-csaladi-beragasztos-fotoalbum-egyedi-szemelyre-szabott-karakterek-meghato-karacsonyi-ajandek-otlet","favourite":false,"in_stock":false,"avatar":"274209_avatar_1697355906.jpeg","delete_from":0,"is_enhanced_background":false,"is_enhanced":false,"product_selection_started":false,"is_active":true,"image_webp_url":"https:\/\/www.meska.hu\/img\/product\/small\/o\/r\/oromkonnyek_product_274209_191208212736_346329.webp"},{"id":"5454035","shop_id":"24144","user_id":"274209","shop_name":"OtletLada","shop_zip":"7522","product_code":"5353999","product_name_old":null,"product_name":"#01 SAJ\u00c1T SZ\u00d6VEGGEL k\u00e9rhet\u0151 csal\u00e1di Fot\u00f3album - beragaszt\u00f3s F\u00e9nyk\u00e9p album \/ f\u00fczet - 40 lap = 80 oldal - 21x19cm","category_string":"Otthon & \u00c9letm\u00f3d, Pap\u00edr, \u00edr\u00f3szer, Album & Fot\u00f3album","technic_string":"Fot\u00f3, grafika, rajz, illusztr\u00e1ci\u00f3, K\u00f6nyvk\u00f6t\u00e9s","category_1":"813","category_2":"351","category_3":"353","category_4":"0","merged_category_1":null,"merged_category_2":null,"merged_category_3":null,"technic_1":"483","technic_2":"671","technic_3":"0","color_1":"514","color_2":"520","color_3":"0","product_description_old":null,"product_description":"K\u00c9RD B\u00c1RMILYEN SZ\u00d6VEGGEL! Nat\u00far sz\u00edn\u0171 beragaszt\u00f3s fot\u00f3album.\nTedd egyediv\u00e9 az albumot egy-egy szem\u00e9lyes megjegyz\u00e9ssel, al\u00e1\u00edr\u00e1ssal, vicces eml\u00e9kekkel vagy aranyk\u00f6p\u00e9ssel a k\u00e9p al\u00e1 \u00edrva. ;) Teljesen m\u00e1s \u00e9lm\u00e9ny lesz egy ilyen albumot v\u00e9gig lapozni p\u00e1r \u00e9v m\u00falva, mintha csak fot\u00f3k lenn\u00e9nek egym\u00e1s ut\u00e1n sorba rakva.\n\nA sz\u00f6veg v\u00e1ltoztat\u00e1sa INGYENES, a k\u00e9p m\u00f3dos\u00edt\u00e1sa lehets\u00e9ges, de szerkeszt\u00e9si d\u00edj ker\u00fcl felsz\u00e1mol\u00e1sra. \n\nTIPP: a f\u00e9nyk\u00e9peket k\u00e9toldal\u00fa ragaszt\u00f3val a legegyszer\u0171bb beragasztani, amit szinte b\u00e1rmelyik szupermarket polcain megtal\u00e1lsz (a fest\u0151s r\u00e9szlegn\u00e9l)\nTerm\u00e9szetesen fot\u00f3sarokkal vagy dekor ragaszt\u00f3szalaggal is r\u00f6gz\u00edtheted\n\nPARAM\u00c9TEREK:\n\u25b6\ufe0f Bel\u00edvek 120g-os \u00fcres OFFSET feh\u00e9r lapok* - 40 \u00edv (80 oldal)\n\u25b6\ufe0f Fekete f\u00e9m spir\u00e1llal\n\u25b6\ufe0f M\u00e9rete: 210x190mm\n\n\u26a0\ufe0f BOR\u00cdT\u00d3JA l\u00e9zer nyomat, h\u00e1tlapja nat\u00far sz\u00edn\u0171 - alapanyaga V\u00c1LASZTHAT\u00d3:\n\u2705 ALAP\u00c1RON: KEM\u00c9NY, de v\u00e9kony (kb 0,5mm) m\u0171anyag bor\u00edt\u00f3\n\u2705+1500 Ft-\u00e9rt v\u00e1laszthat\u00f3 2mm extra vastag, KEM\u00c9NY kartont\u00e1bl\u00e1ra k\u00e9sz\u00fclt bor\u00edt\u00f3val is.\n\nK\u00e9toldal\u00fa ragaszt\u00f3val k\u00e9peket is ragaszthattok bele, vagy ceruz\u00e1val, tollal is \u00edrhattok bele.\n\nN\u00e9zd meg a t\u00f6bbi term\u00e9kemet is:\nhttps:\/\/www.meska.hu\/shop\/OtletLada\n\n>>> Sz\u00e1ll\u00edt\u00e1si \u00e9s \u00c1TV\u00c9TELI inform\u00e1ci\u00f3kat a \"Sz\u00e1ll\u00edt\u00e1si Info\" f\u00fclre kattintva tal\u00e1lod\n\n>>> Fizet\u00e9si m\u00f3d - KIZ\u00c1R\u00d3LAG EL\u0150RE FIZET\u00c9SSEL: Bankk\u00e1rty\u00e1val \/ Barionnal \/\u00c1tutal\u00e1ssal vagy Banki befizet\u00e9ssel\n\n\u26a0\ufe0fFONTOS\u26a0\ufe0f Ha v\u00e1ltoztatni szeretn\u00e9l a bor\u00edt\u00f3 sz\u00f6veg\u00e9n, akkor tedd kos\u00e1rba a term\u00e9ket \u00e9s a \"Kos\u00e1r\" oldalon az \"\u00dczenet az elad\u00f3nak\" r\u00e9szbe \u00edrd be, hogy milyen sz\u00f6veget \/ nevet k\u00e9rsz a bor\u00edt\u00f3ra.","price":"7900.00","unit":"db","recommended":"0","status":"1","sponsored":"0","exp_notify":"0","own_material":"0","own_material_description_old":null,"own_material_description":"","jury":"0","jury_number":"","product_nature":"","meskaracsony":"0","create_date":"2026-04-10 01:03:55","shelve_id":"57667","image":"otletlada_product_274209_240820225826_777589.jpeg","image_width":"480","image_height":"480","image_alt":"#01 SAJ\u00c1T SZ\u00d6VEGGEL k\u00e9rhet\u0151 csal\u00e1di Fot\u00f3album - beragaszt\u00f3s F\u00e9nyk\u00e9p album \/ f\u00fczet - 40 lap = 80 oldal - 21x19cm, K\u00c9RD B\u00c1RMILYEN SZ\u00d6VEGGEL! Nat\u00far sz\u00edn\u0171 beragaszt\u00f3s fot\u00f3album.\\nTedd egyediv\u00e9 az albumot egy-egy szem\u00e9l..., Meska","image_title":"#01 SAJ\u00c1T SZ\u00d6VEGGEL k\u00e9rhet\u0151 csal\u00e1di Fot\u00f3album - beragaszt\u00f3s F\u00e9nyk\u00e9p album \/ f\u00fczet - 40 lap = 80 oldal - 21x19cm, Meska","view_count":"833","favourite_count":"0","trending_score":"0","last2MonthFavouriteCount":"0","promotion":"0","giftcard_accept":"0","creditcard_accept":false,"enhanced_background":"0","domain":"meska","specific_customer_id":null,"specific_customer_name":null,"to_order_product":"1","to_order_product_time":"5","product_different":"quite_different","product_different_description":"A sz\u00f6veget megv\u00e1ltoztathatod. A sz\u00ednek a monitoron \u00e9s nyomtat\u00e1sban elt\u00e9rhetnek.","vintage":"0","vintage_category_id":"0","recycled":"0","gemstone_id":"0","customizable":"1","type_category":"physical","zerowaste":"0","postage_price":"1290.00","shop_order":"81","has_category":"1","landing_pages":null,"microdata":{"number":34,"category":""},"title":"#01 SAJ\u00c1T SZ\u00d6VEGGEL k\u00e9rhet\u0151 csal\u00e1di Fot\u00f3album - beragaszt\u00f3s F\u00e9nyk\u00e9p album \/ f\u00fczet - 40 lap = 80 oldal - 21x19cm","description":"K\u00c9RD B\u00c1RMILYEN SZ\u00d6VEGGEL! Nat\u00far sz\u00edn\u0171 beragaszt\u00f3s fot\u00f3album.\nTedd egyediv\u00e9 az albumot egy-egy szem\u00e9lyes megjegyz\u00e9ssel, al\u00e1\u00edr\u00e1ssal, vicces eml\u00e9kekkel vagy aranyk\u00f6p\u00e9ssel a k\u00e9p al\u00e1 \u00edrva. ;) Teljesen m\u00e1s \u00e9lm\u00e9ny lesz egy ilyen albumot v\u00e9gig lapozni p\u00e1r \u00e9v m\u00falva, mintha csak fot\u00f3k lenn\u00e9nek egym\u00e1s ut\u00e1n sorba rakva.\n\nA sz\u00f6veg v\u00e1ltoztat\u00e1sa INGYENES, a k\u00e9p m\u00f3dos\u00edt\u00e1sa lehets\u00e9ges, de szerkeszt\u00e9si d\u00edj ker\u00fcl felsz\u00e1mol\u00e1sra. \n\nTIPP: a f\u00e9nyk\u00e9peket k\u00e9toldal\u00fa ragaszt\u00f3val a legegyszer\u0171bb beragasztani, amit szinte b\u00e1rmelyik szupermarket polcain megtal\u00e1lsz (a fest\u0151s r\u00e9szlegn\u00e9l)\nTerm\u00e9szetesen fot\u00f3sarokkal vagy dekor ragaszt\u00f3szalaggal is r\u00f6gz\u00edtheted\n\nPARAM\u00c9TEREK:\n\u25b6\ufe0f Bel\u00edvek 120g-os \u00fcres OFFSET feh\u00e9r lapok* - 40 \u00edv (80 oldal)\n\u25b6\ufe0f Fekete f\u00e9m spir\u00e1llal\n\u25b6\ufe0f M\u00e9rete: 210x190mm\n\n\u26a0\ufe0f BOR\u00cdT\u00d3JA l\u00e9zer nyomat, h\u00e1tlapja nat\u00far sz\u00edn\u0171 - alapanyaga V\u00c1LASZTHAT\u00d3:\n\u2705 ALAP\u00c1RON: KEM\u00c9NY, de v\u00e9kony (kb 0,5mm) m\u0171anyag bor\u00edt\u00f3\n\u2705+1500 Ft-\u00e9rt v\u00e1laszthat\u00f3 2mm extra vastag, KEM\u00c9NY kartont\u00e1bl\u00e1ra k\u00e9sz\u00fclt bor\u00edt\u00f3val is.\n\nK\u00e9toldal\u00fa ragaszt\u00f3val k\u00e9peket is ragaszthattok bele, vagy ceruz\u00e1val, tollal is \u00edrhattok bele.\n\nN\u00e9zd meg a t\u00f6bbi term\u00e9kemet is:\nhttps:\/\/www.meska.hu\/shop\/OtletLada\n\n>>> Sz\u00e1ll\u00edt\u00e1si \u00e9s \u00c1TV\u00c9TELI inform\u00e1ci\u00f3kat a \"Sz\u00e1ll\u00edt\u00e1si Info\" f\u00fclre kattintva tal\u00e1lod\n\n>>> Fizet\u00e9si m\u00f3d - KIZ\u00c1R\u00d3LAG EL\u0150RE FIZET\u00c9SSEL: Bankk\u00e1rty\u00e1val \/ Barionnal \/\u00c1tutal\u00e1ssal vagy Banki befizet\u00e9ssel\n\n\u26a0\ufe0fFONTOS\u26a0\ufe0f Ha v\u00e1ltoztatni szeretn\u00e9l a bor\u00edt\u00f3 sz\u00f6veg\u00e9n, akkor tedd kos\u00e1rba a term\u00e9ket \u00e9s a \"Kos\u00e1r\" oldalon az \"\u00dczenet az elad\u00f3nak\" r\u00e9szbe \u00edrd be, hogy milyen sz\u00f6veget \/ nevet k\u00e9rsz a bor\u00edt\u00f3ra.","score":0,"formatted_price":"7 900 Ft","image_url":"https:\/\/www.meska.hu\/img\/product\/small\/o\/t\/otletlada_product_274209_240820225826_777589.jpeg","formatted_url":"https:\/\/www.meska.hu\/p5353999-sajat-szoveggel-kerheto-csaladi-fotoalbum-beragasztos-fenykep-album-fuzet-40-lap-80-oldal-21x19cm","favourite":false,"in_stock":false,"avatar":"274209_avatar_1697355906.jpeg","delete_from":0,"is_enhanced_background":false,"is_enhanced":false,"product_selection_started":false,"is_active":true,"image_webp_url":"https:\/\/www.meska.hu\/img\/product\/small\/o\/t\/otletlada_product_274209_240820225826_777589.webp"},{"id":"6179311","shop_id":"46170","user_id":"355200","shop_name":"DekorPatika","shop_zip":"6000","product_code":"5770190","product_name_old":null,"product_name":"Boldog Any\u00e1k napj\u00e1t 3D falik\u00e9p","category_string":"Otthon & \u00c9letm\u00f3d, Pap\u00edr, \u00edr\u00f3szer, Album & Fot\u00f3album","technic_string":"Fot\u00f3, grafika, rajz, illusztr\u00e1ci\u00f3","category_1":"813","category_2":"351","category_3":"353","category_4":"0","merged_category_1":null,"merged_category_2":null,"merged_category_3":null,"technic_1":"483","technic_2":"0","technic_3":"0","color_1":"519","color_2":"791","color_3":"525","product_description_old":null,"product_description":"Nincs \u00f6tleted milyen aj\u00e1nd\u00e9kkal k\u00e9sz\u00fclj Any\u00e1k Napj\u00e1ra?\n\nElk\u00e9sz\u00edtem sz\u00e1modra a t\u00f6k\u00e9letes aj\u00e1nd\u00e9kot! Ez az egyedi falik\u00e9p remek d\u00edsze lehet lak\u00e1snak \u00e9s \u00f6r\u00f6k eml\u00e9k az eg\u00e9sz csal\u00e1dnak!\n\nA k\u00e9pkeret falra akaszthat\u00f3 vagy polcra is helyezhet\u0151!\n\nM\u00e9rete: 25x25 cm  \n\nK\u00e9rlek, vedd figyelembe, hogy a megjelen\u00edtett sz\u00ednek kis m\u00e9rt\u00e9kben elt\u00e9rhetnek a k\u00fcl\u00f6nb\u00f6z\u0151 kijelz\u0151k\u00f6n. \n\nAmennyiben s\u00fcrg\u0151s megrendel\u00e9sre van sz\u00fcks\u00e9ged k\u00e9rlek v\u00e1laszd a \u201cS\u00fcrg\u0151s megrendel\u00e9s\u201d opci\u00f3t \u00e9s 1 munkanapon bel\u00fcl elk\u00e9sz\u00edtem a term\u00e9ket!\nHa foxpost automat\u00e1t v\u00e1lasztott\u00e1l, k\u00e9rlek \u00edrd meg melyikbe k\u00fcldhetem.\n\nA term\u00e9k k\u00e9sz\u00edt\u00e9s\u00e9t \u00e9s post\u00e1z\u00e1s\u00e1t csak a fizet\u00e9s be\u00e9rkez\u00e9se ut\u00e1n tudom elkezdeni! K\u00f6sz\u00f6n\u00f6m a meg\u00e9rt\u00e9sed!","price":"7990.00","unit":"db","recommended":"0","status":"1","sponsored":"0","exp_notify":"0","own_material":"0","own_material_description_old":null,"own_material_description":"","jury":"0","jury_number":"","product_nature":"","meskaracsony":"0","create_date":"2026-04-09 22:32:05","shelve_id":"0","image":"dekorpatika_product_355200_260409222850_608252.jpeg","image_width":"480","image_height":"640","image_alt":"Boldog Any\u00e1k napj\u00e1t 3D falik\u00e9p, Nincs \u00f6tleted milyen aj\u00e1nd\u00e9kkal k\u00e9sz\u00fclj Any\u00e1k Napj\u00e1ra?\\n\\nElk\u00e9sz\u00edtem sz\u00e1modra a t\u00f6k\u00e9letes aj\u00e1nd\u00e9kot! E..., Meska","image_title":"Boldog Any\u00e1k napj\u00e1t 3D falik\u00e9p, Meska","view_count":"32","favourite_count":"0","trending_score":"0","last2MonthFavouriteCount":"0","promotion":"0","giftcard_accept":"0","creditcard_accept":true,"enhanced_background":"0","domain":"meska","specific_customer_id":null,"specific_customer_name":null,"to_order_product":"1","to_order_product_time":"5","product_different":null,"product_different_description":"","vintage":"0","vintage_category_id":"0","recycled":"0","gemstone_id":"0","customizable":"1","type_category":"physical","zerowaste":"0","postage_price":"1349.00","shop_order":"0","has_category":"1","landing_pages":null,"microdata":{"number":35,"category":""},"title":"Boldog Any\u00e1k napj\u00e1t 3D falik\u00e9p","description":"Nincs \u00f6tleted milyen aj\u00e1nd\u00e9kkal k\u00e9sz\u00fclj Any\u00e1k Napj\u00e1ra?\n\nElk\u00e9sz\u00edtem sz\u00e1modra a t\u00f6k\u00e9letes aj\u00e1nd\u00e9kot! Ez az egyedi falik\u00e9p remek d\u00edsze lehet lak\u00e1snak \u00e9s \u00f6r\u00f6k eml\u00e9k az eg\u00e9sz csal\u00e1dnak!\n\nA k\u00e9pkeret falra akaszthat\u00f3 vagy polcra is helyezhet\u0151!\n\nM\u00e9rete: 25x25 cm  \n\nK\u00e9rlek, vedd figyelembe, hogy a megjelen\u00edtett sz\u00ednek kis m\u00e9rt\u00e9kben elt\u00e9rhetnek a k\u00fcl\u00f6nb\u00f6z\u0151 kijelz\u0151k\u00f6n. \n\nAmennyiben s\u00fcrg\u0151s megrendel\u00e9sre van sz\u00fcks\u00e9ged k\u00e9rlek v\u00e1laszd a \u201cS\u00fcrg\u0151s megrendel\u00e9s\u201d opci\u00f3t \u00e9s 1 munkanapon bel\u00fcl elk\u00e9sz\u00edtem a term\u00e9ket!\nHa foxpost automat\u00e1t v\u00e1lasztott\u00e1l, k\u00e9rlek \u00edrd meg melyikbe k\u00fcldhetem.\n\nA term\u00e9k k\u00e9sz\u00edt\u00e9s\u00e9t \u00e9s post\u00e1z\u00e1s\u00e1t csak a fizet\u00e9s be\u00e9rkez\u00e9se ut\u00e1n tudom elkezdeni! K\u00f6sz\u00f6n\u00f6m a meg\u00e9rt\u00e9sed!","score":0,"formatted_price":"7 990 Ft","image_url":"https:\/\/www.meska.hu\/img\/product\/small\/d\/e\/dekorpatika_product_355200_260409222850_608252.jpeg","formatted_url":"https:\/\/www.meska.hu\/p5770190-boldog-anyak-napjat-3d-falikep","favourite":false,"in_stock":false,"avatar":"355200_avatar_1726093454.jpeg","delete_from":0,"is_enhanced_background":false,"is_enhanced":false,"product_selection_started":false,"is_active":true,"image_webp_url":"https:\/\/www.meska.hu\/img\/product\/small\/d\/e\/dekorpatika_product_355200_260409222850_608252.webp"},{"id":"6179309","shop_id":"46170","user_id":"355200","shop_name":"DekorPatika","shop_zip":"6000","product_code":"5770188","product_name_old":null,"product_name":"Boldog Any\u00e1k napj\u00e1t 3D falik\u00e9p","category_string":"Otthon & \u00c9letm\u00f3d, Pap\u00edr, \u00edr\u00f3szer, Album & Fot\u00f3album","technic_string":"Fot\u00f3, grafika, rajz, illusztr\u00e1ci\u00f3","category_1":"813","category_2":"351","category_3":"353","category_4":"0","merged_category_1":null,"merged_category_2":null,"merged_category_3":null,"technic_1":"483","technic_2":"0","technic_3":"0","color_1":"519","color_2":"791","color_3":"525","product_description_old":null,"product_description":"Nincs \u00f6tleted milyen aj\u00e1nd\u00e9kkal k\u00e9sz\u00fclj Any\u00e1k Napj\u00e1ra?\n\nElk\u00e9sz\u00edtem sz\u00e1modra a t\u00f6k\u00e9letes aj\u00e1nd\u00e9kot! Ez az egyedi falik\u00e9p remek d\u00edsze lehet lak\u00e1snak \u00e9s \u00f6r\u00f6k eml\u00e9k az eg\u00e9sz csal\u00e1dnak!\n\nA k\u00e9pkeret falra akaszthat\u00f3 vagy polcra is helyezhet\u0151!\n\nM\u00e9rete: 25x25 cm  \n\nK\u00e9rlek, vedd figyelembe, hogy a megjelen\u00edtett sz\u00ednek kis m\u00e9rt\u00e9kben elt\u00e9rhetnek a k\u00fcl\u00f6nb\u00f6z\u0151 kijelz\u0151k\u00f6n. \n\nAmennyiben s\u00fcrg\u0151s megrendel\u00e9sre van sz\u00fcks\u00e9ged k\u00e9rlek v\u00e1laszd a \u201cS\u00fcrg\u0151s megrendel\u00e9s\u201d opci\u00f3t \u00e9s 1 munkanapon bel\u00fcl elk\u00e9sz\u00edtem a term\u00e9ket!\nHa foxpost automat\u00e1t v\u00e1lasztott\u00e1l, k\u00e9rlek \u00edrd meg melyikbe k\u00fcldhetem.\n\nA term\u00e9k k\u00e9sz\u00edt\u00e9s\u00e9t \u00e9s post\u00e1z\u00e1s\u00e1t csak a fizet\u00e9s be\u00e9rkez\u00e9se ut\u00e1n tudom elkezdeni! K\u00f6sz\u00f6n\u00f6m a meg\u00e9rt\u00e9sed!","price":"7990.00","unit":"db","recommended":"0","status":"1","sponsored":"0","exp_notify":"0","own_material":"0","own_material_description_old":null,"own_material_description":"","jury":"0","jury_number":"","product_nature":"","meskaracsony":"0","create_date":"2026-04-09 22:31:05","shelve_id":"0","image":"dekorpatika_product_355200_260409222828_583616.jpeg","image_width":"480","image_height":"640","image_alt":"Boldog Any\u00e1k napj\u00e1t 3D falik\u00e9p, Nincs \u00f6tleted milyen aj\u00e1nd\u00e9kkal k\u00e9sz\u00fclj Any\u00e1k Napj\u00e1ra?\\n\\nElk\u00e9sz\u00edtem sz\u00e1modra a t\u00f6k\u00e9letes aj\u00e1nd\u00e9kot! E..., Meska","image_title":"Boldog Any\u00e1k napj\u00e1t 3D falik\u00e9p, Meska","view_count":"45","favourite_count":"0","trending_score":"0","last2MonthFavouriteCount":"0","promotion":"0","giftcard_accept":"0","creditcard_accept":true,"enhanced_background":"0","domain":"meska","specific_customer_id":null,"specific_customer_name":null,"to_order_product":"1","to_order_product_time":"5","product_different":null,"product_different_description":"","vintage":"0","vintage_category_id":"0","recycled":"0","gemstone_id":"0","customizable":"1","type_category":"physical","zerowaste":"0","postage_price":"1349.00","shop_order":"0","has_category":"1","landing_pages":null,"microdata":{"number":36,"category":""},"title":"Boldog Any\u00e1k napj\u00e1t 3D falik\u00e9p","description":"Nincs \u00f6tleted milyen aj\u00e1nd\u00e9kkal k\u00e9sz\u00fclj Any\u00e1k Napj\u00e1ra?\n\nElk\u00e9sz\u00edtem sz\u00e1modra a t\u00f6k\u00e9letes aj\u00e1nd\u00e9kot! Ez az egyedi falik\u00e9p remek d\u00edsze lehet lak\u00e1snak \u00e9s \u00f6r\u00f6k eml\u00e9k az eg\u00e9sz csal\u00e1dnak!\n\nA k\u00e9pkeret falra akaszthat\u00f3 vagy polcra is helyezhet\u0151!\n\nM\u00e9rete: 25x25 cm  \n\nK\u00e9rlek, vedd figyelembe, hogy a megjelen\u00edtett sz\u00ednek kis m\u00e9rt\u00e9kben elt\u00e9rhetnek a k\u00fcl\u00f6nb\u00f6z\u0151 kijelz\u0151k\u00f6n. \n\nAmennyiben s\u00fcrg\u0151s megrendel\u00e9sre van sz\u00fcks\u00e9ged k\u00e9rlek v\u00e1laszd a \u201cS\u00fcrg\u0151s megrendel\u00e9s\u201d opci\u00f3t \u00e9s 1 munkanapon bel\u00fcl elk\u00e9sz\u00edtem a term\u00e9ket!\nHa foxpost automat\u00e1t v\u00e1lasztott\u00e1l, k\u00e9rlek \u00edrd meg melyikbe k\u00fcldhetem.\n\nA term\u00e9k k\u00e9sz\u00edt\u00e9s\u00e9t \u00e9s post\u00e1z\u00e1s\u00e1t csak a fizet\u00e9s be\u00e9rkez\u00e9se ut\u00e1n tudom elkezdeni! K\u00f6sz\u00f6n\u00f6m a meg\u00e9rt\u00e9sed!","score":0,"formatted_price":"7 990 Ft","image_url":"https:\/\/www.meska.hu\/img\/product\/small\/d\/e\/dekorpatika_product_355200_260409222828_583616.jpeg","formatted_url":"https:\/\/www.meska.hu\/p5770188-boldog-anyak-napjat-3d-falikep","favourite":false,"in_stock":false,"avatar":"355200_avatar_1726093454.jpeg","delete_from":0,"is_enhanced_background":false,"is_enhanced":false,"product_selection_started":false,"is_active":true,"image_webp_url":"https:\/\/www.meska.hu\/img\/product\/small\/d\/e\/dekorpatika_product_355200_260409222828_583616.webp"},{"id":"6179308","shop_id":"46170","user_id":"355200","shop_name":"DekorPatika","shop_zip":"6000","product_code":"5770187","product_name_old":null,"product_name":"Boldog Any\u00e1k napj\u00e1t 3D falik\u00e9p","category_string":"Otthon & \u00c9letm\u00f3d, Pap\u00edr, \u00edr\u00f3szer, Album & Fot\u00f3album","technic_string":"Fot\u00f3, grafika, rajz, illusztr\u00e1ci\u00f3","category_1":"813","category_2":"351","category_3":"353","category_4":"0","merged_category_1":null,"merged_category_2":null,"merged_category_3":null,"technic_1":"483","technic_2":"0","technic_3":"0","color_1":"519","color_2":"791","color_3":"525","product_description_old":null,"product_description":"Nincs \u00f6tleted milyen aj\u00e1nd\u00e9kkal k\u00e9sz\u00fclj Any\u00e1k Napj\u00e1ra?\n\nElk\u00e9sz\u00edtem sz\u00e1modra a t\u00f6k\u00e9letes aj\u00e1nd\u00e9kot! Ez az egyedi falik\u00e9p remek d\u00edsze lehet lak\u00e1snak \u00e9s \u00f6r\u00f6k eml\u00e9k az eg\u00e9sz csal\u00e1dnak!\n\nA k\u00e9pkeret falra akaszthat\u00f3 vagy polcra is helyezhet\u0151!\n\nM\u00e9rete: 25x25 cm  \n\nK\u00e9rlek, vedd figyelembe, hogy a megjelen\u00edtett sz\u00ednek kis m\u00e9rt\u00e9kben elt\u00e9rhetnek a k\u00fcl\u00f6nb\u00f6z\u0151 kijelz\u0151k\u00f6n. \n\nAmennyiben s\u00fcrg\u0151s megrendel\u00e9sre van sz\u00fcks\u00e9ged k\u00e9rlek v\u00e1laszd a \u201cS\u00fcrg\u0151s megrendel\u00e9s\u201d opci\u00f3t \u00e9s 1 munkanapon bel\u00fcl elk\u00e9sz\u00edtem a term\u00e9ket!\nHa foxpost automat\u00e1t v\u00e1lasztott\u00e1l, k\u00e9rlek \u00edrd meg melyikbe k\u00fcldhetem.\n\nA term\u00e9k k\u00e9sz\u00edt\u00e9s\u00e9t \u00e9s post\u00e1z\u00e1s\u00e1t csak a fizet\u00e9s be\u00e9rkez\u00e9se ut\u00e1n tudom elkezdeni! K\u00f6sz\u00f6n\u00f6m a meg\u00e9rt\u00e9sed!","price":"7990.00","unit":"db","recommended":"0","status":"1","sponsored":"0","exp_notify":"0","own_material":"0","own_material_description_old":null,"own_material_description":"","jury":"0","jury_number":"","product_nature":"","meskaracsony":"0","create_date":"2026-04-09 22:30:14","shelve_id":"0","image":"dekorpatika_product_355200_260409222823_34559.jpeg","image_width":"480","image_height":"360","image_alt":"Boldog Any\u00e1k napj\u00e1t 3D falik\u00e9p, Nincs \u00f6tleted milyen aj\u00e1nd\u00e9kkal k\u00e9sz\u00fclj Any\u00e1k Napj\u00e1ra?\\n\\nElk\u00e9sz\u00edtem sz\u00e1modra a t\u00f6k\u00e9letes aj\u00e1nd\u00e9kot! E..., Meska","image_title":"Boldog Any\u00e1k napj\u00e1t 3D falik\u00e9p, Meska","view_count":"58","favourite_count":"0","trending_score":"0","last2MonthFavouriteCount":"0","promotion":"0","giftcard_accept":"0","creditcard_accept":true,"enhanced_background":"0","domain":"meska","specific_customer_id":null,"specific_customer_name":null,"to_order_product":"1","to_order_product_time":"5","product_different":null,"product_different_description":"","vintage":"0","vintage_category_id":"0","recycled":"0","gemstone_id":"0","customizable":"1","type_category":"physical","zerowaste":"0","postage_price":"1349.00","shop_order":"0","has_category":"1","landing_pages":null,"microdata":{"number":37,"category":""},"title":"Boldog Any\u00e1k napj\u00e1t 3D falik\u00e9p","description":"Nincs \u00f6tleted milyen aj\u00e1nd\u00e9kkal k\u00e9sz\u00fclj Any\u00e1k Napj\u00e1ra?\n\nElk\u00e9sz\u00edtem sz\u00e1modra a t\u00f6k\u00e9letes aj\u00e1nd\u00e9kot! Ez az egyedi falik\u00e9p remek d\u00edsze lehet lak\u00e1snak \u00e9s \u00f6r\u00f6k eml\u00e9k az eg\u00e9sz csal\u00e1dnak!\n\nA k\u00e9pkeret falra akaszthat\u00f3 vagy polcra is helyezhet\u0151!\n\nM\u00e9rete: 25x25 cm  \n\nK\u00e9rlek, vedd figyelembe, hogy a megjelen\u00edtett sz\u00ednek kis m\u00e9rt\u00e9kben elt\u00e9rhetnek a k\u00fcl\u00f6nb\u00f6z\u0151 kijelz\u0151k\u00f6n. \n\nAmennyiben s\u00fcrg\u0151s megrendel\u00e9sre van sz\u00fcks\u00e9ged k\u00e9rlek v\u00e1laszd a \u201cS\u00fcrg\u0151s megrendel\u00e9s\u201d opci\u00f3t \u00e9s 1 munkanapon bel\u00fcl elk\u00e9sz\u00edtem a term\u00e9ket!\nHa foxpost automat\u00e1t v\u00e1lasztott\u00e1l, k\u00e9rlek \u00edrd meg melyikbe k\u00fcldhetem.\n\nA term\u00e9k k\u00e9sz\u00edt\u00e9s\u00e9t \u00e9s post\u00e1z\u00e1s\u00e1t csak a fizet\u00e9s be\u00e9rkez\u00e9se ut\u00e1n tudom elkezdeni! K\u00f6sz\u00f6n\u00f6m a meg\u00e9rt\u00e9sed!","score":0,"formatted_price":"7 990 Ft","image_url":"https:\/\/www.meska.hu\/img\/product\/small\/d\/e\/dekorpatika_product_355200_260409222823_34559.jpeg","formatted_url":"https:\/\/www.meska.hu\/p5770187-boldog-anyak-napjat-3d-falikep","favourite":false,"in_stock":false,"avatar":"355200_avatar_1726093454.jpeg","delete_from":0,"is_enhanced_background":false,"is_enhanced":false,"product_selection_started":false,"is_active":true,"image_webp_url":"https:\/\/www.meska.hu\/img\/product\/small\/d\/e\/dekorpatika_product_355200_260409222823_34559.webp"},{"id":"3508779","shop_id":"24144","user_id":"274209","shop_name":"OtletLada","shop_zip":"7522","product_code":"4663919","product_name_old":null,"product_name":"Greenery leveles vend\u00e9gk\u00f6nyv \/ eml\u00e9kk\u00f6nyv - egyedi album - esk\u00fcv\u0151i eml\u00e9k - f\u00fczet \/ napl\u00f3 - 21x19cm ","category_string":"Otthon & \u00c9letm\u00f3d, Pap\u00edr, \u00edr\u00f3szer, Album & Fot\u00f3album","technic_string":"Fot\u00f3, grafika, rajz, illusztr\u00e1ci\u00f3, K\u00f6nyvk\u00f6t\u00e9s","category_1":"813","category_2":"351","category_3":"353","category_4":"0","merged_category_1":"0","merged_category_2":"0","merged_category_3":"0","technic_1":"483","technic_2":"671","technic_3":"0","color_1":"519","color_2":"534","color_3":"529","product_description_old":null,"product_description":"Esk\u00fcv\u0151i vend\u00e9gk\u00f6ny - ig\u00e9nyes \u00e9s modern design album.\n\nPARAM\u00c9TEREK:\n\u25b6\ufe0f Bel\u00edvek 120g-os \u00fcres OFFSET feh\u00e9r lapok* - 40 \u00edv\n\u25b6\ufe0f Fekete vagy feh\u00e9r f\u00e9m spir\u00e1llal\n\u25b6\ufe0f M\u00e9rete: 210x190mm\n\n\u26a0\ufe0f BOR\u00cdT\u00d3JA l\u00e9zer nyomat - alapanyaga V\u00c1LASZTHAT\u00d3:\n\u2705 ALAP\u00c1RON: KEM\u00c9NY, de v\u00e9kony (kb 0,5mm) m\u0171anyag bor\u00edt\u00f3\n\u2705+1500 Ft-\u00e9rt v\u00e1laszthat\u00f3 2mm extra vastag, KEM\u00c9NY kartont\u00e1bl\u00e1ra k\u00e9sz\u00fclt bor\u00edt\u00f3val is.\n\nK\u00e9toldal\u00fa ragaszt\u00f3val k\u00e9peket is ragaszthattok bele, vagy ceruz\u00e1val, tollal is \u00edrhattok bele. \n\nN\u00e9zd meg a t\u00f6bbi term\u00e9kemet is:\nhttps:\/\/www.meska.hu\/shop\/OromKonnyek\n\n>>> Sz\u00e1ll\u00edt\u00e1si \u00e9s \u00c1TV\u00c9TELI inform\u00e1ci\u00f3kat a \"Sz\u00e1ll\u00edt\u00e1si Info\" f\u00fclre kattintva tal\u00e1lod\n\n>>> Fizet\u00e9si m\u00f3d - KIZ\u00c1R\u00d3LAG EL\u0150RE FIZET\u00c9SSEL: Bankk\u00e1rty\u00e1val \/ Barionnal \/\u00c1tutal\u00e1ssal vagy Banki befizet\u00e9ssel\n\n\u26a0\ufe0fFONTOS\u26a0\ufe0f Rendel\u00e9shez tedd kos\u00e1rba a term\u00e9ket \u00e9s a \"Kos\u00e1r\" oldalon az \"\u00dczenet az elad\u00f3nak\" r\u00e9szbe \u00edrd be, hogy milyen sz\u00f6veget \/ nevet k\u00e9rsz a bor\u00edt\u00f3ra.","price":"7900.00","unit":"db","recommended":"0","status":"1","sponsored":"0","exp_notify":"0","own_material":"0","own_material_description_old":null,"own_material_description":"","jury":"0","jury_number":"","product_nature":"","meskaracsony":"0","create_date":"2026-04-09 20:03:28","shelve_id":"73268","image":"oromkonnyek_product_274209_220614011257_92065.jpeg","image_width":"480","image_height":"339","image_alt":"Greenery leveles vend\u00e9gk\u00f6nyv \/ eml\u00e9kk\u00f6nyv - egyedi album - esk\u00fcv\u0151i eml\u00e9k - f\u00fczet \/ napl\u00f3 - 21x19cm , Esk\u00fcv\u0151i vend\u00e9gk\u00f6ny - ig\u00e9nyes \u00e9s modern design album.\\n\\nPARAM\u00c9TEREK:\\n\u25b6\ufe0f Bel\u00edvek 120g-os \u00fcres OFFSET fe..., Meska","image_title":"Greenery leveles vend\u00e9gk\u00f6nyv \/ eml\u00e9kk\u00f6nyv - egyedi album - esk\u00fcv\u0151i eml\u00e9k - f\u00fczet \/ napl\u00f3 - 21x19cm , Meska","view_count":"5396","favourite_count":"0","trending_score":"0","last2MonthFavouriteCount":"0","promotion":"0","giftcard_accept":"0","creditcard_accept":false,"enhanced_background":"0","domain":"meska","specific_customer_id":null,"specific_customer_name":null,"to_order_product":"1","to_order_product_time":"5","product_different":"quite_different","product_different_description":"A sz\u00ednek a monitor sz\u00edneit\u0151l nyomtat\u00e1sban elt\u00e9rhetnek.","vintage":"0","vintage_category_id":"0","recycled":"0","gemstone_id":"0","customizable":"1","type_category":"physical","zerowaste":"0","postage_price":"1290.00","shop_order":"57","has_category":"1","landing_pages":null,"microdata":{"number":38,"category":""},"title":"Greenery leveles vend\u00e9gk\u00f6nyv \/ eml\u00e9kk\u00f6nyv - egyedi album - esk\u00fcv\u0151i eml\u00e9k - f\u00fczet \/ napl\u00f3 - 21x19cm ","description":"Esk\u00fcv\u0151i vend\u00e9gk\u00f6ny - ig\u00e9nyes \u00e9s modern design album.\n\nPARAM\u00c9TEREK:\n\u25b6\ufe0f Bel\u00edvek 120g-os \u00fcres OFFSET feh\u00e9r lapok* - 40 \u00edv\n\u25b6\ufe0f Fekete vagy feh\u00e9r f\u00e9m spir\u00e1llal\n\u25b6\ufe0f M\u00e9rete: 210x190mm\n\n\u26a0\ufe0f BOR\u00cdT\u00d3JA l\u00e9zer nyomat - alapanyaga V\u00c1LASZTHAT\u00d3:\n\u2705 ALAP\u00c1RON: KEM\u00c9NY, de v\u00e9kony (kb 0,5mm) m\u0171anyag bor\u00edt\u00f3\n\u2705+1500 Ft-\u00e9rt v\u00e1laszthat\u00f3 2mm extra vastag, KEM\u00c9NY kartont\u00e1bl\u00e1ra k\u00e9sz\u00fclt bor\u00edt\u00f3val is.\n\nK\u00e9toldal\u00fa ragaszt\u00f3val k\u00e9peket is ragaszthattok bele, vagy ceruz\u00e1val, tollal is \u00edrhattok bele. \n\nN\u00e9zd meg a t\u00f6bbi term\u00e9kemet is:\nhttps:\/\/www.meska.hu\/shop\/OromKonnyek\n\n>>> Sz\u00e1ll\u00edt\u00e1si \u00e9s \u00c1TV\u00c9TELI inform\u00e1ci\u00f3kat a \"Sz\u00e1ll\u00edt\u00e1si Info\" f\u00fclre kattintva tal\u00e1lod\n\n>>> Fizet\u00e9si m\u00f3d - KIZ\u00c1R\u00d3LAG EL\u0150RE FIZET\u00c9SSEL: Bankk\u00e1rty\u00e1val \/ Barionnal \/\u00c1tutal\u00e1ssal vagy Banki befizet\u00e9ssel\n\n\u26a0\ufe0fFONTOS\u26a0\ufe0f Rendel\u00e9shez tedd kos\u00e1rba a term\u00e9ket \u00e9s a \"Kos\u00e1r\" oldalon az \"\u00dczenet az elad\u00f3nak\" r\u00e9szbe \u00edrd be, hogy milyen sz\u00f6veget \/ nevet k\u00e9rsz a bor\u00edt\u00f3ra.","score":0,"formatted_price":"7 900 Ft","image_url":"https:\/\/www.meska.hu\/img\/product\/small\/o\/r\/oromkonnyek_product_274209_220614011257_92065.jpeg","formatted_url":"https:\/\/www.meska.hu\/p4663919-greenery-leveles-vendegkonyv-emlekkonyv-egyedi-album-eskuvoi-emlek-fuzet-naplo-21x19cm","favourite":false,"in_stock":false,"avatar":"274209_avatar_1697355906.jpeg","delete_from":0,"is_enhanced_background":false,"is_enhanced":false,"product_selection_started":false,"is_active":true,"image_webp_url":"https:\/\/www.meska.hu\/img\/product\/small\/o\/r\/oromkonnyek_product_274209_220614011257_92065.webp"},{"id":"4814103","shop_id":"24144","user_id":"274209","shop_name":"OtletLada","shop_zip":"7522","product_code":"4965258","product_name_old":null,"product_name":"K\u00f6sz\u00f6nj\u00fck ANYA - aj\u00e1nd\u00e9k eml\u00e9kk\u00f6nyv any\u00e1k napj\u00e1ra - nat\u00far sz\u00edn\u0171 album \/ aj\u00e1nd\u00e9k \u00f6tlet any\u00e1k napja - 21x19cm","category_string":"Otthon & \u00c9letm\u00f3d, Pap\u00edr, \u00edr\u00f3szer, Album & Fot\u00f3album","technic_string":"Fot\u00f3, grafika, rajz, illusztr\u00e1ci\u00f3, K\u00f6nyvk\u00f6t\u00e9s","category_1":"813","category_2":"351","category_3":"353","category_4":"0","merged_category_1":"0","merged_category_2":"0","merged_category_3":"0","technic_1":"483","technic_2":"671","technic_3":"0","color_1":"514","color_2":"520","color_3":"523","product_description_old":null,"product_description":"B\u00e1rmilyen sz\u00f6veggel k\u00e9rheted, csak a kos\u00e1r oldalon \u00edrd meg nekem megjegyz\u00e9sben!!! \nKedves trendi aj\u00e1nd\u00e9k eml\u00e9kk\u00f6nyv ANY\u00c1K napj\u00e1ra, amibe beleragaszthatod a csal\u00e1di fot\u00f3kat, \u00e9s igaz\u00e1n szem\u00e9lyre sz\u00f3l\u00f3 aj\u00e1nd\u00e9kot var\u00e1zsolhatsz bel\u0151le.\n\nA k\u00f6nyvecsk\u00e9be k\u00e9toldal\u00fa ragaszt\u00f3val lehet a k\u00e9peket beragasztani, goly\u00f3stollal, ceruz\u00e1val, sz\u00ednes ceruz\u00e1val lehet bele \u00edrni \/ rajzolni is a fot\u00f3k mell\u00e9. \n\n\u26a0\ufe0fFONTOS\u26a0\ufe0f Amennyiben m\u00e1s sz\u00f6veggel vagy n\u00e9vvel k\u00e9red, akkor a bor\u00edt\u00f3ra ker\u00fcl\u0151 sz\u00f6veget rendel\u00e9skor ne felejtsd el a kos\u00e1r oldalon tal\u00e1lhat\u00f3 \"\u00dczenet az elad\u00f3nak\" mez\u0151be be\u00edrni!\n\nPARAM\u00c9TEREK:\n\u25b6\ufe0f Bel\u00edvek 120g-os \u00fcres feh\u00e9r lapok - 40 db\n\u25b6\ufe0f F\u00e9m spir\u00e1llal\n\u25b6\ufe0f M\u00e9rete: 210x190mm\n\n\u26a0\ufe0f BOR\u00cdT\u00d3JA l\u00e9zer nyomat, h\u00e1tlapja nat\u00far sz\u00edn\u0171 - alapanyaga V\u00c1LASZTHAT\u00d3:\n\u2705 ALAP\u00c1RON: KEM\u00c9NY, de v\u00e9kony (kb 0,5mm) m\u0171anyag bor\u00edt\u00f3\n\u2705+1500 Ft-\u00e9rt v\u00e1laszthat\u00f3 2mm extra vastag, KEM\u00c9NY kartont\u00e1bl\u00e1ra k\u00e9sz\u00fclt bor\u00edt\u00f3val is.\n\nN\u00e9zd meg a t\u00f6bbi term\u00e9kemet is:\nhttps:\/\/www.meska.hu\/shop\/OromKonnyek\n\n>>> Sz\u00e1ll\u00edt\u00e1si \u00e9s \u00c1TV\u00c9TELI inform\u00e1ci\u00f3kat a \"Sz\u00e1ll\u00edt\u00e1si Info\" f\u00fclre kattintva tal\u00e1lod\n\n>>> Fizet\u00e9si m\u00f3d - KIZ\u00c1R\u00d3LAG EL\u0150RE FIZET\u00c9SSEL: Bankk\u00e1rty\u00e1val \/ Barionnal \/\u00c1tutal\u00e1ssal vagy Banki befizet\u00e9ssel\n","price":"7900.00","unit":"db","recommended":"0","status":"1","sponsored":"0","exp_notify":"0","own_material":"0","own_material_description_old":null,"own_material_description":"","jury":"0","jury_number":"","product_nature":"","meskaracsony":"0","create_date":"2026-04-09 18:03:02","shelve_id":"57667","image":"otletlada_product_274209_230504123844_408938.jpeg","image_width":"480","image_height":"443","image_alt":"K\u00f6sz\u00f6nj\u00fck ANYA - aj\u00e1nd\u00e9k eml\u00e9kk\u00f6nyv any\u00e1k napj\u00e1ra - nat\u00far sz\u00edn\u0171 album \/ aj\u00e1nd\u00e9k \u00f6tlet any\u00e1k napja - 21x19cm, B\u00e1rmilyen sz\u00f6veggel k\u00e9rheted, csak a kos\u00e1r oldalon \u00edrd meg nekem megjegyz\u00e9sben!!! \\nKedves trendi aj\u00e1..., Meska","image_title":"K\u00f6sz\u00f6nj\u00fck ANYA - aj\u00e1nd\u00e9k eml\u00e9kk\u00f6nyv any\u00e1k napj\u00e1ra - nat\u00far sz\u00edn\u0171 album \/ aj\u00e1nd\u00e9k \u00f6tlet any\u00e1k napja - 21x19cm, Meska","view_count":"1328","favourite_count":"0","trending_score":"0","last2MonthFavouriteCount":"0","promotion":"0","giftcard_accept":"0","creditcard_accept":false,"enhanced_background":"0","domain":"meska","specific_customer_id":null,"specific_customer_name":null,"to_order_product":"1","to_order_product_time":"5","product_different":"quite_different","product_different_description":"A monitor sz\u00ednei a nyomtatott\u00f3l elt\u00e9rhetnek.","vintage":"0","vintage_category_id":"0","recycled":"0","gemstone_id":"0","customizable":"1","type_category":"physical","zerowaste":"0","postage_price":"1290.00","shop_order":"32","has_category":"1","landing_pages":null,"microdata":{"number":39,"category":""},"title":"K\u00f6sz\u00f6nj\u00fck ANYA - aj\u00e1nd\u00e9k eml\u00e9kk\u00f6nyv any\u00e1k napj\u00e1ra - nat\u00far sz\u00edn\u0171 album \/ aj\u00e1nd\u00e9k \u00f6tlet any\u00e1k napja - 21x19cm","description":"B\u00e1rmilyen sz\u00f6veggel k\u00e9rheted, csak a kos\u00e1r oldalon \u00edrd meg nekem megjegyz\u00e9sben!!! \nKedves trendi aj\u00e1nd\u00e9k eml\u00e9kk\u00f6nyv ANY\u00c1K napj\u00e1ra, amibe beleragaszthatod a csal\u00e1di fot\u00f3kat, \u00e9s igaz\u00e1n szem\u00e9lyre sz\u00f3l\u00f3 aj\u00e1nd\u00e9kot var\u00e1zsolhatsz bel\u0151le.\n\nA k\u00f6nyvecsk\u00e9be k\u00e9toldal\u00fa ragaszt\u00f3val lehet a k\u00e9peket beragasztani, goly\u00f3stollal, ceruz\u00e1val, sz\u00ednes ceruz\u00e1val lehet bele \u00edrni \/ rajzolni is a fot\u00f3k mell\u00e9. \n\n\u26a0\ufe0fFONTOS\u26a0\ufe0f Amennyiben m\u00e1s sz\u00f6veggel vagy n\u00e9vvel k\u00e9red, akkor a bor\u00edt\u00f3ra ker\u00fcl\u0151 sz\u00f6veget rendel\u00e9skor ne felejtsd el a kos\u00e1r oldalon tal\u00e1lhat\u00f3 \"\u00dczenet az elad\u00f3nak\" mez\u0151be be\u00edrni!\n\nPARAM\u00c9TEREK:\n\u25b6\ufe0f Bel\u00edvek 120g-os \u00fcres feh\u00e9r lapok - 40 db\n\u25b6\ufe0f F\u00e9m spir\u00e1llal\n\u25b6\ufe0f M\u00e9rete: 210x190mm\n\n\u26a0\ufe0f BOR\u00cdT\u00d3JA l\u00e9zer nyomat, h\u00e1tlapja nat\u00far sz\u00edn\u0171 - alapanyaga V\u00c1LASZTHAT\u00d3:\n\u2705 ALAP\u00c1RON: KEM\u00c9NY, de v\u00e9kony (kb 0,5mm) m\u0171anyag bor\u00edt\u00f3\n\u2705+1500 Ft-\u00e9rt v\u00e1laszthat\u00f3 2mm extra vastag, KEM\u00c9NY kartont\u00e1bl\u00e1ra k\u00e9sz\u00fclt bor\u00edt\u00f3val is.\n\nN\u00e9zd meg a t\u00f6bbi term\u00e9kemet is:\nhttps:\/\/www.meska.hu\/shop\/OromKonnyek\n\n>>> Sz\u00e1ll\u00edt\u00e1si \u00e9s \u00c1TV\u00c9TELI inform\u00e1ci\u00f3kat a \"Sz\u00e1ll\u00edt\u00e1si Info\" f\u00fclre kattintva tal\u00e1lod\n\n>>> Fizet\u00e9si m\u00f3d - KIZ\u00c1R\u00d3LAG EL\u0150RE FIZET\u00c9SSEL: Bankk\u00e1rty\u00e1val \/ Barionnal \/\u00c1tutal\u00e1ssal vagy Banki befizet\u00e9ssel\n","score":0,"formatted_price":"7 900 Ft","image_url":"https:\/\/www.meska.hu\/img\/product\/small\/o\/t\/otletlada_product_274209_230504123844_408938.jpeg","formatted_url":"https:\/\/www.meska.hu\/p4965258-koszonjuk-anya-ajandek-emlekkonyv-anyak-napjara-natur-szinu-album-ajandek-otlet-anyak-napja-21x19cm","favourite":false,"in_stock":false,"avatar":"274209_avatar_1697355906.jpeg","delete_from":0,"is_enhanced_background":false,"is_enhanced":false,"product_selection_started":false,"is_active":true,"image_webp_url":"https:\/\/www.meska.hu\/img\/product\/small\/o\/t\/otletlada_product_274209_230504123844_408938.webp"},{"id":"5670117","shop_id":"37585","user_id":"491560","shop_name":"PillangoPapir","shop_zip":"1163","product_code":"5483967","product_name_old":null,"product_name":"Lufis pasztell mint\u00e1s fot\u00f3album, eml\u00e9kk\u00f6nyv","category_string":"Otthon & \u00c9letm\u00f3d, Pap\u00edr, \u00edr\u00f3szer, Album & Fot\u00f3album","technic_string":"Fot\u00f3, grafika, rajz, illusztr\u00e1ci\u00f3, K\u00f6nyvk\u00f6t\u00e9s","category_1":"813","category_2":"351","category_3":"353","category_4":"0","merged_category_1":null,"merged_category_2":null,"merged_category_3":null,"technic_1":"483","technic_2":"671","technic_3":"0","color_1":"515","color_2":"521","color_3":"525","product_description_old":null,"product_description":"Legyen igaz\u00e1n egyedi bor\u00edt\u00f3s eml\u00e9kk\u00f6nyved! \n\nHa \u00f3v\u00f3d\u00e1b\u00f3l vagy iskol\u00e1b\u00f3l ballag\u00e1sra keresel b\u00facs\u00faaj\u00e1nd\u00e9kot, esetleg sz\u00fclinapra, n\u00e9vnapra aj\u00e1nd\u00e9kozn\u00e1l valamit vagy egy csod\u00e1s nyaral\u00e1son vett\u00e9l r\u00e9szt, ebbe az albumba tetsz\u00e9s szerint \u00edrhatsz fel eml\u00e9keket, id\u00e9zeteket, kedves \u00fczeneteket az aj\u00e1nd\u00e9kozott sz\u00e1m\u00e1ra vagy bele tudod beragasztani a f\u00e9nyk\u00e9peidet, mell\u00e9 pedig \u00edrhatsz is, \u00edgy szuper fot\u00f3album is k\u00e9sz\u00fclhet bel\u0151le.\n\nA bor\u00edt\u00f3n az \u00f6sszes sz\u00f6veg tetsz\u00e9s szerint k\u00e9sz\u00fcl.\nA h\u00e1tulj\u00e1ra is ker\u00fclhet id\u00e9zet, sz\u00f6veg, monogram, plusz fot\u00f3 stb.\nEzt rendel\u00e9s ut\u00e1n e-mailben tudjuk majd egyeztetni, az elk\u00e9sz\u00edt\u00e9s el\u0151tt pedig l\u00e1tv\u00e1nytervet k\u00fcld\u00f6k a bor\u00edt\u00f3kr\u00f3l!\n\nA k\u00f6nyv 18 x 24 cm m\u00e9ret\u0171, kem\u00e9nyfedeles, matt bor\u00edt\u00f3val k\u00e9sz\u00fcl, k\u00e9t db feh\u00e9r spir\u00e1llal \u00f6sszef\u0171zve, amit\u0151l igaz\u00e1n egyedi megjelen\u00e9st kap.\n\nK\u00e9t f\u00e9le bels\u0151 lapokkal k\u00e9sz\u00fclhet, funkci\u00f3j\u00e1t\u00f3l f\u00fcgg\u0151en:\n\n- Eml\u00e9kk\u00f6nyv: 40 db (80 oldal) 120 g-os h\u00f3feh\u00e9r, selymes tapint\u00e1s\u00fa pap\u00edrlappal, \u00edgy j\u00f3k\u00edv\u00e1ns\u00e1gok, \u00fcdv\u00f6zletek, id\u00e9zetek ker\u00fclhetnek bele. Ak\u00e1r tollal, filccel is \u00edrhat\u00f3, nem fog \u00e1t\u00fctni rajta az \u00edr\u00e1s.\n\n- Fot\u00f3album: 30 db (60 oldal) 230 g-os vastagabb feh\u00e9r kartonlappal, \u00edgy m\u00e1r f\u00e9nyk\u00e9peket is lehet beleragasztani k\u00e9toldal\u00fa ragaszt\u00f3val, fot\u00f3sarokkal, foly\u00e9kony ragaszt\u00f3val, vagy egyszer\u0171 ragaszt\u00f3szalaggal is.\nEgy oldalra ak\u00e1r 4 db Instax f\u00e9nyk\u00e9p (8,6 x 5,4 cm), 2 db \u00e1ll\u00f3 k\u00e9p vagy 1 db fekv\u0151 k\u00e9p f\u00e9r el (9x13 cm vagy 10 x 15 cm).\nMellette marad m\u00e9g hely feliratokat is elhelyezni!\nMaximum 40 db lappal tudom k\u00e9sz\u00edteni az albumot.\n\nHa m\u00f3dos\u00edtan\u00e1l a bet\u0171t\u00edpuson vagy a grafik\u00e1n, nyugodtan \u00edrd meg elk\u00e9pzel\u00e9sed egy \u00fczenetben vagy v\u00e1s\u00e1rl\u00e1s ut\u00e1n e-mailben!","price":"8490.00","unit":"db","recommended":"0","status":"1","sponsored":"0","exp_notify":"0","own_material":"0","own_material_description_old":null,"own_material_description":"","jury":"0","jury_number":"","product_nature":"","meskaracsony":"0","create_date":"2026-04-08 22:59:02","shelve_id":"71915","image":"pillangopapir_product_491560_250121145035_334632.jpeg","image_width":"480","image_height":"631","image_alt":"Lufis pasztell mint\u00e1s fot\u00f3album, eml\u00e9kk\u00f6nyv, Legyen igaz\u00e1n egyedi bor\u00edt\u00f3s eml\u00e9kk\u00f6nyved! \\n\\nHa \u00f3v\u00f3d\u00e1b\u00f3l vagy iskol\u00e1b\u00f3l ballag\u00e1sra keresel b\u00facs\u00faaj\u00e1n..., Meska","image_title":"Lufis pasztell mint\u00e1s fot\u00f3album, eml\u00e9kk\u00f6nyv, Meska","view_count":"448","favourite_count":"0","trending_score":"0","last2MonthFavouriteCount":"0","promotion":"0","giftcard_accept":"0","creditcard_accept":true,"enhanced_background":"0","domain":"meska","specific_customer_id":null,"specific_customer_name":null,"to_order_product":"1","to_order_product_time":"2","product_different":null,"product_different_description":"","vintage":"0","vintage_category_id":"0","recycled":"0","gemstone_id":"0","customizable":"0","type_category":"physical","zerowaste":"0","postage_price":"1300.00","shop_order":"17","has_category":"1","landing_pages":null,"microdata":{"number":40,"category":""},"title":"Lufis pasztell mint\u00e1s fot\u00f3album, eml\u00e9kk\u00f6nyv","description":"Legyen igaz\u00e1n egyedi bor\u00edt\u00f3s eml\u00e9kk\u00f6nyved! \n\nHa \u00f3v\u00f3d\u00e1b\u00f3l vagy iskol\u00e1b\u00f3l ballag\u00e1sra keresel b\u00facs\u00faaj\u00e1nd\u00e9kot, esetleg sz\u00fclinapra, n\u00e9vnapra aj\u00e1nd\u00e9kozn\u00e1l valamit vagy egy csod\u00e1s nyaral\u00e1son vett\u00e9l r\u00e9szt, ebbe az albumba tetsz\u00e9s szerint \u00edrhatsz fel eml\u00e9keket, id\u00e9zeteket, kedves \u00fczeneteket az aj\u00e1nd\u00e9kozott sz\u00e1m\u00e1ra vagy bele tudod beragasztani a f\u00e9nyk\u00e9peidet, mell\u00e9 pedig \u00edrhatsz is, \u00edgy szuper fot\u00f3album is k\u00e9sz\u00fclhet bel\u0151le.\n\nA bor\u00edt\u00f3n az \u00f6sszes sz\u00f6veg tetsz\u00e9s szerint k\u00e9sz\u00fcl.\nA h\u00e1tulj\u00e1ra is ker\u00fclhet id\u00e9zet, sz\u00f6veg, monogram, plusz fot\u00f3 stb.\nEzt rendel\u00e9s ut\u00e1n e-mailben tudjuk majd egyeztetni, az elk\u00e9sz\u00edt\u00e9s el\u0151tt pedig l\u00e1tv\u00e1nytervet k\u00fcld\u00f6k a bor\u00edt\u00f3kr\u00f3l!\n\nA k\u00f6nyv 18 x 24 cm m\u00e9ret\u0171, kem\u00e9nyfedeles, matt bor\u00edt\u00f3val k\u00e9sz\u00fcl, k\u00e9t db feh\u00e9r spir\u00e1llal \u00f6sszef\u0171zve, amit\u0151l igaz\u00e1n egyedi megjelen\u00e9st kap.\n\nK\u00e9t f\u00e9le bels\u0151 lapokkal k\u00e9sz\u00fclhet, funkci\u00f3j\u00e1t\u00f3l f\u00fcgg\u0151en:\n\n- Eml\u00e9kk\u00f6nyv: 40 db (80 oldal) 120 g-os h\u00f3feh\u00e9r, selymes tapint\u00e1s\u00fa pap\u00edrlappal, \u00edgy j\u00f3k\u00edv\u00e1ns\u00e1gok, \u00fcdv\u00f6zletek, id\u00e9zetek ker\u00fclhetnek bele. Ak\u00e1r tollal, filccel is \u00edrhat\u00f3, nem fog \u00e1t\u00fctni rajta az \u00edr\u00e1s.\n\n- Fot\u00f3album: 30 db (60 oldal) 230 g-os vastagabb feh\u00e9r kartonlappal, \u00edgy m\u00e1r f\u00e9nyk\u00e9peket is lehet beleragasztani k\u00e9toldal\u00fa ragaszt\u00f3val, fot\u00f3sarokkal, foly\u00e9kony ragaszt\u00f3val, vagy egyszer\u0171 ragaszt\u00f3szalaggal is.\nEgy oldalra ak\u00e1r 4 db Instax f\u00e9nyk\u00e9p (8,6 x 5,4 cm), 2 db \u00e1ll\u00f3 k\u00e9p vagy 1 db fekv\u0151 k\u00e9p f\u00e9r el (9x13 cm vagy 10 x 15 cm).\nMellette marad m\u00e9g hely feliratokat is elhelyezni!\nMaximum 40 db lappal tudom k\u00e9sz\u00edteni az albumot.\n\nHa m\u00f3dos\u00edtan\u00e1l a bet\u0171t\u00edpuson vagy a grafik\u00e1n, nyugodtan \u00edrd meg elk\u00e9pzel\u00e9sed egy \u00fczenetben vagy v\u00e1s\u00e1rl\u00e1s ut\u00e1n e-mailben!","score":0,"formatted_price":"8 490 Ft","image_url":"https:\/\/www.meska.hu\/img\/product\/small\/p\/i\/pillangopapir_product_491560_250121145035_334632.jpeg","formatted_url":"https:\/\/www.meska.hu\/p5483967-lufis-pasztell-mintas-fotoalbum-emlekkonyv","favourite":false,"in_stock":false,"avatar":"PillangoPapir_avatar_491560_1677664091.jpg","delete_from":0,"is_enhanced_background":false,"is_enhanced":false,"product_selection_started":false,"is_active":true,"image_webp_url":"https:\/\/www.meska.hu\/img\/product\/small\/p\/i\/pillangopapir_product_491560_250121145035_334632.webp"},{"id":"6032701","shop_id":"29108","user_id":"361393","shop_name":"Erika842","shop_zip":"4231","product_code":"5687708","product_name_old":null,"product_name":"12 darab egyedi, h\u0171t\u0151re val\u00f3 m\u00e1gneses fot\u00f3 \u2013 Eml\u00e9kek, amelyek \u00f6r\u00f6kk\u00e9 tartanak!","category_string":"Otthon & \u00c9letm\u00f3d, Pap\u00edr, \u00edr\u00f3szer, Album & Fot\u00f3album","technic_string":"Fot\u00f3, grafika, rajz, illusztr\u00e1ci\u00f3","category_1":"813","category_2":"351","category_3":"353","category_4":"0","merged_category_1":null,"merged_category_2":null,"merged_category_3":null,"technic_1":"483","technic_2":"0","technic_3":"0","color_1":"519","color_2":"0","color_3":"0","product_description_old":null,"product_description":"Dobd fel konyh\u00e1dat \u00e9s id\u00e9zd fel kedvenc pillanataidat mindennap ezzel az egyedileg k\u00e9sz\u00edtett, 12 darabos fot\u00f3m\u00e1gnes szettel! A szett t\u00f6k\u00e9letes m\u00f3dja annak, hogy a legszebb eml\u00e9keid \u2013 a csal\u00e1di nyaral\u00e1sokt\u00f3l a legviccesebb pillanatokig \u2013 mindig szem el\u0151tt legyenek.\n\n Mi\u00e9rt v\u00e1laszd ezt a pr\u00e9mium m\u00e1gneses fot\u00f3 szettet?\n\u2022 Id\u0151j\u00e1r\u00e1s- \u00e9s fakul\u00e1s\u00e1ll\u00f3 v\u00e9delem: A m\u00e1gnesek fel\u00fclete egy speci\u00e1lis v\u00e9d\u0151r\u00e9teggel van ell\u00e1tva, amely garant\u00e1lja, hogy a napf\u00e9ny, a nedvess\u00e9g \u00e9s a fizikai behat\u00e1sok sem okoznak k\u00e1rt benn\u00fck. A sz\u00ednek \u00e9vek m\u00falva is \u00e9l\u00e9nkek maradnak, mintha csak most nyomtattad volna \u0151ket!\n\u2022 12 H\u00f3nap, 12 Eml\u00e9k: Minden m\u00e1gnesen egy kedvenc fot\u00f3d szerepel, \u00edgy egy \u00e9vnyi \u00e9lm\u00e9nyt var\u00e1zsolhatsz a h\u0171t\u0151dre. K\u00e9sz\u00edts bel\u0151le egyedi havi napt\u00e1rat, vagy csak v\u00e1logasd \u00f6ssze a legjobb k\u00e9peket!\n\u2022 Kiv\u00e1l\u00f3 min\u0151s\u00e9g\u0171 nyomtat\u00e1s: A fot\u00f3id f\u00e9nyes fot\u00f3pap\u00edrra ker\u00fclnek nyomtat\u00e1sra, \u00e9l\u00e9nk sz\u00ednekkel, \u00e9les r\u00e9szletekkel \u00e9s professzion\u00e1lis min\u0151s\u00e9gben.\n\u2022 T\u00f6k\u00e9letes aj\u00e1nd\u00e9k: Legyen sz\u00f3 sz\u00fclet\u00e9snapr\u00f3l, n\u00e9vnapr\u00f3l, kar\u00e1csonyr\u00f3l vagy \u00e9vfordul\u00f3r\u00f3l, ez az egyedi aj\u00e1nd\u00e9k garant\u00e1ltan \u00f6r\u00f6met szerez a szeretteidnek!\n\n Term\u00e9kjellemz\u0151k:\n\u2022 Darabsz\u00e1m: 12 db m\u00e1gneses fot\u00f3\n\u2022 M\u00e9ret: 3 x 5 inch (kb. 8,9 x 12,7 cm) \u2013 Ide\u00e1lis m\u00e9ret a j\u00f3l l\u00e1that\u00f3, de helytakar\u00e9kos elhelyez\u00e9shez.\n\u2022 Alapanyag: Kiv\u00e1l\u00f3 min\u0151s\u00e9g\u0171 f\u00e9nyes fot\u00f3pap\u00edr, teljes fel\u00fcleten er\u0151s m\u00e1gneses h\u00e1tlappal.\n\u2022 Extra v\u00e9delem: K\u00fcls\u0151, \u00e1tl\u00e1tsz\u00f3 v\u00e9d\u0151r\u00e9teggel ell\u00e1tva a tart\u00f3s sz\u00ednmeg\u0151rz\u00e9s \u00e9s karcmentess\u00e9g \u00e9rdek\u00e9ben.\n\n Hogyan rendeld meg?\n1. V\u00e1laszd ki azt a 12 kedvenc fot\u00f3dat, amelyet szeretn\u00e9l l\u00e1tni a h\u0171t\u0151d\u00f6n.\n2. K\u00fcldd el nek\u00fcnk a k\u00e9peket \/ ericakreativkucko@gmail.com e-mail c\u00edmre! \n3. Mi elk\u00e9sz\u00edtj\u00fck a professzion\u00e1lis min\u0151s\u00e9g\u0171 m\u00e1gneseket, \u00e9s r\u00f6vid id\u0151n bel\u00fcl k\u00e9zbes\u00edtj\u00fck neked!\nNe hagyd a telefonodban a legszebb eml\u00e9keidet! Rendeld meg a 12 darabos, fakul\u00e1s\u00e1ll\u00f3 m\u00e1gnes szettedet m\u00e9g ma, \u00e9s \u00e9lvezd a ragyog\u00f3 eml\u00e9keket \u00e9veken \u00e1t!","price":"4500.00","unit":"db","recommended":"0","status":"1","sponsored":"0","exp_notify":"0","own_material":"0","own_material_description_old":null,"own_material_description":"","jury":"0","jury_number":"","product_nature":"","meskaracsony":"0","create_date":"2026-04-05 15:24:08","shelve_id":"79938","image":"erika842_product_361393_251205143608_692226.jpeg","image_width":"480","image_height":"496","image_alt":"12 darab egyedi, h\u0171t\u0151re val\u00f3 m\u00e1gneses fot\u00f3 \u2013 Eml\u00e9kek, amelyek \u00f6r\u00f6kk\u00e9 tartanak!, Dobd fel konyh\u00e1dat \u00e9s id\u00e9zd fel kedvenc pillanataidat mindennap ezzel az egyedileg k\u00e9sz\u00edtett, 12 dar..., Meska","image_title":"12 darab egyedi, h\u0171t\u0151re val\u00f3 m\u00e1gneses fot\u00f3 \u2013 Eml\u00e9kek, amelyek \u00f6r\u00f6kk\u00e9 tartanak!, Meska","view_count":"207","favourite_count":"0","trending_score":"0","last2MonthFavouriteCount":"0","promotion":0,"giftcard_accept":"0","creditcard_accept":true,"enhanced_background":"0","domain":"meska","specific_customer_id":null,"specific_customer_name":null,"to_order_product":"1","to_order_product_time":"1","product_different":null,"product_different_description":"","vintage":"0","vintage_category_id":"0","recycled":"0","gemstone_id":"0","customizable":"0","type_category":"physical","zerowaste":"0","postage_price":"1290.00","shop_order":"0","has_category":"1","landing_pages":null,"microdata":{"number":41,"category":""},"title":"12 darab egyedi, h\u0171t\u0151re val\u00f3 m\u00e1gneses fot\u00f3 \u2013 Eml\u00e9kek, amelyek \u00f6r\u00f6kk\u00e9 tartanak!","description":"Dobd fel konyh\u00e1dat \u00e9s id\u00e9zd fel kedvenc pillanataidat mindennap ezzel az egyedileg k\u00e9sz\u00edtett, 12 darabos fot\u00f3m\u00e1gnes szettel! A szett t\u00f6k\u00e9letes m\u00f3dja annak, hogy a legszebb eml\u00e9keid \u2013 a csal\u00e1di nyaral\u00e1sokt\u00f3l a legviccesebb pillanatokig \u2013 mindig szem el\u0151tt legyenek.\n\n Mi\u00e9rt v\u00e1laszd ezt a pr\u00e9mium m\u00e1gneses fot\u00f3 szettet?\n\u2022 Id\u0151j\u00e1r\u00e1s- \u00e9s fakul\u00e1s\u00e1ll\u00f3 v\u00e9delem: A m\u00e1gnesek fel\u00fclete egy speci\u00e1lis v\u00e9d\u0151r\u00e9teggel van ell\u00e1tva, amely garant\u00e1lja, hogy a napf\u00e9ny, a nedvess\u00e9g \u00e9s a fizikai behat\u00e1sok sem okoznak k\u00e1rt benn\u00fck. A sz\u00ednek \u00e9vek m\u00falva is \u00e9l\u00e9nkek maradnak, mintha csak most nyomtattad volna \u0151ket!\n\u2022 12 H\u00f3nap, 12 Eml\u00e9k: Minden m\u00e1gnesen egy kedvenc fot\u00f3d szerepel, \u00edgy egy \u00e9vnyi \u00e9lm\u00e9nyt var\u00e1zsolhatsz a h\u0171t\u0151dre. K\u00e9sz\u00edts bel\u0151le egyedi havi napt\u00e1rat, vagy csak v\u00e1logasd \u00f6ssze a legjobb k\u00e9peket!\n\u2022 Kiv\u00e1l\u00f3 min\u0151s\u00e9g\u0171 nyomtat\u00e1s: A fot\u00f3id f\u00e9nyes fot\u00f3pap\u00edrra ker\u00fclnek nyomtat\u00e1sra, \u00e9l\u00e9nk sz\u00ednekkel, \u00e9les r\u00e9szletekkel \u00e9s professzion\u00e1lis min\u0151s\u00e9gben.\n\u2022 T\u00f6k\u00e9letes aj\u00e1nd\u00e9k: Legyen sz\u00f3 sz\u00fclet\u00e9snapr\u00f3l, n\u00e9vnapr\u00f3l, kar\u00e1csonyr\u00f3l vagy \u00e9vfordul\u00f3r\u00f3l, ez az egyedi aj\u00e1nd\u00e9k garant\u00e1ltan \u00f6r\u00f6met szerez a szeretteidnek!\n\n Term\u00e9kjellemz\u0151k:\n\u2022 Darabsz\u00e1m: 12 db m\u00e1gneses fot\u00f3\n\u2022 M\u00e9ret: 3 x 5 inch (kb. 8,9 x 12,7 cm) \u2013 Ide\u00e1lis m\u00e9ret a j\u00f3l l\u00e1that\u00f3, de helytakar\u00e9kos elhelyez\u00e9shez.\n\u2022 Alapanyag: Kiv\u00e1l\u00f3 min\u0151s\u00e9g\u0171 f\u00e9nyes fot\u00f3pap\u00edr, teljes fel\u00fcleten er\u0151s m\u00e1gneses h\u00e1tlappal.\n\u2022 Extra v\u00e9delem: K\u00fcls\u0151, \u00e1tl\u00e1tsz\u00f3 v\u00e9d\u0151r\u00e9teggel ell\u00e1tva a tart\u00f3s sz\u00ednmeg\u0151rz\u00e9s \u00e9s karcmentess\u00e9g \u00e9rdek\u00e9ben.\n\n Hogyan rendeld meg?\n1. V\u00e1laszd ki azt a 12 kedvenc fot\u00f3dat, amelyet szeretn\u00e9l l\u00e1tni a h\u0171t\u0151d\u00f6n.\n2. K\u00fcldd el nek\u00fcnk a k\u00e9peket \/ ericakreativkucko@gmail.com e-mail c\u00edmre! \n3. Mi elk\u00e9sz\u00edtj\u00fck a professzion\u00e1lis min\u0151s\u00e9g\u0171 m\u00e1gneseket, \u00e9s r\u00f6vid id\u0151n bel\u00fcl k\u00e9zbes\u00edtj\u00fck neked!\nNe hagyd a telefonodban a legszebb eml\u00e9keidet! Rendeld meg a 12 darabos, fakul\u00e1s\u00e1ll\u00f3 m\u00e1gnes szettedet m\u00e9g ma, \u00e9s \u00e9lvezd a ragyog\u00f3 eml\u00e9keket \u00e9veken \u00e1t!","score":0,"formatted_price":"4 500 Ft","image_url":"https:\/\/www.meska.hu\/img\/product\/small\/e\/r\/erika842_product_361393_251205143608_692226.jpeg","formatted_url":"https:\/\/www.meska.hu\/p5687708-12-darab-egyedi-hutore-valo-magneses-foto-emlekek-amelyek-orokke-tartanak","favourite":false,"in_stock":false,"avatar":"361393_avatar_1770707176.png","delete_from":0,"is_enhanced_background":false,"is_enhanced":false,"product_selection_started":false,"is_active":true,"image_webp_url":"https:\/\/www.meska.hu\/img\/product\/small\/e\/r\/erika842_product_361393_251205143608_692226.webp"},{"id":"5759885","shop_id":"46170","user_id":"355200","shop_name":"DekorPatika","shop_zip":"6000","product_code":"5538401","product_name_old":null,"product_name":"Boldog Any\u00e1k napj\u00e1t 3D falik\u00e9p","category_string":"Otthon & \u00c9letm\u00f3d, Pap\u00edr, \u00edr\u00f3szer, Album & Fot\u00f3album","technic_string":"Fot\u00f3, grafika, rajz, illusztr\u00e1ci\u00f3","category_1":"813","category_2":"351","category_3":"353","category_4":"0","merged_category_1":null,"merged_category_2":null,"merged_category_3":null,"technic_1":"483","technic_2":"0","technic_3":"0","color_1":"519","color_2":"791","color_3":"525","product_description_old":null,"product_description":"Nincs \u00f6tleted milyen aj\u00e1nd\u00e9kkal k\u00e9sz\u00fclj Any\u00e1k Napj\u00e1ra?\n\nElk\u00e9sz\u00edtem sz\u00e1modra a t\u00f6k\u00e9letes aj\u00e1nd\u00e9kot! Ez az egyedi falik\u00e9p remek d\u00edsze lehet lak\u00e1snak \u00e9s \u00f6r\u00f6k eml\u00e9k az eg\u00e9sz csal\u00e1dnak!\n\nA k\u00e9pkeret falra akaszthat\u00f3 vagy polcra is helyezhet\u0151!\n\nM\u00e9rete: 25x25 cm  \n\nK\u00e9rlek, vedd figyelembe, hogy a megjelen\u00edtett sz\u00ednek kis m\u00e9rt\u00e9kben elt\u00e9rhetnek a k\u00fcl\u00f6nb\u00f6z\u0151 kijelz\u0151k\u00f6n. \n\nAmennyiben s\u00fcrg\u0151s megrendel\u00e9sre van sz\u00fcks\u00e9ged k\u00e9rlek v\u00e1laszd a \u201cS\u00fcrg\u0151s megrendel\u00e9s\u201d opci\u00f3t \u00e9s 1 munkanapon bel\u00fcl elk\u00e9sz\u00edtem a term\u00e9ket!\nHa foxpost automat\u00e1t v\u00e1lasztott\u00e1l, k\u00e9rlek \u00edrd meg melyikbe k\u00fcldhetem.\n\nA term\u00e9k k\u00e9sz\u00edt\u00e9s\u00e9t \u00e9s post\u00e1z\u00e1s\u00e1t csak a fizet\u00e9s be\u00e9rkez\u00e9se ut\u00e1n tudom elkezdeni! K\u00f6sz\u00f6n\u00f6m a meg\u00e9rt\u00e9sed!","price":"10990.00","unit":"db","recommended":"0","status":"1","sponsored":"0","exp_notify":"0","own_material":"0","own_material_description_old":null,"own_material_description":"","jury":"0","jury_number":"","product_nature":"","meskaracsony":"0","create_date":"2026-04-04 17:30:00","shelve_id":"0","image":"dekorpatika_product_355200_250409150855_117329.jpeg","image_width":"480","image_height":"480","image_alt":"Boldog Any\u00e1k napj\u00e1t 3D falik\u00e9p, Nincs \u00f6tleted milyen aj\u00e1nd\u00e9kkal k\u00e9sz\u00fclj Any\u00e1k Napj\u00e1ra?\\n\\nElk\u00e9sz\u00edtem sz\u00e1modra a t\u00f6k\u00e9letes aj\u00e1nd\u00e9kot! E..., Meska","image_title":"Boldog Any\u00e1k napj\u00e1t 3D falik\u00e9p, Meska","view_count":"383","favourite_count":"0","trending_score":"0","last2MonthFavouriteCount":"0","promotion":"0","giftcard_accept":"0","creditcard_accept":true,"enhanced_background":"0","domain":"meska","specific_customer_id":null,"specific_customer_name":null,"to_order_product":"1","to_order_product_time":"4","product_different":null,"product_different_description":"","vintage":"0","vintage_category_id":"0","recycled":"0","gemstone_id":"0","customizable":"1","type_category":"physical","zerowaste":"0","postage_price":"1290.00","shop_order":"0","has_category":"1","landing_pages":null,"microdata":{"number":42,"category":""},"title":"Boldog Any\u00e1k napj\u00e1t 3D falik\u00e9p","description":"Nincs \u00f6tleted milyen aj\u00e1nd\u00e9kkal k\u00e9sz\u00fclj Any\u00e1k Napj\u00e1ra?\n\nElk\u00e9sz\u00edtem sz\u00e1modra a t\u00f6k\u00e9letes aj\u00e1nd\u00e9kot! Ez az egyedi falik\u00e9p remek d\u00edsze lehet lak\u00e1snak \u00e9s \u00f6r\u00f6k eml\u00e9k az eg\u00e9sz csal\u00e1dnak!\n\nA k\u00e9pkeret falra akaszthat\u00f3 vagy polcra is helyezhet\u0151!\n\nM\u00e9rete: 25x25 cm  \n\nK\u00e9rlek, vedd figyelembe, hogy a megjelen\u00edtett sz\u00ednek kis m\u00e9rt\u00e9kben elt\u00e9rhetnek a k\u00fcl\u00f6nb\u00f6z\u0151 kijelz\u0151k\u00f6n. \n\nAmennyiben s\u00fcrg\u0151s megrendel\u00e9sre van sz\u00fcks\u00e9ged k\u00e9rlek v\u00e1laszd a \u201cS\u00fcrg\u0151s megrendel\u00e9s\u201d opci\u00f3t \u00e9s 1 munkanapon bel\u00fcl elk\u00e9sz\u00edtem a term\u00e9ket!\nHa foxpost automat\u00e1t v\u00e1lasztott\u00e1l, k\u00e9rlek \u00edrd meg melyikbe k\u00fcldhetem.\n\nA term\u00e9k k\u00e9sz\u00edt\u00e9s\u00e9t \u00e9s post\u00e1z\u00e1s\u00e1t csak a fizet\u00e9s be\u00e9rkez\u00e9se ut\u00e1n tudom elkezdeni! K\u00f6sz\u00f6n\u00f6m a meg\u00e9rt\u00e9sed!","score":0,"formatted_price":"10 990 Ft","image_url":"https:\/\/www.meska.hu\/img\/product\/small\/d\/e\/dekorpatika_product_355200_250409150855_117329.jpeg","formatted_url":"https:\/\/www.meska.hu\/p5538401-boldog-anyak-napjat-3d-falikep","favourite":false,"in_stock":false,"avatar":"355200_avatar_1726093454.jpeg","delete_from":0,"is_enhanced_background":false,"is_enhanced":false,"product_selection_started":false,"is_active":true,"image_webp_url":"https:\/\/www.meska.hu\/img\/product\/small\/d\/e\/dekorpatika_product_355200_250409150855_117329.webp"},{"id":"4886976","shop_id":"24144","user_id":"274209","shop_name":"OtletLada","shop_zip":"7522","product_code":"5008548","product_name_old":null,"product_name":"P\u00e1lmaleveles tr\u00f3pusi mint\u00e1s ny\u00e1ri vend\u00e9gk\u00f6nyv - Arany hat\u00e1s\u00fa \/ eml\u00e9kk\u00f6nyv - egyedi album - esk\u00fcv\u0151i eml\u00e9k - f\u00fczet \/ napl\u00f3","category_string":"Otthon & \u00c9letm\u00f3d, Pap\u00edr, \u00edr\u00f3szer, Album & Fot\u00f3album","technic_string":"Fot\u00f3, grafika, rajz, illusztr\u00e1ci\u00f3, K\u00f6nyvk\u00f6t\u00e9s","category_1":"813","category_2":"351","category_3":"353","category_4":"0","merged_category_1":"0","merged_category_2":"0","merged_category_3":"0","technic_1":"483","technic_2":"671","technic_3":"0","color_1":"512","color_2":"519","color_3":"529","product_description_old":null,"product_description":"V\u00e1laszthat\u00f3 m\u00e9retben \u00e9s b\u00e1rmilyen sz\u00f6veggel! Ha tr\u00f3pusi hangulat\u00fa esk\u00fcv\u0151d lesz \u00e9s a v\u00e1lasztott sz\u00edneid a z\u00f6ld-arany kombin\u00e1ci\u00f3ja, akkor nem k\u00e9rd\u00e9s, hogy ez a vend\u00e9gk\u00f6nyv Neked - Nektek k\u00e9sz\u00fclt! Esk\u00fcv\u0151i vend\u00e9gk\u00f6nyv - ig\u00e9nyes \u00e9s modern design album.\n========================================\nRendel\u00e9skor \u00cdRD MEG NEKEM a k\u00f6vetkez\u0151ket: \n========================================\n\u2705 Milyen sz\u00f6veg ker\u00fclj\u00f6n a bor\u00edt\u00f3ra?\n\u2705 Melyik bet\u0171t\u00edpust v\u00e1lasztod? - (3. k\u00e9pen tal\u00e1lod)\n\u2705 Melyik szimb\u00f3lumot v\u00e1lasztod? - (4. k\u00e9pen tal\u00e1lod)\n(kos\u00e1r oldalra l\u00e9pve megjegyz\u00e9sben \u00edrhatod meg)\n\n==============\nPARAM\u00c9TEREK:\n==============\n\u25b6\ufe0f Bel\u00edvek vastags\u00e1ga \u00e9s mennyis\u00e9ge v\u00e1laszthat\u00f3: 120g vagy 160g-os \u00fcres OFFSET feh\u00e9r lapok* - 40 db \/ 60 db \/ 80 db\n\u25b6\ufe0f Fekete vagy feh\u00e9r f\u00e9m spir\u00e1llal\n\u25b6\ufe0f M\u00e9rete v\u00e1laszthat\u00f3: 210x190mm vagy 210x300mm\n\n\u26a0\ufe0f BOR\u00cdT\u00d3JA l\u00e9zer nyomat - alapanyaga V\u00c1LASZTHAT\u00d3:\n\u2705 ALAP\u00c1RON: KEM\u00c9NY, de v\u00e9kony (kb 0,5mm) m\u0171anyag bor\u00edt\u00f3\n\u2705+1500 Ft-\u00e9rt v\u00e1laszthat\u00f3 2mm extra vastag, KEM\u00c9NY kartont\u00e1bl\u00e1ra k\u00e9sz\u00fclt bor\u00edt\u00f3val is.\n\nK\u00e9toldal\u00fa ragaszt\u00f3val k\u00e9peket is ragaszthattok bele, vagy ceruz\u00e1val, tollal is \u00edrhattok bele. \n\nN\u00e9zd meg a t\u00f6bbi term\u00e9kemet is:\nhttps:\/\/www.meska.hu\/shop\/OtletLada\n\n>>> Sz\u00e1ll\u00edt\u00e1si \u00e9s \u00c1TV\u00c9TELI inform\u00e1ci\u00f3kat a \"Sz\u00e1ll\u00edt\u00e1si Info\" f\u00fclre kattintva tal\u00e1lod\n\n>>> Fizet\u00e9si m\u00f3d - KIZ\u00c1R\u00d3LAG EL\u0150RE FIZET\u00c9SSEL: Bankk\u00e1rty\u00e1val \/ Barionnal \/\u00c1tutal\u00e1ssal vagy Banki befizet\u00e9ssel\n\n\u26a0\ufe0fFONTOS\u26a0\ufe0f Rendel\u00e9shez tedd kos\u00e1rba a term\u00e9ket \u00e9s a \"Kos\u00e1r\" oldalon az \"\u00dczenet az elad\u00f3nak\" r\u00e9szbe \u00edrd be, hogy milyen sz\u00f6veget \/ nevet k\u00e9rsz a bor\u00edt\u00f3ra.","price":"8900.00","unit":"db","recommended":"0","status":"1","sponsored":"0","exp_notify":"0","own_material":"0","own_material_description_old":null,"own_material_description":"","jury":"0","jury_number":"","product_nature":"","meskaracsony":"0","create_date":"2026-04-03 13:25:38","shelve_id":"73268","image":"otletlada_product_274209_230701221112_919664.jpeg","image_width":"480","image_height":"480","image_alt":"P\u00e1lmaleveles tr\u00f3pusi mint\u00e1s ny\u00e1ri vend\u00e9gk\u00f6nyv - Arany hat\u00e1s\u00fa \/ eml\u00e9kk\u00f6nyv - egyedi album - esk\u00fcv\u0151i eml\u00e9k - f\u00fczet \/ napl\u00f3, V\u00e1laszthat\u00f3 m\u00e9retben \u00e9s b\u00e1rmilyen sz\u00f6veggel! Ha tr\u00f3pusi hangulat\u00fa esk\u00fcv\u0151d lesz \u00e9s a v\u00e1lasztott sz\u00edne..., Meska","image_title":"P\u00e1lmaleveles tr\u00f3pusi mint\u00e1s ny\u00e1ri vend\u00e9gk\u00f6nyv - Arany hat\u00e1s\u00fa \/ eml\u00e9kk\u00f6nyv - egyedi album - esk\u00fcv\u0151i eml\u00e9k - f\u00fczet \/ napl\u00f3, Meska","view_count":"949","favourite_count":"0","trending_score":"0","last2MonthFavouriteCount":"0","promotion":"0","giftcard_accept":"0","creditcard_accept":false,"enhanced_background":"0","domain":"meska","specific_customer_id":null,"specific_customer_name":null,"to_order_product":"1","to_order_product_time":"5","product_different":"quite_different","product_different_description":"A sz\u00ednek a monitor sz\u00edneit\u0151l nyomtat\u00e1sban elt\u00e9rhetnek.","vintage":"0","vintage_category_id":"0","recycled":"0","gemstone_id":"0","customizable":"1","type_category":"physical","zerowaste":"0","postage_price":"1290.00","shop_order":"120","has_category":"1","landing_pages":null,"microdata":{"number":43,"category":""},"title":"P\u00e1lmaleveles tr\u00f3pusi mint\u00e1s ny\u00e1ri vend\u00e9gk\u00f6nyv - Arany hat\u00e1s\u00fa \/ eml\u00e9kk\u00f6nyv - egyedi album - esk\u00fcv\u0151i eml\u00e9k - f\u00fczet \/ napl\u00f3","description":"V\u00e1laszthat\u00f3 m\u00e9retben \u00e9s b\u00e1rmilyen sz\u00f6veggel! Ha tr\u00f3pusi hangulat\u00fa esk\u00fcv\u0151d lesz \u00e9s a v\u00e1lasztott sz\u00edneid a z\u00f6ld-arany kombin\u00e1ci\u00f3ja, akkor nem k\u00e9rd\u00e9s, hogy ez a vend\u00e9gk\u00f6nyv Neked - Nektek k\u00e9sz\u00fclt! Esk\u00fcv\u0151i vend\u00e9gk\u00f6nyv - ig\u00e9nyes \u00e9s modern design album.\n========================================\nRendel\u00e9skor \u00cdRD MEG NEKEM a k\u00f6vetkez\u0151ket: \n========================================\n\u2705 Milyen sz\u00f6veg ker\u00fclj\u00f6n a bor\u00edt\u00f3ra?\n\u2705 Melyik bet\u0171t\u00edpust v\u00e1lasztod? - (3. k\u00e9pen tal\u00e1lod)\n\u2705 Melyik szimb\u00f3lumot v\u00e1lasztod? - (4. k\u00e9pen tal\u00e1lod)\n(kos\u00e1r oldalra l\u00e9pve megjegyz\u00e9sben \u00edrhatod meg)\n\n==============\nPARAM\u00c9TEREK:\n==============\n\u25b6\ufe0f Bel\u00edvek vastags\u00e1ga \u00e9s mennyis\u00e9ge v\u00e1laszthat\u00f3: 120g vagy 160g-os \u00fcres OFFSET feh\u00e9r lapok* - 40 db \/ 60 db \/ 80 db\n\u25b6\ufe0f Fekete vagy feh\u00e9r f\u00e9m spir\u00e1llal\n\u25b6\ufe0f M\u00e9rete v\u00e1laszthat\u00f3: 210x190mm vagy 210x300mm\n\n\u26a0\ufe0f BOR\u00cdT\u00d3JA l\u00e9zer nyomat - alapanyaga V\u00c1LASZTHAT\u00d3:\n\u2705 ALAP\u00c1RON: KEM\u00c9NY, de v\u00e9kony (kb 0,5mm) m\u0171anyag bor\u00edt\u00f3\n\u2705+1500 Ft-\u00e9rt v\u00e1laszthat\u00f3 2mm extra vastag, KEM\u00c9NY kartont\u00e1bl\u00e1ra k\u00e9sz\u00fclt bor\u00edt\u00f3val is.\n\nK\u00e9toldal\u00fa ragaszt\u00f3val k\u00e9peket is ragaszthattok bele, vagy ceruz\u00e1val, tollal is \u00edrhattok bele. \n\nN\u00e9zd meg a t\u00f6bbi term\u00e9kemet is:\nhttps:\/\/www.meska.hu\/shop\/OtletLada\n\n>>> Sz\u00e1ll\u00edt\u00e1si \u00e9s \u00c1TV\u00c9TELI inform\u00e1ci\u00f3kat a \"Sz\u00e1ll\u00edt\u00e1si Info\" f\u00fclre kattintva tal\u00e1lod\n\n>>> Fizet\u00e9si m\u00f3d - KIZ\u00c1R\u00d3LAG EL\u0150RE FIZET\u00c9SSEL: Bankk\u00e1rty\u00e1val \/ Barionnal \/\u00c1tutal\u00e1ssal vagy Banki befizet\u00e9ssel\n\n\u26a0\ufe0fFONTOS\u26a0\ufe0f Rendel\u00e9shez tedd kos\u00e1rba a term\u00e9ket \u00e9s a \"Kos\u00e1r\" oldalon az \"\u00dczenet az elad\u00f3nak\" r\u00e9szbe \u00edrd be, hogy milyen sz\u00f6veget \/ nevet k\u00e9rsz a bor\u00edt\u00f3ra.","score":0,"formatted_price":"8 900 Ft","image_url":"https:\/\/www.meska.hu\/img\/product\/small\/o\/t\/otletlada_product_274209_230701221112_919664.jpeg","formatted_url":"https:\/\/www.meska.hu\/p5008548-palmaleveles-tropusi-mintas-nyari-vendegkonyv-arany-hatasu-emlekkonyv-egyedi-album-eskuvoi-emlek-fuzet-naplo","favourite":false,"in_stock":false,"avatar":"274209_avatar_1697355906.jpeg","delete_from":0,"is_enhanced_background":false,"is_enhanced":false,"product_selection_started":false,"is_active":true,"image_webp_url":"https:\/\/www.meska.hu\/img\/product\/small\/o\/t\/otletlada_product_274209_230701221112_919664.webp"},{"id":"3510765","shop_id":"34376","user_id":"449121","shop_name":"KreativKriszta","shop_zip":"6640","product_code":"4457361","product_name_old":null,"product_name":"Scrapbook st\u00edlus\u00fa fot\u00f3k\u00f6nyv - az eg\u00e9sz csal\u00e1dnak","category_string":"Otthon & \u00c9letm\u00f3d, Pap\u00edr, \u00edr\u00f3szer, Album & Fot\u00f3album","technic_string":"Fot\u00f3, grafika, rajz, illusztr\u00e1ci\u00f3","category_1":"813","category_2":"351","category_3":"353","category_4":"0","merged_category_1":null,"merged_category_2":null,"merged_category_3":null,"technic_1":"483","technic_2":"0","technic_3":"0","color_1":"530","color_2":"532","color_3":"533","product_description_old":null,"product_description":"Digit\u00e1lis fot\u00f3id k\u00f6nyv alakban, hogy kedvenc felv\u00e9teleid m\u00e9lt\u00f3 hely\u00fckre ker\u00fcljenek!\nAz \u00edgy elrendezett k\u00e9pekb\u0151l nagyszer\u0171 aj\u00e1nd\u00e9k lehet a sz\u00fcl\u0151knek, nagysz\u00fcl\u0151knek, bar\u00e1taidnak, magatoknak.\n\nA5, \u00e1ll\u00f3, 12 oldal bor\u00edt\u00f3val egy\u00fctt, j\u00f3 min\u0151s\u00e9g\u0171 pap\u00edrra nyomtatva.\nK\u00f6t\u00e9szet\u00e9t tekintve lehet irkaf\u0171z\u00f6tt (t\u0171z\u00f6tt) vagy szalaggal \u00f6sszef\u0171z\u00f6tt.\n\nK\u00fcldd el az e-mail c\u00edmemre a j\u00f3 min\u0151s\u00e9g\u0171 fot\u00f3idat, kb. 30 db fot\u00f3t \u00e9s \u00f6ssze\u00e1ll\u00edtom ezt a kellemes megjelen\u00e9s\u0171 scrapbook st\u00edlus\u00fa fot\u00f3k\u00f6nyvet. Tov\u00e1bb\u00e1 1-2 sz\u00f3val, vagy r\u00f6vid mondattal kommentelheted a k\u00e9peidet.\n\nAz \u00e1r az adott grafik\u00e1ra \u00e9rv\u00e9nyes!\nSaj\u00e1t elk\u00e9pzel\u00e9sed \u00f6r\u00f6mmel megval\u00f3s\u00edtom!\nHa k\u00e9rd\u00e9sed van sz\u00edvesen v\u00e1laszolok!\n","price":"4100.00","unit":"db","recommended":"0","status":"1","sponsored":"0","exp_notify":"0","own_material":"0","own_material_description_old":null,"own_material_description":"","jury":"0","jury_number":"","product_nature":"","meskaracsony":"0","create_date":"2026-04-02 14:20:47","shelve_id":"66750","image":"kreativkriszta_product_449121_210914182743_52292.jpeg","image_width":"480","image_height":"720","image_alt":"Scrapbook st\u00edlus\u00fa fot\u00f3k\u00f6nyv - az eg\u00e9sz csal\u00e1dnak, Digit\u00e1lis fot\u00f3id k\u00f6nyv alakban, hogy kedvenc felv\u00e9teleid m\u00e9lt\u00f3 hely\u00fckre ker\u00fcljenek!\\nAz \u00edgy elrendeze..., Meska","image_title":"Scrapbook st\u00edlus\u00fa fot\u00f3k\u00f6nyv - az eg\u00e9sz csal\u00e1dnak, Meska","view_count":"2948","favourite_count":"0","trending_score":"0","last2MonthFavouriteCount":"0","promotion":"0","giftcard_accept":"0","creditcard_accept":true,"enhanced_background":"0","domain":"meska","specific_customer_id":null,"specific_customer_name":null,"to_order_product":"1","to_order_product_time":"10","product_different":"not_different","product_different_description":"","vintage":"0","vintage_category_id":"0","recycled":"0","gemstone_id":"0","customizable":"0","type_category":"physical","zerowaste":"0","postage_price":"2390.00","shop_order":"0","has_category":"1","landing_pages":null,"microdata":{"number":44,"category":""},"title":"Scrapbook st\u00edlus\u00fa fot\u00f3k\u00f6nyv - az eg\u00e9sz csal\u00e1dnak","description":"Digit\u00e1lis fot\u00f3id k\u00f6nyv alakban, hogy kedvenc felv\u00e9teleid m\u00e9lt\u00f3 hely\u00fckre ker\u00fcljenek!\nAz \u00edgy elrendezett k\u00e9pekb\u0151l nagyszer\u0171 aj\u00e1nd\u00e9k lehet a sz\u00fcl\u0151knek, nagysz\u00fcl\u0151knek, bar\u00e1taidnak, magatoknak.\n\nA5, \u00e1ll\u00f3, 12 oldal bor\u00edt\u00f3val egy\u00fctt, j\u00f3 min\u0151s\u00e9g\u0171 pap\u00edrra nyomtatva.\nK\u00f6t\u00e9szet\u00e9t tekintve lehet irkaf\u0171z\u00f6tt (t\u0171z\u00f6tt) vagy szalaggal \u00f6sszef\u0171z\u00f6tt.\n\nK\u00fcldd el az e-mail c\u00edmemre a j\u00f3 min\u0151s\u00e9g\u0171 fot\u00f3idat, kb. 30 db fot\u00f3t \u00e9s \u00f6ssze\u00e1ll\u00edtom ezt a kellemes megjelen\u00e9s\u0171 scrapbook st\u00edlus\u00fa fot\u00f3k\u00f6nyvet. Tov\u00e1bb\u00e1 1-2 sz\u00f3val, vagy r\u00f6vid mondattal kommentelheted a k\u00e9peidet.\n\nAz \u00e1r az adott grafik\u00e1ra \u00e9rv\u00e9nyes!\nSaj\u00e1t elk\u00e9pzel\u00e9sed \u00f6r\u00f6mmel megval\u00f3s\u00edtom!\nHa k\u00e9rd\u00e9sed van sz\u00edvesen v\u00e1laszolok!\n","score":0,"formatted_price":"4 100 Ft","image_url":"https:\/\/www.meska.hu\/img\/product\/small\/k\/r\/kreativkriszta_product_449121_210914182743_52292.jpeg","formatted_url":"https:\/\/www.meska.hu\/p4457361-scrapbook-stilusu-fotokonyv-az-egesz-csaladnak","favourite":false,"in_stock":false,"avatar":"KreativKriszta_avatar_449121_1630746420.jpg","delete_from":0,"is_enhanced_background":false,"is_enhanced":false,"product_selection_started":false,"is_active":true,"image_webp_url":"https:\/\/www.meska.hu\/img\/product\/small\/k\/r\/kreativkriszta_product_449121_210914182743_52292.webp"},{"id":"5614821","shop_id":"24144","user_id":"274209","shop_name":"OtletLada","shop_zip":"7522","product_code":"5454412","product_name_old":null,"product_name":"Csal\u00e1di beragaszt\u00f3s F\u00c9NYK\u00c9PALBUM  - saj\u00e1t fot\u00f3ddal, b\u00e1rmilyen felirattal - 9x13 \/ 10x15 vagy 13x18 k\u00e9peknek is  ","category_string":"Otthon & \u00c9letm\u00f3d, Pap\u00edr, \u00edr\u00f3szer, Album & Fot\u00f3album","technic_string":"Fot\u00f3, grafika, rajz, illusztr\u00e1ci\u00f3, K\u00f6nyvk\u00f6t\u00e9s","category_1":"813","category_2":"351","category_3":"353","category_4":"0","merged_category_1":null,"merged_category_2":null,"merged_category_3":null,"technic_1":"483","technic_2":"671","technic_3":"0","color_1":"519","color_2":"520","color_3":"534","product_description_old":null,"product_description":"Saj\u00e1t fot\u00f3ddal (eleje - h\u00e1ta lehet k\u00fcl\u00f6nb\u00f6z\u0151), B\u00e1rmilyen sz\u00f6veggel k\u00e9rheted.\nCsal\u00e1di beragaszt\u00f3s F\u00c9NYK\u00c9PALBUM  - saj\u00e1t fot\u00f3ddal, b\u00e1rmilyen felirattal - 9x13 \/ 10x15 vagy 13x18 k\u00e9pekhez is megfelel\u0151. K\u00e9toldal\u00fa ragaszt\u00f3val ragaszthatod bele a k\u00e9peket. \nK\u00e9t m\u00e9retb\u0151l v\u00e1laszthatsz. A k\u00e9peken \u00e9s a vide\u00f3n a 21x30cm-es m\u00e9retet l\u00e1tod. \nCsodasz\u00e9p eml\u00e9k \u00e9s igaz\u00e1n sz\u00edvhezsz\u00f3l\u00f3 aj\u00e1nd\u00e9k lehet a kar\u00e1csonyva alatt vagy ak\u00e1r sz\u00fclet\u00e9snapra, \u00e9vfordul\u00f3ra esetleg Valentin napra.\n\n\u00cdGY RENDELJ:\nKor\u00e1sba rak\u00e1s ut\u00e1n megjegyz\u00e9sben \u00edrd meg, hogy \n- Mi ker\u00fclj\u00f6n a bor\u00edt\u00f3ra?\n- Szeretn\u00e9l-e r\u00e1 masnit, ha igen milyen sz\u00edn\u0171t?\n- Fekete vagy feh\u00e9r spir\u00e1llal k\u00e9red?\nAdd le a rendel\u00e9st, majd...\n- Priv\u00e1t \u00fczenetben k\u00fcldd el nekem a k\u00e9pet \/ k\u00e9peket, az album elej\u00e9re \u00e9s h\u00e1toldal\u00e1ra. \n\nPARAM\u00c9TEREK:\n\u25b6\ufe0f Bel\u00edvek 120g-os vagy 160g-os \u00fcres lapok* - 40 db \/ 60 db vagy (azaz 80 vagy 120 oldalas)\n\u25b6\ufe0f A lapok sz\u00edne v\u00e1laszthat\u00f3: feh\u00e9r \/ fekete \/ di\u00f3 vagy kr\u00e9m sz\u00edn\u0171\n\u25b6\ufe0f Fekete vagy feh\u00e9r f\u00e9m spir\u00e1llal (ha nem \u00edrod meg milyen legyen, akkor feh\u00e9r lesz)\n\u25b6\ufe0f M\u00e9rete v\u00e1laszthat\u00f3: 210x190mm vagy 210x300mm\n\n\u26a0\ufe0f BOR\u00cdT\u00d3JA fot\u00f3 min\u0151s\u00e9g\u0171 nyomat - alapanyaga V\u00c1LASZTHAT\u00d3:\n\u2705 ALAP\u00c1RON: KEM\u00c9NY, de v\u00e9kony (kb 0,5mm) m\u0171anyag bor\u00edt\u00f3\n\u2705+1500 Ft-\u00e9rt v\u00e1laszthat\u00f3 2mm extra vastag, KEM\u00c9NY MATT kartont\u00e1bl\u00e1ra k\u00e9sz\u00fclt bor\u00edt\u00f3val\n\nK\u00e9toldal\u00fa ragaszt\u00f3val k\u00e9peket is ragaszthattok bele, vagy ceruz\u00e1val, tollal is \u00edrhattok bele.\n\n>>> Sz\u00e1ll\u00edt\u00e1si \u00e9s \u00c1TV\u00c9TELI inform\u00e1ci\u00f3kat a \"Sz\u00e1ll\u00edt\u00e1si Info\" f\u00fclre kattintva tal\u00e1lod\n\n>>> Fizet\u00e9si m\u00f3d - KIZ\u00c1R\u00d3LAG EL\u0150RE FIZET\u00c9SSEL: \u00c1tutal\u00e1ssal vagy Banki befizet\u00e9ssel\n\n\u26a0\ufe0fFONTOS\u26a0\ufe0f Rendel\u00e9shez tedd kos\u00e1rba a term\u00e9ket \u00e9s a \"Kos\u00e1r\" oldalon az \"\u00dczenet az elad\u00f3nak\" r\u00e9szbe \u00edrd be, hogy milyen sz\u00f6veget \/ nevet k\u00e9rsz a bor\u00edt\u00f3ra.","price":"7900.00","unit":"db","recommended":"0","status":"1","sponsored":"0","exp_notify":"0","own_material":"0","own_material_description_old":null,"own_material_description":"","jury":"0","jury_number":"","product_nature":"","meskaracsony":"0","create_date":"2026-03-31 23:08:04","shelve_id":"0","image":"otletlada_product_274209_241206212627_757677.jpeg","image_width":"480","image_height":"480","image_alt":"Csal\u00e1di beragaszt\u00f3s F\u00c9NYK\u00c9PALBUM  - saj\u00e1t fot\u00f3ddal, b\u00e1rmilyen felirattal - 9x13 \/ 10x15 vagy 13x18 k\u00e9peknek is  , Saj\u00e1t fot\u00f3ddal (eleje - h\u00e1ta lehet k\u00fcl\u00f6nb\u00f6z\u0151), B\u00e1rmilyen sz\u00f6veggel k\u00e9rheted.\\nCsal\u00e1di beragaszt\u00f3s F\u00c9N..., Meska","image_title":"Csal\u00e1di beragaszt\u00f3s F\u00c9NYK\u00c9PALBUM  - saj\u00e1t fot\u00f3ddal, b\u00e1rmilyen felirattal - 9x13 \/ 10x15 vagy 13x18 k\u00e9peknek is  , Meska","view_count":"582","favourite_count":"0","trending_score":"0","last2MonthFavouriteCount":"0","promotion":"0","giftcard_accept":"0","creditcard_accept":false,"enhanced_background":"0","domain":"meska","specific_customer_id":null,"specific_customer_name":null,"to_order_product":"1","to_order_product_time":"5","product_different":null,"product_different_description":"","vintage":"0","vintage_category_id":"0","recycled":"0","gemstone_id":"0","customizable":"0","type_category":"physical","zerowaste":"0","postage_price":"1290.00","shop_order":"67","has_category":"1","landing_pages":null,"microdata":{"number":45,"category":""},"title":"Csal\u00e1di beragaszt\u00f3s F\u00c9NYK\u00c9PALBUM  - saj\u00e1t fot\u00f3ddal, b\u00e1rmilyen felirattal - 9x13 \/ 10x15 vagy 13x18 k\u00e9peknek is  ","description":"Saj\u00e1t fot\u00f3ddal (eleje - h\u00e1ta lehet k\u00fcl\u00f6nb\u00f6z\u0151), B\u00e1rmilyen sz\u00f6veggel k\u00e9rheted.\nCsal\u00e1di beragaszt\u00f3s F\u00c9NYK\u00c9PALBUM  - saj\u00e1t fot\u00f3ddal, b\u00e1rmilyen felirattal - 9x13 \/ 10x15 vagy 13x18 k\u00e9pekhez is megfelel\u0151. K\u00e9toldal\u00fa ragaszt\u00f3val ragaszthatod bele a k\u00e9peket. \nK\u00e9t m\u00e9retb\u0151l v\u00e1laszthatsz. A k\u00e9peken \u00e9s a vide\u00f3n a 21x30cm-es m\u00e9retet l\u00e1tod. \nCsodasz\u00e9p eml\u00e9k \u00e9s igaz\u00e1n sz\u00edvhezsz\u00f3l\u00f3 aj\u00e1nd\u00e9k lehet a kar\u00e1csonyva alatt vagy ak\u00e1r sz\u00fclet\u00e9snapra, \u00e9vfordul\u00f3ra esetleg Valentin napra.\n\n\u00cdGY RENDELJ:\nKor\u00e1sba rak\u00e1s ut\u00e1n megjegyz\u00e9sben \u00edrd meg, hogy \n- Mi ker\u00fclj\u00f6n a bor\u00edt\u00f3ra?\n- Szeretn\u00e9l-e r\u00e1 masnit, ha igen milyen sz\u00edn\u0171t?\n- Fekete vagy feh\u00e9r spir\u00e1llal k\u00e9red?\nAdd le a rendel\u00e9st, majd...\n- Priv\u00e1t \u00fczenetben k\u00fcldd el nekem a k\u00e9pet \/ k\u00e9peket, az album elej\u00e9re \u00e9s h\u00e1toldal\u00e1ra. \n\nPARAM\u00c9TEREK:\n\u25b6\ufe0f Bel\u00edvek 120g-os vagy 160g-os \u00fcres lapok* - 40 db \/ 60 db vagy (azaz 80 vagy 120 oldalas)\n\u25b6\ufe0f A lapok sz\u00edne v\u00e1laszthat\u00f3: feh\u00e9r \/ fekete \/ di\u00f3 vagy kr\u00e9m sz\u00edn\u0171\n\u25b6\ufe0f Fekete vagy feh\u00e9r f\u00e9m spir\u00e1llal (ha nem \u00edrod meg milyen legyen, akkor feh\u00e9r lesz)\n\u25b6\ufe0f M\u00e9rete v\u00e1laszthat\u00f3: 210x190mm vagy 210x300mm\n\n\u26a0\ufe0f BOR\u00cdT\u00d3JA fot\u00f3 min\u0151s\u00e9g\u0171 nyomat - alapanyaga V\u00c1LASZTHAT\u00d3:\n\u2705 ALAP\u00c1RON: KEM\u00c9NY, de v\u00e9kony (kb 0,5mm) m\u0171anyag bor\u00edt\u00f3\n\u2705+1500 Ft-\u00e9rt v\u00e1laszthat\u00f3 2mm extra vastag, KEM\u00c9NY MATT kartont\u00e1bl\u00e1ra k\u00e9sz\u00fclt bor\u00edt\u00f3val\n\nK\u00e9toldal\u00fa ragaszt\u00f3val k\u00e9peket is ragaszthattok bele, vagy ceruz\u00e1val, tollal is \u00edrhattok bele.\n\n>>> Sz\u00e1ll\u00edt\u00e1si \u00e9s \u00c1TV\u00c9TELI inform\u00e1ci\u00f3kat a \"Sz\u00e1ll\u00edt\u00e1si Info\" f\u00fclre kattintva tal\u00e1lod\n\n>>> Fizet\u00e9si m\u00f3d - KIZ\u00c1R\u00d3LAG EL\u0150RE FIZET\u00c9SSEL: \u00c1tutal\u00e1ssal vagy Banki befizet\u00e9ssel\n\n\u26a0\ufe0fFONTOS\u26a0\ufe0f Rendel\u00e9shez tedd kos\u00e1rba a term\u00e9ket \u00e9s a \"Kos\u00e1r\" oldalon az \"\u00dczenet az elad\u00f3nak\" r\u00e9szbe \u00edrd be, hogy milyen sz\u00f6veget \/ nevet k\u00e9rsz a bor\u00edt\u00f3ra.","score":0,"formatted_price":"7 900 Ft","image_url":"https:\/\/www.meska.hu\/img\/product\/small\/o\/t\/otletlada_product_274209_241206212627_757677.jpeg","formatted_url":"https:\/\/www.meska.hu\/p5454412-csaladi-beragasztos-fenykepalbum-sajat-fotoddal-barmilyen-felirattal-9x13-10x15-vagy-13x18-kepeknek-is","favourite":false,"in_stock":false,"avatar":"274209_avatar_1697355906.jpeg","delete_from":0,"is_enhanced_background":false,"is_enhanced":false,"product_selection_started":false,"is_active":true,"image_webp_url":"https:\/\/www.meska.hu\/img\/product\/small\/o\/t\/otletlada_product_274209_241206212627_757677.webp"},{"id":"5614861","shop_id":"24144","user_id":"274209","shop_name":"OtletLada","shop_zip":"7522","product_code":"5454423","product_name_old":null,"product_name":"Nagypapa eml\u00e9k\u00e9re Aranyozott F\u00c9NYK\u00c9PALBUM  - saj\u00e1t fot\u00f3ddal, b\u00e1rmilyen felirattal - gy\u00e1szol\u00e1s \/ megeml\u00e9kez\u00e9s \/ eml\u00e9kek","category_string":"Otthon & \u00c9letm\u00f3d, Pap\u00edr, \u00edr\u00f3szer, Album & Fot\u00f3album","technic_string":"Fot\u00f3, grafika, rajz, illusztr\u00e1ci\u00f3, K\u00f6nyvk\u00f6t\u00e9s","category_1":"813","category_2":"351","category_3":"353","category_4":"0","merged_category_1":null,"merged_category_2":null,"merged_category_3":null,"technic_1":"483","technic_2":"671","technic_3":"0","color_1":"512","color_2":"519","color_3":"520","product_description_old":null,"product_description":"Saj\u00e1t fot\u00f3ddal (eleje - h\u00e1ta lehet k\u00fcl\u00f6nb\u00f6z\u0151), B\u00e1rmilyen aranyozott sz\u00f6veggel k\u00e9rheted.\nNagypapa eml\u00e9k\u00e9re beragaszt\u00f3s F\u00c9NYK\u00c9PALBUM  - saj\u00e1t fot\u00f3ddal a bor\u00edt\u00f3kon, b\u00e1rmilyen felirattal - 9x13 \/ 10x15 vagy 13x18 k\u00e9pekhez is megfelel\u0151. K\u00e9toldal\u00fa ragaszt\u00f3val ragaszthatod bele a k\u00e9peket. \nK\u00e9t m\u00e9retb\u0151l v\u00e1laszthatsz. A k\u00e9peken \u00e9s a vide\u00f3n a 21x30cm-es m\u00e9retet l\u00e1tod. \n\nEgy igaz\u00e1n sz\u00edvhezsz\u00f3l\u00f3 aj\u00e1nd\u00e9k lehet saj\u00e1t magadnak vagy egy szerettednek, akit ilyen tragikus vesztes\u00e9g \u00e9rt. A k\u00f6nyvecske haszn\u00e1lhat\u00f3 gy\u00e1szfeldolgoz\u00f3 napl\u00f3k\u00e9nt is (ak\u00e1r k\u00e9pek n\u00e9lk\u00fcl), amelyben le\u00edrhatod az \u00e9rz\u00e9seidet, gondolataidat, vagy ak\u00e1r az \u00fczeneteidet az elvesztett szem\u00e9ly sz\u00e1m\u00e1ra. \n\n\u00cdGY RENDELJ:\nKor\u00e1sba rak\u00e1s ut\u00e1n megjegyz\u00e9sben \u00edrd meg, hogy \n- Mi ker\u00fclj\u00f6n a bor\u00edt\u00f3ra?\n- Szeretn\u00e9l-e r\u00e1 masnit, ha igen milyen sz\u00edn\u0171t?\n- Fekete vagy feh\u00e9r spir\u00e1llal k\u00e9red?\nAdd le a rendel\u00e9st, majd...\n- Priv\u00e1t \u00fczenetben k\u00fcldd el nekem a k\u00e9pet \/ k\u00e9peket, az album elej\u00e9re \u00e9s h\u00e1toldal\u00e1ra. \n\nPARAM\u00c9TEREK:\n\u25b6\ufe0f Bel\u00edvek 120g-os vagy 160g-os \u00fcres lapok* - 40 db \/ 60 db vagy (azaz 80 vagy 120 oldalas)\n\u25b6\ufe0f A lapok sz\u00edne v\u00e1laszthat\u00f3: feh\u00e9r \/ fekete \/ di\u00f3 vagy kr\u00e9m sz\u00edn\u0171\n\u25b6\ufe0f Fekete vagy feh\u00e9r f\u00e9m spir\u00e1llal (ha nem \u00edrod meg milyen legyen, akkor feh\u00e9r lesz)\n\u25b6\ufe0f M\u00e9rete v\u00e1laszthat\u00f3: 210x190mm vagy 210x300mm\n\n\u26a0\ufe0f BOR\u00cdT\u00d3JA fot\u00f3 min\u0151s\u00e9g\u0171 nyomat - alapanyaga V\u00c1LASZTHAT\u00d3:\n\u2705 ALAP\u00c1RON: KEM\u00c9NY, de v\u00e9kony (kb 0,5mm) m\u0171anyag bor\u00edt\u00f3\n\u2705+1500 Ft-\u00e9rt v\u00e1laszthat\u00f3 2mm extra vastag, KEM\u00c9NY MATT kartont\u00e1bl\u00e1ra k\u00e9sz\u00fclt bor\u00edt\u00f3val\n\nK\u00e9toldal\u00fa ragaszt\u00f3val k\u00e9peket is ragaszthattok bele, vagy ceruz\u00e1val, tollal is \u00edrhattok bele.\n\n>>> Sz\u00e1ll\u00edt\u00e1si \u00e9s \u00c1TV\u00c9TELI inform\u00e1ci\u00f3kat a \"Sz\u00e1ll\u00edt\u00e1si Info\" f\u00fclre kattintva tal\u00e1lod\n\n>>> Fizet\u00e9si m\u00f3d - KIZ\u00c1R\u00d3LAG EL\u0150RE FIZET\u00c9SSEL: \u00c1tutal\u00e1ssal vagy Banki befizet\u00e9ssel\n\n\u26a0\ufe0fFONTOS\u26a0\ufe0f Rendel\u00e9shez tedd kos\u00e1rba a term\u00e9ket \u00e9s a \"Kos\u00e1r\" oldalon az \"\u00dczenet az elad\u00f3nak\" r\u00e9szbe \u00edrd be, hogy milyen sz\u00f6veget \/ nevet k\u00e9rsz a bor\u00edt\u00f3ra.","price":"8900.00","unit":"db","recommended":"0","status":"1","sponsored":"0","exp_notify":"0","own_material":"0","own_material_description_old":null,"own_material_description":"","jury":"0","jury_number":"","product_nature":"","meskaracsony":"0","create_date":"2026-03-31 23:07:59","shelve_id":"0","image":"otletlada_product_274209_241206214543_593660.jpeg","image_width":"480","image_height":"480","image_alt":"Nagypapa eml\u00e9k\u00e9re Aranyozott F\u00c9NYK\u00c9PALBUM  - saj\u00e1t fot\u00f3ddal, b\u00e1rmilyen felirattal - gy\u00e1szol\u00e1s \/ megeml\u00e9kez\u00e9s \/ eml\u00e9kek, Saj\u00e1t fot\u00f3ddal (eleje - h\u00e1ta lehet k\u00fcl\u00f6nb\u00f6z\u0151), B\u00e1rmilyen aranyozott sz\u00f6veggel k\u00e9rheted.\\nNagypapa eml..., Meska","image_title":"Nagypapa eml\u00e9k\u00e9re Aranyozott F\u00c9NYK\u00c9PALBUM  - saj\u00e1t fot\u00f3ddal, b\u00e1rmilyen felirattal - gy\u00e1szol\u00e1s \/ megeml\u00e9kez\u00e9s \/ eml\u00e9kek, Meska","view_count":"438","favourite_count":"0","trending_score":"0","last2MonthFavouriteCount":"0","promotion":"0","giftcard_accept":"0","creditcard_accept":false,"enhanced_background":"0","domain":"meska","specific_customer_id":null,"specific_customer_name":null,"to_order_product":"1","to_order_product_time":"5","product_different":null,"product_different_description":"","vintage":"0","vintage_category_id":"0","recycled":"0","gemstone_id":"0","customizable":"0","type_category":"physical","zerowaste":"0","postage_price":"1290.00","shop_order":"71","has_category":"1","landing_pages":null,"microdata":{"number":46,"category":""},"title":"Nagypapa eml\u00e9k\u00e9re Aranyozott F\u00c9NYK\u00c9PALBUM  - saj\u00e1t fot\u00f3ddal, b\u00e1rmilyen felirattal - gy\u00e1szol\u00e1s \/ megeml\u00e9kez\u00e9s \/ eml\u00e9kek","description":"Saj\u00e1t fot\u00f3ddal (eleje - h\u00e1ta lehet k\u00fcl\u00f6nb\u00f6z\u0151), B\u00e1rmilyen aranyozott sz\u00f6veggel k\u00e9rheted.\nNagypapa eml\u00e9k\u00e9re beragaszt\u00f3s F\u00c9NYK\u00c9PALBUM  - saj\u00e1t fot\u00f3ddal a bor\u00edt\u00f3kon, b\u00e1rmilyen felirattal - 9x13 \/ 10x15 vagy 13x18 k\u00e9pekhez is megfelel\u0151. K\u00e9toldal\u00fa ragaszt\u00f3val ragaszthatod bele a k\u00e9peket. \nK\u00e9t m\u00e9retb\u0151l v\u00e1laszthatsz. A k\u00e9peken \u00e9s a vide\u00f3n a 21x30cm-es m\u00e9retet l\u00e1tod. \n\nEgy igaz\u00e1n sz\u00edvhezsz\u00f3l\u00f3 aj\u00e1nd\u00e9k lehet saj\u00e1t magadnak vagy egy szerettednek, akit ilyen tragikus vesztes\u00e9g \u00e9rt. A k\u00f6nyvecske haszn\u00e1lhat\u00f3 gy\u00e1szfeldolgoz\u00f3 napl\u00f3k\u00e9nt is (ak\u00e1r k\u00e9pek n\u00e9lk\u00fcl), amelyben le\u00edrhatod az \u00e9rz\u00e9seidet, gondolataidat, vagy ak\u00e1r az \u00fczeneteidet az elvesztett szem\u00e9ly sz\u00e1m\u00e1ra. \n\n\u00cdGY RENDELJ:\nKor\u00e1sba rak\u00e1s ut\u00e1n megjegyz\u00e9sben \u00edrd meg, hogy \n- Mi ker\u00fclj\u00f6n a bor\u00edt\u00f3ra?\n- Szeretn\u00e9l-e r\u00e1 masnit, ha igen milyen sz\u00edn\u0171t?\n- Fekete vagy feh\u00e9r spir\u00e1llal k\u00e9red?\nAdd le a rendel\u00e9st, majd...\n- Priv\u00e1t \u00fczenetben k\u00fcldd el nekem a k\u00e9pet \/ k\u00e9peket, az album elej\u00e9re \u00e9s h\u00e1toldal\u00e1ra. \n\nPARAM\u00c9TEREK:\n\u25b6\ufe0f Bel\u00edvek 120g-os vagy 160g-os \u00fcres lapok* - 40 db \/ 60 db vagy (azaz 80 vagy 120 oldalas)\n\u25b6\ufe0f A lapok sz\u00edne v\u00e1laszthat\u00f3: feh\u00e9r \/ fekete \/ di\u00f3 vagy kr\u00e9m sz\u00edn\u0171\n\u25b6\ufe0f Fekete vagy feh\u00e9r f\u00e9m spir\u00e1llal (ha nem \u00edrod meg milyen legyen, akkor feh\u00e9r lesz)\n\u25b6\ufe0f M\u00e9rete v\u00e1laszthat\u00f3: 210x190mm vagy 210x300mm\n\n\u26a0\ufe0f BOR\u00cdT\u00d3JA fot\u00f3 min\u0151s\u00e9g\u0171 nyomat - alapanyaga V\u00c1LASZTHAT\u00d3:\n\u2705 ALAP\u00c1RON: KEM\u00c9NY, de v\u00e9kony (kb 0,5mm) m\u0171anyag bor\u00edt\u00f3\n\u2705+1500 Ft-\u00e9rt v\u00e1laszthat\u00f3 2mm extra vastag, KEM\u00c9NY MATT kartont\u00e1bl\u00e1ra k\u00e9sz\u00fclt bor\u00edt\u00f3val\n\nK\u00e9toldal\u00fa ragaszt\u00f3val k\u00e9peket is ragaszthattok bele, vagy ceruz\u00e1val, tollal is \u00edrhattok bele.\n\n>>> Sz\u00e1ll\u00edt\u00e1si \u00e9s \u00c1TV\u00c9TELI inform\u00e1ci\u00f3kat a \"Sz\u00e1ll\u00edt\u00e1si Info\" f\u00fclre kattintva tal\u00e1lod\n\n>>> Fizet\u00e9si m\u00f3d - KIZ\u00c1R\u00d3LAG EL\u0150RE FIZET\u00c9SSEL: \u00c1tutal\u00e1ssal vagy Banki befizet\u00e9ssel\n\n\u26a0\ufe0fFONTOS\u26a0\ufe0f Rendel\u00e9shez tedd kos\u00e1rba a term\u00e9ket \u00e9s a \"Kos\u00e1r\" oldalon az \"\u00dczenet az elad\u00f3nak\" r\u00e9szbe \u00edrd be, hogy milyen sz\u00f6veget \/ nevet k\u00e9rsz a bor\u00edt\u00f3ra.","score":0,"formatted_price":"8 900 Ft","image_url":"https:\/\/www.meska.hu\/img\/product\/small\/o\/t\/otletlada_product_274209_241206214543_593660.jpeg","formatted_url":"https:\/\/www.meska.hu\/p5454423-nagypapa-emlekere-aranyozott-fenykepalbum-sajat-fotoddal-barmilyen-felirattal-gyaszolas-megemlekezes-emlekek","favourite":false,"in_stock":false,"avatar":"274209_avatar_1697355906.jpeg","delete_from":0,"is_enhanced_background":false,"is_enhanced":false,"product_selection_started":false,"is_active":true,"image_webp_url":"https:\/\/www.meska.hu\/img\/product\/small\/o\/t\/otletlada_product_274209_241206214543_593660.webp"},{"id":"5614836","shop_id":"24144","user_id":"274209","shop_name":"OtletLada","shop_zip":"7522","product_code":"5454416","product_name_old":null,"product_name":"Nagysz\u00fcl\u0151knek beragaszt\u00f3s F\u00c9NYK\u00c9PALBUM  - saj\u00e1t fot\u00f3ddal, b\u00e1rmilyen felirattal - 9x13 \/ 10x15 vagy 13x18 k\u00e9peknek is  ","category_string":"Otthon & \u00c9letm\u00f3d, Pap\u00edr, \u00edr\u00f3szer, Album & Fot\u00f3album","technic_string":"Fot\u00f3, grafika, rajz, illusztr\u00e1ci\u00f3, K\u00f6nyvk\u00f6t\u00e9s","category_1":"813","category_2":"351","category_3":"353","category_4":"0","merged_category_1":null,"merged_category_2":null,"merged_category_3":null,"technic_1":"483","technic_2":"671","technic_3":"0","color_1":"519","color_2":"520","color_3":"534","product_description_old":null,"product_description":"Saj\u00e1t fot\u00f3ddal (eleje - h\u00e1ta lehet k\u00fcl\u00f6nb\u00f6z\u0151), B\u00e1rmilyen sz\u00f6veggel k\u00e9rheted.\nNagymam\u00e1nak \/ Nagypap\u00e1nak beragaszt\u00f3s F\u00c9NYK\u00c9PALBUM  - saj\u00e1t fot\u00f3ddal, b\u00e1rmilyen felirattal - 9x13 \/ 10x15 vagy 13x18 k\u00e9pekhez is megfelel\u0151. K\u00e9toldal\u00fa ragaszt\u00f3val ragaszthatod bele a k\u00e9peket. \nK\u00e9t m\u00e9retb\u0151l v\u00e1laszthatsz. A k\u00e9peken \u00e9s a vide\u00f3n a 21x30cm-es m\u00e9retet l\u00e1tod. \nCsodasz\u00e9p eml\u00e9k \u00e9s igaz\u00e1n sz\u00edvhezsz\u00f3l\u00f3 aj\u00e1nd\u00e9k lehet a kar\u00e1csonyva alatt vagy ak\u00e1r sz\u00fclet\u00e9snapra, \u00e9vfordul\u00f3ra esetleg Valentin napra.\n\n\u00cdGY RENDELJ:\nKor\u00e1sba rak\u00e1s ut\u00e1n megjegyz\u00e9sben \u00edrd meg, hogy \n- Mi ker\u00fclj\u00f6n a bor\u00edt\u00f3ra?\n- Szeretn\u00e9l-e r\u00e1 masnit, ha igen milyen sz\u00edn\u0171t?\n- Fekete vagy feh\u00e9r spir\u00e1llal k\u00e9red?\nAdd le a rendel\u00e9st, majd...\n- Priv\u00e1t \u00fczenetben k\u00fcldd el nekem a k\u00e9pet \/ k\u00e9peket, az album elej\u00e9re \u00e9s h\u00e1toldal\u00e1ra. \n\nPARAM\u00c9TEREK:\n\u25b6\ufe0f Bel\u00edvek 120g-os vagy 160g-os \u00fcres lapok* - 40 db \/ 60 db vagy (azaz 80 vagy 120 oldalas)\n\u25b6\ufe0f A lapok sz\u00edne v\u00e1laszthat\u00f3: feh\u00e9r \/ fekete \/ di\u00f3 vagy kr\u00e9m sz\u00edn\u0171\n\u25b6\ufe0f Fekete vagy feh\u00e9r f\u00e9m spir\u00e1llal (ha nem \u00edrod meg milyen legyen, akkor feh\u00e9r lesz)\n\u25b6\ufe0f M\u00e9rete v\u00e1laszthat\u00f3: 210x190mm vagy 210x300mm\n\n\u26a0\ufe0f BOR\u00cdT\u00d3JA fot\u00f3 min\u0151s\u00e9g\u0171 nyomat - alapanyaga V\u00c1LASZTHAT\u00d3:\n\u2705 ALAP\u00c1RON: KEM\u00c9NY, de v\u00e9kony (kb 0,5mm) m\u0171anyag bor\u00edt\u00f3\n\u2705+1500 Ft-\u00e9rt v\u00e1laszthat\u00f3 2mm extra vastag, KEM\u00c9NY MATT kartont\u00e1bl\u00e1ra k\u00e9sz\u00fclt bor\u00edt\u00f3val\n\nK\u00e9toldal\u00fa ragaszt\u00f3val k\u00e9peket is ragaszthattok bele, vagy ceruz\u00e1val, tollal is \u00edrhattok bele.\n\n>>> Sz\u00e1ll\u00edt\u00e1si \u00e9s \u00c1TV\u00c9TELI inform\u00e1ci\u00f3kat a \"Sz\u00e1ll\u00edt\u00e1si Info\" f\u00fclre kattintva tal\u00e1lod\n\n>>> Fizet\u00e9si m\u00f3d - KIZ\u00c1R\u00d3LAG EL\u0150RE FIZET\u00c9SSEL: \u00c1tutal\u00e1ssal vagy Banki befizet\u00e9ssel\n\n\u26a0\ufe0fFONTOS\u26a0\ufe0f Rendel\u00e9shez tedd kos\u00e1rba a term\u00e9ket \u00e9s a \"Kos\u00e1r\" oldalon az \"\u00dczenet az elad\u00f3nak\" r\u00e9szbe \u00edrd be, hogy milyen sz\u00f6veget \/ nevet k\u00e9rsz a bor\u00edt\u00f3ra.","price":"7900.00","unit":"db","recommended":"0","status":"1","sponsored":"0","exp_notify":"0","own_material":"0","own_material_description_old":null,"own_material_description":"","jury":"0","jury_number":"","product_nature":"","meskaracsony":"0","create_date":"2026-03-31 23:07:53","shelve_id":"0","image":"otletlada_product_274209_241206213213_173126.jpeg","image_width":"480","image_height":"480","image_alt":"Nagysz\u00fcl\u0151knek beragaszt\u00f3s F\u00c9NYK\u00c9PALBUM  - saj\u00e1t fot\u00f3ddal, b\u00e1rmilyen felirattal - 9x13 \/ 10x15 vagy 13x18 k\u00e9peknek is  , Saj\u00e1t fot\u00f3ddal (eleje - h\u00e1ta lehet k\u00fcl\u00f6nb\u00f6z\u0151), B\u00e1rmilyen sz\u00f6veggel k\u00e9rheted.\\nNagymam\u00e1nak \/ Nagypap\u00e1n..., Meska","image_title":"Nagysz\u00fcl\u0151knek beragaszt\u00f3s F\u00c9NYK\u00c9PALBUM  - saj\u00e1t fot\u00f3ddal, b\u00e1rmilyen felirattal - 9x13 \/ 10x15 vagy 13x18 k\u00e9peknek is  , Meska","view_count":"419","favourite_count":"0","trending_score":"0","last2MonthFavouriteCount":"0","promotion":"0","giftcard_accept":"0","creditcard_accept":false,"enhanced_background":"0","domain":"meska","specific_customer_id":null,"specific_customer_name":null,"to_order_product":"1","to_order_product_time":"5","product_different":null,"product_different_description":"","vintage":"0","vintage_category_id":"0","recycled":"0","gemstone_id":"0","customizable":"0","type_category":"physical","zerowaste":"0","postage_price":"1290.00","shop_order":"100","has_category":"1","landing_pages":null,"microdata":{"number":47,"category":""},"title":"Nagysz\u00fcl\u0151knek beragaszt\u00f3s F\u00c9NYK\u00c9PALBUM  - saj\u00e1t fot\u00f3ddal, b\u00e1rmilyen felirattal - 9x13 \/ 10x15 vagy 13x18 k\u00e9peknek is  ","description":"Saj\u00e1t fot\u00f3ddal (eleje - h\u00e1ta lehet k\u00fcl\u00f6nb\u00f6z\u0151), B\u00e1rmilyen sz\u00f6veggel k\u00e9rheted.\nNagymam\u00e1nak \/ Nagypap\u00e1nak beragaszt\u00f3s F\u00c9NYK\u00c9PALBUM  - saj\u00e1t fot\u00f3ddal, b\u00e1rmilyen felirattal - 9x13 \/ 10x15 vagy 13x18 k\u00e9pekhez is megfelel\u0151. K\u00e9toldal\u00fa ragaszt\u00f3val ragaszthatod bele a k\u00e9peket. \nK\u00e9t m\u00e9retb\u0151l v\u00e1laszthatsz. A k\u00e9peken \u00e9s a vide\u00f3n a 21x30cm-es m\u00e9retet l\u00e1tod. \nCsodasz\u00e9p eml\u00e9k \u00e9s igaz\u00e1n sz\u00edvhezsz\u00f3l\u00f3 aj\u00e1nd\u00e9k lehet a kar\u00e1csonyva alatt vagy ak\u00e1r sz\u00fclet\u00e9snapra, \u00e9vfordul\u00f3ra esetleg Valentin napra.\n\n\u00cdGY RENDELJ:\nKor\u00e1sba rak\u00e1s ut\u00e1n megjegyz\u00e9sben \u00edrd meg, hogy \n- Mi ker\u00fclj\u00f6n a bor\u00edt\u00f3ra?\n- Szeretn\u00e9l-e r\u00e1 masnit, ha igen milyen sz\u00edn\u0171t?\n- Fekete vagy feh\u00e9r spir\u00e1llal k\u00e9red?\nAdd le a rendel\u00e9st, majd...\n- Priv\u00e1t \u00fczenetben k\u00fcldd el nekem a k\u00e9pet \/ k\u00e9peket, az album elej\u00e9re \u00e9s h\u00e1toldal\u00e1ra. \n\nPARAM\u00c9TEREK:\n\u25b6\ufe0f Bel\u00edvek 120g-os vagy 160g-os \u00fcres lapok* - 40 db \/ 60 db vagy (azaz 80 vagy 120 oldalas)\n\u25b6\ufe0f A lapok sz\u00edne v\u00e1laszthat\u00f3: feh\u00e9r \/ fekete \/ di\u00f3 vagy kr\u00e9m sz\u00edn\u0171\n\u25b6\ufe0f Fekete vagy feh\u00e9r f\u00e9m spir\u00e1llal (ha nem \u00edrod meg milyen legyen, akkor feh\u00e9r lesz)\n\u25b6\ufe0f M\u00e9rete v\u00e1laszthat\u00f3: 210x190mm vagy 210x300mm\n\n\u26a0\ufe0f BOR\u00cdT\u00d3JA fot\u00f3 min\u0151s\u00e9g\u0171 nyomat - alapanyaga V\u00c1LASZTHAT\u00d3:\n\u2705 ALAP\u00c1RON: KEM\u00c9NY, de v\u00e9kony (kb 0,5mm) m\u0171anyag bor\u00edt\u00f3\n\u2705+1500 Ft-\u00e9rt v\u00e1laszthat\u00f3 2mm extra vastag, KEM\u00c9NY MATT kartont\u00e1bl\u00e1ra k\u00e9sz\u00fclt bor\u00edt\u00f3val\n\nK\u00e9toldal\u00fa ragaszt\u00f3val k\u00e9peket is ragaszthattok bele, vagy ceruz\u00e1val, tollal is \u00edrhattok bele.\n\n>>> Sz\u00e1ll\u00edt\u00e1si \u00e9s \u00c1TV\u00c9TELI inform\u00e1ci\u00f3kat a \"Sz\u00e1ll\u00edt\u00e1si Info\" f\u00fclre kattintva tal\u00e1lod\n\n>>> Fizet\u00e9si m\u00f3d - KIZ\u00c1R\u00d3LAG EL\u0150RE FIZET\u00c9SSEL: \u00c1tutal\u00e1ssal vagy Banki befizet\u00e9ssel\n\n\u26a0\ufe0fFONTOS\u26a0\ufe0f Rendel\u00e9shez tedd kos\u00e1rba a term\u00e9ket \u00e9s a \"Kos\u00e1r\" oldalon az \"\u00dczenet az elad\u00f3nak\" r\u00e9szbe \u00edrd be, hogy milyen sz\u00f6veget \/ nevet k\u00e9rsz a bor\u00edt\u00f3ra.","score":0,"formatted_price":"7 900 Ft","image_url":"https:\/\/www.meska.hu\/img\/product\/small\/o\/t\/otletlada_product_274209_241206213213_173126.jpeg","formatted_url":"https:\/\/www.meska.hu\/p5454416-nagyszuloknek-beragasztos-fenykepalbum-sajat-fotoddal-barmilyen-felirattal-9x13-10x15-vagy-13x18-kepeknek-is","favourite":false,"in_stock":false,"avatar":"274209_avatar_1697355906.jpeg","delete_from":0,"is_enhanced_background":false,"is_enhanced":false,"product_selection_started":false,"is_active":true,"image_webp_url":"https:\/\/www.meska.hu\/img\/product\/small\/o\/t\/otletlada_product_274209_241206213213_173126.webp"},{"id":"5614837","shop_id":"24144","user_id":"274209","shop_name":"OtletLada","shop_zip":"7522","product_code":"5454417","product_name_old":null,"product_name":"Nagysz\u00fcl\u0151knek beragaszt\u00f3s F\u00c9NYK\u00c9PALBUM  - saj\u00e1t fot\u00f3ddal, b\u00e1rmilyen felirattal - 9x13 \/ 10x15 vagy 13x18 k\u00e9peknek is  ","category_string":"Otthon & \u00c9letm\u00f3d, Pap\u00edr, \u00edr\u00f3szer, Album & Fot\u00f3album","technic_string":"Fot\u00f3, grafika, rajz, illusztr\u00e1ci\u00f3, K\u00f6nyvk\u00f6t\u00e9s","category_1":"813","category_2":"351","category_3":"353","category_4":"0","merged_category_1":null,"merged_category_2":null,"merged_category_3":null,"technic_1":"483","technic_2":"671","technic_3":"0","color_1":"519","color_2":"520","color_3":"534","product_description_old":null,"product_description":"Saj\u00e1t fot\u00f3ddal (eleje - h\u00e1ta lehet k\u00fcl\u00f6nb\u00f6z\u0151), B\u00e1rmilyen sz\u00f6veggel k\u00e9rheted.\nNagymam\u00e1nak \/ Nagypap\u00e1nak beragaszt\u00f3s F\u00c9NYK\u00c9PALBUM  - saj\u00e1t fot\u00f3ddal, b\u00e1rmilyen felirattal - 9x13 \/ 10x15 vagy 13x18 k\u00e9pekhez is megfelel\u0151. K\u00e9toldal\u00fa ragaszt\u00f3val ragaszthatod bele a k\u00e9peket. \nK\u00e9t m\u00e9retb\u0151l v\u00e1laszthatsz. A k\u00e9peken \u00e9s a vide\u00f3n a 21x30cm-es m\u00e9retet l\u00e1tod. \nCsodasz\u00e9p eml\u00e9k \u00e9s igaz\u00e1n sz\u00edvhezsz\u00f3l\u00f3 aj\u00e1nd\u00e9k lehet a kar\u00e1csonyva alatt vagy ak\u00e1r sz\u00fclet\u00e9snapra, \u00e9vfordul\u00f3ra esetleg Valentin napra.\n\n\u00cdGY RENDELJ:\nKor\u00e1sba rak\u00e1s ut\u00e1n megjegyz\u00e9sben \u00edrd meg, hogy \n- Mi ker\u00fclj\u00f6n a bor\u00edt\u00f3ra?\n- Szeretn\u00e9l-e r\u00e1 masnit, ha igen milyen sz\u00edn\u0171t?\n- Fekete vagy feh\u00e9r spir\u00e1llal k\u00e9red?\nAdd le a rendel\u00e9st, majd...\n- Priv\u00e1t \u00fczenetben k\u00fcldd el nekem a k\u00e9pet \/ k\u00e9peket, az album elej\u00e9re \u00e9s h\u00e1toldal\u00e1ra. \n\nPARAM\u00c9TEREK:\n\u25b6\ufe0f Bel\u00edvek 120g-os vagy 160g-os \u00fcres lapok* - 40 db \/ 60 db vagy (azaz 80 vagy 120 oldalas)\n\u25b6\ufe0f A lapok sz\u00edne v\u00e1laszthat\u00f3: feh\u00e9r \/ fekete \/ di\u00f3 vagy kr\u00e9m sz\u00edn\u0171\n\u25b6\ufe0f Fekete vagy feh\u00e9r f\u00e9m spir\u00e1llal (ha nem \u00edrod meg milyen legyen, akkor feh\u00e9r lesz)\n\u25b6\ufe0f M\u00e9rete v\u00e1laszthat\u00f3: 210x190mm vagy 210x300mm\n\n\u26a0\ufe0f BOR\u00cdT\u00d3JA fot\u00f3 min\u0151s\u00e9g\u0171 nyomat - alapanyaga V\u00c1LASZTHAT\u00d3:\n\u2705 ALAP\u00c1RON: KEM\u00c9NY, de v\u00e9kony (kb 0,5mm) m\u0171anyag bor\u00edt\u00f3\n\u2705+1500 Ft-\u00e9rt v\u00e1laszthat\u00f3 2mm extra vastag, KEM\u00c9NY MATT kartont\u00e1bl\u00e1ra k\u00e9sz\u00fclt bor\u00edt\u00f3val\n\nK\u00e9toldal\u00fa ragaszt\u00f3val k\u00e9peket is ragaszthattok bele, vagy ceruz\u00e1val, tollal is \u00edrhattok bele.\n\n>>> Sz\u00e1ll\u00edt\u00e1si \u00e9s \u00c1TV\u00c9TELI inform\u00e1ci\u00f3kat a \"Sz\u00e1ll\u00edt\u00e1si Info\" f\u00fclre kattintva tal\u00e1lod\n\n>>> Fizet\u00e9si m\u00f3d - KIZ\u00c1R\u00d3LAG EL\u0150RE FIZET\u00c9SSEL: \u00c1tutal\u00e1ssal vagy Banki befizet\u00e9ssel\n\n\u26a0\ufe0fFONTOS\u26a0\ufe0f Rendel\u00e9shez tedd kos\u00e1rba a term\u00e9ket \u00e9s a \"Kos\u00e1r\" oldalon az \"\u00dczenet az elad\u00f3nak\" r\u00e9szbe \u00edrd be, hogy milyen sz\u00f6veget \/ nevet k\u00e9rsz a bor\u00edt\u00f3ra.","price":"7900.00","unit":"db","recommended":"0","status":"1","sponsored":"0","exp_notify":"0","own_material":"0","own_material_description_old":null,"own_material_description":"","jury":"0","jury_number":"","product_nature":"","meskaracsony":"0","create_date":"2026-03-31 23:07:34","shelve_id":"0","image":"otletlada_product_274209_241206213350_096737.jpeg","image_width":"480","image_height":"480","image_alt":"Nagysz\u00fcl\u0151knek beragaszt\u00f3s F\u00c9NYK\u00c9PALBUM  - saj\u00e1t fot\u00f3ddal, b\u00e1rmilyen felirattal - 9x13 \/ 10x15 vagy 13x18 k\u00e9peknek is  , Saj\u00e1t fot\u00f3ddal (eleje - h\u00e1ta lehet k\u00fcl\u00f6nb\u00f6z\u0151), B\u00e1rmilyen sz\u00f6veggel k\u00e9rheted.\\nNagymam\u00e1nak \/ Nagypap\u00e1n..., Meska","image_title":"Nagysz\u00fcl\u0151knek beragaszt\u00f3s F\u00c9NYK\u00c9PALBUM  - saj\u00e1t fot\u00f3ddal, b\u00e1rmilyen felirattal - 9x13 \/ 10x15 vagy 13x18 k\u00e9peknek is  , Meska","view_count":"547","favourite_count":"0","trending_score":"0","last2MonthFavouriteCount":"0","promotion":"0","giftcard_accept":"0","creditcard_accept":false,"enhanced_background":"0","domain":"meska","specific_customer_id":null,"specific_customer_name":null,"to_order_product":"1","to_order_product_time":"5","product_different":null,"product_different_description":"","vintage":"0","vintage_category_id":"0","recycled":"0","gemstone_id":"0","customizable":"0","type_category":"physical","zerowaste":"0","postage_price":"1290.00","shop_order":"99","has_category":"1","landing_pages":"Kar\u00e1csonyi aj\u00e1nd\u00e9kok","microdata":{"number":48,"category":""},"title":"Nagysz\u00fcl\u0151knek beragaszt\u00f3s F\u00c9NYK\u00c9PALBUM  - saj\u00e1t fot\u00f3ddal, b\u00e1rmilyen felirattal - 9x13 \/ 10x15 vagy 13x18 k\u00e9peknek is  ","description":"Saj\u00e1t fot\u00f3ddal (eleje - h\u00e1ta lehet k\u00fcl\u00f6nb\u00f6z\u0151), B\u00e1rmilyen sz\u00f6veggel k\u00e9rheted.\nNagymam\u00e1nak \/ Nagypap\u00e1nak beragaszt\u00f3s F\u00c9NYK\u00c9PALBUM  - saj\u00e1t fot\u00f3ddal, b\u00e1rmilyen felirattal - 9x13 \/ 10x15 vagy 13x18 k\u00e9pekhez is megfelel\u0151. K\u00e9toldal\u00fa ragaszt\u00f3val ragaszthatod bele a k\u00e9peket. \nK\u00e9t m\u00e9retb\u0151l v\u00e1laszthatsz. A k\u00e9peken \u00e9s a vide\u00f3n a 21x30cm-es m\u00e9retet l\u00e1tod. \nCsodasz\u00e9p eml\u00e9k \u00e9s igaz\u00e1n sz\u00edvhezsz\u00f3l\u00f3 aj\u00e1nd\u00e9k lehet a kar\u00e1csonyva alatt vagy ak\u00e1r sz\u00fclet\u00e9snapra, \u00e9vfordul\u00f3ra esetleg Valentin napra.\n\n\u00cdGY RENDELJ:\nKor\u00e1sba rak\u00e1s ut\u00e1n megjegyz\u00e9sben \u00edrd meg, hogy \n- Mi ker\u00fclj\u00f6n a bor\u00edt\u00f3ra?\n- Szeretn\u00e9l-e r\u00e1 masnit, ha igen milyen sz\u00edn\u0171t?\n- Fekete vagy feh\u00e9r spir\u00e1llal k\u00e9red?\nAdd le a rendel\u00e9st, majd...\n- Priv\u00e1t \u00fczenetben k\u00fcldd el nekem a k\u00e9pet \/ k\u00e9peket, az album elej\u00e9re \u00e9s h\u00e1toldal\u00e1ra. \n\nPARAM\u00c9TEREK:\n\u25b6\ufe0f Bel\u00edvek 120g-os vagy 160g-os \u00fcres lapok* - 40 db \/ 60 db vagy (azaz 80 vagy 120 oldalas)\n\u25b6\ufe0f A lapok sz\u00edne v\u00e1laszthat\u00f3: feh\u00e9r \/ fekete \/ di\u00f3 vagy kr\u00e9m sz\u00edn\u0171\n\u25b6\ufe0f Fekete vagy feh\u00e9r f\u00e9m spir\u00e1llal (ha nem \u00edrod meg milyen legyen, akkor feh\u00e9r lesz)\n\u25b6\ufe0f M\u00e9rete v\u00e1laszthat\u00f3: 210x190mm vagy 210x300mm\n\n\u26a0\ufe0f BOR\u00cdT\u00d3JA fot\u00f3 min\u0151s\u00e9g\u0171 nyomat - alapanyaga V\u00c1LASZTHAT\u00d3:\n\u2705 ALAP\u00c1RON: KEM\u00c9NY, de v\u00e9kony (kb 0,5mm) m\u0171anyag bor\u00edt\u00f3\n\u2705+1500 Ft-\u00e9rt v\u00e1laszthat\u00f3 2mm extra vastag, KEM\u00c9NY MATT kartont\u00e1bl\u00e1ra k\u00e9sz\u00fclt bor\u00edt\u00f3val\n\nK\u00e9toldal\u00fa ragaszt\u00f3val k\u00e9peket is ragaszthattok bele, vagy ceruz\u00e1val, tollal is \u00edrhattok bele.\n\n>>> Sz\u00e1ll\u00edt\u00e1si \u00e9s \u00c1TV\u00c9TELI inform\u00e1ci\u00f3kat a \"Sz\u00e1ll\u00edt\u00e1si Info\" f\u00fclre kattintva tal\u00e1lod\n\n>>> Fizet\u00e9si m\u00f3d - KIZ\u00c1R\u00d3LAG EL\u0150RE FIZET\u00c9SSEL: \u00c1tutal\u00e1ssal vagy Banki befizet\u00e9ssel\n\n\u26a0\ufe0fFONTOS\u26a0\ufe0f Rendel\u00e9shez tedd kos\u00e1rba a term\u00e9ket \u00e9s a \"Kos\u00e1r\" oldalon az \"\u00dczenet az elad\u00f3nak\" r\u00e9szbe \u00edrd be, hogy milyen sz\u00f6veget \/ nevet k\u00e9rsz a bor\u00edt\u00f3ra.","score":0,"formatted_price":"7 900 Ft","image_url":"https:\/\/www.meska.hu\/img\/product\/small\/o\/t\/otletlada_product_274209_241206213350_096737.jpeg","formatted_url":"https:\/\/www.meska.hu\/p5454417-nagyszuloknek-beragasztos-fenykepalbum-sajat-fotoddal-barmilyen-felirattal-9x13-10x15-vagy-13x18-kepeknek-is","favourite":false,"in_stock":false,"avatar":"274209_avatar_1697355906.jpeg","delete_from":0,"is_enhanced_background":false,"is_enhanced":false,"product_selection_started":false,"is_active":true,"image_webp_url":"https:\/\/www.meska.hu\/img\/product\/small\/o\/t\/otletlada_product_274209_241206213350_096737.webp"},{"id":"5614868","shop_id":"24144","user_id":"274209","shop_name":"OtletLada","shop_zip":"7522","product_code":"5454424","product_name_old":null,"product_name":"Anya eml\u00e9k\u00e9re Aranyozott F\u00c9NYK\u00c9PALBUM  - saj\u00e1t fot\u00f3ddal, b\u00e1rmilyen felirattal - gy\u00e1szol\u00e1s \/ megeml\u00e9kez\u00e9s \/ eml\u00e9kek","category_string":"Otthon & \u00c9letm\u00f3d, Pap\u00edr, \u00edr\u00f3szer, Album & Fot\u00f3album","technic_string":"Fot\u00f3, grafika, rajz, illusztr\u00e1ci\u00f3, K\u00f6nyvk\u00f6t\u00e9s","category_1":"813","category_2":"351","category_3":"353","category_4":"0","merged_category_1":null,"merged_category_2":null,"merged_category_3":null,"technic_1":"483","technic_2":"671","technic_3":"0","color_1":"512","color_2":"519","color_3":"520","product_description_old":null,"product_description":"Saj\u00e1t fot\u00f3ddal (eleje - h\u00e1ta lehet k\u00fcl\u00f6nb\u00f6z\u0151), B\u00e1rmilyen aranyozott sz\u00f6veggel k\u00e9rheted.\nAnya eml\u00e9k\u00e9re beragaszt\u00f3s F\u00c9NYK\u00c9PALBUM  - saj\u00e1t fot\u00f3ddal a bor\u00edt\u00f3kon, b\u00e1rmilyen felirattal - 9x13 \/ 10x15 vagy 13x18 k\u00e9pekhez is megfelel\u0151. K\u00e9toldal\u00fa ragaszt\u00f3val ragaszthatod bele a k\u00e9peket. \nK\u00e9t m\u00e9retb\u0151l v\u00e1laszthatsz. A k\u00e9peken \u00e9s a vide\u00f3n a 21x30cm-es m\u00e9retet l\u00e1tod. \n\nEgy igaz\u00e1n sz\u00edvhezsz\u00f3l\u00f3 aj\u00e1nd\u00e9k lehet saj\u00e1t magadnak vagy egy szerettednek, akit ilyen tragikus vesztes\u00e9g \u00e9rt. A k\u00f6nyvecske haszn\u00e1lhat\u00f3 gy\u00e1szfeldolgoz\u00f3 napl\u00f3k\u00e9nt is (ak\u00e1r k\u00e9pek n\u00e9lk\u00fcl), amelyben le\u00edrhatod az \u00e9rz\u00e9seidet, gondolataidat, vagy ak\u00e1r az \u00fczeneteidet az elvesztett szem\u00e9ly sz\u00e1m\u00e1ra. \n\n\u00cdGY RENDELJ:\nKor\u00e1sba rak\u00e1s ut\u00e1n megjegyz\u00e9sben \u00edrd meg, hogy \n- Mi ker\u00fclj\u00f6n a bor\u00edt\u00f3ra?\n- Szeretn\u00e9l-e r\u00e1 masnit, ha igen milyen sz\u00edn\u0171t?\n- Fekete vagy feh\u00e9r spir\u00e1llal k\u00e9red?\nAdd le a rendel\u00e9st, majd...\n- Priv\u00e1t \u00fczenetben k\u00fcldd el nekem a k\u00e9pet \/ k\u00e9peket, az album elej\u00e9re \u00e9s h\u00e1toldal\u00e1ra. \n\nPARAM\u00c9TEREK:\n\u25b6\ufe0f Bel\u00edvek 120g-os vagy 160g-os \u00fcres lapok* - 40 db \/ 60 db vagy (azaz 80 vagy 120 oldalas)\n\u25b6\ufe0f A lapok sz\u00edne v\u00e1laszthat\u00f3: feh\u00e9r \/ fekete \/ di\u00f3 vagy kr\u00e9m sz\u00edn\u0171\n\u25b6\ufe0f Fekete vagy feh\u00e9r f\u00e9m spir\u00e1llal (ha nem \u00edrod meg milyen legyen, akkor feh\u00e9r lesz)\n\u25b6\ufe0f M\u00e9rete v\u00e1laszthat\u00f3: 210x190mm vagy 210x300mm\n\n\u26a0\ufe0f BOR\u00cdT\u00d3JA fot\u00f3 min\u0151s\u00e9g\u0171 nyomat - alapanyaga V\u00c1LASZTHAT\u00d3:\n\u2705 ALAP\u00c1RON: KEM\u00c9NY, de v\u00e9kony (kb 0,5mm) m\u0171anyag bor\u00edt\u00f3\n\u2705+1500 Ft-\u00e9rt v\u00e1laszthat\u00f3 2mm extra vastag, KEM\u00c9NY MATT kartont\u00e1bl\u00e1ra k\u00e9sz\u00fclt bor\u00edt\u00f3val\n\nK\u00e9toldal\u00fa ragaszt\u00f3val k\u00e9peket is ragaszthattok bele, vagy ceruz\u00e1val, tollal is \u00edrhattok bele.\n\n>>> Sz\u00e1ll\u00edt\u00e1si \u00e9s \u00c1TV\u00c9TELI inform\u00e1ci\u00f3kat a \"Sz\u00e1ll\u00edt\u00e1si Info\" f\u00fclre kattintva tal\u00e1lod\n\n>>> Fizet\u00e9si m\u00f3d - KIZ\u00c1R\u00d3LAG EL\u0150RE FIZET\u00c9SSEL: \u00c1tutal\u00e1ssal vagy Banki befizet\u00e9ssel\n\n\u26a0\ufe0fFONTOS\u26a0\ufe0f Rendel\u00e9shez tedd kos\u00e1rba a term\u00e9ket \u00e9s a \"Kos\u00e1r\" oldalon az \"\u00dczenet az elad\u00f3nak\" r\u00e9szbe \u00edrd be, hogy milyen sz\u00f6veget \/ nevet k\u00e9rsz a bor\u00edt\u00f3ra.","price":"8900.00","unit":"db","recommended":"0","status":"1","sponsored":"0","exp_notify":"0","own_material":"0","own_material_description_old":null,"own_material_description":"","jury":"0","jury_number":"","product_nature":"","meskaracsony":"0","create_date":"2026-03-31 23:07:33","shelve_id":"0","image":"otletlada_product_274209_241206214814_584367.jpeg","image_width":"480","image_height":"480","image_alt":"Anya eml\u00e9k\u00e9re Aranyozott F\u00c9NYK\u00c9PALBUM  - saj\u00e1t fot\u00f3ddal, b\u00e1rmilyen felirattal - gy\u00e1szol\u00e1s \/ megeml\u00e9kez\u00e9s \/ eml\u00e9kek, Saj\u00e1t fot\u00f3ddal (eleje - h\u00e1ta lehet k\u00fcl\u00f6nb\u00f6z\u0151), B\u00e1rmilyen aranyozott sz\u00f6veggel k\u00e9rheted.\\nAnya eml\u00e9k\u00e9r..., Meska","image_title":"Anya eml\u00e9k\u00e9re Aranyozott F\u00c9NYK\u00c9PALBUM  - saj\u00e1t fot\u00f3ddal, b\u00e1rmilyen felirattal - gy\u00e1szol\u00e1s \/ megeml\u00e9kez\u00e9s \/ eml\u00e9kek, Meska","view_count":"515","favourite_count":"0","trending_score":"0","last2MonthFavouriteCount":"0","promotion":"0","giftcard_accept":"0","creditcard_accept":false,"enhanced_background":"0","domain":"meska","specific_customer_id":null,"specific_customer_name":null,"to_order_product":"1","to_order_product_time":"5","product_different":null,"product_different_description":"","vintage":"0","vintage_category_id":"0","recycled":"0","gemstone_id":"0","customizable":"0","type_category":"physical","zerowaste":"0","postage_price":"1290.00","shop_order":"97","has_category":"1","landing_pages":null,"microdata":{"number":49,"category":""},"title":"Anya eml\u00e9k\u00e9re Aranyozott F\u00c9NYK\u00c9PALBUM  - saj\u00e1t fot\u00f3ddal, b\u00e1rmilyen felirattal - gy\u00e1szol\u00e1s \/ megeml\u00e9kez\u00e9s \/ eml\u00e9kek","description":"Saj\u00e1t fot\u00f3ddal (eleje - h\u00e1ta lehet k\u00fcl\u00f6nb\u00f6z\u0151), B\u00e1rmilyen aranyozott sz\u00f6veggel k\u00e9rheted.\nAnya eml\u00e9k\u00e9re beragaszt\u00f3s F\u00c9NYK\u00c9PALBUM  - saj\u00e1t fot\u00f3ddal a bor\u00edt\u00f3kon, b\u00e1rmilyen felirattal - 9x13 \/ 10x15 vagy 13x18 k\u00e9pekhez is megfelel\u0151. K\u00e9toldal\u00fa ragaszt\u00f3val ragaszthatod bele a k\u00e9peket. \nK\u00e9t m\u00e9retb\u0151l v\u00e1laszthatsz. A k\u00e9peken \u00e9s a vide\u00f3n a 21x30cm-es m\u00e9retet l\u00e1tod. \n\nEgy igaz\u00e1n sz\u00edvhezsz\u00f3l\u00f3 aj\u00e1nd\u00e9k lehet saj\u00e1t magadnak vagy egy szerettednek, akit ilyen tragikus vesztes\u00e9g \u00e9rt. A k\u00f6nyvecske haszn\u00e1lhat\u00f3 gy\u00e1szfeldolgoz\u00f3 napl\u00f3k\u00e9nt is (ak\u00e1r k\u00e9pek n\u00e9lk\u00fcl), amelyben le\u00edrhatod az \u00e9rz\u00e9seidet, gondolataidat, vagy ak\u00e1r az \u00fczeneteidet az elvesztett szem\u00e9ly sz\u00e1m\u00e1ra. \n\n\u00cdGY RENDELJ:\nKor\u00e1sba rak\u00e1s ut\u00e1n megjegyz\u00e9sben \u00edrd meg, hogy \n- Mi ker\u00fclj\u00f6n a bor\u00edt\u00f3ra?\n- Szeretn\u00e9l-e r\u00e1 masnit, ha igen milyen sz\u00edn\u0171t?\n- Fekete vagy feh\u00e9r spir\u00e1llal k\u00e9red?\nAdd le a rendel\u00e9st, majd...\n- Priv\u00e1t \u00fczenetben k\u00fcldd el nekem a k\u00e9pet \/ k\u00e9peket, az album elej\u00e9re \u00e9s h\u00e1toldal\u00e1ra. \n\nPARAM\u00c9TEREK:\n\u25b6\ufe0f Bel\u00edvek 120g-os vagy 160g-os \u00fcres lapok* - 40 db \/ 60 db vagy (azaz 80 vagy 120 oldalas)\n\u25b6\ufe0f A lapok sz\u00edne v\u00e1laszthat\u00f3: feh\u00e9r \/ fekete \/ di\u00f3 vagy kr\u00e9m sz\u00edn\u0171\n\u25b6\ufe0f Fekete vagy feh\u00e9r f\u00e9m spir\u00e1llal (ha nem \u00edrod meg milyen legyen, akkor feh\u00e9r lesz)\n\u25b6\ufe0f M\u00e9rete v\u00e1laszthat\u00f3: 210x190mm vagy 210x300mm\n\n\u26a0\ufe0f BOR\u00cdT\u00d3JA fot\u00f3 min\u0151s\u00e9g\u0171 nyomat - alapanyaga V\u00c1LASZTHAT\u00d3:\n\u2705 ALAP\u00c1RON: KEM\u00c9NY, de v\u00e9kony (kb 0,5mm) m\u0171anyag bor\u00edt\u00f3\n\u2705+1500 Ft-\u00e9rt v\u00e1laszthat\u00f3 2mm extra vastag, KEM\u00c9NY MATT kartont\u00e1bl\u00e1ra k\u00e9sz\u00fclt bor\u00edt\u00f3val\n\nK\u00e9toldal\u00fa ragaszt\u00f3val k\u00e9peket is ragaszthattok bele, vagy ceruz\u00e1val, tollal is \u00edrhattok bele.\n\n>>> Sz\u00e1ll\u00edt\u00e1si \u00e9s \u00c1TV\u00c9TELI inform\u00e1ci\u00f3kat a \"Sz\u00e1ll\u00edt\u00e1si Info\" f\u00fclre kattintva tal\u00e1lod\n\n>>> Fizet\u00e9si m\u00f3d - KIZ\u00c1R\u00d3LAG EL\u0150RE FIZET\u00c9SSEL: \u00c1tutal\u00e1ssal vagy Banki befizet\u00e9ssel\n\n\u26a0\ufe0fFONTOS\u26a0\ufe0f Rendel\u00e9shez tedd kos\u00e1rba a term\u00e9ket \u00e9s a \"Kos\u00e1r\" oldalon az \"\u00dczenet az elad\u00f3nak\" r\u00e9szbe \u00edrd be, hogy milyen sz\u00f6veget \/ nevet k\u00e9rsz a bor\u00edt\u00f3ra.","score":0,"formatted_price":"8 900 Ft","image_url":"https:\/\/www.meska.hu\/img\/product\/small\/o\/t\/otletlada_product_274209_241206214814_584367.jpeg","formatted_url":"https:\/\/www.meska.hu\/p5454424-anya-emlekere-aranyozott-fenykepalbum-sajat-fotoddal-barmilyen-felirattal-gyaszolas-megemlekezes-emlekek","favourite":false,"in_stock":false,"avatar":"274209_avatar_1697355906.jpeg","delete_from":0,"is_enhanced_background":false,"is_enhanced":false,"product_selection_started":false,"is_active":true,"image_webp_url":"https:\/\/www.meska.hu\/img\/product\/small\/o\/t\/otletlada_product_274209_241206214814_584367.webp"},{"id":"5614854","shop_id":"24144","user_id":"274209","shop_name":"OtletLada","shop_zip":"7522","product_code":"5454421","product_name_old":null,"product_name":"Sz\u00fcl\u0151k eml\u00e9k\u00e9re Aranyozott F\u00c9NYK\u00c9PALBUM  - saj\u00e1t fot\u00f3ddal, b\u00e1rmilyen felirattal - gy\u00e1szol\u00e1s \/ megeml\u00e9kez\u00e9s \/ eml\u00e9kek","category_string":"Otthon & \u00c9letm\u00f3d, Pap\u00edr, \u00edr\u00f3szer, Album & Fot\u00f3album","technic_string":"Fot\u00f3, grafika, rajz, illusztr\u00e1ci\u00f3, K\u00f6nyvk\u00f6t\u00e9s","category_1":"813","category_2":"351","category_3":"353","category_4":"0","merged_category_1":null,"merged_category_2":null,"merged_category_3":null,"technic_1":"483","technic_2":"671","technic_3":"0","color_1":"512","color_2":"519","color_3":"520","product_description_old":null,"product_description":"Saj\u00e1t fot\u00f3ddal (eleje - h\u00e1ta lehet k\u00fcl\u00f6nb\u00f6z\u0151), B\u00e1rmilyen aranyozott sz\u00f6veggel k\u00e9rheted.\nNagymam\u00e1nak \/ Nagypap\u00e1nak beragaszt\u00f3s F\u00c9NYK\u00c9PALBUM  - saj\u00e1t fot\u00f3ddal, b\u00e1rmilyen felirattal - 9x13 \/ 10x15 vagy 13x18 k\u00e9pekhez is megfelel\u0151. K\u00e9toldal\u00fa ragaszt\u00f3val ragaszthatod bele a k\u00e9peket. \nK\u00e9t m\u00e9retb\u0151l v\u00e1laszthatsz. A k\u00e9peken \u00e9s a vide\u00f3n a 21x30cm-es m\u00e9retet l\u00e1tod. \n\nEgy igaz\u00e1n sz\u00edvhezsz\u00f3l\u00f3 aj\u00e1nd\u00e9k lehet saj\u00e1t magadnak vagy egy szerettednek, akit ilyen tragikus vesztes\u00e9g \u00e9rt. A k\u00f6nyvecske haszn\u00e1lhat\u00f3 gy\u00e1szfeldolgoz\u00f3 napl\u00f3k\u00e9nt is (ak\u00e1r k\u00e9pek n\u00e9lk\u00fcl), amelyben le\u00edrhatod az \u00e9rz\u00e9seidet, gondolataidat, vagy ak\u00e1r az \u00fczeneteidet az elvesztett szem\u00e9lyek sz\u00e1m\u00e1ra. \n\n\u00cdGY RENDELJ:\nKor\u00e1sba rak\u00e1s ut\u00e1n megjegyz\u00e9sben \u00edrd meg, hogy \n- Mi ker\u00fclj\u00f6n a bor\u00edt\u00f3ra?\n- Szeretn\u00e9l-e r\u00e1 masnit, ha igen milyen sz\u00edn\u0171t?\n- Fekete vagy feh\u00e9r spir\u00e1llal k\u00e9red?\nAdd le a rendel\u00e9st, majd...\n- Priv\u00e1t \u00fczenetben k\u00fcldd el nekem a k\u00e9pet \/ k\u00e9peket, az album elej\u00e9re \u00e9s h\u00e1toldal\u00e1ra. \n\nPARAM\u00c9TEREK:\n\u25b6\ufe0f Bel\u00edvek 120g-os vagy 160g-os \u00fcres lapok* - 40 db \/ 60 db vagy (azaz 80 vagy 120 oldalas)\n\u25b6\ufe0f A lapok sz\u00edne v\u00e1laszthat\u00f3: feh\u00e9r \/ fekete \/ di\u00f3 vagy kr\u00e9m sz\u00edn\u0171\n\u25b6\ufe0f Fekete vagy feh\u00e9r f\u00e9m spir\u00e1llal (ha nem \u00edrod meg milyen legyen, akkor feh\u00e9r lesz)\n\u25b6\ufe0f M\u00e9rete v\u00e1laszthat\u00f3: 210x190mm vagy 210x300mm\n\n\u26a0\ufe0f BOR\u00cdT\u00d3JA fot\u00f3 min\u0151s\u00e9g\u0171 nyomat - alapanyaga V\u00c1LASZTHAT\u00d3:\n\u2705 ALAP\u00c1RON: KEM\u00c9NY, de v\u00e9kony (kb 0,5mm) m\u0171anyag bor\u00edt\u00f3\n\u2705+1500 Ft-\u00e9rt v\u00e1laszthat\u00f3 2mm extra vastag, KEM\u00c9NY MATT kartont\u00e1bl\u00e1ra k\u00e9sz\u00fclt bor\u00edt\u00f3val\n\nK\u00e9toldal\u00fa ragaszt\u00f3val k\u00e9peket is ragaszthattok bele, vagy ceruz\u00e1val, tollal is \u00edrhattok bele.\n\n>>> Sz\u00e1ll\u00edt\u00e1si \u00e9s \u00c1TV\u00c9TELI inform\u00e1ci\u00f3kat a \"Sz\u00e1ll\u00edt\u00e1si Info\" f\u00fclre kattintva tal\u00e1lod\n\n>>> Fizet\u00e9si m\u00f3d - KIZ\u00c1R\u00d3LAG EL\u0150RE FIZET\u00c9SSEL: \u00c1tutal\u00e1ssal vagy Banki befizet\u00e9ssel\n\n\u26a0\ufe0fFONTOS\u26a0\ufe0f Rendel\u00e9shez tedd kos\u00e1rba a term\u00e9ket \u00e9s a \"Kos\u00e1r\" oldalon az \"\u00dczenet az elad\u00f3nak\" r\u00e9szbe \u00edrd be, hogy milyen sz\u00f6veget \/ nevet k\u00e9rsz a bor\u00edt\u00f3ra.","price":"8900.00","unit":"db","recommended":"0","status":"1","sponsored":"0","exp_notify":"0","own_material":"0","own_material_description_old":null,"own_material_description":"","jury":"0","jury_number":"","product_nature":"","meskaracsony":"0","create_date":"2026-03-31 23:07:30","shelve_id":"0","image":"otletlada_product_274209_241206213927_237180.jpeg","image_width":"480","image_height":"480","image_alt":"Sz\u00fcl\u0151k eml\u00e9k\u00e9re Aranyozott F\u00c9NYK\u00c9PALBUM  - saj\u00e1t fot\u00f3ddal, b\u00e1rmilyen felirattal - gy\u00e1szol\u00e1s \/ megeml\u00e9kez\u00e9s \/ eml\u00e9kek, Saj\u00e1t fot\u00f3ddal (eleje - h\u00e1ta lehet k\u00fcl\u00f6nb\u00f6z\u0151), B\u00e1rmilyen aranyozott sz\u00f6veggel k\u00e9rheted.\\nNagymam\u00e1nak ..., Meska","image_title":"Sz\u00fcl\u0151k eml\u00e9k\u00e9re Aranyozott F\u00c9NYK\u00c9PALBUM  - saj\u00e1t fot\u00f3ddal, b\u00e1rmilyen felirattal - gy\u00e1szol\u00e1s \/ megeml\u00e9kez\u00e9s \/ eml\u00e9kek, Meska","view_count":"410","favourite_count":"0","trending_score":"0","last2MonthFavouriteCount":"0","promotion":"0","giftcard_accept":"0","creditcard_accept":false,"enhanced_background":"0","domain":"meska","specific_customer_id":null,"specific_customer_name":null,"to_order_product":"1","to_order_product_time":"5","product_different":null,"product_different_description":"","vintage":"0","vintage_category_id":"0","recycled":"0","gemstone_id":"0","customizable":"0","type_category":"physical","zerowaste":"0","postage_price":"1290.00","shop_order":"98","has_category":"1","landing_pages":null,"microdata":{"number":50,"category":""},"title":"Sz\u00fcl\u0151k eml\u00e9k\u00e9re Aranyozott F\u00c9NYK\u00c9PALBUM  - saj\u00e1t fot\u00f3ddal, b\u00e1rmilyen felirattal - gy\u00e1szol\u00e1s \/ megeml\u00e9kez\u00e9s \/ eml\u00e9kek","description":"Saj\u00e1t fot\u00f3ddal (eleje - h\u00e1ta lehet k\u00fcl\u00f6nb\u00f6z\u0151), B\u00e1rmilyen aranyozott sz\u00f6veggel k\u00e9rheted.\nNagymam\u00e1nak \/ Nagypap\u00e1nak beragaszt\u00f3s F\u00c9NYK\u00c9PALBUM  - saj\u00e1t fot\u00f3ddal, b\u00e1rmilyen felirattal - 9x13 \/ 10x15 vagy 13x18 k\u00e9pekhez is megfelel\u0151. K\u00e9toldal\u00fa ragaszt\u00f3val ragaszthatod bele a k\u00e9peket. \nK\u00e9t m\u00e9retb\u0151l v\u00e1laszthatsz. A k\u00e9peken \u00e9s a vide\u00f3n a 21x30cm-es m\u00e9retet l\u00e1tod. \n\nEgy igaz\u00e1n sz\u00edvhezsz\u00f3l\u00f3 aj\u00e1nd\u00e9k lehet saj\u00e1t magadnak vagy egy szerettednek, akit ilyen tragikus vesztes\u00e9g \u00e9rt. A k\u00f6nyvecske haszn\u00e1lhat\u00f3 gy\u00e1szfeldolgoz\u00f3 napl\u00f3k\u00e9nt is (ak\u00e1r k\u00e9pek n\u00e9lk\u00fcl), amelyben le\u00edrhatod az \u00e9rz\u00e9seidet, gondolataidat, vagy ak\u00e1r az \u00fczeneteidet az elvesztett szem\u00e9lyek sz\u00e1m\u00e1ra. \n\n\u00cdGY RENDELJ:\nKor\u00e1sba rak\u00e1s ut\u00e1n megjegyz\u00e9sben \u00edrd meg, hogy \n- Mi ker\u00fclj\u00f6n a bor\u00edt\u00f3ra?\n- Szeretn\u00e9l-e r\u00e1 masnit, ha igen milyen sz\u00edn\u0171t?\n- Fekete vagy feh\u00e9r spir\u00e1llal k\u00e9red?\nAdd le a rendel\u00e9st, majd...\n- Priv\u00e1t \u00fczenetben k\u00fcldd el nekem a k\u00e9pet \/ k\u00e9peket, az album elej\u00e9re \u00e9s h\u00e1toldal\u00e1ra. \n\nPARAM\u00c9TEREK:\n\u25b6\ufe0f Bel\u00edvek 120g-os vagy 160g-os \u00fcres lapok* - 40 db \/ 60 db vagy (azaz 80 vagy 120 oldalas)\n\u25b6\ufe0f A lapok sz\u00edne v\u00e1laszthat\u00f3: feh\u00e9r \/ fekete \/ di\u00f3 vagy kr\u00e9m sz\u00edn\u0171\n\u25b6\ufe0f Fekete vagy feh\u00e9r f\u00e9m spir\u00e1llal (ha nem \u00edrod meg milyen legyen, akkor feh\u00e9r lesz)\n\u25b6\ufe0f M\u00e9rete v\u00e1laszthat\u00f3: 210x190mm vagy 210x300mm\n\n\u26a0\ufe0f BOR\u00cdT\u00d3JA fot\u00f3 min\u0151s\u00e9g\u0171 nyomat - alapanyaga V\u00c1LASZTHAT\u00d3:\n\u2705 ALAP\u00c1RON: KEM\u00c9NY, de v\u00e9kony (kb 0,5mm) m\u0171anyag bor\u00edt\u00f3\n\u2705+1500 Ft-\u00e9rt v\u00e1laszthat\u00f3 2mm extra vastag, KEM\u00c9NY MATT kartont\u00e1bl\u00e1ra k\u00e9sz\u00fclt bor\u00edt\u00f3val\n\nK\u00e9toldal\u00fa ragaszt\u00f3val k\u00e9peket is ragaszthattok bele, vagy ceruz\u00e1val, tollal is \u00edrhattok bele.\n\n>>> Sz\u00e1ll\u00edt\u00e1si \u00e9s \u00c1TV\u00c9TELI inform\u00e1ci\u00f3kat a \"Sz\u00e1ll\u00edt\u00e1si Info\" f\u00fclre kattintva tal\u00e1lod\n\n>>> Fizet\u00e9si m\u00f3d - KIZ\u00c1R\u00d3LAG EL\u0150RE FIZET\u00c9SSEL: \u00c1tutal\u00e1ssal vagy Banki befizet\u00e9ssel\n\n\u26a0\ufe0fFONTOS\u26a0\ufe0f Rendel\u00e9shez tedd kos\u00e1rba a term\u00e9ket \u00e9s a \"Kos\u00e1r\" oldalon az \"\u00dczenet az elad\u00f3nak\" r\u00e9szbe \u00edrd be, hogy milyen sz\u00f6veget \/ nevet k\u00e9rsz a bor\u00edt\u00f3ra.","score":0,"formatted_price":"8 900 Ft","image_url":"https:\/\/www.meska.hu\/img\/product\/small\/o\/t\/otletlada_product_274209_241206213927_237180.jpeg","formatted_url":"https:\/\/www.meska.hu\/p5454421-szulok-emlekere-aranyozott-fenykepalbum-sajat-fotoddal-barmilyen-felirattal-gyaszolas-megemlekezes-emlekek","favourite":false,"in_stock":false,"avatar":"274209_avatar_1697355906.jpeg","delete_from":0,"is_enhanced_background":false,"is_enhanced":false,"product_selection_started":false,"is_active":true,"image_webp_url":"https:\/\/www.meska.hu\/img\/product\/small\/o\/t\/otletlada_product_274209_241206213927_237180.webp"},{"id":"5614834","shop_id":"24144","user_id":"274209","shop_name":"OtletLada","shop_zip":"7522","product_code":"5454415","product_name_old":null,"product_name":"Nagymam\u00e1nak beragaszt\u00f3s F\u00c9NYK\u00c9PALBUM  - saj\u00e1t fot\u00f3ddal, b\u00e1rmilyen felirattal - 9x13 \/ 10x15 vagy 13x18 k\u00e9peknek is  ","category_string":"Otthon & \u00c9letm\u00f3d, Pap\u00edr, \u00edr\u00f3szer, Album & Fot\u00f3album","technic_string":"Fot\u00f3, grafika, rajz, illusztr\u00e1ci\u00f3, K\u00f6nyvk\u00f6t\u00e9s","category_1":"813","category_2":"351","category_3":"353","category_4":"0","merged_category_1":null,"merged_category_2":null,"merged_category_3":null,"technic_1":"483","technic_2":"671","technic_3":"0","color_1":"519","color_2":"520","color_3":"534","product_description_old":null,"product_description":"Saj\u00e1t fot\u00f3ddal (eleje - h\u00e1ta lehet k\u00fcl\u00f6nb\u00f6z\u0151), B\u00e1rmilyen sz\u00f6veggel k\u00e9rheted.\nNagymam\u00e1nak \/ Nagypap\u00e1nak beragaszt\u00f3s F\u00c9NYK\u00c9PALBUM  - saj\u00e1t fot\u00f3ddal, b\u00e1rmilyen felirattal - 9x13 \/ 10x15 vagy 13x18 k\u00e9pekhez is megfelel\u0151. K\u00e9toldal\u00fa ragaszt\u00f3val ragaszthatod bele a k\u00e9peket. \nK\u00e9t m\u00e9retb\u0151l v\u00e1laszthatsz. A k\u00e9peken \u00e9s a vide\u00f3n a 21x30cm-es m\u00e9retet l\u00e1tod. \nCsodasz\u00e9p eml\u00e9k \u00e9s igaz\u00e1n sz\u00edvhezsz\u00f3l\u00f3 aj\u00e1nd\u00e9k lehet a kar\u00e1csonyva alatt vagy ak\u00e1r sz\u00fclet\u00e9snapra, \u00e9vfordul\u00f3ra esetleg Valentin napra.\n\n\u00cdGY RENDELJ:\nKor\u00e1sba rak\u00e1s ut\u00e1n megjegyz\u00e9sben \u00edrd meg, hogy \n- Mi ker\u00fclj\u00f6n a bor\u00edt\u00f3ra?\n- Szeretn\u00e9l-e r\u00e1 masnit, ha igen milyen sz\u00edn\u0171t?\n- Fekete vagy feh\u00e9r spir\u00e1llal k\u00e9red?\nAdd le a rendel\u00e9st, majd...\n- Priv\u00e1t \u00fczenetben k\u00fcldd el nekem a k\u00e9pet \/ k\u00e9peket, az album elej\u00e9re \u00e9s h\u00e1toldal\u00e1ra. \n\nPARAM\u00c9TEREK:\n\u25b6\ufe0f Bel\u00edvek 120g-os vagy 160g-os \u00fcres lapok* - 40 db \/ 60 db vagy (azaz 80 vagy 120 oldalas)\n\u25b6\ufe0f A lapok sz\u00edne v\u00e1laszthat\u00f3: feh\u00e9r \/ fekete \/ di\u00f3 vagy kr\u00e9m sz\u00edn\u0171\n\u25b6\ufe0f Fekete vagy feh\u00e9r f\u00e9m spir\u00e1llal (ha nem \u00edrod meg milyen legyen, akkor feh\u00e9r lesz)\n\u25b6\ufe0f M\u00e9rete v\u00e1laszthat\u00f3: 210x190mm vagy 210x300mm\n\n\u26a0\ufe0f BOR\u00cdT\u00d3JA fot\u00f3 min\u0151s\u00e9g\u0171 nyomat - alapanyaga V\u00c1LASZTHAT\u00d3:\n\u2705 ALAP\u00c1RON: KEM\u00c9NY, de v\u00e9kony (kb 0,5mm) m\u0171anyag bor\u00edt\u00f3\n\u2705+1500 Ft-\u00e9rt v\u00e1laszthat\u00f3 2mm extra vastag, KEM\u00c9NY MATT kartont\u00e1bl\u00e1ra k\u00e9sz\u00fclt bor\u00edt\u00f3val\n\nK\u00e9toldal\u00fa ragaszt\u00f3val k\u00e9peket is ragaszthattok bele, vagy ceruz\u00e1val, tollal is \u00edrhattok bele.\n\n>>> Sz\u00e1ll\u00edt\u00e1si \u00e9s \u00c1TV\u00c9TELI inform\u00e1ci\u00f3kat a \"Sz\u00e1ll\u00edt\u00e1si Info\" f\u00fclre kattintva tal\u00e1lod\n\n>>> Fizet\u00e9si m\u00f3d - KIZ\u00c1R\u00d3LAG EL\u0150RE FIZET\u00c9SSEL: \u00c1tutal\u00e1ssal vagy Banki befizet\u00e9ssel\n\n\u26a0\ufe0fFONTOS\u26a0\ufe0f Rendel\u00e9shez tedd kos\u00e1rba a term\u00e9ket \u00e9s a \"Kos\u00e1r\" oldalon az \"\u00dczenet az elad\u00f3nak\" r\u00e9szbe \u00edrd be, hogy milyen sz\u00f6veget \/ nevet k\u00e9rsz a bor\u00edt\u00f3ra.","price":"7900.00","unit":"db","recommended":"0","status":"1","sponsored":"0","exp_notify":"0","own_material":"0","own_material_description_old":null,"own_material_description":"","jury":"0","jury_number":"","product_nature":"","meskaracsony":"0","create_date":"2026-03-31 23:07:30","shelve_id":"0","image":"otletlada_product_274209_241206213104_566590.jpeg","image_width":"480","image_height":"480","image_alt":"Nagymam\u00e1nak beragaszt\u00f3s F\u00c9NYK\u00c9PALBUM  - saj\u00e1t fot\u00f3ddal, b\u00e1rmilyen felirattal - 9x13 \/ 10x15 vagy 13x18 k\u00e9peknek is  , Saj\u00e1t fot\u00f3ddal (eleje - h\u00e1ta lehet k\u00fcl\u00f6nb\u00f6z\u0151), B\u00e1rmilyen sz\u00f6veggel k\u00e9rheted.\\nNagymam\u00e1nak \/ Nagypap\u00e1n..., Meska","image_title":"Nagymam\u00e1nak beragaszt\u00f3s F\u00c9NYK\u00c9PALBUM  - saj\u00e1t fot\u00f3ddal, b\u00e1rmilyen felirattal - 9x13 \/ 10x15 vagy 13x18 k\u00e9peknek is  , Meska","view_count":"389","favourite_count":"0","trending_score":"0","last2MonthFavouriteCount":"0","promotion":"0","giftcard_accept":"0","creditcard_accept":false,"enhanced_background":"0","domain":"meska","specific_customer_id":null,"specific_customer_name":null,"to_order_product":"1","to_order_product_time":"5","product_different":null,"product_different_description":"","vintage":"0","vintage_category_id":"0","recycled":"0","gemstone_id":"0","customizable":"0","type_category":"physical","zerowaste":"0","postage_price":"1290.00","shop_order":"101","has_category":"1","landing_pages":null,"microdata":{"number":51,"category":""},"title":"Nagymam\u00e1nak beragaszt\u00f3s F\u00c9NYK\u00c9PALBUM  - saj\u00e1t fot\u00f3ddal, b\u00e1rmilyen felirattal - 9x13 \/ 10x15 vagy 13x18 k\u00e9peknek is  ","description":"Saj\u00e1t fot\u00f3ddal (eleje - h\u00e1ta lehet k\u00fcl\u00f6nb\u00f6z\u0151), B\u00e1rmilyen sz\u00f6veggel k\u00e9rheted.\nNagymam\u00e1nak \/ Nagypap\u00e1nak beragaszt\u00f3s F\u00c9NYK\u00c9PALBUM  - saj\u00e1t fot\u00f3ddal, b\u00e1rmilyen felirattal - 9x13 \/ 10x15 vagy 13x18 k\u00e9pekhez is megfelel\u0151. K\u00e9toldal\u00fa ragaszt\u00f3val ragaszthatod bele a k\u00e9peket. \nK\u00e9t m\u00e9retb\u0151l v\u00e1laszthatsz. A k\u00e9peken \u00e9s a vide\u00f3n a 21x30cm-es m\u00e9retet l\u00e1tod. \nCsodasz\u00e9p eml\u00e9k \u00e9s igaz\u00e1n sz\u00edvhezsz\u00f3l\u00f3 aj\u00e1nd\u00e9k lehet a kar\u00e1csonyva alatt vagy ak\u00e1r sz\u00fclet\u00e9snapra, \u00e9vfordul\u00f3ra esetleg Valentin napra.\n\n\u00cdGY RENDELJ:\nKor\u00e1sba rak\u00e1s ut\u00e1n megjegyz\u00e9sben \u00edrd meg, hogy \n- Mi ker\u00fclj\u00f6n a bor\u00edt\u00f3ra?\n- Szeretn\u00e9l-e r\u00e1 masnit, ha igen milyen sz\u00edn\u0171t?\n- Fekete vagy feh\u00e9r spir\u00e1llal k\u00e9red?\nAdd le a rendel\u00e9st, majd...\n- Priv\u00e1t \u00fczenetben k\u00fcldd el nekem a k\u00e9pet \/ k\u00e9peket, az album elej\u00e9re \u00e9s h\u00e1toldal\u00e1ra. \n\nPARAM\u00c9TEREK:\n\u25b6\ufe0f Bel\u00edvek 120g-os vagy 160g-os \u00fcres lapok* - 40 db \/ 60 db vagy (azaz 80 vagy 120 oldalas)\n\u25b6\ufe0f A lapok sz\u00edne v\u00e1laszthat\u00f3: feh\u00e9r \/ fekete \/ di\u00f3 vagy kr\u00e9m sz\u00edn\u0171\n\u25b6\ufe0f Fekete vagy feh\u00e9r f\u00e9m spir\u00e1llal (ha nem \u00edrod meg milyen legyen, akkor feh\u00e9r lesz)\n\u25b6\ufe0f M\u00e9rete v\u00e1laszthat\u00f3: 210x190mm vagy 210x300mm\n\n\u26a0\ufe0f BOR\u00cdT\u00d3JA fot\u00f3 min\u0151s\u00e9g\u0171 nyomat - alapanyaga V\u00c1LASZTHAT\u00d3:\n\u2705 ALAP\u00c1RON: KEM\u00c9NY, de v\u00e9kony (kb 0,5mm) m\u0171anyag bor\u00edt\u00f3\n\u2705+1500 Ft-\u00e9rt v\u00e1laszthat\u00f3 2mm extra vastag, KEM\u00c9NY MATT kartont\u00e1bl\u00e1ra k\u00e9sz\u00fclt bor\u00edt\u00f3val\n\nK\u00e9toldal\u00fa ragaszt\u00f3val k\u00e9peket is ragaszthattok bele, vagy ceruz\u00e1val, tollal is \u00edrhattok bele.\n\n>>> Sz\u00e1ll\u00edt\u00e1si \u00e9s \u00c1TV\u00c9TELI inform\u00e1ci\u00f3kat a \"Sz\u00e1ll\u00edt\u00e1si Info\" f\u00fclre kattintva tal\u00e1lod\n\n>>> Fizet\u00e9si m\u00f3d - KIZ\u00c1R\u00d3LAG EL\u0150RE FIZET\u00c9SSEL: \u00c1tutal\u00e1ssal vagy Banki befizet\u00e9ssel\n\n\u26a0\ufe0fFONTOS\u26a0\ufe0f Rendel\u00e9shez tedd kos\u00e1rba a term\u00e9ket \u00e9s a \"Kos\u00e1r\" oldalon az \"\u00dczenet az elad\u00f3nak\" r\u00e9szbe \u00edrd be, hogy milyen sz\u00f6veget \/ nevet k\u00e9rsz a bor\u00edt\u00f3ra.","score":0,"formatted_price":"7 900 Ft","image_url":"https:\/\/www.meska.hu\/img\/product\/small\/o\/t\/otletlada_product_274209_241206213104_566590.jpeg","formatted_url":"https:\/\/www.meska.hu\/p5454415-nagymamanak-beragasztos-fenykepalbum-sajat-fotoddal-barmilyen-felirattal-9x13-10x15-vagy-13x18-kepeknek-is","favourite":false,"in_stock":false,"avatar":"274209_avatar_1697355906.jpeg","delete_from":0,"is_enhanced_background":false,"is_enhanced":false,"product_selection_started":false,"is_active":true,"image_webp_url":"https:\/\/www.meska.hu\/img\/product\/small\/o\/t\/otletlada_product_274209_241206213104_566590.webp"},{"id":"5614791","shop_id":"24144","user_id":"274209","shop_name":"OtletLada","shop_zip":"7522","product_code":"5454409","product_name_old":null,"product_name":"Csal\u00e1di beragaszt\u00f3s F\u00c9NYK\u00c9PALBUM  - saj\u00e1t fot\u00f3ddal, b\u00e1rmilyen felirattal - 9x13 \/ 10x15 vagy 13x18 k\u00e9peknek is  ","category_string":"Otthon & \u00c9letm\u00f3d, Pap\u00edr, \u00edr\u00f3szer, Album & Fot\u00f3album","technic_string":"Fot\u00f3, grafika, rajz, illusztr\u00e1ci\u00f3, K\u00f6nyvk\u00f6t\u00e9s","category_1":"813","category_2":"351","category_3":"353","category_4":"0","merged_category_1":null,"merged_category_2":null,"merged_category_3":null,"technic_1":"483","technic_2":"671","technic_3":"0","color_1":"519","color_2":"520","color_3":"534","product_description_old":null,"product_description":"Saj\u00e1t fot\u00f3ddal (eleje - h\u00e1ta lehet k\u00fcl\u00f6nb\u00f6z\u0151), B\u00e1rmilyen sz\u00f6veggel k\u00e9rheted.\nCsal\u00e1di beragaszt\u00f3s F\u00c9NYK\u00c9PALBUM  - saj\u00e1t fot\u00f3ddal, b\u00e1rmilyen felirattal - 9x13 \/ 10x15 vagy 13x18 k\u00e9pekhez is megfelel\u0151. K\u00e9toldal\u00fa ragaszt\u00f3val ragaszthatod bele a k\u00e9peket. \nK\u00e9t m\u00e9retb\u0151l v\u00e1laszthatsz. A k\u00e9peken \u00e9s a vide\u00f3n a 21x30cm-es m\u00e9retet l\u00e1tod. \nCsodasz\u00e9p eml\u00e9k \u00e9s igaz\u00e1n sz\u00edvhezsz\u00f3l\u00f3 aj\u00e1nd\u00e9k lehet a kar\u00e1csonyva alatt vagy ak\u00e1r sz\u00fclet\u00e9snapra, \u00e9vfordul\u00f3ra esetleg Valentin napra.\n\nKor\u00e1sba rak\u00e1s ut\u00e1n megjegyz\u00e9sben \u00edrd meg, hogy mi ker\u00fclj\u00f6n a bor\u00edt\u00f3ra, majd priv\u00e1t \u00fczenetben k\u00fcldd el nekem a k\u00e9pet \/ k\u00e9peket, az album elej\u00e9re \u00e9s h\u00e1toldal\u00e1ra. \n\nPARAM\u00c9TEREK:\n\u25b6\ufe0f Bel\u00edvek 120g-os vagy 160g-os \u00fcres lapok* - 40 db \/ 60 db vagy (azaz 80 vagy 120 oldalas)\n\u25b6\ufe0f A lapok sz\u00edne v\u00e1laszthat\u00f3: feh\u00e9r \/ fekete \/ di\u00f3 vagy kr\u00e9m sz\u00edn\u0171\n\u25b6\ufe0f Fekete vagy feh\u00e9r f\u00e9m spir\u00e1llal (ha nem \u00edrod meg milyen legyen, akkor feh\u00e9r lesz)\n\u25b6\ufe0f M\u00e9rete v\u00e1laszthat\u00f3: 210x190mm vagy 210x300mm\n\n\u26a0\ufe0f BOR\u00cdT\u00d3JA fot\u00f3 min\u0151s\u00e9g\u0171 nyomat - alapanyaga V\u00c1LASZTHAT\u00d3:\n\u2705 ALAP\u00c1RON: KEM\u00c9NY, de v\u00e9kony (kb 0,5mm) m\u0171anyag bor\u00edt\u00f3\n\u2705+1500 Ft-\u00e9rt v\u00e1laszthat\u00f3 2mm extra vastag, KEM\u00c9NY MATT kartont\u00e1bl\u00e1ra k\u00e9sz\u00fclt bor\u00edt\u00f3val\n\nK\u00e9toldal\u00fa ragaszt\u00f3val k\u00e9peket is ragaszthattok bele, vagy ceruz\u00e1val, tollal is \u00edrhattok bele.\n\n>>> Sz\u00e1ll\u00edt\u00e1si \u00e9s \u00c1TV\u00c9TELI inform\u00e1ci\u00f3kat a \"Sz\u00e1ll\u00edt\u00e1si Info\" f\u00fclre kattintva tal\u00e1lod\n\n>>> Fizet\u00e9si m\u00f3d - KIZ\u00c1R\u00d3LAG EL\u0150RE FIZET\u00c9SSEL: \u00c1tutal\u00e1ssal vagy Banki befizet\u00e9ssel\n\n\u26a0\ufe0fFONTOS\u26a0\ufe0f Rendel\u00e9shez tedd kos\u00e1rba a term\u00e9ket \u00e9s a \"Kos\u00e1r\" oldalon az \"\u00dczenet az elad\u00f3nak\" r\u00e9szbe \u00edrd be, hogy milyen sz\u00f6veget \/ nevet k\u00e9rsz a bor\u00edt\u00f3ra.","price":"7900.00","unit":"db","recommended":"0","status":"1","sponsored":"0","exp_notify":"0","own_material":"0","own_material_description_old":null,"own_material_description":"","jury":"0","jury_number":"","product_nature":"","meskaracsony":"0","create_date":"2026-03-31 22:07:46","shelve_id":"0","image":"otletlada_product_274209_241206212028_566331.jpeg","image_width":"480","image_height":"480","image_alt":"Csal\u00e1di beragaszt\u00f3s F\u00c9NYK\u00c9PALBUM  - saj\u00e1t fot\u00f3ddal, b\u00e1rmilyen felirattal - 9x13 \/ 10x15 vagy 13x18 k\u00e9peknek is  , Saj\u00e1t fot\u00f3ddal (eleje - h\u00e1ta lehet k\u00fcl\u00f6nb\u00f6z\u0151), B\u00e1rmilyen sz\u00f6veggel k\u00e9rheted.\\nCsal\u00e1di beragaszt\u00f3s F\u00c9N..., Meska","image_title":"Csal\u00e1di beragaszt\u00f3s F\u00c9NYK\u00c9PALBUM  - saj\u00e1t fot\u00f3ddal, b\u00e1rmilyen felirattal - 9x13 \/ 10x15 vagy 13x18 k\u00e9peknek is  , Meska","view_count":"619","favourite_count":"0","trending_score":"0","last2MonthFavouriteCount":"0","promotion":"0","giftcard_accept":"0","creditcard_accept":false,"enhanced_background":"0","domain":"meska","specific_customer_id":null,"specific_customer_name":null,"to_order_product":"1","to_order_product_time":"5","product_different":null,"product_different_description":"","vintage":"0","vintage_category_id":"0","recycled":"0","gemstone_id":"0","customizable":"0","type_category":"physical","zerowaste":"0","postage_price":"1290.00","shop_order":"68","has_category":"1","landing_pages":null,"microdata":{"number":52,"category":""},"title":"Csal\u00e1di beragaszt\u00f3s F\u00c9NYK\u00c9PALBUM  - saj\u00e1t fot\u00f3ddal, b\u00e1rmilyen felirattal - 9x13 \/ 10x15 vagy 13x18 k\u00e9peknek is  ","description":"Saj\u00e1t fot\u00f3ddal (eleje - h\u00e1ta lehet k\u00fcl\u00f6nb\u00f6z\u0151), B\u00e1rmilyen sz\u00f6veggel k\u00e9rheted.\nCsal\u00e1di beragaszt\u00f3s F\u00c9NYK\u00c9PALBUM  - saj\u00e1t fot\u00f3ddal, b\u00e1rmilyen felirattal - 9x13 \/ 10x15 vagy 13x18 k\u00e9pekhez is megfelel\u0151. K\u00e9toldal\u00fa ragaszt\u00f3val ragaszthatod bele a k\u00e9peket. \nK\u00e9t m\u00e9retb\u0151l v\u00e1laszthatsz. A k\u00e9peken \u00e9s a vide\u00f3n a 21x30cm-es m\u00e9retet l\u00e1tod. \nCsodasz\u00e9p eml\u00e9k \u00e9s igaz\u00e1n sz\u00edvhezsz\u00f3l\u00f3 aj\u00e1nd\u00e9k lehet a kar\u00e1csonyva alatt vagy ak\u00e1r sz\u00fclet\u00e9snapra, \u00e9vfordul\u00f3ra esetleg Valentin napra.\n\nKor\u00e1sba rak\u00e1s ut\u00e1n megjegyz\u00e9sben \u00edrd meg, hogy mi ker\u00fclj\u00f6n a bor\u00edt\u00f3ra, majd priv\u00e1t \u00fczenetben k\u00fcldd el nekem a k\u00e9pet \/ k\u00e9peket, az album elej\u00e9re \u00e9s h\u00e1toldal\u00e1ra. \n\nPARAM\u00c9TEREK:\n\u25b6\ufe0f Bel\u00edvek 120g-os vagy 160g-os \u00fcres lapok* - 40 db \/ 60 db vagy (azaz 80 vagy 120 oldalas)\n\u25b6\ufe0f A lapok sz\u00edne v\u00e1laszthat\u00f3: feh\u00e9r \/ fekete \/ di\u00f3 vagy kr\u00e9m sz\u00edn\u0171\n\u25b6\ufe0f Fekete vagy feh\u00e9r f\u00e9m spir\u00e1llal (ha nem \u00edrod meg milyen legyen, akkor feh\u00e9r lesz)\n\u25b6\ufe0f M\u00e9rete v\u00e1laszthat\u00f3: 210x190mm vagy 210x300mm\n\n\u26a0\ufe0f BOR\u00cdT\u00d3JA fot\u00f3 min\u0151s\u00e9g\u0171 nyomat - alapanyaga V\u00c1LASZTHAT\u00d3:\n\u2705 ALAP\u00c1RON: KEM\u00c9NY, de v\u00e9kony (kb 0,5mm) m\u0171anyag bor\u00edt\u00f3\n\u2705+1500 Ft-\u00e9rt v\u00e1laszthat\u00f3 2mm extra vastag, KEM\u00c9NY MATT kartont\u00e1bl\u00e1ra k\u00e9sz\u00fclt bor\u00edt\u00f3val\n\nK\u00e9toldal\u00fa ragaszt\u00f3val k\u00e9peket is ragaszthattok bele, vagy ceruz\u00e1val, tollal is \u00edrhattok bele.\n\n>>> Sz\u00e1ll\u00edt\u00e1si \u00e9s \u00c1TV\u00c9TELI inform\u00e1ci\u00f3kat a \"Sz\u00e1ll\u00edt\u00e1si Info\" f\u00fclre kattintva tal\u00e1lod\n\n>>> Fizet\u00e9si m\u00f3d - KIZ\u00c1R\u00d3LAG EL\u0150RE FIZET\u00c9SSEL: \u00c1tutal\u00e1ssal vagy Banki befizet\u00e9ssel\n\n\u26a0\ufe0fFONTOS\u26a0\ufe0f Rendel\u00e9shez tedd kos\u00e1rba a term\u00e9ket \u00e9s a \"Kos\u00e1r\" oldalon az \"\u00dczenet az elad\u00f3nak\" r\u00e9szbe \u00edrd be, hogy milyen sz\u00f6veget \/ nevet k\u00e9rsz a bor\u00edt\u00f3ra.","score":0,"formatted_price":"7 900 Ft","image_url":"https:\/\/www.meska.hu\/img\/product\/small\/o\/t\/otletlada_product_274209_241206212028_566331.jpeg","formatted_url":"https:\/\/www.meska.hu\/p5454409-csaladi-beragasztos-fenykepalbum-sajat-fotoddal-barmilyen-felirattal-9x13-10x15-vagy-13x18-kepeknek-is","favourite":false,"in_stock":false,"avatar":"274209_avatar_1697355906.jpeg","delete_from":0,"is_enhanced_background":false,"is_enhanced":false,"product_selection_started":false,"is_active":true,"image_webp_url":"https:\/\/www.meska.hu\/img\/product\/small\/o\/t\/otletlada_product_274209_241206212028_566331.webp"},{"id":"5454050","shop_id":"24144","user_id":"274209","shop_name":"OtletLada","shop_zip":"7522","product_code":"5354007","product_name_old":null,"product_name":"Vad\u00e1sz sz\u00fclet\u00e9snapi aj\u00e1nd\u00e9k \u00f6tlet - 30 40  50  60 \u00e9ves sz\u00fclet\u00e9snapra beragaszt\u00f3s F\u00e9nyk\u00e9palbum vad\u00e1szoknak - szarvasos #1","category_string":"Otthon & \u00c9letm\u00f3d, Pap\u00edr, \u00edr\u00f3szer, Album & Fot\u00f3album","technic_string":"Fot\u00f3, grafika, rajz, illusztr\u00e1ci\u00f3, K\u00f6nyvk\u00f6t\u00e9s","category_1":"813","category_2":"351","category_3":"353","category_4":"0","merged_category_1":null,"merged_category_2":null,"merged_category_3":null,"technic_1":"483","technic_2":"671","technic_3":"0","color_1":"514","color_2":"520","color_3":"568","product_description_old":null,"product_description":"K\u00c9RD B\u00c1RMILYEN SZ\u00d6VEGGEL! Szarvasos egyedi beragaszt\u00f3s fot\u00f3album vad\u00e1szoknak sz\u00fclet\u00e9snapra. \nHa megkapod az albumot, nem kell m\u00e1st tenned, mint tele ragasztani vicces eml\u00e9kezetes pillanatok fot\u00f3ival, majd k\u00f6rbe adni a t\u00e1rsas\u00e1gban (titokban), hogy mindenki \u00edrjon a k\u00e9pek al\u00e1 1-1 sort. Igazi sz\u00edvhez sz\u00f3l\u00f3 aj\u00e1nd\u00e9k lesz \u00edgy, ag\u00e9rem! :) Teljesen m\u00e1s \u00e9lm\u00e9ny lesz egy ilyen albumot v\u00e9gig lapozni p\u00e1r \u00e9v m\u00falva, mintha csak fot\u00f3k lenn\u00e9nek egym\u00e1s ut\u00e1n sorba rakva egy becs\u00fasztat\u00f3s albumba.\n\nTIPP: a f\u00e9nyk\u00e9peket k\u00e9toldal\u00fa ragaszt\u00f3val a legegyszer\u0171bb beragasztani, amit szinte b\u00e1rmelyik szupermarket polcain megtal\u00e1lsz (a fest\u0151s r\u00e9szlegn\u00e9l)\nTerm\u00e9szetesen fot\u00f3sarokkal vagy dekor ragaszt\u00f3szalaggal is r\u00f6gz\u00edtheted\nA lapokra b\u00e1tran \u00edrhatsz zsel\u00e9s tollal, goly\u00f3stollal vagy ak\u00e1r ceruz\u00e1val is, de alkoholos filcet NE HASZN\u00c1LJ!\n\nPARAM\u00c9TEREK:\n\u25b6\ufe0f Bel\u00edvek 120g-os \u00fcres OFFSET feh\u00e9r lapok* - 40 \u00edv (80 oldal)\n\u25b6\ufe0f Fekete f\u00e9m spir\u00e1llal\n\u25b6\ufe0f M\u00e9rete: 210x190mm\n\n\u26a0\ufe0f BOR\u00cdT\u00d3JA l\u00e9zer nyomat, h\u00e1tlapja nat\u00far sz\u00edn\u0171 - alapanyaga V\u00c1LASZTHAT\u00d3:\n\u2705 ALAP\u00c1RON: KEM\u00c9NY, de v\u00e9kony (kb 0,5mm) m\u0171anyag bor\u00edt\u00f3\n\u2705+1500 Ft-\u00e9rt v\u00e1laszthat\u00f3 2mm extra vastag, KEM\u00c9NY kartont\u00e1bl\u00e1ra k\u00e9sz\u00fclt bor\u00edt\u00f3val is.\n\nN\u00e9zd meg a t\u00f6bbi term\u00e9kemet is:\nhttps:\/\/www.meska.hu\/shop\/OtletLada\n\n>>> Sz\u00e1ll\u00edt\u00e1si \u00e9s \u00c1TV\u00c9TELI inform\u00e1ci\u00f3kat a \"Sz\u00e1ll\u00edt\u00e1si Info\" f\u00fclre kattintva tal\u00e1lod\n\n>>> Fizet\u00e9si m\u00f3d - KIZ\u00c1R\u00d3LAG EL\u0150RE FIZET\u00c9SSEL: Bankk\u00e1rty\u00e1val \/ Barionnal \/\u00c1tutal\u00e1ssal vagy Banki befizet\u00e9ssel\n\n\u26a0\ufe0fFONTOS\u26a0\ufe0f Ha v\u00e1ltoztatni szeretn\u00e9l a bor\u00edt\u00f3 sz\u00f6veg\u00e9n, akkor tedd kos\u00e1rba a term\u00e9ket \u00e9s a \"Kos\u00e1r\" oldalon az \"\u00dczenet az elad\u00f3nak\" r\u00e9szbe \u00edrd be, hogy milyen sz\u00f6veget \/ nevet k\u00e9rsz a bor\u00edt\u00f3ra.","price":"7900.00","unit":"db","recommended":"0","status":"1","sponsored":"0","exp_notify":"0","own_material":"0","own_material_description_old":null,"own_material_description":"","jury":"0","jury_number":"","product_nature":"","meskaracsony":"0","create_date":"2026-03-31 16:04:32","shelve_id":"57667","image":"otletlada_product_274209_240820231021_427823.jpeg","image_width":"480","image_height":"480","image_alt":"Vad\u00e1sz sz\u00fclet\u00e9snapi aj\u00e1nd\u00e9k \u00f6tlet - 30 40  50  60 \u00e9ves sz\u00fclet\u00e9snapra beragaszt\u00f3s F\u00e9nyk\u00e9palbum vad\u00e1szoknak - szarvasos #1, K\u00c9RD B\u00c1RMILYEN SZ\u00d6VEGGEL! Szarvasos egyedi beragaszt\u00f3s fot\u00f3album vad\u00e1szoknak sz\u00fclet\u00e9snapra. \\nHa megk..., Meska","image_title":"Vad\u00e1sz sz\u00fclet\u00e9snapi aj\u00e1nd\u00e9k \u00f6tlet - 30 40  50  60 \u00e9ves sz\u00fclet\u00e9snapra beragaszt\u00f3s F\u00e9nyk\u00e9palbum vad\u00e1szoknak - szarvasos #1, Meska","view_count":"1230","favourite_count":"0","trending_score":"0","last2MonthFavouriteCount":"0","promotion":"0","giftcard_accept":"0","creditcard_accept":false,"enhanced_background":"0","domain":"meska","specific_customer_id":null,"specific_customer_name":null,"to_order_product":"1","to_order_product_time":"5","product_different":"quite_different","product_different_description":"A sz\u00f6veget megv\u00e1ltoztathatod. A sz\u00ednek a monitoron \u00e9s nyomtat\u00e1sban elt\u00e9rhetnek.","vintage":"0","vintage_category_id":"0","recycled":"0","gemstone_id":"0","customizable":"1","type_category":"physical","zerowaste":"0","postage_price":"1290.00","shop_order":"107","has_category":"1","landing_pages":null,"microdata":{"number":53,"category":""},"title":"Vad\u00e1sz sz\u00fclet\u00e9snapi aj\u00e1nd\u00e9k \u00f6tlet - 30 40  50  60 \u00e9ves sz\u00fclet\u00e9snapra beragaszt\u00f3s F\u00e9nyk\u00e9palbum vad\u00e1szoknak - szarvasos #1","description":"K\u00c9RD B\u00c1RMILYEN SZ\u00d6VEGGEL! Szarvasos egyedi beragaszt\u00f3s fot\u00f3album vad\u00e1szoknak sz\u00fclet\u00e9snapra. \nHa megkapod az albumot, nem kell m\u00e1st tenned, mint tele ragasztani vicces eml\u00e9kezetes pillanatok fot\u00f3ival, majd k\u00f6rbe adni a t\u00e1rsas\u00e1gban (titokban), hogy mindenki \u00edrjon a k\u00e9pek al\u00e1 1-1 sort. Igazi sz\u00edvhez sz\u00f3l\u00f3 aj\u00e1nd\u00e9k lesz \u00edgy, ag\u00e9rem! :) Teljesen m\u00e1s \u00e9lm\u00e9ny lesz egy ilyen albumot v\u00e9gig lapozni p\u00e1r \u00e9v m\u00falva, mintha csak fot\u00f3k lenn\u00e9nek egym\u00e1s ut\u00e1n sorba rakva egy becs\u00fasztat\u00f3s albumba.\n\nTIPP: a f\u00e9nyk\u00e9peket k\u00e9toldal\u00fa ragaszt\u00f3val a legegyszer\u0171bb beragasztani, amit szinte b\u00e1rmelyik szupermarket polcain megtal\u00e1lsz (a fest\u0151s r\u00e9szlegn\u00e9l)\nTerm\u00e9szetesen fot\u00f3sarokkal vagy dekor ragaszt\u00f3szalaggal is r\u00f6gz\u00edtheted\nA lapokra b\u00e1tran \u00edrhatsz zsel\u00e9s tollal, goly\u00f3stollal vagy ak\u00e1r ceruz\u00e1val is, de alkoholos filcet NE HASZN\u00c1LJ!\n\nPARAM\u00c9TEREK:\n\u25b6\ufe0f Bel\u00edvek 120g-os \u00fcres OFFSET feh\u00e9r lapok* - 40 \u00edv (80 oldal)\n\u25b6\ufe0f Fekete f\u00e9m spir\u00e1llal\n\u25b6\ufe0f M\u00e9rete: 210x190mm\n\n\u26a0\ufe0f BOR\u00cdT\u00d3JA l\u00e9zer nyomat, h\u00e1tlapja nat\u00far sz\u00edn\u0171 - alapanyaga V\u00c1LASZTHAT\u00d3:\n\u2705 ALAP\u00c1RON: KEM\u00c9NY, de v\u00e9kony (kb 0,5mm) m\u0171anyag bor\u00edt\u00f3\n\u2705+1500 Ft-\u00e9rt v\u00e1laszthat\u00f3 2mm extra vastag, KEM\u00c9NY kartont\u00e1bl\u00e1ra k\u00e9sz\u00fclt bor\u00edt\u00f3val is.\n\nN\u00e9zd meg a t\u00f6bbi term\u00e9kemet is:\nhttps:\/\/www.meska.hu\/shop\/OtletLada\n\n>>> Sz\u00e1ll\u00edt\u00e1si \u00e9s \u00c1TV\u00c9TELI inform\u00e1ci\u00f3kat a \"Sz\u00e1ll\u00edt\u00e1si Info\" f\u00fclre kattintva tal\u00e1lod\n\n>>> Fizet\u00e9si m\u00f3d - KIZ\u00c1R\u00d3LAG EL\u0150RE FIZET\u00c9SSEL: Bankk\u00e1rty\u00e1val \/ Barionnal \/\u00c1tutal\u00e1ssal vagy Banki befizet\u00e9ssel\n\n\u26a0\ufe0fFONTOS\u26a0\ufe0f Ha v\u00e1ltoztatni szeretn\u00e9l a bor\u00edt\u00f3 sz\u00f6veg\u00e9n, akkor tedd kos\u00e1rba a term\u00e9ket \u00e9s a \"Kos\u00e1r\" oldalon az \"\u00dczenet az elad\u00f3nak\" r\u00e9szbe \u00edrd be, hogy milyen sz\u00f6veget \/ nevet k\u00e9rsz a bor\u00edt\u00f3ra.","score":0,"formatted_price":"7 900 Ft","image_url":"https:\/\/www.meska.hu\/img\/product\/small\/o\/t\/otletlada_product_274209_240820231021_427823.jpeg","formatted_url":"https:\/\/www.meska.hu\/p5354007-vadasz-szuletesnapi-ajandek-otlet-30-40-50-60-szuletesnapra-beragasztos-fenykep-album-vadaszoknak-szarvasos","favourite":false,"in_stock":false,"avatar":"274209_avatar_1697355906.jpeg","delete_from":0,"is_enhanced_background":false,"is_enhanced":false,"product_selection_started":false,"is_active":true,"image_webp_url":"https:\/\/www.meska.hu\/img\/product\/small\/o\/t\/otletlada_product_274209_240820231021_427823.webp"},{"id":"4601501","shop_id":"24144","user_id":"274209","shop_name":"OtletLada","shop_zip":"7522","product_code":"4843530","product_name_old":null,"product_name":"N\u00e1szutas vagy Szerelmes  Fot\u00f3album F\u00e9nyk\u00e9p album \/ Esk\u00fcv\u0151re is kit\u0171n\u0151 n\u00e1szaj\u00e1nd\u00e9k -40 lap \/80 oldal - 21x19cm naplemente","category_string":"Otthon & \u00c9letm\u00f3d, Pap\u00edr, \u00edr\u00f3szer, Album & Fot\u00f3album","technic_string":"Fot\u00f3, grafika, rajz, illusztr\u00e1ci\u00f3, K\u00f6nyvk\u00f6t\u00e9s","category_1":"813","category_2":"351","category_3":"353","category_4":"0","merged_category_1":"0","merged_category_2":"0","merged_category_3":"0","technic_1":"483","technic_2":"671","technic_3":"0","color_1":"514","color_2":"520","color_3":"0","product_description_old":null,"product_description":"K\u00c9RHETED SAJ\u00c1T SZ\u00d6VEGGEL IS! P\u00e1lm\u00e1s naplement\u00e9s trendi beragaszt\u00f3s fot\u00f3album. Tedd egyediv\u00e9 az albumot nev\u00e9vel \u00e9s helysz\u00ednnel ;) Teljesen m\u00e1s \u00e9lm\u00e9ny lesz egy ilyen albumot v\u00e9gig lapozni p\u00e1r \u00e9v m\u00falva, mintha csak fot\u00f3k lenn\u00e9nek egym\u00e1s ut\u00e1n sorba rakva egy sablonos becs\u00fasztat\u00f3s m\u0171anyag f\u00f3li\u00e1s albumba.\n\nTIPP: a f\u00e9nyk\u00e9peket k\u00e9toldal\u00fa ragaszt\u00f3val a legegyszer\u0171bb beragasztani, amit szinte b\u00e1rmelyik szupermarket polcain megtal\u00e1lsz (a fest\u0151s r\u00e9szlegn\u00e9l)\nTerm\u00e9szetesen fot\u00f3sarokkal vagy dekor ragaszt\u00f3szalaggal is r\u00f6gz\u00edtheted\n\nPARAM\u00c9TEREK:\n\u25b6\ufe0f Bel\u00edvek 120g-os \u00fcres OFFSET feh\u00e9r lapok* - 40 lap azaz 80 oldal\n\u25b6\ufe0f Fekete vagy feh\u00e9r f\u00e9m spir\u00e1llal\n\u25b6\ufe0f M\u00e9rete: 210x190mm\n\n\u26a0\ufe0f BOR\u00cdT\u00d3JA l\u00e9zer nyomat, h\u00e1tlapja nat\u00far sz\u00edn\u0171 - alapanyaga V\u00c1LASZTHAT\u00d3:\n\u2705 ALAP\u00c1RON: KEM\u00c9NY, de v\u00e9kony (kb 0,5mm) m\u0171anyag bor\u00edt\u00f3\n\u2705+1500 Ft-\u00e9rt v\u00e1laszthat\u00f3 2mm extra vastag, KEM\u00c9NY kartont\u00e1bl\u00e1ra k\u00e9sz\u00fclt bor\u00edt\u00f3val is.\n\nK\u00e9toldal\u00fa ragaszt\u00f3val k\u00e9peket is ragaszthattok bele, vagy ceruz\u00e1val, tollal is \u00edrhattok bele.\n\nN\u00e9zd meg a t\u00f6bbi term\u00e9kemet is:\nhttps:\/\/www.meska.hu\/shop\/OromKonnyek\n\n>>> Sz\u00e1ll\u00edt\u00e1si \u00e9s \u00c1TV\u00c9TELI inform\u00e1ci\u00f3kat a \"Sz\u00e1ll\u00edt\u00e1si Info\" f\u00fclre kattintva tal\u00e1lod\n\n>>> Fizet\u00e9si m\u00f3d - KIZ\u00c1R\u00d3LAG EL\u0150RE FIZET\u00c9SSEL: Bankk\u00e1rty\u00e1val \/ Barionnal \/\u00c1tutal\u00e1ssal vagy Banki befizet\u00e9ssel\n\n\u26a0\ufe0fFONTOS\u26a0\ufe0f Ha v\u00e1ltoztatni szeretn\u00e9l a bor\u00edt\u00f3 sz\u00f6veg\u00e9n, akkor tedd kos\u00e1rba a term\u00e9ket \u00e9s a \"Kos\u00e1r\" oldalon az \"\u00dczenet az elad\u00f3nak\" r\u00e9szbe \u00edrd be, hogy milyen sz\u00f6veget \/ nevet k\u00e9rsz a bor\u00edt\u00f3ra.","price":"7900.00","unit":"db","recommended":"0","status":"1","sponsored":"0","exp_notify":"0","own_material":"0","own_material_description_old":null,"own_material_description":"","jury":"0","jury_number":"","product_nature":"","meskaracsony":"0","create_date":"2026-03-30 01:52:04","shelve_id":"73268","image":"otletlada_product_274209_221127165802_19488.jpeg","image_width":"480","image_height":"480","image_alt":"N\u00e1szutas vagy Szerelmes  Fot\u00f3album F\u00e9nyk\u00e9p album \/ Esk\u00fcv\u0151re is kit\u0171n\u0151 n\u00e1szaj\u00e1nd\u00e9k -40 lap \/80 oldal - 21x19cm naplemente, K\u00c9RHETED SAJ\u00c1T SZ\u00d6VEGGEL IS! P\u00e1lm\u00e1s naplement\u00e9s trendi beragaszt\u00f3s fot\u00f3album. Tedd egyediv\u00e9 az album..., Meska","image_title":"N\u00e1szutas vagy Szerelmes  Fot\u00f3album F\u00e9nyk\u00e9p album \/ Esk\u00fcv\u0151re is kit\u0171n\u0151 n\u00e1szaj\u00e1nd\u00e9k -40 lap \/80 oldal - 21x19cm naplemente, Meska","view_count":"1017","favourite_count":"0","trending_score":"0","last2MonthFavouriteCount":"0","promotion":"0","giftcard_accept":"0","creditcard_accept":false,"enhanced_background":"0","domain":"meska","specific_customer_id":null,"specific_customer_name":null,"to_order_product":"1","to_order_product_time":"5","product_different":"quite_different","product_different_description":"A sz\u00f6veget megv\u00e1ltoztathatod. A sz\u00ednek a monitoron \u00e9s nyomtat\u00e1sban elt\u00e9rhetnek.","vintage":"0","vintage_category_id":"0","recycled":"0","gemstone_id":"0","customizable":"1","type_category":"physical","zerowaste":"0","postage_price":"1290.00","shop_order":"152","has_category":"1","landing_pages":null,"microdata":{"number":54,"category":""},"title":"N\u00e1szutas vagy Szerelmes  Fot\u00f3album F\u00e9nyk\u00e9p album \/ Esk\u00fcv\u0151re is kit\u0171n\u0151 n\u00e1szaj\u00e1nd\u00e9k -40 lap \/80 oldal - 21x19cm naplemente","description":"K\u00c9RHETED SAJ\u00c1T SZ\u00d6VEGGEL IS! P\u00e1lm\u00e1s naplement\u00e9s trendi beragaszt\u00f3s fot\u00f3album. Tedd egyediv\u00e9 az albumot nev\u00e9vel \u00e9s helysz\u00ednnel ;) Teljesen m\u00e1s \u00e9lm\u00e9ny lesz egy ilyen albumot v\u00e9gig lapozni p\u00e1r \u00e9v m\u00falva, mintha csak fot\u00f3k lenn\u00e9nek egym\u00e1s ut\u00e1n sorba rakva egy sablonos becs\u00fasztat\u00f3s m\u0171anyag f\u00f3li\u00e1s albumba.\n\nTIPP: a f\u00e9nyk\u00e9peket k\u00e9toldal\u00fa ragaszt\u00f3val a legegyszer\u0171bb beragasztani, amit szinte b\u00e1rmelyik szupermarket polcain megtal\u00e1lsz (a fest\u0151s r\u00e9szlegn\u00e9l)\nTerm\u00e9szetesen fot\u00f3sarokkal vagy dekor ragaszt\u00f3szalaggal is r\u00f6gz\u00edtheted\n\nPARAM\u00c9TEREK:\n\u25b6\ufe0f Bel\u00edvek 120g-os \u00fcres OFFSET feh\u00e9r lapok* - 40 lap azaz 80 oldal\n\u25b6\ufe0f Fekete vagy feh\u00e9r f\u00e9m spir\u00e1llal\n\u25b6\ufe0f M\u00e9rete: 210x190mm\n\n\u26a0\ufe0f BOR\u00cdT\u00d3JA l\u00e9zer nyomat, h\u00e1tlapja nat\u00far sz\u00edn\u0171 - alapanyaga V\u00c1LASZTHAT\u00d3:\n\u2705 ALAP\u00c1RON: KEM\u00c9NY, de v\u00e9kony (kb 0,5mm) m\u0171anyag bor\u00edt\u00f3\n\u2705+1500 Ft-\u00e9rt v\u00e1laszthat\u00f3 2mm extra vastag, KEM\u00c9NY kartont\u00e1bl\u00e1ra k\u00e9sz\u00fclt bor\u00edt\u00f3val is.\n\nK\u00e9toldal\u00fa ragaszt\u00f3val k\u00e9peket is ragaszthattok bele, vagy ceruz\u00e1val, tollal is \u00edrhattok bele.\n\nN\u00e9zd meg a t\u00f6bbi term\u00e9kemet is:\nhttps:\/\/www.meska.hu\/shop\/OromKonnyek\n\n>>> Sz\u00e1ll\u00edt\u00e1si \u00e9s \u00c1TV\u00c9TELI inform\u00e1ci\u00f3kat a \"Sz\u00e1ll\u00edt\u00e1si Info\" f\u00fclre kattintva tal\u00e1lod\n\n>>> Fizet\u00e9si m\u00f3d - KIZ\u00c1R\u00d3LAG EL\u0150RE FIZET\u00c9SSEL: Bankk\u00e1rty\u00e1val \/ Barionnal \/\u00c1tutal\u00e1ssal vagy Banki befizet\u00e9ssel\n\n\u26a0\ufe0fFONTOS\u26a0\ufe0f Ha v\u00e1ltoztatni szeretn\u00e9l a bor\u00edt\u00f3 sz\u00f6veg\u00e9n, akkor tedd kos\u00e1rba a term\u00e9ket \u00e9s a \"Kos\u00e1r\" oldalon az \"\u00dczenet az elad\u00f3nak\" r\u00e9szbe \u00edrd be, hogy milyen sz\u00f6veget \/ nevet k\u00e9rsz a bor\u00edt\u00f3ra.","score":0,"formatted_price":"7 900 Ft","image_url":"https:\/\/www.meska.hu\/img\/product\/small\/o\/t\/otletlada_product_274209_221127165802_19488.jpeg","formatted_url":"https:\/\/www.meska.hu\/p4843530-naszutas-vagy-szerelmes-fotoalbum-fenykep-album-eskuvore-is-kituno-naszajandek-40-lap-80-oldal-21x19cm-naplemente","favourite":false,"in_stock":false,"avatar":"274209_avatar_1697355906.jpeg","delete_from":0,"is_enhanced_background":false,"is_enhanced":false,"product_selection_started":false,"is_active":true,"image_webp_url":"https:\/\/www.meska.hu\/img\/product\/small\/o\/t\/otletlada_product_274209_221127165802_19488.webp"},{"id":"5454043","shop_id":"24144","user_id":"274209","shop_name":"OtletLada","shop_zip":"7522","product_code":"5354005","product_name_old":null,"product_name":"#04 SAJ\u00c1T SZ\u00d6VEGGEL k\u00e9rhet\u0151 csal\u00e1di Fot\u00f3album - beragaszt\u00f3s F\u00e9nyk\u00e9p album \/ f\u00fczet - 40 lap = 80 oldal - 21x19cm ","category_string":"Otthon & \u00c9letm\u00f3d, Pap\u00edr, \u00edr\u00f3szer, Album & Fot\u00f3album","technic_string":"Fot\u00f3, grafika, rajz, illusztr\u00e1ci\u00f3, K\u00f6nyvk\u00f6t\u00e9s","category_1":"813","category_2":"351","category_3":"353","category_4":"0","merged_category_1":null,"merged_category_2":null,"merged_category_3":null,"technic_1":"483","technic_2":"671","technic_3":"0","color_1":"514","color_2":"520","color_3":"0","product_description_old":null,"product_description":"K\u00c9RD B\u00c1RMILYEN SZ\u00d6VEGGEL! Nat\u00far sz\u00edn\u0171 beragaszt\u00f3s fot\u00f3album.\nTedd egyediv\u00e9 az albumot egy-egy szem\u00e9lyes megjegyz\u00e9ssel, al\u00e1\u00edr\u00e1ssal, vicces eml\u00e9kekkel vagy aranyk\u00f6p\u00e9ssel a k\u00e9p al\u00e1 \u00edrva. ;) Teljesen m\u00e1s \u00e9lm\u00e9ny lesz egy ilyen albumot v\u00e9gig lapozni p\u00e1r \u00e9v m\u00falva, mintha csak fot\u00f3k lenn\u00e9nek egym\u00e1s ut\u00e1n sorba rakva.\n\nA sz\u00f6veg v\u00e1ltoztat\u00e1sa INGYENES, a k\u00e9p m\u00f3dos\u00edt\u00e1sa lehets\u00e9ges, de szerkeszt\u00e9si d\u00edj ker\u00fcl felsz\u00e1mol\u00e1sra. \n\nTIPP: a f\u00e9nyk\u00e9peket k\u00e9toldal\u00fa ragaszt\u00f3val a legegyszer\u0171bb beragasztani, amit szinte b\u00e1rmelyik szupermarket polcain megtal\u00e1lsz (a fest\u0151s r\u00e9szlegn\u00e9l)\nTerm\u00e9szetesen fot\u00f3sarokkal vagy dekor ragaszt\u00f3szalaggal is r\u00f6gz\u00edtheted\n\nPARAM\u00c9TEREK:\n\u25b6\ufe0f Bel\u00edvek 120g-os \u00fcres OFFSET feh\u00e9r lapok* - 40 \u00edv (80 oldal)\n\u25b6\ufe0f Fekete f\u00e9m spir\u00e1llal\n\u25b6\ufe0f M\u00e9rete: 210x190mm\n\n\u26a0\ufe0f BOR\u00cdT\u00d3JA l\u00e9zer nyomat, h\u00e1tlapja nat\u00far sz\u00edn\u0171 - alapanyaga V\u00c1LASZTHAT\u00d3:\n\u2705 ALAP\u00c1RON: KEM\u00c9NY, de v\u00e9kony (kb 0,5mm) m\u0171anyag bor\u00edt\u00f3\n\u2705+1500 Ft-\u00e9rt v\u00e1laszthat\u00f3 2mm extra vastag, KEM\u00c9NY kartont\u00e1bl\u00e1ra k\u00e9sz\u00fclt bor\u00edt\u00f3val is.\n\nK\u00e9toldal\u00fa ragaszt\u00f3val k\u00e9peket is ragaszthattok bele, vagy ceruz\u00e1val, tollal is \u00edrhattok bele.\n\nN\u00e9zd meg a t\u00f6bbi term\u00e9kemet is:\nhttps:\/\/www.meska.hu\/shop\/OtletLada\n\n>>> Sz\u00e1ll\u00edt\u00e1si \u00e9s \u00c1TV\u00c9TELI inform\u00e1ci\u00f3kat a \"Sz\u00e1ll\u00edt\u00e1si Info\" f\u00fclre kattintva tal\u00e1lod\n\n>>> Fizet\u00e9si m\u00f3d - KIZ\u00c1R\u00d3LAG EL\u0150RE FIZET\u00c9SSEL: Bankk\u00e1rty\u00e1val \/ Barionnal \/\u00c1tutal\u00e1ssal vagy Banki befizet\u00e9ssel\n\n\u26a0\ufe0fFONTOS\u26a0\ufe0f Ha v\u00e1ltoztatni szeretn\u00e9l a bor\u00edt\u00f3 sz\u00f6veg\u00e9n, akkor tedd kos\u00e1rba a term\u00e9ket \u00e9s a \"Kos\u00e1r\" oldalon az \"\u00dczenet az elad\u00f3nak\" r\u00e9szbe \u00edrd be, hogy milyen sz\u00f6veget \/ nevet k\u00e9rsz a bor\u00edt\u00f3ra.","price":"7900.00","unit":"db","recommended":"0","status":"1","sponsored":"0","exp_notify":"0","own_material":"0","own_material_description_old":null,"own_material_description":"","jury":"0","jury_number":"","product_nature":"","meskaracsony":"0","create_date":"2026-03-28 21:48:25","shelve_id":"57667","image":"otletlada_product_274209_240820230620_298164.jpeg","image_width":"480","image_height":"480","image_alt":"#04 SAJ\u00c1T SZ\u00d6VEGGEL k\u00e9rhet\u0151 csal\u00e1di Fot\u00f3album - beragaszt\u00f3s F\u00e9nyk\u00e9p album \/ f\u00fczet - 40 lap = 80 oldal - 21x19cm , K\u00c9RD B\u00c1RMILYEN SZ\u00d6VEGGEL! Nat\u00far sz\u00edn\u0171 beragaszt\u00f3s fot\u00f3album.\\nTedd egyediv\u00e9 az albumot egy-egy szem\u00e9l..., Meska","image_title":"#04 SAJ\u00c1T SZ\u00d6VEGGEL k\u00e9rhet\u0151 csal\u00e1di Fot\u00f3album - beragaszt\u00f3s F\u00e9nyk\u00e9p album \/ f\u00fczet - 40 lap = 80 oldal - 21x19cm , Meska","view_count":"834","favourite_count":"0","trending_score":"0","last2MonthFavouriteCount":"0","promotion":"0","giftcard_accept":"0","creditcard_accept":false,"enhanced_background":"0","domain":"meska","specific_customer_id":null,"specific_customer_name":null,"to_order_product":"1","to_order_product_time":"5","product_different":"quite_different","product_different_description":"A sz\u00f6veget megv\u00e1ltoztathatod. A sz\u00ednek a monitoron \u00e9s nyomtat\u00e1sban elt\u00e9rhetnek.","vintage":"0","vintage_category_id":"0","recycled":"0","gemstone_id":"0","customizable":"1","type_category":"physical","zerowaste":"0","postage_price":"1290.00","shop_order":"79","has_category":"1","landing_pages":null,"microdata":{"number":55,"category":""},"title":"#04 SAJ\u00c1T SZ\u00d6VEGGEL k\u00e9rhet\u0151 csal\u00e1di Fot\u00f3album - beragaszt\u00f3s F\u00e9nyk\u00e9p album \/ f\u00fczet - 40 lap = 80 oldal - 21x19cm ","description":"K\u00c9RD B\u00c1RMILYEN SZ\u00d6VEGGEL! Nat\u00far sz\u00edn\u0171 beragaszt\u00f3s fot\u00f3album.\nTedd egyediv\u00e9 az albumot egy-egy szem\u00e9lyes megjegyz\u00e9ssel, al\u00e1\u00edr\u00e1ssal, vicces eml\u00e9kekkel vagy aranyk\u00f6p\u00e9ssel a k\u00e9p al\u00e1 \u00edrva. ;) Teljesen m\u00e1s \u00e9lm\u00e9ny lesz egy ilyen albumot v\u00e9gig lapozni p\u00e1r \u00e9v m\u00falva, mintha csak fot\u00f3k lenn\u00e9nek egym\u00e1s ut\u00e1n sorba rakva.\n\nA sz\u00f6veg v\u00e1ltoztat\u00e1sa INGYENES, a k\u00e9p m\u00f3dos\u00edt\u00e1sa lehets\u00e9ges, de szerkeszt\u00e9si d\u00edj ker\u00fcl felsz\u00e1mol\u00e1sra. \n\nTIPP: a f\u00e9nyk\u00e9peket k\u00e9toldal\u00fa ragaszt\u00f3val a legegyszer\u0171bb beragasztani, amit szinte b\u00e1rmelyik szupermarket polcain megtal\u00e1lsz (a fest\u0151s r\u00e9szlegn\u00e9l)\nTerm\u00e9szetesen fot\u00f3sarokkal vagy dekor ragaszt\u00f3szalaggal is r\u00f6gz\u00edtheted\n\nPARAM\u00c9TEREK:\n\u25b6\ufe0f Bel\u00edvek 120g-os \u00fcres OFFSET feh\u00e9r lapok* - 40 \u00edv (80 oldal)\n\u25b6\ufe0f Fekete f\u00e9m spir\u00e1llal\n\u25b6\ufe0f M\u00e9rete: 210x190mm\n\n\u26a0\ufe0f BOR\u00cdT\u00d3JA l\u00e9zer nyomat, h\u00e1tlapja nat\u00far sz\u00edn\u0171 - alapanyaga V\u00c1LASZTHAT\u00d3:\n\u2705 ALAP\u00c1RON: KEM\u00c9NY, de v\u00e9kony (kb 0,5mm) m\u0171anyag bor\u00edt\u00f3\n\u2705+1500 Ft-\u00e9rt v\u00e1laszthat\u00f3 2mm extra vastag, KEM\u00c9NY kartont\u00e1bl\u00e1ra k\u00e9sz\u00fclt bor\u00edt\u00f3val is.\n\nK\u00e9toldal\u00fa ragaszt\u00f3val k\u00e9peket is ragaszthattok bele, vagy ceruz\u00e1val, tollal is \u00edrhattok bele.\n\nN\u00e9zd meg a t\u00f6bbi term\u00e9kemet is:\nhttps:\/\/www.meska.hu\/shop\/OtletLada\n\n>>> Sz\u00e1ll\u00edt\u00e1si \u00e9s \u00c1TV\u00c9TELI inform\u00e1ci\u00f3kat a \"Sz\u00e1ll\u00edt\u00e1si Info\" f\u00fclre kattintva tal\u00e1lod\n\n>>> Fizet\u00e9si m\u00f3d - KIZ\u00c1R\u00d3LAG EL\u0150RE FIZET\u00c9SSEL: Bankk\u00e1rty\u00e1val \/ Barionnal \/\u00c1tutal\u00e1ssal vagy Banki befizet\u00e9ssel\n\n\u26a0\ufe0fFONTOS\u26a0\ufe0f Ha v\u00e1ltoztatni szeretn\u00e9l a bor\u00edt\u00f3 sz\u00f6veg\u00e9n, akkor tedd kos\u00e1rba a term\u00e9ket \u00e9s a \"Kos\u00e1r\" oldalon az \"\u00dczenet az elad\u00f3nak\" r\u00e9szbe \u00edrd be, hogy milyen sz\u00f6veget \/ nevet k\u00e9rsz a bor\u00edt\u00f3ra.","score":0,"formatted_price":"7 900 Ft","image_url":"https:\/\/www.meska.hu\/img\/product\/small\/o\/t\/otletlada_product_274209_240820230620_298164.jpeg","formatted_url":"https:\/\/www.meska.hu\/p5354005-04-sajat-szoveggel-kerheto-csaladi-fotoalbum-beragasztos-fenykep-album-fuzet-40-lap-80-oldal-21x19cm","favourite":false,"in_stock":false,"avatar":"274209_avatar_1697355906.jpeg","delete_from":0,"is_enhanced_background":false,"is_enhanced":false,"product_selection_started":false,"is_active":true,"image_webp_url":"https:\/\/www.meska.hu\/img\/product\/small\/o\/t\/otletlada_product_274209_240820230620_298164.webp"},{"id":"6169719","shop_id":"52330","user_id":"778775","shop_name":"KatiseAtelier","shop_zip":"8400","product_code":"5765660","product_name_old":null,"product_name":"Pr\u00e9mium Fot\u00f3k\u00f6nyv 20x20 + fot\u00f3z\u00e1s","category_string":"Otthon & \u00c9letm\u00f3d, Pap\u00edr, \u00edr\u00f3szer, Album & Fot\u00f3album","technic_string":"Fot\u00f3, grafika, rajz, illusztr\u00e1ci\u00f3","category_1":"813","category_2":"351","category_3":"353","category_4":"0","merged_category_1":null,"merged_category_2":null,"merged_category_3":null,"technic_1":"483","technic_2":"0","technic_3":"0","color_1":"515","color_2":"521","color_3":"527","product_description_old":null,"product_description":"Eml\u00e9kek, amelyek meg\u00e9rdemlik a t\u00f6k\u00e9letes form\u00e1t.\n\nEgy id\u0151t\u00e1ll\u00f3, eleg\u00e1ns fot\u00f3k\u00f6nyv, amely nemcsak meg\u0151rzi a legszebb pillanatokat, hanem egys\u00e9ges, kifinomult form\u00e1ban mes\u00e9li el a t\u00f6rt\u00e9neted.\nA fot\u00f3k\u00f6nyv minden esetben egyedileg tervezett \u00e9s szem\u00e9lyre szabott, a hozz\u00e1 tartoz\u00f3 st\u00fadi\u00f3fot\u00f3z\u00e1s pedig biztos\u00edtja, hogy a v\u00e9geredm\u00e9ny min\u0151s\u00e9ge minden r\u00e9szlet\u00e9ben pr\u00e9mium legyen.\n\n-egyedi tervez\u00e9s\u0171, pr\u00e9mium fot\u00f3k\u00f6nyv\n-40 perces budapesti st\u00fadi\u00f3fot\u00f3z\u00e1s\n-kb. 80 elk\u00e9sz\u00fclt fot\u00f3 v\u00e1logat\u00e1sra\n-k\u00f6z\u00f6s k\u00e9pkiv\u00e1laszt\u00e1s\nA fot\u00f3k\u00f6nyvbe ker\u00fcl\u0151 k\u00e9pek a v\u00e1s\u00e1rl\u00f3val egyeztetve ker\u00fclnek kiv\u00e1laszt\u00e1sra, \u00edgy a v\u00e9geredm\u00e9ny teljes m\u00e9rt\u00e9kben szem\u00e9lyes \u00e9s egyedi.\n\nA rendel\u00e9s lead\u00e1s\u00e1t k\u00f6vet\u0151en e-mailben felveszem a kapcsolatot a r\u00e9szletek egyeztet\u00e9s\u00e9re (id\u0151pont, ig\u00e9nyek).\nA fot\u00f3z\u00e1s id\u0151pontja k\u00f6z\u00f6s megegyez\u00e9s alapj\u00e1n ker\u00fcl meghat\u00e1roz\u00e1sra.\n\nEgy k\u00fcl\u00f6nleges fot\u00f3k\u00f6nyv, amelyben a legszebb eml\u00e9keid eleg\u00e1ns, id\u0151t\u00e1ll\u00f3 form\u00e1t kapnak.\nMinden darab egyedileg tervezett \u00e9s gondosan szerkesztett, pr\u00e9mium kivitelez\u00e9ssel.\n\nTerm\u00e9k jellemz\u0151i:\n-M\u00e9ret: 20\u00d720 cm\n-12 lap, 16-20 fot\u00f3\n-Pr\u00e9mium min\u0151s\u00e9g\u0171 fot\u00f3k\u00f6nyv\n-Egyedileg \u00f6ssze\u00e1ll\u00edtott oldalak\n\nT\u00f6bbf\u00e9le bor\u00edt\u00f3sz\u00edn k\u00f6z\u00fcl v\u00e1laszthatsz.\nHa egyedi elk\u00e9pzel\u00e9sed van, pl. t\u00f6bb k\u00e9pet szeretn\u00e9l a k\u00f6nyvbe k\u00e9rlek rendel\u00e9s el\u0151tt vedd fel velem a kapcsolatot, hogy a lehet\u0151 legjobban meg tudjam val\u00f3s\u00edtani az elk\u00e9pzel\u00e9sed.\n\nA fot\u00f3z\u00e1s \u00e9s fizet\u00e9s be\u00e9rkez\u00e9se ut\u00e1n elk\u00e9sz\u00edtem a l\u00e1tv\u00e1nytervet, amelyet e-mailben k\u00fcld\u00f6k el sz\u00e1modra.\nA j\u00f3v\u00e1hagy\u00e1sod ut\u00e1n kezd\u0151dik a gy\u00e1rt\u00e1s.\n\nA k\u00e9sz fot\u00f3k\u00f6nyvet gondosan csomagolva k\u00fcld\u00f6m, hogy s\u00e9r\u00fcl\u00e9smentesen \u00e9rkezzen meg hozz\u00e1d.\nEnn\u00e9l a term\u00e9kn\u00e9l a fot\u00f3z\u00e1s fel\u00e1rat k\u00e9rlek mindenk\u00e9pp pip\u00e1ld be. Ha saj\u00e1t k\u00e9pekb\u0151l szeretn\u00e9l fot\u00f3k\u00f6nyvet, n\u00e9zz sz\u00e9t a boltomban.\n\n","price":"27000.00","unit":"db","recommended":"0","status":"1","sponsored":"0","exp_notify":"0","own_material":"0","own_material_description_old":null,"own_material_description":"","jury":"0","jury_number":"","product_nature":"","meskaracsony":"0","create_date":"2026-03-28 10:18:25","shelve_id":"83019","image":"katiseatelier_product_778775_260326143452_52181.jpeg","image_width":"480","image_height":"480","image_alt":"Pr\u00e9mium Fot\u00f3k\u00f6nyv 20x20 + fot\u00f3z\u00e1s, Eml\u00e9kek, amelyek meg\u00e9rdemlik a t\u00f6k\u00e9letes form\u00e1t.\\n\\nEgy id\u0151t\u00e1ll\u00f3, eleg\u00e1ns fot\u00f3k\u00f6nyv, amely nemcsak meg..., Meska","image_title":"Pr\u00e9mium Fot\u00f3k\u00f6nyv 20x20 + fot\u00f3z\u00e1s, Meska","view_count":"63","favourite_count":"0","trending_score":"0","last2MonthFavouriteCount":"0","promotion":"0","giftcard_accept":"0","creditcard_accept":false,"enhanced_background":"0","domain":"meska","specific_customer_id":null,"specific_customer_name":null,"to_order_product":"1","to_order_product_time":"14","product_different":null,"product_different_description":"","vintage":"0","vintage_category_id":"0","recycled":"0","gemstone_id":"0","customizable":"1","type_category":"physical","zerowaste":"0","postage_price":"1349.00","shop_order":"0","has_category":"1","landing_pages":null,"microdata":{"number":56,"category":""},"title":"Pr\u00e9mium Fot\u00f3k\u00f6nyv 20x20 + fot\u00f3z\u00e1s","description":"Eml\u00e9kek, amelyek meg\u00e9rdemlik a t\u00f6k\u00e9letes form\u00e1t.\n\nEgy id\u0151t\u00e1ll\u00f3, eleg\u00e1ns fot\u00f3k\u00f6nyv, amely nemcsak meg\u0151rzi a legszebb pillanatokat, hanem egys\u00e9ges, kifinomult form\u00e1ban mes\u00e9li el a t\u00f6rt\u00e9neted.\nA fot\u00f3k\u00f6nyv minden esetben egyedileg tervezett \u00e9s szem\u00e9lyre szabott, a hozz\u00e1 tartoz\u00f3 st\u00fadi\u00f3fot\u00f3z\u00e1s pedig biztos\u00edtja, hogy a v\u00e9geredm\u00e9ny min\u0151s\u00e9ge minden r\u00e9szlet\u00e9ben pr\u00e9mium legyen.\n\n-egyedi tervez\u00e9s\u0171, pr\u00e9mium fot\u00f3k\u00f6nyv\n-40 perces budapesti st\u00fadi\u00f3fot\u00f3z\u00e1s\n-kb. 80 elk\u00e9sz\u00fclt fot\u00f3 v\u00e1logat\u00e1sra\n-k\u00f6z\u00f6s k\u00e9pkiv\u00e1laszt\u00e1s\nA fot\u00f3k\u00f6nyvbe ker\u00fcl\u0151 k\u00e9pek a v\u00e1s\u00e1rl\u00f3val egyeztetve ker\u00fclnek kiv\u00e1laszt\u00e1sra, \u00edgy a v\u00e9geredm\u00e9ny teljes m\u00e9rt\u00e9kben szem\u00e9lyes \u00e9s egyedi.\n\nA rendel\u00e9s lead\u00e1s\u00e1t k\u00f6vet\u0151en e-mailben felveszem a kapcsolatot a r\u00e9szletek egyeztet\u00e9s\u00e9re (id\u0151pont, ig\u00e9nyek).\nA fot\u00f3z\u00e1s id\u0151pontja k\u00f6z\u00f6s megegyez\u00e9s alapj\u00e1n ker\u00fcl meghat\u00e1roz\u00e1sra.\n\nEgy k\u00fcl\u00f6nleges fot\u00f3k\u00f6nyv, amelyben a legszebb eml\u00e9keid eleg\u00e1ns, id\u0151t\u00e1ll\u00f3 form\u00e1t kapnak.\nMinden darab egyedileg tervezett \u00e9s gondosan szerkesztett, pr\u00e9mium kivitelez\u00e9ssel.\n\nTerm\u00e9k jellemz\u0151i:\n-M\u00e9ret: 20\u00d720 cm\n-12 lap, 16-20 fot\u00f3\n-Pr\u00e9mium min\u0151s\u00e9g\u0171 fot\u00f3k\u00f6nyv\n-Egyedileg \u00f6ssze\u00e1ll\u00edtott oldalak\n\nT\u00f6bbf\u00e9le bor\u00edt\u00f3sz\u00edn k\u00f6z\u00fcl v\u00e1laszthatsz.\nHa egyedi elk\u00e9pzel\u00e9sed van, pl. t\u00f6bb k\u00e9pet szeretn\u00e9l a k\u00f6nyvbe k\u00e9rlek rendel\u00e9s el\u0151tt vedd fel velem a kapcsolatot, hogy a lehet\u0151 legjobban meg tudjam val\u00f3s\u00edtani az elk\u00e9pzel\u00e9sed.\n\nA fot\u00f3z\u00e1s \u00e9s fizet\u00e9s be\u00e9rkez\u00e9se ut\u00e1n elk\u00e9sz\u00edtem a l\u00e1tv\u00e1nytervet, amelyet e-mailben k\u00fcld\u00f6k el sz\u00e1modra.\nA j\u00f3v\u00e1hagy\u00e1sod ut\u00e1n kezd\u0151dik a gy\u00e1rt\u00e1s.\n\nA k\u00e9sz fot\u00f3k\u00f6nyvet gondosan csomagolva k\u00fcld\u00f6m, hogy s\u00e9r\u00fcl\u00e9smentesen \u00e9rkezzen meg hozz\u00e1d.\nEnn\u00e9l a term\u00e9kn\u00e9l a fot\u00f3z\u00e1s fel\u00e1rat k\u00e9rlek mindenk\u00e9pp pip\u00e1ld be. Ha saj\u00e1t k\u00e9pekb\u0151l szeretn\u00e9l fot\u00f3k\u00f6nyvet, n\u00e9zz sz\u00e9t a boltomban.\n\n","score":0,"formatted_price":"27 000 Ft","image_url":"https:\/\/www.meska.hu\/img\/product\/small\/k\/a\/katiseatelier_product_778775_260326143452_52181.jpeg","formatted_url":"https:\/\/www.meska.hu\/p5765660-premium-fotokonyv-20x20-fotozas","favourite":false,"in_stock":false,"avatar":"778775_avatar_1774345466.jpeg","delete_from":0,"is_enhanced_background":false,"is_enhanced":false,"product_selection_started":false,"is_active":true,"image_webp_url":"https:\/\/www.meska.hu\/img\/product\/small\/k\/a\/katiseatelier_product_778775_260326143452_52181.webp"},{"id":"4924290","shop_id":"24144","user_id":"274209","shop_name":"OtletLada","shop_zip":"7522","product_code":"5031972","product_name_old":null,"product_name":"Minimal Rose Gold Vend\u00e9gk\u00f6nyv met\u00e1l f\u00f3li\u00e1s felirattal 1 -  eml\u00e9kk\u00f6nyv - egyedi album - esk\u00fcv\u0151i eml\u00e9k - f\u00fczet \/ napl\u00f3","category_string":"Otthon & \u00c9letm\u00f3d, Pap\u00edr, \u00edr\u00f3szer, Album & Fot\u00f3album","technic_string":"Fot\u00f3, grafika, rajz, illusztr\u00e1ci\u00f3, K\u00f6nyvk\u00f6t\u00e9s","category_1":"813","category_2":"351","category_3":"353","category_4":"0","merged_category_1":"0","merged_category_2":"0","merged_category_3":"0","technic_1":"483","technic_2":"671","technic_3":"0","color_1":"519","color_2":"524","color_3":"0","product_description_old":null,"product_description":"B\u00e1rmilyen sz\u00f6veggel k\u00e9rheted! Arany vagy Rose Gold met\u00e1l f\u00f3li\u00e1val k\u00e9sz\u00fcl! Ha az esk\u00fcv\u0151d\u00f6n az egyik sz\u00edn az r\u00f3zsa arany lesz, m\u00e9gis valami egyszer\u0171t \u00e9s eleg\u00e1nsat keresel, akkor nem k\u00e9rd\u00e9s, hogy ez a vend\u00e9gk\u00f6nyv Neked - Nektek k\u00e9sz\u00fclt! Esk\u00fcv\u0151i vend\u00e9gk\u00f6nyv - ig\u00e9nyes \u00e9s modern design album.\n========================================\nRendel\u00e9skor \u00cdRD MEG NEKEM \/ v\u00e1laszd ki a k\u00f6vetkez\u0151ket: \n========================================\n\u2705 Milyen sz\u00f6veg ker\u00fclj\u00f6n a bor\u00edt\u00f3ra?\n\u2705 Melyik bet\u0171t\u00edpust v\u00e1lasztod? - (3. k\u00e9pen tal\u00e1lod)\n\u2705 Melyik szimb\u00f3lumot v\u00e1lasztod? - (4. k\u00e9pen tal\u00e1lod)\n\u2705 Arany vagy RoseGold felirat legyen? (...ha nem v\u00e1lasztasz, rosegold lesz!)\n\u2705 Matt vagy f\u00e9nyes h\u00e1tt\u00e9rrel k\u00e9sz\u00fclj\u00f6n a bor\u00edt\u00f3? (...ha nem v\u00e1lasztasz, matt h\u00e1tter\u0171 lesz f\u00e9nyes felirattal)\n(kos\u00e1r oldalra l\u00e9pve megjegyz\u00e9sben \u00edrhatod meg nekem)\n\n==============\nPARAM\u00c9TEREK:\n==============\n\u25b6\ufe0f Bel\u00edvek vastags\u00e1ga \u00e9s mennyis\u00e9ge v\u00e1laszthat\u00f3: 120g vagy 160g-os \u00fcres OFFSET feh\u00e9r lapok* - 40 db \/ 60 db azaz 80 vagy 120 oldalas\n\u25b6\ufe0f Feh\u00e9r f\u00e9m spir\u00e1llal (v\u00e1laszthat\u00f3 vastags\u00e1gban)\n\u25b6\ufe0f M\u00e9rete v\u00e1laszthat\u00f3: 210x190mm\n\u25b6\ufe0f Felirat sz\u00edne v\u00e1laszthat\u00f3: Arany vagy RoseGold\n\u25b6\ufe0f Fel\u00fclete: Matt f\u00f3li\u00e1s h\u00e1tt\u00e9r, f\u00e9nyes felirattal vagy f\u00e9nyes h\u00e1tt\u00e9r, f\u00e9nyes felirattal\n\n\u26a0\ufe0f BOR\u00cdT\u00d3JA l\u00e9zer nyomat - alapanyaga V\u00c1LASZTHAT\u00d3:\n\u2705 ALAP\u00c1RON: KEM\u00c9NY, de v\u00e9kony (kb 0,5mm) m\u0171anyag bor\u00edt\u00f3\n\u2705+1500 Ft-\u00e9rt v\u00e1laszthat\u00f3 2mm extra vastag, KEM\u00c9NY kartont\u00e1bl\u00e1ra k\u00e9sz\u00fclt bor\u00edt\u00f3val is.\n\nK\u00e9toldal\u00fa ragaszt\u00f3val k\u00e9peket is ragaszthattok bele, vagy ceruz\u00e1val, tollal is \u00edrhattok bele. \n\nN\u00e9zd meg a t\u00f6bbi term\u00e9kemet is:\nhttps:\/\/www.meska.hu\/shop\/OtletLada\n\n>>> Sz\u00e1ll\u00edt\u00e1si \u00e9s \u00c1TV\u00c9TELI inform\u00e1ci\u00f3kat a \"Sz\u00e1ll\u00edt\u00e1si Info\" f\u00fclre kattintva tal\u00e1lod\n\n>>> Fizet\u00e9si m\u00f3d - KIZ\u00c1R\u00d3LAG EL\u0150RE FIZET\u00c9SSEL: Bankk\u00e1rty\u00e1val \/ Barionnal \/\u00c1tutal\u00e1ssal vagy Banki befizet\u00e9ssel\n\n\u26a0\ufe0fFONTOS\u26a0\ufe0f Rendel\u00e9shez tedd kos\u00e1rba a term\u00e9ket \u00e9s a \"Kos\u00e1r\" oldalon az \"\u00dczenet az elad\u00f3nak\" r\u00e9szbe \u00edrd be, hogy milyen sz\u00f6veget \/ nevet k\u00e9rsz a bor\u00edt\u00f3ra.","price":"11000.00","unit":"db","recommended":"0","status":"1","sponsored":"0","exp_notify":"0","own_material":"0","own_material_description_old":null,"own_material_description":"","jury":"0","jury_number":"","product_nature":"","meskaracsony":"0","create_date":"2026-03-26 21:33:12","shelve_id":"73268","image":"otletlada_product_274209_230801233002_082714.jpeg","image_width":"480","image_height":"480","image_alt":"Minimal Rose Gold Vend\u00e9gk\u00f6nyv met\u00e1l f\u00f3li\u00e1s felirattal 1 -  eml\u00e9kk\u00f6nyv - egyedi album - esk\u00fcv\u0151i eml\u00e9k - f\u00fczet \/ napl\u00f3, B\u00e1rmilyen sz\u00f6veggel k\u00e9rheted! Arany vagy Rose Gold met\u00e1l f\u00f3li\u00e1val k\u00e9sz\u00fcl! Ha az esk\u00fcv\u0151d\u00f6n az egyik s..., Meska","image_title":"Minimal Rose Gold Vend\u00e9gk\u00f6nyv met\u00e1l f\u00f3li\u00e1s felirattal 1 -  eml\u00e9kk\u00f6nyv - egyedi album - esk\u00fcv\u0151i eml\u00e9k - f\u00fczet \/ napl\u00f3, Meska","view_count":"1069","favourite_count":"0","trending_score":"0","last2MonthFavouriteCount":"0","promotion":"0","giftcard_accept":"0","creditcard_accept":false,"enhanced_background":"0","domain":"meska","specific_customer_id":null,"specific_customer_name":null,"to_order_product":"1","to_order_product_time":"5","product_different":"quite_different","product_different_description":"A sz\u00ednek a monitor sz\u00edneit\u0151l nyomtat\u00e1sban elt\u00e9rhetnek.","vintage":"0","vintage_category_id":"0","recycled":"0","gemstone_id":"0","customizable":"1","type_category":"physical","zerowaste":"0","postage_price":"1290.00","shop_order":"117","has_category":"1","landing_pages":null,"microdata":{"number":57,"category":""},"title":"Minimal Rose Gold Vend\u00e9gk\u00f6nyv met\u00e1l f\u00f3li\u00e1s felirattal 1 -  eml\u00e9kk\u00f6nyv - egyedi album - esk\u00fcv\u0151i eml\u00e9k - f\u00fczet \/ napl\u00f3","description":"B\u00e1rmilyen sz\u00f6veggel k\u00e9rheted! Arany vagy Rose Gold met\u00e1l f\u00f3li\u00e1val k\u00e9sz\u00fcl! Ha az esk\u00fcv\u0151d\u00f6n az egyik sz\u00edn az r\u00f3zsa arany lesz, m\u00e9gis valami egyszer\u0171t \u00e9s eleg\u00e1nsat keresel, akkor nem k\u00e9rd\u00e9s, hogy ez a vend\u00e9gk\u00f6nyv Neked - Nektek k\u00e9sz\u00fclt! Esk\u00fcv\u0151i vend\u00e9gk\u00f6nyv - ig\u00e9nyes \u00e9s modern design album.\n========================================\nRendel\u00e9skor \u00cdRD MEG NEKEM \/ v\u00e1laszd ki a k\u00f6vetkez\u0151ket: \n========================================\n\u2705 Milyen sz\u00f6veg ker\u00fclj\u00f6n a bor\u00edt\u00f3ra?\n\u2705 Melyik bet\u0171t\u00edpust v\u00e1lasztod? - (3. k\u00e9pen tal\u00e1lod)\n\u2705 Melyik szimb\u00f3lumot v\u00e1lasztod? - (4. k\u00e9pen tal\u00e1lod)\n\u2705 Arany vagy RoseGold felirat legyen? (...ha nem v\u00e1lasztasz, rosegold lesz!)\n\u2705 Matt vagy f\u00e9nyes h\u00e1tt\u00e9rrel k\u00e9sz\u00fclj\u00f6n a bor\u00edt\u00f3? (...ha nem v\u00e1lasztasz, matt h\u00e1tter\u0171 lesz f\u00e9nyes felirattal)\n(kos\u00e1r oldalra l\u00e9pve megjegyz\u00e9sben \u00edrhatod meg nekem)\n\n==============\nPARAM\u00c9TEREK:\n==============\n\u25b6\ufe0f Bel\u00edvek vastags\u00e1ga \u00e9s mennyis\u00e9ge v\u00e1laszthat\u00f3: 120g vagy 160g-os \u00fcres OFFSET feh\u00e9r lapok* - 40 db \/ 60 db azaz 80 vagy 120 oldalas\n\u25b6\ufe0f Feh\u00e9r f\u00e9m spir\u00e1llal (v\u00e1laszthat\u00f3 vastags\u00e1gban)\n\u25b6\ufe0f M\u00e9rete v\u00e1laszthat\u00f3: 210x190mm\n\u25b6\ufe0f Felirat sz\u00edne v\u00e1laszthat\u00f3: Arany vagy RoseGold\n\u25b6\ufe0f Fel\u00fclete: Matt f\u00f3li\u00e1s h\u00e1tt\u00e9r, f\u00e9nyes felirattal vagy f\u00e9nyes h\u00e1tt\u00e9r, f\u00e9nyes felirattal\n\n\u26a0\ufe0f BOR\u00cdT\u00d3JA l\u00e9zer nyomat - alapanyaga V\u00c1LASZTHAT\u00d3:\n\u2705 ALAP\u00c1RON: KEM\u00c9NY, de v\u00e9kony (kb 0,5mm) m\u0171anyag bor\u00edt\u00f3\n\u2705+1500 Ft-\u00e9rt v\u00e1laszthat\u00f3 2mm extra vastag, KEM\u00c9NY kartont\u00e1bl\u00e1ra k\u00e9sz\u00fclt bor\u00edt\u00f3val is.\n\nK\u00e9toldal\u00fa ragaszt\u00f3val k\u00e9peket is ragaszthattok bele, vagy ceruz\u00e1val, tollal is \u00edrhattok bele. \n\nN\u00e9zd meg a t\u00f6bbi term\u00e9kemet is:\nhttps:\/\/www.meska.hu\/shop\/OtletLada\n\n>>> Sz\u00e1ll\u00edt\u00e1si \u00e9s \u00c1TV\u00c9TELI inform\u00e1ci\u00f3kat a \"Sz\u00e1ll\u00edt\u00e1si Info\" f\u00fclre kattintva tal\u00e1lod\n\n>>> Fizet\u00e9si m\u00f3d - KIZ\u00c1R\u00d3LAG EL\u0150RE FIZET\u00c9SSEL: Bankk\u00e1rty\u00e1val \/ Barionnal \/\u00c1tutal\u00e1ssal vagy Banki befizet\u00e9ssel\n\n\u26a0\ufe0fFONTOS\u26a0\ufe0f Rendel\u00e9shez tedd kos\u00e1rba a term\u00e9ket \u00e9s a \"Kos\u00e1r\" oldalon az \"\u00dczenet az elad\u00f3nak\" r\u00e9szbe \u00edrd be, hogy milyen sz\u00f6veget \/ nevet k\u00e9rsz a bor\u00edt\u00f3ra.","score":0,"formatted_price":"11 000 Ft","image_url":"https:\/\/www.meska.hu\/img\/product\/small\/o\/t\/otletlada_product_274209_230801233002_082714.jpeg","formatted_url":"https:\/\/www.meska.hu\/p5031972-minimal-rose-gold-vendegkonyv-metal-folias-felirattal-1-emlekkonyv-egyedi-album-eskuvoi-emlek-fuzet-naplo","favourite":false,"in_stock":false,"avatar":"274209_avatar_1697355906.jpeg","delete_from":0,"is_enhanced_background":false,"is_enhanced":false,"product_selection_started":false,"is_active":true,"image_webp_url":"https:\/\/www.meska.hu\/img\/product\/small\/o\/t\/otletlada_product_274209_230801233002_082714.webp"},{"id":"6168156","shop_id":"52330","user_id":"778775","shop_name":"KatiseAtelier","shop_zip":"8400","product_code":"5764813","product_name_old":null,"product_name":"Pr\u00e9mium Fot\u00f3k\u00f6nyv 15x15","category_string":"Otthon & \u00c9letm\u00f3d, Pap\u00edr, \u00edr\u00f3szer, Album & Fot\u00f3album","technic_string":"Fot\u00f3, grafika, rajz, illusztr\u00e1ci\u00f3","category_1":"813","category_2":"351","category_3":"353","category_4":"0","merged_category_1":null,"merged_category_2":null,"merged_category_3":null,"technic_1":"483","technic_2":"0","technic_3":"0","color_1":"515","color_2":"521","color_3":"527","product_description_old":null,"product_description":"Eml\u00e9kek, amelyek meg\u00e9rdemlik a t\u00f6k\u00e9letes form\u00e1t.\n\nEgy k\u00fcl\u00f6nleges fot\u00f3k\u00f6nyv, amelyben a legszebb eml\u00e9keid eleg\u00e1ns, id\u0151t\u00e1ll\u00f3 form\u00e1t kapnak.\nMinden darab egyedileg tervezett \u00e9s gondosan szerkesztett, pr\u00e9mium kivitelez\u00e9ssel.\n\nTerm\u00e9k jellemz\u0151i:\n-M\u00e9ret: 15x15 cm\n-12 lap, 16-20 fot\u00f3\n-Pr\u00e9mium min\u0151s\u00e9g\u0171 fot\u00f3k\u00f6nyv\n-Egyedileg \u00f6ssze\u00e1ll\u00edtott oldalak\n\nA t\u00f6k\u00e9letes v\u00e9geredm\u00e9ny \u00e9rdek\u00e9ben els\u0151sorban j\u00f3 min\u0151s\u00e9g\u0171, nagy felbont\u00e1s\u00fa fot\u00f3kra van sz\u00fcks\u00e9g. Mobiltelefonnal k\u00e9sz\u00fclt k\u00e9pekkel is dolgozom, amennyiben azok megfelel\u0151 min\u0151s\u00e9g\u0171ek. \/A nem megfelel\u0151 min\u0151s\u00e9g\u0171 fot\u00f3k eset\u00e9n a v\u00e9geredm\u00e9ny\u00e9rt nem tudok felel\u0151ss\u00e9get v\u00e1llalni.\/\n\nHelyezd a kosaradba a term\u00e9ket \u00e9s add le a rendel\u00e9st.\nA visszaigazol\u00f3 e-mailben megadott el\u00e9rhet\u0151s\u00e9gen k\u00fcldd el a sz\u00fcks\u00e9ges adatokat \u00e9s a fot\u00f3kat.\nAz alap\u00e1rban a bor\u00edt\u00f3n szerepl\u0151 feliratoz\u00e1s szerepel.\nHa egyedi elk\u00e9pzel\u00e9sed van, pl. t\u00f6bb k\u00e9pet szeretn\u00e9l a k\u00f6nyvbe k\u00e9rlek rendel\u00e9s el\u0151tt vedd fel velem a kapcsolatot, hogy a lehet\u0151 legjobban meg tudjam val\u00f3s\u00edtani az elk\u00e9pzel\u00e9sed.\n\nA fizet\u00e9s be\u00e9rkez\u00e9se ut\u00e1n elk\u00e9sz\u00edtem a l\u00e1tv\u00e1nytervet, amelyet e-mailben k\u00fcld\u00f6k el sz\u00e1modra.\nA j\u00f3v\u00e1hagy\u00e1sod ut\u00e1n kezd\u0151dik a gy\u00e1rt\u00e1s.\n\nA k\u00e9sz fot\u00f3k\u00f6nyvet gondosan csomagolva k\u00fcld\u00f6m, hogy s\u00e9r\u00fcl\u00e9smentesen \u00e9rkezzen meg hozz\u00e1d.\n\/A k\u00e9peken l\u00e1that\u00f3 fot\u00f3kat k\u00e9sz\u00edtette: Kov\u00e1cs Kata-Boudo Art Fot\u00f3\/\n","price":"22000.00","unit":"db","recommended":"0","status":"1","sponsored":"0","exp_notify":"0","own_material":"0","own_material_description_old":null,"own_material_description":"","jury":"0","jury_number":"","product_nature":"","meskaracsony":"0","create_date":"2026-03-26 15:05:45","shelve_id":"0","image":"katiseatelier_product_778775_260326145801_821536.jpeg","image_width":"480","image_height":"480","image_alt":"Pr\u00e9mium Fot\u00f3k\u00f6nyv 15x15, Eml\u00e9kek, amelyek meg\u00e9rdemlik a t\u00f6k\u00e9letes form\u00e1t.\\n\\nEgy k\u00fcl\u00f6nleges fot\u00f3k\u00f6nyv, amelyben a legszebb eml\u00e9..., Meska","image_title":"Pr\u00e9mium Fot\u00f3k\u00f6nyv 15x15, Meska","view_count":"52","favourite_count":"0","trending_score":"0","last2MonthFavouriteCount":"0","promotion":"0","giftcard_accept":"0","creditcard_accept":false,"enhanced_background":"0","domain":"meska","specific_customer_id":null,"specific_customer_name":null,"to_order_product":"1","to_order_product_time":"14","product_different":null,"product_different_description":"","vintage":"0","vintage_category_id":"0","recycled":"0","gemstone_id":"0","customizable":"1","type_category":"physical","zerowaste":"0","postage_price":"1349.00","shop_order":"0","has_category":"1","landing_pages":null,"microdata":{"number":58,"category":""},"title":"Pr\u00e9mium Fot\u00f3k\u00f6nyv 15x15","description":"Eml\u00e9kek, amelyek meg\u00e9rdemlik a t\u00f6k\u00e9letes form\u00e1t.\n\nEgy k\u00fcl\u00f6nleges fot\u00f3k\u00f6nyv, amelyben a legszebb eml\u00e9keid eleg\u00e1ns, id\u0151t\u00e1ll\u00f3 form\u00e1t kapnak.\nMinden darab egyedileg tervezett \u00e9s gondosan szerkesztett, pr\u00e9mium kivitelez\u00e9ssel.\n\nTerm\u00e9k jellemz\u0151i:\n-M\u00e9ret: 15x15 cm\n-12 lap, 16-20 fot\u00f3\n-Pr\u00e9mium min\u0151s\u00e9g\u0171 fot\u00f3k\u00f6nyv\n-Egyedileg \u00f6ssze\u00e1ll\u00edtott oldalak\n\nA t\u00f6k\u00e9letes v\u00e9geredm\u00e9ny \u00e9rdek\u00e9ben els\u0151sorban j\u00f3 min\u0151s\u00e9g\u0171, nagy felbont\u00e1s\u00fa fot\u00f3kra van sz\u00fcks\u00e9g. Mobiltelefonnal k\u00e9sz\u00fclt k\u00e9pekkel is dolgozom, amennyiben azok megfelel\u0151 min\u0151s\u00e9g\u0171ek. \/A nem megfelel\u0151 min\u0151s\u00e9g\u0171 fot\u00f3k eset\u00e9n a v\u00e9geredm\u00e9ny\u00e9rt nem tudok felel\u0151ss\u00e9get v\u00e1llalni.\/\n\nHelyezd a kosaradba a term\u00e9ket \u00e9s add le a rendel\u00e9st.\nA visszaigazol\u00f3 e-mailben megadott el\u00e9rhet\u0151s\u00e9gen k\u00fcldd el a sz\u00fcks\u00e9ges adatokat \u00e9s a fot\u00f3kat.\nAz alap\u00e1rban a bor\u00edt\u00f3n szerepl\u0151 feliratoz\u00e1s szerepel.\nHa egyedi elk\u00e9pzel\u00e9sed van, pl. t\u00f6bb k\u00e9pet szeretn\u00e9l a k\u00f6nyvbe k\u00e9rlek rendel\u00e9s el\u0151tt vedd fel velem a kapcsolatot, hogy a lehet\u0151 legjobban meg tudjam val\u00f3s\u00edtani az elk\u00e9pzel\u00e9sed.\n\nA fizet\u00e9s be\u00e9rkez\u00e9se ut\u00e1n elk\u00e9sz\u00edtem a l\u00e1tv\u00e1nytervet, amelyet e-mailben k\u00fcld\u00f6k el sz\u00e1modra.\nA j\u00f3v\u00e1hagy\u00e1sod ut\u00e1n kezd\u0151dik a gy\u00e1rt\u00e1s.\n\nA k\u00e9sz fot\u00f3k\u00f6nyvet gondosan csomagolva k\u00fcld\u00f6m, hogy s\u00e9r\u00fcl\u00e9smentesen \u00e9rkezzen meg hozz\u00e1d.\n\/A k\u00e9peken l\u00e1that\u00f3 fot\u00f3kat k\u00e9sz\u00edtette: Kov\u00e1cs Kata-Boudo Art Fot\u00f3\/\n","score":0,"formatted_price":"22 000 Ft","image_url":"https:\/\/www.meska.hu\/img\/product\/small\/k\/a\/katiseatelier_product_778775_260326145801_821536.jpeg","formatted_url":"https:\/\/www.meska.hu\/p5764813-premium-fotokonyv-15x15","favourite":false,"in_stock":false,"avatar":"778775_avatar_1774345466.jpeg","delete_from":0,"is_enhanced_background":false,"is_enhanced":false,"product_selection_started":false,"is_active":true,"image_webp_url":"https:\/\/www.meska.hu\/img\/product\/small\/k\/a\/katiseatelier_product_778775_260326145801_821536.webp"},{"id":"6168145","shop_id":"52330","user_id":"778775","shop_name":"KatiseAtelier","shop_zip":"8400","product_code":"5764810","product_name_old":null,"product_name":"Pr\u00e9mium Fot\u00f3k\u00f6nyv 30x30","category_string":"Otthon & \u00c9letm\u00f3d, Pap\u00edr, \u00edr\u00f3szer, Album & Fot\u00f3album","technic_string":"Fot\u00f3, grafika, rajz, illusztr\u00e1ci\u00f3","category_1":"813","category_2":"351","category_3":"353","category_4":"0","merged_category_1":null,"merged_category_2":null,"merged_category_3":null,"technic_1":"483","technic_2":"0","technic_3":"0","color_1":"515","color_2":"521","color_3":"527","product_description_old":null,"product_description":"Eml\u00e9kek, amelyek meg\u00e9rdemlik a t\u00f6k\u00e9letes form\u00e1t.\n\nEgy k\u00fcl\u00f6nleges fot\u00f3k\u00f6nyv, amelyben a legszebb eml\u00e9keid eleg\u00e1ns, id\u0151t\u00e1ll\u00f3 form\u00e1t kapnak.\nMinden darab egyedileg tervezett \u00e9s gondosan szerkesztett, pr\u00e9mium kivitelez\u00e9ssel.\n\nTerm\u00e9k jellemz\u0151i:\n-M\u00e9ret: 30\u00d730 cm\n-12 lap, 16-20 fot\u00f3\n-Pr\u00e9mium min\u0151s\u00e9g\u0171 fot\u00f3k\u00f6nyv\n-Egyedileg \u00f6ssze\u00e1ll\u00edtott oldalak\n\nA t\u00f6k\u00e9letes v\u00e9geredm\u00e9ny \u00e9rdek\u00e9ben els\u0151sorban j\u00f3 min\u0151s\u00e9g\u0171, nagy felbont\u00e1s\u00fa fot\u00f3kra van sz\u00fcks\u00e9g. Mobiltelefonnal k\u00e9sz\u00fclt k\u00e9pekkel is dolgozom, amennyiben azok megfelel\u0151 min\u0151s\u00e9g\u0171ek. \/A nem megfelel\u0151 min\u0151s\u00e9g\u0171 fot\u00f3k eset\u00e9n a v\u00e9geredm\u00e9ny\u00e9rt nem tudok felel\u0151ss\u00e9get v\u00e1llalni.\/\n\nHelyezd a kosaradba a term\u00e9ket \u00e9s add le a rendel\u00e9st.\nA visszaigazol\u00f3 e-mailben megadott el\u00e9rhet\u0151s\u00e9gen k\u00fcldd el a sz\u00fcks\u00e9ges adatokat \u00e9s a fot\u00f3kat.\nT\u00f6bbf\u00e9le bor\u00edt\u00f3sz\u00edn k\u00f6z\u00fcl v\u00e1laszthatsz.\nHa egyedi elk\u00e9pzel\u00e9sed van, pl. t\u00f6bb k\u00e9pet szeretn\u00e9l a k\u00f6nyvbe k\u00e9rlek rendel\u00e9s el\u0151tt vedd fel velem a kapcsolatot, hogy a lehet\u0151 legjobban meg tudjam val\u00f3s\u00edtani az elk\u00e9pzel\u00e9sed.\n\nA fizet\u00e9s be\u00e9rkez\u00e9se ut\u00e1n elk\u00e9sz\u00edtem a l\u00e1tv\u00e1nytervet, amelyet e-mailben k\u00fcld\u00f6k el sz\u00e1modra.\nA j\u00f3v\u00e1hagy\u00e1sod ut\u00e1n kezd\u0151dik a gy\u00e1rt\u00e1s.\n\nA k\u00e9sz fot\u00f3k\u00f6nyvet gondosan csomagolva k\u00fcld\u00f6m, hogy s\u00e9r\u00fcl\u00e9smentesen \u00e9rkezzen meg hozz\u00e1d.\n\/A k\u00e9peken l\u00e1that\u00f3 fot\u00f3kat k\u00e9sz\u00edtette: Kov\u00e1cs Kata-Boudo Art Fot\u00f3\/\n","price":"33000.00","unit":"db","recommended":"0","status":"1","sponsored":"0","exp_notify":"0","own_material":"0","own_material_description_old":null,"own_material_description":"","jury":"0","jury_number":"","product_nature":"","meskaracsony":"0","create_date":"2026-03-26 14:56:57","shelve_id":"0","image":"katiseatelier_product_778775_260326143451_390179.jpeg","image_width":"480","image_height":"480","image_alt":"Pr\u00e9mium Fot\u00f3k\u00f6nyv 30x30, Eml\u00e9kek, amelyek meg\u00e9rdemlik a t\u00f6k\u00e9letes form\u00e1t.\\n\\nEgy k\u00fcl\u00f6nleges fot\u00f3k\u00f6nyv, amelyben a legszebb eml\u00e9..., Meska","image_title":"Pr\u00e9mium Fot\u00f3k\u00f6nyv 30x30, Meska","view_count":"41","favourite_count":"0","trending_score":"0","last2MonthFavouriteCount":"0","promotion":"0","giftcard_accept":"0","creditcard_accept":false,"enhanced_background":"0","domain":"meska","specific_customer_id":null,"specific_customer_name":null,"to_order_product":"1","to_order_product_time":"14","product_different":null,"product_different_description":"","vintage":"0","vintage_category_id":"0","recycled":"0","gemstone_id":"0","customizable":"1","type_category":"physical","zerowaste":"0","postage_price":"1349.00","shop_order":"0","has_category":"1","landing_pages":null,"microdata":{"number":59,"category":""},"title":"Pr\u00e9mium Fot\u00f3k\u00f6nyv 30x30","description":"Eml\u00e9kek, amelyek meg\u00e9rdemlik a t\u00f6k\u00e9letes form\u00e1t.\n\nEgy k\u00fcl\u00f6nleges fot\u00f3k\u00f6nyv, amelyben a legszebb eml\u00e9keid eleg\u00e1ns, id\u0151t\u00e1ll\u00f3 form\u00e1t kapnak.\nMinden darab egyedileg tervezett \u00e9s gondosan szerkesztett, pr\u00e9mium kivitelez\u00e9ssel.\n\nTerm\u00e9k jellemz\u0151i:\n-M\u00e9ret: 30\u00d730 cm\n-12 lap, 16-20 fot\u00f3\n-Pr\u00e9mium min\u0151s\u00e9g\u0171 fot\u00f3k\u00f6nyv\n-Egyedileg \u00f6ssze\u00e1ll\u00edtott oldalak\n\nA t\u00f6k\u00e9letes v\u00e9geredm\u00e9ny \u00e9rdek\u00e9ben els\u0151sorban j\u00f3 min\u0151s\u00e9g\u0171, nagy felbont\u00e1s\u00fa fot\u00f3kra van sz\u00fcks\u00e9g. Mobiltelefonnal k\u00e9sz\u00fclt k\u00e9pekkel is dolgozom, amennyiben azok megfelel\u0151 min\u0151s\u00e9g\u0171ek. \/A nem megfelel\u0151 min\u0151s\u00e9g\u0171 fot\u00f3k eset\u00e9n a v\u00e9geredm\u00e9ny\u00e9rt nem tudok felel\u0151ss\u00e9get v\u00e1llalni.\/\n\nHelyezd a kosaradba a term\u00e9ket \u00e9s add le a rendel\u00e9st.\nA visszaigazol\u00f3 e-mailben megadott el\u00e9rhet\u0151s\u00e9gen k\u00fcldd el a sz\u00fcks\u00e9ges adatokat \u00e9s a fot\u00f3kat.\nT\u00f6bbf\u00e9le bor\u00edt\u00f3sz\u00edn k\u00f6z\u00fcl v\u00e1laszthatsz.\nHa egyedi elk\u00e9pzel\u00e9sed van, pl. t\u00f6bb k\u00e9pet szeretn\u00e9l a k\u00f6nyvbe k\u00e9rlek rendel\u00e9s el\u0151tt vedd fel velem a kapcsolatot, hogy a lehet\u0151 legjobban meg tudjam val\u00f3s\u00edtani az elk\u00e9pzel\u00e9sed.\n\nA fizet\u00e9s be\u00e9rkez\u00e9se ut\u00e1n elk\u00e9sz\u00edtem a l\u00e1tv\u00e1nytervet, amelyet e-mailben k\u00fcld\u00f6k el sz\u00e1modra.\nA j\u00f3v\u00e1hagy\u00e1sod ut\u00e1n kezd\u0151dik a gy\u00e1rt\u00e1s.\n\nA k\u00e9sz fot\u00f3k\u00f6nyvet gondosan csomagolva k\u00fcld\u00f6m, hogy s\u00e9r\u00fcl\u00e9smentesen \u00e9rkezzen meg hozz\u00e1d.\n\/A k\u00e9peken l\u00e1that\u00f3 fot\u00f3kat k\u00e9sz\u00edtette: Kov\u00e1cs Kata-Boudo Art Fot\u00f3\/\n","score":0,"formatted_price":"33 000 Ft","image_url":"https:\/\/www.meska.hu\/img\/product\/small\/k\/a\/katiseatelier_product_778775_260326143451_390179.jpeg","formatted_url":"https:\/\/www.meska.hu\/p5764810-premium-fotokonyv-30x30","favourite":false,"in_stock":false,"avatar":"778775_avatar_1774345466.jpeg","delete_from":0,"is_enhanced_background":false,"is_enhanced":false,"product_selection_started":false,"is_active":true,"image_webp_url":"https:\/\/www.meska.hu\/img\/product\/small\/k\/a\/katiseatelier_product_778775_260326143451_390179.webp"},{"id":"6168141","shop_id":"52330","user_id":"778775","shop_name":"KatiseAtelier","shop_zip":"8400","product_code":"5764807","product_name_old":null,"product_name":"Pr\u00e9mium Fot\u00f3k\u00f6nyv 20x30","category_string":"Otthon & \u00c9letm\u00f3d, Pap\u00edr, \u00edr\u00f3szer, Album & Fot\u00f3album","technic_string":"Fot\u00f3, grafika, rajz, illusztr\u00e1ci\u00f3","category_1":"813","category_2":"351","category_3":"353","category_4":"0","merged_category_1":null,"merged_category_2":null,"merged_category_3":null,"technic_1":"483","technic_2":"0","technic_3":"0","color_1":"515","color_2":"521","color_3":"527","product_description_old":null,"product_description":"Eml\u00e9kek, amelyek meg\u00e9rdemlik a t\u00f6k\u00e9letes form\u00e1t.\n\nEgy k\u00fcl\u00f6nleges fot\u00f3k\u00f6nyv, amelyben a legszebb eml\u00e9keid eleg\u00e1ns, id\u0151t\u00e1ll\u00f3 form\u00e1t kapnak.\nMinden darab egyedileg tervezett \u00e9s gondosan szerkesztett, pr\u00e9mium kivitelez\u00e9ssel.\n\nTerm\u00e9k jellemz\u0151i:\n-M\u00e9ret: 20\u00d730 cm\n-12 lap, 16-20 fot\u00f3\n-Pr\u00e9mium min\u0151s\u00e9g\u0171 fot\u00f3k\u00f6nyv\n-Egyedileg \u00f6ssze\u00e1ll\u00edtott oldalak\n\nA t\u00f6k\u00e9letes v\u00e9geredm\u00e9ny \u00e9rdek\u00e9ben els\u0151sorban j\u00f3 min\u0151s\u00e9g\u0171, nagy felbont\u00e1s\u00fa fot\u00f3kra van sz\u00fcks\u00e9g. Mobiltelefonnal k\u00e9sz\u00fclt k\u00e9pekkel is dolgozom, amennyiben azok megfelel\u0151 min\u0151s\u00e9g\u0171ek. \/A nem megfelel\u0151 min\u0151s\u00e9g\u0171 fot\u00f3k eset\u00e9n a v\u00e9geredm\u00e9ny\u00e9rt nem tudok felel\u0151ss\u00e9get v\u00e1llalni.\/\n\nHelyezd a kosaradba a term\u00e9ket \u00e9s add le a rendel\u00e9st.\nA visszaigazol\u00f3 e-mailben megadott el\u00e9rhet\u0151s\u00e9gen k\u00fcldd el a sz\u00fcks\u00e9ges adatokat \u00e9s a fot\u00f3kat.\nT\u00f6bbf\u00e9le bor\u00edt\u00f3sz\u00edn k\u00f6z\u00fcl v\u00e1laszthatsz.\nHa egyedi elk\u00e9pzel\u00e9sed van, pl. t\u00f6bb k\u00e9pet szeretn\u00e9l a k\u00f6nyvbe k\u00e9rlek rendel\u00e9s el\u0151tt vedd fel velem a kapcsolatot, hogy a lehet\u0151 legjobban meg tudjam val\u00f3s\u00edtani az elk\u00e9pzel\u00e9sed.\n\nA fizet\u00e9s be\u00e9rkez\u00e9se ut\u00e1n elk\u00e9sz\u00edtem a l\u00e1tv\u00e1nytervet, amelyet e-mailben k\u00fcld\u00f6k el sz\u00e1modra.\nA j\u00f3v\u00e1hagy\u00e1sod ut\u00e1n kezd\u0151dik a gy\u00e1rt\u00e1s.\n\nA k\u00e9sz fot\u00f3k\u00f6nyvet gondosan csomagolva k\u00fcld\u00f6m, hogy s\u00e9r\u00fcl\u00e9smentesen \u00e9rkezzen meg hozz\u00e1d.\n\/A k\u00e9peken l\u00e1that\u00f3 fot\u00f3kat k\u00e9sz\u00edtette: Kov\u00e1cs Kata-Boudo Art Fot\u00f3\/\n","price":"27000.00","unit":"db","recommended":"0","status":"1","sponsored":"0","exp_notify":"0","own_material":"0","own_material_description_old":null,"own_material_description":"","jury":"0","jury_number":"","product_nature":"","meskaracsony":"0","create_date":"2026-03-26 14:55:47","shelve_id":"0","image":"katiseatelier_product_778775_260326143454_843431.jpeg","image_width":"480","image_height":"480","image_alt":"Pr\u00e9mium Fot\u00f3k\u00f6nyv 20x30, Eml\u00e9kek, amelyek meg\u00e9rdemlik a t\u00f6k\u00e9letes form\u00e1t.\\n\\nEgy k\u00fcl\u00f6nleges fot\u00f3k\u00f6nyv, amelyben a legszebb eml\u00e9..., Meska","image_title":"Pr\u00e9mium Fot\u00f3k\u00f6nyv 20x30, Meska","view_count":"48","favourite_count":"0","trending_score":"0","last2MonthFavouriteCount":"0","promotion":"0","giftcard_accept":"0","creditcard_accept":false,"enhanced_background":"0","domain":"meska","specific_customer_id":null,"specific_customer_name":null,"to_order_product":"1","to_order_product_time":"14","product_different":null,"product_different_description":"","vintage":"0","vintage_category_id":"0","recycled":"0","gemstone_id":"0","customizable":"1","type_category":"physical","zerowaste":"0","postage_price":"1349.00","shop_order":"0","has_category":"1","landing_pages":null,"microdata":{"number":60,"category":""},"title":"Pr\u00e9mium Fot\u00f3k\u00f6nyv 20x30","description":"Eml\u00e9kek, amelyek meg\u00e9rdemlik a t\u00f6k\u00e9letes form\u00e1t.\n\nEgy k\u00fcl\u00f6nleges fot\u00f3k\u00f6nyv, amelyben a legszebb eml\u00e9keid eleg\u00e1ns, id\u0151t\u00e1ll\u00f3 form\u00e1t kapnak.\nMinden darab egyedileg tervezett \u00e9s gondosan szerkesztett, pr\u00e9mium kivitelez\u00e9ssel.\n\nTerm\u00e9k jellemz\u0151i:\n-M\u00e9ret: 20\u00d730 cm\n-12 lap, 16-20 fot\u00f3\n-Pr\u00e9mium min\u0151s\u00e9g\u0171 fot\u00f3k\u00f6nyv\n-Egyedileg \u00f6ssze\u00e1ll\u00edtott oldalak\n\nA t\u00f6k\u00e9letes v\u00e9geredm\u00e9ny \u00e9rdek\u00e9ben els\u0151sorban j\u00f3 min\u0151s\u00e9g\u0171, nagy felbont\u00e1s\u00fa fot\u00f3kra van sz\u00fcks\u00e9g. Mobiltelefonnal k\u00e9sz\u00fclt k\u00e9pekkel is dolgozom, amennyiben azok megfelel\u0151 min\u0151s\u00e9g\u0171ek. \/A nem megfelel\u0151 min\u0151s\u00e9g\u0171 fot\u00f3k eset\u00e9n a v\u00e9geredm\u00e9ny\u00e9rt nem tudok felel\u0151ss\u00e9get v\u00e1llalni.\/\n\nHelyezd a kosaradba a term\u00e9ket \u00e9s add le a rendel\u00e9st.\nA visszaigazol\u00f3 e-mailben megadott el\u00e9rhet\u0151s\u00e9gen k\u00fcldd el a sz\u00fcks\u00e9ges adatokat \u00e9s a fot\u00f3kat.\nT\u00f6bbf\u00e9le bor\u00edt\u00f3sz\u00edn k\u00f6z\u00fcl v\u00e1laszthatsz.\nHa egyedi elk\u00e9pzel\u00e9sed van, pl. t\u00f6bb k\u00e9pet szeretn\u00e9l a k\u00f6nyvbe k\u00e9rlek rendel\u00e9s el\u0151tt vedd fel velem a kapcsolatot, hogy a lehet\u0151 legjobban meg tudjam val\u00f3s\u00edtani az elk\u00e9pzel\u00e9sed.\n\nA fizet\u00e9s be\u00e9rkez\u00e9se ut\u00e1n elk\u00e9sz\u00edtem a l\u00e1tv\u00e1nytervet, amelyet e-mailben k\u00fcld\u00f6k el sz\u00e1modra.\nA j\u00f3v\u00e1hagy\u00e1sod ut\u00e1n kezd\u0151dik a gy\u00e1rt\u00e1s.\n\nA k\u00e9sz fot\u00f3k\u00f6nyvet gondosan csomagolva k\u00fcld\u00f6m, hogy s\u00e9r\u00fcl\u00e9smentesen \u00e9rkezzen meg hozz\u00e1d.\n\/A k\u00e9peken l\u00e1that\u00f3 fot\u00f3kat k\u00e9sz\u00edtette: Kov\u00e1cs Kata-Boudo Art Fot\u00f3\/\n","score":0,"formatted_price":"27 000 Ft","image_url":"https:\/\/www.meska.hu\/img\/product\/small\/k\/a\/katiseatelier_product_778775_260326143454_843431.jpeg","formatted_url":"https:\/\/www.meska.hu\/p5764807-premium-fotokonyv-20x30","favourite":false,"in_stock":false,"avatar":"778775_avatar_1774345466.jpeg","delete_from":0,"is_enhanced_background":false,"is_enhanced":false,"product_selection_started":false,"is_active":true,"image_webp_url":"https:\/\/www.meska.hu\/img\/product\/small\/k\/a\/katiseatelier_product_778775_260326143454_843431.webp"},{"id":"6168134","shop_id":"52330","user_id":"778775","shop_name":"KatiseAtelier","shop_zip":"8400","product_code":"5764804","product_name_old":null,"product_name":"Pr\u00e9mium Fot\u00f3k\u00f6nyv 20x20","category_string":"Otthon & \u00c9letm\u00f3d, Pap\u00edr, \u00edr\u00f3szer, Album & Fot\u00f3album","technic_string":"Fot\u00f3, grafika, rajz, illusztr\u00e1ci\u00f3","category_1":"813","category_2":"351","category_3":"353","category_4":"0","merged_category_1":null,"merged_category_2":null,"merged_category_3":null,"technic_1":"483","technic_2":"0","technic_3":"0","color_1":"515","color_2":"521","color_3":"527","product_description_old":null,"product_description":"Eml\u00e9kek, amelyek meg\u00e9rdemlik a t\u00f6k\u00e9letes form\u00e1t.\n\nEgy k\u00fcl\u00f6nleges fot\u00f3k\u00f6nyv, amelyben a legszebb eml\u00e9keid eleg\u00e1ns, id\u0151t\u00e1ll\u00f3 form\u00e1t kapnak.\nMinden darab egyedileg tervezett \u00e9s gondosan szerkesztett, pr\u00e9mium kivitelez\u00e9ssel.\n\nTerm\u00e9k jellemz\u0151i:\n-M\u00e9ret: 20\u00d720 cm\n-12 lap, 16-20 fot\u00f3\n-Pr\u00e9mium min\u0151s\u00e9g\u0171 fot\u00f3k\u00f6nyv\n-Egyedileg \u00f6ssze\u00e1ll\u00edtott oldalak\n\nA t\u00f6k\u00e9letes v\u00e9geredm\u00e9ny \u00e9rdek\u00e9ben els\u0151sorban j\u00f3 min\u0151s\u00e9g\u0171, nagy felbont\u00e1s\u00fa fot\u00f3kra van sz\u00fcks\u00e9g. Mobiltelefonnal k\u00e9sz\u00fclt k\u00e9pekkel is dolgozom, amennyiben azok megfelel\u0151 min\u0151s\u00e9g\u0171ek. \/A nem megfelel\u0151 min\u0151s\u00e9g\u0171 fot\u00f3k eset\u00e9n a v\u00e9geredm\u00e9ny\u00e9rt nem tudok felel\u0151ss\u00e9get v\u00e1llalni.\/\n\nHelyezd a kosaradba a term\u00e9ket \u00e9s add le a rendel\u00e9st.\nA visszaigazol\u00f3 e-mailben megadott el\u00e9rhet\u0151s\u00e9gen k\u00fcldd el a sz\u00fcks\u00e9ges adatokat \u00e9s a fot\u00f3kat.\nT\u00f6bbf\u00e9le bor\u00edt\u00f3sz\u00edn k\u00f6z\u00fcl v\u00e1laszthatsz.\nHa egyedi elk\u00e9pzel\u00e9sed van, pl. t\u00f6bb k\u00e9pet szeretn\u00e9l a k\u00f6nyvbe k\u00e9rlek rendel\u00e9s el\u0151tt vedd fel velem a kapcsolatot, hogy a lehet\u0151 legjobban meg tudjam val\u00f3s\u00edtani az elk\u00e9pzel\u00e9sed.\n\nA fizet\u00e9s be\u00e9rkez\u00e9se ut\u00e1n elk\u00e9sz\u00edtem a l\u00e1tv\u00e1nytervet, amelyet e-mailben k\u00fcld\u00f6k el sz\u00e1modra.\nA j\u00f3v\u00e1hagy\u00e1sod ut\u00e1n kezd\u0151dik a gy\u00e1rt\u00e1s.\n\nA k\u00e9sz fot\u00f3k\u00f6nyvet gondosan csomagolva k\u00fcld\u00f6m, hogy s\u00e9r\u00fcl\u00e9smentesen \u00e9rkezzen meg hozz\u00e1d.\n\/A k\u00e9peken l\u00e1that\u00f3 fot\u00f3kat k\u00e9sz\u00edtette: Kov\u00e1cs Kata-Boudo Art Fot\u00f3\/\n","price":"27000.00","unit":"db","recommended":"0","status":"1","sponsored":"0","exp_notify":"0","own_material":"0","own_material_description_old":null,"own_material_description":"","jury":"0","jury_number":"","product_nature":"","meskaracsony":"0","create_date":"2026-03-26 14:48:27","shelve_id":"0","image":"katiseatelier_product_778775_260326143452_52181.jpeg","image_width":"480","image_height":"480","image_alt":"Pr\u00e9mium Fot\u00f3k\u00f6nyv 20x20, Eml\u00e9kek, amelyek meg\u00e9rdemlik a t\u00f6k\u00e9letes form\u00e1t.\\n\\nEgy k\u00fcl\u00f6nleges fot\u00f3k\u00f6nyv, amelyben a legszebb eml\u00e9..., Meska","image_title":"Pr\u00e9mium Fot\u00f3k\u00f6nyv 20x20, Meska","view_count":"55","favourite_count":"0","trending_score":"0","last2MonthFavouriteCount":"0","promotion":"0","giftcard_accept":"0","creditcard_accept":false,"enhanced_background":"0","domain":"meska","specific_customer_id":null,"specific_customer_name":null,"to_order_product":"1","to_order_product_time":"14","product_different":null,"product_different_description":"","vintage":"0","vintage_category_id":"0","recycled":"0","gemstone_id":"0","customizable":"1","type_category":"physical","zerowaste":"0","postage_price":"1349.00","shop_order":"0","has_category":"1","landing_pages":null,"microdata":{"number":61,"category":""},"title":"Pr\u00e9mium Fot\u00f3k\u00f6nyv 20x20","description":"Eml\u00e9kek, amelyek meg\u00e9rdemlik a t\u00f6k\u00e9letes form\u00e1t.\n\nEgy k\u00fcl\u00f6nleges fot\u00f3k\u00f6nyv, amelyben a legszebb eml\u00e9keid eleg\u00e1ns, id\u0151t\u00e1ll\u00f3 form\u00e1t kapnak.\nMinden darab egyedileg tervezett \u00e9s gondosan szerkesztett, pr\u00e9mium kivitelez\u00e9ssel.\n\nTerm\u00e9k jellemz\u0151i:\n-M\u00e9ret: 20\u00d720 cm\n-12 lap, 16-20 fot\u00f3\n-Pr\u00e9mium min\u0151s\u00e9g\u0171 fot\u00f3k\u00f6nyv\n-Egyedileg \u00f6ssze\u00e1ll\u00edtott oldalak\n\nA t\u00f6k\u00e9letes v\u00e9geredm\u00e9ny \u00e9rdek\u00e9ben els\u0151sorban j\u00f3 min\u0151s\u00e9g\u0171, nagy felbont\u00e1s\u00fa fot\u00f3kra van sz\u00fcks\u00e9g. Mobiltelefonnal k\u00e9sz\u00fclt k\u00e9pekkel is dolgozom, amennyiben azok megfelel\u0151 min\u0151s\u00e9g\u0171ek. \/A nem megfelel\u0151 min\u0151s\u00e9g\u0171 fot\u00f3k eset\u00e9n a v\u00e9geredm\u00e9ny\u00e9rt nem tudok felel\u0151ss\u00e9get v\u00e1llalni.\/\n\nHelyezd a kosaradba a term\u00e9ket \u00e9s add le a rendel\u00e9st.\nA visszaigazol\u00f3 e-mailben megadott el\u00e9rhet\u0151s\u00e9gen k\u00fcldd el a sz\u00fcks\u00e9ges adatokat \u00e9s a fot\u00f3kat.\nT\u00f6bbf\u00e9le bor\u00edt\u00f3sz\u00edn k\u00f6z\u00fcl v\u00e1laszthatsz.\nHa egyedi elk\u00e9pzel\u00e9sed van, pl. t\u00f6bb k\u00e9pet szeretn\u00e9l a k\u00f6nyvbe k\u00e9rlek rendel\u00e9s el\u0151tt vedd fel velem a kapcsolatot, hogy a lehet\u0151 legjobban meg tudjam val\u00f3s\u00edtani az elk\u00e9pzel\u00e9sed.\n\nA fizet\u00e9s be\u00e9rkez\u00e9se ut\u00e1n elk\u00e9sz\u00edtem a l\u00e1tv\u00e1nytervet, amelyet e-mailben k\u00fcld\u00f6k el sz\u00e1modra.\nA j\u00f3v\u00e1hagy\u00e1sod ut\u00e1n kezd\u0151dik a gy\u00e1rt\u00e1s.\n\nA k\u00e9sz fot\u00f3k\u00f6nyvet gondosan csomagolva k\u00fcld\u00f6m, hogy s\u00e9r\u00fcl\u00e9smentesen \u00e9rkezzen meg hozz\u00e1d.\n\/A k\u00e9peken l\u00e1that\u00f3 fot\u00f3kat k\u00e9sz\u00edtette: Kov\u00e1cs Kata-Boudo Art Fot\u00f3\/\n","score":0,"formatted_price":"27 000 Ft","image_url":"https:\/\/www.meska.hu\/img\/product\/small\/k\/a\/katiseatelier_product_778775_260326143452_52181.jpeg","formatted_url":"https:\/\/www.meska.hu\/p5764804-premium-fotokonyv-20x20","favourite":false,"in_stock":false,"avatar":"778775_avatar_1774345466.jpeg","delete_from":0,"is_enhanced_background":false,"is_enhanced":false,"product_selection_started":false,"is_active":true,"image_webp_url":"https:\/\/www.meska.hu\/img\/product\/small\/k\/a\/katiseatelier_product_778775_260326143452_52181.webp"},{"id":"4886979","shop_id":"24144","user_id":"274209","shop_name":"OtletLada","shop_zip":"7522","product_code":"5008549","product_name_old":null,"product_name":"Minimal Vend\u00e9gk\u00f6nyv arany hat\u00e1s\u00fa felirattal 2. -  eml\u00e9kk\u00f6nyv - egyedi album - esk\u00fcv\u0151i eml\u00e9k - f\u00fczet \/ napl\u00f3","category_string":"Otthon & \u00c9letm\u00f3d, Pap\u00edr, \u00edr\u00f3szer, Album & Fot\u00f3album","technic_string":"Fot\u00f3, grafika, rajz, illusztr\u00e1ci\u00f3, K\u00f6nyvk\u00f6t\u00e9s","category_1":"813","category_2":"351","category_3":"353","category_4":"0","merged_category_1":"0","merged_category_2":"0","merged_category_3":"0","technic_1":"483","technic_2":"671","technic_3":"0","color_1":"512","color_2":"519","color_3":"0","product_description_old":null,"product_description":"V\u00e1laszthat\u00f3 m\u00e9retben \u00e9s b\u00e1rmilyen sz\u00f6veggel! Ha az esk\u00fcv\u0151d\u00f6n az egyik sz\u00edn az arany lesz, m\u00e9gis valami egyszer\u0171t \u00e9s eleg\u00e1nsat keresel, akkor nem k\u00e9rd\u00e9s, hogy ez a vend\u00e9gk\u00f6nyv Neked - Nektek k\u00e9sz\u00fclt! Esk\u00fcv\u0151i vend\u00e9gk\u00f6nyv - ig\u00e9nyes \u00e9s modern design album.\n========================================\nRendel\u00e9skor \u00cdRD MEG NEKEM a k\u00f6vetkez\u0151ket: \n========================================\n\u2705 Milyen sz\u00f6veg ker\u00fclj\u00f6n a bor\u00edt\u00f3ra?\n\u2705 Melyik bet\u0171t\u00edpust v\u00e1lasztod? - (3. k\u00e9pen tal\u00e1lod)\n\u2705 Melyik szimb\u00f3lumot v\u00e1lasztod? - (4. k\u00e9pen tal\u00e1lod)\n(kos\u00e1r oldalra l\u00e9pve megjegyz\u00e9sben \u00edrhatod meg)\n\n==============\nPARAM\u00c9TEREK:\n==============\n\u25b6\ufe0f Bel\u00edvek vastags\u00e1ga \u00e9s mennyis\u00e9ge v\u00e1laszthat\u00f3: 120g vagy 160g-os \u00fcres OFFSET feh\u00e9r lapok* - 40 db \/ 60 db \/ 80 db\n\u25b6\ufe0f Fekete vagy feh\u00e9r f\u00e9m spir\u00e1llal\n\u25b6\ufe0f M\u00e9rete v\u00e1laszthat\u00f3: 210x190mm vagy 210x300mm\n\n\u26a0\ufe0f BOR\u00cdT\u00d3JA l\u00e9zer nyomat - alapanyaga V\u00c1LASZTHAT\u00d3:\n\u2705 ALAP\u00c1RON: KEM\u00c9NY, de v\u00e9kony (kb 0,5mm) m\u0171anyag bor\u00edt\u00f3\n\u2705+1500 Ft-\u00e9rt v\u00e1laszthat\u00f3 2mm extra vastag, KEM\u00c9NY kartont\u00e1bl\u00e1ra k\u00e9sz\u00fclt bor\u00edt\u00f3val is.\n\nK\u00e9toldal\u00fa ragaszt\u00f3val k\u00e9peket is ragaszthattok bele, vagy ceruz\u00e1val, tollal is \u00edrhattok bele. \n\nN\u00e9zd meg a t\u00f6bbi term\u00e9kemet is:\nhttps:\/\/www.meska.hu\/shop\/OtletLada\n\n>>> Sz\u00e1ll\u00edt\u00e1si \u00e9s \u00c1TV\u00c9TELI inform\u00e1ci\u00f3kat a \"Sz\u00e1ll\u00edt\u00e1si Info\" f\u00fclre kattintva tal\u00e1lod\n\n>>> Fizet\u00e9si m\u00f3d - KIZ\u00c1R\u00d3LAG EL\u0150RE FIZET\u00c9SSEL: Bankk\u00e1rty\u00e1val \/ Barionnal \/\u00c1tutal\u00e1ssal vagy Banki befizet\u00e9ssel\n\n\u26a0\ufe0fFONTOS\u26a0\ufe0f Rendel\u00e9shez tedd kos\u00e1rba a term\u00e9ket \u00e9s a \"Kos\u00e1r\" oldalon az \"\u00dczenet az elad\u00f3nak\" r\u00e9szbe \u00edrd be, hogy milyen sz\u00f6veget \/ nevet k\u00e9rsz a bor\u00edt\u00f3ra.","price":"8900.00","unit":"db","recommended":"0","status":"1","sponsored":"0","exp_notify":"0","own_material":"0","own_material_description_old":null,"own_material_description":"","jury":"0","jury_number":"","product_nature":"","meskaracsony":"0","create_date":"2026-03-26 07:27:26","shelve_id":"73268","image":"otletlada_product_274209_230701221811_059722.jpeg","image_width":"480","image_height":"480","image_alt":"Minimal Vend\u00e9gk\u00f6nyv arany hat\u00e1s\u00fa felirattal 2. -  eml\u00e9kk\u00f6nyv - egyedi album - esk\u00fcv\u0151i eml\u00e9k - f\u00fczet \/ napl\u00f3, V\u00e1laszthat\u00f3 m\u00e9retben \u00e9s b\u00e1rmilyen sz\u00f6veggel! Ha az esk\u00fcv\u0151d\u00f6n az egyik sz\u00edn az arany lesz, m\u00e9gis vala..., Meska","image_title":"Minimal Vend\u00e9gk\u00f6nyv arany hat\u00e1s\u00fa felirattal 2. -  eml\u00e9kk\u00f6nyv - egyedi album - esk\u00fcv\u0151i eml\u00e9k - f\u00fczet \/ napl\u00f3, Meska","view_count":"1487","favourite_count":"0","trending_score":"0","last2MonthFavouriteCount":"0","promotion":"0","giftcard_accept":"0","creditcard_accept":false,"enhanced_background":"0","domain":"meska","specific_customer_id":null,"specific_customer_name":null,"to_order_product":"1","to_order_product_time":"5","product_different":"quite_different","product_different_description":"A sz\u00ednek a monitor sz\u00edneit\u0151l nyomtat\u00e1sban elt\u00e9rhetnek.","vintage":"0","vintage_category_id":"0","recycled":"0","gemstone_id":"0","customizable":"1","type_category":"physical","zerowaste":"0","postage_price":"1290.00","shop_order":"119","has_category":"1","landing_pages":null,"microdata":{"number":62,"category":""},"title":"Minimal Vend\u00e9gk\u00f6nyv arany hat\u00e1s\u00fa felirattal 2. -  eml\u00e9kk\u00f6nyv - egyedi album - esk\u00fcv\u0151i eml\u00e9k - f\u00fczet \/ napl\u00f3","description":"V\u00e1laszthat\u00f3 m\u00e9retben \u00e9s b\u00e1rmilyen sz\u00f6veggel! Ha az esk\u00fcv\u0151d\u00f6n az egyik sz\u00edn az arany lesz, m\u00e9gis valami egyszer\u0171t \u00e9s eleg\u00e1nsat keresel, akkor nem k\u00e9rd\u00e9s, hogy ez a vend\u00e9gk\u00f6nyv Neked - Nektek k\u00e9sz\u00fclt! Esk\u00fcv\u0151i vend\u00e9gk\u00f6nyv - ig\u00e9nyes \u00e9s modern design album.\n========================================\nRendel\u00e9skor \u00cdRD MEG NEKEM a k\u00f6vetkez\u0151ket: \n========================================\n\u2705 Milyen sz\u00f6veg ker\u00fclj\u00f6n a bor\u00edt\u00f3ra?\n\u2705 Melyik bet\u0171t\u00edpust v\u00e1lasztod? - (3. k\u00e9pen tal\u00e1lod)\n\u2705 Melyik szimb\u00f3lumot v\u00e1lasztod? - (4. k\u00e9pen tal\u00e1lod)\n(kos\u00e1r oldalra l\u00e9pve megjegyz\u00e9sben \u00edrhatod meg)\n\n==============\nPARAM\u00c9TEREK:\n==============\n\u25b6\ufe0f Bel\u00edvek vastags\u00e1ga \u00e9s mennyis\u00e9ge v\u00e1laszthat\u00f3: 120g vagy 160g-os \u00fcres OFFSET feh\u00e9r lapok* - 40 db \/ 60 db \/ 80 db\n\u25b6\ufe0f Fekete vagy feh\u00e9r f\u00e9m spir\u00e1llal\n\u25b6\ufe0f M\u00e9rete v\u00e1laszthat\u00f3: 210x190mm vagy 210x300mm\n\n\u26a0\ufe0f BOR\u00cdT\u00d3JA l\u00e9zer nyomat - alapanyaga V\u00c1LASZTHAT\u00d3:\n\u2705 ALAP\u00c1RON: KEM\u00c9NY, de v\u00e9kony (kb 0,5mm) m\u0171anyag bor\u00edt\u00f3\n\u2705+1500 Ft-\u00e9rt v\u00e1laszthat\u00f3 2mm extra vastag, KEM\u00c9NY kartont\u00e1bl\u00e1ra k\u00e9sz\u00fclt bor\u00edt\u00f3val is.\n\nK\u00e9toldal\u00fa ragaszt\u00f3val k\u00e9peket is ragaszthattok bele, vagy ceruz\u00e1val, tollal is \u00edrhattok bele. \n\nN\u00e9zd meg a t\u00f6bbi term\u00e9kemet is:\nhttps:\/\/www.meska.hu\/shop\/OtletLada\n\n>>> Sz\u00e1ll\u00edt\u00e1si \u00e9s \u00c1TV\u00c9TELI inform\u00e1ci\u00f3kat a \"Sz\u00e1ll\u00edt\u00e1si Info\" f\u00fclre kattintva tal\u00e1lod\n\n>>> Fizet\u00e9si m\u00f3d - KIZ\u00c1R\u00d3LAG EL\u0150RE FIZET\u00c9SSEL: Bankk\u00e1rty\u00e1val \/ Barionnal \/\u00c1tutal\u00e1ssal vagy Banki befizet\u00e9ssel\n\n\u26a0\ufe0fFONTOS\u26a0\ufe0f Rendel\u00e9shez tedd kos\u00e1rba a term\u00e9ket \u00e9s a \"Kos\u00e1r\" oldalon az \"\u00dczenet az elad\u00f3nak\" r\u00e9szbe \u00edrd be, hogy milyen sz\u00f6veget \/ nevet k\u00e9rsz a bor\u00edt\u00f3ra.","score":0,"formatted_price":"8 900 Ft","image_url":"https:\/\/www.meska.hu\/img\/product\/small\/o\/t\/otletlada_product_274209_230701221811_059722.jpeg","formatted_url":"https:\/\/www.meska.hu\/p5008549-minimal-vendegkonyv-arany-hatasu-felirattal-2-emlekkonyv-egyedi-album-eskuvoi-emlek-fuzet-naplo","favourite":false,"in_stock":false,"avatar":"274209_avatar_1697355906.jpeg","delete_from":0,"is_enhanced_background":false,"is_enhanced":false,"product_selection_started":false,"is_active":true,"image_webp_url":"https:\/\/www.meska.hu\/img\/product\/small\/o\/t\/otletlada_product_274209_230701221811_059722.webp"},{"id":"4877080","shop_id":"24144","user_id":"274209","shop_name":"OtletLada","shop_zip":"7522","product_code":"5003242","product_name_old":null,"product_name":"Romantikus csipke mint\u00e1s vend\u00e9gk\u00f6nyv \/ eml\u00e9kk\u00f6nyv - egyedi album - esk\u00fcv\u0151i eml\u00e9k - f\u00fczet \/ napl\u00f3","category_string":"Otthon & \u00c9letm\u00f3d, Pap\u00edr, \u00edr\u00f3szer, Album & Fot\u00f3album","technic_string":"Fot\u00f3, grafika, rajz, illusztr\u00e1ci\u00f3, K\u00f6nyvk\u00f6t\u00e9s","category_1":"813","category_2":"351","category_3":"353","category_4":"0","merged_category_1":"0","merged_category_2":"0","merged_category_3":"0","technic_1":"483","technic_2":"671","technic_3":"0","color_1":"514","color_2":"519","color_3":"0","product_description_old":null,"product_description":"Esk\u00fcv\u0151i vend\u00e9gk\u00f6ny - ig\u00e9nyes \u00e9s modern design album.\n\nPARAM\u00c9TEREK:\n\u25b6\ufe0f Bel\u00edvek vastags\u00e1ga \u00e9s mennyis\u00e9ge v\u00e1laszthat\u00f3: 120g vagy 160g-os \u00fcres OFFSET feh\u00e9r lapok* - 40 db \/ 60 db\n\u25b6\ufe0f Fekete vagy feh\u00e9r f\u00e9m spir\u00e1llal\n\u25b6\ufe0f M\u00e9rete v\u00e1laszthat\u00f3: 210x190mm vagy 210x300mm\n\n\u26a0\ufe0f BOR\u00cdT\u00d3JA l\u00e9zer nyomat - alapanyaga V\u00c1LASZTHAT\u00d3:\n\u2705 ALAP\u00c1RON: KEM\u00c9NY, de v\u00e9kony (kb 0,5mm) m\u0171anyag bor\u00edt\u00f3\n\u2705+1500 Ft-\u00e9rt v\u00e1laszthat\u00f3 2mm extra vastag, KEM\u00c9NY kartont\u00e1bl\u00e1ra k\u00e9sz\u00fclt bor\u00edt\u00f3val is.\n\nK\u00e9toldal\u00fa ragaszt\u00f3val k\u00e9peket is ragaszthattok bele, vagy ceruz\u00e1val, tollal is \u00edrhattok bele. \n\nN\u00e9zd meg a t\u00f6bbi term\u00e9kemet is:\nhttps:\/\/www.meska.hu\/shop\/OtletLada\n\n>>> Sz\u00e1ll\u00edt\u00e1si \u00e9s \u00c1TV\u00c9TELI inform\u00e1ci\u00f3kat a \"Sz\u00e1ll\u00edt\u00e1si Info\" f\u00fclre kattintva tal\u00e1lod\n\n>>> Fizet\u00e9si m\u00f3d - KIZ\u00c1R\u00d3LAG EL\u0150RE FIZET\u00c9SSEL: Bankk\u00e1rty\u00e1val \/ Barionnal \/\u00c1tutal\u00e1ssal vagy Banki befizet\u00e9ssel\n\n\u26a0\ufe0fFONTOS\u26a0\ufe0f Rendel\u00e9shez tedd kos\u00e1rba a term\u00e9ket \u00e9s a \"Kos\u00e1r\" oldalon az \"\u00dczenet az elad\u00f3nak\" r\u00e9szbe \u00edrd be, hogy milyen sz\u00f6veget \/ nevet k\u00e9rsz a bor\u00edt\u00f3ra.","price":"7900.00","unit":"db","recommended":"0","status":"1","sponsored":"0","exp_notify":"0","own_material":"0","own_material_description_old":null,"own_material_description":"","jury":"0","jury_number":"","product_nature":"","meskaracsony":"0","create_date":"2026-03-23 10:03:52","shelve_id":"73268","image":"otletlada_product_274209_230620112538_914444.jpeg","image_width":"480","image_height":"480","image_alt":"Romantikus csipke mint\u00e1s vend\u00e9gk\u00f6nyv \/ eml\u00e9kk\u00f6nyv - egyedi album - esk\u00fcv\u0151i eml\u00e9k - f\u00fczet \/ napl\u00f3, Esk\u00fcv\u0151i vend\u00e9gk\u00f6ny - ig\u00e9nyes \u00e9s modern design album.\\n\\nPARAM\u00c9TEREK:\\n\u25b6\ufe0f Bel\u00edvek vastags\u00e1ga \u00e9s mennyis\u00e9..., Meska","image_title":"Romantikus csipke mint\u00e1s vend\u00e9gk\u00f6nyv \/ eml\u00e9kk\u00f6nyv - egyedi album - esk\u00fcv\u0151i eml\u00e9k - f\u00fczet \/ napl\u00f3, Meska","view_count":"1334","favourite_count":"0","trending_score":"0","last2MonthFavouriteCount":"0","promotion":"0","giftcard_accept":"0","creditcard_accept":false,"enhanced_background":"0","domain":"meska","specific_customer_id":null,"specific_customer_name":null,"to_order_product":"1","to_order_product_time":"5","product_different":"quite_different","product_different_description":"A sz\u00ednek a monitor sz\u00edneit\u0151l nyomtat\u00e1sban elt\u00e9rhetnek.","vintage":"0","vintage_category_id":"0","recycled":"0","gemstone_id":"0","customizable":"1","type_category":"physical","zerowaste":"0","postage_price":"1290.00","shop_order":"121","has_category":"1","landing_pages":null,"microdata":{"number":63,"category":""},"title":"Romantikus csipke mint\u00e1s vend\u00e9gk\u00f6nyv \/ eml\u00e9kk\u00f6nyv - egyedi album - esk\u00fcv\u0151i eml\u00e9k - f\u00fczet \/ napl\u00f3","description":"Esk\u00fcv\u0151i vend\u00e9gk\u00f6ny - ig\u00e9nyes \u00e9s modern design album.\n\nPARAM\u00c9TEREK:\n\u25b6\ufe0f Bel\u00edvek vastags\u00e1ga \u00e9s mennyis\u00e9ge v\u00e1laszthat\u00f3: 120g vagy 160g-os \u00fcres OFFSET feh\u00e9r lapok* - 40 db \/ 60 db\n\u25b6\ufe0f Fekete vagy feh\u00e9r f\u00e9m spir\u00e1llal\n\u25b6\ufe0f M\u00e9rete v\u00e1laszthat\u00f3: 210x190mm vagy 210x300mm\n\n\u26a0\ufe0f BOR\u00cdT\u00d3JA l\u00e9zer nyomat - alapanyaga V\u00c1LASZTHAT\u00d3:\n\u2705 ALAP\u00c1RON: KEM\u00c9NY, de v\u00e9kony (kb 0,5mm) m\u0171anyag bor\u00edt\u00f3\n\u2705+1500 Ft-\u00e9rt v\u00e1laszthat\u00f3 2mm extra vastag, KEM\u00c9NY kartont\u00e1bl\u00e1ra k\u00e9sz\u00fclt bor\u00edt\u00f3val is.\n\nK\u00e9toldal\u00fa ragaszt\u00f3val k\u00e9peket is ragaszthattok bele, vagy ceruz\u00e1val, tollal is \u00edrhattok bele. \n\nN\u00e9zd meg a t\u00f6bbi term\u00e9kemet is:\nhttps:\/\/www.meska.hu\/shop\/OtletLada\n\n>>> Sz\u00e1ll\u00edt\u00e1si \u00e9s \u00c1TV\u00c9TELI inform\u00e1ci\u00f3kat a \"Sz\u00e1ll\u00edt\u00e1si Info\" f\u00fclre kattintva tal\u00e1lod\n\n>>> Fizet\u00e9si m\u00f3d - KIZ\u00c1R\u00d3LAG EL\u0150RE FIZET\u00c9SSEL: Bankk\u00e1rty\u00e1val \/ Barionnal \/\u00c1tutal\u00e1ssal vagy Banki befizet\u00e9ssel\n\n\u26a0\ufe0fFONTOS\u26a0\ufe0f Rendel\u00e9shez tedd kos\u00e1rba a term\u00e9ket \u00e9s a \"Kos\u00e1r\" oldalon az \"\u00dczenet az elad\u00f3nak\" r\u00e9szbe \u00edrd be, hogy milyen sz\u00f6veget \/ nevet k\u00e9rsz a bor\u00edt\u00f3ra.","score":0,"formatted_price":"7 900 Ft","image_url":"https:\/\/www.meska.hu\/img\/product\/small\/o\/t\/otletlada_product_274209_230620112538_914444.jpeg","formatted_url":"https:\/\/www.meska.hu\/p5003242-romantikus-csipke-mintas-vendegkonyv-emlekkonyv-egyedi-album-eskuvoi-emlek-fuzet-naplo","favourite":false,"in_stock":false,"avatar":"274209_avatar_1697355906.jpeg","delete_from":0,"is_enhanced_background":false,"is_enhanced":false,"product_selection_started":false,"is_active":true,"image_webp_url":"https:\/\/www.meska.hu\/img\/product\/small\/o\/t\/otletlada_product_274209_230620112538_914444.webp"},{"id":"3492898","shop_id":"34376","user_id":"449121","shop_name":"KreativKriszta","shop_zip":"6640","product_code":"4586194","product_name_old":null,"product_name":"Baba fot\u00f3k\u00f6nyv - Scrapbook st\u00edlusban - Any\u00e1k napj\u00e1ra","category_string":"Otthon & \u00c9letm\u00f3d, Pap\u00edr, \u00edr\u00f3szer, Album & Fot\u00f3album","technic_string":"Fot\u00f3, grafika, rajz, illusztr\u00e1ci\u00f3","category_1":"813","category_2":"351","category_3":"353","category_4":"0","merged_category_1":null,"merged_category_2":null,"merged_category_3":null,"technic_1":"483","technic_2":"0","technic_3":"0","color_1":"519","color_2":"532","color_3":"533","product_description_old":null,"product_description":"Digit\u00e1lis fot\u00f3id k\u00f6nyv alakban, hogy kedvenc felv\u00e9teleid m\u00e9lt\u00f3 hely\u00fckre ker\u00fcljenek!\nAz \u00edgy elrendezett k\u00e9pekb\u0151l nagyszer\u0171 aj\u00e1nd\u00e9k is lehet a sz\u00fcl\u0151knek, nagysz\u00fcl\u0151knek, bar\u00e1taidnak, magatoknak. T\u00f6k\u00e9letes aj\u00e1nd\u00e9k lehet any\u00e1k napj\u00e1ra.\n\n15x15 cm, 12 oldal + 4 oldal bor\u00edt\u00f3, teh\u00e1t \u00f6sszesen 16 oldal.\nJ\u00f3 min\u0151s\u00e9g\u0171 matt m\u0171nyom\u00f3 pap\u00edrra nyomtatva (bel\u00edvek 160 g-os, bor\u00edt\u00f3 200 g-os ).\nK\u00f6t\u00e9szet\u00e9t tekintve lehet spir\u00e1lozott, irkaf\u0171z\u00f6tt (t\u0171z\u00f6tt) vagy szalaggal \u00f6sszef\u0171z\u00f6tt.\n\nK\u00fcldd el az e-mail c\u00edmemre a j\u00f3 min\u0151s\u00e9g\u0171 fot\u00f3idat,\n21 db fot\u00f3t (kisebb fot\u00f3k eset\u00e9n max 30 db fot\u00f3t)\n\u00e9s \u00f6ssze\u00e1ll\u00edtom ezt a vid\u00e1m, egyedi scrapbook st\u00edlus\u00fa fot\u00f3k\u00f6nyvet.\nTov\u00e1bb\u00e1 1-2 sz\u00f3val, vagy r\u00f6vid mondattal kommentelheted a k\u00e9peidet.\n\nAz \u00e1r az adott grafik\u00e1ra \u00e9rv\u00e9nyes!\nSaj\u00e1t elk\u00e9pzel\u00e9sed is sz\u00edvesen megval\u00f3s\u00edtom.\nHa k\u00e9rd\u00e9sed van sz\u00edvesen v\u00e1laszolok!\n\n","price":"7400.00","unit":"db","recommended":"0","status":"1","sponsored":"0","exp_notify":"0","own_material":"0","own_material_description_old":null,"own_material_description":"","jury":"0","jury_number":"","product_nature":"","meskaracsony":"0","create_date":"2026-03-21 23:56:30","shelve_id":"68769","image":"kreativkriszta_product_449121_220410114658_866231.jpeg","image_width":"480","image_height":"600","image_alt":"Baba fot\u00f3k\u00f6nyv - Scrapbook st\u00edlusban - Any\u00e1k napj\u00e1ra, Digit\u00e1lis fot\u00f3id k\u00f6nyv alakban, hogy kedvenc felv\u00e9teleid m\u00e9lt\u00f3 hely\u00fckre ker\u00fcljenek!\\nAz \u00edgy elrendeze..., Meska","image_title":"Baba fot\u00f3k\u00f6nyv - Scrapbook st\u00edlusban - Any\u00e1k napj\u00e1ra, Meska","view_count":"1050","favourite_count":"0","trending_score":"0","last2MonthFavouriteCount":"0","promotion":"0","giftcard_accept":"0","creditcard_accept":true,"enhanced_background":"0","domain":"meska","specific_customer_id":null,"specific_customer_name":null,"to_order_product":"1","to_order_product_time":"10","product_different":"not_different","product_different_description":"","vintage":"0","vintage_category_id":"0","recycled":"0","gemstone_id":"0","customizable":"0","type_category":"physical","zerowaste":"0","postage_price":"2390.00","shop_order":"0","has_category":"1","landing_pages":null,"microdata":{"number":64,"category":""},"title":"Baba fot\u00f3k\u00f6nyv - Scrapbook st\u00edlusban - Any\u00e1k napj\u00e1ra","description":"Digit\u00e1lis fot\u00f3id k\u00f6nyv alakban, hogy kedvenc felv\u00e9teleid m\u00e9lt\u00f3 hely\u00fckre ker\u00fcljenek!\nAz \u00edgy elrendezett k\u00e9pekb\u0151l nagyszer\u0171 aj\u00e1nd\u00e9k is lehet a sz\u00fcl\u0151knek, nagysz\u00fcl\u0151knek, bar\u00e1taidnak, magatoknak. T\u00f6k\u00e9letes aj\u00e1nd\u00e9k lehet any\u00e1k napj\u00e1ra.\n\n15x15 cm, 12 oldal + 4 oldal bor\u00edt\u00f3, teh\u00e1t \u00f6sszesen 16 oldal.\nJ\u00f3 min\u0151s\u00e9g\u0171 matt m\u0171nyom\u00f3 pap\u00edrra nyomtatva (bel\u00edvek 160 g-os, bor\u00edt\u00f3 200 g-os ).\nK\u00f6t\u00e9szet\u00e9t tekintve lehet spir\u00e1lozott, irkaf\u0171z\u00f6tt (t\u0171z\u00f6tt) vagy szalaggal \u00f6sszef\u0171z\u00f6tt.\n\nK\u00fcldd el az e-mail c\u00edmemre a j\u00f3 min\u0151s\u00e9g\u0171 fot\u00f3idat,\n21 db fot\u00f3t (kisebb fot\u00f3k eset\u00e9n max 30 db fot\u00f3t)\n\u00e9s \u00f6ssze\u00e1ll\u00edtom ezt a vid\u00e1m, egyedi scrapbook st\u00edlus\u00fa fot\u00f3k\u00f6nyvet.\nTov\u00e1bb\u00e1 1-2 sz\u00f3val, vagy r\u00f6vid mondattal kommentelheted a k\u00e9peidet.\n\nAz \u00e1r az adott grafik\u00e1ra \u00e9rv\u00e9nyes!\nSaj\u00e1t elk\u00e9pzel\u00e9sed is sz\u00edvesen megval\u00f3s\u00edtom.\nHa k\u00e9rd\u00e9sed van sz\u00edvesen v\u00e1laszolok!\n\n","score":0,"formatted_price":"7 400 Ft","image_url":"https:\/\/www.meska.hu\/img\/product\/small\/k\/r\/kreativkriszta_product_449121_220410114658_866231.jpeg","formatted_url":"https:\/\/www.meska.hu\/p4586194-baba-fotokonyv-scrapbook-stilusban-anyak-napjara","favourite":false,"in_stock":false,"avatar":"KreativKriszta_avatar_449121_1630746420.jpg","delete_from":0,"is_enhanced_background":false,"is_enhanced":false,"product_selection_started":false,"is_active":true,"image_webp_url":"https:\/\/www.meska.hu\/img\/product\/small\/k\/r\/kreativkriszta_product_449121_220410114658_866231.webp"},{"id":"3492842","shop_id":"34376","user_id":"449121","shop_name":"KreativKriszta","shop_zip":"6640","product_code":"4586729","product_name_old":null,"product_name":"Baba fot\u00f3k\u00f6nyv - K\u00e9zm\u0171ves bor\u00edt\u00f3val - Any\u00e1k napj\u00e1ra","category_string":"Otthon & \u00c9letm\u00f3d, Pap\u00edr, \u00edr\u00f3szer, Album & Fot\u00f3album","technic_string":"Fot\u00f3, grafika, rajz, illusztr\u00e1ci\u00f3","category_1":"813","category_2":"351","category_3":"353","category_4":"0","merged_category_1":null,"merged_category_2":null,"merged_category_3":null,"technic_1":"483","technic_2":"0","technic_3":"0","color_1":"519","color_2":"532","color_3":"533","product_description_old":null,"product_description":"Digit\u00e1lis fot\u00f3id k\u00f6nyv alakban, hogy kedvenc felv\u00e9teleid m\u00e9lt\u00f3 hely\u00fckre ker\u00fcljenek!\nAz \u00edgy elrendezett k\u00e9pekb\u0151l nagyszer\u0171 aj\u00e1nd\u00e9k is lehet a sz\u00fcl\u0151knek, nagysz\u00fcl\u0151knek, bar\u00e1taidnak, magatoknak. T\u00f6k\u00e9letes aj\u00e1nd\u00e9k any\u00e1k napj\u00e1ra.\n\n15x15 cm, 16 oldal + k\u00e9zm\u0171ves bor\u00edt\u00f3.\nJ\u00f3 min\u0151s\u00e9g\u0171 matt m\u0171nyom\u00f3 pap\u00edrra nyomtatva.\n\nK\u00fcldd el az e-mail c\u00edmemre a j\u00f3 min\u0151s\u00e9g\u0171 fot\u00f3idat,\n21 db fot\u00f3t (kisebb fot\u00f3k eset\u00e9n max 30 db fot\u00f3t)\n\u00e9s \u00f6ssze\u00e1ll\u00edtom ezt a vid\u00e1m, egyedi scrapbook st\u00edlus\u00fa fot\u00f3k\u00f6nyvet.\nTov\u00e1bb\u00e1 1-2 sz\u00f3val, vagy r\u00f6vid mondattal kommentelheted a k\u00e9peidet.\n\nAz \u00e1r az adott grafik\u00e1ra \u00e9rv\u00e9nyes!\nSaj\u00e1t elk\u00e9pzel\u00e9sed is sz\u00edvesen megval\u00f3s\u00edtom.\nHa k\u00e9rd\u00e9sed van sz\u00edvesen v\u00e1laszolok!\n\n","price":"10000.00","unit":"db","recommended":"0","status":"1","sponsored":"0","exp_notify":"0","own_material":"0","own_material_description_old":null,"own_material_description":"","jury":"0","jury_number":"","product_nature":"","meskaracsony":"0","create_date":"2026-03-21 00:50:10","shelve_id":"68769","image":"kreativkriszta_product_449121_220410174941_867322.jpeg","image_width":"480","image_height":"480","image_alt":"Baba fot\u00f3k\u00f6nyv - K\u00e9zm\u0171ves bor\u00edt\u00f3val - Any\u00e1k napj\u00e1ra, Digit\u00e1lis fot\u00f3id k\u00f6nyv alakban, hogy kedvenc felv\u00e9teleid m\u00e9lt\u00f3 hely\u00fckre ker\u00fcljenek!\\nAz \u00edgy elrendeze..., Meska","image_title":"Baba fot\u00f3k\u00f6nyv - K\u00e9zm\u0171ves bor\u00edt\u00f3val - Any\u00e1k napj\u00e1ra, Meska","view_count":"1175","favourite_count":"0","trending_score":"0","last2MonthFavouriteCount":"0","promotion":"0","giftcard_accept":"0","creditcard_accept":true,"enhanced_background":"0","domain":"meska","specific_customer_id":null,"specific_customer_name":null,"to_order_product":"1","to_order_product_time":"10","product_different":"not_different","product_different_description":"","vintage":"0","vintage_category_id":"0","recycled":"0","gemstone_id":"0","customizable":"0","type_category":"physical","zerowaste":"0","postage_price":"2390.00","shop_order":"0","has_category":"1","landing_pages":null,"microdata":{"number":65,"category":""},"title":"Baba fot\u00f3k\u00f6nyv - K\u00e9zm\u0171ves bor\u00edt\u00f3val - Any\u00e1k napj\u00e1ra","description":"Digit\u00e1lis fot\u00f3id k\u00f6nyv alakban, hogy kedvenc felv\u00e9teleid m\u00e9lt\u00f3 hely\u00fckre ker\u00fcljenek!\nAz \u00edgy elrendezett k\u00e9pekb\u0151l nagyszer\u0171 aj\u00e1nd\u00e9k is lehet a sz\u00fcl\u0151knek, nagysz\u00fcl\u0151knek, bar\u00e1taidnak, magatoknak. T\u00f6k\u00e9letes aj\u00e1nd\u00e9k any\u00e1k napj\u00e1ra.\n\n15x15 cm, 16 oldal + k\u00e9zm\u0171ves bor\u00edt\u00f3.\nJ\u00f3 min\u0151s\u00e9g\u0171 matt m\u0171nyom\u00f3 pap\u00edrra nyomtatva.\n\nK\u00fcldd el az e-mail c\u00edmemre a j\u00f3 min\u0151s\u00e9g\u0171 fot\u00f3idat,\n21 db fot\u00f3t (kisebb fot\u00f3k eset\u00e9n max 30 db fot\u00f3t)\n\u00e9s \u00f6ssze\u00e1ll\u00edtom ezt a vid\u00e1m, egyedi scrapbook st\u00edlus\u00fa fot\u00f3k\u00f6nyvet.\nTov\u00e1bb\u00e1 1-2 sz\u00f3val, vagy r\u00f6vid mondattal kommentelheted a k\u00e9peidet.\n\nAz \u00e1r az adott grafik\u00e1ra \u00e9rv\u00e9nyes!\nSaj\u00e1t elk\u00e9pzel\u00e9sed is sz\u00edvesen megval\u00f3s\u00edtom.\nHa k\u00e9rd\u00e9sed van sz\u00edvesen v\u00e1laszolok!\n\n","score":0,"formatted_price":"10 000 Ft","image_url":"https:\/\/www.meska.hu\/img\/product\/small\/k\/r\/kreativkriszta_product_449121_220410174941_867322.jpeg","formatted_url":"https:\/\/www.meska.hu\/p4586729-baba-fotokonyv-kezmuves-boritoval-anyak-napjara","favourite":false,"in_stock":false,"avatar":"KreativKriszta_avatar_449121_1630746420.jpg","delete_from":0,"is_enhanced_background":false,"is_enhanced":false,"product_selection_started":false,"is_active":true,"image_webp_url":"https:\/\/www.meska.hu\/img\/product\/small\/k\/r\/kreativkriszta_product_449121_220410174941_867322.webp"},{"id":"5820878","shop_id":"46170","user_id":"355200","shop_name":"DekorPatika","shop_zip":"6000","product_code":"5568077","product_name_old":null,"product_name":"Boldog Ap\u00e1k napj\u00e1t falik\u00e9p","category_string":"Otthon & \u00c9letm\u00f3d, Pap\u00edr, \u00edr\u00f3szer, Album & Fot\u00f3album","technic_string":"Fot\u00f3, grafika, rajz, illusztr\u00e1ci\u00f3","category_1":"813","category_2":"351","category_3":"353","category_4":"0","merged_category_1":null,"merged_category_2":null,"merged_category_3":null,"technic_1":"483","technic_2":"0","technic_3":"0","color_1":"519","color_2":"520","color_3":"0","product_description_old":null,"product_description":"Nincs \u00f6tleted milyen aj\u00e1nd\u00e9kkal lepd meg a vil\u00e1g legjobb nagypap\u00e1j\u00e1t id\u00e9n Ap\u00e1k napja alkalm\u00e1b\u00f3l?\n\nElk\u00e9sz\u00edtem sz\u00e1modra a t\u00f6k\u00e9letes aj\u00e1nd\u00e9kot! Ez az egyedi falik\u00e9p remek d\u00edsze lehet lak\u00e1snak \u00e9s \u00f6r\u00f6k eml\u00e9k az eg\u00e9sz csal\u00e1dnak!\n\nA k\u00e9pkeret A\/4 m\u00e9ret\u0171, amely falra akaszthat\u00f3 vagy polcra is helyezhet\u0151!\n\nM\u00e9rete: 21x30cm\n\nLehet\u0151s\u00e9ged van digit\u00e1lis form\u00e1tumban megrendelni a term\u00e9ket! Ebben az esetben, miut\u00e1n kifizetted a term\u00e9ket, elk\u00e9sz\u00edtem a grafik\u00e1t. A dekor\u00e1ci\u00f3t ezut\u00e1n PDF form\u00e1tumban emailben elk\u00fcld\u00f6m a r\u00e9szedre, amit otthon ki tudsz nyomtatni \u00e9s be tudsz keretezni.\n\n --- Mikor v\u00e1laszd a nyomtathat\u00f3 dekor\u00e1ci\u00f3t a keretbe helyezett k\u00e9p helyett? --- \n\n- ha olcs\u00f3bb megold\u00e1st keresel, hiszen nincs plusz postak\u00f6lts\u00e9ged  \n- ha gyorsabban szeretn\u00e9d megkapni, hiszen nincs post\u00e1z\u00e1s \n- ha utols\u00f3 pillanatban aj\u00e1nd\u00e9k dekor\u00e1ci\u00f3t szeretn\u00e9l \u00e9s nincs id\u0151d v\u00e1rni \n- ha az otthoni sz\u00ednes nyomtat\u00f3ddal vagy valamely k\u00f6zeli fot\u00f3 kioszkban kinyomtatn\u00e1d \n- ha megl\u00e9v\u0151 keretbe szeretn\u00e9d \n- ha esetleg t\u00f6bb p\u00e9ld\u00e1nyra is sz\u00fcks\u00e9ged lenne  \n\nK\u00e9rlek, vedd figyelembe, hogy a megjelen\u00edtett sz\u00ednek kis m\u00e9rt\u00e9kben elt\u00e9rhetnek a k\u00fcl\u00f6nb\u00f6z\u0151 kijelz\u0151k\u00f6n. \n\nAmennyiben s\u00fcrg\u0151s megrendel\u00e9sre van sz\u00fcks\u00e9ged k\u00e9rlek v\u00e1laszd a \u201cS\u00fcrg\u0151s megrendel\u00e9s\u201d opci\u00f3t \u00e9s 1 munkanapon bel\u00fcl elk\u00e9sz\u00edtem a term\u00e9ket!\nHa foxpost automat\u00e1t v\u00e1lasztott\u00e1l, k\u00e9rlek \u00edrd meg melyikbe k\u00fcldhetem.\n\nA term\u00e9k k\u00e9sz\u00edt\u00e9s\u00e9t \u00e9s post\u00e1z\u00e1s\u00e1t csak a fizet\u00e9s be\u00e9rkez\u00e9se ut\u00e1n tudom elkezdeni! K\u00f6sz\u00f6n\u00f6m a meg\u00e9rt\u00e9sed!","price":"3490.00","unit":"db","recommended":"0","status":"1","sponsored":"0","exp_notify":"0","own_material":"0","own_material_description_old":null,"own_material_description":"","jury":"0","jury_number":"","product_nature":"","meskaracsony":"0","create_date":"2026-03-17 20:31:42","shelve_id":"0","image":"dekorpatika_product_355200_250604135810_441179.jpeg","image_width":"480","image_height":"480","image_alt":"Boldog Ap\u00e1k napj\u00e1t falik\u00e9p, Nincs \u00f6tleted milyen aj\u00e1nd\u00e9kkal lepd meg a vil\u00e1g legjobb nagypap\u00e1j\u00e1t id\u00e9n Ap\u00e1k napja alkalm\u00e1b\u00f3l?\\n\\nEl..., Meska","image_title":"Boldog Ap\u00e1k napj\u00e1t falik\u00e9p, Meska","view_count":"487","favourite_count":"0","trending_score":"0","last2MonthFavouriteCount":"0","promotion":"0","giftcard_accept":"0","creditcard_accept":true,"enhanced_background":"0","domain":"meska","specific_customer_id":null,"specific_customer_name":null,"to_order_product":"1","to_order_product_time":"4","product_different":null,"product_different_description":"","vintage":"0","vintage_category_id":"0","recycled":"0","gemstone_id":"0","customizable":"1","type_category":"digital","zerowaste":"0","postage_price":"1290.00","shop_order":"0","has_category":"1","landing_pages":null,"microdata":{"number":66,"category":""},"title":"Boldog Ap\u00e1k napj\u00e1t falik\u00e9p","description":"Nincs \u00f6tleted milyen aj\u00e1nd\u00e9kkal lepd meg a vil\u00e1g legjobb nagypap\u00e1j\u00e1t id\u00e9n Ap\u00e1k napja alkalm\u00e1b\u00f3l?\n\nElk\u00e9sz\u00edtem sz\u00e1modra a t\u00f6k\u00e9letes aj\u00e1nd\u00e9kot! Ez az egyedi falik\u00e9p remek d\u00edsze lehet lak\u00e1snak \u00e9s \u00f6r\u00f6k eml\u00e9k az eg\u00e9sz csal\u00e1dnak!\n\nA k\u00e9pkeret A\/4 m\u00e9ret\u0171, amely falra akaszthat\u00f3 vagy polcra is helyezhet\u0151!\n\nM\u00e9rete: 21x30cm\n\nLehet\u0151s\u00e9ged van digit\u00e1lis form\u00e1tumban megrendelni a term\u00e9ket! Ebben az esetben, miut\u00e1n kifizetted a term\u00e9ket, elk\u00e9sz\u00edtem a grafik\u00e1t. A dekor\u00e1ci\u00f3t ezut\u00e1n PDF form\u00e1tumban emailben elk\u00fcld\u00f6m a r\u00e9szedre, amit otthon ki tudsz nyomtatni \u00e9s be tudsz keretezni.\n\n --- Mikor v\u00e1laszd a nyomtathat\u00f3 dekor\u00e1ci\u00f3t a keretbe helyezett k\u00e9p helyett? --- \n\n- ha olcs\u00f3bb megold\u00e1st keresel, hiszen nincs plusz postak\u00f6lts\u00e9ged  \n- ha gyorsabban szeretn\u00e9d megkapni, hiszen nincs post\u00e1z\u00e1s \n- ha utols\u00f3 pillanatban aj\u00e1nd\u00e9k dekor\u00e1ci\u00f3t szeretn\u00e9l \u00e9s nincs id\u0151d v\u00e1rni \n- ha az otthoni sz\u00ednes nyomtat\u00f3ddal vagy valamely k\u00f6zeli fot\u00f3 kioszkban kinyomtatn\u00e1d \n- ha megl\u00e9v\u0151 keretbe szeretn\u00e9d \n- ha esetleg t\u00f6bb p\u00e9ld\u00e1nyra is sz\u00fcks\u00e9ged lenne  \n\nK\u00e9rlek, vedd figyelembe, hogy a megjelen\u00edtett sz\u00ednek kis m\u00e9rt\u00e9kben elt\u00e9rhetnek a k\u00fcl\u00f6nb\u00f6z\u0151 kijelz\u0151k\u00f6n. \n\nAmennyiben s\u00fcrg\u0151s megrendel\u00e9sre van sz\u00fcks\u00e9ged k\u00e9rlek v\u00e1laszd a \u201cS\u00fcrg\u0151s megrendel\u00e9s\u201d opci\u00f3t \u00e9s 1 munkanapon bel\u00fcl elk\u00e9sz\u00edtem a term\u00e9ket!\nHa foxpost automat\u00e1t v\u00e1lasztott\u00e1l, k\u00e9rlek \u00edrd meg melyikbe k\u00fcldhetem.\n\nA term\u00e9k k\u00e9sz\u00edt\u00e9s\u00e9t \u00e9s post\u00e1z\u00e1s\u00e1t csak a fizet\u00e9s be\u00e9rkez\u00e9se ut\u00e1n tudom elkezdeni! K\u00f6sz\u00f6n\u00f6m a meg\u00e9rt\u00e9sed!","score":0,"formatted_price":"3 490 Ft","image_url":"https:\/\/www.meska.hu\/img\/product\/small\/d\/e\/dekorpatika_product_355200_250604135810_441179.jpeg","formatted_url":"https:\/\/www.meska.hu\/p5568077-boldog-apak-napjat-falikep","favourite":false,"in_stock":false,"avatar":"355200_avatar_1726093454.jpeg","delete_from":0,"is_enhanced_background":false,"is_enhanced":false,"product_selection_started":false,"is_active":true,"image_webp_url":"https:\/\/www.meska.hu\/img\/product\/small\/d\/e\/dekorpatika_product_355200_250604135810_441179.webp"},{"id":"4924321","shop_id":"24144","user_id":"274209","shop_name":"OtletLada","shop_zip":"7522","product_code":"5031995","product_name_old":null,"product_name":"T\u00fcrkiz m\u00e1rv\u00e1ny aranyozott Vend\u00e9gk\u00f6nyv -  eml\u00e9kk\u00f6nyv - egyedi album - esk\u00fcv\u0151i eml\u00e9k - f\u00fczet \/ napl\u00f3","category_string":"Otthon & \u00c9letm\u00f3d, Pap\u00edr, \u00edr\u00f3szer, Album & Fot\u00f3album","technic_string":"Fot\u00f3, grafika, rajz, illusztr\u00e1ci\u00f3, K\u00f6nyvk\u00f6t\u00e9s","category_1":"813","category_2":"351","category_3":"353","category_4":"0","merged_category_1":"0","merged_category_2":"0","merged_category_3":"0","technic_1":"483","technic_2":"671","technic_3":"0","color_1":"512","color_2":"528","color_3":"0","product_description_old":null,"product_description":"B\u00e1rmilyen sz\u00f6veggel k\u00e9rheted! Arany met\u00e1l f\u00f3li\u00e1val k\u00e9sz\u00fcl!. Ha az esk\u00fcv\u0151d\u00f6n az egyik sz\u00edn a t\u00fcrkiz \u00e9s az arany lesz, m\u00e9gis valami egyszer\u0171t \u00e9s eleg\u00e1nsat keresel, akkor nem k\u00e9rd\u00e9s, hogy ez a vend\u00e9gk\u00f6nyv Neked - Nektek k\u00e9sz\u00fclt! Esk\u00fcv\u0151i vend\u00e9gk\u00f6nyv - ig\u00e9nyes \u00e9s modern design album.\n========================================\nRendel\u00e9skor \u00cdRD MEG NEKEM \/ v\u00e1laszd ki a k\u00f6vetkez\u0151ket: \n========================================\n\u2705 Milyen sz\u00f6veg ker\u00fclj\u00f6n a bor\u00edt\u00f3ra? \n\u2705 Melyik bet\u0171t\u00edpust v\u00e1lasztod a k\u00f6r belsej\u00e9be a sz\u00f6veghez? - (3. k\u00e9pen tal\u00e1lod)\n\u2705 Melyik szimb\u00f3lumot v\u00e1lasztod? - (4. k\u00e9pen tal\u00e1lod)\n(kos\u00e1r oldalra l\u00e9pve megjegyz\u00e9sben \u00edrhatod meg nekem)\n\n==============\nPARAM\u00c9TEREK:\n==============\n\u25b6\ufe0f Bel\u00edvek vastags\u00e1ga \u00e9s mennyis\u00e9ge v\u00e1laszthat\u00f3: 120g vagy 160g-os \u00fcres OFFSET feh\u00e9r lapok* - 40 db \/ 60 db azaz 80 vagy 120 oldalas\n\u25b6\ufe0f Feh\u00e9r f\u00e9m spir\u00e1llal (v\u00e1laszthat\u00f3 vastags\u00e1gban)\n\u25b6\ufe0f M\u00e9rete v\u00e1laszthat\u00f3: 210x190mm\n\u25b6\ufe0f Fel\u00fclete: Matt f\u00f3li\u00e1s h\u00e1tt\u00e9r, f\u00e9nyes arany felirattal\n\n\u26a0\ufe0f BOR\u00cdT\u00d3JA l\u00e9zer nyomat - alapanyaga V\u00c1LASZTHAT\u00d3:\n\u2705 ALAP\u00c1RON: KEM\u00c9NY, de v\u00e9kony (kb 0,5mm) m\u0171anyag bor\u00edt\u00f3\n\u2705+1500 Ft-\u00e9rt v\u00e1laszthat\u00f3 2mm extra vastag, KEM\u00c9NY kartont\u00e1bl\u00e1ra k\u00e9sz\u00fclt bor\u00edt\u00f3val is.\n\nK\u00e9toldal\u00fa ragaszt\u00f3val k\u00e9peket is ragaszthattok bele, vagy ceruz\u00e1val, tollal is \u00edrhattok bele. \n\nN\u00e9zd meg a t\u00f6bbi term\u00e9kemet is:\nhttps:\/\/www.meska.hu\/shop\/OtletLada\n\n>>> Sz\u00e1ll\u00edt\u00e1si \u00e9s \u00c1TV\u00c9TELI inform\u00e1ci\u00f3kat a \"Sz\u00e1ll\u00edt\u00e1si Info\" f\u00fclre kattintva tal\u00e1lod\n\n>>> Fizet\u00e9si m\u00f3d - KIZ\u00c1R\u00d3LAG EL\u0150RE FIZET\u00c9SSEL: Bankk\u00e1rty\u00e1val \/ Barionnal \/\u00c1tutal\u00e1ssal vagy Banki befizet\u00e9ssel\n\n\u26a0\ufe0fFONTOS\u26a0\ufe0f Rendel\u00e9shez tedd kos\u00e1rba a term\u00e9ket \u00e9s a \"Kos\u00e1r\" oldalon az \"\u00dczenet az elad\u00f3nak\" r\u00e9szbe \u00edrd be, hogy milyen sz\u00f6veget \/ nevet k\u00e9rsz a bor\u00edt\u00f3ra.","price":"11000.00","unit":"db","recommended":"0","status":"1","sponsored":"0","exp_notify":"0","own_material":"0","own_material_description_old":null,"own_material_description":"","jury":"0","jury_number":"","product_nature":"","meskaracsony":"0","create_date":"2026-03-16 14:03:44","shelve_id":"73268","image":"otletlada_product_274209_230802010221_873636.jpeg","image_width":"480","image_height":"480","image_alt":"T\u00fcrkiz m\u00e1rv\u00e1ny aranyozott Vend\u00e9gk\u00f6nyv -  eml\u00e9kk\u00f6nyv - egyedi album - esk\u00fcv\u0151i eml\u00e9k - f\u00fczet \/ napl\u00f3, B\u00e1rmilyen sz\u00f6veggel k\u00e9rheted! Arany met\u00e1l f\u00f3li\u00e1val k\u00e9sz\u00fcl!. Ha az esk\u00fcv\u0151d\u00f6n az egyik sz\u00edn a t\u00fcrkiz \u00e9..., Meska","image_title":"T\u00fcrkiz m\u00e1rv\u00e1ny aranyozott Vend\u00e9gk\u00f6nyv -  eml\u00e9kk\u00f6nyv - egyedi album - esk\u00fcv\u0151i eml\u00e9k - f\u00fczet \/ napl\u00f3, Meska","view_count":"1422","favourite_count":"0","trending_score":"0","last2MonthFavouriteCount":"0","promotion":"0","giftcard_accept":"0","creditcard_accept":false,"enhanced_background":"0","domain":"meska","specific_customer_id":null,"specific_customer_name":null,"to_order_product":"1","to_order_product_time":"5","product_different":"quite_different","product_different_description":"A sz\u00ednek a monitor sz\u00edneit\u0151l nyomtat\u00e1sban elt\u00e9rhetnek.","vintage":"0","vintage_category_id":"0","recycled":"0","gemstone_id":"0","customizable":"1","type_category":"physical","zerowaste":"0","postage_price":"1290.00","shop_order":"116","has_category":"1","landing_pages":null,"microdata":{"number":67,"category":""},"title":"T\u00fcrkiz m\u00e1rv\u00e1ny aranyozott Vend\u00e9gk\u00f6nyv -  eml\u00e9kk\u00f6nyv - egyedi album - esk\u00fcv\u0151i eml\u00e9k - f\u00fczet \/ napl\u00f3","description":"B\u00e1rmilyen sz\u00f6veggel k\u00e9rheted! Arany met\u00e1l f\u00f3li\u00e1val k\u00e9sz\u00fcl!. Ha az esk\u00fcv\u0151d\u00f6n az egyik sz\u00edn a t\u00fcrkiz \u00e9s az arany lesz, m\u00e9gis valami egyszer\u0171t \u00e9s eleg\u00e1nsat keresel, akkor nem k\u00e9rd\u00e9s, hogy ez a vend\u00e9gk\u00f6nyv Neked - Nektek k\u00e9sz\u00fclt! Esk\u00fcv\u0151i vend\u00e9gk\u00f6nyv - ig\u00e9nyes \u00e9s modern design album.\n========================================\nRendel\u00e9skor \u00cdRD MEG NEKEM \/ v\u00e1laszd ki a k\u00f6vetkez\u0151ket: \n========================================\n\u2705 Milyen sz\u00f6veg ker\u00fclj\u00f6n a bor\u00edt\u00f3ra? \n\u2705 Melyik bet\u0171t\u00edpust v\u00e1lasztod a k\u00f6r belsej\u00e9be a sz\u00f6veghez? - (3. k\u00e9pen tal\u00e1lod)\n\u2705 Melyik szimb\u00f3lumot v\u00e1lasztod? - (4. k\u00e9pen tal\u00e1lod)\n(kos\u00e1r oldalra l\u00e9pve megjegyz\u00e9sben \u00edrhatod meg nekem)\n\n==============\nPARAM\u00c9TEREK:\n==============\n\u25b6\ufe0f Bel\u00edvek vastags\u00e1ga \u00e9s mennyis\u00e9ge v\u00e1laszthat\u00f3: 120g vagy 160g-os \u00fcres OFFSET feh\u00e9r lapok* - 40 db \/ 60 db azaz 80 vagy 120 oldalas\n\u25b6\ufe0f Feh\u00e9r f\u00e9m spir\u00e1llal (v\u00e1laszthat\u00f3 vastags\u00e1gban)\n\u25b6\ufe0f M\u00e9rete v\u00e1laszthat\u00f3: 210x190mm\n\u25b6\ufe0f Fel\u00fclete: Matt f\u00f3li\u00e1s h\u00e1tt\u00e9r, f\u00e9nyes arany felirattal\n\n\u26a0\ufe0f BOR\u00cdT\u00d3JA l\u00e9zer nyomat - alapanyaga V\u00c1LASZTHAT\u00d3:\n\u2705 ALAP\u00c1RON: KEM\u00c9NY, de v\u00e9kony (kb 0,5mm) m\u0171anyag bor\u00edt\u00f3\n\u2705+1500 Ft-\u00e9rt v\u00e1laszthat\u00f3 2mm extra vastag, KEM\u00c9NY kartont\u00e1bl\u00e1ra k\u00e9sz\u00fclt bor\u00edt\u00f3val is.\n\nK\u00e9toldal\u00fa ragaszt\u00f3val k\u00e9peket is ragaszthattok bele, vagy ceruz\u00e1val, tollal is \u00edrhattok bele. \n\nN\u00e9zd meg a t\u00f6bbi term\u00e9kemet is:\nhttps:\/\/www.meska.hu\/shop\/OtletLada\n\n>>> Sz\u00e1ll\u00edt\u00e1si \u00e9s \u00c1TV\u00c9TELI inform\u00e1ci\u00f3kat a \"Sz\u00e1ll\u00edt\u00e1si Info\" f\u00fclre kattintva tal\u00e1lod\n\n>>> Fizet\u00e9si m\u00f3d - KIZ\u00c1R\u00d3LAG EL\u0150RE FIZET\u00c9SSEL: Bankk\u00e1rty\u00e1val \/ Barionnal \/\u00c1tutal\u00e1ssal vagy Banki befizet\u00e9ssel\n\n\u26a0\ufe0fFONTOS\u26a0\ufe0f Rendel\u00e9shez tedd kos\u00e1rba a term\u00e9ket \u00e9s a \"Kos\u00e1r\" oldalon az \"\u00dczenet az elad\u00f3nak\" r\u00e9szbe \u00edrd be, hogy milyen sz\u00f6veget \/ nevet k\u00e9rsz a bor\u00edt\u00f3ra.","score":0,"formatted_price":"11 000 Ft","image_url":"https:\/\/www.meska.hu\/img\/product\/small\/o\/t\/otletlada_product_274209_230802010221_873636.jpeg","formatted_url":"https:\/\/www.meska.hu\/p5031995-turkiz-marvany-aranyozott-vendegkonyv-emlekkonyv-egyedi-album-eskuvoi-emlek-fuzet-naplo","favourite":false,"in_stock":false,"avatar":"274209_avatar_1697355906.jpeg","delete_from":0,"is_enhanced_background":false,"is_enhanced":false,"product_selection_started":false,"is_active":true,"image_webp_url":"https:\/\/www.meska.hu\/img\/product\/small\/o\/t\/otletlada_product_274209_230802010221_873636.webp"},{"id":"3492268","shop_id":"24144","user_id":"274209","shop_name":"OtletLada","shop_zip":"7522","product_code":"3947515","product_name_old":null,"product_name":"Aj\u00e1nd\u00e9k a p\u00e1rodnak - Szerelm\u00fcnk lapjai Pr\u00e9mium egyedi album - eml\u00e9kk\u00f6nyv - f\u00fczet \/ napl\u00f3 - 21x19cm \/ nat\u00far-fekete","category_string":"Otthon & \u00c9letm\u00f3d, Pap\u00edr, \u00edr\u00f3szer, Album & Fot\u00f3album","technic_string":"Fot\u00f3, grafika, rajz, illusztr\u00e1ci\u00f3, K\u00f6nyvk\u00f6t\u00e9s","category_1":"813","category_2":"351","category_3":"353","category_4":"0","merged_category_1":"0","merged_category_2":"0","merged_category_3":"0","technic_1":"483","technic_2":"671","technic_3":"0","color_1":"514","color_2":"520","color_3":"0","product_description_old":null,"product_description":"K\u00c9RHETED n\u00e9vvel is! Szerelmes meglepet\u00e9s aj\u00e1nd\u00e9k \u00f6tlet a p\u00e1rodnak. V\u00e1lassz id\u00e9n k\u00fcl\u00f6nlegeset!\n\nBeragaszt\u00f3s \u00fcres lapos fot\u00f3album \/ eml\u00e9kk\u00f6nyv. Tedd egyediv\u00e9 az albumot egy-egy szem\u00e9lyes megjegyz\u00e9ssel, al\u00e1\u00edr\u00e1ssal, vicces eml\u00e9kekkel vagy aranyk\u00f6p\u00e9ssel a k\u00e9p al\u00e1 \u00edrva.\n;) Teljesen m\u00e1s \u00e9lm\u00e9ny lesz egy ilyen albumot v\u00e9gig lapozni p\u00e1r \u00e9v m\u00falva, mintha csak fot\u00f3k lenn\u00e9nek egym\u00e1s ut\u00e1n sorba rakva.\n\nTIPP: a f\u00e9nyk\u00e9peket k\u00e9toldal\u00fa ragaszt\u00f3val a legegyszer\u0171bb beragasztani, amit szinte b\u00e1rmelyik szupermarket polcain megtal\u00e1lsz (a fest\u0151s r\u00e9szlegn\u00e9l)\nTerm\u00e9szetesen fot\u00f3sarokkal vagy dekor ragaszt\u00f3szalaggal is r\u00f6gz\u00edtheted\n\nPARAM\u00c9TEREK:\n\u25b6\ufe0f Bel\u00edvek 120g-os \u00fcres OFFSET feh\u00e9r lapok* - 40 \u00edv\n\u25b6\ufe0f Fekete vagy feh\u00e9r f\u00e9m spir\u00e1llal\n\u25b6\ufe0f M\u00e9rete: 210x190mm\n\n\u26a0\ufe0f BOR\u00cdT\u00d3JA l\u00e9zer nyomat, h\u00e1tlapja FEH\u00c9R sz\u00edn\u0171 - alapanyaga V\u00c1LASZTHAT\u00d3:\n\u2705 ALAP\u00c1RON: KEM\u00c9NY, de v\u00e9kony (kb 0,5mm) m\u0171anyag bor\u00edt\u00f3\n\u2705+1500 Ft-\u00e9rt v\u00e1laszthat\u00f3 2mm extra vastag, KEM\u00c9NY kartont\u00e1bl\u00e1ra k\u00e9sz\u00fclt bor\u00edt\u00f3val is.\n\nK\u00e9toldal\u00fa ragaszt\u00f3val k\u00e9peket is ragaszthattok bele, vagy ceruz\u00e1val, tollal is \u00edrhattok bele.\n\nN\u00e9zd meg a t\u00f6bbi term\u00e9kemet is:\nhttps:\/\/www.meska.hu\/shop\/OromKonnyek\n\n>>> Sz\u00e1ll\u00edt\u00e1si \u00e9s \u00c1TV\u00c9TELI inform\u00e1ci\u00f3kat a \"Sz\u00e1ll\u00edt\u00e1si Info\" f\u00fclre kattintva tal\u00e1lod\n\n>>> Fizet\u00e9si m\u00f3d - KIZ\u00c1R\u00d3LAG EL\u0150RE FIZET\u00c9SSEL: Bankk\u00e1rty\u00e1val \/ Barionnal \/\u00c1tutal\u00e1ssal vagy Banki befizet\u00e9ssel\n\n\u26a0\ufe0fFONTOS\u26a0\ufe0f Rendel\u00e9shez tedd kos\u00e1rba a term\u00e9ket \u00e9s a \"Kos\u00e1r\" oldalon az \"\u00dczenet az elad\u00f3nak\" r\u00e9szbe \u00edrd be, hogy milyen sz\u00f6veget \/ nevet k\u00e9rsz a bor\u00edt\u00f3ra.","price":"7900.00","unit":"db","recommended":"0","status":"1","sponsored":"0","exp_notify":"0","own_material":"0","own_material_description_old":null,"own_material_description":"","jury":"0","jury_number":"","product_nature":"","meskaracsony":"0","create_date":"2026-03-15 13:07:13","shelve_id":"73268","image":"oromkonnyek_product_274209_201129153443_12964.jpeg","image_width":"480","image_height":"443","image_alt":"Aj\u00e1nd\u00e9k a p\u00e1rodnak - Szerelm\u00fcnk lapjai Pr\u00e9mium egyedi album - eml\u00e9kk\u00f6nyv - f\u00fczet \/ napl\u00f3 - 21x19cm \/ nat\u00far-fekete, K\u00c9RHETED n\u00e9vvel is! Szerelmes meglepet\u00e9s aj\u00e1nd\u00e9k \u00f6tlet a p\u00e1rodnak. V\u00e1lassz id\u00e9n k\u00fcl\u00f6nlegeset!\\n\\nBerag..., Meska","image_title":"Aj\u00e1nd\u00e9k a p\u00e1rodnak - Szerelm\u00fcnk lapjai Pr\u00e9mium egyedi album - eml\u00e9kk\u00f6nyv - f\u00fczet \/ napl\u00f3 - 21x19cm \/ nat\u00far-fekete, Meska","view_count":"6345","favourite_count":"0","trending_score":"0","last2MonthFavouriteCount":"0","promotion":"0","giftcard_accept":"0","creditcard_accept":false,"enhanced_background":"0","domain":"meska","specific_customer_id":null,"specific_customer_name":null,"to_order_product":"1","to_order_product_time":"5","product_different":"quite_different","product_different_description":"A sz\u00ednek nyomtat\u00e1sban elt\u00e9rhetnek a monitoron l\u00e1tottakt\u00f3l. A felirat k\u00e9r\u00e9sednek megfelel\u0151en v\u00e1ltozhat ","vintage":"0","vintage_category_id":"0","recycled":"0","gemstone_id":"0","customizable":"0","type_category":"physical","zerowaste":"0","postage_price":"1290.00","shop_order":"157","has_category":"1","landing_pages":"Aj\u00e1nd\u00e9kok f\u00e9rfiaknak, Kar\u00e1csonyi aj\u00e1nd\u00e9kok","microdata":{"number":68,"category":""},"title":"Aj\u00e1nd\u00e9k a p\u00e1rodnak - Szerelm\u00fcnk lapjai Pr\u00e9mium egyedi album - eml\u00e9kk\u00f6nyv - f\u00fczet \/ napl\u00f3 - 21x19cm \/ nat\u00far-fekete","description":"K\u00c9RHETED n\u00e9vvel is! Szerelmes meglepet\u00e9s aj\u00e1nd\u00e9k \u00f6tlet a p\u00e1rodnak. V\u00e1lassz id\u00e9n k\u00fcl\u00f6nlegeset!\n\nBeragaszt\u00f3s \u00fcres lapos fot\u00f3album \/ eml\u00e9kk\u00f6nyv. Tedd egyediv\u00e9 az albumot egy-egy szem\u00e9lyes megjegyz\u00e9ssel, al\u00e1\u00edr\u00e1ssal, vicces eml\u00e9kekkel vagy aranyk\u00f6p\u00e9ssel a k\u00e9p al\u00e1 \u00edrva.\n;) Teljesen m\u00e1s \u00e9lm\u00e9ny lesz egy ilyen albumot v\u00e9gig lapozni p\u00e1r \u00e9v m\u00falva, mintha csak fot\u00f3k lenn\u00e9nek egym\u00e1s ut\u00e1n sorba rakva.\n\nTIPP: a f\u00e9nyk\u00e9peket k\u00e9toldal\u00fa ragaszt\u00f3val a legegyszer\u0171bb beragasztani, amit szinte b\u00e1rmelyik szupermarket polcain megtal\u00e1lsz (a fest\u0151s r\u00e9szlegn\u00e9l)\nTerm\u00e9szetesen fot\u00f3sarokkal vagy dekor ragaszt\u00f3szalaggal is r\u00f6gz\u00edtheted\n\nPARAM\u00c9TEREK:\n\u25b6\ufe0f Bel\u00edvek 120g-os \u00fcres OFFSET feh\u00e9r lapok* - 40 \u00edv\n\u25b6\ufe0f Fekete vagy feh\u00e9r f\u00e9m spir\u00e1llal\n\u25b6\ufe0f M\u00e9rete: 210x190mm\n\n\u26a0\ufe0f BOR\u00cdT\u00d3JA l\u00e9zer nyomat, h\u00e1tlapja FEH\u00c9R sz\u00edn\u0171 - alapanyaga V\u00c1LASZTHAT\u00d3:\n\u2705 ALAP\u00c1RON: KEM\u00c9NY, de v\u00e9kony (kb 0,5mm) m\u0171anyag bor\u00edt\u00f3\n\u2705+1500 Ft-\u00e9rt v\u00e1laszthat\u00f3 2mm extra vastag, KEM\u00c9NY kartont\u00e1bl\u00e1ra k\u00e9sz\u00fclt bor\u00edt\u00f3val is.\n\nK\u00e9toldal\u00fa ragaszt\u00f3val k\u00e9peket is ragaszthattok bele, vagy ceruz\u00e1val, tollal is \u00edrhattok bele.\n\nN\u00e9zd meg a t\u00f6bbi term\u00e9kemet is:\nhttps:\/\/www.meska.hu\/shop\/OromKonnyek\n\n>>> Sz\u00e1ll\u00edt\u00e1si \u00e9s \u00c1TV\u00c9TELI inform\u00e1ci\u00f3kat a \"Sz\u00e1ll\u00edt\u00e1si Info\" f\u00fclre kattintva tal\u00e1lod\n\n>>> Fizet\u00e9si m\u00f3d - KIZ\u00c1R\u00d3LAG EL\u0150RE FIZET\u00c9SSEL: Bankk\u00e1rty\u00e1val \/ Barionnal \/\u00c1tutal\u00e1ssal vagy Banki befizet\u00e9ssel\n\n\u26a0\ufe0fFONTOS\u26a0\ufe0f Rendel\u00e9shez tedd kos\u00e1rba a term\u00e9ket \u00e9s a \"Kos\u00e1r\" oldalon az \"\u00dczenet az elad\u00f3nak\" r\u00e9szbe \u00edrd be, hogy milyen sz\u00f6veget \/ nevet k\u00e9rsz a bor\u00edt\u00f3ra.","score":0,"formatted_price":"7 900 Ft","image_url":"https:\/\/www.meska.hu\/img\/product\/small\/o\/r\/oromkonnyek_product_274209_201129153443_12964.jpeg","formatted_url":"https:\/\/www.meska.hu\/p3947515-ajandek-a-parodnak-szerelmunk-lapjai-premium-egyedi-album-emlekkonyv-fuzet-naplo-21x19cm-natur-fekete","favourite":false,"in_stock":false,"avatar":"274209_avatar_1697355906.jpeg","delete_from":0,"is_enhanced_background":false,"is_enhanced":false,"product_selection_started":false,"is_active":true,"image_webp_url":"https:\/\/www.meska.hu\/img\/product\/small\/o\/r\/oromkonnyek_product_274209_201129153443_12964.webp"},{"id":"5614922","shop_id":"24144","user_id":"274209","shop_name":"OtletLada","shop_zip":"7522","product_code":"5454442","product_name_old":null,"product_name":"Esk\u00fcv\u0151i f\u00e9nyk\u00e9pes Aranyozott beragaszt\u00f3s F\u00c9NYK\u00c9PALBUM b\u00e1rmilyen felirattal \/ n\u00e9vvel 9x13 \/ 10x15 \/ 13x18 fot\u00f3album","category_string":"Otthon & \u00c9letm\u00f3d, Pap\u00edr, \u00edr\u00f3szer, Album & Fot\u00f3album","technic_string":"Fot\u00f3, grafika, rajz, illusztr\u00e1ci\u00f3, K\u00f6nyvk\u00f6t\u00e9s","category_1":"813","category_2":"351","category_3":"353","category_4":"0","merged_category_1":null,"merged_category_2":null,"merged_category_3":null,"technic_1":"483","technic_2":"671","technic_3":"0","color_1":"512","color_2":"519","color_3":"520","product_description_old":null,"product_description":"B\u00e1rmilyen aranyozott sz\u00f6veggel \/ n\u00e9vvel k\u00e9rheted. Saj\u00e1t fot\u00f3ddal (a bor\u00edt\u00f3 elej\u00e9n \u00e9s h\u00e1t\u00e1n lehet k\u00fcl\u00f6nb\u00f6z\u0151 a k\u00e9p.)\nEsk\u00fcv\u0151i beragaszt\u00f3s F\u00c9NYK\u00c9PALBUM  - saj\u00e1t fot\u00f3ddal a bor\u00edt\u00f3kon is k\u00e9rheted, b\u00e1rmilyen felirattal - 9x13 \/ 10x15 vagy 13x18 k\u00e9pekhez is megfelel\u0151. K\u00e9toldal\u00fa ragaszt\u00f3val ragaszthatod bele a k\u00e9peket. \nK\u00e9t m\u00e9retb\u0151l v\u00e1laszthatsz. A k\u00e9peken \u00e9s a vide\u00f3n a 21x30cm-es m\u00e9retet l\u00e1tod. \n\nEsk\u00fcv\u0151i eml\u00e9k \/ aj\u00e1nd\u00e9k album \/ fot\u00f3album b\u00e1rmilyen bor\u00edt\u00f3val k\u00e9rhet\u0151. \n\n\u00cdGY RENDELJ:\nKor\u00e1sba rak\u00e1s ut\u00e1n megjegyz\u00e9sben \u00edrd meg, hogy \n- Mi ker\u00fclj\u00f6n a bor\u00edt\u00f3ra?\n- Szeretn\u00e9l-e r\u00e1 masnit, ha igen milyen sz\u00edn\u0171t?\n- Fekete vagy feh\u00e9r spir\u00e1llal k\u00e9red?\nAdd le a rendel\u00e9st, majd...\n- Priv\u00e1t \u00fczenetben k\u00fcldd el nekem a k\u00e9pet \/ k\u00e9peket, az album elej\u00e9re \u00e9s h\u00e1toldal\u00e1ra.\n\nPARAM\u00c9TEREK:\n\u25b6\ufe0f Bel\u00edvek 120g-os vagy 160g-os \u00fcres lapok* - 40 db \/ 60 db vagy (azaz 80 vagy 120 oldalas)\n\u25b6\ufe0f A lapok sz\u00edne v\u00e1laszthat\u00f3: feh\u00e9r \/ fekete \/ di\u00f3 vagy kr\u00e9m sz\u00edn\u0171\n\u25b6\ufe0f Fekete vagy feh\u00e9r f\u00e9m spir\u00e1llal (ha nem \u00edrod meg milyen legyen, akkor feh\u00e9r lesz)\n\u25b6\ufe0f M\u00e9rete v\u00e1laszthat\u00f3: 210x190mm vagy 210x300mm Ha m\u00e1s m\u00e9ret \u00e9rdekelne, akkor k\u00e9rlek el\u0151tte \u00edrj nekem priv\u00e1t \u00fczenetet.\n\n\u26a0\ufe0f BOR\u00cdT\u00d3JA fot\u00f3 min\u0151s\u00e9g\u0171 nyomat - alapanyaga V\u00c1LASZTHAT\u00d3:\n\u2705 ALAP\u00c1RON: KEM\u00c9NY, de v\u00e9kony (kb 0,5mm) m\u0171anyag bor\u00edt\u00f3\n\u2705+1500 Ft-\u00e9rt v\u00e1laszthat\u00f3 2mm extra vastag, KEM\u00c9NY MATT kartont\u00e1bl\u00e1ra k\u00e9sz\u00fclt bor\u00edt\u00f3val\n\nK\u00e9toldal\u00fa ragaszt\u00f3val k\u00e9peket is ragaszthattok bele, vagy ceruz\u00e1val, tollal is \u00edrhattok bele.\n\n>>> Sz\u00e1ll\u00edt\u00e1si \u00e9s \u00c1TV\u00c9TELI inform\u00e1ci\u00f3kat a \"Sz\u00e1ll\u00edt\u00e1si Info\" f\u00fclre kattintva tal\u00e1lod\n\n>>> Fizet\u00e9si m\u00f3d - KIZ\u00c1R\u00d3LAG EL\u0150RE FIZET\u00c9SSEL: \u00c1tutal\u00e1ssal vagy Banki befizet\u00e9ssel\n\n\u26a0\ufe0fFONTOS\u26a0\ufe0f Rendel\u00e9shez tedd kos\u00e1rba a term\u00e9ket \u00e9s a \"Kos\u00e1r\" oldalon az \"\u00dczenet az elad\u00f3nak\" r\u00e9szbe \u00edrd be, hogy milyen sz\u00f6veget \/ nevet k\u00e9rsz a bor\u00edt\u00f3ra.","price":"8900.00","unit":"db","recommended":"0","status":"1","sponsored":"0","exp_notify":"0","own_material":"0","own_material_description_old":null,"own_material_description":"","jury":"0","jury_number":"","product_nature":"","meskaracsony":"0","create_date":"2026-03-12 21:51:59","shelve_id":"0","image":"otletlada_product_274209_241206222203_442455.jpeg","image_width":"480","image_height":"480","image_alt":"Esk\u00fcv\u0151i f\u00e9nyk\u00e9pes Aranyozott beragaszt\u00f3s F\u00c9NYK\u00c9PALBUM b\u00e1rmilyen felirattal \/ n\u00e9vvel 9x13 \/ 10x15 \/ 13x18 fot\u00f3album, B\u00e1rmilyen aranyozott sz\u00f6veggel \/ n\u00e9vvel k\u00e9rheted. Saj\u00e1t fot\u00f3ddal (a bor\u00edt\u00f3 elej\u00e9n \u00e9s h\u00e1t\u00e1n lehet k\u00fcl..., Meska","image_title":"Esk\u00fcv\u0151i f\u00e9nyk\u00e9pes Aranyozott beragaszt\u00f3s F\u00c9NYK\u00c9PALBUM b\u00e1rmilyen felirattal \/ n\u00e9vvel 9x13 \/ 10x15 \/ 13x18 fot\u00f3album, Meska","view_count":"821","favourite_count":"0","trending_score":"0","last2MonthFavouriteCount":"0","promotion":"0","giftcard_accept":"0","creditcard_accept":false,"enhanced_background":"0","domain":"meska","specific_customer_id":null,"specific_customer_name":null,"to_order_product":"1","to_order_product_time":"5","product_different":null,"product_different_description":"","vintage":"0","vintage_category_id":"0","recycled":"0","gemstone_id":"0","customizable":"0","type_category":"physical","zerowaste":"0","postage_price":"1290.00","shop_order":"70","has_category":"1","landing_pages":null,"microdata":{"number":69,"category":""},"title":"Esk\u00fcv\u0151i f\u00e9nyk\u00e9pes Aranyozott beragaszt\u00f3s F\u00c9NYK\u00c9PALBUM b\u00e1rmilyen felirattal \/ n\u00e9vvel 9x13 \/ 10x15 \/ 13x18 fot\u00f3album","description":"B\u00e1rmilyen aranyozott sz\u00f6veggel \/ n\u00e9vvel k\u00e9rheted. Saj\u00e1t fot\u00f3ddal (a bor\u00edt\u00f3 elej\u00e9n \u00e9s h\u00e1t\u00e1n lehet k\u00fcl\u00f6nb\u00f6z\u0151 a k\u00e9p.)\nEsk\u00fcv\u0151i beragaszt\u00f3s F\u00c9NYK\u00c9PALBUM  - saj\u00e1t fot\u00f3ddal a bor\u00edt\u00f3kon is k\u00e9rheted, b\u00e1rmilyen felirattal - 9x13 \/ 10x15 vagy 13x18 k\u00e9pekhez is megfelel\u0151. K\u00e9toldal\u00fa ragaszt\u00f3val ragaszthatod bele a k\u00e9peket. \nK\u00e9t m\u00e9retb\u0151l v\u00e1laszthatsz. A k\u00e9peken \u00e9s a vide\u00f3n a 21x30cm-es m\u00e9retet l\u00e1tod. \n\nEsk\u00fcv\u0151i eml\u00e9k \/ aj\u00e1nd\u00e9k album \/ fot\u00f3album b\u00e1rmilyen bor\u00edt\u00f3val k\u00e9rhet\u0151. \n\n\u00cdGY RENDELJ:\nKor\u00e1sba rak\u00e1s ut\u00e1n megjegyz\u00e9sben \u00edrd meg, hogy \n- Mi ker\u00fclj\u00f6n a bor\u00edt\u00f3ra?\n- Szeretn\u00e9l-e r\u00e1 masnit, ha igen milyen sz\u00edn\u0171t?\n- Fekete vagy feh\u00e9r spir\u00e1llal k\u00e9red?\nAdd le a rendel\u00e9st, majd...\n- Priv\u00e1t \u00fczenetben k\u00fcldd el nekem a k\u00e9pet \/ k\u00e9peket, az album elej\u00e9re \u00e9s h\u00e1toldal\u00e1ra.\n\nPARAM\u00c9TEREK:\n\u25b6\ufe0f Bel\u00edvek 120g-os vagy 160g-os \u00fcres lapok* - 40 db \/ 60 db vagy (azaz 80 vagy 120 oldalas)\n\u25b6\ufe0f A lapok sz\u00edne v\u00e1laszthat\u00f3: feh\u00e9r \/ fekete \/ di\u00f3 vagy kr\u00e9m sz\u00edn\u0171\n\u25b6\ufe0f Fekete vagy feh\u00e9r f\u00e9m spir\u00e1llal (ha nem \u00edrod meg milyen legyen, akkor feh\u00e9r lesz)\n\u25b6\ufe0f M\u00e9rete v\u00e1laszthat\u00f3: 210x190mm vagy 210x300mm Ha m\u00e1s m\u00e9ret \u00e9rdekelne, akkor k\u00e9rlek el\u0151tte \u00edrj nekem priv\u00e1t \u00fczenetet.\n\n\u26a0\ufe0f BOR\u00cdT\u00d3JA fot\u00f3 min\u0151s\u00e9g\u0171 nyomat - alapanyaga V\u00c1LASZTHAT\u00d3:\n\u2705 ALAP\u00c1RON: KEM\u00c9NY, de v\u00e9kony (kb 0,5mm) m\u0171anyag bor\u00edt\u00f3\n\u2705+1500 Ft-\u00e9rt v\u00e1laszthat\u00f3 2mm extra vastag, KEM\u00c9NY MATT kartont\u00e1bl\u00e1ra k\u00e9sz\u00fclt bor\u00edt\u00f3val\n\nK\u00e9toldal\u00fa ragaszt\u00f3val k\u00e9peket is ragaszthattok bele, vagy ceruz\u00e1val, tollal is \u00edrhattok bele.\n\n>>> Sz\u00e1ll\u00edt\u00e1si \u00e9s \u00c1TV\u00c9TELI inform\u00e1ci\u00f3kat a \"Sz\u00e1ll\u00edt\u00e1si Info\" f\u00fclre kattintva tal\u00e1lod\n\n>>> Fizet\u00e9si m\u00f3d - KIZ\u00c1R\u00d3LAG EL\u0150RE FIZET\u00c9SSEL: \u00c1tutal\u00e1ssal vagy Banki befizet\u00e9ssel\n\n\u26a0\ufe0fFONTOS\u26a0\ufe0f Rendel\u00e9shez tedd kos\u00e1rba a term\u00e9ket \u00e9s a \"Kos\u00e1r\" oldalon az \"\u00dczenet az elad\u00f3nak\" r\u00e9szbe \u00edrd be, hogy milyen sz\u00f6veget \/ nevet k\u00e9rsz a bor\u00edt\u00f3ra.","score":0,"formatted_price":"8 900 Ft","image_url":"https:\/\/www.meska.hu\/img\/product\/small\/o\/t\/otletlada_product_274209_241206222203_442455.jpeg","formatted_url":"https:\/\/www.meska.hu\/p5454442-eskuvoi-fenykepes-aranyozott-beragasztos-fenykepalbum-barmilyen-felirattal-nevvel-9x13-10x15-13x18-fotoalbum","favourite":false,"in_stock":false,"avatar":"274209_avatar_1697355906.jpeg","delete_from":0,"is_enhanced_background":false,"is_enhanced":false,"product_selection_started":false,"is_active":true,"image_webp_url":"https:\/\/www.meska.hu\/img\/product\/small\/o\/t\/otletlada_product_274209_241206222203_442455.webp"},{"id":"5977108","shop_id":"34376","user_id":"449121","shop_name":"KreativKriszta","shop_zip":"6640","product_code":"5658421","product_name_old":null,"product_name":"Baba fot\u00f3k\u00f6nyv - Scrapbook st\u00edlusban - Any\u00e1k napj\u00e1ra","category_string":"Otthon & \u00c9letm\u00f3d, Pap\u00edr, \u00edr\u00f3szer, Album & Fot\u00f3album","technic_string":"Fot\u00f3, grafika, rajz, illusztr\u00e1ci\u00f3","category_1":"813","category_2":"351","category_3":"353","category_4":"0","merged_category_1":null,"merged_category_2":null,"merged_category_3":null,"technic_1":"483","technic_2":"0","technic_3":"0","color_1":"519","color_2":"532","color_3":"533","product_description_old":null,"product_description":"Digit\u00e1lis fot\u00f3id k\u00f6nyv alakban, hogy kedvenc felv\u00e9teleid m\u00e9lt\u00f3 hely\u00fckre ker\u00fcljenek!\nAz \u00edgy elrendezett k\u00e9pekb\u0151l nagyszer\u0171 aj\u00e1nd\u00e9k is lehet a sz\u00fcl\u0151knek, nagysz\u00fcl\u0151knek, bar\u00e1taidnak, magatoknak. T\u00f6k\u00e9letes aj\u00e1nd\u00e9k lehet any\u00e1k napj\u00e1ra.\n\n15x15 cm, 12 oldal + 4 oldal bor\u00edt\u00f3, teh\u00e1t \u00f6sszesen 16 oldal.\nJ\u00f3 min\u0151s\u00e9g\u0171 matt m\u0171nyom\u00f3 pap\u00edrra nyomtatva (bel\u00edvek 160 g-os, bor\u00edt\u00f3 200 g-os ).\nK\u00f6t\u00e9szet\u00e9t tekintve lehet spir\u00e1lozott, irkaf\u0171z\u00f6tt (t\u0171z\u00f6tt) vagy szalaggal \u00f6sszef\u0171z\u00f6tt.\n\nK\u00fcldd el az e-mail c\u00edmemre a j\u00f3 min\u0151s\u00e9g\u0171 fot\u00f3idat,\n21 db fot\u00f3t (kisebb fot\u00f3k eset\u00e9n max 30 db fot\u00f3t)\n\u00e9s \u00f6ssze\u00e1ll\u00edtom ezt a vid\u00e1m, egyedi scrapbook st\u00edlus\u00fa fot\u00f3k\u00f6nyvet.\nTov\u00e1bb\u00e1 1-2 sz\u00f3val, vagy r\u00f6vid mondattal kommentelheted a k\u00e9peidet.\n\nAz \u00e1r az adott grafik\u00e1ra \u00e9rv\u00e9nyes!\nSaj\u00e1t elk\u00e9pzel\u00e9sed is sz\u00edvesen megval\u00f3s\u00edtom.\nHa k\u00e9rd\u00e9sed van sz\u00edvesen v\u00e1laszolok!\n\n","price":"7400.00","unit":"db","recommended":"0","status":"1","sponsored":"0","exp_notify":"0","own_material":"0","own_material_description_old":null,"own_material_description":"","jury":"0","jury_number":"","product_nature":"","meskaracsony":"0","create_date":"2026-03-05 08:49:46","shelve_id":"67264","image":"kreativkriszta_product_449121_220410114658_866231.jpeg","image_width":"480","image_height":"600","image_alt":"Baba fot\u00f3k\u00f6nyv - Scrapbook st\u00edlusban - Any\u00e1k napj\u00e1ra, Digit\u00e1lis fot\u00f3id k\u00f6nyv alakban, hogy kedvenc felv\u00e9teleid m\u00e9lt\u00f3 hely\u00fckre ker\u00fcljenek!\\nAz \u00edgy elrendeze..., Meska","image_title":"Baba fot\u00f3k\u00f6nyv - Scrapbook st\u00edlusban - Any\u00e1k napj\u00e1ra, Meska","view_count":"105","favourite_count":"0","trending_score":"0","last2MonthFavouriteCount":"0","promotion":"0","giftcard_accept":"0","creditcard_accept":true,"enhanced_background":"0","domain":"meska","specific_customer_id":null,"specific_customer_name":null,"to_order_product":"1","to_order_product_time":"10","product_different":"not_different","product_different_description":"","vintage":"0","vintage_category_id":"0","recycled":"0","gemstone_id":"0","customizable":"0","type_category":"physical","zerowaste":"0","postage_price":"2390.00","shop_order":"0","has_category":"1","landing_pages":null,"microdata":{"number":70,"category":""},"title":"Baba fot\u00f3k\u00f6nyv - Scrapbook st\u00edlusban - Any\u00e1k napj\u00e1ra","description":"Digit\u00e1lis fot\u00f3id k\u00f6nyv alakban, hogy kedvenc felv\u00e9teleid m\u00e9lt\u00f3 hely\u00fckre ker\u00fcljenek!\nAz \u00edgy elrendezett k\u00e9pekb\u0151l nagyszer\u0171 aj\u00e1nd\u00e9k is lehet a sz\u00fcl\u0151knek, nagysz\u00fcl\u0151knek, bar\u00e1taidnak, magatoknak. T\u00f6k\u00e9letes aj\u00e1nd\u00e9k lehet any\u00e1k napj\u00e1ra.\n\n15x15 cm, 12 oldal + 4 oldal bor\u00edt\u00f3, teh\u00e1t \u00f6sszesen 16 oldal.\nJ\u00f3 min\u0151s\u00e9g\u0171 matt m\u0171nyom\u00f3 pap\u00edrra nyomtatva (bel\u00edvek 160 g-os, bor\u00edt\u00f3 200 g-os ).\nK\u00f6t\u00e9szet\u00e9t tekintve lehet spir\u00e1lozott, irkaf\u0171z\u00f6tt (t\u0171z\u00f6tt) vagy szalaggal \u00f6sszef\u0171z\u00f6tt.\n\nK\u00fcldd el az e-mail c\u00edmemre a j\u00f3 min\u0151s\u00e9g\u0171 fot\u00f3idat,\n21 db fot\u00f3t (kisebb fot\u00f3k eset\u00e9n max 30 db fot\u00f3t)\n\u00e9s \u00f6ssze\u00e1ll\u00edtom ezt a vid\u00e1m, egyedi scrapbook st\u00edlus\u00fa fot\u00f3k\u00f6nyvet.\nTov\u00e1bb\u00e1 1-2 sz\u00f3val, vagy r\u00f6vid mondattal kommentelheted a k\u00e9peidet.\n\nAz \u00e1r az adott grafik\u00e1ra \u00e9rv\u00e9nyes!\nSaj\u00e1t elk\u00e9pzel\u00e9sed is sz\u00edvesen megval\u00f3s\u00edtom.\nHa k\u00e9rd\u00e9sed van sz\u00edvesen v\u00e1laszolok!\n\n","score":0,"formatted_price":"7 400 Ft","image_url":"https:\/\/www.meska.hu\/img\/product\/small\/k\/r\/kreativkriszta_product_449121_220410114658_866231.jpeg","formatted_url":"https:\/\/www.meska.hu\/p5658421-baba-fotokonyv-scrapbook-stilusban-anyak-napjara","favourite":false,"in_stock":false,"avatar":"KreativKriszta_avatar_449121_1630746420.jpg","delete_from":0,"is_enhanced_background":false,"is_enhanced":false,"product_selection_started":false,"is_active":true,"image_webp_url":"https:\/\/www.meska.hu\/img\/product\/small\/k\/r\/kreativkriszta_product_449121_220410114658_866231.webp"},{"id":"5724939","shop_id":"46170","user_id":"355200","shop_name":"DekorPatika","shop_zip":"6000","product_code":"5518427","product_name_old":null,"product_name":"Boldog n\u0151napot falik\u00e9p","category_string":"Otthon & \u00c9letm\u00f3d, Pap\u00edr, \u00edr\u00f3szer, Album & Fot\u00f3album","technic_string":"Fot\u00f3, grafika, rajz, illusztr\u00e1ci\u00f3","category_1":"813","category_2":"351","category_3":"353","category_4":"0","merged_category_1":null,"merged_category_2":null,"merged_category_3":null,"technic_1":"483","technic_2":"0","technic_3":"0","color_1":"519","color_2":"0","color_3":"0","product_description_old":null,"product_description":"Nincs \u00f6tleted milyen aj\u00e1nd\u00e9kkal k\u00e9sz\u00fclj N\u0151napra?\n\nElk\u00e9sz\u00edtem sz\u00e1modra a t\u00f6k\u00e9letes aj\u00e1nd\u00e9kot! Ez az egyedi falik\u00e9p remek d\u00edsze lehet lak\u00e1snak \u00e9s \u00f6r\u00f6k eml\u00e9k az eg\u00e9sz csal\u00e1dnak!\n\nA k\u00e9pkeret A\/4 m\u00e9ret\u0171, amely falra akaszthat\u00f3 vagy polcra is helyezhet\u0151!\n\nM\u00e9rete: 21x30cm\n\nLehet\u0151s\u00e9ged van digit\u00e1lis form\u00e1tumban megrendelni a term\u00e9ket! Ebben az esetben, miut\u00e1n kifizetted a term\u00e9ket, elk\u00e9sz\u00edtem a grafik\u00e1t. A dekor\u00e1ci\u00f3t ezut\u00e1n PDF form\u00e1tumban emailben elk\u00fcld\u00f6m a r\u00e9szedre, amit otthon ki tudsz nyomtatni \u00e9s be tudsz keretezni.\n\n --- Mikor v\u00e1laszd a nyomtathat\u00f3 dekor\u00e1ci\u00f3t a keretbe helyezett k\u00e9p helyett? --- \n\n- ha olcs\u00f3bb megold\u00e1st keresel, hiszen nincs plusz postak\u00f6lts\u00e9ged  \n- ha gyorsabban szeretn\u00e9d megkapni, hiszen nincs post\u00e1z\u00e1s \n- ha utols\u00f3 pillanatban aj\u00e1nd\u00e9k dekor\u00e1ci\u00f3t szeretn\u00e9l \u00e9s nincs id\u0151d v\u00e1rni \n- ha az otthoni sz\u00ednes nyomtat\u00f3ddal vagy valamely k\u00f6zeli fot\u00f3 kioszkban kinyomtatn\u00e1d \n- ha megl\u00e9v\u0151 keretbe szeretn\u00e9d \n- ha esetleg t\u00f6bb p\u00e9ld\u00e1nyra is sz\u00fcks\u00e9ged lenne  \n\nK\u00e9rlek, vedd figyelembe, hogy a megjelen\u00edtett sz\u00ednek kis m\u00e9rt\u00e9kben elt\u00e9rhetnek a k\u00fcl\u00f6nb\u00f6z\u0151 kijelz\u0151k\u00f6n. \n\nAmennyiben s\u00fcrg\u0151s megrendel\u00e9sre van sz\u00fcks\u00e9ged k\u00e9rlek v\u00e1laszd a \u201cS\u00fcrg\u0151s megrendel\u00e9s\u201d opci\u00f3t \u00e9s 1 munkanapon bel\u00fcl elk\u00e9sz\u00edtem a term\u00e9ket!\nHa foxpost automat\u00e1t v\u00e1lasztott\u00e1l, k\u00e9rlek \u00edrd meg melyikbe k\u00fcldhetem.\n\nA term\u00e9k k\u00e9sz\u00edt\u00e9s\u00e9t \u00e9s post\u00e1z\u00e1s\u00e1t csak a fizet\u00e9s be\u00e9rkez\u00e9se ut\u00e1n tudom elkezdeni! K\u00f6sz\u00f6n\u00f6m a meg\u00e9rt\u00e9sed!","price":"3490.00","unit":"db","recommended":"0","status":"1","sponsored":"0","exp_notify":"0","own_material":"0","own_material_description_old":null,"own_material_description":"","jury":"0","jury_number":"","product_nature":"","meskaracsony":"0","create_date":"2026-03-04 15:45:41","shelve_id":"0","image":"dekorpatika_product_355200_250309142822_580788.jpeg","image_width":"480","image_height":"411","image_alt":"Boldog n\u0151napot falik\u00e9p, Nincs \u00f6tleted milyen aj\u00e1nd\u00e9kkal k\u00e9sz\u00fclj N\u0151napra?\\n\\nElk\u00e9sz\u00edtem sz\u00e1modra a t\u00f6k\u00e9letes aj\u00e1nd\u00e9kot! Ez az e..., Meska","image_title":"Boldog n\u0151napot falik\u00e9p, Meska","view_count":"272","favourite_count":"0","trending_score":"0","last2MonthFavouriteCount":"0","promotion":"0","giftcard_accept":"0","creditcard_accept":true,"enhanced_background":"0","domain":"meska","specific_customer_id":null,"specific_customer_name":null,"to_order_product":"1","to_order_product_time":"4","product_different":null,"product_different_description":"","vintage":"0","vintage_category_id":"0","recycled":"0","gemstone_id":"0","customizable":"1","type_category":"digital","zerowaste":"0","postage_price":"1290.00","shop_order":"0","has_category":"1","landing_pages":null,"microdata":{"number":71,"category":""},"title":"Boldog n\u0151napot falik\u00e9p","description":"Nincs \u00f6tleted milyen aj\u00e1nd\u00e9kkal k\u00e9sz\u00fclj N\u0151napra?\n\nElk\u00e9sz\u00edtem sz\u00e1modra a t\u00f6k\u00e9letes aj\u00e1nd\u00e9kot! Ez az egyedi falik\u00e9p remek d\u00edsze lehet lak\u00e1snak \u00e9s \u00f6r\u00f6k eml\u00e9k az eg\u00e9sz csal\u00e1dnak!\n\nA k\u00e9pkeret A\/4 m\u00e9ret\u0171, amely falra akaszthat\u00f3 vagy polcra is helyezhet\u0151!\n\nM\u00e9rete: 21x30cm\n\nLehet\u0151s\u00e9ged van digit\u00e1lis form\u00e1tumban megrendelni a term\u00e9ket! Ebben az esetben, miut\u00e1n kifizetted a term\u00e9ket, elk\u00e9sz\u00edtem a grafik\u00e1t. A dekor\u00e1ci\u00f3t ezut\u00e1n PDF form\u00e1tumban emailben elk\u00fcld\u00f6m a r\u00e9szedre, amit otthon ki tudsz nyomtatni \u00e9s be tudsz keretezni.\n\n --- Mikor v\u00e1laszd a nyomtathat\u00f3 dekor\u00e1ci\u00f3t a keretbe helyezett k\u00e9p helyett? --- \n\n- ha olcs\u00f3bb megold\u00e1st keresel, hiszen nincs plusz postak\u00f6lts\u00e9ged  \n- ha gyorsabban szeretn\u00e9d megkapni, hiszen nincs post\u00e1z\u00e1s \n- ha utols\u00f3 pillanatban aj\u00e1nd\u00e9k dekor\u00e1ci\u00f3t szeretn\u00e9l \u00e9s nincs id\u0151d v\u00e1rni \n- ha az otthoni sz\u00ednes nyomtat\u00f3ddal vagy valamely k\u00f6zeli fot\u00f3 kioszkban kinyomtatn\u00e1d \n- ha megl\u00e9v\u0151 keretbe szeretn\u00e9d \n- ha esetleg t\u00f6bb p\u00e9ld\u00e1nyra is sz\u00fcks\u00e9ged lenne  \n\nK\u00e9rlek, vedd figyelembe, hogy a megjelen\u00edtett sz\u00ednek kis m\u00e9rt\u00e9kben elt\u00e9rhetnek a k\u00fcl\u00f6nb\u00f6z\u0151 kijelz\u0151k\u00f6n. \n\nAmennyiben s\u00fcrg\u0151s megrendel\u00e9sre van sz\u00fcks\u00e9ged k\u00e9rlek v\u00e1laszd a \u201cS\u00fcrg\u0151s megrendel\u00e9s\u201d opci\u00f3t \u00e9s 1 munkanapon bel\u00fcl elk\u00e9sz\u00edtem a term\u00e9ket!\nHa foxpost automat\u00e1t v\u00e1lasztott\u00e1l, k\u00e9rlek \u00edrd meg melyikbe k\u00fcldhetem.\n\nA term\u00e9k k\u00e9sz\u00edt\u00e9s\u00e9t \u00e9s post\u00e1z\u00e1s\u00e1t csak a fizet\u00e9s be\u00e9rkez\u00e9se ut\u00e1n tudom elkezdeni! K\u00f6sz\u00f6n\u00f6m a meg\u00e9rt\u00e9sed!","score":0,"formatted_price":"3 490 Ft","image_url":"https:\/\/www.meska.hu\/img\/product\/small\/d\/e\/dekorpatika_product_355200_250309142822_580788.jpeg","formatted_url":"https:\/\/www.meska.hu\/p5518427-boldog-nonapot-falikep","favourite":false,"in_stock":false,"avatar":"355200_avatar_1726093454.jpeg","delete_from":0,"is_enhanced_background":false,"is_enhanced":false,"product_selection_started":false,"is_active":true,"image_webp_url":"https:\/\/www.meska.hu\/img\/product\/small\/d\/e\/dekorpatika_product_355200_250309142822_580788.webp"},{"id":"5724956","shop_id":"46170","user_id":"355200","shop_name":"DekorPatika","shop_zip":"6000","product_code":"5518443","product_name_old":null,"product_name":"Any\u00e1k  napi falik\u00e9p","category_string":"Otthon & \u00c9letm\u00f3d, Pap\u00edr, \u00edr\u00f3szer, Album & Fot\u00f3album","technic_string":"Fot\u00f3, grafika, rajz, illusztr\u00e1ci\u00f3","category_1":"813","category_2":"351","category_3":"353","category_4":"0","merged_category_1":null,"merged_category_2":null,"merged_category_3":null,"technic_1":"483","technic_2":"0","technic_3":"0","color_1":"519","color_2":"0","color_3":"0","product_description_old":null,"product_description":"Nincs \u00f6tleted milyen aj\u00e1nd\u00e9kkal k\u00e9sz\u00fclj Any\u00e1k Napj\u00e1ra?\n\nElk\u00e9sz\u00edtem sz\u00e1modra a t\u00f6k\u00e9letes aj\u00e1nd\u00e9kot! Ez az egyedi falik\u00e9p remek d\u00edsze lehet lak\u00e1snak \u00e9s \u00f6r\u00f6k eml\u00e9k az eg\u00e9sz csal\u00e1dnak!\n\nA k\u00e9pkeret A\/4 m\u00e9ret\u0171, amely falra akaszthat\u00f3 vagy polcra is helyezhet\u0151!\n\nM\u00e9rete: 21x30cm\n\nLehet\u0151s\u00e9ged van digit\u00e1lis form\u00e1tumban megrendelni a term\u00e9ket! Ebben az esetben, miut\u00e1n kifizetted a term\u00e9ket, elk\u00e9sz\u00edtem a grafik\u00e1t. A dekor\u00e1ci\u00f3t ezut\u00e1n PDF form\u00e1tumban emailben elk\u00fcld\u00f6m a r\u00e9szedre, amit otthon ki tudsz nyomtatni \u00e9s be tudsz keretezni.\n\n --- Mikor v\u00e1laszd a nyomtathat\u00f3 dekor\u00e1ci\u00f3t a keretbe helyezett k\u00e9p helyett? --- \n\n- ha olcs\u00f3bb megold\u00e1st keresel, hiszen nincs plusz postak\u00f6lts\u00e9ged  \n- ha gyorsabban szeretn\u00e9d megkapni, hiszen nincs post\u00e1z\u00e1s \n- ha utols\u00f3 pillanatban aj\u00e1nd\u00e9k dekor\u00e1ci\u00f3t szeretn\u00e9l \u00e9s nincs id\u0151d v\u00e1rni \n- ha az otthoni sz\u00ednes nyomtat\u00f3ddal vagy valamely k\u00f6zeli fot\u00f3 kioszkban kinyomtatn\u00e1d \n- ha megl\u00e9v\u0151 keretbe szeretn\u00e9d \n- ha esetleg t\u00f6bb p\u00e9ld\u00e1nyra is sz\u00fcks\u00e9ged lenne  \n\nK\u00e9rlek, vedd figyelembe, hogy a megjelen\u00edtett sz\u00ednek kis m\u00e9rt\u00e9kben elt\u00e9rhetnek a k\u00fcl\u00f6nb\u00f6z\u0151 kijelz\u0151k\u00f6n. \n\nAmennyiben s\u00fcrg\u0151s megrendel\u00e9sre van sz\u00fcks\u00e9ged k\u00e9rlek v\u00e1laszd a \u201cS\u00fcrg\u0151s megrendel\u00e9s\u201d opci\u00f3t \u00e9s 1 munkanapon bel\u00fcl elk\u00e9sz\u00edtem a term\u00e9ket!\nHa foxpost automat\u00e1t v\u00e1lasztott\u00e1l, k\u00e9rlek \u00edrd meg melyikbe k\u00fcldhetem.\n\nA term\u00e9k k\u00e9sz\u00edt\u00e9s\u00e9t \u00e9s post\u00e1z\u00e1s\u00e1t csak a fizet\u00e9s be\u00e9rkez\u00e9se ut\u00e1n tudom elkezdeni! K\u00f6sz\u00f6n\u00f6m a meg\u00e9rt\u00e9sed!","price":"3490.00","unit":"db","recommended":"0","status":"1","sponsored":"0","exp_notify":"0","own_material":"0","own_material_description_old":null,"own_material_description":"","jury":"0","jury_number":"","product_nature":"","meskaracsony":"0","create_date":"2026-03-04 15:45:34","shelve_id":"0","image":"dekorpatika_product_355200_250309143204_390815.jpeg","image_width":"480","image_height":"339","image_alt":"Any\u00e1k  napi falik\u00e9p, Nincs \u00f6tleted milyen aj\u00e1nd\u00e9kkal k\u00e9sz\u00fclj Any\u00e1k Napj\u00e1ra?\\n\\nElk\u00e9sz\u00edtem sz\u00e1modra a t\u00f6k\u00e9letes aj\u00e1nd\u00e9kot! E..., Meska","image_title":"Any\u00e1k  napi falik\u00e9p, Meska","view_count":"287","favourite_count":"0","trending_score":"0","last2MonthFavouriteCount":"0","promotion":"0","giftcard_accept":"0","creditcard_accept":true,"enhanced_background":"0","domain":"meska","specific_customer_id":null,"specific_customer_name":null,"to_order_product":"1","to_order_product_time":"4","product_different":null,"product_different_description":"","vintage":"0","vintage_category_id":"0","recycled":"0","gemstone_id":"0","customizable":"1","type_category":"digital","zerowaste":"0","postage_price":"1290.00","shop_order":"0","has_category":"1","landing_pages":null,"microdata":{"number":72,"category":""},"title":"Any\u00e1k  napi falik\u00e9p","description":"Nincs \u00f6tleted milyen aj\u00e1nd\u00e9kkal k\u00e9sz\u00fclj Any\u00e1k Napj\u00e1ra?\n\nElk\u00e9sz\u00edtem sz\u00e1modra a t\u00f6k\u00e9letes aj\u00e1nd\u00e9kot! Ez az egyedi falik\u00e9p remek d\u00edsze lehet lak\u00e1snak \u00e9s \u00f6r\u00f6k eml\u00e9k az eg\u00e9sz csal\u00e1dnak!\n\nA k\u00e9pkeret A\/4 m\u00e9ret\u0171, amely falra akaszthat\u00f3 vagy polcra is helyezhet\u0151!\n\nM\u00e9rete: 21x30cm\n\nLehet\u0151s\u00e9ged van digit\u00e1lis form\u00e1tumban megrendelni a term\u00e9ket! Ebben az esetben, miut\u00e1n kifizetted a term\u00e9ket, elk\u00e9sz\u00edtem a grafik\u00e1t. A dekor\u00e1ci\u00f3t ezut\u00e1n PDF form\u00e1tumban emailben elk\u00fcld\u00f6m a r\u00e9szedre, amit otthon ki tudsz nyomtatni \u00e9s be tudsz keretezni.\n\n --- Mikor v\u00e1laszd a nyomtathat\u00f3 dekor\u00e1ci\u00f3t a keretbe helyezett k\u00e9p helyett? --- \n\n- ha olcs\u00f3bb megold\u00e1st keresel, hiszen nincs plusz postak\u00f6lts\u00e9ged  \n- ha gyorsabban szeretn\u00e9d megkapni, hiszen nincs post\u00e1z\u00e1s \n- ha utols\u00f3 pillanatban aj\u00e1nd\u00e9k dekor\u00e1ci\u00f3t szeretn\u00e9l \u00e9s nincs id\u0151d v\u00e1rni \n- ha az otthoni sz\u00ednes nyomtat\u00f3ddal vagy valamely k\u00f6zeli fot\u00f3 kioszkban kinyomtatn\u00e1d \n- ha megl\u00e9v\u0151 keretbe szeretn\u00e9d \n- ha esetleg t\u00f6bb p\u00e9ld\u00e1nyra is sz\u00fcks\u00e9ged lenne  \n\nK\u00e9rlek, vedd figyelembe, hogy a megjelen\u00edtett sz\u00ednek kis m\u00e9rt\u00e9kben elt\u00e9rhetnek a k\u00fcl\u00f6nb\u00f6z\u0151 kijelz\u0151k\u00f6n. \n\nAmennyiben s\u00fcrg\u0151s megrendel\u00e9sre van sz\u00fcks\u00e9ged k\u00e9rlek v\u00e1laszd a \u201cS\u00fcrg\u0151s megrendel\u00e9s\u201d opci\u00f3t \u00e9s 1 munkanapon bel\u00fcl elk\u00e9sz\u00edtem a term\u00e9ket!\nHa foxpost automat\u00e1t v\u00e1lasztott\u00e1l, k\u00e9rlek \u00edrd meg melyikbe k\u00fcldhetem.\n\nA term\u00e9k k\u00e9sz\u00edt\u00e9s\u00e9t \u00e9s post\u00e1z\u00e1s\u00e1t csak a fizet\u00e9s be\u00e9rkez\u00e9se ut\u00e1n tudom elkezdeni! K\u00f6sz\u00f6n\u00f6m a meg\u00e9rt\u00e9sed!","score":0,"formatted_price":"3 490 Ft","image_url":"https:\/\/www.meska.hu\/img\/product\/small\/d\/e\/dekorpatika_product_355200_250309143204_390815.jpeg","formatted_url":"https:\/\/www.meska.hu\/p5518443-anyak-napi-falikep","favourite":false,"in_stock":false,"avatar":"355200_avatar_1726093454.jpeg","delete_from":0,"is_enhanced_background":false,"is_enhanced":false,"product_selection_started":false,"is_active":true,"image_webp_url":"https:\/\/www.meska.hu\/img\/product\/small\/d\/e\/dekorpatika_product_355200_250309143204_390815.webp"},{"id":"3263112","shop_id":"34376","user_id":"449121","shop_name":"KreativKriszta","shop_zip":"6640","product_code":"4646328","product_name_old":null,"product_name":"Baba fot\u00f3k\u00f6nyv - Scrapbook st\u00edlusban - K\u00e9zm\u0171ves bor\u00edt\u00f3val","category_string":"Otthon & \u00c9letm\u00f3d, Pap\u00edr, \u00edr\u00f3szer, Album & Fot\u00f3album","technic_string":"Fot\u00f3, grafika, rajz, illusztr\u00e1ci\u00f3","category_1":"813","category_2":"351","category_3":"353","category_4":"0","merged_category_1":null,"merged_category_2":null,"merged_category_3":null,"technic_1":"483","technic_2":"0","technic_3":"0","color_1":"519","color_2":"532","color_3":"533","product_description_old":null,"product_description":"Digit\u00e1lis fot\u00f3id k\u00f6nyv alakban, hogy kedvenc felv\u00e9teleid m\u00e9lt\u00f3 hely\u00fckre ker\u00fcljenek!\nAz \u00edgy elrendezett k\u00e9pekb\u0151l nagyszer\u0171 aj\u00e1nd\u00e9k is lehet a sz\u00fcl\u0151knek, nagysz\u00fcl\u0151knek, bar\u00e1taidnak, magatoknak.\n\n15x15 cm, 16 oldal + k\u00e9zm\u0171ves bor\u00edt\u00f3.\nJ\u00f3 min\u0151s\u00e9g\u0171 matt m\u0171nyom\u00f3 pap\u00edrra nyomtatva.\n\nK\u00fcldd el az e-mail c\u00edmemre a j\u00f3 min\u0151s\u00e9g\u0171 fot\u00f3idat,\n21 db fot\u00f3t (kisebb fot\u00f3k eset\u00e9n max 30 db fot\u00f3t)\n\u00e9s \u00f6ssze\u00e1ll\u00edtom ezt a vid\u00e1m, egyedi scrapbook st\u00edlus\u00fa fot\u00f3k\u00f6nyvet.\nTov\u00e1bb\u00e1 1-2 sz\u00f3val, vagy r\u00f6vid mondattal kommentelheted a k\u00e9peidet.\n\nAz \u00e1r az adott grafik\u00e1ra \u00e9rv\u00e9nyes!\nSaj\u00e1t elk\u00e9pzel\u00e9sed is sz\u00edvesen megval\u00f3s\u00edtom.\nHa k\u00e9rd\u00e9sed van sz\u00edvesen v\u00e1laszolok!\n\n","price":"9000.00","unit":"db","recommended":"0","status":"1","sponsored":"0","exp_notify":"0","own_material":"0","own_material_description_old":null,"own_material_description":"","jury":"0","jury_number":"","product_nature":"","meskaracsony":"0","create_date":"2026-02-26 16:06:08","shelve_id":"66750","image":"kreativkriszta_product_449121_220410174941_867322.jpeg","image_width":"480","image_height":"480","image_alt":"Baba fot\u00f3k\u00f6nyv - Scrapbook st\u00edlusban - K\u00e9zm\u0171ves bor\u00edt\u00f3val, Digit\u00e1lis fot\u00f3id k\u00f6nyv alakban, hogy kedvenc felv\u00e9teleid m\u00e9lt\u00f3 hely\u00fckre ker\u00fcljenek!\\nAz \u00edgy elrendeze..., Meska","image_title":"Baba fot\u00f3k\u00f6nyv - Scrapbook st\u00edlusban - K\u00e9zm\u0171ves bor\u00edt\u00f3val, Meska","view_count":"1534","favourite_count":"0","trending_score":"0","last2MonthFavouriteCount":"0","promotion":"0","giftcard_accept":"0","creditcard_accept":true,"enhanced_background":"0","domain":"meska","specific_customer_id":null,"specific_customer_name":null,"to_order_product":"1","to_order_product_time":"10","product_different":"not_different","product_different_description":"","vintage":"0","vintage_category_id":"0","recycled":"0","gemstone_id":"0","customizable":"0","type_category":"physical","zerowaste":"0","postage_price":"2390.00","shop_order":"0","has_category":"1","landing_pages":null,"microdata":{"number":73,"category":""},"title":"Baba fot\u00f3k\u00f6nyv - Scrapbook st\u00edlusban - K\u00e9zm\u0171ves bor\u00edt\u00f3val","description":"Digit\u00e1lis fot\u00f3id k\u00f6nyv alakban, hogy kedvenc felv\u00e9teleid m\u00e9lt\u00f3 hely\u00fckre ker\u00fcljenek!\nAz \u00edgy elrendezett k\u00e9pekb\u0151l nagyszer\u0171 aj\u00e1nd\u00e9k is lehet a sz\u00fcl\u0151knek, nagysz\u00fcl\u0151knek, bar\u00e1taidnak, magatoknak.\n\n15x15 cm, 16 oldal + k\u00e9zm\u0171ves bor\u00edt\u00f3.\nJ\u00f3 min\u0151s\u00e9g\u0171 matt m\u0171nyom\u00f3 pap\u00edrra nyomtatva.\n\nK\u00fcldd el az e-mail c\u00edmemre a j\u00f3 min\u0151s\u00e9g\u0171 fot\u00f3idat,\n21 db fot\u00f3t (kisebb fot\u00f3k eset\u00e9n max 30 db fot\u00f3t)\n\u00e9s \u00f6ssze\u00e1ll\u00edtom ezt a vid\u00e1m, egyedi scrapbook st\u00edlus\u00fa fot\u00f3k\u00f6nyvet.\nTov\u00e1bb\u00e1 1-2 sz\u00f3val, vagy r\u00f6vid mondattal kommentelheted a k\u00e9peidet.\n\nAz \u00e1r az adott grafik\u00e1ra \u00e9rv\u00e9nyes!\nSaj\u00e1t elk\u00e9pzel\u00e9sed is sz\u00edvesen megval\u00f3s\u00edtom.\nHa k\u00e9rd\u00e9sed van sz\u00edvesen v\u00e1laszolok!\n\n","score":0,"formatted_price":"9 000 Ft","image_url":"https:\/\/www.meska.hu\/img\/product\/small\/k\/r\/kreativkriszta_product_449121_220410174941_867322.jpeg","formatted_url":"https:\/\/www.meska.hu\/p4646328-baba-fotokonyv-scrapbook-stilusban-kezmuves-boritoval","favourite":false,"in_stock":false,"avatar":"KreativKriszta_avatar_449121_1630746420.jpg","delete_from":0,"is_enhanced_background":false,"is_enhanced":false,"product_selection_started":false,"is_active":true,"image_webp_url":"https:\/\/www.meska.hu\/img\/product\/small\/k\/r\/kreativkriszta_product_449121_220410174941_867322.webp"},{"id":"5670094","shop_id":"37585","user_id":"491560","shop_name":"PillangoPapir","shop_zip":"1163","product_code":"5483947","product_name_old":null,"product_name":"Sz\u00edv mint\u00e1s f\u00e9nyk\u00e9pes bor\u00edt\u00f3s fot\u00f3album, eml\u00e9kk\u00f6nyv","category_string":"Otthon & \u00c9letm\u00f3d, Pap\u00edr, \u00edr\u00f3szer, Album & Fot\u00f3album","technic_string":"Fot\u00f3, grafika, rajz, illusztr\u00e1ci\u00f3, K\u00f6nyvk\u00f6t\u00e9s","category_1":"813","category_2":"351","category_3":"353","category_4":"0","merged_category_1":null,"merged_category_2":null,"merged_category_3":null,"technic_1":"483","technic_2":"671","technic_3":"0","color_1":"515","color_2":"0","color_3":"0","product_description_old":null,"product_description":"Legyen igaz\u00e1n egyedi, f\u00e9nyk\u00e9pes bor\u00edt\u00f3s eml\u00e9kk\u00f6nyved! \n\nHa esk\u00fcv\u0151d volt vagy n\u00e1szutad, esetleg sz\u00fclinapra, ballag\u00e1sra aj\u00e1nd\u00e9kozn\u00e1l valamit vagy egy csod\u00e1s nyaral\u00e1son vett\u00e9l r\u00e9szt, ebbe az albumba tetsz\u00e9s szerint \u00edrhatsz fel eml\u00e9keket, id\u00e9zeteket, kedves \u00fczeneteket az aj\u00e1nd\u00e9kozott sz\u00e1m\u00e1ra vagy bele tudod beragasztani a f\u00e9nyk\u00e9peidet, mell\u00e9 pedig \u00edrhatsz is, \u00edgy szuper fot\u00f3album is k\u00e9sz\u00fclhet bel\u0151le.\n\nA bor\u00edt\u00f3n az \u00f6sszes sz\u00f6veg tetsz\u00e9s szerint k\u00e9sz\u00fcl, valamint 27 darab f\u00e9nyk\u00e9p ker\u00fclhet elhelyez\u00e9sre.\nA h\u00e1tulj\u00e1ra is ker\u00fclhet id\u00e9zet, sz\u00f6veg, monogram, plusz fot\u00f3 stb.\nEzt rendel\u00e9s ut\u00e1n e-mailben tudjuk majd egyeztetni, az elk\u00e9sz\u00edt\u00e9s el\u0151tt pedig l\u00e1tv\u00e1nytervet k\u00fcld\u00f6k a bor\u00edt\u00f3kr\u00f3l!\n\nA k\u00f6nyv 18 x 24 cm m\u00e9ret\u0171, kem\u00e9nyfedeles, matt bor\u00edt\u00f3val k\u00e9sz\u00fcl, k\u00e9t db feh\u00e9r spir\u00e1llal \u00f6sszef\u0171zve, amit\u0151l igaz\u00e1n egyedi megjelen\u00e9st kap.\n\nK\u00e9t f\u00e9le bels\u0151 lapokkal k\u00e9sz\u00fclhet, funkci\u00f3j\u00e1t\u00f3l f\u00fcgg\u0151en:\n\n- Eml\u00e9kk\u00f6nyv: 40 db (80 oldal) 120 g-os h\u00f3feh\u00e9r, selymes tapint\u00e1s\u00fa pap\u00edrlappal, \u00edgy j\u00f3k\u00edv\u00e1ns\u00e1gok, \u00fcdv\u00f6zletek, id\u00e9zetek ker\u00fclhetnek bele. Ak\u00e1r tollal, filccel is \u00edrhat\u00f3, nem fog \u00e1t\u00fctni rajta az \u00edr\u00e1s.\n\n- Fot\u00f3album: 30 db (60 oldal) 230 g-os vastagabb feh\u00e9r kartonlappal, \u00edgy m\u00e1r f\u00e9nyk\u00e9peket is lehet beleragasztani k\u00e9toldal\u00fa ragaszt\u00f3val, fot\u00f3sarokkal, foly\u00e9kony ragaszt\u00f3val, vagy egyszer\u0171 ragaszt\u00f3szalaggal is.\nEgy oldalra ak\u00e1r 4 db Instax f\u00e9nyk\u00e9p (8,6 x 5,4 cm), 2 db \u00e1ll\u00f3 k\u00e9p vagy 1 db fekv\u0151 k\u00e9p f\u00e9r el (9x13 cm vagy 10 x 15 cm).\nMellette marad m\u00e9g hely feliratokat is elhelyezni!\nMaximum 40 db lappal tudom k\u00e9sz\u00edteni az albumot.\n\nHa m\u00f3dos\u00edtan\u00e1l a bet\u0171t\u00edpuson vagy a grafik\u00e1n, nyugodtan \u00edrd meg elk\u00e9pzel\u00e9sed egy \u00fczenetben vagy v\u00e1s\u00e1rl\u00e1s ut\u00e1n e-mailben!","price":"8490.00","unit":"db","recommended":"0","status":"1","sponsored":"0","exp_notify":"0","own_material":"0","own_material_description_old":null,"own_material_description":"","jury":"0","jury_number":"","product_nature":"","meskaracsony":"0","create_date":"2026-02-25 16:03:11","shelve_id":"71915","image":"pillangopapir_product_491560_250121144002_699760.jpeg","image_width":"480","image_height":"631","image_alt":"Sz\u00edv mint\u00e1s f\u00e9nyk\u00e9pes bor\u00edt\u00f3s fot\u00f3album, eml\u00e9kk\u00f6nyv, Legyen igaz\u00e1n egyedi, f\u00e9nyk\u00e9pes bor\u00edt\u00f3s eml\u00e9kk\u00f6nyved! \\n\\nHa esk\u00fcv\u0151d volt vagy n\u00e1szutad, esetleg sz\u00fcli..., Meska","image_title":"Sz\u00edv mint\u00e1s f\u00e9nyk\u00e9pes bor\u00edt\u00f3s fot\u00f3album, eml\u00e9kk\u00f6nyv, Meska","view_count":"370","favourite_count":"0","trending_score":"0","last2MonthFavouriteCount":"0","promotion":"0","giftcard_accept":"0","creditcard_accept":true,"enhanced_background":"0","domain":"meska","specific_customer_id":null,"specific_customer_name":null,"to_order_product":"1","to_order_product_time":"2","product_different":null,"product_different_description":"","vintage":"0","vintage_category_id":"0","recycled":"0","gemstone_id":"0","customizable":"0","type_category":"physical","zerowaste":"0","postage_price":"1300.00","shop_order":"93","has_category":"1","landing_pages":null,"microdata":{"number":74,"category":""},"title":"Sz\u00edv mint\u00e1s f\u00e9nyk\u00e9pes bor\u00edt\u00f3s fot\u00f3album, eml\u00e9kk\u00f6nyv","description":"Legyen igaz\u00e1n egyedi, f\u00e9nyk\u00e9pes bor\u00edt\u00f3s eml\u00e9kk\u00f6nyved! \n\nHa esk\u00fcv\u0151d volt vagy n\u00e1szutad, esetleg sz\u00fclinapra, ballag\u00e1sra aj\u00e1nd\u00e9kozn\u00e1l valamit vagy egy csod\u00e1s nyaral\u00e1son vett\u00e9l r\u00e9szt, ebbe az albumba tetsz\u00e9s szerint \u00edrhatsz fel eml\u00e9keket, id\u00e9zeteket, kedves \u00fczeneteket az aj\u00e1nd\u00e9kozott sz\u00e1m\u00e1ra vagy bele tudod beragasztani a f\u00e9nyk\u00e9peidet, mell\u00e9 pedig \u00edrhatsz is, \u00edgy szuper fot\u00f3album is k\u00e9sz\u00fclhet bel\u0151le.\n\nA bor\u00edt\u00f3n az \u00f6sszes sz\u00f6veg tetsz\u00e9s szerint k\u00e9sz\u00fcl, valamint 27 darab f\u00e9nyk\u00e9p ker\u00fclhet elhelyez\u00e9sre.\nA h\u00e1tulj\u00e1ra is ker\u00fclhet id\u00e9zet, sz\u00f6veg, monogram, plusz fot\u00f3 stb.\nEzt rendel\u00e9s ut\u00e1n e-mailben tudjuk majd egyeztetni, az elk\u00e9sz\u00edt\u00e9s el\u0151tt pedig l\u00e1tv\u00e1nytervet k\u00fcld\u00f6k a bor\u00edt\u00f3kr\u00f3l!\n\nA k\u00f6nyv 18 x 24 cm m\u00e9ret\u0171, kem\u00e9nyfedeles, matt bor\u00edt\u00f3val k\u00e9sz\u00fcl, k\u00e9t db feh\u00e9r spir\u00e1llal \u00f6sszef\u0171zve, amit\u0151l igaz\u00e1n egyedi megjelen\u00e9st kap.\n\nK\u00e9t f\u00e9le bels\u0151 lapokkal k\u00e9sz\u00fclhet, funkci\u00f3j\u00e1t\u00f3l f\u00fcgg\u0151en:\n\n- Eml\u00e9kk\u00f6nyv: 40 db (80 oldal) 120 g-os h\u00f3feh\u00e9r, selymes tapint\u00e1s\u00fa pap\u00edrlappal, \u00edgy j\u00f3k\u00edv\u00e1ns\u00e1gok, \u00fcdv\u00f6zletek, id\u00e9zetek ker\u00fclhetnek bele. Ak\u00e1r tollal, filccel is \u00edrhat\u00f3, nem fog \u00e1t\u00fctni rajta az \u00edr\u00e1s.\n\n- Fot\u00f3album: 30 db (60 oldal) 230 g-os vastagabb feh\u00e9r kartonlappal, \u00edgy m\u00e1r f\u00e9nyk\u00e9peket is lehet beleragasztani k\u00e9toldal\u00fa ragaszt\u00f3val, fot\u00f3sarokkal, foly\u00e9kony ragaszt\u00f3val, vagy egyszer\u0171 ragaszt\u00f3szalaggal is.\nEgy oldalra ak\u00e1r 4 db Instax f\u00e9nyk\u00e9p (8,6 x 5,4 cm), 2 db \u00e1ll\u00f3 k\u00e9p vagy 1 db fekv\u0151 k\u00e9p f\u00e9r el (9x13 cm vagy 10 x 15 cm).\nMellette marad m\u00e9g hely feliratokat is elhelyezni!\nMaximum 40 db lappal tudom k\u00e9sz\u00edteni az albumot.\n\nHa m\u00f3dos\u00edtan\u00e1l a bet\u0171t\u00edpuson vagy a grafik\u00e1n, nyugodtan \u00edrd meg elk\u00e9pzel\u00e9sed egy \u00fczenetben vagy v\u00e1s\u00e1rl\u00e1s ut\u00e1n e-mailben!","score":0,"formatted_price":"8 490 Ft","image_url":"https:\/\/www.meska.hu\/img\/product\/small\/p\/i\/pillangopapir_product_491560_250121144002_699760.jpeg","formatted_url":"https:\/\/www.meska.hu\/p5483947-sziv-mintas-fenykepes-boritos-fotoalbum-emlekkonyv","favourite":false,"in_stock":false,"avatar":"PillangoPapir_avatar_491560_1677664091.jpg","delete_from":0,"is_enhanced_background":false,"is_enhanced":false,"product_selection_started":false,"is_active":true,"image_webp_url":"https:\/\/www.meska.hu\/img\/product\/small\/p\/i\/pillangopapir_product_491560_250121144002_699760.webp"},{"id":"5522807","shop_id":"37585","user_id":"491560","shop_name":"PillangoPapir","shop_zip":"1163","product_code":"5398193","product_name_old":null,"product_name":"R\u00f3zsamint\u00e1s fot\u00f3album, eml\u00e9kk\u00f6nyv","category_string":"Otthon & \u00c9letm\u00f3d, Pap\u00edr, \u00edr\u00f3szer, Album & Fot\u00f3album","technic_string":"Fot\u00f3, grafika, rajz, illusztr\u00e1ci\u00f3, K\u00f6nyvk\u00f6t\u00e9s","category_1":"813","category_2":"351","category_3":"353","category_4":"0","merged_category_1":null,"merged_category_2":null,"merged_category_3":null,"technic_1":"483","technic_2":"671","technic_3":"0","color_1":"515","color_2":"525","color_3":"529","product_description_old":null,"product_description":"Legyen igaz\u00e1n egyedi, f\u00e9nyk\u00e9pes bor\u00edt\u00f3s eml\u00e9kk\u00f6nyved! \n\nHa esk\u00fcv\u0151d volt vagy n\u00e1szutad, esetleg sz\u00fclinapra, ballag\u00e1sra aj\u00e1nd\u00e9kozn\u00e1l valamit vagy egy csod\u00e1s nyaral\u00e1son vett\u00e9l r\u00e9szt, ebbe az albumba tetsz\u00e9s szerint \u00edrhatsz fel eml\u00e9keket, id\u00e9zeteket, kedves \u00fczeneteket az aj\u00e1nd\u00e9kozott sz\u00e1m\u00e1ra vagy bele tudod beragasztani a f\u00e9nyk\u00e9peidet, mell\u00e9 pedig \u00edrhatsz is, \u00edgy szuper fot\u00f3album is k\u00e9sz\u00fclhet bel\u0151le.\n\nA bor\u00edt\u00f3n az \u00f6sszes sz\u00f6veg tetsz\u00e9s szerint k\u00e9sz\u00fcl, valamint 3 darab f\u00e9nyk\u00e9p ker\u00fclhet elhelyez\u00e9sre.\nA h\u00e1tulj\u00e1ra is ker\u00fclhet id\u00e9zet, sz\u00f6veg, monogram, plusz fot\u00f3 stb.\nEzt rendel\u00e9s ut\u00e1n e-mailben tudjuk majd egyeztetni, az elk\u00e9sz\u00edt\u00e9s el\u0151tt pedig l\u00e1tv\u00e1nytervet k\u00fcld\u00f6k a bor\u00edt\u00f3kr\u00f3l!\n\nA k\u00f6nyv 18 x 24 cm m\u00e9ret\u0171, kem\u00e9nyfedeles, matt bor\u00edt\u00f3val k\u00e9sz\u00fcl, k\u00e9t db feh\u00e9r spir\u00e1llal \u00f6sszef\u0171zve, amit\u0151l igaz\u00e1n egyedi megjelen\u00e9st kap.\n\nK\u00e9t f\u00e9le bels\u0151 lapokkal k\u00e9sz\u00fclhet, funkci\u00f3j\u00e1t\u00f3l f\u00fcgg\u0151en:\n\n- Eml\u00e9kk\u00f6nyv: 40 db (80 oldal) 120 g-os h\u00f3feh\u00e9r, selymes tapint\u00e1s\u00fa pap\u00edrlappal, \u00edgy j\u00f3k\u00edv\u00e1ns\u00e1gok, \u00fcdv\u00f6zletek, id\u00e9zetek ker\u00fclhetnek bele. Ak\u00e1r tollal, filccel is \u00edrhat\u00f3, nem fog \u00e1t\u00fctni rajta az \u00edr\u00e1s.\n\n- Fot\u00f3album: 30 db (60 oldal) 230 g-os vastagabb feh\u00e9r kartonlappal, \u00edgy m\u00e1r f\u00e9nyk\u00e9peket is lehet beleragasztani k\u00e9toldal\u00fa ragaszt\u00f3val, fot\u00f3sarokkal, foly\u00e9kony ragaszt\u00f3val, vagy egyszer\u0171 ragaszt\u00f3szalaggal is.\nEgy oldalra ak\u00e1r 4 db Instax f\u00e9nyk\u00e9p (8,6 x 5,4 cm), 2 db \u00e1ll\u00f3 k\u00e9p vagy 1 db fekv\u0151 k\u00e9p f\u00e9r el (9x13 cm vagy 10 x 15 cm).\nMellette marad m\u00e9g hely feliratokat is elhelyezni!\nMaximum 40 db lappal tudom k\u00e9sz\u00edteni az albumot.\n\nHa m\u00f3dos\u00edtan\u00e1l a bet\u0171t\u00edpuson vagy a grafik\u00e1n, nyugodtan \u00edrd meg elk\u00e9pzel\u00e9sed egy \u00fczenetben vagy v\u00e1s\u00e1rl\u00e1s ut\u00e1n e-mailben!","price":"8490.00","unit":"db","recommended":"0","status":"1","sponsored":"0","exp_notify":"0","own_material":"0","own_material_description_old":null,"own_material_description":"","jury":"0","jury_number":"","product_nature":"","meskaracsony":"0","create_date":"2026-02-25 08:35:24","shelve_id":"71915","image":"pillangopapir_product_491560_241016105209_293435.jpeg","image_width":"480","image_height":"631","image_alt":"R\u00f3zsamint\u00e1s fot\u00f3album, eml\u00e9kk\u00f6nyv, Legyen igaz\u00e1n egyedi, f\u00e9nyk\u00e9pes bor\u00edt\u00f3s eml\u00e9kk\u00f6nyved! \\n\\nHa esk\u00fcv\u0151d volt vagy n\u00e1szutad, esetleg sz\u00fcli..., Meska","image_title":"R\u00f3zsamint\u00e1s fot\u00f3album, eml\u00e9kk\u00f6nyv, Meska","view_count":"449","favourite_count":"0","trending_score":"0","last2MonthFavouriteCount":"0","promotion":"0","giftcard_accept":"0","creditcard_accept":true,"enhanced_background":"0","domain":"meska","specific_customer_id":null,"specific_customer_name":null,"to_order_product":"1","to_order_product_time":"2","product_different":null,"product_different_description":"","vintage":"0","vintage_category_id":"0","recycled":"0","gemstone_id":"0","customizable":"0","type_category":"physical","zerowaste":"0","postage_price":"1300.00","shop_order":"76","has_category":"1","landing_pages":null,"microdata":{"number":75,"category":""},"title":"R\u00f3zsamint\u00e1s fot\u00f3album, eml\u00e9kk\u00f6nyv","description":"Legyen igaz\u00e1n egyedi, f\u00e9nyk\u00e9pes bor\u00edt\u00f3s eml\u00e9kk\u00f6nyved! \n\nHa esk\u00fcv\u0151d volt vagy n\u00e1szutad, esetleg sz\u00fclinapra, ballag\u00e1sra aj\u00e1nd\u00e9kozn\u00e1l valamit vagy egy csod\u00e1s nyaral\u00e1son vett\u00e9l r\u00e9szt, ebbe az albumba tetsz\u00e9s szerint \u00edrhatsz fel eml\u00e9keket, id\u00e9zeteket, kedves \u00fczeneteket az aj\u00e1nd\u00e9kozott sz\u00e1m\u00e1ra vagy bele tudod beragasztani a f\u00e9nyk\u00e9peidet, mell\u00e9 pedig \u00edrhatsz is, \u00edgy szuper fot\u00f3album is k\u00e9sz\u00fclhet bel\u0151le.\n\nA bor\u00edt\u00f3n az \u00f6sszes sz\u00f6veg tetsz\u00e9s szerint k\u00e9sz\u00fcl, valamint 3 darab f\u00e9nyk\u00e9p ker\u00fclhet elhelyez\u00e9sre.\nA h\u00e1tulj\u00e1ra is ker\u00fclhet id\u00e9zet, sz\u00f6veg, monogram, plusz fot\u00f3 stb.\nEzt rendel\u00e9s ut\u00e1n e-mailben tudjuk majd egyeztetni, az elk\u00e9sz\u00edt\u00e9s el\u0151tt pedig l\u00e1tv\u00e1nytervet k\u00fcld\u00f6k a bor\u00edt\u00f3kr\u00f3l!\n\nA k\u00f6nyv 18 x 24 cm m\u00e9ret\u0171, kem\u00e9nyfedeles, matt bor\u00edt\u00f3val k\u00e9sz\u00fcl, k\u00e9t db feh\u00e9r spir\u00e1llal \u00f6sszef\u0171zve, amit\u0151l igaz\u00e1n egyedi megjelen\u00e9st kap.\n\nK\u00e9t f\u00e9le bels\u0151 lapokkal k\u00e9sz\u00fclhet, funkci\u00f3j\u00e1t\u00f3l f\u00fcgg\u0151en:\n\n- Eml\u00e9kk\u00f6nyv: 40 db (80 oldal) 120 g-os h\u00f3feh\u00e9r, selymes tapint\u00e1s\u00fa pap\u00edrlappal, \u00edgy j\u00f3k\u00edv\u00e1ns\u00e1gok, \u00fcdv\u00f6zletek, id\u00e9zetek ker\u00fclhetnek bele. Ak\u00e1r tollal, filccel is \u00edrhat\u00f3, nem fog \u00e1t\u00fctni rajta az \u00edr\u00e1s.\n\n- Fot\u00f3album: 30 db (60 oldal) 230 g-os vastagabb feh\u00e9r kartonlappal, \u00edgy m\u00e1r f\u00e9nyk\u00e9peket is lehet beleragasztani k\u00e9toldal\u00fa ragaszt\u00f3val, fot\u00f3sarokkal, foly\u00e9kony ragaszt\u00f3val, vagy egyszer\u0171 ragaszt\u00f3szalaggal is.\nEgy oldalra ak\u00e1r 4 db Instax f\u00e9nyk\u00e9p (8,6 x 5,4 cm), 2 db \u00e1ll\u00f3 k\u00e9p vagy 1 db fekv\u0151 k\u00e9p f\u00e9r el (9x13 cm vagy 10 x 15 cm).\nMellette marad m\u00e9g hely feliratokat is elhelyezni!\nMaximum 40 db lappal tudom k\u00e9sz\u00edteni az albumot.\n\nHa m\u00f3dos\u00edtan\u00e1l a bet\u0171t\u00edpuson vagy a grafik\u00e1n, nyugodtan \u00edrd meg elk\u00e9pzel\u00e9sed egy \u00fczenetben vagy v\u00e1s\u00e1rl\u00e1s ut\u00e1n e-mailben!","score":0,"formatted_price":"8 490 Ft","image_url":"https:\/\/www.meska.hu\/img\/product\/small\/p\/i\/pillangopapir_product_491560_241016105209_293435.jpeg","formatted_url":"https:\/\/www.meska.hu\/p5398193-rozsamintas-fotoalbum","favourite":false,"in_stock":false,"avatar":"PillangoPapir_avatar_491560_1677664091.jpg","delete_from":0,"is_enhanced_background":false,"is_enhanced":false,"product_selection_started":false,"is_active":true,"image_webp_url":"https:\/\/www.meska.hu\/img\/product\/small\/p\/i\/pillangopapir_product_491560_241016105209_293435.webp"},{"id":"4601660","shop_id":"24144","user_id":"274209","shop_name":"OtletLada","shop_zip":"7522","product_code":"4843593","product_name_old":null,"product_name":"\u00c9VFORDUL\u00d3S \/ m\u00e9rf\u00f6ldk\u0151 Szerelmes Fot\u00f3album F\u00e9nyk\u00e9p album \/ Esk\u00fcv\u0151re is kit\u0171n\u0151 n\u00e1szaj\u00e1nd\u00e9k - 40 lap \/ 80 oldal - 21x19cm","category_string":"Otthon & \u00c9letm\u00f3d, Pap\u00edr, \u00edr\u00f3szer, Album & Fot\u00f3album","technic_string":"Fot\u00f3, grafika, rajz, illusztr\u00e1ci\u00f3, K\u00f6nyvk\u00f6t\u00e9s","category_1":"813","category_2":"351","category_3":"353","category_4":"0","merged_category_1":"0","merged_category_2":"0","merged_category_3":"0","technic_1":"483","technic_2":"671","technic_3":"0","color_1":"514","color_2":"520","color_3":"0","product_description_old":null,"product_description":"\u00cdrd meg a neveteket, az \u00e9vfordul\u00f3tok- \u00e9s az esk\u00fcv\u0151t\u00f6k d\u00e1tum\u00e1t. Nat\u00far sz\u00edn\u0171 beragaszt\u00f3s fot\u00f3album. Egyedi \u00c9VFORDUL\u00d3S Szerelmes fot\u00f3album.\nTeljesen m\u00e1s \u00e9lm\u00e9ny lesz egy ilyen albumot v\u00e9gig lapozni p\u00e1r \u00e9v m\u00falva, mintha csak fot\u00f3k lenn\u00e9nek egym\u00e1s ut\u00e1n sorba rakva.\n\nTIPP: a f\u00e9nyk\u00e9peket k\u00e9toldal\u00fa ragaszt\u00f3val a legegyszer\u0171bb beragasztani, amit szinte b\u00e1rmelyik szupermarket polcain megtal\u00e1lsz (a fest\u0151s r\u00e9szlegn\u00e9l)\nTerm\u00e9szetesen fot\u00f3sarokkal vagy dekor ragaszt\u00f3szalaggal is r\u00f6gz\u00edtheted\n\nPARAM\u00c9TEREK:\n\u25b6\ufe0f Bel\u00edvek 120g-os \u00fcres OFFSET feh\u00e9r lapok* - 40 \u00edv\n\u25b6\ufe0f Fekete vagy feh\u00e9r f\u00e9m spir\u00e1llal\n\u25b6\ufe0f M\u00e9rete: 210x190mm\n\n\u26a0\ufe0f BOR\u00cdT\u00d3JA l\u00e9zer nyomat, h\u00e1tlapja nat\u00far sz\u00edn\u0171 - alapanyaga V\u00c1LASZTHAT\u00d3:\n\u2705 ALAP\u00c1RON: KEM\u00c9NY, de v\u00e9kony (kb 0,5mm) m\u0171anyag bor\u00edt\u00f3\n\u2705+1500 Ft-\u00e9rt v\u00e1laszthat\u00f3 2mm extra vastag, KEM\u00c9NY kartont\u00e1bl\u00e1ra k\u00e9sz\u00fclt bor\u00edt\u00f3val is.\n\nK\u00e9toldal\u00fa ragaszt\u00f3val k\u00e9peket is ragaszthattok bele, vagy ceruz\u00e1val, tollal is \u00edrhattok bele.\n\nN\u00e9zd meg a t\u00f6bbi term\u00e9kemet is:\nhttps:\/\/www.meska.hu\/shop\/OromKonnyek\n\n>>> Sz\u00e1ll\u00edt\u00e1si \u00e9s \u00c1TV\u00c9TELI inform\u00e1ci\u00f3kat a \"Sz\u00e1ll\u00edt\u00e1si Info\" f\u00fclre kattintva tal\u00e1lod\n\n>>> Fizet\u00e9si m\u00f3d - KIZ\u00c1R\u00d3LAG EL\u0150RE FIZET\u00c9SSEL: Bankk\u00e1rty\u00e1val \/ Barionnal \/\u00c1tutal\u00e1ssal vagy Banki befizet\u00e9ssel\n\n\u26a0\ufe0fFONTOS\u26a0\ufe0f Ha v\u00e1ltoztatni szeretn\u00e9l a bor\u00edt\u00f3 sz\u00f6veg\u00e9n, akkor tedd kos\u00e1rba a term\u00e9ket \u00e9s a \"Kos\u00e1r\" oldalon az \"\u00dczenet az elad\u00f3nak\" r\u00e9szbe \u00edrd be, hogy milyen sz\u00f6veget \/ nevet k\u00e9rsz a bor\u00edt\u00f3ra.","price":"7900.00","unit":"db","recommended":"0","status":"1","sponsored":"0","exp_notify":"0","own_material":"0","own_material_description_old":null,"own_material_description":"","jury":"0","jury_number":"","product_nature":"","meskaracsony":"0","create_date":"2026-02-24 09:05:55","shelve_id":"73268","image":"otletlada_product_274209_221127175311_267197.jpeg","image_width":"480","image_height":"480","image_alt":"\u00c9VFORDUL\u00d3S \/ m\u00e9rf\u00f6ldk\u0151 Szerelmes Fot\u00f3album F\u00e9nyk\u00e9p album \/ Esk\u00fcv\u0151re is kit\u0171n\u0151 n\u00e1szaj\u00e1nd\u00e9k - 40 lap \/ 80 oldal - 21x19cm, \u00cdrd meg a neveteket, az \u00e9vfordul\u00f3tok- \u00e9s az esk\u00fcv\u0151t\u00f6k d\u00e1tum\u00e1t. Nat\u00far sz\u00edn\u0171 beragaszt\u00f3s fot\u00f3album. Eg..., Meska","image_title":"\u00c9VFORDUL\u00d3S \/ m\u00e9rf\u00f6ldk\u0151 Szerelmes Fot\u00f3album F\u00e9nyk\u00e9p album \/ Esk\u00fcv\u0151re is kit\u0171n\u0151 n\u00e1szaj\u00e1nd\u00e9k - 40 lap \/ 80 oldal - 21x19cm, Meska","view_count":"2439","favourite_count":"0","trending_score":"0","last2MonthFavouriteCount":"0","promotion":"0","giftcard_accept":"0","creditcard_accept":false,"enhanced_background":"0","domain":"meska","specific_customer_id":null,"specific_customer_name":null,"to_order_product":"1","to_order_product_time":"5","product_different":"quite_different","product_different_description":"A sz\u00f6veget megv\u00e1ltoztathatod. A sz\u00ednek a monitoron \u00e9s nyomtat\u00e1sban elt\u00e9rhetnek.","vintage":"0","vintage_category_id":"0","recycled":"0","gemstone_id":"0","customizable":"1","type_category":"physical","zerowaste":"0","postage_price":"1290.00","shop_order":"148","has_category":"1","landing_pages":null,"microdata":{"number":76,"category":""},"title":"\u00c9VFORDUL\u00d3S \/ m\u00e9rf\u00f6ldk\u0151 Szerelmes Fot\u00f3album F\u00e9nyk\u00e9p album \/ Esk\u00fcv\u0151re is kit\u0171n\u0151 n\u00e1szaj\u00e1nd\u00e9k - 40 lap \/ 80 oldal - 21x19cm","description":"\u00cdrd meg a neveteket, az \u00e9vfordul\u00f3tok- \u00e9s az esk\u00fcv\u0151t\u00f6k d\u00e1tum\u00e1t. Nat\u00far sz\u00edn\u0171 beragaszt\u00f3s fot\u00f3album. Egyedi \u00c9VFORDUL\u00d3S Szerelmes fot\u00f3album.\nTeljesen m\u00e1s \u00e9lm\u00e9ny lesz egy ilyen albumot v\u00e9gig lapozni p\u00e1r \u00e9v m\u00falva, mintha csak fot\u00f3k lenn\u00e9nek egym\u00e1s ut\u00e1n sorba rakva.\n\nTIPP: a f\u00e9nyk\u00e9peket k\u00e9toldal\u00fa ragaszt\u00f3val a legegyszer\u0171bb beragasztani, amit szinte b\u00e1rmelyik szupermarket polcain megtal\u00e1lsz (a fest\u0151s r\u00e9szlegn\u00e9l)\nTerm\u00e9szetesen fot\u00f3sarokkal vagy dekor ragaszt\u00f3szalaggal is r\u00f6gz\u00edtheted\n\nPARAM\u00c9TEREK:\n\u25b6\ufe0f Bel\u00edvek 120g-os \u00fcres OFFSET feh\u00e9r lapok* - 40 \u00edv\n\u25b6\ufe0f Fekete vagy feh\u00e9r f\u00e9m spir\u00e1llal\n\u25b6\ufe0f M\u00e9rete: 210x190mm\n\n\u26a0\ufe0f BOR\u00cdT\u00d3JA l\u00e9zer nyomat, h\u00e1tlapja nat\u00far sz\u00edn\u0171 - alapanyaga V\u00c1LASZTHAT\u00d3:\n\u2705 ALAP\u00c1RON: KEM\u00c9NY, de v\u00e9kony (kb 0,5mm) m\u0171anyag bor\u00edt\u00f3\n\u2705+1500 Ft-\u00e9rt v\u00e1laszthat\u00f3 2mm extra vastag, KEM\u00c9NY kartont\u00e1bl\u00e1ra k\u00e9sz\u00fclt bor\u00edt\u00f3val is.\n\nK\u00e9toldal\u00fa ragaszt\u00f3val k\u00e9peket is ragaszthattok bele, vagy ceruz\u00e1val, tollal is \u00edrhattok bele.\n\nN\u00e9zd meg a t\u00f6bbi term\u00e9kemet is:\nhttps:\/\/www.meska.hu\/shop\/OromKonnyek\n\n>>> Sz\u00e1ll\u00edt\u00e1si \u00e9s \u00c1TV\u00c9TELI inform\u00e1ci\u00f3kat a \"Sz\u00e1ll\u00edt\u00e1si Info\" f\u00fclre kattintva tal\u00e1lod\n\n>>> Fizet\u00e9si m\u00f3d - KIZ\u00c1R\u00d3LAG EL\u0150RE FIZET\u00c9SSEL: Bankk\u00e1rty\u00e1val \/ Barionnal \/\u00c1tutal\u00e1ssal vagy Banki befizet\u00e9ssel\n\n\u26a0\ufe0fFONTOS\u26a0\ufe0f Ha v\u00e1ltoztatni szeretn\u00e9l a bor\u00edt\u00f3 sz\u00f6veg\u00e9n, akkor tedd kos\u00e1rba a term\u00e9ket \u00e9s a \"Kos\u00e1r\" oldalon az \"\u00dczenet az elad\u00f3nak\" r\u00e9szbe \u00edrd be, hogy milyen sz\u00f6veget \/ nevet k\u00e9rsz a bor\u00edt\u00f3ra.","score":0,"formatted_price":"7 900 Ft","image_url":"https:\/\/www.meska.hu\/img\/product\/small\/o\/t\/otletlada_product_274209_221127175311_267197.jpeg","formatted_url":"https:\/\/www.meska.hu\/p4843593-evfordulos-merfoldko-szerelmes-fotoalbum-fenykep-album-eskuvore-is-kituno-naszajandek-40-lap-80-oldal-21x19cm","favourite":false,"in_stock":false,"avatar":"274209_avatar_1697355906.jpeg","delete_from":0,"is_enhanced_background":false,"is_enhanced":false,"product_selection_started":false,"is_active":true,"image_webp_url":"https:\/\/www.meska.hu\/img\/product\/small\/o\/t\/otletlada_product_274209_221127175311_267197.webp"},{"id":"3081097","shop_id":"34376","user_id":"449121","shop_name":"KreativKriszta","shop_zip":"6640","product_code":"4625680","product_name_old":null,"product_name":"Fot\u00f3k\u00f6nyv - utaz\u00e1s, nyaral\u00e1s","category_string":"Otthon & \u00c9letm\u00f3d, Pap\u00edr, \u00edr\u00f3szer, Album & Fot\u00f3album","technic_string":"Fot\u00f3, grafika, rajz, illusztr\u00e1ci\u00f3","category_1":"813","category_2":"351","category_3":"353","category_4":"0","merged_category_1":null,"merged_category_2":null,"merged_category_3":null,"technic_1":"483","technic_2":"0","technic_3":"0","color_1":"514","color_2":"515","color_3":"532","product_description_old":null,"product_description":"Digit\u00e1lis fot\u00f3id k\u00f6nyv alakban, hogy kedvenc felv\u00e9teleid m\u00e9lt\u00f3 hely\u00fckre ker\u00fcljenek!\nF\u0171zd \u00f6ssze a nyaral\u00e1sod eml\u00e9keit egy nagyszer\u0171 fot\u00f3k\u00f6nyvbe.\n\n21x28 cm, \u00e1ll\u00f3, 12 oldal + 4 oldal bor\u00edt\u00f3, teh\u00e1t \u00f6sszesen 16 oldal.\nJ\u00f3 min\u0151s\u00e9g\u0171 matt m\u0171nyom\u00f3 pap\u00edrra nyomtatva (bel\u00edvek 160 g-os, bor\u00edt\u00f3 200 g-os).\nK\u00f6t\u00e9szet\u00e9t tekintve lehet spir\u00e1lozott, irkaf\u0171z\u00f6tt (t\u0171z\u00f6tt) vagy szalaggal \u00f6sszef\u0171z\u00f6tt.\n\nK\u00fcldd el az e-mail c\u00edmemre a j\u00f3 min\u0151s\u00e9g\u0171 fot\u00f3idat, kb. 35 db fot\u00f3t \u00e9s \u00f6ssze\u00e1ll\u00edtom ezt az igaz\u00e1n egyedi, sz\u00e9p fot\u00f3k\u00f6nyvet.\n\nAz \u00e1r az adott grafik\u00e1ra \u00e9rv\u00e9nyes!\nSaj\u00e1t elk\u00e9pzel\u00e9sed \u00f6r\u00f6mmel megval\u00f3s\u00edtom!\nHa k\u00e9rd\u00e9sed van sz\u00edvesen v\u00e1laszolok!","price":"8000.00","unit":"db","recommended":"0","status":"1","sponsored":"0","exp_notify":"0","own_material":"0","own_material_description_old":null,"own_material_description":"","jury":"0","jury_number":"","product_nature":"","meskaracsony":"0","create_date":"2026-02-22 22:44:49","shelve_id":"66750","image":"kreativkriszta_product_449121_210916054339_649789.jpeg","image_width":"480","image_height":"335","image_alt":"Fot\u00f3k\u00f6nyv - utaz\u00e1s, nyaral\u00e1s, Digit\u00e1lis fot\u00f3id k\u00f6nyv alakban, hogy kedvenc felv\u00e9teleid m\u00e9lt\u00f3 hely\u00fckre ker\u00fcljenek!\\nF\u0171zd \u00f6ssze a nya..., Meska","image_title":"Fot\u00f3k\u00f6nyv - utaz\u00e1s, nyaral\u00e1s, Meska","view_count":"2669","favourite_count":"0","trending_score":"0","last2MonthFavouriteCount":"0","promotion":"0","giftcard_accept":"0","creditcard_accept":true,"enhanced_background":"0","domain":"meska","specific_customer_id":null,"specific_customer_name":null,"to_order_product":"1","to_order_product_time":"15","product_different":"not_different","product_different_description":"","vintage":"0","vintage_category_id":"0","recycled":"0","gemstone_id":"0","customizable":"0","type_category":"physical","zerowaste":"0","postage_price":"2390.00","shop_order":"0","has_category":"1","landing_pages":null,"microdata":{"number":77,"category":""},"title":"Fot\u00f3k\u00f6nyv - utaz\u00e1s, nyaral\u00e1s","description":"Digit\u00e1lis fot\u00f3id k\u00f6nyv alakban, hogy kedvenc felv\u00e9teleid m\u00e9lt\u00f3 hely\u00fckre ker\u00fcljenek!\nF\u0171zd \u00f6ssze a nyaral\u00e1sod eml\u00e9keit egy nagyszer\u0171 fot\u00f3k\u00f6nyvbe.\n\n21x28 cm, \u00e1ll\u00f3, 12 oldal + 4 oldal bor\u00edt\u00f3, teh\u00e1t \u00f6sszesen 16 oldal.\nJ\u00f3 min\u0151s\u00e9g\u0171 matt m\u0171nyom\u00f3 pap\u00edrra nyomtatva (bel\u00edvek 160 g-os, bor\u00edt\u00f3 200 g-os).\nK\u00f6t\u00e9szet\u00e9t tekintve lehet spir\u00e1lozott, irkaf\u0171z\u00f6tt (t\u0171z\u00f6tt) vagy szalaggal \u00f6sszef\u0171z\u00f6tt.\n\nK\u00fcldd el az e-mail c\u00edmemre a j\u00f3 min\u0151s\u00e9g\u0171 fot\u00f3idat, kb. 35 db fot\u00f3t \u00e9s \u00f6ssze\u00e1ll\u00edtom ezt az igaz\u00e1n egyedi, sz\u00e9p fot\u00f3k\u00f6nyvet.\n\nAz \u00e1r az adott grafik\u00e1ra \u00e9rv\u00e9nyes!\nSaj\u00e1t elk\u00e9pzel\u00e9sed \u00f6r\u00f6mmel megval\u00f3s\u00edtom!\nHa k\u00e9rd\u00e9sed van sz\u00edvesen v\u00e1laszolok!","score":0,"formatted_price":"8 000 Ft","image_url":"https:\/\/www.meska.hu\/img\/product\/small\/k\/r\/kreativkriszta_product_449121_210916054339_649789.jpeg","formatted_url":"https:\/\/www.meska.hu\/p4625680-fotokonyv-utazas-nyaralas","favourite":false,"in_stock":false,"avatar":"KreativKriszta_avatar_449121_1630746420.jpg","delete_from":0,"is_enhanced_background":false,"is_enhanced":false,"product_selection_started":false,"is_active":true,"image_webp_url":"https:\/\/www.meska.hu\/img\/product\/small\/k\/r\/kreativkriszta_product_449121_210916054339_649789.webp"},{"id":"5708141","shop_id":"46170","user_id":"355200","shop_name":"DekorPatika","shop_zip":"6000","product_code":"5505889","product_name_old":null,"product_name":"Boldog N\u0151napot nagymama  falik\u00e9p","category_string":"Otthon & \u00c9letm\u00f3d, Pap\u00edr, \u00edr\u00f3szer, Album & Fot\u00f3album","technic_string":"Fot\u00f3, grafika, rajz, illusztr\u00e1ci\u00f3","category_1":"813","category_2":"351","category_3":"353","category_4":"0","merged_category_1":null,"merged_category_2":null,"merged_category_3":null,"technic_1":"483","technic_2":"0","technic_3":"0","color_1":"519","color_2":"0","color_3":"0","product_description_old":null,"product_description":"Nincs \u00f6tleted milyen aj\u00e1nd\u00e9kkal lepd meg a nagymam\u00e1t n\u0151napon?\n\nElk\u00e9sz\u00edtem sz\u00e1modra a t\u00f6k\u00e9letes aj\u00e1nd\u00e9kot! Ez az egyedi falik\u00e9p remek d\u00edsze lehet lak\u00e1snak \u00e9s \u00f6r\u00f6k eml\u00e9k a nagysz\u00fcl\u0151knek!\n\nA k\u00e9pkeret A\/4 m\u00e9ret\u0171, amely falra akaszthat\u00f3 vagy polcra is helyezhet\u0151!\n\nM\u00e9rete: 21x30cm\n\nLehet\u0151s\u00e9ged van digit\u00e1lis form\u00e1tumban megrendelni a term\u00e9ket! Ebben az esetben, miut\u00e1n kifizetted a term\u00e9ket, elk\u00e9sz\u00edtem a grafik\u00e1t. A dekor\u00e1ci\u00f3t ezut\u00e1n PDF form\u00e1tumban emailben elk\u00fcld\u00f6m a r\u00e9szedre, amit otthon ki tudsz nyomtatni \u00e9s be tudsz keretezni.\n\n --- Mikor v\u00e1laszd a nyomtathat\u00f3 dekor\u00e1ci\u00f3t a keretbe helyezett k\u00e9p helyett? --- \n\n- ha olcs\u00f3bb megold\u00e1st keresel, hiszen nincs plusz postak\u00f6lts\u00e9ged  \n- ha gyorsabban szeretn\u00e9d megkapni, hiszen nincs post\u00e1z\u00e1s \n- ha utols\u00f3 pillanatban aj\u00e1nd\u00e9k dekor\u00e1ci\u00f3t szeretn\u00e9l \u00e9s nincs id\u0151d v\u00e1rni \n- ha az otthoni sz\u00ednes nyomtat\u00f3ddal vagy valamely k\u00f6zeli fot\u00f3 kioszkban kinyomtatn\u00e1d \n- ha megl\u00e9v\u0151 keretbe szeretn\u00e9d \n- ha esetleg t\u00f6bb p\u00e9ld\u00e1nyra is sz\u00fcks\u00e9ged lenne  \n\nK\u00e9rlek, vedd figyelembe, hogy a megjelen\u00edtett sz\u00ednek kis m\u00e9rt\u00e9kben elt\u00e9rhetnek a k\u00fcl\u00f6nb\u00f6z\u0151 kijelz\u0151k\u00f6n. \n\nAmennyiben s\u00fcrg\u0151s megrendel\u00e9sre van sz\u00fcks\u00e9ged k\u00e9rlek v\u00e1laszd a \u201cS\u00fcrg\u0151s megrendel\u00e9s\u201d opci\u00f3t \u00e9s 1 munkanapon bel\u00fcl elk\u00e9sz\u00edtem a term\u00e9ket!\nHa foxpost automat\u00e1t v\u00e1lasztott\u00e1l, k\u00e9rlek \u00edrd meg melyikbe k\u00fcldhetem.\n\nA term\u00e9k k\u00e9sz\u00edt\u00e9s\u00e9t \u00e9s post\u00e1z\u00e1s\u00e1t csak a fizet\u00e9s be\u00e9rkez\u00e9se ut\u00e1n tudom elkezdeni! K\u00f6sz\u00f6n\u00f6m a meg\u00e9rt\u00e9sed!","price":"3490.00","unit":"db","recommended":"0","status":"1","sponsored":"0","exp_notify":"0","own_material":"0","own_material_description_old":null,"own_material_description":"","jury":"0","jury_number":"","product_nature":"","meskaracsony":"0","create_date":"2026-02-22 14:43:13","shelve_id":"0","image":"dekorpatika_product_355200_250227123524_797953.jpeg","image_width":"480","image_height":"560","image_alt":"Boldog N\u0151napot nagymama  falik\u00e9p, Nincs \u00f6tleted milyen aj\u00e1nd\u00e9kkal lepd meg a nagymam\u00e1t n\u0151napon?\\n\\nElk\u00e9sz\u00edtem sz\u00e1modra a t\u00f6k\u00e9letes aj\u00e1nd..., Meska","image_title":"Boldog N\u0151napot nagymama  falik\u00e9p, Meska","view_count":"425","favourite_count":"0","trending_score":"0","last2MonthFavouriteCount":"0","promotion":"0","giftcard_accept":"0","creditcard_accept":true,"enhanced_background":"0","domain":"meska","specific_customer_id":null,"specific_customer_name":null,"to_order_product":"1","to_order_product_time":"4","product_different":null,"product_different_description":"","vintage":"0","vintage_category_id":"0","recycled":"0","gemstone_id":"0","customizable":"1","type_category":"digital","zerowaste":"0","postage_price":"1290.00","shop_order":"0","has_category":"1","landing_pages":null,"microdata":{"number":78,"category":""},"title":"Boldog N\u0151napot nagymama  falik\u00e9p","description":"Nincs \u00f6tleted milyen aj\u00e1nd\u00e9kkal lepd meg a nagymam\u00e1t n\u0151napon?\n\nElk\u00e9sz\u00edtem sz\u00e1modra a t\u00f6k\u00e9letes aj\u00e1nd\u00e9kot! Ez az egyedi falik\u00e9p remek d\u00edsze lehet lak\u00e1snak \u00e9s \u00f6r\u00f6k eml\u00e9k a nagysz\u00fcl\u0151knek!\n\nA k\u00e9pkeret A\/4 m\u00e9ret\u0171, amely falra akaszthat\u00f3 vagy polcra is helyezhet\u0151!\n\nM\u00e9rete: 21x30cm\n\nLehet\u0151s\u00e9ged van digit\u00e1lis form\u00e1tumban megrendelni a term\u00e9ket! Ebben az esetben, miut\u00e1n kifizetted a term\u00e9ket, elk\u00e9sz\u00edtem a grafik\u00e1t. A dekor\u00e1ci\u00f3t ezut\u00e1n PDF form\u00e1tumban emailben elk\u00fcld\u00f6m a r\u00e9szedre, amit otthon ki tudsz nyomtatni \u00e9s be tudsz keretezni.\n\n --- Mikor v\u00e1laszd a nyomtathat\u00f3 dekor\u00e1ci\u00f3t a keretbe helyezett k\u00e9p helyett? --- \n\n- ha olcs\u00f3bb megold\u00e1st keresel, hiszen nincs plusz postak\u00f6lts\u00e9ged  \n- ha gyorsabban szeretn\u00e9d megkapni, hiszen nincs post\u00e1z\u00e1s \n- ha utols\u00f3 pillanatban aj\u00e1nd\u00e9k dekor\u00e1ci\u00f3t szeretn\u00e9l \u00e9s nincs id\u0151d v\u00e1rni \n- ha az otthoni sz\u00ednes nyomtat\u00f3ddal vagy valamely k\u00f6zeli fot\u00f3 kioszkban kinyomtatn\u00e1d \n- ha megl\u00e9v\u0151 keretbe szeretn\u00e9d \n- ha esetleg t\u00f6bb p\u00e9ld\u00e1nyra is sz\u00fcks\u00e9ged lenne  \n\nK\u00e9rlek, vedd figyelembe, hogy a megjelen\u00edtett sz\u00ednek kis m\u00e9rt\u00e9kben elt\u00e9rhetnek a k\u00fcl\u00f6nb\u00f6z\u0151 kijelz\u0151k\u00f6n. \n\nAmennyiben s\u00fcrg\u0151s megrendel\u00e9sre van sz\u00fcks\u00e9ged k\u00e9rlek v\u00e1laszd a \u201cS\u00fcrg\u0151s megrendel\u00e9s\u201d opci\u00f3t \u00e9s 1 munkanapon bel\u00fcl elk\u00e9sz\u00edtem a term\u00e9ket!\nHa foxpost automat\u00e1t v\u00e1lasztott\u00e1l, k\u00e9rlek \u00edrd meg melyikbe k\u00fcldhetem.\n\nA term\u00e9k k\u00e9sz\u00edt\u00e9s\u00e9t \u00e9s post\u00e1z\u00e1s\u00e1t csak a fizet\u00e9s be\u00e9rkez\u00e9se ut\u00e1n tudom elkezdeni! K\u00f6sz\u00f6n\u00f6m a meg\u00e9rt\u00e9sed!","score":0,"formatted_price":"3 490 Ft","image_url":"https:\/\/www.meska.hu\/img\/product\/small\/d\/e\/dekorpatika_product_355200_250227123524_797953.jpeg","formatted_url":"https:\/\/www.meska.hu\/p5505889-boldog-nonapot-nagymama-falikep","favourite":false,"in_stock":false,"avatar":"355200_avatar_1726093454.jpeg","delete_from":0,"is_enhanced_background":false,"is_enhanced":false,"product_selection_started":false,"is_active":true,"image_webp_url":"https:\/\/www.meska.hu\/img\/product\/small\/d\/e\/dekorpatika_product_355200_250227123524_797953.webp"},{"id":"3461869","shop_id":"24144","user_id":"274209","shop_name":"OtletLada","shop_zip":"7522","product_code":"3596181","product_name_old":null,"product_name":"MODERN Fot\u00f3album a P\u00c1RODNAK F\u00e9nyk\u00e9p album \/ Esk\u00fcv\u0151re is kit\u0171n\u0151 n\u00e1szaj\u00e1nd\u00e9k -40lap\/80oldal - 21x19cm KAR\u00c1CSONYI AJ\u00c1ND\u00c9K","category_string":"Otthon & \u00c9letm\u00f3d, Pap\u00edr, \u00edr\u00f3szer, Album & Fot\u00f3album","technic_string":"Fot\u00f3, grafika, rajz, illusztr\u00e1ci\u00f3, K\u00f6nyvk\u00f6t\u00e9s","category_1":"813","category_2":"351","category_3":"353","category_4":"0","merged_category_1":"0","merged_category_2":"0","merged_category_3":"0","technic_1":"483","technic_2":"671","technic_3":"0","color_1":"512","color_2":"514","color_3":"520","product_description_old":null,"product_description":"A Ti NEVETEKKEL vagy SAJ\u00c1T SZ\u00d6VEGGEL IS k\u00e9rheted! \u00daJ \"TROPICAL\" kollekci\u00f3 - arany-fekete sz\u00edn\u0171 beragaszt\u00f3s fot\u00f3album KAR\u00c1CSONYRA.\nTedd egyediv\u00e9 az albumot egy-egy szem\u00e9lyes megjegyz\u00e9ssel, al\u00e1\u00edr\u00e1ssal, vicces eml\u00e9kekkel vagy aranyk\u00f6p\u00e9ssel a beragasztott k\u00e9peid al\u00e1 \u00edrva.\n;) Teljesen m\u00e1s \u00e9lm\u00e9ny lesz egy ilyen albumot v\u00e9gig lapozni p\u00e1r \u00e9v m\u00falva, mintha csak fot\u00f3k lenn\u00e9nek egym\u00e1s ut\u00e1n sorba rakva.\n\nTIPP: a f\u00e9nyk\u00e9peket k\u00e9toldal\u00fa ragaszt\u00f3val a legegyszer\u0171bb beragasztani, amit szinte b\u00e1rmelyik szupermarket polcain megtal\u00e1lsz (a fest\u0151s r\u00e9szlegn\u00e9l)\nTerm\u00e9szetesen fot\u00f3sarokkal vagy dekor ragaszt\u00f3szalaggal is r\u00f6gz\u00edtheted\n\nPARAM\u00c9TEREK:\n\u25b6\ufe0f Bel\u00edvek 120g-os \u00fcres OFFSET feh\u00e9r lapok* - 40 \u00edv\n\u25b6\ufe0f Fekete vagy feh\u00e9r f\u00e9m spir\u00e1llal\n\u25b6\ufe0f M\u00e9rete: 210x190mm\n\n\u26a0\ufe0f BOR\u00cdT\u00d3JA l\u00e9zer nyomat, h\u00e1tlapja FEH\u00c9R sz\u00edn\u0171 - alapanyaga V\u00c1LASZTHAT\u00d3:\n\u2705 ALAP\u00c1RON: KEM\u00c9NY, de v\u00e9kony (kb 0,5mm) m\u0171anyag bor\u00edt\u00f3\n\u2705+1500 Ft-\u00e9rt v\u00e1laszthat\u00f3 2mm extra vastag, KEM\u00c9NY kartont\u00e1bl\u00e1ra k\u00e9sz\u00fclt bor\u00edt\u00f3val is.\n\nN\u00e9zd meg a t\u00f6bbi term\u00e9kemet is:\nhttps:\/\/www.meska.hu\/shop\/OromKonnyek\n\n>>> Sz\u00e1ll\u00edt\u00e1si \u00e9s \u00c1TV\u00c9TELI inform\u00e1ci\u00f3kat a \"Sz\u00e1ll\u00edt\u00e1si Info\" f\u00fclre kattintva tal\u00e1lod\n\n>>> Fizet\u00e9si m\u00f3d - KIZ\u00c1R\u00d3LAG EL\u0150RE FIZET\u00c9SSEL: Bankk\u00e1rty\u00e1val \/ Barionnal \/\u00c1tutal\u00e1ssal vagy Banki befizet\u00e9ssel\n\n\u26a0\ufe0fFONTOS\u26a0\ufe0f Rendel\u00e9shez tedd kos\u00e1rba a term\u00e9ket \u00e9s a \"Kos\u00e1r\" oldalon az \"\u00dczenet az elad\u00f3nak\" r\u00e9szbe \u00edrd be, hogy milyen sz\u00f6veget \/ nevet k\u00e9rsz a bor\u00edt\u00f3ra.","price":"7900.00","unit":"db","recommended":"0","status":"1","sponsored":"0","exp_notify":"0","own_material":"0","own_material_description_old":null,"own_material_description":"","jury":"0","jury_number":"","product_nature":"","meskaracsony":"0","create_date":"2026-02-20 23:33:59","shelve_id":"73268","image":"oromkonnyek_product_274209_191203202435_698568.jpeg","image_width":"480","image_height":"443","image_alt":"MODERN Fot\u00f3album a P\u00c1RODNAK F\u00e9nyk\u00e9p album \/ Esk\u00fcv\u0151re is kit\u0171n\u0151 n\u00e1szaj\u00e1nd\u00e9k -40lap\/80oldal - 21x19cm KAR\u00c1CSONYI AJ\u00c1ND\u00c9K, A Ti NEVETEKKEL vagy SAJ\u00c1T SZ\u00d6VEGGEL IS k\u00e9rheted! \u00daJ \\\"TROPICAL\\\" kollekci\u00f3 - arany-fekete sz\u00edn\u0171 berag..., Meska","image_title":"MODERN Fot\u00f3album a P\u00c1RODNAK F\u00e9nyk\u00e9p album \/ Esk\u00fcv\u0151re is kit\u0171n\u0151 n\u00e1szaj\u00e1nd\u00e9k -40lap\/80oldal - 21x19cm KAR\u00c1CSONYI AJ\u00c1ND\u00c9K, Meska","view_count":"2023","favourite_count":"0","trending_score":"0","last2MonthFavouriteCount":"0","promotion":"0","giftcard_accept":"0","creditcard_accept":false,"enhanced_background":"0","domain":"meska","specific_customer_id":null,"specific_customer_name":null,"to_order_product":"1","to_order_product_time":"5","product_different":"quite_different","product_different_description":"A sz\u00f6veget megv\u00e1ltoztathatod. A sz\u00ednek a monitoron \u00e9s nyomtat\u00e1sban elt\u00e9rhetnek.","vintage":"0","vintage_category_id":"0","recycled":"0","gemstone_id":"0","customizable":"0","type_category":"physical","zerowaste":"0","postage_price":"1290.00","shop_order":"174","has_category":"1","landing_pages":null,"microdata":{"number":79,"category":""},"title":"MODERN Fot\u00f3album a P\u00c1RODNAK F\u00e9nyk\u00e9p album \/ Esk\u00fcv\u0151re is kit\u0171n\u0151 n\u00e1szaj\u00e1nd\u00e9k -40lap\/80oldal - 21x19cm KAR\u00c1CSONYI AJ\u00c1ND\u00c9K","description":"A Ti NEVETEKKEL vagy SAJ\u00c1T SZ\u00d6VEGGEL IS k\u00e9rheted! \u00daJ \"TROPICAL\" kollekci\u00f3 - arany-fekete sz\u00edn\u0171 beragaszt\u00f3s fot\u00f3album KAR\u00c1CSONYRA.\nTedd egyediv\u00e9 az albumot egy-egy szem\u00e9lyes megjegyz\u00e9ssel, al\u00e1\u00edr\u00e1ssal, vicces eml\u00e9kekkel vagy aranyk\u00f6p\u00e9ssel a beragasztott k\u00e9peid al\u00e1 \u00edrva.\n;) Teljesen m\u00e1s \u00e9lm\u00e9ny lesz egy ilyen albumot v\u00e9gig lapozni p\u00e1r \u00e9v m\u00falva, mintha csak fot\u00f3k lenn\u00e9nek egym\u00e1s ut\u00e1n sorba rakva.\n\nTIPP: a f\u00e9nyk\u00e9peket k\u00e9toldal\u00fa ragaszt\u00f3val a legegyszer\u0171bb beragasztani, amit szinte b\u00e1rmelyik szupermarket polcain megtal\u00e1lsz (a fest\u0151s r\u00e9szlegn\u00e9l)\nTerm\u00e9szetesen fot\u00f3sarokkal vagy dekor ragaszt\u00f3szalaggal is r\u00f6gz\u00edtheted\n\nPARAM\u00c9TEREK:\n\u25b6\ufe0f Bel\u00edvek 120g-os \u00fcres OFFSET feh\u00e9r lapok* - 40 \u00edv\n\u25b6\ufe0f Fekete vagy feh\u00e9r f\u00e9m spir\u00e1llal\n\u25b6\ufe0f M\u00e9rete: 210x190mm\n\n\u26a0\ufe0f BOR\u00cdT\u00d3JA l\u00e9zer nyomat, h\u00e1tlapja FEH\u00c9R sz\u00edn\u0171 - alapanyaga V\u00c1LASZTHAT\u00d3:\n\u2705 ALAP\u00c1RON: KEM\u00c9NY, de v\u00e9kony (kb 0,5mm) m\u0171anyag bor\u00edt\u00f3\n\u2705+1500 Ft-\u00e9rt v\u00e1laszthat\u00f3 2mm extra vastag, KEM\u00c9NY kartont\u00e1bl\u00e1ra k\u00e9sz\u00fclt bor\u00edt\u00f3val is.\n\nN\u00e9zd meg a t\u00f6bbi term\u00e9kemet is:\nhttps:\/\/www.meska.hu\/shop\/OromKonnyek\n\n>>> Sz\u00e1ll\u00edt\u00e1si \u00e9s \u00c1TV\u00c9TELI inform\u00e1ci\u00f3kat a \"Sz\u00e1ll\u00edt\u00e1si Info\" f\u00fclre kattintva tal\u00e1lod\n\n>>> Fizet\u00e9si m\u00f3d - KIZ\u00c1R\u00d3LAG EL\u0150RE FIZET\u00c9SSEL: Bankk\u00e1rty\u00e1val \/ Barionnal \/\u00c1tutal\u00e1ssal vagy Banki befizet\u00e9ssel\n\n\u26a0\ufe0fFONTOS\u26a0\ufe0f Rendel\u00e9shez tedd kos\u00e1rba a term\u00e9ket \u00e9s a \"Kos\u00e1r\" oldalon az \"\u00dczenet az elad\u00f3nak\" r\u00e9szbe \u00edrd be, hogy milyen sz\u00f6veget \/ nevet k\u00e9rsz a bor\u00edt\u00f3ra.","score":0,"formatted_price":"7 900 Ft","image_url":"https:\/\/www.meska.hu\/img\/product\/small\/o\/r\/oromkonnyek_product_274209_191203202435_698568.jpeg","formatted_url":"https:\/\/www.meska.hu\/p3596181-modern-fotoalbum-a-parodnak-fenykep-album-eskuvore-is-kituno-naszajandek-40lap-80oldal-21x19cm-karacsonyi-ajandek","favourite":false,"in_stock":false,"avatar":"274209_avatar_1697355906.jpeg","delete_from":0,"is_enhanced_background":false,"is_enhanced":false,"product_selection_started":false,"is_active":true,"image_webp_url":"https:\/\/www.meska.hu\/img\/product\/small\/o\/r\/oromkonnyek_product_274209_191203202435_698568.webp"},{"id":"5614916","shop_id":"24144","user_id":"274209","shop_name":"OtletLada","shop_zip":"7522","product_code":"5454437","product_name_old":null,"product_name":"Esk\u00fcv\u0151i  beragaszt\u00f3s F\u00c9NYK\u00c9PALBUM  - b\u00e1rmilyen felirattal \/ n\u00e9vvel 9x13 \/ 10x15 vagy 13x18 k\u00e9pekhez is","category_string":"Otthon & \u00c9letm\u00f3d, Pap\u00edr, \u00edr\u00f3szer, Album & Fot\u00f3album","technic_string":"Fot\u00f3, grafika, rajz, illusztr\u00e1ci\u00f3, K\u00f6nyvk\u00f6t\u00e9s","category_1":"813","category_2":"351","category_3":"353","category_4":"0","merged_category_1":null,"merged_category_2":null,"merged_category_3":null,"technic_1":"483","technic_2":"671","technic_3":"0","color_1":"512","color_2":"519","color_3":"520","product_description_old":null,"product_description":"B\u00e1rmilyen  sz\u00f6veggel \/ n\u00e9vvel k\u00e9rheted. Saj\u00e1t fot\u00f3ddal (a bor\u00edt\u00f3 elej\u00e9n \u00e9s h\u00e1t\u00e1n lehet k\u00fcl\u00f6nb\u00f6z\u0151 a k\u00e9p.)\nEsk\u00fcv\u0151i beragaszt\u00f3s F\u00c9NYK\u00c9PALBUM  - saj\u00e1t fot\u00f3ddal a bor\u00edt\u00f3kon is k\u00e9rheted, b\u00e1rmilyen felirattal - 9x13 \/ 10x15 vagy 13x18 k\u00e9pekhez is megfelel\u0151. K\u00e9toldal\u00fa ragaszt\u00f3val ragaszthatod bele a k\u00e9peket. \nK\u00e9t m\u00e9retb\u0151l v\u00e1laszthatsz. A k\u00e9peken \u00e9s a vide\u00f3n a 21x30cm-es m\u00e9retet l\u00e1tod. \n\nEsk\u00fcv\u0151i eml\u00e9k album b\u00e1rmilyen bor\u00edt\u00f3val k\u00e9rhet\u0151. \n\n\u00cdGY RENDELJ:\nKor\u00e1sba rak\u00e1s ut\u00e1n megjegyz\u00e9sben \u00edrd meg, hogy \n- Mi ker\u00fclj\u00f6n a bor\u00edt\u00f3ra?\n- Szeretn\u00e9l-e r\u00e1 masnit, ha igen milyen sz\u00edn\u0171t?\n- Fekete vagy feh\u00e9r spir\u00e1llal k\u00e9red?\n- K\u00e9rsz hozz\u00e1 egy tekercs 6mm-es k\u00e9toldal\u00fa ragaszt\u00f3t? (+1.000 Ft)\nAdd le a rendel\u00e9st, majd...\n- Priv\u00e1t \u00fczenetben k\u00fcldd el nekem a k\u00e9pet \/ k\u00e9peket, az album elej\u00e9re \u00e9s h\u00e1toldal\u00e1ra.\n\nPARAM\u00c9TEREK:\n\u25b6\ufe0f Bel\u00edvek 120g-os vagy 160g-os \u00fcres lapok* - 40 db \/ 60 db vagy (azaz 80 vagy 120 oldalas)\n\u25b6\ufe0f A lapok sz\u00edne v\u00e1laszthat\u00f3: feh\u00e9r \/ fekete \/ di\u00f3 vagy kr\u00e9m sz\u00edn\u0171\n\u25b6\ufe0f Fekete vagy feh\u00e9r f\u00e9m spir\u00e1llal (ha nem \u00edrod meg milyen legyen, akkor feh\u00e9r lesz)\n\u25b6\ufe0f M\u00e9rete v\u00e1laszthat\u00f3: 210x190mm vagy 210x300mm Ha m\u00e1s m\u00e9ret \u00e9rdekelne, akkor k\u00e9rlek el\u0151tte \u00edrj nekem priv\u00e1t \u00fczenetet.\n\n\u26a0\ufe0f BOR\u00cdT\u00d3JA fot\u00f3 min\u0151s\u00e9g\u0171 nyomat - alapanyaga V\u00c1LASZTHAT\u00d3:\n\u2705 ALAP\u00c1RON: KEM\u00c9NY, de v\u00e9kony (kb 0,5mm) m\u0171anyag bor\u00edt\u00f3\n\u2705+1500 Ft-\u00e9rt v\u00e1laszthat\u00f3 2mm extra vastag, KEM\u00c9NY MATT kartont\u00e1bl\u00e1ra k\u00e9sz\u00fclt bor\u00edt\u00f3val\n\nK\u00e9toldal\u00fa ragaszt\u00f3val k\u00e9peket is ragaszthattok bele, vagy ceruz\u00e1val, tollal is \u00edrhattok bele.\n\n>>> Sz\u00e1ll\u00edt\u00e1si \u00e9s \u00c1TV\u00c9TELI inform\u00e1ci\u00f3kat a \"Sz\u00e1ll\u00edt\u00e1si Info\" f\u00fclre kattintva tal\u00e1lod\n\n>>> Fizet\u00e9si m\u00f3d - KIZ\u00c1R\u00d3LAG EL\u0150RE FIZET\u00c9SSEL: \u00c1tutal\u00e1ssal vagy Banki befizet\u00e9ssel\n\n\u26a0\ufe0fFONTOS\u26a0\ufe0f Rendel\u00e9shez tedd kos\u00e1rba a term\u00e9ket \u00e9s a \"Kos\u00e1r\" oldalon az \"\u00dczenet az elad\u00f3nak\" r\u00e9szbe \u00edrd be, hogy milyen sz\u00f6veget \/ nevet k\u00e9rsz a bor\u00edt\u00f3ra.","price":"7900.00","unit":"db","recommended":"0","status":"1","sponsored":"0","exp_notify":"0","own_material":"0","own_material_description_old":null,"own_material_description":"","jury":"0","jury_number":"","product_nature":"","meskaracsony":"0","create_date":"2026-02-18 13:16:56","shelve_id":"0","image":"otletlada_product_274209_241206223140_194976.jpeg","image_width":"480","image_height":"480","image_alt":"Esk\u00fcv\u0151i  beragaszt\u00f3s F\u00c9NYK\u00c9PALBUM  - b\u00e1rmilyen felirattal \/ n\u00e9vvel 9x13 \/ 10x15 vagy 13x18 k\u00e9pekhez is, B\u00e1rmilyen  sz\u00f6veggel \/ n\u00e9vvel k\u00e9rheted. Saj\u00e1t fot\u00f3ddal (a bor\u00edt\u00f3 elej\u00e9n \u00e9s h\u00e1t\u00e1n lehet k\u00fcl\u00f6nb\u00f6z\u0151 a k..., Meska","image_title":"Esk\u00fcv\u0151i  beragaszt\u00f3s F\u00c9NYK\u00c9PALBUM  - b\u00e1rmilyen felirattal \/ n\u00e9vvel 9x13 \/ 10x15 vagy 13x18 k\u00e9pekhez is, Meska","view_count":"604","favourite_count":"0","trending_score":"0","last2MonthFavouriteCount":"0","promotion":"0","giftcard_accept":"0","creditcard_accept":false,"enhanced_background":"0","domain":"meska","specific_customer_id":null,"specific_customer_name":null,"to_order_product":"1","to_order_product_time":"5","product_different":null,"product_different_description":"","vintage":"0","vintage_category_id":"0","recycled":"0","gemstone_id":"0","customizable":"0","type_category":"physical","zerowaste":"0","postage_price":"1290.00","shop_order":"69","has_category":"1","landing_pages":null,"microdata":{"number":80,"category":""},"title":"Esk\u00fcv\u0151i  beragaszt\u00f3s F\u00c9NYK\u00c9PALBUM  - b\u00e1rmilyen felirattal \/ n\u00e9vvel 9x13 \/ 10x15 vagy 13x18 k\u00e9pekhez is","description":"B\u00e1rmilyen  sz\u00f6veggel \/ n\u00e9vvel k\u00e9rheted. Saj\u00e1t fot\u00f3ddal (a bor\u00edt\u00f3 elej\u00e9n \u00e9s h\u00e1t\u00e1n lehet k\u00fcl\u00f6nb\u00f6z\u0151 a k\u00e9p.)\nEsk\u00fcv\u0151i beragaszt\u00f3s F\u00c9NYK\u00c9PALBUM  - saj\u00e1t fot\u00f3ddal a bor\u00edt\u00f3kon is k\u00e9rheted, b\u00e1rmilyen felirattal - 9x13 \/ 10x15 vagy 13x18 k\u00e9pekhez is megfelel\u0151. K\u00e9toldal\u00fa ragaszt\u00f3val ragaszthatod bele a k\u00e9peket. \nK\u00e9t m\u00e9retb\u0151l v\u00e1laszthatsz. A k\u00e9peken \u00e9s a vide\u00f3n a 21x30cm-es m\u00e9retet l\u00e1tod. \n\nEsk\u00fcv\u0151i eml\u00e9k album b\u00e1rmilyen bor\u00edt\u00f3val k\u00e9rhet\u0151. \n\n\u00cdGY RENDELJ:\nKor\u00e1sba rak\u00e1s ut\u00e1n megjegyz\u00e9sben \u00edrd meg, hogy \n- Mi ker\u00fclj\u00f6n a bor\u00edt\u00f3ra?\n- Szeretn\u00e9l-e r\u00e1 masnit, ha igen milyen sz\u00edn\u0171t?\n- Fekete vagy feh\u00e9r spir\u00e1llal k\u00e9red?\n- K\u00e9rsz hozz\u00e1 egy tekercs 6mm-es k\u00e9toldal\u00fa ragaszt\u00f3t? (+1.000 Ft)\nAdd le a rendel\u00e9st, majd...\n- Priv\u00e1t \u00fczenetben k\u00fcldd el nekem a k\u00e9pet \/ k\u00e9peket, az album elej\u00e9re \u00e9s h\u00e1toldal\u00e1ra.\n\nPARAM\u00c9TEREK:\n\u25b6\ufe0f Bel\u00edvek 120g-os vagy 160g-os \u00fcres lapok* - 40 db \/ 60 db vagy (azaz 80 vagy 120 oldalas)\n\u25b6\ufe0f A lapok sz\u00edne v\u00e1laszthat\u00f3: feh\u00e9r \/ fekete \/ di\u00f3 vagy kr\u00e9m sz\u00edn\u0171\n\u25b6\ufe0f Fekete vagy feh\u00e9r f\u00e9m spir\u00e1llal (ha nem \u00edrod meg milyen legyen, akkor feh\u00e9r lesz)\n\u25b6\ufe0f M\u00e9rete v\u00e1laszthat\u00f3: 210x190mm vagy 210x300mm Ha m\u00e1s m\u00e9ret \u00e9rdekelne, akkor k\u00e9rlek el\u0151tte \u00edrj nekem priv\u00e1t \u00fczenetet.\n\n\u26a0\ufe0f BOR\u00cdT\u00d3JA fot\u00f3 min\u0151s\u00e9g\u0171 nyomat - alapanyaga V\u00c1LASZTHAT\u00d3:\n\u2705 ALAP\u00c1RON: KEM\u00c9NY, de v\u00e9kony (kb 0,5mm) m\u0171anyag bor\u00edt\u00f3\n\u2705+1500 Ft-\u00e9rt v\u00e1laszthat\u00f3 2mm extra vastag, KEM\u00c9NY MATT kartont\u00e1bl\u00e1ra k\u00e9sz\u00fclt bor\u00edt\u00f3val\n\nK\u00e9toldal\u00fa ragaszt\u00f3val k\u00e9peket is ragaszthattok bele, vagy ceruz\u00e1val, tollal is \u00edrhattok bele.\n\n>>> Sz\u00e1ll\u00edt\u00e1si \u00e9s \u00c1TV\u00c9TELI inform\u00e1ci\u00f3kat a \"Sz\u00e1ll\u00edt\u00e1si Info\" f\u00fclre kattintva tal\u00e1lod\n\n>>> Fizet\u00e9si m\u00f3d - KIZ\u00c1R\u00d3LAG EL\u0150RE FIZET\u00c9SSEL: \u00c1tutal\u00e1ssal vagy Banki befizet\u00e9ssel\n\n\u26a0\ufe0fFONTOS\u26a0\ufe0f Rendel\u00e9shez tedd kos\u00e1rba a term\u00e9ket \u00e9s a \"Kos\u00e1r\" oldalon az \"\u00dczenet az elad\u00f3nak\" r\u00e9szbe \u00edrd be, hogy milyen sz\u00f6veget \/ nevet k\u00e9rsz a bor\u00edt\u00f3ra.","score":0,"formatted_price":"7 900 Ft","image_url":"https:\/\/www.meska.hu\/img\/product\/small\/o\/t\/otletlada_product_274209_241206223140_194976.jpeg","formatted_url":"https:\/\/www.meska.hu\/p5454437-eskuvoi-aranyozott-beragasztos-fenykepalbum-barmilyen-felirattal-nevvel-9x13-10x15-vagy-13x18-kepekhez-is","favourite":false,"in_stock":false,"avatar":"274209_avatar_1697355906.jpeg","delete_from":0,"is_enhanced_background":false,"is_enhanced":false,"product_selection_started":false,"is_active":true,"image_webp_url":"https:\/\/www.meska.hu\/img\/product\/small\/o\/t\/otletlada_product_274209_241206223140_194976.webp"},{"id":"4814101","shop_id":"24144","user_id":"274209","shop_name":"OtletLada","shop_zip":"7522","product_code":"4965257","product_name_old":null,"product_name":"K\u00f6sz\u00f6n\u00f6m ANYA - aj\u00e1nd\u00e9k eml\u00e9kk\u00f6nyv any\u00e1k napj\u00e1ra - nat\u00far sz\u00edn\u0171 album \/ aj\u00e1nd\u00e9k \u00f6tlet any\u00e1k napja - 21x19cm","category_string":"Otthon & \u00c9letm\u00f3d, Pap\u00edr, \u00edr\u00f3szer, Album & Fot\u00f3album","technic_string":"Fot\u00f3, grafika, rajz, illusztr\u00e1ci\u00f3, K\u00f6nyvk\u00f6t\u00e9s","category_1":"813","category_2":"351","category_3":"353","category_4":"0","merged_category_1":"0","merged_category_2":"0","merged_category_3":"0","technic_1":"483","technic_2":"671","technic_3":"0","color_1":"514","color_2":"520","color_3":"523","product_description_old":null,"product_description":"B\u00e1rmilyen sz\u00f6veggel k\u00e9rheted, csak a kos\u00e1r oldalon \u00edrd meg nekem megjegyz\u00e9sben!!! \nKedves trendi aj\u00e1nd\u00e9k eml\u00e9kk\u00f6nyv ANY\u00c1K napj\u00e1ra, amibe beleragaszthatod a csal\u00e1di fot\u00f3kat, \u00e9s igaz\u00e1n szem\u00e9lyre sz\u00f3l\u00f3 aj\u00e1nd\u00e9kot var\u00e1zsolhatsz bel\u0151le.\n\nA k\u00f6nyvecsk\u00e9be k\u00e9toldal\u00fa ragaszt\u00f3val lehet a k\u00e9peket beragasztani, goly\u00f3stollal, ceruz\u00e1val, sz\u00ednes ceruz\u00e1val lehet bele \u00edrni \/ rajzolni is a fot\u00f3k mell\u00e9. \n\n\u26a0\ufe0fFONTOS\u26a0\ufe0f Amennyiben m\u00e1s sz\u00f6veggel vagy n\u00e9vvel k\u00e9red, akkor a bor\u00edt\u00f3ra ker\u00fcl\u0151 sz\u00f6veget rendel\u00e9skor ne felejtsd el a kos\u00e1r oldalon tal\u00e1lhat\u00f3 \"\u00dczenet az elad\u00f3nak\" mez\u0151be be\u00edrni!\n\nPARAM\u00c9TEREK:\n\u25b6\ufe0f Bel\u00edvek 120g-os \u00fcres feh\u00e9r lapok - 40 db\n\u25b6\ufe0f F\u00e9m spir\u00e1llal\n\u25b6\ufe0f M\u00e9rete: 210x190mm\n\n\u26a0\ufe0f BOR\u00cdT\u00d3JA l\u00e9zer nyomat, h\u00e1tlapja nat\u00far sz\u00edn\u0171 - alapanyaga V\u00c1LASZTHAT\u00d3:\n\u2705 ALAP\u00c1RON: KEM\u00c9NY, de v\u00e9kony (kb 0,5mm) m\u0171anyag bor\u00edt\u00f3\n\u2705+1500 Ft-\u00e9rt v\u00e1laszthat\u00f3 2mm extra vastag, KEM\u00c9NY kartont\u00e1bl\u00e1ra k\u00e9sz\u00fclt bor\u00edt\u00f3val is.\n\nN\u00e9zd meg a t\u00f6bbi term\u00e9kemet is:\nhttps:\/\/www.meska.hu\/shop\/OromKonnyek\n\n>>> Sz\u00e1ll\u00edt\u00e1si \u00e9s \u00c1TV\u00c9TELI inform\u00e1ci\u00f3kat a \"Sz\u00e1ll\u00edt\u00e1si Info\" f\u00fclre kattintva tal\u00e1lod\n\n>>> Fizet\u00e9si m\u00f3d - KIZ\u00c1R\u00d3LAG EL\u0150RE FIZET\u00c9SSEL: Bankk\u00e1rty\u00e1val \/ Barionnal \/\u00c1tutal\u00e1ssal vagy Banki befizet\u00e9ssel\n","price":"7900.00","unit":"db","recommended":"0","status":"1","sponsored":"0","exp_notify":"0","own_material":"0","own_material_description_old":null,"own_material_description":"","jury":"0","jury_number":"","product_nature":"","meskaracsony":"0","create_date":"2026-02-17 14:11:22","shelve_id":"57667","image":"otletlada_product_274209_230504123327_547670.jpeg","image_width":"480","image_height":"443","image_alt":"K\u00f6sz\u00f6n\u00f6m ANYA - aj\u00e1nd\u00e9k eml\u00e9kk\u00f6nyv any\u00e1k napj\u00e1ra - nat\u00far sz\u00edn\u0171 album \/ aj\u00e1nd\u00e9k \u00f6tlet any\u00e1k napja - 21x19cm, B\u00e1rmilyen sz\u00f6veggel k\u00e9rheted, csak a kos\u00e1r oldalon \u00edrd meg nekem megjegyz\u00e9sben!!! \\nKedves trendi aj\u00e1..., Meska","image_title":"K\u00f6sz\u00f6n\u00f6m ANYA - aj\u00e1nd\u00e9k eml\u00e9kk\u00f6nyv any\u00e1k napj\u00e1ra - nat\u00far sz\u00edn\u0171 album \/ aj\u00e1nd\u00e9k \u00f6tlet any\u00e1k napja - 21x19cm, Meska","view_count":"8453","favourite_count":"1","trending_score":"0","last2MonthFavouriteCount":"1","promotion":"0","giftcard_accept":"0","creditcard_accept":false,"enhanced_background":"0","domain":"meska","specific_customer_id":null,"specific_customer_name":null,"to_order_product":"1","to_order_product_time":"5","product_different":"quite_different","product_different_description":"A monitor sz\u00ednei a nyomtatott\u00f3l elt\u00e9rhetnek.","vintage":"0","vintage_category_id":"0","recycled":"0","gemstone_id":"0","customizable":"1","type_category":"physical","zerowaste":"0","postage_price":"1290.00","shop_order":"37","has_category":"1","landing_pages":"Any\u00e1k napi aj\u00e1nd\u00e9kok, Any\u00e1k napi aj\u00e1nd\u00e9kok, Kar\u00e1csonyi aj\u00e1nd\u00e9kok, Sz\u00fclinapi aj\u00e1nd\u00e9kok","microdata":{"number":81,"category":""},"title":"K\u00f6sz\u00f6n\u00f6m ANYA - aj\u00e1nd\u00e9k eml\u00e9kk\u00f6nyv any\u00e1k napj\u00e1ra - nat\u00far sz\u00edn\u0171 album \/ aj\u00e1nd\u00e9k \u00f6tlet any\u00e1k napja - 21x19cm","description":"B\u00e1rmilyen sz\u00f6veggel k\u00e9rheted, csak a kos\u00e1r oldalon \u00edrd meg nekem megjegyz\u00e9sben!!! \nKedves trendi aj\u00e1nd\u00e9k eml\u00e9kk\u00f6nyv ANY\u00c1K napj\u00e1ra, amibe beleragaszthatod a csal\u00e1di fot\u00f3kat, \u00e9s igaz\u00e1n szem\u00e9lyre sz\u00f3l\u00f3 aj\u00e1nd\u00e9kot var\u00e1zsolhatsz bel\u0151le.\n\nA k\u00f6nyvecsk\u00e9be k\u00e9toldal\u00fa ragaszt\u00f3val lehet a k\u00e9peket beragasztani, goly\u00f3stollal, ceruz\u00e1val, sz\u00ednes ceruz\u00e1val lehet bele \u00edrni \/ rajzolni is a fot\u00f3k mell\u00e9. \n\n\u26a0\ufe0fFONTOS\u26a0\ufe0f Amennyiben m\u00e1s sz\u00f6veggel vagy n\u00e9vvel k\u00e9red, akkor a bor\u00edt\u00f3ra ker\u00fcl\u0151 sz\u00f6veget rendel\u00e9skor ne felejtsd el a kos\u00e1r oldalon tal\u00e1lhat\u00f3 \"\u00dczenet az elad\u00f3nak\" mez\u0151be be\u00edrni!\n\nPARAM\u00c9TEREK:\n\u25b6\ufe0f Bel\u00edvek 120g-os \u00fcres feh\u00e9r lapok - 40 db\n\u25b6\ufe0f F\u00e9m spir\u00e1llal\n\u25b6\ufe0f M\u00e9rete: 210x190mm\n\n\u26a0\ufe0f BOR\u00cdT\u00d3JA l\u00e9zer nyomat, h\u00e1tlapja nat\u00far sz\u00edn\u0171 - alapanyaga V\u00c1LASZTHAT\u00d3:\n\u2705 ALAP\u00c1RON: KEM\u00c9NY, de v\u00e9kony (kb 0,5mm) m\u0171anyag bor\u00edt\u00f3\n\u2705+1500 Ft-\u00e9rt v\u00e1laszthat\u00f3 2mm extra vastag, KEM\u00c9NY kartont\u00e1bl\u00e1ra k\u00e9sz\u00fclt bor\u00edt\u00f3val is.\n\nN\u00e9zd meg a t\u00f6bbi term\u00e9kemet is:\nhttps:\/\/www.meska.hu\/shop\/OromKonnyek\n\n>>> Sz\u00e1ll\u00edt\u00e1si \u00e9s \u00c1TV\u00c9TELI inform\u00e1ci\u00f3kat a \"Sz\u00e1ll\u00edt\u00e1si Info\" f\u00fclre kattintva tal\u00e1lod\n\n>>> Fizet\u00e9si m\u00f3d - KIZ\u00c1R\u00d3LAG EL\u0150RE FIZET\u00c9SSEL: Bankk\u00e1rty\u00e1val \/ Barionnal \/\u00c1tutal\u00e1ssal vagy Banki befizet\u00e9ssel\n","score":0,"formatted_price":"7 900 Ft","image_url":"https:\/\/www.meska.hu\/img\/product\/small\/o\/t\/otletlada_product_274209_230504123327_547670.jpeg","formatted_url":"https:\/\/www.meska.hu\/p4965257-koszonom-anya-ajandek-emlekkonyv-anyak-napjara-natur-szinu-album-ajandek-otlet-anyak-napja-21x19cm","favourite":false,"in_stock":false,"avatar":"274209_avatar_1697355906.jpeg","delete_from":0,"is_enhanced_background":false,"is_enhanced":false,"product_selection_started":false,"is_active":true,"image_webp_url":"https:\/\/www.meska.hu\/img\/product\/small\/o\/t\/otletlada_product_274209_230504123327_547670.webp"},{"id":"3482464","shop_id":"8444","user_id":"35987","shop_name":"nanetto","shop_zip":"2351","product_code":"3925088","product_name_old":null,"product_name":"F\u00e9nyk\u00e9pes \u00fajsz\u00fcl\u00f6tt eml\u00e9klap, babastatisztika poszter, meg\u00e9rkeztem leporell\u00f3 gyerek- \u00e9s babaszoba dekor\u00e1ci\u00f3 fot\u00f3album","category_string":"Otthon & \u00c9letm\u00f3d, Pap\u00edr, \u00edr\u00f3szer, Album & Fot\u00f3album","technic_string":"Fot\u00f3, grafika, rajz, illusztr\u00e1ci\u00f3","category_1":"813","category_2":"351","category_3":"353","category_4":"0","merged_category_1":"0","merged_category_2":"0","merged_category_3":"0","technic_1":"483","technic_2":"0","technic_3":"0","color_1":"532","color_2":"0","color_3":"0","product_description_old":null,"product_description":"F\u00e9nyk\u00e9pes \u00fajsz\u00fcl\u00f6tt eml\u00e9klap. Ez a kihajthat\u00f3 leporello fot\u00f3album t\u00f6k\u00e9letes v\u00e1laszt\u00e1s lehet. Vid\u00e1m sz\u00ednei, kicsi alakzata, kar\u00e1csonyi hangulata \u00f6sszesen 16 db \u00e1ll\u00f3 fot\u00f3t rejt mag\u00e1ban! Kih\u00fazhatod, \u00f6sszecsukhatod, \u00e9s nagy helyet sem foglal. Egy n\u0151i retik\u00fcl ide\u00e1lis t\u00e1rsa, kiv\u00e1l\u00f3 lakhelye lehet, hogy amikor dicsekedni kell a gyerk\u0151ccel, vagy a boldog pillanatokkal, csak el\u0151 kelljen kapni. Csod\u00e1s v\u00e1laszt\u00e1s a nagysz\u00fcl\u0151knek, akik a cukr\u00e1szd\u00e1ban a traccsparti alatt sz\u00edvesen villognak az unok\u00e1kkal majd a bar\u00e1toknak. Ez a pici s\u00falytalan k\u00e1rtya b\u00e1rhova be tud m\u00e9g kucorogni. Honv\u00e1gy eset\u00e9n gy\u00f3gyszerk\u00e9nt hathat a l\u00e9lekre.\nTov\u00e1bbi mint\u00e1k\nhttps:\/\/www.meska.hu\/shop\/nanetto?s=61349\n\nAz \u00e1r 2 db k\u00e1rty\u00e1ra vonatkozik, \u00edgy r\u00f6gt\u00f6n k\u00e9t helyre is el lehet \u0151ket aj\u00e1nd\u00e9kozni, vagy egyet megtartani magunknak eml\u00e9kbe! A k\u00e1rtya form\u00e1j\u00e1b\u00f3l ad\u00f3d\u00f3an kiz\u00e1r\u00f3lag \u00e1ll\u00f3 fot\u00f3kkal k\u00e9sz\u00fcl! Ha azonban fekv\u0151 fot\u00f3d van \u00e9s a f\u0151szerepl\u0151k v\u00e1g\u00e1s n\u00e9lk\u00fcl bef\u00e9rnek, akkor sz\u00edvesen bele helyezem \u0151ket\nK\u00e1rtya m\u00e9rete: 678mmx147mm, 1 db ablak m\u00e9rete: 84,75 mm, Pap\u00edr min\u0151s\u00e9g: 250 grammos f\u00e9nyes m\u0171nyom\u00f3 pap\u00edr Sz\u00fcks\u00e9ges fot\u00f3k sz\u00e1ma: 16 db. Rendel\u00e9sed ut\u00e1n a visszaigazol\u00e1sban is megk\u00fcld\u00f6m, milyen adatokra van sz\u00fcks\u00e9gem a term\u00e9k elk\u00e9sz\u00edt\u00e9s\u00e9hez. A fot\u00f3kat is majd az email c\u00edmemre v\u00e1rom sok szeretettel!\n\n***\nK\u00c9RLEK RENDEL\u00c9S EL\u0150TT FIGYELMESEN OLVASD EL, hat\u00e1rid\u0151kr\u0151l \u00e9rdekl\u0151dj!\nA k\u00e1rty\u00e1k speci\u00e1lis elj\u00e1r\u00e1ssal k\u00e9sz\u00fclnek, \u00edgy k\u00e9rlek sz\u00e1molj a hosszabb elk\u00e9sz\u00edt\u00e9si id\u0151vel (nyomdaid\u0151: ak\u00e1r: 3-7 munkanap!) Nyomdai nyomtat\u00e1s minden h\u00e9ten kiz\u00e1r\u00f3lag P\u00c9NTEKEN t\u00f6rt\u00e9nik. Hogy az adott h\u00e9t elhozatal\u00e1ba belef\u00e9r-e az anyagod a rendel\u00e9sek sz\u00e1m\u00e1t\u00f3l f\u00fcgg, \u00edgy k\u00e9rlek ha hat\u00e1rid\u0151re kellene a harm\u00f3nika k\u00e1rtya, rendel\u00e9s el\u0151tt \u00c9RDEKL\u0150DJ! A nyomtatott term\u00e9kek a h\u00e9t szombati (Magyar Posta), vagy a k\u00f6vetkez\u0151 h\u00e9t h\u00e9tf\u0151i (GLS fut\u00e1rszolg\u00e1lat) napj\u00e1n ker\u00fclnek felad\u00e1sra, \u00e9s a posta illetve fut\u00e1rszolg\u00e1lat \u00e1ltal\u00e1ban 1-3 munkanapon bel\u00fcl k\u00e9zbes\u00edti azokat. A k\u00e9pen l\u00e1that\u00f3 keret \u00e9s dekor\u00e1ci\u00f3 csak illusztr\u00e1ci\u00f3k\u00e9nt szolg\u00e1l, nem k\u00e9pezi a term\u00e9k r\u00e9sz\u00e9t. Fizet\u00e9s kiz\u00e1r\u00f3lag EL\u0150REUTAL\u00c1SSAL magyarorsz\u00e1gi banksz\u00e1mlasz\u00e1mr\u00f3l. Az \u00faj Kata t\u00f6rv\u00e9nyeknek megfelel\u0151en c\u00e9gnek munk\u00e1t v\u00e9gezni, valamint c\u00e9gnek sz\u00e1ml\u00e1t ki\u00e1ll\u00edtani nem \u00e1ll m\u00f3domban, ide\u00e9rtve az egy\u00e9ni v\u00e1llalkoz\u00f3t is, ez\u00e9rt EV-s sz\u00e1ml\u00e1r\u00f3l k\u00e9rlek ne utalj!. A term\u00e9k saj\u00e1t szellemi tulajdonom, \u00edgy m\u00e1sol\u00e1sa tilos!","price":"5500.00","unit":"db","recommended":"0","status":"1","sponsored":"0","exp_notify":"0","own_material":"0","own_material_description_old":null,"own_material_description":"","jury":"0","jury_number":"","product_nature":"","meskaracsony":"0","create_date":"2026-02-16 15:07:08","shelve_id":"61349","image":"nanetto_product_35987_200310052446_766455.jpeg","image_width":"480","image_height":"339","image_alt":"F\u00e9nyk\u00e9pes \u00fajsz\u00fcl\u00f6tt eml\u00e9klap, babastatisztika poszter, meg\u00e9rkeztem leporell\u00f3 gyerek- \u00e9s babaszoba dekor\u00e1ci\u00f3 fot\u00f3album, F\u00e9nyk\u00e9pes \u00fajsz\u00fcl\u00f6tt eml\u00e9klap. Ez a kihajthat\u00f3 leporello fot\u00f3album t\u00f6k\u00e9letes v\u00e1laszt\u00e1s lehet. Vid\u00e1m s..., Meska","image_title":"F\u00e9nyk\u00e9pes \u00fajsz\u00fcl\u00f6tt eml\u00e9klap, babastatisztika poszter, meg\u00e9rkeztem leporell\u00f3 gyerek- \u00e9s babaszoba dekor\u00e1ci\u00f3 fot\u00f3album, Meska","view_count":"1831","favourite_count":"0","trending_score":"0","last2MonthFavouriteCount":"0","promotion":"0","giftcard_accept":"0","creditcard_accept":false,"enhanced_background":"0","domain":"meska","specific_customer_id":null,"specific_customer_name":null,"to_order_product":"1","to_order_product_time":"7","product_different":null,"product_different_description":"","vintage":"0","vintage_category_id":"0","recycled":"0","gemstone_id":"0","customizable":"0","type_category":"physical","zerowaste":"0","postage_price":"3990.00","shop_order":"0","has_category":"1","landing_pages":null,"microdata":{"number":82,"category":""},"title":"F\u00e9nyk\u00e9pes \u00fajsz\u00fcl\u00f6tt eml\u00e9klap, babastatisztika poszter, meg\u00e9rkeztem leporell\u00f3 gyerek- \u00e9s babaszoba dekor\u00e1ci\u00f3 fot\u00f3album","description":"F\u00e9nyk\u00e9pes \u00fajsz\u00fcl\u00f6tt eml\u00e9klap. Ez a kihajthat\u00f3 leporello fot\u00f3album t\u00f6k\u00e9letes v\u00e1laszt\u00e1s lehet. Vid\u00e1m sz\u00ednei, kicsi alakzata, kar\u00e1csonyi hangulata \u00f6sszesen 16 db \u00e1ll\u00f3 fot\u00f3t rejt mag\u00e1ban! Kih\u00fazhatod, \u00f6sszecsukhatod, \u00e9s nagy helyet sem foglal. Egy n\u0151i retik\u00fcl ide\u00e1lis t\u00e1rsa, kiv\u00e1l\u00f3 lakhelye lehet, hogy amikor dicsekedni kell a gyerk\u0151ccel, vagy a boldog pillanatokkal, csak el\u0151 kelljen kapni. Csod\u00e1s v\u00e1laszt\u00e1s a nagysz\u00fcl\u0151knek, akik a cukr\u00e1szd\u00e1ban a traccsparti alatt sz\u00edvesen villognak az unok\u00e1kkal majd a bar\u00e1toknak. Ez a pici s\u00falytalan k\u00e1rtya b\u00e1rhova be tud m\u00e9g kucorogni. Honv\u00e1gy eset\u00e9n gy\u00f3gyszerk\u00e9nt hathat a l\u00e9lekre.\nTov\u00e1bbi mint\u00e1k\nhttps:\/\/www.meska.hu\/shop\/nanetto?s=61349\n\nAz \u00e1r 2 db k\u00e1rty\u00e1ra vonatkozik, \u00edgy r\u00f6gt\u00f6n k\u00e9t helyre is el lehet \u0151ket aj\u00e1nd\u00e9kozni, vagy egyet megtartani magunknak eml\u00e9kbe! A k\u00e1rtya form\u00e1j\u00e1b\u00f3l ad\u00f3d\u00f3an kiz\u00e1r\u00f3lag \u00e1ll\u00f3 fot\u00f3kkal k\u00e9sz\u00fcl! Ha azonban fekv\u0151 fot\u00f3d van \u00e9s a f\u0151szerepl\u0151k v\u00e1g\u00e1s n\u00e9lk\u00fcl bef\u00e9rnek, akkor sz\u00edvesen bele helyezem \u0151ket\nK\u00e1rtya m\u00e9rete: 678mmx147mm, 1 db ablak m\u00e9rete: 84,75 mm, Pap\u00edr min\u0151s\u00e9g: 250 grammos f\u00e9nyes m\u0171nyom\u00f3 pap\u00edr Sz\u00fcks\u00e9ges fot\u00f3k sz\u00e1ma: 16 db. Rendel\u00e9sed ut\u00e1n a visszaigazol\u00e1sban is megk\u00fcld\u00f6m, milyen adatokra van sz\u00fcks\u00e9gem a term\u00e9k elk\u00e9sz\u00edt\u00e9s\u00e9hez. A fot\u00f3kat is majd az email c\u00edmemre v\u00e1rom sok szeretettel!\n\n***\nK\u00c9RLEK RENDEL\u00c9S EL\u0150TT FIGYELMESEN OLVASD EL, hat\u00e1rid\u0151kr\u0151l \u00e9rdekl\u0151dj!\nA k\u00e1rty\u00e1k speci\u00e1lis elj\u00e1r\u00e1ssal k\u00e9sz\u00fclnek, \u00edgy k\u00e9rlek sz\u00e1molj a hosszabb elk\u00e9sz\u00edt\u00e9si id\u0151vel (nyomdaid\u0151: ak\u00e1r: 3-7 munkanap!) Nyomdai nyomtat\u00e1s minden h\u00e9ten kiz\u00e1r\u00f3lag P\u00c9NTEKEN t\u00f6rt\u00e9nik. Hogy az adott h\u00e9t elhozatal\u00e1ba belef\u00e9r-e az anyagod a rendel\u00e9sek sz\u00e1m\u00e1t\u00f3l f\u00fcgg, \u00edgy k\u00e9rlek ha hat\u00e1rid\u0151re kellene a harm\u00f3nika k\u00e1rtya, rendel\u00e9s el\u0151tt \u00c9RDEKL\u0150DJ! A nyomtatott term\u00e9kek a h\u00e9t szombati (Magyar Posta), vagy a k\u00f6vetkez\u0151 h\u00e9t h\u00e9tf\u0151i (GLS fut\u00e1rszolg\u00e1lat) napj\u00e1n ker\u00fclnek felad\u00e1sra, \u00e9s a posta illetve fut\u00e1rszolg\u00e1lat \u00e1ltal\u00e1ban 1-3 munkanapon bel\u00fcl k\u00e9zbes\u00edti azokat. A k\u00e9pen l\u00e1that\u00f3 keret \u00e9s dekor\u00e1ci\u00f3 csak illusztr\u00e1ci\u00f3k\u00e9nt szolg\u00e1l, nem k\u00e9pezi a term\u00e9k r\u00e9sz\u00e9t. Fizet\u00e9s kiz\u00e1r\u00f3lag EL\u0150REUTAL\u00c1SSAL magyarorsz\u00e1gi banksz\u00e1mlasz\u00e1mr\u00f3l. Az \u00faj Kata t\u00f6rv\u00e9nyeknek megfelel\u0151en c\u00e9gnek munk\u00e1t v\u00e9gezni, valamint c\u00e9gnek sz\u00e1ml\u00e1t ki\u00e1ll\u00edtani nem \u00e1ll m\u00f3domban, ide\u00e9rtve az egy\u00e9ni v\u00e1llalkoz\u00f3t is, ez\u00e9rt EV-s sz\u00e1ml\u00e1r\u00f3l k\u00e9rlek ne utalj!. A term\u00e9k saj\u00e1t szellemi tulajdonom, \u00edgy m\u00e1sol\u00e1sa tilos!","score":0,"formatted_price":"5 500 Ft","image_url":"https:\/\/www.meska.hu\/img\/product\/small\/n\/a\/nanetto_product_35987_200310052446_766455.jpeg","formatted_url":"https:\/\/www.meska.hu\/p3925088-fenykepes-ujszulott-emleklap-babastatisztika-poszter-megerkeztem-leporello-gyerek-es-babaszoba-dekoracio-fotoalbum","favourite":false,"in_stock":false,"avatar":"nanetto_avatar_35987_1561684817.jpg","delete_from":0,"is_enhanced_background":false,"is_enhanced":false,"product_selection_started":false,"is_active":true,"image_webp_url":"https:\/\/www.meska.hu\/img\/product\/small\/n\/a\/nanetto_product_35987_200310052446_766455.webp"},{"id":"6119094","shop_id":"33236","user_id":"427677","shop_name":"egyeditargy","shop_zip":"4561","product_code":"5734834","product_name_old":null,"product_name":"\u00c9vsz\u00e1mos koll\u00e1zs","category_string":"Otthon & \u00c9letm\u00f3d, Pap\u00edr, \u00edr\u00f3szer, Album & Fot\u00f3album","technic_string":"Fot\u00f3, grafika, rajz, illusztr\u00e1ci\u00f3","category_1":"813","category_2":"351","category_3":"353","category_4":"0","merged_category_1":null,"merged_category_2":null,"merged_category_3":null,"technic_1":"483","technic_2":"0","technic_3":"0","color_1":"534","color_2":"0","color_3":"0","product_description_old":null,"product_description":"\u00c9vsz\u00e1mos koll\u00e1zs, melyet b\u00e1rmilyen sz\u00e1mmal elk\u00e9sz\u00edt\u00fcnk. A term\u00e9khez 12-17 j\u00f3 min\u0151s\u00e9g\u0171 fot\u00f3t k\u00e9r\u00fcnk \u00fczenetben megk\u00fcldeni . A keret sz\u00edne v\u00e1ltozhat, aktu\u00e1lis k\u00e9szlett\u0151l f\u00fcgg\u0151en. Az el\u00e9rhet\u0151 keretr\u0151l megrendel\u00e9st k\u00f6vet\u0151en t\u00e1j\u00e9koztat\u00e1st k\u00fcld\u00fcnk.","price":"5000.00","unit":"db","recommended":"0","status":"1","sponsored":"0","exp_notify":"0","own_material":"0","own_material_description_old":null,"own_material_description":"","jury":"0","jury_number":"","product_nature":"","meskaracsony":"0","create_date":"2026-02-16 12:30:22","shelve_id":"0","image":"egyeditargy_product_427677_260216122431_811463.jpeg","image_width":"480","image_height":"270","image_alt":"\u00c9vsz\u00e1mos koll\u00e1zs, \u00c9vsz\u00e1mos koll\u00e1zs, melyet b\u00e1rmilyen sz\u00e1mmal elk\u00e9sz\u00edt\u00fcnk. A term\u00e9khez 12-17 j\u00f3 min\u0151s\u00e9g\u0171 fot\u00f3t k\u00e9r\u00fcnk \u00fc..., Meska","image_title":"\u00c9vsz\u00e1mos koll\u00e1zs, Meska","view_count":"51","favourite_count":"0","trending_score":"0","last2MonthFavouriteCount":"0","promotion":"0","giftcard_accept":"0","creditcard_accept":true,"enhanced_background":"0","domain":"meska","specific_customer_id":null,"specific_customer_name":null,"to_order_product":"1","to_order_product_time":"7","product_different":null,"product_different_description":"","vintage":"0","vintage_category_id":"0","recycled":"0","gemstone_id":"0","customizable":"0","type_category":"physical","zerowaste":"0","postage_price":"1290.00","shop_order":"0","has_category":"1","landing_pages":null,"microdata":{"number":83,"category":""},"title":"\u00c9vsz\u00e1mos koll\u00e1zs","description":"\u00c9vsz\u00e1mos koll\u00e1zs, melyet b\u00e1rmilyen sz\u00e1mmal elk\u00e9sz\u00edt\u00fcnk. A term\u00e9khez 12-17 j\u00f3 min\u0151s\u00e9g\u0171 fot\u00f3t k\u00e9r\u00fcnk \u00fczenetben megk\u00fcldeni . A keret sz\u00edne v\u00e1ltozhat, aktu\u00e1lis k\u00e9szlett\u0151l f\u00fcgg\u0151en. Az el\u00e9rhet\u0151 keretr\u0151l megrendel\u00e9st k\u00f6vet\u0151en t\u00e1j\u00e9koztat\u00e1st k\u00fcld\u00fcnk.","score":0,"formatted_price":"5 000 Ft","image_url":"https:\/\/www.meska.hu\/img\/product\/small\/e\/g\/egyeditargy_product_427677_260216122431_811463.jpeg","formatted_url":"https:\/\/www.meska.hu\/p5734834-evszamos-kollazs","favourite":false,"in_stock":false,"avatar":"egyeditargy_avatar_427677_1623189985.jpg","delete_from":0,"is_enhanced_background":false,"is_enhanced":false,"product_selection_started":false,"is_active":true,"image_webp_url":"https:\/\/www.meska.hu\/img\/product\/small\/e\/g\/egyeditargy_product_427677_260216122431_811463.webp"},{"id":"5670123","shop_id":"37585","user_id":"491560","shop_name":"PillangoPapir","shop_zip":"1163","product_code":"5483970","product_name_old":null,"product_name":"Eleg\u00e1ns vir\u00e1gmint\u00e1s fot\u00f3album, eml\u00e9kk\u00f6nyv","category_string":"Otthon & \u00c9letm\u00f3d, Pap\u00edr, \u00edr\u00f3szer, Album & Fot\u00f3album","technic_string":"Fot\u00f3, grafika, rajz, illusztr\u00e1ci\u00f3, K\u00f6nyvk\u00f6t\u00e9s","category_1":"813","category_2":"351","category_3":"353","category_4":"0","merged_category_1":null,"merged_category_2":null,"merged_category_3":null,"technic_1":"483","technic_2":"671","technic_3":"0","color_1":"534","color_2":"0","color_3":"0","product_description_old":null,"product_description":"Legyen igaz\u00e1n egyedi bor\u00edt\u00f3s eml\u00e9kk\u00f6nyved! \n\nHa \u00f3v\u00f3d\u00e1b\u00f3l vagy iskol\u00e1b\u00f3l ballag\u00e1sra keresel b\u00facs\u00faaj\u00e1nd\u00e9kot, esetleg sz\u00fclinapra, n\u00e9vnapra aj\u00e1nd\u00e9kozn\u00e1l valamit vagy egy csod\u00e1s nyaral\u00e1son vett\u00e9l r\u00e9szt, ebbe az albumba tetsz\u00e9s szerint \u00edrhatsz fel eml\u00e9keket, id\u00e9zeteket, kedves \u00fczeneteket az aj\u00e1nd\u00e9kozott sz\u00e1m\u00e1ra vagy bele tudod beragasztani a f\u00e9nyk\u00e9peidet, mell\u00e9 pedig \u00edrhatsz is, \u00edgy szuper fot\u00f3album is k\u00e9sz\u00fclhet bel\u0151le.\n\nA bor\u00edt\u00f3n az \u00f6sszes sz\u00f6veg tetsz\u00e9s szerint k\u00e9sz\u00fcl.\nA h\u00e1tulj\u00e1ra is ker\u00fclhet id\u00e9zet, sz\u00f6veg, monogram, plusz fot\u00f3 stb.\nEzt rendel\u00e9s ut\u00e1n e-mailben tudjuk majd egyeztetni, az elk\u00e9sz\u00edt\u00e9s el\u0151tt pedig l\u00e1tv\u00e1nytervet k\u00fcld\u00f6k a bor\u00edt\u00f3kr\u00f3l!\n\nA k\u00f6nyv 18 x 24 cm m\u00e9ret\u0171, kem\u00e9nyfedeles, matt bor\u00edt\u00f3val k\u00e9sz\u00fcl, k\u00e9t db feh\u00e9r spir\u00e1llal \u00f6sszef\u0171zve, amit\u0151l igaz\u00e1n egyedi megjelen\u00e9st kap.\n\nK\u00e9t f\u00e9le bels\u0151 lapokkal k\u00e9sz\u00fclhet, funkci\u00f3j\u00e1t\u00f3l f\u00fcgg\u0151en:\n\n- Eml\u00e9kk\u00f6nyv: 40 db (80 oldal) 120 g-os h\u00f3feh\u00e9r, selymes tapint\u00e1s\u00fa pap\u00edrlappal, \u00edgy j\u00f3k\u00edv\u00e1ns\u00e1gok, \u00fcdv\u00f6zletek, id\u00e9zetek ker\u00fclhetnek bele. Ak\u00e1r tollal, filccel is \u00edrhat\u00f3, nem fog \u00e1t\u00fctni rajta az \u00edr\u00e1s.\n\n- Fot\u00f3album: 30 db (60 oldal) 230 g-os vastagabb feh\u00e9r kartonlappal, \u00edgy m\u00e1r f\u00e9nyk\u00e9peket is lehet beleragasztani k\u00e9toldal\u00fa ragaszt\u00f3val, fot\u00f3sarokkal, foly\u00e9kony ragaszt\u00f3val, vagy egyszer\u0171 ragaszt\u00f3szalaggal is.\nEgy oldalra ak\u00e1r 4 db Instax f\u00e9nyk\u00e9p (8,6 x 5,4 cm), 2 db \u00e1ll\u00f3 k\u00e9p vagy 1 db fekv\u0151 k\u00e9p f\u00e9r el (9x13 cm vagy 10 x 15 cm).\nMellette marad m\u00e9g hely feliratokat is elhelyezni!\nMaximum 40 db lappal tudom k\u00e9sz\u00edteni az albumot.\n\nHa m\u00f3dos\u00edtan\u00e1l a bet\u0171t\u00edpuson vagy a grafik\u00e1n, nyugodtan \u00edrd meg elk\u00e9pzel\u00e9sed egy \u00fczenetben vagy v\u00e1s\u00e1rl\u00e1s ut\u00e1n e-mailben!","price":"8490.00","unit":"db","recommended":"0","status":"1","sponsored":"0","exp_notify":"0","own_material":"0","own_material_description_old":null,"own_material_description":"","jury":"0","jury_number":"","product_nature":"","meskaracsony":"0","create_date":"2026-02-11 10:31:02","shelve_id":"71915","image":"pillangopapir_product_491560_250121145235_145791.jpeg","image_width":"480","image_height":"631","image_alt":"Eleg\u00e1ns vir\u00e1gmint\u00e1s fot\u00f3album, eml\u00e9kk\u00f6nyv, Legyen igaz\u00e1n egyedi bor\u00edt\u00f3s eml\u00e9kk\u00f6nyved! \\n\\nHa \u00f3v\u00f3d\u00e1b\u00f3l vagy iskol\u00e1b\u00f3l ballag\u00e1sra keresel b\u00facs\u00faaj\u00e1n..., Meska","image_title":"Eleg\u00e1ns vir\u00e1gmint\u00e1s fot\u00f3album, eml\u00e9kk\u00f6nyv, Meska","view_count":"447","favourite_count":"0","trending_score":"0","last2MonthFavouriteCount":"0","promotion":"0","giftcard_accept":"0","creditcard_accept":true,"enhanced_background":"0","domain":"meska","specific_customer_id":null,"specific_customer_name":null,"to_order_product":"1","to_order_product_time":"2","product_different":null,"product_different_description":"","vintage":"0","vintage_category_id":"0","recycled":"0","gemstone_id":"0","customizable":"0","type_category":"physical","zerowaste":"0","postage_price":"1300.00","shop_order":"86","has_category":"1","landing_pages":null,"microdata":{"number":84,"category":""},"title":"Eleg\u00e1ns vir\u00e1gmint\u00e1s fot\u00f3album, eml\u00e9kk\u00f6nyv","description":"Legyen igaz\u00e1n egyedi bor\u00edt\u00f3s eml\u00e9kk\u00f6nyved! \n\nHa \u00f3v\u00f3d\u00e1b\u00f3l vagy iskol\u00e1b\u00f3l ballag\u00e1sra keresel b\u00facs\u00faaj\u00e1nd\u00e9kot, esetleg sz\u00fclinapra, n\u00e9vnapra aj\u00e1nd\u00e9kozn\u00e1l valamit vagy egy csod\u00e1s nyaral\u00e1son vett\u00e9l r\u00e9szt, ebbe az albumba tetsz\u00e9s szerint \u00edrhatsz fel eml\u00e9keket, id\u00e9zeteket, kedves \u00fczeneteket az aj\u00e1nd\u00e9kozott sz\u00e1m\u00e1ra vagy bele tudod beragasztani a f\u00e9nyk\u00e9peidet, mell\u00e9 pedig \u00edrhatsz is, \u00edgy szuper fot\u00f3album is k\u00e9sz\u00fclhet bel\u0151le.\n\nA bor\u00edt\u00f3n az \u00f6sszes sz\u00f6veg tetsz\u00e9s szerint k\u00e9sz\u00fcl.\nA h\u00e1tulj\u00e1ra is ker\u00fclhet id\u00e9zet, sz\u00f6veg, monogram, plusz fot\u00f3 stb.\nEzt rendel\u00e9s ut\u00e1n e-mailben tudjuk majd egyeztetni, az elk\u00e9sz\u00edt\u00e9s el\u0151tt pedig l\u00e1tv\u00e1nytervet k\u00fcld\u00f6k a bor\u00edt\u00f3kr\u00f3l!\n\nA k\u00f6nyv 18 x 24 cm m\u00e9ret\u0171, kem\u00e9nyfedeles, matt bor\u00edt\u00f3val k\u00e9sz\u00fcl, k\u00e9t db feh\u00e9r spir\u00e1llal \u00f6sszef\u0171zve, amit\u0151l igaz\u00e1n egyedi megjelen\u00e9st kap.\n\nK\u00e9t f\u00e9le bels\u0151 lapokkal k\u00e9sz\u00fclhet, funkci\u00f3j\u00e1t\u00f3l f\u00fcgg\u0151en:\n\n- Eml\u00e9kk\u00f6nyv: 40 db (80 oldal) 120 g-os h\u00f3feh\u00e9r, selymes tapint\u00e1s\u00fa pap\u00edrlappal, \u00edgy j\u00f3k\u00edv\u00e1ns\u00e1gok, \u00fcdv\u00f6zletek, id\u00e9zetek ker\u00fclhetnek bele. Ak\u00e1r tollal, filccel is \u00edrhat\u00f3, nem fog \u00e1t\u00fctni rajta az \u00edr\u00e1s.\n\n- Fot\u00f3album: 30 db (60 oldal) 230 g-os vastagabb feh\u00e9r kartonlappal, \u00edgy m\u00e1r f\u00e9nyk\u00e9peket is lehet beleragasztani k\u00e9toldal\u00fa ragaszt\u00f3val, fot\u00f3sarokkal, foly\u00e9kony ragaszt\u00f3val, vagy egyszer\u0171 ragaszt\u00f3szalaggal is.\nEgy oldalra ak\u00e1r 4 db Instax f\u00e9nyk\u00e9p (8,6 x 5,4 cm), 2 db \u00e1ll\u00f3 k\u00e9p vagy 1 db fekv\u0151 k\u00e9p f\u00e9r el (9x13 cm vagy 10 x 15 cm).\nMellette marad m\u00e9g hely feliratokat is elhelyezni!\nMaximum 40 db lappal tudom k\u00e9sz\u00edteni az albumot.\n\nHa m\u00f3dos\u00edtan\u00e1l a bet\u0171t\u00edpuson vagy a grafik\u00e1n, nyugodtan \u00edrd meg elk\u00e9pzel\u00e9sed egy \u00fczenetben vagy v\u00e1s\u00e1rl\u00e1s ut\u00e1n e-mailben!","score":0,"formatted_price":"8 490 Ft","image_url":"https:\/\/www.meska.hu\/img\/product\/small\/p\/i\/pillangopapir_product_491560_250121145235_145791.jpeg","formatted_url":"https:\/\/www.meska.hu\/p5483970-elegans-viragmintas-fotoalbum-emlekkonyv","favourite":false,"in_stock":false,"avatar":"PillangoPapir_avatar_491560_1677664091.jpg","delete_from":0,"is_enhanced_background":false,"is_enhanced":false,"product_selection_started":false,"is_active":true,"image_webp_url":"https:\/\/www.meska.hu\/img\/product\/small\/p\/i\/pillangopapir_product_491560_250121145235_145791.webp"},{"id":"5683383","shop_id":"46170","user_id":"355200","shop_name":"DekorPatika","shop_zip":"6000","product_code":"5491902","product_name_old":null,"product_name":"Boldog Valentin-napot  falik\u00e9p","category_string":"Otthon & \u00c9letm\u00f3d, Pap\u00edr, \u00edr\u00f3szer, Album & Fot\u00f3album","technic_string":"Fot\u00f3, grafika, rajz, illusztr\u00e1ci\u00f3","category_1":"813","category_2":"351","category_3":"353","category_4":"0","merged_category_1":null,"merged_category_2":null,"merged_category_3":null,"technic_1":"483","technic_2":"0","technic_3":"0","color_1":"519","color_2":"0","color_3":"0","product_description_old":null,"product_description":"Nincs \u00f6tleted milyen aj\u00e1nd\u00e9kkal lepd meg szerelmed Valentin-napon?\n\nElk\u00e9sz\u00edtem sz\u00e1modra a t\u00f6k\u00e9letes aj\u00e1nd\u00e9kot! Ez az egyedi falik\u00e9p remek d\u00edsze lehet lak\u00e1snak \u00e9s \u00f6r\u00f6k eml\u00e9k mindkett\u0151t\u00f6knek!\n\nA k\u00e9pkeret A\/4 m\u00e9ret\u0171, amely falra akaszthat\u00f3 vagy polcra is helyezhet\u0151!\n\nM\u00e9rete: 21x30cm\n\nLehet\u0151s\u00e9ged van digit\u00e1lis form\u00e1tumban megrendelni a term\u00e9ket! Ebben az esetben, miut\u00e1n kifizetted a term\u00e9ket, elk\u00e9sz\u00edtem a grafik\u00e1t. A dekor\u00e1ci\u00f3t ezut\u00e1n PDF form\u00e1tumban emailben elk\u00fcld\u00f6m a r\u00e9szedre, amit otthon ki tudsz nyomtatni \u00e9s be tudsz keretezni.\n\n --- Mikor v\u00e1laszd a nyomtathat\u00f3 dekor\u00e1ci\u00f3t a keretbe helyezett k\u00e9p helyett? --- \n\n- ha olcs\u00f3bb megold\u00e1st keresel, hiszen nincs plusz postak\u00f6lts\u00e9ged  \n- ha gyorsabban szeretn\u00e9d megkapni, hiszen nincs post\u00e1z\u00e1s \n- ha utols\u00f3 pillanatban aj\u00e1nd\u00e9k dekor\u00e1ci\u00f3t szeretn\u00e9l \u00e9s nincs id\u0151d v\u00e1rni \n- ha az otthoni sz\u00ednes nyomtat\u00f3ddal vagy valamely k\u00f6zeli fot\u00f3 kioszkban kinyomtatn\u00e1d \n- ha megl\u00e9v\u0151 keretbe szeretn\u00e9d \n- ha esetleg t\u00f6bb p\u00e9ld\u00e1nyra is sz\u00fcks\u00e9ged lenne  \n\nK\u00e9rlek, vedd figyelembe, hogy a megjelen\u00edtett sz\u00ednek kis m\u00e9rt\u00e9kben elt\u00e9rhetnek a k\u00fcl\u00f6nb\u00f6z\u0151 kijelz\u0151k\u00f6n. \n\nAmennyiben s\u00fcrg\u0151s megrendel\u00e9sre van sz\u00fcks\u00e9ged k\u00e9rlek v\u00e1laszd a \u201cS\u00fcrg\u0151s megrendel\u00e9s\u201d opci\u00f3t \u00e9s 1 munkanapon bel\u00fcl elk\u00e9sz\u00edtem a term\u00e9ket!\nHa foxpost automat\u00e1t v\u00e1lasztott\u00e1l, k\u00e9rlek \u00edrd meg melyikbe k\u00fcldhetem.\n\nA term\u00e9k k\u00e9sz\u00edt\u00e9s\u00e9t \u00e9s post\u00e1z\u00e1s\u00e1t csak a fizet\u00e9s be\u00e9rkez\u00e9se ut\u00e1n tudom elkezdeni! K\u00f6sz\u00f6n\u00f6m a meg\u00e9rt\u00e9sed!","price":"3490.00","unit":"db","recommended":"0","status":"1","sponsored":"0","exp_notify":"0","own_material":"0","own_material_description_old":null,"own_material_description":"","jury":"0","jury_number":"","product_nature":"","meskaracsony":"0","create_date":"2026-02-09 15:22:20","shelve_id":"0","image":"dekorpatika_product_355200_250203232023_995542.jpeg","image_width":"480","image_height":"678","image_alt":"Boldog Valentin-napot  falik\u00e9p, Nincs \u00f6tleted milyen aj\u00e1nd\u00e9kkal lepd meg szerelmed Valentin-napon?\\n\\nElk\u00e9sz\u00edtem sz\u00e1modra a t\u00f6k\u00e9letes ..., Meska","image_title":"Boldog Valentin-napot  falik\u00e9p, Meska","view_count":"311","favourite_count":"0","trending_score":"0","last2MonthFavouriteCount":"0","promotion":"0","giftcard_accept":"0","creditcard_accept":true,"enhanced_background":"0","domain":"meska","specific_customer_id":null,"specific_customer_name":null,"to_order_product":"1","to_order_product_time":"4","product_different":null,"product_different_description":"","vintage":"0","vintage_category_id":"0","recycled":"0","gemstone_id":"0","customizable":"1","type_category":"digital","zerowaste":"0","postage_price":"1290.00","shop_order":"0","has_category":"1","landing_pages":null,"microdata":{"number":85,"category":""},"title":"Boldog Valentin-napot  falik\u00e9p","description":"Nincs \u00f6tleted milyen aj\u00e1nd\u00e9kkal lepd meg szerelmed Valentin-napon?\n\nElk\u00e9sz\u00edtem sz\u00e1modra a t\u00f6k\u00e9letes aj\u00e1nd\u00e9kot! Ez az egyedi falik\u00e9p remek d\u00edsze lehet lak\u00e1snak \u00e9s \u00f6r\u00f6k eml\u00e9k mindkett\u0151t\u00f6knek!\n\nA k\u00e9pkeret A\/4 m\u00e9ret\u0171, amely falra akaszthat\u00f3 vagy polcra is helyezhet\u0151!\n\nM\u00e9rete: 21x30cm\n\nLehet\u0151s\u00e9ged van digit\u00e1lis form\u00e1tumban megrendelni a term\u00e9ket! Ebben az esetben, miut\u00e1n kifizetted a term\u00e9ket, elk\u00e9sz\u00edtem a grafik\u00e1t. A dekor\u00e1ci\u00f3t ezut\u00e1n PDF form\u00e1tumban emailben elk\u00fcld\u00f6m a r\u00e9szedre, amit otthon ki tudsz nyomtatni \u00e9s be tudsz keretezni.\n\n --- Mikor v\u00e1laszd a nyomtathat\u00f3 dekor\u00e1ci\u00f3t a keretbe helyezett k\u00e9p helyett? --- \n\n- ha olcs\u00f3bb megold\u00e1st keresel, hiszen nincs plusz postak\u00f6lts\u00e9ged  \n- ha gyorsabban szeretn\u00e9d megkapni, hiszen nincs post\u00e1z\u00e1s \n- ha utols\u00f3 pillanatban aj\u00e1nd\u00e9k dekor\u00e1ci\u00f3t szeretn\u00e9l \u00e9s nincs id\u0151d v\u00e1rni \n- ha az otthoni sz\u00ednes nyomtat\u00f3ddal vagy valamely k\u00f6zeli fot\u00f3 kioszkban kinyomtatn\u00e1d \n- ha megl\u00e9v\u0151 keretbe szeretn\u00e9d \n- ha esetleg t\u00f6bb p\u00e9ld\u00e1nyra is sz\u00fcks\u00e9ged lenne  \n\nK\u00e9rlek, vedd figyelembe, hogy a megjelen\u00edtett sz\u00ednek kis m\u00e9rt\u00e9kben elt\u00e9rhetnek a k\u00fcl\u00f6nb\u00f6z\u0151 kijelz\u0151k\u00f6n. \n\nAmennyiben s\u00fcrg\u0151s megrendel\u00e9sre van sz\u00fcks\u00e9ged k\u00e9rlek v\u00e1laszd a \u201cS\u00fcrg\u0151s megrendel\u00e9s\u201d opci\u00f3t \u00e9s 1 munkanapon bel\u00fcl elk\u00e9sz\u00edtem a term\u00e9ket!\nHa foxpost automat\u00e1t v\u00e1lasztott\u00e1l, k\u00e9rlek \u00edrd meg melyikbe k\u00fcldhetem.\n\nA term\u00e9k k\u00e9sz\u00edt\u00e9s\u00e9t \u00e9s post\u00e1z\u00e1s\u00e1t csak a fizet\u00e9s be\u00e9rkez\u00e9se ut\u00e1n tudom elkezdeni! K\u00f6sz\u00f6n\u00f6m a meg\u00e9rt\u00e9sed!","score":0,"formatted_price":"3 490 Ft","image_url":"https:\/\/www.meska.hu\/img\/product\/small\/d\/e\/dekorpatika_product_355200_250203232023_995542.jpeg","formatted_url":"https:\/\/www.meska.hu\/p5491902-boldog-valentin-napot-falikep","favourite":false,"in_stock":false,"avatar":"355200_avatar_1726093454.jpeg","delete_from":0,"is_enhanced_background":false,"is_enhanced":false,"product_selection_started":false,"is_active":true,"image_webp_url":"https:\/\/www.meska.hu\/img\/product\/small\/d\/e\/dekorpatika_product_355200_250203232023_995542.webp"},{"id":"5522810","shop_id":"37585","user_id":"491560","shop_name":"PillangoPapir","shop_zip":"1163","product_code":"5398195","product_name_old":null,"product_name":"Modern beige fot\u00f3album, eml\u00e9kk\u00f6nyv","category_string":"Otthon & \u00c9letm\u00f3d, Pap\u00edr, \u00edr\u00f3szer, Album & Fot\u00f3album","technic_string":"Fot\u00f3, grafika, rajz, illusztr\u00e1ci\u00f3, K\u00f6nyvk\u00f6t\u00e9s","category_1":"813","category_2":"351","category_3":"353","category_4":"0","merged_category_1":null,"merged_category_2":null,"merged_category_3":null,"technic_1":"483","technic_2":"671","technic_3":"0","color_1":"514","color_2":"515","color_3":"529","product_description_old":null,"product_description":"Legyen igaz\u00e1n egyedi, f\u00e9nyk\u00e9pes bor\u00edt\u00f3s eml\u00e9kk\u00f6nyved! \n\nHa esk\u00fcv\u0151d volt vagy n\u00e1szutad, esetleg sz\u00fclinapra, ballag\u00e1sra aj\u00e1nd\u00e9kozn\u00e1l valamit vagy egy csod\u00e1s nyaral\u00e1son vett\u00e9l r\u00e9szt, ebbe az albumba tetsz\u00e9s szerint \u00edrhatsz fel eml\u00e9keket, id\u00e9zeteket, kedves \u00fczeneteket az aj\u00e1nd\u00e9kozott sz\u00e1m\u00e1ra vagy bele tudod beragasztani a f\u00e9nyk\u00e9peidet, mell\u00e9 pedig \u00edrhatsz is, \u00edgy szuper fot\u00f3album is k\u00e9sz\u00fclhet bel\u0151le.\n\nA bor\u00edt\u00f3n az \u00f6sszes sz\u00f6veg tetsz\u00e9s szerint k\u00e9sz\u00fcl, valamint 7 darab f\u00e9nyk\u00e9p ker\u00fclhet elhelyez\u00e9sre.\nA h\u00e1tulj\u00e1ra is ker\u00fclhet id\u00e9zet, sz\u00f6veg, monogram, plusz fot\u00f3 stb.\nEzt rendel\u00e9s ut\u00e1n e-mailben tudjuk majd egyeztetni, az elk\u00e9sz\u00edt\u00e9s el\u0151tt pedig l\u00e1tv\u00e1nytervet k\u00fcld\u00f6k a bor\u00edt\u00f3kr\u00f3l!\n\nA k\u00f6nyv 18 x 24 cm m\u00e9ret\u0171, kem\u00e9nyfedeles, matt bor\u00edt\u00f3val k\u00e9sz\u00fcl, k\u00e9t db feh\u00e9r spir\u00e1llal \u00f6sszef\u0171zve, amit\u0151l igaz\u00e1n egyedi megjelen\u00e9st kap.\n\nK\u00e9t f\u00e9le bels\u0151 lapokkal k\u00e9sz\u00fclhet, funkci\u00f3j\u00e1t\u00f3l f\u00fcgg\u0151en:\n\n- Eml\u00e9kk\u00f6nyv: 40 db (80 oldal) 120 g-os h\u00f3feh\u00e9r, selymes tapint\u00e1s\u00fa pap\u00edrlappal, \u00edgy j\u00f3k\u00edv\u00e1ns\u00e1gok, \u00fcdv\u00f6zletek, id\u00e9zetek ker\u00fclhetnek bele. Ak\u00e1r tollal, filccel is \u00edrhat\u00f3, nem fog \u00e1t\u00fctni rajta az \u00edr\u00e1s.\n\n- Fot\u00f3album: 30 db (60 oldal) 230 g-os vastagabb feh\u00e9r kartonlappal, \u00edgy m\u00e1r f\u00e9nyk\u00e9peket is lehet beleragasztani k\u00e9toldal\u00fa ragaszt\u00f3val, fot\u00f3sarokkal, foly\u00e9kony ragaszt\u00f3val, vagy egyszer\u0171 ragaszt\u00f3szalaggal is.\nEgy oldalra ak\u00e1r 4 db Instax f\u00e9nyk\u00e9p (8,6 x 5,4 cm), 2 db \u00e1ll\u00f3 k\u00e9p vagy 1 db fekv\u0151 k\u00e9p f\u00e9r el (9x13 cm vagy 10 x 15 cm).\nMellette marad m\u00e9g hely feliratokat is elhelyezni!\nMaximum 40 db lappal tudom k\u00e9sz\u00edteni az albumot.\n\nHa m\u00f3dos\u00edtan\u00e1l a bet\u0171t\u00edpuson vagy a grafik\u00e1n, nyugodtan \u00edrd meg elk\u00e9pzel\u00e9sed egy \u00fczenetben vagy v\u00e1s\u00e1rl\u00e1s ut\u00e1n e-mailben!","price":"8490.00","unit":"db","recommended":"0","status":"1","sponsored":"0","exp_notify":"0","own_material":"0","own_material_description_old":null,"own_material_description":"","jury":"0","jury_number":"","product_nature":"","meskaracsony":"0","create_date":"2026-02-08 19:08:07","shelve_id":"71915","image":"pillangopapir_product_491560_241016105513_206146.jpeg","image_width":"480","image_height":"631","image_alt":"Modern beige fot\u00f3album, eml\u00e9kk\u00f6nyv, Legyen igaz\u00e1n egyedi, f\u00e9nyk\u00e9pes bor\u00edt\u00f3s eml\u00e9kk\u00f6nyved! \\n\\nHa esk\u00fcv\u0151d volt vagy n\u00e1szutad, esetleg sz\u00fcli..., Meska","image_title":"Modern beige fot\u00f3album, eml\u00e9kk\u00f6nyv, Meska","view_count":"483","favourite_count":"0","trending_score":"0","last2MonthFavouriteCount":"0","promotion":"0","giftcard_accept":"0","creditcard_accept":true,"enhanced_background":"0","domain":"meska","specific_customer_id":null,"specific_customer_name":null,"to_order_product":"1","to_order_product_time":"2","product_different":null,"product_different_description":"","vintage":"0","vintage_category_id":"0","recycled":"0","gemstone_id":"0","customizable":"0","type_category":"physical","zerowaste":"0","postage_price":"1300.00","shop_order":"77","has_category":"1","landing_pages":null,"microdata":{"number":86,"category":""},"title":"Modern beige fot\u00f3album, eml\u00e9kk\u00f6nyv","description":"Legyen igaz\u00e1n egyedi, f\u00e9nyk\u00e9pes bor\u00edt\u00f3s eml\u00e9kk\u00f6nyved! \n\nHa esk\u00fcv\u0151d volt vagy n\u00e1szutad, esetleg sz\u00fclinapra, ballag\u00e1sra aj\u00e1nd\u00e9kozn\u00e1l valamit vagy egy csod\u00e1s nyaral\u00e1son vett\u00e9l r\u00e9szt, ebbe az albumba tetsz\u00e9s szerint \u00edrhatsz fel eml\u00e9keket, id\u00e9zeteket, kedves \u00fczeneteket az aj\u00e1nd\u00e9kozott sz\u00e1m\u00e1ra vagy bele tudod beragasztani a f\u00e9nyk\u00e9peidet, mell\u00e9 pedig \u00edrhatsz is, \u00edgy szuper fot\u00f3album is k\u00e9sz\u00fclhet bel\u0151le.\n\nA bor\u00edt\u00f3n az \u00f6sszes sz\u00f6veg tetsz\u00e9s szerint k\u00e9sz\u00fcl, valamint 7 darab f\u00e9nyk\u00e9p ker\u00fclhet elhelyez\u00e9sre.\nA h\u00e1tulj\u00e1ra is ker\u00fclhet id\u00e9zet, sz\u00f6veg, monogram, plusz fot\u00f3 stb.\nEzt rendel\u00e9s ut\u00e1n e-mailben tudjuk majd egyeztetni, az elk\u00e9sz\u00edt\u00e9s el\u0151tt pedig l\u00e1tv\u00e1nytervet k\u00fcld\u00f6k a bor\u00edt\u00f3kr\u00f3l!\n\nA k\u00f6nyv 18 x 24 cm m\u00e9ret\u0171, kem\u00e9nyfedeles, matt bor\u00edt\u00f3val k\u00e9sz\u00fcl, k\u00e9t db feh\u00e9r spir\u00e1llal \u00f6sszef\u0171zve, amit\u0151l igaz\u00e1n egyedi megjelen\u00e9st kap.\n\nK\u00e9t f\u00e9le bels\u0151 lapokkal k\u00e9sz\u00fclhet, funkci\u00f3j\u00e1t\u00f3l f\u00fcgg\u0151en:\n\n- Eml\u00e9kk\u00f6nyv: 40 db (80 oldal) 120 g-os h\u00f3feh\u00e9r, selymes tapint\u00e1s\u00fa pap\u00edrlappal, \u00edgy j\u00f3k\u00edv\u00e1ns\u00e1gok, \u00fcdv\u00f6zletek, id\u00e9zetek ker\u00fclhetnek bele. Ak\u00e1r tollal, filccel is \u00edrhat\u00f3, nem fog \u00e1t\u00fctni rajta az \u00edr\u00e1s.\n\n- Fot\u00f3album: 30 db (60 oldal) 230 g-os vastagabb feh\u00e9r kartonlappal, \u00edgy m\u00e1r f\u00e9nyk\u00e9peket is lehet beleragasztani k\u00e9toldal\u00fa ragaszt\u00f3val, fot\u00f3sarokkal, foly\u00e9kony ragaszt\u00f3val, vagy egyszer\u0171 ragaszt\u00f3szalaggal is.\nEgy oldalra ak\u00e1r 4 db Instax f\u00e9nyk\u00e9p (8,6 x 5,4 cm), 2 db \u00e1ll\u00f3 k\u00e9p vagy 1 db fekv\u0151 k\u00e9p f\u00e9r el (9x13 cm vagy 10 x 15 cm).\nMellette marad m\u00e9g hely feliratokat is elhelyezni!\nMaximum 40 db lappal tudom k\u00e9sz\u00edteni az albumot.\n\nHa m\u00f3dos\u00edtan\u00e1l a bet\u0171t\u00edpuson vagy a grafik\u00e1n, nyugodtan \u00edrd meg elk\u00e9pzel\u00e9sed egy \u00fczenetben vagy v\u00e1s\u00e1rl\u00e1s ut\u00e1n e-mailben!","score":0,"formatted_price":"8 490 Ft","image_url":"https:\/\/www.meska.hu\/img\/product\/small\/p\/i\/pillangopapir_product_491560_241016105513_206146.jpeg","formatted_url":"https:\/\/www.meska.hu\/p5398195-modern-beige-fotoalbum","favourite":false,"in_stock":false,"avatar":"PillangoPapir_avatar_491560_1677664091.jpg","delete_from":0,"is_enhanced_background":false,"is_enhanced":false,"product_selection_started":false,"is_active":true,"image_webp_url":"https:\/\/www.meska.hu\/img\/product\/small\/p\/i\/pillangopapir_product_491560_241016105513_206146.webp"},{"id":"5522142","shop_id":"37585","user_id":"491560","shop_name":"PillangoPapir","shop_zip":"1163","product_code":"5397843","product_name_old":null,"product_name":"Pasztell vir\u00e1gos fot\u00f3album, eml\u00e9kk\u00f6nyv","category_string":"Otthon & \u00c9letm\u00f3d, Pap\u00edr, \u00edr\u00f3szer, Album & Fot\u00f3album","technic_string":"Fot\u00f3, grafika, rajz, illusztr\u00e1ci\u00f3, K\u00f6nyvk\u00f6t\u00e9s","category_1":"813","category_2":"351","category_3":"353","category_4":"0","merged_category_1":null,"merged_category_2":null,"merged_category_3":null,"technic_1":"483","technic_2":"671","technic_3":"0","color_1":"1474","color_2":"515","color_3":"529","product_description_old":null,"product_description":"Legyen igaz\u00e1n egyedi, f\u00e9nyk\u00e9pes bor\u00edt\u00f3s eml\u00e9kk\u00f6nyved! \n\nHa esk\u00fcv\u0151d volt vagy n\u00e1szutad, esetleg sz\u00fclinapra, ballag\u00e1sra aj\u00e1nd\u00e9kozn\u00e1l valamit vagy egy csod\u00e1s nyaral\u00e1son vett\u00e9l r\u00e9szt, ebbe az albumba tetsz\u00e9s szerint \u00edrhatsz fel eml\u00e9keket, id\u00e9zeteket, kedves \u00fczeneteket az aj\u00e1nd\u00e9kozott sz\u00e1m\u00e1ra vagy bele tudod beragasztani a f\u00e9nyk\u00e9peidet, mell\u00e9 pedig \u00edrhatsz is, \u00edgy szuper fot\u00f3album is k\u00e9sz\u00fclhet bel\u0151le.\n\nA bor\u00edt\u00f3n az \u00f6sszes sz\u00f6veg tetsz\u00e9s szerint k\u00e9sz\u00fcl, valamint 1 darab f\u00e9nyk\u00e9p ker\u00fclhet elhelyez\u00e9sre.\nA h\u00e1tulj\u00e1ra is ker\u00fclhet id\u00e9zet, sz\u00f6veg, monogram, plusz fot\u00f3 stb.\nEzt rendel\u00e9s ut\u00e1n e-mailben tudjuk majd egyeztetni, az elk\u00e9sz\u00edt\u00e9s el\u0151tt pedig l\u00e1tv\u00e1nytervet k\u00fcld\u00f6k a bor\u00edt\u00f3kr\u00f3l!\n\nA k\u00f6nyv 18 x 24 cm m\u00e9ret\u0171, kem\u00e9nyfedeles, matt bor\u00edt\u00f3val k\u00e9sz\u00fcl, k\u00e9t db feh\u00e9r spir\u00e1llal \u00f6sszef\u0171zve, amit\u0151l igaz\u00e1n egyedi megjelen\u00e9st kap.\n\nK\u00e9t f\u00e9le bels\u0151 lapokkal k\u00e9sz\u00fclhet, funkci\u00f3j\u00e1t\u00f3l f\u00fcgg\u0151en:\n\n- Eml\u00e9kk\u00f6nyv: 40 db (80 oldal) 120 g-os h\u00f3feh\u00e9r, selymes tapint\u00e1s\u00fa pap\u00edrlappal, \u00edgy j\u00f3k\u00edv\u00e1ns\u00e1gok, \u00fcdv\u00f6zletek, id\u00e9zetek ker\u00fclhetnek bele. Ak\u00e1r tollal, filccel is \u00edrhat\u00f3, nem fog \u00e1t\u00fctni rajta az \u00edr\u00e1s.\n\n- Fot\u00f3album: 30 db (60 oldal) 230 g-os vastagabb feh\u00e9r kartonlappal, \u00edgy m\u00e1r f\u00e9nyk\u00e9peket is lehet beleragasztani k\u00e9toldal\u00fa ragaszt\u00f3val, fot\u00f3sarokkal, foly\u00e9kony ragaszt\u00f3val, vagy egyszer\u0171 ragaszt\u00f3szalaggal is.\nEgy oldalra ak\u00e1r 4 db Instax f\u00e9nyk\u00e9p (8,6 x 5,4 cm), 2 db \u00e1ll\u00f3 k\u00e9p vagy 1 db fekv\u0151 k\u00e9p f\u00e9r el (9x13 cm vagy 10 x 15 cm).\nMellette marad m\u00e9g hely feliratokat is elhelyezni!\nMaximum 40 db lappal tudom k\u00e9sz\u00edteni az albumot.\n\nHa m\u00f3dos\u00edtan\u00e1l a bet\u0171t\u00edpuson vagy a grafik\u00e1n, nyugodtan \u00edrd meg elk\u00e9pzel\u00e9sed egy \u00fczenetben vagy v\u00e1s\u00e1rl\u00e1s ut\u00e1n e-mailben!","price":"8490.00","unit":"db","recommended":"0","status":"1","sponsored":"0","exp_notify":"0","own_material":"0","own_material_description_old":null,"own_material_description":"","jury":"0","jury_number":"","product_nature":"","meskaracsony":"0","create_date":"2026-02-08 13:07:28","shelve_id":"71915","image":"pillangopapir_product_491560_241015152519_889937.jpeg","image_width":"480","image_height":"631","image_alt":"Pasztell vir\u00e1gos fot\u00f3album, eml\u00e9kk\u00f6nyv, Legyen igaz\u00e1n egyedi, f\u00e9nyk\u00e9pes bor\u00edt\u00f3s eml\u00e9kk\u00f6nyved! \\n\\nHa esk\u00fcv\u0151d volt vagy n\u00e1szutad, esetleg sz\u00fcli..., Meska","image_title":"Pasztell vir\u00e1gos fot\u00f3album, eml\u00e9kk\u00f6nyv, Meska","view_count":"435","favourite_count":"0","trending_score":"0","last2MonthFavouriteCount":"0","promotion":"0","giftcard_accept":"0","creditcard_accept":true,"enhanced_background":"0","domain":"meska","specific_customer_id":null,"specific_customer_name":null,"to_order_product":"1","to_order_product_time":"2","product_different":null,"product_different_description":"","vintage":"0","vintage_category_id":"0","recycled":"0","gemstone_id":"0","customizable":"0","type_category":"physical","zerowaste":"0","postage_price":"1300.00","shop_order":"78","has_category":"1","landing_pages":null,"microdata":{"number":87,"category":""},"title":"Pasztell vir\u00e1gos fot\u00f3album, eml\u00e9kk\u00f6nyv","description":"Legyen igaz\u00e1n egyedi, f\u00e9nyk\u00e9pes bor\u00edt\u00f3s eml\u00e9kk\u00f6nyved! \n\nHa esk\u00fcv\u0151d volt vagy n\u00e1szutad, esetleg sz\u00fclinapra, ballag\u00e1sra aj\u00e1nd\u00e9kozn\u00e1l valamit vagy egy csod\u00e1s nyaral\u00e1son vett\u00e9l r\u00e9szt, ebbe az albumba tetsz\u00e9s szerint \u00edrhatsz fel eml\u00e9keket, id\u00e9zeteket, kedves \u00fczeneteket az aj\u00e1nd\u00e9kozott sz\u00e1m\u00e1ra vagy bele tudod beragasztani a f\u00e9nyk\u00e9peidet, mell\u00e9 pedig \u00edrhatsz is, \u00edgy szuper fot\u00f3album is k\u00e9sz\u00fclhet bel\u0151le.\n\nA bor\u00edt\u00f3n az \u00f6sszes sz\u00f6veg tetsz\u00e9s szerint k\u00e9sz\u00fcl, valamint 1 darab f\u00e9nyk\u00e9p ker\u00fclhet elhelyez\u00e9sre.\nA h\u00e1tulj\u00e1ra is ker\u00fclhet id\u00e9zet, sz\u00f6veg, monogram, plusz fot\u00f3 stb.\nEzt rendel\u00e9s ut\u00e1n e-mailben tudjuk majd egyeztetni, az elk\u00e9sz\u00edt\u00e9s el\u0151tt pedig l\u00e1tv\u00e1nytervet k\u00fcld\u00f6k a bor\u00edt\u00f3kr\u00f3l!\n\nA k\u00f6nyv 18 x 24 cm m\u00e9ret\u0171, kem\u00e9nyfedeles, matt bor\u00edt\u00f3val k\u00e9sz\u00fcl, k\u00e9t db feh\u00e9r spir\u00e1llal \u00f6sszef\u0171zve, amit\u0151l igaz\u00e1n egyedi megjelen\u00e9st kap.\n\nK\u00e9t f\u00e9le bels\u0151 lapokkal k\u00e9sz\u00fclhet, funkci\u00f3j\u00e1t\u00f3l f\u00fcgg\u0151en:\n\n- Eml\u00e9kk\u00f6nyv: 40 db (80 oldal) 120 g-os h\u00f3feh\u00e9r, selymes tapint\u00e1s\u00fa pap\u00edrlappal, \u00edgy j\u00f3k\u00edv\u00e1ns\u00e1gok, \u00fcdv\u00f6zletek, id\u00e9zetek ker\u00fclhetnek bele. Ak\u00e1r tollal, filccel is \u00edrhat\u00f3, nem fog \u00e1t\u00fctni rajta az \u00edr\u00e1s.\n\n- Fot\u00f3album: 30 db (60 oldal) 230 g-os vastagabb feh\u00e9r kartonlappal, \u00edgy m\u00e1r f\u00e9nyk\u00e9peket is lehet beleragasztani k\u00e9toldal\u00fa ragaszt\u00f3val, fot\u00f3sarokkal, foly\u00e9kony ragaszt\u00f3val, vagy egyszer\u0171 ragaszt\u00f3szalaggal is.\nEgy oldalra ak\u00e1r 4 db Instax f\u00e9nyk\u00e9p (8,6 x 5,4 cm), 2 db \u00e1ll\u00f3 k\u00e9p vagy 1 db fekv\u0151 k\u00e9p f\u00e9r el (9x13 cm vagy 10 x 15 cm).\nMellette marad m\u00e9g hely feliratokat is elhelyezni!\nMaximum 40 db lappal tudom k\u00e9sz\u00edteni az albumot.\n\nHa m\u00f3dos\u00edtan\u00e1l a bet\u0171t\u00edpuson vagy a grafik\u00e1n, nyugodtan \u00edrd meg elk\u00e9pzel\u00e9sed egy \u00fczenetben vagy v\u00e1s\u00e1rl\u00e1s ut\u00e1n e-mailben!","score":0,"formatted_price":"8 490 Ft","image_url":"https:\/\/www.meska.hu\/img\/product\/small\/p\/i\/pillangopapir_product_491560_241015152519_889937.jpeg","formatted_url":"https:\/\/www.meska.hu\/p5397843-pasztell-viragos-fotoalbum","favourite":false,"in_stock":false,"avatar":"PillangoPapir_avatar_491560_1677664091.jpg","delete_from":0,"is_enhanced_background":false,"is_enhanced":false,"product_selection_started":false,"is_active":true,"image_webp_url":"https:\/\/www.meska.hu\/img\/product\/small\/p\/i\/pillangopapir_product_491560_241015152519_889937.webp"},{"id":"4615234","shop_id":"37144","user_id":"492434","shop_name":"ILAV","shop_zip":"8175","product_code":"4848996","product_name_old":null,"product_name":"INSTAX fot\u00f3album \/ eml\u00e9kk\u00f6nyv \/ napl\u00f3, 3 v\u00e1laszthat\u00f3 bor\u00edt\u00f3val, aj\u00e1nd\u00e9k \u00f6tlet, kar\u00e1csonyi aj\u00e1nd\u00e9k, csal\u00e1d, Valentin napi","category_string":"Otthon & \u00c9letm\u00f3d, Pap\u00edr, \u00edr\u00f3szer, Album & Fot\u00f3album","technic_string":"Fot\u00f3, grafika, rajz, illusztr\u00e1ci\u00f3, Pap\u00edrm\u0171v\u00e9szet","category_1":"813","category_2":"351","category_3":"353","category_4":"0","merged_category_1":"0","merged_category_2":"0","merged_category_3":"0","technic_1":"483","technic_2":"497","technic_3":"0","color_1":"532","color_2":"0","color_3":"0","product_description_old":null,"product_description":"Egy helyen gy\u0171jten\u00e9d INSTAX fot\u00f3idat? Esetleg apr\u00f3 eml\u00e9keket ragasztan\u00e1l be mell\u00e9j\u00fck, vagy r\u00f6vid jegyzeteket \u00edrn\u00e1l fel, melyekre \u00f6r\u00f6kk\u00e9 eml\u00e9kezn\u00e9l? T\u00f6k\u00e9letes megold\u00e1s erre a fot\u00f3album-scrapbook, mellyel magadat, vagy szeretteidet is meglephetsz.\n\nOldalank\u00e9nt 3 db INSTAX mini, vagy 2 db 9 x 13 cm-es, vagy 1 db 10x15 cm-es (10 x 13 cm-es) f\u00e9nyk\u00e9p ragaszthat\u00f3 be k\u00e9toldal\u00fa ragaszt\u00f3val.\n\nA Scrapbook a napl\u00f3 modern v\u00e1ltozata. D\u00edsz\u00edtsd saj\u00e1t kedved szerint k\u00fcl\u00f6nb\u00f6z\u0151 dekor\u00e1ci\u00f3s anyagokkal. \u00cdrj vagy ragaszd bele sz\u00e1modra meghat\u00e1roz\u00f3 esem\u00e9nyekhez k\u00f6thet\u0151 apr\u00f3s\u00e1gokat. \u0150rizd meg eml\u00e9keidet kalandjaidr\u00f3l egy helyen. \n\nHa m\u00e1snak is boldog pillanatot akarsz szerezni, akkor aj\u00e1nd\u00e9kozd ak\u00e1r kar\u00e1csonyra, sz\u00fclet\u00e9snapra, n\u00e9vnapra vagy b\u00e1rmilyen m\u00e1s alkalomra, amire csak szeretn\u00e9d.\n\n\nM\u00e9rete: 22 x 10,7 cm\nLapok m\u00e9rete: 21 x 10,7 cm\nBels\u0151 lapok: 40 db 120g-os h\u00f3feh\u00e9r lap (40 lap = 80 oldal)\nBor\u00edt\u00f3: v\u00e1laszthat\u00f3 v\u00e9kony m\u0171anyag (alap\u00e1r), vagy 2 mm vastag kartonlap, melyre matricanyomatk\u00e9nt ker\u00fcl a grafika. A fedlap sz\u00ednes grafik\u00e1val van d\u00edsz\u00edtve, a h\u00e1tlap feh\u00e9r.\nSpir\u00e1l: fekete, feh\u00e9r, ez\u00fcst, vagy rosegold\n\n\n\nV\u00c1S\u00c1RL\u00c1S MENETE:\n\n1.\tA leg\u00f6rd\u00fcl\u0151 men\u00fcb\u0151l v\u00e1laszd ki, hogy melyik spir\u00e1llal k\u00e9red a scrapbookod. Add meg azt is, melyik grafik\u00e1val \u00e9s bor\u00edt\u00f3vastags\u00e1ggal k\u00e9red napl\u00f3dat.\n2.\tTedd a megfelel\u0151 darabsz\u00e1mot a kos\u00e1rba\n3.\tA megjegyz\u00e9sben add meg a sz\u00f6veget, amelyet szeretn\u00e9l a bor\u00edt\u00f3n \n    elhelyezni. \nFIGYELEM: a sz\u00f6veget bem\u00e1soljuk, nem ellen\u0151rz\u00fcnk \u00e9s nem jav\u00edtunk!\n4.\tV\u00e1laszd ki a sz\u00e1ll\u00edt\u00e1s m\u00f3dj\u00e1t\n5.\tEgyenl\u00edtsd ki a v\u00e1s\u00e1rl\u00e1s v\u00e9g\u00f6sszeg\u00e9t bankk\u00e1rty\u00e1val, vagy utald \u00e1t r\u00e9sz\u00fcnkre az \n    automatikus v\u00e1lasz\u00fczenetben le\u00edrtak szerint.\n6.\tHamarosan felvessz\u00fck veled a kapcsolatot \u00e9s e-mailben k\u00fcldj\u00fck a l\u00e1tv\u00e1nytervet, melyen d\u00edjmentesen maximum k\u00e9tszer m\u00f3dos\u00edthatsz. \n7.\tAmennyiben minden megfelel, \u00edr\u00e1sban hagyd j\u00f3v\u00e1 a tervet. \n8. Foxpostos rendel\u00e9s eset\u00e9n v\u00e1lasz\u00fczenetben add meg a c\u00edmzett automat\u00e1t, ahova a \n    csomagot kapni szeretn\u00e9d.\n9.\tSz\u00e1ll\u00edt\u00e1s: j\u00f3v\u00e1hagy\u00e1st\u00f3l \u00e9s fizet\u00e9st\u0151l sz\u00e1m\u00edtva 5 munkanap.\n\nA term\u00e9keket gondosan csomagoljuk, hogy \u00e9ps\u00e9gben \u00e9rkezzenek meg hozz\u00e1d.\n\nA v\u00e9gleges term\u00e9k v\u00edzjelet nem tartalmaz. A felt\u00fcntetett \u00e1r csak a le\u00edr\u00e1sban szerepl\u0151 t\u00e9teleket tartalmazza. A k\u00e9peken szerepl\u0151 egy\u00e9b kieg\u00e9sz\u00edt\u0151ket, dekor\u00e1ci\u00f3s elemeket az aj\u00e1nlat nem tartalmazza!\n\nA term\u00e9k saj\u00e1t tervez\u00e9s\u0171, mely grafik\u00e1j\u00e1nak tulajdonjoga a v\u00e1s\u00e1rl\u00e1s ut\u00e1n is a szerz\u0151n\u00e9l marad, ez\u00e9rt a term\u00e9k tov\u00e1bb\u00e9rt\u00e9kes\u00edt\u00e9se, sokszoros\u00edt\u00e1sa szigor\u00faan tilos!\n","price":"3500.00","unit":"db","recommended":"0","status":"1","sponsored":"0","exp_notify":"0","own_material":"0","own_material_description_old":null,"own_material_description":"","jury":"0","jury_number":"","product_nature":"","meskaracsony":"0","create_date":"2026-02-08 11:07:25","shelve_id":"76661","image":"ilav_product_492434_221204155041_945683.jpeg","image_width":"480","image_height":"480","image_alt":"INSTAX fot\u00f3album \/ eml\u00e9kk\u00f6nyv \/ napl\u00f3, 3 v\u00e1laszthat\u00f3 bor\u00edt\u00f3val, aj\u00e1nd\u00e9k \u00f6tlet, kar\u00e1csonyi aj\u00e1nd\u00e9k, csal\u00e1d, Valentin napi, Egy helyen gy\u0171jten\u00e9d INSTAX fot\u00f3idat? Esetleg apr\u00f3 eml\u00e9keket ragasztan\u00e1l be mell\u00e9j\u00fck, vagy r\u00f6vid jeg..., Meska","image_title":"INSTAX fot\u00f3album \/ eml\u00e9kk\u00f6nyv \/ napl\u00f3, 3 v\u00e1laszthat\u00f3 bor\u00edt\u00f3val, aj\u00e1nd\u00e9k \u00f6tlet, kar\u00e1csonyi aj\u00e1nd\u00e9k, csal\u00e1d, Valentin napi, Meska","view_count":"2503","favourite_count":"0","trending_score":"0","last2MonthFavouriteCount":"0","promotion":"0","giftcard_accept":"0","creditcard_accept":true,"enhanced_background":"0","domain":"meska","specific_customer_id":null,"specific_customer_name":null,"to_order_product":"1","to_order_product_time":"5","product_different":null,"product_different_description":"","vintage":"0","vintage_category_id":"0","recycled":"0","gemstone_id":"0","customizable":"0","type_category":"physical","zerowaste":"0","postage_price":"1290.00","shop_order":"0","has_category":"1","landing_pages":null,"microdata":{"number":88,"category":""},"title":"INSTAX fot\u00f3album \/ eml\u00e9kk\u00f6nyv \/ napl\u00f3, 3 v\u00e1laszthat\u00f3 bor\u00edt\u00f3val, aj\u00e1nd\u00e9k \u00f6tlet, kar\u00e1csonyi aj\u00e1nd\u00e9k, csal\u00e1d, Valentin napi","description":"Egy helyen gy\u0171jten\u00e9d INSTAX fot\u00f3idat? Esetleg apr\u00f3 eml\u00e9keket ragasztan\u00e1l be mell\u00e9j\u00fck, vagy r\u00f6vid jegyzeteket \u00edrn\u00e1l fel, melyekre \u00f6r\u00f6kk\u00e9 eml\u00e9kezn\u00e9l? T\u00f6k\u00e9letes megold\u00e1s erre a fot\u00f3album-scrapbook, mellyel magadat, vagy szeretteidet is meglephetsz.\n\nOldalank\u00e9nt 3 db INSTAX mini, vagy 2 db 9 x 13 cm-es, vagy 1 db 10x15 cm-es (10 x 13 cm-es) f\u00e9nyk\u00e9p ragaszthat\u00f3 be k\u00e9toldal\u00fa ragaszt\u00f3val.\n\nA Scrapbook a napl\u00f3 modern v\u00e1ltozata. D\u00edsz\u00edtsd saj\u00e1t kedved szerint k\u00fcl\u00f6nb\u00f6z\u0151 dekor\u00e1ci\u00f3s anyagokkal. \u00cdrj vagy ragaszd bele sz\u00e1modra meghat\u00e1roz\u00f3 esem\u00e9nyekhez k\u00f6thet\u0151 apr\u00f3s\u00e1gokat. \u0150rizd meg eml\u00e9keidet kalandjaidr\u00f3l egy helyen. \n\nHa m\u00e1snak is boldog pillanatot akarsz szerezni, akkor aj\u00e1nd\u00e9kozd ak\u00e1r kar\u00e1csonyra, sz\u00fclet\u00e9snapra, n\u00e9vnapra vagy b\u00e1rmilyen m\u00e1s alkalomra, amire csak szeretn\u00e9d.\n\n\nM\u00e9rete: 22 x 10,7 cm\nLapok m\u00e9rete: 21 x 10,7 cm\nBels\u0151 lapok: 40 db 120g-os h\u00f3feh\u00e9r lap (40 lap = 80 oldal)\nBor\u00edt\u00f3: v\u00e1laszthat\u00f3 v\u00e9kony m\u0171anyag (alap\u00e1r), vagy 2 mm vastag kartonlap, melyre matricanyomatk\u00e9nt ker\u00fcl a grafika. A fedlap sz\u00ednes grafik\u00e1val van d\u00edsz\u00edtve, a h\u00e1tlap feh\u00e9r.\nSpir\u00e1l: fekete, feh\u00e9r, ez\u00fcst, vagy rosegold\n\n\n\nV\u00c1S\u00c1RL\u00c1S MENETE:\n\n1.\tA leg\u00f6rd\u00fcl\u0151 men\u00fcb\u0151l v\u00e1laszd ki, hogy melyik spir\u00e1llal k\u00e9red a scrapbookod. Add meg azt is, melyik grafik\u00e1val \u00e9s bor\u00edt\u00f3vastags\u00e1ggal k\u00e9red napl\u00f3dat.\n2.\tTedd a megfelel\u0151 darabsz\u00e1mot a kos\u00e1rba\n3.\tA megjegyz\u00e9sben add meg a sz\u00f6veget, amelyet szeretn\u00e9l a bor\u00edt\u00f3n \n    elhelyezni. \nFIGYELEM: a sz\u00f6veget bem\u00e1soljuk, nem ellen\u0151rz\u00fcnk \u00e9s nem jav\u00edtunk!\n4.\tV\u00e1laszd ki a sz\u00e1ll\u00edt\u00e1s m\u00f3dj\u00e1t\n5.\tEgyenl\u00edtsd ki a v\u00e1s\u00e1rl\u00e1s v\u00e9g\u00f6sszeg\u00e9t bankk\u00e1rty\u00e1val, vagy utald \u00e1t r\u00e9sz\u00fcnkre az \n    automatikus v\u00e1lasz\u00fczenetben le\u00edrtak szerint.\n6.\tHamarosan felvessz\u00fck veled a kapcsolatot \u00e9s e-mailben k\u00fcldj\u00fck a l\u00e1tv\u00e1nytervet, melyen d\u00edjmentesen maximum k\u00e9tszer m\u00f3dos\u00edthatsz. \n7.\tAmennyiben minden megfelel, \u00edr\u00e1sban hagyd j\u00f3v\u00e1 a tervet. \n8. Foxpostos rendel\u00e9s eset\u00e9n v\u00e1lasz\u00fczenetben add meg a c\u00edmzett automat\u00e1t, ahova a \n    csomagot kapni szeretn\u00e9d.\n9.\tSz\u00e1ll\u00edt\u00e1s: j\u00f3v\u00e1hagy\u00e1st\u00f3l \u00e9s fizet\u00e9st\u0151l sz\u00e1m\u00edtva 5 munkanap.\n\nA term\u00e9keket gondosan csomagoljuk, hogy \u00e9ps\u00e9gben \u00e9rkezzenek meg hozz\u00e1d.\n\nA v\u00e9gleges term\u00e9k v\u00edzjelet nem tartalmaz. A felt\u00fcntetett \u00e1r csak a le\u00edr\u00e1sban szerepl\u0151 t\u00e9teleket tartalmazza. A k\u00e9peken szerepl\u0151 egy\u00e9b kieg\u00e9sz\u00edt\u0151ket, dekor\u00e1ci\u00f3s elemeket az aj\u00e1nlat nem tartalmazza!\n\nA term\u00e9k saj\u00e1t tervez\u00e9s\u0171, mely grafik\u00e1j\u00e1nak tulajdonjoga a v\u00e1s\u00e1rl\u00e1s ut\u00e1n is a szerz\u0151n\u00e9l marad, ez\u00e9rt a term\u00e9k tov\u00e1bb\u00e9rt\u00e9kes\u00edt\u00e9se, sokszoros\u00edt\u00e1sa szigor\u00faan tilos!\n","score":0,"formatted_price":"3 500 Ft","image_url":"https:\/\/www.meska.hu\/img\/product\/small\/i\/l\/ilav_product_492434_221204155041_945683.jpeg","formatted_url":"https:\/\/www.meska.hu\/p4848996-instax-fotoalbum-emlekkonyv-naplo-3-valaszthato-boritoval-ajandek-otlet-karacsonyi-ajandek-emlek-csalad","favourite":false,"in_stock":false,"avatar":"492434_avatar_1648712689.jpeg","delete_from":0,"is_enhanced_background":false,"is_enhanced":false,"product_selection_started":false,"is_active":true,"image_webp_url":"https:\/\/www.meska.hu\/img\/product\/small\/i\/l\/ilav_product_492434_221204155041_945683.webp"},{"id":"3421359","shop_id":"24144","user_id":"274209","shop_name":"OtletLada","shop_zip":"7522","product_code":"4649652","product_name_old":null,"product_name":"Ballag\u00e1si AJ\u00c1ND\u00c9K - N\u00e9vresz\u00f3l\u00f3 Eml\u00e9kk\u00f6nyv - rose gold -fest\u00e9k hat\u00e1s\u00fa album - aj\u00e1nd\u00e9k \u00f6tlet  - 21x19cm k\u00f6z\u00e9piskol\u00e1soknak","category_string":"Otthon & \u00c9letm\u00f3d, Pap\u00edr, \u00edr\u00f3szer, Album & Fot\u00f3album","technic_string":"Fot\u00f3, grafika, rajz, illusztr\u00e1ci\u00f3, K\u00f6nyvk\u00f6t\u00e9s","category_1":"813","category_2":"351","category_3":"353","category_4":"0","merged_category_1":"0","merged_category_2":"0","merged_category_3":"0","technic_1":"483","technic_2":"671","technic_3":"0","color_1":"519","color_2":"520","color_3":"525","product_description_old":null,"product_description":"B\u00e1rmilyen sz\u00f6veggel k\u00e9rheted, csak a kos\u00e1r oldalon \u00edrd meg nekem megjegyz\u00e9sben!!! \nBor\u00edt\u00f3 bels\u0151re bor\u00edt\u00e9k is k\u00e9rhet\u0151. Kedves trendi csajos aj\u00e1nd\u00e9k eml\u00e9kk\u00f6nyv ballag\u00f3 di\u00e1koknak, amibe beleragaszthatja az oszt\u00e1lyt\u00e1rsai tabl\u00f3fot\u00f3j\u00e1t \u00e9s a vel\u00fck \u00e1t\u00e9lt \u00e9lm\u00e9nyekr\u0151l k\u00e9sz\u00fclt kor\u00e1bbi k\u00e9peket, \u00edgy \u00f6r\u00f6k eml\u00e9kek maradnak a tini \u00e9vek alatt \u00e1t\u00e9lt kalandok. \nA k\u00f6nyvecsk\u00e9be k\u00e9toldal\u00fa ragaszt\u00f3val lehet a k\u00e9peket beragasztani, goly\u00f3stollal, ceruz\u00e1val, sz\u00ednesceruz\u00e1val lehet bele \u00edrni \/ rajzolni is a fot\u00f3k mell\u00e9. \n\n\u26a0\ufe0fFONTOS\u26a0\ufe0f A bor\u00edt\u00f3ra ker\u00fcl\u0151 nevet (\u00e9s sz\u00fcks\u00e9g eset\u00e9n az iskola nev\u00e9t) rendel\u00e9skor ne felejtsd el a kos\u00e1r oldalon tal\u00e1lhat\u00f3 megjegyz\u00e9s mez\u0151be be\u00edrni!\n\nPARAM\u00c9TEREK:\n\u25b6\ufe0f Bel\u00edvek 120g-os \u00fcres feh\u00e9r lapok - 40 db\n\u25b6\ufe0f F\u00e9m spir\u00e1llal\n\u25b6\ufe0f M\u00e9rete: 210x190mm\n\n\u26a0\ufe0f BOR\u00cdT\u00d3JA l\u00e9zer nyomat, h\u00e1tlapja nat\u00far sz\u00edn\u0171 - alapanyaga V\u00c1LASZTHAT\u00d3:\n\u2705 ALAP\u00c1RON: KEM\u00c9NY, de v\u00e9kony (kb 0,5mm) m\u0171anyag bor\u00edt\u00f3\n\u2705+1500 Ft-\u00e9rt v\u00e1laszthat\u00f3 2mm extra vastag, KEM\u00c9NY kartont\u00e1bl\u00e1ra k\u00e9sz\u00fclt bor\u00edt\u00f3val is.\n\nN\u00e9zd meg a t\u00f6bbi term\u00e9kemet is:\nhttps:\/\/www.meska.hu\/shop\/OromKonnyek\n\n>>> Sz\u00e1ll\u00edt\u00e1si \u00e9s \u00c1TV\u00c9TELI inform\u00e1ci\u00f3kat a \"Sz\u00e1ll\u00edt\u00e1si Info\" f\u00fclre kattintva tal\u00e1lod\n\n>>> Fizet\u00e9si m\u00f3d - KIZ\u00c1R\u00d3LAG EL\u0150RE FIZET\u00c9SSEL: Bankk\u00e1rty\u00e1val \/ Barionnal \/\u00c1tutal\u00e1ssal vagy Banki befizet\u00e9ssel\n\n\u26a0\ufe0fFONTOS\u26a0\ufe0f Rendel\u00e9shez tedd kos\u00e1rba a term\u00e9ket \u00e9s a \"Kos\u00e1r\" oldalon az \"\u00dczenet az elad\u00f3nak\" r\u00e9szbe \u00edrd be, hogy milyen sz\u00f6veget \/ nevet k\u00e9rsz a bor\u00edt\u00f3ra.","price":"7900.00","unit":"db","recommended":"0","status":"1","sponsored":"0","exp_notify":"0","own_material":"0","own_material_description_old":null,"own_material_description":"","jury":"0","jury_number":"","product_nature":"","meskaracsony":"0","create_date":"2026-02-07 18:03:08","shelve_id":"56349","image":"oromkonnyek_product_274209_220531233914_675128.jpeg","image_width":"480","image_height":"443","image_alt":"Ballag\u00e1si AJ\u00c1ND\u00c9K - N\u00e9vresz\u00f3l\u00f3 Eml\u00e9kk\u00f6nyv - rose gold -fest\u00e9k hat\u00e1s\u00fa album - aj\u00e1nd\u00e9k \u00f6tlet  - 21x19cm k\u00f6z\u00e9piskol\u00e1soknak, B\u00e1rmilyen sz\u00f6veggel k\u00e9rheted, csak a kos\u00e1r oldalon \u00edrd meg nekem megjegyz\u00e9sben!!! \\nBor\u00edt\u00f3 bels\u0151re bo..., Meska","image_title":"Ballag\u00e1si AJ\u00c1ND\u00c9K - N\u00e9vresz\u00f3l\u00f3 Eml\u00e9kk\u00f6nyv - rose gold -fest\u00e9k hat\u00e1s\u00fa album - aj\u00e1nd\u00e9k \u00f6tlet  - 21x19cm k\u00f6z\u00e9piskol\u00e1soknak, Meska","view_count":"2764","favourite_count":"0","trending_score":"0","last2MonthFavouriteCount":"0","promotion":"0","giftcard_accept":"0","creditcard_accept":false,"enhanced_background":"0","domain":"meska","specific_customer_id":null,"specific_customer_name":null,"to_order_product":"1","to_order_product_time":"5","product_different":"quite_different","product_different_description":"A monitor sz\u00ednei a nyomtatott\u00f3l elt\u00e9rhetnek.","vintage":"0","vintage_category_id":"0","recycled":"0","gemstone_id":"0","customizable":"1","type_category":"physical","zerowaste":"0","postage_price":"1290.00","shop_order":"14","has_category":"1","landing_pages":"Ballag\u00e1si aj\u00e1nd\u00e9kok \u00e9s kieg\u00e9sz\u00edt\u0151k, Ballag\u00e1si aj\u00e1nd\u00e9kok \u00e9s kieg\u00e9sz\u00edt\u0151k","microdata":{"number":89,"category":""},"title":"Ballag\u00e1si AJ\u00c1ND\u00c9K - N\u00e9vresz\u00f3l\u00f3 Eml\u00e9kk\u00f6nyv - rose gold -fest\u00e9k hat\u00e1s\u00fa album - aj\u00e1nd\u00e9k \u00f6tlet  - 21x19cm k\u00f6z\u00e9piskol\u00e1soknak","description":"B\u00e1rmilyen sz\u00f6veggel k\u00e9rheted, csak a kos\u00e1r oldalon \u00edrd meg nekem megjegyz\u00e9sben!!! \nBor\u00edt\u00f3 bels\u0151re bor\u00edt\u00e9k is k\u00e9rhet\u0151. Kedves trendi csajos aj\u00e1nd\u00e9k eml\u00e9kk\u00f6nyv ballag\u00f3 di\u00e1koknak, amibe beleragaszthatja az oszt\u00e1lyt\u00e1rsai tabl\u00f3fot\u00f3j\u00e1t \u00e9s a vel\u00fck \u00e1t\u00e9lt \u00e9lm\u00e9nyekr\u0151l k\u00e9sz\u00fclt kor\u00e1bbi k\u00e9peket, \u00edgy \u00f6r\u00f6k eml\u00e9kek maradnak a tini \u00e9vek alatt \u00e1t\u00e9lt kalandok. \nA k\u00f6nyvecsk\u00e9be k\u00e9toldal\u00fa ragaszt\u00f3val lehet a k\u00e9peket beragasztani, goly\u00f3stollal, ceruz\u00e1val, sz\u00ednesceruz\u00e1val lehet bele \u00edrni \/ rajzolni is a fot\u00f3k mell\u00e9. \n\n\u26a0\ufe0fFONTOS\u26a0\ufe0f A bor\u00edt\u00f3ra ker\u00fcl\u0151 nevet (\u00e9s sz\u00fcks\u00e9g eset\u00e9n az iskola nev\u00e9t) rendel\u00e9skor ne felejtsd el a kos\u00e1r oldalon tal\u00e1lhat\u00f3 megjegyz\u00e9s mez\u0151be be\u00edrni!\n\nPARAM\u00c9TEREK:\n\u25b6\ufe0f Bel\u00edvek 120g-os \u00fcres feh\u00e9r lapok - 40 db\n\u25b6\ufe0f F\u00e9m spir\u00e1llal\n\u25b6\ufe0f M\u00e9rete: 210x190mm\n\n\u26a0\ufe0f BOR\u00cdT\u00d3JA l\u00e9zer nyomat, h\u00e1tlapja nat\u00far sz\u00edn\u0171 - alapanyaga V\u00c1LASZTHAT\u00d3:\n\u2705 ALAP\u00c1RON: KEM\u00c9NY, de v\u00e9kony (kb 0,5mm) m\u0171anyag bor\u00edt\u00f3\n\u2705+1500 Ft-\u00e9rt v\u00e1laszthat\u00f3 2mm extra vastag, KEM\u00c9NY kartont\u00e1bl\u00e1ra k\u00e9sz\u00fclt bor\u00edt\u00f3val is.\n\nN\u00e9zd meg a t\u00f6bbi term\u00e9kemet is:\nhttps:\/\/www.meska.hu\/shop\/OromKonnyek\n\n>>> Sz\u00e1ll\u00edt\u00e1si \u00e9s \u00c1TV\u00c9TELI inform\u00e1ci\u00f3kat a \"Sz\u00e1ll\u00edt\u00e1si Info\" f\u00fclre kattintva tal\u00e1lod\n\n>>> Fizet\u00e9si m\u00f3d - KIZ\u00c1R\u00d3LAG EL\u0150RE FIZET\u00c9SSEL: Bankk\u00e1rty\u00e1val \/ Barionnal \/\u00c1tutal\u00e1ssal vagy Banki befizet\u00e9ssel\n\n\u26a0\ufe0fFONTOS\u26a0\ufe0f Rendel\u00e9shez tedd kos\u00e1rba a term\u00e9ket \u00e9s a \"Kos\u00e1r\" oldalon az \"\u00dczenet az elad\u00f3nak\" r\u00e9szbe \u00edrd be, hogy milyen sz\u00f6veget \/ nevet k\u00e9rsz a bor\u00edt\u00f3ra.","score":0,"formatted_price":"7 900 Ft","image_url":"https:\/\/www.meska.hu\/img\/product\/small\/o\/r\/oromkonnyek_product_274209_220531233914_675128.jpeg","formatted_url":"https:\/\/www.meska.hu\/p4649652-ballagasi-ajandek-nevreszolo-emlekkonyv-rose-gold-festek-hatasu-album-ajandek-otlet-21x19cm-kozepiskolasoknak","favourite":false,"in_stock":false,"avatar":"274209_avatar_1697355906.jpeg","delete_from":0,"is_enhanced_background":false,"is_enhanced":false,"product_selection_started":false,"is_active":true,"image_webp_url":"https:\/\/www.meska.hu\/img\/product\/small\/o\/r\/oromkonnyek_product_274209_220531233914_675128.webp"},{"id":"5670120","shop_id":"37585","user_id":"491560","shop_name":"PillangoPapir","shop_zip":"1163","product_code":"5483968","product_name_old":null,"product_name":"Lila vir\u00e1gmint\u00e1s fot\u00f3album, eml\u00e9kk\u00f6nyv","category_string":"Otthon & \u00c9letm\u00f3d, Pap\u00edr, \u00edr\u00f3szer, Album & Fot\u00f3album","technic_string":"Fot\u00f3, grafika, rajz, illusztr\u00e1ci\u00f3, K\u00f6nyvk\u00f6t\u00e9s","category_1":"813","category_2":"351","category_3":"353","category_4":"0","merged_category_1":null,"merged_category_2":null,"merged_category_3":null,"technic_1":"483","technic_2":"671","technic_3":"0","color_1":"521","color_2":"522","color_3":"0","product_description_old":null,"product_description":"Legyen igaz\u00e1n egyedi bor\u00edt\u00f3s eml\u00e9kk\u00f6nyved! \n\nHa \u00f3v\u00f3d\u00e1b\u00f3l vagy iskol\u00e1b\u00f3l ballag\u00e1sra keresel b\u00facs\u00faaj\u00e1nd\u00e9kot, esetleg sz\u00fclinapra, n\u00e9vnapra aj\u00e1nd\u00e9kozn\u00e1l valamit vagy egy csod\u00e1s nyaral\u00e1son vett\u00e9l r\u00e9szt, ebbe az albumba tetsz\u00e9s szerint \u00edrhatsz fel eml\u00e9keket, id\u00e9zeteket, kedves \u00fczeneteket az aj\u00e1nd\u00e9kozott sz\u00e1m\u00e1ra vagy bele tudod beragasztani a f\u00e9nyk\u00e9peidet, mell\u00e9 pedig \u00edrhatsz is, \u00edgy szuper fot\u00f3album is k\u00e9sz\u00fclhet bel\u0151le.\n\nA bor\u00edt\u00f3n az \u00f6sszes sz\u00f6veg tetsz\u00e9s szerint k\u00e9sz\u00fcl.\nA h\u00e1tulj\u00e1ra is ker\u00fclhet id\u00e9zet, sz\u00f6veg, monogram, plusz fot\u00f3 stb.\nEzt rendel\u00e9s ut\u00e1n e-mailben tudjuk majd egyeztetni, az elk\u00e9sz\u00edt\u00e9s el\u0151tt pedig l\u00e1tv\u00e1nytervet k\u00fcld\u00f6k a bor\u00edt\u00f3kr\u00f3l!\n\nA k\u00f6nyv 18 x 24 cm m\u00e9ret\u0171, kem\u00e9nyfedeles, matt bor\u00edt\u00f3val k\u00e9sz\u00fcl, k\u00e9t db feh\u00e9r spir\u00e1llal \u00f6sszef\u0171zve, amit\u0151l igaz\u00e1n egyedi megjelen\u00e9st kap.\n\nK\u00e9t f\u00e9le bels\u0151 lapokkal k\u00e9sz\u00fclhet, funkci\u00f3j\u00e1t\u00f3l f\u00fcgg\u0151en:\n\n- Eml\u00e9kk\u00f6nyv: 40 db (80 oldal) 120 g-os h\u00f3feh\u00e9r, selymes tapint\u00e1s\u00fa pap\u00edrlappal, \u00edgy j\u00f3k\u00edv\u00e1ns\u00e1gok, \u00fcdv\u00f6zletek, id\u00e9zetek ker\u00fclhetnek bele. Ak\u00e1r tollal, filccel is \u00edrhat\u00f3, nem fog \u00e1t\u00fctni rajta az \u00edr\u00e1s.\n\n- Fot\u00f3album: 30 db (60 oldal) 230 g-os vastagabb feh\u00e9r kartonlappal, \u00edgy m\u00e1r f\u00e9nyk\u00e9peket is lehet beleragasztani k\u00e9toldal\u00fa ragaszt\u00f3val, fot\u00f3sarokkal, foly\u00e9kony ragaszt\u00f3val, vagy egyszer\u0171 ragaszt\u00f3szalaggal is.\nEgy oldalra ak\u00e1r 4 db Instax f\u00e9nyk\u00e9p (8,6 x 5,4 cm), 2 db \u00e1ll\u00f3 k\u00e9p vagy 1 db fekv\u0151 k\u00e9p f\u00e9r el (9x13 cm vagy 10 x 15 cm).\nMellette marad m\u00e9g hely feliratokat is elhelyezni!\nMaximum 40 db lappal tudom k\u00e9sz\u00edteni az albumot.\n\nHa m\u00f3dos\u00edtan\u00e1l a bet\u0171t\u00edpuson vagy a grafik\u00e1n, nyugodtan \u00edrd meg elk\u00e9pzel\u00e9sed egy \u00fczenetben vagy v\u00e1s\u00e1rl\u00e1s ut\u00e1n e-mailben!","price":"8490.00","unit":"db","recommended":"0","status":"1","sponsored":"0","exp_notify":"0","own_material":"0","own_material_description_old":null,"own_material_description":"","jury":"0","jury_number":"","product_nature":"","meskaracsony":"0","create_date":"2026-02-07 16:02:46","shelve_id":"71915","image":"pillangopapir_product_491560_250121145148_44568.jpeg","image_width":"480","image_height":"631","image_alt":"Lila vir\u00e1gmint\u00e1s fot\u00f3album, eml\u00e9kk\u00f6nyv, Legyen igaz\u00e1n egyedi bor\u00edt\u00f3s eml\u00e9kk\u00f6nyved! \\n\\nHa \u00f3v\u00f3d\u00e1b\u00f3l vagy iskol\u00e1b\u00f3l ballag\u00e1sra keresel b\u00facs\u00faaj\u00e1n..., Meska","image_title":"Lila vir\u00e1gmint\u00e1s fot\u00f3album, eml\u00e9kk\u00f6nyv, Meska","view_count":"261","favourite_count":"0","trending_score":"0","last2MonthFavouriteCount":"0","promotion":"0","giftcard_accept":"0","creditcard_accept":true,"enhanced_background":"0","domain":"meska","specific_customer_id":null,"specific_customer_name":null,"to_order_product":"1","to_order_product_time":"2","product_different":null,"product_different_description":"","vintage":"0","vintage_category_id":"0","recycled":"0","gemstone_id":"0","customizable":"0","type_category":"physical","zerowaste":"0","postage_price":"1300.00","shop_order":"87","has_category":"1","landing_pages":null,"microdata":{"number":90,"category":""},"title":"Lila vir\u00e1gmint\u00e1s fot\u00f3album, eml\u00e9kk\u00f6nyv","description":"Legyen igaz\u00e1n egyedi bor\u00edt\u00f3s eml\u00e9kk\u00f6nyved! \n\nHa \u00f3v\u00f3d\u00e1b\u00f3l vagy iskol\u00e1b\u00f3l ballag\u00e1sra keresel b\u00facs\u00faaj\u00e1nd\u00e9kot, esetleg sz\u00fclinapra, n\u00e9vnapra aj\u00e1nd\u00e9kozn\u00e1l valamit vagy egy csod\u00e1s nyaral\u00e1son vett\u00e9l r\u00e9szt, ebbe az albumba tetsz\u00e9s szerint \u00edrhatsz fel eml\u00e9keket, id\u00e9zeteket, kedves \u00fczeneteket az aj\u00e1nd\u00e9kozott sz\u00e1m\u00e1ra vagy bele tudod beragasztani a f\u00e9nyk\u00e9peidet, mell\u00e9 pedig \u00edrhatsz is, \u00edgy szuper fot\u00f3album is k\u00e9sz\u00fclhet bel\u0151le.\n\nA bor\u00edt\u00f3n az \u00f6sszes sz\u00f6veg tetsz\u00e9s szerint k\u00e9sz\u00fcl.\nA h\u00e1tulj\u00e1ra is ker\u00fclhet id\u00e9zet, sz\u00f6veg, monogram, plusz fot\u00f3 stb.\nEzt rendel\u00e9s ut\u00e1n e-mailben tudjuk majd egyeztetni, az elk\u00e9sz\u00edt\u00e9s el\u0151tt pedig l\u00e1tv\u00e1nytervet k\u00fcld\u00f6k a bor\u00edt\u00f3kr\u00f3l!\n\nA k\u00f6nyv 18 x 24 cm m\u00e9ret\u0171, kem\u00e9nyfedeles, matt bor\u00edt\u00f3val k\u00e9sz\u00fcl, k\u00e9t db feh\u00e9r spir\u00e1llal \u00f6sszef\u0171zve, amit\u0151l igaz\u00e1n egyedi megjelen\u00e9st kap.\n\nK\u00e9t f\u00e9le bels\u0151 lapokkal k\u00e9sz\u00fclhet, funkci\u00f3j\u00e1t\u00f3l f\u00fcgg\u0151en:\n\n- Eml\u00e9kk\u00f6nyv: 40 db (80 oldal) 120 g-os h\u00f3feh\u00e9r, selymes tapint\u00e1s\u00fa pap\u00edrlappal, \u00edgy j\u00f3k\u00edv\u00e1ns\u00e1gok, \u00fcdv\u00f6zletek, id\u00e9zetek ker\u00fclhetnek bele. Ak\u00e1r tollal, filccel is \u00edrhat\u00f3, nem fog \u00e1t\u00fctni rajta az \u00edr\u00e1s.\n\n- Fot\u00f3album: 30 db (60 oldal) 230 g-os vastagabb feh\u00e9r kartonlappal, \u00edgy m\u00e1r f\u00e9nyk\u00e9peket is lehet beleragasztani k\u00e9toldal\u00fa ragaszt\u00f3val, fot\u00f3sarokkal, foly\u00e9kony ragaszt\u00f3val, vagy egyszer\u0171 ragaszt\u00f3szalaggal is.\nEgy oldalra ak\u00e1r 4 db Instax f\u00e9nyk\u00e9p (8,6 x 5,4 cm), 2 db \u00e1ll\u00f3 k\u00e9p vagy 1 db fekv\u0151 k\u00e9p f\u00e9r el (9x13 cm vagy 10 x 15 cm).\nMellette marad m\u00e9g hely feliratokat is elhelyezni!\nMaximum 40 db lappal tudom k\u00e9sz\u00edteni az albumot.\n\nHa m\u00f3dos\u00edtan\u00e1l a bet\u0171t\u00edpuson vagy a grafik\u00e1n, nyugodtan \u00edrd meg elk\u00e9pzel\u00e9sed egy \u00fczenetben vagy v\u00e1s\u00e1rl\u00e1s ut\u00e1n e-mailben!","score":0,"formatted_price":"8 490 Ft","image_url":"https:\/\/www.meska.hu\/img\/product\/small\/p\/i\/pillangopapir_product_491560_250121145148_44568.jpeg","formatted_url":"https:\/\/www.meska.hu\/p5483968-lila-viragmintas-fotoalbum-emlekkonyv","favourite":false,"in_stock":false,"avatar":"PillangoPapir_avatar_491560_1677664091.jpg","delete_from":0,"is_enhanced_background":false,"is_enhanced":false,"product_selection_started":false,"is_active":true,"image_webp_url":"https:\/\/www.meska.hu\/img\/product\/small\/p\/i\/pillangopapir_product_491560_250121145148_44568.webp"},{"id":"6105572","shop_id":"24664","user_id":"281869","shop_name":"Melilaura","shop_zip":"8291","product_code":"5726139","product_name_old":null,"product_name":"Egyedi Bor\u00edt\u00e1s\u00fa fot\u00f3album","category_string":"Otthon & \u00c9letm\u00f3d, Pap\u00edr, \u00edr\u00f3szer, Album & Fot\u00f3album","technic_string":"Fot\u00f3, grafika, rajz, illusztr\u00e1ci\u00f3, Varr\u00e1s","category_1":"813","category_2":"351","category_3":"353","category_4":"0","merged_category_1":null,"merged_category_2":null,"merged_category_3":null,"technic_1":"483","technic_2":"506","technic_3":"0","color_1":"516","color_2":"532","color_3":"525","product_description_old":null,"product_description":"Pamutv\u00e1szonb\u00f3l k\u00e9sz\u00edtek egyedi fot\u00f3album bor\u00edt\u00f3kat.\nA bor\u00edt\u00f3 3 r\u00e9teg\u0171,kellemes tapint\u00e1s\u00fa,patental z\u00e1r\u00f3dik.\nAz albumba 200db fot\u00f3 f\u00e9r,10\u00d715cm-es.\nAj\u00e1nlom,babal\u00e1togat\u00f3ba,keresztel\u0151re,sz\u00fclinapra,vagy csak \u00fagy,mint egyedi aj\u00e1nd\u00e9k melyet meglehet t\u00f6lteni eml\u00e9kekkel.\nEgyedi k\u00e9r\u00e9ssel,k\u00e9rd\u00e9ssel keress nyugodtan \u00fczenetben.\nK\u00f6sz\u00f6n\u00f6m.","price":"9900.00","unit":"db","recommended":"0","status":"1","sponsored":"0","exp_notify":"0","own_material":"0","own_material_description_old":null,"own_material_description":"","jury":"0","jury_number":"","product_nature":"","meskaracsony":"0","create_date":"2026-02-06 13:17:32","shelve_id":"0","image":"melilaura_product_281869_260206131207_75885.jpeg","image_width":"480","image_height":"480","image_alt":"Egyedi Bor\u00edt\u00e1s\u00fa fot\u00f3album, Pamutv\u00e1szonb\u00f3l k\u00e9sz\u00edtek egyedi fot\u00f3album bor\u00edt\u00f3kat.\\nA bor\u00edt\u00f3 3 r\u00e9teg\u0171,kellemes tapint\u00e1s\u00fa,patental z\u00e1..., Meska","image_title":"Egyedi Bor\u00edt\u00e1s\u00fa fot\u00f3album, Meska","view_count":"67","favourite_count":"0","trending_score":"0","last2MonthFavouriteCount":"0","promotion":"0","giftcard_accept":"1","creditcard_accept":true,"enhanced_background":"0","domain":"meska","specific_customer_id":null,"specific_customer_name":null,"to_order_product":"0","to_order_product_time":"0","product_different":null,"product_different_description":"","vintage":"0","vintage_category_id":"0","recycled":"0","gemstone_id":"0","customizable":"0","type_category":"physical","zerowaste":"0","postage_price":"2390.00","shop_order":"0","has_category":"1","landing_pages":null,"microdata":{"number":91,"category":""},"title":"Egyedi Bor\u00edt\u00e1s\u00fa fot\u00f3album","description":"Pamutv\u00e1szonb\u00f3l k\u00e9sz\u00edtek egyedi fot\u00f3album bor\u00edt\u00f3kat.\nA bor\u00edt\u00f3 3 r\u00e9teg\u0171,kellemes tapint\u00e1s\u00fa,patental z\u00e1r\u00f3dik.\nAz albumba 200db fot\u00f3 f\u00e9r,10\u00d715cm-es.\nAj\u00e1nlom,babal\u00e1togat\u00f3ba,keresztel\u0151re,sz\u00fclinapra,vagy csak \u00fagy,mint egyedi aj\u00e1nd\u00e9k melyet meglehet t\u00f6lteni eml\u00e9kekkel.\nEgyedi k\u00e9r\u00e9ssel,k\u00e9rd\u00e9ssel keress nyugodtan \u00fczenetben.\nK\u00f6sz\u00f6n\u00f6m.","score":0,"formatted_price":"9 900 Ft","image_url":"https:\/\/www.meska.hu\/img\/product\/small\/m\/e\/melilaura_product_281869_260206131207_75885.jpeg","formatted_url":"https:\/\/www.meska.hu\/p5726139-egyedi-boritasu-fotoalbum","favourite":false,"in_stock":true,"avatar":"Melilaura_avatar_281869_1627719061.jpg","delete_from":0,"is_enhanced_background":false,"is_enhanced":false,"product_selection_started":false,"is_active":true,"image_webp_url":"https:\/\/www.meska.hu\/img\/product\/small\/m\/e\/melilaura_product_281869_260206131207_75885.webp"},{"id":"3505163","shop_id":"24144","user_id":"274209","shop_name":"OtletLada","shop_zip":"7522","product_code":"3177200","product_name_old":null,"product_name":"Szerelmes vagy Csal\u00e1di Fot\u00f3album F\u00e9nyk\u00e9p album \/ Esk\u00fcv\u0151re is kit\u0171n\u0151 n\u00e1szaj\u00e1nd\u00e9k - 40 lap \/ 80 oldal - 21x19cm","category_string":"Otthon & \u00c9letm\u00f3d, Pap\u00edr, \u00edr\u00f3szer, Album & Fot\u00f3album","technic_string":"Fot\u00f3, grafika, rajz, illusztr\u00e1ci\u00f3, K\u00f6nyvk\u00f6t\u00e9s","category_1":"813","category_2":"351","category_3":"353","category_4":"0","merged_category_1":"0","merged_category_2":"0","merged_category_3":"0","technic_1":"483","technic_2":"671","technic_3":"0","color_1":"514","color_2":"520","color_3":"0","product_description_old":null,"product_description":"K\u00c9RHETED SAJ\u00c1T SZ\u00d6VEGGEL IS! Nat\u00far sz\u00edn\u0171 beragaszt\u00f3s fot\u00f3album.\nTedd egyediv\u00e9 az albumot egy-egy szem\u00e9lyes megjegyz\u00e9ssel, al\u00e1\u00edr\u00e1ssal, vicces eml\u00e9kekkel vagy aranyk\u00f6p\u00e9ssel a k\u00e9p al\u00e1 \u00edrva. ;) Teljesen m\u00e1s \u00e9lm\u00e9ny lesz egy ilyen albumot v\u00e9gig lapozni p\u00e1r \u00e9v m\u00falva, mintha csak fot\u00f3k lenn\u00e9nek egym\u00e1s ut\u00e1n sorba rakva.\n\nTIPP: a f\u00e9nyk\u00e9peket k\u00e9toldal\u00fa ragaszt\u00f3val a legegyszer\u0171bb beragasztani, amit szinte b\u00e1rmelyik szupermarket polcain megtal\u00e1lsz (a fest\u0151s r\u00e9szlegn\u00e9l)\nTerm\u00e9szetesen fot\u00f3sarokkal vagy dekor ragaszt\u00f3szalaggal is r\u00f6gz\u00edtheted\n\nPARAM\u00c9TEREK:\n\u25b6\ufe0f Bel\u00edvek 120g-os \u00fcres OFFSET feh\u00e9r lapok* - 40 \u00edv\n\u25b6\ufe0f Fekete vagy feh\u00e9r f\u00e9m spir\u00e1llal\n\u25b6\ufe0f M\u00e9rete: 210x190mm\n\n\u26a0\ufe0f BOR\u00cdT\u00d3JA l\u00e9zer nyomat, h\u00e1tlapja nat\u00far sz\u00edn\u0171 - alapanyaga V\u00c1LASZTHAT\u00d3:\n\u2705 ALAP\u00c1RON: KEM\u00c9NY, de v\u00e9kony (kb 0,5mm) m\u0171anyag bor\u00edt\u00f3\n\u2705+1500 Ft-\u00e9rt v\u00e1laszthat\u00f3 2mm extra vastag, KEM\u00c9NY kartont\u00e1bl\u00e1ra k\u00e9sz\u00fclt bor\u00edt\u00f3val is.\n\nK\u00e9toldal\u00fa ragaszt\u00f3val k\u00e9peket is ragaszthattok bele, vagy ceruz\u00e1val, tollal is \u00edrhattok bele.\n\nN\u00e9zd meg a t\u00f6bbi term\u00e9kemet is:\nhttps:\/\/www.meska.hu\/shop\/OromKonnyek\n\n>>> Sz\u00e1ll\u00edt\u00e1si \u00e9s \u00c1TV\u00c9TELI inform\u00e1ci\u00f3kat a \"Sz\u00e1ll\u00edt\u00e1si Info\" f\u00fclre kattintva tal\u00e1lod\n\n>>> Fizet\u00e9si m\u00f3d - KIZ\u00c1R\u00d3LAG EL\u0150RE FIZET\u00c9SSEL: Bankk\u00e1rty\u00e1val \/ Barionnal \/\u00c1tutal\u00e1ssal vagy Banki befizet\u00e9ssel\n\n\u26a0\ufe0fFONTOS\u26a0\ufe0f Ha v\u00e1ltoztatni szeretn\u00e9l a bor\u00edt\u00f3 sz\u00f6veg\u00e9n, akkor tedd kos\u00e1rba a term\u00e9ket \u00e9s a \"Kos\u00e1r\" oldalon az \"\u00dczenet az elad\u00f3nak\" r\u00e9szbe \u00edrd be, hogy milyen sz\u00f6veget \/ nevet k\u00e9rsz a bor\u00edt\u00f3ra.","price":"7900.00","unit":"db","recommended":"0","status":"1","sponsored":"0","exp_notify":"0","own_material":"0","own_material_description_old":null,"own_material_description":"","jury":"0","jury_number":"","product_nature":"","meskaracsony":"0","create_date":"2026-02-06 09:08:37","shelve_id":"73268","image":"oromkonnyek_product_274209_180720171702_921423.jpeg","image_width":"480","image_height":"455","image_alt":"Szerelmes vagy Csal\u00e1di Fot\u00f3album F\u00e9nyk\u00e9p album \/ Esk\u00fcv\u0151re is kit\u0171n\u0151 n\u00e1szaj\u00e1nd\u00e9k - 40 lap \/ 80 oldal - 21x19cm, K\u00c9RHETED SAJ\u00c1T SZ\u00d6VEGGEL IS! Nat\u00far sz\u00edn\u0171 beragaszt\u00f3s fot\u00f3album.\\nTedd egyediv\u00e9 az albumot egy-egy sze..., Meska","image_title":"Szerelmes vagy Csal\u00e1di Fot\u00f3album F\u00e9nyk\u00e9p album \/ Esk\u00fcv\u0151re is kit\u0171n\u0151 n\u00e1szaj\u00e1nd\u00e9k - 40 lap \/ 80 oldal - 21x19cm, Meska","view_count":"57859","favourite_count":"0","trending_score":"0","last2MonthFavouriteCount":"0","promotion":"0","giftcard_accept":"0","creditcard_accept":false,"enhanced_background":"0","domain":"meska","specific_customer_id":null,"specific_customer_name":null,"to_order_product":"1","to_order_product_time":"5","product_different":"quite_different","product_different_description":"A sz\u00f6veget megv\u00e1ltoztathatod. A sz\u00ednek a monitoron \u00e9s nyomtat\u00e1sban elt\u00e9rhetnek.","vintage":"0","vintage_category_id":"0","recycled":"0","gemstone_id":"0","customizable":"1","type_category":"physical","zerowaste":"0","postage_price":"1290.00","shop_order":"44","has_category":"1","landing_pages":"Aj\u00e1nd\u00e9kok f\u00e9rfiaknak, Aj\u00e1nd\u00e9kok f\u00e9rfiaknak, Aj\u00e1nd\u00e9kok f\u00e9rfiaknak, Any\u00e1k napi aj\u00e1nd\u00e9kok, Kar\u00e1csonyi aj\u00e1nd\u00e9kok, Kar\u00e1csonyi aj\u00e1nd\u00e9kok, Valentin-napi aj\u00e1nd\u00e9kok, Valentin-napi aj\u00e1nd\u00e9kok, Valentin-napi aj\u00e1nd\u00e9kok, Valentin-napi aj\u00e1nd\u00e9kok, Valentin-napi aj\u00e1nd\u00e9kok","microdata":{"number":92,"category":""},"title":"Szerelmes vagy Csal\u00e1di Fot\u00f3album F\u00e9nyk\u00e9p album \/ Esk\u00fcv\u0151re is kit\u0171n\u0151 n\u00e1szaj\u00e1nd\u00e9k - 40 lap \/ 80 oldal - 21x19cm","description":"K\u00c9RHETED SAJ\u00c1T SZ\u00d6VEGGEL IS! Nat\u00far sz\u00edn\u0171 beragaszt\u00f3s fot\u00f3album.\nTedd egyediv\u00e9 az albumot egy-egy szem\u00e9lyes megjegyz\u00e9ssel, al\u00e1\u00edr\u00e1ssal, vicces eml\u00e9kekkel vagy aranyk\u00f6p\u00e9ssel a k\u00e9p al\u00e1 \u00edrva. ;) Teljesen m\u00e1s \u00e9lm\u00e9ny lesz egy ilyen albumot v\u00e9gig lapozni p\u00e1r \u00e9v m\u00falva, mintha csak fot\u00f3k lenn\u00e9nek egym\u00e1s ut\u00e1n sorba rakva.\n\nTIPP: a f\u00e9nyk\u00e9peket k\u00e9toldal\u00fa ragaszt\u00f3val a legegyszer\u0171bb beragasztani, amit szinte b\u00e1rmelyik szupermarket polcain megtal\u00e1lsz (a fest\u0151s r\u00e9szlegn\u00e9l)\nTerm\u00e9szetesen fot\u00f3sarokkal vagy dekor ragaszt\u00f3szalaggal is r\u00f6gz\u00edtheted\n\nPARAM\u00c9TEREK:\n\u25b6\ufe0f Bel\u00edvek 120g-os \u00fcres OFFSET feh\u00e9r lapok* - 40 \u00edv\n\u25b6\ufe0f Fekete vagy feh\u00e9r f\u00e9m spir\u00e1llal\n\u25b6\ufe0f M\u00e9rete: 210x190mm\n\n\u26a0\ufe0f BOR\u00cdT\u00d3JA l\u00e9zer nyomat, h\u00e1tlapja nat\u00far sz\u00edn\u0171 - alapanyaga V\u00c1LASZTHAT\u00d3:\n\u2705 ALAP\u00c1RON: KEM\u00c9NY, de v\u00e9kony (kb 0,5mm) m\u0171anyag bor\u00edt\u00f3\n\u2705+1500 Ft-\u00e9rt v\u00e1laszthat\u00f3 2mm extra vastag, KEM\u00c9NY kartont\u00e1bl\u00e1ra k\u00e9sz\u00fclt bor\u00edt\u00f3val is.\n\nK\u00e9toldal\u00fa ragaszt\u00f3val k\u00e9peket is ragaszthattok bele, vagy ceruz\u00e1val, tollal is \u00edrhattok bele.\n\nN\u00e9zd meg a t\u00f6bbi term\u00e9kemet is:\nhttps:\/\/www.meska.hu\/shop\/OromKonnyek\n\n>>> Sz\u00e1ll\u00edt\u00e1si \u00e9s \u00c1TV\u00c9TELI inform\u00e1ci\u00f3kat a \"Sz\u00e1ll\u00edt\u00e1si Info\" f\u00fclre kattintva tal\u00e1lod\n\n>>> Fizet\u00e9si m\u00f3d - KIZ\u00c1R\u00d3LAG EL\u0150RE FIZET\u00c9SSEL: Bankk\u00e1rty\u00e1val \/ Barionnal \/\u00c1tutal\u00e1ssal vagy Banki befizet\u00e9ssel\n\n\u26a0\ufe0fFONTOS\u26a0\ufe0f Ha v\u00e1ltoztatni szeretn\u00e9l a bor\u00edt\u00f3 sz\u00f6veg\u00e9n, akkor tedd kos\u00e1rba a term\u00e9ket \u00e9s a \"Kos\u00e1r\" oldalon az \"\u00dczenet az elad\u00f3nak\" r\u00e9szbe \u00edrd be, hogy milyen sz\u00f6veget \/ nevet k\u00e9rsz a bor\u00edt\u00f3ra.","score":0,"formatted_price":"7 900 Ft","image_url":"https:\/\/www.meska.hu\/img\/product\/small\/o\/r\/oromkonnyek_product_274209_180720171702_921423.jpeg","formatted_url":"https:\/\/www.meska.hu\/p3177200-szerelmes-vagy-csaladi-fotoalbum-fenykep-album-eskuvore-is-kituno-naszajandek-40-lap-80-oldal-21x19cm","favourite":false,"in_stock":false,"avatar":"274209_avatar_1697355906.jpeg","delete_from":0,"is_enhanced_background":false,"is_enhanced":false,"product_selection_started":false,"is_active":true,"image_webp_url":"https:\/\/www.meska.hu\/img\/product\/small\/o\/r\/oromkonnyek_product_274209_180720171702_921423.webp"},{"id":"3473059","shop_id":"24144","user_id":"274209","shop_name":"OtletLada","shop_zip":"7522","product_code":"3947487","product_name_old":null,"product_name":"Aj\u00e1nd\u00e9k a p\u00e1rodnak - Szerelm\u00fcnk lapjai Pr\u00e9mium egyedi album - eml\u00e9kk\u00f6nyv - f\u00fczet - 21x19cm \/ B design Valentin nap","category_string":"Otthon & \u00c9letm\u00f3d, Pap\u00edr, \u00edr\u00f3szer, Album & Fot\u00f3album","technic_string":"Fot\u00f3, grafika, rajz, illusztr\u00e1ci\u00f3, K\u00f6nyvk\u00f6t\u00e9s","category_1":"813","category_2":"351","category_3":"353","category_4":"0","merged_category_1":"0","merged_category_2":"0","merged_category_3":"0","technic_1":"483","technic_2":"671","technic_3":"0","color_1":"519","color_2":"520","color_3":"523","product_description_old":null,"product_description":"K\u00c9RHETED n\u00e9vvel is! Szerelmes meglepet\u00e9s aj\u00e1nd\u00e9k \u00f6tlet a p\u00e1rodnak. V\u00e1lassz id\u00e9n k\u00fcl\u00f6nlegeset!\n\nBeragaszt\u00f3s \u00fcres lapos fot\u00f3album \/ eml\u00e9kk\u00f6nyv. Tedd egyediv\u00e9 az albumot egy-egy szem\u00e9lyes megjegyz\u00e9ssel, al\u00e1\u00edr\u00e1ssal, vicces eml\u00e9kekkel vagy aranyk\u00f6p\u00e9ssel a k\u00e9p al\u00e1 \u00edrva.\n;) Teljesen m\u00e1s \u00e9lm\u00e9ny lesz egy ilyen albumot v\u00e9gig lapozni p\u00e1r \u00e9v m\u00falva, mintha csak fot\u00f3k lenn\u00e9nek egym\u00e1s ut\u00e1n sorba rakva.\n\nTIPP: a f\u00e9nyk\u00e9peket k\u00e9toldal\u00fa ragaszt\u00f3val a legegyszer\u0171bb beragasztani, amit szinte b\u00e1rmelyik szupermarket polcain megtal\u00e1lsz (a fest\u0151s r\u00e9szlegn\u00e9l)\nTerm\u00e9szetesen fot\u00f3sarokkal vagy dekor ragaszt\u00f3szalaggal is r\u00f6gz\u00edtheted\n\nPARAM\u00c9TEREK:\n\u25b6\ufe0f Bel\u00edvek 120g-os \u00fcres OFFSET feh\u00e9r lapok* - 40 \u00edv\n\u25b6\ufe0f Fekete vagy feh\u00e9r f\u00e9m spir\u00e1llal\n\u25b6\ufe0f M\u00e9rete: 210x190mm\n\n\u26a0\ufe0f BOR\u00cdT\u00d3JA l\u00e9zer nyomat, h\u00e1tlapja FEH\u00c9R sz\u00edn\u0171 - alapanyaga V\u00c1LASZTHAT\u00d3:\n\u2705 ALAP\u00c1RON: KEM\u00c9NY, de v\u00e9kony (kb 0,5mm) m\u0171anyag bor\u00edt\u00f3\n\u2705+1500 Ft-\u00e9rt v\u00e1laszthat\u00f3 2mm extra vastag, KEM\u00c9NY kartont\u00e1bl\u00e1ra k\u00e9sz\u00fclt bor\u00edt\u00f3val is.\n\nK\u00e9toldal\u00fa ragaszt\u00f3val k\u00e9peket is ragaszthattok bele, vagy ceruz\u00e1val, tollal is \u00edrhattok bele.\n\nN\u00e9zd meg a t\u00f6bbi term\u00e9kemet is:\nhttps:\/\/www.meska.hu\/shop\/OromKonnyek\n\n>>> Sz\u00e1ll\u00edt\u00e1si \u00e9s \u00c1TV\u00c9TELI inform\u00e1ci\u00f3kat a \"Sz\u00e1ll\u00edt\u00e1si Info\" f\u00fclre kattintva tal\u00e1lod\n\n>>> Fizet\u00e9si m\u00f3d - KIZ\u00c1R\u00d3LAG EL\u0150RE FIZET\u00c9SSEL: Bankk\u00e1rty\u00e1val \/ Barionnal \/\u00c1tutal\u00e1ssal vagy Banki befizet\u00e9ssel\n\n\u26a0\ufe0fFONTOS\u26a0\ufe0f Rendel\u00e9shez tedd kos\u00e1rba a term\u00e9ket \u00e9s a \"Kos\u00e1r\" oldalon az \"\u00dczenet az elad\u00f3nak\" r\u00e9szbe \u00edrd be, hogy milyen sz\u00f6veget \/ nevet k\u00e9rsz a bor\u00edt\u00f3ra.","price":"7900.00","unit":"db","recommended":"0","status":"1","sponsored":"0","exp_notify":"0","own_material":"0","own_material_description_old":null,"own_material_description":"","jury":"0","jury_number":"","product_nature":"","meskaracsony":"0","create_date":"2026-02-06 06:23:49","shelve_id":"73268","image":"oromkonnyek_product_274209_201129153019_81424.jpeg","image_width":"480","image_height":"443","image_alt":"Aj\u00e1nd\u00e9k a p\u00e1rodnak - Szerelm\u00fcnk lapjai Pr\u00e9mium egyedi album - eml\u00e9kk\u00f6nyv - f\u00fczet - 21x19cm \/ B design Valentin nap, K\u00c9RHETED n\u00e9vvel is! Szerelmes meglepet\u00e9s aj\u00e1nd\u00e9k \u00f6tlet a p\u00e1rodnak. V\u00e1lassz id\u00e9n k\u00fcl\u00f6nlegeset!\\n\\nBerag..., Meska","image_title":"Aj\u00e1nd\u00e9k a p\u00e1rodnak - Szerelm\u00fcnk lapjai Pr\u00e9mium egyedi album - eml\u00e9kk\u00f6nyv - f\u00fczet - 21x19cm \/ B design Valentin nap, Meska","view_count":"13543","favourite_count":"0","trending_score":"0","last2MonthFavouriteCount":"0","promotion":"0","giftcard_accept":"0","creditcard_accept":false,"enhanced_background":"0","domain":"meska","specific_customer_id":null,"specific_customer_name":null,"to_order_product":"1","to_order_product_time":"5","product_different":"quite_different","product_different_description":"A sz\u00ednek nyomtat\u00e1sban elt\u00e9rhetnek a monitoron l\u00e1tottakt\u00f3l. A felirat k\u00e9r\u00e9sednek megfelel\u0151en v\u00e1ltozhat ","vintage":"0","vintage_category_id":"0","recycled":"0","gemstone_id":"0","customizable":"1","type_category":"physical","zerowaste":"0","postage_price":"1290.00","shop_order":"76","has_category":"1","landing_pages":"Valentin-napi aj\u00e1nd\u00e9kok","microdata":{"number":93,"category":""},"title":"Aj\u00e1nd\u00e9k a p\u00e1rodnak - Szerelm\u00fcnk lapjai Pr\u00e9mium egyedi album - eml\u00e9kk\u00f6nyv - f\u00fczet - 21x19cm \/ B design Valentin nap","description":"K\u00c9RHETED n\u00e9vvel is! Szerelmes meglepet\u00e9s aj\u00e1nd\u00e9k \u00f6tlet a p\u00e1rodnak. V\u00e1lassz id\u00e9n k\u00fcl\u00f6nlegeset!\n\nBeragaszt\u00f3s \u00fcres lapos fot\u00f3album \/ eml\u00e9kk\u00f6nyv. Tedd egyediv\u00e9 az albumot egy-egy szem\u00e9lyes megjegyz\u00e9ssel, al\u00e1\u00edr\u00e1ssal, vicces eml\u00e9kekkel vagy aranyk\u00f6p\u00e9ssel a k\u00e9p al\u00e1 \u00edrva.\n;) Teljesen m\u00e1s \u00e9lm\u00e9ny lesz egy ilyen albumot v\u00e9gig lapozni p\u00e1r \u00e9v m\u00falva, mintha csak fot\u00f3k lenn\u00e9nek egym\u00e1s ut\u00e1n sorba rakva.\n\nTIPP: a f\u00e9nyk\u00e9peket k\u00e9toldal\u00fa ragaszt\u00f3val a legegyszer\u0171bb beragasztani, amit szinte b\u00e1rmelyik szupermarket polcain megtal\u00e1lsz (a fest\u0151s r\u00e9szlegn\u00e9l)\nTerm\u00e9szetesen fot\u00f3sarokkal vagy dekor ragaszt\u00f3szalaggal is r\u00f6gz\u00edtheted\n\nPARAM\u00c9TEREK:\n\u25b6\ufe0f Bel\u00edvek 120g-os \u00fcres OFFSET feh\u00e9r lapok* - 40 \u00edv\n\u25b6\ufe0f Fekete vagy feh\u00e9r f\u00e9m spir\u00e1llal\n\u25b6\ufe0f M\u00e9rete: 210x190mm\n\n\u26a0\ufe0f BOR\u00cdT\u00d3JA l\u00e9zer nyomat, h\u00e1tlapja FEH\u00c9R sz\u00edn\u0171 - alapanyaga V\u00c1LASZTHAT\u00d3:\n\u2705 ALAP\u00c1RON: KEM\u00c9NY, de v\u00e9kony (kb 0,5mm) m\u0171anyag bor\u00edt\u00f3\n\u2705+1500 Ft-\u00e9rt v\u00e1laszthat\u00f3 2mm extra vastag, KEM\u00c9NY kartont\u00e1bl\u00e1ra k\u00e9sz\u00fclt bor\u00edt\u00f3val is.\n\nK\u00e9toldal\u00fa ragaszt\u00f3val k\u00e9peket is ragaszthattok bele, vagy ceruz\u00e1val, tollal is \u00edrhattok bele.\n\nN\u00e9zd meg a t\u00f6bbi term\u00e9kemet is:\nhttps:\/\/www.meska.hu\/shop\/OromKonnyek\n\n>>> Sz\u00e1ll\u00edt\u00e1si \u00e9s \u00c1TV\u00c9TELI inform\u00e1ci\u00f3kat a \"Sz\u00e1ll\u00edt\u00e1si Info\" f\u00fclre kattintva tal\u00e1lod\n\n>>> Fizet\u00e9si m\u00f3d - KIZ\u00c1R\u00d3LAG EL\u0150RE FIZET\u00c9SSEL: Bankk\u00e1rty\u00e1val \/ Barionnal \/\u00c1tutal\u00e1ssal vagy Banki befizet\u00e9ssel\n\n\u26a0\ufe0fFONTOS\u26a0\ufe0f Rendel\u00e9shez tedd kos\u00e1rba a term\u00e9ket \u00e9s a \"Kos\u00e1r\" oldalon az \"\u00dczenet az elad\u00f3nak\" r\u00e9szbe \u00edrd be, hogy milyen sz\u00f6veget \/ nevet k\u00e9rsz a bor\u00edt\u00f3ra.","score":0,"formatted_price":"7 900 Ft","image_url":"https:\/\/www.meska.hu\/img\/product\/small\/o\/r\/oromkonnyek_product_274209_201129153019_81424.jpeg","formatted_url":"https:\/\/www.meska.hu\/p3947487-ajandek-a-parodnak-szerelmunk-lapjai-premium-egyedi-album-emlekkonyv-fuzet-21x19cm-b-design-valentin-nap","favourite":false,"in_stock":false,"avatar":"274209_avatar_1697355906.jpeg","delete_from":0,"is_enhanced_background":false,"is_enhanced":false,"product_selection_started":false,"is_active":true,"image_webp_url":"https:\/\/www.meska.hu\/img\/product\/small\/o\/r\/oromkonnyek_product_274209_201129153019_81424.webp"},{"id":"4856074","shop_id":"24144","user_id":"274209","shop_name":"OtletLada","shop_zip":"7522","product_code":"4992802","product_name_old":null,"product_name":"\u00c9n vagyok az ap\u00e1d \/ \u00c9n vagyok az ap\u00e1tok - vicces aj\u00e1nd\u00e9k eml\u00e9kk\u00f6nyv ap\u00e1k napj\u00e1ra - album \/ aj\u00e1nd\u00e9k \u00f6tlet - 21x19cm","category_string":"Otthon & \u00c9letm\u00f3d, Pap\u00edr, \u00edr\u00f3szer, Album & Fot\u00f3album","technic_string":"Fot\u00f3, grafika, rajz, illusztr\u00e1ci\u00f3, K\u00f6nyvk\u00f6t\u00e9s","category_1":"813","category_2":"351","category_3":"353","category_4":"0","merged_category_1":"0","merged_category_2":"0","merged_category_3":"0","technic_1":"483","technic_2":"671","technic_3":"0","color_1":"520","color_2":"534","color_3":"0","product_description_old":null,"product_description":"A neveket \u00edrd meg nekem a kos\u00e1r oldalon megjegyz\u00e9sben!!! \nVicces aj\u00e1nd\u00e9k eml\u00e9kk\u00f6nyv AP\u00c1K napj\u00e1ra, amibe beleragaszthatod a csal\u00e1di fot\u00f3kat, \u00e9s igaz\u00e1n szem\u00e9lyre sz\u00f3l\u00f3 aj\u00e1nd\u00e9kot var\u00e1zsolhatsz bel\u0151le.\n\nA k\u00f6nyvecsk\u00e9be k\u00e9toldal\u00fa ragaszt\u00f3val lehet a k\u00e9peket beragasztani, goly\u00f3stollal, ceruz\u00e1val, sz\u00ednes ceruz\u00e1val lehet bele \u00edrni \/ rajzolni is a fot\u00f3k mell\u00e9. \n\n\u26a0\ufe0fFONTOS\u26a0\ufe0f Amennyiben m\u00e1s sz\u00f6veggel k\u00e9red, akkor a bor\u00edt\u00f3ra ker\u00fcl\u0151 sz\u00f6veget rendel\u00e9skor ne felejtsd el a kos\u00e1r oldalon tal\u00e1lhat\u00f3 \"\u00dczenet az elad\u00f3nak\" mez\u0151be be\u00edrni!\n\nPARAM\u00c9TEREK:\n\u25b6\ufe0f Bel\u00edvek 120g-os \u00fcres feh\u00e9r lapok - 40 db\n\u25b6\ufe0f F\u00e9m spir\u00e1llal\n\u25b6\ufe0f M\u00e9rete: 210x190mm\n\n\u26a0\ufe0f BOR\u00cdT\u00d3JA l\u00e9zer nyomat, h\u00e1tlapja nat\u00far sz\u00edn\u0171 - alapanyaga V\u00c1LASZTHAT\u00d3:\n\u2705 ALAP\u00c1RON: KEM\u00c9NY, de v\u00e9kony (kb 0,5mm) m\u0171anyag bor\u00edt\u00f3\n\u2705+1500 Ft-\u00e9rt v\u00e1laszthat\u00f3 2mm extra vastag, KEM\u00c9NY kartont\u00e1bl\u00e1ra k\u00e9sz\u00fclt bor\u00edt\u00f3val is.\n\nN\u00e9zd meg a t\u00f6bbi term\u00e9kemet is:\nhttps:\/\/www.meska.hu\/shop\/otletlada\n\n>>> Sz\u00e1ll\u00edt\u00e1si \u00e9s \u00c1TV\u00c9TELI inform\u00e1ci\u00f3kat a \"Sz\u00e1ll\u00edt\u00e1si Inf\u00f3\" f\u00fclre kattintva tal\u00e1lod\n\n>>> Fizet\u00e9si m\u00f3d - KIZ\u00c1R\u00d3LAG EL\u0150RE FIZET\u00c9SSEL: Bankk\u00e1rty\u00e1val \/ Barionnal \/\u00c1tutal\u00e1ssal vagy Banki befizet\u00e9ssel\n","price":"7900.00","unit":"db","recommended":"0","status":"1","sponsored":"0","exp_notify":"0","own_material":"0","own_material_description_old":null,"own_material_description":"","jury":"0","jury_number":"","product_nature":"","meskaracsony":"0","create_date":"2026-02-04 03:31:17","shelve_id":"60732","image":"otletlada_product_274209_230601223008_545556.jpeg","image_width":"480","image_height":"339","image_alt":"\u00c9n vagyok az ap\u00e1d \/ \u00c9n vagyok az ap\u00e1tok - vicces aj\u00e1nd\u00e9k eml\u00e9kk\u00f6nyv ap\u00e1k napj\u00e1ra - album \/ aj\u00e1nd\u00e9k \u00f6tlet - 21x19cm, A neveket \u00edrd meg nekem a kos\u00e1r oldalon megjegyz\u00e9sben!!! \\nVicces aj\u00e1nd\u00e9k eml\u00e9kk\u00f6nyv AP\u00c1K napj\u00e1ra, am..., Meska","image_title":"\u00c9n vagyok az ap\u00e1d \/ \u00c9n vagyok az ap\u00e1tok - vicces aj\u00e1nd\u00e9k eml\u00e9kk\u00f6nyv ap\u00e1k napj\u00e1ra - album \/ aj\u00e1nd\u00e9k \u00f6tlet - 21x19cm, Meska","view_count":"1738","favourite_count":"0","trending_score":"0","last2MonthFavouriteCount":"0","promotion":"0","giftcard_accept":"0","creditcard_accept":false,"enhanced_background":"0","domain":"meska","specific_customer_id":null,"specific_customer_name":null,"to_order_product":"1","to_order_product_time":"5","product_different":"quite_different","product_different_description":"A monitor sz\u00ednei a nyomtatott\u00f3l elt\u00e9rhetnek.","vintage":"0","vintage_category_id":"0","recycled":"0","gemstone_id":"0","customizable":"1","type_category":"physical","zerowaste":"0","postage_price":"1290.00","shop_order":"123","has_category":"1","landing_pages":"Ap\u00e1k napi aj\u00e1nd\u00e9kok","microdata":{"number":94,"category":""},"title":"\u00c9n vagyok az ap\u00e1d \/ \u00c9n vagyok az ap\u00e1tok - vicces aj\u00e1nd\u00e9k eml\u00e9kk\u00f6nyv ap\u00e1k napj\u00e1ra - album \/ aj\u00e1nd\u00e9k \u00f6tlet - 21x19cm","description":"A neveket \u00edrd meg nekem a kos\u00e1r oldalon megjegyz\u00e9sben!!! \nVicces aj\u00e1nd\u00e9k eml\u00e9kk\u00f6nyv AP\u00c1K napj\u00e1ra, amibe beleragaszthatod a csal\u00e1di fot\u00f3kat, \u00e9s igaz\u00e1n szem\u00e9lyre sz\u00f3l\u00f3 aj\u00e1nd\u00e9kot var\u00e1zsolhatsz bel\u0151le.\n\nA k\u00f6nyvecsk\u00e9be k\u00e9toldal\u00fa ragaszt\u00f3val lehet a k\u00e9peket beragasztani, goly\u00f3stollal, ceruz\u00e1val, sz\u00ednes ceruz\u00e1val lehet bele \u00edrni \/ rajzolni is a fot\u00f3k mell\u00e9. \n\n\u26a0\ufe0fFONTOS\u26a0\ufe0f Amennyiben m\u00e1s sz\u00f6veggel k\u00e9red, akkor a bor\u00edt\u00f3ra ker\u00fcl\u0151 sz\u00f6veget rendel\u00e9skor ne felejtsd el a kos\u00e1r oldalon tal\u00e1lhat\u00f3 \"\u00dczenet az elad\u00f3nak\" mez\u0151be be\u00edrni!\n\nPARAM\u00c9TEREK:\n\u25b6\ufe0f Bel\u00edvek 120g-os \u00fcres feh\u00e9r lapok - 40 db\n\u25b6\ufe0f F\u00e9m spir\u00e1llal\n\u25b6\ufe0f M\u00e9rete: 210x190mm\n\n\u26a0\ufe0f BOR\u00cdT\u00d3JA l\u00e9zer nyomat, h\u00e1tlapja nat\u00far sz\u00edn\u0171 - alapanyaga V\u00c1LASZTHAT\u00d3:\n\u2705 ALAP\u00c1RON: KEM\u00c9NY, de v\u00e9kony (kb 0,5mm) m\u0171anyag bor\u00edt\u00f3\n\u2705+1500 Ft-\u00e9rt v\u00e1laszthat\u00f3 2mm extra vastag, KEM\u00c9NY kartont\u00e1bl\u00e1ra k\u00e9sz\u00fclt bor\u00edt\u00f3val is.\n\nN\u00e9zd meg a t\u00f6bbi term\u00e9kemet is:\nhttps:\/\/www.meska.hu\/shop\/otletlada\n\n>>> Sz\u00e1ll\u00edt\u00e1si \u00e9s \u00c1TV\u00c9TELI inform\u00e1ci\u00f3kat a \"Sz\u00e1ll\u00edt\u00e1si Inf\u00f3\" f\u00fclre kattintva tal\u00e1lod\n\n>>> Fizet\u00e9si m\u00f3d - KIZ\u00c1R\u00d3LAG EL\u0150RE FIZET\u00c9SSEL: Bankk\u00e1rty\u00e1val \/ Barionnal \/\u00c1tutal\u00e1ssal vagy Banki befizet\u00e9ssel\n","score":0,"formatted_price":"7 900 Ft","image_url":"https:\/\/www.meska.hu\/img\/product\/small\/o\/t\/otletlada_product_274209_230601223008_545556.jpeg","formatted_url":"https:\/\/www.meska.hu\/p4992802-en-vagyok-az-apad-en-vagyok-az-apatok-vicces-ajandek-emlekkonyv-apak-napjara-album-ajandek-otlet-21x19cm","favourite":false,"in_stock":false,"avatar":"274209_avatar_1697355906.jpeg","delete_from":0,"is_enhanced_background":false,"is_enhanced":false,"product_selection_started":false,"is_active":true,"image_webp_url":"https:\/\/www.meska.hu\/img\/product\/small\/o\/t\/otletlada_product_274209_230601223008_545556.webp"},{"id":"6102595","shop_id":"46170","user_id":"355200","shop_name":"DekorPatika","shop_zip":"6000","product_code":"5724554","product_name_old":null,"product_name":"Boldog Valentin-napot falik\u00e9p","category_string":"Otthon & \u00c9letm\u00f3d, Pap\u00edr, \u00edr\u00f3szer, Album & Fot\u00f3album","technic_string":"Fot\u00f3, grafika, rajz, illusztr\u00e1ci\u00f3","category_1":"813","category_2":"351","category_3":"353","category_4":"0","merged_category_1":null,"merged_category_2":null,"merged_category_3":null,"technic_1":"483","technic_2":"0","technic_3":"0","color_1":"519","color_2":"0","color_3":"0","product_description_old":null,"product_description":"Nincs \u00f6tleted milyen aj\u00e1nd\u00e9kkal lepd meg szerelmed Valentin-napon?\n\nElk\u00e9sz\u00edtem sz\u00e1modra a t\u00f6k\u00e9letes aj\u00e1nd\u00e9kot! Ez az egyedi falik\u00e9p remek d\u00edsze lehet lak\u00e1snak \u00e9s \u00f6r\u00f6k eml\u00e9k mindkett\u0151t\u00f6knek!\n\nA k\u00e9pkeret A\/4 m\u00e9ret\u0171, amely falra akaszthat\u00f3 vagy polcra is helyezhet\u0151!\n\nM\u00e9rete: 21x30cm\n\nLehet\u0151s\u00e9ged van digit\u00e1lis form\u00e1tumban megrendelni a term\u00e9ket! Ebben az esetben, miut\u00e1n kifizetted a term\u00e9ket, elk\u00e9sz\u00edtem a grafik\u00e1t. A dekor\u00e1ci\u00f3t ezut\u00e1n PDF form\u00e1tumban emailben elk\u00fcld\u00f6m a r\u00e9szedre, amit otthon ki tudsz nyomtatni \u00e9s be tudsz keretezni.\n\n --- Mikor v\u00e1laszd a nyomtathat\u00f3 dekor\u00e1ci\u00f3t a keretbe helyezett k\u00e9p helyett? --- \n\n- ha olcs\u00f3bb megold\u00e1st keresel, hiszen nincs plusz postak\u00f6lts\u00e9ged  \n- ha gyorsabban szeretn\u00e9d megkapni, hiszen nincs post\u00e1z\u00e1s \n- ha utols\u00f3 pillanatban aj\u00e1nd\u00e9k dekor\u00e1ci\u00f3t szeretn\u00e9l \u00e9s nincs id\u0151d v\u00e1rni \n- ha az otthoni sz\u00ednes nyomtat\u00f3ddal vagy valamely k\u00f6zeli fot\u00f3 kioszkban kinyomtatn\u00e1d \n- ha megl\u00e9v\u0151 keretbe szeretn\u00e9d \n- ha esetleg t\u00f6bb p\u00e9ld\u00e1nyra is sz\u00fcks\u00e9ged lenne  \n\nK\u00e9rlek, vedd figyelembe, hogy a megjelen\u00edtett sz\u00ednek kis m\u00e9rt\u00e9kben elt\u00e9rhetnek a k\u00fcl\u00f6nb\u00f6z\u0151 kijelz\u0151k\u00f6n. \n\nAmennyiben s\u00fcrg\u0151s megrendel\u00e9sre van sz\u00fcks\u00e9ged k\u00e9rlek v\u00e1laszd a \u201cS\u00fcrg\u0151s megrendel\u00e9s\u201d opci\u00f3t \u00e9s 1 munkanapon bel\u00fcl elk\u00e9sz\u00edtem a term\u00e9ket!\nHa foxpost automat\u00e1t v\u00e1lasztott\u00e1l, k\u00e9rlek \u00edrd meg melyikbe k\u00fcldhetem.\n\nA term\u00e9k k\u00e9sz\u00edt\u00e9s\u00e9t \u00e9s post\u00e1z\u00e1s\u00e1t csak a fizet\u00e9s be\u00e9rkez\u00e9se ut\u00e1n tudom elkezdeni! K\u00f6sz\u00f6n\u00f6m a meg\u00e9rt\u00e9sed!","price":"3490.00","unit":"db","recommended":"0","status":"1","sponsored":"0","exp_notify":"0","own_material":"0","own_material_description_old":null,"own_material_description":"","jury":"0","jury_number":"","product_nature":"","meskaracsony":"0","create_date":"2026-02-03 21:31:46","shelve_id":"0","image":"dekorpatika_product_355200_260203213102_992948.jpeg","image_width":"480","image_height":"480","image_alt":"Boldog Valentin-napot falik\u00e9p, Nincs \u00f6tleted milyen aj\u00e1nd\u00e9kkal lepd meg szerelmed Valentin-napon?\\n\\nElk\u00e9sz\u00edtem sz\u00e1modra a t\u00f6k\u00e9letes ..., Meska","image_title":"Boldog Valentin-napot falik\u00e9p, Meska","view_count":"223","favourite_count":"0","trending_score":"0","last2MonthFavouriteCount":"0","promotion":"0","giftcard_accept":"0","creditcard_accept":true,"enhanced_background":"0","domain":"meska","specific_customer_id":null,"specific_customer_name":null,"to_order_product":"1","to_order_product_time":"4","product_different":null,"product_different_description":"","vintage":"0","vintage_category_id":"0","recycled":"0","gemstone_id":"0","customizable":"1","type_category":"digital","zerowaste":"0","postage_price":"1290.00","shop_order":"0","has_category":"1","landing_pages":null,"microdata":{"number":95,"category":""},"title":"Boldog Valentin-napot falik\u00e9p","description":"Nincs \u00f6tleted milyen aj\u00e1nd\u00e9kkal lepd meg szerelmed Valentin-napon?\n\nElk\u00e9sz\u00edtem sz\u00e1modra a t\u00f6k\u00e9letes aj\u00e1nd\u00e9kot! Ez az egyedi falik\u00e9p remek d\u00edsze lehet lak\u00e1snak \u00e9s \u00f6r\u00f6k eml\u00e9k mindkett\u0151t\u00f6knek!\n\nA k\u00e9pkeret A\/4 m\u00e9ret\u0171, amely falra akaszthat\u00f3 vagy polcra is helyezhet\u0151!\n\nM\u00e9rete: 21x30cm\n\nLehet\u0151s\u00e9ged van digit\u00e1lis form\u00e1tumban megrendelni a term\u00e9ket! Ebben az esetben, miut\u00e1n kifizetted a term\u00e9ket, elk\u00e9sz\u00edtem a grafik\u00e1t. A dekor\u00e1ci\u00f3t ezut\u00e1n PDF form\u00e1tumban emailben elk\u00fcld\u00f6m a r\u00e9szedre, amit otthon ki tudsz nyomtatni \u00e9s be tudsz keretezni.\n\n --- Mikor v\u00e1laszd a nyomtathat\u00f3 dekor\u00e1ci\u00f3t a keretbe helyezett k\u00e9p helyett? --- \n\n- ha olcs\u00f3bb megold\u00e1st keresel, hiszen nincs plusz postak\u00f6lts\u00e9ged  \n- ha gyorsabban szeretn\u00e9d megkapni, hiszen nincs post\u00e1z\u00e1s \n- ha utols\u00f3 pillanatban aj\u00e1nd\u00e9k dekor\u00e1ci\u00f3t szeretn\u00e9l \u00e9s nincs id\u0151d v\u00e1rni \n- ha az otthoni sz\u00ednes nyomtat\u00f3ddal vagy valamely k\u00f6zeli fot\u00f3 kioszkban kinyomtatn\u00e1d \n- ha megl\u00e9v\u0151 keretbe szeretn\u00e9d \n- ha esetleg t\u00f6bb p\u00e9ld\u00e1nyra is sz\u00fcks\u00e9ged lenne  \n\nK\u00e9rlek, vedd figyelembe, hogy a megjelen\u00edtett sz\u00ednek kis m\u00e9rt\u00e9kben elt\u00e9rhetnek a k\u00fcl\u00f6nb\u00f6z\u0151 kijelz\u0151k\u00f6n. \n\nAmennyiben s\u00fcrg\u0151s megrendel\u00e9sre van sz\u00fcks\u00e9ged k\u00e9rlek v\u00e1laszd a \u201cS\u00fcrg\u0151s megrendel\u00e9s\u201d opci\u00f3t \u00e9s 1 munkanapon bel\u00fcl elk\u00e9sz\u00edtem a term\u00e9ket!\nHa foxpost automat\u00e1t v\u00e1lasztott\u00e1l, k\u00e9rlek \u00edrd meg melyikbe k\u00fcldhetem.\n\nA term\u00e9k k\u00e9sz\u00edt\u00e9s\u00e9t \u00e9s post\u00e1z\u00e1s\u00e1t csak a fizet\u00e9s be\u00e9rkez\u00e9se ut\u00e1n tudom elkezdeni! K\u00f6sz\u00f6n\u00f6m a meg\u00e9rt\u00e9sed!","score":0,"formatted_price":"3 490 Ft","image_url":"https:\/\/www.meska.hu\/img\/product\/small\/d\/e\/dekorpatika_product_355200_260203213102_992948.jpeg","formatted_url":"https:\/\/www.meska.hu\/p5724554-boldog-valentin-napot-falikep","favourite":false,"in_stock":false,"avatar":"355200_avatar_1726093454.jpeg","delete_from":0,"is_enhanced_background":false,"is_enhanced":false,"product_selection_started":false,"is_active":true,"image_webp_url":"https:\/\/www.meska.hu\/img\/product\/small\/d\/e\/dekorpatika_product_355200_260203213102_992948.webp"},{"id":"5686918","shop_id":"46170","user_id":"355200","shop_name":"DekorPatika","shop_zip":"6000","product_code":"5493598","product_name_old":null,"product_name":"Boldog Valentin-napot  falik\u00e9p","category_string":"Otthon & \u00c9letm\u00f3d, Pap\u00edr, \u00edr\u00f3szer, Album & Fot\u00f3album","technic_string":"Fot\u00f3, grafika, rajz, illusztr\u00e1ci\u00f3","category_1":"813","category_2":"351","category_3":"353","category_4":"0","merged_category_1":null,"merged_category_2":null,"merged_category_3":null,"technic_1":"483","technic_2":"0","technic_3":"0","color_1":"519","color_2":"0","color_3":"0","product_description_old":null,"product_description":"Nincs \u00f6tleted milyen aj\u00e1nd\u00e9kkal lepd meg szerelmed Valentin-napon?\n\nElk\u00e9sz\u00edtem sz\u00e1modra a t\u00f6k\u00e9letes aj\u00e1nd\u00e9kot! Ez az egyedi falik\u00e9p remek d\u00edsze lehet lak\u00e1snak \u00e9s \u00f6r\u00f6k eml\u00e9k mindkett\u0151t\u00f6knek!\n\nA k\u00e9pkeret A\/4 m\u00e9ret\u0171, amely falra akaszthat\u00f3 vagy polcra is helyezhet\u0151!\n\nM\u00e9rete: 21x30cm\n\nLehet\u0151s\u00e9ged van digit\u00e1lis form\u00e1tumban megrendelni a term\u00e9ket! Ebben az esetben, miut\u00e1n kifizetted a term\u00e9ket, elk\u00e9sz\u00edtem a grafik\u00e1t. A dekor\u00e1ci\u00f3t ezut\u00e1n PDF form\u00e1tumban emailben elk\u00fcld\u00f6m a r\u00e9szedre, amit otthon ki tudsz nyomtatni \u00e9s be tudsz keretezni.\n\n --- Mikor v\u00e1laszd a nyomtathat\u00f3 dekor\u00e1ci\u00f3t a keretbe helyezett k\u00e9p helyett? --- \n\n- ha olcs\u00f3bb megold\u00e1st keresel, hiszen nincs plusz postak\u00f6lts\u00e9ged  \n- ha gyorsabban szeretn\u00e9d megkapni, hiszen nincs post\u00e1z\u00e1s \n- ha utols\u00f3 pillanatban aj\u00e1nd\u00e9k dekor\u00e1ci\u00f3t szeretn\u00e9l \u00e9s nincs id\u0151d v\u00e1rni \n- ha az otthoni sz\u00ednes nyomtat\u00f3ddal vagy valamely k\u00f6zeli fot\u00f3 kioszkban kinyomtatn\u00e1d \n- ha megl\u00e9v\u0151 keretbe szeretn\u00e9d \n- ha esetleg t\u00f6bb p\u00e9ld\u00e1nyra is sz\u00fcks\u00e9ged lenne  \n\nK\u00e9rlek, vedd figyelembe, hogy a megjelen\u00edtett sz\u00ednek kis m\u00e9rt\u00e9kben elt\u00e9rhetnek a k\u00fcl\u00f6nb\u00f6z\u0151 kijelz\u0151k\u00f6n. \n\nAmennyiben s\u00fcrg\u0151s megrendel\u00e9sre van sz\u00fcks\u00e9ged k\u00e9rlek v\u00e1laszd a \u201cS\u00fcrg\u0151s megrendel\u00e9s\u201d opci\u00f3t \u00e9s 1 munkanapon bel\u00fcl elk\u00e9sz\u00edtem a term\u00e9ket!\nHa foxpost automat\u00e1t v\u00e1lasztott\u00e1l, k\u00e9rlek \u00edrd meg melyikbe k\u00fcldhetem.\n\nA term\u00e9k k\u00e9sz\u00edt\u00e9s\u00e9t \u00e9s post\u00e1z\u00e1s\u00e1t csak a fizet\u00e9s be\u00e9rkez\u00e9se ut\u00e1n tudom elkezdeni! K\u00f6sz\u00f6n\u00f6m a meg\u00e9rt\u00e9sed!","price":"3490.00","unit":"db","recommended":"0","status":"1","sponsored":"0","exp_notify":"0","own_material":"0","own_material_description_old":null,"own_material_description":"","jury":"0","jury_number":"","product_nature":"","meskaracsony":"0","create_date":"2026-02-02 01:11:30","shelve_id":"0","image":"dekorpatika_product_355200_250206232342_558628.jpeg","image_width":"480","image_height":"678","image_alt":"Boldog Valentin-napot  falik\u00e9p, Nincs \u00f6tleted milyen aj\u00e1nd\u00e9kkal lepd meg szerelmed Valentin-napon?\\n\\nElk\u00e9sz\u00edtem sz\u00e1modra a t\u00f6k\u00e9letes ..., Meska","image_title":"Boldog Valentin-napot  falik\u00e9p, Meska","view_count":"313","favourite_count":"0","trending_score":"0","last2MonthFavouriteCount":"0","promotion":"0","giftcard_accept":"0","creditcard_accept":true,"enhanced_background":"0","domain":"meska","specific_customer_id":null,"specific_customer_name":null,"to_order_product":"1","to_order_product_time":"4","product_different":null,"product_different_description":"","vintage":"0","vintage_category_id":"0","recycled":"0","gemstone_id":"0","customizable":"1","type_category":"digital","zerowaste":"0","postage_price":"1290.00","shop_order":"0","has_category":"1","landing_pages":null,"microdata":{"number":96,"category":""},"title":"Boldog Valentin-napot  falik\u00e9p","description":"Nincs \u00f6tleted milyen aj\u00e1nd\u00e9kkal lepd meg szerelmed Valentin-napon?\n\nElk\u00e9sz\u00edtem sz\u00e1modra a t\u00f6k\u00e9letes aj\u00e1nd\u00e9kot! Ez az egyedi falik\u00e9p remek d\u00edsze lehet lak\u00e1snak \u00e9s \u00f6r\u00f6k eml\u00e9k mindkett\u0151t\u00f6knek!\n\nA k\u00e9pkeret A\/4 m\u00e9ret\u0171, amely falra akaszthat\u00f3 vagy polcra is helyezhet\u0151!\n\nM\u00e9rete: 21x30cm\n\nLehet\u0151s\u00e9ged van digit\u00e1lis form\u00e1tumban megrendelni a term\u00e9ket! Ebben az esetben, miut\u00e1n kifizetted a term\u00e9ket, elk\u00e9sz\u00edtem a grafik\u00e1t. A dekor\u00e1ci\u00f3t ezut\u00e1n PDF form\u00e1tumban emailben elk\u00fcld\u00f6m a r\u00e9szedre, amit otthon ki tudsz nyomtatni \u00e9s be tudsz keretezni.\n\n --- Mikor v\u00e1laszd a nyomtathat\u00f3 dekor\u00e1ci\u00f3t a keretbe helyezett k\u00e9p helyett? --- \n\n- ha olcs\u00f3bb megold\u00e1st keresel, hiszen nincs plusz postak\u00f6lts\u00e9ged  \n- ha gyorsabban szeretn\u00e9d megkapni, hiszen nincs post\u00e1z\u00e1s \n- ha utols\u00f3 pillanatban aj\u00e1nd\u00e9k dekor\u00e1ci\u00f3t szeretn\u00e9l \u00e9s nincs id\u0151d v\u00e1rni \n- ha az otthoni sz\u00ednes nyomtat\u00f3ddal vagy valamely k\u00f6zeli fot\u00f3 kioszkban kinyomtatn\u00e1d \n- ha megl\u00e9v\u0151 keretbe szeretn\u00e9d \n- ha esetleg t\u00f6bb p\u00e9ld\u00e1nyra is sz\u00fcks\u00e9ged lenne  \n\nK\u00e9rlek, vedd figyelembe, hogy a megjelen\u00edtett sz\u00ednek kis m\u00e9rt\u00e9kben elt\u00e9rhetnek a k\u00fcl\u00f6nb\u00f6z\u0151 kijelz\u0151k\u00f6n. \n\nAmennyiben s\u00fcrg\u0151s megrendel\u00e9sre van sz\u00fcks\u00e9ged k\u00e9rlek v\u00e1laszd a \u201cS\u00fcrg\u0151s megrendel\u00e9s\u201d opci\u00f3t \u00e9s 1 munkanapon bel\u00fcl elk\u00e9sz\u00edtem a term\u00e9ket!\nHa foxpost automat\u00e1t v\u00e1lasztott\u00e1l, k\u00e9rlek \u00edrd meg melyikbe k\u00fcldhetem.\n\nA term\u00e9k k\u00e9sz\u00edt\u00e9s\u00e9t \u00e9s post\u00e1z\u00e1s\u00e1t csak a fizet\u00e9s be\u00e9rkez\u00e9se ut\u00e1n tudom elkezdeni! K\u00f6sz\u00f6n\u00f6m a meg\u00e9rt\u00e9sed!","score":0,"formatted_price":"3 490 Ft","image_url":"https:\/\/www.meska.hu\/img\/product\/small\/d\/e\/dekorpatika_product_355200_250206232342_558628.jpeg","formatted_url":"https:\/\/www.meska.hu\/p5493598-boldog-valentin-napot-falikep","favourite":false,"in_stock":false,"avatar":"355200_avatar_1726093454.jpeg","delete_from":0,"is_enhanced_background":false,"is_enhanced":false,"product_selection_started":false,"is_active":true,"image_webp_url":"https:\/\/www.meska.hu\/img\/product\/small\/d\/e\/dekorpatika_product_355200_250206232342_558628.webp"}],"canonicals":{"canonical":"https:\/\/www.meska.hu\/s\/album-fotoalbum:foto-grafika-rajz-illusztracio\/c-353:t-483","next":"https:\/\/www.meska.hu\/s\/album-fotoalbum:foto-grafika-rajz-illusztracio\/c-353:t-483:p-2"},"seo":{"title":"Fotoalbum | Egyedi k\u00e9zm\u0171ves albumok eml\u00e9keidnek - Meska","seoTitle":"Fot\u00f3albumok","seoDescription":"A <strong>fotoalbum<\/strong> kateg\u00f3ri\u00e1ban tal\u00e1lhat\u00f3 term\u00e9kek k\u00fcl\u00f6nleges jelent\u0151s\u00e9ggel b\u00edrnak \u00e9let\u00fcnkben, hiszen ezek \u0151rzik meg sz\u00e1munkra a leg\u00e9rt\u00e9kesebb pillanatokat \u00e9s eml\u00e9keket. A Meska k\u00e9zm\u0171vesei \u00e1ltal k\u00e9sz\u00edtett egyedi darabok nemcsak praktikus funkci\u00f3kat l\u00e1tnak el, hanem val\u00f3di m\u0171v\u00e9szeti alkot\u00e1sok is, amelyek m\u00e9lt\u00f3 m\u00f3don keretezik be \u00e9let\u00fcnk legfontosabb esem\u00e9nyeit. Minden egyes <strong>fotoalbum<\/strong> gondos k\u00e9zmunk\u00e1val, szem\u00e9lyes odafigyel\u00e9ssel k\u00e9sz\u00fcl, \u00edgy biztos\u00edtva, hogy az eml\u00e9kek m\u00e9lt\u00f3 helyet kapjanak.\n\nA <strong>fotoalbum<\/strong> term\u00e9kek sokf\u00e9le st\u00edlusban \u00e9s kivitelben \u00e9rhet\u0151k el a Meska oldal\u00e1n, hogy minden \u00edzl\u00e9snek \u00e9s alkalomnak megfelel\u0151 darabot tal\u00e1lhassanak a v\u00e1s\u00e1rl\u00f3k. Ezek a k\u00fcl\u00f6nleges albumok kiv\u00e1l\u00f3 min\u0151s\u00e9g\u0171 anyagokb\u00f3l k\u00e9sz\u00fclnek, amelyek garant\u00e1lj\u00e1k a fot\u00f3k hossz\u00fa t\u00e1v\u00fa v\u00e9delm\u00e9t \u00e9s a term\u00e9k tart\u00f3ss\u00e1g\u00e1t. A k\u00e9zm\u0171ves alkot\u00f3k k\u00fcl\u00f6n\u00f6s figyelmet ford\u00edtanak arra, hogy minden <strong>album<\/strong> egyedi karakterrel b\u00edrjon, \u00e9s t\u00f6k\u00e9letesen illeszkedjen a benne elhelyezett eml\u00e9kek hangulat\u00e1hoz.\n\n<H2 class=\"text-meska\/base-orange\"><strong>Fotoalbum<\/strong> -- eml\u00e9kek \u00f6r\u00f6k meg\u0151rz\u00e9se k\u00e9zm\u0171ves kivitelben<\/H2>\nA <strong>fotoalbum<\/strong> kateg\u00f3ri\u00e1ban megtal\u00e1lhat\u00f3 term\u00e9kek k\u00f6z\u00f6tt szerepelnek k\u00fcl\u00f6nb\u00f6z\u0151 m\u00e9ret\u0171 \u00e9s st\u00edlus\u00fa darabok, amelyek minden \u00e9lethelyzetre \u00e9s alkalomra megfelel\u0151 megold\u00e1st k\u00edn\u00e1lnak. A Meska alkot\u00f3i k\u00fcl\u00f6nb\u00f6z\u0151 technik\u00e1kat alkalmaznak, mint p\u00e9ld\u00e1ul scrapbook st\u00edlus, vintage megjelen\u00e9s vagy modern minimalista design, hogy minden v\u00e1s\u00e1rl\u00f3 megtal\u00e1lhassa a szem\u00e9lyis\u00e9g\u00e9hez legink\u00e1bb ill\u0151 darabot. Ezek a <strong>fotoalbumok<\/strong> nemcsak a fot\u00f3k t\u00e1rol\u00e1s\u00e1t szolg\u00e1lj\u00e1k, hanem igazi dekor\u00e1ci\u00f3s elemei is lehetnek az otthonnak, hiszen gy\u00f6ny\u00f6r\u0171 bor\u00edt\u00f3juk \u00e9s kidolgozott r\u00e9szleteik r\u00e9v\u00e9n \u00f6nmagukban is m\u0171alkot\u00e1snak sz\u00e1m\u00edtanak.\n\n<H2 class=\"text-meska\/base-orange\"><strong>Album<\/strong> -- sokoldal\u00fa eml\u00e9k\u0151rz\u0151k minden alkalomra<\/H2>\nAz <strong>album<\/strong> term\u00e9kek sz\u00e9les v\u00e1laszt\u00e9ka mag\u00e1ban foglalja az esk\u00fcv\u0151i albumokat, baba albumokat, csal\u00e1di f\u00e9nyk\u00e9pes k\u00f6nyveket \u00e9s utaz\u00e1si eml\u00e9k\u0151rz\u0151ket egyar\u00e1nt. Minden <strong>album<\/strong> egyedi tervez\u00e9s\u0171, \u00e9s gyakran szem\u00e9lyre szabhat\u00f3 elemeket tartalmaz, mint p\u00e9ld\u00e1ul grav\u00edrozott nevek, d\u00e1tumok vagy k\u00fcl\u00f6nleges \u00fczenetek. A <strong>fot\u00f3albumok<\/strong> k\u00f6z\u00f6tt megtal\u00e1lhat\u00f3k olyan darabok is, amelyek interakt\u00edv elemeket tartalmaznak, mint p\u00e9ld\u00e1ul zsebekre, kihajthat\u00f3 r\u00e9szekre vagy egy\u00e9b kreat\u00edv megold\u00e1sokra \u00e9p\u00edtenek. Ezek az albumok t\u00f6k\u00e9letesen alkalmasak aj\u00e1nd\u00e9koz\u00e1sra is, hiszen szem\u00e9lyes jelleg\u00fckkel \u00e9s gondos kidolgoz\u00e1sukkal k\u00fcl\u00f6nleges \u00e9lm\u00e9nyt ny\u00fajtanak az aj\u00e1nd\u00e9kozottnak.\n\n<H2 class=\"text-meska\/base-orange\"><strong>Beragaszt\u00f3s fotoalbum<\/strong> -- hagyom\u00e1nyos m\u00f3dszer modern kivitelben<\/H2>\nA <strong>beragaszt\u00f3s fotoalbum<\/strong> t\u00edpus\u00fa term\u00e9kek a klasszikus f\u00e9nyk\u00e9palbum-k\u00e9sz\u00edt\u00e9s hagyom\u00e1nyait \u00f6tv\u00f6zik a modern k\u00e9zm\u0171ves technik\u00e1kkal. Ezek az albumok lehet\u0151s\u00e9get adnak arra, hogy a fot\u00f3kat szem\u00e9lyesen helyezz\u00fck el a lapokra, megteremtve ezzel saj\u00e1t kompoz\u00edci\u00f3nkat \u00e9s storytelling-\u00fcnket. A <strong>beragaszt\u00f3s fotoalbum<\/strong> darabok gyakran tartalmaznak c\u00edmk\u00e9ket, matric\u00e1kat vagy egy\u00e9b dekorat\u00edv elemeket, amelyek seg\u00edts\u00e9g\u00e9vel m\u00e9g szem\u00e9lyesebb\u00e9 tehet\u0151 az eml\u00e9k\u0151rz\u00e9s folyamata. A Meska k\u00e9zm\u0171vesei k\u00fcl\u00f6n\u00f6s gondot ford\u00edtanak arra, hogy ezek az albumok tart\u00f3s, savas-mentes lapokkal k\u00e9sz\u00fcljenek, biztos\u00edtva ezzel a fot\u00f3k hossz\u00fa t\u00e1v\u00fa meg\u0151rz\u00e9s\u00e9t.\n\n<H2 class=\"text-meska\/base-orange\"><strong>Hagyom\u00e1nyos fotoalbum<\/strong> -- id\u0151tlen elegancia \u00e9s tart\u00f3ss\u00e1g<\/H2>\nA <strong>hagyom\u00e1nyos fotoalbum<\/strong> kateg\u00f3ri\u00e1j\u00e1ban tal\u00e1lhat\u00f3 term\u00e9kek a klasszikus albumk\u00e9sz\u00edt\u00e9s \u00f6r\u00f6ks\u00e9g\u00e9t viszik tov\u00e1bb, olyan id\u0151tlen diz\u00e1jnnal \u00e9s min\u0151s\u00e9gi kivitelez\u00e9ssel, amely gener\u00e1ci\u00f3kon \u00e1t meg\u0151rzi \u00e9rt\u00e9k\u00e9t. Ezek az albumok gyakran b\u0151r vagy textil bor\u00edt\u00e1ssal k\u00e9sz\u00fclnek, \u00e9s kifinomult r\u00e9szletekkel, mint p\u00e9ld\u00e1ul aranyoz\u00e1s, pr\u00e9selt mint\u00e1k vagy k\u00e9zzel varrott elemek gazdag\u00edtj\u00e1k megjelen\u00e9s\u00fcket. A <strong>hagyom\u00e1nyos fotoalbum<\/strong> darabok k\u00fcl\u00f6n\u00f6sen alkalmasak fontos csal\u00e1di esem\u00e9nyek, mint esk\u00fcv\u0151k, \u00e9vfordul\u00f3k vagy keresztel\u0151k eml\u00e9k\u00e9nek meg\u0151rz\u00e9s\u00e9re, hiszen m\u00e9lt\u00f3s\u00e1gteljes megjelen\u00e9s\u00fckkel hossz\u00fa t\u00e1von is eleg\u00e1ns d\u00edszei maradnak az otthonnak.\n\n<H2 class=\"text-meska\/base-orange\"><strong>Egyedi fotoalbum<\/strong> -- szem\u00e9lyre szabott eml\u00e9k\u0151rz\u00e9s<\/H2>\nAz <strong>egyedi fotoalbum<\/strong> term\u00e9kek k\u00f6z\u00f6tt megtal\u00e1lhat\u00f3k azok a k\u00fcl\u00f6nleges darabok, amelyek teljes m\u00e9rt\u00e9kben a megrendel\u0151 ig\u00e9nyei szerint k\u00e9sz\u00fclnek el. Ezek az albumok lehet\u0151s\u00e9get adnak arra, hogy minden r\u00e9szletet - a m\u00e9retet, sz\u00ednt, anyagot, d\u00edsz\u00edt\u00e9st - szem\u00e9lyesen v\u00e1lasszuk ki, \u00edgy biztos\u00edtva, hogy a v\u00e9geredm\u00e9ny t\u00f6k\u00e9letesen t\u00fckr\u00f6zze a benne t\u00e1rolt eml\u00e9kek hangulat\u00e1t \u00e9s jelent\u0151s\u00e9g\u00e9t. A <strong>csal\u00e1di fotoalbum<\/strong> \u00e9s <strong>esk\u00fcv\u0151i fotoalbum<\/strong> v\u00e1ltozatok k\u00fcl\u00f6n\u00f6sen n\u00e9pszer\u0171ek, hiszen ezek az \u00e9letszakaszok k\u00fcl\u00f6nleges figyelmet \u00e9s egyedi megk\u00f6zel\u00edt\u00e9st ig\u00e9nyelnek. A Meska alkot\u00f3i sz\u00edvesen dolgoznak egy\u00fctt a megrendel\u0151kkel annak \u00e9rdek\u00e9ben, hogy minden <strong>egyedi fotoalbum<\/strong> val\u00f3ban szem\u00e9lyes \u00e9s megism\u00e9telhetetlen legyen.\n\nA Meska <strong>fotoalbum<\/strong> k\u00edn\u00e1lata egyed\u00fcl\u00e1ll\u00f3 lehet\u0151s\u00e9get ny\u00fajt azok sz\u00e1m\u00e1ra, akik \u00fagy szeretn\u00e9k meg\u0151rizni \u00e9let\u00fck legfontosabb pillanatait, hogy azok m\u00e9lt\u00f3 keretet kapjanak. Minden album m\u00f6g\u00f6tt ott \u00e1ll egy elk\u00f6telezett k\u00e9zm\u0171ves szeretete \u00e9s szak\u00e9rtelme, aki nemcsak a funkcionalit\u00e1st, hanem az eszt\u00e9tikai \u00e9rt\u00e9ket \u00e9s az \u00e9rzelmi t\u00f6lt\u00e9st is figyelembe veszi munk\u00e1ja sor\u00e1n. A <strong>vintage fotoalbum<\/strong>, <strong>ragaszthat\u00f3 fotoalbum<\/strong>, <strong>k\u00fcl\u00f6nleges f\u00e9nyk\u00e9palbum<\/strong> \u00e9s <strong>gyerek fotoalbum<\/strong> t\u00edpus\u00fa term\u00e9kek mind-mind azt bizony\u00edtj\u00e1k, hogy az eml\u00e9kek meg\u0151rz\u00e9se igazi m\u0171v\u00e9szet. Fedezd fel a Meska egyedi albumk\u00edn\u00e1lat\u00e1t, v\u00e1lassz a sz\u00e1mos gy\u00f6ny\u00f6r\u0171 darab k\u00f6z\u00fcl, \u00e9s add \u00e1t eml\u00e9keidet olyan kezekbe, amelyek val\u00f3ban \u00e9rt\u00e9kelik azok fontoss\u00e1g\u00e1t. V\u00e1s\u00e1rolj most, \u00e9s teremtsd meg azt az \u00f6r\u00f6k eml\u00e9kk\u00f6nyvet, amely gener\u00e1ci\u00f3kon \u00e1t \u0151rzi csal\u00e1dod legszebb pillanatait!\n","metaDescription":"Egyedi fotoalbum \u00e9s album term\u00e9kek esk\u00fcv\u0151re, bab\u00e1ra, csal\u00e1dnak. Magyar k\u00e9zm\u0171vesek alkot\u00e1sai. Fedezd fel a Meska k\u00edn\u00e1lat\u00e1t!","metaNoIndex":true,"metaNoFollow":0,"seoFound":true,"ogImage":"https:\/\/www.meska.hu\/img\/category_seo\/353-fotoalbumok--meska-kezmuves-piacter_csBNj.jpg","canonicals":"https:\/\/www.meska.hu\/s\/album-fotoalbum:foto-grafika-rajz-illusztracio\/c-353:t-483"},"breadcrumb":[{"position":1,"name":"Meska.hu","url":"https:\/\/www.meska.hu","last":false},{"position":2,"name":"Otthon & \u00c9letm\u00f3d","url":"https:\/\/www.meska.hu\/s\/otthon-eletmod:foto-grafika-rajz-illusztracio\/c-813:t-483","last":false},{"position":3,"name":"Pap\u00edr, \u00edr\u00f3szer","url":"https:\/\/www.meska.hu\/s\/papir-iroszer:foto-grafika-rajz-illusztracio\/c-351:t-483","last":false},{"position":4,"name":"Album & Fot\u00f3album","url":"https:\/\/www.meska.hu\/s\/album-fotoalbum:foto-grafika-rajz-illusztracio\/c-353:t-483","last":true}],"h1":"Album & Fot\u00f3album","url":{"url":"https:\/\/www.meska.hu\/s\/album-fotoalbum:foto-grafika-rajz-illusztracio\/c-353:t-483","title":"Mind","_debug_":false},"_count_":100}