{"_terms_":{"phrase":"*","category_id":"357","category_ids":"357","gift_occasion":"30","facets":"n","p":"1","pp":"100","sort_by":"create_date","sort_direction":"desc","product_type":"kezmuves|alapanyag|vintage","session_id":"pjbulfpnklr48qlpbrkbp0umq4"},"total":7,"products":[{"id":"3381722","shop_id":"20125","user_id":"109292","shop_name":"Aginyul97","shop_zip":"1139","product_code":"4615008","product_name_old":null,"product_name":"Ny\u00falszerelem","category_string":"M\u0171v\u00e9szet, Textilk\u00e9p, Keresztszemes","technic_string":"H\u00edmz\u00e9s","category_1":"357","category_2":"375","category_3":"1160","category_4":"0","merged_category_1":"0","merged_category_2":"0","merged_category_3":"785","technic_1":"487","technic_2":"0","technic_3":"0","color_1":"534","color_2":"0","color_3":"0","product_description_old":null,"product_description":"Kb. 20x15 cm-es keresztszemes h\u00edmz\u00e9s, falik\u00e9pnek aj\u00e1nlom","price":"5000.00","unit":"db","recommended":"0","status":"1","sponsored":"0","exp_notify":"0","own_material":"0","own_material_description_old":null,"own_material_description":"","jury":"0","jury_number":"","product_nature":"","meskaracsony":"0","create_date":"2026-04-14 19:54:58","shelve_id":"53721","image":"aginyul97_product_109292_220505135546_045876.jpeg","image_width":"480","image_height":"319","image_alt":"Ny\u00falszerelem, Kb. 20x15 cm-es keresztszemes h\u00edmz\u00e9s, falik\u00e9pnek aj\u00e1nlom, Meska","image_title":"Ny\u00falszerelem, Meska","view_count":"1157","favourite_count":"0","trending_score":"0","last2MonthFavouriteCount":"0","promotion":"0","giftcard_accept":"0","creditcard_accept":false,"enhanced_background":"0","domain":"meska","specific_customer_id":null,"specific_customer_name":null,"to_order_product":"0","to_order_product_time":"0","product_different":null,"product_different_description":"","vintage":"0","vintage_category_id":"0","recycled":"0","gemstone_id":"0","customizable":"0","type_category":"physical","zerowaste":"0","postage_price":"2390.00","shop_order":"0","has_category":"1","landing_pages":null,"microdata":{"number":1,"category":""},"title":"Ny\u00falszerelem","description":"Kb. 20x15 cm-es keresztszemes h\u00edmz\u00e9s, falik\u00e9pnek aj\u00e1nlom","score":0,"formatted_price":"5 000 Ft","image_url":"https:\/\/www.meska.hu\/img\/product\/small\/a\/g\/aginyul97_product_109292_220505135546_045876.jpeg","formatted_url":"https:\/\/www.meska.hu\/p4615008-nyulszerelem","favourite":false,"in_stock":true,"avatar":"Aginyul97_avatar_109292_1574410828.JPG","delete_from":0,"is_enhanced_background":false,"is_enhanced":false,"product_selection_started":false,"is_active":true,"image_webp_url":"https:\/\/www.meska.hu\/img\/product\/small\/a\/g\/aginyul97_product_109292_220505135546_045876.webp"},{"id":"3507379","shop_id":"21412","user_id":"222642","shop_name":"csirimiri","shop_zip":"1158","product_code":"2704069","product_name_old":null,"product_name":"Portr\u00e9, karikat\u00fara fot\u00f3r\u00f3l","category_string":"M\u0171v\u00e9szet, Portr\u00e9 & Karikat\u00fara, Karikat\u00fara","technic_string":"Fot\u00f3, grafika, rajz, illusztr\u00e1ci\u00f3","category_1":"357","category_2":"368","category_3":"1158","category_4":"0","merged_category_1":"0","merged_category_2":"0","merged_category_3":"785","technic_1":"483","technic_2":"0","technic_3":"0","color_1":"519","color_2":"520","color_3":"0","product_description_old":null,"product_description":"K\u00e9rlek, \u00edrj \u00fczenetet ha rendelni szeretn\u00e9l!\n\nLepj meg valakit egy szem\u00e9lyre sz\u00f3l\u00f3 karikat\u00far\u00e1val vagy portr\u00e9val. Adhatod a f\u0151n\u00f6k\u00f6dnek, a szerelmednek, vagy egy t\u00e1voli rokonodnak.\nA rajzok m\u0171v\u00e9szpap\u00edrra k\u00e9sz\u00fclnek grafittal vagy sz\u00e9nnel, k\u00fcl\u00f6nb\u00f6z\u0151 m\u00e9retben.\nK\u00e9rhetsz plusz egy sz\u00ednt, ami feldobja a rajzot.\n\nAz \u00e1r m\u00e9rett\u0151l \u00e9s a szem\u00e9lyek sz\u00e1m\u00e1t\u00f3l f\u00fcgg. \nPlusz kutya, macska is szem\u00e9lynek sz\u00e1m\u00edt.\nP\u00e9ld\u00e1k:\nA\/4 egy szem\u00e9ly: 6 000-,\nA\/5 h\u00e1rom szem\u00e9ly: 12 000-,\nA\/3 h\u00e1rom szem\u00e9ly: 18 000-.\n\nEz a term\u00e9k A\/4-es m\u00e9ret\u0171.\n\nA v\u00e1s\u00e1rl\u00e1s menete: \nfot\u00f3k alapj\u00e1n v\u00e1zlatot k\u00e9sz\u00edtek, amin ig\u00e9ny szerint lehet v\u00e1ltoztatni. \nV\u00e1s\u00e1rl\u00e1s \u00e9s utal\u00e1s ut\u00e1n pedig befejezem a rajzot \u00e9s post\u00e1ra adom.\nSzem\u00e9lyes \u00e1tv\u00e9teln\u00e9l nem sz\u00fcks\u00e9ges utalni.\n","price":"6000.00","unit":"db","recommended":"0","status":"1","sponsored":"0","exp_notify":"0","own_material":"0","own_material_description_old":null,"own_material_description":"","jury":"0","jury_number":"","product_nature":"","meskaracsony":"0","create_date":"2026-04-02 22:22:42","shelve_id":"51908","image":"csirimiri_product_222642_260118194721_6798.jpeg","image_width":"480","image_height":"698","image_alt":"Portr\u00e9, karikat\u00fara fot\u00f3r\u00f3l, K\u00e9rlek, \u00edrj \u00fczenetet ha rendelni szeretn\u00e9l!\\n\\nLepj meg valakit egy szem\u00e9lyre sz\u00f3l\u00f3 karikat\u00far\u00e1val vagy..., Meska","image_title":"Portr\u00e9, karikat\u00fara fot\u00f3r\u00f3l, Meska","view_count":"1476","favourite_count":"0","trending_score":"0","last2MonthFavouriteCount":"0","promotion":"0","giftcard_accept":"0","creditcard_accept":true,"enhanced_background":"0","domain":"meska","specific_customer_id":null,"specific_customer_name":null,"to_order_product":"1","to_order_product_time":"8","product_different":"not_different","product_different_description":"","vintage":"0","vintage_category_id":"0","recycled":"0","gemstone_id":"0","customizable":"0","type_category":"physical","zerowaste":"0","postage_price":"1290.00","shop_order":"0","has_category":"1","landing_pages":null,"microdata":{"number":2,"category":""},"title":"Portr\u00e9, karikat\u00fara fot\u00f3r\u00f3l","description":"K\u00e9rlek, \u00edrj \u00fczenetet ha rendelni szeretn\u00e9l!\n\nLepj meg valakit egy szem\u00e9lyre sz\u00f3l\u00f3 karikat\u00far\u00e1val vagy portr\u00e9val. Adhatod a f\u0151n\u00f6k\u00f6dnek, a szerelmednek, vagy egy t\u00e1voli rokonodnak.\nA rajzok m\u0171v\u00e9szpap\u00edrra k\u00e9sz\u00fclnek grafittal vagy sz\u00e9nnel, k\u00fcl\u00f6nb\u00f6z\u0151 m\u00e9retben.\nK\u00e9rhetsz plusz egy sz\u00ednt, ami feldobja a rajzot.\n\nAz \u00e1r m\u00e9rett\u0151l \u00e9s a szem\u00e9lyek sz\u00e1m\u00e1t\u00f3l f\u00fcgg. \nPlusz kutya, macska is szem\u00e9lynek sz\u00e1m\u00edt.\nP\u00e9ld\u00e1k:\nA\/4 egy szem\u00e9ly: 6 000-,\nA\/5 h\u00e1rom szem\u00e9ly: 12 000-,\nA\/3 h\u00e1rom szem\u00e9ly: 18 000-.\n\nEz a term\u00e9k A\/4-es m\u00e9ret\u0171.\n\nA v\u00e1s\u00e1rl\u00e1s menete: \nfot\u00f3k alapj\u00e1n v\u00e1zlatot k\u00e9sz\u00edtek, amin ig\u00e9ny szerint lehet v\u00e1ltoztatni. \nV\u00e1s\u00e1rl\u00e1s \u00e9s utal\u00e1s ut\u00e1n pedig befejezem a rajzot \u00e9s post\u00e1ra adom.\nSzem\u00e9lyes \u00e1tv\u00e9teln\u00e9l nem sz\u00fcks\u00e9ges utalni.\n","score":0,"formatted_price":"6 000 Ft","image_url":"https:\/\/www.meska.hu\/img\/product\/small\/c\/s\/csirimiri_product_222642_260118194721_6798.jpeg","formatted_url":"https:\/\/www.meska.hu\/p2704069-gordon","favourite":false,"in_stock":false,"avatar":"222642_avatar_1721137526.jpeg","delete_from":0,"is_enhanced_background":false,"is_enhanced":false,"product_selection_started":false,"is_active":true,"image_webp_url":"https:\/\/www.meska.hu\/img\/product\/small\/c\/s\/csirimiri_product_222642_260118194721_6798.webp"},{"id":"5433824","shop_id":"21412","user_id":"222642","shop_name":"csirimiri","shop_zip":"1158","product_code":"5342713","product_name_old":null,"product_name":"Med\u00faza csal\u00e1d","category_string":"M\u0171v\u00e9szet, Festm\u00e9ny, Akvarell","technic_string":"Fest\u00e9szet","category_1":"357","category_2":"358","category_3":"360","category_4":"0","merged_category_1":null,"merged_category_2":null,"merged_category_3":null,"technic_1":"480","technic_2":"0","technic_3":"0","color_1":"522","color_2":"525","color_3":"528","product_description_old":null,"product_description":"K\u00fcl\u00f6nc med\u00faz\u00e1k bronzos csillog\u00e1ssal.\nAkvarell festm\u00e9ny, 11x27 cm-es pap\u00edron.\nA term\u00e9k keret n\u00e9lk\u00fcl kaphat\u00f3.\nA sz\u00ednekben elt\u00e9r\u00e9s el\u0151fordulhat.","price":"5000.00","unit":"db","recommended":"0","status":"1","sponsored":"0","exp_notify":"0","own_material":"0","own_material_description_old":null,"own_material_description":"","jury":"0","jury_number":"","product_nature":"","meskaracsony":"0","create_date":"2026-03-26 15:31:56","shelve_id":"75092","image":"csirimiri_product_222642_240803131454_411656.jpeg","image_width":"480","image_height":"1183","image_alt":"Med\u00faza csal\u00e1d, K\u00fcl\u00f6nc med\u00faz\u00e1k bronzos csillog\u00e1ssal.\\nAkvarell festm\u00e9ny, 11x27 cm-es pap\u00edron.\\nA term\u00e9k keret n\u00e9lk\u00fcl k..., Meska","image_title":"Med\u00faza csal\u00e1d, Meska","view_count":"461","favourite_count":"0","trending_score":"0","last2MonthFavouriteCount":"0","promotion":"0","giftcard_accept":"0","creditcard_accept":true,"enhanced_background":"0","domain":"meska","specific_customer_id":null,"specific_customer_name":null,"to_order_product":"0","to_order_product_time":"0","product_different":null,"product_different_description":"","vintage":"0","vintage_category_id":"0","recycled":"0","gemstone_id":"0","customizable":"0","type_category":"physical","zerowaste":"0","postage_price":"1290.00","shop_order":"0","has_category":"1","landing_pages":null,"microdata":{"number":3,"category":""},"title":"Med\u00faza csal\u00e1d","description":"K\u00fcl\u00f6nc med\u00faz\u00e1k bronzos csillog\u00e1ssal.\nAkvarell festm\u00e9ny, 11x27 cm-es pap\u00edron.\nA term\u00e9k keret n\u00e9lk\u00fcl kaphat\u00f3.\nA sz\u00ednekben elt\u00e9r\u00e9s el\u0151fordulhat.","score":0,"formatted_price":"5 000 Ft","image_url":"https:\/\/www.meska.hu\/img\/product\/small\/c\/s\/csirimiri_product_222642_240803131454_411656.jpeg","formatted_url":"https:\/\/www.meska.hu\/p5342713-meduza-csalad","favourite":false,"in_stock":true,"avatar":"222642_avatar_1721137526.jpeg","delete_from":0,"is_enhanced_background":false,"is_enhanced":false,"product_selection_started":false,"is_active":true,"image_webp_url":"https:\/\/www.meska.hu\/img\/product\/small\/c\/s\/csirimiri_product_222642_240803131454_411656.webp"},{"id":"6002718","shop_id":"21412","user_id":"222642","shop_name":"csirimiri","shop_zip":"1158","product_code":"5675967","product_name_old":null,"product_name":"Levendul\u00e1s mini festm\u00e9ny","category_string":"M\u0171v\u00e9szet, Festm\u00e9ny, Akvarell","technic_string":"Fest\u00e9szet","category_1":"357","category_2":"358","category_3":"360","category_4":"0","merged_category_1":null,"merged_category_2":null,"merged_category_3":null,"technic_1":"480","technic_2":"0","technic_3":"0","color_1":"522","color_2":"525","color_3":"526","product_description_old":null,"product_description":"Akvarell festm\u00e9ny ak\u00e1r asztali d\u00edsznek vagy k\u00f6nyvjelz\u0151nek.\nM\u00e9rete 16 x 13 cm, keret n\u00e9lk\u00fcl.\nA sz\u00ednekben elt\u00e9r\u00e9s el\u0151fordulhat.\n","price":"2500.00","unit":"db","recommended":"0","status":"1","sponsored":"0","exp_notify":"0","own_material":"0","own_material_description_old":null,"own_material_description":"","jury":"0","jury_number":"","product_nature":"","meskaracsony":"0","create_date":"2026-03-17 19:30:22","shelve_id":"75092","image":"csirimiri_product_222642_251117190210_97388.jpeg","image_width":"480","image_height":"372","image_alt":"Levendul\u00e1s mini festm\u00e9ny, Akvarell festm\u00e9ny ak\u00e1r asztali d\u00edsznek vagy k\u00f6nyvjelz\u0151nek.\\nM\u00e9rete 16 x 13 cm, keret n\u00e9lk\u00fcl.\\nA sz\u00ednek..., Meska","image_title":"Levendul\u00e1s mini festm\u00e9ny, Meska","view_count":"96","favourite_count":"0","trending_score":"0","last2MonthFavouriteCount":"0","promotion":0,"giftcard_accept":"0","creditcard_accept":true,"enhanced_background":"0","domain":"meska","specific_customer_id":null,"specific_customer_name":null,"to_order_product":"0","to_order_product_time":"0","product_different":null,"product_different_description":"","vintage":"0","vintage_category_id":"0","recycled":"0","gemstone_id":"0","customizable":"0","type_category":"physical","zerowaste":"0","postage_price":"1290.00","shop_order":"0","has_category":"1","landing_pages":null,"microdata":{"number":4,"category":""},"title":"Levendul\u00e1s mini festm\u00e9ny","description":"Akvarell festm\u00e9ny ak\u00e1r asztali d\u00edsznek vagy k\u00f6nyvjelz\u0151nek.\nM\u00e9rete 16 x 13 cm, keret n\u00e9lk\u00fcl.\nA sz\u00ednekben elt\u00e9r\u00e9s el\u0151fordulhat.\n","score":0,"formatted_price":"2 500 Ft","image_url":"https:\/\/www.meska.hu\/img\/product\/small\/c\/s\/csirimiri_product_222642_251117190210_97388.jpeg","formatted_url":"https:\/\/www.meska.hu\/p5675967-levendulas-mini-festmeny","favourite":false,"in_stock":true,"avatar":"222642_avatar_1721137526.jpeg","delete_from":0,"is_enhanced_background":false,"is_enhanced":false,"product_selection_started":false,"is_active":true,"image_webp_url":"https:\/\/www.meska.hu\/img\/product\/small\/c\/s\/csirimiri_product_222642_251117190210_97388.webp"},{"id":"6064156","shop_id":"51364","user_id":"765087","shop_name":"KromekART","shop_zip":"1044","product_code":"5697588","product_name_old":null,"product_name":"Blue And Gray 50X100","category_string":"M\u0171v\u00e9szet, Festm\u00e9ny, Akril","technic_string":"Fest\u00e9szet, Festett t\u00e1rgyak","category_1":"357","category_2":"358","category_3":"359","category_4":"0","merged_category_1":null,"merged_category_2":null,"merged_category_3":null,"technic_1":"480","technic_2":"481","technic_3":"0","color_1":"520","color_2":"521","color_3":"527","product_description_old":null,"product_description":"Hideg sz\u00ednkombin\u00e1ci\u00f3k, korl\u00e1tok, szab\u00e1lyok, rendszer n\u00e9lk\u00fcl.\nEzt a k\u00e9pet a szabad alkot\u00e1s jegy\u00e9ben k\u00e9sz\u00edtettem, mindenf\u00e9le koncepci\u00f3 n\u00e9lk\u00fcl, egyszer\u0171en hagytam hogy az  aktu\u00e1lis \u00e9rz\u00e9seim vezess\u00e9k az ecsetet.\nAz utcai m\u0171v\u00e9szetek jegyeit visel\u0151 dinamikus absztrakci\u00f3.\nCsod\u00e1san mutat fiatalos, modern lak\u00e1sban, vagy ak\u00e1r egy dolgoz\u00f3szob\u00e1ban a monitor felett.\n\nKromek Zsolt\nBlue And Gray\n2023\nAnyag: Akril, fest\u00e9ksz\u00f3r\u00f3\n50X100 cm","price":"75000.00","unit":"db","recommended":"0","status":"1","sponsored":"0","exp_notify":"0","own_material":"0","own_material_description_old":null,"own_material_description":"","jury":"0","jury_number":"","product_nature":"","meskaracsony":"0","create_date":"2026-03-08 20:24:49","shelve_id":"82065","image":"kromekart_product_765087_260106222940_949.jpeg","image_width":"480","image_height":"480","image_alt":"Blue And Gray 50X100, Hideg sz\u00ednkombin\u00e1ci\u00f3k, korl\u00e1tok, szab\u00e1lyok, rendszer n\u00e9lk\u00fcl.\\nEzt a k\u00e9pet a szabad alkot\u00e1s jegy\u00e9ben k..., Meska","image_title":"Blue And Gray 50X100, Meska","view_count":"122","favourite_count":"3","trending_score":"0","last2MonthFavouriteCount":"3","promotion":"0","giftcard_accept":"0","creditcard_accept":true,"enhanced_background":"0","domain":"meska","specific_customer_id":null,"specific_customer_name":null,"to_order_product":"0","to_order_product_time":"0","product_different":null,"product_different_description":"","vintage":"0","vintage_category_id":"0","recycled":"0","gemstone_id":"0","customizable":"0","type_category":"physical","zerowaste":"0","postage_price":"1290.00","shop_order":"0","has_category":"1","landing_pages":null,"microdata":{"number":5,"category":""},"title":"Blue And Gray 50X100","description":"Hideg sz\u00ednkombin\u00e1ci\u00f3k, korl\u00e1tok, szab\u00e1lyok, rendszer n\u00e9lk\u00fcl.\nEzt a k\u00e9pet a szabad alkot\u00e1s jegy\u00e9ben k\u00e9sz\u00edtettem, mindenf\u00e9le koncepci\u00f3 n\u00e9lk\u00fcl, egyszer\u0171en hagytam hogy az  aktu\u00e1lis \u00e9rz\u00e9seim vezess\u00e9k az ecsetet.\nAz utcai m\u0171v\u00e9szetek jegyeit visel\u0151 dinamikus absztrakci\u00f3.\nCsod\u00e1san mutat fiatalos, modern lak\u00e1sban, vagy ak\u00e1r egy dolgoz\u00f3szob\u00e1ban a monitor felett.\n\nKromek Zsolt\nBlue And Gray\n2023\nAnyag: Akril, fest\u00e9ksz\u00f3r\u00f3\n50X100 cm","score":0,"formatted_price":"75 000 Ft","image_url":"https:\/\/www.meska.hu\/img\/product\/small\/k\/r\/kromekart_product_765087_260106222940_949.jpeg","formatted_url":"https:\/\/www.meska.hu\/p5697588-blue-and-gray-50-x-100","favourite":false,"in_stock":true,"avatar":"765087_avatar_1767641498.jpeg","delete_from":0,"is_enhanced_background":false,"is_enhanced":false,"product_selection_started":false,"is_active":true,"image_webp_url":"https:\/\/www.meska.hu\/img\/product\/small\/k\/r\/kromekart_product_765087_260106222940_949.webp"},{"id":"3443609","shop_id":"21412","user_id":"222642","shop_name":"csirimiri","shop_zip":"1158","product_code":"3733022","product_name_old":null,"product_name":"Karikat\u00fara fot\u00f3r\u00f3l","category_string":"M\u0171v\u00e9szet, Portr\u00e9 & Karikat\u00fara, Karikat\u00fara","technic_string":"Fot\u00f3, grafika, rajz, illusztr\u00e1ci\u00f3","category_1":"357","category_2":"368","category_3":"1158","category_4":"0","merged_category_1":"0","merged_category_2":"0","merged_category_3":"785","technic_1":"483","technic_2":"0","technic_3":"0","color_1":"519","color_2":"520","color_3":"527","product_description_old":null,"product_description":"Ha rendelni szeretn\u00e9l, k\u00e9rlek \u00edrj \u00fczenetet!\n\nKarikat\u00fara vagy portr\u00e9 fot\u00f3r\u00f3l, p\u00e1r nap alatt.\nA\/5-\u00f6s m\u00e9rett\u0151l A\/2-esig, egy vagy t\u00f6bb szem\u00e9lyr\u0151l, kis kedvencr\u0151l, h\u00edress\u00e9gr\u0151l.\nK\u00e9rhetsz egyedi m\u00e9retet, pl A\/4-es (21x29,7 cm) helyett 20x30 cm, vagy plusz egy sz\u00ednt, ami feldobja a rajzot.\nM\u0171v\u00e9sz pap\u00edrra, grafit vagy sz\u00e9nceruz\u00e1val k\u00e9sz\u00fcl.\n\nA v\u00e1s\u00e1rl\u00e1s menete:\nEgy konkr\u00e9t vagy ak\u00e1r t\u00f6bb fot\u00f3 alapj\u00e1n ingyenes v\u00e1zlatot k\u00e9sz\u00edtek, amin ig\u00e9ny szerint lehet v\u00e1ltoztatni.\nA term\u00e9k v\u00e1s\u00e1rl\u00e1sa ut\u00e1n befejezem a rajzot, utal\u00e1s ut\u00e1n pedig k\u00fcld\u00f6m a csomagot.\nSzem\u00e9lyes \u00e1tv\u00e9teln\u00e9l nem sz\u00fcks\u00e9ges el\u0151re utalni.\n\nAz \u00e1r m\u00e9rett\u0151l \u00e9s a szem\u00e9lyek sz\u00e1m\u00e1t\u00f3l f\u00fcgg. \nPlusz kutya, macska is szem\u00e9lynek sz\u00e1m\u00edt.\nP\u00e9ld\u00e1k:\nA\/3 egy szem\u00e9ly: 8000-,\nA\/5 n\u00e9gy szem\u00e9ly: 16 000-,\nA\/3 h\u00e1rom szem\u00e9ly: 18 000-.\n\nEz a rajz A\/4-es m\u00e9ret\u0171.\n\n\n","price":"10000.00","unit":"db","recommended":"0","status":"1","sponsored":"0","exp_notify":"0","own_material":"0","own_material_description_old":null,"own_material_description":"","jury":"0","jury_number":"","product_nature":"","meskaracsony":"0","create_date":"2026-02-08 19:07:55","shelve_id":"51908","image":"csirimiri_product_222642_260118220621_31535.jpeg","image_width":"480","image_height":"618","image_alt":"Karikat\u00fara fot\u00f3r\u00f3l, Ha rendelni szeretn\u00e9l, k\u00e9rlek \u00edrj \u00fczenetet!\\n\\nKarikat\u00fara vagy portr\u00e9 fot\u00f3r\u00f3l, p\u00e1r nap alatt.\\nA\/5-\u00f6s m..., Meska","image_title":"Karikat\u00fara fot\u00f3r\u00f3l, Meska","view_count":"1659","favourite_count":"0","trending_score":"0","last2MonthFavouriteCount":"0","promotion":"0","giftcard_accept":"0","creditcard_accept":true,"enhanced_background":"0","domain":"meska","specific_customer_id":null,"specific_customer_name":null,"to_order_product":"1","to_order_product_time":"8","product_different":"not_different","product_different_description":"","vintage":"0","vintage_category_id":"0","recycled":"0","gemstone_id":"0","customizable":"0","type_category":"physical","zerowaste":"0","postage_price":"1290.00","shop_order":"0","has_category":"1","landing_pages":null,"microdata":{"number":6,"category":""},"title":"Karikat\u00fara fot\u00f3r\u00f3l","description":"Ha rendelni szeretn\u00e9l, k\u00e9rlek \u00edrj \u00fczenetet!\n\nKarikat\u00fara vagy portr\u00e9 fot\u00f3r\u00f3l, p\u00e1r nap alatt.\nA\/5-\u00f6s m\u00e9rett\u0151l A\/2-esig, egy vagy t\u00f6bb szem\u00e9lyr\u0151l, kis kedvencr\u0151l, h\u00edress\u00e9gr\u0151l.\nK\u00e9rhetsz egyedi m\u00e9retet, pl A\/4-es (21x29,7 cm) helyett 20x30 cm, vagy plusz egy sz\u00ednt, ami feldobja a rajzot.\nM\u0171v\u00e9sz pap\u00edrra, grafit vagy sz\u00e9nceruz\u00e1val k\u00e9sz\u00fcl.\n\nA v\u00e1s\u00e1rl\u00e1s menete:\nEgy konkr\u00e9t vagy ak\u00e1r t\u00f6bb fot\u00f3 alapj\u00e1n ingyenes v\u00e1zlatot k\u00e9sz\u00edtek, amin ig\u00e9ny szerint lehet v\u00e1ltoztatni.\nA term\u00e9k v\u00e1s\u00e1rl\u00e1sa ut\u00e1n befejezem a rajzot, utal\u00e1s ut\u00e1n pedig k\u00fcld\u00f6m a csomagot.\nSzem\u00e9lyes \u00e1tv\u00e9teln\u00e9l nem sz\u00fcks\u00e9ges el\u0151re utalni.\n\nAz \u00e1r m\u00e9rett\u0151l \u00e9s a szem\u00e9lyek sz\u00e1m\u00e1t\u00f3l f\u00fcgg. \nPlusz kutya, macska is szem\u00e9lynek sz\u00e1m\u00edt.\nP\u00e9ld\u00e1k:\nA\/3 egy szem\u00e9ly: 8000-,\nA\/5 n\u00e9gy szem\u00e9ly: 16 000-,\nA\/3 h\u00e1rom szem\u00e9ly: 18 000-.\n\nEz a rajz A\/4-es m\u00e9ret\u0171.\n\n\n","score":0,"formatted_price":"10 000 Ft","image_url":"https:\/\/www.meska.hu\/img\/product\/small\/c\/s\/csirimiri_product_222642_260118220621_31535.jpeg","formatted_url":"https:\/\/www.meska.hu\/p3733022-karikatura-fotorol-billie","favourite":false,"in_stock":false,"avatar":"222642_avatar_1721137526.jpeg","delete_from":0,"is_enhanced_background":false,"is_enhanced":false,"product_selection_started":false,"is_active":true,"image_webp_url":"https:\/\/www.meska.hu\/img\/product\/small\/c\/s\/csirimiri_product_222642_260118220621_31535.webp"},{"id":"4688863","shop_id":"23695","user_id":"266663","shop_name":"spezso","shop_zip":"2143","product_code":"4892068","product_name_old":null,"product_name":"Szerelemes, szeret\u0151 sz\u00edvek.T\u00f6bb f\u00e9le.-Egyedi felirattal szem\u00e9lyess\u00e9 tehet\u0151. -K\u00e9zzel k\u00e9sz\u00fclt k\u00e9p, \u00fcvegfestm\u00e9ny.","category_string":"M\u0171v\u00e9szet, Festm\u00e9ny, \u00dcvegfestm\u00e9ny","technic_string":"Fest\u00e9szet, \u00dcvegm\u0171v\u00e9szet","category_1":"357","category_2":"358","category_3":"1325","category_4":"0","merged_category_1":"0","merged_category_2":"0","merged_category_3":"785","technic_1":"480","technic_2":"505","technic_3":"0","color_1":"519","color_2":"521","color_3":"523","product_description_old":null,"product_description":"Kedves n\u00e9zel\u0151d\u0151, k\u00f6sz\u00f6nt\u00f6m az oldalamon.\nEzt a kedves kis k\u00e9pet \u00e9ppen most festettem Valentin napi hangulatban. \nA k\u00e9p szem\u00e9lyesebb\u00e9 tehet\u0151, - szem\u00e9lyre \u00e9s alkalomra szabhat\u00f3. - A k\u00e9pre, ill. a k\u00e9p al\u00e1 nevet, d\u00e1tumot esetleg r\u00f6vid sz\u00f6veget \/ami r\u00e1f\u00e9r a k\u00e9pre\/ - ut\u00f3lag r\u00e1 tudok \u00edrni.\n Egy speci\u00e1lis, modern hideg-s\u00edk\u00fcveg fest\u00e9si technik\u00e1val festettem, amit sz\u00e9pen csillog\u00f3, f\u00e9nyes fel\u00fcletek jellemeznek, igy az alkalomhoz m\u00e9g jobban illik.\nA k\u00e9p m\u00e9rete bekeretezve 26x35cm, ill. 25x30 cm kerett\u0151l f\u00fcgg\u0151en. Falra akaszthat\u00f3 vagy asztalra is helyezhet\u0151 k\u00e9pkeret, - k\u00e9zzel festett, egyedi \u00e9s szign\u00f3zott.\nA k\u00e9pek k\u00e9szen vannak, ak\u00e1r azonnal is elvihet\u0151k. Szem\u00e9lyes \u00e1tv\u00e9tel is lehets\u00e9ges Kistarcs\u00e1n, \nvagy Budapesten \u00d6rs vez\u00e9r tere. Ha post\u00e1zni kell, akkor t\u00f6r\u00e9sbiztos csomagol\u00e1sban k\u00fcld\u00f6m a Magyar Post\u00e1val.\nK\u00f6sz\u00f6n\u00f6m, hogy ben\u00e9zett hozz\u00e1m, ha ideje engedi n\u00e9zze meg a t\u00f6bbi term\u00e9kemet is. \nRem\u00e9lem, hogy megleli \u00e1lmai aj\u00e1nd\u00e9k\u00e1t. \u00dcdv. Spezso","price":"13888.00","unit":"db","recommended":"0","status":"1","sponsored":"0","exp_notify":"0","own_material":"0","own_material_description_old":null,"own_material_description":"","jury":"0","jury_number":"","product_nature":"","meskaracsony":"0","create_date":"2026-01-06 01:18:30","shelve_id":"65243","image":"spezso_product_266663_230319212658_775498.jpeg","image_width":"480","image_height":"640","image_alt":"Szerelemes, szeret\u0151 sz\u00edvek.T\u00f6bb f\u00e9le.-Egyedi felirattal szem\u00e9lyess\u00e9 tehet\u0151. -K\u00e9zzel k\u00e9sz\u00fclt k\u00e9p, \u00fcvegfestm\u00e9ny., Kedves n\u00e9zel\u0151d\u0151, k\u00f6sz\u00f6nt\u00f6m az oldalamon.\\nEzt a kedves kis k\u00e9pet \u00e9ppen most festettem Valentin napi h..., Meska","image_title":"Szerelemes, szeret\u0151 sz\u00edvek.T\u00f6bb f\u00e9le.-Egyedi felirattal szem\u00e9lyess\u00e9 tehet\u0151. -K\u00e9zzel k\u00e9sz\u00fclt k\u00e9p, \u00fcvegfestm\u00e9ny., Meska","view_count":"1842","favourite_count":"0","trending_score":"0","last2MonthFavouriteCount":"0","promotion":"0","giftcard_accept":"1","creditcard_accept":false,"enhanced_background":"0","domain":"meska","specific_customer_id":null,"specific_customer_name":null,"to_order_product":"0","to_order_product_time":"0","product_different":null,"product_different_description":"","vintage":"0","vintage_category_id":"0","recycled":"0","gemstone_id":"0","customizable":"1","type_category":"physical","zerowaste":"0","postage_price":"0.00","shop_order":"0","has_category":"1","landing_pages":null,"microdata":{"number":7,"category":""},"title":"Szerelemes, szeret\u0151 sz\u00edvek.T\u00f6bb f\u00e9le.-Egyedi felirattal szem\u00e9lyess\u00e9 tehet\u0151. -K\u00e9zzel k\u00e9sz\u00fclt k\u00e9p, \u00fcvegfestm\u00e9ny.","description":"Kedves n\u00e9zel\u0151d\u0151, k\u00f6sz\u00f6nt\u00f6m az oldalamon.\nEzt a kedves kis k\u00e9pet \u00e9ppen most festettem Valentin napi hangulatban. \nA k\u00e9p szem\u00e9lyesebb\u00e9 tehet\u0151, - szem\u00e9lyre \u00e9s alkalomra szabhat\u00f3. - A k\u00e9pre, ill. a k\u00e9p al\u00e1 nevet, d\u00e1tumot esetleg r\u00f6vid sz\u00f6veget \/ami r\u00e1f\u00e9r a k\u00e9pre\/ - ut\u00f3lag r\u00e1 tudok \u00edrni.\n Egy speci\u00e1lis, modern hideg-s\u00edk\u00fcveg fest\u00e9si technik\u00e1val festettem, amit sz\u00e9pen csillog\u00f3, f\u00e9nyes fel\u00fcletek jellemeznek, igy az alkalomhoz m\u00e9g jobban illik.\nA k\u00e9p m\u00e9rete bekeretezve 26x35cm, ill. 25x30 cm kerett\u0151l f\u00fcgg\u0151en. Falra akaszthat\u00f3 vagy asztalra is helyezhet\u0151 k\u00e9pkeret, - k\u00e9zzel festett, egyedi \u00e9s szign\u00f3zott.\nA k\u00e9pek k\u00e9szen vannak, ak\u00e1r azonnal is elvihet\u0151k. Szem\u00e9lyes \u00e1tv\u00e9tel is lehets\u00e9ges Kistarcs\u00e1n, \nvagy Budapesten \u00d6rs vez\u00e9r tere. Ha post\u00e1zni kell, akkor t\u00f6r\u00e9sbiztos csomagol\u00e1sban k\u00fcld\u00f6m a Magyar Post\u00e1val.\nK\u00f6sz\u00f6n\u00f6m, hogy ben\u00e9zett hozz\u00e1m, ha ideje engedi n\u00e9zze meg a t\u00f6bbi term\u00e9kemet is. \nRem\u00e9lem, hogy megleli \u00e1lmai aj\u00e1nd\u00e9k\u00e1t. \u00dcdv. Spezso","score":0,"formatted_price":"13 888 Ft","image_url":"https:\/\/www.meska.hu\/img\/product\/small\/s\/p\/spezso_product_266663_230319212658_775498.jpeg","formatted_url":"https:\/\/www.meska.hu\/p4892068-szerelemes-szivek-egyedi-felirattal-szemelyesse-teheto-kezzel-keszult-uvegre-festett-kep-uvegfestmeny","favourite":false,"in_stock":true,"avatar":"spezso_avatar_266663_1587803542.jpg","delete_from":0,"is_enhanced_background":false,"is_enhanced":false,"product_selection_started":false,"is_active":true,"image_webp_url":"https:\/\/www.meska.hu\/img\/product\/small\/s\/p\/spezso_product_266663_230319212658_775498.webp"}],"canonicals":{"canonical":"https:\/\/www.meska.hu\/s\/muveszet:elso-randira\/c-357:go-30"},"seo":{"title":"M\u0171v\u00e9szeti aj\u00e1nd\u00e9kok - Meska k\u00e9zm\u0171ves piact\u00e9r","seoTitle":"M\u0171v\u00e9szeti aj\u00e1nd\u00e9kok","seoDescription":"<b>K\u00e9zm\u0171ves alkot\u00e1sok <\/b>nagy v\u00e1laszt\u00e9kban. \u2b50 Eredeti <b>m\u0171v\u00e9szeti aj\u00e1nd\u00e9kok <\/b>\u00e9s <b>m\u0171v\u00e9szi \u00e9rt\u00e9k\u0171 t\u00e1rgyak<\/b> egyedi megrendel\u00e9sre is, nagy v\u00e1laszt\u00e9kban. \u2714\ufe0f N\u00e9zz k\u00f6rbe!\n\n<b>M\u0171v\u00e9szet <\/b>f\u0151kateg\u00f3ri\u00e1nkban rengeteg k\u00e9zzel k\u00e9sz\u00fclt <b>m\u0171v\u00e9szeti \u00e9rt\u00e9k\u0171 t\u00e1rgy<\/b>at, alkot\u00e1st tal\u00e1lsz, amik remek egyedi aj\u00e1nd\u00e9k\u00f6tletek \u00e9s dekor\u00e1ci\u00f3k lehetnek b\u00e1rki otthon\u00e1ba. V\u00e1logass r\u00e9gi \u00e9s \u00e9rt\u00e9kes bakelit lemezek, egyedi festm\u00e9nyek, szobrok \u00e9s textilk\u00e9pek k\u00f6z\u00f6tt, esetleg k\u00e9sz\u00edttess szem\u00e9lyre sz\u00f3l\u00f3 aj\u00e1nd\u00e9kot egy egyedi grafika, aj\u00e1nd\u00e9k portr\u00e9 vagy karikat\u00fara form\u00e1j\u00e1ban. Ne feledd: alkot\u00f3inkt\u00f3l szem\u00e9lyre szabott<b> m\u0171v\u00e9szeti alkot\u00e1s<\/b> is rendelhet\u0151, \u00edgy ha k\u00fcl\u00f6nleges dekor\u00e1ci\u00f3t, aj\u00e1nd\u00e9kot szeretn\u00e9l, csak vedd fel vel\u00fck a kapcsolatot, \u00e9s elk\u00e9sz\u00edtik neked a t\u00f6k\u00e9letes <b>m\u0171v\u00e9szeti t\u00e1rgy<\/b>at, aj\u00e1nd\u00e9kot. \n\nA lekberendez\u00e9s szerelmeseinek, <b>kort\u00e1s m\u0171v\u00e9szet<\/b> kedvel\u0151inek ide\u00e1lis aj\u00e1nd\u00e9k lehet egy k\u00fcl\u00f6n megrendel\u00e9sre k\u00e9sz\u00fclt <b>fali k\u00e9p<\/b>. \ud83d\uddbc\ufe0f Az <b>absztrakt k\u00e9pek falra<\/b>, illetve egy\u00e9b st\u00edlus\u00fa <b>modern falik\u00e9pek <\/b>divatos \u00e9s \u00e9rt\u00e9kes kieg\u00e9sz\u00edt\u0151i az enteri\u0151rnek, amik k\u00fcl\u00f6n\u00f6sen egy modern b\u00fatoroz\u00e1s\u00fa lak\u00e1sban mutatnak j\u00f3l. Hogy mi\u00e9rt remek aj\u00e1nd\u00e9k egyedi <b>k\u00e9pek<\/b>et k\u00e9sz\u00edttetnek<b> falra<\/b>? Mert ez igaz\u00e1n szem\u00e9lyes \u00e9s egyed\u00fcl\u00e1ll\u00f3 aj\u00e1nd\u00e9k, ami boltban nem megv\u00e1s\u00e1rolhat\u00f3, r\u00e1ad\u00e1sul dekorat\u00edv \u00e9s hosszantart\u00f3 aj\u00e1nd\u00e9k, ami \u00e9vek m\u00falt\u00e1n is \u0151rzi \u00e9rt\u00e9k\u00e9t. St\u00edlus tekintet\u00e9ben <b>m\u0171v\u00e9szi k\u00e9pek <\/b>sz\u00e1mos fajt\u00e1j\u00e1val tal\u00e1lkozhatsz a Meska k\u00edn\u00e1lat\u00e1ban. A <b>modern fali k\u00e9p<\/b>t\u0151l a <b>m\u0171v\u00e9szi fot\u00f3k<\/b>ig, karikat\u00far\u00e1kt\u00f3l a koll\u00e1zsig, rajzokt\u00f3l a festm\u00e9nyekig b\u0151s\u00e9ggel lehet v\u00e1logatni<b> k\u00e9pet a falra<\/b> saj\u00e1t vagy egy ismer\u0151s h\u00e1z\u00e1ba. ","metaDescription":"K\u00e9zm\u0171ves alkot\u00e1sok nagy v\u00e1laszt\u00e9kban. \u2b50 Eredeti m\u0171v\u00e9szeti aj\u00e1nd\u00e9kok \u00e9s m\u0171v\u00e9szi \u00e9rt\u00e9k\u0171 t\u00e1rgyak egyedi megrendel\u00e9sre is, nagy v\u00e1laszt\u00e9kban. \u2714\ufe0f N\u00e9zz k\u00f6rbe!","metaNoIndex":true,"metaNoFollow":0,"seoFound":true,"ogImage":"https:\/\/www.meska.hu\/img\/category_seo\/357-muveszeti-ajandekok--meska-kezmuves-piacter_QjGZv.jpg","canonicals":"https:\/\/www.meska.hu\/s\/muveszet:elso-randira\/c-357:go-30"},"breadcrumb":[{"position":1,"name":"Meska.hu","url":"https:\/\/www.meska.hu","last":false},{"position":2,"name":"M\u0171v\u00e9szet","url":"https:\/\/www.meska.hu\/s\/muveszet:elso-randira\/c-357:go-30","last":true}],"h1":"M\u0171v\u00e9szet","url":{"url":"https:\/\/www.meska.hu\/s\/muveszet:elso-randira\/c-357:go-30","title":"Mind","_debug_":false},"_count_":7}