{"_terms_":{"phrase":"*","category_id":"1009","category_ids":"1009","gift_occasion":"29","facets":"n","p":"1","pp":"100","sort_by":"create_date","sort_direction":"desc","product_type":"kezmuves|alapanyag|vintage","session_id":"b3haogdttr5a1374t3dhv7j3uk"},"total":0,"products":[],"canonicals":{"canonical":"https:\/\/www.meska.hu\/s\/mikulas:bocsanatkeres-alkalmabol\/c-1009:go-29"},"seo":{"title":"Mikul\u00e1s k\u00e9zm\u0171ves \u00f6tletek, aj\u00e1nd\u00e9kok - Meska k\u00e9zm\u0171ves piact\u00e9r","seoTitle":"Mikul\u00e1s k\u00e9zm\u0171ves \u00f6tletek, aj\u00e1nd\u00e9kok, dekor\u00e1ci\u00f3k","seoDescription":"A kar\u00e1csonyi id\u0151szak egyik legfontosabb karaktere a <b>Mikul\u00e1s<\/b>, k\u00fcl\u00f6n\u00f6sen a gyerekek sz\u00e1m\u00e1ra. \ud83c\udf85 A Meska alkot\u00f3i id\u00e9n is rengeteg <b>t\u00e9lap\u00f3 <\/b>dekori\u00e1ci\u00f3val, mikul\u00e1s k\u00e9zm\u0171ves \u00f6tletekkel \u00e9s d\u00edszekkel k\u00e9sz\u00fcltek a gyerekeknek \u00e9s feln\u0151tteknek egyar\u00e1nt. Vicces, k\u00fclt\u00e9ri  mikul\u00e1s dekor\u00e1ci\u00f3k mellett <a href=\"https:\/\/www.meska.hu\/s\/mikulas-belteri-dekoracio\/c-1294\">belt\u00e9ri mikul\u00e1s dekor\u00e1ci\u00f3k<\/a>at is tal\u00e1lsz a k\u00edn\u00e1latunkban.  Amennyiben aj\u00e1nd\u00e9k\u00f6tlet ut\u00e1n kutatsz, b\u00f6ng\u00e9szd v\u00e9gig k\u00edn\u00e1latunk k\u00e9zm\u0171ves <b>mikul\u00e1s k\u00e9zm\u0171ves \u00f6tletek<\/b>\u00e9rt, vagy rendelj szem\u00e9lyre sz\u00f3l\u00f3, neves <a href=\"https:\/\/www.meska.hu\/s\/mikulas-zsak\/c-1293\">mikul\u00e1s zs\u00e1k<\/a>ot.\n\n<strong>Mikul\u00e1s<\/strong>: Hozd el az \u00fcnnepi var\u00e1zslatot a Meska <strong>Mikul\u00e1s k\u00e9zm\u0171ves \u00f6tletek<\/strong> \u00e9s egyedi aj\u00e1nd\u00e9kok seg\u00edts\u00e9g\u00e9vel! A t\u00e9l egyik legjobban v\u00e1rt esem\u00e9nye a Mikul\u00e1s napja, amely t\u00f6k\u00e9letes alkalom arra, hogy meglepj\u00fck szeretteinket kedves, k\u00e9zzel k\u00e9sz\u00edtett aj\u00e1nd\u00e9kokkal. Legyen sz\u00f3 gyerekeknek sz\u00e1nt <strong>t\u00e9lap\u00f3 aj\u00e1nd\u00e9kok<\/strong>r\u00f3l vagy k\u00fcl\u00f6nleges dekor\u00e1ci\u00f3kr\u00f3l, a Meska k\u00edn\u00e1lat\u00e1ban mindenki megtal\u00e1lja a hangulathoz ill\u0151 k\u00e9zm\u0171ves term\u00e9keket.\n\nA Meska alkot\u00f3i gondosan megtervezett, min\u0151s\u00e9gi alapanyagokb\u00f3l k\u00e9sz\u00fclt <strong>t\u00e9lap\u00f3<\/strong> figur\u00e1kat, dekor\u00e1ci\u00f3kat \u00e9s aj\u00e1nd\u00e9kokat k\u00edn\u00e1lnak, amelyek minden otthonban \u00fcnnepi hangulatot teremtenek.\n\n<H2 class=\"text-meska\/base-orange\"><strong>Mikul\u00e1s k\u00e9zm\u0171ves \u00f6tletek<\/strong> \u2013 Kreativit\u00e1s \u00e9s \u00fcnnepi hangulat<\/H2>\nA <strong>Mikul\u00e1s k\u00e9zm\u0171ves \u00f6tletek<\/strong> seg\u00edts\u00e9g\u00e9vel egyedi dekor\u00e1ci\u00f3kat \u00e9s aj\u00e1nd\u00e9kokat k\u00e9sz\u00edthetsz, amelyekkel meglepheted szeretteidet. A k\u00fcl\u00f6nf\u00e9le k\u00e9zzel k\u00e9sz\u00edtett Mikul\u00e1s-figur\u00e1k, ajt\u00f3d\u00edszek \u00e9s ablakdekor\u00e1ci\u00f3k minden otthonban a t\u00e9l \u00e9s az \u00fcnnepek var\u00e1zs\u00e1t hozz\u00e1k el. Ezek a kreat\u00edv megold\u00e1sok nemcsak szemet gy\u00f6ny\u00f6rk\u00f6dtet\u0151ek, hanem tart\u00f3sak is, \u00edgy hossz\u00fa \u00e9veken \u00e1t d\u00edsz\u00edthetik a lak\u00e1st.\n\n<H2 class=\"text-meska\/base-orange\"><strong>T\u00e9lap\u00f3<\/strong> \u2013 Az \u00fcnnepi k\u00e9sz\u00fcl\u0151d\u00e9s f\u0151szerepl\u0151je<\/H2>\nA <strong>t\u00e9lap\u00f3<\/strong> figur\u00e1k \u00e9s dekor\u00e1ci\u00f3k n\u00e9lk\u00fcl\u00f6zhetetlenek az \u00fcnnepi id\u0151szakban. A k\u00e9zzel k\u00e9sz\u00edtett darabok k\u00f6z\u00f6tt tal\u00e1lhatsz klasszikus piros ruh\u00e1s Mikul\u00e1sokat, modern megjelen\u00e9s\u0171 figur\u00e1kat, s\u0151t ak\u00e1r k\u00fcl\u00f6nleges anyagokb\u00f3l, p\u00e9ld\u00e1ul f\u00e1b\u00f3l vagy ker\u00e1mi\u00e1b\u00f3l k\u00e9sz\u00fclt d\u00edszeket is. Ezek az elemek nemcsak dekor\u00e1ci\u00f3k\u00e9nt szolg\u00e1lnak, hanem a gyerekek sz\u00e1m\u00e1ra is igazi \u00f6r\u00f6mforr\u00e1st jelentenek.\n\n<H2 class=\"text-meska\/base-orange\"><strong>T\u00e9lap\u00f3 aj\u00e1nd\u00e9kok<\/strong> \u2013 Szem\u00e9lyre szabott meglepet\u00e9sek<\/H2>\nA <strong>t\u00e9lap\u00f3 aj\u00e1nd\u00e9kok<\/strong> kateg\u00f3ri\u00e1ban egyedi, k\u00e9zzel k\u00e9sz\u00edtett meglepet\u00e9seket tal\u00e1lhatsz, amelyek t\u00f6k\u00e9letesek gyerekeknek \u00e9s feln\u0151tteknek egyar\u00e1nt. Az aj\u00e1nd\u00e9kcsomagok \u00e9s apr\u00f3 meglepet\u00e9sek szem\u00e9lyre szabottan k\u00e9sz\u00fclnek, \u00edgy biztos lehetsz benne, hogy az aj\u00e1nd\u00e9kozott igaz\u00e1n k\u00fcl\u00f6nlegesnek \u00e9rzi majd mag\u00e1t. V\u00e1laszthatsz \u00e9dess\u00e9ggel t\u00f6lt\u00f6tt zs\u00e1kocsk\u00e1kat, apr\u00f3 j\u00e1t\u00e9kokat vagy k\u00e9zm\u0171ves d\u00edszeket, amelyek az \u00fcnnep eml\u00e9kezetes r\u00e9sz\u00e9v\u00e9 v\u00e1lnak.\n\n<H2 class=\"text-meska\/base-orange\"><strong>Mikul\u00e1s<\/strong> \u2013 Egyedi dekor\u00e1ci\u00f3k minden otthonba<\/H2>\nA Meska <strong>Mikul\u00e1s<\/strong> kateg\u00f3ri\u00e1j\u00e1ban k\u00fcl\u00f6nleges k\u00e9zm\u0171ves dekor\u00e1ci\u00f3kat tal\u00e1lhatsz, amelyek az \u00fcnnepi k\u00e9sz\u00fcl\u0151d\u00e9s n\u00e9lk\u00fcl\u00f6zhetetlen kell\u00e9kei. A f\u00e1b\u00f3l k\u00e9sz\u00fclt Mikul\u00e1s-d\u00edszek, textilb\u0151l varrt zs\u00e1kok \u00e9s figur\u00e1k egyedi st\u00edlust \u00e9s melegs\u00e9get visznek az otthonodba. Az ajt\u00f3ra, ablakra vagy polcra helyezett d\u00edszek garant\u00e1ltan az \u00fcnnepi hangulat k\u00f6z\u00e9ppontj\u00e1ba ker\u00fclnek.\n\nFedezd fel a Meska <strong>Mikul\u00e1s<\/strong> k\u00edn\u00e1lat\u00e1t, \u00e9s v\u00e1lassz egyedi, k\u00e9zzel k\u00e9sz\u00edtett aj\u00e1nd\u00e9kokat \u00e9s dekor\u00e1ci\u00f3kat, hogy az \u00fcnnepek m\u00e9g var\u00e1zslatosabbak legyenek!","metaDescription":"Fedezd fel a Meska Mikul\u00e1s k\u00e9zm\u0171ves k\u00edn\u00e1lat\u00e1t! Egyedi t\u00e9lap\u00f3 aj\u00e1nd\u00e9kok \u00e9s dekor\u00e1ci\u00f3k az \u00fcnnepi hangulat megteremt\u00e9s\u00e9hez. Gyors sz\u00e1ll\u00edt\u00e1ssal!","metaNoIndex":true,"metaNoFollow":0,"seoFound":true,"ogImage":"https:\/\/www.meska.hu\/img\/category_seo\/1009-mikulas-kezmuves-otletek-ajandekok--meska-kezmuves-piacter_nIzCT.jpg","canonicals":"https:\/\/www.meska.hu\/s\/mikulas:bocsanatkeres-alkalmabol\/c-1009:go-29"},"breadcrumb":[{"position":1,"name":"Meska.hu","url":"https:\/\/www.meska.hu","last":false},{"position":2,"name":"Kar\u00e1csony","url":"https:\/\/www.meska.hu\/s\/karacsony:bocsanatkeres-alkalmabol\/c-319:go-29","last":false},{"position":3,"name":"Mikul\u00e1s","url":"https:\/\/www.meska.hu\/s\/mikulas:bocsanatkeres-alkalmabol\/c-1009:go-29","last":true}],"h1":"Mikul\u00e1s","url":{"url":"https:\/\/www.meska.hu\/s\/mikulas:bocsanatkeres-alkalmabol\/c-1009:go-29","title":"Mind","_debug_":false},"_count_":0}