{"_terms_":{"phrase":"*","technic_id":"480","technics":"480","facets":"n","p":"1","pp":"100","sort_by":"create_date","sort_direction":"desc","product_type":"kezmuves|alapanyag|vintage","session_id":"njha9l9ksrcnmh21384hd0hnar"},"total":8928,"products":[{"id":"6172591","shop_id":"48423","user_id":"709255","shop_name":"HTerezArt","shop_zip":"6425","product_code":"5767000","product_name_old":null,"product_name":"Lila Orgon\u00e1k , Olajfestm\u00e9ny keretben","category_string":"M\u0171v\u00e9szet, Festm\u00e9ny, Olajfestm\u00e9ny","technic_string":"Fest\u00e9szet, Festett t\u00e1rgyak","category_1":"357","category_2":"358","category_3":"361","category_4":"0","merged_category_1":null,"merged_category_2":null,"merged_category_3":null,"technic_1":"480","technic_2":"481","technic_3":"0","color_1":"522","color_2":"529","color_3":"0","product_description_old":null,"product_description":"\nEredeti, k\u00e9zzel festett, szign\u00f3zott , saj\u00e1t alkot\u00e1s , \"Lila Orgon\u00e1k \" c\u00edm\u0171 olajfestm\u00e9ny keretben.\nAnyaga: farost lap, olajfest\u00e9k, lakk, fa keret, akaszt\u00f3\nM\u00e9rete: 50x70cm, kerettel: 54x74cm\n\n\nPost\u00e1z\u00e1s biztons\u00e1gos csomagol\u00e1sban t\u00f6rt\u00e9nik ,szem\u00e9lyes \u00e1tv\u00e9tel Szegeden lehets\u00e9ges.","price":"85000.00","unit":"db","recommended":"0","status":"1","sponsored":"0","exp_notify":"0","own_material":"0","own_material_description_old":null,"own_material_description":"","jury":"0","jury_number":"","product_nature":"","meskaracsony":"0","create_date":"2026-04-25 08:05:09","shelve_id":"0","image":"hterezart_product_709255_260331185023_456434.jpeg","image_width":"480","image_height":"360","image_alt":"Lila Orgon\u00e1k , Olajfestm\u00e9ny keretben, \\nEredeti, k\u00e9zzel festett, szign\u00f3zott , saj\u00e1t alkot\u00e1s , \\\"Lila Orgon\u00e1k \\\" c\u00edm\u0171 olajfestm\u00e9ny keretben.\\nA..., Meska","image_title":"Lila Orgon\u00e1k , Olajfestm\u00e9ny keretben, Meska","view_count":"82","favourite_count":"0","trending_score":"0","last2MonthFavouriteCount":"0","promotion":"0","giftcard_accept":"0","creditcard_accept":false,"enhanced_background":"0","domain":"meska","specific_customer_id":null,"specific_customer_name":null,"to_order_product":"0","to_order_product_time":"0","product_different":null,"product_different_description":"","vintage":"0","vintage_category_id":"0","recycled":"0","gemstone_id":"0","customizable":"0","type_category":"physical","zerowaste":"0","postage_price":"2390.00","shop_order":"0","has_category":"1","landing_pages":null,"microdata":{"number":1,"category":""},"title":"Lila Orgon\u00e1k , Olajfestm\u00e9ny keretben","description":"\nEredeti, k\u00e9zzel festett, szign\u00f3zott , saj\u00e1t alkot\u00e1s , \"Lila Orgon\u00e1k \" c\u00edm\u0171 olajfestm\u00e9ny keretben.\nAnyaga: farost lap, olajfest\u00e9k, lakk, fa keret, akaszt\u00f3\nM\u00e9rete: 50x70cm, kerettel: 54x74cm\n\n\nPost\u00e1z\u00e1s biztons\u00e1gos csomagol\u00e1sban t\u00f6rt\u00e9nik ,szem\u00e9lyes \u00e1tv\u00e9tel Szegeden lehets\u00e9ges.","score":0,"formatted_price":"85 000 Ft","image_url":"https:\/\/www.meska.hu\/img\/product\/small\/h\/t\/hterezart_product_709255_260331185023_456434.jpeg","formatted_url":"https:\/\/www.meska.hu\/p5767000-lila-orgonak-olajfestmeny-keretben","favourite":false,"in_stock":true,"avatar":"709255_avatar_1750072635.jpeg","delete_from":0,"is_enhanced_background":false,"is_enhanced":true,"enhanced_ribbon":"<img src=\"\/images\/brightness_brighter_20x20.png\" style=\"position: absolute; right: 13px; top: 7px;\">","enhanced_key":0,"is_key_2":false,"is_key_3":false,"is_key_4":false,"product_selection_started":false,"is_active":true,"image_webp_url":"https:\/\/www.meska.hu\/img\/product\/small\/h\/t\/hterezart_product_709255_260331185023_456434.webp"},{"id":"6191249","shop_id":"52436","user_id":"780245","shop_name":"Lunagnesh","shop_zip":"2091","product_code":"5775901","product_name_old":null,"product_name":"Sz\u00e1rnyak","category_string":"M\u0171v\u00e9szet, Festm\u00e9ny, Festm\u00e9ny vegyes technika","technic_string":"Fest\u00e9szet","category_1":"357","category_2":"358","category_3":"363","category_4":"0","merged_category_1":null,"merged_category_2":null,"merged_category_3":null,"technic_1":"480","technic_2":"0","technic_3":"0","color_1":"521","color_2":"525","color_3":"529","product_description_old":null,"product_description":" Ebben a text\u00far\u00e1lt festm\u00e9nyben az emberi szellem \u00e9s a rep\u00fcl\u00e9s szabads\u00e1ga k\u00f6z\u00f6tti \u00e9teri kapcsolatot kutatom.Ez a mag\u00e1val ragad\u00f3 darab \u00e9teri sz\u00e1rnyakkal d\u00edsz\u00edtett, felt\u0171n\u0151 profilt mutat be, amelyet a k\u00e9kek \u00e9s a l\u00e1gy r\u00f3zsasz\u00ednek nyugodt palett\u00e1ja burkol. A sz\u00ednek \u00f6sszj\u00e1t\u00e9ka a titokzatoss\u00e1g \u00e9rzet\u00e9t keltve  h\u00edv \u00f6nreflexi\u00f3ra. A h\u00e1tt\u00e9rben kirajzol\u00f3d\u00f3 finom geometriai mint\u00e1k adnak m\u00e9lys\u00e9get a kompoz\u00edci\u00f3nak\n\nAz alkot\u00e1s akrilfest\u00e9k \u00e9s modellez\u0151 paszta haszn\u00e1lat\u00e1val k\u00e9sz\u00fclt fesz\u00edtett v\u00e1szonra. A darab m\u00e9rete 40x50 cm. V\u00e9d\u0151lakkal kezelve a pigmentek meg\u0151rz\u00e9se \u00e9rdek\u00e9ben, h\u00e1toldal\u00e1n akaszt\u00f3val ell\u00e1tott.\nA festm\u00e9ny mell\u00e9 eredetis\u00e9get igazol\u00f3 bizony\u00edtv\u00e1nyt is csatolok.\n\nEz a festm\u00e9ny r\u00e9szt t\u00f6bb nemzetk\u00f6zi ki\u00e1ll\u00edt\u00e1son is fizik\u00e1lis form\u00e1ban Budapesten, valamint digit\u00e1lis form\u00e1ban megtekinthet\u0151 volt Budapesten, B\u00e9csben \u00e9s New Yorkban is.\n\nT\u00f6k\u00e9letes azok sz\u00e1m\u00e1ra, akik m\u0171v\u00e9szi eleganci\u00e1val szeretn\u00e9k feldobni otthonukat, ez a m\u0171alkot\u00e1s eml\u00e9keztet\u0151\u00fcl szolg\u00e1l a l\u00e1that\u00f3 \u00e9s a l\u00e1thatatlan sz\u00e9ps\u00e9gre.\n","price":"92000.00","unit":"db","recommended":"0","status":"1","sponsored":"0","exp_notify":"0","own_material":"0","own_material_description_old":null,"own_material_description":"","jury":"0","jury_number":"","product_nature":"","meskaracsony":"0","create_date":"2026-04-21 13:51:46","shelve_id":"0","image":"lunagnesh_product_780245_260421134159_120766.jpeg","image_width":"480","image_height":"480","image_alt":"Sz\u00e1rnyak,  Ebben a text\u00far\u00e1lt festm\u00e9nyben az emberi szellem \u00e9s a rep\u00fcl\u00e9s szabads\u00e1ga k\u00f6z\u00f6tti \u00e9teri kapcsolatot k..., Meska","image_title":"Sz\u00e1rnyak, Meska","view_count":"27","favourite_count":"0","trending_score":"0","last2MonthFavouriteCount":"0","promotion":"0","giftcard_accept":"0","creditcard_accept":false,"enhanced_background":"0","domain":"meska","specific_customer_id":null,"specific_customer_name":null,"to_order_product":"0","to_order_product_time":"0","product_different":null,"product_different_description":"","vintage":"0","vintage_category_id":"0","recycled":"0","gemstone_id":"0","customizable":"0","type_category":"physical","zerowaste":"0","postage_price":"1290.00","shop_order":"0","has_category":"1","landing_pages":null,"microdata":{"number":2,"category":""},"title":"Sz\u00e1rnyak","description":" Ebben a text\u00far\u00e1lt festm\u00e9nyben az emberi szellem \u00e9s a rep\u00fcl\u00e9s szabads\u00e1ga k\u00f6z\u00f6tti \u00e9teri kapcsolatot kutatom.Ez a mag\u00e1val ragad\u00f3 darab \u00e9teri sz\u00e1rnyakkal d\u00edsz\u00edtett, felt\u0171n\u0151 profilt mutat be, amelyet a k\u00e9kek \u00e9s a l\u00e1gy r\u00f3zsasz\u00ednek nyugodt palett\u00e1ja burkol. A sz\u00ednek \u00f6sszj\u00e1t\u00e9ka a titokzatoss\u00e1g \u00e9rzet\u00e9t keltve  h\u00edv \u00f6nreflexi\u00f3ra. A h\u00e1tt\u00e9rben kirajzol\u00f3d\u00f3 finom geometriai mint\u00e1k adnak m\u00e9lys\u00e9get a kompoz\u00edci\u00f3nak\n\nAz alkot\u00e1s akrilfest\u00e9k \u00e9s modellez\u0151 paszta haszn\u00e1lat\u00e1val k\u00e9sz\u00fclt fesz\u00edtett v\u00e1szonra. A darab m\u00e9rete 40x50 cm. V\u00e9d\u0151lakkal kezelve a pigmentek meg\u0151rz\u00e9se \u00e9rdek\u00e9ben, h\u00e1toldal\u00e1n akaszt\u00f3val ell\u00e1tott.\nA festm\u00e9ny mell\u00e9 eredetis\u00e9get igazol\u00f3 bizony\u00edtv\u00e1nyt is csatolok.\n\nEz a festm\u00e9ny r\u00e9szt t\u00f6bb nemzetk\u00f6zi ki\u00e1ll\u00edt\u00e1son is fizik\u00e1lis form\u00e1ban Budapesten, valamint digit\u00e1lis form\u00e1ban megtekinthet\u0151 volt Budapesten, B\u00e9csben \u00e9s New Yorkban is.\n\nT\u00f6k\u00e9letes azok sz\u00e1m\u00e1ra, akik m\u0171v\u00e9szi eleganci\u00e1val szeretn\u00e9k feldobni otthonukat, ez a m\u0171alkot\u00e1s eml\u00e9keztet\u0151\u00fcl szolg\u00e1l a l\u00e1that\u00f3 \u00e9s a l\u00e1thatatlan sz\u00e9ps\u00e9gre.\n","score":0,"formatted_price":"92 000 Ft","image_url":"https:\/\/www.meska.hu\/img\/product\/small\/l\/u\/lunagnesh_product_780245_260421134159_120766.jpeg","formatted_url":"https:\/\/www.meska.hu\/p5775901-szarnyak","favourite":false,"in_stock":true,"avatar":"780245_avatar_1775130956.png","delete_from":0,"is_enhanced_background":false,"is_enhanced":true,"enhanced_ribbon":"<img src=\"\/images\/brightness_brighter_20x20.png\" style=\"position: absolute; right: 13px; top: 7px;\">","enhanced_key":1,"is_key_2":false,"is_key_3":false,"is_key_4":false,"product_selection_started":false,"is_active":true,"image_webp_url":"https:\/\/www.meska.hu\/img\/product\/small\/l\/u\/lunagnesh_product_780245_260421134159_120766.webp"},{"id":"6157261","shop_id":"48423","user_id":"709255","shop_name":"HTerezArt","shop_zip":"6425","product_code":"5759885","product_name_old":null,"product_name":"Mediterr\u00e1n ny\u00e1r , Olajfestm\u00e9ny","category_string":"M\u0171v\u00e9szet, Festm\u00e9ny, Olajfestm\u00e9ny","technic_string":"Fest\u00e9szet, Festett t\u00e1rgyak","category_1":"357","category_2":"358","category_3":"361","category_4":"0","merged_category_1":null,"merged_category_2":null,"merged_category_3":null,"technic_1":"480","technic_2":"481","technic_3":"0","color_1":"521","color_2":"522","color_3":"529","product_description_old":null,"product_description":"Eredeti, k\u00e9zzel festett, szign\u00f3zott, saj\u00e1t alkot\u00e1s, \"Mediterr\u00e1n ny\u00e1r\" c\u00edm\u0171 olajfestm\u00e9ny.\nAnyaga: fesz\u00edtett v\u00e1szon, olajfest\u00e9k, lakk,akaszt\u00f3\nM\u00e9rete: 50x70cm\n\nA festm\u00e9ny oldalai is festve vannak, \u00edgy nem ig\u00e9nyel keretez\u00e9st.\nA k\u00e9p fel\u00fclete lakkoz\u00e1ssal v\u00e9dve.\nAkaszt\u00f3val van ell\u00e1tva,azonnal falra tehet\u0151.\n\n\nPost\u00e1z\u00e1s biztons\u00e1gos csomagol\u00e1sban t\u00f6rt\u00e9nik, szem\u00e9lyes \u00e1tv\u00e9tel Szegeden lehets\u00e9ges.","price":"75000.00","unit":"db","recommended":"0","status":"1","sponsored":"0","exp_notify":"0","own_material":"0","own_material_description_old":null,"own_material_description":"","jury":"0","jury_number":"","product_nature":"","meskaracsony":"0","create_date":"2026-04-26 18:37:46","shelve_id":"0","image":"hterezart_product_709255_260315171541_544100.jpeg","image_width":"480","image_height":"360","image_alt":"Mediterr\u00e1n ny\u00e1r , Olajfestm\u00e9ny, Eredeti, k\u00e9zzel festett, szign\u00f3zott, saj\u00e1t alkot\u00e1s, \\\"Mediterr\u00e1n ny\u00e1r\\\" c\u00edm\u0171 olajfestm\u00e9ny.\\nAnyaga: fes..., Meska","image_title":"Mediterr\u00e1n ny\u00e1r , Olajfestm\u00e9ny, Meska","view_count":"110","favourite_count":"0","trending_score":"0","last2MonthFavouriteCount":"0","promotion":"0","giftcard_accept":"0","creditcard_accept":false,"enhanced_background":"0","domain":"meska","specific_customer_id":null,"specific_customer_name":null,"to_order_product":"0","to_order_product_time":"0","product_different":null,"product_different_description":"","vintage":"0","vintage_category_id":"0","recycled":"0","gemstone_id":"0","customizable":"0","type_category":"physical","zerowaste":"0","postage_price":"2390.00","shop_order":"0","has_category":"1","landing_pages":null,"microdata":{"number":3,"category":""},"title":"Mediterr\u00e1n ny\u00e1r , Olajfestm\u00e9ny","description":"Eredeti, k\u00e9zzel festett, szign\u00f3zott, saj\u00e1t alkot\u00e1s, \"Mediterr\u00e1n ny\u00e1r\" c\u00edm\u0171 olajfestm\u00e9ny.\nAnyaga: fesz\u00edtett v\u00e1szon, olajfest\u00e9k, lakk,akaszt\u00f3\nM\u00e9rete: 50x70cm\n\nA festm\u00e9ny oldalai is festve vannak, \u00edgy nem ig\u00e9nyel keretez\u00e9st.\nA k\u00e9p fel\u00fclete lakkoz\u00e1ssal v\u00e9dve.\nAkaszt\u00f3val van ell\u00e1tva,azonnal falra tehet\u0151.\n\n\nPost\u00e1z\u00e1s biztons\u00e1gos csomagol\u00e1sban t\u00f6rt\u00e9nik, szem\u00e9lyes \u00e1tv\u00e9tel Szegeden lehets\u00e9ges.","score":0,"formatted_price":"75 000 Ft","image_url":"https:\/\/www.meska.hu\/img\/product\/small\/h\/t\/hterezart_product_709255_260315171541_544100.jpeg","formatted_url":"https:\/\/www.meska.hu\/p5759885-mediterran-nyar-olajfestmeny","favourite":false,"in_stock":true,"avatar":"709255_avatar_1750072635.jpeg","delete_from":0,"is_enhanced_background":false,"is_enhanced":true,"enhanced_ribbon":"<img src=\"\/images\/brightness_brighter_20x20.png\" style=\"position: absolute; right: 13px; top: 7px;\">","enhanced_key":2,"is_key_2":true,"is_key_3":false,"is_key_4":false,"product_selection_started":false,"is_active":true,"image_webp_url":"https:\/\/www.meska.hu\/img\/product\/small\/h\/t\/hterezart_product_709255_260315171541_544100.webp"},{"id":"6098604","shop_id":"48423","user_id":"709255","shop_name":"HTerezArt","shop_zip":"6425","product_code":"5722457","product_name_old":null,"product_name":"Feh\u00e9r K\u00e1l\u00e1k , Olajfestm\u00e9ny","category_string":"M\u0171v\u00e9szet, Festm\u00e9ny, Olajfestm\u00e9ny","technic_string":"Fest\u00e9szet, Festett t\u00e1rgyak","category_1":"357","category_2":"358","category_3":"361","category_4":"0","merged_category_1":null,"merged_category_2":null,"merged_category_3":null,"technic_1":"480","technic_2":"481","technic_3":"0","color_1":"515","color_2":"519","color_3":"529","product_description_old":null,"product_description":"\nEredeti, k\u00e9zzel festett, szign\u00f3zott, saj\u00e1t alkot\u00e1s Feh\u00e9r k\u00e1l\u00e1k c\u00edm\u0171 olajfestm\u00e9ny.\nAnyaga: olajfest\u00e9k, fesz\u00edtett v\u00e1szon, lakk,akaszt\u00f3\nM\u00e9rete: 60x40cm\nA festm\u00e9ny oldalai is festve vannak, \u00edgy nem ig\u00e9nyel keretez\u00e9st.\nAkaszt\u00f3val van ell\u00e1tva,azonnal falra tehet\u0151.\n\n\nPost\u00e1z\u00e1s biztons\u00e1gos csomagol\u00e1sban t\u00f6rt\u00e9nik, szem\u00e9lyes \u00e1tv\u00e9telre Szegeden van lehet\u0151s\u00e9g.","price":"48000.00","unit":"db","recommended":"0","status":"1","sponsored":"0","exp_notify":"0","own_material":"0","own_material_description_old":null,"own_material_description":"","jury":"0","jury_number":"","product_nature":"","meskaracsony":"0","create_date":"2026-04-25 05:41:58","shelve_id":"0","image":"hterezart_product_709255_260131070540_192628.jpeg","image_width":"480","image_height":"640","image_alt":"Feh\u00e9r K\u00e1l\u00e1k , Olajfestm\u00e9ny, \\nEredeti, k\u00e9zzel festett, szign\u00f3zott, saj\u00e1t alkot\u00e1s Feh\u00e9r k\u00e1l\u00e1k c\u00edm\u0171 olajfestm\u00e9ny.\\nAnyaga: olajfest\u00e9..., Meska","image_title":"Feh\u00e9r K\u00e1l\u00e1k , Olajfestm\u00e9ny, Meska","view_count":"119","favourite_count":"0","trending_score":"0","last2MonthFavouriteCount":"0","promotion":"0","giftcard_accept":"0","creditcard_accept":false,"enhanced_background":"0","domain":"meska","specific_customer_id":null,"specific_customer_name":null,"to_order_product":"0","to_order_product_time":"0","product_different":null,"product_different_description":"","vintage":"0","vintage_category_id":"0","recycled":"0","gemstone_id":"0","customizable":"0","type_category":"physical","zerowaste":"0","postage_price":"2390.00","shop_order":"0","has_category":"1","landing_pages":null,"microdata":{"number":4,"category":""},"title":"Feh\u00e9r K\u00e1l\u00e1k , Olajfestm\u00e9ny","description":"\nEredeti, k\u00e9zzel festett, szign\u00f3zott, saj\u00e1t alkot\u00e1s Feh\u00e9r k\u00e1l\u00e1k c\u00edm\u0171 olajfestm\u00e9ny.\nAnyaga: olajfest\u00e9k, fesz\u00edtett v\u00e1szon, lakk,akaszt\u00f3\nM\u00e9rete: 60x40cm\nA festm\u00e9ny oldalai is festve vannak, \u00edgy nem ig\u00e9nyel keretez\u00e9st.\nAkaszt\u00f3val van ell\u00e1tva,azonnal falra tehet\u0151.\n\n\nPost\u00e1z\u00e1s biztons\u00e1gos csomagol\u00e1sban t\u00f6rt\u00e9nik, szem\u00e9lyes \u00e1tv\u00e9telre Szegeden van lehet\u0151s\u00e9g.","score":0,"formatted_price":"48 000 Ft","image_url":"https:\/\/www.meska.hu\/img\/product\/small\/h\/t\/hterezart_product_709255_260131070540_192628.jpeg","formatted_url":"https:\/\/www.meska.hu\/p5722457-feher-kalak-olajfestmeny","favourite":false,"in_stock":true,"avatar":"709255_avatar_1750072635.jpeg","delete_from":0,"is_enhanced_background":false,"is_enhanced":true,"enhanced_ribbon":"<img src=\"\/images\/brightness_brighter_20x20.png\" style=\"position: absolute; right: 13px; top: 7px;\">","enhanced_key":3,"is_key_2":false,"is_key_3":true,"is_key_4":false,"product_selection_started":false,"is_active":true,"image_webp_url":"https:\/\/www.meska.hu\/img\/product\/small\/h\/t\/hterezart_product_709255_260131070540_192628.webp"},{"id":"4934644","shop_id":"30230","user_id":"376977","shop_name":"andreacintia","shop_zip":"2030","product_code":"5036841","product_name_old":null,"product_name":" Greenery \u00dcltet\u00e9si rend lapok - Fa t\u00e1bl\u00e1hoz ","category_string":"Esk\u00fcv\u0151, Megh\u00edv\u00f3 & K\u00e1rtya, \u00dcltet\u00e9si rend","technic_string":"Fest\u00e9szet, Fot\u00f3, grafika, rajz, illusztr\u00e1ci\u00f3","category_1":"317","category_2":"727","category_3":"1087","category_4":"0","merged_category_1":"0","merged_category_2":"0","merged_category_3":"0","technic_1":"480","technic_2":"483","technic_3":"0","color_1":"519","color_2":"529","color_3":"0","product_description_old":null,"product_description":"Akvarell n\u00f6v\u00e9nnyel festett \u00dcltet\u00e9si rend k\u00e1rty\u00e1k, \u00fcltet\u0151 t\u00e1bl\u00e1hoz\/ esk\u00fcv\u0151i \u00fcltet\u00e9si rendhez.\n\n\u2022 Inf\u00f3k \u2022\nSaj\u00e1t tervez\u00e9s\u0171 egyedileg festett design.\n\nV\u00e1laszthat\u00f3 ca. A6-os vagy A5-\u00f6s m\u00e9retben. \nAz \u00e1r 1 db-ra \u00e9rthet\u0151, k\u00e9rlek annyit tegy\u00e9l a kosaradba ah\u00e1ny asztalra bontj\u00e1tok a megh\u00edvott vend\u00e9geket! :) \n\n\n\n\u2022 \u2022 \u2022 \u2022 \u2022 \u2022 \u2022 \u2022 \u2022 \u2022 \u2022 \u2022 \u2022 \u2022 \u2022 \u2022 \u2022 \u2022 \u2022 \u2022 \u2022 \u2022 \u2022 \u2022 \u2022 \u2022 \u2022 \u2022 \u2022 \u2022 \u2022 \u2022 \u2022 \u2022 \u2022 \u2022 \u2022 \u2022 \u2022 \u2022 \u2022 \u2022 \u2022 \u2022 \u2022\n \n\u2022 FONTOS \u2022\nElk\u00e9sz\u00fcl\u00e9si id\u0151: 7-10 munkanap\n\n\u2022 Expressz szolg\u00e1ltat\u00e1s -fel\u00e1ras- \u2022\n2-5 munkanap. \nhttps:\/\/www.meska.hu\/p4863024-expressz-szolgaltatas-dij\nHa az utols\u00f3 ut\u00e1ni pillanatban vagytok \u00e9s sz\u00fcks\u00e9getek lenne valamelyik term\u00e9kemre, megrendel\u00e9s el\u0151tt, mindenk\u00e9ppen vegy\u00e9tek fel velem a kapcsolatot bels\u0151 \u00fczenetben!\n\n\n\u2022 \u2022 \u2022 \u2022 \u2022 \u2022 \u2022 \u2022 \u2022 \u2022 \u2022 \u2022 \u2022 \u2022 \u2022 \u2022 \u2022 \u2022 \u2022 \u2022 \u2022 \u2022 \u2022 \u2022 \u2022 \u2022 \u2022 \u2022 \u2022 \u2022 \u2022 \u2022 \u2022 \u2022 \u2022 \u2022 \u2022 \u2022 \u2022 \u2022 \u2022 \u2022 \u2022 \u2022 \u2022\n\n\u2022 Rendel\u00e9s menete \u2022 \n\n1. V\u00e1laszd ki a megrendelni k\u00edv\u00e1nt darabsz\u00e1mot, \u00e9s az opcion\u00e1lis kieg\u00e9sz\u00edt\u0151ket.\n2. Tedd kos\u00e1rba.\n3. Rendeld meg.\n4. Rendel\u00e9s ut\u00e1n, k\u00e9rlek V\u00c1RD meg az e-mailt amit k\u00fcldeni fogok a fizet\u00e9s\/sz\u00e1ml\u00e1z\u00e1s r\u00e9szleteivel kapcsolatban.\n5. A be\u00e9rkezett \u00f6sszeget k\u00f6vet\u0151en elk\u00e9sz\u00edtem a l\u00e1tv\u00e1nytervet. Ekkor lehet mindent ellen\u0151rizni, \u00e9n csak ezek ut\u00e1n kezdem el nyomtatni \u00e9s elk\u00e9sz\u00edteni a term\u00e9keket. \n6. Amint elk\u00e9sz\u00fcltek \u00e9rtes\u00edtelek titeket, \u00e9s feladom a v\u00e1lasztott m\u00f3don \u0151ket.\n\n\n\n\n\n\n\u2022\u2022\u2022\u2022\u2022\u2022\u2022 A boltomban, tal\u00e1ltok \u00fcltet\u0151 k\u00e1rty\u00e1t, men\u00fct \u00e9s b\u00e1rmit amit szeretn\u00e9tek kieg\u00e9sz\u00edt\u0151k\u00e9nt az esk\u00fcv\u0151re, amennyiben nem akkor is van lehet\u0151s\u00e9g b\u00e1rmelyik designb\u0151r szettet is rendelni! :)\n\nAmennyiben m\u00e1sik log\u00f3t\/n\u00f6v\u00e9nyt elk\u00e9pzel\u00e9st szeretn\u00e9tek, term\u00e9szetesen erre is van lehet\u0151s\u00e9g, keressetek meg bels\u0151 \u00fczenetben, megbesz\u00e9lj\u00fck a r\u00e9szleteket :) Abban az esetben is ha teljesen m\u00e1sik megh\u00edv\u00f3t\/\u00fcltet\u0151t\/men\u00fct k\u00e9pzeltek el :) \n ","price":"720.00","unit":"db","recommended":"0","status":"1","sponsored":"0","exp_notify":"0","own_material":"0","own_material_description_old":null,"own_material_description":"","jury":"0","jury_number":"","product_nature":"","meskaracsony":"0","create_date":"2026-04-29 23:04:22","shelve_id":"72726","image":"andreacintia_product_376977_230811140309_525876.jpeg","image_width":"480","image_height":"458","image_alt":" Greenery \u00dcltet\u00e9si rend lapok - Fa t\u00e1bl\u00e1hoz , Akvarell n\u00f6v\u00e9nnyel festett \u00dcltet\u00e9si rend k\u00e1rty\u00e1k, \u00fcltet\u0151 t\u00e1bl\u00e1hoz\/ esk\u00fcv\u0151i \u00fcltet\u00e9si rendhez.\\n\\n\u2022 Inf\u00f3..., Meska","image_title":" Greenery \u00dcltet\u00e9si rend lapok - Fa t\u00e1bl\u00e1hoz , Meska","view_count":"1033","favourite_count":"0","trending_score":"0","last2MonthFavouriteCount":"0","promotion":"0","giftcard_accept":"0","creditcard_accept":false,"enhanced_background":"0","domain":"meska","specific_customer_id":null,"specific_customer_name":null,"to_order_product":"1","to_order_product_time":"7","product_different":null,"product_different_description":"","vintage":"0","vintage_category_id":"0","recycled":"0","gemstone_id":"0","customizable":"1","type_category":"physical","zerowaste":"0","postage_price":"1300.00","shop_order":"0","has_category":"1","landing_pages":null,"microdata":{"number":1,"category":""},"title":" Greenery \u00dcltet\u00e9si rend lapok - Fa t\u00e1bl\u00e1hoz ","description":"Akvarell n\u00f6v\u00e9nnyel festett \u00dcltet\u00e9si rend k\u00e1rty\u00e1k, \u00fcltet\u0151 t\u00e1bl\u00e1hoz\/ esk\u00fcv\u0151i \u00fcltet\u00e9si rendhez.\n\n\u2022 Inf\u00f3k \u2022\nSaj\u00e1t tervez\u00e9s\u0171 egyedileg festett design.\n\nV\u00e1laszthat\u00f3 ca. A6-os vagy A5-\u00f6s m\u00e9retben. \nAz \u00e1r 1 db-ra \u00e9rthet\u0151, k\u00e9rlek annyit tegy\u00e9l a kosaradba ah\u00e1ny asztalra bontj\u00e1tok a megh\u00edvott vend\u00e9geket! :) \n\n\n\n\u2022 \u2022 \u2022 \u2022 \u2022 \u2022 \u2022 \u2022 \u2022 \u2022 \u2022 \u2022 \u2022 \u2022 \u2022 \u2022 \u2022 \u2022 \u2022 \u2022 \u2022 \u2022 \u2022 \u2022 \u2022 \u2022 \u2022 \u2022 \u2022 \u2022 \u2022 \u2022 \u2022 \u2022 \u2022 \u2022 \u2022 \u2022 \u2022 \u2022 \u2022 \u2022 \u2022 \u2022 \u2022\n \n\u2022 FONTOS \u2022\nElk\u00e9sz\u00fcl\u00e9si id\u0151: 7-10 munkanap\n\n\u2022 Expressz szolg\u00e1ltat\u00e1s -fel\u00e1ras- \u2022\n2-5 munkanap. \nhttps:\/\/www.meska.hu\/p4863024-expressz-szolgaltatas-dij\nHa az utols\u00f3 ut\u00e1ni pillanatban vagytok \u00e9s sz\u00fcks\u00e9getek lenne valamelyik term\u00e9kemre, megrendel\u00e9s el\u0151tt, mindenk\u00e9ppen vegy\u00e9tek fel velem a kapcsolatot bels\u0151 \u00fczenetben!\n\n\n\u2022 \u2022 \u2022 \u2022 \u2022 \u2022 \u2022 \u2022 \u2022 \u2022 \u2022 \u2022 \u2022 \u2022 \u2022 \u2022 \u2022 \u2022 \u2022 \u2022 \u2022 \u2022 \u2022 \u2022 \u2022 \u2022 \u2022 \u2022 \u2022 \u2022 \u2022 \u2022 \u2022 \u2022 \u2022 \u2022 \u2022 \u2022 \u2022 \u2022 \u2022 \u2022 \u2022 \u2022 \u2022\n\n\u2022 Rendel\u00e9s menete \u2022 \n\n1. V\u00e1laszd ki a megrendelni k\u00edv\u00e1nt darabsz\u00e1mot, \u00e9s az opcion\u00e1lis kieg\u00e9sz\u00edt\u0151ket.\n2. Tedd kos\u00e1rba.\n3. Rendeld meg.\n4. Rendel\u00e9s ut\u00e1n, k\u00e9rlek V\u00c1RD meg az e-mailt amit k\u00fcldeni fogok a fizet\u00e9s\/sz\u00e1ml\u00e1z\u00e1s r\u00e9szleteivel kapcsolatban.\n5. A be\u00e9rkezett \u00f6sszeget k\u00f6vet\u0151en elk\u00e9sz\u00edtem a l\u00e1tv\u00e1nytervet. Ekkor lehet mindent ellen\u0151rizni, \u00e9n csak ezek ut\u00e1n kezdem el nyomtatni \u00e9s elk\u00e9sz\u00edteni a term\u00e9keket. \n6. Amint elk\u00e9sz\u00fcltek \u00e9rtes\u00edtelek titeket, \u00e9s feladom a v\u00e1lasztott m\u00f3don \u0151ket.\n\n\n\n\n\n\n\u2022\u2022\u2022\u2022\u2022\u2022\u2022 A boltomban, tal\u00e1ltok \u00fcltet\u0151 k\u00e1rty\u00e1t, men\u00fct \u00e9s b\u00e1rmit amit szeretn\u00e9tek kieg\u00e9sz\u00edt\u0151k\u00e9nt az esk\u00fcv\u0151re, amennyiben nem akkor is van lehet\u0151s\u00e9g b\u00e1rmelyik designb\u0151r szettet is rendelni! :)\n\nAmennyiben m\u00e1sik log\u00f3t\/n\u00f6v\u00e9nyt elk\u00e9pzel\u00e9st szeretn\u00e9tek, term\u00e9szetesen erre is van lehet\u0151s\u00e9g, keressetek meg bels\u0151 \u00fczenetben, megbesz\u00e9lj\u00fck a r\u00e9szleteket :) Abban az esetben is ha teljesen m\u00e1sik megh\u00edv\u00f3t\/\u00fcltet\u0151t\/men\u00fct k\u00e9pzeltek el :) \n ","score":0,"formatted_price":"720 Ft","image_url":"https:\/\/www.meska.hu\/img\/product\/small\/a\/n\/andreacintia_product_376977_230811140309_525876.jpeg","formatted_url":"https:\/\/www.meska.hu\/p5036841-akvarell-greenery-ultetesi-rend-fa-tablahoz","favourite":false,"in_stock":false,"avatar":"376977_avatar_1732824033.jpeg","delete_from":0,"is_enhanced_background":false,"is_enhanced":false,"product_selection_started":false,"is_active":true,"image_webp_url":"https:\/\/www.meska.hu\/img\/product\/small\/a\/n\/andreacintia_product_376977_230811140309_525876.webp"},{"id":"4973956","shop_id":"29078","user_id":"360990","shop_name":"Stravvberry","shop_zip":"3397","product_code":"5058596","product_name_old":null,"product_name":"Sz\u00f6rny matrica csomag\/monster sticker pack ","category_string":"Otthon & \u00c9letm\u00f3d, Pap\u00edr, \u00edr\u00f3szer, Matrica, matrica csomag","technic_string":"Fest\u00e9szet, Fot\u00f3, grafika, rajz, illusztr\u00e1ci\u00f3","category_1":"813","category_2":"351","category_3":"1324","category_4":"0","merged_category_1":"0","merged_category_2":"0","merged_category_3":"0","technic_1":"480","technic_2":"483","technic_3":"0","color_1":"532","color_2":"534","color_3":"0","product_description_old":null,"product_description":"Sz\u00f6rnyes matrica csomag, 6db matric\u00e1t tartalmaz. Id\u0151j\u00e1r\u00e1s \u00e1ll\u00f3 pap\u00edrb\u00f3l k\u00e9sz\u00fclt, enyh\u00e9n f\u00e9nyes. A matric\u00e1k k\u00fcl\u00f6n is megvehet\u0151k.\n\nMonster sticker pack, it consists of 6pcs of sticker. It's made of weather resistant paper, slightly glossy. The stickers can be bought individually.","price":"300.00","unit":"db","recommended":"0","status":"1","sponsored":"0","exp_notify":"0","own_material":"0","own_material_description_old":null,"own_material_description":"","jury":"0","jury_number":"","product_nature":"","meskaracsony":"0","create_date":"2026-04-29 23:04:20","shelve_id":"78833","image":"stravvberry_product_360990_250219163547_094693.jpeg","image_width":"480","image_height":"853","image_alt":"Sz\u00f6rny matrica csomag\/monster sticker pack , Sz\u00f6rnyes matrica csomag, 6db matric\u00e1t tartalmaz. Id\u0151j\u00e1r\u00e1s \u00e1ll\u00f3 pap\u00edrb\u00f3l k\u00e9sz\u00fclt, enyh\u00e9n f\u00e9nyes. A ma..., Meska","image_title":"Sz\u00f6rny matrica csomag\/monster sticker pack , Meska","view_count":"891","favourite_count":"0","trending_score":"0","last2MonthFavouriteCount":"0","promotion":"0","giftcard_accept":"0","creditcard_accept":true,"enhanced_background":"0","domain":"meska","specific_customer_id":null,"specific_customer_name":null,"to_order_product":"1","to_order_product_time":"3","product_different":null,"product_different_description":"","vintage":"0","vintage_category_id":"0","recycled":"0","gemstone_id":"0","customizable":"0","type_category":"physical","zerowaste":"0","postage_price":"1349.00","shop_order":"0","has_category":"1","landing_pages":null,"microdata":{"number":2,"category":""},"title":"Sz\u00f6rny matrica csomag\/monster sticker pack ","description":"Sz\u00f6rnyes matrica csomag, 6db matric\u00e1t tartalmaz. Id\u0151j\u00e1r\u00e1s \u00e1ll\u00f3 pap\u00edrb\u00f3l k\u00e9sz\u00fclt, enyh\u00e9n f\u00e9nyes. A matric\u00e1k k\u00fcl\u00f6n is megvehet\u0151k.\n\nMonster sticker pack, it consists of 6pcs of sticker. It's made of weather resistant paper, slightly glossy. The stickers can be bought individually.","score":0,"formatted_price":"300 Ft","image_url":"https:\/\/www.meska.hu\/img\/product\/small\/s\/t\/stravvberry_product_360990_250219163547_094693.jpeg","formatted_url":"https:\/\/www.meska.hu\/p5058596-szorny-matrica-csomag-monster-sticker-pack","favourite":false,"in_stock":false,"avatar":"360990_avatar_1741600903.png","delete_from":0,"is_enhanced_background":false,"is_enhanced":false,"product_selection_started":false,"is_active":true,"image_webp_url":"https:\/\/www.meska.hu\/img\/product\/small\/s\/t\/stravvberry_product_360990_250219163547_094693.webp"},{"id":"5408328","shop_id":"29078","user_id":"360990","shop_name":"Stravvberry","shop_zip":"3397","product_code":"5324812","product_name_old":null,"product_name":"Sz\u00f6rny l\u00e1ny matrica \/monster girl sticker","category_string":"Otthon & \u00c9letm\u00f3d, Pap\u00edr, \u00edr\u00f3szer, Matrica, matrica csomag","technic_string":"Fot\u00f3, grafika, rajz, illusztr\u00e1ci\u00f3, Fest\u00e9szet","category_1":"813","category_2":"351","category_3":"1324","category_4":"0","merged_category_1":null,"merged_category_2":null,"merged_category_3":null,"technic_1":"483","technic_2":"480","technic_3":"0","color_1":"532","color_2":"534","color_3":"0","product_description_old":null,"product_description":"6 fajta matrica, ami k\u00fcl\u00f6nb\u00f6z\u0151 sz\u00f6rnyeket \u00e1br\u00e1zol. Lehet egyes\u00e9vel vagy csomagban v\u00e1s\u00e1rolni \u0151ket. A matrica id\u0151j\u00e1r\u00e1s \u00e1ll\u00f3 pap\u00edrb\u00f3l k\u00e9sz\u00fcltek, holografikusak.\n\n6 type of monster girl stickers. It can he bought one by one or in a pack. The sticker is made of weather resistant paper, and its holographic.","price":"300.00","unit":"db","recommended":"0","status":"1","sponsored":"0","exp_notify":"0","own_material":"0","own_material_description_old":null,"own_material_description":"","jury":"0","jury_number":"","product_nature":"","meskaracsony":"0","create_date":"2026-04-29 23:04:15","shelve_id":"78833","image":"stravvberry_product_360990_250219205444_028214.jpeg","image_width":"480","image_height":"853","image_alt":"Sz\u00f6rny l\u00e1ny matrica \/monster girl sticker, 6 fajta matrica, ami k\u00fcl\u00f6nb\u00f6z\u0151 sz\u00f6rnyeket \u00e1br\u00e1zol. Lehet egyes\u00e9vel vagy csomagban v\u00e1s\u00e1rolni \u0151ket. A ..., Meska","image_title":"Sz\u00f6rny l\u00e1ny matrica \/monster girl sticker, Meska","view_count":"713","favourite_count":"0","trending_score":"0","last2MonthFavouriteCount":"0","promotion":"0","giftcard_accept":"0","creditcard_accept":true,"enhanced_background":"0","domain":"meska","specific_customer_id":null,"specific_customer_name":null,"to_order_product":"1","to_order_product_time":"3","product_different":null,"product_different_description":"","vintage":"0","vintage_category_id":"0","recycled":"0","gemstone_id":"0","customizable":"0","type_category":"physical","zerowaste":"0","postage_price":"1349.00","shop_order":"0","has_category":"1","landing_pages":null,"microdata":{"number":3,"category":""},"title":"Sz\u00f6rny l\u00e1ny matrica \/monster girl sticker","description":"6 fajta matrica, ami k\u00fcl\u00f6nb\u00f6z\u0151 sz\u00f6rnyeket \u00e1br\u00e1zol. Lehet egyes\u00e9vel vagy csomagban v\u00e1s\u00e1rolni \u0151ket. A matrica id\u0151j\u00e1r\u00e1s \u00e1ll\u00f3 pap\u00edrb\u00f3l k\u00e9sz\u00fcltek, holografikusak.\n\n6 type of monster girl stickers. It can he bought one by one or in a pack. The sticker is made of weather resistant paper, and its holographic.","score":0,"formatted_price":"300 Ft","image_url":"https:\/\/www.meska.hu\/img\/product\/small\/s\/t\/stravvberry_product_360990_250219205444_028214.jpeg","formatted_url":"https:\/\/www.meska.hu\/p5324812-monster-high-matrica-csomag-monster-high-sticker-pack","favourite":false,"in_stock":false,"avatar":"360990_avatar_1741600903.png","delete_from":0,"is_enhanced_background":false,"is_enhanced":false,"product_selection_started":false,"is_active":true,"image_webp_url":"https:\/\/www.meska.hu\/img\/product\/small\/s\/t\/stravvberry_product_360990_250219205444_028214.webp"},{"id":"4665213","shop_id":"30244","user_id":"380343","shop_name":"ArnoldMonika","shop_zip":"1171","product_code":"4872026","product_name_old":null,"product_name":"Egyed\u00fcl - eredeti akvarell","category_string":"M\u0171v\u00e9szet, Festm\u00e9ny, Akvarell","technic_string":"Fest\u00e9szet","category_1":"357","category_2":"358","category_3":"360","category_4":"0","merged_category_1":null,"merged_category_2":null,"merged_category_3":null,"technic_1":"480","technic_2":"0","technic_3":"0","color_1":"516","color_2":"520","color_3":"527","product_description_old":null,"product_description":"Ingyenes Foxpost automat\u00e1s sz\u00e1ll\u00edt\u00e1s b\u00e1rmely (legal\u00e1bb) k\u00e9t k\u00e9p v\u00e1s\u00e1rl\u00e1sa eset\u00e9n!\n- A4-es keretbe ill\u0151, kiv\u00e1l\u00f3 min\u0151s\u00e9g\u0171 300g\/m2-es akvarellpap\u00edrra k\u00e9sz\u00edtett festm\u00e9ny.\n- Eredeti, nem print.\n- A keret nem k\u00e9pezi az ad\u00e1sv\u00e9tel t\u00e1rgy\u00e1t.","price":"5290.00","unit":"db","recommended":"0","status":"1","sponsored":"0","exp_notify":"0","own_material":"0","own_material_description_old":null,"own_material_description":"","jury":"0","jury_number":"","product_nature":"","meskaracsony":"0","create_date":"2026-04-29 22:19:27","shelve_id":"0","image":"arnoldmonika_product_380343_210331173741_350184.jpeg","image_width":"480","image_height":"360","image_alt":"Egyed\u00fcl - eredeti akvarell, Ingyenes Foxpost automat\u00e1s sz\u00e1ll\u00edt\u00e1s b\u00e1rmely (legal\u00e1bb) k\u00e9t k\u00e9p v\u00e1s\u00e1rl\u00e1sa eset\u00e9n!\\n- A4-es keretbe il..., Meska","image_title":"Egyed\u00fcl - eredeti akvarell, Meska","view_count":"1027","favourite_count":"0","trending_score":"0","last2MonthFavouriteCount":"0","promotion":"0","giftcard_accept":"0","creditcard_accept":true,"enhanced_background":"0","domain":"meska","specific_customer_id":null,"specific_customer_name":null,"to_order_product":"0","to_order_product_time":"0","product_different":null,"product_different_description":"","vintage":"0","vintage_category_id":"0","recycled":"0","gemstone_id":"0","customizable":"0","type_category":"physical","zerowaste":"0","postage_price":"1290.00","shop_order":"0","has_category":"1","landing_pages":null,"microdata":{"number":4,"category":""},"title":"Egyed\u00fcl - eredeti akvarell","description":"Ingyenes Foxpost automat\u00e1s sz\u00e1ll\u00edt\u00e1s b\u00e1rmely (legal\u00e1bb) k\u00e9t k\u00e9p v\u00e1s\u00e1rl\u00e1sa eset\u00e9n!\n- A4-es keretbe ill\u0151, kiv\u00e1l\u00f3 min\u0151s\u00e9g\u0171 300g\/m2-es akvarellpap\u00edrra k\u00e9sz\u00edtett festm\u00e9ny.\n- Eredeti, nem print.\n- A keret nem k\u00e9pezi az ad\u00e1sv\u00e9tel t\u00e1rgy\u00e1t.","score":0,"formatted_price":"5 290 Ft","image_url":"https:\/\/www.meska.hu\/img\/product\/small\/a\/r\/arnoldmonika_product_380343_210331173741_350184.jpeg","formatted_url":"https:\/\/www.meska.hu\/p4872026-egyedul","favourite":false,"in_stock":true,"avatar":"ArnoldMonika_avatar_380343_1628070021.jpeg","delete_from":0,"is_enhanced_background":false,"is_enhanced":false,"product_selection_started":false,"is_active":true,"image_webp_url":"https:\/\/www.meska.hu\/img\/product\/small\/a\/r\/arnoldmonika_product_380343_210331173741_350184.webp"},{"id":"5255963","shop_id":"30244","user_id":"380343","shop_name":"ArnoldMonika","shop_zip":"1171","product_code":"5241941","product_name_old":null,"product_name":"Eredeti akvarell ","category_string":"M\u0171v\u00e9szet, Festm\u00e9ny, Akvarell","technic_string":"Fest\u00e9szet","category_1":"357","category_2":"358","category_3":"360","category_4":"0","merged_category_1":null,"merged_category_2":null,"merged_category_3":null,"technic_1":"480","technic_2":"0","technic_3":"0","color_1":"514","color_2":"521","color_3":"527","product_description_old":null,"product_description":"Ingyenes Foxpost automat\u00e1s sz\u00e1ll\u00edt\u00e1s b\u00e1rmely (legal\u00e1bb) k\u00e9t k\u00e9p v\u00e1s\u00e1rl\u00e1sa eset\u00e9n!\nKiv\u00e1l\u00f3 min\u0151s\u00e9g\u0171, 300g\/m2-es akvarellpap\u00edrra festett k\u00e9p. A k\u00e9p m\u00e9rete 32*24 cm.","price":"4990.00","unit":"db","recommended":"0","status":"1","sponsored":"0","exp_notify":"0","own_material":"0","own_material_description_old":null,"own_material_description":"","jury":"0","jury_number":"","product_nature":"","meskaracsony":"0","create_date":"2026-04-29 22:19:16","shelve_id":"0","image":"arnoldmonika_product_380343_240305132609_27992.jpeg","image_width":"480","image_height":"369","image_alt":"Eredeti akvarell , Ingyenes Foxpost automat\u00e1s sz\u00e1ll\u00edt\u00e1s b\u00e1rmely (legal\u00e1bb) k\u00e9t k\u00e9p v\u00e1s\u00e1rl\u00e1sa eset\u00e9n!\\nKiv\u00e1l\u00f3 min\u0151s\u00e9g\u0171, 3..., Meska","image_title":"Eredeti akvarell , Meska","view_count":"446","favourite_count":"0","trending_score":"0","last2MonthFavouriteCount":"0","promotion":"0","giftcard_accept":"0","creditcard_accept":true,"enhanced_background":"0","domain":"meska","specific_customer_id":null,"specific_customer_name":null,"to_order_product":"0","to_order_product_time":"0","product_different":null,"product_different_description":"","vintage":"0","vintage_category_id":"0","recycled":"0","gemstone_id":"0","customizable":"0","type_category":"physical","zerowaste":"0","postage_price":"1290.00","shop_order":"0","has_category":"1","landing_pages":null,"microdata":{"number":5,"category":""},"title":"Eredeti akvarell ","description":"Ingyenes Foxpost automat\u00e1s sz\u00e1ll\u00edt\u00e1s b\u00e1rmely (legal\u00e1bb) k\u00e9t k\u00e9p v\u00e1s\u00e1rl\u00e1sa eset\u00e9n!\nKiv\u00e1l\u00f3 min\u0151s\u00e9g\u0171, 300g\/m2-es akvarellpap\u00edrra festett k\u00e9p. A k\u00e9p m\u00e9rete 32*24 cm.","score":0,"formatted_price":"4 990 Ft","image_url":"https:\/\/www.meska.hu\/img\/product\/small\/a\/r\/arnoldmonika_product_380343_240305132609_27992.jpeg","formatted_url":"https:\/\/www.meska.hu\/p5241941-eredeti-akvarell","favourite":false,"in_stock":true,"avatar":"ArnoldMonika_avatar_380343_1628070021.jpeg","delete_from":0,"is_enhanced_background":false,"is_enhanced":false,"product_selection_started":false,"is_active":true,"image_webp_url":"https:\/\/www.meska.hu\/img\/product\/small\/a\/r\/arnoldmonika_product_380343_240305132609_27992.webp"},{"id":"5576341","shop_id":"30244","user_id":"380343","shop_name":"ArnoldMonika","shop_zip":"1171","product_code":"5437398","product_name_old":null,"product_name":"Alf\u00f6ld - akvarell","category_string":"M\u0171v\u00e9szet, Festm\u00e9ny, Akvarell","technic_string":"Fest\u00e9szet","category_1":"357","category_2":"358","category_3":"360","category_4":"0","merged_category_1":null,"merged_category_2":null,"merged_category_3":null,"technic_1":"480","technic_2":"0","technic_3":"0","color_1":"521","color_2":"529","color_3":"0","product_description_old":null,"product_description":"Ingyenes sz\u00e1ll\u00edt\u00e1s b\u00e1rmely (legal\u00e1bb) k\u00e9t k\u00e9p v\u00e1s\u00e1rl\u00e1sa eset\u00e9n! Kiv\u00e1l\u00f3 min\u0151s\u00e9g\u0171, 300g\/m2, 100% cellul\u00f3z akvarellpap\u00edrra k\u00e9sz\u00fclt k\u00e9p. Eredeti, nem print. A k\u00e9p m\u00e9rete A4 (21x29,7 cm). Keretez\u00e9st ig\u00e9nyel. Szign\u00f3zva","price":"5600.00","unit":"db","recommended":"0","status":"1","sponsored":"0","exp_notify":"0","own_material":"0","own_material_description_old":null,"own_material_description":"","jury":"0","jury_number":"","product_nature":"","meskaracsony":"0","create_date":"2026-04-29 22:19:09","shelve_id":"0","image":"arnoldmonika_product_380343_241115111132_652552.jpeg","image_width":"480","image_height":"360","image_alt":"Alf\u00f6ld - akvarell, Ingyenes sz\u00e1ll\u00edt\u00e1s b\u00e1rmely (legal\u00e1bb) k\u00e9t k\u00e9p v\u00e1s\u00e1rl\u00e1sa eset\u00e9n! Kiv\u00e1l\u00f3 min\u0151s\u00e9g\u0171, 300g\/m2, 100% cellu..., Meska","image_title":"Alf\u00f6ld - akvarell, Meska","view_count":"567","favourite_count":"0","trending_score":"0","last2MonthFavouriteCount":"0","promotion":"0","giftcard_accept":"0","creditcard_accept":true,"enhanced_background":"0","domain":"meska","specific_customer_id":null,"specific_customer_name":null,"to_order_product":"0","to_order_product_time":"0","product_different":null,"product_different_description":"","vintage":"0","vintage_category_id":"0","recycled":"0","gemstone_id":"0","customizable":"0","type_category":"physical","zerowaste":"0","postage_price":"1290.00","shop_order":"0","has_category":"1","landing_pages":null,"microdata":{"number":6,"category":""},"title":"Alf\u00f6ld - akvarell","description":"Ingyenes sz\u00e1ll\u00edt\u00e1s b\u00e1rmely (legal\u00e1bb) k\u00e9t k\u00e9p v\u00e1s\u00e1rl\u00e1sa eset\u00e9n! Kiv\u00e1l\u00f3 min\u0151s\u00e9g\u0171, 300g\/m2, 100% cellul\u00f3z akvarellpap\u00edrra k\u00e9sz\u00fclt k\u00e9p. Eredeti, nem print. A k\u00e9p m\u00e9rete A4 (21x29,7 cm). Keretez\u00e9st ig\u00e9nyel. Szign\u00f3zva","score":0,"formatted_price":"5 600 Ft","image_url":"https:\/\/www.meska.hu\/img\/product\/small\/a\/r\/arnoldmonika_product_380343_241115111132_652552.jpeg","formatted_url":"https:\/\/www.meska.hu\/p5437398-alfold-akvarell","favourite":false,"in_stock":true,"avatar":"ArnoldMonika_avatar_380343_1628070021.jpeg","delete_from":0,"is_enhanced_background":false,"is_enhanced":false,"product_selection_started":false,"is_active":true,"image_webp_url":"https:\/\/www.meska.hu\/img\/product\/small\/a\/r\/arnoldmonika_product_380343_241115111132_652552.webp"},{"id":"5609278","shop_id":"30244","user_id":"380343","shop_name":"ArnoldMonika","shop_zip":"1171","product_code":"5452836","product_name_old":null,"product_name":"T\u00e9li akvarell","category_string":"M\u0171v\u00e9szet, Festm\u00e9ny, Akvarell","technic_string":"Fest\u00e9szet","category_1":"357","category_2":"358","category_3":"360","category_4":"0","merged_category_1":null,"merged_category_2":null,"merged_category_3":null,"technic_1":"480","technic_2":"0","technic_3":"0","color_1":"519","color_2":"521","color_3":"0","product_description_old":null,"product_description":"Ingyenes sz\u00e1ll\u00edt\u00e1s b\u00e1rmely (legal\u00e1bb) k\u00e9t k\u00e9p v\u00e1s\u00e1rl\u00e1sa eset\u00e9n! Kiv\u00e1l\u00f3 min\u0151s\u00e9g\u0171, 300g\/m2, 100% cellul\u00f3z akvarellpap\u00edrra k\u00e9sz\u00fclt k\u00e9p. Eredeti, nem print. A k\u00e9p m\u00e9rete A4 (21x29,7 cm). Keretez\u00e9st ig\u00e9nyel. Szign\u00f3zva","price":"5990.00","unit":"db","recommended":"0","status":"1","sponsored":"0","exp_notify":"0","own_material":"0","own_material_description_old":null,"own_material_description":"","jury":"0","jury_number":"","product_nature":"","meskaracsony":"0","create_date":"2026-04-29 22:19:01","shelve_id":"0","image":"arnoldmonika_product_380343_260123152826_2518.jpeg","image_width":"480","image_height":"363","image_alt":"T\u00e9li akvarell, Ingyenes sz\u00e1ll\u00edt\u00e1s b\u00e1rmely (legal\u00e1bb) k\u00e9t k\u00e9p v\u00e1s\u00e1rl\u00e1sa eset\u00e9n! Kiv\u00e1l\u00f3 min\u0151s\u00e9g\u0171, 300g\/m2, 100% cellu..., Meska","image_title":"T\u00e9li akvarell, Meska","view_count":"413","favourite_count":"1","trending_score":"0","last2MonthFavouriteCount":"1","promotion":"0","giftcard_accept":"0","creditcard_accept":true,"enhanced_background":"0","domain":"meska","specific_customer_id":null,"specific_customer_name":null,"to_order_product":"0","to_order_product_time":"0","product_different":null,"product_different_description":"","vintage":"0","vintage_category_id":"0","recycled":"0","gemstone_id":"0","customizable":"0","type_category":"physical","zerowaste":"0","postage_price":"1290.00","shop_order":"0","has_category":"1","landing_pages":null,"microdata":{"number":7,"category":""},"title":"T\u00e9li akvarell","description":"Ingyenes sz\u00e1ll\u00edt\u00e1s b\u00e1rmely (legal\u00e1bb) k\u00e9t k\u00e9p v\u00e1s\u00e1rl\u00e1sa eset\u00e9n! Kiv\u00e1l\u00f3 min\u0151s\u00e9g\u0171, 300g\/m2, 100% cellul\u00f3z akvarellpap\u00edrra k\u00e9sz\u00fclt k\u00e9p. Eredeti, nem print. A k\u00e9p m\u00e9rete A4 (21x29,7 cm). Keretez\u00e9st ig\u00e9nyel. Szign\u00f3zva","score":0,"formatted_price":"5 990 Ft","image_url":"https:\/\/www.meska.hu\/img\/product\/small\/a\/r\/arnoldmonika_product_380343_260123152826_2518.jpeg","formatted_url":"https:\/\/www.meska.hu\/p5452836-teli-akvarell","favourite":false,"in_stock":true,"avatar":"ArnoldMonika_avatar_380343_1628070021.jpeg","delete_from":0,"is_enhanced_background":false,"is_enhanced":false,"product_selection_started":false,"is_active":true,"image_webp_url":"https:\/\/www.meska.hu\/img\/product\/small\/a\/r\/arnoldmonika_product_380343_260123152826_2518.webp"},{"id":"5123930","shop_id":"30244","user_id":"380343","shop_name":"ArnoldMonika","shop_zip":"1171","product_code":"5157330","product_name_old":null,"product_name":"T\u00e9li b\u00e9ke - akvarell","category_string":"M\u0171v\u00e9szet, Festm\u00e9ny, Akvarell","technic_string":"Fest\u00e9szet","category_1":"357","category_2":"358","category_3":"360","category_4":"0","merged_category_1":null,"merged_category_2":null,"merged_category_3":null,"technic_1":"480","technic_2":"0","technic_3":"0","color_1":"519","color_2":"522","color_3":"529","product_description_old":null,"product_description":"Ingyenes Foxpost automat\u00e1s sz\u00e1ll\u00edt\u00e1s b\u00e1rmely (legal\u00e1bb) k\u00e9t k\u00e9p v\u00e1s\u00e1rl\u00e1sa eset\u00e9n! Kiv\u00e1l\u00f3 min\u0151s\u00e9g\u0171, 300g\/m2-es akvarellpap\u00edrra festett k\u00e9p. Eredeti, nem nyomat. M\u00e9rete 21x30 cm. A keret nem k\u00e9pezi az ad\u00e1sv\u00e9tel t\u00e1rgy\u00e1t.","price":"5800.00","unit":"db","recommended":"0","status":"1","sponsored":"0","exp_notify":"0","own_material":"0","own_material_description_old":null,"own_material_description":"","jury":"0","jury_number":"","product_nature":"","meskaracsony":"0","create_date":"2026-04-29 22:18:58","shelve_id":"0","image":"arnoldmonika_product_380343_231205220730_446361.jpeg","image_width":"480","image_height":"360","image_alt":"T\u00e9li b\u00e9ke - akvarell, Ingyenes Foxpost automat\u00e1s sz\u00e1ll\u00edt\u00e1s b\u00e1rmely (legal\u00e1bb) k\u00e9t k\u00e9p v\u00e1s\u00e1rl\u00e1sa eset\u00e9n! Kiv\u00e1l\u00f3 min\u0151s\u00e9g\u0171, 3..., Meska","image_title":"T\u00e9li b\u00e9ke - akvarell, Meska","view_count":"535","favourite_count":"0","trending_score":"0","last2MonthFavouriteCount":"0","promotion":"0","giftcard_accept":"0","creditcard_accept":true,"enhanced_background":"0","domain":"meska","specific_customer_id":null,"specific_customer_name":null,"to_order_product":"0","to_order_product_time":"0","product_different":null,"product_different_description":"","vintage":"0","vintage_category_id":"0","recycled":"0","gemstone_id":"0","customizable":"0","type_category":"physical","zerowaste":"0","postage_price":"1290.00","shop_order":"0","has_category":"1","landing_pages":null,"microdata":{"number":8,"category":""},"title":"T\u00e9li b\u00e9ke - akvarell","description":"Ingyenes Foxpost automat\u00e1s sz\u00e1ll\u00edt\u00e1s b\u00e1rmely (legal\u00e1bb) k\u00e9t k\u00e9p v\u00e1s\u00e1rl\u00e1sa eset\u00e9n! Kiv\u00e1l\u00f3 min\u0151s\u00e9g\u0171, 300g\/m2-es akvarellpap\u00edrra festett k\u00e9p. Eredeti, nem nyomat. M\u00e9rete 21x30 cm. A keret nem k\u00e9pezi az ad\u00e1sv\u00e9tel t\u00e1rgy\u00e1t.","score":0,"formatted_price":"5 800 Ft","image_url":"https:\/\/www.meska.hu\/img\/product\/small\/a\/r\/arnoldmonika_product_380343_231205220730_446361.jpeg","formatted_url":"https:\/\/www.meska.hu\/p5157330-teli-beke-akvarell","favourite":false,"in_stock":true,"avatar":"ArnoldMonika_avatar_380343_1628070021.jpeg","delete_from":0,"is_enhanced_background":false,"is_enhanced":false,"product_selection_started":false,"is_active":true,"image_webp_url":"https:\/\/www.meska.hu\/img\/product\/small\/a\/r\/arnoldmonika_product_380343_231205220730_446361.webp"},{"id":"3139274","shop_id":"30244","user_id":"380343","shop_name":"ArnoldMonika","shop_zip":"1171","product_code":"4691369","product_name_old":null,"product_name":"Eredeti akvarell - Itt van az \u0151sz\u2026","category_string":"M\u0171v\u00e9szet, Festm\u00e9ny, Akvarell","technic_string":"Fest\u00e9szet","category_1":"357","category_2":"358","category_3":"360","category_4":"0","merged_category_1":null,"merged_category_2":null,"merged_category_3":null,"technic_1":"480","technic_2":"0","technic_3":"0","color_1":"514","color_2":"521","color_3":"568","product_description_old":null,"product_description":"Ingyenes Foxpost automat\u00e1s sz\u00e1ll\u00edt\u00e1s b\u00e1rmely (legal\u00e1bb) k\u00e9t k\u00e9p v\u00e1s\u00e1rl\u00e1sa eset\u00e9n!\nKiv\u00e1l\u00f3 min\u0151s\u00e9g\u0171 300g\/m2-es, 100% pamut akvarell pap\u00edrra k\u00e9sz\u00fclt festm\u00e9ny.\nEredeti, nem nyomat.\nA k\u00e9p m\u00e9rete 23x31 cm.\nA keret nem k\u00e9pezi az ad\u00e1sv\u00e9tel t\u00e1rgy\u00e1t!","price":"6890.00","unit":"db","recommended":"0","status":"1","sponsored":"0","exp_notify":"0","own_material":"0","own_material_description_old":null,"own_material_description":"","jury":"0","jury_number":"","product_nature":"","meskaracsony":"0","create_date":"2026-04-29 22:18:47","shelve_id":"0","image":"arnoldmonika_product_380343_211104001106_440123.jpeg","image_width":"480","image_height":"417","image_alt":"Eredeti akvarell - Itt van az \u0151sz\u2026, Ingyenes Foxpost automat\u00e1s sz\u00e1ll\u00edt\u00e1s b\u00e1rmely (legal\u00e1bb) k\u00e9t k\u00e9p v\u00e1s\u00e1rl\u00e1sa eset\u00e9n!\\nKiv\u00e1l\u00f3 min\u0151s\u00e9g\u0171 30..., Meska","image_title":"Eredeti akvarell - Itt van az \u0151sz\u2026, Meska","view_count":"1239","favourite_count":"0","trending_score":"0","last2MonthFavouriteCount":"0","promotion":"0","giftcard_accept":"0","creditcard_accept":true,"enhanced_background":"0","domain":"meska","specific_customer_id":null,"specific_customer_name":null,"to_order_product":"0","to_order_product_time":"0","product_different":null,"product_different_description":"","vintage":"0","vintage_category_id":"0","recycled":"0","gemstone_id":"0","customizable":"0","type_category":"physical","zerowaste":"0","postage_price":"1290.00","shop_order":"0","has_category":"1","landing_pages":null,"microdata":{"number":9,"category":""},"title":"Eredeti akvarell - Itt van az \u0151sz\u2026","description":"Ingyenes Foxpost automat\u00e1s sz\u00e1ll\u00edt\u00e1s b\u00e1rmely (legal\u00e1bb) k\u00e9t k\u00e9p v\u00e1s\u00e1rl\u00e1sa eset\u00e9n!\nKiv\u00e1l\u00f3 min\u0151s\u00e9g\u0171 300g\/m2-es, 100% pamut akvarell pap\u00edrra k\u00e9sz\u00fclt festm\u00e9ny.\nEredeti, nem nyomat.\nA k\u00e9p m\u00e9rete 23x31 cm.\nA keret nem k\u00e9pezi az ad\u00e1sv\u00e9tel t\u00e1rgy\u00e1t!","score":0,"formatted_price":"6 890 Ft","image_url":"https:\/\/www.meska.hu\/img\/product\/small\/a\/r\/arnoldmonika_product_380343_211104001106_440123.jpeg","formatted_url":"https:\/\/www.meska.hu\/p4691369-eredeti-akvarell-itt-van-az-osz","favourite":false,"in_stock":true,"avatar":"ArnoldMonika_avatar_380343_1628070021.jpeg","delete_from":0,"is_enhanced_background":false,"is_enhanced":false,"product_selection_started":false,"is_active":true,"image_webp_url":"https:\/\/www.meska.hu\/img\/product\/small\/a\/r\/arnoldmonika_product_380343_211104001106_440123.webp"},{"id":"5257167","shop_id":"30244","user_id":"380343","shop_name":"ArnoldMonika","shop_zip":"1171","product_code":"5242507","product_name_old":null,"product_name":"Eredeti akvarell - Feny\u0151k","category_string":"M\u0171v\u00e9szet, Festm\u00e9ny, Akvarell","technic_string":"Fest\u00e9szet","category_1":"357","category_2":"358","category_3":"360","category_4":"0","merged_category_1":null,"merged_category_2":null,"merged_category_3":null,"technic_1":"480","technic_2":"0","technic_3":"0","color_1":"514","color_2":"529","color_3":"0","product_description_old":null,"product_description":"Ingyenes Foxpost automat\u00e1s sz\u00e1ll\u00edt\u00e1s b\u00e1rmely (legal\u00e1bb) k\u00e9t k\u00e9p v\u00e1s\u00e1rl\u00e1sa eset\u00e9n!\nKiv\u00e1l\u00f3 min\u0151s\u00e9g\u0171, 300g\/m2-es akvarellpap\u00edrra festett k\u00e9p. A k\u00e9p m\u00e9rete 32*24 cm. \nKeretez\u00e9st ig\u00e9nyel. Szign\u00f3zva.","price":"5450.00","unit":"db","recommended":"0","status":"1","sponsored":"0","exp_notify":"0","own_material":"0","own_material_description_old":null,"own_material_description":"","jury":"0","jury_number":"","product_nature":"","meskaracsony":"0","create_date":"2026-04-29 22:18:44","shelve_id":"0","image":"arnoldmonika_product_380343_240306143405_588336.jpeg","image_width":"480","image_height":"350","image_alt":"Eredeti akvarell - Feny\u0151k, Ingyenes Foxpost automat\u00e1s sz\u00e1ll\u00edt\u00e1s b\u00e1rmely (legal\u00e1bb) k\u00e9t k\u00e9p v\u00e1s\u00e1rl\u00e1sa eset\u00e9n!\\nKiv\u00e1l\u00f3 min\u0151s\u00e9g\u0171, 3..., Meska","image_title":"Eredeti akvarell - Feny\u0151k, Meska","view_count":"599","favourite_count":"0","trending_score":"0","last2MonthFavouriteCount":"0","promotion":"0","giftcard_accept":"0","creditcard_accept":true,"enhanced_background":"0","domain":"meska","specific_customer_id":null,"specific_customer_name":null,"to_order_product":"0","to_order_product_time":"0","product_different":null,"product_different_description":"","vintage":"0","vintage_category_id":"0","recycled":"0","gemstone_id":"0","customizable":"0","type_category":"physical","zerowaste":"0","postage_price":"1290.00","shop_order":"0","has_category":"1","landing_pages":null,"microdata":{"number":10,"category":""},"title":"Eredeti akvarell - Feny\u0151k","description":"Ingyenes Foxpost automat\u00e1s sz\u00e1ll\u00edt\u00e1s b\u00e1rmely (legal\u00e1bb) k\u00e9t k\u00e9p v\u00e1s\u00e1rl\u00e1sa eset\u00e9n!\nKiv\u00e1l\u00f3 min\u0151s\u00e9g\u0171, 300g\/m2-es akvarellpap\u00edrra festett k\u00e9p. A k\u00e9p m\u00e9rete 32*24 cm. \nKeretez\u00e9st ig\u00e9nyel. Szign\u00f3zva.","score":0,"formatted_price":"5 450 Ft","image_url":"https:\/\/www.meska.hu\/img\/product\/small\/a\/r\/arnoldmonika_product_380343_240306143405_588336.jpeg","formatted_url":"https:\/\/www.meska.hu\/p5242507-eredeti-akvarell-fenyok","favourite":false,"in_stock":true,"avatar":"ArnoldMonika_avatar_380343_1628070021.jpeg","delete_from":0,"is_enhanced_background":false,"is_enhanced":false,"product_selection_started":false,"is_active":true,"image_webp_url":"https:\/\/www.meska.hu\/img\/product\/small\/a\/r\/arnoldmonika_product_380343_240306143405_588336.webp"},{"id":"5773568","shop_id":"30244","user_id":"380343","shop_name":"ArnoldMonika","shop_zip":"1171","product_code":"5544382","product_name_old":null,"product_name":"Pipacs csokor (A4) - Akvarell","category_string":"M\u0171v\u00e9szet, Festm\u00e9ny, Akvarell","technic_string":"Fest\u00e9szet","category_1":"357","category_2":"358","category_3":"360","category_4":"0","merged_category_1":null,"merged_category_2":null,"merged_category_3":null,"technic_1":"480","technic_2":"0","technic_3":"0","color_1":"523","color_2":"526","color_3":"529","product_description_old":null,"product_description":"Ingyenes sz\u00e1ll\u00edt\u00e1s b\u00e1rmely (legal\u00e1bb) k\u00e9t k\u00e9p v\u00e1s\u00e1rl\u00e1sa eset\u00e9n!\nKiv\u00e1l\u00f3 min\u0151s\u00e9g\u0171 300g\/m2-es akvarell pap\u00edrra k\u00e9sz\u00fclt festm\u00e9ny t\u0171filc haszn\u00e1lat\u00e1val. Eredeti, nem nyomat. \nA4-es m\u00e9ret\u0171 k\u00e9p.\n\nKedves aj\u00e1nd\u00e9k lehet Valentin napra, Any\u00e1k napj\u00e1ra, N\u0151napra, sz\u00fclinapra, n\u00e9vnapra, \u00e9vfordul\u00f3ra, egy\u00e9b alkalmakra... :) ","price":"5390.00","unit":"db","recommended":"0","status":"1","sponsored":"0","exp_notify":"0","own_material":"0","own_material_description_old":null,"own_material_description":"","jury":"0","jury_number":"","product_nature":"","meskaracsony":"0","create_date":"2026-04-29 22:18:39","shelve_id":"0","image":"arnoldmonika_product_380343_250424133455_51719.jpeg","image_width":"480","image_height":"640","image_alt":"Pipacs csokor (A4) - Akvarell, Ingyenes sz\u00e1ll\u00edt\u00e1s b\u00e1rmely (legal\u00e1bb) k\u00e9t k\u00e9p v\u00e1s\u00e1rl\u00e1sa eset\u00e9n!\\nKiv\u00e1l\u00f3 min\u0151s\u00e9g\u0171 300g\/m2-es akvarell ..., Meska","image_title":"Pipacs csokor (A4) - Akvarell, Meska","view_count":"394","favourite_count":"0","trending_score":"0","last2MonthFavouriteCount":"0","promotion":"0","giftcard_accept":"0","creditcard_accept":true,"enhanced_background":"0","domain":"meska","specific_customer_id":null,"specific_customer_name":null,"to_order_product":"0","to_order_product_time":"0","product_different":null,"product_different_description":"","vintage":"0","vintage_category_id":"0","recycled":"0","gemstone_id":"0","customizable":"0","type_category":"physical","zerowaste":"0","postage_price":"1290.00","shop_order":"0","has_category":"1","landing_pages":null,"microdata":{"number":11,"category":""},"title":"Pipacs csokor (A4) - Akvarell","description":"Ingyenes sz\u00e1ll\u00edt\u00e1s b\u00e1rmely (legal\u00e1bb) k\u00e9t k\u00e9p v\u00e1s\u00e1rl\u00e1sa eset\u00e9n!\nKiv\u00e1l\u00f3 min\u0151s\u00e9g\u0171 300g\/m2-es akvarell pap\u00edrra k\u00e9sz\u00fclt festm\u00e9ny t\u0171filc haszn\u00e1lat\u00e1val. Eredeti, nem nyomat. \nA4-es m\u00e9ret\u0171 k\u00e9p.\n\nKedves aj\u00e1nd\u00e9k lehet Valentin napra, Any\u00e1k napj\u00e1ra, N\u0151napra, sz\u00fclinapra, n\u00e9vnapra, \u00e9vfordul\u00f3ra, egy\u00e9b alkalmakra... :) ","score":0,"formatted_price":"5 390 Ft","image_url":"https:\/\/www.meska.hu\/img\/product\/small\/a\/r\/arnoldmonika_product_380343_250424133455_51719.jpeg","formatted_url":"https:\/\/www.meska.hu\/p5544382-pipacs-csokor-akvarell","favourite":false,"in_stock":true,"avatar":"ArnoldMonika_avatar_380343_1628070021.jpeg","delete_from":0,"is_enhanced_background":false,"is_enhanced":false,"product_selection_started":false,"is_active":true,"image_webp_url":"https:\/\/www.meska.hu\/img\/product\/small\/a\/r\/arnoldmonika_product_380343_250424133455_51719.webp"},{"id":"3471063","shop_id":"33757","user_id":"436815","shop_name":"apottyosbogre","shop_zip":"8700","product_code":"4711157","product_name_old":null,"product_name":"Esk\u00fcv\u0151i \u00fcltet\u00e9si rend - plexi","category_string":"Esk\u00fcv\u0151, Dekor\u00e1ci\u00f3, T\u00e1bla & Jelz\u00e9s","technic_string":"Fest\u00e9szet","category_1":"317","category_2":"907","category_3":"1269","category_4":"0","merged_category_1":null,"merged_category_2":null,"merged_category_3":null,"technic_1":"480","technic_2":"0","technic_3":"0","color_1":"513","color_2":"519","color_3":"0","product_description_old":null,"product_description":"M\u00e9rete: 50x70\nAnyaga: plexi\n\nA term\u00e9k felirata \u00e9s sz\u00edne m\u00f3dos\u00edthat\u00f3.\nB\u00e1rmilyen k\u00e9rd\u00e9s\/k\u00e9r\u00e9s eset\u00e9n keress bizalommal. :)","price":"14500.00","unit":"db","recommended":"0","status":"1","sponsored":"0","exp_notify":"0","own_material":"0","own_material_description_old":null,"own_material_description":"","jury":"0","jury_number":"","product_nature":"","meskaracsony":"0","create_date":"2026-04-29 22:04:18","shelve_id":"0","image":"apottyosbogre_product_436815_220720125958_328196.jpeg","image_width":"480","image_height":"639","image_alt":"Esk\u00fcv\u0151i \u00fcltet\u00e9si rend - plexi, M\u00e9rete: 50x70\\nAnyaga: plexi\\n\\nA term\u00e9k felirata \u00e9s sz\u00edne m\u00f3dos\u00edthat\u00f3.\\nB\u00e1rmilyen k\u00e9rd\u00e9s\/k\u00e9r\u00e9s eset\u00e9n k..., Meska","image_title":"Esk\u00fcv\u0151i \u00fcltet\u00e9si rend - plexi, Meska","view_count":"2101","favourite_count":"0","trending_score":"0","last2MonthFavouriteCount":"0","promotion":"0","giftcard_accept":"0","creditcard_accept":false,"enhanced_background":"0","domain":"meska","specific_customer_id":null,"specific_customer_name":null,"to_order_product":"1","to_order_product_time":"14","product_different":null,"product_different_description":"","vintage":"0","vintage_category_id":"0","recycled":"0","gemstone_id":"0","customizable":"1","type_category":"physical","zerowaste":"0","postage_price":"2390.00","shop_order":"0","has_category":"1","landing_pages":null,"microdata":{"number":12,"category":""},"title":"Esk\u00fcv\u0151i \u00fcltet\u00e9si rend - plexi","description":"M\u00e9rete: 50x70\nAnyaga: plexi\n\nA term\u00e9k felirata \u00e9s sz\u00edne m\u00f3dos\u00edthat\u00f3.\nB\u00e1rmilyen k\u00e9rd\u00e9s\/k\u00e9r\u00e9s eset\u00e9n keress bizalommal. :)","score":0,"formatted_price":"14 500 Ft","image_url":"https:\/\/www.meska.hu\/img\/product\/small\/a\/p\/apottyosbogre_product_436815_220720125958_328196.jpeg","formatted_url":"https:\/\/www.meska.hu\/p4711157-eskuvoi-ultetesi-rend-plexi","favourite":false,"in_stock":false,"avatar":"apottyosbogre_avatar_436815_1623235575.jpg","delete_from":0,"is_enhanced_background":false,"is_enhanced":false,"product_selection_started":false,"is_active":true,"image_webp_url":"https:\/\/www.meska.hu\/img\/product\/small\/a\/p\/apottyosbogre_product_436815_220720125958_328196.webp"},{"id":"5904469","shop_id":"34669","user_id":"453432","shop_name":"DoridaDesign","shop_zip":"4150","product_code":"5612226","product_name_old":null,"product_name":"Sz\u00fcrke-fekete batikolt mint\u00e1s textil k\u00e9zit\u00e1ska ","category_string":"T\u00e1ska & Tok, Bev\u00e1s\u00e1rl\u00e1s & Shopper t\u00e1ska, Shopper, textilt\u00e1ska, szatyor","technic_string":"Varr\u00e1s, Fest\u00e9szet","category_1":"464","category_2":"468","category_3":"1011","category_4":"0","merged_category_1":null,"merged_category_2":null,"merged_category_3":null,"technic_1":"506","technic_2":"480","technic_3":"0","color_1":"520","color_2":"532","color_3":"527","product_description_old":null,"product_description":"K\u00f6rnyezettudatoss\u00e1g a mindennapokban.\n\nEgyedi, batikolt mint\u00e1s, b\u00e9lelt textil k\u00e9zit\u00e1ska, j\u00f3 tart\u00e1s\u00fa pamutv\u00e1szon alapanyagb\u00f3l.\nB\u00e9l\u00e9se: 100% pamut. \n\nMagaddal viheted a bev\u00e1s\u00e1rl\u00e1shoz, de ak\u00e1r aj\u00e1nd\u00e9k is lehet egy szeretted sz\u00e1m\u00e1ra.\n\nKicsire \u00f6ssze lehet hajtani, \u00edgy mindig n\u00e1lad lehet.\n\nA t\u00e1ska magass\u00e1ga: 33 cm, sz\u00e9less\u00e9ge: alj\u00e1n 28,5 cm ,fel\u00fcl 40 cm, alja: 11 cm sz\u00e9les.\nPamut hevederp\u00e1ntok : 34, 5 cm hossz\u00fas\u00e1g\u00faak. \nBel\u00fcl 1-1 zsebbel, \u00e9s bel\u00fcl k\u00f6z\u00e9pen t\u00e9p\u0151z\u00e1rral ell\u00e1tott darab. \n\nMos\u00f3g\u00e9pben 40 fokon moshat\u00f3, m\u00e9rs\u00e9kelt h\u0151m\u00e9rs\u00e9kleten vasalhat\u00f3.","price":"6500.00","unit":"db","recommended":"0","status":"1","sponsored":"0","exp_notify":"0","own_material":"0","own_material_description_old":null,"own_material_description":"","jury":"0","jury_number":"","product_nature":"","meskaracsony":"0","create_date":"2026-04-29 21:06:09","shelve_id":"0","image":"doridadesign_product_453432_250827145312_481522.jpeg","image_width":"480","image_height":"480","image_alt":"Sz\u00fcrke-fekete batikolt mint\u00e1s textil k\u00e9zit\u00e1ska , K\u00f6rnyezettudatoss\u00e1g a mindennapokban.\\n\\nEgyedi, batikolt mint\u00e1s, b\u00e9lelt textil k\u00e9zit\u00e1ska, j\u00f3 tart\u00e1s\u00fa ..., Meska","image_title":"Sz\u00fcrke-fekete batikolt mint\u00e1s textil k\u00e9zit\u00e1ska , Meska","view_count":"119","favourite_count":"0","trending_score":"0","last2MonthFavouriteCount":"0","promotion":"0","giftcard_accept":"0","creditcard_accept":true,"enhanced_background":"0","domain":"meska","specific_customer_id":null,"specific_customer_name":null,"to_order_product":"0","to_order_product_time":"0","product_different":null,"product_different_description":"","vintage":"0","vintage_category_id":"0","recycled":"0","gemstone_id":"0","customizable":"0","type_category":"physical","zerowaste":"1","postage_price":"2390.00","shop_order":"0","has_category":"1","landing_pages":null,"microdata":{"number":13,"category":""},"title":"Sz\u00fcrke-fekete batikolt mint\u00e1s textil k\u00e9zit\u00e1ska ","description":"K\u00f6rnyezettudatoss\u00e1g a mindennapokban.\n\nEgyedi, batikolt mint\u00e1s, b\u00e9lelt textil k\u00e9zit\u00e1ska, j\u00f3 tart\u00e1s\u00fa pamutv\u00e1szon alapanyagb\u00f3l.\nB\u00e9l\u00e9se: 100% pamut. \n\nMagaddal viheted a bev\u00e1s\u00e1rl\u00e1shoz, de ak\u00e1r aj\u00e1nd\u00e9k is lehet egy szeretted sz\u00e1m\u00e1ra.\n\nKicsire \u00f6ssze lehet hajtani, \u00edgy mindig n\u00e1lad lehet.\n\nA t\u00e1ska magass\u00e1ga: 33 cm, sz\u00e9less\u00e9ge: alj\u00e1n 28,5 cm ,fel\u00fcl 40 cm, alja: 11 cm sz\u00e9les.\nPamut hevederp\u00e1ntok : 34, 5 cm hossz\u00fas\u00e1g\u00faak. \nBel\u00fcl 1-1 zsebbel, \u00e9s bel\u00fcl k\u00f6z\u00e9pen t\u00e9p\u0151z\u00e1rral ell\u00e1tott darab. \n\nMos\u00f3g\u00e9pben 40 fokon moshat\u00f3, m\u00e9rs\u00e9kelt h\u0151m\u00e9rs\u00e9kleten vasalhat\u00f3.","score":0,"formatted_price":"6 500 Ft","image_url":"https:\/\/www.meska.hu\/img\/product\/small\/d\/o\/doridadesign_product_453432_250827145312_481522.jpeg","formatted_url":"https:\/\/www.meska.hu\/p5612226-szurke-fekete-batikolt-mintas-textil-kezitaska","favourite":false,"in_stock":true,"avatar":"453432_avatar_1665320580.jpeg","delete_from":0,"is_enhanced_background":false,"is_enhanced":false,"product_selection_started":false,"is_active":true,"image_webp_url":"https:\/\/www.meska.hu\/img\/product\/small\/d\/o\/doridadesign_product_453432_250827145312_481522.webp"},{"id":"5904466","shop_id":"34669","user_id":"453432","shop_name":"DoridaDesign","shop_zip":"4150","product_code":"5612225","product_name_old":null,"product_name":"K\u00e9k-lila batikolt mint\u00e1s textil k\u00e9zit\u00e1ska ","category_string":"T\u00e1ska & Tok, Bev\u00e1s\u00e1rl\u00e1s & Shopper t\u00e1ska, Shopper, textilt\u00e1ska, szatyor","technic_string":"Varr\u00e1s, Fest\u00e9szet","category_1":"464","category_2":"468","category_3":"1011","category_4":"0","merged_category_1":null,"merged_category_2":null,"merged_category_3":null,"technic_1":"506","technic_2":"480","technic_3":"0","color_1":"521","color_2":"522","color_3":"532","product_description_old":null,"product_description":"K\u00f6rnyezettudatoss\u00e1g a mindennapokban.\n\nEgyedi, batikolt mint\u00e1s, b\u00e9lelt textil k\u00e9zit\u00e1ska, j\u00f3 tart\u00e1s\u00fa pamutv\u00e1szon alapanyagb\u00f3l.\nB\u00e9l\u00e9se: 100% pamut. \n\nMagaddal viheted a bev\u00e1s\u00e1rl\u00e1shoz, de ak\u00e1r aj\u00e1nd\u00e9k is lehet egy szeretted sz\u00e1m\u00e1ra.\n\nKicsire \u00f6ssze lehet hajtani, \u00edgy mindig n\u00e1lad lehet.\n\nA t\u00e1ska magass\u00e1ga: 39, 5 cm, sz\u00e9less\u00e9ge: alj\u00e1n 29,5 cm ,fel\u00fcl 41 cm, alja: 11 cm sz\u00e9les.\nPamut hevederp\u00e1ntok : 34 cm hossz\u00fas\u00e1g\u00faak. \nBel\u00fcl 1-1 zsebbel, \u00e9s bel\u00fcl k\u00f6z\u00e9pen t\u00e9p\u0151z\u00e1rral ell\u00e1tott darab. \n\nMos\u00f3g\u00e9pben 40 fokon moshat\u00f3, m\u00e9rs\u00e9kelt h\u0151m\u00e9rs\u00e9kleten vasalhat\u00f3.","price":"6500.00","unit":"db","recommended":"0","status":"1","sponsored":"0","exp_notify":"0","own_material":"0","own_material_description_old":null,"own_material_description":"","jury":"0","jury_number":"","product_nature":"","meskaracsony":"0","create_date":"2026-04-29 21:06:07","shelve_id":"0","image":"doridadesign_product_453432_250827145102_296772.jpeg","image_width":"480","image_height":"480","image_alt":"K\u00e9k-lila batikolt mint\u00e1s textil k\u00e9zit\u00e1ska , K\u00f6rnyezettudatoss\u00e1g a mindennapokban.\\n\\nEgyedi, batikolt mint\u00e1s, b\u00e9lelt textil k\u00e9zit\u00e1ska, j\u00f3 tart\u00e1s\u00fa ..., Meska","image_title":"K\u00e9k-lila batikolt mint\u00e1s textil k\u00e9zit\u00e1ska , Meska","view_count":"163","favourite_count":"0","trending_score":"0","last2MonthFavouriteCount":"0","promotion":"0","giftcard_accept":"0","creditcard_accept":true,"enhanced_background":"0","domain":"meska","specific_customer_id":null,"specific_customer_name":null,"to_order_product":"0","to_order_product_time":"0","product_different":null,"product_different_description":"","vintage":"0","vintage_category_id":"0","recycled":"1","gemstone_id":"0","customizable":"0","type_category":"physical","zerowaste":"1","postage_price":"2390.00","shop_order":"0","has_category":"1","landing_pages":null,"microdata":{"number":14,"category":""},"title":"K\u00e9k-lila batikolt mint\u00e1s textil k\u00e9zit\u00e1ska ","description":"K\u00f6rnyezettudatoss\u00e1g a mindennapokban.\n\nEgyedi, batikolt mint\u00e1s, b\u00e9lelt textil k\u00e9zit\u00e1ska, j\u00f3 tart\u00e1s\u00fa pamutv\u00e1szon alapanyagb\u00f3l.\nB\u00e9l\u00e9se: 100% pamut. \n\nMagaddal viheted a bev\u00e1s\u00e1rl\u00e1shoz, de ak\u00e1r aj\u00e1nd\u00e9k is lehet egy szeretted sz\u00e1m\u00e1ra.\n\nKicsire \u00f6ssze lehet hajtani, \u00edgy mindig n\u00e1lad lehet.\n\nA t\u00e1ska magass\u00e1ga: 39, 5 cm, sz\u00e9less\u00e9ge: alj\u00e1n 29,5 cm ,fel\u00fcl 41 cm, alja: 11 cm sz\u00e9les.\nPamut hevederp\u00e1ntok : 34 cm hossz\u00fas\u00e1g\u00faak. \nBel\u00fcl 1-1 zsebbel, \u00e9s bel\u00fcl k\u00f6z\u00e9pen t\u00e9p\u0151z\u00e1rral ell\u00e1tott darab. \n\nMos\u00f3g\u00e9pben 40 fokon moshat\u00f3, m\u00e9rs\u00e9kelt h\u0151m\u00e9rs\u00e9kleten vasalhat\u00f3.","score":0,"formatted_price":"6 500 Ft","image_url":"https:\/\/www.meska.hu\/img\/product\/small\/d\/o\/doridadesign_product_453432_250827145102_296772.jpeg","formatted_url":"https:\/\/www.meska.hu\/p5612225-kek-lila-batikolt-mintas-textil-kezitaska","favourite":false,"in_stock":true,"avatar":"453432_avatar_1665320580.jpeg","delete_from":0,"is_enhanced_background":false,"is_enhanced":false,"product_selection_started":false,"is_active":true,"image_webp_url":"https:\/\/www.meska.hu\/img\/product\/small\/d\/o\/doridadesign_product_453432_250827145102_296772.webp"},{"id":"5904464","shop_id":"34669","user_id":"453432","shop_name":"DoridaDesign","shop_zip":"4150","product_code":"5612223","product_name_old":null,"product_name":"S\u00e1rga batikolt mint\u00e1s textil k\u00e9zit\u00e1ska ","category_string":"T\u00e1ska & Tok, Bev\u00e1s\u00e1rl\u00e1s & Shopper t\u00e1ska, Shopper, textilt\u00e1ska, szatyor","technic_string":"Varr\u00e1s, Fest\u00e9szet","category_1":"464","category_2":"468","category_3":"1011","category_4":"0","merged_category_1":null,"merged_category_2":null,"merged_category_3":null,"technic_1":"506","technic_2":"480","technic_3":"0","color_1":"514","color_2":"532","color_3":"529","product_description_old":null,"product_description":"K\u00f6rnyezettudatoss\u00e1g a mindennapokban.\n\nEgyedi, batikolt mint\u00e1s, b\u00e9lelt textil k\u00e9zit\u00e1ska, j\u00f3 tart\u00e1s\u00fa pamutv\u00e1szon alapanyagb\u00f3l.\nB\u00e9l\u00e9se: 100% pamut. \n\nMagaddal viheted a bev\u00e1s\u00e1rl\u00e1shoz, de ak\u00e1r aj\u00e1nd\u00e9k is lehet egy szeretted sz\u00e1m\u00e1ra.\n\nKicsire \u00f6ssze lehet hajtani, \u00edgy mindig n\u00e1lad lehet.\n\nA t\u00e1ska magass\u00e1ga: 37 cm, sz\u00e9less\u00e9ge: alj\u00e1n 30 cm ,fel\u00fcl 41 cm, alja: 11 cm sz\u00e9les.\nPamut hevederp\u00e1ntok : 34 cm hossz\u00fas\u00e1g\u00faak. \nBel\u00fcl 1-1 zsebbel, \u00e9s bel\u00fcl k\u00f6z\u00e9pen t\u00e9p\u0151z\u00e1rral ell\u00e1tott darab. \n\nMos\u00f3g\u00e9pben 40 fokon moshat\u00f3, m\u00e9rs\u00e9kelt h\u0151m\u00e9rs\u00e9kleten vasalhat\u00f3.","price":"6500.00","unit":"db","recommended":"0","status":"1","sponsored":"0","exp_notify":"0","own_material":"0","own_material_description_old":null,"own_material_description":"","jury":"0","jury_number":"","product_nature":"","meskaracsony":"0","create_date":"2026-04-29 21:06:06","shelve_id":"0","image":"doridadesign_product_453432_250827144742_461836.jpeg","image_width":"480","image_height":"480","image_alt":"S\u00e1rga batikolt mint\u00e1s textil k\u00e9zit\u00e1ska , K\u00f6rnyezettudatoss\u00e1g a mindennapokban.\\n\\nEgyedi, batikolt mint\u00e1s, b\u00e9lelt textil k\u00e9zit\u00e1ska, j\u00f3 tart\u00e1s\u00fa ..., Meska","image_title":"S\u00e1rga batikolt mint\u00e1s textil k\u00e9zit\u00e1ska , Meska","view_count":"116","favourite_count":"0","trending_score":"0","last2MonthFavouriteCount":"0","promotion":"0","giftcard_accept":"0","creditcard_accept":true,"enhanced_background":"0","domain":"meska","specific_customer_id":null,"specific_customer_name":null,"to_order_product":"0","to_order_product_time":"0","product_different":null,"product_different_description":"","vintage":"0","vintage_category_id":"0","recycled":"1","gemstone_id":"0","customizable":"0","type_category":"physical","zerowaste":"1","postage_price":"2390.00","shop_order":"0","has_category":"1","landing_pages":null,"microdata":{"number":15,"category":""},"title":"S\u00e1rga batikolt mint\u00e1s textil k\u00e9zit\u00e1ska ","description":"K\u00f6rnyezettudatoss\u00e1g a mindennapokban.\n\nEgyedi, batikolt mint\u00e1s, b\u00e9lelt textil k\u00e9zit\u00e1ska, j\u00f3 tart\u00e1s\u00fa pamutv\u00e1szon alapanyagb\u00f3l.\nB\u00e9l\u00e9se: 100% pamut. \n\nMagaddal viheted a bev\u00e1s\u00e1rl\u00e1shoz, de ak\u00e1r aj\u00e1nd\u00e9k is lehet egy szeretted sz\u00e1m\u00e1ra.\n\nKicsire \u00f6ssze lehet hajtani, \u00edgy mindig n\u00e1lad lehet.\n\nA t\u00e1ska magass\u00e1ga: 37 cm, sz\u00e9less\u00e9ge: alj\u00e1n 30 cm ,fel\u00fcl 41 cm, alja: 11 cm sz\u00e9les.\nPamut hevederp\u00e1ntok : 34 cm hossz\u00fas\u00e1g\u00faak. \nBel\u00fcl 1-1 zsebbel, \u00e9s bel\u00fcl k\u00f6z\u00e9pen t\u00e9p\u0151z\u00e1rral ell\u00e1tott darab. \n\nMos\u00f3g\u00e9pben 40 fokon moshat\u00f3, m\u00e9rs\u00e9kelt h\u0151m\u00e9rs\u00e9kleten vasalhat\u00f3.","score":0,"formatted_price":"6 500 Ft","image_url":"https:\/\/www.meska.hu\/img\/product\/small\/d\/o\/doridadesign_product_453432_250827144742_461836.jpeg","formatted_url":"https:\/\/www.meska.hu\/p5612223-sarga-batikolt-mintas-textil-kezitaska","favourite":false,"in_stock":true,"avatar":"453432_avatar_1665320580.jpeg","delete_from":0,"is_enhanced_background":false,"is_enhanced":false,"product_selection_started":false,"is_active":true,"image_webp_url":"https:\/\/www.meska.hu\/img\/product\/small\/d\/o\/doridadesign_product_453432_250827144742_461836.webp"},{"id":"4618889","shop_id":"34669","user_id":"453432","shop_name":"DoridaDesign","shop_zip":"4150","product_code":"4850151","product_name_old":null,"product_name":"Batikolt r\u00f6vidujj\u00fa p\u00f3l\u00f3 ","category_string":"Ruha & Divat, N\u0151i ruha, P\u00f3l\u00f3, fels\u0151","technic_string":"Fest\u00e9szet, Varr\u00e1s","category_1":"806","category_2":"440","category_3":"1198","category_4":"0","merged_category_1":null,"merged_category_2":null,"merged_category_3":null,"technic_1":"480","technic_2":"506","technic_3":"0","color_1":"520","color_2":"529","color_3":"0","product_description_old":null,"product_description":"Dorida design khaky -fekete m\u00e1rv\u00e1ny batikolt p\u00f3l\u00f3 100% pamut alapanyagb\u00f3l.\nM\u00e9ret: S. \n\nA p\u00f3l\u00f3 varrodai  szab\u00e1szati hullad\u00e9kok felhaszn\u00e1l\u00e1s\u00e1val k\u00e9sz\u00fclt. A lehull\u00f3 anyagv\u00e9gek adt\u00e1k a hossz\u00e1t \u00e9s sz\u00e9less\u00e9g\u00e9t, igazi zero waste darab. ","price":"6200.00","unit":"db","recommended":"0","status":"1","sponsored":"0","exp_notify":"0","own_material":"0","own_material_description_old":null,"own_material_description":"","jury":"0","jury_number":"","product_nature":"","meskaracsony":"0","create_date":"2026-04-29 21:06:04","shelve_id":"0","image":"doridadesign_product_453432_221206085938_882646.jpeg","image_width":"480","image_height":"480","image_alt":"Batikolt r\u00f6vidujj\u00fa p\u00f3l\u00f3 , Dorida design khaky -fekete m\u00e1rv\u00e1ny batikolt p\u00f3l\u00f3 100% pamut alapanyagb\u00f3l.\\nM\u00e9ret: S. \\n\\nA p\u00f3l\u00f3 varrod..., Meska","image_title":"Batikolt r\u00f6vidujj\u00fa p\u00f3l\u00f3 , Meska","view_count":"1837","favourite_count":"0","trending_score":"0","last2MonthFavouriteCount":"0","promotion":"0","giftcard_accept":"0","creditcard_accept":true,"enhanced_background":"0","domain":"meska","specific_customer_id":null,"specific_customer_name":null,"to_order_product":"0","to_order_product_time":"0","product_different":null,"product_different_description":"","vintage":"0","vintage_category_id":"0","recycled":"1","gemstone_id":"0","customizable":"0","type_category":"physical","zerowaste":"1","postage_price":"2390.00","shop_order":"0","has_category":"1","landing_pages":null,"microdata":{"number":16,"category":""},"title":"Batikolt r\u00f6vidujj\u00fa p\u00f3l\u00f3 ","description":"Dorida design khaky -fekete m\u00e1rv\u00e1ny batikolt p\u00f3l\u00f3 100% pamut alapanyagb\u00f3l.\nM\u00e9ret: S. \n\nA p\u00f3l\u00f3 varrodai  szab\u00e1szati hullad\u00e9kok felhaszn\u00e1l\u00e1s\u00e1val k\u00e9sz\u00fclt. A lehull\u00f3 anyagv\u00e9gek adt\u00e1k a hossz\u00e1t \u00e9s sz\u00e9less\u00e9g\u00e9t, igazi zero waste darab. ","score":0,"formatted_price":"6 200 Ft","image_url":"https:\/\/www.meska.hu\/img\/product\/small\/d\/o\/doridadesign_product_453432_221206085938_882646.jpeg","formatted_url":"https:\/\/www.meska.hu\/p4850151-batikolt-rovidujju-polo","favourite":false,"in_stock":true,"avatar":"453432_avatar_1665320580.jpeg","delete_from":0,"is_enhanced_background":false,"is_enhanced":false,"product_selection_started":false,"is_active":true,"image_webp_url":"https:\/\/www.meska.hu\/img\/product\/small\/d\/o\/doridadesign_product_453432_221206085938_882646.webp"},{"id":"4618839","shop_id":"34669","user_id":"453432","shop_name":"DoridaDesign","shop_zip":"4150","product_code":"4850131","product_name_old":null,"product_name":"Unisex kapucnis pul\u00f3ver","category_string":"Ruha & Divat, F\u00e9rfi ruha, F\u00e9rfi pul\u00f3ver","technic_string":"Fest\u00e9szet, Varr\u00e1s","category_1":"806","category_2":"433","category_3":"1194","category_4":"0","merged_category_1":null,"merged_category_2":null,"merged_category_3":null,"technic_1":"480","technic_2":"506","technic_3":"0","color_1":"530","color_2":"523","color_3":"0","product_description_old":null,"product_description":"Piros cs\u00edkos kapucnis pul\u00f3ver, cs\u00edp\u0151 al\u00e1 \u00e9r\u0151 fazon. \n\nKomfort pulcsi, extra nagy kapucnival. \n\nGarant\u00e1ltan egyedi, egy kor\u00e1bban felsz\u00e1mol\u00e1sra ker\u00fclt varroda v\u00e9ganyag\u00e1b\u00f3l terveztem \u00e9s kiviteleztem, egy darab \u00e9rhet\u0151 el bel\u0151le.\n\nM\u00e9ret: M\/L \nAnyag: pamut pik\u00e9\n\nUnisex darab. \n","price":"10500.00","unit":"db","recommended":"0","status":"1","sponsored":"0","exp_notify":"0","own_material":"0","own_material_description_old":null,"own_material_description":"","jury":"0","jury_number":"","product_nature":"","meskaracsony":"0","create_date":"2026-04-29 21:05:57","shelve_id":"0","image":"doridadesign_product_453432_221206083526_694179.jpeg","image_width":"480","image_height":"479","image_alt":"Unisex kapucnis pul\u00f3ver, Piros cs\u00edkos kapucnis pul\u00f3ver, cs\u00edp\u0151 al\u00e1 \u00e9r\u0151 fazon. \\n\\nKomfort pulcsi, extra nagy kapucnival. \\n\\nGaran..., Meska","image_title":"Unisex kapucnis pul\u00f3ver, Meska","view_count":"1719","favourite_count":"0","trending_score":"0","last2MonthFavouriteCount":"0","promotion":"0","giftcard_accept":"0","creditcard_accept":true,"enhanced_background":"0","domain":"meska","specific_customer_id":null,"specific_customer_name":null,"to_order_product":"0","to_order_product_time":"0","product_different":null,"product_different_description":"","vintage":"0","vintage_category_id":"0","recycled":"0","gemstone_id":"0","customizable":"0","type_category":"physical","zerowaste":"1","postage_price":"2390.00","shop_order":"0","has_category":"1","landing_pages":null,"microdata":{"number":17,"category":""},"title":"Unisex kapucnis pul\u00f3ver","description":"Piros cs\u00edkos kapucnis pul\u00f3ver, cs\u00edp\u0151 al\u00e1 \u00e9r\u0151 fazon. \n\nKomfort pulcsi, extra nagy kapucnival. \n\nGarant\u00e1ltan egyedi, egy kor\u00e1bban felsz\u00e1mol\u00e1sra ker\u00fclt varroda v\u00e9ganyag\u00e1b\u00f3l terveztem \u00e9s kiviteleztem, egy darab \u00e9rhet\u0151 el bel\u0151le.\n\nM\u00e9ret: M\/L \nAnyag: pamut pik\u00e9\n\nUnisex darab. \n","score":0,"formatted_price":"10 500 Ft","image_url":"https:\/\/www.meska.hu\/img\/product\/small\/d\/o\/doridadesign_product_453432_221206083526_694179.jpeg","formatted_url":"https:\/\/www.meska.hu\/p4850131-unisex-kapucnis-pulover","favourite":false,"in_stock":true,"avatar":"453432_avatar_1665320580.jpeg","delete_from":0,"is_enhanced_background":false,"is_enhanced":false,"product_selection_started":false,"is_active":true,"image_webp_url":"https:\/\/www.meska.hu\/img\/product\/small\/d\/o\/doridadesign_product_453432_221206083526_694179.webp"},{"id":"5773611","shop_id":"34669","user_id":"453432","shop_name":"DoridaDesign","shop_zip":"4150","product_code":"5544404","product_name_old":null,"product_name":"Batikolt p\u00f3l\u00f3 ","category_string":"Ruha & Divat, N\u0151i ruha, P\u00f3l\u00f3, fels\u0151","technic_string":"Fest\u00e9szet, Varr\u00e1s","category_1":"806","category_2":"440","category_3":"1198","category_4":"0","merged_category_1":null,"merged_category_2":null,"merged_category_3":null,"technic_1":"480","technic_2":"506","technic_3":"0","color_1":"521","color_2":"526","color_3":"527","product_description_old":null,"product_description":"Dorida Design halv\u00e1nysz\u00fcrke alapon s\u00f6t\u00e9tk\u00e9k \u00e9s s\u00e1rga m\u00e1rv\u00e1ny mint\u00e1s batikolt p\u00f3l\u00f3 100% pamut pik\u00e9 alapanyagb\u00f3l, rugalmas viszk\u00f3zjersey pasz\u00e9kkal. \n\nEgy m\u00e9ret. S-L-ig aj\u00e1nlom. \n\nK\u00e9nyelmes, laza fazon\u00fa szabadid\u0151 fels\u0151r\u00e9sz sportol\u00e1shoz, j\u00f3g\u00e1hoz vagy csak \u00fagy.. Vid\u00e1m alapdarabja lehet a ruhat\u00e1radnak. \n\nHossza: 54 cm. \nAlja b\u0151s\u00e9g: 90 cm. \n\nSz\u00e9les, kerek nyakkiv\u00e1g\u00e1ssal ell\u00e1tott, cs\u00edp\u0151 f\u00f6l\u00e9 \u00e9r\u0151 fazon. \n\n3db tekn\u0151s applik\u00e1ci\u00f3 a fels\u0151r\u00e9sz d\u00edsze. \n100%-ban egyedi darab. \n\n40 fokon moshat\u00f3, m\u00e9rs\u00e9kelt h\u0151m\u00e9rs\u00e9kleten vasalhat\u00f3. \n\nA p\u00f3l\u00f3 varrodai  szab\u00e1szati hullad\u00e9kok felhaszn\u00e1l\u00e1s\u00e1val k\u00e9sz\u00fclt. A lehull\u00f3 anyagv\u00e9gek adt\u00e1k a hossz\u00e1t \u00e9s sz\u00e9less\u00e9g\u00e9t, igazi zero waste darab. ","price":"10500.00","unit":"db","recommended":"0","status":"1","sponsored":"0","exp_notify":"0","own_material":"0","own_material_description_old":null,"own_material_description":"","jury":"0","jury_number":"","product_nature":"","meskaracsony":"0","create_date":"2026-04-29 21:05:53","shelve_id":"0","image":"doridadesign_product_453432_250424141016_491640.jpeg","image_width":"480","image_height":"480","image_alt":"Batikolt p\u00f3l\u00f3 , Dorida Design halv\u00e1nysz\u00fcrke alapon s\u00f6t\u00e9tk\u00e9k \u00e9s s\u00e1rga m\u00e1rv\u00e1ny mint\u00e1s batikolt p\u00f3l\u00f3 100% pamut pik\u00e9 al..., Meska","image_title":"Batikolt p\u00f3l\u00f3 , Meska","view_count":"412","favourite_count":"0","trending_score":"0","last2MonthFavouriteCount":"0","promotion":"0","giftcard_accept":"0","creditcard_accept":true,"enhanced_background":"0","domain":"meska","specific_customer_id":null,"specific_customer_name":null,"to_order_product":"0","to_order_product_time":"0","product_different":null,"product_different_description":"","vintage":"0","vintage_category_id":"0","recycled":"1","gemstone_id":"0","customizable":"0","type_category":"physical","zerowaste":"1","postage_price":"2390.00","shop_order":"0","has_category":"1","landing_pages":null,"microdata":{"number":18,"category":""},"title":"Batikolt p\u00f3l\u00f3 ","description":"Dorida Design halv\u00e1nysz\u00fcrke alapon s\u00f6t\u00e9tk\u00e9k \u00e9s s\u00e1rga m\u00e1rv\u00e1ny mint\u00e1s batikolt p\u00f3l\u00f3 100% pamut pik\u00e9 alapanyagb\u00f3l, rugalmas viszk\u00f3zjersey pasz\u00e9kkal. \n\nEgy m\u00e9ret. S-L-ig aj\u00e1nlom. \n\nK\u00e9nyelmes, laza fazon\u00fa szabadid\u0151 fels\u0151r\u00e9sz sportol\u00e1shoz, j\u00f3g\u00e1hoz vagy csak \u00fagy.. Vid\u00e1m alapdarabja lehet a ruhat\u00e1radnak. \n\nHossza: 54 cm. \nAlja b\u0151s\u00e9g: 90 cm. \n\nSz\u00e9les, kerek nyakkiv\u00e1g\u00e1ssal ell\u00e1tott, cs\u00edp\u0151 f\u00f6l\u00e9 \u00e9r\u0151 fazon. \n\n3db tekn\u0151s applik\u00e1ci\u00f3 a fels\u0151r\u00e9sz d\u00edsze. \n100%-ban egyedi darab. \n\n40 fokon moshat\u00f3, m\u00e9rs\u00e9kelt h\u0151m\u00e9rs\u00e9kleten vasalhat\u00f3. \n\nA p\u00f3l\u00f3 varrodai  szab\u00e1szati hullad\u00e9kok felhaszn\u00e1l\u00e1s\u00e1val k\u00e9sz\u00fclt. A lehull\u00f3 anyagv\u00e9gek adt\u00e1k a hossz\u00e1t \u00e9s sz\u00e9less\u00e9g\u00e9t, igazi zero waste darab. ","score":0,"formatted_price":"10 500 Ft","image_url":"https:\/\/www.meska.hu\/img\/product\/small\/d\/o\/doridadesign_product_453432_250424141016_491640.jpeg","formatted_url":"https:\/\/www.meska.hu\/p5544404-batikolt-polo","favourite":false,"in_stock":true,"avatar":"453432_avatar_1665320580.jpeg","delete_from":0,"is_enhanced_background":false,"is_enhanced":false,"product_selection_started":false,"is_active":true,"image_webp_url":"https:\/\/www.meska.hu\/img\/product\/small\/d\/o\/doridadesign_product_453432_250424141016_491640.webp"},{"id":"5773588","shop_id":"34669","user_id":"453432","shop_name":"DoridaDesign","shop_zip":"4150","product_code":"5544390","product_name_old":null,"product_name":"Batikolt p\u00f3l\u00f3 ","category_string":"Ruha & Divat, N\u0151i ruha, P\u00f3l\u00f3, fels\u0151","technic_string":"Fest\u00e9szet, Varr\u00e1s","category_1":"806","category_2":"440","category_3":"1198","category_4":"0","merged_category_1":null,"merged_category_2":null,"merged_category_3":null,"technic_1":"480","technic_2":"506","technic_3":"0","color_1":"521","color_2":"0","color_3":"0","product_description_old":null,"product_description":"Dorida Design vil\u00e1gosk\u00e9k alapon s\u00f6t\u00e9tk\u00e9k m\u00e1rv\u00e1ny mint\u00e1s batikolt p\u00f3l\u00f3 100% pamut pik\u00e9 alapanyagb\u00f3l, rugalmas viszk\u00f3zjersey pasz\u00e9kkal. \n\nEgy m\u00e9ret. S-L-ig aj\u00e1nlom. \n\nK\u00e9nyelmes, laza fazon\u00fa szabadid\u0151 fels\u0151r\u00e9sz sportol\u00e1shoz, j\u00f3g\u00e1hoz vagy csak \u00fagy.. Vid\u00e1m alapdarabja lehet a ruhat\u00e1radnak. \n\nHossza: 54 cm. \nAlja b\u0151s\u00e9g: 90 cm. \n\nSz\u00e9les, kerek nyakkiv\u00e1g\u00e1ssal ell\u00e1tott, cs\u00edp\u0151 f\u00f6l\u00e9 \u00e9r\u0151 fazon. \n\n100%-ban egyedi darab. \n\n40 fokon moshat\u00f3, m\u00e9rs\u00e9kelt h\u0151m\u00e9rs\u00e9kleten vasalhat\u00f3. \n\nA p\u00f3l\u00f3 varrodai  szab\u00e1szati hullad\u00e9kok felhaszn\u00e1l\u00e1s\u00e1val k\u00e9sz\u00fclt. A lehull\u00f3 anyagv\u00e9gek adt\u00e1k a hossz\u00e1t \u00e9s sz\u00e9less\u00e9g\u00e9t, igazi zero waste darab. ","price":"8500.00","unit":"db","recommended":"0","status":"1","sponsored":"0","exp_notify":"0","own_material":"0","own_material_description_old":null,"own_material_description":"","jury":"0","jury_number":"","product_nature":"","meskaracsony":"0","create_date":"2026-04-29 21:05:51","shelve_id":"0","image":"doridadesign_product_453432_250424135608_4832.jpeg","image_width":"480","image_height":"479","image_alt":"Batikolt p\u00f3l\u00f3 , Dorida Design vil\u00e1gosk\u00e9k alapon s\u00f6t\u00e9tk\u00e9k m\u00e1rv\u00e1ny mint\u00e1s batikolt p\u00f3l\u00f3 100% pamut pik\u00e9 alapanyagb\u00f3l, ..., Meska","image_title":"Batikolt p\u00f3l\u00f3 , Meska","view_count":"424","favourite_count":"0","trending_score":"0","last2MonthFavouriteCount":"0","promotion":"0","giftcard_accept":"0","creditcard_accept":true,"enhanced_background":"0","domain":"meska","specific_customer_id":null,"specific_customer_name":null,"to_order_product":"0","to_order_product_time":"0","product_different":null,"product_different_description":"","vintage":"0","vintage_category_id":"0","recycled":"1","gemstone_id":"0","customizable":"0","type_category":"physical","zerowaste":"1","postage_price":"2390.00","shop_order":"0","has_category":"1","landing_pages":null,"microdata":{"number":19,"category":""},"title":"Batikolt p\u00f3l\u00f3 ","description":"Dorida Design vil\u00e1gosk\u00e9k alapon s\u00f6t\u00e9tk\u00e9k m\u00e1rv\u00e1ny mint\u00e1s batikolt p\u00f3l\u00f3 100% pamut pik\u00e9 alapanyagb\u00f3l, rugalmas viszk\u00f3zjersey pasz\u00e9kkal. \n\nEgy m\u00e9ret. S-L-ig aj\u00e1nlom. \n\nK\u00e9nyelmes, laza fazon\u00fa szabadid\u0151 fels\u0151r\u00e9sz sportol\u00e1shoz, j\u00f3g\u00e1hoz vagy csak \u00fagy.. Vid\u00e1m alapdarabja lehet a ruhat\u00e1radnak. \n\nHossza: 54 cm. \nAlja b\u0151s\u00e9g: 90 cm. \n\nSz\u00e9les, kerek nyakkiv\u00e1g\u00e1ssal ell\u00e1tott, cs\u00edp\u0151 f\u00f6l\u00e9 \u00e9r\u0151 fazon. \n\n100%-ban egyedi darab. \n\n40 fokon moshat\u00f3, m\u00e9rs\u00e9kelt h\u0151m\u00e9rs\u00e9kleten vasalhat\u00f3. \n\nA p\u00f3l\u00f3 varrodai  szab\u00e1szati hullad\u00e9kok felhaszn\u00e1l\u00e1s\u00e1val k\u00e9sz\u00fclt. A lehull\u00f3 anyagv\u00e9gek adt\u00e1k a hossz\u00e1t \u00e9s sz\u00e9less\u00e9g\u00e9t, igazi zero waste darab. ","score":0,"formatted_price":"8 500 Ft","image_url":"https:\/\/www.meska.hu\/img\/product\/small\/d\/o\/doridadesign_product_453432_250424135608_4832.jpeg","formatted_url":"https:\/\/www.meska.hu\/p5544390-batikolt-polo","favourite":false,"in_stock":true,"avatar":"453432_avatar_1665320580.jpeg","delete_from":0,"is_enhanced_background":false,"is_enhanced":false,"product_selection_started":false,"is_active":true,"image_webp_url":"https:\/\/www.meska.hu\/img\/product\/small\/d\/o\/doridadesign_product_453432_250424135608_4832.webp"},{"id":"5171756","shop_id":"14303","user_id":"101009","shop_name":"BotanikAkvarell","shop_zip":"9327","product_code":"5180470","product_name_old":null,"product_name":"T\u00f6lgyf\u00e1k k\u00f6z\u00f6tt - Print (Akvarell)","category_string":"Otthon & \u00c9letm\u00f3d, Dekor\u00e1ci\u00f3, K\u00e9p & Falik\u00e9p, M\u0171v\u00e9szi nyomat","technic_string":"Fot\u00f3, grafika, rajz, illusztr\u00e1ci\u00f3, Fest\u00e9szet","category_1":"813","category_2":"314","category_3":"417","category_4":"376","merged_category_1":null,"merged_category_2":null,"merged_category_3":null,"technic_1":"483","technic_2":"480","technic_3":"0","color_1":"514","color_2":"534","color_3":"529","product_description_old":null,"product_description":"Az eredeti illusztr\u00e1ci\u00f3 akvarellel k\u00e9sz\u00fclt, a print kiv\u00e1l\u00f3 min\u0151s\u00e9g\u0171, A\/4-es, 200 g\/m2-es pap\u00edrra van nyomtatva.\n\n--------\n\n- Mindegyik nyomatot szign\u00f3zva, illetve \u00e9vsz\u00e1mmal ell\u00e1tva k\u00fcld\u00f6k.\n\n- A v\u00edzjel term\u00e9szetesen nem szerepel a nyomaton.\n\n- A keret csak illusztr\u00e1ci\u00f3!\n\n- Kartonbor\u00edt\u00e9kban \u00e9s celof\u00e1nban k\u00fcld\u00f6m a printeket, hogy semmi s\u00e9r\u00fcl\u00e9s ne \u00e9rhesse \u0151ket.\n\n- Minden jog fenntartva. Szepesi Sz\u0171cs M\u00f3nika ","price":"2300.00","unit":"db","recommended":"0","status":"1","sponsored":"0","exp_notify":"0","own_material":"0","own_material_description_old":null,"own_material_description":"","jury":"0","jury_number":"","product_nature":"","meskaracsony":"0","create_date":"2026-04-29 21:04:13","shelve_id":"0","image":"botanikakvarell_product_101009_240110184251_539788.jpeg","image_width":"480","image_height":"562","image_alt":"T\u00f6lgyf\u00e1k k\u00f6z\u00f6tt - Print (Akvarell), Az eredeti illusztr\u00e1ci\u00f3 akvarellel k\u00e9sz\u00fclt, a print kiv\u00e1l\u00f3 min\u0151s\u00e9g\u0171, A\/4-es, 200 g\/m2-es pap\u00edrra van..., Meska","image_title":"T\u00f6lgyf\u00e1k k\u00f6z\u00f6tt - Print (Akvarell), Meska","view_count":"783","favourite_count":"0","trending_score":"0","last2MonthFavouriteCount":"0","promotion":"0","giftcard_accept":"1","creditcard_accept":false,"enhanced_background":"0","domain":"meska","specific_customer_id":null,"specific_customer_name":null,"to_order_product":"1","to_order_product_time":"2","product_different":"not_different","product_different_description":"","vintage":"0","vintage_category_id":"0","recycled":"0","gemstone_id":"0","customizable":"0","type_category":"physical","zerowaste":"0","postage_price":"1290.00","shop_order":"1","has_category":"1","landing_pages":null,"microdata":{"number":20,"category":""},"title":"T\u00f6lgyf\u00e1k k\u00f6z\u00f6tt - Print (Akvarell)","description":"Az eredeti illusztr\u00e1ci\u00f3 akvarellel k\u00e9sz\u00fclt, a print kiv\u00e1l\u00f3 min\u0151s\u00e9g\u0171, A\/4-es, 200 g\/m2-es pap\u00edrra van nyomtatva.\n\n--------\n\n- Mindegyik nyomatot szign\u00f3zva, illetve \u00e9vsz\u00e1mmal ell\u00e1tva k\u00fcld\u00f6k.\n\n- A v\u00edzjel term\u00e9szetesen nem szerepel a nyomaton.\n\n- A keret csak illusztr\u00e1ci\u00f3!\n\n- Kartonbor\u00edt\u00e9kban \u00e9s celof\u00e1nban k\u00fcld\u00f6m a printeket, hogy semmi s\u00e9r\u00fcl\u00e9s ne \u00e9rhesse \u0151ket.\n\n- Minden jog fenntartva. Szepesi Sz\u0171cs M\u00f3nika ","score":0,"formatted_price":"2 300 Ft","image_url":"https:\/\/www.meska.hu\/img\/product\/small\/b\/o\/botanikakvarell_product_101009_240110184251_539788.jpeg","formatted_url":"https:\/\/www.meska.hu\/p5180470-tolgyfak-kozott-print-akvarell","favourite":false,"in_stock":false,"avatar":"BotanikAkvarell_avatar_101009.jpg","delete_from":0,"is_enhanced_background":false,"is_enhanced":false,"product_selection_started":false,"is_active":true,"image_webp_url":"https:\/\/www.meska.hu\/img\/product\/small\/b\/o\/botanikakvarell_product_101009_240110184251_539788.webp"},{"id":"5870459","shop_id":"7767","user_id":"34210","shop_name":"hermareszdekor","shop_zip":"4551","product_code":"5593878","product_name_old":null,"product_name":"Asztal \u00e9s sz\u00e9k","category_string":"Baba - mama, Gyerek asztal sz\u00e9kkel, Babaszobab\u00fator","technic_string":"Famegmunk\u00e1l\u00e1s, Fest\u00e9szet","category_1":"1442","category_2":"1756","category_3":"1735","category_4":"0","merged_category_1":null,"merged_category_2":null,"merged_category_3":null,"technic_1":"478","technic_2":"480","technic_3":"0","color_1":"523","color_2":"0","color_3":"0","product_description_old":null,"product_description":"   Asztal \u00e9s sz\u00e9k\n\n                       Az aukci\u00f3 t\u00e1rgya\n          1 db asztal \u00e9s hozz\u00e1 2db sz\u00e9k\n\nFeny\u0151 alapanyag\nEgyedi minta alapj\u00e1n \nK\u00e9zzel festett\nSz\u00edntart\u00f3 UV f\u00e9nynek ellen\u00e1ll\nT\u00f6bbsz\u00f6r\u00f6sen lakkozott nedves ruh\u00e1val tiszt\u00edthat\u00f3\nTart\u00f3s id\u0151t\u00e1ll\u00f3 darab\nFelirattal n\u00e9vvel d\u00e1tummal is k\u00e9rhet\u0151 (\u00e1r nem v\u00e1ltozik)\nA minta 100%.ban k\u00e9zzel festett!\nAsztal:\nM\u00e9rete: 60x60x50cm\nSz\u00e9k: \u00fcl\u0151magass\u00e1g:25cm\nHaszn\u00e1lhat\u00f3 1,5 \u00e9ves kort\u00f3l ak\u00e1r 6 \u00e9ves korig \nAz asztal lapja felhajthat\u00f3 mely t\u00e1rol\u00f3k\u00e9nt funkcion\u00e1l\nK\u00e9r\u00e9sre m\u00e1s mint\u00e1val is elk\u00e9sz\u00edtem!\n\n\nMEGRENDEL\u00c9SRE K\u00c9SZ\u00cdTEM (EL\u0150FORDULHAT HOGY VAN K\u00c9SZLETEN AKKOR EZ AZ ID\u0150 LER\u00d6VID\u00dcL,B\u00c1TRAN K\u00c9RDEZZ!) \n\n\nA V\u00c9TEL\u00c1RAT 3 MUNKANAPON BEL\u00dcL K\u00c9REM ,VAGY EL\u0150ZETES EGYEZTET\u00c9S UT\u00c1N VAN LEHET\u0150S\u00c9G HALASZT\u00c1SRA.\n\n\nPOSTA A Magyar posta d\u00edjszab\u00e1s\u00e1nak megfelel\u0151en, kiz\u00e1r\u00f3lag el\u0151re utal\u00e1s ut\u00e1n!\n\n\nSZEM\u00c9LYESEN NY\u00cdREGYH\u00c1Z\u00c1N VEHET\u0150 \u00c1T!\n\n\n","price":"49900.00","unit":"garn","recommended":"0","status":"1","sponsored":"0","exp_notify":"0","own_material":"0","own_material_description_old":null,"own_material_description":"","jury":"0","jury_number":"","product_nature":"","meskaracsony":"0","create_date":"2026-04-29 21:01:32","shelve_id":"47539","image":"hermareszdekor_product_34210_250726111803_910550.jpeg","image_width":"480","image_height":"360","image_alt":"Asztal \u00e9s sz\u00e9k,    Asztal \u00e9s sz\u00e9k\\n\\n                       Az aukci\u00f3 t\u00e1rgya\\n          1 db asztal \u00e9s hozz\u00e1 2db sz\u00e9k\\n\\n..., Meska","image_title":"Asztal \u00e9s sz\u00e9k, Meska","view_count":"240","favourite_count":"0","trending_score":"0","last2MonthFavouriteCount":"0","promotion":"0","giftcard_accept":"1","creditcard_accept":false,"enhanced_background":"0","domain":"meska","specific_customer_id":null,"specific_customer_name":null,"to_order_product":"1","to_order_product_time":"10","product_different":"quite_different","product_different_description":"Sz\u00edn\u00e1rnyalat","vintage":"0","vintage_category_id":"0","recycled":"0","gemstone_id":"0","customizable":"0","type_category":"physical","zerowaste":"0","postage_price":"4500.00","shop_order":"0","has_category":"1","landing_pages":null,"microdata":{"number":21,"category":""},"title":"Asztal \u00e9s sz\u00e9k","description":"   Asztal \u00e9s sz\u00e9k\n\n                       Az aukci\u00f3 t\u00e1rgya\n          1 db asztal \u00e9s hozz\u00e1 2db sz\u00e9k\n\nFeny\u0151 alapanyag\nEgyedi minta alapj\u00e1n \nK\u00e9zzel festett\nSz\u00edntart\u00f3 UV f\u00e9nynek ellen\u00e1ll\nT\u00f6bbsz\u00f6r\u00f6sen lakkozott nedves ruh\u00e1val tiszt\u00edthat\u00f3\nTart\u00f3s id\u0151t\u00e1ll\u00f3 darab\nFelirattal n\u00e9vvel d\u00e1tummal is k\u00e9rhet\u0151 (\u00e1r nem v\u00e1ltozik)\nA minta 100%.ban k\u00e9zzel festett!\nAsztal:\nM\u00e9rete: 60x60x50cm\nSz\u00e9k: \u00fcl\u0151magass\u00e1g:25cm\nHaszn\u00e1lhat\u00f3 1,5 \u00e9ves kort\u00f3l ak\u00e1r 6 \u00e9ves korig \nAz asztal lapja felhajthat\u00f3 mely t\u00e1rol\u00f3k\u00e9nt funkcion\u00e1l\nK\u00e9r\u00e9sre m\u00e1s mint\u00e1val is elk\u00e9sz\u00edtem!\n\n\nMEGRENDEL\u00c9SRE K\u00c9SZ\u00cdTEM (EL\u0150FORDULHAT HOGY VAN K\u00c9SZLETEN AKKOR EZ AZ ID\u0150 LER\u00d6VID\u00dcL,B\u00c1TRAN K\u00c9RDEZZ!) \n\n\nA V\u00c9TEL\u00c1RAT 3 MUNKANAPON BEL\u00dcL K\u00c9REM ,VAGY EL\u0150ZETES EGYEZTET\u00c9S UT\u00c1N VAN LEHET\u0150S\u00c9G HALASZT\u00c1SRA.\n\n\nPOSTA A Magyar posta d\u00edjszab\u00e1s\u00e1nak megfelel\u0151en, kiz\u00e1r\u00f3lag el\u0151re utal\u00e1s ut\u00e1n!\n\n\nSZEM\u00c9LYESEN NY\u00cdREGYH\u00c1Z\u00c1N VEHET\u0150 \u00c1T!\n\n\n","score":0,"formatted_price":"49 900 Ft","image_url":"https:\/\/www.meska.hu\/img\/product\/small\/h\/e\/hermareszdekor_product_34210_250726111803_910550.jpeg","formatted_url":"https:\/\/www.meska.hu\/p5593878-asztal-es-szek","favourite":false,"in_stock":false,"avatar":"hermareszdekor_avatar_34210_1535693442.jpg","delete_from":0,"is_enhanced_background":false,"is_enhanced":false,"product_selection_started":false,"is_active":true,"image_webp_url":"https:\/\/www.meska.hu\/img\/product\/small\/h\/e\/hermareszdekor_product_34210_250726111803_910550.webp"},{"id":"4934600","shop_id":"30230","user_id":"376977","shop_name":"andreacintia","shop_zip":"2030","product_code":"5036817","product_name_old":null,"product_name":"Greenery \u00dcltet\u00e9si rend - Fa t\u00e1bl\u00e1hoz ","category_string":"Esk\u00fcv\u0151, Megh\u00edv\u00f3 & K\u00e1rtya, \u00dcltet\u00e9si rend","technic_string":"Fest\u00e9szet, Fot\u00f3, grafika, rajz, illusztr\u00e1ci\u00f3","category_1":"317","category_2":"727","category_3":"1087","category_4":"0","merged_category_1":"0","merged_category_2":"0","merged_category_3":"0","technic_1":"480","technic_2":"483","technic_3":"0","color_1":"519","color_2":"529","color_3":"0","product_description_old":null,"product_description":"\u2022 Inf\u00f3k \u2022\nSaj\u00e1t tervez\u00e9s\u0171 egyedileg festett design.\n\nV\u00e1laszthat\u00f3 ca. A6-os vagy A5-\u00f6s m\u00e9retben. \nAz \u00e1r 1 db-ra \u00e9rthet\u0151, k\u00e9rlek annyit tegy\u00e9l a kosaradba ah\u00e1ny asztalra bontj\u00e1tok a megh\u00edvott vend\u00e9geket! :) \n\n\n\n\u2022 \u2022 \u2022 \u2022 \u2022 \u2022 \u2022 \u2022 \u2022 \u2022 \u2022 \u2022 \u2022 \u2022 \u2022 \u2022 \u2022 \u2022 \u2022 \u2022 \u2022 \u2022 \u2022 \u2022 \u2022 \u2022 \u2022 \u2022 \u2022 \u2022 \u2022 \u2022 \u2022 \u2022 \u2022 \u2022 \u2022 \u2022 \u2022 \u2022 \u2022 \u2022 \u2022 \u2022 \u2022\n \n\u2022 FONTOS \u2022\nElk\u00e9sz\u00fcl\u00e9si id\u0151: 7-10 munkanap\n\n\u2022 Expressz szolg\u00e1ltat\u00e1s -fel\u00e1ras- \u2022\n2-5 munkanap. \nhttps:\/\/www.meska.hu\/p4863024-expressz-szolgaltatas-dij\nHa az utols\u00f3 ut\u00e1ni pillanatban vagytok \u00e9s sz\u00fcks\u00e9getek lenne valamelyik term\u00e9kemre, megrendel\u00e9s el\u0151tt, mindenk\u00e9ppen vegy\u00e9tek fel velem a kapcsolatot bels\u0151 \u00fczenetben!\n\n\n\u2022 \u2022 \u2022 \u2022 \u2022 \u2022 \u2022 \u2022 \u2022 \u2022 \u2022 \u2022 \u2022 \u2022 \u2022 \u2022 \u2022 \u2022 \u2022 \u2022 \u2022 \u2022 \u2022 \u2022 \u2022 \u2022 \u2022 \u2022 \u2022 \u2022 \u2022 \u2022 \u2022 \u2022 \u2022 \u2022 \u2022 \u2022 \u2022 \u2022 \u2022 \u2022 \u2022 \u2022 \u2022\n\n\u2022 Rendel\u00e9s menete \u2022 \n\n1. V\u00e1laszd ki a megrendelni k\u00edv\u00e1nt darabsz\u00e1mot, \u00e9s az opcion\u00e1lis kieg\u00e9sz\u00edt\u0151ket.\n2. Tedd kos\u00e1rba.\n3. Rendeld meg.\n4. Rendel\u00e9s ut\u00e1n, k\u00e9rlek V\u00c1RD meg az e-mailt amit k\u00fcldeni fogok a fizet\u00e9s\/sz\u00e1ml\u00e1z\u00e1s r\u00e9szleteivel kapcsolatban.\n5. A be\u00e9rkezett \u00f6sszeget k\u00f6vet\u0151en elk\u00e9sz\u00edtem a l\u00e1tv\u00e1nytervet. Ekkor lehet mindent ellen\u0151rizni, \u00e9n csak ezek ut\u00e1n kezdem el nyomtatni \u00e9s elk\u00e9sz\u00edteni a term\u00e9keket. \n6. Amint elk\u00e9sz\u00fcltek \u00e9rtes\u00edtelek titeket, \u00e9s feladom a v\u00e1lasztott m\u00f3don \u0151ket.\n\n\n\n\n\n\n\u2022\u2022\u2022\u2022\u2022\u2022\u2022 A boltomban, tal\u00e1ltok \u00fcltet\u0151 k\u00e1rty\u00e1t, men\u00fct \u00e9s b\u00e1rmit amit szeretn\u00e9tek kieg\u00e9sz\u00edt\u0151k\u00e9nt az esk\u00fcv\u0151re, amennyiben nem akkor is van lehet\u0151s\u00e9g b\u00e1rmelyik designb\u0151r szettet is rendelni! :)\n\nAmennyiben m\u00e1sik log\u00f3t\/n\u00f6v\u00e9nyt elk\u00e9pzel\u00e9st szeretn\u00e9tek, term\u00e9szetesen erre is van lehet\u0151s\u00e9g, keressetek meg bels\u0151 \u00fczenetben, megbesz\u00e9lj\u00fck a r\u00e9szleteket :) Abban az esetben is ha teljesen m\u00e1sik megh\u00edv\u00f3t\/\u00fcltet\u0151t\/men\u00fct k\u00e9pzeltek el :) \n","price":"720.00","unit":"db","recommended":"0","status":"1","sponsored":"0","exp_notify":"0","own_material":"0","own_material_description_old":null,"own_material_description":"","jury":"0","jury_number":"","product_nature":"","meskaracsony":"0","create_date":"2026-04-29 20:04:04","shelve_id":"72726","image":"andreacintia_product_376977_230811132943_908420.jpeg","image_width":"480","image_height":"453","image_alt":"Greenery \u00dcltet\u00e9si rend - Fa t\u00e1bl\u00e1hoz , \u2022 Inf\u00f3k \u2022\\nSaj\u00e1t tervez\u00e9s\u0171 egyedileg festett design.\\n\\nV\u00e1laszthat\u00f3 ca. A6-os vagy A5-\u00f6s m\u00e9retben. \\nAz ..., Meska","image_title":"Greenery \u00dcltet\u00e9si rend - Fa t\u00e1bl\u00e1hoz , Meska","view_count":"786","favourite_count":"0","trending_score":"0","last2MonthFavouriteCount":"0","promotion":"0","giftcard_accept":"0","creditcard_accept":false,"enhanced_background":"0","domain":"meska","specific_customer_id":null,"specific_customer_name":null,"to_order_product":"1","to_order_product_time":"7","product_different":null,"product_different_description":"","vintage":"0","vintage_category_id":"0","recycled":"0","gemstone_id":"0","customizable":"1","type_category":"physical","zerowaste":"0","postage_price":"1300.00","shop_order":"0","has_category":"1","landing_pages":null,"microdata":{"number":22,"category":""},"title":"Greenery \u00dcltet\u00e9si rend - Fa t\u00e1bl\u00e1hoz ","description":"\u2022 Inf\u00f3k \u2022\nSaj\u00e1t tervez\u00e9s\u0171 egyedileg festett design.\n\nV\u00e1laszthat\u00f3 ca. A6-os vagy A5-\u00f6s m\u00e9retben. \nAz \u00e1r 1 db-ra \u00e9rthet\u0151, k\u00e9rlek annyit tegy\u00e9l a kosaradba ah\u00e1ny asztalra bontj\u00e1tok a megh\u00edvott vend\u00e9geket! :) \n\n\n\n\u2022 \u2022 \u2022 \u2022 \u2022 \u2022 \u2022 \u2022 \u2022 \u2022 \u2022 \u2022 \u2022 \u2022 \u2022 \u2022 \u2022 \u2022 \u2022 \u2022 \u2022 \u2022 \u2022 \u2022 \u2022 \u2022 \u2022 \u2022 \u2022 \u2022 \u2022 \u2022 \u2022 \u2022 \u2022 \u2022 \u2022 \u2022 \u2022 \u2022 \u2022 \u2022 \u2022 \u2022 \u2022\n \n\u2022 FONTOS \u2022\nElk\u00e9sz\u00fcl\u00e9si id\u0151: 7-10 munkanap\n\n\u2022 Expressz szolg\u00e1ltat\u00e1s -fel\u00e1ras- \u2022\n2-5 munkanap. \nhttps:\/\/www.meska.hu\/p4863024-expressz-szolgaltatas-dij\nHa az utols\u00f3 ut\u00e1ni pillanatban vagytok \u00e9s sz\u00fcks\u00e9getek lenne valamelyik term\u00e9kemre, megrendel\u00e9s el\u0151tt, mindenk\u00e9ppen vegy\u00e9tek fel velem a kapcsolatot bels\u0151 \u00fczenetben!\n\n\n\u2022 \u2022 \u2022 \u2022 \u2022 \u2022 \u2022 \u2022 \u2022 \u2022 \u2022 \u2022 \u2022 \u2022 \u2022 \u2022 \u2022 \u2022 \u2022 \u2022 \u2022 \u2022 \u2022 \u2022 \u2022 \u2022 \u2022 \u2022 \u2022 \u2022 \u2022 \u2022 \u2022 \u2022 \u2022 \u2022 \u2022 \u2022 \u2022 \u2022 \u2022 \u2022 \u2022 \u2022 \u2022\n\n\u2022 Rendel\u00e9s menete \u2022 \n\n1. V\u00e1laszd ki a megrendelni k\u00edv\u00e1nt darabsz\u00e1mot, \u00e9s az opcion\u00e1lis kieg\u00e9sz\u00edt\u0151ket.\n2. Tedd kos\u00e1rba.\n3. Rendeld meg.\n4. Rendel\u00e9s ut\u00e1n, k\u00e9rlek V\u00c1RD meg az e-mailt amit k\u00fcldeni fogok a fizet\u00e9s\/sz\u00e1ml\u00e1z\u00e1s r\u00e9szleteivel kapcsolatban.\n5. A be\u00e9rkezett \u00f6sszeget k\u00f6vet\u0151en elk\u00e9sz\u00edtem a l\u00e1tv\u00e1nytervet. Ekkor lehet mindent ellen\u0151rizni, \u00e9n csak ezek ut\u00e1n kezdem el nyomtatni \u00e9s elk\u00e9sz\u00edteni a term\u00e9keket. \n6. Amint elk\u00e9sz\u00fcltek \u00e9rtes\u00edtelek titeket, \u00e9s feladom a v\u00e1lasztott m\u00f3don \u0151ket.\n\n\n\n\n\n\n\u2022\u2022\u2022\u2022\u2022\u2022\u2022 A boltomban, tal\u00e1ltok \u00fcltet\u0151 k\u00e1rty\u00e1t, men\u00fct \u00e9s b\u00e1rmit amit szeretn\u00e9tek kieg\u00e9sz\u00edt\u0151k\u00e9nt az esk\u00fcv\u0151re, amennyiben nem akkor is van lehet\u0151s\u00e9g b\u00e1rmelyik designb\u0151r szettet is rendelni! :)\n\nAmennyiben m\u00e1sik log\u00f3t\/n\u00f6v\u00e9nyt elk\u00e9pzel\u00e9st szeretn\u00e9tek, term\u00e9szetesen erre is van lehet\u0151s\u00e9g, keressetek meg bels\u0151 \u00fczenetben, megbesz\u00e9lj\u00fck a r\u00e9szleteket :) Abban az esetben is ha teljesen m\u00e1sik megh\u00edv\u00f3t\/\u00fcltet\u0151t\/men\u00fct k\u00e9pzeltek el :) \n","score":0,"formatted_price":"720 Ft","image_url":"https:\/\/www.meska.hu\/img\/product\/small\/a\/n\/andreacintia_product_376977_230811132943_908420.jpeg","formatted_url":"https:\/\/www.meska.hu\/p5036817-greenery-ultetesi-rend-fa-tablahoz","favourite":false,"in_stock":false,"avatar":"376977_avatar_1732824033.jpeg","delete_from":0,"is_enhanced_background":false,"is_enhanced":false,"product_selection_started":false,"is_active":true,"image_webp_url":"https:\/\/www.meska.hu\/img\/product\/small\/a\/n\/andreacintia_product_376977_230811132943_908420.webp"},{"id":"3492529","shop_id":"30230","user_id":"376977","shop_name":"andreacintia","shop_zip":"2030","product_code":"4703554","product_name_old":null,"product_name":"Esk\u00fcv\u0151i men\u00fc - has\u00e1b","category_string":"Esk\u00fcv\u0151, Megh\u00edv\u00f3 & K\u00e1rtya, Men\u00fc","technic_string":"Fest\u00e9szet, Fot\u00f3, grafika, rajz, illusztr\u00e1ci\u00f3","category_1":"317","category_2":"727","category_3":"1088","category_4":"0","merged_category_1":"0","merged_category_2":"0","merged_category_3":"0","technic_1":"480","technic_2":"483","technic_3":"0","color_1":"519","color_2":"529","color_3":"0","product_description_old":null,"product_description":"\u2022 Men\u00fc \u2022\n\n\u2022\u2022A sz\u00ednek amik \u00e9l\u00e9nknek t\u0171nnek nyomtat\u00e1sban teljesen pasztell sz\u00ednvil\u00e1g\u00fa, a Meska rendszere \u00e9l\u00e9nk\u00edt a be\u00e1ll\u00edtott sz\u00edneimen\u2022\u2022\n\n\u2022 V\u00e1ltozatok:\n- 1 oldalas 9x20cm\nEgyik oldalon nyomtatott, m\u00e1sik oldal \u00fcres\n\n- 2 oldalas  9x20cm\nMind k\u00e9t oldal\u00e1n nyomtatott\n\n- 3 oldalas  3x9x20cm\n  \u2022Egy oldalon nyomtatott\n  \u20223. oldal v\u00e1laszthat\u00f3 \u00fczenettel, vagy log\u00f3val\n  \u2022Has\u00e1b form\u00e1j\u00fa\n  \u2022A4-es m\u00e9ret\u0171 \n  \u2022El\u0151 hajtogatott ( Amit nektek kell has\u00e1bformak\u00e9nt megragasztani, term\u00e9szetesen mindent el\u0151k\u00e9sz\u00edtek, m\u00e9g a k\u00e9toldal\u00fa ragaszt\u00f3t is felteszem, hogy megk\u00f6nny\u00edtsem a dolgotokat. Az\u00e9rt ilyen form\u00e1ban ker\u00fcl felad\u00e1sra, mert \u00edgy nem s\u00e9r\u00fcl meg sz\u00e1ll\u00edt\u00e1s k\u00f6zben ) \n\nEgyedileg festett akvarell n\u00f6v\u00e9nnyel, 5 f\u00e9le el\u0151re elk\u00e9sz\u00edtett designb\u00f3l lehet v\u00e1lasztani\n170 g os kreat\u00edv pap\u00edrra ker\u00fcl nyomtat\u00e1sra a men\u00fc, term\u00e9szetesen a saj\u00e1t men\u00fct\u00f6kkel :) \n\nA term\u00e9keim k\u00f6z\u00f6tt tal\u00e1lsz hozz\u00e1, \u00fcltet\u0151 k\u00e1rty\u00e1t, \u00fcltet\u0151t\u00e1bl\u00e1t \u00e9s asztalsz\u00e1mot is\n\n\u2022\u2022\u2022\u2022\u2022\u2022\u2022\u2022\u2022\u2022\u2022\u2022\u2022\u2022\u2022\u2022\u2022\u2022\u2022\u2022\nHa m\u00e1s m\u00e9retben vagy elk\u00e9pzel\u00e9sben szeretn\u00e9d, keress \u00fczenetben \u00e9s megtervezem neked az \u00e1lom esk\u00fcv\u0151i szettet :) \n","price":"840.00","unit":"db","recommended":"0","status":"1","sponsored":"0","exp_notify":"0","own_material":"0","own_material_description_old":null,"own_material_description":"","jury":"0","jury_number":"","product_nature":"","meskaracsony":"0","create_date":"2026-04-29 20:03:57","shelve_id":"72724","image":"andreacintia_product_376977_220712210917_612418.jpeg","image_width":"480","image_height":"480","image_alt":"Esk\u00fcv\u0151i men\u00fc - has\u00e1b, \u2022 Men\u00fc \u2022\\n\\n\u2022\u2022A sz\u00ednek amik \u00e9l\u00e9nknek t\u0171nnek nyomtat\u00e1sban teljesen pasztell sz\u00ednvil\u00e1g\u00fa, a Meska rendsze..., Meska","image_title":"Esk\u00fcv\u0151i men\u00fc - has\u00e1b, Meska","view_count":"3347","favourite_count":"0","trending_score":"0","last2MonthFavouriteCount":"0","promotion":"0","giftcard_accept":"0","creditcard_accept":false,"enhanced_background":"0","domain":"meska","specific_customer_id":null,"specific_customer_name":null,"to_order_product":"1","to_order_product_time":"5","product_different":null,"product_different_description":"","vintage":"0","vintage_category_id":"0","recycled":"0","gemstone_id":"0","customizable":"0","type_category":"physical","zerowaste":"0","postage_price":"1300.00","shop_order":"0","has_category":"1","landing_pages":null,"microdata":{"number":23,"category":""},"title":"Esk\u00fcv\u0151i men\u00fc - has\u00e1b","description":"\u2022 Men\u00fc \u2022\n\n\u2022\u2022A sz\u00ednek amik \u00e9l\u00e9nknek t\u0171nnek nyomtat\u00e1sban teljesen pasztell sz\u00ednvil\u00e1g\u00fa, a Meska rendszere \u00e9l\u00e9nk\u00edt a be\u00e1ll\u00edtott sz\u00edneimen\u2022\u2022\n\n\u2022 V\u00e1ltozatok:\n- 1 oldalas 9x20cm\nEgyik oldalon nyomtatott, m\u00e1sik oldal \u00fcres\n\n- 2 oldalas  9x20cm\nMind k\u00e9t oldal\u00e1n nyomtatott\n\n- 3 oldalas  3x9x20cm\n  \u2022Egy oldalon nyomtatott\n  \u20223. oldal v\u00e1laszthat\u00f3 \u00fczenettel, vagy log\u00f3val\n  \u2022Has\u00e1b form\u00e1j\u00fa\n  \u2022A4-es m\u00e9ret\u0171 \n  \u2022El\u0151 hajtogatott ( Amit nektek kell has\u00e1bformak\u00e9nt megragasztani, term\u00e9szetesen mindent el\u0151k\u00e9sz\u00edtek, m\u00e9g a k\u00e9toldal\u00fa ragaszt\u00f3t is felteszem, hogy megk\u00f6nny\u00edtsem a dolgotokat. Az\u00e9rt ilyen form\u00e1ban ker\u00fcl felad\u00e1sra, mert \u00edgy nem s\u00e9r\u00fcl meg sz\u00e1ll\u00edt\u00e1s k\u00f6zben ) \n\nEgyedileg festett akvarell n\u00f6v\u00e9nnyel, 5 f\u00e9le el\u0151re elk\u00e9sz\u00edtett designb\u00f3l lehet v\u00e1lasztani\n170 g os kreat\u00edv pap\u00edrra ker\u00fcl nyomtat\u00e1sra a men\u00fc, term\u00e9szetesen a saj\u00e1t men\u00fct\u00f6kkel :) \n\nA term\u00e9keim k\u00f6z\u00f6tt tal\u00e1lsz hozz\u00e1, \u00fcltet\u0151 k\u00e1rty\u00e1t, \u00fcltet\u0151t\u00e1bl\u00e1t \u00e9s asztalsz\u00e1mot is\n\n\u2022\u2022\u2022\u2022\u2022\u2022\u2022\u2022\u2022\u2022\u2022\u2022\u2022\u2022\u2022\u2022\u2022\u2022\u2022\u2022\nHa m\u00e1s m\u00e9retben vagy elk\u00e9pzel\u00e9sben szeretn\u00e9d, keress \u00fczenetben \u00e9s megtervezem neked az \u00e1lom esk\u00fcv\u0151i szettet :) \n","score":0,"formatted_price":"840 Ft","image_url":"https:\/\/www.meska.hu\/img\/product\/small\/a\/n\/andreacintia_product_376977_220712210917_612418.jpeg","formatted_url":"https:\/\/www.meska.hu\/p4703554-eskuvoi-menu-hasab","favourite":false,"in_stock":false,"avatar":"376977_avatar_1732824033.jpeg","delete_from":0,"is_enhanced_background":false,"is_enhanced":false,"product_selection_started":false,"is_active":true,"image_webp_url":"https:\/\/www.meska.hu\/img\/product\/small\/a\/n\/andreacintia_product_376977_220712210917_612418.webp"},{"id":"4513397","shop_id":"30230","user_id":"376977","shop_name":"andreacintia","shop_zip":"2030","product_code":"4788092","product_name_old":null,"product_name":"\u00dcltet\u0151k\u00e1rtya - K\u00e9k leveles ","category_string":"Esk\u00fcv\u0151, Megh\u00edv\u00f3 & K\u00e1rtya, \u00dcltet\u00e9si rend","technic_string":"Fest\u00e9szet, Fot\u00f3, grafika, rajz, illusztr\u00e1ci\u00f3","category_1":"317","category_2":"727","category_3":"1087","category_4":"0","merged_category_1":"0","merged_category_2":"0","merged_category_3":"0","technic_1":"480","technic_2":"483","technic_3":"0","color_1":"519","color_2":"521","color_3":"0","product_description_old":null,"product_description":"\u2022 Inf\u00f3k \u2022\nSaj\u00e1t tervez\u00e9s\u0171 egyedileg festett design.\n\n\u2022 2 f\u00e9le t\u00edpusban rendelhet\u0151:\n\n\u00c1ll\u00edtott:\nA k\u00e9pen az A vonal\u00fa hajtogatott k\u00e1rty\u00e1t l\u00e1thatj\u00e1tok, ha ezt szeretn\u00e9tek akkor a leg\u00f6rd\u00fcl\u0151 men\u00fcb\u0151l mindenk\u00e9ppen v\u00e1lassz\u00e1tok ki. \n\nFektetett:\nEgy oldalas verzi\u00f3ban is sz\u00edvesen elk\u00e9sz\u00edtem. Ebben az esetben fektetett form\u00e1ban ker\u00fclhet az asztalaitokra, vagy valamilyen tart\u00f3k\u00e1ban.\n\n\n\n\n\u2022 \u2022 \u2022 \u2022 \u2022 \u2022 \u2022 \u2022 \u2022 \u2022 \u2022 \u2022 \u2022 \u2022 \u2022 \u2022 \u2022 \u2022 \u2022 \u2022 \u2022 \u2022 \u2022 \u2022 \u2022 \u2022 \u2022 \u2022 \u2022 \u2022 \u2022 \u2022 \u2022 \u2022 \u2022 \u2022 \u2022 \u2022 \u2022 \u2022 \u2022 \u2022 \u2022 \u2022 \u2022\n \n\u2022 FONTOS \u2022\nElk\u00e9sz\u00fcl\u00e9si id\u0151: 7-10 munkanap\n\n\u2022 Expressz szolg\u00e1ltat\u00e1s -fel\u00e1ras- \u2022\n2-3 munkanap. \nhttps:\/\/www.meska.hu\/p4863024-expressz-szolgaltatas-dij\nHa az utols\u00f3 ut\u00e1ni pillanatban vagytok \u00e9s sz\u00fcks\u00e9getek lenne valamelyik term\u00e9kemre, megrendel\u00e9s el\u0151tt, mindenk\u00e9ppen vegy\u00e9tek fel velem a kapcsolatot bels\u0151 \u00fczenetben!\n\n\n\u2022 \u2022 \u2022 \u2022 \u2022 \u2022 \u2022 \u2022 \u2022 \u2022 \u2022 \u2022 \u2022 \u2022 \u2022 \u2022 \u2022 \u2022 \u2022 \u2022 \u2022 \u2022 \u2022 \u2022 \u2022 \u2022 \u2022 \u2022 \u2022 \u2022 \u2022 \u2022 \u2022 \u2022 \u2022 \u2022 \u2022 \u2022 \u2022 \u2022 \u2022 \u2022 \u2022 \u2022 \u2022\n\n\u2022 Rendel\u00e9s menete \u2022 \n\n1. V\u00e1laszd ki a megrendelni k\u00edv\u00e1nt darabsz\u00e1mot, \u00e9s az opcion\u00e1lis kieg\u00e9sz\u00edt\u0151ket.\n2. Tedd kos\u00e1rba.\n3. Rendeld meg.\n4. Rendel\u00e9s ut\u00e1n, k\u00e9rlek V\u00c1RD meg az e-mailt amit k\u00fcldeni fogok a fizet\u00e9s\/sz\u00e1ml\u00e1z\u00e1s r\u00e9szleteivel kapcsolatban.\n5. A be\u00e9rkezett \u00f6sszeget k\u00f6vet\u0151en elk\u00e9sz\u00edtem a l\u00e1tv\u00e1nytervet. Ekkor lehet mindent ellen\u0151rizni, \u00e9n csak ezek ut\u00e1n kezdem el nyomtatni \u00e9s elk\u00e9sz\u00edteni a term\u00e9keket. \n6. Amint elk\u00e9sz\u00fcltek \u00e9rtes\u00edtelek titeket, \u00e9s feladom a v\u00e1lasztott m\u00f3don \u0151ket.\n\n\n\n\n\n\n\u2022\u2022\u2022\u2022\u2022\u2022\u2022 A boltomban, tal\u00e1ltok \u00fcltet\u0151 k\u00e1rty\u00e1t, men\u00fct \u00e9s b\u00e1rmit amit szeretn\u00e9tek kieg\u00e9sz\u00edt\u0151k\u00e9nt az esk\u00fcv\u0151re :)\n\nAmennyiben m\u00e1sik log\u00f3t\/n\u00f6v\u00e9nyt elk\u00e9pzel\u00e9st szeretn\u00e9tek, term\u00e9szetesen erre is van lehet\u0151s\u00e9g, keressetek meg bels\u0151 \u00fczenetben, megbesz\u00e9lj\u00fck a r\u00e9szleteket :) Abban az esetben is ha teljesen m\u00e1sik megh\u00edv\u00f3t\/\u00fcltet\u0151t\/men\u00fct k\u00e9pzeltek el :) \n","price":"160.00","unit":"db","recommended":"0","status":"1","sponsored":"0","exp_notify":"0","own_material":"0","own_material_description_old":null,"own_material_description":"","jury":"0","jury_number":"","product_nature":"","meskaracsony":"0","create_date":"2026-04-29 20:03:55","shelve_id":"72725","image":"andreacintia_product_376977_221001204023_407677.jpeg","image_width":"480","image_height":"358","image_alt":"\u00dcltet\u0151k\u00e1rtya - K\u00e9k leveles , \u2022 Inf\u00f3k \u2022\\nSaj\u00e1t tervez\u00e9s\u0171 egyedileg festett design.\\n\\n\u2022 2 f\u00e9le t\u00edpusban rendelhet\u0151:\\n\\n\u00c1ll\u00edtott:\\nA k\u00e9pe..., Meska","image_title":"\u00dcltet\u0151k\u00e1rtya - K\u00e9k leveles , Meska","view_count":"1030","favourite_count":"0","trending_score":"0","last2MonthFavouriteCount":"0","promotion":"0","giftcard_accept":"0","creditcard_accept":false,"enhanced_background":"0","domain":"meska","specific_customer_id":null,"specific_customer_name":null,"to_order_product":"1","to_order_product_time":"5","product_different":null,"product_different_description":"","vintage":"0","vintage_category_id":"0","recycled":"0","gemstone_id":"0","customizable":"0","type_category":"physical","zerowaste":"0","postage_price":"1300.00","shop_order":"0","has_category":"1","landing_pages":null,"microdata":{"number":24,"category":""},"title":"\u00dcltet\u0151k\u00e1rtya - K\u00e9k leveles ","description":"\u2022 Inf\u00f3k \u2022\nSaj\u00e1t tervez\u00e9s\u0171 egyedileg festett design.\n\n\u2022 2 f\u00e9le t\u00edpusban rendelhet\u0151:\n\n\u00c1ll\u00edtott:\nA k\u00e9pen az A vonal\u00fa hajtogatott k\u00e1rty\u00e1t l\u00e1thatj\u00e1tok, ha ezt szeretn\u00e9tek akkor a leg\u00f6rd\u00fcl\u0151 men\u00fcb\u0151l mindenk\u00e9ppen v\u00e1lassz\u00e1tok ki. \n\nFektetett:\nEgy oldalas verzi\u00f3ban is sz\u00edvesen elk\u00e9sz\u00edtem. Ebben az esetben fektetett form\u00e1ban ker\u00fclhet az asztalaitokra, vagy valamilyen tart\u00f3k\u00e1ban.\n\n\n\n\n\u2022 \u2022 \u2022 \u2022 \u2022 \u2022 \u2022 \u2022 \u2022 \u2022 \u2022 \u2022 \u2022 \u2022 \u2022 \u2022 \u2022 \u2022 \u2022 \u2022 \u2022 \u2022 \u2022 \u2022 \u2022 \u2022 \u2022 \u2022 \u2022 \u2022 \u2022 \u2022 \u2022 \u2022 \u2022 \u2022 \u2022 \u2022 \u2022 \u2022 \u2022 \u2022 \u2022 \u2022 \u2022\n \n\u2022 FONTOS \u2022\nElk\u00e9sz\u00fcl\u00e9si id\u0151: 7-10 munkanap\n\n\u2022 Expressz szolg\u00e1ltat\u00e1s -fel\u00e1ras- \u2022\n2-3 munkanap. \nhttps:\/\/www.meska.hu\/p4863024-expressz-szolgaltatas-dij\nHa az utols\u00f3 ut\u00e1ni pillanatban vagytok \u00e9s sz\u00fcks\u00e9getek lenne valamelyik term\u00e9kemre, megrendel\u00e9s el\u0151tt, mindenk\u00e9ppen vegy\u00e9tek fel velem a kapcsolatot bels\u0151 \u00fczenetben!\n\n\n\u2022 \u2022 \u2022 \u2022 \u2022 \u2022 \u2022 \u2022 \u2022 \u2022 \u2022 \u2022 \u2022 \u2022 \u2022 \u2022 \u2022 \u2022 \u2022 \u2022 \u2022 \u2022 \u2022 \u2022 \u2022 \u2022 \u2022 \u2022 \u2022 \u2022 \u2022 \u2022 \u2022 \u2022 \u2022 \u2022 \u2022 \u2022 \u2022 \u2022 \u2022 \u2022 \u2022 \u2022 \u2022\n\n\u2022 Rendel\u00e9s menete \u2022 \n\n1. V\u00e1laszd ki a megrendelni k\u00edv\u00e1nt darabsz\u00e1mot, \u00e9s az opcion\u00e1lis kieg\u00e9sz\u00edt\u0151ket.\n2. Tedd kos\u00e1rba.\n3. Rendeld meg.\n4. Rendel\u00e9s ut\u00e1n, k\u00e9rlek V\u00c1RD meg az e-mailt amit k\u00fcldeni fogok a fizet\u00e9s\/sz\u00e1ml\u00e1z\u00e1s r\u00e9szleteivel kapcsolatban.\n5. A be\u00e9rkezett \u00f6sszeget k\u00f6vet\u0151en elk\u00e9sz\u00edtem a l\u00e1tv\u00e1nytervet. Ekkor lehet mindent ellen\u0151rizni, \u00e9n csak ezek ut\u00e1n kezdem el nyomtatni \u00e9s elk\u00e9sz\u00edteni a term\u00e9keket. \n6. Amint elk\u00e9sz\u00fcltek \u00e9rtes\u00edtelek titeket, \u00e9s feladom a v\u00e1lasztott m\u00f3don \u0151ket.\n\n\n\n\n\n\n\u2022\u2022\u2022\u2022\u2022\u2022\u2022 A boltomban, tal\u00e1ltok \u00fcltet\u0151 k\u00e1rty\u00e1t, men\u00fct \u00e9s b\u00e1rmit amit szeretn\u00e9tek kieg\u00e9sz\u00edt\u0151k\u00e9nt az esk\u00fcv\u0151re :)\n\nAmennyiben m\u00e1sik log\u00f3t\/n\u00f6v\u00e9nyt elk\u00e9pzel\u00e9st szeretn\u00e9tek, term\u00e9szetesen erre is van lehet\u0151s\u00e9g, keressetek meg bels\u0151 \u00fczenetben, megbesz\u00e9lj\u00fck a r\u00e9szleteket :) Abban az esetben is ha teljesen m\u00e1sik megh\u00edv\u00f3t\/\u00fcltet\u0151t\/men\u00fct k\u00e9pzeltek el :) \n","score":0,"formatted_price":"160 Ft","image_url":"https:\/\/www.meska.hu\/img\/product\/small\/a\/n\/andreacintia_product_376977_221001204023_407677.jpeg","formatted_url":"https:\/\/www.meska.hu\/p4788092-ultetokartya-kek-leveles","favourite":false,"in_stock":false,"avatar":"376977_avatar_1732824033.jpeg","delete_from":0,"is_enhanced_background":false,"is_enhanced":false,"product_selection_started":false,"is_active":true,"image_webp_url":"https:\/\/www.meska.hu\/img\/product\/small\/a\/n\/andreacintia_product_376977_221001204023_407677.webp"},{"id":"4469645","shop_id":"38284","user_id":"518552","shop_name":"EstherArt","shop_zip":"6723","product_code":"4758627","product_name_old":null,"product_name":"Akril festm\u00e9ny - Piros kalapos n\u0151 (2017.)","category_string":"M\u0171v\u00e9szet, Festm\u00e9ny, Akril","technic_string":"Fest\u00e9szet","category_1":"357","category_2":"358","category_3":"359","category_4":"0","merged_category_1":null,"merged_category_2":null,"merged_category_3":null,"technic_1":"480","technic_2":"0","technic_3":"0","color_1":"520","color_2":"523","color_3":"0","product_description_old":null,"product_description":"Kas\u00edrozott v\u00e1szonra k\u00e9zzel festve, akril fest\u00e9kkel k\u00e9sz\u00fclt egyedi illusztr\u00e1ci\u00f3, nem print.\nA festm\u00e9ny m\u00e9rete keret n\u00e9lk\u00fcl 30*24 cm.\nA keret csak dekor\u00e1ci\u00f3, a festm\u00e9ny \u00e1ra nem tartalmazza.\n\u00d6tlet Pinterestr\u0151l.\n\nKi\u00e1ll\u00edtva: 2018. Szeged, M\u00f3res\nKi\u00e1ll\u00edtva: 2024. Szeged, Bibliot\u00e9ka\nKi\u00e1ll\u00edtva: 2024. Ferencsz\u00e1ll\u00e1s, Faluh\u00e1z\n\nKedves aj\u00e1nd\u00e9k b\u00e1rkinek, de ak\u00e1r otthona d\u00edsze is lehet.\nA post\u00e1z\u00e1s d\u00edj\u00e1t pluszban kell fizetnie a vev\u0151nek. Biztons\u00e1gosan csomagolom ez\u00e9rt nem s\u00e9r\u00fcl a k\u00e9p. Szem\u00e9lyes \u00e1tv\u00e9tel Szegeden lehets\u00e9ges.\n\u00dczenetben egyeztetj\u00fck a r\u00e9szleteket, az \u00d6nnek megfelel\u0151 post\u00e1z\u00e1si m\u00f3dot, keressen b\u00e1tran!\nMinden jog fenntartva!","price":"19000.00","unit":"db","recommended":"0","status":"1","sponsored":"0","exp_notify":"0","own_material":"0","own_material_description_old":null,"own_material_description":"","jury":"0","jury_number":"","product_nature":"","meskaracsony":"0","create_date":"2026-04-29 17:07:25","shelve_id":"80134","image":"estherart_product_518552_220827115530_90610.jpeg","image_width":"480","image_height":"606","image_alt":"Akril festm\u00e9ny - Piros kalapos n\u0151 (2017.), Kas\u00edrozott v\u00e1szonra k\u00e9zzel festve, akril fest\u00e9kkel k\u00e9sz\u00fclt egyedi illusztr\u00e1ci\u00f3, nem print.\\nA festm\u00e9n..., Meska","image_title":"Akril festm\u00e9ny - Piros kalapos n\u0151 (2017.), Meska","view_count":"2476","favourite_count":"0","trending_score":"0","last2MonthFavouriteCount":"0","promotion":"0","giftcard_accept":"0","creditcard_accept":true,"enhanced_background":"0","domain":"meska","specific_customer_id":null,"specific_customer_name":null,"to_order_product":"0","to_order_product_time":"0","product_different":null,"product_different_description":"","vintage":"0","vintage_category_id":"0","recycled":"0","gemstone_id":"0","customizable":"0","type_category":"physical","zerowaste":"0","postage_price":"1290.00","shop_order":"0","has_category":"1","landing_pages":null,"microdata":{"number":25,"category":""},"title":"Akril festm\u00e9ny - Piros kalapos n\u0151 (2017.)","description":"Kas\u00edrozott v\u00e1szonra k\u00e9zzel festve, akril fest\u00e9kkel k\u00e9sz\u00fclt egyedi illusztr\u00e1ci\u00f3, nem print.\nA festm\u00e9ny m\u00e9rete keret n\u00e9lk\u00fcl 30*24 cm.\nA keret csak dekor\u00e1ci\u00f3, a festm\u00e9ny \u00e1ra nem tartalmazza.\n\u00d6tlet Pinterestr\u0151l.\n\nKi\u00e1ll\u00edtva: 2018. Szeged, M\u00f3res\nKi\u00e1ll\u00edtva: 2024. Szeged, Bibliot\u00e9ka\nKi\u00e1ll\u00edtva: 2024. Ferencsz\u00e1ll\u00e1s, Faluh\u00e1z\n\nKedves aj\u00e1nd\u00e9k b\u00e1rkinek, de ak\u00e1r otthona d\u00edsze is lehet.\nA post\u00e1z\u00e1s d\u00edj\u00e1t pluszban kell fizetnie a vev\u0151nek. Biztons\u00e1gosan csomagolom ez\u00e9rt nem s\u00e9r\u00fcl a k\u00e9p. Szem\u00e9lyes \u00e1tv\u00e9tel Szegeden lehets\u00e9ges.\n\u00dczenetben egyeztetj\u00fck a r\u00e9szleteket, az \u00d6nnek megfelel\u0151 post\u00e1z\u00e1si m\u00f3dot, keressen b\u00e1tran!\nMinden jog fenntartva!","score":0,"formatted_price":"19 000 Ft","image_url":"https:\/\/www.meska.hu\/img\/product\/small\/e\/s\/estherart_product_518552_220827115530_90610.jpeg","formatted_url":"https:\/\/www.meska.hu\/p4758627-akril-festmeny-piros-kalapos-no-2017","favourite":false,"in_stock":true,"avatar":"518552_avatar_1723634647.jpeg","delete_from":0,"is_enhanced_background":false,"is_enhanced":false,"product_selection_started":false,"is_active":true,"image_webp_url":"https:\/\/www.meska.hu\/img\/product\/small\/e\/s\/estherart_product_518552_220827115530_90610.webp"},{"id":"3385337","shop_id":"7767","user_id":"34210","shop_name":"hermareszdekor","shop_zip":"4551","product_code":"3328552","product_name_old":null,"product_name":"\u00d3vodai jel (Sz\u00ednes fa n\u00e9gyzet)","category_string":"J\u00e1t\u00e9k & Sport, Ovis felszerel\u00e9s, \u00d3vodai jelek","technic_string":"Famegmunk\u00e1l\u00e1s, Fest\u00e9szet","category_1":"305","category_2":"909","category_3":"1045","category_4":"0","merged_category_1":"0","merged_category_2":"784","merged_category_3":"0","technic_1":"478","technic_2":"480","technic_3":"0","color_1":"534","color_2":"0","color_3":"0","product_description_old":null,"product_description":"Hermaresz\u00f3voda\n\n\u00d3vodai jelek k\u00e9sz\u00edt\u00e9s\u00e9t v\u00e1llalom .\nTart\u00f3s sz\u00edntart\u00f3 v\u00edz\u00e1ll\u00f3.\nH\u00e1tt\u00e9rsz\u00edn b\u00e1rmilyen lehet.\nA k\u00e9pen l\u00e1that\u00f3 sz\u00ednes fa n\u00e9gyzet forma jel k\u00e9tf\u00e9le m\u00e9retben kaphat\u00f3:\n4x4cm\n5x5cm\nJelek list\u00e1j\u00e1t a term\u00e9k megv\u00e1s\u00e1rol\u00e1sa ut\u00e1n k\u00e9rem.\nB\u00e1rmilyen jelet el tudok k\u00e9sz\u00edteni.\nA term\u00e9k r\u00f6gz\u00edthet\u0151 k\u00e9t oldalas ragaszt\u00f3val vagy k\u00e9r\u00e9sre furattal k\u00fcldj\u00fck.\nB\u00e1rmilyen mennyis\u00e9gben el\u00e9rhet\u0151.\nElk\u00e9sz\u00fcl\u00e9si id\u0151 3-10 munkanap.\nPostai \u00faton darabsz\u00e1mt\u00f3l f\u00fcgg\u0151en lev\u00e9lk\u00e9nt , csomagk\u00e9nt vagy automat\u00e1ba tudom k\u00fcldeni.\nB\u00e1rmilyen k\u00e9rd\u00e9sre sz\u00edvesen v\u00e1laszolok.\n\n\n\n","price":"650.00","unit":"db","recommended":"0","status":"1","sponsored":"0","exp_notify":"0","own_material":"0","own_material_description_old":null,"own_material_description":"","jury":"0","jury_number":"","product_nature":"","meskaracsony":"0","create_date":"2026-04-29 16:03:09","shelve_id":"53014","image":"hermareszdekor_product_34210_230727053846_81471.jpeg","image_width":"480","image_height":"339","image_alt":"\u00d3vodai jel (Sz\u00ednes fa n\u00e9gyzet), Hermaresz\u00f3voda\\n\\n\u00d3vodai jelek k\u00e9sz\u00edt\u00e9s\u00e9t v\u00e1llalom .\\nTart\u00f3s sz\u00edntart\u00f3 v\u00edz\u00e1ll\u00f3.\\nH\u00e1tt\u00e9rsz\u00edn b\u00e1rmilyen le..., Meska","image_title":"\u00d3vodai jel (Sz\u00ednes fa n\u00e9gyzet), Meska","view_count":"3386","favourite_count":"0","trending_score":"0","last2MonthFavouriteCount":"0","promotion":"0","giftcard_accept":"1","creditcard_accept":false,"enhanced_background":"0","domain":"meska","specific_customer_id":null,"specific_customer_name":null,"to_order_product":"1","to_order_product_time":"10","product_different":"quite_different","product_different_description":"Sz\u00edn\u00e1rnyalatok","vintage":"0","vintage_category_id":"0","recycled":"0","gemstone_id":"0","customizable":"0","type_category":"physical","zerowaste":"0","postage_price":"4500.00","shop_order":"0","has_category":"1","landing_pages":null,"microdata":{"number":26,"category":""},"title":"\u00d3vodai jel (Sz\u00ednes fa n\u00e9gyzet)","description":"Hermaresz\u00f3voda\n\n\u00d3vodai jelek k\u00e9sz\u00edt\u00e9s\u00e9t v\u00e1llalom .\nTart\u00f3s sz\u00edntart\u00f3 v\u00edz\u00e1ll\u00f3.\nH\u00e1tt\u00e9rsz\u00edn b\u00e1rmilyen lehet.\nA k\u00e9pen l\u00e1that\u00f3 sz\u00ednes fa n\u00e9gyzet forma jel k\u00e9tf\u00e9le m\u00e9retben kaphat\u00f3:\n4x4cm\n5x5cm\nJelek list\u00e1j\u00e1t a term\u00e9k megv\u00e1s\u00e1rol\u00e1sa ut\u00e1n k\u00e9rem.\nB\u00e1rmilyen jelet el tudok k\u00e9sz\u00edteni.\nA term\u00e9k r\u00f6gz\u00edthet\u0151 k\u00e9t oldalas ragaszt\u00f3val vagy k\u00e9r\u00e9sre furattal k\u00fcldj\u00fck.\nB\u00e1rmilyen mennyis\u00e9gben el\u00e9rhet\u0151.\nElk\u00e9sz\u00fcl\u00e9si id\u0151 3-10 munkanap.\nPostai \u00faton darabsz\u00e1mt\u00f3l f\u00fcgg\u0151en lev\u00e9lk\u00e9nt , csomagk\u00e9nt vagy automat\u00e1ba tudom k\u00fcldeni.\nB\u00e1rmilyen k\u00e9rd\u00e9sre sz\u00edvesen v\u00e1laszolok.\n\n\n\n","score":0,"formatted_price":"650 Ft","image_url":"https:\/\/www.meska.hu\/img\/product\/small\/h\/e\/hermareszdekor_product_34210_230727053846_81471.jpeg","formatted_url":"https:\/\/www.meska.hu\/p3328552-ovodai-jel-szines-fa-negyzet","favourite":false,"in_stock":false,"avatar":"hermareszdekor_avatar_34210_1535693442.jpg","delete_from":0,"is_enhanced_background":false,"is_enhanced":false,"product_selection_started":false,"is_active":true,"image_webp_url":"https:\/\/www.meska.hu\/img\/product\/small\/h\/e\/hermareszdekor_product_34210_230727053846_81471.webp"},{"id":"3492959","shop_id":"30230","user_id":"376977","shop_name":"andreacintia","shop_zip":"2030","product_code":"4614274","product_name_old":null,"product_name":"\u00dcltet\u0151k\u00e1rtya - greenery eukaliptusz","category_string":"Esk\u00fcv\u0151, Megh\u00edv\u00f3 & K\u00e1rtya, \u00dcltet\u00e9si rend","technic_string":"Fest\u00e9szet, Fot\u00f3, grafika, rajz, illusztr\u00e1ci\u00f3","category_1":"317","category_2":"727","category_3":"1087","category_4":"0","merged_category_1":"0","merged_category_2":"0","merged_category_3":"0","technic_1":"480","technic_2":"483","technic_3":"0","color_1":"519","color_2":"529","color_3":"0","product_description_old":null,"product_description":"\u2022 Inf\u00f3k \u2022\nSaj\u00e1t tervez\u00e9s\u0171 egyedileg festett design.\n\n\u2022 2 f\u00e9le t\u00edpusban rendelhet\u0151:\n\n\u00c1ll\u00edtott:\nA k\u00e9pen az A vonal\u00fa hajtogatott k\u00e1rty\u00e1t l\u00e1thatj\u00e1tok, ha ezt szeretn\u00e9tek akkor a leg\u00f6rd\u00fcl\u0151 men\u00fcb\u0151l mindenk\u00e9ppen v\u00e1lassz\u00e1tok ki. \n\nFektetett:\nEgy oldalas verzi\u00f3ban is sz\u00edvesen elk\u00e9sz\u00edtem. Ebben az esetben fektetett form\u00e1ban ker\u00fclhet az asztalaitokra, vagy valamilyen tart\u00f3k\u00e1ban.\n\n\n\n\u2022 \u2022 \u2022 \u2022 \u2022 \u2022 \u2022 \u2022 \u2022 \u2022 \u2022 \u2022 \u2022 \u2022 \u2022 \u2022 \u2022 \u2022 \u2022 \u2022 \u2022 \u2022 \u2022 \u2022 \u2022 \u2022 \u2022 \u2022 \u2022 \u2022 \u2022 \u2022 \u2022 \u2022 \u2022 \u2022 \u2022 \u2022 \u2022 \u2022 \u2022 \u2022 \u2022 \u2022 \u2022\n \n\u2022 FONTOS \u2022\nElk\u00e9sz\u00fcl\u00e9si id\u0151: 7-10 munkanap\n\n\u2022 Expressz szolg\u00e1ltat\u00e1s -fel\u00e1ras- \u2022\n2-3 munkanap. \nhttps:\/\/www.meska.hu\/p4863024-expressz-szolgaltatas-dij\nHa az utols\u00f3 ut\u00e1ni pillanatban vagytok \u00e9s sz\u00fcks\u00e9getek lenne valamelyik term\u00e9kemre, megrendel\u00e9s el\u0151tt, mindenk\u00e9ppen vegy\u00e9tek fel velem a kapcsolatot bels\u0151 \u00fczenetben!\n\n\n\u2022 \u2022 \u2022 \u2022 \u2022 \u2022 \u2022 \u2022 \u2022 \u2022 \u2022 \u2022 \u2022 \u2022 \u2022 \u2022 \u2022 \u2022 \u2022 \u2022 \u2022 \u2022 \u2022 \u2022 \u2022 \u2022 \u2022 \u2022 \u2022 \u2022 \u2022 \u2022 \u2022 \u2022 \u2022 \u2022 \u2022 \u2022 \u2022 \u2022 \u2022 \u2022 \u2022 \u2022 \u2022\n\n\u2022 Rendel\u00e9s menete \u2022 \n\n1. V\u00e1laszd ki a megrendelni k\u00edv\u00e1nt darabsz\u00e1mot, \u00e9s az opcion\u00e1lis kieg\u00e9sz\u00edt\u0151ket.\n2. Tedd kos\u00e1rba.\n3. Rendeld meg.\n4. Rendel\u00e9s ut\u00e1n, k\u00e9rlek V\u00c1RD meg az e-mailt amit k\u00fcldeni fogok a fizet\u00e9s\/sz\u00e1ml\u00e1z\u00e1s r\u00e9szleteivel kapcsolatban.\n5. A be\u00e9rkezett \u00f6sszeget k\u00f6vet\u0151en elk\u00e9sz\u00edtem a l\u00e1tv\u00e1nytervet. Ekkor lehet mindent ellen\u0151rizni, \u00e9n csak ezek ut\u00e1n kezdem el nyomtatni \u00e9s elk\u00e9sz\u00edteni a term\u00e9keket. \n6. Amint elk\u00e9sz\u00fcltek \u00e9rtes\u00edtelek titeket, \u00e9s feladom a v\u00e1lasztott m\u00f3don \u0151ket.\n\n\n\n\n\n\n\u2022\u2022\u2022\u2022\u2022\u2022\u2022 A boltomban, tal\u00e1ltok \u00fcltet\u0151 k\u00e1rty\u00e1t, men\u00fct \u00e9s b\u00e1rmit amit szeretn\u00e9tek kieg\u00e9sz\u00edt\u0151k\u00e9nt az esk\u00fcv\u0151re :)\n\nAmennyiben m\u00e1sik log\u00f3t\/n\u00f6v\u00e9nyt elk\u00e9pzel\u00e9st szeretn\u00e9tek, term\u00e9szetesen erre is van lehet\u0151s\u00e9g, keressetek meg bels\u0151 \u00fczenetben, megbesz\u00e9lj\u00fck a r\u00e9szleteket :) Abban az esetben is ha teljesen m\u00e1sik megh\u00edv\u00f3t\/\u00fcltet\u0151t\/men\u00fct k\u00e9pzeltek el :) \n","price":"160.00","unit":"db","recommended":"0","status":"1","sponsored":"0","exp_notify":"0","own_material":"0","own_material_description_old":null,"own_material_description":"","jury":"0","jury_number":"","product_nature":"","meskaracsony":"0","create_date":"2026-04-29 16:03:04","shelve_id":"72725","image":"andreacintia_product_376977_220504204315_598126.jpeg","image_width":"480","image_height":"358","image_alt":"\u00dcltet\u0151k\u00e1rtya - greenery eukaliptusz, \u2022 Inf\u00f3k \u2022\\nSaj\u00e1t tervez\u00e9s\u0171 egyedileg festett design.\\n\\n\u2022 2 f\u00e9le t\u00edpusban rendelhet\u0151:\\n\\n\u00c1ll\u00edtott:\\nA k\u00e9pe..., Meska","image_title":"\u00dcltet\u0151k\u00e1rtya - greenery eukaliptusz, Meska","view_count":"3787","favourite_count":"1","trending_score":"0","last2MonthFavouriteCount":"1","promotion":"0","giftcard_accept":"0","creditcard_accept":false,"enhanced_background":"0","domain":"meska","specific_customer_id":null,"specific_customer_name":null,"to_order_product":"1","to_order_product_time":"5","product_different":null,"product_different_description":"","vintage":"0","vintage_category_id":"0","recycled":"0","gemstone_id":"0","customizable":"0","type_category":"physical","zerowaste":"0","postage_price":"1300.00","shop_order":"0","has_category":"1","landing_pages":null,"microdata":{"number":27,"category":""},"title":"\u00dcltet\u0151k\u00e1rtya - greenery eukaliptusz","description":"\u2022 Inf\u00f3k \u2022\nSaj\u00e1t tervez\u00e9s\u0171 egyedileg festett design.\n\n\u2022 2 f\u00e9le t\u00edpusban rendelhet\u0151:\n\n\u00c1ll\u00edtott:\nA k\u00e9pen az A vonal\u00fa hajtogatott k\u00e1rty\u00e1t l\u00e1thatj\u00e1tok, ha ezt szeretn\u00e9tek akkor a leg\u00f6rd\u00fcl\u0151 men\u00fcb\u0151l mindenk\u00e9ppen v\u00e1lassz\u00e1tok ki. \n\nFektetett:\nEgy oldalas verzi\u00f3ban is sz\u00edvesen elk\u00e9sz\u00edtem. Ebben az esetben fektetett form\u00e1ban ker\u00fclhet az asztalaitokra, vagy valamilyen tart\u00f3k\u00e1ban.\n\n\n\n\u2022 \u2022 \u2022 \u2022 \u2022 \u2022 \u2022 \u2022 \u2022 \u2022 \u2022 \u2022 \u2022 \u2022 \u2022 \u2022 \u2022 \u2022 \u2022 \u2022 \u2022 \u2022 \u2022 \u2022 \u2022 \u2022 \u2022 \u2022 \u2022 \u2022 \u2022 \u2022 \u2022 \u2022 \u2022 \u2022 \u2022 \u2022 \u2022 \u2022 \u2022 \u2022 \u2022 \u2022 \u2022\n \n\u2022 FONTOS \u2022\nElk\u00e9sz\u00fcl\u00e9si id\u0151: 7-10 munkanap\n\n\u2022 Expressz szolg\u00e1ltat\u00e1s -fel\u00e1ras- \u2022\n2-3 munkanap. \nhttps:\/\/www.meska.hu\/p4863024-expressz-szolgaltatas-dij\nHa az utols\u00f3 ut\u00e1ni pillanatban vagytok \u00e9s sz\u00fcks\u00e9getek lenne valamelyik term\u00e9kemre, megrendel\u00e9s el\u0151tt, mindenk\u00e9ppen vegy\u00e9tek fel velem a kapcsolatot bels\u0151 \u00fczenetben!\n\n\n\u2022 \u2022 \u2022 \u2022 \u2022 \u2022 \u2022 \u2022 \u2022 \u2022 \u2022 \u2022 \u2022 \u2022 \u2022 \u2022 \u2022 \u2022 \u2022 \u2022 \u2022 \u2022 \u2022 \u2022 \u2022 \u2022 \u2022 \u2022 \u2022 \u2022 \u2022 \u2022 \u2022 \u2022 \u2022 \u2022 \u2022 \u2022 \u2022 \u2022 \u2022 \u2022 \u2022 \u2022 \u2022\n\n\u2022 Rendel\u00e9s menete \u2022 \n\n1. V\u00e1laszd ki a megrendelni k\u00edv\u00e1nt darabsz\u00e1mot, \u00e9s az opcion\u00e1lis kieg\u00e9sz\u00edt\u0151ket.\n2. Tedd kos\u00e1rba.\n3. Rendeld meg.\n4. Rendel\u00e9s ut\u00e1n, k\u00e9rlek V\u00c1RD meg az e-mailt amit k\u00fcldeni fogok a fizet\u00e9s\/sz\u00e1ml\u00e1z\u00e1s r\u00e9szleteivel kapcsolatban.\n5. A be\u00e9rkezett \u00f6sszeget k\u00f6vet\u0151en elk\u00e9sz\u00edtem a l\u00e1tv\u00e1nytervet. Ekkor lehet mindent ellen\u0151rizni, \u00e9n csak ezek ut\u00e1n kezdem el nyomtatni \u00e9s elk\u00e9sz\u00edteni a term\u00e9keket. \n6. Amint elk\u00e9sz\u00fcltek \u00e9rtes\u00edtelek titeket, \u00e9s feladom a v\u00e1lasztott m\u00f3don \u0151ket.\n\n\n\n\n\n\n\u2022\u2022\u2022\u2022\u2022\u2022\u2022 A boltomban, tal\u00e1ltok \u00fcltet\u0151 k\u00e1rty\u00e1t, men\u00fct \u00e9s b\u00e1rmit amit szeretn\u00e9tek kieg\u00e9sz\u00edt\u0151k\u00e9nt az esk\u00fcv\u0151re :)\n\nAmennyiben m\u00e1sik log\u00f3t\/n\u00f6v\u00e9nyt elk\u00e9pzel\u00e9st szeretn\u00e9tek, term\u00e9szetesen erre is van lehet\u0151s\u00e9g, keressetek meg bels\u0151 \u00fczenetben, megbesz\u00e9lj\u00fck a r\u00e9szleteket :) Abban az esetben is ha teljesen m\u00e1sik megh\u00edv\u00f3t\/\u00fcltet\u0151t\/men\u00fct k\u00e9pzeltek el :) \n","score":0,"formatted_price":"160 Ft","image_url":"https:\/\/www.meska.hu\/img\/product\/small\/a\/n\/andreacintia_product_376977_220504204315_598126.jpeg","formatted_url":"https:\/\/www.meska.hu\/p4614274-ultetokartya-02","favourite":false,"in_stock":false,"avatar":"376977_avatar_1732824033.jpeg","delete_from":0,"is_enhanced_background":false,"is_enhanced":false,"product_selection_started":false,"is_active":true,"image_webp_url":"https:\/\/www.meska.hu\/img\/product\/small\/a\/n\/andreacintia_product_376977_220504204315_598126.webp"},{"id":"5781114","shop_id":"37080","user_id":"491542","shop_name":"Antiquelive","shop_zip":"9021","product_code":"5547660","product_name_old":null,"product_name":"Fantasztikus nagym\u00e9ret\u0171 Holland vir\u00e1gcsend\u00e9let olajfestm\u00e9ny","category_string":"M\u0171v\u00e9szet, Festm\u00e9ny, Olajfestm\u00e9ny","technic_string":"Fest\u00e9szet","category_1":"357","category_2":"358","category_3":"361","category_4":"0","merged_category_1":null,"merged_category_2":null,"merged_category_3":null,"technic_1":"480","technic_2":"0","technic_3":"0","color_1":"512","color_2":"523","color_3":"526","product_description_old":null,"product_description":"\u00c1lomsz\u00e9p, a Holland renesz\u00e1nsz st\u00edlus\u00fa vir\u00e1gcsend\u00e9leteket id\u00e9z\u0151 hatalmas m\u00e9ret\u0171 olaj v\u00e1szon festm\u00e9ny. Csod\u00e1latosan \u00e9leth\u0171en, realista m\u00f3don megfestett vir\u00e1gk\u00f6ltem\u00e9ny. Hozz\u00e1 m\u00e9lt\u00f3 vastag gy\u00f6ny\u00f6r\u0171 faragott laparanyozott 10 centim\u00e9ter sz\u00e9les blondel keretben, ami m\u00e9g jobban kiemeli a sz\u00e9ps\u00e9g\u00e9t. \"\u00c9l\u0151ben\" sokkal szebb...  neh\u00e9z le\u00edrni ezt l\u00e1tni kell! Holland fest\u0151m\u0171v\u00e9sz csodasz\u00e9p m\u0171ve.  M\u00e9rete kerettel egy\u00fctt: 110 x 80 cm.","price":"150000.00","unit":"db","recommended":"0","status":"1","sponsored":"0","exp_notify":"0","own_material":"0","own_material_description_old":null,"own_material_description":"","jury":"0","jury_number":"","product_nature":"","meskaracsony":"0","create_date":"2026-04-29 15:18:32","shelve_id":"68859","image":"antiquelive_product_491542_250504121058_252573.png","image_width":"480","image_height":"479","image_alt":"Fantasztikus nagym\u00e9ret\u0171 Holland vir\u00e1gcsend\u00e9let olajfestm\u00e9ny, \u00c1lomsz\u00e9p, a Holland renesz\u00e1nsz st\u00edlus\u00fa vir\u00e1gcsend\u00e9leteket id\u00e9z\u0151 hatalmas m\u00e9ret\u0171 olaj v\u00e1szon festm\u00e9ny..., Meska","image_title":"Fantasztikus nagym\u00e9ret\u0171 Holland vir\u00e1gcsend\u00e9let olajfestm\u00e9ny, Meska","view_count":"504","favourite_count":"0","trending_score":"0","last2MonthFavouriteCount":"0","promotion":"0","giftcard_accept":"0","creditcard_accept":false,"enhanced_background":"0","domain":"meska","specific_customer_id":null,"specific_customer_name":null,"to_order_product":"0","to_order_product_time":"0","product_different":null,"product_different_description":"","vintage":"0","vintage_category_id":"0","recycled":"0","gemstone_id":"0","customizable":"0","type_category":"physical","zerowaste":"0","postage_price":"0.00","shop_order":"0","has_category":"1","landing_pages":null,"microdata":{"number":28,"category":""},"title":"Fantasztikus nagym\u00e9ret\u0171 Holland vir\u00e1gcsend\u00e9let olajfestm\u00e9ny","description":"\u00c1lomsz\u00e9p, a Holland renesz\u00e1nsz st\u00edlus\u00fa vir\u00e1gcsend\u00e9leteket id\u00e9z\u0151 hatalmas m\u00e9ret\u0171 olaj v\u00e1szon festm\u00e9ny. Csod\u00e1latosan \u00e9leth\u0171en, realista m\u00f3don megfestett vir\u00e1gk\u00f6ltem\u00e9ny. Hozz\u00e1 m\u00e9lt\u00f3 vastag gy\u00f6ny\u00f6r\u0171 faragott laparanyozott 10 centim\u00e9ter sz\u00e9les blondel keretben, ami m\u00e9g jobban kiemeli a sz\u00e9ps\u00e9g\u00e9t. \"\u00c9l\u0151ben\" sokkal szebb...  neh\u00e9z le\u00edrni ezt l\u00e1tni kell! Holland fest\u0151m\u0171v\u00e9sz csodasz\u00e9p m\u0171ve.  M\u00e9rete kerettel egy\u00fctt: 110 x 80 cm.","score":0,"formatted_price":"150 000 Ft","image_url":"https:\/\/www.meska.hu\/img\/product\/small\/a\/n\/antiquelive_product_491542_250504121058_252573.png","formatted_url":"https:\/\/www.meska.hu\/p5547660-fantasztikus-nagymeretu-holland-viragcsendelet-olajfestmeny","favourite":false,"in_stock":true,"avatar":"491542_avatar_1648132055.png","delete_from":0,"is_enhanced_background":false,"is_enhanced":false,"product_selection_started":false,"is_active":true,"image_webp_url":"https:\/\/www.meska.hu\/img\/product\/small\/a\/n\/antiquelive_product_491542_250504121058_252573.webp"},{"id":"3433260","shop_id":"18864","user_id":"173665","shop_name":"KicsinyCsodak","shop_zip":"2941","product_code":"3491907","product_name_old":null,"product_name":"Esk\u00fcv\u0151i v\u00e1llfa \u00e9s poh\u00e1r p\u00e1r","category_string":"Esk\u00fcv\u0151, Ruha, V\u00e1llfa","technic_string":"Fest\u00e9szet, Festett t\u00e1rgyak","category_1":"317","category_2":"676","category_3":"1092","category_4":"0","merged_category_1":null,"merged_category_2":null,"merged_category_3":null,"technic_1":"480","technic_2":"481","technic_3":"0","color_1":"519","color_2":"532","color_3":"534","product_description_old":null,"product_description":"N\u00e9vre sz\u00f3l\u00f3 v\u00e1llfa, amin a menyasszonyi ruh\u00e1t tartod a nagy napig, vagy a kedvesed leped meg.\nN\u00e1szaj\u00e1nd\u00e9k k\u00e9nt is adhatod.\nK\u00e9rhet\u0151 b\u00e1rmilyen sz\u00edn \u00f6ssze\u00e1ll\u00edt\u00e1sban,illetve n\u00e9vvel.\nAz \u00e1r 2 db v\u00e1llf\u00e1ra \u00e9s 2 Pezsg\u0151s poh\u00e1rra vonatkozik!\n","price":"21000.00","unit":"garn","recommended":"0","status":"1","sponsored":"0","exp_notify":"0","own_material":"0","own_material_description_old":null,"own_material_description":"","jury":"0","jury_number":"","product_nature":"","meskaracsony":"0","create_date":"2026-04-29 15:02:37","shelve_id":"59781","image":"kicsinycsodak_product_173665_190820095802_891827.jpeg","image_width":"480","image_height":"360","image_alt":"Esk\u00fcv\u0151i v\u00e1llfa \u00e9s poh\u00e1r p\u00e1r, N\u00e9vre sz\u00f3l\u00f3 v\u00e1llfa, amin a menyasszonyi ruh\u00e1t tartod a nagy napig, vagy a kedvesed leped meg.\\nN\u00e1szaj..., Meska","image_title":"Esk\u00fcv\u0151i v\u00e1llfa \u00e9s poh\u00e1r p\u00e1r, Meska","view_count":"1296","favourite_count":"0","trending_score":"0","last2MonthFavouriteCount":"0","promotion":"0","giftcard_accept":"0","creditcard_accept":false,"enhanced_background":"0","domain":"meska","specific_customer_id":null,"specific_customer_name":null,"to_order_product":"1","to_order_product_time":"14","product_different":"quite_different","product_different_description":"csipke mint\u00e1ja.","vintage":"0","vintage_category_id":"0","recycled":"0","gemstone_id":"0","customizable":"0","type_category":"physical","zerowaste":"0","postage_price":"2900.00","shop_order":"445","has_category":"1","landing_pages":null,"microdata":{"number":29,"category":""},"title":"Esk\u00fcv\u0151i v\u00e1llfa \u00e9s poh\u00e1r p\u00e1r","description":"N\u00e9vre sz\u00f3l\u00f3 v\u00e1llfa, amin a menyasszonyi ruh\u00e1t tartod a nagy napig, vagy a kedvesed leped meg.\nN\u00e1szaj\u00e1nd\u00e9k k\u00e9nt is adhatod.\nK\u00e9rhet\u0151 b\u00e1rmilyen sz\u00edn \u00f6ssze\u00e1ll\u00edt\u00e1sban,illetve n\u00e9vvel.\nAz \u00e1r 2 db v\u00e1llf\u00e1ra \u00e9s 2 Pezsg\u0151s poh\u00e1rra vonatkozik!\n","score":0,"formatted_price":"21 000 Ft","image_url":"https:\/\/www.meska.hu\/img\/product\/small\/k\/i\/kicsinycsodak_product_173665_190820095802_891827.jpeg","formatted_url":"https:\/\/www.meska.hu\/p3491907-eskuvoi-vallfa-es-pohar-par","favourite":false,"in_stock":false,"avatar":"KicsinyCsodak_avatar_173665_1643205694.png","delete_from":0,"is_enhanced_background":false,"is_enhanced":false,"product_selection_started":false,"is_active":true,"image_webp_url":"https:\/\/www.meska.hu\/img\/product\/small\/k\/i\/kicsinycsodak_product_173665_190820095802_891827.webp"},{"id":"3383326","shop_id":"18864","user_id":"173665","shop_name":"KicsinyCsodak","shop_zip":"2941","product_code":"3326905","product_name_old":null,"product_name":"Esk\u00fcv\u0151i v\u00e1llfa","category_string":"Esk\u00fcv\u0151, Ruha, V\u00e1llfa","technic_string":"Fest\u00e9szet, Festett t\u00e1rgyak","category_1":"317","category_2":"676","category_3":"1092","category_4":"0","merged_category_1":null,"merged_category_2":null,"merged_category_3":null,"technic_1":"480","technic_2":"481","technic_3":"0","color_1":"519","color_2":"520","color_3":"0","product_description_old":null,"product_description":"N\u00e9vre sz\u00f3l\u00f3 v\u00e1llfa, amin a menyasszonyi ruh\u00e1t tartod a nagy napig, vagy a kedvesed leped meg.\nN\u00e1szaj\u00e1nd\u00e9k k\u00e9nt is adhatod.\nK\u00e9rhet\u0151 b\u00e1rmilyen sz\u00edn \u00f6ssze\u00e1ll\u00edt\u00e1sban,illetve n\u00e9vvel.\nAz \u00e1r 2 db v\u00e1llf\u00e1ra vonatkozik!\n","price":"8100.00","unit":"p\u00e1r","recommended":"0","status":"1","sponsored":"0","exp_notify":"0","own_material":"0","own_material_description_old":null,"own_material_description":"","jury":"0","jury_number":"","product_nature":"","meskaracsony":"0","create_date":"2026-04-29 15:02:31","shelve_id":"59782","image":"kicsinycsodak_product_173665_190122182045_261711.jpeg","image_width":"480","image_height":"274","image_alt":"Esk\u00fcv\u0151i v\u00e1llfa, N\u00e9vre sz\u00f3l\u00f3 v\u00e1llfa, amin a menyasszonyi ruh\u00e1t tartod a nagy napig, vagy a kedvesed leped meg.\\nN\u00e1szaj..., Meska","image_title":"Esk\u00fcv\u0151i v\u00e1llfa, Meska","view_count":"1396","favourite_count":"0","trending_score":"0","last2MonthFavouriteCount":"0","promotion":"0","giftcard_accept":"0","creditcard_accept":false,"enhanced_background":"0","domain":"meska","specific_customer_id":null,"specific_customer_name":null,"to_order_product":"1","to_order_product_time":"14","product_different":"quite_different","product_different_description":"csipke mint\u00e1ja.","vintage":"0","vintage_category_id":"0","recycled":"0","gemstone_id":"0","customizable":"0","type_category":"physical","zerowaste":"0","postage_price":"2900.00","shop_order":"487","has_category":"1","landing_pages":null,"microdata":{"number":30,"category":""},"title":"Esk\u00fcv\u0151i v\u00e1llfa","description":"N\u00e9vre sz\u00f3l\u00f3 v\u00e1llfa, amin a menyasszonyi ruh\u00e1t tartod a nagy napig, vagy a kedvesed leped meg.\nN\u00e1szaj\u00e1nd\u00e9k k\u00e9nt is adhatod.\nK\u00e9rhet\u0151 b\u00e1rmilyen sz\u00edn \u00f6ssze\u00e1ll\u00edt\u00e1sban,illetve n\u00e9vvel.\nAz \u00e1r 2 db v\u00e1llf\u00e1ra vonatkozik!\n","score":0,"formatted_price":"8 100 Ft","image_url":"https:\/\/www.meska.hu\/img\/product\/small\/k\/i\/kicsinycsodak_product_173665_190122182045_261711.jpeg","formatted_url":"https:\/\/www.meska.hu\/p3326905-eskuvoi-vallfa","favourite":false,"in_stock":false,"avatar":"KicsinyCsodak_avatar_173665_1643205694.png","delete_from":0,"is_enhanced_background":false,"is_enhanced":false,"product_selection_started":false,"is_active":true,"image_webp_url":"https:\/\/www.meska.hu\/img\/product\/small\/k\/i\/kicsinycsodak_product_173665_190122182045_261711.webp"},{"id":"6198743","shop_id":"52690","user_id":"780445","shop_name":"kisjulia","shop_zip":"5600","product_code":"5778449","product_name_old":null,"product_name":"Balerina ","category_string":"M\u0171v\u00e9szet, Festm\u00e9ny, Akril","technic_string":"Fest\u00e9szet","category_1":"357","category_2":"358","category_3":"359","category_4":"0","merged_category_1":null,"merged_category_2":null,"merged_category_3":null,"technic_1":"480","technic_2":"0","technic_3":"0","color_1":"512","color_2":"520","color_3":"0","product_description_old":null,"product_description":"30*40 cm-es akril v\u00e1szonk\u00e9p, arannyal, csill\u00e1mmal","price":"30000.00","unit":"db","recommended":"0","status":"1","sponsored":"0","exp_notify":"0","own_material":"0","own_material_description_old":null,"own_material_description":"","jury":"0","jury_number":"","product_nature":"","meskaracsony":"0","create_date":"2026-04-29 13:14:30","shelve_id":"0","image":"kisjulia_product_780445_260429131145_311389.jpeg","image_width":"480","image_height":"640","image_alt":"Balerina , 30*40 cm-es akril v\u00e1szonk\u00e9p, arannyal, csill\u00e1mmal, Meska","image_title":"Balerina , Meska","view_count":"7","favourite_count":"0","trending_score":"0","last2MonthFavouriteCount":"0","promotion":"0","giftcard_accept":"0","creditcard_accept":true,"enhanced_background":"0","domain":"meska","specific_customer_id":null,"specific_customer_name":null,"to_order_product":"0","to_order_product_time":"0","product_different":null,"product_different_description":"","vintage":"0","vintage_category_id":"0","recycled":"0","gemstone_id":"0","customizable":"0","type_category":"physical","zerowaste":"0","postage_price":"1290.00","shop_order":"0","has_category":"1","landing_pages":null,"microdata":{"number":31,"category":""},"title":"Balerina ","description":"30*40 cm-es akril v\u00e1szonk\u00e9p, arannyal, csill\u00e1mmal","score":0,"formatted_price":"30 000 Ft","image_url":"https:\/\/www.meska.hu\/img\/product\/small\/k\/i\/kisjulia_product_780445_260429131145_311389.jpeg","formatted_url":"https:\/\/www.meska.hu\/p5778449-balerina","favourite":false,"in_stock":true,"avatar":"780445_avatar_1777404068.jpeg","delete_from":0,"is_enhanced_background":false,"is_enhanced":false,"product_selection_started":false,"is_active":true,"image_webp_url":"https:\/\/www.meska.hu\/img\/product\/small\/k\/i\/kisjulia_product_780445_260429131145_311389.webp"},{"id":"6198737","shop_id":"52690","user_id":"780445","shop_name":"kisjulia","shop_zip":"5600","product_code":"5778445","product_name_old":null,"product_name":"Holdf\u00e9nyes h\u00f6lgy","category_string":"M\u0171v\u00e9szet, Festm\u00e9ny, Akril","technic_string":"Fest\u00e9szet","category_1":"357","category_2":"358","category_3":"359","category_4":"0","merged_category_1":null,"merged_category_2":null,"merged_category_3":null,"technic_1":"480","technic_2":"0","technic_3":"0","color_1":"520","color_2":"521","color_3":"0","product_description_old":null,"product_description":"30*40 cm-es akril festm\u00e9nyem keresi \u00faj hely\u00e9t.","price":"20000.00","unit":"db","recommended":"0","status":"1","sponsored":"0","exp_notify":"0","own_material":"0","own_material_description_old":null,"own_material_description":"","jury":"0","jury_number":"","product_nature":"","meskaracsony":"0","create_date":"2026-04-29 13:10:36","shelve_id":"0","image":"kisjulia_product_780445_260429130758_738666.jpeg","image_width":"480","image_height":"360","image_alt":"Holdf\u00e9nyes h\u00f6lgy, 30*40 cm-es akril festm\u00e9nyem keresi \u00faj hely\u00e9t., Meska","image_title":"Holdf\u00e9nyes h\u00f6lgy, Meska","view_count":"3","favourite_count":"0","trending_score":"0","last2MonthFavouriteCount":"0","promotion":"0","giftcard_accept":"0","creditcard_accept":true,"enhanced_background":"0","domain":"meska","specific_customer_id":null,"specific_customer_name":null,"to_order_product":"0","to_order_product_time":"0","product_different":null,"product_different_description":"","vintage":"0","vintage_category_id":"0","recycled":"0","gemstone_id":"0","customizable":"0","type_category":"physical","zerowaste":"0","postage_price":"1290.00","shop_order":"0","has_category":"1","landing_pages":null,"microdata":{"number":32,"category":""},"title":"Holdf\u00e9nyes h\u00f6lgy","description":"30*40 cm-es akril festm\u00e9nyem keresi \u00faj hely\u00e9t.","score":0,"formatted_price":"20 000 Ft","image_url":"https:\/\/www.meska.hu\/img\/product\/small\/k\/i\/kisjulia_product_780445_260429130758_738666.jpeg","formatted_url":"https:\/\/www.meska.hu\/p5778445-holdfenyes-holgy","favourite":false,"in_stock":true,"avatar":"780445_avatar_1777404068.jpeg","delete_from":0,"is_enhanced_background":false,"is_enhanced":false,"product_selection_started":false,"is_active":true,"image_webp_url":"https:\/\/www.meska.hu\/img\/product\/small\/k\/i\/kisjulia_product_780445_260429130758_738666.webp"},{"id":"5644331","shop_id":"46477","user_id":"676874","shop_name":"VDgravir","shop_zip":"1142","product_code":"5464694","product_name_old":null,"product_name":"Geometrikus fali\u00f3ra vari\u00e1lhat\u00f3 sz\u00ednekkel","category_string":"Otthon & \u00c9letm\u00f3d, Dekor\u00e1ci\u00f3, Fali \u00e9s f\u00fcgg\u0151 dekor\u00e1ci\u00f3, Fali\u00f3ra & \u00f3ra","technic_string":"Grav\u00edroz\u00e1s, pirogr\u00e1fia, Fest\u00e9szet","category_1":"813","category_2":"314","category_3":"1470","category_4":"414","merged_category_1":null,"merged_category_2":null,"merged_category_3":null,"technic_1":"796","technic_2":"480","technic_3":"0","color_1":"515","color_2":"529","color_3":"0","product_description_old":null,"product_description":"Dobd fel otthonod ezzel az egyedi, 28 cm \u00e1tm\u00e9r\u0151j\u0171 fali\u00f3r\u00e1val, amely t\u00f6k\u00e9letes kombin\u00e1ci\u00f3ja a funkcionalit\u00e1snak \u00e9s a st\u00edlusnak. A geometrikus mint\u00e1zat \u00e9s a term\u00e9szetes faanyag modern, m\u00e9gis letisztult megjelen\u00e9st biztos\u00edt. A sz\u00edn teljes m\u00e9rt\u00e9kben testreszabhat\u00f3, \u00edgy az \u00f3ra t\u00f6k\u00e9letesen illeszkedik b\u00e1rmilyen enteri\u0151rbe. Egyedi tervez\u00e9s\u0171 \u00e9s k\u00e9zm\u0171ves kivitelez\u00e9s\u0171 darab, amely nemcsak az id\u0151t mutatja, de az otthon d\u00edsze is lehet!","price":"8000.00","unit":"db","recommended":"0","status":"1","sponsored":"0","exp_notify":"0","own_material":"0","own_material_description_old":null,"own_material_description":"","jury":"0","jury_number":"","product_nature":"","meskaracsony":"0","create_date":"2026-04-29 13:00:59","shelve_id":"0","image":"vdgravir_product_676874_250104105818_452578.jpeg","image_width":"480","image_height":"526","image_alt":"Geometrikus fali\u00f3ra vari\u00e1lhat\u00f3 sz\u00ednekkel, Dobd fel otthonod ezzel az egyedi, 28 cm \u00e1tm\u00e9r\u0151j\u0171 fali\u00f3r\u00e1val, amely t\u00f6k\u00e9letes kombin\u00e1ci\u00f3ja a funkcio..., Meska","image_title":"Geometrikus fali\u00f3ra vari\u00e1lhat\u00f3 sz\u00ednekkel, Meska","view_count":"414","favourite_count":"0","trending_score":"0","last2MonthFavouriteCount":"0","promotion":"0","giftcard_accept":"0","creditcard_accept":true,"enhanced_background":"0","domain":"meska","specific_customer_id":null,"specific_customer_name":null,"to_order_product":"1","to_order_product_time":"5","product_different":null,"product_different_description":"","vintage":"0","vintage_category_id":"0","recycled":"0","gemstone_id":"0","customizable":"1","type_category":"physical","zerowaste":"0","postage_price":"2390.00","shop_order":"39","has_category":"1","landing_pages":null,"microdata":{"number":33,"category":""},"title":"Geometrikus fali\u00f3ra vari\u00e1lhat\u00f3 sz\u00ednekkel","description":"Dobd fel otthonod ezzel az egyedi, 28 cm \u00e1tm\u00e9r\u0151j\u0171 fali\u00f3r\u00e1val, amely t\u00f6k\u00e9letes kombin\u00e1ci\u00f3ja a funkcionalit\u00e1snak \u00e9s a st\u00edlusnak. A geometrikus mint\u00e1zat \u00e9s a term\u00e9szetes faanyag modern, m\u00e9gis letisztult megjelen\u00e9st biztos\u00edt. A sz\u00edn teljes m\u00e9rt\u00e9kben testreszabhat\u00f3, \u00edgy az \u00f3ra t\u00f6k\u00e9letesen illeszkedik b\u00e1rmilyen enteri\u0151rbe. Egyedi tervez\u00e9s\u0171 \u00e9s k\u00e9zm\u0171ves kivitelez\u00e9s\u0171 darab, amely nemcsak az id\u0151t mutatja, de az otthon d\u00edsze is lehet!","score":0,"formatted_price":"8 000 Ft","image_url":"https:\/\/www.meska.hu\/img\/product\/small\/v\/d\/vdgravir_product_676874_250104105818_452578.jpeg","formatted_url":"https:\/\/www.meska.hu\/p5464694-geometrikus-faliora-varialhato-szinekkel","favourite":false,"in_stock":false,"avatar":"676874_avatar_1732463172.jpeg","delete_from":0,"is_enhanced_background":false,"is_enhanced":false,"product_selection_started":false,"is_active":true,"image_webp_url":"https:\/\/www.meska.hu\/img\/product\/small\/v\/d\/vdgravir_product_676874_250104105818_452578.webp"},{"id":"4835763","shop_id":"20784","user_id":"206083","shop_name":"lovassagi","shop_zip":"2119","product_code":"4980142","product_name_old":null,"product_name":"Kutya","category_string":"Otthon & \u00c9letm\u00f3d, Dekor\u00e1ci\u00f3, K\u00e9p & Falik\u00e9p, K\u00e9pkeret","technic_string":"Fest\u00e9szet","category_1":"813","category_2":"314","category_3":"417","category_4":"418","merged_category_1":"0","merged_category_2":"0","merged_category_3":"785","technic_1":"480","technic_2":"0","technic_3":"0","color_1":"519","color_2":"520","color_3":"527","product_description_old":null,"product_description":"Fekete alkoholos filccel rajzolt stiliz\u00e1lt kutya-figura, fekete b\u00e1rsony-keretben.\n\nM\u00e9rete: 30 cm x 21 cm\n\nFalra is feltehet\u0151.\n\n(nekem tetszik. \u00c9s Neked?)\n\nMINDENF\u00c9LE SZ\u00cdN\u0170 FALON GY\u00d6NY\u00d6R\u0170EN MUTAT, FELDOBJA A HANGULATOT.\n\nHa k\u00e9red, hogy \"t\u00f6r\u00e9keny\" \u00e1ruk\u00e9nt post\u00e1zzam a csomagodat, akkor a megadott sz\u00e1ll\u00edt\u00e1si d\u00edjakon fel\u00fcl: \n- a Foxpost plusz 990.- Ft-ot k\u00e9r,\n- az MPL plusz 1910 Ft-ot k\u00e9r.\nV\u00e1s\u00e1rl\u00e1skor, k\u00e9rlek, jelezd nekem, hogy melyiket szeretn\u00e9d v\u00e1lasztani.\n","price":"4499.00","unit":"db","recommended":"0","status":"1","sponsored":"0","exp_notify":"0","own_material":"0","own_material_description_old":null,"own_material_description":"","jury":"0","jury_number":"","product_nature":"","meskaracsony":"0","create_date":"2026-04-29 12:00:18","shelve_id":"0","image":"lovassagi_product_206083_240607085153_936819.jpeg","image_width":"480","image_height":"669","image_alt":"Kutya, Fekete alkoholos filccel rajzolt stiliz\u00e1lt kutya-figura, fekete b\u00e1rsony-keretben.\\n\\nM\u00e9rete: 30 cm x 2..., Meska","image_title":"Kutya, Meska","view_count":"939","favourite_count":"0","trending_score":"0","last2MonthFavouriteCount":"0","promotion":"0","giftcard_accept":"0","creditcard_accept":true,"enhanced_background":"0","domain":"meska","specific_customer_id":null,"specific_customer_name":null,"to_order_product":"0","to_order_product_time":"0","product_different":null,"product_different_description":"","vintage":"0","vintage_category_id":"0","recycled":"0","gemstone_id":"0","customizable":"0","type_category":"physical","zerowaste":"0","postage_price":"2390.00","shop_order":"0","has_category":"1","landing_pages":null,"microdata":{"number":34,"category":""},"title":"Kutya","description":"Fekete alkoholos filccel rajzolt stiliz\u00e1lt kutya-figura, fekete b\u00e1rsony-keretben.\n\nM\u00e9rete: 30 cm x 21 cm\n\nFalra is feltehet\u0151.\n\n(nekem tetszik. \u00c9s Neked?)\n\nMINDENF\u00c9LE SZ\u00cdN\u0170 FALON GY\u00d6NY\u00d6R\u0170EN MUTAT, FELDOBJA A HANGULATOT.\n\nHa k\u00e9red, hogy \"t\u00f6r\u00e9keny\" \u00e1ruk\u00e9nt post\u00e1zzam a csomagodat, akkor a megadott sz\u00e1ll\u00edt\u00e1si d\u00edjakon fel\u00fcl: \n- a Foxpost plusz 990.- Ft-ot k\u00e9r,\n- az MPL plusz 1910 Ft-ot k\u00e9r.\nV\u00e1s\u00e1rl\u00e1skor, k\u00e9rlek, jelezd nekem, hogy melyiket szeretn\u00e9d v\u00e1lasztani.\n","score":0,"formatted_price":"4 499 Ft","image_url":"https:\/\/www.meska.hu\/img\/product\/small\/l\/o\/lovassagi_product_206083_240607085153_936819.jpeg","formatted_url":"https:\/\/www.meska.hu\/p4980142-kutya","favourite":false,"in_stock":true,"avatar":"lovassagi_avatar_206083.jpg","delete_from":0,"is_enhanced_background":false,"is_enhanced":false,"product_selection_started":false,"is_active":true,"image_webp_url":"https:\/\/www.meska.hu\/img\/product\/small\/l\/o\/lovassagi_product_206083_240607085153_936819.webp"},{"id":"5730629","shop_id":"43139","user_id":"422665","shop_name":"ZindalArt","shop_zip":"1148","product_code":"5523020","product_name_old":null,"product_name":"K\u00e1v\u00e9 chill - digit\u00e1lis akvarell nyomat","category_string":"M\u0171v\u00e9szet, Grafika & Illusztr\u00e1ci\u00f3, Digit\u00e1lis","technic_string":"Fest\u00e9szet, Fot\u00f3, grafika, rajz, illusztr\u00e1ci\u00f3","category_1":"357","category_2":"365","category_3":"1338","category_4":"0","merged_category_1":null,"merged_category_2":null,"merged_category_3":null,"technic_1":"480","technic_2":"483","technic_3":"0","color_1":"514","color_2":"519","color_3":"521","product_description_old":null,"product_description":"...mert minden egy k\u00e1v\u00e9val kezd\u0151dik... Vidd otthonodba a reggeli k\u00e1v\u00e9z\u00e1s nyugalm\u00e1t ezzel a meleg t\u00f3nus\u00fa, k\u00e9zzel rajzolt digit\u00e1lisan festett alkot\u00e1ssal! Ez a k\u00e9p nem csup\u00e1n egy dekor\u00e1ci\u00f3, hanem egy \u00e9let\u00e9rz\u00e9s: a pillanat, amikor meg\u00e1llsz egy percre, \u00e9s \u00e1tadod magad a kedvenc italod illat\u00e1nak \u00e9s meleg\u00e9nek.\n\nDigit\u00e1lis k\u00e9nyelem: nincs v\u00e1rakoz\u00e1s! A v\u00e1s\u00e1rl\u00e1s ut\u00e1n 24 \u00f3r\u00e1n megkapod a f\u00e1jlokat.\n\nAmit a v\u00e1s\u00e1rl\u00e1ssal kapsz:\nNagy felbont\u00e1s\u00fa digit\u00e1lis f\u00e1jlok: nyomdai min\u0151s\u00e9g\u0171 grafika, amely ide\u00e1lis A4 vagy A3 m\u00e9retben val\u00f3 nyomtat\u00e1shoz.\nGyors e-mail k\u00fcld\u00e9s: a v\u00e9tel\u00e1r be\u00e9rkez\u00e9se ut\u00e1n a f\u00e1jlt e-mailben tov\u00e1bb\u00edtom neked.\nPostak\u00f6lts\u00e9g mentes: mivel digit\u00e1lis term\u00e9kr\u0151l van sz\u00f3, sz\u00e1ll\u00edt\u00e1si d\u00edj nem terheli a v\u00e1s\u00e1rl\u00e1st.\n\nFelhaszn\u00e1l\u00e1si tippek:\n\nNyomtasd ki pr\u00e9mium matt vagy enyh\u00e9n text\u00far\u00e1lt pap\u00edrra a val\u00f3di m\u0171v\u00e9szi hat\u00e1s \u00e9rdek\u00e9ben.\nHelyezd nat\u00far fa vagy feh\u00e9r keretbe, hogy a sz\u00ednek igaz\u00e1n \u00e9rv\u00e9nyes\u00fcljenek. \nKiv\u00e1l\u00f3 aj\u00e1nd\u00e9k\u00f6tlet k\u00e1v\u00e9im\u00e1d\u00f3 bar\u00e1toknak vagy csal\u00e1dtagoknak!","price":"2490.00","unit":"db","recommended":"0","status":"1","sponsored":"0","exp_notify":"0","own_material":"0","own_material_description_old":null,"own_material_description":"","jury":"0","jury_number":"","product_nature":"","meskaracsony":"0","create_date":"2026-04-29 12:00:14","shelve_id":"0","image":"zindalart_product_422665_260118213743_050527.jpeg","image_width":"480","image_height":"480","image_alt":"K\u00e1v\u00e9 chill - digit\u00e1lis akvarell nyomat, ...mert minden egy k\u00e1v\u00e9val kezd\u0151dik... Vidd otthonodba a reggeli k\u00e1v\u00e9z\u00e1s nyugalm\u00e1t ezzel a meleg t\u00f3n..., Meska","image_title":"K\u00e1v\u00e9 chill - digit\u00e1lis akvarell nyomat, Meska","view_count":"171","favourite_count":"0","trending_score":"0","last2MonthFavouriteCount":"0","promotion":"0","giftcard_accept":"0","creditcard_accept":true,"enhanced_background":"0","domain":"meska","specific_customer_id":null,"specific_customer_name":null,"to_order_product":"0","to_order_product_time":"0","product_different":null,"product_different_description":"","vintage":"0","vintage_category_id":"0","recycled":"0","gemstone_id":"0","customizable":"0","type_category":"digital","zerowaste":"1","postage_price":"0.00","shop_order":"0","has_category":"1","landing_pages":null,"microdata":{"number":35,"category":""},"title":"K\u00e1v\u00e9 chill - digit\u00e1lis akvarell nyomat","description":"...mert minden egy k\u00e1v\u00e9val kezd\u0151dik... Vidd otthonodba a reggeli k\u00e1v\u00e9z\u00e1s nyugalm\u00e1t ezzel a meleg t\u00f3nus\u00fa, k\u00e9zzel rajzolt digit\u00e1lisan festett alkot\u00e1ssal! Ez a k\u00e9p nem csup\u00e1n egy dekor\u00e1ci\u00f3, hanem egy \u00e9let\u00e9rz\u00e9s: a pillanat, amikor meg\u00e1llsz egy percre, \u00e9s \u00e1tadod magad a kedvenc italod illat\u00e1nak \u00e9s meleg\u00e9nek.\n\nDigit\u00e1lis k\u00e9nyelem: nincs v\u00e1rakoz\u00e1s! A v\u00e1s\u00e1rl\u00e1s ut\u00e1n 24 \u00f3r\u00e1n megkapod a f\u00e1jlokat.\n\nAmit a v\u00e1s\u00e1rl\u00e1ssal kapsz:\nNagy felbont\u00e1s\u00fa digit\u00e1lis f\u00e1jlok: nyomdai min\u0151s\u00e9g\u0171 grafika, amely ide\u00e1lis A4 vagy A3 m\u00e9retben val\u00f3 nyomtat\u00e1shoz.\nGyors e-mail k\u00fcld\u00e9s: a v\u00e9tel\u00e1r be\u00e9rkez\u00e9se ut\u00e1n a f\u00e1jlt e-mailben tov\u00e1bb\u00edtom neked.\nPostak\u00f6lts\u00e9g mentes: mivel digit\u00e1lis term\u00e9kr\u0151l van sz\u00f3, sz\u00e1ll\u00edt\u00e1si d\u00edj nem terheli a v\u00e1s\u00e1rl\u00e1st.\n\nFelhaszn\u00e1l\u00e1si tippek:\n\nNyomtasd ki pr\u00e9mium matt vagy enyh\u00e9n text\u00far\u00e1lt pap\u00edrra a val\u00f3di m\u0171v\u00e9szi hat\u00e1s \u00e9rdek\u00e9ben.\nHelyezd nat\u00far fa vagy feh\u00e9r keretbe, hogy a sz\u00ednek igaz\u00e1n \u00e9rv\u00e9nyes\u00fcljenek. \nKiv\u00e1l\u00f3 aj\u00e1nd\u00e9k\u00f6tlet k\u00e1v\u00e9im\u00e1d\u00f3 bar\u00e1toknak vagy csal\u00e1dtagoknak!","score":0,"formatted_price":"2 490 Ft","image_url":"https:\/\/www.meska.hu\/img\/product\/small\/z\/i\/zindalart_product_422665_260118213743_050527.jpeg","formatted_url":"https:\/\/www.meska.hu\/p5523020-kave-chill-mert-minden-egy-kaveval-kezdodik","favourite":false,"in_stock":true,"avatar":"422665_avatar_1771103410.jpeg","delete_from":0,"is_enhanced_background":false,"is_enhanced":false,"product_selection_started":false,"is_active":true,"image_webp_url":"https:\/\/www.meska.hu\/img\/product\/small\/z\/i\/zindalart_product_422665_260118213743_050527.webp"},{"id":"6198644","shop_id":"51505","user_id":"766597","shop_name":"SzinvarazsMuhely","shop_zip":"5126","product_code":"5778404","product_name_old":null,"product_name":"Akril festm\u00e9ny - Vadvir\u00e1gos r\u00e9t","category_string":"M\u0171v\u00e9szet, Festm\u00e9ny, Akril","technic_string":"Fest\u00e9szet","category_1":"357","category_2":"358","category_3":"359","category_4":"0","merged_category_1":null,"merged_category_2":null,"merged_category_3":null,"technic_1":"480","technic_2":"0","technic_3":"0","color_1":"525","color_2":"526","color_3":"529","product_description_old":null,"product_description":"Ez az alkot\u00e1s fesz\u00edtett v\u00e1szonra k\u00e9sz\u00fclt, akril fest\u00e9kkel, teljes eg\u00e9sz\u00e9ben k\u00e9zzel, egyedi elk\u00e9pzel\u00e9s alapj\u00e1n. Minden ecsetvon\u00e1s az alkot\u00f3 pillanatnyi hangulat\u00e1t \u00e9s kreativit\u00e1s\u00e1t hordozza, \u00edgy nincs k\u00e9t teljesen egyforma darab.\nM\u00e9rete:\nA festm\u00e9ny szign\u00f3zott, \u00e9s eredetis\u00e9get igazol\u00f3 okm\u00e1nnyal ker\u00fcl \u00e1tad\u00e1sra, amely garant\u00e1lja, hogy egy val\u00f3di, megism\u00e9telhetetlen m\u0171alkot\u00e1st v\u00e1s\u00e1rolsz.\nKivitelez\u00e9s \u00e9s min\u0151s\u00e9g\n\u00c9lfestett v\u00e1szon \u2013 keretez\u00e9s n\u00e9lk\u00fcl is eszt\u00e9tikus\nV\u00e9d\u0151 lakkr\u00e9teggel ell\u00e1tva a tart\u00f3ss\u00e1g \u00e9s sz\u00ednek v\u00e9delme \u00e9rdek\u00e9ben\nAkaszt\u00f3val felszerelt, azonnal falra helyezhet\u0151\n Sz\u00e1ll\u00edt\u00e1s \u2013 INGYENES POST\u00c1Z\u00c1S!\nAz \u00e1r tartalmazza a gondos csomagol\u00e1s \u00e9s a post\u00e1z\u00e1s k\u00f6lts\u00e9g\u00e9t is, Packeta vagy GLS pontra t\u00f6rt\u00e9n\u0151 k\u00e9zbes\u00edt\u00e9ssel.\nEz a festm\u00e9ny nem csup\u00e1n dekor\u00e1ci\u00f3, hanem egy maradand\u00f3, szem\u00e9lyes \u00e9rt\u00e9k, amely hangulatot \u00e9s karaktert ad b\u00e1rmely t\u00e9rnek.","price":"37500.00","unit":"db","recommended":"0","status":"1","sponsored":"0","exp_notify":"0","own_material":"0","own_material_description_old":null,"own_material_description":"","jury":"0","jury_number":"","product_nature":"","meskaracsony":"0","create_date":"2026-04-29 11:24:14","shelve_id":"0","image":"szinvarazsmuhely_product_766597_260429112128_611597.jpeg","image_width":"480","image_height":"480","image_alt":"Akril festm\u00e9ny - Vadvir\u00e1gos r\u00e9t, Ez az alkot\u00e1s fesz\u00edtett v\u00e1szonra k\u00e9sz\u00fclt, akril fest\u00e9kkel, teljes eg\u00e9sz\u00e9ben k\u00e9zzel, egyedi elk\u00e9pzel\u00e9..., Meska","image_title":"Akril festm\u00e9ny - Vadvir\u00e1gos r\u00e9t, Meska","view_count":"5","favourite_count":"0","trending_score":"0","last2MonthFavouriteCount":"0","promotion":"0","giftcard_accept":"0","creditcard_accept":false,"enhanced_background":"0","domain":"meska","specific_customer_id":null,"specific_customer_name":null,"to_order_product":"0","to_order_product_time":"0","product_different":null,"product_different_description":"","vintage":"0","vintage_category_id":"0","recycled":"0","gemstone_id":"0","customizable":"0","type_category":"physical","zerowaste":"0","postage_price":"0.00","shop_order":"0","has_category":"1","landing_pages":null,"microdata":{"number":36,"category":""},"title":"Akril festm\u00e9ny - Vadvir\u00e1gos r\u00e9t","description":"Ez az alkot\u00e1s fesz\u00edtett v\u00e1szonra k\u00e9sz\u00fclt, akril fest\u00e9kkel, teljes eg\u00e9sz\u00e9ben k\u00e9zzel, egyedi elk\u00e9pzel\u00e9s alapj\u00e1n. Minden ecsetvon\u00e1s az alkot\u00f3 pillanatnyi hangulat\u00e1t \u00e9s kreativit\u00e1s\u00e1t hordozza, \u00edgy nincs k\u00e9t teljesen egyforma darab.\nM\u00e9rete:\nA festm\u00e9ny szign\u00f3zott, \u00e9s eredetis\u00e9get igazol\u00f3 okm\u00e1nnyal ker\u00fcl \u00e1tad\u00e1sra, amely garant\u00e1lja, hogy egy val\u00f3di, megism\u00e9telhetetlen m\u0171alkot\u00e1st v\u00e1s\u00e1rolsz.\nKivitelez\u00e9s \u00e9s min\u0151s\u00e9g\n\u00c9lfestett v\u00e1szon \u2013 keretez\u00e9s n\u00e9lk\u00fcl is eszt\u00e9tikus\nV\u00e9d\u0151 lakkr\u00e9teggel ell\u00e1tva a tart\u00f3ss\u00e1g \u00e9s sz\u00ednek v\u00e9delme \u00e9rdek\u00e9ben\nAkaszt\u00f3val felszerelt, azonnal falra helyezhet\u0151\n Sz\u00e1ll\u00edt\u00e1s \u2013 INGYENES POST\u00c1Z\u00c1S!\nAz \u00e1r tartalmazza a gondos csomagol\u00e1s \u00e9s a post\u00e1z\u00e1s k\u00f6lts\u00e9g\u00e9t is, Packeta vagy GLS pontra t\u00f6rt\u00e9n\u0151 k\u00e9zbes\u00edt\u00e9ssel.\nEz a festm\u00e9ny nem csup\u00e1n dekor\u00e1ci\u00f3, hanem egy maradand\u00f3, szem\u00e9lyes \u00e9rt\u00e9k, amely hangulatot \u00e9s karaktert ad b\u00e1rmely t\u00e9rnek.","score":0,"formatted_price":"37 500 Ft","image_url":"https:\/\/www.meska.hu\/img\/product\/small\/s\/z\/szinvarazsmuhely_product_766597_260429112128_611597.jpeg","formatted_url":"https:\/\/www.meska.hu\/p5778404-akril-festmeny-vadviragos-ret","favourite":false,"in_stock":true,"avatar":"766597_avatar_1768666757.jpeg","delete_from":0,"is_enhanced_background":false,"is_enhanced":false,"product_selection_started":false,"is_active":true,"image_webp_url":"https:\/\/www.meska.hu\/img\/product\/small\/s\/z\/szinvarazsmuhely_product_766597_260429112128_611597.webp"},{"id":"6198635","shop_id":"51505","user_id":"766597","shop_name":"SzinvarazsMuhely","shop_zip":"5126","product_code":"5778401","product_name_old":null,"product_name":"Akril festm\u00e9ny - cica","category_string":"M\u0171v\u00e9szet, Festm\u00e9ny, Akril","technic_string":"Fest\u00e9szet","category_1":"357","category_2":"358","category_3":"359","category_4":"0","merged_category_1":null,"merged_category_2":null,"merged_category_3":null,"technic_1":"480","technic_2":"0","technic_3":"0","color_1":"521","color_2":"529","color_3":"0","product_description_old":null,"product_description":"Ez az alkot\u00e1s fesz\u00edtett v\u00e1szonra k\u00e9sz\u00fclt, akril fest\u00e9kkel, teljes eg\u00e9sz\u00e9ben k\u00e9zzel, egyedi elk\u00e9pzel\u00e9s alapj\u00e1n. Minden ecsetvon\u00e1s az alkot\u00f3 pillanatnyi hangulat\u00e1t \u00e9s kreativit\u00e1s\u00e1t hordozza, \u00edgy nincs k\u00e9t teljesen egyforma darab.\nM\u00e9rete:\nA festm\u00e9ny szign\u00f3zott, \u00e9s eredetis\u00e9get igazol\u00f3 okm\u00e1nnyal ker\u00fcl \u00e1tad\u00e1sra, amely garant\u00e1lja, hogy egy val\u00f3di, megism\u00e9telhetetlen m\u0171alkot\u00e1st v\u00e1s\u00e1rolsz.\nKivitelez\u00e9s \u00e9s min\u0151s\u00e9g\n\u00c9lfestett v\u00e1szon \u2013 keretez\u00e9s n\u00e9lk\u00fcl is eszt\u00e9tikus\nV\u00e9d\u0151 lakkr\u00e9teggel ell\u00e1tva a tart\u00f3ss\u00e1g \u00e9s sz\u00ednek v\u00e9delme \u00e9rdek\u00e9ben\nAkaszt\u00f3val felszerelt, azonnal falra helyezhet\u0151\n Sz\u00e1ll\u00edt\u00e1s \u2013 INGYENES POST\u00c1Z\u00c1S!\nAz \u00e1r tartalmazza a gondos csomagol\u00e1s \u00e9s a post\u00e1z\u00e1s k\u00f6lts\u00e9g\u00e9t is, Packeta vagy GLS pontra t\u00f6rt\u00e9n\u0151 k\u00e9zbes\u00edt\u00e9ssel.\nEz a festm\u00e9ny nem csup\u00e1n dekor\u00e1ci\u00f3, hanem egy maradand\u00f3, szem\u00e9lyes \u00e9rt\u00e9k, amely hangulatot \u00e9s karaktert ad b\u00e1rmely t\u00e9rnek.","price":"19400.00","unit":"db","recommended":"0","status":"1","sponsored":"0","exp_notify":"0","own_material":"0","own_material_description_old":null,"own_material_description":"","jury":"0","jury_number":"","product_nature":"","meskaracsony":"0","create_date":"2026-04-29 11:20:45","shelve_id":"0","image":"szinvarazsmuhely_product_766597_260429111729_774271.jpeg","image_width":"480","image_height":"526","image_alt":"Akril festm\u00e9ny - cica, Ez az alkot\u00e1s fesz\u00edtett v\u00e1szonra k\u00e9sz\u00fclt, akril fest\u00e9kkel, teljes eg\u00e9sz\u00e9ben k\u00e9zzel, egyedi elk\u00e9pzel\u00e9..., Meska","image_title":"Akril festm\u00e9ny - cica, Meska","view_count":"4","favourite_count":"0","trending_score":"0","last2MonthFavouriteCount":"0","promotion":"0","giftcard_accept":"0","creditcard_accept":false,"enhanced_background":"0","domain":"meska","specific_customer_id":null,"specific_customer_name":null,"to_order_product":"0","to_order_product_time":"0","product_different":null,"product_different_description":"","vintage":"0","vintage_category_id":"0","recycled":"0","gemstone_id":"0","customizable":"0","type_category":"physical","zerowaste":"0","postage_price":"1290.00","shop_order":"0","has_category":"1","landing_pages":null,"microdata":{"number":37,"category":""},"title":"Akril festm\u00e9ny - cica","description":"Ez az alkot\u00e1s fesz\u00edtett v\u00e1szonra k\u00e9sz\u00fclt, akril fest\u00e9kkel, teljes eg\u00e9sz\u00e9ben k\u00e9zzel, egyedi elk\u00e9pzel\u00e9s alapj\u00e1n. Minden ecsetvon\u00e1s az alkot\u00f3 pillanatnyi hangulat\u00e1t \u00e9s kreativit\u00e1s\u00e1t hordozza, \u00edgy nincs k\u00e9t teljesen egyforma darab.\nM\u00e9rete:\nA festm\u00e9ny szign\u00f3zott, \u00e9s eredetis\u00e9get igazol\u00f3 okm\u00e1nnyal ker\u00fcl \u00e1tad\u00e1sra, amely garant\u00e1lja, hogy egy val\u00f3di, megism\u00e9telhetetlen m\u0171alkot\u00e1st v\u00e1s\u00e1rolsz.\nKivitelez\u00e9s \u00e9s min\u0151s\u00e9g\n\u00c9lfestett v\u00e1szon \u2013 keretez\u00e9s n\u00e9lk\u00fcl is eszt\u00e9tikus\nV\u00e9d\u0151 lakkr\u00e9teggel ell\u00e1tva a tart\u00f3ss\u00e1g \u00e9s sz\u00ednek v\u00e9delme \u00e9rdek\u00e9ben\nAkaszt\u00f3val felszerelt, azonnal falra helyezhet\u0151\n Sz\u00e1ll\u00edt\u00e1s \u2013 INGYENES POST\u00c1Z\u00c1S!\nAz \u00e1r tartalmazza a gondos csomagol\u00e1s \u00e9s a post\u00e1z\u00e1s k\u00f6lts\u00e9g\u00e9t is, Packeta vagy GLS pontra t\u00f6rt\u00e9n\u0151 k\u00e9zbes\u00edt\u00e9ssel.\nEz a festm\u00e9ny nem csup\u00e1n dekor\u00e1ci\u00f3, hanem egy maradand\u00f3, szem\u00e9lyes \u00e9rt\u00e9k, amely hangulatot \u00e9s karaktert ad b\u00e1rmely t\u00e9rnek.","score":0,"formatted_price":"19 400 Ft","image_url":"https:\/\/www.meska.hu\/img\/product\/small\/s\/z\/szinvarazsmuhely_product_766597_260429111729_774271.jpeg","formatted_url":"https:\/\/www.meska.hu\/p5778401-akril-festmeny-cica","favourite":false,"in_stock":true,"avatar":"766597_avatar_1768666757.jpeg","delete_from":0,"is_enhanced_background":false,"is_enhanced":false,"product_selection_started":false,"is_active":true,"image_webp_url":"https:\/\/www.meska.hu\/img\/product\/small\/s\/z\/szinvarazsmuhely_product_766597_260429111729_774271.webp"},{"id":"6198632","shop_id":"51505","user_id":"766597","shop_name":"SzinvarazsMuhely","shop_zip":"5126","product_code":"5778399","product_name_old":null,"product_name":"Akril festm\u00e9ny - Balerina","category_string":"M\u0171v\u00e9szet, Festm\u00e9ny, Akril","technic_string":"Fest\u00e9szet","category_1":"357","category_2":"358","category_3":"359","category_4":"0","merged_category_1":null,"merged_category_2":null,"merged_category_3":null,"technic_1":"480","technic_2":"0","technic_3":"0","color_1":"512","color_2":"522","color_3":"526","product_description_old":null,"product_description":"Ez az alkot\u00e1s fesz\u00edtett v\u00e1szonra k\u00e9sz\u00fclt, akril fest\u00e9kkel, teljes eg\u00e9sz\u00e9ben k\u00e9zzel, egyedi elk\u00e9pzel\u00e9s alapj\u00e1n. Minden ecsetvon\u00e1s az alkot\u00f3 pillanatnyi hangulat\u00e1t \u00e9s kreativit\u00e1s\u00e1t hordozza, \u00edgy nincs k\u00e9t teljesen egyforma darab.\nM\u00e9rete:\nA festm\u00e9ny szign\u00f3zott, \u00e9s eredetis\u00e9get igazol\u00f3 okm\u00e1nnyal ker\u00fcl \u00e1tad\u00e1sra, amely garant\u00e1lja, hogy egy val\u00f3di, megism\u00e9telhetetlen m\u0171alkot\u00e1st v\u00e1s\u00e1rolsz.\nKivitelez\u00e9s \u00e9s min\u0151s\u00e9g\n\u00c9lfestett v\u00e1szon \u2013 keretez\u00e9s n\u00e9lk\u00fcl is eszt\u00e9tikus\nV\u00e9d\u0151 lakkr\u00e9teggel ell\u00e1tva a tart\u00f3ss\u00e1g \u00e9s sz\u00ednek v\u00e9delme \u00e9rdek\u00e9ben\nAkaszt\u00f3val felszerelt, azonnal falra helyezhet\u0151\n Sz\u00e1ll\u00edt\u00e1s \u2013 INGYENES POST\u00c1Z\u00c1S!\nAz \u00e1r tartalmazza a gondos csomagol\u00e1s \u00e9s a post\u00e1z\u00e1s k\u00f6lts\u00e9g\u00e9t is, Packeta vagy GLS pontra t\u00f6rt\u00e9n\u0151 k\u00e9zbes\u00edt\u00e9ssel.\nEz a festm\u00e9ny nem csup\u00e1n dekor\u00e1ci\u00f3, hanem egy maradand\u00f3, szem\u00e9lyes \u00e9rt\u00e9k, amely hangulatot \u00e9s karaktert ad b\u00e1rmely t\u00e9rnek.","price":"19400.00","unit":"db","recommended":"0","status":"1","sponsored":"0","exp_notify":"0","own_material":"0","own_material_description_old":null,"own_material_description":"","jury":"0","jury_number":"","product_nature":"","meskaracsony":"0","create_date":"2026-04-29 11:16:12","shelve_id":"0","image":"szinvarazsmuhely_product_766597_260429111129_92948.jpeg","image_width":"480","image_height":"640","image_alt":"Akril festm\u00e9ny - Balerina, Ez az alkot\u00e1s fesz\u00edtett v\u00e1szonra k\u00e9sz\u00fclt, akril fest\u00e9kkel, teljes eg\u00e9sz\u00e9ben k\u00e9zzel, egyedi elk\u00e9pzel\u00e9..., Meska","image_title":"Akril festm\u00e9ny - Balerina, Meska","view_count":"9","favourite_count":"0","trending_score":"0","last2MonthFavouriteCount":"0","promotion":"0","giftcard_accept":"0","creditcard_accept":false,"enhanced_background":"0","domain":"meska","specific_customer_id":null,"specific_customer_name":null,"to_order_product":"0","to_order_product_time":"0","product_different":null,"product_different_description":"","vintage":"0","vintage_category_id":"0","recycled":"0","gemstone_id":"0","customizable":"0","type_category":"physical","zerowaste":"0","postage_price":"1290.00","shop_order":"0","has_category":"1","landing_pages":null,"microdata":{"number":38,"category":""},"title":"Akril festm\u00e9ny - Balerina","description":"Ez az alkot\u00e1s fesz\u00edtett v\u00e1szonra k\u00e9sz\u00fclt, akril fest\u00e9kkel, teljes eg\u00e9sz\u00e9ben k\u00e9zzel, egyedi elk\u00e9pzel\u00e9s alapj\u00e1n. Minden ecsetvon\u00e1s az alkot\u00f3 pillanatnyi hangulat\u00e1t \u00e9s kreativit\u00e1s\u00e1t hordozza, \u00edgy nincs k\u00e9t teljesen egyforma darab.\nM\u00e9rete:\nA festm\u00e9ny szign\u00f3zott, \u00e9s eredetis\u00e9get igazol\u00f3 okm\u00e1nnyal ker\u00fcl \u00e1tad\u00e1sra, amely garant\u00e1lja, hogy egy val\u00f3di, megism\u00e9telhetetlen m\u0171alkot\u00e1st v\u00e1s\u00e1rolsz.\nKivitelez\u00e9s \u00e9s min\u0151s\u00e9g\n\u00c9lfestett v\u00e1szon \u2013 keretez\u00e9s n\u00e9lk\u00fcl is eszt\u00e9tikus\nV\u00e9d\u0151 lakkr\u00e9teggel ell\u00e1tva a tart\u00f3ss\u00e1g \u00e9s sz\u00ednek v\u00e9delme \u00e9rdek\u00e9ben\nAkaszt\u00f3val felszerelt, azonnal falra helyezhet\u0151\n Sz\u00e1ll\u00edt\u00e1s \u2013 INGYENES POST\u00c1Z\u00c1S!\nAz \u00e1r tartalmazza a gondos csomagol\u00e1s \u00e9s a post\u00e1z\u00e1s k\u00f6lts\u00e9g\u00e9t is, Packeta vagy GLS pontra t\u00f6rt\u00e9n\u0151 k\u00e9zbes\u00edt\u00e9ssel.\nEz a festm\u00e9ny nem csup\u00e1n dekor\u00e1ci\u00f3, hanem egy maradand\u00f3, szem\u00e9lyes \u00e9rt\u00e9k, amely hangulatot \u00e9s karaktert ad b\u00e1rmely t\u00e9rnek.","score":0,"formatted_price":"19 400 Ft","image_url":"https:\/\/www.meska.hu\/img\/product\/small\/s\/z\/szinvarazsmuhely_product_766597_260429111129_92948.jpeg","formatted_url":"https:\/\/www.meska.hu\/p5778399-akril-festmeny-balerina","favourite":false,"in_stock":true,"avatar":"766597_avatar_1768666757.jpeg","delete_from":0,"is_enhanced_background":false,"is_enhanced":false,"product_selection_started":false,"is_active":true,"image_webp_url":"https:\/\/www.meska.hu\/img\/product\/small\/s\/z\/szinvarazsmuhely_product_766597_260429111129_92948.webp"},{"id":"4661189","shop_id":"21890","user_id":"233361","shop_name":"MolnARTIlcsi","shop_zip":"2071","product_code":"4868491","product_name_old":null,"product_name":"Sz\u00e9pre gondol...","category_string":"M\u0171v\u00e9szet, Festm\u00e9ny, Akvarell","technic_string":"Fest\u00e9szet","category_1":"357","category_2":"358","category_3":"360","category_4":"0","merged_category_1":null,"merged_category_2":null,"merged_category_3":null,"technic_1":"480","technic_2":"0","technic_3":"0","color_1":"514","color_2":"515","color_3":"519","product_description_old":null,"product_description":"\" Sz\u00e9pre gondol...\" \n\n20x30 cm- es csomagol\u00f3pap\u00edr darabra, - \u00fajrahasznos\u00edtottam ism\u00e9t -  k\u00e1v\u00e9\/akvarell\/ marker  m\u00e9diumokkal festett pille finom  munk\u00e1m .\nPortr\u00e9, hangulatk\u00e9p,  k\u00fcl\u00f6nleges darab. \n\nM\u00e1r keretbe pakoltam, mivel v\u00e9deni sz\u00fcks\u00e9ges a finom pap\u00edrt , onnan kivehet\u0151, \u00e1tpakolhat\u00f3 kedvedre, vigy\u00e1zzva r\u00e1.\n\nSzem\u00e9lyes \u00e1tv\u00e9tel P\u00e1tyon \u00e9s Budapesten, illetve a k\u00f6rny\u00e9ken, egy\u00e9bk\u00e9nt post\u00e1zom.\nA k\u00e9p keretez\u00e9st ig\u00e9nyel, amit az \u00faj tuljdonos\u00e1nak \u00edzl\u00e9s\u00e9re b\u00edzok :) \n\n\nMIEL\u0150TT KOS\u00c1RBA TESZED, \u00cdRJ \u00dcZIT ! LEHET, HOGY M\u00c1R A VAL\u00d3 VIL\u00c1GBAN ELKELT, \u00c9S AZ \u00c1TFED\u00c9S CSAK P\u00c1R \u00d3RA... BESZ\u00c9LJ\u00dcNK, MIEL\u0150TT MEGV\u00c1S\u00c1ROLOD ! \n","price":"40000.00","unit":"db","recommended":"0","status":"1","sponsored":"0","exp_notify":"0","own_material":"0","own_material_description_old":null,"own_material_description":"","jury":"0","jury_number":"","product_nature":"","meskaracsony":"0","create_date":"2026-04-29 10:24:05","shelve_id":"0","image":"molnartilcsi_product_233361_230112065616_104666.jpeg","image_width":"480","image_height":"664","image_alt":"Sz\u00e9pre gondol..., \\\" Sz\u00e9pre gondol...\\\" \\n\\n20x30 cm- es csomagol\u00f3pap\u00edr darabra, - \u00fajrahasznos\u00edtottam ism\u00e9t -  k\u00e1v\u00e9\/akvare..., Meska","image_title":"Sz\u00e9pre gondol..., Meska","view_count":"914","favourite_count":"0","trending_score":"0","last2MonthFavouriteCount":"0","promotion":"0","giftcard_accept":"0","creditcard_accept":false,"enhanced_background":"0","domain":"meska","specific_customer_id":null,"specific_customer_name":null,"to_order_product":"0","to_order_product_time":"0","product_different":null,"product_different_description":"","vintage":"0","vintage_category_id":"0","recycled":"1","gemstone_id":"0","customizable":"0","type_category":"physical","zerowaste":"0","postage_price":"5000.00","shop_order":"1","has_category":"1","landing_pages":null,"microdata":{"number":39,"category":""},"title":"Sz\u00e9pre gondol...","description":"\" Sz\u00e9pre gondol...\" \n\n20x30 cm- es csomagol\u00f3pap\u00edr darabra, - \u00fajrahasznos\u00edtottam ism\u00e9t -  k\u00e1v\u00e9\/akvarell\/ marker  m\u00e9diumokkal festett pille finom  munk\u00e1m .\nPortr\u00e9, hangulatk\u00e9p,  k\u00fcl\u00f6nleges darab. \n\nM\u00e1r keretbe pakoltam, mivel v\u00e9deni sz\u00fcks\u00e9ges a finom pap\u00edrt , onnan kivehet\u0151, \u00e1tpakolhat\u00f3 kedvedre, vigy\u00e1zzva r\u00e1.\n\nSzem\u00e9lyes \u00e1tv\u00e9tel P\u00e1tyon \u00e9s Budapesten, illetve a k\u00f6rny\u00e9ken, egy\u00e9bk\u00e9nt post\u00e1zom.\nA k\u00e9p keretez\u00e9st ig\u00e9nyel, amit az \u00faj tuljdonos\u00e1nak \u00edzl\u00e9s\u00e9re b\u00edzok :) \n\n\nMIEL\u0150TT KOS\u00c1RBA TESZED, \u00cdRJ \u00dcZIT ! LEHET, HOGY M\u00c1R A VAL\u00d3 VIL\u00c1GBAN ELKELT, \u00c9S AZ \u00c1TFED\u00c9S CSAK P\u00c1R \u00d3RA... BESZ\u00c9LJ\u00dcNK, MIEL\u0150TT MEGV\u00c1S\u00c1ROLOD ! \n","score":0,"formatted_price":"40 000 Ft","image_url":"https:\/\/www.meska.hu\/img\/product\/small\/m\/o\/molnartilcsi_product_233361_230112065616_104666.jpeg","formatted_url":"https:\/\/www.meska.hu\/p4868491-szepre-gondol","favourite":false,"in_stock":true,"avatar":"MolnARTIlcsi_avatar_233361_1657524590.jpg","delete_from":0,"is_enhanced_background":false,"is_enhanced":false,"product_selection_started":false,"is_active":true,"image_webp_url":"https:\/\/www.meska.hu\/img\/product\/small\/m\/o\/molnartilcsi_product_233361_230112065616_104666.webp"},{"id":"3399927","shop_id":"21890","user_id":"233361","shop_name":"MolnARTIlcsi","shop_zip":"2071","product_code":"4466199","product_name_old":null,"product_name":"Pasztel t\u00e1jas ","category_string":"M\u0171v\u00e9szet, Festm\u00e9ny, Pasztell","technic_string":"Fest\u00e9szet","category_1":"357","category_2":"358","category_3":"362","category_4":"0","merged_category_1":null,"merged_category_2":null,"merged_category_3":null,"technic_1":"480","technic_2":"0","technic_3":"0","color_1":"515","color_2":"519","color_3":"521","product_description_old":null,"product_description":"30 x 40  cm- es  akvarell  lapon softpastel kr\u00e9ta rajzom, sz\u00ednekkel, hangulatokkal :) \n\nM\u00e1r \u00fcveglap m\u00f6g\u00e9 tettem a val\u00f3s\u00e1gban, ami k\u00edv\u00e1natos egy\u00e9bk\u00e9nt ! Itt a csatolt k\u00e9pen digit\u00e1lis prezent\u00e1ci\u00f3t l\u00e1tsz ! \n\nSzem\u00e8lyes \u00e1tv\u00e9tel P\u00e1tyon \u00e9s Budapesten !:) \n\nEredeti k\u00e9zi alkot\u00e1som, err\u0151l eredetise\u0123igazol\u00e1st  adok az \u00faj tulajdonos\u00e1nak !\n\nMIEL\u0150TT KOS\u00c1RBA TESZED, \u00cdRJ \u00dcZENETET!\n\nEl\u0151fodulhat, hogy a virtu\u00e1lis boltban m\u00e9g szerepel, de m\u00e1r elkelt a val\u00f3s\u00e1gban:), 1- 2 \u00f3ra \u00e1tfut\u00e1si id\u0151 is el\u00e8g az \u00e1tfed\u00e9shez !","price":"50000.00","unit":"db","recommended":"0","status":"1","sponsored":"0","exp_notify":"0","own_material":"0","own_material_description_old":null,"own_material_description":"","jury":"0","jury_number":"","product_nature":"","meskaracsony":"0","create_date":"2026-04-29 10:24:01","shelve_id":"0","image":"molnartilcsi_product_233361_220119125744_96689.jpeg","image_width":"480","image_height":"326","image_alt":"Pasztel t\u00e1jas , 30 x 40  cm- es  akvarell  lapon softpastel kr\u00e9ta rajzom, sz\u00ednekkel, hangulatokkal :) \\n\\nM\u00e1r \u00fcveglap ..., Meska","image_title":"Pasztel t\u00e1jas , Meska","view_count":"1848","favourite_count":"0","trending_score":"0","last2MonthFavouriteCount":"0","promotion":"0","giftcard_accept":"0","creditcard_accept":false,"enhanced_background":"0","domain":"meska","specific_customer_id":null,"specific_customer_name":null,"to_order_product":"0","to_order_product_time":"0","product_different":null,"product_different_description":"","vintage":"0","vintage_category_id":"0","recycled":"0","gemstone_id":"0","customizable":"0","type_category":"physical","zerowaste":"0","postage_price":"5000.00","shop_order":"1","has_category":"1","landing_pages":null,"microdata":{"number":40,"category":""},"title":"Pasztel t\u00e1jas ","description":"30 x 40  cm- es  akvarell  lapon softpastel kr\u00e9ta rajzom, sz\u00ednekkel, hangulatokkal :) \n\nM\u00e1r \u00fcveglap m\u00f6g\u00e9 tettem a val\u00f3s\u00e1gban, ami k\u00edv\u00e1natos egy\u00e9bk\u00e9nt ! Itt a csatolt k\u00e9pen digit\u00e1lis prezent\u00e1ci\u00f3t l\u00e1tsz ! \n\nSzem\u00e8lyes \u00e1tv\u00e9tel P\u00e1tyon \u00e9s Budapesten !:) \n\nEredeti k\u00e9zi alkot\u00e1som, err\u0151l eredetise\u0123igazol\u00e1st  adok az \u00faj tulajdonos\u00e1nak !\n\nMIEL\u0150TT KOS\u00c1RBA TESZED, \u00cdRJ \u00dcZENETET!\n\nEl\u0151fodulhat, hogy a virtu\u00e1lis boltban m\u00e9g szerepel, de m\u00e1r elkelt a val\u00f3s\u00e1gban:), 1- 2 \u00f3ra \u00e1tfut\u00e1si id\u0151 is el\u00e8g az \u00e1tfed\u00e9shez !","score":0,"formatted_price":"50 000 Ft","image_url":"https:\/\/www.meska.hu\/img\/product\/small\/m\/o\/molnartilcsi_product_233361_220119125744_96689.jpeg","formatted_url":"https:\/\/www.meska.hu\/p4466199-pasztel-tajas","favourite":false,"in_stock":true,"avatar":"MolnARTIlcsi_avatar_233361_1657524590.jpg","delete_from":0,"is_enhanced_background":false,"is_enhanced":false,"product_selection_started":false,"is_active":true,"image_webp_url":"https:\/\/www.meska.hu\/img\/product\/small\/m\/o\/molnartilcsi_product_233361_220119125744_96689.webp"},{"id":"6059353","shop_id":"32693","user_id":"53367","shop_name":"MandoraMandala1","shop_zip":"1036","product_code":"5695183","product_name_old":null,"product_name":"Mandal\u00e1s jegyzetf\u00fczet","category_string":"Otthon & \u00c9letm\u00f3d, Pap\u00edr, \u00edr\u00f3szer, Jegyzetf\u00fczet & Napl\u00f3","technic_string":"Fest\u00e9szet","category_1":"813","category_2":"351","category_3":"354","category_4":"0","merged_category_1":null,"merged_category_2":null,"merged_category_3":null,"technic_1":"480","technic_2":"0","technic_3":"0","color_1":"517","color_2":"521","color_3":"568","product_description_old":null,"product_description":"Pontoz\u00e1sos technik\u00e1val d\u00edsz\u00edtett k\u00e9k-narancss\u00e1rga-bronz, A5-\u00f6s m\u00e9ret\u0171, n\u00e9gyzeth\u00e1l\u00f3s notesz, ak\u00e1r aj\u00e1nd\u00e9kba, ak\u00e1r saj\u00e1t haszn\u00e1latra.\n","price":"4500.00","unit":"db","recommended":"0","status":"1","sponsored":"0","exp_notify":"0","own_material":"0","own_material_description_old":null,"own_material_description":"","jury":"0","jury_number":"","product_nature":"","meskaracsony":"0","create_date":"2026-04-29 10:04:02","shelve_id":"0","image":"mandoramandala1_product_53367_251228183604_208413.jpeg","image_width":"480","image_height":"640","image_alt":"Mandal\u00e1s jegyzetf\u00fczet, Pontoz\u00e1sos technik\u00e1val d\u00edsz\u00edtett k\u00e9k-narancss\u00e1rga-bronz, A5-\u00f6s m\u00e9ret\u0171, n\u00e9gyzeth\u00e1l\u00f3s notesz, ak\u00e1r aj\u00e1..., Meska","image_title":"Mandal\u00e1s jegyzetf\u00fczet, Meska","view_count":"89","favourite_count":"0","trending_score":"0","last2MonthFavouriteCount":"0","promotion":"0","giftcard_accept":"0","creditcard_accept":true,"enhanced_background":"0","domain":"meska","specific_customer_id":null,"specific_customer_name":null,"to_order_product":"0","to_order_product_time":"0","product_different":null,"product_different_description":"","vintage":"0","vintage_category_id":"0","recycled":"0","gemstone_id":"0","customizable":"0","type_category":"physical","zerowaste":"0","postage_price":"1349.00","shop_order":"0","has_category":"1","landing_pages":null,"microdata":{"number":41,"category":""},"title":"Mandal\u00e1s jegyzetf\u00fczet","description":"Pontoz\u00e1sos technik\u00e1val d\u00edsz\u00edtett k\u00e9k-narancss\u00e1rga-bronz, A5-\u00f6s m\u00e9ret\u0171, n\u00e9gyzeth\u00e1l\u00f3s notesz, ak\u00e1r aj\u00e1nd\u00e9kba, ak\u00e1r saj\u00e1t haszn\u00e1latra.\n","score":0,"formatted_price":"4 500 Ft","image_url":"https:\/\/www.meska.hu\/img\/product\/small\/m\/a\/mandoramandala1_product_53367_251228183604_208413.jpeg","formatted_url":"https:\/\/www.meska.hu\/p5695183-mandalas-jegyzetfuzet","favourite":false,"in_stock":true,"avatar":"medvedori_avatar_53367_1614197882.jpg","delete_from":0,"is_enhanced_background":false,"is_enhanced":false,"product_selection_started":false,"is_active":true,"image_webp_url":"https:\/\/www.meska.hu\/img\/product\/small\/m\/a\/mandoramandala1_product_53367_251228183604_208413.webp"},{"id":"6198567","shop_id":"23677","user_id":"252724","shop_name":"SzEdithcsakegyvan","shop_zip":"1071","product_code":"5778372","product_name_old":null,"product_name":"Arany tavasz","category_string":"M\u0171v\u00e9szet, Festm\u00e9ny, Akril","technic_string":"Fest\u00e9szet","category_1":"357","category_2":"358","category_3":"359","category_4":"0","merged_category_1":null,"merged_category_2":null,"merged_category_3":null,"technic_1":"480","technic_2":"0","technic_3":"0","color_1":"512","color_2":"1474","color_3":"528","product_description_old":null,"product_description":"44 x 64 cm-es, fest\u0151v\u00e1szonra aranyf\u00f3li\u00e1val \u00e9s akrillal k\u00e9sz\u00fclt szign\u00f3zott egyedi festm\u00e9ny, kerettel.\n","price":"85000.00","unit":"db","recommended":"0","status":"1","sponsored":"0","exp_notify":"0","own_material":"0","own_material_description_old":null,"own_material_description":"","jury":"0","jury_number":"","product_nature":"","meskaracsony":"0","create_date":"2026-04-29 10:01:40","shelve_id":"65190","image":"szedithcsakegyvan_product_252724_260429094651_606524.jpeg","image_width":"480","image_height":"360","image_alt":"Arany tavasz, 44 x 64 cm-es, fest\u0151v\u00e1szonra aranyf\u00f3li\u00e1val \u00e9s akrillal k\u00e9sz\u00fclt szign\u00f3zott egyedi festm\u00e9ny, kerettel...., Meska","image_title":"Arany tavasz, Meska","view_count":"5","favourite_count":"0","trending_score":"0","last2MonthFavouriteCount":"0","promotion":"0","giftcard_accept":"1","creditcard_accept":false,"enhanced_background":"0","domain":"meska","specific_customer_id":null,"specific_customer_name":null,"to_order_product":"0","to_order_product_time":"0","product_different":null,"product_different_description":"","vintage":"0","vintage_category_id":"0","recycled":"0","gemstone_id":"0","customizable":"0","type_category":"physical","zerowaste":"0","postage_price":"0.00","shop_order":"0","has_category":"1","landing_pages":null,"microdata":{"number":42,"category":""},"title":"Arany tavasz","description":"44 x 64 cm-es, fest\u0151v\u00e1szonra aranyf\u00f3li\u00e1val \u00e9s akrillal k\u00e9sz\u00fclt szign\u00f3zott egyedi festm\u00e9ny, kerettel.\n","score":0,"formatted_price":"85 000 Ft","image_url":"https:\/\/www.meska.hu\/img\/product\/small\/s\/z\/szedithcsakegyvan_product_252724_260429094651_606524.jpeg","formatted_url":"https:\/\/www.meska.hu\/p5778372-arany-tavasz","favourite":false,"in_stock":true,"avatar":"SzEdithcsakegyvan_avatar_252724_1501348124.JPG","delete_from":0,"is_enhanced_background":false,"is_enhanced":false,"product_selection_started":false,"is_active":true,"image_webp_url":"https:\/\/www.meska.hu\/img\/product\/small\/s\/z\/szedithcsakegyvan_product_252724_260429094651_606524.webp"},{"id":"5781026","shop_id":"15204","user_id":"112114","shop_name":"ildi03","shop_zip":"3300","product_code":"5547633","product_name_old":null,"product_name":"\" mandala\" ","category_string":"Otthon & \u00c9letm\u00f3d, Dekor\u00e1ci\u00f3, Spiritualit\u00e1s, Mandala","technic_string":"Fest\u00e9szet","category_1":"813","category_2":"314","category_3":"1478","category_4":"948","merged_category_1":null,"merged_category_2":null,"merged_category_3":null,"technic_1":"480","technic_2":"0","technic_3":"0","color_1":"512","color_2":"514","color_3":"0","product_description_old":null,"product_description":"Barna alapra, aranny sz\u00ednnel, pontozott teknik\u00e1val festett \nk\u00e9p.  Mandala sz\u00f3 az \u0151si indiai nyelvb\u0151l a szanszkritb\u00f3l sz\u00e1rmazik.\nJelent\u00e9se:k\u00f6r,\u00edv,k\u00f6rszelet,korong.\nNyugtat,regener\u00e1l,beind\u00edtja a szervezet \u00f6ngy\u00f3gy\u00edt\u00f3 k\u00e9pess\u00e9g\u00e9t.\nMegemeli az ember energia szintj\u00e9t.\n30 cm \u00e1tm\u00e9r\u0151j\u0171 MDF lapra k\u00e9sz\u00fclt,barna alapra, acryl fest\u00e9kkel, pontozott technik\u00e1val,lakkozva.\n","price":"7990.00","unit":"db","recommended":"0","status":"1","sponsored":"0","exp_notify":"0","own_material":"0","own_material_description_old":null,"own_material_description":"","jury":"0","jury_number":"","product_nature":"","meskaracsony":"0","create_date":"2026-04-29 09:58:46","shelve_id":"0","image":"ildi03_product_112114_250504080510_158442.jpeg","image_width":"480","image_height":"525","image_alt":"\\\" mandala\\\" , Barna alapra, aranny sz\u00ednnel, pontozott teknik\u00e1val festett \\nk\u00e9p.  Mandala sz\u00f3 az \u0151si indiai nyelvb\u0151l..., Meska","image_title":"\\\" mandala\\\" , Meska","view_count":"252","favourite_count":"0","trending_score":"0","last2MonthFavouriteCount":"0","promotion":"0","giftcard_accept":"0","creditcard_accept":false,"enhanced_background":"0","domain":"meska","specific_customer_id":null,"specific_customer_name":null,"to_order_product":"0","to_order_product_time":"0","product_different":null,"product_different_description":"","vintage":"0","vintage_category_id":"0","recycled":"0","gemstone_id":"0","customizable":"0","type_category":"physical","zerowaste":"0","postage_price":"2390.00","shop_order":"0","has_category":"1","landing_pages":null,"microdata":{"number":43,"category":""},"title":"\" mandala\" ","description":"Barna alapra, aranny sz\u00ednnel, pontozott teknik\u00e1val festett \nk\u00e9p.  Mandala sz\u00f3 az \u0151si indiai nyelvb\u0151l a szanszkritb\u00f3l sz\u00e1rmazik.\nJelent\u00e9se:k\u00f6r,\u00edv,k\u00f6rszelet,korong.\nNyugtat,regener\u00e1l,beind\u00edtja a szervezet \u00f6ngy\u00f3gy\u00edt\u00f3 k\u00e9pess\u00e9g\u00e9t.\nMegemeli az ember energia szintj\u00e9t.\n30 cm \u00e1tm\u00e9r\u0151j\u0171 MDF lapra k\u00e9sz\u00fclt,barna alapra, acryl fest\u00e9kkel, pontozott technik\u00e1val,lakkozva.\n","score":0,"formatted_price":"7 990 Ft","image_url":"https:\/\/www.meska.hu\/img\/product\/small\/i\/l\/ildi03_product_112114_250504080510_158442.jpeg","formatted_url":"https:\/\/www.meska.hu\/p5547633-mandala","favourite":false,"in_stock":true,"avatar":"fb_avatar_112114.jpeg","delete_from":0,"is_enhanced_background":false,"is_enhanced":false,"product_selection_started":false,"is_active":true,"image_webp_url":"https:\/\/www.meska.hu\/img\/product\/small\/i\/l\/ildi03_product_112114_250504080510_158442.webp"},{"id":"6198564","shop_id":"52672","user_id":"783983","shop_name":"PontMarekArt","shop_zip":"1174","product_code":"5778371","product_name_old":null,"product_name":"Smaragd \u00e9s bronz \u00edvek-2 r\u00e9szes mozaik festm\u00e9ny","category_string":"Otthon & \u00c9letm\u00f3d, Dekor\u00e1ci\u00f3, Spiritualit\u00e1s, Mandala","technic_string":"Fest\u00e9szet, Mozaik","category_1":"813","category_2":"314","category_3":"1478","category_4":"948","merged_category_1":null,"merged_category_2":null,"merged_category_3":null,"technic_1":"480","technic_2":"750","technic_3":"0","color_1":"517","color_2":"520","color_3":"529","product_description_old":null,"product_description":"Var\u00e1zsold k\u00fcl\u00f6nlegess\u00e9 otthonod ezzel a k\u00e9zzel festett k\u00e9t r\u00e9szb\u0151l \u00e1ll\u00f3 falik\u00e9p szettel. Ez a modern \"mozaik\" st\u00edlus\u00fa alkot\u00e1s a dot art precizit\u00e1s\u00e1t \u00f6tv\u00f6zi a mandal\u00e1k megnyugtat\u00f3 harm\u00f3ni\u00e1j\u00e1val.  \nM\u00e9rete: 2x20x20 cm \u00f6sszesen 40x20cm\nFesz\u00edtett v\u00e1szon (keretez\u00e9st nem ig\u00e9nyel)\nA szett k\u00fcl\u00f6nlegess\u00e9g, hogy tetsz\u00e9s szerint elhelyezhet\u0151: v\u00edzszintesen, f\u00fcgg\u0151legesen.\n","price":"18000.00","unit":"db","recommended":"0","status":"1","sponsored":"0","exp_notify":"0","own_material":"0","own_material_description_old":null,"own_material_description":"","jury":"0","jury_number":"","product_nature":"","meskaracsony":"0","create_date":"2026-04-29 09:54:37","shelve_id":"0","image":"pontmarekart_product_783983_260429100656_729559.jpeg","image_width":"480","image_height":"480","image_alt":"Smaragd \u00e9s bronz \u00edvek-2 r\u00e9szes mozaik festm\u00e9ny, Var\u00e1zsold k\u00fcl\u00f6nlegess\u00e9 otthonod ezzel a k\u00e9zzel festett k\u00e9t r\u00e9szb\u0151l \u00e1ll\u00f3 falik\u00e9p szettel. Ez a modern..., Meska","image_title":"Smaragd \u00e9s bronz \u00edvek-2 r\u00e9szes mozaik festm\u00e9ny, Meska","view_count":"13","favourite_count":"0","trending_score":"0","last2MonthFavouriteCount":"0","promotion":"0","giftcard_accept":"0","creditcard_accept":true,"enhanced_background":"0","domain":"meska","specific_customer_id":null,"specific_customer_name":null,"to_order_product":"0","to_order_product_time":"0","product_different":null,"product_different_description":"","vintage":"0","vintage_category_id":"0","recycled":"0","gemstone_id":"0","customizable":"0","type_category":"physical","zerowaste":"0","postage_price":"2599.00","shop_order":"0","has_category":"1","landing_pages":null,"microdata":{"number":44,"category":""},"title":"Smaragd \u00e9s bronz \u00edvek-2 r\u00e9szes mozaik festm\u00e9ny","description":"Var\u00e1zsold k\u00fcl\u00f6nlegess\u00e9 otthonod ezzel a k\u00e9zzel festett k\u00e9t r\u00e9szb\u0151l \u00e1ll\u00f3 falik\u00e9p szettel. Ez a modern \"mozaik\" st\u00edlus\u00fa alkot\u00e1s a dot art precizit\u00e1s\u00e1t \u00f6tv\u00f6zi a mandal\u00e1k megnyugtat\u00f3 harm\u00f3ni\u00e1j\u00e1val.  \nM\u00e9rete: 2x20x20 cm \u00f6sszesen 40x20cm\nFesz\u00edtett v\u00e1szon (keretez\u00e9st nem ig\u00e9nyel)\nA szett k\u00fcl\u00f6nlegess\u00e9g, hogy tetsz\u00e9s szerint elhelyezhet\u0151: v\u00edzszintesen, f\u00fcgg\u0151legesen.\n","score":0,"formatted_price":"18 000 Ft","image_url":"https:\/\/www.meska.hu\/img\/product\/small\/p\/o\/pontmarekart_product_783983_260429100656_729559.jpeg","formatted_url":"https:\/\/www.meska.hu\/p5778371-smaragd-es-bronz-ivek-2-reszes-mozaik-festmeny","favourite":false,"in_stock":true,"avatar":"783983_avatar_1777228284.jpeg","delete_from":0,"is_enhanced_background":false,"is_enhanced":false,"product_selection_started":false,"is_active":true,"image_webp_url":"https:\/\/www.meska.hu\/img\/product\/small\/p\/o\/pontmarekart_product_783983_260429100656_729559.webp"},{"id":"5349443","shop_id":"44464","user_id":"427134","shop_name":"DecorRooom","shop_zip":"2660","product_code":"5294316","product_name_old":null,"product_name":"P\u00f6tty\u00f6s cser\u00e9pbaba","category_string":"Otthon & \u00c9letm\u00f3d, Cser\u00e9pbaba, H\u00e1z & Kert","technic_string":"Fest\u00e9szet, Festett t\u00e1rgyak","category_1":"813","category_2":"1789","category_3":"897","category_4":"0","merged_category_1":null,"merged_category_2":null,"merged_category_3":null,"technic_1":"480","technic_2":"481","technic_3":"0","color_1":"519","color_2":"1475","color_3":"532","product_description_old":null,"product_description":"Vid\u00e0m cser\u00e9pfigura ami k\u00fclt\u00e9ri \u00e9s belt\u00e9ri haszn\u00e1latra egyar\u00e1nt alkalmas, amivel a vir\u00e1gaidnak extra cserepet biztosithatsz! \n\nM\u00e9ret:~23cm\n(Lehet m\u00e1s m\u00e9retben \u00e8s sz\u00ednben is k\u00e9rni megbesz\u00e9l\u00e9s alapj\u00e1n)\n","price":"6190.00","unit":"db","recommended":"0","status":"1","sponsored":"0","exp_notify":"0","own_material":"0","own_material_description_old":null,"own_material_description":"","jury":"0","jury_number":"","product_nature":"","meskaracsony":"0","create_date":"2026-04-29 09:29:57","shelve_id":"0","image":"decorrooom_product_427134_240525105056_988272.jpeg","image_width":"480","image_height":"660","image_alt":"P\u00f6tty\u00f6s cser\u00e9pbaba, Vid\u00e0m cser\u00e9pfigura ami k\u00fclt\u00e9ri \u00e9s belt\u00e9ri haszn\u00e1latra egyar\u00e1nt alkalmas, amivel a vir\u00e1gaidnak extra ..., Meska","image_title":"P\u00f6tty\u00f6s cser\u00e9pbaba, Meska","view_count":"1516","favourite_count":"0","trending_score":"0","last2MonthFavouriteCount":"0","promotion":"0","giftcard_accept":"0","creditcard_accept":true,"enhanced_background":"0","domain":"meska","specific_customer_id":null,"specific_customer_name":null,"to_order_product":"1","to_order_product_time":"7","product_different":null,"product_different_description":"","vintage":"0","vintage_category_id":"0","recycled":"0","gemstone_id":"0","customizable":"1","type_category":"physical","zerowaste":"0","postage_price":"1290.00","shop_order":"0","has_category":"1","landing_pages":null,"microdata":{"number":45,"category":""},"title":"P\u00f6tty\u00f6s cser\u00e9pbaba","description":"Vid\u00e0m cser\u00e9pfigura ami k\u00fclt\u00e9ri \u00e9s belt\u00e9ri haszn\u00e1latra egyar\u00e1nt alkalmas, amivel a vir\u00e1gaidnak extra cserepet biztosithatsz! \n\nM\u00e9ret:~23cm\n(Lehet m\u00e1s m\u00e9retben \u00e8s sz\u00ednben is k\u00e9rni megbesz\u00e9l\u00e9s alapj\u00e1n)\n","score":0,"formatted_price":"6 190 Ft","image_url":"https:\/\/www.meska.hu\/img\/product\/small\/d\/e\/decorrooom_product_427134_240525105056_988272.jpeg","formatted_url":"https:\/\/www.meska.hu\/p5294316-pottyos-cserepbaba","favourite":false,"in_stock":false,"avatar":"427134_avatar_1708896052.jpeg","delete_from":0,"is_enhanced_background":false,"is_enhanced":false,"product_selection_started":false,"is_active":true,"image_webp_url":"https:\/\/www.meska.hu\/img\/product\/small\/d\/e\/decorrooom_product_427134_240525105056_988272.webp"},{"id":"5349440","shop_id":"44464","user_id":"427134","shop_name":"DecorRooom","shop_zip":"2660","product_code":"5294314","product_name_old":null,"product_name":"Vir\u00e1gos cser\u00e9pbaba","category_string":"Otthon & \u00c9letm\u00f3d, Cser\u00e9pbaba, H\u00e1z & Kert","technic_string":"Fest\u00e9szet, Festett t\u00e1rgyak","category_1":"813","category_2":"1789","category_3":"897","category_4":"0","merged_category_1":null,"merged_category_2":null,"merged_category_3":null,"technic_1":"480","technic_2":"481","technic_3":"0","color_1":"532","color_2":"525","color_3":"0","product_description_old":null,"product_description":"Rosegold-vil\u00e1gos r\u00f3zsasz\u00edn vid\u00e1m cser\u00e9pfigura ami k\u00fclt\u00e9ri \u00e9s belt\u00e9ri haszn\u00e1latra egyar\u00e1nt alkalmas, amivel a vir\u00e1gaidnak extra cserepet biztosithatsz! \n\nM\u00e9ret:~23cm\n(Lehet m\u00e1s m\u00e9retben \u00e8s sz\u00ednben is k\u00e9rni megbesz\u00e9l\u00e9s alapj\u00e1n)\n","price":"6190.00","unit":"db","recommended":"0","status":"1","sponsored":"0","exp_notify":"0","own_material":"0","own_material_description_old":null,"own_material_description":"","jury":"0","jury_number":"","product_nature":"","meskaracsony":"0","create_date":"2026-04-29 09:29:57","shelve_id":"0","image":"decorrooom_product_427134_240525103853_877470.jpeg","image_width":"480","image_height":"652","image_alt":"Vir\u00e1gos cser\u00e9pbaba, Rosegold-vil\u00e1gos r\u00f3zsasz\u00edn vid\u00e1m cser\u00e9pfigura ami k\u00fclt\u00e9ri \u00e9s belt\u00e9ri haszn\u00e1latra egyar\u00e1nt alkalmas, ..., Meska","image_title":"Vir\u00e1gos cser\u00e9pbaba, Meska","view_count":"7302","favourite_count":"1","trending_score":"0","last2MonthFavouriteCount":"1","promotion":"0","giftcard_accept":"0","creditcard_accept":true,"enhanced_background":"0","domain":"meska","specific_customer_id":null,"specific_customer_name":null,"to_order_product":"1","to_order_product_time":"7","product_different":null,"product_different_description":"","vintage":"0","vintage_category_id":"0","recycled":"0","gemstone_id":"0","customizable":"0","type_category":"physical","zerowaste":"0","postage_price":"1290.00","shop_order":"0","has_category":"1","landing_pages":null,"microdata":{"number":46,"category":""},"title":"Vir\u00e1gos cser\u00e9pbaba","description":"Rosegold-vil\u00e1gos r\u00f3zsasz\u00edn vid\u00e1m cser\u00e9pfigura ami k\u00fclt\u00e9ri \u00e9s belt\u00e9ri haszn\u00e1latra egyar\u00e1nt alkalmas, amivel a vir\u00e1gaidnak extra cserepet biztosithatsz! \n\nM\u00e9ret:~23cm\n(Lehet m\u00e1s m\u00e9retben \u00e8s sz\u00ednben is k\u00e9rni megbesz\u00e9l\u00e9s alapj\u00e1n)\n","score":0,"formatted_price":"6 190 Ft","image_url":"https:\/\/www.meska.hu\/img\/product\/small\/d\/e\/decorrooom_product_427134_240525103853_877470.jpeg","formatted_url":"https:\/\/www.meska.hu\/p5294314-viragos-cserepbaba","favourite":false,"in_stock":false,"avatar":"427134_avatar_1708896052.jpeg","delete_from":0,"is_enhanced_background":false,"is_enhanced":false,"product_selection_started":false,"is_active":true,"image_webp_url":"https:\/\/www.meska.hu\/img\/product\/small\/d\/e\/decorrooom_product_427134_240525103853_877470.webp"},{"id":"6198534","shop_id":"19303","user_id":"182513","shop_name":"festmenyfestmeny","shop_zip":"2760","product_code":"5778365","product_name_old":null,"product_name":"Balatoni naplemente c. Balaton olajfestm\u00e9ny [Papp T\u00fcnde]","category_string":"M\u0171v\u00e9szet, Festm\u00e9ny, Olajfestm\u00e9ny","technic_string":"Fest\u00e9szet","category_1":"357","category_2":"358","category_3":"361","category_4":"0","merged_category_1":null,"merged_category_2":null,"merged_category_3":null,"technic_1":"480","technic_2":"0","technic_3":"0","color_1":"521","color_2":"522","color_3":"525","product_description_old":null,"product_description":"Kedves \u00c9rdekl\u0151d\u0151 !\n\n- Festm\u00e9ny m\u00e9rete 30x25cm + 3cm t\u00f6m\u00f6r fa kerettel az aukci\u00f3n.\n\nOlaj-kas\u00edrozott v\u00e1szon.\n\nPapp T\u00fcnde az Orsz\u00e1gos K\u00e9pz\u0151 \u00e9s Iparm\u0171v\u00e9szeti T\u00e1rsas\u00e1g Tagja","price":"12000.00","unit":"db","recommended":"0","status":"1","sponsored":"0","exp_notify":"0","own_material":"0","own_material_description_old":null,"own_material_description":"","jury":"0","jury_number":"","product_nature":"","meskaracsony":"0","create_date":"2026-04-29 09:20:25","shelve_id":"0","image":"festmenyfestmeny_product_182513_260429091413_76152.png","image_width":"480","image_height":"412","image_alt":"Balatoni naplemente c. Balaton olajfestm\u00e9ny [Papp T\u00fcnde], Kedves \u00c9rdekl\u0151d\u0151 !\\n\\n- Festm\u00e9ny m\u00e9rete 30x25cm + 3cm t\u00f6m\u00f6r fa kerettel az aukci\u00f3n.\\n\\nOlaj-kas\u00edrozott v..., Meska","image_title":"Balatoni naplemente c. Balaton olajfestm\u00e9ny [Papp T\u00fcnde], Meska","view_count":"12","favourite_count":"0","trending_score":"0","last2MonthFavouriteCount":"0","promotion":"0","giftcard_accept":"1","creditcard_accept":false,"enhanced_background":"0","domain":"meska","specific_customer_id":null,"specific_customer_name":null,"to_order_product":"0","to_order_product_time":"0","product_different":null,"product_different_description":"","vintage":"0","vintage_category_id":"0","recycled":"0","gemstone_id":"0","customizable":"0","type_category":"physical","zerowaste":"0","postage_price":"1590.00","shop_order":"0","has_category":"1","landing_pages":null,"microdata":{"number":47,"category":""},"title":"Balatoni naplemente c. Balaton olajfestm\u00e9ny [Papp T\u00fcnde]","description":"Kedves \u00c9rdekl\u0151d\u0151 !\n\n- Festm\u00e9ny m\u00e9rete 30x25cm + 3cm t\u00f6m\u00f6r fa kerettel az aukci\u00f3n.\n\nOlaj-kas\u00edrozott v\u00e1szon.\n\nPapp T\u00fcnde az Orsz\u00e1gos K\u00e9pz\u0151 \u00e9s Iparm\u0171v\u00e9szeti T\u00e1rsas\u00e1g Tagja","score":0,"formatted_price":"12 000 Ft","image_url":"https:\/\/www.meska.hu\/img\/product\/small\/f\/e\/festmenyfestmeny_product_182513_260429091413_76152.png","formatted_url":"https:\/\/www.meska.hu\/p5778365-balatoni-naplemente-c-balaton-olajfestmeny-papp-tunde","favourite":false,"in_stock":true,"avatar":"182513_avatar_1763133706.png","delete_from":0,"is_enhanced_background":false,"is_enhanced":false,"product_selection_started":false,"is_active":true,"image_webp_url":"https:\/\/www.meska.hu\/img\/product\/small\/f\/e\/festmenyfestmeny_product_182513_260429091413_76152.webp"},{"id":"5348406","shop_id":"37394","user_id":"497204","shop_name":"SilviArt","shop_zip":"2117","product_code":"5293858","product_name_old":null,"product_name":"Vir\u00e1gos mez\u0151","category_string":"M\u0171v\u00e9szet, Festm\u00e9ny, Akril","technic_string":"Fest\u00e9szet","category_1":"357","category_2":"358","category_3":"359","category_4":"0","merged_category_1":null,"merged_category_2":null,"merged_category_3":null,"technic_1":"480","technic_2":"0","technic_3":"0","color_1":"521","color_2":"522","color_3":"523","product_description_old":null,"product_description":"Akril fesz\u00edtett v\u00e1sznon 40x50 cm.","price":"18000.00","unit":"db","recommended":"0","status":"1","sponsored":"0","exp_notify":"0","own_material":"0","own_material_description_old":null,"own_material_description":"","jury":"0","jury_number":"","product_nature":"","meskaracsony":"0","create_date":"2026-04-29 09:01:01","shelve_id":"0","image":"silviart_product_497204_240731170046_487478.jpeg","image_width":"480","image_height":"604","image_alt":"Vir\u00e1gos mez\u0151, Akril fesz\u00edtett v\u00e1sznon 40x50 cm., Meska","image_title":"Vir\u00e1gos mez\u0151, Meska","view_count":"424","favourite_count":"0","trending_score":"0","last2MonthFavouriteCount":"0","promotion":"0","giftcard_accept":"0","creditcard_accept":true,"enhanced_background":"0","domain":"meska","specific_customer_id":null,"specific_customer_name":null,"to_order_product":"0","to_order_product_time":"0","product_different":null,"product_different_description":"","vintage":"0","vintage_category_id":"0","recycled":"0","gemstone_id":"0","customizable":"0","type_category":"physical","zerowaste":"0","postage_price":"1290.00","shop_order":"0","has_category":"1","landing_pages":null,"microdata":{"number":48,"category":""},"title":"Vir\u00e1gos mez\u0151","description":"Akril fesz\u00edtett v\u00e1sznon 40x50 cm.","score":0,"formatted_price":"18 000 Ft","image_url":"https:\/\/www.meska.hu\/img\/product\/small\/s\/i\/silviart_product_497204_240731170046_487478.jpeg","formatted_url":"https:\/\/www.meska.hu\/p5293858-viragos-mezo","favourite":false,"in_stock":true,"avatar":"497204_avatar_1751981185.jpeg","delete_from":0,"is_enhanced_background":false,"is_enhanced":false,"product_selection_started":false,"is_active":true,"image_webp_url":"https:\/\/www.meska.hu\/img\/product\/small\/s\/i\/silviart_product_497204_240731170046_487478.webp"},{"id":"5107072","shop_id":"37394","user_id":"497204","shop_name":"SilviArt","shop_zip":"2117","product_code":"5148687","product_name_old":null,"product_name":"Pipacsok","category_string":"M\u0171v\u00e9szet, Festm\u00e9ny, Akril","technic_string":"Fest\u00e9szet","category_1":"357","category_2":"358","category_3":"359","category_4":"0","merged_category_1":null,"merged_category_2":null,"merged_category_3":null,"technic_1":"480","technic_2":"0","technic_3":"0","color_1":"521","color_2":"568","color_3":"523","product_description_old":null,"product_description":"Akril fesz\u00edtett v\u00e1sznon 40x50 cm ","price":"18000.00","unit":"db","recommended":"0","status":"1","sponsored":"0","exp_notify":"0","own_material":"0","own_material_description_old":null,"own_material_description":"","jury":"0","jury_number":"","product_nature":"","meskaracsony":"0","create_date":"2026-04-29 09:00:58","shelve_id":"0","image":"silviart_product_497204_231129143520_173653.jpeg","image_width":"480","image_height":"381","image_alt":"Pipacsok, Akril fesz\u00edtett v\u00e1sznon 40x50 cm , Meska","image_title":"Pipacsok, Meska","view_count":"611","favourite_count":"0","trending_score":"0","last2MonthFavouriteCount":"0","promotion":"0","giftcard_accept":"0","creditcard_accept":true,"enhanced_background":"0","domain":"meska","specific_customer_id":null,"specific_customer_name":null,"to_order_product":"0","to_order_product_time":"0","product_different":null,"product_different_description":"","vintage":"0","vintage_category_id":"0","recycled":"0","gemstone_id":"0","customizable":"0","type_category":"physical","zerowaste":"0","postage_price":"1290.00","shop_order":"0","has_category":"1","landing_pages":null,"microdata":{"number":49,"category":""},"title":"Pipacsok","description":"Akril fesz\u00edtett v\u00e1sznon 40x50 cm ","score":0,"formatted_price":"18 000 Ft","image_url":"https:\/\/www.meska.hu\/img\/product\/small\/s\/i\/silviart_product_497204_231129143520_173653.jpeg","formatted_url":"https:\/\/www.meska.hu\/p5148687-pipacsok","favourite":false,"in_stock":true,"avatar":"497204_avatar_1751981185.jpeg","delete_from":0,"is_enhanced_background":false,"is_enhanced":false,"product_selection_started":false,"is_active":true,"image_webp_url":"https:\/\/www.meska.hu\/img\/product\/small\/s\/i\/silviart_product_497204_231129143520_173653.webp"},{"id":"6198433","shop_id":"7609","user_id":"32886","shop_name":"LaczoGaleria","shop_zip":"6113","product_code":"5778271","product_name_old":null,"product_name":"B\u00e9ka Brekkencs - Rusztikus Fat\u00e1bla, Aj\u00e1nd\u00e9k \u00f6tlet - Egyedi Falid\u00edsz, B\u00e9ka, Katica, Gyerekszoba","category_string":"Otthon & \u00c9letm\u00f3d, Dekor\u00e1ci\u00f3, K\u00e9p & Falik\u00e9p, F\u00e1b\u00f3l k\u00e9sz\u00fclt k\u00e9p","technic_string":"Famegmunk\u00e1l\u00e1s, Fest\u00e9szet","category_1":"813","category_2":"314","category_3":"417","category_4":"1433","merged_category_1":null,"merged_category_2":null,"merged_category_3":null,"technic_1":"478","technic_2":"480","technic_3":"0","color_1":"514","color_2":"523","color_3":"529","product_description_old":null,"product_description":"Rusztikus f\u00e1ra festett, egyedi falik\u00e9p.\n\nLacz\u00f3 \u00c1gnes kort\u00e1rs fest\u0151\/grafikus m\u0171v\u00e9sz munk\u00e1ja.\n\nkb. 8.5 x 14 cm cm. + akaszt\u00f3.\n\nA sz\u00ednek elt\u00e9rhetnek a monitor be\u00e1ll\u00edt\u00e1snak megfelel\u0151en!","price":"12500.00","unit":"db","recommended":"0","status":"1","sponsored":"0","exp_notify":"0","own_material":"0","own_material_description_old":null,"own_material_description":"","jury":"0","jury_number":"","product_nature":"","meskaracsony":"0","create_date":"2026-04-29 08:59:39","shelve_id":"80082","image":"laczogaleria_product_32886_260429085546_383426.jpeg","image_width":"480","image_height":"480","image_alt":"B\u00e9ka Brekkencs - Rusztikus Fat\u00e1bla, Aj\u00e1nd\u00e9k \u00f6tlet - Egyedi Falid\u00edsz, B\u00e9ka, Katica, Gyerekszoba, Rusztikus f\u00e1ra festett, egyedi falik\u00e9p.\\n\\nLacz\u00f3 \u00c1gnes kort\u00e1rs fest\u0151\/grafikus m\u0171v\u00e9sz munk\u00e1ja.\\n\\nkb. 8.5..., Meska","image_title":"B\u00e9ka Brekkencs - Rusztikus Fat\u00e1bla, Aj\u00e1nd\u00e9k \u00f6tlet - Egyedi Falid\u00edsz, B\u00e9ka, Katica, Gyerekszoba, Meska","view_count":"33","favourite_count":"0","trending_score":"0","last2MonthFavouriteCount":"0","promotion":"0","giftcard_accept":"0","creditcard_accept":true,"enhanced_background":"0","domain":"meska","specific_customer_id":null,"specific_customer_name":null,"to_order_product":"0","to_order_product_time":"0","product_different":null,"product_different_description":"","vintage":"0","vintage_category_id":"0","recycled":"1","gemstone_id":"0","customizable":"0","type_category":"physical","zerowaste":"1","postage_price":"2000.00","shop_order":"1","has_category":"1","landing_pages":null,"microdata":{"number":50,"category":""},"title":"B\u00e9ka Brekkencs - Rusztikus Fat\u00e1bla, Aj\u00e1nd\u00e9k \u00f6tlet - Egyedi Falid\u00edsz, B\u00e9ka, Katica, Gyerekszoba","description":"Rusztikus f\u00e1ra festett, egyedi falik\u00e9p.\n\nLacz\u00f3 \u00c1gnes kort\u00e1rs fest\u0151\/grafikus m\u0171v\u00e9sz munk\u00e1ja.\n\nkb. 8.5 x 14 cm cm. + akaszt\u00f3.\n\nA sz\u00ednek elt\u00e9rhetnek a monitor be\u00e1ll\u00edt\u00e1snak megfelel\u0151en!","score":0,"formatted_price":"12 500 Ft","image_url":"https:\/\/www.meska.hu\/img\/product\/small\/l\/a\/laczogaleria_product_32886_260429085546_383426.jpeg","formatted_url":"https:\/\/www.meska.hu\/p5778271-beka-brekkencs-rusztikus-fatabla-ajandek-otlet-egyedi-falidisz-beka-katica-gyerekszoba","favourite":false,"in_stock":true,"avatar":"32886_avatar_1713938920.jpeg","delete_from":0,"is_enhanced_background":false,"is_enhanced":false,"product_selection_started":false,"is_active":true,"image_webp_url":"https:\/\/www.meska.hu\/img\/product\/small\/l\/a\/laczogaleria_product_32886_260429085546_383426.webp"},{"id":"3400521","shop_id":"33757","user_id":"436815","shop_name":"apottyosbogre","shop_zip":"8700","product_code":"4285237","product_name_old":null,"product_name":"Balatoni plexi t\u00e1bla -  \u00fcltet\u00e9si rend","category_string":"Esk\u00fcv\u0151, Dekor\u00e1ci\u00f3, T\u00e1bla & Jelz\u00e9s","technic_string":"Fest\u00e9szet","category_1":"317","category_2":"907","category_3":"1269","category_4":"0","merged_category_1":null,"merged_category_2":null,"merged_category_3":null,"technic_1":"480","technic_2":"0","technic_3":"0","color_1":"513","color_2":"519","color_3":"521","product_description_old":null,"product_description":"Rendelhet\u0151 plexi t\u00e1bl\u00e1k a megrendel\u0151 ig\u00e9nyei szerint. \nV\u00e1laszthat\u00f3 m\u00e9retben, k\u00fcl\u00f6nb\u00f6z\u0151 sz\u00edn\u0171 h\u00e1tt\u00e9rrel, felirattal.\n\nAz alap\u00e1r festett h\u00e1tt\u00e9rrel, \u00fcltet\u00e9si rend felirattal \u00e9rtend\u0151.\nRendelhet\u0151 m\u00e9retek: 50x70cm, 50x100cm\n\nA k\u00e9pen l\u00e1that\u00f3 term\u00e9k m\u00e9rete: 50x100 cm\nB\u00e1rmilyen k\u00e9r\u00e9s, k\u00e9rd\u00e9s eset\u00e9n k\u00e9rlek keress minket bizalommal.\n","price":"15500.00","unit":"db","recommended":"0","status":"1","sponsored":"0","exp_notify":"0","own_material":"0","own_material_description_old":null,"own_material_description":"","jury":"0","jury_number":"","product_nature":"","meskaracsony":"0","create_date":"2026-04-29 03:58:05","shelve_id":"0","image":"apottyosbogre_product_436815_210914141510_621592.jpeg","image_width":"480","image_height":"480","image_alt":"Balatoni plexi t\u00e1bla -  \u00fcltet\u00e9si rend, Rendelhet\u0151 plexi t\u00e1bl\u00e1k a megrendel\u0151 ig\u00e9nyei szerint. \\nV\u00e1laszthat\u00f3 m\u00e9retben, k\u00fcl\u00f6nb\u00f6z\u0151 sz\u00edn\u0171 h\u00e1tt\u00e9rr..., Meska","image_title":"Balatoni plexi t\u00e1bla -  \u00fcltet\u00e9si rend, Meska","view_count":"1972","favourite_count":"0","trending_score":"0","last2MonthFavouriteCount":"0","promotion":"0","giftcard_accept":"0","creditcard_accept":false,"enhanced_background":"0","domain":"meska","specific_customer_id":null,"specific_customer_name":null,"to_order_product":"1","to_order_product_time":"20","product_different":"different","product_different_description":"A megrendel\u0151 ig\u00e9nyeit\u0151l f\u00fcgg\u0151en t\u00f6bb r\u00e9szletben is elt\u00e9rhet.","vintage":"0","vintage_category_id":"0","recycled":"0","gemstone_id":"0","customizable":"1","type_category":"physical","zerowaste":"0","postage_price":"2390.00","shop_order":"0","has_category":"1","landing_pages":null,"microdata":{"number":51,"category":""},"title":"Balatoni plexi t\u00e1bla -  \u00fcltet\u00e9si rend","description":"Rendelhet\u0151 plexi t\u00e1bl\u00e1k a megrendel\u0151 ig\u00e9nyei szerint. \nV\u00e1laszthat\u00f3 m\u00e9retben, k\u00fcl\u00f6nb\u00f6z\u0151 sz\u00edn\u0171 h\u00e1tt\u00e9rrel, felirattal.\n\nAz alap\u00e1r festett h\u00e1tt\u00e9rrel, \u00fcltet\u00e9si rend felirattal \u00e9rtend\u0151.\nRendelhet\u0151 m\u00e9retek: 50x70cm, 50x100cm\n\nA k\u00e9pen l\u00e1that\u00f3 term\u00e9k m\u00e9rete: 50x100 cm\nB\u00e1rmilyen k\u00e9r\u00e9s, k\u00e9rd\u00e9s eset\u00e9n k\u00e9rlek keress minket bizalommal.\n","score":0,"formatted_price":"15 500 Ft","image_url":"https:\/\/www.meska.hu\/img\/product\/small\/a\/p\/apottyosbogre_product_436815_210914141510_621592.jpeg","formatted_url":"https:\/\/www.meska.hu\/p4285237-balatoni-plexi-tabla-ultetesi-rend","favourite":false,"in_stock":false,"avatar":"apottyosbogre_avatar_436815_1623235575.jpg","delete_from":0,"is_enhanced_background":false,"is_enhanced":false,"product_selection_started":false,"is_active":true,"image_webp_url":"https:\/\/www.meska.hu\/img\/product\/small\/a\/p\/apottyosbogre_product_436815_210914141510_621592.webp"},{"id":"4835733","shop_id":"20784","user_id":"206083","shop_name":"lovassagi","shop_zip":"2119","product_code":"4980113","product_name_old":null,"product_name":"Volkswagen Bog\u00e1r","category_string":"Otthon & \u00c9letm\u00f3d, Dekor\u00e1ci\u00f3, K\u00e9p & Falik\u00e9p, K\u00e9pkeret","technic_string":"Fest\u00e9szet","category_1":"813","category_2":"314","category_3":"417","category_4":"418","merged_category_1":"0","merged_category_2":"0","merged_category_3":"785","technic_1":"480","technic_2":"0","technic_3":"0","color_1":"519","color_2":"520","color_3":"527","product_description_old":null,"product_description":"Fekete alkoholos filccel rajzolt VW Bog\u00e1r, fekete b\u00e1rsony-keretben.\n\nM\u00e9rete: 30 cm x 21 cm\n\nFalra is feltehet\u0151.\n\n(nekem tetszik. \u00c9s Neked?)\n\nMINDENF\u00c9LE SZ\u00cdN\u0170 FALON GY\u00d6NY\u00d6R\u0170EN MUTAT, FELDOBJA A HANGULATOT.\n\nHa k\u00e9red, hogy \"t\u00f6r\u00e9keny\" \u00e1ruk\u00e9nt post\u00e1zzam a csomagodat, akkor a megadott sz\u00e1ll\u00edt\u00e1si d\u00edjakon fel\u00fcl: \n- a Foxpost plusz 990.- Ft-ot k\u00e9r,\n- az MPL plusz 1910 Ft-ot k\u00e9r.\nV\u00e1s\u00e1rl\u00e1skor, k\u00e9rlek, jelezd nekem, hogy melyiket szeretn\u00e9d v\u00e1lasztani.\n","price":"4499.00","unit":"db","recommended":"0","status":"1","sponsored":"0","exp_notify":"0","own_material":"0","own_material_description_old":null,"own_material_description":"","jury":"0","jury_number":"","product_nature":"","meskaracsony":"0","create_date":"2026-04-29 02:57:59","shelve_id":"0","image":"lovassagi_product_206083_240607085415_919190.jpeg","image_width":"480","image_height":"660","image_alt":"Volkswagen Bog\u00e1r, Fekete alkoholos filccel rajzolt VW Bog\u00e1r, fekete b\u00e1rsony-keretben.\\n\\nM\u00e9rete: 30 cm x 21 cm\\n\\nFalra is..., Meska","image_title":"Volkswagen Bog\u00e1r, Meska","view_count":"986","favourite_count":"0","trending_score":"0","last2MonthFavouriteCount":"0","promotion":"0","giftcard_accept":"0","creditcard_accept":true,"enhanced_background":"0","domain":"meska","specific_customer_id":null,"specific_customer_name":null,"to_order_product":"0","to_order_product_time":"0","product_different":null,"product_different_description":"","vintage":"0","vintage_category_id":"0","recycled":"0","gemstone_id":"0","customizable":"0","type_category":"physical","zerowaste":"0","postage_price":"2390.00","shop_order":"0","has_category":"1","landing_pages":null,"microdata":{"number":52,"category":""},"title":"Volkswagen Bog\u00e1r","description":"Fekete alkoholos filccel rajzolt VW Bog\u00e1r, fekete b\u00e1rsony-keretben.\n\nM\u00e9rete: 30 cm x 21 cm\n\nFalra is feltehet\u0151.\n\n(nekem tetszik. \u00c9s Neked?)\n\nMINDENF\u00c9LE SZ\u00cdN\u0170 FALON GY\u00d6NY\u00d6R\u0170EN MUTAT, FELDOBJA A HANGULATOT.\n\nHa k\u00e9red, hogy \"t\u00f6r\u00e9keny\" \u00e1ruk\u00e9nt post\u00e1zzam a csomagodat, akkor a megadott sz\u00e1ll\u00edt\u00e1si d\u00edjakon fel\u00fcl: \n- a Foxpost plusz 990.- Ft-ot k\u00e9r,\n- az MPL plusz 1910 Ft-ot k\u00e9r.\nV\u00e1s\u00e1rl\u00e1skor, k\u00e9rlek, jelezd nekem, hogy melyiket szeretn\u00e9d v\u00e1lasztani.\n","score":0,"formatted_price":"4 499 Ft","image_url":"https:\/\/www.meska.hu\/img\/product\/small\/l\/o\/lovassagi_product_206083_240607085415_919190.jpeg","formatted_url":"https:\/\/www.meska.hu\/p4980113-volkswagen-bogar","favourite":false,"in_stock":true,"avatar":"lovassagi_avatar_206083.jpg","delete_from":0,"is_enhanced_background":false,"is_enhanced":false,"product_selection_started":false,"is_active":true,"image_webp_url":"https:\/\/www.meska.hu\/img\/product\/small\/l\/o\/lovassagi_product_206083_240607085415_919190.webp"},{"id":"3490701","shop_id":"28239","user_id":"348738","shop_name":"Dorakoreny","shop_zip":"1043","product_code":"3806832","product_name_old":null,"product_name":"\u0150zike - ecsetfilc festm\u00e9ny (nyomat)","category_string":"M\u0171v\u00e9szet, Festm\u00e9ny, Akvarell","technic_string":"Fest\u00e9szet","category_1":"357","category_2":"358","category_3":"360","category_4":"0","merged_category_1":"0","merged_category_2":"0","merged_category_3":"785","technic_1":"480","technic_2":"0","technic_3":"0","color_1":"514","color_2":"515","color_3":"519","product_description_old":null,"product_description":"\u0150zike - m\u0171v\u00e9szeti nyomat 190g-os pap\u00edron az eredeti ecsetfilc festm\u00e9ny alapj\u00e1n (gicl\u00e9e technik\u00e1val k\u00e9sz\u00fcl\u0151 sorsz\u00e1mozott m\u00e1solat).\n\nM\u00e9retek\nA5 - 21x14,8cm\nA4 - 29,7x21cm\nA3 - 42x29,7cm\n\nAz eredeti 13x21cm-es festm\u00e9ny szint\u00e9n megv\u00e1s\u00e1rolhat\u00f3\n\nKeret\nMinden k\u00e9p KERET N\u00c9LK\u00dcL ker\u00fcl post\u00e1z\u00e1sra.\n\nPost\u00e1z\u00e1s\nMinden festm\u00e9nyt \u00e9s nyomatot nagy gonddal t\u00f6bb r\u00e9teg hull\u00e1mkarton \u00e9s bubor\u00e9kf\u00f3li\u00e1s bor\u00edt\u00e9k v\u00e9d a sz\u00e1ll\u00edt\u00e1s sor\u00e1n.\nA k\u00e9peket lehet Foxpost csomagautomat\u00e1ba vagy h\u00e1zhozsz\u00e1ll\u00edt\u00e1ssal k\u00e9rni.\n\nEredetigazol\u00e1s\nMinden nyomat sz\u00e1mozott, amit eredetigazol\u00e1ssal \u00e9s al\u00e1\u00edr\u00e1ssal ell\u00e1tva post\u00e1zok!\n\nHa b\u00e1rmi k\u00e9rd\u00e9sed van, \u00edrj priv\u00e1t \u00fczenetet!\nD\u00f3ra\n","price":"6490.00","unit":"db","recommended":"0","status":"1","sponsored":"0","exp_notify":"0","own_material":"0","own_material_description_old":null,"own_material_description":"","jury":"0","jury_number":"","product_nature":"","meskaracsony":"0","create_date":"2026-04-29 02:57:59","shelve_id":"60285","image":"dorakoreny_product_348738_191031122129_988423.jpeg","image_width":"480","image_height":"314","image_alt":"\u0150zike - ecsetfilc festm\u00e9ny (nyomat), \u0150zike - m\u0171v\u00e9szeti nyomat 190g-os pap\u00edron az eredeti ecsetfilc festm\u00e9ny alapj\u00e1n (gicl\u00e9e technik\u00e1val k..., Meska","image_title":"\u0150zike - ecsetfilc festm\u00e9ny (nyomat), Meska","view_count":"4680","favourite_count":"0","trending_score":"0","last2MonthFavouriteCount":"0","promotion":"0","giftcard_accept":"1","creditcard_accept":true,"enhanced_background":"0","domain":"meska","specific_customer_id":null,"specific_customer_name":null,"to_order_product":"1","to_order_product_time":"7","product_different":"not_different","product_different_description":"","vintage":"0","vintage_category_id":"0","recycled":"0","gemstone_id":"0","customizable":"0","type_category":"physical","zerowaste":"0","postage_price":"1290.00","shop_order":"25","has_category":"1","landing_pages":null,"microdata":{"number":53,"category":""},"title":"\u0150zike - ecsetfilc festm\u00e9ny (nyomat)","description":"\u0150zike - m\u0171v\u00e9szeti nyomat 190g-os pap\u00edron az eredeti ecsetfilc festm\u00e9ny alapj\u00e1n (gicl\u00e9e technik\u00e1val k\u00e9sz\u00fcl\u0151 sorsz\u00e1mozott m\u00e1solat).\n\nM\u00e9retek\nA5 - 21x14,8cm\nA4 - 29,7x21cm\nA3 - 42x29,7cm\n\nAz eredeti 13x21cm-es festm\u00e9ny szint\u00e9n megv\u00e1s\u00e1rolhat\u00f3\n\nKeret\nMinden k\u00e9p KERET N\u00c9LK\u00dcL ker\u00fcl post\u00e1z\u00e1sra.\n\nPost\u00e1z\u00e1s\nMinden festm\u00e9nyt \u00e9s nyomatot nagy gonddal t\u00f6bb r\u00e9teg hull\u00e1mkarton \u00e9s bubor\u00e9kf\u00f3li\u00e1s bor\u00edt\u00e9k v\u00e9d a sz\u00e1ll\u00edt\u00e1s sor\u00e1n.\nA k\u00e9peket lehet Foxpost csomagautomat\u00e1ba vagy h\u00e1zhozsz\u00e1ll\u00edt\u00e1ssal k\u00e9rni.\n\nEredetigazol\u00e1s\nMinden nyomat sz\u00e1mozott, amit eredetigazol\u00e1ssal \u00e9s al\u00e1\u00edr\u00e1ssal ell\u00e1tva post\u00e1zok!\n\nHa b\u00e1rmi k\u00e9rd\u00e9sed van, \u00edrj priv\u00e1t \u00fczenetet!\nD\u00f3ra\n","score":0,"formatted_price":"6 490 Ft","image_url":"https:\/\/www.meska.hu\/img\/product\/small\/d\/o\/dorakoreny_product_348738_191031122129_988423.jpeg","formatted_url":"https:\/\/www.meska.hu\/p3806832-ozike-ecsetfilc-festmeny-nyomat","favourite":false,"in_stock":false,"avatar":"Dorakoreny_avatar_348738_1571779800.jpg","delete_from":0,"is_enhanced_background":false,"is_enhanced":false,"product_selection_started":false,"is_active":true,"image_webp_url":"https:\/\/www.meska.hu\/img\/product\/small\/d\/o\/dorakoreny_product_348738_191031122129_988423.webp"},{"id":"4835279","shop_id":"38157","user_id":"512329","shop_name":"Moonfly","shop_zip":"6100","product_code":"4979693","product_name_old":null,"product_name":"Macskafarsang t\u00e1ska","category_string":"T\u00e1ska & Tok, K\u00e9zit\u00e1ska & v\u00e1llt\u00e1ska, V\u00e1llt\u00e1ska","technic_string":"Fest\u00e9szet","category_1":"464","category_2":"471","category_3":"1033","category_4":"0","merged_category_1":null,"merged_category_2":null,"merged_category_3":null,"technic_1":"480","technic_2":"0","technic_3":"0","color_1":"534","color_2":"0","color_3":"0","product_description_old":null,"product_description":"Saj\u00e1t festm\u00e9nnyel d\u00edsz\u00edtett p\u00e1ntos, designer t\u00e1ska \"Macska - univerzum farsangkor\" c\u00edmmel. A macsk\u00e1k emberi oldal\u00e1t h\u00edvatott bemutatni. B\u0151vebb inform\u00e1ci\u00f3val az alkot\u00e1sr\u00f3l \u00fczenetben sz\u00edvesen szolg\u00e1lok.\n\nA t\u00e1ska min\u0151s\u00e9gi puha anyagb\u00f3l \u00e9s b\u00e9lelve k\u00e9sz\u00fcl, pamuthoz hasonl\u00f3 de nem azonos anyagb\u00f3l. Garant\u00e1ltam egyedi darab.","price":"10000.00","unit":"db","recommended":"0","status":"1","sponsored":"0","exp_notify":"0","own_material":"0","own_material_description_old":null,"own_material_description":"","jury":"0","jury_number":"","product_nature":"","meskaracsony":"0","create_date":"2026-04-29 01:57:55","shelve_id":"0","image":"moonfly_product_512329_230514222936_82252.jpeg","image_width":"480","image_height":"726","image_alt":"Macskafarsang t\u00e1ska, Saj\u00e1t festm\u00e9nnyel d\u00edsz\u00edtett p\u00e1ntos, designer t\u00e1ska \\\"Macska - univerzum farsangkor\\\" c\u00edmmel. A macsk\u00e1k..., Meska","image_title":"Macskafarsang t\u00e1ska, Meska","view_count":"903","favourite_count":"0","trending_score":"0","last2MonthFavouriteCount":"0","promotion":"0","giftcard_accept":"0","creditcard_accept":false,"enhanced_background":"0","domain":"meska","specific_customer_id":null,"specific_customer_name":null,"to_order_product":"1","to_order_product_time":"21","product_different":null,"product_different_description":"","vintage":"0","vintage_category_id":"0","recycled":"0","gemstone_id":"0","customizable":"0","type_category":"physical","zerowaste":"0","postage_price":"3500.00","shop_order":"0","has_category":"1","landing_pages":null,"microdata":{"number":54,"category":""},"title":"Macskafarsang t\u00e1ska","description":"Saj\u00e1t festm\u00e9nnyel d\u00edsz\u00edtett p\u00e1ntos, designer t\u00e1ska \"Macska - univerzum farsangkor\" c\u00edmmel. A macsk\u00e1k emberi oldal\u00e1t h\u00edvatott bemutatni. B\u0151vebb inform\u00e1ci\u00f3val az alkot\u00e1sr\u00f3l \u00fczenetben sz\u00edvesen szolg\u00e1lok.\n\nA t\u00e1ska min\u0151s\u00e9gi puha anyagb\u00f3l \u00e9s b\u00e9lelve k\u00e9sz\u00fcl, pamuthoz hasonl\u00f3 de nem azonos anyagb\u00f3l. Garant\u00e1ltam egyedi darab.","score":0,"formatted_price":"10 000 Ft","image_url":"https:\/\/www.meska.hu\/img\/product\/small\/m\/o\/moonfly_product_512329_230514222936_82252.jpeg","formatted_url":"https:\/\/www.meska.hu\/p4979693-macskafarsang-taska","favourite":false,"in_stock":false,"avatar":"512329_avatar_1746895092.png","delete_from":0,"is_enhanced_background":false,"is_enhanced":false,"product_selection_started":false,"is_active":true,"image_webp_url":"https:\/\/www.meska.hu\/img\/product\/small\/m\/o\/moonfly_product_512329_230514222936_82252.webp"},{"id":"6198291","shop_id":"52690","user_id":"780445","shop_name":"kisjulia","shop_zip":"5600","product_code":"5778226","product_name_old":null,"product_name":"Mag\u00e1nyos hatty\u00fa","category_string":"M\u0171v\u00e9szet, Festm\u00e9ny, Akril","technic_string":"Fest\u00e9szet","category_1":"357","category_2":"358","category_3":"359","category_4":"0","merged_category_1":null,"merged_category_2":null,"merged_category_3":null,"technic_1":"480","technic_2":"0","technic_3":"0","color_1":"519","color_2":"521","color_3":"529","product_description_old":null,"product_description":"30*40 cm-es akril festm\u00e9ny","price":"20000.00","unit":"db","recommended":"0","status":"1","sponsored":"0","exp_notify":"0","own_material":"0","own_material_description_old":null,"own_material_description":"","jury":"0","jury_number":"","product_nature":"","meskaracsony":"0","create_date":"2026-04-28 22:10:42","shelve_id":"0","image":"kisjulia_product_780445_260428220807_693522.jpeg","image_width":"480","image_height":"360","image_alt":"Mag\u00e1nyos hatty\u00fa, 30*40 cm-es akril festm\u00e9ny, Meska","image_title":"Mag\u00e1nyos hatty\u00fa, Meska","view_count":"9","favourite_count":"0","trending_score":"0","last2MonthFavouriteCount":"0","promotion":"0","giftcard_accept":"0","creditcard_accept":true,"enhanced_background":"0","domain":"meska","specific_customer_id":null,"specific_customer_name":null,"to_order_product":"0","to_order_product_time":"0","product_different":null,"product_different_description":"","vintage":"0","vintage_category_id":"0","recycled":"0","gemstone_id":"0","customizable":"0","type_category":"physical","zerowaste":"0","postage_price":"1290.00","shop_order":"0","has_category":"1","landing_pages":null,"microdata":{"number":55,"category":""},"title":"Mag\u00e1nyos hatty\u00fa","description":"30*40 cm-es akril festm\u00e9ny","score":0,"formatted_price":"20 000 Ft","image_url":"https:\/\/www.meska.hu\/img\/product\/small\/k\/i\/kisjulia_product_780445_260428220807_693522.jpeg","formatted_url":"https:\/\/www.meska.hu\/p5778226-maganyos-hattyu","favourite":false,"in_stock":true,"avatar":"780445_avatar_1777404068.jpeg","delete_from":0,"is_enhanced_background":false,"is_enhanced":false,"product_selection_started":false,"is_active":true,"image_webp_url":"https:\/\/www.meska.hu\/img\/product\/small\/k\/i\/kisjulia_product_780445_260428220807_693522.webp"},{"id":"6198288","shop_id":"52690","user_id":"780445","shop_name":"kisjulia","shop_zip":"5600","product_code":"5778224","product_name_old":null,"product_name":"Sz\u00ednes cs\u00f3nak","category_string":"M\u0171v\u00e9szet, Festm\u00e9ny, Akril","technic_string":"Fest\u00e9szet","category_1":"357","category_2":"358","category_3":"359","category_4":"0","merged_category_1":null,"merged_category_2":null,"merged_category_3":null,"technic_1":"480","technic_2":"0","technic_3":"0","color_1":"521","color_2":"523","color_3":"526","product_description_old":null,"product_description":"40*50 cm, akril festm\u00e9ny","price":"30000.00","unit":"db","recommended":"0","status":"1","sponsored":"0","exp_notify":"0","own_material":"0","own_material_description_old":null,"own_material_description":"","jury":"0","jury_number":"","product_nature":"","meskaracsony":"0","create_date":"2026-04-28 22:07:29","shelve_id":"0","image":"kisjulia_product_780445_260428220333_283648.jpeg","image_width":"480","image_height":"360","image_alt":"Sz\u00ednes cs\u00f3nak, 40*50 cm, akril festm\u00e9ny, Meska","image_title":"Sz\u00ednes cs\u00f3nak, Meska","view_count":"7","favourite_count":"0","trending_score":"0","last2MonthFavouriteCount":"0","promotion":"0","giftcard_accept":"0","creditcard_accept":true,"enhanced_background":"0","domain":"meska","specific_customer_id":null,"specific_customer_name":null,"to_order_product":"0","to_order_product_time":"0","product_different":null,"product_different_description":"","vintage":"0","vintage_category_id":"0","recycled":"0","gemstone_id":"0","customizable":"0","type_category":"physical","zerowaste":"0","postage_price":"1290.00","shop_order":"0","has_category":"1","landing_pages":null,"microdata":{"number":56,"category":""},"title":"Sz\u00ednes cs\u00f3nak","description":"40*50 cm, akril festm\u00e9ny","score":0,"formatted_price":"30 000 Ft","image_url":"https:\/\/www.meska.hu\/img\/product\/small\/k\/i\/kisjulia_product_780445_260428220333_283648.jpeg","formatted_url":"https:\/\/www.meska.hu\/p5778224-szines-csonak","favourite":false,"in_stock":true,"avatar":"780445_avatar_1777404068.jpeg","delete_from":0,"is_enhanced_background":false,"is_enhanced":false,"product_selection_started":false,"is_active":true,"image_webp_url":"https:\/\/www.meska.hu\/img\/product\/small\/k\/i\/kisjulia_product_780445_260428220333_283648.webp"},{"id":"6198284","shop_id":"52690","user_id":"780445","shop_name":"kisjulia","shop_zip":"5600","product_code":"5778220","product_name_old":null,"product_name":"Afrikai alkony","category_string":"M\u0171v\u00e9szet, Festm\u00e9ny, Akril","technic_string":"Fest\u00e9szet","category_1":"357","category_2":"358","category_3":"359","category_4":"0","merged_category_1":null,"merged_category_2":null,"merged_category_3":null,"technic_1":"480","technic_2":"0","technic_3":"0","color_1":"520","color_2":"568","color_3":"523","product_description_old":null,"product_description":"30*40 cm akril festm\u00e9ny fesz\u00edtett v\u00e1szonra","price":"20000.00","unit":"db","recommended":"0","status":"1","sponsored":"0","exp_notify":"0","own_material":"0","own_material_description_old":null,"own_material_description":"","jury":"0","jury_number":"","product_nature":"","meskaracsony":"0","create_date":"2026-04-28 22:01:16","shelve_id":"0","image":"kisjulia_product_780445_260428215816_678111.jpeg","image_width":"480","image_height":"360","image_alt":"Afrikai alkony, 30*40 cm akril festm\u00e9ny fesz\u00edtett v\u00e1szonra, Meska","image_title":"Afrikai alkony, Meska","view_count":"12","favourite_count":"0","trending_score":"0","last2MonthFavouriteCount":"0","promotion":"0","giftcard_accept":"0","creditcard_accept":true,"enhanced_background":"0","domain":"meska","specific_customer_id":null,"specific_customer_name":null,"to_order_product":"0","to_order_product_time":"0","product_different":null,"product_different_description":"","vintage":"0","vintage_category_id":"0","recycled":"0","gemstone_id":"0","customizable":"0","type_category":"physical","zerowaste":"0","postage_price":"1290.00","shop_order":"0","has_category":"1","landing_pages":null,"microdata":{"number":57,"category":""},"title":"Afrikai alkony","description":"30*40 cm akril festm\u00e9ny fesz\u00edtett v\u00e1szonra","score":0,"formatted_price":"20 000 Ft","image_url":"https:\/\/www.meska.hu\/img\/product\/small\/k\/i\/kisjulia_product_780445_260428215816_678111.jpeg","formatted_url":"https:\/\/www.meska.hu\/p5778220-afrikai-alkony","favourite":false,"in_stock":true,"avatar":"780445_avatar_1777404068.jpeg","delete_from":0,"is_enhanced_background":false,"is_enhanced":false,"product_selection_started":false,"is_active":true,"image_webp_url":"https:\/\/www.meska.hu\/img\/product\/small\/k\/i\/kisjulia_product_780445_260428215816_678111.webp"},{"id":"5267244","shop_id":"40880","user_id":"347234","shop_name":"CsodaorszagMandala","shop_zip":"6750","product_code":"5247930","product_name_old":null,"product_name":"Om jeles pontozott mandala","category_string":"Otthon & \u00c9letm\u00f3d, Dekor\u00e1ci\u00f3, Spiritualit\u00e1s, Mandala","technic_string":"Fest\u00e9szet","category_1":"813","category_2":"314","category_3":"1478","category_4":"948","merged_category_1":null,"merged_category_2":null,"merged_category_3":null,"technic_1":"480","technic_2":"0","technic_3":"0","color_1":"522","color_2":"525","color_3":"0","product_description_old":null,"product_description":"Fesz\u00edtett v\u00e1szonra k\u00e9sz\u00fclt egyedi, akrilfest\u00e9kkel pontozott mandala.\n\nM\u00e9ret: 20x20 cm\n\nA mandala k\u00f6zep\u00e9re egy OM jelet rajzoltam, mely spiritu\u00e1lis hindu szimb\u00f3lum, a vil\u00e1gegyetem alaprezg\u00e9se. Az \"aum\" mantra seg\u00edt minket lelki b\u00e9k\u00e9nk megteremt\u00e9s\u00e9ben.\nA k\u00e9p gy\u00f6ny\u00f6r\u0171en csillog, \u00e9s m\u00e1r-m\u00e1r kiugrik a h\u00e1tt\u00e9rb\u0151l, hiszen csakis met\u00e1l fest\u00e9keket haszn\u00e1ltam. A f\u00e9mes hat\u00e1s\u00fa lila paszta teszi a k\u00e9pet teljess\u00e9!","price":"11000.00","unit":"db","recommended":"0","status":"1","sponsored":"0","exp_notify":"0","own_material":"0","own_material_description_old":null,"own_material_description":"","jury":"0","jury_number":"","product_nature":"","meskaracsony":"0","create_date":"2026-04-28 21:55:40","shelve_id":"73759","image":"csodaorszagmandala_product_347234_240316010918_599415.jpeg","image_width":"480","image_height":"483","image_alt":"Om jeles pontozott mandala, Fesz\u00edtett v\u00e1szonra k\u00e9sz\u00fclt egyedi, akrilfest\u00e9kkel pontozott mandala.\\n\\nM\u00e9ret: 20x20 cm\\n\\nA mandala k\u00f6z..., Meska","image_title":"Om jeles pontozott mandala, Meska","view_count":"761","favourite_count":"0","trending_score":"0","last2MonthFavouriteCount":"0","promotion":"0","giftcard_accept":"0","creditcard_accept":true,"enhanced_background":"0","domain":"meska","specific_customer_id":null,"specific_customer_name":null,"to_order_product":"1","to_order_product_time":"5","product_different":null,"product_different_description":"","vintage":"0","vintage_category_id":"0","recycled":"0","gemstone_id":"0","customizable":"0","type_category":"physical","zerowaste":"0","postage_price":"2390.00","shop_order":"123","has_category":"1","landing_pages":null,"microdata":{"number":58,"category":""},"title":"Om jeles pontozott mandala","description":"Fesz\u00edtett v\u00e1szonra k\u00e9sz\u00fclt egyedi, akrilfest\u00e9kkel pontozott mandala.\n\nM\u00e9ret: 20x20 cm\n\nA mandala k\u00f6zep\u00e9re egy OM jelet rajzoltam, mely spiritu\u00e1lis hindu szimb\u00f3lum, a vil\u00e1gegyetem alaprezg\u00e9se. Az \"aum\" mantra seg\u00edt minket lelki b\u00e9k\u00e9nk megteremt\u00e9s\u00e9ben.\nA k\u00e9p gy\u00f6ny\u00f6r\u0171en csillog, \u00e9s m\u00e1r-m\u00e1r kiugrik a h\u00e1tt\u00e9rb\u0151l, hiszen csakis met\u00e1l fest\u00e9keket haszn\u00e1ltam. A f\u00e9mes hat\u00e1s\u00fa lila paszta teszi a k\u00e9pet teljess\u00e9!","score":0,"formatted_price":"11 000 Ft","image_url":"https:\/\/www.meska.hu\/img\/product\/small\/c\/s\/csodaorszagmandala_product_347234_240316010918_599415.jpeg","formatted_url":"https:\/\/www.meska.hu\/p5247930-om-jeles-pontozott-mandala","favourite":false,"in_stock":false,"avatar":"347234_avatar_1754563267.jpeg","delete_from":0,"is_enhanced_background":false,"is_enhanced":false,"product_selection_started":false,"is_active":true,"image_webp_url":"https:\/\/www.meska.hu\/img\/product\/small\/c\/s\/csodaorszagmandala_product_347234_240316010918_599415.webp"},{"id":"3400219","shop_id":"7767","user_id":"34210","shop_name":"hermareszdekor","shop_zip":"4551","product_code":"3053738","product_name_old":null,"product_name":"\u00c9vszak t\u00e1bla 12 h\u00f3nap","category_string":"Otthon & \u00c9letm\u00f3d, Dekor\u00e1ci\u00f3, K\u00e9p & Falik\u00e9p, T\u00e1blak\u00e9p","technic_string":"Famegmunk\u00e1l\u00e1s, Fest\u00e9szet","category_1":"813","category_2":"314","category_3":"417","category_4":"951","merged_category_1":"0","merged_category_2":"0","merged_category_3":"785","technic_1":"478","technic_2":"480","technic_3":"0","color_1":"534","color_2":"0","color_3":"0","product_description_old":null,"product_description":"Hermaresz dekor\n\n\nF\u00e1b\u00f3l k\u00e9sz\u00fclt k\u00e9zzel festett \u00f3ri\u00e1s falik\u00e9p\n\n\nSz\u00e9p egyszer\u0171 alkalmas \u00f6r\u00f6k dekor\u00e1ci\u00f3 \u00f3vod\u00e1kba \u00e9s iskolai tanterembe is.\n\n\nAz \u00f3ri\u00e1sk\u00e9p 3mm vastags\u00e1g\u00fa falemezb\u0151l k\u00e9sz\u00fclt egyedileg k\u00e9zzel festve.\n\n\nT\u00f6bbsz\u00f6r\u00f6sen le van lakkozva!\n\n\nM\u00e9rete:120x120cm\n\n\nK\u00e9r\u00e9sre m\u00e1s mint\u00e1val is elk\u00e9sz\u00edtem!\n\n\nMEGRENDEL\u00c9SRE K\u00c9SZ\u00cdTEM 15 MUNKANAP ALATT (EL\u0150FORDULHAT HOGY VAN K\u00c9SZLETEN AKKOR EZ AZ ID\u0150 LER\u00d6VID\u00dcL,B\u00c1TRAN K\u00c9RDEZZ!)\n\nK\u00c9RLEK LICIT\u00c1L\u00c1SKOR VEDD FIGYELEMBE.\n\n\na V\u00c9TEL\u00c1RAT 3 MUNKANAPON BEL\u00dcL K\u00c9REM ,VAGY EL\u0150ZETES EGYEZTET\u00c9S UT\u00c1N VAN LEHET\u0150S\u00c9G HALASZT\u00c1SRA.\n\n\nPOSTA A Magyar posta d\u00edjszab\u00e1s\u00e1nak megfelel\u0151en, kiz\u00e1r\u00f3lag el\u0151re utal\u00e1s ut\u00e1n!\n\n\nNem standard postai csomagban tudom k\u00fcldeni!\n\n\nSZEM\u00c9LYESEN NY\u00cdREGYH\u00c1Z\u00c1N VEHET\u0150 \u00c1T!\n\n\nN\u00c9ZZ SZ\u00c9T N\u00c1LAM SOK TERM\u00c9KET T\u00d6LT\u00d6K FEL!\n\n\nS\u00e1mli, gyerekszobai \u00f3ra, magass\u00e1gm\u00e9r\u0151, kincsesl\u00e1da stb...\n","price":"45000.00","unit":"csomag","recommended":"0","status":"1","sponsored":"0","exp_notify":"0","own_material":"0","own_material_description_old":null,"own_material_description":"","jury":"0","jury_number":"","product_nature":"","meskaracsony":"0","create_date":"2026-04-28 21:55:31","shelve_id":"19657","image":"hermareszdekor_product_34210_180206115745_10635.jpeg","image_width":"480","image_height":"360","image_alt":"\u00c9vszak t\u00e1bla 12 h\u00f3nap, Hermaresz dekor\\n\\n\\nF\u00e1b\u00f3l k\u00e9sz\u00fclt k\u00e9zzel festett \u00f3ri\u00e1s falik\u00e9p\\n\\n\\nSz\u00e9p egyszer\u0171 alkalmas \u00f6r\u00f6k dekor\u00e1ci\u00f3..., Meska","image_title":"\u00c9vszak t\u00e1bla 12 h\u00f3nap, Meska","view_count":"2682","favourite_count":"0","trending_score":"0","last2MonthFavouriteCount":"0","promotion":"0","giftcard_accept":"1","creditcard_accept":false,"enhanced_background":"0","domain":"meska","specific_customer_id":null,"specific_customer_name":null,"to_order_product":"1","to_order_product_time":"10","product_different":"quite_different","product_different_description":"K\u00e9zzel festve!!!!","vintage":"0","vintage_category_id":"0","recycled":"0","gemstone_id":"0","customizable":"0","type_category":"physical","zerowaste":"0","postage_price":"6000.00","shop_order":"0","has_category":"1","landing_pages":null,"microdata":{"number":59,"category":""},"title":"\u00c9vszak t\u00e1bla 12 h\u00f3nap","description":"Hermaresz dekor\n\n\nF\u00e1b\u00f3l k\u00e9sz\u00fclt k\u00e9zzel festett \u00f3ri\u00e1s falik\u00e9p\n\n\nSz\u00e9p egyszer\u0171 alkalmas \u00f6r\u00f6k dekor\u00e1ci\u00f3 \u00f3vod\u00e1kba \u00e9s iskolai tanterembe is.\n\n\nAz \u00f3ri\u00e1sk\u00e9p 3mm vastags\u00e1g\u00fa falemezb\u0151l k\u00e9sz\u00fclt egyedileg k\u00e9zzel festve.\n\n\nT\u00f6bbsz\u00f6r\u00f6sen le van lakkozva!\n\n\nM\u00e9rete:120x120cm\n\n\nK\u00e9r\u00e9sre m\u00e1s mint\u00e1val is elk\u00e9sz\u00edtem!\n\n\nMEGRENDEL\u00c9SRE K\u00c9SZ\u00cdTEM 15 MUNKANAP ALATT (EL\u0150FORDULHAT HOGY VAN K\u00c9SZLETEN AKKOR EZ AZ ID\u0150 LER\u00d6VID\u00dcL,B\u00c1TRAN K\u00c9RDEZZ!)\n\nK\u00c9RLEK LICIT\u00c1L\u00c1SKOR VEDD FIGYELEMBE.\n\n\na V\u00c9TEL\u00c1RAT 3 MUNKANAPON BEL\u00dcL K\u00c9REM ,VAGY EL\u0150ZETES EGYEZTET\u00c9S UT\u00c1N VAN LEHET\u0150S\u00c9G HALASZT\u00c1SRA.\n\n\nPOSTA A Magyar posta d\u00edjszab\u00e1s\u00e1nak megfelel\u0151en, kiz\u00e1r\u00f3lag el\u0151re utal\u00e1s ut\u00e1n!\n\n\nNem standard postai csomagban tudom k\u00fcldeni!\n\n\nSZEM\u00c9LYESEN NY\u00cdREGYH\u00c1Z\u00c1N VEHET\u0150 \u00c1T!\n\n\nN\u00c9ZZ SZ\u00c9T N\u00c1LAM SOK TERM\u00c9KET T\u00d6LT\u00d6K FEL!\n\n\nS\u00e1mli, gyerekszobai \u00f3ra, magass\u00e1gm\u00e9r\u0151, kincsesl\u00e1da stb...\n","score":0,"formatted_price":"45 000 Ft","image_url":"https:\/\/www.meska.hu\/img\/product\/small\/h\/e\/hermareszdekor_product_34210_180206115745_10635.jpeg","formatted_url":"https:\/\/www.meska.hu\/p3053738-evszak-tabla-12-honap","favourite":false,"in_stock":false,"avatar":"hermareszdekor_avatar_34210_1535693442.jpg","delete_from":0,"is_enhanced_background":false,"is_enhanced":false,"product_selection_started":false,"is_active":true,"image_webp_url":"https:\/\/www.meska.hu\/img\/product\/small\/h\/e\/hermareszdekor_product_34210_180206115745_10635.webp"},{"id":"6059784","shop_id":"33770","user_id":"434189","shop_name":"Geriwood","shop_zip":"4936","product_code":"5695385","product_name_old":null,"product_name":"Alien faragott fa 3d fali\u00f3ra","category_string":"Otthon & \u00c9letm\u00f3d, Dekor\u00e1ci\u00f3, Fali \u00e9s f\u00fcgg\u0151 dekor\u00e1ci\u00f3, Fali\u00f3ra & \u00f3ra","technic_string":"Famegmunk\u00e1l\u00e1s, Fest\u00e9szet","category_1":"813","category_2":"314","category_3":"1470","category_4":"414","merged_category_1":null,"merged_category_2":null,"merged_category_3":null,"technic_1":"478","technic_2":"480","technic_3":"0","color_1":"514","color_2":"0","color_3":"0","product_description_old":null,"product_description":"Ez a f\u00e1b\u00f3l faragott 3D fali\u00f3ra egyedi \u00e9s st\u00edlusos d\u00edsze lesz otthonodnak. \nA term\u00e9szetes fa anyag \u00e9s farag\u00e1s adja az \u00f3ra egyedis\u00e9g\u00e9t. \n\nCnc farag\u00e1ssal k\u00e9sz\u00fclt.\nAnyaga b\u00fckkfa, mely lazurral van kezelve \u00e9s lakkoz\u00e1st is kap hogy m\u00e9g ellen\u00e1ll\u00f3bb legyen.\nAz \u00f3raszerkezet \u00e9s az akaszt\u00f3 is tartoz\u00e9ka az \u00f3r\u00e1nak.\nCsendes, nem kattog a szerkezet.\n\nM\u00e9retei: 23 cm \u00e1tm\u00e9r\u0151j\u0171 \n               1.5 cm vastags\u00e1g\u00fa \n\n\nSz\u00e1ll\u00edt\u00e1s:\nAz \u00f3ra gondosan csomagolva ker\u00fcl sz\u00e1ll\u00edt\u00e1sra, hogy elker\u00fclj\u00fck a s\u00e9r\u00fcl\u00e9seket.\n\nA fizet\u00e9s el\u0151re utal\u00e1ssal t\u00f6rt\u00e9nik.\n\nSz\u00e1llit\u00e1sa: Fox post, Gls, \u00e9s post\u00e1val ","price":"17990.00","unit":"db","recommended":"0","status":"1","sponsored":"0","exp_notify":"0","own_material":"0","own_material_description_old":null,"own_material_description":"","jury":"0","jury_number":"","product_nature":"","meskaracsony":"0","create_date":"2026-04-28 20:55:07","shelve_id":"0","image":"geriwood_product_434189_251229201012_570970.jpeg","image_width":"480","image_height":"480","image_alt":"Alien faragott fa 3d fali\u00f3ra, Ez a f\u00e1b\u00f3l faragott 3D fali\u00f3ra egyedi \u00e9s st\u00edlusos d\u00edsze lesz otthonodnak. \\nA term\u00e9szetes fa anyag \u00e9s..., Meska","image_title":"Alien faragott fa 3d fali\u00f3ra, Meska","view_count":"102","favourite_count":"0","trending_score":"0","last2MonthFavouriteCount":"0","promotion":"0","giftcard_accept":"0","creditcard_accept":false,"enhanced_background":"0","domain":"meska","specific_customer_id":null,"specific_customer_name":null,"to_order_product":"1","to_order_product_time":"5","product_different":null,"product_different_description":"","vintage":"0","vintage_category_id":"0","recycled":"0","gemstone_id":"0","customizable":"0","type_category":"physical","zerowaste":"0","postage_price":"1290.00","shop_order":"0","has_category":"1","landing_pages":null,"microdata":{"number":60,"category":""},"title":"Alien faragott fa 3d fali\u00f3ra","description":"Ez a f\u00e1b\u00f3l faragott 3D fali\u00f3ra egyedi \u00e9s st\u00edlusos d\u00edsze lesz otthonodnak. \nA term\u00e9szetes fa anyag \u00e9s farag\u00e1s adja az \u00f3ra egyedis\u00e9g\u00e9t. \n\nCnc farag\u00e1ssal k\u00e9sz\u00fclt.\nAnyaga b\u00fckkfa, mely lazurral van kezelve \u00e9s lakkoz\u00e1st is kap hogy m\u00e9g ellen\u00e1ll\u00f3bb legyen.\nAz \u00f3raszerkezet \u00e9s az akaszt\u00f3 is tartoz\u00e9ka az \u00f3r\u00e1nak.\nCsendes, nem kattog a szerkezet.\n\nM\u00e9retei: 23 cm \u00e1tm\u00e9r\u0151j\u0171 \n               1.5 cm vastags\u00e1g\u00fa \n\n\nSz\u00e1ll\u00edt\u00e1s:\nAz \u00f3ra gondosan csomagolva ker\u00fcl sz\u00e1ll\u00edt\u00e1sra, hogy elker\u00fclj\u00fck a s\u00e9r\u00fcl\u00e9seket.\n\nA fizet\u00e9s el\u0151re utal\u00e1ssal t\u00f6rt\u00e9nik.\n\nSz\u00e1llit\u00e1sa: Fox post, Gls, \u00e9s post\u00e1val ","score":0,"formatted_price":"17 990 Ft","image_url":"https:\/\/www.meska.hu\/img\/product\/small\/g\/e\/geriwood_product_434189_251229201012_570970.jpeg","formatted_url":"https:\/\/www.meska.hu\/p5695385-alien-faragott-fa-3d-faliora","favourite":false,"in_stock":false,"avatar":"Geriwood_avatar_434189_1683986742.jpg","delete_from":0,"is_enhanced_background":false,"is_enhanced":false,"product_selection_started":false,"is_active":true,"image_webp_url":"https:\/\/www.meska.hu\/img\/product\/small\/g\/e\/geriwood_product_434189_251229201012_570970.webp"},{"id":"6059768","shop_id":"33770","user_id":"434189","shop_name":"Geriwood","shop_zip":"4936","product_code":"5695371","product_name_old":null,"product_name":"Medv\u00e9s faragott fa 3d fali\u00f3ra","category_string":"Otthon & \u00c9letm\u00f3d, Dekor\u00e1ci\u00f3, Fali \u00e9s f\u00fcgg\u0151 dekor\u00e1ci\u00f3, Fali\u00f3ra & \u00f3ra","technic_string":"Famegmunk\u00e1l\u00e1s, Fest\u00e9szet","category_1":"813","category_2":"314","category_3":"1470","category_4":"414","merged_category_1":null,"merged_category_2":null,"merged_category_3":null,"technic_1":"478","technic_2":"480","technic_3":"0","color_1":"514","color_2":"0","color_3":"0","product_description_old":null,"product_description":"Ez a f\u00e1b\u00f3l faragott 3D fali\u00f3ra egyedi \u00e9s st\u00edlusos d\u00edsze lesz otthonodnak. \nA term\u00e9szetes fa anyag \u00e9s farag\u00e1s adja az \u00f3ra egyedis\u00e9g\u00e9t. \n\nCnc farag\u00e1ssal k\u00e9sz\u00fclt.\nAnyaga b\u00fckkfa, mely lazurral van kezelve \u00e9s lakkoz\u00e1st is kap hogy m\u00e9g ellen\u00e1ll\u00f3bb legyen.\nAz \u00f3raszerkezet \u00e9s az akaszt\u00f3 is tartoz\u00e9ka az \u00f3r\u00e1nak.\nCsendes, nem kattog a szerkezet.\n\nM\u00e9retei: 23 cm \u00e1tm\u00e9r\u0151j\u0171 \n               1.5 cm vastags\u00e1g\u00fa \n\n\nSz\u00e1ll\u00edt\u00e1s:\nAz \u00f3ra gondosan csomagolva ker\u00fcl sz\u00e1ll\u00edt\u00e1sra, hogy elker\u00fclj\u00fck a s\u00e9r\u00fcl\u00e9seket.\n\nA fizet\u00e9s el\u0151re utal\u00e1ssal t\u00f6rt\u00e9nik.\n\nSz\u00e1llit\u00e1sa: Fox post, Gls, \u00e9s post\u00e1val ","price":"17990.00","unit":"db","recommended":"0","status":"1","sponsored":"0","exp_notify":"0","own_material":"0","own_material_description_old":null,"own_material_description":"","jury":"0","jury_number":"","product_nature":"","meskaracsony":"0","create_date":"2026-04-28 19:54:50","shelve_id":"0","image":"geriwood_product_434189_251229194543_80546.jpeg","image_width":"480","image_height":"480","image_alt":"Medv\u00e9s faragott fa 3d fali\u00f3ra, Ez a f\u00e1b\u00f3l faragott 3D fali\u00f3ra egyedi \u00e9s st\u00edlusos d\u00edsze lesz otthonodnak. \\nA term\u00e9szetes fa anyag \u00e9s..., Meska","image_title":"Medv\u00e9s faragott fa 3d fali\u00f3ra, Meska","view_count":"96","favourite_count":"0","trending_score":"0","last2MonthFavouriteCount":"0","promotion":"0","giftcard_accept":"0","creditcard_accept":false,"enhanced_background":"0","domain":"meska","specific_customer_id":null,"specific_customer_name":null,"to_order_product":"1","to_order_product_time":"5","product_different":null,"product_different_description":"","vintage":"0","vintage_category_id":"0","recycled":"0","gemstone_id":"0","customizable":"0","type_category":"physical","zerowaste":"0","postage_price":"1290.00","shop_order":"0","has_category":"1","landing_pages":null,"microdata":{"number":61,"category":""},"title":"Medv\u00e9s faragott fa 3d fali\u00f3ra","description":"Ez a f\u00e1b\u00f3l faragott 3D fali\u00f3ra egyedi \u00e9s st\u00edlusos d\u00edsze lesz otthonodnak. \nA term\u00e9szetes fa anyag \u00e9s farag\u00e1s adja az \u00f3ra egyedis\u00e9g\u00e9t. \n\nCnc farag\u00e1ssal k\u00e9sz\u00fclt.\nAnyaga b\u00fckkfa, mely lazurral van kezelve \u00e9s lakkoz\u00e1st is kap hogy m\u00e9g ellen\u00e1ll\u00f3bb legyen.\nAz \u00f3raszerkezet \u00e9s az akaszt\u00f3 is tartoz\u00e9ka az \u00f3r\u00e1nak.\nCsendes, nem kattog a szerkezet.\n\nM\u00e9retei: 23 cm \u00e1tm\u00e9r\u0151j\u0171 \n               1.5 cm vastags\u00e1g\u00fa \n\n\nSz\u00e1ll\u00edt\u00e1s:\nAz \u00f3ra gondosan csomagolva ker\u00fcl sz\u00e1ll\u00edt\u00e1sra, hogy elker\u00fclj\u00fck a s\u00e9r\u00fcl\u00e9seket.\n\nA fizet\u00e9s el\u0151re utal\u00e1ssal t\u00f6rt\u00e9nik.\n\nSz\u00e1llit\u00e1sa: Fox post, Gls, \u00e9s post\u00e1val ","score":0,"formatted_price":"17 990 Ft","image_url":"https:\/\/www.meska.hu\/img\/product\/small\/g\/e\/geriwood_product_434189_251229194543_80546.jpeg","formatted_url":"https:\/\/www.meska.hu\/p5695371-medves-faragott-fa-3d-faliora","favourite":false,"in_stock":false,"avatar":"Geriwood_avatar_434189_1683986742.jpg","delete_from":0,"is_enhanced_background":false,"is_enhanced":false,"product_selection_started":false,"is_active":true,"image_webp_url":"https:\/\/www.meska.hu\/img\/product\/small\/g\/e\/geriwood_product_434189_251229194543_80546.webp"},{"id":"6059750","shop_id":"33770","user_id":"434189","shop_name":"Geriwood","shop_zip":"4936","product_code":"5695363","product_name_old":null,"product_name":"Stranger things faragott fa 3d fali\u00f3ra","category_string":"Otthon & \u00c9letm\u00f3d, Dekor\u00e1ci\u00f3, Fali \u00e9s f\u00fcgg\u0151 dekor\u00e1ci\u00f3, Fali\u00f3ra & \u00f3ra","technic_string":"Famegmunk\u00e1l\u00e1s, Fest\u00e9szet","category_1":"813","category_2":"314","category_3":"1470","category_4":"414","merged_category_1":null,"merged_category_2":null,"merged_category_3":null,"technic_1":"478","technic_2":"480","technic_3":"0","color_1":"514","color_2":"0","color_3":"0","product_description_old":null,"product_description":"Ez a f\u00e1b\u00f3l faragott 3D fali\u00f3ra egyedi \u00e9s st\u00edlusos d\u00edsze lesz otthonodnak. \nA term\u00e9szetes fa anyag \u00e9s farag\u00e1s adja az \u00f3ra egyedis\u00e9g\u00e9t. \n\nCnc farag\u00e1ssal k\u00e9sz\u00fclt.\nAnyaga b\u00fckkfa, mely lazurral van kezelve \u00e9s lakkoz\u00e1st is kap hogy m\u00e9g ellen\u00e1ll\u00f3bb legyen.\nAz \u00f3raszerkezet \u00e9s az akaszt\u00f3 is tartoz\u00e9ka az \u00f3r\u00e1nak.\nCsendes, nem kattog a szerkezet.\n\nM\u00e9retei: 23 cm \u00e1tm\u00e9r\u0151j\u0171 \n               1.5 cm vastags\u00e1g\u00fa \n\n\nSz\u00e1ll\u00edt\u00e1s:\nAz \u00f3ra gondosan csomagolva ker\u00fcl sz\u00e1ll\u00edt\u00e1sra, hogy elker\u00fclj\u00fck a s\u00e9r\u00fcl\u00e9seket.\n\nA fizet\u00e9s el\u0151re utal\u00e1ssal t\u00f6rt\u00e9nik.\n\nSz\u00e1llit\u00e1sa: Fox post, Gls, \u00e9s post\u00e1val ","price":"17990.00","unit":"db","recommended":"0","status":"1","sponsored":"0","exp_notify":"0","own_material":"0","own_material_description_old":null,"own_material_description":"","jury":"0","jury_number":"","product_nature":"","meskaracsony":"0","create_date":"2026-04-28 19:54:46","shelve_id":"0","image":"geriwood_product_434189_251229185640_003514.jpeg","image_width":"480","image_height":"479","image_alt":"Stranger things faragott fa 3d fali\u00f3ra, Ez a f\u00e1b\u00f3l faragott 3D fali\u00f3ra egyedi \u00e9s st\u00edlusos d\u00edsze lesz otthonodnak. \\nA term\u00e9szetes fa anyag \u00e9s..., Meska","image_title":"Stranger things faragott fa 3d fali\u00f3ra, Meska","view_count":"193","favourite_count":"0","trending_score":"0","last2MonthFavouriteCount":"0","promotion":"0","giftcard_accept":"0","creditcard_accept":false,"enhanced_background":"0","domain":"meska","specific_customer_id":null,"specific_customer_name":null,"to_order_product":"1","to_order_product_time":"5","product_different":null,"product_different_description":"","vintage":"0","vintage_category_id":"0","recycled":"0","gemstone_id":"0","customizable":"0","type_category":"physical","zerowaste":"0","postage_price":"1290.00","shop_order":"0","has_category":"1","landing_pages":null,"microdata":{"number":62,"category":""},"title":"Stranger things faragott fa 3d fali\u00f3ra","description":"Ez a f\u00e1b\u00f3l faragott 3D fali\u00f3ra egyedi \u00e9s st\u00edlusos d\u00edsze lesz otthonodnak. \nA term\u00e9szetes fa anyag \u00e9s farag\u00e1s adja az \u00f3ra egyedis\u00e9g\u00e9t. \n\nCnc farag\u00e1ssal k\u00e9sz\u00fclt.\nAnyaga b\u00fckkfa, mely lazurral van kezelve \u00e9s lakkoz\u00e1st is kap hogy m\u00e9g ellen\u00e1ll\u00f3bb legyen.\nAz \u00f3raszerkezet \u00e9s az akaszt\u00f3 is tartoz\u00e9ka az \u00f3r\u00e1nak.\nCsendes, nem kattog a szerkezet.\n\nM\u00e9retei: 23 cm \u00e1tm\u00e9r\u0151j\u0171 \n               1.5 cm vastags\u00e1g\u00fa \n\n\nSz\u00e1ll\u00edt\u00e1s:\nAz \u00f3ra gondosan csomagolva ker\u00fcl sz\u00e1ll\u00edt\u00e1sra, hogy elker\u00fclj\u00fck a s\u00e9r\u00fcl\u00e9seket.\n\nA fizet\u00e9s el\u0151re utal\u00e1ssal t\u00f6rt\u00e9nik.\n\nSz\u00e1llit\u00e1sa: Fox post, Gls, \u00e9s post\u00e1val ","score":0,"formatted_price":"17 990 Ft","image_url":"https:\/\/www.meska.hu\/img\/product\/small\/g\/e\/geriwood_product_434189_251229185640_003514.jpeg","formatted_url":"https:\/\/www.meska.hu\/p5695363-stranger-things-faragott-fa-3d-faliora","favourite":false,"in_stock":false,"avatar":"Geriwood_avatar_434189_1683986742.jpg","delete_from":0,"is_enhanced_background":false,"is_enhanced":false,"product_selection_started":false,"is_active":true,"image_webp_url":"https:\/\/www.meska.hu\/img\/product\/small\/g\/e\/geriwood_product_434189_251229185640_003514.webp"},{"id":"6059769","shop_id":"45615","user_id":"639679","shop_name":"KataArtAndDecor","shop_zip":"9400","product_code":"5695372","product_name_old":null,"product_name":"K\u00e9zzel festett, k\u00e9toldalas t\u00e1bla,  3D felirat falusi sz\u00e1ll\u00e1sokba, nyaral\u00f3ba, vend\u00e9gh\u00e1zba, airbnb-be, lak\u00e1d-\u00e9s h\u00e1zavat\u00f3ra","category_string":"Otthon & \u00c9letm\u00f3d, Dekor\u00e1ci\u00f3, Ajt\u00f3- \u00e9s ablak dekor\u00e1ci\u00f3, Ajt\u00f3t\u00e1bla","technic_string":"Fest\u00e9szet, Festett t\u00e1rgyak","category_1":"813","category_2":"314","category_3":"1468","category_4":"1469","merged_category_1":null,"merged_category_2":null,"merged_category_3":null,"technic_1":"480","technic_2":"481","technic_3":"0","color_1":"521","color_2":"527","color_3":"534","product_description_old":null,"product_description":"A k\u00e9zzel k\u00e9sz\u00fclt f\u00fcrd\u0151 t\u00e1bla t\u00f6k\u00e9letes p\u00e9lda arra, hogyan tal\u00e1lkozik a funkcionalit\u00e1s, a kreativit\u00e1s \u00e9s a k\u00f6rnyezettudatoss\u00e1g egyetlen dekor\u00e1ci\u00f3s elemben. Ha szereted az egyedi, k\u00e9zm\u0171ves lak\u00e1sdekor\u00e1ci\u00f3kat, ez a darab garant\u00e1ltan mosolyt csal a haszn\u00e1l\u00f3k arc\u00e1ra.\n\nMi\u00e9rt k\u00fcl\u00f6nleges ez a f\u00fcrd\u0151szoba ajt\u00f3t\u00e1bla?\n- Fenntarthat\u00f3 alapanyag \u2013 \u00fajrahasznos\u00edtott lamin\u00e1lt parketta\n- K\u00e9zzel festett, egyedi megjelen\u00e9s\n- K\u00e9toldalas kivitel \u2013 Foglalt \/ Szabad felirattal\n- Praktikus \u00e9s dekorat\u00edv megold\u00e1s egyszerre\n\n\n\n\u2728 Term\u00e9k jellemz\u0151i:\n\nK\u00f6rnyezetbar\u00e1t, fenntarthat\u00f3 dekor\u00e1ci\u00f3\n\nK\u00f6rben romantikus csipk\u00e9s szalaggal d\u00edsz\u00edtve\n\nAnyaga: \u00fajrahasznos\u00edtott lamin\u00e1lt parketta\n\nK\u00e9zzel festett egyedi darab\n\n3D felirattal \n\n\nIde\u00e1lis v\u00e1laszt\u00e1s:\n\nBej\u00e1rati ajt\u00f3 dekor\u00e1ci\u00f3k\u00e9nt\n\nVend\u00e9gh\u00e1z\/nyaral\u00f3 dekor\u00e1ci\u00f3\n\nAirbnb vend\u00e9gv\u00e1r\u00f3 kieg\u00e9sz\u00edt\u0151k\u00e9nt\n\nFalusi turizmus sz\u00e1ll\u00e1shely\u00e9n \u00fcdv\u00f6zl\u0151t\u00e1blak\u00e9nt polcon, el\u0151szob\u00e1ban, falon. \n\nKedves aj\u00e1nd\u00e9knak\nbar\u00e1toknak, csal\u00e1dnak, lak\u00e1savat\u00f3ra.\n\n\u00c1tm\u00e9r\u0151: 19 cm\n\nSz\u00e1ll\u00edt\u00e1s:\n\nBiztons\u00e1gosan csomagolva, s\u00e9r\u00fcl\u00e9smentesen \u00e9rkezik.\n\nMi\u00e9rt v\u00e1laszd?\n\u2714 T\u00f6k\u00e9letes aj\u00e1nd\u00e9k\u00f6tlet\n\u2714 Kedves \u00e9s vend\u00e9gv\u00e1r\u00f3 \u00fczenet\n\u2714 Egyedi, k\u00e9zm\u0171ves munka\n\u2714 K\u00f6rnyezettudatos, \u00fajrahasznos\u00edtott alapanyagb\u00f3l\n\n\n\nRendeld meg most, \u00e9s tedd k\u00fcl\u00f6nlegess\u00e9 az \u00e9rkez\u00e9s pillanat\u00e1t!","price":"7000.00","unit":"db","recommended":"0","status":"1","sponsored":"0","exp_notify":"0","own_material":"0","own_material_description_old":null,"own_material_description":"","jury":"0","jury_number":"","product_nature":"","meskaracsony":"0","create_date":"2026-04-28 19:54:46","shelve_id":"0","image":"kataartanddecor_product_639679_251229193644_84378.jpeg","image_width":"480","image_height":"635","image_alt":"K\u00e9zzel festett, k\u00e9toldalas t\u00e1bla,  3D felirat falusi sz\u00e1ll\u00e1sokba, nyaral\u00f3ba, vend\u00e9gh\u00e1zba, airbnb-be, lak\u00e1d-\u00e9s h\u00e1zavat\u00f3ra, A k\u00e9zzel k\u00e9sz\u00fclt f\u00fcrd\u0151 t\u00e1bla t\u00f6k\u00e9letes p\u00e9lda arra, hogyan tal\u00e1lkozik a funkcionalit\u00e1s, a kreativit\u00e1s..., Meska","image_title":"K\u00e9zzel festett, k\u00e9toldalas t\u00e1bla,  3D felirat falusi sz\u00e1ll\u00e1sokba, nyaral\u00f3ba, vend\u00e9gh\u00e1zba, airbnb-be, lak\u00e1d-\u00e9s h\u00e1zavat\u00f3ra, Meska","view_count":"102","favourite_count":"0","trending_score":"0","last2MonthFavouriteCount":"0","promotion":"0","giftcard_accept":"0","creditcard_accept":true,"enhanced_background":"0","domain":"meska","specific_customer_id":null,"specific_customer_name":null,"to_order_product":"1","to_order_product_time":"10","product_different":null,"product_different_description":"","vintage":"0","vintage_category_id":"0","recycled":"1","gemstone_id":"0","customizable":"1","type_category":"physical","zerowaste":"0","postage_price":"2390.00","shop_order":"0","has_category":"1","landing_pages":null,"microdata":{"number":63,"category":""},"title":"K\u00e9zzel festett, k\u00e9toldalas t\u00e1bla,  3D felirat falusi sz\u00e1ll\u00e1sokba, nyaral\u00f3ba, vend\u00e9gh\u00e1zba, airbnb-be, lak\u00e1d-\u00e9s h\u00e1zavat\u00f3ra","description":"A k\u00e9zzel k\u00e9sz\u00fclt f\u00fcrd\u0151 t\u00e1bla t\u00f6k\u00e9letes p\u00e9lda arra, hogyan tal\u00e1lkozik a funkcionalit\u00e1s, a kreativit\u00e1s \u00e9s a k\u00f6rnyezettudatoss\u00e1g egyetlen dekor\u00e1ci\u00f3s elemben. Ha szereted az egyedi, k\u00e9zm\u0171ves lak\u00e1sdekor\u00e1ci\u00f3kat, ez a darab garant\u00e1ltan mosolyt csal a haszn\u00e1l\u00f3k arc\u00e1ra.\n\nMi\u00e9rt k\u00fcl\u00f6nleges ez a f\u00fcrd\u0151szoba ajt\u00f3t\u00e1bla?\n- Fenntarthat\u00f3 alapanyag \u2013 \u00fajrahasznos\u00edtott lamin\u00e1lt parketta\n- K\u00e9zzel festett, egyedi megjelen\u00e9s\n- K\u00e9toldalas kivitel \u2013 Foglalt \/ Szabad felirattal\n- Praktikus \u00e9s dekorat\u00edv megold\u00e1s egyszerre\n\n\n\n\u2728 Term\u00e9k jellemz\u0151i:\n\nK\u00f6rnyezetbar\u00e1t, fenntarthat\u00f3 dekor\u00e1ci\u00f3\n\nK\u00f6rben romantikus csipk\u00e9s szalaggal d\u00edsz\u00edtve\n\nAnyaga: \u00fajrahasznos\u00edtott lamin\u00e1lt parketta\n\nK\u00e9zzel festett egyedi darab\n\n3D felirattal \n\n\nIde\u00e1lis v\u00e1laszt\u00e1s:\n\nBej\u00e1rati ajt\u00f3 dekor\u00e1ci\u00f3k\u00e9nt\n\nVend\u00e9gh\u00e1z\/nyaral\u00f3 dekor\u00e1ci\u00f3\n\nAirbnb vend\u00e9gv\u00e1r\u00f3 kieg\u00e9sz\u00edt\u0151k\u00e9nt\n\nFalusi turizmus sz\u00e1ll\u00e1shely\u00e9n \u00fcdv\u00f6zl\u0151t\u00e1blak\u00e9nt polcon, el\u0151szob\u00e1ban, falon. \n\nKedves aj\u00e1nd\u00e9knak\nbar\u00e1toknak, csal\u00e1dnak, lak\u00e1savat\u00f3ra.\n\n\u00c1tm\u00e9r\u0151: 19 cm\n\nSz\u00e1ll\u00edt\u00e1s:\n\nBiztons\u00e1gosan csomagolva, s\u00e9r\u00fcl\u00e9smentesen \u00e9rkezik.\n\nMi\u00e9rt v\u00e1laszd?\n\u2714 T\u00f6k\u00e9letes aj\u00e1nd\u00e9k\u00f6tlet\n\u2714 Kedves \u00e9s vend\u00e9gv\u00e1r\u00f3 \u00fczenet\n\u2714 Egyedi, k\u00e9zm\u0171ves munka\n\u2714 K\u00f6rnyezettudatos, \u00fajrahasznos\u00edtott alapanyagb\u00f3l\n\n\n\nRendeld meg most, \u00e9s tedd k\u00fcl\u00f6nlegess\u00e9 az \u00e9rkez\u00e9s pillanat\u00e1t!","score":0,"formatted_price":"7 000 Ft","image_url":"https:\/\/www.meska.hu\/img\/product\/small\/k\/a\/kataartanddecor_product_639679_251229193644_84378.jpeg","formatted_url":"https:\/\/www.meska.hu\/p5695372-kezzel-festett-ketoldalas-tabla-3d-felirat-falusi-szallasokba-nyaraloba-vendeghazba-airbnb-be-lakad-es-hazavatora","favourite":false,"in_stock":false,"avatar":"639679_avatar_1755797000.png","delete_from":0,"is_enhanced_background":false,"is_enhanced":false,"product_selection_started":false,"is_active":true,"image_webp_url":"https:\/\/www.meska.hu\/img\/product\/small\/k\/a\/kataartanddecor_product_639679_251229193644_84378.webp"},{"id":"5907663","shop_id":"21890","user_id":"233361","shop_name":"MolnARTIlcsi","shop_zip":"2071","product_code":"5613659","product_name_old":null,"product_name":"Joker 2 - Pfffff...","category_string":"M\u0171v\u00e9szet, Festm\u00e9ny, Akvarell","technic_string":"Fest\u00e9szet","category_1":"357","category_2":"358","category_3":"360","category_4":"0","merged_category_1":null,"merged_category_2":null,"merged_category_3":null,"technic_1":"480","technic_2":"0","technic_3":"0","color_1":"520","color_2":"523","color_3":"529","product_description_old":null,"product_description":"25 x 38 cm m\u00e9ret\u0171 r\u00e9tegelt falapon \/1,8 cm \/  akril fest\u00e9s.B.Moln\u00e1r Ilcsi munka, eredeti k\u00e9zi fest\u00e9s eredeti p\u00e9ld\u00e1nya, a f\u0151 alak elk\u00e9pzel\u00e9s\u00e9t \u00e9s fest\u00e9s\u00e9t a film inspir\u00e1lta.\n\nA keretez\u00e9st nem ig\u00e9nyel.\nSzem\u00e9lyes \u00e1tv\u00e9tel Budapesten a XII.ker\u00fcleti m\u0171helyemben lehet\u00e9sges .\n\nMiel\u0151tt kos\u00e1rba teszed \u00edrj \u00fczenetet, mert lehets\u00e9ges, hogy a val\u00f3 \u00e9letben m\u00e1r megv\u00e1s\u00e1rolt alkot\u00e1som, csak itt m\u00e9g nem futott \u00e1t a rendszeren ! K\u00f6sz\u00f6n\u00f6m :) ","price":"50000.00","unit":"db","recommended":"0","status":"1","sponsored":"0","exp_notify":"0","own_material":"0","own_material_description_old":null,"own_material_description":"","jury":"0","jury_number":"","product_nature":"","meskaracsony":"0","create_date":"2026-04-28 19:06:56","shelve_id":"0","image":"molnartilcsi_product_233361_250831155039_85353.png","image_width":"480","image_height":"488","image_alt":"Joker 2 - Pfffff..., 25 x 38 cm m\u00e9ret\u0171 r\u00e9tegelt falapon \/1,8 cm \/  akril fest\u00e9s.B.Moln\u00e1r Ilcsi munka, eredeti k\u00e9zi fest\u00e9s..., Meska","image_title":"Joker 2 - Pfffff..., Meska","view_count":"135","favourite_count":"0","trending_score":"0","last2MonthFavouriteCount":"0","promotion":"0","giftcard_accept":"0","creditcard_accept":false,"enhanced_background":"0","domain":"meska","specific_customer_id":null,"specific_customer_name":null,"to_order_product":"0","to_order_product_time":"0","product_different":null,"product_different_description":"","vintage":"0","vintage_category_id":"0","recycled":"1","gemstone_id":"0","customizable":"0","type_category":"physical","zerowaste":"0","postage_price":"5000.00","shop_order":"1","has_category":"1","landing_pages":null,"microdata":{"number":64,"category":""},"title":"Joker 2 - Pfffff...","description":"25 x 38 cm m\u00e9ret\u0171 r\u00e9tegelt falapon \/1,8 cm \/  akril fest\u00e9s.B.Moln\u00e1r Ilcsi munka, eredeti k\u00e9zi fest\u00e9s eredeti p\u00e9ld\u00e1nya, a f\u0151 alak elk\u00e9pzel\u00e9s\u00e9t \u00e9s fest\u00e9s\u00e9t a film inspir\u00e1lta.\n\nA keretez\u00e9st nem ig\u00e9nyel.\nSzem\u00e9lyes \u00e1tv\u00e9tel Budapesten a XII.ker\u00fcleti m\u0171helyemben lehet\u00e9sges .\n\nMiel\u0151tt kos\u00e1rba teszed \u00edrj \u00fczenetet, mert lehets\u00e9ges, hogy a val\u00f3 \u00e9letben m\u00e1r megv\u00e1s\u00e1rolt alkot\u00e1som, csak itt m\u00e9g nem futott \u00e1t a rendszeren ! K\u00f6sz\u00f6n\u00f6m :) ","score":0,"formatted_price":"50 000 Ft","image_url":"https:\/\/www.meska.hu\/img\/product\/small\/m\/o\/molnartilcsi_product_233361_250831155039_85353.png","formatted_url":"https:\/\/www.meska.hu\/p5613659-joker-2-pfffff","favourite":false,"in_stock":true,"avatar":"MolnARTIlcsi_avatar_233361_1657524590.jpg","delete_from":0,"is_enhanced_background":false,"is_enhanced":false,"product_selection_started":false,"is_active":true,"image_webp_url":"https:\/\/www.meska.hu\/img\/product\/small\/m\/o\/molnartilcsi_product_233361_250831155039_85353.webp"},{"id":"1951837","shop_id":"21890","user_id":"233361","shop_name":"MolnARTIlcsi","shop_zip":"2071","product_code":"4633343","product_name_old":null,"product_name":"Vir\u00e1gok es\u0151ben ","category_string":"M\u0171v\u00e9szet, Festm\u00e9ny, Akril","technic_string":"Fest\u00e9szet","category_1":"357","category_2":"358","category_3":"359","category_4":"0","merged_category_1":null,"merged_category_2":null,"merged_category_3":null,"technic_1":"480","technic_2":"0","technic_3":"0","color_1":"521","color_2":"568","color_3":"529","product_description_old":null,"product_description":"\nLeg\u00fajabb fest\u00e9sem egy sz\u00ednes hangulatk\u00e9p, 38 x 53 cm-es faroston, akril fest\u00e9s, fest\u0151k\u00e9ssel.\nC\u00edmk\u00e9k: festm\u00e9ny, akril, n\u00f6v\u00e9nyek, design.\n\nEgyedi hangulat \u00e9s design:) \n\n( a keret digit\u00e1lis, a keretez\u00e9st az \u00faj tulajdonos\u00e1nak az \u00edzl\u00e9s\u00e9re b\u00edzom ) \n\nMIEL\u0150TT KOS\u00c1RBA TESZED, \u00cdRJ \u00dcZIT ! LEHET, HOGY M\u00c1R A VAL\u00d3 VIL\u00c1GBAN ELKELT, \u00c9S AZ \u00c1TFED\u00c9S CSAK P\u00c1R \u00d3RA... BESZ\u00c9LJ\u00dcNK, MIEL\u0150TT MEGV\u00c1S\u00c1ROLOD ! \n","price":"40000.00","unit":"db","recommended":"0","status":"1","sponsored":"0","exp_notify":"0","own_material":"0","own_material_description_old":null,"own_material_description":"","jury":"0","jury_number":"","product_nature":"","meskaracsony":"0","create_date":"2026-04-28 19:06:51","shelve_id":"0","image":"molnartilcsi_product_233361_180515150655_180217.jpeg","image_width":"480","image_height":"646","image_alt":"Vir\u00e1gok es\u0151ben , \\nLeg\u00fajabb fest\u00e9sem egy sz\u00ednes hangulatk\u00e9p, 38 x 53 cm-es faroston, akril fest\u00e9s, fest\u0151k\u00e9ssel.\\nC\u00edmk\u00e9k..., Meska","image_title":"Vir\u00e1gok es\u0151ben , Meska","view_count":"1104","favourite_count":"0","trending_score":"0","last2MonthFavouriteCount":"0","promotion":"0","giftcard_accept":"0","creditcard_accept":false,"enhanced_background":"0","domain":"meska","specific_customer_id":null,"specific_customer_name":null,"to_order_product":"0","to_order_product_time":"0","product_different":null,"product_different_description":"","vintage":"0","vintage_category_id":"0","recycled":"0","gemstone_id":"0","customizable":"0","type_category":"physical","zerowaste":"0","postage_price":"5000.00","shop_order":"1","has_category":"1","landing_pages":null,"microdata":{"number":65,"category":""},"title":"Vir\u00e1gok es\u0151ben ","description":"\nLeg\u00fajabb fest\u00e9sem egy sz\u00ednes hangulatk\u00e9p, 38 x 53 cm-es faroston, akril fest\u00e9s, fest\u0151k\u00e9ssel.\nC\u00edmk\u00e9k: festm\u00e9ny, akril, n\u00f6v\u00e9nyek, design.\n\nEgyedi hangulat \u00e9s design:) \n\n( a keret digit\u00e1lis, a keretez\u00e9st az \u00faj tulajdonos\u00e1nak az \u00edzl\u00e9s\u00e9re b\u00edzom ) \n\nMIEL\u0150TT KOS\u00c1RBA TESZED, \u00cdRJ \u00dcZIT ! LEHET, HOGY M\u00c1R A VAL\u00d3 VIL\u00c1GBAN ELKELT, \u00c9S AZ \u00c1TFED\u00c9S CSAK P\u00c1R \u00d3RA... BESZ\u00c9LJ\u00dcNK, MIEL\u0150TT MEGV\u00c1S\u00c1ROLOD ! \n","score":0,"formatted_price":"40 000 Ft","image_url":"https:\/\/www.meska.hu\/img\/product\/small\/m\/o\/molnartilcsi_product_233361_180515150655_180217.jpeg","formatted_url":"https:\/\/www.meska.hu\/p4633343-viragok-esoben","favourite":false,"in_stock":true,"avatar":"MolnARTIlcsi_avatar_233361_1657524590.jpg","delete_from":0,"is_enhanced_background":false,"is_enhanced":false,"product_selection_started":false,"is_active":true,"image_webp_url":"https:\/\/www.meska.hu\/img\/product\/small\/m\/o\/molnartilcsi_product_233361_180515150655_180217.webp"},{"id":"2039438","shop_id":"21890","user_id":"233361","shop_name":"MolnARTIlcsi","shop_zip":"2071","product_code":"4633344","product_name_old":null,"product_name":"Ny\u00e1ri v\u00e1ros Holdlenyugv\u00e1sa ","category_string":"M\u0171v\u00e9szet, Festm\u00e9ny, Akril","technic_string":"Fest\u00e9szet","category_1":"357","category_2":"358","category_3":"359","category_4":"0","merged_category_1":null,"merged_category_2":null,"merged_category_3":null,"technic_1":"480","technic_2":"0","technic_3":"0","color_1":"519","color_2":"520","color_3":"521","product_description_old":null,"product_description":"72 x 40 cm-es b\u00fatorlapon akril fest\u00e9s, lakk fed\u0151r\u00e9teg.\n\nA festm\u00e9ny \u00e9rdekess\u00e9ge, hogy eszk\u00f6z\u00f6ket most nem haszn\u00e1ltam, ez val\u00f3ban k\u00e9zi :) fest\u00e9s, ez\u00e9rt az \u00e9rdekes text\u00fara \u00e9s sok sok t\u00f3nus :) \n\nC\u00edmk\u00e9k: festm\u00e9ny, akril, t\u00e1j, hangulatk\u00e9p, design.\n\nMIEL\u0150TT KOS\u00c1RBA TESZED, \u00cdRJ \u00dcZIT ! LEHET, HOGY M\u00c1R A VAL\u00d3 VIL\u00c1GBAN ELKELT, \u00c9S AZ \u00c1TFED\u00c9S CSAK P\u00c1R \u00d3RA... BESZ\u00c9LJ\u00dcNK, MIEL\u0150TT MEGV\u00c1S\u00c1ROLOD ! ","price":"70000.00","unit":"db","recommended":"0","status":"1","sponsored":"0","exp_notify":"0","own_material":"0","own_material_description_old":null,"own_material_description":"","jury":"0","jury_number":"","product_nature":"","meskaracsony":"0","create_date":"2026-04-28 19:06:47","shelve_id":"0","image":"molnartilcsi_product_233361_180922135945_856193.jpeg","image_width":"480","image_height":"267","image_alt":"Ny\u00e1ri v\u00e1ros Holdlenyugv\u00e1sa , 72 x 40 cm-es b\u00fatorlapon akril fest\u00e9s, lakk fed\u0151r\u00e9teg.\\n\\nA festm\u00e9ny \u00e9rdekess\u00e9ge, hogy eszk\u00f6z\u00f6ket most..., Meska","image_title":"Ny\u00e1ri v\u00e1ros Holdlenyugv\u00e1sa , Meska","view_count":"1104","favourite_count":"0","trending_score":"0","last2MonthFavouriteCount":"0","promotion":"0","giftcard_accept":"0","creditcard_accept":false,"enhanced_background":"0","domain":"meska","specific_customer_id":null,"specific_customer_name":null,"to_order_product":"0","to_order_product_time":"0","product_different":null,"product_different_description":"","vintage":"0","vintage_category_id":"0","recycled":"0","gemstone_id":"0","customizable":"0","type_category":"physical","zerowaste":"0","postage_price":"5000.00","shop_order":"1","has_category":"1","landing_pages":null,"microdata":{"number":66,"category":""},"title":"Ny\u00e1ri v\u00e1ros Holdlenyugv\u00e1sa ","description":"72 x 40 cm-es b\u00fatorlapon akril fest\u00e9s, lakk fed\u0151r\u00e9teg.\n\nA festm\u00e9ny \u00e9rdekess\u00e9ge, hogy eszk\u00f6z\u00f6ket most nem haszn\u00e1ltam, ez val\u00f3ban k\u00e9zi :) fest\u00e9s, ez\u00e9rt az \u00e9rdekes text\u00fara \u00e9s sok sok t\u00f3nus :) \n\nC\u00edmk\u00e9k: festm\u00e9ny, akril, t\u00e1j, hangulatk\u00e9p, design.\n\nMIEL\u0150TT KOS\u00c1RBA TESZED, \u00cdRJ \u00dcZIT ! LEHET, HOGY M\u00c1R A VAL\u00d3 VIL\u00c1GBAN ELKELT, \u00c9S AZ \u00c1TFED\u00c9S CSAK P\u00c1R \u00d3RA... BESZ\u00c9LJ\u00dcNK, MIEL\u0150TT MEGV\u00c1S\u00c1ROLOD ! ","score":0,"formatted_price":"70 000 Ft","image_url":"https:\/\/www.meska.hu\/img\/product\/small\/m\/o\/molnartilcsi_product_233361_180922135945_856193.jpeg","formatted_url":"https:\/\/www.meska.hu\/p4633344-nyari-varos-holdlenyugvasa","favourite":false,"in_stock":true,"avatar":"MolnARTIlcsi_avatar_233361_1657524590.jpg","delete_from":0,"is_enhanced_background":false,"is_enhanced":false,"product_selection_started":false,"is_active":true,"image_webp_url":"https:\/\/www.meska.hu\/img\/product\/small\/m\/o\/molnartilcsi_product_233361_180922135945_856193.webp"},{"id":"2324267","shop_id":"21890","user_id":"233361","shop_name":"MolnARTIlcsi","shop_zip":"2071","product_code":"4633345","product_name_old":null,"product_name":"\u0150szi sz\u00e9lben vid\u00e1man ","category_string":"M\u0171v\u00e9szet, Festm\u00e9ny, Akril","technic_string":"Fest\u00e9szet","category_1":"357","category_2":"358","category_3":"359","category_4":"0","merged_category_1":null,"merged_category_2":null,"merged_category_3":null,"technic_1":"480","technic_2":"0","technic_3":"0","color_1":"520","color_2":"521","color_3":"568","product_description_old":null,"product_description":"\nVid\u00e1mkodjunk kicsit, sz\u00ednesen :),  sz\u00e9p hangulata lesz a faladnak, ha \u0151t v\u00e1lasztod ! :) \n\nEz a fest\u00e9sem 36 x 75 cm-es farostra k\u00e9sz\u00fclt akril fest\u00e9kkel, gesso alapon, fest\u0151k\u00e9ssel, lakk fed\u0151r\u00e9teget kapott.\n\nA keret digit\u00e1lis, \u00e1m a m\u00e9ret \u00e9s a farost miatt  a keretez\u00e9st ig\u00e9nyli mindenk\u00e9ppen.\n\nMIEL\u0150TT KOS\u00c1RBA TESZED, \u00cdRJ \u00dcZIT ! LEHET, HOGY M\u00c1R A VAL\u00d3 VIL\u00c1GBAN ELKELT, \u00c9S AZ \u00c1TFED\u00c9S CSAK P\u00c1R \u00d3RA... BESZ\u00c9LJ\u00dcNK, MIEL\u0150TT MEGV\u00c1S\u00c1ROLOD ! ","price":"50000.00","unit":"db","recommended":"0","status":"1","sponsored":"0","exp_notify":"0","own_material":"0","own_material_description_old":null,"own_material_description":"","jury":"0","jury_number":"","product_nature":"","meskaracsony":"0","create_date":"2026-04-28 19:06:41","shelve_id":"0","image":"molnartilcsi_product_233361_190906124701_564945.jpeg","image_width":"480","image_height":"558","image_alt":"\u0150szi sz\u00e9lben vid\u00e1man , \\nVid\u00e1mkodjunk kicsit, sz\u00ednesen :),  sz\u00e9p hangulata lesz a faladnak, ha \u0151t v\u00e1lasztod ! :) \\n\\nEz a fest..., Meska","image_title":"\u0150szi sz\u00e9lben vid\u00e1man , Meska","view_count":"1174","favourite_count":"0","trending_score":"0","last2MonthFavouriteCount":"0","promotion":"0","giftcard_accept":"0","creditcard_accept":false,"enhanced_background":"0","domain":"meska","specific_customer_id":null,"specific_customer_name":null,"to_order_product":"0","to_order_product_time":"0","product_different":null,"product_different_description":"","vintage":"0","vintage_category_id":"0","recycled":"0","gemstone_id":"0","customizable":"0","type_category":"physical","zerowaste":"0","postage_price":"5000.00","shop_order":"1","has_category":"1","landing_pages":null,"microdata":{"number":67,"category":""},"title":"\u0150szi sz\u00e9lben vid\u00e1man ","description":"\nVid\u00e1mkodjunk kicsit, sz\u00ednesen :),  sz\u00e9p hangulata lesz a faladnak, ha \u0151t v\u00e1lasztod ! :) \n\nEz a fest\u00e9sem 36 x 75 cm-es farostra k\u00e9sz\u00fclt akril fest\u00e9kkel, gesso alapon, fest\u0151k\u00e9ssel, lakk fed\u0151r\u00e9teget kapott.\n\nA keret digit\u00e1lis, \u00e1m a m\u00e9ret \u00e9s a farost miatt  a keretez\u00e9st ig\u00e9nyli mindenk\u00e9ppen.\n\nMIEL\u0150TT KOS\u00c1RBA TESZED, \u00cdRJ \u00dcZIT ! LEHET, HOGY M\u00c1R A VAL\u00d3 VIL\u00c1GBAN ELKELT, \u00c9S AZ \u00c1TFED\u00c9S CSAK P\u00c1R \u00d3RA... BESZ\u00c9LJ\u00dcNK, MIEL\u0150TT MEGV\u00c1S\u00c1ROLOD ! ","score":0,"formatted_price":"50 000 Ft","image_url":"https:\/\/www.meska.hu\/img\/product\/small\/m\/o\/molnartilcsi_product_233361_190906124701_564945.jpeg","formatted_url":"https:\/\/www.meska.hu\/p4633345-oszi-szelben-vidaman","favourite":false,"in_stock":true,"avatar":"MolnARTIlcsi_avatar_233361_1657524590.jpg","delete_from":0,"is_enhanced_background":false,"is_enhanced":false,"product_selection_started":false,"is_active":true,"image_webp_url":"https:\/\/www.meska.hu\/img\/product\/small\/m\/o\/molnartilcsi_product_233361_190906124701_564945.webp"},{"id":"5642512","shop_id":"21890","user_id":"233361","shop_name":"MolnARTIlcsi","shop_zip":"2071","product_code":"5463743","product_name_old":null,"product_name":"Galaxis sorozat - Gondolkodjunk ","category_string":"M\u0171v\u00e9szet, Festm\u00e9ny, Akril","technic_string":"Fest\u00e9szet","category_1":"357","category_2":"358","category_3":"359","category_4":"0","merged_category_1":null,"merged_category_2":null,"merged_category_3":null,"technic_1":"480","technic_2":"0","technic_3":"0","color_1":"512","color_2":"519","color_3":"534","product_description_old":null,"product_description":"A val\u00f3 \u00e9letben is megtal\u00e1lhat\u00f3ak ezek az alkot\u00e1sok, a most nem \u00edrhatom le hol van :) gal\u00e9ri\u00e1csk\u00e1mban, MOST IDE IS ELHOZTAM. \n\n\n20 x 30 cm*es kas\u00edrozott v\u00e1szonlapon akril fest\u00e9s, B.Moln\u00e1r Ilcsi alkot\u00e1s, egy t\u00e9ma \u00fajragondol\u00e1sa m\u00e1s m\u00e9retben \u00e9s m\u00e1s viv\u0151fel\u00fcleten.\nA keret digit\u00e1lis prezentci\u00f3, az \u00faj tulajdonos\u00e1nak \u00edzl\u00e9s\u00e9re b\u00edzom a keret kiv\u00e1laszt\u00e1s\u00e1t.\n\nSzoba fal\u00e1n k\u00e9p prom\u00f3t\u00e1l\u00e1s is k\u00e9sz\u00edtettem,  hogy l\u00e1ssuk kicsit m\u00e1sk\u00e9ppen. \n\nA k\u00e9p keretez\u00e9st ig\u00e9nyel a viv\u0151fel\u00fclet miatt ! \n\nSzem\u00e9lyes \u00e1tv\u00e9tel P\u00e1tyon \u00e9s Budapesten . \n\n\nA munk\u00e1imr\u00f3l minden esetben eredetis\u00e9g igazol\u00e1st \u00e1ll\u00edtok ki, melyet pdf.-ben az email c\u00edmedre k\u00fcld\u00f6k meg ! , valamint szign\u00f3zott minden fest\u00e9sem. A h\u00e1toldalon szem\u00e9lyes nyilatkozat tal\u00e1lhat\u00f3 az anyaghaszn\u00e1latr\u00f3l, m\u00e9retr\u0151l, a k\u00e9sz\u00edt\u00e9s d\u00e1tum\u00e1r\u00f3l.\n\nMIEL\u0150TT KOS\u00c1RBA  TESZED, \u00cdRJ NEKEM, el\u0151fordulhat, hogy a val\u00f3 \u00e9letben m\u00e1r eladott ez a munk\u00e1m a val\u00f3 vil\u00e1g-gal\u00e9ri\u00e1mban ! ","price":"46000.00","unit":"db","recommended":"0","status":"1","sponsored":"0","exp_notify":"0","own_material":"0","own_material_description_old":null,"own_material_description":"","jury":"0","jury_number":"","product_nature":"","meskaracsony":"0","create_date":"2026-04-28 19:06:37","shelve_id":"0","image":"molnartilcsi_product_233361_250101163234_707864.jpeg","image_width":"480","image_height":"593","image_alt":"Galaxis sorozat - Gondolkodjunk , A val\u00f3 \u00e9letben is megtal\u00e1lhat\u00f3ak ezek az alkot\u00e1sok, a most nem \u00edrhatom le hol van :) gal\u00e9ri\u00e1csk\u00e1mban..., Meska","image_title":"Galaxis sorozat - Gondolkodjunk , Meska","view_count":"322","favourite_count":"0","trending_score":"0","last2MonthFavouriteCount":"0","promotion":"0","giftcard_accept":"0","creditcard_accept":false,"enhanced_background":"0","domain":"meska","specific_customer_id":null,"specific_customer_name":null,"to_order_product":"0","to_order_product_time":"0","product_different":null,"product_different_description":"","vintage":"0","vintage_category_id":"0","recycled":"0","gemstone_id":"0","customizable":"0","type_category":"physical","zerowaste":"0","postage_price":"3300.00","shop_order":"1","has_category":"1","landing_pages":null,"microdata":{"number":68,"category":""},"title":"Galaxis sorozat - Gondolkodjunk ","description":"A val\u00f3 \u00e9letben is megtal\u00e1lhat\u00f3ak ezek az alkot\u00e1sok, a most nem \u00edrhatom le hol van :) gal\u00e9ri\u00e1csk\u00e1mban, MOST IDE IS ELHOZTAM. \n\n\n20 x 30 cm*es kas\u00edrozott v\u00e1szonlapon akril fest\u00e9s, B.Moln\u00e1r Ilcsi alkot\u00e1s, egy t\u00e9ma \u00fajragondol\u00e1sa m\u00e1s m\u00e9retben \u00e9s m\u00e1s viv\u0151fel\u00fcleten.\nA keret digit\u00e1lis prezentci\u00f3, az \u00faj tulajdonos\u00e1nak \u00edzl\u00e9s\u00e9re b\u00edzom a keret kiv\u00e1laszt\u00e1s\u00e1t.\n\nSzoba fal\u00e1n k\u00e9p prom\u00f3t\u00e1l\u00e1s is k\u00e9sz\u00edtettem,  hogy l\u00e1ssuk kicsit m\u00e1sk\u00e9ppen. \n\nA k\u00e9p keretez\u00e9st ig\u00e9nyel a viv\u0151fel\u00fclet miatt ! \n\nSzem\u00e9lyes \u00e1tv\u00e9tel P\u00e1tyon \u00e9s Budapesten . \n\n\nA munk\u00e1imr\u00f3l minden esetben eredetis\u00e9g igazol\u00e1st \u00e1ll\u00edtok ki, melyet pdf.-ben az email c\u00edmedre k\u00fcld\u00f6k meg ! , valamint szign\u00f3zott minden fest\u00e9sem. A h\u00e1toldalon szem\u00e9lyes nyilatkozat tal\u00e1lhat\u00f3 az anyaghaszn\u00e1latr\u00f3l, m\u00e9retr\u0151l, a k\u00e9sz\u00edt\u00e9s d\u00e1tum\u00e1r\u00f3l.\n\nMIEL\u0150TT KOS\u00c1RBA  TESZED, \u00cdRJ NEKEM, el\u0151fordulhat, hogy a val\u00f3 \u00e9letben m\u00e1r eladott ez a munk\u00e1m a val\u00f3 vil\u00e1g-gal\u00e9ri\u00e1mban ! ","score":0,"formatted_price":"46 000 Ft","image_url":"https:\/\/www.meska.hu\/img\/product\/small\/m\/o\/molnartilcsi_product_233361_250101163234_707864.jpeg","formatted_url":"https:\/\/www.meska.hu\/p5463743-galaxis-sorozat-gondolkodjunk","favourite":false,"in_stock":true,"avatar":"MolnARTIlcsi_avatar_233361_1657524590.jpg","delete_from":0,"is_enhanced_background":false,"is_enhanced":false,"product_selection_started":false,"is_active":true,"image_webp_url":"https:\/\/www.meska.hu\/img\/product\/small\/m\/o\/molnartilcsi_product_233361_250101163234_707864.webp"},{"id":"5217957","shop_id":"29643","user_id":"170781","shop_name":"Viragbuborek","shop_zip":"1202","product_code":"5214880","product_name_old":null,"product_name":"Ujjlenyomat cerem\u00f3nia szett ","category_string":"Esk\u00fcv\u0151, Esk\u00fcv\u0151i szett","technic_string":"Fest\u00e9szet","category_1":"317","category_2":"908","category_3":"0","category_4":"0","merged_category_1":"0","merged_category_2":"0","merged_category_3":"0","technic_1":"480","technic_2":"0","technic_3":"0","color_1":"519","color_2":"0","color_3":"0","product_description_old":null,"product_description":"Fel\u00faj\u00edt\u00e1s miatt a rendel\u00e9s sz\u00fcnetel M\u00e1jus 1-17 k\u00f6z\u00f6tt. Ebben az id\u0151szakban \u00fczenetekre is csak korl\u00e1tozottan tudok v\u00e1laszolni, k\u00e9rlek ezt vedd figyelembe a rendel\u00e9skor. (SOS rendel\u00e9seket nem fogok tudni v\u00e1llalni ebben az id\u0151szakban, mert a m\u0171hely egy id\u0151re romokban lesz \u00e9s a fel\u00faj\u00edt\u00e1si munk\u00e1latokban \u00e9n is r\u00e9szt veszek)\n\nA polg\u00e1ri szertart\u00e1st sz\u00ednes\u00edti t\u00f6bbf\u00e9le cerem\u00f3nia is. Homok-, K\u00f6t\u00e9l-, Id\u0151kapszula- \u00e9s most itt az Ujjlenyomat cerem\u00f3nia is. \n\nAz els\u0151 k\u00e9pen l\u00e9v\u0151 v\u00e1szon m\u00e9rete 20*20 cm (az utols\u00f3 k\u00e9pen a p\u00e1r kez\u00e9ben l\u00e9v\u0151 k\u00e9p 30x30-as)\nA v\u00e1szon feliratot rendel\u00e9sn\u00e9l egyeztetj\u00fck: \n-nevek\n-d\u00e1tum\n-maximum k\u00e9t soros id\u00e9zet \n\nAz \u00e1r tartalmaz k\u00e9tf\u00e9le sz\u00edn\u0171 ujjlenyomat p\u00e1rn\u00e1t (sz\u00ednt egyeztetj\u00fck a megrendel\u00e9s ut\u00e1n) \nSz\u00ednek: piros, narancss\u00e1rga, s\u00e1rga, z\u00f6ld, k\u00e9k, lila, r\u00f3zsasz\u00edn, ez\u00fcst, arany\/barna\n\nA v\u00e1sznat k\u00e9rhetitek sz\u00ednez\u00e9s n\u00e9lk\u00fcl. Ha k\u00e9rtek r\u00e1 sz\u00edneket azt is leegyeztetj\u00fck a megrendel\u00e9s ut\u00e1n. \n","price":"10500.00","unit":"db","recommended":"0","status":"1","sponsored":"0","exp_notify":"0","own_material":"0","own_material_description_old":null,"own_material_description":"","jury":"0","jury_number":"","product_nature":"","meskaracsony":"0","create_date":"2026-04-28 18:04:58","shelve_id":"64561","image":"viragbuborek_product_170781_250908155538_790161.jpeg","image_width":"480","image_height":"852","image_alt":"Ujjlenyomat cerem\u00f3nia szett , Fel\u00faj\u00edt\u00e1s miatt a rendel\u00e9s sz\u00fcnetel M\u00e1jus 1-17 k\u00f6z\u00f6tt. Ebben az id\u0151szakban \u00fczenetekre is csak korl\u00e1t..., Meska","image_title":"Ujjlenyomat cerem\u00f3nia szett , Meska","view_count":"14297","favourite_count":"4","trending_score":"0","last2MonthFavouriteCount":"5","promotion":"0","giftcard_accept":"1","creditcard_accept":false,"enhanced_background":"0","domain":"meska","specific_customer_id":null,"specific_customer_name":null,"to_order_product":"1","to_order_product_time":"14","product_different":null,"product_different_description":"","vintage":"0","vintage_category_id":"0","recycled":"0","gemstone_id":"0","customizable":"0","type_category":"physical","zerowaste":"0","postage_price":"1200.00","shop_order":"9","has_category":"1","landing_pages":null,"microdata":{"number":69,"category":""},"title":"Ujjlenyomat cerem\u00f3nia szett ","description":"Fel\u00faj\u00edt\u00e1s miatt a rendel\u00e9s sz\u00fcnetel M\u00e1jus 1-17 k\u00f6z\u00f6tt. Ebben az id\u0151szakban \u00fczenetekre is csak korl\u00e1tozottan tudok v\u00e1laszolni, k\u00e9rlek ezt vedd figyelembe a rendel\u00e9skor. (SOS rendel\u00e9seket nem fogok tudni v\u00e1llalni ebben az id\u0151szakban, mert a m\u0171hely egy id\u0151re romokban lesz \u00e9s a fel\u00faj\u00edt\u00e1si munk\u00e1latokban \u00e9n is r\u00e9szt veszek)\n\nA polg\u00e1ri szertart\u00e1st sz\u00ednes\u00edti t\u00f6bbf\u00e9le cerem\u00f3nia is. Homok-, K\u00f6t\u00e9l-, Id\u0151kapszula- \u00e9s most itt az Ujjlenyomat cerem\u00f3nia is. \n\nAz els\u0151 k\u00e9pen l\u00e9v\u0151 v\u00e1szon m\u00e9rete 20*20 cm (az utols\u00f3 k\u00e9pen a p\u00e1r kez\u00e9ben l\u00e9v\u0151 k\u00e9p 30x30-as)\nA v\u00e1szon feliratot rendel\u00e9sn\u00e9l egyeztetj\u00fck: \n-nevek\n-d\u00e1tum\n-maximum k\u00e9t soros id\u00e9zet \n\nAz \u00e1r tartalmaz k\u00e9tf\u00e9le sz\u00edn\u0171 ujjlenyomat p\u00e1rn\u00e1t (sz\u00ednt egyeztetj\u00fck a megrendel\u00e9s ut\u00e1n) \nSz\u00ednek: piros, narancss\u00e1rga, s\u00e1rga, z\u00f6ld, k\u00e9k, lila, r\u00f3zsasz\u00edn, ez\u00fcst, arany\/barna\n\nA v\u00e1sznat k\u00e9rhetitek sz\u00ednez\u00e9s n\u00e9lk\u00fcl. Ha k\u00e9rtek r\u00e1 sz\u00edneket azt is leegyeztetj\u00fck a megrendel\u00e9s ut\u00e1n. \n","score":0,"formatted_price":"10 500 Ft","image_url":"https:\/\/www.meska.hu\/img\/product\/small\/v\/i\/viragbuborek_product_170781_250908155538_790161.jpeg","formatted_url":"https:\/\/www.meska.hu\/p5214880-ujjlenyomat-ceremonia-szett","favourite":false,"in_stock":false,"avatar":"kopisb_avatar_170781_1589112108.jpg","delete_from":0,"is_enhanced_background":false,"is_enhanced":false,"product_selection_started":false,"is_active":true,"image_webp_url":"https:\/\/www.meska.hu\/img\/product\/small\/v\/i\/viragbuborek_product_170781_250908155538_790161.webp"},{"id":"6198060","shop_id":"38284","user_id":"518552","shop_name":"EstherArt","shop_zip":"6723","product_code":"5778135","product_name_old":null,"product_name":"Akvarell - Es\u0151 ut\u00e1n (2026.)","category_string":"M\u0171v\u00e9szet, Festm\u00e9ny, Akvarell","technic_string":"Fest\u00e9szet","category_1":"357","category_2":"358","category_3":"360","category_4":"0","merged_category_1":null,"merged_category_2":null,"merged_category_3":null,"technic_1":"480","technic_2":"0","technic_3":"0","color_1":"521","color_2":"523","color_3":"529","product_description_old":null,"product_description":"Akvarell technik\u00e1val, k\u00e9sz\u00fclt egyedi illusztr\u00e1ci\u00f3, k\u00e9zzel festett nem print.\nKedves aj\u00e1nd\u00e9k \u00f6tlet b\u00e1rkinek aki szeret egyedi, k\u00e9zzel k\u00e9sz\u00fclt aj\u00e1nd\u00e9kot adni, de ak\u00e1r az \u00f6n otthona d\u00edsze is lehet.\n\nM\u00e9ret: 42*32 cm\nKiv\u00e1l\u00f3 min\u0151s\u00e9g\u0171 HNM Cornwall 450 grammos akvarell kartonra k\u00e9sz\u00fclt.\nAz \u00e1r a k\u00e9pre vonatkozik (keret, paszpartu nincs hozz\u00e1).\n\nGondosan csomagolva k\u00fcld\u00f6m, nem s\u00e9r\u00fcl.\nSzem\u00e9lyes \u00e1tv\u00e9tel Szegeden lehets\u00e9ges.\n\u00dczenetben egyeztetj\u00fck a r\u00e9szleteket, keressen b\u00e1tran!\nMinden jog fenntartva!","price":"19000.00","unit":"db","recommended":"0","status":"1","sponsored":"0","exp_notify":"0","own_material":"0","own_material_description_old":null,"own_material_description":"","jury":"0","jury_number":"","product_nature":"","meskaracsony":"0","create_date":"2026-04-28 17:41:55","shelve_id":"80135","image":"estherart_product_518552_260428173728_825465.jpeg","image_width":"480","image_height":"617","image_alt":"Akvarell - Es\u0151 ut\u00e1n (2026.), Akvarell technik\u00e1val, k\u00e9sz\u00fclt egyedi illusztr\u00e1ci\u00f3, k\u00e9zzel festett nem print.\\nKedves aj\u00e1nd\u00e9k \u00f6tlet b\u00e1..., Meska","image_title":"Akvarell - Es\u0151 ut\u00e1n (2026.), Meska","view_count":"14","favourite_count":"0","trending_score":"0","last2MonthFavouriteCount":"0","promotion":"0","giftcard_accept":"0","creditcard_accept":true,"enhanced_background":"0","domain":"meska","specific_customer_id":null,"specific_customer_name":null,"to_order_product":"0","to_order_product_time":"0","product_different":null,"product_different_description":"","vintage":"0","vintage_category_id":"0","recycled":"0","gemstone_id":"0","customizable":"0","type_category":"physical","zerowaste":"0","postage_price":"1290.00","shop_order":"0","has_category":"1","landing_pages":null,"microdata":{"number":70,"category":""},"title":"Akvarell - Es\u0151 ut\u00e1n (2026.)","description":"Akvarell technik\u00e1val, k\u00e9sz\u00fclt egyedi illusztr\u00e1ci\u00f3, k\u00e9zzel festett nem print.\nKedves aj\u00e1nd\u00e9k \u00f6tlet b\u00e1rkinek aki szeret egyedi, k\u00e9zzel k\u00e9sz\u00fclt aj\u00e1nd\u00e9kot adni, de ak\u00e1r az \u00f6n otthona d\u00edsze is lehet.\n\nM\u00e9ret: 42*32 cm\nKiv\u00e1l\u00f3 min\u0151s\u00e9g\u0171 HNM Cornwall 450 grammos akvarell kartonra k\u00e9sz\u00fclt.\nAz \u00e1r a k\u00e9pre vonatkozik (keret, paszpartu nincs hozz\u00e1).\n\nGondosan csomagolva k\u00fcld\u00f6m, nem s\u00e9r\u00fcl.\nSzem\u00e9lyes \u00e1tv\u00e9tel Szegeden lehets\u00e9ges.\n\u00dczenetben egyeztetj\u00fck a r\u00e9szleteket, keressen b\u00e1tran!\nMinden jog fenntartva!","score":0,"formatted_price":"19 000 Ft","image_url":"https:\/\/www.meska.hu\/img\/product\/small\/e\/s\/estherart_product_518552_260428173728_825465.jpeg","formatted_url":"https:\/\/www.meska.hu\/p5778135-akvarell-eso-utan-2026","favourite":false,"in_stock":true,"avatar":"518552_avatar_1723634647.jpeg","delete_from":0,"is_enhanced_background":false,"is_enhanced":false,"product_selection_started":false,"is_active":true,"image_webp_url":"https:\/\/www.meska.hu\/img\/product\/small\/e\/s\/estherart_product_518552_260428173728_825465.webp"},{"id":"5330475","shop_id":"32792","user_id":"422466","shop_name":"Simaniart","shop_zip":"2194","product_code":"5286317","product_name_old":null,"product_name":"Fali\u00f3ra - L\u00e1ny egy \u00e1lomvil\u00e1gban","category_string":"Otthon & \u00c9letm\u00f3d, Dekor\u00e1ci\u00f3, Fali \u00e9s f\u00fcgg\u0151 dekor\u00e1ci\u00f3, Fali\u00f3ra & \u00f3ra","technic_string":"Fest\u00e9szet","category_1":"813","category_2":"314","category_3":"1470","category_4":"414","merged_category_1":null,"merged_category_2":null,"merged_category_3":null,"technic_1":"480","technic_2":"0","technic_3":"0","color_1":"521","color_2":"525","color_3":"529","product_description_old":null,"product_description":"Fali\u00f3ra\nNeve: L\u00e1ny egy \u00e1lomvil\u00e1gban\nSz\u00ednvilaga \u00fcde ny\u00e1rias\n\u00c1tm\u00e9r\u0151je: 35 cm \nMutat\u00f3k sz\u00e1ma: 3 db (\u00f3ra, perc, m\u00e1sodperc)\nMutat\u00f3k sz\u00edne: fekete\nAnyag: MDF falap, m\u0171anyag akaszt\u00f3 \u00e9s \u00f3raszerkezet, f\u00e9m mutat\u00f3k\nElem: 1 db AA (elem n\u00e9lk\u00fcl)\n\n\u00dcde sz\u00ednvil\u00e1g\u00fa \u00f3ra, melyben egy ny\u00e1ri reggel hangulata id\u00e9z\u0151dik meg.\nEgy l\u00e1ny a reggeli napfelkelt\u00e9ben biciklire \u00fcl, majd a biciklin \u00fclve az arc\u00e1t simogat\u00f3 szell\u0151ben elmereng \u00e9s egy \u00e1lomvil\u00e1gban tal\u00e1lja mag\u00e1t. ","price":"8000.00","unit":"db","recommended":"0","status":"1","sponsored":"0","exp_notify":"0","own_material":"0","own_material_description_old":null,"own_material_description":"","jury":"0","jury_number":"","product_nature":"","meskaracsony":"0","create_date":"2026-04-28 17:40:57","shelve_id":"69733","image":"simaniart_product_422466_240507161313_491489.jpeg","image_width":"480","image_height":"572","image_alt":"Fali\u00f3ra - L\u00e1ny egy \u00e1lomvil\u00e1gban, Fali\u00f3ra\\nNeve: L\u00e1ny egy \u00e1lomvil\u00e1gban\\nSz\u00ednvilaga \u00fcde ny\u00e1rias\\n\u00c1tm\u00e9r\u0151je: 35 cm \\nMutat\u00f3k sz\u00e1ma: 3 db (\u00f3ra..., Meska","image_title":"Fali\u00f3ra - L\u00e1ny egy \u00e1lomvil\u00e1gban, Meska","view_count":"595","favourite_count":"0","trending_score":"0","last2MonthFavouriteCount":"0","promotion":"0","giftcard_accept":"0","creditcard_accept":true,"enhanced_background":"0","domain":"meska","specific_customer_id":null,"specific_customer_name":null,"to_order_product":"0","to_order_product_time":"0","product_different":null,"product_different_description":"","vintage":"0","vintage_category_id":"0","recycled":"0","gemstone_id":"0","customizable":"0","type_category":"physical","zerowaste":"0","postage_price":"1349.00","shop_order":"0","has_category":"1","landing_pages":null,"microdata":{"number":71,"category":""},"title":"Fali\u00f3ra - L\u00e1ny egy \u00e1lomvil\u00e1gban","description":"Fali\u00f3ra\nNeve: L\u00e1ny egy \u00e1lomvil\u00e1gban\nSz\u00ednvilaga \u00fcde ny\u00e1rias\n\u00c1tm\u00e9r\u0151je: 35 cm \nMutat\u00f3k sz\u00e1ma: 3 db (\u00f3ra, perc, m\u00e1sodperc)\nMutat\u00f3k sz\u00edne: fekete\nAnyag: MDF falap, m\u0171anyag akaszt\u00f3 \u00e9s \u00f3raszerkezet, f\u00e9m mutat\u00f3k\nElem: 1 db AA (elem n\u00e9lk\u00fcl)\n\n\u00dcde sz\u00ednvil\u00e1g\u00fa \u00f3ra, melyben egy ny\u00e1ri reggel hangulata id\u00e9z\u0151dik meg.\nEgy l\u00e1ny a reggeli napfelkelt\u00e9ben biciklire \u00fcl, majd a biciklin \u00fclve az arc\u00e1t simogat\u00f3 szell\u0151ben elmereng \u00e9s egy \u00e1lomvil\u00e1gban tal\u00e1lja mag\u00e1t. ","score":0,"formatted_price":"8 000 Ft","image_url":"https:\/\/www.meska.hu\/img\/product\/small\/s\/i\/simaniart_product_422466_240507161313_491489.jpeg","formatted_url":"https:\/\/www.meska.hu\/p5286317-faliora-lany-egy-alomvilagban","favourite":false,"in_stock":true,"avatar":"Simaniart_avatar_422466_1669239619.jpg","delete_from":0,"is_enhanced_background":false,"is_enhanced":false,"product_selection_started":false,"is_active":true,"image_webp_url":"https:\/\/www.meska.hu\/img\/product\/small\/s\/i\/simaniart_product_422466_240507161313_491489.webp"},{"id":"6198040","shop_id":"49999","user_id":"740268","shop_name":"StellArtDesign","shop_zip":"3179","product_code":"5778126","product_name_old":null,"product_name":"Liminal space\/core festm\u00e9ny","category_string":"M\u0171v\u00e9szet, Festm\u00e9ny, Akril","technic_string":"Fest\u00e9szet","category_1":"357","category_2":"358","category_3":"359","category_4":"0","merged_category_1":null,"merged_category_2":null,"merged_category_3":null,"technic_1":"480","technic_2":"0","technic_3":"0","color_1":"512","color_2":"520","color_3":"521","product_description_old":null,"product_description":"Akril fest\u00e9kkel \u00e9s lakkal kezelt\n30x40cm","price":"3690.00","unit":"db","recommended":"0","status":"1","sponsored":"0","exp_notify":"0","own_material":"0","own_material_description_old":null,"own_material_description":"","jury":"0","jury_number":"","product_nature":"","meskaracsony":"0","create_date":"2026-04-28 17:16:47","shelve_id":"0","image":"stellartdesign_product_740268_260428171514_547227.jpeg","image_width":"480","image_height":"360","image_alt":"Liminal space\/core festm\u00e9ny, Akril fest\u00e9kkel \u00e9s lakkal kezelt\\n30x40cm, Meska","image_title":"Liminal space\/core festm\u00e9ny, Meska","view_count":"10","favourite_count":"0","trending_score":"0","last2MonthFavouriteCount":"0","promotion":"0","giftcard_accept":"0","creditcard_accept":true,"enhanced_background":"0","domain":"meska","specific_customer_id":null,"specific_customer_name":null,"to_order_product":"0","to_order_product_time":"0","product_different":null,"product_different_description":"","vintage":"0","vintage_category_id":"0","recycled":"0","gemstone_id":"0","customizable":"0","type_category":"physical","zerowaste":"1","postage_price":"1349.00","shop_order":"0","has_category":"1","landing_pages":null,"microdata":{"number":72,"category":""},"title":"Liminal space\/core festm\u00e9ny","description":"Akril fest\u00e9kkel \u00e9s lakkal kezelt\n30x40cm","score":0,"formatted_price":"3 690 Ft","image_url":"https:\/\/www.meska.hu\/img\/product\/small\/s\/t\/stellartdesign_product_740268_260428171514_547227.jpeg","formatted_url":"https:\/\/www.meska.hu\/p5778126-liminal-space-core-festmeny","favourite":false,"in_stock":true,"avatar":"740268_avatar_1756816027.jpeg","delete_from":0,"is_enhanced_background":false,"is_enhanced":false,"product_selection_started":false,"is_active":true,"image_webp_url":"https:\/\/www.meska.hu\/img\/product\/small\/s\/t\/stellartdesign_product_740268_260428171514_547227.webp"},{"id":"6198037","shop_id":"49999","user_id":"740268","shop_name":"StellArtDesign","shop_zip":"3179","product_code":"5778125","product_name_old":null,"product_name":"Festm\u00e9ny","category_string":"M\u0171v\u00e9szet, Festm\u00e9ny, Akril","technic_string":"Fest\u00e9szet","category_1":"357","category_2":"358","category_3":"359","category_4":"0","merged_category_1":null,"merged_category_2":null,"merged_category_3":null,"technic_1":"480","technic_2":"0","technic_3":"0","color_1":"519","color_2":"520","color_3":"568","product_description_old":null,"product_description":"Akril fest\u00e9kkel \u00e9s lakkal kezelt\n18x25cm v\u00e1szon de v\u00e9kony lapra festve","price":"890.00","unit":"db","recommended":"0","status":"1","sponsored":"0","exp_notify":"0","own_material":"0","own_material_description_old":null,"own_material_description":"","jury":"0","jury_number":"","product_nature":"","meskaracsony":"0","create_date":"2026-04-28 17:13:54","shelve_id":"0","image":"stellartdesign_product_740268_260428171210_435266.jpeg","image_width":"480","image_height":"360","image_alt":"Festm\u00e9ny, Akril fest\u00e9kkel \u00e9s lakkal kezelt\\n18x25cm v\u00e1szon de v\u00e9kony lapra festve, Meska","image_title":"Festm\u00e9ny, Meska","view_count":"11","favourite_count":"0","trending_score":"0","last2MonthFavouriteCount":"0","promotion":"0","giftcard_accept":"0","creditcard_accept":true,"enhanced_background":"0","domain":"meska","specific_customer_id":null,"specific_customer_name":null,"to_order_product":"0","to_order_product_time":"0","product_different":null,"product_different_description":"","vintage":"0","vintage_category_id":"0","recycled":"0","gemstone_id":"0","customizable":"0","type_category":"physical","zerowaste":"1","postage_price":"1349.00","shop_order":"0","has_category":"1","landing_pages":null,"microdata":{"number":73,"category":""},"title":"Festm\u00e9ny","description":"Akril fest\u00e9kkel \u00e9s lakkal kezelt\n18x25cm v\u00e1szon de v\u00e9kony lapra festve","score":0,"formatted_price":"890 Ft","image_url":"https:\/\/www.meska.hu\/img\/product\/small\/s\/t\/stellartdesign_product_740268_260428171210_435266.jpeg","formatted_url":"https:\/\/www.meska.hu\/p5778125-festmeny","favourite":false,"in_stock":true,"avatar":"740268_avatar_1756816027.jpeg","delete_from":0,"is_enhanced_background":false,"is_enhanced":false,"product_selection_started":false,"is_active":true,"image_webp_url":"https:\/\/www.meska.hu\/img\/product\/small\/s\/t\/stellartdesign_product_740268_260428171210_435266.webp"},{"id":"6198031","shop_id":"49999","user_id":"740268","shop_name":"StellArtDesign","shop_zip":"3179","product_code":"5778122","product_name_old":null,"product_name":"Festm\u00e9ny ","category_string":"M\u0171v\u00e9szet, Festm\u00e9ny, Akril","technic_string":"Fest\u00e9szet","category_1":"357","category_2":"358","category_3":"359","category_4":"0","merged_category_1":null,"merged_category_2":null,"merged_category_3":null,"technic_1":"480","technic_2":"0","technic_3":"0","color_1":"520","color_2":"521","color_3":"0","product_description_old":null,"product_description":"Akril fest\u00e9kkel \u00e9s lakkal kezelt 25x30cm","price":"1290.00","unit":"db","recommended":"0","status":"1","sponsored":"0","exp_notify":"0","own_material":"0","own_material_description_old":null,"own_material_description":"","jury":"0","jury_number":"","product_nature":"","meskaracsony":"0","create_date":"2026-04-28 17:06:47","shelve_id":"0","image":"stellartdesign_product_740268_260428170523_209756.jpeg","image_width":"480","image_height":"360","image_alt":"Festm\u00e9ny , Akril fest\u00e9kkel \u00e9s lakkal kezelt 25x30cm, Meska","image_title":"Festm\u00e9ny , Meska","view_count":"11","favourite_count":"0","trending_score":"0","last2MonthFavouriteCount":"0","promotion":"0","giftcard_accept":"0","creditcard_accept":true,"enhanced_background":"0","domain":"meska","specific_customer_id":null,"specific_customer_name":null,"to_order_product":"0","to_order_product_time":"0","product_different":null,"product_different_description":"","vintage":"0","vintage_category_id":"0","recycled":"0","gemstone_id":"0","customizable":"0","type_category":"physical","zerowaste":"1","postage_price":"1349.00","shop_order":"0","has_category":"1","landing_pages":null,"microdata":{"number":74,"category":""},"title":"Festm\u00e9ny ","description":"Akril fest\u00e9kkel \u00e9s lakkal kezelt 25x30cm","score":0,"formatted_price":"1 290 Ft","image_url":"https:\/\/www.meska.hu\/img\/product\/small\/s\/t\/stellartdesign_product_740268_260428170523_209756.jpeg","formatted_url":"https:\/\/www.meska.hu\/p5778122-festmeny","favourite":false,"in_stock":true,"avatar":"740268_avatar_1756816027.jpeg","delete_from":0,"is_enhanced_background":false,"is_enhanced":false,"product_selection_started":false,"is_active":true,"image_webp_url":"https:\/\/www.meska.hu\/img\/product\/small\/s\/t\/stellartdesign_product_740268_260428170523_209756.webp"},{"id":"6198022","shop_id":"49999","user_id":"740268","shop_name":"StellArtDesign","shop_zip":"3179","product_code":"5778117","product_name_old":null,"product_name":"Festm\u00e9ny ","category_string":"M\u0171v\u00e9szet, Festm\u00e9ny, Akril","technic_string":"Fest\u00e9szet","category_1":"357","category_2":"358","category_3":"359","category_4":"0","merged_category_1":null,"merged_category_2":null,"merged_category_3":null,"technic_1":"480","technic_2":"0","technic_3":"0","color_1":"516","color_2":"520","color_3":"521","product_description_old":null,"product_description":"20x20cm fesz\u00edtettv\u00e1szon k\u00e9p\nAkril fest\u00e9kkel \u00e9s lakkal kezelt","price":"1200.00","unit":"db","recommended":"0","status":"1","sponsored":"0","exp_notify":"0","own_material":"0","own_material_description_old":null,"own_material_description":"","jury":"0","jury_number":"","product_nature":"","meskaracsony":"0","create_date":"2026-04-28 16:58:15","shelve_id":"0","image":"stellartdesign_product_740268_260428165554_875869.jpeg","image_width":"480","image_height":"360","image_alt":"Festm\u00e9ny , 20x20cm fesz\u00edtettv\u00e1szon k\u00e9p\\nAkril fest\u00e9kkel \u00e9s lakkal kezelt, Meska","image_title":"Festm\u00e9ny , Meska","view_count":"11","favourite_count":"0","trending_score":"0","last2MonthFavouriteCount":"0","promotion":"0","giftcard_accept":"0","creditcard_accept":true,"enhanced_background":"0","domain":"meska","specific_customer_id":null,"specific_customer_name":null,"to_order_product":"0","to_order_product_time":"0","product_different":null,"product_different_description":"","vintage":"0","vintage_category_id":"0","recycled":"0","gemstone_id":"0","customizable":"0","type_category":"physical","zerowaste":"1","postage_price":"1349.00","shop_order":"0","has_category":"1","landing_pages":null,"microdata":{"number":75,"category":""},"title":"Festm\u00e9ny ","description":"20x20cm fesz\u00edtettv\u00e1szon k\u00e9p\nAkril fest\u00e9kkel \u00e9s lakkal kezelt","score":0,"formatted_price":"1 200 Ft","image_url":"https:\/\/www.meska.hu\/img\/product\/small\/s\/t\/stellartdesign_product_740268_260428165554_875869.jpeg","formatted_url":"https:\/\/www.meska.hu\/p5778117-festmeny","favourite":false,"in_stock":true,"avatar":"740268_avatar_1756816027.jpeg","delete_from":0,"is_enhanced_background":false,"is_enhanced":false,"product_selection_started":false,"is_active":true,"image_webp_url":"https:\/\/www.meska.hu\/img\/product\/small\/s\/t\/stellartdesign_product_740268_260428165554_875869.webp"},{"id":"3467744","shop_id":"28762","user_id":"356949","shop_name":"VasasAndras","shop_zip":"5600","product_code":"4384466","product_name_old":null,"product_name":"P\u00f3l\u00f3 fekete rig\u00f3 k\u00f6rvonallal","category_string":"Ruha & Divat, N\u0151i ruha, P\u00f3l\u00f3, fels\u0151","technic_string":"Fest\u00e9szet","category_1":"806","category_2":"440","category_3":"1198","category_4":"0","merged_category_1":"0","merged_category_2":"0","merged_category_3":"0","technic_1":"480","technic_2":"0","technic_3":"0","color_1":"519","color_2":"520","color_3":"0","product_description_old":null,"product_description":"P\u00f3l\u00f3 fekete rig\u00f3 k\u00f6rvonallal\nA m\u00e9rett\u00e1bl\u00e1zatot a k\u00e9pek k\u00f6z\u00f6tt tal\u00e1lod.\nA p\u00f3l\u00f3 alapsz\u00edne fekete, 100 % pamut. K\u00f6rnyak\u00fa, kiv\u00e1l\u00f3 min\u0151s\u00e9g\u0171 varr\u00e1si elj\u00e1r\u00e1s, minden \u00f6lt\u00e9s megk\u00e9tszerezett. Meger\u0151s\u00edtett v\u00e1llp\u00e1nt, k\u00e9t sz\u00edn\u0171 szat\u00e9netikett, oldal \u00f6lt\u00e9sek n\u00e9lk\u00fcl.\n\nK\u00e9rem, hogy \u00fczenetben \u00edrd meg a m\u00e9retet.\n\n","price":"5900.00","unit":"db","recommended":"0","status":"1","sponsored":"0","exp_notify":"0","own_material":"0","own_material_description_old":null,"own_material_description":"","jury":"0","jury_number":"","product_nature":"","meskaracsony":"0","create_date":"2026-04-28 15:51:27","shelve_id":"0","image":"vasasandras_product_356949_211118222915_23969.jpeg","image_width":"480","image_height":"640","image_alt":"P\u00f3l\u00f3 fekete rig\u00f3 k\u00f6rvonallal, P\u00f3l\u00f3 fekete rig\u00f3 k\u00f6rvonallal\\nA m\u00e9rett\u00e1bl\u00e1zatot a k\u00e9pek k\u00f6z\u00f6tt tal\u00e1lod.\\nA p\u00f3l\u00f3 alapsz\u00edne fekete, 100 ..., Meska","image_title":"P\u00f3l\u00f3 fekete rig\u00f3 k\u00f6rvonallal, Meska","view_count":"1972","favourite_count":"0","trending_score":"0","last2MonthFavouriteCount":"0","promotion":"0","giftcard_accept":"1","creditcard_accept":true,"enhanced_background":"0","domain":"meska","specific_customer_id":null,"specific_customer_name":null,"to_order_product":"1","to_order_product_time":"6","product_different":null,"product_different_description":"","vintage":"0","vintage_category_id":"0","recycled":"0","gemstone_id":"0","customizable":"0","type_category":"physical","zerowaste":"0","postage_price":"1290.00","shop_order":"0","has_category":"1","landing_pages":null,"microdata":{"number":76,"category":""},"title":"P\u00f3l\u00f3 fekete rig\u00f3 k\u00f6rvonallal","description":"P\u00f3l\u00f3 fekete rig\u00f3 k\u00f6rvonallal\nA m\u00e9rett\u00e1bl\u00e1zatot a k\u00e9pek k\u00f6z\u00f6tt tal\u00e1lod.\nA p\u00f3l\u00f3 alapsz\u00edne fekete, 100 % pamut. K\u00f6rnyak\u00fa, kiv\u00e1l\u00f3 min\u0151s\u00e9g\u0171 varr\u00e1si elj\u00e1r\u00e1s, minden \u00f6lt\u00e9s megk\u00e9tszerezett. Meger\u0151s\u00edtett v\u00e1llp\u00e1nt, k\u00e9t sz\u00edn\u0171 szat\u00e9netikett, oldal \u00f6lt\u00e9sek n\u00e9lk\u00fcl.\n\nK\u00e9rem, hogy \u00fczenetben \u00edrd meg a m\u00e9retet.\n\n","score":0,"formatted_price":"5 900 Ft","image_url":"https:\/\/www.meska.hu\/img\/product\/small\/v\/a\/vasasandras_product_356949_211118222915_23969.jpeg","formatted_url":"https:\/\/www.meska.hu\/p4384466-polo-fekete-rigo-korvonallal","favourite":false,"in_stock":false,"avatar":"VasasAndras_avatar_356949_1576530754.jpg","delete_from":0,"is_enhanced_background":false,"is_enhanced":false,"product_selection_started":false,"is_active":true,"image_webp_url":"https:\/\/www.meska.hu\/img\/product\/small\/v\/a\/vasasandras_product_356949_211118222915_23969.webp"},{"id":"3098308","shop_id":"3307","user_id":"11712","shop_name":"MerenyiZomanc","shop_zip":"7627","product_code":"4649183","product_name_old":null,"product_name":"T\u0171zzom\u00e1nc k\u00e9p. Akci\u00f3!","category_string":"M\u0171v\u00e9szet, Festm\u00e9ny, T\u0171zzom\u00e1nc","technic_string":"T\u0171zzom\u00e1nc, Fest\u00e9szet","category_1":"357","category_2":"358","category_3":"1326","category_4":"0","merged_category_1":null,"merged_category_2":null,"merged_category_3":null,"technic_1":"503","technic_2":"480","technic_3":"0","color_1":"532","color_2":"0","color_3":"0","product_description_old":null,"product_description":"A zom\u00e1nc m\u00e9rete: 200mmx100mm. A keret fa 25mm sz\u00e9les. Teljes m\u00e9rete:280mmx180mm.\nA term\u00e9ket m\u00e1shol is hirdetem, k\u00e9rem \u00e9rdekl\u0151dj\u00f6n a v\u00e1s\u00e1rl\u00e1s el\u0151tt.","price":"17000.00","unit":"db","recommended":"0","status":"1","sponsored":"0","exp_notify":"0","own_material":"0","own_material_description_old":null,"own_material_description":"","jury":"0","jury_number":"","product_nature":"","meskaracsony":"0","create_date":"2026-04-28 15:39:41","shelve_id":"35856","image":"merenyizomanc_product_11712_211003102259_023261.jpeg","image_width":"480","image_height":"707","image_alt":"T\u0171zzom\u00e1nc k\u00e9p. Akci\u00f3!, A zom\u00e1nc m\u00e9rete: 200mmx100mm. A keret fa 25mm sz\u00e9les. Teljes m\u00e9rete:280mmx180mm.\\nA term\u00e9ket m\u00e1shol i..., Meska","image_title":"T\u0171zzom\u00e1nc k\u00e9p. Akci\u00f3!, Meska","view_count":"1667","favourite_count":"0","trending_score":"0","last2MonthFavouriteCount":"0","promotion":"0","giftcard_accept":"0","creditcard_accept":false,"enhanced_background":"0","domain":"meska","specific_customer_id":null,"specific_customer_name":null,"to_order_product":"1","to_order_product_time":"6","product_different":null,"product_different_description":"","vintage":"0","vintage_category_id":"0","recycled":"0","gemstone_id":"0","customizable":"0","type_category":"physical","zerowaste":"0","postage_price":"2990.00","shop_order":"0","has_category":"1","landing_pages":null,"microdata":{"number":77,"category":""},"title":"T\u0171zzom\u00e1nc k\u00e9p. Akci\u00f3!","description":"A zom\u00e1nc m\u00e9rete: 200mmx100mm. A keret fa 25mm sz\u00e9les. Teljes m\u00e9rete:280mmx180mm.\nA term\u00e9ket m\u00e1shol is hirdetem, k\u00e9rem \u00e9rdekl\u0151dj\u00f6n a v\u00e1s\u00e1rl\u00e1s el\u0151tt.","score":0,"formatted_price":"17 000 Ft","image_url":"https:\/\/www.meska.hu\/img\/product\/small\/m\/e\/merenyizomanc_product_11712_211003102259_023261.jpeg","formatted_url":"https:\/\/www.meska.hu\/p4649183-tuzzomanc-kep-akcio","favourite":false,"in_stock":false,"avatar":"zomancoslaci_avatar_11712.jpg","delete_from":0,"is_enhanced_background":false,"is_enhanced":false,"product_selection_started":false,"is_active":true,"image_webp_url":"https:\/\/www.meska.hu\/img\/product\/small\/m\/e\/merenyizomanc_product_11712_211003102259_023261.webp"},{"id":"3053466","shop_id":"3307","user_id":"11712","shop_name":"MerenyiZomanc","shop_zip":"7627","product_code":"4752371","product_name_old":null,"product_name":"T\u0171zzom\u00e1nc k\u00e9p ","category_string":"M\u0171v\u00e9szet, Festm\u00e9ny, T\u0171zzom\u00e1nc","technic_string":"T\u0171zzom\u00e1nc, Fest\u00e9szet","category_1":"357","category_2":"358","category_3":"1326","category_4":"0","merged_category_1":null,"merged_category_2":null,"merged_category_3":null,"technic_1":"503","technic_2":"480","technic_3":"0","color_1":"532","color_2":"0","color_3":"0","product_description_old":null,"product_description":"A zom\u00e1nc m\u00e9rete: 250mmx200mm.\nA keret fa 25mm sz\u00e9les.\nTeljes m\u00e9rete:330mmx280mm.\nA term\u00e9ket m\u00e1shol is hirdetem, k\u00e9rem \u00e9rdekl\u0151dj\u00f6n a v\u00e1s\u00e1rl\u00e1s el\u0151tt.\n","price":"24000.00","unit":"db","recommended":"0","status":"1","sponsored":"0","exp_notify":"0","own_material":"0","own_material_description_old":null,"own_material_description":"","jury":"0","jury_number":"","product_nature":"","meskaracsony":"0","create_date":"2026-04-28 15:39:37","shelve_id":"35856","image":"merenyizomanc_product_11712_240106161544_047632.jpeg","image_width":"480","image_height":"480","image_alt":"T\u0171zzom\u00e1nc k\u00e9p , A zom\u00e1nc m\u00e9rete: 250mmx200mm.\\nA keret fa 25mm sz\u00e9les.\\nTeljes m\u00e9rete:330mmx280mm.\\nA term\u00e9ket m\u00e1shol i..., Meska","image_title":"T\u0171zzom\u00e1nc k\u00e9p , Meska","view_count":"994","favourite_count":"0","trending_score":"0","last2MonthFavouriteCount":"0","promotion":"0","giftcard_accept":"0","creditcard_accept":false,"enhanced_background":"0","domain":"meska","specific_customer_id":null,"specific_customer_name":null,"to_order_product":"0","to_order_product_time":"0","product_different":null,"product_different_description":"","vintage":"0","vintage_category_id":"0","recycled":"0","gemstone_id":"0","customizable":"0","type_category":"physical","zerowaste":"0","postage_price":"2990.00","shop_order":"0","has_category":"1","landing_pages":null,"microdata":{"number":78,"category":""},"title":"T\u0171zzom\u00e1nc k\u00e9p ","description":"A zom\u00e1nc m\u00e9rete: 250mmx200mm.\nA keret fa 25mm sz\u00e9les.\nTeljes m\u00e9rete:330mmx280mm.\nA term\u00e9ket m\u00e1shol is hirdetem, k\u00e9rem \u00e9rdekl\u0151dj\u00f6n a v\u00e1s\u00e1rl\u00e1s el\u0151tt.\n","score":0,"formatted_price":"24 000 Ft","image_url":"https:\/\/www.meska.hu\/img\/product\/small\/m\/e\/merenyizomanc_product_11712_240106161544_047632.jpeg","formatted_url":"https:\/\/www.meska.hu\/p4752371-tuzzomanc-kep","favourite":false,"in_stock":true,"avatar":"zomancoslaci_avatar_11712.jpg","delete_from":0,"is_enhanced_background":false,"is_enhanced":false,"product_selection_started":false,"is_active":true,"image_webp_url":"https:\/\/www.meska.hu\/img\/product\/small\/m\/e\/merenyizomanc_product_11712_240106161544_047632.webp"},{"id":"3468062","shop_id":"27498","user_id":"337731","shop_name":"Favolart","shop_zip":"535600","product_code":"3480734","product_name_old":null,"product_name":"Lev\u00e9lk\u00e9s csal\u00e1di \u00f6r\u00f6knapt\u00e1r","category_string":"Otthon & \u00c9letm\u00f3d, Dekor\u00e1ci\u00f3, Falinapt\u00e1r & \u00d6r\u00f6knapt\u00e1r, Fali \u00e9s f\u00fcgg\u0151 dekor\u00e1ci\u00f3","technic_string":"Grav\u00edroz\u00e1s, pirogr\u00e1fia, Fest\u00e9szet","category_1":"813","category_2":"314","category_3":"774","category_4":"1470","merged_category_1":"0","merged_category_2":"0","merged_category_3":"785","technic_1":"796","technic_2":"480","technic_3":"0","color_1":"534","color_2":"0","color_3":"0","product_description_old":null,"product_description":"Csal\u00e1di esem\u00e9nynapt\u00e1raim nem csak kellemes dekor\u00e1ci\u00f3s elemei lehetnek a lak\u00e1snak, hanem seg\u00edtenek abban, hogy k\u00f6nnyebben sz\u00e1mon tudjuk tartani a n\u00e9vnapokat, sz\u00fclet\u00e9snapokat \u00e9s egy\u00e9b csal\u00e1di esem\u00e9nyeket.\n\nAnyaga: MDF lemez, sz\u00e9less\u00e9ge 39 cm, 25 darab feh\u00e9r korong tartozik hozza.\n\nA h\u00f3napok szerint felosztott oszlopokban egym\u00e1s al\u00e1 l\u00f3gathat\u00f3 kis korongokra \u00edrhatod a fontos esem\u00e9nyek nev\u00e9t.","price":"8900.00","unit":"db","recommended":"0","status":"1","sponsored":"0","exp_notify":"0","own_material":"0","own_material_description_old":null,"own_material_description":"","jury":"0","jury_number":"","product_nature":"","meskaracsony":"0","create_date":"2026-04-28 15:00:43","shelve_id":"0","image":"favolart_product_337731_190809114522_170576.jpeg","image_width":"480","image_height":"610","image_alt":"Lev\u00e9lk\u00e9s csal\u00e1di \u00f6r\u00f6knapt\u00e1r, Csal\u00e1di esem\u00e9nynapt\u00e1raim nem csak kellemes dekor\u00e1ci\u00f3s elemei lehetnek a lak\u00e1snak, hanem seg\u00edtenek ab..., Meska","image_title":"Lev\u00e9lk\u00e9s csal\u00e1di \u00f6r\u00f6knapt\u00e1r, Meska","view_count":"16303","favourite_count":"1","trending_score":"0","last2MonthFavouriteCount":"1","promotion":"0","giftcard_accept":"0","creditcard_accept":false,"enhanced_background":"0","domain":"meska","specific_customer_id":null,"specific_customer_name":null,"to_order_product":"0","to_order_product_time":"0","product_different":null,"product_different_description":"","vintage":"0","vintage_category_id":"0","recycled":"0","gemstone_id":"0","customizable":"0","type_category":"physical","zerowaste":"0","postage_price":"2600.00","shop_order":"0","has_category":"1","landing_pages":"Aj\u00e1nd\u00e9kok f\u00e9rfiaknak, Any\u00e1k napi aj\u00e1nd\u00e9kok, Any\u00e1k napi aj\u00e1nd\u00e9kok, Any\u00e1k napi aj\u00e1nd\u00e9kok, Kar\u00e1csonyi aj\u00e1nd\u00e9kok, Kar\u00e1csonyi aj\u00e1nd\u00e9kok","microdata":{"number":79,"category":""},"title":"Lev\u00e9lk\u00e9s csal\u00e1di \u00f6r\u00f6knapt\u00e1r","description":"Csal\u00e1di esem\u00e9nynapt\u00e1raim nem csak kellemes dekor\u00e1ci\u00f3s elemei lehetnek a lak\u00e1snak, hanem seg\u00edtenek abban, hogy k\u00f6nnyebben sz\u00e1mon tudjuk tartani a n\u00e9vnapokat, sz\u00fclet\u00e9snapokat \u00e9s egy\u00e9b csal\u00e1di esem\u00e9nyeket.\n\nAnyaga: MDF lemez, sz\u00e9less\u00e9ge 39 cm, 25 darab feh\u00e9r korong tartozik hozza.\n\nA h\u00f3napok szerint felosztott oszlopokban egym\u00e1s al\u00e1 l\u00f3gathat\u00f3 kis korongokra \u00edrhatod a fontos esem\u00e9nyek nev\u00e9t.","score":0,"formatted_price":"8 900 Ft","image_url":"https:\/\/www.meska.hu\/img\/product\/small\/f\/a\/favolart_product_337731_190809114522_170576.jpeg","formatted_url":"https:\/\/www.meska.hu\/p3480734-levelkes-csaladi-oroknaptar","favourite":false,"in_stock":true,"avatar":"Favolart_avatar_337731_1560763798.jpg","delete_from":0,"is_enhanced_background":false,"is_enhanced":false,"product_selection_started":false,"is_active":true,"image_webp_url":"https:\/\/www.meska.hu\/img\/product\/small\/f\/a\/favolart_product_337731_190809114522_170576.webp"},{"id":"4830537","shop_id":"27471","user_id":"334016","shop_name":"Fenyhozomandalak","shop_zip":"8900","product_code":"4975468","product_name_old":null,"product_name":"Muladhara - gy\u00f6k\u00e9rcsakra mandala","category_string":"Otthon & \u00c9letm\u00f3d, Dekor\u00e1ci\u00f3, Spiritualit\u00e1s, Mandala","technic_string":"Fest\u00e9szet, \u00dcvegm\u0171v\u00e9szet","category_1":"813","category_2":"314","category_3":"1478","category_4":"948","merged_category_1":"0","merged_category_2":"0","merged_category_3":"785","technic_1":"480","technic_2":"505","technic_3":"0","color_1":"512","color_2":"523","color_3":"0","product_description_old":null,"product_description":"A mandala seg\u00edt egyens\u00falyban tartani a gy\u00f6k\u00e9rcsakr\u00e1t, mely a 7 f\u0151 csakra k\u00f6z\u00fcl az els\u0151.\nSz\u00ednei a stabilit\u00e1st, biztons\u00e1g \u00e9rzetet, f\u00f6ldel\u00e9st seg\u00edtik \u00e9s er\u0151s\u00edtik.\n30 cm, \u00fcveglapra festve, akril fest\u00e9kkel k\u00e9sz\u00fclt.\n\nA gy\u00f6k\u00e9rcsakra bemutat\u00e1sa:\n\nA gerinc als\u00f3 v\u00e9g\u00e9n\u00e9l helyezkedik el, a farokcsontn\u00e1l, illetve a g\u00e1t ter\u00fclet\u00e9n, \u00e9s az \u00f6rv\u00e9ny t\u00f6lcs\u00e9rje lefel\u00e9 ny\u00edlik, a f\u00f6ld fel\u00e9. Ez a csakra felel\u0151s a f\u00f6lddel val\u00f3 kapcsolatunk\u00e9rt \u00e9s a saj\u00e1t test\u00fcnkkel val\u00f3 kapcsolatunk\u00e9rt is. \n\nA gy\u00f6k\u00e9rcsakr\u00e1val \u00f6sszekapcsolhat\u00f3 szervek \u00e9s testr\u00e9szek a talpak, a l\u00e1bak, a gerincoszlop \u00e9s a csontok, a fogak, a k\u00f6r\u00f6m, \u00e9s a vastagb\u00e9l.\n\nA kiegyens\u00falyozott gy\u00f6k\u00e9rcsakra biztos\u00edtja az aktivit\u00e1s \u00e9s a passzivit\u00e1s, a cselekv\u00e9s \u00e9s a pihen\u00e9s egyens\u00faly\u00e1t. Felel\u0151s a vitalit\u00e1s, az \u00e9leter\u0151, az \u00e9lni akar\u00e1s egyens\u00faly\u00e1\u00e9rt, a testi sz\u00fcks\u00e9gletek kiel\u00e9g\u00edt\u00e9s\u00e9\u00e9rt \u00e9s a mindennapi tev\u00e9kenys\u00e9gekkel, a mindennapok feladataival val\u00f3 megbirk\u00f3z\u00e1s\u00e9rt is. \n\nKiegyens\u00falyoz\u00e1sa:\n\nsz\u00ednter\u00e1pia: v\u00f6r\u00f6s vagy f\u00f6ld sz\u00ednek\n\n\u00e1sv\u00e1nyok \u00e9s k\u00f6vek: v\u00f6r\u00f6s \u00e9s fekete k\u00f6vek, pl. rubin, gr\u00e1n\u00e1t, v\u00f6r\u00f6s j\u00e1spis, fekete \u00f3nix, f\u00fcstkvarc\n\nill\u00f3olajok: mandarin, szegf\u0171szeg, rozmaring\n\nsportol\u00e1s, testmozg\u00e1s, fizikai ig\u00e9nybev\u00e9tel, mez\u00edtl\u00e1b j\u00e1rk\u00e1l\u00e1s, talpmassz\u00e1zs, egyens\u00falyt ig\u00e9nyl\u0151 tev\u00e9kenys\u00e9gek\nf\u0151z\u00e9s, keny\u00e9rs\u00fct\u00e9s, kert\u00e9szked\u00e9s, agyagoz\u00e1s, v\u00f6r\u00f6s sz\u00ednnel fest\u00e9s vagy sz\u00ednez\u00e9s\n\nvizualiz\u00e1ci\u00f3k: v\u00f6r\u00f6s sz\u00edn, vagy egy v\u00f6r\u00f6s \u00f6rv\u00e9ny a farokcsontn\u00e1l, egy hatalmas, er\u0151s fa, egy rend\u00edthetetlen hegy vagy k\u0151szikla.\n\nMeger\u0151s\u00edt\u00e9sek: Biztons\u00e1gban vagyok. Kapcsolatban \u00e1llok a f\u00f6lddel. Mindig van el\u00e9g. Mindig k\u00f6r\u00fclvesz a t\u00e1mogat\u00e1s \u00e9s szeretet. K\u00e9t l\u00e1bbal \u00e1llok a f\u00f6ld\u00f6n. Egyens\u00falyban vagyok. Megvan mindenem, amire sz\u00fcks\u00e9gem van.\n\nForr\u00e1s: https:\/\/www.jogaklikk.hu\/blog\/A_Gyokercsakra_45\/","price":"35000.00","unit":"db","recommended":"0","status":"1","sponsored":"0","exp_notify":"0","own_material":"0","own_material_description_old":null,"own_material_description":"","jury":"0","jury_number":"","product_nature":"","meskaracsony":"0","create_date":"2026-04-28 14:51:07","shelve_id":"0","image":"fenyhozomandalak_product_334016_230514112524_016579.jpeg","image_width":"480","image_height":"320","image_alt":"Muladhara - gy\u00f6k\u00e9rcsakra mandala, A mandala seg\u00edt egyens\u00falyban tartani a gy\u00f6k\u00e9rcsakr\u00e1t, mely a 7 f\u0151 csakra k\u00f6z\u00fcl az els\u0151.\\nSz\u00ednei a sta..., Meska","image_title":"Muladhara - gy\u00f6k\u00e9rcsakra mandala, Meska","view_count":"1104","favourite_count":"0","trending_score":"0","last2MonthFavouriteCount":"0","promotion":"0","giftcard_accept":"0","creditcard_accept":true,"enhanced_background":"0","domain":"meska","specific_customer_id":null,"specific_customer_name":null,"to_order_product":"0","to_order_product_time":"0","product_different":null,"product_different_description":"","vintage":"0","vintage_category_id":"0","recycled":"0","gemstone_id":"0","customizable":"0","type_category":"physical","zerowaste":"0","postage_price":"2390.00","shop_order":"0","has_category":"1","landing_pages":null,"microdata":{"number":80,"category":""},"title":"Muladhara - gy\u00f6k\u00e9rcsakra mandala","description":"A mandala seg\u00edt egyens\u00falyban tartani a gy\u00f6k\u00e9rcsakr\u00e1t, mely a 7 f\u0151 csakra k\u00f6z\u00fcl az els\u0151.\nSz\u00ednei a stabilit\u00e1st, biztons\u00e1g \u00e9rzetet, f\u00f6ldel\u00e9st seg\u00edtik \u00e9s er\u0151s\u00edtik.\n30 cm, \u00fcveglapra festve, akril fest\u00e9kkel k\u00e9sz\u00fclt.\n\nA gy\u00f6k\u00e9rcsakra bemutat\u00e1sa:\n\nA gerinc als\u00f3 v\u00e9g\u00e9n\u00e9l helyezkedik el, a farokcsontn\u00e1l, illetve a g\u00e1t ter\u00fclet\u00e9n, \u00e9s az \u00f6rv\u00e9ny t\u00f6lcs\u00e9rje lefel\u00e9 ny\u00edlik, a f\u00f6ld fel\u00e9. Ez a csakra felel\u0151s a f\u00f6lddel val\u00f3 kapcsolatunk\u00e9rt \u00e9s a saj\u00e1t test\u00fcnkkel val\u00f3 kapcsolatunk\u00e9rt is. \n\nA gy\u00f6k\u00e9rcsakr\u00e1val \u00f6sszekapcsolhat\u00f3 szervek \u00e9s testr\u00e9szek a talpak, a l\u00e1bak, a gerincoszlop \u00e9s a csontok, a fogak, a k\u00f6r\u00f6m, \u00e9s a vastagb\u00e9l.\n\nA kiegyens\u00falyozott gy\u00f6k\u00e9rcsakra biztos\u00edtja az aktivit\u00e1s \u00e9s a passzivit\u00e1s, a cselekv\u00e9s \u00e9s a pihen\u00e9s egyens\u00faly\u00e1t. Felel\u0151s a vitalit\u00e1s, az \u00e9leter\u0151, az \u00e9lni akar\u00e1s egyens\u00faly\u00e1\u00e9rt, a testi sz\u00fcks\u00e9gletek kiel\u00e9g\u00edt\u00e9s\u00e9\u00e9rt \u00e9s a mindennapi tev\u00e9kenys\u00e9gekkel, a mindennapok feladataival val\u00f3 megbirk\u00f3z\u00e1s\u00e9rt is. \n\nKiegyens\u00falyoz\u00e1sa:\n\nsz\u00ednter\u00e1pia: v\u00f6r\u00f6s vagy f\u00f6ld sz\u00ednek\n\n\u00e1sv\u00e1nyok \u00e9s k\u00f6vek: v\u00f6r\u00f6s \u00e9s fekete k\u00f6vek, pl. rubin, gr\u00e1n\u00e1t, v\u00f6r\u00f6s j\u00e1spis, fekete \u00f3nix, f\u00fcstkvarc\n\nill\u00f3olajok: mandarin, szegf\u0171szeg, rozmaring\n\nsportol\u00e1s, testmozg\u00e1s, fizikai ig\u00e9nybev\u00e9tel, mez\u00edtl\u00e1b j\u00e1rk\u00e1l\u00e1s, talpmassz\u00e1zs, egyens\u00falyt ig\u00e9nyl\u0151 tev\u00e9kenys\u00e9gek\nf\u0151z\u00e9s, keny\u00e9rs\u00fct\u00e9s, kert\u00e9szked\u00e9s, agyagoz\u00e1s, v\u00f6r\u00f6s sz\u00ednnel fest\u00e9s vagy sz\u00ednez\u00e9s\n\nvizualiz\u00e1ci\u00f3k: v\u00f6r\u00f6s sz\u00edn, vagy egy v\u00f6r\u00f6s \u00f6rv\u00e9ny a farokcsontn\u00e1l, egy hatalmas, er\u0151s fa, egy rend\u00edthetetlen hegy vagy k\u0151szikla.\n\nMeger\u0151s\u00edt\u00e9sek: Biztons\u00e1gban vagyok. Kapcsolatban \u00e1llok a f\u00f6lddel. Mindig van el\u00e9g. Mindig k\u00f6r\u00fclvesz a t\u00e1mogat\u00e1s \u00e9s szeretet. K\u00e9t l\u00e1bbal \u00e1llok a f\u00f6ld\u00f6n. Egyens\u00falyban vagyok. Megvan mindenem, amire sz\u00fcks\u00e9gem van.\n\nForr\u00e1s: https:\/\/www.jogaklikk.hu\/blog\/A_Gyokercsakra_45\/","score":0,"formatted_price":"35 000 Ft","image_url":"https:\/\/www.meska.hu\/img\/product\/small\/f\/e\/fenyhozomandalak_product_334016_230514112524_016579.jpeg","formatted_url":"https:\/\/www.meska.hu\/p4975468-muladhara-gyokercsakra-mandala","favourite":false,"in_stock":true,"avatar":"Fenyhozomandalak_avatar_334016_1677413797.jpg","delete_from":0,"is_enhanced_background":false,"is_enhanced":false,"product_selection_started":false,"is_active":true,"image_webp_url":"https:\/\/www.meska.hu\/img\/product\/small\/f\/e\/fenyhozomandalak_product_334016_230514112524_016579.webp"},{"id":"4830579","shop_id":"27471","user_id":"334016","shop_name":"Fenyhozomandalak","shop_zip":"8900","product_code":"4975497","product_name_old":null,"product_name":"Svadhisthana - szakr\u00e1lis csakra mandala","category_string":"Otthon & \u00c9letm\u00f3d, Dekor\u00e1ci\u00f3, Spiritualit\u00e1s, Mandala","technic_string":"Fest\u00e9szet, \u00dcvegm\u0171v\u00e9szet","category_1":"813","category_2":"314","category_3":"1478","category_4":"948","merged_category_1":"0","merged_category_2":"0","merged_category_3":"785","technic_1":"480","technic_2":"505","technic_3":"0","color_1":"568","color_2":"0","color_3":"0","product_description_old":null,"product_description":"A mandala a h\u00e9t f\u0151 csakra k\u00f6z\u00fcl a m\u00e1sodikhoz kapcsol\u00f3dik. Neve szanszkrit\u00fcl svadhisthana, vagyis szakr\u00e1lis csakra.\nAlapvet\u0151en a kreativit\u00e1s, szexualit\u00e1s, teremt\u0151 energia kapcsol\u00f3dik hozz\u00e1.\nA narancss\u00e1rga sz\u00edn lend\u00fcletes, mozg\u00e1sra sarkall, szenved\u00e9lyes energi\u00e1kat k\u00f6zvet\u00edt. Seg\u00edt meg\u00e9lni bels\u0151 szenved\u00e9ly\u00fcnket, kapcsol\u00f3djon ez b\u00e1rmihez ami fontos sz\u00e1munkra. F\u0151z\u00e9s, kert\u00e9szked\u00e9s, sport, vagy b\u00e1rmely kreat\u00edv alkot\u00f3tev\u00e9kenys\u00e9g, mellyel valami \u00fajat teremt\u00fcnk.\n\nA mandala 30 cm \u00fcveglapra k\u00e9sz\u00fclt, akrilfest\u00e9kkel festve.\n\nA szakr\u00e1lis csakra a h\u00e9t f\u0151 csakra sor\u00e1ban alulr\u00f3l indulva a m\u00e1sodik, a Gy\u00f6k\u00e9rcsakra ut\u00e1n. A medence k\u00f6zep\u00e9n, a k\u00f6ld\u00f6k \u00e9s a nemiszerv k\u00f6z\u00f6tt, a keresztcsont magass\u00e1g\u00e1ban helyezkedik el (a keresztcsont latinul Sacrum)\nSz\u00edne a narancss\u00e1rga, a bels\u0151 elv\u00e1laszt\u00e1s\u00fa mirigyek k\u00f6z\u00fcl a petef\u00e9szek, illetve a her\u00e9k kapcsol\u00f3dnak a szexcsakr\u00e1hoz, \u00e9s a szexu\u00e1lis hormonok termel\u00e9se (\u00f6sztrog\u00e9n, progeszteron, tesztoszteron).  Ide tartozik a folyad\u00e9kh\u00e1ztart\u00e1s szab\u00e1lyoz\u00e1sa, a nyelv \u00e9s a haj.\n\nA szexualit\u00e1son k\u00edv\u00fcl ez az energia k\u00f6zpont felel\u0151s a kreativit\u00e1s\u00e9rt, hiszen minden \u00e9let innen indul ki, \u00e9s ide tartozik nem csak az ut\u00f3d, de b\u00e1rmi m\u00e1s megalkot\u00e1sa \u00e9s l\u00e9trehoz\u00e1sa. Itt t\u00f6rt\u00e9nik szervezet\u00fcnkben az elenged\u00e9s. A Szexcsakra tov\u00e1bbi fontos feladata az ev\u00e9ssel val\u00f3 kapcsolatunk egyens\u00falyban tart\u00e1sa, \u00e9s egyben \u00f6nmagunk elfogad\u00e1sa \u00e9s szeretete. \n\nForr\u00e1s: https:\/\/www.jogaklikk.hu\/blog\/Oktober_honap_temaja_-_A_Szexcsakra_50\/","price":"35000.00","unit":"db","recommended":"0","status":"1","sponsored":"0","exp_notify":"0","own_material":"0","own_material_description_old":null,"own_material_description":"","jury":"0","jury_number":"","product_nature":"","meskaracsony":"0","create_date":"2026-04-28 14:51:03","shelve_id":"0","image":"fenyhozomandalak_product_334016_230514114046_02459.jpeg","image_width":"480","image_height":"320","image_alt":"Svadhisthana - szakr\u00e1lis csakra mandala, A mandala a h\u00e9t f\u0151 csakra k\u00f6z\u00fcl a m\u00e1sodikhoz kapcsol\u00f3dik. Neve szanszkrit\u00fcl svadhisthana, vagyis sza..., Meska","image_title":"Svadhisthana - szakr\u00e1lis csakra mandala, Meska","view_count":"1083","favourite_count":"1","trending_score":"0","last2MonthFavouriteCount":"1","promotion":"0","giftcard_accept":"0","creditcard_accept":true,"enhanced_background":"0","domain":"meska","specific_customer_id":null,"specific_customer_name":null,"to_order_product":"1","to_order_product_time":"15","product_different":null,"product_different_description":"","vintage":"0","vintage_category_id":"0","recycled":"0","gemstone_id":"0","customizable":"0","type_category":"physical","zerowaste":"0","postage_price":"2390.00","shop_order":"0","has_category":"1","landing_pages":null,"microdata":{"number":81,"category":""},"title":"Svadhisthana - szakr\u00e1lis csakra mandala","description":"A mandala a h\u00e9t f\u0151 csakra k\u00f6z\u00fcl a m\u00e1sodikhoz kapcsol\u00f3dik. Neve szanszkrit\u00fcl svadhisthana, vagyis szakr\u00e1lis csakra.\nAlapvet\u0151en a kreativit\u00e1s, szexualit\u00e1s, teremt\u0151 energia kapcsol\u00f3dik hozz\u00e1.\nA narancss\u00e1rga sz\u00edn lend\u00fcletes, mozg\u00e1sra sarkall, szenved\u00e9lyes energi\u00e1kat k\u00f6zvet\u00edt. Seg\u00edt meg\u00e9lni bels\u0151 szenved\u00e9ly\u00fcnket, kapcsol\u00f3djon ez b\u00e1rmihez ami fontos sz\u00e1munkra. F\u0151z\u00e9s, kert\u00e9szked\u00e9s, sport, vagy b\u00e1rmely kreat\u00edv alkot\u00f3tev\u00e9kenys\u00e9g, mellyel valami \u00fajat teremt\u00fcnk.\n\nA mandala 30 cm \u00fcveglapra k\u00e9sz\u00fclt, akrilfest\u00e9kkel festve.\n\nA szakr\u00e1lis csakra a h\u00e9t f\u0151 csakra sor\u00e1ban alulr\u00f3l indulva a m\u00e1sodik, a Gy\u00f6k\u00e9rcsakra ut\u00e1n. A medence k\u00f6zep\u00e9n, a k\u00f6ld\u00f6k \u00e9s a nemiszerv k\u00f6z\u00f6tt, a keresztcsont magass\u00e1g\u00e1ban helyezkedik el (a keresztcsont latinul Sacrum)\nSz\u00edne a narancss\u00e1rga, a bels\u0151 elv\u00e1laszt\u00e1s\u00fa mirigyek k\u00f6z\u00fcl a petef\u00e9szek, illetve a her\u00e9k kapcsol\u00f3dnak a szexcsakr\u00e1hoz, \u00e9s a szexu\u00e1lis hormonok termel\u00e9se (\u00f6sztrog\u00e9n, progeszteron, tesztoszteron).  Ide tartozik a folyad\u00e9kh\u00e1ztart\u00e1s szab\u00e1lyoz\u00e1sa, a nyelv \u00e9s a haj.\n\nA szexualit\u00e1son k\u00edv\u00fcl ez az energia k\u00f6zpont felel\u0151s a kreativit\u00e1s\u00e9rt, hiszen minden \u00e9let innen indul ki, \u00e9s ide tartozik nem csak az ut\u00f3d, de b\u00e1rmi m\u00e1s megalkot\u00e1sa \u00e9s l\u00e9trehoz\u00e1sa. Itt t\u00f6rt\u00e9nik szervezet\u00fcnkben az elenged\u00e9s. A Szexcsakra tov\u00e1bbi fontos feladata az ev\u00e9ssel val\u00f3 kapcsolatunk egyens\u00falyban tart\u00e1sa, \u00e9s egyben \u00f6nmagunk elfogad\u00e1sa \u00e9s szeretete. \n\nForr\u00e1s: https:\/\/www.jogaklikk.hu\/blog\/Oktober_honap_temaja_-_A_Szexcsakra_50\/","score":0,"formatted_price":"35 000 Ft","image_url":"https:\/\/www.meska.hu\/img\/product\/small\/f\/e\/fenyhozomandalak_product_334016_230514114046_02459.jpeg","formatted_url":"https:\/\/www.meska.hu\/p4975497-svadhisthana-szakralis-csakra-mandala","favourite":false,"in_stock":false,"avatar":"Fenyhozomandalak_avatar_334016_1677413797.jpg","delete_from":0,"is_enhanced_background":false,"is_enhanced":false,"product_selection_started":false,"is_active":true,"image_webp_url":"https:\/\/www.meska.hu\/img\/product\/small\/f\/e\/fenyhozomandalak_product_334016_230514114046_02459.webp"},{"id":"3399746","shop_id":"19480","user_id":"186842","shop_name":"Levendula85","shop_zip":"3811","product_code":"2942656","product_name_old":null,"product_name":"T\u00e9li szivecske","category_string":"Otthon & \u00c9letm\u00f3d, Falra akaszthat\u00f3 dekor, Fali \u00e9s f\u00fcgg\u0151 dekor\u00e1ci\u00f3, Dekor\u00e1ci\u00f3","technic_string":"Fest\u00e9szet","category_1":"942","category_2":"813","category_3":"1470","category_4":"314","merged_category_1":"0","merged_category_2":"0","merged_category_3":"785","technic_1":"480","technic_2":"0","technic_3":"0","color_1":"514","color_2":"515","color_3":"519","product_description_old":null,"product_description":"Sz\u00edv alak\u00fa kar\u00e1csonyi t\u00e1bl\u00e1cska. A t\u00e1bl\u00e1n 3D mindta is megtal\u00e1lhat\u00f3..A lak\u00e1s b\u00e1rmely r\u00e9sz\u00e9nek t\u00f6k\u00e9letes \u00fcnnepi kieg\u00e9sz\u00edt\u0151je.Adhatjuk aj\u00e1nd\u00e9kba is a csal\u00e1d \u00f6sszes tagj\u00e1nak remek aj\u00e1nd\u00e9k :) Diszithetj\u00fck vele ablakainkat,ajt\u00f3disznek is kiv\u00e1l\u00f3.\nM\u00e9rete: 20x15 cm ","price":"1500.00","unit":"db","recommended":"0","status":"1","sponsored":"0","exp_notify":"0","own_material":"0","own_material_description_old":null,"own_material_description":"","jury":"0","jury_number":"","product_nature":"","meskaracsony":"0","create_date":"2026-04-28 14:50:58","shelve_id":"44849","image":"levendula85_product_186842_181113205640_157460.jpeg","image_width":"480","image_height":"853","image_alt":"T\u00e9li szivecske, Sz\u00edv alak\u00fa kar\u00e1csonyi t\u00e1bl\u00e1cska. A t\u00e1bl\u00e1n 3D mindta is megtal\u00e1lhat\u00f3..A lak\u00e1s b\u00e1rmely r\u00e9sz\u00e9nek t\u00f6k\u00e9le..., Meska","image_title":"T\u00e9li szivecske, Meska","view_count":"1476","favourite_count":"0","trending_score":"0","last2MonthFavouriteCount":"0","promotion":"0","giftcard_accept":"1","creditcard_accept":false,"enhanced_background":"0","domain":"meska","specific_customer_id":null,"specific_customer_name":null,"to_order_product":"0","to_order_product_time":"0","product_different":null,"product_different_description":"","vintage":"0","vintage_category_id":"0","recycled":"0","gemstone_id":"0","customizable":"0","type_category":"physical","zerowaste":"0","postage_price":"2390.00","shop_order":"0","has_category":"1","landing_pages":null,"microdata":{"number":82,"category":""},"title":"T\u00e9li szivecske","description":"Sz\u00edv alak\u00fa kar\u00e1csonyi t\u00e1bl\u00e1cska. A t\u00e1bl\u00e1n 3D mindta is megtal\u00e1lhat\u00f3..A lak\u00e1s b\u00e1rmely r\u00e9sz\u00e9nek t\u00f6k\u00e9letes \u00fcnnepi kieg\u00e9sz\u00edt\u0151je.Adhatjuk aj\u00e1nd\u00e9kba is a csal\u00e1d \u00f6sszes tagj\u00e1nak remek aj\u00e1nd\u00e9k :) Diszithetj\u00fck vele ablakainkat,ajt\u00f3disznek is kiv\u00e1l\u00f3.\nM\u00e9rete: 20x15 cm ","score":0,"formatted_price":"1 500 Ft","image_url":"https:\/\/www.meska.hu\/img\/product\/small\/l\/e\/levendula85_product_186842_181113205640_157460.jpeg","formatted_url":"https:\/\/www.meska.hu\/p2942656-teli-szivecske","favourite":false,"in_stock":true,"avatar":"186842_avatar_1726227349.jpeg","delete_from":0,"is_enhanced_background":false,"is_enhanced":false,"product_selection_started":false,"is_active":true,"image_webp_url":"https:\/\/www.meska.hu\/img\/product\/small\/l\/e\/levendula85_product_186842_181113205640_157460.webp"},{"id":"3447590","shop_id":"33757","user_id":"436815","shop_name":"apottyosbogre","shop_zip":"8700","product_code":"4210424","product_name_old":null,"product_name":"\"Visszat\u00e9r a tavasz...\" - fat\u00e1bla","category_string":"Esk\u00fcv\u0151, Dekor\u00e1ci\u00f3","technic_string":"Fest\u00e9szet, Fot\u00f3, grafika, rajz, illusztr\u00e1ci\u00f3","category_1":"317","category_2":"907","category_3":"0","category_4":"0","merged_category_1":null,"merged_category_2":null,"merged_category_3":null,"technic_1":"480","technic_2":"483","technic_3":"0","color_1":"514","color_2":"519","color_3":"0","product_description_old":null,"product_description":"30x42cm-es fat\u00e1bla kalligrafikus felirattal. \n\nEgyedi sz\u00ednnel \u00e9s felirattal is k\u00e9rhet\u0151.\n\nB\u00e1rmilyen k\u00e9rd\u00e9s\/k\u00e9r\u00e9s eset\u00e9n keress bizalommal.","price":"6500.00","unit":"db","recommended":"0","status":"1","sponsored":"0","exp_notify":"0","own_material":"0","own_material_description_old":null,"own_material_description":"","jury":"0","jury_number":"","product_nature":"","meskaracsony":"0","create_date":"2026-04-28 13:50:43","shelve_id":"0","image":"apottyosbogre_product_436815_210708150820_879426.jpeg","image_width":"480","image_height":"719","image_alt":"\\\"Visszat\u00e9r a tavasz...\\\" - fat\u00e1bla, 30x42cm-es fat\u00e1bla kalligrafikus felirattal. \\n\\nEgyedi sz\u00ednnel \u00e9s felirattal is k\u00e9rhet\u0151.\\n\\nB\u00e1rmilyen k..., Meska","image_title":"\\\"Visszat\u00e9r a tavasz...\\\" - fat\u00e1bla, Meska","view_count":"991","favourite_count":"0","trending_score":"0","last2MonthFavouriteCount":"0","promotion":"0","giftcard_accept":"0","creditcard_accept":false,"enhanced_background":"0","domain":"meska","specific_customer_id":null,"specific_customer_name":null,"to_order_product":"1","to_order_product_time":"14","product_different":"different","product_different_description":"A megrendel\u0151 elk\u00e9pzel\u00e9seit\u0151l f\u00fcgg\u0151en sz\u00ednben, mint\u00e1ban \u00e9s feliratban is elt\u00e9rhet.","vintage":"0","vintage_category_id":"0","recycled":"0","gemstone_id":"0","customizable":"1","type_category":"physical","zerowaste":"0","postage_price":"2390.00","shop_order":"0","has_category":"1","landing_pages":null,"microdata":{"number":83,"category":""},"title":"\"Visszat\u00e9r a tavasz...\" - fat\u00e1bla","description":"30x42cm-es fat\u00e1bla kalligrafikus felirattal. \n\nEgyedi sz\u00ednnel \u00e9s felirattal is k\u00e9rhet\u0151.\n\nB\u00e1rmilyen k\u00e9rd\u00e9s\/k\u00e9r\u00e9s eset\u00e9n keress bizalommal.","score":0,"formatted_price":"6 500 Ft","image_url":"https:\/\/www.meska.hu\/img\/product\/small\/a\/p\/apottyosbogre_product_436815_210708150820_879426.jpeg","formatted_url":"https:\/\/www.meska.hu\/p4210424-visszater-a-tavasz-fatabla","favourite":false,"in_stock":false,"avatar":"apottyosbogre_avatar_436815_1623235575.jpg","delete_from":0,"is_enhanced_background":false,"is_enhanced":false,"product_selection_started":false,"is_active":true,"image_webp_url":"https:\/\/www.meska.hu\/img\/product\/small\/a\/p\/apottyosbogre_product_436815_210708150820_879426.webp"},{"id":"4981777","shop_id":"42475","user_id":"604484","shop_name":"LaserYou","shop_zip":"2091","product_code":"5063408","product_name_old":null,"product_name":"DIY - Mickey Mouse vil\u00e1ga, 3D hat\u00e1s\u00fa, t\u00f6bbr\u00e9teg\u0171 alkot\u00e1s","category_string":"Otthon & \u00c9letm\u00f3d, Dekor\u00e1ci\u00f3, K\u00e9p & Falik\u00e9p, 3d k\u00e9pek","technic_string":"Famegmunk\u00e1l\u00e1s, Fest\u00e9szet","category_1":"813","category_2":"314","category_3":"417","category_4":"1464","merged_category_1":"0","merged_category_2":"0","merged_category_3":"785","technic_1":"478","technic_2":"480","technic_3":"0","color_1":"514","color_2":"518","color_3":"520","product_description_old":null,"product_description":"Mickey Mouse vil\u00e1ga. Asztalra, polcra vagy falra! \n\nMagyarorsz\u00e1gon m\u00e9g nem annyira elterjedtek ezek a k\u00e9pek, hiszen munkaig\u00e9nyesek \u00e9s az alapokhoz kiv\u00e1g\u00e1s\u00e1hoz is kell egy l\u00e9zerv\u00e1g\u00f3. De pont ez\u00e9rt is tudsz vele nagy meglepet\u00e9st okozni, \u00e9s olyat adni, amit m\u00e1st\u00f3l biztos, hogy nem kap.\n\nZseni\u00e1lis \u00e9s egyedi aj\u00e1nd\u00e9k, amelybe sz\u00edved-lelked beleteheted, hiszen te fested, sz\u00ednezed ki \u00e9s ragasztod \u00f6ssze. Acryllal, kreat\u00edv filcekkel, de ak\u00e1r p\u00e1colhatod is. \u00d6szeragasztani b\u00e1rmilyen bark\u00e1csragaszt\u00f3 megfelel, ami f\u00e1ra alkalmas.\n\nAmit mi k\u00edn\u00e1lunk, hogy megkapod az egyes r\u00e9tegeket, a jelenetekkel, a grav\u00edrozott mot\u00edvumokkal, tart\u00f3s b\u00fckkf\u00e1b\u00f3l l\u00e9zerrel prec\u00edzen kiv\u00e1gva.\n\nKb. 20 x 25 cm-es m\u00e9retben.","price":"6990.00","unit":"db","recommended":"0","status":"1","sponsored":"0","exp_notify":"0","own_material":"0","own_material_description_old":null,"own_material_description":"","jury":"0","jury_number":"","product_nature":"","meskaracsony":"0","create_date":"2026-04-28 13:50:33","shelve_id":"75120","image":"laseryou_product_604484_230924120051_050138.jpeg","image_width":"480","image_height":"640","image_alt":"DIY - Mickey Mouse vil\u00e1ga, 3D hat\u00e1s\u00fa, t\u00f6bbr\u00e9teg\u0171 alkot\u00e1s, Mickey Mouse vil\u00e1ga. Asztalra, polcra vagy falra! \\n\\nMagyarorsz\u00e1gon m\u00e9g nem annyira elterjedtek ezek ..., Meska","image_title":"DIY - Mickey Mouse vil\u00e1ga, 3D hat\u00e1s\u00fa, t\u00f6bbr\u00e9teg\u0171 alkot\u00e1s, Meska","view_count":"1840","favourite_count":"0","trending_score":"0","last2MonthFavouriteCount":"0","promotion":"0","giftcard_accept":"0","creditcard_accept":false,"enhanced_background":"0","domain":"meska","specific_customer_id":null,"specific_customer_name":null,"to_order_product":"0","to_order_product_time":"0","product_different":null,"product_different_description":"","vintage":"0","vintage_category_id":"0","recycled":"1","gemstone_id":"0","customizable":"1","type_category":"physical","zerowaste":"1","postage_price":"1290.00","shop_order":"0","has_category":"1","landing_pages":"Ballag\u00e1si aj\u00e1nd\u00e9kok \u00e9s kieg\u00e9sz\u00edt\u0151k","microdata":{"number":84,"category":""},"title":"DIY - Mickey Mouse vil\u00e1ga, 3D hat\u00e1s\u00fa, t\u00f6bbr\u00e9teg\u0171 alkot\u00e1s","description":"Mickey Mouse vil\u00e1ga. Asztalra, polcra vagy falra! \n\nMagyarorsz\u00e1gon m\u00e9g nem annyira elterjedtek ezek a k\u00e9pek, hiszen munkaig\u00e9nyesek \u00e9s az alapokhoz kiv\u00e1g\u00e1s\u00e1hoz is kell egy l\u00e9zerv\u00e1g\u00f3. De pont ez\u00e9rt is tudsz vele nagy meglepet\u00e9st okozni, \u00e9s olyat adni, amit m\u00e1st\u00f3l biztos, hogy nem kap.\n\nZseni\u00e1lis \u00e9s egyedi aj\u00e1nd\u00e9k, amelybe sz\u00edved-lelked beleteheted, hiszen te fested, sz\u00ednezed ki \u00e9s ragasztod \u00f6ssze. Acryllal, kreat\u00edv filcekkel, de ak\u00e1r p\u00e1colhatod is. \u00d6szeragasztani b\u00e1rmilyen bark\u00e1csragaszt\u00f3 megfelel, ami f\u00e1ra alkalmas.\n\nAmit mi k\u00edn\u00e1lunk, hogy megkapod az egyes r\u00e9tegeket, a jelenetekkel, a grav\u00edrozott mot\u00edvumokkal, tart\u00f3s b\u00fckkf\u00e1b\u00f3l l\u00e9zerrel prec\u00edzen kiv\u00e1gva.\n\nKb. 20 x 25 cm-es m\u00e9retben.","score":0,"formatted_price":"6 990 Ft","image_url":"https:\/\/www.meska.hu\/img\/product\/small\/l\/a\/laseryou_product_604484_230924120051_050138.jpeg","formatted_url":"https:\/\/www.meska.hu\/p5063408-mickey-mouse-vilaga","favourite":false,"in_stock":true,"avatar":"604484_avatar_1765654713.png","delete_from":0,"is_enhanced_background":false,"is_enhanced":false,"product_selection_started":false,"is_active":true,"image_webp_url":"https:\/\/www.meska.hu\/img\/product\/small\/l\/a\/laseryou_product_604484_230924120051_050138.webp"},{"id":"6178467","shop_id":"40935","user_id":"22314","shop_name":"LINDesign","shop_zip":"6523","product_code":"5769802","product_name_old":null,"product_name":"Ajt\u00f3t\u00e1bla, ajt\u00f3 jel\u00f6l\u0151 t\u00e1bla - F\u00fcrd\u0151","category_string":"Otthon & \u00c9letm\u00f3d, Dekor\u00e1ci\u00f3, Ajt\u00f3- \u00e9s ablak dekor\u00e1ci\u00f3, Ajt\u00f3t\u00e1bla","technic_string":"Fest\u00e9szet, Festett t\u00e1rgyak","category_1":"813","category_2":"314","category_3":"1468","category_4":"1469","merged_category_1":null,"merged_category_2":null,"merged_category_3":null,"technic_1":"480","technic_2":"481","technic_3":"0","color_1":"519","color_2":"520","color_3":"526","product_description_old":null,"product_description":"Saj\u00e1t tervez\u00e9s\u0171 k\u00e9zzel festett ajt\u00f3t\u00e1bla.\nEz az ajt\u00f3jel\u00f6l\u0151 t\u00e1bla a h\u00e1z d\u00edsze is lehet.\nModern, min\u0151s\u00e9gi, egyedi.\nK\u00e9zzel festett, a minta nem kopik le.\nVastag laz\u00farral kezelve !\nMinden darab egyedileg k\u00e9sz\u00fcl, \u00edgy az elk\u00e9sz\u00fcl\u00e9si id\u0151 kb. 10 nap.\nA sz\u00ednek k\u00e9r\u00e9sre v\u00e1ltoztathat\u00f3ak.\nEgyedi elk\u00e9pzel\u00e9st is megval\u00f3s\u00edtok.\nAnyaga: t\u00f6m\u00f6r fa\nM\u00e9rete: 11 x 1 cm","price":"2500.00","unit":"db","recommended":"0","status":"1","sponsored":"0","exp_notify":"0","own_material":"0","own_material_description_old":null,"own_material_description":"","jury":"0","jury_number":"","product_nature":"","meskaracsony":"0","create_date":"2026-04-28 13:28:03","shelve_id":"0","image":"lindesign_product_22314_240123175725_454936.jpeg","image_width":"480","image_height":"640","image_alt":"Ajt\u00f3t\u00e1bla, ajt\u00f3 jel\u00f6l\u0151 t\u00e1bla - F\u00fcrd\u0151, Saj\u00e1t tervez\u00e9s\u0171 k\u00e9zzel festett ajt\u00f3t\u00e1bla.\\nEz az ajt\u00f3jel\u00f6l\u0151 t\u00e1bla a h\u00e1z d\u00edsze is lehet.\\nModern, min\u0151s..., Meska","image_title":"Ajt\u00f3t\u00e1bla, ajt\u00f3 jel\u00f6l\u0151 t\u00e1bla - F\u00fcrd\u0151, Meska","view_count":"52","favourite_count":"0","trending_score":"0","last2MonthFavouriteCount":"0","promotion":"0","giftcard_accept":"0","creditcard_accept":false,"enhanced_background":"0","domain":"meska","specific_customer_id":null,"specific_customer_name":null,"to_order_product":"1","to_order_product_time":"10","product_different":null,"product_different_description":"","vintage":"0","vintage_category_id":"0","recycled":"0","gemstone_id":"0","customizable":"0","type_category":"physical","zerowaste":"0","postage_price":"1435.00","shop_order":"0","has_category":"1","landing_pages":null,"microdata":{"number":85,"category":""},"title":"Ajt\u00f3t\u00e1bla, ajt\u00f3 jel\u00f6l\u0151 t\u00e1bla - F\u00fcrd\u0151","description":"Saj\u00e1t tervez\u00e9s\u0171 k\u00e9zzel festett ajt\u00f3t\u00e1bla.\nEz az ajt\u00f3jel\u00f6l\u0151 t\u00e1bla a h\u00e1z d\u00edsze is lehet.\nModern, min\u0151s\u00e9gi, egyedi.\nK\u00e9zzel festett, a minta nem kopik le.\nVastag laz\u00farral kezelve !\nMinden darab egyedileg k\u00e9sz\u00fcl, \u00edgy az elk\u00e9sz\u00fcl\u00e9si id\u0151 kb. 10 nap.\nA sz\u00ednek k\u00e9r\u00e9sre v\u00e1ltoztathat\u00f3ak.\nEgyedi elk\u00e9pzel\u00e9st is megval\u00f3s\u00edtok.\nAnyaga: t\u00f6m\u00f6r fa\nM\u00e9rete: 11 x 1 cm","score":0,"formatted_price":"2 500 Ft","image_url":"https:\/\/www.meska.hu\/img\/product\/small\/l\/i\/lindesign_product_22314_240123175725_454936.jpeg","formatted_url":"https:\/\/www.meska.hu\/p5769802-ajtotabla-ajto-jelolo-tabla-furdo","favourite":false,"in_stock":false,"avatar":"LINDesign_avatar_22314_1681318422.jpg","delete_from":0,"is_enhanced_background":false,"is_enhanced":false,"product_selection_started":false,"is_active":true,"image_webp_url":"https:\/\/www.meska.hu\/img\/product\/small\/l\/i\/lindesign_product_22314_240123175725_454936.webp"},{"id":"4963245","shop_id":"7767","user_id":"34210","shop_name":"hermareszdekor","shop_zip":"4551","product_code":"5052627","product_name_old":null,"product_name":"\u00d3vodai jel (Nat\u00far fa ov\u00e1lis)4x8cm","category_string":"J\u00e1t\u00e9k & Sport, Ovis felszerel\u00e9s, \u00d3vodai jelek","technic_string":"Famegmunk\u00e1l\u00e1s, Fest\u00e9szet","category_1":"305","category_2":"909","category_3":"1045","category_4":"0","merged_category_1":"0","merged_category_2":"784","merged_category_3":"0","technic_1":"478","technic_2":"480","technic_3":"0","color_1":"534","color_2":"0","color_3":"0","product_description_old":null,"product_description":"Hermaresz\u00f3voda\n\n\u00d3vodai jelek k\u00e9sz\u00edt\u00e9s\u00e9t v\u00e1llalom .\nTart\u00f3s sz\u00edntart\u00f3 \u00e9s v\u00edz\u00e1ll\u00f3.\nA k\u00e9pen l\u00e1that\u00f3 nat\u00far fa ov\u00e1lis forma jel k\u00e9tf\u00e9le m\u00e9retben kaphat\u00f3:\n4x8cm\n\nJelek list\u00e1j\u00e1t a term\u00e9k megv\u00e1s\u00e1rol\u00e1sa ut\u00e1n k\u00e9rem.\nB\u00e1rmilyen jelet el tudok k\u00e9sz\u00edteni.\nA term\u00e9k r\u00f6gz\u00edthet\u0151 k\u00e9t oldalas ragaszt\u00f3val vagy k\u00e9r\u00e9sre furattal k\u00fcldj\u00fck.\nB\u00e1rmilyen mennyis\u00e9gben el\u00e9rhet\u0151.\nElk\u00e9sz\u00fcl\u00e9si id\u0151 3-10 munkanap.\nPostai \u00faton darabsz\u00e1mt\u00f3l f\u00fcgg\u0151en lev\u00e9lk\u00e9nt , csomagk\u00e9nt vagy automat\u00e1ba tudom k\u00fcldeni.\nB\u00e1rmilyen k\u00e9rd\u00e9sre sz\u00edvesen v\u00e1laszolok.\n","price":"650.00","unit":"db","recommended":"0","status":"1","sponsored":"0","exp_notify":"0","own_material":"0","own_material_description_old":null,"own_material_description":"","jury":"0","jury_number":"","product_nature":"","meskaracsony":"0","create_date":"2026-04-28 13:06:16","shelve_id":"53014","image":"hermareszdekor_product_34210_230727052351_488422.jpeg","image_width":"480","image_height":"339","image_alt":"\u00d3vodai jel (Nat\u00far fa ov\u00e1lis)4x8cm, Hermaresz\u00f3voda\\n\\n\u00d3vodai jelek k\u00e9sz\u00edt\u00e9s\u00e9t v\u00e1llalom .\\nTart\u00f3s sz\u00edntart\u00f3 \u00e9s v\u00edz\u00e1ll\u00f3.\\nA k\u00e9pen l\u00e1that\u00f3 nat\u00fa..., Meska","image_title":"\u00d3vodai jel (Nat\u00far fa ov\u00e1lis)4x8cm, Meska","view_count":"1686","favourite_count":"0","trending_score":"0","last2MonthFavouriteCount":"0","promotion":"0","giftcard_accept":"1","creditcard_accept":false,"enhanced_background":"0","domain":"meska","specific_customer_id":null,"specific_customer_name":null,"to_order_product":"1","to_order_product_time":"10","product_different":"quite_different","product_different_description":"Sz\u00edn\u00e1rnyalatok","vintage":"0","vintage_category_id":"0","recycled":"0","gemstone_id":"0","customizable":"0","type_category":"physical","zerowaste":"0","postage_price":"1290.00","shop_order":"0","has_category":"1","landing_pages":null,"microdata":{"number":86,"category":""},"title":"\u00d3vodai jel (Nat\u00far fa ov\u00e1lis)4x8cm","description":"Hermaresz\u00f3voda\n\n\u00d3vodai jelek k\u00e9sz\u00edt\u00e9s\u00e9t v\u00e1llalom .\nTart\u00f3s sz\u00edntart\u00f3 \u00e9s v\u00edz\u00e1ll\u00f3.\nA k\u00e9pen l\u00e1that\u00f3 nat\u00far fa ov\u00e1lis forma jel k\u00e9tf\u00e9le m\u00e9retben kaphat\u00f3:\n4x8cm\n\nJelek list\u00e1j\u00e1t a term\u00e9k megv\u00e1s\u00e1rol\u00e1sa ut\u00e1n k\u00e9rem.\nB\u00e1rmilyen jelet el tudok k\u00e9sz\u00edteni.\nA term\u00e9k r\u00f6gz\u00edthet\u0151 k\u00e9t oldalas ragaszt\u00f3val vagy k\u00e9r\u00e9sre furattal k\u00fcldj\u00fck.\nB\u00e1rmilyen mennyis\u00e9gben el\u00e9rhet\u0151.\nElk\u00e9sz\u00fcl\u00e9si id\u0151 3-10 munkanap.\nPostai \u00faton darabsz\u00e1mt\u00f3l f\u00fcgg\u0151en lev\u00e9lk\u00e9nt , csomagk\u00e9nt vagy automat\u00e1ba tudom k\u00fcldeni.\nB\u00e1rmilyen k\u00e9rd\u00e9sre sz\u00edvesen v\u00e1laszolok.\n","score":0,"formatted_price":"650 Ft","image_url":"https:\/\/www.meska.hu\/img\/product\/small\/h\/e\/hermareszdekor_product_34210_230727052351_488422.jpeg","formatted_url":"https:\/\/www.meska.hu\/p5052627-ovodai-jel-natur-fa-ovalis4x8cm","favourite":false,"in_stock":false,"avatar":"hermareszdekor_avatar_34210_1535693442.jpg","delete_from":0,"is_enhanced_background":false,"is_enhanced":false,"product_selection_started":false,"is_active":true,"image_webp_url":"https:\/\/www.meska.hu\/img\/product\/small\/h\/e\/hermareszdekor_product_34210_230727052351_488422.webp"},{"id":"6147627","shop_id":"40935","user_id":"22314","shop_name":"LINDesign","shop_zip":"6523","product_code":"5753911","product_name_old":null,"product_name":"Simon' s cat - Konyha ajt\u00f3jel\u00f6l\u0151 t\u00e1bla, ajt\u00f3 jel\u00f6l\u0151 t\u00e1bla, ajt\u00f3d\u00edsz, kopogtat\u00f3","category_string":"Otthon & \u00c9letm\u00f3d, Dekor\u00e1ci\u00f3, Ajt\u00f3- \u00e9s ablak dekor\u00e1ci\u00f3, Ajt\u00f3t\u00e1bla","technic_string":"Fest\u00e9szet, Festett t\u00e1rgyak","category_1":"813","category_2":"314","category_3":"1468","category_4":"1469","merged_category_1":null,"merged_category_2":null,"merged_category_3":null,"technic_1":"480","technic_2":"481","technic_3":"0","color_1":"519","color_2":"523","color_3":"527","product_description_old":null,"product_description":"Saj\u00e1t tervez\u00e9s\u0171 k\u00e9zzel festett ajt\u00f3t\u00e1bla, felirat .\nEz az ajt\u00f3jel\u00f6l\u0151 t\u00e1bla a h\u00e1z d\u00edsze is lehet.\nModern, min\u0151s\u00e9gi, egyedi.\nK\u00e9zzel festett, a minta nem kopik le.\nVastag laz\u00farral kezelve !\nK\u00e9rheted k\u00e9toldalas ragaszt\u00f3val, \u00e1tf\u00farva vagy  szalaggal.\nMinden darab egyedileg k\u00e9sz\u00fcl, \u00edgy az elk\u00e9sz\u00fcl\u00e9si id\u0151 kb. 10 nap.\nEgyedi elk\u00e9pzel\u00e9st is megval\u00f3s\u00edtok.\nAnyaga: t\u00f6m\u00f6r fa\nM\u00e9rete: 11 x 1 cm","price":"2500.00","unit":"db","recommended":"0","status":"1","sponsored":"0","exp_notify":"0","own_material":"0","own_material_description_old":null,"own_material_description":"","jury":"0","jury_number":"","product_nature":"","meskaracsony":"0","create_date":"2026-04-28 12:28:56","shelve_id":"0","image":"lindesign_product_22314_240228111826_034923.jpeg","image_width":"480","image_height":"640","image_alt":"Simon\\' s cat - Konyha ajt\u00f3jel\u00f6l\u0151 t\u00e1bla, ajt\u00f3 jel\u00f6l\u0151 t\u00e1bla, ajt\u00f3d\u00edsz, kopogtat\u00f3, Saj\u00e1t tervez\u00e9s\u0171 k\u00e9zzel festett ajt\u00f3t\u00e1bla, felirat .\\nEz az ajt\u00f3jel\u00f6l\u0151 t\u00e1bla a h\u00e1z d\u00edsze is lehet.\\nMod..., Meska","image_title":"Simon\\' s cat - Konyha ajt\u00f3jel\u00f6l\u0151 t\u00e1bla, ajt\u00f3 jel\u00f6l\u0151 t\u00e1bla, ajt\u00f3d\u00edsz, kopogtat\u00f3, Meska","view_count":"52","favourite_count":"1","trending_score":"0","last2MonthFavouriteCount":"1","promotion":"0","giftcard_accept":"0","creditcard_accept":false,"enhanced_background":"0","domain":"meska","specific_customer_id":null,"specific_customer_name":null,"to_order_product":"1","to_order_product_time":"10","product_different":null,"product_different_description":"","vintage":"0","vintage_category_id":"0","recycled":"0","gemstone_id":"0","customizable":"0","type_category":"physical","zerowaste":"0","postage_price":"1435.00","shop_order":"0","has_category":"1","landing_pages":null,"microdata":{"number":87,"category":""},"title":"Simon' s cat - Konyha ajt\u00f3jel\u00f6l\u0151 t\u00e1bla, ajt\u00f3 jel\u00f6l\u0151 t\u00e1bla, ajt\u00f3d\u00edsz, kopogtat\u00f3","description":"Saj\u00e1t tervez\u00e9s\u0171 k\u00e9zzel festett ajt\u00f3t\u00e1bla, felirat .\nEz az ajt\u00f3jel\u00f6l\u0151 t\u00e1bla a h\u00e1z d\u00edsze is lehet.\nModern, min\u0151s\u00e9gi, egyedi.\nK\u00e9zzel festett, a minta nem kopik le.\nVastag laz\u00farral kezelve !\nK\u00e9rheted k\u00e9toldalas ragaszt\u00f3val, \u00e1tf\u00farva vagy  szalaggal.\nMinden darab egyedileg k\u00e9sz\u00fcl, \u00edgy az elk\u00e9sz\u00fcl\u00e9si id\u0151 kb. 10 nap.\nEgyedi elk\u00e9pzel\u00e9st is megval\u00f3s\u00edtok.\nAnyaga: t\u00f6m\u00f6r fa\nM\u00e9rete: 11 x 1 cm","score":0,"formatted_price":"2 500 Ft","image_url":"https:\/\/www.meska.hu\/img\/product\/small\/l\/i\/lindesign_product_22314_240228111826_034923.jpeg","formatted_url":"https:\/\/www.meska.hu\/p5753911-simon-s-cat-konyha-ajtojelolo-tabla-ajto-jelolo-tabla-ajtodisz-kopogtato","favourite":false,"in_stock":false,"avatar":"LINDesign_avatar_22314_1681318422.jpg","delete_from":0,"is_enhanced_background":false,"is_enhanced":false,"product_selection_started":false,"is_active":true,"image_webp_url":"https:\/\/www.meska.hu\/img\/product\/small\/l\/i\/lindesign_product_22314_240228111826_034923.webp"},{"id":"6147630","shop_id":"40935","user_id":"22314","shop_name":"LINDesign","shop_zip":"6523","product_code":"5753914","product_name_old":null,"product_name":"Simon' cat  - Kamra - Ajt\u00f3jel\u00f6l\u0151 t\u00e1bla, ajt\u00f3 jel\u00f6l\u0151 t\u00e1bla, n\u00e9vt\u00e1bla, felirat, kopogtat\u00f3","category_string":"Otthon & \u00c9letm\u00f3d, Dekor\u00e1ci\u00f3, Ajt\u00f3- \u00e9s ablak dekor\u00e1ci\u00f3, Ajt\u00f3t\u00e1bla","technic_string":"Fest\u00e9szet, Festett t\u00e1rgyak","category_1":"813","category_2":"314","category_3":"1468","category_4":"1469","merged_category_1":null,"merged_category_2":null,"merged_category_3":null,"technic_1":"480","technic_2":"481","technic_3":"0","color_1":"519","color_2":"520","color_3":"527","product_description_old":null,"product_description":"Saj\u00e1t tervez\u00e9s\u0171 k\u00e9zzel festett ajt\u00f3t\u00e1bla, felirat .\nEz az ajt\u00f3jel\u00f6l\u0151 t\u00e1bla a h\u00e1z d\u00edsze is lehet.\nModern, min\u0151s\u00e9gi, egyedi.\nK\u00e9zzel festett, a minta nem kopik le.\nVastag laz\u00farral kezelve !\nK\u00e9rheted k\u00e9toldalas ragaszt\u00f3val vagy \u00e1tf\u00farva, szalaggal.\nMinden darab egyedileg k\u00e9sz\u00fcl, \u00edgy az elk\u00e9sz\u00fcl\u00e9si id\u0151 kb. 10 nap.\nEgyedi elk\u00e9pzel\u00e9st is megval\u00f3s\u00edtok.\nAnyaga: t\u00f6m\u00f6r fa\nM\u00e9rete: 11 x 1 cm","price":"3500.00","unit":"db","recommended":"0","status":"1","sponsored":"0","exp_notify":"0","own_material":"0","own_material_description_old":null,"own_material_description":"","jury":"0","jury_number":"","product_nature":"","meskaracsony":"0","create_date":"2026-04-28 12:28:52","shelve_id":"0","image":"lindesign_product_22314_240721180132_22786.jpeg","image_width":"480","image_height":"640","image_alt":"Simon\\' cat  - Kamra - Ajt\u00f3jel\u00f6l\u0151 t\u00e1bla, ajt\u00f3 jel\u00f6l\u0151 t\u00e1bla, n\u00e9vt\u00e1bla, felirat, kopogtat\u00f3, Saj\u00e1t tervez\u00e9s\u0171 k\u00e9zzel festett ajt\u00f3t\u00e1bla, felirat .\\nEz az ajt\u00f3jel\u00f6l\u0151 t\u00e1bla a h\u00e1z d\u00edsze is lehet.\\nMod..., Meska","image_title":"Simon\\' cat  - Kamra - Ajt\u00f3jel\u00f6l\u0151 t\u00e1bla, ajt\u00f3 jel\u00f6l\u0151 t\u00e1bla, n\u00e9vt\u00e1bla, felirat, kopogtat\u00f3, Meska","view_count":"66","favourite_count":"1","trending_score":"0","last2MonthFavouriteCount":"1","promotion":"0","giftcard_accept":"0","creditcard_accept":false,"enhanced_background":"0","domain":"meska","specific_customer_id":null,"specific_customer_name":null,"to_order_product":"1","to_order_product_time":"10","product_different":null,"product_different_description":"","vintage":"0","vintage_category_id":"0","recycled":"0","gemstone_id":"0","customizable":"0","type_category":"physical","zerowaste":"0","postage_price":"1435.00","shop_order":"0","has_category":"1","landing_pages":null,"microdata":{"number":88,"category":""},"title":"Simon' cat  - Kamra - Ajt\u00f3jel\u00f6l\u0151 t\u00e1bla, ajt\u00f3 jel\u00f6l\u0151 t\u00e1bla, n\u00e9vt\u00e1bla, felirat, kopogtat\u00f3","description":"Saj\u00e1t tervez\u00e9s\u0171 k\u00e9zzel festett ajt\u00f3t\u00e1bla, felirat .\nEz az ajt\u00f3jel\u00f6l\u0151 t\u00e1bla a h\u00e1z d\u00edsze is lehet.\nModern, min\u0151s\u00e9gi, egyedi.\nK\u00e9zzel festett, a minta nem kopik le.\nVastag laz\u00farral kezelve !\nK\u00e9rheted k\u00e9toldalas ragaszt\u00f3val vagy \u00e1tf\u00farva, szalaggal.\nMinden darab egyedileg k\u00e9sz\u00fcl, \u00edgy az elk\u00e9sz\u00fcl\u00e9si id\u0151 kb. 10 nap.\nEgyedi elk\u00e9pzel\u00e9st is megval\u00f3s\u00edtok.\nAnyaga: t\u00f6m\u00f6r fa\nM\u00e9rete: 11 x 1 cm","score":0,"formatted_price":"3 500 Ft","image_url":"https:\/\/www.meska.hu\/img\/product\/small\/l\/i\/lindesign_product_22314_240721180132_22786.jpeg","formatted_url":"https:\/\/www.meska.hu\/p5753914-simon-cat-kamra-ajtojelolo-tabla-ajto-jelolo-tabla-nevtabla-felirat-kopogtato","favourite":false,"in_stock":false,"avatar":"LINDesign_avatar_22314_1681318422.jpg","delete_from":0,"is_enhanced_background":false,"is_enhanced":false,"product_selection_started":false,"is_active":true,"image_webp_url":"https:\/\/www.meska.hu\/img\/product\/small\/l\/i\/lindesign_product_22314_240721180132_22786.webp"},{"id":"5907391","shop_id":"49976","user_id":"380600","shop_name":"Szobrok","shop_zip":"3023","product_code":"5613524","product_name_old":null,"product_name":"Pel\u00e9 szobor","category_string":"Otthon & \u00c9letm\u00f3d, Dekor\u00e1ci\u00f3, Dekorat\u00edv figur\u00e1k \u00e9s szobrok","technic_string":"Fest\u00e9szet, Festett t\u00e1rgyak","category_1":"813","category_2":"314","category_3":"370","category_4":"0","merged_category_1":null,"merged_category_2":null,"merged_category_3":null,"technic_1":"480","technic_2":"481","technic_3":"0","color_1":"512","color_2":"0","color_3":"0","product_description_old":null,"product_description":"A szobor egyedi 3d modellez\u00e9ssel k\u00e9sz\u00fclt. A term\u00e9k magas felbont\u00e1s\u00fa 3d nyomtat\u00e1ssal k\u00e9sz\u00fcl. A fest\u00e9s k\u00e9zzel k\u00e9sz\u00fcl. \n\nA term\u00e9k magass\u00e1ga: 11 cm.","price":"10000.00","unit":"db","recommended":"0","status":"1","sponsored":"0","exp_notify":"0","own_material":"0","own_material_description_old":null,"own_material_description":"","jury":"0","jury_number":"","product_nature":"","meskaracsony":"0","create_date":"2026-04-28 11:49:09","shelve_id":"0","image":"szobrok_product_380600_250904122923_326841.png","image_width":"480","image_height":"480","image_alt":"Pel\u00e9 szobor, A szobor egyedi 3d modellez\u00e9ssel k\u00e9sz\u00fclt. A term\u00e9k magas felbont\u00e1s\u00fa 3d nyomtat\u00e1ssal k\u00e9sz\u00fcl. A fest\u00e9s..., Meska","image_title":"Pel\u00e9 szobor, Meska","view_count":"166","favourite_count":"0","trending_score":"0","last2MonthFavouriteCount":"0","promotion":"0","giftcard_accept":"0","creditcard_accept":true,"enhanced_background":"0","domain":"meska","specific_customer_id":null,"specific_customer_name":null,"to_order_product":"0","to_order_product_time":"0","product_different":null,"product_different_description":"","vintage":"0","vintage_category_id":"0","recycled":"0","gemstone_id":"0","customizable":"0","type_category":"physical","zerowaste":"0","postage_price":"1290.00","shop_order":"0","has_category":"1","landing_pages":null,"microdata":{"number":89,"category":""},"title":"Pel\u00e9 szobor","description":"A szobor egyedi 3d modellez\u00e9ssel k\u00e9sz\u00fclt. A term\u00e9k magas felbont\u00e1s\u00fa 3d nyomtat\u00e1ssal k\u00e9sz\u00fcl. A fest\u00e9s k\u00e9zzel k\u00e9sz\u00fcl. \n\nA term\u00e9k magass\u00e1ga: 11 cm.","score":0,"formatted_price":"10 000 Ft","image_url":"https:\/\/www.meska.hu\/img\/product\/small\/s\/z\/szobrok_product_380600_250904122923_326841.png","formatted_url":"https:\/\/www.meska.hu\/p5613524-pele-szobor","favourite":false,"in_stock":true,"avatar":"380600_avatar_1756629932.jpeg","delete_from":0,"is_enhanced_background":false,"is_enhanced":false,"product_selection_started":false,"is_active":true,"image_webp_url":"https:\/\/www.meska.hu\/img\/product\/small\/s\/z\/szobrok_product_380600_250904122923_326841.webp"},{"id":"5643610","shop_id":"37189","user_id":"493295","shop_name":"DirectSketch","shop_zip":"9300","product_code":"5464330","product_name_old":null,"product_name":"Egyedi festm\u00e9ny - kis\u00e1llat portr\u00e9 30 x 30 cm","category_string":"M\u0171v\u00e9szet, Festm\u00e9ny, Akril","technic_string":"Fest\u00e9szet","category_1":"357","category_2":"358","category_3":"359","category_4":"0","merged_category_1":null,"merged_category_2":null,"merged_category_3":null,"technic_1":"480","technic_2":"0","technic_3":"0","color_1":"519","color_2":"0","color_3":"0","product_description_old":null,"product_description":"Az egyedi, igaz\u00e1n szem\u00e9lyre sz\u00f3l\u00f3 aj\u00e1nd\u00e9k egyik legmagasabb min\u0151s\u00e9get k\u00e9pvisel\u0151 form\u00e1ja az egyedi portr\u00e9 fest\u00e9s. \n\nSz\u00edvemnek legkedvesebb t\u00e9ma a minket k\u00f6r\u00fclvev\u0151 \u00e1llatok, \u00e9s ez a m\u00e9ly tisztelet \u00e9s szeretet k\u00e9pezi a r\u00f3luk sz\u00f3l\u00f3 festm\u00e9nyeim alapj\u00e1t, amire akril fest\u00e9kkel \u00e9p\u00edtkezem, v\u00e9g\u00fcl egy UV hat\u00e1sokt\u00f3l is v\u00e9d\u0151 lakkr\u00e9teggel z\u00e1rom az alkot\u00e1st. \nFestm\u00e9nyeimet az oldalakra is tov\u00e1bb futtatom, \u00edgy azok ak\u00e1r keretez\u00e9s n\u00e9lk\u00fcl, \u00f6nmagukban is remelk\u00fcl mutatnak a falon, azonnal akaszthat\u00f3ak. \n\nFestm\u00e9nyeim 30 x 30 cm-es fa alapra, vagy ugyanekkora m\u00e9ret\u0171 v\u00e1szonra k\u00e9sz\u00fclnek, az alap megv\u00e1laszt\u00e1sa term\u00e9szetesen szabadon v\u00e1laszthat\u00f3, kinek melyik szimpatikusabb.  \n\nNagyobb, elt\u00e9r\u0151 ar\u00e1ny\u00fa m\u00e9retek fest\u00e9s\u00e9t is sz\u00edvesen v\u00e1llalom, annak \u00e1raz\u00e1sa \u00e9s elk\u00e9sz\u00edt\u00e9si ideje mindig egyedi, ez\u00e9rt ha nagyobb m\u00e9retben gondolkozol, el\u0151tte nyugodtan keress meg \u00fczenetben \u00e9s minden k\u00f6t\u00f6tts\u00e9gt\u0151l f\u00fcggetlen\u00fcl sz\u00edvesen seg\u00edtek a pontos\u00edt\u00e1sban. :)\n\nAz elk\u00e9sz\u00edt\u00e9si id\u0151 \u00e1tlagosan 5-7 nap, amiben a lakkoz\u00e1s sz\u00e1ll\u00edt\u00e1sbiztos sz\u00e1rad\u00e1sa is beletartozik. S\u00fcrg\u0151sebb hat\u00e1rid\u0151 eset\u00e9n kapacit\u00e1somt\u00f3l f\u00fcgg\u0151en van lehet\u0151s\u00e9g. Ha erre lenne sz\u00fcks\u00e9g, mindenk\u00e9pp egyeztess\u00fcnk megrendel\u00e9s el\u0151tt!\n\nSzem\u00e9lyes \u00e1tv\u00e9telre P\u00e1p\u00e1n van lehet\u0151s\u00e9g, illetve el\u0151re egyeztetett id\u0151pontban ig\u00e9ny szerint Gy\u0151rben. \n\nA felt\u00fcntetett \u00e1r term\u00e9szetesen az \u00e1f\u00e1t is tartalmazza, v\u00e1llalkoz\u00e1si form\u00e1mb\u00f3l ad\u00f3d\u00f3an c\u00e9gek r\u00e9sz\u00e9re is van lehet\u0151s\u00e9g a sz\u00e1ml\u00e1z\u00e1sra. \n\n\n\n\n","price":"29000.00","unit":"db","recommended":"0","status":"1","sponsored":"0","exp_notify":"0","own_material":"0","own_material_description_old":null,"own_material_description":"","jury":"0","jury_number":"","product_nature":"","meskaracsony":"0","create_date":"2026-04-28 11:49:06","shelve_id":"0","image":"directsketch_product_493295_250103105224_21296.jpeg","image_width":"480","image_height":"480","image_alt":"Egyedi festm\u00e9ny - kis\u00e1llat portr\u00e9 30 x 30 cm, Az egyedi, igaz\u00e1n szem\u00e9lyre sz\u00f3l\u00f3 aj\u00e1nd\u00e9k egyik legmagasabb min\u0151s\u00e9get k\u00e9pvisel\u0151 form\u00e1ja az egyedi po..., Meska","image_title":"Egyedi festm\u00e9ny - kis\u00e1llat portr\u00e9 30 x 30 cm, Meska","view_count":"509","favourite_count":"0","trending_score":"0","last2MonthFavouriteCount":"0","promotion":"0","giftcard_accept":"0","creditcard_accept":true,"enhanced_background":"0","domain":"meska","specific_customer_id":null,"specific_customer_name":null,"to_order_product":"1","to_order_product_time":"7","product_different":null,"product_different_description":"","vintage":"0","vintage_category_id":"0","recycled":"0","gemstone_id":"0","customizable":"1","type_category":"physical","zerowaste":"0","postage_price":"1290.00","shop_order":"0","has_category":"1","landing_pages":null,"microdata":{"number":90,"category":""},"title":"Egyedi festm\u00e9ny - kis\u00e1llat portr\u00e9 30 x 30 cm","description":"Az egyedi, igaz\u00e1n szem\u00e9lyre sz\u00f3l\u00f3 aj\u00e1nd\u00e9k egyik legmagasabb min\u0151s\u00e9get k\u00e9pvisel\u0151 form\u00e1ja az egyedi portr\u00e9 fest\u00e9s. \n\nSz\u00edvemnek legkedvesebb t\u00e9ma a minket k\u00f6r\u00fclvev\u0151 \u00e1llatok, \u00e9s ez a m\u00e9ly tisztelet \u00e9s szeretet k\u00e9pezi a r\u00f3luk sz\u00f3l\u00f3 festm\u00e9nyeim alapj\u00e1t, amire akril fest\u00e9kkel \u00e9p\u00edtkezem, v\u00e9g\u00fcl egy UV hat\u00e1sokt\u00f3l is v\u00e9d\u0151 lakkr\u00e9teggel z\u00e1rom az alkot\u00e1st. \nFestm\u00e9nyeimet az oldalakra is tov\u00e1bb futtatom, \u00edgy azok ak\u00e1r keretez\u00e9s n\u00e9lk\u00fcl, \u00f6nmagukban is remelk\u00fcl mutatnak a falon, azonnal akaszthat\u00f3ak. \n\nFestm\u00e9nyeim 30 x 30 cm-es fa alapra, vagy ugyanekkora m\u00e9ret\u0171 v\u00e1szonra k\u00e9sz\u00fclnek, az alap megv\u00e1laszt\u00e1sa term\u00e9szetesen szabadon v\u00e1laszthat\u00f3, kinek melyik szimpatikusabb.  \n\nNagyobb, elt\u00e9r\u0151 ar\u00e1ny\u00fa m\u00e9retek fest\u00e9s\u00e9t is sz\u00edvesen v\u00e1llalom, annak \u00e1raz\u00e1sa \u00e9s elk\u00e9sz\u00edt\u00e9si ideje mindig egyedi, ez\u00e9rt ha nagyobb m\u00e9retben gondolkozol, el\u0151tte nyugodtan keress meg \u00fczenetben \u00e9s minden k\u00f6t\u00f6tts\u00e9gt\u0151l f\u00fcggetlen\u00fcl sz\u00edvesen seg\u00edtek a pontos\u00edt\u00e1sban. :)\n\nAz elk\u00e9sz\u00edt\u00e9si id\u0151 \u00e1tlagosan 5-7 nap, amiben a lakkoz\u00e1s sz\u00e1ll\u00edt\u00e1sbiztos sz\u00e1rad\u00e1sa is beletartozik. S\u00fcrg\u0151sebb hat\u00e1rid\u0151 eset\u00e9n kapacit\u00e1somt\u00f3l f\u00fcgg\u0151en van lehet\u0151s\u00e9g. Ha erre lenne sz\u00fcks\u00e9g, mindenk\u00e9pp egyeztess\u00fcnk megrendel\u00e9s el\u0151tt!\n\nSzem\u00e9lyes \u00e1tv\u00e9telre P\u00e1p\u00e1n van lehet\u0151s\u00e9g, illetve el\u0151re egyeztetett id\u0151pontban ig\u00e9ny szerint Gy\u0151rben. \n\nA felt\u00fcntetett \u00e1r term\u00e9szetesen az \u00e1f\u00e1t is tartalmazza, v\u00e1llalkoz\u00e1si form\u00e1mb\u00f3l ad\u00f3d\u00f3an c\u00e9gek r\u00e9sz\u00e9re is van lehet\u0151s\u00e9g a sz\u00e1ml\u00e1z\u00e1sra. \n\n\n\n\n","score":0,"formatted_price":"29 000 Ft","image_url":"https:\/\/www.meska.hu\/img\/product\/small\/d\/i\/directsketch_product_493295_250103105224_21296.jpeg","formatted_url":"https:\/\/www.meska.hu\/p5464330-egyedi-kisallat-portre-festmeny-30-x-30-cm","favourite":false,"in_stock":false,"avatar":"493295_avatar_1649017382.png","delete_from":0,"is_enhanced_background":false,"is_enhanced":false,"product_selection_started":false,"is_active":true,"image_webp_url":"https:\/\/www.meska.hu\/img\/product\/small\/d\/i\/directsketch_product_493295_250103105224_21296.webp"},{"id":"5907387","shop_id":"49976","user_id":"380600","shop_name":"Szobrok","shop_zip":"3023","product_code":"5613520","product_name_old":null,"product_name":"Lebron James szobor","category_string":"Otthon & \u00c9letm\u00f3d, Dekor\u00e1ci\u00f3, Dekorat\u00edv figur\u00e1k \u00e9s szobrok","technic_string":"Fest\u00e9szet, Festett t\u00e1rgyak","category_1":"813","category_2":"314","category_3":"370","category_4":"0","merged_category_1":null,"merged_category_2":null,"merged_category_3":null,"technic_1":"480","technic_2":"481","technic_3":"0","color_1":"512","color_2":"0","color_3":"0","product_description_old":null,"product_description":"A szobor egyedi 3d modellez\u00e9ssel k\u00e9sz\u00fclt. A term\u00e9k magas felbont\u00e1s\u00fa 3d nyomtat\u00e1ssal k\u00e9sz\u00fcl. A fest\u00e9s k\u00e9zzel k\u00e9sz\u00fcl. \n\nA term\u00e9k magass\u00e1ga: 11 cm.","price":"12000.00","unit":"db","recommended":"0","status":"1","sponsored":"0","exp_notify":"0","own_material":"0","own_material_description_old":null,"own_material_description":"","jury":"0","jury_number":"","product_nature":"","meskaracsony":"0","create_date":"2026-04-28 10:48:08","shelve_id":"0","image":"szobrok_product_380600_250904123249_680756.png","image_width":"480","image_height":"480","image_alt":"Lebron James szobor, A szobor egyedi 3d modellez\u00e9ssel k\u00e9sz\u00fclt. A term\u00e9k magas felbont\u00e1s\u00fa 3d nyomtat\u00e1ssal k\u00e9sz\u00fcl. A fest\u00e9s..., Meska","image_title":"Lebron James szobor, Meska","view_count":"172","favourite_count":"0","trending_score":"0","last2MonthFavouriteCount":"0","promotion":"0","giftcard_accept":"0","creditcard_accept":true,"enhanced_background":"0","domain":"meska","specific_customer_id":null,"specific_customer_name":null,"to_order_product":"1","to_order_product_time":"10","product_different":null,"product_different_description":"","vintage":"0","vintage_category_id":"0","recycled":"0","gemstone_id":"0","customizable":"0","type_category":"physical","zerowaste":"0","postage_price":"1290.00","shop_order":"0","has_category":"1","landing_pages":null,"microdata":{"number":91,"category":""},"title":"Lebron James szobor","description":"A szobor egyedi 3d modellez\u00e9ssel k\u00e9sz\u00fclt. A term\u00e9k magas felbont\u00e1s\u00fa 3d nyomtat\u00e1ssal k\u00e9sz\u00fcl. A fest\u00e9s k\u00e9zzel k\u00e9sz\u00fcl. \n\nA term\u00e9k magass\u00e1ga: 11 cm.","score":0,"formatted_price":"12 000 Ft","image_url":"https:\/\/www.meska.hu\/img\/product\/small\/s\/z\/szobrok_product_380600_250904123249_680756.png","formatted_url":"https:\/\/www.meska.hu\/p5613520-lebron-james-szobor","favourite":false,"in_stock":false,"avatar":"380600_avatar_1756629932.jpeg","delete_from":0,"is_enhanced_background":false,"is_enhanced":false,"product_selection_started":false,"is_active":true,"image_webp_url":"https:\/\/www.meska.hu\/img\/product\/small\/s\/z\/szobrok_product_380600_250904123249_680756.webp"},{"id":"4556378","shop_id":"29767","user_id":"304581","shop_name":"VarroReka","shop_zip":"2170","product_code":"4819242","product_name_old":null,"product_name":"Babanapl\u00f3","category_string":"Baba - mama, Babanapl\u00f3, Babaeml\u00e9kek","technic_string":"Fest\u00e9szet","category_1":"1446","category_2":"1751","category_3":"1735","category_4":"0","merged_category_1":null,"merged_category_2":null,"merged_category_3":null,"technic_1":"480","technic_2":"0","technic_3":"0","color_1":"514","color_2":"529","color_3":"0","product_description_old":null,"product_description":"Babanapl\u00f3 a gyermek els\u0151 7 \u00e9v\u00e9re, saj\u00e1t k\u00e9sz\u00edt\u00e9s\u0171, festett erdei \u00e1llatos grafik\u00e1val, 90 oldalas 20x20x1 cm puhat\u00e1bl\u00e1s k\u00f6nyv.","price":"5500.00","unit":"db","recommended":"0","status":"1","sponsored":"0","exp_notify":"0","own_material":"0","own_material_description_old":null,"own_material_description":"","jury":"0","jury_number":"","product_nature":"","meskaracsony":"0","create_date":"2026-04-28 10:09:29","shelve_id":"62048","image":"varroreka_product_304581_221028134803_3860.jpeg","image_width":"480","image_height":"472","image_alt":"Babanapl\u00f3, Babanapl\u00f3 a gyermek els\u0151 7 \u00e9v\u00e9re, saj\u00e1t k\u00e9sz\u00edt\u00e9s\u0171, festett erdei \u00e1llatos grafik\u00e1val, 90 oldalas 20x2..., Meska","image_title":"Babanapl\u00f3, Meska","view_count":"2560","favourite_count":"0","trending_score":"0","last2MonthFavouriteCount":"0","promotion":"0","giftcard_accept":"1","creditcard_accept":false,"enhanced_background":"0","domain":"meska","specific_customer_id":null,"specific_customer_name":null,"to_order_product":"0","to_order_product_time":"0","product_different":null,"product_different_description":"","vintage":"0","vintage_category_id":"0","recycled":"0","gemstone_id":"0","customizable":"0","type_category":"physical","zerowaste":"0","postage_price":"1290.00","shop_order":"0","has_category":"1","landing_pages":null,"microdata":{"number":92,"category":""},"title":"Babanapl\u00f3","description":"Babanapl\u00f3 a gyermek els\u0151 7 \u00e9v\u00e9re, saj\u00e1t k\u00e9sz\u00edt\u00e9s\u0171, festett erdei \u00e1llatos grafik\u00e1val, 90 oldalas 20x20x1 cm puhat\u00e1bl\u00e1s k\u00f6nyv.","score":0,"formatted_price":"5 500 Ft","image_url":"https:\/\/www.meska.hu\/img\/product\/small\/v\/a\/varroreka_product_304581_221028134803_3860.jpeg","formatted_url":"https:\/\/www.meska.hu\/p4819242-babanaplo","favourite":false,"in_stock":true,"avatar":"304581_avatar_1687343929.png","delete_from":0,"is_enhanced_background":false,"is_enhanced":false,"product_selection_started":false,"is_active":true,"image_webp_url":"https:\/\/www.meska.hu\/img\/product\/small\/v\/a\/varroreka_product_304581_221028134803_3860.webp"},{"id":"3399608","shop_id":"25706","user_id":"305582","shop_name":"Laszlogaleria","shop_zip":"4060","product_code":"3193616","product_name_old":null,"product_name":"Napnyugta a t\u00f3n\u00e1l","category_string":"M\u0171v\u00e9szet, Olajfestm\u00e9ny, Festm\u00e9ny","technic_string":"Fest\u00e9szet","category_1":"361","category_2":"358","category_3":"357","category_4":"0","merged_category_1":null,"merged_category_2":null,"merged_category_3":null,"technic_1":"480","technic_2":"0","technic_3":"0","color_1":"521","color_2":"529","color_3":"568","product_description_old":null,"product_description":"A Napnyugta a t\u00f3n\u00e1l c\u00edm\u0171 t\u00e1jk\u00e9p egyedi alkot\u00e1s olajfest\u00e9k technik\u00e1val fest\u0151v\u00e1szonra festve.\negy erdei t\u00f3partot \u00e1br\u00e1zol partj\u00e1t n\u00e1dasok bor\u00edtj\u00e1k.\nM\u00e9rete: 50x70cm","price":"66000.00","unit":"db","recommended":"0","status":"1","sponsored":"0","exp_notify":"0","own_material":"0","own_material_description_old":null,"own_material_description":"","jury":"0","jury_number":"","product_nature":"","meskaracsony":"0","create_date":"2026-04-28 09:46:23","shelve_id":"0","image":"laszlogaleria_product_305582_180813231731_796263.jpeg","image_width":"480","image_height":"362","image_alt":"Napnyugta a t\u00f3n\u00e1l, A Napnyugta a t\u00f3n\u00e1l c\u00edm\u0171 t\u00e1jk\u00e9p egyedi alkot\u00e1s olajfest\u00e9k technik\u00e1val fest\u0151v\u00e1szonra festve.\\negy erde..., Meska","image_title":"Napnyugta a t\u00f3n\u00e1l, Meska","view_count":"1673","favourite_count":"0","trending_score":"0","last2MonthFavouriteCount":"0","promotion":"0","giftcard_accept":"1","creditcard_accept":true,"enhanced_background":"0","domain":"meska","specific_customer_id":null,"specific_customer_name":null,"to_order_product":"0","to_order_product_time":"0","product_different":null,"product_different_description":"","vintage":"0","vintage_category_id":"0","recycled":"0","gemstone_id":"0","customizable":"0","type_category":"physical","zerowaste":"0","postage_price":"3000.00","shop_order":"0","has_category":"1","landing_pages":null,"microdata":{"number":93,"category":""},"title":"Napnyugta a t\u00f3n\u00e1l","description":"A Napnyugta a t\u00f3n\u00e1l c\u00edm\u0171 t\u00e1jk\u00e9p egyedi alkot\u00e1s olajfest\u00e9k technik\u00e1val fest\u0151v\u00e1szonra festve.\negy erdei t\u00f3partot \u00e1br\u00e1zol partj\u00e1t n\u00e1dasok bor\u00edtj\u00e1k.\nM\u00e9rete: 50x70cm","score":0,"formatted_price":"66 000 Ft","image_url":"https:\/\/www.meska.hu\/img\/product\/small\/l\/a\/laszlogaleria_product_305582_180813231731_796263.jpeg","formatted_url":"https:\/\/www.meska.hu\/p3193616-napnyugta-a-tonal","favourite":false,"in_stock":true,"avatar":"Laszlogaleria_avatar_305582_1648751200.jpg","delete_from":0,"is_enhanced_background":false,"is_enhanced":false,"product_selection_started":false,"is_active":true,"image_webp_url":"https:\/\/www.meska.hu\/img\/product\/small\/l\/a\/laszlogaleria_product_305582_180813231731_796263.webp"},{"id":"3399609","shop_id":"25706","user_id":"305582","shop_name":"Laszlogaleria","shop_zip":"4060","product_code":"3194163","product_name_old":null,"product_name":"Erdei tiszt\u00e1s","category_string":"M\u0171v\u00e9szet, Olajfestm\u00e9ny, Festm\u00e9ny","technic_string":"Fest\u00e9szet","category_1":"361","category_2":"358","category_3":"357","category_4":"0","merged_category_1":null,"merged_category_2":null,"merged_category_3":null,"technic_1":"480","technic_2":"0","technic_3":"0","color_1":"521","color_2":"526","color_3":"529","product_description_old":null,"product_description":"A k\u00e9p egy erdei tiszt\u00e1st \u00e1br\u00e1zol kempinges fah\u00e1zakkal kellemes term\u00e9szeti k\u00f6rnyezetben Salg\u00f3tarj\u00e1n hat\u00e1r\u00e1ban.\nOlajfest\u00e9k technik\u00e1val k\u00e9sz\u00fclt alapozott farostlemezre.\nM\u00e9rete 50x33cm","price":"45500.00","unit":"db","recommended":"0","status":"1","sponsored":"0","exp_notify":"0","own_material":"0","own_material_description_old":null,"own_material_description":"","jury":"0","jury_number":"","product_nature":"","meskaracsony":"0","create_date":"2026-04-28 09:46:20","shelve_id":"0","image":"laszlogaleria_product_305582_180814205335_329655.jpeg","image_width":"480","image_height":"330","image_alt":"Erdei tiszt\u00e1s, A k\u00e9p egy erdei tiszt\u00e1st \u00e1br\u00e1zol kempinges fah\u00e1zakkal kellemes term\u00e9szeti k\u00f6rnyezetben Salg\u00f3tarj\u00e1n h..., Meska","image_title":"Erdei tiszt\u00e1s, Meska","view_count":"1038","favourite_count":"0","trending_score":"0","last2MonthFavouriteCount":"0","promotion":"0","giftcard_accept":"1","creditcard_accept":true,"enhanced_background":"0","domain":"meska","specific_customer_id":null,"specific_customer_name":null,"to_order_product":"0","to_order_product_time":"0","product_different":null,"product_different_description":"","vintage":"0","vintage_category_id":"0","recycled":"0","gemstone_id":"0","customizable":"0","type_category":"physical","zerowaste":"0","postage_price":"3000.00","shop_order":"0","has_category":"1","landing_pages":null,"microdata":{"number":94,"category":""},"title":"Erdei tiszt\u00e1s","description":"A k\u00e9p egy erdei tiszt\u00e1st \u00e1br\u00e1zol kempinges fah\u00e1zakkal kellemes term\u00e9szeti k\u00f6rnyezetben Salg\u00f3tarj\u00e1n hat\u00e1r\u00e1ban.\nOlajfest\u00e9k technik\u00e1val k\u00e9sz\u00fclt alapozott farostlemezre.\nM\u00e9rete 50x33cm","score":0,"formatted_price":"45 500 Ft","image_url":"https:\/\/www.meska.hu\/img\/product\/small\/l\/a\/laszlogaleria_product_305582_180814205335_329655.jpeg","formatted_url":"https:\/\/www.meska.hu\/p3194163-erdei-tisztas","favourite":false,"in_stock":true,"avatar":"Laszlogaleria_avatar_305582_1648751200.jpg","delete_from":0,"is_enhanced_background":false,"is_enhanced":false,"product_selection_started":false,"is_active":true,"image_webp_url":"https:\/\/www.meska.hu\/img\/product\/small\/l\/a\/laszlogaleria_product_305582_180814205335_329655.webp"},{"id":"3399613","shop_id":"25706","user_id":"305582","shop_name":"Laszlogaleria","shop_zip":"4060","product_code":"3194155","product_name_old":null,"product_name":"A salg\u00f3tarj\u00e1ni t\u00f3n\u00e1l","category_string":"M\u0171v\u00e9szet, Olajfestm\u00e9ny, Festm\u00e9ny","technic_string":"Fest\u00e9szet","category_1":"361","category_2":"358","category_3":"357","category_4":"0","merged_category_1":null,"merged_category_2":null,"merged_category_3":null,"technic_1":"480","technic_2":"0","technic_3":"0","color_1":"514","color_2":"521","color_3":"0","product_description_old":null,"product_description":"A salg\u00f3tarj\u00e1ni t\u00f3n\u00e1l  egyedi olajfest\u00e9k technik\u00e1val k\u00e9sz\u00fclt farost lemezre festm\u00e9ny, mely Salg\u00f3tarj\u00e1n k\u00fclter\u00fclet\u00e9n tal\u00e1lhat\u00f3 tavat \u00e1br\u00e1zolja \u00e9l\u00e9nk sz\u00ednekkel kifejezve a term\u00e9szeti k\u00f6rnyezet var\u00e1zslatos vil\u00e1g\u00e1t.\nM\u00e9rete 50x40cm","price":"45500.00","unit":"db","recommended":"0","status":"1","sponsored":"0","exp_notify":"0","own_material":"0","own_material_description_old":null,"own_material_description":"","jury":"0","jury_number":"","product_nature":"","meskaracsony":"0","create_date":"2026-04-28 09:46:18","shelve_id":"0","image":"laszlogaleria_product_305582_180814203628_4889.jpeg","image_width":"480","image_height":"385","image_alt":"A salg\u00f3tarj\u00e1ni t\u00f3n\u00e1l, A salg\u00f3tarj\u00e1ni t\u00f3n\u00e1l  egyedi olajfest\u00e9k technik\u00e1val k\u00e9sz\u00fclt farost lemezre festm\u00e9ny, mely Salg\u00f3tarj\u00e1..., Meska","image_title":"A salg\u00f3tarj\u00e1ni t\u00f3n\u00e1l, Meska","view_count":"1101","favourite_count":"0","trending_score":"0","last2MonthFavouriteCount":"0","promotion":"0","giftcard_accept":"1","creditcard_accept":true,"enhanced_background":"0","domain":"meska","specific_customer_id":null,"specific_customer_name":null,"to_order_product":"0","to_order_product_time":"0","product_different":null,"product_different_description":"","vintage":"0","vintage_category_id":"0","recycled":"0","gemstone_id":"0","customizable":"0","type_category":"physical","zerowaste":"0","postage_price":"3000.00","shop_order":"0","has_category":"1","landing_pages":null,"microdata":{"number":95,"category":""},"title":"A salg\u00f3tarj\u00e1ni t\u00f3n\u00e1l","description":"A salg\u00f3tarj\u00e1ni t\u00f3n\u00e1l  egyedi olajfest\u00e9k technik\u00e1val k\u00e9sz\u00fclt farost lemezre festm\u00e9ny, mely Salg\u00f3tarj\u00e1n k\u00fclter\u00fclet\u00e9n tal\u00e1lhat\u00f3 tavat \u00e1br\u00e1zolja \u00e9l\u00e9nk sz\u00ednekkel kifejezve a term\u00e9szeti k\u00f6rnyezet var\u00e1zslatos vil\u00e1g\u00e1t.\nM\u00e9rete 50x40cm","score":0,"formatted_price":"45 500 Ft","image_url":"https:\/\/www.meska.hu\/img\/product\/small\/l\/a\/laszlogaleria_product_305582_180814203628_4889.jpeg","formatted_url":"https:\/\/www.meska.hu\/p3194155-a-salgotarjani-tonal","favourite":false,"in_stock":true,"avatar":"Laszlogaleria_avatar_305582_1648751200.jpg","delete_from":0,"is_enhanced_background":false,"is_enhanced":false,"product_selection_started":false,"is_active":true,"image_webp_url":"https:\/\/www.meska.hu\/img\/product\/small\/l\/a\/laszlogaleria_product_305582_180814203628_4889.webp"},{"id":"3399605","shop_id":"25706","user_id":"305582","shop_name":"Laszlogaleria","shop_zip":"4060","product_code":"3194162","product_name_old":null,"product_name":"A tavasz \u00e9rkez\u00e9se","category_string":"M\u0171v\u00e9szet, Olajfestm\u00e9ny, Festm\u00e9ny","technic_string":"Fest\u00e9szet","category_1":"361","category_2":"358","category_3":"357","category_4":"0","merged_category_1":null,"merged_category_2":null,"merged_category_3":null,"technic_1":"480","technic_2":"0","technic_3":"0","color_1":"519","color_2":"529","color_3":"568","product_description_old":null,"product_description":"A tavasz \u00e9rkez\u00e9se c\u00edm\u0171 k\u00e9p olajfest\u00e9k technik\u00e1val k\u00e9sz\u00fclt farost lemezre.\nEgy hegyvid\u00e9ki fenns\u00edkot \u00e1br\u00e1zol h\u00f3 olvad\u00e1skor naps\u00fct\u00e9ses id\u0151ben ami szint\u00e9n jelzi a tavasz k\u00f6zeledt\u00e9t.\nA k\u00e9p m\u00e9rete 30x30cm","price":"20200.00","unit":"db","recommended":"0","status":"1","sponsored":"0","exp_notify":"0","own_material":"0","own_material_description_old":null,"own_material_description":"","jury":"0","jury_number":"","product_nature":"","meskaracsony":"0","create_date":"2026-04-28 09:46:15","shelve_id":"0","image":"laszlogaleria_product_305582_180814204648_940862.jpeg","image_width":"480","image_height":"409","image_alt":"A tavasz \u00e9rkez\u00e9se, A tavasz \u00e9rkez\u00e9se c\u00edm\u0171 k\u00e9p olajfest\u00e9k technik\u00e1val k\u00e9sz\u00fclt farost lemezre.\\nEgy hegyvid\u00e9ki fenns\u00edkot \u00e1..., Meska","image_title":"A tavasz \u00e9rkez\u00e9se, Meska","view_count":"1041","favourite_count":"0","trending_score":"0","last2MonthFavouriteCount":"0","promotion":"0","giftcard_accept":"1","creditcard_accept":true,"enhanced_background":"0","domain":"meska","specific_customer_id":null,"specific_customer_name":null,"to_order_product":"0","to_order_product_time":"0","product_different":null,"product_different_description":"","vintage":"0","vintage_category_id":"0","recycled":"0","gemstone_id":"0","customizable":"0","type_category":"physical","zerowaste":"0","postage_price":"3000.00","shop_order":"0","has_category":"1","landing_pages":null,"microdata":{"number":96,"category":""},"title":"A tavasz \u00e9rkez\u00e9se","description":"A tavasz \u00e9rkez\u00e9se c\u00edm\u0171 k\u00e9p olajfest\u00e9k technik\u00e1val k\u00e9sz\u00fclt farost lemezre.\nEgy hegyvid\u00e9ki fenns\u00edkot \u00e1br\u00e1zol h\u00f3 olvad\u00e1skor naps\u00fct\u00e9ses id\u0151ben ami szint\u00e9n jelzi a tavasz k\u00f6zeledt\u00e9t.\nA k\u00e9p m\u00e9rete 30x30cm","score":0,"formatted_price":"20 200 Ft","image_url":"https:\/\/www.meska.hu\/img\/product\/small\/l\/a\/laszlogaleria_product_305582_180814204648_940862.jpeg","formatted_url":"https:\/\/www.meska.hu\/p3194162-a-tavasz-erkezese","favourite":false,"in_stock":true,"avatar":"Laszlogaleria_avatar_305582_1648751200.jpg","delete_from":0,"is_enhanced_background":false,"is_enhanced":false,"product_selection_started":false,"is_active":true,"image_webp_url":"https:\/\/www.meska.hu\/img\/product\/small\/l\/a\/laszlogaleria_product_305582_180814204648_940862.webp"}],"canonicals":{"canonical":"https:\/\/www.meska.hu\/s\/festeszet\/t-480","next":"https:\/\/www.meska.hu\/s\/festeszet\/t-480:p-2"},"seo":{"title":"K\u00e9zm\u0171ves term\u00e9kek - Meska.hu","seoTitle":"","seoDescription":"","metaDescription":"Magyar k\u00e9zm\u0171ves design term\u00e9kek hazai alkot\u00f3kt\u00f3l nagy v\u00e1laszt\u00e9kban, egyedi megrendel\u00e9sre is. \u2714\ufe0f N\u00e9zd meg az \u00f6sszes term\u00e9k\u00fcnk, \u00e9s rendelj k\u00edn\u00e1latunkb\u00f3l!","metaNoIndex":false,"metaNoFollow":false,"seoFound":false,"canonicals":"https:\/\/www.meska.hu\/s\/festeszet\/t-480"},"breadcrumb":[{"position":1,"name":"Meska.hu","url":"https:\/\/www.meska.hu","last":true}],"h1":null,"url":{"url":"https:\/\/www.meska.hu\/s\/festeszet\/t-480","title":"Mind","_debug_":false},"_count_":100}