{"_terms_":{"phrase":"*","category_id":"397","category_ids":"397","technic_id":"480","technics":"480","facets":"n","p":"1","pp":"100","sort_by":"create_date","sort_direction":"desc","product_type":"kezmuves|alapanyag|vintage","session_id":"oqe614eu5k49a4kqld1tec3e6c"},"total":5,"products":[{"id":"3381943","shop_id":"20864","user_id":"212808","shop_name":"nagyfanyuvo","shop_zip":"6760","product_code":"2512636","product_name_old":null,"product_name":"F\u0171szertart\u00f3 \u00fcvegek","category_string":"Otthon & \u00c9letm\u00f3d, Konyhafelszerel\u00e9s, t\u00e1lal\u00e1s, Konyhai t\u00e1rol\u00e1s, F\u0171szertart\u00f3","technic_string":"Fest\u00e9szet, Festett t\u00e1rgyak","category_1":"813","category_2":"393","category_3":"1483","category_4":"397","merged_category_1":null,"merged_category_2":null,"merged_category_3":null,"technic_1":"480","technic_2":"481","technic_3":"0","color_1":"512","color_2":"523","color_3":"529","product_description_old":null,"product_description":"F\u0171szertart\u00f3 \u00fcvegek a kor\u00e1bbi konyhai f\u0171szeres polchoz k\u00e9sz\u00fcltek \u00e9s remek\u00fcl bev\u00e1ltak.Ez egy 5 db-os szett amely tetsz\u00e9s szerint tov\u00e1bb b\u0151v\u00edthet\u0151.Akrillal \u00e9s lakkal bevont 5 cm \u00d7 7 cm menetes \u00fcveg arany sz\u00edn\u0171 tet\u0151vel.A szett r\u00e9szei:paprika, bors ,s\u00f3, cukor, k\u00f6m\u00e9ny.","price":"3700.00","unit":"garn","recommended":"0","status":"1","sponsored":"0","exp_notify":"0","own_material":"0","own_material_description_old":null,"own_material_description":"","jury":"0","jury_number":"","product_nature":"","meskaracsony":"0","create_date":"2026-04-14 23:56:17","shelve_id":"0","image":"nagyfanyuvo_product_212808_160605161654_453151.jpeg","image_width":"480","image_height":"269","image_alt":"F\u0171szertart\u00f3 \u00fcvegek, F\u0171szertart\u00f3 \u00fcvegek a kor\u00e1bbi konyhai f\u0171szeres polchoz k\u00e9sz\u00fcltek \u00e9s remek\u00fcl bev\u00e1ltak.Ez egy 5 db-os s..., Meska","image_title":"F\u0171szertart\u00f3 \u00fcvegek, Meska","view_count":"3176","favourite_count":"0","trending_score":"0","last2MonthFavouriteCount":"0","promotion":"0","giftcard_accept":"1","creditcard_accept":true,"enhanced_background":"0","domain":"meska","specific_customer_id":null,"specific_customer_name":null,"to_order_product":"1","to_order_product_time":"5","product_different":"not_different","product_different_description":"","vintage":"0","vintage_category_id":"0","recycled":"0","gemstone_id":"0","customizable":"0","type_category":"physical","zerowaste":"0","postage_price":"2390.00","shop_order":"0","has_category":"1","landing_pages":null,"microdata":{"number":1,"category":""},"title":"F\u0171szertart\u00f3 \u00fcvegek","description":"F\u0171szertart\u00f3 \u00fcvegek a kor\u00e1bbi konyhai f\u0171szeres polchoz k\u00e9sz\u00fcltek \u00e9s remek\u00fcl bev\u00e1ltak.Ez egy 5 db-os szett amely tetsz\u00e9s szerint tov\u00e1bb b\u0151v\u00edthet\u0151.Akrillal \u00e9s lakkal bevont 5 cm \u00d7 7 cm menetes \u00fcveg arany sz\u00edn\u0171 tet\u0151vel.A szett r\u00e9szei:paprika, bors ,s\u00f3, cukor, k\u00f6m\u00e9ny.","score":0,"formatted_price":"3 700 Ft","image_url":"https:\/\/www.meska.hu\/img\/product\/small\/n\/a\/nagyfanyuvo_product_212808_160605161654_453151.jpeg","formatted_url":"https:\/\/www.meska.hu\/p2512636-fuszertarto-uvegek","favourite":false,"in_stock":false,"avatar":"nagyfanyuvo_avatar_212808_1515771991.jpg","delete_from":0,"is_enhanced_background":false,"is_enhanced":false,"product_selection_started":false,"is_active":true,"image_webp_url":"https:\/\/www.meska.hu\/img\/product\/small\/n\/a\/nagyfanyuvo_product_212808_160605161654_453151.webp"},{"id":"4367906","shop_id":"8514","user_id":"40710","shop_name":"ntakeramia","shop_zip":"8200","product_code":"4158841","product_name_old":null,"product_name":"Feh\u00e9r-fekete-p\u00f6tty\u00f6s egyedi ker\u00e1mia f\u0171szertart\u00f3 k\u00e9szlet ","category_string":"Otthon & \u00c9letm\u00f3d, Konyhafelszerel\u00e9s, t\u00e1lal\u00e1s, Konyhai t\u00e1rol\u00e1s, F\u0171szertart\u00f3","technic_string":"Ker\u00e1mia, Fest\u00e9szet","category_1":"813","category_2":"393","category_3":"1483","category_4":"397","merged_category_1":null,"merged_category_2":null,"merged_category_3":null,"technic_1":"489","technic_2":"480","technic_3":"0","color_1":"515","color_2":"519","color_3":"520","product_description_old":null,"product_description":"\"A divat v\u00e1ltozik, a st\u00edlus \u00f6r\u00f6k.\"Coco Chanel\n\nMi az a fekete \u00e9s a feh\u00e9r sz\u00ednkontrasztj\u00e1ban, ami \u00fajra \u00e9s \u00fajra megihleti a tervez\u0151ket \u00e9s a divat szerelmeseit? Ez az egyszer\u0171 sz\u00ednhat\u00e1s hogy tud minden szezonban meg\u00fajulni, mindig modern maradni \u00e9s valami friss \u00edzt csemp\u00e9szni mindennapjainkban?\nA divat mindig is szeretett az ellent\u00e9tekkel k\u00eds\u00e9rletezni, f\u00e9rfias st\u00edlust n\u0151iessel \u00f6tv\u00f6zni, eleg\u00e1nsat a sportossal, \u00e9s term\u00e9szetesen az \u00f6r\u00f6k ellent\u00e9tp\u00e1r, a feh\u00e9r \u00e9s a fekete mindig h\u00f3d\u00edt. Olyan ez, mint a farmernadr\u00e1g vagy a kis fekete ruha, soha nem megy ki a divatb\u00f3l.\nH\u00edvhatjuk skandin\u00e1v vagy vintage st\u00edlusnak. Retr\u00f3nak,vagy modernek. Lehet bev\u00e1llal\u00f3s vagy egyszer\u0171. Hordt\u00e1k a jampik \u00e9s hercegn\u0151k...a fekete feh\u00e9r soha nem megy ki a divatb\u00f3l.\nP\u00f6tty\u00f6k,p\u00f6tty\u00f6k minden\u00fctt.\n\nK\u00e9r\u00e9sre b\u00e1rmilyen felirattal elk\u00e9sz\u00edtem.\nSaj\u00e1t egyedi tervez\u00e9s a ker\u00e1mia \u00e9s saj\u00e1t egyedi tervez\u00e9s \u00e9s k\u00e9zi fest\u00e9s a minta.\n\nAz alapsz\u00edn ekr\u00fc ,nem h\u00f3feh\u00e9r.\n\n  \nM\u00e9retek:  fed\u0151 n\u00e9lk\u00fcl 15 cm magas\nfed\u0151vel 18 cm\nA sz\u00e9less\u00e9ge:11 cm\nA fed\u0151 11 X 11 cm\n1 liter \u0171rtartalm\u00fa a pocakja.\n4.900 Ft \/db\n\n kicsi t\u00e1rol\u00f3 400 ml es   3.900Ft \/db\nM\u00e9retek: fed\u0151 n\u00e9lk\u00fcl 15 cm magas\nfed\u0151vel 18 cm\nA sz\u00e9less\u00e9ge:11 cm\nA fed\u0151 11 X 11 cm\nA kicsi \u0171rtartalma 400 ml es\nfed\u0151vel egy\u00fctt 12 cm magas.\n\nAz \u00e1r 5 db nagy \u00e9s 5 db kicsi tart\u00f3ra \u00e9rv\u00e9nyes.\n\nRENDELHET\u0150!!!!\n\nK\u00f6sz\u00f6n\u00f6m hogy ben\u00e9zt\u00e9l!","price":"44000.00","unit":"garn","recommended":"0","status":"1","sponsored":"0","exp_notify":"0","own_material":"0","own_material_description_old":null,"own_material_description":"","jury":"0","jury_number":"","product_nature":"","meskaracsony":"0","create_date":"2026-03-31 10:13:52","shelve_id":"34888","image":"ntakeramia_product_40710_200422070241_319110.jpeg","image_width":"480","image_height":"480","image_alt":"Feh\u00e9r-fekete-p\u00f6tty\u00f6s egyedi ker\u00e1mia f\u0171szertart\u00f3 k\u00e9szlet , \\\"A divat v\u00e1ltozik, a st\u00edlus \u00f6r\u00f6k.\\\"Coco Chanel\\n\\nMi az a fekete \u00e9s a feh\u00e9r sz\u00ednkontrasztj\u00e1ban, ami \u00fajr..., Meska","image_title":"Feh\u00e9r-fekete-p\u00f6tty\u00f6s egyedi ker\u00e1mia f\u0171szertart\u00f3 k\u00e9szlet , Meska","view_count":"2569","favourite_count":"0","trending_score":"0","last2MonthFavouriteCount":"0","promotion":"0","giftcard_accept":"0","creditcard_accept":false,"enhanced_background":"0","domain":"meska","specific_customer_id":null,"specific_customer_name":null,"to_order_product":"1","to_order_product_time":"15","product_different":"quite_different","product_different_description":"K\u00e9zzel k\u00e9sz\u00edtett \u00e9s festett ker\u00e1mia.Az apr\u00f3 elt\u00e9r\u00e9sek miatt egyedi.Minden ker\u00e1mi\u00e1nk hordozza k\u00e9zjegy\u00fcnk \u00e9s v\u00e9djegy\u00fcnk:)","vintage":"0","vintage_category_id":"0","recycled":"0","gemstone_id":"0","customizable":"0","type_category":"physical","zerowaste":"0","postage_price":"4990.00","shop_order":"1","has_category":"1","landing_pages":null,"microdata":{"number":2,"category":""},"title":"Feh\u00e9r-fekete-p\u00f6tty\u00f6s egyedi ker\u00e1mia f\u0171szertart\u00f3 k\u00e9szlet ","description":"\"A divat v\u00e1ltozik, a st\u00edlus \u00f6r\u00f6k.\"Coco Chanel\n\nMi az a fekete \u00e9s a feh\u00e9r sz\u00ednkontrasztj\u00e1ban, ami \u00fajra \u00e9s \u00fajra megihleti a tervez\u0151ket \u00e9s a divat szerelmeseit? Ez az egyszer\u0171 sz\u00ednhat\u00e1s hogy tud minden szezonban meg\u00fajulni, mindig modern maradni \u00e9s valami friss \u00edzt csemp\u00e9szni mindennapjainkban?\nA divat mindig is szeretett az ellent\u00e9tekkel k\u00eds\u00e9rletezni, f\u00e9rfias st\u00edlust n\u0151iessel \u00f6tv\u00f6zni, eleg\u00e1nsat a sportossal, \u00e9s term\u00e9szetesen az \u00f6r\u00f6k ellent\u00e9tp\u00e1r, a feh\u00e9r \u00e9s a fekete mindig h\u00f3d\u00edt. Olyan ez, mint a farmernadr\u00e1g vagy a kis fekete ruha, soha nem megy ki a divatb\u00f3l.\nH\u00edvhatjuk skandin\u00e1v vagy vintage st\u00edlusnak. Retr\u00f3nak,vagy modernek. Lehet bev\u00e1llal\u00f3s vagy egyszer\u0171. Hordt\u00e1k a jampik \u00e9s hercegn\u0151k...a fekete feh\u00e9r soha nem megy ki a divatb\u00f3l.\nP\u00f6tty\u00f6k,p\u00f6tty\u00f6k minden\u00fctt.\n\nK\u00e9r\u00e9sre b\u00e1rmilyen felirattal elk\u00e9sz\u00edtem.\nSaj\u00e1t egyedi tervez\u00e9s a ker\u00e1mia \u00e9s saj\u00e1t egyedi tervez\u00e9s \u00e9s k\u00e9zi fest\u00e9s a minta.\n\nAz alapsz\u00edn ekr\u00fc ,nem h\u00f3feh\u00e9r.\n\n  \nM\u00e9retek:  fed\u0151 n\u00e9lk\u00fcl 15 cm magas\nfed\u0151vel 18 cm\nA sz\u00e9less\u00e9ge:11 cm\nA fed\u0151 11 X 11 cm\n1 liter \u0171rtartalm\u00fa a pocakja.\n4.900 Ft \/db\n\n kicsi t\u00e1rol\u00f3 400 ml es   3.900Ft \/db\nM\u00e9retek: fed\u0151 n\u00e9lk\u00fcl 15 cm magas\nfed\u0151vel 18 cm\nA sz\u00e9less\u00e9ge:11 cm\nA fed\u0151 11 X 11 cm\nA kicsi \u0171rtartalma 400 ml es\nfed\u0151vel egy\u00fctt 12 cm magas.\n\nAz \u00e1r 5 db nagy \u00e9s 5 db kicsi tart\u00f3ra \u00e9rv\u00e9nyes.\n\nRENDELHET\u0150!!!!\n\nK\u00f6sz\u00f6n\u00f6m hogy ben\u00e9zt\u00e9l!","score":0,"formatted_price":"44 000 Ft","image_url":"https:\/\/www.meska.hu\/img\/product\/small\/n\/t\/ntakeramia_product_40710_200422070241_319110.jpeg","formatted_url":"https:\/\/www.meska.hu\/p4158841-feher-fekete-pottyos-egyedi-keramia-fuszertarto-keszlet","favourite":false,"in_stock":false,"avatar":"ntakeramia_avatar_40710_1569066083.JPG","delete_from":0,"is_enhanced_background":false,"is_enhanced":false,"product_selection_started":false,"is_active":true,"image_webp_url":"https:\/\/www.meska.hu\/img\/product\/small\/n\/t\/ntakeramia_product_40710_200422070241_319110.webp"},{"id":"4237554","shop_id":"8514","user_id":"40710","shop_name":"ntakeramia","shop_zip":"8200","product_code":"3450930","product_name_old":null,"product_name":"Levendul\u00e1s ker\u00e1mia f\u0171szertart\u00f3 k\u00e9szlet","category_string":"Otthon & \u00c9letm\u00f3d, Konyhafelszerel\u00e9s, t\u00e1lal\u00e1s, Konyhai t\u00e1rol\u00e1s, F\u0171szertart\u00f3","technic_string":"Ker\u00e1mia, Fest\u00e9szet","category_1":"813","category_2":"393","category_3":"1483","category_4":"397","merged_category_1":null,"merged_category_2":null,"merged_category_3":null,"technic_1":"489","technic_2":"480","technic_3":"0","color_1":"519","color_2":"522","color_3":"529","product_description_old":null,"product_description":"\nLevendula kedvel\u0151knek k\u00e9sz\u00edtettem ezt a k\u00e9szletet. \u00cdgy a konyha is levendul\u00e1san pomp\u00e1zhat.\n\nFeh\u00e9r agyagb\u00f3l, k\u00e9sz\u00edtettem ezt a sz\u00f6gletes f\u0171szertart\u00f3 k\u00e9szletet.\n M\u00e1z alatti fest\u00e9kkel levendula \u00e1gakat festettem r\u00e1.\nSaj\u00e1t egyedi tervez\u00e9s \u00e9s k\u00e9sz\u00edt\u00e9s  a ker\u00e1mia \u00e9s saj\u00e1t egyedi tervez\u00e9s \u00e9s k\u00e9zi fest\u00e9s a minta.\n\n\nK\u00e9r\u00e9sre b\u00e1rmilyen felirattal elk\u00e9sz\u00edtem.\n\nA nagy sz\u00f6gletes \nKb.  17 cm magas fed\u0151vel.\nSz\u00e9less\u00e9ge 11 cm\n5.200 Ft \/db\nA kis f\u0171szeres kb. 400 gramm \u0171rtartalm\u00fa\nKb.  12 cm magas \u00e9s 12 cm sz\u00e9les   \n3.990 Ft \/db\nAz \u00e1r 2 db nagy \u00e9s 2 db kicsi tart\u00f3t tartalmaz.\n\nHa m\u00e1s darabsz\u00e1mot vagy mint\u00e1t szeretn\u00e9l bels\u0151 \u00fczenetben egyeztess\u00fcnk.\n\nRENDELHET\u0150!!!!\n\n\nK\u00f6sz\u00f6n\u00f6m hogy ben\u00e9zt\u00e9l!","price":"18380.00","unit":"garn","recommended":"0","status":"1","sponsored":"0","exp_notify":"0","own_material":"0","own_material_description_old":null,"own_material_description":"","jury":"0","jury_number":"","product_nature":"","meskaracsony":"0","create_date":"2026-01-16 06:42:07","shelve_id":"34888","image":"ntakeramia_product_40710_171021100831_141410.jpeg","image_width":"480","image_height":"360","image_alt":"Levendul\u00e1s ker\u00e1mia f\u0171szertart\u00f3 k\u00e9szlet, \\nLevendula kedvel\u0151knek k\u00e9sz\u00edtettem ezt a k\u00e9szletet. \u00cdgy a konyha is levendul\u00e1san pomp\u00e1zhat.\\n\\nFeh\u00e9r a..., Meska","image_title":"Levendul\u00e1s ker\u00e1mia f\u0171szertart\u00f3 k\u00e9szlet, Meska","view_count":"1331","favourite_count":"0","trending_score":"0","last2MonthFavouriteCount":"0","promotion":"0","giftcard_accept":"0","creditcard_accept":false,"enhanced_background":"0","domain":"meska","specific_customer_id":null,"specific_customer_name":null,"to_order_product":"1","to_order_product_time":"14","product_different":"quite_different","product_different_description":"K\u00e9zzel k\u00e9sz\u00edtett \u00e9s festett ker\u00e1mia.Az apr\u00f3 elt\u00e9r\u00e9sek miatt egyedi.Minden ker\u00e1mi\u00e1nk hordozza k\u00e9zjegy\u00fcnk \u00e9s v\u00e9djegy\u00fcnk:)","vintage":"0","vintage_category_id":"0","recycled":"0","gemstone_id":"0","customizable":"0","type_category":"physical","zerowaste":"0","postage_price":"1990.00","shop_order":"70","has_category":"1","landing_pages":null,"microdata":{"number":3,"category":""},"title":"Levendul\u00e1s ker\u00e1mia f\u0171szertart\u00f3 k\u00e9szlet","description":"\nLevendula kedvel\u0151knek k\u00e9sz\u00edtettem ezt a k\u00e9szletet. \u00cdgy a konyha is levendul\u00e1san pomp\u00e1zhat.\n\nFeh\u00e9r agyagb\u00f3l, k\u00e9sz\u00edtettem ezt a sz\u00f6gletes f\u0171szertart\u00f3 k\u00e9szletet.\n M\u00e1z alatti fest\u00e9kkel levendula \u00e1gakat festettem r\u00e1.\nSaj\u00e1t egyedi tervez\u00e9s \u00e9s k\u00e9sz\u00edt\u00e9s  a ker\u00e1mia \u00e9s saj\u00e1t egyedi tervez\u00e9s \u00e9s k\u00e9zi fest\u00e9s a minta.\n\n\nK\u00e9r\u00e9sre b\u00e1rmilyen felirattal elk\u00e9sz\u00edtem.\n\nA nagy sz\u00f6gletes \nKb.  17 cm magas fed\u0151vel.\nSz\u00e9less\u00e9ge 11 cm\n5.200 Ft \/db\nA kis f\u0171szeres kb. 400 gramm \u0171rtartalm\u00fa\nKb.  12 cm magas \u00e9s 12 cm sz\u00e9les   \n3.990 Ft \/db\nAz \u00e1r 2 db nagy \u00e9s 2 db kicsi tart\u00f3t tartalmaz.\n\nHa m\u00e1s darabsz\u00e1mot vagy mint\u00e1t szeretn\u00e9l bels\u0151 \u00fczenetben egyeztess\u00fcnk.\n\nRENDELHET\u0150!!!!\n\n\nK\u00f6sz\u00f6n\u00f6m hogy ben\u00e9zt\u00e9l!","score":0,"formatted_price":"18 380 Ft","image_url":"https:\/\/www.meska.hu\/img\/product\/small\/n\/t\/ntakeramia_product_40710_171021100831_141410.jpeg","formatted_url":"https:\/\/www.meska.hu\/p3450930-levendulas-keramia-fuszertarto-keszlet","favourite":false,"in_stock":false,"avatar":"ntakeramia_avatar_40710_1569066083.JPG","delete_from":0,"is_enhanced_background":false,"is_enhanced":false,"product_selection_started":false,"is_active":true,"image_webp_url":"https:\/\/www.meska.hu\/img\/product\/small\/n\/t\/ntakeramia_product_40710_171021100831_141410.webp"},{"id":"3361225","shop_id":"8514","user_id":"40710","shop_name":"ntakeramia","shop_zip":"8200","product_code":"4456316","product_name_old":null,"product_name":"R\u00f3zs\u00e1s-p\u00f6tty\u00f6s egyedi ker\u00e1mia f\u0171szertart\u00f3","category_string":"Otthon & \u00c9letm\u00f3d, Konyhafelszerel\u00e9s, t\u00e1lal\u00e1s, Konyhai t\u00e1rol\u00e1s, F\u0171szertart\u00f3","technic_string":"Ker\u00e1mia, Fest\u00e9szet","category_1":"813","category_2":"393","category_3":"1483","category_4":"397","merged_category_1":null,"merged_category_2":null,"merged_category_3":null,"technic_1":"489","technic_2":"480","technic_3":"0","color_1":"515","color_2":"525","color_3":"529","product_description_old":null,"product_description":"Romantikus, r\u00f3zs\u00e1s igaz\u00e1n egyedi.\nFeh\u00e9r agyagb\u00f3l, k\u00e9sz\u00edtettem ezt a sz\u00f6gletes f\u0171szertart\u00f3t .\n M\u00e1z alatti fest\u00e9kkel r\u00f3zs\u00e1kat sz\u00e1lakat festettem k\u00f6rbe r\u00e1.\nP\u00f6tty\u00f6k, p\u00f6tty\u00f6k minden\u00fctt\nK\u00e9r\u00e9sre b\u00e1rmilyen felirattal elk\u00e9sz\u00edtem.\nA k\u00e9pen szerepl\u0151 k\u00e9szlet, teh\u00e1t az \u00e1r is, 3 db nagy \u00e9s 6 db kicsi tart\u00f3t tartalmaz.\n\nM\u00e9retek:\n18 cm magas fed\u0151vel.\nsz\u00e9less\u00e9ge 11 cm\n4.900Ft \/db\nA kicsi pocakja 400 ml es\n12 cm magas \u00e9s 12 cm sz\u00e9les\n3.900 Ft \/db\n------------------------------------------------------------------------------------------\nAz \u00e1r a megnevezett term\u00e9kre vonatkozik.\nHa ELT\u00c9R\u0150 darabsz\u00e1mot szeretn\u00e9l vagy EGYEDI mint\u00e1t v\u00e9tel\u00e1r is v\u00e1ltozik.....ez\u00e9rt k\u00e9rlek bels\u0151 \u00fczenetben jelezz m\u00e9g a rendel\u00e9s el\u0151tt.\nMinden ker\u00e1mi\u00e1m egyedi, k\u00e9zzel k\u00e9sz\u00fclt ...k\u00e9zzel festett ,nem t\u00f6megcikk. Sz\u00edne, mint\u00e1ja, form\u00e1ja, elt\u00e9rhet a k\u00e9pen l\u00e1that\u00f3t\u00f3l. A fot\u00f3 csup\u00e1n illusztr\u00e1ci\u00f3, nem azt kapod, minden rendel\u00e9st egy\u00e9nileg k\u00e9sz\u00edtek el. Term\u00e9szetesen t\u00f6rekszem, csal\u00f3d\u00e1s ne okozzon az \u00e1ltalad kapott ker\u00e1mia :)\nK\u00e9rlek csak akkor rendelj ha szereted \u00e9s elfogadod az egyedis\u00e9gem.\nEz\u00e9rt, miel\u0151tt itt v\u00e1s\u00e1roln\u00e1l t\u0151lem, egyeztess\u00fck az ig\u00e9nyeidet, mert a v\u00e1s\u00e1rl\u00e1s visszaford\u00edt\u00e1sa kedvez\u0151tlen \u00e9rt\u00e9kel\u00e9s k\u00eds\u00e9ret\u00e9ben lehets\u00e9ges!\n---------------------------------------------------------------------------------------","price":"38100.00","unit":"garn","recommended":"0","status":"1","sponsored":"0","exp_notify":"0","own_material":"0","own_material_description_old":null,"own_material_description":"","jury":"0","jury_number":"","product_nature":"","meskaracsony":"0","create_date":"2026-01-12 07:58:57","shelve_id":"34888","image":"ntakeramia_product_40710_190317173843_560975.jpeg","image_width":"480","image_height":"269","image_alt":"R\u00f3zs\u00e1s-p\u00f6tty\u00f6s egyedi ker\u00e1mia f\u0171szertart\u00f3, Romantikus, r\u00f3zs\u00e1s igaz\u00e1n egyedi.\\nFeh\u00e9r agyagb\u00f3l, k\u00e9sz\u00edtettem ezt a sz\u00f6gletes f\u0171szertart\u00f3t .\\n M\u00e1z al..., Meska","image_title":"R\u00f3zs\u00e1s-p\u00f6tty\u00f6s egyedi ker\u00e1mia f\u0171szertart\u00f3, Meska","view_count":"3667","favourite_count":"3","trending_score":"0","last2MonthFavouriteCount":"1","promotion":"0","giftcard_accept":"0","creditcard_accept":false,"enhanced_background":"0","domain":"meska","specific_customer_id":null,"specific_customer_name":null,"to_order_product":"1","to_order_product_time":"15","product_different":"quite_different","product_different_description":"K\u00e9zzel k\u00e9sz\u00edtett \u00e9s festett ker\u00e1mia.Az apr\u00f3 elt\u00e9r\u00e9sek miatt egyedi.Minden ker\u00e1mi\u00e1nk hordozza k\u00e9zjegy\u00fcnk \u00e9s v\u00e9djegy\u00fcnk:)","vintage":"0","vintage_category_id":"0","recycled":"0","gemstone_id":"0","customizable":"0","type_category":"physical","zerowaste":"0","postage_price":"3990.00","shop_order":"215","has_category":"1","landing_pages":"Kar\u00e1csonyi aj\u00e1nd\u00e9kok, Sz\u00fclinapi aj\u00e1nd\u00e9kok","microdata":{"number":4,"category":""},"title":"R\u00f3zs\u00e1s-p\u00f6tty\u00f6s egyedi ker\u00e1mia f\u0171szertart\u00f3","description":"Romantikus, r\u00f3zs\u00e1s igaz\u00e1n egyedi.\nFeh\u00e9r agyagb\u00f3l, k\u00e9sz\u00edtettem ezt a sz\u00f6gletes f\u0171szertart\u00f3t .\n M\u00e1z alatti fest\u00e9kkel r\u00f3zs\u00e1kat sz\u00e1lakat festettem k\u00f6rbe r\u00e1.\nP\u00f6tty\u00f6k, p\u00f6tty\u00f6k minden\u00fctt\nK\u00e9r\u00e9sre b\u00e1rmilyen felirattal elk\u00e9sz\u00edtem.\nA k\u00e9pen szerepl\u0151 k\u00e9szlet, teh\u00e1t az \u00e1r is, 3 db nagy \u00e9s 6 db kicsi tart\u00f3t tartalmaz.\n\nM\u00e9retek:\n18 cm magas fed\u0151vel.\nsz\u00e9less\u00e9ge 11 cm\n4.900Ft \/db\nA kicsi pocakja 400 ml es\n12 cm magas \u00e9s 12 cm sz\u00e9les\n3.900 Ft \/db\n------------------------------------------------------------------------------------------\nAz \u00e1r a megnevezett term\u00e9kre vonatkozik.\nHa ELT\u00c9R\u0150 darabsz\u00e1mot szeretn\u00e9l vagy EGYEDI mint\u00e1t v\u00e9tel\u00e1r is v\u00e1ltozik.....ez\u00e9rt k\u00e9rlek bels\u0151 \u00fczenetben jelezz m\u00e9g a rendel\u00e9s el\u0151tt.\nMinden ker\u00e1mi\u00e1m egyedi, k\u00e9zzel k\u00e9sz\u00fclt ...k\u00e9zzel festett ,nem t\u00f6megcikk. Sz\u00edne, mint\u00e1ja, form\u00e1ja, elt\u00e9rhet a k\u00e9pen l\u00e1that\u00f3t\u00f3l. A fot\u00f3 csup\u00e1n illusztr\u00e1ci\u00f3, nem azt kapod, minden rendel\u00e9st egy\u00e9nileg k\u00e9sz\u00edtek el. Term\u00e9szetesen t\u00f6rekszem, csal\u00f3d\u00e1s ne okozzon az \u00e1ltalad kapott ker\u00e1mia :)\nK\u00e9rlek csak akkor rendelj ha szereted \u00e9s elfogadod az egyedis\u00e9gem.\nEz\u00e9rt, miel\u0151tt itt v\u00e1s\u00e1roln\u00e1l t\u0151lem, egyeztess\u00fck az ig\u00e9nyeidet, mert a v\u00e1s\u00e1rl\u00e1s visszaford\u00edt\u00e1sa kedvez\u0151tlen \u00e9rt\u00e9kel\u00e9s k\u00eds\u00e9ret\u00e9ben lehets\u00e9ges!\n---------------------------------------------------------------------------------------","score":0,"formatted_price":"38 100 Ft","image_url":"https:\/\/www.meska.hu\/img\/product\/small\/n\/t\/ntakeramia_product_40710_190317173843_560975.jpeg","formatted_url":"https:\/\/www.meska.hu\/p4456316-rozsas-pottyos-egyedi-keramia-fuszertarto","favourite":false,"in_stock":false,"avatar":"ntakeramia_avatar_40710_1569066083.JPG","delete_from":0,"is_enhanced_background":false,"is_enhanced":false,"product_selection_started":false,"is_active":true,"image_webp_url":"https:\/\/www.meska.hu\/img\/product\/small\/n\/t\/ntakeramia_product_40710_190317173843_560975.webp"},{"id":"4300099","shop_id":"8514","user_id":"40710","shop_name":"ntakeramia","shop_zip":"8200","product_code":"4260200","product_name_old":null,"product_name":"K\u00e9kfest\u0151 egyedi ker\u00e1mia f\u0171szertart\u00f3","category_string":"Otthon & \u00c9letm\u00f3d, Konyhafelszerel\u00e9s, t\u00e1lal\u00e1s, Konyhai t\u00e1rol\u00e1s, F\u0171szertart\u00f3","technic_string":"Ker\u00e1mia, Fest\u00e9szet","category_1":"813","category_2":"393","category_3":"1483","category_4":"397","merged_category_1":null,"merged_category_2":null,"merged_category_3":null,"technic_1":"489","technic_2":"480","technic_3":"0","color_1":"515","color_2":"521","color_3":"529","product_description_old":null,"product_description":"Egy igazi romantikus ...st\u00edlusos ...k\u00e9k konyha f\u0171szertart\u00f3ja lehet ez a k\u00e9kfest\u0151 mint\u00e1mmal festett k\u00e9szlet.\nFeh\u00e9r agyagb\u00f3l,k\u00e9sz\u00edtettem ezt a f\u0171szer tart\u00f3t.M\u00e1z alatti fest\u00e9kkel k\u00e9kfest\u0151 mint\u00e1m festettem r\u00e1.\nSaj\u00e1t egyedi tervez\u00e9s a ker\u00e1mia \u00e9s saj\u00e1t egyedi tervez\u00e9s \u00e9s k\u00e9zi fest\u00e9s a minta.\n\nA nagy magass\u00e1ga fed\u0151vel: 17 cm\nSz\u00e9less\u00e9ge 17 cm\nNagy: 5.500 ft\/db\n\nA kicsi magass\u00e1ga fed\u0151vel: 12 cm\nsz\u00e9less\u00e9ge 12 cm.\nKicsi: 3.900 ft\/db\n\nK\u00e9r\u00e9s szerint k\u00e9sz\u00edtem el a feliratot,tetsz\u0151leges darabsz\u00e1m rendelhet\u0151.\n\nEz a k\u00e9szlet 2 db nagy \u00e9s 1 db kis f\u0171szertart\u00f3t tartalmaz.\n\n\nK\u00c9RLEK,HA EGY-EGY DARABRA VAN SZ\u00dcKS\u00c9GED,NE V\u00c1S\u00c1ROLD MEG A K\u00c9SZLETET,KERESS BELS\u0150 \u00dcZENETBE!!!","price":"14900.00","unit":"garn","recommended":"0","status":"1","sponsored":"0","exp_notify":"0","own_material":"0","own_material_description_old":null,"own_material_description":"","jury":"0","jury_number":"","product_nature":"","meskaracsony":"0","create_date":"2026-01-12 07:58:48","shelve_id":"34888","image":"ntakeramia_product_40710_260211064005_671149.jpeg","image_width":"480","image_height":"480","image_alt":"K\u00e9kfest\u0151 egyedi ker\u00e1mia f\u0171szertart\u00f3, Egy igazi romantikus ...st\u00edlusos ...k\u00e9k konyha f\u0171szertart\u00f3ja lehet ez a k\u00e9kfest\u0151 mint\u00e1mmal festett k..., Meska","image_title":"K\u00e9kfest\u0151 egyedi ker\u00e1mia f\u0171szertart\u00f3, Meska","view_count":"2239","favourite_count":"1","trending_score":"0","last2MonthFavouriteCount":"1","promotion":"0","giftcard_accept":"0","creditcard_accept":false,"enhanced_background":"0","domain":"meska","specific_customer_id":null,"specific_customer_name":null,"to_order_product":"1","to_order_product_time":"16","product_different":"quite_different","product_different_description":"K\u00e9zzel k\u00e9sz\u00edtett \u00e9s festett ker\u00e1mia.Az apr\u00f3 elt\u00e9r\u00e9sek miatt egyedi.Minden ker\u00e1mi\u00e1nk hordozza k\u00e9zjegy\u00fcnk \u00e9s v\u00e9djegy\u00fcnk:)","vintage":"0","vintage_category_id":"0","recycled":"0","gemstone_id":"0","customizable":"0","type_category":"physical","zerowaste":"0","postage_price":"3990.00","shop_order":"217","has_category":"1","landing_pages":null,"microdata":{"number":5,"category":""},"title":"K\u00e9kfest\u0151 egyedi ker\u00e1mia f\u0171szertart\u00f3","description":"Egy igazi romantikus ...st\u00edlusos ...k\u00e9k konyha f\u0171szertart\u00f3ja lehet ez a k\u00e9kfest\u0151 mint\u00e1mmal festett k\u00e9szlet.\nFeh\u00e9r agyagb\u00f3l,k\u00e9sz\u00edtettem ezt a f\u0171szer tart\u00f3t.M\u00e1z alatti fest\u00e9kkel k\u00e9kfest\u0151 mint\u00e1m festettem r\u00e1.\nSaj\u00e1t egyedi tervez\u00e9s a ker\u00e1mia \u00e9s saj\u00e1t egyedi tervez\u00e9s \u00e9s k\u00e9zi fest\u00e9s a minta.\n\nA nagy magass\u00e1ga fed\u0151vel: 17 cm\nSz\u00e9less\u00e9ge 17 cm\nNagy: 5.500 ft\/db\n\nA kicsi magass\u00e1ga fed\u0151vel: 12 cm\nsz\u00e9less\u00e9ge 12 cm.\nKicsi: 3.900 ft\/db\n\nK\u00e9r\u00e9s szerint k\u00e9sz\u00edtem el a feliratot,tetsz\u0151leges darabsz\u00e1m rendelhet\u0151.\n\nEz a k\u00e9szlet 2 db nagy \u00e9s 1 db kis f\u0171szertart\u00f3t tartalmaz.\n\n\nK\u00c9RLEK,HA EGY-EGY DARABRA VAN SZ\u00dcKS\u00c9GED,NE V\u00c1S\u00c1ROLD MEG A K\u00c9SZLETET,KERESS BELS\u0150 \u00dcZENETBE!!!","score":0,"formatted_price":"14 900 Ft","image_url":"https:\/\/www.meska.hu\/img\/product\/small\/n\/t\/ntakeramia_product_40710_260211064005_671149.jpeg","formatted_url":"https:\/\/www.meska.hu\/p4260200-rozsas-pottyos-egyedi-keramia-fuszertarto","favourite":false,"in_stock":false,"avatar":"ntakeramia_avatar_40710_1569066083.JPG","delete_from":0,"is_enhanced_background":false,"is_enhanced":false,"product_selection_started":false,"is_active":true,"image_webp_url":"https:\/\/www.meska.hu\/img\/product\/small\/n\/t\/ntakeramia_product_40710_260211064005_671149.webp"}],"canonicals":{"canonical":"https:\/\/www.meska.hu\/s\/fuszertarto:festeszet\/c-397:t-480"},"seo":{"title":"F\u0171szertart\u00f3k, f\u0171szert\u00e1rol\u00f3k - Meska.hu","seoTitle":"F\u0171szertart\u00f3k, f\u0171szert\u00e1rol\u00f3k","seoDescription":"Praktikusan \u00e9s eszt\u00e9tikusan helyezn\u00e9d el a kedvenc f\u0171szeredet? Petrezselyem, bazsalikom, kakukkf\u0171, rozmaring, zs\u00e1lya? Keress hozz\u00e1juk f\u0171szern\u00f6v\u00e9ny t\u00e1rol\u00f3t, vagy dobozos f\u0171szertart\u00f3t, esetleg konyhai f\u0171szertart\u00f3 \u00e1llv\u00e1nyt. Sokan keresik az egyedi, kreat\u00edv, fa, f\u00e9m, vagy ak\u00e1r ker\u00e1mia f\u0171szertart\u00f3kat a k\u00e9zm\u0171ves kreat\u00edv alkot\u00f3kt\u00f3l.","metaDescription":"Csodasz\u00e9p f\u0171szertart\u00f3k \u00e9s f\u0171szert\u00e1rol\u00f3k: f\u0171szern\u00f6v\u00e9ny tart\u00f3, f\u0171szert\u00e1rol\u00f3 doboz, konyhai f\u0171szertart\u00f3k nagy v\u00e1laszt\u00e9kban. Magyar design k\u00e9zm\u0171ves term\u00e9kek.","metaNoIndex":true,"metaNoFollow":0,"seoFound":true,"ogImage":"https:\/\/www.meska.hu\/img\/category_seo\/397-_P931W.jpg","canonicals":"https:\/\/www.meska.hu\/s\/fuszertarto:festeszet\/c-397:t-480"},"breadcrumb":[{"position":1,"name":"Meska.hu","url":"https:\/\/www.meska.hu","last":false},{"position":2,"name":"Otthon & \u00c9letm\u00f3d","url":"https:\/\/www.meska.hu\/s\/otthon-eletmod:festeszet\/c-813:t-480","last":false},{"position":3,"name":"Konyhafelszerel\u00e9s, t\u00e1lal\u00e1s","url":"https:\/\/www.meska.hu\/s\/konyhafelszereles-talalas:festeszet\/c-393:t-480","last":false},{"position":4,"name":"Konyhai t\u00e1rol\u00e1s","url":"https:\/\/www.meska.hu\/s\/konyhai-tarolas:festeszet\/c-1483:t-480","last":false},{"position":5,"name":"F\u0171szertart\u00f3","url":"https:\/\/www.meska.hu\/s\/fuszertarto:festeszet\/c-397:t-480","last":true}],"h1":"F\u0171szertart\u00f3","url":{"url":"https:\/\/www.meska.hu\/s\/fuszertarto:festeszet\/c-397:t-480","title":"Mind","_debug_":false},"_count_":5}