{"_terms_":{"phrase":"*","technic_id":"482","technics":"482","facets":"n","p":"1","pp":"100","sort_by":"create_date","sort_direction":"desc","product_type":"kezmuves|alapanyag|vintage","session_id":"epunp3s5jkdrk5hedsqjh3ivge"},"total":349,"products":[{"id":"5562926","shop_id":"26841","user_id":"327178","shop_name":"gardonyilevendula","shop_zip":"2483","product_code":"5430254","product_name_old":null,"product_name":"VIP Pr\u00e9mium levendul\u00e1s \u00e1pol\u00f3 aj\u00e1nd\u00e9kcsomag fonott dobozban","category_string":"Sz\u00e9ps\u00e9g\u00e1pol\u00e1s, Kozmetikai aj\u00e1nd\u00e9kcsomag","technic_string":"Fon\u00e1s (csuh\u00e9, gy\u00e9k\u00e9ny, stb.), Szappank\u00e9sz\u00edt\u00e9s","category_1":"454","category_2":"915","category_3":"0","category_4":"0","merged_category_1":null,"merged_category_2":null,"merged_category_3":null,"technic_1":"482","technic_2":"500","technic_3":"0","color_1":"515","color_2":"522","color_3":"0","product_description_old":null,"product_description":"V\u00e1logat\u00e1s levendul\u00e1s \u00e9s gasztro term\u00e9keinkb\u0151l, csupa praktikus \u00e9s illatos, finom apr\u00f3s\u00e1g egy csomagba gy\u0171jtve, pap\u00edrfon\u00e1ssal k\u00e9sz\u00fclt, hengeres t\u00e1rol\u00f3ban, most extra \u00faj tartalommal!\n\n\u00cdgy nem csak figyelmes \u00e1pol\u00f3 aj\u00e1nd\u00e9kokat kap az aj\u00e1nd\u00e9kozott, de egy nagyon j\u00f3l haszn\u00e1lhat\u00f3, egyedi k\u00e9zm\u0171ves t\u00e1rol\u00f3 dobozt is.\n\nK\u00f6rnyezetbar\u00e1t szeml\u00e9lettel v\u00e1logatjuk ki saj\u00e1t term\u00e9keinket \u00e9s alapanyagukat, \u00edgy ez sem lehet m\u00e1sk\u00e9pp. \nA pap\u00edrfonott doboz k\u00e9s\u0151bb is d\u00edszes tart\u00f3ja lehet apr\u00f3 kincseknek, vagy ak\u00e1r beletehet egy nagy csokor levendul\u00e1t is.\n\nA pap\u00edrfonott term\u00e9kek v\u00edzzel lemoshat\u00f3k, ut\u00e1na hagyni kell megsz\u00e1radni.\nAz \u00e1pol\u00f3 csomagot t\u00f6bb f\u00e9le form\u00e1ban tal\u00e1lod meg n\u00e1lam, kisebb vagy nagy kiszerel\u00e9sben.\n\nVIP Pr\u00e9mium csomag:\nb\u00e9zs, pap\u00edrfonott henger alak\u00fa dobozban, fonott levendulacsokorral d\u00edsz\u00edtve, szalaggal \u00e1tk\u00f6tve, tartalma:\n-1 db levendulav\u00edz 100 ml,arc\u00e1pol\u00e1shoz, vagy illatos\u00edt\u00e1shoz , le\u00edr\u00e1ssal\n-1 db levendula zs\u00e1kocska (szekr\u00e9ny illatos\u00edt\u00e1s\u00e1ra)\n-1 db k\u00e9nyeztet\u0151 szappan ( 100 g, v\u00e1laszthat\u00f3 illat)\n- 1 db 5 ml goly\u00f3s levendulaolaj (sresszold\u00e1sra, cs\u00edp\u00e9sre), haszn\u00e1lati javaslatot tartalmaz\u00f3 aj\u00e1nd\u00e9kk\u00e1rty\u00e1ban\n- 1 db mini levendul\u00e1s sz\u00f3javiasz gyertya fakan\u00f3ccal\n- 1 db mini levendulapuncs (100ml, fogyaszthat\u00f3 sz\u00f6rpk\u00e9nt vagy forr\u00f3 italk\u00e9nt)\n\nKiv\u00e1laszthatod, milyen illat\u00fa szappant k\u00e9rsz hozz\u00e1. A zs\u00e1kocska \u00e9s arctiszt\u00edt\u00f3 korong sz\u00edne v\u00e1ltoz\u00f3, de a csomagba ill\u0151 sz\u00ednvari\u00e1ci\u00f3kat haszn\u00e1lunk.\n\nMivel minden darab k\u00e9zzel k\u00e9sz\u00fcl, nagyobb mennyis\u00e9gben val\u00f3 rendel\u00e9s eset\u00e9n lehet v\u00e1rakoz\u00e1si id\u0151.\n\nA pap\u00edrfonott term\u00e9kek v\u00edzzel lemoshat\u00f3k, ut\u00e1na hagyni kell megsz\u00e1radni.\nTERM\u00c9KEINK ENGED\u00c9LYEZETT, BEVIZSG\u00c1LT TERM\u00c9KEK.\n\nMIN\u0150S\u00c9GBIZTOS\u00cdT\u00c1SI RENDSZER: MSZ EN ISO 22716\/2008\n\nCPNP 4018165, 4018166, 4018159, 4174679, 4083845, 4018162","price":"15000.00","unit":"db","recommended":"0","status":"1","sponsored":"0","exp_notify":"0","own_material":"0","own_material_description_old":null,"own_material_description":"","jury":"0","jury_number":"","product_nature":"","meskaracsony":"0","create_date":"2026-04-29 11:00:08","shelve_id":"67490","image":"gardonyilevendula_product_327178_241106075332_002322.jpeg","image_width":"480","image_height":"480","image_alt":"VIP Pr\u00e9mium levendul\u00e1s \u00e1pol\u00f3 aj\u00e1nd\u00e9kcsomag fonott dobozban, V\u00e1logat\u00e1s levendul\u00e1s \u00e9s gasztro term\u00e9keinkb\u0151l, csupa praktikus \u00e9s illatos, finom apr\u00f3s\u00e1g egy csomagb..., Meska","image_title":"VIP Pr\u00e9mium levendul\u00e1s \u00e1pol\u00f3 aj\u00e1nd\u00e9kcsomag fonott dobozban, Meska","view_count":"995","favourite_count":"0","trending_score":"0","last2MonthFavouriteCount":"0","promotion":"0","giftcard_accept":"0","creditcard_accept":true,"enhanced_background":"0","domain":"meska","specific_customer_id":null,"specific_customer_name":null,"to_order_product":"1","to_order_product_time":"3","product_different":null,"product_different_description":"","vintage":"0","vintage_category_id":"0","recycled":"1","gemstone_id":"0","customizable":"0","type_category":"physical","zerowaste":"1","postage_price":"2390.00","shop_order":"0","has_category":"1","landing_pages":"Kar\u00e1csonyi aj\u00e1nd\u00e9kok, Kar\u00e1csonyi aj\u00e1nd\u00e9kok","microdata":{"number":1,"category":""},"title":"VIP Pr\u00e9mium levendul\u00e1s \u00e1pol\u00f3 aj\u00e1nd\u00e9kcsomag fonott dobozban","description":"V\u00e1logat\u00e1s levendul\u00e1s \u00e9s gasztro term\u00e9keinkb\u0151l, csupa praktikus \u00e9s illatos, finom apr\u00f3s\u00e1g egy csomagba gy\u0171jtve, pap\u00edrfon\u00e1ssal k\u00e9sz\u00fclt, hengeres t\u00e1rol\u00f3ban, most extra \u00faj tartalommal!\n\n\u00cdgy nem csak figyelmes \u00e1pol\u00f3 aj\u00e1nd\u00e9kokat kap az aj\u00e1nd\u00e9kozott, de egy nagyon j\u00f3l haszn\u00e1lhat\u00f3, egyedi k\u00e9zm\u0171ves t\u00e1rol\u00f3 dobozt is.\n\nK\u00f6rnyezetbar\u00e1t szeml\u00e9lettel v\u00e1logatjuk ki saj\u00e1t term\u00e9keinket \u00e9s alapanyagukat, \u00edgy ez sem lehet m\u00e1sk\u00e9pp. \nA pap\u00edrfonott doboz k\u00e9s\u0151bb is d\u00edszes tart\u00f3ja lehet apr\u00f3 kincseknek, vagy ak\u00e1r beletehet egy nagy csokor levendul\u00e1t is.\n\nA pap\u00edrfonott term\u00e9kek v\u00edzzel lemoshat\u00f3k, ut\u00e1na hagyni kell megsz\u00e1radni.\nAz \u00e1pol\u00f3 csomagot t\u00f6bb f\u00e9le form\u00e1ban tal\u00e1lod meg n\u00e1lam, kisebb vagy nagy kiszerel\u00e9sben.\n\nVIP Pr\u00e9mium csomag:\nb\u00e9zs, pap\u00edrfonott henger alak\u00fa dobozban, fonott levendulacsokorral d\u00edsz\u00edtve, szalaggal \u00e1tk\u00f6tve, tartalma:\n-1 db levendulav\u00edz 100 ml,arc\u00e1pol\u00e1shoz, vagy illatos\u00edt\u00e1shoz , le\u00edr\u00e1ssal\n-1 db levendula zs\u00e1kocska (szekr\u00e9ny illatos\u00edt\u00e1s\u00e1ra)\n-1 db k\u00e9nyeztet\u0151 szappan ( 100 g, v\u00e1laszthat\u00f3 illat)\n- 1 db 5 ml goly\u00f3s levendulaolaj (sresszold\u00e1sra, cs\u00edp\u00e9sre), haszn\u00e1lati javaslatot tartalmaz\u00f3 aj\u00e1nd\u00e9kk\u00e1rty\u00e1ban\n- 1 db mini levendul\u00e1s sz\u00f3javiasz gyertya fakan\u00f3ccal\n- 1 db mini levendulapuncs (100ml, fogyaszthat\u00f3 sz\u00f6rpk\u00e9nt vagy forr\u00f3 italk\u00e9nt)\n\nKiv\u00e1laszthatod, milyen illat\u00fa szappant k\u00e9rsz hozz\u00e1. A zs\u00e1kocska \u00e9s arctiszt\u00edt\u00f3 korong sz\u00edne v\u00e1ltoz\u00f3, de a csomagba ill\u0151 sz\u00ednvari\u00e1ci\u00f3kat haszn\u00e1lunk.\n\nMivel minden darab k\u00e9zzel k\u00e9sz\u00fcl, nagyobb mennyis\u00e9gben val\u00f3 rendel\u00e9s eset\u00e9n lehet v\u00e1rakoz\u00e1si id\u0151.\n\nA pap\u00edrfonott term\u00e9kek v\u00edzzel lemoshat\u00f3k, ut\u00e1na hagyni kell megsz\u00e1radni.\nTERM\u00c9KEINK ENGED\u00c9LYEZETT, BEVIZSG\u00c1LT TERM\u00c9KEK.\n\nMIN\u0150S\u00c9GBIZTOS\u00cdT\u00c1SI RENDSZER: MSZ EN ISO 22716\/2008\n\nCPNP 4018165, 4018166, 4018159, 4174679, 4083845, 4018162","score":0,"formatted_price":"15 000 Ft","image_url":"https:\/\/www.meska.hu\/img\/product\/small\/g\/a\/gardonyilevendula_product_327178_241106075332_002322.jpeg","formatted_url":"https:\/\/www.meska.hu\/p5430254-vip-premium-levendulas-apolo-ajandekcsomag-fonott-dobozban-unnepi-alkalmakra","favourite":false,"in_stock":false,"avatar":"gardonyilevendula_avatar_327178_1666612331.jpg","delete_from":0,"is_enhanced_background":false,"is_enhanced":true,"enhanced_ribbon":"<img src=\"\/images\/brightness_brighter_20x20.png\" style=\"position: absolute; right: 13px; top: 7px;\">","enhanced_key":0,"is_key_2":false,"is_key_3":false,"is_key_4":false,"product_selection_started":false,"is_active":true,"image_webp_url":"https:\/\/www.meska.hu\/img\/product\/small\/g\/a\/gardonyilevendula_product_327178_241106075332_002322.webp"},{"id":"5003629","shop_id":"26841","user_id":"327178","shop_name":"gardonyilevendula","shop_zip":"2483","product_code":"5083560","product_name_old":null,"product_name":"Mini aj\u00e1nd\u00e9kcsomag, fonott dobozk\u00e1ban, citromf\u00fcves, c\u00e9geknek, koll\u00e9g\u00e1lnak, bar\u00e1toknak","category_string":"Sz\u00e9ps\u00e9g\u00e1pol\u00e1s, Kozmetikai aj\u00e1nd\u00e9kcsomag","technic_string":"Fon\u00e1s (csuh\u00e9, gy\u00e9k\u00e9ny, stb.), Szappank\u00e9sz\u00edt\u00e9s","category_1":"454","category_2":"915","category_3":"0","category_4":"0","merged_category_1":"0","merged_category_2":"0","merged_category_3":"785","technic_1":"482","technic_2":"500","technic_3":"0","color_1":"515","color_2":"528","color_3":"529","product_description_old":null,"product_description":"V\u00e1logat\u00e1s gy\u00f3gyn\u00f6v\u00e9nyes term\u00e9keinkb\u0151l, k\u00e9t praktikus \u00e9s illatos apr\u00f3s\u00e1g egy j\u00f3l haszn\u00e1lhat\u00f3 csinos k\u00f6rnyezetbar\u00e1t dobozk\u00e1ba gy\u0171jtve.\n\nAz \u00e1pol\u00f3 csomagot \u00fajrahasznos\u00edtott pap\u00edrb\u00f3l font, fedeles dobozk\u00e1ba tett\u00fck, melynek teteje szalaggal \u00e1t van f\u0171zve. Ezt a dobozk\u00e1t sokmindenre haszn\u00e1lni tudja m\u00e9g az aj\u00e1nd\u00e9kozott, \u00e9kszereknek, \u00e9dess\u00e9gnek, b\u00e1rmilyen kis kincseknek praktikus, dekorat\u00edv \u00e9s term\u00e9szetes t\u00e1rol\u00f3.\nA csomagb\u00f3l van k\u00e9szleten is, de megrendelhet\u0151k\u00e9nt teszem fel, mivel nagyobb darabsz\u00e1mban is rendelhet\u0151.\n\nTartalma:\n\n1 db ker\u00e1mia illatos\u00edt\u00f3 szett, 2 ml levendula olajjal (ezt sz\u00ednben harmoniz\u00e1lva tessz\u00fck bele a csomagba)\n\n1 db k\u00e9nyeztet\u0151 szappan (citromf\u0171-rozmaring, 60 g, t\u00fcrkiz sz\u00ednben)\n\n1 db k\u00f6r alak\u00fa fedeles fonott dobozka b\u00e9zs sz\u00ednben (bels\u0151 \u00e1tm\u00e9r\u0151 10 cm, magass\u00e1ga 10 cm)\nA citromf\u00fcves dobozk\u00e1t b\u00e9zs sz\u00edn\u0171 szalaggal k\u00f6tj\u00fck \u00e1t.\n\nTERM\u00c9KEINK ENGED\u00c9LYEZETT, BEVIZSG\u00c1LT TERM\u00c9KEK.\n\nMIN\u0150S\u00c9GBIZTOS\u00cdT\u00c1SI RENDSZER: MSZ EN ISO 22716\/2008\n\nCPNP 4018159\n\nLIMIT\u00c1LT KIAD\u00c1S, EL\u0150RENDELHET\u0150!\nAj\u00e1nd\u00e9kdobozk\u00e1nak tervezt\u00fck ezt a kerek dobozk\u00e1t, bels\u0151 peremes, passzol\u00f3 tet\u0151vel. A tet\u0151 egy szalag bef\u0171z\u00e9s\u00e9vel r\u00f6gz\u00edthet\u0151. A csomagot hozz\u00e1 ill\u0151 log\u00f3s szalagunkkal k\u00e9sz\u00edtj\u00fck.\n\nEgyszer\u0171 letisztult design, \u00edgy a modern otthonokba is passzol\u00f3 dekor\u00e1ci\u00f3, dobozka.\nM\u00e9rete bels\u0151 \u00e1tm\u00e9r\u0151 10 cm, magass\u00e1ga 10 cm.","price":"5500.00","unit":"db","recommended":"0","status":"1","sponsored":"0","exp_notify":"0","own_material":"0","own_material_description_old":null,"own_material_description":"","jury":"0","jury_number":"","product_nature":"","meskaracsony":"0","create_date":"2026-04-11 22:00:47","shelve_id":"67490","image":"gardonyilevendula_product_327178_231126104636_259628.jpeg","image_width":"480","image_height":"319","image_alt":"Mini aj\u00e1nd\u00e9kcsomag, fonott dobozk\u00e1ban, citromf\u00fcves, c\u00e9geknek, koll\u00e9g\u00e1lnak, bar\u00e1toknak, V\u00e1logat\u00e1s gy\u00f3gyn\u00f6v\u00e9nyes term\u00e9keinkb\u0151l, k\u00e9t praktikus \u00e9s illatos apr\u00f3s\u00e1g egy j\u00f3l haszn\u00e1lhat\u00f3 csinos k..., Meska","image_title":"Mini aj\u00e1nd\u00e9kcsomag, fonott dobozk\u00e1ban, citromf\u00fcves, c\u00e9geknek, koll\u00e9g\u00e1lnak, bar\u00e1toknak, Meska","view_count":"1828","favourite_count":"1","trending_score":"0","last2MonthFavouriteCount":"1","promotion":"0","giftcard_accept":"0","creditcard_accept":true,"enhanced_background":"0","domain":"meska","specific_customer_id":null,"specific_customer_name":null,"to_order_product":"1","to_order_product_time":"2","product_different":null,"product_different_description":"","vintage":"0","vintage_category_id":"0","recycled":"1","gemstone_id":"0","customizable":"0","type_category":"physical","zerowaste":"1","postage_price":"2390.00","shop_order":"0","has_category":"1","landing_pages":"Ballag\u00e1si aj\u00e1nd\u00e9kok \u00e9s kieg\u00e9sz\u00edt\u0151k, Kar\u00e1csonyi aj\u00e1nd\u00e9kok, Sz\u00fclinapi aj\u00e1nd\u00e9kok","microdata":{"number":2,"category":""},"title":"Mini aj\u00e1nd\u00e9kcsomag, fonott dobozk\u00e1ban, citromf\u00fcves, c\u00e9geknek, koll\u00e9g\u00e1lnak, bar\u00e1toknak","description":"V\u00e1logat\u00e1s gy\u00f3gyn\u00f6v\u00e9nyes term\u00e9keinkb\u0151l, k\u00e9t praktikus \u00e9s illatos apr\u00f3s\u00e1g egy j\u00f3l haszn\u00e1lhat\u00f3 csinos k\u00f6rnyezetbar\u00e1t dobozk\u00e1ba gy\u0171jtve.\n\nAz \u00e1pol\u00f3 csomagot \u00fajrahasznos\u00edtott pap\u00edrb\u00f3l font, fedeles dobozk\u00e1ba tett\u00fck, melynek teteje szalaggal \u00e1t van f\u0171zve. Ezt a dobozk\u00e1t sokmindenre haszn\u00e1lni tudja m\u00e9g az aj\u00e1nd\u00e9kozott, \u00e9kszereknek, \u00e9dess\u00e9gnek, b\u00e1rmilyen kis kincseknek praktikus, dekorat\u00edv \u00e9s term\u00e9szetes t\u00e1rol\u00f3.\nA csomagb\u00f3l van k\u00e9szleten is, de megrendelhet\u0151k\u00e9nt teszem fel, mivel nagyobb darabsz\u00e1mban is rendelhet\u0151.\n\nTartalma:\n\n1 db ker\u00e1mia illatos\u00edt\u00f3 szett, 2 ml levendula olajjal (ezt sz\u00ednben harmoniz\u00e1lva tessz\u00fck bele a csomagba)\n\n1 db k\u00e9nyeztet\u0151 szappan (citromf\u0171-rozmaring, 60 g, t\u00fcrkiz sz\u00ednben)\n\n1 db k\u00f6r alak\u00fa fedeles fonott dobozka b\u00e9zs sz\u00ednben (bels\u0151 \u00e1tm\u00e9r\u0151 10 cm, magass\u00e1ga 10 cm)\nA citromf\u00fcves dobozk\u00e1t b\u00e9zs sz\u00edn\u0171 szalaggal k\u00f6tj\u00fck \u00e1t.\n\nTERM\u00c9KEINK ENGED\u00c9LYEZETT, BEVIZSG\u00c1LT TERM\u00c9KEK.\n\nMIN\u0150S\u00c9GBIZTOS\u00cdT\u00c1SI RENDSZER: MSZ EN ISO 22716\/2008\n\nCPNP 4018159\n\nLIMIT\u00c1LT KIAD\u00c1S, EL\u0150RENDELHET\u0150!\nAj\u00e1nd\u00e9kdobozk\u00e1nak tervezt\u00fck ezt a kerek dobozk\u00e1t, bels\u0151 peremes, passzol\u00f3 tet\u0151vel. A tet\u0151 egy szalag bef\u0171z\u00e9s\u00e9vel r\u00f6gz\u00edthet\u0151. A csomagot hozz\u00e1 ill\u0151 log\u00f3s szalagunkkal k\u00e9sz\u00edtj\u00fck.\n\nEgyszer\u0171 letisztult design, \u00edgy a modern otthonokba is passzol\u00f3 dekor\u00e1ci\u00f3, dobozka.\nM\u00e9rete bels\u0151 \u00e1tm\u00e9r\u0151 10 cm, magass\u00e1ga 10 cm.","score":0,"formatted_price":"5 500 Ft","image_url":"https:\/\/www.meska.hu\/img\/product\/small\/g\/a\/gardonyilevendula_product_327178_231126104636_259628.jpeg","formatted_url":"https:\/\/www.meska.hu\/p5083560-mini-ajandekcsomag-fonott-dobozkaban-citromfuves-cegeknek-kollegalnak-baratoknak","favourite":false,"in_stock":false,"avatar":"gardonyilevendula_avatar_327178_1666612331.jpg","delete_from":0,"is_enhanced_background":false,"is_enhanced":true,"enhanced_ribbon":"<img src=\"\/images\/brightness_brighter_20x20.png\" style=\"position: absolute; right: 13px; top: 7px;\">","enhanced_key":1,"is_key_2":false,"is_key_3":false,"is_key_4":false,"product_selection_started":false,"is_active":true,"image_webp_url":"https:\/\/www.meska.hu\/img\/product\/small\/g\/a\/gardonyilevendula_product_327178_231126104636_259628.webp"},{"id":"4545127","shop_id":"3748","user_id":"13545","shop_name":"bigibizsu","shop_zip":"2092","product_code":"4811842","product_name_old":null,"product_name":"Szerencse kark\u00f6t\u0151 - TERM\u00c9KENYS\u00c9G","category_string":"\u00c9kszer, Kark\u00f6t\u0151, Fonott kark\u00f6t\u0151","technic_string":"Fon\u00e1s (csuh\u00e9, gy\u00e9k\u00e9ny, stb.), \u00c9kszerk\u00e9sz\u00edt\u00e9s","category_1":"327","category_2":"333","category_3":"1232","category_4":"0","merged_category_1":null,"merged_category_2":null,"merged_category_3":null,"technic_1":"482","technic_2":"477","technic_3":"0","color_1":"523","color_2":"0","color_3":"0","product_description_old":null,"product_description":"Fonott szerencse kark\u00f6t\u0151 -TERM\u00c9KENYS\u00c9G Apr\u00f3 Holdk\u0151vel Anyaga: Pamut Vastags\u00e1g:1,5mm A kark\u00f6t\u0151 m\u00e9rete a megk\u00f6t\u0151 r\u00e9sz n\u00e9lk\u00fcl \u00e9rtend\u0151!! Holdk\u0151 A holdk\u0151 manaps\u00e1g legismertebb, legkeresettebb \u00e1sv\u00e1nyok k\u00f6z\u00e9 tartozik. Sz\u00edneit illet\u0151en el\u0151fordulhat feh\u00e9res, s\u00e1rg\u00e1s, sz\u00fcrk\u00e9s, sziv\u00e1rv\u00e1nyos sz\u00ednekben. A holdk\u0151 mind hat\u00e1s\u00e1t, mind k\u00fcllem\u00e9t illet\u0151en a legfemininebb k\u0151, ez\u00e9rt is nevezik sok helyen a n\u0151k k\u00f6v\u00e9nek. De l\u00e1ssuk r\u00e9szletesen, hogy mit jelent ez a gy\u00f3gyhat\u00e1saira vonatkoz\u00f3an. HOLDK\u0150 TULAJDONS\u00c1GAI, HOLDK\u0150 B\u00c9BI A holdk\u0151 \u0151sid\u0151k \u00f3ta a medd\u0151 n\u0151k k\u00f6vek\u00e9nt van sz\u00e1mon tartva! Ez nem v\u00e9letlen, hiszen a holdk\u0151 hat\u00e1s\u00e1r\u00f3l sz\u00e1mtalan kedvez\u0151 tapasztalatr\u00f3l olvashatunk olyan n\u0151k eset\u00e9ben akik azut\u00e1n estek teherbe, hogy elkezdt\u00e9k a holdk\u00f6vet haszn\u00e1lni! B\u00e1r els\u0151sorban a holdk\u0151 term\u00e9kenys\u00e9gre gyakorolt hat\u00e1sa ismert, \u00e9rdemes tudni, hogy j\u00f3 hat\u00e1ssal van a menstru\u00e1ci\u00f3s zavarokra is. Azt m\u00e1r kevesebben tudj\u00e1k, hogy holdk\u0151vel a klimaxos probl\u00e9m\u00e1k is enyh\u00edthet\u0151k! A holdk\u0151 a hormonh\u00e1ztart\u00e1s minden probl\u00e9m\u00e1j\u00e1ra hat\u00e1ssal van, ez\u00e9rt \u00e9rdemes m\u00e1r a serd\u00fcl\u00e9s id\u0151szak\u00e1ban egy holdk\u0151 marokk\u00f6vet aj\u00e1nd\u00e9kozni a kisl\u00e1nyoknak, ami azut\u00e1n v\u00e9gigk\u00eds\u00e9ri eg\u00e9sz \u00e9let\u00e9n! Lelki gy\u00f3gyhat\u00e1sa: A holdk\u0151 nyugtat\u00f3 hat\u00e1s\u00fa, legyen sz\u00f3 ak\u00e1r racion\u00e1lis, vagy irracion\u00e1lis f\u00e9lelmekr\u0151l, ez k\u0151 nagym\u00e9rt\u00e9kben seg\u00edt lek\u00fczdeni azokat. Er\u0151s\u00edti romantikus oldalunkat. A holdk\u0151 seg\u00edts\u00e9g\u00e9vel szabadj\u00e1ra engedhetj\u00fck fant\u00e1zi\u00e1nkat \u00e9s v\u00e1gyainkat. Seg\u00edts\u00e9g\u00e9vel visszaszerezhetj\u00fck partner\u00fcnkkel az \u00fajdons\u00e1g \u00e9lm\u00e9ny\u00e9t \u00e9s az elvesztett romantika \u00faj er\u0151re kaphat. A holdk\u0151 jelent\u00e9se: szenved\u00e9lyes szerelem, amely a Holdra rep\u00edt. Sokan panaszkodnak \u00fajhold idej\u00e9n alv\u00e1si probl\u00e9m\u00e1kra, ilyenkor nem \u00e1rt holdk\u00f6vet magunkn\u00e1l tartani. Az \u00e9jszaka a Hold \u00e9s a tudattalan id\u0151szaka, ilyenkor a holdk\u0151 seg\u00edthet tudattalanunk \u00fczeneteit felismerni \u00e9s \u00e9rtelmezi. Eml\u00e9keztet \u00e1lmunkra \u00e9s f\u00e9nyt der\u00edt \u00e9rzelmi konfliktusainkra, feldolgozatlan probl\u00e9m\u00e1inkra. Nem csak bels\u0151 fejl\u0151d\u00e9s\u00fcnket seg\u00edti, hanem er\u0151s\u00edti intu\u00edci\u00f3nkat is. Seg\u00edts\u00e9g\u00e9vel fel\u00e9ledhetnek medi\u00e1lis k\u00e9pess\u00e9geink, ha el\u00e9g nyitottak vagyunk, eljuthatunk ak\u00e1r a tiszt\u00e1nl\u00e1t\u00e1sig is. Testi gy\u00f3gyhat\u00e1s: A hormonh\u00e1ztart\u00e1ssal k\u00f6zvetve, vagy k\u00f6zvetlen\u00fcl \u00f6sszef\u00fcgg\u0151 probl\u00e9m\u00e1k mindegyike orvosolhat\u00f3 a holdk\u0151 seg\u00edts\u00e9g\u00e9vel: kiegyenl\u00edti a hormonh\u00e1ztart\u00e1st, serkenti a petef\u00e9szek m\u0171k\u00f6d\u00e9s\u00e9t, n\u00f6veli a term\u00e9kenys\u00e9get. Egyar\u00e1nt kezelhet\u0151k vele a menstru\u00e1ci\u00f3s zavarok \u00e9s klimaxos probl\u00e9m\u00e1k. Hat\u00e1ssal van a csontozatra, megel\u0151zi a csontritkul\u00e1st. Hormon\u00e1lis eredet\u0171 hajhull\u00e1s elleni is haszn\u00e1lhatjuk. Jav\u00edtja a nyirokkering\u00e9st, ez\u00e9rt vizeny\u0151 \u00e9s v\u00e9gtagdagad\u00e1s eset\u00e9n is javasolt haszn\u00e1lata. Hozz\u00e1rendelt m\u00e1gikus hat\u00e1s: A n\u0151i ciklus a holdperi\u00f3dusokhoz igaz\u00edthat\u00f3 vele, teh\u00e1t rendszeress\u00e9 tehet\u0151. A r\u00e9gi id\u0151kben az utaz\u00f3k szerencsek\u00f6ve volt. Csillagjegyei: R\u00e1k, Bak, Halak Csakr\u00e1i: Szakr\u00e1lis csakra, Torokcsakra ","price":"1800.00","unit":"db","recommended":"0","status":"1","sponsored":"0","exp_notify":"0","own_material":"0","own_material_description_old":null,"own_material_description":"","jury":"0","jury_number":"","product_nature":"","meskaracsony":"0","create_date":"2026-04-29 13:20:18","shelve_id":"8923","image":"gu_szerencsekarkttermkenysg_4545127_01666094897369457113.jpeg","image_width":"480","image_height":"359","image_alt":"Szerencse kark\u00f6t\u0151 - TERM\u00c9KENYS\u00c9G, Fonott szerencse kark\u00f6t\u0151 -TERM\u00c9KENYS\u00c9G Apr\u00f3 Holdk\u0151vel Anyaga: Pamut Vastags\u00e1g:1,5mm A kark\u00f6t\u0151 m\u00e9rete..., Meska","image_title":"Szerencse kark\u00f6t\u0151 - TERM\u00c9KENYS\u00c9G, Meska","view_count":"1369","favourite_count":"0","trending_score":"0","last2MonthFavouriteCount":"0","promotion":"0","giftcard_accept":"1","creditcard_accept":true,"enhanced_background":"0","domain":"meska","specific_customer_id":null,"specific_customer_name":null,"to_order_product":"0","to_order_product_time":"0","product_different":null,"product_different_description":"","vintage":"0","vintage_category_id":"0","recycled":"0","gemstone_id":"0","customizable":"1","type_category":"physical","zerowaste":"0","postage_price":"1290.00","shop_order":"0","has_category":"1","landing_pages":null,"microdata":{"number":1,"category":""},"title":"Szerencse kark\u00f6t\u0151 - TERM\u00c9KENYS\u00c9G","description":"Fonott szerencse kark\u00f6t\u0151 -TERM\u00c9KENYS\u00c9G Apr\u00f3 Holdk\u0151vel Anyaga: Pamut Vastags\u00e1g:1,5mm A kark\u00f6t\u0151 m\u00e9rete a megk\u00f6t\u0151 r\u00e9sz n\u00e9lk\u00fcl \u00e9rtend\u0151!! Holdk\u0151 A holdk\u0151 manaps\u00e1g legismertebb, legkeresettebb \u00e1sv\u00e1nyok k\u00f6z\u00e9 tartozik. Sz\u00edneit illet\u0151en el\u0151fordulhat feh\u00e9res, s\u00e1rg\u00e1s, sz\u00fcrk\u00e9s, sziv\u00e1rv\u00e1nyos sz\u00ednekben. A holdk\u0151 mind hat\u00e1s\u00e1t, mind k\u00fcllem\u00e9t illet\u0151en a legfemininebb k\u0151, ez\u00e9rt is nevezik sok helyen a n\u0151k k\u00f6v\u00e9nek. De l\u00e1ssuk r\u00e9szletesen, hogy mit jelent ez a gy\u00f3gyhat\u00e1saira vonatkoz\u00f3an. HOLDK\u0150 TULAJDONS\u00c1GAI, HOLDK\u0150 B\u00c9BI A holdk\u0151 \u0151sid\u0151k \u00f3ta a medd\u0151 n\u0151k k\u00f6vek\u00e9nt van sz\u00e1mon tartva! Ez nem v\u00e9letlen, hiszen a holdk\u0151 hat\u00e1s\u00e1r\u00f3l sz\u00e1mtalan kedvez\u0151 tapasztalatr\u00f3l olvashatunk olyan n\u0151k eset\u00e9ben akik azut\u00e1n estek teherbe, hogy elkezdt\u00e9k a holdk\u00f6vet haszn\u00e1lni! B\u00e1r els\u0151sorban a holdk\u0151 term\u00e9kenys\u00e9gre gyakorolt hat\u00e1sa ismert, \u00e9rdemes tudni, hogy j\u00f3 hat\u00e1ssal van a menstru\u00e1ci\u00f3s zavarokra is. Azt m\u00e1r kevesebben tudj\u00e1k, hogy holdk\u0151vel a klimaxos probl\u00e9m\u00e1k is enyh\u00edthet\u0151k! A holdk\u0151 a hormonh\u00e1ztart\u00e1s minden probl\u00e9m\u00e1j\u00e1ra hat\u00e1ssal van, ez\u00e9rt \u00e9rdemes m\u00e1r a serd\u00fcl\u00e9s id\u0151szak\u00e1ban egy holdk\u0151 marokk\u00f6vet aj\u00e1nd\u00e9kozni a kisl\u00e1nyoknak, ami azut\u00e1n v\u00e9gigk\u00eds\u00e9ri eg\u00e9sz \u00e9let\u00e9n! Lelki gy\u00f3gyhat\u00e1sa: A holdk\u0151 nyugtat\u00f3 hat\u00e1s\u00fa, legyen sz\u00f3 ak\u00e1r racion\u00e1lis, vagy irracion\u00e1lis f\u00e9lelmekr\u0151l, ez k\u0151 nagym\u00e9rt\u00e9kben seg\u00edt lek\u00fczdeni azokat. Er\u0151s\u00edti romantikus oldalunkat. A holdk\u0151 seg\u00edts\u00e9g\u00e9vel szabadj\u00e1ra engedhetj\u00fck fant\u00e1zi\u00e1nkat \u00e9s v\u00e1gyainkat. Seg\u00edts\u00e9g\u00e9vel visszaszerezhetj\u00fck partner\u00fcnkkel az \u00fajdons\u00e1g \u00e9lm\u00e9ny\u00e9t \u00e9s az elvesztett romantika \u00faj er\u0151re kaphat. A holdk\u0151 jelent\u00e9se: szenved\u00e9lyes szerelem, amely a Holdra rep\u00edt. Sokan panaszkodnak \u00fajhold idej\u00e9n alv\u00e1si probl\u00e9m\u00e1kra, ilyenkor nem \u00e1rt holdk\u00f6vet magunkn\u00e1l tartani. Az \u00e9jszaka a Hold \u00e9s a tudattalan id\u0151szaka, ilyenkor a holdk\u0151 seg\u00edthet tudattalanunk \u00fczeneteit felismerni \u00e9s \u00e9rtelmezi. Eml\u00e9keztet \u00e1lmunkra \u00e9s f\u00e9nyt der\u00edt \u00e9rzelmi konfliktusainkra, feldolgozatlan probl\u00e9m\u00e1inkra. Nem csak bels\u0151 fejl\u0151d\u00e9s\u00fcnket seg\u00edti, hanem er\u0151s\u00edti intu\u00edci\u00f3nkat is. Seg\u00edts\u00e9g\u00e9vel fel\u00e9ledhetnek medi\u00e1lis k\u00e9pess\u00e9geink, ha el\u00e9g nyitottak vagyunk, eljuthatunk ak\u00e1r a tiszt\u00e1nl\u00e1t\u00e1sig is. Testi gy\u00f3gyhat\u00e1s: A hormonh\u00e1ztart\u00e1ssal k\u00f6zvetve, vagy k\u00f6zvetlen\u00fcl \u00f6sszef\u00fcgg\u0151 probl\u00e9m\u00e1k mindegyike orvosolhat\u00f3 a holdk\u0151 seg\u00edts\u00e9g\u00e9vel: kiegyenl\u00edti a hormonh\u00e1ztart\u00e1st, serkenti a petef\u00e9szek m\u0171k\u00f6d\u00e9s\u00e9t, n\u00f6veli a term\u00e9kenys\u00e9get. Egyar\u00e1nt kezelhet\u0151k vele a menstru\u00e1ci\u00f3s zavarok \u00e9s klimaxos probl\u00e9m\u00e1k. Hat\u00e1ssal van a csontozatra, megel\u0151zi a csontritkul\u00e1st. Hormon\u00e1lis eredet\u0171 hajhull\u00e1s elleni is haszn\u00e1lhatjuk. Jav\u00edtja a nyirokkering\u00e9st, ez\u00e9rt vizeny\u0151 \u00e9s v\u00e9gtagdagad\u00e1s eset\u00e9n is javasolt haszn\u00e1lata. Hozz\u00e1rendelt m\u00e1gikus hat\u00e1s: A n\u0151i ciklus a holdperi\u00f3dusokhoz igaz\u00edthat\u00f3 vele, teh\u00e1t rendszeress\u00e9 tehet\u0151. A r\u00e9gi id\u0151kben az utaz\u00f3k szerencsek\u00f6ve volt. Csillagjegyei: R\u00e1k, Bak, Halak Csakr\u00e1i: Szakr\u00e1lis csakra, Torokcsakra ","score":0,"formatted_price":"1 800 Ft","image_url":"https:\/\/www.meska.hu\/img\/product\/small\/g\/u\/gu_szerencsekarkttermkenysg_4545127_01666094897369457113.jpeg","formatted_url":"https:\/\/www.meska.hu\/p4811842-szerencse-karkoto-termekenyseg","favourite":false,"in_stock":true,"avatar":"bigibizsu_avatar_13545_1606254153.jpg","delete_from":0,"is_enhanced_background":false,"is_enhanced":false,"product_selection_started":false,"is_active":true,"image_webp_url":"https:\/\/www.meska.hu\/img\/product\/small\/g\/u\/gu_szerencsekarkttermkenysg_4545127_01666094897369457113.webp"},{"id":"6059972","shop_id":"23423","user_id":"261027","shop_name":"prebeva","shop_zip":"3555","product_code":"5695477","product_name_old":null,"product_name":"Szerencse hoz\u00f3 kulcstart\u00f3 ","category_string":"T\u00e1ska & Tok, Kulcstart\u00f3 & T\u00e1skad\u00edsz, Kulcstart\u00f3","technic_string":"Fon\u00e1s (csuh\u00e9, gy\u00e9k\u00e9ny, stb.)","category_1":"464","category_2":"390","category_3":"1037","category_4":"0","merged_category_1":null,"merged_category_2":null,"merged_category_3":null,"technic_1":"482","technic_2":"0","technic_3":"0","color_1":"518","color_2":"529","color_3":"0","product_description_old":null,"product_description":"4 level\u0171 l\u00f3her\u00e9s gy\u00f6nggyel k\u00e9sz\u00fclt makram\u00e9 kulcstart\u00f3, z\u00f6ld sz\u00edn\u0171 fonalb\u00f3l\nKb. 6 centim\u00e9ter hossz\u00fa, karik\u00e1val egy\u00fctt kb. 8 centim\u00e9ter.\n","price":"500.00","unit":"db","recommended":"0","status":"1","sponsored":"0","exp_notify":"0","own_material":"0","own_material_description_old":null,"own_material_description":"","jury":"0","jury_number":"","product_nature":"","meskaracsony":"0","create_date":"2026-04-29 13:01:02","shelve_id":"56531","image":"prebeva_product_261027_251230124340_100925.jpeg","image_width":"480","image_height":"1534","image_alt":"Szerencse hoz\u00f3 kulcstart\u00f3 , 4 level\u0171 l\u00f3her\u00e9s gy\u00f6nggyel k\u00e9sz\u00fclt makram\u00e9 kulcstart\u00f3, z\u00f6ld sz\u00edn\u0171 fonalb\u00f3l\\nKb. 6 centim\u00e9ter hossz\u00fa, ..., Meska","image_title":"Szerencse hoz\u00f3 kulcstart\u00f3 , Meska","view_count":"205","favourite_count":"1","trending_score":"0","last2MonthFavouriteCount":"1","promotion":"0","giftcard_accept":"0","creditcard_accept":false,"enhanced_background":"0","domain":"meska","specific_customer_id":null,"specific_customer_name":null,"to_order_product":"1","to_order_product_time":"5","product_different":null,"product_different_description":"","vintage":"0","vintage_category_id":"0","recycled":"0","gemstone_id":"0","customizable":"0","type_category":"physical","zerowaste":"0","postage_price":"2390.00","shop_order":"0","has_category":"1","landing_pages":null,"microdata":{"number":2,"category":""},"title":"Szerencse hoz\u00f3 kulcstart\u00f3 ","description":"4 level\u0171 l\u00f3her\u00e9s gy\u00f6nggyel k\u00e9sz\u00fclt makram\u00e9 kulcstart\u00f3, z\u00f6ld sz\u00edn\u0171 fonalb\u00f3l\nKb. 6 centim\u00e9ter hossz\u00fa, karik\u00e1val egy\u00fctt kb. 8 centim\u00e9ter.\n","score":0,"formatted_price":"500 Ft","image_url":"https:\/\/www.meska.hu\/img\/product\/small\/p\/r\/prebeva_product_261027_251230124340_100925.jpeg","formatted_url":"https:\/\/www.meska.hu\/p5695477-szerencse-hozo-kulcstarto","favourite":false,"in_stock":false,"avatar":"261027_avatar_1771490477.png","delete_from":0,"is_enhanced_background":false,"is_enhanced":false,"product_selection_started":false,"is_active":true,"image_webp_url":"https:\/\/www.meska.hu\/img\/product\/small\/p\/r\/prebeva_product_261027_251230124340_100925.webp"},{"id":"5562926","shop_id":"26841","user_id":"327178","shop_name":"gardonyilevendula","shop_zip":"2483","product_code":"5430254","product_name_old":null,"product_name":"VIP Pr\u00e9mium levendul\u00e1s \u00e1pol\u00f3 aj\u00e1nd\u00e9kcsomag fonott dobozban","category_string":"Sz\u00e9ps\u00e9g\u00e1pol\u00e1s, Kozmetikai aj\u00e1nd\u00e9kcsomag","technic_string":"Fon\u00e1s (csuh\u00e9, gy\u00e9k\u00e9ny, stb.), Szappank\u00e9sz\u00edt\u00e9s","category_1":"454","category_2":"915","category_3":"0","category_4":"0","merged_category_1":null,"merged_category_2":null,"merged_category_3":null,"technic_1":"482","technic_2":"500","technic_3":"0","color_1":"515","color_2":"522","color_3":"0","product_description_old":null,"product_description":"V\u00e1logat\u00e1s levendul\u00e1s \u00e9s gasztro term\u00e9keinkb\u0151l, csupa praktikus \u00e9s illatos, finom apr\u00f3s\u00e1g egy csomagba gy\u0171jtve, pap\u00edrfon\u00e1ssal k\u00e9sz\u00fclt, hengeres t\u00e1rol\u00f3ban, most extra \u00faj tartalommal!\n\n\u00cdgy nem csak figyelmes \u00e1pol\u00f3 aj\u00e1nd\u00e9kokat kap az aj\u00e1nd\u00e9kozott, de egy nagyon j\u00f3l haszn\u00e1lhat\u00f3, egyedi k\u00e9zm\u0171ves t\u00e1rol\u00f3 dobozt is.\n\nK\u00f6rnyezetbar\u00e1t szeml\u00e9lettel v\u00e1logatjuk ki saj\u00e1t term\u00e9keinket \u00e9s alapanyagukat, \u00edgy ez sem lehet m\u00e1sk\u00e9pp. \nA pap\u00edrfonott doboz k\u00e9s\u0151bb is d\u00edszes tart\u00f3ja lehet apr\u00f3 kincseknek, vagy ak\u00e1r beletehet egy nagy csokor levendul\u00e1t is.\n\nA pap\u00edrfonott term\u00e9kek v\u00edzzel lemoshat\u00f3k, ut\u00e1na hagyni kell megsz\u00e1radni.\nAz \u00e1pol\u00f3 csomagot t\u00f6bb f\u00e9le form\u00e1ban tal\u00e1lod meg n\u00e1lam, kisebb vagy nagy kiszerel\u00e9sben.\n\nVIP Pr\u00e9mium csomag:\nb\u00e9zs, pap\u00edrfonott henger alak\u00fa dobozban, fonott levendulacsokorral d\u00edsz\u00edtve, szalaggal \u00e1tk\u00f6tve, tartalma:\n-1 db levendulav\u00edz 100 ml,arc\u00e1pol\u00e1shoz, vagy illatos\u00edt\u00e1shoz , le\u00edr\u00e1ssal\n-1 db levendula zs\u00e1kocska (szekr\u00e9ny illatos\u00edt\u00e1s\u00e1ra)\n-1 db k\u00e9nyeztet\u0151 szappan ( 100 g, v\u00e1laszthat\u00f3 illat)\n- 1 db 5 ml goly\u00f3s levendulaolaj (sresszold\u00e1sra, cs\u00edp\u00e9sre), haszn\u00e1lati javaslatot tartalmaz\u00f3 aj\u00e1nd\u00e9kk\u00e1rty\u00e1ban\n- 1 db mini levendul\u00e1s sz\u00f3javiasz gyertya fakan\u00f3ccal\n- 1 db mini levendulapuncs (100ml, fogyaszthat\u00f3 sz\u00f6rpk\u00e9nt vagy forr\u00f3 italk\u00e9nt)\n\nKiv\u00e1laszthatod, milyen illat\u00fa szappant k\u00e9rsz hozz\u00e1. A zs\u00e1kocska \u00e9s arctiszt\u00edt\u00f3 korong sz\u00edne v\u00e1ltoz\u00f3, de a csomagba ill\u0151 sz\u00ednvari\u00e1ci\u00f3kat haszn\u00e1lunk.\n\nMivel minden darab k\u00e9zzel k\u00e9sz\u00fcl, nagyobb mennyis\u00e9gben val\u00f3 rendel\u00e9s eset\u00e9n lehet v\u00e1rakoz\u00e1si id\u0151.\n\nA pap\u00edrfonott term\u00e9kek v\u00edzzel lemoshat\u00f3k, ut\u00e1na hagyni kell megsz\u00e1radni.\nTERM\u00c9KEINK ENGED\u00c9LYEZETT, BEVIZSG\u00c1LT TERM\u00c9KEK.\n\nMIN\u0150S\u00c9GBIZTOS\u00cdT\u00c1SI RENDSZER: MSZ EN ISO 22716\/2008\n\nCPNP 4018165, 4018166, 4018159, 4174679, 4083845, 4018162","price":"15000.00","unit":"db","recommended":"0","status":"1","sponsored":"0","exp_notify":"0","own_material":"0","own_material_description_old":null,"own_material_description":"","jury":"0","jury_number":"","product_nature":"","meskaracsony":"0","create_date":"2026-04-29 11:00:08","shelve_id":"67490","image":"gardonyilevendula_product_327178_241106075332_002322.jpeg","image_width":"480","image_height":"480","image_alt":"VIP Pr\u00e9mium levendul\u00e1s \u00e1pol\u00f3 aj\u00e1nd\u00e9kcsomag fonott dobozban, V\u00e1logat\u00e1s levendul\u00e1s \u00e9s gasztro term\u00e9keinkb\u0151l, csupa praktikus \u00e9s illatos, finom apr\u00f3s\u00e1g egy csomagb..., Meska","image_title":"VIP Pr\u00e9mium levendul\u00e1s \u00e1pol\u00f3 aj\u00e1nd\u00e9kcsomag fonott dobozban, Meska","view_count":"995","favourite_count":"0","trending_score":"0","last2MonthFavouriteCount":"0","promotion":"0","giftcard_accept":"0","creditcard_accept":true,"enhanced_background":"0","domain":"meska","specific_customer_id":null,"specific_customer_name":null,"to_order_product":"1","to_order_product_time":"3","product_different":null,"product_different_description":"","vintage":"0","vintage_category_id":"0","recycled":"1","gemstone_id":"0","customizable":"0","type_category":"physical","zerowaste":"1","postage_price":"2390.00","shop_order":"0","has_category":"1","landing_pages":"Kar\u00e1csonyi aj\u00e1nd\u00e9kok, Kar\u00e1csonyi aj\u00e1nd\u00e9kok","microdata":{"number":3,"category":""},"title":"VIP Pr\u00e9mium levendul\u00e1s \u00e1pol\u00f3 aj\u00e1nd\u00e9kcsomag fonott dobozban","description":"V\u00e1logat\u00e1s levendul\u00e1s \u00e9s gasztro term\u00e9keinkb\u0151l, csupa praktikus \u00e9s illatos, finom apr\u00f3s\u00e1g egy csomagba gy\u0171jtve, pap\u00edrfon\u00e1ssal k\u00e9sz\u00fclt, hengeres t\u00e1rol\u00f3ban, most extra \u00faj tartalommal!\n\n\u00cdgy nem csak figyelmes \u00e1pol\u00f3 aj\u00e1nd\u00e9kokat kap az aj\u00e1nd\u00e9kozott, de egy nagyon j\u00f3l haszn\u00e1lhat\u00f3, egyedi k\u00e9zm\u0171ves t\u00e1rol\u00f3 dobozt is.\n\nK\u00f6rnyezetbar\u00e1t szeml\u00e9lettel v\u00e1logatjuk ki saj\u00e1t term\u00e9keinket \u00e9s alapanyagukat, \u00edgy ez sem lehet m\u00e1sk\u00e9pp. \nA pap\u00edrfonott doboz k\u00e9s\u0151bb is d\u00edszes tart\u00f3ja lehet apr\u00f3 kincseknek, vagy ak\u00e1r beletehet egy nagy csokor levendul\u00e1t is.\n\nA pap\u00edrfonott term\u00e9kek v\u00edzzel lemoshat\u00f3k, ut\u00e1na hagyni kell megsz\u00e1radni.\nAz \u00e1pol\u00f3 csomagot t\u00f6bb f\u00e9le form\u00e1ban tal\u00e1lod meg n\u00e1lam, kisebb vagy nagy kiszerel\u00e9sben.\n\nVIP Pr\u00e9mium csomag:\nb\u00e9zs, pap\u00edrfonott henger alak\u00fa dobozban, fonott levendulacsokorral d\u00edsz\u00edtve, szalaggal \u00e1tk\u00f6tve, tartalma:\n-1 db levendulav\u00edz 100 ml,arc\u00e1pol\u00e1shoz, vagy illatos\u00edt\u00e1shoz , le\u00edr\u00e1ssal\n-1 db levendula zs\u00e1kocska (szekr\u00e9ny illatos\u00edt\u00e1s\u00e1ra)\n-1 db k\u00e9nyeztet\u0151 szappan ( 100 g, v\u00e1laszthat\u00f3 illat)\n- 1 db 5 ml goly\u00f3s levendulaolaj (sresszold\u00e1sra, cs\u00edp\u00e9sre), haszn\u00e1lati javaslatot tartalmaz\u00f3 aj\u00e1nd\u00e9kk\u00e1rty\u00e1ban\n- 1 db mini levendul\u00e1s sz\u00f3javiasz gyertya fakan\u00f3ccal\n- 1 db mini levendulapuncs (100ml, fogyaszthat\u00f3 sz\u00f6rpk\u00e9nt vagy forr\u00f3 italk\u00e9nt)\n\nKiv\u00e1laszthatod, milyen illat\u00fa szappant k\u00e9rsz hozz\u00e1. A zs\u00e1kocska \u00e9s arctiszt\u00edt\u00f3 korong sz\u00edne v\u00e1ltoz\u00f3, de a csomagba ill\u0151 sz\u00ednvari\u00e1ci\u00f3kat haszn\u00e1lunk.\n\nMivel minden darab k\u00e9zzel k\u00e9sz\u00fcl, nagyobb mennyis\u00e9gben val\u00f3 rendel\u00e9s eset\u00e9n lehet v\u00e1rakoz\u00e1si id\u0151.\n\nA pap\u00edrfonott term\u00e9kek v\u00edzzel lemoshat\u00f3k, ut\u00e1na hagyni kell megsz\u00e1radni.\nTERM\u00c9KEINK ENGED\u00c9LYEZETT, BEVIZSG\u00c1LT TERM\u00c9KEK.\n\nMIN\u0150S\u00c9GBIZTOS\u00cdT\u00c1SI RENDSZER: MSZ EN ISO 22716\/2008\n\nCPNP 4018165, 4018166, 4018159, 4174679, 4083845, 4018162","score":0,"formatted_price":"15 000 Ft","image_url":"https:\/\/www.meska.hu\/img\/product\/small\/g\/a\/gardonyilevendula_product_327178_241106075332_002322.jpeg","formatted_url":"https:\/\/www.meska.hu\/p5430254-vip-premium-levendulas-apolo-ajandekcsomag-fonott-dobozban-unnepi-alkalmakra","favourite":false,"in_stock":false,"avatar":"gardonyilevendula_avatar_327178_1666612331.jpg","delete_from":0,"is_enhanced_background":false,"is_enhanced":false,"product_selection_started":false,"is_active":true,"image_webp_url":"https:\/\/www.meska.hu\/img\/product\/small\/g\/a\/gardonyilevendula_product_327178_241106075332_002322.webp"},{"id":"6176007","shop_id":"43478","user_id":"619497","shop_name":"Pagra","shop_zip":"2711","product_code":"5768719","product_name_old":null,"product_name":"Nemzeti trikolor kark\u00f6t\u0151 \/ tisza kark\u00f6t\u0151","category_string":"\u00c9kszer, Kark\u00f6t\u0151, Fonott kark\u00f6t\u0151","technic_string":"Fon\u00e1s (csuh\u00e9, gy\u00e9k\u00e9ny, stb.)","category_1":"327","category_2":"333","category_3":"1232","category_4":"0","merged_category_1":null,"merged_category_2":null,"merged_category_3":null,"technic_1":"482","technic_2":"0","technic_3":"0","color_1":"519","color_2":"523","color_3":"529","product_description_old":null,"product_description":"Nemzeti trikolor kark\u00f6t\u0151 \nTisza kark\u00f6t\u0151\n\nM\u00e1s sz\u00ednkombin\u00e1ci\u00f3 miatt k\u00e9rlek \u00edrj \u00fczenetben","price":"2000.00","unit":"db","recommended":"0","status":"1","sponsored":"0","exp_notify":"0","own_material":"0","own_material_description_old":null,"own_material_description":"","jury":"0","jury_number":"","product_nature":"","meskaracsony":"0","create_date":"2026-04-28 10:33:41","shelve_id":"0","image":"pagra_product_619497_260406154943_254696.jpeg","image_width":"480","image_height":"360","image_alt":"Nemzeti trikolor kark\u00f6t\u0151 \/ tisza kark\u00f6t\u0151, Nemzeti trikolor kark\u00f6t\u0151 \\nTisza kark\u00f6t\u0151\\n\\nM\u00e1s sz\u00ednkombin\u00e1ci\u00f3 miatt k\u00e9rlek \u00edrj \u00fczenetben, Meska","image_title":"Nemzeti trikolor kark\u00f6t\u0151 \/ tisza kark\u00f6t\u0151, Meska","view_count":"129","favourite_count":"2","trending_score":"0","last2MonthFavouriteCount":"2","promotion":"0","giftcard_accept":"0","creditcard_accept":false,"enhanced_background":"0","domain":"meska","specific_customer_id":null,"specific_customer_name":null,"to_order_product":"0","to_order_product_time":"0","product_different":null,"product_different_description":"","vintage":"0","vintage_category_id":"0","recycled":"0","gemstone_id":"0","customizable":"0","type_category":"physical","zerowaste":"0","postage_price":"1349.00","shop_order":"0","has_category":"1","landing_pages":null,"microdata":{"number":4,"category":""},"title":"Nemzeti trikolor kark\u00f6t\u0151 \/ tisza kark\u00f6t\u0151","description":"Nemzeti trikolor kark\u00f6t\u0151 \nTisza kark\u00f6t\u0151\n\nM\u00e1s sz\u00ednkombin\u00e1ci\u00f3 miatt k\u00e9rlek \u00edrj \u00fczenetben","score":0,"formatted_price":"2 000 Ft","image_url":"https:\/\/www.meska.hu\/img\/product\/small\/p\/a\/pagra_product_619497_260406154943_254696.jpeg","formatted_url":"https:\/\/www.meska.hu\/p5768719-nemzeti-trikolor-karkoto-tisza-karkoto","favourite":false,"in_stock":true,"avatar":"619497_avatar_1753279120.jpeg","delete_from":0,"is_enhanced_background":false,"is_enhanced":false,"product_selection_started":false,"is_active":true,"image_webp_url":"https:\/\/www.meska.hu\/img\/product\/small\/p\/a\/pagra_product_619497_260406154943_254696.webp"},{"id":"4896460","shop_id":"99","user_id":"204","shop_name":"kezmuvesporta","shop_zip":"3176","product_code":"5013090","product_name_old":null,"product_name":"Fonott k\u00f6r f\u00fclbeval\u00f3 gy\u00e9k\u00e9nyb\u0151l","category_string":"\u00c9kszer, F\u00fclbeval\u00f3, L\u00f3g\u00f3 f\u00fclbeval\u00f3","technic_string":"Fon\u00e1s (csuh\u00e9, gy\u00e9k\u00e9ny, stb.), \u00c9kszerk\u00e9sz\u00edt\u00e9s","category_1":"327","category_2":"331","category_3":"1219","category_4":"0","merged_category_1":"0","merged_category_2":"0","merged_category_3":"0","technic_1":"482","technic_2":"477","technic_3":"0","color_1":"515","color_2":"521","color_3":"0","product_description_old":null,"product_description":"FOLK&VINTAGE - TERM\u00c9SZETB\u0150L FONVA\n\nDivat a term\u00e9szetb\u0151l!  Egyedi gy\u00e9k\u00e9nyb\u0151l fonott z\u00f6ld f\u00fclbeval\u00f3. A korong m\u00e9rete 3,5-4 cm. Egy kisebb t\u00fcrkiz \u00e1sv\u00e1ny d\u00edsz\u00edt\u00e9st kapott m\u00e9g. \n\nEgy igaz\u00e1n k\u00fcl\u00f6nleges, egyedi darabja lesz az \u00f6lt\u00f6z\u00e9kednek ez a term\u00e9szetes f\u00fclbeval\u00f3.\n\n\nA k\u00f6r \u00e1tm\u00e9r\u0151je 3,5-4 cm.\n\n\n\nMivel egyedi k\u00e9zm\u0171ves term\u00e9kekr\u0151l van sz\u00f3, \u00edgy a term\u00e9kek vastags\u00e1ga \u00e9s sz\u00edne k\u00f6z\u00f6tt lehet minim\u00e1lis elt\u00e9r\u00e9s. \n\n\n\nFENNTARTHAT\u00d3S\u00c1G, K\u00d6RNYEZETTUDATOSS\u00c1G, MEG\u00daJ\u00daL\u00c1S\n\nFontos misszi\u00f3nak tartom, hogy megismertessem a magyar emberekkel a haz\u00e1nkban fellelhet\u0151 term\u00e9szetes anyagokat, \u00e9s az azokban rejl\u0151 csod\u00e1t. Hiszem, hogy ezen anyagokb\u00f3l k\u00e9sz\u00edtett term\u00e9kek id\u0151t\u00e1ll\u00f3k \u00e9s j\u00f3l beilleszthet\u0151k mai lak\u00e1strendekbe \u00e9s divatterm\u00e9kek k\u00f6z\u00e9 is. \n\nAz alapanyagokat (gy\u00e9k\u00e9ny, k\u00e1ka) minden \u00e9vben \u00e9n gy\u0171jt\u00f6m, \u00edgy pontosan tudom annak sz\u00e1rmaz\u00e1si hely\u00e9t. Gondosan odafigyelek az anyagok sz\u00e1r\u00edt\u00e1s\u00e1ra, t\u00e1rol\u00e1s\u00e1ra. Miel\u0151tt term\u00e9k lesz az alapanyagb\u00f3l, \u00fajra v\u00e1logat\u00e1sra ker\u00fcl, \u00edgy tudom garant\u00e1lni a j\u00f3 min\u0151s\u00e9get. \n\nTerm\u00e9keimmel szeretn\u00e9k alternat\u00edv\u00e1t ny\u00fajtani azoknak, akik sz\u00e1m\u00e1ra fontos, a k\u00f6rnyezettudatoss\u00e1g \u00e9s fenntarthat\u00f3s\u00e1g. A folk&VINTAGE term\u00e9kek hazai anyagokb\u00f3l hagyom\u00e1nyos technik\u00e1val k\u00e9sz\u00edtett min\u0151s\u00e9gi term\u00e9kek, melyek a term\u00e9szet harm\u00f3ni\u00e1j\u00e1t ny\u00fajtj\u00e1k. \n","price":"3500.00","unit":"db","recommended":"0","status":"1","sponsored":"0","exp_notify":"0","own_material":"0","own_material_description_old":null,"own_material_description":"","jury":"1","jury_number":"AJ\u00c1ND\u00c9KT\u00c1RGY-1877\/2019","product_nature":"","meskaracsony":"0","create_date":"2026-04-27 23:43:19","shelve_id":"63131","image":"kezmuvesporta_product_204_230711125712_506324.jpeg","image_width":"480","image_height":"480","image_alt":"Fonott k\u00f6r f\u00fclbeval\u00f3 gy\u00e9k\u00e9nyb\u0151l, FOLK&VINTAGE - TERM\u00c9SZETB\u0150L FONVA\\n\\nDivat a term\u00e9szetb\u0151l!  Egyedi gy\u00e9k\u00e9nyb\u0151l fonott z\u00f6ld f\u00fclbeval\u00f3. A..., Meska","image_title":"Fonott k\u00f6r f\u00fclbeval\u00f3 gy\u00e9k\u00e9nyb\u0151l, Meska","view_count":"1117","favourite_count":"1","trending_score":"0","last2MonthFavouriteCount":"1","promotion":"0","giftcard_accept":"0","creditcard_accept":true,"enhanced_background":"0","domain":"meska","specific_customer_id":null,"specific_customer_name":null,"to_order_product":"0","to_order_product_time":"0","product_different":null,"product_different_description":"","vintage":"0","vintage_category_id":"0","recycled":"0","gemstone_id":"0","customizable":"0","type_category":"physical","zerowaste":"0","postage_price":"2390.00","shop_order":"0","has_category":"1","landing_pages":null,"microdata":{"number":5,"category":""},"title":"Fonott k\u00f6r f\u00fclbeval\u00f3 gy\u00e9k\u00e9nyb\u0151l","description":"FOLK&VINTAGE - TERM\u00c9SZETB\u0150L FONVA\n\nDivat a term\u00e9szetb\u0151l!  Egyedi gy\u00e9k\u00e9nyb\u0151l fonott z\u00f6ld f\u00fclbeval\u00f3. A korong m\u00e9rete 3,5-4 cm. Egy kisebb t\u00fcrkiz \u00e1sv\u00e1ny d\u00edsz\u00edt\u00e9st kapott m\u00e9g. \n\nEgy igaz\u00e1n k\u00fcl\u00f6nleges, egyedi darabja lesz az \u00f6lt\u00f6z\u00e9kednek ez a term\u00e9szetes f\u00fclbeval\u00f3.\n\n\nA k\u00f6r \u00e1tm\u00e9r\u0151je 3,5-4 cm.\n\n\n\nMivel egyedi k\u00e9zm\u0171ves term\u00e9kekr\u0151l van sz\u00f3, \u00edgy a term\u00e9kek vastags\u00e1ga \u00e9s sz\u00edne k\u00f6z\u00f6tt lehet minim\u00e1lis elt\u00e9r\u00e9s. \n\n\n\nFENNTARTHAT\u00d3S\u00c1G, K\u00d6RNYEZETTUDATOSS\u00c1G, MEG\u00daJ\u00daL\u00c1S\n\nFontos misszi\u00f3nak tartom, hogy megismertessem a magyar emberekkel a haz\u00e1nkban fellelhet\u0151 term\u00e9szetes anyagokat, \u00e9s az azokban rejl\u0151 csod\u00e1t. Hiszem, hogy ezen anyagokb\u00f3l k\u00e9sz\u00edtett term\u00e9kek id\u0151t\u00e1ll\u00f3k \u00e9s j\u00f3l beilleszthet\u0151k mai lak\u00e1strendekbe \u00e9s divatterm\u00e9kek k\u00f6z\u00e9 is. \n\nAz alapanyagokat (gy\u00e9k\u00e9ny, k\u00e1ka) minden \u00e9vben \u00e9n gy\u0171jt\u00f6m, \u00edgy pontosan tudom annak sz\u00e1rmaz\u00e1si hely\u00e9t. Gondosan odafigyelek az anyagok sz\u00e1r\u00edt\u00e1s\u00e1ra, t\u00e1rol\u00e1s\u00e1ra. Miel\u0151tt term\u00e9k lesz az alapanyagb\u00f3l, \u00fajra v\u00e1logat\u00e1sra ker\u00fcl, \u00edgy tudom garant\u00e1lni a j\u00f3 min\u0151s\u00e9get. \n\nTerm\u00e9keimmel szeretn\u00e9k alternat\u00edv\u00e1t ny\u00fajtani azoknak, akik sz\u00e1m\u00e1ra fontos, a k\u00f6rnyezettudatoss\u00e1g \u00e9s fenntarthat\u00f3s\u00e1g. A folk&VINTAGE term\u00e9kek hazai anyagokb\u00f3l hagyom\u00e1nyos technik\u00e1val k\u00e9sz\u00edtett min\u0151s\u00e9gi term\u00e9kek, melyek a term\u00e9szet harm\u00f3ni\u00e1j\u00e1t ny\u00fajtj\u00e1k. \n","score":0,"formatted_price":"3 500 Ft","image_url":"https:\/\/www.meska.hu\/img\/product\/small\/k\/e\/kezmuvesporta_product_204_230711125712_506324.jpeg","formatted_url":"https:\/\/www.meska.hu\/p5013090-fonott-kor-fulbevalo-gyekenybol","favourite":false,"in_stock":true,"avatar":"kezmuvesporta_avatar_204_1601323895.jpg","delete_from":0,"is_enhanced_background":false,"is_enhanced":false,"product_selection_started":false,"is_active":true,"image_webp_url":"https:\/\/www.meska.hu\/img\/product\/small\/k\/e\/kezmuvesporta_product_204_230711125712_506324.webp"},{"id":"6129752","shop_id":"8655","user_id":"42057","shop_name":"KisdioStudio","shop_zip":"1012","product_code":"5741482","product_name_old":null,"product_name":"Z\u00c1RTK\u00d6R\u0170 KOS\u00c1RFON\u00d3 H\u00c9TV\u00c9GE - j\u00fali. 31-aug.02","category_string":"DIY (Csin\u00e1ld magad), Workshop & Tanfolyam","technic_string":"Fon\u00e1s (csuh\u00e9, gy\u00e9k\u00e9ny, stb.)","category_1":"402","category_2":"926","category_3":"0","category_4":"0","merged_category_1":null,"merged_category_2":null,"merged_category_3":null,"technic_1":"482","technic_2":"0","technic_3":"0","color_1":"514","color_2":"516","color_3":"527","product_description_old":null,"product_description":"!!!!!!!!!!!!!!Ez egy z\u00e1rtk\u00f6r\u0171 workshop, k\u00e9rlek csak akkor jelentkezz, ha el\u0151zetesen emailt kapt\u00e1l t\u0151l\u00fcnk!!!!!!!!!!!!!!!!!\n\nA workshop id\u0151pontja: 2026.07.31-08.02\nHelysz\u00edn: Ter\u00e9ny, Kisk\u00e9rpuszta\n\nIzgatottan v\u00e1rjuk a tal\u00e1lkoz\u00e1st veletek!\n\nBorka \u00e9s \u00c1kos\na Kisdi\u00f3 Studi\u00f3 csapata\n","price":"79000.00","unit":"db","recommended":"0","status":"1","sponsored":"0","exp_notify":"0","own_material":"0","own_material_description_old":null,"own_material_description":"","jury":"0","jury_number":"","product_nature":"","meskaracsony":"0","create_date":"2026-04-26 21:40:57","shelve_id":"67848","image":"kisdiostudio_product_42057_260225153904_901996.jpeg","image_width":"480","image_height":"361","image_alt":"Z\u00c1RTK\u00d6R\u0170 KOS\u00c1RFON\u00d3 H\u00c9TV\u00c9GE - j\u00fali. 31-aug.02, !!!!!!!!!!!!!!Ez egy z\u00e1rtk\u00f6r\u0171 workshop, k\u00e9rlek csak akkor jelentkezz, ha el\u0151zetesen emailt kapt\u00e1l t\u0151..., Meska","image_title":"Z\u00c1RTK\u00d6R\u0170 KOS\u00c1RFON\u00d3 H\u00c9TV\u00c9GE - j\u00fali. 31-aug.02, Meska","view_count":"297","favourite_count":"1","trending_score":"0","last2MonthFavouriteCount":"1","promotion":"0","giftcard_accept":"1","creditcard_accept":true,"enhanced_background":"0","domain":"meska","specific_customer_id":null,"specific_customer_name":null,"to_order_product":"0","to_order_product_time":"0","product_different":null,"product_different_description":"","vintage":"0","vintage_category_id":"0","recycled":"0","gemstone_id":"0","customizable":"0","type_category":"physical","zerowaste":"1","postage_price":"0.00","shop_order":"0","has_category":"1","landing_pages":null,"microdata":{"number":6,"category":""},"title":"Z\u00c1RTK\u00d6R\u0170 KOS\u00c1RFON\u00d3 H\u00c9TV\u00c9GE - j\u00fali. 31-aug.02","description":"!!!!!!!!!!!!!!Ez egy z\u00e1rtk\u00f6r\u0171 workshop, k\u00e9rlek csak akkor jelentkezz, ha el\u0151zetesen emailt kapt\u00e1l t\u0151l\u00fcnk!!!!!!!!!!!!!!!!!\n\nA workshop id\u0151pontja: 2026.07.31-08.02\nHelysz\u00edn: Ter\u00e9ny, Kisk\u00e9rpuszta\n\nIzgatottan v\u00e1rjuk a tal\u00e1lkoz\u00e1st veletek!\n\nBorka \u00e9s \u00c1kos\na Kisdi\u00f3 Studi\u00f3 csapata\n","score":0,"formatted_price":"79 000 Ft","image_url":"https:\/\/www.meska.hu\/img\/product\/small\/k\/i\/kisdiostudio_product_42057_260225153904_901996.jpeg","formatted_url":"https:\/\/www.meska.hu\/p5741482-zartkoru-kosarfono-hetvege-juli-31-aug02","favourite":false,"in_stock":true,"avatar":"KisdioStudio_avatar_42057_1649420514.jpg","delete_from":0,"is_enhanced_background":false,"is_enhanced":false,"product_selection_started":false,"is_active":true,"image_webp_url":"https:\/\/www.meska.hu\/img\/product\/small\/k\/i\/kisdiostudio_product_42057_260225153904_901996.webp"},{"id":"6108680","shop_id":"41917","user_id":"75543","shop_name":"AnaRita","shop_zip":"1013","product_code":"5728476","product_name_old":null,"product_name":"\u00c1ll\u00edthat\u00f3 m\u00e9ret\u0171 magyar nemzeti szurkol\u00f3i fonott feln\u0151tt kark\u00f6t\u0151 kok\u00e1rda ","category_string":"\u00c9kszer, Kark\u00f6t\u0151, Fonott kark\u00f6t\u0151","technic_string":"\u00c9kszerk\u00e9sz\u00edt\u00e9s, Fon\u00e1s (csuh\u00e9, gy\u00e9k\u00e9ny, stb.)","category_1":"327","category_2":"333","category_3":"1232","category_4":"0","merged_category_1":null,"merged_category_2":null,"merged_category_3":null,"technic_1":"477","technic_2":"482","technic_3":"0","color_1":"519","color_2":"523","color_3":"529","product_description_old":null,"product_description":"\u00c1ll\u00edthat\u00f3 magyar nemzeti sz\u00edn\u0171 fonott kark\u00f6t\u0151. Feln\u0151tt m\u00e9ret. \nAmennyiben az el\u00e9rhet\u0151 mennyis\u00e9gn\u00e9l t\u00f6bb darabra lenne sz\u00fcks\u00e9ged, \u00fagy k\u00e9rlek, hogy vedd fel vel\u00fcnk a kapcsolatot. \nFoxpost sz\u00e1ll\u00edt\u00e1ssal legk\u00e9s\u0151bb m\u00e1snap feladjuk a term\u00e9ket!\nK\u00f6sz\u00f6nj\u00fck, hogy ben\u00e9zt\u00e9l! :)\nAna \u00e9s Rita (AnaRita \u00c9kszerek)","price":"1290.00","unit":"db","recommended":"0","status":"1","sponsored":"0","exp_notify":"0","own_material":"0","own_material_description_old":null,"own_material_description":"","jury":"0","jury_number":"","product_nature":"","meskaracsony":"0","create_date":"2026-04-26 13:37:37","shelve_id":"78147","image":"anarita_product_75543_250701185446_556113.jpeg","image_width":"480","image_height":"480","image_alt":"\u00c1ll\u00edthat\u00f3 m\u00e9ret\u0171 magyar nemzeti szurkol\u00f3i fonott feln\u0151tt kark\u00f6t\u0151 kok\u00e1rda , \u00c1ll\u00edthat\u00f3 magyar nemzeti sz\u00edn\u0171 fonott kark\u00f6t\u0151. Feln\u0151tt m\u00e9ret. \\nAmennyiben az el\u00e9rhet\u0151 mennyis\u00e9gn\u00e9l t..., Meska","image_title":"\u00c1ll\u00edthat\u00f3 m\u00e9ret\u0171 magyar nemzeti szurkol\u00f3i fonott feln\u0151tt kark\u00f6t\u0151 kok\u00e1rda , Meska","view_count":"538","favourite_count":"10","trending_score":"0","last2MonthFavouriteCount":"12","promotion":"0","giftcard_accept":"0","creditcard_accept":true,"enhanced_background":"0","domain":"meska","specific_customer_id":null,"specific_customer_name":null,"to_order_product":"1","to_order_product_time":"1","product_different":null,"product_different_description":"","vintage":"0","vintage_category_id":"0","recycled":"0","gemstone_id":"0","customizable":"0","type_category":"physical","zerowaste":"0","postage_price":"2390.00","shop_order":"0","has_category":"1","landing_pages":null,"microdata":{"number":7,"category":""},"title":"\u00c1ll\u00edthat\u00f3 m\u00e9ret\u0171 magyar nemzeti szurkol\u00f3i fonott feln\u0151tt kark\u00f6t\u0151 kok\u00e1rda ","description":"\u00c1ll\u00edthat\u00f3 magyar nemzeti sz\u00edn\u0171 fonott kark\u00f6t\u0151. Feln\u0151tt m\u00e9ret. \nAmennyiben az el\u00e9rhet\u0151 mennyis\u00e9gn\u00e9l t\u00f6bb darabra lenne sz\u00fcks\u00e9ged, \u00fagy k\u00e9rlek, hogy vedd fel vel\u00fcnk a kapcsolatot. \nFoxpost sz\u00e1ll\u00edt\u00e1ssal legk\u00e9s\u0151bb m\u00e1snap feladjuk a term\u00e9ket!\nK\u00f6sz\u00f6nj\u00fck, hogy ben\u00e9zt\u00e9l! :)\nAna \u00e9s Rita (AnaRita \u00c9kszerek)","score":0,"formatted_price":"1 290 Ft","image_url":"https:\/\/www.meska.hu\/img\/product\/small\/a\/n\/anarita_product_75543_250701185446_556113.jpeg","formatted_url":"https:\/\/www.meska.hu\/p5728476-allithato-meretu-magyar-nemzeti-szurkoloi-fonott-felnott-karkoto-kokarda","favourite":false,"in_stock":false,"avatar":"75543_avatar_1775231969.png","delete_from":0,"is_enhanced_background":false,"is_enhanced":false,"product_selection_started":false,"is_active":true,"image_webp_url":"https:\/\/www.meska.hu\/img\/product\/small\/a\/n\/anarita_product_75543_250701185446_556113.webp"},{"id":"5748880","shop_id":"40458","user_id":"562106","shop_name":"ZsannaDekor","shop_zip":"1142","product_code":"5533120","product_name_old":null,"product_name":"H\u00fasv\u00e9ti toj\u00e1sgy\u0171jt\u0151 fonott kos\u00e1r","category_string":"\u00dcnnepi d\u00edszek, dekor\u00e1ci\u00f3k, H\u00fasv\u00e9ti d\u00edszek \u00e9s dekor\u00e1ci\u00f3k, H\u00fasv\u00e9ti kos\u00e1r","technic_string":"Fon\u00e1s (csuh\u00e9, gy\u00e9k\u00e9ny, stb.)","category_1":"1803","category_2":"1806","category_3":"1818","category_4":"0","merged_category_1":null,"merged_category_2":null,"merged_category_3":null,"technic_1":"482","technic_2":"0","technic_3":"0","color_1":"514","color_2":"521","color_3":"0","product_description_old":null,"product_description":"Pap\u00edrfon\u00e1s technik\u00e1val,  \u00fajrahasznos\u00edtott \u00fajs\u00e1gpap\u00edrb\u00f3l k\u00e9sz\u00edtett massz\u00edv, fonott kos\u00e1rka. \n\nFels\u0151 \u00e1tm\u00e9r\u0151je 17cm\nMagass\u00e1ga a kos\u00e1r perem\u00e9ig 8cm\n\n\nK\u00e9rd\u00e9seddel,k\u00e9r\u00e9seddel keress bizalommal!\n\nZsannaDekor","price":"2000.00","unit":"db","recommended":"0","status":"1","sponsored":"0","exp_notify":"0","own_material":"0","own_material_description_old":null,"own_material_description":"","jury":"0","jury_number":"","product_nature":"","meskaracsony":"0","create_date":"2026-04-25 17:24:21","shelve_id":"0","image":"zsannadekor_product_562106_250418065638_6451.jpeg","image_width":"480","image_height":"640","image_alt":"H\u00fasv\u00e9ti toj\u00e1sgy\u0171jt\u0151 fonott kos\u00e1r, Pap\u00edrfon\u00e1s technik\u00e1val,  \u00fajrahasznos\u00edtott \u00fajs\u00e1gpap\u00edrb\u00f3l k\u00e9sz\u00edtett massz\u00edv, fonott kos\u00e1rka. \\n\\nFels\u0151 \u00e1..., Meska","image_title":"H\u00fasv\u00e9ti toj\u00e1sgy\u0171jt\u0151 fonott kos\u00e1r, Meska","view_count":"370","favourite_count":"1","trending_score":"0","last2MonthFavouriteCount":"1","promotion":"0","giftcard_accept":"0","creditcard_accept":false,"enhanced_background":"0","domain":"meska","specific_customer_id":null,"specific_customer_name":null,"to_order_product":"1","to_order_product_time":"14","product_different":null,"product_different_description":"","vintage":"0","vintage_category_id":"0","recycled":"1","gemstone_id":"0","customizable":"0","type_category":"physical","zerowaste":"1","postage_price":"1349.00","shop_order":"0","has_category":"1","landing_pages":null,"microdata":{"number":8,"category":""},"title":"H\u00fasv\u00e9ti toj\u00e1sgy\u0171jt\u0151 fonott kos\u00e1r","description":"Pap\u00edrfon\u00e1s technik\u00e1val,  \u00fajrahasznos\u00edtott \u00fajs\u00e1gpap\u00edrb\u00f3l k\u00e9sz\u00edtett massz\u00edv, fonott kos\u00e1rka. \n\nFels\u0151 \u00e1tm\u00e9r\u0151je 17cm\nMagass\u00e1ga a kos\u00e1r perem\u00e9ig 8cm\n\n\nK\u00e9rd\u00e9seddel,k\u00e9r\u00e9seddel keress bizalommal!\n\nZsannaDekor","score":0,"formatted_price":"2 000 Ft","image_url":"https:\/\/www.meska.hu\/img\/product\/small\/z\/s\/zsannadekor_product_562106_250418065638_6451.jpeg","formatted_url":"https:\/\/www.meska.hu\/p5533120-husveti-tojasgyujto-fonott-kosar","favourite":false,"in_stock":false,"avatar":"ZsannaDekor_avatar_562106_1678138852.jpg","delete_from":0,"is_enhanced_background":false,"is_enhanced":false,"product_selection_started":false,"is_active":true,"image_webp_url":"https:\/\/www.meska.hu\/img\/product\/small\/z\/s\/zsannadekor_product_562106_250418065638_6451.webp"},{"id":"5202152","shop_id":"40458","user_id":"562106","shop_name":"ZsannaDekor","shop_zip":"1142","product_code":"5203267","product_name_old":null,"product_name":"Sz\u00edv form\u00e1j\u00fa fonott kos\u00e1r","category_string":"Otthon & \u00c9letm\u00f3d, T\u00e1rol\u00e1s & Rendszerez\u00e9s, T\u00e1rol\u00f3kos\u00e1r","technic_string":"Fon\u00e1s (csuh\u00e9, gy\u00e9k\u00e9ny, stb.)","category_1":"813","category_2":"426","category_3":"428","category_4":"0","merged_category_1":"0","merged_category_2":"0","merged_category_3":"0","technic_1":"482","technic_2":"0","technic_3":"0","color_1":"523","color_2":"525","color_3":"0","product_description_old":null,"product_description":"Pap\u00edrfon\u00e1s technik\u00e1val,  \u00fajrahasznos\u00edtott \u00fajs\u00e1gpap\u00edrb\u00f3l k\u00e9sz\u00fclt.\n\nMassz\u00edv,kem\u00e9ny kos\u00e1rka.\n\nSz\u00e9less\u00e9g 20cm\nHossz 16cm\nMagass\u00e1g 9cm\n\n\u00d6nmag\u00e1ban is haszn\u00e1lhat\u00f3,de ak\u00e1r \u00e9dess\u00e9get, kozmetikumot,f\u00fcrd\u0151bomb\u00e1t,szappanr\u00f3zs\u00e1t vagy b\u00e1rmit belet\u00e9ve egy k\u00fcl\u00f6nleges aj\u00e1nd\u00e9k,amivel a szeretet egy\u00e9rtelm\u0171en ki lehet fejezni.\n\nLepd meg szeretted ezzel az egyedi kos\u00e1rk\u00e1val. Legyen sz\u00f3 ,n\u00e9vnapr\u00f3l, Valentin napr\u00f3l, n\u00e1szaj\u00e1nd\u00e9kr\u00f3l,\u00e9vfordul\u00f3r\u00f3l vagy csak \u00fagy!\n\nK\u00e9rd\u00e9seddel,k\u00e9r\u00e9seddel keress bizalommal!\n\nZsannaDekor","price":"2000.00","unit":"db","recommended":"0","status":"1","sponsored":"0","exp_notify":"0","own_material":"0","own_material_description_old":null,"own_material_description":"","jury":"0","jury_number":"","product_nature":"","meskaracsony":"0","create_date":"2026-04-25 17:24:13","shelve_id":"0","image":"zsannadekor_product_562106_240131152223_461177.jpeg","image_width":"480","image_height":"640","image_alt":"Sz\u00edv form\u00e1j\u00fa fonott kos\u00e1r, Pap\u00edrfon\u00e1s technik\u00e1val,  \u00fajrahasznos\u00edtott \u00fajs\u00e1gpap\u00edrb\u00f3l k\u00e9sz\u00fclt.\\n\\nMassz\u00edv,kem\u00e9ny kos\u00e1rka.\\n\\nSz\u00e9less\u00e9g..., Meska","image_title":"Sz\u00edv form\u00e1j\u00fa fonott kos\u00e1r, Meska","view_count":"781","favourite_count":"0","trending_score":"0","last2MonthFavouriteCount":"0","promotion":"0","giftcard_accept":"0","creditcard_accept":false,"enhanced_background":"0","domain":"meska","specific_customer_id":null,"specific_customer_name":null,"to_order_product":"1","to_order_product_time":"10","product_different":null,"product_different_description":"","vintage":"0","vintage_category_id":"0","recycled":"1","gemstone_id":"0","customizable":"0","type_category":"physical","zerowaste":"1","postage_price":"1290.00","shop_order":"0","has_category":"1","landing_pages":null,"microdata":{"number":9,"category":""},"title":"Sz\u00edv form\u00e1j\u00fa fonott kos\u00e1r","description":"Pap\u00edrfon\u00e1s technik\u00e1val,  \u00fajrahasznos\u00edtott \u00fajs\u00e1gpap\u00edrb\u00f3l k\u00e9sz\u00fclt.\n\nMassz\u00edv,kem\u00e9ny kos\u00e1rka.\n\nSz\u00e9less\u00e9g 20cm\nHossz 16cm\nMagass\u00e1g 9cm\n\n\u00d6nmag\u00e1ban is haszn\u00e1lhat\u00f3,de ak\u00e1r \u00e9dess\u00e9get, kozmetikumot,f\u00fcrd\u0151bomb\u00e1t,szappanr\u00f3zs\u00e1t vagy b\u00e1rmit belet\u00e9ve egy k\u00fcl\u00f6nleges aj\u00e1nd\u00e9k,amivel a szeretet egy\u00e9rtelm\u0171en ki lehet fejezni.\n\nLepd meg szeretted ezzel az egyedi kos\u00e1rk\u00e1val. Legyen sz\u00f3 ,n\u00e9vnapr\u00f3l, Valentin napr\u00f3l, n\u00e1szaj\u00e1nd\u00e9kr\u00f3l,\u00e9vfordul\u00f3r\u00f3l vagy csak \u00fagy!\n\nK\u00e9rd\u00e9seddel,k\u00e9r\u00e9seddel keress bizalommal!\n\nZsannaDekor","score":0,"formatted_price":"2 000 Ft","image_url":"https:\/\/www.meska.hu\/img\/product\/small\/z\/s\/zsannadekor_product_562106_240131152223_461177.jpeg","formatted_url":"https:\/\/www.meska.hu\/p5203267-sziv-kosar","favourite":false,"in_stock":false,"avatar":"ZsannaDekor_avatar_562106_1678138852.jpg","delete_from":0,"is_enhanced_background":false,"is_enhanced":false,"product_selection_started":false,"is_active":true,"image_webp_url":"https:\/\/www.meska.hu\/img\/product\/small\/z\/s\/zsannadekor_product_562106_240131152223_461177.webp"},{"id":"5936189","shop_id":"8655","user_id":"42057","shop_name":"KisdioStudio","shop_zip":"1012","product_code":"5629566","product_name_old":null,"product_name":"AJ\u00c1ND\u00c9KK\u00c1RTYA egy tetsz\u0151leges kezd\u0151 workshopra - kos\u00e1rfon\u00f3 workshop","category_string":"DIY (Csin\u00e1ld magad), Workshop & Tanfolyam","technic_string":"Fon\u00e1s (csuh\u00e9, gy\u00e9k\u00e9ny, stb.)","category_1":"402","category_2":"926","category_3":"0","category_4":"0","merged_category_1":null,"merged_category_2":null,"merged_category_3":null,"technic_1":"482","technic_2":"0","technic_3":"0","color_1":"514","color_2":"0","color_3":"0","product_description_old":null,"product_description":"Sz\u00e1mtalan olyan alkalom van egy \u00e9vben, mikor az ember tan\u00e1cstalan; mit is adjon aj\u00e1nd\u00e9kba szeretteinek, bar\u00e1tainak. A kar\u00e1csony, a sz\u00fclet\u00e9snap t\u00f6bbsz\u00f6r\u00f6sen is ilyen alkalom. Ha m\u00e1r ell\u0151tted a parf\u00fcm\u00f6s \u00e9s massz\u00e1zs kuponos \u00f6tleteket, mi lenne, ha id\u00e9n kicsit elszakadn\u00e1l a megszokott\u00f3l \u00e9s olyan \u00e9lm\u00e9nyt aj\u00e1nd\u00e9kozn\u00e1l, ami t\u00e9nyleg k\u00fcl\u00f6nleges \u00e9s eml\u00e9kezetes?\n\nMi\u00e9rt frapp\u00e1ns aj\u00e1nd\u00e9k a kos\u00e1rfon\u00f3 workshop?\n\nMert olyan \u00e9lm\u00e9nyt adsz, amit maradand\u00f3, hiszen az elk\u00e9sz\u00fclt, sz\u00e9ps\u00e9ges kosara mindig eml\u00e9keztetni fogja az alkot\u00e1ssal t\u00f6lt\u00f6tt napra.\nA szeretted \u201e\u00e9nid\u0151t\u201d kap aj\u00e1nd\u00e9kba, amikor h\u00e1tra hagyhatja minden \u00fcgyes-bajos dolg\u00e1t, \u00e9s szabadon belefeledkezhet az alkot\u00e1sba.\nLehet\u0151s\u00e9get adsz a sz\u00e1m\u00e1ra, hogy valami \u00fajba k\u00f3stoljon bele, ezzel kicsit kimozduljon a komfortz\u00f3n\u00e1j\u00e1b\u00f3l.\nHa te is sz\u00edvesen kipr\u00f3b\u00e1ln\u00e1d a kos\u00e1rfon\u00e1st, \u00f6sszek\u00f6theted a kellemest a hasznossal \u00e9s v\u00e1s\u00e1rolhatsz magatoknak k\u00e9t kupont, \u00edgy el\u0151re bebiztos\u00edtva egy szuper, k\u00f6z\u00f6s napot!\n\nKos\u00e1rfon\u00f3 workshopjainkra 100% p\u00e9nz-visszafizet\u00e9si garanci\u00e1t v\u00e1llalunk! Mit takar ez?\n\nA workshop teljes \u00f6sszeg\u00e9t visszakapja az, aki egy foglalkoz\u00e1sunk v\u00e9g\u00e9n nem a meghirdetett tematik\u00e1ban szerepl\u0151, saj\u00e1t k\u00e9zzel k\u00e9sz\u00fclt, fonott t\u00e1rggyal t\u00e1vozik.\n\nMi a k\u00f6vetkez\u0151 l\u00e9p\u00e9s? Mire figyeljek?\n\nBankk\u00e1rty\u00e1s fizet\u00e9st vagy utal\u00e1st k\u00f6vet\u0151en h\u00e1rom munkanapon bel\u00fcl megkapod a nyomtathat\u00f3, digit\u00e1lis aj\u00e1nd\u00e9kk\u00e1rty\u00e1t, melyen az \u00e1ltalad megadott \u00e9rv\u00e9nyess\u00e9get felt\u00fcntetj\u00fck.\nA megaj\u00e1nd\u00e9kozott a megv\u00e1s\u00e1rolt aj\u00e1nd\u00e9kk\u00e1rtya az \u00e1ltalad megjel\u00f6lt id\u0151pontt\u00f3l, azaz a tervezett \u00e1tad\u00e1st\u00f3l sz\u00e1m\u00edtott 6 h\u00f3napig haszn\u00e1lhatja fel a Kisdi\u00f3 St\u00fadi\u00f3 b\u00e1rmely meghirdetett foglalkoz\u00e1s\u00e1n (kiv\u00e9ve a halad\u00f3knak szervezett\/fel\u00e1ras foglalkoz\u00e1sokat).\nA tervezett \u00e1tad\u00e1s legfeljebb 30 nap lehet.\n\nNyomtat\u00e1st k\u00f6vet\u0151en a k\u00e1rty\u00e1t azzal tudod szem\u00e9lyesebb\u00e9 tenni, hogy k\u00e9zzel \u00edrod r\u00e1 az aj\u00e1nd\u00e9kozottnak sz\u00f3l\u00f3 sz\u00f6veget. Teh\u00e1t a megaj\u00e1nd\u00e9kozott nev\u00e9t nem kell most megadnod.\nAz aj\u00e1nd\u00e9kk\u00e1rtya a rajta felt\u00fcntetett \u00fczenett\u0151l f\u00fcggetlen\u00fcl b\u00e1rki sz\u00e1m\u00e1ra \u00e1truh\u00e1zhat\u00f3, de rem\u00e9lj\u00fck erre nem fog sor ker\u00fclni.\n\nPontosabban mit is adok?\n\nA k\u00f6vetkez\u0151 h\u00f3napokban v\u00e1rhat\u00f3 tematik\u00e1kr\u00f3l \u00e9s azok gyakoris\u00e1g\u00e1r\u00f3l az elm\u00falt 2-3 h\u00f3nap meghirdetett workshopjai adhatnak k\u00f6r\u00fclbel\u00fcli k\u00e9pet, melyek mindegyike sikeresen z\u00e1rult. St\u00fadi\u00f3nk jellemz\u0151en 1.5-2 h\u00f3napn\u00e1l hamarabb nem \u00edr ki konkr\u00e9t esem\u00e9nyeket, mivel fontosnak tartja a folyamatosan v\u00e1ltoz\u00f3 ig\u00e9nyeket rugalmasan kiszolg\u00e1lni, a friss tapasztalatokat be\u00e9p\u00edteni \u00e9s \u00fajabb tematik\u00e1kat megval\u00f3s\u00edtani.\n\nA bev\u00e1lt\u00e1s m\u00f3dja, felt\u00e9telei:\n\nA megaj\u00e1nd\u00e9kozott a megv\u00e1s\u00e1rolt aj\u00e1nd\u00e9kk\u00e1rty\u00e1t a k\u00e1rty\u00e1n megjel\u00f6lt id\u0151pontt\u00f3l 6 h\u00f3napig haszn\u00e1lhatja fel a Kisdi\u00f3 St\u00fadi\u00f3 b\u00e1rmely meghirdetett foglalkoz\u00e1s\u00e1n.\nAz \u00e9rv\u00e9nyes\u00edt\u00e9shez nem kell a Mesk\u00e1n bejelentkezni, elegend\u0151 egy \u00fczenetben jelezni a r\u00e9szv\u00e9teli sz\u00e1nd\u00e9kot. \n\nAz aj\u00e1nd\u00e9kk\u00e1rty\u00e1val tanfolyamainkra t\u00f6rt\u00e9n\u0151 jelentkez\u00e9s egyben a tanfolyam d\u00edj\u00e1nak azonnali megfizet\u00e9s\u00e9vel egyen\u00e9rt\u00e9k\u0171.","price":"26000.00","unit":"db","recommended":"0","status":"1","sponsored":"0","exp_notify":"0","own_material":"0","own_material_description_old":null,"own_material_description":"","jury":"0","jury_number":"","product_nature":"","meskaracsony":"0","create_date":"2026-04-24 22:21:15","shelve_id":"67848","image":"kisdiostudio_product_42057_251010151805_5535.jpeg","image_width":"480","image_height":"351","image_alt":"AJ\u00c1ND\u00c9KK\u00c1RTYA egy tetsz\u0151leges kezd\u0151 workshopra - kos\u00e1rfon\u00f3 workshop, Sz\u00e1mtalan olyan alkalom van egy \u00e9vben, mikor az ember tan\u00e1cstalan; mit is adjon aj\u00e1nd\u00e9kba szerettein..., Meska","image_title":"AJ\u00c1ND\u00c9KK\u00c1RTYA egy tetsz\u0151leges kezd\u0151 workshopra - kos\u00e1rfon\u00f3 workshop, Meska","view_count":"707","favourite_count":"0","trending_score":"0","last2MonthFavouriteCount":"0","promotion":"0","giftcard_accept":"1","creditcard_accept":true,"enhanced_background":"0","domain":"meska","specific_customer_id":null,"specific_customer_name":null,"to_order_product":"0","to_order_product_time":"0","product_different":null,"product_different_description":"","vintage":"0","vintage_category_id":"0","recycled":"0","gemstone_id":"0","customizable":"0","type_category":"physical","zerowaste":"1","postage_price":"0.00","shop_order":"0","has_category":"1","landing_pages":null,"microdata":{"number":10,"category":""},"title":"AJ\u00c1ND\u00c9KK\u00c1RTYA egy tetsz\u0151leges kezd\u0151 workshopra - kos\u00e1rfon\u00f3 workshop","description":"Sz\u00e1mtalan olyan alkalom van egy \u00e9vben, mikor az ember tan\u00e1cstalan; mit is adjon aj\u00e1nd\u00e9kba szeretteinek, bar\u00e1tainak. A kar\u00e1csony, a sz\u00fclet\u00e9snap t\u00f6bbsz\u00f6r\u00f6sen is ilyen alkalom. Ha m\u00e1r ell\u0151tted a parf\u00fcm\u00f6s \u00e9s massz\u00e1zs kuponos \u00f6tleteket, mi lenne, ha id\u00e9n kicsit elszakadn\u00e1l a megszokott\u00f3l \u00e9s olyan \u00e9lm\u00e9nyt aj\u00e1nd\u00e9kozn\u00e1l, ami t\u00e9nyleg k\u00fcl\u00f6nleges \u00e9s eml\u00e9kezetes?\n\nMi\u00e9rt frapp\u00e1ns aj\u00e1nd\u00e9k a kos\u00e1rfon\u00f3 workshop?\n\nMert olyan \u00e9lm\u00e9nyt adsz, amit maradand\u00f3, hiszen az elk\u00e9sz\u00fclt, sz\u00e9ps\u00e9ges kosara mindig eml\u00e9keztetni fogja az alkot\u00e1ssal t\u00f6lt\u00f6tt napra.\nA szeretted \u201e\u00e9nid\u0151t\u201d kap aj\u00e1nd\u00e9kba, amikor h\u00e1tra hagyhatja minden \u00fcgyes-bajos dolg\u00e1t, \u00e9s szabadon belefeledkezhet az alkot\u00e1sba.\nLehet\u0151s\u00e9get adsz a sz\u00e1m\u00e1ra, hogy valami \u00fajba k\u00f3stoljon bele, ezzel kicsit kimozduljon a komfortz\u00f3n\u00e1j\u00e1b\u00f3l.\nHa te is sz\u00edvesen kipr\u00f3b\u00e1ln\u00e1d a kos\u00e1rfon\u00e1st, \u00f6sszek\u00f6theted a kellemest a hasznossal \u00e9s v\u00e1s\u00e1rolhatsz magatoknak k\u00e9t kupont, \u00edgy el\u0151re bebiztos\u00edtva egy szuper, k\u00f6z\u00f6s napot!\n\nKos\u00e1rfon\u00f3 workshopjainkra 100% p\u00e9nz-visszafizet\u00e9si garanci\u00e1t v\u00e1llalunk! Mit takar ez?\n\nA workshop teljes \u00f6sszeg\u00e9t visszakapja az, aki egy foglalkoz\u00e1sunk v\u00e9g\u00e9n nem a meghirdetett tematik\u00e1ban szerepl\u0151, saj\u00e1t k\u00e9zzel k\u00e9sz\u00fclt, fonott t\u00e1rggyal t\u00e1vozik.\n\nMi a k\u00f6vetkez\u0151 l\u00e9p\u00e9s? Mire figyeljek?\n\nBankk\u00e1rty\u00e1s fizet\u00e9st vagy utal\u00e1st k\u00f6vet\u0151en h\u00e1rom munkanapon bel\u00fcl megkapod a nyomtathat\u00f3, digit\u00e1lis aj\u00e1nd\u00e9kk\u00e1rty\u00e1t, melyen az \u00e1ltalad megadott \u00e9rv\u00e9nyess\u00e9get felt\u00fcntetj\u00fck.\nA megaj\u00e1nd\u00e9kozott a megv\u00e1s\u00e1rolt aj\u00e1nd\u00e9kk\u00e1rtya az \u00e1ltalad megjel\u00f6lt id\u0151pontt\u00f3l, azaz a tervezett \u00e1tad\u00e1st\u00f3l sz\u00e1m\u00edtott 6 h\u00f3napig haszn\u00e1lhatja fel a Kisdi\u00f3 St\u00fadi\u00f3 b\u00e1rmely meghirdetett foglalkoz\u00e1s\u00e1n (kiv\u00e9ve a halad\u00f3knak szervezett\/fel\u00e1ras foglalkoz\u00e1sokat).\nA tervezett \u00e1tad\u00e1s legfeljebb 30 nap lehet.\n\nNyomtat\u00e1st k\u00f6vet\u0151en a k\u00e1rty\u00e1t azzal tudod szem\u00e9lyesebb\u00e9 tenni, hogy k\u00e9zzel \u00edrod r\u00e1 az aj\u00e1nd\u00e9kozottnak sz\u00f3l\u00f3 sz\u00f6veget. Teh\u00e1t a megaj\u00e1nd\u00e9kozott nev\u00e9t nem kell most megadnod.\nAz aj\u00e1nd\u00e9kk\u00e1rtya a rajta felt\u00fcntetett \u00fczenett\u0151l f\u00fcggetlen\u00fcl b\u00e1rki sz\u00e1m\u00e1ra \u00e1truh\u00e1zhat\u00f3, de rem\u00e9lj\u00fck erre nem fog sor ker\u00fclni.\n\nPontosabban mit is adok?\n\nA k\u00f6vetkez\u0151 h\u00f3napokban v\u00e1rhat\u00f3 tematik\u00e1kr\u00f3l \u00e9s azok gyakoris\u00e1g\u00e1r\u00f3l az elm\u00falt 2-3 h\u00f3nap meghirdetett workshopjai adhatnak k\u00f6r\u00fclbel\u00fcli k\u00e9pet, melyek mindegyike sikeresen z\u00e1rult. St\u00fadi\u00f3nk jellemz\u0151en 1.5-2 h\u00f3napn\u00e1l hamarabb nem \u00edr ki konkr\u00e9t esem\u00e9nyeket, mivel fontosnak tartja a folyamatosan v\u00e1ltoz\u00f3 ig\u00e9nyeket rugalmasan kiszolg\u00e1lni, a friss tapasztalatokat be\u00e9p\u00edteni \u00e9s \u00fajabb tematik\u00e1kat megval\u00f3s\u00edtani.\n\nA bev\u00e1lt\u00e1s m\u00f3dja, felt\u00e9telei:\n\nA megaj\u00e1nd\u00e9kozott a megv\u00e1s\u00e1rolt aj\u00e1nd\u00e9kk\u00e1rty\u00e1t a k\u00e1rty\u00e1n megjel\u00f6lt id\u0151pontt\u00f3l 6 h\u00f3napig haszn\u00e1lhatja fel a Kisdi\u00f3 St\u00fadi\u00f3 b\u00e1rmely meghirdetett foglalkoz\u00e1s\u00e1n.\nAz \u00e9rv\u00e9nyes\u00edt\u00e9shez nem kell a Mesk\u00e1n bejelentkezni, elegend\u0151 egy \u00fczenetben jelezni a r\u00e9szv\u00e9teli sz\u00e1nd\u00e9kot. \n\nAz aj\u00e1nd\u00e9kk\u00e1rty\u00e1val tanfolyamainkra t\u00f6rt\u00e9n\u0151 jelentkez\u00e9s egyben a tanfolyam d\u00edj\u00e1nak azonnali megfizet\u00e9s\u00e9vel egyen\u00e9rt\u00e9k\u0171.","score":0,"formatted_price":"26 000 Ft","image_url":"https:\/\/www.meska.hu\/img\/product\/small\/k\/i\/kisdiostudio_product_42057_251010151805_5535.jpeg","formatted_url":"https:\/\/www.meska.hu\/p5629566-ajandekkartya-a-kisdio-studio-egy-tetszoleges-workshopjara","favourite":false,"in_stock":true,"avatar":"KisdioStudio_avatar_42057_1649420514.jpg","delete_from":0,"is_enhanced_background":false,"is_enhanced":false,"product_selection_started":false,"is_active":true,"image_webp_url":"https:\/\/www.meska.hu\/img\/product\/small\/k\/i\/kisdiostudio_product_42057_251010151805_5535.webp"},{"id":"6045255","shop_id":"8655","user_id":"42057","shop_name":"KisdioStudio","shop_zip":"1012","product_code":"5690993","product_name_old":null,"product_name":"j\u00fani. 13 Csob\u00e1nka - OV\u00c1LIS SKANDIN\u00c1V KOS\u00c1R cikkcakk d\u00edsz\u00edt\u00e9ssel - kos\u00e1rfon\u00f3 workshop","category_string":"DIY (Csin\u00e1ld magad), Workshop & Tanfolyam","technic_string":"Fon\u00e1s (csuh\u00e9, gy\u00e9k\u00e9ny, stb.)","category_1":"402","category_2":"926","category_3":"0","category_4":"0","merged_category_1":null,"merged_category_2":null,"merged_category_3":null,"technic_1":"482","technic_2":"0","technic_3":"0","color_1":"514","color_2":"515","color_3":"516","product_description_old":null,"product_description":"A workshop id\u0151pontja: 2026.06.13.\n(10:00-17:00)\n\nHelysz\u00edn: Csob\u00e1nka sz\u00e9l\u00e9n, sz\u00e9ps\u00e9ges term\u00e9szeti k\u00f6rnyezetben (jelentkez\u00e9st k\u00f6vet\u0151en k\u00fcldj\u00fck a pontos c\u00edmet)\n\nKiscsoportos, kos\u00e1rfon\u00f3 m\u0171hely eb\u00e9ddel.\n\nMir\u0151l sz\u00f3l ez a foglalkoz\u00e1s?\n\nAz exkluz\u00edv workshop sor\u00e1n mindenki elk\u00e9sz\u00edt egy nagyobb m\u00e9ret\u0171, ov\u00e1lis \"skandin\u00e1v\" kosarat aszimmetrikus elszeg\u00e9ssel, uszad\u00e9kfa f\u00fcllel. A kezd\u0151k r\u00e9tegelt lemez alapra fonnak, a halad\u00f3k a kos\u00e1r fenek\u00e9t is maguk k\u00e9sz\u00edthetik.\n\nA r\u00e9szv\u00e9telhez semmif\u00e9le el\u0151k\u00e9pzetts\u00e9g nem sz\u00fcks\u00e9ges, a 7 \u00f3ra alatt minden l\u00e9p\u00e9sen v\u00e9gigvezet\u00fcnk majd a kos\u00e1r elkezd\u00e9s\u00e9t\u0151l a befejez\u00e9sig.\nCsak a lelkesed\u00e9sed hozd h\u00e1t!\n\nA kos\u00e1rhoz termesztett amerikai f\u0171zfavessz\u0151ket fogunk haszn\u00e1lni,\na munk\u00e1hoz valamennyi sz\u00fcks\u00e9ges alapanyagot \u00e9s eszk\u00f6zt mi biztos\u00edtjuk sz\u00e1modra.\nA workshop sor\u00e1n tippeket kaphatsz majd a saj\u00e1t anyaggy\u0171jt\u00e9shez is.\n\nA foglalkoz\u00e1s alatt te\u00e1val, k\u00e1v\u00e9val \u00e9s h\u00e1zi s\u00fctem\u00e9nnyel kedvesked\u00fcnk neked, eb\u00e9did\u0151ben pedig egy finom, h\u00fasmentes eb\u00e9det is elfogyasztunk k\u00f6z\u00f6sen.\n\nMennyibe ker\u00fcl mindez?\n\nAz egynapos \u00e9lm\u00e9ny workshop d\u00edja 38.000 Ft\n(VIP tagoknak, akik m\u00e1r legal\u00e1bb k\u00e9t kor\u00e1bbi alkalommal fontak vel\u00fcnk, 36.000 Ft)\n\nA foglalkoz\u00e1sra p\u00e9nz-visszafizet\u00e9si garanci\u00e1t v\u00e1llalunk!\n\nMit jelent ez?\n\nAzt, hogy a workshop d\u00edj\u00e1t visszat\u00e9r\u00edtj\u00fck, amennyiben a nap v\u00e9g\u00e9n nem egy k\u00e9sz kos\u00e1rral t\u00e1vozn\u00e1l!\n\nHelyileg hol lesz?\n\nA foglalkoz\u00e1s Csob\u00e1nka sz\u00e9l\u00e9n, sz\u00e9ps\u00e9ges term\u00e9szetk\u00f6zeli helysz\u00ednen lesz, sikeres regisztr\u00e1ci\u00f3t k\u00f6vet\u0151en k\u00fcldj\u00fck a pontos r\u00e9szleteket.\n\nA helyek felt\u00f6lt\u00e9se a jelentkez\u00e9sek be\u00e9rkez\u00e9s\u00e9nek sorrendj\u00e9ben t\u00f6rt\u00e9nik, a regisztr\u00e1ci\u00f3 azonban csak a tanfolyam d\u00edj\u00e1nak befizet\u00e9s\u00e9t k\u00f6vet\u0151en v\u00e1lik v\u00e9glegess\u00e9.\n\nIzgatottan v\u00e1rjuk a tal\u00e1lkoz\u00e1st veletek!\n\nBorka \u00e9s \u00c1kos\n\nA workshop 14 \u00e9v alatt \u00e9s k\u00e9z \u00edz\u00fcleti probl\u00e9m\u00e1k eset\u00e9n nem aj\u00e1nlott!","price":"38000.00","unit":"db","recommended":"0","status":"1","sponsored":"0","exp_notify":"0","own_material":"0","own_material_description_old":null,"own_material_description":"","jury":"0","jury_number":"","product_nature":"","meskaracsony":"0","create_date":"2026-04-24 13:59:01","shelve_id":"67848","image":"kisdiostudio_product_42057_260427142146_043720.jpeg","image_width":"480","image_height":"369","image_alt":"j\u00fani. 13 Csob\u00e1nka - OV\u00c1LIS SKANDIN\u00c1V KOS\u00c1R cikkcakk d\u00edsz\u00edt\u00e9ssel - kos\u00e1rfon\u00f3 workshop, A workshop id\u0151pontja: 2026.06.13.\\n(10:00-17:00)\\n\\nHelysz\u00edn: Csob\u00e1nka sz\u00e9l\u00e9n, sz\u00e9ps\u00e9ges term\u00e9szeti k\u00f6r..., Meska","image_title":"j\u00fani. 13 Csob\u00e1nka - OV\u00c1LIS SKANDIN\u00c1V KOS\u00c1R cikkcakk d\u00edsz\u00edt\u00e9ssel - kos\u00e1rfon\u00f3 workshop, Meska","view_count":"570","favourite_count":"0","trending_score":"0","last2MonthFavouriteCount":"1","promotion":"0","giftcard_accept":"1","creditcard_accept":true,"enhanced_background":"0","domain":"meska","specific_customer_id":null,"specific_customer_name":null,"to_order_product":"0","to_order_product_time":"0","product_different":null,"product_different_description":"","vintage":"0","vintage_category_id":"0","recycled":"0","gemstone_id":"0","customizable":"0","type_category":"physical","zerowaste":"0","postage_price":"0.00","shop_order":"0","has_category":"1","landing_pages":null,"microdata":{"number":11,"category":""},"title":"j\u00fani. 13 Csob\u00e1nka - OV\u00c1LIS SKANDIN\u00c1V KOS\u00c1R cikkcakk d\u00edsz\u00edt\u00e9ssel - kos\u00e1rfon\u00f3 workshop","description":"A workshop id\u0151pontja: 2026.06.13.\n(10:00-17:00)\n\nHelysz\u00edn: Csob\u00e1nka sz\u00e9l\u00e9n, sz\u00e9ps\u00e9ges term\u00e9szeti k\u00f6rnyezetben (jelentkez\u00e9st k\u00f6vet\u0151en k\u00fcldj\u00fck a pontos c\u00edmet)\n\nKiscsoportos, kos\u00e1rfon\u00f3 m\u0171hely eb\u00e9ddel.\n\nMir\u0151l sz\u00f3l ez a foglalkoz\u00e1s?\n\nAz exkluz\u00edv workshop sor\u00e1n mindenki elk\u00e9sz\u00edt egy nagyobb m\u00e9ret\u0171, ov\u00e1lis \"skandin\u00e1v\" kosarat aszimmetrikus elszeg\u00e9ssel, uszad\u00e9kfa f\u00fcllel. A kezd\u0151k r\u00e9tegelt lemez alapra fonnak, a halad\u00f3k a kos\u00e1r fenek\u00e9t is maguk k\u00e9sz\u00edthetik.\n\nA r\u00e9szv\u00e9telhez semmif\u00e9le el\u0151k\u00e9pzetts\u00e9g nem sz\u00fcks\u00e9ges, a 7 \u00f3ra alatt minden l\u00e9p\u00e9sen v\u00e9gigvezet\u00fcnk majd a kos\u00e1r elkezd\u00e9s\u00e9t\u0151l a befejez\u00e9sig.\nCsak a lelkesed\u00e9sed hozd h\u00e1t!\n\nA kos\u00e1rhoz termesztett amerikai f\u0171zfavessz\u0151ket fogunk haszn\u00e1lni,\na munk\u00e1hoz valamennyi sz\u00fcks\u00e9ges alapanyagot \u00e9s eszk\u00f6zt mi biztos\u00edtjuk sz\u00e1modra.\nA workshop sor\u00e1n tippeket kaphatsz majd a saj\u00e1t anyaggy\u0171jt\u00e9shez is.\n\nA foglalkoz\u00e1s alatt te\u00e1val, k\u00e1v\u00e9val \u00e9s h\u00e1zi s\u00fctem\u00e9nnyel kedvesked\u00fcnk neked, eb\u00e9did\u0151ben pedig egy finom, h\u00fasmentes eb\u00e9det is elfogyasztunk k\u00f6z\u00f6sen.\n\nMennyibe ker\u00fcl mindez?\n\nAz egynapos \u00e9lm\u00e9ny workshop d\u00edja 38.000 Ft\n(VIP tagoknak, akik m\u00e1r legal\u00e1bb k\u00e9t kor\u00e1bbi alkalommal fontak vel\u00fcnk, 36.000 Ft)\n\nA foglalkoz\u00e1sra p\u00e9nz-visszafizet\u00e9si garanci\u00e1t v\u00e1llalunk!\n\nMit jelent ez?\n\nAzt, hogy a workshop d\u00edj\u00e1t visszat\u00e9r\u00edtj\u00fck, amennyiben a nap v\u00e9g\u00e9n nem egy k\u00e9sz kos\u00e1rral t\u00e1vozn\u00e1l!\n\nHelyileg hol lesz?\n\nA foglalkoz\u00e1s Csob\u00e1nka sz\u00e9l\u00e9n, sz\u00e9ps\u00e9ges term\u00e9szetk\u00f6zeli helysz\u00ednen lesz, sikeres regisztr\u00e1ci\u00f3t k\u00f6vet\u0151en k\u00fcldj\u00fck a pontos r\u00e9szleteket.\n\nA helyek felt\u00f6lt\u00e9se a jelentkez\u00e9sek be\u00e9rkez\u00e9s\u00e9nek sorrendj\u00e9ben t\u00f6rt\u00e9nik, a regisztr\u00e1ci\u00f3 azonban csak a tanfolyam d\u00edj\u00e1nak befizet\u00e9s\u00e9t k\u00f6vet\u0151en v\u00e1lik v\u00e9glegess\u00e9.\n\nIzgatottan v\u00e1rjuk a tal\u00e1lkoz\u00e1st veletek!\n\nBorka \u00e9s \u00c1kos\n\nA workshop 14 \u00e9v alatt \u00e9s k\u00e9z \u00edz\u00fcleti probl\u00e9m\u00e1k eset\u00e9n nem aj\u00e1nlott!","score":0,"formatted_price":"38 000 Ft","image_url":"https:\/\/www.meska.hu\/img\/product\/small\/k\/i\/kisdiostudio_product_42057_260427142146_043720.jpeg","formatted_url":"https:\/\/www.meska.hu\/p5690993-kosarfonas-tanfolyam-ovalis-skandinav-kosar-workshop-marc-21-budapest","favourite":false,"in_stock":true,"avatar":"KisdioStudio_avatar_42057_1649420514.jpg","delete_from":0,"is_enhanced_background":false,"is_enhanced":false,"product_selection_started":false,"is_active":true,"image_webp_url":"https:\/\/www.meska.hu\/img\/product\/small\/k\/i\/kisdiostudio_product_42057_260427142146_043720.webp"},{"id":"6173938","shop_id":"8655","user_id":"42057","shop_name":"KisdioStudio","shop_zip":"1012","product_code":"5767676","product_name_old":null,"product_name":"j\u00fani. 20. Dunaharaszti - K\u00c1V\u00c1S KOS\u00c1R fon\u00e1sa - kos\u00e1rfon\u00f3 workshop","category_string":"DIY (Csin\u00e1ld magad), Workshop & Tanfolyam","technic_string":"Fon\u00e1s (csuh\u00e9, gy\u00e9k\u00e9ny, stb.)","category_1":"402","category_2":"926","category_3":"0","category_4":"0","merged_category_1":null,"merged_category_2":null,"merged_category_3":null,"technic_1":"482","technic_2":"0","technic_3":"0","color_1":"514","color_2":"516","color_3":"0","product_description_old":null,"product_description":"A workshop id\u0151pontja: 2026.06.20.\n(10:00-17:00)\n\nHelysz\u00edn: Dunaharasztiban, egy k\u00f6z\u00f6ss\u00e9gi t\u00e9rben.\n\nMir\u0151l sz\u00f3l ez a workshop?\n\nGyere, \u00e9s lazulj le n\u00e1lunk egy k\u00f6z\u00f6s alkot\u00f3s, cseveg\u0151s nappal! Autentikus \"fon\u00f3 hangulat\" \u00e9s sz\u00e9ps\u00e9ges, fonott t\u00e1rgyak garant\u00e1lva!\n\nAz eg\u00e9sz napos foglalkoz\u00e1s sor\u00e1n mindenki megfon egy k\u00f6zepes m\u00e9ret\u0171, ov\u00e1lis k\u00e1v\u00e1s kosarat hagyom\u00e1nyos vagy \"random\" technik\u00e1val.\n\nA workshopon val\u00f3 r\u00e9szv\u00e9telhez semmif\u00e9le el\u0151k\u00e9pzetts\u00e9g nem sz\u00fcks\u00e9ges, a kos\u00e1r elk\u00e9sz\u00edt\u00e9s\u00e9nek minden l\u00e9p\u00e9s\u00e9n v\u00e9gigvezet\u00fcnk majd! Csak a lelkesed\u00e9sed hozd h\u00e1t!\n\nA kos\u00e1rhoz termesztett, h\u00e9jas f\u0171zfavessz\u0151ket fogunk haszn\u00e1lni.\n\nA fon\u00e1shoz valamennyi sz\u00fcks\u00e9ges alapanyagot \u00e9s eszk\u00f6zt mi biztos\u00edtjuk sz\u00e1modra.\n\nA foglalkoz\u00e1s alatt te\u00e1val, k\u00e1v\u00e9val \u00e9s kis h\u00e1zi s\u00fctivel kedvesked\u00fcnk neked.\n\nMennyibe ker\u00fcl mindez?\n\nAz eg\u00e9sz napos workshop d\u00edja 26.000 Ft.\n(VIP tagoknak, akik m\u00e1r legal\u00e1bb 2 kor\u00e1bbi workshopunkon r\u00e9szt vettek, 24.500 Ft)\n\nA foglalkoz\u00e1s l\u00e9tsz\u00e1ma korl\u00e1tozott, a helyek felt\u00f6lt\u00e9se a jelentkez\u00e9sek be\u00e9rkez\u00e9s\u00e9nek sorrendj\u00e9ben t\u00f6rt\u00e9nik.\nA regisztr\u00e1ci\u00f3 azonban csak a tanfolyami d\u00edj befizet\u00e9s\u00e9vel v\u00e1lik v\u00e9glegess\u00e9.\n\nA foglalkoz\u00e1sra p\u00e9nz-visszafizet\u00e9si garanci\u00e1t v\u00e1llalunk!\n\nMit jelent ez?\n\nAzt, hogy a foglalkoz\u00e1s d\u00edj\u00e1t visszat\u00e9r\u00edtj\u00fck, amennyiben a nap v\u00e9g\u00e9n nem k\u00e9sz\u00fclne el a fonott kosarad!\n\nHelyileg hol lesz?\n\nA foglalkoz\u00e1s Dunaharasztiban, egy k\u00f6z\u00f6ss\u00e9gi t\u00e9rben lesz, sikeres regisztr\u00e1ci\u00f3t k\u00f6vet\u0151en k\u00fcldj\u00fck a tov\u00e1bbi r\u00e9szleteket.\n\nIzgatottan v\u00e1rjuk a tal\u00e1lkoz\u00e1st veletek!\n\na Kisdi\u00f3 Studi\u00f3 csapata\n\nBorka \u00e9s \u00c1kos\n\nA r\u00e9szv\u00e9tel 14 \u00e9ves kor alatt \u00e9s k\u00e9z \u00edz\u00fcleti probl\u00e9m\u00e1k eset\u00e9n nem javasolt.","price":"26000.00","unit":"db","recommended":"0","status":"1","sponsored":"0","exp_notify":"0","own_material":"0","own_material_description_old":null,"own_material_description":"","jury":"0","jury_number":"","product_nature":"","meskaracsony":"0","create_date":"2026-04-23 10:50:02","shelve_id":"67848","image":"kisdiostudio_product_42057_260402152634_93483.jpeg","image_width":"480","image_height":"312","image_alt":"j\u00fani. 20. Dunaharaszti - K\u00c1V\u00c1S KOS\u00c1R fon\u00e1sa - kos\u00e1rfon\u00f3 workshop, A workshop id\u0151pontja: 2026.06.20.\\n(10:00-17:00)\\n\\nHelysz\u00edn: Dunaharasztiban, egy k\u00f6z\u00f6ss\u00e9gi t\u00e9rben.\\n\\nM..., Meska","image_title":"j\u00fani. 20. Dunaharaszti - K\u00c1V\u00c1S KOS\u00c1R fon\u00e1sa - kos\u00e1rfon\u00f3 workshop, Meska","view_count":"109","favourite_count":"0","trending_score":"0","last2MonthFavouriteCount":"0","promotion":"0","giftcard_accept":"1","creditcard_accept":true,"enhanced_background":"0","domain":"meska","specific_customer_id":null,"specific_customer_name":null,"to_order_product":"0","to_order_product_time":"0","product_different":null,"product_different_description":"","vintage":"0","vintage_category_id":"0","recycled":"0","gemstone_id":"0","customizable":"0","type_category":"physical","zerowaste":"1","postage_price":"0.00","shop_order":"0","has_category":"1","landing_pages":null,"microdata":{"number":12,"category":""},"title":"j\u00fani. 20. Dunaharaszti - K\u00c1V\u00c1S KOS\u00c1R fon\u00e1sa - kos\u00e1rfon\u00f3 workshop","description":"A workshop id\u0151pontja: 2026.06.20.\n(10:00-17:00)\n\nHelysz\u00edn: Dunaharasztiban, egy k\u00f6z\u00f6ss\u00e9gi t\u00e9rben.\n\nMir\u0151l sz\u00f3l ez a workshop?\n\nGyere, \u00e9s lazulj le n\u00e1lunk egy k\u00f6z\u00f6s alkot\u00f3s, cseveg\u0151s nappal! Autentikus \"fon\u00f3 hangulat\" \u00e9s sz\u00e9ps\u00e9ges, fonott t\u00e1rgyak garant\u00e1lva!\n\nAz eg\u00e9sz napos foglalkoz\u00e1s sor\u00e1n mindenki megfon egy k\u00f6zepes m\u00e9ret\u0171, ov\u00e1lis k\u00e1v\u00e1s kosarat hagyom\u00e1nyos vagy \"random\" technik\u00e1val.\n\nA workshopon val\u00f3 r\u00e9szv\u00e9telhez semmif\u00e9le el\u0151k\u00e9pzetts\u00e9g nem sz\u00fcks\u00e9ges, a kos\u00e1r elk\u00e9sz\u00edt\u00e9s\u00e9nek minden l\u00e9p\u00e9s\u00e9n v\u00e9gigvezet\u00fcnk majd! Csak a lelkesed\u00e9sed hozd h\u00e1t!\n\nA kos\u00e1rhoz termesztett, h\u00e9jas f\u0171zfavessz\u0151ket fogunk haszn\u00e1lni.\n\nA fon\u00e1shoz valamennyi sz\u00fcks\u00e9ges alapanyagot \u00e9s eszk\u00f6zt mi biztos\u00edtjuk sz\u00e1modra.\n\nA foglalkoz\u00e1s alatt te\u00e1val, k\u00e1v\u00e9val \u00e9s kis h\u00e1zi s\u00fctivel kedvesked\u00fcnk neked.\n\nMennyibe ker\u00fcl mindez?\n\nAz eg\u00e9sz napos workshop d\u00edja 26.000 Ft.\n(VIP tagoknak, akik m\u00e1r legal\u00e1bb 2 kor\u00e1bbi workshopunkon r\u00e9szt vettek, 24.500 Ft)\n\nA foglalkoz\u00e1s l\u00e9tsz\u00e1ma korl\u00e1tozott, a helyek felt\u00f6lt\u00e9se a jelentkez\u00e9sek be\u00e9rkez\u00e9s\u00e9nek sorrendj\u00e9ben t\u00f6rt\u00e9nik.\nA regisztr\u00e1ci\u00f3 azonban csak a tanfolyami d\u00edj befizet\u00e9s\u00e9vel v\u00e1lik v\u00e9glegess\u00e9.\n\nA foglalkoz\u00e1sra p\u00e9nz-visszafizet\u00e9si garanci\u00e1t v\u00e1llalunk!\n\nMit jelent ez?\n\nAzt, hogy a foglalkoz\u00e1s d\u00edj\u00e1t visszat\u00e9r\u00edtj\u00fck, amennyiben a nap v\u00e9g\u00e9n nem k\u00e9sz\u00fclne el a fonott kosarad!\n\nHelyileg hol lesz?\n\nA foglalkoz\u00e1s Dunaharasztiban, egy k\u00f6z\u00f6ss\u00e9gi t\u00e9rben lesz, sikeres regisztr\u00e1ci\u00f3t k\u00f6vet\u0151en k\u00fcldj\u00fck a tov\u00e1bbi r\u00e9szleteket.\n\nIzgatottan v\u00e1rjuk a tal\u00e1lkoz\u00e1st veletek!\n\na Kisdi\u00f3 Studi\u00f3 csapata\n\nBorka \u00e9s \u00c1kos\n\nA r\u00e9szv\u00e9tel 14 \u00e9ves kor alatt \u00e9s k\u00e9z \u00edz\u00fcleti probl\u00e9m\u00e1k eset\u00e9n nem javasolt.","score":0,"formatted_price":"26 000 Ft","image_url":"https:\/\/www.meska.hu\/img\/product\/small\/k\/i\/kisdiostudio_product_42057_260402152634_93483.jpeg","formatted_url":"https:\/\/www.meska.hu\/p5767676-juni-20-dunaharaszti-kavas-kosar-fonasa-kosarfono-workshop","favourite":false,"in_stock":true,"avatar":"KisdioStudio_avatar_42057_1649420514.jpg","delete_from":0,"is_enhanced_background":false,"is_enhanced":false,"product_selection_started":false,"is_active":true,"image_webp_url":"https:\/\/www.meska.hu\/img\/product\/small\/k\/i\/kisdiostudio_product_42057_260402152634_93483.webp"},{"id":"4650883","shop_id":"26841","user_id":"327178","shop_name":"gardonyilevendula","shop_zip":"2483","product_code":"4862726","product_name_old":null,"product_name":"Pr\u00e9mium levendul\u00e1s \u00e1pol\u00f3 aj\u00e1nd\u00e9kcsomag fonott dobozban","category_string":"Sz\u00e9ps\u00e9g\u00e1pol\u00e1s, Kozmetikai aj\u00e1nd\u00e9kcsomag","technic_string":"Fon\u00e1s (csuh\u00e9, gy\u00e9k\u00e9ny, stb.), Szappank\u00e9sz\u00edt\u00e9s","category_1":"454","category_2":"915","category_3":"0","category_4":"0","merged_category_1":null,"merged_category_2":null,"merged_category_3":null,"technic_1":"482","technic_2":"500","technic_3":"0","color_1":"515","color_2":"522","color_3":"0","product_description_old":null,"product_description":"V\u00e1logat\u00e1s levendul\u00e1s \u00e9s m\u00e1s term\u00e9keinkb\u0151l, csupa praktikus \u00e9s illatos apr\u00f3s\u00e1g egy csomagba gy\u0171jtve, pap\u00edrfon\u00e1ssal k\u00e9sz\u00fclt, hengeres t\u00e1rol\u00f3ban.\n\u00cdgy nem csak figyelmes \u00e1pol\u00f3 aj\u00e1nd\u00e9kokat kap az aj\u00e1nd\u00e9kozott, de egy nagyon j\u00f3l haszn\u00e1lhat\u00f3, egyedi k\u00e9zm\u0171ves t\u00e1rol\u00f3 dobozt is.\n\nK\u00f6rnyezetbar\u00e1t szeml\u00e9lettel v\u00e1logatjuk ki saj\u00e1t term\u00e9keinket \u00e9s alapanyagukat, \u00edgy ez sem lehet m\u00e1sk\u00e9pp. \nA pap\u00edrfonott doboz k\u00e9s\u0151bb is d\u00edszes tart\u00f3ja lehet apr\u00f3 kincseknek, vagy ak\u00e1r beletehet egy nagy csokor levendul\u00e1t is.\n\nA pap\u00edrfonott term\u00e9kek v\u00edzzel lemoshat\u00f3k, ut\u00e1na hagyni kell megsz\u00e1radni.\nAz \u00e1pol\u00f3 csomagot 2 f\u00e9le form\u00e1ban tal\u00e1lod meg n\u00e1lam, kisebb vagy nagy kiszerel\u00e9sben.\n\nNagy csomag:\nb\u00e9zs, pap\u00edrfonott henger alak\u00fa dobozban, fonott levendulacsokorral d\u00edsz\u00edtve, szalaggal \u00e1tk\u00f6tve, tartalma:\n-1 db levendulav\u00edz 100 ml,arc\u00e1pol\u00e1shoz, vagy illatos\u00edt\u00e1shoz , le\u00edr\u00e1ssal\n-1 db arctiszt\u00edt\u00f3 korong (textil)\n-1 db levendula zs\u00e1kocska (szekr\u00e9ny illatos\u00edt\u00e1s\u00e1ra)\n-1 db k\u00e9nyeztet\u0151 szappan ( 100 g levendula)\n- 1 db 5 ml goly\u00f3s levendulaolaj (sresszold\u00e1sra, cs\u00edp\u00e9sre)\n\nKiv\u00e1laszthatod, milyen illat\u00fa szappant k\u00e9rsz hozz\u00e1. A zs\u00e1kocska \u00e9s arctiszt\u00edt\u00f3 korong sz\u00edne v\u00e1ltoz\u00f3, de a csomagba ill\u0151 sz\u00ednvari\u00e1ci\u00f3kat haszn\u00e1lunk.\n\nA pap\u00edrfonott term\u00e9kek v\u00edzzel lemoshat\u00f3k, ut\u00e1na hagyni kell megsz\u00e1radni.\nTERM\u00c9KEINK ENGED\u00c9LYEZETT, BEVIZSG\u00c1LT TERM\u00c9KEK.\n\nMIN\u0150S\u00c9GBIZTOS\u00cdT\u00c1SI RENDSZER: MSZ EN ISO 22716\/2008\n\nCPNP 4018165, 4018166, 4018159, 4174679, 4083845, 4018162","price":"11000.00","unit":"db","recommended":"0","status":"1","sponsored":"0","exp_notify":"0","own_material":"0","own_material_description_old":null,"own_material_description":"","jury":"0","jury_number":"","product_nature":"","meskaracsony":"0","create_date":"2026-04-21 21:57:53","shelve_id":"67490","image":"gardonyilevendula_product_327178_240620103046_581614.jpeg","image_width":"480","image_height":"319","image_alt":"Pr\u00e9mium levendul\u00e1s \u00e1pol\u00f3 aj\u00e1nd\u00e9kcsomag fonott dobozban, V\u00e1logat\u00e1s levendul\u00e1s \u00e9s m\u00e1s term\u00e9keinkb\u0151l, csupa praktikus \u00e9s illatos apr\u00f3s\u00e1g egy csomagba gy\u0171jtve, ..., Meska","image_title":"Pr\u00e9mium levendul\u00e1s \u00e1pol\u00f3 aj\u00e1nd\u00e9kcsomag fonott dobozban, Meska","view_count":"2194","favourite_count":"0","trending_score":"0","last2MonthFavouriteCount":"0","promotion":"0","giftcard_accept":"0","creditcard_accept":true,"enhanced_background":"0","domain":"meska","specific_customer_id":null,"specific_customer_name":null,"to_order_product":"1","to_order_product_time":"3","product_different":null,"product_different_description":"","vintage":"0","vintage_category_id":"0","recycled":"1","gemstone_id":"0","customizable":"0","type_category":"physical","zerowaste":"1","postage_price":"2390.00","shop_order":"0","has_category":"1","landing_pages":"Kar\u00e1csonyi aj\u00e1nd\u00e9kok, Kar\u00e1csonyi aj\u00e1nd\u00e9kok, Nyugd\u00edjas aj\u00e1nd\u00e9kok, N\u00e1szaj\u00e1nd\u00e9kok, Spiritu\u00e1lis aj\u00e1nd\u00e9kok, Sz\u00fclinapi aj\u00e1nd\u00e9kok","microdata":{"number":13,"category":""},"title":"Pr\u00e9mium levendul\u00e1s \u00e1pol\u00f3 aj\u00e1nd\u00e9kcsomag fonott dobozban","description":"V\u00e1logat\u00e1s levendul\u00e1s \u00e9s m\u00e1s term\u00e9keinkb\u0151l, csupa praktikus \u00e9s illatos apr\u00f3s\u00e1g egy csomagba gy\u0171jtve, pap\u00edrfon\u00e1ssal k\u00e9sz\u00fclt, hengeres t\u00e1rol\u00f3ban.\n\u00cdgy nem csak figyelmes \u00e1pol\u00f3 aj\u00e1nd\u00e9kokat kap az aj\u00e1nd\u00e9kozott, de egy nagyon j\u00f3l haszn\u00e1lhat\u00f3, egyedi k\u00e9zm\u0171ves t\u00e1rol\u00f3 dobozt is.\n\nK\u00f6rnyezetbar\u00e1t szeml\u00e9lettel v\u00e1logatjuk ki saj\u00e1t term\u00e9keinket \u00e9s alapanyagukat, \u00edgy ez sem lehet m\u00e1sk\u00e9pp. \nA pap\u00edrfonott doboz k\u00e9s\u0151bb is d\u00edszes tart\u00f3ja lehet apr\u00f3 kincseknek, vagy ak\u00e1r beletehet egy nagy csokor levendul\u00e1t is.\n\nA pap\u00edrfonott term\u00e9kek v\u00edzzel lemoshat\u00f3k, ut\u00e1na hagyni kell megsz\u00e1radni.\nAz \u00e1pol\u00f3 csomagot 2 f\u00e9le form\u00e1ban tal\u00e1lod meg n\u00e1lam, kisebb vagy nagy kiszerel\u00e9sben.\n\nNagy csomag:\nb\u00e9zs, pap\u00edrfonott henger alak\u00fa dobozban, fonott levendulacsokorral d\u00edsz\u00edtve, szalaggal \u00e1tk\u00f6tve, tartalma:\n-1 db levendulav\u00edz 100 ml,arc\u00e1pol\u00e1shoz, vagy illatos\u00edt\u00e1shoz , le\u00edr\u00e1ssal\n-1 db arctiszt\u00edt\u00f3 korong (textil)\n-1 db levendula zs\u00e1kocska (szekr\u00e9ny illatos\u00edt\u00e1s\u00e1ra)\n-1 db k\u00e9nyeztet\u0151 szappan ( 100 g levendula)\n- 1 db 5 ml goly\u00f3s levendulaolaj (sresszold\u00e1sra, cs\u00edp\u00e9sre)\n\nKiv\u00e1laszthatod, milyen illat\u00fa szappant k\u00e9rsz hozz\u00e1. A zs\u00e1kocska \u00e9s arctiszt\u00edt\u00f3 korong sz\u00edne v\u00e1ltoz\u00f3, de a csomagba ill\u0151 sz\u00ednvari\u00e1ci\u00f3kat haszn\u00e1lunk.\n\nA pap\u00edrfonott term\u00e9kek v\u00edzzel lemoshat\u00f3k, ut\u00e1na hagyni kell megsz\u00e1radni.\nTERM\u00c9KEINK ENGED\u00c9LYEZETT, BEVIZSG\u00c1LT TERM\u00c9KEK.\n\nMIN\u0150S\u00c9GBIZTOS\u00cdT\u00c1SI RENDSZER: MSZ EN ISO 22716\/2008\n\nCPNP 4018165, 4018166, 4018159, 4174679, 4083845, 4018162","score":0,"formatted_price":"11 000 Ft","image_url":"https:\/\/www.meska.hu\/img\/product\/small\/g\/a\/gardonyilevendula_product_327178_240620103046_581614.jpeg","formatted_url":"https:\/\/www.meska.hu\/p4862726-apolo-ajandekcsomag-fonott-dobozban-unnepi-alkalmakra","favourite":false,"in_stock":false,"avatar":"gardonyilevendula_avatar_327178_1666612331.jpg","delete_from":0,"is_enhanced_background":false,"is_enhanced":false,"product_selection_started":false,"is_active":true,"image_webp_url":"https:\/\/www.meska.hu\/img\/product\/small\/g\/a\/gardonyilevendula_product_327178_240620103046_581614.webp"},{"id":"4768704","shop_id":"13119","user_id":"89110","shop_name":"TimcsYMobiltok","shop_zip":"2527","product_code":"4942112","product_name_old":null,"product_name":"F\u00e9rfi barna vel\u00far-b\u0151r kark\u00f6t\u0151 - t\u00f6bb sz\u00e1l\u00e1s \u00e1ll\u00edthat\u00f3 f\u00e9rfi kark\u00f6t\u0151","category_string":"\u00c9kszer, Kark\u00f6t\u0151, Fonott kark\u00f6t\u0151","technic_string":"Fon\u00e1s (csuh\u00e9, gy\u00e9k\u00e9ny, stb.)","category_1":"327","category_2":"333","category_3":"1232","category_4":"0","merged_category_1":null,"merged_category_2":null,"merged_category_3":null,"technic_1":"482","technic_2":"0","technic_3":"0","color_1":"514","color_2":"0","color_3":"0","product_description_old":null,"product_description":"F\u00e9rfias, eleg\u00e1ns, 4 darab b\u0151rsz\u00e1lb\u00f3l \u00e9s egy fonott pamutsz\u00e1lb\u00f3l k\u00e9sz\u00fclt f\u00e9rfi kark\u00f6t\u0151.\nCs\u00fasz\u00f3csom\u00f3s kivitelez\u00e9se miatt, a m\u00e9rete tetsz\u00e9s szerint \u00e1ll\u00edthat\u00f3, \u00edgy t\u00f6k\u00e9letes v\u00e1laszt\u00e1s aj\u00e1nd\u00e9k gyan\u00e1nt is.\n\nA megfelel\u0151 m\u00e9ret elk\u00e9sz\u00edt\u00e9s\u00e9hez, k\u00e9rlek, szorosan m\u00e9rt le a csukl\u00f3dat \u00e9s a pontos \u00e9rt\u00e9ket \u00edrt meg nekem, k\u00f6sz\u00f6n\u00f6m! :)                         ","price":"6690.00","unit":"db","recommended":"0","status":"1","sponsored":"0","exp_notify":"0","own_material":"0","own_material_description_old":null,"own_material_description":"","jury":"0","jury_number":"","product_nature":"","meskaracsony":"0","create_date":"2026-04-21 21:37:06","shelve_id":"0","image":"timcsymobiltok_product_89110_230326193055_120526.jpeg","image_width":"480","image_height":"480","image_alt":"F\u00e9rfi barna vel\u00far-b\u0151r kark\u00f6t\u0151 - t\u00f6bb sz\u00e1l\u00e1s \u00e1ll\u00edthat\u00f3 f\u00e9rfi kark\u00f6t\u0151, F\u00e9rfias, eleg\u00e1ns, 4 darab b\u0151rsz\u00e1lb\u00f3l \u00e9s egy fonott pamutsz\u00e1lb\u00f3l k\u00e9sz\u00fclt f\u00e9rfi kark\u00f6t\u0151.\\nCs\u00fasz\u00f3csom\u00f3s ..., Meska","image_title":"F\u00e9rfi barna vel\u00far-b\u0151r kark\u00f6t\u0151 - t\u00f6bb sz\u00e1l\u00e1s \u00e1ll\u00edthat\u00f3 f\u00e9rfi kark\u00f6t\u0151, Meska","view_count":"981","favourite_count":"1","trending_score":"0","last2MonthFavouriteCount":"1","promotion":"0","giftcard_accept":"0","creditcard_accept":true,"enhanced_background":"0","domain":"meska","specific_customer_id":null,"specific_customer_name":null,"to_order_product":"0","to_order_product_time":"0","product_different":null,"product_different_description":"","vintage":"0","vintage_category_id":"0","recycled":"0","gemstone_id":"0","customizable":"0","type_category":"physical","zerowaste":"0","postage_price":"2390.00","shop_order":"0","has_category":"1","landing_pages":null,"microdata":{"number":14,"category":""},"title":"F\u00e9rfi barna vel\u00far-b\u0151r kark\u00f6t\u0151 - t\u00f6bb sz\u00e1l\u00e1s \u00e1ll\u00edthat\u00f3 f\u00e9rfi kark\u00f6t\u0151","description":"F\u00e9rfias, eleg\u00e1ns, 4 darab b\u0151rsz\u00e1lb\u00f3l \u00e9s egy fonott pamutsz\u00e1lb\u00f3l k\u00e9sz\u00fclt f\u00e9rfi kark\u00f6t\u0151.\nCs\u00fasz\u00f3csom\u00f3s kivitelez\u00e9se miatt, a m\u00e9rete tetsz\u00e9s szerint \u00e1ll\u00edthat\u00f3, \u00edgy t\u00f6k\u00e9letes v\u00e1laszt\u00e1s aj\u00e1nd\u00e9k gyan\u00e1nt is.\n\nA megfelel\u0151 m\u00e9ret elk\u00e9sz\u00edt\u00e9s\u00e9hez, k\u00e9rlek, szorosan m\u00e9rt le a csukl\u00f3dat \u00e9s a pontos \u00e9rt\u00e9ket \u00edrt meg nekem, k\u00f6sz\u00f6n\u00f6m! :)                         ","score":0,"formatted_price":"6 690 Ft","image_url":"https:\/\/www.meska.hu\/img\/product\/small\/t\/i\/timcsymobiltok_product_89110_230326193055_120526.jpeg","formatted_url":"https:\/\/www.meska.hu\/p4942112-ferfi-barna-velur-bor-karkoto-tobb-szalas-allithato-ferfi-karkoto","favourite":false,"in_stock":true,"avatar":"TimcsYMobiltok_avatar_89110_1548952350.jpg","delete_from":0,"is_enhanced_background":false,"is_enhanced":false,"product_selection_started":false,"is_active":true,"image_webp_url":"https:\/\/www.meska.hu\/img\/product\/small\/t\/i\/timcsymobiltok_product_89110_230326193055_120526.webp"},{"id":"4708312","shop_id":"13119","user_id":"89110","shop_name":"TimcsYMobiltok","shop_zip":"2527","product_code":"4903406","product_name_old":null,"product_name":"F\u00e9rfi b\u0151r kark\u00f6t\u0151 - fekete \u00e1ll\u00edthat\u00f3 fonott b\u0151r kark\u00f6t\u0151","category_string":"\u00c9kszer, Kark\u00f6t\u0151, Fonott kark\u00f6t\u0151","technic_string":"Fon\u00e1s (csuh\u00e9, gy\u00e9k\u00e9ny, stb.)","category_1":"327","category_2":"333","category_3":"1232","category_4":"0","merged_category_1":"0","merged_category_2":"0","merged_category_3":"0","technic_1":"482","technic_2":"0","technic_3":"0","color_1":"520","color_2":"0","color_3":"0","product_description_old":null,"product_description":"F\u00e9rfias, eleg\u00e1ns, fekete f\u00e9rfi b\u0151r kark\u00f6t\u0151.\nCs\u00fasz\u00f3csom\u00f3s kivitelez\u00e9se miatt, a m\u00e9rete tetsz\u00e9s szerint \u00e1ll\u00edthat\u00f3, \u00edgy t\u00f6k\u00e9letes v\u00e1laszt\u00e1s aj\u00e1nd\u00e9k gyan\u00e1nt is.\n\nA fonott b\u0151r vastags\u00e1ga: 4mm\n\nA megfelel\u0151 m\u00e9ret elk\u00e9sz\u00edt\u00e9s\u00e9hez, k\u00e9rlek, szorosan m\u00e9rt le a csukl\u00f3dat \u00e9s a pontos \u00e9rt\u00e9ket \u00edrt meg nekem, k\u00f6sz\u00f6n\u00f6m! :)                         ","price":"6590.00","unit":"db","recommended":"0","status":"1","sponsored":"0","exp_notify":"0","own_material":"0","own_material_description_old":null,"own_material_description":"","jury":"0","jury_number":"","product_nature":"","meskaracsony":"0","create_date":"2026-04-21 21:37:06","shelve_id":"0","image":"timcsymobiltok_product_89110_230208110335_148344.jpeg","image_width":"480","image_height":"480","image_alt":"F\u00e9rfi b\u0151r kark\u00f6t\u0151 - fekete \u00e1ll\u00edthat\u00f3 fonott b\u0151r kark\u00f6t\u0151, F\u00e9rfias, eleg\u00e1ns, fekete f\u00e9rfi b\u0151r kark\u00f6t\u0151.\\nCs\u00fasz\u00f3csom\u00f3s kivitelez\u00e9se miatt, a m\u00e9rete tetsz\u00e9s szerin..., Meska","image_title":"F\u00e9rfi b\u0151r kark\u00f6t\u0151 - fekete \u00e1ll\u00edthat\u00f3 fonott b\u0151r kark\u00f6t\u0151, Meska","view_count":"2150","favourite_count":"0","trending_score":"0","last2MonthFavouriteCount":"0","promotion":"0","giftcard_accept":"0","creditcard_accept":true,"enhanced_background":"0","domain":"meska","specific_customer_id":null,"specific_customer_name":null,"to_order_product":"0","to_order_product_time":"0","product_different":null,"product_different_description":"","vintage":"0","vintage_category_id":"0","recycled":"0","gemstone_id":"0","customizable":"0","type_category":"physical","zerowaste":"0","postage_price":"1290.00","shop_order":"0","has_category":"1","landing_pages":null,"microdata":{"number":15,"category":""},"title":"F\u00e9rfi b\u0151r kark\u00f6t\u0151 - fekete \u00e1ll\u00edthat\u00f3 fonott b\u0151r kark\u00f6t\u0151","description":"F\u00e9rfias, eleg\u00e1ns, fekete f\u00e9rfi b\u0151r kark\u00f6t\u0151.\nCs\u00fasz\u00f3csom\u00f3s kivitelez\u00e9se miatt, a m\u00e9rete tetsz\u00e9s szerint \u00e1ll\u00edthat\u00f3, \u00edgy t\u00f6k\u00e9letes v\u00e1laszt\u00e1s aj\u00e1nd\u00e9k gyan\u00e1nt is.\n\nA fonott b\u0151r vastags\u00e1ga: 4mm\n\nA megfelel\u0151 m\u00e9ret elk\u00e9sz\u00edt\u00e9s\u00e9hez, k\u00e9rlek, szorosan m\u00e9rt le a csukl\u00f3dat \u00e9s a pontos \u00e9rt\u00e9ket \u00edrt meg nekem, k\u00f6sz\u00f6n\u00f6m! :)                         ","score":0,"formatted_price":"6 590 Ft","image_url":"https:\/\/www.meska.hu\/img\/product\/small\/t\/i\/timcsymobiltok_product_89110_230208110335_148344.jpeg","formatted_url":"https:\/\/www.meska.hu\/p4903406-ferfi-bor-karkoto-fekete-allithato-fonott-bor-karkoto","favourite":false,"in_stock":true,"avatar":"TimcsYMobiltok_avatar_89110_1548952350.jpg","delete_from":0,"is_enhanced_background":false,"is_enhanced":false,"product_selection_started":false,"is_active":true,"image_webp_url":"https:\/\/www.meska.hu\/img\/product\/small\/t\/i\/timcsymobiltok_product_89110_230208110335_148344.webp"},{"id":"6190959","shop_id":"49624","user_id":"5958","shop_name":"MemoReal","shop_zip":"2011","product_code":"5775807","product_name_old":null,"product_name":"50 gramm alpaka gyapj\u00fa fonal, ig\u00e9ny szerint kutya\/macskasz\u0151rrel keverten fonva","category_string":"Kell\u00e9kek & szersz\u00e1mok, R\u00f6vid\u00e1ru, Fonal, c\u00e9rna, Gyapj\u00fafonal","technic_string":"Fon\u00e1s (csuh\u00e9, gy\u00e9k\u00e9ny, stb.)","category_1":"1544","category_2":"1472","category_3":"72","category_4":"82","merged_category_1":null,"merged_category_2":null,"merged_category_3":null,"technic_1":"482","technic_2":"0","technic_3":"0","color_1":"514","color_2":"515","color_3":"520","product_description_old":null,"product_description":"A chiengora olyan fonal, ami gyapj\u00fa \u00e9s kutya vagy macska sz\u0151r bekver\u00e9s\u00e9vel ker\u00fcl megfon\u00e1sra. Ez a kevert fonal felhaszn\u00e1lhat\u00f3 k\u00f6t\u00e9sre, horgol\u00e1sra, vagy textil sz\u0151nyegk\u00e9pek k\u00e9sz\u00edt\u00e9s\u00e9re tufting technik\u00e1val. A fonal fekete, b\u00e9zs, \u00e9s barna alap sz\u00ednben k\u00e9sz\u00fcl (ez az alapaka gyapj\u00fa sz\u00edne) \u00e9s ehhez lehet t\u00e1rs\u00edtani hasonl\u00f3 vagy ak\u00e1r m\u00e1s sz\u00edn\u0171 kutya macska sz\u0151rt. Fontos hogy legal\u00e1bb 3 cm sz\u0151rhossz\u00fas\u00e1g sz\u00fcks\u00e9ges!","price":"4000.00","unit":"db","recommended":"0","status":"1","sponsored":"0","exp_notify":"0","own_material":"0","own_material_description_old":null,"own_material_description":"","jury":"0","jury_number":"","product_nature":"","meskaracsony":"0","create_date":"2026-04-21 10:39:53","shelve_id":"0","image":"memoreal_product_5958_260421102141_713679.jpeg","image_width":"480","image_height":"640","image_alt":"50 gramm alpaka gyapj\u00fa fonal, ig\u00e9ny szerint kutya\/macskasz\u0151rrel keverten fonva, A chiengora olyan fonal, ami gyapj\u00fa \u00e9s kutya vagy macska sz\u0151r bekver\u00e9s\u00e9vel ker\u00fcl megfon\u00e1sra. Ez a ke..., Meska","image_title":"50 gramm alpaka gyapj\u00fa fonal, ig\u00e9ny szerint kutya\/macskasz\u0151rrel keverten fonva, Meska","view_count":"19","favourite_count":"0","trending_score":"0","last2MonthFavouriteCount":"0","promotion":"0","giftcard_accept":"0","creditcard_accept":false,"enhanced_background":"0","domain":"meska","specific_customer_id":null,"specific_customer_name":null,"to_order_product":"1","to_order_product_time":"7","product_different":null,"product_different_description":"","vintage":"0","vintage_category_id":"0","recycled":"0","gemstone_id":"0","customizable":"1","type_category":"physical","zerowaste":"0","postage_price":"1290.00","shop_order":"0","has_category":"1","landing_pages":null,"microdata":{"number":16,"category":""},"title":"50 gramm alpaka gyapj\u00fa fonal, ig\u00e9ny szerint kutya\/macskasz\u0151rrel keverten fonva","description":"A chiengora olyan fonal, ami gyapj\u00fa \u00e9s kutya vagy macska sz\u0151r bekver\u00e9s\u00e9vel ker\u00fcl megfon\u00e1sra. Ez a kevert fonal felhaszn\u00e1lhat\u00f3 k\u00f6t\u00e9sre, horgol\u00e1sra, vagy textil sz\u0151nyegk\u00e9pek k\u00e9sz\u00edt\u00e9s\u00e9re tufting technik\u00e1val. A fonal fekete, b\u00e9zs, \u00e9s barna alap sz\u00ednben k\u00e9sz\u00fcl (ez az alapaka gyapj\u00fa sz\u00edne) \u00e9s ehhez lehet t\u00e1rs\u00edtani hasonl\u00f3 vagy ak\u00e1r m\u00e1s sz\u00edn\u0171 kutya macska sz\u0151rt. Fontos hogy legal\u00e1bb 3 cm sz\u0151rhossz\u00fas\u00e1g sz\u00fcks\u00e9ges!","score":0,"formatted_price":"4 000 Ft","image_url":"https:\/\/www.meska.hu\/img\/product\/small\/m\/e\/memoreal_product_5958_260421102141_713679.jpeg","formatted_url":"https:\/\/www.meska.hu\/p5775807-50-gramm-alpaka-gyapju-fonal-igeny-szerint-kutya-macskaszorrel-keverten-fonva","favourite":false,"in_stock":false,"avatar":"5958_avatar_1776761124.jpeg","delete_from":0,"is_enhanced_background":false,"is_enhanced":false,"product_selection_started":false,"is_active":true,"image_webp_url":"https:\/\/www.meska.hu\/img\/product\/small\/m\/e\/memoreal_product_5958_260421102141_713679.webp"},{"id":"6165280","shop_id":"8655","user_id":"42057","shop_name":"KisdioStudio","shop_zip":"1012","product_code":"5763645","product_name_old":null,"product_name":"kos\u00e1rfon\u00f3 workshop - ZSEBES FALI T\u00c1ROL\u00d3 -  m\u00e1j. 31 Budapest","category_string":"DIY (Csin\u00e1ld magad), Workshop & Tanfolyam","technic_string":"Fon\u00e1s (csuh\u00e9, gy\u00e9k\u00e9ny, stb.)","category_1":"402","category_2":"926","category_3":"0","category_4":"0","merged_category_1":null,"merged_category_2":null,"merged_category_3":null,"technic_1":"482","technic_2":"0","technic_3":"0","color_1":"514","color_2":"516","color_3":"0","product_description_old":null,"product_description":"Zsebes fali t\u00e1rol\u00f3 kos\u00e1r k\u00e9sz\u00edt\u0151 m\u0171hely\n\nSzeretn\u00e9l elm\u00e9lyedni egy igaz\u00e1n \u0151si, term\u00e9szetes k\u00e9zm\u0171ves mesters\u00e9gben? \nJ\u00f3 t\u00e1rsas\u00e1gban, alkotva kikapcsol\u00f3dni? Akkor itt a helyed! \nAutentikus fon\u00f3 hangulat \u00e9s sz\u00e9ps\u00e9ges vessz\u0151 t\u00e1rgyak garant\u00e1lva!\n\nA workshop id\u0151pontja: 2026.05.31. vas\u00e1rnap\n(10:00-17:00)\n\nMir\u0151l sz\u00f3l ez a foglalkoz\u00e1s?\n\nA workshop sor\u00e1n egy k\u00f6zepes m\u00e9ret\u0171, kerek fali t\u00e1rol\u00f3 kosarat fonunk. A kosarat z\u00f6lds\u00e9gek, gy\u00fcm\u00f6lcs\u00f6k, vagy ak\u00e1r vir\u00e1gok eszt\u00e9tikus t\u00e1rol\u00e1s\u00e1ra is haszn\u00e1lhatod. \n\nEz a tematika kiv\u00e1l\u00f3 alkalom arra, hogy megtanuld a kerek kos\u00e1rfen\u00e9k k\u00e9sz\u00edt\u00e9s\u00e9t!\n\nA r\u00e9szv\u00e9telhez semmif\u00e9le el\u0151k\u00e9pzetts\u00e9g nem sz\u00fcks\u00e9ges, a 7 \u00f3ra alatt minden l\u00e9p\u00e9sen v\u00e9gigvezet\u00fcnk majd a kos\u00e1r elkezd\u00e9s\u00e9t\u0151l a befejez\u00e9sig.\nCsak a lelkesed\u00e9sed hozd h\u00e1t!\n\nA kos\u00e1rhoz termesztett amerikai f\u0171zfavessz\u0151ket fogunk haszn\u00e1lni,\na munk\u00e1hoz valamennyi sz\u00fcks\u00e9ges alapanyagot \u00e9s eszk\u00f6zt mi biztos\u00edtjuk sz\u00e1modra.\nA workshop sor\u00e1n tippeket kaphatsz majd a saj\u00e1t anyaggy\u0171jt\u00e9shez is.\n\nA foglalkoz\u00e1s alatt te\u00e1val, k\u00e1v\u00e9val, \u00e9s kis h\u00e1zi s\u00fctem\u00e9nny kedvesked\u00fcnk neked.\n\nMennyibe ker\u00fcl mindez?\n\nAz egynapos workshop d\u00edja 26.000 Ft\n(VIP tagoknak, akik m\u00e1r legal\u00e1bb 2 alkalommal fontak vel\u00fcnk, 24.500 Ft)\n\nA foglalkoz\u00e1sra p\u00e9nz-visszafizet\u00e9si garanci\u00e1t v\u00e1llalunk!\n\nMit jelent ez?\n\nAzt, hogy a workshop d\u00edj\u00e1t visszat\u00e9r\u00edtj\u00fck, amennyiben a nap v\u00e9g\u00e9n nem egy k\u00e9sz kos\u00e1rral t\u00e1vozn\u00e1l!\n\nHelyileg hol lesz?\n\nA foglalkoz\u00e1s Bp. belv\u00e1ros\u00e1ban lesz, sikeres regisztr\u00e1ci\u00f3t k\u00f6vet\u0151en k\u00fcldj\u00fck a tov\u00e1bbi r\u00e9szleteket.\n\nA helyek felt\u00f6lt\u00e9se a jelentkez\u00e9sek be\u00e9rkez\u00e9s\u00e9nek sorrendj\u00e9ben t\u00f6rt\u00e9nik, a regisztr\u00e1ci\u00f3 azonban csak a tanfolyam d\u00edj\u00e1nak befizet\u00e9s\u00e9t k\u00f6vet\u0151en v\u00e1lik v\u00e9glegess\u00e9.\n\nIzgatottan v\u00e1rjuk a tal\u00e1lkoz\u00e1st veletek!\n\nBorka \u00e9s \u00c1kos\na Kisdi\u00f3 Studi\u00f3 csapata\n\nA r\u00e9szv\u00e9tel 14 \u00e9ves kor alatt \u00e9s k\u00e9z-\u00edz\u00fcleti probl\u00e9m\u00e1k eset\u00e9n nem aj\u00e1nlott!","price":"26000.00","unit":"db","recommended":"0","status":"1","sponsored":"0","exp_notify":"0","own_material":"0","own_material_description_old":null,"own_material_description":"","jury":"0","jury_number":"","product_nature":"","meskaracsony":"0","create_date":"2026-04-20 18:40:14","shelve_id":"67848","image":"kisdiostudio_product_42057_260323164747_295484.jpeg","image_width":"480","image_height":"313","image_alt":"kos\u00e1rfon\u00f3 workshop - ZSEBES FALI T\u00c1ROL\u00d3 -  m\u00e1j. 31 Budapest, Zsebes fali t\u00e1rol\u00f3 kos\u00e1r k\u00e9sz\u00edt\u0151 m\u0171hely\\n\\nSzeretn\u00e9l elm\u00e9lyedni egy igaz\u00e1n \u0151si, term\u00e9szetes k\u00e9zm\u0171ves m..., Meska","image_title":"kos\u00e1rfon\u00f3 workshop - ZSEBES FALI T\u00c1ROL\u00d3 -  m\u00e1j. 31 Budapest, Meska","view_count":"174","favourite_count":"0","trending_score":"0","last2MonthFavouriteCount":"0","promotion":"0","giftcard_accept":"1","creditcard_accept":true,"enhanced_background":"0","domain":"meska","specific_customer_id":null,"specific_customer_name":null,"to_order_product":"0","to_order_product_time":"0","product_different":null,"product_different_description":"","vintage":"0","vintage_category_id":"0","recycled":"0","gemstone_id":"0","customizable":"0","type_category":"physical","zerowaste":"1","postage_price":"0.00","shop_order":"0","has_category":"1","landing_pages":null,"microdata":{"number":17,"category":""},"title":"kos\u00e1rfon\u00f3 workshop - ZSEBES FALI T\u00c1ROL\u00d3 -  m\u00e1j. 31 Budapest","description":"Zsebes fali t\u00e1rol\u00f3 kos\u00e1r k\u00e9sz\u00edt\u0151 m\u0171hely\n\nSzeretn\u00e9l elm\u00e9lyedni egy igaz\u00e1n \u0151si, term\u00e9szetes k\u00e9zm\u0171ves mesters\u00e9gben? \nJ\u00f3 t\u00e1rsas\u00e1gban, alkotva kikapcsol\u00f3dni? Akkor itt a helyed! \nAutentikus fon\u00f3 hangulat \u00e9s sz\u00e9ps\u00e9ges vessz\u0151 t\u00e1rgyak garant\u00e1lva!\n\nA workshop id\u0151pontja: 2026.05.31. vas\u00e1rnap\n(10:00-17:00)\n\nMir\u0151l sz\u00f3l ez a foglalkoz\u00e1s?\n\nA workshop sor\u00e1n egy k\u00f6zepes m\u00e9ret\u0171, kerek fali t\u00e1rol\u00f3 kosarat fonunk. A kosarat z\u00f6lds\u00e9gek, gy\u00fcm\u00f6lcs\u00f6k, vagy ak\u00e1r vir\u00e1gok eszt\u00e9tikus t\u00e1rol\u00e1s\u00e1ra is haszn\u00e1lhatod. \n\nEz a tematika kiv\u00e1l\u00f3 alkalom arra, hogy megtanuld a kerek kos\u00e1rfen\u00e9k k\u00e9sz\u00edt\u00e9s\u00e9t!\n\nA r\u00e9szv\u00e9telhez semmif\u00e9le el\u0151k\u00e9pzetts\u00e9g nem sz\u00fcks\u00e9ges, a 7 \u00f3ra alatt minden l\u00e9p\u00e9sen v\u00e9gigvezet\u00fcnk majd a kos\u00e1r elkezd\u00e9s\u00e9t\u0151l a befejez\u00e9sig.\nCsak a lelkesed\u00e9sed hozd h\u00e1t!\n\nA kos\u00e1rhoz termesztett amerikai f\u0171zfavessz\u0151ket fogunk haszn\u00e1lni,\na munk\u00e1hoz valamennyi sz\u00fcks\u00e9ges alapanyagot \u00e9s eszk\u00f6zt mi biztos\u00edtjuk sz\u00e1modra.\nA workshop sor\u00e1n tippeket kaphatsz majd a saj\u00e1t anyaggy\u0171jt\u00e9shez is.\n\nA foglalkoz\u00e1s alatt te\u00e1val, k\u00e1v\u00e9val, \u00e9s kis h\u00e1zi s\u00fctem\u00e9nny kedvesked\u00fcnk neked.\n\nMennyibe ker\u00fcl mindez?\n\nAz egynapos workshop d\u00edja 26.000 Ft\n(VIP tagoknak, akik m\u00e1r legal\u00e1bb 2 alkalommal fontak vel\u00fcnk, 24.500 Ft)\n\nA foglalkoz\u00e1sra p\u00e9nz-visszafizet\u00e9si garanci\u00e1t v\u00e1llalunk!\n\nMit jelent ez?\n\nAzt, hogy a workshop d\u00edj\u00e1t visszat\u00e9r\u00edtj\u00fck, amennyiben a nap v\u00e9g\u00e9n nem egy k\u00e9sz kos\u00e1rral t\u00e1vozn\u00e1l!\n\nHelyileg hol lesz?\n\nA foglalkoz\u00e1s Bp. belv\u00e1ros\u00e1ban lesz, sikeres regisztr\u00e1ci\u00f3t k\u00f6vet\u0151en k\u00fcldj\u00fck a tov\u00e1bbi r\u00e9szleteket.\n\nA helyek felt\u00f6lt\u00e9se a jelentkez\u00e9sek be\u00e9rkez\u00e9s\u00e9nek sorrendj\u00e9ben t\u00f6rt\u00e9nik, a regisztr\u00e1ci\u00f3 azonban csak a tanfolyam d\u00edj\u00e1nak befizet\u00e9s\u00e9t k\u00f6vet\u0151en v\u00e1lik v\u00e9glegess\u00e9.\n\nIzgatottan v\u00e1rjuk a tal\u00e1lkoz\u00e1st veletek!\n\nBorka \u00e9s \u00c1kos\na Kisdi\u00f3 Studi\u00f3 csapata\n\nA r\u00e9szv\u00e9tel 14 \u00e9ves kor alatt \u00e9s k\u00e9z-\u00edz\u00fcleti probl\u00e9m\u00e1k eset\u00e9n nem aj\u00e1nlott!","score":0,"formatted_price":"26 000 Ft","image_url":"https:\/\/www.meska.hu\/img\/product\/small\/k\/i\/kisdiostudio_product_42057_260323164747_295484.jpeg","formatted_url":"https:\/\/www.meska.hu\/p5763645-kosarfono-workshop-zsebes-fali-tarolo-maj-31-budaors","favourite":false,"in_stock":true,"avatar":"KisdioStudio_avatar_42057_1649420514.jpg","delete_from":0,"is_enhanced_background":false,"is_enhanced":false,"product_selection_started":false,"is_active":true,"image_webp_url":"https:\/\/www.meska.hu\/img\/product\/small\/k\/i\/kisdiostudio_product_42057_260323164747_295484.webp"},{"id":"5003572","shop_id":"26841","user_id":"327178","shop_name":"gardonyilevendula","shop_zip":"2483","product_code":"5083505","product_name_old":null,"product_name":"Mini aj\u00e1nd\u00e9kcsomag, fonott dobozk\u00e1ban, levendula-ylang-ylang","category_string":"Sz\u00e9ps\u00e9g\u00e1pol\u00e1s, Kozmetikai aj\u00e1nd\u00e9kcsomag","technic_string":"Fon\u00e1s (csuh\u00e9, gy\u00e9k\u00e9ny, stb.), Szappank\u00e9sz\u00edt\u00e9s","category_1":"454","category_2":"915","category_3":"0","category_4":"0","merged_category_1":"0","merged_category_2":"0","merged_category_3":"785","technic_1":"482","technic_2":"500","technic_3":"0","color_1":"515","color_2":"525","color_3":"0","product_description_old":null,"product_description":"V\u00e1logat\u00e1s gy\u00f3gyn\u00f6v\u00e9nyes term\u00e9keinkb\u0151l, k\u00e9t praktikus \u00e9s illatos apr\u00f3s\u00e1g egy j\u00f3l haszn\u00e1lhat\u00f3 csinos k\u00f6rnyezetbar\u00e1t dobozk\u00e1ba gy\u0171jtve.\n\nAz \u00e1pol\u00f3 csomagot \u00fajrahasznos\u00edtott pap\u00edrb\u00f3l font, fedeles dobozk\u00e1ba tett\u00fck, melynek teteje szalaggal \u00e1t van f\u0171zve. Ezt a dobozk\u00e1t sokmindenre haszn\u00e1lni tudja m\u00e9g az aj\u00e1nd\u00e9kozott, \u00e9kszereknek, \u00e9dess\u00e9gnek, b\u00e1rmilyen kis kincseknek praktikus, dekorat\u00edv \u00e9s term\u00e9szetes t\u00e1rol\u00f3.\nA csomagb\u00f3l van k\u00e9szleten is, de megrendelhet\u0151k\u00e9nt teszem fel, mivel nagyobb darabsz\u00e1mban is rendelhet\u0151.\n\nTartalma:\n\n1 db ker\u00e1mia illatos\u00edt\u00f3 szett, 2 ml levendula olajjal (ezt sz\u00ednben harmoniz\u00e1lva tessz\u00fck bele a csomagba)\n\n1 db k\u00e9nyeztet\u0151 szappan (levendula-ylang-ylang, 60 g, r\u00f3zsasz\u00edn sz\u00ednben)\n\n1 db k\u00f6r alak\u00fa fedeles fonott dobozka b\u00e9zs sz\u00ednben (bels\u0151 \u00e1tm\u00e9r\u0151 10 cm, magass\u00e1ga 10 cm)\n\nTERM\u00c9KEINK ENGED\u00c9LYEZETT, BEVIZSG\u00c1LT TERM\u00c9KEK.\n\nMIN\u0150S\u00c9GBIZTOS\u00cdT\u00c1SI RENDSZER: MSZ EN ISO 22716\/2008\n\nCPNP 4018165\n\nLIMIT\u00c1LT KIAD\u00c1S, EL\u0150RENDELHET\u0150!\nAj\u00e1nd\u00e9kdobozk\u00e1nak tervezt\u00fck ezt a kerek dobozk\u00e1t, bels\u0151 peremes, passzol\u00f3 tet\u0151vel. A tet\u0151 egy szalag bef\u0171z\u00e9s\u00e9vel r\u00f6gz\u00edthet\u0151. A csomagot hozz\u00e1 ill\u0151 log\u00f3s szalagunkkal k\u00e9sz\u00edtj\u00fck.\n\nEgyszer\u0171 letisztult design, \u00edgy a modern otthonokba is passzol\u00f3 dekor\u00e1ci\u00f3, dobozka.\nM\u00e9rete bels\u0151 \u00e1tm\u00e9r\u0151 10 cm, magass\u00e1ga 10 cm.","price":"5500.00","unit":"db","recommended":"0","status":"1","sponsored":"0","exp_notify":"0","own_material":"0","own_material_description_old":null,"own_material_description":"","jury":"0","jury_number":"","product_nature":"","meskaracsony":"0","create_date":"2026-04-20 14:09:23","shelve_id":"67490","image":"gardonyilevendula_product_327178_231126104815_75466.jpeg","image_width":"480","image_height":"319","image_alt":"Mini aj\u00e1nd\u00e9kcsomag, fonott dobozk\u00e1ban, levendula-ylang-ylang, V\u00e1logat\u00e1s gy\u00f3gyn\u00f6v\u00e9nyes term\u00e9keinkb\u0151l, k\u00e9t praktikus \u00e9s illatos apr\u00f3s\u00e1g egy j\u00f3l haszn\u00e1lhat\u00f3 csinos k..., Meska","image_title":"Mini aj\u00e1nd\u00e9kcsomag, fonott dobozk\u00e1ban, levendula-ylang-ylang, Meska","view_count":"3721","favourite_count":"2","trending_score":"0","last2MonthFavouriteCount":"2","promotion":"0","giftcard_accept":"0","creditcard_accept":true,"enhanced_background":"0","domain":"meska","specific_customer_id":null,"specific_customer_name":null,"to_order_product":"1","to_order_product_time":"2","product_different":null,"product_different_description":"","vintage":"0","vintage_category_id":"0","recycled":"1","gemstone_id":"0","customizable":"0","type_category":"physical","zerowaste":"1","postage_price":"1290.00","shop_order":"0","has_category":"1","landing_pages":"Ballag\u00e1si aj\u00e1nd\u00e9kok \u00e9s kieg\u00e9sz\u00edt\u0151k, Kar\u00e1csonyi aj\u00e1nd\u00e9kok, Kar\u00e1csonyi aj\u00e1nd\u00e9kok, Sz\u00fclinapi aj\u00e1nd\u00e9kok, Sz\u00fclinapi aj\u00e1nd\u00e9kok","microdata":{"number":18,"category":""},"title":"Mini aj\u00e1nd\u00e9kcsomag, fonott dobozk\u00e1ban, levendula-ylang-ylang","description":"V\u00e1logat\u00e1s gy\u00f3gyn\u00f6v\u00e9nyes term\u00e9keinkb\u0151l, k\u00e9t praktikus \u00e9s illatos apr\u00f3s\u00e1g egy j\u00f3l haszn\u00e1lhat\u00f3 csinos k\u00f6rnyezetbar\u00e1t dobozk\u00e1ba gy\u0171jtve.\n\nAz \u00e1pol\u00f3 csomagot \u00fajrahasznos\u00edtott pap\u00edrb\u00f3l font, fedeles dobozk\u00e1ba tett\u00fck, melynek teteje szalaggal \u00e1t van f\u0171zve. Ezt a dobozk\u00e1t sokmindenre haszn\u00e1lni tudja m\u00e9g az aj\u00e1nd\u00e9kozott, \u00e9kszereknek, \u00e9dess\u00e9gnek, b\u00e1rmilyen kis kincseknek praktikus, dekorat\u00edv \u00e9s term\u00e9szetes t\u00e1rol\u00f3.\nA csomagb\u00f3l van k\u00e9szleten is, de megrendelhet\u0151k\u00e9nt teszem fel, mivel nagyobb darabsz\u00e1mban is rendelhet\u0151.\n\nTartalma:\n\n1 db ker\u00e1mia illatos\u00edt\u00f3 szett, 2 ml levendula olajjal (ezt sz\u00ednben harmoniz\u00e1lva tessz\u00fck bele a csomagba)\n\n1 db k\u00e9nyeztet\u0151 szappan (levendula-ylang-ylang, 60 g, r\u00f3zsasz\u00edn sz\u00ednben)\n\n1 db k\u00f6r alak\u00fa fedeles fonott dobozka b\u00e9zs sz\u00ednben (bels\u0151 \u00e1tm\u00e9r\u0151 10 cm, magass\u00e1ga 10 cm)\n\nTERM\u00c9KEINK ENGED\u00c9LYEZETT, BEVIZSG\u00c1LT TERM\u00c9KEK.\n\nMIN\u0150S\u00c9GBIZTOS\u00cdT\u00c1SI RENDSZER: MSZ EN ISO 22716\/2008\n\nCPNP 4018165\n\nLIMIT\u00c1LT KIAD\u00c1S, EL\u0150RENDELHET\u0150!\nAj\u00e1nd\u00e9kdobozk\u00e1nak tervezt\u00fck ezt a kerek dobozk\u00e1t, bels\u0151 peremes, passzol\u00f3 tet\u0151vel. A tet\u0151 egy szalag bef\u0171z\u00e9s\u00e9vel r\u00f6gz\u00edthet\u0151. A csomagot hozz\u00e1 ill\u0151 log\u00f3s szalagunkkal k\u00e9sz\u00edtj\u00fck.\n\nEgyszer\u0171 letisztult design, \u00edgy a modern otthonokba is passzol\u00f3 dekor\u00e1ci\u00f3, dobozka.\nM\u00e9rete bels\u0151 \u00e1tm\u00e9r\u0151 10 cm, magass\u00e1ga 10 cm.","score":0,"formatted_price":"5 500 Ft","image_url":"https:\/\/www.meska.hu\/img\/product\/small\/g\/a\/gardonyilevendula_product_327178_231126104815_75466.jpeg","formatted_url":"https:\/\/www.meska.hu\/p5083505-mini-ajandekcsomag-fonott-dobozkaban-levendula-ylang-ylang-cegeknek-kollegalnak-baratoknak","favourite":false,"in_stock":false,"avatar":"gardonyilevendula_avatar_327178_1666612331.jpg","delete_from":0,"is_enhanced_background":false,"is_enhanced":false,"product_selection_started":false,"is_active":true,"image_webp_url":"https:\/\/www.meska.hu\/img\/product\/small\/g\/a\/gardonyilevendula_product_327178_231126104815_75466.webp"},{"id":"4041078","shop_id":"19710","user_id":"191983","shop_name":"pagi28","shop_zip":"5300","product_code":"2332353","product_name_old":null,"product_name":"Kukorica csuh\u00e9 angyalka, szalv\u00e9ta gy\u0171r\u0171nek","category_string":"Kar\u00e1csony, Kar\u00e1csonyi lak\u00e1sdekor\u00e1ci\u00f3, Kar\u00e1csonyfad\u00edszek","technic_string":"Fon\u00e1s (csuh\u00e9, gy\u00e9k\u00e9ny, stb.)","category_1":"319","category_2":"324","category_3":"323","category_4":"0","merged_category_1":null,"merged_category_2":null,"merged_category_3":null,"technic_1":"482","technic_2":"0","technic_3":"0","color_1":"515","color_2":"0","color_3":"0","product_description_old":null,"product_description":"kukorica csuh\u00e9b\u00f3l k\u00e9sz\u00fclt angyalka.\n\nhaszn\u00e1lhatod kar\u00e1csonyfad\u00edsznek, vagy szalv\u00e9tagy\u0171r\u0171nek is.\n\nm\u00e9rete: 9-10 cm magas ","price":"850.00","unit":"db","recommended":"0","status":"1","sponsored":"0","exp_notify":"0","own_material":"0","own_material_description_old":null,"own_material_description":"","jury":"0","jury_number":"","product_nature":"","meskaracsony":"0","create_date":"2026-04-20 10:38:50","shelve_id":"67471","image":"pagi28_product_191983_151121150037_128279.jpeg","image_width":"480","image_height":"695","image_alt":"Kukorica csuh\u00e9 angyalka, szalv\u00e9ta gy\u0171r\u0171nek, kukorica csuh\u00e9b\u00f3l k\u00e9sz\u00fclt angyalka.\\n\\nhaszn\u00e1lhatod kar\u00e1csonyfad\u00edsznek, vagy szalv\u00e9tagy\u0171r\u0171nek is.\\n\\nm\u00e9r..., Meska","image_title":"Kukorica csuh\u00e9 angyalka, szalv\u00e9ta gy\u0171r\u0171nek, Meska","view_count":"2943","favourite_count":"0","trending_score":"0","last2MonthFavouriteCount":"0","promotion":"0","giftcard_accept":"0","creditcard_accept":true,"enhanced_background":"0","domain":"meska","specific_customer_id":null,"specific_customer_name":null,"to_order_product":"0","to_order_product_time":"0","product_different":null,"product_different_description":"","vintage":"0","vintage_category_id":"0","recycled":"0","gemstone_id":"0","customizable":"0","type_category":"physical","zerowaste":"0","postage_price":"1290.00","shop_order":"495","has_category":"1","landing_pages":null,"microdata":{"number":19,"category":""},"title":"Kukorica csuh\u00e9 angyalka, szalv\u00e9ta gy\u0171r\u0171nek","description":"kukorica csuh\u00e9b\u00f3l k\u00e9sz\u00fclt angyalka.\n\nhaszn\u00e1lhatod kar\u00e1csonyfad\u00edsznek, vagy szalv\u00e9tagy\u0171r\u0171nek is.\n\nm\u00e9rete: 9-10 cm magas ","score":0,"formatted_price":"850 Ft","image_url":"https:\/\/www.meska.hu\/img\/product\/small\/p\/a\/pagi28_product_191983_151121150037_128279.jpeg","formatted_url":"https:\/\/www.meska.hu\/p2332353-kukorica-csuhe-angyalka","favourite":false,"in_stock":true,"avatar":null,"delete_from":0,"is_enhanced_background":false,"is_enhanced":false,"product_selection_started":false,"is_active":true,"image_webp_url":"https:\/\/www.meska.hu\/img\/product\/small\/p\/a\/pagi28_product_191983_151121150037_128279.webp"},{"id":"6189196","shop_id":"25596","user_id":"303384","shop_name":"Andijo","shop_zip":"6725","product_code":"5775253","product_name_old":null,"product_name":"Any\u00e0knapi fonott kalap ajt\u00f3d\u00edsz","category_string":"Otthon & \u00c9letm\u00f3d, Dekor\u00e1ci\u00f3, Ajt\u00f3- \u00e9s ablak dekor\u00e1ci\u00f3, Ajt\u00f3d\u00edsz & Kopogtat\u00f3","technic_string":"Fon\u00e1s (csuh\u00e9, gy\u00e9k\u00e9ny, stb.), \u00dajrahasznos\u00edtott alapanyagb\u00f3l k\u00e9sz\u00fclt term\u00e9kek","category_1":"813","category_2":"314","category_3":"1468","category_4":"790","merged_category_1":null,"merged_category_2":null,"merged_category_3":null,"technic_1":"482","technic_2":"504","technic_3":"0","color_1":"1475","color_2":"526","color_3":"0","product_description_old":null,"product_description":"Pap\u00edrfon\u00e0ssal k\u00e9sz\u00fclt k\u00fcl\u00f6nleges kopogtat\u00f3. Lak\u00e0sdekor\u00e0ci\u00f3k\u00e9nt, terasz d\u00edsz\u00edt\u00e9sk\u00e9nt egyar\u00e0nt hangulatos. A kalap \u00e0tm\u00e9r\u0151je kb. 20 cm.","price":"3500.00","unit":"db","recommended":"0","status":"1","sponsored":"0","exp_notify":"0","own_material":"0","own_material_description_old":null,"own_material_description":"","jury":"0","jury_number":"","product_nature":"","meskaracsony":"0","create_date":"2026-04-19 17:39:23","shelve_id":"60001","image":"andijo_product_303384_260419172907_85776.jpeg","image_width":"480","image_height":"640","image_alt":"Any\u00e0knapi fonott kalap ajt\u00f3d\u00edsz, Pap\u00edrfon\u00e0ssal k\u00e9sz\u00fclt k\u00fcl\u00f6nleges kopogtat\u00f3. Lak\u00e0sdekor\u00e0ci\u00f3k\u00e9nt, terasz d\u00edsz\u00edt\u00e9sk\u00e9nt egyar\u00e0nt hangula..., Meska","image_title":"Any\u00e0knapi fonott kalap ajt\u00f3d\u00edsz, Meska","view_count":"32","favourite_count":"0","trending_score":"0","last2MonthFavouriteCount":"0","promotion":"0","giftcard_accept":"1","creditcard_accept":false,"enhanced_background":"0","domain":"meska","specific_customer_id":null,"specific_customer_name":null,"to_order_product":"0","to_order_product_time":"0","product_different":null,"product_different_description":"","vintage":"0","vintage_category_id":"0","recycled":"1","gemstone_id":"0","customizable":"0","type_category":"physical","zerowaste":"0","postage_price":"1349.00","shop_order":"0","has_category":"1","landing_pages":null,"microdata":{"number":20,"category":""},"title":"Any\u00e0knapi fonott kalap ajt\u00f3d\u00edsz","description":"Pap\u00edrfon\u00e0ssal k\u00e9sz\u00fclt k\u00fcl\u00f6nleges kopogtat\u00f3. Lak\u00e0sdekor\u00e0ci\u00f3k\u00e9nt, terasz d\u00edsz\u00edt\u00e9sk\u00e9nt egyar\u00e0nt hangulatos. A kalap \u00e0tm\u00e9r\u0151je kb. 20 cm.","score":0,"formatted_price":"3 500 Ft","image_url":"https:\/\/www.meska.hu\/img\/product\/small\/a\/n\/andijo_product_303384_260419172907_85776.jpeg","formatted_url":"https:\/\/www.meska.hu\/p5775253-anyaknapi-fonott-kalap-ajtodisz","favourite":false,"in_stock":true,"avatar":"","delete_from":0,"is_enhanced_background":false,"is_enhanced":false,"product_selection_started":false,"is_active":true,"image_webp_url":"https:\/\/www.meska.hu\/img\/product\/small\/a\/n\/andijo_product_303384_260419172907_85776.webp"},{"id":"6189188","shop_id":"25596","user_id":"303384","shop_name":"Andijo","shop_zip":"6725","product_code":"5775249","product_name_old":null,"product_name":"Any\u00e0knapi fonott kalap ajt\u00f3d\u00edsz","category_string":"Otthon & \u00c9letm\u00f3d, Dekor\u00e1ci\u00f3, Ajt\u00f3- \u00e9s ablak dekor\u00e1ci\u00f3, Ajt\u00f3d\u00edsz & Kopogtat\u00f3","technic_string":"Fon\u00e1s (csuh\u00e9, gy\u00e9k\u00e9ny, stb.), \u00dajrahasznos\u00edtott alapanyagb\u00f3l k\u00e9sz\u00fclt term\u00e9kek","category_1":"813","category_2":"314","category_3":"1468","category_4":"790","merged_category_1":null,"merged_category_2":null,"merged_category_3":null,"technic_1":"482","technic_2":"504","technic_3":"0","color_1":"516","color_2":"522","color_3":"525","product_description_old":null,"product_description":"Pap\u00edrfon\u00e0ssal k\u00e9sz\u00fclt vid\u00e0m , sz\u00ednes kalap, \u00e0tm\u00e9r\u0151je kb. 20 cm. Haszn\u00e0lhat\u00f3 kopogtat\u00f3k\u00e9nt, lak\u00e0sdekor\u00e0ci\u00f3k\u00e9nt, terasz hangulatos d\u00edszek\u00e9nt.","price":"3500.00","unit":"db","recommended":"0","status":"1","sponsored":"0","exp_notify":"0","own_material":"0","own_material_description_old":null,"own_material_description":"","jury":"0","jury_number":"","product_nature":"","meskaracsony":"0","create_date":"2026-04-19 17:25:44","shelve_id":"60001","image":"andijo_product_303384_260419171210_164738.jpeg","image_width":"480","image_height":"640","image_alt":"Any\u00e0knapi fonott kalap ajt\u00f3d\u00edsz, Pap\u00edrfon\u00e0ssal k\u00e9sz\u00fclt vid\u00e0m , sz\u00ednes kalap, \u00e0tm\u00e9r\u0151je kb. 20 cm. Haszn\u00e0lhat\u00f3 kopogtat\u00f3k\u00e9nt, lak\u00e0sdeko..., Meska","image_title":"Any\u00e0knapi fonott kalap ajt\u00f3d\u00edsz, Meska","view_count":"32","favourite_count":"0","trending_score":"0","last2MonthFavouriteCount":"0","promotion":"0","giftcard_accept":"1","creditcard_accept":false,"enhanced_background":"0","domain":"meska","specific_customer_id":null,"specific_customer_name":null,"to_order_product":"0","to_order_product_time":"0","product_different":null,"product_different_description":"","vintage":"0","vintage_category_id":"0","recycled":"1","gemstone_id":"0","customizable":"0","type_category":"physical","zerowaste":"0","postage_price":"1349.00","shop_order":"0","has_category":"1","landing_pages":null,"microdata":{"number":21,"category":""},"title":"Any\u00e0knapi fonott kalap ajt\u00f3d\u00edsz","description":"Pap\u00edrfon\u00e0ssal k\u00e9sz\u00fclt vid\u00e0m , sz\u00ednes kalap, \u00e0tm\u00e9r\u0151je kb. 20 cm. Haszn\u00e0lhat\u00f3 kopogtat\u00f3k\u00e9nt, lak\u00e0sdekor\u00e0ci\u00f3k\u00e9nt, terasz hangulatos d\u00edszek\u00e9nt.","score":0,"formatted_price":"3 500 Ft","image_url":"https:\/\/www.meska.hu\/img\/product\/small\/a\/n\/andijo_product_303384_260419171210_164738.jpeg","formatted_url":"https:\/\/www.meska.hu\/p5775249-anyaknapi-fonott-kalap-ajtodisz","favourite":false,"in_stock":true,"avatar":"","delete_from":0,"is_enhanced_background":false,"is_enhanced":false,"product_selection_started":false,"is_active":true,"image_webp_url":"https:\/\/www.meska.hu\/img\/product\/small\/a\/n\/andijo_product_303384_260419171210_164738.webp"},{"id":"5591553","shop_id":"13119","user_id":"89110","shop_name":"TimcsYMobiltok","shop_zip":"2527","product_code":"5445316","product_name_old":null,"product_name":"D\u00edszdobozos f\u00e9rfi kark\u00f6t\u0151 szett - barna b\u0151r \u00e9s matt macskaszem gy\u00f6ngykark\u00f6t\u0151","category_string":"\u00c9kszer, Kark\u00f6t\u0151, Fonott kark\u00f6t\u0151","technic_string":"Gy\u00f6ngyf\u0171z\u00e9s, gy\u00f6ngyh\u00edmz\u00e9s, Fon\u00e1s (csuh\u00e9, gy\u00e9k\u00e9ny, stb.)","category_1":"327","category_2":"333","category_3":"1232","category_4":"0","merged_category_1":null,"merged_category_2":null,"merged_category_3":null,"technic_1":"485","technic_2":"482","technic_3":"0","color_1":"514","color_2":"516","color_3":"0","product_description_old":null,"product_description":"F\u00e9rfi kark\u00f6t\u0151 szett eleg\u00e1ns d\u00edszdobozban \u2013 term\u00e9szetes st\u00edlus \u00e9s kifinomults\u00e1g\n\nAj\u00e1nd\u00e9kozz olyan kieg\u00e9sz\u00edt\u0151t, amely a term\u00e9szetes elegancia \u00e9s a letisztult f\u00e9rfiass\u00e1g t\u00f6k\u00e9letes kombin\u00e1ci\u00f3j\u00e1t k\u00edn\u00e1lja! Ez a f\u00e9rfi kark\u00f6t\u0151 szett ide\u00e1lis v\u00e1laszt\u00e1s mindazok sz\u00e1m\u00e1ra, akik szeretik az egyedi, m\u00e9gis visszafogott st\u00edlust.\n\n* Matt macskaszem gy\u00f6ngy kark\u00f6t\u0151: term\u00e9szetes 6 mm-es gy\u00f6ngy\u00f6kb\u0151l k\u00e9sz\u00fclt, amelyek k\u00fcl\u00f6nleges mint\u00e1zatukkal egyedis\u00e9get sug\u00e1roznak. A gy\u00f6ngy\u00f6k barna pamutsz\u00e1lra vannak f\u0171zve, ami egyszerre teszi st\u00edlusoss\u00e1 \u00e9s k\u00e9nyelmess\u00e9 ezt az \u00e1ll\u00edthat\u00f3 f\u00e9rfi gy\u00f6ngy kark\u00f6t\u0151t.\n* K\u00e9zzel fonott barna vel\u00farb\u0151r kark\u00f6t\u0151: 6 mm vastag, puha, m\u00e9gis tart\u00f3s vel\u00farb\u0151rb\u0151l k\u00e9sz\u00fclt. Letisztult diz\u00e1jnj\u00e1nak \u00e9s \u00e1ll\u00edthat\u00f3 m\u00e9ret\u00e9nek k\u00f6sz\u00f6nhet\u0151en minden csukl\u00f3n j\u00f3l mutat.\n\nA szett egy st\u00edlusos d\u00edszdobozban \u00e9rkezik, ami t\u00f6k\u00e9letes v\u00e1laszt\u00e1ss\u00e1 teszi sz\u00fclet\u00e9snapokra, \u00e9vfordul\u00f3kra vagy b\u00e1rmilyen k\u00fcl\u00f6nleges alkalomra.\n\nLepd meg szeretteidet ezzel a term\u00e9szet ihlette, kifinomult kieg\u00e9sz\u00edt\u0151vel, amely minden f\u00e9rfi megjelen\u00e9s\u00e9t feldobja!\n\nA megfelel\u0151 m\u00e9ret elk\u00e9sz\u00edt\u00e9s\u00e9hez, k\u00e9rlek, szorosan m\u00e9rt le a csukl\u00f3dat \u00e9s a pontos \u00e9rt\u00e9ket \u00edrt meg nekem, k\u00f6sz\u00f6n\u00f6m! :)                         ","price":"10890.00","unit":"db","recommended":"0","status":"1","sponsored":"0","exp_notify":"0","own_material":"0","own_material_description_old":null,"own_material_description":"","jury":"0","jury_number":"","product_nature":"","meskaracsony":"0","create_date":"2026-04-19 15:20:51","shelve_id":"0","image":"timcsymobiltok_product_89110_241124153639_35048.jpeg","image_width":"480","image_height":"480","image_alt":"D\u00edszdobozos f\u00e9rfi kark\u00f6t\u0151 szett - barna b\u0151r \u00e9s matt macskaszem gy\u00f6ngykark\u00f6t\u0151, F\u00e9rfi kark\u00f6t\u0151 szett eleg\u00e1ns d\u00edszdobozban \u2013 term\u00e9szetes st\u00edlus \u00e9s kifinomults\u00e1g\\n\\nAj\u00e1nd\u00e9kozz olyan kie..., Meska","image_title":"D\u00edszdobozos f\u00e9rfi kark\u00f6t\u0151 szett - barna b\u0151r \u00e9s matt macskaszem gy\u00f6ngykark\u00f6t\u0151, Meska","view_count":"461","favourite_count":"1","trending_score":"0","last2MonthFavouriteCount":"1","promotion":"0","giftcard_accept":"0","creditcard_accept":true,"enhanced_background":"0","domain":"meska","specific_customer_id":null,"specific_customer_name":null,"to_order_product":"0","to_order_product_time":"0","product_different":null,"product_different_description":"","vintage":"0","vintage_category_id":"0","recycled":"0","gemstone_id":"0","customizable":"0","type_category":"physical","zerowaste":"0","postage_price":"2390.00","shop_order":"0","has_category":"1","landing_pages":null,"microdata":{"number":22,"category":""},"title":"D\u00edszdobozos f\u00e9rfi kark\u00f6t\u0151 szett - barna b\u0151r \u00e9s matt macskaszem gy\u00f6ngykark\u00f6t\u0151","description":"F\u00e9rfi kark\u00f6t\u0151 szett eleg\u00e1ns d\u00edszdobozban \u2013 term\u00e9szetes st\u00edlus \u00e9s kifinomults\u00e1g\n\nAj\u00e1nd\u00e9kozz olyan kieg\u00e9sz\u00edt\u0151t, amely a term\u00e9szetes elegancia \u00e9s a letisztult f\u00e9rfiass\u00e1g t\u00f6k\u00e9letes kombin\u00e1ci\u00f3j\u00e1t k\u00edn\u00e1lja! Ez a f\u00e9rfi kark\u00f6t\u0151 szett ide\u00e1lis v\u00e1laszt\u00e1s mindazok sz\u00e1m\u00e1ra, akik szeretik az egyedi, m\u00e9gis visszafogott st\u00edlust.\n\n* Matt macskaszem gy\u00f6ngy kark\u00f6t\u0151: term\u00e9szetes 6 mm-es gy\u00f6ngy\u00f6kb\u0151l k\u00e9sz\u00fclt, amelyek k\u00fcl\u00f6nleges mint\u00e1zatukkal egyedis\u00e9get sug\u00e1roznak. A gy\u00f6ngy\u00f6k barna pamutsz\u00e1lra vannak f\u0171zve, ami egyszerre teszi st\u00edlusoss\u00e1 \u00e9s k\u00e9nyelmess\u00e9 ezt az \u00e1ll\u00edthat\u00f3 f\u00e9rfi gy\u00f6ngy kark\u00f6t\u0151t.\n* K\u00e9zzel fonott barna vel\u00farb\u0151r kark\u00f6t\u0151: 6 mm vastag, puha, m\u00e9gis tart\u00f3s vel\u00farb\u0151rb\u0151l k\u00e9sz\u00fclt. Letisztult diz\u00e1jnj\u00e1nak \u00e9s \u00e1ll\u00edthat\u00f3 m\u00e9ret\u00e9nek k\u00f6sz\u00f6nhet\u0151en minden csukl\u00f3n j\u00f3l mutat.\n\nA szett egy st\u00edlusos d\u00edszdobozban \u00e9rkezik, ami t\u00f6k\u00e9letes v\u00e1laszt\u00e1ss\u00e1 teszi sz\u00fclet\u00e9snapokra, \u00e9vfordul\u00f3kra vagy b\u00e1rmilyen k\u00fcl\u00f6nleges alkalomra.\n\nLepd meg szeretteidet ezzel a term\u00e9szet ihlette, kifinomult kieg\u00e9sz\u00edt\u0151vel, amely minden f\u00e9rfi megjelen\u00e9s\u00e9t feldobja!\n\nA megfelel\u0151 m\u00e9ret elk\u00e9sz\u00edt\u00e9s\u00e9hez, k\u00e9rlek, szorosan m\u00e9rt le a csukl\u00f3dat \u00e9s a pontos \u00e9rt\u00e9ket \u00edrt meg nekem, k\u00f6sz\u00f6n\u00f6m! :)                         ","score":0,"formatted_price":"10 890 Ft","image_url":"https:\/\/www.meska.hu\/img\/product\/small\/t\/i\/timcsymobiltok_product_89110_241124153639_35048.jpeg","formatted_url":"https:\/\/www.meska.hu\/p5445316-diszdobozos-ferfi-karkoto-szett-barna-bor-es-matt-macskaszem-gyongykarkoto","favourite":false,"in_stock":true,"avatar":"TimcsYMobiltok_avatar_89110_1548952350.jpg","delete_from":0,"is_enhanced_background":false,"is_enhanced":false,"product_selection_started":false,"is_active":true,"image_webp_url":"https:\/\/www.meska.hu\/img\/product\/small\/t\/i\/timcsymobiltok_product_89110_241124153639_35048.webp"},{"id":"5746223","shop_id":"48587","user_id":"711245","shop_name":"ferencrita","shop_zip":"1186","product_code":"5531649","product_name_old":null,"product_name":"N\u0151i, fonott nat\u00far t\u00e1ska ","category_string":"T\u00e1ska & Tok, K\u00e9zit\u00e1ska & v\u00e1llt\u00e1ska, K\u00e9zit\u00e1ska","technic_string":"Famegmunk\u00e1l\u00e1s, Fon\u00e1s (csuh\u00e9, gy\u00e9k\u00e9ny, stb.)","category_1":"464","category_2":"471","category_3":"1031","category_4":"0","merged_category_1":null,"merged_category_2":null,"merged_category_3":null,"technic_1":"478","technic_2":"482","technic_3":"0","color_1":"514","color_2":"515","color_3":"0","product_description_old":null,"product_description":"M\u00falt \u00e9s jelen, term\u00e9szet \u00e9s mesters\u00e9g tal\u00e1lkoz\u00e1sa\n\nEz a k\u00e9zzel k\u00e9sz\u00fclt t\u00e1ska nem csup\u00e1n kieg\u00e9sz\u00edt\u0151, hanem egy \u00e9rz\u00e9s. Egy \u00e9rint\u00e9snyi nyugalom, egy pillanatnyi kapcsol\u00f3d\u00e1s a term\u00e9szethez.\nA fonott text\u00fara \u00e9s a sim\u00e1ra csiszolt di\u00f3fa harm\u00f3ni\u00e1ja id\u0151t\u00e1ll\u00f3 eleganci\u00e1t teremt. A term\u00e9szetes f\u00f6ldsz\u00ednek, a meleg t\u00f3nus\u00fa di\u00f3fa \u00e9s a finoman megfestett n\u00f6v\u00e9nyi vessz\u0151 sz\u00e1lak mind egyetlen darabban tal\u00e1lkoznak.\n________________________________________\nAnyagok \u00e9s technika\n\n\u2022\tFonott fel\u00fclet: Hazai vessz\u0151 sz\u00e1lak, amelyeket kerti di\u00f3f\u00e1nk leveleivel festettem, hogy l\u00e1gyabb, f\u00f6ldes \u00e1rnyalatokat kapjanak, az exluzivit\u00e1s \u00e9rdek\u00e9ben.\n\u2022\tFa foganty\u00fa: Sim\u00e1ra csiszolt t\u00f6m\u00f6r di\u00f3fa, amely nem csup\u00e1n l\u00e1tv\u00e1nyelem, hanem tapint\u00e1sra is k\u00fcl\u00f6nleges \u00e9lm\u00e9nyt ny\u00fajt.\n\u2022\tK\u00f6t\u0151anyag n\u00e9lk\u00fcl: Minden elem a maga term\u00e9szetess\u00e9g\u00e9ben illeszkedik egym\u00e1shoz, felesleges mesters\u00e9ges anyagok n\u00e9lk\u00fcl.\nA di\u00f3fa level\u00e9vel festett vessz\u0151k el\u0151k\u00e9sz\u00edt\u00e9se nem egyszer\u0171 folyamat: t\u00e9len fagyos, hideg v\u00edzben, kerti k\u00e1dban \u00e1ztattam \u00e9s f\u0151ztem, neh\u00e9z k\u00e9v\u00e9ket mozgattam, f\u00e1t v\u00e1gtam, t\u00fczeltem, de minden plusz munk\u00e1t meg\u00e9rt, mert ez a szenved\u00e9lyem, \u00edgy \u00e9rhetem csak el a meg\u00e1lmodott term\u00e9szetes hat\u00e1st.\n________________________________________\nTudatos tervez\u00e9s, apr\u00f3l\u00e9kos kidolgoz\u00e1s\n\nA t\u00e1ska minden r\u00e9szlet\u00e9t tudatosan tervezem, \u00edgy ez nem a gyorsas\u00e1gr\u00f3l sz\u00f3l. A fa csiszol\u00e1s\u00e1val n\u00e9ha t\u00f6bb id\u0151t t\u00f6lt\u00f6k, mint mag\u00e1val a fon\u00e1ssal, \u00e9s amikor azt hiszem, hogy k\u00e9sz, a dr\u00e1ga t\u00e1rsam m\u00e9g n\u00e9h\u00e1ny \u00f3r\u00e1nyi finom csiszol\u00e1ssal t\u00f6k\u00e9letes\u00edti, hogy a fel\u00fclet igaz\u00e1n selymes legyen.\n________________________________________\n\nM\u00e9retek:\n\n\u2022\tHossz\u00fas\u00e1g: 26 cm\n\u2022\tSz\u00e9less\u00e9g: 13 cm\n\u2022\tMagass\u00e1g: 17, 5 cm\n________________________________________\n\nHa sz\u00e1modra is fontos:\n\n\u2714 az \u00e9rt\u00e9kmeg\u0151rz\u00e9s\n\u2714 a term\u00e9szet tisztelete\n\u2714 az id\u0151t\u00e1ll\u00f3 mesters\u00e9g\n\u2714 az egyedi, t\u00f6rt\u00e9nettel rendelkez\u0151 darabok\n\nakkor ez a t\u00e1ska neked k\u00e9sz\u00fclt.\n\nHiszem, hogy a legszebb dolgok csendben v\u00e1rnak r\u00e1nk.\n","price":"25000.00","unit":"db","recommended":"0","status":"1","sponsored":"0","exp_notify":"0","own_material":"0","own_material_description_old":null,"own_material_description":"","jury":"0","jury_number":"","product_nature":"","meskaracsony":"0","create_date":"2026-04-19 09:51:23","shelve_id":"0","image":"ferencri_product_711245_250327135419_035158.jpeg","image_width":"480","image_height":"640","image_alt":"N\u0151i, fonott nat\u00far t\u00e1ska , M\u00falt \u00e9s jelen, term\u00e9szet \u00e9s mesters\u00e9g tal\u00e1lkoz\u00e1sa\\n\\nEz a k\u00e9zzel k\u00e9sz\u00fclt t\u00e1ska nem csup\u00e1n kieg\u00e9sz\u00edt\u0151, ..., Meska","image_title":"N\u0151i, fonott nat\u00far t\u00e1ska , Meska","view_count":"1153","favourite_count":"0","trending_score":"0","last2MonthFavouriteCount":"0","promotion":"0","giftcard_accept":"0","creditcard_accept":true,"enhanced_background":"0","domain":"meska","specific_customer_id":null,"specific_customer_name":null,"to_order_product":"1","to_order_product_time":"10","product_different":null,"product_different_description":"","vintage":"0","vintage_category_id":"0","recycled":"0","gemstone_id":"0","customizable":"0","type_category":"physical","zerowaste":"0","postage_price":"1290.00","shop_order":"0","has_category":"1","landing_pages":null,"microdata":{"number":23,"category":""},"title":"N\u0151i, fonott nat\u00far t\u00e1ska ","description":"M\u00falt \u00e9s jelen, term\u00e9szet \u00e9s mesters\u00e9g tal\u00e1lkoz\u00e1sa\n\nEz a k\u00e9zzel k\u00e9sz\u00fclt t\u00e1ska nem csup\u00e1n kieg\u00e9sz\u00edt\u0151, hanem egy \u00e9rz\u00e9s. Egy \u00e9rint\u00e9snyi nyugalom, egy pillanatnyi kapcsol\u00f3d\u00e1s a term\u00e9szethez.\nA fonott text\u00fara \u00e9s a sim\u00e1ra csiszolt di\u00f3fa harm\u00f3ni\u00e1ja id\u0151t\u00e1ll\u00f3 eleganci\u00e1t teremt. A term\u00e9szetes f\u00f6ldsz\u00ednek, a meleg t\u00f3nus\u00fa di\u00f3fa \u00e9s a finoman megfestett n\u00f6v\u00e9nyi vessz\u0151 sz\u00e1lak mind egyetlen darabban tal\u00e1lkoznak.\n________________________________________\nAnyagok \u00e9s technika\n\n\u2022\tFonott fel\u00fclet: Hazai vessz\u0151 sz\u00e1lak, amelyeket kerti di\u00f3f\u00e1nk leveleivel festettem, hogy l\u00e1gyabb, f\u00f6ldes \u00e1rnyalatokat kapjanak, az exluzivit\u00e1s \u00e9rdek\u00e9ben.\n\u2022\tFa foganty\u00fa: Sim\u00e1ra csiszolt t\u00f6m\u00f6r di\u00f3fa, amely nem csup\u00e1n l\u00e1tv\u00e1nyelem, hanem tapint\u00e1sra is k\u00fcl\u00f6nleges \u00e9lm\u00e9nyt ny\u00fajt.\n\u2022\tK\u00f6t\u0151anyag n\u00e9lk\u00fcl: Minden elem a maga term\u00e9szetess\u00e9g\u00e9ben illeszkedik egym\u00e1shoz, felesleges mesters\u00e9ges anyagok n\u00e9lk\u00fcl.\nA di\u00f3fa level\u00e9vel festett vessz\u0151k el\u0151k\u00e9sz\u00edt\u00e9se nem egyszer\u0171 folyamat: t\u00e9len fagyos, hideg v\u00edzben, kerti k\u00e1dban \u00e1ztattam \u00e9s f\u0151ztem, neh\u00e9z k\u00e9v\u00e9ket mozgattam, f\u00e1t v\u00e1gtam, t\u00fczeltem, de minden plusz munk\u00e1t meg\u00e9rt, mert ez a szenved\u00e9lyem, \u00edgy \u00e9rhetem csak el a meg\u00e1lmodott term\u00e9szetes hat\u00e1st.\n________________________________________\nTudatos tervez\u00e9s, apr\u00f3l\u00e9kos kidolgoz\u00e1s\n\nA t\u00e1ska minden r\u00e9szlet\u00e9t tudatosan tervezem, \u00edgy ez nem a gyorsas\u00e1gr\u00f3l sz\u00f3l. A fa csiszol\u00e1s\u00e1val n\u00e9ha t\u00f6bb id\u0151t t\u00f6lt\u00f6k, mint mag\u00e1val a fon\u00e1ssal, \u00e9s amikor azt hiszem, hogy k\u00e9sz, a dr\u00e1ga t\u00e1rsam m\u00e9g n\u00e9h\u00e1ny \u00f3r\u00e1nyi finom csiszol\u00e1ssal t\u00f6k\u00e9letes\u00edti, hogy a fel\u00fclet igaz\u00e1n selymes legyen.\n________________________________________\n\nM\u00e9retek:\n\n\u2022\tHossz\u00fas\u00e1g: 26 cm\n\u2022\tSz\u00e9less\u00e9g: 13 cm\n\u2022\tMagass\u00e1g: 17, 5 cm\n________________________________________\n\nHa sz\u00e1modra is fontos:\n\n\u2714 az \u00e9rt\u00e9kmeg\u0151rz\u00e9s\n\u2714 a term\u00e9szet tisztelete\n\u2714 az id\u0151t\u00e1ll\u00f3 mesters\u00e9g\n\u2714 az egyedi, t\u00f6rt\u00e9nettel rendelkez\u0151 darabok\n\nakkor ez a t\u00e1ska neked k\u00e9sz\u00fclt.\n\nHiszem, hogy a legszebb dolgok csendben v\u00e1rnak r\u00e1nk.\n","score":0,"formatted_price":"25 000 Ft","image_url":"https:\/\/www.meska.hu\/img\/product\/small\/f\/e\/ferencri_product_711245_250327135419_035158.jpeg","formatted_url":"https:\/\/www.meska.hu\/p5531649-fonott-kezitaska-elegans-diofa-reszlettel","favourite":false,"in_stock":false,"avatar":"711245_avatar_1743079945.jpeg","delete_from":0,"is_enhanced_background":false,"is_enhanced":false,"product_selection_started":false,"is_active":true,"image_webp_url":"https:\/\/www.meska.hu\/img\/product\/small\/f\/e\/ferencri_product_711245_250327135419_035158.webp"},{"id":"2870163","shop_id":"25100","user_id":"291724","shop_name":"NArtDesign","shop_zip":"9027","product_code":"4680403","product_name_old":null,"product_name":"Beige, gy\u00f6ngy\u00f6s f\u00fazi\u00f3 nyakl\u00e1nc","category_string":"\u00c9kszer, Nyakl\u00e1nc, Gy\u00f6ngy\u00f6s nyakl\u00e1nc","technic_string":"\u00c9kszerk\u00e9sz\u00edt\u00e9s, Fon\u00e1s (csuh\u00e9, gy\u00e9k\u00e9ny, stb.)","category_1":"327","category_2":"337","category_3":"1253","category_4":"0","merged_category_1":null,"merged_category_2":null,"merged_category_3":null,"technic_1":"477","technic_2":"482","technic_3":"0","color_1":"1474","color_2":"514","color_3":"515","product_description_old":null,"product_description":"Pezsg\u0151 sz\u00edn\u0171 s bronzos barna zs\u00edn\u00f3r s beige k\u00f6t\u00e8l f\u00fazi\u00f3 nyakl\u00e1nc , rozsdamentes f\u00e9m kieg\u00e9sz\u00ect\u0151kkel s \u00fcveg, teny\u00e9sztett gy\u00f6ngy\u00f6kkel. Fon\u00e1ssal , egyedi elk\u00e9pzel\u00e9s alapj\u00e1n k\u00e9sz\u00fclt a szett. Kb.10 mm -es ez\u00fcst sz\u00edn\u0171 kupakba ragasztva a nyakl\u00e1nc. R\u00f6vid fazon\u00fa, l\u00e1nchosszabb\u00edt\u00f3val. Barna haj\u00fa h\u00f6lgyeknek nagyon j\u00f3l \u00e1ll. A n\u0151i k\u00e9pen a nyakl\u00e1nc, csak jelz\u00e9s \u00e9rt\u00e9k\u0171 , a chatgpt gener\u00e1lta. A sz\u00ednek miatt, jobban \u00e1tl\u00e1that\u00f3, milyen sz\u00ednt\u00edpusnak \u00e1ll j\u00f3l ez a sz\u00edn\u00f6ssze\u00e1ll\u00edt\u00e1s. A nyakl\u00e1nc kicsit keskenyebb, mint a k\u00e9pen s kicsit r\u00f6videbb::))\nAj\u00e0nd\u00e8knak is kiv\u00e0l\u00f3. Gy\u0151rben szem\u00e9lyesen \u00e1tvehet\u0151.","price":"7600.00","unit":"db","recommended":"0","status":"1","sponsored":"0","exp_notify":"0","own_material":"0","own_material_description_old":null,"own_material_description":"","jury":"0","jury_number":"","product_nature":"","meskaracsony":"0","create_date":"2026-04-18 17:31:11","shelve_id":"59541","image":"nartdesign_product_291724_260219085931_555285.jpeg","image_width":"480","image_height":"425","image_alt":"Beige, gy\u00f6ngy\u00f6s f\u00fazi\u00f3 nyakl\u00e1nc, Pezsg\u0151 sz\u00edn\u0171 s bronzos barna zs\u00edn\u00f3r s beige k\u00f6t\u00e8l f\u00fazi\u00f3 nyakl\u00e1nc , rozsdamentes f\u00e9m kieg\u00e9sz\u00ect\u0151kkel s..., Meska","image_title":"Beige, gy\u00f6ngy\u00f6s f\u00fazi\u00f3 nyakl\u00e1nc, Meska","view_count":"1969","favourite_count":"0","trending_score":"0","last2MonthFavouriteCount":"0","promotion":"0","giftcard_accept":"1","creditcard_accept":false,"enhanced_background":"0","domain":"meska","specific_customer_id":null,"specific_customer_name":null,"to_order_product":"0","to_order_product_time":"0","product_different":null,"product_different_description":"","vintage":"0","vintage_category_id":"0","recycled":"0","gemstone_id":"0","customizable":"0","type_category":"physical","zerowaste":"0","postage_price":"1200.00","shop_order":"1","has_category":"1","landing_pages":null,"microdata":{"number":24,"category":""},"title":"Beige, gy\u00f6ngy\u00f6s f\u00fazi\u00f3 nyakl\u00e1nc","description":"Pezsg\u0151 sz\u00edn\u0171 s bronzos barna zs\u00edn\u00f3r s beige k\u00f6t\u00e8l f\u00fazi\u00f3 nyakl\u00e1nc , rozsdamentes f\u00e9m kieg\u00e9sz\u00ect\u0151kkel s \u00fcveg, teny\u00e9sztett gy\u00f6ngy\u00f6kkel. Fon\u00e1ssal , egyedi elk\u00e9pzel\u00e9s alapj\u00e1n k\u00e9sz\u00fclt a szett. Kb.10 mm -es ez\u00fcst sz\u00edn\u0171 kupakba ragasztva a nyakl\u00e1nc. R\u00f6vid fazon\u00fa, l\u00e1nchosszabb\u00edt\u00f3val. Barna haj\u00fa h\u00f6lgyeknek nagyon j\u00f3l \u00e1ll. A n\u0151i k\u00e9pen a nyakl\u00e1nc, csak jelz\u00e9s \u00e9rt\u00e9k\u0171 , a chatgpt gener\u00e1lta. A sz\u00ednek miatt, jobban \u00e1tl\u00e1that\u00f3, milyen sz\u00ednt\u00edpusnak \u00e1ll j\u00f3l ez a sz\u00edn\u00f6ssze\u00e1ll\u00edt\u00e1s. A nyakl\u00e1nc kicsit keskenyebb, mint a k\u00e9pen s kicsit r\u00f6videbb::))\nAj\u00e0nd\u00e8knak is kiv\u00e0l\u00f3. Gy\u0151rben szem\u00e9lyesen \u00e1tvehet\u0151.","score":0,"formatted_price":"7 600 Ft","image_url":"https:\/\/www.meska.hu\/img\/product\/small\/n\/a\/nartdesign_product_291724_260219085931_555285.jpeg","formatted_url":"https:\/\/www.meska.hu\/p4680403-beige-gyongyos-fuzio-nyaklanc","favourite":false,"in_stock":true,"avatar":"291724_avatar_1706461092.jpeg","delete_from":0,"is_enhanced_background":false,"is_enhanced":false,"product_selection_started":false,"is_active":true,"image_webp_url":"https:\/\/www.meska.hu\/img\/product\/small\/n\/a\/nartdesign_product_291724_260219085931_555285.webp"},{"id":"2885899","shop_id":"25100","user_id":"291724","shop_name":"NArtDesign","shop_zip":"9027","product_code":"4682145","product_name_old":null,"product_name":"Brilles fonal kark\u00f6t\u0151 \u00e1sv\u00e1nyk\u0151vel, teny\u00e9sztett gy\u00f6nggyel","category_string":"\u00c9kszer, Nyakl\u00e1nc, Statement nyakl\u00e1nc","technic_string":"\u00c9kszerk\u00e9sz\u00edt\u00e9s, Fon\u00e1s (csuh\u00e9, gy\u00e9k\u00e9ny, stb.)","category_1":"327","category_2":"337","category_3":"1257","category_4":"0","merged_category_1":null,"merged_category_2":null,"merged_category_3":null,"technic_1":"477","technic_2":"482","technic_3":"0","color_1":"1474","color_2":"515","color_3":"525","product_description_old":null,"product_description":"Barack, beige brilles fonal s sz\u00ednes pamutfonalakb\u00f3l k\u00e9sz\u00fclt a kark\u00f6t\u0151. \u00c1sv\u00e1nyk\u0151vel s teny\u00e9sztett gy\u00f6nggyel d\u00edsz\u00edtettem. Igaz\u00e0n mutat\u00f3s darab lett. Rozsda mentes kupakokkal van beragasztva. F\u00fclbeval\u00f3t k\u00fcl\u00f6n tudok mell\u00e9 k\u00e9sz\u00edteni. Egyedi tervez\u00e9s. Mindenkori viseleted lehet. Alkalmakra is felveheted. Gy\u0151rben szem\u00e9lyesen \u00e1tvehet\u0151.","price":"3900.00","unit":"db","recommended":"0","status":"1","sponsored":"0","exp_notify":"0","own_material":"0","own_material_description_old":null,"own_material_description":"","jury":"0","jury_number":"","product_nature":"","meskaracsony":"0","create_date":"2026-04-18 17:30:26","shelve_id":"64961","image":"nartdesign_product_291724_251203094828_249942.jpeg","image_width":"480","image_height":"480","image_alt":"Brilles fonal kark\u00f6t\u0151 \u00e1sv\u00e1nyk\u0151vel, teny\u00e9sztett gy\u00f6nggyel, Barack, beige brilles fonal s sz\u00ednes pamutfonalakb\u00f3l k\u00e9sz\u00fclt a kark\u00f6t\u0151. \u00c1sv\u00e1nyk\u0151vel s teny\u00e9sztett gy..., Meska","image_title":"Brilles fonal kark\u00f6t\u0151 \u00e1sv\u00e1nyk\u0151vel, teny\u00e9sztett gy\u00f6nggyel, Meska","view_count":"1132","favourite_count":"0","trending_score":"0","last2MonthFavouriteCount":"0","promotion":"0","giftcard_accept":"1","creditcard_accept":false,"enhanced_background":"0","domain":"meska","specific_customer_id":null,"specific_customer_name":null,"to_order_product":"0","to_order_product_time":"0","product_different":null,"product_different_description":"","vintage":"0","vintage_category_id":"0","recycled":"0","gemstone_id":"0","customizable":"0","type_category":"physical","zerowaste":"0","postage_price":"1200.00","shop_order":"1","has_category":"1","landing_pages":null,"microdata":{"number":25,"category":""},"title":"Brilles fonal kark\u00f6t\u0151 \u00e1sv\u00e1nyk\u0151vel, teny\u00e9sztett gy\u00f6nggyel","description":"Barack, beige brilles fonal s sz\u00ednes pamutfonalakb\u00f3l k\u00e9sz\u00fclt a kark\u00f6t\u0151. \u00c1sv\u00e1nyk\u0151vel s teny\u00e9sztett gy\u00f6nggyel d\u00edsz\u00edtettem. Igaz\u00e0n mutat\u00f3s darab lett. Rozsda mentes kupakokkal van beragasztva. F\u00fclbeval\u00f3t k\u00fcl\u00f6n tudok mell\u00e9 k\u00e9sz\u00edteni. Egyedi tervez\u00e9s. Mindenkori viseleted lehet. Alkalmakra is felveheted. Gy\u0151rben szem\u00e9lyesen \u00e1tvehet\u0151.","score":0,"formatted_price":"3 900 Ft","image_url":"https:\/\/www.meska.hu\/img\/product\/small\/n\/a\/nartdesign_product_291724_251203094828_249942.jpeg","formatted_url":"https:\/\/www.meska.hu\/p4682145-brilles-fonal-ekszerszett-asvanykovel-tenyesztett-gyonggyel","favourite":false,"in_stock":true,"avatar":"291724_avatar_1706461092.jpeg","delete_from":0,"is_enhanced_background":false,"is_enhanced":false,"product_selection_started":false,"is_active":true,"image_webp_url":"https:\/\/www.meska.hu\/img\/product\/small\/n\/a\/nartdesign_product_291724_251203094828_249942.webp"},{"id":"6186503","shop_id":"21908","user_id":"233768","shop_name":"tamasszabina0708","shop_zip":"8991","product_code":"5773827","product_name_old":null,"product_name":"Levendul\u00e1s Fonott Textilkoszor\u00fa \u2013 \"\u00c9des Otthon\" Felirattal","category_string":"Otthon & \u00c9letm\u00f3d, Dekor\u00e1ci\u00f3, Ajt\u00f3- \u00e9s ablak dekor\u00e1ci\u00f3, Ajt\u00f3d\u00edsz & Kopogtat\u00f3","technic_string":"Varr\u00e1s, Fon\u00e1s (csuh\u00e9, gy\u00e9k\u00e9ny, stb.)","category_1":"813","category_2":"314","category_3":"1468","category_4":"790","merged_category_1":null,"merged_category_2":null,"merged_category_3":null,"technic_1":"506","technic_2":"482","technic_3":"0","color_1":"519","color_2":"520","color_3":"522","product_description_old":null,"product_description":"Var\u00e1zsolj vid\u00e9ki hangulatot az ajt\u00f3dra vagy a lak\u00e1sodba ezzel az egyedi, k\u00e9zzel k\u00e9sz\u00fclt fonott textilkoszor\u00faval! A lila, fekete \u00e9s feh\u00e9r mint\u00e1s anyag eleganci\u00e1t, a levendula\u00e1gak \u00e9s a nat\u00far zs\u00e1kv\u00e1szon masni pedig term\u00e9szetes, rusztikus b\u00e1jt k\u00f6lcs\u00f6n\u00f6z a dekor\u00e1ci\u00f3nak.\n\u200bA koszor\u00fa k\u00f6zponti eleme egy f\u00e1b\u00f3l k\u00e9sz\u00fclt \"\u00c9des Otthon\" felirat, amely minden haza\u00e9rkez\u00e9skor melegs\u00e9ggel t\u00f6lti el a sz\u00edveket.\n\u200b\nMi\u00e9rt v\u00e1laszd ezt a dekor\u00e1ci\u00f3t?\n\n\u200bEgyedi k\u00e9zm\u0171ves munka: Nem t\u00f6megterm\u00e9k, minden darab odafigyel\u00e9ssel k\u00e9sz\u00fcl.\n\n\u200bId\u0151tlen st\u00edlus: A levendul\u00e1s-rusztikus vonal sosem megy ki a divatb\u00f3l.\n\u200b\nSokoldal\u00fa: T\u00f6k\u00e9letes kopogtat\u00f3k\u00e9nt a bej\u00e1rati ajt\u00f3ra, de a nappali fal\u00e1n vagy egy polcon is csod\u00e1san mutat.\n\u200b\nAj\u00e1nd\u00e9knak is kiv\u00e1l\u00f3: Ide\u00e1lis v\u00e1laszt\u00e1s lak\u00e1savat\u00f3ra, any\u00e1k napj\u00e1ra vagy sz\u00fclet\u00e9snapra.\n\u200bTerm\u00e9kadatok:\n\u200b\nAlap: Puha, fonott textil (pamutv\u00e1szon jelleg\u0171 anyag).\n\u200b\nD\u00edsz\u00edt\u00e9s: M\u0171levendula \u00e1gak (tart\u00f3s, nem hullik), nagym\u00e9ret\u0171 zs\u00e1kv\u00e1szon masni.\n\u200b\nFelirat: Nat\u00far fa t\u00e1bla, l\u00e9zer v\u00e1gott 3D hat\u00e1s\u00fa sz\u00f6veggel.\n\n\u200bM\u00e9rete: 25 cm \n\u200b\nTiszt\u00edt\u00e1s: Sz\u00e1raz port\u00f6rl\u0151vel javasolt","price":"3500.00","unit":"db","recommended":"0","status":"1","sponsored":"0","exp_notify":"0","own_material":"0","own_material_description_old":null,"own_material_description":"","jury":"0","jury_number":"","product_nature":"","meskaracsony":"0","create_date":"2026-04-17 06:54:07","shelve_id":"0","image":"tamasszabina0708_product_233768_260417064911_502377.jpeg","image_width":"480","image_height":"360","image_alt":"Levendul\u00e1s Fonott Textilkoszor\u00fa \u2013 \\\"\u00c9des Otthon\\\" Felirattal, Var\u00e1zsolj vid\u00e9ki hangulatot az ajt\u00f3dra vagy a lak\u00e1sodba ezzel az egyedi, k\u00e9zzel k\u00e9sz\u00fclt fonott texti..., Meska","image_title":"Levendul\u00e1s Fonott Textilkoszor\u00fa \u2013 \\\"\u00c9des Otthon\\\" Felirattal, Meska","view_count":"66","favourite_count":"18","trending_score":"0","last2MonthFavouriteCount":"18","promotion":"0","giftcard_accept":"1","creditcard_accept":true,"enhanced_background":"0","domain":"meska","specific_customer_id":null,"specific_customer_name":null,"to_order_product":"0","to_order_product_time":"0","product_different":null,"product_different_description":"","vintage":"0","vintage_category_id":"0","recycled":"0","gemstone_id":"0","customizable":"0","type_category":"physical","zerowaste":"0","postage_price":"1349.00","shop_order":"0","has_category":"1","landing_pages":null,"microdata":{"number":26,"category":""},"title":"Levendul\u00e1s Fonott Textilkoszor\u00fa \u2013 \"\u00c9des Otthon\" Felirattal","description":"Var\u00e1zsolj vid\u00e9ki hangulatot az ajt\u00f3dra vagy a lak\u00e1sodba ezzel az egyedi, k\u00e9zzel k\u00e9sz\u00fclt fonott textilkoszor\u00faval! A lila, fekete \u00e9s feh\u00e9r mint\u00e1s anyag eleganci\u00e1t, a levendula\u00e1gak \u00e9s a nat\u00far zs\u00e1kv\u00e1szon masni pedig term\u00e9szetes, rusztikus b\u00e1jt k\u00f6lcs\u00f6n\u00f6z a dekor\u00e1ci\u00f3nak.\n\u200bA koszor\u00fa k\u00f6zponti eleme egy f\u00e1b\u00f3l k\u00e9sz\u00fclt \"\u00c9des Otthon\" felirat, amely minden haza\u00e9rkez\u00e9skor melegs\u00e9ggel t\u00f6lti el a sz\u00edveket.\n\u200b\nMi\u00e9rt v\u00e1laszd ezt a dekor\u00e1ci\u00f3t?\n\n\u200bEgyedi k\u00e9zm\u0171ves munka: Nem t\u00f6megterm\u00e9k, minden darab odafigyel\u00e9ssel k\u00e9sz\u00fcl.\n\n\u200bId\u0151tlen st\u00edlus: A levendul\u00e1s-rusztikus vonal sosem megy ki a divatb\u00f3l.\n\u200b\nSokoldal\u00fa: T\u00f6k\u00e9letes kopogtat\u00f3k\u00e9nt a bej\u00e1rati ajt\u00f3ra, de a nappali fal\u00e1n vagy egy polcon is csod\u00e1san mutat.\n\u200b\nAj\u00e1nd\u00e9knak is kiv\u00e1l\u00f3: Ide\u00e1lis v\u00e1laszt\u00e1s lak\u00e1savat\u00f3ra, any\u00e1k napj\u00e1ra vagy sz\u00fclet\u00e9snapra.\n\u200bTerm\u00e9kadatok:\n\u200b\nAlap: Puha, fonott textil (pamutv\u00e1szon jelleg\u0171 anyag).\n\u200b\nD\u00edsz\u00edt\u00e9s: M\u0171levendula \u00e1gak (tart\u00f3s, nem hullik), nagym\u00e9ret\u0171 zs\u00e1kv\u00e1szon masni.\n\u200b\nFelirat: Nat\u00far fa t\u00e1bla, l\u00e9zer v\u00e1gott 3D hat\u00e1s\u00fa sz\u00f6veggel.\n\n\u200bM\u00e9rete: 25 cm \n\u200b\nTiszt\u00edt\u00e1s: Sz\u00e1raz port\u00f6rl\u0151vel javasolt","score":0,"formatted_price":"3 500 Ft","image_url":"https:\/\/www.meska.hu\/img\/product\/small\/t\/a\/tamasszabina0708_product_233768_260417064911_502377.jpeg","formatted_url":"https:\/\/www.meska.hu\/p5773827-levendulas-fonott-textilkoszoru-edes-otthon-felirattal","favourite":false,"in_stock":true,"avatar":"tamasszabina0708_avatar_233768_1583254057.jpg","delete_from":0,"is_enhanced_background":false,"is_enhanced":false,"product_selection_started":false,"is_active":true,"image_webp_url":"https:\/\/www.meska.hu\/img\/product\/small\/t\/a\/tamasszabina0708_product_233768_260417064911_502377.webp"},{"id":"4811639","shop_id":"40458","user_id":"562106","shop_name":"ZsannaDekor","shop_zip":"1142","product_code":"4964403","product_name_old":null,"product_name":"Any\u00e1k napi d\u00edsz","category_string":"Otthon & \u00c9letm\u00f3d, Dekor\u00e1ci\u00f3, Fali \u00e9s f\u00fcgg\u0151 dekor\u00e1ci\u00f3, Falra akaszthat\u00f3 dekor","technic_string":"Decoupage, transzfer \u00e9s szalv\u00e9tatechnika, Fon\u00e1s (csuh\u00e9, gy\u00e9k\u00e9ny, stb.)","category_1":"813","category_2":"314","category_3":"1470","category_4":"942","merged_category_1":"0","merged_category_2":"0","merged_category_3":"785","technic_1":"476","technic_2":"482","technic_3":"0","color_1":"519","color_2":"525","color_3":"0","product_description_old":null,"product_description":"Kedveskedj anyuk\u00e1dnak ezzel a vir\u00e1gos sz\u00edv d\u00edsszel \u00e9s mindig esz\u00e9be fogsz jutni ha csak r\u00e1n\u00e9z.\n\nFa alapra pap\u00edrfon\u00e1s technik\u00e1val k\u00e9sz\u00fclt a szeg\u00e9ly. K\u00f6z\u00e9pen viragokat transzfer\u00e1ltam.\n\nA sz\u00edv d\u00edsz 21x21 cm a sz\u00e9lesebb oldalakon m\u00e9rve.\n\nBP. 14.ker\u00fcletben szem\u00e9lyesen is \u00e1t tudom adni. ","price":"3000.00","unit":"db","recommended":"0","status":"1","sponsored":"0","exp_notify":"0","own_material":"0","own_material_description_old":null,"own_material_description":"","jury":"0","jury_number":"","product_nature":"","meskaracsony":"0","create_date":"2026-04-16 18:11:08","shelve_id":"0","image":"zsannadekor_product_562106_230502135006_425877.jpeg","image_width":"480","image_height":"640","image_alt":"Any\u00e1k napi d\u00edsz, Kedveskedj anyuk\u00e1dnak ezzel a vir\u00e1gos sz\u00edv d\u00edsszel \u00e9s mindig esz\u00e9be fogsz jutni ha csak r\u00e1n\u00e9z.\\n\\nFa a..., Meska","image_title":"Any\u00e1k napi d\u00edsz, Meska","view_count":"968","favourite_count":"0","trending_score":"0","last2MonthFavouriteCount":"0","promotion":"0","giftcard_accept":"0","creditcard_accept":false,"enhanced_background":"0","domain":"meska","specific_customer_id":null,"specific_customer_name":null,"to_order_product":"1","to_order_product_time":"10","product_different":null,"product_different_description":"","vintage":"0","vintage_category_id":"0","recycled":"1","gemstone_id":"0","customizable":"0","type_category":"physical","zerowaste":"1","postage_price":"1290.00","shop_order":"0","has_category":"1","landing_pages":null,"microdata":{"number":27,"category":""},"title":"Any\u00e1k napi d\u00edsz","description":"Kedveskedj anyuk\u00e1dnak ezzel a vir\u00e1gos sz\u00edv d\u00edsszel \u00e9s mindig esz\u00e9be fogsz jutni ha csak r\u00e1n\u00e9z.\n\nFa alapra pap\u00edrfon\u00e1s technik\u00e1val k\u00e9sz\u00fclt a szeg\u00e9ly. K\u00f6z\u00e9pen viragokat transzfer\u00e1ltam.\n\nA sz\u00edv d\u00edsz 21x21 cm a sz\u00e9lesebb oldalakon m\u00e9rve.\n\nBP. 14.ker\u00fcletben szem\u00e9lyesen is \u00e1t tudom adni. ","score":0,"formatted_price":"3 000 Ft","image_url":"https:\/\/www.meska.hu\/img\/product\/small\/z\/s\/zsannadekor_product_562106_230502135006_425877.jpeg","formatted_url":"https:\/\/www.meska.hu\/p4964403-anyak-napi-disz","favourite":false,"in_stock":false,"avatar":"ZsannaDekor_avatar_562106_1678138852.jpg","delete_from":0,"is_enhanced_background":false,"is_enhanced":false,"product_selection_started":false,"is_active":true,"image_webp_url":"https:\/\/www.meska.hu\/img\/product\/small\/z\/s\/zsannadekor_product_562106_230502135006_425877.webp"},{"id":"5996386","shop_id":"50372","user_id":"744639","shop_name":"AriKezmuvestara","shop_zip":"6000","product_code":"5670537","product_name_old":null,"product_name":"Egyedi med\u00e1los l\u00f3sz\u0151r kark\u00f6t\u0151 ","category_string":"\u00c9kszer, Kark\u00f6t\u0151, Fonott kark\u00f6t\u0151","technic_string":"Fon\u00e1s (csuh\u00e9, gy\u00e9k\u00e9ny, stb.)","category_1":"327","category_2":"333","category_3":"1232","category_4":"0","merged_category_1":null,"merged_category_2":null,"merged_category_3":null,"technic_1":"482","technic_2":"0","technic_3":"0","color_1":"512","color_2":"517","color_3":"518","product_description_old":null,"product_description":"H\u00e1rmas fon\u00e1ssal k\u00e9sz\u00fclt l\u00f3sz\u0151r kark\u00f6t\u0151, a saj\u00e1t lovad l\u00f3farok sz\u0151r\u00e9b\u0151l.\n\nA kark\u00f6t\u0151 elk\u00e9sz\u00edt\u00e9s\u00e9hez sz\u00fcks\u00e9gem lesz legal\u00e1bb 40 cm hossz\u00fa, kb. 1,5-2 cm \u00e1tm\u00e9r\u0151j\u0171 k\u00f6teg faroksz\u0151rre. (Fontos hogy sok egyforma hossz\u00fa sz\u00e1l legyen benne) Gumizd \u00f6ssze, hogy ne hulljon sz\u00e9t a tincs, mosd meg \u00e9s sz\u00e1r\u00edtsd meg elk\u00fcld\u00e9s el\u0151tt.\n\nA kark\u00f6t\u0151t ezzel a fon\u00e1si technik\u00e1val fogom elk\u00e9sz\u00edteni, \u00e9s azzal a med\u00e1llal \u00e9s v\u00e9gz\u00e1r\u00f3val, amelyikkel meg\u00edrod hogy szeretn\u00e9d.\n\nSz\u00fcks\u00e9ges a csukl\u00f3 m\u00e9ret\u00e9t is meg adni, hogy pontosan illeszkedjen a kark\u00f6t\u0151.\n\nA l\u00f3sz\u0151rt megrendel\u00e9st k\u00f6vet\u0151en post\u00e1n tudod majd hozz\u00e1m eljuttatni.\n\nA sz\u0151rt k\u00e9zhez kapva elk\u00e9sz\u00edtem a kark\u00f6t\u0151t, majd biztons\u00e1gosan csomagolva post\u00e1zom neked.\n","price":"5500.00","unit":"db","recommended":"0","status":"1","sponsored":"0","exp_notify":"0","own_material":"0","own_material_description_old":null,"own_material_description":"","jury":"0","jury_number":"","product_nature":"","meskaracsony":"0","create_date":"2026-04-16 14:08:00","shelve_id":"0","image":"arikezmuvestara_product_744639_251116161814_032791.jpeg","image_width":"480","image_height":"640","image_alt":"Egyedi med\u00e1los l\u00f3sz\u0151r kark\u00f6t\u0151 , H\u00e1rmas fon\u00e1ssal k\u00e9sz\u00fclt l\u00f3sz\u0151r kark\u00f6t\u0151, a saj\u00e1t lovad l\u00f3farok sz\u0151r\u00e9b\u0151l.\\n\\nA kark\u00f6t\u0151 elk\u00e9sz\u00edt\u00e9s\u00e9hez sz..., Meska","image_title":"Egyedi med\u00e1los l\u00f3sz\u0151r kark\u00f6t\u0151 , Meska","view_count":"164","favourite_count":"0","trending_score":"0","last2MonthFavouriteCount":"0","promotion":"0","giftcard_accept":"0","creditcard_accept":false,"enhanced_background":"0","domain":"meska","specific_customer_id":null,"specific_customer_name":null,"to_order_product":"1","to_order_product_time":"7","product_different":null,"product_different_description":"","vintage":"0","vintage_category_id":"0","recycled":"0","gemstone_id":"0","customizable":"1","type_category":"physical","zerowaste":"0","postage_price":"1290.00","shop_order":"0","has_category":"1","landing_pages":null,"microdata":{"number":28,"category":""},"title":"Egyedi med\u00e1los l\u00f3sz\u0151r kark\u00f6t\u0151 ","description":"H\u00e1rmas fon\u00e1ssal k\u00e9sz\u00fclt l\u00f3sz\u0151r kark\u00f6t\u0151, a saj\u00e1t lovad l\u00f3farok sz\u0151r\u00e9b\u0151l.\n\nA kark\u00f6t\u0151 elk\u00e9sz\u00edt\u00e9s\u00e9hez sz\u00fcks\u00e9gem lesz legal\u00e1bb 40 cm hossz\u00fa, kb. 1,5-2 cm \u00e1tm\u00e9r\u0151j\u0171 k\u00f6teg faroksz\u0151rre. (Fontos hogy sok egyforma hossz\u00fa sz\u00e1l legyen benne) Gumizd \u00f6ssze, hogy ne hulljon sz\u00e9t a tincs, mosd meg \u00e9s sz\u00e1r\u00edtsd meg elk\u00fcld\u00e9s el\u0151tt.\n\nA kark\u00f6t\u0151t ezzel a fon\u00e1si technik\u00e1val fogom elk\u00e9sz\u00edteni, \u00e9s azzal a med\u00e1llal \u00e9s v\u00e9gz\u00e1r\u00f3val, amelyikkel meg\u00edrod hogy szeretn\u00e9d.\n\nSz\u00fcks\u00e9ges a csukl\u00f3 m\u00e9ret\u00e9t is meg adni, hogy pontosan illeszkedjen a kark\u00f6t\u0151.\n\nA l\u00f3sz\u0151rt megrendel\u00e9st k\u00f6vet\u0151en post\u00e1n tudod majd hozz\u00e1m eljuttatni.\n\nA sz\u0151rt k\u00e9zhez kapva elk\u00e9sz\u00edtem a kark\u00f6t\u0151t, majd biztons\u00e1gosan csomagolva post\u00e1zom neked.\n","score":0,"formatted_price":"5 500 Ft","image_url":"https:\/\/www.meska.hu\/img\/product\/small\/a\/r\/arikezmuvestara_product_744639_251116161814_032791.jpeg","formatted_url":"https:\/\/www.meska.hu\/p5670537-egyedi-medalos-loszor-karkoto","favourite":false,"in_stock":false,"avatar":"744639_avatar_1759864314.jpeg","delete_from":0,"is_enhanced_background":false,"is_enhanced":false,"product_selection_started":false,"is_active":true,"image_webp_url":"https:\/\/www.meska.hu\/img\/product\/small\/a\/r\/arikezmuvestara_product_744639_251116161814_032791.webp"},{"id":"6171298","shop_id":"8655","user_id":"42057","shop_name":"KisdioStudio","shop_zip":"1012","product_code":"5766348","product_name_old":null,"product_name":"m\u00e1j. 22.  Szentendre - LEV\u00c9LT\u00c1LCA fon\u00e1s - d\u00e9lut\u00e1ni kos\u00e1rfon\u00f3 workshop","category_string":"DIY (Csin\u00e1ld magad), Workshop & Tanfolyam","technic_string":"Fon\u00e1s (csuh\u00e9, gy\u00e9k\u00e9ny, stb.)","category_1":"402","category_2":"926","category_3":"0","category_4":"0","merged_category_1":null,"merged_category_2":null,"merged_category_3":null,"technic_1":"482","technic_2":"0","technic_3":"0","color_1":"514","color_2":"515","color_3":"516","product_description_old":null,"product_description":"Rusztikus lev\u00e9lt\u00e1lca - kos\u00e1rfon\u00f3 workshop\n\n*Szeretn\u00e9l kipr\u00f3b\u00e1lni egy igaz\u00e1n \u0151si, term\u00e9szetk\u00f6zeli mesters\u00e9get? J\u00f3 t\u00e1rsas\u00e1gban, \u00f6nfeledten alkotni? Akkor itt a helyed!\n*Autentikus fon\u00f3 hangulat \u00e9s sz\u00e9ps\u00e9ges vessz\u0151 t\u00e1rgyak garant\u00e1lva!\n\nA workshop id\u0151pontja: 2026.05.22. (16:00-19:00)\n\nMir\u0151l sz\u00f3l ez a foglalkoz\u00e1s?\n\nA workshop sor\u00e1n egy nagyobb m\u00e9ret\u0171 \"lev\u00e9lt\u00e1lc\u00e1t\" fonunk rusztikus h\u00e9jas f\u0171zvessz\u0151b\u0151l \u00e9s egy\u00e9b izgalmas anyagokb\u00f3l.\n\nA r\u00e9szv\u00e9telhez semmif\u00e9le el\u0151k\u00e9pzetts\u00e9g nem sz\u00fcks\u00e9ges, a 3 \u00f3ra alatt minden l\u00e9p\u00e9sen v\u00e9gigvezet\u00fcnk majd a t\u00e1lca elkezd\u00e9s\u00e9t\u0151l a befejez\u00e9sig.\nCsak a lelkesed\u00e9sed hozd h\u00e1t!\n\nA t\u00e1lc\u00e1hoz termesztett amerikai f\u0171zfavessz\u0151ket fogunk haszn\u00e1lni, a munk\u00e1hoz valamennyi sz\u00fcks\u00e9ges alapanyagot \u00e9s eszk\u00f6zt mi biztos\u00edtjuk sz\u00e1modra.\nA workshop sor\u00e1n tippeket kaphatsz majd a saj\u00e1t anyaggy\u0171jt\u00e9shez is.\n\nA foglalkoz\u00e1s l\u00e9tsz\u00e1ma korl\u00e1tozott, a helyek felt\u00f6lt\u00e9se a jelentkez\u00e9sek be\u00e9rkez\u00e9s\u00e9nek sorrendj\u00e9ben t\u00f6rt\u00e9nik.\nA regisztr\u00e1ci\u00f3 azonban csak a tanfolyami d\u00edj befizet\u00e9s\u00e9vel v\u00e1lik v\u00e9glegess\u00e9.\n\nA foglalkoz\u00e1sra p\u00e9nz-visszafizet\u00e9si garanci\u00e1t v\u00e1llalunk!\n\nMit jelent ez?\n\nAzt, hogy a foglalkoz\u00e1s d\u00edj\u00e1t visszat\u00e9r\u00edtj\u00fck, amennyiben a nap v\u00e9g\u00e9n nem k\u00e9sz\u00fclne el a fonott t\u00e1rgyad!\n\nHelyileg hol lesz?\n\nA foglalkoz\u00e1s Szentendr\u00e9n, egy k\u00f6z\u00f6ss\u00e9gi t\u00e9rben lesz, regisztr\u00e1ci\u00f3t k\u00f6vet\u0151en k\u00fcldj\u00fck a r\u00e9szleteket.\n\nIzgatottan v\u00e1rjuk a tal\u00e1lkoz\u00e1st veletek!\n\nBorka \u00e9s \u00c1kos\na Kisdi\u00f3 St\u00fadi\u00f3 csapata\n\nA foglalkoz\u00e1s 14 \u00e9ves kor alatt \u00e9s k\u00e9z \u00edz\u00fcleti probl\u00e9m\u00e1k eset\u00e9n nem aj\u00e1nlott!","price":"16000.00","unit":"db","recommended":"0","status":"1","sponsored":"0","exp_notify":"0","own_material":"0","own_material_description_old":null,"own_material_description":"","jury":"0","jury_number":"","product_nature":"","meskaracsony":"0","create_date":"2026-04-15 18:47:38","shelve_id":"67848","image":"kisdiostudio_product_42057_260331130500_613875.jpeg","image_width":"480","image_height":"308","image_alt":"m\u00e1j. 22.  Szentendre - LEV\u00c9LT\u00c1LCA fon\u00e1s - d\u00e9lut\u00e1ni kos\u00e1rfon\u00f3 workshop, Rusztikus lev\u00e9lt\u00e1lca - kos\u00e1rfon\u00f3 workshop\\n\\n*Szeretn\u00e9l kipr\u00f3b\u00e1lni egy igaz\u00e1n \u0151si, term\u00e9szetk\u00f6zeli mes..., Meska","image_title":"m\u00e1j. 22.  Szentendre - LEV\u00c9LT\u00c1LCA fon\u00e1s - d\u00e9lut\u00e1ni kos\u00e1rfon\u00f3 workshop, Meska","view_count":"122","favourite_count":"0","trending_score":"0","last2MonthFavouriteCount":"0","promotion":"0","giftcard_accept":"1","creditcard_accept":true,"enhanced_background":"0","domain":"meska","specific_customer_id":null,"specific_customer_name":null,"to_order_product":"0","to_order_product_time":"0","product_different":null,"product_different_description":"","vintage":"0","vintage_category_id":"0","recycled":"0","gemstone_id":"0","customizable":"0","type_category":"physical","zerowaste":"1","postage_price":"0.00","shop_order":"0","has_category":"1","landing_pages":null,"microdata":{"number":29,"category":""},"title":"m\u00e1j. 22.  Szentendre - LEV\u00c9LT\u00c1LCA fon\u00e1s - d\u00e9lut\u00e1ni kos\u00e1rfon\u00f3 workshop","description":"Rusztikus lev\u00e9lt\u00e1lca - kos\u00e1rfon\u00f3 workshop\n\n*Szeretn\u00e9l kipr\u00f3b\u00e1lni egy igaz\u00e1n \u0151si, term\u00e9szetk\u00f6zeli mesters\u00e9get? J\u00f3 t\u00e1rsas\u00e1gban, \u00f6nfeledten alkotni? Akkor itt a helyed!\n*Autentikus fon\u00f3 hangulat \u00e9s sz\u00e9ps\u00e9ges vessz\u0151 t\u00e1rgyak garant\u00e1lva!\n\nA workshop id\u0151pontja: 2026.05.22. (16:00-19:00)\n\nMir\u0151l sz\u00f3l ez a foglalkoz\u00e1s?\n\nA workshop sor\u00e1n egy nagyobb m\u00e9ret\u0171 \"lev\u00e9lt\u00e1lc\u00e1t\" fonunk rusztikus h\u00e9jas f\u0171zvessz\u0151b\u0151l \u00e9s egy\u00e9b izgalmas anyagokb\u00f3l.\n\nA r\u00e9szv\u00e9telhez semmif\u00e9le el\u0151k\u00e9pzetts\u00e9g nem sz\u00fcks\u00e9ges, a 3 \u00f3ra alatt minden l\u00e9p\u00e9sen v\u00e9gigvezet\u00fcnk majd a t\u00e1lca elkezd\u00e9s\u00e9t\u0151l a befejez\u00e9sig.\nCsak a lelkesed\u00e9sed hozd h\u00e1t!\n\nA t\u00e1lc\u00e1hoz termesztett amerikai f\u0171zfavessz\u0151ket fogunk haszn\u00e1lni, a munk\u00e1hoz valamennyi sz\u00fcks\u00e9ges alapanyagot \u00e9s eszk\u00f6zt mi biztos\u00edtjuk sz\u00e1modra.\nA workshop sor\u00e1n tippeket kaphatsz majd a saj\u00e1t anyaggy\u0171jt\u00e9shez is.\n\nA foglalkoz\u00e1s l\u00e9tsz\u00e1ma korl\u00e1tozott, a helyek felt\u00f6lt\u00e9se a jelentkez\u00e9sek be\u00e9rkez\u00e9s\u00e9nek sorrendj\u00e9ben t\u00f6rt\u00e9nik.\nA regisztr\u00e1ci\u00f3 azonban csak a tanfolyami d\u00edj befizet\u00e9s\u00e9vel v\u00e1lik v\u00e9glegess\u00e9.\n\nA foglalkoz\u00e1sra p\u00e9nz-visszafizet\u00e9si garanci\u00e1t v\u00e1llalunk!\n\nMit jelent ez?\n\nAzt, hogy a foglalkoz\u00e1s d\u00edj\u00e1t visszat\u00e9r\u00edtj\u00fck, amennyiben a nap v\u00e9g\u00e9n nem k\u00e9sz\u00fclne el a fonott t\u00e1rgyad!\n\nHelyileg hol lesz?\n\nA foglalkoz\u00e1s Szentendr\u00e9n, egy k\u00f6z\u00f6ss\u00e9gi t\u00e9rben lesz, regisztr\u00e1ci\u00f3t k\u00f6vet\u0151en k\u00fcldj\u00fck a r\u00e9szleteket.\n\nIzgatottan v\u00e1rjuk a tal\u00e1lkoz\u00e1st veletek!\n\nBorka \u00e9s \u00c1kos\na Kisdi\u00f3 St\u00fadi\u00f3 csapata\n\nA foglalkoz\u00e1s 14 \u00e9ves kor alatt \u00e9s k\u00e9z \u00edz\u00fcleti probl\u00e9m\u00e1k eset\u00e9n nem aj\u00e1nlott!","score":0,"formatted_price":"16 000 Ft","image_url":"https:\/\/www.meska.hu\/img\/product\/small\/k\/i\/kisdiostudio_product_42057_260331130500_613875.jpeg","formatted_url":"https:\/\/www.meska.hu\/p5766348-maj-22-szentendre-leveltalca-fonas-delutani-kosarfono-workshop","favourite":false,"in_stock":true,"avatar":"KisdioStudio_avatar_42057_1649420514.jpg","delete_from":0,"is_enhanced_background":false,"is_enhanced":false,"product_selection_started":false,"is_active":true,"image_webp_url":"https:\/\/www.meska.hu\/img\/product\/small\/k\/i\/kisdiostudio_product_42057_260331130500_613875.webp"},{"id":"4897840","shop_id":"99","user_id":"204","shop_name":"kezmuvesporta","shop_zip":"3176","product_code":"5013691","product_name_old":null,"product_name":"Kenyeres kos\u00e1r - fonott kos\u00e1r, ov\u00e1lis","category_string":"Otthon & \u00c9letm\u00f3d, Konyhafelszerel\u00e9s, t\u00e1lal\u00e1s, Konyhai t\u00e1rol\u00e1s, Keny\u00e9rtart\u00f3","technic_string":"Fon\u00e1s (csuh\u00e9, gy\u00e9k\u00e9ny, stb.)","category_1":"813","category_2":"393","category_3":"1483","category_4":"971","merged_category_1":"0","merged_category_2":"0","merged_category_3":"785","technic_1":"482","technic_2":"0","technic_3":"0","color_1":"515","color_2":"529","color_3":"0","product_description_old":null,"product_description":"FOLK&VINTAGE - TERM\u00c9SZETB\u0150L FONVA\n\nTerm\u00e9szetes anyagb\u00f3l, k\u00e1k\u00e1b\u00f3l fonott kenyeres kos\u00e1r.  Nat\u00far sz\u00edn\u0171 v\u00e1szonnal van b\u00e9lelve, melyet k\u00f6nnyed\u00e9n ki lehet venni \u00e9s moshat\u00f3. A kos\u00e1r mint\u00e1zata v\u00e1ltoztatthat\u00f3.\n\nA kos\u00e1r m\u00e9rete: \nA kos\u00e1r m\u00e9rete: hossza 24 cm, sz\u00e9less\u00e9ge 18 cm magass\u00e1ga 10 cm\n\n\n\nFENNTARTHAT\u00d3S\u00c1G, K\u00d6RNYEZETTUDATOSS\u00c1G, MEG\u00daJ\u00daL\u00c1S\n\nFontos misszi\u00f3nak tartom, hogy megismertessem a magyar emberekkel a haz\u00e1nkban fellelhet\u0151 term\u00e9szetes anyagokat, \u00e9s az azokban rejl\u0151 csod\u00e1t. Hiszem, hogy ezen anyagokb\u00f3l k\u00e9sz\u00edtett term\u00e9kek id\u0151t\u00e1ll\u00f3k \u00e9s j\u00f3l beilleszthet\u0151k mai lak\u00e1strendekbe \u00e9s divatterm\u00e9kek k\u00f6z\u00e9 is. \n\nAz alapanyagokat (gy\u00e9k\u00e9ny, k\u00e1ka) minden \u00e9vben \u00e9n gy\u0171jt\u00f6m, \u00edgy pontosan tudom annak sz\u00e1rmaz\u00e1si hely\u00e9t. Gondosan odafigyelek az anyagok sz\u00e1r\u00edt\u00e1s\u00e1ra, t\u00e1rol\u00e1s\u00e1ra. Miel\u0151tt term\u00e9k lesz az alapanyagb\u00f3l, \u00fajra v\u00e1logat\u00e1sra ker\u00fcl, \u00edgy tudom garant\u00e1lni a j\u00f3 min\u0151s\u00e9get. \n\nTerm\u00e9keimmel szeretn\u00e9k alternat\u00edv\u00e1t ny\u00fajtani azoknak, akik sz\u00e1m\u00e1ra fontos, a k\u00f6rnyezettudatoss\u00e1g \u00e9s fenntarthat\u00f3s\u00e1g. A folk&VINTAGE term\u00e9kek hazai anyagokb\u00f3l hagyom\u00e1nyos technik\u00e1val k\u00e9sz\u00edtett min\u0151s\u00e9gi term\u00e9kek, melyek a term\u00e9szet harm\u00f3ni\u00e1j\u00e1t ny\u00fajtj\u00e1k. \n","price":"6200.00","unit":"db","recommended":"0","status":"1","sponsored":"0","exp_notify":"0","own_material":"0","own_material_description_old":null,"own_material_description":"","jury":"1","jury_number":"AJ\u00c1ND\u00c9KT\u00c1RGY-1871-2019","product_nature":"","meskaracsony":"0","create_date":"2026-04-15 14:43:46","shelve_id":"63132","image":"kezmuvesporta_product_204_230712175036_288888.jpeg","image_width":"480","image_height":"320","image_alt":"Kenyeres kos\u00e1r - fonott kos\u00e1r, ov\u00e1lis, FOLK&VINTAGE - TERM\u00c9SZETB\u0150L FONVA\\n\\nTerm\u00e9szetes anyagb\u00f3l, k\u00e1k\u00e1b\u00f3l fonott kenyeres kos\u00e1r.  Nat\u00far sz\u00edn\u0171..., Meska","image_title":"Kenyeres kos\u00e1r - fonott kos\u00e1r, ov\u00e1lis, Meska","view_count":"2243","favourite_count":"0","trending_score":"0","last2MonthFavouriteCount":"0","promotion":"0","giftcard_accept":"0","creditcard_accept":true,"enhanced_background":"0","domain":"meska","specific_customer_id":null,"specific_customer_name":null,"to_order_product":"0","to_order_product_time":"0","product_different":null,"product_different_description":"","vintage":"1","vintage_category_id":"885","recycled":"0","gemstone_id":"0","customizable":"0","type_category":"physical","zerowaste":"0","postage_price":"1290.00","shop_order":"0","has_category":"1","landing_pages":"Ballag\u00e1si aj\u00e1nd\u00e9kok \u00e9s kieg\u00e9sz\u00edt\u0151k","microdata":{"number":30,"category":""},"title":"Kenyeres kos\u00e1r - fonott kos\u00e1r, ov\u00e1lis","description":"FOLK&VINTAGE - TERM\u00c9SZETB\u0150L FONVA\n\nTerm\u00e9szetes anyagb\u00f3l, k\u00e1k\u00e1b\u00f3l fonott kenyeres kos\u00e1r.  Nat\u00far sz\u00edn\u0171 v\u00e1szonnal van b\u00e9lelve, melyet k\u00f6nnyed\u00e9n ki lehet venni \u00e9s moshat\u00f3. A kos\u00e1r mint\u00e1zata v\u00e1ltoztatthat\u00f3.\n\nA kos\u00e1r m\u00e9rete: \nA kos\u00e1r m\u00e9rete: hossza 24 cm, sz\u00e9less\u00e9ge 18 cm magass\u00e1ga 10 cm\n\n\n\nFENNTARTHAT\u00d3S\u00c1G, K\u00d6RNYEZETTUDATOSS\u00c1G, MEG\u00daJ\u00daL\u00c1S\n\nFontos misszi\u00f3nak tartom, hogy megismertessem a magyar emberekkel a haz\u00e1nkban fellelhet\u0151 term\u00e9szetes anyagokat, \u00e9s az azokban rejl\u0151 csod\u00e1t. Hiszem, hogy ezen anyagokb\u00f3l k\u00e9sz\u00edtett term\u00e9kek id\u0151t\u00e1ll\u00f3k \u00e9s j\u00f3l beilleszthet\u0151k mai lak\u00e1strendekbe \u00e9s divatterm\u00e9kek k\u00f6z\u00e9 is. \n\nAz alapanyagokat (gy\u00e9k\u00e9ny, k\u00e1ka) minden \u00e9vben \u00e9n gy\u0171jt\u00f6m, \u00edgy pontosan tudom annak sz\u00e1rmaz\u00e1si hely\u00e9t. Gondosan odafigyelek az anyagok sz\u00e1r\u00edt\u00e1s\u00e1ra, t\u00e1rol\u00e1s\u00e1ra. Miel\u0151tt term\u00e9k lesz az alapanyagb\u00f3l, \u00fajra v\u00e1logat\u00e1sra ker\u00fcl, \u00edgy tudom garant\u00e1lni a j\u00f3 min\u0151s\u00e9get. \n\nTerm\u00e9keimmel szeretn\u00e9k alternat\u00edv\u00e1t ny\u00fajtani azoknak, akik sz\u00e1m\u00e1ra fontos, a k\u00f6rnyezettudatoss\u00e1g \u00e9s fenntarthat\u00f3s\u00e1g. A folk&VINTAGE term\u00e9kek hazai anyagokb\u00f3l hagyom\u00e1nyos technik\u00e1val k\u00e9sz\u00edtett min\u0151s\u00e9gi term\u00e9kek, melyek a term\u00e9szet harm\u00f3ni\u00e1j\u00e1t ny\u00fajtj\u00e1k. \n","score":0,"formatted_price":"6 200 Ft","image_url":"https:\/\/www.meska.hu\/img\/product\/small\/k\/e\/kezmuvesporta_product_204_230712175036_288888.jpeg","formatted_url":"https:\/\/www.meska.hu\/p5013691-kenyeres-kosar-fonott-kosar-ovalis","favourite":false,"in_stock":true,"avatar":"kezmuvesporta_avatar_204_1601323895.jpg","delete_from":0,"is_enhanced_background":false,"is_enhanced":false,"product_selection_started":false,"is_active":true,"image_webp_url":"https:\/\/www.meska.hu\/img\/product\/small\/k\/e\/kezmuvesporta_product_204_230712175036_288888.webp"},{"id":"4896435","shop_id":"99","user_id":"204","shop_name":"kezmuvesporta","shop_zip":"3176","product_code":"5013081","product_name_old":null,"product_name":"Vir\u00e1gszed\u0151 kos\u00e1rka - term\u00e9szetes fonott kos\u00e1r","category_string":"T\u00e1ska & Tok, Kos\u00e1r","technic_string":"Fon\u00e1s (csuh\u00e9, gy\u00e9k\u00e9ny, stb.)","category_1":"464","category_2":"466","category_3":"0","category_4":"0","merged_category_1":"783","merged_category_2":"0","merged_category_3":"0","technic_1":"482","technic_2":"0","technic_3":"0","color_1":"515","color_2":"0","color_3":"0","product_description_old":null,"product_description":"FOLK&VINTAGE - TERM\u00c9SZETB\u0150L FONVA\n\nLevendulaszed\u00e9shez, gy\u00f3gyn\u00f6v\u00e9nyek gy\u0171jt\u00e9s\u00e9hez aj\u00e1nlom vir\u00e1ggy\u0171jt\u0151 kosaramat.  De ak\u00e1r a lak\u00e1sban is haszn\u00e1lhat\u00f3 dekor\u00e1ci\u00f3nak, k\u00fcl\u00f6nb\u00f6z\u0151 apr\u00f3s\u00e1gok t\u00e1rol\u00e1s\u00e1hoz.\n\nM\u00e9rete: kb 30cm hossz\u00fa, 20 cm sz\u00e9les, 20 cm magas\n\nMivel egyedi k\u00e9zm\u0171ves term\u00e9kekr\u0151l van sz\u00f3, \u00edgy a term\u00e9kek vastags\u00e1ga \u00e9s sz\u00edne k\u00f6z\u00f6tt lehet minim\u00e1lis elt\u00e9r\u00e9s. \n\nFENNTARTHAT\u00d3S\u00c1G, K\u00d6RNYEZETTUDATOSS\u00c1G, MEG\u00daJ\u00daL\u00c1S\n\nFontos misszi\u00f3nak tartom, hogy megismertessem a magyar emberekkel a haz\u00e1nkban fellelhet\u0151 term\u00e9szetes anyagokat, \u00e9s az azokban rejl\u0151 csod\u00e1t. Hiszem, hogy ezen anyagokb\u00f3l k\u00e9sz\u00edtett term\u00e9kek id\u0151t\u00e1ll\u00f3k \u00e9s j\u00f3l beilleszthet\u0151k mai lak\u00e1strendekbe \u00e9s divatterm\u00e9kek k\u00f6z\u00e9 is. \n\nAz alapanyagokat (gy\u00e9k\u00e9ny, k\u00e1ka) minden \u00e9vben \u00e9n gy\u0171jt\u00f6m, \u00edgy pontosan tudom annak sz\u00e1rmaz\u00e1si hely\u00e9t. Gondosan odafigyelek az anyagok sz\u00e1r\u00edt\u00e1s\u00e1ra, t\u00e1rol\u00e1s\u00e1ra. Miel\u0151tt term\u00e9k lesz az alapanyagb\u00f3l, \u00fajra v\u00e1logat\u00e1sra ker\u00fcl, \u00edgy tudom garant\u00e1lni a j\u00f3 min\u0151s\u00e9get. \n\nTerm\u00e9keimmel szeretn\u00e9k alternat\u00edv\u00e1t ny\u00fajtani azoknak, akik sz\u00e1m\u00e1ra fontos, a k\u00f6rnyezettudatoss\u00e1g \u00e9s fenntarthat\u00f3s\u00e1g. A folk&VINTAGE term\u00e9kek hazai anyagokb\u00f3l hagyom\u00e1nyos technik\u00e1val k\u00e9sz\u00edtett min\u0151s\u00e9gi term\u00e9kek, melyek a term\u00e9szet harm\u00f3ni\u00e1j\u00e1t ny\u00fajtj\u00e1k. \n\n\n","price":"6400.00","unit":"db","recommended":"0","status":"1","sponsored":"0","exp_notify":"0","own_material":"0","own_material_description_old":null,"own_material_description":"","jury":"0","jury_number":"","product_nature":"","meskaracsony":"0","create_date":"2026-04-15 12:00:35","shelve_id":"63137","image":"kezmuvesporta_product_204_230711122623_286351.jpeg","image_width":"480","image_height":"480","image_alt":"Vir\u00e1gszed\u0151 kos\u00e1rka - term\u00e9szetes fonott kos\u00e1r, FOLK&VINTAGE - TERM\u00c9SZETB\u0150L FONVA\\n\\nLevendulaszed\u00e9shez, gy\u00f3gyn\u00f6v\u00e9nyek gy\u0171jt\u00e9s\u00e9hez aj\u00e1nlom vir\u00e1ggy\u0171jt\u0151..., Meska","image_title":"Vir\u00e1gszed\u0151 kos\u00e1rka - term\u00e9szetes fonott kos\u00e1r, Meska","view_count":"2515","favourite_count":"0","trending_score":"0","last2MonthFavouriteCount":"1","promotion":"0","giftcard_accept":"0","creditcard_accept":true,"enhanced_background":"0","domain":"meska","specific_customer_id":null,"specific_customer_name":null,"to_order_product":"0","to_order_product_time":"0","product_different":null,"product_different_description":"","vintage":"1","vintage_category_id":"885","recycled":"0","gemstone_id":"0","customizable":"0","type_category":"physical","zerowaste":"1","postage_price":"1290.00","shop_order":"0","has_category":"1","landing_pages":"Ballag\u00e1si aj\u00e1nd\u00e9kok \u00e9s kieg\u00e9sz\u00edt\u0151k, Kar\u00e1csonyi aj\u00e1nd\u00e9kok","microdata":{"number":31,"category":""},"title":"Vir\u00e1gszed\u0151 kos\u00e1rka - term\u00e9szetes fonott kos\u00e1r","description":"FOLK&VINTAGE - TERM\u00c9SZETB\u0150L FONVA\n\nLevendulaszed\u00e9shez, gy\u00f3gyn\u00f6v\u00e9nyek gy\u0171jt\u00e9s\u00e9hez aj\u00e1nlom vir\u00e1ggy\u0171jt\u0151 kosaramat.  De ak\u00e1r a lak\u00e1sban is haszn\u00e1lhat\u00f3 dekor\u00e1ci\u00f3nak, k\u00fcl\u00f6nb\u00f6z\u0151 apr\u00f3s\u00e1gok t\u00e1rol\u00e1s\u00e1hoz.\n\nM\u00e9rete: kb 30cm hossz\u00fa, 20 cm sz\u00e9les, 20 cm magas\n\nMivel egyedi k\u00e9zm\u0171ves term\u00e9kekr\u0151l van sz\u00f3, \u00edgy a term\u00e9kek vastags\u00e1ga \u00e9s sz\u00edne k\u00f6z\u00f6tt lehet minim\u00e1lis elt\u00e9r\u00e9s. \n\nFENNTARTHAT\u00d3S\u00c1G, K\u00d6RNYEZETTUDATOSS\u00c1G, MEG\u00daJ\u00daL\u00c1S\n\nFontos misszi\u00f3nak tartom, hogy megismertessem a magyar emberekkel a haz\u00e1nkban fellelhet\u0151 term\u00e9szetes anyagokat, \u00e9s az azokban rejl\u0151 csod\u00e1t. Hiszem, hogy ezen anyagokb\u00f3l k\u00e9sz\u00edtett term\u00e9kek id\u0151t\u00e1ll\u00f3k \u00e9s j\u00f3l beilleszthet\u0151k mai lak\u00e1strendekbe \u00e9s divatterm\u00e9kek k\u00f6z\u00e9 is. \n\nAz alapanyagokat (gy\u00e9k\u00e9ny, k\u00e1ka) minden \u00e9vben \u00e9n gy\u0171jt\u00f6m, \u00edgy pontosan tudom annak sz\u00e1rmaz\u00e1si hely\u00e9t. Gondosan odafigyelek az anyagok sz\u00e1r\u00edt\u00e1s\u00e1ra, t\u00e1rol\u00e1s\u00e1ra. Miel\u0151tt term\u00e9k lesz az alapanyagb\u00f3l, \u00fajra v\u00e1logat\u00e1sra ker\u00fcl, \u00edgy tudom garant\u00e1lni a j\u00f3 min\u0151s\u00e9get. \n\nTerm\u00e9keimmel szeretn\u00e9k alternat\u00edv\u00e1t ny\u00fajtani azoknak, akik sz\u00e1m\u00e1ra fontos, a k\u00f6rnyezettudatoss\u00e1g \u00e9s fenntarthat\u00f3s\u00e1g. A folk&VINTAGE term\u00e9kek hazai anyagokb\u00f3l hagyom\u00e1nyos technik\u00e1val k\u00e9sz\u00edtett min\u0151s\u00e9gi term\u00e9kek, melyek a term\u00e9szet harm\u00f3ni\u00e1j\u00e1t ny\u00fajtj\u00e1k. \n\n\n","score":0,"formatted_price":"6 400 Ft","image_url":"https:\/\/www.meska.hu\/img\/product\/small\/k\/e\/kezmuvesporta_product_204_230711122623_286351.jpeg","formatted_url":"https:\/\/www.meska.hu\/p5013081-viragszedo-kosarka-termeszetes-fonott-kosar","favourite":false,"in_stock":true,"avatar":"kezmuvesporta_avatar_204_1601323895.jpg","delete_from":0,"is_enhanced_background":false,"is_enhanced":false,"product_selection_started":false,"is_active":true,"image_webp_url":"https:\/\/www.meska.hu\/img\/product\/small\/k\/e\/kezmuvesporta_product_204_230711122623_286351.webp"},{"id":"6172259","shop_id":"8655","user_id":"42057","shop_name":"KisdioStudio","shop_zip":"1012","product_code":"5766819","product_name_old":null,"product_name":"m\u00e1j. 9 - Budapest - UZSONN\u00c1S T\u00c1SKA jap\u00e1n fon\u00e1ssal - kos\u00e1rfon\u00f3 workshop","category_string":"DIY (Csin\u00e1ld magad), Workshop & Tanfolyam","technic_string":"Fon\u00e1s (csuh\u00e9, gy\u00e9k\u00e9ny, stb.)","category_1":"402","category_2":"926","category_3":"0","category_4":"0","merged_category_1":null,"merged_category_2":null,"merged_category_3":null,"technic_1":"482","technic_2":"0","technic_3":"0","color_1":"514","color_2":"516","color_3":"0","product_description_old":null,"product_description":"A workshop id\u0151pontja: 2026.05.09.\n(10:00-17:00)\n\nHelysz\u00edn: Bp. XII. ker\u00fcletben, egy sz\u00e9ps\u00e9ges vill\u00e1ban (jelentkez\u00e9st k\u00f6vet\u0151en k\u00fcldj\u00fck a pontos c\u00edmet)\n\nKiscsoportos, kos\u00e1rfon\u00f3 m\u0171hely eb\u00e9ddel.\n\nMir\u0151l sz\u00f3l ez a foglalkoz\u00e1s?\n\nAz exkluz\u00edv workshop sor\u00e1n mindenki elk\u00e9sz\u00edt egy k\u00f6zepes m\u00e9ret\u0171, ov\u00e1lis kosarat \u00fagynevezett \"jap\u00e1n berak\u00e1s\" falfon\u00e1si technik\u00e1val, majd az \u00e1ltalunk biztos\u00edtott b\u0151rf\u00fclek seg\u00edts\u00e9g\u00e9vel sz\u00e9ps\u00e9ges \"uzsonn\u00e1s t\u00e1sk\u00e1v\u00e1\" var\u00e1zsoljuk azt. A kezd\u0151k r\u00e9tegelt lemez alapra fonnak, a halad\u00f3k a kos\u00e1r fenek\u00e9t is maguk fonhatj\u00e1k.\n\nA r\u00e9szv\u00e9telhez semmif\u00e9le el\u0151k\u00e9pzetts\u00e9g nem sz\u00fcks\u00e9ges, a 7 \u00f3ra alatt minden l\u00e9p\u00e9sen v\u00e9gigvezet\u00fcnk majd a kos\u00e1r elkezd\u00e9s\u00e9t\u0151l a befejez\u00e9sig.\nCsak a lelkesed\u00e9sed hozd h\u00e1t!\n\nA t\u00e1sk\u00e1hoz termesztett amerikai f\u0171zfavessz\u0151ket fogunk haszn\u00e1lni, \na munk\u00e1hoz valamennyi sz\u00fcks\u00e9ges alapanyagot \u00e9s eszk\u00f6zt mi biztos\u00edtjuk sz\u00e1modra.\nA workshop sor\u00e1n tippeket kaphatsz majd a saj\u00e1t anyaggy\u0171jt\u00e9shez is.\n\nA foglalkoz\u00e1s alatt te\u00e1val, k\u00e1v\u00e9val \u00e9s h\u00e1zi s\u00fctem\u00e9nnyel kedvesked\u00fcnk neked, eb\u00e9did\u0151ben pedig egy finom, h\u00fasmentes eb\u00e9det is elfogyasztunk k\u00f6z\u00f6sen.\n\nMennyibe ker\u00fcl mindez?\n\nAz egynapos workshop d\u00edja 38.000 Ft \n(VIP tagoknak, akik m\u00e1r legal\u00e1bb k\u00e9t kor\u00e1bbi alkalommal fontak vel\u00fcnk, 36.000 Ft)\n\nA foglalkoz\u00e1sra p\u00e9nz-visszafizet\u00e9si garanci\u00e1t v\u00e1llalunk!\n\nMit jelent ez?\n\nAzt, hogy a workshop d\u00edj\u00e1t visszat\u00e9r\u00edtj\u00fck, amennyiben a nap v\u00e9g\u00e9n nem egy k\u00e9sz kos\u00e1rral t\u00e1vozn\u00e1l!\n\nHelyileg hol lesz?\n\nA foglalkoz\u00e1s Bp. Sv\u00e1bhegyen, egy sz\u00e9ps\u00e9ges vill\u00e1ban lesz, sikeres regisztr\u00e1ci\u00f3t k\u00f6vet\u0151en k\u00fcldj\u00fck a pontos r\u00e9szleteket.\n\nA helyek felt\u00f6lt\u00e9se a jelentkez\u00e9sek be\u00e9rkez\u00e9s\u00e9nek sorrendj\u00e9ben t\u00f6rt\u00e9nik, a regisztr\u00e1ci\u00f3 azonban csak a tanfolyam d\u00edj\u00e1nak befizet\u00e9s\u00e9t k\u00f6vet\u0151en v\u00e1lik v\u00e9glegess\u00e9.\n\nIzgatottan v\u00e1rjuk a tal\u00e1lkoz\u00e1st veletek!\n\nBorka \u00e9s \u00c1kos\n\nA workshop 14 \u00e9v alatt \u00e9s k\u00e9z \u00edz\u00fcleti probl\u00e9m\u00e1k eset\u00e9n nem aj\u00e1nlott!","price":"38000.00","unit":"db","recommended":"0","status":"1","sponsored":"0","exp_notify":"0","own_material":"0","own_material_description_old":null,"own_material_description":"","jury":"0","jury_number":"","product_nature":"","meskaracsony":"0","create_date":"2026-04-14 20:45:08","shelve_id":"67848","image":"kisdiostudio_product_42057_260331125955_028368.jpeg","image_width":"480","image_height":"354","image_alt":"m\u00e1j. 9 - Budapest - UZSONN\u00c1S T\u00c1SKA jap\u00e1n fon\u00e1ssal - kos\u00e1rfon\u00f3 workshop, A workshop id\u0151pontja: 2026.05.09.\\n(10:00-17:00)\\n\\nHelysz\u00edn: Bp. XII. ker\u00fcletben, egy sz\u00e9ps\u00e9ges vill\u00e1b..., Meska","image_title":"m\u00e1j. 9 - Budapest - UZSONN\u00c1S T\u00c1SKA jap\u00e1n fon\u00e1ssal - kos\u00e1rfon\u00f3 workshop, Meska","view_count":"925","favourite_count":"0","trending_score":"0","last2MonthFavouriteCount":"0","promotion":"0","giftcard_accept":"1","creditcard_accept":true,"enhanced_background":"0","domain":"meska","specific_customer_id":null,"specific_customer_name":null,"to_order_product":"0","to_order_product_time":"0","product_different":null,"product_different_description":"","vintage":"0","vintage_category_id":"0","recycled":"0","gemstone_id":"0","customizable":"0","type_category":"physical","zerowaste":"0","postage_price":"0.00","shop_order":"0","has_category":"1","landing_pages":null,"microdata":{"number":32,"category":""},"title":"m\u00e1j. 9 - Budapest - UZSONN\u00c1S T\u00c1SKA jap\u00e1n fon\u00e1ssal - kos\u00e1rfon\u00f3 workshop","description":"A workshop id\u0151pontja: 2026.05.09.\n(10:00-17:00)\n\nHelysz\u00edn: Bp. XII. ker\u00fcletben, egy sz\u00e9ps\u00e9ges vill\u00e1ban (jelentkez\u00e9st k\u00f6vet\u0151en k\u00fcldj\u00fck a pontos c\u00edmet)\n\nKiscsoportos, kos\u00e1rfon\u00f3 m\u0171hely eb\u00e9ddel.\n\nMir\u0151l sz\u00f3l ez a foglalkoz\u00e1s?\n\nAz exkluz\u00edv workshop sor\u00e1n mindenki elk\u00e9sz\u00edt egy k\u00f6zepes m\u00e9ret\u0171, ov\u00e1lis kosarat \u00fagynevezett \"jap\u00e1n berak\u00e1s\" falfon\u00e1si technik\u00e1val, majd az \u00e1ltalunk biztos\u00edtott b\u0151rf\u00fclek seg\u00edts\u00e9g\u00e9vel sz\u00e9ps\u00e9ges \"uzsonn\u00e1s t\u00e1sk\u00e1v\u00e1\" var\u00e1zsoljuk azt. A kezd\u0151k r\u00e9tegelt lemez alapra fonnak, a halad\u00f3k a kos\u00e1r fenek\u00e9t is maguk fonhatj\u00e1k.\n\nA r\u00e9szv\u00e9telhez semmif\u00e9le el\u0151k\u00e9pzetts\u00e9g nem sz\u00fcks\u00e9ges, a 7 \u00f3ra alatt minden l\u00e9p\u00e9sen v\u00e9gigvezet\u00fcnk majd a kos\u00e1r elkezd\u00e9s\u00e9t\u0151l a befejez\u00e9sig.\nCsak a lelkesed\u00e9sed hozd h\u00e1t!\n\nA t\u00e1sk\u00e1hoz termesztett amerikai f\u0171zfavessz\u0151ket fogunk haszn\u00e1lni, \na munk\u00e1hoz valamennyi sz\u00fcks\u00e9ges alapanyagot \u00e9s eszk\u00f6zt mi biztos\u00edtjuk sz\u00e1modra.\nA workshop sor\u00e1n tippeket kaphatsz majd a saj\u00e1t anyaggy\u0171jt\u00e9shez is.\n\nA foglalkoz\u00e1s alatt te\u00e1val, k\u00e1v\u00e9val \u00e9s h\u00e1zi s\u00fctem\u00e9nnyel kedvesked\u00fcnk neked, eb\u00e9did\u0151ben pedig egy finom, h\u00fasmentes eb\u00e9det is elfogyasztunk k\u00f6z\u00f6sen.\n\nMennyibe ker\u00fcl mindez?\n\nAz egynapos workshop d\u00edja 38.000 Ft \n(VIP tagoknak, akik m\u00e1r legal\u00e1bb k\u00e9t kor\u00e1bbi alkalommal fontak vel\u00fcnk, 36.000 Ft)\n\nA foglalkoz\u00e1sra p\u00e9nz-visszafizet\u00e9si garanci\u00e1t v\u00e1llalunk!\n\nMit jelent ez?\n\nAzt, hogy a workshop d\u00edj\u00e1t visszat\u00e9r\u00edtj\u00fck, amennyiben a nap v\u00e9g\u00e9n nem egy k\u00e9sz kos\u00e1rral t\u00e1vozn\u00e1l!\n\nHelyileg hol lesz?\n\nA foglalkoz\u00e1s Bp. Sv\u00e1bhegyen, egy sz\u00e9ps\u00e9ges vill\u00e1ban lesz, sikeres regisztr\u00e1ci\u00f3t k\u00f6vet\u0151en k\u00fcldj\u00fck a pontos r\u00e9szleteket.\n\nA helyek felt\u00f6lt\u00e9se a jelentkez\u00e9sek be\u00e9rkez\u00e9s\u00e9nek sorrendj\u00e9ben t\u00f6rt\u00e9nik, a regisztr\u00e1ci\u00f3 azonban csak a tanfolyam d\u00edj\u00e1nak befizet\u00e9s\u00e9t k\u00f6vet\u0151en v\u00e1lik v\u00e9glegess\u00e9.\n\nIzgatottan v\u00e1rjuk a tal\u00e1lkoz\u00e1st veletek!\n\nBorka \u00e9s \u00c1kos\n\nA workshop 14 \u00e9v alatt \u00e9s k\u00e9z \u00edz\u00fcleti probl\u00e9m\u00e1k eset\u00e9n nem aj\u00e1nlott!","score":0,"formatted_price":"38 000 Ft","image_url":"https:\/\/www.meska.hu\/img\/product\/small\/k\/i\/kisdiostudio_product_42057_260331125955_028368.jpeg","formatted_url":"https:\/\/www.meska.hu\/p5766819-maj-9-budapest-uzsonnas-taska-japan-fonassal-kosarfono-workshop","favourite":false,"in_stock":true,"avatar":"KisdioStudio_avatar_42057_1649420514.jpg","delete_from":0,"is_enhanced_background":false,"is_enhanced":false,"product_selection_started":false,"is_active":true,"image_webp_url":"https:\/\/www.meska.hu\/img\/product\/small\/k\/i\/kisdiostudio_product_42057_260331125955_028368.webp"},{"id":"3507591","shop_id":"13119","user_id":"89110","shop_name":"TimcsYMobiltok","shop_zip":"2527","product_code":"4685830","product_name_old":null,"product_name":"Tigrisszem \u00e9s l\u00e1vak\u0151 \u00e1ll\u00edthat\u00f3 f\u00e9rfi kark\u00f6t\u0151","category_string":"\u00c9kszer, Kark\u00f6t\u0151, Gy\u00f6ngy\u00f6s kark\u00f6t\u0151","technic_string":"Gy\u00f6ngyf\u0171z\u00e9s, gy\u00f6ngyh\u00edmz\u00e9s, Fon\u00e1s (csuh\u00e9, gy\u00e9k\u00e9ny, stb.)","category_1":"327","category_2":"333","category_3":"1233","category_4":"0","merged_category_1":null,"merged_category_2":null,"merged_category_3":null,"technic_1":"485","technic_2":"482","technic_3":"0","color_1":"514","color_2":"518","color_3":"520","product_description_old":null,"product_description":"Tigrisszem \u00e9s l\u00e1vak\u0151 \u00e1sv\u00e1ny gy\u00f6ngy\u00f6kb\u0151l k\u00e9sz\u00fclt \u00e1ll\u00edthat\u00f3 f\u00e9rfi kark\u00f6t\u0151.\n\nGy\u00f6ngy\u00f6k m\u00e9rete: 8 mm\n\nAz \u00e1ll\u00edthat\u00f3s\u00e1g\u00e1nak k\u00f6sz\u00f6nhet\u0151en ide\u00e1lis v\u00e1laszt\u00e1s lehet ak\u00e1r aj\u00e1nd\u00e9k gyan\u00e1nt is.\n\nA megfelel\u0151 m\u00e9ret elk\u00e9sz\u00edt\u00e9s\u00e9hez, k\u00e9rlek szorosan m\u00e9rt le a csukl\u00f3dat \u00e9s a kapott \u00e9rt\u00e9ket add meg nekem, k\u00f6sz\u00f6n\u00f6m sz\u00e9pen! :)                        ","price":"5590.00","unit":"db","recommended":"0","status":"1","sponsored":"0","exp_notify":"0","own_material":"0","own_material_description_old":null,"own_material_description":"","jury":"0","jury_number":"","product_nature":"","meskaracsony":"0","create_date":"2026-04-12 16:36:06","shelve_id":"0","image":"timcsymobiltok_product_89110_211024175912_50141.jpeg","image_width":"480","image_height":"480","image_alt":"Tigrisszem \u00e9s l\u00e1vak\u0151 \u00e1ll\u00edthat\u00f3 f\u00e9rfi kark\u00f6t\u0151, Tigrisszem \u00e9s l\u00e1vak\u0151 \u00e1sv\u00e1ny gy\u00f6ngy\u00f6kb\u0151l k\u00e9sz\u00fclt \u00e1ll\u00edthat\u00f3 f\u00e9rfi kark\u00f6t\u0151.\\n\\nGy\u00f6ngy\u00f6k m\u00e9rete: 8 mm\\n\\nAz ..., Meska","image_title":"Tigrisszem \u00e9s l\u00e1vak\u0151 \u00e1ll\u00edthat\u00f3 f\u00e9rfi kark\u00f6t\u0151, Meska","view_count":"955","favourite_count":"1","trending_score":"0","last2MonthFavouriteCount":"1","promotion":"0","giftcard_accept":"0","creditcard_accept":true,"enhanced_background":"0","domain":"meska","specific_customer_id":null,"specific_customer_name":null,"to_order_product":"0","to_order_product_time":"0","product_different":null,"product_different_description":"","vintage":"0","vintage_category_id":"0","recycled":"0","gemstone_id":"0","customizable":"0","type_category":"physical","zerowaste":"0","postage_price":"1290.00","shop_order":"0","has_category":"1","landing_pages":null,"microdata":{"number":33,"category":""},"title":"Tigrisszem \u00e9s l\u00e1vak\u0151 \u00e1ll\u00edthat\u00f3 f\u00e9rfi kark\u00f6t\u0151","description":"Tigrisszem \u00e9s l\u00e1vak\u0151 \u00e1sv\u00e1ny gy\u00f6ngy\u00f6kb\u0151l k\u00e9sz\u00fclt \u00e1ll\u00edthat\u00f3 f\u00e9rfi kark\u00f6t\u0151.\n\nGy\u00f6ngy\u00f6k m\u00e9rete: 8 mm\n\nAz \u00e1ll\u00edthat\u00f3s\u00e1g\u00e1nak k\u00f6sz\u00f6nhet\u0151en ide\u00e1lis v\u00e1laszt\u00e1s lehet ak\u00e1r aj\u00e1nd\u00e9k gyan\u00e1nt is.\n\nA megfelel\u0151 m\u00e9ret elk\u00e9sz\u00edt\u00e9s\u00e9hez, k\u00e9rlek szorosan m\u00e9rt le a csukl\u00f3dat \u00e9s a kapott \u00e9rt\u00e9ket add meg nekem, k\u00f6sz\u00f6n\u00f6m sz\u00e9pen! :)                        ","score":0,"formatted_price":"5 590 Ft","image_url":"https:\/\/www.meska.hu\/img\/product\/small\/t\/i\/timcsymobiltok_product_89110_211024175912_50141.jpeg","formatted_url":"https:\/\/www.meska.hu\/p4685830-tigrisszem-es-lavako-allithato-ferfi-karkoto","favourite":false,"in_stock":true,"avatar":"TimcsYMobiltok_avatar_89110_1548952350.jpg","delete_from":0,"is_enhanced_background":false,"is_enhanced":false,"product_selection_started":false,"is_active":true,"image_webp_url":"https:\/\/www.meska.hu\/img\/product\/small\/t\/i\/timcsymobiltok_product_89110_211024175912_50141.webp"},{"id":"5894139","shop_id":"24301","user_id":"276546","shop_name":"RePorta","shop_zip":"8474","product_code":"5608051","product_name_old":null,"product_name":"Levendulabab\u00e1s akaszthat\u00f3 d\u00edsz","category_string":"Otthon & \u00c9letm\u00f3d, Dekor\u00e1ci\u00f3, Ajt\u00f3- \u00e9s ablak dekor\u00e1ci\u00f3, Ajt\u00f3d\u00edsz & Kopogtat\u00f3","technic_string":"Fon\u00e1s (csuh\u00e9, gy\u00e9k\u00e9ny, stb.)","category_1":"813","category_2":"314","category_3":"1468","category_4":"790","merged_category_1":null,"merged_category_2":null,"merged_category_3":null,"technic_1":"482","technic_2":"0","technic_3":"0","color_1":"515","color_2":"522","color_3":"529","product_description_old":null,"product_description":"Csal\u00e1di gazdas\u00e1gunkban termesztett \u00e9s gy\u0171jt\u00f6tt csuh\u00e9b\u00f3l, s\u00e1sb\u00f3l \u00e9s levendul\u00e1b\u00f3l k\u00e9sz\u00edtett akaszthat\u00f3 d\u00edsz. A kukorica level\u00e9b\u0151l, csuh\u00e9j\u00e1b\u00f3l form\u00e1lt hagyom\u00e1nyos csutkababa egyszer\u0171, term\u00e9szetes sz\u00e9ps\u00e9ge \u00e9s a s\u00e1sb\u00f3l fon\u00e1ssal elk\u00e9sz\u00edtett koszor\u00fa nyugalmas ritmusa meghitt, b\u00e9k\u00e9s, otthonos hangulatot \u00e1raszt, ajt\u00f3ra akasztva pedig ezt \u00fczeni a bel\u00e9p\u0151nek: \"Szeretettel fogadlak!\"\nEls\u0151sorban belt\u00e9ri haszn\u00e1latra aj\u00e1nlom.\nM\u00e9rete: 22x28 cm + az akaszt\u00f3","price":"7800.00","unit":"db","recommended":"0","status":"1","sponsored":"0","exp_notify":"0","own_material":"0","own_material_description_old":null,"own_material_description":"","jury":"0","jury_number":"","product_nature":"","meskaracsony":"0","create_date":"2026-04-12 11:25:10","shelve_id":"0","image":"reporta_product_276546_250815094326_456268.jpeg","image_width":"480","image_height":"699","image_alt":"Levendulabab\u00e1s akaszthat\u00f3 d\u00edsz, Csal\u00e1di gazdas\u00e1gunkban termesztett \u00e9s gy\u0171jt\u00f6tt csuh\u00e9b\u00f3l, s\u00e1sb\u00f3l \u00e9s levendul\u00e1b\u00f3l k\u00e9sz\u00edtett akaszthat\u00f3..., Meska","image_title":"Levendulabab\u00e1s akaszthat\u00f3 d\u00edsz, Meska","view_count":"170","favourite_count":"0","trending_score":"0","last2MonthFavouriteCount":"0","promotion":"0","giftcard_accept":"0","creditcard_accept":false,"enhanced_background":"0","domain":"meska","specific_customer_id":null,"specific_customer_name":null,"to_order_product":"1","to_order_product_time":"20","product_different":null,"product_different_description":"","vintage":"0","vintage_category_id":"0","recycled":"1","gemstone_id":"0","customizable":"0","type_category":"physical","zerowaste":"1","postage_price":"2390.00","shop_order":"0","has_category":"1","landing_pages":null,"microdata":{"number":34,"category":""},"title":"Levendulabab\u00e1s akaszthat\u00f3 d\u00edsz","description":"Csal\u00e1di gazdas\u00e1gunkban termesztett \u00e9s gy\u0171jt\u00f6tt csuh\u00e9b\u00f3l, s\u00e1sb\u00f3l \u00e9s levendul\u00e1b\u00f3l k\u00e9sz\u00edtett akaszthat\u00f3 d\u00edsz. A kukorica level\u00e9b\u0151l, csuh\u00e9j\u00e1b\u00f3l form\u00e1lt hagyom\u00e1nyos csutkababa egyszer\u0171, term\u00e9szetes sz\u00e9ps\u00e9ge \u00e9s a s\u00e1sb\u00f3l fon\u00e1ssal elk\u00e9sz\u00edtett koszor\u00fa nyugalmas ritmusa meghitt, b\u00e9k\u00e9s, otthonos hangulatot \u00e1raszt, ajt\u00f3ra akasztva pedig ezt \u00fczeni a bel\u00e9p\u0151nek: \"Szeretettel fogadlak!\"\nEls\u0151sorban belt\u00e9ri haszn\u00e1latra aj\u00e1nlom.\nM\u00e9rete: 22x28 cm + az akaszt\u00f3","score":0,"formatted_price":"7 800 Ft","image_url":"https:\/\/www.meska.hu\/img\/product\/small\/r\/e\/reporta_product_276546_250815094326_456268.jpeg","formatted_url":"https:\/\/www.meska.hu\/p5608051-levendulababas-akaszthato-disz","favourite":false,"in_stock":false,"avatar":"RePorta_avatar_276546_1511173483.jpg","delete_from":0,"is_enhanced_background":false,"is_enhanced":false,"product_selection_started":false,"is_active":true,"image_webp_url":"https:\/\/www.meska.hu\/img\/product\/small\/r\/e\/reporta_product_276546_250815094326_456268.webp"},{"id":"3402911","shop_id":"99","user_id":"204","shop_name":"kezmuvesporta","shop_zip":"3176","product_code":"3854215","product_name_old":null,"product_name":"ETNO z\u00f6ld f\u00fclbeval\u00f3 gy\u00e9k\u00e9nyfonattal d\u00edsz\u00edtve","category_string":"\u00c9kszer, F\u00fclbeval\u00f3, L\u00f3g\u00f3 f\u00fclbeval\u00f3","technic_string":"Fon\u00e1s (csuh\u00e9, gy\u00e9k\u00e9ny, stb.), \u00c9kszerk\u00e9sz\u00edt\u00e9s","category_1":"327","category_2":"331","category_3":"1219","category_4":"0","merged_category_1":"0","merged_category_2":"0","merged_category_3":"0","technic_1":"482","technic_2":"477","technic_3":"0","color_1":"515","color_2":"524","color_3":"529","product_description_old":null,"product_description":"FOLK&VINTAGE - TERM\u00c9SZETB\u0150L FONVA\n\nDivat a term\u00e9szetb\u0151l!   A f\u00fclbeval\u00f3 k\u00fcl\u00f6nlegess\u00e9g\u00e9t a finom gy\u00e9k\u00e9nysodratok adj\u00e1k, melyek sz\u00e9pen k\u00f6rbefonj\u00e1k a z\u00f6ld \u00e1sv\u00e1nyi gy\u00f6ngy\u00f6ket. \n\n \u00c9kszerkell\u00e9knek a v\u00f6r\u00f6sr\u00e9z sz\u00ednt v\u00e1lasztottam, mely sz\u00e9pen egys\u00e9gbe z\u00e1rja az eg\u00e9szet. \n\nEgy igaz\u00e1n k\u00fcl\u00f6nleges, egyedi darabja lesz az \u00f6lt\u00f6z\u00e9kednek ez a term\u00e9szetes f\u00fclbeval\u00f3.\n\nM\u00e9rete: 4 cm\n\nFENNTARTHAT\u00d3S\u00c1G, K\u00d6RNYEZETTUDATOSS\u00c1G, MEG\u00daJ\u00daL\u00c1S\n\nFontos misszi\u00f3nak tartom, hogy megismertessem a magyar emberekkel a haz\u00e1nkban fellelhet\u0151 term\u00e9szetes anyagokat, \u00e9s az azokban rejl\u0151 csod\u00e1t. Hiszem, hogy ezen anyagokb\u00f3l k\u00e9sz\u00edtett term\u00e9kek id\u0151t\u00e1ll\u00f3k \u00e9s j\u00f3l beilleszthet\u0151k mai lak\u00e1strendekbe \u00e9s divatterm\u00e9kek k\u00f6z\u00e9 is. \n\nAz alapanyagokat (gy\u00e9k\u00e9ny, k\u00e1ka) minden \u00e9vben \u00e9n gy\u0171jt\u00f6m, \u00edgy pontosan tudom annak sz\u00e1rmaz\u00e1si hely\u00e9t. Gondosan odafigyelek az anyagok sz\u00e1r\u00edt\u00e1s\u00e1ra, t\u00e1rol\u00e1s\u00e1ra. Miel\u0151tt term\u00e9k lesz az alapanyagb\u00f3l, \u00fajra v\u00e1logat\u00e1sra ker\u00fcl, \u00edgy tudom garant\u00e1lni a j\u00f3 min\u0151s\u00e9get. \n\nTerm\u00e9keimmel szeretn\u00e9k alternat\u00edv\u00e1t ny\u00fajtani azoknak, akik sz\u00e1m\u00e1ra fontos, a k\u00f6rnyezettudatoss\u00e1g \u00e9s fenntarthat\u00f3s\u00e1g. A folk&VINTAGE term\u00e9kek hazai anyagokb\u00f3l hagyom\u00e1nyos technik\u00e1val k\u00e9sz\u00edtett min\u0151s\u00e9gi term\u00e9kek, melyek a term\u00e9szet harm\u00f3ni\u00e1j\u00e1t ny\u00fajtj\u00e1k. \n","price":"2200.00","unit":"db","recommended":"0","status":"1","sponsored":"0","exp_notify":"0","own_material":"0","own_material_description_old":null,"own_material_description":"","jury":"1","jury_number":"AJ\u00c1ND\u00c9KT\u00c1RGY-1877\/2019","product_nature":"","meskaracsony":"0","create_date":"2026-04-12 07:49:06","shelve_id":"63131","image":"kezmuvesporta_product_204_200929125254_250613.jpeg","image_width":"480","image_height":"320","image_alt":"ETNO z\u00f6ld f\u00fclbeval\u00f3 gy\u00e9k\u00e9nyfonattal d\u00edsz\u00edtve, FOLK&VINTAGE - TERM\u00c9SZETB\u0150L FONVA\\n\\nDivat a term\u00e9szetb\u0151l!   A f\u00fclbeval\u00f3 k\u00fcl\u00f6nlegess\u00e9g\u00e9t a finom gy\u00e9k\u00e9..., Meska","image_title":"ETNO z\u00f6ld f\u00fclbeval\u00f3 gy\u00e9k\u00e9nyfonattal d\u00edsz\u00edtve, Meska","view_count":"1092","favourite_count":"0","trending_score":"0","last2MonthFavouriteCount":"0","promotion":"0","giftcard_accept":"0","creditcard_accept":true,"enhanced_background":"0","domain":"meska","specific_customer_id":null,"specific_customer_name":null,"to_order_product":"0","to_order_product_time":"0","product_different":null,"product_different_description":"","vintage":"0","vintage_category_id":"0","recycled":"0","gemstone_id":"0","customizable":"0","type_category":"physical","zerowaste":"0","postage_price":"1290.00","shop_order":"0","has_category":"1","landing_pages":null,"microdata":{"number":35,"category":""},"title":"ETNO z\u00f6ld f\u00fclbeval\u00f3 gy\u00e9k\u00e9nyfonattal d\u00edsz\u00edtve","description":"FOLK&VINTAGE - TERM\u00c9SZETB\u0150L FONVA\n\nDivat a term\u00e9szetb\u0151l!   A f\u00fclbeval\u00f3 k\u00fcl\u00f6nlegess\u00e9g\u00e9t a finom gy\u00e9k\u00e9nysodratok adj\u00e1k, melyek sz\u00e9pen k\u00f6rbefonj\u00e1k a z\u00f6ld \u00e1sv\u00e1nyi gy\u00f6ngy\u00f6ket. \n\n \u00c9kszerkell\u00e9knek a v\u00f6r\u00f6sr\u00e9z sz\u00ednt v\u00e1lasztottam, mely sz\u00e9pen egys\u00e9gbe z\u00e1rja az eg\u00e9szet. \n\nEgy igaz\u00e1n k\u00fcl\u00f6nleges, egyedi darabja lesz az \u00f6lt\u00f6z\u00e9kednek ez a term\u00e9szetes f\u00fclbeval\u00f3.\n\nM\u00e9rete: 4 cm\n\nFENNTARTHAT\u00d3S\u00c1G, K\u00d6RNYEZETTUDATOSS\u00c1G, MEG\u00daJ\u00daL\u00c1S\n\nFontos misszi\u00f3nak tartom, hogy megismertessem a magyar emberekkel a haz\u00e1nkban fellelhet\u0151 term\u00e9szetes anyagokat, \u00e9s az azokban rejl\u0151 csod\u00e1t. Hiszem, hogy ezen anyagokb\u00f3l k\u00e9sz\u00edtett term\u00e9kek id\u0151t\u00e1ll\u00f3k \u00e9s j\u00f3l beilleszthet\u0151k mai lak\u00e1strendekbe \u00e9s divatterm\u00e9kek k\u00f6z\u00e9 is. \n\nAz alapanyagokat (gy\u00e9k\u00e9ny, k\u00e1ka) minden \u00e9vben \u00e9n gy\u0171jt\u00f6m, \u00edgy pontosan tudom annak sz\u00e1rmaz\u00e1si hely\u00e9t. Gondosan odafigyelek az anyagok sz\u00e1r\u00edt\u00e1s\u00e1ra, t\u00e1rol\u00e1s\u00e1ra. Miel\u0151tt term\u00e9k lesz az alapanyagb\u00f3l, \u00fajra v\u00e1logat\u00e1sra ker\u00fcl, \u00edgy tudom garant\u00e1lni a j\u00f3 min\u0151s\u00e9get. \n\nTerm\u00e9keimmel szeretn\u00e9k alternat\u00edv\u00e1t ny\u00fajtani azoknak, akik sz\u00e1m\u00e1ra fontos, a k\u00f6rnyezettudatoss\u00e1g \u00e9s fenntarthat\u00f3s\u00e1g. A folk&VINTAGE term\u00e9kek hazai anyagokb\u00f3l hagyom\u00e1nyos technik\u00e1val k\u00e9sz\u00edtett min\u0151s\u00e9gi term\u00e9kek, melyek a term\u00e9szet harm\u00f3ni\u00e1j\u00e1t ny\u00fajtj\u00e1k. \n","score":0,"formatted_price":"2 200 Ft","image_url":"https:\/\/www.meska.hu\/img\/product\/small\/k\/e\/kezmuvesporta_product_204_200929125254_250613.jpeg","formatted_url":"https:\/\/www.meska.hu\/p3854215-etno-zold-fulbevalo-gyekenyfonattal-diszitve","favourite":false,"in_stock":true,"avatar":"kezmuvesporta_avatar_204_1601323895.jpg","delete_from":0,"is_enhanced_background":false,"is_enhanced":false,"product_selection_started":false,"is_active":true,"image_webp_url":"https:\/\/www.meska.hu\/img\/product\/small\/k\/e\/kezmuvesporta_product_204_200929125254_250613.webp"},{"id":"4896463","shop_id":"99","user_id":"204","shop_name":"kezmuvesporta","shop_zip":"3176","product_code":"5013092","product_name_old":null,"product_name":"Fonott k\u00f6r f\u00fclbeval\u00f3 k\u00e1k\u00e1b\u00f3l","category_string":"\u00c9kszer, F\u00fclbeval\u00f3, L\u00f3g\u00f3 f\u00fclbeval\u00f3","technic_string":"Fon\u00e1s (csuh\u00e9, gy\u00e9k\u00e9ny, stb.), \u00c9kszerk\u00e9sz\u00edt\u00e9s","category_1":"327","category_2":"331","category_3":"1219","category_4":"0","merged_category_1":"0","merged_category_2":"0","merged_category_3":"0","technic_1":"482","technic_2":"477","technic_3":"0","color_1":"515","color_2":"521","color_3":"0","product_description_old":null,"product_description":"FOLK&VINTAGE - TERM\u00c9SZETB\u0150L FONVA\n\nDivat a term\u00e9szetb\u0151l!  Egyedi k\u00e1k\u00e1b\u00f3lfonott z\u00f6ld f\u00fclbeval\u00f3. A korong m\u00e9rete 3,5-4 cm. Egy kisebb t\u00fcrkiz \u00e1sv\u00e1ny d\u00edsz\u00edt\u00e9st kapott m\u00e9g. \n\nEgy igaz\u00e1n k\u00fcl\u00f6nleges, egyedi darabja lesz az \u00f6lt\u00f6z\u00e9kednek ez a term\u00e9szetes f\u00fclbeval\u00f3.\n\n\nA k\u00f6r \u00e1tm\u00e9r\u0151je 3,5-4 cm.\n\n\n\nMivel egyedi k\u00e9zm\u0171ves term\u00e9kekr\u0151l van sz\u00f3, \u00edgy a term\u00e9kek vastags\u00e1ga \u00e9s sz\u00edne k\u00f6z\u00f6tt lehet minim\u00e1lis elt\u00e9r\u00e9s. \n\n\n\nFENNTARTHAT\u00d3S\u00c1G, K\u00d6RNYEZETTUDATOSS\u00c1G, MEG\u00daJ\u00daL\u00c1S\n\nFontos misszi\u00f3nak tartom, hogy megismertessem a magyar emberekkel a haz\u00e1nkban fellelhet\u0151 term\u00e9szetes anyagokat, \u00e9s az azokban rejl\u0151 csod\u00e1t. Hiszem, hogy ezen anyagokb\u00f3l k\u00e9sz\u00edtett term\u00e9kek id\u0151t\u00e1ll\u00f3k \u00e9s j\u00f3l beilleszthet\u0151k mai lak\u00e1strendekbe \u00e9s divatterm\u00e9kek k\u00f6z\u00e9 is. \n\nAz alapanyagokat (gy\u00e9k\u00e9ny, k\u00e1ka) minden \u00e9vben \u00e9n gy\u0171jt\u00f6m, \u00edgy pontosan tudom annak sz\u00e1rmaz\u00e1si hely\u00e9t. Gondosan odafigyelek az anyagok sz\u00e1r\u00edt\u00e1s\u00e1ra, t\u00e1rol\u00e1s\u00e1ra. Miel\u0151tt term\u00e9k lesz az alapanyagb\u00f3l, \u00fajra v\u00e1logat\u00e1sra ker\u00fcl, \u00edgy tudom garant\u00e1lni a j\u00f3 min\u0151s\u00e9get. \n\nTerm\u00e9keimmel szeretn\u00e9k alternat\u00edv\u00e1t ny\u00fajtani azoknak, akik sz\u00e1m\u00e1ra fontos, a k\u00f6rnyezettudatoss\u00e1g \u00e9s fenntarthat\u00f3s\u00e1g. A folk&VINTAGE term\u00e9kek hazai anyagokb\u00f3l hagyom\u00e1nyos technik\u00e1val k\u00e9sz\u00edtett min\u0151s\u00e9gi term\u00e9kek, melyek a term\u00e9szet harm\u00f3ni\u00e1j\u00e1t ny\u00fajtj\u00e1k. \n","price":"3500.00","unit":"db","recommended":"0","status":"1","sponsored":"0","exp_notify":"0","own_material":"0","own_material_description_old":null,"own_material_description":"","jury":"1","jury_number":"AJ\u00c1ND\u00c9KT\u00c1RGY-1877\/2019","product_nature":"","meskaracsony":"0","create_date":"2026-04-12 07:49:06","shelve_id":"63131","image":"kezmuvesporta_product_204_230711130310_195299.jpeg","image_width":"480","image_height":"480","image_alt":"Fonott k\u00f6r f\u00fclbeval\u00f3 k\u00e1k\u00e1b\u00f3l, FOLK&VINTAGE - TERM\u00c9SZETB\u0150L FONVA\\n\\nDivat a term\u00e9szetb\u0151l!  Egyedi k\u00e1k\u00e1b\u00f3lfonott z\u00f6ld f\u00fclbeval\u00f3. A kor..., Meska","image_title":"Fonott k\u00f6r f\u00fclbeval\u00f3 k\u00e1k\u00e1b\u00f3l, Meska","view_count":"1211","favourite_count":"1","trending_score":"0","last2MonthFavouriteCount":"1","promotion":"0","giftcard_accept":"0","creditcard_accept":true,"enhanced_background":"0","domain":"meska","specific_customer_id":null,"specific_customer_name":null,"to_order_product":"0","to_order_product_time":"0","product_different":null,"product_different_description":"","vintage":"0","vintage_category_id":"0","recycled":"0","gemstone_id":"0","customizable":"0","type_category":"physical","zerowaste":"0","postage_price":"1290.00","shop_order":"0","has_category":"1","landing_pages":null,"microdata":{"number":36,"category":""},"title":"Fonott k\u00f6r f\u00fclbeval\u00f3 k\u00e1k\u00e1b\u00f3l","description":"FOLK&VINTAGE - TERM\u00c9SZETB\u0150L FONVA\n\nDivat a term\u00e9szetb\u0151l!  Egyedi k\u00e1k\u00e1b\u00f3lfonott z\u00f6ld f\u00fclbeval\u00f3. A korong m\u00e9rete 3,5-4 cm. Egy kisebb t\u00fcrkiz \u00e1sv\u00e1ny d\u00edsz\u00edt\u00e9st kapott m\u00e9g. \n\nEgy igaz\u00e1n k\u00fcl\u00f6nleges, egyedi darabja lesz az \u00f6lt\u00f6z\u00e9kednek ez a term\u00e9szetes f\u00fclbeval\u00f3.\n\n\nA k\u00f6r \u00e1tm\u00e9r\u0151je 3,5-4 cm.\n\n\n\nMivel egyedi k\u00e9zm\u0171ves term\u00e9kekr\u0151l van sz\u00f3, \u00edgy a term\u00e9kek vastags\u00e1ga \u00e9s sz\u00edne k\u00f6z\u00f6tt lehet minim\u00e1lis elt\u00e9r\u00e9s. \n\n\n\nFENNTARTHAT\u00d3S\u00c1G, K\u00d6RNYEZETTUDATOSS\u00c1G, MEG\u00daJ\u00daL\u00c1S\n\nFontos misszi\u00f3nak tartom, hogy megismertessem a magyar emberekkel a haz\u00e1nkban fellelhet\u0151 term\u00e9szetes anyagokat, \u00e9s az azokban rejl\u0151 csod\u00e1t. Hiszem, hogy ezen anyagokb\u00f3l k\u00e9sz\u00edtett term\u00e9kek id\u0151t\u00e1ll\u00f3k \u00e9s j\u00f3l beilleszthet\u0151k mai lak\u00e1strendekbe \u00e9s divatterm\u00e9kek k\u00f6z\u00e9 is. \n\nAz alapanyagokat (gy\u00e9k\u00e9ny, k\u00e1ka) minden \u00e9vben \u00e9n gy\u0171jt\u00f6m, \u00edgy pontosan tudom annak sz\u00e1rmaz\u00e1si hely\u00e9t. Gondosan odafigyelek az anyagok sz\u00e1r\u00edt\u00e1s\u00e1ra, t\u00e1rol\u00e1s\u00e1ra. Miel\u0151tt term\u00e9k lesz az alapanyagb\u00f3l, \u00fajra v\u00e1logat\u00e1sra ker\u00fcl, \u00edgy tudom garant\u00e1lni a j\u00f3 min\u0151s\u00e9get. \n\nTerm\u00e9keimmel szeretn\u00e9k alternat\u00edv\u00e1t ny\u00fajtani azoknak, akik sz\u00e1m\u00e1ra fontos, a k\u00f6rnyezettudatoss\u00e1g \u00e9s fenntarthat\u00f3s\u00e1g. A folk&VINTAGE term\u00e9kek hazai anyagokb\u00f3l hagyom\u00e1nyos technik\u00e1val k\u00e9sz\u00edtett min\u0151s\u00e9gi term\u00e9kek, melyek a term\u00e9szet harm\u00f3ni\u00e1j\u00e1t ny\u00fajtj\u00e1k. \n","score":0,"formatted_price":"3 500 Ft","image_url":"https:\/\/www.meska.hu\/img\/product\/small\/k\/e\/kezmuvesporta_product_204_230711130310_195299.jpeg","formatted_url":"https:\/\/www.meska.hu\/p5013092-fonott-kor-fulbevalo-kakabol","favourite":false,"in_stock":true,"avatar":"kezmuvesporta_avatar_204_1601323895.jpg","delete_from":0,"is_enhanced_background":false,"is_enhanced":false,"product_selection_started":false,"is_active":true,"image_webp_url":"https:\/\/www.meska.hu\/img\/product\/small\/k\/e\/kezmuvesporta_product_204_230711130310_195299.webp"},{"id":"5105917","shop_id":"26841","user_id":"327178","shop_name":"gardonyilevendula","shop_zip":"2483","product_code":"5148257","product_name_old":null,"product_name":"Mini aj\u00e1nd\u00e9kcsomag, fonott dobozk\u00e1ban, feny\u0151var\u00e1zs","category_string":"Otthon & \u00c9letm\u00f3d, Dekor\u00e1ci\u00f3, Asztal \u00e9s polc dekor\u00e1ci\u00f3, D\u00edszdoboz","technic_string":"Fon\u00e1s (csuh\u00e9, gy\u00e9k\u00e9ny, stb.), Szappank\u00e9sz\u00edt\u00e9s","category_1":"813","category_2":"314","category_3":"1467","category_4":"940","merged_category_1":"0","merged_category_2":"0","merged_category_3":"785","technic_1":"482","technic_2":"500","technic_3":"0","color_1":"515","color_2":"529","color_3":"0","product_description_old":null,"product_description":"V\u00e1logat\u00e1s gy\u00f3gyn\u00f6v\u00e9nyes term\u00e9keinkb\u0151l, k\u00e9t praktikus \u00e9s illatos apr\u00f3s\u00e1g egy j\u00f3l haszn\u00e1lhat\u00f3 csinos k\u00f6rnyezetbar\u00e1t dobozk\u00e1ba gy\u0171jtve.\n\nAz \u00e1pol\u00f3 csomagot \u00fajrahasznos\u00edtott pap\u00edrb\u00f3l font, fedeles dobozk\u00e1ba tett\u00fck, melynek teteje szalaggal \u00e1t van f\u0171zve. Ezt a dobozk\u00e1t sokmindenre haszn\u00e1lni tudja m\u00e9g az aj\u00e1nd\u00e9kozott, \u00e9kszereknek, \u00e9dess\u00e9gnek, b\u00e1rmilyen kis kincseknek praktikus, dekorat\u00edv \u00e9s term\u00e9szetes t\u00e1rol\u00f3.\nA csomagb\u00f3l van k\u00e9szleten is, de megrendelhet\u0151k\u00e9nt teszem fel, mivel nagyobb darabsz\u00e1mban is rendelhet\u0151.\n\nTartalma:\n\n1 db ker\u00e1mia illatos\u00edt\u00f3 szett, 2 ml levendula olajjal (ezt sz\u00ednben harmoniz\u00e1lva tessz\u00fck bele a csomagba) A feny\u0151sn\u00e9l sem kar\u00e1csonyi form\u00e1j\u00fa illatos\u00edt\u00f3t csomagolunk!\n\n1 db k\u00e9nyeztet\u0151 szappan (feny\u0151t\u0171olaj \u00e9s \u00e9desnarancs kever\u00e9ke, 60 g, z\u00f6ld sz\u00ednben)\n\n1 db k\u00f6r alak\u00fa fedeles fonott dobozka b\u00e9zs sz\u00ednben (bels\u0151 \u00e1tm\u00e9r\u0151 10 cm, magass\u00e1ga 10 cm)\nA citromf\u00fcves dobozk\u00e1t b\u00e9zs sz\u00edn\u0171 szalaggal k\u00f6tj\u00fck \u00e1t.\n\nTERM\u00c9KEINK ENGED\u00c9LYEZETT, BEVIZSG\u00c1LT TERM\u00c9KEK.\n\nMIN\u0150S\u00c9GBIZTOS\u00cdT\u00c1SI RENDSZER: MSZ EN ISO 22716\/2008\n\nCPNP 4018159\n\nLIMIT\u00c1LT KIAD\u00c1S, EL\u0150RENDELHET\u0150!\nAj\u00e1nd\u00e9kdobozk\u00e1nak tervezt\u00fck ezt a kerek dobozk\u00e1t, bels\u0151 peremes, passzol\u00f3 tet\u0151vel. A tet\u0151 egy szalag bef\u0171z\u00e9s\u00e9vel r\u00f6gz\u00edthet\u0151. A csomagot hozz\u00e1 ill\u0151 log\u00f3s szalagunkkal k\u00e9sz\u00edtj\u00fck.\n\nEgyszer\u0171 letisztult design, \u00edgy a modern otthonokba is passzol\u00f3 dekor\u00e1ci\u00f3, dobozka.\nM\u00e9rete bels\u0151 \u00e1tm\u00e9r\u0151 10 cm, magass\u00e1ga 10 cm.","price":"5500.00","unit":"db","recommended":"0","status":"1","sponsored":"0","exp_notify":"0","own_material":"0","own_material_description_old":null,"own_material_description":"","jury":"0","jury_number":"","product_nature":"","meskaracsony":"0","create_date":"2026-04-11 22:00:50","shelve_id":"67490","image":"gardonyilevendula_product_327178_231128194542_583539.jpeg","image_width":"480","image_height":"320","image_alt":"Mini aj\u00e1nd\u00e9kcsomag, fonott dobozk\u00e1ban, feny\u0151var\u00e1zs, V\u00e1logat\u00e1s gy\u00f3gyn\u00f6v\u00e9nyes term\u00e9keinkb\u0151l, k\u00e9t praktikus \u00e9s illatos apr\u00f3s\u00e1g egy j\u00f3l haszn\u00e1lhat\u00f3 csinos k..., Meska","image_title":"Mini aj\u00e1nd\u00e9kcsomag, fonott dobozk\u00e1ban, feny\u0151var\u00e1zs, Meska","view_count":"1342","favourite_count":"0","trending_score":"0","last2MonthFavouriteCount":"0","promotion":"0","giftcard_accept":"0","creditcard_accept":true,"enhanced_background":"0","domain":"meska","specific_customer_id":null,"specific_customer_name":null,"to_order_product":"1","to_order_product_time":"2","product_different":null,"product_different_description":"","vintage":"0","vintage_category_id":"0","recycled":"1","gemstone_id":"0","customizable":"0","type_category":"physical","zerowaste":"1","postage_price":"1290.00","shop_order":"0","has_category":"1","landing_pages":"Kar\u00e1csonyi aj\u00e1nd\u00e9kok, Kar\u00e1csonyi aj\u00e1nd\u00e9kok","microdata":{"number":37,"category":""},"title":"Mini aj\u00e1nd\u00e9kcsomag, fonott dobozk\u00e1ban, feny\u0151var\u00e1zs","description":"V\u00e1logat\u00e1s gy\u00f3gyn\u00f6v\u00e9nyes term\u00e9keinkb\u0151l, k\u00e9t praktikus \u00e9s illatos apr\u00f3s\u00e1g egy j\u00f3l haszn\u00e1lhat\u00f3 csinos k\u00f6rnyezetbar\u00e1t dobozk\u00e1ba gy\u0171jtve.\n\nAz \u00e1pol\u00f3 csomagot \u00fajrahasznos\u00edtott pap\u00edrb\u00f3l font, fedeles dobozk\u00e1ba tett\u00fck, melynek teteje szalaggal \u00e1t van f\u0171zve. Ezt a dobozk\u00e1t sokmindenre haszn\u00e1lni tudja m\u00e9g az aj\u00e1nd\u00e9kozott, \u00e9kszereknek, \u00e9dess\u00e9gnek, b\u00e1rmilyen kis kincseknek praktikus, dekorat\u00edv \u00e9s term\u00e9szetes t\u00e1rol\u00f3.\nA csomagb\u00f3l van k\u00e9szleten is, de megrendelhet\u0151k\u00e9nt teszem fel, mivel nagyobb darabsz\u00e1mban is rendelhet\u0151.\n\nTartalma:\n\n1 db ker\u00e1mia illatos\u00edt\u00f3 szett, 2 ml levendula olajjal (ezt sz\u00ednben harmoniz\u00e1lva tessz\u00fck bele a csomagba) A feny\u0151sn\u00e9l sem kar\u00e1csonyi form\u00e1j\u00fa illatos\u00edt\u00f3t csomagolunk!\n\n1 db k\u00e9nyeztet\u0151 szappan (feny\u0151t\u0171olaj \u00e9s \u00e9desnarancs kever\u00e9ke, 60 g, z\u00f6ld sz\u00ednben)\n\n1 db k\u00f6r alak\u00fa fedeles fonott dobozka b\u00e9zs sz\u00ednben (bels\u0151 \u00e1tm\u00e9r\u0151 10 cm, magass\u00e1ga 10 cm)\nA citromf\u00fcves dobozk\u00e1t b\u00e9zs sz\u00edn\u0171 szalaggal k\u00f6tj\u00fck \u00e1t.\n\nTERM\u00c9KEINK ENGED\u00c9LYEZETT, BEVIZSG\u00c1LT TERM\u00c9KEK.\n\nMIN\u0150S\u00c9GBIZTOS\u00cdT\u00c1SI RENDSZER: MSZ EN ISO 22716\/2008\n\nCPNP 4018159\n\nLIMIT\u00c1LT KIAD\u00c1S, EL\u0150RENDELHET\u0150!\nAj\u00e1nd\u00e9kdobozk\u00e1nak tervezt\u00fck ezt a kerek dobozk\u00e1t, bels\u0151 peremes, passzol\u00f3 tet\u0151vel. A tet\u0151 egy szalag bef\u0171z\u00e9s\u00e9vel r\u00f6gz\u00edthet\u0151. A csomagot hozz\u00e1 ill\u0151 log\u00f3s szalagunkkal k\u00e9sz\u00edtj\u00fck.\n\nEgyszer\u0171 letisztult design, \u00edgy a modern otthonokba is passzol\u00f3 dekor\u00e1ci\u00f3, dobozka.\nM\u00e9rete bels\u0151 \u00e1tm\u00e9r\u0151 10 cm, magass\u00e1ga 10 cm.","score":0,"formatted_price":"5 500 Ft","image_url":"https:\/\/www.meska.hu\/img\/product\/small\/g\/a\/gardonyilevendula_product_327178_231128194542_583539.jpeg","formatted_url":"https:\/\/www.meska.hu\/p5148257-mini-ajandekcsomag-fonott-dobozkaban-fenyovarazs-cegeknek-kollegalnak-baratoknak","favourite":false,"in_stock":false,"avatar":"gardonyilevendula_avatar_327178_1666612331.jpg","delete_from":0,"is_enhanced_background":false,"is_enhanced":false,"product_selection_started":false,"is_active":true,"image_webp_url":"https:\/\/www.meska.hu\/img\/product\/small\/g\/a\/gardonyilevendula_product_327178_231128194542_583539.webp"},{"id":"5003629","shop_id":"26841","user_id":"327178","shop_name":"gardonyilevendula","shop_zip":"2483","product_code":"5083560","product_name_old":null,"product_name":"Mini aj\u00e1nd\u00e9kcsomag, fonott dobozk\u00e1ban, citromf\u00fcves, c\u00e9geknek, koll\u00e9g\u00e1lnak, bar\u00e1toknak","category_string":"Sz\u00e9ps\u00e9g\u00e1pol\u00e1s, Kozmetikai aj\u00e1nd\u00e9kcsomag","technic_string":"Fon\u00e1s (csuh\u00e9, gy\u00e9k\u00e9ny, stb.), Szappank\u00e9sz\u00edt\u00e9s","category_1":"454","category_2":"915","category_3":"0","category_4":"0","merged_category_1":"0","merged_category_2":"0","merged_category_3":"785","technic_1":"482","technic_2":"500","technic_3":"0","color_1":"515","color_2":"528","color_3":"529","product_description_old":null,"product_description":"V\u00e1logat\u00e1s gy\u00f3gyn\u00f6v\u00e9nyes term\u00e9keinkb\u0151l, k\u00e9t praktikus \u00e9s illatos apr\u00f3s\u00e1g egy j\u00f3l haszn\u00e1lhat\u00f3 csinos k\u00f6rnyezetbar\u00e1t dobozk\u00e1ba gy\u0171jtve.\n\nAz \u00e1pol\u00f3 csomagot \u00fajrahasznos\u00edtott pap\u00edrb\u00f3l font, fedeles dobozk\u00e1ba tett\u00fck, melynek teteje szalaggal \u00e1t van f\u0171zve. Ezt a dobozk\u00e1t sokmindenre haszn\u00e1lni tudja m\u00e9g az aj\u00e1nd\u00e9kozott, \u00e9kszereknek, \u00e9dess\u00e9gnek, b\u00e1rmilyen kis kincseknek praktikus, dekorat\u00edv \u00e9s term\u00e9szetes t\u00e1rol\u00f3.\nA csomagb\u00f3l van k\u00e9szleten is, de megrendelhet\u0151k\u00e9nt teszem fel, mivel nagyobb darabsz\u00e1mban is rendelhet\u0151.\n\nTartalma:\n\n1 db ker\u00e1mia illatos\u00edt\u00f3 szett, 2 ml levendula olajjal (ezt sz\u00ednben harmoniz\u00e1lva tessz\u00fck bele a csomagba)\n\n1 db k\u00e9nyeztet\u0151 szappan (citromf\u0171-rozmaring, 60 g, t\u00fcrkiz sz\u00ednben)\n\n1 db k\u00f6r alak\u00fa fedeles fonott dobozka b\u00e9zs sz\u00ednben (bels\u0151 \u00e1tm\u00e9r\u0151 10 cm, magass\u00e1ga 10 cm)\nA citromf\u00fcves dobozk\u00e1t b\u00e9zs sz\u00edn\u0171 szalaggal k\u00f6tj\u00fck \u00e1t.\n\nTERM\u00c9KEINK ENGED\u00c9LYEZETT, BEVIZSG\u00c1LT TERM\u00c9KEK.\n\nMIN\u0150S\u00c9GBIZTOS\u00cdT\u00c1SI RENDSZER: MSZ EN ISO 22716\/2008\n\nCPNP 4018159\n\nLIMIT\u00c1LT KIAD\u00c1S, EL\u0150RENDELHET\u0150!\nAj\u00e1nd\u00e9kdobozk\u00e1nak tervezt\u00fck ezt a kerek dobozk\u00e1t, bels\u0151 peremes, passzol\u00f3 tet\u0151vel. A tet\u0151 egy szalag bef\u0171z\u00e9s\u00e9vel r\u00f6gz\u00edthet\u0151. A csomagot hozz\u00e1 ill\u0151 log\u00f3s szalagunkkal k\u00e9sz\u00edtj\u00fck.\n\nEgyszer\u0171 letisztult design, \u00edgy a modern otthonokba is passzol\u00f3 dekor\u00e1ci\u00f3, dobozka.\nM\u00e9rete bels\u0151 \u00e1tm\u00e9r\u0151 10 cm, magass\u00e1ga 10 cm.","price":"5500.00","unit":"db","recommended":"0","status":"1","sponsored":"0","exp_notify":"0","own_material":"0","own_material_description_old":null,"own_material_description":"","jury":"0","jury_number":"","product_nature":"","meskaracsony":"0","create_date":"2026-04-11 22:00:47","shelve_id":"67490","image":"gardonyilevendula_product_327178_231126104636_259628.jpeg","image_width":"480","image_height":"319","image_alt":"Mini aj\u00e1nd\u00e9kcsomag, fonott dobozk\u00e1ban, citromf\u00fcves, c\u00e9geknek, koll\u00e9g\u00e1lnak, bar\u00e1toknak, V\u00e1logat\u00e1s gy\u00f3gyn\u00f6v\u00e9nyes term\u00e9keinkb\u0151l, k\u00e9t praktikus \u00e9s illatos apr\u00f3s\u00e1g egy j\u00f3l haszn\u00e1lhat\u00f3 csinos k..., Meska","image_title":"Mini aj\u00e1nd\u00e9kcsomag, fonott dobozk\u00e1ban, citromf\u00fcves, c\u00e9geknek, koll\u00e9g\u00e1lnak, bar\u00e1toknak, Meska","view_count":"1828","favourite_count":"1","trending_score":"0","last2MonthFavouriteCount":"1","promotion":"0","giftcard_accept":"0","creditcard_accept":true,"enhanced_background":"0","domain":"meska","specific_customer_id":null,"specific_customer_name":null,"to_order_product":"1","to_order_product_time":"2","product_different":null,"product_different_description":"","vintage":"0","vintage_category_id":"0","recycled":"1","gemstone_id":"0","customizable":"0","type_category":"physical","zerowaste":"1","postage_price":"2390.00","shop_order":"0","has_category":"1","landing_pages":"Ballag\u00e1si aj\u00e1nd\u00e9kok \u00e9s kieg\u00e9sz\u00edt\u0151k, Kar\u00e1csonyi aj\u00e1nd\u00e9kok, Sz\u00fclinapi aj\u00e1nd\u00e9kok","microdata":{"number":38,"category":""},"title":"Mini aj\u00e1nd\u00e9kcsomag, fonott dobozk\u00e1ban, citromf\u00fcves, c\u00e9geknek, koll\u00e9g\u00e1lnak, bar\u00e1toknak","description":"V\u00e1logat\u00e1s gy\u00f3gyn\u00f6v\u00e9nyes term\u00e9keinkb\u0151l, k\u00e9t praktikus \u00e9s illatos apr\u00f3s\u00e1g egy j\u00f3l haszn\u00e1lhat\u00f3 csinos k\u00f6rnyezetbar\u00e1t dobozk\u00e1ba gy\u0171jtve.\n\nAz \u00e1pol\u00f3 csomagot \u00fajrahasznos\u00edtott pap\u00edrb\u00f3l font, fedeles dobozk\u00e1ba tett\u00fck, melynek teteje szalaggal \u00e1t van f\u0171zve. Ezt a dobozk\u00e1t sokmindenre haszn\u00e1lni tudja m\u00e9g az aj\u00e1nd\u00e9kozott, \u00e9kszereknek, \u00e9dess\u00e9gnek, b\u00e1rmilyen kis kincseknek praktikus, dekorat\u00edv \u00e9s term\u00e9szetes t\u00e1rol\u00f3.\nA csomagb\u00f3l van k\u00e9szleten is, de megrendelhet\u0151k\u00e9nt teszem fel, mivel nagyobb darabsz\u00e1mban is rendelhet\u0151.\n\nTartalma:\n\n1 db ker\u00e1mia illatos\u00edt\u00f3 szett, 2 ml levendula olajjal (ezt sz\u00ednben harmoniz\u00e1lva tessz\u00fck bele a csomagba)\n\n1 db k\u00e9nyeztet\u0151 szappan (citromf\u0171-rozmaring, 60 g, t\u00fcrkiz sz\u00ednben)\n\n1 db k\u00f6r alak\u00fa fedeles fonott dobozka b\u00e9zs sz\u00ednben (bels\u0151 \u00e1tm\u00e9r\u0151 10 cm, magass\u00e1ga 10 cm)\nA citromf\u00fcves dobozk\u00e1t b\u00e9zs sz\u00edn\u0171 szalaggal k\u00f6tj\u00fck \u00e1t.\n\nTERM\u00c9KEINK ENGED\u00c9LYEZETT, BEVIZSG\u00c1LT TERM\u00c9KEK.\n\nMIN\u0150S\u00c9GBIZTOS\u00cdT\u00c1SI RENDSZER: MSZ EN ISO 22716\/2008\n\nCPNP 4018159\n\nLIMIT\u00c1LT KIAD\u00c1S, EL\u0150RENDELHET\u0150!\nAj\u00e1nd\u00e9kdobozk\u00e1nak tervezt\u00fck ezt a kerek dobozk\u00e1t, bels\u0151 peremes, passzol\u00f3 tet\u0151vel. A tet\u0151 egy szalag bef\u0171z\u00e9s\u00e9vel r\u00f6gz\u00edthet\u0151. A csomagot hozz\u00e1 ill\u0151 log\u00f3s szalagunkkal k\u00e9sz\u00edtj\u00fck.\n\nEgyszer\u0171 letisztult design, \u00edgy a modern otthonokba is passzol\u00f3 dekor\u00e1ci\u00f3, dobozka.\nM\u00e9rete bels\u0151 \u00e1tm\u00e9r\u0151 10 cm, magass\u00e1ga 10 cm.","score":0,"formatted_price":"5 500 Ft","image_url":"https:\/\/www.meska.hu\/img\/product\/small\/g\/a\/gardonyilevendula_product_327178_231126104636_259628.jpeg","formatted_url":"https:\/\/www.meska.hu\/p5083560-mini-ajandekcsomag-fonott-dobozkaban-citromfuves-cegeknek-kollegalnak-baratoknak","favourite":false,"in_stock":false,"avatar":"gardonyilevendula_avatar_327178_1666612331.jpg","delete_from":0,"is_enhanced_background":false,"is_enhanced":false,"product_selection_started":false,"is_active":true,"image_webp_url":"https:\/\/www.meska.hu\/img\/product\/small\/g\/a\/gardonyilevendula_product_327178_231126104636_259628.webp"},{"id":"4824105","shop_id":"40458","user_id":"562106","shop_name":"ZsannaDekor","shop_zip":"1142","product_code":"4970205","product_name_old":null,"product_name":"Isten hozott kopogtat\u00f3","category_string":"Otthon & \u00c9letm\u00f3d, Dekor\u00e1ci\u00f3, Ajt\u00f3- \u00e9s ablak dekor\u00e1ci\u00f3, Ajt\u00f3d\u00edsz & Kopogtat\u00f3","technic_string":"Fon\u00e1s (csuh\u00e9, gy\u00e9k\u00e9ny, stb.), \u00dajrahasznos\u00edtott alapanyagb\u00f3l k\u00e9sz\u00fclt term\u00e9kek","category_1":"813","category_2":"314","category_3":"1468","category_4":"790","merged_category_1":"0","merged_category_2":"0","merged_category_3":"785","technic_1":"482","technic_2":"504","technic_3":"0","color_1":"514","color_2":"522","color_3":"0","product_description_old":null,"product_description":"Melt\u00f3 d\u00edsze lesz otthonodnak \u00e9s a hozz\u00e1d \u00e9rkez\u0151ket melegseggel t\u00f6lti el ez a fa keretre pap\u00edrfon\u00e1s technik\u00e1val k\u00e9sz\u00edtett nagyobb m\u00e9ret\u0171 kopogtat\u00f3.\n\n\u00c1tm\u00e9r\u0151je 24 cm.\n\nBp. 14.ker\u00fcletben szem\u00e9lyesen is \u00e1t tudom adni.","price":"3500.00","unit":"db","recommended":"0","status":"1","sponsored":"0","exp_notify":"0","own_material":"0","own_material_description_old":null,"own_material_description":"","jury":"0","jury_number":"","product_nature":"","meskaracsony":"0","create_date":"2026-04-11 20:59:12","shelve_id":"0","image":"zsannadekor_product_562106_250501180302_599853.jpeg","image_width":"480","image_height":"360","image_alt":"Isten hozott kopogtat\u00f3, Melt\u00f3 d\u00edsze lesz otthonodnak \u00e9s a hozz\u00e1d \u00e9rkez\u0151ket melegseggel t\u00f6lti el ez a fa keretre pap\u00edrfon\u00e1s t..., Meska","image_title":"Isten hozott kopogtat\u00f3, Meska","view_count":"846","favourite_count":"0","trending_score":"0","last2MonthFavouriteCount":"0","promotion":"0","giftcard_accept":"0","creditcard_accept":false,"enhanced_background":"0","domain":"meska","specific_customer_id":null,"specific_customer_name":null,"to_order_product":"0","to_order_product_time":"0","product_different":null,"product_different_description":"","vintage":"0","vintage_category_id":"0","recycled":"1","gemstone_id":"0","customizable":"0","type_category":"physical","zerowaste":"1","postage_price":"1290.00","shop_order":"0","has_category":"1","landing_pages":null,"microdata":{"number":39,"category":""},"title":"Isten hozott kopogtat\u00f3","description":"Melt\u00f3 d\u00edsze lesz otthonodnak \u00e9s a hozz\u00e1d \u00e9rkez\u0151ket melegseggel t\u00f6lti el ez a fa keretre pap\u00edrfon\u00e1s technik\u00e1val k\u00e9sz\u00edtett nagyobb m\u00e9ret\u0171 kopogtat\u00f3.\n\n\u00c1tm\u00e9r\u0151je 24 cm.\n\nBp. 14.ker\u00fcletben szem\u00e9lyesen is \u00e1t tudom adni.","score":0,"formatted_price":"3 500 Ft","image_url":"https:\/\/www.meska.hu\/img\/product\/small\/z\/s\/zsannadekor_product_562106_250501180302_599853.jpeg","formatted_url":"https:\/\/www.meska.hu\/p4970205-edes-otthon-kopogtato","favourite":false,"in_stock":true,"avatar":"ZsannaDekor_avatar_562106_1678138852.jpg","delete_from":0,"is_enhanced_background":false,"is_enhanced":false,"product_selection_started":false,"is_active":true,"image_webp_url":"https:\/\/www.meska.hu\/img\/product\/small\/z\/s\/zsannadekor_product_562106_250501180302_599853.webp"},{"id":"4790060","shop_id":"40458","user_id":"562106","shop_name":"ZsannaDekor","shop_zip":"1142","product_code":"4954016","product_name_old":null,"product_name":"\u00c9des Otthon kopogtat\u00f3","category_string":"Otthon & \u00c9letm\u00f3d, Dekor\u00e1ci\u00f3, Ajt\u00f3- \u00e9s ablak dekor\u00e1ci\u00f3, Ajt\u00f3d\u00edsz & Kopogtat\u00f3","technic_string":"Fon\u00e1s (csuh\u00e9, gy\u00e9k\u00e9ny, stb.), \u00dajrahasznos\u00edtott alapanyagb\u00f3l k\u00e9sz\u00fclt term\u00e9kek","category_1":"813","category_2":"314","category_3":"1468","category_4":"790","merged_category_1":"0","merged_category_2":"0","merged_category_3":"785","technic_1":"482","technic_2":"504","technic_3":"0","color_1":"519","color_2":"568","color_3":"527","product_description_old":null,"product_description":"\nMelt\u00f3 d\u00edsze lesz otthonodnak \u00e9s a hozz\u00e1d erkez\u0151ket melegseggel t\u00f6lti el ez a fa keretre pap\u00edrfon\u00e1s technik\u00e1val k\u00e9sz\u00edtett nagyobb m\u00e9ret\u0171 kopogtat\u00f3.\n\n\u00c1tm\u00e9r\u0151je 24 cm.\n\nBp. 14.ker\u00fcletben szem\u00e9lyesen is \u00e1t tudom adni.","price":"3500.00","unit":"db","recommended":"0","status":"1","sponsored":"0","exp_notify":"0","own_material":"0","own_material_description_old":null,"own_material_description":"","jury":"0","jury_number":"","product_nature":"","meskaracsony":"0","create_date":"2026-04-11 20:58:56","shelve_id":"0","image":"zsannadekor_product_562106_230413104954_04577.jpeg","image_width":"480","image_height":"640","image_alt":"\u00c9des Otthon kopogtat\u00f3, \\nMelt\u00f3 d\u00edsze lesz otthonodnak \u00e9s a hozz\u00e1d erkez\u0151ket melegseggel t\u00f6lti el ez a fa keretre pap\u00edrfon\u00e1s ..., Meska","image_title":"\u00c9des Otthon kopogtat\u00f3, Meska","view_count":"878","favourite_count":"0","trending_score":"0","last2MonthFavouriteCount":"0","promotion":"0","giftcard_accept":"0","creditcard_accept":false,"enhanced_background":"0","domain":"meska","specific_customer_id":null,"specific_customer_name":null,"to_order_product":"1","to_order_product_time":"10","product_different":null,"product_different_description":"","vintage":"0","vintage_category_id":"0","recycled":"1","gemstone_id":"0","customizable":"0","type_category":"physical","zerowaste":"1","postage_price":"1290.00","shop_order":"0","has_category":"1","landing_pages":null,"microdata":{"number":40,"category":""},"title":"\u00c9des Otthon kopogtat\u00f3","description":"\nMelt\u00f3 d\u00edsze lesz otthonodnak \u00e9s a hozz\u00e1d erkez\u0151ket melegseggel t\u00f6lti el ez a fa keretre pap\u00edrfon\u00e1s technik\u00e1val k\u00e9sz\u00edtett nagyobb m\u00e9ret\u0171 kopogtat\u00f3.\n\n\u00c1tm\u00e9r\u0151je 24 cm.\n\nBp. 14.ker\u00fcletben szem\u00e9lyesen is \u00e1t tudom adni.","score":0,"formatted_price":"3 500 Ft","image_url":"https:\/\/www.meska.hu\/img\/product\/small\/z\/s\/zsannadekor_product_562106_230413104954_04577.jpeg","formatted_url":"https:\/\/www.meska.hu\/p4954016-edes-otthon-kopogtato","favourite":false,"in_stock":false,"avatar":"ZsannaDekor_avatar_562106_1678138852.jpg","delete_from":0,"is_enhanced_background":false,"is_enhanced":false,"product_selection_started":false,"is_active":true,"image_webp_url":"https:\/\/www.meska.hu\/img\/product\/small\/z\/s\/zsannadekor_product_562106_230413104954_04577.webp"},{"id":"5506751","shop_id":"26841","user_id":"327178","shop_name":"gardonyilevendula","shop_zip":"2483","product_code":"5387101","product_name_old":null,"product_name":"Levendulaolaj fonott tokban","category_string":"Sz\u00e9ps\u00e9g\u00e1pol\u00e1s, Test\u00e1pol\u00e1s, Speci\u00e1lis b\u0151r\u00e1pol\u00e1s","technic_string":"Fon\u00e1s (csuh\u00e9, gy\u00e9k\u00e9ny, stb.), Kozmetikum k\u00e9sz\u00edt\u00e9s","category_1":"454","category_2":"460","category_3":"1155","category_4":"0","merged_category_1":null,"merged_category_2":null,"merged_category_3":null,"technic_1":"482","technic_2":"758","technic_3":"0","color_1":"515","color_2":"521","color_3":"522","product_description_old":null,"product_description":"Saj\u00e1t termeszt\u00e9s\u0171 francia levendul\u00e1nk 100%-os ill\u00f3olaja, bio lep\u00e1rl\u00f3ban p\u00e1rolva.\nAj\u00e1nlom mindenkinek, aki keresi a term\u00e9szetes \u00e9s egyben k\u00f6rnyezetbar\u00e1t  megold\u00e1st probl\u00e9m\u00e1ira, stresszold\u00e1sra, fejf\u00e1j\u00e1sra, b\u0151r irrit\u00e1ci\u00f3ra, felsz\u00edni sebekre.\n\nAz \u00fcvegcse elf\u00e9r kis t\u00e1sk\u00e1ban, \u00edgy magaddal viheted, biztons\u00e1gos, a tokban nem t\u00f6rik el, nem folyik ki. K\u00e9nyelmesen adagolhat\u00f3, goly\u00f3s, kenhet\u0151.\n\nPraktikus fonott tokba csomagoltuk, hogy ne vesszen el a t\u00e1sk\u00e1dban sem, fel is akaszthatod r\u00e1, vagy a kulcstart\u00f3dra.\n\n\u00dajrahasznos\u00edtott pap\u00edrb\u00f3l font, lakkozott, v\u00edzleperget\u0151 tok, t\u00f6bbf\u00e9le sz\u00ednben.\n\n5 ml-es goly\u00f3s kiszerel\u00e9sben.\n\n\n\nA Levendulaolaj - Haszn\u00e1lati \u00fatmutat\u00f3:\n\n\u00dcdv\u00f6z\u00f6lj\u00fck a Levendulaolaj csal\u00e1dban! A Levendulaolaj egy term\u00e9szetes, esszenci\u00e1lis olaj, amely sz\u00e1mos el\u0151nnyel j\u00e1r az eg\u00e9szs\u00e9g \u00e9s a wellness ter\u00e9n. Itt tal\u00e1lhat\u00f3 n\u00e9h\u00e1ny haszn\u00e1lati utas\u00edt\u00e1s \u00e9s javaslat arra, hogy hogyan \u00e9lvezheti a levendulaolaj j\u00f3t\u00e9kony hat\u00e1sait:\n\n-Relax\u00e1ci\u00f3 \u00e9s stresszcs\u00f6kkent\u00e9s: G\u00f6rgettesse a levendulaolaj goly\u00f3s \u00fcveg\u00e9t a csukl\u00f3ja, hal\u00e1nt\u00e9kja vagy a nyaki ter\u00fclete f\u00f6l\u00f6tt, hogy ellazuljon \u00e9s cs\u00f6kkentse a stresszt. \u00c9lvezze a nyugtat\u00f3 \u00e9s harmoniz\u00e1l\u00f3 illatot.\n\n-Alv\u00e1smin\u0151s\u00e9g jav\u00edt\u00e1sa: Vigye fel a levendulaolaj goly\u00f3s \u00fcveg\u00e9t a csukl\u00f3j\u00e1ra vagy a nyaki ter\u00fclet\u00e9re lefekv\u00e9s el\u0151tt, hogy seg\u00edtsen jobban elaludni \u00e9s nyugodtabban aludni \u00e9jszaka.\n\n-B\u0151r\u00e1pol\u00e1s: Keverjen \u00f6ssze n\u00e9h\u00e1ny csepp levendulaolajat hordoz\u00f3olajjal, p\u00e9ld\u00e1ul mandulaolajjal, majd vigye fel a b\u0151r\u00e9re a goly\u00f3s \u00fcveggel. Massz\u00edrozza be, hogy hidrat\u00e1lja \u00e9s megnyugtassa a b\u0151rt, valamint cs\u00f6kkentse az irrit\u00e1ci\u00f3t \u00e9s a b\u0151rp\u00edrt.\n\n-Hangulatjav\u00edt\u00e1s: Haszn\u00e1lja a levendulaolaj goly\u00f3s \u00fcveg\u00e9t, hogy finoman massz\u00edrozza a hal\u00e1nt\u00e9k\u00e1t vagy a csukl\u00f3j\u00e1t, \u00e9s l\u00e9legezze be az enyhe illatot. Ez felfriss\u00edti \u00e9s jav\u00edtja a hangulatot.\n\nFontos megjegyz\u00e9s: Mindig v\u00e9gezzen b\u0151rpr\u00f3b\u00e1t, miel\u0151tt sz\u00e9les k\u00f6rben alkalmazn\u00e1 a levendulaolajat, \u00e9s k\u00f6vesse az adott term\u00e9k specifikus haszn\u00e1lati utas\u00edt\u00e1sait. Ne alkalmazza a levendulaolajat k\u00f6zvetlen\u00fcl a ny\u00edlt sebekre vagy ny\u00e1lkah\u00e1rty\u00e1ra.\n\nK\u00e9rj\u00fck, tartsa szem el\u0151tt, hogy ezek csak n\u00e9h\u00e1ny p\u00e9lda a levendulaolaj haszn\u00e1lat\u00e1ra. A levendulaolaj sokoldal\u00fa, \u00e9s t\u00f6bb ter\u00fcleten is haszn\u00e1lhat\u00f3. K\u00eds\u00e9rletezzen \u00e9s tal\u00e1lja meg az \u00d6n sz\u00e1m\u00e1ra legmegfelel\u0151bb m\u00f3dot, hogy \u00e9lvezhesse a levendulaolaj leny\u0171g\u00f6z\u0151 el\u0151nyeit.\n\nHaszn\u00e1lja a Levendulaolajat, hogy \u00e9lvezze a term\u00e9szetes nyugalmat \u00e9s harm\u00f3ni\u00e1t, amit ez a csod\u00e1latos olaj ny\u00fajt.\n","price":"3300.00","unit":"db","recommended":"0","status":"1","sponsored":"0","exp_notify":"0","own_material":"0","own_material_description_old":null,"own_material_description":"","jury":"0","jury_number":"","product_nature":"","meskaracsony":"0","create_date":"2026-04-11 01:23:28","shelve_id":"60023","image":"gardonyilevendula_product_327178_241006175741_607822.jpeg","image_width":"480","image_height":"449","image_alt":"Levendulaolaj fonott tokban, Saj\u00e1t termeszt\u00e9s\u0171 francia levendul\u00e1nk 100%-os ill\u00f3olaja, bio lep\u00e1rl\u00f3ban p\u00e1rolva.\\nAj\u00e1nlom mindenkinek..., Meska","image_title":"Levendulaolaj fonott tokban, Meska","view_count":"417","favourite_count":"0","trending_score":"0","last2MonthFavouriteCount":"0","promotion":"0","giftcard_accept":"0","creditcard_accept":true,"enhanced_background":"0","domain":"meska","specific_customer_id":null,"specific_customer_name":null,"to_order_product":"0","to_order_product_time":"0","product_different":null,"product_different_description":"","vintage":"0","vintage_category_id":"0","recycled":"1","gemstone_id":"0","customizable":"0","type_category":"physical","zerowaste":"1","postage_price":"1290.00","shop_order":"0","has_category":"1","landing_pages":null,"microdata":{"number":41,"category":""},"title":"Levendulaolaj fonott tokban","description":"Saj\u00e1t termeszt\u00e9s\u0171 francia levendul\u00e1nk 100%-os ill\u00f3olaja, bio lep\u00e1rl\u00f3ban p\u00e1rolva.\nAj\u00e1nlom mindenkinek, aki keresi a term\u00e9szetes \u00e9s egyben k\u00f6rnyezetbar\u00e1t  megold\u00e1st probl\u00e9m\u00e1ira, stresszold\u00e1sra, fejf\u00e1j\u00e1sra, b\u0151r irrit\u00e1ci\u00f3ra, felsz\u00edni sebekre.\n\nAz \u00fcvegcse elf\u00e9r kis t\u00e1sk\u00e1ban, \u00edgy magaddal viheted, biztons\u00e1gos, a tokban nem t\u00f6rik el, nem folyik ki. K\u00e9nyelmesen adagolhat\u00f3, goly\u00f3s, kenhet\u0151.\n\nPraktikus fonott tokba csomagoltuk, hogy ne vesszen el a t\u00e1sk\u00e1dban sem, fel is akaszthatod r\u00e1, vagy a kulcstart\u00f3dra.\n\n\u00dajrahasznos\u00edtott pap\u00edrb\u00f3l font, lakkozott, v\u00edzleperget\u0151 tok, t\u00f6bbf\u00e9le sz\u00ednben.\n\n5 ml-es goly\u00f3s kiszerel\u00e9sben.\n\n\n\nA Levendulaolaj - Haszn\u00e1lati \u00fatmutat\u00f3:\n\n\u00dcdv\u00f6z\u00f6lj\u00fck a Levendulaolaj csal\u00e1dban! A Levendulaolaj egy term\u00e9szetes, esszenci\u00e1lis olaj, amely sz\u00e1mos el\u0151nnyel j\u00e1r az eg\u00e9szs\u00e9g \u00e9s a wellness ter\u00e9n. Itt tal\u00e1lhat\u00f3 n\u00e9h\u00e1ny haszn\u00e1lati utas\u00edt\u00e1s \u00e9s javaslat arra, hogy hogyan \u00e9lvezheti a levendulaolaj j\u00f3t\u00e9kony hat\u00e1sait:\n\n-Relax\u00e1ci\u00f3 \u00e9s stresszcs\u00f6kkent\u00e9s: G\u00f6rgettesse a levendulaolaj goly\u00f3s \u00fcveg\u00e9t a csukl\u00f3ja, hal\u00e1nt\u00e9kja vagy a nyaki ter\u00fclete f\u00f6l\u00f6tt, hogy ellazuljon \u00e9s cs\u00f6kkentse a stresszt. \u00c9lvezze a nyugtat\u00f3 \u00e9s harmoniz\u00e1l\u00f3 illatot.\n\n-Alv\u00e1smin\u0151s\u00e9g jav\u00edt\u00e1sa: Vigye fel a levendulaolaj goly\u00f3s \u00fcveg\u00e9t a csukl\u00f3j\u00e1ra vagy a nyaki ter\u00fclet\u00e9re lefekv\u00e9s el\u0151tt, hogy seg\u00edtsen jobban elaludni \u00e9s nyugodtabban aludni \u00e9jszaka.\n\n-B\u0151r\u00e1pol\u00e1s: Keverjen \u00f6ssze n\u00e9h\u00e1ny csepp levendulaolajat hordoz\u00f3olajjal, p\u00e9ld\u00e1ul mandulaolajjal, majd vigye fel a b\u0151r\u00e9re a goly\u00f3s \u00fcveggel. Massz\u00edrozza be, hogy hidrat\u00e1lja \u00e9s megnyugtassa a b\u0151rt, valamint cs\u00f6kkentse az irrit\u00e1ci\u00f3t \u00e9s a b\u0151rp\u00edrt.\n\n-Hangulatjav\u00edt\u00e1s: Haszn\u00e1lja a levendulaolaj goly\u00f3s \u00fcveg\u00e9t, hogy finoman massz\u00edrozza a hal\u00e1nt\u00e9k\u00e1t vagy a csukl\u00f3j\u00e1t, \u00e9s l\u00e9legezze be az enyhe illatot. Ez felfriss\u00edti \u00e9s jav\u00edtja a hangulatot.\n\nFontos megjegyz\u00e9s: Mindig v\u00e9gezzen b\u0151rpr\u00f3b\u00e1t, miel\u0151tt sz\u00e9les k\u00f6rben alkalmazn\u00e1 a levendulaolajat, \u00e9s k\u00f6vesse az adott term\u00e9k specifikus haszn\u00e1lati utas\u00edt\u00e1sait. Ne alkalmazza a levendulaolajat k\u00f6zvetlen\u00fcl a ny\u00edlt sebekre vagy ny\u00e1lkah\u00e1rty\u00e1ra.\n\nK\u00e9rj\u00fck, tartsa szem el\u0151tt, hogy ezek csak n\u00e9h\u00e1ny p\u00e9lda a levendulaolaj haszn\u00e1lat\u00e1ra. A levendulaolaj sokoldal\u00fa, \u00e9s t\u00f6bb ter\u00fcleten is haszn\u00e1lhat\u00f3. K\u00eds\u00e9rletezzen \u00e9s tal\u00e1lja meg az \u00d6n sz\u00e1m\u00e1ra legmegfelel\u0151bb m\u00f3dot, hogy \u00e9lvezhesse a levendulaolaj leny\u0171g\u00f6z\u0151 el\u0151nyeit.\n\nHaszn\u00e1lja a Levendulaolajat, hogy \u00e9lvezze a term\u00e9szetes nyugalmat \u00e9s harm\u00f3ni\u00e1t, amit ez a csod\u00e1latos olaj ny\u00fajt.\n","score":0,"formatted_price":"3 300 Ft","image_url":"https:\/\/www.meska.hu\/img\/product\/small\/g\/a\/gardonyilevendula_product_327178_241006175741_607822.jpeg","formatted_url":"https:\/\/www.meska.hu\/p5387101-levendulaolaj-fonott-tokban","favourite":false,"in_stock":true,"avatar":"gardonyilevendula_avatar_327178_1666612331.jpg","delete_from":0,"is_enhanced_background":false,"is_enhanced":false,"product_selection_started":false,"is_active":true,"image_webp_url":"https:\/\/www.meska.hu\/img\/product\/small\/g\/a\/gardonyilevendula_product_327178_241006175741_607822.webp"},{"id":"6135751","shop_id":"52088","user_id":"774750","shop_name":"RSparacord","shop_zip":"7147","product_code":"5744387","product_name_old":null,"product_name":"Paracord kark\u00f6t\u0151szett","category_string":"\u00c9kszer, Kark\u00f6t\u0151, Fonott kark\u00f6t\u0151","technic_string":"Fon\u00e1s (csuh\u00e9, gy\u00e9k\u00e9ny, stb.)","category_1":"327","category_2":"333","category_3":"1232","category_4":"0","merged_category_1":null,"merged_category_2":null,"merged_category_3":null,"technic_1":"482","technic_2":"0","technic_3":"0","color_1":"520","color_2":"523","color_3":"0","product_description_old":null,"product_description":"A kark\u00f6t\u0151szett tartalmaz egy m\u00e9retre szabhat\u00f3 fix m\u00e9ret\u0171 \u00e9s egy \u00e1ll\u00edthat\u00f3 m\u00e9ret\u0171 kark\u00f6t\u0151t. \n\nRendel\u00e9sn\u00e9l csukl\u00f3k\u00f6rm\u00e9ret megad\u00e1sa sz\u00fcks\u00e9ges. \n\n","price":"5000.00","unit":"db","recommended":"0","status":"1","sponsored":"0","exp_notify":"0","own_material":"0","own_material_description_old":null,"own_material_description":"","jury":"0","jury_number":"","product_nature":"","meskaracsony":"0","create_date":"2026-04-10 22:07:22","shelve_id":"0","image":"rsparacord_product_774750_260303233324_155729.jpeg","image_width":"480","image_height":"480","image_alt":"Paracord kark\u00f6t\u0151szett, A kark\u00f6t\u0151szett tartalmaz egy m\u00e9retre szabhat\u00f3 fix m\u00e9ret\u0171 \u00e9s egy \u00e1ll\u00edthat\u00f3 m\u00e9ret\u0171 kark\u00f6t\u0151t. \\n\\nRendel\u00e9..., Meska","image_title":"Paracord kark\u00f6t\u0151szett, Meska","view_count":"162","favourite_count":"0","trending_score":"0","last2MonthFavouriteCount":"0","promotion":"0","giftcard_accept":"0","creditcard_accept":true,"enhanced_background":"0","domain":"meska","specific_customer_id":null,"specific_customer_name":null,"to_order_product":"1","to_order_product_time":"5","product_different":null,"product_different_description":"","vintage":"0","vintage_category_id":"0","recycled":"0","gemstone_id":"0","customizable":"0","type_category":"physical","zerowaste":"0","postage_price":"1290.00","shop_order":"0","has_category":"1","landing_pages":null,"microdata":{"number":42,"category":""},"title":"Paracord kark\u00f6t\u0151szett","description":"A kark\u00f6t\u0151szett tartalmaz egy m\u00e9retre szabhat\u00f3 fix m\u00e9ret\u0171 \u00e9s egy \u00e1ll\u00edthat\u00f3 m\u00e9ret\u0171 kark\u00f6t\u0151t. \n\nRendel\u00e9sn\u00e9l csukl\u00f3k\u00f6rm\u00e9ret megad\u00e1sa sz\u00fcks\u00e9ges. \n\n","score":0,"formatted_price":"5 000 Ft","image_url":"https:\/\/www.meska.hu\/img\/product\/small\/r\/s\/rsparacord_product_774750_260303233324_155729.jpeg","formatted_url":"https:\/\/www.meska.hu\/p5744387-premium-paracord-karkotoszett","favourite":false,"in_stock":false,"avatar":"774750_avatar_1772618971.png","delete_from":0,"is_enhanced_background":false,"is_enhanced":false,"product_selection_started":false,"is_active":true,"image_webp_url":"https:\/\/www.meska.hu\/img\/product\/small\/r\/s\/rsparacord_product_774750_260303233324_155729.webp"},{"id":"6180147","shop_id":"52088","user_id":"774750","shop_name":"RSparacord","shop_zip":"7147","product_code":"5770605","product_name_old":null,"product_name":"Paracord kark\u00f6t\u0151","category_string":"\u00c9kszer, Kark\u00f6t\u0151, Fonott kark\u00f6t\u0151","technic_string":"Fon\u00e1s (csuh\u00e9, gy\u00e9k\u00e9ny, stb.)","category_1":"327","category_2":"333","category_3":"1232","category_4":"0","merged_category_1":null,"merged_category_2":null,"merged_category_3":null,"technic_1":"482","technic_2":"0","technic_3":"0","color_1":"568","color_2":"527","color_3":"529","product_description_old":null,"product_description":"Terepz\u00f6ld sz\u00edn \u00e9s narancss\u00e1rg\u00e1s-t\u00e9glav\u00f6r\u00f6ses sz\u00edn\u0171 microcord p\u00e1ros\u00edt\u00e1s gunmetal sz\u00edn\u0171 csattal. M\u00e9rete \u00e1ll\u00edthat\u00f3.","price":"3500.00","unit":"db","recommended":"0","status":"1","sponsored":"0","exp_notify":"0","own_material":"0","own_material_description_old":null,"own_material_description":"","jury":"0","jury_number":"","product_nature":"","meskaracsony":"0","create_date":"2026-04-10 21:36:54","shelve_id":"0","image":"rsparacord_product_774750_260410212931_791743.jpeg","image_width":"480","image_height":"480","image_alt":"Paracord kark\u00f6t\u0151, Terepz\u00f6ld sz\u00edn \u00e9s narancss\u00e1rg\u00e1s-t\u00e9glav\u00f6r\u00f6ses sz\u00edn\u0171 microcord p\u00e1ros\u00edt\u00e1s gunmetal sz\u00edn\u0171 csattal. M\u00e9ret..., Meska","image_title":"Paracord kark\u00f6t\u0151, Meska","view_count":"31","favourite_count":"0","trending_score":"0","last2MonthFavouriteCount":"0","promotion":"0","giftcard_accept":"0","creditcard_accept":true,"enhanced_background":"0","domain":"meska","specific_customer_id":null,"specific_customer_name":null,"to_order_product":"0","to_order_product_time":"0","product_different":null,"product_different_description":"","vintage":"0","vintage_category_id":"0","recycled":"0","gemstone_id":"0","customizable":"0","type_category":"physical","zerowaste":"0","postage_price":"1290.00","shop_order":"0","has_category":"1","landing_pages":null,"microdata":{"number":43,"category":""},"title":"Paracord kark\u00f6t\u0151","description":"Terepz\u00f6ld sz\u00edn \u00e9s narancss\u00e1rg\u00e1s-t\u00e9glav\u00f6r\u00f6ses sz\u00edn\u0171 microcord p\u00e1ros\u00edt\u00e1s gunmetal sz\u00edn\u0171 csattal. M\u00e9rete \u00e1ll\u00edthat\u00f3.","score":0,"formatted_price":"3 500 Ft","image_url":"https:\/\/www.meska.hu\/img\/product\/small\/r\/s\/rsparacord_product_774750_260410212931_791743.jpeg","formatted_url":"https:\/\/www.meska.hu\/p5770605-paracord-karkoto","favourite":false,"in_stock":true,"avatar":"774750_avatar_1772618971.png","delete_from":0,"is_enhanced_background":false,"is_enhanced":false,"product_selection_started":false,"is_active":true,"image_webp_url":"https:\/\/www.meska.hu\/img\/product\/small\/r\/s\/rsparacord_product_774750_260410212931_791743.webp"},{"id":"6180142","shop_id":"52088","user_id":"774750","shop_name":"RSparacord","shop_zip":"7147","product_code":"5770603","product_name_old":null,"product_name":"Paracord kark\u00f6t\u0151","category_string":"\u00c9kszer, Kark\u00f6t\u0151, Fonott kark\u00f6t\u0151","technic_string":"Fon\u00e1s (csuh\u00e9, gy\u00e9k\u00e9ny, stb.)","category_1":"327","category_2":"333","category_3":"1232","category_4":"0","merged_category_1":null,"merged_category_2":null,"merged_category_3":null,"technic_1":"482","technic_2":"0","technic_3":"0","color_1":"521","color_2":"526","color_3":"527","product_description_old":null,"product_description":"Egy k\u00f6nnyed kark\u00f6t\u0151 gunmetal sz\u00edn\u0171 mini karabinerrel, melyen a homoksz\u00edn \u00e9s a k\u00e9k microcord remek\u00fcl kieg\u00e9sz\u00edtik egym\u00e1st. M\u00e9rete \u00e1ll\u00edthat\u00f3.","price":"3500.00","unit":"db","recommended":"0","status":"1","sponsored":"0","exp_notify":"0","own_material":"0","own_material_description_old":null,"own_material_description":"","jury":"0","jury_number":"","product_nature":"","meskaracsony":"0","create_date":"2026-04-10 21:29:11","shelve_id":"0","image":"rsparacord_product_774750_260410212447_423732.jpeg","image_width":"480","image_height":"480","image_alt":"Paracord kark\u00f6t\u0151, Egy k\u00f6nnyed kark\u00f6t\u0151 gunmetal sz\u00edn\u0171 mini karabinerrel, melyen a homoksz\u00edn \u00e9s a k\u00e9k microcord remek\u00fcl ..., Meska","image_title":"Paracord kark\u00f6t\u0151, Meska","view_count":"31","favourite_count":"0","trending_score":"0","last2MonthFavouriteCount":"0","promotion":"0","giftcard_accept":"0","creditcard_accept":true,"enhanced_background":"0","domain":"meska","specific_customer_id":null,"specific_customer_name":null,"to_order_product":"0","to_order_product_time":"0","product_different":null,"product_different_description":"","vintage":"0","vintage_category_id":"0","recycled":"0","gemstone_id":"0","customizable":"0","type_category":"physical","zerowaste":"0","postage_price":"1290.00","shop_order":"0","has_category":"1","landing_pages":null,"microdata":{"number":44,"category":""},"title":"Paracord kark\u00f6t\u0151","description":"Egy k\u00f6nnyed kark\u00f6t\u0151 gunmetal sz\u00edn\u0171 mini karabinerrel, melyen a homoksz\u00edn \u00e9s a k\u00e9k microcord remek\u00fcl kieg\u00e9sz\u00edtik egym\u00e1st. M\u00e9rete \u00e1ll\u00edthat\u00f3.","score":0,"formatted_price":"3 500 Ft","image_url":"https:\/\/www.meska.hu\/img\/product\/small\/r\/s\/rsparacord_product_774750_260410212447_423732.jpeg","formatted_url":"https:\/\/www.meska.hu\/p5770603-paracord-karkoto","favourite":false,"in_stock":true,"avatar":"774750_avatar_1772618971.png","delete_from":0,"is_enhanced_background":false,"is_enhanced":false,"product_selection_started":false,"is_active":true,"image_webp_url":"https:\/\/www.meska.hu\/img\/product\/small\/r\/s\/rsparacord_product_774750_260410212447_423732.webp"},{"id":"6180137","shop_id":"52088","user_id":"774750","shop_name":"RSparacord","shop_zip":"7147","product_code":"5770600","product_name_old":null,"product_name":"Paracord kark\u00f6t\u0151","category_string":"\u00c9kszer, Kark\u00f6t\u0151, Fonott kark\u00f6t\u0151","technic_string":"Fon\u00e1s (csuh\u00e9, gy\u00e9k\u00e9ny, stb.)","category_1":"327","category_2":"333","category_3":"1232","category_4":"0","merged_category_1":null,"merged_category_2":null,"merged_category_3":null,"technic_1":"482","technic_2":"0","technic_3":"0","color_1":"514","color_2":"521","color_3":"529","product_description_old":null,"product_description":"K\u00f6nnyed, eleg\u00e1ns kark\u00f6t\u0151 mini f\u00e9m karabinerrel. Alapja terepsz\u00edn\u0171 paracord, k\u00e9k microcord \u00e9s gunmetal sz\u00edn\u0171 karabiner k\u00eds\u00e9ri. M\u00e9rete \u00e1ll\u00edthat\u00f3.","price":"3500.00","unit":"db","recommended":"0","status":"1","sponsored":"0","exp_notify":"0","own_material":"0","own_material_description_old":null,"own_material_description":"","jury":"0","jury_number":"","product_nature":"","meskaracsony":"0","create_date":"2026-04-10 21:24:11","shelve_id":"0","image":"rsparacord_product_774750_260410211848_104581.jpeg","image_width":"480","image_height":"480","image_alt":"Paracord kark\u00f6t\u0151, K\u00f6nnyed, eleg\u00e1ns kark\u00f6t\u0151 mini f\u00e9m karabinerrel. Alapja terepsz\u00edn\u0171 paracord, k\u00e9k microcord \u00e9s gunmeta..., Meska","image_title":"Paracord kark\u00f6t\u0151, Meska","view_count":"27","favourite_count":"0","trending_score":"0","last2MonthFavouriteCount":"0","promotion":"0","giftcard_accept":"0","creditcard_accept":true,"enhanced_background":"0","domain":"meska","specific_customer_id":null,"specific_customer_name":null,"to_order_product":"0","to_order_product_time":"0","product_different":null,"product_different_description":"","vintage":"0","vintage_category_id":"0","recycled":"0","gemstone_id":"0","customizable":"0","type_category":"physical","zerowaste":"0","postage_price":"1290.00","shop_order":"0","has_category":"1","landing_pages":null,"microdata":{"number":45,"category":""},"title":"Paracord kark\u00f6t\u0151","description":"K\u00f6nnyed, eleg\u00e1ns kark\u00f6t\u0151 mini f\u00e9m karabinerrel. Alapja terepsz\u00edn\u0171 paracord, k\u00e9k microcord \u00e9s gunmetal sz\u00edn\u0171 karabiner k\u00eds\u00e9ri. M\u00e9rete \u00e1ll\u00edthat\u00f3.","score":0,"formatted_price":"3 500 Ft","image_url":"https:\/\/www.meska.hu\/img\/product\/small\/r\/s\/rsparacord_product_774750_260410211848_104581.jpeg","formatted_url":"https:\/\/www.meska.hu\/p5770600-paracord-karkoto","favourite":false,"in_stock":true,"avatar":"774750_avatar_1772618971.png","delete_from":0,"is_enhanced_background":false,"is_enhanced":false,"product_selection_started":false,"is_active":true,"image_webp_url":"https:\/\/www.meska.hu\/img\/product\/small\/r\/s\/rsparacord_product_774750_260410211848_104581.webp"},{"id":"6179616","shop_id":"34187","user_id":"404039","shop_name":"Magdas","shop_zip":"5000","product_code":"5770330","product_name_old":null,"product_name":"Z\u00f6ld sz\u00edn\u0171 f\u0171zvessz\u0151 t\u00e1rol\u00f3kos\u00e1r","category_string":"Otthon & \u00c9letm\u00f3d, T\u00e1rol\u00e1s & Rendszerez\u00e9s, T\u00e1rol\u00f3kos\u00e1r","technic_string":"Fon\u00e1s (csuh\u00e9, gy\u00e9k\u00e9ny, stb.)","category_1":"813","category_2":"426","category_3":"428","category_4":"0","merged_category_1":null,"merged_category_2":null,"merged_category_3":null,"technic_1":"482","technic_2":"0","technic_3":"0","color_1":"529","color_2":"0","color_3":"0","product_description_old":null,"product_description":"Magass\u00e1ga: 14 cm\n\u00c1tm\u00e9r\u0151je: 34 cm\nEr\u0151s, dekorat\u00edv, alkalmas gy\u00fcm\u00f6lcs, z\u00f6lds\u00e9g, j\u00e1t\u00e9k t\u00e1rol\u00e1s\u00e1ra, vir\u00e1gkos\u00e1rnak, stb.","price":"4500.00","unit":"db","recommended":"0","status":"1","sponsored":"0","exp_notify":"0","own_material":"0","own_material_description_old":null,"own_material_description":"","jury":"0","jury_number":"","product_nature":"","meskaracsony":"0","create_date":"2026-04-10 11:59:48","shelve_id":"0","image":"magdas_product_404039_250716182803_89928.jpeg","image_width":"480","image_height":"268","image_alt":"Z\u00f6ld sz\u00edn\u0171 f\u0171zvessz\u0151 t\u00e1rol\u00f3kos\u00e1r, Magass\u00e1ga: 14 cm\\n\u00c1tm\u00e9r\u0151je: 34 cm\\nEr\u0151s, dekorat\u00edv, alkalmas gy\u00fcm\u00f6lcs, z\u00f6lds\u00e9g, j\u00e1t\u00e9k t\u00e1rol\u00e1s\u00e1ra, vir\u00e1..., Meska","image_title":"Z\u00f6ld sz\u00edn\u0171 f\u0171zvessz\u0151 t\u00e1rol\u00f3kos\u00e1r, Meska","view_count":"27","favourite_count":"0","trending_score":"0","last2MonthFavouriteCount":"0","promotion":"0","giftcard_accept":"0","creditcard_accept":false,"enhanced_background":"0","domain":"meska","specific_customer_id":null,"specific_customer_name":null,"to_order_product":"0","to_order_product_time":"0","product_different":null,"product_different_description":"","vintage":"0","vintage_category_id":"0","recycled":"0","gemstone_id":"0","customizable":"0","type_category":"physical","zerowaste":"0","postage_price":"2499.00","shop_order":"0","has_category":"1","landing_pages":null,"microdata":{"number":46,"category":""},"title":"Z\u00f6ld sz\u00edn\u0171 f\u0171zvessz\u0151 t\u00e1rol\u00f3kos\u00e1r","description":"Magass\u00e1ga: 14 cm\n\u00c1tm\u00e9r\u0151je: 34 cm\nEr\u0151s, dekorat\u00edv, alkalmas gy\u00fcm\u00f6lcs, z\u00f6lds\u00e9g, j\u00e1t\u00e9k t\u00e1rol\u00e1s\u00e1ra, vir\u00e1gkos\u00e1rnak, stb.","score":0,"formatted_price":"4 500 Ft","image_url":"https:\/\/www.meska.hu\/img\/product\/small\/m\/a\/magdas_product_404039_250716182803_89928.jpeg","formatted_url":"https:\/\/www.meska.hu\/p5770330-zold-szinu-fuzvesszo-tarolokosar","favourite":false,"in_stock":true,"avatar":"Magda58_avatar_404039_1628716526.jpg","delete_from":0,"is_enhanced_background":false,"is_enhanced":false,"product_selection_started":false,"is_active":true,"image_webp_url":"https:\/\/www.meska.hu\/img\/product\/small\/m\/a\/magdas_product_404039_250716182803_89928.webp"},{"id":"6179615","shop_id":"34187","user_id":"404039","shop_name":"Magdas","shop_zip":"5000","product_code":"5770329","product_name_old":null,"product_name":"Kerek, gy\u00f6ngy\u00f6s t\u00e1rol\u00f3kos\u00e1r ","category_string":"Otthon & \u00c9letm\u00f3d, T\u00e1rol\u00e1s & Rendszerez\u00e9s, T\u00e1rol\u00f3kos\u00e1r","technic_string":"Fon\u00e1s (csuh\u00e9, gy\u00e9k\u00e9ny, stb.)","category_1":"813","category_2":"426","category_3":"428","category_4":"0","merged_category_1":null,"merged_category_2":null,"merged_category_3":null,"technic_1":"482","technic_2":"0","technic_3":"0","color_1":"514","color_2":"0","color_3":"0","product_description_old":null,"product_description":"F\u0171zvessz\u0151b\u0151l fonott, gy\u00f6ngy\u00f6kkel d\u00edsz\u00edtett t\u00e1rol\u00f3kos\u00e1r.\nMagass\u00e1ga: 12 cm\n\u00c1tm\u00e9r\u0151je: 27 cm","price":"3600.00","unit":"db","recommended":"0","status":"1","sponsored":"0","exp_notify":"0","own_material":"0","own_material_description_old":null,"own_material_description":"","jury":"0","jury_number":"","product_nature":"","meskaracsony":"0","create_date":"2026-04-10 11:59:02","shelve_id":"0","image":"magdas_product_404039_240620145044_427952.jpeg","image_width":"480","image_height":"269","image_alt":"Kerek, gy\u00f6ngy\u00f6s t\u00e1rol\u00f3kos\u00e1r , F\u0171zvessz\u0151b\u0151l fonott, gy\u00f6ngy\u00f6kkel d\u00edsz\u00edtett t\u00e1rol\u00f3kos\u00e1r.\\nMagass\u00e1ga: 12 cm\\n\u00c1tm\u00e9r\u0151je: 27 cm..., Meska","image_title":"Kerek, gy\u00f6ngy\u00f6s t\u00e1rol\u00f3kos\u00e1r , Meska","view_count":"28","favourite_count":"0","trending_score":"0","last2MonthFavouriteCount":"0","promotion":"0","giftcard_accept":"0","creditcard_accept":false,"enhanced_background":"0","domain":"meska","specific_customer_id":null,"specific_customer_name":null,"to_order_product":"0","to_order_product_time":"0","product_different":null,"product_different_description":"","vintage":"0","vintage_category_id":"0","recycled":"0","gemstone_id":"0","customizable":"0","type_category":"physical","zerowaste":"0","postage_price":"1799.00","shop_order":"0","has_category":"1","landing_pages":null,"microdata":{"number":47,"category":""},"title":"Kerek, gy\u00f6ngy\u00f6s t\u00e1rol\u00f3kos\u00e1r ","description":"F\u0171zvessz\u0151b\u0151l fonott, gy\u00f6ngy\u00f6kkel d\u00edsz\u00edtett t\u00e1rol\u00f3kos\u00e1r.\nMagass\u00e1ga: 12 cm\n\u00c1tm\u00e9r\u0151je: 27 cm","score":0,"formatted_price":"3 600 Ft","image_url":"https:\/\/www.meska.hu\/img\/product\/small\/m\/a\/magdas_product_404039_240620145044_427952.jpeg","formatted_url":"https:\/\/www.meska.hu\/p5770329-kerek-gyongyos-tarolokosar","favourite":false,"in_stock":true,"avatar":"Magda58_avatar_404039_1628716526.jpg","delete_from":0,"is_enhanced_background":false,"is_enhanced":false,"product_selection_started":false,"is_active":true,"image_webp_url":"https:\/\/www.meska.hu\/img\/product\/small\/m\/a\/magdas_product_404039_240620145044_427952.webp"},{"id":"6179614","shop_id":"34187","user_id":"404039","shop_name":"Magdas","shop_zip":"5000","product_code":"5770328","product_name_old":null,"product_name":"F\u0171zvessz\u0151 kerek  t\u00e1rol\u00f3kos\u00e1r ","category_string":"Otthon & \u00c9letm\u00f3d, T\u00e1rol\u00e1s & Rendszerez\u00e9s, T\u00e1rol\u00f3kos\u00e1r","technic_string":"Fon\u00e1s (csuh\u00e9, gy\u00e9k\u00e9ny, stb.)","category_1":"813","category_2":"426","category_3":"428","category_4":"0","merged_category_1":null,"merged_category_2":null,"merged_category_3":null,"technic_1":"482","technic_2":"0","technic_3":"0","color_1":"514","color_2":"0","color_3":"0","product_description_old":null,"product_description":"F\u0171zvessz\u0151b\u0151l fonott,  t\u00e1rol\u00f3kos\u00e1r.\nMagass\u00e1ga: 15 cm\n\u00c1tm\u00e9r\u0151je: 31 cm","price":"3000.00","unit":"db","recommended":"0","status":"1","sponsored":"0","exp_notify":"0","own_material":"0","own_material_description_old":null,"own_material_description":"","jury":"0","jury_number":"","product_nature":"","meskaracsony":"0","create_date":"2026-04-10 11:57:52","shelve_id":"0","image":"magdas_product_404039_240620144554_416677.jpeg","image_width":"480","image_height":"286","image_alt":"F\u0171zvessz\u0151 kerek  t\u00e1rol\u00f3kos\u00e1r , F\u0171zvessz\u0151b\u0151l fonott,  t\u00e1rol\u00f3kos\u00e1r.\\nMagass\u00e1ga: 15 cm\\n\u00c1tm\u00e9r\u0151je: 31 cm, Meska","image_title":"F\u0171zvessz\u0151 kerek  t\u00e1rol\u00f3kos\u00e1r , Meska","view_count":"47","favourite_count":"0","trending_score":"0","last2MonthFavouriteCount":"0","promotion":"0","giftcard_accept":"0","creditcard_accept":false,"enhanced_background":"0","domain":"meska","specific_customer_id":null,"specific_customer_name":null,"to_order_product":"0","to_order_product_time":"0","product_different":null,"product_different_description":"","vintage":"0","vintage_category_id":"0","recycled":"0","gemstone_id":"0","customizable":"0","type_category":"physical","zerowaste":"0","postage_price":"1799.00","shop_order":"0","has_category":"1","landing_pages":null,"microdata":{"number":48,"category":""},"title":"F\u0171zvessz\u0151 kerek  t\u00e1rol\u00f3kos\u00e1r ","description":"F\u0171zvessz\u0151b\u0151l fonott,  t\u00e1rol\u00f3kos\u00e1r.\nMagass\u00e1ga: 15 cm\n\u00c1tm\u00e9r\u0151je: 31 cm","score":0,"formatted_price":"3 000 Ft","image_url":"https:\/\/www.meska.hu\/img\/product\/small\/m\/a\/magdas_product_404039_240620144554_416677.jpeg","formatted_url":"https:\/\/www.meska.hu\/p5770328-fuzvesszo-kerek-tarolokosar","favourite":false,"in_stock":true,"avatar":"Magda58_avatar_404039_1628716526.jpg","delete_from":0,"is_enhanced_background":false,"is_enhanced":false,"product_selection_started":false,"is_active":true,"image_webp_url":"https:\/\/www.meska.hu\/img\/product\/small\/m\/a\/magdas_product_404039_240620144554_416677.webp"},{"id":"6179591","shop_id":"34187","user_id":"404039","shop_name":"Magdas","shop_zip":"5000","product_code":"5770314","product_name_old":null,"product_name":"Kerek  t\u00e1rol\u00f3kos\u00e1r fa foganty\u00faval","category_string":"Otthon & \u00c9letm\u00f3d, T\u00e1rol\u00e1s & Rendszerez\u00e9s, T\u00e1rol\u00f3kos\u00e1r","technic_string":"Fon\u00e1s (csuh\u00e9, gy\u00e9k\u00e9ny, stb.)","category_1":"813","category_2":"426","category_3":"428","category_4":"0","merged_category_1":null,"merged_category_2":null,"merged_category_3":null,"technic_1":"482","technic_2":"0","technic_3":"0","color_1":"514","color_2":"0","color_3":"0","product_description_old":null,"product_description":"F\u0171zvessz\u0151b\u0151l fonott  t\u00e1rol\u00f3kos\u00e1r fa f\u00fcllel.\nMagass\u00e1ga: 11 cm\n\u00c1tm\u00e9r\u0151je: 24 cm","price":"3600.00","unit":"db","recommended":"0","status":"1","sponsored":"0","exp_notify":"0","own_material":"0","own_material_description_old":null,"own_material_description":"","jury":"0","jury_number":"","product_nature":"","meskaracsony":"0","create_date":"2026-04-10 11:41:30","shelve_id":"0","image":"magdas_product_404039_240620145523_0979.jpeg","image_width":"480","image_height":"269","image_alt":"Kerek  t\u00e1rol\u00f3kos\u00e1r fa foganty\u00faval, F\u0171zvessz\u0151b\u0151l fonott  t\u00e1rol\u00f3kos\u00e1r fa f\u00fcllel.\\nMagass\u00e1ga: 11 cm\\n\u00c1tm\u00e9r\u0151je: 24 cm, Meska","image_title":"Kerek  t\u00e1rol\u00f3kos\u00e1r fa foganty\u00faval, Meska","view_count":"24","favourite_count":"0","trending_score":"0","last2MonthFavouriteCount":"0","promotion":"0","giftcard_accept":"0","creditcard_accept":false,"enhanced_background":"0","domain":"meska","specific_customer_id":null,"specific_customer_name":null,"to_order_product":"0","to_order_product_time":"0","product_different":null,"product_different_description":"","vintage":"0","vintage_category_id":"0","recycled":"0","gemstone_id":"0","customizable":"0","type_category":"physical","zerowaste":"0","postage_price":"1799.00","shop_order":"0","has_category":"1","landing_pages":null,"microdata":{"number":49,"category":""},"title":"Kerek  t\u00e1rol\u00f3kos\u00e1r fa foganty\u00faval","description":"F\u0171zvessz\u0151b\u0151l fonott  t\u00e1rol\u00f3kos\u00e1r fa f\u00fcllel.\nMagass\u00e1ga: 11 cm\n\u00c1tm\u00e9r\u0151je: 24 cm","score":0,"formatted_price":"3 600 Ft","image_url":"https:\/\/www.meska.hu\/img\/product\/small\/m\/a\/magdas_product_404039_240620145523_0979.jpeg","formatted_url":"https:\/\/www.meska.hu\/p5770314-kerek-tarolokosar-fa-fogantyuval","favourite":false,"in_stock":true,"avatar":"Magda58_avatar_404039_1628716526.jpg","delete_from":0,"is_enhanced_background":false,"is_enhanced":false,"product_selection_started":false,"is_active":true,"image_webp_url":"https:\/\/www.meska.hu\/img\/product\/small\/m\/a\/magdas_product_404039_240620145523_0979.webp"},{"id":"5892204","shop_id":"8655","user_id":"42057","shop_name":"KisdioStudio","shop_zip":"1012","product_code":"5607380","product_name_old":null,"product_name":"P\u00c1ROS KOS\u00c1RFON\u00d3 WORKSHOP az otthonodban - kos\u00e1rfon\u00f3 workshop","category_string":"DIY (Csin\u00e1ld magad), Workshop & Tanfolyam","technic_string":"Fon\u00e1s (csuh\u00e9, gy\u00e9k\u00e9ny, stb.)","category_1":"402","category_2":"926","category_3":"0","category_4":"0","merged_category_1":null,"merged_category_2":null,"merged_category_3":null,"technic_1":"482","technic_2":"0","technic_3":"0","color_1":"514","color_2":"0","color_3":"0","product_description_old":null,"product_description":"K\u00e9tszem\u00e9lyes kos\u00e1rfon\u00f3 foglalkoz\u00e1s p\u00e1roknak, bar\u00e1tn\u0151knek, anya-l\u00e1nya, apa-fia p\u00e1rosoknak :)\n\nMindig is \u00e9rdekelt titeket a kos\u00e1rfon\u00e1s, de m\u00e9g nem mert\u00e9tek kipr\u00f3b\u00e1lni? V\u00e1lasszatok egy kosarat (a megl\u00e9v\u0151 t\u00e9m\u00e1ink k\u00f6z\u00fcl) foglaljatok n\u00e1lunk id\u0151pontot, \u00e9s saj\u00e1t\u00edts\u00e1tok el ennek a gy\u00f6ny\u00f6r\u0171 mesters\u00e9gnek az alapjait egy eg\u00e9sznapos (7 \u00f3r\u00e1s) szem\u00e9lyre szabott foglalkoz\u00e1s keret\u00e9ben!\n\nAz id\u0151pontok a h\u00e9tv\u00e9g\u00e9k kiv\u00e9tel\u00e9vel b\u00e1rmelyik nap lehetnek, mi rugalmasan igazodunk a Ti id\u0151beoszt\u00e1sotokhoz!\n\nA r\u00e9szv\u00e9telhez semmif\u00e9le el\u0151k\u00e9pzetts\u00e9g nem sz\u00fcks\u00e9ges, a 7 \u00f3ra alatt minden l\u00e9p\u00e9sen v\u00e9gigvezet\u00fcnk majd Benneteket a kos\u00e1r elkezd\u00e9s\u00e9t\u0151l a befejez\u00e9sig.\nCsak a lelkesed\u00e9setek kell h\u00e1t!\n\nA kosarakhoz termesztett amerikai f\u0171zfavessz\u0151ket \u00e9s egy\u00e9b, term\u00e9szetben gy\u0171jt\u00f6tt, izgalmas anyagokat fogunk haszn\u00e1lni, \na munk\u00e1hoz valamennyi sz\u00fcks\u00e9ges alapanyagot \u00e9s eszk\u00f6zt mi biztos\u00edtjuk sz\u00e1motokra.\nA workshop sor\u00e1n tippeket kaphattok majd a saj\u00e1t anyaggy\u0171jt\u00e9shez is.\n\nMit tartalmaz a megadott d\u00edj?\n\n* a csoportos workhopokhoz k\u00e9pest \u00f6sszetettebb tematik\u00e1k (pl. els\u0151re fonott kos\u00e1ralj)\n* kisz\u00e1ll\u00e1si k\u00f6lts\u00e9g Bp. ter\u00fclet\u00e9n \u00e9s Pest megy\u00e9ben (t\u00e1volabbi helysz\u00edn eset\u00e9n egyeztess\u00fcnk)\n* valamennyi sz\u00fcks\u00e9ges alapanyag \u00e9s kell\u00e9k\n* szersz\u00e1m, \u00e9s k\u00f6t\u00e9nyhaszn\u00e1lat\n* szem\u00e9lyre szabott, rugalmas oktat\u00e1s, ha kell, t\u00fal\u00f3r\u00e1val ;)\n* r\u00f6vid ismertet\u0151 az alapanyagr\u00f3l, annak gy\u0171jt\u00e9si lehet\u0151s\u00e9geir\u0151l\n\nA foglalkoz\u00e1sra p\u00e9nz-visszafizet\u00e9si garanci\u00e1t v\u00e1llalunk!\n\nMit jelent ez?\n\nAzt, hogy a workshop d\u00edj\u00e1t visszat\u00e9r\u00edtj\u00fck, amennyiben a nap v\u00e9g\u00e9n nem k\u00e9sz\u00fclne el a kosaratok.\n\nHelyileg hol lesz?\n\nA foglalkoz\u00e1s az otthonotokban lesz.\n\nIzgatottan v\u00e1rjuk a szem\u00e9lyes tal\u00e1lkoz\u00e1st!\n\nkos\u00e1rfon\u00f3 tanfolyam, kos\u00e1rfon\u00f3 workshop, kos\u00e1rfon\u00e1s, kos\u00e1rfon\u00e1s kezd\u0151knek, kos\u00e1rfon\u00e1s tanfolyam, kos\u00e1rfon\u00e1s workshop","price":"72000.00","unit":"db","recommended":"0","status":"1","sponsored":"0","exp_notify":"0","own_material":"0","own_material_description_old":null,"own_material_description":"","jury":"0","jury_number":"","product_nature":"","meskaracsony":"0","create_date":"2026-04-09 21:03:40","shelve_id":"67848","image":"kisdiostudio_product_42057_251010151322_444788.jpeg","image_width":"480","image_height":"351","image_alt":"P\u00c1ROS KOS\u00c1RFON\u00d3 WORKSHOP az otthonodban - kos\u00e1rfon\u00f3 workshop, K\u00e9tszem\u00e9lyes kos\u00e1rfon\u00f3 foglalkoz\u00e1s p\u00e1roknak, bar\u00e1tn\u0151knek, anya-l\u00e1nya, apa-fia p\u00e1rosoknak :)\\n\\nMindig ..., Meska","image_title":"P\u00c1ROS KOS\u00c1RFON\u00d3 WORKSHOP az otthonodban - kos\u00e1rfon\u00f3 workshop, Meska","view_count":"470","favourite_count":"0","trending_score":"0","last2MonthFavouriteCount":"0","promotion":"0","giftcard_accept":"1","creditcard_accept":true,"enhanced_background":"0","domain":"meska","specific_customer_id":null,"specific_customer_name":null,"to_order_product":"0","to_order_product_time":"0","product_different":null,"product_different_description":"","vintage":"0","vintage_category_id":"0","recycled":"0","gemstone_id":"0","customizable":"0","type_category":"physical","zerowaste":"1","postage_price":"0.00","shop_order":"0","has_category":"1","landing_pages":null,"microdata":{"number":50,"category":""},"title":"P\u00c1ROS KOS\u00c1RFON\u00d3 WORKSHOP az otthonodban - kos\u00e1rfon\u00f3 workshop","description":"K\u00e9tszem\u00e9lyes kos\u00e1rfon\u00f3 foglalkoz\u00e1s p\u00e1roknak, bar\u00e1tn\u0151knek, anya-l\u00e1nya, apa-fia p\u00e1rosoknak :)\n\nMindig is \u00e9rdekelt titeket a kos\u00e1rfon\u00e1s, de m\u00e9g nem mert\u00e9tek kipr\u00f3b\u00e1lni? V\u00e1lasszatok egy kosarat (a megl\u00e9v\u0151 t\u00e9m\u00e1ink k\u00f6z\u00fcl) foglaljatok n\u00e1lunk id\u0151pontot, \u00e9s saj\u00e1t\u00edts\u00e1tok el ennek a gy\u00f6ny\u00f6r\u0171 mesters\u00e9gnek az alapjait egy eg\u00e9sznapos (7 \u00f3r\u00e1s) szem\u00e9lyre szabott foglalkoz\u00e1s keret\u00e9ben!\n\nAz id\u0151pontok a h\u00e9tv\u00e9g\u00e9k kiv\u00e9tel\u00e9vel b\u00e1rmelyik nap lehetnek, mi rugalmasan igazodunk a Ti id\u0151beoszt\u00e1sotokhoz!\n\nA r\u00e9szv\u00e9telhez semmif\u00e9le el\u0151k\u00e9pzetts\u00e9g nem sz\u00fcks\u00e9ges, a 7 \u00f3ra alatt minden l\u00e9p\u00e9sen v\u00e9gigvezet\u00fcnk majd Benneteket a kos\u00e1r elkezd\u00e9s\u00e9t\u0151l a befejez\u00e9sig.\nCsak a lelkesed\u00e9setek kell h\u00e1t!\n\nA kosarakhoz termesztett amerikai f\u0171zfavessz\u0151ket \u00e9s egy\u00e9b, term\u00e9szetben gy\u0171jt\u00f6tt, izgalmas anyagokat fogunk haszn\u00e1lni, \na munk\u00e1hoz valamennyi sz\u00fcks\u00e9ges alapanyagot \u00e9s eszk\u00f6zt mi biztos\u00edtjuk sz\u00e1motokra.\nA workshop sor\u00e1n tippeket kaphattok majd a saj\u00e1t anyaggy\u0171jt\u00e9shez is.\n\nMit tartalmaz a megadott d\u00edj?\n\n* a csoportos workhopokhoz k\u00e9pest \u00f6sszetettebb tematik\u00e1k (pl. els\u0151re fonott kos\u00e1ralj)\n* kisz\u00e1ll\u00e1si k\u00f6lts\u00e9g Bp. ter\u00fclet\u00e9n \u00e9s Pest megy\u00e9ben (t\u00e1volabbi helysz\u00edn eset\u00e9n egyeztess\u00fcnk)\n* valamennyi sz\u00fcks\u00e9ges alapanyag \u00e9s kell\u00e9k\n* szersz\u00e1m, \u00e9s k\u00f6t\u00e9nyhaszn\u00e1lat\n* szem\u00e9lyre szabott, rugalmas oktat\u00e1s, ha kell, t\u00fal\u00f3r\u00e1val ;)\n* r\u00f6vid ismertet\u0151 az alapanyagr\u00f3l, annak gy\u0171jt\u00e9si lehet\u0151s\u00e9geir\u0151l\n\nA foglalkoz\u00e1sra p\u00e9nz-visszafizet\u00e9si garanci\u00e1t v\u00e1llalunk!\n\nMit jelent ez?\n\nAzt, hogy a workshop d\u00edj\u00e1t visszat\u00e9r\u00edtj\u00fck, amennyiben a nap v\u00e9g\u00e9n nem k\u00e9sz\u00fclne el a kosaratok.\n\nHelyileg hol lesz?\n\nA foglalkoz\u00e1s az otthonotokban lesz.\n\nIzgatottan v\u00e1rjuk a szem\u00e9lyes tal\u00e1lkoz\u00e1st!\n\nkos\u00e1rfon\u00f3 tanfolyam, kos\u00e1rfon\u00f3 workshop, kos\u00e1rfon\u00e1s, kos\u00e1rfon\u00e1s kezd\u0151knek, kos\u00e1rfon\u00e1s tanfolyam, kos\u00e1rfon\u00e1s workshop","score":0,"formatted_price":"72 000 Ft","image_url":"https:\/\/www.meska.hu\/img\/product\/small\/k\/i\/kisdiostudio_product_42057_251010151322_444788.jpeg","formatted_url":"https:\/\/www.meska.hu\/p5607380-kosarfono-workshop-paros-kosarfono-workshop-az-otthonodban","favourite":false,"in_stock":true,"avatar":"KisdioStudio_avatar_42057_1649420514.jpg","delete_from":0,"is_enhanced_background":false,"is_enhanced":false,"product_selection_started":false,"is_active":true,"image_webp_url":"https:\/\/www.meska.hu\/img\/product\/small\/k\/i\/kisdiostudio_product_42057_251010151322_444788.webp"},{"id":"4804035","shop_id":"26841","user_id":"327178","shop_name":"gardonyilevendula","shop_zip":"2483","product_code":"4960916","product_name_old":null,"product_name":"Vir\u00e1gszed\u0151 kos\u00e1r- s\u00e1rga","category_string":"Otthon & \u00c9letm\u00f3d, Vir\u00e1gdekor\u00e1ci\u00f3, Vir\u00e1gtart\u00f3","technic_string":"Fon\u00e1s (csuh\u00e9, gy\u00e9k\u00e9ny, stb.)","category_1":"813","category_2":"1473","category_3":"954","category_4":"0","merged_category_1":"0","merged_category_2":"0","merged_category_3":"785","technic_1":"482","technic_2":"0","technic_3":"0","color_1":"526","color_2":"0","color_3":"0","product_description_old":null,"product_description":"Dekorat\u00edv \u00e9s praktikus\n\nFektetett vir\u00e1gszed\u0151 kos\u00e1r levendul\u00e1hoz vagy tulip\u00e1nhoz. Finom vintage jelleg\u0171 dekor\u00e1ci\u00f3 egy asztalon, kertben, teraszon, sz\u00e1r\u00edtott vir\u00e1ggal, levendul\u00e1val. Fot\u00f3z\u00e1si kell\u00e9knek szint\u00e9n j\u00f3 v\u00e1laszt\u00e1s.\n\nAj\u00e1nd\u00e9k \u00f6tlet\n\nV\u00e1laszd ezt a kosarat, \u00e9s szedj \u00f6ssze ebbe n\u00e9h\u00e1ny term\u00e9ket m\u00e9g, tegy\u00e9l mell\u00e9 egy sz\u00e1l vir\u00e1got, \u00e9s garant\u00e1lt lesz a siker. Teljesen egyedi, st\u00edlusos aj\u00e1nd\u00e9kkosarat var\u00e1zsolhatsz.\n\nMib\u0151l k\u00e9sz\u00fcl?\n\nK\u00f6rnyezetbar\u00e1t szeml\u00e9lettel v\u00e1logatjuk ki saj\u00e1t term\u00e9keinket \u00e9s alapanyagukat, \u00edgy ez sem lehet m\u00e1sk\u00e9pp. A kos\u00e1r festett, \u00fajrahasznos\u00edtott \u00fajs\u00e1gpap\u00edr anyagb\u00f3l k\u00e9sz\u00fclt, kos\u00e1rfon\u00e1ssal. Egyedi k\u00e9zm\u0171ves term\u00e9k.\n\nA G\u00e1rdonyi Levendula sz\u00fcretre k\u00e9sz\u00fclt eredetileg, k\u00f6rny\u00e9kbeli k\u00e9zm\u0171ves \u00f6sszefog\u00e1ssal. Nagy siker\u00e9re val\u00f3 tekintettel folyamatosan kaphat\u00f3.\n\nAz id\u0151j\u00e1r\u00e1sn\u00e1l m\u00e9rs\u00e9kelten ellen\u00e1ll, es\u0151n nem aj\u00e1nlott kint hagyni, mert eldeform\u00e1l\u00f3dhat.\nA feh\u00e9r \u00e9s vil\u00e1gos sz\u00ednen az \u00fajs\u00e1g mint\u00e1ja kicsit \u00e1t\u00fcthet, ezzel is a vintage jelleget er\u0151s\u00edti.\n1 db, m\u00e9rete 29*20*20 cm","price":"4800.00","unit":"db","recommended":"0","status":"1","sponsored":"0","exp_notify":"0","own_material":"0","own_material_description_old":null,"own_material_description":"","jury":"0","jury_number":"","product_nature":"","meskaracsony":"0","create_date":"2026-04-09 19:03:10","shelve_id":"58420","image":"gardonyilevendula_product_327178_230425141238_069542.jpeg","image_width":"480","image_height":"514","image_alt":"Vir\u00e1gszed\u0151 kos\u00e1r- s\u00e1rga, Dekorat\u00edv \u00e9s praktikus\\n\\nFektetett vir\u00e1gszed\u0151 kos\u00e1r levendul\u00e1hoz vagy tulip\u00e1nhoz. Finom vintage jelle..., Meska","image_title":"Vir\u00e1gszed\u0151 kos\u00e1r- s\u00e1rga, Meska","view_count":"1199","favourite_count":"0","trending_score":"0","last2MonthFavouriteCount":"0","promotion":"0","giftcard_accept":"0","creditcard_accept":true,"enhanced_background":"0","domain":"meska","specific_customer_id":null,"specific_customer_name":null,"to_order_product":"1","to_order_product_time":"2","product_different":null,"product_different_description":"","vintage":"0","vintage_category_id":"0","recycled":"1","gemstone_id":"0","customizable":"0","type_category":"physical","zerowaste":"1","postage_price":"1290.00","shop_order":"0","has_category":"1","landing_pages":null,"microdata":{"number":51,"category":""},"title":"Vir\u00e1gszed\u0151 kos\u00e1r- s\u00e1rga","description":"Dekorat\u00edv \u00e9s praktikus\n\nFektetett vir\u00e1gszed\u0151 kos\u00e1r levendul\u00e1hoz vagy tulip\u00e1nhoz. Finom vintage jelleg\u0171 dekor\u00e1ci\u00f3 egy asztalon, kertben, teraszon, sz\u00e1r\u00edtott vir\u00e1ggal, levendul\u00e1val. Fot\u00f3z\u00e1si kell\u00e9knek szint\u00e9n j\u00f3 v\u00e1laszt\u00e1s.\n\nAj\u00e1nd\u00e9k \u00f6tlet\n\nV\u00e1laszd ezt a kosarat, \u00e9s szedj \u00f6ssze ebbe n\u00e9h\u00e1ny term\u00e9ket m\u00e9g, tegy\u00e9l mell\u00e9 egy sz\u00e1l vir\u00e1got, \u00e9s garant\u00e1lt lesz a siker. Teljesen egyedi, st\u00edlusos aj\u00e1nd\u00e9kkosarat var\u00e1zsolhatsz.\n\nMib\u0151l k\u00e9sz\u00fcl?\n\nK\u00f6rnyezetbar\u00e1t szeml\u00e9lettel v\u00e1logatjuk ki saj\u00e1t term\u00e9keinket \u00e9s alapanyagukat, \u00edgy ez sem lehet m\u00e1sk\u00e9pp. A kos\u00e1r festett, \u00fajrahasznos\u00edtott \u00fajs\u00e1gpap\u00edr anyagb\u00f3l k\u00e9sz\u00fclt, kos\u00e1rfon\u00e1ssal. Egyedi k\u00e9zm\u0171ves term\u00e9k.\n\nA G\u00e1rdonyi Levendula sz\u00fcretre k\u00e9sz\u00fclt eredetileg, k\u00f6rny\u00e9kbeli k\u00e9zm\u0171ves \u00f6sszefog\u00e1ssal. Nagy siker\u00e9re val\u00f3 tekintettel folyamatosan kaphat\u00f3.\n\nAz id\u0151j\u00e1r\u00e1sn\u00e1l m\u00e9rs\u00e9kelten ellen\u00e1ll, es\u0151n nem aj\u00e1nlott kint hagyni, mert eldeform\u00e1l\u00f3dhat.\nA feh\u00e9r \u00e9s vil\u00e1gos sz\u00ednen az \u00fajs\u00e1g mint\u00e1ja kicsit \u00e1t\u00fcthet, ezzel is a vintage jelleget er\u0151s\u00edti.\n1 db, m\u00e9rete 29*20*20 cm","score":0,"formatted_price":"4 800 Ft","image_url":"https:\/\/www.meska.hu\/img\/product\/small\/g\/a\/gardonyilevendula_product_327178_230425141238_069542.jpeg","formatted_url":"https:\/\/www.meska.hu\/p4960916-viragszedo-kosar-sarga","favourite":false,"in_stock":false,"avatar":"gardonyilevendula_avatar_327178_1666612331.jpg","delete_from":0,"is_enhanced_background":false,"is_enhanced":false,"product_selection_started":false,"is_active":true,"image_webp_url":"https:\/\/www.meska.hu\/img\/product\/small\/g\/a\/gardonyilevendula_product_327178_230425141238_069542.webp"},{"id":"5868881","shop_id":"8655","user_id":"42057","shop_name":"KisdioStudio","shop_zip":"1012","product_code":"5593069","product_name_old":null,"product_name":"PRIV\u00c1T KOS\u00c1RFON\u00d3 WORKSHOP az otthonodban -kezd\u0151 kos\u00e1rfon\u00f3 workshop ","category_string":"DIY (Csin\u00e1ld magad), Workshop & Tanfolyam","technic_string":"Fon\u00e1s (csuh\u00e9, gy\u00e9k\u00e9ny, stb.)","category_1":"402","category_2":"926","category_3":"0","category_4":"0","merged_category_1":null,"merged_category_2":null,"merged_category_3":null,"technic_1":"482","technic_2":"0","technic_3":"0","color_1":"514","color_2":"0","color_3":"0","product_description_old":null,"product_description":"Egyszem\u00e9lyes kos\u00e1rfon\u00f3 foglalkoz\u00e1s.\n\nMindig is \u00e9rdekelt a kos\u00e1rfon\u00e1s, de m\u00e9g nem merted kipr\u00f3b\u00e1lni? V\u00e1lassz egy kedvedre val\u00f3 kosarat (megl\u00e9v\u0151 t\u00e9m\u00e1ink k\u00f6z\u00fcl) foglalj n\u00e1lunk id\u0151pontot, \u00e9s saj\u00e1t\u00edtsd el ennek a gy\u00f6ny\u00f6r\u0171 mesters\u00e9gnek az alapjait egy eg\u00e9sznapos (7 \u00f3r\u00e1s) szem\u00e9lyre szabott foglalkoz\u00e1s keret\u00e9ben!\n\nAz id\u0151pontok a h\u00e9tv\u00e9g\u00e9k kiv\u00e9tel\u00e9vel b\u00e1rmelyik nap lehetnek, mi rugalmasan igazodunk a Te id\u0151beoszt\u00e1sodhoz.\n\nA r\u00e9szv\u00e9telhez semmif\u00e9le el\u0151k\u00e9pzetts\u00e9g nem sz\u00fcks\u00e9ges, a 7 \u00f3ra alatt minden l\u00e9p\u00e9sen v\u00e9gigvezet\u00fcnk majd a kos\u00e1r elkezd\u00e9s\u00e9t\u0151l a befejez\u00e9sig.\nCsak a lelkesed\u00e9sed kell h\u00e1t!\n\nA kosarakhoz termesztett amerikai f\u0171zfavessz\u0151ket \u00e9s egy\u00e9b, term\u00e9szetben gy\u0171jt\u00f6tt, izgalmas anyagokat fogunk haszn\u00e1lni, \na munk\u00e1hoz valamennyi sz\u00fcks\u00e9ges alapanyagot \u00e9s eszk\u00f6zt mi biztos\u00edtjuk sz\u00e1modra.\nA workshop sor\u00e1n tippeket kaphatsz majd a saj\u00e1t anyaggy\u0171jt\u00e9shez is.\n\nMit tartalmaz a megadott d\u00edj?\n\n* a csoportos workhopokhoz k\u00e9pest \u00f6sszetettebb tematik\u00e1k (pl. els\u0151re fonott kos\u00e1ralj)\n* kisz\u00e1ll\u00e1si k\u00f6lts\u00e9g Bp. ter\u00fclet\u00e9n \u00e9s Pest megy\u00e9ben (t\u00e1volabbi helysz\u00edn eset\u00e9n egyeztess\u00fcnk)\n* valamennyi sz\u00fcks\u00e9ges alapanyag \u00e9s kell\u00e9k\n* szersz\u00e1m, \u00e9s k\u00f6t\u00e9nyhaszn\u00e1lat\n* szem\u00e9lyre szabott, rugalmas oktat\u00e1s, ha kell, t\u00fal\u00f3r\u00e1val ;)\n* r\u00f6vid ismertet\u0151 az alapanyagr\u00f3l, annak gy\u0171jt\u00e9si lehet\u0151s\u00e9geir\u0151l\n\nA foglalkoz\u00e1sra p\u00e9nz-visszafizet\u00e9si garanci\u00e1t v\u00e1llalunk!\n\nMit jelent ez?\n\nAzt, hogy a workshop d\u00edj\u00e1t visszat\u00e9r\u00edtj\u00fck, amennyiben a nap v\u00e9g\u00e9n nem k\u00e9sz\u00fclne el egy kosarad.\n\nHelyileg hol lesz?\n\nA foglalkoz\u00e1s a te otthonodban lesz.\n\nIzgatottan v\u00e1rjuk a szem\u00e9lyes tal\u00e1lkoz\u00e1st!\n\nkos\u00e1rfon\u00f3 tanfolyam, kos\u00e1rfon\u00f3 workshop, kos\u00e1rfon\u00e1s, kos\u00e1rfon\u00e1s kezd\u0151knek, kos\u00e1rfon\u00e1s tanfolyam, kos\u00e1rfon\u00e1s workshop","price":"42000.00","unit":"db","recommended":"0","status":"1","sponsored":"0","exp_notify":"0","own_material":"0","own_material_description_old":null,"own_material_description":"","jury":"0","jury_number":"","product_nature":"","meskaracsony":"0","create_date":"2026-04-09 11:02:00","shelve_id":"67848","image":"kisdiostudio_product_42057_251010150816_258474.jpeg","image_width":"480","image_height":"335","image_alt":"PRIV\u00c1T KOS\u00c1RFON\u00d3 WORKSHOP az otthonodban -kezd\u0151 kos\u00e1rfon\u00f3 workshop , Egyszem\u00e9lyes kos\u00e1rfon\u00f3 foglalkoz\u00e1s.\\n\\nMindig is \u00e9rdekelt a kos\u00e1rfon\u00e1s, de m\u00e9g nem merted kipr\u00f3b\u00e1lni? ..., Meska","image_title":"PRIV\u00c1T KOS\u00c1RFON\u00d3 WORKSHOP az otthonodban -kezd\u0151 kos\u00e1rfon\u00f3 workshop , Meska","view_count":"1095","favourite_count":"0","trending_score":"0","last2MonthFavouriteCount":"0","promotion":"0","giftcard_accept":"1","creditcard_accept":true,"enhanced_background":"0","domain":"meska","specific_customer_id":null,"specific_customer_name":null,"to_order_product":"0","to_order_product_time":"0","product_different":null,"product_different_description":"","vintage":"0","vintage_category_id":"0","recycled":"0","gemstone_id":"0","customizable":"0","type_category":"physical","zerowaste":"1","postage_price":"0.00","shop_order":"0","has_category":"1","landing_pages":null,"microdata":{"number":52,"category":""},"title":"PRIV\u00c1T KOS\u00c1RFON\u00d3 WORKSHOP az otthonodban -kezd\u0151 kos\u00e1rfon\u00f3 workshop ","description":"Egyszem\u00e9lyes kos\u00e1rfon\u00f3 foglalkoz\u00e1s.\n\nMindig is \u00e9rdekelt a kos\u00e1rfon\u00e1s, de m\u00e9g nem merted kipr\u00f3b\u00e1lni? V\u00e1lassz egy kedvedre val\u00f3 kosarat (megl\u00e9v\u0151 t\u00e9m\u00e1ink k\u00f6z\u00fcl) foglalj n\u00e1lunk id\u0151pontot, \u00e9s saj\u00e1t\u00edtsd el ennek a gy\u00f6ny\u00f6r\u0171 mesters\u00e9gnek az alapjait egy eg\u00e9sznapos (7 \u00f3r\u00e1s) szem\u00e9lyre szabott foglalkoz\u00e1s keret\u00e9ben!\n\nAz id\u0151pontok a h\u00e9tv\u00e9g\u00e9k kiv\u00e9tel\u00e9vel b\u00e1rmelyik nap lehetnek, mi rugalmasan igazodunk a Te id\u0151beoszt\u00e1sodhoz.\n\nA r\u00e9szv\u00e9telhez semmif\u00e9le el\u0151k\u00e9pzetts\u00e9g nem sz\u00fcks\u00e9ges, a 7 \u00f3ra alatt minden l\u00e9p\u00e9sen v\u00e9gigvezet\u00fcnk majd a kos\u00e1r elkezd\u00e9s\u00e9t\u0151l a befejez\u00e9sig.\nCsak a lelkesed\u00e9sed kell h\u00e1t!\n\nA kosarakhoz termesztett amerikai f\u0171zfavessz\u0151ket \u00e9s egy\u00e9b, term\u00e9szetben gy\u0171jt\u00f6tt, izgalmas anyagokat fogunk haszn\u00e1lni, \na munk\u00e1hoz valamennyi sz\u00fcks\u00e9ges alapanyagot \u00e9s eszk\u00f6zt mi biztos\u00edtjuk sz\u00e1modra.\nA workshop sor\u00e1n tippeket kaphatsz majd a saj\u00e1t anyaggy\u0171jt\u00e9shez is.\n\nMit tartalmaz a megadott d\u00edj?\n\n* a csoportos workhopokhoz k\u00e9pest \u00f6sszetettebb tematik\u00e1k (pl. els\u0151re fonott kos\u00e1ralj)\n* kisz\u00e1ll\u00e1si k\u00f6lts\u00e9g Bp. ter\u00fclet\u00e9n \u00e9s Pest megy\u00e9ben (t\u00e1volabbi helysz\u00edn eset\u00e9n egyeztess\u00fcnk)\n* valamennyi sz\u00fcks\u00e9ges alapanyag \u00e9s kell\u00e9k\n* szersz\u00e1m, \u00e9s k\u00f6t\u00e9nyhaszn\u00e1lat\n* szem\u00e9lyre szabott, rugalmas oktat\u00e1s, ha kell, t\u00fal\u00f3r\u00e1val ;)\n* r\u00f6vid ismertet\u0151 az alapanyagr\u00f3l, annak gy\u0171jt\u00e9si lehet\u0151s\u00e9geir\u0151l\n\nA foglalkoz\u00e1sra p\u00e9nz-visszafizet\u00e9si garanci\u00e1t v\u00e1llalunk!\n\nMit jelent ez?\n\nAzt, hogy a workshop d\u00edj\u00e1t visszat\u00e9r\u00edtj\u00fck, amennyiben a nap v\u00e9g\u00e9n nem k\u00e9sz\u00fclne el egy kosarad.\n\nHelyileg hol lesz?\n\nA foglalkoz\u00e1s a te otthonodban lesz.\n\nIzgatottan v\u00e1rjuk a szem\u00e9lyes tal\u00e1lkoz\u00e1st!\n\nkos\u00e1rfon\u00f3 tanfolyam, kos\u00e1rfon\u00f3 workshop, kos\u00e1rfon\u00e1s, kos\u00e1rfon\u00e1s kezd\u0151knek, kos\u00e1rfon\u00e1s tanfolyam, kos\u00e1rfon\u00e1s workshop","score":0,"formatted_price":"42 000 Ft","image_url":"https:\/\/www.meska.hu\/img\/product\/small\/k\/i\/kisdiostudio_product_42057_251010150816_258474.jpeg","formatted_url":"https:\/\/www.meska.hu\/p5593069-kosarfono-workshop-privat-kosarfono-workshop-az-otthonodban","favourite":false,"in_stock":true,"avatar":"KisdioStudio_avatar_42057_1649420514.jpg","delete_from":0,"is_enhanced_background":false,"is_enhanced":false,"product_selection_started":false,"is_active":true,"image_webp_url":"https:\/\/www.meska.hu\/img\/product\/small\/k\/i\/kisdiostudio_product_42057_251010150816_258474.webp"},{"id":"4469118","shop_id":"99","user_id":"204","shop_name":"kezmuvesporta","shop_zip":"3176","product_code":"3853016","product_name_old":null,"product_name":"Fonott \u00fcveg ","category_string":"Otthon & \u00c9letm\u00f3d, T\u00e1rol\u00e1s & Rendszerez\u00e9s, \u00cdr\u00f3asztali t\u00e1rol\u00f3","technic_string":"Fon\u00e1s (csuh\u00e9, gy\u00e9k\u00e9ny, stb.)","category_1":"813","category_2":"426","category_3":"994","category_4":"0","merged_category_1":"0","merged_category_2":"0","merged_category_3":"0","technic_1":"482","technic_2":"0","technic_3":"0","color_1":"529","color_2":"0","color_3":"0","product_description_old":null,"product_description":"FOLK&VINTAGE - TERM\u00c9SZETB\u0150L FONVA\n\nEz a term\u00e9k r\u00e9gi \u00fcvegek \u00fajrahasznos\u00edt\u00e1s\u00e1val k\u00e9sz\u00fclt. Az \u00fcveget \u00e1tt\u00f6rt mint\u00e1val fontam be k\u00e1k\u00e1val, \u00edgy t\u00e9ve k\u00fcl\u00f6nlegess\u00e9.\n Funkci\u00f3j\u00e1t tekintve lehet haszn\u00e1lni v\u00e1z\u00e1nak, t\u00e1rol\u00e1sra, vagy ak\u00e1r m\u00e9csesk\u00e9nt is haszn\u00e1lhat\u00f3.\nM\u00e9rete:\nM\u00e9ret: \u00e1tm\u00e9r\u0151- 9 cm, magass\u00e1g: 14 cm\n\nFENNTARTHAT\u00d3S\u00c1G, K\u00d6RNYEZETTUDATOSS\u00c1G, MEG\u00daJ\u00daL\u00c1S\n\nFontos misszi\u00f3nak tartom, hogy megismertessem a magyar emberekkel a haz\u00e1nkban fellelhet\u0151 term\u00e9szetes anyagokat, \u00e9s az azokban rejl\u0151 csod\u00e1t. Hiszem, hogy ezen anyagokb\u00f3l k\u00e9sz\u00edtett term\u00e9kek id\u0151t\u00e1ll\u00f3k \u00e9s j\u00f3l beilleszthet\u0151k mai lak\u00e1strendekbe \u00e9s divatterm\u00e9kek k\u00f6z\u00e9 is. \n\nAz alapanyagokat (gy\u00e9k\u00e9ny, k\u00e1ka) minden \u00e9vben \u00e9n gy\u0171jt\u00f6m, \u00edgy pontosan tudom annak sz\u00e1rmaz\u00e1si hely\u00e9t. Gondosan odafigyelek az anyagok sz\u00e1r\u00edt\u00e1s\u00e1ra, t\u00e1rol\u00e1s\u00e1ra. Miel\u0151tt term\u00e9k lesz az alapanyagb\u00f3l, \u00fajra v\u00e1logat\u00e1sra ker\u00fcl, \u00edgy tudom garant\u00e1lni a j\u00f3 min\u0151s\u00e9get. \n\nTerm\u00e9keimmel szeretn\u00e9k alternat\u00edv\u00e1t ny\u00fajtani azoknak, akik sz\u00e1m\u00e1ra fontos, a k\u00f6rnyezettudatoss\u00e1g \u00e9s fenntarthat\u00f3s\u00e1g. A folk&VINTAGE term\u00e9kek hazai anyagokb\u00f3l hagyom\u00e1nyos technik\u00e1val k\u00e9sz\u00edtett min\u0151s\u00e9gi term\u00e9kek, melyek a term\u00e9szet harm\u00f3ni\u00e1j\u00e1t ny\u00fajtj\u00e1k. \n","price":"3200.00","unit":"db","recommended":"0","status":"1","sponsored":"0","exp_notify":"0","own_material":"0","own_material_description_old":null,"own_material_description":"","jury":"1","jury_number":"AJ\u00c1ND\u00c9KT\u00c1RGY-1872\/2019","product_nature":"","meskaracsony":"0","create_date":"2026-04-07 23:52:52","shelve_id":"63132","image":"kezmuvesporta_product_204_200928115215_842145.jpeg","image_width":"480","image_height":"626","image_alt":"Fonott \u00fcveg , FOLK&VINTAGE - TERM\u00c9SZETB\u0150L FONVA\\n\\nEz a term\u00e9k r\u00e9gi \u00fcvegek \u00fajrahasznos\u00edt\u00e1s\u00e1val k\u00e9sz\u00fclt. Az \u00fcveget \u00e1t..., Meska","image_title":"Fonott \u00fcveg , Meska","view_count":"1538","favourite_count":"1","trending_score":"0","last2MonthFavouriteCount":"1","promotion":"0","giftcard_accept":"0","creditcard_accept":true,"enhanced_background":"0","domain":"meska","specific_customer_id":null,"specific_customer_name":null,"to_order_product":"0","to_order_product_time":"0","product_different":null,"product_different_description":"","vintage":"0","vintage_category_id":"0","recycled":"0","gemstone_id":"0","customizable":"0","type_category":"physical","zerowaste":"0","postage_price":"1290.00","shop_order":"0","has_category":"1","landing_pages":null,"microdata":{"number":53,"category":""},"title":"Fonott \u00fcveg ","description":"FOLK&VINTAGE - TERM\u00c9SZETB\u0150L FONVA\n\nEz a term\u00e9k r\u00e9gi \u00fcvegek \u00fajrahasznos\u00edt\u00e1s\u00e1val k\u00e9sz\u00fclt. Az \u00fcveget \u00e1tt\u00f6rt mint\u00e1val fontam be k\u00e1k\u00e1val, \u00edgy t\u00e9ve k\u00fcl\u00f6nlegess\u00e9.\n Funkci\u00f3j\u00e1t tekintve lehet haszn\u00e1lni v\u00e1z\u00e1nak, t\u00e1rol\u00e1sra, vagy ak\u00e1r m\u00e9csesk\u00e9nt is haszn\u00e1lhat\u00f3.\nM\u00e9rete:\nM\u00e9ret: \u00e1tm\u00e9r\u0151- 9 cm, magass\u00e1g: 14 cm\n\nFENNTARTHAT\u00d3S\u00c1G, K\u00d6RNYEZETTUDATOSS\u00c1G, MEG\u00daJ\u00daL\u00c1S\n\nFontos misszi\u00f3nak tartom, hogy megismertessem a magyar emberekkel a haz\u00e1nkban fellelhet\u0151 term\u00e9szetes anyagokat, \u00e9s az azokban rejl\u0151 csod\u00e1t. Hiszem, hogy ezen anyagokb\u00f3l k\u00e9sz\u00edtett term\u00e9kek id\u0151t\u00e1ll\u00f3k \u00e9s j\u00f3l beilleszthet\u0151k mai lak\u00e1strendekbe \u00e9s divatterm\u00e9kek k\u00f6z\u00e9 is. \n\nAz alapanyagokat (gy\u00e9k\u00e9ny, k\u00e1ka) minden \u00e9vben \u00e9n gy\u0171jt\u00f6m, \u00edgy pontosan tudom annak sz\u00e1rmaz\u00e1si hely\u00e9t. Gondosan odafigyelek az anyagok sz\u00e1r\u00edt\u00e1s\u00e1ra, t\u00e1rol\u00e1s\u00e1ra. Miel\u0151tt term\u00e9k lesz az alapanyagb\u00f3l, \u00fajra v\u00e1logat\u00e1sra ker\u00fcl, \u00edgy tudom garant\u00e1lni a j\u00f3 min\u0151s\u00e9get. \n\nTerm\u00e9keimmel szeretn\u00e9k alternat\u00edv\u00e1t ny\u00fajtani azoknak, akik sz\u00e1m\u00e1ra fontos, a k\u00f6rnyezettudatoss\u00e1g \u00e9s fenntarthat\u00f3s\u00e1g. A folk&VINTAGE term\u00e9kek hazai anyagokb\u00f3l hagyom\u00e1nyos technik\u00e1val k\u00e9sz\u00edtett min\u0151s\u00e9gi term\u00e9kek, melyek a term\u00e9szet harm\u00f3ni\u00e1j\u00e1t ny\u00fajtj\u00e1k. \n","score":0,"formatted_price":"3 200 Ft","image_url":"https:\/\/www.meska.hu\/img\/product\/small\/k\/e\/kezmuvesporta_product_204_200928115215_842145.jpeg","formatted_url":"https:\/\/www.meska.hu\/p3853016-fonott-uveg","favourite":false,"in_stock":true,"avatar":"kezmuvesporta_avatar_204_1601323895.jpg","delete_from":0,"is_enhanced_background":false,"is_enhanced":false,"product_selection_started":false,"is_active":true,"image_webp_url":"https:\/\/www.meska.hu\/img\/product\/small\/k\/e\/kezmuvesporta_product_204_200928115215_842145.webp"},{"id":"6004192","shop_id":"50648","user_id":"610073","shop_name":"Adrikreativvilaga","shop_zip":"5945","product_code":"5677213","product_name_old":null,"product_name":"Egyedi n\u00e9vre sz\u00f3l\u00f3 makram\u00e9 kark\u00f6t\u0151 \u2013 szem\u00e9lyre szabott aj\u00e1nd\u00e9k","category_string":"\u00c9kszer, Kark\u00f6t\u0151, N\u00e9vre sz\u00f3l\u00f3 kark\u00f6t\u0151","technic_string":"Fon\u00e1s (csuh\u00e9, gy\u00e9k\u00e9ny, stb.), Csom\u00f3z\u00e1s","category_1":"327","category_2":"333","category_3":"1237","category_4":"0","merged_category_1":null,"merged_category_2":null,"merged_category_3":null,"technic_1":"482","technic_2":"475","technic_3":"0","color_1":"521","color_2":"791","color_3":"525","product_description_old":null,"product_description":"K\u00e9zzel k\u00e9sz\u00fclt, egyedi makram\u00e9 kark\u00f6t\u0151, amelyet a neveddel vagy a hozz\u00e1d k\u00f6zel \u00e1ll\u00f3 szem\u00e9ly nev\u00e9vel k\u00e9sz\u00edt\u00fcnk. Finom fonalb\u00f3l, \u00e1ll\u00edthat\u00f3 m\u00e9rettel, \u00edgy k\u00e9nyelmesen illeszkedik minden csukl\u00f3ra. T\u00f6k\u00e9letes aj\u00e1nd\u00e9k sz\u00fclet\u00e9snapra, n\u00e9vnapra vagy b\u00e1rmilyen k\u00fcl\u00f6nleges alkalomra.\n\nM\u00e9retek:\n\n\u00c1ll\u00edthat\u00f3, hogy minden csukl\u00f3ra passzoljon\n\nEgyedi sz\u00ednek \u00e9s kombin\u00e1ci\u00f3k v\u00e1laszthat\u00f3k\n\n\n\nMi\u00e9rt v\u00e1laszd?\n\nK\u00e9zzel k\u00e9sz\u00edtett, szem\u00e9lyre szabott darab\n\nEgyedi, st\u00edlusos kieg\u00e9sz\u00edt\u0151\n\nSz\u00edvhez sz\u00f3l\u00f3 aj\u00e1nd\u00e9k, amely \u00f6r\u00f6k eml\u00e9k marad\n\n\nTedd k\u00fcl\u00f6nlegess\u00e9 a mindennapokat ezzel a n\u00e9vre sz\u00f3l\u00f3 makram\u00e9 kark\u00f6t\u0151vel!\n","price":"2400.00","unit":"db","recommended":"0","status":"1","sponsored":"0","exp_notify":"0","own_material":"0","own_material_description_old":null,"own_material_description":"","jury":"0","jury_number":"","product_nature":"","meskaracsony":"0","create_date":"2026-04-07 15:33:31","shelve_id":"0","image":"adrikreativvilaga_product_610073_251117221915_58669.jpeg","image_width":"480","image_height":"281","image_alt":"Egyedi n\u00e9vre sz\u00f3l\u00f3 makram\u00e9 kark\u00f6t\u0151 \u2013 szem\u00e9lyre szabott aj\u00e1nd\u00e9k, K\u00e9zzel k\u00e9sz\u00fclt, egyedi makram\u00e9 kark\u00f6t\u0151, amelyet a neveddel vagy a hozz\u00e1d k\u00f6zel \u00e1ll\u00f3 szem\u00e9ly nev\u00e9vel ..., Meska","image_title":"Egyedi n\u00e9vre sz\u00f3l\u00f3 makram\u00e9 kark\u00f6t\u0151 \u2013 szem\u00e9lyre szabott aj\u00e1nd\u00e9k, Meska","view_count":"132","favourite_count":"0","trending_score":"0","last2MonthFavouriteCount":"0","promotion":"0","giftcard_accept":"0","creditcard_accept":false,"enhanced_background":"0","domain":"meska","specific_customer_id":null,"specific_customer_name":null,"to_order_product":"1","to_order_product_time":"1","product_different":null,"product_different_description":"","vintage":"0","vintage_category_id":"0","recycled":"0","gemstone_id":"0","customizable":"0","type_category":"physical","zerowaste":"0","postage_price":"2390.00","shop_order":"0","has_category":"1","landing_pages":null,"microdata":{"number":54,"category":""},"title":"Egyedi n\u00e9vre sz\u00f3l\u00f3 makram\u00e9 kark\u00f6t\u0151 \u2013 szem\u00e9lyre szabott aj\u00e1nd\u00e9k","description":"K\u00e9zzel k\u00e9sz\u00fclt, egyedi makram\u00e9 kark\u00f6t\u0151, amelyet a neveddel vagy a hozz\u00e1d k\u00f6zel \u00e1ll\u00f3 szem\u00e9ly nev\u00e9vel k\u00e9sz\u00edt\u00fcnk. Finom fonalb\u00f3l, \u00e1ll\u00edthat\u00f3 m\u00e9rettel, \u00edgy k\u00e9nyelmesen illeszkedik minden csukl\u00f3ra. T\u00f6k\u00e9letes aj\u00e1nd\u00e9k sz\u00fclet\u00e9snapra, n\u00e9vnapra vagy b\u00e1rmilyen k\u00fcl\u00f6nleges alkalomra.\n\nM\u00e9retek:\n\n\u00c1ll\u00edthat\u00f3, hogy minden csukl\u00f3ra passzoljon\n\nEgyedi sz\u00ednek \u00e9s kombin\u00e1ci\u00f3k v\u00e1laszthat\u00f3k\n\n\n\nMi\u00e9rt v\u00e1laszd?\n\nK\u00e9zzel k\u00e9sz\u00edtett, szem\u00e9lyre szabott darab\n\nEgyedi, st\u00edlusos kieg\u00e9sz\u00edt\u0151\n\nSz\u00edvhez sz\u00f3l\u00f3 aj\u00e1nd\u00e9k, amely \u00f6r\u00f6k eml\u00e9k marad\n\n\nTedd k\u00fcl\u00f6nlegess\u00e9 a mindennapokat ezzel a n\u00e9vre sz\u00f3l\u00f3 makram\u00e9 kark\u00f6t\u0151vel!\n","score":0,"formatted_price":"2 400 Ft","image_url":"https:\/\/www.meska.hu\/img\/product\/small\/a\/d\/adrikreativvilaga_product_610073_251117221915_58669.jpeg","formatted_url":"https:\/\/www.meska.hu\/p5677213-egyedi-nevre-szolo-makrame-karkoto-szemelyre-szabott-ajandek","favourite":false,"in_stock":false,"avatar":"610073_avatar_1763409227.png","delete_from":0,"is_enhanced_background":false,"is_enhanced":false,"product_selection_started":false,"is_active":true,"image_webp_url":"https:\/\/www.meska.hu\/img\/product\/small\/a\/d\/adrikreativvilaga_product_610073_251117221915_58669.webp"},{"id":"4534176","shop_id":"38745","user_id":"499886","shop_name":"Sasafonomuhelye","shop_zip":"2377","product_code":"4804419","product_name_old":null,"product_name":"Fonott k\u00e9zm\u0171ves kos\u00e1r pap\u00edrfon\u00e1ssal ","category_string":"Otthon & \u00c9letm\u00f3d, T\u00e1rol\u00e1s & Rendszerez\u00e9s, T\u00e1rol\u00f3kos\u00e1r","technic_string":"Fon\u00e1s (csuh\u00e9, gy\u00e9k\u00e9ny, stb.)","category_1":"813","category_2":"426","category_3":"428","category_4":"0","merged_category_1":null,"merged_category_2":null,"merged_category_3":null,"technic_1":"482","technic_2":"0","technic_3":"0","color_1":"519","color_2":"520","color_3":"527","product_description_old":null,"product_description":"30 cm \u00e1tm\u00e9r\u0151j\u0171 g\u00f6mb\u00f6ly\u0171 kos\u00e1r feh\u00e9r \u00e9s sz\u00fcrke sz\u00ednek kombin\u00e1ci\u00f3j\u00e1val, amely a lak\u00e1s dekorat\u00edv kieg\u00e9sz\u00edt\u0151je lehet. Haszn\u00e1lhat\u00f3 gy\u00fcm\u00f6lcs, p\u00e9k\u00e1ru, vagy egy\u00e9b m\u00e1s dolog t\u00e1rol\u00e1s\u00e1ra ig\u00e9ny szerint. Egyedi, k\u00e9zm\u0171ves term\u00e9k. Pap\u00edrfon\u00e1ssal k\u00e9sz\u00fclt, er\u0151s oldallal \u00e9s als\u00f3 r\u00e9sszel. Nedves szivaccsal tiszt\u00edthat\u00f3, de az \u00e1ztat\u00e1st\u00f3l \u00f3vjuk. ","price":"8000.00","unit":"db","recommended":"0","status":"1","sponsored":"0","exp_notify":"0","own_material":"0","own_material_description_old":null,"own_material_description":"","jury":"0","jury_number":"","product_nature":"","meskaracsony":"0","create_date":"2026-04-07 11:02:31","shelve_id":"73337","image":"sasafonomuhelye_product_499886_221011180142_632178.jpeg","image_width":"480","image_height":"1066","image_alt":"Fonott k\u00e9zm\u0171ves kos\u00e1r pap\u00edrfon\u00e1ssal , 30 cm \u00e1tm\u00e9r\u0151j\u0171 g\u00f6mb\u00f6ly\u0171 kos\u00e1r feh\u00e9r \u00e9s sz\u00fcrke sz\u00ednek kombin\u00e1ci\u00f3j\u00e1val, amely a lak\u00e1s dekorat\u00edv kieg\u00e9s..., Meska","image_title":"Fonott k\u00e9zm\u0171ves kos\u00e1r pap\u00edrfon\u00e1ssal , Meska","view_count":"1252","favourite_count":"0","trending_score":"0","last2MonthFavouriteCount":"0","promotion":"0","giftcard_accept":"0","creditcard_accept":true,"enhanced_background":"0","domain":"meska","specific_customer_id":null,"specific_customer_name":null,"to_order_product":"0","to_order_product_time":"0","product_different":null,"product_different_description":"","vintage":"0","vintage_category_id":"0","recycled":"1","gemstone_id":"0","customizable":"0","type_category":"physical","zerowaste":"0","postage_price":"1290.00","shop_order":"0","has_category":"1","landing_pages":null,"microdata":{"number":55,"category":""},"title":"Fonott k\u00e9zm\u0171ves kos\u00e1r pap\u00edrfon\u00e1ssal ","description":"30 cm \u00e1tm\u00e9r\u0151j\u0171 g\u00f6mb\u00f6ly\u0171 kos\u00e1r feh\u00e9r \u00e9s sz\u00fcrke sz\u00ednek kombin\u00e1ci\u00f3j\u00e1val, amely a lak\u00e1s dekorat\u00edv kieg\u00e9sz\u00edt\u0151je lehet. Haszn\u00e1lhat\u00f3 gy\u00fcm\u00f6lcs, p\u00e9k\u00e1ru, vagy egy\u00e9b m\u00e1s dolog t\u00e1rol\u00e1s\u00e1ra ig\u00e9ny szerint. Egyedi, k\u00e9zm\u0171ves term\u00e9k. Pap\u00edrfon\u00e1ssal k\u00e9sz\u00fclt, er\u0151s oldallal \u00e9s als\u00f3 r\u00e9sszel. Nedves szivaccsal tiszt\u00edthat\u00f3, de az \u00e1ztat\u00e1st\u00f3l \u00f3vjuk. ","score":0,"formatted_price":"8 000 Ft","image_url":"https:\/\/www.meska.hu\/img\/product\/small\/s\/a\/sasafonomuhelye_product_499886_221011180142_632178.jpeg","formatted_url":"https:\/\/www.meska.hu\/p4804419-fonott-kezmuves-kosar-papirfonassal","favourite":false,"in_stock":true,"avatar":"499886_avatar_1693338005.jpeg","delete_from":0,"is_enhanced_background":false,"is_enhanced":false,"product_selection_started":false,"is_active":true,"image_webp_url":"https:\/\/www.meska.hu\/img\/product\/small\/s\/a\/sasafonomuhelye_product_499886_221011180142_632178.webp"},{"id":"4942789","shop_id":"38745","user_id":"499886","shop_name":"Sasafonomuhelye","shop_zip":"2377","product_code":"5041284","product_name_old":null,"product_name":"Fonott kosarak pap\u00edrfon\u00e1ssal h\u00e1rom darabos szett","category_string":"Otthon & \u00c9letm\u00f3d, T\u00e1rol\u00e1s & Rendszerez\u00e9s, T\u00e1rol\u00f3kos\u00e1r","technic_string":"Fon\u00e1s (csuh\u00e9, gy\u00e9k\u00e9ny, stb.)","category_1":"813","category_2":"426","category_3":"428","category_4":"0","merged_category_1":null,"merged_category_2":null,"merged_category_3":null,"technic_1":"482","technic_2":"0","technic_3":"0","color_1":"514","color_2":"534","color_3":"0","product_description_old":null,"product_description":"Pap\u00edrfon\u00e1ssal k\u00e9sz\u00fclt t\u00e1rol\u00f3 kosarak. Egyedi, k\u00e9zm\u0171ves term\u00e9k. H\u00e1rom darabot tartalmaz a szett, amely egy\u00e9ni ig\u00e9ny szerint haszn\u00e1lhat\u00f3, ak\u00e1r keny\u00e9r, gy\u00fcm\u00f6lcs, ev\u0151eszk\u00f6z\u00f6k t\u00e1rol\u00e1s\u00e1hoz. Nagyszer\u0171 aj\u00e1nd\u00e9k lehet. A sz\u00edn term\u00e9szetes hat\u00e1s\u00fa, v\u00f6r\u00f6ses barna. Az eszk\u00f6ztart\u00f3 16 cm magas, 11,5 cm \u00e1tm\u00e9r\u0151vel, a r\u00e1csos kos\u00e1r 12,5 cm magas, 17 cm \u00e1tm\u00e9r\u0151, a keny\u00e9rkos\u00e1r ferde oldallal: 22 cm \u00e1tm\u00e9r\u0151, 7 cm magas. Nedves szivaccsal megfelel\u0151en tiszt\u00edthat\u00f3.","price":"10000.00","unit":"db","recommended":"0","status":"1","sponsored":"0","exp_notify":"0","own_material":"0","own_material_description_old":null,"own_material_description":"","jury":"0","jury_number":"","product_nature":"","meskaracsony":"0","create_date":"2026-04-07 11:02:03","shelve_id":"73337","image":"sasafonomuhelye_product_499886_230818152119_135930.jpeg","image_width":"480","image_height":"640","image_alt":"Fonott kosarak pap\u00edrfon\u00e1ssal h\u00e1rom darabos szett, Pap\u00edrfon\u00e1ssal k\u00e9sz\u00fclt t\u00e1rol\u00f3 kosarak. Egyedi, k\u00e9zm\u0171ves term\u00e9k. H\u00e1rom darabot tartalmaz a szett, amel..., Meska","image_title":"Fonott kosarak pap\u00edrfon\u00e1ssal h\u00e1rom darabos szett, Meska","view_count":"1111","favourite_count":"0","trending_score":"0","last2MonthFavouriteCount":"0","promotion":"0","giftcard_accept":"0","creditcard_accept":true,"enhanced_background":"0","domain":"meska","specific_customer_id":null,"specific_customer_name":null,"to_order_product":"0","to_order_product_time":"0","product_different":null,"product_different_description":"","vintage":"0","vintage_category_id":"0","recycled":"1","gemstone_id":"0","customizable":"0","type_category":"physical","zerowaste":"0","postage_price":"1290.00","shop_order":"0","has_category":"1","landing_pages":null,"microdata":{"number":56,"category":""},"title":"Fonott kosarak pap\u00edrfon\u00e1ssal h\u00e1rom darabos szett","description":"Pap\u00edrfon\u00e1ssal k\u00e9sz\u00fclt t\u00e1rol\u00f3 kosarak. Egyedi, k\u00e9zm\u0171ves term\u00e9k. H\u00e1rom darabot tartalmaz a szett, amely egy\u00e9ni ig\u00e9ny szerint haszn\u00e1lhat\u00f3, ak\u00e1r keny\u00e9r, gy\u00fcm\u00f6lcs, ev\u0151eszk\u00f6z\u00f6k t\u00e1rol\u00e1s\u00e1hoz. Nagyszer\u0171 aj\u00e1nd\u00e9k lehet. A sz\u00edn term\u00e9szetes hat\u00e1s\u00fa, v\u00f6r\u00f6ses barna. Az eszk\u00f6ztart\u00f3 16 cm magas, 11,5 cm \u00e1tm\u00e9r\u0151vel, a r\u00e1csos kos\u00e1r 12,5 cm magas, 17 cm \u00e1tm\u00e9r\u0151, a keny\u00e9rkos\u00e1r ferde oldallal: 22 cm \u00e1tm\u00e9r\u0151, 7 cm magas. Nedves szivaccsal megfelel\u0151en tiszt\u00edthat\u00f3.","score":0,"formatted_price":"10 000 Ft","image_url":"https:\/\/www.meska.hu\/img\/product\/small\/s\/a\/sasafonomuhelye_product_499886_230818152119_135930.jpeg","formatted_url":"https:\/\/www.meska.hu\/p5041284-fonott-kosarak-papirfonassal-harom-darabos-szett","favourite":false,"in_stock":true,"avatar":"499886_avatar_1693338005.jpeg","delete_from":0,"is_enhanced_background":false,"is_enhanced":false,"product_selection_started":false,"is_active":true,"image_webp_url":"https:\/\/www.meska.hu\/img\/product\/small\/s\/a\/sasafonomuhelye_product_499886_230818152119_135930.webp"},{"id":"4804012","shop_id":"26841","user_id":"327178","shop_name":"gardonyilevendula","shop_zip":"2483","product_code":"4960910","product_name_old":null,"product_name":"Vir\u00e1gszed\u0151 kos\u00e1r- t\u00f6rtfeh\u00e9r","category_string":"Otthon & \u00c9letm\u00f3d, Vir\u00e1gdekor\u00e1ci\u00f3, Vir\u00e1gtart\u00f3","technic_string":"Fon\u00e1s (csuh\u00e9, gy\u00e9k\u00e9ny, stb.)","category_1":"813","category_2":"1473","category_3":"954","category_4":"0","merged_category_1":"0","merged_category_2":"0","merged_category_3":"785","technic_1":"482","technic_2":"0","technic_3":"0","color_1":"515","color_2":"519","color_3":"0","product_description_old":null,"product_description":"Dekorat\u00edv \u00e9s praktikus\n\nFektetett vir\u00e1gszed\u0151 kos\u00e1r levendul\u00e1hoz vagy tulip\u00e1nhoz. Finom vintage jelleg\u0171 dekor\u00e1ci\u00f3 egy asztalon, kertben, teraszon, sz\u00e1r\u00edtott vir\u00e1ggal, levendul\u00e1val. Fot\u00f3z\u00e1si kell\u00e9knek szint\u00e9n j\u00f3 v\u00e1laszt\u00e1s.\n\nA feh\u00e9r sz\u00edn\u0171 kos\u00e1r enyh\u00e9n megs\u00e1rgul, antik sz\u00edne lesz, ezt az \u00fajs\u00e1gpap\u00edr okozza, amit nem lehet t\u00f6k\u00e9letesen feh\u00e9rre befesteni, de ez\u00e1ltal csak vintige jellege er\u0151s\u00f6dik id\u0151vel. A vir\u00e1gcsokrokhoz pedig j\u00f3l mutat a t\u00f6rtfeh\u00e9r, s\u0151t az \u00e1t\u00fct\u0151 \u00edr\u00e1s is az \u00fajs\u00e1gokr\u00f3l.\n\nAj\u00e1nd\u00e9k \u00f6tlet\n\nV\u00e1laszd ezt a kosarat, \u00e9s szedj \u00f6ssze ebbe n\u00e9h\u00e1ny term\u00e9ket m\u00e9g, tegy\u00e9l mell\u00e9 egy sz\u00e1l vir\u00e1got, \u00e9s garant\u00e1lt lesz a siker. Teljesen egyedi, st\u00edlusos aj\u00e1nd\u00e9kkosarat var\u00e1zsolhatsz.\n\nMib\u0151l k\u00e9sz\u00fcl?\n\nK\u00f6rnyezetbar\u00e1t szeml\u00e9lettel v\u00e1logatjuk ki saj\u00e1t term\u00e9keinket \u00e9s alapanyagukat, \u00edgy ez sem lehet m\u00e1sk\u00e9pp. A kos\u00e1r festett, \u00fajrahasznos\u00edtott \u00fajs\u00e1gpap\u00edr anyagb\u00f3l k\u00e9sz\u00fclt, kos\u00e1rfon\u00e1ssal. Egyedi k\u00e9zm\u0171ves term\u00e9k.\n\nA G\u00e1rdonyi Levendula sz\u00fcretre k\u00e9sz\u00fclt eredetileg, k\u00f6rny\u00e9kbeli k\u00e9zm\u0171ves \u00f6sszefog\u00e1ssal. Nagy siker\u00e9re val\u00f3 tekintettel folyamatosan kaphat\u00f3.\n\nAz id\u0151j\u00e1r\u00e1sn\u00e1l m\u00e9rs\u00e9kelten ellen\u00e1ll, es\u0151n nem aj\u00e1nlott kint hagyni, mert eldeform\u00e1l\u00f3dhat.\nA feh\u00e9r sz\u00ednen az \u00fajs\u00e1g mint\u00e1ja kicsit \u00e1t\u00fcthet, ezzel is a vintage jelleget er\u0151s\u00edti.\n1 db, m\u00e9rete 29*20*20 cm","price":"4800.00","unit":"db","recommended":"0","status":"1","sponsored":"0","exp_notify":"0","own_material":"0","own_material_description_old":null,"own_material_description":"","jury":"0","jury_number":"","product_nature":"","meskaracsony":"0","create_date":"2026-04-07 08:39:52","shelve_id":"58420","image":"gardonyilevendula_product_327178_230425140112_420450.jpeg","image_width":"480","image_height":"360","image_alt":"Vir\u00e1gszed\u0151 kos\u00e1r- t\u00f6rtfeh\u00e9r, Dekorat\u00edv \u00e9s praktikus\\n\\nFektetett vir\u00e1gszed\u0151 kos\u00e1r levendul\u00e1hoz vagy tulip\u00e1nhoz. Finom vintage jelle..., Meska","image_title":"Vir\u00e1gszed\u0151 kos\u00e1r- t\u00f6rtfeh\u00e9r, Meska","view_count":"1778","favourite_count":"1","trending_score":"0","last2MonthFavouriteCount":"1","promotion":"0","giftcard_accept":"0","creditcard_accept":true,"enhanced_background":"0","domain":"meska","specific_customer_id":null,"specific_customer_name":null,"to_order_product":"1","to_order_product_time":"2","product_different":null,"product_different_description":"","vintage":"0","vintage_category_id":"0","recycled":"1","gemstone_id":"0","customizable":"0","type_category":"physical","zerowaste":"1","postage_price":"1290.00","shop_order":"0","has_category":"1","landing_pages":null,"microdata":{"number":57,"category":""},"title":"Vir\u00e1gszed\u0151 kos\u00e1r- t\u00f6rtfeh\u00e9r","description":"Dekorat\u00edv \u00e9s praktikus\n\nFektetett vir\u00e1gszed\u0151 kos\u00e1r levendul\u00e1hoz vagy tulip\u00e1nhoz. Finom vintage jelleg\u0171 dekor\u00e1ci\u00f3 egy asztalon, kertben, teraszon, sz\u00e1r\u00edtott vir\u00e1ggal, levendul\u00e1val. Fot\u00f3z\u00e1si kell\u00e9knek szint\u00e9n j\u00f3 v\u00e1laszt\u00e1s.\n\nA feh\u00e9r sz\u00edn\u0171 kos\u00e1r enyh\u00e9n megs\u00e1rgul, antik sz\u00edne lesz, ezt az \u00fajs\u00e1gpap\u00edr okozza, amit nem lehet t\u00f6k\u00e9letesen feh\u00e9rre befesteni, de ez\u00e1ltal csak vintige jellege er\u0151s\u00f6dik id\u0151vel. A vir\u00e1gcsokrokhoz pedig j\u00f3l mutat a t\u00f6rtfeh\u00e9r, s\u0151t az \u00e1t\u00fct\u0151 \u00edr\u00e1s is az \u00fajs\u00e1gokr\u00f3l.\n\nAj\u00e1nd\u00e9k \u00f6tlet\n\nV\u00e1laszd ezt a kosarat, \u00e9s szedj \u00f6ssze ebbe n\u00e9h\u00e1ny term\u00e9ket m\u00e9g, tegy\u00e9l mell\u00e9 egy sz\u00e1l vir\u00e1got, \u00e9s garant\u00e1lt lesz a siker. Teljesen egyedi, st\u00edlusos aj\u00e1nd\u00e9kkosarat var\u00e1zsolhatsz.\n\nMib\u0151l k\u00e9sz\u00fcl?\n\nK\u00f6rnyezetbar\u00e1t szeml\u00e9lettel v\u00e1logatjuk ki saj\u00e1t term\u00e9keinket \u00e9s alapanyagukat, \u00edgy ez sem lehet m\u00e1sk\u00e9pp. A kos\u00e1r festett, \u00fajrahasznos\u00edtott \u00fajs\u00e1gpap\u00edr anyagb\u00f3l k\u00e9sz\u00fclt, kos\u00e1rfon\u00e1ssal. Egyedi k\u00e9zm\u0171ves term\u00e9k.\n\nA G\u00e1rdonyi Levendula sz\u00fcretre k\u00e9sz\u00fclt eredetileg, k\u00f6rny\u00e9kbeli k\u00e9zm\u0171ves \u00f6sszefog\u00e1ssal. Nagy siker\u00e9re val\u00f3 tekintettel folyamatosan kaphat\u00f3.\n\nAz id\u0151j\u00e1r\u00e1sn\u00e1l m\u00e9rs\u00e9kelten ellen\u00e1ll, es\u0151n nem aj\u00e1nlott kint hagyni, mert eldeform\u00e1l\u00f3dhat.\nA feh\u00e9r sz\u00ednen az \u00fajs\u00e1g mint\u00e1ja kicsit \u00e1t\u00fcthet, ezzel is a vintage jelleget er\u0151s\u00edti.\n1 db, m\u00e9rete 29*20*20 cm","score":0,"formatted_price":"4 800 Ft","image_url":"https:\/\/www.meska.hu\/img\/product\/small\/g\/a\/gardonyilevendula_product_327178_230425140112_420450.jpeg","formatted_url":"https:\/\/www.meska.hu\/p4960910-viragszedo-kosar-feher","favourite":false,"in_stock":false,"avatar":"gardonyilevendula_avatar_327178_1666612331.jpg","delete_from":0,"is_enhanced_background":false,"is_enhanced":false,"product_selection_started":false,"is_active":true,"image_webp_url":"https:\/\/www.meska.hu\/img\/product\/small\/g\/a\/gardonyilevendula_product_327178_230425140112_420450.webp"},{"id":"4534169","shop_id":"38745","user_id":"499886","shop_name":"Sasafonomuhelye","shop_zip":"2377","product_code":"4804415","product_name_old":null,"product_name":"Fonott k\u00e9zm\u0171ves kos\u00e1r pap\u00edrfon\u00e1ssal","category_string":"Otthon & \u00c9letm\u00f3d, T\u00e1rol\u00e1s & Rendszerez\u00e9s, T\u00e1rol\u00f3kos\u00e1r","technic_string":"Fon\u00e1s (csuh\u00e9, gy\u00e9k\u00e9ny, stb.)","category_1":"813","category_2":"426","category_3":"428","category_4":"0","merged_category_1":null,"merged_category_2":null,"merged_category_3":null,"technic_1":"482","technic_2":"0","technic_3":"0","color_1":"514","color_2":"0","color_3":"0","product_description_old":null,"product_description":"15x20 cm, 15 cm magas, n\u00e9gyzet alak\u00fa t\u00e1rol\u00f3 kos\u00e1rka, kiss\u00e9 \u00edvelt oldalakkal, term\u00e9szetes f\u00f6ld sz\u00ednben. A m\u00e9rete a sz\u00e9lesebb r\u00e9szeken m\u00e9rve 17 \u00e9s 22 cm. Pap\u00edrfon\u00e1ssal k\u00e9sz\u00fclt, er\u0151s, kem\u00e9ny, stabil oldalakkal \u00e9s als\u00f3 r\u00e9sszel rendelkezik. Nedves szivaccsal j\u00f3l tiszt\u00edthat\u00f3, de az \u00e1ztat\u00e1st\u00f3l \u00f3vjuk. Egyedi k\u00e9zm\u0171ves term\u00e9k. Aj\u00e1nd\u00e9knak, a lak\u00e1sba dekor\u00e1ci\u00f3k\u00e9nt, t\u00e1rol\u00e1shoz egyar\u00e1nt alkalmas. ","price":"5000.00","unit":"db","recommended":"0","status":"1","sponsored":"0","exp_notify":"0","own_material":"0","own_material_description_old":null,"own_material_description":"","jury":"0","jury_number":"","product_nature":"","meskaracsony":"0","create_date":"2026-04-04 23:32:41","shelve_id":"73337","image":"sasafonomuhelye_product_499886_221011175638_69819.jpeg","image_width":"480","image_height":"216","image_alt":"Fonott k\u00e9zm\u0171ves kos\u00e1r pap\u00edrfon\u00e1ssal, 15x20 cm, 15 cm magas, n\u00e9gyzet alak\u00fa t\u00e1rol\u00f3 kos\u00e1rka, kiss\u00e9 \u00edvelt oldalakkal, term\u00e9szetes f\u00f6ld sz\u00ednbe..., Meska","image_title":"Fonott k\u00e9zm\u0171ves kos\u00e1r pap\u00edrfon\u00e1ssal, Meska","view_count":"1750","favourite_count":"0","trending_score":"0","last2MonthFavouriteCount":"0","promotion":"0","giftcard_accept":"0","creditcard_accept":true,"enhanced_background":"0","domain":"meska","specific_customer_id":null,"specific_customer_name":null,"to_order_product":"1","to_order_product_time":"21","product_different":null,"product_different_description":"","vintage":"0","vintage_category_id":"0","recycled":"1","gemstone_id":"0","customizable":"0","type_category":"physical","zerowaste":"0","postage_price":"1290.00","shop_order":"0","has_category":"1","landing_pages":null,"microdata":{"number":58,"category":""},"title":"Fonott k\u00e9zm\u0171ves kos\u00e1r pap\u00edrfon\u00e1ssal","description":"15x20 cm, 15 cm magas, n\u00e9gyzet alak\u00fa t\u00e1rol\u00f3 kos\u00e1rka, kiss\u00e9 \u00edvelt oldalakkal, term\u00e9szetes f\u00f6ld sz\u00ednben. A m\u00e9rete a sz\u00e9lesebb r\u00e9szeken m\u00e9rve 17 \u00e9s 22 cm. Pap\u00edrfon\u00e1ssal k\u00e9sz\u00fclt, er\u0151s, kem\u00e9ny, stabil oldalakkal \u00e9s als\u00f3 r\u00e9sszel rendelkezik. Nedves szivaccsal j\u00f3l tiszt\u00edthat\u00f3, de az \u00e1ztat\u00e1st\u00f3l \u00f3vjuk. Egyedi k\u00e9zm\u0171ves term\u00e9k. Aj\u00e1nd\u00e9knak, a lak\u00e1sba dekor\u00e1ci\u00f3k\u00e9nt, t\u00e1rol\u00e1shoz egyar\u00e1nt alkalmas. ","score":0,"formatted_price":"5 000 Ft","image_url":"https:\/\/www.meska.hu\/img\/product\/small\/s\/a\/sasafonomuhelye_product_499886_221011175638_69819.jpeg","formatted_url":"https:\/\/www.meska.hu\/p4804415-fonott-kezmuves-kosar-papirfonassal","favourite":false,"in_stock":false,"avatar":"499886_avatar_1693338005.jpeg","delete_from":0,"is_enhanced_background":false,"is_enhanced":false,"product_selection_started":false,"is_active":true,"image_webp_url":"https:\/\/www.meska.hu\/img\/product\/small\/s\/a\/sasafonomuhelye_product_499886_221011175638_69819.webp"},{"id":"4937330","shop_id":"23075","user_id":"229158","shop_name":"babetti0330","shop_zip":"7285","product_code":"5038089","product_name_old":null,"product_name":"Cic\u00e1s vir\u00e1gkasp\u00f3","category_string":"Otthon & \u00c9letm\u00f3d, Vir\u00e1gdekor\u00e1ci\u00f3, Kasp\u00f3, Vir\u00e1gtart\u00f3","technic_string":"Fon\u00e1s (csuh\u00e9, gy\u00e9k\u00e9ny, stb.)","category_1":"813","category_2":"1473","category_3":"960","category_4":"954","merged_category_1":null,"merged_category_2":null,"merged_category_3":null,"technic_1":"482","technic_2":"0","technic_3":"0","color_1":"514","color_2":"0","color_3":"0","product_description_old":null,"product_description":"A term\u00e9k sz\u00e1z sz\u00e1zal\u00e9kban pap\u00edrfon\u00e1ssal k\u00e9sz\u00fclt. Kiv\u00e1l\u00f3an alkalmas \u00e9l\u0151 vagy m\u0171vir\u00e1g tart\u00e1s\u00e1ra. \u00c9l\u0151vir\u00e1g eset\u00e9n mindenk\u00e9pp sz\u00fcks\u00e9ges al\u00e1t\u00e9tet haszn\u00e1lni, vagy kib\u00e9leni v\u00edzhatlan anyaggal. \nM\u00e9rete: 25*21 cm","price":"8500.00","unit":"db","recommended":"0","status":"1","sponsored":"0","exp_notify":"0","own_material":"0","own_material_description_old":null,"own_material_description":"","jury":"0","jury_number":"","product_nature":"","meskaracsony":"0","create_date":"2026-04-04 15:20:43","shelve_id":"0","image":"babetti0330_product_229158_230814154314_677658.jpeg","image_width":"480","image_height":"640","image_alt":"Cic\u00e1s vir\u00e1gkasp\u00f3, A term\u00e9k sz\u00e1z sz\u00e1zal\u00e9kban pap\u00edrfon\u00e1ssal k\u00e9sz\u00fclt. Kiv\u00e1l\u00f3an alkalmas \u00e9l\u0151 vagy m\u0171vir\u00e1g tart\u00e1s\u00e1ra. \u00c9l\u0151vi..., Meska","image_title":"Cic\u00e1s vir\u00e1gkasp\u00f3, Meska","view_count":"917","favourite_count":"0","trending_score":"0","last2MonthFavouriteCount":"0","promotion":"0","giftcard_accept":"1","creditcard_accept":false,"enhanced_background":"0","domain":"meska","specific_customer_id":null,"specific_customer_name":null,"to_order_product":"0","to_order_product_time":"0","product_different":null,"product_different_description":"","vintage":"0","vintage_category_id":"0","recycled":"0","gemstone_id":"0","customizable":"0","type_category":"physical","zerowaste":"0","postage_price":"2390.00","shop_order":"0","has_category":"1","landing_pages":null,"microdata":{"number":59,"category":""},"title":"Cic\u00e1s vir\u00e1gkasp\u00f3","description":"A term\u00e9k sz\u00e1z sz\u00e1zal\u00e9kban pap\u00edrfon\u00e1ssal k\u00e9sz\u00fclt. Kiv\u00e1l\u00f3an alkalmas \u00e9l\u0151 vagy m\u0171vir\u00e1g tart\u00e1s\u00e1ra. \u00c9l\u0151vir\u00e1g eset\u00e9n mindenk\u00e9pp sz\u00fcks\u00e9ges al\u00e1t\u00e9tet haszn\u00e1lni, vagy kib\u00e9leni v\u00edzhatlan anyaggal. \nM\u00e9rete: 25*21 cm","score":0,"formatted_price":"8 500 Ft","image_url":"https:\/\/www.meska.hu\/img\/product\/small\/b\/a\/babetti0330_product_229158_230814154314_677658.jpeg","formatted_url":"https:\/\/www.meska.hu\/p5038089-cicas-viragkaspo","favourite":false,"in_stock":true,"avatar":"babetti0330_avatar_229158_1574191878.jpg","delete_from":0,"is_enhanced_background":false,"is_enhanced":false,"product_selection_started":false,"is_active":true,"image_webp_url":"https:\/\/www.meska.hu\/img\/product\/small\/b\/a\/babetti0330_product_229158_230814154314_677658.webp"},{"id":"3391443","shop_id":"26841","user_id":"327178","shop_name":"gardonyilevendula","shop_zip":"2483","product_code":"4624988","product_name_old":null,"product_name":"Levendulav\u00edz fonott d\u00edsztokban","category_string":"Sz\u00e9ps\u00e9g\u00e1pol\u00e1s, Kozmetikai aj\u00e1nd\u00e9kcsomag","technic_string":"Fon\u00e1s (csuh\u00e9, gy\u00e9k\u00e9ny, stb.), \u00dajrahasznos\u00edtott alapanyagb\u00f3l k\u00e9sz\u00fclt term\u00e9kek","category_1":"454","category_2":"915","category_3":"0","category_4":"0","merged_category_1":"0","merged_category_2":"0","merged_category_3":"0","technic_1":"482","technic_2":"504","technic_3":"0","color_1":"515","color_2":"522","color_3":"527","product_description_old":null,"product_description":"Dekorat\u00edv \u00e9s praktikus\n\nA levendulav\u00edz az egyik legpraktikusabb aj\u00e1nd\u00e9k, amit csak adhatsz, ha term\u00e9szetes \u00e9s k\u00f6rnyezetbar\u00e1t megold\u00e1st keresel.\n \u00d6nmag\u00e1ban is sz\u00e9p \u00e9s k\u00fcl\u00f6nleges, r\u00e1ad\u00e1sul finom illata van, \u00e9s sokmindenre j\u00f3. Stresszold\u00f3, illatos\u00edt\u00f3, kezeli a b\u0151rirrit\u00e1ci\u00f3t, ki\u00fct\u00e9seket, ekc\u00e9m\u00e1t, sz\u00fanyogcs\u00edp\u00e9st, illetve a sz\u00fanyogok \u00e9s kullancsok el is ker\u00fclik illat\u00e1t. \nTextilre f\u00fajva nem hagy nyomot, haszn\u00e1lhatod illatos\u00edt\u00e1sra, bef\u00fajhatod vele p\u00e1rn\u00e1dat is.\n\n\nV\u00e1laszd aj\u00e1nd\u00e9kba, ezzel a fonott d\u00edsztokkal, amit\u0151l m\u00e9g exclusivabb lesz, \u00e9s kiemeli a levendula vintage st\u00edlus\u00e1t is. A tok sz\u00edn\u00e9t ki is v\u00e1laszthatod.\nFeh\u00e9r sz\u00ednben m\u00e1r nem k\u00e9sz\u00edtj\u00fck, mert hamar bes\u00e1rgul. Lila vagy antikolt sz\u00fcrke sz\u00ednb\u0151l v\u00e1laszthatsz.\n\nEzt a d\u00edsztokot k\u00e9s\u0151bb m\u00e1sra is haszn\u00e1lhatja, tarthat benne szem\u00fcveget, vagy zsebkend\u0151t. Vagy nagyon helyes kis v\u00e1z\u00e1v\u00e1 is alak\u00edthat\u00f3, ha talpnak a tetej\u00e9t alulra r\u00e1h\u00fazzuk. Egy csokor sz\u00e1\u00edrtott levendul\u00e1val hangulatos d\u00edsze a lak\u00e1snak.\n\nMib\u0151l k\u00e9sz\u00fcl?\nTERM\u00c9KEINK ENGED\u00c9LYEZETT, BEVIZSG\u00c1LT TERM\u00c9KEK.\n\nMIN\u0150S\u00c9GBIZTOS\u00cdT\u00c1SI RENDSZER: MSZ EN ISO 22716\/2008\nA term\u00e9k MSDS lappal rendelkezik.\n\nK\u00f6rnyezetbar\u00e1t szeml\u00e9lettel v\u00e1logatjuk ki saj\u00e1t term\u00e9keinket \u00e9s alapanyagukat, \u00edgy ez sem lehet m\u00e1sk\u00e9pp. A kos\u00e1r festett, \u00fajrahasznos\u00edtott anyagb\u00f3l k\u00e9sz\u00fclt, kos\u00e1rfon\u00e1ssal. Egyedi k\u00e9zm\u0171ves term\u00e9k.\n\nAz id\u0151j\u00e1r\u00e1sn\u00e1l m\u00e9rs\u00e9kelten ellen\u00e1ll, es\u0151n nem aj\u00e1nlott kint hagyni, mert eldeform\u00e1l\u00f3dhat. V\u00edzzel lemoshat\u00f3, hagyni kell megsz\u00e1radni.\n\n1 db 100 ml levendulav\u00edz haszn\u00e1lati utas\u00edt\u00e1ssal, \u00e9s 1 db d\u00edsztok","price":"3990.00","unit":"db","recommended":"0","status":"1","sponsored":"0","exp_notify":"0","own_material":"0","own_material_description_old":null,"own_material_description":"","jury":"0","jury_number":"","product_nature":"","meskaracsony":"0","create_date":"2026-04-03 17:25:52","shelve_id":"67490","image":"gardonyilevendula_product_327178_221110114719_936835.jpeg","image_width":"480","image_height":"631","image_alt":"Levendulav\u00edz fonott d\u00edsztokban, Dekorat\u00edv \u00e9s praktikus\\n\\nA levendulav\u00edz az egyik legpraktikusabb aj\u00e1nd\u00e9k, amit csak adhatsz, ha term\u00e9..., Meska","image_title":"Levendulav\u00edz fonott d\u00edsztokban, Meska","view_count":"2677","favourite_count":"1","trending_score":"0","last2MonthFavouriteCount":"1","promotion":"0","giftcard_accept":"0","creditcard_accept":true,"enhanced_background":"0","domain":"meska","specific_customer_id":null,"specific_customer_name":null,"to_order_product":"1","to_order_product_time":"2","product_different":null,"product_different_description":"","vintage":"0","vintage_category_id":"0","recycled":"1","gemstone_id":"0","customizable":"0","type_category":"physical","zerowaste":"1","postage_price":"1290.00","shop_order":"0","has_category":"1","landing_pages":"Ballag\u00e1si aj\u00e1nd\u00e9kok \u00e9s kieg\u00e9sz\u00edt\u0151k","microdata":{"number":60,"category":""},"title":"Levendulav\u00edz fonott d\u00edsztokban","description":"Dekorat\u00edv \u00e9s praktikus\n\nA levendulav\u00edz az egyik legpraktikusabb aj\u00e1nd\u00e9k, amit csak adhatsz, ha term\u00e9szetes \u00e9s k\u00f6rnyezetbar\u00e1t megold\u00e1st keresel.\n \u00d6nmag\u00e1ban is sz\u00e9p \u00e9s k\u00fcl\u00f6nleges, r\u00e1ad\u00e1sul finom illata van, \u00e9s sokmindenre j\u00f3. Stresszold\u00f3, illatos\u00edt\u00f3, kezeli a b\u0151rirrit\u00e1ci\u00f3t, ki\u00fct\u00e9seket, ekc\u00e9m\u00e1t, sz\u00fanyogcs\u00edp\u00e9st, illetve a sz\u00fanyogok \u00e9s kullancsok el is ker\u00fclik illat\u00e1t. \nTextilre f\u00fajva nem hagy nyomot, haszn\u00e1lhatod illatos\u00edt\u00e1sra, bef\u00fajhatod vele p\u00e1rn\u00e1dat is.\n\n\nV\u00e1laszd aj\u00e1nd\u00e9kba, ezzel a fonott d\u00edsztokkal, amit\u0151l m\u00e9g exclusivabb lesz, \u00e9s kiemeli a levendula vintage st\u00edlus\u00e1t is. A tok sz\u00edn\u00e9t ki is v\u00e1laszthatod.\nFeh\u00e9r sz\u00ednben m\u00e1r nem k\u00e9sz\u00edtj\u00fck, mert hamar bes\u00e1rgul. Lila vagy antikolt sz\u00fcrke sz\u00ednb\u0151l v\u00e1laszthatsz.\n\nEzt a d\u00edsztokot k\u00e9s\u0151bb m\u00e1sra is haszn\u00e1lhatja, tarthat benne szem\u00fcveget, vagy zsebkend\u0151t. Vagy nagyon helyes kis v\u00e1z\u00e1v\u00e1 is alak\u00edthat\u00f3, ha talpnak a tetej\u00e9t alulra r\u00e1h\u00fazzuk. Egy csokor sz\u00e1\u00edrtott levendul\u00e1val hangulatos d\u00edsze a lak\u00e1snak.\n\nMib\u0151l k\u00e9sz\u00fcl?\nTERM\u00c9KEINK ENGED\u00c9LYEZETT, BEVIZSG\u00c1LT TERM\u00c9KEK.\n\nMIN\u0150S\u00c9GBIZTOS\u00cdT\u00c1SI RENDSZER: MSZ EN ISO 22716\/2008\nA term\u00e9k MSDS lappal rendelkezik.\n\nK\u00f6rnyezetbar\u00e1t szeml\u00e9lettel v\u00e1logatjuk ki saj\u00e1t term\u00e9keinket \u00e9s alapanyagukat, \u00edgy ez sem lehet m\u00e1sk\u00e9pp. A kos\u00e1r festett, \u00fajrahasznos\u00edtott anyagb\u00f3l k\u00e9sz\u00fclt, kos\u00e1rfon\u00e1ssal. Egyedi k\u00e9zm\u0171ves term\u00e9k.\n\nAz id\u0151j\u00e1r\u00e1sn\u00e1l m\u00e9rs\u00e9kelten ellen\u00e1ll, es\u0151n nem aj\u00e1nlott kint hagyni, mert eldeform\u00e1l\u00f3dhat. V\u00edzzel lemoshat\u00f3, hagyni kell megsz\u00e1radni.\n\n1 db 100 ml levendulav\u00edz haszn\u00e1lati utas\u00edt\u00e1ssal, \u00e9s 1 db d\u00edsztok","score":0,"formatted_price":"3 990 Ft","image_url":"https:\/\/www.meska.hu\/img\/product\/small\/g\/a\/gardonyilevendula_product_327178_221110114719_936835.jpeg","formatted_url":"https:\/\/www.meska.hu\/p4624988-levendulaviz-fonott-disztokban-anyak-napjara-ballagasra-unnepi-alkalmakra","favourite":false,"in_stock":false,"avatar":"gardonyilevendula_avatar_327178_1666612331.jpg","delete_from":0,"is_enhanced_background":false,"is_enhanced":false,"product_selection_started":false,"is_active":true,"image_webp_url":"https:\/\/www.meska.hu\/img\/product\/small\/g\/a\/gardonyilevendula_product_327178_221110114719_936835.webp"},{"id":"5748895","shop_id":"40458","user_id":"562106","shop_name":"ZsannaDekor","shop_zip":"1142","product_code":"5533134","product_name_old":null,"product_name":"H\u00fasv\u00e9ti toj\u00e1sgy\u0171jt\u0151 fonott kos\u00e1r","category_string":"\u00dcnnepi d\u00edszek, dekor\u00e1ci\u00f3k, H\u00fasv\u00e9ti d\u00edszek \u00e9s dekor\u00e1ci\u00f3k, H\u00fasv\u00e9ti kos\u00e1r","technic_string":"Fon\u00e1s (csuh\u00e9, gy\u00e9k\u00e9ny, stb.)","category_1":"1803","category_2":"1806","category_3":"1818","category_4":"0","merged_category_1":null,"merged_category_2":null,"merged_category_3":null,"technic_1":"482","technic_2":"0","technic_3":"0","color_1":"514","color_2":"526","color_3":"0","product_description_old":null,"product_description":"Pap\u00edrfon\u00e1s technik\u00e1val,  \u00fajrahasznos\u00edtott \u00fajs\u00e1gpap\u00edrb\u00f3l k\u00e9sz\u00edtett massz\u00edv, fonott kos\u00e1rka. \n\nFels\u0151 \u00e1tm\u00e9r\u0151je 17cm\nMagass\u00e1ga a kos\u00e1r perem\u00e9ig 8cm\n\n\nK\u00e9rd\u00e9seddel,k\u00e9r\u00e9seddel keress bizalommal!\n\nZsannaDekor","price":"2000.00","unit":"db","recommended":"0","status":"1","sponsored":"0","exp_notify":"0","own_material":"0","own_material_description_old":null,"own_material_description":"","jury":"0","jury_number":"","product_nature":"","meskaracsony":"0","create_date":"2026-04-03 12:25:15","shelve_id":"0","image":"zsannadekor_product_562106_250418065442_410340.jpeg","image_width":"480","image_height":"360","image_alt":"H\u00fasv\u00e9ti toj\u00e1sgy\u0171jt\u0151 fonott kos\u00e1r, Pap\u00edrfon\u00e1s technik\u00e1val,  \u00fajrahasznos\u00edtott \u00fajs\u00e1gpap\u00edrb\u00f3l k\u00e9sz\u00edtett massz\u00edv, fonott kos\u00e1rka. \\n\\nFels\u0151 \u00e1..., Meska","image_title":"H\u00fasv\u00e9ti toj\u00e1sgy\u0171jt\u0151 fonott kos\u00e1r, Meska","view_count":"338","favourite_count":"0","trending_score":"0","last2MonthFavouriteCount":"0","promotion":"0","giftcard_accept":"0","creditcard_accept":false,"enhanced_background":"0","domain":"meska","specific_customer_id":null,"specific_customer_name":null,"to_order_product":"0","to_order_product_time":"0","product_different":null,"product_different_description":"","vintage":"0","vintage_category_id":"0","recycled":"1","gemstone_id":"0","customizable":"0","type_category":"physical","zerowaste":"1","postage_price":"1349.00","shop_order":"0","has_category":"1","landing_pages":null,"microdata":{"number":61,"category":""},"title":"H\u00fasv\u00e9ti toj\u00e1sgy\u0171jt\u0151 fonott kos\u00e1r","description":"Pap\u00edrfon\u00e1s technik\u00e1val,  \u00fajrahasznos\u00edtott \u00fajs\u00e1gpap\u00edrb\u00f3l k\u00e9sz\u00edtett massz\u00edv, fonott kos\u00e1rka. \n\nFels\u0151 \u00e1tm\u00e9r\u0151je 17cm\nMagass\u00e1ga a kos\u00e1r perem\u00e9ig 8cm\n\n\nK\u00e9rd\u00e9seddel,k\u00e9r\u00e9seddel keress bizalommal!\n\nZsannaDekor","score":0,"formatted_price":"2 000 Ft","image_url":"https:\/\/www.meska.hu\/img\/product\/small\/z\/s\/zsannadekor_product_562106_250418065442_410340.jpeg","formatted_url":"https:\/\/www.meska.hu\/p5533134-husveti-tojasgyujto-fonott-kosar","favourite":false,"in_stock":true,"avatar":"ZsannaDekor_avatar_562106_1678138852.jpg","delete_from":0,"is_enhanced_background":false,"is_enhanced":false,"product_selection_started":false,"is_active":true,"image_webp_url":"https:\/\/www.meska.hu\/img\/product\/small\/z\/s\/zsannadekor_product_562106_250418065442_410340.webp"},{"id":"4749729","shop_id":"40458","user_id":"562106","shop_name":"ZsannaDekor","shop_zip":"1142","product_code":"4927917","product_name_old":null,"product_name":"H\u00fasv\u00e9ti kopogtat\u00f3 fonott kerettel","category_string":"\u00dcnnepi d\u00edszek, dekor\u00e1ci\u00f3k, H\u00fasv\u00e9ti d\u00edszek \u00e9s dekor\u00e1ci\u00f3k, H\u00fasv\u00e9ti ajt\u00f3d\u00edsz, kopogtat\u00f3","technic_string":"Fon\u00e1s (csuh\u00e9, gy\u00e9k\u00e9ny, stb.), Decoupage, transzfer \u00e9s szalv\u00e9tatechnika","category_1":"1803","category_2":"1804","category_3":"1818","category_4":"0","merged_category_1":null,"merged_category_2":null,"merged_category_3":null,"technic_1":"482","technic_2":"476","technic_3":"0","color_1":"526","color_2":"0","color_3":"0","product_description_old":null,"product_description":"A bels\u0151 fa keretre pap\u00edrfon\u00e1s technik\u00e1val k\u00e9sz\u00fclt a sz\u00ednes fon\u00e1s.\nKedves,vid\u00e1m sz\u00edn\u0171.\n\n\u00c1tm\u00e9r\u0151je 17cm.","price":"2500.00","unit":"db","recommended":"0","status":"1","sponsored":"0","exp_notify":"0","own_material":"0","own_material_description_old":null,"own_material_description":"","jury":"0","jury_number":"","product_nature":"","meskaracsony":"0","create_date":"2026-04-02 23:22:25","shelve_id":"0","image":"zsannadekor_product_562106_230316063000_787246.jpeg","image_width":"480","image_height":"640","image_alt":"H\u00fasv\u00e9ti kopogtat\u00f3 fonott kerettel, A bels\u0151 fa keretre pap\u00edrfon\u00e1s technik\u00e1val k\u00e9sz\u00fclt a sz\u00ednes fon\u00e1s.\\nKedves,vid\u00e1m sz\u00edn\u0171.\\n\\n\u00c1tm\u00e9r\u0151je 17cm..., Meska","image_title":"H\u00fasv\u00e9ti kopogtat\u00f3 fonott kerettel, Meska","view_count":"1040","favourite_count":"0","trending_score":"0","last2MonthFavouriteCount":"0","promotion":"0","giftcard_accept":"0","creditcard_accept":false,"enhanced_background":"0","domain":"meska","specific_customer_id":null,"specific_customer_name":null,"to_order_product":"1","to_order_product_time":"14","product_different":null,"product_different_description":"","vintage":"0","vintage_category_id":"0","recycled":"1","gemstone_id":"0","customizable":"0","type_category":"physical","zerowaste":"1","postage_price":"1349.00","shop_order":"0","has_category":"1","landing_pages":null,"microdata":{"number":62,"category":""},"title":"H\u00fasv\u00e9ti kopogtat\u00f3 fonott kerettel","description":"A bels\u0151 fa keretre pap\u00edrfon\u00e1s technik\u00e1val k\u00e9sz\u00fclt a sz\u00ednes fon\u00e1s.\nKedves,vid\u00e1m sz\u00edn\u0171.\n\n\u00c1tm\u00e9r\u0151je 17cm.","score":0,"formatted_price":"2 500 Ft","image_url":"https:\/\/www.meska.hu\/img\/product\/small\/z\/s\/zsannadekor_product_562106_230316063000_787246.jpeg","formatted_url":"https:\/\/www.meska.hu\/p4927917-husveti-kopogtato-fonott-kerettel","favourite":false,"in_stock":false,"avatar":"ZsannaDekor_avatar_562106_1678138852.jpg","delete_from":0,"is_enhanced_background":false,"is_enhanced":false,"product_selection_started":false,"is_active":true,"image_webp_url":"https:\/\/www.meska.hu\/img\/product\/small\/z\/s\/zsannadekor_product_562106_230316063000_787246.webp"},{"id":"5202147","shop_id":"40458","user_id":"562106","shop_name":"ZsannaDekor","shop_zip":"1142","product_code":"5203263","product_name_old":null,"product_name":"Sz\u00edv form\u00e1j\u00fa fonott kos\u00e1r","category_string":"Otthon & \u00c9letm\u00f3d, T\u00e1rol\u00e1s & Rendszerez\u00e9s, T\u00e1rol\u00f3kos\u00e1r","technic_string":"Fon\u00e1s (csuh\u00e9, gy\u00e9k\u00e9ny, stb.)","category_1":"813","category_2":"426","category_3":"428","category_4":"0","merged_category_1":null,"merged_category_2":null,"merged_category_3":null,"technic_1":"482","technic_2":"0","technic_3":"0","color_1":"528","color_2":"0","color_3":"0","product_description_old":null,"product_description":"Pap\u00edrfon\u00e1s technik\u00e1val, \u00fajrahasznos\u00edtott \u00fajs\u00e1gpap\u00edrb\u00f3l k\u00e9sz\u00fclt kos\u00e1r.\n\nMassz\u00edv,kem\u00e9ny kos\u00e1rka.\n\nSz\u00e9less\u00e9g 20cm\nHossz 16cm\nMagass\u00e1g 9cm\n\n\u00d6nmag\u00e1ban is haszn\u00e1lhat\u00f3,de ak\u00e1r \u00e9dess\u00e9get, kozmetikumot,f\u00fcrd\u0151bomb\u00e1t,szappanr\u00f3zs\u00e1t vagy b\u00e1rmit belet\u00e9ve egy k\u00fcl\u00f6nleges aj\u00e1nd\u00e9k,amivel a szeretet egy\u00e9rtelm\u0171en ki lehet fejezni.\n\nLepd meg szeretted ezzel az egyedi kos\u00e1rk\u00e1val. Legyen sz\u00f3 ,n\u00e9vnapr\u00f3l, Valentin napr\u00f3l, n\u00e1szaj\u00e1nd\u00e9kr\u00f3l,\u00e9vfordul\u00f3r\u00f3l vagy csak \u00fagy!\n\nK\u00e9rd\u00e9seddel,k\u00e9r\u00e9seddel keress bizalommal!\n\nZsannaDekor","price":"2000.00","unit":"db","recommended":"0","status":"1","sponsored":"0","exp_notify":"0","own_material":"0","own_material_description_old":null,"own_material_description":"","jury":"0","jury_number":"","product_nature":"","meskaracsony":"0","create_date":"2026-04-02 23:22:18","shelve_id":"0","image":"zsannadekor_product_562106_240131151742_392794.jpeg","image_width":"480","image_height":"640","image_alt":"Sz\u00edv form\u00e1j\u00fa fonott kos\u00e1r, Pap\u00edrfon\u00e1s technik\u00e1val, \u00fajrahasznos\u00edtott \u00fajs\u00e1gpap\u00edrb\u00f3l k\u00e9sz\u00fclt kos\u00e1r.\\n\\nMassz\u00edv,kem\u00e9ny kos\u00e1rka.\\n\\nSz\u00e9l..., Meska","image_title":"Sz\u00edv form\u00e1j\u00fa fonott kos\u00e1r, Meska","view_count":"635","favourite_count":"0","trending_score":"0","last2MonthFavouriteCount":"0","promotion":"0","giftcard_accept":"0","creditcard_accept":false,"enhanced_background":"0","domain":"meska","specific_customer_id":null,"specific_customer_name":null,"to_order_product":"1","to_order_product_time":"14","product_different":null,"product_different_description":"","vintage":"0","vintage_category_id":"0","recycled":"1","gemstone_id":"0","customizable":"0","type_category":"physical","zerowaste":"1","postage_price":"1290.00","shop_order":"0","has_category":"1","landing_pages":null,"microdata":{"number":63,"category":""},"title":"Sz\u00edv form\u00e1j\u00fa fonott kos\u00e1r","description":"Pap\u00edrfon\u00e1s technik\u00e1val, \u00fajrahasznos\u00edtott \u00fajs\u00e1gpap\u00edrb\u00f3l k\u00e9sz\u00fclt kos\u00e1r.\n\nMassz\u00edv,kem\u00e9ny kos\u00e1rka.\n\nSz\u00e9less\u00e9g 20cm\nHossz 16cm\nMagass\u00e1g 9cm\n\n\u00d6nmag\u00e1ban is haszn\u00e1lhat\u00f3,de ak\u00e1r \u00e9dess\u00e9get, kozmetikumot,f\u00fcrd\u0151bomb\u00e1t,szappanr\u00f3zs\u00e1t vagy b\u00e1rmit belet\u00e9ve egy k\u00fcl\u00f6nleges aj\u00e1nd\u00e9k,amivel a szeretet egy\u00e9rtelm\u0171en ki lehet fejezni.\n\nLepd meg szeretted ezzel az egyedi kos\u00e1rk\u00e1val. Legyen sz\u00f3 ,n\u00e9vnapr\u00f3l, Valentin napr\u00f3l, n\u00e1szaj\u00e1nd\u00e9kr\u00f3l,\u00e9vfordul\u00f3r\u00f3l vagy csak \u00fagy!\n\nK\u00e9rd\u00e9seddel,k\u00e9r\u00e9seddel keress bizalommal!\n\nZsannaDekor","score":0,"formatted_price":"2 000 Ft","image_url":"https:\/\/www.meska.hu\/img\/product\/small\/z\/s\/zsannadekor_product_562106_240131151742_392794.jpeg","formatted_url":"https:\/\/www.meska.hu\/p5203263-sziv-kosar","favourite":false,"in_stock":false,"avatar":"ZsannaDekor_avatar_562106_1678138852.jpg","delete_from":0,"is_enhanced_background":false,"is_enhanced":false,"product_selection_started":false,"is_active":true,"image_webp_url":"https:\/\/www.meska.hu\/img\/product\/small\/z\/s\/zsannadekor_product_562106_240131151742_392794.webp"},{"id":"5239056","shop_id":"40458","user_id":"562106","shop_name":"ZsannaDekor","shop_zip":"1142","product_code":"5228786","product_name_old":null,"product_name":"Nemzeti sz\u00edn\u0171 ajt\u00f3d\u00edsz,koszor\u00fa alap","category_string":"Kell\u00e9kek & szersz\u00e1mok, Dekor\u00e1ci\u00f3s kell\u00e9kek, Koszor\u00fa, koszor\u00faalap","technic_string":"Fon\u00e1s (csuh\u00e9, gy\u00e9k\u00e9ny, stb.), Pap\u00edrm\u0171v\u00e9szet","category_1":"1544","category_2":"656","category_3":"1547","category_4":"0","merged_category_1":null,"merged_category_2":null,"merged_category_3":null,"technic_1":"482","technic_2":"497","technic_3":"0","color_1":"519","color_2":"523","color_3":"529","product_description_old":null,"product_description":"Pap\u00edrfon\u00e1s technik\u00e1val, \u00fajrahasznos\u00edtott pap\u00edrb\u00f3l k\u00e9sz\u00fclt koszor\u00fa.\n\nK\u00fcls\u0151 \u00e1tm\u00e9r\u0151je 23cm, bels\u0151 12cm.\n\nSzem\u00e9lyesen a 14.ker\u00fcletben vehet\u0151 \u00e1t. \n","price":"1000.00","unit":"db","recommended":"0","status":"1","sponsored":"0","exp_notify":"0","own_material":"0","own_material_description_old":null,"own_material_description":"","jury":"0","jury_number":"","product_nature":"","meskaracsony":"0","create_date":"2026-04-02 23:22:13","shelve_id":"0","image":"zsannadekor_product_562106_240225164023_391453.jpeg","image_width":"480","image_height":"640","image_alt":"Nemzeti sz\u00edn\u0171 ajt\u00f3d\u00edsz,koszor\u00fa alap, Pap\u00edrfon\u00e1s technik\u00e1val, \u00fajrahasznos\u00edtott pap\u00edrb\u00f3l k\u00e9sz\u00fclt koszor\u00fa.\\n\\nK\u00fcls\u0151 \u00e1tm\u00e9r\u0151je 23cm, bels\u0151 12cm...., Meska","image_title":"Nemzeti sz\u00edn\u0171 ajt\u00f3d\u00edsz,koszor\u00fa alap, Meska","view_count":"704","favourite_count":"0","trending_score":"0","last2MonthFavouriteCount":"0","promotion":"0","giftcard_accept":"0","creditcard_accept":false,"enhanced_background":"0","domain":"meska","specific_customer_id":null,"specific_customer_name":null,"to_order_product":"1","to_order_product_time":"14","product_different":null,"product_different_description":"","vintage":"0","vintage_category_id":"0","recycled":"1","gemstone_id":"0","customizable":"0","type_category":"physical","zerowaste":"1","postage_price":"1349.00","shop_order":"0","has_category":"1","landing_pages":null,"microdata":{"number":64,"category":""},"title":"Nemzeti sz\u00edn\u0171 ajt\u00f3d\u00edsz,koszor\u00fa alap","description":"Pap\u00edrfon\u00e1s technik\u00e1val, \u00fajrahasznos\u00edtott pap\u00edrb\u00f3l k\u00e9sz\u00fclt koszor\u00fa.\n\nK\u00fcls\u0151 \u00e1tm\u00e9r\u0151je 23cm, bels\u0151 12cm.\n\nSzem\u00e9lyesen a 14.ker\u00fcletben vehet\u0151 \u00e1t. \n","score":0,"formatted_price":"1 000 Ft","image_url":"https:\/\/www.meska.hu\/img\/product\/small\/z\/s\/zsannadekor_product_562106_240225164023_391453.jpeg","formatted_url":"https:\/\/www.meska.hu\/p5228786-nemzeti-szinu-ajtodiszkoszoru-alap","favourite":false,"in_stock":false,"avatar":"ZsannaDekor_avatar_562106_1678138852.jpg","delete_from":0,"is_enhanced_background":false,"is_enhanced":false,"product_selection_started":false,"is_active":true,"image_webp_url":"https:\/\/www.meska.hu\/img\/product\/small\/z\/s\/zsannadekor_product_562106_240225164023_391453.webp"},{"id":"2743555","shop_id":"19710","user_id":"191983","shop_name":"pagi28","shop_zip":"5300","product_code":"4700664","product_name_old":null,"product_name":"Kukorica csuh\u00e9 angyalka kar\u00e1csonyfa d\u00edsz","category_string":"Kar\u00e1csony, Kar\u00e1csonyi lak\u00e1sdekor\u00e1ci\u00f3, Kar\u00e1csonyfad\u00edszek","technic_string":"Fon\u00e1s (csuh\u00e9, gy\u00e9k\u00e9ny, stb.)","category_1":"319","category_2":"324","category_3":"323","category_4":"0","merged_category_1":null,"merged_category_2":null,"merged_category_3":null,"technic_1":"482","technic_2":"0","technic_3":"0","color_1":"515","color_2":"0","color_3":"0","product_description_old":null,"product_description":"kukorica csuh\u00e9b\u00f3l k\u00e9sz\u00fclt angyalka.\n\nhaszn\u00e1lhatod kar\u00e1csonyfad\u00edsznek, vagy szalv\u00e9tagy\u0171r\u0171nek is.\n\nm\u00e9rete: 9-10 cm magas \nHa t\u00f6bb darabot szeretn\u00e9l \u00edrj \u00fczenetet.","price":"850.00","unit":"db","recommended":"0","status":"1","sponsored":"0","exp_notify":"0","own_material":"0","own_material_description_old":null,"own_material_description":"","jury":"0","jury_number":"","product_nature":"","meskaracsony":"0","create_date":"2026-04-02 23:22:12","shelve_id":"67471","image":"pagi28_product_191983_211115075333_502325.jpeg","image_width":"480","image_height":"695","image_alt":"Kukorica csuh\u00e9 angyalka kar\u00e1csonyfa d\u00edsz, kukorica csuh\u00e9b\u00f3l k\u00e9sz\u00fclt angyalka.\\n\\nhaszn\u00e1lhatod kar\u00e1csonyfad\u00edsznek, vagy szalv\u00e9tagy\u0171r\u0171nek is.\\n\\nm\u00e9r..., Meska","image_title":"Kukorica csuh\u00e9 angyalka kar\u00e1csonyfa d\u00edsz, Meska","view_count":"3271","favourite_count":"0","trending_score":"0","last2MonthFavouriteCount":"0","promotion":"0","giftcard_accept":"0","creditcard_accept":true,"enhanced_background":"0","domain":"meska","specific_customer_id":null,"specific_customer_name":null,"to_order_product":"0","to_order_product_time":"0","product_different":null,"product_different_description":"","vintage":"0","vintage_category_id":"0","recycled":"0","gemstone_id":"0","customizable":"0","type_category":"physical","zerowaste":"0","postage_price":"1290.00","shop_order":"542","has_category":"1","landing_pages":null,"microdata":{"number":65,"category":""},"title":"Kukorica csuh\u00e9 angyalka kar\u00e1csonyfa d\u00edsz","description":"kukorica csuh\u00e9b\u00f3l k\u00e9sz\u00fclt angyalka.\n\nhaszn\u00e1lhatod kar\u00e1csonyfad\u00edsznek, vagy szalv\u00e9tagy\u0171r\u0171nek is.\n\nm\u00e9rete: 9-10 cm magas \nHa t\u00f6bb darabot szeretn\u00e9l \u00edrj \u00fczenetet.","score":0,"formatted_price":"850 Ft","image_url":"https:\/\/www.meska.hu\/img\/product\/small\/p\/a\/pagi28_product_191983_211115075333_502325.jpeg","formatted_url":"https:\/\/www.meska.hu\/p4700664-kukorica-csuhe-angyalka-karacsonyfa-disz","favourite":false,"in_stock":true,"avatar":null,"delete_from":0,"is_enhanced_background":false,"is_enhanced":false,"product_selection_started":false,"is_active":true,"image_webp_url":"https:\/\/www.meska.hu\/img\/product\/small\/p\/a\/pagi28_product_191983_211115075333_502325.webp"},{"id":"5885750","shop_id":"8655","user_id":"42057","shop_name":"KisdioStudio","shop_zip":"1012","product_code":"5604834","product_name_old":null,"product_name":"PRIVATE BASKETMAKING WORKSHOP in your home - kos\u00e1rfon\u00f3 workshop angolul","category_string":"DIY (Csin\u00e1ld magad), Workshop & Tanfolyam","technic_string":"Fon\u00e1s (csuh\u00e9, gy\u00e9k\u00e9ny, stb.)","category_1":"402","category_2":"926","category_3":"0","category_4":"0","merged_category_1":null,"merged_category_2":null,"merged_category_3":null,"technic_1":"482","technic_2":"0","technic_3":"0","color_1":"514","color_2":"0","color_3":"0","product_description_old":null,"product_description":"One-to-one basket weaving workshop in English!\n\nHave you always been interested in basket making, but haven't dared to try it yet? \nChoose a basket you like (from our existing styles) book an appointment with us, and master the basics of this beautiful craft in a full-day (7-hours) personalized class!\n\nAppointments can be any weekday (except weekends) we are flexible to fit your schedule.\n\nNo prior training is required, during the 7 hours we will guide you through every step of the process, from start to finish.\nAll you need is your enthusiasm!\n\nWe will be using natural willow rods for the basket, and we will provide you with all the necessary  tools and materials for the work.\nDuring the workshop,  you will also receive tips for collecting your own materials.\n\nWhat does the fee include?\n\n* more complex themes compared to group workshops (e.g. first-time woven basket base)\n* travel costs in the area of Budapest and Pest county\n* all necessary materials and supplies\n* use of tools and apron\n* personalized, flexible training, with overtime if necessary ;)\n* brief introduction to the materials and its collection options\n\nWe offer a money-back guarantee for the session!\n\nWhat does this mean?\n\nThat the workshop fee will be refunded if you do not have a finished basket at the end of the day.\n\nWhere will it be held?\n\nThe session will be held in your home.\n\nWe look forward to meeting you in person!\n\nBorka & \u00c1kos","price":"55000.00","unit":"db","recommended":"0","status":"1","sponsored":"0","exp_notify":"0","own_material":"0","own_material_description_old":null,"own_material_description":"","jury":"0","jury_number":"","product_nature":"","meskaracsony":"0","create_date":"2026-04-02 15:21:00","shelve_id":"67848","image":"kisdiostudio_product_42057_251010150904_882560.jpeg","image_width":"480","image_height":"292","image_alt":"PRIVATE BASKETMAKING WORKSHOP in your home - kos\u00e1rfon\u00f3 workshop angolul, One-to-one basket weaving workshop in English!\\n\\nHave you always been interested in basket making, bu..., Meska","image_title":"PRIVATE BASKETMAKING WORKSHOP in your home - kos\u00e1rfon\u00f3 workshop angolul, Meska","view_count":"521","favourite_count":"0","trending_score":"0","last2MonthFavouriteCount":"0","promotion":"0","giftcard_accept":"1","creditcard_accept":true,"enhanced_background":"0","domain":"meska","specific_customer_id":null,"specific_customer_name":null,"to_order_product":"0","to_order_product_time":"0","product_different":null,"product_different_description":"","vintage":"0","vintage_category_id":"0","recycled":"0","gemstone_id":"0","customizable":"0","type_category":"physical","zerowaste":"1","postage_price":"0.00","shop_order":"0","has_category":"1","landing_pages":null,"microdata":{"number":66,"category":""},"title":"PRIVATE BASKETMAKING WORKSHOP in your home - kos\u00e1rfon\u00f3 workshop angolul","description":"One-to-one basket weaving workshop in English!\n\nHave you always been interested in basket making, but haven't dared to try it yet? \nChoose a basket you like (from our existing styles) book an appointment with us, and master the basics of this beautiful craft in a full-day (7-hours) personalized class!\n\nAppointments can be any weekday (except weekends) we are flexible to fit your schedule.\n\nNo prior training is required, during the 7 hours we will guide you through every step of the process, from start to finish.\nAll you need is your enthusiasm!\n\nWe will be using natural willow rods for the basket, and we will provide you with all the necessary  tools and materials for the work.\nDuring the workshop,  you will also receive tips for collecting your own materials.\n\nWhat does the fee include?\n\n* more complex themes compared to group workshops (e.g. first-time woven basket base)\n* travel costs in the area of Budapest and Pest county\n* all necessary materials and supplies\n* use of tools and apron\n* personalized, flexible training, with overtime if necessary ;)\n* brief introduction to the materials and its collection options\n\nWe offer a money-back guarantee for the session!\n\nWhat does this mean?\n\nThat the workshop fee will be refunded if you do not have a finished basket at the end of the day.\n\nWhere will it be held?\n\nThe session will be held in your home.\n\nWe look forward to meeting you in person!\n\nBorka & \u00c1kos","score":0,"formatted_price":"55 000 Ft","image_url":"https:\/\/www.meska.hu\/img\/product\/small\/k\/i\/kisdiostudio_product_42057_251010150904_882560.jpeg","formatted_url":"https:\/\/www.meska.hu\/p5604834-basket-making-workshop-private-basketmaking-session-in-your-home","favourite":false,"in_stock":true,"avatar":"KisdioStudio_avatar_42057_1649420514.jpg","delete_from":0,"is_enhanced_background":false,"is_enhanced":false,"product_selection_started":false,"is_active":true,"image_webp_url":"https:\/\/www.meska.hu\/img\/product\/small\/k\/i\/kisdiostudio_product_42057_251010150904_882560.webp"},{"id":"4545125","shop_id":"3748","user_id":"13545","shop_name":"bigibizsu","shop_zip":"2092","product_code":"4811840","product_name_old":null,"product_name":"Szerencse kark\u00f6t\u0151 - SZERELEM","category_string":"\u00c9kszer, Kark\u00f6t\u0151, Fonott kark\u00f6t\u0151","technic_string":"\u00c9kszerk\u00e9sz\u00edt\u00e9s, Fon\u00e1s (csuh\u00e9, gy\u00e9k\u00e9ny, stb.)","category_1":"327","category_2":"333","category_3":"1232","category_4":"0","merged_category_1":"0","merged_category_2":"0","merged_category_3":"0","technic_1":"477","technic_2":"482","technic_3":"0","color_1":"1474","color_2":"520","color_3":"525","product_description_old":null,"product_description":"Fonott szerencse kark\u00f6t\u0151 -SZERELEM R\u00f3zsakvarc k\u00f6vecsk\u00e9vel Anyaga: Pamut Vastags\u00e1g:1,5mm A kark\u00f6t\u0151 m\u00e9rete a megk\u00f6t\u0151 r\u00e9sz n\u00e9lk\u00fcl \u00e9rtend\u0151!! R\u00f3zsakvarc Lelki gy\u00f3gyhat\u00e1s: M\u00e1r teh\u00e1t az \u00f3koriak is hittek a k\u0151 szerelem ter\u00e9n gyakorolt pozit\u00edv hat\u00e1saiban. A r\u00f3zsakvarc a sz\u00edvcsakr\u00e1n kereszt\u00fcl seg\u00edt az \u00e9rzelmi blok\u00e1dok felold\u00e1s\u00e1ban, megnyitja bels\u0151 kapukat, hogy a csod\u00e1t, szeretetet \u00e9s szerelem form\u00e1j\u00e1ban magunk\u00e9v\u00e1 tehess\u00fck. \u00c9rzelmi blokkok felold\u00e1sa a szerelem lelki \u00e9s testi kiteljesed\u00e9s\u00e9t seg\u00edti. Az \u00e9rzelmi g\u00e1tak felszabad\u00edt\u00e1sa a term\u00e9kenys\u00e9get is mag\u00e1ban hordozza, \u00edgy ez a k\u0151 term\u00e9ketlens\u00e9g eset\u00e9n is hasznos lehet. A r\u00f3zsakvarc egy\u00e9b ter\u00fcleteken is bizony\u00edthatja pozit\u00edv hat\u00e1sait. Mivel seg\u00edt megtal\u00e1lni az \u00e9letben a sz\u00e9ps\u00e9get \u00e9s a szeretet lelki egyens\u00falyunk helyre billent\u00e9se \u00e9s alkot\u00f3 gondolatok megtal\u00e1l\u00e1sa ter\u00e9n is hasznunkra lehet ez az \u00e1sv\u00e1ny. Haszn\u00e1ljuk medit\u00e1ci\u00f3 k\u00f6zben haragunk lek\u00fczd\u00e9s\u00e9hez \u00e9s szeretet\u00fcnk, szerelm\u00fcnk kiteljes\u00edt\u00e9s\u00e9hez. Testi gy\u00f3gyhat\u00e1s: Ez a r\u00f3zsasz\u00edn k\u00fcl\u00f6nlegess\u00e9g testi bajainkra gy\u00f3gy\u00edrt jelenthet, mint a sz\u00edvcsakra k\u00f6ve, a b\u0151rbetegs\u00e9gek, asztma, allergia \u00e9s v\u00e9rszeg\u00e9nys\u00e9g ellen haszn\u00e1lhatjuk. V\u00e9di \u00e9s er\u0151s\u00edti a sz\u00edvet, harmoniz\u00e1lja a sz\u00edvritmust. Hozz\u00e1rendelt m\u00e1gikus hat\u00e1s: Sokak szerint a r\u00f3zsakvarc nem csak a m\u00e1r megl\u00e9v\u0151 szerelm\u00fcnk intenz\u00edvebb\u00e9 t\u00e9tel\u00e9ben seg\u00edthet, hanem az \u00e1h\u00edtott szerelem megtal\u00e1l\u00e1s\u00e1ban, magunkhoz vonz\u00e1s\u00e1ban is. Csakra: Sz\u00edvcsakra Csillagjegyek: Bika \u00e9s M\u00e9rleg","price":"1600.00","unit":"db","recommended":"0","status":"1","sponsored":"0","exp_notify":"0","own_material":"0","own_material_description_old":null,"own_material_description":"","jury":"0","jury_number":"","product_nature":"","meskaracsony":"0","create_date":"2026-04-01 02:07:45","shelve_id":"7922","image":"sb_szerencsekarktszerelem_4545125_01666094895218647147.jpeg","image_width":"480","image_height":"360","image_alt":"Szerencse kark\u00f6t\u0151 - SZERELEM, Fonott szerencse kark\u00f6t\u0151 -SZERELEM R\u00f3zsakvarc k\u00f6vecsk\u00e9vel Anyaga: Pamut Vastags\u00e1g:1,5mm A kark\u00f6t\u0151 m\u00e9..., Meska","image_title":"Szerencse kark\u00f6t\u0151 - SZERELEM, Meska","view_count":"781","favourite_count":"0","trending_score":"0","last2MonthFavouriteCount":"0","promotion":"0","giftcard_accept":"1","creditcard_accept":true,"enhanced_background":"0","domain":"meska","specific_customer_id":null,"specific_customer_name":null,"to_order_product":"0","to_order_product_time":"0","product_different":null,"product_different_description":"","vintage":"0","vintage_category_id":"0","recycled":"0","gemstone_id":"0","customizable":"1","type_category":"physical","zerowaste":"0","postage_price":"2390.00","shop_order":"0","has_category":"1","landing_pages":null,"microdata":{"number":67,"category":""},"title":"Szerencse kark\u00f6t\u0151 - SZERELEM","description":"Fonott szerencse kark\u00f6t\u0151 -SZERELEM R\u00f3zsakvarc k\u00f6vecsk\u00e9vel Anyaga: Pamut Vastags\u00e1g:1,5mm A kark\u00f6t\u0151 m\u00e9rete a megk\u00f6t\u0151 r\u00e9sz n\u00e9lk\u00fcl \u00e9rtend\u0151!! R\u00f3zsakvarc Lelki gy\u00f3gyhat\u00e1s: M\u00e1r teh\u00e1t az \u00f3koriak is hittek a k\u0151 szerelem ter\u00e9n gyakorolt pozit\u00edv hat\u00e1saiban. A r\u00f3zsakvarc a sz\u00edvcsakr\u00e1n kereszt\u00fcl seg\u00edt az \u00e9rzelmi blok\u00e1dok felold\u00e1s\u00e1ban, megnyitja bels\u0151 kapukat, hogy a csod\u00e1t, szeretetet \u00e9s szerelem form\u00e1j\u00e1ban magunk\u00e9v\u00e1 tehess\u00fck. \u00c9rzelmi blokkok felold\u00e1sa a szerelem lelki \u00e9s testi kiteljesed\u00e9s\u00e9t seg\u00edti. Az \u00e9rzelmi g\u00e1tak felszabad\u00edt\u00e1sa a term\u00e9kenys\u00e9get is mag\u00e1ban hordozza, \u00edgy ez a k\u0151 term\u00e9ketlens\u00e9g eset\u00e9n is hasznos lehet. A r\u00f3zsakvarc egy\u00e9b ter\u00fcleteken is bizony\u00edthatja pozit\u00edv hat\u00e1sait. Mivel seg\u00edt megtal\u00e1lni az \u00e9letben a sz\u00e9ps\u00e9get \u00e9s a szeretet lelki egyens\u00falyunk helyre billent\u00e9se \u00e9s alkot\u00f3 gondolatok megtal\u00e1l\u00e1sa ter\u00e9n is hasznunkra lehet ez az \u00e1sv\u00e1ny. Haszn\u00e1ljuk medit\u00e1ci\u00f3 k\u00f6zben haragunk lek\u00fczd\u00e9s\u00e9hez \u00e9s szeretet\u00fcnk, szerelm\u00fcnk kiteljes\u00edt\u00e9s\u00e9hez. Testi gy\u00f3gyhat\u00e1s: Ez a r\u00f3zsasz\u00edn k\u00fcl\u00f6nlegess\u00e9g testi bajainkra gy\u00f3gy\u00edrt jelenthet, mint a sz\u00edvcsakra k\u00f6ve, a b\u0151rbetegs\u00e9gek, asztma, allergia \u00e9s v\u00e9rszeg\u00e9nys\u00e9g ellen haszn\u00e1lhatjuk. V\u00e9di \u00e9s er\u0151s\u00edti a sz\u00edvet, harmoniz\u00e1lja a sz\u00edvritmust. Hozz\u00e1rendelt m\u00e1gikus hat\u00e1s: Sokak szerint a r\u00f3zsakvarc nem csak a m\u00e1r megl\u00e9v\u0151 szerelm\u00fcnk intenz\u00edvebb\u00e9 t\u00e9tel\u00e9ben seg\u00edthet, hanem az \u00e1h\u00edtott szerelem megtal\u00e1l\u00e1s\u00e1ban, magunkhoz vonz\u00e1s\u00e1ban is. Csakra: Sz\u00edvcsakra Csillagjegyek: Bika \u00e9s M\u00e9rleg","score":0,"formatted_price":"1 600 Ft","image_url":"https:\/\/www.meska.hu\/img\/product\/small\/s\/b\/sb_szerencsekarktszerelem_4545125_01666094895218647147.jpeg","formatted_url":"https:\/\/www.meska.hu\/p4811840-szerencse-karkoto-szerelem","favourite":false,"in_stock":true,"avatar":"bigibizsu_avatar_13545_1606254153.jpg","delete_from":0,"is_enhanced_background":false,"is_enhanced":false,"product_selection_started":false,"is_active":true,"image_webp_url":"https:\/\/www.meska.hu\/img\/product\/small\/s\/b\/sb_szerencsekarktszerelem_4545125_01666094895218647147.webp"},{"id":"5399507","shop_id":"33598","user_id":"433523","shop_name":"Dallosgravdekor","shop_zip":"9022","product_code":"5320098","product_name_old":null,"product_name":"Tabl\u00f3, ballag\u00e1si Egyedi makram\u00e9 t\u00e1bla","category_string":"Baba - mama, Baba \u00e1gynem\u0171","technic_string":"Fon\u00e1s (csuh\u00e9, gy\u00e9k\u00e9ny, stb.)","category_1":"1450","category_2":"1735","category_3":"0","category_4":"0","merged_category_1":null,"merged_category_2":null,"merged_category_3":null,"technic_1":"482","technic_2":"0","technic_3":"0","color_1":"1474","color_2":"515","color_3":"516","product_description_old":null,"product_description":"Makram\u00e9 t\u00e1bla bab\u00e1kkal \u00e9s grav\u00edrozhat\u00f3 sz\u00edvekkel ,grav\u00edrozhat\u00f3 kerettel. Egyedi ig\u00e9nyek, saj\u00e1t elk\u00e9pzel\u00e9s alapj\u00e1n.\nBallag\u00e1sra, ek\u0171v\u0151re, \u00fcdv\u00f6zl\u0151re stb, egyar\u00e1nt t\u00f6k\u00e9letes aj\u00e1nd\u00e9k \nA r\u00e9szleteket \u00fczenetben tudjuk megbesz\u00e9lni.\nA keret : 50x40x3cm\nA bab\u00e1k magass\u00e1ga 10-20cm\n\nAz \u00e1r a k\u00e9pen l\u00e1that\u00f3 szettre vonatkozik egy egyedi bab\u00e1val, t\u00f6bb baba rendel\u00e9se eset\u00e9n kedvezm\u00e9ny van, ezt a rendel\u00e9sn\u00e9l lehet v\u00e1lasztani. \n\nB\u00e1rmilyen k\u00e9rd\u00e9se lenne, m\u00e9g a rendel\u00e9s el\u0151tt nyugodtan \u00fczenetben felteheti.\n\n","price":"15000.00","unit":"db","recommended":"0","status":"1","sponsored":"0","exp_notify":"0","own_material":"0","own_material_description_old":null,"own_material_description":"","jury":"0","jury_number":"","product_nature":"","meskaracsony":"0","create_date":"2026-03-31 16:05:21","shelve_id":"76825","image":"dallosgravdekor_product_433523_240708110112_007818.jpeg","image_width":"480","image_height":"395","image_alt":"Tabl\u00f3, ballag\u00e1si Egyedi makram\u00e9 t\u00e1bla, Makram\u00e9 t\u00e1bla bab\u00e1kkal \u00e9s grav\u00edrozhat\u00f3 sz\u00edvekkel ,grav\u00edrozhat\u00f3 kerettel. Egyedi ig\u00e9nyek, saj\u00e1t elk\u00e9p..., Meska","image_title":"Tabl\u00f3, ballag\u00e1si Egyedi makram\u00e9 t\u00e1bla, Meska","view_count":"1058","favourite_count":"1","trending_score":"0","last2MonthFavouriteCount":"1","promotion":"0","giftcard_accept":"0","creditcard_accept":true,"enhanced_background":"0","domain":"meska","specific_customer_id":null,"specific_customer_name":null,"to_order_product":"1","to_order_product_time":"4","product_different":null,"product_different_description":"","vintage":"0","vintage_category_id":"0","recycled":"0","gemstone_id":"0","customizable":"0","type_category":"physical","zerowaste":"0","postage_price":"2390.00","shop_order":"17","has_category":"1","landing_pages":null,"microdata":{"number":68,"category":""},"title":"Tabl\u00f3, ballag\u00e1si Egyedi makram\u00e9 t\u00e1bla","description":"Makram\u00e9 t\u00e1bla bab\u00e1kkal \u00e9s grav\u00edrozhat\u00f3 sz\u00edvekkel ,grav\u00edrozhat\u00f3 kerettel. Egyedi ig\u00e9nyek, saj\u00e1t elk\u00e9pzel\u00e9s alapj\u00e1n.\nBallag\u00e1sra, ek\u0171v\u0151re, \u00fcdv\u00f6zl\u0151re stb, egyar\u00e1nt t\u00f6k\u00e9letes aj\u00e1nd\u00e9k \nA r\u00e9szleteket \u00fczenetben tudjuk megbesz\u00e9lni.\nA keret : 50x40x3cm\nA bab\u00e1k magass\u00e1ga 10-20cm\n\nAz \u00e1r a k\u00e9pen l\u00e1that\u00f3 szettre vonatkozik egy egyedi bab\u00e1val, t\u00f6bb baba rendel\u00e9se eset\u00e9n kedvezm\u00e9ny van, ezt a rendel\u00e9sn\u00e9l lehet v\u00e1lasztani. \n\nB\u00e1rmilyen k\u00e9rd\u00e9se lenne, m\u00e9g a rendel\u00e9s el\u0151tt nyugodtan \u00fczenetben felteheti.\n\n","score":0,"formatted_price":"15 000 Ft","image_url":"https:\/\/www.meska.hu\/img\/product\/small\/d\/a\/dallosgravdekor_product_433523_240708110112_007818.jpeg","formatted_url":"https:\/\/www.meska.hu\/p5320098-egyedi-makrame-tabla","favourite":false,"in_stock":false,"avatar":"Dallosgravdekor_avatar_433523_1623879354.png","delete_from":0,"is_enhanced_background":false,"is_enhanced":false,"product_selection_started":false,"is_active":true,"image_webp_url":"https:\/\/www.meska.hu\/img\/product\/small\/d\/a\/dallosgravdekor_product_433523_240708110112_007818.webp"},{"id":"5399491","shop_id":"33598","user_id":"433523","shop_name":"Dallosgravdekor","shop_zip":"9022","product_code":"5320090","product_name_old":null,"product_name":"Egyedi makram\u00e9 baba","category_string":"Baba - mama, Baba \u00e1gynem\u0171","technic_string":"Fon\u00e1s (csuh\u00e9, gy\u00e9k\u00e9ny, stb.)","category_1":"1450","category_2":"1735","category_3":"0","category_4":"0","merged_category_1":null,"merged_category_2":null,"merged_category_3":null,"technic_1":"482","technic_2":"0","technic_3":"0","color_1":"1474","color_2":"515","color_3":"516","product_description_old":null,"product_description":"Makram\u00e9 baba egyedi ig\u00e9nyek, minta fot\u00f3 minta fot\u00f3 alapj\u00e1n.\nLehet f\u00e9rj ,feles\u00e9g, gyerek,csal\u00e1d.\nA r\u00e9szleteket \u00fczenetben tudjuk megbesz\u00e9lni.\nA bab\u00e1k magass\u00e1ga 10-20cm\n\nAz \u00e1r 1db-ta vonatkozik, t\u00f6bb darab rendel\u00e9se eset\u00e9n kedvezm\u00e9ny van, ezt a rendel\u00e9sn\u00e9l lehet v\u00e1lasztani.\n\n","price":"2900.00","unit":"db","recommended":"0","status":"1","sponsored":"0","exp_notify":"0","own_material":"0","own_material_description_old":null,"own_material_description":"","jury":"0","jury_number":"","product_nature":"","meskaracsony":"0","create_date":"2026-03-31 16:04:51","shelve_id":"76845","image":"dallosgravdekor_product_433523_240708105034_874629.jpeg","image_width":"480","image_height":"637","image_alt":"Egyedi makram\u00e9 baba, Makram\u00e9 baba egyedi ig\u00e9nyek, minta fot\u00f3 minta fot\u00f3 alapj\u00e1n.\\nLehet f\u00e9rj ,feles\u00e9g, gyerek,csal\u00e1d.\\nA r\u00e9..., Meska","image_title":"Egyedi makram\u00e9 baba, Meska","view_count":"674","favourite_count":"0","trending_score":"0","last2MonthFavouriteCount":"0","promotion":"0","giftcard_accept":"0","creditcard_accept":true,"enhanced_background":"0","domain":"meska","specific_customer_id":null,"specific_customer_name":null,"to_order_product":"1","to_order_product_time":"4","product_different":null,"product_different_description":"","vintage":"0","vintage_category_id":"0","recycled":"0","gemstone_id":"0","customizable":"0","type_category":"physical","zerowaste":"0","postage_price":"1290.00","shop_order":"18","has_category":"1","landing_pages":null,"microdata":{"number":69,"category":""},"title":"Egyedi makram\u00e9 baba","description":"Makram\u00e9 baba egyedi ig\u00e9nyek, minta fot\u00f3 minta fot\u00f3 alapj\u00e1n.\nLehet f\u00e9rj ,feles\u00e9g, gyerek,csal\u00e1d.\nA r\u00e9szleteket \u00fczenetben tudjuk megbesz\u00e9lni.\nA bab\u00e1k magass\u00e1ga 10-20cm\n\nAz \u00e1r 1db-ta vonatkozik, t\u00f6bb darab rendel\u00e9se eset\u00e9n kedvezm\u00e9ny van, ezt a rendel\u00e9sn\u00e9l lehet v\u00e1lasztani.\n\n","score":0,"formatted_price":"2 900 Ft","image_url":"https:\/\/www.meska.hu\/img\/product\/small\/d\/a\/dallosgravdekor_product_433523_240708105034_874629.jpeg","formatted_url":"https:\/\/www.meska.hu\/p5320090-egyedi-makrame-baba","favourite":false,"in_stock":false,"avatar":"Dallosgravdekor_avatar_433523_1623879354.png","delete_from":0,"is_enhanced_background":false,"is_enhanced":false,"product_selection_started":false,"is_active":true,"image_webp_url":"https:\/\/www.meska.hu\/img\/product\/small\/d\/a\/dallosgravdekor_product_433523_240708105034_874629.webp"},{"id":"5134848","shop_id":"37080","user_id":"491542","shop_name":"Antiquelive","shop_zip":"9021","product_code":"5162647","product_name_old":null,"product_name":"Vintage k\u00ednai bambuszl\u00e1mp\u00e1k p\u00e1rban","category_string":"Otthon & \u00c9letm\u00f3d, L\u00e1mpa, Hangulatl\u00e1mpa","technic_string":"Famegmunk\u00e1l\u00e1s, Fon\u00e1s (csuh\u00e9, gy\u00e9k\u00e9ny, stb.)","category_1":"813","category_2":"421","category_3":"423","category_4":"0","merged_category_1":null,"merged_category_2":null,"merged_category_3":null,"technic_1":"478","technic_2":"482","technic_3":"0","color_1":"514","color_2":"515","color_3":"0","product_description_old":null,"product_description":"Sz\u00e9ps\u00e9ges antik bambuszb\u00f3l fonott k\u00ednai l\u00e1mp\u00e1k, kom\u00f3dl\u00e1mp\u00e1k. Hajsz\u00e1lv\u00e9kony \u00e9s vastagabb bambusz sz\u00e1lakb\u00f3l, k\u00e9zm\u0171ves munk\u00e1val k\u00e9sz\u00fcltek itt-ott l\u00e1tv\u00e1nyos fon\u00e1ssal \u00e9s f\u0171z\u00e9s technik\u00e1val. A bambusz anyaga \u00e9s a  keleties formavil\u00e1g teszi igaz\u00e1n hangulatoss\u00e1 ezt a gy\u00f6ny\u00f6r\u0171 p\u00e1ros l\u00e1mp\u00e1t. S\u00f6t\u00e9tben felkapcsolva igazi keleti hangulatot var\u00e1zsolnak a szob\u00e1ba. \u00c9jjeli szekr\u00e9ny l\u00e1mp\u00e1nak, vagy csak sim\u00e1n hangulatl\u00e1mp\u00e1knak egyedi \u00e9s igaz\u00e1n k\u00fcl\u00f6nleges darabok. M\u00e9rete: 40 cm magasak, \u00e9s a b\u00fara legnagyobb \u00e1tm\u00e9r\u0151je 19 cm.","price":"28000.00","unit":"db","recommended":"0","status":"1","sponsored":"0","exp_notify":"0","own_material":"0","own_material_description_old":null,"own_material_description":"","jury":"0","jury_number":"","product_nature":"","meskaracsony":"0","create_date":"2026-03-31 08:51:25","shelve_id":"0","image":"antiquelive_product_491542_231209160337_239373.png","image_width":"480","image_height":"480","image_alt":"Vintage k\u00ednai bambuszl\u00e1mp\u00e1k p\u00e1rban, Sz\u00e9ps\u00e9ges antik bambuszb\u00f3l fonott k\u00ednai l\u00e1mp\u00e1k, kom\u00f3dl\u00e1mp\u00e1k. Hajsz\u00e1lv\u00e9kony \u00e9s vastagabb bambusz sz\u00e1l..., Meska","image_title":"Vintage k\u00ednai bambuszl\u00e1mp\u00e1k p\u00e1rban, Meska","view_count":"769","favourite_count":"0","trending_score":"0","last2MonthFavouriteCount":"0","promotion":"0","giftcard_accept":"0","creditcard_accept":false,"enhanced_background":"0","domain":"meska","specific_customer_id":null,"specific_customer_name":null,"to_order_product":"0","to_order_product_time":"0","product_different":null,"product_different_description":"","vintage":"0","vintage_category_id":"0","recycled":"0","gemstone_id":"0","customizable":"0","type_category":"physical","zerowaste":"0","postage_price":"1290.00","shop_order":"0","has_category":"1","landing_pages":null,"microdata":{"number":70,"category":""},"title":"Vintage k\u00ednai bambuszl\u00e1mp\u00e1k p\u00e1rban","description":"Sz\u00e9ps\u00e9ges antik bambuszb\u00f3l fonott k\u00ednai l\u00e1mp\u00e1k, kom\u00f3dl\u00e1mp\u00e1k. Hajsz\u00e1lv\u00e9kony \u00e9s vastagabb bambusz sz\u00e1lakb\u00f3l, k\u00e9zm\u0171ves munk\u00e1val k\u00e9sz\u00fcltek itt-ott l\u00e1tv\u00e1nyos fon\u00e1ssal \u00e9s f\u0171z\u00e9s technik\u00e1val. A bambusz anyaga \u00e9s a  keleties formavil\u00e1g teszi igaz\u00e1n hangulatoss\u00e1 ezt a gy\u00f6ny\u00f6r\u0171 p\u00e1ros l\u00e1mp\u00e1t. S\u00f6t\u00e9tben felkapcsolva igazi keleti hangulatot var\u00e1zsolnak a szob\u00e1ba. \u00c9jjeli szekr\u00e9ny l\u00e1mp\u00e1nak, vagy csak sim\u00e1n hangulatl\u00e1mp\u00e1knak egyedi \u00e9s igaz\u00e1n k\u00fcl\u00f6nleges darabok. M\u00e9rete: 40 cm magasak, \u00e9s a b\u00fara legnagyobb \u00e1tm\u00e9r\u0151je 19 cm.","score":0,"formatted_price":"28 000 Ft","image_url":"https:\/\/www.meska.hu\/img\/product\/small\/a\/n\/antiquelive_product_491542_231209160337_239373.png","formatted_url":"https:\/\/www.meska.hu\/p5162647-vintage-kinai-bambuszlampak-parban","favourite":false,"in_stock":true,"avatar":"491542_avatar_1648132055.png","delete_from":0,"is_enhanced_background":false,"is_enhanced":false,"product_selection_started":false,"is_active":true,"image_webp_url":"https:\/\/www.meska.hu\/img\/product\/small\/a\/n\/antiquelive_product_491542_231209160337_239373.webp"},{"id":"3447371","shop_id":"99","user_id":"204","shop_name":"kezmuvesporta","shop_zip":"3176","product_code":"4066686","product_name_old":null,"product_name":"Tavaszi \u00c9lm\u00e9nyfon\u00f3 Alkot\u00f3csomag - K\u00e9sz\u00edts velem tulip\u00e1nt \u00e9s nyuszit csuh\u00e9b\u00f3l","category_string":"DIY (Csin\u00e1ld magad), Egys\u00e9gcsomag","technic_string":"Fon\u00e1s (csuh\u00e9, gy\u00e9k\u00e9ny, stb.), Vir\u00e1gk\u00f6t\u00e9s","category_1":"402","category_2":"928","category_3":"0","category_4":"0","merged_category_1":"0","merged_category_2":"0","merged_category_3":"0","technic_1":"482","technic_2":"507","technic_3":"0","color_1":"515","color_2":"526","color_3":"529","product_description_old":null,"product_description":"FOLK&VINTAGE - TERM\u00c9SZETB\u0150L FONVA\n\nHoztam nektek n\u00e9h\u00e1ny term\u00e9szetes tavaszi vir\u00e1got \u00e9s nyuszi dekor\u00e1ci\u00f3t. \n\nAzaz hoztam is meg nem is, mint \u201eA b\u00edr\u00f3 okos l\u00e1nya\u201d c\u00edm\u0171 mes\u00e9ben. \n\nMert most egy Tavaszv\u00e1r\u00f3 \u00c9lm\u00e9nyfon\u00f3 Alkot\u00f3csomagot k\u00edn\u00e1lok neked, mely tartalmaz minden alapanyagot, \u00e9s inform\u00e1ci\u00f3t hogy te magad elk\u00e9sz\u00edthesd saj\u00e1t vir\u00e1gjaidat \u00e9s d\u00edszedet.\n\nHa szeretsz alkotni, szereted a term\u00e9szetes anyagokat \u00e9s valami \u00faj \u00e9lm\u00e9nyre v\u00e1gysz, akkor itt az ideje hogy kipr\u00f3b\u00e1ld az \u00c9lm\u00e9nyfon\u00e1st. \nL\u00e9p\u00e9sr\u0151l-l\u00e9p\u00e9sre seg\u00edtek az elk\u00e9sz\u00edt\u00e9sben egy vide\u00f3 seg\u00edts\u00e9g\u00e9vel, melyet b\u00e1rmikor visszan\u00e9zhetsz, meg\u00e1ll\u00edthatsz. Egy kis seg\u00edts\u00e9ggel gyermekek is elk\u00e9sz\u00edthetik, de a k\u00f6z\u00f6s alkot\u00e1s egy j\u00f3 alkalom a min\u0151s\u00e9gi id\u0151 elt\u00f6lt\u00e9sre is. \n\nV\u00e1rjuk egy\u00fctt a tavaszt \u00e9s a H\u00fasv\u00e9tot. Fonjunk egy\u00fctt \u00faj \u00e9lm\u00e9nyeket!\n\n\nA csomag tartalma: csuh\u00e9, k\u00e1ka, bot, raffia \u00e9s vatta. \u00datmutat\u00f3 az elk\u00e9sz\u00edt\u00e9shez, \u00e9s egy link az \u00e9lm\u00e9nyfon\u00f3 vide\u00f3hoz.\nAz alapanyagok minimum 6 db tulip\u00e1n \u00e9s 3 db nyuszi elk\u00e9sz\u00edt\u00e9s\u00e9re elegend\u0151ek. \n\nFENNTARTHAT\u00d3S\u00c1G, K\u00d6RNYEZETTUDATOSS\u00c1G, MEG\u00daJ\u00daL\u00c1S\n\nFontos misszi\u00f3nak tartom, hogy megismertessem a magyar emberekkel a haz\u00e1nkban fellelhet\u0151 term\u00e9szetes anyagokat, \u00e9s az azokban rejl\u0151 csod\u00e1t. Hiszem, hogy ezen anyagokb\u00f3l k\u00e9sz\u00edtett term\u00e9kek id\u0151t\u00e1ll\u00f3k \u00e9s j\u00f3l beilleszthet\u0151k mai lak\u00e1strendekbe \u00e9s divatterm\u00e9kek k\u00f6z\u00e9 is. \n\nAz alapanyagokat (gy\u00e9k\u00e9ny, k\u00e1ka) minden \u00e9vben \u00e9n gy\u0171jt\u00f6m, \u00edgy pontosan tudom annak sz\u00e1rmaz\u00e1si hely\u00e9t. Gondosan odafigyelek az anyagok sz\u00e1r\u00edt\u00e1s\u00e1ra, t\u00e1rol\u00e1s\u00e1ra. Miel\u0151tt term\u00e9k lesz az alapanyagb\u00f3l, \u00fajra v\u00e1logat\u00e1sra ker\u00fcl, \u00edgy tudom garant\u00e1lni a j\u00f3 min\u0151s\u00e9get. \n\nTerm\u00e9keimmel szeretn\u00e9k alternat\u00edv\u00e1t ny\u00fajtani azoknak, akik sz\u00e1m\u00e1ra fontos, a k\u00f6rnyezettudatoss\u00e1g \u00e9s fenntarthat\u00f3s\u00e1g. A folk&VINTAGE term\u00e9kek hazai anyagokb\u00f3l hagyom\u00e1nyos technik\u00e1val k\u00e9sz\u00edtett min\u0151s\u00e9gi term\u00e9kek, melyek a term\u00e9szet harm\u00f3ni\u00e1j\u00e1t ny\u00fajtj\u00e1k. \n\n","price":"3600.00","unit":"db","recommended":"0","status":"1","sponsored":"0","exp_notify":"0","own_material":"0","own_material_description_old":null,"own_material_description":"","jury":"0","jury_number":"","product_nature":"","meskaracsony":"0","create_date":"2026-03-29 21:42:43","shelve_id":"63142","image":"kezmuvesporta_product_204_210310093436_519230.jpeg","image_width":"480","image_height":"270","image_alt":"Tavaszi \u00c9lm\u00e9nyfon\u00f3 Alkot\u00f3csomag - K\u00e9sz\u00edts velem tulip\u00e1nt \u00e9s nyuszit csuh\u00e9b\u00f3l, FOLK&VINTAGE - TERM\u00c9SZETB\u0150L FONVA\\n\\nHoztam nektek n\u00e9h\u00e1ny term\u00e9szetes tavaszi vir\u00e1got \u00e9s nyuszi dekor\u00e1..., Meska","image_title":"Tavaszi \u00c9lm\u00e9nyfon\u00f3 Alkot\u00f3csomag - K\u00e9sz\u00edts velem tulip\u00e1nt \u00e9s nyuszit csuh\u00e9b\u00f3l, Meska","view_count":"1689","favourite_count":"1","trending_score":"0","last2MonthFavouriteCount":"1","promotion":"0","giftcard_accept":"0","creditcard_accept":true,"enhanced_background":"0","domain":"meska","specific_customer_id":null,"specific_customer_name":null,"to_order_product":"0","to_order_product_time":"0","product_different":null,"product_different_description":"","vintage":"1","vintage_category_id":"885","recycled":"0","gemstone_id":"0","customizable":"0","type_category":"physical","zerowaste":"1","postage_price":"1290.00","shop_order":"0","has_category":"1","landing_pages":null,"microdata":{"number":71,"category":""},"title":"Tavaszi \u00c9lm\u00e9nyfon\u00f3 Alkot\u00f3csomag - K\u00e9sz\u00edts velem tulip\u00e1nt \u00e9s nyuszit csuh\u00e9b\u00f3l","description":"FOLK&VINTAGE - TERM\u00c9SZETB\u0150L FONVA\n\nHoztam nektek n\u00e9h\u00e1ny term\u00e9szetes tavaszi vir\u00e1got \u00e9s nyuszi dekor\u00e1ci\u00f3t. \n\nAzaz hoztam is meg nem is, mint \u201eA b\u00edr\u00f3 okos l\u00e1nya\u201d c\u00edm\u0171 mes\u00e9ben. \n\nMert most egy Tavaszv\u00e1r\u00f3 \u00c9lm\u00e9nyfon\u00f3 Alkot\u00f3csomagot k\u00edn\u00e1lok neked, mely tartalmaz minden alapanyagot, \u00e9s inform\u00e1ci\u00f3t hogy te magad elk\u00e9sz\u00edthesd saj\u00e1t vir\u00e1gjaidat \u00e9s d\u00edszedet.\n\nHa szeretsz alkotni, szereted a term\u00e9szetes anyagokat \u00e9s valami \u00faj \u00e9lm\u00e9nyre v\u00e1gysz, akkor itt az ideje hogy kipr\u00f3b\u00e1ld az \u00c9lm\u00e9nyfon\u00e1st. \nL\u00e9p\u00e9sr\u0151l-l\u00e9p\u00e9sre seg\u00edtek az elk\u00e9sz\u00edt\u00e9sben egy vide\u00f3 seg\u00edts\u00e9g\u00e9vel, melyet b\u00e1rmikor visszan\u00e9zhetsz, meg\u00e1ll\u00edthatsz. Egy kis seg\u00edts\u00e9ggel gyermekek is elk\u00e9sz\u00edthetik, de a k\u00f6z\u00f6s alkot\u00e1s egy j\u00f3 alkalom a min\u0151s\u00e9gi id\u0151 elt\u00f6lt\u00e9sre is. \n\nV\u00e1rjuk egy\u00fctt a tavaszt \u00e9s a H\u00fasv\u00e9tot. Fonjunk egy\u00fctt \u00faj \u00e9lm\u00e9nyeket!\n\n\nA csomag tartalma: csuh\u00e9, k\u00e1ka, bot, raffia \u00e9s vatta. \u00datmutat\u00f3 az elk\u00e9sz\u00edt\u00e9shez, \u00e9s egy link az \u00e9lm\u00e9nyfon\u00f3 vide\u00f3hoz.\nAz alapanyagok minimum 6 db tulip\u00e1n \u00e9s 3 db nyuszi elk\u00e9sz\u00edt\u00e9s\u00e9re elegend\u0151ek. \n\nFENNTARTHAT\u00d3S\u00c1G, K\u00d6RNYEZETTUDATOSS\u00c1G, MEG\u00daJ\u00daL\u00c1S\n\nFontos misszi\u00f3nak tartom, hogy megismertessem a magyar emberekkel a haz\u00e1nkban fellelhet\u0151 term\u00e9szetes anyagokat, \u00e9s az azokban rejl\u0151 csod\u00e1t. Hiszem, hogy ezen anyagokb\u00f3l k\u00e9sz\u00edtett term\u00e9kek id\u0151t\u00e1ll\u00f3k \u00e9s j\u00f3l beilleszthet\u0151k mai lak\u00e1strendekbe \u00e9s divatterm\u00e9kek k\u00f6z\u00e9 is. \n\nAz alapanyagokat (gy\u00e9k\u00e9ny, k\u00e1ka) minden \u00e9vben \u00e9n gy\u0171jt\u00f6m, \u00edgy pontosan tudom annak sz\u00e1rmaz\u00e1si hely\u00e9t. Gondosan odafigyelek az anyagok sz\u00e1r\u00edt\u00e1s\u00e1ra, t\u00e1rol\u00e1s\u00e1ra. Miel\u0151tt term\u00e9k lesz az alapanyagb\u00f3l, \u00fajra v\u00e1logat\u00e1sra ker\u00fcl, \u00edgy tudom garant\u00e1lni a j\u00f3 min\u0151s\u00e9get. \n\nTerm\u00e9keimmel szeretn\u00e9k alternat\u00edv\u00e1t ny\u00fajtani azoknak, akik sz\u00e1m\u00e1ra fontos, a k\u00f6rnyezettudatoss\u00e1g \u00e9s fenntarthat\u00f3s\u00e1g. A folk&VINTAGE term\u00e9kek hazai anyagokb\u00f3l hagyom\u00e1nyos technik\u00e1val k\u00e9sz\u00edtett min\u0151s\u00e9gi term\u00e9kek, melyek a term\u00e9szet harm\u00f3ni\u00e1j\u00e1t ny\u00fajtj\u00e1k. \n\n","score":0,"formatted_price":"3 600 Ft","image_url":"https:\/\/www.meska.hu\/img\/product\/small\/k\/e\/kezmuvesporta_product_204_210310093436_519230.jpeg","formatted_url":"https:\/\/www.meska.hu\/p4066686-tavaszi-elmenyfono-alkotocsomag-keszits-velem-tulipant-es-nyuszit-csuhebol","favourite":false,"in_stock":true,"avatar":"kezmuvesporta_avatar_204_1601323895.jpg","delete_from":0,"is_enhanced_background":false,"is_enhanced":false,"product_selection_started":false,"is_active":true,"image_webp_url":"https:\/\/www.meska.hu\/img\/product\/small\/k\/e\/kezmuvesporta_product_204_210310093436_519230.webp"},{"id":"5428735","shop_id":"38745","user_id":"499886","shop_name":"Sasafonomuhelye","shop_zip":"2377","product_code":"5339500","product_name_old":null,"product_name":"Peddign\u00e1db\u00f3l fonott kis kosarak akaszt\u00f3val","category_string":"Otthon & \u00c9letm\u00f3d, T\u00e1rol\u00e1s & Rendszerez\u00e9s, T\u00e1rol\u00f3kos\u00e1r","technic_string":"Fon\u00e1s (csuh\u00e9, gy\u00e9k\u00e9ny, stb.)","category_1":"813","category_2":"426","category_3":"428","category_4":"0","merged_category_1":null,"merged_category_2":null,"merged_category_3":null,"technic_1":"482","technic_2":"0","technic_3":"0","color_1":"515","color_2":"0","color_3":"0","product_description_old":null,"product_description":"Peddign\u00e1db\u00f3l fonott, falra akaszthat\u00f3 t\u00e1rol\u00f3 kosarak, term\u00e9szetes sz\u00ednben. Magass\u00e1ga: 18 cm, m\u00e9lys\u00e9ge: 12 cm, sz\u00e9less\u00e9ge: 16 cm. Alkalmas z\u00f6lds\u00e9g, gy\u00fcm\u00f6lcs, vagy egy\u00e9b dolog t\u00e1rol\u00e1s\u00e1ra, nagyon sz\u00e9p d\u00edsze a lak\u00f3t\u00e9rnek.","price":"25000.00","unit":"db","recommended":"0","status":"1","sponsored":"0","exp_notify":"0","own_material":"0","own_material_description_old":null,"own_material_description":"","jury":"0","jury_number":"","product_nature":"","meskaracsony":"0","create_date":"2026-03-29 13:50:21","shelve_id":"73558","image":"sasafonomuhelye_product_499886_240730174449_41441.jpeg","image_width":"480","image_height":"853","image_alt":"Peddign\u00e1db\u00f3l fonott kis kosarak akaszt\u00f3val, Peddign\u00e1db\u00f3l fonott, falra akaszthat\u00f3 t\u00e1rol\u00f3 kosarak, term\u00e9szetes sz\u00ednben. Magass\u00e1ga: 18 cm, m\u00e9lys\u00e9g..., Meska","image_title":"Peddign\u00e1db\u00f3l fonott kis kosarak akaszt\u00f3val, Meska","view_count":"474","favourite_count":"0","trending_score":"0","last2MonthFavouriteCount":"0","promotion":"0","giftcard_accept":"0","creditcard_accept":true,"enhanced_background":"0","domain":"meska","specific_customer_id":null,"specific_customer_name":null,"to_order_product":"1","to_order_product_time":"60","product_different":null,"product_different_description":"","vintage":"0","vintage_category_id":"0","recycled":"0","gemstone_id":"0","customizable":"1","type_category":"physical","zerowaste":"0","postage_price":"1290.00","shop_order":"0","has_category":"1","landing_pages":null,"microdata":{"number":72,"category":""},"title":"Peddign\u00e1db\u00f3l fonott kis kosarak akaszt\u00f3val","description":"Peddign\u00e1db\u00f3l fonott, falra akaszthat\u00f3 t\u00e1rol\u00f3 kosarak, term\u00e9szetes sz\u00ednben. Magass\u00e1ga: 18 cm, m\u00e9lys\u00e9ge: 12 cm, sz\u00e9less\u00e9ge: 16 cm. Alkalmas z\u00f6lds\u00e9g, gy\u00fcm\u00f6lcs, vagy egy\u00e9b dolog t\u00e1rol\u00e1s\u00e1ra, nagyon sz\u00e9p d\u00edsze a lak\u00f3t\u00e9rnek.","score":0,"formatted_price":"25 000 Ft","image_url":"https:\/\/www.meska.hu\/img\/product\/small\/s\/a\/sasafonomuhelye_product_499886_240730174449_41441.jpeg","formatted_url":"https:\/\/www.meska.hu\/p5339500-peddignadbol-fonott-kis-kosarak-akasztoval","favourite":false,"in_stock":false,"avatar":"499886_avatar_1693338005.jpeg","delete_from":0,"is_enhanced_background":false,"is_enhanced":false,"product_selection_started":false,"is_active":true,"image_webp_url":"https:\/\/www.meska.hu\/img\/product\/small\/s\/a\/sasafonomuhelye_product_499886_240730174449_41441.webp"},{"id":"5996337","shop_id":"50372","user_id":"744639","shop_name":"AriKezmuvestara","shop_zip":"6000","product_code":"5670495","product_name_old":null,"product_name":"Egyedi l\u00f3sz\u0151r kark\u00f6t\u0151 ","category_string":"\u00c9kszer, Kark\u00f6t\u0151, Fonott kark\u00f6t\u0151","technic_string":"Fon\u00e1s (csuh\u00e9, gy\u00e9k\u00e9ny, stb.)","category_1":"327","category_2":"333","category_3":"1232","category_4":"0","merged_category_1":null,"merged_category_2":null,"merged_category_3":null,"technic_1":"482","technic_2":"0","technic_3":"0","color_1":"512","color_2":"517","color_3":"518","product_description_old":null,"product_description":"Henger fon\u00e1ssal k\u00e9sz\u00fclt l\u00f3sz\u0151r kark\u00f6t\u0151, a saj\u00e1t lovad l\u00f3farok sz\u0151r\u00e9b\u0151l.\n\nA kark\u00f6t\u0151 elk\u00e9sz\u00edt\u00e9s\u00e9hez sz\u00fcks\u00e9gem lesz legal\u00e1bb 40 cm hossz\u00fa, kb. 1,5-2 cm \u00e1tm\u00e9r\u0151j\u0171 k\u00f6teg faroksz\u0151rre. (Fontos hogy sok egyforma hossz\u00fa sz\u00e1l legyen benne) Gumizd \u00f6ssze, hogy ne hulljon sz\u00e9t a tincs, mosd meg \u00e9s sz\u00e1r\u00edtsd meg elk\u00fcld\u00e9s el\u0151tt.\n\nA kark\u00f6t\u0151t ezzel a fon\u00e1si technik\u00e1val fogom elk\u00e9sz\u00edteni.\nA med\u00e1l sz\u00edne a k\u00e9pen l\u00e1that\u00f3 sz\u00ednekben el\u00e9rhet\u0151.\n\nSz\u00fcks\u00e9ges a csukl\u00f3 m\u00e9ret\u00e9t is meg adni, hogy pontosan illeszkedjen a kark\u00f6t\u0151.\n\nA l\u00f3sz\u0151rt megrendel\u00e9st k\u00f6vet\u0151en post\u00e1n tudod majd hozz\u00e1m eljuttatni.\n\nA sz\u0151rt k\u00e9zhez kapva elk\u00e9sz\u00edtem a kark\u00f6t\u0151t, majd biztons\u00e1gosan csomagolva post\u00e1zom neked.\n","price":"6000.00","unit":"db","recommended":"0","status":"1","sponsored":"0","exp_notify":"0","own_material":"0","own_material_description_old":null,"own_material_description":"","jury":"0","jury_number":"","product_nature":"","meskaracsony":"0","create_date":"2026-03-29 08:46:35","shelve_id":"0","image":"arikezmuvestara_product_744639_251116160940_0515.jpeg","image_width":"480","image_height":"640","image_alt":"Egyedi l\u00f3sz\u0151r kark\u00f6t\u0151 , Henger fon\u00e1ssal k\u00e9sz\u00fclt l\u00f3sz\u0151r kark\u00f6t\u0151, a saj\u00e1t lovad l\u00f3farok sz\u0151r\u00e9b\u0151l.\\n\\nA kark\u00f6t\u0151 elk\u00e9sz\u00edt\u00e9s\u00e9hez sz..., Meska","image_title":"Egyedi l\u00f3sz\u0151r kark\u00f6t\u0151 , Meska","view_count":"216","favourite_count":"0","trending_score":"0","last2MonthFavouriteCount":"0","promotion":"0","giftcard_accept":"0","creditcard_accept":false,"enhanced_background":"0","domain":"meska","specific_customer_id":null,"specific_customer_name":null,"to_order_product":"1","to_order_product_time":"7","product_different":null,"product_different_description":"","vintage":"0","vintage_category_id":"0","recycled":"0","gemstone_id":"0","customizable":"1","type_category":"physical","zerowaste":"0","postage_price":"1290.00","shop_order":"0","has_category":"1","landing_pages":null,"microdata":{"number":73,"category":""},"title":"Egyedi l\u00f3sz\u0151r kark\u00f6t\u0151 ","description":"Henger fon\u00e1ssal k\u00e9sz\u00fclt l\u00f3sz\u0151r kark\u00f6t\u0151, a saj\u00e1t lovad l\u00f3farok sz\u0151r\u00e9b\u0151l.\n\nA kark\u00f6t\u0151 elk\u00e9sz\u00edt\u00e9s\u00e9hez sz\u00fcks\u00e9gem lesz legal\u00e1bb 40 cm hossz\u00fa, kb. 1,5-2 cm \u00e1tm\u00e9r\u0151j\u0171 k\u00f6teg faroksz\u0151rre. (Fontos hogy sok egyforma hossz\u00fa sz\u00e1l legyen benne) Gumizd \u00f6ssze, hogy ne hulljon sz\u00e9t a tincs, mosd meg \u00e9s sz\u00e1r\u00edtsd meg elk\u00fcld\u00e9s el\u0151tt.\n\nA kark\u00f6t\u0151t ezzel a fon\u00e1si technik\u00e1val fogom elk\u00e9sz\u00edteni.\nA med\u00e1l sz\u00edne a k\u00e9pen l\u00e1that\u00f3 sz\u00ednekben el\u00e9rhet\u0151.\n\nSz\u00fcks\u00e9ges a csukl\u00f3 m\u00e9ret\u00e9t is meg adni, hogy pontosan illeszkedjen a kark\u00f6t\u0151.\n\nA l\u00f3sz\u0151rt megrendel\u00e9st k\u00f6vet\u0151en post\u00e1n tudod majd hozz\u00e1m eljuttatni.\n\nA sz\u0151rt k\u00e9zhez kapva elk\u00e9sz\u00edtem a kark\u00f6t\u0151t, majd biztons\u00e1gosan csomagolva post\u00e1zom neked.\n","score":0,"formatted_price":"6 000 Ft","image_url":"https:\/\/www.meska.hu\/img\/product\/small\/a\/r\/arikezmuvestara_product_744639_251116160940_0515.jpeg","formatted_url":"https:\/\/www.meska.hu\/p5670495-egyedi-loszor-karkoto","favourite":false,"in_stock":false,"avatar":"744639_avatar_1759864314.jpeg","delete_from":0,"is_enhanced_background":false,"is_enhanced":false,"product_selection_started":false,"is_active":true,"image_webp_url":"https:\/\/www.meska.hu\/img\/product\/small\/a\/r\/arikezmuvestara_product_744639_251116160940_0515.webp"},{"id":"5996292","shop_id":"50372","user_id":"744639","shop_name":"AriKezmuvestara","shop_zip":"6000","product_code":"5670453","product_name_old":null,"product_name":"Egyedi l\u00f3sz\u0151r kark\u00f6t\u0151 ","category_string":"\u00c9kszer, Kark\u00f6t\u0151, Fonott kark\u00f6t\u0151","technic_string":"Fon\u00e1s (csuh\u00e9, gy\u00e9k\u00e9ny, stb.)","category_1":"327","category_2":"333","category_3":"1232","category_4":"0","merged_category_1":null,"merged_category_2":null,"merged_category_3":null,"technic_1":"482","technic_2":"0","technic_3":"0","color_1":"517","color_2":"518","color_3":"0","product_description_old":null,"product_description":"H\u00e1rmas fon\u00e1ssal k\u00e9sz\u00fclt l\u00f3sz\u0151r kark\u00f6t\u0151, a saj\u00e1t lovad l\u00f3farok sz\u0151r\u00e9b\u0151l.\n\nA kark\u00f6t\u0151 elk\u00e9sz\u00edt\u00e9s\u00e9hez sz\u00fcks\u00e9gem lesz legal\u00e1bb 40 cm hossz\u00fa, kb. 1,5-2 cm \u00e1tm\u00e9r\u0151j\u0171 k\u00f6teg faroksz\u0151rre. (Fontos hogy sok egyforma hossz\u00fa sz\u00e1l legyen benne) Gumizd \u00f6ssze, hogy ne hulljon sz\u00e9t a tincs, mosd meg \u00e9s sz\u00e1r\u00edtsd meg elk\u00fcld\u00e9s el\u0151tt.\n\nA kark\u00f6t\u0151t ezzel a fon\u00e1si technik\u00e1val fogom elk\u00e9sz\u00edteni.\n\nSz\u00fcks\u00e9ges a csukl\u00f3 m\u00e9ret\u00e9t is meg adni, hogy pontosan illeszkedjen a kark\u00f6t\u0151.\n\nA l\u00f3sz\u0151rt megrendel\u00e9st k\u00f6vet\u0151en post\u00e1n tudod majd hozz\u00e1m eljuttatni.\n\nA sz\u0151rt k\u00e9zhez kapva elk\u00e9sz\u00edtem a kark\u00f6t\u0151t, majd biztons\u00e1gosan csomagolva post\u00e1zom neked.\n","price":"5500.00","unit":"db","recommended":"0","status":"1","sponsored":"0","exp_notify":"0","own_material":"0","own_material_description_old":null,"own_material_description":"","jury":"0","jury_number":"","product_nature":"","meskaracsony":"0","create_date":"2026-03-29 08:46:35","shelve_id":"0","image":"arikezmuvestara_product_744639_251116160120_466736.jpeg","image_width":"480","image_height":"360","image_alt":"Egyedi l\u00f3sz\u0151r kark\u00f6t\u0151 , H\u00e1rmas fon\u00e1ssal k\u00e9sz\u00fclt l\u00f3sz\u0151r kark\u00f6t\u0151, a saj\u00e1t lovad l\u00f3farok sz\u0151r\u00e9b\u0151l.\\n\\nA kark\u00f6t\u0151 elk\u00e9sz\u00edt\u00e9s\u00e9hez sz..., Meska","image_title":"Egyedi l\u00f3sz\u0151r kark\u00f6t\u0151 , Meska","view_count":"389","favourite_count":"1","trending_score":"0","last2MonthFavouriteCount":"0","promotion":"0","giftcard_accept":"0","creditcard_accept":false,"enhanced_background":"0","domain":"meska","specific_customer_id":null,"specific_customer_name":null,"to_order_product":"1","to_order_product_time":"7","product_different":null,"product_different_description":"","vintage":"0","vintage_category_id":"0","recycled":"0","gemstone_id":"0","customizable":"1","type_category":"physical","zerowaste":"0","postage_price":"1290.00","shop_order":"0","has_category":"1","landing_pages":null,"microdata":{"number":74,"category":""},"title":"Egyedi l\u00f3sz\u0151r kark\u00f6t\u0151 ","description":"H\u00e1rmas fon\u00e1ssal k\u00e9sz\u00fclt l\u00f3sz\u0151r kark\u00f6t\u0151, a saj\u00e1t lovad l\u00f3farok sz\u0151r\u00e9b\u0151l.\n\nA kark\u00f6t\u0151 elk\u00e9sz\u00edt\u00e9s\u00e9hez sz\u00fcks\u00e9gem lesz legal\u00e1bb 40 cm hossz\u00fa, kb. 1,5-2 cm \u00e1tm\u00e9r\u0151j\u0171 k\u00f6teg faroksz\u0151rre. (Fontos hogy sok egyforma hossz\u00fa sz\u00e1l legyen benne) Gumizd \u00f6ssze, hogy ne hulljon sz\u00e9t a tincs, mosd meg \u00e9s sz\u00e1r\u00edtsd meg elk\u00fcld\u00e9s el\u0151tt.\n\nA kark\u00f6t\u0151t ezzel a fon\u00e1si technik\u00e1val fogom elk\u00e9sz\u00edteni.\n\nSz\u00fcks\u00e9ges a csukl\u00f3 m\u00e9ret\u00e9t is meg adni, hogy pontosan illeszkedjen a kark\u00f6t\u0151.\n\nA l\u00f3sz\u0151rt megrendel\u00e9st k\u00f6vet\u0151en post\u00e1n tudod majd hozz\u00e1m eljuttatni.\n\nA sz\u0151rt k\u00e9zhez kapva elk\u00e9sz\u00edtem a kark\u00f6t\u0151t, majd biztons\u00e1gosan csomagolva post\u00e1zom neked.\n","score":0,"formatted_price":"5 500 Ft","image_url":"https:\/\/www.meska.hu\/img\/product\/small\/a\/r\/arikezmuvestara_product_744639_251116160120_466736.jpeg","formatted_url":"https:\/\/www.meska.hu\/p5670453-egyedi-loszor-karkoto","favourite":false,"in_stock":false,"avatar":"744639_avatar_1759864314.jpeg","delete_from":0,"is_enhanced_background":false,"is_enhanced":false,"product_selection_started":false,"is_active":true,"image_webp_url":"https:\/\/www.meska.hu\/img\/product\/small\/a\/r\/arikezmuvestara_product_744639_251116160120_466736.webp"},{"id":"4790422","shop_id":"40458","user_id":"562106","shop_name":"ZsannaDekor","shop_zip":"1142","product_code":"4954166","product_name_old":null,"product_name":"Any\u00e1k napi d\u00edsz","category_string":"Otthon & \u00c9letm\u00f3d, Dekor\u00e1ci\u00f3, Fali \u00e9s f\u00fcgg\u0151 dekor\u00e1ci\u00f3, Falra akaszthat\u00f3 dekor","technic_string":"Decoupage, transzfer \u00e9s szalv\u00e9tatechnika, Fon\u00e1s (csuh\u00e9, gy\u00e9k\u00e9ny, stb.)","category_1":"813","category_2":"314","category_3":"1470","category_4":"942","merged_category_1":"0","merged_category_2":"0","merged_category_3":"785","technic_1":"476","technic_2":"482","technic_3":"0","color_1":"515","color_2":"522","color_3":"0","product_description_old":null,"product_description":"Kedveskedj anyuk\u00e1dnak ezzel a vir\u00e1gos sz\u00edv d\u00edsszel \u00e9s mindig esz\u00e9be fogsz jutni ha csak r\u00e1n\u00e9z.\n\nFa alapra pap\u00edrfon\u00e1s technik\u00e1val k\u00e9sz\u00fclt a szeg\u00e9ly. K\u00f6z\u00e9pen viragokat transzfer\u00e1ltam.\n\nA sz\u00edv d\u00edsz 21x21 cm a sz\u00e9lesebb oldalakon m\u00e9rve.\n\nBP. 14.ker\u00fcletben szem\u00e9lyesen is \u00e1t tudom adni. ","price":"3000.00","unit":"db","recommended":"0","status":"1","sponsored":"0","exp_notify":"0","own_material":"0","own_material_description_old":null,"own_material_description":"","jury":"0","jury_number":"","product_nature":"","meskaracsony":"0","create_date":"2026-03-28 19:45:47","shelve_id":"0","image":"zsannadekor_product_562106_230413154335_470671.jpeg","image_width":"480","image_height":"640","image_alt":"Any\u00e1k napi d\u00edsz, Kedveskedj anyuk\u00e1dnak ezzel a vir\u00e1gos sz\u00edv d\u00edsszel \u00e9s mindig esz\u00e9be fogsz jutni ha csak r\u00e1n\u00e9z.\\n\\nFa a..., Meska","image_title":"Any\u00e1k napi d\u00edsz, Meska","view_count":"807","favourite_count":"0","trending_score":"0","last2MonthFavouriteCount":"0","promotion":"0","giftcard_accept":"0","creditcard_accept":false,"enhanced_background":"0","domain":"meska","specific_customer_id":null,"specific_customer_name":null,"to_order_product":"1","to_order_product_time":"10","product_different":null,"product_different_description":"","vintage":"0","vintage_category_id":"0","recycled":"1","gemstone_id":"0","customizable":"0","type_category":"physical","zerowaste":"1","postage_price":"1290.00","shop_order":"0","has_category":"1","landing_pages":null,"microdata":{"number":75,"category":""},"title":"Any\u00e1k napi d\u00edsz","description":"Kedveskedj anyuk\u00e1dnak ezzel a vir\u00e1gos sz\u00edv d\u00edsszel \u00e9s mindig esz\u00e9be fogsz jutni ha csak r\u00e1n\u00e9z.\n\nFa alapra pap\u00edrfon\u00e1s technik\u00e1val k\u00e9sz\u00fclt a szeg\u00e9ly. K\u00f6z\u00e9pen viragokat transzfer\u00e1ltam.\n\nA sz\u00edv d\u00edsz 21x21 cm a sz\u00e9lesebb oldalakon m\u00e9rve.\n\nBP. 14.ker\u00fcletben szem\u00e9lyesen is \u00e1t tudom adni. ","score":0,"formatted_price":"3 000 Ft","image_url":"https:\/\/www.meska.hu\/img\/product\/small\/z\/s\/zsannadekor_product_562106_230413154335_470671.jpeg","formatted_url":"https:\/\/www.meska.hu\/p4954166-anyak-napi-disz","favourite":false,"in_stock":false,"avatar":"ZsannaDekor_avatar_562106_1678138852.jpg","delete_from":0,"is_enhanced_background":false,"is_enhanced":false,"product_selection_started":false,"is_active":true,"image_webp_url":"https:\/\/www.meska.hu\/img\/product\/small\/z\/s\/zsannadekor_product_562106_230413154335_470671.webp"},{"id":"5196818","shop_id":"44050","user_id":"632992","shop_name":"MadiKosar","shop_zip":"4220","product_code":"5199723","product_name_old":null,"product_name":"H\u00fasv\u00e9ti kiskos\u00e1r gyerekeknek t\u00f6bb m\u00e9retben","category_string":"\u00dcnnepi d\u00edszek, dekor\u00e1ci\u00f3k, H\u00fasv\u00e9ti d\u00edszek \u00e9s dekor\u00e1ci\u00f3k, H\u00fasv\u00e9ti kos\u00e1r","technic_string":"Fon\u00e1s (csuh\u00e9, gy\u00e9k\u00e9ny, stb.)","category_1":"1803","category_2":"1806","category_3":"1818","category_4":"0","merged_category_1":null,"merged_category_2":null,"merged_category_3":null,"technic_1":"482","technic_2":"0","technic_3":"0","color_1":"514","color_2":"0","color_3":"0","product_description_old":null,"product_description":"H\u00fasv\u00e9ti Fonott Kiskos\u00e1r Gyerekeknek\n\nV\u00e1laszthat\u00f3 m\u00e9retek:\n9 x 7 (15) cm\n12 x 8 (16) cm\n15 x 9 (18) cm\n20 x 12 (24) cm\n\u00e1tm\u00e9r\u0151 x magass\u00e1g (f\u00fcllel)\n\n\u00dcnnepelj\u00e9tek a tavaszi \u00fcnnepeket ezen aranyos \u00e9s praktikus h\u00fasv\u00e9ti fonott kiskos\u00e1rral, mely kifejezetten gyerekek sz\u00e1m\u00e1ra k\u00e9sz\u00fclt. A sz\u00ednezetlen, term\u00e9szetes kivitel\u00e9nek k\u00f6sz\u00f6nhet\u0151en ez a kos\u00e1r t\u00f6k\u00e9letes v\u00e1laszt\u00e1s minden kis h\u00fasv\u00e9ti toj\u00e1s keres\u0151nek.\n\nKiv\u00e1l\u00f3 Min\u0151s\u00e9g\u0171 Fonott Anyag:\nA kiskos\u00e1r teljes eg\u00e9sz\u00e9ben fonott vessz\u0151b\u0151l k\u00e9sz\u00fclt, amely nemcsak tart\u00f3s, de eszt\u00e9tikailag is vonz\u00f3. A fonott r\u00e9szek k\u00fcl\u00f6nleges mint\u00e1zatot \u00e9s text\u00far\u00e1t k\u00f6lcs\u00f6n\u00f6znek a kos\u00e1rnak, amely m\u00e9g izgalmasabb\u00e1 teszi a h\u00fasv\u00e9ti toj\u00e1s keres\u00e9st.\n\nGyerekek Sz\u00e1m\u00e1ra Tervezve:\nA kiskos\u00e1r m\u00e9retei kifejezetten a kis k\u00e9zbe ill\u0151k, \u00edgy a gyerekek k\u00f6nnyed\u00e9n hordozhatj\u00e1k, mik\u00f6zben \u00f6r\u00f6mmel gy\u0171jtik a h\u00fasv\u00e9ti toj\u00e1sokat \u00e9s aj\u00e1nd\u00e9kokat. A k\u00e9nyelmes foganty\u00fak biztos\u00edtj\u00e1k, hogy a kicsik sz\u00e1m\u00e1ra k\u00f6nny\u0171 legyen kezelni.\n\nSz\u00ednezetlen Fel\u00fclet:\nA kos\u00e1r sz\u00ednezetlen fel\u00fclete lehet\u0151s\u00e9get ad a gyerekeknek, hogy saj\u00e1t kreativit\u00e1sukat beleadva d\u00edsz\u00edts\u00e9k azt. Filctollak, fest\u00e9kek vagy matric\u00e1k seg\u00edts\u00e9g\u00e9vel a kicsik szem\u00e9lyre szabhatj\u00e1k a kosarukat, \u00edgy egyedi \u00e9s sz\u00edvhez sz\u00f3l\u00f3 eml\u00e9keket k\u00e9sz\u00edthetnek.\n\nT\u00f6bb M\u00e9retben Kaphat\u00f3:\nA h\u00fasv\u00e9ti kaland minden gyermek sz\u00e1m\u00e1ra egyedi, \u00edgy a kiskos\u00e1r is az ig\u00e9nyekhez igazodva t\u00f6bb m\u00e9retben el\u00e9rhet\u0151. V\u00e1laszthatod a kisebb verzi\u00f3t a kisebbeknek vagy a nagyobbat, hogy m\u00e9g t\u00f6bb \u00f6r\u00f6m\u00f6t f\u00e9rjen el benne.\n\nPraktikus \u00e9s St\u00edlusos Kieg\u00e9sz\u00edt\u0151:\nEz a h\u00fasv\u00e9ti fonott kiskos\u00e1r nemcsak egy praktikus eszk\u00f6z a toj\u00e1sok gy\u0171jt\u00e9s\u00e9hez, hanem egyben st\u00edlusos kieg\u00e9sz\u00edt\u0151 is. A fonott design \u00e9s a gyerekek \u00e1ltal sz\u00ednezhet\u0151 fel\u00fclet egyar\u00e1nt gondoskodik arr\u00f3l, hogy a kiskos\u00e1r egyedi \u00e9s eml\u00e9kezetes r\u00e9sze legyen a h\u00fasv\u00e9ti \u00fcnnepl\u00e9snek.\n\nTeremts\u00e9tek meg a gyerekek sz\u00e1m\u00e1ra felejthetetlen \u00e9s sz\u00f3rakoztat\u00f3 h\u00fasv\u00e9ti \u00e9lm\u00e9nyeket ezen sz\u00ednezhet\u0151 fonott kiskos\u00e1rral, mely kiv\u00e1l\u00f3 v\u00e1laszt\u00e1s minden kis keres\u0151 sz\u00e1m\u00e1ra!","price":"2300.00","unit":"db","recommended":"0","status":"1","sponsored":"0","exp_notify":"0","own_material":"0","own_material_description_old":null,"own_material_description":"","jury":"0","jury_number":"","product_nature":"","meskaracsony":"0","create_date":"2026-03-27 22:25:37","shelve_id":"0","image":"madikosar_product_632992_240126092037_523541.jpeg","image_width":"480","image_height":"480","image_alt":"H\u00fasv\u00e9ti kiskos\u00e1r gyerekeknek t\u00f6bb m\u00e9retben, H\u00fasv\u00e9ti Fonott Kiskos\u00e1r Gyerekeknek\\n\\nV\u00e1laszthat\u00f3 m\u00e9retek:\\n9 x 7 (15) cm\\n12 x 8 (16) cm\\n15 x 9 (18) c..., Meska","image_title":"H\u00fasv\u00e9ti kiskos\u00e1r gyerekeknek t\u00f6bb m\u00e9retben, Meska","view_count":"4672","favourite_count":"6","trending_score":"0","last2MonthFavouriteCount":"3","promotion":"0","giftcard_accept":"0","creditcard_accept":true,"enhanced_background":"0","domain":"meska","specific_customer_id":null,"specific_customer_name":null,"to_order_product":"0","to_order_product_time":"0","product_different":null,"product_different_description":"","vintage":"0","vintage_category_id":"0","recycled":"0","gemstone_id":"0","customizable":"0","type_category":"physical","zerowaste":"0","postage_price":"1890.00","shop_order":"0","has_category":"1","landing_pages":null,"microdata":{"number":76,"category":""},"title":"H\u00fasv\u00e9ti kiskos\u00e1r gyerekeknek t\u00f6bb m\u00e9retben","description":"H\u00fasv\u00e9ti Fonott Kiskos\u00e1r Gyerekeknek\n\nV\u00e1laszthat\u00f3 m\u00e9retek:\n9 x 7 (15) cm\n12 x 8 (16) cm\n15 x 9 (18) cm\n20 x 12 (24) cm\n\u00e1tm\u00e9r\u0151 x magass\u00e1g (f\u00fcllel)\n\n\u00dcnnepelj\u00e9tek a tavaszi \u00fcnnepeket ezen aranyos \u00e9s praktikus h\u00fasv\u00e9ti fonott kiskos\u00e1rral, mely kifejezetten gyerekek sz\u00e1m\u00e1ra k\u00e9sz\u00fclt. A sz\u00ednezetlen, term\u00e9szetes kivitel\u00e9nek k\u00f6sz\u00f6nhet\u0151en ez a kos\u00e1r t\u00f6k\u00e9letes v\u00e1laszt\u00e1s minden kis h\u00fasv\u00e9ti toj\u00e1s keres\u0151nek.\n\nKiv\u00e1l\u00f3 Min\u0151s\u00e9g\u0171 Fonott Anyag:\nA kiskos\u00e1r teljes eg\u00e9sz\u00e9ben fonott vessz\u0151b\u0151l k\u00e9sz\u00fclt, amely nemcsak tart\u00f3s, de eszt\u00e9tikailag is vonz\u00f3. A fonott r\u00e9szek k\u00fcl\u00f6nleges mint\u00e1zatot \u00e9s text\u00far\u00e1t k\u00f6lcs\u00f6n\u00f6znek a kos\u00e1rnak, amely m\u00e9g izgalmasabb\u00e1 teszi a h\u00fasv\u00e9ti toj\u00e1s keres\u00e9st.\n\nGyerekek Sz\u00e1m\u00e1ra Tervezve:\nA kiskos\u00e1r m\u00e9retei kifejezetten a kis k\u00e9zbe ill\u0151k, \u00edgy a gyerekek k\u00f6nnyed\u00e9n hordozhatj\u00e1k, mik\u00f6zben \u00f6r\u00f6mmel gy\u0171jtik a h\u00fasv\u00e9ti toj\u00e1sokat \u00e9s aj\u00e1nd\u00e9kokat. A k\u00e9nyelmes foganty\u00fak biztos\u00edtj\u00e1k, hogy a kicsik sz\u00e1m\u00e1ra k\u00f6nny\u0171 legyen kezelni.\n\nSz\u00ednezetlen Fel\u00fclet:\nA kos\u00e1r sz\u00ednezetlen fel\u00fclete lehet\u0151s\u00e9get ad a gyerekeknek, hogy saj\u00e1t kreativit\u00e1sukat beleadva d\u00edsz\u00edts\u00e9k azt. Filctollak, fest\u00e9kek vagy matric\u00e1k seg\u00edts\u00e9g\u00e9vel a kicsik szem\u00e9lyre szabhatj\u00e1k a kosarukat, \u00edgy egyedi \u00e9s sz\u00edvhez sz\u00f3l\u00f3 eml\u00e9keket k\u00e9sz\u00edthetnek.\n\nT\u00f6bb M\u00e9retben Kaphat\u00f3:\nA h\u00fasv\u00e9ti kaland minden gyermek sz\u00e1m\u00e1ra egyedi, \u00edgy a kiskos\u00e1r is az ig\u00e9nyekhez igazodva t\u00f6bb m\u00e9retben el\u00e9rhet\u0151. V\u00e1laszthatod a kisebb verzi\u00f3t a kisebbeknek vagy a nagyobbat, hogy m\u00e9g t\u00f6bb \u00f6r\u00f6m\u00f6t f\u00e9rjen el benne.\n\nPraktikus \u00e9s St\u00edlusos Kieg\u00e9sz\u00edt\u0151:\nEz a h\u00fasv\u00e9ti fonott kiskos\u00e1r nemcsak egy praktikus eszk\u00f6z a toj\u00e1sok gy\u0171jt\u00e9s\u00e9hez, hanem egyben st\u00edlusos kieg\u00e9sz\u00edt\u0151 is. A fonott design \u00e9s a gyerekek \u00e1ltal sz\u00ednezhet\u0151 fel\u00fclet egyar\u00e1nt gondoskodik arr\u00f3l, hogy a kiskos\u00e1r egyedi \u00e9s eml\u00e9kezetes r\u00e9sze legyen a h\u00fasv\u00e9ti \u00fcnnepl\u00e9snek.\n\nTeremts\u00e9tek meg a gyerekek sz\u00e1m\u00e1ra felejthetetlen \u00e9s sz\u00f3rakoztat\u00f3 h\u00fasv\u00e9ti \u00e9lm\u00e9nyeket ezen sz\u00ednezhet\u0151 fonott kiskos\u00e1rral, mely kiv\u00e1l\u00f3 v\u00e1laszt\u00e1s minden kis keres\u0151 sz\u00e1m\u00e1ra!","score":0,"formatted_price":"2 300 Ft","image_url":"https:\/\/www.meska.hu\/img\/product\/small\/m\/a\/madikosar_product_632992_240126092037_523541.jpeg","formatted_url":"https:\/\/www.meska.hu\/p5199723-husveti-kiskosar-gyerekeknek-tobb-meretben","favourite":false,"in_stock":true,"avatar":"632992_avatar_1706179559.png","delete_from":0,"is_enhanced_background":false,"is_enhanced":false,"product_selection_started":false,"is_active":true,"image_webp_url":"https:\/\/www.meska.hu\/img\/product\/small\/m\/a\/madikosar_product_632992_240126092037_523541.webp"},{"id":"3479822","shop_id":"3748","user_id":"13545","shop_name":"bigibizsu","shop_zip":"2092","product_code":"4719967","product_name_old":null,"product_name":"Shell - Macrame kark\u00f6t\u0151 (csavart)","category_string":"\u00c9kszer, Kark\u00f6t\u0151, Fonott kark\u00f6t\u0151","technic_string":"Fon\u00e1s (csuh\u00e9, gy\u00e9k\u00e9ny, stb.)","category_1":"327","category_2":"333","category_3":"1232","category_4":"0","merged_category_1":null,"merged_category_2":null,"merged_category_3":null,"technic_1":"482","technic_2":"0","technic_3":"0","color_1":"519","color_2":"520","color_3":"528","product_description_old":null,"product_description":"Egyedi k\u00e9zzel k\u00e9sz\u00edtett ny\u00e0ri macrame kark\u00f6t\u0151\n\nM\u00e9rete \u00e1ll\u00edthat\u00f3, alap m\u00e9ret 15,5cm\n\nA kagyl\u00f3 m\u00e9rete cca. 2cm\n\nKark\u00f6t\u0151 sz\u00e9less\u00e9ge 6mm","price":"2990.00","unit":"db","recommended":"0","status":"1","sponsored":"0","exp_notify":"0","own_material":"0","own_material_description_old":null,"own_material_description":"","jury":"0","jury_number":"","product_nature":"","meskaracsony":"0","create_date":"2026-03-27 21:01:30","shelve_id":"8923","image":"bigibizsu_product_13545_220728113638_563667.jpeg","image_width":"480","image_height":"676","image_alt":"Shell - Macrame kark\u00f6t\u0151 (csavart), Egyedi k\u00e9zzel k\u00e9sz\u00edtett ny\u00e0ri macrame kark\u00f6t\u0151\\n\\nM\u00e9rete \u00e1ll\u00edthat\u00f3, alap m\u00e9ret 15,5cm\\n\\nA kagyl\u00f3 m\u00e9rete ..., Meska","image_title":"Shell - Macrame kark\u00f6t\u0151 (csavart), Meska","view_count":"973","favourite_count":"0","trending_score":"0","last2MonthFavouriteCount":"0","promotion":0,"giftcard_accept":"1","creditcard_accept":true,"enhanced_background":"0","domain":"meska","specific_customer_id":null,"specific_customer_name":null,"to_order_product":"0","to_order_product_time":"0","product_different":null,"product_different_description":"","vintage":"0","vintage_category_id":"0","recycled":"0","gemstone_id":"0","customizable":"0","type_category":"physical","zerowaste":"0","postage_price":"2390.00","shop_order":"0","has_category":"1","landing_pages":null,"microdata":{"number":77,"category":""},"title":"Shell - Macrame kark\u00f6t\u0151 (csavart)","description":"Egyedi k\u00e9zzel k\u00e9sz\u00edtett ny\u00e0ri macrame kark\u00f6t\u0151\n\nM\u00e9rete \u00e1ll\u00edthat\u00f3, alap m\u00e9ret 15,5cm\n\nA kagyl\u00f3 m\u00e9rete cca. 2cm\n\nKark\u00f6t\u0151 sz\u00e9less\u00e9ge 6mm","score":0,"formatted_price":"2 990 Ft","image_url":"https:\/\/www.meska.hu\/img\/product\/small\/b\/i\/bigibizsu_product_13545_220728113638_563667.jpeg","formatted_url":"https:\/\/www.meska.hu\/p4719967-shell-macrame-karkoto-csavart","favourite":false,"in_stock":true,"avatar":"bigibizsu_avatar_13545_1606254153.jpg","delete_from":0,"is_enhanced_background":false,"is_enhanced":false,"product_selection_started":false,"is_active":true,"image_webp_url":"https:\/\/www.meska.hu\/img\/product\/small\/b\/i\/bigibizsu_product_13545_220728113638_563667.webp"},{"id":"5750397","shop_id":"37757","user_id":"477010","shop_name":"DubaEmese","shop_zip":"5234","product_code":"5533898","product_name_old":null,"product_name":"Kis f\u00fcles kos\u00e1r toj\u00e1sgy\u0171jt\u00e9shez - K\u00e9zzel k\u00e9sz\u00edtett, egyedi diz\u00e1jn!","category_string":"T\u00e1ska & Tok, Kos\u00e1r","technic_string":"Fon\u00e1s (csuh\u00e9, gy\u00e9k\u00e9ny, stb.), Pap\u00edrm\u0171v\u00e9szet","category_1":"464","category_2":"466","category_3":"0","category_4":"0","merged_category_1":null,"merged_category_2":null,"merged_category_3":null,"technic_1":"482","technic_2":"497","technic_3":"0","color_1":"514","color_2":"529","color_3":"0","product_description_old":null,"product_description":"Ez a kis, de praktikus f\u00fcles kos\u00e1r t\u00f6k\u00e9letes v\u00e1laszt\u00e1s a toj\u00e1sgy\u0171jt\u00e9shez, kicsiknek piacra j\u00e1rni vagy ak\u00e1r dekor\u00e1ci\u00f3k\u00e9nt is. K\u00e9zzel k\u00e9sz\u00fclt, ig\u00e9nyes munk\u00e1val, hogy minden r\u00e9szlete t\u00f6k\u00e9letes legyen. Az al\u00e1bbiakban tal\u00e1lhatod a kos\u00e1r specifik\u00e1ci\u00f3it:\n\n\u00c1tm\u00e9r\u0151: 19 cm\nMagass\u00e1g: 7 cm\nF\u00fcl magass\u00e1ga: 25 cm\nAnyag: pap\u00edr\nEz a kis kos\u00e1r nemcsak praktikus, de a term\u00e9szetes, rusztikus megjelen\u00e9se otthonodba is var\u00e1zslatot csemp\u00e9sz. Kiv\u00e1l\u00f3 v\u00e1laszt\u00e1s toj\u00e1sgy\u0171jt\u00e9shez, de ak\u00e1r aj\u00e1nd\u00e9knak is remek!\n\nT\u00f6k\u00e9letes v\u00e1laszt\u00e1s:\n\nToj\u00e1sgy\u0171jt\u00e9shez\nPiacra s\u00e9t\u00e1hoz\nDekor\u00e1ci\u00f3s c\u00e9lokra\nAj\u00e1nd\u00e9knak\nHa egyedi, k\u00e9zzel k\u00e9sz\u00edtett darabot keresel, ez a kos\u00e1r ide\u00e1lis v\u00e1laszt\u00e1s! Azonnal el\u00e9rhet\u0151, rendelhet\u0151.","price":"4000.00","unit":"db","recommended":"0","status":"1","sponsored":"0","exp_notify":"0","own_material":"0","own_material_description_old":null,"own_material_description":"","jury":"0","jury_number":"","product_nature":"","meskaracsony":"0","create_date":"2026-03-26 23:33:19","shelve_id":"0","image":"dubaemese_product_477010_250331223953_771996.jpeg","image_width":"480","image_height":"640","image_alt":"Kis f\u00fcles kos\u00e1r toj\u00e1sgy\u0171jt\u00e9shez - K\u00e9zzel k\u00e9sz\u00edtett, egyedi diz\u00e1jn!, Ez a kis, de praktikus f\u00fcles kos\u00e1r t\u00f6k\u00e9letes v\u00e1laszt\u00e1s a toj\u00e1sgy\u0171jt\u00e9shez, kicsiknek piacra j\u00e1rni vag..., Meska","image_title":"Kis f\u00fcles kos\u00e1r toj\u00e1sgy\u0171jt\u00e9shez - K\u00e9zzel k\u00e9sz\u00edtett, egyedi diz\u00e1jn!, Meska","view_count":"498","favourite_count":"0","trending_score":"0","last2MonthFavouriteCount":"0","promotion":"0","giftcard_accept":"0","creditcard_accept":true,"enhanced_background":"0","domain":"meska","specific_customer_id":null,"specific_customer_name":null,"to_order_product":"0","to_order_product_time":"0","product_different":null,"product_different_description":"","vintage":"0","vintage_category_id":"0","recycled":"1","gemstone_id":"0","customizable":"0","type_category":"physical","zerowaste":"0","postage_price":"2390.00","shop_order":"4","has_category":"1","landing_pages":null,"microdata":{"number":78,"category":""},"title":"Kis f\u00fcles kos\u00e1r toj\u00e1sgy\u0171jt\u00e9shez - K\u00e9zzel k\u00e9sz\u00edtett, egyedi diz\u00e1jn!","description":"Ez a kis, de praktikus f\u00fcles kos\u00e1r t\u00f6k\u00e9letes v\u00e1laszt\u00e1s a toj\u00e1sgy\u0171jt\u00e9shez, kicsiknek piacra j\u00e1rni vagy ak\u00e1r dekor\u00e1ci\u00f3k\u00e9nt is. K\u00e9zzel k\u00e9sz\u00fclt, ig\u00e9nyes munk\u00e1val, hogy minden r\u00e9szlete t\u00f6k\u00e9letes legyen. Az al\u00e1bbiakban tal\u00e1lhatod a kos\u00e1r specifik\u00e1ci\u00f3it:\n\n\u00c1tm\u00e9r\u0151: 19 cm\nMagass\u00e1g: 7 cm\nF\u00fcl magass\u00e1ga: 25 cm\nAnyag: pap\u00edr\nEz a kis kos\u00e1r nemcsak praktikus, de a term\u00e9szetes, rusztikus megjelen\u00e9se otthonodba is var\u00e1zslatot csemp\u00e9sz. Kiv\u00e1l\u00f3 v\u00e1laszt\u00e1s toj\u00e1sgy\u0171jt\u00e9shez, de ak\u00e1r aj\u00e1nd\u00e9knak is remek!\n\nT\u00f6k\u00e9letes v\u00e1laszt\u00e1s:\n\nToj\u00e1sgy\u0171jt\u00e9shez\nPiacra s\u00e9t\u00e1hoz\nDekor\u00e1ci\u00f3s c\u00e9lokra\nAj\u00e1nd\u00e9knak\nHa egyedi, k\u00e9zzel k\u00e9sz\u00edtett darabot keresel, ez a kos\u00e1r ide\u00e1lis v\u00e1laszt\u00e1s! Azonnal el\u00e9rhet\u0151, rendelhet\u0151.","score":0,"formatted_price":"4 000 Ft","image_url":"https:\/\/www.meska.hu\/img\/product\/small\/d\/u\/dubaemese_product_477010_250331223953_771996.jpeg","formatted_url":"https:\/\/www.meska.hu\/p5533898-kis-fules-kosar-tojasgyujteshez-kezzel-keszitett-egyedi-dizajn","favourite":false,"in_stock":true,"avatar":"DubaEmese_avatar_477010_1655928193.jpeg","delete_from":0,"is_enhanced_background":false,"is_enhanced":false,"product_selection_started":false,"is_active":true,"image_webp_url":"https:\/\/www.meska.hu\/img\/product\/small\/d\/u\/dubaemese_product_477010_250331223953_771996.webp"},{"id":"5040750","shop_id":"99","user_id":"204","shop_name":"kezmuvesporta","shop_zip":"3176","product_code":"5109623","product_name_old":null,"product_name":"Kar\u00e1csonyi angyalka - csuh\u00e9angyal (3 db egy csomagban)","category_string":"Kar\u00e1csony, Kar\u00e1csonyi lak\u00e1sdekor\u00e1ci\u00f3, Kar\u00e1csonyfad\u00edszek","technic_string":"Fon\u00e1s (csuh\u00e9, gy\u00e9k\u00e9ny, stb.)","category_1":"319","category_2":"324","category_3":"323","category_4":"0","merged_category_1":"0","merged_category_2":"0","merged_category_3":"0","technic_1":"482","technic_2":"0","technic_3":"0","color_1":"515","color_2":"0","color_3":"0","product_description_old":null,"product_description":"Kar\u00e1csonyi angyalka, mely az\u00e9rt k\u00e9sz\u00fclt, hogy az \u00fcnnepekre \u00e9s ak\u00e1r a mindennapokra egy kis szeretetet, meghitts\u00e9get csemp\u00e9sszen be az otthonodba. D\u00edsz\u00edtheted vele a lak\u00e1sodat, kar\u00e1csonyf\u00e1dat vagy ak\u00e1r aj\u00e1nd\u00e9kba is adhatod.\n\n\nAz angyalka csuh\u00e9b\u00f3l lett fonva a haja meg kenderk\u00f3c.\nM\u00e9reteim: 10-12 cm magas vagyok \u00e9s kb. 10 cm a sz\u00e1rnyam. Nem tartalmaz ragaszt\u00f3t \u00e9s semmilyen egy\u00e9b k\u00e1ros anyagot.\n\nMivel egyedi k\u00e9zm\u0171ves term\u00e9kekr\u0151l van sz\u00f3, \u00edgy a term\u00e9kek vastags\u00e1ga \u00e9s sz\u00edne k\u00f6z\u00f6tt lehet minim\u00e1lis elt\u00e9r\u00e9s.","price":"2600.00","unit":"db","recommended":"0","status":"1","sponsored":"0","exp_notify":"0","own_material":"0","own_material_description_old":null,"own_material_description":"","jury":"0","jury_number":"","product_nature":"","meskaracsony":"0","create_date":"2026-03-26 09:28:06","shelve_id":"316","image":"kezmuvesporta_product_204_231024093236_135178.jpeg","image_width":"480","image_height":"720","image_alt":"Kar\u00e1csonyi angyalka - csuh\u00e9angyal (3 db egy csomagban), Kar\u00e1csonyi angyalka, mely az\u00e9rt k\u00e9sz\u00fclt, hogy az \u00fcnnepekre \u00e9s ak\u00e1r a mindennapokra egy kis szeretete..., Meska","image_title":"Kar\u00e1csonyi angyalka - csuh\u00e9angyal (3 db egy csomagban), Meska","view_count":"1308","favourite_count":"0","trending_score":"0","last2MonthFavouriteCount":"0","promotion":"0","giftcard_accept":"0","creditcard_accept":true,"enhanced_background":"0","domain":"meska","specific_customer_id":null,"specific_customer_name":null,"to_order_product":"0","to_order_product_time":"0","product_different":null,"product_different_description":"","vintage":"1","vintage_category_id":"885","recycled":"0","gemstone_id":"0","customizable":"0","type_category":"physical","zerowaste":"0","postage_price":"1290.00","shop_order":"0","has_category":"1","landing_pages":null,"microdata":{"number":79,"category":""},"title":"Kar\u00e1csonyi angyalka - csuh\u00e9angyal (3 db egy csomagban)","description":"Kar\u00e1csonyi angyalka, mely az\u00e9rt k\u00e9sz\u00fclt, hogy az \u00fcnnepekre \u00e9s ak\u00e1r a mindennapokra egy kis szeretetet, meghitts\u00e9get csemp\u00e9sszen be az otthonodba. D\u00edsz\u00edtheted vele a lak\u00e1sodat, kar\u00e1csonyf\u00e1dat vagy ak\u00e1r aj\u00e1nd\u00e9kba is adhatod.\n\n\nAz angyalka csuh\u00e9b\u00f3l lett fonva a haja meg kenderk\u00f3c.\nM\u00e9reteim: 10-12 cm magas vagyok \u00e9s kb. 10 cm a sz\u00e1rnyam. Nem tartalmaz ragaszt\u00f3t \u00e9s semmilyen egy\u00e9b k\u00e1ros anyagot.\n\nMivel egyedi k\u00e9zm\u0171ves term\u00e9kekr\u0151l van sz\u00f3, \u00edgy a term\u00e9kek vastags\u00e1ga \u00e9s sz\u00edne k\u00f6z\u00f6tt lehet minim\u00e1lis elt\u00e9r\u00e9s.","score":0,"formatted_price":"2 600 Ft","image_url":"https:\/\/www.meska.hu\/img\/product\/small\/k\/e\/kezmuvesporta_product_204_231024093236_135178.jpeg","formatted_url":"https:\/\/www.meska.hu\/p5109623-karacsonyi-angyalka-csuheangyal-3-db-egy-csomagban","favourite":false,"in_stock":true,"avatar":"kezmuvesporta_avatar_204_1601323895.jpg","delete_from":0,"is_enhanced_background":false,"is_enhanced":false,"product_selection_started":false,"is_active":true,"image_webp_url":"https:\/\/www.meska.hu\/img\/product\/small\/k\/e\/kezmuvesporta_product_204_231024093236_135178.webp"},{"id":"5872722","shop_id":"38745","user_id":"499886","shop_name":"Sasafonomuhelye","shop_zip":"2377","product_code":"5594880","product_name_old":null,"product_name":"Fonott irattart\u00f3 mappa pap\u00edrfon\u00e1ssal","category_string":"Otthon & \u00c9letm\u00f3d, T\u00e1rol\u00e1s & Rendszerez\u00e9s, T\u00e1rol\u00f3kos\u00e1r","technic_string":"Fon\u00e1s (csuh\u00e9, gy\u00e9k\u00e9ny, stb.)","category_1":"813","category_2":"426","category_3":"428","category_4":"0","merged_category_1":null,"merged_category_2":null,"merged_category_3":null,"technic_1":"482","technic_2":"0","technic_3":"0","color_1":"514","color_2":"0","color_3":"0","product_description_old":null,"product_description":"Pap\u00edrfon\u00e1ssal k\u00e9sz\u00fclt irattart\u00f3, egyedi k\u00e9zm\u0171ves term\u00e9k. Massz\u00edv, alkalmas egy\u00e9b iratok, foly\u00f3iratok, mapp\u00e1k t\u00e1rol\u00e1s\u00e1ra. Iskolakezd\u00e9s sor\u00e1n a tanul\u00f3sarok dekorat\u00edv d\u00edsze lehet \u00e9s egyben nagyon hasznos aj\u00e1nd\u00e9knak. Magass\u00e1g: 30,5-31 cm, sz\u00e9less\u00e9g: 10 cm, m\u00e9lys\u00e9g: 25 cm. Nedves szivaccsal tiszt\u00edthat\u00f3, portalan\u00edthat\u00f3.","price":"6000.00","unit":"db","recommended":"0","status":"1","sponsored":"0","exp_notify":"0","own_material":"0","own_material_description_old":null,"own_material_description":"","jury":"0","jury_number":"","product_nature":"","meskaracsony":"0","create_date":"2026-03-26 08:27:37","shelve_id":"73337","image":"sasafonomuhelye_product_499886_250729075719_642315.jpeg","image_width":"480","image_height":"853","image_alt":"Fonott irattart\u00f3 mappa pap\u00edrfon\u00e1ssal, Pap\u00edrfon\u00e1ssal k\u00e9sz\u00fclt irattart\u00f3, egyedi k\u00e9zm\u0171ves term\u00e9k. Massz\u00edv, alkalmas egy\u00e9b iratok, foly\u00f3iratok..., Meska","image_title":"Fonott irattart\u00f3 mappa pap\u00edrfon\u00e1ssal, Meska","view_count":"302","favourite_count":"0","trending_score":"0","last2MonthFavouriteCount":"0","promotion":"0","giftcard_accept":"0","creditcard_accept":true,"enhanced_background":"0","domain":"meska","specific_customer_id":null,"specific_customer_name":null,"to_order_product":"0","to_order_product_time":"0","product_different":null,"product_different_description":"","vintage":"0","vintage_category_id":"0","recycled":"1","gemstone_id":"0","customizable":"0","type_category":"physical","zerowaste":"0","postage_price":"1290.00","shop_order":"0","has_category":"1","landing_pages":null,"microdata":{"number":80,"category":""},"title":"Fonott irattart\u00f3 mappa pap\u00edrfon\u00e1ssal","description":"Pap\u00edrfon\u00e1ssal k\u00e9sz\u00fclt irattart\u00f3, egyedi k\u00e9zm\u0171ves term\u00e9k. Massz\u00edv, alkalmas egy\u00e9b iratok, foly\u00f3iratok, mapp\u00e1k t\u00e1rol\u00e1s\u00e1ra. Iskolakezd\u00e9s sor\u00e1n a tanul\u00f3sarok dekorat\u00edv d\u00edsze lehet \u00e9s egyben nagyon hasznos aj\u00e1nd\u00e9knak. Magass\u00e1g: 30,5-31 cm, sz\u00e9less\u00e9g: 10 cm, m\u00e9lys\u00e9g: 25 cm. Nedves szivaccsal tiszt\u00edthat\u00f3, portalan\u00edthat\u00f3.","score":0,"formatted_price":"6 000 Ft","image_url":"https:\/\/www.meska.hu\/img\/product\/small\/s\/a\/sasafonomuhelye_product_499886_250729075719_642315.jpeg","formatted_url":"https:\/\/www.meska.hu\/p5594880-fonott-irattarto-papirfonassal","favourite":false,"in_stock":true,"avatar":"499886_avatar_1693338005.jpeg","delete_from":0,"is_enhanced_background":false,"is_enhanced":false,"product_selection_started":false,"is_active":true,"image_webp_url":"https:\/\/www.meska.hu\/img\/product\/small\/s\/a\/sasafonomuhelye_product_499886_250729075719_642315.webp"},{"id":"3503472","shop_id":"33869","user_id":"437392","shop_name":"mesefolt","shop_zip":"9012","product_code":"4746812","product_name_old":null,"product_name":"Elaf\u00e1ntos ovis p\u00e1rna, elef\u00e1nt j\u00e1t\u00e9kfigur\u00e1val","category_string":"J\u00e1t\u00e9k & Sport, Ovis felszerel\u00e9s, Ovis p\u00e1rna, kisp\u00e1rna","technic_string":"Varr\u00e1s, Fon\u00e1s (csuh\u00e9, gy\u00e9k\u00e9ny, stb.)","category_1":"305","category_2":"909","category_3":"1494","category_4":"0","merged_category_1":"0","merged_category_2":"784","merged_category_3":"0","technic_1":"506","technic_2":"482","technic_3":"0","color_1":"532","color_2":"526","color_3":"534","product_description_old":null,"product_description":"A kisp\u00e1rna sz\u00ednes kis elef\u00e1ntokat \u00e1br\u00e1zol\u00f3 anyagb\u00f3l k\u00e9sz\u00fclt, amely t\u0171z\u00e9ssel d\u00edsz\u00edtett.\nAz elef\u00e1nt k\u00e9zzel varrt, filc applik\u00e1ci\u00f3val k\u00e9sz\u00fclt. Farkinc\u00e1ja k\u00f6t\u0151fonal.\nM\u00e9ret: p\u00e1rna: 30 cm x 40 cm; elef\u00e1nt: 19 cm sz\u00e9les, 16 cm magas.\nAnyaga: 100% pamutv\u00e1szon, vatelin, filc, k\u00f6t\u0151fonal.\nMos\u00e1s: 30\u00b0C -on, k\u00edm\u00e9l\u0151 programmal, sz\u00ednfog\u00f3 kend\u0151 haszn\u00e1lata aj\u00e1nlott. A p\u00e1rna anyag\u00f6sszet\u00e9tel, - mos\u00e1si, - vasal\u00e1si c\u00edmk\u00e9vel ell\u00e1tott.\n\nAj\u00e1nlom b\u00f6lcs\u00f6d\u00e9s, \u00e9s \u00f3vod\u00e1s kor\u00fa gyermekek r\u00e9sz\u00e9re.\n","price":"5900.00","unit":"db","recommended":"0","status":"1","sponsored":"0","exp_notify":"0","own_material":"0","own_material_description_old":null,"own_material_description":"","jury":"0","jury_number":"","product_nature":"","meskaracsony":"0","create_date":"2026-03-26 04:27:12","shelve_id":"66303","image":"mesefolt_product_437392_220813225021_60292.jpeg","image_width":"480","image_height":"360","image_alt":"Elaf\u00e1ntos ovis p\u00e1rna, elef\u00e1nt j\u00e1t\u00e9kfigur\u00e1val, A kisp\u00e1rna sz\u00ednes kis elef\u00e1ntokat \u00e1br\u00e1zol\u00f3 anyagb\u00f3l k\u00e9sz\u00fclt, amely t\u0171z\u00e9ssel d\u00edsz\u00edtett.\\nAz elef\u00e1nt k\u00e9..., Meska","image_title":"Elaf\u00e1ntos ovis p\u00e1rna, elef\u00e1nt j\u00e1t\u00e9kfigur\u00e1val, Meska","view_count":"1400","favourite_count":"0","trending_score":"0","last2MonthFavouriteCount":"0","promotion":"0","giftcard_accept":"0","creditcard_accept":true,"enhanced_background":"0","domain":"meska","specific_customer_id":null,"specific_customer_name":null,"to_order_product":"0","to_order_product_time":"0","product_different":null,"product_different_description":"","vintage":"0","vintage_category_id":"0","recycled":"0","gemstone_id":"0","customizable":"0","type_category":"physical","zerowaste":"0","postage_price":"1290.00","shop_order":"0","has_category":"1","landing_pages":null,"microdata":{"number":81,"category":""},"title":"Elaf\u00e1ntos ovis p\u00e1rna, elef\u00e1nt j\u00e1t\u00e9kfigur\u00e1val","description":"A kisp\u00e1rna sz\u00ednes kis elef\u00e1ntokat \u00e1br\u00e1zol\u00f3 anyagb\u00f3l k\u00e9sz\u00fclt, amely t\u0171z\u00e9ssel d\u00edsz\u00edtett.\nAz elef\u00e1nt k\u00e9zzel varrt, filc applik\u00e1ci\u00f3val k\u00e9sz\u00fclt. Farkinc\u00e1ja k\u00f6t\u0151fonal.\nM\u00e9ret: p\u00e1rna: 30 cm x 40 cm; elef\u00e1nt: 19 cm sz\u00e9les, 16 cm magas.\nAnyaga: 100% pamutv\u00e1szon, vatelin, filc, k\u00f6t\u0151fonal.\nMos\u00e1s: 30\u00b0C -on, k\u00edm\u00e9l\u0151 programmal, sz\u00ednfog\u00f3 kend\u0151 haszn\u00e1lata aj\u00e1nlott. A p\u00e1rna anyag\u00f6sszet\u00e9tel, - mos\u00e1si, - vasal\u00e1si c\u00edmk\u00e9vel ell\u00e1tott.\n\nAj\u00e1nlom b\u00f6lcs\u00f6d\u00e9s, \u00e9s \u00f3vod\u00e1s kor\u00fa gyermekek r\u00e9sz\u00e9re.\n","score":0,"formatted_price":"5 900 Ft","image_url":"https:\/\/www.meska.hu\/img\/product\/small\/m\/e\/mesefolt_product_437392_220813225021_60292.jpeg","formatted_url":"https:\/\/www.meska.hu\/p4746812-elafantos-ovis-parna-elefant-jatekfiguraval","favourite":false,"in_stock":true,"avatar":"mesefolt_avatar_437392_1625069053.png","delete_from":0,"is_enhanced_background":false,"is_enhanced":false,"product_selection_started":false,"is_active":true,"image_webp_url":"https:\/\/www.meska.hu\/img\/product\/small\/m\/e\/mesefolt_product_437392_220813225021_60292.webp"},{"id":"4804032","shop_id":"26841","user_id":"327178","shop_name":"gardonyilevendula","shop_zip":"2483","product_code":"4960915","product_name_old":null,"product_name":"Vir\u00e1gszed\u0151 kos\u00e1r- z\u00f6ld","category_string":"\u00dcnnepi d\u00edszek, dekor\u00e1ci\u00f3k, H\u00fasv\u00e9ti d\u00edszek \u00e9s dekor\u00e1ci\u00f3k, H\u00fasv\u00e9ti kos\u00e1r","technic_string":"Fon\u00e1s (csuh\u00e9, gy\u00e9k\u00e9ny, stb.)","category_1":"1818","category_2":"1803","category_3":"1806","category_4":"0","merged_category_1":"0","merged_category_2":"0","merged_category_3":"785","technic_1":"482","technic_2":"0","technic_3":"0","color_1":"529","color_2":"0","color_3":"0","product_description_old":null,"product_description":"Dekorat\u00edv \u00e9s praktikus\n\nFektetett vir\u00e1gszed\u0151 kos\u00e1r levendul\u00e1hoz vagy tulip\u00e1nhoz. Finom vintage jelleg\u0171 dekor\u00e1ci\u00f3 egy asztalon, kertben, teraszon, sz\u00e1r\u00edtott vir\u00e1ggal, levendul\u00e1val. Fot\u00f3z\u00e1si kell\u00e9knek szint\u00e9n j\u00f3 v\u00e1laszt\u00e1s.\n\nAj\u00e1nd\u00e9k \u00f6tlet\n\nV\u00e1laszd ezt a kosarat, \u00e9s szedj \u00f6ssze ebbe n\u00e9h\u00e1ny term\u00e9ket m\u00e9g, tegy\u00e9l mell\u00e9 egy sz\u00e1l vir\u00e1got, \u00e9s garant\u00e1lt lesz a siker. Teljesen egyedi, st\u00edlusos aj\u00e1nd\u00e9kkosarat var\u00e1zsolhatsz.\n\nMib\u0151l k\u00e9sz\u00fcl?\n\nK\u00f6rnyezetbar\u00e1t szeml\u00e9lettel v\u00e1logatjuk ki saj\u00e1t term\u00e9keinket \u00e9s alapanyagukat, \u00edgy ez sem lehet m\u00e1sk\u00e9pp. A kos\u00e1r festett, \u00fajrahasznos\u00edtott \u00fajs\u00e1gpap\u00edr anyagb\u00f3l k\u00e9sz\u00fclt, kos\u00e1rfon\u00e1ssal. Egyedi k\u00e9zm\u0171ves term\u00e9k.\n\nA G\u00e1rdonyi Levendula sz\u00fcretre k\u00e9sz\u00fclt eredetileg, k\u00f6rny\u00e9kbeli k\u00e9zm\u0171ves \u00f6sszefog\u00e1ssal. Nagy siker\u00e9re val\u00f3 tekintettel folyamatosan kaphat\u00f3.\n\nAz id\u0151j\u00e1r\u00e1sn\u00e1l m\u00e9rs\u00e9kelten ellen\u00e1ll, es\u0151n nem aj\u00e1nlott kint hagyni, mert eldeform\u00e1l\u00f3dhat.\nA feh\u00e9r \u00e9s vil\u00e1gos sz\u00ednen az \u00fajs\u00e1g mint\u00e1ja kicsit \u00e1t\u00fcthet, ezzel is a vintage jelleget er\u0151s\u00edti.\n1 db, m\u00e9rete 29*20*20 cm","price":"4800.00","unit":"db","recommended":"0","status":"1","sponsored":"0","exp_notify":"0","own_material":"0","own_material_description_old":null,"own_material_description":"","jury":"0","jury_number":"","product_nature":"","meskaracsony":"0","create_date":"2026-03-25 09:03:48","shelve_id":"58420","image":"gardonyilevendula_product_327178_230425140959_468499.jpeg","image_width":"480","image_height":"360","image_alt":"Vir\u00e1gszed\u0151 kos\u00e1r- z\u00f6ld, Dekorat\u00edv \u00e9s praktikus\\n\\nFektetett vir\u00e1gszed\u0151 kos\u00e1r levendul\u00e1hoz vagy tulip\u00e1nhoz. Finom vintage jelle..., Meska","image_title":"Vir\u00e1gszed\u0151 kos\u00e1r- z\u00f6ld, Meska","view_count":"1357","favourite_count":"0","trending_score":"0","last2MonthFavouriteCount":"0","promotion":"0","giftcard_accept":"0","creditcard_accept":true,"enhanced_background":"0","domain":"meska","specific_customer_id":null,"specific_customer_name":null,"to_order_product":"1","to_order_product_time":"3","product_different":null,"product_different_description":"","vintage":"0","vintage_category_id":"0","recycled":"1","gemstone_id":"0","customizable":"0","type_category":"physical","zerowaste":"1","postage_price":"1290.00","shop_order":"0","has_category":"1","landing_pages":null,"microdata":{"number":82,"category":""},"title":"Vir\u00e1gszed\u0151 kos\u00e1r- z\u00f6ld","description":"Dekorat\u00edv \u00e9s praktikus\n\nFektetett vir\u00e1gszed\u0151 kos\u00e1r levendul\u00e1hoz vagy tulip\u00e1nhoz. Finom vintage jelleg\u0171 dekor\u00e1ci\u00f3 egy asztalon, kertben, teraszon, sz\u00e1r\u00edtott vir\u00e1ggal, levendul\u00e1val. Fot\u00f3z\u00e1si kell\u00e9knek szint\u00e9n j\u00f3 v\u00e1laszt\u00e1s.\n\nAj\u00e1nd\u00e9k \u00f6tlet\n\nV\u00e1laszd ezt a kosarat, \u00e9s szedj \u00f6ssze ebbe n\u00e9h\u00e1ny term\u00e9ket m\u00e9g, tegy\u00e9l mell\u00e9 egy sz\u00e1l vir\u00e1got, \u00e9s garant\u00e1lt lesz a siker. Teljesen egyedi, st\u00edlusos aj\u00e1nd\u00e9kkosarat var\u00e1zsolhatsz.\n\nMib\u0151l k\u00e9sz\u00fcl?\n\nK\u00f6rnyezetbar\u00e1t szeml\u00e9lettel v\u00e1logatjuk ki saj\u00e1t term\u00e9keinket \u00e9s alapanyagukat, \u00edgy ez sem lehet m\u00e1sk\u00e9pp. A kos\u00e1r festett, \u00fajrahasznos\u00edtott \u00fajs\u00e1gpap\u00edr anyagb\u00f3l k\u00e9sz\u00fclt, kos\u00e1rfon\u00e1ssal. Egyedi k\u00e9zm\u0171ves term\u00e9k.\n\nA G\u00e1rdonyi Levendula sz\u00fcretre k\u00e9sz\u00fclt eredetileg, k\u00f6rny\u00e9kbeli k\u00e9zm\u0171ves \u00f6sszefog\u00e1ssal. Nagy siker\u00e9re val\u00f3 tekintettel folyamatosan kaphat\u00f3.\n\nAz id\u0151j\u00e1r\u00e1sn\u00e1l m\u00e9rs\u00e9kelten ellen\u00e1ll, es\u0151n nem aj\u00e1nlott kint hagyni, mert eldeform\u00e1l\u00f3dhat.\nA feh\u00e9r \u00e9s vil\u00e1gos sz\u00ednen az \u00fajs\u00e1g mint\u00e1ja kicsit \u00e1t\u00fcthet, ezzel is a vintage jelleget er\u0151s\u00edti.\n1 db, m\u00e9rete 29*20*20 cm","score":0,"formatted_price":"4 800 Ft","image_url":"https:\/\/www.meska.hu\/img\/product\/small\/g\/a\/gardonyilevendula_product_327178_230425140959_468499.jpeg","formatted_url":"https:\/\/www.meska.hu\/p4960915-viragszedo-kosar-zold","favourite":false,"in_stock":false,"avatar":"gardonyilevendula_avatar_327178_1666612331.jpg","delete_from":0,"is_enhanced_background":false,"is_enhanced":false,"product_selection_started":false,"is_active":true,"image_webp_url":"https:\/\/www.meska.hu\/img\/product\/small\/g\/a\/gardonyilevendula_product_327178_230425140959_468499.webp"},{"id":"3495556","shop_id":"34099","user_id":"443363","shop_name":"Existsdesign","shop_zip":"4002","product_code":"4589452","product_name_old":null,"product_name":"Rusztikus, vintage k\u00f6t\u00e9l csill\u00e1r, f\u00e9m csill\u00e1r","category_string":"Otthon & \u00c9letm\u00f3d, L\u00e1mpa, Mennyezeti l\u00e1mpa","technic_string":"F\u00e9mmegmunk\u00e1l\u00e1s, Fon\u00e1s (csuh\u00e9, gy\u00e9k\u00e9ny, stb.)","category_1":"813","category_2":"421","category_3":"687","category_4":"0","merged_category_1":"0","merged_category_2":"0","merged_category_3":"0","technic_1":"479","technic_2":"482","technic_3":"0","color_1":"515","color_2":"520","color_3":"0","product_description_old":null,"product_description":"Rusztikus, k\u00f6t\u00e9lb\u0151l \u00e9s hegesztett vasb\u00f3l k\u00e9sz\u00fclt csill\u00e1r.\n\nA k\u00e9pen l\u00e1that\u00f3 csill\u00e1r \u00e1tm\u00e9r\u0151je egyik \u00e9g\u0151t\u0151l a m\u00e1sikig 82 cm, teljes magass\u00e1ga 112 cm. Nagyobb vagy kisebb m\u00e9retben is el tudom k\u00e9sz\u00edteni. \n\nJ\u00e1r hozz\u00e1 6 db 420 lumen er\u0151ss\u00e9g\u0171, 2500 kelvines meleg f\u00e9ny\u0171, Edison st\u00edlus\u00fa izz\u00f3. Nagy teret is k\u00e9pes bevil\u00e1g\u00edtani, mivel \u00edgy \u00f6sszesen 2520 lumennek felel meg. A k\u00e9p nem adja vissza, de s\u00e1rg\u00e1s, r\u00e9gies, megnyugtat\u00f3 hat\u00e1s\u00fa a f\u00e9nye. Ig\u00e9ny szerint felszerelhetem szab\u00e1lyozhat\u00f3 er\u0151ss\u00e9g\u0171 izz\u00f3kkal \u00e9s f\u00e9nyer\u0151szab\u00e1lyz\u00f3val is. \nAz izz\u00f3k E14 foglalattal rendelkeznek, de \u00e1talak\u00edt\u00f3val, teh\u00e1t ha ezeket kicsavarjuk, akkor E27 foglalat is belemegy.\n\nA k\u00f6t\u00e9l sz\u00edne enyh\u00e9n elt\u00e9rhet a k\u00e9pen l\u00e1that\u00f3t\u00f3l, mivel itt egy nagyon r\u00e9gi lett felhaszn\u00e1lva, amelyik m\u00e1r megfakult.\nAz er\u0151s anyagoknak, \u00f6sszeszerel\u00e9snek k\u00f6sz\u00f6nhet\u0151en k\u00f6nnyen tiszt\u00edthat\u00f3. \n\nIde\u00e1lis d\u00edsze lehet nagyobb tereknek, ak\u00e1r kombin\u00e1lva \u00faj \u00e9s r\u00e9gi st\u00edlus\u00fa berendez\u00e9ssel. Olyan helys\u00e9gekben is alkalmazhat\u00f3, ahol rusztikus st\u00edlust szeretn\u00e9nek, viszont a plafon nem b\u00edrn\u00e1 el egy hasonl\u00f3 kov\u00e1csoltvas csill\u00e1r s\u00faly\u00e1t.\n\n","price":"168000.00","unit":"db","recommended":"0","status":"1","sponsored":"0","exp_notify":"0","own_material":"0","own_material_description_old":null,"own_material_description":"","jury":"0","jury_number":"","product_nature":"","meskaracsony":"0","create_date":"2026-03-24 14:16:47","shelve_id":"0","image":"rrdesign_product_443363_211208222051_134825.jpeg","image_width":"480","image_height":"640","image_alt":"Rusztikus, vintage k\u00f6t\u00e9l csill\u00e1r, f\u00e9m csill\u00e1r, Rusztikus, k\u00f6t\u00e9lb\u0151l \u00e9s hegesztett vasb\u00f3l k\u00e9sz\u00fclt csill\u00e1r.\\n\\nA k\u00e9pen l\u00e1that\u00f3 csill\u00e1r \u00e1tm\u00e9r\u0151je egyik \u00e9g..., Meska","image_title":"Rusztikus, vintage k\u00f6t\u00e9l csill\u00e1r, f\u00e9m csill\u00e1r, Meska","view_count":"4030","favourite_count":"0","trending_score":"0","last2MonthFavouriteCount":"0","promotion":"0","giftcard_accept":"0","creditcard_accept":true,"enhanced_background":"0","domain":"meska","specific_customer_id":null,"specific_customer_name":null,"to_order_product":"1","to_order_product_time":"60","product_different":null,"product_different_description":"","vintage":"0","vintage_category_id":"0","recycled":"0","gemstone_id":"0","customizable":"0","type_category":"physical","zerowaste":"0","postage_price":"8640.00","shop_order":"0","has_category":"1","landing_pages":null,"microdata":{"number":83,"category":""},"title":"Rusztikus, vintage k\u00f6t\u00e9l csill\u00e1r, f\u00e9m csill\u00e1r","description":"Rusztikus, k\u00f6t\u00e9lb\u0151l \u00e9s hegesztett vasb\u00f3l k\u00e9sz\u00fclt csill\u00e1r.\n\nA k\u00e9pen l\u00e1that\u00f3 csill\u00e1r \u00e1tm\u00e9r\u0151je egyik \u00e9g\u0151t\u0151l a m\u00e1sikig 82 cm, teljes magass\u00e1ga 112 cm. Nagyobb vagy kisebb m\u00e9retben is el tudom k\u00e9sz\u00edteni. \n\nJ\u00e1r hozz\u00e1 6 db 420 lumen er\u0151ss\u00e9g\u0171, 2500 kelvines meleg f\u00e9ny\u0171, Edison st\u00edlus\u00fa izz\u00f3. Nagy teret is k\u00e9pes bevil\u00e1g\u00edtani, mivel \u00edgy \u00f6sszesen 2520 lumennek felel meg. A k\u00e9p nem adja vissza, de s\u00e1rg\u00e1s, r\u00e9gies, megnyugtat\u00f3 hat\u00e1s\u00fa a f\u00e9nye. Ig\u00e9ny szerint felszerelhetem szab\u00e1lyozhat\u00f3 er\u0151ss\u00e9g\u0171 izz\u00f3kkal \u00e9s f\u00e9nyer\u0151szab\u00e1lyz\u00f3val is. \nAz izz\u00f3k E14 foglalattal rendelkeznek, de \u00e1talak\u00edt\u00f3val, teh\u00e1t ha ezeket kicsavarjuk, akkor E27 foglalat is belemegy.\n\nA k\u00f6t\u00e9l sz\u00edne enyh\u00e9n elt\u00e9rhet a k\u00e9pen l\u00e1that\u00f3t\u00f3l, mivel itt egy nagyon r\u00e9gi lett felhaszn\u00e1lva, amelyik m\u00e1r megfakult.\nAz er\u0151s anyagoknak, \u00f6sszeszerel\u00e9snek k\u00f6sz\u00f6nhet\u0151en k\u00f6nnyen tiszt\u00edthat\u00f3. \n\nIde\u00e1lis d\u00edsze lehet nagyobb tereknek, ak\u00e1r kombin\u00e1lva \u00faj \u00e9s r\u00e9gi st\u00edlus\u00fa berendez\u00e9ssel. Olyan helys\u00e9gekben is alkalmazhat\u00f3, ahol rusztikus st\u00edlust szeretn\u00e9nek, viszont a plafon nem b\u00edrn\u00e1 el egy hasonl\u00f3 kov\u00e1csoltvas csill\u00e1r s\u00faly\u00e1t.\n\n","score":0,"formatted_price":"168 000 Ft","image_url":"https:\/\/www.meska.hu\/img\/product\/small\/r\/r\/rrdesign_product_443363_211208222051_134825.jpeg","formatted_url":"https:\/\/www.meska.hu\/p4589452-rusztikus-vintage-kotel-csillar-fem-csillar","favourite":false,"in_stock":false,"avatar":"RRdesign_avatar_443363_1673113735.jpg","delete_from":0,"is_enhanced_background":false,"is_enhanced":false,"product_selection_started":false,"is_active":true,"image_webp_url":"https:\/\/www.meska.hu\/img\/product\/small\/r\/r\/rrdesign_product_443363_211208222051_134825.webp"},{"id":"6054351","shop_id":"24301","user_id":"276546","shop_name":"RePorta","shop_zip":"8474","product_code":"5693219","product_name_old":null,"product_name":"Csuh\u00e9 angyalk\u00e1k","category_string":"Kar\u00e1csony, Kar\u00e1csonyi lak\u00e1sdekor\u00e1ci\u00f3, Kar\u00e1csonyfad\u00edszek","technic_string":"Fon\u00e1s (csuh\u00e9, gy\u00e9k\u00e9ny, stb.)","category_1":"319","category_2":"324","category_3":"323","category_4":"0","merged_category_1":null,"merged_category_2":null,"merged_category_3":null,"technic_1":"482","technic_2":"0","technic_3":"0","color_1":"515","color_2":"0","color_3":"0","product_description_old":null,"product_description":"Saj\u00e1t gazdas\u00e1gunkban vegyszermentes termesztett kukoric\u00e1ink level\u00e9b\u0151l form\u00e1lt kar\u00e1csonyi d\u00edsz. \n","price":"4200.00","unit":"db","recommended":"0","status":"1","sponsored":"0","exp_notify":"0","own_material":"0","own_material_description_old":null,"own_material_description":"","jury":"0","jury_number":"","product_nature":"","meskaracsony":"0","create_date":"2026-03-24 12:14:59","shelve_id":"0","image":"reporta_product_276546_211120095600_50280.jpeg","image_width":"480","image_height":"642","image_alt":"Csuh\u00e9 angyalk\u00e1k, Saj\u00e1t gazdas\u00e1gunkban vegyszermentes termesztett kukoric\u00e1ink level\u00e9b\u0151l form\u00e1lt kar\u00e1csonyi d\u00edsz. \\n..., Meska","image_title":"Csuh\u00e9 angyalk\u00e1k, Meska","view_count":"133","favourite_count":"0","trending_score":"0","last2MonthFavouriteCount":"0","promotion":"0","giftcard_accept":"0","creditcard_accept":false,"enhanced_background":"0","domain":"meska","specific_customer_id":null,"specific_customer_name":null,"to_order_product":"1","to_order_product_time":"10","product_different":null,"product_different_description":"","vintage":"0","vintage_category_id":"0","recycled":"0","gemstone_id":"0","customizable":"0","type_category":"physical","zerowaste":"0","postage_price":"2390.00","shop_order":"0","has_category":"1","landing_pages":null,"microdata":{"number":84,"category":""},"title":"Csuh\u00e9 angyalk\u00e1k","description":"Saj\u00e1t gazdas\u00e1gunkban vegyszermentes termesztett kukoric\u00e1ink level\u00e9b\u0151l form\u00e1lt kar\u00e1csonyi d\u00edsz. \n","score":0,"formatted_price":"4 200 Ft","image_url":"https:\/\/www.meska.hu\/img\/product\/small\/r\/e\/reporta_product_276546_211120095600_50280.jpeg","formatted_url":"https:\/\/www.meska.hu\/p5693219-csuhe-angyal","favourite":false,"in_stock":false,"avatar":"RePorta_avatar_276546_1511173483.jpg","delete_from":0,"is_enhanced_background":false,"is_enhanced":false,"product_selection_started":false,"is_active":true,"image_webp_url":"https:\/\/www.meska.hu\/img\/product\/small\/r\/e\/reporta_product_276546_211120095600_50280.webp"},{"id":"4804014","shop_id":"26841","user_id":"327178","shop_name":"gardonyilevendula","shop_zip":"2483","product_code":"4960911","product_name_old":null,"product_name":"Vir\u00e1gszed\u0151 kos\u00e1r- r\u00f3zsasz\u00edn","category_string":"\u00dcnnepi d\u00edszek, dekor\u00e1ci\u00f3k, H\u00fasv\u00e9ti d\u00edszek \u00e9s dekor\u00e1ci\u00f3k, H\u00fasv\u00e9ti kos\u00e1r","technic_string":"Fon\u00e1s (csuh\u00e9, gy\u00e9k\u00e9ny, stb.)","category_1":"1818","category_2":"1803","category_3":"1806","category_4":"0","merged_category_1":"0","merged_category_2":"0","merged_category_3":"785","technic_1":"482","technic_2":"0","technic_3":"0","color_1":"525","color_2":"0","color_3":"0","product_description_old":null,"product_description":"Dekorat\u00edv \u00e9s praktikus\n\nFektetett vir\u00e1gszed\u0151 kos\u00e1r levendul\u00e1hoz vagy tulip\u00e1nhoz. Finom vintage jelleg\u0171 dekor\u00e1ci\u00f3 egy asztalon, kertben, teraszon, sz\u00e1r\u00edtott vir\u00e1ggal, levendul\u00e1val. Fot\u00f3z\u00e1si kell\u00e9knek szint\u00e9n j\u00f3 v\u00e1laszt\u00e1s.\n\nAj\u00e1nd\u00e9k \u00f6tlet\n\nV\u00e1laszd ezt a kosarat, \u00e9s szedj \u00f6ssze ebbe n\u00e9h\u00e1ny term\u00e9ket m\u00e9g, tegy\u00e9l mell\u00e9 egy sz\u00e1l vir\u00e1got, \u00e9s garant\u00e1lt lesz a siker. Teljesen egyedi, st\u00edlusos aj\u00e1nd\u00e9kkosarat var\u00e1zsolhatsz.\n\nMib\u0151l k\u00e9sz\u00fcl?\n\nK\u00f6rnyezetbar\u00e1t szeml\u00e9lettel v\u00e1logatjuk ki saj\u00e1t term\u00e9keinket \u00e9s alapanyagukat, \u00edgy ez sem lehet m\u00e1sk\u00e9pp. A kos\u00e1r festett, \u00fajrahasznos\u00edtott \u00fajs\u00e1gpap\u00edr anyagb\u00f3l k\u00e9sz\u00fclt, kos\u00e1rfon\u00e1ssal. Egyedi k\u00e9zm\u0171ves term\u00e9k.\n\nA G\u00e1rdonyi Levendula sz\u00fcretre k\u00e9sz\u00fclt eredetileg, k\u00f6rny\u00e9kbeli k\u00e9zm\u0171ves \u00f6sszefog\u00e1ssal. Nagy siker\u00e9re val\u00f3 tekintettel folyamatosan kaphat\u00f3.\n\nAz id\u0151j\u00e1r\u00e1sn\u00e1l m\u00e9rs\u00e9kelten ellen\u00e1ll, es\u0151n nem aj\u00e1nlott kint hagyni, mert eldeform\u00e1l\u00f3dhat.\nA feh\u00e9r \u00e9s vil\u00e1gos sz\u00ednen az \u00fajs\u00e1g mint\u00e1ja kicsit \u00e1t\u00fcthet, ezzel is a vintage jelleget er\u0151s\u00edti.\n1 db, m\u00e9rete 29*20*20 cm","price":"4800.00","unit":"db","recommended":"0","status":"1","sponsored":"0","exp_notify":"0","own_material":"0","own_material_description_old":null,"own_material_description":"","jury":"0","jury_number":"","product_nature":"","meskaracsony":"0","create_date":"2026-03-24 02:11:54","shelve_id":"58420","image":"gardonyilevendula_product_327178_230425140234_47991.jpeg","image_width":"480","image_height":"360","image_alt":"Vir\u00e1gszed\u0151 kos\u00e1r- r\u00f3zsasz\u00edn, Dekorat\u00edv \u00e9s praktikus\\n\\nFektetett vir\u00e1gszed\u0151 kos\u00e1r levendul\u00e1hoz vagy tulip\u00e1nhoz. Finom vintage jelle..., Meska","image_title":"Vir\u00e1gszed\u0151 kos\u00e1r- r\u00f3zsasz\u00edn, Meska","view_count":"1569","favourite_count":"0","trending_score":"0","last2MonthFavouriteCount":"0","promotion":"0","giftcard_accept":"0","creditcard_accept":true,"enhanced_background":"0","domain":"meska","specific_customer_id":null,"specific_customer_name":null,"to_order_product":"1","to_order_product_time":"2","product_different":null,"product_different_description":"","vintage":"0","vintage_category_id":"0","recycled":"1","gemstone_id":"0","customizable":"0","type_category":"physical","zerowaste":"1","postage_price":"1290.00","shop_order":"0","has_category":"1","landing_pages":"Ballag\u00e1si aj\u00e1nd\u00e9kok \u00e9s kieg\u00e9sz\u00edt\u0151k","microdata":{"number":85,"category":""},"title":"Vir\u00e1gszed\u0151 kos\u00e1r- r\u00f3zsasz\u00edn","description":"Dekorat\u00edv \u00e9s praktikus\n\nFektetett vir\u00e1gszed\u0151 kos\u00e1r levendul\u00e1hoz vagy tulip\u00e1nhoz. Finom vintage jelleg\u0171 dekor\u00e1ci\u00f3 egy asztalon, kertben, teraszon, sz\u00e1r\u00edtott vir\u00e1ggal, levendul\u00e1val. Fot\u00f3z\u00e1si kell\u00e9knek szint\u00e9n j\u00f3 v\u00e1laszt\u00e1s.\n\nAj\u00e1nd\u00e9k \u00f6tlet\n\nV\u00e1laszd ezt a kosarat, \u00e9s szedj \u00f6ssze ebbe n\u00e9h\u00e1ny term\u00e9ket m\u00e9g, tegy\u00e9l mell\u00e9 egy sz\u00e1l vir\u00e1got, \u00e9s garant\u00e1lt lesz a siker. Teljesen egyedi, st\u00edlusos aj\u00e1nd\u00e9kkosarat var\u00e1zsolhatsz.\n\nMib\u0151l k\u00e9sz\u00fcl?\n\nK\u00f6rnyezetbar\u00e1t szeml\u00e9lettel v\u00e1logatjuk ki saj\u00e1t term\u00e9keinket \u00e9s alapanyagukat, \u00edgy ez sem lehet m\u00e1sk\u00e9pp. A kos\u00e1r festett, \u00fajrahasznos\u00edtott \u00fajs\u00e1gpap\u00edr anyagb\u00f3l k\u00e9sz\u00fclt, kos\u00e1rfon\u00e1ssal. Egyedi k\u00e9zm\u0171ves term\u00e9k.\n\nA G\u00e1rdonyi Levendula sz\u00fcretre k\u00e9sz\u00fclt eredetileg, k\u00f6rny\u00e9kbeli k\u00e9zm\u0171ves \u00f6sszefog\u00e1ssal. Nagy siker\u00e9re val\u00f3 tekintettel folyamatosan kaphat\u00f3.\n\nAz id\u0151j\u00e1r\u00e1sn\u00e1l m\u00e9rs\u00e9kelten ellen\u00e1ll, es\u0151n nem aj\u00e1nlott kint hagyni, mert eldeform\u00e1l\u00f3dhat.\nA feh\u00e9r \u00e9s vil\u00e1gos sz\u00ednen az \u00fajs\u00e1g mint\u00e1ja kicsit \u00e1t\u00fcthet, ezzel is a vintage jelleget er\u0151s\u00edti.\n1 db, m\u00e9rete 29*20*20 cm","score":0,"formatted_price":"4 800 Ft","image_url":"https:\/\/www.meska.hu\/img\/product\/small\/g\/a\/gardonyilevendula_product_327178_230425140234_47991.jpeg","formatted_url":"https:\/\/www.meska.hu\/p4960911-viragszedo-kosar-rozsaszin","favourite":false,"in_stock":false,"avatar":"gardonyilevendula_avatar_327178_1666612331.jpg","delete_from":0,"is_enhanced_background":false,"is_enhanced":false,"product_selection_started":false,"is_active":true,"image_webp_url":"https:\/\/www.meska.hu\/img\/product\/small\/g\/a\/gardonyilevendula_product_327178_230425140234_47991.webp"},{"id":"1934632","shop_id":"9308","user_id":"48150","shop_name":"babujka","shop_zip":"3980","product_code":"4722279","product_name_old":null,"product_name":"Horgolt kos\u00e1rka p\u00f3l\u00f3fonalb\u00f3l","category_string":"Otthon & \u00c9letm\u00f3d, T\u00e1rol\u00e1s & Rendszerez\u00e9s, T\u00e1rol\u00f3kos\u00e1r","technic_string":"Horgol\u00e1s, Fon\u00e1s (csuh\u00e9, gy\u00e9k\u00e9ny, stb.)","category_1":"813","category_2":"426","category_3":"428","category_4":"0","merged_category_1":null,"merged_category_2":null,"merged_category_3":null,"technic_1":"488","technic_2":"482","technic_3":"0","color_1":"519","color_2":"521","color_3":"527","product_description_old":null,"product_description":"S\u00f6t\u00e9tk\u00e9k, feh\u00e9r \u00e9s sz\u00fcrke, saj\u00e1t k\u00e9sz\u00edt\u00e9s\u0171 p\u00f3l\u00f3fonalb\u00f3l horgolt kos\u00e1rka. \n\nAlapja k\u00f6r, ennek az \u00e1tm\u00e9r\u0151je kb. 17 cm. A kos\u00e1rka magass\u00e1ga 8 cm. \n\nMivel sz\u00ednei a s\u00f6t\u00e9tk\u00e9k, feh\u00e9r, sz\u00fcrke, ez\u00e9rt nagyszer\u0171 \u00e9s hasznos d\u00edsze lehet egy fi\u00fagyermek szob\u00e1j\u00e1nak is. Kit\u0171n\u0151en passzol a matr\u00f3z\/tenger\u00e9sz st\u00edlushoz. \n\n\u00c9n a kedvenc term\u00e9semet, tobozokat tettem bele, de tarthat\u00f3 benne kisaut\u00f3, kulcscsom\u00f3, b\u00e1rmi. \n\nD\u00edsz\u00edt\u00e9sre a saj\u00e1t k\u00e9sz\u00edt\u00e9s\u0171, szint\u00e9n p\u00f3l\u00f3fonalb\u00f3l k\u00e9sz\u00fclt fonatot haszn\u00e1ltam. \n\nPost\u00e1z\u00e1si k\u00f6lts\u00e9gek t\u00e1j\u00e9koztat\u00f3 jelleg\u0171ek. \n\nK\u00f6sz\u00f6n\u00f6m, hogy ben\u00e9zt\u00e9l boltomba!","price":"3500.00","unit":"db","recommended":"0","status":"1","sponsored":"0","exp_notify":"0","own_material":"0","own_material_description_old":null,"own_material_description":"","jury":"0","jury_number":"","product_nature":"","meskaracsony":"0","create_date":"2026-03-23 19:47:31","shelve_id":"0","image":"babujka_product_48150_180419144530_049649.jpeg","image_width":"480","image_height":"360","image_alt":"Horgolt kos\u00e1rka p\u00f3l\u00f3fonalb\u00f3l, S\u00f6t\u00e9tk\u00e9k, feh\u00e9r \u00e9s sz\u00fcrke, saj\u00e1t k\u00e9sz\u00edt\u00e9s\u0171 p\u00f3l\u00f3fonalb\u00f3l horgolt kos\u00e1rka. \\n\\nAlapja k\u00f6r, ennek az \u00e1tm\u00e9..., Meska","image_title":"Horgolt kos\u00e1rka p\u00f3l\u00f3fonalb\u00f3l, Meska","view_count":"1121","favourite_count":"0","trending_score":"0","last2MonthFavouriteCount":"0","promotion":"0","giftcard_accept":"1","creditcard_accept":false,"enhanced_background":"0","domain":"meska","specific_customer_id":null,"specific_customer_name":null,"to_order_product":"0","to_order_product_time":"0","product_different":null,"product_different_description":"","vintage":"0","vintage_category_id":"0","recycled":"0","gemstone_id":"0","customizable":"0","type_category":"physical","zerowaste":"0","postage_price":"1290.00","shop_order":"0","has_category":"1","landing_pages":null,"microdata":{"number":86,"category":""},"title":"Horgolt kos\u00e1rka p\u00f3l\u00f3fonalb\u00f3l","description":"S\u00f6t\u00e9tk\u00e9k, feh\u00e9r \u00e9s sz\u00fcrke, saj\u00e1t k\u00e9sz\u00edt\u00e9s\u0171 p\u00f3l\u00f3fonalb\u00f3l horgolt kos\u00e1rka. \n\nAlapja k\u00f6r, ennek az \u00e1tm\u00e9r\u0151je kb. 17 cm. A kos\u00e1rka magass\u00e1ga 8 cm. \n\nMivel sz\u00ednei a s\u00f6t\u00e9tk\u00e9k, feh\u00e9r, sz\u00fcrke, ez\u00e9rt nagyszer\u0171 \u00e9s hasznos d\u00edsze lehet egy fi\u00fagyermek szob\u00e1j\u00e1nak is. Kit\u0171n\u0151en passzol a matr\u00f3z\/tenger\u00e9sz st\u00edlushoz. \n\n\u00c9n a kedvenc term\u00e9semet, tobozokat tettem bele, de tarthat\u00f3 benne kisaut\u00f3, kulcscsom\u00f3, b\u00e1rmi. \n\nD\u00edsz\u00edt\u00e9sre a saj\u00e1t k\u00e9sz\u00edt\u00e9s\u0171, szint\u00e9n p\u00f3l\u00f3fonalb\u00f3l k\u00e9sz\u00fclt fonatot haszn\u00e1ltam. \n\nPost\u00e1z\u00e1si k\u00f6lts\u00e9gek t\u00e1j\u00e9koztat\u00f3 jelleg\u0171ek. \n\nK\u00f6sz\u00f6n\u00f6m, hogy ben\u00e9zt\u00e9l boltomba!","score":0,"formatted_price":"3 500 Ft","image_url":"https:\/\/www.meska.hu\/img\/product\/small\/b\/a\/babujka_product_48150_180419144530_049649.jpeg","formatted_url":"https:\/\/www.meska.hu\/p4722279-horgolt-kosarka-polofonalbol","favourite":false,"in_stock":true,"avatar":"48150_avatar_1761687203.jpeg","delete_from":0,"is_enhanced_background":false,"is_enhanced":false,"product_selection_started":false,"is_active":true,"image_webp_url":"https:\/\/www.meska.hu\/img\/product\/small\/b\/a\/babujka_product_48150_180419144530_049649.webp"},{"id":"5914284","shop_id":"24301","user_id":"276546","shop_name":"RePorta","shop_zip":"8474","product_code":"5616552","product_name_old":null,"product_name":"\"H\u00e1rman\"  meghitt betlehemi pillanat ","category_string":"Kar\u00e1csony, Adventi d\u00edszek, Adventi asztald\u00edsz","technic_string":"Fon\u00e1s (csuh\u00e9, gy\u00e9k\u00e9ny, stb.)","category_1":"319","category_2":"1285","category_3":"1287","category_4":"0","merged_category_1":null,"merged_category_2":null,"merged_category_3":null,"technic_1":"482","technic_2":"0","technic_3":"0","color_1":"514","color_2":"515","color_3":"516","product_description_old":null,"product_description":"Meghitt betlehemi pillanat saj\u00e1t termeszt\u00e9s\u0171 kukoricacsuh\u00e9, vessz\u0151 \u00e9s fa felhaszn\u00e1l\u00e1s\u00e1val.\nM\u00e9rete: 25x13cm\nA k\u00e9pt\u0151l apr\u00f3, elt\u00e9r\u0151 r\u00e9szletek lehets\u00e9gesek a k\u00e9zzel k\u00e9sz\u00fcl\u0151 alkot\u00e1sokn\u00e1l.","price":"5400.00","unit":"db","recommended":"0","status":"1","sponsored":"0","exp_notify":"0","own_material":"0","own_material_description_old":null,"own_material_description":"","jury":"0","jury_number":"","product_nature":"","meskaracsony":"0","create_date":"2026-03-23 13:06:17","shelve_id":"0","image":"reporta_product_276546_250908105647_158376.jpeg","image_width":"480","image_height":"720","image_alt":"\\\"H\u00e1rman\\\"  meghitt betlehemi pillanat , Meghitt betlehemi pillanat saj\u00e1t termeszt\u00e9s\u0171 kukoricacsuh\u00e9, vessz\u0151 \u00e9s fa felhaszn\u00e1l\u00e1s\u00e1val.\\nM\u00e9rete: 2..., Meska","image_title":"\\\"H\u00e1rman\\\"  meghitt betlehemi pillanat , Meska","view_count":"162","favourite_count":"0","trending_score":"0","last2MonthFavouriteCount":"0","promotion":"0","giftcard_accept":"0","creditcard_accept":false,"enhanced_background":"0","domain":"meska","specific_customer_id":null,"specific_customer_name":null,"to_order_product":"1","to_order_product_time":"20","product_different":null,"product_different_description":"","vintage":"0","vintage_category_id":"0","recycled":"1","gemstone_id":"0","customizable":"0","type_category":"physical","zerowaste":"0","postage_price":"2390.00","shop_order":"0","has_category":"1","landing_pages":null,"microdata":{"number":87,"category":""},"title":"\"H\u00e1rman\"  meghitt betlehemi pillanat ","description":"Meghitt betlehemi pillanat saj\u00e1t termeszt\u00e9s\u0171 kukoricacsuh\u00e9, vessz\u0151 \u00e9s fa felhaszn\u00e1l\u00e1s\u00e1val.\nM\u00e9rete: 25x13cm\nA k\u00e9pt\u0151l apr\u00f3, elt\u00e9r\u0151 r\u00e9szletek lehets\u00e9gesek a k\u00e9zzel k\u00e9sz\u00fcl\u0151 alkot\u00e1sokn\u00e1l.","score":0,"formatted_price":"5 400 Ft","image_url":"https:\/\/www.meska.hu\/img\/product\/small\/r\/e\/reporta_product_276546_250908105647_158376.jpeg","formatted_url":"https:\/\/www.meska.hu\/p5616552-harman-meghitt-betlehemi-pillanat","favourite":false,"in_stock":false,"avatar":"RePorta_avatar_276546_1511173483.jpg","delete_from":0,"is_enhanced_background":false,"is_enhanced":false,"product_selection_started":false,"is_active":true,"image_webp_url":"https:\/\/www.meska.hu\/img\/product\/small\/r\/e\/reporta_product_276546_250908105647_158376.webp"},{"id":"4804022","shop_id":"26841","user_id":"327178","shop_name":"gardonyilevendula","shop_zip":"2483","product_code":"4960912","product_name_old":null,"product_name":"Vir\u00e1gszed\u0151 kos\u00e1r- antikolt sz\u00fcrke","category_string":"\u00dcnnepi d\u00edszek, dekor\u00e1ci\u00f3k, H\u00fasv\u00e9ti d\u00edszek \u00e9s dekor\u00e1ci\u00f3k, H\u00fasv\u00e9ti kos\u00e1r","technic_string":"Fon\u00e1s (csuh\u00e9, gy\u00e9k\u00e9ny, stb.)","category_1":"1818","category_2":"1803","category_3":"1806","category_4":"0","merged_category_1":"0","merged_category_2":"0","merged_category_3":"785","technic_1":"482","technic_2":"0","technic_3":"0","color_1":"527","color_2":"0","color_3":"0","product_description_old":null,"product_description":"Dekorat\u00edv \u00e9s praktikus\n\nFektetett vir\u00e1gszed\u0151 kos\u00e1r levendul\u00e1hoz vagy tulip\u00e1nhoz. Finom vintage jelleg\u0171 dekor\u00e1ci\u00f3 egy asztalon, kertben, teraszon, sz\u00e1r\u00edtott vir\u00e1ggal, levendul\u00e1val. Fot\u00f3z\u00e1si kell\u00e9knek szint\u00e9n j\u00f3 v\u00e1laszt\u00e1s.\n\nAj\u00e1nd\u00e9k \u00f6tlet\n\nV\u00e1laszd ezt a kosarat, \u00e9s szedj \u00f6ssze ebbe n\u00e9h\u00e1ny term\u00e9ket m\u00e9g, tegy\u00e9l mell\u00e9 egy sz\u00e1l vir\u00e1got, \u00e9s garant\u00e1lt lesz a siker. Teljesen egyedi, st\u00edlusos aj\u00e1nd\u00e9kkosarat var\u00e1zsolhatsz.\n\nMib\u0151l k\u00e9sz\u00fcl?\n\nK\u00f6rnyezetbar\u00e1t szeml\u00e9lettel v\u00e1logatjuk ki saj\u00e1t term\u00e9keinket \u00e9s alapanyagukat, \u00edgy ez sem lehet m\u00e1sk\u00e9pp. A kos\u00e1r festett, \u00fajrahasznos\u00edtott \u00fajs\u00e1gpap\u00edr anyagb\u00f3l k\u00e9sz\u00fclt, kos\u00e1rfon\u00e1ssal. Egyedi k\u00e9zm\u0171ves term\u00e9k.\n\nA G\u00e1rdonyi Levendula sz\u00fcretre k\u00e9sz\u00fclt eredetileg, k\u00f6rny\u00e9kbeli k\u00e9zm\u0171ves \u00f6sszefog\u00e1ssal. Nagy siker\u00e9re val\u00f3 tekintettel folyamatosan kaphat\u00f3.\n\nAz id\u0151j\u00e1r\u00e1sn\u00e1l m\u00e9rs\u00e9kelten ellen\u00e1ll, es\u0151n nem aj\u00e1nlott kint hagyni, mert eldeform\u00e1l\u00f3dhat.\nA feh\u00e9r \u00e9s vil\u00e1gos sz\u00ednen az \u00fajs\u00e1g mint\u00e1ja kicsit \u00e1t\u00fcthet, ezzel is a vintage jelleget er\u0151s\u00edti.\n1 db, m\u00e9rete 29*20*20 cm","price":"4800.00","unit":"db","recommended":"0","status":"1","sponsored":"0","exp_notify":"0","own_material":"0","own_material_description_old":null,"own_material_description":"","jury":"0","jury_number":"","product_nature":"","meskaracsony":"0","create_date":"2026-03-23 11:03:56","shelve_id":"58420","image":"gardonyilevendula_product_327178_230425140330_279827.jpeg","image_width":"480","image_height":"360","image_alt":"Vir\u00e1gszed\u0151 kos\u00e1r- antikolt sz\u00fcrke, Dekorat\u00edv \u00e9s praktikus\\n\\nFektetett vir\u00e1gszed\u0151 kos\u00e1r levendul\u00e1hoz vagy tulip\u00e1nhoz. Finom vintage jelle..., Meska","image_title":"Vir\u00e1gszed\u0151 kos\u00e1r- antikolt sz\u00fcrke, Meska","view_count":"1063","favourite_count":"0","trending_score":"0","last2MonthFavouriteCount":"0","promotion":"0","giftcard_accept":"0","creditcard_accept":true,"enhanced_background":"0","domain":"meska","specific_customer_id":null,"specific_customer_name":null,"to_order_product":"1","to_order_product_time":"2","product_different":null,"product_different_description":"","vintage":"0","vintage_category_id":"0","recycled":"1","gemstone_id":"0","customizable":"0","type_category":"physical","zerowaste":"1","postage_price":"1290.00","shop_order":"0","has_category":"1","landing_pages":null,"microdata":{"number":88,"category":""},"title":"Vir\u00e1gszed\u0151 kos\u00e1r- antikolt sz\u00fcrke","description":"Dekorat\u00edv \u00e9s praktikus\n\nFektetett vir\u00e1gszed\u0151 kos\u00e1r levendul\u00e1hoz vagy tulip\u00e1nhoz. Finom vintage jelleg\u0171 dekor\u00e1ci\u00f3 egy asztalon, kertben, teraszon, sz\u00e1r\u00edtott vir\u00e1ggal, levendul\u00e1val. Fot\u00f3z\u00e1si kell\u00e9knek szint\u00e9n j\u00f3 v\u00e1laszt\u00e1s.\n\nAj\u00e1nd\u00e9k \u00f6tlet\n\nV\u00e1laszd ezt a kosarat, \u00e9s szedj \u00f6ssze ebbe n\u00e9h\u00e1ny term\u00e9ket m\u00e9g, tegy\u00e9l mell\u00e9 egy sz\u00e1l vir\u00e1got, \u00e9s garant\u00e1lt lesz a siker. Teljesen egyedi, st\u00edlusos aj\u00e1nd\u00e9kkosarat var\u00e1zsolhatsz.\n\nMib\u0151l k\u00e9sz\u00fcl?\n\nK\u00f6rnyezetbar\u00e1t szeml\u00e9lettel v\u00e1logatjuk ki saj\u00e1t term\u00e9keinket \u00e9s alapanyagukat, \u00edgy ez sem lehet m\u00e1sk\u00e9pp. A kos\u00e1r festett, \u00fajrahasznos\u00edtott \u00fajs\u00e1gpap\u00edr anyagb\u00f3l k\u00e9sz\u00fclt, kos\u00e1rfon\u00e1ssal. Egyedi k\u00e9zm\u0171ves term\u00e9k.\n\nA G\u00e1rdonyi Levendula sz\u00fcretre k\u00e9sz\u00fclt eredetileg, k\u00f6rny\u00e9kbeli k\u00e9zm\u0171ves \u00f6sszefog\u00e1ssal. Nagy siker\u00e9re val\u00f3 tekintettel folyamatosan kaphat\u00f3.\n\nAz id\u0151j\u00e1r\u00e1sn\u00e1l m\u00e9rs\u00e9kelten ellen\u00e1ll, es\u0151n nem aj\u00e1nlott kint hagyni, mert eldeform\u00e1l\u00f3dhat.\nA feh\u00e9r \u00e9s vil\u00e1gos sz\u00ednen az \u00fajs\u00e1g mint\u00e1ja kicsit \u00e1t\u00fcthet, ezzel is a vintage jelleget er\u0151s\u00edti.\n1 db, m\u00e9rete 29*20*20 cm","score":0,"formatted_price":"4 800 Ft","image_url":"https:\/\/www.meska.hu\/img\/product\/small\/g\/a\/gardonyilevendula_product_327178_230425140330_279827.jpeg","formatted_url":"https:\/\/www.meska.hu\/p4960912-viragszedo-kosar-antikolt-szurke","favourite":false,"in_stock":false,"avatar":"gardonyilevendula_avatar_327178_1666612331.jpg","delete_from":0,"is_enhanced_background":false,"is_enhanced":false,"product_selection_started":false,"is_active":true,"image_webp_url":"https:\/\/www.meska.hu\/img\/product\/small\/g\/a\/gardonyilevendula_product_327178_230425140330_279827.webp"},{"id":"4804031","shop_id":"26841","user_id":"327178","shop_name":"gardonyilevendula","shop_zip":"2483","product_code":"4960914","product_name_old":null,"product_name":"Vir\u00e1gszed\u0151 kos\u00e1r- barna","category_string":"\u00dcnnepi d\u00edszek, dekor\u00e1ci\u00f3k, H\u00fasv\u00e9ti d\u00edszek \u00e9s dekor\u00e1ci\u00f3k, H\u00fasv\u00e9ti kos\u00e1r","technic_string":"Fon\u00e1s (csuh\u00e9, gy\u00e9k\u00e9ny, stb.)","category_1":"1818","category_2":"1803","category_3":"1806","category_4":"0","merged_category_1":"0","merged_category_2":"0","merged_category_3":"785","technic_1":"482","technic_2":"0","technic_3":"0","color_1":"514","color_2":"0","color_3":"0","product_description_old":null,"product_description":"Dekorat\u00edv \u00e9s praktikus\n\nFektetett vir\u00e1gszed\u0151 kos\u00e1r levendul\u00e1hoz vagy tulip\u00e1nhoz. Finom vintage jelleg\u0171 dekor\u00e1ci\u00f3 egy asztalon, kertben, teraszon, sz\u00e1r\u00edtott vir\u00e1ggal, levendul\u00e1val. Fot\u00f3z\u00e1si kell\u00e9knek szint\u00e9n j\u00f3 v\u00e1laszt\u00e1s.\n\nAj\u00e1nd\u00e9k \u00f6tlet\n\nV\u00e1laszd ezt a kosarat, \u00e9s szedj \u00f6ssze ebbe n\u00e9h\u00e1ny term\u00e9ket m\u00e9g, tegy\u00e9l mell\u00e9 egy sz\u00e1l vir\u00e1got, \u00e9s garant\u00e1lt lesz a siker. Teljesen egyedi, st\u00edlusos aj\u00e1nd\u00e9kkosarat var\u00e1zsolhatsz.\n\nMib\u0151l k\u00e9sz\u00fcl?\n\nK\u00f6rnyezetbar\u00e1t szeml\u00e9lettel v\u00e1logatjuk ki saj\u00e1t term\u00e9keinket \u00e9s alapanyagukat, \u00edgy ez sem lehet m\u00e1sk\u00e9pp. A kos\u00e1r festett, \u00fajrahasznos\u00edtott \u00fajs\u00e1gpap\u00edr anyagb\u00f3l k\u00e9sz\u00fclt, kos\u00e1rfon\u00e1ssal. Egyedi k\u00e9zm\u0171ves term\u00e9k.\n\nA G\u00e1rdonyi Levendula sz\u00fcretre k\u00e9sz\u00fclt eredetileg, k\u00f6rny\u00e9kbeli k\u00e9zm\u0171ves \u00f6sszefog\u00e1ssal. Nagy siker\u00e9re val\u00f3 tekintettel folyamatosan kaphat\u00f3.\n\nAz id\u0151j\u00e1r\u00e1sn\u00e1l m\u00e9rs\u00e9kelten ellen\u00e1ll, es\u0151n nem aj\u00e1nlott kint hagyni, mert eldeform\u00e1l\u00f3dhat.\nA feh\u00e9r \u00e9s vil\u00e1gos sz\u00ednen az \u00fajs\u00e1g mint\u00e1ja kicsit \u00e1t\u00fcthet, ezzel is a vintage jelleget er\u0151s\u00edti.\n1 db, m\u00e9rete 29*20*20 cm","price":"4800.00","unit":"db","recommended":"0","status":"1","sponsored":"0","exp_notify":"0","own_material":"0","own_material_description_old":null,"own_material_description":"","jury":"0","jury_number":"","product_nature":"","meskaracsony":"0","create_date":"2026-03-22 00:27:28","shelve_id":"58420","image":"gardonyilevendula_product_327178_230425140905_204549.jpeg","image_width":"480","image_height":"640","image_alt":"Vir\u00e1gszed\u0151 kos\u00e1r- barna, Dekorat\u00edv \u00e9s praktikus\\n\\nFektetett vir\u00e1gszed\u0151 kos\u00e1r levendul\u00e1hoz vagy tulip\u00e1nhoz. Finom vintage jelle..., Meska","image_title":"Vir\u00e1gszed\u0151 kos\u00e1r- barna, Meska","view_count":"2402","favourite_count":"1","trending_score":"0","last2MonthFavouriteCount":"0","promotion":"0","giftcard_accept":"0","creditcard_accept":true,"enhanced_background":"0","domain":"meska","specific_customer_id":null,"specific_customer_name":null,"to_order_product":"1","to_order_product_time":"2","product_different":null,"product_different_description":"","vintage":"0","vintage_category_id":"0","recycled":"1","gemstone_id":"0","customizable":"0","type_category":"physical","zerowaste":"1","postage_price":"1290.00","shop_order":"0","has_category":"1","landing_pages":"H\u00fasv\u00e9ti dekor\u00e1ci\u00f3k \u00e9s aj\u00e1nd\u00e9kok, Mindenszenteki, halottak napi kell\u00e9kek","microdata":{"number":89,"category":""},"title":"Vir\u00e1gszed\u0151 kos\u00e1r- barna","description":"Dekorat\u00edv \u00e9s praktikus\n\nFektetett vir\u00e1gszed\u0151 kos\u00e1r levendul\u00e1hoz vagy tulip\u00e1nhoz. Finom vintage jelleg\u0171 dekor\u00e1ci\u00f3 egy asztalon, kertben, teraszon, sz\u00e1r\u00edtott vir\u00e1ggal, levendul\u00e1val. Fot\u00f3z\u00e1si kell\u00e9knek szint\u00e9n j\u00f3 v\u00e1laszt\u00e1s.\n\nAj\u00e1nd\u00e9k \u00f6tlet\n\nV\u00e1laszd ezt a kosarat, \u00e9s szedj \u00f6ssze ebbe n\u00e9h\u00e1ny term\u00e9ket m\u00e9g, tegy\u00e9l mell\u00e9 egy sz\u00e1l vir\u00e1got, \u00e9s garant\u00e1lt lesz a siker. Teljesen egyedi, st\u00edlusos aj\u00e1nd\u00e9kkosarat var\u00e1zsolhatsz.\n\nMib\u0151l k\u00e9sz\u00fcl?\n\nK\u00f6rnyezetbar\u00e1t szeml\u00e9lettel v\u00e1logatjuk ki saj\u00e1t term\u00e9keinket \u00e9s alapanyagukat, \u00edgy ez sem lehet m\u00e1sk\u00e9pp. A kos\u00e1r festett, \u00fajrahasznos\u00edtott \u00fajs\u00e1gpap\u00edr anyagb\u00f3l k\u00e9sz\u00fclt, kos\u00e1rfon\u00e1ssal. Egyedi k\u00e9zm\u0171ves term\u00e9k.\n\nA G\u00e1rdonyi Levendula sz\u00fcretre k\u00e9sz\u00fclt eredetileg, k\u00f6rny\u00e9kbeli k\u00e9zm\u0171ves \u00f6sszefog\u00e1ssal. Nagy siker\u00e9re val\u00f3 tekintettel folyamatosan kaphat\u00f3.\n\nAz id\u0151j\u00e1r\u00e1sn\u00e1l m\u00e9rs\u00e9kelten ellen\u00e1ll, es\u0151n nem aj\u00e1nlott kint hagyni, mert eldeform\u00e1l\u00f3dhat.\nA feh\u00e9r \u00e9s vil\u00e1gos sz\u00ednen az \u00fajs\u00e1g mint\u00e1ja kicsit \u00e1t\u00fcthet, ezzel is a vintage jelleget er\u0151s\u00edti.\n1 db, m\u00e9rete 29*20*20 cm","score":0,"formatted_price":"4 800 Ft","image_url":"https:\/\/www.meska.hu\/img\/product\/small\/g\/a\/gardonyilevendula_product_327178_230425140905_204549.jpeg","formatted_url":"https:\/\/www.meska.hu\/p4960914-viragszedo-kosar-barna","favourite":false,"in_stock":false,"avatar":"gardonyilevendula_avatar_327178_1666612331.jpg","delete_from":0,"is_enhanced_background":false,"is_enhanced":false,"product_selection_started":false,"is_active":true,"image_webp_url":"https:\/\/www.meska.hu\/img\/product\/small\/g\/a\/gardonyilevendula_product_327178_230425140905_204549.webp"},{"id":"6163298","shop_id":"43478","user_id":"619497","shop_name":"Pagra","shop_zip":"2711","product_code":"5762759","product_name_old":null,"product_name":"Paracord \/ b\u0151r nyak\u00f6rv","category_string":"Otthon & \u00c9letm\u00f3d, Kis\u00e1llatoknak, Kuty\u00e1knak, Kutya nyak\u00f6rv","technic_string":"Fon\u00e1s (csuh\u00e9, gy\u00e9k\u00e9ny, stb.), Csom\u00f3z\u00e1s","category_1":"813","category_2":"304","category_3":"778","category_4":"1453","merged_category_1":null,"merged_category_2":null,"merged_category_3":null,"technic_1":"482","technic_2":"475","technic_3":"0","color_1":"512","color_2":"514","color_3":"529","product_description_old":null,"product_description":"Paracord \/ b\u0151r nyak\u00f6rv \nNagy m\u00e9ret\u0171 68cm-73cm \nA ki\u00edrt \u00e1r erre a konkr\u00e9t term\u00e9kre vonatkozik.\n\nHa m\u00e1s m\u00e9retben vagy sz\u00ednben szeretn\u00e9l \u00e9rdekl\u0151dj k\u00e9rlek \u00fczenetben. M\u00e1s fajta fon\u00e1ssal is v\u00e1llalok nyak\u00f6rv k\u00e9sz\u00edt\u00e9st, nyugodtan mond el mi lenne az elk\u00e9pzel\u00e9sed :) ","price":"14990.00","unit":"db","recommended":"0","status":"1","sponsored":"0","exp_notify":"0","own_material":"0","own_material_description_old":null,"own_material_description":"","jury":"0","jury_number":"","product_nature":"","meskaracsony":"0","create_date":"2026-03-21 15:07:17","shelve_id":"0","image":"pagra_product_619497_260321150036_783246.jpeg","image_width":"480","image_height":"360","image_alt":"Paracord \/ b\u0151r nyak\u00f6rv, Paracord \/ b\u0151r nyak\u00f6rv \\nNagy m\u00e9ret\u0171 68cm-73cm \\nA ki\u00edrt \u00e1r erre a konkr\u00e9t term\u00e9kre vonatkozik.\\n\\nHa m\u00e1..., Meska","image_title":"Paracord \/ b\u0151r nyak\u00f6rv, Meska","view_count":"40","favourite_count":"0","trending_score":"0","last2MonthFavouriteCount":"0","promotion":0,"giftcard_accept":"0","creditcard_accept":false,"enhanced_background":"0","domain":"meska","specific_customer_id":null,"specific_customer_name":null,"to_order_product":"0","to_order_product_time":"0","product_different":null,"product_different_description":"","vintage":"0","vintage_category_id":"0","recycled":"0","gemstone_id":"0","customizable":"0","type_category":"physical","zerowaste":"0","postage_price":"2390.00","shop_order":"0","has_category":"1","landing_pages":null,"microdata":{"number":90,"category":""},"title":"Paracord \/ b\u0151r nyak\u00f6rv","description":"Paracord \/ b\u0151r nyak\u00f6rv \nNagy m\u00e9ret\u0171 68cm-73cm \nA ki\u00edrt \u00e1r erre a konkr\u00e9t term\u00e9kre vonatkozik.\n\nHa m\u00e1s m\u00e9retben vagy sz\u00ednben szeretn\u00e9l \u00e9rdekl\u0151dj k\u00e9rlek \u00fczenetben. M\u00e1s fajta fon\u00e1ssal is v\u00e1llalok nyak\u00f6rv k\u00e9sz\u00edt\u00e9st, nyugodtan mond el mi lenne az elk\u00e9pzel\u00e9sed :) ","score":0,"formatted_price":"14 990 Ft","image_url":"https:\/\/www.meska.hu\/img\/product\/small\/p\/a\/pagra_product_619497_260321150036_783246.jpeg","formatted_url":"https:\/\/www.meska.hu\/p5762759-paracord-bor-nyakorv","favourite":false,"in_stock":true,"avatar":"619497_avatar_1753279120.jpeg","delete_from":0,"is_enhanced_background":false,"is_enhanced":false,"product_selection_started":false,"is_active":true,"image_webp_url":"https:\/\/www.meska.hu\/img\/product\/small\/p\/a\/pagra_product_619497_260321150036_783246.webp"},{"id":"6097938","shop_id":"26009","user_id":"311530","shop_name":"NitaHandMade","shop_zip":"2112","product_code":"5722068","product_name_old":null,"product_name":"Egyedi k\u00e9sz\u00edt\u00e9s\u0171 kos\u00e1rka","category_string":"Otthon & \u00c9letm\u00f3d, T\u00e1rol\u00e1s & Rendszerez\u00e9s, T\u00e1rol\u00f3kos\u00e1r","technic_string":"Fon\u00e1s (csuh\u00e9, gy\u00e9k\u00e9ny, stb.), Kos\u00e1rfon\u00e1s","category_1":"813","category_2":"426","category_3":"428","category_4":"0","merged_category_1":null,"merged_category_2":null,"merged_category_3":null,"technic_1":"482","technic_2":"2","technic_3":"0","color_1":"530","color_2":"0","color_3":"0","product_description_old":null,"product_description":"Ropecoil technik\u00e1val k\u00e9sz\u00fclt, egyedi kos\u00e1r. \nM\u00e9retei:  4 cm magasak, 17 ill. 19 cm \u00e1tm\u00e9r\u0151j\u016fek.\nRendelhet\u0151ek m\u00e1s m\u00e9retben, sz\u00ednben egyedi \u00e1ron.","price":"3500.00","unit":"db","recommended":"0","status":"1","sponsored":"0","exp_notify":"0","own_material":"0","own_material_description_old":null,"own_material_description":"","jury":"0","jury_number":"","product_nature":"","meskaracsony":"0","create_date":"2026-03-19 20:30:54","shelve_id":"0","image":"nitahandmade_product_311530_260130123737_659129.jpeg","image_width":"480","image_height":"360","image_alt":"Egyedi k\u00e9sz\u00edt\u00e9s\u0171 kos\u00e1rka, Ropecoil technik\u00e1val k\u00e9sz\u00fclt, egyedi kos\u00e1r. \\nM\u00e9retei:  4 cm magasak, 17 ill. 19 cm \u00e1tm\u00e9r\u0151j\u016fek.\\nRende..., Meska","image_title":"Egyedi k\u00e9sz\u00edt\u00e9s\u0171 kos\u00e1rka, Meska","view_count":"49","favourite_count":"0","trending_score":"0","last2MonthFavouriteCount":"0","promotion":"0","giftcard_accept":"1","creditcard_accept":false,"enhanced_background":"0","domain":"meska","specific_customer_id":null,"specific_customer_name":null,"to_order_product":"0","to_order_product_time":"0","product_different":null,"product_different_description":"","vintage":"0","vintage_category_id":"0","recycled":"0","gemstone_id":"0","customizable":"0","type_category":"physical","zerowaste":"0","postage_price":"1349.00","shop_order":"0","has_category":"1","landing_pages":null,"microdata":{"number":91,"category":""},"title":"Egyedi k\u00e9sz\u00edt\u00e9s\u0171 kos\u00e1rka","description":"Ropecoil technik\u00e1val k\u00e9sz\u00fclt, egyedi kos\u00e1r. \nM\u00e9retei:  4 cm magasak, 17 ill. 19 cm \u00e1tm\u00e9r\u0151j\u016fek.\nRendelhet\u0151ek m\u00e1s m\u00e9retben, sz\u00ednben egyedi \u00e1ron.","score":0,"formatted_price":"3 500 Ft","image_url":"https:\/\/www.meska.hu\/img\/product\/small\/n\/i\/nitahandmade_product_311530_260130123737_659129.jpeg","formatted_url":"https:\/\/www.meska.hu\/p5722068-egyedi-keszitesu-kosarka","favourite":false,"in_stock":true,"avatar":"311530_avatar_1665751812.jpeg","delete_from":0,"is_enhanced_background":false,"is_enhanced":false,"product_selection_started":false,"is_active":true,"image_webp_url":"https:\/\/www.meska.hu\/img\/product\/small\/n\/i\/nitahandmade_product_311530_260130123737_659129.webp"},{"id":"5779749","shop_id":"40458","user_id":"562106","shop_name":"ZsannaDekor","shop_zip":"1142","product_code":"5547054","product_name_old":null,"product_name":"Any\u00e1k napi d\u00edsz","category_string":"Otthon & \u00c9letm\u00f3d, Dekor\u00e1ci\u00f3, Fali \u00e9s f\u00fcgg\u0151 dekor\u00e1ci\u00f3, Falra akaszthat\u00f3 dekor","technic_string":"Decoupage, transzfer \u00e9s szalv\u00e9tatechnika, Fon\u00e1s (csuh\u00e9, gy\u00e9k\u00e9ny, stb.)","category_1":"813","category_2":"314","category_3":"1470","category_4":"942","merged_category_1":null,"merged_category_2":null,"merged_category_3":null,"technic_1":"476","technic_2":"482","technic_3":"0","color_1":"519","color_2":"521","color_3":"525","product_description_old":null,"product_description":"Kedveskedj anyuk\u00e1dnak ezzel a vir\u00e1gos sz\u00edv d\u00edsszel \u00e9s mindig esz\u00e9be fogsz jutni ha csak r\u00e1n\u00e9z.\n\nFa alapra pap\u00edrfon\u00e1s technik\u00e1val k\u00e9sz\u00fclt a szeg\u00e9ly. K\u00f6z\u00e9pen viragokat transzfer\u00e1ltam.\n\nA sz\u00edv d\u00edsz 21x21 cm a sz\u00e9lesebb oldalakon m\u00e9rve.\n\nBP. 14.ker\u00fcletben szem\u00e9lyesen is \u00e1t tudom adni. ","price":"3000.00","unit":"db","recommended":"0","status":"1","sponsored":"0","exp_notify":"0","own_material":"0","own_material_description_old":null,"own_material_description":"","jury":"0","jury_number":"","product_nature":"","meskaracsony":"0","create_date":"2026-03-19 16:17:31","shelve_id":"0","image":"zsannadekor_product_562106_250501180941_468876.jpeg","image_width":"480","image_height":"360","image_alt":"Any\u00e1k napi d\u00edsz, Kedveskedj anyuk\u00e1dnak ezzel a vir\u00e1gos sz\u00edv d\u00edsszel \u00e9s mindig esz\u00e9be fogsz jutni ha csak r\u00e1n\u00e9z.\\n\\nFa a..., Meska","image_title":"Any\u00e1k napi d\u00edsz, Meska","view_count":"275","favourite_count":"0","trending_score":"0","last2MonthFavouriteCount":"0","promotion":"0","giftcard_accept":"0","creditcard_accept":false,"enhanced_background":"0","domain":"meska","specific_customer_id":null,"specific_customer_name":null,"to_order_product":"0","to_order_product_time":"0","product_different":null,"product_different_description":"","vintage":"0","vintage_category_id":"0","recycled":"1","gemstone_id":"0","customizable":"0","type_category":"physical","zerowaste":"1","postage_price":"1290.00","shop_order":"0","has_category":"1","landing_pages":null,"microdata":{"number":92,"category":""},"title":"Any\u00e1k napi d\u00edsz","description":"Kedveskedj anyuk\u00e1dnak ezzel a vir\u00e1gos sz\u00edv d\u00edsszel \u00e9s mindig esz\u00e9be fogsz jutni ha csak r\u00e1n\u00e9z.\n\nFa alapra pap\u00edrfon\u00e1s technik\u00e1val k\u00e9sz\u00fclt a szeg\u00e9ly. K\u00f6z\u00e9pen viragokat transzfer\u00e1ltam.\n\nA sz\u00edv d\u00edsz 21x21 cm a sz\u00e9lesebb oldalakon m\u00e9rve.\n\nBP. 14.ker\u00fcletben szem\u00e9lyesen is \u00e1t tudom adni. ","score":0,"formatted_price":"3 000 Ft","image_url":"https:\/\/www.meska.hu\/img\/product\/small\/z\/s\/zsannadekor_product_562106_250501180941_468876.jpeg","formatted_url":"https:\/\/www.meska.hu\/p5547054-anyak-napi-disz","favourite":false,"in_stock":true,"avatar":"ZsannaDekor_avatar_562106_1678138852.jpg","delete_from":0,"is_enhanced_background":false,"is_enhanced":false,"product_selection_started":false,"is_active":true,"image_webp_url":"https:\/\/www.meska.hu\/img\/product\/small\/z\/s\/zsannadekor_product_562106_250501180941_468876.webp"},{"id":"5779746","shop_id":"40458","user_id":"562106","shop_name":"ZsannaDekor","shop_zip":"1142","product_code":"5547053","product_name_old":null,"product_name":"Any\u00e1k napi d\u00edsz","category_string":"Otthon & \u00c9letm\u00f3d, Dekor\u00e1ci\u00f3, Fali \u00e9s f\u00fcgg\u0151 dekor\u00e1ci\u00f3, Falra akaszthat\u00f3 dekor","technic_string":"Decoupage, transzfer \u00e9s szalv\u00e9tatechnika, Fon\u00e1s (csuh\u00e9, gy\u00e9k\u00e9ny, stb.)","category_1":"813","category_2":"314","category_3":"1470","category_4":"942","merged_category_1":null,"merged_category_2":null,"merged_category_3":null,"technic_1":"476","technic_2":"482","technic_3":"0","color_1":"525","color_2":"0","color_3":"0","product_description_old":null,"product_description":"Kedveskedj anyuk\u00e1dnak ezzel a vir\u00e1gos sz\u00edv d\u00edsszel \u00e9s mindig esz\u00e9be fogsz jutni ha csak r\u00e1n\u00e9z.\n\nFa alapra pap\u00edrfon\u00e1s technik\u00e1val k\u00e9sz\u00fclt a szeg\u00e9ly. K\u00f6z\u00e9pen viragokat transzfer\u00e1ltam.\n\nA sz\u00edv d\u00edsz 21x21 cm a sz\u00e9lesebb oldalakon m\u00e9rve.\n\nBP. 14.ker\u00fcletben szem\u00e9lyesen is \u00e1t tudom adni. ","price":"3000.00","unit":"db","recommended":"0","status":"1","sponsored":"0","exp_notify":"0","own_material":"0","own_material_description_old":null,"own_material_description":"","jury":"0","jury_number":"","product_nature":"","meskaracsony":"0","create_date":"2026-03-19 16:17:29","shelve_id":"0","image":"zsannadekor_product_562106_250501180737_495556.jpeg","image_width":"480","image_height":"360","image_alt":"Any\u00e1k napi d\u00edsz, Kedveskedj anyuk\u00e1dnak ezzel a vir\u00e1gos sz\u00edv d\u00edsszel \u00e9s mindig esz\u00e9be fogsz jutni ha csak r\u00e1n\u00e9z.\\n\\nFa a..., Meska","image_title":"Any\u00e1k napi d\u00edsz, Meska","view_count":"167","favourite_count":"0","trending_score":"0","last2MonthFavouriteCount":"0","promotion":"0","giftcard_accept":"0","creditcard_accept":false,"enhanced_background":"0","domain":"meska","specific_customer_id":null,"specific_customer_name":null,"to_order_product":"0","to_order_product_time":"0","product_different":null,"product_different_description":"","vintage":"0","vintage_category_id":"0","recycled":"1","gemstone_id":"0","customizable":"0","type_category":"physical","zerowaste":"1","postage_price":"1290.00","shop_order":"0","has_category":"1","landing_pages":null,"microdata":{"number":93,"category":""},"title":"Any\u00e1k napi d\u00edsz","description":"Kedveskedj anyuk\u00e1dnak ezzel a vir\u00e1gos sz\u00edv d\u00edsszel \u00e9s mindig esz\u00e9be fogsz jutni ha csak r\u00e1n\u00e9z.\n\nFa alapra pap\u00edrfon\u00e1s technik\u00e1val k\u00e9sz\u00fclt a szeg\u00e9ly. K\u00f6z\u00e9pen viragokat transzfer\u00e1ltam.\n\nA sz\u00edv d\u00edsz 21x21 cm a sz\u00e9lesebb oldalakon m\u00e9rve.\n\nBP. 14.ker\u00fcletben szem\u00e9lyesen is \u00e1t tudom adni. ","score":0,"formatted_price":"3 000 Ft","image_url":"https:\/\/www.meska.hu\/img\/product\/small\/z\/s\/zsannadekor_product_562106_250501180737_495556.jpeg","formatted_url":"https:\/\/www.meska.hu\/p5547053-anyak-napi-disz","favourite":false,"in_stock":true,"avatar":"ZsannaDekor_avatar_562106_1678138852.jpg","delete_from":0,"is_enhanced_background":false,"is_enhanced":false,"product_selection_started":false,"is_active":true,"image_webp_url":"https:\/\/www.meska.hu\/img\/product\/small\/z\/s\/zsannadekor_product_562106_250501180737_495556.webp"},{"id":"4895421","shop_id":"99","user_id":"204","shop_name":"kezmuvesporta","shop_zip":"3176","product_code":"5012667","product_name_old":null,"product_name":"Fonott ny\u00e1ri k\u00f6rt\u00e1ska","category_string":"T\u00e1ska & Tok, K\u00e9zit\u00e1ska & v\u00e1llt\u00e1ska, V\u00e1llt\u00e1ska","technic_string":"Fon\u00e1s (csuh\u00e9, gy\u00e9k\u00e9ny, stb.)","category_1":"464","category_2":"471","category_3":"1033","category_4":"0","merged_category_1":"783","merged_category_2":"0","merged_category_3":"0","technic_1":"482","technic_2":"0","technic_3":"0","color_1":"515","color_2":"519","color_3":"0","product_description_old":null,"product_description":"FOLK&VINTAGE - TERM\u00c9SZETB\u0150L FONVA\n\nDivat a term\u00e9szetb\u0151l! Egy igaz\u00e1n egyedi \u00e9s csajos ny\u00e1ri k\u00f6rt\u00e1ska. Nem tucatterm\u00e9k,  hanem hazai alapanyagokb\u00f3l k\u00e9sz\u00edtett min\u0151s\u00e9gi \u00e9s egyedi k\u00e9zm\u0171ves term\u00e9k. \n\nA k\u00f6r alapokhoz k\u00e1k\u00e1t haszn\u00e1ltam, hagyom\u00e1nyos k\u00e9zm\u0171ves technik\u00e1val lett megfonva, majd er\u0151s kenderv\u00e1szonnal b\u00e9leltem, mindk\u00e9t oldal\u00e1n egy-egy zsebbel. Zsin\u00f3r p\u00e1ntja garant\u00e1ltan nem fog elszakadni. \n\n\n\nM\u00e9rete: 25 cm \u00e1tm\u00e9r\u0151, kb 8 cm sz\u00e9les\n\n\nFENNTARTHAT\u00d3S\u00c1G, K\u00d6RNYEZETTUDATOSS\u00c1G, MEG\u00daJ\u00daL\u00c1S\n\nFontos misszi\u00f3nak tartom, hogy megismertessem a magyar emberekkel a haz\u00e1nkban fellelhet\u0151 term\u00e9szetes anyagokat, \u00e9s az azokban rejl\u0151 csod\u00e1t. Hiszem, hogy ezen anyagokb\u00f3l k\u00e9sz\u00edtett term\u00e9kek id\u0151t\u00e1ll\u00f3k \u00e9s j\u00f3l beilleszthet\u0151k mai lak\u00e1strendekbe \u00e9s divatterm\u00e9kek k\u00f6z\u00e9 is. \n\nAz alapanyagokat (gy\u00e9k\u00e9ny, k\u00e1ka) minden \u00e9vben \u00e9n gy\u0171jt\u00f6m, \u00edgy pontosan tudom annak sz\u00e1rmaz\u00e1si hely\u00e9t. Gondosan odafigyelek az anyagok sz\u00e1r\u00edt\u00e1s\u00e1ra, t\u00e1rol\u00e1s\u00e1ra. Miel\u0151tt term\u00e9k lesz az alapanyagb\u00f3l, \u00fajra v\u00e1logat\u00e1sra ker\u00fcl, \u00edgy tudom garant\u00e1lni a j\u00f3 min\u0151s\u00e9get. \n\nTerm\u00e9keimmel szeretn\u00e9k alternat\u00edv\u00e1t ny\u00fajtani azoknak, akik sz\u00e1m\u00e1ra fontos, a k\u00f6rnyezettudatoss\u00e1g \u00e9s fenntarthat\u00f3s\u00e1g. A folk&VINTAGE term\u00e9kek hazai anyagokb\u00f3l hagyom\u00e1nyos technik\u00e1val k\u00e9sz\u00edtett min\u0151s\u00e9gi term\u00e9kek, melyek a term\u00e9szet harm\u00f3ni\u00e1j\u00e1t ny\u00fajtj\u00e1k. \n\n\n","price":"16500.00","unit":"db","recommended":"0","status":"1","sponsored":"0","exp_notify":"0","own_material":"0","own_material_description_old":null,"own_material_description":"","jury":"0","jury_number":"","product_nature":"","meskaracsony":"0","create_date":"2026-03-18 23:37:49","shelve_id":"63137","image":"kezmuvesporta_product_204_230710125156_378240.jpeg","image_width":"480","image_height":"852","image_alt":"Fonott ny\u00e1ri k\u00f6rt\u00e1ska, FOLK&VINTAGE - TERM\u00c9SZETB\u0150L FONVA\\n\\nDivat a term\u00e9szetb\u0151l! Egy igaz\u00e1n egyedi \u00e9s csajos ny\u00e1ri k\u00f6rt\u00e1ska...., Meska","image_title":"Fonott ny\u00e1ri k\u00f6rt\u00e1ska, Meska","view_count":"1265","favourite_count":"0","trending_score":"0","last2MonthFavouriteCount":"0","promotion":"0","giftcard_accept":"0","creditcard_accept":true,"enhanced_background":"0","domain":"meska","specific_customer_id":null,"specific_customer_name":null,"to_order_product":"1","to_order_product_time":"5","product_different":null,"product_different_description":"","vintage":"0","vintage_category_id":"0","recycled":"0","gemstone_id":"0","customizable":"1","type_category":"physical","zerowaste":"0","postage_price":"1290.00","shop_order":"0","has_category":"1","landing_pages":null,"microdata":{"number":94,"category":""},"title":"Fonott ny\u00e1ri k\u00f6rt\u00e1ska","description":"FOLK&VINTAGE - TERM\u00c9SZETB\u0150L FONVA\n\nDivat a term\u00e9szetb\u0151l! Egy igaz\u00e1n egyedi \u00e9s csajos ny\u00e1ri k\u00f6rt\u00e1ska. Nem tucatterm\u00e9k,  hanem hazai alapanyagokb\u00f3l k\u00e9sz\u00edtett min\u0151s\u00e9gi \u00e9s egyedi k\u00e9zm\u0171ves term\u00e9k. \n\nA k\u00f6r alapokhoz k\u00e1k\u00e1t haszn\u00e1ltam, hagyom\u00e1nyos k\u00e9zm\u0171ves technik\u00e1val lett megfonva, majd er\u0151s kenderv\u00e1szonnal b\u00e9leltem, mindk\u00e9t oldal\u00e1n egy-egy zsebbel. Zsin\u00f3r p\u00e1ntja garant\u00e1ltan nem fog elszakadni. \n\n\n\nM\u00e9rete: 25 cm \u00e1tm\u00e9r\u0151, kb 8 cm sz\u00e9les\n\n\nFENNTARTHAT\u00d3S\u00c1G, K\u00d6RNYEZETTUDATOSS\u00c1G, MEG\u00daJ\u00daL\u00c1S\n\nFontos misszi\u00f3nak tartom, hogy megismertessem a magyar emberekkel a haz\u00e1nkban fellelhet\u0151 term\u00e9szetes anyagokat, \u00e9s az azokban rejl\u0151 csod\u00e1t. Hiszem, hogy ezen anyagokb\u00f3l k\u00e9sz\u00edtett term\u00e9kek id\u0151t\u00e1ll\u00f3k \u00e9s j\u00f3l beilleszthet\u0151k mai lak\u00e1strendekbe \u00e9s divatterm\u00e9kek k\u00f6z\u00e9 is. \n\nAz alapanyagokat (gy\u00e9k\u00e9ny, k\u00e1ka) minden \u00e9vben \u00e9n gy\u0171jt\u00f6m, \u00edgy pontosan tudom annak sz\u00e1rmaz\u00e1si hely\u00e9t. Gondosan odafigyelek az anyagok sz\u00e1r\u00edt\u00e1s\u00e1ra, t\u00e1rol\u00e1s\u00e1ra. Miel\u0151tt term\u00e9k lesz az alapanyagb\u00f3l, \u00fajra v\u00e1logat\u00e1sra ker\u00fcl, \u00edgy tudom garant\u00e1lni a j\u00f3 min\u0151s\u00e9get. \n\nTerm\u00e9keimmel szeretn\u00e9k alternat\u00edv\u00e1t ny\u00fajtani azoknak, akik sz\u00e1m\u00e1ra fontos, a k\u00f6rnyezettudatoss\u00e1g \u00e9s fenntarthat\u00f3s\u00e1g. A folk&VINTAGE term\u00e9kek hazai anyagokb\u00f3l hagyom\u00e1nyos technik\u00e1val k\u00e9sz\u00edtett min\u0151s\u00e9gi term\u00e9kek, melyek a term\u00e9szet harm\u00f3ni\u00e1j\u00e1t ny\u00fajtj\u00e1k. \n\n\n","score":0,"formatted_price":"16 500 Ft","image_url":"https:\/\/www.meska.hu\/img\/product\/small\/k\/e\/kezmuvesporta_product_204_230710125156_378240.jpeg","formatted_url":"https:\/\/www.meska.hu\/p5012667-fonott-nyari-kortaska","favourite":false,"in_stock":false,"avatar":"kezmuvesporta_avatar_204_1601323895.jpg","delete_from":0,"is_enhanced_background":false,"is_enhanced":false,"product_selection_started":false,"is_active":true,"image_webp_url":"https:\/\/www.meska.hu\/img\/product\/small\/k\/e\/kezmuvesporta_product_204_230710125156_378240.webp"},{"id":"3490459","shop_id":"31438","user_id":"400253","shop_name":"KataLineDesign","shop_zip":"535600","product_code":"4118643","product_name_old":null,"product_name":"Egyedi k\u00f6t\u00f6tt nyakbaval\u00f3 f\u00fclcsivel.","category_string":"\u00c9kszer","technic_string":"K\u00f6t\u00e9s, Fon\u00e1s (csuh\u00e9, gy\u00e9k\u00e9ny, stb.)","category_1":"327","category_2":"0","category_3":"0","category_4":"0","merged_category_1":null,"merged_category_2":null,"merged_category_3":null,"technic_1":"491","technic_2":"482","technic_3":"0","color_1":"526","color_2":"0","color_3":"0","product_description_old":null,"product_description":"Nyakbaval\u00f3 \u00e9s f\u00fclbeval\u00f3 szett. \nPamut anyagb\u00f3l k\u00e9sz\u00edtett k\u00f6t\u00f6tt nyakbaval\u00f3, melyet akrillal festett fa f\u00fclbeval\u00f3 kis\u00e9r.","price":"4300.00","unit":"db","recommended":"0","status":"1","sponsored":"0","exp_notify":"0","own_material":"0","own_material_description_old":null,"own_material_description":"","jury":"0","jury_number":"","product_nature":"","meskaracsony":"0","create_date":"2026-03-18 21:37:31","shelve_id":"0","image":"katalinedesign_product_400253_210413135935_391696.jpeg","image_width":"480","image_height":"640","image_alt":"Egyedi k\u00f6t\u00f6tt nyakbaval\u00f3 f\u00fclcsivel., Nyakbaval\u00f3 \u00e9s f\u00fclbeval\u00f3 szett. \\nPamut anyagb\u00f3l k\u00e9sz\u00edtett k\u00f6t\u00f6tt nyakbaval\u00f3, melyet akrillal festett ..., Meska","image_title":"Egyedi k\u00f6t\u00f6tt nyakbaval\u00f3 f\u00fclcsivel., Meska","view_count":"2198","favourite_count":"0","trending_score":"0","last2MonthFavouriteCount":"0","promotion":"0","giftcard_accept":"0","creditcard_accept":false,"enhanced_background":"0","domain":"meska","specific_customer_id":null,"specific_customer_name":null,"to_order_product":"0","to_order_product_time":"0","product_different":null,"product_different_description":"","vintage":"0","vintage_category_id":"0","recycled":"0","gemstone_id":"0","customizable":"0","type_category":"physical","zerowaste":"0","postage_price":"1900.00","shop_order":"0","has_category":"1","landing_pages":null,"microdata":{"number":95,"category":""},"title":"Egyedi k\u00f6t\u00f6tt nyakbaval\u00f3 f\u00fclcsivel.","description":"Nyakbaval\u00f3 \u00e9s f\u00fclbeval\u00f3 szett. \nPamut anyagb\u00f3l k\u00e9sz\u00edtett k\u00f6t\u00f6tt nyakbaval\u00f3, melyet akrillal festett fa f\u00fclbeval\u00f3 kis\u00e9r.","score":0,"formatted_price":"4 300 Ft","image_url":"https:\/\/www.meska.hu\/img\/product\/small\/k\/a\/katalinedesign_product_400253_210413135935_391696.jpeg","formatted_url":"https:\/\/www.meska.hu\/p4118643-egyedi-kotott-nyakbavalo-fulcsivel","favourite":false,"in_stock":true,"avatar":"KataLineDesign_avatar_400253_1605440815.jpg","delete_from":0,"is_enhanced_background":false,"is_enhanced":false,"product_selection_started":false,"is_active":true,"image_webp_url":"https:\/\/www.meska.hu\/img\/product\/small\/k\/a\/katalinedesign_product_400253_210413135935_391696.webp"},{"id":"6004053","shop_id":"50648","user_id":"610073","shop_name":"Adrikreativvilaga","shop_zip":"5945","product_code":"5677093","product_name_old":null,"product_name":"St\u00edlusos paracord csatos kark\u00f6t\u0151","category_string":"\u00c9kszer, Kark\u00f6t\u0151, Fonott kark\u00f6t\u0151","technic_string":"Fon\u00e1s (csuh\u00e9, gy\u00e9k\u00e9ny, stb.)","category_1":"327","category_2":"333","category_3":"1232","category_4":"0","merged_category_1":null,"merged_category_2":null,"merged_category_3":null,"technic_1":"482","technic_2":"0","technic_3":"0","color_1":"515","color_2":"532","color_3":"0","product_description_old":null,"product_description":"K\u00e9zzel k\u00e9sz\u00fclt, er\u0151s \u00e9s divatos paracord kark\u00f6t\u0151, amely minden st\u00edlushoz illik. Massz\u00edv csattal r\u00f6gz\u00edthet\u0151, k\u00e9nyelmes viselet eg\u00e9sz napra. \n\nM\u00e9retek:\n13-20-as csukl\u00f3m\u00e9retig\nEgyedi m\u00e9retre rendel\u00e9s lehets\u00e9ges\n\n\nMi\u00e9rt v\u00e1laszd?\n\n-Egyedi, k\u00e9zm\u0171ves darab\n\n-Strapab\u00edr\u00f3 \u00e9s praktikus\n\n-Divatos, minden alkalomhoz\n\n\nAdj egy kis st\u00edlust a h\u00e9tk\u00f6znapokhoz ezzel a k\u00fcl\u00f6nleges paracord kark\u00f6t\u0151vel!","price":"2400.00","unit":"db","recommended":"0","status":"1","sponsored":"0","exp_notify":"0","own_material":"0","own_material_description_old":null,"own_material_description":"","jury":"0","jury_number":"","product_nature":"","meskaracsony":"0","create_date":"2026-03-18 17:23:04","shelve_id":"0","image":"adrikreativvilaga_product_610073_251117220812_657586.jpeg","image_width":"480","image_height":"285","image_alt":"St\u00edlusos paracord csatos kark\u00f6t\u0151, K\u00e9zzel k\u00e9sz\u00fclt, er\u0151s \u00e9s divatos paracord kark\u00f6t\u0151, amely minden st\u00edlushoz illik. Massz\u00edv csattal r\u00f6gz..., Meska","image_title":"St\u00edlusos paracord csatos kark\u00f6t\u0151, Meska","view_count":"123","favourite_count":"0","trending_score":"0","last2MonthFavouriteCount":"0","promotion":"0","giftcard_accept":"0","creditcard_accept":false,"enhanced_background":"0","domain":"meska","specific_customer_id":null,"specific_customer_name":null,"to_order_product":"0","to_order_product_time":"0","product_different":null,"product_different_description":"","vintage":"0","vintage_category_id":"0","recycled":"0","gemstone_id":"0","customizable":"0","type_category":"physical","zerowaste":"0","postage_price":"2390.00","shop_order":"0","has_category":"1","landing_pages":null,"microdata":{"number":96,"category":""},"title":"St\u00edlusos paracord csatos kark\u00f6t\u0151","description":"K\u00e9zzel k\u00e9sz\u00fclt, er\u0151s \u00e9s divatos paracord kark\u00f6t\u0151, amely minden st\u00edlushoz illik. Massz\u00edv csattal r\u00f6gz\u00edthet\u0151, k\u00e9nyelmes viselet eg\u00e9sz napra. \n\nM\u00e9retek:\n13-20-as csukl\u00f3m\u00e9retig\nEgyedi m\u00e9retre rendel\u00e9s lehets\u00e9ges\n\n\nMi\u00e9rt v\u00e1laszd?\n\n-Egyedi, k\u00e9zm\u0171ves darab\n\n-Strapab\u00edr\u00f3 \u00e9s praktikus\n\n-Divatos, minden alkalomhoz\n\n\nAdj egy kis st\u00edlust a h\u00e9tk\u00f6znapokhoz ezzel a k\u00fcl\u00f6nleges paracord kark\u00f6t\u0151vel!","score":0,"formatted_price":"2 400 Ft","image_url":"https:\/\/www.meska.hu\/img\/product\/small\/a\/d\/adrikreativvilaga_product_610073_251117220812_657586.jpeg","formatted_url":"https:\/\/www.meska.hu\/p5677093-stilusos-paracord-csatos-karkoto","favourite":false,"in_stock":true,"avatar":"610073_avatar_1763409227.png","delete_from":0,"is_enhanced_background":false,"is_enhanced":false,"product_selection_started":false,"is_active":true,"image_webp_url":"https:\/\/www.meska.hu\/img\/product\/small\/a\/d\/adrikreativvilaga_product_610073_251117220812_657586.webp"},{"id":"4545157","shop_id":"3748","user_id":"13545","shop_name":"bigibizsu","shop_zip":"2092","product_code":"4811871","product_name_old":null,"product_name":"Piros V\u00e9delmez\u0151 kark\u00f6t\u0151 - Preciosa","category_string":"\u00c9kszer, Kark\u00f6t\u0151, Gy\u00f6ngy\u00f6s kark\u00f6t\u0151","technic_string":"\u00c9kszerk\u00e9sz\u00edt\u00e9s, Fon\u00e1s (csuh\u00e9, gy\u00e9k\u00e9ny, stb.)","category_1":"327","category_2":"333","category_3":"1233","category_4":"0","merged_category_1":null,"merged_category_2":null,"merged_category_3":null,"technic_1":"477","technic_2":"482","technic_3":"0","color_1":"523","color_2":"0","color_3":"0","product_description_old":null,"product_description":"Piros fonott v\u00e9delmez\u0151 kark\u00f6t\u0151 egy apr\u00f3 Preciosai krist\u00e1llyal Anyaga: Pamut Vastags\u00e1g:1,5mm Krist\u00e1ly m\u00e9rete: 4mm A kark\u00f6t\u0151 m\u00e8rete a megk\u00f6t\u0151 r\u00e9sz n\u00e9lk\u00fcl \u00e8rtend\u0151!! A v\u00f6r\u00f6s fonal egy v\u00e9delmet ny\u00fajt\u00f3 eszk\u00f6z, melyet a kabbalista tan\u00edt\u00f3k hoztak be a k\u00f6ztudatba. K\u00e9tszeres funkci\u00f3ja van, megv\u00e9di visel\u0151j\u00e9t m\u00e1sok irigy tekintet\u00e9t\u0151l, valamint seg\u00edt megszabadulni a saj\u00e1t f\u00e9lt\u00e9kenys\u00e9gt\u0151l \u00e9s a Gonosz Szemt\u0151l. A fonal egy v\u00f6r\u00f6s gyapj\u00fasz\u00e1l, melyet a bal csukl\u00f3 k\u00f6r\u00fcl viselnek. A kabbala tan\u00edt\u00f3i szerint ez n\u00e9lk\u00fcl\u00f6zhetetlen eszk\u00f6z a testi \u00e9s lelki v\u00e9delem szempontj\u00e1b\u00f3l. H\u00e1romszor sodort (vagy h\u00e1rom \u00e1gban fonott) fonalat haszn\u00e1ljunk! A v\u00f6r\u00f6s fonalat a bal csukl\u00f3n viselj\u00fck. Ennek oka, hogy az energetikai tanok tud\u00f3sai felismert\u00e9k, hogy az energia a test bal oldal\u00e1n hatol be. A bal kar \u00e9s k\u00e9z a \u201ekap\u00e1s\u201d fogalm\u00e1hoz kapcsol\u00f3dik, a jobb kar \u00e9s k\u00e9z pedig az \u2018ad\u00e1s\u2019 erej\u00e9t foglalja mag\u00e1ba. Eszerint a negat\u00edv energi\u00e1k is a test bal oldal\u00e1n \u00e1ramlanak be. Ha a V\u00f6r\u00f6s Fonalat a bal csukl\u00f3nkon viselj\u00fck, a negat\u00edv energi\u00e1kat a behatol\u00e1s pillanat\u00e1ban feltart\u00f3ztatjuk. A fonal gondos el\u0151\u00edr\u00e1soknak megfelel\u0151en, h\u00e9t egym\u00e1st k\u00f6vet\u0151, sorozatos csom\u00f3ban van megk\u00f6tve, egy-egy csom\u00f3 azt a h\u00e9t spiritu\u00e1lis dimenzi\u00f3t jelk\u00e9pezi, amely a jelen val\u00f3s\u00e1gunkkal van \u00f6sszek\u00f6ttet\u00e9sben. Nagyon fontos, hogy egy olyan szem\u00e9ly k\u00f6sse fel a fonalunkat, aki szeret minket, \u00e9s akiben mi is m\u00e9lyen megb\u00edzunk. (Esetleg egy mester, vagy valaki akit nagyra tartunk) Mialatt a csom\u00f3t felk\u00f6ti r\u00e1nk valaki, mi azt k\u00e9rhetj\u00fck, hogy ez a szeretetteljes er\u0151 sug\u00e1rozzon r\u00e1nk \u00e9s embert\u00e1rsainkra, \u00e9s j\u00f3s\u00e1got, kegyelmet, h\u00e1l\u00e1t, \u00e9s a Gonosz Szem \u00f6r\u00f6k t\u00e1vol tart\u00e1s\u00e1t k\u00e9rhetj\u00fck. Gyakran szerelmes p\u00e1rok k\u00f6tik fel egym\u00e1s csukl\u00f3j\u00e1ra, egyfajta jelk\u00e9pek\u00e9nt annak, hogy igazi du\u00e1lp\u00e1rok, egym\u00e1st szeretik. A v\u00f6r\u00f6s fonal egy kedves jelk\u00e9p \u2013 nem fontos hinni benne, ink\u00e1bb az sz\u00e1m\u00edt, amit szimboliz\u00e1l! A csom\u00f3zott v\u00f6r\u00f6s fonalat addig kell viselni, m\u00edg le nem szakad r\u00f3lunk, nem kell levenni akkor sem, ha f\u00fcrd\u00fcnk, vagy ha munk\u00e1lkodunk. Egy\u00e1ltal\u00e1n nem szabad levenni! Ha a fonal leszakadt, figyelj\u00fck aznap a jeleket, mert aznap valami \u00e9rdekes, jelent\u0151s \u00fczenetet szoktunk kapni! Ha \u00fagy \u00e9rezz\u00fck, a fonalat \u00fajra fel lehet k\u00f6tni. A fonal felk\u00f6t\u00e9se nem veszi le a m\u00e1r rajtunk lev\u0151 ront\u00e1st, de seg\u00edt, hogy ne j\u00f6jj\u00f6n \u00fajabb! A V\u00f6r\u00f6s Fonal technik\u00e1j\u00e1t a kabbala b\u00f6lcsei fejlesztett\u00e9k ki, \u00e9s Izraelben jelent meg el\u0151sz\u00f6r. A bibliai \u0151sanya, R\u00e1hel s\u00edrj\u00e1t tekert\u00e9k k\u00f6rbe egykor v\u00f6r\u00f6s szalaggal. R\u00e1helt a kabbalist\u00e1k a vil\u00e1g \u0151sanyj\u00e1nak tartj\u00e1k, akinek legf\u0151bb v\u00e1gya a gyermekei v\u00e9delmez\u00e9se volt a gonoszt\u00f3l. Egy anya szeretet\u00e9n\u00e9l nincs hatalmasabb er\u0151 a vil\u00e1gon. \u00cdgy a V\u00f6r\u00f6s Fonalat a R\u00e1hel alakj\u00e1hoz val\u00f3 k\u00f6t\u0151d\u00e9s itatja \u00e1t a szeretet \u00e9s a v\u00e9delem erej\u00e9vel. Miut\u00e1n a h\u00edv\u0151k a s\u00edr k\u00f6r\u00e9 tekert\u00e9k a szalagot, azt darabokra v\u00e1gt\u00e1k, \u00e9s a bal csukl\u00f3jukon kezdt\u00e9k el viselni. A kabbala szerint minden a pozit\u00edv, vagy a negat\u00edv energi\u00e1hoz k\u00f6t\u0151dik. A f\u00e9lt\u00e9kenys\u00e9g \u00e9s irigys\u00e9g negat\u00edv energi\u00e1i a szemen kereszt\u00fcl sug\u00e1roznak ki, ebb\u0151l alakult ki az \u0151si kifejez\u00e9s, a Gonosz Szem. A Gonosz Szem az emberis\u00e9g b\u00f6lcsess\u00e9g\u00e9nek r\u00e9sze. A bal kar \u00e9s a bal k\u00e9z az elfogad\u00e1st k\u00e9pviseli, m\u00edg a jobb kar \u00e9s a jobb k\u00e9z az adakoz\u00e1st. Ez\u00e9rt a negat\u00edv er\u0151k a bal oldalunkon kereszt\u00fcl jutnak be a test\u00fcnkbe. \u00cdgy a V\u00f6r\u00f6s Fonal bal csukl\u00f3nkon val\u00f3 hord\u00e1s\u00e1val, a negat\u00edv er\u0151ket m\u00e1r a bel\u00e9p\u00e9s pillanat\u00e1ban fel tudjuk fogni, \u00e9s \u00e1t tudjuk alak\u00edtani. Fontos, hogy a fonalat egy olyan ember k\u00f6sse fel a csukl\u00f3nkra, akiben megb\u00edzunk, akit szeret\u00fcnk, \u00e9s aki viszont szeret benn\u00fcnket. De m\u00e9g a fonal felhelyez\u00e9se el\u0151tt k\u00e9rj\u00fck a F\u00e9nyt, hogy adjon er\u0151t ahhoz, hogy embert\u00e1rsaink fel\u00e9 kedvess\u00e9get, megbocs\u00e1t\u00e1st sug\u00e1rozzunk, tudjuk \u00e9rt\u00e9kelni \u00e9s megbecs\u00fclni, amink van, \u00e9s ne legy\u00fcnk f\u00e9lt\u00e9kenyek m\u00e1sok javaira. A fonalat a bal csukl\u00f3nkra el\u0151sz\u00f6r egy egyszer\u0171 csom\u00f3val k\u00f6ss\u00fck fel, majd ezt ism\u00e9telj\u00fck meg hat alkalommal, am\u00edg \u00f6sszesen h\u00e9t csom\u00f3t nem kapunk. Ezek a csom\u00f3k jelentik a feh\u00e9r f\u00e9nyt, melyet a sziv\u00e1rv\u00e1ny h\u00e9t sz\u00edne tartalmaz, \u00e9s a h\u00e9t spiritu\u00e1lis dimenzi\u00f3t, mely jelen val\u00f3s\u00e1gunkkal van \u00f6sszek\u00f6ttet\u00e9sben. Miut\u00e1n felker\u00fclt csukl\u00f3nkra a fonal, meg kell fogadnunk, hogy mindent megtesz\u00fcnk annak \u00e9rdek\u00e9ben, hogy elker\u00fclj\u00fck a negat\u00edv gondolatokat \u00e9s pletyk\u00e1kat, ak\u00e1rmennyire er\u0151s is legyen a k\u00eds\u00e9rt\u00e9s. Ha a V\u00f6r\u00f6s Fonal mag\u00e1t\u00f3l elszakad a kez\u00fcnk\u00f6n, az azt jelenti, hogy megtette a dolg\u00e1t. K\u00f6ss\u00fcnk fel egy m\u00e1sikat a csukl\u00f3nkra, ugyan\u00fagy, ahogy az el\u0151z\u0151t tett\u00fck fel. Ha azonban a V\u00f6r\u00f6s Fonal m\u00e1r p\u00e1r nap eltelt\u00e9vel leesik, nem \u00e1rt megvizsg\u00e1lnunk embert\u00e1rsainkhoz val\u00f3 viszonyunkat \u00e9s energi\u00e1inkat. A V\u00f6r\u00f6s Fonal visel\u00e9se mellett al\u00e1zatosnak is kell lenn\u00fcnk. Ne besz\u00e9lj\u00fcnk sokat saj\u00e1t sikereinkr\u0151l, mert \u00edgy k\u00f6nnyen az irigy tekintetek c\u00e9lpontj\u00e1v\u00e1 v\u00e1lhatunk. Ez nem az\u00e9rt t\u00f6rt\u00e9nik, mert az emberek alapvet\u0151en gonoszak, hanem mert \u00edgy m\u0171k\u00f6dik az emberi term\u00e9szet a materi\u00e1lis vil\u00e1gban. A sikereinkkel val\u00f3 henceg\u00e9skor, az \u00f6r\u00f6m\u00fcnk nagyj\u00e1b\u00f3l t\u00edz percig tart, m\u00edg a Gonos","price":"1790.00","unit":"db","recommended":"0","status":"1","sponsored":"0","exp_notify":"0","own_material":"0","own_material_description_old":null,"own_material_description":"","jury":"0","jury_number":"","product_nature":"","meskaracsony":"0","create_date":"2026-03-18 16:38:27","shelve_id":"8923","image":"ox_pirosvdelmezkarktpreciosa_4545157_01666094929965464557.jpeg","image_width":"480","image_height":"359","image_alt":"Piros V\u00e9delmez\u0151 kark\u00f6t\u0151 - Preciosa, Piros fonott v\u00e9delmez\u0151 kark\u00f6t\u0151 egy apr\u00f3 Preciosai krist\u00e1llyal Anyaga: Pamut Vastags\u00e1g:1,5mm Krist\u00e1ly..., Meska","image_title":"Piros V\u00e9delmez\u0151 kark\u00f6t\u0151 - Preciosa, Meska","view_count":"1193","favourite_count":"1","trending_score":"0","last2MonthFavouriteCount":"1","promotion":0,"giftcard_accept":"1","creditcard_accept":true,"enhanced_background":"0","domain":"meska","specific_customer_id":null,"specific_customer_name":null,"to_order_product":"0","to_order_product_time":"0","product_different":null,"product_different_description":"","vintage":"0","vintage_category_id":"0","recycled":"0","gemstone_id":"0","customizable":"1","type_category":"physical","zerowaste":"0","postage_price":"1290.00","shop_order":"0","has_category":"1","landing_pages":null,"microdata":{"number":97,"category":""},"title":"Piros V\u00e9delmez\u0151 kark\u00f6t\u0151 - Preciosa","description":"Piros fonott v\u00e9delmez\u0151 kark\u00f6t\u0151 egy apr\u00f3 Preciosai krist\u00e1llyal Anyaga: Pamut Vastags\u00e1g:1,5mm Krist\u00e1ly m\u00e9rete: 4mm A kark\u00f6t\u0151 m\u00e8rete a megk\u00f6t\u0151 r\u00e9sz n\u00e9lk\u00fcl \u00e8rtend\u0151!! A v\u00f6r\u00f6s fonal egy v\u00e9delmet ny\u00fajt\u00f3 eszk\u00f6z, melyet a kabbalista tan\u00edt\u00f3k hoztak be a k\u00f6ztudatba. K\u00e9tszeres funkci\u00f3ja van, megv\u00e9di visel\u0151j\u00e9t m\u00e1sok irigy tekintet\u00e9t\u0151l, valamint seg\u00edt megszabadulni a saj\u00e1t f\u00e9lt\u00e9kenys\u00e9gt\u0151l \u00e9s a Gonosz Szemt\u0151l. A fonal egy v\u00f6r\u00f6s gyapj\u00fasz\u00e1l, melyet a bal csukl\u00f3 k\u00f6r\u00fcl viselnek. A kabbala tan\u00edt\u00f3i szerint ez n\u00e9lk\u00fcl\u00f6zhetetlen eszk\u00f6z a testi \u00e9s lelki v\u00e9delem szempontj\u00e1b\u00f3l. H\u00e1romszor sodort (vagy h\u00e1rom \u00e1gban fonott) fonalat haszn\u00e1ljunk! A v\u00f6r\u00f6s fonalat a bal csukl\u00f3n viselj\u00fck. Ennek oka, hogy az energetikai tanok tud\u00f3sai felismert\u00e9k, hogy az energia a test bal oldal\u00e1n hatol be. A bal kar \u00e9s k\u00e9z a \u201ekap\u00e1s\u201d fogalm\u00e1hoz kapcsol\u00f3dik, a jobb kar \u00e9s k\u00e9z pedig az \u2018ad\u00e1s\u2019 erej\u00e9t foglalja mag\u00e1ba. Eszerint a negat\u00edv energi\u00e1k is a test bal oldal\u00e1n \u00e1ramlanak be. Ha a V\u00f6r\u00f6s Fonalat a bal csukl\u00f3nkon viselj\u00fck, a negat\u00edv energi\u00e1kat a behatol\u00e1s pillanat\u00e1ban feltart\u00f3ztatjuk. A fonal gondos el\u0151\u00edr\u00e1soknak megfelel\u0151en, h\u00e9t egym\u00e1st k\u00f6vet\u0151, sorozatos csom\u00f3ban van megk\u00f6tve, egy-egy csom\u00f3 azt a h\u00e9t spiritu\u00e1lis dimenzi\u00f3t jelk\u00e9pezi, amely a jelen val\u00f3s\u00e1gunkkal van \u00f6sszek\u00f6ttet\u00e9sben. Nagyon fontos, hogy egy olyan szem\u00e9ly k\u00f6sse fel a fonalunkat, aki szeret minket, \u00e9s akiben mi is m\u00e9lyen megb\u00edzunk. (Esetleg egy mester, vagy valaki akit nagyra tartunk) Mialatt a csom\u00f3t felk\u00f6ti r\u00e1nk valaki, mi azt k\u00e9rhetj\u00fck, hogy ez a szeretetteljes er\u0151 sug\u00e1rozzon r\u00e1nk \u00e9s embert\u00e1rsainkra, \u00e9s j\u00f3s\u00e1got, kegyelmet, h\u00e1l\u00e1t, \u00e9s a Gonosz Szem \u00f6r\u00f6k t\u00e1vol tart\u00e1s\u00e1t k\u00e9rhetj\u00fck. Gyakran szerelmes p\u00e1rok k\u00f6tik fel egym\u00e1s csukl\u00f3j\u00e1ra, egyfajta jelk\u00e9pek\u00e9nt annak, hogy igazi du\u00e1lp\u00e1rok, egym\u00e1st szeretik. A v\u00f6r\u00f6s fonal egy kedves jelk\u00e9p \u2013 nem fontos hinni benne, ink\u00e1bb az sz\u00e1m\u00edt, amit szimboliz\u00e1l! A csom\u00f3zott v\u00f6r\u00f6s fonalat addig kell viselni, m\u00edg le nem szakad r\u00f3lunk, nem kell levenni akkor sem, ha f\u00fcrd\u00fcnk, vagy ha munk\u00e1lkodunk. Egy\u00e1ltal\u00e1n nem szabad levenni! Ha a fonal leszakadt, figyelj\u00fck aznap a jeleket, mert aznap valami \u00e9rdekes, jelent\u0151s \u00fczenetet szoktunk kapni! Ha \u00fagy \u00e9rezz\u00fck, a fonalat \u00fajra fel lehet k\u00f6tni. A fonal felk\u00f6t\u00e9se nem veszi le a m\u00e1r rajtunk lev\u0151 ront\u00e1st, de seg\u00edt, hogy ne j\u00f6jj\u00f6n \u00fajabb! A V\u00f6r\u00f6s Fonal technik\u00e1j\u00e1t a kabbala b\u00f6lcsei fejlesztett\u00e9k ki, \u00e9s Izraelben jelent meg el\u0151sz\u00f6r. A bibliai \u0151sanya, R\u00e1hel s\u00edrj\u00e1t tekert\u00e9k k\u00f6rbe egykor v\u00f6r\u00f6s szalaggal. R\u00e1helt a kabbalist\u00e1k a vil\u00e1g \u0151sanyj\u00e1nak tartj\u00e1k, akinek legf\u0151bb v\u00e1gya a gyermekei v\u00e9delmez\u00e9se volt a gonoszt\u00f3l. Egy anya szeretet\u00e9n\u00e9l nincs hatalmasabb er\u0151 a vil\u00e1gon. \u00cdgy a V\u00f6r\u00f6s Fonalat a R\u00e1hel alakj\u00e1hoz val\u00f3 k\u00f6t\u0151d\u00e9s itatja \u00e1t a szeretet \u00e9s a v\u00e9delem erej\u00e9vel. Miut\u00e1n a h\u00edv\u0151k a s\u00edr k\u00f6r\u00e9 tekert\u00e9k a szalagot, azt darabokra v\u00e1gt\u00e1k, \u00e9s a bal csukl\u00f3jukon kezdt\u00e9k el viselni. A kabbala szerint minden a pozit\u00edv, vagy a negat\u00edv energi\u00e1hoz k\u00f6t\u0151dik. A f\u00e9lt\u00e9kenys\u00e9g \u00e9s irigys\u00e9g negat\u00edv energi\u00e1i a szemen kereszt\u00fcl sug\u00e1roznak ki, ebb\u0151l alakult ki az \u0151si kifejez\u00e9s, a Gonosz Szem. A Gonosz Szem az emberis\u00e9g b\u00f6lcsess\u00e9g\u00e9nek r\u00e9sze. A bal kar \u00e9s a bal k\u00e9z az elfogad\u00e1st k\u00e9pviseli, m\u00edg a jobb kar \u00e9s a jobb k\u00e9z az adakoz\u00e1st. Ez\u00e9rt a negat\u00edv er\u0151k a bal oldalunkon kereszt\u00fcl jutnak be a test\u00fcnkbe. \u00cdgy a V\u00f6r\u00f6s Fonal bal csukl\u00f3nkon val\u00f3 hord\u00e1s\u00e1val, a negat\u00edv er\u0151ket m\u00e1r a bel\u00e9p\u00e9s pillanat\u00e1ban fel tudjuk fogni, \u00e9s \u00e1t tudjuk alak\u00edtani. Fontos, hogy a fonalat egy olyan ember k\u00f6sse fel a csukl\u00f3nkra, akiben megb\u00edzunk, akit szeret\u00fcnk, \u00e9s aki viszont szeret benn\u00fcnket. De m\u00e9g a fonal felhelyez\u00e9se el\u0151tt k\u00e9rj\u00fck a F\u00e9nyt, hogy adjon er\u0151t ahhoz, hogy embert\u00e1rsaink fel\u00e9 kedvess\u00e9get, megbocs\u00e1t\u00e1st sug\u00e1rozzunk, tudjuk \u00e9rt\u00e9kelni \u00e9s megbecs\u00fclni, amink van, \u00e9s ne legy\u00fcnk f\u00e9lt\u00e9kenyek m\u00e1sok javaira. A fonalat a bal csukl\u00f3nkra el\u0151sz\u00f6r egy egyszer\u0171 csom\u00f3val k\u00f6ss\u00fck fel, majd ezt ism\u00e9telj\u00fck meg hat alkalommal, am\u00edg \u00f6sszesen h\u00e9t csom\u00f3t nem kapunk. Ezek a csom\u00f3k jelentik a feh\u00e9r f\u00e9nyt, melyet a sziv\u00e1rv\u00e1ny h\u00e9t sz\u00edne tartalmaz, \u00e9s a h\u00e9t spiritu\u00e1lis dimenzi\u00f3t, mely jelen val\u00f3s\u00e1gunkkal van \u00f6sszek\u00f6ttet\u00e9sben. Miut\u00e1n felker\u00fclt csukl\u00f3nkra a fonal, meg kell fogadnunk, hogy mindent megtesz\u00fcnk annak \u00e9rdek\u00e9ben, hogy elker\u00fclj\u00fck a negat\u00edv gondolatokat \u00e9s pletyk\u00e1kat, ak\u00e1rmennyire er\u0151s is legyen a k\u00eds\u00e9rt\u00e9s. Ha a V\u00f6r\u00f6s Fonal mag\u00e1t\u00f3l elszakad a kez\u00fcnk\u00f6n, az azt jelenti, hogy megtette a dolg\u00e1t. K\u00f6ss\u00fcnk fel egy m\u00e1sikat a csukl\u00f3nkra, ugyan\u00fagy, ahogy az el\u0151z\u0151t tett\u00fck fel. Ha azonban a V\u00f6r\u00f6s Fonal m\u00e1r p\u00e1r nap eltelt\u00e9vel leesik, nem \u00e1rt megvizsg\u00e1lnunk embert\u00e1rsainkhoz val\u00f3 viszonyunkat \u00e9s energi\u00e1inkat. A V\u00f6r\u00f6s Fonal visel\u00e9se mellett al\u00e1zatosnak is kell lenn\u00fcnk. Ne besz\u00e9lj\u00fcnk sokat saj\u00e1t sikereinkr\u0151l, mert \u00edgy k\u00f6nnyen az irigy tekintetek c\u00e9lpontj\u00e1v\u00e1 v\u00e1lhatunk. Ez nem az\u00e9rt t\u00f6rt\u00e9nik, mert az emberek alapvet\u0151en gonoszak, hanem mert \u00edgy m\u0171k\u00f6dik az emberi term\u00e9szet a materi\u00e1lis vil\u00e1gban. A sikereinkkel val\u00f3 henceg\u00e9skor, az \u00f6r\u00f6m\u00fcnk nagyj\u00e1b\u00f3l t\u00edz percig tart, m\u00edg a Gonos","score":0,"formatted_price":"1 790 Ft","image_url":"https:\/\/www.meska.hu\/img\/product\/small\/o\/x\/ox_pirosvdelmezkarktpreciosa_4545157_01666094929965464557.jpeg","formatted_url":"https:\/\/www.meska.hu\/p4811871-piros-vedelmezo-karkoto-preciosa","favourite":false,"in_stock":true,"avatar":"bigibizsu_avatar_13545_1606254153.jpg","delete_from":0,"is_enhanced_background":false,"is_enhanced":false,"product_selection_started":false,"is_active":true,"image_webp_url":"https:\/\/www.meska.hu\/img\/product\/small\/o\/x\/ox_pirosvdelmezkarktpreciosa_4545157_01666094929965464557.webp"},{"id":"6160198","shop_id":"44050","user_id":"632992","shop_name":"MadiKosar","shop_zip":"4220","product_code":"5761337","product_name_old":null,"product_name":"H\u00fasv\u00e9ti kos\u00e1r 20cm","category_string":"\u00dcnnepi d\u00edszek, dekor\u00e1ci\u00f3k, H\u00fasv\u00e9ti d\u00edszek \u00e9s dekor\u00e1ci\u00f3k, H\u00fasv\u00e9ti kos\u00e1r","technic_string":"Fon\u00e1s (csuh\u00e9, gy\u00e9k\u00e9ny, stb.)","category_1":"1818","category_2":"1803","category_3":"1806","category_4":"0","merged_category_1":null,"merged_category_2":null,"merged_category_3":null,"technic_1":"482","technic_2":"0","technic_3":"0","color_1":"521","color_2":"525","color_3":"0","product_description_old":null,"product_description":"K\u00e9zzel k\u00e9sz\u00edtett toj\u00e1sgy\u0171jt\u0151 h\u00fasv\u00e9ti kos\u00e1r. M\u00e9rete kb:20x15x20cm","price":"2500.00","unit":"db","recommended":"0","status":"1","sponsored":"0","exp_notify":"0","own_material":"0","own_material_description_old":null,"own_material_description":"","jury":"0","jury_number":"","product_nature":"","meskaracsony":"0","create_date":"2026-03-18 13:39:53","shelve_id":"0","image":"madikosar_product_632992_260318133707_613729.jpeg","image_width":"480","image_height":"360","image_alt":"H\u00fasv\u00e9ti kos\u00e1r 20cm, K\u00e9zzel k\u00e9sz\u00edtett toj\u00e1sgy\u0171jt\u0151 h\u00fasv\u00e9ti kos\u00e1r. M\u00e9rete kb:20x15x20cm, Meska","image_title":"H\u00fasv\u00e9ti kos\u00e1r 20cm, Meska","view_count":"117","favourite_count":"1","trending_score":"0","last2MonthFavouriteCount":"1","promotion":"0","giftcard_accept":"0","creditcard_accept":true,"enhanced_background":"0","domain":"meska","specific_customer_id":null,"specific_customer_name":null,"to_order_product":"0","to_order_product_time":"0","product_different":null,"product_different_description":"","vintage":"0","vintage_category_id":"0","recycled":"0","gemstone_id":"0","customizable":"0","type_category":"physical","zerowaste":"0","postage_price":"1890.00","shop_order":"0","has_category":"1","landing_pages":null,"microdata":{"number":98,"category":""},"title":"H\u00fasv\u00e9ti kos\u00e1r 20cm","description":"K\u00e9zzel k\u00e9sz\u00edtett toj\u00e1sgy\u0171jt\u0151 h\u00fasv\u00e9ti kos\u00e1r. M\u00e9rete kb:20x15x20cm","score":0,"formatted_price":"2 500 Ft","image_url":"https:\/\/www.meska.hu\/img\/product\/small\/m\/a\/madikosar_product_632992_260318133707_613729.jpeg","formatted_url":"https:\/\/www.meska.hu\/p5761337-husveti-kosar-20cm","favourite":false,"in_stock":true,"avatar":"632992_avatar_1706179559.png","delete_from":0,"is_enhanced_background":false,"is_enhanced":false,"product_selection_started":false,"is_active":true,"image_webp_url":"https:\/\/www.meska.hu\/img\/product\/small\/m\/a\/madikosar_product_632992_260318133707_613729.webp"}],"canonicals":{"canonical":"https:\/\/www.meska.hu\/s\/fonas-csuhe-gyekeny-stb\/t-482","next":"https:\/\/www.meska.hu\/s\/fonas-csuhe-gyekeny-stb\/t-482:p-2"},"seo":{"title":"K\u00e9zm\u0171ves term\u00e9kek - Meska.hu","seoTitle":"","seoDescription":"","metaDescription":"Magyar k\u00e9zm\u0171ves design term\u00e9kek hazai alkot\u00f3kt\u00f3l nagy v\u00e1laszt\u00e9kban, egyedi megrendel\u00e9sre is. \u2714\ufe0f N\u00e9zd meg az \u00f6sszes term\u00e9k\u00fcnk, \u00e9s rendelj k\u00edn\u00e1latunkb\u00f3l!","metaNoIndex":false,"metaNoFollow":false,"seoFound":false,"canonicals":"https:\/\/www.meska.hu\/s\/fonas-csuhe-gyekeny-stb\/t-482"},"breadcrumb":[{"position":1,"name":"Meska.hu","url":"https:\/\/www.meska.hu","last":true}],"h1":null,"url":{"url":"https:\/\/www.meska.hu\/s\/fonas-csuhe-gyekeny-stb\/t-482","title":"Mind","_debug_":false},"_count_":100}