{"_terms_":{"phrase":"*","category_id":"1515","category_ids":"1515","facets":"n","p":"1","pp":"100","sort_by":"create_date","sort_direction":"desc","product_type":"kezmuves|alapanyag|vintage","session_id":"gvjqte3mqhjlque21s4788fmto"},"total":23,"products":[{"id":"6148820","shop_id":"28652","user_id":"354010","shop_name":"babiblue","shop_zip":"3508","product_code":"5755030","product_name_old":null,"product_name":"Aut\u00f3s fejp\u00e1nt gyerek\u00fcl\u00e9shez","category_string":"Baba - mama, Utaz\u00e1si kell\u00e9kek, Gyerek\u00fcl\u00e9s fejp\u00e1nt","technic_string":"Varr\u00e1s","category_1":"1735","category_2":"1754","category_3":"1515","category_4":"0","merged_category_1":null,"merged_category_2":null,"merged_category_3":null,"technic_1":"506","technic_2":"0","technic_3":"0","color_1":"515","color_2":"532","color_3":"0","product_description_old":null,"product_description":"Aut\u00f3s fejt\u00e1masz megakad\u00e1jozza, hogy a gyerek\u00fcl\u00e9sben szundik\u00e1l\u00f3 gyermek feje el\u0151rebillenjen. P\u00e1ntja 4 cm sz\u00e9less\u00e9g\u0171 gumiszalag, az esetleges hirtelen f\u00e9kez\u00e9sn\u00e9l is rugalmasan tartja meg az alv\u00f3 gyermek fej\u00e9t. \n\nM\u00e9rete: textil 30\u00d710 cm. \nGumi sz\u00e9less\u00e9ge 4 cm.\nKer\u00fclete 96 cm+ a gumi ny\u00fal\u00e1sa.\nCsatja seg\u00edts\u00e9g\u00e9vel a sz\u00fcks\u00e9ges m\u00e9retre be\u00e1ll\u00edthat\u00f3. \n\nAnyaga: pamutv\u00e1szon vatelinnel steppelve, a fej fel\u0151li oldal\u00e1n puha sz\u0151rm\u00e9s wellsoft, gumi, \u00e9s m\u0171anyag tuckz\u00e1r. \n\nMos\u00e1s 40\u00b0-on,\nVasalni csak a pamutv\u00e1szon oldal\u00e1n. \nSz\u00e1ll\u00edt\u00e1s: ha MPL csomag automat\u00e1ba k\u00e9red, k\u00e9rlek \u00edrd meg \u00fczenetbe a csomag automata c\u00edm\u00e9t, \u00e9s sz\u00e1m\u00e1t. \n\n","price":"2900.00","unit":"db","recommended":"0","status":"1","sponsored":"0","exp_notify":"0","own_material":"0","own_material_description_old":null,"own_material_description":"","jury":"0","jury_number":"","product_nature":"","meskaracsony":"0","create_date":"2026-04-28 06:06:26","shelve_id":"66248","image":"babiblue_product_354010_241014142239_535766.jpeg","image_width":"480","image_height":"480","image_alt":"Aut\u00f3s fejp\u00e1nt gyerek\u00fcl\u00e9shez, Aut\u00f3s fejt\u00e1masz megakad\u00e1jozza, hogy a gyerek\u00fcl\u00e9sben szundik\u00e1l\u00f3 gyermek feje el\u0151rebillenjen. P\u00e1ntja 4..., Meska","image_title":"Aut\u00f3s fejp\u00e1nt gyerek\u00fcl\u00e9shez, Meska","view_count":"79","favourite_count":"0","trending_score":"0","last2MonthFavouriteCount":"0","promotion":"0","giftcard_accept":"1","creditcard_accept":false,"enhanced_background":"0","domain":"meska","specific_customer_id":null,"specific_customer_name":null,"to_order_product":"1","to_order_product_time":"6","product_different":null,"product_different_description":"","vintage":"0","vintage_category_id":"0","recycled":"0","gemstone_id":"0","customizable":"0","type_category":"physical","zerowaste":"0","postage_price":"1400.00","shop_order":"93","has_category":"1","landing_pages":null,"microdata":{"number":1,"category":""},"title":"Aut\u00f3s fejp\u00e1nt gyerek\u00fcl\u00e9shez","description":"Aut\u00f3s fejt\u00e1masz megakad\u00e1jozza, hogy a gyerek\u00fcl\u00e9sben szundik\u00e1l\u00f3 gyermek feje el\u0151rebillenjen. P\u00e1ntja 4 cm sz\u00e9less\u00e9g\u0171 gumiszalag, az esetleges hirtelen f\u00e9kez\u00e9sn\u00e9l is rugalmasan tartja meg az alv\u00f3 gyermek fej\u00e9t. \n\nM\u00e9rete: textil 30\u00d710 cm. \nGumi sz\u00e9less\u00e9ge 4 cm.\nKer\u00fclete 96 cm+ a gumi ny\u00fal\u00e1sa.\nCsatja seg\u00edts\u00e9g\u00e9vel a sz\u00fcks\u00e9ges m\u00e9retre be\u00e1ll\u00edthat\u00f3. \n\nAnyaga: pamutv\u00e1szon vatelinnel steppelve, a fej fel\u0151li oldal\u00e1n puha sz\u0151rm\u00e9s wellsoft, gumi, \u00e9s m\u0171anyag tuckz\u00e1r. \n\nMos\u00e1s 40\u00b0-on,\nVasalni csak a pamutv\u00e1szon oldal\u00e1n. \nSz\u00e1ll\u00edt\u00e1s: ha MPL csomag automat\u00e1ba k\u00e9red, k\u00e9rlek \u00edrd meg \u00fczenetbe a csomag automata c\u00edm\u00e9t, \u00e9s sz\u00e1m\u00e1t. \n\n","score":0,"formatted_price":"2 900 Ft","image_url":"https:\/\/www.meska.hu\/img\/product\/small\/b\/a\/babiblue_product_354010_241014142239_535766.jpeg","formatted_url":"https:\/\/www.meska.hu\/p5755030-autos-fejpant-gyerekuleshez","favourite":false,"in_stock":false,"avatar":"babiblue_avatar_354010_1597668286.jpg","delete_from":0,"is_enhanced_background":false,"is_enhanced":false,"product_selection_started":false,"is_active":true,"image_webp_url":"https:\/\/www.meska.hu\/img\/product\/small\/b\/a\/babiblue_product_354010_241014142239_535766.webp"},{"id":"5897223","shop_id":"28652","user_id":"354010","shop_name":"babiblue","shop_zip":"3508","product_code":"5609438","product_name_old":null,"product_name":"Aut\u00f3s fejp\u00e1nt gyerek\u00fcl\u00e9shez","category_string":"Baba - mama, Utaz\u00e1si kell\u00e9kek, Gyerek\u00fcl\u00e9s fejp\u00e1nt","technic_string":"Varr\u00e1s","category_1":"1735","category_2":"1754","category_3":"1515","category_4":"0","merged_category_1":null,"merged_category_2":null,"merged_category_3":null,"technic_1":"506","technic_2":"0","technic_3":"0","color_1":"521","color_2":"532","color_3":"525","product_description_old":null,"product_description":"Aut\u00f3s fejt\u00e1masz megakad\u00e1jozza, hogy a gyerek\u00fcl\u00e9sben szundik\u00e1l\u00f3 gyermek feje el\u0151rebillenjen. P\u00e1ntja 4 cm sz\u00e9less\u00e9g\u0171 gumi, az esetleges hirtelen f\u00e9kez\u00e9sn\u00e9l is rugalmasan tartja meg az alv\u00f3 gyermek fej\u00e9t. \n\nM\u00e9rete: textil 30\u00d710 cm. \nGumi sz\u00e9less\u00e9ge 4 cm.\nKer\u00fclete 96 cm+ a gumi ny\u00fal\u00e1sa.\nCsatja seg\u00edts\u00e9g\u00e9vel a sz\u00fcks\u00e9ges m\u00e9retre be\u00e1ll\u00edthat\u00f3. \n\nAnyaga: pamutv\u00e1szon vatelinnel steppelve, a fej fel\u0151li oldal\u00e1n puha sz\u0151rm\u00e9s wellsoft, gumi, \u00e9s m\u0171anyag tuckz\u00e1r. \n\nMos\u00e1s 40\u00b0-on, vasal\u00e1s a gumi kihagy\u00e1s\u00e1val, a poli\u00e9szter b\u00e9l\u00e9s miatt \u00f3vatosan.\nSz\u00e1ll\u00edt\u00e1s: ha MPL csomag automat\u00e1ba k\u00e9red, k\u00e9rlek \u00edrd meg \u00fczenetbe a csomag automata c\u00edm\u00e9t, \u00e9s sz\u00e1m\u00e1t. \n\n","price":"2900.00","unit":"db","recommended":"0","status":"1","sponsored":"0","exp_notify":"0","own_material":"0","own_material_description_old":null,"own_material_description":"","jury":"0","jury_number":"","product_nature":"","meskaracsony":"0","create_date":"2026-04-20 22:23:22","shelve_id":"66248","image":"babiblue_product_354010_231127201111_05473.jpeg","image_width":"480","image_height":"480","image_alt":"Aut\u00f3s fejp\u00e1nt gyerek\u00fcl\u00e9shez, Aut\u00f3s fejt\u00e1masz megakad\u00e1jozza, hogy a gyerek\u00fcl\u00e9sben szundik\u00e1l\u00f3 gyermek feje el\u0151rebillenjen. P\u00e1ntja 4..., Meska","image_title":"Aut\u00f3s fejp\u00e1nt gyerek\u00fcl\u00e9shez, Meska","view_count":"300","favourite_count":"0","trending_score":"0","last2MonthFavouriteCount":"0","promotion":"0","giftcard_accept":"1","creditcard_accept":false,"enhanced_background":"0","domain":"meska","specific_customer_id":null,"specific_customer_name":null,"to_order_product":"1","to_order_product_time":"5","product_different":null,"product_different_description":"","vintage":"0","vintage_category_id":"0","recycled":"0","gemstone_id":"0","customizable":"0","type_category":"physical","zerowaste":"0","postage_price":"1400.00","shop_order":"2","has_category":"1","landing_pages":null,"microdata":{"number":2,"category":""},"title":"Aut\u00f3s fejp\u00e1nt gyerek\u00fcl\u00e9shez","description":"Aut\u00f3s fejt\u00e1masz megakad\u00e1jozza, hogy a gyerek\u00fcl\u00e9sben szundik\u00e1l\u00f3 gyermek feje el\u0151rebillenjen. P\u00e1ntja 4 cm sz\u00e9less\u00e9g\u0171 gumi, az esetleges hirtelen f\u00e9kez\u00e9sn\u00e9l is rugalmasan tartja meg az alv\u00f3 gyermek fej\u00e9t. \n\nM\u00e9rete: textil 30\u00d710 cm. \nGumi sz\u00e9less\u00e9ge 4 cm.\nKer\u00fclete 96 cm+ a gumi ny\u00fal\u00e1sa.\nCsatja seg\u00edts\u00e9g\u00e9vel a sz\u00fcks\u00e9ges m\u00e9retre be\u00e1ll\u00edthat\u00f3. \n\nAnyaga: pamutv\u00e1szon vatelinnel steppelve, a fej fel\u0151li oldal\u00e1n puha sz\u0151rm\u00e9s wellsoft, gumi, \u00e9s m\u0171anyag tuckz\u00e1r. \n\nMos\u00e1s 40\u00b0-on, vasal\u00e1s a gumi kihagy\u00e1s\u00e1val, a poli\u00e9szter b\u00e9l\u00e9s miatt \u00f3vatosan.\nSz\u00e1ll\u00edt\u00e1s: ha MPL csomag automat\u00e1ba k\u00e9red, k\u00e9rlek \u00edrd meg \u00fczenetbe a csomag automata c\u00edm\u00e9t, \u00e9s sz\u00e1m\u00e1t. \n\n","score":0,"formatted_price":"2 900 Ft","image_url":"https:\/\/www.meska.hu\/img\/product\/small\/b\/a\/babiblue_product_354010_231127201111_05473.jpeg","formatted_url":"https:\/\/www.meska.hu\/p5609438-autos-fejpant-gyerekuleshez","favourite":false,"in_stock":false,"avatar":"babiblue_avatar_354010_1597668286.jpg","delete_from":0,"is_enhanced_background":false,"is_enhanced":false,"product_selection_started":false,"is_active":true,"image_webp_url":"https:\/\/www.meska.hu\/img\/product\/small\/b\/a\/babiblue_product_354010_231127201111_05473.webp"},{"id":"6180962","shop_id":"28652","user_id":"354010","shop_name":"babiblue","shop_zip":"3508","product_code":"5770976","product_name_old":null,"product_name":"Aut\u00f3s fejp\u00e1nt gyerek\u00fcl\u00e9shez","category_string":"Baba - mama, Utaz\u00e1si kell\u00e9kek, Gyerek\u00fcl\u00e9s fejp\u00e1nt","technic_string":"Varr\u00e1s","category_1":"1735","category_2":"1754","category_3":"1515","category_4":"0","merged_category_1":null,"merged_category_2":null,"merged_category_3":null,"technic_1":"506","technic_2":"0","technic_3":"0","color_1":"532","color_2":"525","color_3":"527","product_description_old":null,"product_description":"Aut\u00f3s fejt\u00e1masz megakad\u00e1jozza, hogy a gyerek\u00fcl\u00e9sben szundik\u00e1l\u00f3 gyermek feje el\u0151rebillenjen. P\u00e1ntja 4 cm sz\u00e9less\u00e9g\u0171 gumiszalag, az esetleges hirtelen f\u00e9kez\u00e9sn\u00e9l is rugalmasan tartja meg az alv\u00f3 gyermek fej\u00e9t. \n\nM\u00e9rete: textil 30\u00d710 cm. \nGumi sz\u00e9less\u00e9ge 4 cm.\nKer\u00fclete 96 cm+ a gumi ny\u00fal\u00e1sa.\nCsatja seg\u00edts\u00e9g\u00e9vel a sz\u00fcks\u00e9ges m\u00e9retre be\u00e1ll\u00edthat\u00f3. \n\nAnyaga: pamutv\u00e1szon vatelinnel steppelve, a fej fel\u0151li oldal\u00e1n puha sz\u0151rm\u00e9s wellsoft, gumi, \u00e9s m\u0171anyag tuckz\u00e1r. \n\nMos\u00e1s 40\u00b0-on, vasal\u00e1s a gumi kihagy\u00e1s\u00e1val, a poli\u00e9szter b\u00e9l\u00e9s miatt \u00f3vatosan.\nSz\u00e1ll\u00edt\u00e1s: ha MPL csomag automat\u00e1ba k\u00e9red, k\u00e9rlek \u00edrd meg \u00fczenetbe a csomag automata c\u00edm\u00e9t, \u00e9s sz\u00e1m\u00e1t. \n\n","price":"2900.00","unit":"db","recommended":"0","status":"1","sponsored":"0","exp_notify":"0","own_material":"0","own_material_description_old":null,"own_material_description":"","jury":"0","jury_number":"","product_nature":"","meskaracsony":"0","create_date":"2026-04-12 09:13:54","shelve_id":"66248","image":"babiblue_product_354010_231127152928_137826.jpeg","image_width":"480","image_height":"480","image_alt":"Aut\u00f3s fejp\u00e1nt gyerek\u00fcl\u00e9shez, Aut\u00f3s fejt\u00e1masz megakad\u00e1jozza, hogy a gyerek\u00fcl\u00e9sben szundik\u00e1l\u00f3 gyermek feje el\u0151rebillenjen. P\u00e1ntja 4..., Meska","image_title":"Aut\u00f3s fejp\u00e1nt gyerek\u00fcl\u00e9shez, Meska","view_count":"24","favourite_count":"0","trending_score":"0","last2MonthFavouriteCount":"0","promotion":"0","giftcard_accept":"1","creditcard_accept":false,"enhanced_background":"0","domain":"meska","specific_customer_id":null,"specific_customer_name":null,"to_order_product":"1","to_order_product_time":"6","product_different":null,"product_different_description":"","vintage":"0","vintage_category_id":"0","recycled":"0","gemstone_id":"0","customizable":"0","type_category":"physical","zerowaste":"0","postage_price":"1400.00","shop_order":"1","has_category":"1","landing_pages":null,"microdata":{"number":3,"category":""},"title":"Aut\u00f3s fejp\u00e1nt gyerek\u00fcl\u00e9shez","description":"Aut\u00f3s fejt\u00e1masz megakad\u00e1jozza, hogy a gyerek\u00fcl\u00e9sben szundik\u00e1l\u00f3 gyermek feje el\u0151rebillenjen. P\u00e1ntja 4 cm sz\u00e9less\u00e9g\u0171 gumiszalag, az esetleges hirtelen f\u00e9kez\u00e9sn\u00e9l is rugalmasan tartja meg az alv\u00f3 gyermek fej\u00e9t. \n\nM\u00e9rete: textil 30\u00d710 cm. \nGumi sz\u00e9less\u00e9ge 4 cm.\nKer\u00fclete 96 cm+ a gumi ny\u00fal\u00e1sa.\nCsatja seg\u00edts\u00e9g\u00e9vel a sz\u00fcks\u00e9ges m\u00e9retre be\u00e1ll\u00edthat\u00f3. \n\nAnyaga: pamutv\u00e1szon vatelinnel steppelve, a fej fel\u0151li oldal\u00e1n puha sz\u0151rm\u00e9s wellsoft, gumi, \u00e9s m\u0171anyag tuckz\u00e1r. \n\nMos\u00e1s 40\u00b0-on, vasal\u00e1s a gumi kihagy\u00e1s\u00e1val, a poli\u00e9szter b\u00e9l\u00e9s miatt \u00f3vatosan.\nSz\u00e1ll\u00edt\u00e1s: ha MPL csomag automat\u00e1ba k\u00e9red, k\u00e9rlek \u00edrd meg \u00fczenetbe a csomag automata c\u00edm\u00e9t, \u00e9s sz\u00e1m\u00e1t. \n\n","score":0,"formatted_price":"2 900 Ft","image_url":"https:\/\/www.meska.hu\/img\/product\/small\/b\/a\/babiblue_product_354010_231127152928_137826.jpeg","formatted_url":"https:\/\/www.meska.hu\/p5770976-autos-fejpant-gyerekuleshez","favourite":false,"in_stock":false,"avatar":"babiblue_avatar_354010_1597668286.jpg","delete_from":0,"is_enhanced_background":false,"is_enhanced":false,"product_selection_started":false,"is_active":true,"image_webp_url":"https:\/\/www.meska.hu\/img\/product\/small\/b\/a\/babiblue_product_354010_231127152928_137826.webp"},{"id":"6175885","shop_id":"28652","user_id":"354010","shop_name":"babiblue","shop_zip":"3508","product_code":"5768669","product_name_old":null,"product_name":"Aut\u00f3s fejp\u00e1nt gyerek\u00fcl\u00e9shez","category_string":"Baba - mama, Utaz\u00e1si kell\u00e9kek, Gyerek\u00fcl\u00e9s fejp\u00e1nt","technic_string":"Varr\u00e1s","category_1":"1735","category_2":"1754","category_3":"1515","category_4":"0","merged_category_1":null,"merged_category_2":null,"merged_category_3":null,"technic_1":"506","technic_2":"0","technic_3":"0","color_1":"519","color_2":"532","color_3":"528","product_description_old":null,"product_description":"Aut\u00f3s fejt\u00e1masz megakad\u00e1jozza, hogy a gyerek\u00fcl\u00e9sben szundik\u00e1l\u00f3 gyermek feje el\u0151rebillenjen. P\u00e1ntja 4 cm sz\u00e9less\u00e9g\u0171 gumiszalag, az esetleges hirtelen f\u00e9kez\u00e9sn\u00e9l is rugalmasan tartja meg az alv\u00f3 gyermek fej\u00e9t. \n\nM\u00e9rete: textil 30\u00d710 cm. \nGumi sz\u00e9less\u00e9ge 4 cm.\nKer\u00fclete 96 cm+ a gumi ny\u00fal\u00e1sa.\nCsatja seg\u00edts\u00e9g\u00e9vel a sz\u00fcks\u00e9ges m\u00e9retre be\u00e1ll\u00edthat\u00f3. \n\nAnyaga: pamutv\u00e1szon vatelinnel steppelve, a fej fel\u0151li oldal\u00e1n puha sz\u0151rm\u00e9s wellsoft, gumi, \u00e9s m\u0171anyag tuckz\u00e1r. \n\nMos\u00e1s 40\u00b0-on, \nVasalni csak a pamutv\u00e1szon oldal\u00e1n. \nSz\u00e1ll\u00edt\u00e1s: ha MPL csomag automat\u00e1ba k\u00e9red, k\u00e9rlek \u00edrd meg \u00fczenetbe a csomag automata c\u00edm\u00e9t, \u00e9s sz\u00e1m\u00e1t. \n\n","price":"2900.00","unit":"db","recommended":"0","status":"1","sponsored":"0","exp_notify":"0","own_material":"0","own_material_description_old":null,"own_material_description":"","jury":"0","jury_number":"","product_nature":"","meskaracsony":"0","create_date":"2026-04-06 11:35:40","shelve_id":"66248","image":"babiblue_product_354010_241014142418_640487.jpeg","image_width":"480","image_height":"480","image_alt":"Aut\u00f3s fejp\u00e1nt gyerek\u00fcl\u00e9shez, Aut\u00f3s fejt\u00e1masz megakad\u00e1jozza, hogy a gyerek\u00fcl\u00e9sben szundik\u00e1l\u00f3 gyermek feje el\u0151rebillenjen. P\u00e1ntja 4..., Meska","image_title":"Aut\u00f3s fejp\u00e1nt gyerek\u00fcl\u00e9shez, Meska","view_count":"23","favourite_count":"0","trending_score":"0","last2MonthFavouriteCount":"0","promotion":"0","giftcard_accept":"1","creditcard_accept":false,"enhanced_background":"0","domain":"meska","specific_customer_id":null,"specific_customer_name":null,"to_order_product":"1","to_order_product_time":"6","product_different":null,"product_different_description":"","vintage":"0","vintage_category_id":"0","recycled":"0","gemstone_id":"0","customizable":"0","type_category":"physical","zerowaste":"0","postage_price":"1400.00","shop_order":"1","has_category":"1","landing_pages":null,"microdata":{"number":4,"category":""},"title":"Aut\u00f3s fejp\u00e1nt gyerek\u00fcl\u00e9shez","description":"Aut\u00f3s fejt\u00e1masz megakad\u00e1jozza, hogy a gyerek\u00fcl\u00e9sben szundik\u00e1l\u00f3 gyermek feje el\u0151rebillenjen. P\u00e1ntja 4 cm sz\u00e9less\u00e9g\u0171 gumiszalag, az esetleges hirtelen f\u00e9kez\u00e9sn\u00e9l is rugalmasan tartja meg az alv\u00f3 gyermek fej\u00e9t. \n\nM\u00e9rete: textil 30\u00d710 cm. \nGumi sz\u00e9less\u00e9ge 4 cm.\nKer\u00fclete 96 cm+ a gumi ny\u00fal\u00e1sa.\nCsatja seg\u00edts\u00e9g\u00e9vel a sz\u00fcks\u00e9ges m\u00e9retre be\u00e1ll\u00edthat\u00f3. \n\nAnyaga: pamutv\u00e1szon vatelinnel steppelve, a fej fel\u0151li oldal\u00e1n puha sz\u0151rm\u00e9s wellsoft, gumi, \u00e9s m\u0171anyag tuckz\u00e1r. \n\nMos\u00e1s 40\u00b0-on, \nVasalni csak a pamutv\u00e1szon oldal\u00e1n. \nSz\u00e1ll\u00edt\u00e1s: ha MPL csomag automat\u00e1ba k\u00e9red, k\u00e9rlek \u00edrd meg \u00fczenetbe a csomag automata c\u00edm\u00e9t, \u00e9s sz\u00e1m\u00e1t. \n\n","score":0,"formatted_price":"2 900 Ft","image_url":"https:\/\/www.meska.hu\/img\/product\/small\/b\/a\/babiblue_product_354010_241014142418_640487.jpeg","formatted_url":"https:\/\/www.meska.hu\/p5768669-autos-fejpant-gyerekuleshez","favourite":false,"in_stock":false,"avatar":"babiblue_avatar_354010_1597668286.jpg","delete_from":0,"is_enhanced_background":false,"is_enhanced":false,"product_selection_started":false,"is_active":true,"image_webp_url":"https:\/\/www.meska.hu\/img\/product\/small\/b\/a\/babiblue_product_354010_241014142418_640487.webp"},{"id":"3479754","shop_id":"28957","user_id":"359617","shop_name":"EvaDecor","shop_zip":"1015","product_code":"4286336","product_name_old":null,"product_name":"P\u00f6tty\u00f6s AUT\u00d3S FEJP\u00c1NT GYEREK\u00dcL\u00c9SHEZ","category_string":"Baba - mama, Gyerek\u00fcl\u00e9s fejp\u00e1nt, Utaz\u00e1si kell\u00e9kek","technic_string":"Varr\u00e1s","category_1":"1515","category_2":"1754","category_3":"1735","category_4":"0","merged_category_1":"0","merged_category_2":"784","merged_category_3":"0","technic_1":"506","technic_2":"0","technic_3":"0","color_1":"533","color_2":"525","color_3":"528","product_description_old":null,"product_description":"A gyerek\u00fcl\u00e9s fejt\u00e1ml\u00e1j\u00e1ra h\u00fazva r\u00f6gz\u00edti a gyermek fej\u00e9t.\n\nKorl\u00e1tozza a fej mozg\u00e1s\u00e1t, el\u0151re buk\u00e1s\u00e1t, \u00edgy biztos\u00edtja a gond n\u00e9lk\u00fcli alv\u00e1st aut\u00f3z\u00e1s k\u00f6zben.\n\nAlv\u00e1s ut\u00e1n aj\u00e1nlott levenni a fejt\u00e1ml\u00e1r\u00f3l a gyermek biztons\u00e1ga \u00e9rdek\u00e9ben.\n\nM\u00c9RETE\nA fejtart\u00f3 p\u00e1rna hossz\u00fas\u00e1ga 36 cm, sz\u00e9less\u00e9ge 7 cm.\nA p\u00e1nt 2 gumis r\u00e9sze \u00f6sszekapcsolhat\u00f3 csattal, HOSSZ\u00daS\u00c1GA \u00c1LL\u00cdTHAT\u00d3, maximum ker\u00fclete 100 cm. A mint\u00e1k elhelyezked\u00e9se a term\u00e9ken m\u00e1shov\u00e1 eshet a k\u00e9pen l\u00e1that\u00f3hoz k\u00e9pest.\n\nMOS\u00c1S\nLangyos v\u00edzben k\u00e9zzel mosva, k\u00f6zepesen csavarva, leveg\u0151n sz\u00e1r\u00edtva.\n\nVASAL\u00c1SA\nMivel a k\u00e9t anyag k\u00f6z\u00f6tt vatelin tal\u00e1lhat\u00f3, alacsony h\u0151fokon vasalhat\u00f3.\n","price":"2199.00","unit":"db","recommended":"0","status":"1","sponsored":"0","exp_notify":"0","own_material":"0","own_material_description_old":null,"own_material_description":"","jury":"0","jury_number":"","product_nature":"","meskaracsony":"0","create_date":"2026-04-05 18:36:44","shelve_id":"63161","image":"evadecor_product_359617_210915102722_039172.jpeg","image_width":"480","image_height":"480","image_alt":"P\u00f6tty\u00f6s AUT\u00d3S FEJP\u00c1NT GYEREK\u00dcL\u00c9SHEZ, A gyerek\u00fcl\u00e9s fejt\u00e1ml\u00e1j\u00e1ra h\u00fazva r\u00f6gz\u00edti a gyermek fej\u00e9t.\\n\\nKorl\u00e1tozza a fej mozg\u00e1s\u00e1t, el\u0151re buk\u00e1s\u00e1t, ..., Meska","image_title":"P\u00f6tty\u00f6s AUT\u00d3S FEJP\u00c1NT GYEREK\u00dcL\u00c9SHEZ, Meska","view_count":"2642","favourite_count":"0","trending_score":"0","last2MonthFavouriteCount":"0","promotion":"0","giftcard_accept":"1","creditcard_accept":false,"enhanced_background":"0","domain":"meska","specific_customer_id":null,"specific_customer_name":null,"to_order_product":"0","to_order_product_time":"0","product_different":null,"product_different_description":"","vintage":"0","vintage_category_id":"0","recycled":"0","gemstone_id":"0","customizable":"0","type_category":"physical","zerowaste":"0","postage_price":"1290.00","shop_order":"36","has_category":"1","landing_pages":null,"microdata":{"number":5,"category":""},"title":"P\u00f6tty\u00f6s AUT\u00d3S FEJP\u00c1NT GYEREK\u00dcL\u00c9SHEZ","description":"A gyerek\u00fcl\u00e9s fejt\u00e1ml\u00e1j\u00e1ra h\u00fazva r\u00f6gz\u00edti a gyermek fej\u00e9t.\n\nKorl\u00e1tozza a fej mozg\u00e1s\u00e1t, el\u0151re buk\u00e1s\u00e1t, \u00edgy biztos\u00edtja a gond n\u00e9lk\u00fcli alv\u00e1st aut\u00f3z\u00e1s k\u00f6zben.\n\nAlv\u00e1s ut\u00e1n aj\u00e1nlott levenni a fejt\u00e1ml\u00e1r\u00f3l a gyermek biztons\u00e1ga \u00e9rdek\u00e9ben.\n\nM\u00c9RETE\nA fejtart\u00f3 p\u00e1rna hossz\u00fas\u00e1ga 36 cm, sz\u00e9less\u00e9ge 7 cm.\nA p\u00e1nt 2 gumis r\u00e9sze \u00f6sszekapcsolhat\u00f3 csattal, HOSSZ\u00daS\u00c1GA \u00c1LL\u00cdTHAT\u00d3, maximum ker\u00fclete 100 cm. A mint\u00e1k elhelyezked\u00e9se a term\u00e9ken m\u00e1shov\u00e1 eshet a k\u00e9pen l\u00e1that\u00f3hoz k\u00e9pest.\n\nMOS\u00c1S\nLangyos v\u00edzben k\u00e9zzel mosva, k\u00f6zepesen csavarva, leveg\u0151n sz\u00e1r\u00edtva.\n\nVASAL\u00c1SA\nMivel a k\u00e9t anyag k\u00f6z\u00f6tt vatelin tal\u00e1lhat\u00f3, alacsony h\u0151fokon vasalhat\u00f3.\n","score":0,"formatted_price":"2 199 Ft","image_url":"https:\/\/www.meska.hu\/img\/product\/small\/e\/v\/evadecor_product_359617_210915102722_039172.jpeg","formatted_url":"https:\/\/www.meska.hu\/p4286336-pottyos-autos-fejpant-gyerekuleshez","favourite":false,"in_stock":true,"avatar":"EvaDecor_avatar_359617_1678357597.jpg","delete_from":0,"is_enhanced_background":false,"is_enhanced":false,"product_selection_started":false,"is_active":true,"image_webp_url":"https:\/\/www.meska.hu\/img\/product\/small\/e\/v\/evadecor_product_359617_210915102722_039172.webp"},{"id":"6163258","shop_id":"28652","user_id":"354010","shop_name":"babiblue","shop_zip":"3508","product_code":"5762733","product_name_old":null,"product_name":"Aut\u00f3s fejp\u00e1nt gyerek\u00fcl\u00e9shez","category_string":"Baba - mama, Utaz\u00e1si kell\u00e9kek, Gyerek\u00fcl\u00e9s fejp\u00e1nt","technic_string":"Varr\u00e1s","category_1":"1735","category_2":"1754","category_3":"1515","category_4":"0","merged_category_1":null,"merged_category_2":null,"merged_category_3":null,"technic_1":"506","technic_2":"0","technic_3":"0","color_1":"519","color_2":"532","color_3":"0","product_description_old":null,"product_description":"Aut\u00f3s fejt\u00e1masz megakad\u00e1jozza, hogy a gyerek\u00fcl\u00e9sben szundik\u00e1l\u00f3 gyermek feje el\u0151rebillenjen. P\u00e1ntja 4 cm sz\u00e9less\u00e9g\u0171 gumiszalag, az esetleges hirtelen f\u00e9kez\u00e9sn\u00e9l is rugalmasan tartja meg az alv\u00f3 gyermek fej\u00e9t. \n\nM\u00e9rete: textil 30\u00d710 cm. \nGumi sz\u00e9less\u00e9ge 4 cm.\nKer\u00fclete 96 cm+ a gumi ny\u00fal\u00e1sa.\nCsatja seg\u00edts\u00e9g\u00e9vel a sz\u00fcks\u00e9ges m\u00e9retre be\u00e1ll\u00edthat\u00f3. \n\nAnyaga: pamutv\u00e1szon vatelinnel steppelve, a fej fel\u0151li oldal\u00e1n puha sz\u0151rm\u00e9s wellsoft, gumi, \u00e9s m\u0171anyag tuckz\u00e1r. \n\nMos\u00e1s 40\u00b0-on, \nVasalni csak a pamutv\u00e1szon oldal\u00e1n. \nSz\u00e1ll\u00edt\u00e1s: ha MPL csomag automat\u00e1ba k\u00e9red, k\u00e9rlek \u00edrd meg \u00fczenetbe a csomag automata c\u00edm\u00e9t, \u00e9s sz\u00e1m\u00e1t. \n\n","price":"2900.00","unit":"db","recommended":"0","status":"1","sponsored":"0","exp_notify":"0","own_material":"0","own_material_description_old":null,"own_material_description":"","jury":"0","jury_number":"","product_nature":"","meskaracsony":"0","create_date":"2026-03-21 14:21:26","shelve_id":"66248","image":"babiblue_product_354010_250406142104_995438.jpeg","image_width":"480","image_height":"480","image_alt":"Aut\u00f3s fejp\u00e1nt gyerek\u00fcl\u00e9shez, Aut\u00f3s fejt\u00e1masz megakad\u00e1jozza, hogy a gyerek\u00fcl\u00e9sben szundik\u00e1l\u00f3 gyermek feje el\u0151rebillenjen. P\u00e1ntja 4..., Meska","image_title":"Aut\u00f3s fejp\u00e1nt gyerek\u00fcl\u00e9shez, Meska","view_count":"52","favourite_count":"0","trending_score":"0","last2MonthFavouriteCount":"0","promotion":"0","giftcard_accept":"1","creditcard_accept":false,"enhanced_background":"0","domain":"meska","specific_customer_id":null,"specific_customer_name":null,"to_order_product":"1","to_order_product_time":"5","product_different":null,"product_different_description":"","vintage":"0","vintage_category_id":"0","recycled":"0","gemstone_id":"0","customizable":"0","type_category":"physical","zerowaste":"0","postage_price":"1400.00","shop_order":"1","has_category":"1","landing_pages":null,"microdata":{"number":6,"category":""},"title":"Aut\u00f3s fejp\u00e1nt gyerek\u00fcl\u00e9shez","description":"Aut\u00f3s fejt\u00e1masz megakad\u00e1jozza, hogy a gyerek\u00fcl\u00e9sben szundik\u00e1l\u00f3 gyermek feje el\u0151rebillenjen. P\u00e1ntja 4 cm sz\u00e9less\u00e9g\u0171 gumiszalag, az esetleges hirtelen f\u00e9kez\u00e9sn\u00e9l is rugalmasan tartja meg az alv\u00f3 gyermek fej\u00e9t. \n\nM\u00e9rete: textil 30\u00d710 cm. \nGumi sz\u00e9less\u00e9ge 4 cm.\nKer\u00fclete 96 cm+ a gumi ny\u00fal\u00e1sa.\nCsatja seg\u00edts\u00e9g\u00e9vel a sz\u00fcks\u00e9ges m\u00e9retre be\u00e1ll\u00edthat\u00f3. \n\nAnyaga: pamutv\u00e1szon vatelinnel steppelve, a fej fel\u0151li oldal\u00e1n puha sz\u0151rm\u00e9s wellsoft, gumi, \u00e9s m\u0171anyag tuckz\u00e1r. \n\nMos\u00e1s 40\u00b0-on, \nVasalni csak a pamutv\u00e1szon oldal\u00e1n. \nSz\u00e1ll\u00edt\u00e1s: ha MPL csomag automat\u00e1ba k\u00e9red, k\u00e9rlek \u00edrd meg \u00fczenetbe a csomag automata c\u00edm\u00e9t, \u00e9s sz\u00e1m\u00e1t. \n\n","score":0,"formatted_price":"2 900 Ft","image_url":"https:\/\/www.meska.hu\/img\/product\/small\/b\/a\/babiblue_product_354010_250406142104_995438.jpeg","formatted_url":"https:\/\/www.meska.hu\/p5762733-autos-fejpant-gyerekuleshez","favourite":false,"in_stock":false,"avatar":"babiblue_avatar_354010_1597668286.jpg","delete_from":0,"is_enhanced_background":false,"is_enhanced":false,"product_selection_started":false,"is_active":true,"image_webp_url":"https:\/\/www.meska.hu\/img\/product\/small\/b\/a\/babiblue_product_354010_250406142104_995438.webp"},{"id":"6163256","shop_id":"28652","user_id":"354010","shop_name":"babiblue","shop_zip":"3508","product_code":"5762731","product_name_old":null,"product_name":"Aut\u00f3s fejp\u00e1nt gyerek\u00fcl\u00e9shez","category_string":"Baba - mama, Utaz\u00e1si kell\u00e9kek, Gyerek\u00fcl\u00e9s fejp\u00e1nt","technic_string":"Varr\u00e1s","category_1":"1735","category_2":"1754","category_3":"1515","category_4":"0","merged_category_1":null,"merged_category_2":null,"merged_category_3":null,"technic_1":"506","technic_2":"0","technic_3":"0","color_1":"521","color_2":"532","color_3":"527","product_description_old":null,"product_description":"Aut\u00f3s fejt\u00e1masz megakad\u00e1jozza, hogy a gyerek\u00fcl\u00e9sben szundik\u00e1l\u00f3 gyermek feje el\u0151rebillenjen. P\u00e1ntja 4 cm sz\u00e9less\u00e9g\u0171 gumiszalag, az esetleges hirtelen f\u00e9kez\u00e9sn\u00e9l is rugalmasan tartja meg az alv\u00f3 gyermek fej\u00e9t. \nSzine : sz\u00fcrke alapon szines nyuszik mint\u00e1val. \nWellsoft sz\u00edne vil\u00e1gossz\u00fcrke. \n\nM\u00e9rete: textil 30\u00d710 cm. \nGumi sz\u00e9less\u00e9ge 4 cm.\nKer\u00fclete 96 cm+ a gumi ny\u00fal\u00e1sa.\nCsatja seg\u00edts\u00e9g\u00e9vel a sz\u00fcks\u00e9ges m\u00e9retre be\u00e1ll\u00edthat\u00f3. \nSzine : S\u00f6t\u00e9tk\u00e9k alapon maci mint\u00e1s, wellsoft sz\u00edne vil\u00e1gossz\u00fcrke. \n\nAnyaga: pamutv\u00e1szon vatelinnel steppelve, a fej fel\u0151li oldal\u00e1n puha sz\u0151rm\u00e9s wellsoft, gumi, \u00e9s m\u0171anyag tuckz\u00e1r. \n\nMos\u00e1s 40\u00b0-on, \nVasalni csak a pamutv\u00e1szon oldal\u00e1n. \nSz\u00e1ll\u00edt\u00e1s: ha MPL csomag automat\u00e1ba k\u00e9red, k\u00e9rlek \u00edrd meg \u00fczenetbe a csomag automata c\u00edm\u00e9t, \u00e9s sz\u00e1m\u00e1t. \n\n","price":"2900.00","unit":"db","recommended":"0","status":"1","sponsored":"0","exp_notify":"0","own_material":"0","own_material_description_old":null,"own_material_description":"","jury":"0","jury_number":"","product_nature":"","meskaracsony":"0","create_date":"2026-03-21 14:20:30","shelve_id":"66248","image":"babiblue_product_354010_250510114837_178877.jpeg","image_width":"480","image_height":"480","image_alt":"Aut\u00f3s fejp\u00e1nt gyerek\u00fcl\u00e9shez, Aut\u00f3s fejt\u00e1masz megakad\u00e1jozza, hogy a gyerek\u00fcl\u00e9sben szundik\u00e1l\u00f3 gyermek feje el\u0151rebillenjen. P\u00e1ntja 4..., Meska","image_title":"Aut\u00f3s fejp\u00e1nt gyerek\u00fcl\u00e9shez, Meska","view_count":"34","favourite_count":"0","trending_score":"0","last2MonthFavouriteCount":"0","promotion":"0","giftcard_accept":"1","creditcard_accept":false,"enhanced_background":"0","domain":"meska","specific_customer_id":null,"specific_customer_name":null,"to_order_product":"1","to_order_product_time":"5","product_different":null,"product_different_description":"","vintage":"0","vintage_category_id":"0","recycled":"0","gemstone_id":"0","customizable":"0","type_category":"physical","zerowaste":"0","postage_price":"1400.00","shop_order":"2","has_category":"1","landing_pages":null,"microdata":{"number":7,"category":""},"title":"Aut\u00f3s fejp\u00e1nt gyerek\u00fcl\u00e9shez","description":"Aut\u00f3s fejt\u00e1masz megakad\u00e1jozza, hogy a gyerek\u00fcl\u00e9sben szundik\u00e1l\u00f3 gyermek feje el\u0151rebillenjen. P\u00e1ntja 4 cm sz\u00e9less\u00e9g\u0171 gumiszalag, az esetleges hirtelen f\u00e9kez\u00e9sn\u00e9l is rugalmasan tartja meg az alv\u00f3 gyermek fej\u00e9t. \nSzine : sz\u00fcrke alapon szines nyuszik mint\u00e1val. \nWellsoft sz\u00edne vil\u00e1gossz\u00fcrke. \n\nM\u00e9rete: textil 30\u00d710 cm. \nGumi sz\u00e9less\u00e9ge 4 cm.\nKer\u00fclete 96 cm+ a gumi ny\u00fal\u00e1sa.\nCsatja seg\u00edts\u00e9g\u00e9vel a sz\u00fcks\u00e9ges m\u00e9retre be\u00e1ll\u00edthat\u00f3. \nSzine : S\u00f6t\u00e9tk\u00e9k alapon maci mint\u00e1s, wellsoft sz\u00edne vil\u00e1gossz\u00fcrke. \n\nAnyaga: pamutv\u00e1szon vatelinnel steppelve, a fej fel\u0151li oldal\u00e1n puha sz\u0151rm\u00e9s wellsoft, gumi, \u00e9s m\u0171anyag tuckz\u00e1r. \n\nMos\u00e1s 40\u00b0-on, \nVasalni csak a pamutv\u00e1szon oldal\u00e1n. \nSz\u00e1ll\u00edt\u00e1s: ha MPL csomag automat\u00e1ba k\u00e9red, k\u00e9rlek \u00edrd meg \u00fczenetbe a csomag automata c\u00edm\u00e9t, \u00e9s sz\u00e1m\u00e1t. \n\n","score":0,"formatted_price":"2 900 Ft","image_url":"https:\/\/www.meska.hu\/img\/product\/small\/b\/a\/babiblue_product_354010_250510114837_178877.jpeg","formatted_url":"https:\/\/www.meska.hu\/p5762731-autos-fejpant-gyerekuleshez","favourite":false,"in_stock":false,"avatar":"babiblue_avatar_354010_1597668286.jpg","delete_from":0,"is_enhanced_background":false,"is_enhanced":false,"product_selection_started":false,"is_active":true,"image_webp_url":"https:\/\/www.meska.hu\/img\/product\/small\/b\/a\/babiblue_product_354010_250510114837_178877.webp"},{"id":"6149164","shop_id":"28652","user_id":"354010","shop_name":"babiblue","shop_zip":"3508","product_code":"5755340","product_name_old":null,"product_name":"Aut\u00f3s fejp\u00e1nt gyerek\u00fcl\u00e9shez","category_string":"Baba - mama, Utaz\u00e1si kell\u00e9kek, Gyerek\u00fcl\u00e9s fejp\u00e1nt","technic_string":"Varr\u00e1s","category_1":"1735","category_2":"1754","category_3":"1515","category_4":"0","merged_category_1":null,"merged_category_2":null,"merged_category_3":null,"technic_1":"506","technic_2":"0","technic_3":"0","color_1":"519","color_2":"532","color_3":"527","product_description_old":null,"product_description":"Aut\u00f3s fejt\u00e1masz megakad\u00e1jozza, hogy a gyerek\u00fcl\u00e9sben szundik\u00e1l\u00f3 gyermek feje el\u0151rebillenjen. P\u00e1ntja 4 cm sz\u00e9less\u00e9g\u0171 gumiszalag, az esetleges hirtelen f\u00e9kez\u00e9sn\u00e9l is rugalmasan tartja meg az alv\u00f3 gyermek fej\u00e9t. \n\nM\u00e9rete: textil 30\u00d710 cm. \nGumi sz\u00e9less\u00e9ge 4 cm.\nKer\u00fclete 96 cm+ a gumi ny\u00fal\u00e1sa.\nCsatja seg\u00edts\u00e9g\u00e9vel a sz\u00fcks\u00e9ges m\u00e9retre be\u00e1ll\u00edthat\u00f3. \n\nAnyaga: pamutv\u00e1szon vatelinnel steppelve, a fej fel\u0151li oldal\u00e1n puha sz\u0151rm\u00e9s wellsoft, gumi, \u00e9s m\u0171anyag tuckz\u00e1r. \n\nMos\u00e1s 40\u00b0-on, \nVasalni csak a pamutv\u00e1szon oldal\u00e1n. \nSz\u00e1ll\u00edt\u00e1s: ha MPL csomag automat\u00e1ba k\u00e9red, k\u00e9rlek \u00edrd meg \u00fczenetbe a csomag automata c\u00edm\u00e9t, \u00e9s sz\u00e1m\u00e1t. \n\n","price":"2900.00","unit":"db","recommended":"0","status":"1","sponsored":"0","exp_notify":"0","own_material":"0","own_material_description_old":null,"own_material_description":"","jury":"0","jury_number":"","product_nature":"","meskaracsony":"0","create_date":"2026-03-08 19:34:26","shelve_id":"66248","image":"babiblue_product_354010_241217203109_265144.jpeg","image_width":"480","image_height":"480","image_alt":"Aut\u00f3s fejp\u00e1nt gyerek\u00fcl\u00e9shez, Aut\u00f3s fejt\u00e1masz megakad\u00e1jozza, hogy a gyerek\u00fcl\u00e9sben szundik\u00e1l\u00f3 gyermek feje el\u0151rebillenjen. P\u00e1ntja 4..., Meska","image_title":"Aut\u00f3s fejp\u00e1nt gyerek\u00fcl\u00e9shez, Meska","view_count":"41","favourite_count":"0","trending_score":"0","last2MonthFavouriteCount":"0","promotion":"0","giftcard_accept":"1","creditcard_accept":false,"enhanced_background":"0","domain":"meska","specific_customer_id":null,"specific_customer_name":null,"to_order_product":"1","to_order_product_time":"6","product_different":null,"product_different_description":"","vintage":"0","vintage_category_id":"0","recycled":"0","gemstone_id":"0","customizable":"0","type_category":"physical","zerowaste":"0","postage_price":"1400.00","shop_order":"5","has_category":"1","landing_pages":null,"microdata":{"number":8,"category":""},"title":"Aut\u00f3s fejp\u00e1nt gyerek\u00fcl\u00e9shez","description":"Aut\u00f3s fejt\u00e1masz megakad\u00e1jozza, hogy a gyerek\u00fcl\u00e9sben szundik\u00e1l\u00f3 gyermek feje el\u0151rebillenjen. P\u00e1ntja 4 cm sz\u00e9less\u00e9g\u0171 gumiszalag, az esetleges hirtelen f\u00e9kez\u00e9sn\u00e9l is rugalmasan tartja meg az alv\u00f3 gyermek fej\u00e9t. \n\nM\u00e9rete: textil 30\u00d710 cm. \nGumi sz\u00e9less\u00e9ge 4 cm.\nKer\u00fclete 96 cm+ a gumi ny\u00fal\u00e1sa.\nCsatja seg\u00edts\u00e9g\u00e9vel a sz\u00fcks\u00e9ges m\u00e9retre be\u00e1ll\u00edthat\u00f3. \n\nAnyaga: pamutv\u00e1szon vatelinnel steppelve, a fej fel\u0151li oldal\u00e1n puha sz\u0151rm\u00e9s wellsoft, gumi, \u00e9s m\u0171anyag tuckz\u00e1r. \n\nMos\u00e1s 40\u00b0-on, \nVasalni csak a pamutv\u00e1szon oldal\u00e1n. \nSz\u00e1ll\u00edt\u00e1s: ha MPL csomag automat\u00e1ba k\u00e9red, k\u00e9rlek \u00edrd meg \u00fczenetbe a csomag automata c\u00edm\u00e9t, \u00e9s sz\u00e1m\u00e1t. \n\n","score":0,"formatted_price":"2 900 Ft","image_url":"https:\/\/www.meska.hu\/img\/product\/small\/b\/a\/babiblue_product_354010_241217203109_265144.jpeg","formatted_url":"https:\/\/www.meska.hu\/p5755340-autos-fejpant-gyerekuleshez","favourite":false,"in_stock":false,"avatar":"babiblue_avatar_354010_1597668286.jpg","delete_from":0,"is_enhanced_background":false,"is_enhanced":false,"product_selection_started":false,"is_active":true,"image_webp_url":"https:\/\/www.meska.hu\/img\/product\/small\/b\/a\/babiblue_product_354010_241217203109_265144.webp"},{"id":"6148903","shop_id":"28652","user_id":"354010","shop_name":"babiblue","shop_zip":"3508","product_code":"5755106","product_name_old":null,"product_name":"Aut\u00f3s fejp\u00e1nt gyerek\u00fcl\u00e9shez","category_string":"Baba - mama, Utaz\u00e1si kell\u00e9kek, Gyerek\u00fcl\u00e9s fejp\u00e1nt","technic_string":"Varr\u00e1s","category_1":"1735","category_2":"1754","category_3":"1515","category_4":"0","merged_category_1":null,"merged_category_2":null,"merged_category_3":null,"technic_1":"506","technic_2":"0","technic_3":"0","color_1":"515","color_2":"519","color_3":"532","product_description_old":null,"product_description":"Aut\u00f3s fejt\u00e1masz megakad\u00e1jozza, hogy a gyerek\u00fcl\u00e9sben szundik\u00e1l\u00f3 gyermek feje el\u0151rebillenjen. P\u00e1ntja 4 cm sz\u00e9less\u00e9g\u0171 gumi, az esetleges hirtelen f\u00e9kez\u00e9sn\u00e9l is rugalmasan tartja meg az alv\u00f3 gyermek fej\u00e9t. \n\nM\u00e9rete: textil 30\u00d710 cm. \nGumi sz\u00e9less\u00e9ge 4 cm.\nKer\u00fclete 96 cm+ a gumi ny\u00fal\u00e1sa.\nCsatja seg\u00edts\u00e9g\u00e9vel a sz\u00fcks\u00e9ges m\u00e9retre be\u00e1ll\u00edthat\u00f3. \n\nAnyaga: pamutv\u00e1szon vatelinnel steppelve, a fej fel\u0151li oldal\u00e1n puha sz\u0151rm\u00e9s wellsoft, gumi, \u00e9s m\u0171anyag tuckz\u00e1r. \n\nMos\u00e1s 40\u00b0-on, vasal\u00e1s a gumi kihagy\u00e1s\u00e1val, a poli\u00e9szter b\u00e9l\u00e9s miatt \u00f3vatosan.\nSz\u00e1ll\u00edt\u00e1s: ha MPL csomag automat\u00e1ba k\u00e9red, k\u00e9rlek \u00edrd meg \u00fczenetbe a csomag automata c\u00edm\u00e9t, \u00e9s sz\u00e1m\u00e1t. \n\n","price":"2900.00","unit":"db","recommended":"0","status":"1","sponsored":"0","exp_notify":"0","own_material":"0","own_material_description_old":null,"own_material_description":"","jury":"0","jury_number":"","product_nature":"","meskaracsony":"0","create_date":"2026-03-08 19:07:02","shelve_id":"66248","image":"babiblue_product_354010_231127185302_61965.jpeg","image_width":"480","image_height":"480","image_alt":"Aut\u00f3s fejp\u00e1nt gyerek\u00fcl\u00e9shez, Aut\u00f3s fejt\u00e1masz megakad\u00e1jozza, hogy a gyerek\u00fcl\u00e9sben szundik\u00e1l\u00f3 gyermek feje el\u0151rebillenjen. P\u00e1ntja 4..., Meska","image_title":"Aut\u00f3s fejp\u00e1nt gyerek\u00fcl\u00e9shez, Meska","view_count":"48","favourite_count":"0","trending_score":"0","last2MonthFavouriteCount":"0","promotion":"0","giftcard_accept":"1","creditcard_accept":false,"enhanced_background":"0","domain":"meska","specific_customer_id":null,"specific_customer_name":null,"to_order_product":"1","to_order_product_time":"6","product_different":null,"product_different_description":"","vintage":"0","vintage_category_id":"0","recycled":"0","gemstone_id":"0","customizable":"0","type_category":"physical","zerowaste":"0","postage_price":"1400.00","shop_order":"37","has_category":"1","landing_pages":null,"microdata":{"number":9,"category":""},"title":"Aut\u00f3s fejp\u00e1nt gyerek\u00fcl\u00e9shez","description":"Aut\u00f3s fejt\u00e1masz megakad\u00e1jozza, hogy a gyerek\u00fcl\u00e9sben szundik\u00e1l\u00f3 gyermek feje el\u0151rebillenjen. P\u00e1ntja 4 cm sz\u00e9less\u00e9g\u0171 gumi, az esetleges hirtelen f\u00e9kez\u00e9sn\u00e9l is rugalmasan tartja meg az alv\u00f3 gyermek fej\u00e9t. \n\nM\u00e9rete: textil 30\u00d710 cm. \nGumi sz\u00e9less\u00e9ge 4 cm.\nKer\u00fclete 96 cm+ a gumi ny\u00fal\u00e1sa.\nCsatja seg\u00edts\u00e9g\u00e9vel a sz\u00fcks\u00e9ges m\u00e9retre be\u00e1ll\u00edthat\u00f3. \n\nAnyaga: pamutv\u00e1szon vatelinnel steppelve, a fej fel\u0151li oldal\u00e1n puha sz\u0151rm\u00e9s wellsoft, gumi, \u00e9s m\u0171anyag tuckz\u00e1r. \n\nMos\u00e1s 40\u00b0-on, vasal\u00e1s a gumi kihagy\u00e1s\u00e1val, a poli\u00e9szter b\u00e9l\u00e9s miatt \u00f3vatosan.\nSz\u00e1ll\u00edt\u00e1s: ha MPL csomag automat\u00e1ba k\u00e9red, k\u00e9rlek \u00edrd meg \u00fczenetbe a csomag automata c\u00edm\u00e9t, \u00e9s sz\u00e1m\u00e1t. \n\n","score":0,"formatted_price":"2 900 Ft","image_url":"https:\/\/www.meska.hu\/img\/product\/small\/b\/a\/babiblue_product_354010_231127185302_61965.jpeg","formatted_url":"https:\/\/www.meska.hu\/p5755106-autos-fejpant-gyerekuleshez","favourite":false,"in_stock":false,"avatar":"babiblue_avatar_354010_1597668286.jpg","delete_from":0,"is_enhanced_background":false,"is_enhanced":false,"product_selection_started":false,"is_active":true,"image_webp_url":"https:\/\/www.meska.hu\/img\/product\/small\/b\/a\/babiblue_product_354010_231127185302_61965.webp"},{"id":"6148890","shop_id":"28652","user_id":"354010","shop_name":"babiblue","shop_zip":"3508","product_code":"5755093","product_name_old":null,"product_name":"Aut\u00f3s fejp\u00e1nt gyerek\u00fcl\u00e9shez","category_string":"Baba - mama, Utaz\u00e1si kell\u00e9kek, Gyerek\u00fcl\u00e9s fejp\u00e1nt","technic_string":"Varr\u00e1s","category_1":"1735","category_2":"1754","category_3":"1515","category_4":"0","merged_category_1":null,"merged_category_2":null,"merged_category_3":null,"technic_1":"506","technic_2":"0","technic_3":"0","color_1":"532","color_2":"527","color_3":"0","product_description_old":null,"product_description":"Aut\u00f3s fejt\u00e1masz megakad\u00e1jozza, hogy a gyerek\u00fcl\u00e9sben szundik\u00e1l\u00f3 gyermek feje el\u0151rebillenjen. P\u00e1ntja 4 cm sz\u00e9less\u00e9g\u0171 gumiszalag, az esetleges hirtelen f\u00e9kez\u00e9sn\u00e9l is rugalmasan tartja meg az alv\u00f3 gyermek fej\u00e9t. \n\nM\u00e9rete: textil 30\u00d710 cm. \nGumi sz\u00e9less\u00e9ge 4 cm.\nKer\u00fclete 96 cm+ a gumi ny\u00fal\u00e1sa.\nCsatja seg\u00edts\u00e9g\u00e9vel a sz\u00fcks\u00e9ges m\u00e9retre be\u00e1ll\u00edthat\u00f3. \n\nAnyaga: pamutv\u00e1szon vatelinnel steppelve, a fej fel\u0151li oldal\u00e1n puha sz\u0151rm\u00e9s wellsoft, gumi, \u00e9s m\u0171anyag tuckz\u00e1r. \n\nMos\u00e1s 40\u00b0-on, \nVasalni csak a pamutv\u00e1szon oldal\u00e1n. \nSz\u00e1ll\u00edt\u00e1s: ha MPL csomag automat\u00e1ba k\u00e9red, k\u00e9rlek \u00edrd meg \u00fczenetbe a csomag automata c\u00edm\u00e9t, \u00e9s sz\u00e1m\u00e1t. \n\n","price":"2900.00","unit":"db","recommended":"0","status":"1","sponsored":"0","exp_notify":"0","own_material":"0","own_material_description_old":null,"own_material_description":"","jury":"0","jury_number":"","product_nature":"","meskaracsony":"0","create_date":"2026-03-08 19:05:05","shelve_id":"66248","image":"babiblue_product_354010_241014142605_708955.jpeg","image_width":"480","image_height":"480","image_alt":"Aut\u00f3s fejp\u00e1nt gyerek\u00fcl\u00e9shez, Aut\u00f3s fejt\u00e1masz megakad\u00e1jozza, hogy a gyerek\u00fcl\u00e9sben szundik\u00e1l\u00f3 gyermek feje el\u0151rebillenjen. P\u00e1ntja 4..., Meska","image_title":"Aut\u00f3s fejp\u00e1nt gyerek\u00fcl\u00e9shez, Meska","view_count":"62","favourite_count":"0","trending_score":"0","last2MonthFavouriteCount":"0","promotion":"0","giftcard_accept":"1","creditcard_accept":false,"enhanced_background":"0","domain":"meska","specific_customer_id":null,"specific_customer_name":null,"to_order_product":"1","to_order_product_time":"6","product_different":null,"product_different_description":"","vintage":"0","vintage_category_id":"0","recycled":"0","gemstone_id":"0","customizable":"0","type_category":"physical","zerowaste":"0","postage_price":"1400.00","shop_order":"38","has_category":"1","landing_pages":null,"microdata":{"number":10,"category":""},"title":"Aut\u00f3s fejp\u00e1nt gyerek\u00fcl\u00e9shez","description":"Aut\u00f3s fejt\u00e1masz megakad\u00e1jozza, hogy a gyerek\u00fcl\u00e9sben szundik\u00e1l\u00f3 gyermek feje el\u0151rebillenjen. P\u00e1ntja 4 cm sz\u00e9less\u00e9g\u0171 gumiszalag, az esetleges hirtelen f\u00e9kez\u00e9sn\u00e9l is rugalmasan tartja meg az alv\u00f3 gyermek fej\u00e9t. \n\nM\u00e9rete: textil 30\u00d710 cm. \nGumi sz\u00e9less\u00e9ge 4 cm.\nKer\u00fclete 96 cm+ a gumi ny\u00fal\u00e1sa.\nCsatja seg\u00edts\u00e9g\u00e9vel a sz\u00fcks\u00e9ges m\u00e9retre be\u00e1ll\u00edthat\u00f3. \n\nAnyaga: pamutv\u00e1szon vatelinnel steppelve, a fej fel\u0151li oldal\u00e1n puha sz\u0151rm\u00e9s wellsoft, gumi, \u00e9s m\u0171anyag tuckz\u00e1r. \n\nMos\u00e1s 40\u00b0-on, \nVasalni csak a pamutv\u00e1szon oldal\u00e1n. \nSz\u00e1ll\u00edt\u00e1s: ha MPL csomag automat\u00e1ba k\u00e9red, k\u00e9rlek \u00edrd meg \u00fczenetbe a csomag automata c\u00edm\u00e9t, \u00e9s sz\u00e1m\u00e1t. \n\n","score":0,"formatted_price":"2 900 Ft","image_url":"https:\/\/www.meska.hu\/img\/product\/small\/b\/a\/babiblue_product_354010_241014142605_708955.jpeg","formatted_url":"https:\/\/www.meska.hu\/p5755093-autos-fejpant-gyerekuleshez","favourite":false,"in_stock":false,"avatar":"babiblue_avatar_354010_1597668286.jpg","delete_from":0,"is_enhanced_background":false,"is_enhanced":false,"product_selection_started":false,"is_active":true,"image_webp_url":"https:\/\/www.meska.hu\/img\/product\/small\/b\/a\/babiblue_product_354010_241014142605_708955.webp"},{"id":"5226871","shop_id":"43992","user_id":"552068","shop_name":"byGandi","shop_zip":"6400","product_code":"5220250","product_name_old":null,"product_name":"Biztons\u00e1gi\u00f6v p\u00e1nt","category_string":"Otthon & \u00c9letm\u00f3d, Gyerek\u00fcl\u00e9s fejp\u00e1nt, Aut\u00f3","technic_string":"Varr\u00e1s","category_1":"1515","category_2":"1569","category_3":"813","category_4":"0","merged_category_1":null,"merged_category_2":null,"merged_category_3":null,"technic_1":"506","technic_2":"0","technic_3":"0","color_1":"514","color_2":"521","color_3":"523","product_description_old":null,"product_description":"Biztons\u00e1gi \u00f6vre val\u00f3 puha p\u00e1nt,mely megakad\u00e1lyozza,hogy az \u00f6v v\u00e1gja vagy d\u00f6rzs\u00f6lje a visel\u0151j\u00e9t.\nDupla r\u00e9teg\u0171 pamutv\u00e1szon vatelinnel b\u00e9lelve.Az \u00f6vre t\u00e9p\u0151z\u00e1rral helyezhet\u0151 f\u00f6l.\nMinden szabv\u00e1nyos 6 cm sz\u00e9les \u00f6vvel kompatibilis.\nA hossza 25 cm.","price":"1450.00","unit":"db","recommended":"0","status":"1","sponsored":"0","exp_notify":"0","own_material":"0","own_material_description_old":null,"own_material_description":"","jury":"0","jury_number":"","product_nature":"","meskaracsony":"0","create_date":"2026-02-26 14:47:12","shelve_id":"0","image":"bygandi_product_552068_240215200547_71251.jpeg","image_width":"480","image_height":"361","image_alt":"Biztons\u00e1gi\u00f6v p\u00e1nt, Biztons\u00e1gi \u00f6vre val\u00f3 puha p\u00e1nt,mely megakad\u00e1lyozza,hogy az \u00f6v v\u00e1gja vagy d\u00f6rzs\u00f6lje a visel\u0151j\u00e9t.\\nDupl..., Meska","image_title":"Biztons\u00e1gi\u00f6v p\u00e1nt, Meska","view_count":"252","favourite_count":"0","trending_score":"0","last2MonthFavouriteCount":"0","promotion":"0","giftcard_accept":"0","creditcard_accept":true,"enhanced_background":"0","domain":"meska","specific_customer_id":null,"specific_customer_name":null,"to_order_product":"0","to_order_product_time":"0","product_different":null,"product_different_description":"","vintage":"0","vintage_category_id":"0","recycled":"0","gemstone_id":"0","customizable":"0","type_category":"physical","zerowaste":"0","postage_price":"2390.00","shop_order":"0","has_category":"1","landing_pages":null,"microdata":{"number":11,"category":""},"title":"Biztons\u00e1gi\u00f6v p\u00e1nt","description":"Biztons\u00e1gi \u00f6vre val\u00f3 puha p\u00e1nt,mely megakad\u00e1lyozza,hogy az \u00f6v v\u00e1gja vagy d\u00f6rzs\u00f6lje a visel\u0151j\u00e9t.\nDupla r\u00e9teg\u0171 pamutv\u00e1szon vatelinnel b\u00e9lelve.Az \u00f6vre t\u00e9p\u0151z\u00e1rral helyezhet\u0151 f\u00f6l.\nMinden szabv\u00e1nyos 6 cm sz\u00e9les \u00f6vvel kompatibilis.\nA hossza 25 cm.","score":0,"formatted_price":"1 450 Ft","image_url":"https:\/\/www.meska.hu\/img\/product\/small\/b\/y\/bygandi_product_552068_240215200547_71251.jpeg","formatted_url":"https:\/\/www.meska.hu\/p5220250-biztonsagiov-pant","favourite":false,"in_stock":true,"avatar":"552068_avatar_1705828700.jpeg","delete_from":0,"is_enhanced_background":false,"is_enhanced":false,"product_selection_started":false,"is_active":true,"image_webp_url":"https:\/\/www.meska.hu\/img\/product\/small\/b\/y\/bygandi_product_552068_240215200547_71251.webp"},{"id":"5226859","shop_id":"43992","user_id":"552068","shop_name":"byGandi","shop_zip":"6400","product_code":"5220238","product_name_old":null,"product_name":"Biztons\u00e1gi\u00f6v p\u00e1nt","category_string":"Baba - mama, Utaz\u00e1si kell\u00e9kek, Gyerek\u00fcl\u00e9s fejp\u00e1nt","technic_string":"Varr\u00e1s","category_1":"1735","category_2":"1754","category_3":"1515","category_4":"0","merged_category_1":null,"merged_category_2":null,"merged_category_3":null,"technic_1":"506","technic_2":"0","technic_3":"0","color_1":"514","color_2":"519","color_3":"523","product_description_old":null,"product_description":"Biztons\u00e1gi \u00f6vre val\u00f3 puha p\u00e1nt,mely megakad\u00e1lyozza,hogy az \u00f6v v\u00e1gja vagy d\u00f6rzs\u00f6lje a visel\u0151j\u00e9t.\nDupla r\u00e9teg\u0171 pamutv\u00e1szon vatelinnel b\u00e9lelve.Az \u00f6vre t\u00e9p\u0151z\u00e1rral helyezhet\u0151 f\u00f6l.\nMinden szabv\u00e1nyos 6 cm sz\u00e9les \u00f6vvel kompatibilis.\nA hossza 20 cm.","price":"1250.00","unit":"db","recommended":"0","status":"1","sponsored":"0","exp_notify":"0","own_material":"0","own_material_description_old":null,"own_material_description":"","jury":"0","jury_number":"","product_nature":"","meskaracsony":"0","create_date":"2026-02-22 21:16:51","shelve_id":"0","image":"bygandi_product_552068_240215194458_284234.jpeg","image_width":"480","image_height":"637","image_alt":"Biztons\u00e1gi\u00f6v p\u00e1nt, Biztons\u00e1gi \u00f6vre val\u00f3 puha p\u00e1nt,mely megakad\u00e1lyozza,hogy az \u00f6v v\u00e1gja vagy d\u00f6rzs\u00f6lje a visel\u0151j\u00e9t.\\nDupl..., Meska","image_title":"Biztons\u00e1gi\u00f6v p\u00e1nt, Meska","view_count":"625","favourite_count":"0","trending_score":"0","last2MonthFavouriteCount":"0","promotion":"0","giftcard_accept":"0","creditcard_accept":true,"enhanced_background":"0","domain":"meska","specific_customer_id":null,"specific_customer_name":null,"to_order_product":"0","to_order_product_time":"0","product_different":null,"product_different_description":"","vintage":"0","vintage_category_id":"0","recycled":"0","gemstone_id":"0","customizable":"0","type_category":"physical","zerowaste":"0","postage_price":"2390.00","shop_order":"0","has_category":"1","landing_pages":null,"microdata":{"number":12,"category":""},"title":"Biztons\u00e1gi\u00f6v p\u00e1nt","description":"Biztons\u00e1gi \u00f6vre val\u00f3 puha p\u00e1nt,mely megakad\u00e1lyozza,hogy az \u00f6v v\u00e1gja vagy d\u00f6rzs\u00f6lje a visel\u0151j\u00e9t.\nDupla r\u00e9teg\u0171 pamutv\u00e1szon vatelinnel b\u00e9lelve.Az \u00f6vre t\u00e9p\u0151z\u00e1rral helyezhet\u0151 f\u00f6l.\nMinden szabv\u00e1nyos 6 cm sz\u00e9les \u00f6vvel kompatibilis.\nA hossza 20 cm.","score":0,"formatted_price":"1 250 Ft","image_url":"https:\/\/www.meska.hu\/img\/product\/small\/b\/y\/bygandi_product_552068_240215194458_284234.jpeg","formatted_url":"https:\/\/www.meska.hu\/p5220238-biztonsagiov-pant","favourite":false,"in_stock":true,"avatar":"552068_avatar_1705828700.jpeg","delete_from":0,"is_enhanced_background":false,"is_enhanced":false,"product_selection_started":false,"is_active":true,"image_webp_url":"https:\/\/www.meska.hu\/img\/product\/small\/b\/y\/bygandi_product_552068_240215194458_284234.webp"},{"id":"3473690","shop_id":"28957","user_id":"359617","shop_name":"EvaDecor","shop_zip":"1015","product_code":"4029236","product_name_old":null,"product_name":"AUT\u00d3S FEJP\u00c1NT GYEREK\u00dcL\u00c9SHEZ- vil\u00e1gosk\u00e9k csillagokkal","category_string":"Baba - mama, Gyerek\u00fcl\u00e9s fejp\u00e1nt, Utaz\u00e1si kell\u00e9kek","technic_string":"Varr\u00e1s","category_1":"1515","category_2":"1754","category_3":"1735","category_4":"0","merged_category_1":"0","merged_category_2":"784","merged_category_3":"0","technic_1":"506","technic_2":"0","technic_3":"0","color_1":"519","color_2":"520","color_3":"521","product_description_old":null,"product_description":"A gyerek\u00fcl\u00e9s fejt\u00e1ml\u00e1j\u00e1ra h\u00fazva r\u00f6gz\u00edti a gyermek fej\u00e9t.\n\nKorl\u00e1tozza a fej mozg\u00e1s\u00e1t, el\u0151re buk\u00e1s\u00e1t, \u00edgy biztos\u00edtja a gond n\u00e9lk\u00fcli alv\u00e1st aut\u00f3z\u00e1s k\u00f6zben.\n\nAlv\u00e1s ut\u00e1n aj\u00e1nlott levenni a fejt\u00e1ml\u00e1r\u00f3l a gyermek biztons\u00e1ga \u00e9rdek\u00e9ben.\n\nKisfiam hossz\u00fa ideje haszn\u00e1lja, aj\u00e1nlom mindenkinek.\n\nM\u00c9RETE\nA fejtart\u00f3 p\u00e1rna hossz\u00fas\u00e1ga 36 cm, sz\u00e9less\u00e9ge 7 cm.\nA p\u00e1nt 2 gumis r\u00e9sze \u00f6sszekapcsolhat\u00f3 csattal, HOSSZ\u00daS\u00c1GA \u00c1LL\u00cdTHAT\u00d3, maximum ker\u00fclete 100 cm.\n\nANYAGA\nPamutv\u00e1szon, gumi, tuk csat, vatelin, c\u00e9rna.\n\nMOS\u00c1S\nLangyos v\u00edzben k\u00e9zzel mosva, k\u00f6zepesen csavarva, leveg\u0151n sz\u00e1r\u00edtva.\n\nVASAL\u00c1SA\nMivel a k\u00e9t anyag k\u00f6z\u00f6tt vatelin tal\u00e1lhat\u00f3, alacsony h\u0151fokon vasalhat\u00f3.\n\n","price":"2199.00","unit":"db","recommended":"0","status":"1","sponsored":"0","exp_notify":"0","own_material":"0","own_material_description_old":null,"own_material_description":"","jury":"0","jury_number":"","product_nature":"","meskaracsony":"0","create_date":"2026-02-22 15:43:17","shelve_id":"63161","image":"evadecor_product_359617_210208120416_62626.jpeg","image_width":"480","image_height":"369","image_alt":"AUT\u00d3S FEJP\u00c1NT GYEREK\u00dcL\u00c9SHEZ- vil\u00e1gosk\u00e9k csillagokkal, A gyerek\u00fcl\u00e9s fejt\u00e1ml\u00e1j\u00e1ra h\u00fazva r\u00f6gz\u00edti a gyermek fej\u00e9t.\\n\\nKorl\u00e1tozza a fej mozg\u00e1s\u00e1t, el\u0151re buk\u00e1s\u00e1t, ..., Meska","image_title":"AUT\u00d3S FEJP\u00c1NT GYEREK\u00dcL\u00c9SHEZ- vil\u00e1gosk\u00e9k csillagokkal, Meska","view_count":"1869","favourite_count":"0","trending_score":"0","last2MonthFavouriteCount":"0","promotion":"0","giftcard_accept":"1","creditcard_accept":false,"enhanced_background":"0","domain":"meska","specific_customer_id":null,"specific_customer_name":null,"to_order_product":"0","to_order_product_time":"0","product_different":null,"product_different_description":"","vintage":"0","vintage_category_id":"0","recycled":"0","gemstone_id":"0","customizable":"0","type_category":"physical","zerowaste":"0","postage_price":"1290.00","shop_order":"37","has_category":"1","landing_pages":null,"microdata":{"number":13,"category":""},"title":"AUT\u00d3S FEJP\u00c1NT GYEREK\u00dcL\u00c9SHEZ- vil\u00e1gosk\u00e9k csillagokkal","description":"A gyerek\u00fcl\u00e9s fejt\u00e1ml\u00e1j\u00e1ra h\u00fazva r\u00f6gz\u00edti a gyermek fej\u00e9t.\n\nKorl\u00e1tozza a fej mozg\u00e1s\u00e1t, el\u0151re buk\u00e1s\u00e1t, \u00edgy biztos\u00edtja a gond n\u00e9lk\u00fcli alv\u00e1st aut\u00f3z\u00e1s k\u00f6zben.\n\nAlv\u00e1s ut\u00e1n aj\u00e1nlott levenni a fejt\u00e1ml\u00e1r\u00f3l a gyermek biztons\u00e1ga \u00e9rdek\u00e9ben.\n\nKisfiam hossz\u00fa ideje haszn\u00e1lja, aj\u00e1nlom mindenkinek.\n\nM\u00c9RETE\nA fejtart\u00f3 p\u00e1rna hossz\u00fas\u00e1ga 36 cm, sz\u00e9less\u00e9ge 7 cm.\nA p\u00e1nt 2 gumis r\u00e9sze \u00f6sszekapcsolhat\u00f3 csattal, HOSSZ\u00daS\u00c1GA \u00c1LL\u00cdTHAT\u00d3, maximum ker\u00fclete 100 cm.\n\nANYAGA\nPamutv\u00e1szon, gumi, tuk csat, vatelin, c\u00e9rna.\n\nMOS\u00c1S\nLangyos v\u00edzben k\u00e9zzel mosva, k\u00f6zepesen csavarva, leveg\u0151n sz\u00e1r\u00edtva.\n\nVASAL\u00c1SA\nMivel a k\u00e9t anyag k\u00f6z\u00f6tt vatelin tal\u00e1lhat\u00f3, alacsony h\u0151fokon vasalhat\u00f3.\n\n","score":0,"formatted_price":"2 199 Ft","image_url":"https:\/\/www.meska.hu\/img\/product\/small\/e\/v\/evadecor_product_359617_210208120416_62626.jpeg","formatted_url":"https:\/\/www.meska.hu\/p4029236-autos-fejpant-gyerekuleshez-vilagoskek-csillagokkal","favourite":false,"in_stock":true,"avatar":"EvaDecor_avatar_359617_1678357597.jpg","delete_from":0,"is_enhanced_background":false,"is_enhanced":false,"product_selection_started":false,"is_active":true,"image_webp_url":"https:\/\/www.meska.hu\/img\/product\/small\/e\/v\/evadecor_product_359617_210208120416_62626.webp"},{"id":"4745033","shop_id":"28957","user_id":"359617","shop_name":"EvaDecor","shop_zip":"1015","product_code":"4925225","product_name_old":null,"product_name":"Minnies AUT\u00d3S FEJP\u00c1NT GYEREK\u00dcL\u00c9SHEZ","category_string":"Baba - mama, Gyerek\u00fcl\u00e9s fejp\u00e1nt, Utaz\u00e1si kell\u00e9kek","technic_string":"Varr\u00e1s","category_1":"1515","category_2":"1754","category_3":"1735","category_4":"0","merged_category_1":"0","merged_category_2":"784","merged_category_3":"0","technic_1":"506","technic_2":"0","technic_3":"0","color_1":"519","color_2":"520","color_3":"523","product_description_old":null,"product_description":"A gyerek\u00fcl\u00e9s fejt\u00e1ml\u00e1j\u00e1ra h\u00fazva r\u00f6gz\u00edti a gyermek fej\u00e9t.\n\nKorl\u00e1tozza a fej mozg\u00e1s\u00e1t, el\u0151re buk\u00e1s\u00e1t, \u00edgy biztos\u00edtja a gond n\u00e9lk\u00fcli alv\u00e1st aut\u00f3z\u00e1s k\u00f6zben.\n\nAlv\u00e1s ut\u00e1n aj\u00e1nlott levenni a fejt\u00e1ml\u00e1r\u00f3l a gyermek biztons\u00e1ga \u00e9rdek\u00e9ben.\n\nM\u00c9RETE\nA fejtart\u00f3 p\u00e1rna hossz\u00fas\u00e1ga 36 cm, sz\u00e9less\u00e9ge 7 cm.\nA p\u00e1nt 2 gumis r\u00e9sze \u00f6sszekapcsolhat\u00f3 csattal, HOSSZ\u00daS\u00c1GA \u00c1LL\u00cdTHAT\u00d3, maximum ker\u00fclete 100 cm.\n\nA MINT\u00c1K ELHELYEZKED\u00c9SE A TERM\u00c9KEN M\u00c1SHOV\u00c1 ESHET A K\u00c9PEN L\u00c1THAT\u00d3HOZ K\u00c9PEST.\n\nANYAGA\nPamutv\u00e1szon, gumi, tuk csat, vatelin, c\u00e9rna.\n\nMOS\u00c1S\nLangyos v\u00edzben k\u00e9zzel mosva, k\u00f6zepesen csavarva, leveg\u0151n sz\u00e1r\u00edtva.\n\nVASAL\u00c1SA\nMivel a k\u00e9t anyag k\u00f6z\u00f6tt vatelin tal\u00e1lhat\u00f3, alacsony h\u0151fokon vasalhat\u00f3.\n","price":"2199.00","unit":"db","recommended":"0","status":"1","sponsored":"0","exp_notify":"0","own_material":"0","own_material_description_old":null,"own_material_description":"","jury":"0","jury_number":"","product_nature":"","meskaracsony":"0","create_date":"2026-02-18 09:16:51","shelve_id":"63161","image":"evadecor_product_359617_230312104241_262978.jpeg","image_width":"480","image_height":"390","image_alt":"Minnies AUT\u00d3S FEJP\u00c1NT GYEREK\u00dcL\u00c9SHEZ, A gyerek\u00fcl\u00e9s fejt\u00e1ml\u00e1j\u00e1ra h\u00fazva r\u00f6gz\u00edti a gyermek fej\u00e9t.\\n\\nKorl\u00e1tozza a fej mozg\u00e1s\u00e1t, el\u0151re buk\u00e1s\u00e1t, ..., Meska","image_title":"Minnies AUT\u00d3S FEJP\u00c1NT GYEREK\u00dcL\u00c9SHEZ, Meska","view_count":"2637","favourite_count":"0","trending_score":"0","last2MonthFavouriteCount":"0","promotion":"0","giftcard_accept":"1","creditcard_accept":false,"enhanced_background":"0","domain":"meska","specific_customer_id":null,"specific_customer_name":null,"to_order_product":"0","to_order_product_time":"0","product_different":null,"product_different_description":"","vintage":"0","vintage_category_id":"0","recycled":"0","gemstone_id":"0","customizable":"0","type_category":"physical","zerowaste":"0","postage_price":"1290.00","shop_order":"34","has_category":"1","landing_pages":null,"microdata":{"number":14,"category":""},"title":"Minnies AUT\u00d3S FEJP\u00c1NT GYEREK\u00dcL\u00c9SHEZ","description":"A gyerek\u00fcl\u00e9s fejt\u00e1ml\u00e1j\u00e1ra h\u00fazva r\u00f6gz\u00edti a gyermek fej\u00e9t.\n\nKorl\u00e1tozza a fej mozg\u00e1s\u00e1t, el\u0151re buk\u00e1s\u00e1t, \u00edgy biztos\u00edtja a gond n\u00e9lk\u00fcli alv\u00e1st aut\u00f3z\u00e1s k\u00f6zben.\n\nAlv\u00e1s ut\u00e1n aj\u00e1nlott levenni a fejt\u00e1ml\u00e1r\u00f3l a gyermek biztons\u00e1ga \u00e9rdek\u00e9ben.\n\nM\u00c9RETE\nA fejtart\u00f3 p\u00e1rna hossz\u00fas\u00e1ga 36 cm, sz\u00e9less\u00e9ge 7 cm.\nA p\u00e1nt 2 gumis r\u00e9sze \u00f6sszekapcsolhat\u00f3 csattal, HOSSZ\u00daS\u00c1GA \u00c1LL\u00cdTHAT\u00d3, maximum ker\u00fclete 100 cm.\n\nA MINT\u00c1K ELHELYEZKED\u00c9SE A TERM\u00c9KEN M\u00c1SHOV\u00c1 ESHET A K\u00c9PEN L\u00c1THAT\u00d3HOZ K\u00c9PEST.\n\nANYAGA\nPamutv\u00e1szon, gumi, tuk csat, vatelin, c\u00e9rna.\n\nMOS\u00c1S\nLangyos v\u00edzben k\u00e9zzel mosva, k\u00f6zepesen csavarva, leveg\u0151n sz\u00e1r\u00edtva.\n\nVASAL\u00c1SA\nMivel a k\u00e9t anyag k\u00f6z\u00f6tt vatelin tal\u00e1lhat\u00f3, alacsony h\u0151fokon vasalhat\u00f3.\n","score":0,"formatted_price":"2 199 Ft","image_url":"https:\/\/www.meska.hu\/img\/product\/small\/e\/v\/evadecor_product_359617_230312104241_262978.jpeg","formatted_url":"https:\/\/www.meska.hu\/p4925225-minnies-autos-fejpant-gyerekuleshez","favourite":false,"in_stock":true,"avatar":"EvaDecor_avatar_359617_1678357597.jpg","delete_from":0,"is_enhanced_background":false,"is_enhanced":false,"product_selection_started":false,"is_active":true,"image_webp_url":"https:\/\/www.meska.hu\/img\/product\/small\/e\/v\/evadecor_product_359617_230312104241_262978.webp"},{"id":"4745037","shop_id":"28957","user_id":"359617","shop_name":"EvaDecor","shop_zip":"1015","product_code":"4925227","product_name_old":null,"product_name":"Szellemes AUT\u00d3S FEJP\u00c1NT GYEREK\u00dcL\u00c9SHEZ","category_string":"Baba - mama, Gyerek\u00fcl\u00e9s fejp\u00e1nt, Utaz\u00e1si kell\u00e9kek","technic_string":"Varr\u00e1s","category_1":"1515","category_2":"1754","category_3":"1735","category_4":"0","merged_category_1":"0","merged_category_2":"784","merged_category_3":"0","technic_1":"506","technic_2":"0","technic_3":"0","color_1":"519","color_2":"520","color_3":"521","product_description_old":null,"product_description":"A gyerek\u00fcl\u00e9s fejt\u00e1ml\u00e1j\u00e1ra h\u00fazva r\u00f6gz\u00edti a gyermek fej\u00e9t.\n\nKorl\u00e1tozza a fej mozg\u00e1s\u00e1t, el\u0151re buk\u00e1s\u00e1t, \u00edgy biztos\u00edtja a gond n\u00e9lk\u00fcli alv\u00e1st aut\u00f3z\u00e1s k\u00f6zben.\n\nAlv\u00e1s ut\u00e1n aj\u00e1nlott levenni a fejt\u00e1ml\u00e1r\u00f3l a gyermek biztons\u00e1ga \u00e9rdek\u00e9ben.\n\nM\u00c9RETE\nA fejtart\u00f3 p\u00e1rna hossz\u00fas\u00e1ga 36 cm, sz\u00e9less\u00e9ge 7 cm.\nA p\u00e1nt 2 gumis r\u00e9sze \u00f6sszekapcsolhat\u00f3 csattal, HOSSZ\u00daS\u00c1GA \u00c1LL\u00cdTHAT\u00d3, maximum ker\u00fclete 100 cm.\n\nA MINT\u00c1K ELHELYEZKED\u00c9SE A TERM\u00c9KEN M\u00c1SHOV\u00c1 ESHET A K\u00c9PEN L\u00c1THAT\u00d3HOZ K\u00c9PEST.\n\nANYAGA\nPamutv\u00e1szon, gumi, tuk csat, vatelin, c\u00e9rna.\n\nMOS\u00c1S\nLangyos v\u00edzben k\u00e9zzel mosva, k\u00f6zepesen csavarva, leveg\u0151n sz\u00e1r\u00edtva.\n\nVASAL\u00c1SA\nMivel a k\u00e9t anyag k\u00f6z\u00f6tt vatelin tal\u00e1lhat\u00f3, alacsony h\u0151fokon vasalhat\u00f3.\n\n","price":"2199.00","unit":"db","recommended":"0","status":"1","sponsored":"0","exp_notify":"0","own_material":"0","own_material_description_old":null,"own_material_description":"","jury":"0","jury_number":"","product_nature":"","meskaracsony":"0","create_date":"2026-02-12 14:23:40","shelve_id":"63161","image":"evadecor_product_359617_230312104503_566587.jpeg","image_width":"480","image_height":"375","image_alt":"Szellemes AUT\u00d3S FEJP\u00c1NT GYEREK\u00dcL\u00c9SHEZ, A gyerek\u00fcl\u00e9s fejt\u00e1ml\u00e1j\u00e1ra h\u00fazva r\u00f6gz\u00edti a gyermek fej\u00e9t.\\n\\nKorl\u00e1tozza a fej mozg\u00e1s\u00e1t, el\u0151re buk\u00e1s\u00e1t, ..., Meska","image_title":"Szellemes AUT\u00d3S FEJP\u00c1NT GYEREK\u00dcL\u00c9SHEZ, Meska","view_count":"1295","favourite_count":"0","trending_score":"0","last2MonthFavouriteCount":"0","promotion":"0","giftcard_accept":"1","creditcard_accept":false,"enhanced_background":"0","domain":"meska","specific_customer_id":null,"specific_customer_name":null,"to_order_product":"0","to_order_product_time":"0","product_different":null,"product_different_description":"","vintage":"0","vintage_category_id":"0","recycled":"0","gemstone_id":"0","customizable":"0","type_category":"physical","zerowaste":"0","postage_price":"1290.00","shop_order":"33","has_category":"1","landing_pages":"Babav\u00e1r\u00f3 \u00e9s babal\u00e1togat\u00f3 aj\u00e1nd\u00e9kok","microdata":{"number":15,"category":""},"title":"Szellemes AUT\u00d3S FEJP\u00c1NT GYEREK\u00dcL\u00c9SHEZ","description":"A gyerek\u00fcl\u00e9s fejt\u00e1ml\u00e1j\u00e1ra h\u00fazva r\u00f6gz\u00edti a gyermek fej\u00e9t.\n\nKorl\u00e1tozza a fej mozg\u00e1s\u00e1t, el\u0151re buk\u00e1s\u00e1t, \u00edgy biztos\u00edtja a gond n\u00e9lk\u00fcli alv\u00e1st aut\u00f3z\u00e1s k\u00f6zben.\n\nAlv\u00e1s ut\u00e1n aj\u00e1nlott levenni a fejt\u00e1ml\u00e1r\u00f3l a gyermek biztons\u00e1ga \u00e9rdek\u00e9ben.\n\nM\u00c9RETE\nA fejtart\u00f3 p\u00e1rna hossz\u00fas\u00e1ga 36 cm, sz\u00e9less\u00e9ge 7 cm.\nA p\u00e1nt 2 gumis r\u00e9sze \u00f6sszekapcsolhat\u00f3 csattal, HOSSZ\u00daS\u00c1GA \u00c1LL\u00cdTHAT\u00d3, maximum ker\u00fclete 100 cm.\n\nA MINT\u00c1K ELHELYEZKED\u00c9SE A TERM\u00c9KEN M\u00c1SHOV\u00c1 ESHET A K\u00c9PEN L\u00c1THAT\u00d3HOZ K\u00c9PEST.\n\nANYAGA\nPamutv\u00e1szon, gumi, tuk csat, vatelin, c\u00e9rna.\n\nMOS\u00c1S\nLangyos v\u00edzben k\u00e9zzel mosva, k\u00f6zepesen csavarva, leveg\u0151n sz\u00e1r\u00edtva.\n\nVASAL\u00c1SA\nMivel a k\u00e9t anyag k\u00f6z\u00f6tt vatelin tal\u00e1lhat\u00f3, alacsony h\u0151fokon vasalhat\u00f3.\n\n","score":0,"formatted_price":"2 199 Ft","image_url":"https:\/\/www.meska.hu\/img\/product\/small\/e\/v\/evadecor_product_359617_230312104503_566587.jpeg","formatted_url":"https:\/\/www.meska.hu\/p4925227-szellemes-autos-fejpant-gyerekuleshez","favourite":false,"in_stock":true,"avatar":"EvaDecor_avatar_359617_1678357597.jpg","delete_from":0,"is_enhanced_background":false,"is_enhanced":false,"product_selection_started":false,"is_active":true,"image_webp_url":"https:\/\/www.meska.hu\/img\/product\/small\/e\/v\/evadecor_product_359617_230312104503_566587.webp"},{"id":"5996235","shop_id":"28652","user_id":"354010","shop_name":"babiblue","shop_zip":"3508","product_code":"5670406","product_name_old":null,"product_name":"Aut\u00f3s fejp\u00e1nt gyerek\u00fcl\u00e9shez","category_string":"Baba - mama, Utaz\u00e1si kell\u00e9kek, Gyerek\u00fcl\u00e9s fejp\u00e1nt","technic_string":"Varr\u00e1s","category_1":"1735","category_2":"1754","category_3":"1515","category_4":"0","merged_category_1":null,"merged_category_2":null,"merged_category_3":null,"technic_1":"506","technic_2":"0","technic_3":"0","color_1":"521","color_2":"532","color_3":"527","product_description_old":null,"product_description":"Aut\u00f3s fejt\u00e1masz megakad\u00e1jozza, hogy a gyerek\u00fcl\u00e9sben szundik\u00e1l\u00f3 gyermek feje el\u0151rebillenjen. P\u00e1ntja 4 cm sz\u00e9less\u00e9g\u0171 gumiszalag, az esetleges hirtelen f\u00e9kez\u00e9sn\u00e9l is rugalmasan tartja meg az alv\u00f3 gyermek fej\u00e9t. \n\nM\u00e9rete: textil 30\u00d710 cm. \nGumi sz\u00e9less\u00e9ge 4 cm.\nKer\u00fclete 96 cm+ a gumi ny\u00fal\u00e1sa.\nCsatja seg\u00edts\u00e9g\u00e9vel a sz\u00fcks\u00e9ges m\u00e9retre be\u00e1ll\u00edthat\u00f3. \n\nAnyaga: pamutv\u00e1szon vatelinnel steppelve, a fej fel\u0151li oldal\u00e1n puha sz\u0151rm\u00e9s wellsoft, gumi, \u00e9s m\u0171anyag tuckz\u00e1r. \n\nMos\u00e1s 40\u00b0-on, \nVasalni csak a pamutv\u00e1szon oldal\u00e1n. \nSz\u00e1ll\u00edt\u00e1s: ha MPL csomag automat\u00e1ba k\u00e9red, k\u00e9rlek \u00edrd meg \u00fczenetbe a csomag automata c\u00edm\u00e9t, \u00e9s sz\u00e1m\u00e1t. \n\n","price":"2900.00","unit":"db","recommended":"0","status":"1","sponsored":"0","exp_notify":"0","own_material":"0","own_material_description_old":null,"own_material_description":"","jury":"0","jury_number":"","product_nature":"","meskaracsony":"0","create_date":"2026-02-08 15:07:02","shelve_id":"66248","image":"babiblue_product_354010_231127184431_110119.jpeg","image_width":"480","image_height":"480","image_alt":"Aut\u00f3s fejp\u00e1nt gyerek\u00fcl\u00e9shez, Aut\u00f3s fejt\u00e1masz megakad\u00e1jozza, hogy a gyerek\u00fcl\u00e9sben szundik\u00e1l\u00f3 gyermek feje el\u0151rebillenjen. P\u00e1ntja 4..., Meska","image_title":"Aut\u00f3s fejp\u00e1nt gyerek\u00fcl\u00e9shez, Meska","view_count":"111","favourite_count":"0","trending_score":"0","last2MonthFavouriteCount":"0","promotion":"0","giftcard_accept":"1","creditcard_accept":false,"enhanced_background":"0","domain":"meska","specific_customer_id":null,"specific_customer_name":null,"to_order_product":"1","to_order_product_time":"10","product_different":null,"product_different_description":"","vintage":"0","vintage_category_id":"0","recycled":"0","gemstone_id":"0","customizable":"0","type_category":"physical","zerowaste":"0","postage_price":"1400.00","shop_order":"114","has_category":"1","landing_pages":null,"microdata":{"number":16,"category":""},"title":"Aut\u00f3s fejp\u00e1nt gyerek\u00fcl\u00e9shez","description":"Aut\u00f3s fejt\u00e1masz megakad\u00e1jozza, hogy a gyerek\u00fcl\u00e9sben szundik\u00e1l\u00f3 gyermek feje el\u0151rebillenjen. P\u00e1ntja 4 cm sz\u00e9less\u00e9g\u0171 gumiszalag, az esetleges hirtelen f\u00e9kez\u00e9sn\u00e9l is rugalmasan tartja meg az alv\u00f3 gyermek fej\u00e9t. \n\nM\u00e9rete: textil 30\u00d710 cm. \nGumi sz\u00e9less\u00e9ge 4 cm.\nKer\u00fclete 96 cm+ a gumi ny\u00fal\u00e1sa.\nCsatja seg\u00edts\u00e9g\u00e9vel a sz\u00fcks\u00e9ges m\u00e9retre be\u00e1ll\u00edthat\u00f3. \n\nAnyaga: pamutv\u00e1szon vatelinnel steppelve, a fej fel\u0151li oldal\u00e1n puha sz\u0151rm\u00e9s wellsoft, gumi, \u00e9s m\u0171anyag tuckz\u00e1r. \n\nMos\u00e1s 40\u00b0-on, \nVasalni csak a pamutv\u00e1szon oldal\u00e1n. \nSz\u00e1ll\u00edt\u00e1s: ha MPL csomag automat\u00e1ba k\u00e9red, k\u00e9rlek \u00edrd meg \u00fczenetbe a csomag automata c\u00edm\u00e9t, \u00e9s sz\u00e1m\u00e1t. \n\n","score":0,"formatted_price":"2 900 Ft","image_url":"https:\/\/www.meska.hu\/img\/product\/small\/b\/a\/babiblue_product_354010_231127184431_110119.jpeg","formatted_url":"https:\/\/www.meska.hu\/p5670406-autos-fejpant-gyerekuleshez","favourite":false,"in_stock":false,"avatar":"babiblue_avatar_354010_1597668286.jpg","delete_from":0,"is_enhanced_background":false,"is_enhanced":false,"product_selection_started":false,"is_active":true,"image_webp_url":"https:\/\/www.meska.hu\/img\/product\/small\/b\/a\/babiblue_product_354010_231127184431_110119.webp"},{"id":"5953546","shop_id":"28652","user_id":"354010","shop_name":"babiblue","shop_zip":"3508","product_code":"5643658","product_name_old":null,"product_name":"Aut\u00f3s fejp\u00e1nt gyerek\u00fcl\u00e9shez","category_string":"Baba - mama, Utaz\u00e1si kell\u00e9kek, Gyerek\u00fcl\u00e9s fejp\u00e1nt","technic_string":"Varr\u00e1s","category_1":"1735","category_2":"1754","category_3":"1515","category_4":"0","merged_category_1":null,"merged_category_2":null,"merged_category_3":null,"technic_1":"506","technic_2":"0","technic_3":"0","color_1":"532","color_2":"527","color_3":"0","product_description_old":null,"product_description":"Aut\u00f3s fejt\u00e1masz megakad\u00e1jozza, hogy a gyerek\u00fcl\u00e9sben szundik\u00e1l\u00f3 gyermek feje el\u0151rebillenjen. P\u00e1ntja 4 cm sz\u00e9less\u00e9g\u0171 gumiszalag, az esetleges hirtelen f\u00e9kez\u00e9sn\u00e9l is rugalmasan tartja meg az alv\u00f3 gyermek fej\u00e9t. \n\nM\u00e9rete: textil 30\u00d710 cm. \nGumi sz\u00e9less\u00e9ge 4 cm.\nKer\u00fclete 96 cm+ a gumi ny\u00fal\u00e1sa.\nCsatja seg\u00edts\u00e9g\u00e9vel a sz\u00fcks\u00e9ges m\u00e9retre be\u00e1ll\u00edthat\u00f3. \n\nAnyaga: pamutv\u00e1szon vatelinnel steppelve, a fej fel\u0151li oldal\u00e1n puha sz\u0151rm\u00e9s wellsoft, gumi, \u00e9s m\u0171anyag tuckz\u00e1r. \n\nMos\u00e1s 40\u00b0-on, \nVasalni csak a pamutv\u00e1szon oldal\u00e1n. \nSz\u00e1ll\u00edt\u00e1s: ha MPL csomag automat\u00e1ba k\u00e9red, k\u00e9rlek \u00edrd meg \u00fczenetbe a csomag automata c\u00edm\u00e9t, \u00e9s sz\u00e1m\u00e1t. \n\n","price":"2900.00","unit":"db","recommended":"0","status":"1","sponsored":"0","exp_notify":"0","own_material":"0","own_material_description_old":null,"own_material_description":"","jury":"0","jury_number":"","product_nature":"","meskaracsony":"0","create_date":"2026-02-06 21:57:52","shelve_id":"66248","image":"babiblue_product_354010_240623135921_142596.jpeg","image_width":"480","image_height":"480","image_alt":"Aut\u00f3s fejp\u00e1nt gyerek\u00fcl\u00e9shez, Aut\u00f3s fejt\u00e1masz megakad\u00e1jozza, hogy a gyerek\u00fcl\u00e9sben szundik\u00e1l\u00f3 gyermek feje el\u0151rebillenjen. P\u00e1ntja 4..., Meska","image_title":"Aut\u00f3s fejp\u00e1nt gyerek\u00fcl\u00e9shez, Meska","view_count":"147","favourite_count":"0","trending_score":"0","last2MonthFavouriteCount":"0","promotion":"0","giftcard_accept":"1","creditcard_accept":false,"enhanced_background":"0","domain":"meska","specific_customer_id":null,"specific_customer_name":null,"to_order_product":"1","to_order_product_time":"5","product_different":null,"product_different_description":"","vintage":"0","vintage_category_id":"0","recycled":"0","gemstone_id":"0","customizable":"0","type_category":"physical","zerowaste":"0","postage_price":"1400.00","shop_order":"185","has_category":"1","landing_pages":null,"microdata":{"number":17,"category":""},"title":"Aut\u00f3s fejp\u00e1nt gyerek\u00fcl\u00e9shez","description":"Aut\u00f3s fejt\u00e1masz megakad\u00e1jozza, hogy a gyerek\u00fcl\u00e9sben szundik\u00e1l\u00f3 gyermek feje el\u0151rebillenjen. P\u00e1ntja 4 cm sz\u00e9less\u00e9g\u0171 gumiszalag, az esetleges hirtelen f\u00e9kez\u00e9sn\u00e9l is rugalmasan tartja meg az alv\u00f3 gyermek fej\u00e9t. \n\nM\u00e9rete: textil 30\u00d710 cm. \nGumi sz\u00e9less\u00e9ge 4 cm.\nKer\u00fclete 96 cm+ a gumi ny\u00fal\u00e1sa.\nCsatja seg\u00edts\u00e9g\u00e9vel a sz\u00fcks\u00e9ges m\u00e9retre be\u00e1ll\u00edthat\u00f3. \n\nAnyaga: pamutv\u00e1szon vatelinnel steppelve, a fej fel\u0151li oldal\u00e1n puha sz\u0151rm\u00e9s wellsoft, gumi, \u00e9s m\u0171anyag tuckz\u00e1r. \n\nMos\u00e1s 40\u00b0-on, \nVasalni csak a pamutv\u00e1szon oldal\u00e1n. \nSz\u00e1ll\u00edt\u00e1s: ha MPL csomag automat\u00e1ba k\u00e9red, k\u00e9rlek \u00edrd meg \u00fczenetbe a csomag automata c\u00edm\u00e9t, \u00e9s sz\u00e1m\u00e1t. \n\n","score":0,"formatted_price":"2 900 Ft","image_url":"https:\/\/www.meska.hu\/img\/product\/small\/b\/a\/babiblue_product_354010_240623135921_142596.jpeg","formatted_url":"https:\/\/www.meska.hu\/p5643658-autos-fejpant-gyerekuleshez","favourite":false,"in_stock":false,"avatar":"babiblue_avatar_354010_1597668286.jpg","delete_from":0,"is_enhanced_background":false,"is_enhanced":false,"product_selection_started":false,"is_active":true,"image_webp_url":"https:\/\/www.meska.hu\/img\/product\/small\/b\/a\/babiblue_product_354010_240623135921_142596.webp"},{"id":"5953545","shop_id":"28652","user_id":"354010","shop_name":"babiblue","shop_zip":"3508","product_code":"5643657","product_name_old":null,"product_name":"Aut\u00f3s fejp\u00e1nt gyerek\u00fcl\u00e9shez","category_string":"Baba - mama, Utaz\u00e1si kell\u00e9kek, Gyerek\u00fcl\u00e9s fejp\u00e1nt","technic_string":"Varr\u00e1s","category_1":"1735","category_2":"1754","category_3":"1515","category_4":"0","merged_category_1":null,"merged_category_2":null,"merged_category_3":null,"technic_1":"506","technic_2":"0","technic_3":"0","color_1":"521","color_2":"532","color_3":"527","product_description_old":null,"product_description":"Aut\u00f3s fejt\u00e1masz megakad\u00e1jozza, hogy a gyerek\u00fcl\u00e9sben szundik\u00e1l\u00f3 gyermek feje el\u0151rebillenjen. P\u00e1ntja 4 cm sz\u00e9less\u00e9g\u0171 gumiszalag, az esetleges hirtelen f\u00e9kez\u00e9sn\u00e9l is rugalmasan tartja meg az alv\u00f3 gyermek fej\u00e9t. \n\nM\u00e9rete: textil 30\u00d710 cm. \nGumi sz\u00e9less\u00e9ge 4 cm.\nKer\u00fclete 96 cm+ a gumi ny\u00fal\u00e1sa.\nCsatja seg\u00edts\u00e9g\u00e9vel a sz\u00fcks\u00e9ges m\u00e9retre be\u00e1ll\u00edthat\u00f3. \n\nAnyaga: pamutv\u00e1szon vatelinnel steppelve, a fej fel\u0151li oldal\u00e1n puha sz\u0151rm\u00e9s wellsoft, gumi, \u00e9s m\u0171anyag tuckz\u00e1r. \n\nMos\u00e1s 40\u00b0-on, \nVasalni csak a pamutv\u00e1szon oldal\u00e1n. \nSz\u00e1ll\u00edt\u00e1s: ha MPL csomag automat\u00e1ba k\u00e9red, k\u00e9rlek \u00edrd meg \u00fczenetbe a csomag automata c\u00edm\u00e9t, \u00e9s sz\u00e1m\u00e1t. \n\n","price":"2900.00","unit":"db","recommended":"0","status":"1","sponsored":"0","exp_notify":"0","own_material":"0","own_material_description_old":null,"own_material_description":"","jury":"0","jury_number":"","product_nature":"","meskaracsony":"0","create_date":"2026-02-06 21:57:44","shelve_id":"66248","image":"babiblue_product_354010_231127185647_008138.jpeg","image_width":"480","image_height":"480","image_alt":"Aut\u00f3s fejp\u00e1nt gyerek\u00fcl\u00e9shez, Aut\u00f3s fejt\u00e1masz megakad\u00e1jozza, hogy a gyerek\u00fcl\u00e9sben szundik\u00e1l\u00f3 gyermek feje el\u0151rebillenjen. P\u00e1ntja 4..., Meska","image_title":"Aut\u00f3s fejp\u00e1nt gyerek\u00fcl\u00e9shez, Meska","view_count":"115","favourite_count":"0","trending_score":"0","last2MonthFavouriteCount":"0","promotion":"0","giftcard_accept":"1","creditcard_accept":false,"enhanced_background":"0","domain":"meska","specific_customer_id":null,"specific_customer_name":null,"to_order_product":"1","to_order_product_time":"5","product_different":null,"product_different_description":"","vintage":"0","vintage_category_id":"0","recycled":"0","gemstone_id":"0","customizable":"0","type_category":"physical","zerowaste":"0","postage_price":"1400.00","shop_order":"186","has_category":"1","landing_pages":null,"microdata":{"number":18,"category":""},"title":"Aut\u00f3s fejp\u00e1nt gyerek\u00fcl\u00e9shez","description":"Aut\u00f3s fejt\u00e1masz megakad\u00e1jozza, hogy a gyerek\u00fcl\u00e9sben szundik\u00e1l\u00f3 gyermek feje el\u0151rebillenjen. P\u00e1ntja 4 cm sz\u00e9less\u00e9g\u0171 gumiszalag, az esetleges hirtelen f\u00e9kez\u00e9sn\u00e9l is rugalmasan tartja meg az alv\u00f3 gyermek fej\u00e9t. \n\nM\u00e9rete: textil 30\u00d710 cm. \nGumi sz\u00e9less\u00e9ge 4 cm.\nKer\u00fclete 96 cm+ a gumi ny\u00fal\u00e1sa.\nCsatja seg\u00edts\u00e9g\u00e9vel a sz\u00fcks\u00e9ges m\u00e9retre be\u00e1ll\u00edthat\u00f3. \n\nAnyaga: pamutv\u00e1szon vatelinnel steppelve, a fej fel\u0151li oldal\u00e1n puha sz\u0151rm\u00e9s wellsoft, gumi, \u00e9s m\u0171anyag tuckz\u00e1r. \n\nMos\u00e1s 40\u00b0-on, \nVasalni csak a pamutv\u00e1szon oldal\u00e1n. \nSz\u00e1ll\u00edt\u00e1s: ha MPL csomag automat\u00e1ba k\u00e9red, k\u00e9rlek \u00edrd meg \u00fczenetbe a csomag automata c\u00edm\u00e9t, \u00e9s sz\u00e1m\u00e1t. \n\n","score":0,"formatted_price":"2 900 Ft","image_url":"https:\/\/www.meska.hu\/img\/product\/small\/b\/a\/babiblue_product_354010_231127185647_008138.jpeg","formatted_url":"https:\/\/www.meska.hu\/p5643657-autos-fejpant-gyerekuleshez","favourite":false,"in_stock":false,"avatar":"babiblue_avatar_354010_1597668286.jpg","delete_from":0,"is_enhanced_background":false,"is_enhanced":false,"product_selection_started":false,"is_active":true,"image_webp_url":"https:\/\/www.meska.hu\/img\/product\/small\/b\/a\/babiblue_product_354010_231127185647_008138.webp"},{"id":"4745029","shop_id":"28957","user_id":"359617","shop_name":"EvaDecor","shop_zip":"1015","product_code":"4925221","product_name_old":null,"product_name":"Focilabd\u00e1s AUT\u00d3S FEJP\u00c1NT GYEREK\u00dcL\u00c9SHEZ","category_string":"Baba - mama, Gyerek\u00fcl\u00e9s fejp\u00e1nt, Utaz\u00e1si kell\u00e9kek","technic_string":"Varr\u00e1s","category_1":"1515","category_2":"1754","category_3":"1735","category_4":"0","merged_category_1":"0","merged_category_2":"784","merged_category_3":"0","technic_1":"506","technic_2":"0","technic_3":"0","color_1":"519","color_2":"520","color_3":"527","product_description_old":null,"product_description":"A gyerek\u00fcl\u00e9s fejt\u00e1ml\u00e1j\u00e1ra h\u00fazva r\u00f6gz\u00edti a gyermek fej\u00e9t.\n\nKorl\u00e1tozza a fej mozg\u00e1s\u00e1t, el\u0151re buk\u00e1s\u00e1t, \u00edgy biztos\u00edtja a gond n\u00e9lk\u00fcli alv\u00e1st aut\u00f3z\u00e1s k\u00f6zben.\n\nAlv\u00e1s ut\u00e1n aj\u00e1nlott levenni a fejt\u00e1ml\u00e1r\u00f3l a gyermek biztons\u00e1ga \u00e9rdek\u00e9ben.\n\nM\u00c9RETE\nA fejtart\u00f3 p\u00e1rna hossz\u00fas\u00e1ga 36 cm, sz\u00e9less\u00e9ge 7 cm.\nA p\u00e1nt 2 gumis r\u00e9sze \u00f6sszekapcsolhat\u00f3 csattal, HOSSZ\u00daS\u00c1GA \u00c1LL\u00cdTHAT\u00d3, maximum ker\u00fclete 100 cm.\n\nA MINT\u00c1K ELHELYEZKED\u00c9SE A TERM\u00c9KEN M\u00c1SHOV\u00c1 ESHET A K\u00c9PEN L\u00c1THAT\u00d3HOZ K\u00c9PEST.\n\nANYAGA\nPamutv\u00e1szon, gumi, tuk csat, vatelin, c\u00e9rna.\n\nMOS\u00c1S\nLangyos v\u00edzben k\u00e9zzel mosva, k\u00f6zepesen csavarva, leveg\u0151n sz\u00e1r\u00edtva.\n\nVASAL\u00c1SA\nMivel a k\u00e9t anyag k\u00f6z\u00f6tt vatelin tal\u00e1lhat\u00f3, alacsony h\u0151fokon vasalhat\u00f3.","price":"2199.00","unit":"db","recommended":"0","status":"1","sponsored":"0","exp_notify":"0","own_material":"0","own_material_description_old":null,"own_material_description":"","jury":"0","jury_number":"","product_nature":"","meskaracsony":"0","create_date":"2026-02-03 12:27:08","shelve_id":"63161","image":"evadecor_product_359617_230312104016_296229.jpeg","image_width":"480","image_height":"369","image_alt":"Focilabd\u00e1s AUT\u00d3S FEJP\u00c1NT GYEREK\u00dcL\u00c9SHEZ, A gyerek\u00fcl\u00e9s fejt\u00e1ml\u00e1j\u00e1ra h\u00fazva r\u00f6gz\u00edti a gyermek fej\u00e9t.\\n\\nKorl\u00e1tozza a fej mozg\u00e1s\u00e1t, el\u0151re buk\u00e1s\u00e1t, ..., Meska","image_title":"Focilabd\u00e1s AUT\u00d3S FEJP\u00c1NT GYEREK\u00dcL\u00c9SHEZ, Meska","view_count":"1437","favourite_count":"0","trending_score":"0","last2MonthFavouriteCount":"0","promotion":"0","giftcard_accept":"1","creditcard_accept":false,"enhanced_background":"0","domain":"meska","specific_customer_id":null,"specific_customer_name":null,"to_order_product":"0","to_order_product_time":"0","product_different":null,"product_different_description":"","vintage":"0","vintage_category_id":"0","recycled":"0","gemstone_id":"0","customizable":"0","type_category":"physical","zerowaste":"0","postage_price":"1290.00","shop_order":"35","has_category":"1","landing_pages":null,"microdata":{"number":19,"category":""},"title":"Focilabd\u00e1s AUT\u00d3S FEJP\u00c1NT GYEREK\u00dcL\u00c9SHEZ","description":"A gyerek\u00fcl\u00e9s fejt\u00e1ml\u00e1j\u00e1ra h\u00fazva r\u00f6gz\u00edti a gyermek fej\u00e9t.\n\nKorl\u00e1tozza a fej mozg\u00e1s\u00e1t, el\u0151re buk\u00e1s\u00e1t, \u00edgy biztos\u00edtja a gond n\u00e9lk\u00fcli alv\u00e1st aut\u00f3z\u00e1s k\u00f6zben.\n\nAlv\u00e1s ut\u00e1n aj\u00e1nlott levenni a fejt\u00e1ml\u00e1r\u00f3l a gyermek biztons\u00e1ga \u00e9rdek\u00e9ben.\n\nM\u00c9RETE\nA fejtart\u00f3 p\u00e1rna hossz\u00fas\u00e1ga 36 cm, sz\u00e9less\u00e9ge 7 cm.\nA p\u00e1nt 2 gumis r\u00e9sze \u00f6sszekapcsolhat\u00f3 csattal, HOSSZ\u00daS\u00c1GA \u00c1LL\u00cdTHAT\u00d3, maximum ker\u00fclete 100 cm.\n\nA MINT\u00c1K ELHELYEZKED\u00c9SE A TERM\u00c9KEN M\u00c1SHOV\u00c1 ESHET A K\u00c9PEN L\u00c1THAT\u00d3HOZ K\u00c9PEST.\n\nANYAGA\nPamutv\u00e1szon, gumi, tuk csat, vatelin, c\u00e9rna.\n\nMOS\u00c1S\nLangyos v\u00edzben k\u00e9zzel mosva, k\u00f6zepesen csavarva, leveg\u0151n sz\u00e1r\u00edtva.\n\nVASAL\u00c1SA\nMivel a k\u00e9t anyag k\u00f6z\u00f6tt vatelin tal\u00e1lhat\u00f3, alacsony h\u0151fokon vasalhat\u00f3.","score":0,"formatted_price":"2 199 Ft","image_url":"https:\/\/www.meska.hu\/img\/product\/small\/e\/v\/evadecor_product_359617_230312104016_296229.jpeg","formatted_url":"https:\/\/www.meska.hu\/p4925221-focilabdas-autos-fejpant-gyerekuleshez","favourite":false,"in_stock":true,"avatar":"EvaDecor_avatar_359617_1678357597.jpg","delete_from":0,"is_enhanced_background":false,"is_enhanced":false,"product_selection_started":false,"is_active":true,"image_webp_url":"https:\/\/www.meska.hu\/img\/product\/small\/e\/v\/evadecor_product_359617_230312104016_296229.webp"},{"id":"5996226","shop_id":"28652","user_id":"354010","shop_name":"babiblue","shop_zip":"3508","product_code":"5670398","product_name_old":null,"product_name":"Aut\u00f3s fejp\u00e1nt gyerek\u00fcl\u00e9shez","category_string":"Baba - mama, Utaz\u00e1si kell\u00e9kek, Gyerek\u00fcl\u00e9s fejp\u00e1nt","technic_string":"Varr\u00e1s","category_1":"1735","category_2":"1754","category_3":"1515","category_4":"0","merged_category_1":null,"merged_category_2":null,"merged_category_3":null,"technic_1":"506","technic_2":"0","technic_3":"0","color_1":"532","color_2":"527","color_3":"0","product_description_old":null,"product_description":"Aut\u00f3s fejt\u00e1masz megakad\u00e1jozza, hogy a gyerek\u00fcl\u00e9sben szundik\u00e1l\u00f3 gyermek feje el\u0151rebillenjen. P\u00e1ntja 4 cm sz\u00e9less\u00e9g\u0171 gumiszalag, az esetleges hirtelen f\u00e9kez\u00e9sn\u00e9l is rugalmasan tartja meg az alv\u00f3 gyermek fej\u00e9t. \n\nM\u00e9rete: textil 30\u00d710 cm. \nGumi sz\u00e9less\u00e9ge 4 cm.\nKer\u00fclete 96 cm+ a gumi ny\u00fal\u00e1sa.\nCsatja seg\u00edts\u00e9g\u00e9vel a sz\u00fcks\u00e9ges m\u00e9retre be\u00e1ll\u00edthat\u00f3. \n\nAnyaga: pamutv\u00e1szon vatelinnel steppelve, a fej fel\u0151li oldal\u00e1n puha sz\u0151rm\u00e9s wellsoft, gumi, \u00e9s m\u0171anyag tuckz\u00e1r. \n\nMos\u00e1s 40\u00b0-on, \nVasalni csak a pamutv\u00e1szon oldal\u00e1n. \nSz\u00e1ll\u00edt\u00e1s: ha MPL csomag automat\u00e1ba k\u00e9red, k\u00e9rlek \u00edrd meg \u00fczenetbe a csomag automata c\u00edm\u00e9t, \u00e9s sz\u00e1m\u00e1t. \n\n","price":"2900.00","unit":"db","recommended":"0","status":"1","sponsored":"0","exp_notify":"0","own_material":"0","own_material_description_old":null,"own_material_description":"","jury":"0","jury_number":"","product_nature":"","meskaracsony":"0","create_date":"2026-02-02 09:15:04","shelve_id":"66248","image":"babiblue_product_354010_240623140716_351526.jpeg","image_width":"480","image_height":"480","image_alt":"Aut\u00f3s fejp\u00e1nt gyerek\u00fcl\u00e9shez, Aut\u00f3s fejt\u00e1masz megakad\u00e1jozza, hogy a gyerek\u00fcl\u00e9sben szundik\u00e1l\u00f3 gyermek feje el\u0151rebillenjen. P\u00e1ntja 4..., Meska","image_title":"Aut\u00f3s fejp\u00e1nt gyerek\u00fcl\u00e9shez, Meska","view_count":"104","favourite_count":"0","trending_score":"0","last2MonthFavouriteCount":"0","promotion":"0","giftcard_accept":"1","creditcard_accept":false,"enhanced_background":"0","domain":"meska","specific_customer_id":null,"specific_customer_name":null,"to_order_product":"1","to_order_product_time":"10","product_different":null,"product_different_description":"","vintage":"0","vintage_category_id":"0","recycled":"0","gemstone_id":"0","customizable":"0","type_category":"physical","zerowaste":"0","postage_price":"1400.00","shop_order":"116","has_category":"1","landing_pages":null,"microdata":{"number":20,"category":""},"title":"Aut\u00f3s fejp\u00e1nt gyerek\u00fcl\u00e9shez","description":"Aut\u00f3s fejt\u00e1masz megakad\u00e1jozza, hogy a gyerek\u00fcl\u00e9sben szundik\u00e1l\u00f3 gyermek feje el\u0151rebillenjen. P\u00e1ntja 4 cm sz\u00e9less\u00e9g\u0171 gumiszalag, az esetleges hirtelen f\u00e9kez\u00e9sn\u00e9l is rugalmasan tartja meg az alv\u00f3 gyermek fej\u00e9t. \n\nM\u00e9rete: textil 30\u00d710 cm. \nGumi sz\u00e9less\u00e9ge 4 cm.\nKer\u00fclete 96 cm+ a gumi ny\u00fal\u00e1sa.\nCsatja seg\u00edts\u00e9g\u00e9vel a sz\u00fcks\u00e9ges m\u00e9retre be\u00e1ll\u00edthat\u00f3. \n\nAnyaga: pamutv\u00e1szon vatelinnel steppelve, a fej fel\u0151li oldal\u00e1n puha sz\u0151rm\u00e9s wellsoft, gumi, \u00e9s m\u0171anyag tuckz\u00e1r. \n\nMos\u00e1s 40\u00b0-on, \nVasalni csak a pamutv\u00e1szon oldal\u00e1n. \nSz\u00e1ll\u00edt\u00e1s: ha MPL csomag automat\u00e1ba k\u00e9red, k\u00e9rlek \u00edrd meg \u00fczenetbe a csomag automata c\u00edm\u00e9t, \u00e9s sz\u00e1m\u00e1t. \n\n","score":0,"formatted_price":"2 900 Ft","image_url":"https:\/\/www.meska.hu\/img\/product\/small\/b\/a\/babiblue_product_354010_240623140716_351526.jpeg","formatted_url":"https:\/\/www.meska.hu\/p5670398-autos-fejpant-gyerekuleshez","favourite":false,"in_stock":false,"avatar":"babiblue_avatar_354010_1597668286.jpg","delete_from":0,"is_enhanced_background":false,"is_enhanced":false,"product_selection_started":false,"is_active":true,"image_webp_url":"https:\/\/www.meska.hu\/img\/product\/small\/b\/a\/babiblue_product_354010_240623140716_351526.webp"},{"id":"6085716","shop_id":"28652","user_id":"354010","shop_name":"babiblue","shop_zip":"3508","product_code":"5714394","product_name_old":null,"product_name":"Aut\u00f3s fejp\u00e1nt gyerek\u00fcl\u00e9shez","category_string":"Baba - mama, Utaz\u00e1si kell\u00e9kek, Gyerek\u00fcl\u00e9s fejp\u00e1nt","technic_string":"Varr\u00e1s","category_1":"1735","category_2":"1754","category_3":"1515","category_4":"0","merged_category_1":null,"merged_category_2":null,"merged_category_3":null,"technic_1":"506","technic_2":"0","technic_3":"0","color_1":"521","color_2":"532","color_3":"527","product_description_old":null,"product_description":"Aut\u00f3s fejt\u00e1masz megakad\u00e1jozza, hogy a gyerek\u00fcl\u00e9sben szundik\u00e1l\u00f3 gyermek feje el\u0151rebillenjen. P\u00e1ntja 4 cm sz\u00e9less\u00e9g\u0171 gumiszalag, az esetleges hirtelen f\u00e9kez\u00e9sn\u00e9l is rugalmasan tartja meg az alv\u00f3 gyermek fej\u00e9t. \n\nM\u00e9rete: textil 30\u00d710 cm. \nGumi sz\u00e9less\u00e9ge 4 cm.\nKer\u00fclete 96 cm+ a gumi ny\u00fal\u00e1sa.\nCsatja seg\u00edts\u00e9g\u00e9vel a sz\u00fcks\u00e9ges m\u00e9retre be\u00e1ll\u00edthat\u00f3. \n\nAnyaga: pamutv\u00e1szon vatelinnel steppelve, a fej fel\u0151li oldal\u00e1n puha sz\u0151rm\u00e9s wellsoft, gumi, \u00e9s m\u0171anyag tuckz\u00e1r. \n\nMos\u00e1s 40\u00b0-on, \nVasalni csak a pamutv\u00e1szon oldal\u00e1n. \nSz\u00e1ll\u00edt\u00e1s: ha MPL csomag automat\u00e1ba k\u00e9red, k\u00e9rlek \u00edrd meg \u00fczenetbe a csomag automata c\u00edm\u00e9t, \u00e9s sz\u00e1m\u00e1t. \n\n","price":"2900.00","unit":"db","recommended":"0","status":"1","sponsored":"0","exp_notify":"0","own_material":"0","own_material_description_old":null,"own_material_description":"","jury":"0","jury_number":"","product_nature":"","meskaracsony":"0","create_date":"2026-01-18 19:09:38","shelve_id":"66248","image":"babiblue_product_354010_231127185409_971591.jpeg","image_width":"480","image_height":"480","image_alt":"Aut\u00f3s fejp\u00e1nt gyerek\u00fcl\u00e9shez, Aut\u00f3s fejt\u00e1masz megakad\u00e1jozza, hogy a gyerek\u00fcl\u00e9sben szundik\u00e1l\u00f3 gyermek feje el\u0151rebillenjen. P\u00e1ntja 4..., Meska","image_title":"Aut\u00f3s fejp\u00e1nt gyerek\u00fcl\u00e9shez, Meska","view_count":"54","favourite_count":"0","trending_score":"0","last2MonthFavouriteCount":"0","promotion":"0","giftcard_accept":"1","creditcard_accept":false,"enhanced_background":"0","domain":"meska","specific_customer_id":null,"specific_customer_name":null,"to_order_product":"1","to_order_product_time":"5","product_different":null,"product_different_description":"","vintage":"0","vintage_category_id":"0","recycled":"0","gemstone_id":"0","customizable":"0","type_category":"physical","zerowaste":"0","postage_price":"1400.00","shop_order":"6","has_category":"1","landing_pages":null,"microdata":{"number":21,"category":""},"title":"Aut\u00f3s fejp\u00e1nt gyerek\u00fcl\u00e9shez","description":"Aut\u00f3s fejt\u00e1masz megakad\u00e1jozza, hogy a gyerek\u00fcl\u00e9sben szundik\u00e1l\u00f3 gyermek feje el\u0151rebillenjen. P\u00e1ntja 4 cm sz\u00e9less\u00e9g\u0171 gumiszalag, az esetleges hirtelen f\u00e9kez\u00e9sn\u00e9l is rugalmasan tartja meg az alv\u00f3 gyermek fej\u00e9t. \n\nM\u00e9rete: textil 30\u00d710 cm. \nGumi sz\u00e9less\u00e9ge 4 cm.\nKer\u00fclete 96 cm+ a gumi ny\u00fal\u00e1sa.\nCsatja seg\u00edts\u00e9g\u00e9vel a sz\u00fcks\u00e9ges m\u00e9retre be\u00e1ll\u00edthat\u00f3. \n\nAnyaga: pamutv\u00e1szon vatelinnel steppelve, a fej fel\u0151li oldal\u00e1n puha sz\u0151rm\u00e9s wellsoft, gumi, \u00e9s m\u0171anyag tuckz\u00e1r. \n\nMos\u00e1s 40\u00b0-on, \nVasalni csak a pamutv\u00e1szon oldal\u00e1n. \nSz\u00e1ll\u00edt\u00e1s: ha MPL csomag automat\u00e1ba k\u00e9red, k\u00e9rlek \u00edrd meg \u00fczenetbe a csomag automata c\u00edm\u00e9t, \u00e9s sz\u00e1m\u00e1t. \n\n","score":0,"formatted_price":"2 900 Ft","image_url":"https:\/\/www.meska.hu\/img\/product\/small\/b\/a\/babiblue_product_354010_231127185409_971591.jpeg","formatted_url":"https:\/\/www.meska.hu\/p5714394-autos-fejpant-gyerekuleshez","favourite":false,"in_stock":false,"avatar":"babiblue_avatar_354010_1597668286.jpg","delete_from":0,"is_enhanced_background":false,"is_enhanced":false,"product_selection_started":false,"is_active":true,"image_webp_url":"https:\/\/www.meska.hu\/img\/product\/small\/b\/a\/babiblue_product_354010_231127185409_971591.webp"},{"id":"6085706","shop_id":"28652","user_id":"354010","shop_name":"babiblue","shop_zip":"3508","product_code":"5714384","product_name_old":null,"product_name":"Aut\u00f3s fejp\u00e1nt gyerek\u00fcl\u00e9shez","category_string":"Baba - mama, Utaz\u00e1si kell\u00e9kek, Gyerek\u00fcl\u00e9s fejp\u00e1nt","technic_string":"Varr\u00e1s","category_1":"1735","category_2":"1754","category_3":"1515","category_4":"0","merged_category_1":null,"merged_category_2":null,"merged_category_3":null,"technic_1":"506","technic_2":"0","technic_3":"0","color_1":"532","color_2":"523","color_3":"527","product_description_old":null,"product_description":"Aut\u00f3s fejt\u00e1masz megakad\u00e1jozza, hogy a gyerek\u00fcl\u00e9sben szundik\u00e1l\u00f3 gyermek feje el\u0151rebillenjen. P\u00e1ntja 4 cm sz\u00e9less\u00e9g\u0171 gumiszalag, az esetleges hirtelen f\u00e9kez\u00e9sn\u00e9l is rugalmasan tartja meg az alv\u00f3 gyermek fej\u00e9t. \n\nM\u00e9rete: textil 30\u00d710 cm. \nGumi sz\u00e9less\u00e9ge 4 cm.\nKer\u00fclete 96 cm+ a gumi ny\u00fal\u00e1sa.\nCsatja seg\u00edts\u00e9g\u00e9vel a sz\u00fcks\u00e9ges m\u00e9retre be\u00e1ll\u00edthat\u00f3. \n\nAnyaga: pamutv\u00e1szon vatelinnel steppelve, a fej fel\u0151li oldal\u00e1n puha sz\u0151rm\u00e9s wellsoft, gumi, \u00e9s m\u0171anyag tuckz\u00e1r. \n\nMos\u00e1s 40\u00b0-on, \nVasalni csak a pamutv\u00e1szon oldal\u00e1n. \nSz\u00e1ll\u00edt\u00e1s: ha MPL csomag automat\u00e1ba k\u00e9red, k\u00e9rlek \u00edrd meg \u00fczenetbe a csomag automata c\u00edm\u00e9t, \u00e9s sz\u00e1m\u00e1t. \n\n","price":"2900.00","unit":"db","recommended":"0","status":"1","sponsored":"0","exp_notify":"0","own_material":"0","own_material_description_old":null,"own_material_description":"","jury":"0","jury_number":"","product_nature":"","meskaracsony":"0","create_date":"2026-01-18 19:08:54","shelve_id":"66248","image":"babiblue_product_354010_231127182235_100520.jpeg","image_width":"480","image_height":"480","image_alt":"Aut\u00f3s fejp\u00e1nt gyerek\u00fcl\u00e9shez, Aut\u00f3s fejt\u00e1masz megakad\u00e1jozza, hogy a gyerek\u00fcl\u00e9sben szundik\u00e1l\u00f3 gyermek feje el\u0151rebillenjen. P\u00e1ntja 4..., Meska","image_title":"Aut\u00f3s fejp\u00e1nt gyerek\u00fcl\u00e9shez, Meska","view_count":"55","favourite_count":"0","trending_score":"0","last2MonthFavouriteCount":"0","promotion":"0","giftcard_accept":"1","creditcard_accept":false,"enhanced_background":"0","domain":"meska","specific_customer_id":null,"specific_customer_name":null,"to_order_product":"1","to_order_product_time":"5","product_different":null,"product_different_description":"","vintage":"0","vintage_category_id":"0","recycled":"0","gemstone_id":"0","customizable":"0","type_category":"physical","zerowaste":"0","postage_price":"1400.00","shop_order":"7","has_category":"1","landing_pages":null,"microdata":{"number":22,"category":""},"title":"Aut\u00f3s fejp\u00e1nt gyerek\u00fcl\u00e9shez","description":"Aut\u00f3s fejt\u00e1masz megakad\u00e1jozza, hogy a gyerek\u00fcl\u00e9sben szundik\u00e1l\u00f3 gyermek feje el\u0151rebillenjen. P\u00e1ntja 4 cm sz\u00e9less\u00e9g\u0171 gumiszalag, az esetleges hirtelen f\u00e9kez\u00e9sn\u00e9l is rugalmasan tartja meg az alv\u00f3 gyermek fej\u00e9t. \n\nM\u00e9rete: textil 30\u00d710 cm. \nGumi sz\u00e9less\u00e9ge 4 cm.\nKer\u00fclete 96 cm+ a gumi ny\u00fal\u00e1sa.\nCsatja seg\u00edts\u00e9g\u00e9vel a sz\u00fcks\u00e9ges m\u00e9retre be\u00e1ll\u00edthat\u00f3. \n\nAnyaga: pamutv\u00e1szon vatelinnel steppelve, a fej fel\u0151li oldal\u00e1n puha sz\u0151rm\u00e9s wellsoft, gumi, \u00e9s m\u0171anyag tuckz\u00e1r. \n\nMos\u00e1s 40\u00b0-on, \nVasalni csak a pamutv\u00e1szon oldal\u00e1n. \nSz\u00e1ll\u00edt\u00e1s: ha MPL csomag automat\u00e1ba k\u00e9red, k\u00e9rlek \u00edrd meg \u00fczenetbe a csomag automata c\u00edm\u00e9t, \u00e9s sz\u00e1m\u00e1t. \n\n","score":0,"formatted_price":"2 900 Ft","image_url":"https:\/\/www.meska.hu\/img\/product\/small\/b\/a\/babiblue_product_354010_231127182235_100520.jpeg","formatted_url":"https:\/\/www.meska.hu\/p5714384-autos-fejpant-gyerekuleshez","favourite":false,"in_stock":false,"avatar":"babiblue_avatar_354010_1597668286.jpg","delete_from":0,"is_enhanced_background":false,"is_enhanced":false,"product_selection_started":false,"is_active":true,"image_webp_url":"https:\/\/www.meska.hu\/img\/product\/small\/b\/a\/babiblue_product_354010_231127182235_100520.webp"},{"id":"5916016","shop_id":"28652","user_id":"354010","shop_name":"babiblue","shop_zip":"3508","product_code":"5617317","product_name_old":null,"product_name":"Aut\u00f3s fejp\u00e1nt gyerek\u00fcl\u00e9shez","category_string":"Baba - mama, Utaz\u00e1si kell\u00e9kek, Gyerek\u00fcl\u00e9s fejp\u00e1nt","technic_string":"Varr\u00e1s","category_1":"1735","category_2":"1754","category_3":"1515","category_4":"0","merged_category_1":null,"merged_category_2":null,"merged_category_3":null,"technic_1":"506","technic_2":"0","technic_3":"0","color_1":"521","color_2":"532","color_3":"527","product_description_old":null,"product_description":"Aut\u00f3s fejt\u00e1masz megakad\u00e1jozza, hogy a gyerek\u00fcl\u00e9sben szundik\u00e1l\u00f3 gyermek feje el\u0151rebillenjen. P\u00e1ntja 4 cm sz\u00e9less\u00e9g\u0171 gumiszalag, az esetleges hirtelen f\u00e9kez\u00e9sn\u00e9l is rugalmasan tartja meg az alv\u00f3 gyermek fej\u00e9t. \n\nM\u00e9rete: textil 30\u00d710 cm. \nGumi sz\u00e9less\u00e9ge 4 cm.\nKer\u00fclete 96 cm+ a gumi ny\u00fal\u00e1sa.\nCsatja seg\u00edts\u00e9g\u00e9vel a sz\u00fcks\u00e9ges m\u00e9retre be\u00e1ll\u00edthat\u00f3. \nSzine : S\u00f6t\u00e9tk\u00e9k alapon maci mint\u00e1s, wellsoft sz\u00edne vil\u00e1gossz\u00fcrke. \n\nAnyaga: pamutv\u00e1szon vatelinnel steppelve, a fej fel\u0151li oldal\u00e1n puha sz\u0151rm\u00e9s wellsoft, gumi, \u00e9s m\u0171anyag tuckz\u00e1r. \n\nMos\u00e1s 40\u00b0-on, \nVasalni csak a pamutv\u00e1szon oldal\u00e1n. \nSz\u00e1ll\u00edt\u00e1s: ha MPL csomag automat\u00e1ba k\u00e9red, k\u00e9rlek \u00edrd meg \u00fczenetbe a csomag automata c\u00edm\u00e9t, \u00e9s sz\u00e1m\u00e1t. \n\n","price":"2900.00","unit":"db","recommended":"0","status":"1","sponsored":"0","exp_notify":"0","own_material":"0","own_material_description_old":null,"own_material_description":"","jury":"0","jury_number":"","product_nature":"","meskaracsony":"0","create_date":"2026-01-08 09:29:36","shelve_id":"66248","image":"babiblue_product_354010_250510113228_728746.jpeg","image_width":"480","image_height":"480","image_alt":"Aut\u00f3s fejp\u00e1nt gyerek\u00fcl\u00e9shez, Aut\u00f3s fejt\u00e1masz megakad\u00e1jozza, hogy a gyerek\u00fcl\u00e9sben szundik\u00e1l\u00f3 gyermek feje el\u0151rebillenjen. P\u00e1ntja 4..., Meska","image_title":"Aut\u00f3s fejp\u00e1nt gyerek\u00fcl\u00e9shez, Meska","view_count":"142","favourite_count":"0","trending_score":"0","last2MonthFavouriteCount":"0","promotion":"0","giftcard_accept":"1","creditcard_accept":false,"enhanced_background":"0","domain":"meska","specific_customer_id":null,"specific_customer_name":null,"to_order_product":"1","to_order_product_time":"5","product_different":null,"product_different_description":"","vintage":"0","vintage_category_id":"0","recycled":"0","gemstone_id":"0","customizable":"0","type_category":"physical","zerowaste":"0","postage_price":"1400.00","shop_order":"154","has_category":"1","landing_pages":null,"microdata":{"number":23,"category":""},"title":"Aut\u00f3s fejp\u00e1nt gyerek\u00fcl\u00e9shez","description":"Aut\u00f3s fejt\u00e1masz megakad\u00e1jozza, hogy a gyerek\u00fcl\u00e9sben szundik\u00e1l\u00f3 gyermek feje el\u0151rebillenjen. P\u00e1ntja 4 cm sz\u00e9less\u00e9g\u0171 gumiszalag, az esetleges hirtelen f\u00e9kez\u00e9sn\u00e9l is rugalmasan tartja meg az alv\u00f3 gyermek fej\u00e9t. \n\nM\u00e9rete: textil 30\u00d710 cm. \nGumi sz\u00e9less\u00e9ge 4 cm.\nKer\u00fclete 96 cm+ a gumi ny\u00fal\u00e1sa.\nCsatja seg\u00edts\u00e9g\u00e9vel a sz\u00fcks\u00e9ges m\u00e9retre be\u00e1ll\u00edthat\u00f3. \nSzine : S\u00f6t\u00e9tk\u00e9k alapon maci mint\u00e1s, wellsoft sz\u00edne vil\u00e1gossz\u00fcrke. \n\nAnyaga: pamutv\u00e1szon vatelinnel steppelve, a fej fel\u0151li oldal\u00e1n puha sz\u0151rm\u00e9s wellsoft, gumi, \u00e9s m\u0171anyag tuckz\u00e1r. \n\nMos\u00e1s 40\u00b0-on, \nVasalni csak a pamutv\u00e1szon oldal\u00e1n. \nSz\u00e1ll\u00edt\u00e1s: ha MPL csomag automat\u00e1ba k\u00e9red, k\u00e9rlek \u00edrd meg \u00fczenetbe a csomag automata c\u00edm\u00e9t, \u00e9s sz\u00e1m\u00e1t. \n\n","score":0,"formatted_price":"2 900 Ft","image_url":"https:\/\/www.meska.hu\/img\/product\/small\/b\/a\/babiblue_product_354010_250510113228_728746.jpeg","formatted_url":"https:\/\/www.meska.hu\/p5617317-autos-fejpant-gyerekuleshez","favourite":false,"in_stock":false,"avatar":"babiblue_avatar_354010_1597668286.jpg","delete_from":0,"is_enhanced_background":false,"is_enhanced":false,"product_selection_started":false,"is_active":true,"image_webp_url":"https:\/\/www.meska.hu\/img\/product\/small\/b\/a\/babiblue_product_354010_250510113228_728746.webp"}],"canonicals":{"canonical":"https:\/\/www.meska.hu\/s\/gyerekules-fejpant\/c-1515"},"seo":{"title":"Gyerek\u00fcl\u00e9s fejp\u00e1nt | K\u00e9zm\u0171ves aut\u00f3s fejp\u00e1nt | Meska","seoTitle":"Gyerek\u00fcl\u00e9s fejp\u00e1nt, aut\u00f3s fejp\u00e1nt","seoDescription":"<p>A <strong>gyerek\u00fcl\u00e9s fejp\u00e1nt<\/strong> olyan gondosan megtervezett k\u00e9zm\u0171ves kieg\u00e9sz\u00edt\u0151, amely a gyermekek biztons\u00e1g\u00e1t \u00e9s k\u00e9nyelm\u00e9t helyezi el\u0151t\u00e9rbe hosszabb aut\u00f3utak sor\u00e1n. Amikor a kicsi elalszik az aut\u00f3ban, a fej\u00e9nek el\u0151rebuk\u00e1sa nemcsak k\u00e9nyelmetlens\u00e9get okoz, hanem a nyak \u00e9s a h\u00e1t f\u00e1jdalm\u00e1hoz is vezethet, r\u00e1ad\u00e1sul f\u00e9kez\u00e9skor vesz\u00e9lyes is lehet. A Meska k\u00e9zm\u0171vesei \u00e1ltal k\u00e9sz\u00edtett fejp\u00e1ntok praktikus megold\u00e1st k\u00edn\u00e1lnak erre a probl\u00e9m\u00e1ra, mik\u00f6zben k\u00fcl\u00f6nleges, egyedi mint\u00e1kkal \u00e9s sz\u00ednvil\u00e1ggal gazdag\u00edtj\u00e1k a gyerek\u00fcl\u00e9seket. Az itt el\u00e9rhet\u0151 term\u00e9kek a hagyom\u00e1nyos t\u00f6meggy\u00e1rtott megold\u00e1sokt\u00f3l elt\u00e9r\u0151en k\u00e9zzel k\u00e9sz\u00fclnek, gondosan v\u00e1logatott anyagokb\u00f3l, \u00edgy minden darab egyedi \u00e9s k\u00fcl\u00f6nleges.<\/p> <p>A <strong>gyerek\u00fcl\u00e9s fejp\u00e1nt<\/strong> haszn\u00e1lata rendk\u00edv\u00fcl egyszer\u0171, m\u00e9gis megv\u00e1ltoztatja az aut\u00f3s utaz\u00e1sok \u00e9lm\u00e9ny\u00e9t a csal\u00e1d sz\u00e1m\u00e1ra. A sz\u00fcl\u0151k nyugodtan vezethetnek, hiszen a gyermek feje biztons\u00e1gosan helyzetben marad alv\u00e1s k\u00f6zben is, nem kell folyamatosan agg\u00f3dni a fej el\u0151rebuk\u00e1sa vagy oldalbillen\u00e9se miatt. A k\u00e9zm\u0171ves fejp\u00e1ntok puha, l\u00e9g\u00e1tereszt\u0151 anyagokb\u00f3l k\u00e9sz\u00fclnek, amelyek nem irrit\u00e1lj\u00e1k a gyermek \u00e9rz\u00e9keny b\u0151r\u00e9t, \u00e9s biztos\u00edtj\u00e1k a k\u00e9nyelmes pihen\u00e9st m\u00e9g hosszabb utakon is. A Meska oldal\u00e1n tal\u00e1lhat\u00f3 term\u00e9kek k\u00f6z\u00f6tt megtal\u00e1lhat\u00f3k a k\u00fcl\u00f6nb\u00f6z\u0151 m\u00e9ret\u0171 \u00e9s sz\u00edn\u0171 modellek, amelyek illeszkednek a gyerek\u00fcl\u00e9s st\u00edlus\u00e1hoz \u00e9s a csal\u00e1d ig\u00e9nyeihez egyar\u00e1nt.<\/p> <h2 class=\"text-meska\/base-orange\"><strong>Gyerek\u00fcl\u00e9s fejp\u00e1nt<\/strong> - biztons\u00e1g \u00e9s k\u00e9nyelem egyben<\/h2> <p>A <strong>gyerek\u00fcl\u00e9s fejp\u00e1nt<\/strong> alapvet\u0151 funkci\u00f3ja a gyermek fej\u00e9nek stabilan tart\u00e1sa utaz\u00e1s k\u00f6zben, amikor elalszik. A Meska alkot\u00f3i k\u00fcl\u00f6n\u00f6s figyelmet ford\u00edtanak arra, hogy a term\u00e9kek ne csak funkcion\u00e1lisak legyenek, hanem gy\u00f6ny\u00f6r\u0171ek is. A k\u00e9zm\u0171ves k\u00e9sz\u00edt\u00e9s\u0171 fejp\u00e1ntok egyedi mint\u00e1kkal, vid\u00e1m sz\u00ednekkel \u00e9s gondos r\u00e9szletmegold\u00e1sokkal k\u00e9sz\u00fclnek, amelyek \u00f6r\u00f6met szereznek mind a gyermeknek, mind a sz\u00fcl\u0151knek. Ezek a darabok \u00e1ltal\u00e1ban \u00e1ll\u00edthat\u00f3 gumiszalaggal rendelkeznek, amely biztos\u00edtja, hogy b\u00e1rmilyen gyerek\u00fcl\u00e9shez k\u00f6nnyen hozz\u00e1igaz\u00edthat\u00f3k legyenek. A p\u00e1rn\u00e1zott homlokr\u00e9sz puha \u00e9s k\u00e9nyelmes, \u00edgy nem nyomja a gyermek fej\u00e9t, ugyanakkor hat\u00e9konyan megel\u0151zi a fejnek az el\u0151re vagy oldalra val\u00f3 billent\u00e9s\u00e9t alv\u00e1s k\u00f6zben.<\/p> <h2 class=\"text-meska\/base-orange\"><strong>Fejp\u00e1nt gyerek\u00fcl\u00e9shez<\/strong> - egyedi k\u00e9zm\u0171ves megold\u00e1sok<\/h2> <p>A <strong>fejp\u00e1nt gyerek\u00fcl\u00e9shez<\/strong> kiv\u00e1laszt\u00e1sakor \u00e9rdemes az egyedi, k\u00e9zzel k\u00e9sz\u00edtett darabokat el\u0151nyben r\u00e9szes\u00edteni, amelyek nemcsak funkcionalit\u00e1st, hanem eszt\u00e9tikai \u00e9rt\u00e9ket is k\u00e9pviselnek. A Meska k\u00e9zm\u0171vesei pr\u00e9mium min\u0151s\u00e9g\u0171 anyagokat haszn\u00e1lnak, mint p\u00e9ld\u00e1ul a 100%-os pamut, amely l\u00e9g\u00e1tereszt\u0151 \u00e9s kellemes tapint\u00e1s\u00fa, valamint tart\u00f3s szivacsos b\u00e9t\u00e9ssel biztos\u00edtj\u00e1k a maxim\u00e1lis k\u00e9nyelmet. Ezek a term\u00e9kek moshat\u00f3k, \u00edgy k\u00f6nnyen tiszt\u00e1n tarthat\u00f3k m\u00e9g intenz\u00edv haszn\u00e1lat mellett is. A <strong>fejp\u00e1nt gyerek\u00fcl\u00e9shez<\/strong> r\u00f6gz\u00edt\u00e9se rendk\u00edv\u00fcl egyszer\u0171, a gyerek\u00fcl\u00e9s fejr\u00e9sz\u00e9n\u00e9l \u00e1th\u00fazva \u00e1ll\u00edthat\u00f3 gumiszalagokkal \u00e9s csatokkal biztos\u00edthat\u00f3 a megfelel\u0151 illeszked\u00e9s. A k\u00e9zm\u0171ves darabok k\u00f6z\u00f6tt tal\u00e1lhat\u00f3k sz\u00ednes, mint\u00e1s v\u00e1ltozatok, amelyek szem\u00e9lyesebb\u00e9 teszik a gyerek\u00fcl\u00e9st \u00e9s t\u00fckr\u00f6zik a csal\u00e1d egy\u00e9nis\u00e9g\u00e9t.<\/p> <h2 class=\"text-meska\/base-orange\"><strong>Aut\u00f3s fejp\u00e1nt<\/strong> - praktikus \u00fatit\u00e1rs minden csal\u00e1dnak<\/h2> <p>Az <strong>aut\u00f3s fejp\u00e1nt<\/strong> n\u00e9lk\u00fcl\u00f6zhetetlen kieg\u00e9sz\u00edt\u0151 minden olyan csal\u00e1d sz\u00e1m\u00e1ra, amely rendszeresen utazik kisgyermekkel. A Meska oldal\u00e1n el\u00e9rhet\u0151 k\u00e9zm\u0171ves term\u00e9kek k\u00fcl\u00f6nlegess\u00e9ge, hogy minden egyes darab egyedi figyelemmel \u00e9s szeretettel k\u00e9sz\u00fcl, \u00edgy garant\u00e1ltan magas min\u0151s\u00e9get k\u00e9pviselnek. Az <strong>aut\u00f3s fejp\u00e1nt<\/strong> megel\u0151zi, hogy a gyermek nyaka megf\u00e1jduljon vagy megr\u00e1nduljon az alv\u00e1s sor\u00e1n, \u00e9s hirtelen f\u00e9kez\u00e9skor is biztons\u00e1gosabb utaz\u00e1st tesz lehet\u0151v\u00e9. A fejp\u00e1ntok univerz\u00e1lis m\u00e9ret\u0171ek, \u00edgy szinte minden aut\u00f3s gyerek\u00fcl\u00e9shez kompatibilisek, legyen sz\u00f3 csecsem\u0151kort\u00f3l vagy ak\u00e1r nagyobb gyermekek \u00fcl\u00e9s\u00e9r\u0151l. A Meska k\u00e9zm\u0171vesei \u00e1ltal k\u00e9sz\u00edtett darabok k\u00f6z\u00f6tt megtal\u00e1lhat\u00f3k a neutr\u00e1lis sz\u00edn\u0171ek \u00e9pp\u00fagy, mint a vid\u00e1m, gyermekbar\u00e1t mint\u00e1kkal d\u00edsz\u00edtett v\u00e1ltozatok, \u00edgy mindenki megtal\u00e1lhatja a csal\u00e1d ig\u00e9nyeihez \u00e9s \u00edzl\u00e9s\u00e9hez legink\u00e1bb ill\u0151t.<\/p> <p>A k\u00e9zm\u0171ves <strong>gyerek\u00fcl\u00e9s fejp\u00e1nt<\/strong> v\u00e1s\u00e1rl\u00e1s\u00e1val nem csup\u00e1n egy praktikus eszk\u00f6zt szerzel be, hanem t\u00e1mogatod a magyar k\u00e9zm\u0171ves kult\u00far\u00e1t \u00e9s a helyi alkot\u00f3kat is. A Meska oldal\u00e1n tal\u00e1lhat\u00f3 term\u00e9kek gondosan kidolgozottak, biztons\u00e1gosak \u00e9s tart\u00f3sak, \u00edgy hossz\u00fa t\u00e1von megb\u00edzhat\u00f3 t\u00e1rsai lesznek a csal\u00e1di utaz\u00e1soknak. Fedezd fel a k\u00edn\u00e1latot, v\u00e1laszd ki a t\u00f6k\u00e9letes darabot, amely egyedi st\u00edlus\u00e1val \u00e9s funkcionalit\u00e1s\u00e1val gazdag\u00edtja a gyermeked aut\u00f3s utaz\u00e1sait. V\u00e1s\u00e1rolj most, \u00e9s tedd k\u00e9nyelmesebb\u00e9 \u00e9s biztons\u00e1gosabb\u00e1 minden k\u00f6z\u00f6s \u00fatjaitokat!<\/p>","metaDescription":"K\u00e9zm\u0171ves gyerek\u00fcl\u00e9s fejp\u00e1nt a Mesk\u00e1n! \u2714\ufe0fEgyedi, biztons\u00e1gos aut\u00f3s fejp\u00e1ntok gyerekeknek. \u2714\ufe0fFedezd fel a v\u00e1logat\u00e1st \u00e9s v\u00e1s\u00e1rolj most!","metaNoIndex":0,"metaNoFollow":0,"seoFound":true,"ogImage":"https:\/\/www.meska.hu\/img\/category_seo\/1515-gyerekules-fejpant-autos-fejpant--meska-kezmuves-piacter_KgUVv.jpg","canonicals":"https:\/\/www.meska.hu\/s\/gyerekules-fejpant\/c-1515"},"breadcrumb":[{"position":1,"name":"Meska.hu","url":"https:\/\/www.meska.hu","last":false},{"position":2,"name":"Baba - mama","url":"https:\/\/www.meska.hu\/s\/baba-mama\/c-1735","last":false},{"position":3,"name":"Utaz\u00e1si kell\u00e9kek","url":"https:\/\/www.meska.hu\/s\/utazasi-kellekek\/c-1754","last":false},{"position":4,"name":"Gyerek\u00fcl\u00e9s fejp\u00e1nt","url":"https:\/\/www.meska.hu\/s\/gyerekules-fejpant\/c-1515","last":true}],"h1":"Gyerek\u00fcl\u00e9s fejp\u00e1nt","url":{"url":"https:\/\/www.meska.hu\/s\/gyerekules-fejpant\/c-1515","title":"Mind","_debug_":false},"_count_":23}