{"_terms_":{"phrase":"*","category_id":"431","category_ids":"431","technic_id":"493","technics":"493","facets":"n","p":"1","pp":"100","sort_by":"create_date","sort_direction":"desc","product_type":"kezmuves|alapanyag|vintage","session_id":"16rpf6int6ekn7gaannkcp73du"},"total":132,"products":[{"id":"5814938","shop_id":"47945","user_id":"702579","shop_name":"Darimi","shop_zip":"2030","product_code":"5566101","product_name_old":null,"product_name":"Modern h\u00e1zsz\u00e1mt\u00e1bla - letisztult, minimalista k\u00fclt\u00e9ri h\u00e1zsz\u00e1m fekete vagy feh\u00e9r sz\u00ednben","category_string":"Otthon & \u00c9letm\u00f3d, H\u00e1z & Kert, H\u00e1zsz\u00e1m","technic_string":"Mindenm\u00e1s","category_1":"813","category_2":"897","category_3":"431","category_4":"0","merged_category_1":null,"merged_category_2":null,"merged_category_3":null,"technic_1":"493","technic_2":"0","technic_3":"0","color_1":"519","color_2":"520","color_3":"527","product_description_old":null,"product_description":"Modern h\u00e1zsz\u00e1mt\u00e1bla letisztult, minimalista st\u00edlusban, amely egyszer\u0171 eleganci\u00e1j\u00e1val emeli ki otthonod bej\u00e1rat\u00e1t. Ha a kevesebb t\u00f6bb elv\u00e9t vallod, \u00e9s a kort\u00e1rs \u00e9p\u00edt\u00e9szet vonalvezet\u00e9se \u00e1ll hozz\u00e1d k\u00f6zel, ez a h\u00e1zsz\u00e1m pont neked k\u00e9sz\u00fclt. A letisztult vonalak \u00e9s a tudatos egyszer\u0171s\u00e9g m\u00e1r az ajt\u00f3d el\u0151tt megmutatja, milyen \u00edzl\u00e9svil\u00e1g uralkodik a falakon bel\u00fcl.\n\nM\u00c9RETEK\n\nA t\u00e1bla m\u00e9rete kb. 26x10 cm, ar\u00e1nyos kialak\u00edt\u00e1ssal, amely a legt\u00f6bb bej\u00e1rati ajt\u00f3 vagy kapu mell\u00e9 remek\u00fcl illeszkedik.\n\nSZ\u00cdNEK\n\nFekete \u00e9s feh\u00e9r sz\u00ednben \u00e9rhet\u0151 el, \u00edgy k\u00f6nnyed\u00e9n alkalmazkodik a homlokzat st\u00edlus\u00e1hoz. Legyen sz\u00f3 vil\u00e1gos vakolatr\u00f3l vagy s\u00f6t\u00e9t falburkolatr\u00f3l, az egyik sz\u00edn biztosan passzolni fog. Az 1500 Ft-os \u00e1r a boltunk legkedvez\u0151bb aj\u00e1nlata h\u00e1zsz\u00e1mt\u00e1bl\u00e1kra, \u00edgy ha csak egy egyszer\u0171, sz\u00e9p h\u00e1zsz\u00e1mot keresel, nem kell m\u00e9lyen a zsebedbe ny\u00falni.\n\nANYAG\n\nAnyaga ASA (Acrylonitrile Styrene Acrylate), amely kifejezetten k\u00fclt\u00e9ri felhaszn\u00e1l\u00e1sra k\u00e9sz\u00fclt. Ez nem egy hagyom\u00e1nyos festett t\u00e1bla: az ASA anyag teljes t\u00f6meg\u00e9ben sz\u00ednes, RAL ipari sz\u00ednrendszerben, teh\u00e1t nem fakul, nem h\u00e1mlik, nem kopik.\n\nUV-\u00e1ll\u00f3, es\u0151\u00e1ll\u00f3, fagy\u00e1ll\u00f3 - b\u00edrja a -30 fokt\u00f3l a +80 fokig terjed\u0151 h\u0151m\u00e9rs\u00e9kletet, \u00e9s ak\u00e1r 10 \u00e9vig is kifog\u00e1stalanul szolg\u00e1l k\u00fclt\u00e9ren. A fel\u00fclete kellemes szat\u00e9n text\u00far\u00e1j\u00fa, amelyet Prusa XL 5T nyomtat\u00f3val k\u00e9sz\u00edt\u00fcnk, fest\u00e9s n\u00e9lk\u00fcl, egyetlen darabb\u00f3l. Ha megkarcol\u00f3dna, a karcol\u00e1s alatt is ugyanaz a sz\u00edn van, mert a sz\u00edn nem csak a fel\u00fcleten, hanem az anyag belsej\u00e9ben is jelen van.\n\nR\u00d6GZ\u00cdT\u00c9S\n\nA t\u00e1bla s\u00edk fel\u00fclet\u0171, nem dombor\u00fa. R\u00f6gz\u00edteni k\u00fclt\u00e9ri \u00e9p\u00edt\u00e9si ragaszt\u00f3val (pl. Pattex One For All) a legegyszer\u0171bb: csak kend fel a h\u00e1tlapra \u00e9s nyomd a falhoz. Ez a m\u00f3dszer tiszta, lyukmentes fel\u00fcletet ad, nem kell f\u00farni, nem kell tipliz\u0151, \u00e9s a fal s\u00e9rtetlen marad.\n\nHa m\u00e9gis ink\u00e1bb csavaros r\u00f6gz\u00edt\u00e9st szeretn\u00e9l, k\u00e9rheted furatokkal is - jelezd rendel\u00e9skor, \u00e9s mi elk\u00e9sz\u00edtj\u00fck a lyukakat a k\u00edv\u00e1nt poz\u00edci\u00f3ban.\n\nRENDEL\u00c9S\n\nRendel\u00e9skor add meg a k\u00edv\u00e1nt h\u00e1zsz\u00e1mot (sz\u00e1mjegy vagy bet\u0171-sz\u00e1m kombin\u00e1ci\u00f3), \u00e9s mi elk\u00e9sz\u00edtj\u00fck neked. A t\u00e1bla remek\u00fcl mutat \u00f6nmag\u00e1ban is, de ha nagyobb fel\u00fcletet szeretn\u00e9l lefedni, vagy utcanevet is felt\u00fcntetn\u00e9l, \u00e9rdemes megn\u00e9zned a boltunkban el\u00e9rhet\u0151 terjedelmes h\u00e1zsz\u00e1mt\u00e1bl\u00e1kat, amelyek t\u00f6bb sz\u00f6vegsort is befogadnak. Ha a fekv\u0151 t\u00e9glalap form\u00e1tum tetszik, de a m\u00e9retet te szeretn\u00e9d meghat\u00e1rozni, a sz\u00e9less\u00e9g alap\u00fa h\u00e1zsz\u00e1mt\u00e1bl\u00e1ink k\u00f6z\u00f6tt biztosan tal\u00e1lsz megfelel\u0151t.\n\nMIRE J\u00d3?\n\nEz a modern h\u00e1zsz\u00e1mt\u00e1bla gyakori v\u00e1laszt\u00e1s \u00faj \u00e9p\u00edt\u00e9s\u0171 h\u00e1zakhoz, lak\u00f3parkokba vagy fel\u00faj\u00edt\u00e1s ut\u00e1ni homlokzatfriss\u00edt\u00e9shez. H\u00e1zavat\u00f3ra is remek aj\u00e1nd\u00e9k, mert szem\u00e9lyes, praktikus \u00e9s garant\u00e1ltan nem lesz bel\u0151le kett\u0151. Sz\u00fclet\u00e9snapra vagy n\u00e9vnapra is meglepet\u00e9s lehet annak, aki \u00e9ppen \u00faj otthonba k\u00f6lt\u00f6z\u00f6tt.\n\nHa igaz\u00e1n komplett bej\u00e1rati megjelen\u00e9st szeretn\u00e9l, p\u00e1ros\u00edtsd az \u00f6n\u00e1ll\u00f3 sz\u00e1mjegyeinkkel, amelyeket a postal\u00e1d\u00e1ra ragaszthatsz, \u00edgy a bej\u00e1rat \u00e9s a postal\u00e1da is egys\u00e9ges st\u00edlusban k\u00f6sz\u00f6nti a l\u00e1togat\u00f3kat.\n\nTavaszi kertsz\u00e9p\u00edt\u00e9shez, \u0151szi fel\u00faj\u00edt\u00e1shoz vagy egyszer\u0171en a bej\u00e1rat meg\u00faj\u00edt\u00e1s\u00e1hoz ez az egyik legegyszer\u0171bb, m\u00e9gis legl\u00e1tv\u00e1nyosabb l\u00e9p\u00e9s. Egy rendezett, j\u00f3l olvashat\u00f3 h\u00e1zsz\u00e1m az eg\u00e9sz homlokzatot rendbe szedi.\n\nHa a minimalista st\u00edlus helyett valami d\u00edszesebbel is sz\u00edvesen megismerkedn\u00e9l, a boltunkban vintage, eleg\u00e1ns vintage, t\u00e9gla \u00e9s mot\u00edvumos h\u00e1zsz\u00e1mt\u00e1bl\u00e1kat is tal\u00e1lsz - a kuty\u00e1s \u00e9s cic\u00e1s v\u00e1ltozatokt\u00f3l a haj\u00f3s \u00e9s biciklis mot\u00edvumokig rengeteg lehet\u0151s\u00e9g v\u00e1r. Akinek igaz\u00e1n egyedi elk\u00e9pzel\u00e9se van, a teljesen egyedi h\u00e1zsz\u00e1mt\u00e1bl\u00e1nkkal megval\u00f3s\u00edthatja a saj\u00e1t \u00f6tlet\u00e9t is.\n\nMinden term\u00e9k\u00fcnket egyedileg, rendel\u00e9sre k\u00e9sz\u00edtj\u00fck. K\u00e9rd\u00e9sed van? \u00cdrj b\u00e1tran, gyorsan v\u00e1laszolunk. N\u00e9zd meg a t\u00f6bbi term\u00e9k\u00fcnket is, h\u00e1tha tal\u00e1lsz m\u00e9g valamit, ami tetszik.","price":"1450.00","unit":"db","recommended":"0","status":"1","sponsored":"0","exp_notify":"0","own_material":"0","own_material_description_old":null,"own_material_description":"","jury":"0","jury_number":"","product_nature":"","meskaracsony":"0","create_date":"2026-04-08 22:44:14","shelve_id":"79630","image":"darimi_product_702579_250530204459_361165.png","image_width":"480","image_height":"477","image_alt":"Modern h\u00e1zsz\u00e1mt\u00e1bla - letisztult, minimalista k\u00fclt\u00e9ri h\u00e1zsz\u00e1m fekete vagy feh\u00e9r sz\u00ednben, Modern h\u00e1zsz\u00e1mt\u00e1bla letisztult, minimalista st\u00edlusban, amely egyszer\u0171 eleganci\u00e1j\u00e1val emeli ki otthon..., Meska","image_title":"Modern h\u00e1zsz\u00e1mt\u00e1bla - letisztult, minimalista k\u00fclt\u00e9ri h\u00e1zsz\u00e1m fekete vagy feh\u00e9r sz\u00ednben, Meska","view_count":"4581","favourite_count":"2","trending_score":"0","last2MonthFavouriteCount":"4","promotion":"0","giftcard_accept":"0","creditcard_accept":true,"enhanced_background":"0","domain":"meska","specific_customer_id":null,"specific_customer_name":null,"to_order_product":"1","to_order_product_time":"1","product_different":null,"product_different_description":"","vintage":"0","vintage_category_id":"0","recycled":"0","gemstone_id":"0","customizable":"1","type_category":"physical","zerowaste":"0","postage_price":"1349.00","shop_order":"0","has_category":"1","landing_pages":null,"microdata":{"number":1,"category":""},"title":"Modern h\u00e1zsz\u00e1mt\u00e1bla - letisztult, minimalista k\u00fclt\u00e9ri h\u00e1zsz\u00e1m fekete vagy feh\u00e9r sz\u00ednben","description":"Modern h\u00e1zsz\u00e1mt\u00e1bla letisztult, minimalista st\u00edlusban, amely egyszer\u0171 eleganci\u00e1j\u00e1val emeli ki otthonod bej\u00e1rat\u00e1t. Ha a kevesebb t\u00f6bb elv\u00e9t vallod, \u00e9s a kort\u00e1rs \u00e9p\u00edt\u00e9szet vonalvezet\u00e9se \u00e1ll hozz\u00e1d k\u00f6zel, ez a h\u00e1zsz\u00e1m pont neked k\u00e9sz\u00fclt. A letisztult vonalak \u00e9s a tudatos egyszer\u0171s\u00e9g m\u00e1r az ajt\u00f3d el\u0151tt megmutatja, milyen \u00edzl\u00e9svil\u00e1g uralkodik a falakon bel\u00fcl.\n\nM\u00c9RETEK\n\nA t\u00e1bla m\u00e9rete kb. 26x10 cm, ar\u00e1nyos kialak\u00edt\u00e1ssal, amely a legt\u00f6bb bej\u00e1rati ajt\u00f3 vagy kapu mell\u00e9 remek\u00fcl illeszkedik.\n\nSZ\u00cdNEK\n\nFekete \u00e9s feh\u00e9r sz\u00ednben \u00e9rhet\u0151 el, \u00edgy k\u00f6nnyed\u00e9n alkalmazkodik a homlokzat st\u00edlus\u00e1hoz. Legyen sz\u00f3 vil\u00e1gos vakolatr\u00f3l vagy s\u00f6t\u00e9t falburkolatr\u00f3l, az egyik sz\u00edn biztosan passzolni fog. Az 1500 Ft-os \u00e1r a boltunk legkedvez\u0151bb aj\u00e1nlata h\u00e1zsz\u00e1mt\u00e1bl\u00e1kra, \u00edgy ha csak egy egyszer\u0171, sz\u00e9p h\u00e1zsz\u00e1mot keresel, nem kell m\u00e9lyen a zsebedbe ny\u00falni.\n\nANYAG\n\nAnyaga ASA (Acrylonitrile Styrene Acrylate), amely kifejezetten k\u00fclt\u00e9ri felhaszn\u00e1l\u00e1sra k\u00e9sz\u00fclt. Ez nem egy hagyom\u00e1nyos festett t\u00e1bla: az ASA anyag teljes t\u00f6meg\u00e9ben sz\u00ednes, RAL ipari sz\u00ednrendszerben, teh\u00e1t nem fakul, nem h\u00e1mlik, nem kopik.\n\nUV-\u00e1ll\u00f3, es\u0151\u00e1ll\u00f3, fagy\u00e1ll\u00f3 - b\u00edrja a -30 fokt\u00f3l a +80 fokig terjed\u0151 h\u0151m\u00e9rs\u00e9kletet, \u00e9s ak\u00e1r 10 \u00e9vig is kifog\u00e1stalanul szolg\u00e1l k\u00fclt\u00e9ren. A fel\u00fclete kellemes szat\u00e9n text\u00far\u00e1j\u00fa, amelyet Prusa XL 5T nyomtat\u00f3val k\u00e9sz\u00edt\u00fcnk, fest\u00e9s n\u00e9lk\u00fcl, egyetlen darabb\u00f3l. Ha megkarcol\u00f3dna, a karcol\u00e1s alatt is ugyanaz a sz\u00edn van, mert a sz\u00edn nem csak a fel\u00fcleten, hanem az anyag belsej\u00e9ben is jelen van.\n\nR\u00d6GZ\u00cdT\u00c9S\n\nA t\u00e1bla s\u00edk fel\u00fclet\u0171, nem dombor\u00fa. R\u00f6gz\u00edteni k\u00fclt\u00e9ri \u00e9p\u00edt\u00e9si ragaszt\u00f3val (pl. Pattex One For All) a legegyszer\u0171bb: csak kend fel a h\u00e1tlapra \u00e9s nyomd a falhoz. Ez a m\u00f3dszer tiszta, lyukmentes fel\u00fcletet ad, nem kell f\u00farni, nem kell tipliz\u0151, \u00e9s a fal s\u00e9rtetlen marad.\n\nHa m\u00e9gis ink\u00e1bb csavaros r\u00f6gz\u00edt\u00e9st szeretn\u00e9l, k\u00e9rheted furatokkal is - jelezd rendel\u00e9skor, \u00e9s mi elk\u00e9sz\u00edtj\u00fck a lyukakat a k\u00edv\u00e1nt poz\u00edci\u00f3ban.\n\nRENDEL\u00c9S\n\nRendel\u00e9skor add meg a k\u00edv\u00e1nt h\u00e1zsz\u00e1mot (sz\u00e1mjegy vagy bet\u0171-sz\u00e1m kombin\u00e1ci\u00f3), \u00e9s mi elk\u00e9sz\u00edtj\u00fck neked. A t\u00e1bla remek\u00fcl mutat \u00f6nmag\u00e1ban is, de ha nagyobb fel\u00fcletet szeretn\u00e9l lefedni, vagy utcanevet is felt\u00fcntetn\u00e9l, \u00e9rdemes megn\u00e9zned a boltunkban el\u00e9rhet\u0151 terjedelmes h\u00e1zsz\u00e1mt\u00e1bl\u00e1kat, amelyek t\u00f6bb sz\u00f6vegsort is befogadnak. Ha a fekv\u0151 t\u00e9glalap form\u00e1tum tetszik, de a m\u00e9retet te szeretn\u00e9d meghat\u00e1rozni, a sz\u00e9less\u00e9g alap\u00fa h\u00e1zsz\u00e1mt\u00e1bl\u00e1ink k\u00f6z\u00f6tt biztosan tal\u00e1lsz megfelel\u0151t.\n\nMIRE J\u00d3?\n\nEz a modern h\u00e1zsz\u00e1mt\u00e1bla gyakori v\u00e1laszt\u00e1s \u00faj \u00e9p\u00edt\u00e9s\u0171 h\u00e1zakhoz, lak\u00f3parkokba vagy fel\u00faj\u00edt\u00e1s ut\u00e1ni homlokzatfriss\u00edt\u00e9shez. H\u00e1zavat\u00f3ra is remek aj\u00e1nd\u00e9k, mert szem\u00e9lyes, praktikus \u00e9s garant\u00e1ltan nem lesz bel\u0151le kett\u0151. Sz\u00fclet\u00e9snapra vagy n\u00e9vnapra is meglepet\u00e9s lehet annak, aki \u00e9ppen \u00faj otthonba k\u00f6lt\u00f6z\u00f6tt.\n\nHa igaz\u00e1n komplett bej\u00e1rati megjelen\u00e9st szeretn\u00e9l, p\u00e1ros\u00edtsd az \u00f6n\u00e1ll\u00f3 sz\u00e1mjegyeinkkel, amelyeket a postal\u00e1d\u00e1ra ragaszthatsz, \u00edgy a bej\u00e1rat \u00e9s a postal\u00e1da is egys\u00e9ges st\u00edlusban k\u00f6sz\u00f6nti a l\u00e1togat\u00f3kat.\n\nTavaszi kertsz\u00e9p\u00edt\u00e9shez, \u0151szi fel\u00faj\u00edt\u00e1shoz vagy egyszer\u0171en a bej\u00e1rat meg\u00faj\u00edt\u00e1s\u00e1hoz ez az egyik legegyszer\u0171bb, m\u00e9gis legl\u00e1tv\u00e1nyosabb l\u00e9p\u00e9s. Egy rendezett, j\u00f3l olvashat\u00f3 h\u00e1zsz\u00e1m az eg\u00e9sz homlokzatot rendbe szedi.\n\nHa a minimalista st\u00edlus helyett valami d\u00edszesebbel is sz\u00edvesen megismerkedn\u00e9l, a boltunkban vintage, eleg\u00e1ns vintage, t\u00e9gla \u00e9s mot\u00edvumos h\u00e1zsz\u00e1mt\u00e1bl\u00e1kat is tal\u00e1lsz - a kuty\u00e1s \u00e9s cic\u00e1s v\u00e1ltozatokt\u00f3l a haj\u00f3s \u00e9s biciklis mot\u00edvumokig rengeteg lehet\u0151s\u00e9g v\u00e1r. Akinek igaz\u00e1n egyedi elk\u00e9pzel\u00e9se van, a teljesen egyedi h\u00e1zsz\u00e1mt\u00e1bl\u00e1nkkal megval\u00f3s\u00edthatja a saj\u00e1t \u00f6tlet\u00e9t is.\n\nMinden term\u00e9k\u00fcnket egyedileg, rendel\u00e9sre k\u00e9sz\u00edtj\u00fck. K\u00e9rd\u00e9sed van? \u00cdrj b\u00e1tran, gyorsan v\u00e1laszolunk. N\u00e9zd meg a t\u00f6bbi term\u00e9k\u00fcnket is, h\u00e1tha tal\u00e1lsz m\u00e9g valamit, ami tetszik.","score":0,"formatted_price":"1 450 Ft","image_url":"https:\/\/www.meska.hu\/img\/product\/small\/d\/a\/darimi_product_702579_250530204459_361165.png","formatted_url":"https:\/\/www.meska.hu\/p5566101-egyedi-hazszamtabla-3d-nyomtatott-idojarasallo-asa","favourite":false,"in_stock":false,"avatar":"702579_avatar_1739694015.jpeg","delete_from":0,"is_enhanced_background":false,"is_enhanced":true,"enhanced_ribbon":"<img src=\"\/images\/brightness_brighter_20x20.png\" style=\"position: absolute; right: 13px; top: 7px;\">","enhanced_key":0,"is_key_2":false,"is_key_3":false,"is_key_4":false,"product_selection_started":false,"is_active":true,"image_webp_url":"https:\/\/www.meska.hu\/img\/product\/small\/d\/a\/darimi_product_702579_250530204459_361165.webp"},{"id":"6097931","shop_id":"47945","user_id":"702579","shop_name":"Darimi","shop_zip":"2030","product_code":"5722062","product_name_old":null,"product_name":"Egyedi tulip\u00e1nos h\u00e1zsz\u00e1m - k\u00fclt\u00e9ri h\u00e1zsz\u00e1m, UV-\u00e1ll\u00f3 ASA","category_string":"Otthon & \u00c9letm\u00f3d, H\u00e1z & Kert, H\u00e1zsz\u00e1m","technic_string":"Mindenm\u00e1s","category_1":"813","category_2":"897","category_3":"431","category_4":"0","merged_category_1":null,"merged_category_2":null,"merged_category_3":null,"technic_1":"493","technic_2":"0","technic_3":"0","color_1":"519","color_2":"520","color_3":"527","product_description_old":null,"product_description":"Tulip\u00e1n mot\u00edvumos egyedi h\u00e1zsz\u00e1mt\u00e1bla, amelyet a te h\u00e1zsz\u00e1modra \u00e9s utcaneveddel k\u00e9sz\u00edt\u00fcnk el. A tulip\u00e1nos sziluettje \u00e9s a h\u00e1zsz\u00e1m egy\u00fctt alkotnak egy igaz\u00e1n szem\u00e9lyes bej\u00e1rati dekor\u00e1ci\u00f3t, amely mosolyt csal minden \u00e9rkez\u0151 arc\u00e1ra.\n\nM\u00c9RETEK\n\nN\u00e9gy m\u00e9retben rendelhet\u0151:\n- S: 20 x 8 cm (alap\u00e1r: 5 490 Ft)\n- M: 30 x 12 cm\n- L: 35 x 14 cm\n- XL: 40 x 16 cm\n\nA vastags\u00e1g 1,6 mm-t\u0151l 8 mm-ig \u00e1ll\u00edthat\u00f3, az ig\u00e9nyeidt\u0151l f\u00fcgg\u0151en. V\u00e9konyabb t\u00e1bla k\u00f6nnyebb \u00e9s diszkr\u00e9tebb, vastagabb t\u00e1bla massz\u00edvabb, mark\u00e1nsabb megjelen\u00e9st ad. Az S m\u00e9ret kisebb kapukra, postal\u00e1d\u00e1k mell\u00e9 ide\u00e1lis, az XL pedig nagyobb ker\u00edt\u00e9sekhez, j\u00f3l l\u00e1that\u00f3 utcafronti elhelyez\u00e9shez aj\u00e1nlott.\n\nSZ\u00cdNEK\n\n8 el\u0151re kiv\u00e1lasztott RAL sz\u00edn k\u00f6z\u00fcl v\u00e1laszthatsz, de ha egyik sem tetszik, egyedi sz\u00ednt is k\u00e9rhetsz. A sz\u00edneket RAL ipari sz\u00ednsk\u00e1l\u00e1b\u00f3l v\u00e1logatjuk, a nyomtat\u00e1s Prusa XL 5T nyomtat\u00f3val, ak\u00e1r 5 sz\u00ednben t\u00f6rt\u00e9nik, fest\u00e9s n\u00e9lk\u00fcl. Ez azt jelenti, hogy a sz\u00edn az anyag szerves r\u00e9sze, nem kopik le \u00e9s nem h\u00e1mlaszthat\u00f3. \u00cdgy \u00e9vek m\u00falt\u00e1n is ugyanolyan \u00e9l\u00e9nken mutat, mint az els\u0151 napon.\n\nANYAG\n\nA h\u00e1zsz\u00e1mt\u00e1bla ASA m\u0171anyagb\u00f3l k\u00e9sz\u00fcl, amely kifejezetten k\u00fclt\u00e9ri felhaszn\u00e1l\u00e1sra fejlesztett ipari alapanyag. B\u00edrja az es\u0151t, a t\u0171z\u0151 napot, a fagyot \u00e9s a h\u0151s\u00e9get egyar\u00e1nt: -30 fokt\u00f3l eg\u00e9szen +80 fokig haszn\u00e1lhat\u00f3. UV-\u00e1ll\u00f3, \u00edgy a sz\u00ednek nem fakulnak ki az \u00e9vek sor\u00e1n sem. Es\u0151\u00e1ll\u00f3 \u00e9s fagy\u00e1ll\u00f3, teh\u00e1t t\u00e9len-ny\u00e1ron nyugodtan kint maradhat a falon vagy a ker\u00edt\u00e9sen.\n\nSzat\u00e9n fel\u00fclet\u0171, s\u00edk kivitel\u0171 t\u00e1bla, amelyen a tulip\u00e1n sziluett \u00e9s a h\u00e1zsz\u00e1m egy s\u00edkban helyezkedik el, nem dombor\u00fa. A t\u00e1bla k\u00fclt\u00e9ren is 10 \u00e9vet meghalad\u00f3 \u00e9lettartam\u00fa, \u00edgy hossz\u00fa t\u00e1v\u00fa befektet\u00e9s az otthonod megjelen\u00e9s\u00e9be. Az ASA anyag ellen\u00e1ll a por lerak\u00f3d\u00e1s\u00e1nak is, \u00edgy egy egyszer\u0171 nedves t\u00f6rl\u00e9s elegend\u0151 a tiszt\u00edt\u00e1s\u00e1hoz.\n\nR\u00d6GZ\u00cdT\u00c9S\n\nK\u00fclt\u00e9ri \u00e9p\u00edt\u00e9si ragaszt\u00f3val a legegyszer\u0171bb feltenni a falra, ker\u00edt\u00e9sre vagy kapura. Tart\u00f3s, biztons\u00e1gos megold\u00e1s, \u00e9s nem kell f\u00farni hozz\u00e1. Ha m\u00e9gis furatokat szeretn\u00e9l a t\u00e1bl\u00e1n, azt rendel\u00e9skor jelezd, \u00e9s elk\u00e9sz\u00edtj\u00fck. A ragaszt\u00f3s r\u00f6gz\u00edt\u00e9s el\u0151nye, hogy nem s\u00e9r\u00fcl meg a fal, \u00e9s b\u00e1rmikor \u00e1thelyezhet\u0151.\n\nRENDEL\u00c9S\n\nRendel\u00e9skor add meg a k\u00edv\u00e1nt h\u00e1zsz\u00e1mot vagy utcanevet, a m\u00e9retet, vastags\u00e1got \u00e9s a v\u00e1lasztott sz\u00ednt. Ha b\u00e1rmi egyedi k\u00e9r\u00e9sed van a mot\u00edvummal vagy az elrendez\u00e9ssel kapcsolatban, \u00edrj \u00fczenetet \u00e9s megbesz\u00e9lj\u00fck. K\u00e9sz\u00edt\u00fcnk csak h\u00e1zsz\u00e1mos \u00e9s utcaneves v\u00e1ltozatot is, az elrendez\u00e9st a te ig\u00e9nyeidhez igaz\u00edtjuk.\n\nMIRE J\u00d3?\n\nTavaszi kertsz\u00e9p\u00edt\u00e9shez, fel\u00faj\u00edt\u00e1shoz, vagy ak\u00e1r k\u00f6lt\u00f6z\u00e9s ut\u00e1n az \u00faj otthon szem\u00e9lyre szab\u00e1s\u00e1hoz egyar\u00e1nt remek v\u00e1laszt\u00e1s.\n\nAj\u00e1nd\u00e9knak is kiv\u00e1l\u00f3: h\u00e1zavat\u00f3ra, sz\u00fclet\u00e9snapra vagy n\u00e9vnapra egy szem\u00e9lyre szabott, a megaj\u00e1nd\u00e9kozott kedvenc vir\u00e1gfajt\u00e1j\u00e1t \u00e1br\u00e1zol\u00f3 h\u00e1zsz\u00e1mt\u00e1bla k\u00fcl\u00f6nleges \u00e9s maradand\u00f3 meglepet\u00e9s. Kert bar\u00e1tok, csal\u00e1dtagok garant\u00e1ltan \u00f6r\u00fclni fognak neki. Term\u00e9szet rajong\u00f3nak nincs enn\u00e9l szem\u00e9lyesebb aj\u00e1nd\u00e9k, \u00e9s a praktikuss\u00e1ga miatt biztosan nem lesz a fi\u00f3k m\u00e9ly\u00e9n.\n\nHa a postal\u00e1d\u00e1ra is szeretn\u00e9l h\u00e1zsz\u00e1mot, n\u00e9zd meg az \u00f6n\u00e1ll\u00f3 sz\u00e1mjegyeinket, amelyek t\u00f6k\u00e9letes kieg\u00e9sz\u00edt\u0151k a h\u00e1zsz\u00e1mt\u00e1bla mell\u00e9. Aki nem vir\u00e1gmot\u00edvumot keres, annak ott vannak a vintage, modern, eleg\u00e1ns, vagy \u00e9ppen focis, biciklis, motoros v\u00e1ltozatok is. Teljesen egyedi h\u00e1zsz\u00e1mt\u00e1bl\u00e1t is k\u00e9sz\u00edt\u00fcnk, ha saj\u00e1t mot\u00edvumot vagy elrendez\u00e9st szeretn\u00e9l.\n\nMinden term\u00e9k\u00fcnket egyedileg, rendel\u00e9sre k\u00e9sz\u00edtj\u00fck. K\u00e9rd\u00e9sed van a m\u00e9retekkel, sz\u00ednekkel vagy a mot\u00edvummal kapcsolatban? \u00cdrj b\u00e1tran, gyorsan v\u00e1laszolunk. N\u00e9zd meg a t\u00f6bbi term\u00e9k\u00fcnket is, h\u00e1tha tal\u00e1lsz m\u00e9g valamit, ami tetszik.","price":"1950.00","unit":"db","recommended":"0","status":"1","sponsored":"0","exp_notify":"0","own_material":"0","own_material_description_old":null,"own_material_description":"","jury":"0","jury_number":"","product_nature":"","meskaracsony":"0","create_date":"2026-04-20 18:02:55","shelve_id":"79630","image":"darimi_product_702579_260130124151_672552.png","image_width":"480","image_height":"295","image_alt":"Egyedi tulip\u00e1nos h\u00e1zsz\u00e1m - k\u00fclt\u00e9ri h\u00e1zsz\u00e1m, UV-\u00e1ll\u00f3 ASA, Tulip\u00e1n mot\u00edvumos egyedi h\u00e1zsz\u00e1mt\u00e1bla, amelyet a te h\u00e1zsz\u00e1modra \u00e9s utcaneveddel k\u00e9sz\u00edt\u00fcnk el. A tuli..., Meska","image_title":"Egyedi tulip\u00e1nos h\u00e1zsz\u00e1m - k\u00fclt\u00e9ri h\u00e1zsz\u00e1m, UV-\u00e1ll\u00f3 ASA, Meska","view_count":"2727","favourite_count":"0","trending_score":"0","last2MonthFavouriteCount":"0","promotion":"0","giftcard_accept":"0","creditcard_accept":true,"enhanced_background":"0","domain":"meska","specific_customer_id":null,"specific_customer_name":null,"to_order_product":"1","to_order_product_time":"1","product_different":null,"product_different_description":"","vintage":"0","vintage_category_id":"0","recycled":"0","gemstone_id":"0","customizable":"1","type_category":"physical","zerowaste":"0","postage_price":"1349.00","shop_order":"0","has_category":"1","landing_pages":null,"microdata":{"number":2,"category":""},"title":"Egyedi tulip\u00e1nos h\u00e1zsz\u00e1m - k\u00fclt\u00e9ri h\u00e1zsz\u00e1m, UV-\u00e1ll\u00f3 ASA","description":"Tulip\u00e1n mot\u00edvumos egyedi h\u00e1zsz\u00e1mt\u00e1bla, amelyet a te h\u00e1zsz\u00e1modra \u00e9s utcaneveddel k\u00e9sz\u00edt\u00fcnk el. A tulip\u00e1nos sziluettje \u00e9s a h\u00e1zsz\u00e1m egy\u00fctt alkotnak egy igaz\u00e1n szem\u00e9lyes bej\u00e1rati dekor\u00e1ci\u00f3t, amely mosolyt csal minden \u00e9rkez\u0151 arc\u00e1ra.\n\nM\u00c9RETEK\n\nN\u00e9gy m\u00e9retben rendelhet\u0151:\n- S: 20 x 8 cm (alap\u00e1r: 5 490 Ft)\n- M: 30 x 12 cm\n- L: 35 x 14 cm\n- XL: 40 x 16 cm\n\nA vastags\u00e1g 1,6 mm-t\u0151l 8 mm-ig \u00e1ll\u00edthat\u00f3, az ig\u00e9nyeidt\u0151l f\u00fcgg\u0151en. V\u00e9konyabb t\u00e1bla k\u00f6nnyebb \u00e9s diszkr\u00e9tebb, vastagabb t\u00e1bla massz\u00edvabb, mark\u00e1nsabb megjelen\u00e9st ad. Az S m\u00e9ret kisebb kapukra, postal\u00e1d\u00e1k mell\u00e9 ide\u00e1lis, az XL pedig nagyobb ker\u00edt\u00e9sekhez, j\u00f3l l\u00e1that\u00f3 utcafronti elhelyez\u00e9shez aj\u00e1nlott.\n\nSZ\u00cdNEK\n\n8 el\u0151re kiv\u00e1lasztott RAL sz\u00edn k\u00f6z\u00fcl v\u00e1laszthatsz, de ha egyik sem tetszik, egyedi sz\u00ednt is k\u00e9rhetsz. A sz\u00edneket RAL ipari sz\u00ednsk\u00e1l\u00e1b\u00f3l v\u00e1logatjuk, a nyomtat\u00e1s Prusa XL 5T nyomtat\u00f3val, ak\u00e1r 5 sz\u00ednben t\u00f6rt\u00e9nik, fest\u00e9s n\u00e9lk\u00fcl. Ez azt jelenti, hogy a sz\u00edn az anyag szerves r\u00e9sze, nem kopik le \u00e9s nem h\u00e1mlaszthat\u00f3. \u00cdgy \u00e9vek m\u00falt\u00e1n is ugyanolyan \u00e9l\u00e9nken mutat, mint az els\u0151 napon.\n\nANYAG\n\nA h\u00e1zsz\u00e1mt\u00e1bla ASA m\u0171anyagb\u00f3l k\u00e9sz\u00fcl, amely kifejezetten k\u00fclt\u00e9ri felhaszn\u00e1l\u00e1sra fejlesztett ipari alapanyag. B\u00edrja az es\u0151t, a t\u0171z\u0151 napot, a fagyot \u00e9s a h\u0151s\u00e9get egyar\u00e1nt: -30 fokt\u00f3l eg\u00e9szen +80 fokig haszn\u00e1lhat\u00f3. UV-\u00e1ll\u00f3, \u00edgy a sz\u00ednek nem fakulnak ki az \u00e9vek sor\u00e1n sem. Es\u0151\u00e1ll\u00f3 \u00e9s fagy\u00e1ll\u00f3, teh\u00e1t t\u00e9len-ny\u00e1ron nyugodtan kint maradhat a falon vagy a ker\u00edt\u00e9sen.\n\nSzat\u00e9n fel\u00fclet\u0171, s\u00edk kivitel\u0171 t\u00e1bla, amelyen a tulip\u00e1n sziluett \u00e9s a h\u00e1zsz\u00e1m egy s\u00edkban helyezkedik el, nem dombor\u00fa. A t\u00e1bla k\u00fclt\u00e9ren is 10 \u00e9vet meghalad\u00f3 \u00e9lettartam\u00fa, \u00edgy hossz\u00fa t\u00e1v\u00fa befektet\u00e9s az otthonod megjelen\u00e9s\u00e9be. Az ASA anyag ellen\u00e1ll a por lerak\u00f3d\u00e1s\u00e1nak is, \u00edgy egy egyszer\u0171 nedves t\u00f6rl\u00e9s elegend\u0151 a tiszt\u00edt\u00e1s\u00e1hoz.\n\nR\u00d6GZ\u00cdT\u00c9S\n\nK\u00fclt\u00e9ri \u00e9p\u00edt\u00e9si ragaszt\u00f3val a legegyszer\u0171bb feltenni a falra, ker\u00edt\u00e9sre vagy kapura. Tart\u00f3s, biztons\u00e1gos megold\u00e1s, \u00e9s nem kell f\u00farni hozz\u00e1. Ha m\u00e9gis furatokat szeretn\u00e9l a t\u00e1bl\u00e1n, azt rendel\u00e9skor jelezd, \u00e9s elk\u00e9sz\u00edtj\u00fck. A ragaszt\u00f3s r\u00f6gz\u00edt\u00e9s el\u0151nye, hogy nem s\u00e9r\u00fcl meg a fal, \u00e9s b\u00e1rmikor \u00e1thelyezhet\u0151.\n\nRENDEL\u00c9S\n\nRendel\u00e9skor add meg a k\u00edv\u00e1nt h\u00e1zsz\u00e1mot vagy utcanevet, a m\u00e9retet, vastags\u00e1got \u00e9s a v\u00e1lasztott sz\u00ednt. Ha b\u00e1rmi egyedi k\u00e9r\u00e9sed van a mot\u00edvummal vagy az elrendez\u00e9ssel kapcsolatban, \u00edrj \u00fczenetet \u00e9s megbesz\u00e9lj\u00fck. K\u00e9sz\u00edt\u00fcnk csak h\u00e1zsz\u00e1mos \u00e9s utcaneves v\u00e1ltozatot is, az elrendez\u00e9st a te ig\u00e9nyeidhez igaz\u00edtjuk.\n\nMIRE J\u00d3?\n\nTavaszi kertsz\u00e9p\u00edt\u00e9shez, fel\u00faj\u00edt\u00e1shoz, vagy ak\u00e1r k\u00f6lt\u00f6z\u00e9s ut\u00e1n az \u00faj otthon szem\u00e9lyre szab\u00e1s\u00e1hoz egyar\u00e1nt remek v\u00e1laszt\u00e1s.\n\nAj\u00e1nd\u00e9knak is kiv\u00e1l\u00f3: h\u00e1zavat\u00f3ra, sz\u00fclet\u00e9snapra vagy n\u00e9vnapra egy szem\u00e9lyre szabott, a megaj\u00e1nd\u00e9kozott kedvenc vir\u00e1gfajt\u00e1j\u00e1t \u00e1br\u00e1zol\u00f3 h\u00e1zsz\u00e1mt\u00e1bla k\u00fcl\u00f6nleges \u00e9s maradand\u00f3 meglepet\u00e9s. Kert bar\u00e1tok, csal\u00e1dtagok garant\u00e1ltan \u00f6r\u00fclni fognak neki. Term\u00e9szet rajong\u00f3nak nincs enn\u00e9l szem\u00e9lyesebb aj\u00e1nd\u00e9k, \u00e9s a praktikuss\u00e1ga miatt biztosan nem lesz a fi\u00f3k m\u00e9ly\u00e9n.\n\nHa a postal\u00e1d\u00e1ra is szeretn\u00e9l h\u00e1zsz\u00e1mot, n\u00e9zd meg az \u00f6n\u00e1ll\u00f3 sz\u00e1mjegyeinket, amelyek t\u00f6k\u00e9letes kieg\u00e9sz\u00edt\u0151k a h\u00e1zsz\u00e1mt\u00e1bla mell\u00e9. Aki nem vir\u00e1gmot\u00edvumot keres, annak ott vannak a vintage, modern, eleg\u00e1ns, vagy \u00e9ppen focis, biciklis, motoros v\u00e1ltozatok is. Teljesen egyedi h\u00e1zsz\u00e1mt\u00e1bl\u00e1t is k\u00e9sz\u00edt\u00fcnk, ha saj\u00e1t mot\u00edvumot vagy elrendez\u00e9st szeretn\u00e9l.\n\nMinden term\u00e9k\u00fcnket egyedileg, rendel\u00e9sre k\u00e9sz\u00edtj\u00fck. K\u00e9rd\u00e9sed van a m\u00e9retekkel, sz\u00ednekkel vagy a mot\u00edvummal kapcsolatban? \u00cdrj b\u00e1tran, gyorsan v\u00e1laszolunk. N\u00e9zd meg a t\u00f6bbi term\u00e9k\u00fcnket is, h\u00e1tha tal\u00e1lsz m\u00e9g valamit, ami tetszik.","score":0,"formatted_price":"1 950 Ft","image_url":"https:\/\/www.meska.hu\/img\/product\/small\/d\/a\/darimi_product_702579_260130124151_672552.png","formatted_url":"https:\/\/www.meska.hu\/p5722062-egyedi-hazszamtabla-tulipanos-motivummal-3d-nyomtatott-idojarasallo-asa","favourite":false,"in_stock":false,"avatar":"702579_avatar_1739694015.jpeg","delete_from":0,"is_enhanced_background":false,"is_enhanced":true,"enhanced_ribbon":"<img src=\"\/images\/brightness_brighter_20x20.png\" style=\"position: absolute; right: 13px; top: 7px;\">","enhanced_key":1,"is_key_2":false,"is_key_3":false,"is_key_4":false,"product_selection_started":false,"is_active":true,"image_webp_url":"https:\/\/www.meska.hu\/img\/product\/small\/d\/a\/darimi_product_702579_260130124151_672552.webp"},{"id":"6008726","shop_id":"47945","user_id":"702579","shop_name":"Darimi","shop_zip":"2030","product_code":"5679357","product_name_old":null,"product_name":"Egyedi h\u00e1zsz\u00e1m \u00f6n\u00e1ll\u00f3 sz\u00e1mjegyek - k\u00fclt\u00e9ri h\u00e1zsz\u00e1mjegy darabonk\u00e9nt 590 Ft-t\u00f3l, UV-\u00e1ll\u00f3 ASA","category_string":"Otthon & \u00c9letm\u00f3d, H\u00e1z & Kert, H\u00e1zsz\u00e1m","technic_string":"Mindenm\u00e1s","category_1":"813","category_2":"897","category_3":"431","category_4":"0","merged_category_1":null,"merged_category_2":null,"merged_category_3":null,"technic_1":"493","technic_2":"0","technic_3":"0","color_1":"519","color_2":"520","color_3":"527","product_description_old":null,"product_description":"Egyedi h\u00e1zsz\u00e1m \u00f6n\u00e1ll\u00f3 sz\u00e1mjegyekkel, darabonk\u00e9nt rendelhet\u0151, a legkedvez\u0151bb \u00e1ron a boltunkban. Ha egyetlen sz\u00e1mjegyet vagy ak\u00e1r egy teljes utcanevet szeretn\u00e9l a bej\u00e1ratodra k\u00fcl\u00f6n\u00e1ll\u00f3 karakterekk\u00e9nt, ez a term\u00e9k ny\u00fajtja a legrugalmasabb \u00e9s legolcs\u00f3bb megold\u00e1st. Egy sz\u00e1mjegy m\u00e1r 590 Ft-t\u00f3l el\u00e9rhet\u0151, \u00edgy pontosan annyit k\u00f6ltesz, amennyire sz\u00fcks\u00e9ged van.\n\nM\u00c9RETEK\n\nV\u00e1laszthat\u00f3 magass\u00e1gok:\n- 7 cm\n- 10 cm\n- 15 cm\n- 20 cm\n- 25 cm\n- 30 cm\n- 35 cm\n- 45 cm\n\nA 7-10 cm-es m\u00e9ret postal\u00e1d\u00e1hoz, kaputelefonhoz, a 15-20 cm-es a bej\u00e1rati falra, a 25-45 cm-es m\u00e9retek pedig igaz\u00e1n felt\u0171n\u0151, dekorat\u00edv megold\u00e1st biztos\u00edtanak. A legkisebb, 7 cm-es m\u00e9ret kifejezetten kompakt elhelyez\u00e9sekhez alkalmas.\n\nA vastags\u00e1g 1,6 mm-t\u0151l ak\u00e1r 10 mm-ig terjed\u0151 v\u00e1laszt\u00e9kkal \u00e9rhet\u0151 el h\u00e9t fokozatban: 1,6 mm, 2 mm, 2,5 mm, 3 mm, 4 mm, 5 mm \u00e9s 10 mm. A 10 mm-es vastags\u00e1g a boltunk legmassz\u00edvabb opci\u00f3ja, amely igaz\u00e1n t\u00f6m\u00f6r, k\u0151szer\u0171 hat\u00e1st kelt a falon. A v\u00e9konyabb v\u00e1ltozatok k\u00f6nny\u0171ek \u00e9s diszkr\u00e9tek.\n\nFontos: az \u00e1r darabonk\u00e9nti. Az alap\u00e1r 590 Ft egyetlen sz\u00e1mjegy\u00e9rt a legkisebb m\u00e9retben \u00e9s vastags\u00e1gban. Ha p\u00e9ld\u00e1ul n\u00e9gy sz\u00e1mjegyre van sz\u00fcks\u00e9ged, n\u00e9gyet rendelj.\n\nSZ\u00cdNEK\n\nA sz\u00edn RAL ipari sz\u00ednrendszer\u0171: az anyag teljes vastags\u00e1g\u00e1ban sz\u00ednes, nem festett r\u00e9teg, \u00edgy nem kopik le. Prusa XL 5T nyomtat\u00f3val k\u00e9sz\u00fcl.\n\nANYAG\n\nAz \u00f6n\u00e1ll\u00f3 sz\u00e1mjegyek ASA ipari m\u0171anyagb\u00f3l k\u00e9sz\u00fclnek, amely kifejezetten k\u00fclt\u00e9ri tart\u00f3s haszn\u00e1latra fejlesztett anyag. Id\u0151j\u00e1r\u00e1s\u00e1ll\u00f3: -30 fokt\u00f3l +80 fokig megb\u00edzhat\u00f3an helyt\u00e1ll. UV-\u00e1ll\u00f3, es\u0151\u00e1ll\u00f3 \u00e9s fagy\u00e1ll\u00f3, eg\u00e9sz \u00e9vben kint maradhat a falon, kapun vagy ker\u00edt\u00e9sen. Nem fakul, nem s\u00e1rgul, nem reped. A k\u00fclt\u00e9ri \u00e9lettartam meghaladja a 10 \u00e9vet.\n\nSzat\u00e9n fel\u00fclet\u0171, s\u00edk kivitel\u0171 sz\u00e1mjegyeket kapsz, amelyek nem dombor\u00faak.\n\nR\u00d6GZ\u00cdT\u00c9S\n\nK\u00fclt\u00e9ri \u00e9p\u00edt\u00e9si ragaszt\u00f3val a legegyszer\u0171bb felhelyezni a falra, kapura, ker\u00edt\u00e9sre vagy postal\u00e1d\u00e1ra. Minden sz\u00e1mjegyet k\u00fcl\u00f6n ragasztasz fel, \u00edgy az elrendez\u00e9s teljesen szabad: v\u00edzszintesen, f\u00fcgg\u0151legesen, \u00edvben, l\u00e9pcs\u0151zetesen vagy b\u00e1rmilyen kreat\u00edv elrendez\u00e9sben. Ha furatokat szeretn\u00e9l, rendel\u00e9sn\u00e9l jelezd, \u00e9s elk\u00e9sz\u00edtj\u00fck.\n\nRENDEL\u00c9S\n\nRendel\u00e9skor add meg a k\u00edv\u00e1nt sz\u00e1mjegyet (vagy bet\u0171t), v\u00e1laszd ki a magass\u00e1got, vastags\u00e1got \u00e9s sz\u00ednt. Minden egyes karaktert k\u00fcl\u00f6n darabk\u00e9nt kell megrendelni.\n\nA kedvez\u0151 darab\u00e1r miatt ez a term\u00e9k kiv\u00e1l\u00f3 v\u00e1laszt\u00e1s, ha t\u00f6bb sz\u00e1mjegyre van sz\u00fcks\u00e9ged: egy h\u00e1romjegy\u0171 h\u00e1zsz\u00e1m m\u00e1r 1 770 Ft-t\u00f3l \u00f6ssze\u00e1ll\u00edthat\u00f3.\n\nMIRE J\u00d3?\n\nAz \u00f6n\u00e1ll\u00f3 sz\u00e1mjegyek a legmodernebb \u00e9s legrugalmasabb h\u00e1zsz\u00e1m megold\u00e1s. Nincs keret, nincs h\u00e1tt\u00e9r, csak a sz\u00e1m maga jelenik meg a falon. Ez a letisztult megjelen\u00e9s k\u00fcl\u00f6n\u00f6sen modern h\u00e1zakhoz, minimalista homlokzatokhoz, fel\u00faj\u00edtott \u00e9p\u00fcletekhez \u00e9s design tudatos bej\u00e1ratokhoz illik. Ugyanakkor hagyom\u00e1nyos csal\u00e1di h\u00e1zon is eleg\u00e1nsan mutat.\n\nK\u00f6lt\u00f6z\u00e9sre, h\u00e1zavat\u00f3ra, fel\u00faj\u00edt\u00e1sra, n\u00e9vnapra vagy sz\u00fclet\u00e9snapra remek aj\u00e1nd\u00e9k, mert a megaj\u00e1nd\u00e9kozott c\u00edm\u00e9re szem\u00e9lyre szabott.\n\nHa nagyobb m\u00e9ret\u0171 vagy vastagabb \u00f6n\u00e1ll\u00f3 sz\u00e1mjegyeket keresel, n\u00e9zd meg a boltunk m\u00e1sik \u00f6n\u00e1ll\u00f3 sz\u00e1mjegy term\u00e9k\u00e9t is, amely elt\u00e9r\u0151 m\u00e9ret- \u00e9s vastags\u00e1g-kombin\u00e1ci\u00f3kat k\u00edn\u00e1l. Ha ink\u00e1bb t\u00e1bl\u00e1s megold\u00e1st szeretn\u00e9l, ahol a h\u00e1tt\u00e9r \u00e9s a sz\u00e1m egyben van, az eleg\u00e1ns vintage, a terjedelmes, a mot\u00edvumos \u00e9s a kuty\u00e1s h\u00e1zsz\u00e1mt\u00e1bl\u00e1k is el\u00e9rhet\u0151k. A teljesen egyedi h\u00e1zsz\u00e1mt\u00e1bl\u00e1val b\u00e1rmilyen form\u00e1t \u00e9s designt megval\u00f3s\u00edthatsz.\n\nKar\u00e1csonyi szezonban kar\u00e1csonyfad\u00edszt \u00e9s egyedi kar\u00e1csonyi ajt\u00f3d\u00edszt, esk\u00fcv\u0151re n\u00e9vt\u00e1bl\u00e1t \u00e9s tortad\u00edszt is tal\u00e1lsz a k\u00edn\u00e1latunkban. Belt\u00e9rre kapcsol\u00f3d\u00edszek, pillang\u00f3 fali dekor\u00e1ci\u00f3 \u00e9s babaszoba d\u00edszek is el\u00e9rhet\u0151k.\n\nMinden term\u00e9k\u00fcnket egyedileg, rendel\u00e9sre k\u00e9sz\u00edtj\u00fck. K\u00e9rd\u00e9sed van? \u00cdrj b\u00e1tran, gyorsan v\u00e1laszolunk. N\u00e9zd meg a t\u00f6bbi term\u00e9k\u00fcnket is, h\u00e1tha tal\u00e1lsz m\u00e9g valamit, ami tetszik.","price":"590.00","unit":"db","recommended":"0","status":"1","sponsored":"0","exp_notify":"0","own_material":"0","own_material_description_old":null,"own_material_description":"","jury":"0","jury_number":"","product_nature":"","meskaracsony":"0","create_date":"2026-03-30 21:25:19","shelve_id":"79630","image":"darimi_product_702579_251120204047_657119.png","image_width":"480","image_height":"490","image_alt":"Egyedi h\u00e1zsz\u00e1m \u00f6n\u00e1ll\u00f3 sz\u00e1mjegyek - k\u00fclt\u00e9ri h\u00e1zsz\u00e1mjegy darabonk\u00e9nt 590 Ft-t\u00f3l, UV-\u00e1ll\u00f3 ASA, Egyedi h\u00e1zsz\u00e1m \u00f6n\u00e1ll\u00f3 sz\u00e1mjegyekkel, darabonk\u00e9nt rendelhet\u0151, a legkedvez\u0151bb \u00e1ron a boltunkban. Ha eg..., Meska","image_title":"Egyedi h\u00e1zsz\u00e1m \u00f6n\u00e1ll\u00f3 sz\u00e1mjegyek - k\u00fclt\u00e9ri h\u00e1zsz\u00e1mjegy darabonk\u00e9nt 590 Ft-t\u00f3l, UV-\u00e1ll\u00f3 ASA, Meska","view_count":"2766","favourite_count":"0","trending_score":"0","last2MonthFavouriteCount":"0","promotion":"0","giftcard_accept":"0","creditcard_accept":true,"enhanced_background":"0","domain":"meska","specific_customer_id":null,"specific_customer_name":null,"to_order_product":"1","to_order_product_time":"1","product_different":null,"product_different_description":"","vintage":"0","vintage_category_id":"0","recycled":"0","gemstone_id":"0","customizable":"1","type_category":"physical","zerowaste":"0","postage_price":"1349.00","shop_order":"0","has_category":"1","landing_pages":null,"microdata":{"number":3,"category":""},"title":"Egyedi h\u00e1zsz\u00e1m \u00f6n\u00e1ll\u00f3 sz\u00e1mjegyek - k\u00fclt\u00e9ri h\u00e1zsz\u00e1mjegy darabonk\u00e9nt 590 Ft-t\u00f3l, UV-\u00e1ll\u00f3 ASA","description":"Egyedi h\u00e1zsz\u00e1m \u00f6n\u00e1ll\u00f3 sz\u00e1mjegyekkel, darabonk\u00e9nt rendelhet\u0151, a legkedvez\u0151bb \u00e1ron a boltunkban. Ha egyetlen sz\u00e1mjegyet vagy ak\u00e1r egy teljes utcanevet szeretn\u00e9l a bej\u00e1ratodra k\u00fcl\u00f6n\u00e1ll\u00f3 karakterekk\u00e9nt, ez a term\u00e9k ny\u00fajtja a legrugalmasabb \u00e9s legolcs\u00f3bb megold\u00e1st. Egy sz\u00e1mjegy m\u00e1r 590 Ft-t\u00f3l el\u00e9rhet\u0151, \u00edgy pontosan annyit k\u00f6ltesz, amennyire sz\u00fcks\u00e9ged van.\n\nM\u00c9RETEK\n\nV\u00e1laszthat\u00f3 magass\u00e1gok:\n- 7 cm\n- 10 cm\n- 15 cm\n- 20 cm\n- 25 cm\n- 30 cm\n- 35 cm\n- 45 cm\n\nA 7-10 cm-es m\u00e9ret postal\u00e1d\u00e1hoz, kaputelefonhoz, a 15-20 cm-es a bej\u00e1rati falra, a 25-45 cm-es m\u00e9retek pedig igaz\u00e1n felt\u0171n\u0151, dekorat\u00edv megold\u00e1st biztos\u00edtanak. A legkisebb, 7 cm-es m\u00e9ret kifejezetten kompakt elhelyez\u00e9sekhez alkalmas.\n\nA vastags\u00e1g 1,6 mm-t\u0151l ak\u00e1r 10 mm-ig terjed\u0151 v\u00e1laszt\u00e9kkal \u00e9rhet\u0151 el h\u00e9t fokozatban: 1,6 mm, 2 mm, 2,5 mm, 3 mm, 4 mm, 5 mm \u00e9s 10 mm. A 10 mm-es vastags\u00e1g a boltunk legmassz\u00edvabb opci\u00f3ja, amely igaz\u00e1n t\u00f6m\u00f6r, k\u0151szer\u0171 hat\u00e1st kelt a falon. A v\u00e9konyabb v\u00e1ltozatok k\u00f6nny\u0171ek \u00e9s diszkr\u00e9tek.\n\nFontos: az \u00e1r darabonk\u00e9nti. Az alap\u00e1r 590 Ft egyetlen sz\u00e1mjegy\u00e9rt a legkisebb m\u00e9retben \u00e9s vastags\u00e1gban. Ha p\u00e9ld\u00e1ul n\u00e9gy sz\u00e1mjegyre van sz\u00fcks\u00e9ged, n\u00e9gyet rendelj.\n\nSZ\u00cdNEK\n\nA sz\u00edn RAL ipari sz\u00ednrendszer\u0171: az anyag teljes vastags\u00e1g\u00e1ban sz\u00ednes, nem festett r\u00e9teg, \u00edgy nem kopik le. Prusa XL 5T nyomtat\u00f3val k\u00e9sz\u00fcl.\n\nANYAG\n\nAz \u00f6n\u00e1ll\u00f3 sz\u00e1mjegyek ASA ipari m\u0171anyagb\u00f3l k\u00e9sz\u00fclnek, amely kifejezetten k\u00fclt\u00e9ri tart\u00f3s haszn\u00e1latra fejlesztett anyag. Id\u0151j\u00e1r\u00e1s\u00e1ll\u00f3: -30 fokt\u00f3l +80 fokig megb\u00edzhat\u00f3an helyt\u00e1ll. UV-\u00e1ll\u00f3, es\u0151\u00e1ll\u00f3 \u00e9s fagy\u00e1ll\u00f3, eg\u00e9sz \u00e9vben kint maradhat a falon, kapun vagy ker\u00edt\u00e9sen. Nem fakul, nem s\u00e1rgul, nem reped. A k\u00fclt\u00e9ri \u00e9lettartam meghaladja a 10 \u00e9vet.\n\nSzat\u00e9n fel\u00fclet\u0171, s\u00edk kivitel\u0171 sz\u00e1mjegyeket kapsz, amelyek nem dombor\u00faak.\n\nR\u00d6GZ\u00cdT\u00c9S\n\nK\u00fclt\u00e9ri \u00e9p\u00edt\u00e9si ragaszt\u00f3val a legegyszer\u0171bb felhelyezni a falra, kapura, ker\u00edt\u00e9sre vagy postal\u00e1d\u00e1ra. Minden sz\u00e1mjegyet k\u00fcl\u00f6n ragasztasz fel, \u00edgy az elrendez\u00e9s teljesen szabad: v\u00edzszintesen, f\u00fcgg\u0151legesen, \u00edvben, l\u00e9pcs\u0151zetesen vagy b\u00e1rmilyen kreat\u00edv elrendez\u00e9sben. Ha furatokat szeretn\u00e9l, rendel\u00e9sn\u00e9l jelezd, \u00e9s elk\u00e9sz\u00edtj\u00fck.\n\nRENDEL\u00c9S\n\nRendel\u00e9skor add meg a k\u00edv\u00e1nt sz\u00e1mjegyet (vagy bet\u0171t), v\u00e1laszd ki a magass\u00e1got, vastags\u00e1got \u00e9s sz\u00ednt. Minden egyes karaktert k\u00fcl\u00f6n darabk\u00e9nt kell megrendelni.\n\nA kedvez\u0151 darab\u00e1r miatt ez a term\u00e9k kiv\u00e1l\u00f3 v\u00e1laszt\u00e1s, ha t\u00f6bb sz\u00e1mjegyre van sz\u00fcks\u00e9ged: egy h\u00e1romjegy\u0171 h\u00e1zsz\u00e1m m\u00e1r 1 770 Ft-t\u00f3l \u00f6ssze\u00e1ll\u00edthat\u00f3.\n\nMIRE J\u00d3?\n\nAz \u00f6n\u00e1ll\u00f3 sz\u00e1mjegyek a legmodernebb \u00e9s legrugalmasabb h\u00e1zsz\u00e1m megold\u00e1s. Nincs keret, nincs h\u00e1tt\u00e9r, csak a sz\u00e1m maga jelenik meg a falon. Ez a letisztult megjelen\u00e9s k\u00fcl\u00f6n\u00f6sen modern h\u00e1zakhoz, minimalista homlokzatokhoz, fel\u00faj\u00edtott \u00e9p\u00fcletekhez \u00e9s design tudatos bej\u00e1ratokhoz illik. Ugyanakkor hagyom\u00e1nyos csal\u00e1di h\u00e1zon is eleg\u00e1nsan mutat.\n\nK\u00f6lt\u00f6z\u00e9sre, h\u00e1zavat\u00f3ra, fel\u00faj\u00edt\u00e1sra, n\u00e9vnapra vagy sz\u00fclet\u00e9snapra remek aj\u00e1nd\u00e9k, mert a megaj\u00e1nd\u00e9kozott c\u00edm\u00e9re szem\u00e9lyre szabott.\n\nHa nagyobb m\u00e9ret\u0171 vagy vastagabb \u00f6n\u00e1ll\u00f3 sz\u00e1mjegyeket keresel, n\u00e9zd meg a boltunk m\u00e1sik \u00f6n\u00e1ll\u00f3 sz\u00e1mjegy term\u00e9k\u00e9t is, amely elt\u00e9r\u0151 m\u00e9ret- \u00e9s vastags\u00e1g-kombin\u00e1ci\u00f3kat k\u00edn\u00e1l. Ha ink\u00e1bb t\u00e1bl\u00e1s megold\u00e1st szeretn\u00e9l, ahol a h\u00e1tt\u00e9r \u00e9s a sz\u00e1m egyben van, az eleg\u00e1ns vintage, a terjedelmes, a mot\u00edvumos \u00e9s a kuty\u00e1s h\u00e1zsz\u00e1mt\u00e1bl\u00e1k is el\u00e9rhet\u0151k. A teljesen egyedi h\u00e1zsz\u00e1mt\u00e1bl\u00e1val b\u00e1rmilyen form\u00e1t \u00e9s designt megval\u00f3s\u00edthatsz.\n\nKar\u00e1csonyi szezonban kar\u00e1csonyfad\u00edszt \u00e9s egyedi kar\u00e1csonyi ajt\u00f3d\u00edszt, esk\u00fcv\u0151re n\u00e9vt\u00e1bl\u00e1t \u00e9s tortad\u00edszt is tal\u00e1lsz a k\u00edn\u00e1latunkban. Belt\u00e9rre kapcsol\u00f3d\u00edszek, pillang\u00f3 fali dekor\u00e1ci\u00f3 \u00e9s babaszoba d\u00edszek is el\u00e9rhet\u0151k.\n\nMinden term\u00e9k\u00fcnket egyedileg, rendel\u00e9sre k\u00e9sz\u00edtj\u00fck. K\u00e9rd\u00e9sed van? \u00cdrj b\u00e1tran, gyorsan v\u00e1laszolunk. N\u00e9zd meg a t\u00f6bbi term\u00e9k\u00fcnket is, h\u00e1tha tal\u00e1lsz m\u00e9g valamit, ami tetszik.","score":0,"formatted_price":"590 Ft","image_url":"https:\/\/www.meska.hu\/img\/product\/small\/d\/a\/darimi_product_702579_251120204047_657119.png","formatted_url":"https:\/\/www.meska.hu\/p5679357-egyedi-hazszam-3d-nyomtatott-idojarasallo-asa","favourite":false,"in_stock":false,"avatar":"702579_avatar_1739694015.jpeg","delete_from":0,"is_enhanced_background":false,"is_enhanced":true,"enhanced_ribbon":"<img src=\"\/images\/brightness_brighter_20x20.png\" style=\"position: absolute; right: 13px; top: 7px;\">","enhanced_key":2,"is_key_2":true,"is_key_3":false,"is_key_4":false,"product_selection_started":false,"is_active":true,"image_webp_url":"https:\/\/www.meska.hu\/img\/product\/small\/d\/a\/darimi_product_702579_251120204047_657119.webp"},{"id":"5924682","shop_id":"47945","user_id":"702579","shop_name":"Darimi","shop_zip":"2030","product_code":"5621839","product_name_old":null,"product_name":"Egyedi madaras h\u00e1zsz\u00e1m - k\u00fclt\u00e9ri h\u00e1zsz\u00e1m, UV-\u00e1ll\u00f3 ASA","category_string":"Otthon & \u00c9letm\u00f3d, H\u00e1z & Kert, H\u00e1zsz\u00e1m","technic_string":"Mindenm\u00e1s","category_1":"813","category_2":"897","category_3":"431","category_4":"0","merged_category_1":null,"merged_category_2":null,"merged_category_3":null,"technic_1":"493","technic_2":"0","technic_3":"0","color_1":"519","color_2":"520","color_3":"527","product_description_old":null,"product_description":"madaras mot\u00edvumos egyedi h\u00e1zsz\u00e1mt\u00e1bla, amelyet a te h\u00e1zsz\u00e1modra \u00e9s utcaneveddel k\u00e9sz\u00edt\u00fcnk el. A madaras sziluettje \u00e9s a h\u00e1zsz\u00e1m egy\u00fctt alkotnak egy igaz\u00e1n szem\u00e9lyes bej\u00e1rati dekor\u00e1ci\u00f3t, amely mosolyt csal minden \u00e9rkez\u0151 arc\u00e1ra.\n\nM\u00c9RETEK\n\nN\u00e9gy m\u00e9retben rendelhet\u0151:\n- S: 20 x 8 cm (alap\u00e1r: 5 490 Ft)\n- M: 30 x 12 cm\n- L: 35 x 14 cm\n- XL: 40 x 16 cm\n\nA vastags\u00e1g 1,6 mm-t\u0151l 8 mm-ig \u00e1ll\u00edthat\u00f3, az ig\u00e9nyeidt\u0151l f\u00fcgg\u0151en. V\u00e9konyabb t\u00e1bla k\u00f6nnyebb \u00e9s diszkr\u00e9tebb, vastagabb t\u00e1bla massz\u00edvabb, mark\u00e1nsabb megjelen\u00e9st ad. Az S m\u00e9ret kisebb kapukra, postal\u00e1d\u00e1k mell\u00e9 ide\u00e1lis, az XL pedig nagyobb ker\u00edt\u00e9sekhez, j\u00f3l l\u00e1that\u00f3 utcafronti elhelyez\u00e9shez aj\u00e1nlott.\n\nSZ\u00cdNEK\n\n8 el\u0151re kiv\u00e1lasztott RAL sz\u00edn k\u00f6z\u00fcl v\u00e1laszthatsz, de ha egyik sem tetszik, egyedi sz\u00ednt is k\u00e9rhetsz. A sz\u00edneket RAL ipari sz\u00ednsk\u00e1l\u00e1b\u00f3l v\u00e1logatjuk, a nyomtat\u00e1s Prusa XL 5T nyomtat\u00f3val, ak\u00e1r 5 sz\u00ednben t\u00f6rt\u00e9nik, fest\u00e9s n\u00e9lk\u00fcl. Ez azt jelenti, hogy a sz\u00edn az anyag szerves r\u00e9sze, nem kopik le \u00e9s nem h\u00e1mlaszthat\u00f3. \u00cdgy \u00e9vek m\u00falt\u00e1n is ugyanolyan \u00e9l\u00e9nken mutat, mint az els\u0151 napon.\n\nANYAG\n\nA h\u00e1zsz\u00e1mt\u00e1bla ASA m\u0171anyagb\u00f3l k\u00e9sz\u00fcl, amely kifejezetten k\u00fclt\u00e9ri felhaszn\u00e1l\u00e1sra fejlesztett ipari alapanyag. B\u00edrja az es\u0151t, a t\u0171z\u0151 napot, a fagyot \u00e9s a h\u0151s\u00e9get egyar\u00e1nt: -30 fokt\u00f3l eg\u00e9szen +80 fokig haszn\u00e1lhat\u00f3. UV-\u00e1ll\u00f3, \u00edgy a sz\u00ednek nem fakulnak ki az \u00e9vek sor\u00e1n sem. Es\u0151\u00e1ll\u00f3 \u00e9s fagy\u00e1ll\u00f3, teh\u00e1t t\u00e9len-ny\u00e1ron nyugodtan kint maradhat a falon vagy a ker\u00edt\u00e9sen.\n\nSzat\u00e9n fel\u00fclet\u0171, s\u00edk kivitel\u0171 t\u00e1bla, amelyen a madaras sziluett \u00e9s a h\u00e1zsz\u00e1m egy s\u00edkban helyezkedik el, nem dombor\u00fa. A t\u00e1bla k\u00fclt\u00e9ren is 10 \u00e9vet meghalad\u00f3 \u00e9lettartam\u00fa, \u00edgy hossz\u00fa t\u00e1v\u00fa befektet\u00e9s az otthonod megjelen\u00e9s\u00e9be. Az ASA anyag ellen\u00e1ll a por lerak\u00f3d\u00e1s\u00e1nak is, \u00edgy egy egyszer\u0171 nedves t\u00f6rl\u00e9s elegend\u0151 a tiszt\u00edt\u00e1s\u00e1hoz.\n\nR\u00d6GZ\u00cdT\u00c9S\n\nK\u00fclt\u00e9ri \u00e9p\u00edt\u00e9si ragaszt\u00f3val a legegyszer\u0171bb feltenni a falra, ker\u00edt\u00e9sre vagy kapura. Tart\u00f3s, biztons\u00e1gos megold\u00e1s, \u00e9s nem kell f\u00farni hozz\u00e1. Ha m\u00e9gis furatokat szeretn\u00e9l a t\u00e1bl\u00e1n, azt rendel\u00e9skor jelezd, \u00e9s elk\u00e9sz\u00edtj\u00fck. A ragaszt\u00f3s r\u00f6gz\u00edt\u00e9s el\u0151nye, hogy nem s\u00e9r\u00fcl meg a fal, \u00e9s b\u00e1rmikor \u00e1thelyezhet\u0151.\n\nRENDEL\u00c9S\n\nRendel\u00e9skor add meg a k\u00edv\u00e1nt h\u00e1zsz\u00e1mot vagy utcanevet, a m\u00e9retet, vastags\u00e1got \u00e9s a v\u00e1lasztott sz\u00ednt. Ha b\u00e1rmi egyedi k\u00e9r\u00e9sed van a mot\u00edvummal vagy az elrendez\u00e9ssel kapcsolatban, \u00edrj \u00fczenetet \u00e9s megbesz\u00e9lj\u00fck. K\u00e9sz\u00edt\u00fcnk csak h\u00e1zsz\u00e1mos \u00e9s utcaneves v\u00e1ltozatot is, az elrendez\u00e9st a te ig\u00e9nyeidhez igaz\u00edtjuk.\n\nMIRE J\u00d3?\n\nTavaszi kertsz\u00e9p\u00edt\u00e9shez, fel\u00faj\u00edt\u00e1shoz, vagy ak\u00e1r k\u00f6lt\u00f6z\u00e9s ut\u00e1n az \u00faj otthon szem\u00e9lyre szab\u00e1s\u00e1hoz egyar\u00e1nt remek v\u00e1laszt\u00e1s.\n\nAj\u00e1nd\u00e9knak is kiv\u00e1l\u00f3: h\u00e1zavat\u00f3ra, sz\u00fclet\u00e9snapra vagy n\u00e9vnapra egy szem\u00e9lyre szabott, a megaj\u00e1nd\u00e9kozott kedvenc kutyafajt\u00e1j\u00e1t \u00e1br\u00e1zol\u00f3 h\u00e1zsz\u00e1mt\u00e1bla k\u00fcl\u00f6nleges \u00e9s maradand\u00f3 meglepet\u00e9s. Kuty\u00e1s bar\u00e1tok, csal\u00e1dtagok garant\u00e1ltan \u00f6r\u00fclni fognak neki. Term\u00e9szet rajong\u00f3nak nincs enn\u00e9l szem\u00e9lyesebb aj\u00e1nd\u00e9k, \u00e9s a praktikuss\u00e1ga miatt biztosan nem lesz a fi\u00f3k m\u00e9ly\u00e9n.\n\nHa a postal\u00e1d\u00e1ra is szeretn\u00e9l h\u00e1zsz\u00e1mot, n\u00e9zd meg az \u00f6n\u00e1ll\u00f3 sz\u00e1mjegyeinket, amelyek t\u00f6k\u00e9letes kieg\u00e9sz\u00edt\u0151k a h\u00e1zsz\u00e1mt\u00e1bla mell\u00e9. Aki nem \u00e1llatmot\u00edvumot keres, annak ott vannak a vintage, modern, eleg\u00e1ns, vagy \u00e9ppen focis, biciklis, motoros v\u00e1ltozatok is. Teljesen egyedi h\u00e1zsz\u00e1mt\u00e1bl\u00e1t is k\u00e9sz\u00edt\u00fcnk, ha saj\u00e1t mot\u00edvumot vagy elrendez\u00e9st szeretn\u00e9l.\n\nMinden term\u00e9k\u00fcnket egyedileg, rendel\u00e9sre k\u00e9sz\u00edtj\u00fck. K\u00e9rd\u00e9sed van a m\u00e9retekkel, sz\u00ednekkel vagy a mot\u00edvummal kapcsolatban? \u00cdrj b\u00e1tran, gyorsan v\u00e1laszolunk. N\u00e9zd meg a t\u00f6bbi term\u00e9k\u00fcnket is, h\u00e1tha tal\u00e1lsz m\u00e9g valamit, ami tetszik.","price":"5490.00","unit":"db","recommended":"0","status":"1","sponsored":"0","exp_notify":"0","own_material":"0","own_material_description_old":null,"own_material_description":"","jury":"0","jury_number":"","product_nature":"","meskaracsony":"0","create_date":"2026-04-17 21:25:15","shelve_id":"79630","image":"darimi_product_702579_250921213535_31165.png","image_width":"480","image_height":"469","image_alt":"Egyedi madaras h\u00e1zsz\u00e1m - k\u00fclt\u00e9ri h\u00e1zsz\u00e1m, UV-\u00e1ll\u00f3 ASA, madaras mot\u00edvumos egyedi h\u00e1zsz\u00e1mt\u00e1bla, amelyet a te h\u00e1zsz\u00e1modra \u00e9s utcaneveddel k\u00e9sz\u00edt\u00fcnk el. A mada..., Meska","image_title":"Egyedi madaras h\u00e1zsz\u00e1m - k\u00fclt\u00e9ri h\u00e1zsz\u00e1m, UV-\u00e1ll\u00f3 ASA, Meska","view_count":"3794","favourite_count":"2","trending_score":"0","last2MonthFavouriteCount":"2","promotion":"0","giftcard_accept":"0","creditcard_accept":true,"enhanced_background":"0","domain":"meska","specific_customer_id":null,"specific_customer_name":null,"to_order_product":"1","to_order_product_time":"1","product_different":null,"product_different_description":"","vintage":"0","vintage_category_id":"0","recycled":"0","gemstone_id":"0","customizable":"1","type_category":"physical","zerowaste":"0","postage_price":"1349.00","shop_order":"0","has_category":"1","landing_pages":null,"microdata":{"number":4,"category":""},"title":"Egyedi madaras h\u00e1zsz\u00e1m - k\u00fclt\u00e9ri h\u00e1zsz\u00e1m, UV-\u00e1ll\u00f3 ASA","description":"madaras mot\u00edvumos egyedi h\u00e1zsz\u00e1mt\u00e1bla, amelyet a te h\u00e1zsz\u00e1modra \u00e9s utcaneveddel k\u00e9sz\u00edt\u00fcnk el. A madaras sziluettje \u00e9s a h\u00e1zsz\u00e1m egy\u00fctt alkotnak egy igaz\u00e1n szem\u00e9lyes bej\u00e1rati dekor\u00e1ci\u00f3t, amely mosolyt csal minden \u00e9rkez\u0151 arc\u00e1ra.\n\nM\u00c9RETEK\n\nN\u00e9gy m\u00e9retben rendelhet\u0151:\n- S: 20 x 8 cm (alap\u00e1r: 5 490 Ft)\n- M: 30 x 12 cm\n- L: 35 x 14 cm\n- XL: 40 x 16 cm\n\nA vastags\u00e1g 1,6 mm-t\u0151l 8 mm-ig \u00e1ll\u00edthat\u00f3, az ig\u00e9nyeidt\u0151l f\u00fcgg\u0151en. V\u00e9konyabb t\u00e1bla k\u00f6nnyebb \u00e9s diszkr\u00e9tebb, vastagabb t\u00e1bla massz\u00edvabb, mark\u00e1nsabb megjelen\u00e9st ad. Az S m\u00e9ret kisebb kapukra, postal\u00e1d\u00e1k mell\u00e9 ide\u00e1lis, az XL pedig nagyobb ker\u00edt\u00e9sekhez, j\u00f3l l\u00e1that\u00f3 utcafronti elhelyez\u00e9shez aj\u00e1nlott.\n\nSZ\u00cdNEK\n\n8 el\u0151re kiv\u00e1lasztott RAL sz\u00edn k\u00f6z\u00fcl v\u00e1laszthatsz, de ha egyik sem tetszik, egyedi sz\u00ednt is k\u00e9rhetsz. A sz\u00edneket RAL ipari sz\u00ednsk\u00e1l\u00e1b\u00f3l v\u00e1logatjuk, a nyomtat\u00e1s Prusa XL 5T nyomtat\u00f3val, ak\u00e1r 5 sz\u00ednben t\u00f6rt\u00e9nik, fest\u00e9s n\u00e9lk\u00fcl. Ez azt jelenti, hogy a sz\u00edn az anyag szerves r\u00e9sze, nem kopik le \u00e9s nem h\u00e1mlaszthat\u00f3. \u00cdgy \u00e9vek m\u00falt\u00e1n is ugyanolyan \u00e9l\u00e9nken mutat, mint az els\u0151 napon.\n\nANYAG\n\nA h\u00e1zsz\u00e1mt\u00e1bla ASA m\u0171anyagb\u00f3l k\u00e9sz\u00fcl, amely kifejezetten k\u00fclt\u00e9ri felhaszn\u00e1l\u00e1sra fejlesztett ipari alapanyag. B\u00edrja az es\u0151t, a t\u0171z\u0151 napot, a fagyot \u00e9s a h\u0151s\u00e9get egyar\u00e1nt: -30 fokt\u00f3l eg\u00e9szen +80 fokig haszn\u00e1lhat\u00f3. UV-\u00e1ll\u00f3, \u00edgy a sz\u00ednek nem fakulnak ki az \u00e9vek sor\u00e1n sem. Es\u0151\u00e1ll\u00f3 \u00e9s fagy\u00e1ll\u00f3, teh\u00e1t t\u00e9len-ny\u00e1ron nyugodtan kint maradhat a falon vagy a ker\u00edt\u00e9sen.\n\nSzat\u00e9n fel\u00fclet\u0171, s\u00edk kivitel\u0171 t\u00e1bla, amelyen a madaras sziluett \u00e9s a h\u00e1zsz\u00e1m egy s\u00edkban helyezkedik el, nem dombor\u00fa. A t\u00e1bla k\u00fclt\u00e9ren is 10 \u00e9vet meghalad\u00f3 \u00e9lettartam\u00fa, \u00edgy hossz\u00fa t\u00e1v\u00fa befektet\u00e9s az otthonod megjelen\u00e9s\u00e9be. Az ASA anyag ellen\u00e1ll a por lerak\u00f3d\u00e1s\u00e1nak is, \u00edgy egy egyszer\u0171 nedves t\u00f6rl\u00e9s elegend\u0151 a tiszt\u00edt\u00e1s\u00e1hoz.\n\nR\u00d6GZ\u00cdT\u00c9S\n\nK\u00fclt\u00e9ri \u00e9p\u00edt\u00e9si ragaszt\u00f3val a legegyszer\u0171bb feltenni a falra, ker\u00edt\u00e9sre vagy kapura. Tart\u00f3s, biztons\u00e1gos megold\u00e1s, \u00e9s nem kell f\u00farni hozz\u00e1. Ha m\u00e9gis furatokat szeretn\u00e9l a t\u00e1bl\u00e1n, azt rendel\u00e9skor jelezd, \u00e9s elk\u00e9sz\u00edtj\u00fck. A ragaszt\u00f3s r\u00f6gz\u00edt\u00e9s el\u0151nye, hogy nem s\u00e9r\u00fcl meg a fal, \u00e9s b\u00e1rmikor \u00e1thelyezhet\u0151.\n\nRENDEL\u00c9S\n\nRendel\u00e9skor add meg a k\u00edv\u00e1nt h\u00e1zsz\u00e1mot vagy utcanevet, a m\u00e9retet, vastags\u00e1got \u00e9s a v\u00e1lasztott sz\u00ednt. Ha b\u00e1rmi egyedi k\u00e9r\u00e9sed van a mot\u00edvummal vagy az elrendez\u00e9ssel kapcsolatban, \u00edrj \u00fczenetet \u00e9s megbesz\u00e9lj\u00fck. K\u00e9sz\u00edt\u00fcnk csak h\u00e1zsz\u00e1mos \u00e9s utcaneves v\u00e1ltozatot is, az elrendez\u00e9st a te ig\u00e9nyeidhez igaz\u00edtjuk.\n\nMIRE J\u00d3?\n\nTavaszi kertsz\u00e9p\u00edt\u00e9shez, fel\u00faj\u00edt\u00e1shoz, vagy ak\u00e1r k\u00f6lt\u00f6z\u00e9s ut\u00e1n az \u00faj otthon szem\u00e9lyre szab\u00e1s\u00e1hoz egyar\u00e1nt remek v\u00e1laszt\u00e1s.\n\nAj\u00e1nd\u00e9knak is kiv\u00e1l\u00f3: h\u00e1zavat\u00f3ra, sz\u00fclet\u00e9snapra vagy n\u00e9vnapra egy szem\u00e9lyre szabott, a megaj\u00e1nd\u00e9kozott kedvenc kutyafajt\u00e1j\u00e1t \u00e1br\u00e1zol\u00f3 h\u00e1zsz\u00e1mt\u00e1bla k\u00fcl\u00f6nleges \u00e9s maradand\u00f3 meglepet\u00e9s. Kuty\u00e1s bar\u00e1tok, csal\u00e1dtagok garant\u00e1ltan \u00f6r\u00fclni fognak neki. Term\u00e9szet rajong\u00f3nak nincs enn\u00e9l szem\u00e9lyesebb aj\u00e1nd\u00e9k, \u00e9s a praktikuss\u00e1ga miatt biztosan nem lesz a fi\u00f3k m\u00e9ly\u00e9n.\n\nHa a postal\u00e1d\u00e1ra is szeretn\u00e9l h\u00e1zsz\u00e1mot, n\u00e9zd meg az \u00f6n\u00e1ll\u00f3 sz\u00e1mjegyeinket, amelyek t\u00f6k\u00e9letes kieg\u00e9sz\u00edt\u0151k a h\u00e1zsz\u00e1mt\u00e1bla mell\u00e9. Aki nem \u00e1llatmot\u00edvumot keres, annak ott vannak a vintage, modern, eleg\u00e1ns, vagy \u00e9ppen focis, biciklis, motoros v\u00e1ltozatok is. Teljesen egyedi h\u00e1zsz\u00e1mt\u00e1bl\u00e1t is k\u00e9sz\u00edt\u00fcnk, ha saj\u00e1t mot\u00edvumot vagy elrendez\u00e9st szeretn\u00e9l.\n\nMinden term\u00e9k\u00fcnket egyedileg, rendel\u00e9sre k\u00e9sz\u00edtj\u00fck. K\u00e9rd\u00e9sed van a m\u00e9retekkel, sz\u00ednekkel vagy a mot\u00edvummal kapcsolatban? \u00cdrj b\u00e1tran, gyorsan v\u00e1laszolunk. N\u00e9zd meg a t\u00f6bbi term\u00e9k\u00fcnket is, h\u00e1tha tal\u00e1lsz m\u00e9g valamit, ami tetszik.","score":0,"formatted_price":"5 490 Ft","image_url":"https:\/\/www.meska.hu\/img\/product\/small\/d\/a\/darimi_product_702579_250921213535_31165.png","formatted_url":"https:\/\/www.meska.hu\/p5621839-egyedi-madaras-hazszamtabla","favourite":false,"in_stock":false,"avatar":"702579_avatar_1739694015.jpeg","delete_from":0,"is_enhanced_background":false,"is_enhanced":true,"enhanced_ribbon":"<img src=\"\/images\/brightness_brighter_20x20.png\" style=\"position: absolute; right: 13px; top: 7px;\">","enhanced_key":3,"is_key_2":false,"is_key_3":true,"is_key_4":false,"product_selection_started":false,"is_active":true,"image_webp_url":"https:\/\/www.meska.hu\/img\/product\/small\/d\/a\/darimi_product_702579_250921213535_31165.webp"},{"id":"4661377","shop_id":"12524","user_id":"54127","shop_name":"Kiokumitsu","shop_zip":"1155","product_code":"4868654","product_name_old":null,"product_name":"h\u00e1zsz\u00e1mt\u00e1bla -t\u00e9glalap alak\u00fa","category_string":"Otthon & \u00c9letm\u00f3d, H\u00e1z & Kert, H\u00e1zsz\u00e1m","technic_string":"Fot\u00f3, grafika, rajz, illusztr\u00e1ci\u00f3, Mindenm\u00e1s","category_1":"813","category_2":"897","category_3":"431","category_4":"0","merged_category_1":"0","merged_category_2":"0","merged_category_3":"0","technic_1":"483","technic_2":"493","technic_3":"0","color_1":"519","color_2":"520","color_3":"0","product_description_old":null,"product_description":"Saj\u00e1t tervez\u00e9s\u0171 \u00e9s kivitelez\u00e9s\u0171 h\u00e1zsz\u00e1mt\u00e1bla. T\u00e9glalap alak\u00fa csapott sz\u00e9lekkel.\nAlapm\u00e9rete 20 x 11 cm, de a k\u00e9p melletti men\u00fcben v\u00e1laszthat\u00f3k egy\u00e9b m\u00e9retek is.\nA megjegyz\u00e9s rovatban tudja majd megadni a fel\u00edrand\u00f3 sz\u00f6veget.\n\nA t\u00e1bla anyaga: Ongrofoam, egy speci\u00e1lis UV \u00e1ll\u00f3 m\u0171anyag, Id\u0151j\u00e1r\u00e1s\u00e1ll\u00f3.\n\nA 30 cm-n\u00e9l nagyobb m\u00e9ret rendel\u00e9s\u00e9n\u00e9l csak a csomag, post\u00e1n marad\u00f3 vagy a fut\u00e1r sz\u00e1ll\u00edt\u00e1si opci\u00f3t haszn\u00e1lja, mert a posta 30 centin\u00e9l nagyobb k\u00fcldem\u00e9nyt csak csomagk\u00e9nt sz\u00e1ll\u00edt.\nK\u00e9rem olvassal el az \u00e1ltal\u00e1nos szerz\u0151d\u00e9si felt\u00e9teleket (\u00c1SZF), melyet a term\u00e9k megv\u00e1s\u00e1rl\u00e1val \u00f6n elfogadott.\n","price":"4990.00","unit":"db","recommended":"0","status":"1","sponsored":"0","exp_notify":"0","own_material":"0","own_material_description_old":null,"own_material_description":"","jury":"0","jury_number":"","product_nature":"","meskaracsony":"0","create_date":"2026-04-26 23:33:23","shelve_id":"44100","image":"kiokumitsu_product_54127_230112084809_461472.jpeg","image_width":"480","image_height":"313","image_alt":"h\u00e1zsz\u00e1mt\u00e1bla -t\u00e9glalap alak\u00fa, Saj\u00e1t tervez\u00e9s\u0171 \u00e9s kivitelez\u00e9s\u0171 h\u00e1zsz\u00e1mt\u00e1bla. T\u00e9glalap alak\u00fa csapott sz\u00e9lekkel.\\nAlapm\u00e9rete 20 x 11 c..., Meska","image_title":"h\u00e1zsz\u00e1mt\u00e1bla -t\u00e9glalap alak\u00fa, Meska","view_count":"1230","favourite_count":"1","trending_score":"0","last2MonthFavouriteCount":"1","promotion":"0","giftcard_accept":"1","creditcard_accept":true,"enhanced_background":"0","domain":"meska","specific_customer_id":null,"specific_customer_name":null,"to_order_product":"1","to_order_product_time":"12","product_different":null,"product_different_description":"","vintage":"0","vintage_category_id":"0","recycled":"0","gemstone_id":"0","customizable":"0","type_category":"physical","zerowaste":"0","postage_price":"2390.00","shop_order":"0","has_category":"1","landing_pages":null,"microdata":{"number":1,"category":""},"title":"h\u00e1zsz\u00e1mt\u00e1bla -t\u00e9glalap alak\u00fa","description":"Saj\u00e1t tervez\u00e9s\u0171 \u00e9s kivitelez\u00e9s\u0171 h\u00e1zsz\u00e1mt\u00e1bla. T\u00e9glalap alak\u00fa csapott sz\u00e9lekkel.\nAlapm\u00e9rete 20 x 11 cm, de a k\u00e9p melletti men\u00fcben v\u00e1laszthat\u00f3k egy\u00e9b m\u00e9retek is.\nA megjegyz\u00e9s rovatban tudja majd megadni a fel\u00edrand\u00f3 sz\u00f6veget.\n\nA t\u00e1bla anyaga: Ongrofoam, egy speci\u00e1lis UV \u00e1ll\u00f3 m\u0171anyag, Id\u0151j\u00e1r\u00e1s\u00e1ll\u00f3.\n\nA 30 cm-n\u00e9l nagyobb m\u00e9ret rendel\u00e9s\u00e9n\u00e9l csak a csomag, post\u00e1n marad\u00f3 vagy a fut\u00e1r sz\u00e1ll\u00edt\u00e1si opci\u00f3t haszn\u00e1lja, mert a posta 30 centin\u00e9l nagyobb k\u00fcldem\u00e9nyt csak csomagk\u00e9nt sz\u00e1ll\u00edt.\nK\u00e9rem olvassal el az \u00e1ltal\u00e1nos szerz\u0151d\u00e9si felt\u00e9teleket (\u00c1SZF), melyet a term\u00e9k megv\u00e1s\u00e1rl\u00e1val \u00f6n elfogadott.\n","score":0,"formatted_price":"4 990 Ft","image_url":"https:\/\/www.meska.hu\/img\/product\/small\/k\/i\/kiokumitsu_product_54127_230112084809_461472.jpeg","formatted_url":"https:\/\/www.meska.hu\/p4868654-hazszamtabla-teglalap-alaku","favourite":false,"in_stock":false,"avatar":"Kiokumitsu_avatar_54127_1676920383.jpg","delete_from":0,"is_enhanced_background":false,"is_enhanced":false,"product_selection_started":false,"is_active":true,"image_webp_url":"https:\/\/www.meska.hu\/img\/product\/small\/k\/i\/kiokumitsu_product_54127_230112084809_461472.webp"},{"id":"5866002","shop_id":"47945","user_id":"702579","shop_name":"Darimi","shop_zip":"2030","product_code":"5591671","product_name_old":null,"product_name":"Egyedi terjedelmes h\u00e1zsz\u00e1mt\u00e1bla - nagy fel\u00fclet\u0171 k\u00fclt\u00e9ri ASA h\u00e1zsz\u00e1m utcan\u00e9vvel, n\u00e9vt\u00e1bl\u00e1val","category_string":"Otthon & \u00c9letm\u00f3d, H\u00e1z & Kert, H\u00e1zsz\u00e1m","technic_string":"Mindenm\u00e1s","category_1":"813","category_2":"897","category_3":"431","category_4":"0","merged_category_1":null,"merged_category_2":null,"merged_category_3":null,"technic_1":"493","technic_2":"0","technic_3":"0","color_1":"519","color_2":"520","color_3":"527","product_description_old":null,"product_description":"Egyedi terjedelmes h\u00e1zsz\u00e1mt\u00e1bla, amelyen b\u0151ven elf\u00e9r a h\u00e1zsz\u00e1m mellett az utcan\u00e9v, csal\u00e1dn\u00e9v vagy b\u00e1rmilyen kieg\u00e9sz\u00edt\u0151 felirat. Ha nem csak egy sz\u00e1mot szeretn\u00e9l a falra, hanem egy igaz\u00e1n informat\u00edv, dekorat\u00edv t\u00e1bl\u00e1t, ami messzir\u0151l is j\u00f3l olvashat\u00f3, ez a m\u00e9ret a befut\u00f3. A post\u00e1sok, fut\u00e1rok \u00e9s vend\u00e9gek egyar\u00e1nt h\u00e1l\u00e1sak lesznek, ha m\u00e1r az utc\u00e1r\u00f3l leolvashat\u00f3 az \u00f6sszes fontos adat.\n\nM\u00c9RETEK\n\nA terjedelmes kialak\u00edt\u00e1s \u00f6t m\u00e9retben \u00e9rhet\u0151 el:\n- S: 20 x 8 cm\n- M: 30 x 12 cm\n- L: 35 x 14 cm\n- XL: 40 x 16 cm\n- Extra: 42-45 cm sz\u00e9less\u00e9gig\n\nA nagyobb m\u00e9retek k\u00fcl\u00f6n\u00f6sen n\u00e9pszer\u0171ek, mert az utcafrontr\u00f3l, ak\u00e1r aut\u00f3b\u00f3l is k\u00f6nnyen leolvashat\u00f3 a c\u00edm. A 35x14 \u00e9s 40x16 cm-es v\u00e1ltozatok a legkeresettebb m\u00e9retek, mert ezekn\u00e9l m\u00e1r k\u00e9nyelmesen elf\u00e9r k\u00e9t-h\u00e1rom sornyi sz\u00f6veg: h\u00e1zsz\u00e1m, utcan\u00e9v, esetleg csal\u00e1dn\u00e9v is.\n\nVASTAGS\u00c1G\n\nA vastags\u00e1got 1.6 mm-t\u0151l 5 mm-ig v\u00e1laszthatod: a v\u00e9konyabb v\u00e1ltozat eleg\u00e1ns \u00e9s diszkr\u00e9t, a vastagabb massz\u00edvabb, komolyabb megjelen\u00e9st ad. Lak\u00f3h\u00e1zakhoz a 2-2.5 mm \u00e1ltal\u00e1ban ide\u00e1lis egyens\u00faly a megjelen\u00e9s \u00e9s a praktikum k\u00f6z\u00f6tt.\n\nSZ\u00cdNEK\n\nH\u00e9t RAL ipari sz\u00ednb\u0151l v\u00e1laszthatsz alapb\u00f3l, de egyedi sz\u00ednig\u00e9ny is teljes\u00edthet\u0151. Az ASA anyag nem festett: a sz\u00edn a teljes anyagt\u00f6megben jelen van, \u00edgy nem kopik, nem h\u00e1mlik, \u00e9vek m\u00falva is ugyanolyan \u00e9l\u00e9nk marad. A Prusa XL 5T nyomtat\u00f3val ak\u00e1r 5 k\u00fcl\u00f6nb\u00f6z\u0151 sz\u00ednt is haszn\u00e1lunk egyetlen t\u00e1bl\u00e1n, fest\u00e9s n\u00e9lk\u00fcl - p\u00e9ld\u00e1ul s\u00f6t\u00e9t alapon vil\u00e1gos bet\u0171k, kontrasztos keret vagy k\u00e9tsz\u00edn\u0171 felirat. Ez a t\u00f6bbsz\u00edn\u0171 lehet\u0151s\u00e9g teszi k\u00fcl\u00f6n\u00f6sen dekorat\u00edvv\u00e1 a terjedelmes t\u00e1bl\u00e1t, mert a nagyobb fel\u00fcleten a sz\u00ednkombin\u00e1ci\u00f3k igaz\u00e1n \u00e9rv\u00e9nyes\u00fclnek.\n\nANYAG \u00c9S TART\u00d3SS\u00c1G\n\nAz ASA (Acrylonitrile Styrene Acrylate) anyag a k\u00fclt\u00e9ri tart\u00f3ss\u00e1g cs\u00facsa: UV-\u00e1ll\u00f3, es\u0151\u00e1ll\u00f3, fagy\u00e1ll\u00f3, -30 fokt\u00f3l +80 fokig b\u00edrja a sz\u00e9ls\u0151s\u00e9ges id\u0151j\u00e1r\u00e1st. Nem s\u00e1rgul, nem reped, nem deform\u00e1l\u00f3dik - legal\u00e1bb 10 \u00e9vig kifog\u00e1stalanul szolg\u00e1l az es\u0151ben, h\u00f3ban, t\u0171z\u0151 napon egyar\u00e1nt. A fel\u00fclete kellemes szat\u00e9n text\u00far\u00e1j\u00fa, k\u00f6nnyen tiszt\u00edthat\u00f3 egy nedves ronggyal, \u00e9s nem t\u00fckr\u00f6zi vissza a napf\u00e9nyt, \u00edgy minden sz\u00f6gb\u0151l j\u00f3l olvashat\u00f3 marad.\n\nR\u00d6GZ\u00cdT\u00c9S\n\nA t\u00e1bla s\u00edk fel\u00fclet\u0171, nem dombor\u00fa. R\u00f6gz\u00edt\u00e9shez k\u00fclt\u00e9ri \u00e9p\u00edt\u00e9si ragaszt\u00f3t javaslunk (pl. Pattex One For All): egyszer\u0171en kend fel a h\u00e1tlapra \u00e9s nyomd a falhoz. Nem kell f\u00farni, nem kell tipliz\u0151, a fel\u00fclet s\u00e9rtetlen marad. A nagyobb m\u00e9ret\u0171 t\u00e1bl\u00e1khoz \u00e9rdemes t\u00f6bb ragaszt\u00e1si pontot haszn\u00e1lni az egyenletes tart\u00e1s \u00e9rdek\u00e9ben. Ha m\u00e9gis ink\u00e1bb csavaros r\u00f6gz\u00edt\u00e9st szeretn\u00e9l, a t\u00e1bl\u00e1t k\u00e9rheted furatokkal is - csak jelezd rendel\u00e9skor.\n\nRENDEL\u00c9S\n\nRendel\u00e9skor add meg a teljes sz\u00f6veget, amit a t\u00e1bl\u00e1n szeretn\u00e9l l\u00e1tni: h\u00e1zsz\u00e1m, utcan\u00e9v, csal\u00e1dn\u00e9v, esetleg emelet vagy egy\u00e9b kieg\u00e9sz\u00edt\u0151 inform\u00e1ci\u00f3. Mi az elrendez\u00e9st \u00e9s a bet\u0171m\u00e9retet a t\u00e1bla m\u00e9ret\u00e9hez igaz\u00edtjuk, hogy minden j\u00f3l olvashat\u00f3 \u00e9s eszt\u00e9tikus legyen. T\u00f6bbsoros sz\u00f6vegn\u00e9l a sorok hierarchi\u00e1j\u00e1t is be\u00e1ll\u00edtjuk: a h\u00e1zsz\u00e1m nagyobb, hangs\u00falyosabb, az utcan\u00e9v \u00e9s egy\u00e9b inform\u00e1ci\u00f3k kisebb bet\u0171m\u00e9rettel szerepelnek.\n\nMIRE J\u00d3?\n\nA terjedelmes h\u00e1zsz\u00e1mt\u00e1bla ide\u00e1lis csal\u00e1di h\u00e1zakhoz, ahol az utc\u00e1r\u00f3l is j\u00f3l kell l\u00e1tszania a c\u00edmnek, de lak\u00f3parkokn\u00e1l, h\u00e9tv\u00e9gi h\u00e1zakn\u00e1l vagy nyaral\u00f3kn\u00e1l is remek\u00fcl mutat. Panzi\u00f3 vagy vend\u00e9gh\u00e1z bej\u00e1rat\u00e1n\u00e1l k\u00fcl\u00f6n\u00f6sen hasznos, mert az \u00e9p\u00fclet neve \u00e9s a c\u00edm is felker\u00fclhet egyetlen t\u00e1bl\u00e1ra.\n\nAJ\u00c1ND\u00c9KNAK IS T\u00d6K\u00c9LETES\n\nH\u00e1zavat\u00f3ra, k\u00f6lt\u00f6z\u00e9sre k\u00fcl\u00f6n\u00f6sen kedvelt aj\u00e1nd\u00e9k, mert szem\u00e9lyre szabott \u00e9s \u00e9vtizedekig tart. Sz\u00fclet\u00e9snapra, kar\u00e1csonyra is kit\u0171n\u0151 v\u00e1laszt\u00e1s annak, aki \u00faj otthonba k\u00f6lt\u00f6z\u00f6tt vagy \u00e9ppen fel\u00faj\u00edt\u00e1s el\u0151tt \u00e1ll.\n\nKAPCSOL\u00d3D\u00d3 TERM\u00c9KEK\n\nHa a csal\u00e1d kedvenc \u00e1llat\u00e1t is meg\u00f6r\u00f6k\u00edten\u00e9d a t\u00e1bl\u00e1n, n\u00e9zd meg a mot\u00edvumos h\u00e1zsz\u00e1mt\u00e1bl\u00e1inkat - kuty\u00e1s (mopsz, tacsk\u00f3, golden retriever, corgi, n\u00e9met juh\u00e1sz), cic\u00e1s (brit r\u00f6vidsz\u0151r\u0171), madaras, pillang\u00f3s \u00e9s haj\u00f3s v\u00e1ltozatokat is k\u00edn\u00e1lunk. Akinek az \u00f6n\u00e1ll\u00f3, falra ragaszthat\u00f3 sz\u00e1mjegyek jobban tetszenek, azok sz\u00e1m\u00e1ra is van megold\u00e1sunk a boltban. Tavaszi kertsz\u00e9p\u00edt\u00e9shez vagy \u0151szi fel\u00faj\u00edt\u00e1shoz a terjedelmes t\u00e1bla az egyik legl\u00e1tv\u00e1nyosabb friss\u00edt\u00e9s, amit a bej\u00e1raton v\u00e9gezhetsz.\n\nMinden term\u00e9k\u00fcnket egyedileg, rendel\u00e9sre k\u00e9sz\u00edtj\u00fck. K\u00e9rd\u00e9sed van? \u00cdrj b\u00e1tran, gyorsan v\u00e1laszolunk. N\u00e9zd meg a t\u00f6bbi term\u00e9k\u00fcnket is, h\u00e1tha tal\u00e1lsz m\u00e9g valamit, ami tetszik.","price":"5490.00","unit":"db","recommended":"0","status":"1","sponsored":"0","exp_notify":"0","own_material":"0","own_material_description_old":null,"own_material_description":"","jury":"0","jury_number":"","product_nature":"","meskaracsony":"0","create_date":"2026-04-26 20:24:01","shelve_id":"79630","image":"darimi_product_702579_250719234219_822364.png","image_width":"480","image_height":"398","image_alt":"Egyedi terjedelmes h\u00e1zsz\u00e1mt\u00e1bla - nagy fel\u00fclet\u0171 k\u00fclt\u00e9ri ASA h\u00e1zsz\u00e1m utcan\u00e9vvel, n\u00e9vt\u00e1bl\u00e1val, Egyedi terjedelmes h\u00e1zsz\u00e1mt\u00e1bla, amelyen b\u0151ven elf\u00e9r a h\u00e1zsz\u00e1m mellett az utcan\u00e9v, csal\u00e1dn\u00e9v vagy b\u00e1..., Meska","image_title":"Egyedi terjedelmes h\u00e1zsz\u00e1mt\u00e1bla - nagy fel\u00fclet\u0171 k\u00fclt\u00e9ri ASA h\u00e1zsz\u00e1m utcan\u00e9vvel, n\u00e9vt\u00e1bl\u00e1val, Meska","view_count":"6283","favourite_count":"1","trending_score":"0","last2MonthFavouriteCount":"5","promotion":"0","giftcard_accept":"0","creditcard_accept":true,"enhanced_background":"0","domain":"meska","specific_customer_id":null,"specific_customer_name":null,"to_order_product":"1","to_order_product_time":"1","product_different":null,"product_different_description":"","vintage":"0","vintage_category_id":"0","recycled":"0","gemstone_id":"0","customizable":"1","type_category":"physical","zerowaste":"0","postage_price":"1349.00","shop_order":"0","has_category":"1","landing_pages":"Kar\u00e1csonyi aj\u00e1nd\u00e9kok","microdata":{"number":2,"category":""},"title":"Egyedi terjedelmes h\u00e1zsz\u00e1mt\u00e1bla - nagy fel\u00fclet\u0171 k\u00fclt\u00e9ri ASA h\u00e1zsz\u00e1m utcan\u00e9vvel, n\u00e9vt\u00e1bl\u00e1val","description":"Egyedi terjedelmes h\u00e1zsz\u00e1mt\u00e1bla, amelyen b\u0151ven elf\u00e9r a h\u00e1zsz\u00e1m mellett az utcan\u00e9v, csal\u00e1dn\u00e9v vagy b\u00e1rmilyen kieg\u00e9sz\u00edt\u0151 felirat. Ha nem csak egy sz\u00e1mot szeretn\u00e9l a falra, hanem egy igaz\u00e1n informat\u00edv, dekorat\u00edv t\u00e1bl\u00e1t, ami messzir\u0151l is j\u00f3l olvashat\u00f3, ez a m\u00e9ret a befut\u00f3. A post\u00e1sok, fut\u00e1rok \u00e9s vend\u00e9gek egyar\u00e1nt h\u00e1l\u00e1sak lesznek, ha m\u00e1r az utc\u00e1r\u00f3l leolvashat\u00f3 az \u00f6sszes fontos adat.\n\nM\u00c9RETEK\n\nA terjedelmes kialak\u00edt\u00e1s \u00f6t m\u00e9retben \u00e9rhet\u0151 el:\n- S: 20 x 8 cm\n- M: 30 x 12 cm\n- L: 35 x 14 cm\n- XL: 40 x 16 cm\n- Extra: 42-45 cm sz\u00e9less\u00e9gig\n\nA nagyobb m\u00e9retek k\u00fcl\u00f6n\u00f6sen n\u00e9pszer\u0171ek, mert az utcafrontr\u00f3l, ak\u00e1r aut\u00f3b\u00f3l is k\u00f6nnyen leolvashat\u00f3 a c\u00edm. A 35x14 \u00e9s 40x16 cm-es v\u00e1ltozatok a legkeresettebb m\u00e9retek, mert ezekn\u00e9l m\u00e1r k\u00e9nyelmesen elf\u00e9r k\u00e9t-h\u00e1rom sornyi sz\u00f6veg: h\u00e1zsz\u00e1m, utcan\u00e9v, esetleg csal\u00e1dn\u00e9v is.\n\nVASTAGS\u00c1G\n\nA vastags\u00e1got 1.6 mm-t\u0151l 5 mm-ig v\u00e1laszthatod: a v\u00e9konyabb v\u00e1ltozat eleg\u00e1ns \u00e9s diszkr\u00e9t, a vastagabb massz\u00edvabb, komolyabb megjelen\u00e9st ad. Lak\u00f3h\u00e1zakhoz a 2-2.5 mm \u00e1ltal\u00e1ban ide\u00e1lis egyens\u00faly a megjelen\u00e9s \u00e9s a praktikum k\u00f6z\u00f6tt.\n\nSZ\u00cdNEK\n\nH\u00e9t RAL ipari sz\u00ednb\u0151l v\u00e1laszthatsz alapb\u00f3l, de egyedi sz\u00ednig\u00e9ny is teljes\u00edthet\u0151. Az ASA anyag nem festett: a sz\u00edn a teljes anyagt\u00f6megben jelen van, \u00edgy nem kopik, nem h\u00e1mlik, \u00e9vek m\u00falva is ugyanolyan \u00e9l\u00e9nk marad. A Prusa XL 5T nyomtat\u00f3val ak\u00e1r 5 k\u00fcl\u00f6nb\u00f6z\u0151 sz\u00ednt is haszn\u00e1lunk egyetlen t\u00e1bl\u00e1n, fest\u00e9s n\u00e9lk\u00fcl - p\u00e9ld\u00e1ul s\u00f6t\u00e9t alapon vil\u00e1gos bet\u0171k, kontrasztos keret vagy k\u00e9tsz\u00edn\u0171 felirat. Ez a t\u00f6bbsz\u00edn\u0171 lehet\u0151s\u00e9g teszi k\u00fcl\u00f6n\u00f6sen dekorat\u00edvv\u00e1 a terjedelmes t\u00e1bl\u00e1t, mert a nagyobb fel\u00fcleten a sz\u00ednkombin\u00e1ci\u00f3k igaz\u00e1n \u00e9rv\u00e9nyes\u00fclnek.\n\nANYAG \u00c9S TART\u00d3SS\u00c1G\n\nAz ASA (Acrylonitrile Styrene Acrylate) anyag a k\u00fclt\u00e9ri tart\u00f3ss\u00e1g cs\u00facsa: UV-\u00e1ll\u00f3, es\u0151\u00e1ll\u00f3, fagy\u00e1ll\u00f3, -30 fokt\u00f3l +80 fokig b\u00edrja a sz\u00e9ls\u0151s\u00e9ges id\u0151j\u00e1r\u00e1st. Nem s\u00e1rgul, nem reped, nem deform\u00e1l\u00f3dik - legal\u00e1bb 10 \u00e9vig kifog\u00e1stalanul szolg\u00e1l az es\u0151ben, h\u00f3ban, t\u0171z\u0151 napon egyar\u00e1nt. A fel\u00fclete kellemes szat\u00e9n text\u00far\u00e1j\u00fa, k\u00f6nnyen tiszt\u00edthat\u00f3 egy nedves ronggyal, \u00e9s nem t\u00fckr\u00f6zi vissza a napf\u00e9nyt, \u00edgy minden sz\u00f6gb\u0151l j\u00f3l olvashat\u00f3 marad.\n\nR\u00d6GZ\u00cdT\u00c9S\n\nA t\u00e1bla s\u00edk fel\u00fclet\u0171, nem dombor\u00fa. R\u00f6gz\u00edt\u00e9shez k\u00fclt\u00e9ri \u00e9p\u00edt\u00e9si ragaszt\u00f3t javaslunk (pl. Pattex One For All): egyszer\u0171en kend fel a h\u00e1tlapra \u00e9s nyomd a falhoz. Nem kell f\u00farni, nem kell tipliz\u0151, a fel\u00fclet s\u00e9rtetlen marad. A nagyobb m\u00e9ret\u0171 t\u00e1bl\u00e1khoz \u00e9rdemes t\u00f6bb ragaszt\u00e1si pontot haszn\u00e1lni az egyenletes tart\u00e1s \u00e9rdek\u00e9ben. Ha m\u00e9gis ink\u00e1bb csavaros r\u00f6gz\u00edt\u00e9st szeretn\u00e9l, a t\u00e1bl\u00e1t k\u00e9rheted furatokkal is - csak jelezd rendel\u00e9skor.\n\nRENDEL\u00c9S\n\nRendel\u00e9skor add meg a teljes sz\u00f6veget, amit a t\u00e1bl\u00e1n szeretn\u00e9l l\u00e1tni: h\u00e1zsz\u00e1m, utcan\u00e9v, csal\u00e1dn\u00e9v, esetleg emelet vagy egy\u00e9b kieg\u00e9sz\u00edt\u0151 inform\u00e1ci\u00f3. Mi az elrendez\u00e9st \u00e9s a bet\u0171m\u00e9retet a t\u00e1bla m\u00e9ret\u00e9hez igaz\u00edtjuk, hogy minden j\u00f3l olvashat\u00f3 \u00e9s eszt\u00e9tikus legyen. T\u00f6bbsoros sz\u00f6vegn\u00e9l a sorok hierarchi\u00e1j\u00e1t is be\u00e1ll\u00edtjuk: a h\u00e1zsz\u00e1m nagyobb, hangs\u00falyosabb, az utcan\u00e9v \u00e9s egy\u00e9b inform\u00e1ci\u00f3k kisebb bet\u0171m\u00e9rettel szerepelnek.\n\nMIRE J\u00d3?\n\nA terjedelmes h\u00e1zsz\u00e1mt\u00e1bla ide\u00e1lis csal\u00e1di h\u00e1zakhoz, ahol az utc\u00e1r\u00f3l is j\u00f3l kell l\u00e1tszania a c\u00edmnek, de lak\u00f3parkokn\u00e1l, h\u00e9tv\u00e9gi h\u00e1zakn\u00e1l vagy nyaral\u00f3kn\u00e1l is remek\u00fcl mutat. Panzi\u00f3 vagy vend\u00e9gh\u00e1z bej\u00e1rat\u00e1n\u00e1l k\u00fcl\u00f6n\u00f6sen hasznos, mert az \u00e9p\u00fclet neve \u00e9s a c\u00edm is felker\u00fclhet egyetlen t\u00e1bl\u00e1ra.\n\nAJ\u00c1ND\u00c9KNAK IS T\u00d6K\u00c9LETES\n\nH\u00e1zavat\u00f3ra, k\u00f6lt\u00f6z\u00e9sre k\u00fcl\u00f6n\u00f6sen kedvelt aj\u00e1nd\u00e9k, mert szem\u00e9lyre szabott \u00e9s \u00e9vtizedekig tart. Sz\u00fclet\u00e9snapra, kar\u00e1csonyra is kit\u0171n\u0151 v\u00e1laszt\u00e1s annak, aki \u00faj otthonba k\u00f6lt\u00f6z\u00f6tt vagy \u00e9ppen fel\u00faj\u00edt\u00e1s el\u0151tt \u00e1ll.\n\nKAPCSOL\u00d3D\u00d3 TERM\u00c9KEK\n\nHa a csal\u00e1d kedvenc \u00e1llat\u00e1t is meg\u00f6r\u00f6k\u00edten\u00e9d a t\u00e1bl\u00e1n, n\u00e9zd meg a mot\u00edvumos h\u00e1zsz\u00e1mt\u00e1bl\u00e1inkat - kuty\u00e1s (mopsz, tacsk\u00f3, golden retriever, corgi, n\u00e9met juh\u00e1sz), cic\u00e1s (brit r\u00f6vidsz\u0151r\u0171), madaras, pillang\u00f3s \u00e9s haj\u00f3s v\u00e1ltozatokat is k\u00edn\u00e1lunk. Akinek az \u00f6n\u00e1ll\u00f3, falra ragaszthat\u00f3 sz\u00e1mjegyek jobban tetszenek, azok sz\u00e1m\u00e1ra is van megold\u00e1sunk a boltban. Tavaszi kertsz\u00e9p\u00edt\u00e9shez vagy \u0151szi fel\u00faj\u00edt\u00e1shoz a terjedelmes t\u00e1bla az egyik legl\u00e1tv\u00e1nyosabb friss\u00edt\u00e9s, amit a bej\u00e1raton v\u00e9gezhetsz.\n\nMinden term\u00e9k\u00fcnket egyedileg, rendel\u00e9sre k\u00e9sz\u00edtj\u00fck. K\u00e9rd\u00e9sed van? \u00cdrj b\u00e1tran, gyorsan v\u00e1laszolunk. N\u00e9zd meg a t\u00f6bbi term\u00e9k\u00fcnket is, h\u00e1tha tal\u00e1lsz m\u00e9g valamit, ami tetszik.","score":0,"formatted_price":"5 490 Ft","image_url":"https:\/\/www.meska.hu\/img\/product\/small\/d\/a\/darimi_product_702579_250719234219_822364.png","formatted_url":"https:\/\/www.meska.hu\/p5591671-egyedi-hazszamtabla-3d-nyomtatott-idojarasallo-asa","favourite":false,"in_stock":false,"avatar":"702579_avatar_1739694015.jpeg","delete_from":0,"is_enhanced_background":false,"is_enhanced":false,"product_selection_started":false,"is_active":true,"image_webp_url":"https:\/\/www.meska.hu\/img\/product\/small\/d\/a\/darimi_product_702579_250719234219_822364.webp"},{"id":"5866068","shop_id":"47945","user_id":"702579","shop_name":"Darimi","shop_zip":"2030","product_code":"5591705","product_name_old":null,"product_name":"Nagy Magyarorsz\u00e1g h\u00e1zsz\u00e1mt\u00e1bla \u2013 3D nyomtatott, id\u0151j\u00e1r\u00e1s\u00e1ll\u00f3 ASA.","category_string":"Otthon & \u00c9letm\u00f3d, H\u00e1z & Kert, H\u00e1zsz\u00e1m","technic_string":"Mindenm\u00e1s","category_1":"813","category_2":"897","category_3":"431","category_4":"0","merged_category_1":null,"merged_category_2":null,"merged_category_3":null,"technic_1":"493","technic_2":"0","technic_3":"0","color_1":"519","color_2":"520","color_3":"527","product_description_old":null,"product_description":"Egyedi tervez\u00e9s napon bel\u00fcl\n- Minden h\u00e1zsz\u00e1mt\u00e1bla egyedileg k\u00e9sz\u00fcl, m\u00e9retre \u00e9s ig\u00e9ny szerint tervezve. A rendel\u00e9s ut\u00e1n n\u00e9h\u00e1ny \u00f3r\u00e1n bel\u00fcl k\u00fcld\u00f6m az els\u0151 tervet.\n\n- Hogyan t\u00f6rt\u00e9nik?\nRendel\u00e9s lead\u00e1sakor a megjegyz\u00e9sbe \u00edrd a k\u00f6zter\u00fclet a h\u00e1zsz\u00e1mot.\nEl\u0151n\u00e9zeti tervet k\u00fcld\u00f6k, ha kell m\u00f3dos\u00edtunk.\nUt\u00e1na indul a 3D nyomtat\u00e1s.\nElk\u00e9sz\u00fclt darabr\u00f3l m\u00e9rc\u00e9s fot\u00f3t k\u00fcld\u00f6k.\nAj\u00e1nd\u00e9k narancsh\u00e1moz\u00f3 gy\u0171r\u0171vel post\u00e1zom gondosan csomagolva.\n\n2 mm-es is t\u00f6k\u00e9letes, rendel\u00e9seink 90%-a ilyen. Nem nyegle!\n\nEgyedi m\u00e9ret is megoldhat\u00f3, ak\u00e1r mm pontoss\u00e1ggal.\n\n- Tart\u00f3s ASA anyag k\u00fclt\u00e9ri haszn\u00e1latra\nA h\u00e1zsz\u00e1mt\u00e1bl\u00e1k ASA (akrilonitril-sztirol-akril\u00e1t) m\u0171anyagb\u00f3l k\u00e9sz\u00fclnek, mely:\nUV-\u00e1ll\u00f3: nem s\u00e1rgul, nem fakul\nV\u00edz\u00e1ll\u00f3: ellen\u00e1ll es\u0151nek, h\u00f3nak\nId\u0151j\u00e1r\u00e1s\u00e1ll\u00f3: -30\u00b0C-t\u00f3l +80\u00b0C-ig nem vetemedik\nJobb, mint PLA, PETG vagy ABS k\u00fclt\u00e9ri felhaszn\u00e1l\u00e1sra\nNem grav\u00edrozva, nem festve!\n\nR\u00f6gz\u00edt\u00e9s egyszer\u0171en:\n- Ragaszthat\u00f3 sima falfel\u00fcletre (k\u00e9toldalas vagy foly\u00e9kony k\u00fclt\u00e9ri ragaszt\u00f3val)\n- F\u00farhat\u00f3, vagy lyukakkal is k\u00e9rhet\u0151 csavaros r\u00f6gz\u00edt\u00e9shez\n\nEl\u0151z\u0151 egyedi rendel\u00e9sekb\u0151l fot\u00f3kat is sz\u00edvesen k\u00fcld\u00f6k \u2013 m\u00e9g nem k\u00e9sz\u00fclt k\u00e9t egyforma!\n\nGy\u00e1rt\u00e1s \u00e9s sz\u00e1ll\u00edt\u00e1s p\u00e1r munkanapon bel\u00fcl\nA nyomtat\u00e1s Prusa XL g\u00e9ppel, sima satin fel\u00fclet\u0171 lapon t\u00f6rt\u00e9nik a pr\u00e9mium megjelen\u00e9s \u00e9rdek\u00e9ben.","price":"2490.00","unit":"db","recommended":"0","status":"1","sponsored":"0","exp_notify":"0","own_material":"0","own_material_description_old":null,"own_material_description":"","jury":"0","jury_number":"","product_nature":"","meskaracsony":"0","create_date":"2026-04-26 07:44:22","shelve_id":"79630","image":"darimi_product_702579_250719233213_450511.png","image_width":"480","image_height":"720","image_alt":"Nagy Magyarorsz\u00e1g h\u00e1zsz\u00e1mt\u00e1bla \u2013 3D nyomtatott, id\u0151j\u00e1r\u00e1s\u00e1ll\u00f3 ASA., Egyedi tervez\u00e9s napon bel\u00fcl\\n- Minden h\u00e1zsz\u00e1mt\u00e1bla egyedileg k\u00e9sz\u00fcl, m\u00e9retre \u00e9s ig\u00e9ny szerint tervezv..., Meska","image_title":"Nagy Magyarorsz\u00e1g h\u00e1zsz\u00e1mt\u00e1bla \u2013 3D nyomtatott, id\u0151j\u00e1r\u00e1s\u00e1ll\u00f3 ASA., Meska","view_count":"2977","favourite_count":"0","trending_score":"0","last2MonthFavouriteCount":"0","promotion":"0","giftcard_accept":"0","creditcard_accept":true,"enhanced_background":"0","domain":"meska","specific_customer_id":null,"specific_customer_name":null,"to_order_product":"1","to_order_product_time":"1","product_different":null,"product_different_description":"","vintage":"0","vintage_category_id":"0","recycled":"0","gemstone_id":"0","customizable":"1","type_category":"physical","zerowaste":"0","postage_price":"1349.00","shop_order":"0","has_category":"1","landing_pages":null,"microdata":{"number":3,"category":""},"title":"Nagy Magyarorsz\u00e1g h\u00e1zsz\u00e1mt\u00e1bla \u2013 3D nyomtatott, id\u0151j\u00e1r\u00e1s\u00e1ll\u00f3 ASA.","description":"Egyedi tervez\u00e9s napon bel\u00fcl\n- Minden h\u00e1zsz\u00e1mt\u00e1bla egyedileg k\u00e9sz\u00fcl, m\u00e9retre \u00e9s ig\u00e9ny szerint tervezve. A rendel\u00e9s ut\u00e1n n\u00e9h\u00e1ny \u00f3r\u00e1n bel\u00fcl k\u00fcld\u00f6m az els\u0151 tervet.\n\n- Hogyan t\u00f6rt\u00e9nik?\nRendel\u00e9s lead\u00e1sakor a megjegyz\u00e9sbe \u00edrd a k\u00f6zter\u00fclet a h\u00e1zsz\u00e1mot.\nEl\u0151n\u00e9zeti tervet k\u00fcld\u00f6k, ha kell m\u00f3dos\u00edtunk.\nUt\u00e1na indul a 3D nyomtat\u00e1s.\nElk\u00e9sz\u00fclt darabr\u00f3l m\u00e9rc\u00e9s fot\u00f3t k\u00fcld\u00f6k.\nAj\u00e1nd\u00e9k narancsh\u00e1moz\u00f3 gy\u0171r\u0171vel post\u00e1zom gondosan csomagolva.\n\n2 mm-es is t\u00f6k\u00e9letes, rendel\u00e9seink 90%-a ilyen. Nem nyegle!\n\nEgyedi m\u00e9ret is megoldhat\u00f3, ak\u00e1r mm pontoss\u00e1ggal.\n\n- Tart\u00f3s ASA anyag k\u00fclt\u00e9ri haszn\u00e1latra\nA h\u00e1zsz\u00e1mt\u00e1bl\u00e1k ASA (akrilonitril-sztirol-akril\u00e1t) m\u0171anyagb\u00f3l k\u00e9sz\u00fclnek, mely:\nUV-\u00e1ll\u00f3: nem s\u00e1rgul, nem fakul\nV\u00edz\u00e1ll\u00f3: ellen\u00e1ll es\u0151nek, h\u00f3nak\nId\u0151j\u00e1r\u00e1s\u00e1ll\u00f3: -30\u00b0C-t\u00f3l +80\u00b0C-ig nem vetemedik\nJobb, mint PLA, PETG vagy ABS k\u00fclt\u00e9ri felhaszn\u00e1l\u00e1sra\nNem grav\u00edrozva, nem festve!\n\nR\u00f6gz\u00edt\u00e9s egyszer\u0171en:\n- Ragaszthat\u00f3 sima falfel\u00fcletre (k\u00e9toldalas vagy foly\u00e9kony k\u00fclt\u00e9ri ragaszt\u00f3val)\n- F\u00farhat\u00f3, vagy lyukakkal is k\u00e9rhet\u0151 csavaros r\u00f6gz\u00edt\u00e9shez\n\nEl\u0151z\u0151 egyedi rendel\u00e9sekb\u0151l fot\u00f3kat is sz\u00edvesen k\u00fcld\u00f6k \u2013 m\u00e9g nem k\u00e9sz\u00fclt k\u00e9t egyforma!\n\nGy\u00e1rt\u00e1s \u00e9s sz\u00e1ll\u00edt\u00e1s p\u00e1r munkanapon bel\u00fcl\nA nyomtat\u00e1s Prusa XL g\u00e9ppel, sima satin fel\u00fclet\u0171 lapon t\u00f6rt\u00e9nik a pr\u00e9mium megjelen\u00e9s \u00e9rdek\u00e9ben.","score":0,"formatted_price":"2 490 Ft","image_url":"https:\/\/www.meska.hu\/img\/product\/small\/d\/a\/darimi_product_702579_250719233213_450511.png","formatted_url":"https:\/\/www.meska.hu\/p5591705-nagy-magyarorszag-hazszamtabla-3d-nyomtatott-idojarasallo-asa","favourite":false,"in_stock":false,"avatar":"702579_avatar_1739694015.jpeg","delete_from":0,"is_enhanced_background":false,"is_enhanced":false,"product_selection_started":false,"is_active":true,"image_webp_url":"https:\/\/www.meska.hu\/img\/product\/small\/d\/a\/darimi_product_702579_250719233213_450511.webp"},{"id":"3476035","shop_id":"12524","user_id":"54127","shop_name":"Kiokumitsu","shop_zip":"1155","product_code":"3384873","product_name_old":null,"product_name":"H\u00e1zsz\u00e1mt\u00e1bla - t\u00e9glalap","category_string":"Otthon & \u00c9letm\u00f3d, H\u00e1z & Kert, H\u00e1zsz\u00e1m","technic_string":"Mindenm\u00e1s, Fot\u00f3, grafika, rajz, illusztr\u00e1ci\u00f3","category_1":"813","category_2":"897","category_3":"431","category_4":"0","merged_category_1":"0","merged_category_2":"0","merged_category_3":"0","technic_1":"493","technic_2":"483","technic_3":"0","color_1":"519","color_2":"521","color_3":"0","product_description_old":null,"product_description":"D\u00edszes kivitel\u0171 h\u00e1zsz\u00e1mt\u00e1bla. T\u00e9glalap alak\u00fa, a sz\u00e9lein f\u00e9lg\u00f6mb v\u00e9gz\u0151d\u00e9ssel, d\u00edszcs\u00edkkal.\nSaj\u00e1t tervez\u00e9s\u0171 grafika \u00e9s kivitelez\u00e9s, bele\u00e9rtve a kiv\u00e1g\u00e1st is.\nA megjegyz\u00e9s rovatban tudja majd megadni a t\u00e1bl\u00e1ra fel\u00edrand\u00f3 sz\u00f6veget.\n\nAlapm\u00e9rete:  20 x 10 cm\n\nA t\u00e1bla anyaga: Ongrofoam, egy speci\u00e1lis UV \u00e1ll\u00f3 m\u0171anyag, Id\u0151j\u00e1r\u00e1s\u00e1ll\u00f3.\n\nA 30 cm-n\u00e9l nagyobb m\u00e9ret rendel\u00e9s\u00e9n\u00e9l csak a csomag, post\u00e1n marad\u00f3 vagy a fut\u00e1r sz\u00e1ll\u00edt\u00e1si opci\u00f3t haszn\u00e1lja, mert a posta 30 centin\u00e9l nagyobb k\u00fcldem\u00e9nyt csak csomagk\u00e9nt sz\u00e1ll\u00edt.\nK\u00e9rem olvassal el az \u00e1ltal\u00e1nos szerz\u0151d\u00e9si felt\u00e9teleket (\u00c1SZF), melyet a term\u00e9k megv\u00e1s\u00e1rl\u00e1val \u00f6n elfogadott.","price":"5190.00","unit":"db","recommended":"0","status":"1","sponsored":"0","exp_notify":"0","own_material":"0","own_material_description_old":null,"own_material_description":"","jury":"0","jury_number":"","product_nature":"","meskaracsony":"0","create_date":"2026-04-25 22:27:06","shelve_id":"44100","image":"kiokumitsu_product_54127_190331100811_34385.jpeg","image_width":"480","image_height":"320","image_alt":"H\u00e1zsz\u00e1mt\u00e1bla - t\u00e9glalap, D\u00edszes kivitel\u0171 h\u00e1zsz\u00e1mt\u00e1bla. T\u00e9glalap alak\u00fa, a sz\u00e9lein f\u00e9lg\u00f6mb v\u00e9gz\u0151d\u00e9ssel, d\u00edszcs\u00edkkal.\\nSaj\u00e1t terv..., Meska","image_title":"H\u00e1zsz\u00e1mt\u00e1bla - t\u00e9glalap, Meska","view_count":"1843","favourite_count":"0","trending_score":"0","last2MonthFavouriteCount":"0","promotion":"0","giftcard_accept":"1","creditcard_accept":true,"enhanced_background":"0","domain":"meska","specific_customer_id":null,"specific_customer_name":null,"to_order_product":"1","to_order_product_time":"12","product_different":"different","product_different_description":"A k\u00e9perny\u0151n l\u00e1that\u00f3 sz\u00ednek felbont\u00e1sa \u00e9s a nyomdai sz\u00ednek felbont\u00e1sa kis m\u00e9rt\u00e9kben elt\u00e9rhet!","vintage":"0","vintage_category_id":"0","recycled":"0","gemstone_id":"0","customizable":"0","type_category":"physical","zerowaste":"0","postage_price":"2390.00","shop_order":"0","has_category":"1","landing_pages":null,"microdata":{"number":4,"category":""},"title":"H\u00e1zsz\u00e1mt\u00e1bla - t\u00e9glalap","description":"D\u00edszes kivitel\u0171 h\u00e1zsz\u00e1mt\u00e1bla. T\u00e9glalap alak\u00fa, a sz\u00e9lein f\u00e9lg\u00f6mb v\u00e9gz\u0151d\u00e9ssel, d\u00edszcs\u00edkkal.\nSaj\u00e1t tervez\u00e9s\u0171 grafika \u00e9s kivitelez\u00e9s, bele\u00e9rtve a kiv\u00e1g\u00e1st is.\nA megjegyz\u00e9s rovatban tudja majd megadni a t\u00e1bl\u00e1ra fel\u00edrand\u00f3 sz\u00f6veget.\n\nAlapm\u00e9rete:  20 x 10 cm\n\nA t\u00e1bla anyaga: Ongrofoam, egy speci\u00e1lis UV \u00e1ll\u00f3 m\u0171anyag, Id\u0151j\u00e1r\u00e1s\u00e1ll\u00f3.\n\nA 30 cm-n\u00e9l nagyobb m\u00e9ret rendel\u00e9s\u00e9n\u00e9l csak a csomag, post\u00e1n marad\u00f3 vagy a fut\u00e1r sz\u00e1ll\u00edt\u00e1si opci\u00f3t haszn\u00e1lja, mert a posta 30 centin\u00e9l nagyobb k\u00fcldem\u00e9nyt csak csomagk\u00e9nt sz\u00e1ll\u00edt.\nK\u00e9rem olvassal el az \u00e1ltal\u00e1nos szerz\u0151d\u00e9si felt\u00e9teleket (\u00c1SZF), melyet a term\u00e9k megv\u00e1s\u00e1rl\u00e1val \u00f6n elfogadott.","score":0,"formatted_price":"5 190 Ft","image_url":"https:\/\/www.meska.hu\/img\/product\/small\/k\/i\/kiokumitsu_product_54127_190331100811_34385.jpeg","formatted_url":"https:\/\/www.meska.hu\/p3384873-hazszamtabla-teglalap","favourite":false,"in_stock":false,"avatar":"Kiokumitsu_avatar_54127_1676920383.jpg","delete_from":0,"is_enhanced_background":false,"is_enhanced":false,"product_selection_started":false,"is_active":true,"image_webp_url":"https:\/\/www.meska.hu\/img\/product\/small\/k\/i\/kiokumitsu_product_54127_190331100811_34385.webp"},{"id":"5917439","shop_id":"47945","user_id":"702579","shop_name":"Darimi","shop_zip":"2030","product_code":"5618015","product_name_old":null,"product_name":"Egyedi h\u00e1zsz\u00e1mt\u00e1bla","category_string":"Otthon & \u00c9letm\u00f3d, H\u00e1z & Kert, H\u00e1zsz\u00e1m","technic_string":"Mindenm\u00e1s","category_1":"813","category_2":"897","category_3":"431","category_4":"0","merged_category_1":null,"merged_category_2":null,"merged_category_3":null,"technic_1":"493","technic_2":"0","technic_3":"0","color_1":"519","color_2":"520","color_3":"527","product_description_old":null,"product_description":"Egyedi tervez\u00e9s napon bel\u00fcl\n- Minden h\u00e1zsz\u00e1mt\u00e1bla egyedileg k\u00e9sz\u00fcl, m\u00e9retre \u00e9s ig\u00e9ny szerint tervezve. A rendel\u00e9s ut\u00e1n n\u00e9h\u00e1ny \u00f3r\u00e1n bel\u00fcl k\u00fcld\u00f6m az els\u0151 tervet.\n\nNem grav\u00edrozva, nem festve, k\u00e9t sz\u00ednnel nyomtatva!\n\n- Hogyan t\u00f6rt\u00e9nik?\nV\u00e1laszd ki a k\u00edv\u00e1nt alapsz\u00ednt \u00e9s m\u00e9retet, \u00e9s vastags\u00e1got.\nRendel\u00e9skor a megjegyz\u00e9sbe \u00edrd a k\u00f6zter\u00fclet nev\u00e9t, a h\u00e1zsz\u00e1mot, a k\u00f6zter\u00fclet sz\u00edn\u00e9t, valamint hogy a sz\u00e1m \u00e9s a sz\u00f6veg jobbra vagy k\u00f6z\u00e9pen legyen elrendezve.\nEl\u0151n\u00e9zeti tervet k\u00fcld\u00f6k, ha kell m\u00f3dos\u00edtunk.\nUt\u00e1na indul a 3D nyomtat\u00e1s.\nElk\u00e9sz\u00fclt darabr\u00f3l m\u00e9rc\u00e9s fot\u00f3t k\u00fcld\u00f6k.\nAj\u00e1nd\u00e9k narancsh\u00e1moz\u00f3 gy\u0171r\u0171vel post\u00e1zom gondosan csomagolva.\n\nEgyedi m\u00e9ret is megoldhat\u00f3.\n\nA h\u00e1zsz\u00e1mt\u00e1bl\u00e1k ASA (akrilonitril-sztirol-akril\u00e1t) m\u0171anyagb\u00f3l k\u00e9sz\u00fclnek, mely:\nUV-\u00e1ll\u00f3: nem s\u00e1rgul, nem fakul\nV\u00edz\u00e1ll\u00f3: ellen\u00e1ll es\u0151nek, h\u00f3nak\nId\u0151j\u00e1r\u00e1s\u00e1ll\u00f3: -30\u00b0C-t\u00f3l +80\u00b0C-ig nem vetemedik\nJobb, mint PLA, PETG vagy ABS k\u00fclt\u00e9ri felhaszn\u00e1l\u00e1sra\n\nIgyeksz\u00fcnk mindig RAL sz\u00ednk\u00f3ddal rendelkez\u0151 ASA-val dolgozni, mi nem vagyunk sz\u00ednszak\u00e9rt\u0151k :)\n\nR\u00f6gz\u00edt\u00e9s egyszer\u0171en:\n- Ragaszthat\u00f3 sima falfel\u00fcletre (k\u00e9toldalas vagy foly\u00e9kony k\u00fclt\u00e9ri ragaszt\u00f3val)\n- F\u00farhat\u00f3, vagy lyukakkal is k\u00e9rhet\u0151 csavaros r\u00f6gz\u00edt\u00e9shez.\n\nGy\u00e1rt\u00e1s \u00e9s sz\u00e1ll\u00edt\u00e1s p\u00e1r munkanapon bel\u00fcl\nA nyomtat\u00e1s Prusa XL 5T g\u00e9ppel, sima satin lapra t\u00f6rt\u00e9nik a pr\u00e9mium megjelen\u00e9s \u00e9rdek\u00e9ben.","price":"5490.00","unit":"db","recommended":"0","status":"1","sponsored":"0","exp_notify":"0","own_material":"0","own_material_description_old":null,"own_material_description":"","jury":"0","jury_number":"","product_nature":"","meskaracsony":"0","create_date":"2026-04-25 13:23:53","shelve_id":"79630","image":"darimi_product_702579_251127221919_923974.png","image_width":"480","image_height":"388","image_alt":"Egyedi h\u00e1zsz\u00e1mt\u00e1bla, Egyedi tervez\u00e9s napon bel\u00fcl\\n- Minden h\u00e1zsz\u00e1mt\u00e1bla egyedileg k\u00e9sz\u00fcl, m\u00e9retre \u00e9s ig\u00e9ny szerint tervezv..., Meska","image_title":"Egyedi h\u00e1zsz\u00e1mt\u00e1bla, Meska","view_count":"3114","favourite_count":"0","trending_score":"0","last2MonthFavouriteCount":"0","promotion":"0","giftcard_accept":"0","creditcard_accept":true,"enhanced_background":"0","domain":"meska","specific_customer_id":null,"specific_customer_name":null,"to_order_product":"1","to_order_product_time":"1","product_different":null,"product_different_description":"","vintage":"0","vintage_category_id":"0","recycled":"0","gemstone_id":"0","customizable":"1","type_category":"physical","zerowaste":"0","postage_price":"1349.00","shop_order":"0","has_category":"1","landing_pages":null,"microdata":{"number":5,"category":""},"title":"Egyedi h\u00e1zsz\u00e1mt\u00e1bla","description":"Egyedi tervez\u00e9s napon bel\u00fcl\n- Minden h\u00e1zsz\u00e1mt\u00e1bla egyedileg k\u00e9sz\u00fcl, m\u00e9retre \u00e9s ig\u00e9ny szerint tervezve. A rendel\u00e9s ut\u00e1n n\u00e9h\u00e1ny \u00f3r\u00e1n bel\u00fcl k\u00fcld\u00f6m az els\u0151 tervet.\n\nNem grav\u00edrozva, nem festve, k\u00e9t sz\u00ednnel nyomtatva!\n\n- Hogyan t\u00f6rt\u00e9nik?\nV\u00e1laszd ki a k\u00edv\u00e1nt alapsz\u00ednt \u00e9s m\u00e9retet, \u00e9s vastags\u00e1got.\nRendel\u00e9skor a megjegyz\u00e9sbe \u00edrd a k\u00f6zter\u00fclet nev\u00e9t, a h\u00e1zsz\u00e1mot, a k\u00f6zter\u00fclet sz\u00edn\u00e9t, valamint hogy a sz\u00e1m \u00e9s a sz\u00f6veg jobbra vagy k\u00f6z\u00e9pen legyen elrendezve.\nEl\u0151n\u00e9zeti tervet k\u00fcld\u00f6k, ha kell m\u00f3dos\u00edtunk.\nUt\u00e1na indul a 3D nyomtat\u00e1s.\nElk\u00e9sz\u00fclt darabr\u00f3l m\u00e9rc\u00e9s fot\u00f3t k\u00fcld\u00f6k.\nAj\u00e1nd\u00e9k narancsh\u00e1moz\u00f3 gy\u0171r\u0171vel post\u00e1zom gondosan csomagolva.\n\nEgyedi m\u00e9ret is megoldhat\u00f3.\n\nA h\u00e1zsz\u00e1mt\u00e1bl\u00e1k ASA (akrilonitril-sztirol-akril\u00e1t) m\u0171anyagb\u00f3l k\u00e9sz\u00fclnek, mely:\nUV-\u00e1ll\u00f3: nem s\u00e1rgul, nem fakul\nV\u00edz\u00e1ll\u00f3: ellen\u00e1ll es\u0151nek, h\u00f3nak\nId\u0151j\u00e1r\u00e1s\u00e1ll\u00f3: -30\u00b0C-t\u00f3l +80\u00b0C-ig nem vetemedik\nJobb, mint PLA, PETG vagy ABS k\u00fclt\u00e9ri felhaszn\u00e1l\u00e1sra\n\nIgyeksz\u00fcnk mindig RAL sz\u00ednk\u00f3ddal rendelkez\u0151 ASA-val dolgozni, mi nem vagyunk sz\u00ednszak\u00e9rt\u0151k :)\n\nR\u00f6gz\u00edt\u00e9s egyszer\u0171en:\n- Ragaszthat\u00f3 sima falfel\u00fcletre (k\u00e9toldalas vagy foly\u00e9kony k\u00fclt\u00e9ri ragaszt\u00f3val)\n- F\u00farhat\u00f3, vagy lyukakkal is k\u00e9rhet\u0151 csavaros r\u00f6gz\u00edt\u00e9shez.\n\nGy\u00e1rt\u00e1s \u00e9s sz\u00e1ll\u00edt\u00e1s p\u00e1r munkanapon bel\u00fcl\nA nyomtat\u00e1s Prusa XL 5T g\u00e9ppel, sima satin lapra t\u00f6rt\u00e9nik a pr\u00e9mium megjelen\u00e9s \u00e9rdek\u00e9ben.","score":0,"formatted_price":"5 490 Ft","image_url":"https:\/\/www.meska.hu\/img\/product\/small\/d\/a\/darimi_product_702579_251127221919_923974.png","formatted_url":"https:\/\/www.meska.hu\/p5618015-egyedi-hazszamtabla","favourite":false,"in_stock":false,"avatar":"702579_avatar_1739694015.jpeg","delete_from":0,"is_enhanced_background":false,"is_enhanced":false,"product_selection_started":false,"is_active":true,"image_webp_url":"https:\/\/www.meska.hu\/img\/product\/small\/d\/a\/darimi_product_702579_251127221919_923974.webp"},{"id":"6122873","shop_id":"48604","user_id":"711650","shop_name":"Ajandekcsoda","shop_zip":"3377","product_code":"5737033","product_name_old":null,"product_name":"\ud83c\udfe0 Egyedi h\u00e1zsz\u00e1mt\u00e1bla-3D Nyomtat\u00e1ssla  \ud83c\udfe0 ","category_string":"Otthon & \u00c9letm\u00f3d, H\u00e1z & Kert, H\u00e1zsz\u00e1m","technic_string":"Mindenm\u00e1s","category_1":"813","category_2":"897","category_3":"431","category_4":"0","merged_category_1":null,"merged_category_2":null,"merged_category_3":null,"technic_1":"493","technic_2":"0","technic_3":"0","color_1":"519","color_2":"520","color_3":"527","product_description_old":null,"product_description":"\ud83c\udfe0 Egyedi h\u00e1zsz\u00e1mt\u00e1bla \u2013 modern, 3D nyomtatott kivitelben \ud83c\udfe0\n\nTedd egyediv\u00e9 otthonod megjelen\u00e9s\u00e9t egy letisztult, modern st\u00edlus\u00fa h\u00e1zsz\u00e1mt\u00e1bl\u00e1val! A t\u00e1bla rendel\u00e9sre k\u00e9sz\u00fcl, \u00edgy teljesen szem\u00e9lyre szabhat\u00f3 a saj\u00e1t ig\u00e9nyeid szerint.\nA itt a boltomban t\u00f6bb tipus is tal\u00e1laht\u00f3 :) \n\nM\u00e9ret 150 mm x  150mm\n\n\u2714 M\u00e9ret v\u00e1laszthat\u00f3\n\u2714 T\u00f6bb sz\u00ednben rendelhet\u0151\n\u2714 Egyedi utcan\u00e9v \u00e9s h\u00e1zsz\u00e1m\n\u2714 Id\u0151t\u00e1ll\u00f3, ig\u00e9nyes megjelen\u00e9s\n\nRagaszt\u00e1s: Sima falfel\u00fcletre k\u00f6nnyed\u00e9n felhelyezhet\u0151. A biztos tart\u00e1s \u00e9rdek\u00e9ben javasoljuk k\u00fclt\u00e9ri foly\u00e9kony ragaszt\u00f3 vagy szilikon haszn\u00e1lat\u00e1t.\n\nCsavaroz\u00e1s: A t\u00e1bla ig\u00e9ny szerint f\u00farhat\u00f3, de k\u00e9rheti eleve el\u0151re kif\u00fart lyukakkal is, \u00edgy azonnal r\u00f6gz\u00edthet\u0151 csavarok seg\u00edts\u00e9g\u00e9vel.\n\n\ud83d\udee0\ufe0f Hogyan rendeld meg?\nV\u00e1laszd ki a k\u00edv\u00e1nt sz\u00ednt \u00e9s m\u00e9retet, majd rendel\u00e9skor a megjegyz\u00e9sben \u00edrd meg a h\u00e1zsz\u00e1mot. Ha k\u00fcl\u00f6n elk\u00e9pzel\u00e9sed van, \u00fczenetben is egyeztethet\u00fcnk!\n\nA term\u00e9k 3D nyomtat\u00e1ssal k\u00e9sz\u00fcl, gondos tervez\u00e9ssel \u00e9s prec\u00edz kivitelez\u00e9ssel, hogy hossz\u00fa t\u00e1von is sz\u00e9p \u00e9s j\u00f3l l\u00e1that\u00f3 legyen a h\u00e1zsz\u00e1mod.\n\n\ud83c\udf81 Saj\u00e1t otthonra vagy aj\u00e1nd\u00e9knak is t\u00f6k\u00e9letes v\u00e1laszt\u00e1s!\n\nS\u00dcRG\u0150S CSOMAG \nHa gyorsan van sz\u00fcks\u00e9ged a term\u00e9kre, v\u00e1laszd a \u201eS\u00fcrg\u0151s csomag\u201d szolg\u00e1ltat\u00e1st is a rendel\u00e9sed mell\u00e9!\nEbben az esetben a megrendel\u00e9sed el\u0151nyt \u00e9lvez, \u00e9s\n\ud83d\udc49 24 \u00f3r\u00e1n bel\u00fcl elk\u00e9sz\u00edtj\u00fck \u00e9s felad\u00e1sra ker\u00fcl a csomagod.\nAz al\u00e1bbi linkre kattintva kos\u00e1rba rakhat\u00f3.\nhttps:\/\/www.meska.hu\/p5770953-surgos-csomag-24-oran-beluli-keszites-es-feladas\n","price":"4900.00","unit":"db","recommended":"0","status":"1","sponsored":"0","exp_notify":"0","own_material":"0","own_material_description_old":null,"own_material_description":"","jury":"0","jury_number":"","product_nature":"","meskaracsony":"0","create_date":"2026-04-24 14:04:36","shelve_id":"0","image":"ajandekcsoda_product_711650_260220072500_717745.png","image_width":"480","image_height":"480","image_alt":"\ud83c\udfe0 Egyedi h\u00e1zsz\u00e1mt\u00e1bla-3D Nyomtat\u00e1ssla  \ud83c\udfe0 , \ud83c\udfe0 Egyedi h\u00e1zsz\u00e1mt\u00e1bla \u2013 modern, 3D nyomtatott kivitelben \ud83c\udfe0\\n\\nTedd egyediv\u00e9 otthonod megjelen\u00e9s\u00e9t egy ..., Meska","image_title":"\ud83c\udfe0 Egyedi h\u00e1zsz\u00e1mt\u00e1bla-3D Nyomtat\u00e1ssla  \ud83c\udfe0 , Meska","view_count":"88","favourite_count":"0","trending_score":"0","last2MonthFavouriteCount":"1","promotion":"0","giftcard_accept":"0","creditcard_accept":true,"enhanced_background":"0","domain":"meska","specific_customer_id":null,"specific_customer_name":null,"to_order_product":"0","to_order_product_time":"0","product_different":null,"product_different_description":"","vintage":"0","vintage_category_id":"0","recycled":"0","gemstone_id":"0","customizable":"0","type_category":"physical","zerowaste":"0","postage_price":"2390.00","shop_order":"0","has_category":"1","landing_pages":null,"microdata":{"number":6,"category":""},"title":"\ud83c\udfe0 Egyedi h\u00e1zsz\u00e1mt\u00e1bla-3D Nyomtat\u00e1ssla  \ud83c\udfe0 ","description":"\ud83c\udfe0 Egyedi h\u00e1zsz\u00e1mt\u00e1bla \u2013 modern, 3D nyomtatott kivitelben \ud83c\udfe0\n\nTedd egyediv\u00e9 otthonod megjelen\u00e9s\u00e9t egy letisztult, modern st\u00edlus\u00fa h\u00e1zsz\u00e1mt\u00e1bl\u00e1val! A t\u00e1bla rendel\u00e9sre k\u00e9sz\u00fcl, \u00edgy teljesen szem\u00e9lyre szabhat\u00f3 a saj\u00e1t ig\u00e9nyeid szerint.\nA itt a boltomban t\u00f6bb tipus is tal\u00e1laht\u00f3 :) \n\nM\u00e9ret 150 mm x  150mm\n\n\u2714 M\u00e9ret v\u00e1laszthat\u00f3\n\u2714 T\u00f6bb sz\u00ednben rendelhet\u0151\n\u2714 Egyedi utcan\u00e9v \u00e9s h\u00e1zsz\u00e1m\n\u2714 Id\u0151t\u00e1ll\u00f3, ig\u00e9nyes megjelen\u00e9s\n\nRagaszt\u00e1s: Sima falfel\u00fcletre k\u00f6nnyed\u00e9n felhelyezhet\u0151. A biztos tart\u00e1s \u00e9rdek\u00e9ben javasoljuk k\u00fclt\u00e9ri foly\u00e9kony ragaszt\u00f3 vagy szilikon haszn\u00e1lat\u00e1t.\n\nCsavaroz\u00e1s: A t\u00e1bla ig\u00e9ny szerint f\u00farhat\u00f3, de k\u00e9rheti eleve el\u0151re kif\u00fart lyukakkal is, \u00edgy azonnal r\u00f6gz\u00edthet\u0151 csavarok seg\u00edts\u00e9g\u00e9vel.\n\n\ud83d\udee0\ufe0f Hogyan rendeld meg?\nV\u00e1laszd ki a k\u00edv\u00e1nt sz\u00ednt \u00e9s m\u00e9retet, majd rendel\u00e9skor a megjegyz\u00e9sben \u00edrd meg a h\u00e1zsz\u00e1mot. Ha k\u00fcl\u00f6n elk\u00e9pzel\u00e9sed van, \u00fczenetben is egyeztethet\u00fcnk!\n\nA term\u00e9k 3D nyomtat\u00e1ssal k\u00e9sz\u00fcl, gondos tervez\u00e9ssel \u00e9s prec\u00edz kivitelez\u00e9ssel, hogy hossz\u00fa t\u00e1von is sz\u00e9p \u00e9s j\u00f3l l\u00e1that\u00f3 legyen a h\u00e1zsz\u00e1mod.\n\n\ud83c\udf81 Saj\u00e1t otthonra vagy aj\u00e1nd\u00e9knak is t\u00f6k\u00e9letes v\u00e1laszt\u00e1s!\n\nS\u00dcRG\u0150S CSOMAG \nHa gyorsan van sz\u00fcks\u00e9ged a term\u00e9kre, v\u00e1laszd a \u201eS\u00fcrg\u0151s csomag\u201d szolg\u00e1ltat\u00e1st is a rendel\u00e9sed mell\u00e9!\nEbben az esetben a megrendel\u00e9sed el\u0151nyt \u00e9lvez, \u00e9s\n\ud83d\udc49 24 \u00f3r\u00e1n bel\u00fcl elk\u00e9sz\u00edtj\u00fck \u00e9s felad\u00e1sra ker\u00fcl a csomagod.\nAz al\u00e1bbi linkre kattintva kos\u00e1rba rakhat\u00f3.\nhttps:\/\/www.meska.hu\/p5770953-surgos-csomag-24-oran-beluli-keszites-es-feladas\n","score":0,"formatted_price":"4 900 Ft","image_url":"https:\/\/www.meska.hu\/img\/product\/small\/a\/j\/ajandekcsoda_product_711650_260220072500_717745.png","formatted_url":"https:\/\/www.meska.hu\/p5737033-egyedi-hazszamtabla-3d-nyomtatassla","favourite":false,"in_stock":true,"avatar":"711650_avatar_1770217912.png","delete_from":0,"is_enhanced_background":false,"is_enhanced":false,"product_selection_started":false,"is_active":true,"image_webp_url":"https:\/\/www.meska.hu\/img\/product\/small\/a\/j\/ajandekcsoda_product_711650_260220072500_717745.webp"},{"id":"3501873","shop_id":"12524","user_id":"54127","shop_name":"Kiokumitsu","shop_zip":"1155","product_code":"2244665","product_name_old":null,"product_name":"H\u00e1zsz\u00e1mt\u00e1bla - d\u00edszes","category_string":"Otthon & \u00c9letm\u00f3d, H\u00e1z & Kert, H\u00e1zsz\u00e1m","technic_string":"Fot\u00f3, grafika, rajz, illusztr\u00e1ci\u00f3, Mindenm\u00e1s","category_1":"813","category_2":"897","category_3":"431","category_4":"0","merged_category_1":"0","merged_category_2":"0","merged_category_3":"0","technic_1":"483","technic_2":"493","technic_3":"0","color_1":"520","color_2":"521","color_3":"523","product_description_old":null,"product_description":"D\u00edszes h\u00e1zsz\u00e1mt\u00e1bla. Egyedi tervez\u00e9s \u00e9s \u00f6n\u00e1ll\u00f3 kivitelez\u00e9s, bele\u00e9rtve a kiv\u00e1g\u00e1st is.\nA megjegyz\u00e9s rovatban tudja majd megadni a t\u00e1bl\u00e1ra fel\u00edrand\u00f3 sz\u00f6veget.\n\nA t\u00e1bl\u00e1n szerepl\u0151 bet\u0171t\u00edpus csak nagybet\u0171ket ismer.\n\nM\u00e9rete: 21 x 16 cm, de k\u00e9rhet\u0151 nagyobb kivitelben is.\n\nA t\u00e1bla anyaga: Ongrofoam, egy speci\u00e1lis UV \u00e1ll\u00f3 m\u0171anyag, Id\u0151j\u00e1r\u00e1s\u00e1ll\u00f3.\n\nK\u00e9rem olvassal el az \u00e1ltal\u00e1nos szerz\u0151d\u00e9si felt\u00e9teleket (\u00c1SZF), melyet a term\u00e9k megv\u00e1s\u00e1rl\u00e1val \u00f6n elfogadott.\n\nA sz\u00ednv\u00e1laszt\u00e1s a t\u00e1bla alapsz\u00edn\u00e9re vonatkozik, \u00e9s nem a felirat sz\u00edn\u00e9re!","price":"4990.00","unit":"db","recommended":"0","status":"1","sponsored":"0","exp_notify":"0","own_material":"0","own_material_description_old":null,"own_material_description":"","jury":"0","jury_number":"","product_nature":"","meskaracsony":"0","create_date":"2026-04-22 21:05:04","shelve_id":"44100","image":"kiokumitsu_product_54127_170509235137_867156.jpeg","image_width":"480","image_height":"480","image_alt":"H\u00e1zsz\u00e1mt\u00e1bla - d\u00edszes, D\u00edszes h\u00e1zsz\u00e1mt\u00e1bla. Egyedi tervez\u00e9s \u00e9s \u00f6n\u00e1ll\u00f3 kivitelez\u00e9s, bele\u00e9rtve a kiv\u00e1g\u00e1st is.\\nA megjegyz\u00e9s ro..., Meska","image_title":"H\u00e1zsz\u00e1mt\u00e1bla - d\u00edszes, Meska","view_count":"3080","favourite_count":"0","trending_score":"0","last2MonthFavouriteCount":"0","promotion":"0","giftcard_accept":"1","creditcard_accept":true,"enhanced_background":"0","domain":"meska","specific_customer_id":null,"specific_customer_name":null,"to_order_product":"1","to_order_product_time":"12","product_different":"different","product_different_description":"A k\u00e9perny\u0151n l\u00e1that\u00f3 sz\u00ednek felbont\u00e1sa \u00e9s a nyomdai sz\u00ednek felbont\u00e1sa kis m\u00e9rt\u00e9kben elt\u00e9rhet.","vintage":"0","vintage_category_id":"0","recycled":"0","gemstone_id":"0","customizable":"0","type_category":"physical","zerowaste":"0","postage_price":"2390.00","shop_order":"0","has_category":"1","landing_pages":null,"microdata":{"number":7,"category":""},"title":"H\u00e1zsz\u00e1mt\u00e1bla - d\u00edszes","description":"D\u00edszes h\u00e1zsz\u00e1mt\u00e1bla. Egyedi tervez\u00e9s \u00e9s \u00f6n\u00e1ll\u00f3 kivitelez\u00e9s, bele\u00e9rtve a kiv\u00e1g\u00e1st is.\nA megjegyz\u00e9s rovatban tudja majd megadni a t\u00e1bl\u00e1ra fel\u00edrand\u00f3 sz\u00f6veget.\n\nA t\u00e1bl\u00e1n szerepl\u0151 bet\u0171t\u00edpus csak nagybet\u0171ket ismer.\n\nM\u00e9rete: 21 x 16 cm, de k\u00e9rhet\u0151 nagyobb kivitelben is.\n\nA t\u00e1bla anyaga: Ongrofoam, egy speci\u00e1lis UV \u00e1ll\u00f3 m\u0171anyag, Id\u0151j\u00e1r\u00e1s\u00e1ll\u00f3.\n\nK\u00e9rem olvassal el az \u00e1ltal\u00e1nos szerz\u0151d\u00e9si felt\u00e9teleket (\u00c1SZF), melyet a term\u00e9k megv\u00e1s\u00e1rl\u00e1val \u00f6n elfogadott.\n\nA sz\u00ednv\u00e1laszt\u00e1s a t\u00e1bla alapsz\u00edn\u00e9re vonatkozik, \u00e9s nem a felirat sz\u00edn\u00e9re!","score":0,"formatted_price":"4 990 Ft","image_url":"https:\/\/www.meska.hu\/img\/product\/small\/k\/i\/kiokumitsu_product_54127_170509235137_867156.jpeg","formatted_url":"https:\/\/www.meska.hu\/p2244665-hazszamtabla-diszes","favourite":false,"in_stock":false,"avatar":"Kiokumitsu_avatar_54127_1676920383.jpg","delete_from":0,"is_enhanced_background":false,"is_enhanced":false,"product_selection_started":false,"is_active":true,"image_webp_url":"https:\/\/www.meska.hu\/img\/product\/small\/k\/i\/kiokumitsu_product_54127_170509235137_867156.webp"},{"id":"6097931","shop_id":"47945","user_id":"702579","shop_name":"Darimi","shop_zip":"2030","product_code":"5722062","product_name_old":null,"product_name":"Egyedi tulip\u00e1nos h\u00e1zsz\u00e1m - k\u00fclt\u00e9ri h\u00e1zsz\u00e1m, UV-\u00e1ll\u00f3 ASA","category_string":"Otthon & \u00c9letm\u00f3d, H\u00e1z & Kert, H\u00e1zsz\u00e1m","technic_string":"Mindenm\u00e1s","category_1":"813","category_2":"897","category_3":"431","category_4":"0","merged_category_1":null,"merged_category_2":null,"merged_category_3":null,"technic_1":"493","technic_2":"0","technic_3":"0","color_1":"519","color_2":"520","color_3":"527","product_description_old":null,"product_description":"Tulip\u00e1n mot\u00edvumos egyedi h\u00e1zsz\u00e1mt\u00e1bla, amelyet a te h\u00e1zsz\u00e1modra \u00e9s utcaneveddel k\u00e9sz\u00edt\u00fcnk el. A tulip\u00e1nos sziluettje \u00e9s a h\u00e1zsz\u00e1m egy\u00fctt alkotnak egy igaz\u00e1n szem\u00e9lyes bej\u00e1rati dekor\u00e1ci\u00f3t, amely mosolyt csal minden \u00e9rkez\u0151 arc\u00e1ra.\n\nM\u00c9RETEK\n\nN\u00e9gy m\u00e9retben rendelhet\u0151:\n- S: 20 x 8 cm (alap\u00e1r: 5 490 Ft)\n- M: 30 x 12 cm\n- L: 35 x 14 cm\n- XL: 40 x 16 cm\n\nA vastags\u00e1g 1,6 mm-t\u0151l 8 mm-ig \u00e1ll\u00edthat\u00f3, az ig\u00e9nyeidt\u0151l f\u00fcgg\u0151en. V\u00e9konyabb t\u00e1bla k\u00f6nnyebb \u00e9s diszkr\u00e9tebb, vastagabb t\u00e1bla massz\u00edvabb, mark\u00e1nsabb megjelen\u00e9st ad. Az S m\u00e9ret kisebb kapukra, postal\u00e1d\u00e1k mell\u00e9 ide\u00e1lis, az XL pedig nagyobb ker\u00edt\u00e9sekhez, j\u00f3l l\u00e1that\u00f3 utcafronti elhelyez\u00e9shez aj\u00e1nlott.\n\nSZ\u00cdNEK\n\n8 el\u0151re kiv\u00e1lasztott RAL sz\u00edn k\u00f6z\u00fcl v\u00e1laszthatsz, de ha egyik sem tetszik, egyedi sz\u00ednt is k\u00e9rhetsz. A sz\u00edneket RAL ipari sz\u00ednsk\u00e1l\u00e1b\u00f3l v\u00e1logatjuk, a nyomtat\u00e1s Prusa XL 5T nyomtat\u00f3val, ak\u00e1r 5 sz\u00ednben t\u00f6rt\u00e9nik, fest\u00e9s n\u00e9lk\u00fcl. Ez azt jelenti, hogy a sz\u00edn az anyag szerves r\u00e9sze, nem kopik le \u00e9s nem h\u00e1mlaszthat\u00f3. \u00cdgy \u00e9vek m\u00falt\u00e1n is ugyanolyan \u00e9l\u00e9nken mutat, mint az els\u0151 napon.\n\nANYAG\n\nA h\u00e1zsz\u00e1mt\u00e1bla ASA m\u0171anyagb\u00f3l k\u00e9sz\u00fcl, amely kifejezetten k\u00fclt\u00e9ri felhaszn\u00e1l\u00e1sra fejlesztett ipari alapanyag. B\u00edrja az es\u0151t, a t\u0171z\u0151 napot, a fagyot \u00e9s a h\u0151s\u00e9get egyar\u00e1nt: -30 fokt\u00f3l eg\u00e9szen +80 fokig haszn\u00e1lhat\u00f3. UV-\u00e1ll\u00f3, \u00edgy a sz\u00ednek nem fakulnak ki az \u00e9vek sor\u00e1n sem. Es\u0151\u00e1ll\u00f3 \u00e9s fagy\u00e1ll\u00f3, teh\u00e1t t\u00e9len-ny\u00e1ron nyugodtan kint maradhat a falon vagy a ker\u00edt\u00e9sen.\n\nSzat\u00e9n fel\u00fclet\u0171, s\u00edk kivitel\u0171 t\u00e1bla, amelyen a tulip\u00e1n sziluett \u00e9s a h\u00e1zsz\u00e1m egy s\u00edkban helyezkedik el, nem dombor\u00fa. A t\u00e1bla k\u00fclt\u00e9ren is 10 \u00e9vet meghalad\u00f3 \u00e9lettartam\u00fa, \u00edgy hossz\u00fa t\u00e1v\u00fa befektet\u00e9s az otthonod megjelen\u00e9s\u00e9be. Az ASA anyag ellen\u00e1ll a por lerak\u00f3d\u00e1s\u00e1nak is, \u00edgy egy egyszer\u0171 nedves t\u00f6rl\u00e9s elegend\u0151 a tiszt\u00edt\u00e1s\u00e1hoz.\n\nR\u00d6GZ\u00cdT\u00c9S\n\nK\u00fclt\u00e9ri \u00e9p\u00edt\u00e9si ragaszt\u00f3val a legegyszer\u0171bb feltenni a falra, ker\u00edt\u00e9sre vagy kapura. Tart\u00f3s, biztons\u00e1gos megold\u00e1s, \u00e9s nem kell f\u00farni hozz\u00e1. Ha m\u00e9gis furatokat szeretn\u00e9l a t\u00e1bl\u00e1n, azt rendel\u00e9skor jelezd, \u00e9s elk\u00e9sz\u00edtj\u00fck. A ragaszt\u00f3s r\u00f6gz\u00edt\u00e9s el\u0151nye, hogy nem s\u00e9r\u00fcl meg a fal, \u00e9s b\u00e1rmikor \u00e1thelyezhet\u0151.\n\nRENDEL\u00c9S\n\nRendel\u00e9skor add meg a k\u00edv\u00e1nt h\u00e1zsz\u00e1mot vagy utcanevet, a m\u00e9retet, vastags\u00e1got \u00e9s a v\u00e1lasztott sz\u00ednt. Ha b\u00e1rmi egyedi k\u00e9r\u00e9sed van a mot\u00edvummal vagy az elrendez\u00e9ssel kapcsolatban, \u00edrj \u00fczenetet \u00e9s megbesz\u00e9lj\u00fck. K\u00e9sz\u00edt\u00fcnk csak h\u00e1zsz\u00e1mos \u00e9s utcaneves v\u00e1ltozatot is, az elrendez\u00e9st a te ig\u00e9nyeidhez igaz\u00edtjuk.\n\nMIRE J\u00d3?\n\nTavaszi kertsz\u00e9p\u00edt\u00e9shez, fel\u00faj\u00edt\u00e1shoz, vagy ak\u00e1r k\u00f6lt\u00f6z\u00e9s ut\u00e1n az \u00faj otthon szem\u00e9lyre szab\u00e1s\u00e1hoz egyar\u00e1nt remek v\u00e1laszt\u00e1s.\n\nAj\u00e1nd\u00e9knak is kiv\u00e1l\u00f3: h\u00e1zavat\u00f3ra, sz\u00fclet\u00e9snapra vagy n\u00e9vnapra egy szem\u00e9lyre szabott, a megaj\u00e1nd\u00e9kozott kedvenc vir\u00e1gfajt\u00e1j\u00e1t \u00e1br\u00e1zol\u00f3 h\u00e1zsz\u00e1mt\u00e1bla k\u00fcl\u00f6nleges \u00e9s maradand\u00f3 meglepet\u00e9s. Kert bar\u00e1tok, csal\u00e1dtagok garant\u00e1ltan \u00f6r\u00fclni fognak neki. Term\u00e9szet rajong\u00f3nak nincs enn\u00e9l szem\u00e9lyesebb aj\u00e1nd\u00e9k, \u00e9s a praktikuss\u00e1ga miatt biztosan nem lesz a fi\u00f3k m\u00e9ly\u00e9n.\n\nHa a postal\u00e1d\u00e1ra is szeretn\u00e9l h\u00e1zsz\u00e1mot, n\u00e9zd meg az \u00f6n\u00e1ll\u00f3 sz\u00e1mjegyeinket, amelyek t\u00f6k\u00e9letes kieg\u00e9sz\u00edt\u0151k a h\u00e1zsz\u00e1mt\u00e1bla mell\u00e9. Aki nem vir\u00e1gmot\u00edvumot keres, annak ott vannak a vintage, modern, eleg\u00e1ns, vagy \u00e9ppen focis, biciklis, motoros v\u00e1ltozatok is. Teljesen egyedi h\u00e1zsz\u00e1mt\u00e1bl\u00e1t is k\u00e9sz\u00edt\u00fcnk, ha saj\u00e1t mot\u00edvumot vagy elrendez\u00e9st szeretn\u00e9l.\n\nMinden term\u00e9k\u00fcnket egyedileg, rendel\u00e9sre k\u00e9sz\u00edtj\u00fck. K\u00e9rd\u00e9sed van a m\u00e9retekkel, sz\u00ednekkel vagy a mot\u00edvummal kapcsolatban? \u00cdrj b\u00e1tran, gyorsan v\u00e1laszolunk. N\u00e9zd meg a t\u00f6bbi term\u00e9k\u00fcnket is, h\u00e1tha tal\u00e1lsz m\u00e9g valamit, ami tetszik.","price":"1950.00","unit":"db","recommended":"0","status":"1","sponsored":"0","exp_notify":"0","own_material":"0","own_material_description_old":null,"own_material_description":"","jury":"0","jury_number":"","product_nature":"","meskaracsony":"0","create_date":"2026-04-20 18:02:55","shelve_id":"79630","image":"darimi_product_702579_260130124151_672552.png","image_width":"480","image_height":"295","image_alt":"Egyedi tulip\u00e1nos h\u00e1zsz\u00e1m - k\u00fclt\u00e9ri h\u00e1zsz\u00e1m, UV-\u00e1ll\u00f3 ASA, Tulip\u00e1n mot\u00edvumos egyedi h\u00e1zsz\u00e1mt\u00e1bla, amelyet a te h\u00e1zsz\u00e1modra \u00e9s utcaneveddel k\u00e9sz\u00edt\u00fcnk el. A tuli..., Meska","image_title":"Egyedi tulip\u00e1nos h\u00e1zsz\u00e1m - k\u00fclt\u00e9ri h\u00e1zsz\u00e1m, UV-\u00e1ll\u00f3 ASA, Meska","view_count":"2727","favourite_count":"0","trending_score":"0","last2MonthFavouriteCount":"0","promotion":"0","giftcard_accept":"0","creditcard_accept":true,"enhanced_background":"0","domain":"meska","specific_customer_id":null,"specific_customer_name":null,"to_order_product":"1","to_order_product_time":"1","product_different":null,"product_different_description":"","vintage":"0","vintage_category_id":"0","recycled":"0","gemstone_id":"0","customizable":"1","type_category":"physical","zerowaste":"0","postage_price":"1349.00","shop_order":"0","has_category":"1","landing_pages":null,"microdata":{"number":8,"category":""},"title":"Egyedi tulip\u00e1nos h\u00e1zsz\u00e1m - k\u00fclt\u00e9ri h\u00e1zsz\u00e1m, UV-\u00e1ll\u00f3 ASA","description":"Tulip\u00e1n mot\u00edvumos egyedi h\u00e1zsz\u00e1mt\u00e1bla, amelyet a te h\u00e1zsz\u00e1modra \u00e9s utcaneveddel k\u00e9sz\u00edt\u00fcnk el. A tulip\u00e1nos sziluettje \u00e9s a h\u00e1zsz\u00e1m egy\u00fctt alkotnak egy igaz\u00e1n szem\u00e9lyes bej\u00e1rati dekor\u00e1ci\u00f3t, amely mosolyt csal minden \u00e9rkez\u0151 arc\u00e1ra.\n\nM\u00c9RETEK\n\nN\u00e9gy m\u00e9retben rendelhet\u0151:\n- S: 20 x 8 cm (alap\u00e1r: 5 490 Ft)\n- M: 30 x 12 cm\n- L: 35 x 14 cm\n- XL: 40 x 16 cm\n\nA vastags\u00e1g 1,6 mm-t\u0151l 8 mm-ig \u00e1ll\u00edthat\u00f3, az ig\u00e9nyeidt\u0151l f\u00fcgg\u0151en. V\u00e9konyabb t\u00e1bla k\u00f6nnyebb \u00e9s diszkr\u00e9tebb, vastagabb t\u00e1bla massz\u00edvabb, mark\u00e1nsabb megjelen\u00e9st ad. Az S m\u00e9ret kisebb kapukra, postal\u00e1d\u00e1k mell\u00e9 ide\u00e1lis, az XL pedig nagyobb ker\u00edt\u00e9sekhez, j\u00f3l l\u00e1that\u00f3 utcafronti elhelyez\u00e9shez aj\u00e1nlott.\n\nSZ\u00cdNEK\n\n8 el\u0151re kiv\u00e1lasztott RAL sz\u00edn k\u00f6z\u00fcl v\u00e1laszthatsz, de ha egyik sem tetszik, egyedi sz\u00ednt is k\u00e9rhetsz. A sz\u00edneket RAL ipari sz\u00ednsk\u00e1l\u00e1b\u00f3l v\u00e1logatjuk, a nyomtat\u00e1s Prusa XL 5T nyomtat\u00f3val, ak\u00e1r 5 sz\u00ednben t\u00f6rt\u00e9nik, fest\u00e9s n\u00e9lk\u00fcl. Ez azt jelenti, hogy a sz\u00edn az anyag szerves r\u00e9sze, nem kopik le \u00e9s nem h\u00e1mlaszthat\u00f3. \u00cdgy \u00e9vek m\u00falt\u00e1n is ugyanolyan \u00e9l\u00e9nken mutat, mint az els\u0151 napon.\n\nANYAG\n\nA h\u00e1zsz\u00e1mt\u00e1bla ASA m\u0171anyagb\u00f3l k\u00e9sz\u00fcl, amely kifejezetten k\u00fclt\u00e9ri felhaszn\u00e1l\u00e1sra fejlesztett ipari alapanyag. B\u00edrja az es\u0151t, a t\u0171z\u0151 napot, a fagyot \u00e9s a h\u0151s\u00e9get egyar\u00e1nt: -30 fokt\u00f3l eg\u00e9szen +80 fokig haszn\u00e1lhat\u00f3. UV-\u00e1ll\u00f3, \u00edgy a sz\u00ednek nem fakulnak ki az \u00e9vek sor\u00e1n sem. Es\u0151\u00e1ll\u00f3 \u00e9s fagy\u00e1ll\u00f3, teh\u00e1t t\u00e9len-ny\u00e1ron nyugodtan kint maradhat a falon vagy a ker\u00edt\u00e9sen.\n\nSzat\u00e9n fel\u00fclet\u0171, s\u00edk kivitel\u0171 t\u00e1bla, amelyen a tulip\u00e1n sziluett \u00e9s a h\u00e1zsz\u00e1m egy s\u00edkban helyezkedik el, nem dombor\u00fa. A t\u00e1bla k\u00fclt\u00e9ren is 10 \u00e9vet meghalad\u00f3 \u00e9lettartam\u00fa, \u00edgy hossz\u00fa t\u00e1v\u00fa befektet\u00e9s az otthonod megjelen\u00e9s\u00e9be. Az ASA anyag ellen\u00e1ll a por lerak\u00f3d\u00e1s\u00e1nak is, \u00edgy egy egyszer\u0171 nedves t\u00f6rl\u00e9s elegend\u0151 a tiszt\u00edt\u00e1s\u00e1hoz.\n\nR\u00d6GZ\u00cdT\u00c9S\n\nK\u00fclt\u00e9ri \u00e9p\u00edt\u00e9si ragaszt\u00f3val a legegyszer\u0171bb feltenni a falra, ker\u00edt\u00e9sre vagy kapura. Tart\u00f3s, biztons\u00e1gos megold\u00e1s, \u00e9s nem kell f\u00farni hozz\u00e1. Ha m\u00e9gis furatokat szeretn\u00e9l a t\u00e1bl\u00e1n, azt rendel\u00e9skor jelezd, \u00e9s elk\u00e9sz\u00edtj\u00fck. A ragaszt\u00f3s r\u00f6gz\u00edt\u00e9s el\u0151nye, hogy nem s\u00e9r\u00fcl meg a fal, \u00e9s b\u00e1rmikor \u00e1thelyezhet\u0151.\n\nRENDEL\u00c9S\n\nRendel\u00e9skor add meg a k\u00edv\u00e1nt h\u00e1zsz\u00e1mot vagy utcanevet, a m\u00e9retet, vastags\u00e1got \u00e9s a v\u00e1lasztott sz\u00ednt. Ha b\u00e1rmi egyedi k\u00e9r\u00e9sed van a mot\u00edvummal vagy az elrendez\u00e9ssel kapcsolatban, \u00edrj \u00fczenetet \u00e9s megbesz\u00e9lj\u00fck. K\u00e9sz\u00edt\u00fcnk csak h\u00e1zsz\u00e1mos \u00e9s utcaneves v\u00e1ltozatot is, az elrendez\u00e9st a te ig\u00e9nyeidhez igaz\u00edtjuk.\n\nMIRE J\u00d3?\n\nTavaszi kertsz\u00e9p\u00edt\u00e9shez, fel\u00faj\u00edt\u00e1shoz, vagy ak\u00e1r k\u00f6lt\u00f6z\u00e9s ut\u00e1n az \u00faj otthon szem\u00e9lyre szab\u00e1s\u00e1hoz egyar\u00e1nt remek v\u00e1laszt\u00e1s.\n\nAj\u00e1nd\u00e9knak is kiv\u00e1l\u00f3: h\u00e1zavat\u00f3ra, sz\u00fclet\u00e9snapra vagy n\u00e9vnapra egy szem\u00e9lyre szabott, a megaj\u00e1nd\u00e9kozott kedvenc vir\u00e1gfajt\u00e1j\u00e1t \u00e1br\u00e1zol\u00f3 h\u00e1zsz\u00e1mt\u00e1bla k\u00fcl\u00f6nleges \u00e9s maradand\u00f3 meglepet\u00e9s. Kert bar\u00e1tok, csal\u00e1dtagok garant\u00e1ltan \u00f6r\u00fclni fognak neki. Term\u00e9szet rajong\u00f3nak nincs enn\u00e9l szem\u00e9lyesebb aj\u00e1nd\u00e9k, \u00e9s a praktikuss\u00e1ga miatt biztosan nem lesz a fi\u00f3k m\u00e9ly\u00e9n.\n\nHa a postal\u00e1d\u00e1ra is szeretn\u00e9l h\u00e1zsz\u00e1mot, n\u00e9zd meg az \u00f6n\u00e1ll\u00f3 sz\u00e1mjegyeinket, amelyek t\u00f6k\u00e9letes kieg\u00e9sz\u00edt\u0151k a h\u00e1zsz\u00e1mt\u00e1bla mell\u00e9. Aki nem vir\u00e1gmot\u00edvumot keres, annak ott vannak a vintage, modern, eleg\u00e1ns, vagy \u00e9ppen focis, biciklis, motoros v\u00e1ltozatok is. Teljesen egyedi h\u00e1zsz\u00e1mt\u00e1bl\u00e1t is k\u00e9sz\u00edt\u00fcnk, ha saj\u00e1t mot\u00edvumot vagy elrendez\u00e9st szeretn\u00e9l.\n\nMinden term\u00e9k\u00fcnket egyedileg, rendel\u00e9sre k\u00e9sz\u00edtj\u00fck. K\u00e9rd\u00e9sed van a m\u00e9retekkel, sz\u00ednekkel vagy a mot\u00edvummal kapcsolatban? \u00cdrj b\u00e1tran, gyorsan v\u00e1laszolunk. N\u00e9zd meg a t\u00f6bbi term\u00e9k\u00fcnket is, h\u00e1tha tal\u00e1lsz m\u00e9g valamit, ami tetszik.","score":0,"formatted_price":"1 950 Ft","image_url":"https:\/\/www.meska.hu\/img\/product\/small\/d\/a\/darimi_product_702579_260130124151_672552.png","formatted_url":"https:\/\/www.meska.hu\/p5722062-egyedi-hazszamtabla-tulipanos-motivummal-3d-nyomtatott-idojarasallo-asa","favourite":false,"in_stock":false,"avatar":"702579_avatar_1739694015.jpeg","delete_from":0,"is_enhanced_background":false,"is_enhanced":false,"product_selection_started":false,"is_active":true,"image_webp_url":"https:\/\/www.meska.hu\/img\/product\/small\/d\/a\/darimi_product_702579_260130124151_672552.webp"},{"id":"5967513","shop_id":"47945","user_id":"702579","shop_name":"Darimi","shop_zip":"2030","product_code":"5652621","product_name_old":null,"product_name":"Balatoni h\u00e1zsz\u00e1mt\u00e1bla - egyedi mint\u00e1s k\u00fclt\u00e9ri h\u00e1zsz\u00e1m nyaral\u00f3hoz","category_string":"Otthon & \u00c9letm\u00f3d, H\u00e1z & Kert, H\u00e1zsz\u00e1m","technic_string":"Mindenm\u00e1s","category_1":"813","category_2":"897","category_3":"431","category_4":"0","merged_category_1":null,"merged_category_2":null,"merged_category_3":null,"technic_1":"493","technic_2":"0","technic_3":"0","color_1":"519","color_2":"520","color_3":"527","product_description_old":null,"product_description":"Balatoni h\u00e1zsz\u00e1mt\u00e1bla Balaton mot\u00edvummal, amely nyaral\u00f3k, \u00fcd\u00fcl\u0151k \u00e9s Balaton-parti h\u00e1zak bej\u00e1rat\u00e1t teszi hangulatoss\u00e1. Ha a Balaton az \u00e9letedhez tartozik - legyen sz\u00f3 nyaral\u00f3r\u00f3l, h\u00e9tv\u00e9gi h\u00e1zr\u00f3l vagy a t\u00f3parti otthonr\u00f3l -, ez a h\u00e1zsz\u00e1m a balatoni \u00e9let\u00e9rz\u00e9st hordozza. A Balaton mot\u00edvum finoman, m\u00e9gis egy\u00e9rtelm\u0171en id\u00e9zi a magyar tenger hangulat\u00e1t.\n\nMERETEK\n\nA t\u00e1bla h\u00e1rom m\u00e9retben rendelhet\u0151:\n- S: 20 x 8 cm - kisebb kapura, bej\u00e1ratra\n- M: 30 x 12 cm - \u00e1tlagos ker\u00edt\u00e9sre, kapura\n- L: 35 x 14 cm - j\u00f3l l\u00e1that\u00f3, utc\u00e1r\u00f3l is olvashat\u00f3\n\nA vastags\u00e1got kilenc fokozatb\u00f3l v\u00e1laszthatod: 1,6 mm, 2 mm, 2,5 mm, 3 mm, 4 mm, 5 mm, 6 mm, 7 mm \u00e9s 8 mm. Ez a sz\u00e9les vastags\u00e1gv\u00e1laszt\u00e9k k\u00fcl\u00f6nlegess\u00e9 teszi ezt a term\u00e9ket - a v\u00e9konyabb v\u00e1ltozat k\u00f6nny\u0171 \u00e9s eleg\u00e1ns, a vastagabb pedig robusztus, tekint\u00e9lyes hat\u00e1st kelt. A 8 mm-es verzi\u00f3 kiemelked\u0151en massz\u00edv, amely nagyobb fel\u00fcleteken, kerti kapukon vagy ker\u00edt\u00e9spill\u00e9reken is magabiztosan mutat.\n\nSZINEK\n\nA sz\u00ednv\u00e1laszt\u00e9k RAL ipari rendszerben \u00e9rhet\u0151 el, \u00edgy pontosan a homlokzatodhoz vagy a nyaral\u00f3d st\u00edlus\u00e1hoz ill\u0151 \u00e1rnyalatot tal\u00e1lhatsz. A balatoni hangulathoz a k\u00e9k-feh\u00e9r, t\u00fcrkiz-feh\u00e9r vagy \u00e9ppen a term\u00e9szetes z\u00f6ld-feh\u00e9r kombin\u00e1ci\u00f3k k\u00fcl\u00f6n\u00f6sen n\u00e9pszer\u0171ek. Egyedi RAL sz\u00edn is k\u00e9rhet\u0151, ha saj\u00e1t sz\u00ednelk\u00e9pzel\u00e9sed van.\n\nANYAG\n\nAnyaga ASA (Acrylonitrile Styrene Acrylate), amely kifejezetten k\u00fclt\u00e9ri felhaszn\u00e1l\u00e1sra k\u00e9sz\u00fclt. Ez k\u00fcl\u00f6n\u00f6sen fontos egy balatoni nyaral\u00f3 eset\u00e9ben, ahol a napt\u00f3l a viharos sz\u00e9lig \u00e9s a t\u00e9li fagyokig mindent ki kell b\u00edrnia a h\u00e1zsz\u00e1mnak - akkor is, amikor a nyaral\u00f3 \u00fcresen \u00e1ll a t\u00e9li h\u00f3napokban.\n\nAz ASA teljes t\u00f6meg\u00e9ben sz\u00ednes, RAL ipari sz\u00ednrendszerben: nem fakul a ny\u00e1ri napon, nem \u00e1zik el az \u0151szi es\u0151kben, nem reped a t\u00e9li fagyban. UV-\u00e1ll\u00f3, es\u0151\u00e1ll\u00f3, fagy\u00e1ll\u00f3: -30 fokt\u00f3l +80 fokig b\u00edrja, \u00e9s k\u00fclt\u00e9ren ak\u00e1r 10 \u00e9vig meg\u0151rzi eredeti \u00e1llapot\u00e1t. A fel\u00fclete szat\u00e9n text\u00far\u00e1j\u00fa, amelyet Prusa XL 5T nyomtat\u00f3val k\u00e9sz\u00edt\u00fcnk, fest\u00e9s n\u00e9lk\u00fcl, ak\u00e1r 5 sz\u00ednben egyetlen munkafolyamatban.\n\nROGZITES\n\nA t\u00e1bla s\u00edk fel\u00fclet\u0171, nem dombor\u00fa. R\u00f6gz\u00edt\u00e9shez k\u00fclt\u00e9ri \u00e9p\u00edt\u00e9si ragaszt\u00f3t javaslunk (p\u00e9ld\u00e1ul Pattex One For All): kend fel a h\u00e1tlapra, nyomd a falhoz, \u00e9s k\u00e9sz. Nyaral\u00f3n k\u00fcl\u00f6n\u00f6sen praktikus ez a megold\u00e1s, mert nem kell f\u00farni a falba, \u00e9s percek alatt felhelyezhet\u0151. Ha m\u00e9gis furatokkal szeretn\u00e9d r\u00f6gz\u00edteni, jelezd rendel\u00e9skor.\n\nHOGYAN RENDELHETSZ?\n\nRendel\u00e9skor add meg a h\u00e1zsz\u00e1mot, a v\u00e1lasztott m\u00e9retet, vastags\u00e1got \u00e9s sz\u00ednt. Sz\u00e1mjegy, bet\u0171-sz\u00e1m kombin\u00e1ci\u00f3, utcan\u00e9v vagy ak\u00e1r a nyaral\u00f3 neve is k\u00e9rhet\u0151. Sok Balaton-parti nyaral\u00f3nak van beceneve - \"Napf\u00e9ny villa\", \"Vitorl\u00e1s h\u00e1z\" - \u00e9s ezt is r\u00e1 lehet \u00edratni a t\u00e1bl\u00e1ra, hogy a nyaral\u00f3 igaz\u00e1n szem\u00e9lyes legyen.\n\nMIRE JO?\n\n- Nyaral\u00f3k, \u00fcd\u00fcl\u0151k, Balaton-parti h\u00e1zak bej\u00e1rat\u00e1nak d\u00edsz\u00edt\u00e9se\n- Aj\u00e1nd\u00e9k nyaral\u00f3tulajdonosoknak, h\u00e1zavat\u00f3ra, nyugd\u00edjba vonul\u00e1sra vagy kar\u00e1csonyra\n- Szezonnyit\u00e1shoz, tavaszi k\u00e9sz\u00fcl\u0151d\u00e9shez a r\u00e9gi h\u00e1zsz\u00e1m lecser\u00e9l\u00e9se\n- Ha a nyaral\u00f3t \u00fajonnan vett\u00e9tek, az els\u0151 balatoni szezon el\u0151tt \u00e9rdemes egy sz\u00e9p h\u00e1zsz\u00e1mt\u00e1bl\u00e1val bejelentkezni a szomsz\u00e9ds\u00e1gba\n\nKAPCSOLODO TERMEKEK\n\nHa a haj\u00f3s, v\u00edzi tematika tetszik, a boltunkban k\u00e9t m\u00e1sik haj\u00f3s h\u00e1zsz\u00e1mt\u00e1bla is el\u00e9rhet\u0151: fekv\u0151 \u00e9s \u00e1ll\u00f3 form\u00e1tumban, k\u00fcl\u00f6nb\u00f6z\u0151 vitorl\u00e1s mot\u00edvumokkal. A tr\u00f3pusi hangulatot kedvel\u0151k a ban\u00e1nf\u00e1s \u00e9s p\u00e1lmaf\u00e1s v\u00e1ltozatokat is megn\u00e9zhetik, amelyek szint\u00e9n a ny\u00e1ri, szabadid\u0151s \u00e9let\u00e9rz\u00e9st er\u0151s\u00edtik. Ha a nyaral\u00f3don m\u00e1s st\u00edlust k\u00e9pzelsz el, n\u00e9zd meg a h\u00e1zik\u00f3 form\u00e1j\u00fa h\u00e1zsz\u00e1mt\u00e1bl\u00e1kat is.\n\nHa a teljes bej\u00e1ratot egys\u00e9ges\u00edten\u00e9d, az \u00f6n\u00e1ll\u00f3 sz\u00e1mjegyeink a postal\u00e1d\u00e1ra vagy a kerti kapura kiv\u00e1l\u00f3ak. A kuty\u00e1s h\u00e1zsz\u00e1mt\u00e1bl\u00e1k szint\u00e9n j\u00f3l illenek nyaral\u00f3hoz - ha a n\u00e9gyl\u00e1b\u00fa is minden ny\u00e1ron veletek j\u00f6n a Balatonra, mopsz, tacsk\u00f3, golden retriever vagy corgi mot\u00edvummal is rendelhetsz.\n\nMinden term\u00e9k\u00fcnket egyedileg, rendel\u00e9sre k\u00e9sz\u00edtj\u00fck. K\u00e9rd\u00e9sed van a m\u00e9retekr\u0151l, vastags\u00e1gokr\u00f3l vagy a sz\u00ednekr\u0151l? \u00cdrj b\u00e1tran, gyorsan v\u00e1laszolunk. N\u00e9zd meg a t\u00f6bbi term\u00e9k\u00fcnket is, h\u00e1tha tal\u00e1lsz m\u00e9g valamit, ami tetszik.","price":"5490.00","unit":"db","recommended":"0","status":"1","sponsored":"0","exp_notify":"0","own_material":"0","own_material_description_old":null,"own_material_description":"","jury":"0","jury_number":"","product_nature":"","meskaracsony":"0","create_date":"2026-04-19 21:24:32","shelve_id":"79630","image":"darimi_product_702579_251024190558_890644.png","image_width":"480","image_height":"480","image_alt":"Balatoni h\u00e1zsz\u00e1mt\u00e1bla - egyedi mint\u00e1s k\u00fclt\u00e9ri h\u00e1zsz\u00e1m nyaral\u00f3hoz, Balatoni h\u00e1zsz\u00e1mt\u00e1bla Balaton mot\u00edvummal, amely nyaral\u00f3k, \u00fcd\u00fcl\u0151k \u00e9s Balaton-parti h\u00e1zak bej\u00e1rat\u00e1t te..., Meska","image_title":"Balatoni h\u00e1zsz\u00e1mt\u00e1bla - egyedi mint\u00e1s k\u00fclt\u00e9ri h\u00e1zsz\u00e1m nyaral\u00f3hoz, Meska","view_count":"2734","favourite_count":"0","trending_score":"0","last2MonthFavouriteCount":"0","promotion":"0","giftcard_accept":"0","creditcard_accept":true,"enhanced_background":"0","domain":"meska","specific_customer_id":null,"specific_customer_name":null,"to_order_product":"1","to_order_product_time":"1","product_different":null,"product_different_description":"","vintage":"0","vintage_category_id":"0","recycled":"0","gemstone_id":"0","customizable":"1","type_category":"physical","zerowaste":"0","postage_price":"1349.00","shop_order":"0","has_category":"1","landing_pages":null,"microdata":{"number":9,"category":""},"title":"Balatoni h\u00e1zsz\u00e1mt\u00e1bla - egyedi mint\u00e1s k\u00fclt\u00e9ri h\u00e1zsz\u00e1m nyaral\u00f3hoz","description":"Balatoni h\u00e1zsz\u00e1mt\u00e1bla Balaton mot\u00edvummal, amely nyaral\u00f3k, \u00fcd\u00fcl\u0151k \u00e9s Balaton-parti h\u00e1zak bej\u00e1rat\u00e1t teszi hangulatoss\u00e1. Ha a Balaton az \u00e9letedhez tartozik - legyen sz\u00f3 nyaral\u00f3r\u00f3l, h\u00e9tv\u00e9gi h\u00e1zr\u00f3l vagy a t\u00f3parti otthonr\u00f3l -, ez a h\u00e1zsz\u00e1m a balatoni \u00e9let\u00e9rz\u00e9st hordozza. A Balaton mot\u00edvum finoman, m\u00e9gis egy\u00e9rtelm\u0171en id\u00e9zi a magyar tenger hangulat\u00e1t.\n\nMERETEK\n\nA t\u00e1bla h\u00e1rom m\u00e9retben rendelhet\u0151:\n- S: 20 x 8 cm - kisebb kapura, bej\u00e1ratra\n- M: 30 x 12 cm - \u00e1tlagos ker\u00edt\u00e9sre, kapura\n- L: 35 x 14 cm - j\u00f3l l\u00e1that\u00f3, utc\u00e1r\u00f3l is olvashat\u00f3\n\nA vastags\u00e1got kilenc fokozatb\u00f3l v\u00e1laszthatod: 1,6 mm, 2 mm, 2,5 mm, 3 mm, 4 mm, 5 mm, 6 mm, 7 mm \u00e9s 8 mm. Ez a sz\u00e9les vastags\u00e1gv\u00e1laszt\u00e9k k\u00fcl\u00f6nlegess\u00e9 teszi ezt a term\u00e9ket - a v\u00e9konyabb v\u00e1ltozat k\u00f6nny\u0171 \u00e9s eleg\u00e1ns, a vastagabb pedig robusztus, tekint\u00e9lyes hat\u00e1st kelt. A 8 mm-es verzi\u00f3 kiemelked\u0151en massz\u00edv, amely nagyobb fel\u00fcleteken, kerti kapukon vagy ker\u00edt\u00e9spill\u00e9reken is magabiztosan mutat.\n\nSZINEK\n\nA sz\u00ednv\u00e1laszt\u00e9k RAL ipari rendszerben \u00e9rhet\u0151 el, \u00edgy pontosan a homlokzatodhoz vagy a nyaral\u00f3d st\u00edlus\u00e1hoz ill\u0151 \u00e1rnyalatot tal\u00e1lhatsz. A balatoni hangulathoz a k\u00e9k-feh\u00e9r, t\u00fcrkiz-feh\u00e9r vagy \u00e9ppen a term\u00e9szetes z\u00f6ld-feh\u00e9r kombin\u00e1ci\u00f3k k\u00fcl\u00f6n\u00f6sen n\u00e9pszer\u0171ek. Egyedi RAL sz\u00edn is k\u00e9rhet\u0151, ha saj\u00e1t sz\u00ednelk\u00e9pzel\u00e9sed van.\n\nANYAG\n\nAnyaga ASA (Acrylonitrile Styrene Acrylate), amely kifejezetten k\u00fclt\u00e9ri felhaszn\u00e1l\u00e1sra k\u00e9sz\u00fclt. Ez k\u00fcl\u00f6n\u00f6sen fontos egy balatoni nyaral\u00f3 eset\u00e9ben, ahol a napt\u00f3l a viharos sz\u00e9lig \u00e9s a t\u00e9li fagyokig mindent ki kell b\u00edrnia a h\u00e1zsz\u00e1mnak - akkor is, amikor a nyaral\u00f3 \u00fcresen \u00e1ll a t\u00e9li h\u00f3napokban.\n\nAz ASA teljes t\u00f6meg\u00e9ben sz\u00ednes, RAL ipari sz\u00ednrendszerben: nem fakul a ny\u00e1ri napon, nem \u00e1zik el az \u0151szi es\u0151kben, nem reped a t\u00e9li fagyban. UV-\u00e1ll\u00f3, es\u0151\u00e1ll\u00f3, fagy\u00e1ll\u00f3: -30 fokt\u00f3l +80 fokig b\u00edrja, \u00e9s k\u00fclt\u00e9ren ak\u00e1r 10 \u00e9vig meg\u0151rzi eredeti \u00e1llapot\u00e1t. A fel\u00fclete szat\u00e9n text\u00far\u00e1j\u00fa, amelyet Prusa XL 5T nyomtat\u00f3val k\u00e9sz\u00edt\u00fcnk, fest\u00e9s n\u00e9lk\u00fcl, ak\u00e1r 5 sz\u00ednben egyetlen munkafolyamatban.\n\nROGZITES\n\nA t\u00e1bla s\u00edk fel\u00fclet\u0171, nem dombor\u00fa. R\u00f6gz\u00edt\u00e9shez k\u00fclt\u00e9ri \u00e9p\u00edt\u00e9si ragaszt\u00f3t javaslunk (p\u00e9ld\u00e1ul Pattex One For All): kend fel a h\u00e1tlapra, nyomd a falhoz, \u00e9s k\u00e9sz. Nyaral\u00f3n k\u00fcl\u00f6n\u00f6sen praktikus ez a megold\u00e1s, mert nem kell f\u00farni a falba, \u00e9s percek alatt felhelyezhet\u0151. Ha m\u00e9gis furatokkal szeretn\u00e9d r\u00f6gz\u00edteni, jelezd rendel\u00e9skor.\n\nHOGYAN RENDELHETSZ?\n\nRendel\u00e9skor add meg a h\u00e1zsz\u00e1mot, a v\u00e1lasztott m\u00e9retet, vastags\u00e1got \u00e9s sz\u00ednt. Sz\u00e1mjegy, bet\u0171-sz\u00e1m kombin\u00e1ci\u00f3, utcan\u00e9v vagy ak\u00e1r a nyaral\u00f3 neve is k\u00e9rhet\u0151. Sok Balaton-parti nyaral\u00f3nak van beceneve - \"Napf\u00e9ny villa\", \"Vitorl\u00e1s h\u00e1z\" - \u00e9s ezt is r\u00e1 lehet \u00edratni a t\u00e1bl\u00e1ra, hogy a nyaral\u00f3 igaz\u00e1n szem\u00e9lyes legyen.\n\nMIRE JO?\n\n- Nyaral\u00f3k, \u00fcd\u00fcl\u0151k, Balaton-parti h\u00e1zak bej\u00e1rat\u00e1nak d\u00edsz\u00edt\u00e9se\n- Aj\u00e1nd\u00e9k nyaral\u00f3tulajdonosoknak, h\u00e1zavat\u00f3ra, nyugd\u00edjba vonul\u00e1sra vagy kar\u00e1csonyra\n- Szezonnyit\u00e1shoz, tavaszi k\u00e9sz\u00fcl\u0151d\u00e9shez a r\u00e9gi h\u00e1zsz\u00e1m lecser\u00e9l\u00e9se\n- Ha a nyaral\u00f3t \u00fajonnan vett\u00e9tek, az els\u0151 balatoni szezon el\u0151tt \u00e9rdemes egy sz\u00e9p h\u00e1zsz\u00e1mt\u00e1bl\u00e1val bejelentkezni a szomsz\u00e9ds\u00e1gba\n\nKAPCSOLODO TERMEKEK\n\nHa a haj\u00f3s, v\u00edzi tematika tetszik, a boltunkban k\u00e9t m\u00e1sik haj\u00f3s h\u00e1zsz\u00e1mt\u00e1bla is el\u00e9rhet\u0151: fekv\u0151 \u00e9s \u00e1ll\u00f3 form\u00e1tumban, k\u00fcl\u00f6nb\u00f6z\u0151 vitorl\u00e1s mot\u00edvumokkal. A tr\u00f3pusi hangulatot kedvel\u0151k a ban\u00e1nf\u00e1s \u00e9s p\u00e1lmaf\u00e1s v\u00e1ltozatokat is megn\u00e9zhetik, amelyek szint\u00e9n a ny\u00e1ri, szabadid\u0151s \u00e9let\u00e9rz\u00e9st er\u0151s\u00edtik. Ha a nyaral\u00f3don m\u00e1s st\u00edlust k\u00e9pzelsz el, n\u00e9zd meg a h\u00e1zik\u00f3 form\u00e1j\u00fa h\u00e1zsz\u00e1mt\u00e1bl\u00e1kat is.\n\nHa a teljes bej\u00e1ratot egys\u00e9ges\u00edten\u00e9d, az \u00f6n\u00e1ll\u00f3 sz\u00e1mjegyeink a postal\u00e1d\u00e1ra vagy a kerti kapura kiv\u00e1l\u00f3ak. A kuty\u00e1s h\u00e1zsz\u00e1mt\u00e1bl\u00e1k szint\u00e9n j\u00f3l illenek nyaral\u00f3hoz - ha a n\u00e9gyl\u00e1b\u00fa is minden ny\u00e1ron veletek j\u00f6n a Balatonra, mopsz, tacsk\u00f3, golden retriever vagy corgi mot\u00edvummal is rendelhetsz.\n\nMinden term\u00e9k\u00fcnket egyedileg, rendel\u00e9sre k\u00e9sz\u00edtj\u00fck. K\u00e9rd\u00e9sed van a m\u00e9retekr\u0151l, vastags\u00e1gokr\u00f3l vagy a sz\u00ednekr\u0151l? \u00cdrj b\u00e1tran, gyorsan v\u00e1laszolunk. N\u00e9zd meg a t\u00f6bbi term\u00e9k\u00fcnket is, h\u00e1tha tal\u00e1lsz m\u00e9g valamit, ami tetszik.","score":0,"formatted_price":"5 490 Ft","image_url":"https:\/\/www.meska.hu\/img\/product\/small\/d\/a\/darimi_product_702579_251024190558_890644.png","formatted_url":"https:\/\/www.meska.hu\/p5652621-egyedi-hazszamtabla-balaton","favourite":false,"in_stock":false,"avatar":"702579_avatar_1739694015.jpeg","delete_from":0,"is_enhanced_background":false,"is_enhanced":false,"product_selection_started":false,"is_active":true,"image_webp_url":"https:\/\/www.meska.hu\/img\/product\/small\/d\/a\/darimi_product_702579_251024190558_890644.webp"},{"id":"6122912","shop_id":"48604","user_id":"711650","shop_name":"Ajandekcsoda","shop_zip":"3377","product_code":"5737067","product_name_old":null,"product_name":"\ud83c\udfe0 Egyedi h\u00e1zsz\u00e1mt\u00e1bla-3D Nyomtat\u00e1ssla  \ud83c\udfe0 ","category_string":"Otthon & \u00c9letm\u00f3d, H\u00e1z & Kert, H\u00e1zsz\u00e1m","technic_string":"Mindenm\u00e1s","category_1":"813","category_2":"897","category_3":"431","category_4":"0","merged_category_1":null,"merged_category_2":null,"merged_category_3":null,"technic_1":"493","technic_2":"0","technic_3":"0","color_1":"519","color_2":"520","color_3":"527","product_description_old":null,"product_description":"\ud83c\udfe0 Egyedi h\u00e1zsz\u00e1mt\u00e1bla \u2013 modern, 3D nyomtatott kivitelben \ud83c\udfe0\n\nTedd egyediv\u00e9 otthonod megjelen\u00e9s\u00e9t egy letisztult, modern st\u00edlus\u00fa h\u00e1zsz\u00e1mt\u00e1bl\u00e1val! A t\u00e1bla rendel\u00e9sre k\u00e9sz\u00fcl, \u00edgy teljesen szem\u00e9lyre szabhat\u00f3 a saj\u00e1t ig\u00e9nyeid szerint.\n\n\u2714 M\u00e9ret v\u00e1laszthat\u00f3\n\u2714 T\u00f6bb sz\u00ednben rendelhet\u0151\n\u2714 Egyedi utcan\u00e9v \u00e9s h\u00e1zsz\u00e1m\n\u2714 Id\u0151t\u00e1ll\u00f3, ig\u00e9nyes megjelen\u00e9s\n\n\nS\u00dcRG\u0150S CSOMAG \nHa gyorsan van sz\u00fcks\u00e9ged a term\u00e9kre, v\u00e1laszd a \u201eS\u00fcrg\u0151s csomag\u201d szolg\u00e1ltat\u00e1st is a rendel\u00e9sed mell\u00e9!\nEbben az esetben a megrendel\u00e9sed el\u0151nyt \u00e9lvez, \u00e9s\n\ud83d\udc49 24 \u00f3r\u00e1n bel\u00fcl elk\u00e9sz\u00edtj\u00fck \u00e9s felad\u00e1sra ker\u00fcl a csomagod.\nAz al\u00e1bbi linkre kattintva kos\u00e1rba rakhat\u00f3.\nhttps:\/\/www.meska.hu\/p5770953-surgos-csomag-24-oran-beluli-keszites-es-feladas\n\nRagaszt\u00e1s: Sima falfel\u00fcletre k\u00f6nnyed\u00e9n felhelyezhet\u0151. A biztos tart\u00e1s \u00e9rdek\u00e9ben javasoljuk k\u00fclt\u00e9ri foly\u00e9kony ragaszt\u00f3 vagy szilikon haszn\u00e1lat\u00e1t.\n\nCsavaroz\u00e1s: A t\u00e1bla ig\u00e9ny szerint f\u00farhat\u00f3, de k\u00e9rheti eleve el\u0151re kif\u00fart lyukakkal is, \u00edgy azonnal r\u00f6gz\u00edthet\u0151 csavarok seg\u00edts\u00e9g\u00e9vel.\n\n\ud83d\udee0\ufe0f Hogyan rendeld meg?\nV\u00e1laszd ki a k\u00edv\u00e1nt sz\u00ednt \u00e9s m\u00e9retet, majd rendel\u00e9skor a megjegyz\u00e9sben \u00edrd meg az utca nev\u00e9t \u00e9s a h\u00e1zsz\u00e1mot. Ha k\u00fcl\u00f6n elk\u00e9pzel\u00e9sed van, \u00fczenetben is egyeztethet\u00fcnk!\n\nA term\u00e9k 3D nyomtat\u00e1ssal k\u00e9sz\u00fcl, gondos tervez\u00e9ssel \u00e9s prec\u00edz kivitelez\u00e9ssel, hogy hossz\u00fa t\u00e1von is sz\u00e9p \u00e9s j\u00f3l l\u00e1that\u00f3 legyen a h\u00e1zsz\u00e1mod.\n\n\ud83c\udf81 Saj\u00e1t otthonra vagy aj\u00e1nd\u00e9knak is t\u00f6k\u00e9letes v\u00e1laszt\u00e1s!\n\nKulcsszavak: egyedi h\u00e1zsz\u00e1m, modern h\u00e1zsz\u00e1mt\u00e1bla, 3D nyomtatott h\u00e1zsz\u00e1m, utcan\u00e9v t\u00e1bla, szem\u00e9lyre szabott dekor\u00e1ci\u00f3, k\u00fclt\u00e9ri h\u00e1zsz\u00e1m","price":"4990.00","unit":"db","recommended":"0","status":"1","sponsored":"0","exp_notify":"0","own_material":"0","own_material_description_old":null,"own_material_description":"","jury":"0","jury_number":"","product_nature":"","meskaracsony":"0","create_date":"2026-04-19 13:22:28","shelve_id":"0","image":"ajandekcsoda_product_711650_260220082502_681258.png","image_width":"480","image_height":"319","image_alt":"\ud83c\udfe0 Egyedi h\u00e1zsz\u00e1mt\u00e1bla-3D Nyomtat\u00e1ssla  \ud83c\udfe0 , \ud83c\udfe0 Egyedi h\u00e1zsz\u00e1mt\u00e1bla \u2013 modern, 3D nyomtatott kivitelben \ud83c\udfe0\\n\\nTedd egyediv\u00e9 otthonod megjelen\u00e9s\u00e9t egy ..., Meska","image_title":"\ud83c\udfe0 Egyedi h\u00e1zsz\u00e1mt\u00e1bla-3D Nyomtat\u00e1ssla  \ud83c\udfe0 , Meska","view_count":"259","favourite_count":"0","trending_score":"0","last2MonthFavouriteCount":"0","promotion":"0","giftcard_accept":"0","creditcard_accept":true,"enhanced_background":"0","domain":"meska","specific_customer_id":null,"specific_customer_name":null,"to_order_product":"1","to_order_product_time":"1","product_different":null,"product_different_description":"","vintage":"0","vintage_category_id":"0","recycled":"0","gemstone_id":"0","customizable":"0","type_category":"physical","zerowaste":"0","postage_price":"2390.00","shop_order":"0","has_category":"1","landing_pages":null,"microdata":{"number":10,"category":""},"title":"\ud83c\udfe0 Egyedi h\u00e1zsz\u00e1mt\u00e1bla-3D Nyomtat\u00e1ssla  \ud83c\udfe0 ","description":"\ud83c\udfe0 Egyedi h\u00e1zsz\u00e1mt\u00e1bla \u2013 modern, 3D nyomtatott kivitelben \ud83c\udfe0\n\nTedd egyediv\u00e9 otthonod megjelen\u00e9s\u00e9t egy letisztult, modern st\u00edlus\u00fa h\u00e1zsz\u00e1mt\u00e1bl\u00e1val! A t\u00e1bla rendel\u00e9sre k\u00e9sz\u00fcl, \u00edgy teljesen szem\u00e9lyre szabhat\u00f3 a saj\u00e1t ig\u00e9nyeid szerint.\n\n\u2714 M\u00e9ret v\u00e1laszthat\u00f3\n\u2714 T\u00f6bb sz\u00ednben rendelhet\u0151\n\u2714 Egyedi utcan\u00e9v \u00e9s h\u00e1zsz\u00e1m\n\u2714 Id\u0151t\u00e1ll\u00f3, ig\u00e9nyes megjelen\u00e9s\n\n\nS\u00dcRG\u0150S CSOMAG \nHa gyorsan van sz\u00fcks\u00e9ged a term\u00e9kre, v\u00e1laszd a \u201eS\u00fcrg\u0151s csomag\u201d szolg\u00e1ltat\u00e1st is a rendel\u00e9sed mell\u00e9!\nEbben az esetben a megrendel\u00e9sed el\u0151nyt \u00e9lvez, \u00e9s\n\ud83d\udc49 24 \u00f3r\u00e1n bel\u00fcl elk\u00e9sz\u00edtj\u00fck \u00e9s felad\u00e1sra ker\u00fcl a csomagod.\nAz al\u00e1bbi linkre kattintva kos\u00e1rba rakhat\u00f3.\nhttps:\/\/www.meska.hu\/p5770953-surgos-csomag-24-oran-beluli-keszites-es-feladas\n\nRagaszt\u00e1s: Sima falfel\u00fcletre k\u00f6nnyed\u00e9n felhelyezhet\u0151. A biztos tart\u00e1s \u00e9rdek\u00e9ben javasoljuk k\u00fclt\u00e9ri foly\u00e9kony ragaszt\u00f3 vagy szilikon haszn\u00e1lat\u00e1t.\n\nCsavaroz\u00e1s: A t\u00e1bla ig\u00e9ny szerint f\u00farhat\u00f3, de k\u00e9rheti eleve el\u0151re kif\u00fart lyukakkal is, \u00edgy azonnal r\u00f6gz\u00edthet\u0151 csavarok seg\u00edts\u00e9g\u00e9vel.\n\n\ud83d\udee0\ufe0f Hogyan rendeld meg?\nV\u00e1laszd ki a k\u00edv\u00e1nt sz\u00ednt \u00e9s m\u00e9retet, majd rendel\u00e9skor a megjegyz\u00e9sben \u00edrd meg az utca nev\u00e9t \u00e9s a h\u00e1zsz\u00e1mot. Ha k\u00fcl\u00f6n elk\u00e9pzel\u00e9sed van, \u00fczenetben is egyeztethet\u00fcnk!\n\nA term\u00e9k 3D nyomtat\u00e1ssal k\u00e9sz\u00fcl, gondos tervez\u00e9ssel \u00e9s prec\u00edz kivitelez\u00e9ssel, hogy hossz\u00fa t\u00e1von is sz\u00e9p \u00e9s j\u00f3l l\u00e1that\u00f3 legyen a h\u00e1zsz\u00e1mod.\n\n\ud83c\udf81 Saj\u00e1t otthonra vagy aj\u00e1nd\u00e9knak is t\u00f6k\u00e9letes v\u00e1laszt\u00e1s!\n\nKulcsszavak: egyedi h\u00e1zsz\u00e1m, modern h\u00e1zsz\u00e1mt\u00e1bla, 3D nyomtatott h\u00e1zsz\u00e1m, utcan\u00e9v t\u00e1bla, szem\u00e9lyre szabott dekor\u00e1ci\u00f3, k\u00fclt\u00e9ri h\u00e1zsz\u00e1m","score":0,"formatted_price":"4 990 Ft","image_url":"https:\/\/www.meska.hu\/img\/product\/small\/a\/j\/ajandekcsoda_product_711650_260220082502_681258.png","formatted_url":"https:\/\/www.meska.hu\/p5737067-egyedi-hazszamtabla-3d-nyomtatassla","favourite":false,"in_stock":false,"avatar":"711650_avatar_1770217912.png","delete_from":0,"is_enhanced_background":false,"is_enhanced":false,"product_selection_started":false,"is_active":true,"image_webp_url":"https:\/\/www.meska.hu\/img\/product\/small\/a\/j\/ajandekcsoda_product_711650_260220082502_681258.webp"},{"id":"3462024","shop_id":"12524","user_id":"54127","shop_name":"Kiokumitsu","shop_zip":"1155","product_code":"2554046","product_name_old":null,"product_name":"H\u00e1zsz\u00e1mt\u00e1bla","category_string":"Otthon & \u00c9letm\u00f3d, H\u00e1z & Kert, H\u00e1zsz\u00e1m","technic_string":"Fot\u00f3, grafika, rajz, illusztr\u00e1ci\u00f3, Mindenm\u00e1s","category_1":"813","category_2":"897","category_3":"431","category_4":"0","merged_category_1":"0","merged_category_2":"0","merged_category_3":"0","technic_1":"483","technic_2":"493","technic_3":"0","color_1":"532","color_2":"534","color_3":"0","product_description_old":null,"product_description":"Saj\u00e1t tervez\u00e9s\u0171 grafika. Kiv\u00e1g\u00e1s k\u00e9zzel.\nMagyaros mot\u00edvumokkal d\u00edsz\u00edtett. Ind\u00e1k, vir\u00e1gok, d\u00edszek.\nA t\u00e1bl\u00e1n szerepl\u0151 bet\u0171t\u00edpus csak nagybet\u0171ket tartalmaz.\nA megjegyz\u00e9s rovatban tudja majd megadni a t\u00e1bl\u00e1ra fel\u00edrand\u00f3 sz\u00f6veget.\n\n\nM\u00e9rete: 25 x 17 cm, de rendelhet\u0151 nagyobb m\u00e9retekben is.\nA t\u00e1bla anyaga: Ongrofoam, egy speci\u00e1lis UV \u00e1ll\u00f3 m\u0171anyag, Id\u0151j\u00e1r\u00e1s\u00e1ll\u00f3.\n\nA 30 cm-n\u00e9l nagyobb m\u00e9ret rendel\u00e9s\u00e9n\u00e9l csak a csomag, post\u00e1n marad\u00f3 vagy a fut\u00e1r sz\u00e1ll\u00edt\u00e1si opci\u00f3t haszn\u00e1lja, mert a posta 30 centin\u00e9l nagyobb k\u00fcldem\u00e9nyt csak csomagk\u00e9nt sz\u00e1ll\u00edt.\nK\u00e9rem olvassal el az \u00e1ltal\u00e1nos szerz\u0151d\u00e9si felt\u00e9teleket (\u00c1SZF), melyet a term\u00e9k megv\u00e1s\u00e1rl\u00e1val \u00f6n elfogadott.\n\nA sz\u00ednv\u00e1laszt\u00e1s a t\u00e1bla alapsz\u00edn\u00e9re vonatkozik, \u00e9s nem a felirat sz\u00edn\u00e9re!","price":"5990.00","unit":"db","recommended":"0","status":"1","sponsored":"0","exp_notify":"0","own_material":"0","own_material_description_old":null,"own_material_description":"","jury":"0","jury_number":"","product_nature":"","meskaracsony":"0","create_date":"2026-04-18 23:27:02","shelve_id":"44100","image":"kiokumitsu_product_54127_190822000412_897126.jpeg","image_width":"480","image_height":"370","image_alt":"H\u00e1zsz\u00e1mt\u00e1bla, Saj\u00e1t tervez\u00e9s\u0171 grafika. Kiv\u00e1g\u00e1s k\u00e9zzel.\\nMagyaros mot\u00edvumokkal d\u00edsz\u00edtett. Ind\u00e1k, vir\u00e1gok, d\u00edszek.\\nA ..., Meska","image_title":"H\u00e1zsz\u00e1mt\u00e1bla, Meska","view_count":"7324","favourite_count":"0","trending_score":"0","last2MonthFavouriteCount":"0","promotion":"0","giftcard_accept":"1","creditcard_accept":true,"enhanced_background":"0","domain":"meska","specific_customer_id":null,"specific_customer_name":null,"to_order_product":"1","to_order_product_time":"12","product_different":"not_different","product_different_description":"","vintage":"0","vintage_category_id":"0","recycled":"0","gemstone_id":"0","customizable":"0","type_category":"physical","zerowaste":"0","postage_price":"2390.00","shop_order":"0","has_category":"1","landing_pages":"Aj\u00e1nd\u00e9kok f\u00e9rfiaknak, Kar\u00e1csonyi aj\u00e1nd\u00e9kok, Kar\u00e1csonyi aj\u00e1nd\u00e9kok, Kar\u00e1csonyi aj\u00e1nd\u00e9kok, Kar\u00e1csonyi aj\u00e1nd\u00e9kok, Kar\u00e1csonyi aj\u00e1nd\u00e9kok, Kar\u00e1csonyi aj\u00e1nd\u00e9kok, Kar\u00e1csonyi aj\u00e1nd\u00e9kok, Kar\u00e1csonyi aj\u00e1nd\u00e9kok, Kar\u00e1csonyi aj\u00e1nd\u00e9kok, Kar\u00e1csonyi aj\u00e1nd\u00e9kok, Kar\u00e1csonyi aj\u00e1nd\u00e9kok, Kar\u00e1csonyi aj\u00e1nd\u00e9kok, Kar\u00e1csonyi aj\u00e1nd\u00e9kok","microdata":{"number":11,"category":""},"title":"H\u00e1zsz\u00e1mt\u00e1bla","description":"Saj\u00e1t tervez\u00e9s\u0171 grafika. Kiv\u00e1g\u00e1s k\u00e9zzel.\nMagyaros mot\u00edvumokkal d\u00edsz\u00edtett. Ind\u00e1k, vir\u00e1gok, d\u00edszek.\nA t\u00e1bl\u00e1n szerepl\u0151 bet\u0171t\u00edpus csak nagybet\u0171ket tartalmaz.\nA megjegyz\u00e9s rovatban tudja majd megadni a t\u00e1bl\u00e1ra fel\u00edrand\u00f3 sz\u00f6veget.\n\n\nM\u00e9rete: 25 x 17 cm, de rendelhet\u0151 nagyobb m\u00e9retekben is.\nA t\u00e1bla anyaga: Ongrofoam, egy speci\u00e1lis UV \u00e1ll\u00f3 m\u0171anyag, Id\u0151j\u00e1r\u00e1s\u00e1ll\u00f3.\n\nA 30 cm-n\u00e9l nagyobb m\u00e9ret rendel\u00e9s\u00e9n\u00e9l csak a csomag, post\u00e1n marad\u00f3 vagy a fut\u00e1r sz\u00e1ll\u00edt\u00e1si opci\u00f3t haszn\u00e1lja, mert a posta 30 centin\u00e9l nagyobb k\u00fcldem\u00e9nyt csak csomagk\u00e9nt sz\u00e1ll\u00edt.\nK\u00e9rem olvassal el az \u00e1ltal\u00e1nos szerz\u0151d\u00e9si felt\u00e9teleket (\u00c1SZF), melyet a term\u00e9k megv\u00e1s\u00e1rl\u00e1val \u00f6n elfogadott.\n\nA sz\u00ednv\u00e1laszt\u00e1s a t\u00e1bla alapsz\u00edn\u00e9re vonatkozik, \u00e9s nem a felirat sz\u00edn\u00e9re!","score":0,"formatted_price":"5 990 Ft","image_url":"https:\/\/www.meska.hu\/img\/product\/small\/k\/i\/kiokumitsu_product_54127_190822000412_897126.jpeg","formatted_url":"https:\/\/www.meska.hu\/p2554046-hazszamtabla","favourite":false,"in_stock":false,"avatar":"Kiokumitsu_avatar_54127_1676920383.jpg","delete_from":0,"is_enhanced_background":false,"is_enhanced":false,"product_selection_started":false,"is_active":true,"image_webp_url":"https:\/\/www.meska.hu\/img\/product\/small\/k\/i\/kiokumitsu_product_54127_190822000412_897126.webp"},{"id":"6132682","shop_id":"47945","user_id":"702579","shop_name":"Darimi","shop_zip":"2030","product_code":"5743076","product_name_old":null,"product_name":"Postal\u00e1da sz\u00e1m egyedi k\u00fclt\u00e9ri - UV-\u00e1ll\u00f3 ASA postal\u00e1d\u00e1ra ragaszthat\u00f3 h\u00e1zsz\u00e1m, darab\u00e1r 590 Ft-t\u00f3l","category_string":"Otthon & \u00c9letm\u00f3d, H\u00e1z & Kert, H\u00e1zsz\u00e1m","technic_string":"Mindenm\u00e1s","category_1":"813","category_2":"897","category_3":"431","category_4":"0","merged_category_1":null,"merged_category_2":null,"merged_category_3":null,"technic_1":"493","technic_2":"0","technic_3":"0","color_1":"519","color_2":"520","color_3":"527","product_description_old":null,"product_description":"Egyedi postal\u00e1da sz\u00e1m, amelyet kifejezetten postal\u00e1d\u00e1ra tervezt\u00fcnk. Ha a postal\u00e1d\u00e1don hi\u00e1nyzik a sz\u00e1m, alig olvashat\u00f3 vagy egyszer\u0171en lecser\u00e9ln\u00e9d valami szebbel, ez a term\u00e9k neked k\u00e9sz\u00fclt. A post\u00e1s, a fut\u00e1r \u00e9s a vend\u00e9gek sz\u00e1m\u00e1ra a postal\u00e1da sz\u00e1ma az els\u0151 eligazod\u00e1si pont. Kompakt m\u00e9ret\u0171, \u00f6n\u00e1ll\u00f3 sz\u00e1mjegy, amely a legkisebb postal\u00e1d\u00e1n is elf\u00e9r, \u00e9s darabonk\u00e9nt rendelhet\u0151, \u00edgy pontosan annyi karaktert veszel, amennyire sz\u00fcks\u00e9ged van.\n\nM\u00c9RETEK\n\nA postal\u00e1da sz\u00e1mjegyek sz\u00e9les m\u00e9retv\u00e1laszt\u00e9kban el\u00e9rhet\u0151k:\n- 7 cm - a legkisebb postal\u00e1d\u00e1khoz, sz\u0171k fel\u00fcletekhez\n- 10 cm - standard postal\u00e1d\u00e1khoz, a legn\u00e9pszer\u0171bb kompakt m\u00e9ret\n- 15 cm - j\u00f3l olvashat\u00f3, \u00e1tlagos postal\u00e1d\u00e1hoz\n- 20 cm - nagyobb postal\u00e1d\u00e1khoz, postal\u00e1da-csoportokhoz\n- 25 cm - kiemelt l\u00e1that\u00f3s\u00e1g\n- 30 cm - nagy postal\u00e1d\u00e1khoz, postal\u00e1da-falakhoz\n- 35 cm - dekorat\u00edv c\u00e9lra is\n- 45 cm - igaz\u00e1n felt\u0171n\u0151 megjelen\u00e9s\n\nA vastags\u00e1g 1,6 mm-t\u0151l 10 mm-ig h\u00e9t fokozatban \u00e1ll\u00edthat\u00f3: 1,6 mm, 2 mm, 2,5 mm, 3 mm, 4 mm, 5 mm \u00e9s 10 mm. Postal\u00e1d\u00e1ra a v\u00e9konyabb, 1,6-2,5 mm-es v\u00e1ltozatot javasoljuk, mert diszkr\u00e9ten simul a fel\u00fcletre, \u00e9s nem akad\u00e1lyozza a postal\u00e1da nyit\u00e1s\u00e1t-z\u00e1r\u00e1s\u00e1t.\n\nFontos: az \u00e1r darabonk\u00e9nti. Az alap\u00e1r 590 Ft egyetlen sz\u00e1mjegy\u00e9rt a legkisebb m\u00e9retben \u00e9s vastags\u00e1gban. Egy h\u00e1romjegy\u0171 postal\u00e1da sz\u00e1m m\u00e1r 1 770 Ft-t\u00f3l \u00f6ssze\u00e1ll\u00edthat\u00f3.\n\nSZ\u00cdNEK\n\nA sz\u00edn RAL ipari sz\u00ednrendszer\u0171: az anyag teljes vastags\u00e1g\u00e1ban sz\u00ednes, nem festett r\u00e9teg, \u00edgy nem kopik le. F\u00e9m postal\u00e1d\u00e1n a kontrasztos sz\u00edn a legolvashat\u00f3bb: s\u00f6t\u00e9t l\u00e1d\u00e1ra feh\u00e9r vagy kr\u00e9msz\u00edn\u0171 sz\u00e1m, vil\u00e1gos l\u00e1d\u00e1ra fekete vagy antracit sz\u00e1m. Prusa XL 5T nyomtat\u00f3val k\u00e9sz\u00fcl.\n\nANYAG\n\nAz \u00f6n\u00e1ll\u00f3 postal\u00e1da sz\u00e1mjegyek ASA ipari m\u0171anyagb\u00f3l k\u00e9sz\u00fclnek, amely kifejezetten k\u00fclt\u00e9ri tart\u00f3s haszn\u00e1latra fejlesztett anyag. UV-\u00e1ll\u00f3, es\u0151\u00e1ll\u00f3, fagy\u00e1ll\u00f3: -30 fokt\u00f3l +80 fokig megb\u00edzhat\u00f3an helyt\u00e1ll. Nem fakul, nem s\u00e1rgul, nem reped, \u00e9s a k\u00fclt\u00e9ri \u00e9lettartam meghaladja a 10 \u00e9vet. A szat\u00e9n fel\u00fclet\u0171, s\u00edk kivitel\u0171 sz\u00e1mjegyek nem dombor\u00faak. A postal\u00e1da eg\u00e9sz \u00e9vben kint \u00e1ll, t\u00e9lben-ny\u00e1rban, es\u0151ben-h\u00f3ban, ez\u00e9rt fontos, hogy a sz\u00e1mjegy is b\u00edrja ezeket a k\u00f6r\u00fclm\u00e9nyeket an\u00e9lk\u00fcl, hogy lecser\u00e9l\u00e9sre szorulna.\n\nR\u00d6GZ\u00cdT\u00c9S\n\nK\u00fclt\u00e9ri \u00e9p\u00edt\u00e9si ragaszt\u00f3val pillanatok alatt felhelyezheted a postal\u00e1d\u00e1ra. A ragaszt\u00e1s f\u00e9m, fa \u00e9s m\u0171anyag postal\u00e1d\u00e1n egyar\u00e1nt tart\u00f3s. Minden sz\u00e1mjegyet k\u00fcl\u00f6n ragasztasz fel, \u00edgy az elrendez\u00e9s rugalmas: egym\u00e1s mell\u00e9 v\u00edzszintesen, egym\u00e1s al\u00e1 f\u00fcgg\u0151legesen vagy ak\u00e1r \u00e1tl\u00f3san is elhelyezheted. Ha furatokat szeretn\u00e9l, rendel\u00e9sn\u00e9l jelezd.\n\nRENDEL\u00c9S\n\nRendel\u00e9skor add meg a k\u00edv\u00e1nt sz\u00e1mjegyet vagy bet\u0171t, v\u00e1laszd ki a magass\u00e1got, vastags\u00e1got \u00e9s sz\u00ednt. Minden karaktert k\u00fcl\u00f6n darabk\u00e9nt kell megrendelni. Ha a h\u00e1zsz\u00e1mod p\u00e9ld\u00e1ul 12\/B, akkor n\u00e9gy darab sz\u00e1mjegyre lesz sz\u00fcks\u00e9ged.\n\nMIRE J\u00d3?\n\nA postal\u00e1da sz\u00e1m a legpraktikusabb m\u00f3dja, hogy a postal\u00e1d\u00e1dat j\u00f3l azonos\u00edthat\u00f3v\u00e1 tedd. T\u00e1rsash\u00e1zban, ahol a postal\u00e1d\u00e1k egym\u00e1s mellett sorakoznak, k\u00fcl\u00f6n\u00f6sen fontos, hogy a sz\u00e1m j\u00f3l olvashat\u00f3 legyen. Kertes h\u00e1zn\u00e1l, ha a postal\u00e1da a kapun\u00e1l vagy a ker\u00edt\u00e9sn\u00e9l van, ez a kis sz\u00e1mjegy seg\u00edti a post\u00e1st \u00e9s a fut\u00e1rokat. \u00daj postal\u00e1d\u00e1hoz, r\u00e9gi sz\u00e1m cser\u00e9j\u00e9hez, vagy ak\u00e1r aj\u00e1nd\u00e9knak is remek v\u00e1laszt\u00e1s k\u00f6lt\u00f6z\u00e9shez, h\u00e1zavat\u00f3ra, sz\u00fclet\u00e9snapra.\n\nKAPCSOL\u00d3D\u00d3 TERM\u00c9KEK\n\nHa a postal\u00e1da sz\u00e1m mell\u00e9 a kapura vagy ker\u00edt\u00e9sre is szeretn\u00e9l h\u00e1zsz\u00e1mot, n\u00e9zd meg a t\u00e9gla form\u00e1tum\u00fa \u00e9s az eleg\u00e1ns vintage h\u00e1zsz\u00e1mt\u00e1bl\u00e1inkat. Kuty\u00e1s h\u00e1zsz\u00e1mt\u00e1bl\u00e1k mopsz, tacsk\u00f3, golden retriever vagy corgi mot\u00edvummal is el\u00e9rhet\u0151k. S\u00fctikisz\u00far\u00f3kat, Scrabble bet\u0171s aj\u00e1nd\u00e9kot, babaszoba dekor\u00e1ci\u00f3t \u00e9s esk\u00fcv\u0151i kell\u00e9keket is tal\u00e1lsz a Darimi boltban.\n\nMinden term\u00e9k\u00fcnket egyedileg, rendel\u00e9sre k\u00e9sz\u00edtj\u00fck. K\u00e9rd\u00e9sed van? \u00cdrj b\u00e1tran, gyorsan v\u00e1laszolunk.","price":"590.00","unit":"db","recommended":"0","status":"1","sponsored":"0","exp_notify":"0","own_material":"0","own_material_description_old":null,"own_material_description":"","jury":"0","jury_number":"","product_nature":"","meskaracsony":"0","create_date":"2026-04-18 08:05:05","shelve_id":"79630","image":"darimi_product_702579_251120204047_657119.png","image_width":"480","image_height":"490","image_alt":"Postal\u00e1da sz\u00e1m egyedi k\u00fclt\u00e9ri - UV-\u00e1ll\u00f3 ASA postal\u00e1d\u00e1ra ragaszthat\u00f3 h\u00e1zsz\u00e1m, darab\u00e1r 590 Ft-t\u00f3l, Egyedi postal\u00e1da sz\u00e1m, amelyet kifejezetten postal\u00e1d\u00e1ra tervezt\u00fcnk. Ha a postal\u00e1d\u00e1don hi\u00e1nyzik a sz\u00e1..., Meska","image_title":"Postal\u00e1da sz\u00e1m egyedi k\u00fclt\u00e9ri - UV-\u00e1ll\u00f3 ASA postal\u00e1d\u00e1ra ragaszthat\u00f3 h\u00e1zsz\u00e1m, darab\u00e1r 590 Ft-t\u00f3l, Meska","view_count":"71","favourite_count":"0","trending_score":"0","last2MonthFavouriteCount":"0","promotion":"0","giftcard_accept":"0","creditcard_accept":true,"enhanced_background":"0","domain":"meska","specific_customer_id":null,"specific_customer_name":null,"to_order_product":"1","to_order_product_time":"1","product_different":null,"product_different_description":"","vintage":"0","vintage_category_id":"0","recycled":"0","gemstone_id":"0","customizable":"1","type_category":"physical","zerowaste":"0","postage_price":"1349.00","shop_order":"0","has_category":"1","landing_pages":null,"microdata":{"number":12,"category":""},"title":"Postal\u00e1da sz\u00e1m egyedi k\u00fclt\u00e9ri - UV-\u00e1ll\u00f3 ASA postal\u00e1d\u00e1ra ragaszthat\u00f3 h\u00e1zsz\u00e1m, darab\u00e1r 590 Ft-t\u00f3l","description":"Egyedi postal\u00e1da sz\u00e1m, amelyet kifejezetten postal\u00e1d\u00e1ra tervezt\u00fcnk. Ha a postal\u00e1d\u00e1don hi\u00e1nyzik a sz\u00e1m, alig olvashat\u00f3 vagy egyszer\u0171en lecser\u00e9ln\u00e9d valami szebbel, ez a term\u00e9k neked k\u00e9sz\u00fclt. A post\u00e1s, a fut\u00e1r \u00e9s a vend\u00e9gek sz\u00e1m\u00e1ra a postal\u00e1da sz\u00e1ma az els\u0151 eligazod\u00e1si pont. Kompakt m\u00e9ret\u0171, \u00f6n\u00e1ll\u00f3 sz\u00e1mjegy, amely a legkisebb postal\u00e1d\u00e1n is elf\u00e9r, \u00e9s darabonk\u00e9nt rendelhet\u0151, \u00edgy pontosan annyi karaktert veszel, amennyire sz\u00fcks\u00e9ged van.\n\nM\u00c9RETEK\n\nA postal\u00e1da sz\u00e1mjegyek sz\u00e9les m\u00e9retv\u00e1laszt\u00e9kban el\u00e9rhet\u0151k:\n- 7 cm - a legkisebb postal\u00e1d\u00e1khoz, sz\u0171k fel\u00fcletekhez\n- 10 cm - standard postal\u00e1d\u00e1khoz, a legn\u00e9pszer\u0171bb kompakt m\u00e9ret\n- 15 cm - j\u00f3l olvashat\u00f3, \u00e1tlagos postal\u00e1d\u00e1hoz\n- 20 cm - nagyobb postal\u00e1d\u00e1khoz, postal\u00e1da-csoportokhoz\n- 25 cm - kiemelt l\u00e1that\u00f3s\u00e1g\n- 30 cm - nagy postal\u00e1d\u00e1khoz, postal\u00e1da-falakhoz\n- 35 cm - dekorat\u00edv c\u00e9lra is\n- 45 cm - igaz\u00e1n felt\u0171n\u0151 megjelen\u00e9s\n\nA vastags\u00e1g 1,6 mm-t\u0151l 10 mm-ig h\u00e9t fokozatban \u00e1ll\u00edthat\u00f3: 1,6 mm, 2 mm, 2,5 mm, 3 mm, 4 mm, 5 mm \u00e9s 10 mm. Postal\u00e1d\u00e1ra a v\u00e9konyabb, 1,6-2,5 mm-es v\u00e1ltozatot javasoljuk, mert diszkr\u00e9ten simul a fel\u00fcletre, \u00e9s nem akad\u00e1lyozza a postal\u00e1da nyit\u00e1s\u00e1t-z\u00e1r\u00e1s\u00e1t.\n\nFontos: az \u00e1r darabonk\u00e9nti. Az alap\u00e1r 590 Ft egyetlen sz\u00e1mjegy\u00e9rt a legkisebb m\u00e9retben \u00e9s vastags\u00e1gban. Egy h\u00e1romjegy\u0171 postal\u00e1da sz\u00e1m m\u00e1r 1 770 Ft-t\u00f3l \u00f6ssze\u00e1ll\u00edthat\u00f3.\n\nSZ\u00cdNEK\n\nA sz\u00edn RAL ipari sz\u00ednrendszer\u0171: az anyag teljes vastags\u00e1g\u00e1ban sz\u00ednes, nem festett r\u00e9teg, \u00edgy nem kopik le. F\u00e9m postal\u00e1d\u00e1n a kontrasztos sz\u00edn a legolvashat\u00f3bb: s\u00f6t\u00e9t l\u00e1d\u00e1ra feh\u00e9r vagy kr\u00e9msz\u00edn\u0171 sz\u00e1m, vil\u00e1gos l\u00e1d\u00e1ra fekete vagy antracit sz\u00e1m. Prusa XL 5T nyomtat\u00f3val k\u00e9sz\u00fcl.\n\nANYAG\n\nAz \u00f6n\u00e1ll\u00f3 postal\u00e1da sz\u00e1mjegyek ASA ipari m\u0171anyagb\u00f3l k\u00e9sz\u00fclnek, amely kifejezetten k\u00fclt\u00e9ri tart\u00f3s haszn\u00e1latra fejlesztett anyag. UV-\u00e1ll\u00f3, es\u0151\u00e1ll\u00f3, fagy\u00e1ll\u00f3: -30 fokt\u00f3l +80 fokig megb\u00edzhat\u00f3an helyt\u00e1ll. Nem fakul, nem s\u00e1rgul, nem reped, \u00e9s a k\u00fclt\u00e9ri \u00e9lettartam meghaladja a 10 \u00e9vet. A szat\u00e9n fel\u00fclet\u0171, s\u00edk kivitel\u0171 sz\u00e1mjegyek nem dombor\u00faak. A postal\u00e1da eg\u00e9sz \u00e9vben kint \u00e1ll, t\u00e9lben-ny\u00e1rban, es\u0151ben-h\u00f3ban, ez\u00e9rt fontos, hogy a sz\u00e1mjegy is b\u00edrja ezeket a k\u00f6r\u00fclm\u00e9nyeket an\u00e9lk\u00fcl, hogy lecser\u00e9l\u00e9sre szorulna.\n\nR\u00d6GZ\u00cdT\u00c9S\n\nK\u00fclt\u00e9ri \u00e9p\u00edt\u00e9si ragaszt\u00f3val pillanatok alatt felhelyezheted a postal\u00e1d\u00e1ra. A ragaszt\u00e1s f\u00e9m, fa \u00e9s m\u0171anyag postal\u00e1d\u00e1n egyar\u00e1nt tart\u00f3s. Minden sz\u00e1mjegyet k\u00fcl\u00f6n ragasztasz fel, \u00edgy az elrendez\u00e9s rugalmas: egym\u00e1s mell\u00e9 v\u00edzszintesen, egym\u00e1s al\u00e1 f\u00fcgg\u0151legesen vagy ak\u00e1r \u00e1tl\u00f3san is elhelyezheted. Ha furatokat szeretn\u00e9l, rendel\u00e9sn\u00e9l jelezd.\n\nRENDEL\u00c9S\n\nRendel\u00e9skor add meg a k\u00edv\u00e1nt sz\u00e1mjegyet vagy bet\u0171t, v\u00e1laszd ki a magass\u00e1got, vastags\u00e1got \u00e9s sz\u00ednt. Minden karaktert k\u00fcl\u00f6n darabk\u00e9nt kell megrendelni. Ha a h\u00e1zsz\u00e1mod p\u00e9ld\u00e1ul 12\/B, akkor n\u00e9gy darab sz\u00e1mjegyre lesz sz\u00fcks\u00e9ged.\n\nMIRE J\u00d3?\n\nA postal\u00e1da sz\u00e1m a legpraktikusabb m\u00f3dja, hogy a postal\u00e1d\u00e1dat j\u00f3l azonos\u00edthat\u00f3v\u00e1 tedd. T\u00e1rsash\u00e1zban, ahol a postal\u00e1d\u00e1k egym\u00e1s mellett sorakoznak, k\u00fcl\u00f6n\u00f6sen fontos, hogy a sz\u00e1m j\u00f3l olvashat\u00f3 legyen. Kertes h\u00e1zn\u00e1l, ha a postal\u00e1da a kapun\u00e1l vagy a ker\u00edt\u00e9sn\u00e9l van, ez a kis sz\u00e1mjegy seg\u00edti a post\u00e1st \u00e9s a fut\u00e1rokat. \u00daj postal\u00e1d\u00e1hoz, r\u00e9gi sz\u00e1m cser\u00e9j\u00e9hez, vagy ak\u00e1r aj\u00e1nd\u00e9knak is remek v\u00e1laszt\u00e1s k\u00f6lt\u00f6z\u00e9shez, h\u00e1zavat\u00f3ra, sz\u00fclet\u00e9snapra.\n\nKAPCSOL\u00d3D\u00d3 TERM\u00c9KEK\n\nHa a postal\u00e1da sz\u00e1m mell\u00e9 a kapura vagy ker\u00edt\u00e9sre is szeretn\u00e9l h\u00e1zsz\u00e1mot, n\u00e9zd meg a t\u00e9gla form\u00e1tum\u00fa \u00e9s az eleg\u00e1ns vintage h\u00e1zsz\u00e1mt\u00e1bl\u00e1inkat. Kuty\u00e1s h\u00e1zsz\u00e1mt\u00e1bl\u00e1k mopsz, tacsk\u00f3, golden retriever vagy corgi mot\u00edvummal is el\u00e9rhet\u0151k. S\u00fctikisz\u00far\u00f3kat, Scrabble bet\u0171s aj\u00e1nd\u00e9kot, babaszoba dekor\u00e1ci\u00f3t \u00e9s esk\u00fcv\u0151i kell\u00e9keket is tal\u00e1lsz a Darimi boltban.\n\nMinden term\u00e9k\u00fcnket egyedileg, rendel\u00e9sre k\u00e9sz\u00edtj\u00fck. K\u00e9rd\u00e9sed van? \u00cdrj b\u00e1tran, gyorsan v\u00e1laszolunk.","score":0,"formatted_price":"590 Ft","image_url":"https:\/\/www.meska.hu\/img\/product\/small\/d\/a\/darimi_product_702579_251120204047_657119.png","formatted_url":"https:\/\/www.meska.hu\/p5743076-postalada-szam-egyedi-kulteri-uv-allo-asa-postaladara-ragaszthato-hazszam-darabar-590-ft-tol","favourite":false,"in_stock":false,"avatar":"702579_avatar_1739694015.jpeg","delete_from":0,"is_enhanced_background":false,"is_enhanced":false,"product_selection_started":false,"is_active":true,"image_webp_url":"https:\/\/www.meska.hu\/img\/product\/small\/d\/a\/darimi_product_702579_251120204047_657119.webp"},{"id":"5924682","shop_id":"47945","user_id":"702579","shop_name":"Darimi","shop_zip":"2030","product_code":"5621839","product_name_old":null,"product_name":"Egyedi madaras h\u00e1zsz\u00e1m - k\u00fclt\u00e9ri h\u00e1zsz\u00e1m, UV-\u00e1ll\u00f3 ASA","category_string":"Otthon & \u00c9letm\u00f3d, H\u00e1z & Kert, H\u00e1zsz\u00e1m","technic_string":"Mindenm\u00e1s","category_1":"813","category_2":"897","category_3":"431","category_4":"0","merged_category_1":null,"merged_category_2":null,"merged_category_3":null,"technic_1":"493","technic_2":"0","technic_3":"0","color_1":"519","color_2":"520","color_3":"527","product_description_old":null,"product_description":"madaras mot\u00edvumos egyedi h\u00e1zsz\u00e1mt\u00e1bla, amelyet a te h\u00e1zsz\u00e1modra \u00e9s utcaneveddel k\u00e9sz\u00edt\u00fcnk el. A madaras sziluettje \u00e9s a h\u00e1zsz\u00e1m egy\u00fctt alkotnak egy igaz\u00e1n szem\u00e9lyes bej\u00e1rati dekor\u00e1ci\u00f3t, amely mosolyt csal minden \u00e9rkez\u0151 arc\u00e1ra.\n\nM\u00c9RETEK\n\nN\u00e9gy m\u00e9retben rendelhet\u0151:\n- S: 20 x 8 cm (alap\u00e1r: 5 490 Ft)\n- M: 30 x 12 cm\n- L: 35 x 14 cm\n- XL: 40 x 16 cm\n\nA vastags\u00e1g 1,6 mm-t\u0151l 8 mm-ig \u00e1ll\u00edthat\u00f3, az ig\u00e9nyeidt\u0151l f\u00fcgg\u0151en. V\u00e9konyabb t\u00e1bla k\u00f6nnyebb \u00e9s diszkr\u00e9tebb, vastagabb t\u00e1bla massz\u00edvabb, mark\u00e1nsabb megjelen\u00e9st ad. Az S m\u00e9ret kisebb kapukra, postal\u00e1d\u00e1k mell\u00e9 ide\u00e1lis, az XL pedig nagyobb ker\u00edt\u00e9sekhez, j\u00f3l l\u00e1that\u00f3 utcafronti elhelyez\u00e9shez aj\u00e1nlott.\n\nSZ\u00cdNEK\n\n8 el\u0151re kiv\u00e1lasztott RAL sz\u00edn k\u00f6z\u00fcl v\u00e1laszthatsz, de ha egyik sem tetszik, egyedi sz\u00ednt is k\u00e9rhetsz. A sz\u00edneket RAL ipari sz\u00ednsk\u00e1l\u00e1b\u00f3l v\u00e1logatjuk, a nyomtat\u00e1s Prusa XL 5T nyomtat\u00f3val, ak\u00e1r 5 sz\u00ednben t\u00f6rt\u00e9nik, fest\u00e9s n\u00e9lk\u00fcl. Ez azt jelenti, hogy a sz\u00edn az anyag szerves r\u00e9sze, nem kopik le \u00e9s nem h\u00e1mlaszthat\u00f3. \u00cdgy \u00e9vek m\u00falt\u00e1n is ugyanolyan \u00e9l\u00e9nken mutat, mint az els\u0151 napon.\n\nANYAG\n\nA h\u00e1zsz\u00e1mt\u00e1bla ASA m\u0171anyagb\u00f3l k\u00e9sz\u00fcl, amely kifejezetten k\u00fclt\u00e9ri felhaszn\u00e1l\u00e1sra fejlesztett ipari alapanyag. B\u00edrja az es\u0151t, a t\u0171z\u0151 napot, a fagyot \u00e9s a h\u0151s\u00e9get egyar\u00e1nt: -30 fokt\u00f3l eg\u00e9szen +80 fokig haszn\u00e1lhat\u00f3. UV-\u00e1ll\u00f3, \u00edgy a sz\u00ednek nem fakulnak ki az \u00e9vek sor\u00e1n sem. Es\u0151\u00e1ll\u00f3 \u00e9s fagy\u00e1ll\u00f3, teh\u00e1t t\u00e9len-ny\u00e1ron nyugodtan kint maradhat a falon vagy a ker\u00edt\u00e9sen.\n\nSzat\u00e9n fel\u00fclet\u0171, s\u00edk kivitel\u0171 t\u00e1bla, amelyen a madaras sziluett \u00e9s a h\u00e1zsz\u00e1m egy s\u00edkban helyezkedik el, nem dombor\u00fa. A t\u00e1bla k\u00fclt\u00e9ren is 10 \u00e9vet meghalad\u00f3 \u00e9lettartam\u00fa, \u00edgy hossz\u00fa t\u00e1v\u00fa befektet\u00e9s az otthonod megjelen\u00e9s\u00e9be. Az ASA anyag ellen\u00e1ll a por lerak\u00f3d\u00e1s\u00e1nak is, \u00edgy egy egyszer\u0171 nedves t\u00f6rl\u00e9s elegend\u0151 a tiszt\u00edt\u00e1s\u00e1hoz.\n\nR\u00d6GZ\u00cdT\u00c9S\n\nK\u00fclt\u00e9ri \u00e9p\u00edt\u00e9si ragaszt\u00f3val a legegyszer\u0171bb feltenni a falra, ker\u00edt\u00e9sre vagy kapura. Tart\u00f3s, biztons\u00e1gos megold\u00e1s, \u00e9s nem kell f\u00farni hozz\u00e1. Ha m\u00e9gis furatokat szeretn\u00e9l a t\u00e1bl\u00e1n, azt rendel\u00e9skor jelezd, \u00e9s elk\u00e9sz\u00edtj\u00fck. A ragaszt\u00f3s r\u00f6gz\u00edt\u00e9s el\u0151nye, hogy nem s\u00e9r\u00fcl meg a fal, \u00e9s b\u00e1rmikor \u00e1thelyezhet\u0151.\n\nRENDEL\u00c9S\n\nRendel\u00e9skor add meg a k\u00edv\u00e1nt h\u00e1zsz\u00e1mot vagy utcanevet, a m\u00e9retet, vastags\u00e1got \u00e9s a v\u00e1lasztott sz\u00ednt. Ha b\u00e1rmi egyedi k\u00e9r\u00e9sed van a mot\u00edvummal vagy az elrendez\u00e9ssel kapcsolatban, \u00edrj \u00fczenetet \u00e9s megbesz\u00e9lj\u00fck. K\u00e9sz\u00edt\u00fcnk csak h\u00e1zsz\u00e1mos \u00e9s utcaneves v\u00e1ltozatot is, az elrendez\u00e9st a te ig\u00e9nyeidhez igaz\u00edtjuk.\n\nMIRE J\u00d3?\n\nTavaszi kertsz\u00e9p\u00edt\u00e9shez, fel\u00faj\u00edt\u00e1shoz, vagy ak\u00e1r k\u00f6lt\u00f6z\u00e9s ut\u00e1n az \u00faj otthon szem\u00e9lyre szab\u00e1s\u00e1hoz egyar\u00e1nt remek v\u00e1laszt\u00e1s.\n\nAj\u00e1nd\u00e9knak is kiv\u00e1l\u00f3: h\u00e1zavat\u00f3ra, sz\u00fclet\u00e9snapra vagy n\u00e9vnapra egy szem\u00e9lyre szabott, a megaj\u00e1nd\u00e9kozott kedvenc kutyafajt\u00e1j\u00e1t \u00e1br\u00e1zol\u00f3 h\u00e1zsz\u00e1mt\u00e1bla k\u00fcl\u00f6nleges \u00e9s maradand\u00f3 meglepet\u00e9s. Kuty\u00e1s bar\u00e1tok, csal\u00e1dtagok garant\u00e1ltan \u00f6r\u00fclni fognak neki. Term\u00e9szet rajong\u00f3nak nincs enn\u00e9l szem\u00e9lyesebb aj\u00e1nd\u00e9k, \u00e9s a praktikuss\u00e1ga miatt biztosan nem lesz a fi\u00f3k m\u00e9ly\u00e9n.\n\nHa a postal\u00e1d\u00e1ra is szeretn\u00e9l h\u00e1zsz\u00e1mot, n\u00e9zd meg az \u00f6n\u00e1ll\u00f3 sz\u00e1mjegyeinket, amelyek t\u00f6k\u00e9letes kieg\u00e9sz\u00edt\u0151k a h\u00e1zsz\u00e1mt\u00e1bla mell\u00e9. Aki nem \u00e1llatmot\u00edvumot keres, annak ott vannak a vintage, modern, eleg\u00e1ns, vagy \u00e9ppen focis, biciklis, motoros v\u00e1ltozatok is. Teljesen egyedi h\u00e1zsz\u00e1mt\u00e1bl\u00e1t is k\u00e9sz\u00edt\u00fcnk, ha saj\u00e1t mot\u00edvumot vagy elrendez\u00e9st szeretn\u00e9l.\n\nMinden term\u00e9k\u00fcnket egyedileg, rendel\u00e9sre k\u00e9sz\u00edtj\u00fck. K\u00e9rd\u00e9sed van a m\u00e9retekkel, sz\u00ednekkel vagy a mot\u00edvummal kapcsolatban? \u00cdrj b\u00e1tran, gyorsan v\u00e1laszolunk. N\u00e9zd meg a t\u00f6bbi term\u00e9k\u00fcnket is, h\u00e1tha tal\u00e1lsz m\u00e9g valamit, ami tetszik.","price":"5490.00","unit":"db","recommended":"0","status":"1","sponsored":"0","exp_notify":"0","own_material":"0","own_material_description_old":null,"own_material_description":"","jury":"0","jury_number":"","product_nature":"","meskaracsony":"0","create_date":"2026-04-17 21:25:15","shelve_id":"79630","image":"darimi_product_702579_250921213535_31165.png","image_width":"480","image_height":"469","image_alt":"Egyedi madaras h\u00e1zsz\u00e1m - k\u00fclt\u00e9ri h\u00e1zsz\u00e1m, UV-\u00e1ll\u00f3 ASA, madaras mot\u00edvumos egyedi h\u00e1zsz\u00e1mt\u00e1bla, amelyet a te h\u00e1zsz\u00e1modra \u00e9s utcaneveddel k\u00e9sz\u00edt\u00fcnk el. A mada..., Meska","image_title":"Egyedi madaras h\u00e1zsz\u00e1m - k\u00fclt\u00e9ri h\u00e1zsz\u00e1m, UV-\u00e1ll\u00f3 ASA, Meska","view_count":"3794","favourite_count":"2","trending_score":"0","last2MonthFavouriteCount":"2","promotion":"0","giftcard_accept":"0","creditcard_accept":true,"enhanced_background":"0","domain":"meska","specific_customer_id":null,"specific_customer_name":null,"to_order_product":"1","to_order_product_time":"1","product_different":null,"product_different_description":"","vintage":"0","vintage_category_id":"0","recycled":"0","gemstone_id":"0","customizable":"1","type_category":"physical","zerowaste":"0","postage_price":"1349.00","shop_order":"0","has_category":"1","landing_pages":null,"microdata":{"number":13,"category":""},"title":"Egyedi madaras h\u00e1zsz\u00e1m - k\u00fclt\u00e9ri h\u00e1zsz\u00e1m, UV-\u00e1ll\u00f3 ASA","description":"madaras mot\u00edvumos egyedi h\u00e1zsz\u00e1mt\u00e1bla, amelyet a te h\u00e1zsz\u00e1modra \u00e9s utcaneveddel k\u00e9sz\u00edt\u00fcnk el. A madaras sziluettje \u00e9s a h\u00e1zsz\u00e1m egy\u00fctt alkotnak egy igaz\u00e1n szem\u00e9lyes bej\u00e1rati dekor\u00e1ci\u00f3t, amely mosolyt csal minden \u00e9rkez\u0151 arc\u00e1ra.\n\nM\u00c9RETEK\n\nN\u00e9gy m\u00e9retben rendelhet\u0151:\n- S: 20 x 8 cm (alap\u00e1r: 5 490 Ft)\n- M: 30 x 12 cm\n- L: 35 x 14 cm\n- XL: 40 x 16 cm\n\nA vastags\u00e1g 1,6 mm-t\u0151l 8 mm-ig \u00e1ll\u00edthat\u00f3, az ig\u00e9nyeidt\u0151l f\u00fcgg\u0151en. V\u00e9konyabb t\u00e1bla k\u00f6nnyebb \u00e9s diszkr\u00e9tebb, vastagabb t\u00e1bla massz\u00edvabb, mark\u00e1nsabb megjelen\u00e9st ad. Az S m\u00e9ret kisebb kapukra, postal\u00e1d\u00e1k mell\u00e9 ide\u00e1lis, az XL pedig nagyobb ker\u00edt\u00e9sekhez, j\u00f3l l\u00e1that\u00f3 utcafronti elhelyez\u00e9shez aj\u00e1nlott.\n\nSZ\u00cdNEK\n\n8 el\u0151re kiv\u00e1lasztott RAL sz\u00edn k\u00f6z\u00fcl v\u00e1laszthatsz, de ha egyik sem tetszik, egyedi sz\u00ednt is k\u00e9rhetsz. A sz\u00edneket RAL ipari sz\u00ednsk\u00e1l\u00e1b\u00f3l v\u00e1logatjuk, a nyomtat\u00e1s Prusa XL 5T nyomtat\u00f3val, ak\u00e1r 5 sz\u00ednben t\u00f6rt\u00e9nik, fest\u00e9s n\u00e9lk\u00fcl. Ez azt jelenti, hogy a sz\u00edn az anyag szerves r\u00e9sze, nem kopik le \u00e9s nem h\u00e1mlaszthat\u00f3. \u00cdgy \u00e9vek m\u00falt\u00e1n is ugyanolyan \u00e9l\u00e9nken mutat, mint az els\u0151 napon.\n\nANYAG\n\nA h\u00e1zsz\u00e1mt\u00e1bla ASA m\u0171anyagb\u00f3l k\u00e9sz\u00fcl, amely kifejezetten k\u00fclt\u00e9ri felhaszn\u00e1l\u00e1sra fejlesztett ipari alapanyag. B\u00edrja az es\u0151t, a t\u0171z\u0151 napot, a fagyot \u00e9s a h\u0151s\u00e9get egyar\u00e1nt: -30 fokt\u00f3l eg\u00e9szen +80 fokig haszn\u00e1lhat\u00f3. UV-\u00e1ll\u00f3, \u00edgy a sz\u00ednek nem fakulnak ki az \u00e9vek sor\u00e1n sem. Es\u0151\u00e1ll\u00f3 \u00e9s fagy\u00e1ll\u00f3, teh\u00e1t t\u00e9len-ny\u00e1ron nyugodtan kint maradhat a falon vagy a ker\u00edt\u00e9sen.\n\nSzat\u00e9n fel\u00fclet\u0171, s\u00edk kivitel\u0171 t\u00e1bla, amelyen a madaras sziluett \u00e9s a h\u00e1zsz\u00e1m egy s\u00edkban helyezkedik el, nem dombor\u00fa. A t\u00e1bla k\u00fclt\u00e9ren is 10 \u00e9vet meghalad\u00f3 \u00e9lettartam\u00fa, \u00edgy hossz\u00fa t\u00e1v\u00fa befektet\u00e9s az otthonod megjelen\u00e9s\u00e9be. Az ASA anyag ellen\u00e1ll a por lerak\u00f3d\u00e1s\u00e1nak is, \u00edgy egy egyszer\u0171 nedves t\u00f6rl\u00e9s elegend\u0151 a tiszt\u00edt\u00e1s\u00e1hoz.\n\nR\u00d6GZ\u00cdT\u00c9S\n\nK\u00fclt\u00e9ri \u00e9p\u00edt\u00e9si ragaszt\u00f3val a legegyszer\u0171bb feltenni a falra, ker\u00edt\u00e9sre vagy kapura. Tart\u00f3s, biztons\u00e1gos megold\u00e1s, \u00e9s nem kell f\u00farni hozz\u00e1. Ha m\u00e9gis furatokat szeretn\u00e9l a t\u00e1bl\u00e1n, azt rendel\u00e9skor jelezd, \u00e9s elk\u00e9sz\u00edtj\u00fck. A ragaszt\u00f3s r\u00f6gz\u00edt\u00e9s el\u0151nye, hogy nem s\u00e9r\u00fcl meg a fal, \u00e9s b\u00e1rmikor \u00e1thelyezhet\u0151.\n\nRENDEL\u00c9S\n\nRendel\u00e9skor add meg a k\u00edv\u00e1nt h\u00e1zsz\u00e1mot vagy utcanevet, a m\u00e9retet, vastags\u00e1got \u00e9s a v\u00e1lasztott sz\u00ednt. Ha b\u00e1rmi egyedi k\u00e9r\u00e9sed van a mot\u00edvummal vagy az elrendez\u00e9ssel kapcsolatban, \u00edrj \u00fczenetet \u00e9s megbesz\u00e9lj\u00fck. K\u00e9sz\u00edt\u00fcnk csak h\u00e1zsz\u00e1mos \u00e9s utcaneves v\u00e1ltozatot is, az elrendez\u00e9st a te ig\u00e9nyeidhez igaz\u00edtjuk.\n\nMIRE J\u00d3?\n\nTavaszi kertsz\u00e9p\u00edt\u00e9shez, fel\u00faj\u00edt\u00e1shoz, vagy ak\u00e1r k\u00f6lt\u00f6z\u00e9s ut\u00e1n az \u00faj otthon szem\u00e9lyre szab\u00e1s\u00e1hoz egyar\u00e1nt remek v\u00e1laszt\u00e1s.\n\nAj\u00e1nd\u00e9knak is kiv\u00e1l\u00f3: h\u00e1zavat\u00f3ra, sz\u00fclet\u00e9snapra vagy n\u00e9vnapra egy szem\u00e9lyre szabott, a megaj\u00e1nd\u00e9kozott kedvenc kutyafajt\u00e1j\u00e1t \u00e1br\u00e1zol\u00f3 h\u00e1zsz\u00e1mt\u00e1bla k\u00fcl\u00f6nleges \u00e9s maradand\u00f3 meglepet\u00e9s. Kuty\u00e1s bar\u00e1tok, csal\u00e1dtagok garant\u00e1ltan \u00f6r\u00fclni fognak neki. Term\u00e9szet rajong\u00f3nak nincs enn\u00e9l szem\u00e9lyesebb aj\u00e1nd\u00e9k, \u00e9s a praktikuss\u00e1ga miatt biztosan nem lesz a fi\u00f3k m\u00e9ly\u00e9n.\n\nHa a postal\u00e1d\u00e1ra is szeretn\u00e9l h\u00e1zsz\u00e1mot, n\u00e9zd meg az \u00f6n\u00e1ll\u00f3 sz\u00e1mjegyeinket, amelyek t\u00f6k\u00e9letes kieg\u00e9sz\u00edt\u0151k a h\u00e1zsz\u00e1mt\u00e1bla mell\u00e9. Aki nem \u00e1llatmot\u00edvumot keres, annak ott vannak a vintage, modern, eleg\u00e1ns, vagy \u00e9ppen focis, biciklis, motoros v\u00e1ltozatok is. Teljesen egyedi h\u00e1zsz\u00e1mt\u00e1bl\u00e1t is k\u00e9sz\u00edt\u00fcnk, ha saj\u00e1t mot\u00edvumot vagy elrendez\u00e9st szeretn\u00e9l.\n\nMinden term\u00e9k\u00fcnket egyedileg, rendel\u00e9sre k\u00e9sz\u00edtj\u00fck. K\u00e9rd\u00e9sed van a m\u00e9retekkel, sz\u00ednekkel vagy a mot\u00edvummal kapcsolatban? \u00cdrj b\u00e1tran, gyorsan v\u00e1laszolunk. N\u00e9zd meg a t\u00f6bbi term\u00e9k\u00fcnket is, h\u00e1tha tal\u00e1lsz m\u00e9g valamit, ami tetszik.","score":0,"formatted_price":"5 490 Ft","image_url":"https:\/\/www.meska.hu\/img\/product\/small\/d\/a\/darimi_product_702579_250921213535_31165.png","formatted_url":"https:\/\/www.meska.hu\/p5621839-egyedi-madaras-hazszamtabla","favourite":false,"in_stock":false,"avatar":"702579_avatar_1739694015.jpeg","delete_from":0,"is_enhanced_background":false,"is_enhanced":false,"product_selection_started":false,"is_active":true,"image_webp_url":"https:\/\/www.meska.hu\/img\/product\/small\/d\/a\/darimi_product_702579_250921213535_31165.webp"},{"id":"3464288","shop_id":"12524","user_id":"54127","shop_name":"Kiokumitsu","shop_zip":"1155","product_code":"3384937","product_name_old":null,"product_name":"H\u00e1zsz\u00e1mt\u00e1bla - t\u00e9glalap alak\u00fa","category_string":"Otthon & \u00c9letm\u00f3d, H\u00e1z & Kert, H\u00e1zsz\u00e1m","technic_string":"Mindenm\u00e1s, Fot\u00f3, grafika, rajz, illusztr\u00e1ci\u00f3","category_1":"813","category_2":"897","category_3":"431","category_4":"0","merged_category_1":"0","merged_category_2":"0","merged_category_3":"0","technic_1":"493","technic_2":"483","technic_3":"0","color_1":"520","color_2":"523","color_3":"0","product_description_old":null,"product_description":"D\u00edszes kivitel\u0171 h\u00e1zsz\u00e1mt\u00e1bla. t\u00e9glalap alak\u00fa.\nSaj\u00e1t tervez\u00e9s\u0171 grafika \u00e9s kivitelez\u00e9s, bele\u00e9rtve a kiv\u00e1g\u00e1st is.\nA megjegyz\u00e9s rovatban tudja majd megadni a t\u00e1bl\u00e1ra fel\u00edrand\u00f3 sz\u00f6veget.\n\nM\u00e9rete: 20 x 13 cm, de k\u00e9rhet\u0151 nagyobb m\u00e9retben is.\n\nA t\u00e1bla anyaga: Ongrofoam, egy speci\u00e1lis UV \u00e1ll\u00f3 m\u0171anyag, Id\u0151j\u00e1r\u00e1s\u00e1ll\u00f3.\n\nA 30 cm-n\u00e9l nagyobb m\u00e9ret rendel\u00e9s\u00e9n\u00e9l csak a csomag, post\u00e1n marad\u00f3 vagy a fut\u00e1r sz\u00e1ll\u00edt\u00e1si opci\u00f3t haszn\u00e1lja, mert a posta 30 centin\u00e9l nagyobb k\u00fcldem\u00e9nyt csak csomagk\u00e9nt sz\u00e1ll\u00edt.\nK\u00e9rem olvassal el az \u00e1ltal\u00e1nos szerz\u0151d\u00e9si felt\u00e9teleket (\u00c1SZF), melyet a term\u00e9k megv\u00e1s\u00e1rl\u00e1val \u00f6n elfogadott.","price":"5990.00","unit":"db","recommended":"0","status":"1","sponsored":"0","exp_notify":"0","own_material":"0","own_material_description_old":null,"own_material_description":"","jury":"0","jury_number":"","product_nature":"","meskaracsony":"0","create_date":"2026-04-17 03:12:26","shelve_id":"44100","image":"kiokumitsu_product_54127_250112221110_86257.jpeg","image_width":"480","image_height":"352","image_alt":"H\u00e1zsz\u00e1mt\u00e1bla - t\u00e9glalap alak\u00fa, D\u00edszes kivitel\u0171 h\u00e1zsz\u00e1mt\u00e1bla. t\u00e9glalap alak\u00fa.\\nSaj\u00e1t tervez\u00e9s\u0171 grafika \u00e9s kivitelez\u00e9s, bele\u00e9rtve a ki..., Meska","image_title":"H\u00e1zsz\u00e1mt\u00e1bla - t\u00e9glalap alak\u00fa, Meska","view_count":"2186","favourite_count":"0","trending_score":"0","last2MonthFavouriteCount":"0","promotion":"0","giftcard_accept":"1","creditcard_accept":true,"enhanced_background":"0","domain":"meska","specific_customer_id":null,"specific_customer_name":null,"to_order_product":"1","to_order_product_time":"12","product_different":"different","product_different_description":"A k\u00e9perny\u0151n l\u00e1that\u00f3 sz\u00ednek felbont\u00e1sa \u00e9s a nyomdai sz\u00ednek felbont\u00e1sa kis m\u00e9rt\u00e9kben elt\u00e9rhet!","vintage":"0","vintage_category_id":"0","recycled":"0","gemstone_id":"0","customizable":"0","type_category":"physical","zerowaste":"0","postage_price":"2390.00","shop_order":"0","has_category":"1","landing_pages":null,"microdata":{"number":14,"category":""},"title":"H\u00e1zsz\u00e1mt\u00e1bla - t\u00e9glalap alak\u00fa","description":"D\u00edszes kivitel\u0171 h\u00e1zsz\u00e1mt\u00e1bla. t\u00e9glalap alak\u00fa.\nSaj\u00e1t tervez\u00e9s\u0171 grafika \u00e9s kivitelez\u00e9s, bele\u00e9rtve a kiv\u00e1g\u00e1st is.\nA megjegyz\u00e9s rovatban tudja majd megadni a t\u00e1bl\u00e1ra fel\u00edrand\u00f3 sz\u00f6veget.\n\nM\u00e9rete: 20 x 13 cm, de k\u00e9rhet\u0151 nagyobb m\u00e9retben is.\n\nA t\u00e1bla anyaga: Ongrofoam, egy speci\u00e1lis UV \u00e1ll\u00f3 m\u0171anyag, Id\u0151j\u00e1r\u00e1s\u00e1ll\u00f3.\n\nA 30 cm-n\u00e9l nagyobb m\u00e9ret rendel\u00e9s\u00e9n\u00e9l csak a csomag, post\u00e1n marad\u00f3 vagy a fut\u00e1r sz\u00e1ll\u00edt\u00e1si opci\u00f3t haszn\u00e1lja, mert a posta 30 centin\u00e9l nagyobb k\u00fcldem\u00e9nyt csak csomagk\u00e9nt sz\u00e1ll\u00edt.\nK\u00e9rem olvassal el az \u00e1ltal\u00e1nos szerz\u0151d\u00e9si felt\u00e9teleket (\u00c1SZF), melyet a term\u00e9k megv\u00e1s\u00e1rl\u00e1val \u00f6n elfogadott.","score":0,"formatted_price":"5 990 Ft","image_url":"https:\/\/www.meska.hu\/img\/product\/small\/k\/i\/kiokumitsu_product_54127_250112221110_86257.jpeg","formatted_url":"https:\/\/www.meska.hu\/p3384937-hazszamtabla-teglalap-alaku","favourite":false,"in_stock":false,"avatar":"Kiokumitsu_avatar_54127_1676920383.jpg","delete_from":0,"is_enhanced_background":false,"is_enhanced":false,"product_selection_started":false,"is_active":true,"image_webp_url":"https:\/\/www.meska.hu\/img\/product\/small\/k\/i\/kiokumitsu_product_54127_250112221110_86257.webp"},{"id":"3383581","shop_id":"12524","user_id":"54127","shop_name":"Kiokumitsu","shop_zip":"1155","product_code":"2235237","product_name_old":null,"product_name":"H\u00e1zsz\u00e1mt\u00e1bla","category_string":"Otthon & \u00c9letm\u00f3d, H\u00e1z & Kert, H\u00e1zsz\u00e1m","technic_string":"Mindenm\u00e1s, Fot\u00f3, grafika, rajz, illusztr\u00e1ci\u00f3","category_1":"813","category_2":"897","category_3":"431","category_4":"0","merged_category_1":"0","merged_category_2":"0","merged_category_3":"0","technic_1":"493","technic_2":"483","technic_3":"0","color_1":"532","color_2":"534","color_3":"0","product_description_old":null,"product_description":"D\u00edszes h\u00e1zsz\u00e1mt\u00e1bla magyaros mot\u00edvumokkal. A megjegyz\u00e9s rovatban tudja majd megadni a t\u00e1bl\u00e1ra fel\u00edrand\u00f3 sz\u00f6veget.\n\nA t\u00e1bla anyaga: Ongrofoam, egy speci\u00e1lis UV \u00e1ll\u00f3 m\u0171anyag, Id\u0151j\u00e1r\u00e1s\u00e1ll\u00f3.\n\nsaj\u00e1t tervez\u00e9s\u0171 grafika. saj\u00e1t kivitelez\u00e9s, bele\u00e9rtve a kiv\u00e1g\u00e1st is.\nM\u00e9rete: 20 x 20 cm, de k\u00e9rhet\u0151 nagyobb v\u00e1ltozatban is!\nA 30 cm-n\u00e9l nagyobb m\u00e9ret rendel\u00e9s\u00e9n\u00e9l csak a csomag, post\u00e1n marad\u00f3 vagy a fut\u00e1r sz\u00e1ll\u00edt\u00e1si  opci\u00f3t haszn\u00e1lja, mert a posta 30 centin\u00e9l nagyobb k\u00fcldem\u00e9nyt csak csomagk\u00e9nt sz\u00e1ll\u00edt.\n\n","price":"4690.00","unit":"db","recommended":"0","status":"1","sponsored":"0","exp_notify":"0","own_material":"0","own_material_description_old":null,"own_material_description":"","jury":"0","jury_number":"","product_nature":"","meskaracsony":"0","create_date":"2026-04-16 19:11:30","shelve_id":"44100","image":"kiokumitsu_product_54127_150825082857_288223.jpeg","image_width":"480","image_height":"480","image_alt":"H\u00e1zsz\u00e1mt\u00e1bla, D\u00edszes h\u00e1zsz\u00e1mt\u00e1bla magyaros mot\u00edvumokkal. A megjegyz\u00e9s rovatban tudja majd megadni a t\u00e1bl\u00e1ra fel\u00edra..., Meska","image_title":"H\u00e1zsz\u00e1mt\u00e1bla, Meska","view_count":"4319","favourite_count":"0","trending_score":"0","last2MonthFavouriteCount":"0","promotion":"0","giftcard_accept":"1","creditcard_accept":true,"enhanced_background":"0","domain":"meska","specific_customer_id":null,"specific_customer_name":null,"to_order_product":"1","to_order_product_time":"12","product_different":"different","product_different_description":"A k\u00e9perny\u0151n l\u00e1that\u00f3 sz\u00ednek felbont\u00e1sa \u00e9s a nyomdai sz\u00ednek felbont\u00e1sa kis m\u00e9rt\u00e9kben elt\u00e9rhet!\n","vintage":"0","vintage_category_id":"0","recycled":"0","gemstone_id":"0","customizable":"0","type_category":"physical","zerowaste":"0","postage_price":"2390.00","shop_order":"0","has_category":"1","landing_pages":null,"microdata":{"number":15,"category":""},"title":"H\u00e1zsz\u00e1mt\u00e1bla","description":"D\u00edszes h\u00e1zsz\u00e1mt\u00e1bla magyaros mot\u00edvumokkal. A megjegyz\u00e9s rovatban tudja majd megadni a t\u00e1bl\u00e1ra fel\u00edrand\u00f3 sz\u00f6veget.\n\nA t\u00e1bla anyaga: Ongrofoam, egy speci\u00e1lis UV \u00e1ll\u00f3 m\u0171anyag, Id\u0151j\u00e1r\u00e1s\u00e1ll\u00f3.\n\nsaj\u00e1t tervez\u00e9s\u0171 grafika. saj\u00e1t kivitelez\u00e9s, bele\u00e9rtve a kiv\u00e1g\u00e1st is.\nM\u00e9rete: 20 x 20 cm, de k\u00e9rhet\u0151 nagyobb v\u00e1ltozatban is!\nA 30 cm-n\u00e9l nagyobb m\u00e9ret rendel\u00e9s\u00e9n\u00e9l csak a csomag, post\u00e1n marad\u00f3 vagy a fut\u00e1r sz\u00e1ll\u00edt\u00e1si  opci\u00f3t haszn\u00e1lja, mert a posta 30 centin\u00e9l nagyobb k\u00fcldem\u00e9nyt csak csomagk\u00e9nt sz\u00e1ll\u00edt.\n\n","score":0,"formatted_price":"4 690 Ft","image_url":"https:\/\/www.meska.hu\/img\/product\/small\/k\/i\/kiokumitsu_product_54127_150825082857_288223.jpeg","formatted_url":"https:\/\/www.meska.hu\/p2235237-hazszamtabla","favourite":false,"in_stock":false,"avatar":"Kiokumitsu_avatar_54127_1676920383.jpg","delete_from":0,"is_enhanced_background":false,"is_enhanced":false,"product_selection_started":false,"is_active":true,"image_webp_url":"https:\/\/www.meska.hu\/img\/product\/small\/k\/i\/kiokumitsu_product_54127_150825082857_288223.webp"},{"id":"5742072","shop_id":"47945","user_id":"702579","shop_name":"Darimi","shop_zip":"2030","product_code":"5529369","product_name_old":null,"product_name":"Egyedi pillang\u00f3s h\u00e1zsz\u00e1mt\u00e1bla - lepk\u00e9s k\u00fclt\u00e9ri h\u00e1zsz\u00e1m, n\u0151ies term\u00e9szetes design, UV-\u00e1ll\u00f3","category_string":"Otthon & \u00c9letm\u00f3d, H\u00e1z & Kert, H\u00e1zsz\u00e1m","technic_string":"Mindenm\u00e1s","category_1":"813","category_2":"897","category_3":"431","category_4":"0","merged_category_1":null,"merged_category_2":null,"merged_category_3":null,"technic_1":"493","technic_2":"0","technic_3":"0","color_1":"514","color_2":"519","color_3":"520","product_description_old":null,"product_description":"Pillang\u00f3s mot\u00edvumos egyedi h\u00e1zsz\u00e1mt\u00e1bla, amelyen lepk\u00e9k d\u00edsz\u00edtik a h\u00e1zsz\u00e1modat. N\u0151ies, term\u00e9szetk\u00f6zeli design, amely a bej\u00e1ratodnak k\u00f6nnyeds\u00e9get \u00e9s eleganci\u00e1t ad. Ha szereted a pillang\u00f3kat \u00e9s az otthonod k\u00fclsej\u00e9t is egyediv\u00e9 tenn\u00e9d, ez a t\u00e1bla neked k\u00e9sz\u00fclt.\n\nANYAG \u00c9S TART\u00d3SS\u00c1G\n\nA t\u00e1bla ASA ipari m\u0171anyagb\u00f3l k\u00e9sz\u00fcl, amely k\u00fclt\u00e9ri tart\u00f3s haszn\u00e1latra fejlesztett anyag. Id\u0151j\u00e1r\u00e1s\u00e1ll\u00f3: -30 fokt\u00f3l +80 fokig megb\u00edzhat\u00f3an haszn\u00e1lhat\u00f3 minden \u00e9vszakban. UV-\u00e1ll\u00f3, es\u0151\u00e1ll\u00f3 \u00e9s fagy\u00e1ll\u00f3, \u00edgy eg\u00e9sz \u00e9vben kint maradhat a falon, ker\u00edt\u00e9sen vagy kapun an\u00e9lk\u00fcl, hogy a sz\u00edne fakul vagy a fel\u00fclete s\u00e9r\u00fcl. A szat\u00e9n fel\u00fclet\u0171, s\u00edk kivitel\u0171 t\u00e1bla nem dombor\u00fa. RAL ipari sz\u00ednekkel, Prusa XL 5T nyomtat\u00f3val ak\u00e1r 5 sz\u00ednben k\u00e9sz\u00fcl fest\u00e9s n\u00e9lk\u00fcl, a sz\u00edn az anyag r\u00e9sze, nem kopik le. Legal\u00e1bb 10 \u00e9ves k\u00fclt\u00e9ri \u00e9lettartammal sz\u00e1molhatsz.\n\nFORMA\n\nEz a pillang\u00f3s t\u00e1bla \u00e1ll\u00f3 form\u00e1tum\u00fa, teh\u00e1t magasabb, mint amilyen sz\u00e9les, ami a szok\u00e1sos fekv\u0151 h\u00e1zsz\u00e1mt\u00e1bl\u00e1khoz k\u00e9pest k\u00fcl\u00f6nleges, figyelemfelkelt\u0151 megjelen\u00e9st biztos\u00edt. Az \u00e1ll\u00f3 forma a bej\u00e1rati ajt\u00f3 melletti keskenyebb falfel\u00fcletekre is t\u00f6k\u00e9letesen illeszkedik, ahol egy fekv\u0151 t\u00e1bla nem f\u00e9rne el.\n\nM\u00c9RETEK\n\nV\u00e1laszthat\u00f3 m\u00e9retek:\n- 21 x 27 cm (alap\u00e1r: 3 500 Ft)\n- 27 x 35 cm\n\nA vastags\u00e1g 1,6 mm-t\u0151l 5 mm-ig v\u00e1laszthat\u00f3: 1,6 mm, 2 mm, 2,5 mm, 3 mm \u00e9s 5 mm opci\u00f3k \u00e1llnak rendelkez\u00e9sre. Az alapvastags\u00e1g (1,6 mm) k\u00f6nny\u0171 \u00e9s eleg\u00e1ns, a 2-2,5 mm kellemes plasztikuss\u00e1got ad, a 3 mm a legt\u00f6bbet v\u00e1lasztott egyens\u00faly a finoms\u00e1g \u00e9s a tart\u00f3ss\u00e1g k\u00f6z\u00f6tt, m\u00edg az 5 mm-es v\u00e1ltozat robusztus, massz\u00edv megjelen\u00e9st k\u00f6lcs\u00f6n\u00f6z.\n\nR\u00d6GZ\u00cdT\u00c9S\n\nK\u00fclt\u00e9ri \u00e9p\u00edt\u00e9si ragaszt\u00f3val (p\u00e9ld\u00e1ul Pattex One For All) a legegyszer\u0171bb felhelyezni a falra, kapura vagy ker\u00edt\u00e9sre. A ragaszt\u00f3t a h\u00e1tlapra kell felkenni, majd a t\u00e1bl\u00e1t a falhoz nyomni - f\u00far\u00e1smentes, tart\u00f3s, tiszta megold\u00e1s. T\u00e9gl\u00e1n, vakolt fel\u00fcleten, f\u00e1n \u00e9s f\u00e9men egyar\u00e1nt j\u00f3l tapad. Ha furatokat szeretn\u00e9l csavaros r\u00f6gz\u00edt\u00e9shez, rendel\u00e9skor jelezd, \u00e9s elk\u00e9sz\u00edtj\u00fck.\n\nRENDEL\u00c9S\n\nRendel\u00e9skor add meg a h\u00e1zsz\u00e1mot vagy utcanevet, v\u00e1laszd ki a m\u00e9retet, vastags\u00e1got \u00e9s sz\u00ednt. K\u00e9tsoros felirat (h\u00e1zsz\u00e1m + utcan\u00e9v) \u00e9s egyedi k\u00e9r\u00e9sek is megval\u00f3s\u00edthat\u00f3k.\n\nMIRE J\u00d3?\n\nA pillang\u00f3s mot\u00edvum visszafogottan n\u0151ies, term\u00e9szetk\u00f6zeli hangulatot sug\u00e1roz. Kertes h\u00e1zakhoz, vid\u00e9ki otthonokhoz, tavaszi-ny\u00e1ri kertekhez kiv\u00e1l\u00f3an passzol. Vir\u00e1goskerttel, n\u00f6v\u00e9nyekkel k\u00f6r\u00fclvett bej\u00e1rathoz k\u00fcl\u00f6n\u00f6sen harmonikus, de v\u00e1rosi kertes h\u00e1zak kapuj\u00e1ra is sz\u00e9pen mutat. A lepke mot\u00edvum a meg\u00fajul\u00e1s \u00e9s a k\u00f6nnyeds\u00e9g jelk\u00e9pe, amely minden \u00e9vszakban vid\u00e1m hangulatot \u00e1raszt.\n\nAJ\u00c1ND\u00c9KNAK IS T\u00d6K\u00c9LETES\n\nAny\u00e1k napj\u00e1ra, sz\u00fclet\u00e9snapra, n\u00e9vnapra, kar\u00e1csonyra vagy h\u00e1zavat\u00f3ra is remek aj\u00e1nd\u00e9k n\u0151knek \u00e9s term\u00e9szetkedvel\u0151knek. K\u00f6lt\u00f6z\u00e9skor az \u00faj otthon bej\u00e1rat\u00e1nak szem\u00e9lyess\u00e9 t\u00e9tele az els\u0151 l\u00e9p\u00e9s a berendezked\u00e9sben, \u00e9s egy pillang\u00f3s h\u00e1zsz\u00e1mt\u00e1bla t\u00f6k\u00e9letes nyit\u00e1ny ehhez. Tavaszi kertsz\u00e9p\u00edt\u00e9si projekthez \u00e9s fel\u00faj\u00edt\u00e1shoz egyar\u00e1nt kiv\u00e1l\u00f3 v\u00e1laszt\u00e1s, amikor az otthon k\u00fclsej\u00e9t is meg\u00faj\u00edtod.\n\nKAPCSOL\u00d3D\u00d3 TERM\u00c9KEK\n\nHa nagyobb m\u00e9retben \u00e9s pr\u00e9mium kivitelben szeretn\u00e9d a pillang\u00f3s mot\u00edvumot, n\u00e9zd meg a boltunkban el\u00e9rhet\u0151 nagy pr\u00e9mium pillang\u00f3s h\u00e1zsz\u00e1mt\u00e1bl\u00e1t is, amely L, XL \u00e9s XXL m\u00e9retben (35-45 cm) kaphat\u00f3. A k\u00e9t pillang\u00f3s t\u00e1bla ak\u00e1r egy\u00fctt is rendelhet\u0151: a kisebbet a ker\u00edt\u00e9sre, a nagyobbat a h\u00e1z homlokzat\u00e1ra.\n\nA boltunkban pillang\u00f3 fali dekor\u00e1ci\u00f3t is tal\u00e1lsz, amellyel a lak\u00e1s bels\u0151 tereiben is folytathatod a lepk\u00e9s hangulatot. A kapcsol\u00f3d\u00edszek (kukucsk\u00e1l\u00f3 cic\u00e1s, k\u00e9t cic\u00e1s, dud\u00e1s l\u00e1ny) szint\u00e9n apr\u00f3, egyedi kieg\u00e9sz\u00edt\u0151k a villanykapcsol\u00f3k mell\u00e9.\n\nHa m\u00e1s term\u00e9szetes mot\u00edvumot keresel, a mad\u00e1rp\u00e1ros \u00e9s madaras h\u00e1zsz\u00e1mt\u00e1bl\u00e1k is kiv\u00e1l\u00f3 v\u00e1laszt\u00e1s. \u00c1llatos mot\u00edvumokb\u00f3l kuty\u00e1s (mopsz, n\u00e9met juh\u00e1sz, tacsk\u00f3, golden retriever, corgi) \u00e9s cic\u00e1s v\u00e1ltozatok is el\u00e9rhet\u0151k. A vintage, modern \u00e9s eleg\u00e1ns vonalak a visszafogottabb \u00edzl\u00e9snek sz\u00f3lnak, a p\u00e1lmaf\u00e1s \u00e9s ban\u00e1nf\u00e1s t\u00e1bl\u00e1k a tr\u00f3pusi hangulatot kedvel\u0151knek.\n\nMinden term\u00e9k\u00fcnket egyedileg, rendel\u00e9sre k\u00e9sz\u00edtj\u00fck. K\u00e9rd\u00e9sed van? \u00cdrj b\u00e1tran, gyorsan v\u00e1laszolunk.","price":"3500.00","unit":"db","recommended":"0","status":"1","sponsored":"0","exp_notify":"0","own_material":"0","own_material_description_old":null,"own_material_description":"","jury":"0","jury_number":"","product_nature":"","meskaracsony":"0","create_date":"2026-04-16 10:32:15","shelve_id":"79630","image":"darimi_product_702579_250323181634_075614.jpeg","image_width":"480","image_height":"503","image_alt":"Egyedi pillang\u00f3s h\u00e1zsz\u00e1mt\u00e1bla - lepk\u00e9s k\u00fclt\u00e9ri h\u00e1zsz\u00e1m, n\u0151ies term\u00e9szetes design, UV-\u00e1ll\u00f3, Pillang\u00f3s mot\u00edvumos egyedi h\u00e1zsz\u00e1mt\u00e1bla, amelyen lepk\u00e9k d\u00edsz\u00edtik a h\u00e1zsz\u00e1modat. N\u0151ies, term\u00e9szetk\u00f6ze..., Meska","image_title":"Egyedi pillang\u00f3s h\u00e1zsz\u00e1mt\u00e1bla - lepk\u00e9s k\u00fclt\u00e9ri h\u00e1zsz\u00e1m, n\u0151ies term\u00e9szetes design, UV-\u00e1ll\u00f3, Meska","view_count":"3402","favourite_count":"0","trending_score":"0","last2MonthFavouriteCount":"0","promotion":"0","giftcard_accept":"0","creditcard_accept":true,"enhanced_background":"0","domain":"meska","specific_customer_id":null,"specific_customer_name":null,"to_order_product":"1","to_order_product_time":"2","product_different":null,"product_different_description":"","vintage":"0","vintage_category_id":"0","recycled":"0","gemstone_id":"0","customizable":"1","type_category":"physical","zerowaste":"0","postage_price":"1349.00","shop_order":"0","has_category":"1","landing_pages":null,"microdata":{"number":16,"category":""},"title":"Egyedi pillang\u00f3s h\u00e1zsz\u00e1mt\u00e1bla - lepk\u00e9s k\u00fclt\u00e9ri h\u00e1zsz\u00e1m, n\u0151ies term\u00e9szetes design, UV-\u00e1ll\u00f3","description":"Pillang\u00f3s mot\u00edvumos egyedi h\u00e1zsz\u00e1mt\u00e1bla, amelyen lepk\u00e9k d\u00edsz\u00edtik a h\u00e1zsz\u00e1modat. N\u0151ies, term\u00e9szetk\u00f6zeli design, amely a bej\u00e1ratodnak k\u00f6nnyeds\u00e9get \u00e9s eleganci\u00e1t ad. Ha szereted a pillang\u00f3kat \u00e9s az otthonod k\u00fclsej\u00e9t is egyediv\u00e9 tenn\u00e9d, ez a t\u00e1bla neked k\u00e9sz\u00fclt.\n\nANYAG \u00c9S TART\u00d3SS\u00c1G\n\nA t\u00e1bla ASA ipari m\u0171anyagb\u00f3l k\u00e9sz\u00fcl, amely k\u00fclt\u00e9ri tart\u00f3s haszn\u00e1latra fejlesztett anyag. Id\u0151j\u00e1r\u00e1s\u00e1ll\u00f3: -30 fokt\u00f3l +80 fokig megb\u00edzhat\u00f3an haszn\u00e1lhat\u00f3 minden \u00e9vszakban. UV-\u00e1ll\u00f3, es\u0151\u00e1ll\u00f3 \u00e9s fagy\u00e1ll\u00f3, \u00edgy eg\u00e9sz \u00e9vben kint maradhat a falon, ker\u00edt\u00e9sen vagy kapun an\u00e9lk\u00fcl, hogy a sz\u00edne fakul vagy a fel\u00fclete s\u00e9r\u00fcl. A szat\u00e9n fel\u00fclet\u0171, s\u00edk kivitel\u0171 t\u00e1bla nem dombor\u00fa. RAL ipari sz\u00ednekkel, Prusa XL 5T nyomtat\u00f3val ak\u00e1r 5 sz\u00ednben k\u00e9sz\u00fcl fest\u00e9s n\u00e9lk\u00fcl, a sz\u00edn az anyag r\u00e9sze, nem kopik le. Legal\u00e1bb 10 \u00e9ves k\u00fclt\u00e9ri \u00e9lettartammal sz\u00e1molhatsz.\n\nFORMA\n\nEz a pillang\u00f3s t\u00e1bla \u00e1ll\u00f3 form\u00e1tum\u00fa, teh\u00e1t magasabb, mint amilyen sz\u00e9les, ami a szok\u00e1sos fekv\u0151 h\u00e1zsz\u00e1mt\u00e1bl\u00e1khoz k\u00e9pest k\u00fcl\u00f6nleges, figyelemfelkelt\u0151 megjelen\u00e9st biztos\u00edt. Az \u00e1ll\u00f3 forma a bej\u00e1rati ajt\u00f3 melletti keskenyebb falfel\u00fcletekre is t\u00f6k\u00e9letesen illeszkedik, ahol egy fekv\u0151 t\u00e1bla nem f\u00e9rne el.\n\nM\u00c9RETEK\n\nV\u00e1laszthat\u00f3 m\u00e9retek:\n- 21 x 27 cm (alap\u00e1r: 3 500 Ft)\n- 27 x 35 cm\n\nA vastags\u00e1g 1,6 mm-t\u0151l 5 mm-ig v\u00e1laszthat\u00f3: 1,6 mm, 2 mm, 2,5 mm, 3 mm \u00e9s 5 mm opci\u00f3k \u00e1llnak rendelkez\u00e9sre. Az alapvastags\u00e1g (1,6 mm) k\u00f6nny\u0171 \u00e9s eleg\u00e1ns, a 2-2,5 mm kellemes plasztikuss\u00e1got ad, a 3 mm a legt\u00f6bbet v\u00e1lasztott egyens\u00faly a finoms\u00e1g \u00e9s a tart\u00f3ss\u00e1g k\u00f6z\u00f6tt, m\u00edg az 5 mm-es v\u00e1ltozat robusztus, massz\u00edv megjelen\u00e9st k\u00f6lcs\u00f6n\u00f6z.\n\nR\u00d6GZ\u00cdT\u00c9S\n\nK\u00fclt\u00e9ri \u00e9p\u00edt\u00e9si ragaszt\u00f3val (p\u00e9ld\u00e1ul Pattex One For All) a legegyszer\u0171bb felhelyezni a falra, kapura vagy ker\u00edt\u00e9sre. A ragaszt\u00f3t a h\u00e1tlapra kell felkenni, majd a t\u00e1bl\u00e1t a falhoz nyomni - f\u00far\u00e1smentes, tart\u00f3s, tiszta megold\u00e1s. T\u00e9gl\u00e1n, vakolt fel\u00fcleten, f\u00e1n \u00e9s f\u00e9men egyar\u00e1nt j\u00f3l tapad. Ha furatokat szeretn\u00e9l csavaros r\u00f6gz\u00edt\u00e9shez, rendel\u00e9skor jelezd, \u00e9s elk\u00e9sz\u00edtj\u00fck.\n\nRENDEL\u00c9S\n\nRendel\u00e9skor add meg a h\u00e1zsz\u00e1mot vagy utcanevet, v\u00e1laszd ki a m\u00e9retet, vastags\u00e1got \u00e9s sz\u00ednt. K\u00e9tsoros felirat (h\u00e1zsz\u00e1m + utcan\u00e9v) \u00e9s egyedi k\u00e9r\u00e9sek is megval\u00f3s\u00edthat\u00f3k.\n\nMIRE J\u00d3?\n\nA pillang\u00f3s mot\u00edvum visszafogottan n\u0151ies, term\u00e9szetk\u00f6zeli hangulatot sug\u00e1roz. Kertes h\u00e1zakhoz, vid\u00e9ki otthonokhoz, tavaszi-ny\u00e1ri kertekhez kiv\u00e1l\u00f3an passzol. Vir\u00e1goskerttel, n\u00f6v\u00e9nyekkel k\u00f6r\u00fclvett bej\u00e1rathoz k\u00fcl\u00f6n\u00f6sen harmonikus, de v\u00e1rosi kertes h\u00e1zak kapuj\u00e1ra is sz\u00e9pen mutat. A lepke mot\u00edvum a meg\u00fajul\u00e1s \u00e9s a k\u00f6nnyeds\u00e9g jelk\u00e9pe, amely minden \u00e9vszakban vid\u00e1m hangulatot \u00e1raszt.\n\nAJ\u00c1ND\u00c9KNAK IS T\u00d6K\u00c9LETES\n\nAny\u00e1k napj\u00e1ra, sz\u00fclet\u00e9snapra, n\u00e9vnapra, kar\u00e1csonyra vagy h\u00e1zavat\u00f3ra is remek aj\u00e1nd\u00e9k n\u0151knek \u00e9s term\u00e9szetkedvel\u0151knek. K\u00f6lt\u00f6z\u00e9skor az \u00faj otthon bej\u00e1rat\u00e1nak szem\u00e9lyess\u00e9 t\u00e9tele az els\u0151 l\u00e9p\u00e9s a berendezked\u00e9sben, \u00e9s egy pillang\u00f3s h\u00e1zsz\u00e1mt\u00e1bla t\u00f6k\u00e9letes nyit\u00e1ny ehhez. Tavaszi kertsz\u00e9p\u00edt\u00e9si projekthez \u00e9s fel\u00faj\u00edt\u00e1shoz egyar\u00e1nt kiv\u00e1l\u00f3 v\u00e1laszt\u00e1s, amikor az otthon k\u00fclsej\u00e9t is meg\u00faj\u00edtod.\n\nKAPCSOL\u00d3D\u00d3 TERM\u00c9KEK\n\nHa nagyobb m\u00e9retben \u00e9s pr\u00e9mium kivitelben szeretn\u00e9d a pillang\u00f3s mot\u00edvumot, n\u00e9zd meg a boltunkban el\u00e9rhet\u0151 nagy pr\u00e9mium pillang\u00f3s h\u00e1zsz\u00e1mt\u00e1bl\u00e1t is, amely L, XL \u00e9s XXL m\u00e9retben (35-45 cm) kaphat\u00f3. A k\u00e9t pillang\u00f3s t\u00e1bla ak\u00e1r egy\u00fctt is rendelhet\u0151: a kisebbet a ker\u00edt\u00e9sre, a nagyobbat a h\u00e1z homlokzat\u00e1ra.\n\nA boltunkban pillang\u00f3 fali dekor\u00e1ci\u00f3t is tal\u00e1lsz, amellyel a lak\u00e1s bels\u0151 tereiben is folytathatod a lepk\u00e9s hangulatot. A kapcsol\u00f3d\u00edszek (kukucsk\u00e1l\u00f3 cic\u00e1s, k\u00e9t cic\u00e1s, dud\u00e1s l\u00e1ny) szint\u00e9n apr\u00f3, egyedi kieg\u00e9sz\u00edt\u0151k a villanykapcsol\u00f3k mell\u00e9.\n\nHa m\u00e1s term\u00e9szetes mot\u00edvumot keresel, a mad\u00e1rp\u00e1ros \u00e9s madaras h\u00e1zsz\u00e1mt\u00e1bl\u00e1k is kiv\u00e1l\u00f3 v\u00e1laszt\u00e1s. \u00c1llatos mot\u00edvumokb\u00f3l kuty\u00e1s (mopsz, n\u00e9met juh\u00e1sz, tacsk\u00f3, golden retriever, corgi) \u00e9s cic\u00e1s v\u00e1ltozatok is el\u00e9rhet\u0151k. A vintage, modern \u00e9s eleg\u00e1ns vonalak a visszafogottabb \u00edzl\u00e9snek sz\u00f3lnak, a p\u00e1lmaf\u00e1s \u00e9s ban\u00e1nf\u00e1s t\u00e1bl\u00e1k a tr\u00f3pusi hangulatot kedvel\u0151knek.\n\nMinden term\u00e9k\u00fcnket egyedileg, rendel\u00e9sre k\u00e9sz\u00edtj\u00fck. K\u00e9rd\u00e9sed van? \u00cdrj b\u00e1tran, gyorsan v\u00e1laszolunk.","score":0,"formatted_price":"3 500 Ft","image_url":"https:\/\/www.meska.hu\/img\/product\/small\/d\/a\/darimi_product_702579_250323181634_075614.jpeg","formatted_url":"https:\/\/www.meska.hu\/p5529369-pillangos-egyedi-hazszamtabla-3d-nyomtatott-idojarasallo-asa-kulterre-fekete-vagy-feher-szinben","favourite":false,"in_stock":false,"avatar":"702579_avatar_1739694015.jpeg","delete_from":0,"is_enhanced_background":false,"is_enhanced":false,"product_selection_started":false,"is_active":true,"image_webp_url":"https:\/\/www.meska.hu\/img\/product\/small\/d\/a\/darimi_product_702579_250323181634_075614.webp"},{"id":"5907622","shop_id":"47945","user_id":"702579","shop_name":"Darimi","shop_zip":"2030","product_code":"5613636","product_name_old":null,"product_name":"Tulip\u00e1nos h\u00e1zsz\u00e1mt\u00e1bla utcan\u00e9vvel - n\u00e9pi mot\u00edvumos k\u00fclt\u00e9ri kapusz\u00e1m, id\u0151j\u00e1r\u00e1s\u00e1ll\u00f3 ASA","category_string":"Otthon & \u00c9letm\u00f3d, H\u00e1z & Kert, H\u00e1zsz\u00e1m","technic_string":"Mindenm\u00e1s","category_1":"813","category_2":"897","category_3":"431","category_4":"0","merged_category_1":null,"merged_category_2":null,"merged_category_3":null,"technic_1":"493","technic_2":"0","technic_3":"0","color_1":"519","color_2":"520","color_3":"527","product_description_old":null,"product_description":"Egyedi h\u00e1zsz\u00e1mt\u00e1bla magyar n\u00e9pi mot\u00edvummal, tulip\u00e1nos d\u00edsz\u00edt\u00e9ssel \u00e9s utcan\u00e9vvel, k\u00fclt\u00e9ri haszn\u00e1latra. A t\u00e1bla s\u00edk fel\u00fclet\u0171 (nem dombor\u00fa), n\u00e9gyzetes form\u00e1tum\u00fa, k\u00e9t sz\u00ednnel nyomtatva: az alap \u00e9s a d\u00edsz\u00edt\u00e9s k\u00fcl\u00f6n sz\u00ednben k\u00e9sz\u00fcl. A vir\u00e1gos-tulip\u00e1nos keret hagyom\u00e1nyos magyar n\u00e9pm\u0171v\u00e9szeti mint\u00e1t id\u00e9z. Alkalmas kapura, ker\u00edt\u00e9sre, falra, postal\u00e1d\u00e1ra vagy b\u00e1rmilyen sima fel\u00fcletre.\n\nRENDEL\u00c9S MENETE\n\nA rendel\u00e9skor a megjegyz\u00e9s rovatba \u00edrd be a k\u00f6vetkez\u0151ket:\n- A h\u00e1zsz\u00e1mot (sz\u00e1m, sz\u00e1m\/bet\u0171 stb.)\n- A k\u00f6zter\u00fclet nev\u00e9t (utca, s\u00e9t\u00e1ny, t\u00e9r, \u00fat, k\u00f6z stb.)\n- Ha van egy\u00e9b k\u00e9r\u00e9sed (pl. bet\u0171m\u00e9ret, elrendez\u00e9s), azt is\n\nA rendel\u00e9s ut\u00e1n n\u00e9h\u00e1ny \u00f3r\u00e1n bel\u00fcl k\u00fcld\u00f6m az el\u0151n\u00e9zeti tervet, mell\u00e9 t\u00f6bb sz\u00e1z bet\u0171t\u00edpus mint\u00e1t is, hogy kiv\u00e1laszthasd a neked tetsz\u0151t. Ha m\u00f3dos\u00edtani szeretn\u00e9l a terven, megoldjuk. Amikor a terv v\u00e9gleges, indul a 3D nyomtat\u00e1s. Az elk\u00e9sz\u00fclt t\u00e1bl\u00e1r\u00f3l m\u00e9rc\u00e9s fot\u00f3t k\u00fcld\u00f6k, hogy a post\u00e1z\u00e1s el\u0151tt l\u00e1sd a v\u00e9geredm\u00e9nyt.\n\nM\u00c9RETEK\n\nA t\u00e1bla majdnem n\u00e9gyzet alak\u00fa, az ar\u00e1nyok minden m\u00e9retn\u00e9l azonosak:\n- 10 x 10,3 cm (alapm\u00e9ret, +0 Ft) - kompakt, postal\u00e1d\u00e1ra is ide\u00e1lis\n- 15 x 15,8 cm (+2 000 Ft)\n- 20 x 21 cm (+3 000 Ft)\n- 25 x 26,5 cm (+5 000 Ft)\n- 30 x 32 cm (+8 000 Ft) - j\u00f3l l\u00e1that\u00f3 t\u00e1volabbr\u00f3l is\nHa egyik m\u00e9ret sem felel meg, egyedi m\u00e9retet is tudok k\u00e9sz\u00edteni. \u00cdrj \u00fczenetet \u00e9s megbesz\u00e9lj\u00fck.\n\nVASTAGS\u00c1GOK\n\n- 1,6 mm: alapvastags\u00e1g, k\u00f6nny\u0171, ragaszt\u00e1shoz ide\u00e1lis\n- 2,0 mm: +2 000 Ft\n- 2,5 mm: +3 000 Ft\n- 3,0 mm: +5 000 Ft\n- 5,0 mm: +8 000 Ft, massz\u00edv kivitel\n\nANYAG\n\nA t\u00e1bla ASA (akrilonitril-sztirol-akril\u00e1t) m\u0171anyagb\u00f3l k\u00e9sz\u00fcl, amely kifejezetten k\u00fclt\u00e9ri alkalmaz\u00e1sokra lett kifejlesztve:\n- UV-\u00e1ll\u00f3: nem s\u00e1rgul, nem fakul az er\u0151s naps\u00fct\u00e9sben sem\n- V\u00edz\u00e1ll\u00f3: es\u0151, h\u00f3, j\u00e9g, p\u00e1ra nem \u00e1rt neki\n- H\u0151t\u0171r\u0151: -30 fokt\u00f3l +80 fokig haszn\u00e1lhat\u00f3, nem vetemedik, nem reped\n- Tart\u00f3sabb k\u00fclt\u00e9ren, mint a PLA, PETG vagy ABS m\u0171anyagok\n\nA felirat \u00e9s az alapt\u00e1bla k\u00e9tsz\u00edn\u0171 nyomtat\u00e1ssal k\u00e9sz\u00fcl egyben, nem festve vagy grav\u00edrozva. A sz\u00f6veg \u00e9s a d\u00edsz\u00edt\u00e9s a t\u00e1bla szerves r\u00e9sze: nem kopik le, nem h\u00e1mlik, nem fakul ki k\u00fcl\u00f6n az alapt\u00f3l.\n\nEL\u00c9RHET\u0150 SZ\u00cdNEK\n\n- Fekete (RAL 9017)\n- Feh\u00e9r (RAL 9003)\n- Bazaltsz\u00fcrke (RAL 7012)\n- K\u00e9k (RAL 5015)\n- Barna (RAL 8017)\n- Bord\u00f3 (RAL 3031)\n- Sz\u00fcrke (RAL 7011)\n- Polar White (ath\u00e9n sz\u00fcrke \u00e1rnyalat)\n- Antracit sz\u00fcrke (RAL 7016)\nEgyedi sz\u00edn is k\u00e9rhet\u0151: \u00fczenetben el\u0151re egyeztetj\u00fck.\n\nR\u00d6GZ\u00cdT\u00c9S\n\nK\u00fclt\u00e9ri \u00e9p\u00edt\u00e9si ragaszt\u00f3val javasoljuk a felszerel\u00e9st (pl. Pattex One For All, Soudal Fix All vagy hasonl\u00f3 k\u00fclt\u00e9ri \u00e9p\u00edt\u00e9si ragaszt\u00f3). Sima fel\u00fcleten (vakolat, t\u00e9gla, beton, f\u00e9m, fa) tart\u00f3san megmarad. Ha csavaros r\u00f6gz\u00edt\u00e9st szeretn\u00e9l, a t\u00e1bla furatokkal is k\u00e9rhet\u0151.\n\nGY\u00c1RT\u00c1S\n\nA nyomtat\u00e1s Prusa XL 5T g\u00e9ppel t\u00f6rt\u00e9nik, sima satin nyomtat\u00f3lapra. Minden darab egyedileg k\u00e9sz\u00fcl a Te adataiddal.\n\nAJ\u00c1ND\u00c9KBA\n\nHagyom\u00e1nyos magyar mot\u00edvumot kedvel\u0151knek, h\u00e1zavat\u00f3ra, k\u00f6lt\u00f6z\u00e9sre is k\u00fcl\u00f6nleges szem\u00e9lyes aj\u00e1nd\u00e9k\u00f6tlet.\n\nElk\u00e9sz\u00edt\u00e9si id\u0151: kb. 1 munkanap a terv j\u00f3v\u00e1hagy\u00e1sa ut\u00e1n.\nAj\u00e1nd\u00e9k 3D nyomtatott narancsh\u00e1moz\u00f3 gy\u0171r\u0171 j\u00e1r minden rendel\u00e9shez.\n","price":"2990.00","unit":"db","recommended":"0","status":"1","sponsored":"0","exp_notify":"0","own_material":"0","own_material_description_old":null,"own_material_description":"","jury":"0","jury_number":"","product_nature":"","meskaracsony":"0","create_date":"2026-04-15 11:19:01","shelve_id":"79630","image":"darimi_product_702579_250831151538_067282.png","image_width":"480","image_height":"323","image_alt":"Tulip\u00e1nos h\u00e1zsz\u00e1mt\u00e1bla utcan\u00e9vvel - n\u00e9pi mot\u00edvumos k\u00fclt\u00e9ri kapusz\u00e1m, id\u0151j\u00e1r\u00e1s\u00e1ll\u00f3 ASA, Egyedi h\u00e1zsz\u00e1mt\u00e1bla magyar n\u00e9pi mot\u00edvummal, tulip\u00e1nos d\u00edsz\u00edt\u00e9ssel \u00e9s utcan\u00e9vvel, k\u00fclt\u00e9ri haszn\u00e1latra..., Meska","image_title":"Tulip\u00e1nos h\u00e1zsz\u00e1mt\u00e1bla utcan\u00e9vvel - n\u00e9pi mot\u00edvumos k\u00fclt\u00e9ri kapusz\u00e1m, id\u0151j\u00e1r\u00e1s\u00e1ll\u00f3 ASA, Meska","view_count":"453","favourite_count":"0","trending_score":"0","last2MonthFavouriteCount":"0","promotion":"0","giftcard_accept":"0","creditcard_accept":true,"enhanced_background":"0","domain":"meska","specific_customer_id":null,"specific_customer_name":null,"to_order_product":"1","to_order_product_time":"1","product_different":null,"product_different_description":"","vintage":"0","vintage_category_id":"0","recycled":"0","gemstone_id":"0","customizable":"1","type_category":"physical","zerowaste":"0","postage_price":"1349.00","shop_order":"0","has_category":"1","landing_pages":null,"microdata":{"number":17,"category":""},"title":"Tulip\u00e1nos h\u00e1zsz\u00e1mt\u00e1bla utcan\u00e9vvel - n\u00e9pi mot\u00edvumos k\u00fclt\u00e9ri kapusz\u00e1m, id\u0151j\u00e1r\u00e1s\u00e1ll\u00f3 ASA","description":"Egyedi h\u00e1zsz\u00e1mt\u00e1bla magyar n\u00e9pi mot\u00edvummal, tulip\u00e1nos d\u00edsz\u00edt\u00e9ssel \u00e9s utcan\u00e9vvel, k\u00fclt\u00e9ri haszn\u00e1latra. A t\u00e1bla s\u00edk fel\u00fclet\u0171 (nem dombor\u00fa), n\u00e9gyzetes form\u00e1tum\u00fa, k\u00e9t sz\u00ednnel nyomtatva: az alap \u00e9s a d\u00edsz\u00edt\u00e9s k\u00fcl\u00f6n sz\u00ednben k\u00e9sz\u00fcl. A vir\u00e1gos-tulip\u00e1nos keret hagyom\u00e1nyos magyar n\u00e9pm\u0171v\u00e9szeti mint\u00e1t id\u00e9z. Alkalmas kapura, ker\u00edt\u00e9sre, falra, postal\u00e1d\u00e1ra vagy b\u00e1rmilyen sima fel\u00fcletre.\n\nRENDEL\u00c9S MENETE\n\nA rendel\u00e9skor a megjegyz\u00e9s rovatba \u00edrd be a k\u00f6vetkez\u0151ket:\n- A h\u00e1zsz\u00e1mot (sz\u00e1m, sz\u00e1m\/bet\u0171 stb.)\n- A k\u00f6zter\u00fclet nev\u00e9t (utca, s\u00e9t\u00e1ny, t\u00e9r, \u00fat, k\u00f6z stb.)\n- Ha van egy\u00e9b k\u00e9r\u00e9sed (pl. bet\u0171m\u00e9ret, elrendez\u00e9s), azt is\n\nA rendel\u00e9s ut\u00e1n n\u00e9h\u00e1ny \u00f3r\u00e1n bel\u00fcl k\u00fcld\u00f6m az el\u0151n\u00e9zeti tervet, mell\u00e9 t\u00f6bb sz\u00e1z bet\u0171t\u00edpus mint\u00e1t is, hogy kiv\u00e1laszthasd a neked tetsz\u0151t. Ha m\u00f3dos\u00edtani szeretn\u00e9l a terven, megoldjuk. Amikor a terv v\u00e9gleges, indul a 3D nyomtat\u00e1s. Az elk\u00e9sz\u00fclt t\u00e1bl\u00e1r\u00f3l m\u00e9rc\u00e9s fot\u00f3t k\u00fcld\u00f6k, hogy a post\u00e1z\u00e1s el\u0151tt l\u00e1sd a v\u00e9geredm\u00e9nyt.\n\nM\u00c9RETEK\n\nA t\u00e1bla majdnem n\u00e9gyzet alak\u00fa, az ar\u00e1nyok minden m\u00e9retn\u00e9l azonosak:\n- 10 x 10,3 cm (alapm\u00e9ret, +0 Ft) - kompakt, postal\u00e1d\u00e1ra is ide\u00e1lis\n- 15 x 15,8 cm (+2 000 Ft)\n- 20 x 21 cm (+3 000 Ft)\n- 25 x 26,5 cm (+5 000 Ft)\n- 30 x 32 cm (+8 000 Ft) - j\u00f3l l\u00e1that\u00f3 t\u00e1volabbr\u00f3l is\nHa egyik m\u00e9ret sem felel meg, egyedi m\u00e9retet is tudok k\u00e9sz\u00edteni. \u00cdrj \u00fczenetet \u00e9s megbesz\u00e9lj\u00fck.\n\nVASTAGS\u00c1GOK\n\n- 1,6 mm: alapvastags\u00e1g, k\u00f6nny\u0171, ragaszt\u00e1shoz ide\u00e1lis\n- 2,0 mm: +2 000 Ft\n- 2,5 mm: +3 000 Ft\n- 3,0 mm: +5 000 Ft\n- 5,0 mm: +8 000 Ft, massz\u00edv kivitel\n\nANYAG\n\nA t\u00e1bla ASA (akrilonitril-sztirol-akril\u00e1t) m\u0171anyagb\u00f3l k\u00e9sz\u00fcl, amely kifejezetten k\u00fclt\u00e9ri alkalmaz\u00e1sokra lett kifejlesztve:\n- UV-\u00e1ll\u00f3: nem s\u00e1rgul, nem fakul az er\u0151s naps\u00fct\u00e9sben sem\n- V\u00edz\u00e1ll\u00f3: es\u0151, h\u00f3, j\u00e9g, p\u00e1ra nem \u00e1rt neki\n- H\u0151t\u0171r\u0151: -30 fokt\u00f3l +80 fokig haszn\u00e1lhat\u00f3, nem vetemedik, nem reped\n- Tart\u00f3sabb k\u00fclt\u00e9ren, mint a PLA, PETG vagy ABS m\u0171anyagok\n\nA felirat \u00e9s az alapt\u00e1bla k\u00e9tsz\u00edn\u0171 nyomtat\u00e1ssal k\u00e9sz\u00fcl egyben, nem festve vagy grav\u00edrozva. A sz\u00f6veg \u00e9s a d\u00edsz\u00edt\u00e9s a t\u00e1bla szerves r\u00e9sze: nem kopik le, nem h\u00e1mlik, nem fakul ki k\u00fcl\u00f6n az alapt\u00f3l.\n\nEL\u00c9RHET\u0150 SZ\u00cdNEK\n\n- Fekete (RAL 9017)\n- Feh\u00e9r (RAL 9003)\n- Bazaltsz\u00fcrke (RAL 7012)\n- K\u00e9k (RAL 5015)\n- Barna (RAL 8017)\n- Bord\u00f3 (RAL 3031)\n- Sz\u00fcrke (RAL 7011)\n- Polar White (ath\u00e9n sz\u00fcrke \u00e1rnyalat)\n- Antracit sz\u00fcrke (RAL 7016)\nEgyedi sz\u00edn is k\u00e9rhet\u0151: \u00fczenetben el\u0151re egyeztetj\u00fck.\n\nR\u00d6GZ\u00cdT\u00c9S\n\nK\u00fclt\u00e9ri \u00e9p\u00edt\u00e9si ragaszt\u00f3val javasoljuk a felszerel\u00e9st (pl. Pattex One For All, Soudal Fix All vagy hasonl\u00f3 k\u00fclt\u00e9ri \u00e9p\u00edt\u00e9si ragaszt\u00f3). Sima fel\u00fcleten (vakolat, t\u00e9gla, beton, f\u00e9m, fa) tart\u00f3san megmarad. Ha csavaros r\u00f6gz\u00edt\u00e9st szeretn\u00e9l, a t\u00e1bla furatokkal is k\u00e9rhet\u0151.\n\nGY\u00c1RT\u00c1S\n\nA nyomtat\u00e1s Prusa XL 5T g\u00e9ppel t\u00f6rt\u00e9nik, sima satin nyomtat\u00f3lapra. Minden darab egyedileg k\u00e9sz\u00fcl a Te adataiddal.\n\nAJ\u00c1ND\u00c9KBA\n\nHagyom\u00e1nyos magyar mot\u00edvumot kedvel\u0151knek, h\u00e1zavat\u00f3ra, k\u00f6lt\u00f6z\u00e9sre is k\u00fcl\u00f6nleges szem\u00e9lyes aj\u00e1nd\u00e9k\u00f6tlet.\n\nElk\u00e9sz\u00edt\u00e9si id\u0151: kb. 1 munkanap a terv j\u00f3v\u00e1hagy\u00e1sa ut\u00e1n.\nAj\u00e1nd\u00e9k 3D nyomtatott narancsh\u00e1moz\u00f3 gy\u0171r\u0171 j\u00e1r minden rendel\u00e9shez.\n","score":0,"formatted_price":"2 990 Ft","image_url":"https:\/\/www.meska.hu\/img\/product\/small\/d\/a\/darimi_product_702579_250831151538_067282.png","formatted_url":"https:\/\/www.meska.hu\/p5613636-egyedi-hazszamtabla-3d-nyomtatott-idojarasallo-asa","favourite":false,"in_stock":false,"avatar":"702579_avatar_1739694015.jpeg","delete_from":0,"is_enhanced_background":false,"is_enhanced":false,"product_selection_started":false,"is_active":true,"image_webp_url":"https:\/\/www.meska.hu\/img\/product\/small\/d\/a\/darimi_product_702579_250831151538_067282.webp"},{"id":"5967551","shop_id":"47945","user_id":"702579","shop_name":"Darimi","shop_zip":"2030","product_code":"5652648","product_name_old":null,"product_name":"Egyedi brit r\u00f6vidsz\u0151r\u0171 cic\u00e1s h\u00e1zsz\u00e1mt\u00e1bla - macsk\u00e1s k\u00fclt\u00e9ri h\u00e1zsz\u00e1m, UV-\u00e1ll\u00f3 t\u00e1bla","category_string":"Otthon & \u00c9letm\u00f3d, H\u00e1z & Kert, H\u00e1zsz\u00e1m","technic_string":"Mindenm\u00e1s","category_1":"813","category_2":"897","category_3":"431","category_4":"0","merged_category_1":null,"merged_category_2":null,"merged_category_3":null,"technic_1":"493","technic_2":"0","technic_3":"0","color_1":"519","color_2":"520","color_3":"527","product_description_old":null,"product_description":"Brit r\u00f6vidsz\u0151r\u0171 cica mot\u00edvumos egyedi h\u00e1zsz\u00e1mt\u00e1bla, amelyet a te h\u00e1zsz\u00e1modra \u00e9s c\u00edmedre k\u00e9sz\u00edt\u00fcnk el. Ha brit r\u00f6vidsz\u0151r\u0171 macska gazd\u00e1ja vagy, ez a t\u00e1bla a kedvenc fajt\u00e1dat jelen\u00edti meg a bej\u00e1ratodon. A brit r\u00f6vidsz\u0151r\u0171 jellegzetes kerek feje \u00e9s t\u00f6mzsi testalkata m\u00e1r sziluettk\u00e9nt is azonnal felismerhet\u0151, \u00edgy a t\u00e1bla k\u00fcl\u00f6nleges \u00e9s szem\u00e9lyes lesz.\n\nMERETEK\n\nEl\u00e9rhet\u0151 m\u00e9retek:\n- S: 20 x 8 cm (alap\u00e1r: 5 490 Ft) - kisebb kapufel\u00fcletre, postal\u00e1da mell\u00e9\n- M: 30 x 12 cm - \u00e1tlagos ker\u00edt\u00e9sre, kapura\n- L: 35 x 14 cm - j\u00f3l l\u00e1that\u00f3, utc\u00e1r\u00f3l is olvashat\u00f3\n- XL: 40 x 16 cm - nagy ker\u00edt\u00e9seken \u00e9s utcafronti falakon \u00e9rv\u00e9nyes\u00fcl igaz\u00e1n\n\nA vastags\u00e1g 1,6 mm-t\u0151l 8 mm-ig v\u00e1laszthat\u00f3. V\u00e9konyabb v\u00e1ltozat eleg\u00e1ns, visszafogott; vastagabb t\u00e1bla mark\u00e1nsabb, massz\u00edvabb hat\u00e1st kelt.\n\nSZINEK\n\n8 el\u0151re kiv\u00e1lasztott RAL sz\u00edn k\u00f6z\u00fcl v\u00e1laszthatsz, de egyedi sz\u00edn is k\u00e9rhet\u0151. A sz\u00ednek RAL ipari sz\u00ednsk\u00e1l\u00e1b\u00f3l val\u00f3k, Prusa XL 5T nyomtat\u00f3val ak\u00e1r 5 sz\u00ednben k\u00e9sz\u00fcl fest\u00e9s n\u00e9lk\u00fcl. A sz\u00edn az anyag r\u00e9sze, nem kopik le az \u00e9vek sor\u00e1n sem, nem h\u00e1mlaszthat\u00f3 \u00e9s nem fakul. A RAL ipari sz\u00ednrendszer biztos\u00edtja az egyenletes, professzion\u00e1lis megjelen\u00e9st, amely \u00e9vtizeden \u00e1t v\u00e1ltozatlan marad.\n\nANYAG\n\nA h\u00e1zsz\u00e1mt\u00e1bla ASA ipari m\u0171anyagb\u00f3l k\u00e9sz\u00fcl, amely kifejezetten k\u00fclt\u00e9ri tart\u00f3s haszn\u00e1latra lett kifejlesztve. Id\u0151j\u00e1r\u00e1s\u00e1ll\u00f3: -30 fokt\u00f3l +80 fokig b\u00edrja a hideget \u00e9s a meleget. UV-\u00e1ll\u00f3, es\u0151\u00e1ll\u00f3 \u00e9s fagy\u00e1ll\u00f3, \u00edgy eg\u00e9sz \u00e9vben kint maradhat a ker\u00edt\u00e9sen vagy a falon. Szat\u00e9n fel\u00fclet\u0171, s\u00edk kivitel\u0171 t\u00e1bla, teh\u00e1t nem dombor\u00fa.\n\nA t\u00e1bla k\u00fclt\u00e9ri tart\u00f3ss\u00e1ga 10 \u00e9vet meghalad\u00f3, \u00edgy hossz\u00fa t\u00e1von is megb\u00edzhat\u00f3an szolg\u00e1l. Az ASA anyag k\u00f6nnyen karbantarthat\u00f3, alkalmank\u00e9nt egy nedves t\u00f6rl\u0151kend\u0151vel tiszt\u00edthat\u00f3.\n\nROGZITES\n\nK\u00fclt\u00e9ri \u00e9p\u00edt\u00e9si ragaszt\u00f3val a legpraktikusabb r\u00f6gz\u00edteni a falra, kapura vagy ker\u00edt\u00e9sre. Tart\u00f3s, f\u00far\u00e1smentes megold\u00e1s. Ha m\u00e9gis furatokat szeretn\u00e9l, rendel\u00e9skor jelezd, \u00e9s elk\u00e9sz\u00edtj\u00fck. A ragaszt\u00f3s felhelyez\u00e9s nem rong\u00e1lja a fel\u00fcletet, \u00e9s a t\u00e1bla sz\u00fcks\u00e9g eset\u00e9n \u00e1thelyezhet\u0151 m\u00e1sik helyre.\n\nHOGYAN RENDELHETSZ?\n\nRendel\u00e9skor add meg a h\u00e1zsz\u00e1mot vagy utcanevet, v\u00e1laszd ki a m\u00e9retet, vastags\u00e1got \u00e9s sz\u00ednt. Ha b\u00e1rmilyen egyedi k\u00e9r\u00e9sed van az elrendez\u00e9ssel kapcsolatban, \u00edrj \u00fczenetet \u00e9s egyeztet\u00fcnk. K\u00e9rhetsz csak h\u00e1zsz\u00e1mos vagy utcaneves v\u00e1ltozatot is.\n\nMIRE JO?\n\nA brit r\u00f6vidsz\u0151r\u0171 cica az egyik legn\u00e9pszer\u0171bb macskafajta, eleg\u00e1ns \u00e9s nyugodt term\u00e9szete miatt sokan v\u00e1lasztj\u00e1k t\u00e1rs\u00e1llatnak. Ez a h\u00e1zsz\u00e1mt\u00e1bla azoknak k\u00e9sz\u00fclt, akik b\u00fcszk\u00e9n v\u00e1llalj\u00e1k, hogy brit r\u00f6vidsz\u0151r\u0171 cica osztozik vel\u00fck az otthonukon. A fajtaspecifikus sziluett azt mutatja, hogy a gazdi komolyan veszi a cicaszeretetet.\n\n- Brit r\u00f6vidsz\u0151r\u0171 gazdik bej\u00e1rat\u00e1nak d\u00edsz\u00edt\u00e9s\u00e9re\n- H\u00e1zavat\u00f3ra, sz\u00fclet\u00e9snapra vagy kar\u00e1csonyra macsk\u00e1s ismer\u0151s\u00f6knek\n- N\u00e9vnapra, any\u00e1k napj\u00e1ra szint\u00e9n kedves meglepet\u00e9s\n- Tavaszi kertrendez\u00e9shez, fel\u00faj\u00edt\u00e1shoz, k\u00f6lt\u00f6z\u00e9shez\n\nKAPCSOLODO TERMEKEK\n\nA boltunkban a brit r\u00f6vidsz\u0151r\u0171 cica mellett \u00e1ltal\u00e1nos cic\u00e1s h\u00e1zsz\u00e1mt\u00e1bla is el\u00e9rhet\u0151, ha valaki nem konkr\u00e9t fajt\u00e1t, hanem \u00e1ltal\u00e1nos macska\u00e1br\u00e1zol\u00e1st szeretne. A kapcsol\u00f3d\u00edszeink k\u00f6z\u00f6tt megtal\u00e1lod a k\u00e9t cic\u00e1s \u00e9s a kukucsk\u00e1l\u00f3 cic\u00e1s kapcsol\u00f3fedelet is, amelyek a lak\u00e1s bels\u0151 tereiben folytatj\u00e1k a macsk\u00e1s hangulatot. Egy brit r\u00f6vidsz\u0151r\u0171 cic\u00e1s h\u00e1zsz\u00e1mt\u00e1bla \u00e9s egy cic\u00e1s kapcsol\u00f3d\u00edsz egy\u00fctt remek aj\u00e1nd\u00e9kcsomag macskabar\u00e1toknak.\n\nKuty\u00e1s h\u00e1zsz\u00e1mt\u00e1bl\u00e1kat is k\u00e9sz\u00edt\u00fcnk: mopsz, n\u00e9met juh\u00e1sz, tacsk\u00f3, golden retriever \u00e9s corgi mot\u00edvumokkal. Mad\u00e1rp\u00e1ros, madaras, pingvines \u00e9s pillang\u00f3s v\u00e1ltozataink a term\u00e9szet szerelmeseinek sz\u00f3lnak. A postal\u00e1d\u00e1ra \u00f6n\u00e1ll\u00f3 sz\u00e1mjegyeket is rendelhetsz kieg\u00e9sz\u00edt\u00e9sk\u00e9nt, ha egys\u00e9ges bej\u00e1rati megjelen\u00e9sre v\u00e1gysz. Teljesen egyedi tervez\u00e9s\u0171 h\u00e1zsz\u00e1mt\u00e1bla is k\u00e9sz\u00edthet\u0151, ha saj\u00e1t mot\u00edvumot szeretn\u00e9l.\n\nMinden term\u00e9k\u00fcnket egyedileg, rendel\u00e9sre k\u00e9sz\u00edtj\u00fck. K\u00e9rd\u00e9sed van? \u00cdrj b\u00e1tran, gyorsan v\u00e1laszolunk. N\u00e9zd meg a t\u00f6bbi term\u00e9k\u00fcnket is, h\u00e1tha tal\u00e1lsz m\u00e9g valamit, ami tetszik.","price":"5490.00","unit":"db","recommended":"0","status":"1","sponsored":"0","exp_notify":"0","own_material":"0","own_material_description_old":null,"own_material_description":"","jury":"0","jury_number":"","product_nature":"","meskaracsony":"0","create_date":"2026-04-14 22:56:23","shelve_id":"79630","image":"darimi_product_702579_251024200047_580587.png","image_width":"480","image_height":"455","image_alt":"Egyedi brit r\u00f6vidsz\u0151r\u0171 cic\u00e1s h\u00e1zsz\u00e1mt\u00e1bla - macsk\u00e1s k\u00fclt\u00e9ri h\u00e1zsz\u00e1m, UV-\u00e1ll\u00f3 t\u00e1bla, Brit r\u00f6vidsz\u0151r\u0171 cica mot\u00edvumos egyedi h\u00e1zsz\u00e1mt\u00e1bla, amelyet a te h\u00e1zsz\u00e1modra \u00e9s c\u00edmedre k\u00e9sz\u00edt\u00fcnk el..., Meska","image_title":"Egyedi brit r\u00f6vidsz\u0151r\u0171 cic\u00e1s h\u00e1zsz\u00e1mt\u00e1bla - macsk\u00e1s k\u00fclt\u00e9ri h\u00e1zsz\u00e1m, UV-\u00e1ll\u00f3 t\u00e1bla, Meska","view_count":"2675","favourite_count":"0","trending_score":"0","last2MonthFavouriteCount":"0","promotion":"0","giftcard_accept":"0","creditcard_accept":true,"enhanced_background":"0","domain":"meska","specific_customer_id":null,"specific_customer_name":null,"to_order_product":"1","to_order_product_time":"1","product_different":null,"product_different_description":"","vintage":"0","vintage_category_id":"0","recycled":"0","gemstone_id":"0","customizable":"1","type_category":"physical","zerowaste":"0","postage_price":"1349.00","shop_order":"0","has_category":"1","landing_pages":null,"microdata":{"number":18,"category":""},"title":"Egyedi brit r\u00f6vidsz\u0151r\u0171 cic\u00e1s h\u00e1zsz\u00e1mt\u00e1bla - macsk\u00e1s k\u00fclt\u00e9ri h\u00e1zsz\u00e1m, UV-\u00e1ll\u00f3 t\u00e1bla","description":"Brit r\u00f6vidsz\u0151r\u0171 cica mot\u00edvumos egyedi h\u00e1zsz\u00e1mt\u00e1bla, amelyet a te h\u00e1zsz\u00e1modra \u00e9s c\u00edmedre k\u00e9sz\u00edt\u00fcnk el. Ha brit r\u00f6vidsz\u0151r\u0171 macska gazd\u00e1ja vagy, ez a t\u00e1bla a kedvenc fajt\u00e1dat jelen\u00edti meg a bej\u00e1ratodon. A brit r\u00f6vidsz\u0151r\u0171 jellegzetes kerek feje \u00e9s t\u00f6mzsi testalkata m\u00e1r sziluettk\u00e9nt is azonnal felismerhet\u0151, \u00edgy a t\u00e1bla k\u00fcl\u00f6nleges \u00e9s szem\u00e9lyes lesz.\n\nMERETEK\n\nEl\u00e9rhet\u0151 m\u00e9retek:\n- S: 20 x 8 cm (alap\u00e1r: 5 490 Ft) - kisebb kapufel\u00fcletre, postal\u00e1da mell\u00e9\n- M: 30 x 12 cm - \u00e1tlagos ker\u00edt\u00e9sre, kapura\n- L: 35 x 14 cm - j\u00f3l l\u00e1that\u00f3, utc\u00e1r\u00f3l is olvashat\u00f3\n- XL: 40 x 16 cm - nagy ker\u00edt\u00e9seken \u00e9s utcafronti falakon \u00e9rv\u00e9nyes\u00fcl igaz\u00e1n\n\nA vastags\u00e1g 1,6 mm-t\u0151l 8 mm-ig v\u00e1laszthat\u00f3. V\u00e9konyabb v\u00e1ltozat eleg\u00e1ns, visszafogott; vastagabb t\u00e1bla mark\u00e1nsabb, massz\u00edvabb hat\u00e1st kelt.\n\nSZINEK\n\n8 el\u0151re kiv\u00e1lasztott RAL sz\u00edn k\u00f6z\u00fcl v\u00e1laszthatsz, de egyedi sz\u00edn is k\u00e9rhet\u0151. A sz\u00ednek RAL ipari sz\u00ednsk\u00e1l\u00e1b\u00f3l val\u00f3k, Prusa XL 5T nyomtat\u00f3val ak\u00e1r 5 sz\u00ednben k\u00e9sz\u00fcl fest\u00e9s n\u00e9lk\u00fcl. A sz\u00edn az anyag r\u00e9sze, nem kopik le az \u00e9vek sor\u00e1n sem, nem h\u00e1mlaszthat\u00f3 \u00e9s nem fakul. A RAL ipari sz\u00ednrendszer biztos\u00edtja az egyenletes, professzion\u00e1lis megjelen\u00e9st, amely \u00e9vtizeden \u00e1t v\u00e1ltozatlan marad.\n\nANYAG\n\nA h\u00e1zsz\u00e1mt\u00e1bla ASA ipari m\u0171anyagb\u00f3l k\u00e9sz\u00fcl, amely kifejezetten k\u00fclt\u00e9ri tart\u00f3s haszn\u00e1latra lett kifejlesztve. Id\u0151j\u00e1r\u00e1s\u00e1ll\u00f3: -30 fokt\u00f3l +80 fokig b\u00edrja a hideget \u00e9s a meleget. UV-\u00e1ll\u00f3, es\u0151\u00e1ll\u00f3 \u00e9s fagy\u00e1ll\u00f3, \u00edgy eg\u00e9sz \u00e9vben kint maradhat a ker\u00edt\u00e9sen vagy a falon. Szat\u00e9n fel\u00fclet\u0171, s\u00edk kivitel\u0171 t\u00e1bla, teh\u00e1t nem dombor\u00fa.\n\nA t\u00e1bla k\u00fclt\u00e9ri tart\u00f3ss\u00e1ga 10 \u00e9vet meghalad\u00f3, \u00edgy hossz\u00fa t\u00e1von is megb\u00edzhat\u00f3an szolg\u00e1l. Az ASA anyag k\u00f6nnyen karbantarthat\u00f3, alkalmank\u00e9nt egy nedves t\u00f6rl\u0151kend\u0151vel tiszt\u00edthat\u00f3.\n\nROGZITES\n\nK\u00fclt\u00e9ri \u00e9p\u00edt\u00e9si ragaszt\u00f3val a legpraktikusabb r\u00f6gz\u00edteni a falra, kapura vagy ker\u00edt\u00e9sre. Tart\u00f3s, f\u00far\u00e1smentes megold\u00e1s. Ha m\u00e9gis furatokat szeretn\u00e9l, rendel\u00e9skor jelezd, \u00e9s elk\u00e9sz\u00edtj\u00fck. A ragaszt\u00f3s felhelyez\u00e9s nem rong\u00e1lja a fel\u00fcletet, \u00e9s a t\u00e1bla sz\u00fcks\u00e9g eset\u00e9n \u00e1thelyezhet\u0151 m\u00e1sik helyre.\n\nHOGYAN RENDELHETSZ?\n\nRendel\u00e9skor add meg a h\u00e1zsz\u00e1mot vagy utcanevet, v\u00e1laszd ki a m\u00e9retet, vastags\u00e1got \u00e9s sz\u00ednt. Ha b\u00e1rmilyen egyedi k\u00e9r\u00e9sed van az elrendez\u00e9ssel kapcsolatban, \u00edrj \u00fczenetet \u00e9s egyeztet\u00fcnk. K\u00e9rhetsz csak h\u00e1zsz\u00e1mos vagy utcaneves v\u00e1ltozatot is.\n\nMIRE JO?\n\nA brit r\u00f6vidsz\u0151r\u0171 cica az egyik legn\u00e9pszer\u0171bb macskafajta, eleg\u00e1ns \u00e9s nyugodt term\u00e9szete miatt sokan v\u00e1lasztj\u00e1k t\u00e1rs\u00e1llatnak. Ez a h\u00e1zsz\u00e1mt\u00e1bla azoknak k\u00e9sz\u00fclt, akik b\u00fcszk\u00e9n v\u00e1llalj\u00e1k, hogy brit r\u00f6vidsz\u0151r\u0171 cica osztozik vel\u00fck az otthonukon. A fajtaspecifikus sziluett azt mutatja, hogy a gazdi komolyan veszi a cicaszeretetet.\n\n- Brit r\u00f6vidsz\u0151r\u0171 gazdik bej\u00e1rat\u00e1nak d\u00edsz\u00edt\u00e9s\u00e9re\n- H\u00e1zavat\u00f3ra, sz\u00fclet\u00e9snapra vagy kar\u00e1csonyra macsk\u00e1s ismer\u0151s\u00f6knek\n- N\u00e9vnapra, any\u00e1k napj\u00e1ra szint\u00e9n kedves meglepet\u00e9s\n- Tavaszi kertrendez\u00e9shez, fel\u00faj\u00edt\u00e1shoz, k\u00f6lt\u00f6z\u00e9shez\n\nKAPCSOLODO TERMEKEK\n\nA boltunkban a brit r\u00f6vidsz\u0151r\u0171 cica mellett \u00e1ltal\u00e1nos cic\u00e1s h\u00e1zsz\u00e1mt\u00e1bla is el\u00e9rhet\u0151, ha valaki nem konkr\u00e9t fajt\u00e1t, hanem \u00e1ltal\u00e1nos macska\u00e1br\u00e1zol\u00e1st szeretne. A kapcsol\u00f3d\u00edszeink k\u00f6z\u00f6tt megtal\u00e1lod a k\u00e9t cic\u00e1s \u00e9s a kukucsk\u00e1l\u00f3 cic\u00e1s kapcsol\u00f3fedelet is, amelyek a lak\u00e1s bels\u0151 tereiben folytatj\u00e1k a macsk\u00e1s hangulatot. Egy brit r\u00f6vidsz\u0151r\u0171 cic\u00e1s h\u00e1zsz\u00e1mt\u00e1bla \u00e9s egy cic\u00e1s kapcsol\u00f3d\u00edsz egy\u00fctt remek aj\u00e1nd\u00e9kcsomag macskabar\u00e1toknak.\n\nKuty\u00e1s h\u00e1zsz\u00e1mt\u00e1bl\u00e1kat is k\u00e9sz\u00edt\u00fcnk: mopsz, n\u00e9met juh\u00e1sz, tacsk\u00f3, golden retriever \u00e9s corgi mot\u00edvumokkal. Mad\u00e1rp\u00e1ros, madaras, pingvines \u00e9s pillang\u00f3s v\u00e1ltozataink a term\u00e9szet szerelmeseinek sz\u00f3lnak. A postal\u00e1d\u00e1ra \u00f6n\u00e1ll\u00f3 sz\u00e1mjegyeket is rendelhetsz kieg\u00e9sz\u00edt\u00e9sk\u00e9nt, ha egys\u00e9ges bej\u00e1rati megjelen\u00e9sre v\u00e1gysz. Teljesen egyedi tervez\u00e9s\u0171 h\u00e1zsz\u00e1mt\u00e1bla is k\u00e9sz\u00edthet\u0151, ha saj\u00e1t mot\u00edvumot szeretn\u00e9l.\n\nMinden term\u00e9k\u00fcnket egyedileg, rendel\u00e9sre k\u00e9sz\u00edtj\u00fck. K\u00e9rd\u00e9sed van? \u00cdrj b\u00e1tran, gyorsan v\u00e1laszolunk. N\u00e9zd meg a t\u00f6bbi term\u00e9k\u00fcnket is, h\u00e1tha tal\u00e1lsz m\u00e9g valamit, ami tetszik.","score":0,"formatted_price":"5 490 Ft","image_url":"https:\/\/www.meska.hu\/img\/product\/small\/d\/a\/darimi_product_702579_251024200047_580587.png","formatted_url":"https:\/\/www.meska.hu\/p5652648-egyedi-hazszamtabla-brit-rovid-szoru-cica","favourite":false,"in_stock":false,"avatar":"702579_avatar_1739694015.jpeg","delete_from":0,"is_enhanced_background":false,"is_enhanced":false,"product_selection_started":false,"is_active":true,"image_webp_url":"https:\/\/www.meska.hu\/img\/product\/small\/d\/a\/darimi_product_702579_251024200047_580587.webp"},{"id":"3379502","shop_id":"12524","user_id":"54127","shop_name":"Kiokumitsu","shop_zip":"1155","product_code":"2283252","product_name_old":null,"product_name":"H\u00e1zsz\u00e1mt\u00e1bla - n\u00e9gyzet alak\u00fa","category_string":"Otthon & \u00c9letm\u00f3d, H\u00e1z & Kert, H\u00e1zsz\u00e1m","technic_string":"Mindenm\u00e1s, Fot\u00f3, grafika, rajz, illusztr\u00e1ci\u00f3","category_1":"813","category_2":"897","category_3":"431","category_4":"0","merged_category_1":"0","merged_category_2":"0","merged_category_3":"0","technic_1":"493","technic_2":"483","technic_3":"0","color_1":"519","color_2":"521","color_3":"0","product_description_old":null,"product_description":"Saj\u00e1t tervez\u00e9s\u0171 h\u00e1zsz\u00e1mt\u00e1bla. \u00d6n\u00e1ll\u00f3 kivitelez\u00e9s, bele\u00e9rtve a kiv\u00e1g\u00e1st is.\nN\u00e9gyzet alak\u00fa, csapott sarkokkal.\nAlapm\u00e9ret: 20 x 20 cm, de rendelhet\u0151k nagyobb v\u00e1ltzatok is.\nA megjegyz\u00e9s rovatban tudja majd megadni a t\u00e1bl\u00e1ra fel\u00edrand\u00f3 sz\u00f6veget.\n\nA t\u00e1bla anyaga: Ongrofoam, egy speci\u00e1lis UV \u00e1ll\u00f3 m\u0171anyag, Id\u0151j\u00e1r\u00e1s\u00e1ll\u00f3.\n\nA 30 cm-n\u00e9l nagyobb m\u00e9ret rendel\u00e9s\u00e9n\u00e9l csak a csomag, post\u00e1n marad\u00f3 vagy a fut\u00e1r sz\u00e1ll\u00edt\u00e1si opci\u00f3t haszn\u00e1lja, mert a posta 30 centin\u00e9l nagyobb k\u00fcldem\u00e9nyt csak csomagk\u00e9nt sz\u00e1ll\u00edt.\nK\u00e9rem olvassal el az \u00e1ltal\u00e1nos szerz\u0151d\u00e9si felt\u00e9teleket (\u00c1SZF), melyet a term\u00e9k megv\u00e1s\u00e1rl\u00e1val \u00f6n elfogadott.\n","price":"3990.00","unit":"db","recommended":"0","status":"1","sponsored":"0","exp_notify":"0","own_material":"0","own_material_description_old":null,"own_material_description":"","jury":"0","jury_number":"","product_nature":"","meskaracsony":"0","create_date":"2026-04-14 20:55:24","shelve_id":"44100","image":"kiokumitsu_product_54127_230117175623_045188.jpeg","image_width":"480","image_height":"320","image_alt":"H\u00e1zsz\u00e1mt\u00e1bla - n\u00e9gyzet alak\u00fa, Saj\u00e1t tervez\u00e9s\u0171 h\u00e1zsz\u00e1mt\u00e1bla. \u00d6n\u00e1ll\u00f3 kivitelez\u00e9s, bele\u00e9rtve a kiv\u00e1g\u00e1st is.\\nN\u00e9gyzet alak\u00fa, csapott sa..., Meska","image_title":"H\u00e1zsz\u00e1mt\u00e1bla - n\u00e9gyzet alak\u00fa, Meska","view_count":"1819","favourite_count":"0","trending_score":"0","last2MonthFavouriteCount":"0","promotion":"0","giftcard_accept":"1","creditcard_accept":true,"enhanced_background":"0","domain":"meska","specific_customer_id":null,"specific_customer_name":null,"to_order_product":"1","to_order_product_time":"12","product_different":null,"product_different_description":"","vintage":"0","vintage_category_id":"0","recycled":"0","gemstone_id":"0","customizable":"0","type_category":"physical","zerowaste":"0","postage_price":"2390.00","shop_order":"0","has_category":"1","landing_pages":null,"microdata":{"number":19,"category":""},"title":"H\u00e1zsz\u00e1mt\u00e1bla - n\u00e9gyzet alak\u00fa","description":"Saj\u00e1t tervez\u00e9s\u0171 h\u00e1zsz\u00e1mt\u00e1bla. \u00d6n\u00e1ll\u00f3 kivitelez\u00e9s, bele\u00e9rtve a kiv\u00e1g\u00e1st is.\nN\u00e9gyzet alak\u00fa, csapott sarkokkal.\nAlapm\u00e9ret: 20 x 20 cm, de rendelhet\u0151k nagyobb v\u00e1ltzatok is.\nA megjegyz\u00e9s rovatban tudja majd megadni a t\u00e1bl\u00e1ra fel\u00edrand\u00f3 sz\u00f6veget.\n\nA t\u00e1bla anyaga: Ongrofoam, egy speci\u00e1lis UV \u00e1ll\u00f3 m\u0171anyag, Id\u0151j\u00e1r\u00e1s\u00e1ll\u00f3.\n\nA 30 cm-n\u00e9l nagyobb m\u00e9ret rendel\u00e9s\u00e9n\u00e9l csak a csomag, post\u00e1n marad\u00f3 vagy a fut\u00e1r sz\u00e1ll\u00edt\u00e1si opci\u00f3t haszn\u00e1lja, mert a posta 30 centin\u00e9l nagyobb k\u00fcldem\u00e9nyt csak csomagk\u00e9nt sz\u00e1ll\u00edt.\nK\u00e9rem olvassal el az \u00e1ltal\u00e1nos szerz\u0151d\u00e9si felt\u00e9teleket (\u00c1SZF), melyet a term\u00e9k megv\u00e1s\u00e1rl\u00e1val \u00f6n elfogadott.\n","score":0,"formatted_price":"3 990 Ft","image_url":"https:\/\/www.meska.hu\/img\/product\/small\/k\/i\/kiokumitsu_product_54127_230117175623_045188.jpeg","formatted_url":"https:\/\/www.meska.hu\/p2283252-hazszamtabla-negyzet-alaku","favourite":false,"in_stock":false,"avatar":"Kiokumitsu_avatar_54127_1676920383.jpg","delete_from":0,"is_enhanced_background":false,"is_enhanced":false,"product_selection_started":false,"is_active":true,"image_webp_url":"https:\/\/www.meska.hu\/img\/product\/small\/k\/i\/kiokumitsu_product_54127_230117175623_045188.webp"},{"id":"3485534","shop_id":"12524","user_id":"54127","shop_name":"Kiokumitsu","shop_zip":"1155","product_code":"2235235","product_name_old":null,"product_name":"H\u00e1zsz\u00e1mt\u00e1bla - t\u00e9glalap alak\u00fa","category_string":"Otthon & \u00c9letm\u00f3d, H\u00e1z & Kert, H\u00e1zsz\u00e1m","technic_string":"Mindenm\u00e1s, Fot\u00f3, grafika, rajz, illusztr\u00e1ci\u00f3","category_1":"813","category_2":"897","category_3":"431","category_4":"0","merged_category_1":"0","merged_category_2":"0","merged_category_3":"0","technic_1":"493","technic_2":"483","technic_3":"0","color_1":"519","color_2":"521","color_3":"0","product_description_old":null,"product_description":"Klasszikus alak\u00fa h\u00e1zsz\u00e1mt\u00e1bla. \nSaj\u00e1t tervez\u00e9s\u0171 grafika. Saj\u00e1t kivitelez\u00e9s, bele\u00e9rtve a kiv\u00e1g\u00e1st is.\nM\u00e9rete: 20 x 16 cm, de rendelhet\u0151k nagyobb v\u00e1ltozatok is.\nA megjegyz\u00e9s rovatban tudja majd megadni a t\u00e1bl\u00e1ra fel\u00edrand\u00f3 sz\u00f6veget.\n\nA t\u00e1bla anyaga: Ongrofoam, egy speci\u00e1lis UV \u00e1ll\u00f3 m\u0171anyag, Id\u0151j\u00e1r\u00e1s\u00e1ll\u00f3.\n\nA 30 cm-n\u00e9l nagyobb m\u00e9ret rendel\u00e9s\u00e9n\u00e9l csak a csomag, post\u00e1n marad\u00f3 vagy a fut\u00e1r sz\u00e1ll\u00edt\u00e1si opci\u00f3t haszn\u00e1lja, mert a posta 30 centin\u00e9l nagyobb k\u00fcldem\u00e9nyt csak csomagk\u00e9nt sz\u00e1ll\u00edt.\nK\u00e9rem olvassal el az \u00e1ltal\u00e1nos szerz\u0151d\u00e9si felt\u00e9teleket (\u00c1SZF), melyet a term\u00e9k megv\u00e1s\u00e1rl\u00e1val \u00f6n elfogadott.\n\n","price":"3990.00","unit":"db","recommended":"0","status":"1","sponsored":"0","exp_notify":"0","own_material":"0","own_material_description_old":null,"own_material_description":"","jury":"0","jury_number":"","product_nature":"","meskaracsony":"0","create_date":"2026-04-12 19:40:18","shelve_id":"44100","image":"kiokumitsu_product_54127_150825082759_77911.jpeg","image_width":"480","image_height":"480","image_alt":"H\u00e1zsz\u00e1mt\u00e1bla - t\u00e9glalap alak\u00fa, Klasszikus alak\u00fa h\u00e1zsz\u00e1mt\u00e1bla. \\nSaj\u00e1t tervez\u00e9s\u0171 grafika. Saj\u00e1t kivitelez\u00e9s, bele\u00e9rtve a kiv\u00e1g\u00e1st is...., Meska","image_title":"H\u00e1zsz\u00e1mt\u00e1bla - t\u00e9glalap alak\u00fa, Meska","view_count":"8522","favourite_count":"0","trending_score":"0","last2MonthFavouriteCount":"0","promotion":"0","giftcard_accept":"1","creditcard_accept":true,"enhanced_background":"0","domain":"meska","specific_customer_id":null,"specific_customer_name":null,"to_order_product":"1","to_order_product_time":"12","product_different":"different","product_different_description":"A k\u00e9perny\u0151n l\u00e1that\u00f3 sz\u00ednek felbont\u00e1sa \u00e9s a nyomdai sz\u00ednek felbont\u00e1sa kis m\u00e9rt\u00e9kben elt\u00e9rhet!","vintage":"0","vintage_category_id":"0","recycled":"0","gemstone_id":"0","customizable":"0","type_category":"physical","zerowaste":"0","postage_price":"2390.00","shop_order":"0","has_category":"1","landing_pages":null,"microdata":{"number":20,"category":""},"title":"H\u00e1zsz\u00e1mt\u00e1bla - t\u00e9glalap alak\u00fa","description":"Klasszikus alak\u00fa h\u00e1zsz\u00e1mt\u00e1bla. \nSaj\u00e1t tervez\u00e9s\u0171 grafika. Saj\u00e1t kivitelez\u00e9s, bele\u00e9rtve a kiv\u00e1g\u00e1st is.\nM\u00e9rete: 20 x 16 cm, de rendelhet\u0151k nagyobb v\u00e1ltozatok is.\nA megjegyz\u00e9s rovatban tudja majd megadni a t\u00e1bl\u00e1ra fel\u00edrand\u00f3 sz\u00f6veget.\n\nA t\u00e1bla anyaga: Ongrofoam, egy speci\u00e1lis UV \u00e1ll\u00f3 m\u0171anyag, Id\u0151j\u00e1r\u00e1s\u00e1ll\u00f3.\n\nA 30 cm-n\u00e9l nagyobb m\u00e9ret rendel\u00e9s\u00e9n\u00e9l csak a csomag, post\u00e1n marad\u00f3 vagy a fut\u00e1r sz\u00e1ll\u00edt\u00e1si opci\u00f3t haszn\u00e1lja, mert a posta 30 centin\u00e9l nagyobb k\u00fcldem\u00e9nyt csak csomagk\u00e9nt sz\u00e1ll\u00edt.\nK\u00e9rem olvassal el az \u00e1ltal\u00e1nos szerz\u0151d\u00e9si felt\u00e9teleket (\u00c1SZF), melyet a term\u00e9k megv\u00e1s\u00e1rl\u00e1val \u00f6n elfogadott.\n\n","score":0,"formatted_price":"3 990 Ft","image_url":"https:\/\/www.meska.hu\/img\/product\/small\/k\/i\/kiokumitsu_product_54127_150825082759_77911.jpeg","formatted_url":"https:\/\/www.meska.hu\/p2235235-hazszamtabla-teglalap-alaku","favourite":false,"in_stock":false,"avatar":"Kiokumitsu_avatar_54127_1676920383.jpg","delete_from":0,"is_enhanced_background":false,"is_enhanced":false,"product_selection_started":false,"is_active":true,"image_webp_url":"https:\/\/www.meska.hu\/img\/product\/small\/k\/i\/kiokumitsu_product_54127_150825082759_77911.webp"},{"id":"5941625","shop_id":"47945","user_id":"702579","shop_name":"Darimi","shop_zip":"2030","product_code":"5634019","product_name_old":null,"product_name":"Egyedi lev\u00e9l mot\u00edvumos h\u00e1zsz\u00e1mt\u00e1bla - saj\u00e1t mint\u00e1val, log\u00f3val k\u00fclt\u00e9ri ASA h\u00e1zsz\u00e1m 1950 Ft-t\u00f3l","category_string":"Otthon & \u00c9letm\u00f3d, H\u00e1z & Kert, H\u00e1zsz\u00e1m","technic_string":"Mindenm\u00e1s","category_1":"813","category_2":"897","category_3":"431","category_4":"0","merged_category_1":null,"merged_category_2":null,"merged_category_3":null,"technic_1":"493","technic_2":"0","technic_3":"0","color_1":"519","color_2":"520","color_3":"527","product_description_old":null,"product_description":"Egyedi lev\u00e9l mint\u00e1s h\u00e1zsz\u00e1mt\u00e1bla, amelyre b\u00e1rmilyen saj\u00e1t mint\u00e1t, log\u00f3t, grafik\u00e1t vagy szimb\u00f3lumot k\u00e9rhetsz a h\u00e1zsz\u00e1m mell\u00e9. Ha a k\u00e9sz mot\u00edvumok k\u00f6z\u00f6tt (kuty\u00e1s, madaras, haj\u00f3s) nem tal\u00e1lod azt, ami igaz\u00e1n a ti\u00e9d lenne, itt te hat\u00e1rozod meg a diz\u00e1jnt. C\u00e9glog\u00f3, csal\u00e1di c\u00edmer, kedvenc hobbi szimb\u00f3luma, egyedi rajz - gyakorlatilag b\u00e1rmi megval\u00f3s\u00edthat\u00f3.\n\nMERETEK ES ARAK\n\nAz alap\u00e1r 1950 Ft-t\u00f3l indul, ami a boltunk egyik legkedvez\u0151bb bel\u00e9p\u0151 \u00e1ra h\u00e1zsz\u00e1mt\u00e1bl\u00e1kra. Hat m\u00e9ret k\u00f6z\u00fcl v\u00e1laszthatsz:\n- 15 cm (alap\u00e1r)\n- 20 cm\n- 25 cm\n- 30 cm\n- 35 cm\n- 40 cm\n\nA nagyobb m\u00e9ret term\u00e9szetesen magasabb \u00e1rral j\u00e1r, de m\u00e9g a 40 cm-es v\u00e1ltozat is el\u00e9rhet\u0151 \u00e1ron marad. A m\u00e9ret a mot\u00edvum \u00f6sszetetts\u00e9g\u00e9hez is igazodik: egyszer\u0171bb grafik\u00e1n\u00e1l a kisebb m\u00e9ret is sz\u00e9p r\u00e9szletess\u00e9get ad, bonyolultabb mint\u00e1n\u00e1l \u00e9rdemes a 25 cm feletti m\u00e9reteket v\u00e1lasztani.\n\nA vastags\u00e1g 1,6 mm-t\u0151l 8 mm-ig \u00e1ll\u00edthat\u00f3. A v\u00e9konyabb v\u00e1ltozat (1,6-2 mm) eleg\u00e1ns, lapos megjelen\u00e9st ad, a k\u00f6zepes tartom\u00e1ny (2,5-3 mm) kellemes plasztikuss\u00e1got k\u00f6lcs\u00f6n\u00f6z, m\u00edg a vastagabb (5-8 mm) massz\u00edv, komolyabb hat\u00e1st kelt.\n\nSZINEK\n\nKilenc RAL ipari sz\u00edn \u00e1ll rendelkez\u00e9sre, de egyedi sz\u00edn is k\u00e9rhet\u0151. A Prusa XL 5T nyomtat\u00f3val ak\u00e1r 5 sz\u00edn haszn\u00e1lhat\u00f3 egyetlen t\u00e1bl\u00e1n fest\u00e9s n\u00e9lk\u00fcl, ami a mot\u00edvumos t\u00e1bl\u00e1kn\u00e1l k\u00fcl\u00f6n\u00f6sen fontos: a saj\u00e1t mint\u00e1d sz\u00ednesben is elk\u00e9sz\u00fclhet, nem csak egysz\u00edn\u0171 sziluettk\u00e9nt. A szat\u00e9n fel\u00fclet kellemes tapint\u00e1s\u00fa \u00e9s nem t\u00fckr\u00f6z\u0151dik, ami napf\u00e9nyes homlokzatokon is j\u00f3l olvashat\u00f3 feliratot eredm\u00e9nyez.\n\nANYAG\n\nAz ASA anyag teljes t\u00f6meg\u00e9ben sz\u00ednes, nem festett, \u00edgy a sz\u00edn nem kopik \u00e9s nem h\u00e1mlik. Az ASA a k\u00fclt\u00e9ri tart\u00f3ss\u00e1g bajnoka: UV-\u00e1ll\u00f3, es\u0151\u00e1ll\u00f3, fagy\u00e1ll\u00f3, -30 fokt\u00f3l +80 fokig megtartja form\u00e1j\u00e1t \u00e9s sz\u00edn\u00e9t. A mot\u00edvum \u00e9s a felirat \u00e9vtizedekig \u00e9les \u00e9s olvashat\u00f3 marad, nem fakul a napon, nem \u00e1zik el az es\u0151ben. Legal\u00e1bb 10 \u00e9ves k\u00fclt\u00e9ri \u00e9lettartammal sz\u00e1molhatsz.\n\nROGZITES\n\nA t\u00e1bla s\u00edk fel\u00fclet\u0171, nem dombor\u00fa. R\u00f6gz\u00edt\u00e9shez k\u00fclt\u00e9ri \u00e9p\u00edt\u00e9si ragaszt\u00f3 (p\u00e9ld\u00e1ul Pattex One For All) a legegyszer\u0171bb megold\u00e1s: h\u00e1tlapra kenve, falhoz nyomva gyorsan \u00e9s tiszt\u00e1n felhelyezhet\u0151. T\u00e9gl\u00e1n, vakolt falon, fa fel\u00fcleten \u00e9s f\u00e9m kapun egyar\u00e1nt tart\u00f3san r\u00f6gz\u00edthet\u0151. Ha furatokkal szeretn\u00e9d r\u00f6gz\u00edteni csavaros megold\u00e1ssal, azt is k\u00e9rheted - jelezd rendel\u00e9skor.\n\nHOGYAN RENDELHETSZ?\n\n1. K\u00fcldd el a mot\u00edvum \u00f6tlet\u00e9t vagy a k\u00e9sz grafik\u00e1t (fot\u00f3, rajz, log\u00f3 f\u00e1jl mind elfogadhat\u00f3)\n2. Add meg a h\u00e1zsz\u00e1mot \u00e9s egy\u00e9b feliratot\n3. V\u00e1laszd ki a m\u00e9retet, vastags\u00e1got \u00e9s sz\u00ednkombin\u00e1ci\u00f3t\n4. Ha nincs k\u00e9sz grafik\u00e1d, \u00edrd le sz\u00f6vegesen, mit k\u00e9pzelsz el, \u00e9s mi megtervezz\u00fck\n5. Az elk\u00e9sz\u00fclt tervet j\u00f3v\u00e1hagy\u00e1sra elk\u00fcldj\u00fck, miel\u0151tt a gy\u00e1rt\u00e1s megkezd\u0151dne\n\nMIRE JO?\n\n- V\u00e1llalkoz\u00e1sok bej\u00e1rat\u00e1hoz c\u00e9ges log\u00f3val\n- Hobby-rajong\u00f3knak (ker\u00e9kp\u00e1r, hal\u00e1szat, kert\u00e9szked\u00e9s szimb\u00f3luma)\n- H\u00e1zavat\u00f3ra, esk\u00fcv\u0151re (k\u00f6z\u00f6s monogram a kapun), nyugd\u00edjba vonul\u00e1sra\n- K\u00f6lt\u00f6z\u00e9sre, any\u00e1k napj\u00e1ra, kar\u00e1csonyra, n\u00e9vnapra, sz\u00fclet\u00e9snapra\n- B\u00e1rkinek, aki igaz\u00e1n egyedit szeretne\n\nKAPCSOLODO TERMEKEK\n\nHa ink\u00e1bb k\u00e9sz mot\u00edvumok k\u00f6z\u00fcl v\u00e1lasztan\u00e1l, a boltunkban megtal\u00e1lod a kuty\u00e1s (mopsz, tacsk\u00f3, golden retriever, n\u00e9met juh\u00e1sz, corgi), cic\u00e1s (cic\u00e1s, brit r\u00f6vidsz\u0151r\u0171), madaras, mad\u00e1rp\u00e1ros, pillang\u00f3s, haj\u00f3s, balatoni, focis, biciklis \u00e9s motoros v\u00e1ltozatokat is. A p\u00e1lmaf\u00e1s \u00e9s ban\u00e1nf\u00e1s t\u00e1bl\u00e1k a tr\u00f3pusi hangulatot kedvel\u0151knek sz\u00f3lnak, a h\u00e1zik\u00f3 form\u00e1j\u00fa pedig a vid\u00e9kies megjelen\u00e9st kedvel\u0151knek. A vintage, modern \u00e9s eleg\u00e1ns st\u00edlus\u00fa v\u00e1ltozatok a visszafogottabb vonalat k\u00e9pviselik.\n\n\u00d6n\u00e1ll\u00f3 sz\u00e1mjegyeink a postal\u00e1d\u00e1ra vagy gar\u00e1zskapura k\u00edn\u00e1lnak kieg\u00e9sz\u00edt\u0151 megold\u00e1st. Esk\u00fcv\u0151i term\u00e9keket is k\u00e9sz\u00edt\u00fcnk: n\u00e9vt\u00e1bla, tortad\u00edsz, tortabesz\u00far\u00f3, falid\u00edsz \u00e9s monogram. Kar\u00e1csonyi szezonban kar\u00e1csonyfad\u00edsz \u00e9s ajt\u00f3d\u00edsz is kaphat\u00f3.\n\nMinden term\u00e9k\u00fcnket egyedileg, rendel\u00e9sre k\u00e9sz\u00edtj\u00fck. K\u00e9rd\u00e9sed van? \u00cdrj b\u00e1tran, gyorsan v\u00e1laszolunk.","price":"1950.00","unit":"db","recommended":"0","status":"1","sponsored":"0","exp_notify":"0","own_material":"0","own_material_description_old":null,"own_material_description":"","jury":"0","jury_number":"","product_nature":"","meskaracsony":"0","create_date":"2026-04-11 17:32:03","shelve_id":"79630","image":"darimi_product_702579_251004172439_516841.png","image_width":"480","image_height":"390","image_alt":"Egyedi lev\u00e9l mot\u00edvumos h\u00e1zsz\u00e1mt\u00e1bla - saj\u00e1t mint\u00e1val, log\u00f3val k\u00fclt\u00e9ri ASA h\u00e1zsz\u00e1m 1950 Ft-t\u00f3l, Egyedi lev\u00e9l mint\u00e1s h\u00e1zsz\u00e1mt\u00e1bla, amelyre b\u00e1rmilyen saj\u00e1t mint\u00e1t, log\u00f3t, grafik\u00e1t vagy szimb\u00f3lumot k..., Meska","image_title":"Egyedi lev\u00e9l mot\u00edvumos h\u00e1zsz\u00e1mt\u00e1bla - saj\u00e1t mint\u00e1val, log\u00f3val k\u00fclt\u00e9ri ASA h\u00e1zsz\u00e1m 1950 Ft-t\u00f3l, Meska","view_count":"2970","favourite_count":"1","trending_score":"0","last2MonthFavouriteCount":"1","promotion":"0","giftcard_accept":"0","creditcard_accept":true,"enhanced_background":"0","domain":"meska","specific_customer_id":null,"specific_customer_name":null,"to_order_product":"1","to_order_product_time":"1","product_different":null,"product_different_description":"","vintage":"0","vintage_category_id":"0","recycled":"0","gemstone_id":"0","customizable":"1","type_category":"physical","zerowaste":"0","postage_price":"1349.00","shop_order":"0","has_category":"1","landing_pages":null,"microdata":{"number":21,"category":""},"title":"Egyedi lev\u00e9l mot\u00edvumos h\u00e1zsz\u00e1mt\u00e1bla - saj\u00e1t mint\u00e1val, log\u00f3val k\u00fclt\u00e9ri ASA h\u00e1zsz\u00e1m 1950 Ft-t\u00f3l","description":"Egyedi lev\u00e9l mint\u00e1s h\u00e1zsz\u00e1mt\u00e1bla, amelyre b\u00e1rmilyen saj\u00e1t mint\u00e1t, log\u00f3t, grafik\u00e1t vagy szimb\u00f3lumot k\u00e9rhetsz a h\u00e1zsz\u00e1m mell\u00e9. Ha a k\u00e9sz mot\u00edvumok k\u00f6z\u00f6tt (kuty\u00e1s, madaras, haj\u00f3s) nem tal\u00e1lod azt, ami igaz\u00e1n a ti\u00e9d lenne, itt te hat\u00e1rozod meg a diz\u00e1jnt. C\u00e9glog\u00f3, csal\u00e1di c\u00edmer, kedvenc hobbi szimb\u00f3luma, egyedi rajz - gyakorlatilag b\u00e1rmi megval\u00f3s\u00edthat\u00f3.\n\nMERETEK ES ARAK\n\nAz alap\u00e1r 1950 Ft-t\u00f3l indul, ami a boltunk egyik legkedvez\u0151bb bel\u00e9p\u0151 \u00e1ra h\u00e1zsz\u00e1mt\u00e1bl\u00e1kra. Hat m\u00e9ret k\u00f6z\u00fcl v\u00e1laszthatsz:\n- 15 cm (alap\u00e1r)\n- 20 cm\n- 25 cm\n- 30 cm\n- 35 cm\n- 40 cm\n\nA nagyobb m\u00e9ret term\u00e9szetesen magasabb \u00e1rral j\u00e1r, de m\u00e9g a 40 cm-es v\u00e1ltozat is el\u00e9rhet\u0151 \u00e1ron marad. A m\u00e9ret a mot\u00edvum \u00f6sszetetts\u00e9g\u00e9hez is igazodik: egyszer\u0171bb grafik\u00e1n\u00e1l a kisebb m\u00e9ret is sz\u00e9p r\u00e9szletess\u00e9get ad, bonyolultabb mint\u00e1n\u00e1l \u00e9rdemes a 25 cm feletti m\u00e9reteket v\u00e1lasztani.\n\nA vastags\u00e1g 1,6 mm-t\u0151l 8 mm-ig \u00e1ll\u00edthat\u00f3. A v\u00e9konyabb v\u00e1ltozat (1,6-2 mm) eleg\u00e1ns, lapos megjelen\u00e9st ad, a k\u00f6zepes tartom\u00e1ny (2,5-3 mm) kellemes plasztikuss\u00e1got k\u00f6lcs\u00f6n\u00f6z, m\u00edg a vastagabb (5-8 mm) massz\u00edv, komolyabb hat\u00e1st kelt.\n\nSZINEK\n\nKilenc RAL ipari sz\u00edn \u00e1ll rendelkez\u00e9sre, de egyedi sz\u00edn is k\u00e9rhet\u0151. A Prusa XL 5T nyomtat\u00f3val ak\u00e1r 5 sz\u00edn haszn\u00e1lhat\u00f3 egyetlen t\u00e1bl\u00e1n fest\u00e9s n\u00e9lk\u00fcl, ami a mot\u00edvumos t\u00e1bl\u00e1kn\u00e1l k\u00fcl\u00f6n\u00f6sen fontos: a saj\u00e1t mint\u00e1d sz\u00ednesben is elk\u00e9sz\u00fclhet, nem csak egysz\u00edn\u0171 sziluettk\u00e9nt. A szat\u00e9n fel\u00fclet kellemes tapint\u00e1s\u00fa \u00e9s nem t\u00fckr\u00f6z\u0151dik, ami napf\u00e9nyes homlokzatokon is j\u00f3l olvashat\u00f3 feliratot eredm\u00e9nyez.\n\nANYAG\n\nAz ASA anyag teljes t\u00f6meg\u00e9ben sz\u00ednes, nem festett, \u00edgy a sz\u00edn nem kopik \u00e9s nem h\u00e1mlik. Az ASA a k\u00fclt\u00e9ri tart\u00f3ss\u00e1g bajnoka: UV-\u00e1ll\u00f3, es\u0151\u00e1ll\u00f3, fagy\u00e1ll\u00f3, -30 fokt\u00f3l +80 fokig megtartja form\u00e1j\u00e1t \u00e9s sz\u00edn\u00e9t. A mot\u00edvum \u00e9s a felirat \u00e9vtizedekig \u00e9les \u00e9s olvashat\u00f3 marad, nem fakul a napon, nem \u00e1zik el az es\u0151ben. Legal\u00e1bb 10 \u00e9ves k\u00fclt\u00e9ri \u00e9lettartammal sz\u00e1molhatsz.\n\nROGZITES\n\nA t\u00e1bla s\u00edk fel\u00fclet\u0171, nem dombor\u00fa. R\u00f6gz\u00edt\u00e9shez k\u00fclt\u00e9ri \u00e9p\u00edt\u00e9si ragaszt\u00f3 (p\u00e9ld\u00e1ul Pattex One For All) a legegyszer\u0171bb megold\u00e1s: h\u00e1tlapra kenve, falhoz nyomva gyorsan \u00e9s tiszt\u00e1n felhelyezhet\u0151. T\u00e9gl\u00e1n, vakolt falon, fa fel\u00fcleten \u00e9s f\u00e9m kapun egyar\u00e1nt tart\u00f3san r\u00f6gz\u00edthet\u0151. Ha furatokkal szeretn\u00e9d r\u00f6gz\u00edteni csavaros megold\u00e1ssal, azt is k\u00e9rheted - jelezd rendel\u00e9skor.\n\nHOGYAN RENDELHETSZ?\n\n1. K\u00fcldd el a mot\u00edvum \u00f6tlet\u00e9t vagy a k\u00e9sz grafik\u00e1t (fot\u00f3, rajz, log\u00f3 f\u00e1jl mind elfogadhat\u00f3)\n2. Add meg a h\u00e1zsz\u00e1mot \u00e9s egy\u00e9b feliratot\n3. V\u00e1laszd ki a m\u00e9retet, vastags\u00e1got \u00e9s sz\u00ednkombin\u00e1ci\u00f3t\n4. Ha nincs k\u00e9sz grafik\u00e1d, \u00edrd le sz\u00f6vegesen, mit k\u00e9pzelsz el, \u00e9s mi megtervezz\u00fck\n5. Az elk\u00e9sz\u00fclt tervet j\u00f3v\u00e1hagy\u00e1sra elk\u00fcldj\u00fck, miel\u0151tt a gy\u00e1rt\u00e1s megkezd\u0151dne\n\nMIRE JO?\n\n- V\u00e1llalkoz\u00e1sok bej\u00e1rat\u00e1hoz c\u00e9ges log\u00f3val\n- Hobby-rajong\u00f3knak (ker\u00e9kp\u00e1r, hal\u00e1szat, kert\u00e9szked\u00e9s szimb\u00f3luma)\n- H\u00e1zavat\u00f3ra, esk\u00fcv\u0151re (k\u00f6z\u00f6s monogram a kapun), nyugd\u00edjba vonul\u00e1sra\n- K\u00f6lt\u00f6z\u00e9sre, any\u00e1k napj\u00e1ra, kar\u00e1csonyra, n\u00e9vnapra, sz\u00fclet\u00e9snapra\n- B\u00e1rkinek, aki igaz\u00e1n egyedit szeretne\n\nKAPCSOLODO TERMEKEK\n\nHa ink\u00e1bb k\u00e9sz mot\u00edvumok k\u00f6z\u00fcl v\u00e1lasztan\u00e1l, a boltunkban megtal\u00e1lod a kuty\u00e1s (mopsz, tacsk\u00f3, golden retriever, n\u00e9met juh\u00e1sz, corgi), cic\u00e1s (cic\u00e1s, brit r\u00f6vidsz\u0151r\u0171), madaras, mad\u00e1rp\u00e1ros, pillang\u00f3s, haj\u00f3s, balatoni, focis, biciklis \u00e9s motoros v\u00e1ltozatokat is. A p\u00e1lmaf\u00e1s \u00e9s ban\u00e1nf\u00e1s t\u00e1bl\u00e1k a tr\u00f3pusi hangulatot kedvel\u0151knek sz\u00f3lnak, a h\u00e1zik\u00f3 form\u00e1j\u00fa pedig a vid\u00e9kies megjelen\u00e9st kedvel\u0151knek. A vintage, modern \u00e9s eleg\u00e1ns st\u00edlus\u00fa v\u00e1ltozatok a visszafogottabb vonalat k\u00e9pviselik.\n\n\u00d6n\u00e1ll\u00f3 sz\u00e1mjegyeink a postal\u00e1d\u00e1ra vagy gar\u00e1zskapura k\u00edn\u00e1lnak kieg\u00e9sz\u00edt\u0151 megold\u00e1st. Esk\u00fcv\u0151i term\u00e9keket is k\u00e9sz\u00edt\u00fcnk: n\u00e9vt\u00e1bla, tortad\u00edsz, tortabesz\u00far\u00f3, falid\u00edsz \u00e9s monogram. Kar\u00e1csonyi szezonban kar\u00e1csonyfad\u00edsz \u00e9s ajt\u00f3d\u00edsz is kaphat\u00f3.\n\nMinden term\u00e9k\u00fcnket egyedileg, rendel\u00e9sre k\u00e9sz\u00edtj\u00fck. K\u00e9rd\u00e9sed van? \u00cdrj b\u00e1tran, gyorsan v\u00e1laszolunk.","score":0,"formatted_price":"1 950 Ft","image_url":"https:\/\/www.meska.hu\/img\/product\/small\/d\/a\/darimi_product_702579_251004172439_516841.png","formatted_url":"https:\/\/www.meska.hu\/p5634019-egyedi-hazszamtabla-egyedi-motivummal-3d-nyomtatott-idojarasallo-asa","favourite":false,"in_stock":false,"avatar":"702579_avatar_1739694015.jpeg","delete_from":0,"is_enhanced_background":false,"is_enhanced":false,"product_selection_started":false,"is_active":true,"image_webp_url":"https:\/\/www.meska.hu\/img\/product\/small\/d\/a\/darimi_product_702579_251004172439_516841.webp"},{"id":"6032370","shop_id":"47945","user_id":"702579","shop_name":"Darimi","shop_zip":"2030","product_code":"5687608","product_name_old":null,"product_name":"H\u00e1zik\u00f3 form\u00e1j\u00fa h\u00e1zsz\u00e1mt\u00e1bla - egyedi h\u00e1ztet\u0151 alak\u00fa k\u00fclt\u00e9ri h\u00e1zsz\u00e1m, \u00e1ll\u00f3 kiv\u00e1gott forma","category_string":"Otthon & \u00c9letm\u00f3d, H\u00e1z & Kert, H\u00e1zsz\u00e1m","technic_string":"Mindenm\u00e1s","category_1":"813","category_2":"897","category_3":"431","category_4":"0","merged_category_1":null,"merged_category_2":null,"merged_category_3":null,"technic_1":"493","technic_2":"0","technic_3":"0","color_1":"519","color_2":"520","color_3":"527","product_description_old":null,"product_description":"H\u00e1zik\u00f3 form\u00e1j\u00fa h\u00e1zsz\u00e1mt\u00e1bla h\u00e1ztet\u0151 alak\u00fa kiv\u00e1g\u00e1ssal, amely nemcsak a felirat\u00e1val, hanem mag\u00e1val a form\u00e1j\u00e1val is egy kis h\u00e1zat id\u00e9z. Ez nem egy szokv\u00e1nyos t\u00e9glalap alak\u00fa t\u00e1bla: a fels\u0151 sz\u00e9le h\u00e1ztet\u0151t form\u00e1z, \u00edgy az eg\u00e9sz h\u00e1zsz\u00e1m egy miniat\u0171r otthont mint\u00e1z. Messzir\u0151l felt\u0171n\u0151, k\u00f6zelr\u0151l pedig kedves \u00e9s otthonos, vid\u00e9ki hangulatot \u00e1raszt.\n\nM\u00c9RETEK\n\n\u00d6t m\u00e9retben rendelhet\u0151:\n- Kb. 15x11 cm - a legkisebb verzi\u00f3\n- Kb. 20x15 cm\n- Kb. 25x19 cm\n- Kb. 30x23 cm\n- Kb. 35x26 cm - a legnagyobb, l\u00e1tv\u00e1nyos m\u00e9ret\n\nAz alap\u00e1r 2 990 Ft, ami a bolt egyik legkedvez\u0151bb bel\u00e9p\u0151\u00e1ra mot\u00edvumos h\u00e1zsz\u00e1mt\u00e1bl\u00e1n\u00e1l. A vastags\u00e1g 1,6 mm-t\u0151l 5 mm-ig v\u00e1laszthat\u00f3. A v\u00e9konyabb verzi\u00f3 eleg\u00e1ns \u00e9s diszkr\u00e9t, a vastagabb robusztusabb, hangs\u00falyosabb megjelen\u00e9st ad. A speci\u00e1lis forma a t\u00e1bla legf\u0151bb k\u00fcl\u00f6nlegess\u00e9ge: a h\u00e1ztet\u0151 alak\u00fa kiv\u00e1g\u00e1s egyedi megjelen\u00e9st ad, amely m\u00e1r messzir\u0151l felkelti a figyelmet.\n\nSZINEK\n\nA RAL ipari sz\u00ednrendszer el\u00e9rhet\u0151, \u00edgy pontosan a homlokzatodhoz ill\u0151 \u00e1rnyalatot tal\u00e1lhatsz. Egyedi RAL sz\u00edn is k\u00e9rhet\u0151, ha speci\u00e1lis \u00e1rnyalatra van sz\u00fcks\u00e9ged.\n\nANYAG\n\nAnyaga ASA (Acrylonitrile Styrene Acrylate), k\u00fclt\u00e9ri felhaszn\u00e1l\u00e1sra tervezett ipari alapanyag. Az ASA teljes t\u00f6meg\u00e9ben sz\u00ednes, RAL ipari sz\u00ednrendszerben - nem festett fel\u00fclet, hanem t\u00f6m\u00f6r anyagsz\u00edn\u0171.\n- UV-\u00e1ll\u00f3: nem fakul a napon\n- Es\u0151\u00e1ll\u00f3 \u00e9s fagy\u00e1ll\u00f3: -30 fokt\u00f3l +80 fokig b\u00edrja a sz\u00e9ls\u0151s\u00e9geket\n- K\u00fclt\u00e9ren ak\u00e1r 10 \u00e9vig meg\u0151rzi eredeti \u00e1llapot\u00e1t\n- Nem ig\u00e9nyel karbantart\u00e1st, \u00fajrafest\u00e9st\n\nA fel\u00fclete szat\u00e9n text\u00far\u00e1j\u00fa, fest\u00e9s n\u00e9lk\u00fcl, ak\u00e1r 5 sz\u00ednben egyetlen munkafolyamatban k\u00e9sz\u00fcl. \u00c9veken \u00e1t ugyanolyan sz\u00e9pen mutat, mint a felhelyez\u00e9s napj\u00e1n.\n\nROGZITES\n\nA t\u00e1bla s\u00edk fel\u00fclet\u0171, nem dombor\u00fa. Ez a letisztult megold\u00e1s nemcsak eszt\u00e9tikusabb, hanem a r\u00f6gz\u00edt\u00e9st is megk\u00f6nny\u00edti, mert a s\u00edk h\u00e1tlap teljes fel\u00fclete egyenletesen illeszkedik a falra.\n\nR\u00f6gz\u00edt\u00e9shez k\u00fclt\u00e9ri \u00e9p\u00edt\u00e9si ragaszt\u00f3t javaslunk (p\u00e9ld\u00e1ul Pattex One For All): kend fel a h\u00e1tlapra, nyomd a falhoz, \u00e9s tart\u00f3san a hely\u00e9n marad. F\u00far\u00e1smentes, tiszta megold\u00e1s, nem kell a falat megbontani. Ha furatokkal szeretn\u00e9d r\u00f6gz\u00edteni csavaros megold\u00e1ssal, jelezd rendel\u00e9skor, \u00e9s elk\u00e9sz\u00edtj\u00fck a megfelel\u0151 lyukakkal.\n\nHOGYAN RENDELHETSZ?\n\nRendel\u00e9skor add meg a k\u00edv\u00e1nt h\u00e1zsz\u00e1mot, a m\u00e9retet, vastags\u00e1got \u00e9s sz\u00edn-kombin\u00e1ci\u00f3t. Sz\u00e1mjegy, bet\u0171-sz\u00e1m kombin\u00e1ci\u00f3, utcan\u00e9v egyar\u00e1nt k\u00e9rhet\u0151. A h\u00e1zik\u00f3 forma miatt r\u00f6vid sz\u00e1mok (1-2 jegy\u0171) \u00e9s r\u00f6videbb utcanevek mutatnak a legjobban, de t\u00f6bbsoros sz\u00f6veg is megoldhat\u00f3. Az elk\u00e9sz\u00edt\u00e9s n\u00e9h\u00e1ny munkanapot vesz ig\u00e9nybe, mert minden darab egyedileg, rendel\u00e9sre k\u00e9sz\u00fcl.\n\nMIRE JO?\n\nEz a h\u00e1zik\u00f3 form\u00e1j\u00fa h\u00e1zsz\u00e1mt\u00e1bla kedvelt v\u00e1laszt\u00e1s:\n- Vid\u00e9ki h\u00e1zakhoz, kertv\u00e1rosban, falusi otthonokhoz\n- H\u00e9tv\u00e9gi h\u00e1zakhoz \u00e9s nyaral\u00f3khoz\n- Gyerekszoba melletti n\u00e9vt\u00e1bl\u00e1nak\n- Kerti h\u00e1zik\u00f3ra vagy ak\u00e1r a kutya\u00f3l fel\u00e9\n\nA forma \u00f6nmag\u00e1ban mes\u00e9l: nem kell hozz\u00e1 sz\u00f6veg, hogy otthonos legyen. H\u00e1zavat\u00f3ra aj\u00e1nd\u00e9knak is n\u00e9pszer\u0171, mert szem\u00e9lyes, meglep\u0151 form\u00e1j\u00fa \u00e9s garant\u00e1ltan egyedi. K\u00f6lt\u00f6z\u00e9skor, fel\u00faj\u00edt\u00e1s ut\u00e1n, n\u00e9vnapra, kar\u00e1csonyra vagy any\u00e1k napj\u00e1ra is remek aj\u00e1nd\u00e9k, amellyel nem lehet mell\u00e9l\u0151ni.\n\nTOVABBI VALTOZATOK\n\nHa a h\u00e1zik\u00f3 mot\u00edvum tetszik, de hagyom\u00e1nyosabb form\u00e1t szeretn\u00e9l, n\u00e9zd meg a boltunkban el\u00e9rhet\u0151 fekv\u0151 h\u00e1zik\u00f3 mot\u00edvumos h\u00e1zsz\u00e1mt\u00e1bl\u00e1t is. Az szokv\u00e1nyos t\u00e9glalap form\u00e1j\u00fa, de a h\u00e1zik\u00f3 mot\u00edvum ott is megjelenik a sz\u00e1m mellett. A k\u00e9t v\u00e1ltozat egy\u00fctt is kiv\u00e1l\u00f3: a form\u00e1zott \u00e1ll\u00f3 darabot a kapura, a fekv\u0151t a postal\u00e1d\u00e1ra. \u00cdgy az eg\u00e9sz bej\u00e1rat egys\u00e9ges, \u00f6sszehangolt megjelen\u00e9st kap.\n\nHa m\u00e1s st\u00edlust keresel, a boltunkban rengeteg v\u00e1ltozat el\u00e9rhet\u0151: kuty\u00e1s (mopsz, tacsk\u00f3, golden retriever, n\u00e9met juh\u00e1sz, corgi), madaras, pillang\u00f3s, sportos (focis, biciklis, motoros), haj\u00f3s, balatoni, tr\u00f3pusi (p\u00e1lmaf\u00e1s, ban\u00e1nf\u00e1s) \u00e9s vintage st\u00edlus\u00fa h\u00e1zsz\u00e1mt\u00e1bl\u00e1k. Az \u00f6n\u00e1ll\u00f3 sz\u00e1mjegyek a postal\u00e1d\u00e1ra vagy gar\u00e1zs kapuj\u00e1ra k\u00edn\u00e1lnak kieg\u00e9sz\u00edt\u0151 megold\u00e1st. Ha pedig semmi sem felel meg az \u00edzl\u00e9sednek, a teljesen egyedi h\u00e1zsz\u00e1mt\u00e1bl\u00e1n\u00e1l b\u00e1rmilyen saj\u00e1t form\u00e1t \u00e9s mot\u00edvumot k\u00e9rhetsz. \u00c9rdemes a kapcsol\u00f3d\u00edszeket \u00e9s a Gy\u0171r\u0171k Ura k\u00f6nyvt\u00e1masz szettet is megn\u00e9zni, ha egyedi lak\u00e1sdekor\u00e1ci\u00f3t vagy aj\u00e1nd\u00e9kot keresel.\n\nMinden term\u00e9k\u00fcnket egyedileg, rendel\u00e9sre k\u00e9sz\u00edtj\u00fck. K\u00e9rd\u00e9sed van a m\u00e9retekr\u0151l vagy a speci\u00e1lis form\u00e1r\u00f3l? \u00cdrj b\u00e1tran, gyorsan v\u00e1laszolunk. N\u00e9zd meg a t\u00f6bbi term\u00e9k\u00fcnket is, h\u00e1tha tal\u00e1lsz m\u00e9g valamit, ami tetszik.","price":"2990.00","unit":"db","recommended":"0","status":"1","sponsored":"0","exp_notify":"0","own_material":"0","own_material_description_old":null,"own_material_description":"","jury":"0","jury_number":"","product_nature":"","meskaracsony":"0","create_date":"2026-04-10 09:35:31","shelve_id":"79630","image":"darimi_product_702579_251205113540_403771.png","image_width":"480","image_height":"339","image_alt":"H\u00e1zik\u00f3 form\u00e1j\u00fa h\u00e1zsz\u00e1mt\u00e1bla - egyedi h\u00e1ztet\u0151 alak\u00fa k\u00fclt\u00e9ri h\u00e1zsz\u00e1m, \u00e1ll\u00f3 kiv\u00e1gott forma, H\u00e1zik\u00f3 form\u00e1j\u00fa h\u00e1zsz\u00e1mt\u00e1bla h\u00e1ztet\u0151 alak\u00fa kiv\u00e1g\u00e1ssal, amely nemcsak a felirat\u00e1val, hanem mag\u00e1val a f..., Meska","image_title":"H\u00e1zik\u00f3 form\u00e1j\u00fa h\u00e1zsz\u00e1mt\u00e1bla - egyedi h\u00e1ztet\u0151 alak\u00fa k\u00fclt\u00e9ri h\u00e1zsz\u00e1m, \u00e1ll\u00f3 kiv\u00e1gott forma, Meska","view_count":"3505","favourite_count":"0","trending_score":"0","last2MonthFavouriteCount":"0","promotion":"0","giftcard_accept":"0","creditcard_accept":true,"enhanced_background":"0","domain":"meska","specific_customer_id":null,"specific_customer_name":null,"to_order_product":"1","to_order_product_time":"1","product_different":null,"product_different_description":"","vintage":"0","vintage_category_id":"0","recycled":"0","gemstone_id":"0","customizable":"1","type_category":"physical","zerowaste":"0","postage_price":"1349.00","shop_order":"0","has_category":"1","landing_pages":null,"microdata":{"number":22,"category":""},"title":"H\u00e1zik\u00f3 form\u00e1j\u00fa h\u00e1zsz\u00e1mt\u00e1bla - egyedi h\u00e1ztet\u0151 alak\u00fa k\u00fclt\u00e9ri h\u00e1zsz\u00e1m, \u00e1ll\u00f3 kiv\u00e1gott forma","description":"H\u00e1zik\u00f3 form\u00e1j\u00fa h\u00e1zsz\u00e1mt\u00e1bla h\u00e1ztet\u0151 alak\u00fa kiv\u00e1g\u00e1ssal, amely nemcsak a felirat\u00e1val, hanem mag\u00e1val a form\u00e1j\u00e1val is egy kis h\u00e1zat id\u00e9z. Ez nem egy szokv\u00e1nyos t\u00e9glalap alak\u00fa t\u00e1bla: a fels\u0151 sz\u00e9le h\u00e1ztet\u0151t form\u00e1z, \u00edgy az eg\u00e9sz h\u00e1zsz\u00e1m egy miniat\u0171r otthont mint\u00e1z. Messzir\u0151l felt\u0171n\u0151, k\u00f6zelr\u0151l pedig kedves \u00e9s otthonos, vid\u00e9ki hangulatot \u00e1raszt.\n\nM\u00c9RETEK\n\n\u00d6t m\u00e9retben rendelhet\u0151:\n- Kb. 15x11 cm - a legkisebb verzi\u00f3\n- Kb. 20x15 cm\n- Kb. 25x19 cm\n- Kb. 30x23 cm\n- Kb. 35x26 cm - a legnagyobb, l\u00e1tv\u00e1nyos m\u00e9ret\n\nAz alap\u00e1r 2 990 Ft, ami a bolt egyik legkedvez\u0151bb bel\u00e9p\u0151\u00e1ra mot\u00edvumos h\u00e1zsz\u00e1mt\u00e1bl\u00e1n\u00e1l. A vastags\u00e1g 1,6 mm-t\u0151l 5 mm-ig v\u00e1laszthat\u00f3. A v\u00e9konyabb verzi\u00f3 eleg\u00e1ns \u00e9s diszkr\u00e9t, a vastagabb robusztusabb, hangs\u00falyosabb megjelen\u00e9st ad. A speci\u00e1lis forma a t\u00e1bla legf\u0151bb k\u00fcl\u00f6nlegess\u00e9ge: a h\u00e1ztet\u0151 alak\u00fa kiv\u00e1g\u00e1s egyedi megjelen\u00e9st ad, amely m\u00e1r messzir\u0151l felkelti a figyelmet.\n\nSZINEK\n\nA RAL ipari sz\u00ednrendszer el\u00e9rhet\u0151, \u00edgy pontosan a homlokzatodhoz ill\u0151 \u00e1rnyalatot tal\u00e1lhatsz. Egyedi RAL sz\u00edn is k\u00e9rhet\u0151, ha speci\u00e1lis \u00e1rnyalatra van sz\u00fcks\u00e9ged.\n\nANYAG\n\nAnyaga ASA (Acrylonitrile Styrene Acrylate), k\u00fclt\u00e9ri felhaszn\u00e1l\u00e1sra tervezett ipari alapanyag. Az ASA teljes t\u00f6meg\u00e9ben sz\u00ednes, RAL ipari sz\u00ednrendszerben - nem festett fel\u00fclet, hanem t\u00f6m\u00f6r anyagsz\u00edn\u0171.\n- UV-\u00e1ll\u00f3: nem fakul a napon\n- Es\u0151\u00e1ll\u00f3 \u00e9s fagy\u00e1ll\u00f3: -30 fokt\u00f3l +80 fokig b\u00edrja a sz\u00e9ls\u0151s\u00e9geket\n- K\u00fclt\u00e9ren ak\u00e1r 10 \u00e9vig meg\u0151rzi eredeti \u00e1llapot\u00e1t\n- Nem ig\u00e9nyel karbantart\u00e1st, \u00fajrafest\u00e9st\n\nA fel\u00fclete szat\u00e9n text\u00far\u00e1j\u00fa, fest\u00e9s n\u00e9lk\u00fcl, ak\u00e1r 5 sz\u00ednben egyetlen munkafolyamatban k\u00e9sz\u00fcl. \u00c9veken \u00e1t ugyanolyan sz\u00e9pen mutat, mint a felhelyez\u00e9s napj\u00e1n.\n\nROGZITES\n\nA t\u00e1bla s\u00edk fel\u00fclet\u0171, nem dombor\u00fa. Ez a letisztult megold\u00e1s nemcsak eszt\u00e9tikusabb, hanem a r\u00f6gz\u00edt\u00e9st is megk\u00f6nny\u00edti, mert a s\u00edk h\u00e1tlap teljes fel\u00fclete egyenletesen illeszkedik a falra.\n\nR\u00f6gz\u00edt\u00e9shez k\u00fclt\u00e9ri \u00e9p\u00edt\u00e9si ragaszt\u00f3t javaslunk (p\u00e9ld\u00e1ul Pattex One For All): kend fel a h\u00e1tlapra, nyomd a falhoz, \u00e9s tart\u00f3san a hely\u00e9n marad. F\u00far\u00e1smentes, tiszta megold\u00e1s, nem kell a falat megbontani. Ha furatokkal szeretn\u00e9d r\u00f6gz\u00edteni csavaros megold\u00e1ssal, jelezd rendel\u00e9skor, \u00e9s elk\u00e9sz\u00edtj\u00fck a megfelel\u0151 lyukakkal.\n\nHOGYAN RENDELHETSZ?\n\nRendel\u00e9skor add meg a k\u00edv\u00e1nt h\u00e1zsz\u00e1mot, a m\u00e9retet, vastags\u00e1got \u00e9s sz\u00edn-kombin\u00e1ci\u00f3t. Sz\u00e1mjegy, bet\u0171-sz\u00e1m kombin\u00e1ci\u00f3, utcan\u00e9v egyar\u00e1nt k\u00e9rhet\u0151. A h\u00e1zik\u00f3 forma miatt r\u00f6vid sz\u00e1mok (1-2 jegy\u0171) \u00e9s r\u00f6videbb utcanevek mutatnak a legjobban, de t\u00f6bbsoros sz\u00f6veg is megoldhat\u00f3. Az elk\u00e9sz\u00edt\u00e9s n\u00e9h\u00e1ny munkanapot vesz ig\u00e9nybe, mert minden darab egyedileg, rendel\u00e9sre k\u00e9sz\u00fcl.\n\nMIRE JO?\n\nEz a h\u00e1zik\u00f3 form\u00e1j\u00fa h\u00e1zsz\u00e1mt\u00e1bla kedvelt v\u00e1laszt\u00e1s:\n- Vid\u00e9ki h\u00e1zakhoz, kertv\u00e1rosban, falusi otthonokhoz\n- H\u00e9tv\u00e9gi h\u00e1zakhoz \u00e9s nyaral\u00f3khoz\n- Gyerekszoba melletti n\u00e9vt\u00e1bl\u00e1nak\n- Kerti h\u00e1zik\u00f3ra vagy ak\u00e1r a kutya\u00f3l fel\u00e9\n\nA forma \u00f6nmag\u00e1ban mes\u00e9l: nem kell hozz\u00e1 sz\u00f6veg, hogy otthonos legyen. H\u00e1zavat\u00f3ra aj\u00e1nd\u00e9knak is n\u00e9pszer\u0171, mert szem\u00e9lyes, meglep\u0151 form\u00e1j\u00fa \u00e9s garant\u00e1ltan egyedi. K\u00f6lt\u00f6z\u00e9skor, fel\u00faj\u00edt\u00e1s ut\u00e1n, n\u00e9vnapra, kar\u00e1csonyra vagy any\u00e1k napj\u00e1ra is remek aj\u00e1nd\u00e9k, amellyel nem lehet mell\u00e9l\u0151ni.\n\nTOVABBI VALTOZATOK\n\nHa a h\u00e1zik\u00f3 mot\u00edvum tetszik, de hagyom\u00e1nyosabb form\u00e1t szeretn\u00e9l, n\u00e9zd meg a boltunkban el\u00e9rhet\u0151 fekv\u0151 h\u00e1zik\u00f3 mot\u00edvumos h\u00e1zsz\u00e1mt\u00e1bl\u00e1t is. Az szokv\u00e1nyos t\u00e9glalap form\u00e1j\u00fa, de a h\u00e1zik\u00f3 mot\u00edvum ott is megjelenik a sz\u00e1m mellett. A k\u00e9t v\u00e1ltozat egy\u00fctt is kiv\u00e1l\u00f3: a form\u00e1zott \u00e1ll\u00f3 darabot a kapura, a fekv\u0151t a postal\u00e1d\u00e1ra. \u00cdgy az eg\u00e9sz bej\u00e1rat egys\u00e9ges, \u00f6sszehangolt megjelen\u00e9st kap.\n\nHa m\u00e1s st\u00edlust keresel, a boltunkban rengeteg v\u00e1ltozat el\u00e9rhet\u0151: kuty\u00e1s (mopsz, tacsk\u00f3, golden retriever, n\u00e9met juh\u00e1sz, corgi), madaras, pillang\u00f3s, sportos (focis, biciklis, motoros), haj\u00f3s, balatoni, tr\u00f3pusi (p\u00e1lmaf\u00e1s, ban\u00e1nf\u00e1s) \u00e9s vintage st\u00edlus\u00fa h\u00e1zsz\u00e1mt\u00e1bl\u00e1k. Az \u00f6n\u00e1ll\u00f3 sz\u00e1mjegyek a postal\u00e1d\u00e1ra vagy gar\u00e1zs kapuj\u00e1ra k\u00edn\u00e1lnak kieg\u00e9sz\u00edt\u0151 megold\u00e1st. Ha pedig semmi sem felel meg az \u00edzl\u00e9sednek, a teljesen egyedi h\u00e1zsz\u00e1mt\u00e1bl\u00e1n\u00e1l b\u00e1rmilyen saj\u00e1t form\u00e1t \u00e9s mot\u00edvumot k\u00e9rhetsz. \u00c9rdemes a kapcsol\u00f3d\u00edszeket \u00e9s a Gy\u0171r\u0171k Ura k\u00f6nyvt\u00e1masz szettet is megn\u00e9zni, ha egyedi lak\u00e1sdekor\u00e1ci\u00f3t vagy aj\u00e1nd\u00e9kot keresel.\n\nMinden term\u00e9k\u00fcnket egyedileg, rendel\u00e9sre k\u00e9sz\u00edtj\u00fck. K\u00e9rd\u00e9sed van a m\u00e9retekr\u0151l vagy a speci\u00e1lis form\u00e1r\u00f3l? \u00cdrj b\u00e1tran, gyorsan v\u00e1laszolunk. N\u00e9zd meg a t\u00f6bbi term\u00e9k\u00fcnket is, h\u00e1tha tal\u00e1lsz m\u00e9g valamit, ami tetszik.","score":0,"formatted_price":"2 990 Ft","image_url":"https:\/\/www.meska.hu\/img\/product\/small\/d\/a\/darimi_product_702579_251205113540_403771.png","formatted_url":"https:\/\/www.meska.hu\/p5687608-egyedi-hazszamtabla-3d-nyomtatott-idojarasallo-asa-haziko","favourite":false,"in_stock":false,"avatar":"702579_avatar_1739694015.jpeg","delete_from":0,"is_enhanced_background":false,"is_enhanced":false,"product_selection_started":false,"is_active":true,"image_webp_url":"https:\/\/www.meska.hu\/img\/product\/small\/d\/a\/darimi_product_702579_251205113540_403771.webp"},{"id":"3499888","shop_id":"12524","user_id":"54127","shop_name":"Kiokumitsu","shop_zip":"1155","product_code":"2244635","product_name_old":null,"product_name":"Kuty\u00e1s t\u00e1bla","category_string":"Otthon & \u00c9letm\u00f3d, H\u00e1z & Kert, H\u00e1zsz\u00e1m","technic_string":"Fot\u00f3, grafika, rajz, illusztr\u00e1ci\u00f3, Mindenm\u00e1s","category_1":"813","category_2":"897","category_3":"431","category_4":"0","merged_category_1":"0","merged_category_2":"0","merged_category_3":"0","technic_1":"483","technic_2":"493","technic_3":"0","color_1":"519","color_2":"532","color_3":"534","product_description_old":null,"product_description":"Ez a h\u00e1zsz\u00e1mt\u00e1bla egy kombin\u00e1lt t\u00edpus. Nem egyszer\u0171en jelzi a h\u00e1zsz\u00e1mot, hanem a gazdi kedvenc kutyus\u00e1nak k\u00e9p\u00e9t is tartalmazhatja. Standard k\u00e9ppel \u00e9s saj\u00e1t kuty\u00e1s k\u00e9ppel is rendelhet\u0151. Ha saj\u00e1t kuty\u00e1r\u00f3l k\u00fcld k\u00e9pet k\u00e9rem vegye figyelembe, hogy a kutya k\u00f6rbe lesz v\u00e1gva, ez\u00e9rt ne l\u00f3gjon bele a kutya alakj\u00e1ba semmilyen t\u00e1rgy \u00e9s a kutyus ne \u00e1lljon a f\u0171ben, mert ezek akkor benne maradnak a k\u00e9pben.\nA megjegyz\u00e9s rovatban tudja majd megadni a t\u00e1bl\u00e1ra fel\u00edrand\u00f3 sz\u00f6veget.\n\nAlapm\u00e9ret: 25 x 16 cm, de rendelhet\u0151 nagyobb v\u00e1ltozat is.\n\nJelezze kedvenc kutyafajt\u00e1j\u00e1t nekem, \u00e9s \u00e9n r\u00e1teszem a h\u00e1zsz\u00e1mt\u00e1bl\u00e1ra \u00f6nnek!\nMivel sokan f\u00e9lre\u00e9rtik: - az ALAP\u00c1R csak a K\u00c9PEN L\u00c1THAT\u00d3 KUTYA \u00c1BR\u00c1ZOL\u00c1S\u00c1VAL \u00c9L! -  Saj\u00e1t vagy b\u00e1rmely v\u00e1lasztott kutya k\u00e9p\u00e9vel fel\u00e1ras.\n\nA t\u00e1bla anyaga: Ongrofoam, egy speci\u00e1lis UV \u00e1ll\u00f3 m\u0171anyag, Id\u0151j\u00e1r\u00e1s\u00e1ll\u00f3.\n\nA 30 cm-n\u00e9l nagyobb m\u00e9ret rendel\u00e9s\u00e9n\u00e9l csak a csomag, post\u00e1n marad\u00f3 vagy a fut\u00e1r sz\u00e1ll\u00edt\u00e1si opci\u00f3t haszn\u00e1lja, mert a posta 30 centin\u00e9l nagyobb k\u00fcldem\u00e9nyt csak csomagk\u00e9nt sz\u00e1ll\u00edt.\nK\u00e9rem olvassal el az \u00e1ltal\u00e1nos szerz\u0151d\u00e9si felt\u00e9teleket (\u00c1SZF), melyet a term\u00e9k megv\u00e1s\u00e1rl\u00e1val \u00f6n elfogadott.","price":"5990.00","unit":"db","recommended":"0","status":"1","sponsored":"0","exp_notify":"0","own_material":"0","own_material_description_old":null,"own_material_description":"","jury":"0","jury_number":"","product_nature":"","meskaracsony":"0","create_date":"2026-04-09 23:03:41","shelve_id":"70644","image":"kiokumitsu_product_54127_150830100631_31250.jpeg","image_width":"480","image_height":"480","image_alt":"Kuty\u00e1s t\u00e1bla, Ez a h\u00e1zsz\u00e1mt\u00e1bla egy kombin\u00e1lt t\u00edpus. Nem egyszer\u0171en jelzi a h\u00e1zsz\u00e1mot, hanem a gazdi kedvenc kutyu..., Meska","image_title":"Kuty\u00e1s t\u00e1bla, Meska","view_count":"6709","favourite_count":"0","trending_score":"0","last2MonthFavouriteCount":"0","promotion":"0","giftcard_accept":"1","creditcard_accept":true,"enhanced_background":"0","domain":"meska","specific_customer_id":null,"specific_customer_name":null,"to_order_product":"1","to_order_product_time":"10","product_different":"not_different","product_different_description":"","vintage":"0","vintage_category_id":"0","recycled":"0","gemstone_id":"0","customizable":"0","type_category":"physical","zerowaste":"0","postage_price":"2390.00","shop_order":"0","has_category":"1","landing_pages":null,"microdata":{"number":23,"category":""},"title":"Kuty\u00e1s t\u00e1bla","description":"Ez a h\u00e1zsz\u00e1mt\u00e1bla egy kombin\u00e1lt t\u00edpus. Nem egyszer\u0171en jelzi a h\u00e1zsz\u00e1mot, hanem a gazdi kedvenc kutyus\u00e1nak k\u00e9p\u00e9t is tartalmazhatja. Standard k\u00e9ppel \u00e9s saj\u00e1t kuty\u00e1s k\u00e9ppel is rendelhet\u0151. Ha saj\u00e1t kuty\u00e1r\u00f3l k\u00fcld k\u00e9pet k\u00e9rem vegye figyelembe, hogy a kutya k\u00f6rbe lesz v\u00e1gva, ez\u00e9rt ne l\u00f3gjon bele a kutya alakj\u00e1ba semmilyen t\u00e1rgy \u00e9s a kutyus ne \u00e1lljon a f\u0171ben, mert ezek akkor benne maradnak a k\u00e9pben.\nA megjegyz\u00e9s rovatban tudja majd megadni a t\u00e1bl\u00e1ra fel\u00edrand\u00f3 sz\u00f6veget.\n\nAlapm\u00e9ret: 25 x 16 cm, de rendelhet\u0151 nagyobb v\u00e1ltozat is.\n\nJelezze kedvenc kutyafajt\u00e1j\u00e1t nekem, \u00e9s \u00e9n r\u00e1teszem a h\u00e1zsz\u00e1mt\u00e1bl\u00e1ra \u00f6nnek!\nMivel sokan f\u00e9lre\u00e9rtik: - az ALAP\u00c1R csak a K\u00c9PEN L\u00c1THAT\u00d3 KUTYA \u00c1BR\u00c1ZOL\u00c1S\u00c1VAL \u00c9L! -  Saj\u00e1t vagy b\u00e1rmely v\u00e1lasztott kutya k\u00e9p\u00e9vel fel\u00e1ras.\n\nA t\u00e1bla anyaga: Ongrofoam, egy speci\u00e1lis UV \u00e1ll\u00f3 m\u0171anyag, Id\u0151j\u00e1r\u00e1s\u00e1ll\u00f3.\n\nA 30 cm-n\u00e9l nagyobb m\u00e9ret rendel\u00e9s\u00e9n\u00e9l csak a csomag, post\u00e1n marad\u00f3 vagy a fut\u00e1r sz\u00e1ll\u00edt\u00e1si opci\u00f3t haszn\u00e1lja, mert a posta 30 centin\u00e9l nagyobb k\u00fcldem\u00e9nyt csak csomagk\u00e9nt sz\u00e1ll\u00edt.\nK\u00e9rem olvassal el az \u00e1ltal\u00e1nos szerz\u0151d\u00e9si felt\u00e9teleket (\u00c1SZF), melyet a term\u00e9k megv\u00e1s\u00e1rl\u00e1val \u00f6n elfogadott.","score":0,"formatted_price":"5 990 Ft","image_url":"https:\/\/www.meska.hu\/img\/product\/small\/k\/i\/kiokumitsu_product_54127_150830100631_31250.jpeg","formatted_url":"https:\/\/www.meska.hu\/p2244635-kutyas-tabla","favourite":false,"in_stock":false,"avatar":"Kiokumitsu_avatar_54127_1676920383.jpg","delete_from":0,"is_enhanced_background":false,"is_enhanced":false,"product_selection_started":false,"is_active":true,"image_webp_url":"https:\/\/www.meska.hu\/img\/product\/small\/k\/i\/kiokumitsu_product_54127_150830100631_31250.webp"},{"id":"5814938","shop_id":"47945","user_id":"702579","shop_name":"Darimi","shop_zip":"2030","product_code":"5566101","product_name_old":null,"product_name":"Modern h\u00e1zsz\u00e1mt\u00e1bla - letisztult, minimalista k\u00fclt\u00e9ri h\u00e1zsz\u00e1m fekete vagy feh\u00e9r sz\u00ednben","category_string":"Otthon & \u00c9letm\u00f3d, H\u00e1z & Kert, H\u00e1zsz\u00e1m","technic_string":"Mindenm\u00e1s","category_1":"813","category_2":"897","category_3":"431","category_4":"0","merged_category_1":null,"merged_category_2":null,"merged_category_3":null,"technic_1":"493","technic_2":"0","technic_3":"0","color_1":"519","color_2":"520","color_3":"527","product_description_old":null,"product_description":"Modern h\u00e1zsz\u00e1mt\u00e1bla letisztult, minimalista st\u00edlusban, amely egyszer\u0171 eleganci\u00e1j\u00e1val emeli ki otthonod bej\u00e1rat\u00e1t. Ha a kevesebb t\u00f6bb elv\u00e9t vallod, \u00e9s a kort\u00e1rs \u00e9p\u00edt\u00e9szet vonalvezet\u00e9se \u00e1ll hozz\u00e1d k\u00f6zel, ez a h\u00e1zsz\u00e1m pont neked k\u00e9sz\u00fclt. A letisztult vonalak \u00e9s a tudatos egyszer\u0171s\u00e9g m\u00e1r az ajt\u00f3d el\u0151tt megmutatja, milyen \u00edzl\u00e9svil\u00e1g uralkodik a falakon bel\u00fcl.\n\nM\u00c9RETEK\n\nA t\u00e1bla m\u00e9rete kb. 26x10 cm, ar\u00e1nyos kialak\u00edt\u00e1ssal, amely a legt\u00f6bb bej\u00e1rati ajt\u00f3 vagy kapu mell\u00e9 remek\u00fcl illeszkedik.\n\nSZ\u00cdNEK\n\nFekete \u00e9s feh\u00e9r sz\u00ednben \u00e9rhet\u0151 el, \u00edgy k\u00f6nnyed\u00e9n alkalmazkodik a homlokzat st\u00edlus\u00e1hoz. Legyen sz\u00f3 vil\u00e1gos vakolatr\u00f3l vagy s\u00f6t\u00e9t falburkolatr\u00f3l, az egyik sz\u00edn biztosan passzolni fog. Az 1500 Ft-os \u00e1r a boltunk legkedvez\u0151bb aj\u00e1nlata h\u00e1zsz\u00e1mt\u00e1bl\u00e1kra, \u00edgy ha csak egy egyszer\u0171, sz\u00e9p h\u00e1zsz\u00e1mot keresel, nem kell m\u00e9lyen a zsebedbe ny\u00falni.\n\nANYAG\n\nAnyaga ASA (Acrylonitrile Styrene Acrylate), amely kifejezetten k\u00fclt\u00e9ri felhaszn\u00e1l\u00e1sra k\u00e9sz\u00fclt. Ez nem egy hagyom\u00e1nyos festett t\u00e1bla: az ASA anyag teljes t\u00f6meg\u00e9ben sz\u00ednes, RAL ipari sz\u00ednrendszerben, teh\u00e1t nem fakul, nem h\u00e1mlik, nem kopik.\n\nUV-\u00e1ll\u00f3, es\u0151\u00e1ll\u00f3, fagy\u00e1ll\u00f3 - b\u00edrja a -30 fokt\u00f3l a +80 fokig terjed\u0151 h\u0151m\u00e9rs\u00e9kletet, \u00e9s ak\u00e1r 10 \u00e9vig is kifog\u00e1stalanul szolg\u00e1l k\u00fclt\u00e9ren. A fel\u00fclete kellemes szat\u00e9n text\u00far\u00e1j\u00fa, amelyet Prusa XL 5T nyomtat\u00f3val k\u00e9sz\u00edt\u00fcnk, fest\u00e9s n\u00e9lk\u00fcl, egyetlen darabb\u00f3l. Ha megkarcol\u00f3dna, a karcol\u00e1s alatt is ugyanaz a sz\u00edn van, mert a sz\u00edn nem csak a fel\u00fcleten, hanem az anyag belsej\u00e9ben is jelen van.\n\nR\u00d6GZ\u00cdT\u00c9S\n\nA t\u00e1bla s\u00edk fel\u00fclet\u0171, nem dombor\u00fa. R\u00f6gz\u00edteni k\u00fclt\u00e9ri \u00e9p\u00edt\u00e9si ragaszt\u00f3val (pl. Pattex One For All) a legegyszer\u0171bb: csak kend fel a h\u00e1tlapra \u00e9s nyomd a falhoz. Ez a m\u00f3dszer tiszta, lyukmentes fel\u00fcletet ad, nem kell f\u00farni, nem kell tipliz\u0151, \u00e9s a fal s\u00e9rtetlen marad.\n\nHa m\u00e9gis ink\u00e1bb csavaros r\u00f6gz\u00edt\u00e9st szeretn\u00e9l, k\u00e9rheted furatokkal is - jelezd rendel\u00e9skor, \u00e9s mi elk\u00e9sz\u00edtj\u00fck a lyukakat a k\u00edv\u00e1nt poz\u00edci\u00f3ban.\n\nRENDEL\u00c9S\n\nRendel\u00e9skor add meg a k\u00edv\u00e1nt h\u00e1zsz\u00e1mot (sz\u00e1mjegy vagy bet\u0171-sz\u00e1m kombin\u00e1ci\u00f3), \u00e9s mi elk\u00e9sz\u00edtj\u00fck neked. A t\u00e1bla remek\u00fcl mutat \u00f6nmag\u00e1ban is, de ha nagyobb fel\u00fcletet szeretn\u00e9l lefedni, vagy utcanevet is felt\u00fcntetn\u00e9l, \u00e9rdemes megn\u00e9zned a boltunkban el\u00e9rhet\u0151 terjedelmes h\u00e1zsz\u00e1mt\u00e1bl\u00e1kat, amelyek t\u00f6bb sz\u00f6vegsort is befogadnak. Ha a fekv\u0151 t\u00e9glalap form\u00e1tum tetszik, de a m\u00e9retet te szeretn\u00e9d meghat\u00e1rozni, a sz\u00e9less\u00e9g alap\u00fa h\u00e1zsz\u00e1mt\u00e1bl\u00e1ink k\u00f6z\u00f6tt biztosan tal\u00e1lsz megfelel\u0151t.\n\nMIRE J\u00d3?\n\nEz a modern h\u00e1zsz\u00e1mt\u00e1bla gyakori v\u00e1laszt\u00e1s \u00faj \u00e9p\u00edt\u00e9s\u0171 h\u00e1zakhoz, lak\u00f3parkokba vagy fel\u00faj\u00edt\u00e1s ut\u00e1ni homlokzatfriss\u00edt\u00e9shez. H\u00e1zavat\u00f3ra is remek aj\u00e1nd\u00e9k, mert szem\u00e9lyes, praktikus \u00e9s garant\u00e1ltan nem lesz bel\u0151le kett\u0151. Sz\u00fclet\u00e9snapra vagy n\u00e9vnapra is meglepet\u00e9s lehet annak, aki \u00e9ppen \u00faj otthonba k\u00f6lt\u00f6z\u00f6tt.\n\nHa igaz\u00e1n komplett bej\u00e1rati megjelen\u00e9st szeretn\u00e9l, p\u00e1ros\u00edtsd az \u00f6n\u00e1ll\u00f3 sz\u00e1mjegyeinkkel, amelyeket a postal\u00e1d\u00e1ra ragaszthatsz, \u00edgy a bej\u00e1rat \u00e9s a postal\u00e1da is egys\u00e9ges st\u00edlusban k\u00f6sz\u00f6nti a l\u00e1togat\u00f3kat.\n\nTavaszi kertsz\u00e9p\u00edt\u00e9shez, \u0151szi fel\u00faj\u00edt\u00e1shoz vagy egyszer\u0171en a bej\u00e1rat meg\u00faj\u00edt\u00e1s\u00e1hoz ez az egyik legegyszer\u0171bb, m\u00e9gis legl\u00e1tv\u00e1nyosabb l\u00e9p\u00e9s. Egy rendezett, j\u00f3l olvashat\u00f3 h\u00e1zsz\u00e1m az eg\u00e9sz homlokzatot rendbe szedi.\n\nHa a minimalista st\u00edlus helyett valami d\u00edszesebbel is sz\u00edvesen megismerkedn\u00e9l, a boltunkban vintage, eleg\u00e1ns vintage, t\u00e9gla \u00e9s mot\u00edvumos h\u00e1zsz\u00e1mt\u00e1bl\u00e1kat is tal\u00e1lsz - a kuty\u00e1s \u00e9s cic\u00e1s v\u00e1ltozatokt\u00f3l a haj\u00f3s \u00e9s biciklis mot\u00edvumokig rengeteg lehet\u0151s\u00e9g v\u00e1r. Akinek igaz\u00e1n egyedi elk\u00e9pzel\u00e9se van, a teljesen egyedi h\u00e1zsz\u00e1mt\u00e1bl\u00e1nkkal megval\u00f3s\u00edthatja a saj\u00e1t \u00f6tlet\u00e9t is.\n\nMinden term\u00e9k\u00fcnket egyedileg, rendel\u00e9sre k\u00e9sz\u00edtj\u00fck. K\u00e9rd\u00e9sed van? \u00cdrj b\u00e1tran, gyorsan v\u00e1laszolunk. N\u00e9zd meg a t\u00f6bbi term\u00e9k\u00fcnket is, h\u00e1tha tal\u00e1lsz m\u00e9g valamit, ami tetszik.","price":"1450.00","unit":"db","recommended":"0","status":"1","sponsored":"0","exp_notify":"0","own_material":"0","own_material_description_old":null,"own_material_description":"","jury":"0","jury_number":"","product_nature":"","meskaracsony":"0","create_date":"2026-04-08 22:44:14","shelve_id":"79630","image":"darimi_product_702579_250530204459_361165.png","image_width":"480","image_height":"477","image_alt":"Modern h\u00e1zsz\u00e1mt\u00e1bla - letisztult, minimalista k\u00fclt\u00e9ri h\u00e1zsz\u00e1m fekete vagy feh\u00e9r sz\u00ednben, Modern h\u00e1zsz\u00e1mt\u00e1bla letisztult, minimalista st\u00edlusban, amely egyszer\u0171 eleganci\u00e1j\u00e1val emeli ki otthon..., Meska","image_title":"Modern h\u00e1zsz\u00e1mt\u00e1bla - letisztult, minimalista k\u00fclt\u00e9ri h\u00e1zsz\u00e1m fekete vagy feh\u00e9r sz\u00ednben, Meska","view_count":"4581","favourite_count":"2","trending_score":"0","last2MonthFavouriteCount":"4","promotion":"0","giftcard_accept":"0","creditcard_accept":true,"enhanced_background":"0","domain":"meska","specific_customer_id":null,"specific_customer_name":null,"to_order_product":"1","to_order_product_time":"1","product_different":null,"product_different_description":"","vintage":"0","vintage_category_id":"0","recycled":"0","gemstone_id":"0","customizable":"1","type_category":"physical","zerowaste":"0","postage_price":"1349.00","shop_order":"0","has_category":"1","landing_pages":null,"microdata":{"number":24,"category":""},"title":"Modern h\u00e1zsz\u00e1mt\u00e1bla - letisztult, minimalista k\u00fclt\u00e9ri h\u00e1zsz\u00e1m fekete vagy feh\u00e9r sz\u00ednben","description":"Modern h\u00e1zsz\u00e1mt\u00e1bla letisztult, minimalista st\u00edlusban, amely egyszer\u0171 eleganci\u00e1j\u00e1val emeli ki otthonod bej\u00e1rat\u00e1t. Ha a kevesebb t\u00f6bb elv\u00e9t vallod, \u00e9s a kort\u00e1rs \u00e9p\u00edt\u00e9szet vonalvezet\u00e9se \u00e1ll hozz\u00e1d k\u00f6zel, ez a h\u00e1zsz\u00e1m pont neked k\u00e9sz\u00fclt. A letisztult vonalak \u00e9s a tudatos egyszer\u0171s\u00e9g m\u00e1r az ajt\u00f3d el\u0151tt megmutatja, milyen \u00edzl\u00e9svil\u00e1g uralkodik a falakon bel\u00fcl.\n\nM\u00c9RETEK\n\nA t\u00e1bla m\u00e9rete kb. 26x10 cm, ar\u00e1nyos kialak\u00edt\u00e1ssal, amely a legt\u00f6bb bej\u00e1rati ajt\u00f3 vagy kapu mell\u00e9 remek\u00fcl illeszkedik.\n\nSZ\u00cdNEK\n\nFekete \u00e9s feh\u00e9r sz\u00ednben \u00e9rhet\u0151 el, \u00edgy k\u00f6nnyed\u00e9n alkalmazkodik a homlokzat st\u00edlus\u00e1hoz. Legyen sz\u00f3 vil\u00e1gos vakolatr\u00f3l vagy s\u00f6t\u00e9t falburkolatr\u00f3l, az egyik sz\u00edn biztosan passzolni fog. Az 1500 Ft-os \u00e1r a boltunk legkedvez\u0151bb aj\u00e1nlata h\u00e1zsz\u00e1mt\u00e1bl\u00e1kra, \u00edgy ha csak egy egyszer\u0171, sz\u00e9p h\u00e1zsz\u00e1mot keresel, nem kell m\u00e9lyen a zsebedbe ny\u00falni.\n\nANYAG\n\nAnyaga ASA (Acrylonitrile Styrene Acrylate), amely kifejezetten k\u00fclt\u00e9ri felhaszn\u00e1l\u00e1sra k\u00e9sz\u00fclt. Ez nem egy hagyom\u00e1nyos festett t\u00e1bla: az ASA anyag teljes t\u00f6meg\u00e9ben sz\u00ednes, RAL ipari sz\u00ednrendszerben, teh\u00e1t nem fakul, nem h\u00e1mlik, nem kopik.\n\nUV-\u00e1ll\u00f3, es\u0151\u00e1ll\u00f3, fagy\u00e1ll\u00f3 - b\u00edrja a -30 fokt\u00f3l a +80 fokig terjed\u0151 h\u0151m\u00e9rs\u00e9kletet, \u00e9s ak\u00e1r 10 \u00e9vig is kifog\u00e1stalanul szolg\u00e1l k\u00fclt\u00e9ren. A fel\u00fclete kellemes szat\u00e9n text\u00far\u00e1j\u00fa, amelyet Prusa XL 5T nyomtat\u00f3val k\u00e9sz\u00edt\u00fcnk, fest\u00e9s n\u00e9lk\u00fcl, egyetlen darabb\u00f3l. Ha megkarcol\u00f3dna, a karcol\u00e1s alatt is ugyanaz a sz\u00edn van, mert a sz\u00edn nem csak a fel\u00fcleten, hanem az anyag belsej\u00e9ben is jelen van.\n\nR\u00d6GZ\u00cdT\u00c9S\n\nA t\u00e1bla s\u00edk fel\u00fclet\u0171, nem dombor\u00fa. R\u00f6gz\u00edteni k\u00fclt\u00e9ri \u00e9p\u00edt\u00e9si ragaszt\u00f3val (pl. Pattex One For All) a legegyszer\u0171bb: csak kend fel a h\u00e1tlapra \u00e9s nyomd a falhoz. Ez a m\u00f3dszer tiszta, lyukmentes fel\u00fcletet ad, nem kell f\u00farni, nem kell tipliz\u0151, \u00e9s a fal s\u00e9rtetlen marad.\n\nHa m\u00e9gis ink\u00e1bb csavaros r\u00f6gz\u00edt\u00e9st szeretn\u00e9l, k\u00e9rheted furatokkal is - jelezd rendel\u00e9skor, \u00e9s mi elk\u00e9sz\u00edtj\u00fck a lyukakat a k\u00edv\u00e1nt poz\u00edci\u00f3ban.\n\nRENDEL\u00c9S\n\nRendel\u00e9skor add meg a k\u00edv\u00e1nt h\u00e1zsz\u00e1mot (sz\u00e1mjegy vagy bet\u0171-sz\u00e1m kombin\u00e1ci\u00f3), \u00e9s mi elk\u00e9sz\u00edtj\u00fck neked. A t\u00e1bla remek\u00fcl mutat \u00f6nmag\u00e1ban is, de ha nagyobb fel\u00fcletet szeretn\u00e9l lefedni, vagy utcanevet is felt\u00fcntetn\u00e9l, \u00e9rdemes megn\u00e9zned a boltunkban el\u00e9rhet\u0151 terjedelmes h\u00e1zsz\u00e1mt\u00e1bl\u00e1kat, amelyek t\u00f6bb sz\u00f6vegsort is befogadnak. Ha a fekv\u0151 t\u00e9glalap form\u00e1tum tetszik, de a m\u00e9retet te szeretn\u00e9d meghat\u00e1rozni, a sz\u00e9less\u00e9g alap\u00fa h\u00e1zsz\u00e1mt\u00e1bl\u00e1ink k\u00f6z\u00f6tt biztosan tal\u00e1lsz megfelel\u0151t.\n\nMIRE J\u00d3?\n\nEz a modern h\u00e1zsz\u00e1mt\u00e1bla gyakori v\u00e1laszt\u00e1s \u00faj \u00e9p\u00edt\u00e9s\u0171 h\u00e1zakhoz, lak\u00f3parkokba vagy fel\u00faj\u00edt\u00e1s ut\u00e1ni homlokzatfriss\u00edt\u00e9shez. H\u00e1zavat\u00f3ra is remek aj\u00e1nd\u00e9k, mert szem\u00e9lyes, praktikus \u00e9s garant\u00e1ltan nem lesz bel\u0151le kett\u0151. Sz\u00fclet\u00e9snapra vagy n\u00e9vnapra is meglepet\u00e9s lehet annak, aki \u00e9ppen \u00faj otthonba k\u00f6lt\u00f6z\u00f6tt.\n\nHa igaz\u00e1n komplett bej\u00e1rati megjelen\u00e9st szeretn\u00e9l, p\u00e1ros\u00edtsd az \u00f6n\u00e1ll\u00f3 sz\u00e1mjegyeinkkel, amelyeket a postal\u00e1d\u00e1ra ragaszthatsz, \u00edgy a bej\u00e1rat \u00e9s a postal\u00e1da is egys\u00e9ges st\u00edlusban k\u00f6sz\u00f6nti a l\u00e1togat\u00f3kat.\n\nTavaszi kertsz\u00e9p\u00edt\u00e9shez, \u0151szi fel\u00faj\u00edt\u00e1shoz vagy egyszer\u0171en a bej\u00e1rat meg\u00faj\u00edt\u00e1s\u00e1hoz ez az egyik legegyszer\u0171bb, m\u00e9gis legl\u00e1tv\u00e1nyosabb l\u00e9p\u00e9s. Egy rendezett, j\u00f3l olvashat\u00f3 h\u00e1zsz\u00e1m az eg\u00e9sz homlokzatot rendbe szedi.\n\nHa a minimalista st\u00edlus helyett valami d\u00edszesebbel is sz\u00edvesen megismerkedn\u00e9l, a boltunkban vintage, eleg\u00e1ns vintage, t\u00e9gla \u00e9s mot\u00edvumos h\u00e1zsz\u00e1mt\u00e1bl\u00e1kat is tal\u00e1lsz - a kuty\u00e1s \u00e9s cic\u00e1s v\u00e1ltozatokt\u00f3l a haj\u00f3s \u00e9s biciklis mot\u00edvumokig rengeteg lehet\u0151s\u00e9g v\u00e1r. Akinek igaz\u00e1n egyedi elk\u00e9pzel\u00e9se van, a teljesen egyedi h\u00e1zsz\u00e1mt\u00e1bl\u00e1nkkal megval\u00f3s\u00edthatja a saj\u00e1t \u00f6tlet\u00e9t is.\n\nMinden term\u00e9k\u00fcnket egyedileg, rendel\u00e9sre k\u00e9sz\u00edtj\u00fck. K\u00e9rd\u00e9sed van? \u00cdrj b\u00e1tran, gyorsan v\u00e1laszolunk. N\u00e9zd meg a t\u00f6bbi term\u00e9k\u00fcnket is, h\u00e1tha tal\u00e1lsz m\u00e9g valamit, ami tetszik.","score":0,"formatted_price":"1 450 Ft","image_url":"https:\/\/www.meska.hu\/img\/product\/small\/d\/a\/darimi_product_702579_250530204459_361165.png","formatted_url":"https:\/\/www.meska.hu\/p5566101-egyedi-hazszamtabla-3d-nyomtatott-idojarasallo-asa","favourite":false,"in_stock":false,"avatar":"702579_avatar_1739694015.jpeg","delete_from":0,"is_enhanced_background":false,"is_enhanced":false,"product_selection_started":false,"is_active":true,"image_webp_url":"https:\/\/www.meska.hu\/img\/product\/small\/d\/a\/darimi_product_702579_250530204459_361165.webp"},{"id":"5967443","shop_id":"47945","user_id":"702579","shop_name":"Darimi","shop_zip":"2030","product_code":"5652562","product_name_old":null,"product_name":"Biciklis h\u00e1zsz\u00e1mt\u00e1bla - egyedi ker\u00e9kp\u00e1ros mint\u00e1s k\u00fclt\u00e9ri h\u00e1zsz\u00e1m, bring\u00e1soknak","category_string":"Otthon & \u00c9letm\u00f3d, H\u00e1z & Kert, H\u00e1zsz\u00e1m","technic_string":"Mindenm\u00e1s","category_1":"813","category_2":"897","category_3":"431","category_4":"0","merged_category_1":null,"merged_category_2":null,"merged_category_3":null,"technic_1":"493","technic_2":"0","technic_3":"0","color_1":"519","color_2":"520","color_3":"527","product_description_old":null,"product_description":"Biciklis h\u00e1zsz\u00e1mt\u00e1bla ker\u00e9kp\u00e1ros mot\u00edvummal, amely a k\u00e9tkerek\u0171ek szerelmeseinek otthon\u00e1t teszi felismerhet\u0151v\u00e9 m\u00e1r a kapun\u00e1l. Ha a bringa az \u00e9letforma r\u00e9sze, ez a h\u00e1zsz\u00e1m besz\u00e9des kieg\u00e9sz\u00edt\u0151je lesz a bej\u00e1ratnak. Ak\u00e1r orsz\u00e1g\u00fati, ak\u00e1r mountain bike, ak\u00e1r v\u00e1rosi ker\u00e9kp\u00e1ros vagy, ez a t\u00e1bla a k\u00f6z\u00f6s szenved\u00e9lyt jelk\u00e9pezi.\n\nA t\u00e1bl\u00e1n egy ker\u00e9kp\u00e1ros mot\u00edvum szerepel a h\u00e1zsz\u00e1m mellett, amely eleganci\u00e1j\u00e1val nem hivalkod\u00f3, m\u00e9gis azonnal utal az ott lak\u00f3k szenved\u00e9ly\u00e9re.\n\nMERETEK\n\nH\u00e1rom m\u00e9retben \u00e9rhet\u0151 el:\n- S: 20 x 8 cm - kisebb kapu mell\u00e9, diszkr\u00e9t megjelen\u00e9s\n- M: 30 x 12 cm - \u00e1tlagos ker\u00edt\u00e9sre, kapura, messzebbr\u0151l is olvashat\u00f3\n- L: 35 x 14 cm - gar\u00e1zskapu mell\u00e9 vagy az utcai homlokzatra, t\u00e1volabbr\u00f3l is j\u00f3l l\u00e1tszik\n\nA legt\u00f6bben az M-et vagy L-t v\u00e1lasztj\u00e1k, mert messzebbr\u0151l is j\u00f3l olvashat\u00f3 \u00e9s a mot\u00edvum is jobban \u00e9rv\u00e9nyes\u00fcl. A vastags\u00e1got 1,6 mm-t\u0151l 5 mm-ig v\u00e1laszthatod az ig\u00e9nyeid szerint.\n\nSZINEK\n\nA sz\u00ednv\u00e1laszt\u00e9kban a teljes RAL ipari sz\u00ednrendszer el\u00e9rhet\u0151, \u00edgy a homlokzatodhoz, a ker\u00edt\u00e9sedhez vagy ak\u00e1r a kedvenc bring\u00e1d sz\u00edn\u00e9hez is illesztheted a t\u00e1bl\u00e1t. Klasszikus fekete-feh\u00e9r, visszafogott sz\u00fcrke-feh\u00e9r, de ak\u00e1r \u00e9l\u00e9nkebb sz\u00ednkombin\u00e1ci\u00f3k is k\u00e9rhet\u0151k. Egyedi RAL sz\u00edn is v\u00e1laszthat\u00f3, ha a k\u00edn\u00e1latban nem tal\u00e1lod a t\u00f6k\u00e9letes \u00e1rnyalatot.\n\nANYAG\n\nAnyaga ASA (Acrylonitrile Styrene Acrylate), amely k\u00fclt\u00e9ri felhaszn\u00e1l\u00e1sra k\u00e9sz\u00fclt ipari min\u0151s\u00e9g\u0171 alapanyag. Az ASA teljes t\u00f6meg\u00e9ben sz\u00ednes, RAL ipari sz\u00ednrendszerben, teh\u00e1t nem festett - nem fakul, nem h\u00e1mlik, nem kopik.\n\nUV-\u00e1ll\u00f3, es\u0151\u00e1ll\u00f3, fagy\u00e1ll\u00f3: -30 fokt\u00f3l +80 fokig b\u00edrja a sz\u00e9ls\u0151s\u00e9ges id\u0151j\u00e1r\u00e1st, \u00e9s k\u00fclt\u00e9ren ak\u00e1r 10 \u00e9vig meg\u0151rzi az eredeti megjelen\u00e9s\u00e9t. Egy ker\u00e9kp\u00e1ros tudja, mit jelent az id\u0151j\u00e1r\u00e1s\u00e1ll\u00f3s\u00e1g - ez a t\u00e1bla ugyanolyan strapab\u00edr\u00f3, mint egy j\u00f3 bringav\u00e1z. A fel\u00fclete szat\u00e9n text\u00far\u00e1j\u00fa, amelyet Prusa XL 5T nyomtat\u00f3val k\u00e9sz\u00edt\u00fcnk, fest\u00e9s n\u00e9lk\u00fcl, ak\u00e1r 5 sz\u00ednben egyetlen munkafolyamatban.\n\nROGZITES\n\nA t\u00e1bla s\u00edk fel\u00fclet\u0171, nem dombor\u00fa. R\u00f6gz\u00edt\u00e9shez k\u00fclt\u00e9ri \u00e9p\u00edt\u00e9si ragaszt\u00f3t javaslunk (p\u00e9ld\u00e1ul Pattex One For All): kend fel a h\u00e1tlapra, nyomd a falhoz, \u00e9s k\u00e9sz. Ez tiszta, lyukmentes megold\u00e1s, ami tart\u00f3san r\u00f6gz\u00edt. Ha m\u00e9gis ink\u00e1bb csavarozni szeretn\u00e9l, k\u00e9rheted furatokkal is - rendel\u00e9skor jelezd. A ragaszt\u00f3s r\u00f6gz\u00edt\u00e9s vakolatra, t\u00e9gl\u00e1ra \u00e9s betonfel\u00fcletre egyar\u00e1nt kiv\u00e1l\u00f3an m\u0171k\u00f6dik, \u00e9s nem s\u00e9r\u00fcl a fal.\n\nHOGYAN RENDELHETSZ?\n\nRendel\u00e9skor add meg a k\u00edv\u00e1nt h\u00e1zsz\u00e1mot, a v\u00e1lasztott m\u00e9retet \u00e9s a sz\u00ednt. Sz\u00e1mjegy, bet\u0171-sz\u00e1m kombin\u00e1ci\u00f3 vagy utcan\u00e9v egyar\u00e1nt lehets\u00e9ges. Ha p\u00e9ld\u00e1ul az utca nev\u00e9t is szeretn\u00e9d a sz\u00e1mmal egy\u00fctt, az is megoldhat\u00f3.\n\nMIRE JO?\n\n- Ker\u00e9kp\u00e1ros csal\u00e1d bej\u00e1rat\u00e1nak d\u00edsz\u00edt\u00e9se\n- Szem\u00e9lyes aj\u00e1nd\u00e9k h\u00e1zavat\u00f3ra, sz\u00fclet\u00e9snapra vagy kar\u00e1csonyra ker\u00e9kp\u00e1ros bar\u00e1tnak, csal\u00e1dtagnak\n- Tavaszi kertsz\u00e9p\u00edt\u00e9skor vagy \u0151szi fel\u00faj\u00edt\u00e1s sor\u00e1n a r\u00e9gi h\u00e1zsz\u00e1mt\u00e1bla lecser\u00e9l\u00e9se\n- Ker\u00e9kp\u00e1ros egyes\u00fcletek, klubh\u00e1zak bej\u00e1rat\u00e1hoz, ahol a sport szelleme m\u00e1r az ajt\u00f3ban fogadja az \u00e9rkez\u0151t\n\nKAPCSOLODO TERMEKEK\n\nAki a sportot kedveli, \u00e9rdemes megn\u00e9zni a boltunkban el\u00e9rhet\u0151 focis h\u00e1zsz\u00e1mt\u00e1bl\u00e1t labdar\u00fag\u00f3 mot\u00edvummal \u00e9s a motoros v\u00e1ltozatokat is - fekv\u0151 \u00e9s nagy mot\u00edvum\u00fa kivitelben. Mindegyik ugyanilyen anyagb\u00f3l \u00e9s min\u0151s\u00e9gben k\u00e9sz\u00fcl. Ha haj\u00f3s vagy balatoni hangulatot szeretn\u00e9l, a vitorl\u00e1s mot\u00edvumos v\u00e1ltozatainkat is megtal\u00e1lod. Nem sportol\u00f3s csal\u00e1doknak ott vannak a vintage st\u00edlus\u00fa, eleg\u00e1ns, pillang\u00f3s vagy ak\u00e1r kuty\u00e1s (mopsz, tacsk\u00f3, golden retriever, n\u00e9met juh\u00e1sz) h\u00e1zsz\u00e1mt\u00e1bl\u00e1k is.\n\nHa a teljes bej\u00e1ratot egys\u00e9ges st\u00edlusban szeretn\u00e9d, n\u00e9zd meg az \u00f6n\u00e1ll\u00f3 h\u00e1zsz\u00e1mjegyeinket is, amelyeket a postal\u00e1d\u00e1ra vagy a gar\u00e1zs kapuj\u00e1ra r\u00f6gz\u00edthetsz. A h\u00e1zik\u00f3 form\u00e1j\u00fa h\u00e1zsz\u00e1mt\u00e1bl\u00e1k ugyancsak n\u00e9pszer\u0171 v\u00e1laszt\u00e1sok, k\u00fcl\u00f6n\u00f6sen csal\u00e1di h\u00e1zakhoz.\n\nMinden term\u00e9k\u00fcnket egyedileg, rendel\u00e9sre k\u00e9sz\u00edtj\u00fck. K\u00e9rd\u00e9sed van a m\u00e9retekr\u0151l vagy a sz\u00ednv\u00e1laszt\u00e9kr\u00f3l? \u00cdrj b\u00e1tran, gyorsan v\u00e1laszolunk. N\u00e9zd meg a t\u00f6bbi term\u00e9k\u00fcnket is, h\u00e1tha tal\u00e1lsz m\u00e9g valamit, ami tetszik.","price":"5490.00","unit":"db","recommended":"0","status":"1","sponsored":"0","exp_notify":"0","own_material":"0","own_material_description_old":null,"own_material_description":"","jury":"0","jury_number":"","product_nature":"","meskaracsony":"0","create_date":"2026-04-07 18:50:29","shelve_id":"79630","image":"darimi_product_702579_251024180927_064148.jpeg","image_width":"480","image_height":"544","image_alt":"Biciklis h\u00e1zsz\u00e1mt\u00e1bla - egyedi ker\u00e9kp\u00e1ros mint\u00e1s k\u00fclt\u00e9ri h\u00e1zsz\u00e1m, bring\u00e1soknak, Biciklis h\u00e1zsz\u00e1mt\u00e1bla ker\u00e9kp\u00e1ros mot\u00edvummal, amely a k\u00e9tkerek\u0171ek szerelmeseinek otthon\u00e1t teszi felis..., Meska","image_title":"Biciklis h\u00e1zsz\u00e1mt\u00e1bla - egyedi ker\u00e9kp\u00e1ros mint\u00e1s k\u00fclt\u00e9ri h\u00e1zsz\u00e1m, bring\u00e1soknak, Meska","view_count":"2650","favourite_count":"0","trending_score":"0","last2MonthFavouriteCount":"0","promotion":"0","giftcard_accept":"0","creditcard_accept":true,"enhanced_background":"0","domain":"meska","specific_customer_id":null,"specific_customer_name":null,"to_order_product":"1","to_order_product_time":"1","product_different":null,"product_different_description":"","vintage":"0","vintage_category_id":"0","recycled":"0","gemstone_id":"0","customizable":"1","type_category":"physical","zerowaste":"0","postage_price":"1349.00","shop_order":"0","has_category":"1","landing_pages":null,"microdata":{"number":25,"category":""},"title":"Biciklis h\u00e1zsz\u00e1mt\u00e1bla - egyedi ker\u00e9kp\u00e1ros mint\u00e1s k\u00fclt\u00e9ri h\u00e1zsz\u00e1m, bring\u00e1soknak","description":"Biciklis h\u00e1zsz\u00e1mt\u00e1bla ker\u00e9kp\u00e1ros mot\u00edvummal, amely a k\u00e9tkerek\u0171ek szerelmeseinek otthon\u00e1t teszi felismerhet\u0151v\u00e9 m\u00e1r a kapun\u00e1l. Ha a bringa az \u00e9letforma r\u00e9sze, ez a h\u00e1zsz\u00e1m besz\u00e9des kieg\u00e9sz\u00edt\u0151je lesz a bej\u00e1ratnak. Ak\u00e1r orsz\u00e1g\u00fati, ak\u00e1r mountain bike, ak\u00e1r v\u00e1rosi ker\u00e9kp\u00e1ros vagy, ez a t\u00e1bla a k\u00f6z\u00f6s szenved\u00e9lyt jelk\u00e9pezi.\n\nA t\u00e1bl\u00e1n egy ker\u00e9kp\u00e1ros mot\u00edvum szerepel a h\u00e1zsz\u00e1m mellett, amely eleganci\u00e1j\u00e1val nem hivalkod\u00f3, m\u00e9gis azonnal utal az ott lak\u00f3k szenved\u00e9ly\u00e9re.\n\nMERETEK\n\nH\u00e1rom m\u00e9retben \u00e9rhet\u0151 el:\n- S: 20 x 8 cm - kisebb kapu mell\u00e9, diszkr\u00e9t megjelen\u00e9s\n- M: 30 x 12 cm - \u00e1tlagos ker\u00edt\u00e9sre, kapura, messzebbr\u0151l is olvashat\u00f3\n- L: 35 x 14 cm - gar\u00e1zskapu mell\u00e9 vagy az utcai homlokzatra, t\u00e1volabbr\u00f3l is j\u00f3l l\u00e1tszik\n\nA legt\u00f6bben az M-et vagy L-t v\u00e1lasztj\u00e1k, mert messzebbr\u0151l is j\u00f3l olvashat\u00f3 \u00e9s a mot\u00edvum is jobban \u00e9rv\u00e9nyes\u00fcl. A vastags\u00e1got 1,6 mm-t\u0151l 5 mm-ig v\u00e1laszthatod az ig\u00e9nyeid szerint.\n\nSZINEK\n\nA sz\u00ednv\u00e1laszt\u00e9kban a teljes RAL ipari sz\u00ednrendszer el\u00e9rhet\u0151, \u00edgy a homlokzatodhoz, a ker\u00edt\u00e9sedhez vagy ak\u00e1r a kedvenc bring\u00e1d sz\u00edn\u00e9hez is illesztheted a t\u00e1bl\u00e1t. Klasszikus fekete-feh\u00e9r, visszafogott sz\u00fcrke-feh\u00e9r, de ak\u00e1r \u00e9l\u00e9nkebb sz\u00ednkombin\u00e1ci\u00f3k is k\u00e9rhet\u0151k. Egyedi RAL sz\u00edn is v\u00e1laszthat\u00f3, ha a k\u00edn\u00e1latban nem tal\u00e1lod a t\u00f6k\u00e9letes \u00e1rnyalatot.\n\nANYAG\n\nAnyaga ASA (Acrylonitrile Styrene Acrylate), amely k\u00fclt\u00e9ri felhaszn\u00e1l\u00e1sra k\u00e9sz\u00fclt ipari min\u0151s\u00e9g\u0171 alapanyag. Az ASA teljes t\u00f6meg\u00e9ben sz\u00ednes, RAL ipari sz\u00ednrendszerben, teh\u00e1t nem festett - nem fakul, nem h\u00e1mlik, nem kopik.\n\nUV-\u00e1ll\u00f3, es\u0151\u00e1ll\u00f3, fagy\u00e1ll\u00f3: -30 fokt\u00f3l +80 fokig b\u00edrja a sz\u00e9ls\u0151s\u00e9ges id\u0151j\u00e1r\u00e1st, \u00e9s k\u00fclt\u00e9ren ak\u00e1r 10 \u00e9vig meg\u0151rzi az eredeti megjelen\u00e9s\u00e9t. Egy ker\u00e9kp\u00e1ros tudja, mit jelent az id\u0151j\u00e1r\u00e1s\u00e1ll\u00f3s\u00e1g - ez a t\u00e1bla ugyanolyan strapab\u00edr\u00f3, mint egy j\u00f3 bringav\u00e1z. A fel\u00fclete szat\u00e9n text\u00far\u00e1j\u00fa, amelyet Prusa XL 5T nyomtat\u00f3val k\u00e9sz\u00edt\u00fcnk, fest\u00e9s n\u00e9lk\u00fcl, ak\u00e1r 5 sz\u00ednben egyetlen munkafolyamatban.\n\nROGZITES\n\nA t\u00e1bla s\u00edk fel\u00fclet\u0171, nem dombor\u00fa. R\u00f6gz\u00edt\u00e9shez k\u00fclt\u00e9ri \u00e9p\u00edt\u00e9si ragaszt\u00f3t javaslunk (p\u00e9ld\u00e1ul Pattex One For All): kend fel a h\u00e1tlapra, nyomd a falhoz, \u00e9s k\u00e9sz. Ez tiszta, lyukmentes megold\u00e1s, ami tart\u00f3san r\u00f6gz\u00edt. Ha m\u00e9gis ink\u00e1bb csavarozni szeretn\u00e9l, k\u00e9rheted furatokkal is - rendel\u00e9skor jelezd. A ragaszt\u00f3s r\u00f6gz\u00edt\u00e9s vakolatra, t\u00e9gl\u00e1ra \u00e9s betonfel\u00fcletre egyar\u00e1nt kiv\u00e1l\u00f3an m\u0171k\u00f6dik, \u00e9s nem s\u00e9r\u00fcl a fal.\n\nHOGYAN RENDELHETSZ?\n\nRendel\u00e9skor add meg a k\u00edv\u00e1nt h\u00e1zsz\u00e1mot, a v\u00e1lasztott m\u00e9retet \u00e9s a sz\u00ednt. Sz\u00e1mjegy, bet\u0171-sz\u00e1m kombin\u00e1ci\u00f3 vagy utcan\u00e9v egyar\u00e1nt lehets\u00e9ges. Ha p\u00e9ld\u00e1ul az utca nev\u00e9t is szeretn\u00e9d a sz\u00e1mmal egy\u00fctt, az is megoldhat\u00f3.\n\nMIRE JO?\n\n- Ker\u00e9kp\u00e1ros csal\u00e1d bej\u00e1rat\u00e1nak d\u00edsz\u00edt\u00e9se\n- Szem\u00e9lyes aj\u00e1nd\u00e9k h\u00e1zavat\u00f3ra, sz\u00fclet\u00e9snapra vagy kar\u00e1csonyra ker\u00e9kp\u00e1ros bar\u00e1tnak, csal\u00e1dtagnak\n- Tavaszi kertsz\u00e9p\u00edt\u00e9skor vagy \u0151szi fel\u00faj\u00edt\u00e1s sor\u00e1n a r\u00e9gi h\u00e1zsz\u00e1mt\u00e1bla lecser\u00e9l\u00e9se\n- Ker\u00e9kp\u00e1ros egyes\u00fcletek, klubh\u00e1zak bej\u00e1rat\u00e1hoz, ahol a sport szelleme m\u00e1r az ajt\u00f3ban fogadja az \u00e9rkez\u0151t\n\nKAPCSOLODO TERMEKEK\n\nAki a sportot kedveli, \u00e9rdemes megn\u00e9zni a boltunkban el\u00e9rhet\u0151 focis h\u00e1zsz\u00e1mt\u00e1bl\u00e1t labdar\u00fag\u00f3 mot\u00edvummal \u00e9s a motoros v\u00e1ltozatokat is - fekv\u0151 \u00e9s nagy mot\u00edvum\u00fa kivitelben. Mindegyik ugyanilyen anyagb\u00f3l \u00e9s min\u0151s\u00e9gben k\u00e9sz\u00fcl. Ha haj\u00f3s vagy balatoni hangulatot szeretn\u00e9l, a vitorl\u00e1s mot\u00edvumos v\u00e1ltozatainkat is megtal\u00e1lod. Nem sportol\u00f3s csal\u00e1doknak ott vannak a vintage st\u00edlus\u00fa, eleg\u00e1ns, pillang\u00f3s vagy ak\u00e1r kuty\u00e1s (mopsz, tacsk\u00f3, golden retriever, n\u00e9met juh\u00e1sz) h\u00e1zsz\u00e1mt\u00e1bl\u00e1k is.\n\nHa a teljes bej\u00e1ratot egys\u00e9ges st\u00edlusban szeretn\u00e9d, n\u00e9zd meg az \u00f6n\u00e1ll\u00f3 h\u00e1zsz\u00e1mjegyeinket is, amelyeket a postal\u00e1d\u00e1ra vagy a gar\u00e1zs kapuj\u00e1ra r\u00f6gz\u00edthetsz. A h\u00e1zik\u00f3 form\u00e1j\u00fa h\u00e1zsz\u00e1mt\u00e1bl\u00e1k ugyancsak n\u00e9pszer\u0171 v\u00e1laszt\u00e1sok, k\u00fcl\u00f6n\u00f6sen csal\u00e1di h\u00e1zakhoz.\n\nMinden term\u00e9k\u00fcnket egyedileg, rendel\u00e9sre k\u00e9sz\u00edtj\u00fck. K\u00e9rd\u00e9sed van a m\u00e9retekr\u0151l vagy a sz\u00ednv\u00e1laszt\u00e9kr\u00f3l? \u00cdrj b\u00e1tran, gyorsan v\u00e1laszolunk. N\u00e9zd meg a t\u00f6bbi term\u00e9k\u00fcnket is, h\u00e1tha tal\u00e1lsz m\u00e9g valamit, ami tetszik.","score":0,"formatted_price":"5 490 Ft","image_url":"https:\/\/www.meska.hu\/img\/product\/small\/d\/a\/darimi_product_702579_251024180927_064148.jpeg","formatted_url":"https:\/\/www.meska.hu\/p5652562-egyedi-biciklis-hazszamtabla-bicikli","favourite":false,"in_stock":false,"avatar":"702579_avatar_1739694015.jpeg","delete_from":0,"is_enhanced_background":false,"is_enhanced":false,"product_selection_started":false,"is_active":true,"image_webp_url":"https:\/\/www.meska.hu\/img\/product\/small\/d\/a\/darimi_product_702579_251024180927_064148.webp"},{"id":"3436029","shop_id":"12524","user_id":"54127","shop_name":"Kiokumitsu","shop_zip":"1155","product_code":"2247242","product_name_old":null,"product_name":"H\u00e1zsz\u00e1mt\u00e1bla - k\u00f6rbe\u00edves","category_string":"Otthon & \u00c9letm\u00f3d, H\u00e1z & Kert, H\u00e1zsz\u00e1m","technic_string":"Fot\u00f3, grafika, rajz, illusztr\u00e1ci\u00f3, Mindenm\u00e1s","category_1":"813","category_2":"897","category_3":"431","category_4":"0","merged_category_1":"0","merged_category_2":"0","merged_category_3":"0","technic_1":"483","technic_2":"493","technic_3":"0","color_1":"520","color_2":"523","color_3":"529","product_description_old":null,"product_description":"A h\u00e1zsz\u00e1mt\u00e1bla utal az utca elnevez\u00e9s\u00e9re, n\u00e9vad\u00f3j\u00e1ra. \n Amennyiben az utca neve olyan, hogy nem lehet szeml\u00e9ltetni hasonl\u00f3 k\u00e9pet, v\u00e1laszthat\u00f3 b\u00e1rmilyen k\u00e9p \u00e9s\/vagy h\u00e1tt\u00e9r hozz\u00e1! \nSaj\u00e1t tervez\u00e9s\u0171 grafika \u00e9s kivitelez\u00e9s, bele\u00e9rtve a kiv\u00e1g\u00e1st is!\nA megjegyz\u00e9s rovatban tudja majd megadni a t\u00e1bl\u00e1ra fel\u00edrand\u00f3 sz\u00f6veget.\n\nM\u00e9rete: 25 x 25 cm, de k\u00e9rhet\u0151 nagyobb v\u00e1ltozatban is!\n\nA t\u00e1bla anyaga: Ongrofoam, egy speci\u00e1lis UV \u00e1ll\u00f3 m\u0171anyag, Id\u0151j\u00e1r\u00e1s\u00e1ll\u00f3.\n\nK\u00e9rem olvassal el az \u00e1ltal\u00e1nos szerz\u0151d\u00e9si felt\u00e9teleket (\u00c1SZF), melyet a term\u00e9k megv\u00e1s\u00e1rl\u00e1val \u00f6n elfogadott.","price":"5990.00","unit":"db","recommended":"0","status":"1","sponsored":"0","exp_notify":"0","own_material":"0","own_material_description_old":null,"own_material_description":"","jury":"0","jury_number":"","product_nature":"","meskaracsony":"0","create_date":"2026-04-06 23:45:41","shelve_id":"44100","image":"kiokumitsu_product_54127_150831120944_070544.jpeg","image_width":"480","image_height":"480","image_alt":"H\u00e1zsz\u00e1mt\u00e1bla - k\u00f6rbe\u00edves, A h\u00e1zsz\u00e1mt\u00e1bla utal az utca elnevez\u00e9s\u00e9re, n\u00e9vad\u00f3j\u00e1ra. \\n Amennyiben az utca neve olyan, hogy nem lehe..., Meska","image_title":"H\u00e1zsz\u00e1mt\u00e1bla - k\u00f6rbe\u00edves, Meska","view_count":"2717","favourite_count":"0","trending_score":"0","last2MonthFavouriteCount":"0","promotion":"0","giftcard_accept":"1","creditcard_accept":true,"enhanced_background":"0","domain":"meska","specific_customer_id":null,"specific_customer_name":null,"to_order_product":"1","to_order_product_time":"12","product_different":"different","product_different_description":"A k\u00e9perny\u0151n l\u00e1that\u00f3 sz\u00ednek felbont\u00e1sa \u00e9s a nyomdai sz\u00ednek felbont\u00e1sa kis m\u00e9rt\u00e9kben elt\u00e9rhet!","vintage":"0","vintage_category_id":"0","recycled":"0","gemstone_id":"0","customizable":"0","type_category":"physical","zerowaste":"0","postage_price":"2390.00","shop_order":"0","has_category":"1","landing_pages":null,"microdata":{"number":26,"category":""},"title":"H\u00e1zsz\u00e1mt\u00e1bla - k\u00f6rbe\u00edves","description":"A h\u00e1zsz\u00e1mt\u00e1bla utal az utca elnevez\u00e9s\u00e9re, n\u00e9vad\u00f3j\u00e1ra. \n Amennyiben az utca neve olyan, hogy nem lehet szeml\u00e9ltetni hasonl\u00f3 k\u00e9pet, v\u00e1laszthat\u00f3 b\u00e1rmilyen k\u00e9p \u00e9s\/vagy h\u00e1tt\u00e9r hozz\u00e1! \nSaj\u00e1t tervez\u00e9s\u0171 grafika \u00e9s kivitelez\u00e9s, bele\u00e9rtve a kiv\u00e1g\u00e1st is!\nA megjegyz\u00e9s rovatban tudja majd megadni a t\u00e1bl\u00e1ra fel\u00edrand\u00f3 sz\u00f6veget.\n\nM\u00e9rete: 25 x 25 cm, de k\u00e9rhet\u0151 nagyobb v\u00e1ltozatban is!\n\nA t\u00e1bla anyaga: Ongrofoam, egy speci\u00e1lis UV \u00e1ll\u00f3 m\u0171anyag, Id\u0151j\u00e1r\u00e1s\u00e1ll\u00f3.\n\nK\u00e9rem olvassal el az \u00e1ltal\u00e1nos szerz\u0151d\u00e9si felt\u00e9teleket (\u00c1SZF), melyet a term\u00e9k megv\u00e1s\u00e1rl\u00e1val \u00f6n elfogadott.","score":0,"formatted_price":"5 990 Ft","image_url":"https:\/\/www.meska.hu\/img\/product\/small\/k\/i\/kiokumitsu_product_54127_150831120944_070544.jpeg","formatted_url":"https:\/\/www.meska.hu\/p2247242-hazszamtabla-korbeives","favourite":false,"in_stock":false,"avatar":"Kiokumitsu_avatar_54127_1676920383.jpg","delete_from":0,"is_enhanced_background":false,"is_enhanced":false,"product_selection_started":false,"is_active":true,"image_webp_url":"https:\/\/www.meska.hu\/img\/product\/small\/k\/i\/kiokumitsu_product_54127_150831120944_070544.webp"},{"id":"3410365","shop_id":"12524","user_id":"54127","shop_name":"Kiokumitsu","shop_zip":"1155","product_code":"2215297","product_name_old":null,"product_name":"H\u00e1zsz\u00e1mt\u00e1bla - d\u00edszes, k\u00f6rbe\u00edves","category_string":"Otthon & \u00c9letm\u00f3d, H\u00e1z & Kert, H\u00e1zsz\u00e1m","technic_string":"Mindenm\u00e1s","category_1":"813","category_2":"897","category_3":"431","category_4":"0","merged_category_1":"0","merged_category_2":"0","merged_category_3":"0","technic_1":"493","technic_2":"0","technic_3":"0","color_1":"519","color_2":"529","color_3":"0","product_description_old":null,"product_description":"Saj\u00e1t tervez\u00e9s\u0171 \u00e9s kivitelez\u00e9s\u0171 h\u00e1zsz\u00e1mt\u00e1bla, bele\u00e9rtve a kiv\u00e1g\u00e1st is.\nAlapm\u00e9ret 20 x 11 cm, de v\u00e1laszthat\u00f3 nagyobb m\u00e9ret is.\nA megjegyz\u00e9s rovatban tudja majd megadni a t\u00e1bl\u00e1ra fel\u00edrand\u00f3 sz\u00f6veget.\nEz a bet\u0171t\u00edpus csak nagybet\u0171ket tartalmaz!\n\nA t\u00e1bla anyaga: Ongrofoam, egy speci\u00e1lis UV \u00e1ll\u00f3 m\u0171anyag, Id\u0151j\u00e1r\u00e1s\u00e1ll\u00f3.\n\nK\u00e9rem olvassal el az \u00e1ltal\u00e1nos szerz\u0151d\u00e9si felt\u00e9teleket (\u00c1SZF), melyet a term\u00e9k megv\u00e1s\u00e1rl\u00e1val \u00f6n elfogadott.\n\n","price":"5990.00","unit":"db","recommended":"0","status":"1","sponsored":"0","exp_notify":"0","own_material":"0","own_material_description_old":null,"own_material_description":"","jury":"0","jury_number":"","product_nature":"","meskaracsony":"0","create_date":"2026-04-04 23:32:39","shelve_id":"44100","image":"kiokumitsu_product_54127_220926160606_766163.jpeg","image_width":"480","image_height":"339","image_alt":"H\u00e1zsz\u00e1mt\u00e1bla - d\u00edszes, k\u00f6rbe\u00edves, Saj\u00e1t tervez\u00e9s\u0171 \u00e9s kivitelez\u00e9s\u0171 h\u00e1zsz\u00e1mt\u00e1bla, bele\u00e9rtve a kiv\u00e1g\u00e1st is.\\nAlapm\u00e9ret 20 x 11 cm, de v\u00e1la..., Meska","image_title":"H\u00e1zsz\u00e1mt\u00e1bla - d\u00edszes, k\u00f6rbe\u00edves, Meska","view_count":"2332","favourite_count":"0","trending_score":"0","last2MonthFavouriteCount":"0","promotion":"0","giftcard_accept":"1","creditcard_accept":true,"enhanced_background":"0","domain":"meska","specific_customer_id":null,"specific_customer_name":null,"to_order_product":"1","to_order_product_time":"12","product_different":null,"product_different_description":"","vintage":"0","vintage_category_id":"0","recycled":"0","gemstone_id":"0","customizable":"0","type_category":"physical","zerowaste":"0","postage_price":"2390.00","shop_order":"0","has_category":"1","landing_pages":null,"microdata":{"number":27,"category":""},"title":"H\u00e1zsz\u00e1mt\u00e1bla - d\u00edszes, k\u00f6rbe\u00edves","description":"Saj\u00e1t tervez\u00e9s\u0171 \u00e9s kivitelez\u00e9s\u0171 h\u00e1zsz\u00e1mt\u00e1bla, bele\u00e9rtve a kiv\u00e1g\u00e1st is.\nAlapm\u00e9ret 20 x 11 cm, de v\u00e1laszthat\u00f3 nagyobb m\u00e9ret is.\nA megjegyz\u00e9s rovatban tudja majd megadni a t\u00e1bl\u00e1ra fel\u00edrand\u00f3 sz\u00f6veget.\nEz a bet\u0171t\u00edpus csak nagybet\u0171ket tartalmaz!\n\nA t\u00e1bla anyaga: Ongrofoam, egy speci\u00e1lis UV \u00e1ll\u00f3 m\u0171anyag, Id\u0151j\u00e1r\u00e1s\u00e1ll\u00f3.\n\nK\u00e9rem olvassal el az \u00e1ltal\u00e1nos szerz\u0151d\u00e9si felt\u00e9teleket (\u00c1SZF), melyet a term\u00e9k megv\u00e1s\u00e1rl\u00e1val \u00f6n elfogadott.\n\n","score":0,"formatted_price":"5 990 Ft","image_url":"https:\/\/www.meska.hu\/img\/product\/small\/k\/i\/kiokumitsu_product_54127_220926160606_766163.jpeg","formatted_url":"https:\/\/www.meska.hu\/p2215297-hazszamtabla-diszes-korbeives","favourite":false,"in_stock":false,"avatar":"Kiokumitsu_avatar_54127_1676920383.jpg","delete_from":0,"is_enhanced_background":false,"is_enhanced":false,"product_selection_started":false,"is_active":true,"image_webp_url":"https:\/\/www.meska.hu\/img\/product\/small\/k\/i\/kiokumitsu_product_54127_220926160606_766163.webp"},{"id":"5967498","shop_id":"47945","user_id":"702579","shop_name":"Darimi","shop_zip":"2030","product_code":"5652612","product_name_old":null,"product_name":"Haj\u00f3s h\u00e1zsz\u00e1mt\u00e1bla fekv\u0151 - egyedi vitorl\u00e1s mint\u00e1s k\u00fclt\u00e9ri h\u00e1zsz\u00e1m, v\u00edzi mot\u00edvum","category_string":"Otthon & \u00c9letm\u00f3d, H\u00e1z & Kert, H\u00e1zsz\u00e1m","technic_string":"Mindenm\u00e1s","category_1":"813","category_2":"897","category_3":"431","category_4":"0","merged_category_1":null,"merged_category_2":null,"merged_category_3":null,"technic_1":"493","technic_2":"0","technic_3":"0","color_1":"519","color_2":"520","color_3":"527","product_description_old":null,"product_description":"Haj\u00f3s h\u00e1zsz\u00e1mt\u00e1bla fekv\u0151 form\u00e1tumban, vitorl\u00e1s haj\u00f3 mot\u00edvummal, amely v\u00edzparti h\u00e1zak, nyaral\u00f3k \u00e9s haj\u00f3z\u00e1s szerelmeseinek bej\u00e1rat\u00e1t teszi egyediv\u00e9. Ha a v\u00edz \u00e9s a vitorl\u00e1z\u00e1s a szenved\u00e9lyed, ez a h\u00e1zsz\u00e1m a bej\u00e1ratn\u00e1l jelzi az ott lak\u00f3k \u00e9letst\u00edlus\u00e1t. A fekv\u0151 elrendez\u00e9s klasszikus, visszafogott forma, amely szinte minden kapuhoz \u00e9s ker\u00edt\u00e9shez term\u00e9szetesen illeszkedik.\n\nM\u00c9RETEK\n\nA fekv\u0151 form\u00e1tum\u00fa t\u00e1bla sz\u00e9les, alacsony kialak\u00edt\u00e1s\u00fa, amelyen a vitorl\u00e1s haj\u00f3 mot\u00edvum \u00e9s a h\u00e1zsz\u00e1m egym\u00e1s mellett, v\u00edzszintesen helyezkedik el. H\u00e1rom m\u00e9retben rendelhet\u0151:\n- S: 20 x 8 cm - sz\u0171kebb helyre is r\u00e1f\u00e9r\n- M: 30 x 12 cm - a legt\u00f6bb bej\u00e1rathoz j\u00f3l illeszkedik\n- L: 35 x 14 cm - j\u00f3l olvashat\u00f3, l\u00e1tv\u00e1nyos\n\nA vastags\u00e1g 1,6 mm-t\u0151l 5 mm-ig v\u00e1laszthat\u00f3. Ez a klasszikus, fekv\u0151 elrendez\u00e9s a legt\u00f6bb bej\u00e1rathoz j\u00f3l illeszkedik, legyen sz\u00f3 ker\u00edt\u00e9spill\u00e9rr\u0151l, kapuoszlopr\u00f3l vagy a h\u00e1z falfel\u00fclet\u00e9r\u0151l.\n\nSZINEK\n\nA teljes RAL ipari sz\u00ednrendszer el\u00e9rhet\u0151. A v\u00edzi tematik\u00e1hoz a k\u00e9k \u00e9s feh\u00e9r \u00e1rnyalatok term\u00e9szetes v\u00e1laszt\u00e1snak t\u0171nnek, de b\u00e1rmilyen sz\u00edn k\u00e9rhet\u0151. S\u00f6t\u00e9tk\u00e9k alapon feh\u00e9r sz\u00e1m, feh\u00e9r alapon tenger\u00e9szk\u00e9k mot\u00edvum, vagy ak\u00e1r piros-feh\u00e9r-k\u00e9k kombin\u00e1ci\u00f3 is k\u00e9sz\u00fclhet. Egyedi RAL sz\u00edn is el\u00e9rhet\u0151, ha a homlokzatodhoz vagy a ker\u00edt\u00e9sedhez szeretn\u00e9d igaz\u00edtani.\n\nANYAG\n\nAnyaga ASA (Acrylonitrile Styrene Acrylate), amely kifejezetten k\u00fclt\u00e9ri alkalmaz\u00e1sra k\u00e9sz\u00fclt ipari alapanyag. V\u00edzparti helysz\u00ednen k\u00fcl\u00f6n\u00f6sen fontos az id\u0151j\u00e1r\u00e1s\u00e1ll\u00f3s\u00e1g:\n- Az ASA teljes t\u00f6meg\u00e9ben sz\u00ednes, RAL ipari sz\u00ednrendszerben\n- UV-\u00e1ll\u00f3: nem fakul a t\u0171z\u0151 napon\n- Es\u0151\u00e1ll\u00f3 \u00e9s fagy\u00e1ll\u00f3: -30 fokt\u00f3l +80 fokig b\u00edrja a sz\u00e9ls\u0151s\u00e9geket\n- K\u00fclt\u00e9ren ak\u00e1r 10 \u00e9vig meg\u0151rzi eredeti \u00e1llapot\u00e1t\n\nA fel\u00fclete szat\u00e9n text\u00far\u00e1j\u00fa, amelyet Prusa XL 5T nyomtat\u00f3val k\u00e9sz\u00edt\u00fcnk, fest\u00e9s n\u00e9lk\u00fcl, ak\u00e1r 5 sz\u00ednben egyetlen munkafolyamatban.\n\nROGZITES\n\nA t\u00e1bla s\u00edk fel\u00fclet\u0171, nem dombor\u00fa. R\u00f6gz\u00edt\u00e9shez k\u00fclt\u00e9ri \u00e9p\u00edt\u00e9si ragaszt\u00f3t javaslunk (p\u00e9ld\u00e1ul Pattex One For All t\u00edpust): kend fel a h\u00e1tlapra, nyomd a falhoz, \u00e9s k\u00e9sz. F\u00far\u00e1smentes megold\u00e1s, amely tart\u00f3san r\u00f6gz\u00edt. Ha csavarozni szeretn\u00e9d, k\u00e9rheted furatokkal is - jelezd rendel\u00e9skor. A ragaszt\u00f3s megold\u00e1s vakolatra, t\u00e9gl\u00e1ra, betonra \u00e9s f\u00e9mfel\u00fcletre is megb\u00edzhat\u00f3an tart, \u00edgy kerti kapukra \u00e9s ker\u00edt\u00e9soszlopokra is alkalmas.\n\nHOGYAN RENDELHETSZ?\n\nRendel\u00e9skor add meg a k\u00edv\u00e1nt h\u00e1zsz\u00e1mot, m\u00e9retet \u00e9s sz\u00edn-kombin\u00e1ci\u00f3t. Sz\u00e1mjegy, bet\u0171-sz\u00e1m kombin\u00e1ci\u00f3, utcan\u00e9v vagy ak\u00e1r a h\u00e1z neve egyar\u00e1nt k\u00e9rhet\u0151. Egyedi RAL sz\u00edn is el\u00e9rhet\u0151. V\u00edzparti nyaral\u00f3kn\u00e1l gyakran k\u00e9rnek h\u00e1zneveket is a sz\u00e1m mell\u00e9, ami a t\u00e1bla egyedis\u00e9g\u00e9t tov\u00e1bb n\u00f6veli.\n\nMIRE JO?\n\nEz a haj\u00f3s h\u00e1zsz\u00e1mt\u00e1bla remek aj\u00e1nd\u00e9k vitorl\u00e1z\u00f3knak, cs\u00f3nakosoknak, v\u00edzi sportol\u00f3knak - h\u00e1zavat\u00f3ra, sz\u00fclet\u00e9snapra vagy kar\u00e1csonyra. Nyaral\u00f3, \u00fcd\u00fcl\u0151, h\u00e9tv\u00e9gi h\u00e1z kapuj\u00e1ra \u00e9pp\u00fagy illeszkedik, mint egy v\u00edz k\u00f6zel\u00e9ben \u00e1ll\u00f3 csal\u00e1di h\u00e1z bej\u00e1rat\u00e1ra. Szem\u00e9lyes, mert a megaj\u00e1nd\u00e9kozott saj\u00e1t h\u00e1zsz\u00e1m\u00e1val k\u00e9sz\u00fcl. Haj\u00f3s klubh\u00e1zak, kishaj\u00f3 kik\u00f6t\u0151k bej\u00e1rat\u00e1hoz is st\u00edlusos v\u00e1laszt\u00e1s.\n\nTOVABBI VALTOZATOK\n\nHa nagyobb, karakteresebb haj\u00f3s h\u00e1zsz\u00e1mt\u00e1bl\u00e1t keresel, n\u00e9zd meg a boltunkban el\u00e9rhet\u0151 \u00e1ll\u00f3 form\u00e1tum\u00fa haj\u00f3s v\u00e1ltozatot is, ahol a mot\u00edvum \u00e9s a sz\u00e1m f\u00fcgg\u0151leges elrendez\u00e9sben jelenik meg, \u00e9s a t\u00e1bla k\u00f6zel n\u00e9gyzetes alak\u00fa - S (20x18 cm), M (30x26 cm), L (35x31 cm) m\u00e9retekkel. A balatoni v\u00e1ltozat szint\u00e9n haj\u00f3s tematik\u00e1j\u00fa, kifejezetten Balaton-parti nyaral\u00f3khoz k\u00e9sz\u00fclt, \u00e9s kilenc vastags\u00e1gban \u00e9rhet\u0151 el 8 mm-ig. Ha tr\u00f3pusi hangulatot szeretn\u00e9l, a p\u00e1lmaf\u00e1s \u00e9s ban\u00e1nf\u00e1s h\u00e1zsz\u00e1mt\u00e1bl\u00e1k is a ny\u00e1ri \u00e9let\u00e9rz\u00e9st er\u0151s\u00edtik.\n\nKomplett bej\u00e1rathoz p\u00e1ros\u00edtsd az \u00f6n\u00e1ll\u00f3 sz\u00e1mjegyeinkkel, amelyeket a postal\u00e1d\u00e1ra vagy gar\u00e1zs kapuj\u00e1ra r\u00f6gz\u00edthetsz. A kuty\u00e1s v\u00e1ltozatok is n\u00e9pszer\u0171ek - ha a csal\u00e1d n\u00e9gyl\u00e1b\u00fa tagja is ott van a v\u00edzparton, mopsz, tacsk\u00f3, golden retriever vagy corgi mot\u00edvummal is k\u00e9sz\u00fcl h\u00e1zsz\u00e1mt\u00e1bla a boltunkban. Pillang\u00f3s, h\u00e1zik\u00f3 form\u00e1j\u00fa \u00e9s vintage v\u00e1ltozataink is el\u00e9rhet\u0151k.\n\nMinden term\u00e9k\u00fcnket egyedileg, rendel\u00e9sre k\u00e9sz\u00edtj\u00fck. K\u00e9rd\u00e9sed van a m\u00e9retekr\u0151l vagy sz\u00ednekr\u0151l? \u00cdrj b\u00e1tran, gyorsan v\u00e1laszolunk. N\u00e9zd meg a t\u00f6bbi term\u00e9k\u00fcnket is, h\u00e1tha tal\u00e1lsz m\u00e9g valamit, ami tetszik.","price":"5490.00","unit":"db","recommended":"0","status":"1","sponsored":"0","exp_notify":"0","own_material":"0","own_material_description_old":null,"own_material_description":"","jury":"0","jury_number":"","product_nature":"","meskaracsony":"0","create_date":"2026-04-04 14:59:14","shelve_id":"79630","image":"darimi_product_702579_251024183908_162431.png","image_width":"480","image_height":"535","image_alt":"Haj\u00f3s h\u00e1zsz\u00e1mt\u00e1bla fekv\u0151 - egyedi vitorl\u00e1s mint\u00e1s k\u00fclt\u00e9ri h\u00e1zsz\u00e1m, v\u00edzi mot\u00edvum, Haj\u00f3s h\u00e1zsz\u00e1mt\u00e1bla fekv\u0151 form\u00e1tumban, vitorl\u00e1s haj\u00f3 mot\u00edvummal, amely v\u00edzparti h\u00e1zak, nyaral\u00f3k \u00e9s ha..., Meska","image_title":"Haj\u00f3s h\u00e1zsz\u00e1mt\u00e1bla fekv\u0151 - egyedi vitorl\u00e1s mint\u00e1s k\u00fclt\u00e9ri h\u00e1zsz\u00e1m, v\u00edzi mot\u00edvum, Meska","view_count":"2685","favourite_count":"0","trending_score":"0","last2MonthFavouriteCount":"0","promotion":"0","giftcard_accept":"0","creditcard_accept":true,"enhanced_background":"0","domain":"meska","specific_customer_id":null,"specific_customer_name":null,"to_order_product":"1","to_order_product_time":"1","product_different":null,"product_different_description":"","vintage":"0","vintage_category_id":"0","recycled":"0","gemstone_id":"0","customizable":"1","type_category":"physical","zerowaste":"0","postage_price":"1349.00","shop_order":"0","has_category":"1","landing_pages":null,"microdata":{"number":28,"category":""},"title":"Haj\u00f3s h\u00e1zsz\u00e1mt\u00e1bla fekv\u0151 - egyedi vitorl\u00e1s mint\u00e1s k\u00fclt\u00e9ri h\u00e1zsz\u00e1m, v\u00edzi mot\u00edvum","description":"Haj\u00f3s h\u00e1zsz\u00e1mt\u00e1bla fekv\u0151 form\u00e1tumban, vitorl\u00e1s haj\u00f3 mot\u00edvummal, amely v\u00edzparti h\u00e1zak, nyaral\u00f3k \u00e9s haj\u00f3z\u00e1s szerelmeseinek bej\u00e1rat\u00e1t teszi egyediv\u00e9. Ha a v\u00edz \u00e9s a vitorl\u00e1z\u00e1s a szenved\u00e9lyed, ez a h\u00e1zsz\u00e1m a bej\u00e1ratn\u00e1l jelzi az ott lak\u00f3k \u00e9letst\u00edlus\u00e1t. A fekv\u0151 elrendez\u00e9s klasszikus, visszafogott forma, amely szinte minden kapuhoz \u00e9s ker\u00edt\u00e9shez term\u00e9szetesen illeszkedik.\n\nM\u00c9RETEK\n\nA fekv\u0151 form\u00e1tum\u00fa t\u00e1bla sz\u00e9les, alacsony kialak\u00edt\u00e1s\u00fa, amelyen a vitorl\u00e1s haj\u00f3 mot\u00edvum \u00e9s a h\u00e1zsz\u00e1m egym\u00e1s mellett, v\u00edzszintesen helyezkedik el. H\u00e1rom m\u00e9retben rendelhet\u0151:\n- S: 20 x 8 cm - sz\u0171kebb helyre is r\u00e1f\u00e9r\n- M: 30 x 12 cm - a legt\u00f6bb bej\u00e1rathoz j\u00f3l illeszkedik\n- L: 35 x 14 cm - j\u00f3l olvashat\u00f3, l\u00e1tv\u00e1nyos\n\nA vastags\u00e1g 1,6 mm-t\u0151l 5 mm-ig v\u00e1laszthat\u00f3. Ez a klasszikus, fekv\u0151 elrendez\u00e9s a legt\u00f6bb bej\u00e1rathoz j\u00f3l illeszkedik, legyen sz\u00f3 ker\u00edt\u00e9spill\u00e9rr\u0151l, kapuoszlopr\u00f3l vagy a h\u00e1z falfel\u00fclet\u00e9r\u0151l.\n\nSZINEK\n\nA teljes RAL ipari sz\u00ednrendszer el\u00e9rhet\u0151. A v\u00edzi tematik\u00e1hoz a k\u00e9k \u00e9s feh\u00e9r \u00e1rnyalatok term\u00e9szetes v\u00e1laszt\u00e1snak t\u0171nnek, de b\u00e1rmilyen sz\u00edn k\u00e9rhet\u0151. S\u00f6t\u00e9tk\u00e9k alapon feh\u00e9r sz\u00e1m, feh\u00e9r alapon tenger\u00e9szk\u00e9k mot\u00edvum, vagy ak\u00e1r piros-feh\u00e9r-k\u00e9k kombin\u00e1ci\u00f3 is k\u00e9sz\u00fclhet. Egyedi RAL sz\u00edn is el\u00e9rhet\u0151, ha a homlokzatodhoz vagy a ker\u00edt\u00e9sedhez szeretn\u00e9d igaz\u00edtani.\n\nANYAG\n\nAnyaga ASA (Acrylonitrile Styrene Acrylate), amely kifejezetten k\u00fclt\u00e9ri alkalmaz\u00e1sra k\u00e9sz\u00fclt ipari alapanyag. V\u00edzparti helysz\u00ednen k\u00fcl\u00f6n\u00f6sen fontos az id\u0151j\u00e1r\u00e1s\u00e1ll\u00f3s\u00e1g:\n- Az ASA teljes t\u00f6meg\u00e9ben sz\u00ednes, RAL ipari sz\u00ednrendszerben\n- UV-\u00e1ll\u00f3: nem fakul a t\u0171z\u0151 napon\n- Es\u0151\u00e1ll\u00f3 \u00e9s fagy\u00e1ll\u00f3: -30 fokt\u00f3l +80 fokig b\u00edrja a sz\u00e9ls\u0151s\u00e9geket\n- K\u00fclt\u00e9ren ak\u00e1r 10 \u00e9vig meg\u0151rzi eredeti \u00e1llapot\u00e1t\n\nA fel\u00fclete szat\u00e9n text\u00far\u00e1j\u00fa, amelyet Prusa XL 5T nyomtat\u00f3val k\u00e9sz\u00edt\u00fcnk, fest\u00e9s n\u00e9lk\u00fcl, ak\u00e1r 5 sz\u00ednben egyetlen munkafolyamatban.\n\nROGZITES\n\nA t\u00e1bla s\u00edk fel\u00fclet\u0171, nem dombor\u00fa. R\u00f6gz\u00edt\u00e9shez k\u00fclt\u00e9ri \u00e9p\u00edt\u00e9si ragaszt\u00f3t javaslunk (p\u00e9ld\u00e1ul Pattex One For All t\u00edpust): kend fel a h\u00e1tlapra, nyomd a falhoz, \u00e9s k\u00e9sz. F\u00far\u00e1smentes megold\u00e1s, amely tart\u00f3san r\u00f6gz\u00edt. Ha csavarozni szeretn\u00e9d, k\u00e9rheted furatokkal is - jelezd rendel\u00e9skor. A ragaszt\u00f3s megold\u00e1s vakolatra, t\u00e9gl\u00e1ra, betonra \u00e9s f\u00e9mfel\u00fcletre is megb\u00edzhat\u00f3an tart, \u00edgy kerti kapukra \u00e9s ker\u00edt\u00e9soszlopokra is alkalmas.\n\nHOGYAN RENDELHETSZ?\n\nRendel\u00e9skor add meg a k\u00edv\u00e1nt h\u00e1zsz\u00e1mot, m\u00e9retet \u00e9s sz\u00edn-kombin\u00e1ci\u00f3t. Sz\u00e1mjegy, bet\u0171-sz\u00e1m kombin\u00e1ci\u00f3, utcan\u00e9v vagy ak\u00e1r a h\u00e1z neve egyar\u00e1nt k\u00e9rhet\u0151. Egyedi RAL sz\u00edn is el\u00e9rhet\u0151. V\u00edzparti nyaral\u00f3kn\u00e1l gyakran k\u00e9rnek h\u00e1zneveket is a sz\u00e1m mell\u00e9, ami a t\u00e1bla egyedis\u00e9g\u00e9t tov\u00e1bb n\u00f6veli.\n\nMIRE JO?\n\nEz a haj\u00f3s h\u00e1zsz\u00e1mt\u00e1bla remek aj\u00e1nd\u00e9k vitorl\u00e1z\u00f3knak, cs\u00f3nakosoknak, v\u00edzi sportol\u00f3knak - h\u00e1zavat\u00f3ra, sz\u00fclet\u00e9snapra vagy kar\u00e1csonyra. Nyaral\u00f3, \u00fcd\u00fcl\u0151, h\u00e9tv\u00e9gi h\u00e1z kapuj\u00e1ra \u00e9pp\u00fagy illeszkedik, mint egy v\u00edz k\u00f6zel\u00e9ben \u00e1ll\u00f3 csal\u00e1di h\u00e1z bej\u00e1rat\u00e1ra. Szem\u00e9lyes, mert a megaj\u00e1nd\u00e9kozott saj\u00e1t h\u00e1zsz\u00e1m\u00e1val k\u00e9sz\u00fcl. Haj\u00f3s klubh\u00e1zak, kishaj\u00f3 kik\u00f6t\u0151k bej\u00e1rat\u00e1hoz is st\u00edlusos v\u00e1laszt\u00e1s.\n\nTOVABBI VALTOZATOK\n\nHa nagyobb, karakteresebb haj\u00f3s h\u00e1zsz\u00e1mt\u00e1bl\u00e1t keresel, n\u00e9zd meg a boltunkban el\u00e9rhet\u0151 \u00e1ll\u00f3 form\u00e1tum\u00fa haj\u00f3s v\u00e1ltozatot is, ahol a mot\u00edvum \u00e9s a sz\u00e1m f\u00fcgg\u0151leges elrendez\u00e9sben jelenik meg, \u00e9s a t\u00e1bla k\u00f6zel n\u00e9gyzetes alak\u00fa - S (20x18 cm), M (30x26 cm), L (35x31 cm) m\u00e9retekkel. A balatoni v\u00e1ltozat szint\u00e9n haj\u00f3s tematik\u00e1j\u00fa, kifejezetten Balaton-parti nyaral\u00f3khoz k\u00e9sz\u00fclt, \u00e9s kilenc vastags\u00e1gban \u00e9rhet\u0151 el 8 mm-ig. Ha tr\u00f3pusi hangulatot szeretn\u00e9l, a p\u00e1lmaf\u00e1s \u00e9s ban\u00e1nf\u00e1s h\u00e1zsz\u00e1mt\u00e1bl\u00e1k is a ny\u00e1ri \u00e9let\u00e9rz\u00e9st er\u0151s\u00edtik.\n\nKomplett bej\u00e1rathoz p\u00e1ros\u00edtsd az \u00f6n\u00e1ll\u00f3 sz\u00e1mjegyeinkkel, amelyeket a postal\u00e1d\u00e1ra vagy gar\u00e1zs kapuj\u00e1ra r\u00f6gz\u00edthetsz. A kuty\u00e1s v\u00e1ltozatok is n\u00e9pszer\u0171ek - ha a csal\u00e1d n\u00e9gyl\u00e1b\u00fa tagja is ott van a v\u00edzparton, mopsz, tacsk\u00f3, golden retriever vagy corgi mot\u00edvummal is k\u00e9sz\u00fcl h\u00e1zsz\u00e1mt\u00e1bla a boltunkban. Pillang\u00f3s, h\u00e1zik\u00f3 form\u00e1j\u00fa \u00e9s vintage v\u00e1ltozataink is el\u00e9rhet\u0151k.\n\nMinden term\u00e9k\u00fcnket egyedileg, rendel\u00e9sre k\u00e9sz\u00edtj\u00fck. K\u00e9rd\u00e9sed van a m\u00e9retekr\u0151l vagy sz\u00ednekr\u0151l? \u00cdrj b\u00e1tran, gyorsan v\u00e1laszolunk. N\u00e9zd meg a t\u00f6bbi term\u00e9k\u00fcnket is, h\u00e1tha tal\u00e1lsz m\u00e9g valamit, ami tetszik.","score":0,"formatted_price":"5 490 Ft","image_url":"https:\/\/www.meska.hu\/img\/product\/small\/d\/a\/darimi_product_702579_251024183908_162431.png","formatted_url":"https:\/\/www.meska.hu\/p5652612-egyedi-hajos-hazszamtabla-hajo","favourite":false,"in_stock":false,"avatar":"702579_avatar_1739694015.jpeg","delete_from":0,"is_enhanced_background":false,"is_enhanced":false,"product_selection_started":false,"is_active":true,"image_webp_url":"https:\/\/www.meska.hu\/img\/product\/small\/d\/a\/darimi_product_702579_251024183908_162431.webp"},{"id":"5926946","shop_id":"47945","user_id":"702579","shop_name":"Darimi","shop_zip":"2030","product_code":"5623106","product_name_old":null,"product_name":"Egyedi tacsk\u00f3s h\u00e1zsz\u00e1mt\u00e1bla - kuty\u00e1s h\u00e1zsz\u00e1m k\u00fclt\u00e9ri UV-\u00e1ll\u00f3 t\u00e1bla, szem\u00e9lyre szabott","category_string":"Otthon & \u00c9letm\u00f3d, H\u00e1z & Kert, H\u00e1zsz\u00e1m","technic_string":"Mindenm\u00e1s","category_1":"813","category_2":"897","category_3":"431","category_4":"0","merged_category_1":null,"merged_category_2":null,"merged_category_3":null,"technic_1":"493","technic_2":"0","technic_3":"0","color_1":"519","color_2":"520","color_3":"527","product_description_old":null,"product_description":"Tacsk\u00f3 mot\u00edvumos egyedi h\u00e1zsz\u00e1mt\u00e1bla, amelyen a kedvenc kutyafajt\u00e1d sziluettje d\u00edsz\u00edti a h\u00e1zsz\u00e1modat. Ha tacsk\u00f3 gazdi vagy, ez a t\u00e1bla m\u00e1r a kapun\u00e1l el\u00e1rulja, milyen n\u00e9gyl\u00e1b\u00fa lakik a h\u00e1zn\u00e1l. A tacsk\u00f3 jellegzetes, ny\u00fajtott testalkata sziluettk\u00e9nt is azonnal felismerhet\u0151, \u00edgy a t\u00e1bla egyedis\u00e9ge messzir\u0151l szembe\u00f6tlik.\n\nANYAG \u00c9S TART\u00d3SS\u00c1G\n\nA t\u00e1bla ASA ipari m\u0171anyagb\u00f3l k\u00e9sz\u00fcl, amelyet kifejezetten k\u00fclt\u00e9ri alkalmaz\u00e1sokra fejlesztettek. Ellen\u00e1ll az es\u0151nek, a naps\u00fct\u00e9snek, a fagynak \u00e9s a h\u0151s\u00e9gnek: -30 fokt\u00f3l +80 fokig megb\u00edzhat\u00f3an haszn\u00e1lhat\u00f3. UV-\u00e1ll\u00f3 anyag\u00e1nak k\u00f6sz\u00f6nhet\u0151en a sz\u00ednek \u00e9veken \u00e1t meg\u0151rzik az \u00e9l\u00e9nks\u00e9g\u00fcket. Es\u0151\u00e1ll\u00f3 \u00e9s fagy\u00e1ll\u00f3, \u00edgy t\u00e9len-ny\u00e1ron nyugodtan kint hagyhat\u00f3 a ker\u00edt\u00e9sen vagy a falon. A fel\u00fclet szat\u00e9n hat\u00e1s\u00fa, a t\u00e1bla s\u00edk kivitel\u0171, nem dombor\u00fa.\n\nSZ\u00cdNEK\n\nA sz\u00ednek RAL ipari sz\u00ednsk\u00e1l\u00e1b\u00f3l val\u00f3k, Prusa XL 5T nyomtat\u00f3val ak\u00e1r 5 sz\u00ednben k\u00e9sz\u00fcl fest\u00e9s n\u00e9lk\u00fcl. A sz\u00edn nem kopik le, mert az anyag r\u00e9sz\u00e9t k\u00e9pezi, nem pedig fel\u00fcleti fest\u00e9kr\u00e9teg. Ez biztos\u00edtja, hogy a t\u00e1bla \u00e9vek m\u00falva is ugyanolyan sz\u00e9pen mutasson, mint a rendel\u00e9s napj\u00e1n. 8 el\u0151re meghat\u00e1rozott RAL sz\u00edn k\u00f6z\u00fcl v\u00e1laszthatsz, de egyedi sz\u00edn is k\u00e9rhet\u0151.\n\nM\u00c9RETEK\n\nV\u00e1laszthat\u00f3 m\u00e9retek:\n- 20 x 8 cm (alap\u00e1r: 5 490 Ft)\n- 30 x 12 cm\n- 35 x 14 cm\n- 40 x 16 cm\n\nA vastags\u00e1g 1,6 mm-t\u0151l 5 mm-ig \u00e1ll\u00edthat\u00f3. A v\u00e9konyabb v\u00e1ltozat diszkr\u00e9t, k\u00f6nny\u0171; a vastagabb robusztusabb hat\u00e1st kelt. A legkisebb m\u00e9ret t\u00f6k\u00e9letes postal\u00e1d\u00e1k mell\u00e9 vagy kisebb kapukra, a legnagyobb v\u00e1ltozat pedig nagy ker\u00edt\u00e9sfel\u00fcleten is j\u00f3l l\u00e1that\u00f3.\n\nR\u00d6GZ\u00cdT\u00c9S\n\nK\u00fclt\u00e9ri \u00e9p\u00edt\u00e9si ragaszt\u00f3val r\u00f6gz\u00edthet\u0151 a falra, ker\u00edt\u00e9sre vagy kapura, ami a legegyszer\u0171bb \u00e9s legtart\u00f3sabb megold\u00e1s. F\u00far\u00e1s nem sz\u00fcks\u00e9ges, de ha furatokat szeretn\u00e9l a t\u00e1bl\u00e1n, azt rendel\u00e9skor jelezd. A ragaszt\u00f3s felszerel\u00e9s el\u0151nye, hogy a fal s\u00e9rtetlen marad, \u00e9s a t\u00e1bla sz\u00fcks\u00e9g eset\u00e9n egyszer\u0171en \u00e1thelyezhet\u0151.\n\nRENDEL\u00c9S\n\nRendel\u00e9skor add meg a h\u00e1zsz\u00e1mot vagy utcanevet, v\u00e1laszd ki a m\u00e9retet, vastags\u00e1got \u00e9s sz\u00ednt. Ha egyedi elrendez\u00e9st szeretn\u00e9l, \u00edrj \u00fczenetet, \u00e9s megbesz\u00e9lj\u00fck a r\u00e9szleteket. K\u00e9sz\u00edt\u00fcnk csak sz\u00e1mot tartalmaz\u00f3 \u00e9s utcaneves v\u00e1ltozatot is.\n\nMIRE J\u00d3?\n\nA tacsk\u00f3 Magyarorsz\u00e1gon az egyik legkedveltebb \u00e9s legfelismerhet\u0151bb kutyafajta. Jellegzetes alakja m\u00e1r sziluettk\u00e9nt is azonnal felismerhet\u0151, \u00edgy a h\u00e1zsz\u00e1mt\u00e1bl\u00e1n k\u00fcl\u00f6n\u00f6sen dekorat\u00edv. Tacsk\u00f3s gazdik \u00e9s rajong\u00f3k sz\u00e1m\u00e1ra ez a t\u00e1bla igazi sz\u00edvmelenget\u0151 darab a bej\u00e1raton, amely szem\u00e9lyes jelleget ad az otthonnak.\n\nAJ\u00c1ND\u00c9KNAK IS T\u00d6K\u00c9LETES\n\nH\u00e1zavat\u00f3ra, sz\u00fclet\u00e9snapra vagy kar\u00e1csonyra is remek aj\u00e1nd\u00e9k\u00f6tlet: a megaj\u00e1nd\u00e9kozott kedvenc kutyafajt\u00e1j\u00e1t \u00e1br\u00e1zol\u00f3, szem\u00e9lyre szabott h\u00e1zsz\u00e1mt\u00e1bla maradand\u00f3 \u00e9s hasznos meglepet\u00e9s. N\u00e9vnapra is k\u00fcl\u00f6nleges, ha az \u00fcnnepelt tacsk\u00f3 gazdi. Olyan aj\u00e1nd\u00e9k, amelyet a megaj\u00e1nd\u00e9kozott minden nap l\u00e1t \u00e9s haszn\u00e1l, nem pedig a szekr\u00e9nyben porosodik.\n\nKAPCSOL\u00d3D\u00d3 TERM\u00c9KEK\n\nA boltunkban tov\u00e1bbi kuty\u00e1s h\u00e1zsz\u00e1mt\u00e1bl\u00e1k is el\u00e9rhet\u0151k: mopsz, n\u00e9met juh\u00e1sz, golden retriever, corgi \u00e9s brit r\u00f6vidsz\u0151r\u0171 cic\u00e1s v\u00e1ltozat is van. Ha a h\u00e1zon figyelmeztet\u0151 t\u00e1bl\u00e1t is szeretn\u00e9l, n\u00e9zd meg a \"Vigy\u00e1zz, a kutya harap!\" t\u00e1bl\u00e1kat, amelyek szint\u00e9n t\u00f6bb vari\u00e1nsban kaphat\u00f3k. A tacsk\u00f3s h\u00e1zsz\u00e1mt\u00e1bla \u00e9s a figyelmeztet\u0151 t\u00e1bla egy\u00fctt praktikus \u00e9s mutat\u00f3s p\u00e1ros a bej\u00e1ratn\u00e1l.\n\nA postal\u00e1d\u00e1ra \u00f6n\u00e1ll\u00f3 sz\u00e1mjegyeket is rendelhetsz, amelyek remek kieg\u00e9sz\u00edt\u0151k a h\u00e1zsz\u00e1mt\u00e1bla mell\u00e9. Ha teljesen egyedi mot\u00edvumot szeretn\u00e9l, k\u00e9sz\u00edt\u00fcnk egyedi tervez\u00e9s\u0171 h\u00e1zsz\u00e1mt\u00e1bl\u00e1t is a te elk\u00e9pzel\u00e9sed alapj\u00e1n. A boltban tal\u00e1lsz mad\u00e1rp\u00e1ros, pillang\u00f3s, pingvines, vintage, modern \u00e9s sportmot\u00edvumos h\u00e1zsz\u00e1mt\u00e1bl\u00e1kat is.\n\nA t\u00e1bla k\u00fclt\u00e9ren t\u00f6bb mint 10 \u00e9vig tartja mag\u00e1t, \u00edgy hossz\u00fa t\u00e1v\u00fa befektet\u00e9s. Tavaszi fel\u00faj\u00edt\u00e1shoz, k\u00f6lt\u00f6z\u00e9shez, vagy egyszer\u0171en az otthon meg\u00faj\u00edt\u00e1s\u00e1hoz egyar\u00e1nt remek v\u00e1laszt\u00e1s. Az ASA anyag k\u00f6nnyen tiszt\u00edthat\u00f3, egy nedves t\u00f6rl\u0151kend\u0151vel pillanatok alatt rendbe tehet\u0151.\n\nMinden term\u00e9k\u00fcnket egyedileg, rendel\u00e9sre k\u00e9sz\u00edtj\u00fck. K\u00e9rd\u00e9sed van a m\u00e9retekkel, sz\u00ednekkel vagy a mot\u00edvummal kapcsolatban? \u00cdrj b\u00e1tran, gyorsan v\u00e1laszolunk. N\u00e9zd meg a t\u00f6bbi term\u00e9k\u00fcnket is, h\u00e1tha tal\u00e1lsz m\u00e9g valamit, ami tetszik.","price":"5490.00","unit":"db","recommended":"0","status":"1","sponsored":"0","exp_notify":"0","own_material":"0","own_material_description_old":null,"own_material_description":"","jury":"0","jury_number":"","product_nature":"","meskaracsony":"0","create_date":"2026-04-03 16:43:22","shelve_id":"79630","image":"darimi_product_702579_250924201652_13066.png","image_width":"480","image_height":"520","image_alt":"Egyedi tacsk\u00f3s h\u00e1zsz\u00e1mt\u00e1bla - kuty\u00e1s h\u00e1zsz\u00e1m k\u00fclt\u00e9ri UV-\u00e1ll\u00f3 t\u00e1bla, szem\u00e9lyre szabott, Tacsk\u00f3 mot\u00edvumos egyedi h\u00e1zsz\u00e1mt\u00e1bla, amelyen a kedvenc kutyafajt\u00e1d sziluettje d\u00edsz\u00edti a h\u00e1zsz\u00e1modat..., Meska","image_title":"Egyedi tacsk\u00f3s h\u00e1zsz\u00e1mt\u00e1bla - kuty\u00e1s h\u00e1zsz\u00e1m k\u00fclt\u00e9ri UV-\u00e1ll\u00f3 t\u00e1bla, szem\u00e9lyre szabott, Meska","view_count":"3700","favourite_count":"3","trending_score":"0","last2MonthFavouriteCount":"3","promotion":"0","giftcard_accept":"0","creditcard_accept":true,"enhanced_background":"0","domain":"meska","specific_customer_id":null,"specific_customer_name":null,"to_order_product":"1","to_order_product_time":"1","product_different":null,"product_different_description":"","vintage":"0","vintage_category_id":"0","recycled":"0","gemstone_id":"0","customizable":"1","type_category":"physical","zerowaste":"0","postage_price":"1349.00","shop_order":"0","has_category":"1","landing_pages":null,"microdata":{"number":29,"category":""},"title":"Egyedi tacsk\u00f3s h\u00e1zsz\u00e1mt\u00e1bla - kuty\u00e1s h\u00e1zsz\u00e1m k\u00fclt\u00e9ri UV-\u00e1ll\u00f3 t\u00e1bla, szem\u00e9lyre szabott","description":"Tacsk\u00f3 mot\u00edvumos egyedi h\u00e1zsz\u00e1mt\u00e1bla, amelyen a kedvenc kutyafajt\u00e1d sziluettje d\u00edsz\u00edti a h\u00e1zsz\u00e1modat. Ha tacsk\u00f3 gazdi vagy, ez a t\u00e1bla m\u00e1r a kapun\u00e1l el\u00e1rulja, milyen n\u00e9gyl\u00e1b\u00fa lakik a h\u00e1zn\u00e1l. A tacsk\u00f3 jellegzetes, ny\u00fajtott testalkata sziluettk\u00e9nt is azonnal felismerhet\u0151, \u00edgy a t\u00e1bla egyedis\u00e9ge messzir\u0151l szembe\u00f6tlik.\n\nANYAG \u00c9S TART\u00d3SS\u00c1G\n\nA t\u00e1bla ASA ipari m\u0171anyagb\u00f3l k\u00e9sz\u00fcl, amelyet kifejezetten k\u00fclt\u00e9ri alkalmaz\u00e1sokra fejlesztettek. Ellen\u00e1ll az es\u0151nek, a naps\u00fct\u00e9snek, a fagynak \u00e9s a h\u0151s\u00e9gnek: -30 fokt\u00f3l +80 fokig megb\u00edzhat\u00f3an haszn\u00e1lhat\u00f3. UV-\u00e1ll\u00f3 anyag\u00e1nak k\u00f6sz\u00f6nhet\u0151en a sz\u00ednek \u00e9veken \u00e1t meg\u0151rzik az \u00e9l\u00e9nks\u00e9g\u00fcket. Es\u0151\u00e1ll\u00f3 \u00e9s fagy\u00e1ll\u00f3, \u00edgy t\u00e9len-ny\u00e1ron nyugodtan kint hagyhat\u00f3 a ker\u00edt\u00e9sen vagy a falon. A fel\u00fclet szat\u00e9n hat\u00e1s\u00fa, a t\u00e1bla s\u00edk kivitel\u0171, nem dombor\u00fa.\n\nSZ\u00cdNEK\n\nA sz\u00ednek RAL ipari sz\u00ednsk\u00e1l\u00e1b\u00f3l val\u00f3k, Prusa XL 5T nyomtat\u00f3val ak\u00e1r 5 sz\u00ednben k\u00e9sz\u00fcl fest\u00e9s n\u00e9lk\u00fcl. A sz\u00edn nem kopik le, mert az anyag r\u00e9sz\u00e9t k\u00e9pezi, nem pedig fel\u00fcleti fest\u00e9kr\u00e9teg. Ez biztos\u00edtja, hogy a t\u00e1bla \u00e9vek m\u00falva is ugyanolyan sz\u00e9pen mutasson, mint a rendel\u00e9s napj\u00e1n. 8 el\u0151re meghat\u00e1rozott RAL sz\u00edn k\u00f6z\u00fcl v\u00e1laszthatsz, de egyedi sz\u00edn is k\u00e9rhet\u0151.\n\nM\u00c9RETEK\n\nV\u00e1laszthat\u00f3 m\u00e9retek:\n- 20 x 8 cm (alap\u00e1r: 5 490 Ft)\n- 30 x 12 cm\n- 35 x 14 cm\n- 40 x 16 cm\n\nA vastags\u00e1g 1,6 mm-t\u0151l 5 mm-ig \u00e1ll\u00edthat\u00f3. A v\u00e9konyabb v\u00e1ltozat diszkr\u00e9t, k\u00f6nny\u0171; a vastagabb robusztusabb hat\u00e1st kelt. A legkisebb m\u00e9ret t\u00f6k\u00e9letes postal\u00e1d\u00e1k mell\u00e9 vagy kisebb kapukra, a legnagyobb v\u00e1ltozat pedig nagy ker\u00edt\u00e9sfel\u00fcleten is j\u00f3l l\u00e1that\u00f3.\n\nR\u00d6GZ\u00cdT\u00c9S\n\nK\u00fclt\u00e9ri \u00e9p\u00edt\u00e9si ragaszt\u00f3val r\u00f6gz\u00edthet\u0151 a falra, ker\u00edt\u00e9sre vagy kapura, ami a legegyszer\u0171bb \u00e9s legtart\u00f3sabb megold\u00e1s. F\u00far\u00e1s nem sz\u00fcks\u00e9ges, de ha furatokat szeretn\u00e9l a t\u00e1bl\u00e1n, azt rendel\u00e9skor jelezd. A ragaszt\u00f3s felszerel\u00e9s el\u0151nye, hogy a fal s\u00e9rtetlen marad, \u00e9s a t\u00e1bla sz\u00fcks\u00e9g eset\u00e9n egyszer\u0171en \u00e1thelyezhet\u0151.\n\nRENDEL\u00c9S\n\nRendel\u00e9skor add meg a h\u00e1zsz\u00e1mot vagy utcanevet, v\u00e1laszd ki a m\u00e9retet, vastags\u00e1got \u00e9s sz\u00ednt. Ha egyedi elrendez\u00e9st szeretn\u00e9l, \u00edrj \u00fczenetet, \u00e9s megbesz\u00e9lj\u00fck a r\u00e9szleteket. K\u00e9sz\u00edt\u00fcnk csak sz\u00e1mot tartalmaz\u00f3 \u00e9s utcaneves v\u00e1ltozatot is.\n\nMIRE J\u00d3?\n\nA tacsk\u00f3 Magyarorsz\u00e1gon az egyik legkedveltebb \u00e9s legfelismerhet\u0151bb kutyafajta. Jellegzetes alakja m\u00e1r sziluettk\u00e9nt is azonnal felismerhet\u0151, \u00edgy a h\u00e1zsz\u00e1mt\u00e1bl\u00e1n k\u00fcl\u00f6n\u00f6sen dekorat\u00edv. Tacsk\u00f3s gazdik \u00e9s rajong\u00f3k sz\u00e1m\u00e1ra ez a t\u00e1bla igazi sz\u00edvmelenget\u0151 darab a bej\u00e1raton, amely szem\u00e9lyes jelleget ad az otthonnak.\n\nAJ\u00c1ND\u00c9KNAK IS T\u00d6K\u00c9LETES\n\nH\u00e1zavat\u00f3ra, sz\u00fclet\u00e9snapra vagy kar\u00e1csonyra is remek aj\u00e1nd\u00e9k\u00f6tlet: a megaj\u00e1nd\u00e9kozott kedvenc kutyafajt\u00e1j\u00e1t \u00e1br\u00e1zol\u00f3, szem\u00e9lyre szabott h\u00e1zsz\u00e1mt\u00e1bla maradand\u00f3 \u00e9s hasznos meglepet\u00e9s. N\u00e9vnapra is k\u00fcl\u00f6nleges, ha az \u00fcnnepelt tacsk\u00f3 gazdi. Olyan aj\u00e1nd\u00e9k, amelyet a megaj\u00e1nd\u00e9kozott minden nap l\u00e1t \u00e9s haszn\u00e1l, nem pedig a szekr\u00e9nyben porosodik.\n\nKAPCSOL\u00d3D\u00d3 TERM\u00c9KEK\n\nA boltunkban tov\u00e1bbi kuty\u00e1s h\u00e1zsz\u00e1mt\u00e1bl\u00e1k is el\u00e9rhet\u0151k: mopsz, n\u00e9met juh\u00e1sz, golden retriever, corgi \u00e9s brit r\u00f6vidsz\u0151r\u0171 cic\u00e1s v\u00e1ltozat is van. Ha a h\u00e1zon figyelmeztet\u0151 t\u00e1bl\u00e1t is szeretn\u00e9l, n\u00e9zd meg a \"Vigy\u00e1zz, a kutya harap!\" t\u00e1bl\u00e1kat, amelyek szint\u00e9n t\u00f6bb vari\u00e1nsban kaphat\u00f3k. A tacsk\u00f3s h\u00e1zsz\u00e1mt\u00e1bla \u00e9s a figyelmeztet\u0151 t\u00e1bla egy\u00fctt praktikus \u00e9s mutat\u00f3s p\u00e1ros a bej\u00e1ratn\u00e1l.\n\nA postal\u00e1d\u00e1ra \u00f6n\u00e1ll\u00f3 sz\u00e1mjegyeket is rendelhetsz, amelyek remek kieg\u00e9sz\u00edt\u0151k a h\u00e1zsz\u00e1mt\u00e1bla mell\u00e9. Ha teljesen egyedi mot\u00edvumot szeretn\u00e9l, k\u00e9sz\u00edt\u00fcnk egyedi tervez\u00e9s\u0171 h\u00e1zsz\u00e1mt\u00e1bl\u00e1t is a te elk\u00e9pzel\u00e9sed alapj\u00e1n. A boltban tal\u00e1lsz mad\u00e1rp\u00e1ros, pillang\u00f3s, pingvines, vintage, modern \u00e9s sportmot\u00edvumos h\u00e1zsz\u00e1mt\u00e1bl\u00e1kat is.\n\nA t\u00e1bla k\u00fclt\u00e9ren t\u00f6bb mint 10 \u00e9vig tartja mag\u00e1t, \u00edgy hossz\u00fa t\u00e1v\u00fa befektet\u00e9s. Tavaszi fel\u00faj\u00edt\u00e1shoz, k\u00f6lt\u00f6z\u00e9shez, vagy egyszer\u0171en az otthon meg\u00faj\u00edt\u00e1s\u00e1hoz egyar\u00e1nt remek v\u00e1laszt\u00e1s. Az ASA anyag k\u00f6nnyen tiszt\u00edthat\u00f3, egy nedves t\u00f6rl\u0151kend\u0151vel pillanatok alatt rendbe tehet\u0151.\n\nMinden term\u00e9k\u00fcnket egyedileg, rendel\u00e9sre k\u00e9sz\u00edtj\u00fck. K\u00e9rd\u00e9sed van a m\u00e9retekkel, sz\u00ednekkel vagy a mot\u00edvummal kapcsolatban? \u00cdrj b\u00e1tran, gyorsan v\u00e1laszolunk. N\u00e9zd meg a t\u00f6bbi term\u00e9k\u00fcnket is, h\u00e1tha tal\u00e1lsz m\u00e9g valamit, ami tetszik.","score":0,"formatted_price":"5 490 Ft","image_url":"https:\/\/www.meska.hu\/img\/product\/small\/d\/a\/darimi_product_702579_250924201652_13066.png","formatted_url":"https:\/\/www.meska.hu\/p5623106-egyedi-tacskos-hazszamtabla-tacsko","favourite":false,"in_stock":false,"avatar":"702579_avatar_1739694015.jpeg","delete_from":0,"is_enhanced_background":false,"is_enhanced":false,"product_selection_started":false,"is_active":true,"image_webp_url":"https:\/\/www.meska.hu\/img\/product\/small\/d\/a\/darimi_product_702579_250924201652_13066.webp"},{"id":"3497766","shop_id":"12524","user_id":"54127","shop_name":"Kiokumitsu","shop_zip":"1155","product_code":"2248518","product_name_old":null,"product_name":"h\u00e1zsz\u00e1mt\u00e1bla - t\u00e9glalap alak\u00fa","category_string":"Otthon & \u00c9letm\u00f3d, H\u00e1z & Kert, H\u00e1zsz\u00e1m","technic_string":"Fot\u00f3, grafika, rajz, illusztr\u00e1ci\u00f3, Mindenm\u00e1s","category_1":"813","category_2":"897","category_3":"431","category_4":"0","merged_category_1":"0","merged_category_2":"0","merged_category_3":"0","technic_1":"483","technic_2":"493","technic_3":"0","color_1":"519","color_2":"520","color_3":"0","product_description_old":null,"product_description":"Saj\u00e1t tervez\u00e9s\u0171 \u00e9s kivitelez\u00e9s\u0171 h\u00e1zsz\u00e1mt\u00e1bla. T\u00e9glalap alak\u00fa csapott sz\u00e9lekkel.\nAlapm\u00e9rete 20 x 11 cm, de a k\u00e9p melletti men\u00fcben v\u00e1laszthat\u00f3k egy\u00e9b m\u00e9retek is.\n\nA megjegyz\u00e9s rovatban tudja majd megadni a fel\u00edrand\u00f3 sz\u00f6veget.\n\nA t\u00e1bla anyaga: Ongrofoam, egy speci\u00e1lis UV \u00e1ll\u00f3 m\u0171anyag, Id\u0151j\u00e1r\u00e1s\u00e1ll\u00f3.\n\nK\u00e9rem olvassal el az \u00e1ltal\u00e1nos szerz\u0151d\u00e9si felt\u00e9teleket (\u00c1SZF), melyet a term\u00e9k megv\u00e1s\u00e1rl\u00e1val \u00f6n elfogadott.\n","price":"3990.00","unit":"db","recommended":"0","status":"1","sponsored":"0","exp_notify":"0","own_material":"0","own_material_description_old":null,"own_material_description":"","jury":"0","jury_number":"","product_nature":"","meskaracsony":"0","create_date":"2026-04-02 17:21:05","shelve_id":"44100","image":"kiokumitsu_product_54127_211125185001_248480.jpeg","image_width":"480","image_height":"347","image_alt":"h\u00e1zsz\u00e1mt\u00e1bla - t\u00e9glalap alak\u00fa, Saj\u00e1t tervez\u00e9s\u0171 \u00e9s kivitelez\u00e9s\u0171 h\u00e1zsz\u00e1mt\u00e1bla. T\u00e9glalap alak\u00fa csapott sz\u00e9lekkel.\\nAlapm\u00e9rete 20 x 11 c..., Meska","image_title":"h\u00e1zsz\u00e1mt\u00e1bla - t\u00e9glalap alak\u00fa, Meska","view_count":"4415","favourite_count":"1","trending_score":"0","last2MonthFavouriteCount":"1","promotion":"0","giftcard_accept":"1","creditcard_accept":true,"enhanced_background":"0","domain":"meska","specific_customer_id":null,"specific_customer_name":null,"to_order_product":"1","to_order_product_time":"12","product_different":null,"product_different_description":"","vintage":"0","vintage_category_id":"0","recycled":"0","gemstone_id":"0","customizable":"0","type_category":"physical","zerowaste":"0","postage_price":"2390.00","shop_order":"0","has_category":"1","landing_pages":null,"microdata":{"number":30,"category":""},"title":"h\u00e1zsz\u00e1mt\u00e1bla - t\u00e9glalap alak\u00fa","description":"Saj\u00e1t tervez\u00e9s\u0171 \u00e9s kivitelez\u00e9s\u0171 h\u00e1zsz\u00e1mt\u00e1bla. T\u00e9glalap alak\u00fa csapott sz\u00e9lekkel.\nAlapm\u00e9rete 20 x 11 cm, de a k\u00e9p melletti men\u00fcben v\u00e1laszthat\u00f3k egy\u00e9b m\u00e9retek is.\n\nA megjegyz\u00e9s rovatban tudja majd megadni a fel\u00edrand\u00f3 sz\u00f6veget.\n\nA t\u00e1bla anyaga: Ongrofoam, egy speci\u00e1lis UV \u00e1ll\u00f3 m\u0171anyag, Id\u0151j\u00e1r\u00e1s\u00e1ll\u00f3.\n\nK\u00e9rem olvassal el az \u00e1ltal\u00e1nos szerz\u0151d\u00e9si felt\u00e9teleket (\u00c1SZF), melyet a term\u00e9k megv\u00e1s\u00e1rl\u00e1val \u00f6n elfogadott.\n","score":0,"formatted_price":"3 990 Ft","image_url":"https:\/\/www.meska.hu\/img\/product\/small\/k\/i\/kiokumitsu_product_54127_211125185001_248480.jpeg","formatted_url":"https:\/\/www.meska.hu\/p2248518-hazszamtabla-teglalap-alaku","favourite":false,"in_stock":false,"avatar":"Kiokumitsu_avatar_54127_1676920383.jpg","delete_from":0,"is_enhanced_background":false,"is_enhanced":false,"product_selection_started":false,"is_active":true,"image_webp_url":"https:\/\/www.meska.hu\/img\/product\/small\/k\/i\/kiokumitsu_product_54127_211125185001_248480.webp"},{"id":"3413380","shop_id":"12524","user_id":"54127","shop_name":"Kiokumitsu","shop_zip":"1155","product_code":"2961184","product_name_old":null,"product_name":"H\u00e1zsz\u00e1mt\u00e1bla - baglyos","category_string":"Otthon & \u00c9letm\u00f3d, H\u00e1z & Kert, H\u00e1zsz\u00e1m","technic_string":"Fot\u00f3, grafika, rajz, illusztr\u00e1ci\u00f3, Mindenm\u00e1s","category_1":"813","category_2":"897","category_3":"431","category_4":"0","merged_category_1":"0","merged_category_2":"0","merged_category_3":"0","technic_1":"483","technic_2":"493","technic_3":"0","color_1":"532","color_2":"534","color_3":"0","product_description_old":null,"product_description":"Baglyos  h\u00e1zsz\u00e1mt\u00e1bla. Mindenki kedvence a bagoly, v\u00e1logathat kedv\u00e9re a n\u00e9gy v\u00e1ltozatb\u00f3l.\nSaj\u00e1t grafikai tervez\u00e9s \u00e9s kivitelez\u00e9s, bele\u00e9rtve a kiv\u00e1g\u00e1st is.\nAlapm\u00e9ret: 20 x 14 cm, de k\u00e9rhet\u0151 nagyobb v\u00e1ltozatban is!\nA megjegyz\u00e9s rovatban tudja majd megadni a t\u00e1bl\u00e1ra fel\u00edrand\u00f3 sz\u00f6veget.\n\nA t\u00e1bla anyaga: Ongrofoam, egy speci\u00e1lis UV \u00e1ll\u00f3 m\u0171anyag, Id\u0151j\u00e1r\u00e1s\u00e1ll\u00f3.\n\nK\u00e9rem olvassal el az \u00e1ltal\u00e1nos szerz\u0151d\u00e9si felt\u00e9teleket (\u00c1SZF), melyet a term\u00e9k megv\u00e1s\u00e1rl\u00e1val \u00f6n elfogadott.\n\n\n\n","price":"4690.00","unit":"db","recommended":"0","status":"1","sponsored":"0","exp_notify":"0","own_material":"0","own_material_description_old":null,"own_material_description":"","jury":"0","jury_number":"","product_nature":"","meskaracsony":"0","create_date":"2026-04-02 12:20:49","shelve_id":"44100","image":"kiokumitsu_product_54127_210825112439_395212.jpeg","image_width":"480","image_height":"414","image_alt":"H\u00e1zsz\u00e1mt\u00e1bla - baglyos, Baglyos  h\u00e1zsz\u00e1mt\u00e1bla. Mindenki kedvence a bagoly, v\u00e1logathat kedv\u00e9re a n\u00e9gy v\u00e1ltozatb\u00f3l.\\nSaj\u00e1t graf..., Meska","image_title":"H\u00e1zsz\u00e1mt\u00e1bla - baglyos, Meska","view_count":"3400","favourite_count":"0","trending_score":"0","last2MonthFavouriteCount":"0","promotion":"0","giftcard_accept":"1","creditcard_accept":true,"enhanced_background":"0","domain":"meska","specific_customer_id":null,"specific_customer_name":null,"to_order_product":"1","to_order_product_time":"12","product_different":"different","product_different_description":"A k\u00e9perny\u0151n l\u00e1that\u00f3 sz\u00ednek felbont\u00e1sa \u00e9s a nyomdai sz\u00ednek felbont\u00e1sa kis m\u00e9rt\u00e9kben elt\u00e9rhet!\n","vintage":"0","vintage_category_id":"0","recycled":"0","gemstone_id":"0","customizable":"0","type_category":"physical","zerowaste":"0","postage_price":"2390.00","shop_order":"0","has_category":"1","landing_pages":null,"microdata":{"number":31,"category":""},"title":"H\u00e1zsz\u00e1mt\u00e1bla - baglyos","description":"Baglyos  h\u00e1zsz\u00e1mt\u00e1bla. Mindenki kedvence a bagoly, v\u00e1logathat kedv\u00e9re a n\u00e9gy v\u00e1ltozatb\u00f3l.\nSaj\u00e1t grafikai tervez\u00e9s \u00e9s kivitelez\u00e9s, bele\u00e9rtve a kiv\u00e1g\u00e1st is.\nAlapm\u00e9ret: 20 x 14 cm, de k\u00e9rhet\u0151 nagyobb v\u00e1ltozatban is!\nA megjegyz\u00e9s rovatban tudja majd megadni a t\u00e1bl\u00e1ra fel\u00edrand\u00f3 sz\u00f6veget.\n\nA t\u00e1bla anyaga: Ongrofoam, egy speci\u00e1lis UV \u00e1ll\u00f3 m\u0171anyag, Id\u0151j\u00e1r\u00e1s\u00e1ll\u00f3.\n\nK\u00e9rem olvassal el az \u00e1ltal\u00e1nos szerz\u0151d\u00e9si felt\u00e9teleket (\u00c1SZF), melyet a term\u00e9k megv\u00e1s\u00e1rl\u00e1val \u00f6n elfogadott.\n\n\n\n","score":0,"formatted_price":"4 690 Ft","image_url":"https:\/\/www.meska.hu\/img\/product\/small\/k\/i\/kiokumitsu_product_54127_210825112439_395212.jpeg","formatted_url":"https:\/\/www.meska.hu\/p2961184-hazszamtabla-baglyos","favourite":false,"in_stock":false,"avatar":"Kiokumitsu_avatar_54127_1676920383.jpg","delete_from":0,"is_enhanced_background":false,"is_enhanced":false,"product_selection_started":false,"is_active":true,"image_webp_url":"https:\/\/www.meska.hu\/img\/product\/small\/k\/i\/kiokumitsu_product_54127_210825112439_395212.webp"},{"id":"6008726","shop_id":"47945","user_id":"702579","shop_name":"Darimi","shop_zip":"2030","product_code":"5679357","product_name_old":null,"product_name":"Egyedi h\u00e1zsz\u00e1m \u00f6n\u00e1ll\u00f3 sz\u00e1mjegyek - k\u00fclt\u00e9ri h\u00e1zsz\u00e1mjegy darabonk\u00e9nt 590 Ft-t\u00f3l, UV-\u00e1ll\u00f3 ASA","category_string":"Otthon & \u00c9letm\u00f3d, H\u00e1z & Kert, H\u00e1zsz\u00e1m","technic_string":"Mindenm\u00e1s","category_1":"813","category_2":"897","category_3":"431","category_4":"0","merged_category_1":null,"merged_category_2":null,"merged_category_3":null,"technic_1":"493","technic_2":"0","technic_3":"0","color_1":"519","color_2":"520","color_3":"527","product_description_old":null,"product_description":"Egyedi h\u00e1zsz\u00e1m \u00f6n\u00e1ll\u00f3 sz\u00e1mjegyekkel, darabonk\u00e9nt rendelhet\u0151, a legkedvez\u0151bb \u00e1ron a boltunkban. Ha egyetlen sz\u00e1mjegyet vagy ak\u00e1r egy teljes utcanevet szeretn\u00e9l a bej\u00e1ratodra k\u00fcl\u00f6n\u00e1ll\u00f3 karakterekk\u00e9nt, ez a term\u00e9k ny\u00fajtja a legrugalmasabb \u00e9s legolcs\u00f3bb megold\u00e1st. Egy sz\u00e1mjegy m\u00e1r 590 Ft-t\u00f3l el\u00e9rhet\u0151, \u00edgy pontosan annyit k\u00f6ltesz, amennyire sz\u00fcks\u00e9ged van.\n\nM\u00c9RETEK\n\nV\u00e1laszthat\u00f3 magass\u00e1gok:\n- 7 cm\n- 10 cm\n- 15 cm\n- 20 cm\n- 25 cm\n- 30 cm\n- 35 cm\n- 45 cm\n\nA 7-10 cm-es m\u00e9ret postal\u00e1d\u00e1hoz, kaputelefonhoz, a 15-20 cm-es a bej\u00e1rati falra, a 25-45 cm-es m\u00e9retek pedig igaz\u00e1n felt\u0171n\u0151, dekorat\u00edv megold\u00e1st biztos\u00edtanak. A legkisebb, 7 cm-es m\u00e9ret kifejezetten kompakt elhelyez\u00e9sekhez alkalmas.\n\nA vastags\u00e1g 1,6 mm-t\u0151l ak\u00e1r 10 mm-ig terjed\u0151 v\u00e1laszt\u00e9kkal \u00e9rhet\u0151 el h\u00e9t fokozatban: 1,6 mm, 2 mm, 2,5 mm, 3 mm, 4 mm, 5 mm \u00e9s 10 mm. A 10 mm-es vastags\u00e1g a boltunk legmassz\u00edvabb opci\u00f3ja, amely igaz\u00e1n t\u00f6m\u00f6r, k\u0151szer\u0171 hat\u00e1st kelt a falon. A v\u00e9konyabb v\u00e1ltozatok k\u00f6nny\u0171ek \u00e9s diszkr\u00e9tek.\n\nFontos: az \u00e1r darabonk\u00e9nti. Az alap\u00e1r 590 Ft egyetlen sz\u00e1mjegy\u00e9rt a legkisebb m\u00e9retben \u00e9s vastags\u00e1gban. Ha p\u00e9ld\u00e1ul n\u00e9gy sz\u00e1mjegyre van sz\u00fcks\u00e9ged, n\u00e9gyet rendelj.\n\nSZ\u00cdNEK\n\nA sz\u00edn RAL ipari sz\u00ednrendszer\u0171: az anyag teljes vastags\u00e1g\u00e1ban sz\u00ednes, nem festett r\u00e9teg, \u00edgy nem kopik le. Prusa XL 5T nyomtat\u00f3val k\u00e9sz\u00fcl.\n\nANYAG\n\nAz \u00f6n\u00e1ll\u00f3 sz\u00e1mjegyek ASA ipari m\u0171anyagb\u00f3l k\u00e9sz\u00fclnek, amely kifejezetten k\u00fclt\u00e9ri tart\u00f3s haszn\u00e1latra fejlesztett anyag. Id\u0151j\u00e1r\u00e1s\u00e1ll\u00f3: -30 fokt\u00f3l +80 fokig megb\u00edzhat\u00f3an helyt\u00e1ll. UV-\u00e1ll\u00f3, es\u0151\u00e1ll\u00f3 \u00e9s fagy\u00e1ll\u00f3, eg\u00e9sz \u00e9vben kint maradhat a falon, kapun vagy ker\u00edt\u00e9sen. Nem fakul, nem s\u00e1rgul, nem reped. A k\u00fclt\u00e9ri \u00e9lettartam meghaladja a 10 \u00e9vet.\n\nSzat\u00e9n fel\u00fclet\u0171, s\u00edk kivitel\u0171 sz\u00e1mjegyeket kapsz, amelyek nem dombor\u00faak.\n\nR\u00d6GZ\u00cdT\u00c9S\n\nK\u00fclt\u00e9ri \u00e9p\u00edt\u00e9si ragaszt\u00f3val a legegyszer\u0171bb felhelyezni a falra, kapura, ker\u00edt\u00e9sre vagy postal\u00e1d\u00e1ra. Minden sz\u00e1mjegyet k\u00fcl\u00f6n ragasztasz fel, \u00edgy az elrendez\u00e9s teljesen szabad: v\u00edzszintesen, f\u00fcgg\u0151legesen, \u00edvben, l\u00e9pcs\u0151zetesen vagy b\u00e1rmilyen kreat\u00edv elrendez\u00e9sben. Ha furatokat szeretn\u00e9l, rendel\u00e9sn\u00e9l jelezd, \u00e9s elk\u00e9sz\u00edtj\u00fck.\n\nRENDEL\u00c9S\n\nRendel\u00e9skor add meg a k\u00edv\u00e1nt sz\u00e1mjegyet (vagy bet\u0171t), v\u00e1laszd ki a magass\u00e1got, vastags\u00e1got \u00e9s sz\u00ednt. Minden egyes karaktert k\u00fcl\u00f6n darabk\u00e9nt kell megrendelni.\n\nA kedvez\u0151 darab\u00e1r miatt ez a term\u00e9k kiv\u00e1l\u00f3 v\u00e1laszt\u00e1s, ha t\u00f6bb sz\u00e1mjegyre van sz\u00fcks\u00e9ged: egy h\u00e1romjegy\u0171 h\u00e1zsz\u00e1m m\u00e1r 1 770 Ft-t\u00f3l \u00f6ssze\u00e1ll\u00edthat\u00f3.\n\nMIRE J\u00d3?\n\nAz \u00f6n\u00e1ll\u00f3 sz\u00e1mjegyek a legmodernebb \u00e9s legrugalmasabb h\u00e1zsz\u00e1m megold\u00e1s. Nincs keret, nincs h\u00e1tt\u00e9r, csak a sz\u00e1m maga jelenik meg a falon. Ez a letisztult megjelen\u00e9s k\u00fcl\u00f6n\u00f6sen modern h\u00e1zakhoz, minimalista homlokzatokhoz, fel\u00faj\u00edtott \u00e9p\u00fcletekhez \u00e9s design tudatos bej\u00e1ratokhoz illik. Ugyanakkor hagyom\u00e1nyos csal\u00e1di h\u00e1zon is eleg\u00e1nsan mutat.\n\nK\u00f6lt\u00f6z\u00e9sre, h\u00e1zavat\u00f3ra, fel\u00faj\u00edt\u00e1sra, n\u00e9vnapra vagy sz\u00fclet\u00e9snapra remek aj\u00e1nd\u00e9k, mert a megaj\u00e1nd\u00e9kozott c\u00edm\u00e9re szem\u00e9lyre szabott.\n\nHa nagyobb m\u00e9ret\u0171 vagy vastagabb \u00f6n\u00e1ll\u00f3 sz\u00e1mjegyeket keresel, n\u00e9zd meg a boltunk m\u00e1sik \u00f6n\u00e1ll\u00f3 sz\u00e1mjegy term\u00e9k\u00e9t is, amely elt\u00e9r\u0151 m\u00e9ret- \u00e9s vastags\u00e1g-kombin\u00e1ci\u00f3kat k\u00edn\u00e1l. Ha ink\u00e1bb t\u00e1bl\u00e1s megold\u00e1st szeretn\u00e9l, ahol a h\u00e1tt\u00e9r \u00e9s a sz\u00e1m egyben van, az eleg\u00e1ns vintage, a terjedelmes, a mot\u00edvumos \u00e9s a kuty\u00e1s h\u00e1zsz\u00e1mt\u00e1bl\u00e1k is el\u00e9rhet\u0151k. A teljesen egyedi h\u00e1zsz\u00e1mt\u00e1bl\u00e1val b\u00e1rmilyen form\u00e1t \u00e9s designt megval\u00f3s\u00edthatsz.\n\nKar\u00e1csonyi szezonban kar\u00e1csonyfad\u00edszt \u00e9s egyedi kar\u00e1csonyi ajt\u00f3d\u00edszt, esk\u00fcv\u0151re n\u00e9vt\u00e1bl\u00e1t \u00e9s tortad\u00edszt is tal\u00e1lsz a k\u00edn\u00e1latunkban. Belt\u00e9rre kapcsol\u00f3d\u00edszek, pillang\u00f3 fali dekor\u00e1ci\u00f3 \u00e9s babaszoba d\u00edszek is el\u00e9rhet\u0151k.\n\nMinden term\u00e9k\u00fcnket egyedileg, rendel\u00e9sre k\u00e9sz\u00edtj\u00fck. K\u00e9rd\u00e9sed van? \u00cdrj b\u00e1tran, gyorsan v\u00e1laszolunk. N\u00e9zd meg a t\u00f6bbi term\u00e9k\u00fcnket is, h\u00e1tha tal\u00e1lsz m\u00e9g valamit, ami tetszik.","price":"590.00","unit":"db","recommended":"0","status":"1","sponsored":"0","exp_notify":"0","own_material":"0","own_material_description_old":null,"own_material_description":"","jury":"0","jury_number":"","product_nature":"","meskaracsony":"0","create_date":"2026-03-30 21:25:19","shelve_id":"79630","image":"darimi_product_702579_251120204047_657119.png","image_width":"480","image_height":"490","image_alt":"Egyedi h\u00e1zsz\u00e1m \u00f6n\u00e1ll\u00f3 sz\u00e1mjegyek - k\u00fclt\u00e9ri h\u00e1zsz\u00e1mjegy darabonk\u00e9nt 590 Ft-t\u00f3l, UV-\u00e1ll\u00f3 ASA, Egyedi h\u00e1zsz\u00e1m \u00f6n\u00e1ll\u00f3 sz\u00e1mjegyekkel, darabonk\u00e9nt rendelhet\u0151, a legkedvez\u0151bb \u00e1ron a boltunkban. Ha eg..., Meska","image_title":"Egyedi h\u00e1zsz\u00e1m \u00f6n\u00e1ll\u00f3 sz\u00e1mjegyek - k\u00fclt\u00e9ri h\u00e1zsz\u00e1mjegy darabonk\u00e9nt 590 Ft-t\u00f3l, UV-\u00e1ll\u00f3 ASA, Meska","view_count":"2766","favourite_count":"0","trending_score":"0","last2MonthFavouriteCount":"0","promotion":"0","giftcard_accept":"0","creditcard_accept":true,"enhanced_background":"0","domain":"meska","specific_customer_id":null,"specific_customer_name":null,"to_order_product":"1","to_order_product_time":"1","product_different":null,"product_different_description":"","vintage":"0","vintage_category_id":"0","recycled":"0","gemstone_id":"0","customizable":"1","type_category":"physical","zerowaste":"0","postage_price":"1349.00","shop_order":"0","has_category":"1","landing_pages":null,"microdata":{"number":32,"category":""},"title":"Egyedi h\u00e1zsz\u00e1m \u00f6n\u00e1ll\u00f3 sz\u00e1mjegyek - k\u00fclt\u00e9ri h\u00e1zsz\u00e1mjegy darabonk\u00e9nt 590 Ft-t\u00f3l, UV-\u00e1ll\u00f3 ASA","description":"Egyedi h\u00e1zsz\u00e1m \u00f6n\u00e1ll\u00f3 sz\u00e1mjegyekkel, darabonk\u00e9nt rendelhet\u0151, a legkedvez\u0151bb \u00e1ron a boltunkban. Ha egyetlen sz\u00e1mjegyet vagy ak\u00e1r egy teljes utcanevet szeretn\u00e9l a bej\u00e1ratodra k\u00fcl\u00f6n\u00e1ll\u00f3 karakterekk\u00e9nt, ez a term\u00e9k ny\u00fajtja a legrugalmasabb \u00e9s legolcs\u00f3bb megold\u00e1st. Egy sz\u00e1mjegy m\u00e1r 590 Ft-t\u00f3l el\u00e9rhet\u0151, \u00edgy pontosan annyit k\u00f6ltesz, amennyire sz\u00fcks\u00e9ged van.\n\nM\u00c9RETEK\n\nV\u00e1laszthat\u00f3 magass\u00e1gok:\n- 7 cm\n- 10 cm\n- 15 cm\n- 20 cm\n- 25 cm\n- 30 cm\n- 35 cm\n- 45 cm\n\nA 7-10 cm-es m\u00e9ret postal\u00e1d\u00e1hoz, kaputelefonhoz, a 15-20 cm-es a bej\u00e1rati falra, a 25-45 cm-es m\u00e9retek pedig igaz\u00e1n felt\u0171n\u0151, dekorat\u00edv megold\u00e1st biztos\u00edtanak. A legkisebb, 7 cm-es m\u00e9ret kifejezetten kompakt elhelyez\u00e9sekhez alkalmas.\n\nA vastags\u00e1g 1,6 mm-t\u0151l ak\u00e1r 10 mm-ig terjed\u0151 v\u00e1laszt\u00e9kkal \u00e9rhet\u0151 el h\u00e9t fokozatban: 1,6 mm, 2 mm, 2,5 mm, 3 mm, 4 mm, 5 mm \u00e9s 10 mm. A 10 mm-es vastags\u00e1g a boltunk legmassz\u00edvabb opci\u00f3ja, amely igaz\u00e1n t\u00f6m\u00f6r, k\u0151szer\u0171 hat\u00e1st kelt a falon. A v\u00e9konyabb v\u00e1ltozatok k\u00f6nny\u0171ek \u00e9s diszkr\u00e9tek.\n\nFontos: az \u00e1r darabonk\u00e9nti. Az alap\u00e1r 590 Ft egyetlen sz\u00e1mjegy\u00e9rt a legkisebb m\u00e9retben \u00e9s vastags\u00e1gban. Ha p\u00e9ld\u00e1ul n\u00e9gy sz\u00e1mjegyre van sz\u00fcks\u00e9ged, n\u00e9gyet rendelj.\n\nSZ\u00cdNEK\n\nA sz\u00edn RAL ipari sz\u00ednrendszer\u0171: az anyag teljes vastags\u00e1g\u00e1ban sz\u00ednes, nem festett r\u00e9teg, \u00edgy nem kopik le. Prusa XL 5T nyomtat\u00f3val k\u00e9sz\u00fcl.\n\nANYAG\n\nAz \u00f6n\u00e1ll\u00f3 sz\u00e1mjegyek ASA ipari m\u0171anyagb\u00f3l k\u00e9sz\u00fclnek, amely kifejezetten k\u00fclt\u00e9ri tart\u00f3s haszn\u00e1latra fejlesztett anyag. Id\u0151j\u00e1r\u00e1s\u00e1ll\u00f3: -30 fokt\u00f3l +80 fokig megb\u00edzhat\u00f3an helyt\u00e1ll. UV-\u00e1ll\u00f3, es\u0151\u00e1ll\u00f3 \u00e9s fagy\u00e1ll\u00f3, eg\u00e9sz \u00e9vben kint maradhat a falon, kapun vagy ker\u00edt\u00e9sen. Nem fakul, nem s\u00e1rgul, nem reped. A k\u00fclt\u00e9ri \u00e9lettartam meghaladja a 10 \u00e9vet.\n\nSzat\u00e9n fel\u00fclet\u0171, s\u00edk kivitel\u0171 sz\u00e1mjegyeket kapsz, amelyek nem dombor\u00faak.\n\nR\u00d6GZ\u00cdT\u00c9S\n\nK\u00fclt\u00e9ri \u00e9p\u00edt\u00e9si ragaszt\u00f3val a legegyszer\u0171bb felhelyezni a falra, kapura, ker\u00edt\u00e9sre vagy postal\u00e1d\u00e1ra. Minden sz\u00e1mjegyet k\u00fcl\u00f6n ragasztasz fel, \u00edgy az elrendez\u00e9s teljesen szabad: v\u00edzszintesen, f\u00fcgg\u0151legesen, \u00edvben, l\u00e9pcs\u0151zetesen vagy b\u00e1rmilyen kreat\u00edv elrendez\u00e9sben. Ha furatokat szeretn\u00e9l, rendel\u00e9sn\u00e9l jelezd, \u00e9s elk\u00e9sz\u00edtj\u00fck.\n\nRENDEL\u00c9S\n\nRendel\u00e9skor add meg a k\u00edv\u00e1nt sz\u00e1mjegyet (vagy bet\u0171t), v\u00e1laszd ki a magass\u00e1got, vastags\u00e1got \u00e9s sz\u00ednt. Minden egyes karaktert k\u00fcl\u00f6n darabk\u00e9nt kell megrendelni.\n\nA kedvez\u0151 darab\u00e1r miatt ez a term\u00e9k kiv\u00e1l\u00f3 v\u00e1laszt\u00e1s, ha t\u00f6bb sz\u00e1mjegyre van sz\u00fcks\u00e9ged: egy h\u00e1romjegy\u0171 h\u00e1zsz\u00e1m m\u00e1r 1 770 Ft-t\u00f3l \u00f6ssze\u00e1ll\u00edthat\u00f3.\n\nMIRE J\u00d3?\n\nAz \u00f6n\u00e1ll\u00f3 sz\u00e1mjegyek a legmodernebb \u00e9s legrugalmasabb h\u00e1zsz\u00e1m megold\u00e1s. Nincs keret, nincs h\u00e1tt\u00e9r, csak a sz\u00e1m maga jelenik meg a falon. Ez a letisztult megjelen\u00e9s k\u00fcl\u00f6n\u00f6sen modern h\u00e1zakhoz, minimalista homlokzatokhoz, fel\u00faj\u00edtott \u00e9p\u00fcletekhez \u00e9s design tudatos bej\u00e1ratokhoz illik. Ugyanakkor hagyom\u00e1nyos csal\u00e1di h\u00e1zon is eleg\u00e1nsan mutat.\n\nK\u00f6lt\u00f6z\u00e9sre, h\u00e1zavat\u00f3ra, fel\u00faj\u00edt\u00e1sra, n\u00e9vnapra vagy sz\u00fclet\u00e9snapra remek aj\u00e1nd\u00e9k, mert a megaj\u00e1nd\u00e9kozott c\u00edm\u00e9re szem\u00e9lyre szabott.\n\nHa nagyobb m\u00e9ret\u0171 vagy vastagabb \u00f6n\u00e1ll\u00f3 sz\u00e1mjegyeket keresel, n\u00e9zd meg a boltunk m\u00e1sik \u00f6n\u00e1ll\u00f3 sz\u00e1mjegy term\u00e9k\u00e9t is, amely elt\u00e9r\u0151 m\u00e9ret- \u00e9s vastags\u00e1g-kombin\u00e1ci\u00f3kat k\u00edn\u00e1l. Ha ink\u00e1bb t\u00e1bl\u00e1s megold\u00e1st szeretn\u00e9l, ahol a h\u00e1tt\u00e9r \u00e9s a sz\u00e1m egyben van, az eleg\u00e1ns vintage, a terjedelmes, a mot\u00edvumos \u00e9s a kuty\u00e1s h\u00e1zsz\u00e1mt\u00e1bl\u00e1k is el\u00e9rhet\u0151k. A teljesen egyedi h\u00e1zsz\u00e1mt\u00e1bl\u00e1val b\u00e1rmilyen form\u00e1t \u00e9s designt megval\u00f3s\u00edthatsz.\n\nKar\u00e1csonyi szezonban kar\u00e1csonyfad\u00edszt \u00e9s egyedi kar\u00e1csonyi ajt\u00f3d\u00edszt, esk\u00fcv\u0151re n\u00e9vt\u00e1bl\u00e1t \u00e9s tortad\u00edszt is tal\u00e1lsz a k\u00edn\u00e1latunkban. Belt\u00e9rre kapcsol\u00f3d\u00edszek, pillang\u00f3 fali dekor\u00e1ci\u00f3 \u00e9s babaszoba d\u00edszek is el\u00e9rhet\u0151k.\n\nMinden term\u00e9k\u00fcnket egyedileg, rendel\u00e9sre k\u00e9sz\u00edtj\u00fck. K\u00e9rd\u00e9sed van? \u00cdrj b\u00e1tran, gyorsan v\u00e1laszolunk. N\u00e9zd meg a t\u00f6bbi term\u00e9k\u00fcnket is, h\u00e1tha tal\u00e1lsz m\u00e9g valamit, ami tetszik.","score":0,"formatted_price":"590 Ft","image_url":"https:\/\/www.meska.hu\/img\/product\/small\/d\/a\/darimi_product_702579_251120204047_657119.png","formatted_url":"https:\/\/www.meska.hu\/p5679357-egyedi-hazszam-3d-nyomtatott-idojarasallo-asa","favourite":false,"in_stock":false,"avatar":"702579_avatar_1739694015.jpeg","delete_from":0,"is_enhanced_background":false,"is_enhanced":false,"product_selection_started":false,"is_active":true,"image_webp_url":"https:\/\/www.meska.hu\/img\/product\/small\/d\/a\/darimi_product_702579_251120204047_657119.webp"},{"id":"5967651","shop_id":"47945","user_id":"702579","shop_name":"Darimi","shop_zip":"2030","product_code":"5652716","product_name_old":null,"product_name":"Haj\u00f3s h\u00e1zsz\u00e1mt\u00e1bla \u00e1ll\u00f3 form\u00e1tumban - egyedi vitorl\u00e1s mint\u00e1s k\u00fclt\u00e9ri h\u00e1zsz\u00e1m, nagy m\u00e9ret","category_string":"Otthon & \u00c9letm\u00f3d, H\u00e1z & Kert, H\u00e1zsz\u00e1m","technic_string":"Mindenm\u00e1s","category_1":"813","category_2":"897","category_3":"431","category_4":"0","merged_category_1":null,"merged_category_2":null,"merged_category_3":null,"technic_1":"493","technic_2":"0","technic_3":"0","color_1":"519","color_2":"520","color_3":"527","product_description_old":null,"product_description":"Haj\u00f3s h\u00e1zsz\u00e1mt\u00e1bla \u00e1ll\u00f3, k\u00f6zel n\u00e9gyzetes form\u00e1tumban, nagyobb vitorl\u00e1s mot\u00edvummal. Ez a v\u00e1ltozat azoknak k\u00e9sz\u00fclt, akik a haj\u00f3s tematik\u00e1t nem csup\u00e1n apr\u00f3 d\u00edszk\u00e9nt, hanem karakteres, j\u00f3l l\u00e1that\u00f3 designelemk\u00e9nt szeretn\u00e9k megjelen\u00edteni a bej\u00e1ratn\u00e1l. A k\u00f6zel n\u00e9gyzetes forma tekint\u00e9lyes megjelen\u00e9st ad, \u00e9s a vitorl\u00e1s mot\u00edvum igaz\u00e1n l\u00e1tv\u00e1nyosan \u00e9rv\u00e9nyes\u00fcl rajta.\n\nM\u00c9RETEK\n\nAz \u00e1ll\u00f3 form\u00e1tum k\u00f6zel n\u00e9gyzetes kialak\u00edt\u00e1s\u00fa, ami lehet\u0151v\u00e9 teszi, hogy a vitorl\u00e1s haj\u00f3 mot\u00edvum \u00e9s a h\u00e1zsz\u00e1m egym\u00e1s felett, f\u00fcgg\u0151leges elrendez\u00e9sben kapjon helyet. H\u00e1rom m\u00e9retben rendelhet\u0151:\n- S: 20 x 18 cm\n- M: 30 x 26 cm\n- L: 35 x 31 cm - m\u00e1r messzir\u0151l is j\u00f3l olvashat\u00f3, ami fontos, ha a post\u00e1s, fut\u00e1r vagy vend\u00e9gek k\u00f6nnyed\u00e9n meg akarj\u00e1k tal\u00e1lni a h\u00e1zat\n\nEzek l\u00e9nyegesen nagyobb fel\u00fcletet adnak, mint a fekv\u0151 v\u00e1ltozatn\u00e1l, \u00edgy a mot\u00edvum is l\u00e1tv\u00e1nyosabb \u00e9s r\u00e9szletesebb. A vastags\u00e1g 1,6 mm-t\u0151l 5 mm-ig v\u00e1laszthat\u00f3. A nagyobb m\u00e9ret k\u00fcl\u00f6n\u00f6sen j\u00f3l mutat kerti kapukon, ker\u00edt\u00e9spill\u00e9ren vagy a h\u00e1z bej\u00e1rati fal\u00e1n, ahol a szem magass\u00e1g\u00e1ban helyezhet\u0151 el.\n\nSZINEK\n\nA teljes RAL ipari sz\u00ednrendszer el\u00e9rhet\u0151. A haj\u00f3s tematik\u00e1hoz a tenger\u00e9szk\u00e9k-feh\u00e9r, a t\u00fcrkiz-feh\u00e9r vagy a s\u00f6t\u00e9tk\u00e9k-arany kombin\u00e1ci\u00f3k k\u00fcl\u00f6n\u00f6sen n\u00e9pszer\u0171ek, de b\u00e1rmilyen sz\u00edn k\u00e9rhet\u0151. Egyedi RAL sz\u00edn is v\u00e1laszthat\u00f3, ha a nyaral\u00f3d vagy otthonod st\u00edlus\u00e1hoz specifikus \u00e1rnyalatot szeretn\u00e9l.\n\nANYAG\n\nAnyaga ASA (Acrylonitrile Styrene Acrylate), ipari min\u0151s\u00e9g\u0171 k\u00fclt\u00e9ri alapanyag. Az ASA teljes t\u00f6meg\u00e9ben sz\u00ednes, RAL ipari sz\u00ednrendszerben - a sz\u00edn nem fest\u00e9k, hanem maga az anyag.\n- UV-\u00e1ll\u00f3: nem fakul a napon\n- Es\u0151\u00e1ll\u00f3 \u00e9s fagy\u00e1ll\u00f3: -30 fokt\u00f3l +80 fokig b\u00edrja a sz\u00e9ls\u0151s\u00e9ges id\u0151j\u00e1r\u00e1st\n- K\u00fclt\u00e9ren ak\u00e1r 10 \u00e9vig kifog\u00e1stalanul meg\u0151rzi eredeti megjelen\u00e9s\u00e9t\n\nA fel\u00fclete szat\u00e9n text\u00far\u00e1j\u00fa, amelyet Prusa XL 5T nyomtat\u00f3val k\u00e9sz\u00edt\u00fcnk, fest\u00e9s n\u00e9lk\u00fcl, ak\u00e1r 5 sz\u00ednben egyetlen munkafolyamatban.\n\nROGZITES\n\nA t\u00e1bla s\u00edk fel\u00fclet\u0171, nem dombor\u00fa. R\u00f6gz\u00edt\u00e9shez k\u00fclt\u00e9ri \u00e9p\u00edt\u00e9si ragaszt\u00f3t javaslunk (p\u00e9ld\u00e1ul Pattex One For All): kend fel a h\u00e1tlapra, nyomd a falhoz, \u00e9s tart\u00f3san a hely\u00e9n marad. F\u00far\u00e1smentes, tiszta megold\u00e1s. Ha furatokkal szeretn\u00e9d r\u00f6gz\u00edteni, jelezd rendel\u00e9skor, \u00e9s elk\u00e9sz\u00edtj\u00fck a megfelel\u0151 lyukakkal. A ragaszt\u00f3s r\u00f6gz\u00edt\u00e9s vakolatra, t\u00e9gl\u00e1ra, betonra \u00e9s k\u0151fel\u00fcletre egyar\u00e1nt alkalmas.\n\nHOGYAN RENDELHETSZ?\n\nRendel\u00e9skor add meg a h\u00e1zsz\u00e1mot, a v\u00e1lasztott m\u00e9retet, vastags\u00e1got \u00e9s sz\u00ednt. Sz\u00e1mjegy, bet\u0171-sz\u00e1m kombin\u00e1ci\u00f3, utcan\u00e9v vagy a h\u00e1z neve egyar\u00e1nt k\u00e9rhet\u0151. Egyedi RAL sz\u00edn is v\u00e1laszthat\u00f3. Ha a v\u00edzparti nyaral\u00f3dnak van beceneve, azt is r\u00e1\u00edrathatod a t\u00e1bl\u00e1ra a sz\u00e1m mell\u00e9.\n\nMIRE JO?\n\nEz a haj\u00f3s h\u00e1zsz\u00e1mt\u00e1bla szem\u00e9lyes aj\u00e1nd\u00e9k vitorl\u00e1z\u00f3knak, haj\u00f3soknak, t\u00f3parti nyaral\u00f3tulajdonosoknak - h\u00e1zavat\u00f3ra, sz\u00fclet\u00e9snapra, nyugd\u00edjba vonul\u00e1sra vagy kar\u00e1csonyra. A nagy, n\u00e9gyzetes form\u00e1tum tekint\u00e9lyes megjelen\u00e9st ad, \u00e9s messzir\u0151l is olvashat\u00f3. Nyaral\u00f3hoz, h\u00e9tv\u00e9gi h\u00e1zhoz, \u00fcd\u00fcl\u0151h\u00f6z, de v\u00edz k\u00f6zel\u00e9ben \u00e1ll\u00f3 csal\u00e1di otthonhoz is kiv\u00e1l\u00f3 v\u00e1laszt\u00e1s. A megaj\u00e1nd\u00e9kozott saj\u00e1t h\u00e1zsz\u00e1m\u00e1val k\u00e9sz\u00fcl, \u00edgy garant\u00e1ltan egyedi darab lesz.\n\nTOVABBI VALTOZATOK\n\nHa kisebb, fekv\u0151 form\u00e1tum\u00fa haj\u00f3s h\u00e1zsz\u00e1mt\u00e1bl\u00e1t keresel, azt is megtal\u00e1lod a boltunkban - ugyanilyen anyagmin\u0151s\u00e9gben, fekv\u0151 elrendez\u00e9ssel, S-M-L m\u00e9retekben. A balatoni v\u00e1ltozat szint\u00e9n vitorl\u00e1s tematik\u00e1j\u00fa, kifejezetten Balaton-parti nyaral\u00f3khoz, \u00e9s kilenc vastags\u00e1gban \u00e9rhet\u0151 el ak\u00e1r 8 mm-ig. Akinek a tr\u00f3pusi hangulat \u00e1ll k\u00f6zel, a p\u00e1lmaf\u00e1s \u00e9s ban\u00e1nf\u00e1s h\u00e1zsz\u00e1mt\u00e1bl\u00e1ink is remek v\u00e1laszt\u00e1s v\u00edz k\u00f6zel\u00e9ben. A h\u00e1zik\u00f3 form\u00e1j\u00fa v\u00e1ltozatok vid\u00e9ki h\u00e9tv\u00e9gi h\u00e1zakhoz illenek.\n\nKomplett bej\u00e1rathoz az \u00f6n\u00e1ll\u00f3 sz\u00e1mjegyeinkkel kombin\u00e1lhatod: a postal\u00e1d\u00e1ra, gar\u00e1zs kapuj\u00e1ra vagy a kerti bej\u00e1r\u00f3ra kiv\u00e1l\u00f3ak. A boltunkban kuty\u00e1s (mopsz, tacsk\u00f3, golden retriever, n\u00e9met juh\u00e1sz), madaras \u00e9s pillang\u00f3s h\u00e1zsz\u00e1mt\u00e1bl\u00e1k is el\u00e9rhet\u0151k, ha a csal\u00e1d m\u00e1s mot\u00edvumokat is kedvel. Vintage, modern \u00e9s eleg\u00e1ns v\u00e1ltozataink a visszafogottabb \u00edzl\u00e9shez sz\u00f3lnak.\n\nMinden term\u00e9k\u00fcnket egyedileg, rendel\u00e9sre k\u00e9sz\u00edtj\u00fck. K\u00e9rd\u00e9sed van? \u00cdrj b\u00e1tran, gyorsan v\u00e1laszolunk. N\u00e9zd meg a t\u00f6bbi term\u00e9k\u00fcnket is, h\u00e1tha tal\u00e1lsz m\u00e9g valamit, ami tetszik.","price":"5490.00","unit":"db","recommended":"0","status":"1","sponsored":"0","exp_notify":"0","own_material":"0","own_material_description_old":null,"own_material_description":"","jury":"0","jury_number":"","product_nature":"","meskaracsony":"0","create_date":"2026-03-29 21:44:28","shelve_id":"79630","image":"darimi_product_702579_251024221919_525812.png","image_width":"480","image_height":"480","image_alt":"Haj\u00f3s h\u00e1zsz\u00e1mt\u00e1bla \u00e1ll\u00f3 form\u00e1tumban - egyedi vitorl\u00e1s mint\u00e1s k\u00fclt\u00e9ri h\u00e1zsz\u00e1m, nagy m\u00e9ret, Haj\u00f3s h\u00e1zsz\u00e1mt\u00e1bla \u00e1ll\u00f3, k\u00f6zel n\u00e9gyzetes form\u00e1tumban, nagyobb vitorl\u00e1s mot\u00edvummal. Ez a v\u00e1ltozat azo..., Meska","image_title":"Haj\u00f3s h\u00e1zsz\u00e1mt\u00e1bla \u00e1ll\u00f3 form\u00e1tumban - egyedi vitorl\u00e1s mint\u00e1s k\u00fclt\u00e9ri h\u00e1zsz\u00e1m, nagy m\u00e9ret, Meska","view_count":"2649","favourite_count":"0","trending_score":"0","last2MonthFavouriteCount":"0","promotion":"0","giftcard_accept":"0","creditcard_accept":true,"enhanced_background":"0","domain":"meska","specific_customer_id":null,"specific_customer_name":null,"to_order_product":"1","to_order_product_time":"1","product_different":null,"product_different_description":"","vintage":"0","vintage_category_id":"0","recycled":"0","gemstone_id":"0","customizable":"1","type_category":"physical","zerowaste":"0","postage_price":"1349.00","shop_order":"0","has_category":"1","landing_pages":null,"microdata":{"number":33,"category":""},"title":"Haj\u00f3s h\u00e1zsz\u00e1mt\u00e1bla \u00e1ll\u00f3 form\u00e1tumban - egyedi vitorl\u00e1s mint\u00e1s k\u00fclt\u00e9ri h\u00e1zsz\u00e1m, nagy m\u00e9ret","description":"Haj\u00f3s h\u00e1zsz\u00e1mt\u00e1bla \u00e1ll\u00f3, k\u00f6zel n\u00e9gyzetes form\u00e1tumban, nagyobb vitorl\u00e1s mot\u00edvummal. Ez a v\u00e1ltozat azoknak k\u00e9sz\u00fclt, akik a haj\u00f3s tematik\u00e1t nem csup\u00e1n apr\u00f3 d\u00edszk\u00e9nt, hanem karakteres, j\u00f3l l\u00e1that\u00f3 designelemk\u00e9nt szeretn\u00e9k megjelen\u00edteni a bej\u00e1ratn\u00e1l. A k\u00f6zel n\u00e9gyzetes forma tekint\u00e9lyes megjelen\u00e9st ad, \u00e9s a vitorl\u00e1s mot\u00edvum igaz\u00e1n l\u00e1tv\u00e1nyosan \u00e9rv\u00e9nyes\u00fcl rajta.\n\nM\u00c9RETEK\n\nAz \u00e1ll\u00f3 form\u00e1tum k\u00f6zel n\u00e9gyzetes kialak\u00edt\u00e1s\u00fa, ami lehet\u0151v\u00e9 teszi, hogy a vitorl\u00e1s haj\u00f3 mot\u00edvum \u00e9s a h\u00e1zsz\u00e1m egym\u00e1s felett, f\u00fcgg\u0151leges elrendez\u00e9sben kapjon helyet. H\u00e1rom m\u00e9retben rendelhet\u0151:\n- S: 20 x 18 cm\n- M: 30 x 26 cm\n- L: 35 x 31 cm - m\u00e1r messzir\u0151l is j\u00f3l olvashat\u00f3, ami fontos, ha a post\u00e1s, fut\u00e1r vagy vend\u00e9gek k\u00f6nnyed\u00e9n meg akarj\u00e1k tal\u00e1lni a h\u00e1zat\n\nEzek l\u00e9nyegesen nagyobb fel\u00fcletet adnak, mint a fekv\u0151 v\u00e1ltozatn\u00e1l, \u00edgy a mot\u00edvum is l\u00e1tv\u00e1nyosabb \u00e9s r\u00e9szletesebb. A vastags\u00e1g 1,6 mm-t\u0151l 5 mm-ig v\u00e1laszthat\u00f3. A nagyobb m\u00e9ret k\u00fcl\u00f6n\u00f6sen j\u00f3l mutat kerti kapukon, ker\u00edt\u00e9spill\u00e9ren vagy a h\u00e1z bej\u00e1rati fal\u00e1n, ahol a szem magass\u00e1g\u00e1ban helyezhet\u0151 el.\n\nSZINEK\n\nA teljes RAL ipari sz\u00ednrendszer el\u00e9rhet\u0151. A haj\u00f3s tematik\u00e1hoz a tenger\u00e9szk\u00e9k-feh\u00e9r, a t\u00fcrkiz-feh\u00e9r vagy a s\u00f6t\u00e9tk\u00e9k-arany kombin\u00e1ci\u00f3k k\u00fcl\u00f6n\u00f6sen n\u00e9pszer\u0171ek, de b\u00e1rmilyen sz\u00edn k\u00e9rhet\u0151. Egyedi RAL sz\u00edn is v\u00e1laszthat\u00f3, ha a nyaral\u00f3d vagy otthonod st\u00edlus\u00e1hoz specifikus \u00e1rnyalatot szeretn\u00e9l.\n\nANYAG\n\nAnyaga ASA (Acrylonitrile Styrene Acrylate), ipari min\u0151s\u00e9g\u0171 k\u00fclt\u00e9ri alapanyag. Az ASA teljes t\u00f6meg\u00e9ben sz\u00ednes, RAL ipari sz\u00ednrendszerben - a sz\u00edn nem fest\u00e9k, hanem maga az anyag.\n- UV-\u00e1ll\u00f3: nem fakul a napon\n- Es\u0151\u00e1ll\u00f3 \u00e9s fagy\u00e1ll\u00f3: -30 fokt\u00f3l +80 fokig b\u00edrja a sz\u00e9ls\u0151s\u00e9ges id\u0151j\u00e1r\u00e1st\n- K\u00fclt\u00e9ren ak\u00e1r 10 \u00e9vig kifog\u00e1stalanul meg\u0151rzi eredeti megjelen\u00e9s\u00e9t\n\nA fel\u00fclete szat\u00e9n text\u00far\u00e1j\u00fa, amelyet Prusa XL 5T nyomtat\u00f3val k\u00e9sz\u00edt\u00fcnk, fest\u00e9s n\u00e9lk\u00fcl, ak\u00e1r 5 sz\u00ednben egyetlen munkafolyamatban.\n\nROGZITES\n\nA t\u00e1bla s\u00edk fel\u00fclet\u0171, nem dombor\u00fa. R\u00f6gz\u00edt\u00e9shez k\u00fclt\u00e9ri \u00e9p\u00edt\u00e9si ragaszt\u00f3t javaslunk (p\u00e9ld\u00e1ul Pattex One For All): kend fel a h\u00e1tlapra, nyomd a falhoz, \u00e9s tart\u00f3san a hely\u00e9n marad. F\u00far\u00e1smentes, tiszta megold\u00e1s. Ha furatokkal szeretn\u00e9d r\u00f6gz\u00edteni, jelezd rendel\u00e9skor, \u00e9s elk\u00e9sz\u00edtj\u00fck a megfelel\u0151 lyukakkal. A ragaszt\u00f3s r\u00f6gz\u00edt\u00e9s vakolatra, t\u00e9gl\u00e1ra, betonra \u00e9s k\u0151fel\u00fcletre egyar\u00e1nt alkalmas.\n\nHOGYAN RENDELHETSZ?\n\nRendel\u00e9skor add meg a h\u00e1zsz\u00e1mot, a v\u00e1lasztott m\u00e9retet, vastags\u00e1got \u00e9s sz\u00ednt. Sz\u00e1mjegy, bet\u0171-sz\u00e1m kombin\u00e1ci\u00f3, utcan\u00e9v vagy a h\u00e1z neve egyar\u00e1nt k\u00e9rhet\u0151. Egyedi RAL sz\u00edn is v\u00e1laszthat\u00f3. Ha a v\u00edzparti nyaral\u00f3dnak van beceneve, azt is r\u00e1\u00edrathatod a t\u00e1bl\u00e1ra a sz\u00e1m mell\u00e9.\n\nMIRE JO?\n\nEz a haj\u00f3s h\u00e1zsz\u00e1mt\u00e1bla szem\u00e9lyes aj\u00e1nd\u00e9k vitorl\u00e1z\u00f3knak, haj\u00f3soknak, t\u00f3parti nyaral\u00f3tulajdonosoknak - h\u00e1zavat\u00f3ra, sz\u00fclet\u00e9snapra, nyugd\u00edjba vonul\u00e1sra vagy kar\u00e1csonyra. A nagy, n\u00e9gyzetes form\u00e1tum tekint\u00e9lyes megjelen\u00e9st ad, \u00e9s messzir\u0151l is olvashat\u00f3. Nyaral\u00f3hoz, h\u00e9tv\u00e9gi h\u00e1zhoz, \u00fcd\u00fcl\u0151h\u00f6z, de v\u00edz k\u00f6zel\u00e9ben \u00e1ll\u00f3 csal\u00e1di otthonhoz is kiv\u00e1l\u00f3 v\u00e1laszt\u00e1s. A megaj\u00e1nd\u00e9kozott saj\u00e1t h\u00e1zsz\u00e1m\u00e1val k\u00e9sz\u00fcl, \u00edgy garant\u00e1ltan egyedi darab lesz.\n\nTOVABBI VALTOZATOK\n\nHa kisebb, fekv\u0151 form\u00e1tum\u00fa haj\u00f3s h\u00e1zsz\u00e1mt\u00e1bl\u00e1t keresel, azt is megtal\u00e1lod a boltunkban - ugyanilyen anyagmin\u0151s\u00e9gben, fekv\u0151 elrendez\u00e9ssel, S-M-L m\u00e9retekben. A balatoni v\u00e1ltozat szint\u00e9n vitorl\u00e1s tematik\u00e1j\u00fa, kifejezetten Balaton-parti nyaral\u00f3khoz, \u00e9s kilenc vastags\u00e1gban \u00e9rhet\u0151 el ak\u00e1r 8 mm-ig. Akinek a tr\u00f3pusi hangulat \u00e1ll k\u00f6zel, a p\u00e1lmaf\u00e1s \u00e9s ban\u00e1nf\u00e1s h\u00e1zsz\u00e1mt\u00e1bl\u00e1ink is remek v\u00e1laszt\u00e1s v\u00edz k\u00f6zel\u00e9ben. A h\u00e1zik\u00f3 form\u00e1j\u00fa v\u00e1ltozatok vid\u00e9ki h\u00e9tv\u00e9gi h\u00e1zakhoz illenek.\n\nKomplett bej\u00e1rathoz az \u00f6n\u00e1ll\u00f3 sz\u00e1mjegyeinkkel kombin\u00e1lhatod: a postal\u00e1d\u00e1ra, gar\u00e1zs kapuj\u00e1ra vagy a kerti bej\u00e1r\u00f3ra kiv\u00e1l\u00f3ak. A boltunkban kuty\u00e1s (mopsz, tacsk\u00f3, golden retriever, n\u00e9met juh\u00e1sz), madaras \u00e9s pillang\u00f3s h\u00e1zsz\u00e1mt\u00e1bl\u00e1k is el\u00e9rhet\u0151k, ha a csal\u00e1d m\u00e1s mot\u00edvumokat is kedvel. Vintage, modern \u00e9s eleg\u00e1ns v\u00e1ltozataink a visszafogottabb \u00edzl\u00e9shez sz\u00f3lnak.\n\nMinden term\u00e9k\u00fcnket egyedileg, rendel\u00e9sre k\u00e9sz\u00edtj\u00fck. K\u00e9rd\u00e9sed van? \u00cdrj b\u00e1tran, gyorsan v\u00e1laszolunk. N\u00e9zd meg a t\u00f6bbi term\u00e9k\u00fcnket is, h\u00e1tha tal\u00e1lsz m\u00e9g valamit, ami tetszik.","score":0,"formatted_price":"5 490 Ft","image_url":"https:\/\/www.meska.hu\/img\/product\/small\/d\/a\/darimi_product_702579_251024221919_525812.png","formatted_url":"https:\/\/www.meska.hu\/p5652716-egyedi-hajos-hazszamtabla-hajo","favourite":false,"in_stock":false,"avatar":"702579_avatar_1739694015.jpeg","delete_from":0,"is_enhanced_background":false,"is_enhanced":false,"product_selection_started":false,"is_active":true,"image_webp_url":"https:\/\/www.meska.hu\/img\/product\/small\/d\/a\/darimi_product_702579_251024221919_525812.webp"},{"id":"6005920","shop_id":"47945","user_id":"702579","shop_name":"Darimi","shop_zip":"2030","product_code":"5678241","product_name_old":null,"product_name":"Egyedi nagy t\u00e9glalap h\u00e1zsz\u00e1mt\u00e1bla 20x16-t\u00f3l 35x28 cm-ig - k\u00fclt\u00e9ri ASA, t\u00f6bb soros felirat","category_string":"Otthon & \u00c9letm\u00f3d, H\u00e1z & Kert, H\u00e1zsz\u00e1m","technic_string":"Mindenm\u00e1s","category_1":"813","category_2":"897","category_3":"431","category_4":"0","merged_category_1":null,"merged_category_2":null,"merged_category_3":null,"technic_1":"493","technic_2":"0","technic_3":"0","color_1":"519","color_2":"520","color_3":"527","product_description_old":null,"product_description":"Egyedi nagy t\u00e9glalap h\u00e1zsz\u00e1mt\u00e1bla, amely a sz\u00e9lesebb, szinte n\u00e9gyzetes form\u00e1j\u00e1val b\u0151s\u00e9ges helyet ad t\u00f6bbsoros feliratnak, nagyobb bet\u0171knek vagy ak\u00e1r d\u00edsz\u00edt\u0151 elemeknek. Ha a hagyom\u00e1nyos keskeny t\u00e1bla kev\u00e9s a c\u00e9ljaidhoz, \u00e9s komolyabb fel\u00fcletet szeretn\u00e9l a bej\u00e1ratn\u00e1l, ez a v\u00e1ltozat pontosan erre k\u00e9sz\u00fclt. A nagy t\u00e9glalap form\u00e1tum a legt\u00f6bb inform\u00e1ci\u00f3t \u00e9s a legimpoz\u00e1nsabb megjelen\u00e9st k\u00edn\u00e1lja a h\u00e1zsz\u00e1mt\u00e1bl\u00e1ink k\u00f6z\u00fcl.\n\nM\u00c9RETEK\n\nN\u00e9gy m\u00e9ret k\u00f6z\u00fcl v\u00e1laszthatsz:\n- 20x16 cm\n- 25x20 cm\n- 30x24 cm\n- 35x28 cm\n\nM\u00e1r a legkisebb m\u00e9ret is jelent\u0151sen nagyobb fel\u00fcletet ad, mint egy szok\u00e1sos fekv\u0151 h\u00e1zsz\u00e1mt\u00e1bla, a 35x28 cm-es v\u00e1ltozat pedig igaz\u00e1n tekint\u00e9lyes: ezen ak\u00e1r h\u00e1zsz\u00e1m, utcan\u00e9v, csal\u00e1dn\u00e9v \u00e9s kieg\u00e9sz\u00edt\u0151 sor is k\u00e9nyelmesen elf\u00e9r, j\u00f3l olvashat\u00f3 bet\u0171m\u00e9rettel. Az ar\u00e1ny k\u00f6zel 4:5, ami vizu\u00e1lisan kiegyens\u00falyozott, harmonikus megjelen\u00e9st ad, \u00e9s a falon sem hat sem t\u00fal sz\u00e9lesnek, sem t\u00fal magasnak.\n\nA vastags\u00e1g 1.6 mm-t\u0151l ak\u00e1r 8 mm-ig \u00e1ll\u00edthat\u00f3, ami a legsz\u00e9lesebb v\u00e1laszt\u00e9k a h\u00e1zsz\u00e1mt\u00e1bl\u00e1ink k\u00f6z\u00f6tt:\n- A 8 mm-es vastags\u00e1g komoly, massz\u00edv darabot eredm\u00e9nyez, amely m\u00e1r-m\u00e1r t\u00e1blaszer\u0171 megjelen\u00e9st k\u00f6lcs\u00f6n\u00f6z \u00e9s k\u00e9zbe v\u00e9ve is tekint\u00e9lyes s\u00falyt ad\n- Nagyobb m\u00e9retekhez (30x24, 35x28) \u00e9rdemes legal\u00e1bb 2.5-3 mm-es vastags\u00e1got v\u00e1lasztani a megfelel\u0151 merevs\u00e9g \u00e9rdek\u00e9ben\n- A 4-5 mm robusztus, hat\u00e1rozott megjelen\u00e9st ny\u00fajt, a 6-8 mm pedig igaz\u00e1n massz\u00edv, pr\u00e9mium hat\u00e1st kelt\n- Kisebb m\u00e9retekhez a 2 mm is b\u0151ven elegend\u0151\n\nSZ\u00cdNEK\n\nT\u00edz RAL ipari sz\u00edn \u00e1ll rendelkez\u00e9sre, ami a legnagyobb sz\u00ednv\u00e1laszt\u00e9k a h\u00e1zsz\u00e1mt\u00e1bl\u00e1ink k\u00f6z\u00f6tt. Szinte b\u00e1rmilyen homlokzatsz\u00ednhez tal\u00e1lsz passzol\u00f3 kombin\u00e1ci\u00f3t, legyen az vil\u00e1gos vakolat, s\u00f6t\u00e9t t\u00e9gla vagy sz\u00fcrke beton. Ha m\u00e9gis egyedi \u00e1rnyalatra van sz\u00fcks\u00e9ged, azt is k\u00e9rheted.\n\nAz ASA anyag teljes t\u00f6meg\u00e9ben sz\u00ednes - nem festett r\u00e9teg, hanem v\u00e9gig azonos sz\u00edn, ami kop\u00e1snak, karcol\u00e1snak is ellen\u00e1ll. A Prusa XL 5T nyomtat\u00f3val ak\u00e1r 5 sz\u00edn ker\u00fclhet egyetlen t\u00e1bl\u00e1ra fest\u00e9s n\u00e9lk\u00fcl: sz\u00ednes keret, kontrasztos h\u00e1tt\u00e9r, elt\u00e9r\u0151 sz\u00edn\u0171 bet\u0171sorok - a nagy fel\u00fcleten a sz\u00ednkombin\u00e1ci\u00f3k igaz\u00e1n \u00e9rv\u00e9nyes\u00fclnek \u00e9s l\u00e1tv\u00e1nyos v\u00e9geredm\u00e9nyt adnak.\n\nANYAG\n\nAz ASA anyag k\u00fclt\u00e9ri haszn\u00e1latra fejlesztett: UV-\u00e1ll\u00f3, es\u0151\u00e1ll\u00f3, fagy\u00e1ll\u00f3, -30 fokt\u00f3l +80 fokig tartja form\u00e1j\u00e1t \u00e9s sz\u00edn\u00e9t. Legal\u00e1bb 10 \u00e9vig megb\u00edzhat\u00f3an szolg\u00e1l k\u00fclt\u00e9ren, nem s\u00e1rgul, nem reped, nem vetemedik. A szat\u00e9n fel\u00fclet kellemes tapint\u00e1s\u00fa, k\u00f6nnyen let\u00f6r\u00f6lhet\u0151, \u00e9s nem t\u00fckr\u00f6zi vissza a napf\u00e9nyt, \u00edgy a felirat minden sz\u00f6gb\u0151l \u00e9s f\u00e9nyviszonyban j\u00f3l olvashat\u00f3 marad.\n\nR\u00d6GZ\u00cdT\u00c9S\n\nA t\u00e1bla s\u00edk fel\u00fclet\u0171, nem dombor\u00fa. R\u00f6gz\u00edt\u00e9shez k\u00fclt\u00e9ri \u00e9p\u00edt\u00e9si ragaszt\u00f3t javaslunk (pl. Pattex One For All): a h\u00e1tlapra felkenve, falhoz nyomva egyszer\u0171en \u00e9s tiszt\u00e1n felhelyezhet\u0151.\n\nA nagyobb m\u00e9ret\u0171 t\u00e1bl\u00e1kn\u00e1l \u00e9rdemes t\u00f6bb pontban is ragasztani a biztons\u00e1gos tart\u00e1s \u00e9rdek\u00e9ben, k\u00fcl\u00f6n\u00f6sen a sarkokat \u00e9s a k\u00f6zep\u00e9t lefedve. Ha csavaros r\u00f6gz\u00edt\u00e9st szeretn\u00e9l, furatokat is k\u00e9rhetsz - jelezd rendel\u00e9skor, h\u00e1ny lyukat \u00e9s milyen elrendez\u00e9sben szeretn\u00e9d.\n\nRENDEL\u00c9S\n\nRendel\u00e9skor add meg a pontos sz\u00f6veget (h\u00e1zsz\u00e1m, utcan\u00e9v, csal\u00e1dn\u00e9v, egy\u00e9b sorok), a k\u00edv\u00e1nt m\u00e9retet, vastags\u00e1got \u00e9s sz\u00ednkombin\u00e1ci\u00f3t. A sz\u00f6veg elrendez\u00e9s\u00e9t a t\u00e1bla ar\u00e1nyaihoz igaz\u00edtjuk, a fontosabb inform\u00e1ci\u00f3kat (h\u00e1zsz\u00e1m) nagyobb, hangs\u00falyosabb bet\u0171m\u00e9rettel emelj\u00fck ki.\n\nMIRE J\u00d3?\n\nA nagy t\u00e9glalap h\u00e1zsz\u00e1mt\u00e1bla n\u00e9pszer\u0171 v\u00e1laszt\u00e1s olyan csal\u00e1di h\u00e1zakn\u00e1l, ahol a bej\u00e1rat t\u00e1gas, \u00e9s egy komolyabb m\u00e9ret\u0171 t\u00e1bla nem hat ar\u00e1nytalanul. H\u00e9tv\u00e9gi h\u00e1zakhoz, tany\u00e1khoz, panzi\u00f3 vagy vend\u00e9gh\u00e1z bej\u00e1rat\u00e1hoz is gyakran rendelik, mert a t\u00f6bb soros felirat lehet\u0151s\u00e9ge itt k\u00fcl\u00f6n\u00f6sen hasznos - az \u00e9p\u00fclet neve, a c\u00edm \u00e9s ak\u00e1r egy \u00fcdv\u00f6zl\u0151 sz\u00f6veg is felker\u00fclhet.\n\nH\u00e1zavat\u00f3ra, k\u00f6lt\u00f6z\u00e9sre, n\u00e9vnapra, sz\u00fclet\u00e9snapra is keresett aj\u00e1nd\u00e9k, mert szem\u00e9lyre szabott \u00e9s \u00e9vtizedekig megb\u00edzhat\u00f3an szolg\u00e1l.\n\nHa mot\u00edvumot is szeretn\u00e9l a nagy fel\u00fcleten, n\u00e9zd meg az egyedi mot\u00edvumos h\u00e1zsz\u00e1mt\u00e1bl\u00e1nkat, ahol saj\u00e1t grafik\u00e1t, log\u00f3t vagy \u00e1llatmot\u00edvumot is k\u00e9rhetsz. Az eleg\u00e1ns vintage st\u00edlus\u00fa v\u00e1ltozatunk d\u00edszes keretez\u00e9ssel k\u00edn\u00e1l hasonl\u00f3an nagy fel\u00fcletet. A boltban el\u00e9rhet\u0151 kuty\u00e1s (mopsz, tacsk\u00f3, golden retriever, n\u00e9met juh\u00e1sz, corgi), cic\u00e1s, madaras \u00e9s haj\u00f3s v\u00e1ltozatok k\u00e9sz mot\u00edvumokkal v\u00e1rnak. Az \u00f6n\u00e1ll\u00f3 sz\u00e1mjegyeink a postal\u00e1d\u00e1ra ragasztva t\u00f6k\u00e9letesen kieg\u00e9sz\u00edtik ezt a t\u00e1bl\u00e1t, egys\u00e9ges megjelen\u00e9st adva a teljes bej\u00e1ratnak.\n\nMinden term\u00e9k\u00fcnket egyedileg, rendel\u00e9sre k\u00e9sz\u00edtj\u00fck. K\u00e9rd\u00e9sed van? \u00cdrj b\u00e1tran, gyorsan v\u00e1laszolunk. N\u00e9zd meg a t\u00f6bbi term\u00e9k\u00fcnket is, h\u00e1tha tal\u00e1lsz m\u00e9g valamit, ami tetszik.","price":"5490.00","unit":"db","recommended":"0","status":"1","sponsored":"0","exp_notify":"0","own_material":"0","own_material_description_old":null,"own_material_description":"","jury":"0","jury_number":"","product_nature":"","meskaracsony":"0","create_date":"2026-03-29 10:50:16","shelve_id":"79630","image":"darimi_product_702579_251130083522_07388.jpeg","image_width":"480","image_height":"483","image_alt":"Egyedi nagy t\u00e9glalap h\u00e1zsz\u00e1mt\u00e1bla 20x16-t\u00f3l 35x28 cm-ig - k\u00fclt\u00e9ri ASA, t\u00f6bb soros felirat, Egyedi nagy t\u00e9glalap h\u00e1zsz\u00e1mt\u00e1bla, amely a sz\u00e9lesebb, szinte n\u00e9gyzetes form\u00e1j\u00e1val b\u0151s\u00e9ges helyet ad ..., Meska","image_title":"Egyedi nagy t\u00e9glalap h\u00e1zsz\u00e1mt\u00e1bla 20x16-t\u00f3l 35x28 cm-ig - k\u00fclt\u00e9ri ASA, t\u00f6bb soros felirat, Meska","view_count":"220","favourite_count":"0","trending_score":"0","last2MonthFavouriteCount":"0","promotion":"0","giftcard_accept":"0","creditcard_accept":true,"enhanced_background":"0","domain":"meska","specific_customer_id":null,"specific_customer_name":null,"to_order_product":"1","to_order_product_time":"1","product_different":null,"product_different_description":"","vintage":"0","vintage_category_id":"0","recycled":"0","gemstone_id":"0","customizable":"1","type_category":"physical","zerowaste":"0","postage_price":"1349.00","shop_order":"0","has_category":"1","landing_pages":null,"microdata":{"number":34,"category":""},"title":"Egyedi nagy t\u00e9glalap h\u00e1zsz\u00e1mt\u00e1bla 20x16-t\u00f3l 35x28 cm-ig - k\u00fclt\u00e9ri ASA, t\u00f6bb soros felirat","description":"Egyedi nagy t\u00e9glalap h\u00e1zsz\u00e1mt\u00e1bla, amely a sz\u00e9lesebb, szinte n\u00e9gyzetes form\u00e1j\u00e1val b\u0151s\u00e9ges helyet ad t\u00f6bbsoros feliratnak, nagyobb bet\u0171knek vagy ak\u00e1r d\u00edsz\u00edt\u0151 elemeknek. Ha a hagyom\u00e1nyos keskeny t\u00e1bla kev\u00e9s a c\u00e9ljaidhoz, \u00e9s komolyabb fel\u00fcletet szeretn\u00e9l a bej\u00e1ratn\u00e1l, ez a v\u00e1ltozat pontosan erre k\u00e9sz\u00fclt. A nagy t\u00e9glalap form\u00e1tum a legt\u00f6bb inform\u00e1ci\u00f3t \u00e9s a legimpoz\u00e1nsabb megjelen\u00e9st k\u00edn\u00e1lja a h\u00e1zsz\u00e1mt\u00e1bl\u00e1ink k\u00f6z\u00fcl.\n\nM\u00c9RETEK\n\nN\u00e9gy m\u00e9ret k\u00f6z\u00fcl v\u00e1laszthatsz:\n- 20x16 cm\n- 25x20 cm\n- 30x24 cm\n- 35x28 cm\n\nM\u00e1r a legkisebb m\u00e9ret is jelent\u0151sen nagyobb fel\u00fcletet ad, mint egy szok\u00e1sos fekv\u0151 h\u00e1zsz\u00e1mt\u00e1bla, a 35x28 cm-es v\u00e1ltozat pedig igaz\u00e1n tekint\u00e9lyes: ezen ak\u00e1r h\u00e1zsz\u00e1m, utcan\u00e9v, csal\u00e1dn\u00e9v \u00e9s kieg\u00e9sz\u00edt\u0151 sor is k\u00e9nyelmesen elf\u00e9r, j\u00f3l olvashat\u00f3 bet\u0171m\u00e9rettel. Az ar\u00e1ny k\u00f6zel 4:5, ami vizu\u00e1lisan kiegyens\u00falyozott, harmonikus megjelen\u00e9st ad, \u00e9s a falon sem hat sem t\u00fal sz\u00e9lesnek, sem t\u00fal magasnak.\n\nA vastags\u00e1g 1.6 mm-t\u0151l ak\u00e1r 8 mm-ig \u00e1ll\u00edthat\u00f3, ami a legsz\u00e9lesebb v\u00e1laszt\u00e9k a h\u00e1zsz\u00e1mt\u00e1bl\u00e1ink k\u00f6z\u00f6tt:\n- A 8 mm-es vastags\u00e1g komoly, massz\u00edv darabot eredm\u00e9nyez, amely m\u00e1r-m\u00e1r t\u00e1blaszer\u0171 megjelen\u00e9st k\u00f6lcs\u00f6n\u00f6z \u00e9s k\u00e9zbe v\u00e9ve is tekint\u00e9lyes s\u00falyt ad\n- Nagyobb m\u00e9retekhez (30x24, 35x28) \u00e9rdemes legal\u00e1bb 2.5-3 mm-es vastags\u00e1got v\u00e1lasztani a megfelel\u0151 merevs\u00e9g \u00e9rdek\u00e9ben\n- A 4-5 mm robusztus, hat\u00e1rozott megjelen\u00e9st ny\u00fajt, a 6-8 mm pedig igaz\u00e1n massz\u00edv, pr\u00e9mium hat\u00e1st kelt\n- Kisebb m\u00e9retekhez a 2 mm is b\u0151ven elegend\u0151\n\nSZ\u00cdNEK\n\nT\u00edz RAL ipari sz\u00edn \u00e1ll rendelkez\u00e9sre, ami a legnagyobb sz\u00ednv\u00e1laszt\u00e9k a h\u00e1zsz\u00e1mt\u00e1bl\u00e1ink k\u00f6z\u00f6tt. Szinte b\u00e1rmilyen homlokzatsz\u00ednhez tal\u00e1lsz passzol\u00f3 kombin\u00e1ci\u00f3t, legyen az vil\u00e1gos vakolat, s\u00f6t\u00e9t t\u00e9gla vagy sz\u00fcrke beton. Ha m\u00e9gis egyedi \u00e1rnyalatra van sz\u00fcks\u00e9ged, azt is k\u00e9rheted.\n\nAz ASA anyag teljes t\u00f6meg\u00e9ben sz\u00ednes - nem festett r\u00e9teg, hanem v\u00e9gig azonos sz\u00edn, ami kop\u00e1snak, karcol\u00e1snak is ellen\u00e1ll. A Prusa XL 5T nyomtat\u00f3val ak\u00e1r 5 sz\u00edn ker\u00fclhet egyetlen t\u00e1bl\u00e1ra fest\u00e9s n\u00e9lk\u00fcl: sz\u00ednes keret, kontrasztos h\u00e1tt\u00e9r, elt\u00e9r\u0151 sz\u00edn\u0171 bet\u0171sorok - a nagy fel\u00fcleten a sz\u00ednkombin\u00e1ci\u00f3k igaz\u00e1n \u00e9rv\u00e9nyes\u00fclnek \u00e9s l\u00e1tv\u00e1nyos v\u00e9geredm\u00e9nyt adnak.\n\nANYAG\n\nAz ASA anyag k\u00fclt\u00e9ri haszn\u00e1latra fejlesztett: UV-\u00e1ll\u00f3, es\u0151\u00e1ll\u00f3, fagy\u00e1ll\u00f3, -30 fokt\u00f3l +80 fokig tartja form\u00e1j\u00e1t \u00e9s sz\u00edn\u00e9t. Legal\u00e1bb 10 \u00e9vig megb\u00edzhat\u00f3an szolg\u00e1l k\u00fclt\u00e9ren, nem s\u00e1rgul, nem reped, nem vetemedik. A szat\u00e9n fel\u00fclet kellemes tapint\u00e1s\u00fa, k\u00f6nnyen let\u00f6r\u00f6lhet\u0151, \u00e9s nem t\u00fckr\u00f6zi vissza a napf\u00e9nyt, \u00edgy a felirat minden sz\u00f6gb\u0151l \u00e9s f\u00e9nyviszonyban j\u00f3l olvashat\u00f3 marad.\n\nR\u00d6GZ\u00cdT\u00c9S\n\nA t\u00e1bla s\u00edk fel\u00fclet\u0171, nem dombor\u00fa. R\u00f6gz\u00edt\u00e9shez k\u00fclt\u00e9ri \u00e9p\u00edt\u00e9si ragaszt\u00f3t javaslunk (pl. Pattex One For All): a h\u00e1tlapra felkenve, falhoz nyomva egyszer\u0171en \u00e9s tiszt\u00e1n felhelyezhet\u0151.\n\nA nagyobb m\u00e9ret\u0171 t\u00e1bl\u00e1kn\u00e1l \u00e9rdemes t\u00f6bb pontban is ragasztani a biztons\u00e1gos tart\u00e1s \u00e9rdek\u00e9ben, k\u00fcl\u00f6n\u00f6sen a sarkokat \u00e9s a k\u00f6zep\u00e9t lefedve. Ha csavaros r\u00f6gz\u00edt\u00e9st szeretn\u00e9l, furatokat is k\u00e9rhetsz - jelezd rendel\u00e9skor, h\u00e1ny lyukat \u00e9s milyen elrendez\u00e9sben szeretn\u00e9d.\n\nRENDEL\u00c9S\n\nRendel\u00e9skor add meg a pontos sz\u00f6veget (h\u00e1zsz\u00e1m, utcan\u00e9v, csal\u00e1dn\u00e9v, egy\u00e9b sorok), a k\u00edv\u00e1nt m\u00e9retet, vastags\u00e1got \u00e9s sz\u00ednkombin\u00e1ci\u00f3t. A sz\u00f6veg elrendez\u00e9s\u00e9t a t\u00e1bla ar\u00e1nyaihoz igaz\u00edtjuk, a fontosabb inform\u00e1ci\u00f3kat (h\u00e1zsz\u00e1m) nagyobb, hangs\u00falyosabb bet\u0171m\u00e9rettel emelj\u00fck ki.\n\nMIRE J\u00d3?\n\nA nagy t\u00e9glalap h\u00e1zsz\u00e1mt\u00e1bla n\u00e9pszer\u0171 v\u00e1laszt\u00e1s olyan csal\u00e1di h\u00e1zakn\u00e1l, ahol a bej\u00e1rat t\u00e1gas, \u00e9s egy komolyabb m\u00e9ret\u0171 t\u00e1bla nem hat ar\u00e1nytalanul. H\u00e9tv\u00e9gi h\u00e1zakhoz, tany\u00e1khoz, panzi\u00f3 vagy vend\u00e9gh\u00e1z bej\u00e1rat\u00e1hoz is gyakran rendelik, mert a t\u00f6bb soros felirat lehet\u0151s\u00e9ge itt k\u00fcl\u00f6n\u00f6sen hasznos - az \u00e9p\u00fclet neve, a c\u00edm \u00e9s ak\u00e1r egy \u00fcdv\u00f6zl\u0151 sz\u00f6veg is felker\u00fclhet.\n\nH\u00e1zavat\u00f3ra, k\u00f6lt\u00f6z\u00e9sre, n\u00e9vnapra, sz\u00fclet\u00e9snapra is keresett aj\u00e1nd\u00e9k, mert szem\u00e9lyre szabott \u00e9s \u00e9vtizedekig megb\u00edzhat\u00f3an szolg\u00e1l.\n\nHa mot\u00edvumot is szeretn\u00e9l a nagy fel\u00fcleten, n\u00e9zd meg az egyedi mot\u00edvumos h\u00e1zsz\u00e1mt\u00e1bl\u00e1nkat, ahol saj\u00e1t grafik\u00e1t, log\u00f3t vagy \u00e1llatmot\u00edvumot is k\u00e9rhetsz. Az eleg\u00e1ns vintage st\u00edlus\u00fa v\u00e1ltozatunk d\u00edszes keretez\u00e9ssel k\u00edn\u00e1l hasonl\u00f3an nagy fel\u00fcletet. A boltban el\u00e9rhet\u0151 kuty\u00e1s (mopsz, tacsk\u00f3, golden retriever, n\u00e9met juh\u00e1sz, corgi), cic\u00e1s, madaras \u00e9s haj\u00f3s v\u00e1ltozatok k\u00e9sz mot\u00edvumokkal v\u00e1rnak. Az \u00f6n\u00e1ll\u00f3 sz\u00e1mjegyeink a postal\u00e1d\u00e1ra ragasztva t\u00f6k\u00e9letesen kieg\u00e9sz\u00edtik ezt a t\u00e1bl\u00e1t, egys\u00e9ges megjelen\u00e9st adva a teljes bej\u00e1ratnak.\n\nMinden term\u00e9k\u00fcnket egyedileg, rendel\u00e9sre k\u00e9sz\u00edtj\u00fck. K\u00e9rd\u00e9sed van? \u00cdrj b\u00e1tran, gyorsan v\u00e1laszolunk. N\u00e9zd meg a t\u00f6bbi term\u00e9k\u00fcnket is, h\u00e1tha tal\u00e1lsz m\u00e9g valamit, ami tetszik.","score":0,"formatted_price":"5 490 Ft","image_url":"https:\/\/www.meska.hu\/img\/product\/small\/d\/a\/darimi_product_702579_251130083522_07388.jpeg","formatted_url":"https:\/\/www.meska.hu\/p5678241-egyedi-hazszamtabla-3d-nyomtatott-idojarasallo-asa","favourite":false,"in_stock":false,"avatar":"702579_avatar_1739694015.jpeg","delete_from":0,"is_enhanced_background":false,"is_enhanced":false,"product_selection_started":false,"is_active":true,"image_webp_url":"https:\/\/www.meska.hu\/img\/product\/small\/d\/a\/darimi_product_702579_251130083522_07388.webp"},{"id":"3470946","shop_id":"12524","user_id":"54127","shop_name":"Kiokumitsu","shop_zip":"1155","product_code":"2247236","product_name_old":null,"product_name":"H\u00e1zsz\u00e1mt\u00e1bla - fels\u0151\u00edves","category_string":"Otthon & \u00c9letm\u00f3d, H\u00e1z & Kert, H\u00e1zsz\u00e1m","technic_string":"Fot\u00f3, grafika, rajz, illusztr\u00e1ci\u00f3, Mindenm\u00e1s","category_1":"813","category_2":"897","category_3":"431","category_4":"0","merged_category_1":"0","merged_category_2":"0","merged_category_3":"0","technic_1":"483","technic_2":"493","technic_3":"0","color_1":"519","color_2":"520","color_3":"568","product_description_old":null,"product_description":"A h\u00e1zsz\u00e1mt\u00e1bla utal az utca elnevez\u00e9s\u00e9re. Vagyis a Berlin  h\u00e1zsz\u00e1mt\u00e1bla berlini l\u00e1tk\u00e9pet \u00e1br\u00e1zol az utcaelnevez\u00e9s mellett. Amennyiben az utca neve olyan, hogy nem lehet szeml\u00e9ltetni hasonl\u00f3 k\u00e9pet, v\u00e1laszthat\u00f3 b\u00e1rmilyen k\u00e9p \u00e9s\/vagy h\u00e1tt\u00e9r hozz\u00e1! \nA megjegyz\u00e9s rovatban tudja majd megadni a t\u00e1bl\u00e1ra fel\u00edrand\u00f3 sz\u00f6veget.\n\n\nAlapm\u00e9ret: 25 x 16 cm, de rendelhet\u0151 nagyobb v\u00e1ltozat is.\n\nA t\u00e1bla anyaga: Ongrofoam, egy speci\u00e1lis UV \u00e1ll\u00f3 m\u0171anyag, Id\u0151j\u00e1r\u00e1s\u00e1ll\u00f3.\n\nK\u00e9rem olvassal el az \u00e1ltal\u00e1nos szerz\u0151d\u00e9si felt\u00e9teleket (\u00c1SZF), melyet a term\u00e9k megv\u00e1s\u00e1rl\u00e1val \u00f6n elfogadott.\n","price":"4990.00","unit":"db","recommended":"0","status":"1","sponsored":"0","exp_notify":"0","own_material":"0","own_material_description_old":null,"own_material_description":"","jury":"0","jury_number":"","product_nature":"","meskaracsony":"0","create_date":"2026-03-28 08:40:18","shelve_id":"44100","image":"kiokumitsu_product_54127_150831120542_709249.jpeg","image_width":"480","image_height":"480","image_alt":"H\u00e1zsz\u00e1mt\u00e1bla - fels\u0151\u00edves, A h\u00e1zsz\u00e1mt\u00e1bla utal az utca elnevez\u00e9s\u00e9re. Vagyis a Berlin  h\u00e1zsz\u00e1mt\u00e1bla berlini l\u00e1tk\u00e9pet \u00e1br\u00e1zol az ..., Meska","image_title":"H\u00e1zsz\u00e1mt\u00e1bla - fels\u0151\u00edves, Meska","view_count":"2594","favourite_count":"0","trending_score":"0","last2MonthFavouriteCount":"0","promotion":"0","giftcard_accept":"1","creditcard_accept":true,"enhanced_background":"0","domain":"meska","specific_customer_id":null,"specific_customer_name":null,"to_order_product":"1","to_order_product_time":"12","product_different":"different","product_different_description":"A k\u00e9perny\u0151n l\u00e1that\u00f3 sz\u00ednek felbont\u00e1sa \u00e9s a nyomdai sz\u00ednek felbont\u00e1sa kis m\u00e9rt\u00e9kben elt\u00e9rhet!","vintage":"0","vintage_category_id":"0","recycled":"0","gemstone_id":"0","customizable":"0","type_category":"physical","zerowaste":"0","postage_price":"2390.00","shop_order":"0","has_category":"1","landing_pages":null,"microdata":{"number":35,"category":""},"title":"H\u00e1zsz\u00e1mt\u00e1bla - fels\u0151\u00edves","description":"A h\u00e1zsz\u00e1mt\u00e1bla utal az utca elnevez\u00e9s\u00e9re. Vagyis a Berlin  h\u00e1zsz\u00e1mt\u00e1bla berlini l\u00e1tk\u00e9pet \u00e1br\u00e1zol az utcaelnevez\u00e9s mellett. Amennyiben az utca neve olyan, hogy nem lehet szeml\u00e9ltetni hasonl\u00f3 k\u00e9pet, v\u00e1laszthat\u00f3 b\u00e1rmilyen k\u00e9p \u00e9s\/vagy h\u00e1tt\u00e9r hozz\u00e1! \nA megjegyz\u00e9s rovatban tudja majd megadni a t\u00e1bl\u00e1ra fel\u00edrand\u00f3 sz\u00f6veget.\n\n\nAlapm\u00e9ret: 25 x 16 cm, de rendelhet\u0151 nagyobb v\u00e1ltozat is.\n\nA t\u00e1bla anyaga: Ongrofoam, egy speci\u00e1lis UV \u00e1ll\u00f3 m\u0171anyag, Id\u0151j\u00e1r\u00e1s\u00e1ll\u00f3.\n\nK\u00e9rem olvassal el az \u00e1ltal\u00e1nos szerz\u0151d\u00e9si felt\u00e9teleket (\u00c1SZF), melyet a term\u00e9k megv\u00e1s\u00e1rl\u00e1val \u00f6n elfogadott.\n","score":0,"formatted_price":"4 990 Ft","image_url":"https:\/\/www.meska.hu\/img\/product\/small\/k\/i\/kiokumitsu_product_54127_150831120542_709249.jpeg","formatted_url":"https:\/\/www.meska.hu\/p2247236-hazszamtabla-felsoives","favourite":false,"in_stock":false,"avatar":"Kiokumitsu_avatar_54127_1676920383.jpg","delete_from":0,"is_enhanced_background":false,"is_enhanced":false,"product_selection_started":false,"is_active":true,"image_webp_url":"https:\/\/www.meska.hu\/img\/product\/small\/k\/i\/kiokumitsu_product_54127_150831120542_709249.webp"},{"id":"5866048","shop_id":"47945","user_id":"702579","shop_name":"Darimi","shop_zip":"2030","product_code":"5591698","product_name_old":null,"product_name":"Magyar n\u00e9pmese ihlette egyedi h\u00e1zsz\u00e1mt\u00e1bla \u2013 3D nyomtatott, id\u0151j\u00e1r\u00e1s\u00e1ll\u00f3 ASA.","category_string":"Otthon & \u00c9letm\u00f3d, H\u00e1z & Kert, H\u00e1zsz\u00e1m","technic_string":"Mindenm\u00e1s","category_1":"813","category_2":"897","category_3":"431","category_4":"0","merged_category_1":null,"merged_category_2":null,"merged_category_3":null,"technic_1":"493","technic_2":"0","technic_3":"0","color_1":"519","color_2":"520","color_3":"527","product_description_old":null,"product_description":"A bor\u00edt\u00f3k\u00e9p csak illusztr\u00e1ci\u00f3!\n\nEgyedi tervez\u00e9s napon bel\u00fcl\n- Minden h\u00e1zsz\u00e1mt\u00e1bla egyedileg k\u00e9sz\u00fcl, m\u00e9retre \u00e9s ig\u00e9ny szerint tervezve. A rendel\u00e9s ut\u00e1n n\u00e9h\u00e1ny \u00f3r\u00e1n bel\u00fcl k\u00fcld\u00f6m az els\u0151 tervet.\n\n- Hogyan t\u00f6rt\u00e9nik?\nRendel\u00e9s lead\u00e1sakor a megjegyz\u00e9sbe \u00edrd a k\u00f6zter\u00fclet nev\u00e9t \u00e9s a h\u00e1zsz\u00e1mot.\nEl\u0151n\u00e9zeti tervet k\u00fcld\u00f6k, ha kell m\u00f3dos\u00edtunk.\nUt\u00e1na indul a 3D nyomtat\u00e1s.\nElk\u00e9sz\u00fclt darabr\u00f3l m\u00e9rc\u00e9s fot\u00f3t k\u00fcld\u00f6k.\nAj\u00e1nd\u00e9k narancsh\u00e1moz\u00f3 gy\u0171r\u0171vel post\u00e1zom gondosan csomagolva.\n\n2 mm vastag is t\u00f6k\u00e9letes, rendel\u00e9seink 90%-a ilyen. Nem nyegle!\n\nEgyedi m\u00e9ret is megoldhat\u00f3, ak\u00e1r mm pontoss\u00e1ggal.\n\n- Tart\u00f3s ASA anyag k\u00fclt\u00e9ri haszn\u00e1latra\nA h\u00e1zsz\u00e1mt\u00e1bl\u00e1k ASA (akrilonitril-sztirol-akril\u00e1t) m\u0171anyagb\u00f3l k\u00e9sz\u00fclnek, mely:\nUV-\u00e1ll\u00f3: nem s\u00e1rgul, nem fakul\nV\u00edz\u00e1ll\u00f3: ellen\u00e1ll es\u0151nek, h\u00f3nak\nId\u0151j\u00e1r\u00e1s\u00e1ll\u00f3: -30\u00b0C-t\u00f3l +80\u00b0C-ig nem vetemedik\nJobb, mint PLA, PETG vagy ABS k\u00fclt\u00e9ri felhaszn\u00e1l\u00e1sra\nNem grav\u00edrozva, nem festve!\n\nR\u00f6gz\u00edt\u00e9s egyszer\u0171en:\n- Ragaszthat\u00f3 sima falfel\u00fcletre (k\u00e9toldalas vagy foly\u00e9kony k\u00fclt\u00e9ri ragaszt\u00f3val)\n- F\u00farhat\u00f3, vagy lyukakkal is k\u00e9rhet\u0151 csavaros r\u00f6gz\u00edt\u00e9shez\n\nEl\u0151z\u0151 egyedi rendel\u00e9sekb\u0151l fot\u00f3kat is sz\u00edvesen k\u00fcld\u00f6k \u2013 m\u00e9g nem k\u00e9sz\u00fclt k\u00e9t egyforma!\n\nGy\u00e1rt\u00e1s \u00e9s sz\u00e1ll\u00edt\u00e1s p\u00e1r munkanapon bel\u00fcl\nA nyomtat\u00e1s Prusa XL g\u00e9ppel, sima satin fel\u00fclet\u0171 lapon t\u00f6rt\u00e9nik a pr\u00e9mium megjelen\u00e9s \u00e9rdek\u00e9ben.","price":"10990.00","unit":"db","recommended":"0","status":"1","sponsored":"0","exp_notify":"0","own_material":"0","own_material_description_old":null,"own_material_description":"","jury":"0","jury_number":"","product_nature":"","meskaracsony":"0","create_date":"2026-03-26 18:48:30","shelve_id":"79630","image":"darimi_product_702579_250719221355_457968.png","image_width":"480","image_height":"720","image_alt":"Magyar n\u00e9pmese ihlette egyedi h\u00e1zsz\u00e1mt\u00e1bla \u2013 3D nyomtatott, id\u0151j\u00e1r\u00e1s\u00e1ll\u00f3 ASA., A bor\u00edt\u00f3k\u00e9p csak illusztr\u00e1ci\u00f3!\\n\\nEgyedi tervez\u00e9s napon bel\u00fcl\\n- Minden h\u00e1zsz\u00e1mt\u00e1bla egyedileg k\u00e9sz\u00fcl, ..., Meska","image_title":"Magyar n\u00e9pmese ihlette egyedi h\u00e1zsz\u00e1mt\u00e1bla \u2013 3D nyomtatott, id\u0151j\u00e1r\u00e1s\u00e1ll\u00f3 ASA., Meska","view_count":"3953","favourite_count":"1","trending_score":"0","last2MonthFavouriteCount":"0","promotion":"0","giftcard_accept":"0","creditcard_accept":true,"enhanced_background":"0","domain":"meska","specific_customer_id":null,"specific_customer_name":null,"to_order_product":"1","to_order_product_time":"1","product_different":null,"product_different_description":"","vintage":"0","vintage_category_id":"0","recycled":"0","gemstone_id":"0","customizable":"1","type_category":"physical","zerowaste":"0","postage_price":"1349.00","shop_order":"0","has_category":"1","landing_pages":null,"microdata":{"number":36,"category":""},"title":"Magyar n\u00e9pmese ihlette egyedi h\u00e1zsz\u00e1mt\u00e1bla \u2013 3D nyomtatott, id\u0151j\u00e1r\u00e1s\u00e1ll\u00f3 ASA.","description":"A bor\u00edt\u00f3k\u00e9p csak illusztr\u00e1ci\u00f3!\n\nEgyedi tervez\u00e9s napon bel\u00fcl\n- Minden h\u00e1zsz\u00e1mt\u00e1bla egyedileg k\u00e9sz\u00fcl, m\u00e9retre \u00e9s ig\u00e9ny szerint tervezve. A rendel\u00e9s ut\u00e1n n\u00e9h\u00e1ny \u00f3r\u00e1n bel\u00fcl k\u00fcld\u00f6m az els\u0151 tervet.\n\n- Hogyan t\u00f6rt\u00e9nik?\nRendel\u00e9s lead\u00e1sakor a megjegyz\u00e9sbe \u00edrd a k\u00f6zter\u00fclet nev\u00e9t \u00e9s a h\u00e1zsz\u00e1mot.\nEl\u0151n\u00e9zeti tervet k\u00fcld\u00f6k, ha kell m\u00f3dos\u00edtunk.\nUt\u00e1na indul a 3D nyomtat\u00e1s.\nElk\u00e9sz\u00fclt darabr\u00f3l m\u00e9rc\u00e9s fot\u00f3t k\u00fcld\u00f6k.\nAj\u00e1nd\u00e9k narancsh\u00e1moz\u00f3 gy\u0171r\u0171vel post\u00e1zom gondosan csomagolva.\n\n2 mm vastag is t\u00f6k\u00e9letes, rendel\u00e9seink 90%-a ilyen. Nem nyegle!\n\nEgyedi m\u00e9ret is megoldhat\u00f3, ak\u00e1r mm pontoss\u00e1ggal.\n\n- Tart\u00f3s ASA anyag k\u00fclt\u00e9ri haszn\u00e1latra\nA h\u00e1zsz\u00e1mt\u00e1bl\u00e1k ASA (akrilonitril-sztirol-akril\u00e1t) m\u0171anyagb\u00f3l k\u00e9sz\u00fclnek, mely:\nUV-\u00e1ll\u00f3: nem s\u00e1rgul, nem fakul\nV\u00edz\u00e1ll\u00f3: ellen\u00e1ll es\u0151nek, h\u00f3nak\nId\u0151j\u00e1r\u00e1s\u00e1ll\u00f3: -30\u00b0C-t\u00f3l +80\u00b0C-ig nem vetemedik\nJobb, mint PLA, PETG vagy ABS k\u00fclt\u00e9ri felhaszn\u00e1l\u00e1sra\nNem grav\u00edrozva, nem festve!\n\nR\u00f6gz\u00edt\u00e9s egyszer\u0171en:\n- Ragaszthat\u00f3 sima falfel\u00fcletre (k\u00e9toldalas vagy foly\u00e9kony k\u00fclt\u00e9ri ragaszt\u00f3val)\n- F\u00farhat\u00f3, vagy lyukakkal is k\u00e9rhet\u0151 csavaros r\u00f6gz\u00edt\u00e9shez\n\nEl\u0151z\u0151 egyedi rendel\u00e9sekb\u0151l fot\u00f3kat is sz\u00edvesen k\u00fcld\u00f6k \u2013 m\u00e9g nem k\u00e9sz\u00fclt k\u00e9t egyforma!\n\nGy\u00e1rt\u00e1s \u00e9s sz\u00e1ll\u00edt\u00e1s p\u00e1r munkanapon bel\u00fcl\nA nyomtat\u00e1s Prusa XL g\u00e9ppel, sima satin fel\u00fclet\u0171 lapon t\u00f6rt\u00e9nik a pr\u00e9mium megjelen\u00e9s \u00e9rdek\u00e9ben.","score":0,"formatted_price":"10 990 Ft","image_url":"https:\/\/www.meska.hu\/img\/product\/small\/d\/a\/darimi_product_702579_250719221355_457968.png","formatted_url":"https:\/\/www.meska.hu\/p5591698-magyar-nepmese-ihlette-egyedi-hazszamtabla-3d-nyomtatott-idojarasallo-asa","favourite":false,"in_stock":false,"avatar":"702579_avatar_1739694015.jpeg","delete_from":0,"is_enhanced_background":false,"is_enhanced":false,"product_selection_started":false,"is_active":true,"image_webp_url":"https:\/\/www.meska.hu\/img\/product\/small\/d\/a\/darimi_product_702579_250719221355_457968.webp"},{"id":"6167936","shop_id":"47945","user_id":"702579","shop_name":"Darimi","shop_zip":"2030","product_code":"5764699","product_name_old":null,"product_name":"Egyedi vizsla h\u00e1zsz\u00e1mt\u00e1bla vizsl\u00e1s","category_string":"Otthon & \u00c9letm\u00f3d, H\u00e1z & Kert, H\u00e1zsz\u00e1m","technic_string":"Mindenm\u00e1s","category_1":"813","category_2":"897","category_3":"431","category_4":"0","merged_category_1":null,"merged_category_2":null,"merged_category_3":null,"technic_1":"493","technic_2":"0","technic_3":"0","color_1":"519","color_2":"520","color_3":"527","product_description_old":null,"product_description":"Egyedi tervez\u00e9s napon bel\u00fcl\n- Minden h\u00e1zsz\u00e1mt\u00e1bla egyedileg k\u00e9sz\u00fcl, m\u00e9retre \u00e9s ig\u00e9ny szerint tervezve. A rendel\u00e9s ut\u00e1n n\u00e9h\u00e1ny \u00f3r\u00e1n bel\u00fcl k\u00fcld\u00f6m az els\u0151 tervet.\n\nNem grav\u00edrozva, nem festve, k\u00e9t sz\u00ednnel nyomtatva!\n\n- Hogyan t\u00f6rt\u00e9nik?\nV\u00e1laszd ki a k\u00edv\u00e1nt alapsz\u00ednt \u00e9s m\u00e9retet, \u00e9s vastags\u00e1got.\nRendel\u00e9skor a megjegyz\u00e9sbe \u00edrd a k\u00f6zter\u00fclet nev\u00e9t, a h\u00e1zsz\u00e1mot, a k\u00f6zter\u00fclet sz\u00edn\u00e9t, valamint hogy a sz\u00e1m \u00e9s a sz\u00f6veg jobbra vagy k\u00f6z\u00e9pen legyen elrendezve.\nEl\u0151n\u00e9zeti tervet k\u00fcld\u00f6k, ha kell m\u00f3dos\u00edtunk.\nUt\u00e1na indul a 3D nyomtat\u00e1s.\nElk\u00e9sz\u00fclt darabr\u00f3l m\u00e9rc\u00e9s fot\u00f3t k\u00fcld\u00f6k.\nAj\u00e1nd\u00e9k narancsh\u00e1moz\u00f3 gy\u0171r\u0171vel post\u00e1zom gondosan csomagolva.\n\nEgyedi m\u00e9ret is megoldhat\u00f3.\n\nA h\u00e1zsz\u00e1mt\u00e1bl\u00e1k ASA (akrilonitril-sztirol-akril\u00e1t) m\u0171anyagb\u00f3l k\u00e9sz\u00fclnek, mely:\nUV-\u00e1ll\u00f3: nem s\u00e1rgul, nem fakul\nV\u00edz\u00e1ll\u00f3: ellen\u00e1ll es\u0151nek, h\u00f3nak\nId\u0151j\u00e1r\u00e1s\u00e1ll\u00f3: -30\u00b0C-t\u00f3l +80\u00b0C-ig nem vetemedik\nJobb, mint PLA, PETG vagy ABS k\u00fclt\u00e9ri felhaszn\u00e1l\u00e1sra\n\nIgyeksz\u00fcnk mindig RAL sz\u00ednk\u00f3ddal rendelkez\u0151 ASA-val dolgozni, mi nem vagyunk sz\u00ednszak\u00e9rt\u0151k :)\n\nR\u00f6gz\u00edt\u00e9s egyszer\u0171en:\n- Ragaszthat\u00f3 sima falfel\u00fcletre (k\u00e9toldalas vagy foly\u00e9kony k\u00fclt\u00e9ri ragaszt\u00f3val)\n- F\u00farhat\u00f3, vagy lyukakkal is k\u00e9rhet\u0151 csavaros r\u00f6gz\u00edt\u00e9shez.\n\nGy\u00e1rt\u00e1s \u00e9s sz\u00e1ll\u00edt\u00e1s p\u00e1r munkanapon bel\u00fcl\nA nyomtat\u00e1s Prusa XL 5T g\u00e9ppel, sima satin lapra t\u00f6rt\u00e9nik a pr\u00e9mium megjelen\u00e9s \u00e9rdek\u00e9ben.","price":"5490.00","unit":"db","recommended":"0","status":"1","sponsored":"0","exp_notify":"0","own_material":"0","own_material_description_old":null,"own_material_description":"","jury":"0","jury_number":"","product_nature":"","meskaracsony":"0","create_date":"2026-03-26 12:09:52","shelve_id":"79630","image":"darimi_product_702579_250920223357_803724.png","image_width":"480","image_height":"550","image_alt":"Egyedi vizsla h\u00e1zsz\u00e1mt\u00e1bla vizsl\u00e1s, Egyedi tervez\u00e9s napon bel\u00fcl\\n- Minden h\u00e1zsz\u00e1mt\u00e1bla egyedileg k\u00e9sz\u00fcl, m\u00e9retre \u00e9s ig\u00e9ny szerint tervezv..., Meska","image_title":"Egyedi vizsla h\u00e1zsz\u00e1mt\u00e1bla vizsl\u00e1s, Meska","view_count":"71","favourite_count":"0","trending_score":"0","last2MonthFavouriteCount":"0","promotion":"0","giftcard_accept":"0","creditcard_accept":true,"enhanced_background":"0","domain":"meska","specific_customer_id":null,"specific_customer_name":null,"to_order_product":"1","to_order_product_time":"1","product_different":null,"product_different_description":"","vintage":"0","vintage_category_id":"0","recycled":"0","gemstone_id":"0","customizable":"1","type_category":"physical","zerowaste":"0","postage_price":"1349.00","shop_order":"0","has_category":"1","landing_pages":null,"microdata":{"number":37,"category":""},"title":"Egyedi vizsla h\u00e1zsz\u00e1mt\u00e1bla vizsl\u00e1s","description":"Egyedi tervez\u00e9s napon bel\u00fcl\n- Minden h\u00e1zsz\u00e1mt\u00e1bla egyedileg k\u00e9sz\u00fcl, m\u00e9retre \u00e9s ig\u00e9ny szerint tervezve. A rendel\u00e9s ut\u00e1n n\u00e9h\u00e1ny \u00f3r\u00e1n bel\u00fcl k\u00fcld\u00f6m az els\u0151 tervet.\n\nNem grav\u00edrozva, nem festve, k\u00e9t sz\u00ednnel nyomtatva!\n\n- Hogyan t\u00f6rt\u00e9nik?\nV\u00e1laszd ki a k\u00edv\u00e1nt alapsz\u00ednt \u00e9s m\u00e9retet, \u00e9s vastags\u00e1got.\nRendel\u00e9skor a megjegyz\u00e9sbe \u00edrd a k\u00f6zter\u00fclet nev\u00e9t, a h\u00e1zsz\u00e1mot, a k\u00f6zter\u00fclet sz\u00edn\u00e9t, valamint hogy a sz\u00e1m \u00e9s a sz\u00f6veg jobbra vagy k\u00f6z\u00e9pen legyen elrendezve.\nEl\u0151n\u00e9zeti tervet k\u00fcld\u00f6k, ha kell m\u00f3dos\u00edtunk.\nUt\u00e1na indul a 3D nyomtat\u00e1s.\nElk\u00e9sz\u00fclt darabr\u00f3l m\u00e9rc\u00e9s fot\u00f3t k\u00fcld\u00f6k.\nAj\u00e1nd\u00e9k narancsh\u00e1moz\u00f3 gy\u0171r\u0171vel post\u00e1zom gondosan csomagolva.\n\nEgyedi m\u00e9ret is megoldhat\u00f3.\n\nA h\u00e1zsz\u00e1mt\u00e1bl\u00e1k ASA (akrilonitril-sztirol-akril\u00e1t) m\u0171anyagb\u00f3l k\u00e9sz\u00fclnek, mely:\nUV-\u00e1ll\u00f3: nem s\u00e1rgul, nem fakul\nV\u00edz\u00e1ll\u00f3: ellen\u00e1ll es\u0151nek, h\u00f3nak\nId\u0151j\u00e1r\u00e1s\u00e1ll\u00f3: -30\u00b0C-t\u00f3l +80\u00b0C-ig nem vetemedik\nJobb, mint PLA, PETG vagy ABS k\u00fclt\u00e9ri felhaszn\u00e1l\u00e1sra\n\nIgyeksz\u00fcnk mindig RAL sz\u00ednk\u00f3ddal rendelkez\u0151 ASA-val dolgozni, mi nem vagyunk sz\u00ednszak\u00e9rt\u0151k :)\n\nR\u00f6gz\u00edt\u00e9s egyszer\u0171en:\n- Ragaszthat\u00f3 sima falfel\u00fcletre (k\u00e9toldalas vagy foly\u00e9kony k\u00fclt\u00e9ri ragaszt\u00f3val)\n- F\u00farhat\u00f3, vagy lyukakkal is k\u00e9rhet\u0151 csavaros r\u00f6gz\u00edt\u00e9shez.\n\nGy\u00e1rt\u00e1s \u00e9s sz\u00e1ll\u00edt\u00e1s p\u00e1r munkanapon bel\u00fcl\nA nyomtat\u00e1s Prusa XL 5T g\u00e9ppel, sima satin lapra t\u00f6rt\u00e9nik a pr\u00e9mium megjelen\u00e9s \u00e9rdek\u00e9ben.","score":0,"formatted_price":"5 490 Ft","image_url":"https:\/\/www.meska.hu\/img\/product\/small\/d\/a\/darimi_product_702579_250920223357_803724.png","formatted_url":"https:\/\/www.meska.hu\/p5764699-egyedi-vizsla-hazszamtabla-vizslas","favourite":false,"in_stock":false,"avatar":"702579_avatar_1739694015.jpeg","delete_from":0,"is_enhanced_background":false,"is_enhanced":false,"product_selection_started":false,"is_active":true,"image_webp_url":"https:\/\/www.meska.hu\/img\/product\/small\/d\/a\/darimi_product_702579_250920223357_803724.webp"},{"id":"3481171","shop_id":"12524","user_id":"54127","shop_name":"Kiokumitsu","shop_zip":"1155","product_code":"2233819","product_name_old":null,"product_name":"H\u00e1zsz\u00e1mt\u00e1bla","category_string":"Otthon & \u00c9letm\u00f3d, H\u00e1z & Kert, H\u00e1zsz\u00e1m","technic_string":"Mindenm\u00e1s, Fot\u00f3, grafika, rajz, illusztr\u00e1ci\u00f3","category_1":"813","category_2":"897","category_3":"431","category_4":"0","merged_category_1":"0","merged_category_2":"0","merged_category_3":"0","technic_1":"493","technic_2":"483","technic_3":"0","color_1":"519","color_2":"568","color_3":"0","product_description_old":null,"product_description":"Klasszikus st\u00edlus\u00fa h\u00e1zsz\u00e1mt\u00e1bla. Narancs alapsz\u00ednnel, de b\u00e1rmilyen alapsz\u00ednnel k\u00e9rhet\u0151! \nSaj\u00e1t tervez\u00e9s\u0171 grafika. Saj\u00e1t kivitelez\u00e9s, bele\u00e9rtve a kiv\u00e1g\u00e1st is.\nA megjegyz\u00e9s rovatban tudja majd megadni a t\u00e1bl\u00e1ra fel\u00edrand\u00f3 sz\u00f6veget.\n\nM\u00e9rete: 25 x 20 cm, de k\u00e9rhet\u0151 nagyobb m\u00e9retben is.\n\nA t\u00e1bla anyaga: Ongrofoam, egy speci\u00e1lis UV \u00e1ll\u00f3 m\u0171anyag, Id\u0151j\u00e1r\u00e1s\u00e1ll\u00f3.\n\nK\u00e9rem olvassal el az \u00e1ltal\u00e1nos szerz\u0151d\u00e9si felt\u00e9teleket (\u00c1SZF), melyet a term\u00e9k megv\u00e1s\u00e1rl\u00e1val \u00f6n elfogadott.","price":"4190.00","unit":"db","recommended":"0","status":"1","sponsored":"0","exp_notify":"0","own_material":"0","own_material_description_old":null,"own_material_description":"","jury":"0","jury_number":"","product_nature":"","meskaracsony":"0","create_date":"2026-03-25 20:23:46","shelve_id":"44100","image":"kiokumitsu_product_54127_150823233423_882689.jpeg","image_width":"480","image_height":"480","image_alt":"H\u00e1zsz\u00e1mt\u00e1bla, Klasszikus st\u00edlus\u00fa h\u00e1zsz\u00e1mt\u00e1bla. Narancs alapsz\u00ednnel, de b\u00e1rmilyen alapsz\u00ednnel k\u00e9rhet\u0151! \\nSaj\u00e1t terve..., Meska","image_title":"H\u00e1zsz\u00e1mt\u00e1bla, Meska","view_count":"1336","favourite_count":"0","trending_score":"0","last2MonthFavouriteCount":"0","promotion":"0","giftcard_accept":"1","creditcard_accept":true,"enhanced_background":"0","domain":"meska","specific_customer_id":null,"specific_customer_name":null,"to_order_product":"1","to_order_product_time":"12","product_different":"different","product_different_description":"A k\u00e9perny\u0151n l\u00e1that\u00f3 sz\u00ednek felbont\u00e1sa \u00e9s a nyomdai sz\u00ednek felbont\u00e1sa kis m\u00e9rt\u00e9kben elt\u00e9rhet!","vintage":"0","vintage_category_id":"0","recycled":"0","gemstone_id":"0","customizable":"0","type_category":"physical","zerowaste":"0","postage_price":"2390.00","shop_order":"0","has_category":"1","landing_pages":null,"microdata":{"number":38,"category":""},"title":"H\u00e1zsz\u00e1mt\u00e1bla","description":"Klasszikus st\u00edlus\u00fa h\u00e1zsz\u00e1mt\u00e1bla. Narancs alapsz\u00ednnel, de b\u00e1rmilyen alapsz\u00ednnel k\u00e9rhet\u0151! \nSaj\u00e1t tervez\u00e9s\u0171 grafika. Saj\u00e1t kivitelez\u00e9s, bele\u00e9rtve a kiv\u00e1g\u00e1st is.\nA megjegyz\u00e9s rovatban tudja majd megadni a t\u00e1bl\u00e1ra fel\u00edrand\u00f3 sz\u00f6veget.\n\nM\u00e9rete: 25 x 20 cm, de k\u00e9rhet\u0151 nagyobb m\u00e9retben is.\n\nA t\u00e1bla anyaga: Ongrofoam, egy speci\u00e1lis UV \u00e1ll\u00f3 m\u0171anyag, Id\u0151j\u00e1r\u00e1s\u00e1ll\u00f3.\n\nK\u00e9rem olvassal el az \u00e1ltal\u00e1nos szerz\u0151d\u00e9si felt\u00e9teleket (\u00c1SZF), melyet a term\u00e9k megv\u00e1s\u00e1rl\u00e1val \u00f6n elfogadott.","score":0,"formatted_price":"4 190 Ft","image_url":"https:\/\/www.meska.hu\/img\/product\/small\/k\/i\/kiokumitsu_product_54127_150823233423_882689.jpeg","formatted_url":"https:\/\/www.meska.hu\/p2233819-hazszamtabla","favourite":false,"in_stock":false,"avatar":"Kiokumitsu_avatar_54127_1676920383.jpg","delete_from":0,"is_enhanced_background":false,"is_enhanced":false,"product_selection_started":false,"is_active":true,"image_webp_url":"https:\/\/www.meska.hu\/img\/product\/small\/k\/i\/kiokumitsu_product_54127_150823233423_882689.webp"},{"id":"6014733","shop_id":"47945","user_id":"702579","shop_name":"Darimi","shop_zip":"2030","product_code":"5681829","product_name_old":null,"product_name":"Pr\u00e9mium pillang\u00f3s h\u00e1zsz\u00e1mt\u00e1bla NAGY m\u00e9retben - lepk\u00e9s k\u00fclt\u00e9ri h\u00e1zsz\u00e1m L, XL, XXL, UV-\u00e1ll\u00f3 ASA","category_string":"Otthon & \u00c9letm\u00f3d, H\u00e1z & Kert, H\u00e1zsz\u00e1m","technic_string":"Mindenm\u00e1s","category_1":"813","category_2":"897","category_3":"431","category_4":"0","merged_category_1":null,"merged_category_2":null,"merged_category_3":null,"technic_1":"493","technic_2":"0","technic_3":"0","color_1":"519","color_2":"520","color_3":"527","product_description_old":null,"product_description":"Nagy m\u00e9ret\u0171, pr\u00e9mium kivitel\u0171 pillang\u00f3s h\u00e1zsz\u00e1mt\u00e1bla, amely a boltunk legimpoz\u00e1nsabb darabja. Ha a bej\u00e1ratodnak igaz\u00e1n l\u00e1tv\u00e1nyos, felt\u0171n\u0151 \u00e9s n\u0151ies h\u00e1zsz\u00e1mt\u00e1bl\u00e1t keresel, ez a pr\u00e9mium pillang\u00f3s verzi\u00f3 az, amit \u00e9rdemes v\u00e1lasztanod. A standard pillang\u00f3s t\u00e1bl\u00e1nk n\u00e9pszer\u0171s\u00e9ge miatt k\u00e9sz\u00fclt el ez a nagyobb, r\u00e9szletgazdagabb v\u00e1ltozat, amely L, XL \u00e9s XXL m\u00e9retben \u00e9rhet\u0151 el.\n\nM\u00c9RETEK\n\nV\u00e1laszthat\u00f3 m\u00e9retek:\n- L: 35 cm (alap\u00e1r: 11 900 Ft)\n- XL: 40 cm\n- XXL: 45 cm\n\nEzek a m\u00e9retek messze t\u00falmutatnak a szok\u00e1sos h\u00e1zsz\u00e1mt\u00e1bl\u00e1kon. Egy 45 cm-es t\u00e1bla m\u00e1r a bej\u00e1rat meghat\u00e1roz\u00f3 d\u00edsz\u00edt\u0151eleme, amely messzir\u0151l felkelti a figyelmet \u00e9s val\u00f3di dekor\u00e1ci\u00f3, nem csup\u00e1n jelz\u00e9s.\n\nA vastags\u00e1g 1,6 mm-t\u0151l 3 mm-ig \u00e1ll\u00edthat\u00f3: 1,6 mm, 2 mm, 2,5 mm \u00e9s 3 mm opci\u00f3k \u00e1llnak rendelkez\u00e9sre. A pr\u00e9mium m\u00e9retekhez a 2 mm feletti vastags\u00e1got javasoljuk a massz\u00edv, ig\u00e9nyes megjelen\u00e9s \u00e9rdek\u00e9ben.\n\nSZ\u00cdNEK\n\nA sz\u00edn RAL ipari sz\u00ednrendszer\u0171, teh\u00e1t a sz\u00edn az anyag teljes vastags\u00e1g\u00e1ban v\u00e9gigmegy, nem festett r\u00e9teg. Nem kopik le, nem pattogzik. Prusa XL 5T nyomtat\u00f3val ak\u00e1r 5 k\u00fcl\u00f6nb\u00f6z\u0151 sz\u00ednben k\u00e9sz\u00fcl fest\u00e9s n\u00e9lk\u00fcl.\n\nANYAG\n\nA t\u00e1bla ASA ipari m\u0171anyagb\u00f3l k\u00e9sz\u00fcl, amely k\u00fclt\u00e9ri tart\u00f3s haszn\u00e1latra fejlesztett anyag. Id\u0151j\u00e1r\u00e1s\u00e1ll\u00f3: -30 fokt\u00f3l +80 fokig megb\u00edzhat\u00f3an helyt\u00e1ll. UV-\u00e1ll\u00f3, es\u0151\u00e1ll\u00f3 \u00e9s fagy\u00e1ll\u00f3, eg\u00e9sz \u00e9vben kint maradhat a falon, ker\u00edt\u00e9sen vagy kapun. Nem fakul, nem s\u00e1rgul, nem reped. A k\u00fclt\u00e9ri \u00e9lettartam meghaladja a 10 \u00e9vet.\n\nA szat\u00e9n fel\u00fclet\u0171, s\u00edk kivitel\u0171 t\u00e1bla nem dombor\u00fa: egyenletes, eszt\u00e9tikus lapos fel\u00fcletet kapsz, amely a falhoz simulva mutat.\n\nR\u00d6GZ\u00cdT\u00c9S\n\nK\u00fclt\u00e9ri \u00e9p\u00edt\u00e9si ragaszt\u00f3val a legegyszer\u0171bb felhelyezni a falra, kapura vagy ker\u00edt\u00e9sre. A nagyobb m\u00e9retekn\u00e9l \u00e9rdemes t\u00f6bb ponton ragasztani a biztos tart\u00e1s \u00e9rdek\u00e9ben. Ha furatokat szeretn\u00e9l, rendel\u00e9sn\u00e9l jelezd, \u00e9s elk\u00e9sz\u00edtj\u00fck.\n\nRENDEL\u00c9S\n\nRendel\u00e9skor add meg a k\u00edv\u00e1nt h\u00e1zsz\u00e1mot vagy utcanevet, v\u00e1laszd ki a m\u00e9retet, vastags\u00e1got \u00e9s sz\u00ednt. B\u00e1rmilyen egyedi k\u00e9r\u00e9st sz\u00edvesen fogadunk.\n\nMIRE J\u00d3?\n\nA pillang\u00f3s mot\u00edvum r\u00e9szletgazdag, n\u0151ies, term\u00e9szetk\u00f6zeli hangulatot sug\u00e1roz. A nagy m\u00e9retnek k\u00f6sz\u00f6nhet\u0151en a lepk\u00e9k finomabb r\u00e9szletei is sz\u00e9pen kirajzol\u00f3dnak, ami a kisebb t\u00e1bl\u00e1kon nem mindig \u00e9rv\u00e9nyes\u00fcl. K\u00fcl\u00f6n\u00f6sen kertes h\u00e1zakhoz, vid\u00e9ki otthonokhoz, vend\u00e9gh\u00e1zakhoz, sz\u00e1ll\u00e1shelyekhez illik. Vir\u00e1goskerttel, k\u00fasz\u00f3n\u00f6v\u00e9nyekkel k\u00f6r\u00fclvett bej\u00e1rathoz harmonikus kieg\u00e9sz\u00edt\u00e9s.\n\nEz a pr\u00e9mium t\u00e1bla kiv\u00e1l\u00f3 aj\u00e1nd\u00e9k n\u0151knek any\u00e1k napj\u00e1ra, sz\u00fclet\u00e9snapra, n\u00e9vnapra vagy h\u00e1zavat\u00f3ra. Szem\u00e9lyre szabott, egyedi darab, amelyet a megaj\u00e1nd\u00e9kozott nev\u00e9re \u00e9s c\u00edm\u00e9re k\u00e9sz\u00edt\u00fcnk. Egy ilyen m\u00e9ret\u0171, l\u00e1tv\u00e1nyos aj\u00e1nd\u00e9kot neh\u00e9z fel\u00fclm\u00falni.\n\nHa kisebb m\u00e9retben vagy kedvez\u0151bb \u00e1ron szeretn\u00e9d a pillang\u00f3s mot\u00edvumot, n\u00e9zd meg a boltunkban el\u00e9rhet\u0151 standard pillang\u00f3s h\u00e1zsz\u00e1mt\u00e1bl\u00e1t, amely 21x27 cm-t\u0151l \u00e9rhet\u0151 el, kedvez\u0151bb alap\u00e1ron.\n\nA boltban pillang\u00f3 fali dekor\u00e1ci\u00f3t is tal\u00e1lsz, amellyel a lak\u00e1s belsej\u00e9ben is folytathatod a lepk\u00e9s hangulatot. Egy nagy pr\u00e9mium pillang\u00f3s h\u00e1zsz\u00e1mt\u00e1bla kint, \u00e9s egy pillang\u00f3 fali dekor\u00e1ci\u00f3 bent: \u00f6sszhangot teremt a bej\u00e1rat \u00e9s az otthon bels\u0151 terei k\u00f6z\u00f6tt.\n\nHa m\u00e1s mot\u00edvumot keresel, eleg\u00e1ns vintage, mad\u00e1rp\u00e1ros, haj\u00f3s, kuty\u00e1s (mopsz, n\u00e9met juh\u00e1sz, tacsk\u00f3, golden retriever) \u00e9s cic\u00e1s h\u00e1zsz\u00e1mt\u00e1bl\u00e1kat is k\u00edn\u00e1lunk. A teljesen egyedi h\u00e1zsz\u00e1mt\u00e1bl\u00e1val b\u00e1rmilyen saj\u00e1t designt megval\u00f3s\u00edthatsz.\n\nKar\u00e1csonyi szezonban kar\u00e1csonyfad\u00edszt \u00e9s ajt\u00f3d\u00edszt, esk\u00fcv\u0151re n\u00e9vt\u00e1bl\u00e1t \u00e9s tortad\u00edszt is tal\u00e1lsz a k\u00edn\u00e1latunkban. Valentinnapra Scrabble bet\u0171s aj\u00e1nd\u00e9k, belt\u00e9rre kapcsol\u00f3d\u00edszek \u00e9s babaszoba dekorok is el\u00e9rhet\u0151k.\n\nMinden term\u00e9k\u00fcnket egyedileg, rendel\u00e9sre k\u00e9sz\u00edtj\u00fck. K\u00e9rd\u00e9sed van? \u00cdrj b\u00e1tran, gyorsan v\u00e1laszolunk. N\u00e9zd meg a t\u00f6bbi term\u00e9k\u00fcnket is, h\u00e1tha tal\u00e1lsz m\u00e9g valamit, ami tetszik.","price":"11900.00","unit":"db","recommended":"0","status":"1","sponsored":"0","exp_notify":"0","own_material":"0","own_material_description_old":null,"own_material_description":"","jury":"0","jury_number":"","product_nature":"","meskaracsony":"0","create_date":"2026-03-24 21:18:33","shelve_id":"79630","image":"darimi_product_702579_251124211307_970873.png","image_width":"480","image_height":"311","image_alt":"Pr\u00e9mium pillang\u00f3s h\u00e1zsz\u00e1mt\u00e1bla NAGY m\u00e9retben - lepk\u00e9s k\u00fclt\u00e9ri h\u00e1zsz\u00e1m L, XL, XXL, UV-\u00e1ll\u00f3 ASA, Nagy m\u00e9ret\u0171, pr\u00e9mium kivitel\u0171 pillang\u00f3s h\u00e1zsz\u00e1mt\u00e1bla, amely a boltunk legimpoz\u00e1nsabb darabja. Ha a b..., Meska","image_title":"Pr\u00e9mium pillang\u00f3s h\u00e1zsz\u00e1mt\u00e1bla NAGY m\u00e9retben - lepk\u00e9s k\u00fclt\u00e9ri h\u00e1zsz\u00e1m L, XL, XXL, UV-\u00e1ll\u00f3 ASA, Meska","view_count":"2676","favourite_count":"0","trending_score":"0","last2MonthFavouriteCount":"0","promotion":"0","giftcard_accept":"0","creditcard_accept":true,"enhanced_background":"0","domain":"meska","specific_customer_id":null,"specific_customer_name":null,"to_order_product":"1","to_order_product_time":"1","product_different":null,"product_different_description":"","vintage":"0","vintage_category_id":"0","recycled":"0","gemstone_id":"0","customizable":"1","type_category":"physical","zerowaste":"0","postage_price":"1349.00","shop_order":"0","has_category":"1","landing_pages":null,"microdata":{"number":39,"category":""},"title":"Pr\u00e9mium pillang\u00f3s h\u00e1zsz\u00e1mt\u00e1bla NAGY m\u00e9retben - lepk\u00e9s k\u00fclt\u00e9ri h\u00e1zsz\u00e1m L, XL, XXL, UV-\u00e1ll\u00f3 ASA","description":"Nagy m\u00e9ret\u0171, pr\u00e9mium kivitel\u0171 pillang\u00f3s h\u00e1zsz\u00e1mt\u00e1bla, amely a boltunk legimpoz\u00e1nsabb darabja. Ha a bej\u00e1ratodnak igaz\u00e1n l\u00e1tv\u00e1nyos, felt\u0171n\u0151 \u00e9s n\u0151ies h\u00e1zsz\u00e1mt\u00e1bl\u00e1t keresel, ez a pr\u00e9mium pillang\u00f3s verzi\u00f3 az, amit \u00e9rdemes v\u00e1lasztanod. A standard pillang\u00f3s t\u00e1bl\u00e1nk n\u00e9pszer\u0171s\u00e9ge miatt k\u00e9sz\u00fclt el ez a nagyobb, r\u00e9szletgazdagabb v\u00e1ltozat, amely L, XL \u00e9s XXL m\u00e9retben \u00e9rhet\u0151 el.\n\nM\u00c9RETEK\n\nV\u00e1laszthat\u00f3 m\u00e9retek:\n- L: 35 cm (alap\u00e1r: 11 900 Ft)\n- XL: 40 cm\n- XXL: 45 cm\n\nEzek a m\u00e9retek messze t\u00falmutatnak a szok\u00e1sos h\u00e1zsz\u00e1mt\u00e1bl\u00e1kon. Egy 45 cm-es t\u00e1bla m\u00e1r a bej\u00e1rat meghat\u00e1roz\u00f3 d\u00edsz\u00edt\u0151eleme, amely messzir\u0151l felkelti a figyelmet \u00e9s val\u00f3di dekor\u00e1ci\u00f3, nem csup\u00e1n jelz\u00e9s.\n\nA vastags\u00e1g 1,6 mm-t\u0151l 3 mm-ig \u00e1ll\u00edthat\u00f3: 1,6 mm, 2 mm, 2,5 mm \u00e9s 3 mm opci\u00f3k \u00e1llnak rendelkez\u00e9sre. A pr\u00e9mium m\u00e9retekhez a 2 mm feletti vastags\u00e1got javasoljuk a massz\u00edv, ig\u00e9nyes megjelen\u00e9s \u00e9rdek\u00e9ben.\n\nSZ\u00cdNEK\n\nA sz\u00edn RAL ipari sz\u00ednrendszer\u0171, teh\u00e1t a sz\u00edn az anyag teljes vastags\u00e1g\u00e1ban v\u00e9gigmegy, nem festett r\u00e9teg. Nem kopik le, nem pattogzik. Prusa XL 5T nyomtat\u00f3val ak\u00e1r 5 k\u00fcl\u00f6nb\u00f6z\u0151 sz\u00ednben k\u00e9sz\u00fcl fest\u00e9s n\u00e9lk\u00fcl.\n\nANYAG\n\nA t\u00e1bla ASA ipari m\u0171anyagb\u00f3l k\u00e9sz\u00fcl, amely k\u00fclt\u00e9ri tart\u00f3s haszn\u00e1latra fejlesztett anyag. Id\u0151j\u00e1r\u00e1s\u00e1ll\u00f3: -30 fokt\u00f3l +80 fokig megb\u00edzhat\u00f3an helyt\u00e1ll. UV-\u00e1ll\u00f3, es\u0151\u00e1ll\u00f3 \u00e9s fagy\u00e1ll\u00f3, eg\u00e9sz \u00e9vben kint maradhat a falon, ker\u00edt\u00e9sen vagy kapun. Nem fakul, nem s\u00e1rgul, nem reped. A k\u00fclt\u00e9ri \u00e9lettartam meghaladja a 10 \u00e9vet.\n\nA szat\u00e9n fel\u00fclet\u0171, s\u00edk kivitel\u0171 t\u00e1bla nem dombor\u00fa: egyenletes, eszt\u00e9tikus lapos fel\u00fcletet kapsz, amely a falhoz simulva mutat.\n\nR\u00d6GZ\u00cdT\u00c9S\n\nK\u00fclt\u00e9ri \u00e9p\u00edt\u00e9si ragaszt\u00f3val a legegyszer\u0171bb felhelyezni a falra, kapura vagy ker\u00edt\u00e9sre. A nagyobb m\u00e9retekn\u00e9l \u00e9rdemes t\u00f6bb ponton ragasztani a biztos tart\u00e1s \u00e9rdek\u00e9ben. Ha furatokat szeretn\u00e9l, rendel\u00e9sn\u00e9l jelezd, \u00e9s elk\u00e9sz\u00edtj\u00fck.\n\nRENDEL\u00c9S\n\nRendel\u00e9skor add meg a k\u00edv\u00e1nt h\u00e1zsz\u00e1mot vagy utcanevet, v\u00e1laszd ki a m\u00e9retet, vastags\u00e1got \u00e9s sz\u00ednt. B\u00e1rmilyen egyedi k\u00e9r\u00e9st sz\u00edvesen fogadunk.\n\nMIRE J\u00d3?\n\nA pillang\u00f3s mot\u00edvum r\u00e9szletgazdag, n\u0151ies, term\u00e9szetk\u00f6zeli hangulatot sug\u00e1roz. A nagy m\u00e9retnek k\u00f6sz\u00f6nhet\u0151en a lepk\u00e9k finomabb r\u00e9szletei is sz\u00e9pen kirajzol\u00f3dnak, ami a kisebb t\u00e1bl\u00e1kon nem mindig \u00e9rv\u00e9nyes\u00fcl. K\u00fcl\u00f6n\u00f6sen kertes h\u00e1zakhoz, vid\u00e9ki otthonokhoz, vend\u00e9gh\u00e1zakhoz, sz\u00e1ll\u00e1shelyekhez illik. Vir\u00e1goskerttel, k\u00fasz\u00f3n\u00f6v\u00e9nyekkel k\u00f6r\u00fclvett bej\u00e1rathoz harmonikus kieg\u00e9sz\u00edt\u00e9s.\n\nEz a pr\u00e9mium t\u00e1bla kiv\u00e1l\u00f3 aj\u00e1nd\u00e9k n\u0151knek any\u00e1k napj\u00e1ra, sz\u00fclet\u00e9snapra, n\u00e9vnapra vagy h\u00e1zavat\u00f3ra. Szem\u00e9lyre szabott, egyedi darab, amelyet a megaj\u00e1nd\u00e9kozott nev\u00e9re \u00e9s c\u00edm\u00e9re k\u00e9sz\u00edt\u00fcnk. Egy ilyen m\u00e9ret\u0171, l\u00e1tv\u00e1nyos aj\u00e1nd\u00e9kot neh\u00e9z fel\u00fclm\u00falni.\n\nHa kisebb m\u00e9retben vagy kedvez\u0151bb \u00e1ron szeretn\u00e9d a pillang\u00f3s mot\u00edvumot, n\u00e9zd meg a boltunkban el\u00e9rhet\u0151 standard pillang\u00f3s h\u00e1zsz\u00e1mt\u00e1bl\u00e1t, amely 21x27 cm-t\u0151l \u00e9rhet\u0151 el, kedvez\u0151bb alap\u00e1ron.\n\nA boltban pillang\u00f3 fali dekor\u00e1ci\u00f3t is tal\u00e1lsz, amellyel a lak\u00e1s belsej\u00e9ben is folytathatod a lepk\u00e9s hangulatot. Egy nagy pr\u00e9mium pillang\u00f3s h\u00e1zsz\u00e1mt\u00e1bla kint, \u00e9s egy pillang\u00f3 fali dekor\u00e1ci\u00f3 bent: \u00f6sszhangot teremt a bej\u00e1rat \u00e9s az otthon bels\u0151 terei k\u00f6z\u00f6tt.\n\nHa m\u00e1s mot\u00edvumot keresel, eleg\u00e1ns vintage, mad\u00e1rp\u00e1ros, haj\u00f3s, kuty\u00e1s (mopsz, n\u00e9met juh\u00e1sz, tacsk\u00f3, golden retriever) \u00e9s cic\u00e1s h\u00e1zsz\u00e1mt\u00e1bl\u00e1kat is k\u00edn\u00e1lunk. A teljesen egyedi h\u00e1zsz\u00e1mt\u00e1bl\u00e1val b\u00e1rmilyen saj\u00e1t designt megval\u00f3s\u00edthatsz.\n\nKar\u00e1csonyi szezonban kar\u00e1csonyfad\u00edszt \u00e9s ajt\u00f3d\u00edszt, esk\u00fcv\u0151re n\u00e9vt\u00e1bl\u00e1t \u00e9s tortad\u00edszt is tal\u00e1lsz a k\u00edn\u00e1latunkban. Valentinnapra Scrabble bet\u0171s aj\u00e1nd\u00e9k, belt\u00e9rre kapcsol\u00f3d\u00edszek \u00e9s babaszoba dekorok is el\u00e9rhet\u0151k.\n\nMinden term\u00e9k\u00fcnket egyedileg, rendel\u00e9sre k\u00e9sz\u00edtj\u00fck. K\u00e9rd\u00e9sed van? \u00cdrj b\u00e1tran, gyorsan v\u00e1laszolunk. N\u00e9zd meg a t\u00f6bbi term\u00e9k\u00fcnket is, h\u00e1tha tal\u00e1lsz m\u00e9g valamit, ami tetszik.","score":0,"formatted_price":"11 900 Ft","image_url":"https:\/\/www.meska.hu\/img\/product\/small\/d\/a\/darimi_product_702579_251124211307_970873.png","formatted_url":"https:\/\/www.meska.hu\/p5681829-egyedi-pillangos-hazszamtabla","favourite":false,"in_stock":false,"avatar":"702579_avatar_1739694015.jpeg","delete_from":0,"is_enhanced_background":false,"is_enhanced":false,"product_selection_started":false,"is_active":true,"image_webp_url":"https:\/\/www.meska.hu\/img\/product\/small\/d\/a\/darimi_product_702579_251124211307_970873.webp"},{"id":"6014637","shop_id":"47945","user_id":"702579","shop_name":"Darimi","shop_zip":"2030","product_code":"5681793","product_name_old":null,"product_name":"Szerelmesp\u00e1ros h\u00e1zsz\u00e1mt\u00e1bla utcan\u00e9vvel - egyedi p\u00e1ros mot\u00edvumos k\u00fclt\u00e9ri kapusz\u00e1m, id\u0151j\u00e1r\u00e1s\u00e1ll\u00f3 ASA","category_string":"Otthon & \u00c9letm\u00f3d, H\u00e1z & Kert, H\u00e1zsz\u00e1m","technic_string":"Mindenm\u00e1s","category_1":"813","category_2":"897","category_3":"431","category_4":"0","merged_category_1":null,"merged_category_2":null,"merged_category_3":null,"technic_1":"493","technic_2":"0","technic_3":"0","color_1":"519","color_2":"520","color_3":"527","product_description_old":null,"product_description":"Egyedi h\u00e1zsz\u00e1mt\u00e1bla szerelmesp\u00e1r sziluettel \u00e9s utcan\u00e9vvel, k\u00fclt\u00e9ri haszn\u00e1latra. A t\u00e1bla s\u00edk fel\u00fclet\u0171 (nem dombor\u00fa), k\u00e9t sz\u00ednnel nyomtatva: az alap \u00e9s a felirat k\u00fcl\u00f6n sz\u00ednben k\u00e9sz\u00fcl. A p\u00e1ros mot\u00edvum a t\u00e1bla tetej\u00e9n helyezkedik el. Alkalmas kapura, ker\u00edt\u00e9sre, falra, postal\u00e1d\u00e1ra vagy b\u00e1rmilyen sima fel\u00fcletre.\n\nRENDEL\u00c9S MENETE\n\nA rendel\u00e9skor a megjegyz\u00e9s rovatba \u00edrd be a k\u00f6vetkez\u0151ket:\n- A h\u00e1zsz\u00e1mot (sz\u00e1m, sz\u00e1m\/bet\u0171 stb.)\n- A k\u00f6zter\u00fclet nev\u00e9t (utca, s\u00e9t\u00e1ny, t\u00e9r, \u00fat, k\u00f6z stb.)\n- A k\u00f6zter\u00fclet sz\u00f6veg\u00e9nek sz\u00edn\u00e9t\n- Az elrendez\u00e9st: jobbra z\u00e1rt vagy k\u00f6z\u00e9pre igaz\u00edtott sz\u00f6veg\n- Ha van egy\u00e9b k\u00e9r\u00e9sed (pl. bet\u0171m\u00e9ret, extra sor), azt is\n\nA rendel\u00e9s ut\u00e1n n\u00e9h\u00e1ny \u00f3r\u00e1n bel\u00fcl k\u00fcld\u00f6m az el\u0151n\u00e9zeti tervet, mell\u00e9 t\u00f6bb sz\u00e1z bet\u0171t\u00edpus mint\u00e1t is, hogy kiv\u00e1laszthasd a neked tetsz\u0151t. Ha m\u00f3dos\u00edtani szeretn\u00e9l a terven, megoldjuk. Amikor a terv v\u00e9gleges, indul a 3D nyomtat\u00e1s. Az elk\u00e9sz\u00fclt t\u00e1bl\u00e1r\u00f3l m\u00e9rc\u00e9s fot\u00f3t k\u00fcld\u00f6k, hogy a post\u00e1z\u00e1s el\u0151tt l\u00e1sd a v\u00e9geredm\u00e9nyt.\n\nM\u00c9RETEK\n\n- S: 20 x 8 cm (alapm\u00e9ret, +0 Ft)\n- M: 30 x 12 cm (+1 000 Ft)\n- L: 35 x 14 cm (+2 000 Ft)\n- XL: 40 x 16 cm (+2 500 Ft) - a nagyobb m\u00e9ret miatt a mot\u00edvum ar\u00e1nyaiban kisebb\nHa egyik m\u00e9ret sem felel meg, egyedi m\u00e9retet is tudok k\u00e9sz\u00edteni. \u00cdrj \u00fczenetet \u00e9s megbesz\u00e9lj\u00fck.\n\nVASTAGS\u00c1GOK\n\n- 1,6 mm: alapvastags\u00e1g, k\u00f6nny\u0171, ragaszt\u00e1shoz ide\u00e1lis\n- 2 mm: +2 000 Ft\n- 2,5 mm: +3 000 Ft\n- 3 mm: +4 000 Ft\n- 4 mm: +6 000 Ft\n- 5 mm: +7 500 Ft\n- 6 mm: +9 000 Ft\n- 7 mm: +10 000 Ft\n- 8 mm: +11 000 Ft, kifejezetten massz\u00edv kivitel\n\nANYAG\n\nA t\u00e1bla ASA (akrilonitril-sztirol-akril\u00e1t) m\u0171anyagb\u00f3l k\u00e9sz\u00fcl, amely kifejezetten k\u00fclt\u00e9ri alkalmaz\u00e1sokra lett kifejlesztve:\n- UV-\u00e1ll\u00f3: nem s\u00e1rgul, nem fakul az er\u0151s naps\u00fct\u00e9sben sem\n- V\u00edz\u00e1ll\u00f3: es\u0151, h\u00f3, j\u00e9g, p\u00e1ra nem \u00e1rt neki\n- H\u0151t\u0171r\u0151: -30 fokt\u00f3l +80 fokig haszn\u00e1lhat\u00f3, nem vetemedik, nem reped\n- Tart\u00f3sabb k\u00fclt\u00e9ren, mint a PLA, PETG vagy ABS m\u0171anyagok\n\nA felirat \u00e9s az alapt\u00e1bla k\u00e9tsz\u00edn\u0171 nyomtat\u00e1ssal k\u00e9sz\u00fcl egyben, nem festve vagy grav\u00edrozva. A sz\u00f6veg a t\u00e1bla szerves r\u00e9sze: nem kopik le, nem h\u00e1mlik, nem fakul ki k\u00fcl\u00f6n az alapt\u00f3l.\n\nEL\u00c9RHET\u0150 SZ\u00cdNEK\n\n- Fekete (RAL 9017)\n- Feh\u00e9r (RAL 9003)\n- Bazaltsz\u00fcrke (RAL 7012)\n- Antracit sz\u00fcrke (RAL 7016)\n- Sz\u00fcrke (RAL 7011)\n- Barna (RAL 8017)\n- K\u00e9k (RAL 5015)\n- Bord\u00f3 (RAL 3031)\n- Polar White (ath\u00e9n sz\u00fcrke \u00e1rnyalat)\nEgyedi sz\u00edn is k\u00e9rhet\u0151: \u00fczenetben el\u0151re egyeztetj\u00fck.\n\nR\u00d6GZ\u00cdT\u00c9S\n\nK\u00fclt\u00e9ri \u00e9p\u00edt\u00e9si ragaszt\u00f3val javasoljuk a felszerel\u00e9st (pl. Pattex One For All, Soudal Fix All vagy hasonl\u00f3 k\u00fclt\u00e9ri \u00e9p\u00edt\u00e9si ragaszt\u00f3). Sima fel\u00fcleten (vakolat, t\u00e9gla, beton, f\u00e9m, fa) tart\u00f3san megmarad. Ha csavaros r\u00f6gz\u00edt\u00e9st szeretn\u00e9l, a t\u00e1bla furatokkal is k\u00e9rhet\u0151.\n\nGY\u00c1RT\u00c1S\n\nA nyomtat\u00e1s Prusa XL 5T g\u00e9ppel t\u00f6rt\u00e9nik, sima satin nyomtat\u00f3lapra. Minden darab egyedileg k\u00e9sz\u00fcl a Te adataiddal.\n\nAJ\u00c1ND\u00c9KBA\n\nP\u00e1roknak, h\u00e1zavat\u00f3ra, \u00e9vfordul\u00f3ra, esk\u00fcv\u0151re, Valentin-napra is t\u00f6k\u00e9letes szem\u00e9lyes aj\u00e1nd\u00e9k\u00f6tlet.\n\nElk\u00e9sz\u00edt\u00e9si id\u0151: kb. 1 munkanap a terv j\u00f3v\u00e1hagy\u00e1sa ut\u00e1n.\nAj\u00e1nd\u00e9k 3D nyomtatott narancsh\u00e1moz\u00f3 gy\u0171r\u0171 j\u00e1r minden rendel\u00e9shez.\n","price":"5490.00","unit":"db","recommended":"0","status":"1","sponsored":"0","exp_notify":"0","own_material":"0","own_material_description_old":null,"own_material_description":"","jury":"0","jury_number":"","product_nature":"","meskaracsony":"0","create_date":"2026-03-24 20:18:17","shelve_id":"79630","image":"darimi_product_702579_251124201457_117324.png","image_width":"480","image_height":"339","image_alt":"Szerelmesp\u00e1ros h\u00e1zsz\u00e1mt\u00e1bla utcan\u00e9vvel - egyedi p\u00e1ros mot\u00edvumos k\u00fclt\u00e9ri kapusz\u00e1m, id\u0151j\u00e1r\u00e1s\u00e1ll\u00f3 ASA, Egyedi h\u00e1zsz\u00e1mt\u00e1bla szerelmesp\u00e1r sziluettel \u00e9s utcan\u00e9vvel, k\u00fclt\u00e9ri haszn\u00e1latra. A t\u00e1bla s\u00edk fel\u00fclet\u0171..., Meska","image_title":"Szerelmesp\u00e1ros h\u00e1zsz\u00e1mt\u00e1bla utcan\u00e9vvel - egyedi p\u00e1ros mot\u00edvumos k\u00fclt\u00e9ri kapusz\u00e1m, id\u0151j\u00e1r\u00e1s\u00e1ll\u00f3 ASA, Meska","view_count":"2578","favourite_count":"0","trending_score":"0","last2MonthFavouriteCount":"0","promotion":"0","giftcard_accept":"0","creditcard_accept":true,"enhanced_background":"0","domain":"meska","specific_customer_id":null,"specific_customer_name":null,"to_order_product":"1","to_order_product_time":"1","product_different":null,"product_different_description":"","vintage":"0","vintage_category_id":"0","recycled":"0","gemstone_id":"0","customizable":"1","type_category":"physical","zerowaste":"0","postage_price":"1349.00","shop_order":"0","has_category":"1","landing_pages":null,"microdata":{"number":40,"category":""},"title":"Szerelmesp\u00e1ros h\u00e1zsz\u00e1mt\u00e1bla utcan\u00e9vvel - egyedi p\u00e1ros mot\u00edvumos k\u00fclt\u00e9ri kapusz\u00e1m, id\u0151j\u00e1r\u00e1s\u00e1ll\u00f3 ASA","description":"Egyedi h\u00e1zsz\u00e1mt\u00e1bla szerelmesp\u00e1r sziluettel \u00e9s utcan\u00e9vvel, k\u00fclt\u00e9ri haszn\u00e1latra. A t\u00e1bla s\u00edk fel\u00fclet\u0171 (nem dombor\u00fa), k\u00e9t sz\u00ednnel nyomtatva: az alap \u00e9s a felirat k\u00fcl\u00f6n sz\u00ednben k\u00e9sz\u00fcl. A p\u00e1ros mot\u00edvum a t\u00e1bla tetej\u00e9n helyezkedik el. Alkalmas kapura, ker\u00edt\u00e9sre, falra, postal\u00e1d\u00e1ra vagy b\u00e1rmilyen sima fel\u00fcletre.\n\nRENDEL\u00c9S MENETE\n\nA rendel\u00e9skor a megjegyz\u00e9s rovatba \u00edrd be a k\u00f6vetkez\u0151ket:\n- A h\u00e1zsz\u00e1mot (sz\u00e1m, sz\u00e1m\/bet\u0171 stb.)\n- A k\u00f6zter\u00fclet nev\u00e9t (utca, s\u00e9t\u00e1ny, t\u00e9r, \u00fat, k\u00f6z stb.)\n- A k\u00f6zter\u00fclet sz\u00f6veg\u00e9nek sz\u00edn\u00e9t\n- Az elrendez\u00e9st: jobbra z\u00e1rt vagy k\u00f6z\u00e9pre igaz\u00edtott sz\u00f6veg\n- Ha van egy\u00e9b k\u00e9r\u00e9sed (pl. bet\u0171m\u00e9ret, extra sor), azt is\n\nA rendel\u00e9s ut\u00e1n n\u00e9h\u00e1ny \u00f3r\u00e1n bel\u00fcl k\u00fcld\u00f6m az el\u0151n\u00e9zeti tervet, mell\u00e9 t\u00f6bb sz\u00e1z bet\u0171t\u00edpus mint\u00e1t is, hogy kiv\u00e1laszthasd a neked tetsz\u0151t. Ha m\u00f3dos\u00edtani szeretn\u00e9l a terven, megoldjuk. Amikor a terv v\u00e9gleges, indul a 3D nyomtat\u00e1s. Az elk\u00e9sz\u00fclt t\u00e1bl\u00e1r\u00f3l m\u00e9rc\u00e9s fot\u00f3t k\u00fcld\u00f6k, hogy a post\u00e1z\u00e1s el\u0151tt l\u00e1sd a v\u00e9geredm\u00e9nyt.\n\nM\u00c9RETEK\n\n- S: 20 x 8 cm (alapm\u00e9ret, +0 Ft)\n- M: 30 x 12 cm (+1 000 Ft)\n- L: 35 x 14 cm (+2 000 Ft)\n- XL: 40 x 16 cm (+2 500 Ft) - a nagyobb m\u00e9ret miatt a mot\u00edvum ar\u00e1nyaiban kisebb\nHa egyik m\u00e9ret sem felel meg, egyedi m\u00e9retet is tudok k\u00e9sz\u00edteni. \u00cdrj \u00fczenetet \u00e9s megbesz\u00e9lj\u00fck.\n\nVASTAGS\u00c1GOK\n\n- 1,6 mm: alapvastags\u00e1g, k\u00f6nny\u0171, ragaszt\u00e1shoz ide\u00e1lis\n- 2 mm: +2 000 Ft\n- 2,5 mm: +3 000 Ft\n- 3 mm: +4 000 Ft\n- 4 mm: +6 000 Ft\n- 5 mm: +7 500 Ft\n- 6 mm: +9 000 Ft\n- 7 mm: +10 000 Ft\n- 8 mm: +11 000 Ft, kifejezetten massz\u00edv kivitel\n\nANYAG\n\nA t\u00e1bla ASA (akrilonitril-sztirol-akril\u00e1t) m\u0171anyagb\u00f3l k\u00e9sz\u00fcl, amely kifejezetten k\u00fclt\u00e9ri alkalmaz\u00e1sokra lett kifejlesztve:\n- UV-\u00e1ll\u00f3: nem s\u00e1rgul, nem fakul az er\u0151s naps\u00fct\u00e9sben sem\n- V\u00edz\u00e1ll\u00f3: es\u0151, h\u00f3, j\u00e9g, p\u00e1ra nem \u00e1rt neki\n- H\u0151t\u0171r\u0151: -30 fokt\u00f3l +80 fokig haszn\u00e1lhat\u00f3, nem vetemedik, nem reped\n- Tart\u00f3sabb k\u00fclt\u00e9ren, mint a PLA, PETG vagy ABS m\u0171anyagok\n\nA felirat \u00e9s az alapt\u00e1bla k\u00e9tsz\u00edn\u0171 nyomtat\u00e1ssal k\u00e9sz\u00fcl egyben, nem festve vagy grav\u00edrozva. A sz\u00f6veg a t\u00e1bla szerves r\u00e9sze: nem kopik le, nem h\u00e1mlik, nem fakul ki k\u00fcl\u00f6n az alapt\u00f3l.\n\nEL\u00c9RHET\u0150 SZ\u00cdNEK\n\n- Fekete (RAL 9017)\n- Feh\u00e9r (RAL 9003)\n- Bazaltsz\u00fcrke (RAL 7012)\n- Antracit sz\u00fcrke (RAL 7016)\n- Sz\u00fcrke (RAL 7011)\n- Barna (RAL 8017)\n- K\u00e9k (RAL 5015)\n- Bord\u00f3 (RAL 3031)\n- Polar White (ath\u00e9n sz\u00fcrke \u00e1rnyalat)\nEgyedi sz\u00edn is k\u00e9rhet\u0151: \u00fczenetben el\u0151re egyeztetj\u00fck.\n\nR\u00d6GZ\u00cdT\u00c9S\n\nK\u00fclt\u00e9ri \u00e9p\u00edt\u00e9si ragaszt\u00f3val javasoljuk a felszerel\u00e9st (pl. Pattex One For All, Soudal Fix All vagy hasonl\u00f3 k\u00fclt\u00e9ri \u00e9p\u00edt\u00e9si ragaszt\u00f3). Sima fel\u00fcleten (vakolat, t\u00e9gla, beton, f\u00e9m, fa) tart\u00f3san megmarad. Ha csavaros r\u00f6gz\u00edt\u00e9st szeretn\u00e9l, a t\u00e1bla furatokkal is k\u00e9rhet\u0151.\n\nGY\u00c1RT\u00c1S\n\nA nyomtat\u00e1s Prusa XL 5T g\u00e9ppel t\u00f6rt\u00e9nik, sima satin nyomtat\u00f3lapra. Minden darab egyedileg k\u00e9sz\u00fcl a Te adataiddal.\n\nAJ\u00c1ND\u00c9KBA\n\nP\u00e1roknak, h\u00e1zavat\u00f3ra, \u00e9vfordul\u00f3ra, esk\u00fcv\u0151re, Valentin-napra is t\u00f6k\u00e9letes szem\u00e9lyes aj\u00e1nd\u00e9k\u00f6tlet.\n\nElk\u00e9sz\u00edt\u00e9si id\u0151: kb. 1 munkanap a terv j\u00f3v\u00e1hagy\u00e1sa ut\u00e1n.\nAj\u00e1nd\u00e9k 3D nyomtatott narancsh\u00e1moz\u00f3 gy\u0171r\u0171 j\u00e1r minden rendel\u00e9shez.\n","score":0,"formatted_price":"5 490 Ft","image_url":"https:\/\/www.meska.hu\/img\/product\/small\/d\/a\/darimi_product_702579_251124201457_117324.png","formatted_url":"https:\/\/www.meska.hu\/p5681793-egyedi-cuki-par-hazszamtabla","favourite":false,"in_stock":false,"avatar":"702579_avatar_1739694015.jpeg","delete_from":0,"is_enhanced_background":false,"is_enhanced":false,"product_selection_started":false,"is_active":true,"image_webp_url":"https:\/\/www.meska.hu\/img\/product\/small\/d\/a\/darimi_product_702579_251124201457_117324.webp"},{"id":"5871081","shop_id":"38388","user_id":"520472","shop_name":"Atida","shop_zip":"3922","product_code":"5594231","product_name_old":null,"product_name":"Route 66 st\u00edlus\u00fa h\u00e1zsz\u00e1mt\u00e1bla","category_string":"Otthon & \u00c9letm\u00f3d, H\u00e1z & Kert, H\u00e1zsz\u00e1m","technic_string":"Mindenm\u00e1s","category_1":"813","category_2":"897","category_3":"431","category_4":"0","merged_category_1":null,"merged_category_2":null,"merged_category_3":null,"technic_1":"493","technic_2":"0","technic_3":"0","color_1":"520","color_2":"0","color_3":"0","product_description_old":null,"product_description":"3D nyomtat\u00f3val k\u00e9sz\u00fclt, h\u00e1zsz\u00e1mt\u00e1bla.\nAnyaga: BIO PLA\nSz\u00edne: fekete, a BIO PLA sz\u00edne.\nA sz\u00e1m \u00e9s az utcan\u00e9v sz\u00edne:  feh\u00e9r\/ beige\/ fluoreszk\u00e1l\u00f3 sz\u00ednek k\u00f6z\u00fcl v\u00e1laszthat\u00f3.\nA v\u00e1lasztott feliratokat \u00e9s azok sz\u00edn\u00e9t, megrendel\u00e9skor a k\u00f6zlem\u00e9ny rovatba vagy \u00fczenetben k\u00e9rem.\nA k\u00e9peken a beige sz\u00edn\u0171 anyagb\u00f3l k\u00e9sz\u00fclt h\u00e1zsz\u00e1m \u00e9s utcan\u00e9v l\u00e1that\u00f3.\n (A fluoreszk\u00e1l\u00f3 anyagb\u00f3l k\u00e9sz\u00fclt, csak teljes s\u00f6t\u00e9tben fluoreszk\u00e1l.)\nM\u00e9rete:  160 x 173 x 6 mm\nA h\u00e1zsz\u00e1mt\u00e1bla h\u00e1tulj\u00e1n akaszt\u00f3 m\u00e9lyed\u00e9sek tal\u00e1lhat\u00f3k a falra r\u00f6gz\u00edt\u00e9shez, amelyek a falba r\u00f6gz\u00edtett csavarokra illeszkednek r\u00e1.\nA csavarok nem tartoz\u00e9kok!\nA term\u00e9k elk\u00e9sz\u00edt\u00e9si ideje 3-4 munkanap.\n","price":"8800.00","unit":"db","recommended":"0","status":"1","sponsored":"0","exp_notify":"0","own_material":"0","own_material_description_old":null,"own_material_description":"","jury":"0","jury_number":"","product_nature":"","meskaracsony":"0","create_date":"2026-03-24 18:54:07","shelve_id":"0","image":"atida_product_520472_250727124433_77584.jpeg","image_width":"480","image_height":"480","image_alt":"Route 66 st\u00edlus\u00fa h\u00e1zsz\u00e1mt\u00e1bla, 3D nyomtat\u00f3val k\u00e9sz\u00fclt, h\u00e1zsz\u00e1mt\u00e1bla.\\nAnyaga: BIO PLA\\nSz\u00edne: fekete, a BIO PLA sz\u00edne.\\nA sz\u00e1m \u00e9s az u..., Meska","image_title":"Route 66 st\u00edlus\u00fa h\u00e1zsz\u00e1mt\u00e1bla, Meska","view_count":"270","favourite_count":"0","trending_score":"0","last2MonthFavouriteCount":"0","promotion":"0","giftcard_accept":"0","creditcard_accept":true,"enhanced_background":"0","domain":"meska","specific_customer_id":null,"specific_customer_name":null,"to_order_product":"1","to_order_product_time":"4","product_different":null,"product_different_description":"","vintage":"0","vintage_category_id":"0","recycled":"0","gemstone_id":"0","customizable":"1","type_category":"physical","zerowaste":"0","postage_price":"2390.00","shop_order":"0","has_category":"1","landing_pages":null,"microdata":{"number":41,"category":""},"title":"Route 66 st\u00edlus\u00fa h\u00e1zsz\u00e1mt\u00e1bla","description":"3D nyomtat\u00f3val k\u00e9sz\u00fclt, h\u00e1zsz\u00e1mt\u00e1bla.\nAnyaga: BIO PLA\nSz\u00edne: fekete, a BIO PLA sz\u00edne.\nA sz\u00e1m \u00e9s az utcan\u00e9v sz\u00edne:  feh\u00e9r\/ beige\/ fluoreszk\u00e1l\u00f3 sz\u00ednek k\u00f6z\u00fcl v\u00e1laszthat\u00f3.\nA v\u00e1lasztott feliratokat \u00e9s azok sz\u00edn\u00e9t, megrendel\u00e9skor a k\u00f6zlem\u00e9ny rovatba vagy \u00fczenetben k\u00e9rem.\nA k\u00e9peken a beige sz\u00edn\u0171 anyagb\u00f3l k\u00e9sz\u00fclt h\u00e1zsz\u00e1m \u00e9s utcan\u00e9v l\u00e1that\u00f3.\n (A fluoreszk\u00e1l\u00f3 anyagb\u00f3l k\u00e9sz\u00fclt, csak teljes s\u00f6t\u00e9tben fluoreszk\u00e1l.)\nM\u00e9rete:  160 x 173 x 6 mm\nA h\u00e1zsz\u00e1mt\u00e1bla h\u00e1tulj\u00e1n akaszt\u00f3 m\u00e9lyed\u00e9sek tal\u00e1lhat\u00f3k a falra r\u00f6gz\u00edt\u00e9shez, amelyek a falba r\u00f6gz\u00edtett csavarokra illeszkednek r\u00e1.\nA csavarok nem tartoz\u00e9kok!\nA term\u00e9k elk\u00e9sz\u00edt\u00e9si ideje 3-4 munkanap.\n","score":0,"formatted_price":"8 800 Ft","image_url":"https:\/\/www.meska.hu\/img\/product\/small\/a\/t\/atida_product_520472_250727124433_77584.jpeg","formatted_url":"https:\/\/www.meska.hu\/p5594231-route-66-stilusu-hazszam-tabla","favourite":false,"in_stock":false,"avatar":"520472_avatar_1662143040.jpeg","delete_from":0,"is_enhanced_background":false,"is_enhanced":false,"product_selection_started":false,"is_active":true,"image_webp_url":"https:\/\/www.meska.hu\/img\/product\/small\/a\/t\/atida_product_520472_250727124433_77584.webp"},{"id":"5871049","shop_id":"38388","user_id":"520472","shop_name":"Atida","shop_zip":"3922","product_code":"5594212","product_name_old":null,"product_name":"Pajzs szalaggal h\u00e1zsz\u00e1mt\u00e1bla","category_string":"Otthon & \u00c9letm\u00f3d, H\u00e1z & Kert, H\u00e1zsz\u00e1m","technic_string":"Mindenm\u00e1s","category_1":"813","category_2":"897","category_3":"431","category_4":"0","merged_category_1":null,"merged_category_2":null,"merged_category_3":null,"technic_1":"493","technic_2":"0","technic_3":"0","color_1":"517","color_2":"0","color_3":"0","product_description_old":null,"product_description":"3D nyomtat\u00f3val k\u00e9sz\u00fclt, h\u00e1zsz\u00e1mt\u00e1bla.\nAnyaga: BIO PLA\nSz\u00edne: bronz, a BIO PLA sz\u00edne.\nA sz\u00e1m \u00e9s az utcan\u00e9v sz\u00edne:  feh\u00e9r\/ beige\/ fluoreszk\u00e1l\u00f3 sz\u00ednek k\u00f6z\u00fcl v\u00e1laszthat\u00f3.\nA v\u00e1lasztott feliratokat \u00e9s azok sz\u00edn\u00e9t, megrendel\u00e9skor a k\u00f6zlem\u00e9ny rovatba vagy \u00fczenetben k\u00e9rem.\nA k\u00e9peken a beige sz\u00edn\u0171 anyagb\u00f3l k\u00e9sz\u00fclt h\u00e1zsz\u00e1m \u00e9s utcan\u00e9v l\u00e1that\u00f3.\n (A fluoreszk\u00e1l\u00f3 anyagb\u00f3l k\u00e9sz\u00fclt, csak teljes s\u00f6t\u00e9tben fluoreszk\u00e1l.)\nM\u00e9rete:  220 x 174 x 8 mm\nA h\u00e1zsz\u00e1mt\u00e1bla h\u00e1tulj\u00e1n akaszt\u00f3 m\u00e9lyed\u00e9sek tal\u00e1lhat\u00f3k a falra r\u00f6gz\u00edt\u00e9shez, amelyek a falba r\u00f6gz\u00edtett csavarokra illeszkednek r\u00e1.\nA csavarok nem tartoz\u00e9kok!\nA term\u00e9k elk\u00e9sz\u00edt\u00e9si ideje 3-4 munkanap.\n","price":"8800.00","unit":"db","recommended":"0","status":"1","sponsored":"0","exp_notify":"0","own_material":"0","own_material_description_old":null,"own_material_description":"","jury":"0","jury_number":"","product_nature":"","meskaracsony":"0","create_date":"2026-03-24 18:54:04","shelve_id":"0","image":"atida_product_520472_250727115340_747427.jpeg","image_width":"480","image_height":"480","image_alt":"Pajzs szalaggal h\u00e1zsz\u00e1mt\u00e1bla, 3D nyomtat\u00f3val k\u00e9sz\u00fclt, h\u00e1zsz\u00e1mt\u00e1bla.\\nAnyaga: BIO PLA\\nSz\u00edne: bronz, a BIO PLA sz\u00edne.\\nA sz\u00e1m \u00e9s az ut..., Meska","image_title":"Pajzs szalaggal h\u00e1zsz\u00e1mt\u00e1bla, Meska","view_count":"122","favourite_count":"0","trending_score":"0","last2MonthFavouriteCount":"0","promotion":"0","giftcard_accept":"0","creditcard_accept":true,"enhanced_background":"0","domain":"meska","specific_customer_id":null,"specific_customer_name":null,"to_order_product":"1","to_order_product_time":"4","product_different":null,"product_different_description":"","vintage":"0","vintage_category_id":"0","recycled":"0","gemstone_id":"0","customizable":"1","type_category":"physical","zerowaste":"0","postage_price":"2390.00","shop_order":"0","has_category":"1","landing_pages":null,"microdata":{"number":42,"category":""},"title":"Pajzs szalaggal h\u00e1zsz\u00e1mt\u00e1bla","description":"3D nyomtat\u00f3val k\u00e9sz\u00fclt, h\u00e1zsz\u00e1mt\u00e1bla.\nAnyaga: BIO PLA\nSz\u00edne: bronz, a BIO PLA sz\u00edne.\nA sz\u00e1m \u00e9s az utcan\u00e9v sz\u00edne:  feh\u00e9r\/ beige\/ fluoreszk\u00e1l\u00f3 sz\u00ednek k\u00f6z\u00fcl v\u00e1laszthat\u00f3.\nA v\u00e1lasztott feliratokat \u00e9s azok sz\u00edn\u00e9t, megrendel\u00e9skor a k\u00f6zlem\u00e9ny rovatba vagy \u00fczenetben k\u00e9rem.\nA k\u00e9peken a beige sz\u00edn\u0171 anyagb\u00f3l k\u00e9sz\u00fclt h\u00e1zsz\u00e1m \u00e9s utcan\u00e9v l\u00e1that\u00f3.\n (A fluoreszk\u00e1l\u00f3 anyagb\u00f3l k\u00e9sz\u00fclt, csak teljes s\u00f6t\u00e9tben fluoreszk\u00e1l.)\nM\u00e9rete:  220 x 174 x 8 mm\nA h\u00e1zsz\u00e1mt\u00e1bla h\u00e1tulj\u00e1n akaszt\u00f3 m\u00e9lyed\u00e9sek tal\u00e1lhat\u00f3k a falra r\u00f6gz\u00edt\u00e9shez, amelyek a falba r\u00f6gz\u00edtett csavarokra illeszkednek r\u00e1.\nA csavarok nem tartoz\u00e9kok!\nA term\u00e9k elk\u00e9sz\u00edt\u00e9si ideje 3-4 munkanap.\n","score":0,"formatted_price":"8 800 Ft","image_url":"https:\/\/www.meska.hu\/img\/product\/small\/a\/t\/atida_product_520472_250727115340_747427.jpeg","formatted_url":"https:\/\/www.meska.hu\/p5594212-pajzs-szalaggal-hazszam","favourite":false,"in_stock":false,"avatar":"520472_avatar_1662143040.jpeg","delete_from":0,"is_enhanced_background":false,"is_enhanced":false,"product_selection_started":false,"is_active":true,"image_webp_url":"https:\/\/www.meska.hu\/img\/product\/small\/a\/t\/atida_product_520472_250727115340_747427.webp"},{"id":"3401389","shop_id":"12524","user_id":"54127","shop_name":"Kiokumitsu","shop_zip":"1155","product_code":"2233824","product_name_old":null,"product_name":"H\u00e1zsz\u00e1mt\u00e1bla","category_string":"Otthon & \u00c9letm\u00f3d, H\u00e1z & Kert, H\u00e1zsz\u00e1m","technic_string":"Fot\u00f3, grafika, rajz, illusztr\u00e1ci\u00f3, Mindenm\u00e1s","category_1":"813","category_2":"897","category_3":"431","category_4":"0","merged_category_1":"0","merged_category_2":"0","merged_category_3":"0","technic_1":"483","technic_2":"493","technic_3":"0","color_1":"519","color_2":"521","color_3":"0","product_description_old":null,"product_description":"D\u00edszes k\u00fclalak\u00fa h\u00e1zsz\u00e1mt\u00e1bla.\nM\u00e9rete: kb: 25 x 17 cm. K\u00e9rhet\u0151 nagyobb m\u00e9retben is. \nA megjegyz\u00e9s rovatban tudja majd megadni a t\u00e1bl\u00e1ra fel\u00edrand\u00f3 sz\u00f6veget.\n\nA t\u00e1bla anyaga: Ongrofoam, egy speci\u00e1lis UV \u00e1ll\u00f3 m\u0171anyag, Id\u0151j\u00e1r\u00e1s\u00e1ll\u00f3.\n\nK\u00e9rem olvassal el az \u00e1ltal\u00e1nos szerz\u0151d\u00e9si felt\u00e9teleket (\u00c1SZF), melyet a term\u00e9k megv\u00e1s\u00e1rl\u00e1val \u00f6n elfogadott.","price":"4690.00","unit":"db","recommended":"0","status":"1","sponsored":"0","exp_notify":"0","own_material":"0","own_material_description_old":null,"own_material_description":"","jury":"0","jury_number":"","product_nature":"","meskaracsony":"0","create_date":"2026-03-24 17:17:59","shelve_id":"44100","image":"kiokumitsu_product_54127_150823235701_819626.jpeg","image_width":"480","image_height":"480","image_alt":"H\u00e1zsz\u00e1mt\u00e1bla, D\u00edszes k\u00fclalak\u00fa h\u00e1zsz\u00e1mt\u00e1bla.\\nM\u00e9rete: kb: 25 x 17 cm. K\u00e9rhet\u0151 nagyobb m\u00e9retben is. \\nA megjegyz\u00e9s rov..., Meska","image_title":"H\u00e1zsz\u00e1mt\u00e1bla, Meska","view_count":"2481","favourite_count":"0","trending_score":"0","last2MonthFavouriteCount":"0","promotion":"0","giftcard_accept":"1","creditcard_accept":true,"enhanced_background":"0","domain":"meska","specific_customer_id":null,"specific_customer_name":null,"to_order_product":"1","to_order_product_time":"12","product_different":"different","product_different_description":"A k\u00e9perny\u0151n l\u00e1that\u00f3 sz\u00ednek felbont\u00e1sa \u00e9s a nyomdai sz\u00ednek felbont\u00e1sa kis m\u00e9rt\u00e9kben elt\u00e9rhet.","vintage":"0","vintage_category_id":"0","recycled":"0","gemstone_id":"0","customizable":"0","type_category":"physical","zerowaste":"0","postage_price":"2390.00","shop_order":"0","has_category":"1","landing_pages":null,"microdata":{"number":43,"category":""},"title":"H\u00e1zsz\u00e1mt\u00e1bla","description":"D\u00edszes k\u00fclalak\u00fa h\u00e1zsz\u00e1mt\u00e1bla.\nM\u00e9rete: kb: 25 x 17 cm. K\u00e9rhet\u0151 nagyobb m\u00e9retben is. \nA megjegyz\u00e9s rovatban tudja majd megadni a t\u00e1bl\u00e1ra fel\u00edrand\u00f3 sz\u00f6veget.\n\nA t\u00e1bla anyaga: Ongrofoam, egy speci\u00e1lis UV \u00e1ll\u00f3 m\u0171anyag, Id\u0151j\u00e1r\u00e1s\u00e1ll\u00f3.\n\nK\u00e9rem olvassal el az \u00e1ltal\u00e1nos szerz\u0151d\u00e9si felt\u00e9teleket (\u00c1SZF), melyet a term\u00e9k megv\u00e1s\u00e1rl\u00e1val \u00f6n elfogadott.","score":0,"formatted_price":"4 690 Ft","image_url":"https:\/\/www.meska.hu\/img\/product\/small\/k\/i\/kiokumitsu_product_54127_150823235701_819626.jpeg","formatted_url":"https:\/\/www.meska.hu\/p2233824-hazszamtabla","favourite":false,"in_stock":false,"avatar":"Kiokumitsu_avatar_54127_1676920383.jpg","delete_from":0,"is_enhanced_background":false,"is_enhanced":false,"product_selection_started":false,"is_active":true,"image_webp_url":"https:\/\/www.meska.hu\/img\/product\/small\/k\/i\/kiokumitsu_product_54127_150823235701_819626.webp"},{"id":"5988840","shop_id":"47945","user_id":"702579","shop_name":"Darimi","shop_zip":"2030","product_code":"5664530","product_name_old":null,"product_name":"Egyedi h\u00e1zsz\u00e1mt\u00e1bla \u2013 3D nyomtatott, id\u0151j\u00e1r\u00e1s\u00e1ll\u00f3 ASA.","category_string":"Otthon & \u00c9letm\u00f3d, H\u00e1z & Kert, H\u00e1zsz\u00e1m","technic_string":"Mindenm\u00e1s","category_1":"813","category_2":"897","category_3":"431","category_4":"0","merged_category_1":null,"merged_category_2":null,"merged_category_3":null,"technic_1":"493","technic_2":"0","technic_3":"0","color_1":"519","color_2":"520","color_3":"527","product_description_old":null,"product_description":"Egyedi tervez\u00e9s napon bel\u00fcl!\n- Minden h\u00e1zsz\u00e1mt\u00e1bla egyedileg k\u00e9sz\u00fcl, m\u00e9retre \u00e9s ig\u00e9ny szerint tervezve. A rendel\u00e9s ut\u00e1n n\u00e9h\u00e1ny \u00f3r\u00e1n bel\u00fcl k\u00fcld\u00f6m az els\u0151 tervet.\n\nNem grav\u00edrozva, nem festve, k\u00e9t sz\u00ednnel nyomtatva!\n\n- Hogyan t\u00f6rt\u00e9nik?\nV\u00e1laszd ki a k\u00edv\u00e1nt alapsz\u00ednt \u00e9s m\u00e9retet, \u00e9s vastags\u00e1got.\nRendel\u00e9skor a megjegyz\u00e9sbe \u00edrd a k\u00f6zter\u00fclet nev\u00e9t, a h\u00e1zsz\u00e1mot, a k\u00f6zter\u00fclet sz\u00edn\u00e9t, valamint hogy a sz\u00e1m \u00e9s a sz\u00f6veg jobbra vagy k\u00f6z\u00e9pen legyen elrendezve.\nEl\u0151n\u00e9zeti tervet k\u00fcld\u00f6k, ha kell m\u00f3dos\u00edtunk.\nUt\u00e1na indul a 3D nyomtat\u00e1s.\nElk\u00e9sz\u00fclt darabr\u00f3l m\u00e9rc\u00e9s fot\u00f3t k\u00fcld\u00f6k.\nAj\u00e1nd\u00e9k narancsh\u00e1moz\u00f3 gy\u0171r\u0171vel post\u00e1zom gondosan csomagolva.\n\nEgyedi m\u00e9ret is megoldhat\u00f3.\n\nA h\u00e1zsz\u00e1mt\u00e1bl\u00e1k ASA (akrilonitril-sztirol-akril\u00e1t) m\u0171anyagb\u00f3l k\u00e9sz\u00fclnek, mely:\nUV-\u00e1ll\u00f3: nem s\u00e1rgul, nem fakul\nV\u00edz\u00e1ll\u00f3: ellen\u00e1ll es\u0151nek, h\u00f3nak\nId\u0151j\u00e1r\u00e1s\u00e1ll\u00f3: -30\u00b0C-t\u00f3l +80\u00b0C-ig nem vetemedik\nJobb, mint PLA, PETG vagy ABS k\u00fclt\u00e9ri felhaszn\u00e1l\u00e1sra\n\nIgyeksz\u00fcnk mindig RAL sz\u00ednk\u00f3ddal rendelkez\u0151 ASA-val dolgozni, mi nem vagyunk sz\u00ednszak\u00e9rt\u0151k :)\n\nR\u00f6gz\u00edt\u00e9s egyszer\u0171en:\n- Ragaszthat\u00f3 sima falfel\u00fcletre (k\u00e9toldalas vagy foly\u00e9kony k\u00fclt\u00e9ri ragaszt\u00f3val)\n- F\u00farhat\u00f3, vagy lyukakkal is k\u00e9rhet\u0151 csavaros r\u00f6gz\u00edt\u00e9shez.\n\nGy\u00e1rt\u00e1s \u00e9s sz\u00e1ll\u00edt\u00e1s p\u00e1r munkanapon bel\u00fcl\nA nyomtat\u00e1s Prusa XL 5T g\u00e9ppel, sima satin lapra t\u00f6rt\u00e9nik a pr\u00e9mium megjelen\u00e9s \u00e9rdek\u00e9ben.","price":"5490.00","unit":"db","recommended":"0","status":"1","sponsored":"0","exp_notify":"0","own_material":"0","own_material_description_old":null,"own_material_description":"","jury":"0","jury_number":"","product_nature":"","meskaracsony":"0","create_date":"2026-03-23 13:22:27","shelve_id":"79630","image":"darimi_product_702579_251114114440_698435.png","image_width":"480","image_height":"480","image_alt":"Egyedi h\u00e1zsz\u00e1mt\u00e1bla \u2013 3D nyomtatott, id\u0151j\u00e1r\u00e1s\u00e1ll\u00f3 ASA., Egyedi tervez\u00e9s napon bel\u00fcl!\\n- Minden h\u00e1zsz\u00e1mt\u00e1bla egyedileg k\u00e9sz\u00fcl, m\u00e9retre \u00e9s ig\u00e9ny szerint tervez..., Meska","image_title":"Egyedi h\u00e1zsz\u00e1mt\u00e1bla \u2013 3D nyomtatott, id\u0151j\u00e1r\u00e1s\u00e1ll\u00f3 ASA., Meska","view_count":"357","favourite_count":"0","trending_score":"0","last2MonthFavouriteCount":"0","promotion":"0","giftcard_accept":"0","creditcard_accept":true,"enhanced_background":"0","domain":"meska","specific_customer_id":null,"specific_customer_name":null,"to_order_product":"1","to_order_product_time":"1","product_different":null,"product_different_description":"","vintage":"0","vintage_category_id":"0","recycled":"0","gemstone_id":"0","customizable":"1","type_category":"physical","zerowaste":"0","postage_price":"1349.00","shop_order":"0","has_category":"1","landing_pages":null,"microdata":{"number":44,"category":""},"title":"Egyedi h\u00e1zsz\u00e1mt\u00e1bla \u2013 3D nyomtatott, id\u0151j\u00e1r\u00e1s\u00e1ll\u00f3 ASA.","description":"Egyedi tervez\u00e9s napon bel\u00fcl!\n- Minden h\u00e1zsz\u00e1mt\u00e1bla egyedileg k\u00e9sz\u00fcl, m\u00e9retre \u00e9s ig\u00e9ny szerint tervezve. A rendel\u00e9s ut\u00e1n n\u00e9h\u00e1ny \u00f3r\u00e1n bel\u00fcl k\u00fcld\u00f6m az els\u0151 tervet.\n\nNem grav\u00edrozva, nem festve, k\u00e9t sz\u00ednnel nyomtatva!\n\n- Hogyan t\u00f6rt\u00e9nik?\nV\u00e1laszd ki a k\u00edv\u00e1nt alapsz\u00ednt \u00e9s m\u00e9retet, \u00e9s vastags\u00e1got.\nRendel\u00e9skor a megjegyz\u00e9sbe \u00edrd a k\u00f6zter\u00fclet nev\u00e9t, a h\u00e1zsz\u00e1mot, a k\u00f6zter\u00fclet sz\u00edn\u00e9t, valamint hogy a sz\u00e1m \u00e9s a sz\u00f6veg jobbra vagy k\u00f6z\u00e9pen legyen elrendezve.\nEl\u0151n\u00e9zeti tervet k\u00fcld\u00f6k, ha kell m\u00f3dos\u00edtunk.\nUt\u00e1na indul a 3D nyomtat\u00e1s.\nElk\u00e9sz\u00fclt darabr\u00f3l m\u00e9rc\u00e9s fot\u00f3t k\u00fcld\u00f6k.\nAj\u00e1nd\u00e9k narancsh\u00e1moz\u00f3 gy\u0171r\u0171vel post\u00e1zom gondosan csomagolva.\n\nEgyedi m\u00e9ret is megoldhat\u00f3.\n\nA h\u00e1zsz\u00e1mt\u00e1bl\u00e1k ASA (akrilonitril-sztirol-akril\u00e1t) m\u0171anyagb\u00f3l k\u00e9sz\u00fclnek, mely:\nUV-\u00e1ll\u00f3: nem s\u00e1rgul, nem fakul\nV\u00edz\u00e1ll\u00f3: ellen\u00e1ll es\u0151nek, h\u00f3nak\nId\u0151j\u00e1r\u00e1s\u00e1ll\u00f3: -30\u00b0C-t\u00f3l +80\u00b0C-ig nem vetemedik\nJobb, mint PLA, PETG vagy ABS k\u00fclt\u00e9ri felhaszn\u00e1l\u00e1sra\n\nIgyeksz\u00fcnk mindig RAL sz\u00ednk\u00f3ddal rendelkez\u0151 ASA-val dolgozni, mi nem vagyunk sz\u00ednszak\u00e9rt\u0151k :)\n\nR\u00f6gz\u00edt\u00e9s egyszer\u0171en:\n- Ragaszthat\u00f3 sima falfel\u00fcletre (k\u00e9toldalas vagy foly\u00e9kony k\u00fclt\u00e9ri ragaszt\u00f3val)\n- F\u00farhat\u00f3, vagy lyukakkal is k\u00e9rhet\u0151 csavaros r\u00f6gz\u00edt\u00e9shez.\n\nGy\u00e1rt\u00e1s \u00e9s sz\u00e1ll\u00edt\u00e1s p\u00e1r munkanapon bel\u00fcl\nA nyomtat\u00e1s Prusa XL 5T g\u00e9ppel, sima satin lapra t\u00f6rt\u00e9nik a pr\u00e9mium megjelen\u00e9s \u00e9rdek\u00e9ben.","score":0,"formatted_price":"5 490 Ft","image_url":"https:\/\/www.meska.hu\/img\/product\/small\/d\/a\/darimi_product_702579_251114114440_698435.png","formatted_url":"https:\/\/www.meska.hu\/p5664530-egyedi-hazszamtabla-3d-nyomtatott-idojarasallo-asa","favourite":false,"in_stock":false,"avatar":"702579_avatar_1739694015.jpeg","delete_from":0,"is_enhanced_background":false,"is_enhanced":false,"product_selection_started":false,"is_active":true,"image_webp_url":"https:\/\/www.meska.hu\/img\/product\/small\/d\/a\/darimi_product_702579_251114114440_698435.webp"},{"id":"6159438","shop_id":"9161","user_id":"46614","shop_name":"derecskeimagdi","shop_zip":"5400","product_code":"5760950","product_name_old":null,"product_name":"Tulip\u00e1nos h\u00e1zsz\u00e1mt\u00e1bla ","category_string":"Otthon & \u00c9letm\u00f3d, H\u00e1z & Kert, H\u00e1zsz\u00e1m","technic_string":"Ker\u00e1mia, Mindenm\u00e1s","category_1":"813","category_2":"897","category_3":"431","category_4":"0","merged_category_1":null,"merged_category_2":null,"merged_category_3":null,"technic_1":"489","technic_2":"493","technic_3":"0","color_1":"519","color_2":"529","color_3":"0","product_description_old":null,"product_description":"K\u00e9zzel korongozott, v\u00f6r\u00f6sre \u00e9g\u0151 agyagb\u00f3l k\u00e9sz\u00fclt, h\u00e1zsz\u00e1mt\u00e1bla.M\u00e9rete:21 cm magas,21 cm sz\u00e9les. Rendel\u00e9sre k\u00e9sz\u00fcl b\u00e1rmilyen sz\u00e1mmal. Rendel\u00e9st\u0151l sz\u00e1m\u00edtva kb. 10 nap alatt k\u00e9sz\u00fcl el.","price":"9500.00","unit":"db","recommended":"0","status":"1","sponsored":"0","exp_notify":"0","own_material":"0","own_material_description_old":null,"own_material_description":"","jury":"0","jury_number":"","product_nature":"","meskaracsony":"0","create_date":"2026-03-22 19:13:58","shelve_id":"0","image":"derecskeimagdi_product_46614_260317184148_377917.jpeg","image_width":"480","image_height":"640","image_alt":"Tulip\u00e1nos h\u00e1zsz\u00e1mt\u00e1bla , K\u00e9zzel korongozott, v\u00f6r\u00f6sre \u00e9g\u0151 agyagb\u00f3l k\u00e9sz\u00fclt, h\u00e1zsz\u00e1mt\u00e1bla.M\u00e9rete:21 cm magas,21 cm sz\u00e9les. Rend..., Meska","image_title":"Tulip\u00e1nos h\u00e1zsz\u00e1mt\u00e1bla , Meska","view_count":"97","favourite_count":"1","trending_score":"0","last2MonthFavouriteCount":"1","promotion":"0","giftcard_accept":"1","creditcard_accept":false,"enhanced_background":"0","domain":"meska","specific_customer_id":null,"specific_customer_name":null,"to_order_product":"1","to_order_product_time":"12","product_different":null,"product_different_description":"","vintage":"0","vintage_category_id":"0","recycled":"0","gemstone_id":"0","customizable":"0","type_category":"physical","zerowaste":"0","postage_price":"1290.00","shop_order":"0","has_category":"1","landing_pages":null,"microdata":{"number":45,"category":""},"title":"Tulip\u00e1nos h\u00e1zsz\u00e1mt\u00e1bla ","description":"K\u00e9zzel korongozott, v\u00f6r\u00f6sre \u00e9g\u0151 agyagb\u00f3l k\u00e9sz\u00fclt, h\u00e1zsz\u00e1mt\u00e1bla.M\u00e9rete:21 cm magas,21 cm sz\u00e9les. Rendel\u00e9sre k\u00e9sz\u00fcl b\u00e1rmilyen sz\u00e1mmal. Rendel\u00e9st\u0151l sz\u00e1m\u00edtva kb. 10 nap alatt k\u00e9sz\u00fcl el.","score":0,"formatted_price":"9 500 Ft","image_url":"https:\/\/www.meska.hu\/img\/product\/small\/d\/e\/derecskeimagdi_product_46614_260317184148_377917.jpeg","formatted_url":"https:\/\/www.meska.hu\/p5760950-tulipanos-hazszamtabla","favourite":false,"in_stock":false,"avatar":"derecskeimagdi_avatar_46614.jpg","delete_from":0,"is_enhanced_background":false,"is_enhanced":false,"product_selection_started":false,"is_active":true,"image_webp_url":"https:\/\/www.meska.hu\/img\/product\/small\/d\/e\/derecskeimagdi_product_46614_260317184148_377917.webp"},{"id":"6163885","shop_id":"47945","user_id":"702579","shop_name":"Darimi","shop_zip":"2030","product_code":"5763035","product_name_old":null,"product_name":"Egyedi lovas h\u00e1zsz\u00e1mt\u00e1bla \u2013 k\u00fclt\u00e9ri, UV-\u00e1ll\u00f3 ASA","category_string":"Otthon & \u00c9letm\u00f3d, H\u00e1z & Kert, H\u00e1zsz\u00e1m","technic_string":"Mindenm\u00e1s","category_1":"813","category_2":"897","category_3":"431","category_4":"0","merged_category_1":null,"merged_category_2":null,"merged_category_3":null,"technic_1":"493","technic_2":"0","technic_3":"0","color_1":"519","color_2":"520","color_3":"527","product_description_old":null,"product_description":"Lovas mot\u00edvummal ell\u00e1tott egyedi h\u00e1zsz\u00e1mt\u00e1bla, amelyet a te h\u00e1zsz\u00e1moddal \u00e9s utcaneveddel k\u00e9sz\u00edt\u00fcnk el. A l\u00f3fej eleg\u00e1ns sziluettje \u00e9s a letisztult elrendez\u00e9s egy igaz\u00e1n nemes \u00e9s figyelemfelkelt\u0151 bej\u00e1rati dekor\u00e1ci\u00f3t alkot, amely b\u00fcszk\u00e9n hirdeti a lovak ir\u00e1nti szeretetet m\u00e1r a kapuban.\n\nM\u00c9RETEK\nN\u00e9gy m\u00e9retben rendelhet\u0151:\n\nS: 16 x 20 cm (alap\u00e1r: 3 400 Ft)\n\nM: 20 x 25 cm\n\nL: 25 x 30 cm\n\nXL: 29 x 35 cm \n\nA vastags\u00e1g 1,6 mm \u00e9s 5 mm k\u00f6z\u00f6tt v\u00e1laszthat\u00f3. M\u00edg a v\u00e9konyabb kivitel diszkr\u00e9t, a vastagabb t\u00e1bla massz\u00edv, pr\u00e9mium megjelen\u00e9st biztos\u00edt. Az S m\u00e9ret ide\u00e1lis kisebb bej\u00e1ratokhoz, az XL pedig tany\u00e1kra, nagyobb birtokokra vagy j\u00f3l l\u00e1that\u00f3 utcafronti ker\u00edt\u00e9sekre aj\u00e1nlott.\n\nSZ\u00cdNEK\nV\u00e1lassz a 8 alapvet\u0151 RAL sz\u00edn k\u00f6z\u00fcl, vagy k\u00e9rj egyedi \u00e1rnyalatot! A modern Prusa XL 5T technol\u00f3gia r\u00e9v\u00e9n a sz\u00ednek az anyag r\u00e9sz\u00e9t k\u00e9pezik, nem ut\u00f3lagos fest\u00e9s eredm\u00e9nyei. Ez biztos\u00edtja, hogy a t\u00e1bla nem kopik, nem h\u00e1mlik \u00e9s \u00e9vek m\u00falva is ugyanolyan \u00e9l\u00e9nk marad, mint a felszerel\u00e9s napj\u00e1n.\n\nANYAG\nA h\u00e1zsz\u00e1mt\u00e1bla speci\u00e1lis ASA m\u0171anyagb\u00f3l k\u00e9sz\u00fcl, amely a legmagasabb ig\u00e9nyeknek is megfelel:\n\nH\u0151- \u00e9s fagy\u00e1ll\u00f3: -30\u00b0C \u00e9s +80\u00b0C k\u00f6z\u00f6tt b\u00e1rmilyen id\u0151j\u00e1r\u00e1st kib\u00edr.\n\nUV-\u00e1ll\u00f3: A t\u0171z\u0151 napon sem fakul ki vagy s\u00e1rgul meg.\n\nId\u0151j\u00e1r\u00e1s\u00e1ll\u00f3: Teljesen ellen\u00e1ll az es\u0151nek, h\u00f3nak \u00e9s a p\u00e1r\u00e1nak.\n\nHossz\u00fa \u00e9lettartam: K\u00fclt\u00e9ren is tart\u00f3ss\u00e1g, egyszer\u0171, vizes tiszt\u00edthat\u00f3s\u00e1ggal.\n\nR\u00d6GZ\u00cdT\u00c9S\nA r\u00f6gz\u00edt\u00e9shez k\u00fclt\u00e9ri \u00e9p\u00edt\u00e9si ragaszt\u00f3t aj\u00e1nlunk, \u00edgy f\u00far\u00e1s n\u00e9lk\u00fcl, tiszt\u00e1n r\u00f6gz\u00edthet\u0151 b\u00e1rmilyen fel\u00fcletre. Amennyiben csavarozni szeretn\u00e9d, a rendel\u00e9skor jelezd, \u00e9s mi el\u0151re elk\u00e9sz\u00edtj\u00fck a furatokat a t\u00e1bl\u00e1n.\n\nRENDEL\u00c9S\nA rendel\u00e9s lead\u00e1sakor add meg az al\u00e1bbiakat:\n\nA pontos h\u00e1zsz\u00e1mot \u00e9s utcanevet.\n\nA k\u00edv\u00e1nt m\u00e9retet \u00e9s vastags\u00e1got.\n\nA v\u00e1lasztott sz\u00ednt.\n\nEgyedi k\u00e9r\u00e9sed van a l\u00f3 mozg\u00e1s\u00e1val vagy az elrendez\u00e9ssel kapcsolatban? \u00cdrj b\u00e1tran, \u00e9s seg\u00edt\u00fcnk a tervez\u00e9sben!\n\nMIRE J\u00d3?\nKiv\u00e1l\u00f3 v\u00e1laszt\u00e1s lovard\u00e1k bej\u00e1rat\u00e1hoz, tany\u00e1kra, vid\u00e9ki h\u00e1zakhoz vagy egyszer\u0171en csak a lovas \u00e9letm\u00f3d kedvel\u0151inek.\n\nAj\u00e1nd\u00e9knak is t\u00f6k\u00e9letes: H\u00e1zavat\u00f3ra, sz\u00fclet\u00e9snapra vagy lovas bar\u00e1toknak egyed\u00fcl\u00e1ll\u00f3 \u00e9s maradand\u00f3 meglepet\u00e9s. Ez a h\u00e1zsz\u00e1mt\u00e1bla praktikus funkci\u00f3ja mellett a h\u00e1z \u00e9kess\u00e9ge is lesz, aminek minden lovas garant\u00e1ltan \u00f6r\u00fclni fog.","price":"3400.00","unit":"db","recommended":"0","status":"1","sponsored":"0","exp_notify":"0","own_material":"0","own_material_description_old":null,"own_material_description":"","jury":"0","jury_number":"","product_nature":"","meskaracsony":"0","create_date":"2026-03-22 11:23:28","shelve_id":"79630","image":"darimi_product_702579_260322101300_861215.png","image_width":"480","image_height":"469","image_alt":"Egyedi lovas h\u00e1zsz\u00e1mt\u00e1bla \u2013 k\u00fclt\u00e9ri, UV-\u00e1ll\u00f3 ASA, Lovas mot\u00edvummal ell\u00e1tott egyedi h\u00e1zsz\u00e1mt\u00e1bla, amelyet a te h\u00e1zsz\u00e1moddal \u00e9s utcaneveddel k\u00e9sz\u00edt\u00fcnk e..., Meska","image_title":"Egyedi lovas h\u00e1zsz\u00e1mt\u00e1bla \u2013 k\u00fclt\u00e9ri, UV-\u00e1ll\u00f3 ASA, Meska","view_count":"50","favourite_count":"0","trending_score":"0","last2MonthFavouriteCount":"0","promotion":"0","giftcard_accept":"0","creditcard_accept":true,"enhanced_background":"0","domain":"meska","specific_customer_id":null,"specific_customer_name":null,"to_order_product":"1","to_order_product_time":"1","product_different":null,"product_different_description":"","vintage":"0","vintage_category_id":"0","recycled":"0","gemstone_id":"0","customizable":"1","type_category":"physical","zerowaste":"0","postage_price":"1349.00","shop_order":"0","has_category":"1","landing_pages":null,"microdata":{"number":46,"category":""},"title":"Egyedi lovas h\u00e1zsz\u00e1mt\u00e1bla \u2013 k\u00fclt\u00e9ri, UV-\u00e1ll\u00f3 ASA","description":"Lovas mot\u00edvummal ell\u00e1tott egyedi h\u00e1zsz\u00e1mt\u00e1bla, amelyet a te h\u00e1zsz\u00e1moddal \u00e9s utcaneveddel k\u00e9sz\u00edt\u00fcnk el. A l\u00f3fej eleg\u00e1ns sziluettje \u00e9s a letisztult elrendez\u00e9s egy igaz\u00e1n nemes \u00e9s figyelemfelkelt\u0151 bej\u00e1rati dekor\u00e1ci\u00f3t alkot, amely b\u00fcszk\u00e9n hirdeti a lovak ir\u00e1nti szeretetet m\u00e1r a kapuban.\n\nM\u00c9RETEK\nN\u00e9gy m\u00e9retben rendelhet\u0151:\n\nS: 16 x 20 cm (alap\u00e1r: 3 400 Ft)\n\nM: 20 x 25 cm\n\nL: 25 x 30 cm\n\nXL: 29 x 35 cm \n\nA vastags\u00e1g 1,6 mm \u00e9s 5 mm k\u00f6z\u00f6tt v\u00e1laszthat\u00f3. M\u00edg a v\u00e9konyabb kivitel diszkr\u00e9t, a vastagabb t\u00e1bla massz\u00edv, pr\u00e9mium megjelen\u00e9st biztos\u00edt. Az S m\u00e9ret ide\u00e1lis kisebb bej\u00e1ratokhoz, az XL pedig tany\u00e1kra, nagyobb birtokokra vagy j\u00f3l l\u00e1that\u00f3 utcafronti ker\u00edt\u00e9sekre aj\u00e1nlott.\n\nSZ\u00cdNEK\nV\u00e1lassz a 8 alapvet\u0151 RAL sz\u00edn k\u00f6z\u00fcl, vagy k\u00e9rj egyedi \u00e1rnyalatot! A modern Prusa XL 5T technol\u00f3gia r\u00e9v\u00e9n a sz\u00ednek az anyag r\u00e9sz\u00e9t k\u00e9pezik, nem ut\u00f3lagos fest\u00e9s eredm\u00e9nyei. Ez biztos\u00edtja, hogy a t\u00e1bla nem kopik, nem h\u00e1mlik \u00e9s \u00e9vek m\u00falva is ugyanolyan \u00e9l\u00e9nk marad, mint a felszerel\u00e9s napj\u00e1n.\n\nANYAG\nA h\u00e1zsz\u00e1mt\u00e1bla speci\u00e1lis ASA m\u0171anyagb\u00f3l k\u00e9sz\u00fcl, amely a legmagasabb ig\u00e9nyeknek is megfelel:\n\nH\u0151- \u00e9s fagy\u00e1ll\u00f3: -30\u00b0C \u00e9s +80\u00b0C k\u00f6z\u00f6tt b\u00e1rmilyen id\u0151j\u00e1r\u00e1st kib\u00edr.\n\nUV-\u00e1ll\u00f3: A t\u0171z\u0151 napon sem fakul ki vagy s\u00e1rgul meg.\n\nId\u0151j\u00e1r\u00e1s\u00e1ll\u00f3: Teljesen ellen\u00e1ll az es\u0151nek, h\u00f3nak \u00e9s a p\u00e1r\u00e1nak.\n\nHossz\u00fa \u00e9lettartam: K\u00fclt\u00e9ren is tart\u00f3ss\u00e1g, egyszer\u0171, vizes tiszt\u00edthat\u00f3s\u00e1ggal.\n\nR\u00d6GZ\u00cdT\u00c9S\nA r\u00f6gz\u00edt\u00e9shez k\u00fclt\u00e9ri \u00e9p\u00edt\u00e9si ragaszt\u00f3t aj\u00e1nlunk, \u00edgy f\u00far\u00e1s n\u00e9lk\u00fcl, tiszt\u00e1n r\u00f6gz\u00edthet\u0151 b\u00e1rmilyen fel\u00fcletre. Amennyiben csavarozni szeretn\u00e9d, a rendel\u00e9skor jelezd, \u00e9s mi el\u0151re elk\u00e9sz\u00edtj\u00fck a furatokat a t\u00e1bl\u00e1n.\n\nRENDEL\u00c9S\nA rendel\u00e9s lead\u00e1sakor add meg az al\u00e1bbiakat:\n\nA pontos h\u00e1zsz\u00e1mot \u00e9s utcanevet.\n\nA k\u00edv\u00e1nt m\u00e9retet \u00e9s vastags\u00e1got.\n\nA v\u00e1lasztott sz\u00ednt.\n\nEgyedi k\u00e9r\u00e9sed van a l\u00f3 mozg\u00e1s\u00e1val vagy az elrendez\u00e9ssel kapcsolatban? \u00cdrj b\u00e1tran, \u00e9s seg\u00edt\u00fcnk a tervez\u00e9sben!\n\nMIRE J\u00d3?\nKiv\u00e1l\u00f3 v\u00e1laszt\u00e1s lovard\u00e1k bej\u00e1rat\u00e1hoz, tany\u00e1kra, vid\u00e9ki h\u00e1zakhoz vagy egyszer\u0171en csak a lovas \u00e9letm\u00f3d kedvel\u0151inek.\n\nAj\u00e1nd\u00e9knak is t\u00f6k\u00e9letes: H\u00e1zavat\u00f3ra, sz\u00fclet\u00e9snapra vagy lovas bar\u00e1toknak egyed\u00fcl\u00e1ll\u00f3 \u00e9s maradand\u00f3 meglepet\u00e9s. Ez a h\u00e1zsz\u00e1mt\u00e1bla praktikus funkci\u00f3ja mellett a h\u00e1z \u00e9kess\u00e9ge is lesz, aminek minden lovas garant\u00e1ltan \u00f6r\u00fclni fog.","score":0,"formatted_price":"3 400 Ft","image_url":"https:\/\/www.meska.hu\/img\/product\/small\/d\/a\/darimi_product_702579_260322101300_861215.png","formatted_url":"https:\/\/www.meska.hu\/p5763035-egyedi-lovas-hazszamtabla-kulteri-uv-allo-asa","favourite":false,"in_stock":false,"avatar":"702579_avatar_1739694015.jpeg","delete_from":0,"is_enhanced_background":false,"is_enhanced":false,"product_selection_started":false,"is_active":true,"image_webp_url":"https:\/\/www.meska.hu\/img\/product\/small\/d\/a\/darimi_product_702579_260322101300_861215.webp"},{"id":"6163833","shop_id":"47945","user_id":"702579","shop_name":"Darimi","shop_zip":"2030","product_code":"5763012","product_name_old":null,"product_name":"Egyedi lovas h\u00e1zsz\u00e1mt\u00e1bla \u2013 k\u00fclt\u00e9ri, UV-\u00e1ll\u00f3 ASA","category_string":"Otthon & \u00c9letm\u00f3d, H\u00e1z & Kert, H\u00e1zsz\u00e1m","technic_string":"Mindenm\u00e1s","category_1":"813","category_2":"897","category_3":"431","category_4":"0","merged_category_1":null,"merged_category_2":null,"merged_category_3":null,"technic_1":"493","technic_2":"0","technic_3":"0","color_1":"519","color_2":"520","color_3":"527","product_description_old":null,"product_description":"Lovas mot\u00edvummal ell\u00e1tott egyedi h\u00e1zsz\u00e1mt\u00e1bla, amelyet a te h\u00e1zsz\u00e1moddal \u00e9s utcaneveddel k\u00e9sz\u00edt\u00fcnk el. A l\u00f3fej eleg\u00e1ns sziluettje \u00e9s a letisztult elrendez\u00e9s egy igaz\u00e1n nemes \u00e9s figyelemfelkelt\u0151 bej\u00e1rati dekor\u00e1ci\u00f3t alkot, amely b\u00fcszk\u00e9n hirdeti a lovak ir\u00e1nti szeretetet m\u00e1r a kapuban.\n\nM\u00c9RETEK\nN\u00e9gy m\u00e9retben rendelhet\u0151:\n\nS: 20 x 8 cm (alap\u00e1r: 5 490 Ft)\n\nM: 30 x 12 cm\n\nL: 35 x 14 cm\n\nXL: 40 x 16 cm\n\nA vastags\u00e1g 1,6 mm \u00e9s 8 mm k\u00f6z\u00f6tt v\u00e1laszthat\u00f3. M\u00edg a v\u00e9konyabb kivitel diszkr\u00e9t, a vastagabb t\u00e1bla massz\u00edv, pr\u00e9mium megjelen\u00e9st biztos\u00edt. Az S m\u00e9ret ide\u00e1lis kisebb bej\u00e1ratokhoz, az XL pedig tany\u00e1kra, nagyobb birtokokra vagy j\u00f3l l\u00e1that\u00f3 utcafronti ker\u00edt\u00e9sekre aj\u00e1nlott.\n\nSZ\u00cdNEK\nV\u00e1lassz a 8 alapvet\u0151 RAL sz\u00edn k\u00f6z\u00fcl, vagy k\u00e9rj egyedi \u00e1rnyalatot! A modern Prusa XL 5T technol\u00f3gia r\u00e9v\u00e9n a sz\u00ednek az anyag r\u00e9sz\u00e9t k\u00e9pezik, nem ut\u00f3lagos fest\u00e9s eredm\u00e9nyei. Ez biztos\u00edtja, hogy a t\u00e1bla nem kopik, nem h\u00e1mlik \u00e9s \u00e9vek m\u00falva is ugyanolyan \u00e9l\u00e9nk marad, mint a felszerel\u00e9s napj\u00e1n.\n\nANYAG\nA h\u00e1zsz\u00e1mt\u00e1bla speci\u00e1lis ASA m\u0171anyagb\u00f3l k\u00e9sz\u00fcl, amely a legmagasabb ig\u00e9nyeknek is megfelel:\n\nH\u0151- \u00e9s fagy\u00e1ll\u00f3: -30\u00b0C \u00e9s +80\u00b0C k\u00f6z\u00f6tt b\u00e1rmilyen id\u0151j\u00e1r\u00e1st kib\u00edr.\n\nUV-\u00e1ll\u00f3: A t\u0171z\u0151 napon sem fakul ki vagy s\u00e1rgul meg.\n\nId\u0151j\u00e1r\u00e1s\u00e1ll\u00f3: Teljesen ellen\u00e1ll az es\u0151nek, h\u00f3nak \u00e9s a p\u00e1r\u00e1nak.\n\nHossz\u00fa \u00e9lettartam: K\u00fclt\u00e9ren is tart\u00f3ss\u00e1g, egyszer\u0171, vizes tiszt\u00edthat\u00f3s\u00e1ggal.\n\nR\u00d6GZ\u00cdT\u00c9S\nA r\u00f6gz\u00edt\u00e9shez k\u00fclt\u00e9ri \u00e9p\u00edt\u00e9si ragaszt\u00f3t aj\u00e1nlunk, \u00edgy f\u00far\u00e1s n\u00e9lk\u00fcl, tiszt\u00e1n r\u00f6gz\u00edthet\u0151 b\u00e1rmilyen fel\u00fcletre. Amennyiben csavarozni szeretn\u00e9d, a rendel\u00e9skor jelezd, \u00e9s mi el\u0151re elk\u00e9sz\u00edtj\u00fck a furatokat a t\u00e1bl\u00e1n.\n\nRENDEL\u00c9S\nA rendel\u00e9s lead\u00e1sakor add meg az al\u00e1bbiakat:\n\nA pontos h\u00e1zsz\u00e1mot \u00e9s utcanevet.\n\nA k\u00edv\u00e1nt m\u00e9retet \u00e9s vastags\u00e1got.\n\nA v\u00e1lasztott sz\u00ednt.\n\nEgyedi k\u00e9r\u00e9sed van a l\u00f3 mozg\u00e1s\u00e1val vagy az elrendez\u00e9ssel kapcsolatban? \u00cdrj b\u00e1tran, \u00e9s seg\u00edt\u00fcnk a tervez\u00e9sben!\n\nMIRE J\u00d3?\nKiv\u00e1l\u00f3 v\u00e1laszt\u00e1s lovard\u00e1k bej\u00e1rat\u00e1hoz, tany\u00e1kra, vid\u00e9ki h\u00e1zakhoz vagy egyszer\u0171en csak a lovas \u00e9letm\u00f3d kedvel\u0151inek.\n\nAj\u00e1nd\u00e9knak is t\u00f6k\u00e9letes: H\u00e1zavat\u00f3ra, sz\u00fclet\u00e9snapra vagy lovas bar\u00e1toknak egyed\u00fcl\u00e1ll\u00f3 \u00e9s maradand\u00f3 meglepet\u00e9s. Ez a h\u00e1zsz\u00e1mt\u00e1bla praktikus funkci\u00f3ja mellett a h\u00e1z \u00e9kess\u00e9ge is lesz, aminek minden lovas garant\u00e1ltan \u00f6r\u00fclni fog.","price":"5490.00","unit":"db","recommended":"0","status":"1","sponsored":"0","exp_notify":"0","own_material":"0","own_material_description_old":null,"own_material_description":"","jury":"0","jury_number":"","product_nature":"","meskaracsony":"0","create_date":"2026-03-22 10:06:41","shelve_id":"79630","image":"darimi_product_702579_260322100633_408248.png","image_width":"480","image_height":"297","image_alt":"Egyedi lovas h\u00e1zsz\u00e1mt\u00e1bla \u2013 k\u00fclt\u00e9ri, UV-\u00e1ll\u00f3 ASA, Lovas mot\u00edvummal ell\u00e1tott egyedi h\u00e1zsz\u00e1mt\u00e1bla, amelyet a te h\u00e1zsz\u00e1moddal \u00e9s utcaneveddel k\u00e9sz\u00edt\u00fcnk e..., Meska","image_title":"Egyedi lovas h\u00e1zsz\u00e1mt\u00e1bla \u2013 k\u00fclt\u00e9ri, UV-\u00e1ll\u00f3 ASA, Meska","view_count":"39","favourite_count":"0","trending_score":"0","last2MonthFavouriteCount":"0","promotion":"0","giftcard_accept":"0","creditcard_accept":true,"enhanced_background":"0","domain":"meska","specific_customer_id":null,"specific_customer_name":null,"to_order_product":"1","to_order_product_time":"1","product_different":null,"product_different_description":"","vintage":"0","vintage_category_id":"0","recycled":"0","gemstone_id":"0","customizable":"1","type_category":"physical","zerowaste":"0","postage_price":"1349.00","shop_order":"0","has_category":"1","landing_pages":null,"microdata":{"number":47,"category":""},"title":"Egyedi lovas h\u00e1zsz\u00e1mt\u00e1bla \u2013 k\u00fclt\u00e9ri, UV-\u00e1ll\u00f3 ASA","description":"Lovas mot\u00edvummal ell\u00e1tott egyedi h\u00e1zsz\u00e1mt\u00e1bla, amelyet a te h\u00e1zsz\u00e1moddal \u00e9s utcaneveddel k\u00e9sz\u00edt\u00fcnk el. A l\u00f3fej eleg\u00e1ns sziluettje \u00e9s a letisztult elrendez\u00e9s egy igaz\u00e1n nemes \u00e9s figyelemfelkelt\u0151 bej\u00e1rati dekor\u00e1ci\u00f3t alkot, amely b\u00fcszk\u00e9n hirdeti a lovak ir\u00e1nti szeretetet m\u00e1r a kapuban.\n\nM\u00c9RETEK\nN\u00e9gy m\u00e9retben rendelhet\u0151:\n\nS: 20 x 8 cm (alap\u00e1r: 5 490 Ft)\n\nM: 30 x 12 cm\n\nL: 35 x 14 cm\n\nXL: 40 x 16 cm\n\nA vastags\u00e1g 1,6 mm \u00e9s 8 mm k\u00f6z\u00f6tt v\u00e1laszthat\u00f3. M\u00edg a v\u00e9konyabb kivitel diszkr\u00e9t, a vastagabb t\u00e1bla massz\u00edv, pr\u00e9mium megjelen\u00e9st biztos\u00edt. Az S m\u00e9ret ide\u00e1lis kisebb bej\u00e1ratokhoz, az XL pedig tany\u00e1kra, nagyobb birtokokra vagy j\u00f3l l\u00e1that\u00f3 utcafronti ker\u00edt\u00e9sekre aj\u00e1nlott.\n\nSZ\u00cdNEK\nV\u00e1lassz a 8 alapvet\u0151 RAL sz\u00edn k\u00f6z\u00fcl, vagy k\u00e9rj egyedi \u00e1rnyalatot! A modern Prusa XL 5T technol\u00f3gia r\u00e9v\u00e9n a sz\u00ednek az anyag r\u00e9sz\u00e9t k\u00e9pezik, nem ut\u00f3lagos fest\u00e9s eredm\u00e9nyei. Ez biztos\u00edtja, hogy a t\u00e1bla nem kopik, nem h\u00e1mlik \u00e9s \u00e9vek m\u00falva is ugyanolyan \u00e9l\u00e9nk marad, mint a felszerel\u00e9s napj\u00e1n.\n\nANYAG\nA h\u00e1zsz\u00e1mt\u00e1bla speci\u00e1lis ASA m\u0171anyagb\u00f3l k\u00e9sz\u00fcl, amely a legmagasabb ig\u00e9nyeknek is megfelel:\n\nH\u0151- \u00e9s fagy\u00e1ll\u00f3: -30\u00b0C \u00e9s +80\u00b0C k\u00f6z\u00f6tt b\u00e1rmilyen id\u0151j\u00e1r\u00e1st kib\u00edr.\n\nUV-\u00e1ll\u00f3: A t\u0171z\u0151 napon sem fakul ki vagy s\u00e1rgul meg.\n\nId\u0151j\u00e1r\u00e1s\u00e1ll\u00f3: Teljesen ellen\u00e1ll az es\u0151nek, h\u00f3nak \u00e9s a p\u00e1r\u00e1nak.\n\nHossz\u00fa \u00e9lettartam: K\u00fclt\u00e9ren is tart\u00f3ss\u00e1g, egyszer\u0171, vizes tiszt\u00edthat\u00f3s\u00e1ggal.\n\nR\u00d6GZ\u00cdT\u00c9S\nA r\u00f6gz\u00edt\u00e9shez k\u00fclt\u00e9ri \u00e9p\u00edt\u00e9si ragaszt\u00f3t aj\u00e1nlunk, \u00edgy f\u00far\u00e1s n\u00e9lk\u00fcl, tiszt\u00e1n r\u00f6gz\u00edthet\u0151 b\u00e1rmilyen fel\u00fcletre. Amennyiben csavarozni szeretn\u00e9d, a rendel\u00e9skor jelezd, \u00e9s mi el\u0151re elk\u00e9sz\u00edtj\u00fck a furatokat a t\u00e1bl\u00e1n.\n\nRENDEL\u00c9S\nA rendel\u00e9s lead\u00e1sakor add meg az al\u00e1bbiakat:\n\nA pontos h\u00e1zsz\u00e1mot \u00e9s utcanevet.\n\nA k\u00edv\u00e1nt m\u00e9retet \u00e9s vastags\u00e1got.\n\nA v\u00e1lasztott sz\u00ednt.\n\nEgyedi k\u00e9r\u00e9sed van a l\u00f3 mozg\u00e1s\u00e1val vagy az elrendez\u00e9ssel kapcsolatban? \u00cdrj b\u00e1tran, \u00e9s seg\u00edt\u00fcnk a tervez\u00e9sben!\n\nMIRE J\u00d3?\nKiv\u00e1l\u00f3 v\u00e1laszt\u00e1s lovard\u00e1k bej\u00e1rat\u00e1hoz, tany\u00e1kra, vid\u00e9ki h\u00e1zakhoz vagy egyszer\u0171en csak a lovas \u00e9letm\u00f3d kedvel\u0151inek.\n\nAj\u00e1nd\u00e9knak is t\u00f6k\u00e9letes: H\u00e1zavat\u00f3ra, sz\u00fclet\u00e9snapra vagy lovas bar\u00e1toknak egyed\u00fcl\u00e1ll\u00f3 \u00e9s maradand\u00f3 meglepet\u00e9s. Ez a h\u00e1zsz\u00e1mt\u00e1bla praktikus funkci\u00f3ja mellett a h\u00e1z \u00e9kess\u00e9ge is lesz, aminek minden lovas garant\u00e1ltan \u00f6r\u00fclni fog.","score":0,"formatted_price":"5 490 Ft","image_url":"https:\/\/www.meska.hu\/img\/product\/small\/d\/a\/darimi_product_702579_260322100633_408248.png","formatted_url":"https:\/\/www.meska.hu\/p5763012-egyedi-lovas-hazszamtabla-kulteri-uv-allo-asa","favourite":false,"in_stock":false,"avatar":"702579_avatar_1739694015.jpeg","delete_from":0,"is_enhanced_background":false,"is_enhanced":false,"product_selection_started":false,"is_active":true,"image_webp_url":"https:\/\/www.meska.hu\/img\/product\/small\/d\/a\/darimi_product_702579_260322100633_408248.webp"},{"id":"6163808","shop_id":"47945","user_id":"702579","shop_name":"Darimi","shop_zip":"2030","product_code":"5762994","product_name_old":null,"product_name":"Egyedi lovas h\u00e1zsz\u00e1mt\u00e1bla \u2013 k\u00fclt\u00e9ri, UV-\u00e1ll\u00f3 ASA","category_string":"Otthon & \u00c9letm\u00f3d, H\u00e1z & Kert, H\u00e1zsz\u00e1m","technic_string":"Mindenm\u00e1s","category_1":"813","category_2":"897","category_3":"431","category_4":"0","merged_category_1":null,"merged_category_2":null,"merged_category_3":null,"technic_1":"493","technic_2":"0","technic_3":"0","color_1":"519","color_2":"520","color_3":"527","product_description_old":null,"product_description":"Lovas mot\u00edvummal ell\u00e1tott egyedi h\u00e1zsz\u00e1mt\u00e1bla, amelyet a te h\u00e1zsz\u00e1moddal \u00e9s utcaneveddel k\u00e9sz\u00edt\u00fcnk el. A l\u00f3 eleg\u00e1ns \u00e9s dinamikus sziluettje, valamint a letisztult feliratok egy igaz\u00e1n nemes \u00e9s figyelemfelkelt\u0151 bej\u00e1rati dekor\u00e1ci\u00f3t alkotnak, amely b\u00fcszk\u00e9n hirdeti a lovak ir\u00e1nti szeretetet.\n\nM\u00c9RETEK\nN\u00e9gy m\u00e9retben rendelhet\u0151:\n\nS: 20 x 8 cm (alap\u00e1r: 5 490 Ft)\n\nM: 30 x 12 cm\n\nL: 35 x 14 cm\n\nXL: 40 x 16 cm\n\nA vastags\u00e1g 1,6 mm \u00e9s 8 mm k\u00f6z\u00f6tt v\u00e1laszthat\u00f3. M\u00edg a v\u00e9konyabb kivitel diszkr\u00e9t, a vastagabb t\u00e1bla massz\u00edv, pr\u00e9mium megjelen\u00e9st biztos\u00edt. Az S m\u00e9ret ide\u00e1lis kisebb bej\u00e1ratokhoz, az XL pedig tany\u00e1kra, nagyobb birtokokra vagy j\u00f3l l\u00e1that\u00f3 utcafronti ker\u00edt\u00e9sekre aj\u00e1nlott.\n\nSZ\u00cdNEK\nV\u00e1lassz a 8 alapvet\u0151 RAL sz\u00edn k\u00f6z\u00fcl, vagy k\u00e9rj egyedi \u00e1rnyalatot! A modern Prusa XL 5T technol\u00f3gia r\u00e9v\u00e9n a sz\u00ednek az anyag r\u00e9sz\u00e9t k\u00e9pezik, nem ut\u00f3lagos fest\u00e9s eredm\u00e9nyei. Ez biztos\u00edtja, hogy a t\u00e1bla nem kopik, nem h\u00e1mlik \u00e9s \u00e9vek m\u00falva is ugyanolyan \u00e9l\u00e9nk marad, mint a felszerel\u00e9s napj\u00e1n.\n\nANYAG\nA h\u00e1zsz\u00e1mt\u00e1bla speci\u00e1lis ASA m\u0171anyagb\u00f3l k\u00e9sz\u00fcl, amely a legmagasabb ig\u00e9nyeknek is megfelel:\n\nH\u0151- \u00e9s fagy\u00e1ll\u00f3: -30\u00b0C \u00e9s +80\u00b0C k\u00f6z\u00f6tt b\u00e1rmilyen id\u0151j\u00e1r\u00e1st kib\u00edr.\n\nUV-\u00e1ll\u00f3: A t\u0171z\u0151 napon sem fakul ki vagy s\u00e1rgul meg.\n\nId\u0151j\u00e1r\u00e1s\u00e1ll\u00f3: Teljesen ellen\u00e1ll az es\u0151nek, h\u00f3nak \u00e9s a p\u00e1r\u00e1nak.\n\nHossz\u00fa \u00e9lettartam: K\u00fclt\u00e9ren is tart\u00f3ss\u00e1g, egyszer\u0171, vizes tiszt\u00edthat\u00f3s\u00e1ggal.\n\nR\u00d6GZ\u00cdT\u00c9S\nA r\u00f6gz\u00edt\u00e9shez k\u00fclt\u00e9ri \u00e9p\u00edt\u00e9si ragaszt\u00f3t aj\u00e1nlunk, \u00edgy f\u00far\u00e1s n\u00e9lk\u00fcl, tiszt\u00e1n r\u00f6gz\u00edthet\u0151 b\u00e1rmilyen fel\u00fcletre. Amennyiben csavarozni szeretn\u00e9d, a rendel\u00e9skor jelezd, \u00e9s mi el\u0151re elk\u00e9sz\u00edtj\u00fck a furatokat a t\u00e1bl\u00e1n.\n\nRENDEL\u00c9S\nA rendel\u00e9s lead\u00e1sakor add meg az al\u00e1bbiakat:\n\nA pontos h\u00e1zsz\u00e1mot \u00e9s utcanevet.\n\nA k\u00edv\u00e1nt m\u00e9retet \u00e9s vastags\u00e1got.\n\nA v\u00e1lasztott sz\u00ednt.\n\nEgyedi k\u00e9r\u00e9sed van a l\u00f3 mozg\u00e1s\u00e1val vagy az elrendez\u00e9ssel kapcsolatban? \u00cdrj b\u00e1tran, \u00e9s seg\u00edt\u00fcnk a tervez\u00e9sben!\n\nMIRE J\u00d3?\nKiv\u00e1l\u00f3 v\u00e1laszt\u00e1s lovard\u00e1k bej\u00e1rat\u00e1hoz, tany\u00e1kra, vid\u00e9ki h\u00e1zakhoz vagy egyszer\u0171en csak a lovas \u00e9letm\u00f3d kedvel\u0151inek.\n\nAj\u00e1nd\u00e9knak is t\u00f6k\u00e9letes: H\u00e1zavat\u00f3ra, sz\u00fclet\u00e9snapra vagy lovas bar\u00e1toknak egyed\u00fcl\u00e1ll\u00f3 \u00e9s maradand\u00f3 meglepet\u00e9s. Ez a h\u00e1zsz\u00e1mt\u00e1bla praktikus funkci\u00f3ja mellett a h\u00e1z \u00e9kess\u00e9ge is lesz, aminek minden lovas garant\u00e1ltan \u00f6r\u00fclni fog.","price":"5490.00","unit":"db","recommended":"0","status":"1","sponsored":"0","exp_notify":"0","own_material":"0","own_material_description_old":null,"own_material_description":"","jury":"0","jury_number":"","product_nature":"","meskaracsony":"0","create_date":"2026-03-22 09:53:53","shelve_id":"79630","image":"darimi_product_702579_260322094939_52680.png","image_width":"480","image_height":"320","image_alt":"Egyedi lovas h\u00e1zsz\u00e1mt\u00e1bla \u2013 k\u00fclt\u00e9ri, UV-\u00e1ll\u00f3 ASA, Lovas mot\u00edvummal ell\u00e1tott egyedi h\u00e1zsz\u00e1mt\u00e1bla, amelyet a te h\u00e1zsz\u00e1moddal \u00e9s utcaneveddel k\u00e9sz\u00edt\u00fcnk e..., Meska","image_title":"Egyedi lovas h\u00e1zsz\u00e1mt\u00e1bla \u2013 k\u00fclt\u00e9ri, UV-\u00e1ll\u00f3 ASA, Meska","view_count":"58","favourite_count":"0","trending_score":"0","last2MonthFavouriteCount":"0","promotion":"0","giftcard_accept":"0","creditcard_accept":true,"enhanced_background":"0","domain":"meska","specific_customer_id":null,"specific_customer_name":null,"to_order_product":"1","to_order_product_time":"1","product_different":null,"product_different_description":"","vintage":"0","vintage_category_id":"0","recycled":"0","gemstone_id":"0","customizable":"1","type_category":"physical","zerowaste":"0","postage_price":"1349.00","shop_order":"0","has_category":"1","landing_pages":null,"microdata":{"number":48,"category":""},"title":"Egyedi lovas h\u00e1zsz\u00e1mt\u00e1bla \u2013 k\u00fclt\u00e9ri, UV-\u00e1ll\u00f3 ASA","description":"Lovas mot\u00edvummal ell\u00e1tott egyedi h\u00e1zsz\u00e1mt\u00e1bla, amelyet a te h\u00e1zsz\u00e1moddal \u00e9s utcaneveddel k\u00e9sz\u00edt\u00fcnk el. A l\u00f3 eleg\u00e1ns \u00e9s dinamikus sziluettje, valamint a letisztult feliratok egy igaz\u00e1n nemes \u00e9s figyelemfelkelt\u0151 bej\u00e1rati dekor\u00e1ci\u00f3t alkotnak, amely b\u00fcszk\u00e9n hirdeti a lovak ir\u00e1nti szeretetet.\n\nM\u00c9RETEK\nN\u00e9gy m\u00e9retben rendelhet\u0151:\n\nS: 20 x 8 cm (alap\u00e1r: 5 490 Ft)\n\nM: 30 x 12 cm\n\nL: 35 x 14 cm\n\nXL: 40 x 16 cm\n\nA vastags\u00e1g 1,6 mm \u00e9s 8 mm k\u00f6z\u00f6tt v\u00e1laszthat\u00f3. M\u00edg a v\u00e9konyabb kivitel diszkr\u00e9t, a vastagabb t\u00e1bla massz\u00edv, pr\u00e9mium megjelen\u00e9st biztos\u00edt. Az S m\u00e9ret ide\u00e1lis kisebb bej\u00e1ratokhoz, az XL pedig tany\u00e1kra, nagyobb birtokokra vagy j\u00f3l l\u00e1that\u00f3 utcafronti ker\u00edt\u00e9sekre aj\u00e1nlott.\n\nSZ\u00cdNEK\nV\u00e1lassz a 8 alapvet\u0151 RAL sz\u00edn k\u00f6z\u00fcl, vagy k\u00e9rj egyedi \u00e1rnyalatot! A modern Prusa XL 5T technol\u00f3gia r\u00e9v\u00e9n a sz\u00ednek az anyag r\u00e9sz\u00e9t k\u00e9pezik, nem ut\u00f3lagos fest\u00e9s eredm\u00e9nyei. Ez biztos\u00edtja, hogy a t\u00e1bla nem kopik, nem h\u00e1mlik \u00e9s \u00e9vek m\u00falva is ugyanolyan \u00e9l\u00e9nk marad, mint a felszerel\u00e9s napj\u00e1n.\n\nANYAG\nA h\u00e1zsz\u00e1mt\u00e1bla speci\u00e1lis ASA m\u0171anyagb\u00f3l k\u00e9sz\u00fcl, amely a legmagasabb ig\u00e9nyeknek is megfelel:\n\nH\u0151- \u00e9s fagy\u00e1ll\u00f3: -30\u00b0C \u00e9s +80\u00b0C k\u00f6z\u00f6tt b\u00e1rmilyen id\u0151j\u00e1r\u00e1st kib\u00edr.\n\nUV-\u00e1ll\u00f3: A t\u0171z\u0151 napon sem fakul ki vagy s\u00e1rgul meg.\n\nId\u0151j\u00e1r\u00e1s\u00e1ll\u00f3: Teljesen ellen\u00e1ll az es\u0151nek, h\u00f3nak \u00e9s a p\u00e1r\u00e1nak.\n\nHossz\u00fa \u00e9lettartam: K\u00fclt\u00e9ren is tart\u00f3ss\u00e1g, egyszer\u0171, vizes tiszt\u00edthat\u00f3s\u00e1ggal.\n\nR\u00d6GZ\u00cdT\u00c9S\nA r\u00f6gz\u00edt\u00e9shez k\u00fclt\u00e9ri \u00e9p\u00edt\u00e9si ragaszt\u00f3t aj\u00e1nlunk, \u00edgy f\u00far\u00e1s n\u00e9lk\u00fcl, tiszt\u00e1n r\u00f6gz\u00edthet\u0151 b\u00e1rmilyen fel\u00fcletre. Amennyiben csavarozni szeretn\u00e9d, a rendel\u00e9skor jelezd, \u00e9s mi el\u0151re elk\u00e9sz\u00edtj\u00fck a furatokat a t\u00e1bl\u00e1n.\n\nRENDEL\u00c9S\nA rendel\u00e9s lead\u00e1sakor add meg az al\u00e1bbiakat:\n\nA pontos h\u00e1zsz\u00e1mot \u00e9s utcanevet.\n\nA k\u00edv\u00e1nt m\u00e9retet \u00e9s vastags\u00e1got.\n\nA v\u00e1lasztott sz\u00ednt.\n\nEgyedi k\u00e9r\u00e9sed van a l\u00f3 mozg\u00e1s\u00e1val vagy az elrendez\u00e9ssel kapcsolatban? \u00cdrj b\u00e1tran, \u00e9s seg\u00edt\u00fcnk a tervez\u00e9sben!\n\nMIRE J\u00d3?\nKiv\u00e1l\u00f3 v\u00e1laszt\u00e1s lovard\u00e1k bej\u00e1rat\u00e1hoz, tany\u00e1kra, vid\u00e9ki h\u00e1zakhoz vagy egyszer\u0171en csak a lovas \u00e9letm\u00f3d kedvel\u0151inek.\n\nAj\u00e1nd\u00e9knak is t\u00f6k\u00e9letes: H\u00e1zavat\u00f3ra, sz\u00fclet\u00e9snapra vagy lovas bar\u00e1toknak egyed\u00fcl\u00e1ll\u00f3 \u00e9s maradand\u00f3 meglepet\u00e9s. Ez a h\u00e1zsz\u00e1mt\u00e1bla praktikus funkci\u00f3ja mellett a h\u00e1z \u00e9kess\u00e9ge is lesz, aminek minden lovas garant\u00e1ltan \u00f6r\u00fclni fog.","score":0,"formatted_price":"5 490 Ft","image_url":"https:\/\/www.meska.hu\/img\/product\/small\/d\/a\/darimi_product_702579_260322094939_52680.png","formatted_url":"https:\/\/www.meska.hu\/p5762994-egyedi-lovas-hazszamtabla-kulteri-uv-allo-asa","favourite":false,"in_stock":false,"avatar":"702579_avatar_1739694015.jpeg","delete_from":0,"is_enhanced_background":false,"is_enhanced":false,"product_selection_started":false,"is_active":true,"image_webp_url":"https:\/\/www.meska.hu\/img\/product\/small\/d\/a\/darimi_product_702579_260322094939_52680.webp"},{"id":"3466482","shop_id":"12524","user_id":"54127","shop_name":"Kiokumitsu","shop_zip":"1155","product_code":"2247104","product_name_old":null,"product_name":"H\u00e1zsz\u00e1mt\u00e1bla - fels\u0151\u00edves","category_string":"Otthon & \u00c9letm\u00f3d, H\u00e1z & Kert, H\u00e1zsz\u00e1m","technic_string":"Fot\u00f3, grafika, rajz, illusztr\u00e1ci\u00f3, Mindenm\u00e1s","category_1":"813","category_2":"897","category_3":"431","category_4":"0","merged_category_1":"0","merged_category_2":"0","merged_category_3":"0","technic_1":"483","technic_2":"493","technic_3":"0","color_1":"516","color_2":"519","color_3":"523","product_description_old":null,"product_description":"A h\u00e1zsz\u00e1mt\u00e1bla utal az utca elnevez\u00e9s\u00e9re. Vagyis a b\u00f6gre h\u00e1zsz\u00e1mt\u00e1bla b\u00f6gr\u00e9t \u00e1br\u00e1zol az utcaelnevez\u00e9s mellett. Amennyiben az utca neve olyan, hogy nem lehet szeml\u00e9ltetni hasonl\u00f3 k\u00e9pet, v\u00e1laszthat\u00f3 b\u00e1rmilyen k\u00e9p \u00e9s\/vagy h\u00e1tt\u00e9r hozz\u00e1! \nEgyedi - saj\u00e1t - tervez\u00e9s\u0171 grafika \u00e9s saj\u00e1t kivitelez\u00e9s, bele\u00e9rtve a kiv\u00e1g\u00e1st is.\nA megjegyz\u00e9s rovatban tudja majd megadni a t\u00e1bl\u00e1ra fel\u00edrand\u00f3 sz\u00f6veget.\n\nA t\u00e1bla alapm\u00e9rete: 25 x 16 cm, de k\u00e9rhet\u0151 nagyobb v\u00e1ltozat is.\nA t\u00e1bla anyaga: Ongrofoam, egy speci\u00e1lis UV \u00e1ll\u00f3 m\u0171anyag, Id\u0151j\u00e1r\u00e1s\u00e1ll\u00f3.\n\nK\u00e9rem olvassal el az \u00e1ltal\u00e1nos szerz\u0151d\u00e9si felt\u00e9teleket (\u00c1SZF), melyet a term\u00e9k megv\u00e1s\u00e1rl\u00e1val \u00f6n elfogadott.\n\n","price":"4190.00","unit":"db","recommended":"0","status":"1","sponsored":"0","exp_notify":"0","own_material":"0","own_material_description_old":null,"own_material_description":"","jury":"0","jury_number":"","product_nature":"","meskaracsony":"0","create_date":"2026-03-22 00:56:34","shelve_id":"44100","image":"kiokumitsu_product_54127_150831111346_772679.jpeg","image_width":"480","image_height":"480","image_alt":"H\u00e1zsz\u00e1mt\u00e1bla - fels\u0151\u00edves, A h\u00e1zsz\u00e1mt\u00e1bla utal az utca elnevez\u00e9s\u00e9re. Vagyis a b\u00f6gre h\u00e1zsz\u00e1mt\u00e1bla b\u00f6gr\u00e9t \u00e1br\u00e1zol az utcaelnevez\u00e9..., Meska","image_title":"H\u00e1zsz\u00e1mt\u00e1bla - fels\u0151\u00edves, Meska","view_count":"1453","favourite_count":"0","trending_score":"0","last2MonthFavouriteCount":"0","promotion":"0","giftcard_accept":"1","creditcard_accept":true,"enhanced_background":"0","domain":"meska","specific_customer_id":null,"specific_customer_name":null,"to_order_product":"1","to_order_product_time":"12","product_different":"different","product_different_description":"A k\u00e9perny\u0151n l\u00e1that\u00f3 sz\u00ednek felbont\u00e1sa \u00e9s a nyomdai sz\u00ednek felbont\u00e1sa kis m\u00e9rt\u00e9kben elt\u00e9rhet!\n","vintage":"0","vintage_category_id":"0","recycled":"0","gemstone_id":"0","customizable":"0","type_category":"physical","zerowaste":"0","postage_price":"2390.00","shop_order":"0","has_category":"1","landing_pages":null,"microdata":{"number":49,"category":""},"title":"H\u00e1zsz\u00e1mt\u00e1bla - fels\u0151\u00edves","description":"A h\u00e1zsz\u00e1mt\u00e1bla utal az utca elnevez\u00e9s\u00e9re. Vagyis a b\u00f6gre h\u00e1zsz\u00e1mt\u00e1bla b\u00f6gr\u00e9t \u00e1br\u00e1zol az utcaelnevez\u00e9s mellett. Amennyiben az utca neve olyan, hogy nem lehet szeml\u00e9ltetni hasonl\u00f3 k\u00e9pet, v\u00e1laszthat\u00f3 b\u00e1rmilyen k\u00e9p \u00e9s\/vagy h\u00e1tt\u00e9r hozz\u00e1! \nEgyedi - saj\u00e1t - tervez\u00e9s\u0171 grafika \u00e9s saj\u00e1t kivitelez\u00e9s, bele\u00e9rtve a kiv\u00e1g\u00e1st is.\nA megjegyz\u00e9s rovatban tudja majd megadni a t\u00e1bl\u00e1ra fel\u00edrand\u00f3 sz\u00f6veget.\n\nA t\u00e1bla alapm\u00e9rete: 25 x 16 cm, de k\u00e9rhet\u0151 nagyobb v\u00e1ltozat is.\nA t\u00e1bla anyaga: Ongrofoam, egy speci\u00e1lis UV \u00e1ll\u00f3 m\u0171anyag, Id\u0151j\u00e1r\u00e1s\u00e1ll\u00f3.\n\nK\u00e9rem olvassal el az \u00e1ltal\u00e1nos szerz\u0151d\u00e9si felt\u00e9teleket (\u00c1SZF), melyet a term\u00e9k megv\u00e1s\u00e1rl\u00e1val \u00f6n elfogadott.\n\n","score":0,"formatted_price":"4 190 Ft","image_url":"https:\/\/www.meska.hu\/img\/product\/small\/k\/i\/kiokumitsu_product_54127_150831111346_772679.jpeg","formatted_url":"https:\/\/www.meska.hu\/p2247104-hazszamtabla-felsoives","favourite":false,"in_stock":false,"avatar":"Kiokumitsu_avatar_54127_1676920383.jpg","delete_from":0,"is_enhanced_background":false,"is_enhanced":false,"product_selection_started":false,"is_active":true,"image_webp_url":"https:\/\/www.meska.hu\/img\/product\/small\/k\/i\/kiokumitsu_product_54127_150831111346_772679.webp"},{"id":"6014629","shop_id":"47945","user_id":"702579","shop_name":"Darimi","shop_zip":"2030","product_code":"5681787","product_name_old":null,"product_name":"Egyedi cic\u00e1s h\u00e1zsz\u00e1mt\u00e1bla - macsk\u00e1s h\u00e1zsz\u00e1m k\u00fclt\u00e9ri UV-\u00e1ll\u00f3 t\u00e1bla, szem\u00e9lyre szabott","category_string":"Otthon & \u00c9letm\u00f3d, H\u00e1z & Kert, H\u00e1zsz\u00e1m","technic_string":"Mindenm\u00e1s","category_1":"813","category_2":"897","category_3":"431","category_4":"0","merged_category_1":null,"merged_category_2":null,"merged_category_3":null,"technic_1":"493","technic_2":"0","technic_3":"0","color_1":"519","color_2":"520","color_3":"527","product_description_old":null,"product_description":"Cic\u00e1s mot\u00edvumos egyedi h\u00e1zsz\u00e1mt\u00e1bla, amelyen egy cica sziluettje teszi k\u00fcl\u00f6nlegess\u00e9 a h\u00e1zsz\u00e1modat. Ha macsk\u00e1s vagy, \u00e9s szeretn\u00e9d, hogy az otthonod bej\u00e1rata is t\u00fckr\u00f6zze a cicaszeretetedet, ez a t\u00e1bla pontosan neked val\u00f3. A kedves cic\u00e1s mot\u00edvum m\u00e1r a kapun\u00e1l jelzi az \u00e9rkez\u0151knek, hogy itt egy igazi macskabar\u00e1t csal\u00e1d lakik.\n\nMERETEK\n\nV\u00e1laszthat\u00f3 m\u00e9retek:\n- S: 20 x 8 cm (alap\u00e1r: 5 490 Ft) - kisebb kapura, postal\u00e1da mell\u00e9\n- M: 30 x 12 cm - \u00e1tlagos ker\u00edt\u00e9sre, kapura\n- L: 35 x 14 cm - j\u00f3l l\u00e1that\u00f3, utc\u00e1r\u00f3l is olvashat\u00f3\n- XL: 40 x 16 cm - nagy ker\u00edt\u00e9sen, utcafronti falon \u00e9rv\u00e9nyes\u00fcl igaz\u00e1n\n\nA vastags\u00e1g 1,6 mm-t\u0151l 8 mm-ig \u00e1ll\u00edthat\u00f3 ig\u00e9ny szerint. V\u00e9kony t\u00e1bla diszkr\u00e9t, eleg\u00e1ns; vastag t\u00e1bla mark\u00e1nsabb megjelen\u00e9st ad.\n\nSZINEK\n\n9 el\u0151re kiv\u00e1lasztott RAL sz\u00edn k\u00f6z\u00fcl v\u00e1laszthatsz, \u00e9s egyedi sz\u00edn is k\u00e9rhet\u0151. A sz\u00ednek RAL ipari sz\u00ednsk\u00e1l\u00e1b\u00f3l val\u00f3k, Prusa XL 5T nyomtat\u00f3val ak\u00e1r 5 sz\u00ednben k\u00e9sz\u00fcl fest\u00e9s n\u00e9lk\u00fcl. A sz\u00edn az anyagban van, nem kopik le, nem h\u00e1mlaszthat\u00f3. Ez az ipari elj\u00e1r\u00e1s biztos\u00edtja, hogy a t\u00e1bla sz\u00ednei \u00e9vtizeden \u00e1t v\u00e1ltozatlanok maradjanak, m\u00e9g k\u00f6zvetlen naps\u00fct\u00e9sben is.\n\nA sz\u00e9lesebb sz\u00ednpaletta lehet\u0151s\u00e9get ad arra, hogy a h\u00e1zad homlokzat\u00e1hoz vagy a ker\u00edt\u00e9sed sz\u00edn\u00e9hez t\u00f6k\u00e9letesen passzol\u00f3 \u00e1rnyalatot v\u00e1lassz.\n\nANYAG\n\nA t\u00e1bla ASA ipari m\u0171anyagb\u00f3l k\u00e9sz\u00fcl, amely k\u00fclt\u00e9ri tart\u00f3s haszn\u00e1latra fejlesztett anyag. Ellen\u00e1ll az id\u0151j\u00e1r\u00e1s minden viszontags\u00e1g\u00e1nak: -30 fokt\u00f3l +80 fokig b\u00edrja a hideget \u00e9s a meleget egyar\u00e1nt. UV-\u00e1ll\u00f3, teh\u00e1t a nap nem fak\u00edtja ki a sz\u00edneket. Es\u0151\u00e1ll\u00f3 \u00e9s fagy\u00e1ll\u00f3, \u00edgy t\u00e9len-ny\u00e1ron kint maradhat. A fel\u00fclet szat\u00e9n hat\u00e1s\u00fa, a t\u00e1bla s\u00edk kivitel\u0171, nem dombor\u00fa.\n\nA t\u00e1bla k\u00fclt\u00e9ri \u00e9lettartama meghaladja a 10 \u00e9vet. Az ASA anyag minim\u00e1lis karbantart\u00e1st ig\u00e9nyel, el\u00e9g alkalmank\u00e9nt egy nedves ruh\u00e1val \u00e1tt\u00f6r\u00f6lni.\n\nROGZITES\n\nK\u00fclt\u00e9ri \u00e9p\u00edt\u00e9si ragaszt\u00f3val a legegyszer\u0171bb felhelyezni falra, ker\u00edt\u00e9sre vagy kapura. Nem kell hozz\u00e1 f\u00far\u00e1s, \u00e9s tart\u00f3san r\u00f6gz\u00edt. Ha szeretn\u00e9d, furatokkal is k\u00e9rheted a t\u00e1bl\u00e1t, ezt rendel\u00e9skor jelezd. A ragaszt\u00f3s r\u00f6gz\u00edt\u00e9s nem rong\u00e1lja a fel\u00fcletet, \u00e9s sz\u00fcks\u00e9g eset\u00e9n a t\u00e1bla \u00e1thelyezhet\u0151.\n\nHOGYAN RENDELHETSZ?\n\nRendel\u00e9skor add meg a k\u00edv\u00e1nt h\u00e1zsz\u00e1mot vagy utcanevet, v\u00e1laszd ki a m\u00e9retet, vastags\u00e1got \u00e9s sz\u00ednt. Egyedi k\u00e9r\u00e9seket is sz\u00edvesen fogadunk: ha p\u00e9ld\u00e1ul m\u00e1s elrendez\u00e9st vagy kieg\u00e9sz\u00edt\u0151 sz\u00f6veget szeretn\u00e9l a t\u00e1bl\u00e1n, \u00edrj \u00fczenetet \u00e9s egyeztet\u00fcnk.\n\nMIRE JO?\n\nMacsk\u00e1s h\u00e1ztart\u00e1sokban a cica nem egyszer\u0171en h\u00e1zi\u00e1llat, hanem a csal\u00e1d tagja. Ez a h\u00e1zsz\u00e1mt\u00e1bla a bej\u00e1ratn\u00e1l jelzi, hogy itt macskaim\u00e1d\u00f3k laknak. A cic\u00e1s mot\u00edvum visszafogott, m\u00e9gis kedves, \u00e9s a legt\u00f6bb homlokzathoz, ker\u00edt\u00e9sst\u00edlushoz remek\u00fcl illeszkedik.\n\n- Macsk\u00e1s csal\u00e1d bej\u00e1rat\u00e1nak d\u00edsz\u00edt\u00e9s\u00e9re\n- H\u00e1zavat\u00f3ra, sz\u00fclet\u00e9snapra, n\u00e9vnapra cic\u00e1s ismer\u0151s\u00f6knek\n- Any\u00e1k napj\u00e1ra is remek meglepet\u00e9s\n- Tavaszi kertsz\u00e9p\u00edt\u00e9shez, \u0151szi fel\u00faj\u00edt\u00e1shoz, k\u00f6lt\u00f6z\u00e9shez\n\nKAPCSOLODO TERMEKEK\n\nHa a macska t\u00e9ma tetszik, n\u00e9zd meg a boltunkban el\u00e9rhet\u0151 brit r\u00f6vidsz\u0151r\u0171 cic\u00e1s h\u00e1zsz\u00e1mt\u00e1bl\u00e1t is, amely egy konkr\u00e9t fajt\u00e1t \u00e1br\u00e1zol. A kapcsol\u00f3d\u00edszeink k\u00f6z\u00f6tt is tal\u00e1lsz cic\u00e1s darabokat: a k\u00e9t cic\u00e1s kapcsol\u00f3d\u00edsz \u00e9s a kukucsk\u00e1l\u00f3 cic\u00e1s v\u00e1ltozat a bels\u0151 terekben folytatja a macsk\u00e1s hangulatot. Egy cic\u00e1s h\u00e1zsz\u00e1mt\u00e1bla \u00e9s egy cic\u00e1s kapcsol\u00f3d\u00edsz egy\u00fctt igaz\u00e1n \u00f6tletes aj\u00e1nd\u00e9kcsomag macskabar\u00e1toknak.\n\nKuty\u00e1s h\u00e1ztart\u00e1sba is k\u00edn\u00e1lunk hasonl\u00f3 h\u00e1zsz\u00e1mt\u00e1bl\u00e1kat: mopsz, n\u00e9met juh\u00e1sz, tacsk\u00f3, golden retriever \u00e9s corgi mot\u00edvummal. Mad\u00e1rp\u00e1ros, pillang\u00f3s, pingvines \u00e9s sportmot\u00edvumos v\u00e1ltozataink is vannak, \u00edgy szinte minden \u00e9rdekl\u0151d\u00e9shez tal\u00e1lsz megfelel\u0151 h\u00e1zsz\u00e1mt\u00e1bl\u00e1t a k\u00edn\u00e1latunkban. A postal\u00e1d\u00e1ra \u00f6n\u00e1ll\u00f3 sz\u00e1mjegyeket is rendelhetsz, ha a bej\u00e1rat egys\u00e9ges megjelen\u00e9s\u00e9t szeretn\u00e9d. Ha teljesen egyedi mot\u00edvumot szeretn\u00e9l, k\u00e9sz\u00edt\u00fcnk egyedi tervez\u00e9s\u0171 h\u00e1zsz\u00e1mt\u00e1bl\u00e1t is.\n\nMinden term\u00e9k\u00fcnket egyedileg, rendel\u00e9sre k\u00e9sz\u00edtj\u00fck. K\u00e9rd\u00e9sed van? \u00cdrj b\u00e1tran, gyorsan v\u00e1laszolunk. N\u00e9zd meg a t\u00f6bbi term\u00e9k\u00fcnket is, h\u00e1tha tal\u00e1lsz m\u00e9g valamit, ami tetszik.","price":"5490.00","unit":"db","recommended":"0","status":"1","sponsored":"0","exp_notify":"0","own_material":"0","own_material_description_old":null,"own_material_description":"","jury":"0","jury_number":"","product_nature":"","meskaracsony":"0","create_date":"2026-03-21 22:24:49","shelve_id":"79630","image":"darimi_product_702579_251124201324_275742.png","image_width":"480","image_height":"279","image_alt":"Egyedi cic\u00e1s h\u00e1zsz\u00e1mt\u00e1bla - macsk\u00e1s h\u00e1zsz\u00e1m k\u00fclt\u00e9ri UV-\u00e1ll\u00f3 t\u00e1bla, szem\u00e9lyre szabott, Cic\u00e1s mot\u00edvumos egyedi h\u00e1zsz\u00e1mt\u00e1bla, amelyen egy cica sziluettje teszi k\u00fcl\u00f6nlegess\u00e9 a h\u00e1zsz\u00e1modat. H..., Meska","image_title":"Egyedi cic\u00e1s h\u00e1zsz\u00e1mt\u00e1bla - macsk\u00e1s h\u00e1zsz\u00e1m k\u00fclt\u00e9ri UV-\u00e1ll\u00f3 t\u00e1bla, szem\u00e9lyre szabott, Meska","view_count":"2708","favourite_count":"0","trending_score":"0","last2MonthFavouriteCount":"0","promotion":"0","giftcard_accept":"0","creditcard_accept":true,"enhanced_background":"0","domain":"meska","specific_customer_id":null,"specific_customer_name":null,"to_order_product":"1","to_order_product_time":"1","product_different":null,"product_different_description":"","vintage":"0","vintage_category_id":"0","recycled":"0","gemstone_id":"0","customizable":"1","type_category":"physical","zerowaste":"0","postage_price":"1349.00","shop_order":"0","has_category":"1","landing_pages":null,"microdata":{"number":50,"category":""},"title":"Egyedi cic\u00e1s h\u00e1zsz\u00e1mt\u00e1bla - macsk\u00e1s h\u00e1zsz\u00e1m k\u00fclt\u00e9ri UV-\u00e1ll\u00f3 t\u00e1bla, szem\u00e9lyre szabott","description":"Cic\u00e1s mot\u00edvumos egyedi h\u00e1zsz\u00e1mt\u00e1bla, amelyen egy cica sziluettje teszi k\u00fcl\u00f6nlegess\u00e9 a h\u00e1zsz\u00e1modat. Ha macsk\u00e1s vagy, \u00e9s szeretn\u00e9d, hogy az otthonod bej\u00e1rata is t\u00fckr\u00f6zze a cicaszeretetedet, ez a t\u00e1bla pontosan neked val\u00f3. A kedves cic\u00e1s mot\u00edvum m\u00e1r a kapun\u00e1l jelzi az \u00e9rkez\u0151knek, hogy itt egy igazi macskabar\u00e1t csal\u00e1d lakik.\n\nMERETEK\n\nV\u00e1laszthat\u00f3 m\u00e9retek:\n- S: 20 x 8 cm (alap\u00e1r: 5 490 Ft) - kisebb kapura, postal\u00e1da mell\u00e9\n- M: 30 x 12 cm - \u00e1tlagos ker\u00edt\u00e9sre, kapura\n- L: 35 x 14 cm - j\u00f3l l\u00e1that\u00f3, utc\u00e1r\u00f3l is olvashat\u00f3\n- XL: 40 x 16 cm - nagy ker\u00edt\u00e9sen, utcafronti falon \u00e9rv\u00e9nyes\u00fcl igaz\u00e1n\n\nA vastags\u00e1g 1,6 mm-t\u0151l 8 mm-ig \u00e1ll\u00edthat\u00f3 ig\u00e9ny szerint. V\u00e9kony t\u00e1bla diszkr\u00e9t, eleg\u00e1ns; vastag t\u00e1bla mark\u00e1nsabb megjelen\u00e9st ad.\n\nSZINEK\n\n9 el\u0151re kiv\u00e1lasztott RAL sz\u00edn k\u00f6z\u00fcl v\u00e1laszthatsz, \u00e9s egyedi sz\u00edn is k\u00e9rhet\u0151. A sz\u00ednek RAL ipari sz\u00ednsk\u00e1l\u00e1b\u00f3l val\u00f3k, Prusa XL 5T nyomtat\u00f3val ak\u00e1r 5 sz\u00ednben k\u00e9sz\u00fcl fest\u00e9s n\u00e9lk\u00fcl. A sz\u00edn az anyagban van, nem kopik le, nem h\u00e1mlaszthat\u00f3. Ez az ipari elj\u00e1r\u00e1s biztos\u00edtja, hogy a t\u00e1bla sz\u00ednei \u00e9vtizeden \u00e1t v\u00e1ltozatlanok maradjanak, m\u00e9g k\u00f6zvetlen naps\u00fct\u00e9sben is.\n\nA sz\u00e9lesebb sz\u00ednpaletta lehet\u0151s\u00e9get ad arra, hogy a h\u00e1zad homlokzat\u00e1hoz vagy a ker\u00edt\u00e9sed sz\u00edn\u00e9hez t\u00f6k\u00e9letesen passzol\u00f3 \u00e1rnyalatot v\u00e1lassz.\n\nANYAG\n\nA t\u00e1bla ASA ipari m\u0171anyagb\u00f3l k\u00e9sz\u00fcl, amely k\u00fclt\u00e9ri tart\u00f3s haszn\u00e1latra fejlesztett anyag. Ellen\u00e1ll az id\u0151j\u00e1r\u00e1s minden viszontags\u00e1g\u00e1nak: -30 fokt\u00f3l +80 fokig b\u00edrja a hideget \u00e9s a meleget egyar\u00e1nt. UV-\u00e1ll\u00f3, teh\u00e1t a nap nem fak\u00edtja ki a sz\u00edneket. Es\u0151\u00e1ll\u00f3 \u00e9s fagy\u00e1ll\u00f3, \u00edgy t\u00e9len-ny\u00e1ron kint maradhat. A fel\u00fclet szat\u00e9n hat\u00e1s\u00fa, a t\u00e1bla s\u00edk kivitel\u0171, nem dombor\u00fa.\n\nA t\u00e1bla k\u00fclt\u00e9ri \u00e9lettartama meghaladja a 10 \u00e9vet. Az ASA anyag minim\u00e1lis karbantart\u00e1st ig\u00e9nyel, el\u00e9g alkalmank\u00e9nt egy nedves ruh\u00e1val \u00e1tt\u00f6r\u00f6lni.\n\nROGZITES\n\nK\u00fclt\u00e9ri \u00e9p\u00edt\u00e9si ragaszt\u00f3val a legegyszer\u0171bb felhelyezni falra, ker\u00edt\u00e9sre vagy kapura. Nem kell hozz\u00e1 f\u00far\u00e1s, \u00e9s tart\u00f3san r\u00f6gz\u00edt. Ha szeretn\u00e9d, furatokkal is k\u00e9rheted a t\u00e1bl\u00e1t, ezt rendel\u00e9skor jelezd. A ragaszt\u00f3s r\u00f6gz\u00edt\u00e9s nem rong\u00e1lja a fel\u00fcletet, \u00e9s sz\u00fcks\u00e9g eset\u00e9n a t\u00e1bla \u00e1thelyezhet\u0151.\n\nHOGYAN RENDELHETSZ?\n\nRendel\u00e9skor add meg a k\u00edv\u00e1nt h\u00e1zsz\u00e1mot vagy utcanevet, v\u00e1laszd ki a m\u00e9retet, vastags\u00e1got \u00e9s sz\u00ednt. Egyedi k\u00e9r\u00e9seket is sz\u00edvesen fogadunk: ha p\u00e9ld\u00e1ul m\u00e1s elrendez\u00e9st vagy kieg\u00e9sz\u00edt\u0151 sz\u00f6veget szeretn\u00e9l a t\u00e1bl\u00e1n, \u00edrj \u00fczenetet \u00e9s egyeztet\u00fcnk.\n\nMIRE JO?\n\nMacsk\u00e1s h\u00e1ztart\u00e1sokban a cica nem egyszer\u0171en h\u00e1zi\u00e1llat, hanem a csal\u00e1d tagja. Ez a h\u00e1zsz\u00e1mt\u00e1bla a bej\u00e1ratn\u00e1l jelzi, hogy itt macskaim\u00e1d\u00f3k laknak. A cic\u00e1s mot\u00edvum visszafogott, m\u00e9gis kedves, \u00e9s a legt\u00f6bb homlokzathoz, ker\u00edt\u00e9sst\u00edlushoz remek\u00fcl illeszkedik.\n\n- Macsk\u00e1s csal\u00e1d bej\u00e1rat\u00e1nak d\u00edsz\u00edt\u00e9s\u00e9re\n- H\u00e1zavat\u00f3ra, sz\u00fclet\u00e9snapra, n\u00e9vnapra cic\u00e1s ismer\u0151s\u00f6knek\n- Any\u00e1k napj\u00e1ra is remek meglepet\u00e9s\n- Tavaszi kertsz\u00e9p\u00edt\u00e9shez, \u0151szi fel\u00faj\u00edt\u00e1shoz, k\u00f6lt\u00f6z\u00e9shez\n\nKAPCSOLODO TERMEKEK\n\nHa a macska t\u00e9ma tetszik, n\u00e9zd meg a boltunkban el\u00e9rhet\u0151 brit r\u00f6vidsz\u0151r\u0171 cic\u00e1s h\u00e1zsz\u00e1mt\u00e1bl\u00e1t is, amely egy konkr\u00e9t fajt\u00e1t \u00e1br\u00e1zol. A kapcsol\u00f3d\u00edszeink k\u00f6z\u00f6tt is tal\u00e1lsz cic\u00e1s darabokat: a k\u00e9t cic\u00e1s kapcsol\u00f3d\u00edsz \u00e9s a kukucsk\u00e1l\u00f3 cic\u00e1s v\u00e1ltozat a bels\u0151 terekben folytatja a macsk\u00e1s hangulatot. Egy cic\u00e1s h\u00e1zsz\u00e1mt\u00e1bla \u00e9s egy cic\u00e1s kapcsol\u00f3d\u00edsz egy\u00fctt igaz\u00e1n \u00f6tletes aj\u00e1nd\u00e9kcsomag macskabar\u00e1toknak.\n\nKuty\u00e1s h\u00e1ztart\u00e1sba is k\u00edn\u00e1lunk hasonl\u00f3 h\u00e1zsz\u00e1mt\u00e1bl\u00e1kat: mopsz, n\u00e9met juh\u00e1sz, tacsk\u00f3, golden retriever \u00e9s corgi mot\u00edvummal. Mad\u00e1rp\u00e1ros, pillang\u00f3s, pingvines \u00e9s sportmot\u00edvumos v\u00e1ltozataink is vannak, \u00edgy szinte minden \u00e9rdekl\u0151d\u00e9shez tal\u00e1lsz megfelel\u0151 h\u00e1zsz\u00e1mt\u00e1bl\u00e1t a k\u00edn\u00e1latunkban. A postal\u00e1d\u00e1ra \u00f6n\u00e1ll\u00f3 sz\u00e1mjegyeket is rendelhetsz, ha a bej\u00e1rat egys\u00e9ges megjelen\u00e9s\u00e9t szeretn\u00e9d. Ha teljesen egyedi mot\u00edvumot szeretn\u00e9l, k\u00e9sz\u00edt\u00fcnk egyedi tervez\u00e9s\u0171 h\u00e1zsz\u00e1mt\u00e1bl\u00e1t is.\n\nMinden term\u00e9k\u00fcnket egyedileg, rendel\u00e9sre k\u00e9sz\u00edtj\u00fck. K\u00e9rd\u00e9sed van? \u00cdrj b\u00e1tran, gyorsan v\u00e1laszolunk. N\u00e9zd meg a t\u00f6bbi term\u00e9k\u00fcnket is, h\u00e1tha tal\u00e1lsz m\u00e9g valamit, ami tetszik.","score":0,"formatted_price":"5 490 Ft","image_url":"https:\/\/www.meska.hu\/img\/product\/small\/d\/a\/darimi_product_702579_251124201324_275742.png","formatted_url":"https:\/\/www.meska.hu\/p5681787-egyedi-cicas-hazszamtabla-hajo","favourite":false,"in_stock":false,"avatar":"702579_avatar_1739694015.jpeg","delete_from":0,"is_enhanced_background":false,"is_enhanced":false,"product_selection_started":false,"is_active":true,"image_webp_url":"https:\/\/www.meska.hu\/img\/product\/small\/d\/a\/darimi_product_702579_251124201324_275742.webp"},{"id":"6008658","shop_id":"47945","user_id":"702579","shop_name":"Darimi","shop_zip":"2030","product_code":"5679317","product_name_old":null,"product_name":"Egyedi h\u00e1zsz\u00e1mt\u00e1bla magass\u00e1g alapj\u00e1n 20-35 cm - k\u00fclt\u00e9ri ASA h\u00e1zsz\u00e1m, v\u00e1laszthat\u00f3 m\u00e9ret","category_string":"Otthon & \u00c9letm\u00f3d, H\u00e1z & Kert, H\u00e1zsz\u00e1m","technic_string":"Mindenm\u00e1s","category_1":"813","category_2":"897","category_3":"431","category_4":"0","merged_category_1":null,"merged_category_2":null,"merged_category_3":null,"technic_1":"493","technic_2":"0","technic_3":"0","color_1":"519","color_2":"520","color_3":"527","product_description_old":null,"product_description":"Egyedi h\u00e1zsz\u00e1mt\u00e1bla, amelyn\u00e9l te hat\u00e1rozod meg a magass\u00e1got: 20, 25, 30 vagy 35 cm k\u00f6z\u00fcl v\u00e1laszthatsz, a sz\u00e9less\u00e9g pedig a felirat hossz\u00e1hoz igazodik automatikusan. Ez a megold\u00e1s akkor ide\u00e1lis, ha pontosan tudod, mekkora helyed van f\u00fcgg\u0151legesen, \u00e9s azt szeretn\u00e9d, hogy a t\u00e1bla t\u00f6k\u00e9letesen kit\u00f6ltse a rendelkez\u00e9sre \u00e1ll\u00f3 fel\u00fcletet. Nem kell kompromisszumot k\u00f6tn\u00f6d: a t\u00e1bla a te falfel\u00fcletedhez igazodik, nem ford\u00edtva.\n\nM\u00c9RETEK\n\nA magass\u00e1g alap\u00fa m\u00e9retez\u00e9s nagy szabads\u00e1got ad: ha egy keskeny oszlopra kell a t\u00e1bla, a 20 cm-es magass\u00e1g kompakt megold\u00e1st ny\u00fajt. Ha viszont az utc\u00e1r\u00f3l is olvashat\u00f3nak kell lennie, a 30-35 cm-es v\u00e1ltozat m\u00e1r messzir\u0151l is felt\u0171n\u0151.\n\nA sz\u00e9less\u00e9g mindig ar\u00e1nyosan alakul a sz\u00f6veg mennyis\u00e9ge szerint, \u00edgy ak\u00e1r r\u00f6vid h\u00e1zsz\u00e1mot, ak\u00e1r hosszabb utcanevet is rendelhetsz. Egy k\u00e9tjegy\u0171 h\u00e1zsz\u00e1mn\u00e1l a t\u00e1bla keskenyebb lesz, m\u00edg egy teljes c\u00edm (utcan\u00e9v, h\u00e1zsz\u00e1m, csal\u00e1dn\u00e9v) eset\u00e9n sz\u00e9lesebb - de a magass\u00e1g mindig pontosan annyi, amennyit megadt\u00e1l.\n\nA vastags\u00e1g 1.6 mm-t\u0151l 5 mm-ig terjedhet:\n- Nagyobb t\u00e1bl\u00e1khoz (30-35 cm) a 2.5-3 mm-es vastags\u00e1got aj\u00e1nljuk, mert elegend\u0151 merevs\u00e9get ad a nagyobb fel\u00fcletnek, \u00e9s a falon is komolyabb, hat\u00e1rozottabb megjelen\u00e9st k\u00f6lcs\u00f6n\u00f6z\n- Kisebb m\u00e9retekhez (20-25 cm) az 1.6-2 mm is b\u0151ven elegend\u0151, ezek k\u00f6nnyebbek \u00e9s a ragaszt\u00e1sos r\u00f6gz\u00edt\u00e9shez is kevesebb anyag kell\n\nSZ\u00cdNEK\n\nH\u00e9t RAL ipari sz\u00ednb\u0151l v\u00e1laszthatsz, \u00e9s egyedi sz\u00ednk\u00e9r\u00e9s is lehets\u00e9ges. A Prusa XL 5T nyomtat\u00f3val ak\u00e1r 5 sz\u00ednben k\u00e9sz\u00fcl egyetlen t\u00e1bla, fest\u00e9s n\u00e9lk\u00fcl - kontrasztos bet\u0171k, sz\u00ednes keretek, k\u00e9tsz\u00edn\u0171 elrendez\u00e9s mind megoldhat\u00f3.\n\nANYAG\n\nAz ASA anyag nem fel\u00fcletileg festett, hanem teljes t\u00f6meg\u00e9ben sz\u00ednes. Ez azt jelenti, hogy ha megkarcol\u00f3dna (ami az ASA kem\u00e9nys\u00e9ge miatt ritka), a karcol\u00e1s alatt is ugyanaz a sz\u00edn van. A szat\u00e9n fel\u00fclet nem t\u00fckr\u00f6z\u0151dik \u00e9s nem csillog, \u00edgy a bet\u0171k minden f\u00e9nyviszonyban j\u00f3l olvashat\u00f3k maradnak.\n\nAz ASA anyag k\u00fclt\u00e9ri felhaszn\u00e1l\u00e1sra sz\u00fcletett: UV-\u00e1ll\u00f3, es\u0151\u00e1ll\u00f3, fagy\u00e1ll\u00f3, -30 fokt\u00f3l +80 fokig stabil. Nem s\u00e1rgul, nem reped, nem deform\u00e1l\u00f3dik - k\u00fclt\u00e9ren is legal\u00e1bb 10 \u00e9vig megb\u00edzhat\u00f3an szolg\u00e1l, legyen sz\u00f3 t\u0171z\u0151 ny\u00e1ri napr\u00f3l, csapkod\u00f3 es\u0151r\u0151l vagy jeges t\u00e9li reggelekr\u0151l. A szat\u00e9n fel\u00fclet kellemes matt tapint\u00e1s\u00fa, \u00e9s egyszer\u0171en let\u00f6r\u00f6lhet\u0151 egy nedves ronggyal.\n\nR\u00d6GZ\u00cdT\u00c9S\n\nA t\u00e1bla s\u00edk fel\u00fclet\u0171, nem dombor\u00fa. R\u00f6gz\u00edteni k\u00fclt\u00e9ri \u00e9p\u00edt\u00e9si ragaszt\u00f3val a legegyszer\u0171bb: a h\u00e1tlapra felkenve, falhoz szor\u00edtva gyorsan \u00e9s tiszt\u00e1n felrakhat\u00f3, nem kell f\u00farni a falat. A ragaszt\u00f3 p\u00e1r perc alatt megk\u00f6t, \u00e9s tart\u00f3san a hely\u00e9n tartja a t\u00e1bl\u00e1t.\n\nHa furatokkal szeretn\u00e9d r\u00f6gz\u00edteni, azt is k\u00e9rheted - jelezd rendel\u00e9skor, h\u00e1ny lyukat \u00e9s hov\u00e1 szeretn\u00e9l, mi a k\u00edv\u00e1nt poz\u00edci\u00f3ban elk\u00e9sz\u00edtj\u00fck.\n\nRENDEL\u00c9S\n\nRendel\u00e9skor \u00edrd meg a k\u00edv\u00e1nt magass\u00e1got, a felirat sz\u00f6veg\u00e9t (h\u00e1zsz\u00e1m, utcan\u00e9v, csal\u00e1dn\u00e9v) \u00e9s a v\u00e1lasztott sz\u00ednkombin\u00e1ci\u00f3t. Ha vastags\u00e1g-preferenci\u00e1d is van, azt is jelezd, k\u00fcl\u00f6nben mi v\u00e1lasztjuk ki a m\u00e9rethez legjobban ill\u0151 opci\u00f3t. Mi elk\u00e9sz\u00edtj\u00fck a tervezetet \u00e9s legy\u00e1rtjuk a t\u00e1bl\u00e1t.\n\nMIRE J\u00d3?\n\nEz a h\u00e1zsz\u00e1m remek\u00fcl mutat csal\u00e1di h\u00e1zakon, kertes ingatlanokon, de t\u00e1rsash\u00e1zi bej\u00e1ratokn\u00e1l is n\u00e9pszer\u0171. K\u00f6lt\u00f6z\u00e9shez, h\u00e1zavat\u00f3hoz, fel\u00faj\u00edt\u00e1s ut\u00e1ni friss\u00edt\u00e9shez is ide\u00e1lis v\u00e1laszt\u00e1s.\n\nN\u00e9vnapra, sz\u00fclet\u00e9snapra vagy kar\u00e1csonyra is szem\u00e9lyes \u00e9s hasznos aj\u00e1nd\u00e9k, k\u00fcl\u00f6n\u00f6sen annak, aki \u00faj otthonba k\u00f6lt\u00f6z\u00f6tt. Tavaszi kertsz\u00e9p\u00edt\u00e9skor a bej\u00e1rat meg\u00faj\u00edt\u00e1sa az egyik leggyorsabb m\u00f3dja annak, hogy az eg\u00e9sz homlokzat frissebb hat\u00e1st keltsen.\n\nHa a sz\u00e9less\u00e9get szeretn\u00e9d ink\u00e1bb meghat\u00e1rozni a magass\u00e1g helyett, n\u00e9zd meg a boltunkban el\u00e9rhet\u0151 sz\u00e9less\u00e9g alap\u00fa h\u00e1zsz\u00e1mt\u00e1bl\u00e1kat. Akinek nagyobb, n\u00e9gyzetes fel\u00fcletre van sz\u00fcks\u00e9ge, annak a nagy t\u00e9glalap v\u00e1ltozatunkat aj\u00e1nljuk, amely 20x16-t\u00f3l 35x28 cm-ig terjed. Mot\u00edvumot is szeretn\u00e9l a t\u00e1bl\u00e1ra? Keresd az egyedi mot\u00edvumos h\u00e1zsz\u00e1mt\u00e1bl\u00e1inkat, ahol saj\u00e1t mint\u00e1t is k\u00e9rhetsz.\n\nA boltban el\u00e9rhet\u0151 kuty\u00e1s (mopsz, tacsk\u00f3, golden retriever, corgi), cic\u00e1s, madaras \u00e9s pillang\u00f3s v\u00e1ltozatok k\u00e9sz mot\u00edvumokkal v\u00e1rnak. Ha a bej\u00e1rat mell\u00e9 a postal\u00e1d\u00e1t is feldobn\u00e1d, az \u00f6n\u00e1ll\u00f3 sz\u00e1mjegyeink t\u00f6k\u00e9letes kieg\u00e9sz\u00edt\u0151k.\n\nMinden term\u00e9k\u00fcnket egyedileg, rendel\u00e9sre k\u00e9sz\u00edtj\u00fck. K\u00e9rd\u00e9sed van? \u00cdrj b\u00e1tran, gyorsan v\u00e1laszolunk. N\u00e9zd meg a t\u00f6bbi term\u00e9k\u00fcnket is, h\u00e1tha tal\u00e1lsz m\u00e9g valamit, ami tetszik.","price":"5490.00","unit":"db","recommended":"0","status":"1","sponsored":"0","exp_notify":"0","own_material":"0","own_material_description_old":null,"own_material_description":"","jury":"0","jury_number":"","product_nature":"","meskaracsony":"0","create_date":"2026-03-20 20:48:20","shelve_id":"79630","image":"darimi_product_702579_251120200441_459570.png","image_width":"480","image_height":"720","image_alt":"Egyedi h\u00e1zsz\u00e1mt\u00e1bla magass\u00e1g alapj\u00e1n 20-35 cm - k\u00fclt\u00e9ri ASA h\u00e1zsz\u00e1m, v\u00e1laszthat\u00f3 m\u00e9ret, Egyedi h\u00e1zsz\u00e1mt\u00e1bla, amelyn\u00e9l te hat\u00e1rozod meg a magass\u00e1got: 20, 25, 30 vagy 35 cm k\u00f6z\u00fcl v\u00e1laszthats..., Meska","image_title":"Egyedi h\u00e1zsz\u00e1mt\u00e1bla magass\u00e1g alapj\u00e1n 20-35 cm - k\u00fclt\u00e9ri ASA h\u00e1zsz\u00e1m, v\u00e1laszthat\u00f3 m\u00e9ret, Meska","view_count":"2585","favourite_count":"0","trending_score":"0","last2MonthFavouriteCount":"0","promotion":"0","giftcard_accept":"0","creditcard_accept":true,"enhanced_background":"0","domain":"meska","specific_customer_id":null,"specific_customer_name":null,"to_order_product":"1","to_order_product_time":"1","product_different":null,"product_different_description":"","vintage":"0","vintage_category_id":"0","recycled":"0","gemstone_id":"0","customizable":"1","type_category":"physical","zerowaste":"0","postage_price":"1349.00","shop_order":"0","has_category":"1","landing_pages":null,"microdata":{"number":51,"category":""},"title":"Egyedi h\u00e1zsz\u00e1mt\u00e1bla magass\u00e1g alapj\u00e1n 20-35 cm - k\u00fclt\u00e9ri ASA h\u00e1zsz\u00e1m, v\u00e1laszthat\u00f3 m\u00e9ret","description":"Egyedi h\u00e1zsz\u00e1mt\u00e1bla, amelyn\u00e9l te hat\u00e1rozod meg a magass\u00e1got: 20, 25, 30 vagy 35 cm k\u00f6z\u00fcl v\u00e1laszthatsz, a sz\u00e9less\u00e9g pedig a felirat hossz\u00e1hoz igazodik automatikusan. Ez a megold\u00e1s akkor ide\u00e1lis, ha pontosan tudod, mekkora helyed van f\u00fcgg\u0151legesen, \u00e9s azt szeretn\u00e9d, hogy a t\u00e1bla t\u00f6k\u00e9letesen kit\u00f6ltse a rendelkez\u00e9sre \u00e1ll\u00f3 fel\u00fcletet. Nem kell kompromisszumot k\u00f6tn\u00f6d: a t\u00e1bla a te falfel\u00fcletedhez igazodik, nem ford\u00edtva.\n\nM\u00c9RETEK\n\nA magass\u00e1g alap\u00fa m\u00e9retez\u00e9s nagy szabads\u00e1got ad: ha egy keskeny oszlopra kell a t\u00e1bla, a 20 cm-es magass\u00e1g kompakt megold\u00e1st ny\u00fajt. Ha viszont az utc\u00e1r\u00f3l is olvashat\u00f3nak kell lennie, a 30-35 cm-es v\u00e1ltozat m\u00e1r messzir\u0151l is felt\u0171n\u0151.\n\nA sz\u00e9less\u00e9g mindig ar\u00e1nyosan alakul a sz\u00f6veg mennyis\u00e9ge szerint, \u00edgy ak\u00e1r r\u00f6vid h\u00e1zsz\u00e1mot, ak\u00e1r hosszabb utcanevet is rendelhetsz. Egy k\u00e9tjegy\u0171 h\u00e1zsz\u00e1mn\u00e1l a t\u00e1bla keskenyebb lesz, m\u00edg egy teljes c\u00edm (utcan\u00e9v, h\u00e1zsz\u00e1m, csal\u00e1dn\u00e9v) eset\u00e9n sz\u00e9lesebb - de a magass\u00e1g mindig pontosan annyi, amennyit megadt\u00e1l.\n\nA vastags\u00e1g 1.6 mm-t\u0151l 5 mm-ig terjedhet:\n- Nagyobb t\u00e1bl\u00e1khoz (30-35 cm) a 2.5-3 mm-es vastags\u00e1got aj\u00e1nljuk, mert elegend\u0151 merevs\u00e9get ad a nagyobb fel\u00fcletnek, \u00e9s a falon is komolyabb, hat\u00e1rozottabb megjelen\u00e9st k\u00f6lcs\u00f6n\u00f6z\n- Kisebb m\u00e9retekhez (20-25 cm) az 1.6-2 mm is b\u0151ven elegend\u0151, ezek k\u00f6nnyebbek \u00e9s a ragaszt\u00e1sos r\u00f6gz\u00edt\u00e9shez is kevesebb anyag kell\n\nSZ\u00cdNEK\n\nH\u00e9t RAL ipari sz\u00ednb\u0151l v\u00e1laszthatsz, \u00e9s egyedi sz\u00ednk\u00e9r\u00e9s is lehets\u00e9ges. A Prusa XL 5T nyomtat\u00f3val ak\u00e1r 5 sz\u00ednben k\u00e9sz\u00fcl egyetlen t\u00e1bla, fest\u00e9s n\u00e9lk\u00fcl - kontrasztos bet\u0171k, sz\u00ednes keretek, k\u00e9tsz\u00edn\u0171 elrendez\u00e9s mind megoldhat\u00f3.\n\nANYAG\n\nAz ASA anyag nem fel\u00fcletileg festett, hanem teljes t\u00f6meg\u00e9ben sz\u00ednes. Ez azt jelenti, hogy ha megkarcol\u00f3dna (ami az ASA kem\u00e9nys\u00e9ge miatt ritka), a karcol\u00e1s alatt is ugyanaz a sz\u00edn van. A szat\u00e9n fel\u00fclet nem t\u00fckr\u00f6z\u0151dik \u00e9s nem csillog, \u00edgy a bet\u0171k minden f\u00e9nyviszonyban j\u00f3l olvashat\u00f3k maradnak.\n\nAz ASA anyag k\u00fclt\u00e9ri felhaszn\u00e1l\u00e1sra sz\u00fcletett: UV-\u00e1ll\u00f3, es\u0151\u00e1ll\u00f3, fagy\u00e1ll\u00f3, -30 fokt\u00f3l +80 fokig stabil. Nem s\u00e1rgul, nem reped, nem deform\u00e1l\u00f3dik - k\u00fclt\u00e9ren is legal\u00e1bb 10 \u00e9vig megb\u00edzhat\u00f3an szolg\u00e1l, legyen sz\u00f3 t\u0171z\u0151 ny\u00e1ri napr\u00f3l, csapkod\u00f3 es\u0151r\u0151l vagy jeges t\u00e9li reggelekr\u0151l. A szat\u00e9n fel\u00fclet kellemes matt tapint\u00e1s\u00fa, \u00e9s egyszer\u0171en let\u00f6r\u00f6lhet\u0151 egy nedves ronggyal.\n\nR\u00d6GZ\u00cdT\u00c9S\n\nA t\u00e1bla s\u00edk fel\u00fclet\u0171, nem dombor\u00fa. R\u00f6gz\u00edteni k\u00fclt\u00e9ri \u00e9p\u00edt\u00e9si ragaszt\u00f3val a legegyszer\u0171bb: a h\u00e1tlapra felkenve, falhoz szor\u00edtva gyorsan \u00e9s tiszt\u00e1n felrakhat\u00f3, nem kell f\u00farni a falat. A ragaszt\u00f3 p\u00e1r perc alatt megk\u00f6t, \u00e9s tart\u00f3san a hely\u00e9n tartja a t\u00e1bl\u00e1t.\n\nHa furatokkal szeretn\u00e9d r\u00f6gz\u00edteni, azt is k\u00e9rheted - jelezd rendel\u00e9skor, h\u00e1ny lyukat \u00e9s hov\u00e1 szeretn\u00e9l, mi a k\u00edv\u00e1nt poz\u00edci\u00f3ban elk\u00e9sz\u00edtj\u00fck.\n\nRENDEL\u00c9S\n\nRendel\u00e9skor \u00edrd meg a k\u00edv\u00e1nt magass\u00e1got, a felirat sz\u00f6veg\u00e9t (h\u00e1zsz\u00e1m, utcan\u00e9v, csal\u00e1dn\u00e9v) \u00e9s a v\u00e1lasztott sz\u00ednkombin\u00e1ci\u00f3t. Ha vastags\u00e1g-preferenci\u00e1d is van, azt is jelezd, k\u00fcl\u00f6nben mi v\u00e1lasztjuk ki a m\u00e9rethez legjobban ill\u0151 opci\u00f3t. Mi elk\u00e9sz\u00edtj\u00fck a tervezetet \u00e9s legy\u00e1rtjuk a t\u00e1bl\u00e1t.\n\nMIRE J\u00d3?\n\nEz a h\u00e1zsz\u00e1m remek\u00fcl mutat csal\u00e1di h\u00e1zakon, kertes ingatlanokon, de t\u00e1rsash\u00e1zi bej\u00e1ratokn\u00e1l is n\u00e9pszer\u0171. K\u00f6lt\u00f6z\u00e9shez, h\u00e1zavat\u00f3hoz, fel\u00faj\u00edt\u00e1s ut\u00e1ni friss\u00edt\u00e9shez is ide\u00e1lis v\u00e1laszt\u00e1s.\n\nN\u00e9vnapra, sz\u00fclet\u00e9snapra vagy kar\u00e1csonyra is szem\u00e9lyes \u00e9s hasznos aj\u00e1nd\u00e9k, k\u00fcl\u00f6n\u00f6sen annak, aki \u00faj otthonba k\u00f6lt\u00f6z\u00f6tt. Tavaszi kertsz\u00e9p\u00edt\u00e9skor a bej\u00e1rat meg\u00faj\u00edt\u00e1sa az egyik leggyorsabb m\u00f3dja annak, hogy az eg\u00e9sz homlokzat frissebb hat\u00e1st keltsen.\n\nHa a sz\u00e9less\u00e9get szeretn\u00e9d ink\u00e1bb meghat\u00e1rozni a magass\u00e1g helyett, n\u00e9zd meg a boltunkban el\u00e9rhet\u0151 sz\u00e9less\u00e9g alap\u00fa h\u00e1zsz\u00e1mt\u00e1bl\u00e1kat. Akinek nagyobb, n\u00e9gyzetes fel\u00fcletre van sz\u00fcks\u00e9ge, annak a nagy t\u00e9glalap v\u00e1ltozatunkat aj\u00e1nljuk, amely 20x16-t\u00f3l 35x28 cm-ig terjed. Mot\u00edvumot is szeretn\u00e9l a t\u00e1bl\u00e1ra? Keresd az egyedi mot\u00edvumos h\u00e1zsz\u00e1mt\u00e1bl\u00e1inkat, ahol saj\u00e1t mint\u00e1t is k\u00e9rhetsz.\n\nA boltban el\u00e9rhet\u0151 kuty\u00e1s (mopsz, tacsk\u00f3, golden retriever, corgi), cic\u00e1s, madaras \u00e9s pillang\u00f3s v\u00e1ltozatok k\u00e9sz mot\u00edvumokkal v\u00e1rnak. Ha a bej\u00e1rat mell\u00e9 a postal\u00e1d\u00e1t is feldobn\u00e1d, az \u00f6n\u00e1ll\u00f3 sz\u00e1mjegyeink t\u00f6k\u00e9letes kieg\u00e9sz\u00edt\u0151k.\n\nMinden term\u00e9k\u00fcnket egyedileg, rendel\u00e9sre k\u00e9sz\u00edtj\u00fck. K\u00e9rd\u00e9sed van? \u00cdrj b\u00e1tran, gyorsan v\u00e1laszolunk. N\u00e9zd meg a t\u00f6bbi term\u00e9k\u00fcnket is, h\u00e1tha tal\u00e1lsz m\u00e9g valamit, ami tetszik.","score":0,"formatted_price":"5 490 Ft","image_url":"https:\/\/www.meska.hu\/img\/product\/small\/d\/a\/darimi_product_702579_251120200441_459570.png","formatted_url":"https:\/\/www.meska.hu\/p5679317-egyedi-hazszamtabla-3d-nyomtatott-idojarasallo-asa","favourite":false,"in_stock":false,"avatar":"702579_avatar_1739694015.jpeg","delete_from":0,"is_enhanced_background":false,"is_enhanced":false,"product_selection_started":false,"is_active":true,"image_webp_url":"https:\/\/www.meska.hu\/img\/product\/small\/d\/a\/darimi_product_702579_251120200441_459570.webp"},{"id":"6008643","shop_id":"47945","user_id":"702579","shop_name":"Darimi","shop_zip":"2030","product_code":"5679311","product_name_old":null,"product_name":"Egyedi h\u00e1zsz\u00e1mt\u00e1bla sz\u00e9less\u00e9g alapj\u00e1n 20-35 cm - k\u00fclt\u00e9ri ASA h\u00e1zsz\u00e1m, testreszabhat\u00f3","category_string":"Otthon & \u00c9letm\u00f3d, H\u00e1z & Kert, H\u00e1zsz\u00e1m","technic_string":"Mindenm\u00e1s","category_1":"813","category_2":"897","category_3":"431","category_4":"0","merged_category_1":null,"merged_category_2":null,"merged_category_3":null,"technic_1":"493","technic_2":"0","technic_3":"0","color_1":"519","color_2":"520","color_3":"527","product_description_old":null,"product_description":"Egyedi h\u00e1zsz\u00e1mt\u00e1bla, amelyn\u00e9l a sz\u00e9less\u00e9get te adod meg: 20, 25, 30 vagy 35 cm k\u00f6z\u00fcl v\u00e1laszthatsz, \u00e9s a magass\u00e1g ar\u00e1nyosan igazodik a felirat tartalm\u00e1hoz. Ha tudod, milyen sz\u00e9les a rendelkez\u00e9sre \u00e1ll\u00f3 hely a falon, kapun vagy ker\u00edt\u00e9sen, ezzel a megold\u00e1ssal garant\u00e1ltan pont oda fog illeszkedni a t\u00e1bla. Nem kell tal\u00e1lgatni, nem kell kompromisszumot k\u00f6tni - a t\u00e1bla a te falfel\u00fcletedhez alkalmazkodik.\n\nM\u00c9RETEK\n\nA sz\u00e9less\u00e9g alap\u00fa m\u00e9retez\u00e9s gyakorlatias megk\u00f6zel\u00edt\u00e9s: m\u00e9rd le a helyet, v\u00e1laszd ki a megfelel\u0151 sz\u00e9less\u00e9get, \u00e9s a t\u00f6bbi a mi dolgunk.\n- 20 cm: kisebb fel\u00fcletekre, postal\u00e1d\u00e1k f\u00f6l\u00e9 vagy ajt\u00f3 mell\u00e9\n- 25 cm: valamivel k\u00e9nyelmesebb olvashat\u00f3s\u00e1g\n- 30 cm: a legt\u00f6bb bej\u00e1rathoz ar\u00e1nyos\n- 35 cm: impoz\u00e1ns, az utc\u00e1r\u00f3l is k\u00f6nnyen olvashat\u00f3 m\u00e9ret\n\nA magass\u00e1g a sz\u00f6vegtartalomt\u00f3l f\u00fcgg - egyszer\u0171 h\u00e1zsz\u00e1mn\u00e1l alacsonyabb, utcan\u00e9vvel \u00e9s csal\u00e1dn\u00e9vvel egy\u00fctt magasabb lesz a t\u00e1bla, de az ar\u00e1nyok mindig harmonikusak maradnak.\n\nVASTAGS\u00c1G\n\nVastags\u00e1gban 1.6 mm-t\u0151l 5 mm-ig v\u00e1laszthatsz. Sz\u00e9lesebb t\u00e1bl\u00e1kn\u00e1l (30-35 cm) a 2.5 mm vagy vastagabb aj\u00e1nlott, mert a nagyobb fel\u00fcletn\u00e9l a merevs\u00e9g fontos a tart\u00f3s r\u00f6gz\u00edt\u00e9shez \u00e9s az eszt\u00e9tikus megjelen\u00e9shez. Kisebb m\u00e9retekn\u00e9l (20-25 cm) az 1.6-2 mm is megfelel\u0151 - ezek k\u00f6nnyebbek, diszkr\u00e9tebbek, \u00e9s a ragaszt\u00e1sos felhelyez\u00e9s is egyszer\u0171bb vel\u00fck.\n\nSZ\u00cdNEK\n\nKilenc RAL ipari sz\u00edn \u00e1ll rendelkez\u00e9sre, ami az egyik legsz\u00e9lesebb v\u00e1laszt\u00e9k a h\u00e1zsz\u00e1mt\u00e1bl\u00e1ink k\u00f6z\u00f6tt. Ha m\u00e9gsem tal\u00e1lod a t\u00f6k\u00e9letes \u00e1rnyalatot, egyedi sz\u00ednt is ig\u00e9nyelhetsz. Az ASA anyagban a sz\u00edn nem a fel\u00fcleten van: a teljes anyag egys\u00e9gesen sz\u00ednes, ami azt jelenti, hogy kop\u00e1s, karcol\u00e1s eset\u00e9n sem l\u00e1tszik m\u00e1s sz\u00edn alatta. A Prusa XL 5T nyomtat\u00f3n ak\u00e1r 5 sz\u00edn ker\u00fcl egyetlen t\u00e1bl\u00e1ra fest\u00e9s n\u00e9lk\u00fcl, \u00edgy sz\u00ednes keretek, kontrasztos bet\u0171k, t\u00f6bbsz\u00edn\u0171 mint\u00e1k is megval\u00f3s\u00edthat\u00f3k. A szat\u00e9n fel\u00fclet kellemes matt, nem csillog \u00e9s nem t\u00fckr\u00f6z\u0151dik, \u00edgy a felirat minden f\u00e9nyviszonyban j\u00f3l olvashat\u00f3.\n\nANYAG \u00c9S TART\u00d3SS\u00c1G\n\nAz ASA anyag minden id\u0151j\u00e1r\u00e1si viszontags\u00e1got kib\u00edr: UV-\u00e1ll\u00f3 (nem fakul a napon), es\u0151\u00e1ll\u00f3, fagy\u00e1ll\u00f3 (-30 fokt\u00f3l +80 fokig tartja a form\u00e1j\u00e1t). K\u00fclt\u00e9ren legal\u00e1bb 10 \u00e9vig megb\u00edzhat\u00f3an szolg\u00e1l, legyen sz\u00f3 t\u0171z\u0151 ny\u00e1ri napr\u00f3l, \u0151szi es\u0151r\u0151l vagy t\u00e9li fagyr\u00f3l. Nem s\u00e1rgul, nem reped, nem deform\u00e1l\u00f3dik az \u00e9vek sor\u00e1n sem. A szat\u00e9n fel\u00fclet nem fogja meg a port, \u00e9s nedves ronggyal pillanatok alatt tiszt\u00edthat\u00f3.\n\nR\u00d6GZ\u00cdT\u00c9S\n\nA t\u00e1bla s\u00edk fel\u00fclet\u0171, nem dombor\u00fa. A legegyszer\u0171bb r\u00f6gz\u00edt\u00e9s k\u00fclt\u00e9ri \u00e9p\u00edt\u00e9si ragaszt\u00f3val t\u00f6rt\u00e9nik (pl. Pattex One For All): h\u00e1tlapra kenve, falhoz nyomva percek alatt a hely\u00e9n van, \u00e9s nem marad lyuk a falon. Ker\u00edt\u00e9sen, kapun, oszlopon, t\u00e9gl\u00e1n, vakolaton - szinte b\u00e1rmilyen fel\u00fcletre felragaszthat\u00f3. Ha f\u00fart r\u00f6gz\u00edt\u00e9st szeretn\u00e9l, a t\u00e1bl\u00e1t furatokkal is k\u00e9rheted - ezt rendel\u00e9skor jelezd, \u00e9s mi a k\u00edv\u00e1nt poz\u00edci\u00f3ban elk\u00e9sz\u00edtj\u00fck a lyukakat.\n\nRENDEL\u00c9S\n\nRendel\u00e9skor add meg a k\u00edv\u00e1nt sz\u00e9less\u00e9get, a felirat sz\u00f6veg\u00e9t (h\u00e1zsz\u00e1m, utcan\u00e9v, csal\u00e1dn\u00e9v, egy\u00e9b) \u00e9s a v\u00e1lasztott sz\u00edn- \u00e9s vastags\u00e1gkombin\u00e1ci\u00f3t. Minden t\u00e1bl\u00e1t egyedileg, a te adataid alapj\u00e1n k\u00e9sz\u00edt\u00fcnk. Ha nem vagy biztos a m\u00e9retben vagy a sz\u00ednkombin\u00e1ci\u00f3ban, \u00edrj nek\u00fcnk, \u00e9s seg\u00edt\u00fcnk a d\u00f6nt\u00e9sben.\n\nMIRE J\u00d3?\n\nA sz\u00e9less\u00e9g alap\u00fa h\u00e1zsz\u00e1mt\u00e1bla n\u00e9pszer\u0171 v\u00e1laszt\u00e1s ker\u00edt\u00e9sekre, kapukra \u00e9s olyan fel\u00fcletekre, ahol a v\u00edzszintes m\u00e9ret a meghat\u00e1roz\u00f3. \u00daj h\u00e1zba k\u00f6lt\u00f6z\u00e9shez, h\u00e1zavat\u00f3ra, sz\u00fclet\u00e9snapra, n\u00e9vnapra vagy a bej\u00e1rat meg\u00faj\u00edt\u00e1s\u00e1hoz is gyakran rendelik. \u0150szi fel\u00faj\u00edt\u00e1skor \u00e9s tavaszi kertsz\u00e9p\u00edt\u00e9skor a h\u00e1zsz\u00e1mt\u00e1bla cser\u00e9je az egyik leggyorsabb \u00e9s legolcs\u00f3bb m\u00f3dja annak, hogy az eg\u00e9sz homlokzat frissebb, rendezettebb hat\u00e1st keltsen.\n\nKAPCSOL\u00d3D\u00d3 TERM\u00c9KEK\n\nHa ink\u00e1bb a magass\u00e1g a kritikus m\u00e9ret, n\u00e9zd meg a boltunkban a magass\u00e1g alap\u00fa h\u00e1zsz\u00e1mt\u00e1bl\u00e1kat. Nagyobb, szinte n\u00e9gyzetes fel\u00fcletre van sz\u00fcks\u00e9ged? A nagy t\u00e9glalap v\u00e1ltozatunk 20x16-t\u00f3l 35x28 cm-ig terjed. A boltban el\u00e9rhet\u0151 pillang\u00f3s, haj\u00f3s, biciklis vagy \u00e9ppen focis h\u00e1zsz\u00e1mt\u00e1bl\u00e1k pedig akkor lehetnek \u00e9rdekesek, ha a sima feliraton t\u00fal egy kis szem\u00e9lyess\u00e9get is vinn\u00e9l a bej\u00e1ratba. Az \u00f6n\u00e1ll\u00f3 sz\u00e1mjegyeink a postal\u00e1d\u00e1ra ragasztva remek\u00fcl kieg\u00e9sz\u00edtik b\u00e1rmelyik h\u00e1zsz\u00e1mt\u00e1bl\u00e1nkat.\n\nMinden term\u00e9k\u00fcnket egyedileg, rendel\u00e9sre k\u00e9sz\u00edtj\u00fck. K\u00e9rd\u00e9sed van? \u00cdrj b\u00e1tran, gyorsan v\u00e1laszolunk. N\u00e9zd meg a t\u00f6bbi term\u00e9k\u00fcnket is, h\u00e1tha tal\u00e1lsz m\u00e9g valamit, ami tetszik.","price":"5490.00","unit":"db","recommended":"0","status":"1","sponsored":"0","exp_notify":"0","own_material":"0","own_material_description_old":null,"own_material_description":"","jury":"0","jury_number":"","product_nature":"","meskaracsony":"0","create_date":"2026-03-20 19:48:23","shelve_id":"79630","image":"darimi_product_702579_251120194417_887973.png","image_width":"480","image_height":"480","image_alt":"Egyedi h\u00e1zsz\u00e1mt\u00e1bla sz\u00e9less\u00e9g alapj\u00e1n 20-35 cm - k\u00fclt\u00e9ri ASA h\u00e1zsz\u00e1m, testreszabhat\u00f3, Egyedi h\u00e1zsz\u00e1mt\u00e1bla, amelyn\u00e9l a sz\u00e9less\u00e9get te adod meg: 20, 25, 30 vagy 35 cm k\u00f6z\u00fcl v\u00e1laszthatsz, \u00e9..., Meska","image_title":"Egyedi h\u00e1zsz\u00e1mt\u00e1bla sz\u00e9less\u00e9g alapj\u00e1n 20-35 cm - k\u00fclt\u00e9ri ASA h\u00e1zsz\u00e1m, testreszabhat\u00f3, Meska","view_count":"2558","favourite_count":"0","trending_score":"0","last2MonthFavouriteCount":"0","promotion":"0","giftcard_accept":"0","creditcard_accept":true,"enhanced_background":"0","domain":"meska","specific_customer_id":null,"specific_customer_name":null,"to_order_product":"1","to_order_product_time":"1","product_different":null,"product_different_description":"","vintage":"0","vintage_category_id":"0","recycled":"0","gemstone_id":"0","customizable":"1","type_category":"physical","zerowaste":"0","postage_price":"1349.00","shop_order":"0","has_category":"1","landing_pages":null,"microdata":{"number":52,"category":""},"title":"Egyedi h\u00e1zsz\u00e1mt\u00e1bla sz\u00e9less\u00e9g alapj\u00e1n 20-35 cm - k\u00fclt\u00e9ri ASA h\u00e1zsz\u00e1m, testreszabhat\u00f3","description":"Egyedi h\u00e1zsz\u00e1mt\u00e1bla, amelyn\u00e9l a sz\u00e9less\u00e9get te adod meg: 20, 25, 30 vagy 35 cm k\u00f6z\u00fcl v\u00e1laszthatsz, \u00e9s a magass\u00e1g ar\u00e1nyosan igazodik a felirat tartalm\u00e1hoz. Ha tudod, milyen sz\u00e9les a rendelkez\u00e9sre \u00e1ll\u00f3 hely a falon, kapun vagy ker\u00edt\u00e9sen, ezzel a megold\u00e1ssal garant\u00e1ltan pont oda fog illeszkedni a t\u00e1bla. Nem kell tal\u00e1lgatni, nem kell kompromisszumot k\u00f6tni - a t\u00e1bla a te falfel\u00fcletedhez alkalmazkodik.\n\nM\u00c9RETEK\n\nA sz\u00e9less\u00e9g alap\u00fa m\u00e9retez\u00e9s gyakorlatias megk\u00f6zel\u00edt\u00e9s: m\u00e9rd le a helyet, v\u00e1laszd ki a megfelel\u0151 sz\u00e9less\u00e9get, \u00e9s a t\u00f6bbi a mi dolgunk.\n- 20 cm: kisebb fel\u00fcletekre, postal\u00e1d\u00e1k f\u00f6l\u00e9 vagy ajt\u00f3 mell\u00e9\n- 25 cm: valamivel k\u00e9nyelmesebb olvashat\u00f3s\u00e1g\n- 30 cm: a legt\u00f6bb bej\u00e1rathoz ar\u00e1nyos\n- 35 cm: impoz\u00e1ns, az utc\u00e1r\u00f3l is k\u00f6nnyen olvashat\u00f3 m\u00e9ret\n\nA magass\u00e1g a sz\u00f6vegtartalomt\u00f3l f\u00fcgg - egyszer\u0171 h\u00e1zsz\u00e1mn\u00e1l alacsonyabb, utcan\u00e9vvel \u00e9s csal\u00e1dn\u00e9vvel egy\u00fctt magasabb lesz a t\u00e1bla, de az ar\u00e1nyok mindig harmonikusak maradnak.\n\nVASTAGS\u00c1G\n\nVastags\u00e1gban 1.6 mm-t\u0151l 5 mm-ig v\u00e1laszthatsz. Sz\u00e9lesebb t\u00e1bl\u00e1kn\u00e1l (30-35 cm) a 2.5 mm vagy vastagabb aj\u00e1nlott, mert a nagyobb fel\u00fcletn\u00e9l a merevs\u00e9g fontos a tart\u00f3s r\u00f6gz\u00edt\u00e9shez \u00e9s az eszt\u00e9tikus megjelen\u00e9shez. Kisebb m\u00e9retekn\u00e9l (20-25 cm) az 1.6-2 mm is megfelel\u0151 - ezek k\u00f6nnyebbek, diszkr\u00e9tebbek, \u00e9s a ragaszt\u00e1sos felhelyez\u00e9s is egyszer\u0171bb vel\u00fck.\n\nSZ\u00cdNEK\n\nKilenc RAL ipari sz\u00edn \u00e1ll rendelkez\u00e9sre, ami az egyik legsz\u00e9lesebb v\u00e1laszt\u00e9k a h\u00e1zsz\u00e1mt\u00e1bl\u00e1ink k\u00f6z\u00f6tt. Ha m\u00e9gsem tal\u00e1lod a t\u00f6k\u00e9letes \u00e1rnyalatot, egyedi sz\u00ednt is ig\u00e9nyelhetsz. Az ASA anyagban a sz\u00edn nem a fel\u00fcleten van: a teljes anyag egys\u00e9gesen sz\u00ednes, ami azt jelenti, hogy kop\u00e1s, karcol\u00e1s eset\u00e9n sem l\u00e1tszik m\u00e1s sz\u00edn alatta. A Prusa XL 5T nyomtat\u00f3n ak\u00e1r 5 sz\u00edn ker\u00fcl egyetlen t\u00e1bl\u00e1ra fest\u00e9s n\u00e9lk\u00fcl, \u00edgy sz\u00ednes keretek, kontrasztos bet\u0171k, t\u00f6bbsz\u00edn\u0171 mint\u00e1k is megval\u00f3s\u00edthat\u00f3k. A szat\u00e9n fel\u00fclet kellemes matt, nem csillog \u00e9s nem t\u00fckr\u00f6z\u0151dik, \u00edgy a felirat minden f\u00e9nyviszonyban j\u00f3l olvashat\u00f3.\n\nANYAG \u00c9S TART\u00d3SS\u00c1G\n\nAz ASA anyag minden id\u0151j\u00e1r\u00e1si viszontags\u00e1got kib\u00edr: UV-\u00e1ll\u00f3 (nem fakul a napon), es\u0151\u00e1ll\u00f3, fagy\u00e1ll\u00f3 (-30 fokt\u00f3l +80 fokig tartja a form\u00e1j\u00e1t). K\u00fclt\u00e9ren legal\u00e1bb 10 \u00e9vig megb\u00edzhat\u00f3an szolg\u00e1l, legyen sz\u00f3 t\u0171z\u0151 ny\u00e1ri napr\u00f3l, \u0151szi es\u0151r\u0151l vagy t\u00e9li fagyr\u00f3l. Nem s\u00e1rgul, nem reped, nem deform\u00e1l\u00f3dik az \u00e9vek sor\u00e1n sem. A szat\u00e9n fel\u00fclet nem fogja meg a port, \u00e9s nedves ronggyal pillanatok alatt tiszt\u00edthat\u00f3.\n\nR\u00d6GZ\u00cdT\u00c9S\n\nA t\u00e1bla s\u00edk fel\u00fclet\u0171, nem dombor\u00fa. A legegyszer\u0171bb r\u00f6gz\u00edt\u00e9s k\u00fclt\u00e9ri \u00e9p\u00edt\u00e9si ragaszt\u00f3val t\u00f6rt\u00e9nik (pl. Pattex One For All): h\u00e1tlapra kenve, falhoz nyomva percek alatt a hely\u00e9n van, \u00e9s nem marad lyuk a falon. Ker\u00edt\u00e9sen, kapun, oszlopon, t\u00e9gl\u00e1n, vakolaton - szinte b\u00e1rmilyen fel\u00fcletre felragaszthat\u00f3. Ha f\u00fart r\u00f6gz\u00edt\u00e9st szeretn\u00e9l, a t\u00e1bl\u00e1t furatokkal is k\u00e9rheted - ezt rendel\u00e9skor jelezd, \u00e9s mi a k\u00edv\u00e1nt poz\u00edci\u00f3ban elk\u00e9sz\u00edtj\u00fck a lyukakat.\n\nRENDEL\u00c9S\n\nRendel\u00e9skor add meg a k\u00edv\u00e1nt sz\u00e9less\u00e9get, a felirat sz\u00f6veg\u00e9t (h\u00e1zsz\u00e1m, utcan\u00e9v, csal\u00e1dn\u00e9v, egy\u00e9b) \u00e9s a v\u00e1lasztott sz\u00edn- \u00e9s vastags\u00e1gkombin\u00e1ci\u00f3t. Minden t\u00e1bl\u00e1t egyedileg, a te adataid alapj\u00e1n k\u00e9sz\u00edt\u00fcnk. Ha nem vagy biztos a m\u00e9retben vagy a sz\u00ednkombin\u00e1ci\u00f3ban, \u00edrj nek\u00fcnk, \u00e9s seg\u00edt\u00fcnk a d\u00f6nt\u00e9sben.\n\nMIRE J\u00d3?\n\nA sz\u00e9less\u00e9g alap\u00fa h\u00e1zsz\u00e1mt\u00e1bla n\u00e9pszer\u0171 v\u00e1laszt\u00e1s ker\u00edt\u00e9sekre, kapukra \u00e9s olyan fel\u00fcletekre, ahol a v\u00edzszintes m\u00e9ret a meghat\u00e1roz\u00f3. \u00daj h\u00e1zba k\u00f6lt\u00f6z\u00e9shez, h\u00e1zavat\u00f3ra, sz\u00fclet\u00e9snapra, n\u00e9vnapra vagy a bej\u00e1rat meg\u00faj\u00edt\u00e1s\u00e1hoz is gyakran rendelik. \u0150szi fel\u00faj\u00edt\u00e1skor \u00e9s tavaszi kertsz\u00e9p\u00edt\u00e9skor a h\u00e1zsz\u00e1mt\u00e1bla cser\u00e9je az egyik leggyorsabb \u00e9s legolcs\u00f3bb m\u00f3dja annak, hogy az eg\u00e9sz homlokzat frissebb, rendezettebb hat\u00e1st keltsen.\n\nKAPCSOL\u00d3D\u00d3 TERM\u00c9KEK\n\nHa ink\u00e1bb a magass\u00e1g a kritikus m\u00e9ret, n\u00e9zd meg a boltunkban a magass\u00e1g alap\u00fa h\u00e1zsz\u00e1mt\u00e1bl\u00e1kat. Nagyobb, szinte n\u00e9gyzetes fel\u00fcletre van sz\u00fcks\u00e9ged? A nagy t\u00e9glalap v\u00e1ltozatunk 20x16-t\u00f3l 35x28 cm-ig terjed. A boltban el\u00e9rhet\u0151 pillang\u00f3s, haj\u00f3s, biciklis vagy \u00e9ppen focis h\u00e1zsz\u00e1mt\u00e1bl\u00e1k pedig akkor lehetnek \u00e9rdekesek, ha a sima feliraton t\u00fal egy kis szem\u00e9lyess\u00e9get is vinn\u00e9l a bej\u00e1ratba. Az \u00f6n\u00e1ll\u00f3 sz\u00e1mjegyeink a postal\u00e1d\u00e1ra ragasztva remek\u00fcl kieg\u00e9sz\u00edtik b\u00e1rmelyik h\u00e1zsz\u00e1mt\u00e1bl\u00e1nkat.\n\nMinden term\u00e9k\u00fcnket egyedileg, rendel\u00e9sre k\u00e9sz\u00edtj\u00fck. K\u00e9rd\u00e9sed van? \u00cdrj b\u00e1tran, gyorsan v\u00e1laszolunk. N\u00e9zd meg a t\u00f6bbi term\u00e9k\u00fcnket is, h\u00e1tha tal\u00e1lsz m\u00e9g valamit, ami tetszik.","score":0,"formatted_price":"5 490 Ft","image_url":"https:\/\/www.meska.hu\/img\/product\/small\/d\/a\/darimi_product_702579_251120194417_887973.png","formatted_url":"https:\/\/www.meska.hu\/p5679311-egyedi-hazszamtabla-3d-nyomtatott-idojarasallo-asa","favourite":false,"in_stock":false,"avatar":"702579_avatar_1739694015.jpeg","delete_from":0,"is_enhanced_background":false,"is_enhanced":false,"product_selection_started":false,"is_active":true,"image_webp_url":"https:\/\/www.meska.hu\/img\/product\/small\/d\/a\/darimi_product_702579_251120194417_887973.webp"},{"id":"3496306","shop_id":"12524","user_id":"54127","shop_name":"Kiokumitsu","shop_zip":"1155","product_code":"2250381","product_name_old":null,"product_name":"H\u00e1zsz\u00e1mt\u00e1bla - d\u00edszes, t\u00e9glalap alak\u00fa","category_string":"Otthon & \u00c9letm\u00f3d, H\u00e1z & Kert, H\u00e1zsz\u00e1m","technic_string":"Fot\u00f3, grafika, rajz, illusztr\u00e1ci\u00f3, Mindenm\u00e1s","category_1":"813","category_2":"897","category_3":"431","category_4":"0","merged_category_1":"0","merged_category_2":"0","merged_category_3":"0","technic_1":"483","technic_2":"493","technic_3":"0","color_1":"519","color_2":"520","color_3":"0","product_description_old":null,"product_description":"Saj\u00e1t tervez\u00e9s\u0171 h\u00e1zsz\u00e1mt\u00e1bla. \u00d6n\u00e1ll\u00f3 grafikai tervez\u00e9s \u00e9s kivitelez\u00e9s, bele\u00e9rtve a kiv\u00e1g\u00e1st is.\nAlapm\u00e9rete: 20 x 13 cm, de a k\u00e9p melletti r\u00e9szen ki lehet v\u00e1lasztani nagyobb m\u00e9retet is.A megjegyz\u00e9s rovatban tudja majd megadni a t\u00e1bl\u00e1ra fel\u00edrand\u00f3 sz\u00f6veget.\n\nA t\u00e1bla anyaga: Ongrofoam, egy speci\u00e1lis UV \u00e1ll\u00f3 m\u0171anyag, Id\u0151j\u00e1r\u00e1s\u00e1ll\u00f3.\n\nA 30 cm-n\u00e9l nagyobb m\u00e9ret rendel\u00e9s\u00e9n\u00e9l csak a csomag, post\u00e1n marad\u00f3 vagy a fut\u00e1r sz\u00e1ll\u00edt\u00e1si opci\u00f3t haszn\u00e1lja, mert a posta 30 centin\u00e9l nagyobb k\u00fcldem\u00e9nyt csak csomagk\u00e9nt sz\u00e1ll\u00edt.\nK\u00e9rem olvassal el az \u00e1ltal\u00e1nos szerz\u0151d\u00e9si felt\u00e9teleket (\u00c1SZF), melyet a term\u00e9k megv\u00e1s\u00e1rl\u00e1val \u00f6n elfogadott.\n\nA r\u00e1\u00edrand\u00f3 sz\u00f6veget a rendel\u00e9skor a megjegyz\u00e9s rovatban t\u00fcntetheti fel.\n\nA k\u00e9perny\u0151n l\u00e1that\u00f3 sz\u00ednek felbont\u00e1sa \u00e9s a nyomdai sz\u00ednek felbont\u00e1sa kis m\u00e9rt\u00e9kben elt\u00e9rhet.\n\n\n","price":"4190.00","unit":"db","recommended":"0","status":"1","sponsored":"0","exp_notify":"0","own_material":"0","own_material_description_old":null,"own_material_description":"","jury":"0","jury_number":"","product_nature":"","meskaracsony":"0","create_date":"2026-03-20 11:47:41","shelve_id":"44100","image":"kiokumitsu_product_54127_210903093732_700948.jpeg","image_width":"480","image_height":"480","image_alt":"H\u00e1zsz\u00e1mt\u00e1bla - d\u00edszes, t\u00e9glalap alak\u00fa, Saj\u00e1t tervez\u00e9s\u0171 h\u00e1zsz\u00e1mt\u00e1bla. \u00d6n\u00e1ll\u00f3 grafikai tervez\u00e9s \u00e9s kivitelez\u00e9s, bele\u00e9rtve a kiv\u00e1g\u00e1st is.\\nAlap..., Meska","image_title":"H\u00e1zsz\u00e1mt\u00e1bla - d\u00edszes, t\u00e9glalap alak\u00fa, Meska","view_count":"2323","favourite_count":"0","trending_score":"0","last2MonthFavouriteCount":"0","promotion":"0","giftcard_accept":"1","creditcard_accept":true,"enhanced_background":"0","domain":"meska","specific_customer_id":null,"specific_customer_name":null,"to_order_product":"1","to_order_product_time":"12","product_different":null,"product_different_description":"","vintage":"0","vintage_category_id":"0","recycled":"0","gemstone_id":"0","customizable":"0","type_category":"physical","zerowaste":"0","postage_price":"2390.00","shop_order":"0","has_category":"1","landing_pages":null,"microdata":{"number":53,"category":""},"title":"H\u00e1zsz\u00e1mt\u00e1bla - d\u00edszes, t\u00e9glalap alak\u00fa","description":"Saj\u00e1t tervez\u00e9s\u0171 h\u00e1zsz\u00e1mt\u00e1bla. \u00d6n\u00e1ll\u00f3 grafikai tervez\u00e9s \u00e9s kivitelez\u00e9s, bele\u00e9rtve a kiv\u00e1g\u00e1st is.\nAlapm\u00e9rete: 20 x 13 cm, de a k\u00e9p melletti r\u00e9szen ki lehet v\u00e1lasztani nagyobb m\u00e9retet is.A megjegyz\u00e9s rovatban tudja majd megadni a t\u00e1bl\u00e1ra fel\u00edrand\u00f3 sz\u00f6veget.\n\nA t\u00e1bla anyaga: Ongrofoam, egy speci\u00e1lis UV \u00e1ll\u00f3 m\u0171anyag, Id\u0151j\u00e1r\u00e1s\u00e1ll\u00f3.\n\nA 30 cm-n\u00e9l nagyobb m\u00e9ret rendel\u00e9s\u00e9n\u00e9l csak a csomag, post\u00e1n marad\u00f3 vagy a fut\u00e1r sz\u00e1ll\u00edt\u00e1si opci\u00f3t haszn\u00e1lja, mert a posta 30 centin\u00e9l nagyobb k\u00fcldem\u00e9nyt csak csomagk\u00e9nt sz\u00e1ll\u00edt.\nK\u00e9rem olvassal el az \u00e1ltal\u00e1nos szerz\u0151d\u00e9si felt\u00e9teleket (\u00c1SZF), melyet a term\u00e9k megv\u00e1s\u00e1rl\u00e1val \u00f6n elfogadott.\n\nA r\u00e1\u00edrand\u00f3 sz\u00f6veget a rendel\u00e9skor a megjegyz\u00e9s rovatban t\u00fcntetheti fel.\n\nA k\u00e9perny\u0151n l\u00e1that\u00f3 sz\u00ednek felbont\u00e1sa \u00e9s a nyomdai sz\u00ednek felbont\u00e1sa kis m\u00e9rt\u00e9kben elt\u00e9rhet.\n\n\n","score":0,"formatted_price":"4 190 Ft","image_url":"https:\/\/www.meska.hu\/img\/product\/small\/k\/i\/kiokumitsu_product_54127_210903093732_700948.jpeg","formatted_url":"https:\/\/www.meska.hu\/p2250381-hazszamtabla-diszes-teglalap-alaku","favourite":false,"in_stock":false,"avatar":"Kiokumitsu_avatar_54127_1676920383.jpg","delete_from":0,"is_enhanced_background":false,"is_enhanced":false,"product_selection_started":false,"is_active":true,"image_webp_url":"https:\/\/www.meska.hu\/img\/product\/small\/k\/i\/kiokumitsu_product_54127_210903093732_700948.webp"},{"id":"3402769","shop_id":"12524","user_id":"54127","shop_name":"Kiokumitsu","shop_zip":"1155","product_code":"2950068","product_name_old":null,"product_name":"H\u00e1zsz\u00e1mt\u00e1bla - n\u00e9gyzet alak\u00fa","category_string":"Otthon & \u00c9letm\u00f3d, H\u00e1z & Kert, H\u00e1zsz\u00e1m","technic_string":"Mindenm\u00e1s, Fot\u00f3, grafika, rajz, illusztr\u00e1ci\u00f3","category_1":"813","category_2":"897","category_3":"431","category_4":"0","merged_category_1":"0","merged_category_2":"0","merged_category_3":"0","technic_1":"493","technic_2":"483","technic_3":"0","color_1":"516","color_2":"519","color_3":"521","product_description_old":null,"product_description":"N\u00e9gyzet alak\u00fa h\u00e1zsz\u00e1mt\u00e1bla. H\u00e1zsz\u00e1m \u00e9s utcan\u00e9v elhelyez\u00e9se lehets\u00e9ges. Valamint csal\u00e1dn\u00e9v is, de ez persze ki is hagyhat\u00f3.\nSaj\u00e1t tervez\u00e9s\u0171 grafika \u00e9s kivitelez\u00e9s, bele\u00e9rtve a kiv\u00e1g\u00e1st is.\nA megjegyz\u00e9s rovatban tudja majd megadni a fel\u00edrand\u00f3 sz\u00f6veget.\n\nM\u00e9rete: 20 x 20 cm, de k\u00e9rhet\u0151 nagyobb m\u00e9retben is.\n\nA t\u00e1bla anyaga: Ongrofoam, egy speci\u00e1lis UV \u00e1ll\u00f3 m\u0171anyag, Id\u0151j\u00e1r\u00e1s\u00e1ll\u00f3.\n\nK\u00e9rem olvassal el az \u00e1ltal\u00e1nos szerz\u0151d\u00e9si felt\u00e9teleket (\u00c1SZF), melyet a term\u00e9k megv\u00e1s\u00e1rl\u00e1val \u00f6n elfogadott.\n","price":"4190.00","unit":"db","recommended":"0","status":"1","sponsored":"0","exp_notify":"0","own_material":"0","own_material_description_old":null,"own_material_description":"","jury":"0","jury_number":"","product_nature":"","meskaracsony":"0","create_date":"2026-03-20 02:43:26","shelve_id":"44100","image":"kiokumitsu_product_54127_220926213002_492168.jpeg","image_width":"480","image_height":"485","image_alt":"H\u00e1zsz\u00e1mt\u00e1bla - n\u00e9gyzet alak\u00fa, N\u00e9gyzet alak\u00fa h\u00e1zsz\u00e1mt\u00e1bla. H\u00e1zsz\u00e1m \u00e9s utcan\u00e9v elhelyez\u00e9se lehets\u00e9ges. Valamint csal\u00e1dn\u00e9v is, de ez ..., Meska","image_title":"H\u00e1zsz\u00e1mt\u00e1bla - n\u00e9gyzet alak\u00fa, Meska","view_count":"1854","favourite_count":"0","trending_score":"0","last2MonthFavouriteCount":"0","promotion":"0","giftcard_accept":"1","creditcard_accept":true,"enhanced_background":"0","domain":"meska","specific_customer_id":null,"specific_customer_name":null,"to_order_product":"1","to_order_product_time":"12","product_different":null,"product_different_description":"A k\u00e9perny\u0151n l\u00e1that\u00f3 sz\u00ednek felbont\u00e1sa \u00e9s a nyomdai sz\u00ednek felbont\u00e1sa kis m\u00e9rt\u00e9kben elt\u00e9rhet!","vintage":"0","vintage_category_id":"0","recycled":"0","gemstone_id":"0","customizable":"0","type_category":"physical","zerowaste":"0","postage_price":"2390.00","shop_order":"0","has_category":"1","landing_pages":null,"microdata":{"number":54,"category":""},"title":"H\u00e1zsz\u00e1mt\u00e1bla - n\u00e9gyzet alak\u00fa","description":"N\u00e9gyzet alak\u00fa h\u00e1zsz\u00e1mt\u00e1bla. H\u00e1zsz\u00e1m \u00e9s utcan\u00e9v elhelyez\u00e9se lehets\u00e9ges. Valamint csal\u00e1dn\u00e9v is, de ez persze ki is hagyhat\u00f3.\nSaj\u00e1t tervez\u00e9s\u0171 grafika \u00e9s kivitelez\u00e9s, bele\u00e9rtve a kiv\u00e1g\u00e1st is.\nA megjegyz\u00e9s rovatban tudja majd megadni a fel\u00edrand\u00f3 sz\u00f6veget.\n\nM\u00e9rete: 20 x 20 cm, de k\u00e9rhet\u0151 nagyobb m\u00e9retben is.\n\nA t\u00e1bla anyaga: Ongrofoam, egy speci\u00e1lis UV \u00e1ll\u00f3 m\u0171anyag, Id\u0151j\u00e1r\u00e1s\u00e1ll\u00f3.\n\nK\u00e9rem olvassal el az \u00e1ltal\u00e1nos szerz\u0151d\u00e9si felt\u00e9teleket (\u00c1SZF), melyet a term\u00e9k megv\u00e1s\u00e1rl\u00e1val \u00f6n elfogadott.\n","score":0,"formatted_price":"4 190 Ft","image_url":"https:\/\/www.meska.hu\/img\/product\/small\/k\/i\/kiokumitsu_product_54127_220926213002_492168.jpeg","formatted_url":"https:\/\/www.meska.hu\/p2950068-hazszamtabla-negyzet-alaku","favourite":false,"in_stock":false,"avatar":"Kiokumitsu_avatar_54127_1676920383.jpg","delete_from":0,"is_enhanced_background":false,"is_enhanced":false,"product_selection_started":false,"is_active":true,"image_webp_url":"https:\/\/www.meska.hu\/img\/product\/small\/k\/i\/kiokumitsu_product_54127_220926213002_492168.webp"},{"id":"5866065","shop_id":"47945","user_id":"702579","shop_name":"Darimi","shop_zip":"2030","product_code":"5591704","product_name_old":null,"product_name":"Magyarorsz\u00e1g h\u00e1zsz\u00e1mt\u00e1bla - hazafias nemzeti mot\u00edvumos k\u00fclt\u00e9ri h\u00e1zsz\u00e1m, UV-\u00e1ll\u00f3 ASA","category_string":"Otthon & \u00c9letm\u00f3d, H\u00e1z & Kert, H\u00e1zsz\u00e1m","technic_string":"Mindenm\u00e1s","category_1":"813","category_2":"897","category_3":"431","category_4":"0","merged_category_1":null,"merged_category_2":null,"merged_category_3":null,"technic_1":"493","technic_2":"0","technic_3":"0","color_1":"519","color_2":"520","color_3":"527","product_description_old":null,"product_description":"Magyarorsz\u00e1g mot\u00edvumos egyedi h\u00e1zsz\u00e1mt\u00e1bla, amely a t\u00f6rt\u00e9nelmi Magyarorsz\u00e1g k\u00f6rvonal\u00e1val d\u00edsz\u00edti a bej\u00e1ratodat. Hazafias \u00e9rzelm\u0171 otthonoknak, nemzeti szimb\u00f3lumokat kedvel\u0151 tulajdonosoknak k\u00e9sz\u00fclt ez a k\u00fclt\u00e9ri t\u00e1bla, amelyen a h\u00e1zsz\u00e1mod a Magyarorsz\u00e1g t\u00e9rk\u00e9pe mellett jelenik meg.\n\n\nA kisebb verzi\u00f3 kapuoszlopra, postal\u00e1d\u00e1ra, kertkapu mell\u00e9 alkalmas, a 35-40 cm-es v\u00e1ltozatok t\u00e1volr\u00f3l is j\u00f3l l\u00e1that\u00f3ak \u00e9s hangs\u00falyos megjelen\u00e9st biztos\u00edtanak.\n\nA vastags\u00e1g 2 mm-t\u0151l 5 mm-ig \u00e1ll\u00edthat\u00f3 n\u00e9gy fokozatban: 2 mm, 2,5 mm, 3 mm \u00e9s 5 mm. A v\u00e9konyabb v\u00e1ltozat k\u00f6nny\u0171 \u00e9s eleg\u00e1ns, a vastagabb t\u00f6m\u00f6r, robusztus hat\u00e1st kelt.\n\nA Magyarorsz\u00e1g t\u00e9rk\u00e9p form\u00e1tuma fekv\u0151 t\u00e9glalaphoz hasonl\u00f3, ez\u00e9rt a t\u00e1bla ar\u00e1nyai term\u00e9szetesek \u00e9s harmonikusak. A t\u00e9rk\u00e9p mellett a h\u00e1zsz\u00e1mod vagy utcaneved j\u00f3l olvashat\u00f3an jelenik meg. A t\u00e1bla egyszer\u0171 vonalvezet\u00e9s\u0171, nem t\u00fald\u00edsz\u00edtett, m\u00e9gis azonnal felismerhet\u0151 \u00e9s besz\u00e9des.\n\nSZ\u00cdNEK\n\nA sz\u00edn RAL ipari sz\u00ednrendszer\u0171: az anyag teljes vastags\u00e1g\u00e1ban sz\u00ednes, nem festett r\u00e9teg, ez\u00e9rt nem kopik le \u00e9s nem pattogzik. Prusa XL 5T nyomtat\u00f3val k\u00e9sz\u00fcl. 6 sz\u00edn k\u00f6z\u00fcl v\u00e1laszthatsz, \u00edgy a bej\u00e1ratodhoz passzol\u00f3 \u00e1rnyalatot tal\u00e1lsz.\n\nANYAG\n\nA t\u00e1bla ASA ipari m\u0171anyagb\u00f3l k\u00e9sz\u00fcl, amely k\u00fclt\u00e9ri tart\u00f3s haszn\u00e1latra fejlesztett anyag. Id\u0151j\u00e1r\u00e1s\u00e1ll\u00f3: -30 fokt\u00f3l +80 fokig megb\u00edzhat\u00f3an haszn\u00e1lhat\u00f3. UV-\u00e1ll\u00f3, es\u0151\u00e1ll\u00f3 \u00e9s fagy\u00e1ll\u00f3, vagyis eg\u00e9sz \u00e9vben kint maradhat a falon, kapun vagy ker\u00edt\u00e9sen. Nem fakul, nem s\u00e1rgul, nem reped. A k\u00fclt\u00e9ri \u00e9lettartam meghaladja a 10 \u00e9vet.\n\nA szat\u00e9n fel\u00fclet\u0171, s\u00edk kivitel\u0171 t\u00e1bla nem dombor\u00fa, hanem eszt\u00e9tikus lapos fel\u00fcletet kapsz, amely a falhoz simul.\n\nR\u00d6GZ\u00cdT\u00c9S\n\nK\u00fclt\u00e9ri \u00e9p\u00edt\u00e9si ragaszt\u00f3val a legegyszer\u0171bb felhelyezni a falra, kapura vagy ker\u00edt\u00e9sre. F\u00far\u00e1smentes, tart\u00f3s megold\u00e1s. Ha furatokat szeretn\u00e9l, rendel\u00e9sn\u00e9l jelezd, \u00e9s elk\u00e9sz\u00edtj\u00fck.\n\nRENDEL\u00c9S\n\nRendel\u00e9skor add meg a h\u00e1zsz\u00e1mot vagy utcanevet, v\u00e1laszd ki a m\u00e9retet, vastags\u00e1got \u00e9s sz\u00ednt. Egyedi k\u00e9r\u00e9seket sz\u00edvesen fogadunk.\n\nMIRE J\u00d3?\n\nA Magyarorsz\u00e1g mot\u00edvum er\u0151s nemzeti szimb\u00f3lum, amelyet sokan keresnek lak\u00e1sdekor\u00e1ci\u00f3k\u00e9nt, aut\u00f3matricak\u00e9nt, kit\u0171z\u0151k\u00e9nt. H\u00e1zsz\u00e1mt\u00e1bla form\u00e1j\u00e1ban ez a mot\u00edvum a bej\u00e1ratnak ad egyedi, hazafias karaktert.\n\nNemzeti \u00fcnnepekre, m\u00e1rcius 15-re, augusztus 20-ra, okt\u00f3ber 23-ra is remek v\u00e1laszt\u00e1s, ha a bej\u00e1ratodat szeretn\u00e9d a nemzeti \u00e9rz\u00e9ssel \u00f6sszehangolni. Aj\u00e1nd\u00e9knak is kiv\u00e1l\u00f3: h\u00e1zavat\u00f3ra, k\u00f6lt\u00f6z\u00e9sre, n\u00e9vnapra vagy sz\u00fclet\u00e9snapra a t\u00f6rt\u00e9nelmi Magyarorsz\u00e1g ir\u00e1nt \u00e9rzett tisztelet kifejez\u00e9se.\n\nCsal\u00e1di h\u00e1zak, h\u00e9tv\u00e9gi h\u00e1zak, tany\u00e1k, sz\u00e1ll\u00e1shelyek, vend\u00e9gh\u00e1zak \u00e9s k\u00f6z\u00f6ss\u00e9gi \u00e9p\u00fcletek bej\u00e1rat\u00e1ra egyar\u00e1nt alkalmas. Ha a postal\u00e1d\u00e1dra is szeretn\u00e9l h\u00e1zsz\u00e1mot, az \u00f6n\u00e1ll\u00f3 sz\u00e1mjegy term\u00e9k\u00fcnket aj\u00e1nljuk, amelyet a t\u00e1bla mell\u00e9 kieg\u00e9sz\u00edt\u00e9sk\u00e9nt is haszn\u00e1lhatsz. A k\u00e9t term\u00e9k egy\u00fctt, egy Nagy-Magyarorsz\u00e1g h\u00e1zsz\u00e1mt\u00e1bla a kapun \u00e9s \u00f6n\u00e1ll\u00f3 sz\u00e1mjegyek a postal\u00e1d\u00e1n, egys\u00e9ges megjelen\u00e9st ad a bej\u00e1ratnak.\n\nHa m\u00e1s mot\u00edvumos h\u00e1zsz\u00e1mt\u00e1bl\u00e1t keresel, n\u00e9zd meg a boltunkban el\u00e9rhet\u0151 eleg\u00e1ns vintage, mad\u00e1rp\u00e1ros, pillang\u00f3s, haj\u00f3s vagy tr\u00f3pusi (ban\u00e1nf\u00e1s, p\u00e1lmaf\u00e1s) v\u00e1ltozatokat. Sport t\u00e9m\u00e1ban focis, biciklis \u00e9s motoros h\u00e1zsz\u00e1mt\u00e1bl\u00e1k is el\u00e9rhet\u0151k. Ha teljesen egyedi designt szeretn\u00e9l, a teljesen egyedi h\u00e1zsz\u00e1mt\u00e1bla opci\u00f3val b\u00e1rmilyen forma \u00e9s mot\u00edvum megval\u00f3s\u00edthat\u00f3.\n\nKar\u00e1csonyi szezonban kar\u00e1csonyfad\u00edszt \u00e9s egyedi ajt\u00f3d\u00edszt is tal\u00e1lsz a k\u00edn\u00e1latunkban. Esk\u00fcv\u0151re n\u00e9vt\u00e1bl\u00e1t, tortad\u00edszt, falid\u00edszt k\u00e9sz\u00edt\u00fcnk. Belt\u00e9ri dekor\u00e1ci\u00f3nak kapcsol\u00f3d\u00edszek, pillang\u00f3 fali dekor\u00e1ci\u00f3 \u00e9s babaszoba dekorok is el\u00e9rhet\u0151k.\n\nMinden term\u00e9k\u00fcnket egyedileg, rendel\u00e9sre k\u00e9sz\u00edtj\u00fck. K\u00e9rd\u00e9sed van? \u00cdrj b\u00e1tran, gyorsan v\u00e1laszolunk. N\u00e9zd meg a t\u00f6bbi term\u00e9k\u00fcnket is, h\u00e1tha tal\u00e1lsz m\u00e9g valamit, ami tetszik.","price":"2490.00","unit":"db","recommended":"0","status":"1","sponsored":"0","exp_notify":"0","own_material":"0","own_material_description_old":null,"own_material_description":"","jury":"0","jury_number":"","product_nature":"","meskaracsony":"0","create_date":"2026-03-19 22:43:12","shelve_id":"79630","image":"darimi_product_702579_250719231625_826510.png","image_width":"480","image_height":"720","image_alt":"Magyarorsz\u00e1g h\u00e1zsz\u00e1mt\u00e1bla - hazafias nemzeti mot\u00edvumos k\u00fclt\u00e9ri h\u00e1zsz\u00e1m, UV-\u00e1ll\u00f3 ASA, Magyarorsz\u00e1g mot\u00edvumos egyedi h\u00e1zsz\u00e1mt\u00e1bla, amely a t\u00f6rt\u00e9nelmi Magyarorsz\u00e1g k\u00f6rvonal\u00e1val d\u00edsz\u00edti a b..., Meska","image_title":"Magyarorsz\u00e1g h\u00e1zsz\u00e1mt\u00e1bla - hazafias nemzeti mot\u00edvumos k\u00fclt\u00e9ri h\u00e1zsz\u00e1m, UV-\u00e1ll\u00f3 ASA, Meska","view_count":"2734","favourite_count":"0","trending_score":"0","last2MonthFavouriteCount":"0","promotion":"0","giftcard_accept":"0","creditcard_accept":true,"enhanced_background":"0","domain":"meska","specific_customer_id":null,"specific_customer_name":null,"to_order_product":"1","to_order_product_time":"1","product_different":null,"product_different_description":"","vintage":"0","vintage_category_id":"0","recycled":"0","gemstone_id":"0","customizable":"1","type_category":"physical","zerowaste":"0","postage_price":"1349.00","shop_order":"0","has_category":"1","landing_pages":null,"microdata":{"number":55,"category":""},"title":"Magyarorsz\u00e1g h\u00e1zsz\u00e1mt\u00e1bla - hazafias nemzeti mot\u00edvumos k\u00fclt\u00e9ri h\u00e1zsz\u00e1m, UV-\u00e1ll\u00f3 ASA","description":"Magyarorsz\u00e1g mot\u00edvumos egyedi h\u00e1zsz\u00e1mt\u00e1bla, amely a t\u00f6rt\u00e9nelmi Magyarorsz\u00e1g k\u00f6rvonal\u00e1val d\u00edsz\u00edti a bej\u00e1ratodat. Hazafias \u00e9rzelm\u0171 otthonoknak, nemzeti szimb\u00f3lumokat kedvel\u0151 tulajdonosoknak k\u00e9sz\u00fclt ez a k\u00fclt\u00e9ri t\u00e1bla, amelyen a h\u00e1zsz\u00e1mod a Magyarorsz\u00e1g t\u00e9rk\u00e9pe mellett jelenik meg.\n\n\nA kisebb verzi\u00f3 kapuoszlopra, postal\u00e1d\u00e1ra, kertkapu mell\u00e9 alkalmas, a 35-40 cm-es v\u00e1ltozatok t\u00e1volr\u00f3l is j\u00f3l l\u00e1that\u00f3ak \u00e9s hangs\u00falyos megjelen\u00e9st biztos\u00edtanak.\n\nA vastags\u00e1g 2 mm-t\u0151l 5 mm-ig \u00e1ll\u00edthat\u00f3 n\u00e9gy fokozatban: 2 mm, 2,5 mm, 3 mm \u00e9s 5 mm. A v\u00e9konyabb v\u00e1ltozat k\u00f6nny\u0171 \u00e9s eleg\u00e1ns, a vastagabb t\u00f6m\u00f6r, robusztus hat\u00e1st kelt.\n\nA Magyarorsz\u00e1g t\u00e9rk\u00e9p form\u00e1tuma fekv\u0151 t\u00e9glalaphoz hasonl\u00f3, ez\u00e9rt a t\u00e1bla ar\u00e1nyai term\u00e9szetesek \u00e9s harmonikusak. A t\u00e9rk\u00e9p mellett a h\u00e1zsz\u00e1mod vagy utcaneved j\u00f3l olvashat\u00f3an jelenik meg. A t\u00e1bla egyszer\u0171 vonalvezet\u00e9s\u0171, nem t\u00fald\u00edsz\u00edtett, m\u00e9gis azonnal felismerhet\u0151 \u00e9s besz\u00e9des.\n\nSZ\u00cdNEK\n\nA sz\u00edn RAL ipari sz\u00ednrendszer\u0171: az anyag teljes vastags\u00e1g\u00e1ban sz\u00ednes, nem festett r\u00e9teg, ez\u00e9rt nem kopik le \u00e9s nem pattogzik. Prusa XL 5T nyomtat\u00f3val k\u00e9sz\u00fcl. 6 sz\u00edn k\u00f6z\u00fcl v\u00e1laszthatsz, \u00edgy a bej\u00e1ratodhoz passzol\u00f3 \u00e1rnyalatot tal\u00e1lsz.\n\nANYAG\n\nA t\u00e1bla ASA ipari m\u0171anyagb\u00f3l k\u00e9sz\u00fcl, amely k\u00fclt\u00e9ri tart\u00f3s haszn\u00e1latra fejlesztett anyag. Id\u0151j\u00e1r\u00e1s\u00e1ll\u00f3: -30 fokt\u00f3l +80 fokig megb\u00edzhat\u00f3an haszn\u00e1lhat\u00f3. UV-\u00e1ll\u00f3, es\u0151\u00e1ll\u00f3 \u00e9s fagy\u00e1ll\u00f3, vagyis eg\u00e9sz \u00e9vben kint maradhat a falon, kapun vagy ker\u00edt\u00e9sen. Nem fakul, nem s\u00e1rgul, nem reped. A k\u00fclt\u00e9ri \u00e9lettartam meghaladja a 10 \u00e9vet.\n\nA szat\u00e9n fel\u00fclet\u0171, s\u00edk kivitel\u0171 t\u00e1bla nem dombor\u00fa, hanem eszt\u00e9tikus lapos fel\u00fcletet kapsz, amely a falhoz simul.\n\nR\u00d6GZ\u00cdT\u00c9S\n\nK\u00fclt\u00e9ri \u00e9p\u00edt\u00e9si ragaszt\u00f3val a legegyszer\u0171bb felhelyezni a falra, kapura vagy ker\u00edt\u00e9sre. F\u00far\u00e1smentes, tart\u00f3s megold\u00e1s. Ha furatokat szeretn\u00e9l, rendel\u00e9sn\u00e9l jelezd, \u00e9s elk\u00e9sz\u00edtj\u00fck.\n\nRENDEL\u00c9S\n\nRendel\u00e9skor add meg a h\u00e1zsz\u00e1mot vagy utcanevet, v\u00e1laszd ki a m\u00e9retet, vastags\u00e1got \u00e9s sz\u00ednt. Egyedi k\u00e9r\u00e9seket sz\u00edvesen fogadunk.\n\nMIRE J\u00d3?\n\nA Magyarorsz\u00e1g mot\u00edvum er\u0151s nemzeti szimb\u00f3lum, amelyet sokan keresnek lak\u00e1sdekor\u00e1ci\u00f3k\u00e9nt, aut\u00f3matricak\u00e9nt, kit\u0171z\u0151k\u00e9nt. H\u00e1zsz\u00e1mt\u00e1bla form\u00e1j\u00e1ban ez a mot\u00edvum a bej\u00e1ratnak ad egyedi, hazafias karaktert.\n\nNemzeti \u00fcnnepekre, m\u00e1rcius 15-re, augusztus 20-ra, okt\u00f3ber 23-ra is remek v\u00e1laszt\u00e1s, ha a bej\u00e1ratodat szeretn\u00e9d a nemzeti \u00e9rz\u00e9ssel \u00f6sszehangolni. Aj\u00e1nd\u00e9knak is kiv\u00e1l\u00f3: h\u00e1zavat\u00f3ra, k\u00f6lt\u00f6z\u00e9sre, n\u00e9vnapra vagy sz\u00fclet\u00e9snapra a t\u00f6rt\u00e9nelmi Magyarorsz\u00e1g ir\u00e1nt \u00e9rzett tisztelet kifejez\u00e9se.\n\nCsal\u00e1di h\u00e1zak, h\u00e9tv\u00e9gi h\u00e1zak, tany\u00e1k, sz\u00e1ll\u00e1shelyek, vend\u00e9gh\u00e1zak \u00e9s k\u00f6z\u00f6ss\u00e9gi \u00e9p\u00fcletek bej\u00e1rat\u00e1ra egyar\u00e1nt alkalmas. Ha a postal\u00e1d\u00e1dra is szeretn\u00e9l h\u00e1zsz\u00e1mot, az \u00f6n\u00e1ll\u00f3 sz\u00e1mjegy term\u00e9k\u00fcnket aj\u00e1nljuk, amelyet a t\u00e1bla mell\u00e9 kieg\u00e9sz\u00edt\u00e9sk\u00e9nt is haszn\u00e1lhatsz. A k\u00e9t term\u00e9k egy\u00fctt, egy Nagy-Magyarorsz\u00e1g h\u00e1zsz\u00e1mt\u00e1bla a kapun \u00e9s \u00f6n\u00e1ll\u00f3 sz\u00e1mjegyek a postal\u00e1d\u00e1n, egys\u00e9ges megjelen\u00e9st ad a bej\u00e1ratnak.\n\nHa m\u00e1s mot\u00edvumos h\u00e1zsz\u00e1mt\u00e1bl\u00e1t keresel, n\u00e9zd meg a boltunkban el\u00e9rhet\u0151 eleg\u00e1ns vintage, mad\u00e1rp\u00e1ros, pillang\u00f3s, haj\u00f3s vagy tr\u00f3pusi (ban\u00e1nf\u00e1s, p\u00e1lmaf\u00e1s) v\u00e1ltozatokat. Sport t\u00e9m\u00e1ban focis, biciklis \u00e9s motoros h\u00e1zsz\u00e1mt\u00e1bl\u00e1k is el\u00e9rhet\u0151k. Ha teljesen egyedi designt szeretn\u00e9l, a teljesen egyedi h\u00e1zsz\u00e1mt\u00e1bla opci\u00f3val b\u00e1rmilyen forma \u00e9s mot\u00edvum megval\u00f3s\u00edthat\u00f3.\n\nKar\u00e1csonyi szezonban kar\u00e1csonyfad\u00edszt \u00e9s egyedi ajt\u00f3d\u00edszt is tal\u00e1lsz a k\u00edn\u00e1latunkban. Esk\u00fcv\u0151re n\u00e9vt\u00e1bl\u00e1t, tortad\u00edszt, falid\u00edszt k\u00e9sz\u00edt\u00fcnk. Belt\u00e9ri dekor\u00e1ci\u00f3nak kapcsol\u00f3d\u00edszek, pillang\u00f3 fali dekor\u00e1ci\u00f3 \u00e9s babaszoba dekorok is el\u00e9rhet\u0151k.\n\nMinden term\u00e9k\u00fcnket egyedileg, rendel\u00e9sre k\u00e9sz\u00edtj\u00fck. K\u00e9rd\u00e9sed van? \u00cdrj b\u00e1tran, gyorsan v\u00e1laszolunk. N\u00e9zd meg a t\u00f6bbi term\u00e9k\u00fcnket is, h\u00e1tha tal\u00e1lsz m\u00e9g valamit, ami tetszik.","score":0,"formatted_price":"2 490 Ft","image_url":"https:\/\/www.meska.hu\/img\/product\/small\/d\/a\/darimi_product_702579_250719231625_826510.png","formatted_url":"https:\/\/www.meska.hu\/p5591704-magyarorszag-hazszamtabla-3d-nyomtatott-idojarasallo-asa","favourite":false,"in_stock":false,"avatar":"702579_avatar_1739694015.jpeg","delete_from":0,"is_enhanced_background":false,"is_enhanced":false,"product_selection_started":false,"is_active":true,"image_webp_url":"https:\/\/www.meska.hu\/img\/product\/small\/d\/a\/darimi_product_702579_250719231625_826510.webp"},{"id":"5967579","shop_id":"47945","user_id":"702579","shop_name":"Darimi","shop_zip":"2030","product_code":"5652663","product_name_old":null,"product_name":"Puli kuty\u00e1s h\u00e1zsz\u00e1mt\u00e1bla - egyedi k\u00fclt\u00e9ri kapusz\u00e1m utcan\u00e9vvel, magyar p\u00e1sztorkutya mot\u00edvummal","category_string":"Otthon & \u00c9letm\u00f3d, H\u00e1z & Kert, H\u00e1zsz\u00e1m","technic_string":"Mindenm\u00e1s","category_1":"813","category_2":"897","category_3":"431","category_4":"0","merged_category_1":null,"merged_category_2":null,"merged_category_3":null,"technic_1":"493","technic_2":"0","technic_3":"0","color_1":"519","color_2":"520","color_3":"527","product_description_old":null,"product_description":"Puli kuty\u00e1s h\u00e1zsz\u00e1mt\u00e1bla utcan\u00e9vvel \u00e9s h\u00e1zsz\u00e1mmal, k\u00e9tsz\u00edn\u0171 3D nyomtat\u00e1ssal, k\u00fclt\u00e9ri ASA anyagb\u00f3l.\n\nA t\u00e1bl\u00e1n a puli jellegzetes sziluettje l\u00e1that\u00f3 a h\u00e1zsz\u00e1m mellett, alul az utcan\u00e9vvel. A puli zsin\u00f3ros sz\u0151rzete \u00e9s karakteres testtart\u00e1sa j\u00f3l felismerhet\u0151 a fot\u00f3n l\u00e1that\u00f3 kivitelben. A t\u00e1bla nem festett \u00e9s nem grav\u00edrozott - a k\u00e9t sz\u00edn egyszerre nyomtat\u00f3dik, ez\u00e9rt a mot\u00edvum nem kopik le.\n\n\nHOGYAN RENDELHETSZ?\n\n1. V\u00e1laszd ki az alapsz\u00ednt, m\u00e9retet \u00e9s vastags\u00e1got\n2. \u00dczenetben \u00edrd meg:\n   - A h\u00e1zsz\u00e1mot\n   - Az utca nev\u00e9t\n   - A sz\u00f6veg \u00e9s sz\u00e1m k\u00edv\u00e1nt sz\u00edn\u00e9t\n   - Elrendez\u00e9s (sz\u00e1m \u00e9s sz\u00f6veg k\u00f6z\u00e9pen vagy jobbra)\n3. N\u00e9h\u00e1ny \u00f3r\u00e1n bel\u00fcl k\u00fcld\u00f6m az el\u0151n\u00e9zeti tervet\n4. Ha kell, m\u00f3dos\u00edtunk - ha tetszik, indul a nyomtat\u00e1s\n5. Elk\u00e9sz\u00fclt darabr\u00f3l m\u00e9rc\u00e9s fot\u00f3t k\u00fcld\u00f6k\n6. Gondosan csomagolva post\u00e1zom, aj\u00e1nd\u00e9k narancsh\u00e1moz\u00f3 gy\u0171r\u0171vel\n\nEgyedi m\u00e9ret is megoldhat\u00f3. Helysz\u0171ke eset\u00e9n pontos m\u00e9retek alapj\u00e1n bele tudjuk tervezni a rendelkez\u00e9sre \u00e1ll\u00f3 fel\u00fcletbe.\n\n\nM\u00c9RETEK\n\nA m\u00e9retekn\u00e9l a sz\u00e9less\u00e9g az els\u0151dleges, a magass\u00e1g a tartalom \u00e9s az ar\u00e1nyok f\u00fcggv\u00e9nye - \u00e1ltal\u00e1ban valamivel nagyobb a megadottn\u00e1l.\n\n- S: 20 x 8 cm - kisebb kapura, ajt\u00f3 mell\u00e9, postal\u00e1d\u00e1ra\n- M: 30 x 12 cm - \u00e1tlagos ker\u00edt\u00e9sre, kapura, bej\u00e1rati falra\n- L: 35 x 14 cm - j\u00f3l l\u00e1that\u00f3, utc\u00e1r\u00f3l is olvashat\u00f3\n- XL: 40 x 16 cm - nagy m\u00e9ret, de a puli mot\u00edvum kiss\u00e9 kisebb lesz az ar\u00e1nyok miatt\n\nHa bizonytalan vagy, az M (30x12) \u00e9s L (35x14) m\u00e9retek a legn\u00e9pszer\u0171bbek.\n\n\nVASTAGS\u00c1G\n\n- 1,6 mm (alap) - v\u00e9kony, eleg\u00e1ns\n- 2 mm - enyh\u00e9n massz\u00edvabb\n- 2,5 mm - a leggyakrabban v\u00e1lasztott\n- 3 mm - stabil, furatokkal is k\u00e9rhet\u0151\n- 4-8 mm - egyre vastagabb, massz\u00edvabb v\u00e1ltozatok\n\nA vastagabb verzi\u00f3kn\u00e1l a t\u00e1bla komolyabb, s\u00falyosabb benyom\u00e1st kelt. Furatokkal k\u00e9rhet\u0151 csavaros r\u00f6gz\u00edt\u00e9shez a 3 mm-es vagy vastagabb v\u00e1ltozat.\n\n\nSZ\u00cdNEK (RAL K\u00d3DOKKAL)\n\n- Fekete RAL 9017 (a fot\u00f3n l\u00e1that\u00f3 h\u00e1tt\u00e9r)\n- Feh\u00e9r RAL 9003\n- Bazaltsz\u00fcrke RAL 7012\n- Antracit sz\u00fcrke RAL 7016\n- Sz\u00fcrke RAL 7011\n- Barna RAL 8017\n- K\u00e9k RAL 5015\n- Bord\u00f3 RAL 3031\n- Polar white (ath\u00e9n sz\u00fcrke)\n\nEgyedi sz\u00edn is k\u00e9rhet\u0151 - \u00fczenetben EL\u0150RE egyeztess\u00fcnk. A h\u00e1tt\u00e9r \u00e9s a mot\u00edvum (puli + sz\u00e1m + utcan\u00e9v) sz\u00edne term\u00e9szetesen elt\u00e9r\u0151.\n\n\nANYAG - ASA (K\u00dcLT\u00c9RI)\n\nA t\u00e1bla ASA m\u0171anyagb\u00f3l k\u00e9sz\u00fcl, ami kifejezetten k\u00fclt\u00e9ri haszn\u00e1latra val\u00f3:\n- UV-\u00e1ll\u00f3: nem s\u00e1rgul, nem fakul napon sem\n- V\u00edz\u00e1ll\u00f3: es\u0151, h\u00f3, j\u00e9g nem \u00e1rt neki\n- Fagy\u00e1ll\u00f3: -30 C-t\u00f3l +80 C-ig tart\u00f3s\n- A sz\u00ednek nem festettek - \u00e1tsz\u00ednezett anyagb\u00f3l nyomtatottak, nem kopnak le\n\nEz fontos k\u00fcl\u00f6nbs\u00e9g a piacon kaphat\u00f3 festett vagy grav\u00edrozott t\u00e1bl\u00e1khoz k\u00e9pest: a mot\u00edvum ugyanolyan tart\u00f3s mint maga a t\u00e1bla.\n\n\nR\u00d6GZ\u00cdT\u00c9S\n\n- Ragaszthat\u00f3: sima falfel\u00fcletre k\u00fclt\u00e9ri \u00e9p\u00edt\u00e9si ragaszt\u00f3val (pl. Pattex One For All, Moment Fix)\n- Furatokkal is k\u00e9rhet\u0151: csavaros r\u00f6gz\u00edt\u00e9shez elk\u00e9sz\u00edtj\u00fck a lyukakat\n\nA nyomtat\u00e1s Prusa XL 5T g\u00e9ppel, szat\u00e9n lapra t\u00f6rt\u00e9nik.\n\n\nM\u00c1S KUTYAFAJT\u00c1T SZERETN\u00c9L?\n\nA boltomban t\u00f6bbf\u00e9le kutyafajt\u00e1s h\u00e1zsz\u00e1mt\u00e1bl\u00e1t tal\u00e1lsz: mopsz, n\u00e9met juh\u00e1sz, golden retriever, tacsk\u00f3, brit r\u00f6vidsz\u0151r\u0171 cica \u00e9s m\u00e1sok. Ha a te kutyafajt\u00e1d nem szerepel a k\u00edn\u00e1latban, \u00edrj \u00fczenetet - egyedi mot\u00edvummal is el tudom k\u00e9sz\u00edteni.\n\n\nMIRE J\u00d3?\n\n- Kuty\u00e1s csal\u00e1d h\u00e1zsz\u00e1mt\u00e1bl\u00e1ja kapura, ker\u00edt\u00e9sre\n- Aj\u00e1nd\u00e9k kutyatulajdonos ismer\u0151snek h\u00e1zavat\u00f3ra, k\u00f6lt\u00f6z\u00e9sre, sz\u00fclet\u00e9snapra\n- Puli rajong\u00f3knak, teny\u00e9szt\u0151knek\n- Nyaral\u00f3, h\u00e9tv\u00e9gi h\u00e1z bej\u00e1rat\u00e1ra\n\nElk\u00e9sz\u00edt\u00e9si id\u0151: kb. 1 munkanap az el\u0151n\u00e9zeti terv j\u00f3v\u00e1hagy\u00e1sa ut\u00e1n.\n\nMinden csomaghoz aj\u00e1nd\u00e9k 3D nyomtatott narancsh\u00e1moz\u00f3 gy\u0171r\u0171t mell\u00e9kelek.\n\nK\u00e9rd\u00e9sed van? \u00cdrj b\u00e1tran!","price":"5490.00","unit":"db","recommended":"0","status":"1","sponsored":"0","exp_notify":"0","own_material":"0","own_material_description_old":null,"own_material_description":"","jury":"0","jury_number":"","product_nature":"","meskaracsony":"0","create_date":"2026-03-19 14:41:24","shelve_id":"79630","image":"darimi_product_702579_251024204059_061672.png","image_width":"480","image_height":"480","image_alt":"Puli kuty\u00e1s h\u00e1zsz\u00e1mt\u00e1bla - egyedi k\u00fclt\u00e9ri kapusz\u00e1m utcan\u00e9vvel, magyar p\u00e1sztorkutya mot\u00edvummal, Puli kuty\u00e1s h\u00e1zsz\u00e1mt\u00e1bla utcan\u00e9vvel \u00e9s h\u00e1zsz\u00e1mmal, k\u00e9tsz\u00edn\u0171 3D nyomtat\u00e1ssal, k\u00fclt\u00e9ri ASA anyagb\u00f3l.\\n\\n..., Meska","image_title":"Puli kuty\u00e1s h\u00e1zsz\u00e1mt\u00e1bla - egyedi k\u00fclt\u00e9ri kapusz\u00e1m utcan\u00e9vvel, magyar p\u00e1sztorkutya mot\u00edvummal, Meska","view_count":"2673","favourite_count":"0","trending_score":"0","last2MonthFavouriteCount":"0","promotion":"0","giftcard_accept":"0","creditcard_accept":true,"enhanced_background":"0","domain":"meska","specific_customer_id":null,"specific_customer_name":null,"to_order_product":"1","to_order_product_time":"1","product_different":null,"product_different_description":"","vintage":"0","vintage_category_id":"0","recycled":"0","gemstone_id":"0","customizable":"1","type_category":"physical","zerowaste":"0","postage_price":"1349.00","shop_order":"0","has_category":"1","landing_pages":null,"microdata":{"number":56,"category":""},"title":"Puli kuty\u00e1s h\u00e1zsz\u00e1mt\u00e1bla - egyedi k\u00fclt\u00e9ri kapusz\u00e1m utcan\u00e9vvel, magyar p\u00e1sztorkutya mot\u00edvummal","description":"Puli kuty\u00e1s h\u00e1zsz\u00e1mt\u00e1bla utcan\u00e9vvel \u00e9s h\u00e1zsz\u00e1mmal, k\u00e9tsz\u00edn\u0171 3D nyomtat\u00e1ssal, k\u00fclt\u00e9ri ASA anyagb\u00f3l.\n\nA t\u00e1bl\u00e1n a puli jellegzetes sziluettje l\u00e1that\u00f3 a h\u00e1zsz\u00e1m mellett, alul az utcan\u00e9vvel. A puli zsin\u00f3ros sz\u0151rzete \u00e9s karakteres testtart\u00e1sa j\u00f3l felismerhet\u0151 a fot\u00f3n l\u00e1that\u00f3 kivitelben. A t\u00e1bla nem festett \u00e9s nem grav\u00edrozott - a k\u00e9t sz\u00edn egyszerre nyomtat\u00f3dik, ez\u00e9rt a mot\u00edvum nem kopik le.\n\n\nHOGYAN RENDELHETSZ?\n\n1. V\u00e1laszd ki az alapsz\u00ednt, m\u00e9retet \u00e9s vastags\u00e1got\n2. \u00dczenetben \u00edrd meg:\n   - A h\u00e1zsz\u00e1mot\n   - Az utca nev\u00e9t\n   - A sz\u00f6veg \u00e9s sz\u00e1m k\u00edv\u00e1nt sz\u00edn\u00e9t\n   - Elrendez\u00e9s (sz\u00e1m \u00e9s sz\u00f6veg k\u00f6z\u00e9pen vagy jobbra)\n3. N\u00e9h\u00e1ny \u00f3r\u00e1n bel\u00fcl k\u00fcld\u00f6m az el\u0151n\u00e9zeti tervet\n4. Ha kell, m\u00f3dos\u00edtunk - ha tetszik, indul a nyomtat\u00e1s\n5. Elk\u00e9sz\u00fclt darabr\u00f3l m\u00e9rc\u00e9s fot\u00f3t k\u00fcld\u00f6k\n6. Gondosan csomagolva post\u00e1zom, aj\u00e1nd\u00e9k narancsh\u00e1moz\u00f3 gy\u0171r\u0171vel\n\nEgyedi m\u00e9ret is megoldhat\u00f3. Helysz\u0171ke eset\u00e9n pontos m\u00e9retek alapj\u00e1n bele tudjuk tervezni a rendelkez\u00e9sre \u00e1ll\u00f3 fel\u00fcletbe.\n\n\nM\u00c9RETEK\n\nA m\u00e9retekn\u00e9l a sz\u00e9less\u00e9g az els\u0151dleges, a magass\u00e1g a tartalom \u00e9s az ar\u00e1nyok f\u00fcggv\u00e9nye - \u00e1ltal\u00e1ban valamivel nagyobb a megadottn\u00e1l.\n\n- S: 20 x 8 cm - kisebb kapura, ajt\u00f3 mell\u00e9, postal\u00e1d\u00e1ra\n- M: 30 x 12 cm - \u00e1tlagos ker\u00edt\u00e9sre, kapura, bej\u00e1rati falra\n- L: 35 x 14 cm - j\u00f3l l\u00e1that\u00f3, utc\u00e1r\u00f3l is olvashat\u00f3\n- XL: 40 x 16 cm - nagy m\u00e9ret, de a puli mot\u00edvum kiss\u00e9 kisebb lesz az ar\u00e1nyok miatt\n\nHa bizonytalan vagy, az M (30x12) \u00e9s L (35x14) m\u00e9retek a legn\u00e9pszer\u0171bbek.\n\n\nVASTAGS\u00c1G\n\n- 1,6 mm (alap) - v\u00e9kony, eleg\u00e1ns\n- 2 mm - enyh\u00e9n massz\u00edvabb\n- 2,5 mm - a leggyakrabban v\u00e1lasztott\n- 3 mm - stabil, furatokkal is k\u00e9rhet\u0151\n- 4-8 mm - egyre vastagabb, massz\u00edvabb v\u00e1ltozatok\n\nA vastagabb verzi\u00f3kn\u00e1l a t\u00e1bla komolyabb, s\u00falyosabb benyom\u00e1st kelt. Furatokkal k\u00e9rhet\u0151 csavaros r\u00f6gz\u00edt\u00e9shez a 3 mm-es vagy vastagabb v\u00e1ltozat.\n\n\nSZ\u00cdNEK (RAL K\u00d3DOKKAL)\n\n- Fekete RAL 9017 (a fot\u00f3n l\u00e1that\u00f3 h\u00e1tt\u00e9r)\n- Feh\u00e9r RAL 9003\n- Bazaltsz\u00fcrke RAL 7012\n- Antracit sz\u00fcrke RAL 7016\n- Sz\u00fcrke RAL 7011\n- Barna RAL 8017\n- K\u00e9k RAL 5015\n- Bord\u00f3 RAL 3031\n- Polar white (ath\u00e9n sz\u00fcrke)\n\nEgyedi sz\u00edn is k\u00e9rhet\u0151 - \u00fczenetben EL\u0150RE egyeztess\u00fcnk. A h\u00e1tt\u00e9r \u00e9s a mot\u00edvum (puli + sz\u00e1m + utcan\u00e9v) sz\u00edne term\u00e9szetesen elt\u00e9r\u0151.\n\n\nANYAG - ASA (K\u00dcLT\u00c9RI)\n\nA t\u00e1bla ASA m\u0171anyagb\u00f3l k\u00e9sz\u00fcl, ami kifejezetten k\u00fclt\u00e9ri haszn\u00e1latra val\u00f3:\n- UV-\u00e1ll\u00f3: nem s\u00e1rgul, nem fakul napon sem\n- V\u00edz\u00e1ll\u00f3: es\u0151, h\u00f3, j\u00e9g nem \u00e1rt neki\n- Fagy\u00e1ll\u00f3: -30 C-t\u00f3l +80 C-ig tart\u00f3s\n- A sz\u00ednek nem festettek - \u00e1tsz\u00ednezett anyagb\u00f3l nyomtatottak, nem kopnak le\n\nEz fontos k\u00fcl\u00f6nbs\u00e9g a piacon kaphat\u00f3 festett vagy grav\u00edrozott t\u00e1bl\u00e1khoz k\u00e9pest: a mot\u00edvum ugyanolyan tart\u00f3s mint maga a t\u00e1bla.\n\n\nR\u00d6GZ\u00cdT\u00c9S\n\n- Ragaszthat\u00f3: sima falfel\u00fcletre k\u00fclt\u00e9ri \u00e9p\u00edt\u00e9si ragaszt\u00f3val (pl. Pattex One For All, Moment Fix)\n- Furatokkal is k\u00e9rhet\u0151: csavaros r\u00f6gz\u00edt\u00e9shez elk\u00e9sz\u00edtj\u00fck a lyukakat\n\nA nyomtat\u00e1s Prusa XL 5T g\u00e9ppel, szat\u00e9n lapra t\u00f6rt\u00e9nik.\n\n\nM\u00c1S KUTYAFAJT\u00c1T SZERETN\u00c9L?\n\nA boltomban t\u00f6bbf\u00e9le kutyafajt\u00e1s h\u00e1zsz\u00e1mt\u00e1bl\u00e1t tal\u00e1lsz: mopsz, n\u00e9met juh\u00e1sz, golden retriever, tacsk\u00f3, brit r\u00f6vidsz\u0151r\u0171 cica \u00e9s m\u00e1sok. Ha a te kutyafajt\u00e1d nem szerepel a k\u00edn\u00e1latban, \u00edrj \u00fczenetet - egyedi mot\u00edvummal is el tudom k\u00e9sz\u00edteni.\n\n\nMIRE J\u00d3?\n\n- Kuty\u00e1s csal\u00e1d h\u00e1zsz\u00e1mt\u00e1bl\u00e1ja kapura, ker\u00edt\u00e9sre\n- Aj\u00e1nd\u00e9k kutyatulajdonos ismer\u0151snek h\u00e1zavat\u00f3ra, k\u00f6lt\u00f6z\u00e9sre, sz\u00fclet\u00e9snapra\n- Puli rajong\u00f3knak, teny\u00e9szt\u0151knek\n- Nyaral\u00f3, h\u00e9tv\u00e9gi h\u00e1z bej\u00e1rat\u00e1ra\n\nElk\u00e9sz\u00edt\u00e9si id\u0151: kb. 1 munkanap az el\u0151n\u00e9zeti terv j\u00f3v\u00e1hagy\u00e1sa ut\u00e1n.\n\nMinden csomaghoz aj\u00e1nd\u00e9k 3D nyomtatott narancsh\u00e1moz\u00f3 gy\u0171r\u0171t mell\u00e9kelek.\n\nK\u00e9rd\u00e9sed van? \u00cdrj b\u00e1tran!","score":0,"formatted_price":"5 490 Ft","image_url":"https:\/\/www.meska.hu\/img\/product\/small\/d\/a\/darimi_product_702579_251024204059_061672.png","formatted_url":"https:\/\/www.meska.hu\/p5652663-egyedi-puli-hazszamtabla","favourite":false,"in_stock":false,"avatar":"702579_avatar_1739694015.jpeg","delete_from":0,"is_enhanced_background":false,"is_enhanced":false,"product_selection_started":false,"is_active":true,"image_webp_url":"https:\/\/www.meska.hu\/img\/product\/small\/d\/a\/darimi_product_702579_251024204059_061672.webp"},{"id":"6006699","shop_id":"47945","user_id":"702579","shop_name":"Darimi","shop_zip":"2030","product_code":"5678514","product_name_old":null,"product_name":"Egyedi madaras h\u00e1zsz\u00e1mt\u00e1bla - mad\u00e1r mot\u00edvumos k\u00fclt\u00e9ri h\u00e1zsz\u00e1m, UV-\u00e1ll\u00f3, szem\u00e9lyre szabott","category_string":"Otthon & \u00c9letm\u00f3d, H\u00e1z & Kert, H\u00e1zsz\u00e1m","technic_string":"Mindenm\u00e1s","category_1":"813","category_2":"897","category_3":"431","category_4":"0","merged_category_1":null,"merged_category_2":null,"merged_category_3":null,"technic_1":"493","technic_2":"0","technic_3":"0","color_1":"519","color_2":"520","color_3":"527","product_description_old":null,"product_description":"Madaras mot\u00edvumos egyedi h\u00e1zsz\u00e1mt\u00e1bla, amelyen mad\u00e1r sziluettje d\u00edsz\u00edti a h\u00e1zsz\u00e1modat. Term\u00e9szetk\u00f6zeli, eleg\u00e1ns design, amely a kertes h\u00e1zak, vid\u00e9ki otthonok \u00e9s term\u00e9szetszeret\u0151 csal\u00e1dok bej\u00e1rat\u00e1ra egyar\u00e1nt illik. A mad\u00e1r mot\u00edvum visszafogott, m\u00e9gis karakteres: azonnal jelzi, hogy itt nem egy gy\u00e1ri, tucatt\u00e1bl\u00e1t helyeztek ki a kapura.\n\nANYAG\n\nA t\u00e1bla ASA ipari m\u0171anyagb\u00f3l k\u00e9sz\u00fcl, amely kifejezetten k\u00fclt\u00e9ri tart\u00f3s haszn\u00e1latra fejlesztett anyag:\n- UV-\u00e1ll\u00f3, es\u0151\u00e1ll\u00f3 \u00e9s fagy\u00e1ll\u00f3: -30 fokt\u00f3l +80 fokig b\u00edrja a sz\u00e9ls\u0151s\u00e9ges h\u0151m\u00e9rs\u00e9kleteket\n- Szat\u00e9n fel\u00fclet\u0171, s\u00edk kivitel\u0171 t\u00e1bla, nem dombor\u00fa\n- RAL ipari sz\u00ednekkel, Prusa XL 5T nyomtat\u00f3val ak\u00e1r 5 sz\u00ednben k\u00e9sz\u00fcl fest\u00e9s n\u00e9lk\u00fcl\n- A sz\u00edn az anyag r\u00e9sze, nem kopik le\n- Legal\u00e1bb 10 \u00e9ves k\u00fclt\u00e9ri \u00e9lettartam: egyszer veszed meg, \u00e9s \u00e9vtizedekig szolg\u00e1l\n\nM\u00c9RETEK\n\nA madaras t\u00e1bla az egyik legv\u00e1ltozatosabb m\u00e9retsk\u00e1l\u00e1val rendelkezik a k\u00edn\u00e1latunkban:\n- S: 20 x 8 cm - kisebb ker\u00edt\u00e9sekhez, postal\u00e1d\u00e1k mell\u00e9\n- M: 30 x 12 cm - gyakran v\u00e1lasztott univerz\u00e1lis m\u00e9ret, utc\u00e1r\u00f3l is j\u00f3l olvashat\u00f3\n- L: 35 x 14 cm - j\u00f3l l\u00e1that\u00f3, nagyobb kapukra\n- XL: 42-45 cm sz\u00e9less\u00e9g\u0171 - nagyobb homlokzatokhoz, t\u00e1volabbr\u00f3l is l\u00e1that\u00f3\n\nAlap\u00e1r: 5 490 Ft a legkisebb m\u00e9retben. A vastags\u00e1g 1,6 mm-t\u0151l 5 mm-ig \u00e1ll\u00edthat\u00f3: az 1,6 mm-es v\u00e9kony, eleg\u00e1ns megjelen\u00e9st ad, a 2-2,5 mm a leggyakrabban v\u00e1lasztott egyens\u00faly, m\u00edg a 3-5 mm-es vastags\u00e1g massz\u00edvabb hat\u00e1st kelt.\n\nR\u00d6GZ\u00cdT\u00c9S\n\n- Ragaszthat\u00f3: k\u00fclt\u00e9ri \u00e9p\u00edt\u00e9si ragaszt\u00f3val (pl. Pattex One For All) kend a h\u00e1tlapra, nyomd a falhoz. Tart\u00f3s, f\u00far\u00e1smentes, tiszta megold\u00e1s. T\u00e9gl\u00e1n, vakolt fel\u00fcleten, f\u00e1n \u00e9s f\u00e9men egyar\u00e1nt j\u00f3l tapad.\n- Furatokkal is k\u00e9rhet\u0151: jelezd rendel\u00e9skor, \u00e9s elk\u00e9sz\u00edtj\u00fck a csavaros r\u00f6gz\u00edt\u00e9shez sz\u00fcks\u00e9ges lyukakat.\n\nHOGYAN RENDELHETSZ?\n\nRendel\u00e9skor add meg a k\u00edv\u00e1nt h\u00e1zsz\u00e1mot vagy utcanevet, v\u00e1laszd ki a m\u00e9retet, vastags\u00e1got \u00e9s sz\u00ednt. Egyedi elrendez\u00e9si ig\u00e9nyeket, p\u00e9ld\u00e1ul k\u00e9tsoros feliratot (h\u00e1zsz\u00e1m + utcan\u00e9v) is sz\u00edvesen megbesz\u00e9l\u00fcnk.\n\nMIRE J\u00d3?\n\n- Term\u00e9szetkedvel\u0151 csal\u00e1doknak, kert\u00e9szked\u0151 gazdiknak, madar\u00e1sz hobbinak h\u00f3dol\u00f3knak\n- Kertes h\u00e1zakhoz, vid\u00e9ki otthonokhoz, de ak\u00e1r v\u00e1rosi sorh\u00e1zak bej\u00e1rat\u00e1hoz is, ahol a term\u00e9szet k\u00f6zels\u00e9g\u00e9t szeretn\u00e9d megid\u00e9zni\n- H\u00e1zavat\u00f3ra, sz\u00fclet\u00e9snapra, n\u00e9vnapra, any\u00e1k napj\u00e1ra, kar\u00e1csonyra vagy k\u00f6lt\u00f6z\u00e9si aj\u00e1nd\u00e9kk\u00e9nt: egy szem\u00e9lyre szabott, a megaj\u00e1nd\u00e9kozott \u00e9rdekl\u0151d\u00e9s\u00e9hez ill\u0151 h\u00e1zsz\u00e1mt\u00e1bla maradand\u00f3 \u00e9s praktikus meglepet\u00e9s\n- Tavaszi kertsz\u00e9p\u00edt\u00e9si projekthez, fel\u00faj\u00edt\u00e1shoz, az otthon arculat\u00e1nak friss\u00edt\u00e9s\u00e9hez\n\nTOV\u00c1BBI MADARAS \u00c9S M\u00c1S MOT\u00cdVUMOK\n\nA boltunkban m\u00e1s madaras mot\u00edvum\u00fa h\u00e1zsz\u00e1mt\u00e1bl\u00e1t is tal\u00e1lsz: a mad\u00e1rp\u00e1ros v\u00e1ltozat romantikusabb, k\u00f6zel n\u00e9gyzetes form\u00e1ban \u00e1br\u00e1zol k\u00e9t madarat, \u00e9s p\u00e1roknak, h\u00e1zasp\u00e1roknak k\u00fcl\u00f6n\u00f6sen kedvelt. A pingvines h\u00e1zsz\u00e1mt\u00e1bla a Linux TUX rajong\u00f3inak sz\u00f3l, informatikus k\u00f6r\u00f6kben igazi kultuszterm\u00e9k. Pillang\u00f3s h\u00e1zsz\u00e1mt\u00e1bl\u00e1t is k\u00e9sz\u00edt\u00fcnk k\u00e9tf\u00e9le m\u00e9retben.\n\nA kuty\u00e1s \u00e9s cic\u00e1s h\u00e1zsz\u00e1mt\u00e1bl\u00e1k az \u00e1llatszeret\u0151 gazdiknak sz\u00f3lnak, vintage, modern, eleg\u00e1ns st\u00edlus\u00fa \u00e9s sportmot\u00edvumos t\u00e1bl\u00e1k, balatoni \u00e9s haj\u00f3s v\u00e1ltozatok, valamint tr\u00f3pusi hangulat\u00fa ban\u00e1nf\u00e1s \u00e9s p\u00e1lmaf\u00e1s t\u00e1bl\u00e1k tov\u00e1bb b\u0151v\u00edtik a v\u00e1laszt\u00e9kot. Az \u00f6n\u00e1ll\u00f3 sz\u00e1mjegyek a postal\u00e1d\u00e1ra vagy gar\u00e1zskapura k\u00edn\u00e1lnak kieg\u00e9sz\u00edt\u00e9st. A teljesen egyedi tervez\u00e9s\u0171 t\u00e1bla pedig azoknak sz\u00f3l, akik saj\u00e1t mot\u00edvumot szeretn\u00e9nek.\n\nA bels\u0151 terekhez kapcsol\u00f3d\u00edszeket, pillang\u00f3 fali dekort, babaszoba dekorokat \u00e9s Gy\u0171r\u0171k Ura k\u00f6nyvt\u00e1maszt k\u00edn\u00e1lunk. Kar\u00e1csonyi szezonban kar\u00e1csonyfad\u00edsz \u00e9s ajt\u00f3d\u00edsz is kaphat\u00f3, esk\u00fcv\u0151re n\u00e9vt\u00e1bla, tortad\u00edsz, tortabesz\u00far\u00f3 \u00e9s falid\u00edsz rendelhet\u0151.\n\nMinden term\u00e9k\u00fcnket egyedileg, rendel\u00e9sre k\u00e9sz\u00edtj\u00fck. K\u00e9rd\u00e9sed van? \u00cdrj b\u00e1tran, gyorsan v\u00e1laszolunk.","price":"19990.00","unit":"db","recommended":"0","status":"1","sponsored":"0","exp_notify":"0","own_material":"0","own_material_description_old":null,"own_material_description":"","jury":"0","jury_number":"","product_nature":"","meskaracsony":"0","create_date":"2026-03-19 13:41:19","shelve_id":"79630","image":"darimi_product_702579_251119125036_792892.jpeg","image_width":"480","image_height":"650","image_alt":"Egyedi madaras h\u00e1zsz\u00e1mt\u00e1bla - mad\u00e1r mot\u00edvumos k\u00fclt\u00e9ri h\u00e1zsz\u00e1m, UV-\u00e1ll\u00f3, szem\u00e9lyre szabott, Madaras mot\u00edvumos egyedi h\u00e1zsz\u00e1mt\u00e1bla, amelyen mad\u00e1r sziluettje d\u00edsz\u00edti a h\u00e1zsz\u00e1modat. Term\u00e9szetk\u00f6ze..., Meska","image_title":"Egyedi madaras h\u00e1zsz\u00e1mt\u00e1bla - mad\u00e1r mot\u00edvumos k\u00fclt\u00e9ri h\u00e1zsz\u00e1m, UV-\u00e1ll\u00f3, szem\u00e9lyre szabott, Meska","view_count":"2614","favourite_count":"0","trending_score":"0","last2MonthFavouriteCount":"0","promotion":"0","giftcard_accept":"0","creditcard_accept":true,"enhanced_background":"0","domain":"meska","specific_customer_id":null,"specific_customer_name":null,"to_order_product":"1","to_order_product_time":"1","product_different":null,"product_different_description":"","vintage":"0","vintage_category_id":"0","recycled":"0","gemstone_id":"0","customizable":"1","type_category":"physical","zerowaste":"0","postage_price":"1349.00","shop_order":"0","has_category":"1","landing_pages":null,"microdata":{"number":57,"category":""},"title":"Egyedi madaras h\u00e1zsz\u00e1mt\u00e1bla - mad\u00e1r mot\u00edvumos k\u00fclt\u00e9ri h\u00e1zsz\u00e1m, UV-\u00e1ll\u00f3, szem\u00e9lyre szabott","description":"Madaras mot\u00edvumos egyedi h\u00e1zsz\u00e1mt\u00e1bla, amelyen mad\u00e1r sziluettje d\u00edsz\u00edti a h\u00e1zsz\u00e1modat. Term\u00e9szetk\u00f6zeli, eleg\u00e1ns design, amely a kertes h\u00e1zak, vid\u00e9ki otthonok \u00e9s term\u00e9szetszeret\u0151 csal\u00e1dok bej\u00e1rat\u00e1ra egyar\u00e1nt illik. A mad\u00e1r mot\u00edvum visszafogott, m\u00e9gis karakteres: azonnal jelzi, hogy itt nem egy gy\u00e1ri, tucatt\u00e1bl\u00e1t helyeztek ki a kapura.\n\nANYAG\n\nA t\u00e1bla ASA ipari m\u0171anyagb\u00f3l k\u00e9sz\u00fcl, amely kifejezetten k\u00fclt\u00e9ri tart\u00f3s haszn\u00e1latra fejlesztett anyag:\n- UV-\u00e1ll\u00f3, es\u0151\u00e1ll\u00f3 \u00e9s fagy\u00e1ll\u00f3: -30 fokt\u00f3l +80 fokig b\u00edrja a sz\u00e9ls\u0151s\u00e9ges h\u0151m\u00e9rs\u00e9kleteket\n- Szat\u00e9n fel\u00fclet\u0171, s\u00edk kivitel\u0171 t\u00e1bla, nem dombor\u00fa\n- RAL ipari sz\u00ednekkel, Prusa XL 5T nyomtat\u00f3val ak\u00e1r 5 sz\u00ednben k\u00e9sz\u00fcl fest\u00e9s n\u00e9lk\u00fcl\n- A sz\u00edn az anyag r\u00e9sze, nem kopik le\n- Legal\u00e1bb 10 \u00e9ves k\u00fclt\u00e9ri \u00e9lettartam: egyszer veszed meg, \u00e9s \u00e9vtizedekig szolg\u00e1l\n\nM\u00c9RETEK\n\nA madaras t\u00e1bla az egyik legv\u00e1ltozatosabb m\u00e9retsk\u00e1l\u00e1val rendelkezik a k\u00edn\u00e1latunkban:\n- S: 20 x 8 cm - kisebb ker\u00edt\u00e9sekhez, postal\u00e1d\u00e1k mell\u00e9\n- M: 30 x 12 cm - gyakran v\u00e1lasztott univerz\u00e1lis m\u00e9ret, utc\u00e1r\u00f3l is j\u00f3l olvashat\u00f3\n- L: 35 x 14 cm - j\u00f3l l\u00e1that\u00f3, nagyobb kapukra\n- XL: 42-45 cm sz\u00e9less\u00e9g\u0171 - nagyobb homlokzatokhoz, t\u00e1volabbr\u00f3l is l\u00e1that\u00f3\n\nAlap\u00e1r: 5 490 Ft a legkisebb m\u00e9retben. A vastags\u00e1g 1,6 mm-t\u0151l 5 mm-ig \u00e1ll\u00edthat\u00f3: az 1,6 mm-es v\u00e9kony, eleg\u00e1ns megjelen\u00e9st ad, a 2-2,5 mm a leggyakrabban v\u00e1lasztott egyens\u00faly, m\u00edg a 3-5 mm-es vastags\u00e1g massz\u00edvabb hat\u00e1st kelt.\n\nR\u00d6GZ\u00cdT\u00c9S\n\n- Ragaszthat\u00f3: k\u00fclt\u00e9ri \u00e9p\u00edt\u00e9si ragaszt\u00f3val (pl. Pattex One For All) kend a h\u00e1tlapra, nyomd a falhoz. Tart\u00f3s, f\u00far\u00e1smentes, tiszta megold\u00e1s. T\u00e9gl\u00e1n, vakolt fel\u00fcleten, f\u00e1n \u00e9s f\u00e9men egyar\u00e1nt j\u00f3l tapad.\n- Furatokkal is k\u00e9rhet\u0151: jelezd rendel\u00e9skor, \u00e9s elk\u00e9sz\u00edtj\u00fck a csavaros r\u00f6gz\u00edt\u00e9shez sz\u00fcks\u00e9ges lyukakat.\n\nHOGYAN RENDELHETSZ?\n\nRendel\u00e9skor add meg a k\u00edv\u00e1nt h\u00e1zsz\u00e1mot vagy utcanevet, v\u00e1laszd ki a m\u00e9retet, vastags\u00e1got \u00e9s sz\u00ednt. Egyedi elrendez\u00e9si ig\u00e9nyeket, p\u00e9ld\u00e1ul k\u00e9tsoros feliratot (h\u00e1zsz\u00e1m + utcan\u00e9v) is sz\u00edvesen megbesz\u00e9l\u00fcnk.\n\nMIRE J\u00d3?\n\n- Term\u00e9szetkedvel\u0151 csal\u00e1doknak, kert\u00e9szked\u0151 gazdiknak, madar\u00e1sz hobbinak h\u00f3dol\u00f3knak\n- Kertes h\u00e1zakhoz, vid\u00e9ki otthonokhoz, de ak\u00e1r v\u00e1rosi sorh\u00e1zak bej\u00e1rat\u00e1hoz is, ahol a term\u00e9szet k\u00f6zels\u00e9g\u00e9t szeretn\u00e9d megid\u00e9zni\n- H\u00e1zavat\u00f3ra, sz\u00fclet\u00e9snapra, n\u00e9vnapra, any\u00e1k napj\u00e1ra, kar\u00e1csonyra vagy k\u00f6lt\u00f6z\u00e9si aj\u00e1nd\u00e9kk\u00e9nt: egy szem\u00e9lyre szabott, a megaj\u00e1nd\u00e9kozott \u00e9rdekl\u0151d\u00e9s\u00e9hez ill\u0151 h\u00e1zsz\u00e1mt\u00e1bla maradand\u00f3 \u00e9s praktikus meglepet\u00e9s\n- Tavaszi kertsz\u00e9p\u00edt\u00e9si projekthez, fel\u00faj\u00edt\u00e1shoz, az otthon arculat\u00e1nak friss\u00edt\u00e9s\u00e9hez\n\nTOV\u00c1BBI MADARAS \u00c9S M\u00c1S MOT\u00cdVUMOK\n\nA boltunkban m\u00e1s madaras mot\u00edvum\u00fa h\u00e1zsz\u00e1mt\u00e1bl\u00e1t is tal\u00e1lsz: a mad\u00e1rp\u00e1ros v\u00e1ltozat romantikusabb, k\u00f6zel n\u00e9gyzetes form\u00e1ban \u00e1br\u00e1zol k\u00e9t madarat, \u00e9s p\u00e1roknak, h\u00e1zasp\u00e1roknak k\u00fcl\u00f6n\u00f6sen kedvelt. A pingvines h\u00e1zsz\u00e1mt\u00e1bla a Linux TUX rajong\u00f3inak sz\u00f3l, informatikus k\u00f6r\u00f6kben igazi kultuszterm\u00e9k. Pillang\u00f3s h\u00e1zsz\u00e1mt\u00e1bl\u00e1t is k\u00e9sz\u00edt\u00fcnk k\u00e9tf\u00e9le m\u00e9retben.\n\nA kuty\u00e1s \u00e9s cic\u00e1s h\u00e1zsz\u00e1mt\u00e1bl\u00e1k az \u00e1llatszeret\u0151 gazdiknak sz\u00f3lnak, vintage, modern, eleg\u00e1ns st\u00edlus\u00fa \u00e9s sportmot\u00edvumos t\u00e1bl\u00e1k, balatoni \u00e9s haj\u00f3s v\u00e1ltozatok, valamint tr\u00f3pusi hangulat\u00fa ban\u00e1nf\u00e1s \u00e9s p\u00e1lmaf\u00e1s t\u00e1bl\u00e1k tov\u00e1bb b\u0151v\u00edtik a v\u00e1laszt\u00e9kot. Az \u00f6n\u00e1ll\u00f3 sz\u00e1mjegyek a postal\u00e1d\u00e1ra vagy gar\u00e1zskapura k\u00edn\u00e1lnak kieg\u00e9sz\u00edt\u00e9st. A teljesen egyedi tervez\u00e9s\u0171 t\u00e1bla pedig azoknak sz\u00f3l, akik saj\u00e1t mot\u00edvumot szeretn\u00e9nek.\n\nA bels\u0151 terekhez kapcsol\u00f3d\u00edszeket, pillang\u00f3 fali dekort, babaszoba dekorokat \u00e9s Gy\u0171r\u0171k Ura k\u00f6nyvt\u00e1maszt k\u00edn\u00e1lunk. Kar\u00e1csonyi szezonban kar\u00e1csonyfad\u00edsz \u00e9s ajt\u00f3d\u00edsz is kaphat\u00f3, esk\u00fcv\u0151re n\u00e9vt\u00e1bla, tortad\u00edsz, tortabesz\u00far\u00f3 \u00e9s falid\u00edsz rendelhet\u0151.\n\nMinden term\u00e9k\u00fcnket egyedileg, rendel\u00e9sre k\u00e9sz\u00edtj\u00fck. K\u00e9rd\u00e9sed van? \u00cdrj b\u00e1tran, gyorsan v\u00e1laszolunk.","score":0,"formatted_price":"19 990 Ft","image_url":"https:\/\/www.meska.hu\/img\/product\/small\/d\/a\/darimi_product_702579_251119125036_792892.jpeg","formatted_url":"https:\/\/www.meska.hu\/p5678514-egyedi-hazszamtabla-3d-nyomtatott-idojarasallo-asa","favourite":false,"in_stock":false,"avatar":"702579_avatar_1739694015.jpeg","delete_from":0,"is_enhanced_background":false,"is_enhanced":false,"product_selection_started":false,"is_active":true,"image_webp_url":"https:\/\/www.meska.hu\/img\/product\/small\/d\/a\/darimi_product_702579_251119125036_792892.webp"},{"id":"5924057","shop_id":"47945","user_id":"702579","shop_name":"Darimi","shop_zip":"2030","product_code":"5621495","product_name_old":null,"product_name":"Egyedi vizsla h\u00e1zsz\u00e1mt\u00e1bla vizsl\u00e1s","category_string":"Otthon & \u00c9letm\u00f3d, H\u00e1z & Kert, H\u00e1zsz\u00e1m","technic_string":"Mindenm\u00e1s","category_1":"813","category_2":"897","category_3":"431","category_4":"0","merged_category_1":null,"merged_category_2":null,"merged_category_3":null,"technic_1":"493","technic_2":"0","technic_3":"0","color_1":"519","color_2":"520","color_3":"527","product_description_old":null,"product_description":"Egyedi tervez\u00e9s napon bel\u00fcl\n- Minden h\u00e1zsz\u00e1mt\u00e1bla egyedileg k\u00e9sz\u00fcl, m\u00e9retre \u00e9s ig\u00e9ny szerint tervezve. A rendel\u00e9s ut\u00e1n n\u00e9h\u00e1ny \u00f3r\u00e1n bel\u00fcl k\u00fcld\u00f6m az els\u0151 tervet.\n\nNem grav\u00edrozva, nem festve, k\u00e9t sz\u00ednnel nyomtatva!\n\n- Hogyan t\u00f6rt\u00e9nik?\nV\u00e1laszd ki a k\u00edv\u00e1nt alapsz\u00ednt \u00e9s m\u00e9retet, \u00e9s vastags\u00e1got.\nRendel\u00e9skor a megjegyz\u00e9sbe \u00edrd a k\u00f6zter\u00fclet nev\u00e9t, a h\u00e1zsz\u00e1mot, a k\u00f6zter\u00fclet sz\u00edn\u00e9t, valamint hogy a sz\u00e1m \u00e9s a sz\u00f6veg jobbra vagy k\u00f6z\u00e9pen legyen elrendezve.\nEl\u0151n\u00e9zeti tervet k\u00fcld\u00f6k, ha kell m\u00f3dos\u00edtunk.\nUt\u00e1na indul a 3D nyomtat\u00e1s.\nElk\u00e9sz\u00fclt darabr\u00f3l m\u00e9rc\u00e9s fot\u00f3t k\u00fcld\u00f6k.\nAj\u00e1nd\u00e9k narancsh\u00e1moz\u00f3 gy\u0171r\u0171vel post\u00e1zom gondosan csomagolva.\n\nEgyedi m\u00e9ret is megoldhat\u00f3.\n\nA h\u00e1zsz\u00e1mt\u00e1bl\u00e1k ASA (akrilonitril-sztirol-akril\u00e1t) m\u0171anyagb\u00f3l k\u00e9sz\u00fclnek, mely:\nUV-\u00e1ll\u00f3: nem s\u00e1rgul, nem fakul\nV\u00edz\u00e1ll\u00f3: ellen\u00e1ll es\u0151nek, h\u00f3nak\nId\u0151j\u00e1r\u00e1s\u00e1ll\u00f3: -30\u00b0C-t\u00f3l +80\u00b0C-ig nem vetemedik\nJobb, mint PLA, PETG vagy ABS k\u00fclt\u00e9ri felhaszn\u00e1l\u00e1sra\n\nIgyeksz\u00fcnk mindig RAL sz\u00ednk\u00f3ddal rendelkez\u0151 ASA-val dolgozni, mi nem vagyunk sz\u00ednszak\u00e9rt\u0151k :)\n\nR\u00f6gz\u00edt\u00e9s egyszer\u0171en:\n- Ragaszthat\u00f3 sima falfel\u00fcletre (k\u00e9toldalas vagy foly\u00e9kony k\u00fclt\u00e9ri ragaszt\u00f3val)\n- F\u00farhat\u00f3, vagy lyukakkal is k\u00e9rhet\u0151 csavaros r\u00f6gz\u00edt\u00e9shez.\n\nGy\u00e1rt\u00e1s \u00e9s sz\u00e1ll\u00edt\u00e1s p\u00e1r munkanapon bel\u00fcl\nA nyomtat\u00e1s Prusa XL 5T g\u00e9ppel, sima satin lapra t\u00f6rt\u00e9nik a pr\u00e9mium megjelen\u00e9s \u00e9rdek\u00e9ben.","price":"5490.00","unit":"db","recommended":"0","status":"1","sponsored":"0","exp_notify":"0","own_material":"0","own_material_description_old":null,"own_material_description":"","jury":"0","jury_number":"","product_nature":"","meskaracsony":"0","create_date":"2026-03-17 19:58:19","shelve_id":"79630","image":"darimi_product_702579_250920223357_803724.png","image_width":"480","image_height":"550","image_alt":"Egyedi vizsla h\u00e1zsz\u00e1mt\u00e1bla vizsl\u00e1s, Egyedi tervez\u00e9s napon bel\u00fcl\\n- Minden h\u00e1zsz\u00e1mt\u00e1bla egyedileg k\u00e9sz\u00fcl, m\u00e9retre \u00e9s ig\u00e9ny szerint tervezv..., Meska","image_title":"Egyedi vizsla h\u00e1zsz\u00e1mt\u00e1bla vizsl\u00e1s, Meska","view_count":"3504","favourite_count":"0","trending_score":"0","last2MonthFavouriteCount":"0","promotion":"0","giftcard_accept":"0","creditcard_accept":true,"enhanced_background":"0","domain":"meska","specific_customer_id":null,"specific_customer_name":null,"to_order_product":"1","to_order_product_time":"1","product_different":null,"product_different_description":"","vintage":"0","vintage_category_id":"0","recycled":"0","gemstone_id":"0","customizable":"1","type_category":"physical","zerowaste":"0","postage_price":"1349.00","shop_order":"0","has_category":"1","landing_pages":null,"microdata":{"number":58,"category":""},"title":"Egyedi vizsla h\u00e1zsz\u00e1mt\u00e1bla vizsl\u00e1s","description":"Egyedi tervez\u00e9s napon bel\u00fcl\n- Minden h\u00e1zsz\u00e1mt\u00e1bla egyedileg k\u00e9sz\u00fcl, m\u00e9retre \u00e9s ig\u00e9ny szerint tervezve. A rendel\u00e9s ut\u00e1n n\u00e9h\u00e1ny \u00f3r\u00e1n bel\u00fcl k\u00fcld\u00f6m az els\u0151 tervet.\n\nNem grav\u00edrozva, nem festve, k\u00e9t sz\u00ednnel nyomtatva!\n\n- Hogyan t\u00f6rt\u00e9nik?\nV\u00e1laszd ki a k\u00edv\u00e1nt alapsz\u00ednt \u00e9s m\u00e9retet, \u00e9s vastags\u00e1got.\nRendel\u00e9skor a megjegyz\u00e9sbe \u00edrd a k\u00f6zter\u00fclet nev\u00e9t, a h\u00e1zsz\u00e1mot, a k\u00f6zter\u00fclet sz\u00edn\u00e9t, valamint hogy a sz\u00e1m \u00e9s a sz\u00f6veg jobbra vagy k\u00f6z\u00e9pen legyen elrendezve.\nEl\u0151n\u00e9zeti tervet k\u00fcld\u00f6k, ha kell m\u00f3dos\u00edtunk.\nUt\u00e1na indul a 3D nyomtat\u00e1s.\nElk\u00e9sz\u00fclt darabr\u00f3l m\u00e9rc\u00e9s fot\u00f3t k\u00fcld\u00f6k.\nAj\u00e1nd\u00e9k narancsh\u00e1moz\u00f3 gy\u0171r\u0171vel post\u00e1zom gondosan csomagolva.\n\nEgyedi m\u00e9ret is megoldhat\u00f3.\n\nA h\u00e1zsz\u00e1mt\u00e1bl\u00e1k ASA (akrilonitril-sztirol-akril\u00e1t) m\u0171anyagb\u00f3l k\u00e9sz\u00fclnek, mely:\nUV-\u00e1ll\u00f3: nem s\u00e1rgul, nem fakul\nV\u00edz\u00e1ll\u00f3: ellen\u00e1ll es\u0151nek, h\u00f3nak\nId\u0151j\u00e1r\u00e1s\u00e1ll\u00f3: -30\u00b0C-t\u00f3l +80\u00b0C-ig nem vetemedik\nJobb, mint PLA, PETG vagy ABS k\u00fclt\u00e9ri felhaszn\u00e1l\u00e1sra\n\nIgyeksz\u00fcnk mindig RAL sz\u00ednk\u00f3ddal rendelkez\u0151 ASA-val dolgozni, mi nem vagyunk sz\u00ednszak\u00e9rt\u0151k :)\n\nR\u00f6gz\u00edt\u00e9s egyszer\u0171en:\n- Ragaszthat\u00f3 sima falfel\u00fcletre (k\u00e9toldalas vagy foly\u00e9kony k\u00fclt\u00e9ri ragaszt\u00f3val)\n- F\u00farhat\u00f3, vagy lyukakkal is k\u00e9rhet\u0151 csavaros r\u00f6gz\u00edt\u00e9shez.\n\nGy\u00e1rt\u00e1s \u00e9s sz\u00e1ll\u00edt\u00e1s p\u00e1r munkanapon bel\u00fcl\nA nyomtat\u00e1s Prusa XL 5T g\u00e9ppel, sima satin lapra t\u00f6rt\u00e9nik a pr\u00e9mium megjelen\u00e9s \u00e9rdek\u00e9ben.","score":0,"formatted_price":"5 490 Ft","image_url":"https:\/\/www.meska.hu\/img\/product\/small\/d\/a\/darimi_product_702579_250920223357_803724.png","formatted_url":"https:\/\/www.meska.hu\/p5621495-egyedi-vizsla-hazszamtabla-vizslas","favourite":false,"in_stock":false,"avatar":"702579_avatar_1739694015.jpeg","delete_from":0,"is_enhanced_background":false,"is_enhanced":false,"product_selection_started":false,"is_active":true,"image_webp_url":"https:\/\/www.meska.hu\/img\/product\/small\/d\/a\/darimi_product_702579_250920223357_803724.webp"},{"id":"6159007","shop_id":"47945","user_id":"702579","shop_name":"Darimi","shop_zip":"2030","product_code":"5760698","product_name_old":null,"product_name":"Egyedi szi\u00e1mi macsk\u00e1s h\u00e1zsz\u00e1mt\u00e1bla \u2013 k\u00fclt\u00e9ri, UV-\u00e1ll\u00f3 ASA","category_string":"Otthon & \u00c9letm\u00f3d, H\u00e1z & Kert, H\u00e1zsz\u00e1m","technic_string":"Mindenm\u00e1s","category_1":"813","category_2":"897","category_3":"431","category_4":"0","merged_category_1":null,"merged_category_2":null,"merged_category_3":null,"technic_1":"493","technic_2":"0","technic_3":"0","color_1":"519","color_2":"520","color_3":"527","product_description_old":null,"product_description":"Szem\u00e9lyre szabott, szi\u00e1mi macska mot\u00edvummal ell\u00e1tott egyedi h\u00e1zsz\u00e1mt\u00e1bla, amelyet a te h\u00e1zsz\u00e1moddal \u00e9s utcaneveddel k\u00e9sz\u00edt\u00fcnk el. A szi\u00e1mi macska jellegzetes, kecses sziluettje \u00e9s a modern sz\u00e1mok kombin\u00e1ci\u00f3ja egy igaz\u00e1n karakteres bej\u00e1rati dekor\u00e1ci\u00f3t alkot, amely messzir\u0151l hirdeti a gazdi kedvenc\u00e9t.\n\nM\u00c9RETEK\nN\u00e9gy m\u00e9retben rendelhet\u0151:\n\nS: 20 x 8 cm (alap\u00e1r: 5 490 Ft)\n\nM: 30 x 12 cm\n\nL: 35 x 14 cm\n\nXL: 40 x 16 cm\n\nA vastags\u00e1g 1,6 mm-t\u0151l 8 mm-ig v\u00e1laszthat\u00f3 az ig\u00e9nyeid szerint. A v\u00e9konyabb t\u00e1bla eleg\u00e1nsabb, a vastagabb pedig robusztusabb megjelen\u00e9st ad. Az S m\u00e9ret remek v\u00e1laszt\u00e1s kaputelefon vagy postal\u00e1da mell\u00e9, az XL pedig t\u00e1gasabb utcafrontokra aj\u00e1nlott.\n\nSZ\u00cdNEK\nV\u00e1lassz 8 el\u0151re meghat\u00e1rozott RAL sz\u00ednb\u0151l, vagy k\u00e9rj egyedi sz\u00ednt! A Prusa XL 5T technol\u00f3gi\u00e1nak k\u00f6sz\u00f6nhet\u0151en a sz\u00ednes r\u00e9szek nem ut\u00f3lagos fest\u00e9ssel k\u00e9sz\u00fclnek, hanem az anyag r\u00e9sz\u00e9t k\u00e9pezik. Ez garant\u00e1lja, hogy a t\u00e1bla nem kopik, nem pattogzik \u00e9s nem ig\u00e9nyel \u00fajrafest\u00e9st \u2013 \u00e9vekig meg\u0151rzi eredeti pomp\u00e1j\u00e1t.\n\nANYAG\nA t\u00e1bla anyaga pr\u00e9mium ASA m\u0171anyag, ami a k\u00fclt\u00e9ri dekor\u00e1ci\u00f3k \"kir\u00e1lya\":\n\nH\u0151\u00e1ll\u00f3: -30\u00b0C-t\u00f3l +80\u00b0C-ig formatart\u00f3.\n\nUV-\u00e1ll\u00f3: A nap nem sz\u00edvja ki a sz\u00edn\u00e9t, nem s\u00e1rgul meg.\n\nId\u0151j\u00e1r\u00e1s\u00e1ll\u00f3: Teljesen v\u00edz- \u00e9s fagy\u00e1ll\u00f3, b\u00edrja a sz\u00e9ls\u0151s\u00e9ges magyarorsz\u00e1gi teleket \u00e9s nyarakat is.\n\nHossz\u00fa \u00e9lettartam: Ak\u00e1r 10 \u00e9vn\u00e9l is tov\u00e1bb d\u00edsz\u00edtheti a h\u00e1zfalat.\n\nR\u00d6GZ\u00cdT\u00c9S\nA r\u00f6gz\u00edt\u00e9s pofonegyszer\u0171: k\u00fclt\u00e9ri \u00e9p\u00edt\u00e9si ragaszt\u00f3val b\u00e1rhov\u00e1 felhelyezhet\u0151 f\u00far\u00e1s n\u00e9lk\u00fcl. Ha te m\u00e9gis a hagyom\u00e1nyos csavaroz\u00e1st prefer\u00e1lod, k\u00e9rlek jelezd a rendel\u00e9sn\u00e9l, \u00e9s ingyen elk\u00e9sz\u00edtj\u00fck a sz\u00fcks\u00e9ges furatokat a t\u00e1bl\u00e1n.\n\nRENDEL\u00c9S\nA v\u00e1s\u00e1rl\u00e1sn\u00e1l add meg:\n\nA pontos h\u00e1zsz\u00e1mot \u00e9s utcanevet.\n\nA k\u00edv\u00e1nt m\u00e9retet \u00e9s vastags\u00e1got.\n\nA v\u00e1lasztott sz\u00ednt.\n\nEgyedi elrendez\u00e9sben vagy m\u00e1s p\u00f3zban l\u00e9v\u0151 szi\u00e1mi macsk\u00e1ban gondolkodsz? \u00cdrj nek\u00fcnk \u00fczenetet, \u00e9s megval\u00f3s\u00edtjuk az elk\u00e9pzel\u00e9sedet!\n\nMIRE J\u00d3?\nIde\u00e1lis v\u00e1laszt\u00e1s, ha szeretn\u00e9d feldobni a h\u00e1zad homlokzat\u00e1t, vagy ha most k\u00f6lt\u00f6zt\u00e9l \u00faj otthonba.\n\nAj\u00e1nd\u00e9knak is szuper: Szi\u00e1mi macska tulajdonosoknak keresve sem tal\u00e1lhatn\u00e1l jobb h\u00e1zavat\u00f3 vagy sz\u00fclet\u00e9snapi aj\u00e1nd\u00e9kot. Ez a t\u00e1bla nem csak hasznos, de \u00e9rzelmi \u00e9rt\u00e9ke is van, hiszen a gazdi im\u00e1dott \u00e1llatfajt\u00e1j\u00e1t \u00e1br\u00e1zolja.","price":"5490.00","unit":"db","recommended":"0","status":"1","sponsored":"0","exp_notify":"0","own_material":"0","own_material_description_old":null,"own_material_description":"","jury":"0","jury_number":"","product_nature":"","meskaracsony":"0","create_date":"2026-03-17 12:59:30","shelve_id":"79630","image":"darimi_product_702579_260317125826_759338.png","image_width":"480","image_height":"259","image_alt":"Egyedi szi\u00e1mi macsk\u00e1s h\u00e1zsz\u00e1mt\u00e1bla \u2013 k\u00fclt\u00e9ri, UV-\u00e1ll\u00f3 ASA, Szem\u00e9lyre szabott, szi\u00e1mi macska mot\u00edvummal ell\u00e1tott egyedi h\u00e1zsz\u00e1mt\u00e1bla, amelyet a te h\u00e1zsz\u00e1moddal ..., Meska","image_title":"Egyedi szi\u00e1mi macsk\u00e1s h\u00e1zsz\u00e1mt\u00e1bla \u2013 k\u00fclt\u00e9ri, UV-\u00e1ll\u00f3 ASA, Meska","view_count":"57","favourite_count":"0","trending_score":"0","last2MonthFavouriteCount":"0","promotion":"0","giftcard_accept":"0","creditcard_accept":true,"enhanced_background":"0","domain":"meska","specific_customer_id":null,"specific_customer_name":null,"to_order_product":"1","to_order_product_time":"1","product_different":null,"product_different_description":"","vintage":"0","vintage_category_id":"0","recycled":"0","gemstone_id":"0","customizable":"1","type_category":"physical","zerowaste":"0","postage_price":"1349.00","shop_order":"0","has_category":"1","landing_pages":null,"microdata":{"number":59,"category":""},"title":"Egyedi szi\u00e1mi macsk\u00e1s h\u00e1zsz\u00e1mt\u00e1bla \u2013 k\u00fclt\u00e9ri, UV-\u00e1ll\u00f3 ASA","description":"Szem\u00e9lyre szabott, szi\u00e1mi macska mot\u00edvummal ell\u00e1tott egyedi h\u00e1zsz\u00e1mt\u00e1bla, amelyet a te h\u00e1zsz\u00e1moddal \u00e9s utcaneveddel k\u00e9sz\u00edt\u00fcnk el. A szi\u00e1mi macska jellegzetes, kecses sziluettje \u00e9s a modern sz\u00e1mok kombin\u00e1ci\u00f3ja egy igaz\u00e1n karakteres bej\u00e1rati dekor\u00e1ci\u00f3t alkot, amely messzir\u0151l hirdeti a gazdi kedvenc\u00e9t.\n\nM\u00c9RETEK\nN\u00e9gy m\u00e9retben rendelhet\u0151:\n\nS: 20 x 8 cm (alap\u00e1r: 5 490 Ft)\n\nM: 30 x 12 cm\n\nL: 35 x 14 cm\n\nXL: 40 x 16 cm\n\nA vastags\u00e1g 1,6 mm-t\u0151l 8 mm-ig v\u00e1laszthat\u00f3 az ig\u00e9nyeid szerint. A v\u00e9konyabb t\u00e1bla eleg\u00e1nsabb, a vastagabb pedig robusztusabb megjelen\u00e9st ad. Az S m\u00e9ret remek v\u00e1laszt\u00e1s kaputelefon vagy postal\u00e1da mell\u00e9, az XL pedig t\u00e1gasabb utcafrontokra aj\u00e1nlott.\n\nSZ\u00cdNEK\nV\u00e1lassz 8 el\u0151re meghat\u00e1rozott RAL sz\u00ednb\u0151l, vagy k\u00e9rj egyedi sz\u00ednt! A Prusa XL 5T technol\u00f3gi\u00e1nak k\u00f6sz\u00f6nhet\u0151en a sz\u00ednes r\u00e9szek nem ut\u00f3lagos fest\u00e9ssel k\u00e9sz\u00fclnek, hanem az anyag r\u00e9sz\u00e9t k\u00e9pezik. Ez garant\u00e1lja, hogy a t\u00e1bla nem kopik, nem pattogzik \u00e9s nem ig\u00e9nyel \u00fajrafest\u00e9st \u2013 \u00e9vekig meg\u0151rzi eredeti pomp\u00e1j\u00e1t.\n\nANYAG\nA t\u00e1bla anyaga pr\u00e9mium ASA m\u0171anyag, ami a k\u00fclt\u00e9ri dekor\u00e1ci\u00f3k \"kir\u00e1lya\":\n\nH\u0151\u00e1ll\u00f3: -30\u00b0C-t\u00f3l +80\u00b0C-ig formatart\u00f3.\n\nUV-\u00e1ll\u00f3: A nap nem sz\u00edvja ki a sz\u00edn\u00e9t, nem s\u00e1rgul meg.\n\nId\u0151j\u00e1r\u00e1s\u00e1ll\u00f3: Teljesen v\u00edz- \u00e9s fagy\u00e1ll\u00f3, b\u00edrja a sz\u00e9ls\u0151s\u00e9ges magyarorsz\u00e1gi teleket \u00e9s nyarakat is.\n\nHossz\u00fa \u00e9lettartam: Ak\u00e1r 10 \u00e9vn\u00e9l is tov\u00e1bb d\u00edsz\u00edtheti a h\u00e1zfalat.\n\nR\u00d6GZ\u00cdT\u00c9S\nA r\u00f6gz\u00edt\u00e9s pofonegyszer\u0171: k\u00fclt\u00e9ri \u00e9p\u00edt\u00e9si ragaszt\u00f3val b\u00e1rhov\u00e1 felhelyezhet\u0151 f\u00far\u00e1s n\u00e9lk\u00fcl. Ha te m\u00e9gis a hagyom\u00e1nyos csavaroz\u00e1st prefer\u00e1lod, k\u00e9rlek jelezd a rendel\u00e9sn\u00e9l, \u00e9s ingyen elk\u00e9sz\u00edtj\u00fck a sz\u00fcks\u00e9ges furatokat a t\u00e1bl\u00e1n.\n\nRENDEL\u00c9S\nA v\u00e1s\u00e1rl\u00e1sn\u00e1l add meg:\n\nA pontos h\u00e1zsz\u00e1mot \u00e9s utcanevet.\n\nA k\u00edv\u00e1nt m\u00e9retet \u00e9s vastags\u00e1got.\n\nA v\u00e1lasztott sz\u00ednt.\n\nEgyedi elrendez\u00e9sben vagy m\u00e1s p\u00f3zban l\u00e9v\u0151 szi\u00e1mi macsk\u00e1ban gondolkodsz? \u00cdrj nek\u00fcnk \u00fczenetet, \u00e9s megval\u00f3s\u00edtjuk az elk\u00e9pzel\u00e9sedet!\n\nMIRE J\u00d3?\nIde\u00e1lis v\u00e1laszt\u00e1s, ha szeretn\u00e9d feldobni a h\u00e1zad homlokzat\u00e1t, vagy ha most k\u00f6lt\u00f6zt\u00e9l \u00faj otthonba.\n\nAj\u00e1nd\u00e9knak is szuper: Szi\u00e1mi macska tulajdonosoknak keresve sem tal\u00e1lhatn\u00e1l jobb h\u00e1zavat\u00f3 vagy sz\u00fclet\u00e9snapi aj\u00e1nd\u00e9kot. Ez a t\u00e1bla nem csak hasznos, de \u00e9rzelmi \u00e9rt\u00e9ke is van, hiszen a gazdi im\u00e1dott \u00e1llatfajt\u00e1j\u00e1t \u00e1br\u00e1zolja.","score":0,"formatted_price":"5 490 Ft","image_url":"https:\/\/www.meska.hu\/img\/product\/small\/d\/a\/darimi_product_702579_260317125826_759338.png","formatted_url":"https:\/\/www.meska.hu\/p5760698-egyedi-sziami-macskas-hazszamtabla-kulteri-uv-allo-asa","favourite":false,"in_stock":false,"avatar":"702579_avatar_1739694015.jpeg","delete_from":0,"is_enhanced_background":false,"is_enhanced":false,"product_selection_started":false,"is_active":true,"image_webp_url":"https:\/\/www.meska.hu\/img\/product\/small\/d\/a\/darimi_product_702579_260317125826_759338.webp"},{"id":"6159000","shop_id":"47945","user_id":"702579","shop_name":"Darimi","shop_zip":"2030","product_code":"5760692","product_name_old":null,"product_name":"Egyedi perzsa macsk\u00e1s h\u00e1zsz\u00e1mt\u00e1bla \u2013 k\u00fclt\u00e9ri, UV-\u00e1ll\u00f3 ASA","category_string":"Otthon & \u00c9letm\u00f3d, H\u00e1z & Kert, H\u00e1zsz\u00e1m","technic_string":"Mindenm\u00e1s","category_1":"813","category_2":"897","category_3":"431","category_4":"0","merged_category_1":null,"merged_category_2":null,"merged_category_3":null,"technic_1":"493","technic_2":"0","technic_3":"0","color_1":"519","color_2":"520","color_3":"527","product_description_old":null,"product_description":"Szem\u00e9lyre szabott, macsk\u00e1s mot\u00edvummal ell\u00e1tott egyedi h\u00e1zsz\u00e1mt\u00e1bla, amelyet a te h\u00e1zsz\u00e1moddal \u00e9s utcaneveddel k\u00e9sz\u00edt\u00fcnk el. A perzsa macska eleg\u00e1ns sziluettje \u00e9s a modern tipogr\u00e1fia egy\u00fctt alkotnak egy igaz\u00e1n st\u00edlusos bej\u00e1rati dekor\u00e1ci\u00f3t, amely minden macskabar\u00e1t \u00e9rkez\u0151 arc\u00e1ra mosolyt csal.\n\nM\u00c9RETEK\nN\u00e9gy m\u00e9retben rendelhet\u0151:\n\nS: 20 x 8 cm (alap\u00e1r: 5 490 Ft)\n\nM: 30 x 12 cm\n\nL: 35 x 14 cm\n\nXL: 40 x 16 cm\n\nA vastags\u00e1g 1,6 mm-t\u0151l 8 mm-ig v\u00e1laszthat\u00f3. A v\u00e9konyabb t\u00e1bla k\u00f6nnyed \u00e9s diszkr\u00e9t, a vastagabb kivitel massz\u00edvabb, 3D-s hat\u00e1st k\u00f6lcs\u00f6n\u00f6z. Az S m\u00e9ret ide\u00e1lis postal\u00e1d\u00e1kra, az XL pedig nagyobb ker\u00edt\u00e9seken is messzir\u0151l j\u00f3l olvashat\u00f3.\n\nSZ\u00cdNEK\n8 el\u0151re kiv\u00e1lasztott RAL sz\u00edn k\u00f6z\u00fcl v\u00e1laszthatsz, de egyedi ig\u00e9nyeket is teljes\u00edt\u00fcnk. A gy\u00e1rt\u00e1s cs\u00facskateg\u00f3ri\u00e1s Prusa XL 5T nyomtat\u00f3val t\u00f6rt\u00e9nik, \u00edgy a sz\u00edn az anyag szerves r\u00e9sze \u2013 nem festett, teh\u00e1t nem kopik, nem pattogzik le \u00e9s nem h\u00e1mlik. A t\u00e1bla \u00e9vek m\u00falt\u00e1n is ugyanolyan \u00e9l\u00e9nk marad, mint az els\u0151 napon.\n\nANYAG\nA t\u00e1bla pr\u00e9mium ASA m\u0171anyagb\u00f3l k\u00e9sz\u00fcl, amely a legellen\u00e1ll\u00f3bb k\u00fclt\u00e9ri ipari alapanyag.\n\nId\u0151j\u00e1r\u00e1s\u00e1ll\u00f3: B\u00edrja a t\u0171z\u0151 napot, az es\u0151t \u00e9s a fagyot (-30\u00b0C-t\u00f3l +80\u00b0C-ig).\n\nUV-\u00e1ll\u00f3: A sz\u00ednek nem fakulnak ki.\n\nTart\u00f3s: 10 \u00e9vet meghalad\u00f3 \u00e9lettartam k\u00fclt\u00e9ren is.\n\nGondoz\u00e1smentes: Portasz\u00edt\u00f3 fel\u00fclet, amely egy nedves t\u00f6rl\u00e9ssel tiszt\u00e1n tarthat\u00f3.\n\nR\u00d6GZ\u00cdT\u00c9S\nA legegyszer\u0171bb \u00e9s legeszt\u00e9tikusabb megold\u00e1s a k\u00fclt\u00e9ri \u00e9p\u00edt\u00e9si ragaszt\u00f3val t\u00f6rt\u00e9n\u0151 r\u00f6gz\u00edt\u00e9s (nem kell f\u00farni a falat). Ha azonban csavarozni szeretn\u00e9d, k\u00e9rlek, rendel\u00e9skor jelezd, \u00e9s el\u0151re elk\u00e9sz\u00edtj\u00fck a furatokat a t\u00e1bl\u00e1n.\n\nRENDEL\u00c9S MENETE\nA rendel\u00e9s lead\u00e1sakor az \u00fczenet mez\u0151be \u00edrd meg:\n\nA k\u00edv\u00e1nt h\u00e1zsz\u00e1mot \u00e9s utcanevet.\n\nA v\u00e1lasztott m\u00e9retet \u00e9s vastags\u00e1got.\n\nA k\u00e9rt sz\u00ednt.\n\nEgyedi elrendez\u00e9s vagy egy\u00e9b mot\u00edvum ig\u00e9nye eset\u00e9n \u00edrj \u00fczenetet, \u00e9s sz\u00edvesen seg\u00edt\u00fcnk a tervez\u00e9sben!\n\nMIRE J\u00d3?\nT\u00f6k\u00e9letes v\u00e1laszt\u00e1s h\u00e1zfel\u00faj\u00edt\u00e1shoz, kertsz\u00e9p\u00edt\u00e9shez vagy az \u00faj otthonod egyediv\u00e9 t\u00e9tel\u00e9hez.\n\nAj\u00e1nd\u00e9knak is kiv\u00e1l\u00f3: H\u00e1zavat\u00f3ra, sz\u00fclet\u00e9snapra vagy kar\u00e1csonyra keresel valami maradand\u00f3t? Egy perzsa macsk\u00e1s gazdinak nincs enn\u00e9l szem\u00e9lyesebb \u00e9s praktikusabb meglepet\u00e9s. Nem egy fi\u00f3k m\u00e9ly\u00e9n v\u00e9gzi majd, hanem nap mint nap d\u00edsz\u00edti a h\u00e1zfalat.","price":"5490.00","unit":"db","recommended":"0","status":"1","sponsored":"0","exp_notify":"0","own_material":"0","own_material_description_old":null,"own_material_description":"","jury":"0","jury_number":"","product_nature":"","meskaracsony":"0","create_date":"2026-03-17 12:53:28","shelve_id":"79630","image":"darimi_product_702579_260317130036_556340.png","image_width":"480","image_height":"227","image_alt":"Egyedi perzsa macsk\u00e1s h\u00e1zsz\u00e1mt\u00e1bla \u2013 k\u00fclt\u00e9ri, UV-\u00e1ll\u00f3 ASA, Szem\u00e9lyre szabott, macsk\u00e1s mot\u00edvummal ell\u00e1tott egyedi h\u00e1zsz\u00e1mt\u00e1bla, amelyet a te h\u00e1zsz\u00e1moddal \u00e9s utc..., Meska","image_title":"Egyedi perzsa macsk\u00e1s h\u00e1zsz\u00e1mt\u00e1bla \u2013 k\u00fclt\u00e9ri, UV-\u00e1ll\u00f3 ASA, Meska","view_count":"57","favourite_count":"0","trending_score":"0","last2MonthFavouriteCount":"0","promotion":"0","giftcard_accept":"0","creditcard_accept":true,"enhanced_background":"0","domain":"meska","specific_customer_id":null,"specific_customer_name":null,"to_order_product":"1","to_order_product_time":"1","product_different":null,"product_different_description":"","vintage":"0","vintage_category_id":"0","recycled":"0","gemstone_id":"0","customizable":"1","type_category":"physical","zerowaste":"0","postage_price":"1349.00","shop_order":"0","has_category":"1","landing_pages":null,"microdata":{"number":60,"category":""},"title":"Egyedi perzsa macsk\u00e1s h\u00e1zsz\u00e1mt\u00e1bla \u2013 k\u00fclt\u00e9ri, UV-\u00e1ll\u00f3 ASA","description":"Szem\u00e9lyre szabott, macsk\u00e1s mot\u00edvummal ell\u00e1tott egyedi h\u00e1zsz\u00e1mt\u00e1bla, amelyet a te h\u00e1zsz\u00e1moddal \u00e9s utcaneveddel k\u00e9sz\u00edt\u00fcnk el. A perzsa macska eleg\u00e1ns sziluettje \u00e9s a modern tipogr\u00e1fia egy\u00fctt alkotnak egy igaz\u00e1n st\u00edlusos bej\u00e1rati dekor\u00e1ci\u00f3t, amely minden macskabar\u00e1t \u00e9rkez\u0151 arc\u00e1ra mosolyt csal.\n\nM\u00c9RETEK\nN\u00e9gy m\u00e9retben rendelhet\u0151:\n\nS: 20 x 8 cm (alap\u00e1r: 5 490 Ft)\n\nM: 30 x 12 cm\n\nL: 35 x 14 cm\n\nXL: 40 x 16 cm\n\nA vastags\u00e1g 1,6 mm-t\u0151l 8 mm-ig v\u00e1laszthat\u00f3. A v\u00e9konyabb t\u00e1bla k\u00f6nnyed \u00e9s diszkr\u00e9t, a vastagabb kivitel massz\u00edvabb, 3D-s hat\u00e1st k\u00f6lcs\u00f6n\u00f6z. Az S m\u00e9ret ide\u00e1lis postal\u00e1d\u00e1kra, az XL pedig nagyobb ker\u00edt\u00e9seken is messzir\u0151l j\u00f3l olvashat\u00f3.\n\nSZ\u00cdNEK\n8 el\u0151re kiv\u00e1lasztott RAL sz\u00edn k\u00f6z\u00fcl v\u00e1laszthatsz, de egyedi ig\u00e9nyeket is teljes\u00edt\u00fcnk. A gy\u00e1rt\u00e1s cs\u00facskateg\u00f3ri\u00e1s Prusa XL 5T nyomtat\u00f3val t\u00f6rt\u00e9nik, \u00edgy a sz\u00edn az anyag szerves r\u00e9sze \u2013 nem festett, teh\u00e1t nem kopik, nem pattogzik le \u00e9s nem h\u00e1mlik. A t\u00e1bla \u00e9vek m\u00falt\u00e1n is ugyanolyan \u00e9l\u00e9nk marad, mint az els\u0151 napon.\n\nANYAG\nA t\u00e1bla pr\u00e9mium ASA m\u0171anyagb\u00f3l k\u00e9sz\u00fcl, amely a legellen\u00e1ll\u00f3bb k\u00fclt\u00e9ri ipari alapanyag.\n\nId\u0151j\u00e1r\u00e1s\u00e1ll\u00f3: B\u00edrja a t\u0171z\u0151 napot, az es\u0151t \u00e9s a fagyot (-30\u00b0C-t\u00f3l +80\u00b0C-ig).\n\nUV-\u00e1ll\u00f3: A sz\u00ednek nem fakulnak ki.\n\nTart\u00f3s: 10 \u00e9vet meghalad\u00f3 \u00e9lettartam k\u00fclt\u00e9ren is.\n\nGondoz\u00e1smentes: Portasz\u00edt\u00f3 fel\u00fclet, amely egy nedves t\u00f6rl\u00e9ssel tiszt\u00e1n tarthat\u00f3.\n\nR\u00d6GZ\u00cdT\u00c9S\nA legegyszer\u0171bb \u00e9s legeszt\u00e9tikusabb megold\u00e1s a k\u00fclt\u00e9ri \u00e9p\u00edt\u00e9si ragaszt\u00f3val t\u00f6rt\u00e9n\u0151 r\u00f6gz\u00edt\u00e9s (nem kell f\u00farni a falat). Ha azonban csavarozni szeretn\u00e9d, k\u00e9rlek, rendel\u00e9skor jelezd, \u00e9s el\u0151re elk\u00e9sz\u00edtj\u00fck a furatokat a t\u00e1bl\u00e1n.\n\nRENDEL\u00c9S MENETE\nA rendel\u00e9s lead\u00e1sakor az \u00fczenet mez\u0151be \u00edrd meg:\n\nA k\u00edv\u00e1nt h\u00e1zsz\u00e1mot \u00e9s utcanevet.\n\nA v\u00e1lasztott m\u00e9retet \u00e9s vastags\u00e1got.\n\nA k\u00e9rt sz\u00ednt.\n\nEgyedi elrendez\u00e9s vagy egy\u00e9b mot\u00edvum ig\u00e9nye eset\u00e9n \u00edrj \u00fczenetet, \u00e9s sz\u00edvesen seg\u00edt\u00fcnk a tervez\u00e9sben!\n\nMIRE J\u00d3?\nT\u00f6k\u00e9letes v\u00e1laszt\u00e1s h\u00e1zfel\u00faj\u00edt\u00e1shoz, kertsz\u00e9p\u00edt\u00e9shez vagy az \u00faj otthonod egyediv\u00e9 t\u00e9tel\u00e9hez.\n\nAj\u00e1nd\u00e9knak is kiv\u00e1l\u00f3: H\u00e1zavat\u00f3ra, sz\u00fclet\u00e9snapra vagy kar\u00e1csonyra keresel valami maradand\u00f3t? Egy perzsa macsk\u00e1s gazdinak nincs enn\u00e9l szem\u00e9lyesebb \u00e9s praktikusabb meglepet\u00e9s. Nem egy fi\u00f3k m\u00e9ly\u00e9n v\u00e9gzi majd, hanem nap mint nap d\u00edsz\u00edti a h\u00e1zfalat.","score":0,"formatted_price":"5 490 Ft","image_url":"https:\/\/www.meska.hu\/img\/product\/small\/d\/a\/darimi_product_702579_260317130036_556340.png","formatted_url":"https:\/\/www.meska.hu\/p5760692-egyedi-perzsa-macskas-hazszamtabla-kulteri-uv-allo-asa","favourite":false,"in_stock":false,"avatar":"702579_avatar_1739694015.jpeg","delete_from":0,"is_enhanced_background":false,"is_enhanced":false,"product_selection_started":false,"is_active":true,"image_webp_url":"https:\/\/www.meska.hu\/img\/product\/small\/d\/a\/darimi_product_702579_260317130036_556340.webp"},{"id":"3474953","shop_id":"12524","user_id":"54127","shop_name":"Kiokumitsu","shop_zip":"1155","product_code":"2949280","product_name_old":null,"product_name":"Magyaros h\u00e1zsz\u00e1mt\u00e1bla - n\u00e9gyzet","category_string":"Otthon & \u00c9letm\u00f3d, H\u00e1z & Kert, H\u00e1zsz\u00e1m","technic_string":"Mindenm\u00e1s, Fot\u00f3, grafika, rajz, illusztr\u00e1ci\u00f3","category_1":"813","category_2":"897","category_3":"431","category_4":"0","merged_category_1":"0","merged_category_2":"0","merged_category_3":"0","technic_1":"493","technic_2":"483","technic_3":"0","color_1":"516","color_2":"519","color_3":"521","product_description_old":null,"product_description":"Saj\u00e1t tervez\u00e9s\u0171 d\u00edszes h\u00e1zsz\u00e1mt\u00e1bla. Saj\u00e1t kivitelez\u00e9s \u00e9s kiv\u00e1g\u00e1s-\nA h\u00e1zsz\u00e1m t\u00edpusa csak a h\u00e1zsz\u00e1m elhelyez\u00e9s\u00e9t teszi lehet\u0151v\u00e9.\nA megjegyz\u00e9s rovatban tudja majd megadni a t\u00e1bl\u00e1ra fel\u00edrand\u00f3 sz\u00f6veget.\n\nAlapm\u00e9ret 20 x 20 cm, de k\u00e9rhet\u0151 nagyobb kivitelben is.\n\nA t\u00e1bla anyaga: Ongrofoam, egy speci\u00e1lis UV \u00e1ll\u00f3 m\u0171anyag, Id\u0151j\u00e1r\u00e1s\u00e1ll\u00f3.\n\nK\u00e9rem olvassal el az \u00e1ltal\u00e1nos szerz\u0151d\u00e9si felt\u00e9teleket (\u00c1SZF), melyet a term\u00e9k megv\u00e1s\u00e1rl\u00e1val \u00f6n elfogadott.","price":"4990.00","unit":"db","recommended":"0","status":"1","sponsored":"0","exp_notify":"0","own_material":"0","own_material_description_old":null,"own_material_description":"","jury":"0","jury_number":"","product_nature":"","meskaracsony":"0","create_date":"2026-03-16 15:17:01","shelve_id":"44100","image":"kiokumitsu_product_54127_171025114353_58322.jpeg","image_width":"480","image_height":"480","image_alt":"Magyaros h\u00e1zsz\u00e1mt\u00e1bla - n\u00e9gyzet, Saj\u00e1t tervez\u00e9s\u0171 d\u00edszes h\u00e1zsz\u00e1mt\u00e1bla. Saj\u00e1t kivitelez\u00e9s \u00e9s kiv\u00e1g\u00e1s-\\nA h\u00e1zsz\u00e1m t\u00edpusa csak a h\u00e1zsz\u00e1m e..., Meska","image_title":"Magyaros h\u00e1zsz\u00e1mt\u00e1bla - n\u00e9gyzet, Meska","view_count":"3169","favourite_count":"0","trending_score":"0","last2MonthFavouriteCount":"0","promotion":"0","giftcard_accept":"1","creditcard_accept":true,"enhanced_background":"0","domain":"meska","specific_customer_id":null,"specific_customer_name":null,"to_order_product":"1","to_order_product_time":"12","product_different":"different","product_different_description":"A k\u00e9perny\u0151n l\u00e1that\u00f3 sz\u00ednek felbont\u00e1sa \u00e9s a nyomdai sz\u00ednek felbont\u00e1sa kis m\u00e9rt\u00e9kben elt\u00e9rhet!","vintage":"0","vintage_category_id":"0","recycled":"0","gemstone_id":"0","customizable":"0","type_category":"physical","zerowaste":"0","postage_price":"2390.00","shop_order":"0","has_category":"1","landing_pages":null,"microdata":{"number":61,"category":""},"title":"Magyaros h\u00e1zsz\u00e1mt\u00e1bla - n\u00e9gyzet","description":"Saj\u00e1t tervez\u00e9s\u0171 d\u00edszes h\u00e1zsz\u00e1mt\u00e1bla. Saj\u00e1t kivitelez\u00e9s \u00e9s kiv\u00e1g\u00e1s-\nA h\u00e1zsz\u00e1m t\u00edpusa csak a h\u00e1zsz\u00e1m elhelyez\u00e9s\u00e9t teszi lehet\u0151v\u00e9.\nA megjegyz\u00e9s rovatban tudja majd megadni a t\u00e1bl\u00e1ra fel\u00edrand\u00f3 sz\u00f6veget.\n\nAlapm\u00e9ret 20 x 20 cm, de k\u00e9rhet\u0151 nagyobb kivitelben is.\n\nA t\u00e1bla anyaga: Ongrofoam, egy speci\u00e1lis UV \u00e1ll\u00f3 m\u0171anyag, Id\u0151j\u00e1r\u00e1s\u00e1ll\u00f3.\n\nK\u00e9rem olvassal el az \u00e1ltal\u00e1nos szerz\u0151d\u00e9si felt\u00e9teleket (\u00c1SZF), melyet a term\u00e9k megv\u00e1s\u00e1rl\u00e1val \u00f6n elfogadott.","score":0,"formatted_price":"4 990 Ft","image_url":"https:\/\/www.meska.hu\/img\/product\/small\/k\/i\/kiokumitsu_product_54127_171025114353_58322.jpeg","formatted_url":"https:\/\/www.meska.hu\/p2949280-magyaros-hazszamtabla-negyzet","favourite":false,"in_stock":false,"avatar":"Kiokumitsu_avatar_54127_1676920383.jpg","delete_from":0,"is_enhanced_background":false,"is_enhanced":false,"product_selection_started":false,"is_active":true,"image_webp_url":"https:\/\/www.meska.hu\/img\/product\/small\/k\/i\/kiokumitsu_product_54127_171025114353_58322.webp"},{"id":"3496504","shop_id":"12524","user_id":"54127","shop_name":"Kiokumitsu","shop_zip":"1155","product_code":"2235242","product_name_old":null,"product_name":"H\u00e1zsz\u00e1mt\u00e1bla - d\u00edszes","category_string":"Otthon & \u00c9letm\u00f3d, H\u00e1z & Kert, H\u00e1zsz\u00e1m","technic_string":"Mindenm\u00e1s, Fot\u00f3, grafika, rajz, illusztr\u00e1ci\u00f3","category_1":"813","category_2":"897","category_3":"431","category_4":"0","merged_category_1":"0","merged_category_2":"0","merged_category_3":"0","technic_1":"493","technic_2":"483","technic_3":"0","color_1":"519","color_2":"521","color_3":"0","product_description_old":null,"product_description":"D\u00edszes kivitelez\u00e9s\u0171 h\u00e1zsz\u00e1mt\u00e1bla. \nSaj\u00e1t tervez\u00e9s \u00e9s kivitelez\u00e9s, bele\u00e9rtve a kiv\u00e1g\u00e1st is.\nA megjegyz\u00e9s rovatban tudja majd megadni a t\u00e1bl\u00e1ra fel\u00edrand\u00f3 sz\u00f6veget.\n\nM\u00e9rete: 25 x 15 cm, de k\u00e9rhet\u0151 nagyobb v\u00e1ltozatban is!\n\nA t\u00e1bla anyaga: Ongrofoam, egy speci\u00e1lis UV \u00e1ll\u00f3 m\u0171anyag, Id\u0151j\u00e1r\u00e1s\u00e1ll\u00f3.\n\nK\u00e9rem olvassal el az \u00e1ltal\u00e1nos szerz\u0151d\u00e9si felt\u00e9teleket (\u00c1SZF), melyet a term\u00e9k megv\u00e1s\u00e1rl\u00e1val \u00f6n elfogadott.\n\nA sz\u00ednv\u00e1laszt\u00e1s a t\u00e1bla alapsz\u00edn\u00e9re vonatkozik, \u00e9s nem a felirat sz\u00edn\u00e9re!","price":"4690.00","unit":"db","recommended":"0","status":"1","sponsored":"0","exp_notify":"0","own_material":"0","own_material_description_old":null,"own_material_description":"","jury":"0","jury_number":"","product_nature":"","meskaracsony":"0","create_date":"2026-03-16 01:09:24","shelve_id":"44100","image":"kiokumitsu_product_54127_220822084711_575851.jpeg","image_width":"480","image_height":"355","image_alt":"H\u00e1zsz\u00e1mt\u00e1bla - d\u00edszes, D\u00edszes kivitelez\u00e9s\u0171 h\u00e1zsz\u00e1mt\u00e1bla. \\nSaj\u00e1t tervez\u00e9s \u00e9s kivitelez\u00e9s, bele\u00e9rtve a kiv\u00e1g\u00e1st is.\\nA megjegy..., Meska","image_title":"H\u00e1zsz\u00e1mt\u00e1bla - d\u00edszes, Meska","view_count":"1694","favourite_count":"0","trending_score":"0","last2MonthFavouriteCount":"0","promotion":"0","giftcard_accept":"1","creditcard_accept":true,"enhanced_background":"0","domain":"meska","specific_customer_id":null,"specific_customer_name":null,"to_order_product":"1","to_order_product_time":"12","product_different":"different","product_different_description":"A k\u00e9perny\u0151n l\u00e1that\u00f3 sz\u00ednek felbont\u00e1sa \u00e9s a nyomdai sz\u00ednek felbont\u00e1sa kis m\u00e9rt\u00e9kben elt\u00e9rhet!","vintage":"0","vintage_category_id":"0","recycled":"0","gemstone_id":"0","customizable":"0","type_category":"physical","zerowaste":"0","postage_price":"2390.00","shop_order":"0","has_category":"1","landing_pages":null,"microdata":{"number":62,"category":""},"title":"H\u00e1zsz\u00e1mt\u00e1bla - d\u00edszes","description":"D\u00edszes kivitelez\u00e9s\u0171 h\u00e1zsz\u00e1mt\u00e1bla. \nSaj\u00e1t tervez\u00e9s \u00e9s kivitelez\u00e9s, bele\u00e9rtve a kiv\u00e1g\u00e1st is.\nA megjegyz\u00e9s rovatban tudja majd megadni a t\u00e1bl\u00e1ra fel\u00edrand\u00f3 sz\u00f6veget.\n\nM\u00e9rete: 25 x 15 cm, de k\u00e9rhet\u0151 nagyobb v\u00e1ltozatban is!\n\nA t\u00e1bla anyaga: Ongrofoam, egy speci\u00e1lis UV \u00e1ll\u00f3 m\u0171anyag, Id\u0151j\u00e1r\u00e1s\u00e1ll\u00f3.\n\nK\u00e9rem olvassal el az \u00e1ltal\u00e1nos szerz\u0151d\u00e9si felt\u00e9teleket (\u00c1SZF), melyet a term\u00e9k megv\u00e1s\u00e1rl\u00e1val \u00f6n elfogadott.\n\nA sz\u00ednv\u00e1laszt\u00e1s a t\u00e1bla alapsz\u00edn\u00e9re vonatkozik, \u00e9s nem a felirat sz\u00edn\u00e9re!","score":0,"formatted_price":"4 690 Ft","image_url":"https:\/\/www.meska.hu\/img\/product\/small\/k\/i\/kiokumitsu_product_54127_220822084711_575851.jpeg","formatted_url":"https:\/\/www.meska.hu\/p2235242-hazszamtabla-diszes","favourite":false,"in_stock":false,"avatar":"Kiokumitsu_avatar_54127_1676920383.jpg","delete_from":0,"is_enhanced_background":false,"is_enhanced":false,"product_selection_started":false,"is_active":true,"image_webp_url":"https:\/\/www.meska.hu\/img\/product\/small\/k\/i\/kiokumitsu_product_54127_220822084711_575851.webp"},{"id":"3421251","shop_id":"12524","user_id":"54127","shop_name":"Kiokumitsu","shop_zip":"1155","product_code":"2244259","product_name_old":null,"product_name":"H\u00e1zsz\u00e1mt\u00e1bla - fels\u0151\u00edves","category_string":"Otthon & \u00c9letm\u00f3d, H\u00e1z & Kert, H\u00e1zsz\u00e1m","technic_string":"Fot\u00f3, grafika, rajz, illusztr\u00e1ci\u00f3, Mindenm\u00e1s","category_1":"813","category_2":"897","category_3":"431","category_4":"0","merged_category_1":"0","merged_category_2":"0","merged_category_3":"0","technic_1":"483","technic_2":"493","technic_3":"0","color_1":"532","color_2":"523","color_3":"529","product_description_old":null,"product_description":"Saj\u00e1t tervez\u00e9s\u0171 h\u00e1zsz\u00e1mt\u00e1bla. Grafika, kivitelez\u00e9s \u00e9s kiv\u00e1g\u00e1s saj\u00e1t k\u00e9z \u00e1ltal.\nAlapm\u00e9ret: 25 x 16 cm, de rendelhet\u0151 nagyobb v\u00e1ltozat is.\nA megjegyz\u00e9s rovatban tudja majd megadni a t\u00e1bl\u00e1ra fel\u00edrand\u00f3 sz\u00f6veget.\n\nA t\u00e1bla anyaga: Ongrofoam, egy speci\u00e1lis UV \u00e1ll\u00f3 m\u0171anyag, Id\u0151j\u00e1r\u00e1s\u00e1ll\u00f3.\n\nK\u00e9rem olvassal el az \u00e1ltal\u00e1nos szerz\u0151d\u00e9si felt\u00e9teleket (\u00c1SZF), melyet a term\u00e9k megv\u00e1s\u00e1rl\u00e1val \u00f6n elfogadott.\n","price":"4190.00","unit":"db","recommended":"0","status":"1","sponsored":"0","exp_notify":"0","own_material":"0","own_material_description_old":null,"own_material_description":"","jury":"0","jury_number":"","product_nature":"","meskaracsony":"0","create_date":"2026-03-15 18:26:30","shelve_id":"44100","image":"kiokumitsu_product_54127_150829232419_995424.jpeg","image_width":"480","image_height":"480","image_alt":"H\u00e1zsz\u00e1mt\u00e1bla - fels\u0151\u00edves, Saj\u00e1t tervez\u00e9s\u0171 h\u00e1zsz\u00e1mt\u00e1bla. Grafika, kivitelez\u00e9s \u00e9s kiv\u00e1g\u00e1s saj\u00e1t k\u00e9z \u00e1ltal.\\nAlapm\u00e9ret: 25 x 16 cm..., Meska","image_title":"H\u00e1zsz\u00e1mt\u00e1bla - fels\u0151\u00edves, Meska","view_count":"2948","favourite_count":"0","trending_score":"0","last2MonthFavouriteCount":"0","promotion":"0","giftcard_accept":"1","creditcard_accept":true,"enhanced_background":"0","domain":"meska","specific_customer_id":null,"specific_customer_name":null,"to_order_product":"1","to_order_product_time":"12","product_different":"different","product_different_description":"A k\u00e9perny\u0151n l\u00e1that\u00f3 sz\u00ednek felbont\u00e1sa \u00e9s a nyomdai sz\u00ednek felbont\u00e1sa kis m\u00e9rt\u00e9kben elt\u00e9rhet!\n","vintage":"0","vintage_category_id":"0","recycled":"0","gemstone_id":"0","customizable":"0","type_category":"physical","zerowaste":"0","postage_price":"2390.00","shop_order":"0","has_category":"1","landing_pages":null,"microdata":{"number":63,"category":""},"title":"H\u00e1zsz\u00e1mt\u00e1bla - fels\u0151\u00edves","description":"Saj\u00e1t tervez\u00e9s\u0171 h\u00e1zsz\u00e1mt\u00e1bla. Grafika, kivitelez\u00e9s \u00e9s kiv\u00e1g\u00e1s saj\u00e1t k\u00e9z \u00e1ltal.\nAlapm\u00e9ret: 25 x 16 cm, de rendelhet\u0151 nagyobb v\u00e1ltozat is.\nA megjegyz\u00e9s rovatban tudja majd megadni a t\u00e1bl\u00e1ra fel\u00edrand\u00f3 sz\u00f6veget.\n\nA t\u00e1bla anyaga: Ongrofoam, egy speci\u00e1lis UV \u00e1ll\u00f3 m\u0171anyag, Id\u0151j\u00e1r\u00e1s\u00e1ll\u00f3.\n\nK\u00e9rem olvassal el az \u00e1ltal\u00e1nos szerz\u0151d\u00e9si felt\u00e9teleket (\u00c1SZF), melyet a term\u00e9k megv\u00e1s\u00e1rl\u00e1val \u00f6n elfogadott.\n","score":0,"formatted_price":"4 190 Ft","image_url":"https:\/\/www.meska.hu\/img\/product\/small\/k\/i\/kiokumitsu_product_54127_150829232419_995424.jpeg","formatted_url":"https:\/\/www.meska.hu\/p2244259-hazszamtabla-felsoives","favourite":false,"in_stock":false,"avatar":"Kiokumitsu_avatar_54127_1676920383.jpg","delete_from":0,"is_enhanced_background":false,"is_enhanced":false,"product_selection_started":false,"is_active":true,"image_webp_url":"https:\/\/www.meska.hu\/img\/product\/small\/k\/i\/kiokumitsu_product_54127_150829232419_995424.webp"},{"id":"3510723","shop_id":"12524","user_id":"54127","shop_name":"Kiokumitsu","shop_zip":"1155","product_code":"2504014","product_name_old":null,"product_name":"H\u00e1zsz\u00e1mt\u00e1bla - d\u00edszes","category_string":"Otthon & \u00c9letm\u00f3d, H\u00e1z & Kert, H\u00e1zsz\u00e1m","technic_string":"Mindenm\u00e1s","category_1":"813","category_2":"897","category_3":"431","category_4":"0","merged_category_1":"0","merged_category_2":"0","merged_category_3":"0","technic_1":"493","technic_2":"0","technic_3":"0","color_1":"519","color_2":"520","color_3":"529","product_description_old":null,"product_description":"Saj\u00e1t tervez\u00e9s\u0171 \u00e9s kivitelez\u00e9s\u0171 h\u00e1zsz\u00e1mt\u00e1bla, bele\u00e9rtve a kiv\u00e1g\u00e1st is.\nA megjegyz\u00e9s rovatban tudja majd megadni a t\u00e1bl\u00e1ra fel\u00edrand\u00f3 sz\u00f6veget.\nAlapm\u00e9ret 20 x 16 cm, de v\u00e1laszthat\u00f3 nagyobb m\u00e9ret is. \nA t\u00e1bla anyaga: Ongrofoam, egy speci\u00e1lis UV \u00e1ll\u00f3 m\u0171anyag, Id\u0151j\u00e1r\u00e1s\u00e1ll\u00f3.\n\nK\u00e9rem olvassal el az \u00e1ltal\u00e1nos szerz\u0151d\u00e9si felt\u00e9teleket (\u00c1SZF), melyet a term\u00e9k megv\u00e1s\u00e1rl\u00e1val \u00f6n elfogadott.\n\nElk\u00e9sz\u00fcl\u00e9si id\u0151: kb. 8 nap.\n\n","price":"5690.00","unit":"db","recommended":"0","status":"1","sponsored":"0","exp_notify":"0","own_material":"0","own_material_description_old":null,"own_material_description":"","jury":"0","jury_number":"","product_nature":"","meskaracsony":"0","create_date":"2026-03-15 18:06:03","shelve_id":"44100","image":"kiokumitsu_product_54127_220117194702_943313.jpeg","image_width":"480","image_height":"480","image_alt":"H\u00e1zsz\u00e1mt\u00e1bla - d\u00edszes, Saj\u00e1t tervez\u00e9s\u0171 \u00e9s kivitelez\u00e9s\u0171 h\u00e1zsz\u00e1mt\u00e1bla, bele\u00e9rtve a kiv\u00e1g\u00e1st is.\\nA megjegyz\u00e9s rovatban tudja m..., Meska","image_title":"H\u00e1zsz\u00e1mt\u00e1bla - d\u00edszes, Meska","view_count":"17556","favourite_count":"1","trending_score":"0","last2MonthFavouriteCount":"1","promotion":"0","giftcard_accept":"1","creditcard_accept":true,"enhanced_background":"0","domain":"meska","specific_customer_id":null,"specific_customer_name":null,"to_order_product":"1","to_order_product_time":"12","product_different":null,"product_different_description":"","vintage":"0","vintage_category_id":"0","recycled":"0","gemstone_id":"0","customizable":"0","type_category":"physical","zerowaste":"0","postage_price":"2390.00","shop_order":"0","has_category":"1","landing_pages":null,"microdata":{"number":64,"category":""},"title":"H\u00e1zsz\u00e1mt\u00e1bla - d\u00edszes","description":"Saj\u00e1t tervez\u00e9s\u0171 \u00e9s kivitelez\u00e9s\u0171 h\u00e1zsz\u00e1mt\u00e1bla, bele\u00e9rtve a kiv\u00e1g\u00e1st is.\nA megjegyz\u00e9s rovatban tudja majd megadni a t\u00e1bl\u00e1ra fel\u00edrand\u00f3 sz\u00f6veget.\nAlapm\u00e9ret 20 x 16 cm, de v\u00e1laszthat\u00f3 nagyobb m\u00e9ret is. \nA t\u00e1bla anyaga: Ongrofoam, egy speci\u00e1lis UV \u00e1ll\u00f3 m\u0171anyag, Id\u0151j\u00e1r\u00e1s\u00e1ll\u00f3.\n\nK\u00e9rem olvassal el az \u00e1ltal\u00e1nos szerz\u0151d\u00e9si felt\u00e9teleket (\u00c1SZF), melyet a term\u00e9k megv\u00e1s\u00e1rl\u00e1val \u00f6n elfogadott.\n\nElk\u00e9sz\u00fcl\u00e9si id\u0151: kb. 8 nap.\n\n","score":0,"formatted_price":"5 690 Ft","image_url":"https:\/\/www.meska.hu\/img\/product\/small\/k\/i\/kiokumitsu_product_54127_220117194702_943313.jpeg","formatted_url":"https:\/\/www.meska.hu\/p2504014-hazszamtabla-diszes","favourite":false,"in_stock":false,"avatar":"Kiokumitsu_avatar_54127_1676920383.jpg","delete_from":0,"is_enhanced_background":false,"is_enhanced":false,"product_selection_started":false,"is_active":true,"image_webp_url":"https:\/\/www.meska.hu\/img\/product\/small\/k\/i\/kiokumitsu_product_54127_220117194702_943313.webp"},{"id":"3446582","shop_id":"12524","user_id":"54127","shop_name":"Kiokumitsu","shop_zip":"1155","product_code":"2250305","product_name_old":null,"product_name":"Tiszta udvar rendes h\u00e1z t\u00e1bla.","category_string":"Otthon & \u00c9letm\u00f3d, H\u00e1z & Kert, H\u00e1zsz\u00e1m","technic_string":"Fot\u00f3, grafika, rajz, illusztr\u00e1ci\u00f3, Mindenm\u00e1s","category_1":"813","category_2":"897","category_3":"431","category_4":"0","merged_category_1":"0","merged_category_2":"0","merged_category_3":"0","technic_1":"483","technic_2":"493","technic_3":"0","color_1":"519","color_2":"521","color_3":"0","product_description_old":null,"product_description":"Tiszta udvar rendes h\u00e1z t\u00e1bla. Saj\u00e1t tervez\u00e9s\u0171 t\u00e1bla. \u00d6n\u00e1ll\u00f3 grafikai tervez\u00e9s \u00e9s kivitelez\u00e9s, bele\u00e9rtve a kiv\u00e1g\u00e1st is.\nT\u00e9ma: magyaros mot\u00edvumokat \u00e1br\u00e1zol\u00f3 t\u00e1bla.\n\nM\u00e9retek:  25 x 14 cm, 30 x 17 cm, 35 x 20 cm ( a k\u00e9p melletti leg\u00f6rd\u00fcl\u0151 men\u00fcben lehet kiv\u00e1lasztani.\nA t\u00e1bl\u00e1b\u00f3l van nemzeti sz\u00edn\u0171 \u00e9s feh\u00e9r alapon k\u00e9k d\u00edsz\u00edt\u00e9s\u0171 v\u00e1ltozat, ett\u0151l elt\u00e9r\u0151t is lehet k\u00e9rni, de azt le kell gy\u00e1rtani.\n\nA t\u00e1bla anyaga: Ongrofoam, egy speci\u00e1lis UV \u00e1ll\u00f3 m\u0171anyag, Id\u0151j\u00e1r\u00e1s\u00e1ll\u00f3.\n","price":"3990.00","unit":"db","recommended":"0","status":"1","sponsored":"0","exp_notify":"0","own_material":"0","own_material_description_old":null,"own_material_description":"","jury":"0","jury_number":"","product_nature":"","meskaracsony":"0","create_date":"2026-03-14 19:02:17","shelve_id":"44100","image":"kiokumitsu_product_54127_210830121342_48988.jpeg","image_width":"480","image_height":"320","image_alt":"Tiszta udvar rendes h\u00e1z t\u00e1bla., Tiszta udvar rendes h\u00e1z t\u00e1bla. Saj\u00e1t tervez\u00e9s\u0171 t\u00e1bla. \u00d6n\u00e1ll\u00f3 grafikai tervez\u00e9s \u00e9s kivitelez\u00e9s, bele\u00e9..., Meska","image_title":"Tiszta udvar rendes h\u00e1z t\u00e1bla., Meska","view_count":"6245","favourite_count":"0","trending_score":"0","last2MonthFavouriteCount":"0","promotion":"0","giftcard_accept":"1","creditcard_accept":true,"enhanced_background":"0","domain":"meska","specific_customer_id":null,"specific_customer_name":null,"to_order_product":"0","to_order_product_time":"0","product_different":null,"product_different_description":"","vintage":"0","vintage_category_id":"0","recycled":"0","gemstone_id":"0","customizable":"0","type_category":"physical","zerowaste":"0","postage_price":"2390.00","shop_order":"0","has_category":"1","landing_pages":null,"microdata":{"number":65,"category":""},"title":"Tiszta udvar rendes h\u00e1z t\u00e1bla.","description":"Tiszta udvar rendes h\u00e1z t\u00e1bla. Saj\u00e1t tervez\u00e9s\u0171 t\u00e1bla. \u00d6n\u00e1ll\u00f3 grafikai tervez\u00e9s \u00e9s kivitelez\u00e9s, bele\u00e9rtve a kiv\u00e1g\u00e1st is.\nT\u00e9ma: magyaros mot\u00edvumokat \u00e1br\u00e1zol\u00f3 t\u00e1bla.\n\nM\u00e9retek:  25 x 14 cm, 30 x 17 cm, 35 x 20 cm ( a k\u00e9p melletti leg\u00f6rd\u00fcl\u0151 men\u00fcben lehet kiv\u00e1lasztani.\nA t\u00e1bl\u00e1b\u00f3l van nemzeti sz\u00edn\u0171 \u00e9s feh\u00e9r alapon k\u00e9k d\u00edsz\u00edt\u00e9s\u0171 v\u00e1ltozat, ett\u0151l elt\u00e9r\u0151t is lehet k\u00e9rni, de azt le kell gy\u00e1rtani.\n\nA t\u00e1bla anyaga: Ongrofoam, egy speci\u00e1lis UV \u00e1ll\u00f3 m\u0171anyag, Id\u0151j\u00e1r\u00e1s\u00e1ll\u00f3.\n","score":0,"formatted_price":"3 990 Ft","image_url":"https:\/\/www.meska.hu\/img\/product\/small\/k\/i\/kiokumitsu_product_54127_210830121342_48988.jpeg","formatted_url":"https:\/\/www.meska.hu\/p2250305-tiszta-udvar-rendes-haz-tabla","favourite":false,"in_stock":true,"avatar":"Kiokumitsu_avatar_54127_1676920383.jpg","delete_from":0,"is_enhanced_background":false,"is_enhanced":false,"product_selection_started":false,"is_active":true,"image_webp_url":"https:\/\/www.meska.hu\/img\/product\/small\/k\/i\/kiokumitsu_product_54127_210830121342_48988.webp"},{"id":"3420568","shop_id":"12524","user_id":"54127","shop_name":"Kiokumitsu","shop_zip":"1155","product_code":"4177035","product_name_old":null,"product_name":"H\u00e1zsz\u00e1mt\u00e1bla","category_string":"Otthon & \u00c9letm\u00f3d, H\u00e1z & Kert, H\u00e1zsz\u00e1m","technic_string":"Mindenm\u00e1s, Fot\u00f3, grafika, rajz, illusztr\u00e1ci\u00f3","category_1":"813","category_2":"897","category_3":"431","category_4":"0","merged_category_1":"0","merged_category_2":"0","merged_category_3":"0","technic_1":"493","technic_2":"483","technic_3":"0","color_1":"519","color_2":"521","color_3":"0","product_description_old":null,"product_description":"D\u00edszes kivitel\u0171 h\u00e1zsz\u00e1mt\u00e1bla.  Utcan\u00e9v \u00e9s h\u00e1zsz\u00e1m helyezhet\u0151 r\u00e1. Nemeti sz\u00edn\u0171\nSaj\u00e1t tervez\u00e9s \u00e9s kivitelez\u00e9s, bele\u00e9rtve a kiv\u00e1g\u00e1st is.\nA megjegyz\u00e9s rovatban tudja majd megadni a t\u00e1bl\u00e1ra fel\u00edrand\u00f3 sz\u00f6veget.\n\nA t\u00e1bla alapm\u00e9rete: 25 x 15 cm, de rendelhet\u0151k nagyobb v\u00e1ltozatok is.\n\nA t\u00e1bla anyaga: Ongrofoam, egy speci\u00e1lis UV \u00e1ll\u00f3 m\u0171anyag, Id\u0151j\u00e1r\u00e1s\u00e1ll\u00f3.\n\nK\u00e9rem olvassal el az \u00e1ltal\u00e1nos szerz\u0151d\u00e9si felt\u00e9teleket (\u00c1SZF), melyet a term\u00e9k megv\u00e1s\u00e1rl\u00e1val \u00f6n elfogadott.","price":"5190.00","unit":"db","recommended":"0","status":"1","sponsored":"0","exp_notify":"0","own_material":"0","own_material_description_old":null,"own_material_description":"","jury":"0","jury_number":"","product_nature":"","meskaracsony":"0","create_date":"2026-03-14 12:00:58","shelve_id":"44100","image":"kiokumitsu_product_54127_210611205449_77498.jpeg","image_width":"480","image_height":"371","image_alt":"H\u00e1zsz\u00e1mt\u00e1bla, D\u00edszes kivitel\u0171 h\u00e1zsz\u00e1mt\u00e1bla.  Utcan\u00e9v \u00e9s h\u00e1zsz\u00e1m helyezhet\u0151 r\u00e1. Nemeti sz\u00edn\u0171\\nSaj\u00e1t tervez\u00e9s \u00e9s kivi..., Meska","image_title":"H\u00e1zsz\u00e1mt\u00e1bla, Meska","view_count":"2842","favourite_count":"0","trending_score":"0","last2MonthFavouriteCount":"0","promotion":"0","giftcard_accept":"1","creditcard_accept":true,"enhanced_background":"0","domain":"meska","specific_customer_id":null,"specific_customer_name":null,"to_order_product":"1","to_order_product_time":"12","product_different":"different","product_different_description":"A k\u00e9perny\u0151n l\u00e1that\u00f3 sz\u00ednek felbont\u00e1sa \u00e9s a nyomdai sz\u00ednek felbont\u00e1sa kis m\u00e9rt\u00e9kben elt\u00e9rhet!","vintage":"0","vintage_category_id":"0","recycled":"0","gemstone_id":"0","customizable":"0","type_category":"physical","zerowaste":"0","postage_price":"2390.00","shop_order":"0","has_category":"1","landing_pages":null,"microdata":{"number":66,"category":""},"title":"H\u00e1zsz\u00e1mt\u00e1bla","description":"D\u00edszes kivitel\u0171 h\u00e1zsz\u00e1mt\u00e1bla.  Utcan\u00e9v \u00e9s h\u00e1zsz\u00e1m helyezhet\u0151 r\u00e1. Nemeti sz\u00edn\u0171\nSaj\u00e1t tervez\u00e9s \u00e9s kivitelez\u00e9s, bele\u00e9rtve a kiv\u00e1g\u00e1st is.\nA megjegyz\u00e9s rovatban tudja majd megadni a t\u00e1bl\u00e1ra fel\u00edrand\u00f3 sz\u00f6veget.\n\nA t\u00e1bla alapm\u00e9rete: 25 x 15 cm, de rendelhet\u0151k nagyobb v\u00e1ltozatok is.\n\nA t\u00e1bla anyaga: Ongrofoam, egy speci\u00e1lis UV \u00e1ll\u00f3 m\u0171anyag, Id\u0151j\u00e1r\u00e1s\u00e1ll\u00f3.\n\nK\u00e9rem olvassal el az \u00e1ltal\u00e1nos szerz\u0151d\u00e9si felt\u00e9teleket (\u00c1SZF), melyet a term\u00e9k megv\u00e1s\u00e1rl\u00e1val \u00f6n elfogadott.","score":0,"formatted_price":"5 190 Ft","image_url":"https:\/\/www.meska.hu\/img\/product\/small\/k\/i\/kiokumitsu_product_54127_210611205449_77498.jpeg","formatted_url":"https:\/\/www.meska.hu\/p4177035-hazszamtabla","favourite":false,"in_stock":false,"avatar":"Kiokumitsu_avatar_54127_1676920383.jpg","delete_from":0,"is_enhanced_background":false,"is_enhanced":false,"product_selection_started":false,"is_active":true,"image_webp_url":"https:\/\/www.meska.hu\/img\/product\/small\/k\/i\/kiokumitsu_product_54127_210611205449_77498.webp"},{"id":"5988837","shop_id":"47945","user_id":"702579","shop_name":"Darimi","shop_zip":"2030","product_code":"5664529","product_name_old":null,"product_name":"H\u00e1zsz\u00e1mt\u00e1bla utcan\u00e9vvel - egyedi k\u00fclt\u00e9ri ASA kapusz\u00e1m utcat\u00e1bla, 3D nyomtatott id\u0151j\u00e1r\u00e1s\u00e1ll\u00f3","category_string":"Otthon & \u00c9letm\u00f3d, H\u00e1z & Kert, H\u00e1zsz\u00e1m","technic_string":"Mindenm\u00e1s","category_1":"813","category_2":"897","category_3":"431","category_4":"0","merged_category_1":null,"merged_category_2":null,"merged_category_3":null,"technic_1":"493","technic_2":"0","technic_3":"0","color_1":"519","color_2":"520","color_3":"527","product_description_old":null,"product_description":"Egyedi h\u00e1zsz\u00e1mt\u00e1bla utcan\u00e9vvel, k\u00e9tsz\u00edn\u0171 3D nyomtat\u00e1ssal, k\u00fclt\u00e9ri ASA anyagb\u00f3l.\n\nA t\u00e1bla a fot\u00f3n l\u00e1that\u00f3 st\u00edlusban k\u00e9sz\u00fcl: h\u00e1tt\u00e9rsz\u00edn + kiemelked\u0151 sz\u00e1m \u00e9s utcan\u00e9v k\u00e9t k\u00fcl\u00f6nb\u00f6z\u0151 sz\u00ednnel nyomtatva. Nem grav\u00edrozott, nem festett - a sz\u00ednek v\u00e9gig a teljes anyagvastags\u00e1gban megvannak, ez\u00e9rt nem kopnak le.\n\n\nHOGYAN RENDELHETSZ?\n\n1. V\u00e1laszd ki az alapsz\u00ednt, m\u00e9retet \u00e9s vastags\u00e1got\n2. A rendel\u00e9s megjegyz\u00e9s\u00e9be \u00edrd meg:\n   - A k\u00f6zter\u00fclet nev\u00e9t (pl. Kossuth utca)\n   - A h\u00e1zsz\u00e1mot (pl. 28)\n   - A sz\u00f6veg k\u00edv\u00e1nt sz\u00edn\u00e9t (ha elt\u00e9r az alap feh\u00e9rt\u0151l)\n   - Elrendez\u00e9s: sz\u00e1m \u00e9s sz\u00f6veg k\u00f6z\u00e9pre vagy jobbra igaz\u00edtva\n3. N\u00e9h\u00e1ny \u00f3r\u00e1n bel\u00fcl k\u00fcld\u00f6m az el\u0151n\u00e9zeti tervet\n4. Ha kell, m\u00f3dos\u00edtunk - ha j\u00f3, indul a nyomtat\u00e1s\n5. Elk\u00e9sz\u00fclt darabr\u00f3l m\u00e9rc\u00e9s fot\u00f3t k\u00fcld\u00f6k\n6. Aj\u00e1nd\u00e9k narancsh\u00e1moz\u00f3 gy\u0171r\u0171vel post\u00e1zom gondosan csomagolva\n\nEgyedi m\u00e9ret \u00e9s elrendez\u00e9s is megoldhat\u00f3. Ha a list\u00e1ban nem tal\u00e1lsz megfelel\u0151 m\u00e9retet, \u00edrj \u00fczenetet.\n\n\nANYAG - ASA (K\u00dcLT\u00c9RI FELHASZN\u00c1L\u00c1SRA)\n\nA t\u00e1bla ASA (akrilonitril-sztirol-akril\u00e1t) m\u0171anyagb\u00f3l k\u00e9sz\u00fcl. Ez nem a szok\u00e1sos belt\u00e9ri PLA, hanem kifejezetten k\u00fclt\u00e9ri haszn\u00e1latra fejlesztett anyag:\n\n- UV-\u00e1ll\u00f3: nem s\u00e1rgul, nem fakul napon sem, \u00e9vek m\u00falva is ugyanolyan a sz\u00edn\n- V\u00edz\u00e1ll\u00f3: es\u0151, h\u00f3, j\u00e9g nem \u00e1rt neki\n- Fagy\u00e1ll\u00f3: -30 C-t\u00f3l +80 C-ig nem vetemedik, nem reped\n- Tart\u00f3s: nem kell cser\u00e9lni szezon\u00e1lisan, egyszer felrakod \u00e9s k\u00e9sz\n\nAz ASA k\u00fclt\u00e9ri tart\u00f3ss\u00e1gban fel\u00fclm\u00falja a PLA-t, PETG-t \u00e9s ABS-t is. A legt\u00f6bb 3D nyomtatott h\u00e1zsz\u00e1mt\u00e1bla PLA-b\u00f3l k\u00e9sz\u00fcl, ami napon eldeform\u00e1l\u00f3dik - ez nem fog.\n\n\nM\u00c9RETEK\n\n- kb. 10 x 15 cm (alap) - kisebb postal\u00e1d\u00e1ra, kapucseng\u0151 mell\u00e9, ajt\u00f3ra\n- kb. 15 x 20 cm - \u00e1tlagos kapura, ker\u00edt\u00e9s oszlopra, bej\u00e1rati ajt\u00f3 mell\u00e9\n- kb. 20 x 30 cm - j\u00f3l l\u00e1that\u00f3 m\u00e9ret utc\u00e1r\u00f3l, ker\u00edt\u00e9sre, falra\n- kb. 25 x 35 cm - nagy, messzir\u0151l is olvashat\u00f3, utcafrontra\n\nHa a felsoroltn\u00e1l nagyobb m\u00e9retre van sz\u00fcks\u00e9ged, az is megoldhat\u00f3 - \u00edrj \u00fczenetet \u00e9s egyeztet\u00fcnk.\n\n\nVASTAGS\u00c1G\n\n- 1,6 mm (alap) - lapos, eleg\u00e1ns, ragaszt\u00e1ssal r\u00f6gz\u00edthet\u0151\n- 2,0 mm - enyh\u00e9n massz\u00edvabb\n- 2,5 mm - j\u00f3 egyens\u00faly a megjelen\u00e9s \u00e9s tart\u00f3ss\u00e1g k\u00f6z\u00f6tt\n- 3,0 mm - vastag, csavaroz\u00e1shoz is alkalmas\n- 5,0 mm - a legmassz\u00edvabb, neh\u00e9z id\u0151j\u00e1r\u00e1si k\u00f6r\u00fclm\u00e9nyekhez, ak\u00e1r f\u00fart lyukakkal is k\u00e9rhet\u0151\n\nCsavaros r\u00f6gz\u00edt\u00e9shez a 3 mm vagy vastagabb v\u00e1ltozatot javasoljuk. A furatokat k\u00e9r\u00e9sre elk\u00e9sz\u00edtj\u00fck.\n\n\nSZ\u00cdNEK (RAL K\u00d3DOKKAL)\n\nAlap h\u00e1tt\u00e9rsz\u00ednek:\n- Fekete RAL 9017\n- Feh\u00e9r RAL 9003\n- Bazaltsz\u00fcrke RAL 7012\n- Antracit sz\u00fcrke RAL 7016\n- Sz\u00fcrke RAL 7011\n- Bord\u00f3 RAL 3031\n- K\u00e9k RAL 5005\n- Barna RAL 8017\n- Polar white (ath\u00e9n sz\u00fcrke)\n\nA sz\u00e1m \u00e9s sz\u00f6veg sz\u00edne ett\u0151l elt\u00e9r\u0151: tipikusan feh\u00e9r h\u00e1tt\u00e9ren fekete sz\u00f6veg, vagy s\u00f6t\u00e9t h\u00e1tt\u00e9ren feh\u00e9r sz\u00f6veg, de b\u00e1rmilyen kombin\u00e1ci\u00f3 k\u00e9rhet\u0151.\n\nHa a list\u00e1ban nem tal\u00e1lod a megfelel\u0151 RAL sz\u00ednt, \u00fczenetben EL\u0150RE egyeztet\u00fcnk. Igyeksz\u00fcnk RAL sz\u00ednk\u00f3ddal rendelkez\u0151 ASA filamentet haszn\u00e1lni a pontos sz\u00ednegyez\u00e9s \u00e9rdek\u00e9ben.\n\n\nR\u00d6GZ\u00cdT\u00c9S\n\n- Ragaszthat\u00f3: sima falfel\u00fcletre k\u00fclt\u00e9ri \u00e9p\u00edt\u00e9si ragaszt\u00f3val (pl. Pattex One For All, Moment Fix). Ez a leggyakoribb megold\u00e1s, nem kell f\u00farni, m\u00e9gis tart\u00f3san r\u00f6gz\u00edt. Az \u00e9p\u00edt\u00e9si ragaszt\u00f3 ellen\u00e1ll az id\u0151j\u00e1r\u00e1snak \u00e9s er\u0151s tapad\u00e1st biztos\u00edt t\u00e9gl\u00e1n, vakolt falon, k\u00f6v\u00f6n \u00e9s f\u00e9m fel\u00fcleten is\n- Furatokkal is k\u00e9rhet\u0151: csavaros r\u00f6gz\u00edt\u00e9shez elk\u00e9sz\u00edtj\u00fck a furatokat, \u00edgy csavarokkal is r\u00f6gz\u00edthet\u0151 ker\u00edt\u00e9sre, fa oszlopra, t\u00e9gl\u00e1ra\n\nA ragaszt\u00f3s megold\u00e1shoz a v\u00e9konyabb (1,6-2,5 mm), a csavaroshoz a vastagabb (3-5 mm) v\u00e1ltozatot javasoljuk.\n\n\nGY\u00c1RT\u00c1S\n\nA nyomtat\u00e1s Prusa XL 5T g\u00e9ppel, szat\u00e9n (satin) lapra t\u00f6rt\u00e9nik. Ez adja a fel\u00fclet egyenletes, matt-selymes megjelen\u00e9s\u00e9t. A k\u00e9t sz\u00edn egyszerre nyomtat\u00f3dik - nem ut\u00f3lagos fest\u00e9s, hanem a gy\u00e1rt\u00e1si folyamat r\u00e9sze.\n\nElk\u00e9sz\u00edt\u00e9si id\u0151: kb. 1 munkanap a terv j\u00f3v\u00e1hagy\u00e1sa ut\u00e1n.\n\n\nHOVA VAL\u00d3?\n\n- Csal\u00e1di h\u00e1z kapuj\u00e1ra, ker\u00edt\u00e9s\u00e9re\n- T\u00e1rsash\u00e1zi bej\u00e1rat mell\u00e9\n- Nyaral\u00f3, h\u00e9tv\u00e9gi h\u00e1z bej\u00e1rat\u00e1ra\n- Iroda, rendel\u0151, \u00fczlet bej\u00e1rat\u00e1hoz\n- Vend\u00e9gh\u00e1z, Airbnb sz\u00e1ll\u00e1shely jel\u00f6l\u00e9s\u00e9re\n- Aj\u00e1nd\u00e9kba h\u00e1zavat\u00f3ra, k\u00f6lt\u00f6z\u00e9sre, \u00fajlak\u00e1sra\n\nMinden csomaghoz aj\u00e1nd\u00e9k 3D nyomtatott narancsh\u00e1moz\u00f3 gy\u0171r\u0171t mell\u00e9kelek.\n\nK\u00e9rd\u00e9sed van? \u00cdrj b\u00e1tran, sz\u00edvesen seg\u00edtek a m\u00e9ret, sz\u00edn vagy elrendez\u00e9s kiv\u00e1laszt\u00e1s\u00e1ban.\n","price":"5490.00","unit":"db","recommended":"0","status":"1","sponsored":"0","exp_notify":"0","own_material":"0","own_material_description_old":null,"own_material_description":"","jury":"0","jury_number":"","product_nature":"","meskaracsony":"0","create_date":"2026-03-14 12:00:55","shelve_id":"79630","image":"darimi_product_702579_251114114207_044339.png","image_width":"480","image_height":"480","image_alt":"H\u00e1zsz\u00e1mt\u00e1bla utcan\u00e9vvel - egyedi k\u00fclt\u00e9ri ASA kapusz\u00e1m utcat\u00e1bla, 3D nyomtatott id\u0151j\u00e1r\u00e1s\u00e1ll\u00f3, Egyedi h\u00e1zsz\u00e1mt\u00e1bla utcan\u00e9vvel, k\u00e9tsz\u00edn\u0171 3D nyomtat\u00e1ssal, k\u00fclt\u00e9ri ASA anyagb\u00f3l.\\n\\nA t\u00e1bla a fot\u00f3n l\u00e1t..., Meska","image_title":"H\u00e1zsz\u00e1mt\u00e1bla utcan\u00e9vvel - egyedi k\u00fclt\u00e9ri ASA kapusz\u00e1m utcat\u00e1bla, 3D nyomtatott id\u0151j\u00e1r\u00e1s\u00e1ll\u00f3, Meska","view_count":"2705","favourite_count":"0","trending_score":"0","last2MonthFavouriteCount":"0","promotion":"0","giftcard_accept":"0","creditcard_accept":true,"enhanced_background":"0","domain":"meska","specific_customer_id":null,"specific_customer_name":null,"to_order_product":"1","to_order_product_time":"1","product_different":null,"product_different_description":"","vintage":"0","vintage_category_id":"0","recycled":"0","gemstone_id":"0","customizable":"1","type_category":"physical","zerowaste":"0","postage_price":"1349.00","shop_order":"0","has_category":"1","landing_pages":null,"microdata":{"number":67,"category":""},"title":"H\u00e1zsz\u00e1mt\u00e1bla utcan\u00e9vvel - egyedi k\u00fclt\u00e9ri ASA kapusz\u00e1m utcat\u00e1bla, 3D nyomtatott id\u0151j\u00e1r\u00e1s\u00e1ll\u00f3","description":"Egyedi h\u00e1zsz\u00e1mt\u00e1bla utcan\u00e9vvel, k\u00e9tsz\u00edn\u0171 3D nyomtat\u00e1ssal, k\u00fclt\u00e9ri ASA anyagb\u00f3l.\n\nA t\u00e1bla a fot\u00f3n l\u00e1that\u00f3 st\u00edlusban k\u00e9sz\u00fcl: h\u00e1tt\u00e9rsz\u00edn + kiemelked\u0151 sz\u00e1m \u00e9s utcan\u00e9v k\u00e9t k\u00fcl\u00f6nb\u00f6z\u0151 sz\u00ednnel nyomtatva. Nem grav\u00edrozott, nem festett - a sz\u00ednek v\u00e9gig a teljes anyagvastags\u00e1gban megvannak, ez\u00e9rt nem kopnak le.\n\n\nHOGYAN RENDELHETSZ?\n\n1. V\u00e1laszd ki az alapsz\u00ednt, m\u00e9retet \u00e9s vastags\u00e1got\n2. A rendel\u00e9s megjegyz\u00e9s\u00e9be \u00edrd meg:\n   - A k\u00f6zter\u00fclet nev\u00e9t (pl. Kossuth utca)\n   - A h\u00e1zsz\u00e1mot (pl. 28)\n   - A sz\u00f6veg k\u00edv\u00e1nt sz\u00edn\u00e9t (ha elt\u00e9r az alap feh\u00e9rt\u0151l)\n   - Elrendez\u00e9s: sz\u00e1m \u00e9s sz\u00f6veg k\u00f6z\u00e9pre vagy jobbra igaz\u00edtva\n3. N\u00e9h\u00e1ny \u00f3r\u00e1n bel\u00fcl k\u00fcld\u00f6m az el\u0151n\u00e9zeti tervet\n4. Ha kell, m\u00f3dos\u00edtunk - ha j\u00f3, indul a nyomtat\u00e1s\n5. Elk\u00e9sz\u00fclt darabr\u00f3l m\u00e9rc\u00e9s fot\u00f3t k\u00fcld\u00f6k\n6. Aj\u00e1nd\u00e9k narancsh\u00e1moz\u00f3 gy\u0171r\u0171vel post\u00e1zom gondosan csomagolva\n\nEgyedi m\u00e9ret \u00e9s elrendez\u00e9s is megoldhat\u00f3. Ha a list\u00e1ban nem tal\u00e1lsz megfelel\u0151 m\u00e9retet, \u00edrj \u00fczenetet.\n\n\nANYAG - ASA (K\u00dcLT\u00c9RI FELHASZN\u00c1L\u00c1SRA)\n\nA t\u00e1bla ASA (akrilonitril-sztirol-akril\u00e1t) m\u0171anyagb\u00f3l k\u00e9sz\u00fcl. Ez nem a szok\u00e1sos belt\u00e9ri PLA, hanem kifejezetten k\u00fclt\u00e9ri haszn\u00e1latra fejlesztett anyag:\n\n- UV-\u00e1ll\u00f3: nem s\u00e1rgul, nem fakul napon sem, \u00e9vek m\u00falva is ugyanolyan a sz\u00edn\n- V\u00edz\u00e1ll\u00f3: es\u0151, h\u00f3, j\u00e9g nem \u00e1rt neki\n- Fagy\u00e1ll\u00f3: -30 C-t\u00f3l +80 C-ig nem vetemedik, nem reped\n- Tart\u00f3s: nem kell cser\u00e9lni szezon\u00e1lisan, egyszer felrakod \u00e9s k\u00e9sz\n\nAz ASA k\u00fclt\u00e9ri tart\u00f3ss\u00e1gban fel\u00fclm\u00falja a PLA-t, PETG-t \u00e9s ABS-t is. A legt\u00f6bb 3D nyomtatott h\u00e1zsz\u00e1mt\u00e1bla PLA-b\u00f3l k\u00e9sz\u00fcl, ami napon eldeform\u00e1l\u00f3dik - ez nem fog.\n\n\nM\u00c9RETEK\n\n- kb. 10 x 15 cm (alap) - kisebb postal\u00e1d\u00e1ra, kapucseng\u0151 mell\u00e9, ajt\u00f3ra\n- kb. 15 x 20 cm - \u00e1tlagos kapura, ker\u00edt\u00e9s oszlopra, bej\u00e1rati ajt\u00f3 mell\u00e9\n- kb. 20 x 30 cm - j\u00f3l l\u00e1that\u00f3 m\u00e9ret utc\u00e1r\u00f3l, ker\u00edt\u00e9sre, falra\n- kb. 25 x 35 cm - nagy, messzir\u0151l is olvashat\u00f3, utcafrontra\n\nHa a felsoroltn\u00e1l nagyobb m\u00e9retre van sz\u00fcks\u00e9ged, az is megoldhat\u00f3 - \u00edrj \u00fczenetet \u00e9s egyeztet\u00fcnk.\n\n\nVASTAGS\u00c1G\n\n- 1,6 mm (alap) - lapos, eleg\u00e1ns, ragaszt\u00e1ssal r\u00f6gz\u00edthet\u0151\n- 2,0 mm - enyh\u00e9n massz\u00edvabb\n- 2,5 mm - j\u00f3 egyens\u00faly a megjelen\u00e9s \u00e9s tart\u00f3ss\u00e1g k\u00f6z\u00f6tt\n- 3,0 mm - vastag, csavaroz\u00e1shoz is alkalmas\n- 5,0 mm - a legmassz\u00edvabb, neh\u00e9z id\u0151j\u00e1r\u00e1si k\u00f6r\u00fclm\u00e9nyekhez, ak\u00e1r f\u00fart lyukakkal is k\u00e9rhet\u0151\n\nCsavaros r\u00f6gz\u00edt\u00e9shez a 3 mm vagy vastagabb v\u00e1ltozatot javasoljuk. A furatokat k\u00e9r\u00e9sre elk\u00e9sz\u00edtj\u00fck.\n\n\nSZ\u00cdNEK (RAL K\u00d3DOKKAL)\n\nAlap h\u00e1tt\u00e9rsz\u00ednek:\n- Fekete RAL 9017\n- Feh\u00e9r RAL 9003\n- Bazaltsz\u00fcrke RAL 7012\n- Antracit sz\u00fcrke RAL 7016\n- Sz\u00fcrke RAL 7011\n- Bord\u00f3 RAL 3031\n- K\u00e9k RAL 5005\n- Barna RAL 8017\n- Polar white (ath\u00e9n sz\u00fcrke)\n\nA sz\u00e1m \u00e9s sz\u00f6veg sz\u00edne ett\u0151l elt\u00e9r\u0151: tipikusan feh\u00e9r h\u00e1tt\u00e9ren fekete sz\u00f6veg, vagy s\u00f6t\u00e9t h\u00e1tt\u00e9ren feh\u00e9r sz\u00f6veg, de b\u00e1rmilyen kombin\u00e1ci\u00f3 k\u00e9rhet\u0151.\n\nHa a list\u00e1ban nem tal\u00e1lod a megfelel\u0151 RAL sz\u00ednt, \u00fczenetben EL\u0150RE egyeztet\u00fcnk. Igyeksz\u00fcnk RAL sz\u00ednk\u00f3ddal rendelkez\u0151 ASA filamentet haszn\u00e1lni a pontos sz\u00ednegyez\u00e9s \u00e9rdek\u00e9ben.\n\n\nR\u00d6GZ\u00cdT\u00c9S\n\n- Ragaszthat\u00f3: sima falfel\u00fcletre k\u00fclt\u00e9ri \u00e9p\u00edt\u00e9si ragaszt\u00f3val (pl. Pattex One For All, Moment Fix). Ez a leggyakoribb megold\u00e1s, nem kell f\u00farni, m\u00e9gis tart\u00f3san r\u00f6gz\u00edt. Az \u00e9p\u00edt\u00e9si ragaszt\u00f3 ellen\u00e1ll az id\u0151j\u00e1r\u00e1snak \u00e9s er\u0151s tapad\u00e1st biztos\u00edt t\u00e9gl\u00e1n, vakolt falon, k\u00f6v\u00f6n \u00e9s f\u00e9m fel\u00fcleten is\n- Furatokkal is k\u00e9rhet\u0151: csavaros r\u00f6gz\u00edt\u00e9shez elk\u00e9sz\u00edtj\u00fck a furatokat, \u00edgy csavarokkal is r\u00f6gz\u00edthet\u0151 ker\u00edt\u00e9sre, fa oszlopra, t\u00e9gl\u00e1ra\n\nA ragaszt\u00f3s megold\u00e1shoz a v\u00e9konyabb (1,6-2,5 mm), a csavaroshoz a vastagabb (3-5 mm) v\u00e1ltozatot javasoljuk.\n\n\nGY\u00c1RT\u00c1S\n\nA nyomtat\u00e1s Prusa XL 5T g\u00e9ppel, szat\u00e9n (satin) lapra t\u00f6rt\u00e9nik. Ez adja a fel\u00fclet egyenletes, matt-selymes megjelen\u00e9s\u00e9t. A k\u00e9t sz\u00edn egyszerre nyomtat\u00f3dik - nem ut\u00f3lagos fest\u00e9s, hanem a gy\u00e1rt\u00e1si folyamat r\u00e9sze.\n\nElk\u00e9sz\u00edt\u00e9si id\u0151: kb. 1 munkanap a terv j\u00f3v\u00e1hagy\u00e1sa ut\u00e1n.\n\n\nHOVA VAL\u00d3?\n\n- Csal\u00e1di h\u00e1z kapuj\u00e1ra, ker\u00edt\u00e9s\u00e9re\n- T\u00e1rsash\u00e1zi bej\u00e1rat mell\u00e9\n- Nyaral\u00f3, h\u00e9tv\u00e9gi h\u00e1z bej\u00e1rat\u00e1ra\n- Iroda, rendel\u0151, \u00fczlet bej\u00e1rat\u00e1hoz\n- Vend\u00e9gh\u00e1z, Airbnb sz\u00e1ll\u00e1shely jel\u00f6l\u00e9s\u00e9re\n- Aj\u00e1nd\u00e9kba h\u00e1zavat\u00f3ra, k\u00f6lt\u00f6z\u00e9sre, \u00fajlak\u00e1sra\n\nMinden csomaghoz aj\u00e1nd\u00e9k 3D nyomtatott narancsh\u00e1moz\u00f3 gy\u0171r\u0171t mell\u00e9kelek.\n\nK\u00e9rd\u00e9sed van? \u00cdrj b\u00e1tran, sz\u00edvesen seg\u00edtek a m\u00e9ret, sz\u00edn vagy elrendez\u00e9s kiv\u00e1laszt\u00e1s\u00e1ban.\n","score":0,"formatted_price":"5 490 Ft","image_url":"https:\/\/www.meska.hu\/img\/product\/small\/d\/a\/darimi_product_702579_251114114207_044339.png","formatted_url":"https:\/\/www.meska.hu\/p5664529-egyedi-hazszamtabla-3d-nyomtatott-idojarasallo-asa","favourite":false,"in_stock":false,"avatar":"702579_avatar_1739694015.jpeg","delete_from":0,"is_enhanced_background":false,"is_enhanced":false,"product_selection_started":false,"is_active":true,"image_webp_url":"https:\/\/www.meska.hu\/img\/product\/small\/d\/a\/darimi_product_702579_251114114207_044339.webp"},{"id":"3405908","shop_id":"12524","user_id":"54127","shop_name":"Kiokumitsu","shop_zip":"1155","product_code":"2688524","product_name_old":null,"product_name":"H\u00e1zsz\u00e1mt\u00e1bla - k\u00f6rbe\u00edves","category_string":"Otthon & \u00c9letm\u00f3d, H\u00e1z & Kert, H\u00e1zsz\u00e1m","technic_string":"Mindenm\u00e1s, Fot\u00f3, grafika, rajz, illusztr\u00e1ci\u00f3","category_1":"813","category_2":"897","category_3":"431","category_4":"0","merged_category_1":"0","merged_category_2":"0","merged_category_3":"0","technic_1":"493","technic_2":"483","technic_3":"0","color_1":"516","color_2":"519","color_3":"0","product_description_old":null,"product_description":"D\u00edszes kivitel\u0171 h\u00e1zsz\u00e1mt\u00e1bla. \nSaj\u00e1t tervez\u00e9s\u0171 grafika \u00e9s saj\u00e1t kivitelez\u00e9s, bele\u00e9rtve a kiv\u00e1g\u00e1st is.\n\nAlapm\u00e9rete: 25 x 15 cm, de k\u00e9rhat\u0151 nagyobb v\u00e1ltozat is.\n\nA t\u00e1bla anyaga: Ongrofoam, egy speci\u00e1lis UV \u00e1ll\u00f3 m\u0171anyag, Id\u0151j\u00e1r\u00e1s\u00e1ll\u00f3.\n\nK\u00e9rem olvassal el az \u00e1ltal\u00e1nos szerz\u0151d\u00e9si felt\u00e9teleket (\u00c1SZF), melyet a term\u00e9k megv\u00e1s\u00e1rl\u00e1val \u00f6n elfogadott.\n\nA sz\u00ednv\u00e1laszt\u00e1s a t\u00e1bla alapsz\u00edn\u00e9re vonatkozik, \u00e9s nem a felirat sz\u00edn\u00e9re!\n\n","price":"4990.00","unit":"db","recommended":"0","status":"1","sponsored":"0","exp_notify":"0","own_material":"0","own_material_description_old":null,"own_material_description":"","jury":"0","jury_number":"","product_nature":"","meskaracsony":"0","create_date":"2026-03-11 14:40:04","shelve_id":"44100","image":"kiokumitsu_product_54127_230109091429_011485.jpeg","image_width":"480","image_height":"301","image_alt":"H\u00e1zsz\u00e1mt\u00e1bla - k\u00f6rbe\u00edves, D\u00edszes kivitel\u0171 h\u00e1zsz\u00e1mt\u00e1bla. \\nSaj\u00e1t tervez\u00e9s\u0171 grafika \u00e9s saj\u00e1t kivitelez\u00e9s, bele\u00e9rtve a kiv\u00e1g\u00e1st is..., Meska","image_title":"H\u00e1zsz\u00e1mt\u00e1bla - k\u00f6rbe\u00edves, Meska","view_count":"3212","favourite_count":"1","trending_score":"0","last2MonthFavouriteCount":"1","promotion":"0","giftcard_accept":"1","creditcard_accept":true,"enhanced_background":"0","domain":"meska","specific_customer_id":null,"specific_customer_name":null,"to_order_product":"1","to_order_product_time":"12","product_different":"different","product_different_description":"A k\u00e9perny\u0151n l\u00e1that\u00f3 sz\u00ednek felbont\u00e1sa \u00e9s a nyomdai sz\u00ednek felbont\u00e1sa kis m\u00e9rt\u00e9kben elt\u00e9rhet!","vintage":"0","vintage_category_id":"0","recycled":"0","gemstone_id":"0","customizable":"0","type_category":"physical","zerowaste":"0","postage_price":"2390.00","shop_order":"0","has_category":"1","landing_pages":null,"microdata":{"number":68,"category":""},"title":"H\u00e1zsz\u00e1mt\u00e1bla - k\u00f6rbe\u00edves","description":"D\u00edszes kivitel\u0171 h\u00e1zsz\u00e1mt\u00e1bla. \nSaj\u00e1t tervez\u00e9s\u0171 grafika \u00e9s saj\u00e1t kivitelez\u00e9s, bele\u00e9rtve a kiv\u00e1g\u00e1st is.\n\nAlapm\u00e9rete: 25 x 15 cm, de k\u00e9rhat\u0151 nagyobb v\u00e1ltozat is.\n\nA t\u00e1bla anyaga: Ongrofoam, egy speci\u00e1lis UV \u00e1ll\u00f3 m\u0171anyag, Id\u0151j\u00e1r\u00e1s\u00e1ll\u00f3.\n\nK\u00e9rem olvassal el az \u00e1ltal\u00e1nos szerz\u0151d\u00e9si felt\u00e9teleket (\u00c1SZF), melyet a term\u00e9k megv\u00e1s\u00e1rl\u00e1val \u00f6n elfogadott.\n\nA sz\u00ednv\u00e1laszt\u00e1s a t\u00e1bla alapsz\u00edn\u00e9re vonatkozik, \u00e9s nem a felirat sz\u00edn\u00e9re!\n\n","score":0,"formatted_price":"4 990 Ft","image_url":"https:\/\/www.meska.hu\/img\/product\/small\/k\/i\/kiokumitsu_product_54127_230109091429_011485.jpeg","formatted_url":"https:\/\/www.meska.hu\/p2688524-hazszamtabla-korbeives","favourite":false,"in_stock":false,"avatar":"Kiokumitsu_avatar_54127_1676920383.jpg","delete_from":0,"is_enhanced_background":false,"is_enhanced":false,"product_selection_started":false,"is_active":true,"image_webp_url":"https:\/\/www.meska.hu\/img\/product\/small\/k\/i\/kiokumitsu_product_54127_230109091429_011485.webp"},{"id":"6125350","shop_id":"47945","user_id":"702579","shop_name":"Darimi","shop_zip":"2030","product_code":"5738700","product_name_old":null,"product_name":"Egyedi n\u00e9met juh\u00e1sz h\u00e1zsz\u00e1mt\u00e1bla - kuty\u00e1s h\u00e1zsz\u00e1m k\u00fclt\u00e9ri UV-\u00e1ll\u00f3 t\u00e1bla, n\u00e9vt\u00e1bla","category_string":"Otthon & \u00c9letm\u00f3d, H\u00e1z & Kert, H\u00e1zsz\u00e1m","technic_string":"Mindenm\u00e1s","category_1":"813","category_2":"897","category_3":"431","category_4":"0","merged_category_1":null,"merged_category_2":null,"merged_category_3":null,"technic_1":"493","technic_2":"0","technic_3":"0","color_1":"519","color_2":"520","color_3":"527","product_description_old":null,"product_description":"N\u00e9met juh\u00e1sz mot\u00edvumos egyedi h\u00e1zsz\u00e1mt\u00e1bla, amelyet a te h\u00e1zsz\u00e1modra \u00e9s utcanevedre k\u00e9sz\u00edt\u00fcnk. Ha n\u00e9met juh\u00e1sz gazdi vagy, ez a t\u00e1bla m\u00e9lt\u00f3k\u00e9ppen k\u00e9pviseli a kedvencedet m\u00e1r a bej\u00e1ratn\u00e1l. A n\u00e9met juh\u00e1sz jellegzetes, hat\u00e1rozott sziluettje messzir\u0151l felismerhet\u0151, \u00edgy a t\u00e1bl\u00e1d egyedi \u00e9s figyelemfelkelt\u0151 lesz.\n\nM\u00c9RETEK\n\nEl\u00e9rhet\u0151 m\u00e9retek:\n- S: 20 x 8 cm (alap\u00e1r: 5 490 Ft)\n- M: 30 x 12 cm\n- L: 35 x 14 cm\n- XL: 40 x 16 cm\n\nA vastags\u00e1g 1,6 mm-t\u0151l 8 mm-ig v\u00e1laszthat\u00f3. V\u00e9konyabb v\u00e1ltozat eleg\u00e1nsabb, k\u00f6nnyebb; vastagabb t\u00e1bla robusztusabb, massz\u00edvabb hat\u00e1st kelt. A nagyobb m\u00e9retek \u00e9s vastags\u00e1gok k\u00fcl\u00f6n\u00f6sen j\u00f3l mutatnak nagy ker\u00edt\u00e9sfel\u00fcleten, m\u00edg az S m\u00e9ret kompakt kapukra \u00e9s postal\u00e1d\u00e1k mell\u00e9 is t\u00f6k\u00e9letes.\n\nSZ\u00cdNEK\n\n8 el\u0151re \u00f6ssze\u00e1ll\u00edtott RAL sz\u00edn \u00e1ll rendelkez\u00e9sre, de egyedi sz\u00edn is k\u00e9rhet\u0151. A sz\u00ednek RAL ipari sz\u00ednsk\u00e1l\u00e1b\u00f3l val\u00f3k, Prusa XL 5T nyomtat\u00f3val ak\u00e1r 5 sz\u00ednben k\u00e9sz\u00fcl fest\u00e9s n\u00e9lk\u00fcl. Ez azt jelenti, hogy a sz\u00edn az anyag szerves r\u00e9sze, nem kopik le, nem h\u00e1mlaszthat\u00f3, \u00e9s nem fakul ki az \u00e9vek sor\u00e1n. A RAL rendszer ipari szabv\u00e1ny, \u00edgy a sz\u00edn egyenletes \u00e9s professzion\u00e1lis megjelen\u00e9st biztos\u00edt.\n\nANYAG\n\nA t\u00e1bla ASA ipari m\u0171anyagb\u00f3l k\u00e9sz\u00fcl, amelyet k\u00fclt\u00e9ri tart\u00f3s felhaszn\u00e1l\u00e1sra fejlesztettek ki. B\u00edrja a naps\u00fct\u00e9st, az es\u0151t, a havat \u00e9s a fagyot: -30 fokt\u00f3l +80 fokig haszn\u00e1lhat\u00f3 minden id\u0151j\u00e1r\u00e1si k\u00f6r\u00fclm\u00e9ny k\u00f6z\u00f6tt. Az UV-\u00e1ll\u00f3s\u00e1gnak k\u00f6sz\u00f6nhet\u0151en a sz\u00ednek \u00e9vek m\u00falva sem fakulnak. Es\u0151\u00e1ll\u00f3 \u00e9s fagy\u00e1ll\u00f3, \u00edgy eg\u00e9sz \u00e9vben kint maradhat a ker\u00edt\u00e9sen vagy a falon.\n\nA fel\u00fclet szat\u00e9n hat\u00e1s\u00fa, s\u00edk kivitel\u0171, teh\u00e1t a n\u00e9met juh\u00e1sz sziluett \u00e9s a h\u00e1zsz\u00e1m egy s\u00edkban van, nem dombor\u00fa. A t\u00e1bla k\u00fclt\u00e9ri \u00e9lettartama meghaladja a 10 \u00e9vet, \u00edgy hossz\u00fa t\u00e1von is megb\u00edzhat\u00f3. Az ASA anyag k\u00f6nnyen tiszt\u00edthat\u00f3, el\u00e9g egy nedves ruh\u00e1val \u00e1tt\u00f6r\u00f6lni.\n\nR\u00d6GZ\u00cdT\u00c9S\n\nK\u00fclt\u00e9ri \u00e9p\u00edt\u00e9si ragaszt\u00f3val a legpraktikusabb r\u00f6gz\u00edteni falra, ker\u00edt\u00e9sre vagy kapura. Nem sz\u00fcks\u00e9ges f\u00far\u00e1s, a ragaszt\u00f3 tart\u00f3san \u00e9s biztons\u00e1gosan r\u00f6gz\u00edt. Ha furatokat szeretn\u00e9l a t\u00e1bl\u00e1n, rendel\u00e9skor jelezd, \u00e9s elk\u00e9sz\u00edtj\u00fck. A ragaszt\u00f3s megold\u00e1s el\u0151nye, hogy a fal fel\u00fclete s\u00e9rtetlen marad, \u00e9s a t\u00e1bla sz\u00fcks\u00e9g eset\u00e9n \u00e1thelyezhet\u0151.\n\nRENDEL\u00c9S\n\nRendel\u00e9skor \u00edrd meg a k\u00edv\u00e1nt h\u00e1zsz\u00e1mot vagy utcanevet, v\u00e1laszd ki a m\u00e9retet, vastags\u00e1got \u00e9s a sz\u00ednt. B\u00e1rmilyen egyedi elrendez\u00e9si k\u00e9r\u00e9st sz\u00edvesen megbesz\u00e9l\u00fcnk, legyen sz\u00f3 a sz\u00f6veg poz\u00edci\u00f3j\u00e1r\u00f3l vagy a mot\u00edvum elhelyez\u00e9s\u00e9r\u0151l.\n\nMIRE J\u00d3?\n\nA n\u00e9met juh\u00e1sz az egyik legn\u00e9pszer\u0171bb kutyafajta Magyarorsz\u00e1gon, \u00e9s a gazdik b\u00fcszk\u00e9n v\u00e1llalj\u00e1k. Ez a h\u00e1zsz\u00e1mt\u00e1bla remek m\u00f3dja annak, hogy m\u00e1r a ker\u00edt\u00e9sn\u00e9l jelezd: itt egy n\u00e9met juh\u00e1sz \u0151rzi a h\u00e1zat. A fajt\u00e1ra jellemz\u0151 er\u0151s, magabiztos testtart\u00e1s a sziluetten is visszak\u00f6sz\u00f6n, \u00edgy a t\u00e1bla m\u00e9lt\u00f3 a fajt\u00e1hoz.\n\nH\u00e1zavat\u00f3ra, sz\u00fclet\u00e9snapra vagy n\u00e9vnapra is kit\u0171n\u0151 aj\u00e1nd\u00e9k n\u00e9met juh\u00e1sz rajong\u00f3 ismer\u0151s\u00f6knek. Kar\u00e1csonyra k\u00fcl\u00f6n\u00f6sen n\u00e9pszer\u0171 v\u00e1laszt\u00e1s, mert szem\u00e9lyre szabott \u00e9s praktikus egyben. Olyan aj\u00e1nd\u00e9k, amely az elk\u00f6vetkez\u0151 \u00e9vtizedben is a bej\u00e1raton d\u00edszeleghet. Tavaszi fel\u00faj\u00edt\u00e1shoz, \u0151szi kertrendez\u00e9shez vagy az \u00faj otthon berendez\u00e9s\u00e9hez egyar\u00e1nt t\u00f6k\u00e9letesen illik.\n\nA boltunkban tov\u00e1bbi kuty\u00e1s h\u00e1zsz\u00e1mt\u00e1bl\u00e1kat is tal\u00e1lsz: mopsz, tacsk\u00f3, golden retriever, corgi \u00e9s brit r\u00f6vidsz\u0151r\u0171 cic\u00e1s v\u00e1ltozat is van. Ha kifejezetten figyelmeztet\u0151 jelleg\u0171 t\u00e1bl\u00e1t keresel, n\u00e9zd meg a \"Vigy\u00e1zz, a kutya harap!\" t\u00e1bl\u00e1inkat is, amelyek szint\u00e9n t\u00f6bb v\u00e1ltozatban el\u00e9rhet\u0151k. A h\u00e1zsz\u00e1mt\u00e1bla \u00e9s a figyelmeztet\u0151 t\u00e1bla egy\u00fctt praktikus \u00e9s l\u00e1tv\u00e1nyos p\u00e1ros\u00edt\u00e1s a bej\u00e1ratn\u00e1l. Macsk\u00e1s h\u00e1ztart\u00e1sba a cic\u00e1s h\u00e1zsz\u00e1mt\u00e1bl\u00e1inkat aj\u00e1nljuk.\n\nA postal\u00e1d\u00e1ra \u00f6n\u00e1ll\u00f3 sz\u00e1mjegyeket is rendelhetsz, amelyek t\u00f6k\u00e9letes kieg\u00e9sz\u00edt\u0151k a h\u00e1zsz\u00e1mt\u00e1bla mell\u00e9. Ha teljesen egyedi mot\u00edvumot szeretn\u00e9l, k\u00e9sz\u00edt\u00fcnk egyedi tervez\u00e9s\u0171 h\u00e1zsz\u00e1mt\u00e1bl\u00e1t is, ahol te hat\u00e1rozod meg a diz\u00e1jnt. Aki nem \u00e1llatmot\u00edvumot keres, annak is b\u0151ven van v\u00e1laszt\u00e9k: vintage, modern, eleg\u00e1ns, mad\u00e1rp\u00e1ros, pillang\u00f3s vagy ak\u00e1r focis, biciklis, motoros h\u00e1zsz\u00e1mt\u00e1bl\u00e1k is kaphat\u00f3k a k\u00edn\u00e1latunkban.\n\nMinden term\u00e9k\u00fcnket egyedileg, rendel\u00e9sre k\u00e9sz\u00edtj\u00fck. K\u00e9rd\u00e9sed van? \u00cdrj b\u00e1tran, gyorsan v\u00e1laszolunk. N\u00e9zd meg a t\u00f6bbi term\u00e9k\u00fcnket is, h\u00e1tha tal\u00e1lsz m\u00e9g valamit, ami tetszik.","price":"5490.00","unit":"db","recommended":"0","status":"1","sponsored":"0","exp_notify":"0","own_material":"0","own_material_description_old":null,"own_material_description":"","jury":"0","jury_number":"","product_nature":"","meskaracsony":"0","create_date":"2026-03-10 19:37:40","shelve_id":"79630","image":"darimi_product_702579_260222175211_748142.png","image_width":"480","image_height":"320","image_alt":"Egyedi n\u00e9met juh\u00e1sz h\u00e1zsz\u00e1mt\u00e1bla - kuty\u00e1s h\u00e1zsz\u00e1m k\u00fclt\u00e9ri UV-\u00e1ll\u00f3 t\u00e1bla, n\u00e9vt\u00e1bla, N\u00e9met juh\u00e1sz mot\u00edvumos egyedi h\u00e1zsz\u00e1mt\u00e1bla, amelyet a te h\u00e1zsz\u00e1modra \u00e9s utcanevedre k\u00e9sz\u00edt\u00fcnk. Ha n\u00e9..., Meska","image_title":"Egyedi n\u00e9met juh\u00e1sz h\u00e1zsz\u00e1mt\u00e1bla - kuty\u00e1s h\u00e1zsz\u00e1m k\u00fclt\u00e9ri UV-\u00e1ll\u00f3 t\u00e1bla, n\u00e9vt\u00e1bla, Meska","view_count":"2544","favourite_count":"0","trending_score":"0","last2MonthFavouriteCount":"0","promotion":"0","giftcard_accept":"0","creditcard_accept":true,"enhanced_background":"0","domain":"meska","specific_customer_id":null,"specific_customer_name":null,"to_order_product":"1","to_order_product_time":"1","product_different":null,"product_different_description":"","vintage":"0","vintage_category_id":"0","recycled":"0","gemstone_id":"0","customizable":"1","type_category":"physical","zerowaste":"0","postage_price":"1349.00","shop_order":"0","has_category":"1","landing_pages":null,"microdata":{"number":69,"category":""},"title":"Egyedi n\u00e9met juh\u00e1sz h\u00e1zsz\u00e1mt\u00e1bla - kuty\u00e1s h\u00e1zsz\u00e1m k\u00fclt\u00e9ri UV-\u00e1ll\u00f3 t\u00e1bla, n\u00e9vt\u00e1bla","description":"N\u00e9met juh\u00e1sz mot\u00edvumos egyedi h\u00e1zsz\u00e1mt\u00e1bla, amelyet a te h\u00e1zsz\u00e1modra \u00e9s utcanevedre k\u00e9sz\u00edt\u00fcnk. Ha n\u00e9met juh\u00e1sz gazdi vagy, ez a t\u00e1bla m\u00e9lt\u00f3k\u00e9ppen k\u00e9pviseli a kedvencedet m\u00e1r a bej\u00e1ratn\u00e1l. A n\u00e9met juh\u00e1sz jellegzetes, hat\u00e1rozott sziluettje messzir\u0151l felismerhet\u0151, \u00edgy a t\u00e1bl\u00e1d egyedi \u00e9s figyelemfelkelt\u0151 lesz.\n\nM\u00c9RETEK\n\nEl\u00e9rhet\u0151 m\u00e9retek:\n- S: 20 x 8 cm (alap\u00e1r: 5 490 Ft)\n- M: 30 x 12 cm\n- L: 35 x 14 cm\n- XL: 40 x 16 cm\n\nA vastags\u00e1g 1,6 mm-t\u0151l 8 mm-ig v\u00e1laszthat\u00f3. V\u00e9konyabb v\u00e1ltozat eleg\u00e1nsabb, k\u00f6nnyebb; vastagabb t\u00e1bla robusztusabb, massz\u00edvabb hat\u00e1st kelt. A nagyobb m\u00e9retek \u00e9s vastags\u00e1gok k\u00fcl\u00f6n\u00f6sen j\u00f3l mutatnak nagy ker\u00edt\u00e9sfel\u00fcleten, m\u00edg az S m\u00e9ret kompakt kapukra \u00e9s postal\u00e1d\u00e1k mell\u00e9 is t\u00f6k\u00e9letes.\n\nSZ\u00cdNEK\n\n8 el\u0151re \u00f6ssze\u00e1ll\u00edtott RAL sz\u00edn \u00e1ll rendelkez\u00e9sre, de egyedi sz\u00edn is k\u00e9rhet\u0151. A sz\u00ednek RAL ipari sz\u00ednsk\u00e1l\u00e1b\u00f3l val\u00f3k, Prusa XL 5T nyomtat\u00f3val ak\u00e1r 5 sz\u00ednben k\u00e9sz\u00fcl fest\u00e9s n\u00e9lk\u00fcl. Ez azt jelenti, hogy a sz\u00edn az anyag szerves r\u00e9sze, nem kopik le, nem h\u00e1mlaszthat\u00f3, \u00e9s nem fakul ki az \u00e9vek sor\u00e1n. A RAL rendszer ipari szabv\u00e1ny, \u00edgy a sz\u00edn egyenletes \u00e9s professzion\u00e1lis megjelen\u00e9st biztos\u00edt.\n\nANYAG\n\nA t\u00e1bla ASA ipari m\u0171anyagb\u00f3l k\u00e9sz\u00fcl, amelyet k\u00fclt\u00e9ri tart\u00f3s felhaszn\u00e1l\u00e1sra fejlesztettek ki. B\u00edrja a naps\u00fct\u00e9st, az es\u0151t, a havat \u00e9s a fagyot: -30 fokt\u00f3l +80 fokig haszn\u00e1lhat\u00f3 minden id\u0151j\u00e1r\u00e1si k\u00f6r\u00fclm\u00e9ny k\u00f6z\u00f6tt. Az UV-\u00e1ll\u00f3s\u00e1gnak k\u00f6sz\u00f6nhet\u0151en a sz\u00ednek \u00e9vek m\u00falva sem fakulnak. Es\u0151\u00e1ll\u00f3 \u00e9s fagy\u00e1ll\u00f3, \u00edgy eg\u00e9sz \u00e9vben kint maradhat a ker\u00edt\u00e9sen vagy a falon.\n\nA fel\u00fclet szat\u00e9n hat\u00e1s\u00fa, s\u00edk kivitel\u0171, teh\u00e1t a n\u00e9met juh\u00e1sz sziluett \u00e9s a h\u00e1zsz\u00e1m egy s\u00edkban van, nem dombor\u00fa. A t\u00e1bla k\u00fclt\u00e9ri \u00e9lettartama meghaladja a 10 \u00e9vet, \u00edgy hossz\u00fa t\u00e1von is megb\u00edzhat\u00f3. Az ASA anyag k\u00f6nnyen tiszt\u00edthat\u00f3, el\u00e9g egy nedves ruh\u00e1val \u00e1tt\u00f6r\u00f6lni.\n\nR\u00d6GZ\u00cdT\u00c9S\n\nK\u00fclt\u00e9ri \u00e9p\u00edt\u00e9si ragaszt\u00f3val a legpraktikusabb r\u00f6gz\u00edteni falra, ker\u00edt\u00e9sre vagy kapura. Nem sz\u00fcks\u00e9ges f\u00far\u00e1s, a ragaszt\u00f3 tart\u00f3san \u00e9s biztons\u00e1gosan r\u00f6gz\u00edt. Ha furatokat szeretn\u00e9l a t\u00e1bl\u00e1n, rendel\u00e9skor jelezd, \u00e9s elk\u00e9sz\u00edtj\u00fck. A ragaszt\u00f3s megold\u00e1s el\u0151nye, hogy a fal fel\u00fclete s\u00e9rtetlen marad, \u00e9s a t\u00e1bla sz\u00fcks\u00e9g eset\u00e9n \u00e1thelyezhet\u0151.\n\nRENDEL\u00c9S\n\nRendel\u00e9skor \u00edrd meg a k\u00edv\u00e1nt h\u00e1zsz\u00e1mot vagy utcanevet, v\u00e1laszd ki a m\u00e9retet, vastags\u00e1got \u00e9s a sz\u00ednt. B\u00e1rmilyen egyedi elrendez\u00e9si k\u00e9r\u00e9st sz\u00edvesen megbesz\u00e9l\u00fcnk, legyen sz\u00f3 a sz\u00f6veg poz\u00edci\u00f3j\u00e1r\u00f3l vagy a mot\u00edvum elhelyez\u00e9s\u00e9r\u0151l.\n\nMIRE J\u00d3?\n\nA n\u00e9met juh\u00e1sz az egyik legn\u00e9pszer\u0171bb kutyafajta Magyarorsz\u00e1gon, \u00e9s a gazdik b\u00fcszk\u00e9n v\u00e1llalj\u00e1k. Ez a h\u00e1zsz\u00e1mt\u00e1bla remek m\u00f3dja annak, hogy m\u00e1r a ker\u00edt\u00e9sn\u00e9l jelezd: itt egy n\u00e9met juh\u00e1sz \u0151rzi a h\u00e1zat. A fajt\u00e1ra jellemz\u0151 er\u0151s, magabiztos testtart\u00e1s a sziluetten is visszak\u00f6sz\u00f6n, \u00edgy a t\u00e1bla m\u00e9lt\u00f3 a fajt\u00e1hoz.\n\nH\u00e1zavat\u00f3ra, sz\u00fclet\u00e9snapra vagy n\u00e9vnapra is kit\u0171n\u0151 aj\u00e1nd\u00e9k n\u00e9met juh\u00e1sz rajong\u00f3 ismer\u0151s\u00f6knek. Kar\u00e1csonyra k\u00fcl\u00f6n\u00f6sen n\u00e9pszer\u0171 v\u00e1laszt\u00e1s, mert szem\u00e9lyre szabott \u00e9s praktikus egyben. Olyan aj\u00e1nd\u00e9k, amely az elk\u00f6vetkez\u0151 \u00e9vtizedben is a bej\u00e1raton d\u00edszeleghet. Tavaszi fel\u00faj\u00edt\u00e1shoz, \u0151szi kertrendez\u00e9shez vagy az \u00faj otthon berendez\u00e9s\u00e9hez egyar\u00e1nt t\u00f6k\u00e9letesen illik.\n\nA boltunkban tov\u00e1bbi kuty\u00e1s h\u00e1zsz\u00e1mt\u00e1bl\u00e1kat is tal\u00e1lsz: mopsz, tacsk\u00f3, golden retriever, corgi \u00e9s brit r\u00f6vidsz\u0151r\u0171 cic\u00e1s v\u00e1ltozat is van. Ha kifejezetten figyelmeztet\u0151 jelleg\u0171 t\u00e1bl\u00e1t keresel, n\u00e9zd meg a \"Vigy\u00e1zz, a kutya harap!\" t\u00e1bl\u00e1inkat is, amelyek szint\u00e9n t\u00f6bb v\u00e1ltozatban el\u00e9rhet\u0151k. A h\u00e1zsz\u00e1mt\u00e1bla \u00e9s a figyelmeztet\u0151 t\u00e1bla egy\u00fctt praktikus \u00e9s l\u00e1tv\u00e1nyos p\u00e1ros\u00edt\u00e1s a bej\u00e1ratn\u00e1l. Macsk\u00e1s h\u00e1ztart\u00e1sba a cic\u00e1s h\u00e1zsz\u00e1mt\u00e1bl\u00e1inkat aj\u00e1nljuk.\n\nA postal\u00e1d\u00e1ra \u00f6n\u00e1ll\u00f3 sz\u00e1mjegyeket is rendelhetsz, amelyek t\u00f6k\u00e9letes kieg\u00e9sz\u00edt\u0151k a h\u00e1zsz\u00e1mt\u00e1bla mell\u00e9. Ha teljesen egyedi mot\u00edvumot szeretn\u00e9l, k\u00e9sz\u00edt\u00fcnk egyedi tervez\u00e9s\u0171 h\u00e1zsz\u00e1mt\u00e1bl\u00e1t is, ahol te hat\u00e1rozod meg a diz\u00e1jnt. Aki nem \u00e1llatmot\u00edvumot keres, annak is b\u0151ven van v\u00e1laszt\u00e9k: vintage, modern, eleg\u00e1ns, mad\u00e1rp\u00e1ros, pillang\u00f3s vagy ak\u00e1r focis, biciklis, motoros h\u00e1zsz\u00e1mt\u00e1bl\u00e1k is kaphat\u00f3k a k\u00edn\u00e1latunkban.\n\nMinden term\u00e9k\u00fcnket egyedileg, rendel\u00e9sre k\u00e9sz\u00edtj\u00fck. K\u00e9rd\u00e9sed van? \u00cdrj b\u00e1tran, gyorsan v\u00e1laszolunk. N\u00e9zd meg a t\u00f6bbi term\u00e9k\u00fcnket is, h\u00e1tha tal\u00e1lsz m\u00e9g valamit, ami tetszik.","score":0,"formatted_price":"5 490 Ft","image_url":"https:\/\/www.meska.hu\/img\/product\/small\/d\/a\/darimi_product_702579_260222175211_748142.png","formatted_url":"https:\/\/www.meska.hu\/p5738700-egyedi-hazszamtabla-nemet-juhasz","favourite":false,"in_stock":false,"avatar":"702579_avatar_1739694015.jpeg","delete_from":0,"is_enhanced_background":false,"is_enhanced":false,"product_selection_started":false,"is_active":true,"image_webp_url":"https:\/\/www.meska.hu\/img\/product\/small\/d\/a\/darimi_product_702579_260222175211_748142.webp"},{"id":"3506866","shop_id":"12524","user_id":"54127","shop_name":"Kiokumitsu","shop_zip":"1155","product_code":"2233823","product_name_old":null,"product_name":"H\u00e1zsz\u00e1mt\u00e1bla - t\u00e9glalap alak\u00fa","category_string":"Otthon & \u00c9letm\u00f3d, H\u00e1z & Kert, H\u00e1zsz\u00e1m","technic_string":"Fot\u00f3, grafika, rajz, illusztr\u00e1ci\u00f3, Mindenm\u00e1s","category_1":"813","category_2":"897","category_3":"431","category_4":"0","merged_category_1":"0","merged_category_2":"0","merged_category_3":"0","technic_1":"483","technic_2":"493","technic_3":"0","color_1":"519","color_2":"521","color_3":"0","product_description_old":null,"product_description":"T\u00e9glalap alak\u00fa h\u00e1zsz\u00e1mt\u00e1bla, d\u00edszes magyaros mot\u00edvumokkal.\nA t\u00e1bla m\u00e9rete: 20 x 17 cm, de k\u00e9rhet\u0151 nagyobb v\u00e1ltozat is!\nA megjegyz\u00e9s rovatban tudja majd megadni a t\u00e1bl\u00e1ra fel\u00edrand\u00f3 sz\u00f6veget.\nA t\u00e1bla anyaga: Ongrofoam, egy speci\u00e1lis UV \u00e1ll\u00f3 m\u0171anyag, Id\u0151j\u00e1r\u00e1s\u00e1ll\u00f3.\n\nK\u00e9rem olvassal el az \u00e1ltal\u00e1nos szerz\u0151d\u00e9si felt\u00e9teleket (\u00c1SZF), melyet a term\u00e9k megv\u00e1s\u00e1rl\u00e1val \u00f6n elfogadott.\n\n","price":"4190.00","unit":"db","recommended":"0","status":"1","sponsored":"0","exp_notify":"0","own_material":"0","own_material_description_old":null,"own_material_description":"","jury":"0","jury_number":"","product_nature":"","meskaracsony":"0","create_date":"2026-03-09 16:25:03","shelve_id":"44100","image":"kiokumitsu_product_54127_150823235139_430273.jpeg","image_width":"480","image_height":"342","image_alt":"H\u00e1zsz\u00e1mt\u00e1bla - t\u00e9glalap alak\u00fa, T\u00e9glalap alak\u00fa h\u00e1zsz\u00e1mt\u00e1bla, d\u00edszes magyaros mot\u00edvumokkal.\\nA t\u00e1bla m\u00e9rete: 20 x 17 cm, de k\u00e9rhet\u0151 na..., Meska","image_title":"H\u00e1zsz\u00e1mt\u00e1bla - t\u00e9glalap alak\u00fa, Meska","view_count":"3478","favourite_count":"0","trending_score":"0","last2MonthFavouriteCount":"0","promotion":"0","giftcard_accept":"1","creditcard_accept":true,"enhanced_background":"0","domain":"meska","specific_customer_id":null,"specific_customer_name":null,"to_order_product":"1","to_order_product_time":"12","product_different":"different","product_different_description":"A k\u00e9perny\u0151n l\u00e1that\u00f3 sz\u00ednek felbont\u00e1sa \u00e9s a nyomdai sz\u00ednek felbont\u00e1sa kis m\u00e9rt\u00e9kben elt\u00e9rhet!\n","vintage":"0","vintage_category_id":"0","recycled":"0","gemstone_id":"0","customizable":"0","type_category":"physical","zerowaste":"0","postage_price":"2390.00","shop_order":"0","has_category":"1","landing_pages":null,"microdata":{"number":70,"category":""},"title":"H\u00e1zsz\u00e1mt\u00e1bla - t\u00e9glalap alak\u00fa","description":"T\u00e9glalap alak\u00fa h\u00e1zsz\u00e1mt\u00e1bla, d\u00edszes magyaros mot\u00edvumokkal.\nA t\u00e1bla m\u00e9rete: 20 x 17 cm, de k\u00e9rhet\u0151 nagyobb v\u00e1ltozat is!\nA megjegyz\u00e9s rovatban tudja majd megadni a t\u00e1bl\u00e1ra fel\u00edrand\u00f3 sz\u00f6veget.\nA t\u00e1bla anyaga: Ongrofoam, egy speci\u00e1lis UV \u00e1ll\u00f3 m\u0171anyag, Id\u0151j\u00e1r\u00e1s\u00e1ll\u00f3.\n\nK\u00e9rem olvassal el az \u00e1ltal\u00e1nos szerz\u0151d\u00e9si felt\u00e9teleket (\u00c1SZF), melyet a term\u00e9k megv\u00e1s\u00e1rl\u00e1val \u00f6n elfogadott.\n\n","score":0,"formatted_price":"4 190 Ft","image_url":"https:\/\/www.meska.hu\/img\/product\/small\/k\/i\/kiokumitsu_product_54127_150823235139_430273.jpeg","formatted_url":"https:\/\/www.meska.hu\/p2233823-hazszamtabla-teglalap-alaku","favourite":false,"in_stock":false,"avatar":"Kiokumitsu_avatar_54127_1676920383.jpg","delete_from":0,"is_enhanced_background":false,"is_enhanced":false,"product_selection_started":false,"is_active":true,"image_webp_url":"https:\/\/www.meska.hu\/img\/product\/small\/k\/i\/kiokumitsu_product_54127_150823235139_430273.webp"},{"id":"3447003","shop_id":"12524","user_id":"54127","shop_name":"Kiokumitsu","shop_zip":"1155","product_code":"2247115","product_name_old":null,"product_name":"H\u00e1zsz\u00e1mt\u00e1bla - fels\u0151\u00edves","category_string":"Otthon & \u00c9letm\u00f3d, H\u00e1z & Kert, H\u00e1zsz\u00e1m","technic_string":"Fot\u00f3, grafika, rajz, illusztr\u00e1ci\u00f3, Mindenm\u00e1s","category_1":"813","category_2":"897","category_3":"431","category_4":"0","merged_category_1":"0","merged_category_2":"0","merged_category_3":"0","technic_1":"483","technic_2":"493","technic_3":"0","color_1":"522","color_2":"532","color_3":"0","product_description_old":null,"product_description":"Saj\u00e1t tervez\u00e9s\u0171 h\u00e1zsz\u00e1mt\u00e1bla. saj\u00e1t kivitelez\u00e9s, bele\u00e9rtve a kiv\u00e1g\u00e1st is.\nK\u00e9rhet\u0151 az \u00f6n utcanev\u00e9re utal\u00f3 grafika, mint pl. alma utc\u00e1n\u00e1l alma, vas\u00fat utc\u00e1n\u00e1l mozdony, stb...\nAlapm\u00e9ret: 25 x 16 cm, de rendelhet\u0151k nagyobb v\u00e1ltzatok is.\nA megjegyz\u00e9s rovatban tudja majd megadni a t\u00e1bl\u00e1ra fel\u00edrand\u00f3 sz\u00f6veget.\n\nA t\u00e1bla anyaga: Ongrofoam, egy speci\u00e1lis UV \u00e1ll\u00f3 m\u0171anyag, Id\u0151j\u00e1r\u00e1s\u00e1ll\u00f3.\n\nK\u00e9rem olvassal el az \u00e1ltal\u00e1nos szerz\u0151d\u00e9si felt\u00e9teleket (\u00c1SZF), melyet a term\u00e9k megv\u00e1s\u00e1rl\u00e1val \u00f6n elfogadott.","price":"4190.00","unit":"db","recommended":"0","status":"1","sponsored":"0","exp_notify":"0","own_material":"0","own_material_description_old":null,"own_material_description":"","jury":"0","jury_number":"","product_nature":"","meskaracsony":"0","create_date":"2026-03-06 19:03:34","shelve_id":"44100","image":"kiokumitsu_product_54127_150831111852_832522.jpeg","image_width":"480","image_height":"480","image_alt":"H\u00e1zsz\u00e1mt\u00e1bla - fels\u0151\u00edves, Saj\u00e1t tervez\u00e9s\u0171 h\u00e1zsz\u00e1mt\u00e1bla. saj\u00e1t kivitelez\u00e9s, bele\u00e9rtve a kiv\u00e1g\u00e1st is.\\nK\u00e9rhet\u0151 az \u00f6n utcanev\u00e9re u..., Meska","image_title":"H\u00e1zsz\u00e1mt\u00e1bla - fels\u0151\u00edves, Meska","view_count":"6879","favourite_count":"0","trending_score":"0","last2MonthFavouriteCount":"0","promotion":"0","giftcard_accept":"1","creditcard_accept":true,"enhanced_background":"0","domain":"meska","specific_customer_id":null,"specific_customer_name":null,"to_order_product":"1","to_order_product_time":"12","product_different":"different","product_different_description":"A k\u00e9perny\u0151n l\u00e1that\u00f3 sz\u00ednek felbont\u00e1sa \u00e9s a nyomdai sz\u00ednek felbont\u00e1sa kis m\u00e9rt\u00e9kben elt\u00e9rhet!\n","vintage":"0","vintage_category_id":"0","recycled":"0","gemstone_id":"0","customizable":"0","type_category":"physical","zerowaste":"0","postage_price":"2390.00","shop_order":"0","has_category":"1","landing_pages":null,"microdata":{"number":71,"category":""},"title":"H\u00e1zsz\u00e1mt\u00e1bla - fels\u0151\u00edves","description":"Saj\u00e1t tervez\u00e9s\u0171 h\u00e1zsz\u00e1mt\u00e1bla. saj\u00e1t kivitelez\u00e9s, bele\u00e9rtve a kiv\u00e1g\u00e1st is.\nK\u00e9rhet\u0151 az \u00f6n utcanev\u00e9re utal\u00f3 grafika, mint pl. alma utc\u00e1n\u00e1l alma, vas\u00fat utc\u00e1n\u00e1l mozdony, stb...\nAlapm\u00e9ret: 25 x 16 cm, de rendelhet\u0151k nagyobb v\u00e1ltzatok is.\nA megjegyz\u00e9s rovatban tudja majd megadni a t\u00e1bl\u00e1ra fel\u00edrand\u00f3 sz\u00f6veget.\n\nA t\u00e1bla anyaga: Ongrofoam, egy speci\u00e1lis UV \u00e1ll\u00f3 m\u0171anyag, Id\u0151j\u00e1r\u00e1s\u00e1ll\u00f3.\n\nK\u00e9rem olvassal el az \u00e1ltal\u00e1nos szerz\u0151d\u00e9si felt\u00e9teleket (\u00c1SZF), melyet a term\u00e9k megv\u00e1s\u00e1rl\u00e1val \u00f6n elfogadott.","score":0,"formatted_price":"4 190 Ft","image_url":"https:\/\/www.meska.hu\/img\/product\/small\/k\/i\/kiokumitsu_product_54127_150831111852_832522.jpeg","formatted_url":"https:\/\/www.meska.hu\/p2247115-hazszamtabla-felsoives","favourite":false,"in_stock":false,"avatar":"Kiokumitsu_avatar_54127_1676920383.jpg","delete_from":0,"is_enhanced_background":false,"is_enhanced":false,"product_selection_started":false,"is_active":true,"image_webp_url":"https:\/\/www.meska.hu\/img\/product\/small\/k\/i\/kiokumitsu_product_54127_150831111852_832522.webp"},{"id":"5967488","shop_id":"47945","user_id":"702579","shop_name":"Darimi","shop_zip":"2030","product_code":"5652605","product_name_old":null,"product_name":"H\u00e1zik\u00f3 h\u00e1zsz\u00e1mt\u00e1bla fekv\u0151 - egyedi h\u00e1z mot\u00edvumos k\u00fclt\u00e9ri h\u00e1zsz\u00e1m, csal\u00e1di h\u00e1zhoz","category_string":"Otthon & \u00c9letm\u00f3d, H\u00e1z & Kert, H\u00e1zsz\u00e1m","technic_string":"Mindenm\u00e1s","category_1":"813","category_2":"897","category_3":"431","category_4":"0","merged_category_1":null,"merged_category_2":null,"merged_category_3":null,"technic_1":"493","technic_2":"0","technic_3":"0","color_1":"519","color_2":"520","color_3":"527","product_description_old":null,"product_description":"H\u00e1zik\u00f3 mot\u00edvumos h\u00e1zsz\u00e1mt\u00e1bla fekv\u0151 form\u00e1tumban, amely otthonos, csal\u00e1dias hangulatot ad a bej\u00e1ratnak. Ha a h\u00e1zad nemcsak lakc\u00edm, hanem igazi otthon, ez a h\u00e1zsz\u00e1mt\u00e1bla ezt az \u00e9rz\u00e9st sug\u00e1rozza a kaput\u00f3l kezdve. A h\u00e1zik\u00f3 mot\u00edvum vid\u00e9kies, meleg hangulatot k\u00f6lcs\u00f6n\u00f6z, legyen sz\u00f3 csal\u00e1di h\u00e1zr\u00f3l, sorh\u00e1zr\u00f3l, h\u00e9tv\u00e9gi h\u00e1zr\u00f3l vagy nyaral\u00f3r\u00f3l.\n\nA fekv\u0151 form\u00e1tum\u00fa t\u00e1bla sz\u00e9les, alacsony kialak\u00edt\u00e1s\u00fa, amelyen a h\u00e1zik\u00f3 mot\u00edvum \u00e9s a h\u00e1zsz\u00e1m egym\u00e1s mellett, v\u00edzszintesen helyezkedik el. A kis h\u00e1z mot\u00edvum kedves, m\u00e9gis visszafogott - nem gyerekes, hanem meleg, otthonos hat\u00e1st kelt.\n\nM\u00c9RETEK\n\n- S: 20 x 8 cm - kisebb kapura, ker\u00edt\u00e9sre\n- M: 30 x 12 cm - a legelterjedtebb, a legt\u00f6bb kapuhoz \u00e9s ker\u00edt\u00e9shez j\u00f3l ar\u00e1nylik\n- L: 35 x 14 cm - j\u00f3l l\u00e1that\u00f3, utc\u00e1r\u00f3l is olvashat\u00f3\n\nA vastags\u00e1g 1,6 mm-t\u0151l 5 mm-ig v\u00e1laszthat\u00f3, \u00edgy a megjelen\u00e9s finoman eleg\u00e1nst\u00f3l a hangs\u00falyosan robusztusig \u00e1ll\u00edthat\u00f3.\n\nKIVITEL\n\nA t\u00e1bla s\u00edk fel\u00fclet\u0171, nem dombor\u00fa. Ez a letisztult kialak\u00edt\u00e1s modern \u00e9s ig\u00e9nyes hat\u00e1st kelt, mik\u00f6zben a r\u00f6gz\u00edt\u00e9s is egyszer\u0171bb: a s\u00edk h\u00e1tlap teljes fel\u00fclete egyenletesen illeszkedik a falra.\n\nANYAG\n\nA t\u00e1bla ASA (Acrylonitrile Styrene Acrylate) k\u00fclt\u00e9ri ipari alapanyagb\u00f3l k\u00e9sz\u00fcl. Az ASA teljes t\u00f6meg\u00e9ben sz\u00ednes, RAL ipari sz\u00ednrendszerben - a sz\u00edn nem fest\u00e9k, hanem maga az anyag.\n- UV-\u00e1ll\u00f3: nem fakul a napon\n- Es\u0151\u00e1ll\u00f3: nem \u00e1zik el az es\u0151ben\n- Fagy\u00e1ll\u00f3: -30 fokt\u00f3l +80 fokig b\u00edrja a sz\u00e9ls\u0151s\u00e9ges id\u0151j\u00e1r\u00e1st\n- K\u00fclt\u00e9ren ak\u00e1r 10 \u00e9vig meg\u0151rzi eredeti \u00e1llapot\u00e1t\n- Szat\u00e9n text\u00far\u00e1j\u00fa fel\u00fclet, fest\u00e9s n\u00e9lk\u00fcl, ak\u00e1r 5 sz\u00ednben egyetlen munkafolyamatban k\u00e9sz\u00fcl\n\nEgy \u00e9vtizeden \u00e1t nem kell lecser\u00e9lni, \u00fajrafesteni vagy karbantartani - egyszer\u0171en csak ott van a hely\u00e9n, \u00e9s ugyanolyan j\u00f3l n\u00e9z ki, mint az els\u0151 napon.\n\nR\u00d6GZ\u00cdT\u00c9S\n\n- Ragaszthat\u00f3: k\u00fclt\u00e9ri \u00e9p\u00edt\u00e9si ragaszt\u00f3val (pl. Pattex One For All) kend fel a h\u00e1tlapra, nyomd a falhoz, \u00e9s tart\u00f3san a hely\u00e9n marad. Tiszta, f\u00far\u00e1smentes megold\u00e1s.\n- Furatokkal is k\u00e9rhet\u0151: jelezd rendel\u00e9skor, \u00e9s elk\u00e9sz\u00edtj\u00fck a megfelel\u0151 lyukakkal csavaros r\u00f6gz\u00edt\u00e9shez.\n\nHOGYAN RENDELHETSZ?\n\nRendel\u00e9skor add meg a k\u00edv\u00e1nt h\u00e1zsz\u00e1mot, a m\u00e9retet, vastags\u00e1got \u00e9s sz\u00ednkombin\u00e1ci\u00f3t. Sz\u00e1mjegy, bet\u0171-sz\u00e1m kombin\u00e1ci\u00f3, utcan\u00e9v egyar\u00e1nt k\u00e9rhet\u0151. Egyedi RAL sz\u00edn is el\u00e9rhet\u0151, \u00edgy pontosan ahhoz az \u00e1rnyalathoz igaz\u00edthatod, amelyet a homlokzat vagy a kapu megk\u00edv\u00e1n. Az elk\u00e9sz\u00edt\u00e9s n\u00e9h\u00e1ny munkanapot vesz ig\u00e9nybe, mivel minden darab egyedi gy\u00e1rt\u00e1ssal k\u00e9sz\u00fcl.\n\nH\u00c1ZIK\u00d3 \u00c1LL\u00d3 V\u00c1LTOZAT\n\nHa a h\u00e1zik\u00f3 mot\u00edvum tetszik, de m\u00e1s form\u00e1tumban gondolkodsz, n\u00e9zd meg a boltunkban el\u00e9rhet\u0151 \u00e1ll\u00f3 h\u00e1zik\u00f3 form\u00e1j\u00fa v\u00e1ltozatot is. Az egy k\u00fcl\u00f6nleges darab: maga a t\u00e1bla is h\u00e1ztet\u0151 alak\u00fa, kiv\u00e1gott form\u00e1val, \u00e9s m\u00e1r 2 990 Ft-t\u00f3l el\u00e9rhet\u0151. A k\u00e9t h\u00e1zik\u00f3s design egy\u00fctt is nagyszer\u0171en mutat: az egyiket a kapura, a m\u00e1sikat a postal\u00e1d\u00e1ra vagy a kerti bej\u00e1r\u00f3ra. Ez a kombin\u00e1ci\u00f3 egys\u00e9ges, \u00f6sszehangolt megjelen\u00e9st ad az eg\u00e9sz bej\u00e1ratnak.\n\nMIRE J\u00d3?\n\n- Csal\u00e1di h\u00e1zak, sorh\u00e1zak, vid\u00e9ki otthonok \u00e9s h\u00e9tv\u00e9gi h\u00e1zak bej\u00e1rat\u00e1ra\n- H\u00e1zavat\u00f3ra aj\u00e1nd\u00e9knak: szem\u00e9lyes (a megaj\u00e1nd\u00e9kozott saj\u00e1t h\u00e1zsz\u00e1m\u00e1val k\u00e9sz\u00fcl), praktikus \u00e9s tart\u00f3s\n- K\u00f6lt\u00f6z\u00e9skor, fel\u00faj\u00edt\u00e1s ut\u00e1n vagy tavaszi kertsz\u00e9p\u00edt\u00e9skor lecser\u00e9lni a r\u00e9gi, kopott h\u00e1zsz\u00e1mot\n- Any\u00e1k napj\u00e1ra, kar\u00e1csonyra, nyugd\u00edjas b\u00facs\u00faztat\u00f3ra is meglep\u0151 \u00e9s hasznos aj\u00e1nd\u00e9k\n\nTOV\u00c1BBI MOT\u00cdVUMOK A BOLTBAN\n\nHa m\u00e1s mot\u00edvumot keresel, sz\u00e9lesk\u00f6r\u0171 v\u00e1laszt\u00e9k v\u00e1r: kuty\u00e1s (mopsz, tacsk\u00f3, golden retriever, n\u00e9met juh\u00e1sz, corgi), madaras, pillang\u00f3s, sportos (focis, biciklis, motoros), haj\u00f3s, balatoni, tr\u00f3pusi (p\u00e1lmaf\u00e1s, ban\u00e1nf\u00e1s) \u00e9s vintage st\u00edlus\u00fa h\u00e1zsz\u00e1mt\u00e1bl\u00e1k is el\u00e9rhet\u0151k. Az \u00f6n\u00e1ll\u00f3 sz\u00e1mjegyek a postal\u00e1d\u00e1ra vagy a gar\u00e1zs kapuj\u00e1ra t\u00f6k\u00e9letes kieg\u00e9sz\u00edt\u0151k. Ha egyik megl\u00e9v\u0151 minta sem felel meg az \u00edzl\u00e9sednek, a teljesen egyedi h\u00e1zsz\u00e1mt\u00e1bl\u00e1n\u00e1l b\u00e1rmilyen saj\u00e1t elk\u00e9pzel\u00e9st megval\u00f3s\u00edthatsz. A kapcsol\u00f3d\u00edszek \u00e9s a Gy\u0171r\u0171k Ura k\u00f6nyvt\u00e1masz szett is \u00e9rdemes egy pillant\u00e1sra, ha egyedi aj\u00e1nd\u00e9kot keresel.\n\nMinden term\u00e9k\u00fcnket egyedileg, rendel\u00e9sre k\u00e9sz\u00edtj\u00fck. K\u00e9rd\u00e9sed van? \u00cdrj b\u00e1tran, gyorsan v\u00e1laszolunk. N\u00e9zd meg a t\u00f6bbi term\u00e9k\u00fcnket is, h\u00e1tha tal\u00e1lsz m\u00e9g valamit, ami tetszik.","price":"5490.00","unit":"db","recommended":"0","status":"1","sponsored":"0","exp_notify":"0","own_material":"0","own_material_description_old":null,"own_material_description":"","jury":"0","jury_number":"","product_nature":"","meskaracsony":"0","create_date":"2026-03-04 11:38:25","shelve_id":"79630","image":"darimi_product_702579_251024182623_553754.png","image_width":"480","image_height":"480","image_alt":"H\u00e1zik\u00f3 h\u00e1zsz\u00e1mt\u00e1bla fekv\u0151 - egyedi h\u00e1z mot\u00edvumos k\u00fclt\u00e9ri h\u00e1zsz\u00e1m, csal\u00e1di h\u00e1zhoz, H\u00e1zik\u00f3 mot\u00edvumos h\u00e1zsz\u00e1mt\u00e1bla fekv\u0151 form\u00e1tumban, amely otthonos, csal\u00e1dias hangulatot ad a bej\u00e1ratna..., Meska","image_title":"H\u00e1zik\u00f3 h\u00e1zsz\u00e1mt\u00e1bla fekv\u0151 - egyedi h\u00e1z mot\u00edvumos k\u00fclt\u00e9ri h\u00e1zsz\u00e1m, csal\u00e1di h\u00e1zhoz, Meska","view_count":"2731","favourite_count":"2","trending_score":"0","last2MonthFavouriteCount":"2","promotion":"0","giftcard_accept":"0","creditcard_accept":true,"enhanced_background":"0","domain":"meska","specific_customer_id":null,"specific_customer_name":null,"to_order_product":"1","to_order_product_time":"1","product_different":null,"product_different_description":"","vintage":"0","vintage_category_id":"0","recycled":"0","gemstone_id":"0","customizable":"1","type_category":"physical","zerowaste":"0","postage_price":"1349.00","shop_order":"0","has_category":"1","landing_pages":null,"microdata":{"number":72,"category":""},"title":"H\u00e1zik\u00f3 h\u00e1zsz\u00e1mt\u00e1bla fekv\u0151 - egyedi h\u00e1z mot\u00edvumos k\u00fclt\u00e9ri h\u00e1zsz\u00e1m, csal\u00e1di h\u00e1zhoz","description":"H\u00e1zik\u00f3 mot\u00edvumos h\u00e1zsz\u00e1mt\u00e1bla fekv\u0151 form\u00e1tumban, amely otthonos, csal\u00e1dias hangulatot ad a bej\u00e1ratnak. Ha a h\u00e1zad nemcsak lakc\u00edm, hanem igazi otthon, ez a h\u00e1zsz\u00e1mt\u00e1bla ezt az \u00e9rz\u00e9st sug\u00e1rozza a kaput\u00f3l kezdve. A h\u00e1zik\u00f3 mot\u00edvum vid\u00e9kies, meleg hangulatot k\u00f6lcs\u00f6n\u00f6z, legyen sz\u00f3 csal\u00e1di h\u00e1zr\u00f3l, sorh\u00e1zr\u00f3l, h\u00e9tv\u00e9gi h\u00e1zr\u00f3l vagy nyaral\u00f3r\u00f3l.\n\nA fekv\u0151 form\u00e1tum\u00fa t\u00e1bla sz\u00e9les, alacsony kialak\u00edt\u00e1s\u00fa, amelyen a h\u00e1zik\u00f3 mot\u00edvum \u00e9s a h\u00e1zsz\u00e1m egym\u00e1s mellett, v\u00edzszintesen helyezkedik el. A kis h\u00e1z mot\u00edvum kedves, m\u00e9gis visszafogott - nem gyerekes, hanem meleg, otthonos hat\u00e1st kelt.\n\nM\u00c9RETEK\n\n- S: 20 x 8 cm - kisebb kapura, ker\u00edt\u00e9sre\n- M: 30 x 12 cm - a legelterjedtebb, a legt\u00f6bb kapuhoz \u00e9s ker\u00edt\u00e9shez j\u00f3l ar\u00e1nylik\n- L: 35 x 14 cm - j\u00f3l l\u00e1that\u00f3, utc\u00e1r\u00f3l is olvashat\u00f3\n\nA vastags\u00e1g 1,6 mm-t\u0151l 5 mm-ig v\u00e1laszthat\u00f3, \u00edgy a megjelen\u00e9s finoman eleg\u00e1nst\u00f3l a hangs\u00falyosan robusztusig \u00e1ll\u00edthat\u00f3.\n\nKIVITEL\n\nA t\u00e1bla s\u00edk fel\u00fclet\u0171, nem dombor\u00fa. Ez a letisztult kialak\u00edt\u00e1s modern \u00e9s ig\u00e9nyes hat\u00e1st kelt, mik\u00f6zben a r\u00f6gz\u00edt\u00e9s is egyszer\u0171bb: a s\u00edk h\u00e1tlap teljes fel\u00fclete egyenletesen illeszkedik a falra.\n\nANYAG\n\nA t\u00e1bla ASA (Acrylonitrile Styrene Acrylate) k\u00fclt\u00e9ri ipari alapanyagb\u00f3l k\u00e9sz\u00fcl. Az ASA teljes t\u00f6meg\u00e9ben sz\u00ednes, RAL ipari sz\u00ednrendszerben - a sz\u00edn nem fest\u00e9k, hanem maga az anyag.\n- UV-\u00e1ll\u00f3: nem fakul a napon\n- Es\u0151\u00e1ll\u00f3: nem \u00e1zik el az es\u0151ben\n- Fagy\u00e1ll\u00f3: -30 fokt\u00f3l +80 fokig b\u00edrja a sz\u00e9ls\u0151s\u00e9ges id\u0151j\u00e1r\u00e1st\n- K\u00fclt\u00e9ren ak\u00e1r 10 \u00e9vig meg\u0151rzi eredeti \u00e1llapot\u00e1t\n- Szat\u00e9n text\u00far\u00e1j\u00fa fel\u00fclet, fest\u00e9s n\u00e9lk\u00fcl, ak\u00e1r 5 sz\u00ednben egyetlen munkafolyamatban k\u00e9sz\u00fcl\n\nEgy \u00e9vtizeden \u00e1t nem kell lecser\u00e9lni, \u00fajrafesteni vagy karbantartani - egyszer\u0171en csak ott van a hely\u00e9n, \u00e9s ugyanolyan j\u00f3l n\u00e9z ki, mint az els\u0151 napon.\n\nR\u00d6GZ\u00cdT\u00c9S\n\n- Ragaszthat\u00f3: k\u00fclt\u00e9ri \u00e9p\u00edt\u00e9si ragaszt\u00f3val (pl. Pattex One For All) kend fel a h\u00e1tlapra, nyomd a falhoz, \u00e9s tart\u00f3san a hely\u00e9n marad. Tiszta, f\u00far\u00e1smentes megold\u00e1s.\n- Furatokkal is k\u00e9rhet\u0151: jelezd rendel\u00e9skor, \u00e9s elk\u00e9sz\u00edtj\u00fck a megfelel\u0151 lyukakkal csavaros r\u00f6gz\u00edt\u00e9shez.\n\nHOGYAN RENDELHETSZ?\n\nRendel\u00e9skor add meg a k\u00edv\u00e1nt h\u00e1zsz\u00e1mot, a m\u00e9retet, vastags\u00e1got \u00e9s sz\u00ednkombin\u00e1ci\u00f3t. Sz\u00e1mjegy, bet\u0171-sz\u00e1m kombin\u00e1ci\u00f3, utcan\u00e9v egyar\u00e1nt k\u00e9rhet\u0151. Egyedi RAL sz\u00edn is el\u00e9rhet\u0151, \u00edgy pontosan ahhoz az \u00e1rnyalathoz igaz\u00edthatod, amelyet a homlokzat vagy a kapu megk\u00edv\u00e1n. Az elk\u00e9sz\u00edt\u00e9s n\u00e9h\u00e1ny munkanapot vesz ig\u00e9nybe, mivel minden darab egyedi gy\u00e1rt\u00e1ssal k\u00e9sz\u00fcl.\n\nH\u00c1ZIK\u00d3 \u00c1LL\u00d3 V\u00c1LTOZAT\n\nHa a h\u00e1zik\u00f3 mot\u00edvum tetszik, de m\u00e1s form\u00e1tumban gondolkodsz, n\u00e9zd meg a boltunkban el\u00e9rhet\u0151 \u00e1ll\u00f3 h\u00e1zik\u00f3 form\u00e1j\u00fa v\u00e1ltozatot is. Az egy k\u00fcl\u00f6nleges darab: maga a t\u00e1bla is h\u00e1ztet\u0151 alak\u00fa, kiv\u00e1gott form\u00e1val, \u00e9s m\u00e1r 2 990 Ft-t\u00f3l el\u00e9rhet\u0151. A k\u00e9t h\u00e1zik\u00f3s design egy\u00fctt is nagyszer\u0171en mutat: az egyiket a kapura, a m\u00e1sikat a postal\u00e1d\u00e1ra vagy a kerti bej\u00e1r\u00f3ra. Ez a kombin\u00e1ci\u00f3 egys\u00e9ges, \u00f6sszehangolt megjelen\u00e9st ad az eg\u00e9sz bej\u00e1ratnak.\n\nMIRE J\u00d3?\n\n- Csal\u00e1di h\u00e1zak, sorh\u00e1zak, vid\u00e9ki otthonok \u00e9s h\u00e9tv\u00e9gi h\u00e1zak bej\u00e1rat\u00e1ra\n- H\u00e1zavat\u00f3ra aj\u00e1nd\u00e9knak: szem\u00e9lyes (a megaj\u00e1nd\u00e9kozott saj\u00e1t h\u00e1zsz\u00e1m\u00e1val k\u00e9sz\u00fcl), praktikus \u00e9s tart\u00f3s\n- K\u00f6lt\u00f6z\u00e9skor, fel\u00faj\u00edt\u00e1s ut\u00e1n vagy tavaszi kertsz\u00e9p\u00edt\u00e9skor lecser\u00e9lni a r\u00e9gi, kopott h\u00e1zsz\u00e1mot\n- Any\u00e1k napj\u00e1ra, kar\u00e1csonyra, nyugd\u00edjas b\u00facs\u00faztat\u00f3ra is meglep\u0151 \u00e9s hasznos aj\u00e1nd\u00e9k\n\nTOV\u00c1BBI MOT\u00cdVUMOK A BOLTBAN\n\nHa m\u00e1s mot\u00edvumot keresel, sz\u00e9lesk\u00f6r\u0171 v\u00e1laszt\u00e9k v\u00e1r: kuty\u00e1s (mopsz, tacsk\u00f3, golden retriever, n\u00e9met juh\u00e1sz, corgi), madaras, pillang\u00f3s, sportos (focis, biciklis, motoros), haj\u00f3s, balatoni, tr\u00f3pusi (p\u00e1lmaf\u00e1s, ban\u00e1nf\u00e1s) \u00e9s vintage st\u00edlus\u00fa h\u00e1zsz\u00e1mt\u00e1bl\u00e1k is el\u00e9rhet\u0151k. Az \u00f6n\u00e1ll\u00f3 sz\u00e1mjegyek a postal\u00e1d\u00e1ra vagy a gar\u00e1zs kapuj\u00e1ra t\u00f6k\u00e9letes kieg\u00e9sz\u00edt\u0151k. Ha egyik megl\u00e9v\u0151 minta sem felel meg az \u00edzl\u00e9sednek, a teljesen egyedi h\u00e1zsz\u00e1mt\u00e1bl\u00e1n\u00e1l b\u00e1rmilyen saj\u00e1t elk\u00e9pzel\u00e9st megval\u00f3s\u00edthatsz. A kapcsol\u00f3d\u00edszek \u00e9s a Gy\u0171r\u0171k Ura k\u00f6nyvt\u00e1masz szett is \u00e9rdemes egy pillant\u00e1sra, ha egyedi aj\u00e1nd\u00e9kot keresel.\n\nMinden term\u00e9k\u00fcnket egyedileg, rendel\u00e9sre k\u00e9sz\u00edtj\u00fck. K\u00e9rd\u00e9sed van? \u00cdrj b\u00e1tran, gyorsan v\u00e1laszolunk. N\u00e9zd meg a t\u00f6bbi term\u00e9k\u00fcnket is, h\u00e1tha tal\u00e1lsz m\u00e9g valamit, ami tetszik.","score":0,"formatted_price":"5 490 Ft","image_url":"https:\/\/www.meska.hu\/img\/product\/small\/d\/a\/darimi_product_702579_251024182623_553754.png","formatted_url":"https:\/\/www.meska.hu\/p5652605-egyedi-hazszamtabla-haz-haziko","favourite":false,"in_stock":false,"avatar":"702579_avatar_1739694015.jpeg","delete_from":0,"is_enhanced_background":false,"is_enhanced":false,"product_selection_started":false,"is_active":true,"image_webp_url":"https:\/\/www.meska.hu\/img\/product\/small\/d\/a\/darimi_product_702579_251024182623_553754.webp"},{"id":"6135179","shop_id":"47945","user_id":"702579","shop_name":"Darimi","shop_zip":"2030","product_code":"5744129","product_name_old":null,"product_name":"Horg\u00e1sz cs\u00f3nak alak\u00fa mot\u00edvummal h\u00e1zsz\u00e1mt\u00e1bla - Egyedi 3D nyomtatott horg\u00e1sz\u00f3s h\u00e1zsz\u00e1m","category_string":"Otthon & \u00c9letm\u00f3d, H\u00e1z & Kert, H\u00e1zsz\u00e1m","technic_string":"Mindenm\u00e1s","category_1":"813","category_2":"897","category_3":"431","category_4":"0","merged_category_1":null,"merged_category_2":null,"merged_category_3":null,"technic_1":"493","technic_2":"0","technic_3":"0","color_1":"519","color_2":"520","color_3":"527","product_description_old":null,"product_description":"Ez a k\u00fcl\u00f6nleges h\u00e1zsz\u00e1mt\u00e1bla t\u00f6k\u00e9letes v\u00e1laszt\u00e1s azoknak a horg\u00e1szat kedvel\u0151inek, akik szeretn\u00e9k, hogy szenved\u00e9ly\u00fck m\u00e1r a bej\u00e1ratn\u00e1l megjelenjen. A cs\u00f3nak alak\u00fa forma \u00e9s a horg\u00e1sz mot\u00edvum igaz\u00e1n l\u00e1tv\u00e1nyosan \u00e9rv\u00e9nyes\u00fcl rajta, karakteres, j\u00f3l l\u00e1that\u00f3 designelemk\u00e9nt.\n\nM\u00c9RETEK\n\nA fekv\u0151 form\u00e1tum lehet\u0151v\u00e9 teszi, hogy a cs\u00f3nak mot\u00edvum \u00e9s a h\u00e1zsz\u00e1m egym\u00e1s mellett, eszt\u00e9tikus elrendez\u00e9sben kapjon helyet. H\u00e1rom m\u00e9retben rendelhet\u0151:\n\nS: 20 x 12 cm\n\nM: 30 x 17 cm\n\nL: 35 x 21 cm - m\u00e1r messzir\u0151l is j\u00f3l olvashat\u00f3, ami fontos, ha a post\u00e1s, fut\u00e1r vagy vend\u00e9gek k\u00f6nnyed\u00e9n meg akarj\u00e1k tal\u00e1lni a h\u00e1zat\n\nA vastags\u00e1g 1,6 mm-t\u0151l 8 mm-ig v\u00e1laszthat\u00f3. A nagyobb m\u00e9ret k\u00fcl\u00f6n\u00f6sen j\u00f3l mutat kerti kapukon, ker\u00edt\u00e9spill\u00e9ren vagy a h\u00e1z bej\u00e1rati fal\u00e1n, ahol a szem magass\u00e1g\u00e1ban helyezhet\u0151 el.\n\nSZ\u00cdNEK\n\nA RAL ipari sz\u00ednrendszer el\u00e9rhet\u0151. A horg\u00e1sz tematik\u00e1hoz a klasszikus fekete-feh\u00e9r kombin\u00e1ci\u00f3 mellett b\u00e1rmilyen sz\u00edn k\u00e9rhet\u0151. Egyedi RAL sz\u00edn is v\u00e1laszthat\u00f3, ha a nyaral\u00f3d vagy otthonod st\u00edlus\u00e1hoz specifikus \u00e1rnyalatot szeretn\u00e9l.\n\nANYAG\n\nAnyaga ASA (Acrylonitrile Styrene Acrylate), ipari min\u0151s\u00e9g\u0171 k\u00fclt\u00e9ri alapanyag. Az ASA teljes t\u00f6meg\u00e9ben sz\u00ednes, RAL ipari sz\u00ednrendszerben - a sz\u00edn nem fest\u00e9k, hanem maga az anyag.\n\nUV-\u00e1ll\u00f3: nem fakul a napon\n\nEs\u0151\u00e1ll\u00f3 \u00e9s fagy\u00e1ll\u00f3: -30 fokt\u00f3l +80 fokig b\u00edrja a sz\u00e9ls\u0151s\u00e9ges id\u0151j\u00e1r\u00e1st\n\nA fel\u00fclete szat\u00e9n text\u00far\u00e1j\u00fa, amelyet Prusa XL 5T nyomtat\u00f3val k\u00e9sz\u00edt\u00fcnk, fest\u00e9s n\u00e9lk\u00fcl, ak\u00e1r 5 sz\u00ednben egyetlen munkafolyamatban.\n\nR\u00d6GZ\u00cdT\u00c9S\n\nA t\u00e1bla s\u00edk fel\u00fclet\u0171, nem dombor\u00fa. R\u00f6gz\u00edt\u00e9shez k\u00fclt\u00e9ri \u00e9p\u00edt\u00e9si ragaszt\u00f3t javaslunk (p\u00e9ld\u00e1ul Pattex One For All): kend fel a h\u00e1tlapra, nyomd a falhoz, \u00e9s tart\u00f3san a hely\u00e9n marad. F\u00far\u00e1smentes, tiszta megold\u00e1s. Ha furatokkal szeretn\u00e9d r\u00f6gz\u00edteni, jelezd rendel\u00e9skor, \u00e9s elk\u00e9sz\u00edtj\u00fck a megfelel\u0151 lyukakkal. A ragaszt\u00f3s r\u00f6gz\u00edt\u00e9s vakolatra, t\u00e9gl\u00e1ra, betonra \u00e9s k\u0151fel\u00fcletre egyar\u00e1nt alkalmas.\n\nHOGYAN RENDELHETSZ?\n\nRendel\u00e9skor add meg a h\u00e1zsz\u00e1mot, a v\u00e1lasztott m\u00e9retet, vastags\u00e1got \u00e9s sz\u00ednt. Sz\u00e1mjegy, bet\u0171-sz\u00e1m kombin\u00e1ci\u00f3, utcan\u00e9v vagy a h\u00e1z neve egyar\u00e1nt k\u00e9rhet\u0151. Egyedi RAL sz\u00edn is v\u00e1laszthat\u00f3. Ha a v\u00edzparti nyaral\u00f3dnak van beceneve, azt is r\u00e1\u00edrathatod a t\u00e1bl\u00e1ra a sz\u00e1m mell\u00e9.\n\nMIRE J\u00d3?\n\nEz a horg\u00e1sz\u00f3s h\u00e1zsz\u00e1mt\u00e1bla szem\u00e9lyes aj\u00e1nd\u00e9k horg\u00e1szoknak, cs\u00f3naktulajdonosoknak, t\u00f3parti nyaral\u00f3tulajdonosoknak - h\u00e1zavat\u00f3ra, sz\u00fclet\u00e9snapra, nyugd\u00edjba vonul\u00e1sra vagy kar\u00e1csonyra. A fekv\u0151 form\u00e1tum tekint\u00e9lyes megjelen\u00e9st ad, \u00e9s messzir\u0151l is olvashat\u00f3. Nyaral\u00f3hoz, h\u00e9tv\u00e9gi h\u00e1zhoz, \u00fcd\u00fcl\u0151h\u00f6z, de v\u00edz k\u00f6zel\u00e9ben \u00e1ll\u00f3 csal\u00e1di otthonhoz is kiv\u00e1l\u00f3 v\u00e1laszt\u00e1s. A megaj\u00e1nd\u00e9kozott saj\u00e1t h\u00e1zsz\u00e1m\u00e1val k\u00e9sz\u00fcl, \u00edgy garant\u00e1ltan egyedi darab lesz.\n\nTOV\u00c1BBI V\u00c1LTOZATOK\n\nHa m\u00e1s form\u00e1tum\u00fa vagy tematik\u00e1j\u00fa h\u00e1zsz\u00e1mt\u00e1bl\u00e1t keresel, azt is megtal\u00e1lod a boltunkban. Vitorl\u00e1s, p\u00e1lmaf\u00e1s, ban\u00e1nf\u00e1s, kuty\u00e1s (mopsz, tacsk\u00f3, golden retriever, n\u00e9met juh\u00e1sz), madaras \u00e9s pillang\u00f3s v\u00e1ltozatok is el\u00e9rhet\u0151k. Vintage, modern \u00e9s eleg\u00e1ns v\u00e1ltozataink a visszafogottabb \u00edzl\u00e9shez sz\u00f3lnak. Komplett bej\u00e1rathoz az \u00f6n\u00e1ll\u00f3 sz\u00e1mjegyeinkkel kombin\u00e1lhatod: a postal\u00e1d\u00e1ra, gar\u00e1zs kapuj\u00e1ra vagy a kerti bej\u00e1r\u00f3ra kiv\u00e1l\u00f3ak.\n\nMinden term\u00e9k\u00fcnket egyedileg, rendel\u00e9sre k\u00e9sz\u00edtj\u00fck. K\u00e9rd\u00e9sed van? \u00cdrj b\u00e1tran, gyorsan v\u00e1laszolunk. N\u00e9zd meg a t\u00f6bbi term\u00e9k\u00fcnket is, h\u00e1tha tal\u00e1lsz m\u00e9g valamit, ami tetszik.","price":"5490.00","unit":"db","recommended":"0","status":"1","sponsored":"0","exp_notify":"0","own_material":"0","own_material_description_old":null,"own_material_description":"","jury":"0","jury_number":"","product_nature":"","meskaracsony":"0","create_date":"2026-03-03 14:43:05","shelve_id":"79630","image":"darimi_product_702579_260303143701_053281.png","image_width":"480","image_height":"320","image_alt":"Horg\u00e1sz cs\u00f3nak alak\u00fa mot\u00edvummal h\u00e1zsz\u00e1mt\u00e1bla - Egyedi 3D nyomtatott horg\u00e1sz\u00f3s h\u00e1zsz\u00e1m, Ez a k\u00fcl\u00f6nleges h\u00e1zsz\u00e1mt\u00e1bla t\u00f6k\u00e9letes v\u00e1laszt\u00e1s azoknak a horg\u00e1szat kedvel\u0151inek, akik szeretn\u00e9k, ho..., Meska","image_title":"Horg\u00e1sz cs\u00f3nak alak\u00fa mot\u00edvummal h\u00e1zsz\u00e1mt\u00e1bla - Egyedi 3D nyomtatott horg\u00e1sz\u00f3s h\u00e1zsz\u00e1m, Meska","view_count":"88","favourite_count":"0","trending_score":"0","last2MonthFavouriteCount":"0","promotion":"0","giftcard_accept":"0","creditcard_accept":true,"enhanced_background":"0","domain":"meska","specific_customer_id":null,"specific_customer_name":null,"to_order_product":"1","to_order_product_time":"1","product_different":null,"product_different_description":"","vintage":"0","vintage_category_id":"0","recycled":"0","gemstone_id":"0","customizable":"1","type_category":"physical","zerowaste":"0","postage_price":"1349.00","shop_order":"0","has_category":"1","landing_pages":null,"microdata":{"number":73,"category":""},"title":"Horg\u00e1sz cs\u00f3nak alak\u00fa mot\u00edvummal h\u00e1zsz\u00e1mt\u00e1bla - Egyedi 3D nyomtatott horg\u00e1sz\u00f3s h\u00e1zsz\u00e1m","description":"Ez a k\u00fcl\u00f6nleges h\u00e1zsz\u00e1mt\u00e1bla t\u00f6k\u00e9letes v\u00e1laszt\u00e1s azoknak a horg\u00e1szat kedvel\u0151inek, akik szeretn\u00e9k, hogy szenved\u00e9ly\u00fck m\u00e1r a bej\u00e1ratn\u00e1l megjelenjen. A cs\u00f3nak alak\u00fa forma \u00e9s a horg\u00e1sz mot\u00edvum igaz\u00e1n l\u00e1tv\u00e1nyosan \u00e9rv\u00e9nyes\u00fcl rajta, karakteres, j\u00f3l l\u00e1that\u00f3 designelemk\u00e9nt.\n\nM\u00c9RETEK\n\nA fekv\u0151 form\u00e1tum lehet\u0151v\u00e9 teszi, hogy a cs\u00f3nak mot\u00edvum \u00e9s a h\u00e1zsz\u00e1m egym\u00e1s mellett, eszt\u00e9tikus elrendez\u00e9sben kapjon helyet. H\u00e1rom m\u00e9retben rendelhet\u0151:\n\nS: 20 x 12 cm\n\nM: 30 x 17 cm\n\nL: 35 x 21 cm - m\u00e1r messzir\u0151l is j\u00f3l olvashat\u00f3, ami fontos, ha a post\u00e1s, fut\u00e1r vagy vend\u00e9gek k\u00f6nnyed\u00e9n meg akarj\u00e1k tal\u00e1lni a h\u00e1zat\n\nA vastags\u00e1g 1,6 mm-t\u0151l 8 mm-ig v\u00e1laszthat\u00f3. A nagyobb m\u00e9ret k\u00fcl\u00f6n\u00f6sen j\u00f3l mutat kerti kapukon, ker\u00edt\u00e9spill\u00e9ren vagy a h\u00e1z bej\u00e1rati fal\u00e1n, ahol a szem magass\u00e1g\u00e1ban helyezhet\u0151 el.\n\nSZ\u00cdNEK\n\nA RAL ipari sz\u00ednrendszer el\u00e9rhet\u0151. A horg\u00e1sz tematik\u00e1hoz a klasszikus fekete-feh\u00e9r kombin\u00e1ci\u00f3 mellett b\u00e1rmilyen sz\u00edn k\u00e9rhet\u0151. Egyedi RAL sz\u00edn is v\u00e1laszthat\u00f3, ha a nyaral\u00f3d vagy otthonod st\u00edlus\u00e1hoz specifikus \u00e1rnyalatot szeretn\u00e9l.\n\nANYAG\n\nAnyaga ASA (Acrylonitrile Styrene Acrylate), ipari min\u0151s\u00e9g\u0171 k\u00fclt\u00e9ri alapanyag. Az ASA teljes t\u00f6meg\u00e9ben sz\u00ednes, RAL ipari sz\u00ednrendszerben - a sz\u00edn nem fest\u00e9k, hanem maga az anyag.\n\nUV-\u00e1ll\u00f3: nem fakul a napon\n\nEs\u0151\u00e1ll\u00f3 \u00e9s fagy\u00e1ll\u00f3: -30 fokt\u00f3l +80 fokig b\u00edrja a sz\u00e9ls\u0151s\u00e9ges id\u0151j\u00e1r\u00e1st\n\nA fel\u00fclete szat\u00e9n text\u00far\u00e1j\u00fa, amelyet Prusa XL 5T nyomtat\u00f3val k\u00e9sz\u00edt\u00fcnk, fest\u00e9s n\u00e9lk\u00fcl, ak\u00e1r 5 sz\u00ednben egyetlen munkafolyamatban.\n\nR\u00d6GZ\u00cdT\u00c9S\n\nA t\u00e1bla s\u00edk fel\u00fclet\u0171, nem dombor\u00fa. R\u00f6gz\u00edt\u00e9shez k\u00fclt\u00e9ri \u00e9p\u00edt\u00e9si ragaszt\u00f3t javaslunk (p\u00e9ld\u00e1ul Pattex One For All): kend fel a h\u00e1tlapra, nyomd a falhoz, \u00e9s tart\u00f3san a hely\u00e9n marad. F\u00far\u00e1smentes, tiszta megold\u00e1s. Ha furatokkal szeretn\u00e9d r\u00f6gz\u00edteni, jelezd rendel\u00e9skor, \u00e9s elk\u00e9sz\u00edtj\u00fck a megfelel\u0151 lyukakkal. A ragaszt\u00f3s r\u00f6gz\u00edt\u00e9s vakolatra, t\u00e9gl\u00e1ra, betonra \u00e9s k\u0151fel\u00fcletre egyar\u00e1nt alkalmas.\n\nHOGYAN RENDELHETSZ?\n\nRendel\u00e9skor add meg a h\u00e1zsz\u00e1mot, a v\u00e1lasztott m\u00e9retet, vastags\u00e1got \u00e9s sz\u00ednt. Sz\u00e1mjegy, bet\u0171-sz\u00e1m kombin\u00e1ci\u00f3, utcan\u00e9v vagy a h\u00e1z neve egyar\u00e1nt k\u00e9rhet\u0151. Egyedi RAL sz\u00edn is v\u00e1laszthat\u00f3. Ha a v\u00edzparti nyaral\u00f3dnak van beceneve, azt is r\u00e1\u00edrathatod a t\u00e1bl\u00e1ra a sz\u00e1m mell\u00e9.\n\nMIRE J\u00d3?\n\nEz a horg\u00e1sz\u00f3s h\u00e1zsz\u00e1mt\u00e1bla szem\u00e9lyes aj\u00e1nd\u00e9k horg\u00e1szoknak, cs\u00f3naktulajdonosoknak, t\u00f3parti nyaral\u00f3tulajdonosoknak - h\u00e1zavat\u00f3ra, sz\u00fclet\u00e9snapra, nyugd\u00edjba vonul\u00e1sra vagy kar\u00e1csonyra. A fekv\u0151 form\u00e1tum tekint\u00e9lyes megjelen\u00e9st ad, \u00e9s messzir\u0151l is olvashat\u00f3. Nyaral\u00f3hoz, h\u00e9tv\u00e9gi h\u00e1zhoz, \u00fcd\u00fcl\u0151h\u00f6z, de v\u00edz k\u00f6zel\u00e9ben \u00e1ll\u00f3 csal\u00e1di otthonhoz is kiv\u00e1l\u00f3 v\u00e1laszt\u00e1s. A megaj\u00e1nd\u00e9kozott saj\u00e1t h\u00e1zsz\u00e1m\u00e1val k\u00e9sz\u00fcl, \u00edgy garant\u00e1ltan egyedi darab lesz.\n\nTOV\u00c1BBI V\u00c1LTOZATOK\n\nHa m\u00e1s form\u00e1tum\u00fa vagy tematik\u00e1j\u00fa h\u00e1zsz\u00e1mt\u00e1bl\u00e1t keresel, azt is megtal\u00e1lod a boltunkban. Vitorl\u00e1s, p\u00e1lmaf\u00e1s, ban\u00e1nf\u00e1s, kuty\u00e1s (mopsz, tacsk\u00f3, golden retriever, n\u00e9met juh\u00e1sz), madaras \u00e9s pillang\u00f3s v\u00e1ltozatok is el\u00e9rhet\u0151k. Vintage, modern \u00e9s eleg\u00e1ns v\u00e1ltozataink a visszafogottabb \u00edzl\u00e9shez sz\u00f3lnak. Komplett bej\u00e1rathoz az \u00f6n\u00e1ll\u00f3 sz\u00e1mjegyeinkkel kombin\u00e1lhatod: a postal\u00e1d\u00e1ra, gar\u00e1zs kapuj\u00e1ra vagy a kerti bej\u00e1r\u00f3ra kiv\u00e1l\u00f3ak.\n\nMinden term\u00e9k\u00fcnket egyedileg, rendel\u00e9sre k\u00e9sz\u00edtj\u00fck. K\u00e9rd\u00e9sed van? \u00cdrj b\u00e1tran, gyorsan v\u00e1laszolunk. N\u00e9zd meg a t\u00f6bbi term\u00e9k\u00fcnket is, h\u00e1tha tal\u00e1lsz m\u00e9g valamit, ami tetszik.","score":0,"formatted_price":"5 490 Ft","image_url":"https:\/\/www.meska.hu\/img\/product\/small\/d\/a\/darimi_product_702579_260303143701_053281.png","formatted_url":"https:\/\/www.meska.hu\/p5744129-horgasz-csonak-alaku-motivummal-hazszamtabla-egyedi-3d-nyomtatott-horgaszos-hazszam","favourite":false,"in_stock":false,"avatar":"702579_avatar_1739694015.jpeg","delete_from":0,"is_enhanced_background":false,"is_enhanced":false,"product_selection_started":false,"is_active":true,"image_webp_url":"https:\/\/www.meska.hu\/img\/product\/small\/d\/a\/darimi_product_702579_260303143701_053281.webp"},{"id":"6135159","shop_id":"47945","user_id":"702579","shop_name":"Darimi","shop_zip":"2030","product_code":"5744119","product_name_old":null,"product_name":"Patk\u00f3 h\u00e1zsz\u00e1mt\u00e1bla szerencse mot\u00edvummal - Egyedi 3D nyomtatott lovas h\u00e1zsz\u00e1m","category_string":"Otthon & \u00c9letm\u00f3d, H\u00e1z & Kert, H\u00e1zsz\u00e1m","technic_string":"Mindenm\u00e1s","category_1":"813","category_2":"897","category_3":"431","category_4":"0","merged_category_1":null,"merged_category_2":null,"merged_category_3":null,"technic_1":"493","technic_2":"0","technic_3":"0","color_1":"519","color_2":"520","color_3":"527","product_description_old":null,"product_description":"Patk\u00f3 alak\u00fa h\u00e1zsz\u00e1mt\u00e1bla klasszikus, \u00edves formavil\u00e1ggal, amely a szerencse szimb\u00f3lum\u00e1t \u00f6tv\u00f6zi a modern technol\u00f3gi\u00e1val. Ez a v\u00e1ltozat kifejezetten lovasoknak, tanyatulajdonosoknak vagy a rusztikus st\u00edlust kedvel\u0151knek k\u00e9sz\u00fclt, akik egy karakteres, j\u00f3l l\u00e1that\u00f3 \u00e9s egyedi designelemet szeretn\u00e9nek a bej\u00e1rathoz. A patk\u00f3 forma tekint\u00e9lyes megjelen\u00e9st ad, a k\u00f6zep\u00e9n elhelyezked\u0151 utcan\u00e9v \u00e9s az als\u00f3 h\u00e1zsz\u00e1m pedig eszt\u00e9tikus egys\u00e9get alkot.\n\nM\u00c9RETEK\nA patk\u00f3 form\u00e1tum kialak\u00edt\u00e1sa lehet\u0151v\u00e9 teszi, hogy az utcan\u00e9v k\u00f6z\u00e9pen, a h\u00e1zsz\u00e1m pedig alul, hangs\u00falyos m\u00e9retben kapjon helyet. H\u00e1rom m\u00e9retben rendelhet\u0151:\n\nS: 20 x 18 cm\n\nM: 30 x 27 cm\n\nL: 35 x 32 cm - messzir\u0151l is kiv\u00e1l\u00f3an olvashat\u00f3, seg\u00edtve a fut\u00e1rok \u00e9s vend\u00e9gek t\u00e1j\u00e9koz\u00f3d\u00e1s\u00e1t.\n\nA t\u00e1bla vastags\u00e1ga 1,6 mm \u00e9s 8 mm k\u00f6z\u00f6tt v\u00e1laszthat\u00f3. A nagyobb m\u00e9ret k\u00fcl\u00f6n\u00f6sen j\u00f3l mutat lovard\u00e1k fal\u00e1n, ist\u00e1ll\u00f3kon, kerti kapukon vagy ker\u00edt\u00e9spill\u00e9reken.\n\nSZ\u00cdNEK\nA RAL ipari sz\u00ednrendszer el\u00e9rhet\u0151. A lovas tematik\u00e1hoz a klasszikus fekete-feh\u00e9r, az antracit-feh\u00e9r vagy a barna-feh\u00e9r kombin\u00e1ci\u00f3k a legkeresettebbek, de b\u00e1rmilyen egyedi sz\u00ednkombin\u00e1ci\u00f3 k\u00e9rhet\u0151, amely illeszkedik otthona vagy ist\u00e1ll\u00f3ja st\u00edlus\u00e1hoz.\n\nANYAG\nAnyaga ASA (Acrylonitrile Styrene Acrylate), pr\u00e9mium ipari min\u0151s\u00e9g\u0171 k\u00fclt\u00e9ri alapanyag. Az ASA teljes t\u00f6meg\u00e9ben sz\u00ednes, \u00edgy a sz\u00edn nem csup\u00e1n egy fest\u00e9kr\u00e9teg, hanem maga az anyag.\n\nUV-\u00e1ll\u00f3: nem fakul ki \u00e9s nem s\u00e1rgul meg a napon.\n\nId\u0151j\u00e1r\u00e1s\u00e1ll\u00f3: -30 fokt\u00f3l +80 fokig ellen\u00e1ll a sz\u00e9ls\u0151s\u00e9ges h\u0151m\u00e9rs\u00e9kletnek.\n\nA fel\u00fclet eleg\u00e1ns szat\u00e9n text\u00far\u00e1j\u00fa, amelyet Prusa XL 5T nyomtat\u00f3val k\u00e9sz\u00edt\u00fcnk. A technol\u00f3gia prec\u00edz, cs\u00edkmentes \u00e9s tiszta fel\u00fcletet eredm\u00e9nyez fest\u00e9s n\u00e9lk\u00fcl.\n\nR\u00d6GZ\u00cdT\u00c9S\nA t\u00e1bla h\u00e1toldala teljesen s\u00edk. A r\u00f6gz\u00edt\u00e9shez min\u0151s\u00e9gi k\u00fclt\u00e9ri \u00e9p\u00edt\u00e9si ragaszt\u00f3t javaslunk (p\u00e9ld\u00e1ul Pattex One For All). Egyszer\u0171en vigye fel a ragaszt\u00f3t a h\u00e1tlapra, nyomja a falhoz, \u00e9s az tart\u00f3san a hely\u00e9n marad. Ez egy f\u00far\u00e1smentes, tiszta megold\u00e1s, amely nem s\u00e9rti meg a szigetel\u00e9st. Ig\u00e9ny eset\u00e9n furatokkal is el tudjuk l\u00e1tni a t\u00e1bl\u00e1t, ezt k\u00e9rj\u00fck jelezze a rendel\u00e9skor. A ragaszt\u00f3s r\u00f6gz\u00edt\u00e9s vakolatra, t\u00e9gl\u00e1ra, f\u00e1ra \u00e9s k\u0151fel\u00fcletre egyar\u00e1nt alkalmas.\n\nHOGYAN RENDELHET?\nRendel\u00e9skor adja meg a h\u00e1zsz\u00e1mot, az utcanevet, a v\u00e1lasztott m\u00e9retet \u00e9s a sz\u00edneket. Egyedi felirat, tanya n\u00e9v vagy lovarda n\u00e9v is k\u00e9rhet\u0151 a t\u00e1bl\u00e1ra. Minden darabot egyedileg, az \u00d6n ig\u00e9nyei szerint gy\u00e1rtunk le.\n\nMIRE J\u00d3?\nEz a patk\u00f3s h\u00e1zsz\u00e1mt\u00e1bla t\u00f6k\u00e9letes aj\u00e1nd\u00e9k lovasoknak, l\u00f3tart\u00f3knak vagy b\u00e1rkinek, aki hisz a patk\u00f3 szerencsehoz\u00f3 erej\u00e9ben. Kiv\u00e1l\u00f3 v\u00e1laszt\u00e1s h\u00e1zavat\u00f3ra, sz\u00fclet\u00e9snapra vagy lovarda megnyit\u00f3ra. A megaj\u00e1nd\u00e9kozott saj\u00e1t c\u00edm\u00e9vel k\u00e9sz\u00fcl, \u00edgy garant\u00e1ltan egyedi \u00e9s maradand\u00f3 meglepet\u00e9s.\n\nTOV\u00c1BBI V\u00c1LTOZATOK\nBoltunkban sz\u00e1mos m\u00e1s tematikus h\u00e1zsz\u00e1mt\u00e1bla is megtal\u00e1lhat\u00f3: kuty\u00e1s (tacsk\u00f3, mopsz, n\u00e9met juh\u00e1sz), vitorl\u00e1s, madaras \u00e9s modern minim\u00e1l st\u00edlus\u00fa megold\u00e1sok. N\u00e9zzen sz\u00e9t term\u00e9keink k\u00f6z\u00f6tt, \u00e9s tal\u00e1lja meg az otthon\u00e1hoz legjobban ill\u0151 dekor\u00e1ci\u00f3t.","price":"5490.00","unit":"db","recommended":"0","status":"1","sponsored":"0","exp_notify":"0","own_material":"0","own_material_description_old":null,"own_material_description":"","jury":"0","jury_number":"","product_nature":"","meskaracsony":"0","create_date":"2026-03-03 14:22:36","shelve_id":"79630","image":"darimi_product_702579_260303142002_40225.png","image_width":"480","image_height":"444","image_alt":"Patk\u00f3 h\u00e1zsz\u00e1mt\u00e1bla szerencse mot\u00edvummal - Egyedi 3D nyomtatott lovas h\u00e1zsz\u00e1m, Patk\u00f3 alak\u00fa h\u00e1zsz\u00e1mt\u00e1bla klasszikus, \u00edves formavil\u00e1ggal, amely a szerencse szimb\u00f3lum\u00e1t \u00f6tv\u00f6zi a mode..., Meska","image_title":"Patk\u00f3 h\u00e1zsz\u00e1mt\u00e1bla szerencse mot\u00edvummal - Egyedi 3D nyomtatott lovas h\u00e1zsz\u00e1m, Meska","view_count":"83","favourite_count":"0","trending_score":"0","last2MonthFavouriteCount":"0","promotion":"0","giftcard_accept":"0","creditcard_accept":true,"enhanced_background":"0","domain":"meska","specific_customer_id":null,"specific_customer_name":null,"to_order_product":"1","to_order_product_time":"1","product_different":null,"product_different_description":"","vintage":"0","vintage_category_id":"0","recycled":"0","gemstone_id":"0","customizable":"1","type_category":"physical","zerowaste":"0","postage_price":"1349.00","shop_order":"0","has_category":"1","landing_pages":null,"microdata":{"number":74,"category":""},"title":"Patk\u00f3 h\u00e1zsz\u00e1mt\u00e1bla szerencse mot\u00edvummal - Egyedi 3D nyomtatott lovas h\u00e1zsz\u00e1m","description":"Patk\u00f3 alak\u00fa h\u00e1zsz\u00e1mt\u00e1bla klasszikus, \u00edves formavil\u00e1ggal, amely a szerencse szimb\u00f3lum\u00e1t \u00f6tv\u00f6zi a modern technol\u00f3gi\u00e1val. Ez a v\u00e1ltozat kifejezetten lovasoknak, tanyatulajdonosoknak vagy a rusztikus st\u00edlust kedvel\u0151knek k\u00e9sz\u00fclt, akik egy karakteres, j\u00f3l l\u00e1that\u00f3 \u00e9s egyedi designelemet szeretn\u00e9nek a bej\u00e1rathoz. A patk\u00f3 forma tekint\u00e9lyes megjelen\u00e9st ad, a k\u00f6zep\u00e9n elhelyezked\u0151 utcan\u00e9v \u00e9s az als\u00f3 h\u00e1zsz\u00e1m pedig eszt\u00e9tikus egys\u00e9get alkot.\n\nM\u00c9RETEK\nA patk\u00f3 form\u00e1tum kialak\u00edt\u00e1sa lehet\u0151v\u00e9 teszi, hogy az utcan\u00e9v k\u00f6z\u00e9pen, a h\u00e1zsz\u00e1m pedig alul, hangs\u00falyos m\u00e9retben kapjon helyet. H\u00e1rom m\u00e9retben rendelhet\u0151:\n\nS: 20 x 18 cm\n\nM: 30 x 27 cm\n\nL: 35 x 32 cm - messzir\u0151l is kiv\u00e1l\u00f3an olvashat\u00f3, seg\u00edtve a fut\u00e1rok \u00e9s vend\u00e9gek t\u00e1j\u00e9koz\u00f3d\u00e1s\u00e1t.\n\nA t\u00e1bla vastags\u00e1ga 1,6 mm \u00e9s 8 mm k\u00f6z\u00f6tt v\u00e1laszthat\u00f3. A nagyobb m\u00e9ret k\u00fcl\u00f6n\u00f6sen j\u00f3l mutat lovard\u00e1k fal\u00e1n, ist\u00e1ll\u00f3kon, kerti kapukon vagy ker\u00edt\u00e9spill\u00e9reken.\n\nSZ\u00cdNEK\nA RAL ipari sz\u00ednrendszer el\u00e9rhet\u0151. A lovas tematik\u00e1hoz a klasszikus fekete-feh\u00e9r, az antracit-feh\u00e9r vagy a barna-feh\u00e9r kombin\u00e1ci\u00f3k a legkeresettebbek, de b\u00e1rmilyen egyedi sz\u00ednkombin\u00e1ci\u00f3 k\u00e9rhet\u0151, amely illeszkedik otthona vagy ist\u00e1ll\u00f3ja st\u00edlus\u00e1hoz.\n\nANYAG\nAnyaga ASA (Acrylonitrile Styrene Acrylate), pr\u00e9mium ipari min\u0151s\u00e9g\u0171 k\u00fclt\u00e9ri alapanyag. Az ASA teljes t\u00f6meg\u00e9ben sz\u00ednes, \u00edgy a sz\u00edn nem csup\u00e1n egy fest\u00e9kr\u00e9teg, hanem maga az anyag.\n\nUV-\u00e1ll\u00f3: nem fakul ki \u00e9s nem s\u00e1rgul meg a napon.\n\nId\u0151j\u00e1r\u00e1s\u00e1ll\u00f3: -30 fokt\u00f3l +80 fokig ellen\u00e1ll a sz\u00e9ls\u0151s\u00e9ges h\u0151m\u00e9rs\u00e9kletnek.\n\nA fel\u00fclet eleg\u00e1ns szat\u00e9n text\u00far\u00e1j\u00fa, amelyet Prusa XL 5T nyomtat\u00f3val k\u00e9sz\u00edt\u00fcnk. A technol\u00f3gia prec\u00edz, cs\u00edkmentes \u00e9s tiszta fel\u00fcletet eredm\u00e9nyez fest\u00e9s n\u00e9lk\u00fcl.\n\nR\u00d6GZ\u00cdT\u00c9S\nA t\u00e1bla h\u00e1toldala teljesen s\u00edk. A r\u00f6gz\u00edt\u00e9shez min\u0151s\u00e9gi k\u00fclt\u00e9ri \u00e9p\u00edt\u00e9si ragaszt\u00f3t javaslunk (p\u00e9ld\u00e1ul Pattex One For All). Egyszer\u0171en vigye fel a ragaszt\u00f3t a h\u00e1tlapra, nyomja a falhoz, \u00e9s az tart\u00f3san a hely\u00e9n marad. Ez egy f\u00far\u00e1smentes, tiszta megold\u00e1s, amely nem s\u00e9rti meg a szigetel\u00e9st. Ig\u00e9ny eset\u00e9n furatokkal is el tudjuk l\u00e1tni a t\u00e1bl\u00e1t, ezt k\u00e9rj\u00fck jelezze a rendel\u00e9skor. A ragaszt\u00f3s r\u00f6gz\u00edt\u00e9s vakolatra, t\u00e9gl\u00e1ra, f\u00e1ra \u00e9s k\u0151fel\u00fcletre egyar\u00e1nt alkalmas.\n\nHOGYAN RENDELHET?\nRendel\u00e9skor adja meg a h\u00e1zsz\u00e1mot, az utcanevet, a v\u00e1lasztott m\u00e9retet \u00e9s a sz\u00edneket. Egyedi felirat, tanya n\u00e9v vagy lovarda n\u00e9v is k\u00e9rhet\u0151 a t\u00e1bl\u00e1ra. Minden darabot egyedileg, az \u00d6n ig\u00e9nyei szerint gy\u00e1rtunk le.\n\nMIRE J\u00d3?\nEz a patk\u00f3s h\u00e1zsz\u00e1mt\u00e1bla t\u00f6k\u00e9letes aj\u00e1nd\u00e9k lovasoknak, l\u00f3tart\u00f3knak vagy b\u00e1rkinek, aki hisz a patk\u00f3 szerencsehoz\u00f3 erej\u00e9ben. Kiv\u00e1l\u00f3 v\u00e1laszt\u00e1s h\u00e1zavat\u00f3ra, sz\u00fclet\u00e9snapra vagy lovarda megnyit\u00f3ra. A megaj\u00e1nd\u00e9kozott saj\u00e1t c\u00edm\u00e9vel k\u00e9sz\u00fcl, \u00edgy garant\u00e1ltan egyedi \u00e9s maradand\u00f3 meglepet\u00e9s.\n\nTOV\u00c1BBI V\u00c1LTOZATOK\nBoltunkban sz\u00e1mos m\u00e1s tematikus h\u00e1zsz\u00e1mt\u00e1bla is megtal\u00e1lhat\u00f3: kuty\u00e1s (tacsk\u00f3, mopsz, n\u00e9met juh\u00e1sz), vitorl\u00e1s, madaras \u00e9s modern minim\u00e1l st\u00edlus\u00fa megold\u00e1sok. N\u00e9zzen sz\u00e9t term\u00e9keink k\u00f6z\u00f6tt, \u00e9s tal\u00e1lja meg az otthon\u00e1hoz legjobban ill\u0151 dekor\u00e1ci\u00f3t.","score":0,"formatted_price":"5 490 Ft","image_url":"https:\/\/www.meska.hu\/img\/product\/small\/d\/a\/darimi_product_702579_260303142002_40225.png","formatted_url":"https:\/\/www.meska.hu\/p5744119-patko-hazszamtabla-szerencse-motivummal-egyedi-3d-nyomtatott-lovas-hazszam","favourite":false,"in_stock":false,"avatar":"702579_avatar_1739694015.jpeg","delete_from":0,"is_enhanced_background":false,"is_enhanced":false,"product_selection_started":false,"is_active":true,"image_webp_url":"https:\/\/www.meska.hu\/img\/product\/small\/d\/a\/darimi_product_702579_260303142002_40225.webp"},{"id":"5564182","shop_id":"12524","user_id":"54127","shop_name":"Kiokumitsu","shop_zip":"1155","product_code":"5430925","product_name_old":null,"product_name":"Tiszta udvar rendes h\u00e1z t\u00e1bla","category_string":"Otthon & \u00c9letm\u00f3d, H\u00e1z & Kert, H\u00e1zsz\u00e1m","technic_string":"Mindenm\u00e1s, Fot\u00f3, grafika, rajz, illusztr\u00e1ci\u00f3","category_1":"813","category_2":"897","category_3":"431","category_4":"0","merged_category_1":null,"merged_category_2":null,"merged_category_3":null,"technic_1":"493","technic_2":"483","technic_3":"0","color_1":"519","color_2":"532","color_3":"529","product_description_old":null,"product_description":"Tiszta udvar rendes h\u00e1z t\u00e1bla. Saj\u00e1t grafikai tervez\u00e9s \u00e9s kivitelez\u00e9s, bele\u00e9rtve a kiv\u00e1g\u00e1st is!\n\nAki \u00fagy \u00e9rzi, hogy t\u00e9nyleg sz\u00e9p \u00e9s takaros a h\u00e1za, j\u00f3l \u00e1polt a kertje az b\u00e1tran kiteheti a t\u00e1bl\u00e1t a h\u00e1z fal\u00e1ra!\n\nM\u00e9rete: 20 x 11 cm de nagyobb m\u00e9retekben is rendelhet\u0151.\n\nA t\u00e1bla anyaga: Ongrofoam, egy speci\u00e1lis UV \u00e1ll\u00f3 m\u0171anyag, Id\u0151j\u00e1r\u00e1s\u00e1ll\u00f3.\n\nA 30 cm-n\u00e9l nagyobb m\u00e9ret rendel\u00e9s\u00e9n\u00e9l csak a csomag, post\u00e1n marad\u00f3 vagy a fut\u00e1r sz\u00e1ll\u00edt\u00e1si  opci\u00f3t haszn\u00e1lja, mert a posta 30 centin\u00e9l nagyobb k\u00fcldem\u00e9nyt csak csomagk\u00e9nt sz\u00e1ll\u00edt.\n","price":"1690.00","unit":"db","recommended":"0","status":"1","sponsored":"0","exp_notify":"0","own_material":"0","own_material_description_old":null,"own_material_description":"","jury":"0","jury_number":"","product_nature":"","meskaracsony":"0","create_date":"2026-03-02 09:28:01","shelve_id":"44100","image":"kiokumitsu_product_54127_251110101901_289778.jpeg","image_width":"480","image_height":"320","image_alt":"Tiszta udvar rendes h\u00e1z t\u00e1bla, Tiszta udvar rendes h\u00e1z t\u00e1bla. Saj\u00e1t grafikai tervez\u00e9s \u00e9s kivitelez\u00e9s, bele\u00e9rtve a kiv\u00e1g\u00e1st is!\\n\\nAki..., Meska","image_title":"Tiszta udvar rendes h\u00e1z t\u00e1bla, Meska","view_count":"445","favourite_count":"0","trending_score":"0","last2MonthFavouriteCount":"0","promotion":"0","giftcard_accept":"1","creditcard_accept":true,"enhanced_background":"0","domain":"meska","specific_customer_id":null,"specific_customer_name":null,"to_order_product":"1","to_order_product_time":"10","product_different":null,"product_different_description":"","vintage":"0","vintage_category_id":"0","recycled":"0","gemstone_id":"0","customizable":"0","type_category":"physical","zerowaste":"0","postage_price":"2390.00","shop_order":"0","has_category":"1","landing_pages":null,"microdata":{"number":75,"category":""},"title":"Tiszta udvar rendes h\u00e1z t\u00e1bla","description":"Tiszta udvar rendes h\u00e1z t\u00e1bla. Saj\u00e1t grafikai tervez\u00e9s \u00e9s kivitelez\u00e9s, bele\u00e9rtve a kiv\u00e1g\u00e1st is!\n\nAki \u00fagy \u00e9rzi, hogy t\u00e9nyleg sz\u00e9p \u00e9s takaros a h\u00e1za, j\u00f3l \u00e1polt a kertje az b\u00e1tran kiteheti a t\u00e1bl\u00e1t a h\u00e1z fal\u00e1ra!\n\nM\u00e9rete: 20 x 11 cm de nagyobb m\u00e9retekben is rendelhet\u0151.\n\nA t\u00e1bla anyaga: Ongrofoam, egy speci\u00e1lis UV \u00e1ll\u00f3 m\u0171anyag, Id\u0151j\u00e1r\u00e1s\u00e1ll\u00f3.\n\nA 30 cm-n\u00e9l nagyobb m\u00e9ret rendel\u00e9s\u00e9n\u00e9l csak a csomag, post\u00e1n marad\u00f3 vagy a fut\u00e1r sz\u00e1ll\u00edt\u00e1si  opci\u00f3t haszn\u00e1lja, mert a posta 30 centin\u00e9l nagyobb k\u00fcldem\u00e9nyt csak csomagk\u00e9nt sz\u00e1ll\u00edt.\n","score":0,"formatted_price":"1 690 Ft","image_url":"https:\/\/www.meska.hu\/img\/product\/small\/k\/i\/kiokumitsu_product_54127_251110101901_289778.jpeg","formatted_url":"https:\/\/www.meska.hu\/p5430925-kutyatabla-vicces-szoveggel","favourite":false,"in_stock":false,"avatar":"Kiokumitsu_avatar_54127_1676920383.jpg","delete_from":0,"is_enhanced_background":false,"is_enhanced":false,"product_selection_started":false,"is_active":true,"image_webp_url":"https:\/\/www.meska.hu\/img\/product\/small\/k\/i\/kiokumitsu_product_54127_251110101901_289778.webp"},{"id":"6132681","shop_id":"47945","user_id":"702579","shop_name":"Darimi","shop_zip":"2030","product_code":"5743075","product_name_old":null,"product_name":"Nyaral\u00f3 h\u00e1zsz\u00e1m egyedi vitorl\u00e1s mint\u00e1s - k\u00fclt\u00e9ri UV-\u00e1ll\u00f3 ASA h\u00e1zsz\u00e1mt\u00e1bla nyaral\u00f3ra, \u00fcd\u00fcl\u0151re","category_string":"Otthon & \u00c9letm\u00f3d, H\u00e1z & Kert, H\u00e1zsz\u00e1m","technic_string":"Mindenm\u00e1s","category_1":"813","category_2":"897","category_3":"431","category_4":"0","merged_category_1":null,"merged_category_2":null,"merged_category_3":null,"technic_1":"493","technic_2":"0","technic_3":"0","color_1":"519","color_2":"520","color_3":"527","product_description_old":null,"product_description":"Egyedi nyaral\u00f3 h\u00e1zsz\u00e1m vitorl\u00e1s mot\u00edvummal, amelyet kifejezetten nyaral\u00f3k, \u00fcd\u00fcl\u0151k \u00e9s h\u00e9tv\u00e9gi h\u00e1zak bej\u00e1rat\u00e1ra tervezt\u00fcnk. Ha van nyaral\u00f3d a Balatonn\u00e1l, a Dunakanyarban, a M\u00e1tr\u00e1ban vagy b\u00e1rhol az orsz\u00e1gban, ez a h\u00e1zsz\u00e1m a nyaral\u00f3s \u00e9let\u00e9rz\u00e9st hordozza. A vitorl\u00e1s haj\u00f3 mot\u00edvum finoman, m\u00e9gis egy\u00e9rtelm\u0171en id\u00e9zi a v\u00edz, a szabad id\u0151 \u00e9s a pihen\u00e9s hangulat\u00e1t. Nem kell a Balaton partj\u00e1n lenned hozz\u00e1, a vitorl\u00e1s mot\u00edvum b\u00e1rhol meg\u00e1llja a hely\u00e9t, ahol a nyaral\u00e1s \u00e9s a kikapcsol\u00f3d\u00e1s az els\u0151dleges.\n\nM\u00c9RETEK\n\nA nyaral\u00f3 h\u00e1zsz\u00e1m h\u00e1rom m\u00e9retben rendelhet\u0151:\n- S: 20 x 8 cm - kisebb kapura, kerti bej\u00e1ratra\n- M: 30 x 12 cm - \u00e1tlagos ker\u00edt\u00e9sre, kapura, ez a legn\u00e9pszer\u0171bb\n- L: 35 x 14 cm - j\u00f3l l\u00e1that\u00f3, utc\u00e1r\u00f3l is olvashat\u00f3\n\nA vastags\u00e1g 1,6 mm-t\u0151l 8 mm-ig kilenc fokozatb\u00f3l v\u00e1laszthatod: 1,6 mm, 2 mm, 2,5 mm, 3 mm, 4 mm, 5 mm, 6 mm, 7 mm \u00e9s 8 mm. Ez a kiemelked\u0151en sz\u00e9les vastags\u00e1gv\u00e1laszt\u00e9k lehet\u0151v\u00e9 teszi, hogy a nyaral\u00f3d st\u00edlus\u00e1hoz finomhangold a megjelen\u00e9st. Az eleg\u00e1ns v\u00e9kony v\u00e1ltozatt\u00f3l a massz\u00edv, robusztus verzi\u00f3ig minden el\u00e9rhet\u0151.\n\nSZ\u00cdNEK\n\nA sz\u00ednv\u00e1laszt\u00e9k RAL ipari rendszerben \u00e9rhet\u0151 el. Nyaral\u00f3hoz a k\u00e9k-feh\u00e9r, a t\u00fcrkiz-feh\u00e9r vagy a z\u00f6ld-feh\u00e9r kombin\u00e1ci\u00f3k k\u00fcl\u00f6n\u00f6sen hangulatosak, de a homlokzatod sz\u00edn\u00e9hez ill\u0151 egyedi \u00e1rnyalat is k\u00e9rhet\u0151. A sz\u00edn nem festett r\u00e9teg, hanem a teljes anyagvastags\u00e1gban v\u00e9gigmen\u0151 RAL sz\u00edn. Prusa XL 5T nyomtat\u00f3val ak\u00e1r 5 sz\u00edn k\u00e9sz\u00fclhet fest\u00e9s n\u00e9lk\u00fcl.\n\nANYAG\n\nAz ASA (Acrylonitrile Styrene Acrylate) anyag kifejezetten k\u00fclt\u00e9ri felhaszn\u00e1l\u00e1sra k\u00e9sz\u00fclt. Ez a nyaral\u00f3kn\u00e1l k\u00fcl\u00f6n\u00f6sen fontos szempont, mert a h\u00e1zsz\u00e1m akkor is kint marad, amikor a nyaral\u00f3 \u00fcresen \u00e1ll a t\u00e9li h\u00f3napokban. Nem kell szezon v\u00e9g\u00e9n leszedni \u00e9s tavasszal visszarakni. UV-\u00e1ll\u00f3, es\u0151\u00e1ll\u00f3, fagy\u00e1ll\u00f3: -30 fokt\u00f3l +80 fokig b\u00edrja, \u00e9s k\u00fclt\u00e9ren ak\u00e1r 10 \u00e9vig meg\u0151rzi eredeti \u00e1llapot\u00e1t. Ny\u00e1ron a t\u0171z\u0151 napon nem fakul, \u0151sszel az es\u0151ben nem \u00e1zik el, t\u00e9len a m\u00ednuszokban nem reped. A szat\u00e9n fel\u00fclet kellemes tapint\u00e1s\u00fa \u00e9s k\u00f6nnyen tiszt\u00edthat\u00f3.\n\nR\u00d6GZ\u00cdT\u00c9S\n\nA t\u00e1bla s\u00edk fel\u00fclet\u0171, nem dombor\u00fa. R\u00f6gz\u00edt\u00e9shez k\u00fclt\u00e9ri \u00e9p\u00edt\u00e9si ragaszt\u00f3t javaslunk: h\u00e1tlapra felkenni, falhoz nyomni, \u00e9s k\u00e9sz. Nyaral\u00f3n k\u00fcl\u00f6n\u00f6sen praktikus ez a megold\u00e1s, mert nem kell f\u00farni a falba, \u00e9s percek alatt felhelyezhet\u0151. K\u0151, t\u00e9gla, vakolat, fa \u00e9s f\u00e9m fel\u00fcleten egyar\u00e1nt megb\u00edzhat\u00f3an tart. Ha m\u00e9gis furatokkal szeretn\u00e9d r\u00f6gz\u00edteni, jelezd rendel\u00e9skor.\n\nRENDEL\u00c9S\n\nRendel\u00e9skor add meg a h\u00e1zsz\u00e1mot, a v\u00e1lasztott m\u00e9retet, vastags\u00e1got \u00e9s sz\u00ednt. Utcan\u00e9v, sz\u00e1mjegy, bet\u0171-sz\u00e1m kombin\u00e1ci\u00f3, de ak\u00e1r a nyaral\u00f3 neve is k\u00e9rhet\u0151. Sok nyaral\u00f3nak van beceneve, \u00e9s ezt is r\u00e1 lehet \u00edratni a t\u00e1bl\u00e1ra, hogy a nyaral\u00f3 igaz\u00e1n szem\u00e9lyes legyen.\n\nMIRE J\u00d3?\n\n- Nyaral\u00f3k, \u00fcd\u00fcl\u0151k bej\u00e1rat\u00e1nak d\u00edsz\u00edt\u00e9se \u00e9s azonos\u00edt\u00e1sa\n- Balatoni, dunakanyari, m\u00e1tra-vid\u00e9ki \u00e9s egy\u00e9b nyaral\u00f3h\u00e1zakhoz\n- Aj\u00e1nd\u00e9k nyaral\u00f3tulajdonosoknak h\u00e1zavat\u00f3ra, nyugd\u00edjba vonul\u00e1sra, kar\u00e1csonyra, sz\u00fclet\u00e9snapra\n- Szezonnyit\u00e1skor a r\u00e9gi, kopott h\u00e1zsz\u00e1m lecser\u00e9l\u00e9s\u00e9hez\n- \u00daj nyaral\u00f3 v\u00e1s\u00e1rl\u00e1sakor az els\u0151 szezon el\u0151tt\n- Nem kell t\u00e9lre leszedni, eg\u00e9sz \u00e9vben kint marad\n\nKAPCSOL\u00d3D\u00d3 TERM\u00c9KEK\n\nHa a nyaral\u00f3d st\u00edlus\u00e1hoz m\u00e1s mot\u00edvum illene, n\u00e9zd meg a boltunkban a t\u00f6bbi haj\u00f3s h\u00e1zsz\u00e1mt\u00e1bl\u00e1t is, fekv\u0151 \u00e9s \u00e1ll\u00f3 form\u00e1tumban. A tr\u00f3pusi hangulatot kedvel\u0151knek ban\u00e1nf\u00e1s \u00e9s p\u00e1lmaf\u00e1s v\u00e1ltozatok is el\u00e9rhet\u0151k. Ha a postal\u00e1d\u00e1ra is kell sz\u00e1m, az \u00f6n\u00e1ll\u00f3 sz\u00e1mjegyeink pont erre val\u00f3k. Kuty\u00e1s csal\u00e1d? Ha a n\u00e9gyl\u00e1b\u00fa is veletek nyaral, mopsz, tacsk\u00f3, golden retriever vagy corgi mot\u00edvummal is rendelhetsz h\u00e1zsz\u00e1mot. S\u00fctikisz\u00far\u00f3kat \u00e9s Scrabble bet\u0171s aj\u00e1nd\u00e9kot is tal\u00e1lsz a Darimi boltban.\n\nMinden term\u00e9k\u00fcnket egyedileg, rendel\u00e9sre k\u00e9sz\u00edtj\u00fck. K\u00e9rd\u00e9sed van? \u00cdrj b\u00e1tran, gyorsan v\u00e1laszolunk.","price":"5490.00","unit":"db","recommended":"0","status":"1","sponsored":"0","exp_notify":"0","own_material":"0","own_material_description_old":null,"own_material_description":"","jury":"0","jury_number":"","product_nature":"","meskaracsony":"0","create_date":"2026-02-28 20:45:45","shelve_id":"79630","image":"darimi_product_702579_251024190558_890644.png","image_width":"480","image_height":"480","image_alt":"Nyaral\u00f3 h\u00e1zsz\u00e1m egyedi vitorl\u00e1s mint\u00e1s - k\u00fclt\u00e9ri UV-\u00e1ll\u00f3 ASA h\u00e1zsz\u00e1mt\u00e1bla nyaral\u00f3ra, \u00fcd\u00fcl\u0151re, Egyedi nyaral\u00f3 h\u00e1zsz\u00e1m vitorl\u00e1s mot\u00edvummal, amelyet kifejezetten nyaral\u00f3k, \u00fcd\u00fcl\u0151k \u00e9s h\u00e9tv\u00e9gi h\u00e1zak b..., Meska","image_title":"Nyaral\u00f3 h\u00e1zsz\u00e1m egyedi vitorl\u00e1s mint\u00e1s - k\u00fclt\u00e9ri UV-\u00e1ll\u00f3 ASA h\u00e1zsz\u00e1mt\u00e1bla nyaral\u00f3ra, \u00fcd\u00fcl\u0151re, Meska","view_count":"64","favourite_count":"0","trending_score":"0","last2MonthFavouriteCount":"0","promotion":"0","giftcard_accept":"0","creditcard_accept":true,"enhanced_background":"0","domain":"meska","specific_customer_id":null,"specific_customer_name":null,"to_order_product":"1","to_order_product_time":"1","product_different":null,"product_different_description":"","vintage":"0","vintage_category_id":"0","recycled":"0","gemstone_id":"0","customizable":"1","type_category":"physical","zerowaste":"0","postage_price":"1349.00","shop_order":"0","has_category":"1","landing_pages":null,"microdata":{"number":76,"category":""},"title":"Nyaral\u00f3 h\u00e1zsz\u00e1m egyedi vitorl\u00e1s mint\u00e1s - k\u00fclt\u00e9ri UV-\u00e1ll\u00f3 ASA h\u00e1zsz\u00e1mt\u00e1bla nyaral\u00f3ra, \u00fcd\u00fcl\u0151re","description":"Egyedi nyaral\u00f3 h\u00e1zsz\u00e1m vitorl\u00e1s mot\u00edvummal, amelyet kifejezetten nyaral\u00f3k, \u00fcd\u00fcl\u0151k \u00e9s h\u00e9tv\u00e9gi h\u00e1zak bej\u00e1rat\u00e1ra tervezt\u00fcnk. Ha van nyaral\u00f3d a Balatonn\u00e1l, a Dunakanyarban, a M\u00e1tr\u00e1ban vagy b\u00e1rhol az orsz\u00e1gban, ez a h\u00e1zsz\u00e1m a nyaral\u00f3s \u00e9let\u00e9rz\u00e9st hordozza. A vitorl\u00e1s haj\u00f3 mot\u00edvum finoman, m\u00e9gis egy\u00e9rtelm\u0171en id\u00e9zi a v\u00edz, a szabad id\u0151 \u00e9s a pihen\u00e9s hangulat\u00e1t. Nem kell a Balaton partj\u00e1n lenned hozz\u00e1, a vitorl\u00e1s mot\u00edvum b\u00e1rhol meg\u00e1llja a hely\u00e9t, ahol a nyaral\u00e1s \u00e9s a kikapcsol\u00f3d\u00e1s az els\u0151dleges.\n\nM\u00c9RETEK\n\nA nyaral\u00f3 h\u00e1zsz\u00e1m h\u00e1rom m\u00e9retben rendelhet\u0151:\n- S: 20 x 8 cm - kisebb kapura, kerti bej\u00e1ratra\n- M: 30 x 12 cm - \u00e1tlagos ker\u00edt\u00e9sre, kapura, ez a legn\u00e9pszer\u0171bb\n- L: 35 x 14 cm - j\u00f3l l\u00e1that\u00f3, utc\u00e1r\u00f3l is olvashat\u00f3\n\nA vastags\u00e1g 1,6 mm-t\u0151l 8 mm-ig kilenc fokozatb\u00f3l v\u00e1laszthatod: 1,6 mm, 2 mm, 2,5 mm, 3 mm, 4 mm, 5 mm, 6 mm, 7 mm \u00e9s 8 mm. Ez a kiemelked\u0151en sz\u00e9les vastags\u00e1gv\u00e1laszt\u00e9k lehet\u0151v\u00e9 teszi, hogy a nyaral\u00f3d st\u00edlus\u00e1hoz finomhangold a megjelen\u00e9st. Az eleg\u00e1ns v\u00e9kony v\u00e1ltozatt\u00f3l a massz\u00edv, robusztus verzi\u00f3ig minden el\u00e9rhet\u0151.\n\nSZ\u00cdNEK\n\nA sz\u00ednv\u00e1laszt\u00e9k RAL ipari rendszerben \u00e9rhet\u0151 el. Nyaral\u00f3hoz a k\u00e9k-feh\u00e9r, a t\u00fcrkiz-feh\u00e9r vagy a z\u00f6ld-feh\u00e9r kombin\u00e1ci\u00f3k k\u00fcl\u00f6n\u00f6sen hangulatosak, de a homlokzatod sz\u00edn\u00e9hez ill\u0151 egyedi \u00e1rnyalat is k\u00e9rhet\u0151. A sz\u00edn nem festett r\u00e9teg, hanem a teljes anyagvastags\u00e1gban v\u00e9gigmen\u0151 RAL sz\u00edn. Prusa XL 5T nyomtat\u00f3val ak\u00e1r 5 sz\u00edn k\u00e9sz\u00fclhet fest\u00e9s n\u00e9lk\u00fcl.\n\nANYAG\n\nAz ASA (Acrylonitrile Styrene Acrylate) anyag kifejezetten k\u00fclt\u00e9ri felhaszn\u00e1l\u00e1sra k\u00e9sz\u00fclt. Ez a nyaral\u00f3kn\u00e1l k\u00fcl\u00f6n\u00f6sen fontos szempont, mert a h\u00e1zsz\u00e1m akkor is kint marad, amikor a nyaral\u00f3 \u00fcresen \u00e1ll a t\u00e9li h\u00f3napokban. Nem kell szezon v\u00e9g\u00e9n leszedni \u00e9s tavasszal visszarakni. UV-\u00e1ll\u00f3, es\u0151\u00e1ll\u00f3, fagy\u00e1ll\u00f3: -30 fokt\u00f3l +80 fokig b\u00edrja, \u00e9s k\u00fclt\u00e9ren ak\u00e1r 10 \u00e9vig meg\u0151rzi eredeti \u00e1llapot\u00e1t. Ny\u00e1ron a t\u0171z\u0151 napon nem fakul, \u0151sszel az es\u0151ben nem \u00e1zik el, t\u00e9len a m\u00ednuszokban nem reped. A szat\u00e9n fel\u00fclet kellemes tapint\u00e1s\u00fa \u00e9s k\u00f6nnyen tiszt\u00edthat\u00f3.\n\nR\u00d6GZ\u00cdT\u00c9S\n\nA t\u00e1bla s\u00edk fel\u00fclet\u0171, nem dombor\u00fa. R\u00f6gz\u00edt\u00e9shez k\u00fclt\u00e9ri \u00e9p\u00edt\u00e9si ragaszt\u00f3t javaslunk: h\u00e1tlapra felkenni, falhoz nyomni, \u00e9s k\u00e9sz. Nyaral\u00f3n k\u00fcl\u00f6n\u00f6sen praktikus ez a megold\u00e1s, mert nem kell f\u00farni a falba, \u00e9s percek alatt felhelyezhet\u0151. K\u0151, t\u00e9gla, vakolat, fa \u00e9s f\u00e9m fel\u00fcleten egyar\u00e1nt megb\u00edzhat\u00f3an tart. Ha m\u00e9gis furatokkal szeretn\u00e9d r\u00f6gz\u00edteni, jelezd rendel\u00e9skor.\n\nRENDEL\u00c9S\n\nRendel\u00e9skor add meg a h\u00e1zsz\u00e1mot, a v\u00e1lasztott m\u00e9retet, vastags\u00e1got \u00e9s sz\u00ednt. Utcan\u00e9v, sz\u00e1mjegy, bet\u0171-sz\u00e1m kombin\u00e1ci\u00f3, de ak\u00e1r a nyaral\u00f3 neve is k\u00e9rhet\u0151. Sok nyaral\u00f3nak van beceneve, \u00e9s ezt is r\u00e1 lehet \u00edratni a t\u00e1bl\u00e1ra, hogy a nyaral\u00f3 igaz\u00e1n szem\u00e9lyes legyen.\n\nMIRE J\u00d3?\n\n- Nyaral\u00f3k, \u00fcd\u00fcl\u0151k bej\u00e1rat\u00e1nak d\u00edsz\u00edt\u00e9se \u00e9s azonos\u00edt\u00e1sa\n- Balatoni, dunakanyari, m\u00e1tra-vid\u00e9ki \u00e9s egy\u00e9b nyaral\u00f3h\u00e1zakhoz\n- Aj\u00e1nd\u00e9k nyaral\u00f3tulajdonosoknak h\u00e1zavat\u00f3ra, nyugd\u00edjba vonul\u00e1sra, kar\u00e1csonyra, sz\u00fclet\u00e9snapra\n- Szezonnyit\u00e1skor a r\u00e9gi, kopott h\u00e1zsz\u00e1m lecser\u00e9l\u00e9s\u00e9hez\n- \u00daj nyaral\u00f3 v\u00e1s\u00e1rl\u00e1sakor az els\u0151 szezon el\u0151tt\n- Nem kell t\u00e9lre leszedni, eg\u00e9sz \u00e9vben kint marad\n\nKAPCSOL\u00d3D\u00d3 TERM\u00c9KEK\n\nHa a nyaral\u00f3d st\u00edlus\u00e1hoz m\u00e1s mot\u00edvum illene, n\u00e9zd meg a boltunkban a t\u00f6bbi haj\u00f3s h\u00e1zsz\u00e1mt\u00e1bl\u00e1t is, fekv\u0151 \u00e9s \u00e1ll\u00f3 form\u00e1tumban. A tr\u00f3pusi hangulatot kedvel\u0151knek ban\u00e1nf\u00e1s \u00e9s p\u00e1lmaf\u00e1s v\u00e1ltozatok is el\u00e9rhet\u0151k. Ha a postal\u00e1d\u00e1ra is kell sz\u00e1m, az \u00f6n\u00e1ll\u00f3 sz\u00e1mjegyeink pont erre val\u00f3k. Kuty\u00e1s csal\u00e1d? Ha a n\u00e9gyl\u00e1b\u00fa is veletek nyaral, mopsz, tacsk\u00f3, golden retriever vagy corgi mot\u00edvummal is rendelhetsz h\u00e1zsz\u00e1mot. S\u00fctikisz\u00far\u00f3kat \u00e9s Scrabble bet\u0171s aj\u00e1nd\u00e9kot is tal\u00e1lsz a Darimi boltban.\n\nMinden term\u00e9k\u00fcnket egyedileg, rendel\u00e9sre k\u00e9sz\u00edtj\u00fck. K\u00e9rd\u00e9sed van? \u00cdrj b\u00e1tran, gyorsan v\u00e1laszolunk.","score":0,"formatted_price":"5 490 Ft","image_url":"https:\/\/www.meska.hu\/img\/product\/small\/d\/a\/darimi_product_702579_251024190558_890644.png","formatted_url":"https:\/\/www.meska.hu\/p5743075-nyaralo-hazszam-egyedi-vitorlas-mintas-kulteri-uv-allo-asa-hazszamtabla-nyaralora-udulore","favourite":false,"in_stock":false,"avatar":"702579_avatar_1739694015.jpeg","delete_from":0,"is_enhanced_background":false,"is_enhanced":false,"product_selection_started":false,"is_active":true,"image_webp_url":"https:\/\/www.meska.hu\/img\/product\/small\/d\/a\/darimi_product_702579_251024190558_890644.webp"},{"id":"6132680","shop_id":"47945","user_id":"702579","shop_name":"Darimi","shop_zip":"2030","product_code":"5743074","product_name_old":null,"product_name":"Ker\u00edt\u00e9s sz\u00e1m egyedi k\u00fclt\u00e9ri - UV-\u00e1ll\u00f3 ASA h\u00e1zsz\u00e1m ker\u00edt\u00e9sre, ker\u00edt\u00e9sl\u00e1bazatra, ker\u00edt\u00e9soszlopra","category_string":"Otthon & \u00c9letm\u00f3d, H\u00e1z & Kert, H\u00e1zsz\u00e1m","technic_string":"Mindenm\u00e1s","category_1":"813","category_2":"897","category_3":"431","category_4":"0","merged_category_1":null,"merged_category_2":null,"merged_category_3":null,"technic_1":"493","technic_2":"0","technic_3":"0","color_1":"519","color_2":"520","color_3":"527","product_description_old":null,"product_description":"Egyedi ker\u00edt\u00e9s sz\u00e1m, amelyet kifejezetten ker\u00edt\u00e9sre, ker\u00edt\u00e9sl\u00e1bazatra \u00e9s ker\u00edt\u00e9soszlopra tervezt\u00fcnk. A fekv\u0151 t\u00e9gla forma ar\u00e1nyai t\u00f6k\u00e9letesen illeszkednek a ker\u00edt\u00e9sek v\u00edzszintes fel\u00fcleteihez: a ker\u00edt\u00e9sl\u00e1bazat tetej\u00e9re, a ker\u00edt\u00e9soszlop s\u00edk oldal\u00e1ra vagy a ker\u00edt\u00e9s kapubet\u00e9tj\u00e9re egyar\u00e1nt harmonikusan helyezhet\u0151. Ha a h\u00e1zsz\u00e1mod a ker\u00edt\u00e9sen van, \u00e9s nem a h\u00e1zon, ez a forma vizu\u00e1lisan a legjobb v\u00e1laszt\u00e1s.\n\nM\u00c9RETEK\n\nA ker\u00edt\u00e9s sz\u00e1m n\u00e9gy m\u00e9retben rendelhet\u0151, fekv\u0151 t\u00e9gla ar\u00e1nyban (kb. 2,5:1):\n- S: 20 x 8 cm - kisebb ker\u00edt\u00e9sl\u00e9cekhez, keskeny oszlopokhoz\n- M: 30 x 12 cm - \u00e1tlagos ker\u00edt\u00e9sl\u00e1bazathoz, a legn\u00e9pszer\u0171bb m\u00e9ret\n- L: 35 x 14 cm - nagyobb ker\u00edt\u00e9soszlopokhoz, j\u00f3l olvashat\u00f3 t\u00e1volr\u00f3l\n- XL: 40 x 16 cm - sz\u00e9les ker\u00edt\u00e9sl\u00e1bazathoz, utcafrontr\u00f3l is kit\u0171n\u0151en l\u00e1that\u00f3\n\nA vastags\u00e1g 1,6 mm-t\u0151l 5 mm-ig v\u00e1laszthat\u00f3. Ker\u00edt\u00e9sre a 2,5-3 mm-es vastags\u00e1g a legjobb kompromisszum: tart\u00f3s, massz\u00edv \u00e9rzet, de nem \u00e1ll ki t\u00fals\u00e1gosan a ker\u00edt\u00e9s s\u00edkj\u00e1b\u00f3l. A v\u00e9konyabb v\u00e1ltozat diszkr\u00e9tebb, a vastagabb hat\u00e1rozottabb megjelen\u00e9st ad.\n\nHa nem vagy biztos a m\u00e9retben, m\u00e9rd le a ker\u00edt\u00e9s szabad fel\u00fclet\u00e9t, \u00e9s javasoljuk, hogy a 30x12 cm-es m\u00e9retb\u0151l indulj ki, mert ez a legt\u00f6bb ker\u00edt\u00e9st\u00edpushoz j\u00f3l passzol.\n\nSZ\u00cdNEK\n\nNyolc RAL ipari sz\u00edn k\u00f6z\u00fcl v\u00e1laszthatsz, \u00e9s egyedi sz\u00edn is k\u00e9rhet\u0151. K\u0151 vagy t\u00e9gla ker\u00edt\u00e9sl\u00e1bazathoz a kontrasztos megold\u00e1s a legolvashat\u00f3bb: s\u00f6t\u00e9t alapra vil\u00e1gos felirat, vagy ford\u00edtva. F\u00e9m ker\u00edt\u00e9shez, amely gyakran antracit vagy z\u00f6ld, a feh\u00e9r vagy kr\u00e9msz\u00edn\u0171 felirat eleg\u00e1ns. Fa ker\u00edt\u00e9shez a term\u00e9szetes barna t\u00f3nusok vagy \u00e9ppen a felt\u0171n\u0151 fekete-feh\u00e9r kombin\u00e1ci\u00f3 mutat j\u00f3l. A sz\u00edn az anyag teljes vastags\u00e1g\u00e1ban v\u00e9gigmegy, nem festett r\u00e9teg, \u00edgy nem kopik le. Prusa XL 5T nyomtat\u00f3val ak\u00e1r 5 sz\u00edn k\u00e9sz\u00fclhet fest\u00e9s n\u00e9lk\u00fcl.\n\nANYAG\n\nAz ASA (Acrylonitrile Styrene Acrylate) ipari m\u0171anyag k\u00fclt\u00e9ri haszn\u00e1latra fejlesztett anyag. UV-\u00e1ll\u00f3, es\u0151\u00e1ll\u00f3, fagy\u00e1ll\u00f3: -30 fokt\u00f3l +80 fokig megtartja form\u00e1j\u00e1t \u00e9s sz\u00edn\u00e9t. A ker\u00edt\u00e9s az id\u0151j\u00e1r\u00e1snak legink\u00e1bb kitett fel\u00fclet a telken, ez\u00e9rt itt k\u00fcl\u00f6n\u00f6sen fontos a tart\u00f3ss\u00e1g. Ez a h\u00e1zsz\u00e1m nem fakul, nem s\u00e1rgul, nem reped, \u00e9s legal\u00e1bb 10 \u00e9vig kifog\u00e1stalanul szolg\u00e1l k\u00fclt\u00e9ren. A szat\u00e9n fel\u00fclet kellemes tapint\u00e1s\u00fa, nem t\u00fckr\u00f6z\u0151dik, \u00e9s nedves ronggyal k\u00f6nnyen tiszt\u00edthat\u00f3.\n\nR\u00d6GZ\u00cdT\u00c9S\n\nA t\u00e1bla s\u00edk fel\u00fclet\u0171, nem dombor\u00fa. Ker\u00edt\u00e9sre r\u00f6gz\u00edteni k\u00fclt\u00e9ri \u00e9p\u00edt\u00e9si ragaszt\u00f3val a legegyszer\u0171bb: h\u00e1tlapra felkenni, a ker\u00edt\u00e9s fel\u00fclet\u00e9hez nyomni, k\u00e9sz. K\u0151 \u00e9s t\u00e9gla ker\u00edt\u00e9sl\u00e1bazaton a por\u00f3zus fel\u00fclet kit\u0171n\u0151 tapad\u00e1st biztos\u00edt. Vakolaton, beton ker\u00edt\u00e9selemen \u00e9s f\u00e9m ker\u00edt\u00e9sen is megb\u00edzhat\u00f3an tart. Fa ker\u00edt\u00e9sen lakkozott fel\u00fcleten \u00e9rdemes el\u0151tte finoman megcsiszolni a ragaszt\u00e1si pontot. Ha furatokkal szeretn\u00e9d r\u00f6gz\u00edteni, jelezd rendel\u00e9skor.\n\nRENDEL\u00c9S\n\nRendel\u00e9skor add meg a h\u00e1zsz\u00e1mot, utcanevet vagy b\u00e1rmilyen feliratot, amit a ker\u00edt\u00e9sen szeretn\u00e9l l\u00e1tni. A t\u00e9gla ar\u00e1nyokhoz igaz\u00edtjuk a bet\u0171m\u00e9retet, hogy a sz\u00f6veg ar\u00e1nyosan \u00e9s j\u00f3l olvashat\u00f3an t\u00f6ltse ki a fekv\u0151 fel\u00fcletet.\n\nMIRE J\u00d3?\n\nA ker\u00edt\u00e9s sz\u00e1m els\u0151sorban azoknak k\u00e9sz\u00fclt, akikn\u00e9l a h\u00e1zsz\u00e1m nem a h\u00e1zon, hanem a ker\u00edt\u00e9sen helyezkedik el. Ez Magyarorsz\u00e1gon nagyon gyakori: a kertes csal\u00e1di h\u00e1zak t\u00f6bbs\u00e9g\u00e9n\u00e9l a ker\u00edt\u00e9sen vagy a ker\u00edt\u00e9sl\u00e1bazaton van a h\u00e1zsz\u00e1m, mert az utc\u00e1r\u00f3l ez l\u00e1tszik el\u0151sz\u00f6r. Fel\u00faj\u00edtott ker\u00edt\u00e9sre, \u00faj ker\u00edt\u00e9sre, de r\u00e9gi ker\u00edt\u00e9s meg\u00faj\u00edt\u00e1s\u00e1ra is kiv\u00e1l\u00f3 v\u00e1laszt\u00e1s. K\u00f6lt\u00f6z\u00e9skor, h\u00e1zavat\u00f3ra, tavaszi kertsz\u00e9p\u00edt\u00e9skor a ker\u00edt\u00e9s h\u00e1zsz\u00e1m cser\u00e9je az egyik legegyszer\u0171bb \u00e9s leghat\u00e1sosabb l\u00e9p\u00e9s. Sz\u00fclet\u00e9snapra, n\u00e9vnapra, kar\u00e1csonyra is remek aj\u00e1nd\u00e9k.\n\nKAPCSOL\u00d3D\u00d3 TERM\u00c9KEK\n\nHa a ker\u00edt\u00e9s sz\u00e1m mell\u00e9 a kapura is szeretn\u00e9l h\u00e1zsz\u00e1mot, n\u00e9zd meg a kapusz\u00e1m v\u00e1ltozatunkat. A postal\u00e1d\u00e1ra kompakt \u00f6n\u00e1ll\u00f3 sz\u00e1mjegyeket aj\u00e1nlunk. Kuty\u00e1s csal\u00e1d? A mopsz, tacsk\u00f3, golden retriever, n\u00e9met juh\u00e1sz vagy corgi h\u00e1zsz\u00e1mt\u00e1bl\u00e1k a ker\u00edt\u00e9sen is remek\u00fcl mutatnak. Ha a teljes bej\u00e1ratot egys\u00e9ges st\u00edlusban szeretn\u00e9d, az eleg\u00e1ns vintage utcan\u00e9vt\u00e1bl\u00e1nk pont erre val\u00f3.\n\nMinden term\u00e9k\u00fcnket egyedileg, rendel\u00e9sre k\u00e9sz\u00edtj\u00fck. K\u00e9rd\u00e9sed van? \u00cdrj b\u00e1tran, gyorsan v\u00e1laszolunk. N\u00e9zd meg a Darimi bolt t\u00f6bbi term\u00e9k\u00e9t is.","price":"5490.00","unit":"db","recommended":"0","status":"1","sponsored":"0","exp_notify":"0","own_material":"0","own_material_description_old":null,"own_material_description":"","jury":"0","jury_number":"","product_nature":"","meskaracsony":"0","create_date":"2026-02-28 20:44:57","shelve_id":"79630","image":"darimi_product_702579_251114114440_698435.png","image_width":"480","image_height":"480","image_alt":"Ker\u00edt\u00e9s sz\u00e1m egyedi k\u00fclt\u00e9ri - UV-\u00e1ll\u00f3 ASA h\u00e1zsz\u00e1m ker\u00edt\u00e9sre, ker\u00edt\u00e9sl\u00e1bazatra, ker\u00edt\u00e9soszlopra, Egyedi ker\u00edt\u00e9s sz\u00e1m, amelyet kifejezetten ker\u00edt\u00e9sre, ker\u00edt\u00e9sl\u00e1bazatra \u00e9s ker\u00edt\u00e9soszlopra tervezt\u00fcnk...., Meska","image_title":"Ker\u00edt\u00e9s sz\u00e1m egyedi k\u00fclt\u00e9ri - UV-\u00e1ll\u00f3 ASA h\u00e1zsz\u00e1m ker\u00edt\u00e9sre, ker\u00edt\u00e9sl\u00e1bazatra, ker\u00edt\u00e9soszlopra, Meska","view_count":"72","favourite_count":"0","trending_score":"0","last2MonthFavouriteCount":"0","promotion":"0","giftcard_accept":"0","creditcard_accept":true,"enhanced_background":"0","domain":"meska","specific_customer_id":null,"specific_customer_name":null,"to_order_product":"1","to_order_product_time":"1","product_different":null,"product_different_description":"","vintage":"0","vintage_category_id":"0","recycled":"0","gemstone_id":"0","customizable":"1","type_category":"physical","zerowaste":"0","postage_price":"1349.00","shop_order":"0","has_category":"1","landing_pages":null,"microdata":{"number":77,"category":""},"title":"Ker\u00edt\u00e9s sz\u00e1m egyedi k\u00fclt\u00e9ri - UV-\u00e1ll\u00f3 ASA h\u00e1zsz\u00e1m ker\u00edt\u00e9sre, ker\u00edt\u00e9sl\u00e1bazatra, ker\u00edt\u00e9soszlopra","description":"Egyedi ker\u00edt\u00e9s sz\u00e1m, amelyet kifejezetten ker\u00edt\u00e9sre, ker\u00edt\u00e9sl\u00e1bazatra \u00e9s ker\u00edt\u00e9soszlopra tervezt\u00fcnk. A fekv\u0151 t\u00e9gla forma ar\u00e1nyai t\u00f6k\u00e9letesen illeszkednek a ker\u00edt\u00e9sek v\u00edzszintes fel\u00fcleteihez: a ker\u00edt\u00e9sl\u00e1bazat tetej\u00e9re, a ker\u00edt\u00e9soszlop s\u00edk oldal\u00e1ra vagy a ker\u00edt\u00e9s kapubet\u00e9tj\u00e9re egyar\u00e1nt harmonikusan helyezhet\u0151. Ha a h\u00e1zsz\u00e1mod a ker\u00edt\u00e9sen van, \u00e9s nem a h\u00e1zon, ez a forma vizu\u00e1lisan a legjobb v\u00e1laszt\u00e1s.\n\nM\u00c9RETEK\n\nA ker\u00edt\u00e9s sz\u00e1m n\u00e9gy m\u00e9retben rendelhet\u0151, fekv\u0151 t\u00e9gla ar\u00e1nyban (kb. 2,5:1):\n- S: 20 x 8 cm - kisebb ker\u00edt\u00e9sl\u00e9cekhez, keskeny oszlopokhoz\n- M: 30 x 12 cm - \u00e1tlagos ker\u00edt\u00e9sl\u00e1bazathoz, a legn\u00e9pszer\u0171bb m\u00e9ret\n- L: 35 x 14 cm - nagyobb ker\u00edt\u00e9soszlopokhoz, j\u00f3l olvashat\u00f3 t\u00e1volr\u00f3l\n- XL: 40 x 16 cm - sz\u00e9les ker\u00edt\u00e9sl\u00e1bazathoz, utcafrontr\u00f3l is kit\u0171n\u0151en l\u00e1that\u00f3\n\nA vastags\u00e1g 1,6 mm-t\u0151l 5 mm-ig v\u00e1laszthat\u00f3. Ker\u00edt\u00e9sre a 2,5-3 mm-es vastags\u00e1g a legjobb kompromisszum: tart\u00f3s, massz\u00edv \u00e9rzet, de nem \u00e1ll ki t\u00fals\u00e1gosan a ker\u00edt\u00e9s s\u00edkj\u00e1b\u00f3l. A v\u00e9konyabb v\u00e1ltozat diszkr\u00e9tebb, a vastagabb hat\u00e1rozottabb megjelen\u00e9st ad.\n\nHa nem vagy biztos a m\u00e9retben, m\u00e9rd le a ker\u00edt\u00e9s szabad fel\u00fclet\u00e9t, \u00e9s javasoljuk, hogy a 30x12 cm-es m\u00e9retb\u0151l indulj ki, mert ez a legt\u00f6bb ker\u00edt\u00e9st\u00edpushoz j\u00f3l passzol.\n\nSZ\u00cdNEK\n\nNyolc RAL ipari sz\u00edn k\u00f6z\u00fcl v\u00e1laszthatsz, \u00e9s egyedi sz\u00edn is k\u00e9rhet\u0151. K\u0151 vagy t\u00e9gla ker\u00edt\u00e9sl\u00e1bazathoz a kontrasztos megold\u00e1s a legolvashat\u00f3bb: s\u00f6t\u00e9t alapra vil\u00e1gos felirat, vagy ford\u00edtva. F\u00e9m ker\u00edt\u00e9shez, amely gyakran antracit vagy z\u00f6ld, a feh\u00e9r vagy kr\u00e9msz\u00edn\u0171 felirat eleg\u00e1ns. Fa ker\u00edt\u00e9shez a term\u00e9szetes barna t\u00f3nusok vagy \u00e9ppen a felt\u0171n\u0151 fekete-feh\u00e9r kombin\u00e1ci\u00f3 mutat j\u00f3l. A sz\u00edn az anyag teljes vastags\u00e1g\u00e1ban v\u00e9gigmegy, nem festett r\u00e9teg, \u00edgy nem kopik le. Prusa XL 5T nyomtat\u00f3val ak\u00e1r 5 sz\u00edn k\u00e9sz\u00fclhet fest\u00e9s n\u00e9lk\u00fcl.\n\nANYAG\n\nAz ASA (Acrylonitrile Styrene Acrylate) ipari m\u0171anyag k\u00fclt\u00e9ri haszn\u00e1latra fejlesztett anyag. UV-\u00e1ll\u00f3, es\u0151\u00e1ll\u00f3, fagy\u00e1ll\u00f3: -30 fokt\u00f3l +80 fokig megtartja form\u00e1j\u00e1t \u00e9s sz\u00edn\u00e9t. A ker\u00edt\u00e9s az id\u0151j\u00e1r\u00e1snak legink\u00e1bb kitett fel\u00fclet a telken, ez\u00e9rt itt k\u00fcl\u00f6n\u00f6sen fontos a tart\u00f3ss\u00e1g. Ez a h\u00e1zsz\u00e1m nem fakul, nem s\u00e1rgul, nem reped, \u00e9s legal\u00e1bb 10 \u00e9vig kifog\u00e1stalanul szolg\u00e1l k\u00fclt\u00e9ren. A szat\u00e9n fel\u00fclet kellemes tapint\u00e1s\u00fa, nem t\u00fckr\u00f6z\u0151dik, \u00e9s nedves ronggyal k\u00f6nnyen tiszt\u00edthat\u00f3.\n\nR\u00d6GZ\u00cdT\u00c9S\n\nA t\u00e1bla s\u00edk fel\u00fclet\u0171, nem dombor\u00fa. Ker\u00edt\u00e9sre r\u00f6gz\u00edteni k\u00fclt\u00e9ri \u00e9p\u00edt\u00e9si ragaszt\u00f3val a legegyszer\u0171bb: h\u00e1tlapra felkenni, a ker\u00edt\u00e9s fel\u00fclet\u00e9hez nyomni, k\u00e9sz. K\u0151 \u00e9s t\u00e9gla ker\u00edt\u00e9sl\u00e1bazaton a por\u00f3zus fel\u00fclet kit\u0171n\u0151 tapad\u00e1st biztos\u00edt. Vakolaton, beton ker\u00edt\u00e9selemen \u00e9s f\u00e9m ker\u00edt\u00e9sen is megb\u00edzhat\u00f3an tart. Fa ker\u00edt\u00e9sen lakkozott fel\u00fcleten \u00e9rdemes el\u0151tte finoman megcsiszolni a ragaszt\u00e1si pontot. Ha furatokkal szeretn\u00e9d r\u00f6gz\u00edteni, jelezd rendel\u00e9skor.\n\nRENDEL\u00c9S\n\nRendel\u00e9skor add meg a h\u00e1zsz\u00e1mot, utcanevet vagy b\u00e1rmilyen feliratot, amit a ker\u00edt\u00e9sen szeretn\u00e9l l\u00e1tni. A t\u00e9gla ar\u00e1nyokhoz igaz\u00edtjuk a bet\u0171m\u00e9retet, hogy a sz\u00f6veg ar\u00e1nyosan \u00e9s j\u00f3l olvashat\u00f3an t\u00f6ltse ki a fekv\u0151 fel\u00fcletet.\n\nMIRE J\u00d3?\n\nA ker\u00edt\u00e9s sz\u00e1m els\u0151sorban azoknak k\u00e9sz\u00fclt, akikn\u00e9l a h\u00e1zsz\u00e1m nem a h\u00e1zon, hanem a ker\u00edt\u00e9sen helyezkedik el. Ez Magyarorsz\u00e1gon nagyon gyakori: a kertes csal\u00e1di h\u00e1zak t\u00f6bbs\u00e9g\u00e9n\u00e9l a ker\u00edt\u00e9sen vagy a ker\u00edt\u00e9sl\u00e1bazaton van a h\u00e1zsz\u00e1m, mert az utc\u00e1r\u00f3l ez l\u00e1tszik el\u0151sz\u00f6r. Fel\u00faj\u00edtott ker\u00edt\u00e9sre, \u00faj ker\u00edt\u00e9sre, de r\u00e9gi ker\u00edt\u00e9s meg\u00faj\u00edt\u00e1s\u00e1ra is kiv\u00e1l\u00f3 v\u00e1laszt\u00e1s. K\u00f6lt\u00f6z\u00e9skor, h\u00e1zavat\u00f3ra, tavaszi kertsz\u00e9p\u00edt\u00e9skor a ker\u00edt\u00e9s h\u00e1zsz\u00e1m cser\u00e9je az egyik legegyszer\u0171bb \u00e9s leghat\u00e1sosabb l\u00e9p\u00e9s. Sz\u00fclet\u00e9snapra, n\u00e9vnapra, kar\u00e1csonyra is remek aj\u00e1nd\u00e9k.\n\nKAPCSOL\u00d3D\u00d3 TERM\u00c9KEK\n\nHa a ker\u00edt\u00e9s sz\u00e1m mell\u00e9 a kapura is szeretn\u00e9l h\u00e1zsz\u00e1mot, n\u00e9zd meg a kapusz\u00e1m v\u00e1ltozatunkat. A postal\u00e1d\u00e1ra kompakt \u00f6n\u00e1ll\u00f3 sz\u00e1mjegyeket aj\u00e1nlunk. Kuty\u00e1s csal\u00e1d? A mopsz, tacsk\u00f3, golden retriever, n\u00e9met juh\u00e1sz vagy corgi h\u00e1zsz\u00e1mt\u00e1bl\u00e1k a ker\u00edt\u00e9sen is remek\u00fcl mutatnak. Ha a teljes bej\u00e1ratot egys\u00e9ges st\u00edlusban szeretn\u00e9d, az eleg\u00e1ns vintage utcan\u00e9vt\u00e1bl\u00e1nk pont erre val\u00f3.\n\nMinden term\u00e9k\u00fcnket egyedileg, rendel\u00e9sre k\u00e9sz\u00edtj\u00fck. K\u00e9rd\u00e9sed van? \u00cdrj b\u00e1tran, gyorsan v\u00e1laszolunk. N\u00e9zd meg a Darimi bolt t\u00f6bbi term\u00e9k\u00e9t is.","score":0,"formatted_price":"5 490 Ft","image_url":"https:\/\/www.meska.hu\/img\/product\/small\/d\/a\/darimi_product_702579_251114114440_698435.png","formatted_url":"https:\/\/www.meska.hu\/p5743074-kerites-szam-egyedi-kulteri-uv-allo-asa-hazszam-keritesre-keriteslabazatra-keritesoszlopra","favourite":false,"in_stock":false,"avatar":"702579_avatar_1739694015.jpeg","delete_from":0,"is_enhanced_background":false,"is_enhanced":false,"product_selection_started":false,"is_active":true,"image_webp_url":"https:\/\/www.meska.hu\/img\/product\/small\/d\/a\/darimi_product_702579_251114114440_698435.webp"},{"id":"6132679","shop_id":"47945","user_id":"702579","shop_name":"Darimi","shop_zip":"2030","product_code":"5743073","product_name_old":null,"product_name":"Kapusz\u00e1m t\u00e1bla egyedi k\u00fclt\u00e9ri - UV-\u00e1ll\u00f3 ASA kapura szerelhet\u0151 h\u00e1zsz\u00e1m, ragaszthat\u00f3, minden kapuanyaghoz","category_string":"Otthon & \u00c9letm\u00f3d, H\u00e1z & Kert, H\u00e1zsz\u00e1m","technic_string":"Mindenm\u00e1s","category_1":"813","category_2":"897","category_3":"431","category_4":"0","merged_category_1":null,"merged_category_2":null,"merged_category_3":null,"technic_1":"493","technic_2":"0","technic_3":"0","color_1":"519","color_2":"520","color_3":"527","product_description_old":null,"product_description":"Egyedi kapusz\u00e1m t\u00e1bla, amelyet kifejezetten bej\u00e1rati kapura tervezt\u00fcnk. Legyen a kapud f\u00e9m, fa, k\u0151 vagy m\u0171anyag, ez a t\u00e1bla megb\u00edzhat\u00f3an r\u00f6gz\u00edthet\u0151 r\u00e1 k\u00fclt\u00e9ri \u00e9p\u00edt\u00e9si ragaszt\u00f3val. A kapusz\u00e1m az els\u0151 dolog, amit a vend\u00e9gek, fut\u00e1rok \u00e9s post\u00e1s megl\u00e1tnak, amikor meg\u00e9rkeznek hozz\u00e1d. Ha a kapudon m\u00e9g mindig az eredeti, megkopott, rozsd\u00e1s vagy hi\u00e1nyz\u00f3 sz\u00e1m van, ideje lecser\u00e9lni egy olyan kapusz\u00e1mra, amely \u00e9vekig sz\u00e9p marad.\n\nM\u00c9RETEK\n\nA kapusz\u00e1m t\u00e1bla \u00f6t m\u00e9retben rendelhet\u0151, hogy b\u00e1rmilyen kapuhoz illeszkedjen:\n- S: 20 x 8 cm - kisebb kapukhoz, kerti ajt\u00f3khoz\n- M: 30 x 12 cm - \u00e1tlagos bej\u00e1rati kapuhoz, ez a legn\u00e9pszer\u0171bb m\u00e9ret\n- L: 35 x 14 cm - nagyobb kapuhoz, j\u00f3l olvashat\u00f3 t\u00e1volr\u00f3l is\n- XL: 40 x 16 cm - sz\u00e9les kapuhoz, utcafrontr\u00f3l is kit\u0171n\u0151en l\u00e1that\u00f3\n- Extra: 42-45 cm sz\u00e9less\u00e9gig - igaz\u00e1n nagy, impoz\u00e1ns kapusz\u00e1m\n\nA vastags\u00e1g 1,6 mm-t\u0151l 5 mm-ig v\u00e1laszthat\u00f3. A 2,5-3 mm-es vastags\u00e1g a legjobb v\u00e1laszt\u00e1s kapura, mert k\u00e9zbe v\u00e9ve is min\u0151s\u00e9gi \u00e9rz\u00e9st ad, de nem \u00e1ll ki t\u00fals\u00e1gosan a kapu fel\u00fclet\u00e9b\u0151l. A v\u00e9konyabb 1,6-2 mm-es v\u00e1ltozat diszkr\u00e9tebb, a 4-5 mm-es pedig massz\u00edv, hat\u00e1rozott megjelen\u00e9st biztos\u00edt.\n\nSZ\u00cdNEK\n\nA sz\u00edn RAL ipari sz\u00ednrendszerben \u00e9rhet\u0151 el, \u00edgy pontosan a kapud sz\u00edn\u00e9hez illesztheted. F\u00e9m kapuhoz az antracit sz\u00fcrke, a fekete-feh\u00e9r kombin\u00e1ci\u00f3 vagy a matt ez\u00fcst \u00e1rnyalat k\u00fcl\u00f6n\u00f6sen eleg\u00e1ns. Fa kapuhoz a kr\u00e9mfeh\u00e9r, a s\u00f6t\u00e9tbarna vagy a term\u00e9szetes z\u00f6ld mutat remek\u00fcl. K\u0151pill\u00e9rre r\u00f6gz\u00edtve a kontrasztos megold\u00e1sok a leghat\u00e1sosabbak. Egyedi RAL sz\u00edn is k\u00e9rhet\u0151, ha a kapud szokatlan sz\u00edn\u0171. A Prusa XL 5T nyomtat\u00f3 ak\u00e1r 5 sz\u00edn felhaszn\u00e1l\u00e1s\u00e1val k\u00e9sz\u00edti el a t\u00e1bl\u00e1t fest\u00e9s n\u00e9lk\u00fcl, \u00edgy a sz\u00edn az anyag teljes vastags\u00e1g\u00e1ban v\u00e9gigmegy.\n\nANYAG\n\nAz ASA (Acrylonitrile Styrene Acrylate) ipari m\u0171anyag kifejezetten k\u00fclt\u00e9ri alkalmaz\u00e1sra k\u00e9sz\u00fclt. UV-\u00e1ll\u00f3, es\u0151\u00e1ll\u00f3, fagy\u00e1ll\u00f3: -30 fokt\u00f3l +80 fokig megb\u00edzhat\u00f3an helyt\u00e1ll. Nem fakul a napon, nem \u00e1zik el az es\u0151ben, nem reped a fagyban. A k\u00fclt\u00e9ri \u00e9lettartam meghaladja a 10 \u00e9vet. A szat\u00e9n fel\u00fclet\u0171 t\u00e1bla kellemes tapint\u00e1s\u00fa, nem t\u00fckr\u00f6z\u0151dik, \u00e9s nedves ronggyal pillanatok alatt let\u00f6r\u00f6lhet\u0151. A sz\u00edn nem festett r\u00e9teg, hanem a teljes anyagt\u00f6meg egys\u00e9gesen sz\u00ednes, \u00edgy karcol\u00e1s eset\u00e9n sem j\u00f6n el\u0151 m\u00e1s sz\u00edn alatta.\n\nR\u00d6GZ\u00cdT\u00c9S\n\nA t\u00e1bla s\u00edk fel\u00fclet\u0171, nem dombor\u00fa. Kapura r\u00f6gz\u00edteni k\u00fclt\u00e9ri \u00e9p\u00edt\u00e9si ragaszt\u00f3val a legegyszer\u0171bb. F\u00e9m kapun k\u00fcl\u00f6n\u00f6sen j\u00f3l tart, mert a sima fel\u00fclet maxim\u00e1lis tapad\u00e1st biztos\u00edt. Fa kapun a ragaszt\u00e1s szint\u00e9n megb\u00edzhat\u00f3, de lakkozott fel\u00fcleten \u00e9rdemes el\u0151tte finoman megcsiszolni a ragaszt\u00e1si pontot. K\u0151pill\u00e9ren \u00e9s vakolaton is kit\u0171n\u0151en tart. Ha csavaros r\u00f6gz\u00edt\u00e9st szeretn\u00e9l, a t\u00e1bla furatokkal is k\u00e9rhet\u0151, csak jelezd rendel\u00e9skor a k\u00edv\u00e1nt lyuksz\u00e1mot \u00e9s poz\u00edci\u00f3t.\n\nRENDEL\u00c9S\n\nRendel\u00e9skor add meg a h\u00e1zsz\u00e1mot, utcanevet vagy b\u00e1rmilyen feliratot, amit a kapusz\u00e1mon szeretn\u00e9l l\u00e1tni. V\u00e1laszd ki a m\u00e9retet, vastags\u00e1got \u00e9s a sz\u00ednt. Ha nem vagy biztos a m\u00e9retben, m\u00e9rd le a kapu szabad fel\u00fclet\u00e9t, \u00e9s seg\u00edt\u00fcnk a v\u00e1laszt\u00e1sban.\n\nMIRE J\u00d3?\n\nA kapusz\u00e1m t\u00e1bla a leggyakoribb felhaszn\u00e1l\u00e1s: a legt\u00f6bb h\u00e1ztart\u00e1sban a kapura ker\u00fcl a h\u00e1zsz\u00e1m. \u00daj kapuhoz, fel\u00faj\u00edtott bej\u00e1rathoz, de r\u00e9gi kapu meg\u00faj\u00edt\u00e1s\u00e1hoz is remek v\u00e1laszt\u00e1s. K\u00f6lt\u00f6z\u00e9skor, h\u00e1zavat\u00f3kor az egyik legels\u0151 tennival\u00f3, hogy a bej\u00e1rat sz\u00e9p \u00e9s informat\u00edv legyen. Sz\u00fclet\u00e9snapra, n\u00e9vnapra, kar\u00e1csonyra is kedves aj\u00e1nd\u00e9k, k\u00fcl\u00f6n\u00f6sen annak, aki nemr\u00e9g k\u00f6lt\u00f6z\u00f6tt \u00faj otthonba vagy \u00e9ppen fel\u00faj\u00edt.\n\nKAPCSOL\u00d3D\u00d3 TERM\u00c9KEK\n\nHa a kapusz\u00e1m mell\u00e9 a ker\u00edt\u00e9sre is szeretn\u00e9l egys\u00e9ges sz\u00e1moz\u00e1st, n\u00e9zd meg a fekv\u0151 t\u00e9gla form\u00e1tum\u00fa h\u00e1zsz\u00e1mt\u00e1bl\u00e1inkat. A postal\u00e1d\u00e1ra kompakt \u00f6n\u00e1ll\u00f3 sz\u00e1mjegyeket aj\u00e1nlunk, amelyek ugyanebben a min\u0151s\u00e9gben \u00e9s sz\u00ednben k\u00e9sz\u00fclnek. Kuty\u00e1s csal\u00e1d? A mopsz, tacsk\u00f3, golden retriever, n\u00e9met juh\u00e1sz vagy corgi h\u00e1zsz\u00e1mt\u00e1bl\u00e1k a kapun is remek\u00fcl mutatnak. Cic\u00e1s otthonba a macsk\u00e1s v\u00e1ltozatot aj\u00e1nljuk. Ha teljesen egyedi designt szeretn\u00e9l, a teljesen egyedi h\u00e1zsz\u00e1mt\u00e1bl\u00e1val b\u00e1rmilyen mot\u00edvumot megval\u00f3s\u00edthatunk.\n\nMinden term\u00e9k\u00fcnket egyedileg, rendel\u00e9sre k\u00e9sz\u00edtj\u00fck. K\u00e9rd\u00e9sed van? \u00cdrj b\u00e1tran, gyorsan v\u00e1laszolunk. N\u00e9zd meg a t\u00f6bbi term\u00e9k\u00fcnket is a Darimi boltban, h\u00e1tha tal\u00e1lsz m\u00e9g valamit, ami tetszik.","price":"5490.00","unit":"db","recommended":"0","status":"1","sponsored":"0","exp_notify":"0","own_material":"0","own_material_description_old":null,"own_material_description":"","jury":"0","jury_number":"","product_nature":"","meskaracsony":"0","create_date":"2026-02-28 20:44:15","shelve_id":"79630","image":"darimi_product_702579_250719234219_822364.png","image_width":"480","image_height":"398","image_alt":"Kapusz\u00e1m t\u00e1bla egyedi k\u00fclt\u00e9ri - UV-\u00e1ll\u00f3 ASA kapura szerelhet\u0151 h\u00e1zsz\u00e1m, ragaszthat\u00f3, minden kapuanyaghoz, Egyedi kapusz\u00e1m t\u00e1bla, amelyet kifejezetten bej\u00e1rati kapura tervezt\u00fcnk. Legyen a kapud f\u00e9m, fa, k\u0151 v..., Meska","image_title":"Kapusz\u00e1m t\u00e1bla egyedi k\u00fclt\u00e9ri - UV-\u00e1ll\u00f3 ASA kapura szerelhet\u0151 h\u00e1zsz\u00e1m, ragaszthat\u00f3, minden kapuanyaghoz, Meska","view_count":"83","favourite_count":"0","trending_score":"0","last2MonthFavouriteCount":"0","promotion":"0","giftcard_accept":"0","creditcard_accept":true,"enhanced_background":"0","domain":"meska","specific_customer_id":null,"specific_customer_name":null,"to_order_product":"1","to_order_product_time":"1","product_different":null,"product_different_description":"","vintage":"0","vintage_category_id":"0","recycled":"0","gemstone_id":"0","customizable":"1","type_category":"physical","zerowaste":"0","postage_price":"1349.00","shop_order":"0","has_category":"1","landing_pages":null,"microdata":{"number":78,"category":""},"title":"Kapusz\u00e1m t\u00e1bla egyedi k\u00fclt\u00e9ri - UV-\u00e1ll\u00f3 ASA kapura szerelhet\u0151 h\u00e1zsz\u00e1m, ragaszthat\u00f3, minden kapuanyaghoz","description":"Egyedi kapusz\u00e1m t\u00e1bla, amelyet kifejezetten bej\u00e1rati kapura tervezt\u00fcnk. Legyen a kapud f\u00e9m, fa, k\u0151 vagy m\u0171anyag, ez a t\u00e1bla megb\u00edzhat\u00f3an r\u00f6gz\u00edthet\u0151 r\u00e1 k\u00fclt\u00e9ri \u00e9p\u00edt\u00e9si ragaszt\u00f3val. A kapusz\u00e1m az els\u0151 dolog, amit a vend\u00e9gek, fut\u00e1rok \u00e9s post\u00e1s megl\u00e1tnak, amikor meg\u00e9rkeznek hozz\u00e1d. Ha a kapudon m\u00e9g mindig az eredeti, megkopott, rozsd\u00e1s vagy hi\u00e1nyz\u00f3 sz\u00e1m van, ideje lecser\u00e9lni egy olyan kapusz\u00e1mra, amely \u00e9vekig sz\u00e9p marad.\n\nM\u00c9RETEK\n\nA kapusz\u00e1m t\u00e1bla \u00f6t m\u00e9retben rendelhet\u0151, hogy b\u00e1rmilyen kapuhoz illeszkedjen:\n- S: 20 x 8 cm - kisebb kapukhoz, kerti ajt\u00f3khoz\n- M: 30 x 12 cm - \u00e1tlagos bej\u00e1rati kapuhoz, ez a legn\u00e9pszer\u0171bb m\u00e9ret\n- L: 35 x 14 cm - nagyobb kapuhoz, j\u00f3l olvashat\u00f3 t\u00e1volr\u00f3l is\n- XL: 40 x 16 cm - sz\u00e9les kapuhoz, utcafrontr\u00f3l is kit\u0171n\u0151en l\u00e1that\u00f3\n- Extra: 42-45 cm sz\u00e9less\u00e9gig - igaz\u00e1n nagy, impoz\u00e1ns kapusz\u00e1m\n\nA vastags\u00e1g 1,6 mm-t\u0151l 5 mm-ig v\u00e1laszthat\u00f3. A 2,5-3 mm-es vastags\u00e1g a legjobb v\u00e1laszt\u00e1s kapura, mert k\u00e9zbe v\u00e9ve is min\u0151s\u00e9gi \u00e9rz\u00e9st ad, de nem \u00e1ll ki t\u00fals\u00e1gosan a kapu fel\u00fclet\u00e9b\u0151l. A v\u00e9konyabb 1,6-2 mm-es v\u00e1ltozat diszkr\u00e9tebb, a 4-5 mm-es pedig massz\u00edv, hat\u00e1rozott megjelen\u00e9st biztos\u00edt.\n\nSZ\u00cdNEK\n\nA sz\u00edn RAL ipari sz\u00ednrendszerben \u00e9rhet\u0151 el, \u00edgy pontosan a kapud sz\u00edn\u00e9hez illesztheted. F\u00e9m kapuhoz az antracit sz\u00fcrke, a fekete-feh\u00e9r kombin\u00e1ci\u00f3 vagy a matt ez\u00fcst \u00e1rnyalat k\u00fcl\u00f6n\u00f6sen eleg\u00e1ns. Fa kapuhoz a kr\u00e9mfeh\u00e9r, a s\u00f6t\u00e9tbarna vagy a term\u00e9szetes z\u00f6ld mutat remek\u00fcl. K\u0151pill\u00e9rre r\u00f6gz\u00edtve a kontrasztos megold\u00e1sok a leghat\u00e1sosabbak. Egyedi RAL sz\u00edn is k\u00e9rhet\u0151, ha a kapud szokatlan sz\u00edn\u0171. A Prusa XL 5T nyomtat\u00f3 ak\u00e1r 5 sz\u00edn felhaszn\u00e1l\u00e1s\u00e1val k\u00e9sz\u00edti el a t\u00e1bl\u00e1t fest\u00e9s n\u00e9lk\u00fcl, \u00edgy a sz\u00edn az anyag teljes vastags\u00e1g\u00e1ban v\u00e9gigmegy.\n\nANYAG\n\nAz ASA (Acrylonitrile Styrene Acrylate) ipari m\u0171anyag kifejezetten k\u00fclt\u00e9ri alkalmaz\u00e1sra k\u00e9sz\u00fclt. UV-\u00e1ll\u00f3, es\u0151\u00e1ll\u00f3, fagy\u00e1ll\u00f3: -30 fokt\u00f3l +80 fokig megb\u00edzhat\u00f3an helyt\u00e1ll. Nem fakul a napon, nem \u00e1zik el az es\u0151ben, nem reped a fagyban. A k\u00fclt\u00e9ri \u00e9lettartam meghaladja a 10 \u00e9vet. A szat\u00e9n fel\u00fclet\u0171 t\u00e1bla kellemes tapint\u00e1s\u00fa, nem t\u00fckr\u00f6z\u0151dik, \u00e9s nedves ronggyal pillanatok alatt let\u00f6r\u00f6lhet\u0151. A sz\u00edn nem festett r\u00e9teg, hanem a teljes anyagt\u00f6meg egys\u00e9gesen sz\u00ednes, \u00edgy karcol\u00e1s eset\u00e9n sem j\u00f6n el\u0151 m\u00e1s sz\u00edn alatta.\n\nR\u00d6GZ\u00cdT\u00c9S\n\nA t\u00e1bla s\u00edk fel\u00fclet\u0171, nem dombor\u00fa. Kapura r\u00f6gz\u00edteni k\u00fclt\u00e9ri \u00e9p\u00edt\u00e9si ragaszt\u00f3val a legegyszer\u0171bb. F\u00e9m kapun k\u00fcl\u00f6n\u00f6sen j\u00f3l tart, mert a sima fel\u00fclet maxim\u00e1lis tapad\u00e1st biztos\u00edt. Fa kapun a ragaszt\u00e1s szint\u00e9n megb\u00edzhat\u00f3, de lakkozott fel\u00fcleten \u00e9rdemes el\u0151tte finoman megcsiszolni a ragaszt\u00e1si pontot. K\u0151pill\u00e9ren \u00e9s vakolaton is kit\u0171n\u0151en tart. Ha csavaros r\u00f6gz\u00edt\u00e9st szeretn\u00e9l, a t\u00e1bla furatokkal is k\u00e9rhet\u0151, csak jelezd rendel\u00e9skor a k\u00edv\u00e1nt lyuksz\u00e1mot \u00e9s poz\u00edci\u00f3t.\n\nRENDEL\u00c9S\n\nRendel\u00e9skor add meg a h\u00e1zsz\u00e1mot, utcanevet vagy b\u00e1rmilyen feliratot, amit a kapusz\u00e1mon szeretn\u00e9l l\u00e1tni. V\u00e1laszd ki a m\u00e9retet, vastags\u00e1got \u00e9s a sz\u00ednt. Ha nem vagy biztos a m\u00e9retben, m\u00e9rd le a kapu szabad fel\u00fclet\u00e9t, \u00e9s seg\u00edt\u00fcnk a v\u00e1laszt\u00e1sban.\n\nMIRE J\u00d3?\n\nA kapusz\u00e1m t\u00e1bla a leggyakoribb felhaszn\u00e1l\u00e1s: a legt\u00f6bb h\u00e1ztart\u00e1sban a kapura ker\u00fcl a h\u00e1zsz\u00e1m. \u00daj kapuhoz, fel\u00faj\u00edtott bej\u00e1rathoz, de r\u00e9gi kapu meg\u00faj\u00edt\u00e1s\u00e1hoz is remek v\u00e1laszt\u00e1s. K\u00f6lt\u00f6z\u00e9skor, h\u00e1zavat\u00f3kor az egyik legels\u0151 tennival\u00f3, hogy a bej\u00e1rat sz\u00e9p \u00e9s informat\u00edv legyen. Sz\u00fclet\u00e9snapra, n\u00e9vnapra, kar\u00e1csonyra is kedves aj\u00e1nd\u00e9k, k\u00fcl\u00f6n\u00f6sen annak, aki nemr\u00e9g k\u00f6lt\u00f6z\u00f6tt \u00faj otthonba vagy \u00e9ppen fel\u00faj\u00edt.\n\nKAPCSOL\u00d3D\u00d3 TERM\u00c9KEK\n\nHa a kapusz\u00e1m mell\u00e9 a ker\u00edt\u00e9sre is szeretn\u00e9l egys\u00e9ges sz\u00e1moz\u00e1st, n\u00e9zd meg a fekv\u0151 t\u00e9gla form\u00e1tum\u00fa h\u00e1zsz\u00e1mt\u00e1bl\u00e1inkat. A postal\u00e1d\u00e1ra kompakt \u00f6n\u00e1ll\u00f3 sz\u00e1mjegyeket aj\u00e1nlunk, amelyek ugyanebben a min\u0151s\u00e9gben \u00e9s sz\u00ednben k\u00e9sz\u00fclnek. Kuty\u00e1s csal\u00e1d? A mopsz, tacsk\u00f3, golden retriever, n\u00e9met juh\u00e1sz vagy corgi h\u00e1zsz\u00e1mt\u00e1bl\u00e1k a kapun is remek\u00fcl mutatnak. Cic\u00e1s otthonba a macsk\u00e1s v\u00e1ltozatot aj\u00e1nljuk. Ha teljesen egyedi designt szeretn\u00e9l, a teljesen egyedi h\u00e1zsz\u00e1mt\u00e1bl\u00e1val b\u00e1rmilyen mot\u00edvumot megval\u00f3s\u00edthatunk.\n\nMinden term\u00e9k\u00fcnket egyedileg, rendel\u00e9sre k\u00e9sz\u00edtj\u00fck. K\u00e9rd\u00e9sed van? \u00cdrj b\u00e1tran, gyorsan v\u00e1laszolunk. N\u00e9zd meg a t\u00f6bbi term\u00e9k\u00fcnket is a Darimi boltban, h\u00e1tha tal\u00e1lsz m\u00e9g valamit, ami tetszik.","score":0,"formatted_price":"5 490 Ft","image_url":"https:\/\/www.meska.hu\/img\/product\/small\/d\/a\/darimi_product_702579_250719234219_822364.png","formatted_url":"https:\/\/www.meska.hu\/p5743073-kapuszam-tabla-egyedi-kulteri-uv-allo-asa-kapura-szerelheto-hazszam-ragaszthato-minden-kapuanyaghoz","favourite":false,"in_stock":false,"avatar":"702579_avatar_1739694015.jpeg","delete_from":0,"is_enhanced_background":false,"is_enhanced":false,"product_selection_started":false,"is_active":true,"image_webp_url":"https:\/\/www.meska.hu\/img\/product\/small\/d\/a\/darimi_product_702579_250719234219_822364.webp"},{"id":"6132677","shop_id":"47945","user_id":"702579","shop_name":"Darimi","shop_zip":"2030","product_code":"5743071","product_name_old":null,"product_name":"Iroda sz\u00e1m egyedi - ajt\u00f3sz\u00e1m, ajt\u00f3t\u00e1bla irodah\u00e1zba, rendel\u0151be, k\u00fclt\u00e9ri \u00e9s belt\u00e9ri UV-\u00e1ll\u00f3 ASA","category_string":"Otthon & \u00c9letm\u00f3d, H\u00e1z & Kert, H\u00e1zsz\u00e1m","technic_string":"Mindenm\u00e1s","category_1":"813","category_2":"897","category_3":"431","category_4":"0","merged_category_1":null,"merged_category_2":null,"merged_category_3":null,"technic_1":"493","technic_2":"0","technic_3":"0","color_1":"519","color_2":"520","color_3":"527","product_description_old":null,"product_description":"Egyedi iroda sz\u00e1m \u00e9s ajt\u00f3t\u00e1bla, amelyet irodah\u00e1zakba, t\u00e1rsash\u00e1zakba, rendel\u0151kbe \u00e9s egy\u00e9b int\u00e9zm\u00e9nyekbe tervezt\u00fcnk. Ha az irod\u00e1dra, rendel\u0151dre vagy a t\u00e1rsash\u00e1zi ajt\u00f3dra professzion\u00e1lis, letisztult sz\u00e1moz\u00e1st keresel, ez a term\u00e9k erre k\u00e9sz\u00fclt. Az iroda sz\u00e1m darabonk\u00e9nt rendelhet\u0151, \u00edgy pontosan annyi karaktert veszel, amennyire sz\u00fcks\u00e9ged van. \u00dcgyv\u00e9di irod\u00e1ba, fogorvosi rendel\u0151be, k\u00f6nyvel\u0151 irod\u00e1ba, kozmetikai szalonba egyar\u00e1nt eleg\u00e1ns \u00e9s tart\u00f3s megold\u00e1s.\n\nM\u00c9RETEK\n\nAz iroda sz\u00e1m sz\u00e9les m\u00e9retv\u00e1laszt\u00e9kban el\u00e9rhet\u0151:\n- 7 cm - kisebb ajt\u00f3khoz, sz\u0171k folyos\u00f3kon\n- 10 cm - standard irodaajt\u00f3hoz, a leggyakoribb belt\u00e9ri m\u00e9ret\n- 15 cm - j\u00f3l olvashat\u00f3, \u00e1tlagos irodaajt\u00f3hoz\n- 20 cm - nagyobb ajt\u00f3fel\u00fcletre, konferenciaterem jel\u00f6l\u00e9sre\n- 25 cm - kiemelt l\u00e1that\u00f3s\u00e1g, recepci\u00f3s pultokhoz\n- 30 cm - nagy ajt\u00f3fel\u00fcletre, bej\u00e1rati ajt\u00f3ra\n- 35 cm - dekorat\u00edv irodai c\u00e9lra\n- 45 cm - igaz\u00e1n felt\u0171n\u0151, reprezentat\u00edv megjelen\u00e9s\n\nA vastags\u00e1g 1,6 mm-t\u0151l 10 mm-ig h\u00e9t fokozatban \u00e1ll\u00edthat\u00f3: 1,6 mm, 2 mm, 2,5 mm, 3 mm, 4 mm, 5 mm \u00e9s 10 mm. Irodai haszn\u00e1latra a 2-3 mm-es vastags\u00e1g a legelterjedtebb: eleg\u00e1ns, m\u00e9gis tart\u00f3s. A 10 mm-es v\u00e1ltozat k\u00fcl\u00f6n\u00f6sen pr\u00e9mium hat\u00e1s\u00fa, t\u00f6m\u00f6r, k\u0151szer\u0171 benyom\u00e1st kelt.\n\nFontos: az \u00e1r darabonk\u00e9nti. Az alap\u00e1r 590 Ft egyetlen sz\u00e1mjegy\u00e9rt a legkisebb m\u00e9retben \u00e9s vastags\u00e1gban.\n\nSZ\u00cdNEK\n\nA sz\u00edn RAL ipari sz\u00ednrendszer\u0171: az anyag teljes vastags\u00e1g\u00e1ban sz\u00ednes, nem festett r\u00e9teg. Irod\u00e1khoz a fekete, az antracit sz\u00fcrke, a feh\u00e9r \u00e9s a matt ez\u00fcst a legkeresettebb. Orvosi rendel\u0151kh\u00f6z a feh\u00e9r vagy a vil\u00e1gossz\u00fcrke eleg\u00e1ns, higi\u00e9nikus hat\u00e1st kelt. A sz\u00edn nem kopik le, nem pattogzik. Prusa XL 5T nyomtat\u00f3val k\u00e9sz\u00fcl.\n\nANYAG\n\nAz iroda sz\u00e1mjegyek ASA ipari m\u0171anyagb\u00f3l k\u00e9sz\u00fclnek, amely k\u00fclt\u00e9ri \u00e9s belt\u00e9ri haszn\u00e1latra egyar\u00e1nt alkalmas. UV-\u00e1ll\u00f3, es\u0151\u00e1ll\u00f3, fagy\u00e1ll\u00f3: -30 fokt\u00f3l +80 fokig megb\u00edzhat\u00f3an helyt\u00e1ll. Belt\u00e9ren az \u00e9lettartam gyakorlatilag korl\u00e1tlan. K\u00fclt\u00e9ren is legal\u00e1bb 10 \u00e9vig kifog\u00e1stalanul szolg\u00e1l. Nem fakul, nem s\u00e1rgul, nem reped. A szat\u00e9n fel\u00fclet letisztult, professzion\u00e1lis megjelen\u00e9st biztos\u00edt, amely irodai k\u00f6rnyezetbe t\u00f6k\u00e9letesen illik. A s\u00edk kivitel\u0171 sz\u00e1mjegyek nem dombor\u00faak.\n\nR\u00d6GZ\u00cdT\u00c9S\n\nK\u00fclt\u00e9ri \u00e9p\u00edt\u00e9si ragaszt\u00f3val vagy k\u00e9toldalas ragaszt\u00f3szalaggal egyar\u00e1nt felhelyezhet\u0151. Belt\u00e9ren a ragaszt\u00e1s t\u00f6k\u00e9letesen tart \u00fcveg, f\u00e9m, fa \u00e9s festett fel\u00fcleten is. Minden sz\u00e1mjegyet k\u00fcl\u00f6n ragasztasz fel, \u00edgy az elrendez\u00e9s teljesen szabad. Ha furatokat szeretn\u00e9l, rendel\u00e9sn\u00e9l jelezd.\n\nRENDEL\u00c9S\n\nRendel\u00e9skor add meg a k\u00edv\u00e1nt sz\u00e1mjegyet, bet\u0171t vagy sz\u00f6veget, v\u00e1laszd ki a magass\u00e1got, vastags\u00e1got \u00e9s a sz\u00ednt. Minden karaktert k\u00fcl\u00f6n darabk\u00e9nt kell megrendelni. Irodai felirat is k\u00e9rhet\u0151: emelet sz\u00e1m, szobasz\u00e1m, ir\u00e1nysz\u00e1m.\n\nMIRE J\u00d3?\n\n- Irodah\u00e1zak ajt\u00f3inak sz\u00e1moz\u00e1sa\n- T\u00e1rsash\u00e1zi lak\u00e1sajt\u00f3k jel\u00f6l\u00e9se\n- Orvosi rendel\u0151k, fogorvosi praxisok ajt\u00f3t\u00e1bl\u00e1ja\n- \u00dcgyv\u00e9di irod\u00e1k, k\u00f6nyvel\u0151 irod\u00e1k jel\u00f6l\u00e9se\n- Kozmetikai szalonok, massz\u00e1zsst\u00fadi\u00f3k bej\u00e1rati sz\u00e1ma\n- Konferenciatermek, t\u00e1rgyal\u00f3k sz\u00e1moz\u00e1sa\n- K\u00fclt\u00e9ri irodabej\u00e1rat jel\u00f6l\u00e9se\n\nAz irodai sz\u00e1moz\u00e1s professzion\u00e1lis megjelen\u00e9st biztos\u00edt, amely az \u00fcgyfelek sz\u00e1m\u00e1ra bizalmat kelt. K\u00f6lt\u00f6z\u00e9skor, \u00faj iroda megnyit\u00e1sakor, fel\u00faj\u00edt\u00e1skor a sz\u00e1moz\u00e1s cser\u00e9je az egyik leggyorsabb \u00e9s leghat\u00e1sosabb l\u00e9p\u00e9s.\n\nKAPCSOL\u00d3D\u00d3 TERM\u00c9KEK\n\nHa az irodasz\u00e1m mell\u00e9 az \u00e9p\u00fclet bej\u00e1rat\u00e1ra is kell h\u00e1zsz\u00e1m, n\u00e9zd meg az eleg\u00e1ns vintage h\u00e1zsz\u00e1mt\u00e1bl\u00e1nkat vagy a t\u00e9gla form\u00e1tum\u00fa v\u00e1ltozatot. Emeletsz\u00e1mokhoz \u00e9s l\u00e9pcs\u0151h\u00e1zi jel\u00f6l\u00e9shez is ugyanez a term\u00e9k haszn\u00e1lhat\u00f3. A Darimi boltban esk\u00fcv\u0151i kell\u00e9kek, Scrabble bet\u0171s aj\u00e1nd\u00e9kok \u00e9s babaszoba dekor\u00e1ci\u00f3 is el\u00e9rhet\u0151.\n\nMinden term\u00e9k\u00fcnket egyedileg, rendel\u00e9sre k\u00e9sz\u00edtj\u00fck. K\u00e9rd\u00e9sed van? \u00cdrj b\u00e1tran, gyorsan v\u00e1laszolunk.","price":"590.00","unit":"db","recommended":"0","status":"1","sponsored":"0","exp_notify":"0","own_material":"0","own_material_description_old":null,"own_material_description":"","jury":"0","jury_number":"","product_nature":"","meskaracsony":"0","create_date":"2026-02-28 20:43:30","shelve_id":"79630","image":"darimi_product_702579_251120204047_657119.png","image_width":"480","image_height":"490","image_alt":"Iroda sz\u00e1m egyedi - ajt\u00f3sz\u00e1m, ajt\u00f3t\u00e1bla irodah\u00e1zba, rendel\u0151be, k\u00fclt\u00e9ri \u00e9s belt\u00e9ri UV-\u00e1ll\u00f3 ASA, Egyedi iroda sz\u00e1m \u00e9s ajt\u00f3t\u00e1bla, amelyet irodah\u00e1zakba, t\u00e1rsash\u00e1zakba, rendel\u0151kbe \u00e9s egy\u00e9b int\u00e9zm\u00e9nyek..., Meska","image_title":"Iroda sz\u00e1m egyedi - ajt\u00f3sz\u00e1m, ajt\u00f3t\u00e1bla irodah\u00e1zba, rendel\u0151be, k\u00fclt\u00e9ri \u00e9s belt\u00e9ri UV-\u00e1ll\u00f3 ASA, Meska","view_count":"52","favourite_count":"0","trending_score":"0","last2MonthFavouriteCount":"0","promotion":"0","giftcard_accept":"0","creditcard_accept":true,"enhanced_background":"0","domain":"meska","specific_customer_id":null,"specific_customer_name":null,"to_order_product":"1","to_order_product_time":"1","product_different":null,"product_different_description":"","vintage":"0","vintage_category_id":"0","recycled":"0","gemstone_id":"0","customizable":"1","type_category":"physical","zerowaste":"0","postage_price":"1349.00","shop_order":"0","has_category":"1","landing_pages":null,"microdata":{"number":79,"category":""},"title":"Iroda sz\u00e1m egyedi - ajt\u00f3sz\u00e1m, ajt\u00f3t\u00e1bla irodah\u00e1zba, rendel\u0151be, k\u00fclt\u00e9ri \u00e9s belt\u00e9ri UV-\u00e1ll\u00f3 ASA","description":"Egyedi iroda sz\u00e1m \u00e9s ajt\u00f3t\u00e1bla, amelyet irodah\u00e1zakba, t\u00e1rsash\u00e1zakba, rendel\u0151kbe \u00e9s egy\u00e9b int\u00e9zm\u00e9nyekbe tervezt\u00fcnk. Ha az irod\u00e1dra, rendel\u0151dre vagy a t\u00e1rsash\u00e1zi ajt\u00f3dra professzion\u00e1lis, letisztult sz\u00e1moz\u00e1st keresel, ez a term\u00e9k erre k\u00e9sz\u00fclt. Az iroda sz\u00e1m darabonk\u00e9nt rendelhet\u0151, \u00edgy pontosan annyi karaktert veszel, amennyire sz\u00fcks\u00e9ged van. \u00dcgyv\u00e9di irod\u00e1ba, fogorvosi rendel\u0151be, k\u00f6nyvel\u0151 irod\u00e1ba, kozmetikai szalonba egyar\u00e1nt eleg\u00e1ns \u00e9s tart\u00f3s megold\u00e1s.\n\nM\u00c9RETEK\n\nAz iroda sz\u00e1m sz\u00e9les m\u00e9retv\u00e1laszt\u00e9kban el\u00e9rhet\u0151:\n- 7 cm - kisebb ajt\u00f3khoz, sz\u0171k folyos\u00f3kon\n- 10 cm - standard irodaajt\u00f3hoz, a leggyakoribb belt\u00e9ri m\u00e9ret\n- 15 cm - j\u00f3l olvashat\u00f3, \u00e1tlagos irodaajt\u00f3hoz\n- 20 cm - nagyobb ajt\u00f3fel\u00fcletre, konferenciaterem jel\u00f6l\u00e9sre\n- 25 cm - kiemelt l\u00e1that\u00f3s\u00e1g, recepci\u00f3s pultokhoz\n- 30 cm - nagy ajt\u00f3fel\u00fcletre, bej\u00e1rati ajt\u00f3ra\n- 35 cm - dekorat\u00edv irodai c\u00e9lra\n- 45 cm - igaz\u00e1n felt\u0171n\u0151, reprezentat\u00edv megjelen\u00e9s\n\nA vastags\u00e1g 1,6 mm-t\u0151l 10 mm-ig h\u00e9t fokozatban \u00e1ll\u00edthat\u00f3: 1,6 mm, 2 mm, 2,5 mm, 3 mm, 4 mm, 5 mm \u00e9s 10 mm. Irodai haszn\u00e1latra a 2-3 mm-es vastags\u00e1g a legelterjedtebb: eleg\u00e1ns, m\u00e9gis tart\u00f3s. A 10 mm-es v\u00e1ltozat k\u00fcl\u00f6n\u00f6sen pr\u00e9mium hat\u00e1s\u00fa, t\u00f6m\u00f6r, k\u0151szer\u0171 benyom\u00e1st kelt.\n\nFontos: az \u00e1r darabonk\u00e9nti. Az alap\u00e1r 590 Ft egyetlen sz\u00e1mjegy\u00e9rt a legkisebb m\u00e9retben \u00e9s vastags\u00e1gban.\n\nSZ\u00cdNEK\n\nA sz\u00edn RAL ipari sz\u00ednrendszer\u0171: az anyag teljes vastags\u00e1g\u00e1ban sz\u00ednes, nem festett r\u00e9teg. Irod\u00e1khoz a fekete, az antracit sz\u00fcrke, a feh\u00e9r \u00e9s a matt ez\u00fcst a legkeresettebb. Orvosi rendel\u0151kh\u00f6z a feh\u00e9r vagy a vil\u00e1gossz\u00fcrke eleg\u00e1ns, higi\u00e9nikus hat\u00e1st kelt. A sz\u00edn nem kopik le, nem pattogzik. Prusa XL 5T nyomtat\u00f3val k\u00e9sz\u00fcl.\n\nANYAG\n\nAz iroda sz\u00e1mjegyek ASA ipari m\u0171anyagb\u00f3l k\u00e9sz\u00fclnek, amely k\u00fclt\u00e9ri \u00e9s belt\u00e9ri haszn\u00e1latra egyar\u00e1nt alkalmas. UV-\u00e1ll\u00f3, es\u0151\u00e1ll\u00f3, fagy\u00e1ll\u00f3: -30 fokt\u00f3l +80 fokig megb\u00edzhat\u00f3an helyt\u00e1ll. Belt\u00e9ren az \u00e9lettartam gyakorlatilag korl\u00e1tlan. K\u00fclt\u00e9ren is legal\u00e1bb 10 \u00e9vig kifog\u00e1stalanul szolg\u00e1l. Nem fakul, nem s\u00e1rgul, nem reped. A szat\u00e9n fel\u00fclet letisztult, professzion\u00e1lis megjelen\u00e9st biztos\u00edt, amely irodai k\u00f6rnyezetbe t\u00f6k\u00e9letesen illik. A s\u00edk kivitel\u0171 sz\u00e1mjegyek nem dombor\u00faak.\n\nR\u00d6GZ\u00cdT\u00c9S\n\nK\u00fclt\u00e9ri \u00e9p\u00edt\u00e9si ragaszt\u00f3val vagy k\u00e9toldalas ragaszt\u00f3szalaggal egyar\u00e1nt felhelyezhet\u0151. Belt\u00e9ren a ragaszt\u00e1s t\u00f6k\u00e9letesen tart \u00fcveg, f\u00e9m, fa \u00e9s festett fel\u00fcleten is. Minden sz\u00e1mjegyet k\u00fcl\u00f6n ragasztasz fel, \u00edgy az elrendez\u00e9s teljesen szabad. Ha furatokat szeretn\u00e9l, rendel\u00e9sn\u00e9l jelezd.\n\nRENDEL\u00c9S\n\nRendel\u00e9skor add meg a k\u00edv\u00e1nt sz\u00e1mjegyet, bet\u0171t vagy sz\u00f6veget, v\u00e1laszd ki a magass\u00e1got, vastags\u00e1got \u00e9s a sz\u00ednt. Minden karaktert k\u00fcl\u00f6n darabk\u00e9nt kell megrendelni. Irodai felirat is k\u00e9rhet\u0151: emelet sz\u00e1m, szobasz\u00e1m, ir\u00e1nysz\u00e1m.\n\nMIRE J\u00d3?\n\n- Irodah\u00e1zak ajt\u00f3inak sz\u00e1moz\u00e1sa\n- T\u00e1rsash\u00e1zi lak\u00e1sajt\u00f3k jel\u00f6l\u00e9se\n- Orvosi rendel\u0151k, fogorvosi praxisok ajt\u00f3t\u00e1bl\u00e1ja\n- \u00dcgyv\u00e9di irod\u00e1k, k\u00f6nyvel\u0151 irod\u00e1k jel\u00f6l\u00e9se\n- Kozmetikai szalonok, massz\u00e1zsst\u00fadi\u00f3k bej\u00e1rati sz\u00e1ma\n- Konferenciatermek, t\u00e1rgyal\u00f3k sz\u00e1moz\u00e1sa\n- K\u00fclt\u00e9ri irodabej\u00e1rat jel\u00f6l\u00e9se\n\nAz irodai sz\u00e1moz\u00e1s professzion\u00e1lis megjelen\u00e9st biztos\u00edt, amely az \u00fcgyfelek sz\u00e1m\u00e1ra bizalmat kelt. K\u00f6lt\u00f6z\u00e9skor, \u00faj iroda megnyit\u00e1sakor, fel\u00faj\u00edt\u00e1skor a sz\u00e1moz\u00e1s cser\u00e9je az egyik leggyorsabb \u00e9s leghat\u00e1sosabb l\u00e9p\u00e9s.\n\nKAPCSOL\u00d3D\u00d3 TERM\u00c9KEK\n\nHa az irodasz\u00e1m mell\u00e9 az \u00e9p\u00fclet bej\u00e1rat\u00e1ra is kell h\u00e1zsz\u00e1m, n\u00e9zd meg az eleg\u00e1ns vintage h\u00e1zsz\u00e1mt\u00e1bl\u00e1nkat vagy a t\u00e9gla form\u00e1tum\u00fa v\u00e1ltozatot. Emeletsz\u00e1mokhoz \u00e9s l\u00e9pcs\u0151h\u00e1zi jel\u00f6l\u00e9shez is ugyanez a term\u00e9k haszn\u00e1lhat\u00f3. A Darimi boltban esk\u00fcv\u0151i kell\u00e9kek, Scrabble bet\u0171s aj\u00e1nd\u00e9kok \u00e9s babaszoba dekor\u00e1ci\u00f3 is el\u00e9rhet\u0151.\n\nMinden term\u00e9k\u00fcnket egyedileg, rendel\u00e9sre k\u00e9sz\u00edtj\u00fck. K\u00e9rd\u00e9sed van? \u00cdrj b\u00e1tran, gyorsan v\u00e1laszolunk.","score":0,"formatted_price":"590 Ft","image_url":"https:\/\/www.meska.hu\/img\/product\/small\/d\/a\/darimi_product_702579_251120204047_657119.png","formatted_url":"https:\/\/www.meska.hu\/p5743071-iroda-szam-egyedi-ajtoszam-ajtotabla-irodahazba-rendelobe-kulteri-es-belteri-uv-allo-asa","favourite":false,"in_stock":false,"avatar":"702579_avatar_1739694015.jpeg","delete_from":0,"is_enhanced_background":false,"is_enhanced":false,"product_selection_started":false,"is_active":true,"image_webp_url":"https:\/\/www.meska.hu\/img\/product\/small\/d\/a\/darimi_product_702579_251120204047_657119.webp"},{"id":"6132676","shop_id":"47945","user_id":"702579","shop_name":"Darimi","shop_zip":"2030","product_code":"5743070","product_name_old":null,"product_name":"H\u00e9tv\u00e9gi h\u00e1z h\u00e1zsz\u00e1m egyedi k\u00fclt\u00e9ri - UV-\u00e1ll\u00f3 ASA h\u00e1zsz\u00e1mt\u00e1bla vid\u00e9ki h\u00e1zra, tany\u00e1ra, kertbe","category_string":"Otthon & \u00c9letm\u00f3d, H\u00e1z & Kert, H\u00e1zsz\u00e1m","technic_string":"Mindenm\u00e1s","category_1":"813","category_2":"897","category_3":"431","category_4":"0","merged_category_1":null,"merged_category_2":null,"merged_category_3":null,"technic_1":"493","technic_2":"0","technic_3":"0","color_1":"519","color_2":"520","color_3":"527","product_description_old":null,"product_description":"Egyedi h\u00e1zsz\u00e1mt\u00e1bla h\u00e9tv\u00e9gi h\u00e1zra, vid\u00e9ki otthonra, tany\u00e1ra vagy kerti h\u00e1zra. Ha a h\u00e9tv\u00e9gi h\u00e1zadon nincs rendesen kihelyezett h\u00e1zsz\u00e1m, vagy a r\u00e9gi megkopott, ideje lecser\u00e9lni. A h\u00e9tv\u00e9gi h\u00e1z gyakran \u00fcresen \u00e1ll a h\u00e9t nagy r\u00e9sz\u00e9ben, ilyenkor a j\u00f3l l\u00e1that\u00f3 h\u00e1zsz\u00e1m k\u00fcl\u00f6n\u00f6sen fontos: a fut\u00e1r, a szomsz\u00e9d, a vend\u00e9g \u00e9s sz\u00fcks\u00e9g eset\u00e9n a ment\u0151 is gyorsabban tal\u00e1l oda, ha a bej\u00e1rat egy\u00e9rtelm\u0171en jel\u00f6lt. Ne hagyd, hogy a h\u00e9tv\u00e9gi h\u00e1zad n\u00e9vtelen maradjon.\n\nM\u00c9RETEK\n\nA h\u00e1zsz\u00e1mt\u00e1bla \u00f6t m\u00e9retben rendelhet\u0151:\n- S: 20 x 8 cm - kisebb kapura, kerti ajt\u00f3ra\n- M: 30 x 12 cm - \u00e1tlagos bej\u00e1rathoz, ez a legn\u00e9pszer\u0171bb m\u00e9ret\n- L: 35 x 14 cm - j\u00f3l olvashat\u00f3, utc\u00e1r\u00f3l is l\u00e1that\u00f3\n- XL: 40 x 16 cm - sz\u00e9les kapuhoz, ker\u00edt\u00e9shez, utcafrontr\u00f3l is kit\u0171n\u0151en olvashat\u00f3\n- Extra: 42-45 cm sz\u00e9less\u00e9gig - igaz\u00e1n nagy, tekint\u00e9lyes m\u00e9ret\u0171 t\u00e1bla\n\nA vastags\u00e1g 1,6 mm-t\u0151l 5 mm-ig v\u00e1laszthat\u00f3. H\u00e9tv\u00e9gi h\u00e1zra a 2,5-3 mm-es vastags\u00e1g a legjobb egyens\u00faly a tart\u00f3ss\u00e1g \u00e9s az elegancia k\u00f6z\u00f6tt.\n\nSZ\u00cdNEK\n\nNyolc RAL ipari sz\u00edn k\u00f6z\u00fcl v\u00e1laszthatsz, egyedi sz\u00edn is k\u00e9rhet\u0151. Vid\u00e9ki h\u00e1zhoz, tany\u00e1hoz a term\u00e9szetes, meleg t\u00f3nusok k\u00fcl\u00f6n\u00f6sen j\u00f3l illenek: kr\u00e9mfeh\u00e9r, barna, z\u00f6ld. Modern h\u00e9tv\u00e9gi h\u00e1zhoz az antracit, a fekete-feh\u00e9r vagy a sz\u00fcrke eleg\u00e1ns v\u00e1laszt\u00e1s. A sz\u00edn az anyag teljes vastags\u00e1g\u00e1ban v\u00e9gigmegy, nem festett r\u00e9teg, \u00edgy nem kopik le. Prusa XL 5T nyomtat\u00f3val ak\u00e1r 5 sz\u00edn k\u00e9sz\u00fclhet fest\u00e9s n\u00e9lk\u00fcl.\n\nANYAG\n\nAz ASA ipari m\u0171anyag kifejezetten k\u00fclt\u00e9ri haszn\u00e1latra fejlesztett anyag. A h\u00e9tv\u00e9gi h\u00e1zn\u00e1l ez kiemelten fontos, mert a h\u00e1zsz\u00e1m eg\u00e9sz \u00e9vben kint van, akkor is, amikor te nem vagy ott. UV-\u00e1ll\u00f3, es\u0151\u00e1ll\u00f3, fagy\u00e1ll\u00f3: -30 fokt\u00f3l +80 fokig megb\u00edzhat\u00f3an helyt\u00e1ll. Nem fakul, nem s\u00e1rgul, nem reped. A k\u00fclt\u00e9ri \u00e9lettartam meghaladja a 10 \u00e9vet, \u00edgy nem kell \u00e9vente cser\u00e9lgetni. A szat\u00e9n fel\u00fclet kellemes tapint\u00e1s\u00fa, nem t\u00fckr\u00f6z\u0151dik, \u00e9s nedves ronggyal pillanatok alatt tiszt\u00edthat\u00f3.\n\nR\u00d6GZ\u00cdT\u00c9S\n\nA t\u00e1bla s\u00edk fel\u00fclet\u0171, nem dombor\u00fa. R\u00f6gz\u00edteni k\u00fclt\u00e9ri \u00e9p\u00edt\u00e9si ragaszt\u00f3val a legegyszer\u0171bb: h\u00e1tlapra felkenni, falhoz nyomni, k\u00e9sz. T\u00e9gla, vakolat, beton, fa \u00e9s f\u00e9m fel\u00fcleten egyar\u00e1nt megb\u00edzhat\u00f3an tart. H\u00e9tv\u00e9gi h\u00e1zn\u00e1l ez k\u00fcl\u00f6n\u00f6sen praktikus, mert nem kell f\u00far\u00f3g\u00e9pet vinni, \u00e9s percek alatt felhelyezhet\u0151. Ha furatokkal szeretn\u00e9d r\u00f6gz\u00edteni, jelezd rendel\u00e9skor a k\u00edv\u00e1nt lyuksz\u00e1mot \u00e9s poz\u00edci\u00f3t.\n\nRENDEL\u00c9S\n\nRendel\u00e9skor add meg a h\u00e1zsz\u00e1mot, utcanevet vagy b\u00e1rmilyen feliratot, amit a t\u00e1bl\u00e1n szeretn\u00e9l. A h\u00e9tv\u00e9gi h\u00e1z neve is r\u00e1ker\u00fclhet, ha van beceneve az ingatlannak.\n\nMIRE J\u00d3?\n\nA h\u00e9tv\u00e9gi h\u00e1z h\u00e1zsz\u00e1m nemcsak dekor\u00e1ci\u00f3, hanem gyakorlati sz\u00fcks\u00e9glet. Az \u00fcresen \u00e1ll\u00f3 ingatlanokn\u00e1l a j\u00f3l l\u00e1that\u00f3 h\u00e1zsz\u00e1m seg\u00edti a fut\u00e1rokat, vend\u00e9geket \u00e9s a seg\u00e9lyh\u00edv\u00e1skor \u00e9rkez\u0151 ment\u0151t, t\u0171zolt\u00f3t. A tany\u00e1kon, z\u00e1rtkerti ingatlanokon \u00e9s k\u00fclter\u00fcleti h\u00e1zakon gyakran hi\u00e1nyzik a h\u00e1zsz\u00e1m, ami komoly gondot okozhat v\u00e9szhelyzetben.\n\nK\u00f6lt\u00f6z\u00e9sre, h\u00e1zavat\u00f3ra, fel\u00faj\u00edt\u00e1sra remek aj\u00e1nd\u00e9k. Sz\u00fclet\u00e9snapra, n\u00e9vnapra, kar\u00e1csonyra, any\u00e1k napj\u00e1ra is kedves meglepet\u00e9s annak, aki h\u00e9tv\u00e9gi h\u00e1zat vett vagy \u00e9ppen fel\u00faj\u00edtott. Ha tavasszal nyitod a szezont a vid\u00e9ki h\u00e1zn\u00e1l, a bej\u00e1rat meg\u00faj\u00edt\u00e1sa az egyik legegyszer\u0171bb l\u00e9p\u00e9s.\n\nKAPCSOL\u00d3D\u00d3 TERM\u00c9KEK\n\nHa a h\u00e9tv\u00e9gi h\u00e1z bej\u00e1rat\u00e1t egys\u00e9ges st\u00edlusban szeretn\u00e9d, n\u00e9zd meg a ker\u00edt\u00e9sre sz\u00e1nt t\u00e9gla form\u00e1tum\u00fa \u00e9s az eleg\u00e1ns vintage utcan\u00e9vt\u00e1bl\u00e1s v\u00e1ltozatokat is. A postal\u00e1d\u00e1ra kompakt \u00f6n\u00e1ll\u00f3 sz\u00e1mjegyeket aj\u00e1nlunk. Kuty\u00e1s csal\u00e1doknak a mopsz, tacsk\u00f3, golden retriever, corgi \u00e9s n\u00e9met juh\u00e1sz mot\u00edvumos h\u00e1zsz\u00e1mt\u00e1bl\u00e1k is el\u00e9rhet\u0151k. S\u00fctikisz\u00far\u00f3kat, esk\u00fcv\u0151i n\u00e9vt\u00e1bl\u00e1kat \u00e9s babaszoba dekor\u00e1ci\u00f3t is tal\u00e1lsz a Darimi boltban.\n\nMinden term\u00e9k\u00fcnket egyedileg, rendel\u00e9sre k\u00e9sz\u00edtj\u00fck. K\u00e9rd\u00e9sed van? \u00cdrj b\u00e1tran, gyorsan v\u00e1laszolunk.","price":"5490.00","unit":"db","recommended":"0","status":"1","sponsored":"0","exp_notify":"0","own_material":"0","own_material_description_old":null,"own_material_description":"","jury":"0","jury_number":"","product_nature":"","meskaracsony":"0","create_date":"2026-02-28 20:42:44","shelve_id":"79630","image":"darimi_product_702579_250719234219_822364.png","image_width":"480","image_height":"398","image_alt":"H\u00e9tv\u00e9gi h\u00e1z h\u00e1zsz\u00e1m egyedi k\u00fclt\u00e9ri - UV-\u00e1ll\u00f3 ASA h\u00e1zsz\u00e1mt\u00e1bla vid\u00e9ki h\u00e1zra, tany\u00e1ra, kertbe, Egyedi h\u00e1zsz\u00e1mt\u00e1bla h\u00e9tv\u00e9gi h\u00e1zra, vid\u00e9ki otthonra, tany\u00e1ra vagy kerti h\u00e1zra. Ha a h\u00e9tv\u00e9gi h\u00e1zadon n..., Meska","image_title":"H\u00e9tv\u00e9gi h\u00e1z h\u00e1zsz\u00e1m egyedi k\u00fclt\u00e9ri - UV-\u00e1ll\u00f3 ASA h\u00e1zsz\u00e1mt\u00e1bla vid\u00e9ki h\u00e1zra, tany\u00e1ra, kertbe, Meska","view_count":"84","favourite_count":"0","trending_score":"0","last2MonthFavouriteCount":"0","promotion":"0","giftcard_accept":"0","creditcard_accept":true,"enhanced_background":"0","domain":"meska","specific_customer_id":null,"specific_customer_name":null,"to_order_product":"1","to_order_product_time":"1","product_different":null,"product_different_description":"","vintage":"0","vintage_category_id":"0","recycled":"0","gemstone_id":"0","customizable":"1","type_category":"physical","zerowaste":"0","postage_price":"1349.00","shop_order":"0","has_category":"1","landing_pages":null,"microdata":{"number":80,"category":""},"title":"H\u00e9tv\u00e9gi h\u00e1z h\u00e1zsz\u00e1m egyedi k\u00fclt\u00e9ri - UV-\u00e1ll\u00f3 ASA h\u00e1zsz\u00e1mt\u00e1bla vid\u00e9ki h\u00e1zra, tany\u00e1ra, kertbe","description":"Egyedi h\u00e1zsz\u00e1mt\u00e1bla h\u00e9tv\u00e9gi h\u00e1zra, vid\u00e9ki otthonra, tany\u00e1ra vagy kerti h\u00e1zra. Ha a h\u00e9tv\u00e9gi h\u00e1zadon nincs rendesen kihelyezett h\u00e1zsz\u00e1m, vagy a r\u00e9gi megkopott, ideje lecser\u00e9lni. A h\u00e9tv\u00e9gi h\u00e1z gyakran \u00fcresen \u00e1ll a h\u00e9t nagy r\u00e9sz\u00e9ben, ilyenkor a j\u00f3l l\u00e1that\u00f3 h\u00e1zsz\u00e1m k\u00fcl\u00f6n\u00f6sen fontos: a fut\u00e1r, a szomsz\u00e9d, a vend\u00e9g \u00e9s sz\u00fcks\u00e9g eset\u00e9n a ment\u0151 is gyorsabban tal\u00e1l oda, ha a bej\u00e1rat egy\u00e9rtelm\u0171en jel\u00f6lt. Ne hagyd, hogy a h\u00e9tv\u00e9gi h\u00e1zad n\u00e9vtelen maradjon.\n\nM\u00c9RETEK\n\nA h\u00e1zsz\u00e1mt\u00e1bla \u00f6t m\u00e9retben rendelhet\u0151:\n- S: 20 x 8 cm - kisebb kapura, kerti ajt\u00f3ra\n- M: 30 x 12 cm - \u00e1tlagos bej\u00e1rathoz, ez a legn\u00e9pszer\u0171bb m\u00e9ret\n- L: 35 x 14 cm - j\u00f3l olvashat\u00f3, utc\u00e1r\u00f3l is l\u00e1that\u00f3\n- XL: 40 x 16 cm - sz\u00e9les kapuhoz, ker\u00edt\u00e9shez, utcafrontr\u00f3l is kit\u0171n\u0151en olvashat\u00f3\n- Extra: 42-45 cm sz\u00e9less\u00e9gig - igaz\u00e1n nagy, tekint\u00e9lyes m\u00e9ret\u0171 t\u00e1bla\n\nA vastags\u00e1g 1,6 mm-t\u0151l 5 mm-ig v\u00e1laszthat\u00f3. H\u00e9tv\u00e9gi h\u00e1zra a 2,5-3 mm-es vastags\u00e1g a legjobb egyens\u00faly a tart\u00f3ss\u00e1g \u00e9s az elegancia k\u00f6z\u00f6tt.\n\nSZ\u00cdNEK\n\nNyolc RAL ipari sz\u00edn k\u00f6z\u00fcl v\u00e1laszthatsz, egyedi sz\u00edn is k\u00e9rhet\u0151. Vid\u00e9ki h\u00e1zhoz, tany\u00e1hoz a term\u00e9szetes, meleg t\u00f3nusok k\u00fcl\u00f6n\u00f6sen j\u00f3l illenek: kr\u00e9mfeh\u00e9r, barna, z\u00f6ld. Modern h\u00e9tv\u00e9gi h\u00e1zhoz az antracit, a fekete-feh\u00e9r vagy a sz\u00fcrke eleg\u00e1ns v\u00e1laszt\u00e1s. A sz\u00edn az anyag teljes vastags\u00e1g\u00e1ban v\u00e9gigmegy, nem festett r\u00e9teg, \u00edgy nem kopik le. Prusa XL 5T nyomtat\u00f3val ak\u00e1r 5 sz\u00edn k\u00e9sz\u00fclhet fest\u00e9s n\u00e9lk\u00fcl.\n\nANYAG\n\nAz ASA ipari m\u0171anyag kifejezetten k\u00fclt\u00e9ri haszn\u00e1latra fejlesztett anyag. A h\u00e9tv\u00e9gi h\u00e1zn\u00e1l ez kiemelten fontos, mert a h\u00e1zsz\u00e1m eg\u00e9sz \u00e9vben kint van, akkor is, amikor te nem vagy ott. UV-\u00e1ll\u00f3, es\u0151\u00e1ll\u00f3, fagy\u00e1ll\u00f3: -30 fokt\u00f3l +80 fokig megb\u00edzhat\u00f3an helyt\u00e1ll. Nem fakul, nem s\u00e1rgul, nem reped. A k\u00fclt\u00e9ri \u00e9lettartam meghaladja a 10 \u00e9vet, \u00edgy nem kell \u00e9vente cser\u00e9lgetni. A szat\u00e9n fel\u00fclet kellemes tapint\u00e1s\u00fa, nem t\u00fckr\u00f6z\u0151dik, \u00e9s nedves ronggyal pillanatok alatt tiszt\u00edthat\u00f3.\n\nR\u00d6GZ\u00cdT\u00c9S\n\nA t\u00e1bla s\u00edk fel\u00fclet\u0171, nem dombor\u00fa. R\u00f6gz\u00edteni k\u00fclt\u00e9ri \u00e9p\u00edt\u00e9si ragaszt\u00f3val a legegyszer\u0171bb: h\u00e1tlapra felkenni, falhoz nyomni, k\u00e9sz. T\u00e9gla, vakolat, beton, fa \u00e9s f\u00e9m fel\u00fcleten egyar\u00e1nt megb\u00edzhat\u00f3an tart. H\u00e9tv\u00e9gi h\u00e1zn\u00e1l ez k\u00fcl\u00f6n\u00f6sen praktikus, mert nem kell f\u00far\u00f3g\u00e9pet vinni, \u00e9s percek alatt felhelyezhet\u0151. Ha furatokkal szeretn\u00e9d r\u00f6gz\u00edteni, jelezd rendel\u00e9skor a k\u00edv\u00e1nt lyuksz\u00e1mot \u00e9s poz\u00edci\u00f3t.\n\nRENDEL\u00c9S\n\nRendel\u00e9skor add meg a h\u00e1zsz\u00e1mot, utcanevet vagy b\u00e1rmilyen feliratot, amit a t\u00e1bl\u00e1n szeretn\u00e9l. A h\u00e9tv\u00e9gi h\u00e1z neve is r\u00e1ker\u00fclhet, ha van beceneve az ingatlannak.\n\nMIRE J\u00d3?\n\nA h\u00e9tv\u00e9gi h\u00e1z h\u00e1zsz\u00e1m nemcsak dekor\u00e1ci\u00f3, hanem gyakorlati sz\u00fcks\u00e9glet. Az \u00fcresen \u00e1ll\u00f3 ingatlanokn\u00e1l a j\u00f3l l\u00e1that\u00f3 h\u00e1zsz\u00e1m seg\u00edti a fut\u00e1rokat, vend\u00e9geket \u00e9s a seg\u00e9lyh\u00edv\u00e1skor \u00e9rkez\u0151 ment\u0151t, t\u0171zolt\u00f3t. A tany\u00e1kon, z\u00e1rtkerti ingatlanokon \u00e9s k\u00fclter\u00fcleti h\u00e1zakon gyakran hi\u00e1nyzik a h\u00e1zsz\u00e1m, ami komoly gondot okozhat v\u00e9szhelyzetben.\n\nK\u00f6lt\u00f6z\u00e9sre, h\u00e1zavat\u00f3ra, fel\u00faj\u00edt\u00e1sra remek aj\u00e1nd\u00e9k. Sz\u00fclet\u00e9snapra, n\u00e9vnapra, kar\u00e1csonyra, any\u00e1k napj\u00e1ra is kedves meglepet\u00e9s annak, aki h\u00e9tv\u00e9gi h\u00e1zat vett vagy \u00e9ppen fel\u00faj\u00edtott. Ha tavasszal nyitod a szezont a vid\u00e9ki h\u00e1zn\u00e1l, a bej\u00e1rat meg\u00faj\u00edt\u00e1sa az egyik legegyszer\u0171bb l\u00e9p\u00e9s.\n\nKAPCSOL\u00d3D\u00d3 TERM\u00c9KEK\n\nHa a h\u00e9tv\u00e9gi h\u00e1z bej\u00e1rat\u00e1t egys\u00e9ges st\u00edlusban szeretn\u00e9d, n\u00e9zd meg a ker\u00edt\u00e9sre sz\u00e1nt t\u00e9gla form\u00e1tum\u00fa \u00e9s az eleg\u00e1ns vintage utcan\u00e9vt\u00e1bl\u00e1s v\u00e1ltozatokat is. A postal\u00e1d\u00e1ra kompakt \u00f6n\u00e1ll\u00f3 sz\u00e1mjegyeket aj\u00e1nlunk. Kuty\u00e1s csal\u00e1doknak a mopsz, tacsk\u00f3, golden retriever, corgi \u00e9s n\u00e9met juh\u00e1sz mot\u00edvumos h\u00e1zsz\u00e1mt\u00e1bl\u00e1k is el\u00e9rhet\u0151k. S\u00fctikisz\u00far\u00f3kat, esk\u00fcv\u0151i n\u00e9vt\u00e1bl\u00e1kat \u00e9s babaszoba dekor\u00e1ci\u00f3t is tal\u00e1lsz a Darimi boltban.\n\nMinden term\u00e9k\u00fcnket egyedileg, rendel\u00e9sre k\u00e9sz\u00edtj\u00fck. K\u00e9rd\u00e9sed van? \u00cdrj b\u00e1tran, gyorsan v\u00e1laszolunk.","score":0,"formatted_price":"5 490 Ft","image_url":"https:\/\/www.meska.hu\/img\/product\/small\/d\/a\/darimi_product_702579_250719234219_822364.png","formatted_url":"https:\/\/www.meska.hu\/p5743070-hetvegi-haz-hazszam-egyedi-kulteri-uv-allo-asa-hazszamtabla-videki-hazra-tanyara-kertbe","favourite":false,"in_stock":false,"avatar":"702579_avatar_1739694015.jpeg","delete_from":0,"is_enhanced_background":false,"is_enhanced":false,"product_selection_started":false,"is_active":true,"image_webp_url":"https:\/\/www.meska.hu\/img\/product\/small\/d\/a\/darimi_product_702579_250719234219_822364.webp"},{"id":"6132674","shop_id":"47945","user_id":"702579","shop_name":"Darimi","shop_zip":"2030","product_code":"5743069","product_name_old":null,"product_name":"Emelet sz\u00e1m egyedi - l\u00e9pcs\u0151h\u00e1zi t\u00e1bla, lak\u00e1ssz\u00e1m t\u00e1rsash\u00e1zba, k\u00fclt\u00e9ri \u00e9s belt\u00e9ri UV-\u00e1ll\u00f3 ASA","category_string":"Otthon & \u00c9letm\u00f3d, H\u00e1z & Kert, H\u00e1zsz\u00e1m","technic_string":"Mindenm\u00e1s","category_1":"813","category_2":"897","category_3":"431","category_4":"0","merged_category_1":null,"merged_category_2":null,"merged_category_3":null,"technic_1":"493","technic_2":"0","technic_3":"0","color_1":"519","color_2":"520","color_3":"527","product_description_old":null,"product_description":"Egyedi emelet sz\u00e1m \u00e9s l\u00e9pcs\u0151h\u00e1zi t\u00e1bla, amelyet t\u00e1rsash\u00e1zi l\u00e9pcs\u0151h\u00e1zakba, folyos\u00f3kra \u00e9s lak\u00e1sajt\u00f3kra tervezt\u00fcnk. Ha a t\u00e1rsash\u00e1zadban hi\u00e1nyzik az emeletsz\u00e1m, a lak\u00e1ssz\u00e1m alig olvashat\u00f3, vagy egyszer\u0171en egys\u00e9ges, modern jel\u00f6l\u00e9st szeretn\u00e9l az eg\u00e9sz l\u00e9pcs\u0151h\u00e1zban, ez a term\u00e9k erre k\u00e9sz\u00fclt. Az emelet sz\u00e1m darabonk\u00e9nt rendelhet\u0151, \u00edgy pontosan annyi karaktert veszel, amennyire sz\u00fcks\u00e9ged van. A letisztult megjelen\u00e9s minden t\u00e1rsash\u00e1zi l\u00e9pcs\u0151h\u00e1zba illik, legyen az \u00faj \u00e9p\u00edt\u00e9s\u0171 vagy fel\u00faj\u00edtott r\u00e9gi \u00e9p\u00fclet.\n\nM\u00c9RETEK\n\nAz emelet sz\u00e1m sz\u00e9les m\u00e9retv\u00e1laszt\u00e9kban el\u00e9rhet\u0151:\n- 7 cm - kisebb jel\u00f6l\u00e9sekhez, sz\u0171k folyos\u00f3kon\n- 10 cm - standard l\u00e9pcs\u0151h\u00e1zi emeletjel\u00f6l\u00e9shez\n- 15 cm - j\u00f3l olvashat\u00f3 lak\u00e1ssz\u00e1mk\u00e9nt, a legn\u00e9pszer\u0171bb l\u00e9pcs\u0151h\u00e1zi m\u00e9ret\n- 20 cm - nagyobb falfel\u00fcletre, emeletszintjel\u00f6l\u00e9sre\n- 25 cm - kiemelt l\u00e1that\u00f3s\u00e1g, f\u0151bej\u00e1rati szintn\u00e9l\n- 30 cm - nagy falfel\u00fcletre, alagsori vagy tet\u0151t\u00e9ri jel\u00f6l\u00e9shez\n- 35 cm - dekorat\u00edv, felt\u0171n\u0151 megjelen\u00e9s\n- 45 cm - igaz\u00e1n impoz\u00e1ns, reprezentat\u00edv t\u00e1rsash\u00e1zi jel\u00f6l\u00e9s\n\nA vastags\u00e1g 1,6 mm-t\u0151l 10 mm-ig h\u00e9t fokozatban \u00e1ll\u00edthat\u00f3: 1,6 mm, 2 mm, 2,5 mm, 3 mm, 4 mm, 5 mm \u00e9s 10 mm. L\u00e9pcs\u0151h\u00e1zba a 2-3 mm-es vastags\u00e1g a legelterjedtebb: tart\u00f3s, eleg\u00e1ns, de nem \u00e1ll ki t\u00fals\u00e1gosan a falb\u00f3l. A 10 mm-es v\u00e1ltozat pr\u00e9mium, k\u0151szer\u0171 hat\u00e1st kelt.\n\nFontos: az \u00e1r darabonk\u00e9nti. Az alap\u00e1r 590 Ft egyetlen sz\u00e1mjegy\u00e9rt a legkisebb m\u00e9retben \u00e9s vastags\u00e1gban.\n\nSZ\u00cdNEK\n\nA sz\u00edn RAL ipari sz\u00ednrendszer\u0171: az anyag teljes vastags\u00e1g\u00e1ban sz\u00ednes, nem festett r\u00e9teg, \u00edgy nem kopik le. L\u00e9pcs\u0151h\u00e1zi haszn\u00e1lathoz a fekete, az antracit sz\u00fcrke \u00e9s a feh\u00e9r a legn\u00e9pszer\u0171bb, mert a legt\u00f6bb l\u00e9pcs\u0151h\u00e1zi falsz\u00ednnel j\u00f3l harmoniz\u00e1lnak. Ha az eg\u00e9sz l\u00e9pcs\u0151h\u00e1zat egys\u00e9gesen szeretn\u00e9d jel\u00f6lni, egyedi RAL sz\u00edn is k\u00e9rhet\u0151. Prusa XL 5T nyomtat\u00f3val k\u00e9sz\u00fcl.\n\nANYAG\n\nAz emelet sz\u00e1mjegyek ASA ipari m\u0171anyagb\u00f3l k\u00e9sz\u00fclnek, amely k\u00fclt\u00e9ri \u00e9s belt\u00e9ri haszn\u00e1latra egyar\u00e1nt kiv\u00e1l\u00f3. UV-\u00e1ll\u00f3, es\u0151\u00e1ll\u00f3, fagy\u00e1ll\u00f3: -30 fokt\u00f3l +80 fokig megb\u00edzhat\u00f3an helyt\u00e1ll. Belt\u00e9ri l\u00e9pcs\u0151h\u00e1zban az \u00e9lettartam gyakorlatilag korl\u00e1tlan, de nyitott, szell\u0151z\u0151 l\u00e9pcs\u0151h\u00e1zban is legal\u00e1bb 10 \u00e9vig kifog\u00e1stalan marad. Nem fakul, nem s\u00e1rgul, nem reped. A szat\u00e9n fel\u00fclet letisztult, modern megjelen\u00e9st biztos\u00edt, \u00e9s nedves ronggyal k\u00f6nnyen tiszt\u00edthat\u00f3. A s\u00edk kivitel\u0171 sz\u00e1mjegyek nem dombor\u00faak.\n\nR\u00d6GZ\u00cdT\u00c9S\n\nK\u00fclt\u00e9ri \u00e9p\u00edt\u00e9si ragaszt\u00f3val vagy k\u00e9toldalas ragaszt\u00f3szalaggal egyar\u00e1nt felhelyezhet\u0151. Belt\u00e9ren a ragaszt\u00e1s festett falon, csemp\u00e9n, \u00fcvegen \u00e9s f\u00e9m fel\u00fcleten is t\u00f6k\u00e9letesen tart. Minden sz\u00e1mjegyet k\u00fcl\u00f6n ragasztasz fel, \u00edgy az elrendez\u00e9s teljesen szabad: a l\u00e9pcs\u0151h\u00e1zi fal b\u00e1rmely pontj\u00e1ra elhelyezheted. Ha furatokat szeretn\u00e9l, rendel\u00e9sn\u00e9l jelezd.\n\nRENDEL\u00c9S\n\nRendel\u00e9skor add meg a k\u00edv\u00e1nt sz\u00e1mjegyet vagy feliratot, v\u00e1laszd ki a magass\u00e1got, vastags\u00e1got \u00e9s sz\u00ednt. Minden karaktert k\u00fcl\u00f6n darabk\u00e9nt kell megrendelni. Emeletsz\u00e1mhoz \u00e1ltal\u00e1ban egy-k\u00e9t sz\u00e1mjegy elegend\u0151 (1, 2, 3 vagy I, II, III). Lak\u00e1ssz\u00e1mhoz a h\u00e1romjegy\u0171 sz\u00e1m is olcs\u00f3n \u00f6ssze\u00e1ll\u00edthat\u00f3: egy h\u00e1romjegy\u0171 sz\u00e1m m\u00e1r 1 770 Ft-t\u00f3l megrendelhet\u0151.\n\nMIRE J\u00d3?\n\n- T\u00e1rsash\u00e1zi emeletszint jel\u00f6l\u00e9s\n- Lak\u00e1sajt\u00f3k sz\u00e1moz\u00e1sa egys\u00e9ges st\u00edlusban\n- L\u00e9pcs\u0151h\u00e1zi szintjel\u00f6l\u00e9s modern \u00e9s r\u00e9gi \u00e9p\u00fcletben egyar\u00e1nt\n- Alagsori, tet\u0151t\u00e9ri, parkol\u00f3szint jel\u00f6l\u00e9s\n- K\u00f6z\u00f6s helyis\u00e9gek sz\u00e1moz\u00e1sa\n- T\u00e1rsash\u00e1zi fel\u00faj\u00edt\u00e1s ut\u00e1n az egys\u00e9ges arculat megteremt\u00e9se\n\nA t\u00e1rsash\u00e1zi k\u00f6zgy\u0171l\u00e9s kedvelt t\u00e9m\u00e1ja a l\u00e9pcs\u0151h\u00e1zi fel\u00faj\u00edt\u00e1s, \u00e9s az egys\u00e9ges emeletjel\u00f6l\u00e9s az egyik legolcs\u00f3bb \u00e9s leghat\u00e1sosabb m\u00f3dja az \u00e9p\u00fclet meg\u00faj\u00edt\u00e1s\u00e1nak. Ha az eg\u00e9sz l\u00e9pcs\u0151h\u00e1zra szeretn\u00e9l rendelni, k\u00e9rd az \u00e1raj\u00e1nlatunkat nagyobb t\u00e9telsz\u00e1mra.\n\nKAPCSOL\u00d3D\u00d3 TERM\u00c9KEK\n\nHa a t\u00e1rsash\u00e1zi bej\u00e1ratra is kell h\u00e1zsz\u00e1m, n\u00e9zd meg az eleg\u00e1ns vintage utcan\u00e9vt\u00e1bl\u00e1nkat, amelyen az utcan\u00e9v \u00e9s a h\u00e1zsz\u00e1m egyben szerepel. A postal\u00e1d\u00e1kra kompakt \u00f6n\u00e1ll\u00f3 sz\u00e1mjegyeket aj\u00e1nlunk. Irodai ajt\u00f3sz\u00e1mk\u00e9nt is ugyanez a term\u00e9k haszn\u00e1lhat\u00f3. A Darimi boltban esk\u00fcv\u0151i kell\u00e9kek, Scrabble bet\u0171s aj\u00e1nd\u00e9kok, kar\u00e1csonyfad\u00edszek \u00e9s babaszoba dekor\u00e1ci\u00f3 is el\u00e9rhet\u0151.\n\nMinden term\u00e9k\u00fcnket egyedileg, rendel\u00e9sre k\u00e9sz\u00edtj\u00fck. K\u00e9rd\u00e9sed van? \u00cdrj b\u00e1tran, gyorsan v\u00e1laszolunk.","price":"590.00","unit":"db","recommended":"0","status":"1","sponsored":"0","exp_notify":"0","own_material":"0","own_material_description_old":null,"own_material_description":"","jury":"0","jury_number":"","product_nature":"","meskaracsony":"0","create_date":"2026-02-28 20:42:01","shelve_id":"79630","image":"darimi_product_702579_251120204047_657119.png","image_width":"480","image_height":"490","image_alt":"Emelet sz\u00e1m egyedi - l\u00e9pcs\u0151h\u00e1zi t\u00e1bla, lak\u00e1ssz\u00e1m t\u00e1rsash\u00e1zba, k\u00fclt\u00e9ri \u00e9s belt\u00e9ri UV-\u00e1ll\u00f3 ASA, Egyedi emelet sz\u00e1m \u00e9s l\u00e9pcs\u0151h\u00e1zi t\u00e1bla, amelyet t\u00e1rsash\u00e1zi l\u00e9pcs\u0151h\u00e1zakba, folyos\u00f3kra \u00e9s lak\u00e1sajt\u00f3kra..., Meska","image_title":"Emelet sz\u00e1m egyedi - l\u00e9pcs\u0151h\u00e1zi t\u00e1bla, lak\u00e1ssz\u00e1m t\u00e1rsash\u00e1zba, k\u00fclt\u00e9ri \u00e9s belt\u00e9ri UV-\u00e1ll\u00f3 ASA, Meska","view_count":"90","favourite_count":"0","trending_score":"0","last2MonthFavouriteCount":"0","promotion":"0","giftcard_accept":"0","creditcard_accept":true,"enhanced_background":"0","domain":"meska","specific_customer_id":null,"specific_customer_name":null,"to_order_product":"1","to_order_product_time":"1","product_different":null,"product_different_description":"","vintage":"0","vintage_category_id":"0","recycled":"0","gemstone_id":"0","customizable":"1","type_category":"physical","zerowaste":"0","postage_price":"1349.00","shop_order":"0","has_category":"1","landing_pages":null,"microdata":{"number":81,"category":""},"title":"Emelet sz\u00e1m egyedi - l\u00e9pcs\u0151h\u00e1zi t\u00e1bla, lak\u00e1ssz\u00e1m t\u00e1rsash\u00e1zba, k\u00fclt\u00e9ri \u00e9s belt\u00e9ri UV-\u00e1ll\u00f3 ASA","description":"Egyedi emelet sz\u00e1m \u00e9s l\u00e9pcs\u0151h\u00e1zi t\u00e1bla, amelyet t\u00e1rsash\u00e1zi l\u00e9pcs\u0151h\u00e1zakba, folyos\u00f3kra \u00e9s lak\u00e1sajt\u00f3kra tervezt\u00fcnk. Ha a t\u00e1rsash\u00e1zadban hi\u00e1nyzik az emeletsz\u00e1m, a lak\u00e1ssz\u00e1m alig olvashat\u00f3, vagy egyszer\u0171en egys\u00e9ges, modern jel\u00f6l\u00e9st szeretn\u00e9l az eg\u00e9sz l\u00e9pcs\u0151h\u00e1zban, ez a term\u00e9k erre k\u00e9sz\u00fclt. Az emelet sz\u00e1m darabonk\u00e9nt rendelhet\u0151, \u00edgy pontosan annyi karaktert veszel, amennyire sz\u00fcks\u00e9ged van. A letisztult megjelen\u00e9s minden t\u00e1rsash\u00e1zi l\u00e9pcs\u0151h\u00e1zba illik, legyen az \u00faj \u00e9p\u00edt\u00e9s\u0171 vagy fel\u00faj\u00edtott r\u00e9gi \u00e9p\u00fclet.\n\nM\u00c9RETEK\n\nAz emelet sz\u00e1m sz\u00e9les m\u00e9retv\u00e1laszt\u00e9kban el\u00e9rhet\u0151:\n- 7 cm - kisebb jel\u00f6l\u00e9sekhez, sz\u0171k folyos\u00f3kon\n- 10 cm - standard l\u00e9pcs\u0151h\u00e1zi emeletjel\u00f6l\u00e9shez\n- 15 cm - j\u00f3l olvashat\u00f3 lak\u00e1ssz\u00e1mk\u00e9nt, a legn\u00e9pszer\u0171bb l\u00e9pcs\u0151h\u00e1zi m\u00e9ret\n- 20 cm - nagyobb falfel\u00fcletre, emeletszintjel\u00f6l\u00e9sre\n- 25 cm - kiemelt l\u00e1that\u00f3s\u00e1g, f\u0151bej\u00e1rati szintn\u00e9l\n- 30 cm - nagy falfel\u00fcletre, alagsori vagy tet\u0151t\u00e9ri jel\u00f6l\u00e9shez\n- 35 cm - dekorat\u00edv, felt\u0171n\u0151 megjelen\u00e9s\n- 45 cm - igaz\u00e1n impoz\u00e1ns, reprezentat\u00edv t\u00e1rsash\u00e1zi jel\u00f6l\u00e9s\n\nA vastags\u00e1g 1,6 mm-t\u0151l 10 mm-ig h\u00e9t fokozatban \u00e1ll\u00edthat\u00f3: 1,6 mm, 2 mm, 2,5 mm, 3 mm, 4 mm, 5 mm \u00e9s 10 mm. L\u00e9pcs\u0151h\u00e1zba a 2-3 mm-es vastags\u00e1g a legelterjedtebb: tart\u00f3s, eleg\u00e1ns, de nem \u00e1ll ki t\u00fals\u00e1gosan a falb\u00f3l. A 10 mm-es v\u00e1ltozat pr\u00e9mium, k\u0151szer\u0171 hat\u00e1st kelt.\n\nFontos: az \u00e1r darabonk\u00e9nti. Az alap\u00e1r 590 Ft egyetlen sz\u00e1mjegy\u00e9rt a legkisebb m\u00e9retben \u00e9s vastags\u00e1gban.\n\nSZ\u00cdNEK\n\nA sz\u00edn RAL ipari sz\u00ednrendszer\u0171: az anyag teljes vastags\u00e1g\u00e1ban sz\u00ednes, nem festett r\u00e9teg, \u00edgy nem kopik le. L\u00e9pcs\u0151h\u00e1zi haszn\u00e1lathoz a fekete, az antracit sz\u00fcrke \u00e9s a feh\u00e9r a legn\u00e9pszer\u0171bb, mert a legt\u00f6bb l\u00e9pcs\u0151h\u00e1zi falsz\u00ednnel j\u00f3l harmoniz\u00e1lnak. Ha az eg\u00e9sz l\u00e9pcs\u0151h\u00e1zat egys\u00e9gesen szeretn\u00e9d jel\u00f6lni, egyedi RAL sz\u00edn is k\u00e9rhet\u0151. Prusa XL 5T nyomtat\u00f3val k\u00e9sz\u00fcl.\n\nANYAG\n\nAz emelet sz\u00e1mjegyek ASA ipari m\u0171anyagb\u00f3l k\u00e9sz\u00fclnek, amely k\u00fclt\u00e9ri \u00e9s belt\u00e9ri haszn\u00e1latra egyar\u00e1nt kiv\u00e1l\u00f3. UV-\u00e1ll\u00f3, es\u0151\u00e1ll\u00f3, fagy\u00e1ll\u00f3: -30 fokt\u00f3l +80 fokig megb\u00edzhat\u00f3an helyt\u00e1ll. Belt\u00e9ri l\u00e9pcs\u0151h\u00e1zban az \u00e9lettartam gyakorlatilag korl\u00e1tlan, de nyitott, szell\u0151z\u0151 l\u00e9pcs\u0151h\u00e1zban is legal\u00e1bb 10 \u00e9vig kifog\u00e1stalan marad. Nem fakul, nem s\u00e1rgul, nem reped. A szat\u00e9n fel\u00fclet letisztult, modern megjelen\u00e9st biztos\u00edt, \u00e9s nedves ronggyal k\u00f6nnyen tiszt\u00edthat\u00f3. A s\u00edk kivitel\u0171 sz\u00e1mjegyek nem dombor\u00faak.\n\nR\u00d6GZ\u00cdT\u00c9S\n\nK\u00fclt\u00e9ri \u00e9p\u00edt\u00e9si ragaszt\u00f3val vagy k\u00e9toldalas ragaszt\u00f3szalaggal egyar\u00e1nt felhelyezhet\u0151. Belt\u00e9ren a ragaszt\u00e1s festett falon, csemp\u00e9n, \u00fcvegen \u00e9s f\u00e9m fel\u00fcleten is t\u00f6k\u00e9letesen tart. Minden sz\u00e1mjegyet k\u00fcl\u00f6n ragasztasz fel, \u00edgy az elrendez\u00e9s teljesen szabad: a l\u00e9pcs\u0151h\u00e1zi fal b\u00e1rmely pontj\u00e1ra elhelyezheted. Ha furatokat szeretn\u00e9l, rendel\u00e9sn\u00e9l jelezd.\n\nRENDEL\u00c9S\n\nRendel\u00e9skor add meg a k\u00edv\u00e1nt sz\u00e1mjegyet vagy feliratot, v\u00e1laszd ki a magass\u00e1got, vastags\u00e1got \u00e9s sz\u00ednt. Minden karaktert k\u00fcl\u00f6n darabk\u00e9nt kell megrendelni. Emeletsz\u00e1mhoz \u00e1ltal\u00e1ban egy-k\u00e9t sz\u00e1mjegy elegend\u0151 (1, 2, 3 vagy I, II, III). Lak\u00e1ssz\u00e1mhoz a h\u00e1romjegy\u0171 sz\u00e1m is olcs\u00f3n \u00f6ssze\u00e1ll\u00edthat\u00f3: egy h\u00e1romjegy\u0171 sz\u00e1m m\u00e1r 1 770 Ft-t\u00f3l megrendelhet\u0151.\n\nMIRE J\u00d3?\n\n- T\u00e1rsash\u00e1zi emeletszint jel\u00f6l\u00e9s\n- Lak\u00e1sajt\u00f3k sz\u00e1moz\u00e1sa egys\u00e9ges st\u00edlusban\n- L\u00e9pcs\u0151h\u00e1zi szintjel\u00f6l\u00e9s modern \u00e9s r\u00e9gi \u00e9p\u00fcletben egyar\u00e1nt\n- Alagsori, tet\u0151t\u00e9ri, parkol\u00f3szint jel\u00f6l\u00e9s\n- K\u00f6z\u00f6s helyis\u00e9gek sz\u00e1moz\u00e1sa\n- T\u00e1rsash\u00e1zi fel\u00faj\u00edt\u00e1s ut\u00e1n az egys\u00e9ges arculat megteremt\u00e9se\n\nA t\u00e1rsash\u00e1zi k\u00f6zgy\u0171l\u00e9s kedvelt t\u00e9m\u00e1ja a l\u00e9pcs\u0151h\u00e1zi fel\u00faj\u00edt\u00e1s, \u00e9s az egys\u00e9ges emeletjel\u00f6l\u00e9s az egyik legolcs\u00f3bb \u00e9s leghat\u00e1sosabb m\u00f3dja az \u00e9p\u00fclet meg\u00faj\u00edt\u00e1s\u00e1nak. Ha az eg\u00e9sz l\u00e9pcs\u0151h\u00e1zra szeretn\u00e9l rendelni, k\u00e9rd az \u00e1raj\u00e1nlatunkat nagyobb t\u00e9telsz\u00e1mra.\n\nKAPCSOL\u00d3D\u00d3 TERM\u00c9KEK\n\nHa a t\u00e1rsash\u00e1zi bej\u00e1ratra is kell h\u00e1zsz\u00e1m, n\u00e9zd meg az eleg\u00e1ns vintage utcan\u00e9vt\u00e1bl\u00e1nkat, amelyen az utcan\u00e9v \u00e9s a h\u00e1zsz\u00e1m egyben szerepel. A postal\u00e1d\u00e1kra kompakt \u00f6n\u00e1ll\u00f3 sz\u00e1mjegyeket aj\u00e1nlunk. Irodai ajt\u00f3sz\u00e1mk\u00e9nt is ugyanez a term\u00e9k haszn\u00e1lhat\u00f3. A Darimi boltban esk\u00fcv\u0151i kell\u00e9kek, Scrabble bet\u0171s aj\u00e1nd\u00e9kok, kar\u00e1csonyfad\u00edszek \u00e9s babaszoba dekor\u00e1ci\u00f3 is el\u00e9rhet\u0151.\n\nMinden term\u00e9k\u00fcnket egyedileg, rendel\u00e9sre k\u00e9sz\u00edtj\u00fck. K\u00e9rd\u00e9sed van? \u00cdrj b\u00e1tran, gyorsan v\u00e1laszolunk.","score":0,"formatted_price":"590 Ft","image_url":"https:\/\/www.meska.hu\/img\/product\/small\/d\/a\/darimi_product_702579_251120204047_657119.png","formatted_url":"https:\/\/www.meska.hu\/p5743069-emelet-szam-egyedi-lepcsohazi-tabla-lakasszam-tarsashazba-kulteri-es-belteri-uv-allo-asa","favourite":false,"in_stock":false,"avatar":"702579_avatar_1739694015.jpeg","delete_from":0,"is_enhanced_background":false,"is_enhanced":false,"product_selection_started":false,"is_active":true,"image_webp_url":"https:\/\/www.meska.hu\/img\/product\/small\/d\/a\/darimi_product_702579_251120204047_657119.webp"},{"id":"5968268","shop_id":"47945","user_id":"702579","shop_name":"Darimi","shop_zip":"2030","product_code":"5653109","product_name_old":null,"product_name":"Eleg\u00e1ns vintage h\u00e1zsz\u00e1mt\u00e1bla - klasszikus d\u00edsz\u00edtett k\u00fclt\u00e9ri h\u00e1zsz\u00e1m, UV-\u00e1ll\u00f3 ASA, egyedi sz\u00edn","category_string":"Otthon & \u00c9letm\u00f3d, H\u00e1z & Kert, H\u00e1zsz\u00e1m","technic_string":"Mindenm\u00e1s","category_1":"813","category_2":"897","category_3":"431","category_4":"0","merged_category_1":null,"merged_category_2":null,"merged_category_3":null,"technic_1":"493","technic_2":"0","technic_3":"0","color_1":"519","color_2":"520","color_3":"527","product_description_old":null,"product_description":"Eleg\u00e1ns vintage st\u00edlus\u00fa egyedi h\u00e1zsz\u00e1mt\u00e1bla, d\u00edsz\u00edtett kerettel \u00e9s klasszikus formavil\u00e1ggal. Ha a bej\u00e1ratod st\u00edlusos, id\u0151t\u00e1ll\u00f3 megjelen\u00e9st \u00e9rdemel, ez a t\u00e1bla pontosan erre k\u00e9sz\u00fclt. A vintage keretes kialak\u00edt\u00e1s visszafogott eleganci\u00e1t sug\u00e1roz, amely egyar\u00e1nt illik kertes csal\u00e1di h\u00e1zhoz, fel\u00faj\u00edtott r\u00e9gi \u00e9p\u00fclethez vagy vid\u00e9ki otthonhoz.\n\nMERETEK\n\nV\u00e1laszthat\u00f3 m\u00e9retek:\n- 20 cm - kisebb bej\u00e1ratokhoz, kapuoszlopokhoz\n- 30 cm - \u00e1tlagos kapura, ker\u00edt\u00e9sre\n- 35 cm - j\u00f3l l\u00e1that\u00f3, utc\u00e1r\u00f3l is olvashat\u00f3\n- 40 cm - t\u00e1volr\u00f3l is impoz\u00e1ns megjelen\u00e9s\n- 42-45 cm - igaz\u00e1n nagy, tekint\u00e9lyes m\u00e9ret\n\nA vastags\u00e1g 1,6 mm-t\u0151l 8 mm-ig \u00e1ll\u00edthat\u00f3 hat fokozatban: 1,6 mm, 2 mm, 2,5 mm, 3 mm, 5 mm \u00e9s 8 mm. Az alapvastags\u00e1g (1,6 mm) k\u00f6nny\u0171 \u00e9s eleg\u00e1ns, a 3 mm feletti v\u00e1ltozatok robusztus, t\u00f6m\u00f6r benyom\u00e1st keltenek.\n\nSZINEK\n\n10 RAL sz\u00edn k\u00f6z\u00fcl v\u00e1laszthatsz, \u00e9s egyedi sz\u00edn is k\u00e9rhet\u0151. A sz\u00edn nem festett r\u00e9teg, hanem RAL ipari sz\u00ednrendszer\u0171 anyag: a sz\u00edn az anyag teljes vastags\u00e1g\u00e1ban v\u00e9gigmegy, ez\u00e9rt nem kopik le, nem pattogzik. Prusa XL 5T nyomtat\u00f3val ak\u00e1r 5 k\u00fcl\u00f6nb\u00f6z\u0151 sz\u00ednben k\u00e9sz\u00fclhet fest\u00e9s n\u00e9lk\u00fcl.\n\nANYAG\n\nA t\u00e1bla ASA ipari m\u0171anyagb\u00f3l k\u00e9sz\u00fcl, amely kifejezetten k\u00fclt\u00e9ri, tart\u00f3s haszn\u00e1latra fejlesztett anyag. UV-\u00e1ll\u00f3, es\u0151\u00e1ll\u00f3, fagy\u00e1ll\u00f3: -30 fokt\u00f3l +80 fokig megb\u00edzhat\u00f3an helyt\u00e1ll. Nem fakul, nem s\u00e1rgul, nem reped.\n\nA k\u00fclt\u00e9ri \u00e9lettartam meghaladja a 10 \u00e9vet, \u00edgy \u00e9vekig nem kell foglalkoznod cser\u00e9vel. A szat\u00e9n fel\u00fclet\u0171, s\u00edk kivitel\u0171 t\u00e1bla nem dombor\u00fa, hanem egy egyenletes, eszt\u00e9tikus lapos fel\u00fcletet kapsz, amely a falhoz simulva, eleg\u00e1nsan mutat.\n\nROGZITES\n\nK\u00fclt\u00e9ri \u00e9p\u00edt\u00e9si ragaszt\u00f3val a legegyszer\u0171bb felhelyezni a falra, kapura vagy ker\u00edt\u00e9sre. Ez f\u00far\u00e1smentes, tiszta \u00e9s tart\u00f3s megold\u00e1s, amely t\u00e9gla, beton, fa \u00e9s f\u00e9m fel\u00fcleten egyar\u00e1nt megb\u00edzhat\u00f3an tart. Ha ink\u00e1bb csavarozni szeretn\u00e9d, a rendel\u00e9sn\u00e9l jelezd, \u00e9s furatokkal k\u00e9sz\u00edtj\u00fck el a t\u00e1bl\u00e1t. A furatok elhelyez\u00e9s\u00e9t a t\u00e1bla designj\u00e1hoz igaz\u00edtjuk, \u00edgy azok nem zavarj\u00e1k az \u00f6sszk\u00e9pet.\n\nHOGYAN RENDELHETSZ?\n\nRendel\u00e9skor add meg a k\u00edv\u00e1nt h\u00e1zsz\u00e1mot vagy utcanevet, v\u00e1laszd ki a m\u00e9retet, vastags\u00e1got \u00e9s a sz\u00ednt. B\u00e1rmilyen egyedi k\u00e9r\u00e9st sz\u00edvesen fogadunk, \u00edrj \u00fczenetet rendel\u00e9skor.\n\nMIRE JO?\n\nA vintage st\u00edlus id\u0151tlen klasszikus: a d\u00edsz\u00edtett keret eml\u00e9keztet a r\u00e9gi kov\u00e1csoltvas \u00e9s ker\u00e1mia h\u00e1zsz\u00e1mt\u00e1bl\u00e1kra, de modern, tart\u00f3s anyagb\u00f3l k\u00e9sz\u00fcl.\n\n- Fel\u00faj\u00edtott csal\u00e1di h\u00e1zhoz, paraszth\u00e1zhoz, vid\u00e9ki sz\u00e1ll\u00e1shelyhez\n- Borospinc\u00e9hez, vend\u00e9gh\u00e1zhoz\n- V\u00e1rosi k\u00f6rnyezetben, ha klasszikus elemeket keresel a bej\u00e1rathoz\n- Tavaszi kertsz\u00e9p\u00edt\u00e9shez, \u0151szi fel\u00faj\u00edt\u00e1shoz, k\u00f6lt\u00f6z\u00e9shez\n- Aj\u00e1nd\u00e9knak h\u00e1zavat\u00f3ra, k\u00f6lt\u00f6z\u00e9sre, n\u00e9vnapra vagy sz\u00fclet\u00e9snapra\n\nA h\u00e1zsz\u00e1mt\u00e1bl\u00e1d az otthonod n\u00e9vjegyk\u00e1rty\u00e1ja, amely nap mint nap fogadja a vend\u00e9geket \u00e9s a post\u00e1st.\n\nKAPCSOLODO TERMEKEK\n\nHa a vintage st\u00edlus mellett m\u00e1s megjelen\u00e9sre is k\u00edv\u00e1ncsi vagy, n\u00e9zd meg a boltunkban el\u00e9rhet\u0151 mot\u00edvumos h\u00e1zsz\u00e1mt\u00e1bl\u00e1kat. A kuty\u00e1s v\u00e1ltozatok (mopsz, n\u00e9met juh\u00e1sz, tacsk\u00f3, golden retriever, corgi) \u00e9s a cic\u00e1s h\u00e1zsz\u00e1mt\u00e1bl\u00e1k \u00e1llatbar\u00e1toknak sz\u00f3lnak. A pillang\u00f3s \u00e9s madaras v\u00e1ltozatok term\u00e9szetk\u00f6zeli hangulatot adnak a bej\u00e1ratnak. Ha teljesen egyedi designt szeretn\u00e9l, a teljesen egyedi h\u00e1zsz\u00e1mt\u00e1bla opci\u00f3 b\u00e1rmilyen mot\u00edvumot \u00e9s form\u00e1t lehet\u0151v\u00e9 tesz.\n\n\u00dcnnepi szezonban kar\u00e1csonyfad\u00edszt \u00e9s egyedi kar\u00e1csonyi ajt\u00f3d\u00edszt is tal\u00e1lsz a k\u00edn\u00e1latunkban. Esk\u00fcv\u0151re n\u00e9vt\u00e1bl\u00e1t, tortad\u00edszt \u00e9s falid\u00edszt k\u00edn\u00e1lunk. Valentinnapra a Scrabble bet\u0171s aj\u00e1nd\u00e9k, belt\u00e9ri dekor\u00e1ci\u00f3nak a pillang\u00f3 fali dekor\u00e1ci\u00f3 \u00e9s a kapcsol\u00f3d\u00edszek is el\u00e9rhet\u0151k.\n\nMinden term\u00e9k\u00fcnket egyedileg, rendel\u00e9sre k\u00e9sz\u00edtj\u00fck. K\u00e9rd\u00e9sed van? \u00cdrj b\u00e1tran, gyorsan v\u00e1laszolunk. N\u00e9zd meg a t\u00f6bbi term\u00e9k\u00fcnket is, h\u00e1tha tal\u00e1lsz m\u00e9g valamit, ami tetszik.","price":"2490.00","unit":"db","recommended":"0","status":"1","sponsored":"0","exp_notify":"0","own_material":"0","own_material_description_old":null,"own_material_description":"","jury":"0","jury_number":"","product_nature":"","meskaracsony":"0","create_date":"2026-02-28 12:05:57","shelve_id":"79630","image":"darimi_product_702579_251025234604_230572.jpeg","image_width":"480","image_height":"480","image_alt":"Eleg\u00e1ns vintage h\u00e1zsz\u00e1mt\u00e1bla - klasszikus d\u00edsz\u00edtett k\u00fclt\u00e9ri h\u00e1zsz\u00e1m, UV-\u00e1ll\u00f3 ASA, egyedi sz\u00edn, Eleg\u00e1ns vintage st\u00edlus\u00fa egyedi h\u00e1zsz\u00e1mt\u00e1bla, d\u00edsz\u00edtett kerettel \u00e9s klasszikus formavil\u00e1ggal. Ha a be..., Meska","image_title":"Eleg\u00e1ns vintage h\u00e1zsz\u00e1mt\u00e1bla - klasszikus d\u00edsz\u00edtett k\u00fclt\u00e9ri h\u00e1zsz\u00e1m, UV-\u00e1ll\u00f3 ASA, egyedi sz\u00edn, Meska","view_count":"2821","favourite_count":"0","trending_score":"0","last2MonthFavouriteCount":"0","promotion":"0","giftcard_accept":"0","creditcard_accept":true,"enhanced_background":"0","domain":"meska","specific_customer_id":null,"specific_customer_name":null,"to_order_product":"1","to_order_product_time":"1","product_different":null,"product_different_description":"","vintage":"0","vintage_category_id":"0","recycled":"0","gemstone_id":"0","customizable":"1","type_category":"physical","zerowaste":"0","postage_price":"1349.00","shop_order":"0","has_category":"1","landing_pages":null,"microdata":{"number":82,"category":""},"title":"Eleg\u00e1ns vintage h\u00e1zsz\u00e1mt\u00e1bla - klasszikus d\u00edsz\u00edtett k\u00fclt\u00e9ri h\u00e1zsz\u00e1m, UV-\u00e1ll\u00f3 ASA, egyedi sz\u00edn","description":"Eleg\u00e1ns vintage st\u00edlus\u00fa egyedi h\u00e1zsz\u00e1mt\u00e1bla, d\u00edsz\u00edtett kerettel \u00e9s klasszikus formavil\u00e1ggal. Ha a bej\u00e1ratod st\u00edlusos, id\u0151t\u00e1ll\u00f3 megjelen\u00e9st \u00e9rdemel, ez a t\u00e1bla pontosan erre k\u00e9sz\u00fclt. A vintage keretes kialak\u00edt\u00e1s visszafogott eleganci\u00e1t sug\u00e1roz, amely egyar\u00e1nt illik kertes csal\u00e1di h\u00e1zhoz, fel\u00faj\u00edtott r\u00e9gi \u00e9p\u00fclethez vagy vid\u00e9ki otthonhoz.\n\nMERETEK\n\nV\u00e1laszthat\u00f3 m\u00e9retek:\n- 20 cm - kisebb bej\u00e1ratokhoz, kapuoszlopokhoz\n- 30 cm - \u00e1tlagos kapura, ker\u00edt\u00e9sre\n- 35 cm - j\u00f3l l\u00e1that\u00f3, utc\u00e1r\u00f3l is olvashat\u00f3\n- 40 cm - t\u00e1volr\u00f3l is impoz\u00e1ns megjelen\u00e9s\n- 42-45 cm - igaz\u00e1n nagy, tekint\u00e9lyes m\u00e9ret\n\nA vastags\u00e1g 1,6 mm-t\u0151l 8 mm-ig \u00e1ll\u00edthat\u00f3 hat fokozatban: 1,6 mm, 2 mm, 2,5 mm, 3 mm, 5 mm \u00e9s 8 mm. Az alapvastags\u00e1g (1,6 mm) k\u00f6nny\u0171 \u00e9s eleg\u00e1ns, a 3 mm feletti v\u00e1ltozatok robusztus, t\u00f6m\u00f6r benyom\u00e1st keltenek.\n\nSZINEK\n\n10 RAL sz\u00edn k\u00f6z\u00fcl v\u00e1laszthatsz, \u00e9s egyedi sz\u00edn is k\u00e9rhet\u0151. A sz\u00edn nem festett r\u00e9teg, hanem RAL ipari sz\u00ednrendszer\u0171 anyag: a sz\u00edn az anyag teljes vastags\u00e1g\u00e1ban v\u00e9gigmegy, ez\u00e9rt nem kopik le, nem pattogzik. Prusa XL 5T nyomtat\u00f3val ak\u00e1r 5 k\u00fcl\u00f6nb\u00f6z\u0151 sz\u00ednben k\u00e9sz\u00fclhet fest\u00e9s n\u00e9lk\u00fcl.\n\nANYAG\n\nA t\u00e1bla ASA ipari m\u0171anyagb\u00f3l k\u00e9sz\u00fcl, amely kifejezetten k\u00fclt\u00e9ri, tart\u00f3s haszn\u00e1latra fejlesztett anyag. UV-\u00e1ll\u00f3, es\u0151\u00e1ll\u00f3, fagy\u00e1ll\u00f3: -30 fokt\u00f3l +80 fokig megb\u00edzhat\u00f3an helyt\u00e1ll. Nem fakul, nem s\u00e1rgul, nem reped.\n\nA k\u00fclt\u00e9ri \u00e9lettartam meghaladja a 10 \u00e9vet, \u00edgy \u00e9vekig nem kell foglalkoznod cser\u00e9vel. A szat\u00e9n fel\u00fclet\u0171, s\u00edk kivitel\u0171 t\u00e1bla nem dombor\u00fa, hanem egy egyenletes, eszt\u00e9tikus lapos fel\u00fcletet kapsz, amely a falhoz simulva, eleg\u00e1nsan mutat.\n\nROGZITES\n\nK\u00fclt\u00e9ri \u00e9p\u00edt\u00e9si ragaszt\u00f3val a legegyszer\u0171bb felhelyezni a falra, kapura vagy ker\u00edt\u00e9sre. Ez f\u00far\u00e1smentes, tiszta \u00e9s tart\u00f3s megold\u00e1s, amely t\u00e9gla, beton, fa \u00e9s f\u00e9m fel\u00fcleten egyar\u00e1nt megb\u00edzhat\u00f3an tart. Ha ink\u00e1bb csavarozni szeretn\u00e9d, a rendel\u00e9sn\u00e9l jelezd, \u00e9s furatokkal k\u00e9sz\u00edtj\u00fck el a t\u00e1bl\u00e1t. A furatok elhelyez\u00e9s\u00e9t a t\u00e1bla designj\u00e1hoz igaz\u00edtjuk, \u00edgy azok nem zavarj\u00e1k az \u00f6sszk\u00e9pet.\n\nHOGYAN RENDELHETSZ?\n\nRendel\u00e9skor add meg a k\u00edv\u00e1nt h\u00e1zsz\u00e1mot vagy utcanevet, v\u00e1laszd ki a m\u00e9retet, vastags\u00e1got \u00e9s a sz\u00ednt. B\u00e1rmilyen egyedi k\u00e9r\u00e9st sz\u00edvesen fogadunk, \u00edrj \u00fczenetet rendel\u00e9skor.\n\nMIRE JO?\n\nA vintage st\u00edlus id\u0151tlen klasszikus: a d\u00edsz\u00edtett keret eml\u00e9keztet a r\u00e9gi kov\u00e1csoltvas \u00e9s ker\u00e1mia h\u00e1zsz\u00e1mt\u00e1bl\u00e1kra, de modern, tart\u00f3s anyagb\u00f3l k\u00e9sz\u00fcl.\n\n- Fel\u00faj\u00edtott csal\u00e1di h\u00e1zhoz, paraszth\u00e1zhoz, vid\u00e9ki sz\u00e1ll\u00e1shelyhez\n- Borospinc\u00e9hez, vend\u00e9gh\u00e1zhoz\n- V\u00e1rosi k\u00f6rnyezetben, ha klasszikus elemeket keresel a bej\u00e1rathoz\n- Tavaszi kertsz\u00e9p\u00edt\u00e9shez, \u0151szi fel\u00faj\u00edt\u00e1shoz, k\u00f6lt\u00f6z\u00e9shez\n- Aj\u00e1nd\u00e9knak h\u00e1zavat\u00f3ra, k\u00f6lt\u00f6z\u00e9sre, n\u00e9vnapra vagy sz\u00fclet\u00e9snapra\n\nA h\u00e1zsz\u00e1mt\u00e1bl\u00e1d az otthonod n\u00e9vjegyk\u00e1rty\u00e1ja, amely nap mint nap fogadja a vend\u00e9geket \u00e9s a post\u00e1st.\n\nKAPCSOLODO TERMEKEK\n\nHa a vintage st\u00edlus mellett m\u00e1s megjelen\u00e9sre is k\u00edv\u00e1ncsi vagy, n\u00e9zd meg a boltunkban el\u00e9rhet\u0151 mot\u00edvumos h\u00e1zsz\u00e1mt\u00e1bl\u00e1kat. A kuty\u00e1s v\u00e1ltozatok (mopsz, n\u00e9met juh\u00e1sz, tacsk\u00f3, golden retriever, corgi) \u00e9s a cic\u00e1s h\u00e1zsz\u00e1mt\u00e1bl\u00e1k \u00e1llatbar\u00e1toknak sz\u00f3lnak. A pillang\u00f3s \u00e9s madaras v\u00e1ltozatok term\u00e9szetk\u00f6zeli hangulatot adnak a bej\u00e1ratnak. Ha teljesen egyedi designt szeretn\u00e9l, a teljesen egyedi h\u00e1zsz\u00e1mt\u00e1bla opci\u00f3 b\u00e1rmilyen mot\u00edvumot \u00e9s form\u00e1t lehet\u0151v\u00e9 tesz.\n\n\u00dcnnepi szezonban kar\u00e1csonyfad\u00edszt \u00e9s egyedi kar\u00e1csonyi ajt\u00f3d\u00edszt is tal\u00e1lsz a k\u00edn\u00e1latunkban. Esk\u00fcv\u0151re n\u00e9vt\u00e1bl\u00e1t, tortad\u00edszt \u00e9s falid\u00edszt k\u00edn\u00e1lunk. Valentinnapra a Scrabble bet\u0171s aj\u00e1nd\u00e9k, belt\u00e9ri dekor\u00e1ci\u00f3nak a pillang\u00f3 fali dekor\u00e1ci\u00f3 \u00e9s a kapcsol\u00f3d\u00edszek is el\u00e9rhet\u0151k.\n\nMinden term\u00e9k\u00fcnket egyedileg, rendel\u00e9sre k\u00e9sz\u00edtj\u00fck. K\u00e9rd\u00e9sed van? \u00cdrj b\u00e1tran, gyorsan v\u00e1laszolunk. N\u00e9zd meg a t\u00f6bbi term\u00e9k\u00fcnket is, h\u00e1tha tal\u00e1lsz m\u00e9g valamit, ami tetszik.","score":0,"formatted_price":"2 490 Ft","image_url":"https:\/\/www.meska.hu\/img\/product\/small\/d\/a\/darimi_product_702579_251025234604_230572.jpeg","formatted_url":"https:\/\/www.meska.hu\/p5653109-elegans-3d-nyomtatott-hazszamtabla-idojarasallo-asa-fekete-vagy-feher-szinben-dekorativ-vintage-stilus","favourite":false,"in_stock":false,"avatar":"702579_avatar_1739694015.jpeg","delete_from":0,"is_enhanced_background":false,"is_enhanced":false,"product_selection_started":false,"is_active":true,"image_webp_url":"https:\/\/www.meska.hu\/img\/product\/small\/d\/a\/darimi_product_702579_251025234604_230572.webp"},{"id":"5713618","shop_id":"47945","user_id":"702579","shop_name":"Darimi","shop_zip":"2030","product_code":"5508927","product_name_old":null,"product_name":"Egyedi corgis h\u00e1zsz\u00e1mt\u00e1bla - kuty\u00e1s \u00e9s cic\u00e1s h\u00e1zsz\u00e1m, k\u00fclt\u00e9ri UV-\u00e1ll\u00f3, kedvez\u0151 \u00e1ron","category_string":"Otthon & \u00c9letm\u00f3d, H\u00e1z & Kert, H\u00e1zsz\u00e1m","technic_string":"Mindenm\u00e1s","category_1":"813","category_2":"897","category_3":"431","category_4":"0","merged_category_1":null,"merged_category_2":null,"merged_category_3":null,"technic_1":"493","technic_2":"0","technic_3":"0","color_1":"519","color_2":"520","color_3":"0","product_description_old":null,"product_description":"Corgis vagy cic\u00e1s mot\u00edvumos egyedi h\u00e1zsz\u00e1mt\u00e1bla, amelyet a te h\u00e1zsz\u00e1modra szabunk. Fix m\u00e9retben, kedvez\u0151 \u00e1ron kaphat\u00f3, \u00edgy a legegyszer\u0171bb m\u00f3dja annak, hogy a bej\u00e1ratodat kedvenc \u00e1llatod sziluettj\u00e9vel tedd egyediv\u00e9. A corgi jellegzetes, r\u00f6vid l\u00e1b\u00fa, vid\u00e1m alakja vagy a cica kedves sziluettje messzir\u0151l felismerhet\u0151 \u00e9s mosolyt csal az \u00e9rkez\u0151 arc\u00e1ra.\n\nMERET ES AR\n\nA t\u00e1bla m\u00e9rete fix: 25 x 15 cm, ami a bej\u00e1ratok t\u00f6bbs\u00e9g\u00e9hez remek\u00fcl illeszkedik. Ez a m\u00e9ret ide\u00e1lis kisebb kapukra, ker\u00edt\u00e9soszlopokra \u00e9s postal\u00e1d\u00e1k melletti elhelyez\u00e9sre. Fekete vagy feh\u00e9r sz\u00ednben v\u00e1laszthat\u00f3. Alap\u00e1ra 3 000 Ft, \u00edgy a boltunk egyik legkedvez\u0151bb \u00e1r\u00fa h\u00e1zsz\u00e1mt\u00e1bl\u00e1ja.\n\nHa valaki egyedi h\u00e1zsz\u00e1mot szeretne \u00e1llatmot\u00edvummal, de nem akar sokat k\u00f6lteni, ez a t\u00e1bla kiv\u00e1l\u00f3 bel\u00e9p\u0151szint\u0171 v\u00e1laszt\u00e1s.\n\nANYAG\n\nA t\u00e1bla ASA ipari m\u0171anyagb\u00f3l k\u00e9sz\u00fcl, amely k\u00fclt\u00e9ri tart\u00f3s felhaszn\u00e1l\u00e1sra fejlesztett anyag. Id\u0151j\u00e1r\u00e1s\u00e1ll\u00f3: -30 fokt\u00f3l +80 fokig b\u00edrja a hideget \u00e9s a meleget, UV-\u00e1ll\u00f3, es\u0151\u00e1ll\u00f3 \u00e9s fagy\u00e1ll\u00f3. Eg\u00e9sz \u00e9vben nyugodtan kint maradhat a ker\u00edt\u00e9sen, falon vagy kapun.\n\nA szat\u00e9n fel\u00fclet\u0171, s\u00edk kivitel\u0171 t\u00e1bla nem dombor\u00fa. A sz\u00ednek RAL ipari sz\u00ednsk\u00e1l\u00e1b\u00f3l val\u00f3k, Prusa XL 5T nyomtat\u00f3val k\u00e9sz\u00fcl fest\u00e9s n\u00e9lk\u00fcl, a sz\u00edn az anyag r\u00e9sze, nem kopik le \u00e9s nem fakul. A t\u00e1bla k\u00fclt\u00e9ren t\u00f6bb mint 10 \u00e9vig tartja mag\u00e1t, \u00edgy hossz\u00fa t\u00e1v\u00fa megold\u00e1s a bej\u00e1rat d\u00edsz\u00edt\u00e9s\u00e9re. Az ASA anyag minim\u00e1lis karbantart\u00e1st ig\u00e9nyel, alkalmank\u00e9nt egy nedves ruh\u00e1val \u00e1tt\u00f6r\u00f6lhet\u0151.\n\nROGZITES\n\nK\u00fclt\u00e9ri \u00e9p\u00edt\u00e9si ragaszt\u00f3val a legegyszer\u0171bb felhelyezni a falra, ker\u00edt\u00e9sre vagy kapura. F\u00far\u00e1smentes megold\u00e1s, de ha furatokat szeretn\u00e9l, jelezd rendel\u00e9skor. A ragaszt\u00f3s r\u00f6gz\u00edt\u00e9s nem rong\u00e1lja a fel\u00fcletet, \u00e9s sz\u00fcks\u00e9g eset\u00e9n a t\u00e1bla \u00e1thelyezhet\u0151.\n\nHOGYAN RENDELHETSZ?\n\nRendel\u00e9skor add meg a k\u00edv\u00e1nt h\u00e1zsz\u00e1mot vagy utcanevet, \u00e9s v\u00e1laszd ki a mot\u00edvumot (corgi vagy cica) \u00e9s a sz\u00ednt (fekete vagy feh\u00e9r). Ha egyedi k\u00e9r\u00e9sed van, \u00edrj \u00fczenetet, \u00e9s megbesz\u00e9lj\u00fck.\n\nMIRE JO?\n\nA corgi az ut\u00f3bbi \u00e9vekben hatalmas n\u00e9pszer\u0171s\u00e9gre tett szert Magyarorsz\u00e1gon is, jellegzetes r\u00f6vid l\u00e1bai \u00e9s vid\u00e1m megjelen\u00e9se miatt. Az internetes kult\u00far\u00e1ban is ikonikus kutyafajta, \u00edgy a fiatalabb gener\u00e1ci\u00f3 k\u00f6r\u00e9ben k\u00fcl\u00f6n\u00f6sen kedvelt. Cica mot\u00edvummal pedig a macsk\u00e1s h\u00e1ztart\u00e1sok sz\u00e1m\u00e1ra k\u00edn\u00e1lunk kedvez\u0151 \u00e1r\u00fa megold\u00e1st.\n\n- Corgi- vagy cicagazdik bej\u00e1rat\u00e1nak d\u00edsz\u00edt\u00e9s\u00e9re\n- H\u00e1zavat\u00f3ra, sz\u00fclet\u00e9snapra vagy n\u00e9vnapra is remek aj\u00e1nd\u00e9k, k\u00fcl\u00f6n\u00f6sen kedvez\u0151 \u00e1ra miatt\n- Ak\u00e1r t\u00f6bb darabot is rendelhetsz k\u00fcl\u00f6nb\u00f6z\u0151 mot\u00edvumokkal\n- K\u00f6lt\u00f6z\u00e9shez, tavaszi fel\u00faj\u00edt\u00e1shoz, az otthon felfriss\u00edt\u00e9s\u00e9hez\n\nPREMIUM VALTOZATOK\n\nHa nagyobb m\u00e9retre, t\u00f6bb sz\u00ednv\u00e1laszt\u00e9kra vagy vastagabb t\u00e1bla lehet\u0151s\u00e9g\u00e9re van sz\u00fcks\u00e9ged, \u00e9rdemes megn\u00e9zned a pr\u00e9mium h\u00e1zsz\u00e1mt\u00e1bl\u00e1inkat is. A mopsz, n\u00e9met juh\u00e1sz, tacsk\u00f3, golden retriever \u00e9s brit r\u00f6vidsz\u0151r\u0171 cic\u00e1s v\u00e1ltozatok S-XL m\u00e9retben, 8-9 RAL sz\u00ednben \u00e9s ak\u00e1r 8 mm vastags\u00e1gig is el\u00e9rhet\u0151k. A kuty\u00e1s h\u00e1zsz\u00e1mt\u00e1bl\u00e1k mell\u00e9 a \"Vigy\u00e1zz, a kutya harap!\" figyelmeztet\u0151 t\u00e1bl\u00e1inkat is aj\u00e1nljuk.\n\nKAPCSOLODO TERMEKEK\n\nA boltunkban \u00e1llatmot\u00edvumos t\u00e1bl\u00e1kon k\u00edv\u00fcl is sz\u00e9les v\u00e1laszt\u00e9k v\u00e1r: mad\u00e1rp\u00e1ros, pillang\u00f3s, pingvines, vintage, modern, sportmot\u00edvumos, balatoni, haj\u00f3s \u00e9s Nagy-Magyarorsz\u00e1g h\u00e1zsz\u00e1mt\u00e1bl\u00e1k. Ha teljesen egyedi mot\u00edvumot szeretn\u00e9l, azt is megval\u00f3s\u00edtjuk.\n\nA bej\u00e1rat ut\u00e1n a bels\u0151 terekbe is aj\u00e1nljuk a k\u00edn\u00e1latunkat: kapcsol\u00f3d\u00edszek (pillang\u00f3s, cic\u00e1s, kukucsk\u00e1l\u00f3 cic\u00e1s v\u00e1ltozatok), babaszoba dekorok \u00e9s tov\u00e1bbi egyedi k\u00e9zm\u0171ves term\u00e9kek. A h\u00e1zsz\u00e1mt\u00e1bla \u00e9s egy kapcsol\u00f3d\u00edsz egy\u00fctt \u00f6tletes \u00e9s szem\u00e9lyre szabott aj\u00e1nd\u00e9kcsomag.\n\nMinden term\u00e9k\u00fcnket egyedileg, rendel\u00e9sre k\u00e9sz\u00edtj\u00fck. K\u00e9rd\u00e9sed van? \u00cdrj b\u00e1tran, gyorsan v\u00e1laszolunk. N\u00e9zd meg a t\u00f6bbi term\u00e9k\u00fcnket is, h\u00e1tha tal\u00e1lsz m\u00e9g valamit, ami tetszik.","price":"3000.00","unit":"db","recommended":"0","status":"1","sponsored":"0","exp_notify":"0","own_material":"0","own_material_description_old":null,"own_material_description":"","jury":"0","jury_number":"","product_nature":"","meskaracsony":"0","create_date":"2026-02-27 14:32:29","shelve_id":"79630","image":"darimi_product_702579_250305001649_64949.jpeg","image_width":"480","image_height":"480","image_alt":"Egyedi corgis h\u00e1zsz\u00e1mt\u00e1bla - kuty\u00e1s \u00e9s cic\u00e1s h\u00e1zsz\u00e1m, k\u00fclt\u00e9ri UV-\u00e1ll\u00f3, kedvez\u0151 \u00e1ron, Corgis vagy cic\u00e1s mot\u00edvumos egyedi h\u00e1zsz\u00e1mt\u00e1bla, amelyet a te h\u00e1zsz\u00e1modra szabunk. Fix m\u00e9retben, ked..., Meska","image_title":"Egyedi corgis h\u00e1zsz\u00e1mt\u00e1bla - kuty\u00e1s \u00e9s cic\u00e1s h\u00e1zsz\u00e1m, k\u00fclt\u00e9ri UV-\u00e1ll\u00f3, kedvez\u0151 \u00e1ron, Meska","view_count":"3217","favourite_count":"0","trending_score":"0","last2MonthFavouriteCount":"0","promotion":"0","giftcard_accept":"0","creditcard_accept":true,"enhanced_background":"0","domain":"meska","specific_customer_id":null,"specific_customer_name":null,"to_order_product":"1","to_order_product_time":"2","product_different":null,"product_different_description":"","vintage":"0","vintage_category_id":"0","recycled":"0","gemstone_id":"0","customizable":"1","type_category":"physical","zerowaste":"0","postage_price":"1290.00","shop_order":"0","has_category":"1","landing_pages":null,"microdata":{"number":83,"category":""},"title":"Egyedi corgis h\u00e1zsz\u00e1mt\u00e1bla - kuty\u00e1s \u00e9s cic\u00e1s h\u00e1zsz\u00e1m, k\u00fclt\u00e9ri UV-\u00e1ll\u00f3, kedvez\u0151 \u00e1ron","description":"Corgis vagy cic\u00e1s mot\u00edvumos egyedi h\u00e1zsz\u00e1mt\u00e1bla, amelyet a te h\u00e1zsz\u00e1modra szabunk. Fix m\u00e9retben, kedvez\u0151 \u00e1ron kaphat\u00f3, \u00edgy a legegyszer\u0171bb m\u00f3dja annak, hogy a bej\u00e1ratodat kedvenc \u00e1llatod sziluettj\u00e9vel tedd egyediv\u00e9. A corgi jellegzetes, r\u00f6vid l\u00e1b\u00fa, vid\u00e1m alakja vagy a cica kedves sziluettje messzir\u0151l felismerhet\u0151 \u00e9s mosolyt csal az \u00e9rkez\u0151 arc\u00e1ra.\n\nMERET ES AR\n\nA t\u00e1bla m\u00e9rete fix: 25 x 15 cm, ami a bej\u00e1ratok t\u00f6bbs\u00e9g\u00e9hez remek\u00fcl illeszkedik. Ez a m\u00e9ret ide\u00e1lis kisebb kapukra, ker\u00edt\u00e9soszlopokra \u00e9s postal\u00e1d\u00e1k melletti elhelyez\u00e9sre. Fekete vagy feh\u00e9r sz\u00ednben v\u00e1laszthat\u00f3. Alap\u00e1ra 3 000 Ft, \u00edgy a boltunk egyik legkedvez\u0151bb \u00e1r\u00fa h\u00e1zsz\u00e1mt\u00e1bl\u00e1ja.\n\nHa valaki egyedi h\u00e1zsz\u00e1mot szeretne \u00e1llatmot\u00edvummal, de nem akar sokat k\u00f6lteni, ez a t\u00e1bla kiv\u00e1l\u00f3 bel\u00e9p\u0151szint\u0171 v\u00e1laszt\u00e1s.\n\nANYAG\n\nA t\u00e1bla ASA ipari m\u0171anyagb\u00f3l k\u00e9sz\u00fcl, amely k\u00fclt\u00e9ri tart\u00f3s felhaszn\u00e1l\u00e1sra fejlesztett anyag. Id\u0151j\u00e1r\u00e1s\u00e1ll\u00f3: -30 fokt\u00f3l +80 fokig b\u00edrja a hideget \u00e9s a meleget, UV-\u00e1ll\u00f3, es\u0151\u00e1ll\u00f3 \u00e9s fagy\u00e1ll\u00f3. Eg\u00e9sz \u00e9vben nyugodtan kint maradhat a ker\u00edt\u00e9sen, falon vagy kapun.\n\nA szat\u00e9n fel\u00fclet\u0171, s\u00edk kivitel\u0171 t\u00e1bla nem dombor\u00fa. A sz\u00ednek RAL ipari sz\u00ednsk\u00e1l\u00e1b\u00f3l val\u00f3k, Prusa XL 5T nyomtat\u00f3val k\u00e9sz\u00fcl fest\u00e9s n\u00e9lk\u00fcl, a sz\u00edn az anyag r\u00e9sze, nem kopik le \u00e9s nem fakul. A t\u00e1bla k\u00fclt\u00e9ren t\u00f6bb mint 10 \u00e9vig tartja mag\u00e1t, \u00edgy hossz\u00fa t\u00e1v\u00fa megold\u00e1s a bej\u00e1rat d\u00edsz\u00edt\u00e9s\u00e9re. Az ASA anyag minim\u00e1lis karbantart\u00e1st ig\u00e9nyel, alkalmank\u00e9nt egy nedves ruh\u00e1val \u00e1tt\u00f6r\u00f6lhet\u0151.\n\nROGZITES\n\nK\u00fclt\u00e9ri \u00e9p\u00edt\u00e9si ragaszt\u00f3val a legegyszer\u0171bb felhelyezni a falra, ker\u00edt\u00e9sre vagy kapura. F\u00far\u00e1smentes megold\u00e1s, de ha furatokat szeretn\u00e9l, jelezd rendel\u00e9skor. A ragaszt\u00f3s r\u00f6gz\u00edt\u00e9s nem rong\u00e1lja a fel\u00fcletet, \u00e9s sz\u00fcks\u00e9g eset\u00e9n a t\u00e1bla \u00e1thelyezhet\u0151.\n\nHOGYAN RENDELHETSZ?\n\nRendel\u00e9skor add meg a k\u00edv\u00e1nt h\u00e1zsz\u00e1mot vagy utcanevet, \u00e9s v\u00e1laszd ki a mot\u00edvumot (corgi vagy cica) \u00e9s a sz\u00ednt (fekete vagy feh\u00e9r). Ha egyedi k\u00e9r\u00e9sed van, \u00edrj \u00fczenetet, \u00e9s megbesz\u00e9lj\u00fck.\n\nMIRE JO?\n\nA corgi az ut\u00f3bbi \u00e9vekben hatalmas n\u00e9pszer\u0171s\u00e9gre tett szert Magyarorsz\u00e1gon is, jellegzetes r\u00f6vid l\u00e1bai \u00e9s vid\u00e1m megjelen\u00e9se miatt. Az internetes kult\u00far\u00e1ban is ikonikus kutyafajta, \u00edgy a fiatalabb gener\u00e1ci\u00f3 k\u00f6r\u00e9ben k\u00fcl\u00f6n\u00f6sen kedvelt. Cica mot\u00edvummal pedig a macsk\u00e1s h\u00e1ztart\u00e1sok sz\u00e1m\u00e1ra k\u00edn\u00e1lunk kedvez\u0151 \u00e1r\u00fa megold\u00e1st.\n\n- Corgi- vagy cicagazdik bej\u00e1rat\u00e1nak d\u00edsz\u00edt\u00e9s\u00e9re\n- H\u00e1zavat\u00f3ra, sz\u00fclet\u00e9snapra vagy n\u00e9vnapra is remek aj\u00e1nd\u00e9k, k\u00fcl\u00f6n\u00f6sen kedvez\u0151 \u00e1ra miatt\n- Ak\u00e1r t\u00f6bb darabot is rendelhetsz k\u00fcl\u00f6nb\u00f6z\u0151 mot\u00edvumokkal\n- K\u00f6lt\u00f6z\u00e9shez, tavaszi fel\u00faj\u00edt\u00e1shoz, az otthon felfriss\u00edt\u00e9s\u00e9hez\n\nPREMIUM VALTOZATOK\n\nHa nagyobb m\u00e9retre, t\u00f6bb sz\u00ednv\u00e1laszt\u00e9kra vagy vastagabb t\u00e1bla lehet\u0151s\u00e9g\u00e9re van sz\u00fcks\u00e9ged, \u00e9rdemes megn\u00e9zned a pr\u00e9mium h\u00e1zsz\u00e1mt\u00e1bl\u00e1inkat is. A mopsz, n\u00e9met juh\u00e1sz, tacsk\u00f3, golden retriever \u00e9s brit r\u00f6vidsz\u0151r\u0171 cic\u00e1s v\u00e1ltozatok S-XL m\u00e9retben, 8-9 RAL sz\u00ednben \u00e9s ak\u00e1r 8 mm vastags\u00e1gig is el\u00e9rhet\u0151k. A kuty\u00e1s h\u00e1zsz\u00e1mt\u00e1bl\u00e1k mell\u00e9 a \"Vigy\u00e1zz, a kutya harap!\" figyelmeztet\u0151 t\u00e1bl\u00e1inkat is aj\u00e1nljuk.\n\nKAPCSOLODO TERMEKEK\n\nA boltunkban \u00e1llatmot\u00edvumos t\u00e1bl\u00e1kon k\u00edv\u00fcl is sz\u00e9les v\u00e1laszt\u00e9k v\u00e1r: mad\u00e1rp\u00e1ros, pillang\u00f3s, pingvines, vintage, modern, sportmot\u00edvumos, balatoni, haj\u00f3s \u00e9s Nagy-Magyarorsz\u00e1g h\u00e1zsz\u00e1mt\u00e1bl\u00e1k. Ha teljesen egyedi mot\u00edvumot szeretn\u00e9l, azt is megval\u00f3s\u00edtjuk.\n\nA bej\u00e1rat ut\u00e1n a bels\u0151 terekbe is aj\u00e1nljuk a k\u00edn\u00e1latunkat: kapcsol\u00f3d\u00edszek (pillang\u00f3s, cic\u00e1s, kukucsk\u00e1l\u00f3 cic\u00e1s v\u00e1ltozatok), babaszoba dekorok \u00e9s tov\u00e1bbi egyedi k\u00e9zm\u0171ves term\u00e9kek. A h\u00e1zsz\u00e1mt\u00e1bla \u00e9s egy kapcsol\u00f3d\u00edsz egy\u00fctt \u00f6tletes \u00e9s szem\u00e9lyre szabott aj\u00e1nd\u00e9kcsomag.\n\nMinden term\u00e9k\u00fcnket egyedileg, rendel\u00e9sre k\u00e9sz\u00edtj\u00fck. K\u00e9rd\u00e9sed van? \u00cdrj b\u00e1tran, gyorsan v\u00e1laszolunk. N\u00e9zd meg a t\u00f6bbi term\u00e9k\u00fcnket is, h\u00e1tha tal\u00e1lsz m\u00e9g valamit, ami tetszik.","score":0,"formatted_price":"3 000 Ft","image_url":"https:\/\/www.meska.hu\/img\/product\/small\/d\/a\/darimi_product_702579_250305001649_64949.jpeg","formatted_url":"https:\/\/www.meska.hu\/p5508927-corgis-egyedi-hazszamtabla-3d-nyomtatott-idojarasallo-asa-25x15-cm-fekete-vagy-feher-szinben-kulterre","favourite":false,"in_stock":false,"avatar":"702579_avatar_1739694015.jpeg","delete_from":0,"is_enhanced_background":false,"is_enhanced":false,"product_selection_started":false,"is_active":true,"image_webp_url":"https:\/\/www.meska.hu\/img\/product\/small\/d\/a\/darimi_product_702579_250305001649_64949.webp"},{"id":"6130504","shop_id":"48604","user_id":"711650","shop_name":"Ajandekcsoda","shop_zip":"3377","product_code":"5741914","product_name_old":null,"product_name":"\ud83c\udfe0 Egyedi h\u00e1zsz\u00e1mt\u00e1bla-3D Nyomtat\u00e1ssla  \ud83c\udfe0 ","category_string":"Otthon & \u00c9letm\u00f3d, H\u00e1z & Kert, H\u00e1zsz\u00e1m","technic_string":"Mindenm\u00e1s","category_1":"813","category_2":"897","category_3":"431","category_4":"0","merged_category_1":null,"merged_category_2":null,"merged_category_3":null,"technic_1":"493","technic_2":"0","technic_3":"0","color_1":"519","color_2":"520","color_3":"527","product_description_old":null,"product_description":"\ud83c\udfe0 Egyedi h\u00e1zsz\u00e1mt\u00e1bla \u2013 modern, 3D nyomtatott kivitelben \ud83c\udfe0\n\nTedd egyediv\u00e9 otthonod megjelen\u00e9s\u00e9t egy letisztult, modern st\u00edlus\u00fa h\u00e1zsz\u00e1mt\u00e1bl\u00e1val! A t\u00e1bla rendel\u00e9sre k\u00e9sz\u00fcl, \u00edgy teljesen szem\u00e9lyre szabhat\u00f3 a saj\u00e1t ig\u00e9nyeid szerint.\n\nM\u00e9ret  15x20cm\n\n\u2714 M\u00e9ret v\u00e1laszthat\u00f3\n\u2714 T\u00f6bb sz\u00ednben rendelhet\u0151\n\u2714 Egyedi utcan\u00e9v \u00e9s h\u00e1zsz\u00e1m\n\u2714 Id\u0151t\u00e1ll\u00f3, ig\u00e9nyes megjelen\u00e9s\n\nRagaszt\u00e1s: Sima falfel\u00fcletre k\u00f6nnyed\u00e9n felhelyezhet\u0151. A biztos tart\u00e1s \u00e9rdek\u00e9ben javasoljuk k\u00fclt\u00e9ri foly\u00e9kony ragaszt\u00f3 vagy szilikon haszn\u00e1lat\u00e1t.\n\nCsavaroz\u00e1s: A t\u00e1bla ig\u00e9ny szerint f\u00farhat\u00f3, de k\u00e9rheti eleve el\u0151re kif\u00fart lyukakkal is, \u00edgy azonnal r\u00f6gz\u00edthet\u0151 csavarok seg\u00edts\u00e9g\u00e9vel.\n\n\ud83d\udee0\ufe0f Hogyan rendeld meg?\nV\u00e1laszd ki a k\u00edv\u00e1nt sz\u00ednt \u00e9s m\u00e9retet, majd rendel\u00e9skor a megjegyz\u00e9sben \u00edrd meg az utca nev\u00e9t \u00e9s a h\u00e1zsz\u00e1mot. Ha k\u00fcl\u00f6n elk\u00e9pzel\u00e9sed van, \u00fczenetben is egyeztethet\u00fcnk!\n\nA term\u00e9k 3D nyomtat\u00e1ssal k\u00e9sz\u00fcl, gondos tervez\u00e9ssel \u00e9s prec\u00edz kivitelez\u00e9ssel, hogy hossz\u00fa t\u00e1von is sz\u00e9p \u00e9s j\u00f3l l\u00e1that\u00f3 legyen a h\u00e1zsz\u00e1mod.\n\n\ud83c\udf81 Saj\u00e1t otthonra vagy aj\u00e1nd\u00e9knak is t\u00f6k\u00e9letes v\u00e1laszt\u00e1s!\n\nKulcsszavak: egyedi h\u00e1zsz\u00e1m, modern h\u00e1zsz\u00e1mt\u00e1bla, 3D nyomtatott h\u00e1zsz\u00e1m, utcan\u00e9v t\u00e1bla, szem\u00e9lyre szabott dekor\u00e1ci\u00f3, k\u00fclt\u00e9ri h\u00e1zsz\u00e1m\n\nS\u00dcRG\u0150S CSOMAG \nHa gyorsan van sz\u00fcks\u00e9ged a term\u00e9kre, v\u00e1laszd a \u201eS\u00fcrg\u0151s csomag\u201d szolg\u00e1ltat\u00e1st is a rendel\u00e9sed mell\u00e9!\nEbben az esetben a megrendel\u00e9sed el\u0151nyt \u00e9lvez, \u00e9s\n\ud83d\udc49 24 \u00f3r\u00e1n bel\u00fcl elk\u00e9sz\u00edtj\u00fck \u00e9s felad\u00e1sra ker\u00fcl a csomagod.\nAz al\u00e1bbi linkre kattintva kos\u00e1rba rakhat\u00f3.\nhttps:\/\/www.meska.hu\/p5770953-surgos-csomag-24-oran-beluli-keszites-es-feladas","price":"3990.00","unit":"db","recommended":"0","status":"1","sponsored":"0","exp_notify":"0","own_material":"0","own_material_description_old":null,"own_material_description":"","jury":"0","jury_number":"","product_nature":"","meskaracsony":"0","create_date":"2026-02-26 10:49:59","shelve_id":"0","image":"ajandekcsoda_product_711650_260226104820_966736.png","image_width":"480","image_height":"320","image_alt":"\ud83c\udfe0 Egyedi h\u00e1zsz\u00e1mt\u00e1bla-3D Nyomtat\u00e1ssla  \ud83c\udfe0 , \ud83c\udfe0 Egyedi h\u00e1zsz\u00e1mt\u00e1bla \u2013 modern, 3D nyomtatott kivitelben \ud83c\udfe0\\n\\nTedd egyediv\u00e9 otthonod megjelen\u00e9s\u00e9t egy ..., Meska","image_title":"\ud83c\udfe0 Egyedi h\u00e1zsz\u00e1mt\u00e1bla-3D Nyomtat\u00e1ssla  \ud83c\udfe0 , Meska","view_count":"70","favourite_count":"0","trending_score":"0","last2MonthFavouriteCount":"0","promotion":"0","giftcard_accept":"0","creditcard_accept":true,"enhanced_background":"0","domain":"meska","specific_customer_id":null,"specific_customer_name":null,"to_order_product":"1","to_order_product_time":"1","product_different":null,"product_different_description":"","vintage":"0","vintage_category_id":"0","recycled":"0","gemstone_id":"0","customizable":"0","type_category":"physical","zerowaste":"0","postage_price":"2390.00","shop_order":"0","has_category":"1","landing_pages":null,"microdata":{"number":84,"category":""},"title":"\ud83c\udfe0 Egyedi h\u00e1zsz\u00e1mt\u00e1bla-3D Nyomtat\u00e1ssla  \ud83c\udfe0 ","description":"\ud83c\udfe0 Egyedi h\u00e1zsz\u00e1mt\u00e1bla \u2013 modern, 3D nyomtatott kivitelben \ud83c\udfe0\n\nTedd egyediv\u00e9 otthonod megjelen\u00e9s\u00e9t egy letisztult, modern st\u00edlus\u00fa h\u00e1zsz\u00e1mt\u00e1bl\u00e1val! A t\u00e1bla rendel\u00e9sre k\u00e9sz\u00fcl, \u00edgy teljesen szem\u00e9lyre szabhat\u00f3 a saj\u00e1t ig\u00e9nyeid szerint.\n\nM\u00e9ret  15x20cm\n\n\u2714 M\u00e9ret v\u00e1laszthat\u00f3\n\u2714 T\u00f6bb sz\u00ednben rendelhet\u0151\n\u2714 Egyedi utcan\u00e9v \u00e9s h\u00e1zsz\u00e1m\n\u2714 Id\u0151t\u00e1ll\u00f3, ig\u00e9nyes megjelen\u00e9s\n\nRagaszt\u00e1s: Sima falfel\u00fcletre k\u00f6nnyed\u00e9n felhelyezhet\u0151. A biztos tart\u00e1s \u00e9rdek\u00e9ben javasoljuk k\u00fclt\u00e9ri foly\u00e9kony ragaszt\u00f3 vagy szilikon haszn\u00e1lat\u00e1t.\n\nCsavaroz\u00e1s: A t\u00e1bla ig\u00e9ny szerint f\u00farhat\u00f3, de k\u00e9rheti eleve el\u0151re kif\u00fart lyukakkal is, \u00edgy azonnal r\u00f6gz\u00edthet\u0151 csavarok seg\u00edts\u00e9g\u00e9vel.\n\n\ud83d\udee0\ufe0f Hogyan rendeld meg?\nV\u00e1laszd ki a k\u00edv\u00e1nt sz\u00ednt \u00e9s m\u00e9retet, majd rendel\u00e9skor a megjegyz\u00e9sben \u00edrd meg az utca nev\u00e9t \u00e9s a h\u00e1zsz\u00e1mot. Ha k\u00fcl\u00f6n elk\u00e9pzel\u00e9sed van, \u00fczenetben is egyeztethet\u00fcnk!\n\nA term\u00e9k 3D nyomtat\u00e1ssal k\u00e9sz\u00fcl, gondos tervez\u00e9ssel \u00e9s prec\u00edz kivitelez\u00e9ssel, hogy hossz\u00fa t\u00e1von is sz\u00e9p \u00e9s j\u00f3l l\u00e1that\u00f3 legyen a h\u00e1zsz\u00e1mod.\n\n\ud83c\udf81 Saj\u00e1t otthonra vagy aj\u00e1nd\u00e9knak is t\u00f6k\u00e9letes v\u00e1laszt\u00e1s!\n\nKulcsszavak: egyedi h\u00e1zsz\u00e1m, modern h\u00e1zsz\u00e1mt\u00e1bla, 3D nyomtatott h\u00e1zsz\u00e1m, utcan\u00e9v t\u00e1bla, szem\u00e9lyre szabott dekor\u00e1ci\u00f3, k\u00fclt\u00e9ri h\u00e1zsz\u00e1m\n\nS\u00dcRG\u0150S CSOMAG \nHa gyorsan van sz\u00fcks\u00e9ged a term\u00e9kre, v\u00e1laszd a \u201eS\u00fcrg\u0151s csomag\u201d szolg\u00e1ltat\u00e1st is a rendel\u00e9sed mell\u00e9!\nEbben az esetben a megrendel\u00e9sed el\u0151nyt \u00e9lvez, \u00e9s\n\ud83d\udc49 24 \u00f3r\u00e1n bel\u00fcl elk\u00e9sz\u00edtj\u00fck \u00e9s felad\u00e1sra ker\u00fcl a csomagod.\nAz al\u00e1bbi linkre kattintva kos\u00e1rba rakhat\u00f3.\nhttps:\/\/www.meska.hu\/p5770953-surgos-csomag-24-oran-beluli-keszites-es-feladas","score":0,"formatted_price":"3 990 Ft","image_url":"https:\/\/www.meska.hu\/img\/product\/small\/a\/j\/ajandekcsoda_product_711650_260226104820_966736.png","formatted_url":"https:\/\/www.meska.hu\/p5741914-egyedi-hazszamtabla-3d-nyomtatassla","favourite":false,"in_stock":false,"avatar":"711650_avatar_1770217912.png","delete_from":0,"is_enhanced_background":false,"is_enhanced":false,"product_selection_started":false,"is_active":true,"image_webp_url":"https:\/\/www.meska.hu\/img\/product\/small\/a\/j\/ajandekcsoda_product_711650_260226104820_966736.webp"},{"id":"3473327","shop_id":"12524","user_id":"54127","shop_name":"Kiokumitsu","shop_zip":"1155","product_code":"2954735","product_name_old":null,"product_name":"D\u00edszes kivitel\u0171 h\u00e1zsz\u00e1mt\u00e1bla","category_string":"Otthon & \u00c9letm\u00f3d, H\u00e1z & Kert, H\u00e1zsz\u00e1m","technic_string":"Mindenm\u00e1s, Fot\u00f3, grafika, rajz, illusztr\u00e1ci\u00f3","category_1":"813","category_2":"897","category_3":"431","category_4":"0","merged_category_1":"0","merged_category_2":"0","merged_category_3":"0","technic_1":"493","technic_2":"483","technic_3":"0","color_1":"519","color_2":"521","color_3":"0","product_description_old":null,"product_description":"D\u00edszes kivitel\u0171 h\u00e1zsz\u00e1mt\u00e1bla.  Utcan\u00e9v \u00e9s h\u00e1zsz\u00e1m helyezhet\u0151 r\u00e1.\nSaj\u00e1t tervez\u00e9s \u00e9s kivitelez\u00e9s, bele\u00e9rtve a kiv\u00e1g\u00e1st is.\nAlapm\u00e9ret: 20 x17 cm, de v\u00e1laszthat\u00f3 nagyobb v\u00e1ltozat is.\nA megjegyz\u00e9s rovatban tudja majd megadni a t\u00e1bl\u00e1ra fel\u00edrand\u00f3 sz\u00f6veget.\n\nA t\u00e1bla anyaga: Ongrofoam, egy speci\u00e1lis UV \u00e1ll\u00f3 m\u0171anyag, Id\u0151j\u00e1r\u00e1s\u00e1ll\u00f3.\n\nK\u00e9rem olvassal el az \u00e1ltal\u00e1nos szerz\u0151d\u00e9si felt\u00e9teleket (\u00c1SZF), melyet a term\u00e9k megv\u00e1s\u00e1rl\u00e1val \u00f6n elfogadott.\n\nA sz\u00ednv\u00e1laszt\u00e1s a t\u00e1bla alapsz\u00edn\u00e9re vonatkozik, \u00e9s nem a felirat sz\u00edn\u00e9re!\n\n","price":"5490.00","unit":"db","recommended":"0","status":"1","sponsored":"0","exp_notify":"0","own_material":"0","own_material_description_old":null,"own_material_description":"","jury":"0","jury_number":"","product_nature":"","meskaracsony":"0","create_date":"2026-02-23 15:51:10","shelve_id":"44100","image":"kiokumitsu_product_54127_210611200901_238340.jpeg","image_width":"480","image_height":"480","image_alt":"D\u00edszes kivitel\u0171 h\u00e1zsz\u00e1mt\u00e1bla, D\u00edszes kivitel\u0171 h\u00e1zsz\u00e1mt\u00e1bla.  Utcan\u00e9v \u00e9s h\u00e1zsz\u00e1m helyezhet\u0151 r\u00e1.\\nSaj\u00e1t tervez\u00e9s \u00e9s kivitelez\u00e9s, bele..., Meska","image_title":"D\u00edszes kivitel\u0171 h\u00e1zsz\u00e1mt\u00e1bla, Meska","view_count":"3174","favourite_count":"0","trending_score":"0","last2MonthFavouriteCount":"0","promotion":"0","giftcard_accept":"1","creditcard_accept":true,"enhanced_background":"0","domain":"meska","specific_customer_id":null,"specific_customer_name":null,"to_order_product":"1","to_order_product_time":"12","product_different":"different","product_different_description":"A k\u00e9perny\u0151n l\u00e1that\u00f3 sz\u00ednek felbont\u00e1sa \u00e9s a nyomdai sz\u00ednek felbont\u00e1sa kis m\u00e9rt\u00e9kben elt\u00e9rhet!","vintage":"0","vintage_category_id":"0","recycled":"0","gemstone_id":"0","customizable":"0","type_category":"physical","zerowaste":"0","postage_price":"2390.00","shop_order":"0","has_category":"1","landing_pages":null,"microdata":{"number":85,"category":""},"title":"D\u00edszes kivitel\u0171 h\u00e1zsz\u00e1mt\u00e1bla","description":"D\u00edszes kivitel\u0171 h\u00e1zsz\u00e1mt\u00e1bla.  Utcan\u00e9v \u00e9s h\u00e1zsz\u00e1m helyezhet\u0151 r\u00e1.\nSaj\u00e1t tervez\u00e9s \u00e9s kivitelez\u00e9s, bele\u00e9rtve a kiv\u00e1g\u00e1st is.\nAlapm\u00e9ret: 20 x17 cm, de v\u00e1laszthat\u00f3 nagyobb v\u00e1ltozat is.\nA megjegyz\u00e9s rovatban tudja majd megadni a t\u00e1bl\u00e1ra fel\u00edrand\u00f3 sz\u00f6veget.\n\nA t\u00e1bla anyaga: Ongrofoam, egy speci\u00e1lis UV \u00e1ll\u00f3 m\u0171anyag, Id\u0151j\u00e1r\u00e1s\u00e1ll\u00f3.\n\nK\u00e9rem olvassal el az \u00e1ltal\u00e1nos szerz\u0151d\u00e9si felt\u00e9teleket (\u00c1SZF), melyet a term\u00e9k megv\u00e1s\u00e1rl\u00e1val \u00f6n elfogadott.\n\nA sz\u00ednv\u00e1laszt\u00e1s a t\u00e1bla alapsz\u00edn\u00e9re vonatkozik, \u00e9s nem a felirat sz\u00edn\u00e9re!\n\n","score":0,"formatted_price":"5 490 Ft","image_url":"https:\/\/www.meska.hu\/img\/product\/small\/k\/i\/kiokumitsu_product_54127_210611200901_238340.jpeg","formatted_url":"https:\/\/www.meska.hu\/p2954735-diszes-kivitelu-hazszamtabla","favourite":false,"in_stock":false,"avatar":"Kiokumitsu_avatar_54127_1676920383.jpg","delete_from":0,"is_enhanced_background":false,"is_enhanced":false,"product_selection_started":false,"is_active":true,"image_webp_url":"https:\/\/www.meska.hu\/img\/product\/small\/k\/i\/kiokumitsu_product_54127_210611200901_238340.webp"},{"id":"3476042","shop_id":"12524","user_id":"54127","shop_name":"Kiokumitsu","shop_zip":"1155","product_code":"3298303","product_name_old":null,"product_name":"H\u00e1zsz\u00e1mt\u00e1bla - n\u00e9gyzet","category_string":"Otthon & \u00c9letm\u00f3d, H\u00e1z & Kert, H\u00e1zsz\u00e1m","technic_string":"Mindenm\u00e1s, Fot\u00f3, grafika, rajz, illusztr\u00e1ci\u00f3","category_1":"813","category_2":"897","category_3":"431","category_4":"0","merged_category_1":"0","merged_category_2":"0","merged_category_3":"0","technic_1":"493","technic_2":"483","technic_3":"0","color_1":"519","color_2":"521","color_3":"523","product_description_old":null,"product_description":"D\u00edszes kivitel\u0171 h\u00e1zsz\u00e1mt\u00e1bla. Saj\u00e1t tervez\u00e9s\u0171, egyedi grafika. Saj\u00e1t kivitelez\u00e9s bele\u00e9rtve a kiv\u00e1g\u00e1st \nA megjegyz\u00e9s rovatban tudja majd megadni a t\u00e1bl\u00e1ra fel\u00edrand\u00f3 sz\u00f6veget.\n\nM\u00e9rete: 20 x 20 cm, de k\u00e9rhet\u0151 nagyobb m\u00e9retben is.\n\nA t\u00e1bla anyaga: Ongrofoam, egy speci\u00e1lis UV \u00e1ll\u00f3 m\u0171anyag\n\nK\u00e9rem olvassal el az \u00e1ltal\u00e1nos szerz\u0151d\u00e9si felt\u00e9teleket (\u00c1SZF), melyet a term\u00e9k megv\u00e1s\u00e1rl\u00e1val \u00f6n elfogadott.\n\nA sz\u00ednv\u00e1laszt\u00e1s a t\u00e1bla alapsz\u00edn\u00e9re vonatkozik, \u00e9s nem a felirat sz\u00edn\u00e9re!\n\n\n","price":"4190.00","unit":"db","recommended":"0","status":"1","sponsored":"0","exp_notify":"0","own_material":"0","own_material_description_old":null,"own_material_description":"","jury":"0","jury_number":"","product_nature":"","meskaracsony":"0","create_date":"2026-02-22 17:43:35","shelve_id":"44100","image":"kiokumitsu_product_54127_181209121328_574972.jpeg","image_width":"480","image_height":"497","image_alt":"H\u00e1zsz\u00e1mt\u00e1bla - n\u00e9gyzet, D\u00edszes kivitel\u0171 h\u00e1zsz\u00e1mt\u00e1bla. Saj\u00e1t tervez\u00e9s\u0171, egyedi grafika. Saj\u00e1t kivitelez\u00e9s bele\u00e9rtve a kiv\u00e1g\u00e1s..., Meska","image_title":"H\u00e1zsz\u00e1mt\u00e1bla - n\u00e9gyzet, Meska","view_count":"1384","favourite_count":"0","trending_score":"0","last2MonthFavouriteCount":"0","promotion":"0","giftcard_accept":"1","creditcard_accept":true,"enhanced_background":"0","domain":"meska","specific_customer_id":null,"specific_customer_name":null,"to_order_product":"1","to_order_product_time":"12","product_different":"different","product_different_description":"A k\u00e9perny\u0151n l\u00e1that\u00f3 sz\u00ednek felbont\u00e1sa \u00e9s a nyomdai sz\u00ednek felbont\u00e1sa kis m\u00e9rt\u00e9kben elt\u00e9rhet!","vintage":"0","vintage_category_id":"0","recycled":"0","gemstone_id":"0","customizable":"0","type_category":"physical","zerowaste":"0","postage_price":"2390.00","shop_order":"0","has_category":"1","landing_pages":null,"microdata":{"number":86,"category":""},"title":"H\u00e1zsz\u00e1mt\u00e1bla - n\u00e9gyzet","description":"D\u00edszes kivitel\u0171 h\u00e1zsz\u00e1mt\u00e1bla. Saj\u00e1t tervez\u00e9s\u0171, egyedi grafika. Saj\u00e1t kivitelez\u00e9s bele\u00e9rtve a kiv\u00e1g\u00e1st \nA megjegyz\u00e9s rovatban tudja majd megadni a t\u00e1bl\u00e1ra fel\u00edrand\u00f3 sz\u00f6veget.\n\nM\u00e9rete: 20 x 20 cm, de k\u00e9rhet\u0151 nagyobb m\u00e9retben is.\n\nA t\u00e1bla anyaga: Ongrofoam, egy speci\u00e1lis UV \u00e1ll\u00f3 m\u0171anyag\n\nK\u00e9rem olvassal el az \u00e1ltal\u00e1nos szerz\u0151d\u00e9si felt\u00e9teleket (\u00c1SZF), melyet a term\u00e9k megv\u00e1s\u00e1rl\u00e1val \u00f6n elfogadott.\n\nA sz\u00ednv\u00e1laszt\u00e1s a t\u00e1bla alapsz\u00edn\u00e9re vonatkozik, \u00e9s nem a felirat sz\u00edn\u00e9re!\n\n\n","score":0,"formatted_price":"4 190 Ft","image_url":"https:\/\/www.meska.hu\/img\/product\/small\/k\/i\/kiokumitsu_product_54127_181209121328_574972.jpeg","formatted_url":"https:\/\/www.meska.hu\/p3298303-hazszamtabla-negyzet","favourite":false,"in_stock":false,"avatar":"Kiokumitsu_avatar_54127_1676920383.jpg","delete_from":0,"is_enhanced_background":false,"is_enhanced":false,"product_selection_started":false,"is_active":true,"image_webp_url":"https:\/\/www.meska.hu\/img\/product\/small\/k\/i\/kiokumitsu_product_54127_181209121328_574972.webp"},{"id":"6125351","shop_id":"47945","user_id":"702579","shop_name":"Darimi","shop_zip":"2030","product_code":"5738701","product_name_old":null,"product_name":"Egyedi mopsz h\u00e1zsz\u00e1mt\u00e1bla - kuty\u00e1s h\u00e1zsz\u00e1m k\u00fclt\u00e9ri UV-\u00e1ll\u00f3 t\u00e1bla, szem\u00e9lyre szabott","category_string":"Otthon & \u00c9letm\u00f3d, H\u00e1z & Kert, H\u00e1zsz\u00e1m","technic_string":"Mindenm\u00e1s","category_1":"813","category_2":"897","category_3":"431","category_4":"0","merged_category_1":null,"merged_category_2":null,"merged_category_3":null,"technic_1":"493","technic_2":"0","technic_3":"0","color_1":"519","color_2":"520","color_3":"527","product_description_old":null,"product_description":"Mopsz mot\u00edvumos egyedi h\u00e1zsz\u00e1mt\u00e1bla, amelyet a te h\u00e1zsz\u00e1modra \u00e9s utcaneveddel k\u00e9sz\u00edt\u00fcnk el. Ha mopsz gazdi vagy, \u00e9s szeretn\u00e9d, hogy m\u00e1r a kapun\u00e1l kider\u00fclj\u00f6n, ki lakik a h\u00e1zban, ez a t\u00e1bla neked k\u00e9sz\u00fclt. A mopsz sziluettje \u00e9s a h\u00e1zsz\u00e1m egy\u00fctt alkotnak egy igaz\u00e1n szem\u00e9lyes bej\u00e1rati dekor\u00e1ci\u00f3t, amely mosolyt csal minden \u00e9rkez\u0151 arc\u00e1ra.\n\nM\u00c9RETEK\n\nN\u00e9gy m\u00e9retben rendelhet\u0151:\n- S: 20 x 8 cm (alap\u00e1r: 5 490 Ft)\n- M: 30 x 12 cm\n- L: 35 x 14 cm\n- XL: 40 x 16 cm\n\nA vastags\u00e1g 1,6 mm-t\u0151l 8 mm-ig \u00e1ll\u00edthat\u00f3, az ig\u00e9nyeidt\u0151l f\u00fcgg\u0151en. V\u00e9konyabb t\u00e1bla k\u00f6nnyebb \u00e9s diszkr\u00e9tebb, vastagabb t\u00e1bla massz\u00edvabb, mark\u00e1nsabb megjelen\u00e9st ad. Az S m\u00e9ret kisebb kapukra, postal\u00e1d\u00e1k mell\u00e9 ide\u00e1lis, az XL pedig nagyobb ker\u00edt\u00e9sekhez, j\u00f3l l\u00e1that\u00f3 utcafronti elhelyez\u00e9shez aj\u00e1nlott.\n\nSZ\u00cdNEK\n\n8 el\u0151re kiv\u00e1lasztott RAL sz\u00edn k\u00f6z\u00fcl v\u00e1laszthatsz, de ha egyik sem tetszik, egyedi sz\u00ednt is k\u00e9rhetsz. A sz\u00edneket RAL ipari sz\u00ednsk\u00e1l\u00e1b\u00f3l v\u00e1logatjuk, a nyomtat\u00e1s Prusa XL 5T nyomtat\u00f3val, ak\u00e1r 5 sz\u00ednben t\u00f6rt\u00e9nik, fest\u00e9s n\u00e9lk\u00fcl. Ez azt jelenti, hogy a sz\u00edn az anyag szerves r\u00e9sze, nem kopik le \u00e9s nem h\u00e1mlaszthat\u00f3. \u00cdgy \u00e9vek m\u00falt\u00e1n is ugyanolyan \u00e9l\u00e9nken mutat, mint az els\u0151 napon.\n\nANYAG\n\nA h\u00e1zsz\u00e1mt\u00e1bla ASA m\u0171anyagb\u00f3l k\u00e9sz\u00fcl, amely kifejezetten k\u00fclt\u00e9ri felhaszn\u00e1l\u00e1sra fejlesztett ipari alapanyag. B\u00edrja az es\u0151t, a t\u0171z\u0151 napot, a fagyot \u00e9s a h\u0151s\u00e9get egyar\u00e1nt: -30 fokt\u00f3l eg\u00e9szen +80 fokig haszn\u00e1lhat\u00f3. UV-\u00e1ll\u00f3, \u00edgy a sz\u00ednek nem fakulnak ki az \u00e9vek sor\u00e1n sem. Es\u0151\u00e1ll\u00f3 \u00e9s fagy\u00e1ll\u00f3, teh\u00e1t t\u00e9len-ny\u00e1ron nyugodtan kint maradhat a falon vagy a ker\u00edt\u00e9sen.\n\nSzat\u00e9n fel\u00fclet\u0171, s\u00edk kivitel\u0171 t\u00e1bla, amelyen a mopsz sziluett \u00e9s a h\u00e1zsz\u00e1m egy s\u00edkban helyezkedik el, nem dombor\u00fa. A t\u00e1bla k\u00fclt\u00e9ren is 10 \u00e9vet meghalad\u00f3 \u00e9lettartam\u00fa, \u00edgy hossz\u00fa t\u00e1v\u00fa befektet\u00e9s az otthonod megjelen\u00e9s\u00e9be. Az ASA anyag ellen\u00e1ll a por lerak\u00f3d\u00e1s\u00e1nak is, \u00edgy egy egyszer\u0171 nedves t\u00f6rl\u00e9s elegend\u0151 a tiszt\u00edt\u00e1s\u00e1hoz.\n\nR\u00d6GZ\u00cdT\u00c9S\n\nK\u00fclt\u00e9ri \u00e9p\u00edt\u00e9si ragaszt\u00f3val a legegyszer\u0171bb feltenni a falra, ker\u00edt\u00e9sre vagy kapura. Tart\u00f3s, biztons\u00e1gos megold\u00e1s, \u00e9s nem kell f\u00farni hozz\u00e1. Ha m\u00e9gis furatokat szeretn\u00e9l a t\u00e1bl\u00e1n, azt rendel\u00e9skor jelezd, \u00e9s elk\u00e9sz\u00edtj\u00fck. A ragaszt\u00f3s r\u00f6gz\u00edt\u00e9s el\u0151nye, hogy nem s\u00e9r\u00fcl meg a fal, \u00e9s b\u00e1rmikor \u00e1thelyezhet\u0151.\n\nRENDEL\u00c9S\n\nRendel\u00e9skor add meg a k\u00edv\u00e1nt h\u00e1zsz\u00e1mot vagy utcanevet, a m\u00e9retet, vastags\u00e1got \u00e9s a v\u00e1lasztott sz\u00ednt. Ha b\u00e1rmi egyedi k\u00e9r\u00e9sed van a mot\u00edvummal vagy az elrendez\u00e9ssel kapcsolatban, \u00edrj \u00fczenetet \u00e9s megbesz\u00e9lj\u00fck. K\u00e9sz\u00edt\u00fcnk csak h\u00e1zsz\u00e1mos \u00e9s utcaneves v\u00e1ltozatot is, az elrendez\u00e9st a te ig\u00e9nyeidhez igaz\u00edtjuk.\n\nMIRE J\u00d3?\n\nTavaszi kertsz\u00e9p\u00edt\u00e9shez, fel\u00faj\u00edt\u00e1shoz, vagy ak\u00e1r k\u00f6lt\u00f6z\u00e9s ut\u00e1n az \u00faj otthon szem\u00e9lyre szab\u00e1s\u00e1hoz egyar\u00e1nt remek v\u00e1laszt\u00e1s.\n\nAj\u00e1nd\u00e9knak is kiv\u00e1l\u00f3: h\u00e1zavat\u00f3ra, sz\u00fclet\u00e9snapra vagy n\u00e9vnapra egy szem\u00e9lyre szabott, a megaj\u00e1nd\u00e9kozott kedvenc kutyafajt\u00e1j\u00e1t \u00e1br\u00e1zol\u00f3 h\u00e1zsz\u00e1mt\u00e1bla k\u00fcl\u00f6nleges \u00e9s maradand\u00f3 meglepet\u00e9s. Kuty\u00e1s bar\u00e1tok, csal\u00e1dtagok garant\u00e1ltan \u00f6r\u00fclni fognak neki. Mopsz rajong\u00f3nak nincs enn\u00e9l szem\u00e9lyesebb aj\u00e1nd\u00e9k, \u00e9s a praktikuss\u00e1ga miatt biztosan nem lesz a fi\u00f3k m\u00e9ly\u00e9n.\n\nHa a mopsz mellett m\u00e1s kutyafajta is a sz\u00edvedhez n\u0151tt, \u00e9rdemes megn\u00e9zned a boltunkban el\u00e9rhet\u0151 tov\u00e1bbi kuty\u00e1s h\u00e1zsz\u00e1mt\u00e1bl\u00e1kat is: k\u00e9sz\u00edt\u00fcnk n\u00e9met juh\u00e1szos, tacsk\u00f3s, golden retrieveres \u00e9s corgis v\u00e1ltozatot is. Macsk\u00e1s h\u00e1ztart\u00e1sba pedig a cic\u00e1s vagy brit r\u00f6vidsz\u0151r\u0171 cic\u00e1s h\u00e1zsz\u00e1mt\u00e1bl\u00e1t aj\u00e1nljuk. A kuty\u00e1s h\u00e1zsz\u00e1mt\u00e1bla mell\u00e9 \u00e9rdemes megfontolni a \"Vigy\u00e1zz, a kutya harap!\" figyelmeztet\u0151 t\u00e1bl\u00e1t is, amely szint\u00e9n t\u00f6bb v\u00e1ltozatban el\u00e9rhet\u0151 a boltunkban.\n\nHa a postal\u00e1d\u00e1ra is szeretn\u00e9l h\u00e1zsz\u00e1mot, n\u00e9zd meg az \u00f6n\u00e1ll\u00f3 sz\u00e1mjegyeinket, amelyek t\u00f6k\u00e9letes kieg\u00e9sz\u00edt\u0151k a h\u00e1zsz\u00e1mt\u00e1bla mell\u00e9. Aki nem \u00e1llatmot\u00edvumot keres, annak ott vannak a vintage, modern, eleg\u00e1ns, vagy \u00e9ppen focis, biciklis, motoros v\u00e1ltozatok is. Teljesen egyedi h\u00e1zsz\u00e1mt\u00e1bl\u00e1t is k\u00e9sz\u00edt\u00fcnk, ha saj\u00e1t mot\u00edvumot vagy elrendez\u00e9st szeretn\u00e9l.\n\nMinden term\u00e9k\u00fcnket egyedileg, rendel\u00e9sre k\u00e9sz\u00edtj\u00fck. K\u00e9rd\u00e9sed van a m\u00e9retekkel, sz\u00ednekkel vagy a mot\u00edvummal kapcsolatban? \u00cdrj b\u00e1tran, gyorsan v\u00e1laszolunk. N\u00e9zd meg a t\u00f6bbi term\u00e9k\u00fcnket is, h\u00e1tha tal\u00e1lsz m\u00e9g valamit, ami tetszik.","price":"5490.00","unit":"db","recommended":"0","status":"1","sponsored":"0","exp_notify":"0","own_material":"0","own_material_description_old":null,"own_material_description":"","jury":"0","jury_number":"","product_nature":"","meskaracsony":"0","create_date":"2026-02-22 12:41:47","shelve_id":"79630","image":"darimi_product_702579_260222124128_813646.png","image_width":"480","image_height":"320","image_alt":"Egyedi mopsz h\u00e1zsz\u00e1mt\u00e1bla - kuty\u00e1s h\u00e1zsz\u00e1m k\u00fclt\u00e9ri UV-\u00e1ll\u00f3 t\u00e1bla, szem\u00e9lyre szabott, Mopsz mot\u00edvumos egyedi h\u00e1zsz\u00e1mt\u00e1bla, amelyet a te h\u00e1zsz\u00e1modra \u00e9s utcaneveddel k\u00e9sz\u00edt\u00fcnk el. Ha mopsz..., Meska","image_title":"Egyedi mopsz h\u00e1zsz\u00e1mt\u00e1bla - kuty\u00e1s h\u00e1zsz\u00e1m k\u00fclt\u00e9ri UV-\u00e1ll\u00f3 t\u00e1bla, szem\u00e9lyre szabott, Meska","view_count":"17159","favourite_count":"0","trending_score":"0","last2MonthFavouriteCount":"0","promotion":"0","giftcard_accept":"0","creditcard_accept":true,"enhanced_background":"0","domain":"meska","specific_customer_id":null,"specific_customer_name":null,"to_order_product":"1","to_order_product_time":"1","product_different":null,"product_different_description":"","vintage":"0","vintage_category_id":"0","recycled":"0","gemstone_id":"0","customizable":"1","type_category":"physical","zerowaste":"0","postage_price":"1349.00","shop_order":"0","has_category":"1","landing_pages":null,"microdata":{"number":87,"category":""},"title":"Egyedi mopsz h\u00e1zsz\u00e1mt\u00e1bla - kuty\u00e1s h\u00e1zsz\u00e1m k\u00fclt\u00e9ri UV-\u00e1ll\u00f3 t\u00e1bla, szem\u00e9lyre szabott","description":"Mopsz mot\u00edvumos egyedi h\u00e1zsz\u00e1mt\u00e1bla, amelyet a te h\u00e1zsz\u00e1modra \u00e9s utcaneveddel k\u00e9sz\u00edt\u00fcnk el. Ha mopsz gazdi vagy, \u00e9s szeretn\u00e9d, hogy m\u00e1r a kapun\u00e1l kider\u00fclj\u00f6n, ki lakik a h\u00e1zban, ez a t\u00e1bla neked k\u00e9sz\u00fclt. A mopsz sziluettje \u00e9s a h\u00e1zsz\u00e1m egy\u00fctt alkotnak egy igaz\u00e1n szem\u00e9lyes bej\u00e1rati dekor\u00e1ci\u00f3t, amely mosolyt csal minden \u00e9rkez\u0151 arc\u00e1ra.\n\nM\u00c9RETEK\n\nN\u00e9gy m\u00e9retben rendelhet\u0151:\n- S: 20 x 8 cm (alap\u00e1r: 5 490 Ft)\n- M: 30 x 12 cm\n- L: 35 x 14 cm\n- XL: 40 x 16 cm\n\nA vastags\u00e1g 1,6 mm-t\u0151l 8 mm-ig \u00e1ll\u00edthat\u00f3, az ig\u00e9nyeidt\u0151l f\u00fcgg\u0151en. V\u00e9konyabb t\u00e1bla k\u00f6nnyebb \u00e9s diszkr\u00e9tebb, vastagabb t\u00e1bla massz\u00edvabb, mark\u00e1nsabb megjelen\u00e9st ad. Az S m\u00e9ret kisebb kapukra, postal\u00e1d\u00e1k mell\u00e9 ide\u00e1lis, az XL pedig nagyobb ker\u00edt\u00e9sekhez, j\u00f3l l\u00e1that\u00f3 utcafronti elhelyez\u00e9shez aj\u00e1nlott.\n\nSZ\u00cdNEK\n\n8 el\u0151re kiv\u00e1lasztott RAL sz\u00edn k\u00f6z\u00fcl v\u00e1laszthatsz, de ha egyik sem tetszik, egyedi sz\u00ednt is k\u00e9rhetsz. A sz\u00edneket RAL ipari sz\u00ednsk\u00e1l\u00e1b\u00f3l v\u00e1logatjuk, a nyomtat\u00e1s Prusa XL 5T nyomtat\u00f3val, ak\u00e1r 5 sz\u00ednben t\u00f6rt\u00e9nik, fest\u00e9s n\u00e9lk\u00fcl. Ez azt jelenti, hogy a sz\u00edn az anyag szerves r\u00e9sze, nem kopik le \u00e9s nem h\u00e1mlaszthat\u00f3. \u00cdgy \u00e9vek m\u00falt\u00e1n is ugyanolyan \u00e9l\u00e9nken mutat, mint az els\u0151 napon.\n\nANYAG\n\nA h\u00e1zsz\u00e1mt\u00e1bla ASA m\u0171anyagb\u00f3l k\u00e9sz\u00fcl, amely kifejezetten k\u00fclt\u00e9ri felhaszn\u00e1l\u00e1sra fejlesztett ipari alapanyag. B\u00edrja az es\u0151t, a t\u0171z\u0151 napot, a fagyot \u00e9s a h\u0151s\u00e9get egyar\u00e1nt: -30 fokt\u00f3l eg\u00e9szen +80 fokig haszn\u00e1lhat\u00f3. UV-\u00e1ll\u00f3, \u00edgy a sz\u00ednek nem fakulnak ki az \u00e9vek sor\u00e1n sem. Es\u0151\u00e1ll\u00f3 \u00e9s fagy\u00e1ll\u00f3, teh\u00e1t t\u00e9len-ny\u00e1ron nyugodtan kint maradhat a falon vagy a ker\u00edt\u00e9sen.\n\nSzat\u00e9n fel\u00fclet\u0171, s\u00edk kivitel\u0171 t\u00e1bla, amelyen a mopsz sziluett \u00e9s a h\u00e1zsz\u00e1m egy s\u00edkban helyezkedik el, nem dombor\u00fa. A t\u00e1bla k\u00fclt\u00e9ren is 10 \u00e9vet meghalad\u00f3 \u00e9lettartam\u00fa, \u00edgy hossz\u00fa t\u00e1v\u00fa befektet\u00e9s az otthonod megjelen\u00e9s\u00e9be. Az ASA anyag ellen\u00e1ll a por lerak\u00f3d\u00e1s\u00e1nak is, \u00edgy egy egyszer\u0171 nedves t\u00f6rl\u00e9s elegend\u0151 a tiszt\u00edt\u00e1s\u00e1hoz.\n\nR\u00d6GZ\u00cdT\u00c9S\n\nK\u00fclt\u00e9ri \u00e9p\u00edt\u00e9si ragaszt\u00f3val a legegyszer\u0171bb feltenni a falra, ker\u00edt\u00e9sre vagy kapura. Tart\u00f3s, biztons\u00e1gos megold\u00e1s, \u00e9s nem kell f\u00farni hozz\u00e1. Ha m\u00e9gis furatokat szeretn\u00e9l a t\u00e1bl\u00e1n, azt rendel\u00e9skor jelezd, \u00e9s elk\u00e9sz\u00edtj\u00fck. A ragaszt\u00f3s r\u00f6gz\u00edt\u00e9s el\u0151nye, hogy nem s\u00e9r\u00fcl meg a fal, \u00e9s b\u00e1rmikor \u00e1thelyezhet\u0151.\n\nRENDEL\u00c9S\n\nRendel\u00e9skor add meg a k\u00edv\u00e1nt h\u00e1zsz\u00e1mot vagy utcanevet, a m\u00e9retet, vastags\u00e1got \u00e9s a v\u00e1lasztott sz\u00ednt. Ha b\u00e1rmi egyedi k\u00e9r\u00e9sed van a mot\u00edvummal vagy az elrendez\u00e9ssel kapcsolatban, \u00edrj \u00fczenetet \u00e9s megbesz\u00e9lj\u00fck. K\u00e9sz\u00edt\u00fcnk csak h\u00e1zsz\u00e1mos \u00e9s utcaneves v\u00e1ltozatot is, az elrendez\u00e9st a te ig\u00e9nyeidhez igaz\u00edtjuk.\n\nMIRE J\u00d3?\n\nTavaszi kertsz\u00e9p\u00edt\u00e9shez, fel\u00faj\u00edt\u00e1shoz, vagy ak\u00e1r k\u00f6lt\u00f6z\u00e9s ut\u00e1n az \u00faj otthon szem\u00e9lyre szab\u00e1s\u00e1hoz egyar\u00e1nt remek v\u00e1laszt\u00e1s.\n\nAj\u00e1nd\u00e9knak is kiv\u00e1l\u00f3: h\u00e1zavat\u00f3ra, sz\u00fclet\u00e9snapra vagy n\u00e9vnapra egy szem\u00e9lyre szabott, a megaj\u00e1nd\u00e9kozott kedvenc kutyafajt\u00e1j\u00e1t \u00e1br\u00e1zol\u00f3 h\u00e1zsz\u00e1mt\u00e1bla k\u00fcl\u00f6nleges \u00e9s maradand\u00f3 meglepet\u00e9s. Kuty\u00e1s bar\u00e1tok, csal\u00e1dtagok garant\u00e1ltan \u00f6r\u00fclni fognak neki. Mopsz rajong\u00f3nak nincs enn\u00e9l szem\u00e9lyesebb aj\u00e1nd\u00e9k, \u00e9s a praktikuss\u00e1ga miatt biztosan nem lesz a fi\u00f3k m\u00e9ly\u00e9n.\n\nHa a mopsz mellett m\u00e1s kutyafajta is a sz\u00edvedhez n\u0151tt, \u00e9rdemes megn\u00e9zned a boltunkban el\u00e9rhet\u0151 tov\u00e1bbi kuty\u00e1s h\u00e1zsz\u00e1mt\u00e1bl\u00e1kat is: k\u00e9sz\u00edt\u00fcnk n\u00e9met juh\u00e1szos, tacsk\u00f3s, golden retrieveres \u00e9s corgis v\u00e1ltozatot is. Macsk\u00e1s h\u00e1ztart\u00e1sba pedig a cic\u00e1s vagy brit r\u00f6vidsz\u0151r\u0171 cic\u00e1s h\u00e1zsz\u00e1mt\u00e1bl\u00e1t aj\u00e1nljuk. A kuty\u00e1s h\u00e1zsz\u00e1mt\u00e1bla mell\u00e9 \u00e9rdemes megfontolni a \"Vigy\u00e1zz, a kutya harap!\" figyelmeztet\u0151 t\u00e1bl\u00e1t is, amely szint\u00e9n t\u00f6bb v\u00e1ltozatban el\u00e9rhet\u0151 a boltunkban.\n\nHa a postal\u00e1d\u00e1ra is szeretn\u00e9l h\u00e1zsz\u00e1mot, n\u00e9zd meg az \u00f6n\u00e1ll\u00f3 sz\u00e1mjegyeinket, amelyek t\u00f6k\u00e9letes kieg\u00e9sz\u00edt\u0151k a h\u00e1zsz\u00e1mt\u00e1bla mell\u00e9. Aki nem \u00e1llatmot\u00edvumot keres, annak ott vannak a vintage, modern, eleg\u00e1ns, vagy \u00e9ppen focis, biciklis, motoros v\u00e1ltozatok is. Teljesen egyedi h\u00e1zsz\u00e1mt\u00e1bl\u00e1t is k\u00e9sz\u00edt\u00fcnk, ha saj\u00e1t mot\u00edvumot vagy elrendez\u00e9st szeretn\u00e9l.\n\nMinden term\u00e9k\u00fcnket egyedileg, rendel\u00e9sre k\u00e9sz\u00edtj\u00fck. K\u00e9rd\u00e9sed van a m\u00e9retekkel, sz\u00ednekkel vagy a mot\u00edvummal kapcsolatban? \u00cdrj b\u00e1tran, gyorsan v\u00e1laszolunk. N\u00e9zd meg a t\u00f6bbi term\u00e9k\u00fcnket is, h\u00e1tha tal\u00e1lsz m\u00e9g valamit, ami tetszik.","score":0,"formatted_price":"5 490 Ft","image_url":"https:\/\/www.meska.hu\/img\/product\/small\/d\/a\/darimi_product_702579_260222124128_813646.png","formatted_url":"https:\/\/www.meska.hu\/p5738701-egyedi-hazszamtabla-mopsz","favourite":false,"in_stock":false,"avatar":"702579_avatar_1739694015.jpeg","delete_from":0,"is_enhanced_background":false,"is_enhanced":false,"product_selection_started":false,"is_active":true,"image_webp_url":"https:\/\/www.meska.hu\/img\/product\/small\/d\/a\/darimi_product_702579_260222124128_813646.webp"},{"id":"5967562","shop_id":"47945","user_id":"702579","shop_name":"Darimi","shop_zip":"2030","product_code":"5652656","product_name_old":null,"product_name":"Motoros h\u00e1zsz\u00e1mt\u00e1bla nagy mot\u00edvummal - egyedi motor mint\u00e1s k\u00fclt\u00e9ri h\u00e1zsz\u00e1m","category_string":"Otthon & \u00c9letm\u00f3d, H\u00e1z & Kert, H\u00e1zsz\u00e1m","technic_string":"Mindenm\u00e1s","category_1":"813","category_2":"897","category_3":"431","category_4":"0","merged_category_1":null,"merged_category_2":null,"merged_category_3":null,"technic_1":"493","technic_2":"0","technic_3":"0","color_1":"519","color_2":"520","color_3":"527","product_description_old":null,"product_description":"Motoros h\u00e1zsz\u00e1mt\u00e1bla nagy, hangs\u00falyos mot\u00edvummal, amely motorosok otthon\u00e1t teszi f\u00e9lre\u00e9rthetetlenn\u00e9. Ha a motor nem csak k\u00f6zleked\u00e9si eszk\u00f6z, hanem szenved\u00e9ly, ez a h\u00e1zsz\u00e1m a kapur\u00f3l \u00fczeni ezt a vil\u00e1gnak. A nagym\u00e9ret\u0171 motor mot\u00edvum karakteres, hat\u00e1rozott megjelen\u00e9st ad a bej\u00e1ratnak.\n\nM\u00c9RETEK\n\nEnn\u00e9l a v\u00e1ltozatn\u00e1l a motoros mot\u00edvum nagyobb m\u00e9ret\u0171, karakteresebb megjelen\u00e9s\u0171, mint a hagyom\u00e1nyos fekv\u0151 form\u00e1tum\u00fa verzi\u00f3. H\u00e1rom m\u00e9retben rendelhet\u0151:\n- S: 20x12 cm\n- M: 30x18 cm\n- L: 35x22 cm\n\nA magasabb kialak\u00edt\u00e1s lehet\u0151v\u00e9 teszi, hogy a motor mot\u00edvum igaz\u00e1n l\u00e1tv\u00e1nyos legyen, ne csup\u00e1n apr\u00f3 d\u00edsz\u00edt\u0151elem a sz\u00e1m mellett, hanem a t\u00e1bla meghat\u00e1roz\u00f3 vizu\u00e1lis eleme.\n\nA vastags\u00e1g 1,6 mm-t\u0151l 5 mm-ig v\u00e1laszthat\u00f3 - a vastagabb v\u00e1ltozat massz\u00edvabb hat\u00e1st kelt, ami k\u00fcl\u00f6n\u00f6sen illik a motoros st\u00edlushoz. Ha tekint\u00e9lyes, robusztus megjelen\u00e9sre v\u00e1gysz, az 5 mm-es vastags\u00e1g \u00e9s az L m\u00e9ret a legjobb v\u00e1laszt\u00e1s.\n\nSZ\u00cdNEK\n\nA sz\u00ednv\u00e1laszt\u00e9kban a RAL ipari sz\u00ednrendszer teljes palett\u00e1ja \u00e1ll rendelkez\u00e9sre. Egy motoros h\u00e1zsz\u00e1mt\u00e1bl\u00e1n\u00e1l a s\u00f6t\u00e9tebb t\u00f3nusok - fekete, antracit sz\u00fcrke, s\u00f6t\u00e9tk\u00e9k - k\u00fcl\u00f6n\u00f6sen j\u00f3l mutatnak, de term\u00e9szetesen b\u00e1rmilyen sz\u00ednkombin\u00e1ci\u00f3 k\u00e9rhet\u0151. Ha a kedvenc motorod sz\u00edn\u00e9hez szeretn\u00e9d igaz\u00edtani, egyedi RAL sz\u00edn is el\u00e9rhet\u0151. A Prusa XL 5T nyomtat\u00f3 ak\u00e1r 5 k\u00fcl\u00f6nb\u00f6z\u0151 sz\u00ednt k\u00e9pes egyetlen munkafolyamatban megjelen\u00edteni, \u00edgy a t\u00e1bla r\u00e9szletgazdag, t\u00f6bbsz\u00edn\u0171 is lehet.\n\nANYAG\n\nAnyaga ASA (Acrylonitrile Styrene Acrylate), amely ipari min\u0151s\u00e9g\u0171 k\u00fclt\u00e9ri alapanyag. Az ASA teljes t\u00f6meg\u00e9ben sz\u00ednes, RAL sz\u00ednrendszerben, teh\u00e1t a sz\u00edn nem fest\u00e9k - nem fakul, nem h\u00e1mlik, nem kopik.\n\nUV-\u00e1ll\u00f3, es\u0151\u00e1ll\u00f3, fagy\u00e1ll\u00f3: -30 fokt\u00f3l +80 fokig b\u00edrja a sz\u00e9ls\u0151s\u00e9ges id\u0151j\u00e1r\u00e1si viszonyokat, \u00e9s k\u00fclt\u00e9ren ak\u00e1r 10 \u00e9vig megtartja eredeti \u00e1llapot\u00e1t. A fel\u00fclete szat\u00e9n text\u00far\u00e1j\u00fa, amelyet Prusa XL 5T nyomtat\u00f3val k\u00e9sz\u00edt\u00fcnk, fest\u00e9s n\u00e9lk\u00fcl, ak\u00e1r 5 sz\u00ednben egyetlen munkafolyamatban.\n\nR\u00d6GZ\u00cdT\u00c9S\n\nA t\u00e1bla s\u00edk fel\u00fclet\u0171, nem dombor\u00fa. R\u00f6gz\u00edt\u00e9shez k\u00fclt\u00e9ri \u00e9p\u00edt\u00e9si ragaszt\u00f3t javaslunk (p\u00e9ld\u00e1ul Pattex One For All t\u00edpust): kend fel a h\u00e1toldalra, nyomd a fel\u00fcletre, \u00e9s k\u00e9sz. Ez tiszta, f\u00far\u00e1smentes megold\u00e1s, ami tart\u00f3san r\u00f6gz\u00edt.\n\nHa m\u00e9gis furatokkal szeretn\u00e9d r\u00f6gz\u00edteni, jelezd rendel\u00e9skor. A ragaszt\u00f3s megold\u00e1s gar\u00e1zskapukon, vakolaton, t\u00e9gl\u00e1n \u00e9s betonon egyar\u00e1nt megb\u00edzhat\u00f3an tart.\n\nRENDEL\u00c9S\n\nRendel\u00e9skor add meg a h\u00e1zsz\u00e1mot \u00e9s a k\u00edv\u00e1nt sz\u00edn-kombin\u00e1ci\u00f3t. Sz\u00e1mjegy, bet\u0171-sz\u00e1m kombin\u00e1ci\u00f3 \u00e9s utcan\u00e9v egyar\u00e1nt k\u00e9rhet\u0151. Ha a gar\u00e1zs mell\u00e9 ker\u00fcl, \u00e9rdemes a nagyobb m\u00e9retet v\u00e1lasztani, mert a motoros mot\u00edvum ott igaz\u00e1n elem\u00e9ben van.\n\nMIRE J\u00d3?\n\nEz a motoros h\u00e1zsz\u00e1mt\u00e1bla n\u00e9pszer\u0171 aj\u00e1nd\u00e9kv\u00e1laszt\u00e1s motorosoknak, h\u00e1zavat\u00f3ra, sz\u00fclet\u00e9snapra, n\u00e9vnapra vagy kar\u00e1csonyra. Mivel egyedi h\u00e1zsz\u00e1mmal k\u00e9sz\u00fcl, szem\u00e9lyes \u00e9s praktikus egyszerre. Gar\u00e1zsajt\u00f3 mell\u00e9, kerti kapura vagy a h\u00e1z homlokzat\u00e1ra egyar\u00e1nt alkalmas. Motoros bar\u00e1ti t\u00e1rsas\u00e1gban, motoros klubtagoknak vagy a motoroz\u00e1st most kezd\u0151 fiataloknak is remek meglepet\u00e9s - egy olyan aj\u00e1nd\u00e9k, amit minden nap l\u00e1tnak, amikor haza\u00e9rnek.\n\nHa ink\u00e1bb fekv\u0151 form\u00e1tum\u00fa motoros h\u00e1zsz\u00e1mt\u00e1bl\u00e1t keresel, azt is megtal\u00e1lod a boltunkban - ugyanilyen anyagmin\u0151s\u00e9gben, csak a t\u00e1bla alakja \u00e9s a mot\u00edvum elrendez\u00e9se t\u00e9r el. A fekv\u0151 v\u00e1ltozat klasszikusabb ar\u00e1ny\u00fa, m\u00edg ez a nagy mot\u00edvum\u00fa verzi\u00f3 a l\u00e1tv\u00e1nyosabb. Aki nem kiz\u00e1r\u00f3lag motoros, hanem \u00e1ltal\u00e1ban a sportot kedveli, \u00e9rdemes r\u00e1n\u00e9zni a biciklis \u00e9s focis v\u00e1ltozatokra is, amelyek ugyanebben a min\u0151s\u00e9gben k\u00e9sz\u00fclnek.\n\nHa komplett bej\u00e1rati megjelen\u00e9st szeretn\u00e9l, kombin\u00e1lhatod az \u00f6n\u00e1ll\u00f3 sz\u00e1mjegyeinkkel, amelyeket a postal\u00e1d\u00e1ra vagy a gar\u00e1zs kapuj\u00e1ra r\u00f6gz\u00edthetsz. A kuty\u00e1s h\u00e1zsz\u00e1mt\u00e1bl\u00e1k (mopsz, tacsk\u00f3, n\u00e9met juh\u00e1sz, golden retriever) szint\u00e9n keresett darabok, ha a csal\u00e1dnak van kedvenc n\u00e9gyl\u00e1b\u00faja is. N\u00e9zd meg a boltunk teljes k\u00edn\u00e1lat\u00e1t - vintage, modern, eleg\u00e1ns, pillang\u00f3s \u00e9s h\u00e1zik\u00f3 form\u00e1j\u00fa v\u00e1ltozatokb\u00f3l is v\u00e1logathatsz.\n\nMinden term\u00e9k\u00fcnket egyedileg, rendel\u00e9sre k\u00e9sz\u00edtj\u00fck. K\u00e9rd\u00e9sed van a m\u00e9retekr\u0151l vagy az elrendez\u00e9sr\u0151l? \u00cdrj b\u00e1tran, gyorsan v\u00e1laszolunk. N\u00e9zd meg a t\u00f6bbi term\u00e9k\u00fcnket is, h\u00e1tha tal\u00e1lsz m\u00e9g valamit, ami tetszik.","price":"5490.00","unit":"db","recommended":"0","status":"1","sponsored":"0","exp_notify":"0","own_material":"0","own_material_description_old":null,"own_material_description":"","jury":"0","jury_number":"","product_nature":"","meskaracsony":"0","create_date":"2026-02-21 20:40:23","shelve_id":"79630","image":"darimi_product_702579_251024202419_436810.png","image_width":"480","image_height":"480","image_alt":"Motoros h\u00e1zsz\u00e1mt\u00e1bla nagy mot\u00edvummal - egyedi motor mint\u00e1s k\u00fclt\u00e9ri h\u00e1zsz\u00e1m, Motoros h\u00e1zsz\u00e1mt\u00e1bla nagy, hangs\u00falyos mot\u00edvummal, amely motorosok otthon\u00e1t teszi f\u00e9lre\u00e9rthetetlenn\u00e9...., Meska","image_title":"Motoros h\u00e1zsz\u00e1mt\u00e1bla nagy mot\u00edvummal - egyedi motor mint\u00e1s k\u00fclt\u00e9ri h\u00e1zsz\u00e1m, Meska","view_count":"146","favourite_count":"0","trending_score":"0","last2MonthFavouriteCount":"0","promotion":"0","giftcard_accept":"0","creditcard_accept":true,"enhanced_background":"0","domain":"meska","specific_customer_id":null,"specific_customer_name":null,"to_order_product":"1","to_order_product_time":"1","product_different":null,"product_different_description":"","vintage":"0","vintage_category_id":"0","recycled":"0","gemstone_id":"0","customizable":"1","type_category":"physical","zerowaste":"0","postage_price":"1349.00","shop_order":"0","has_category":"1","landing_pages":null,"microdata":{"number":88,"category":""},"title":"Motoros h\u00e1zsz\u00e1mt\u00e1bla nagy mot\u00edvummal - egyedi motor mint\u00e1s k\u00fclt\u00e9ri h\u00e1zsz\u00e1m","description":"Motoros h\u00e1zsz\u00e1mt\u00e1bla nagy, hangs\u00falyos mot\u00edvummal, amely motorosok otthon\u00e1t teszi f\u00e9lre\u00e9rthetetlenn\u00e9. Ha a motor nem csak k\u00f6zleked\u00e9si eszk\u00f6z, hanem szenved\u00e9ly, ez a h\u00e1zsz\u00e1m a kapur\u00f3l \u00fczeni ezt a vil\u00e1gnak. A nagym\u00e9ret\u0171 motor mot\u00edvum karakteres, hat\u00e1rozott megjelen\u00e9st ad a bej\u00e1ratnak.\n\nM\u00c9RETEK\n\nEnn\u00e9l a v\u00e1ltozatn\u00e1l a motoros mot\u00edvum nagyobb m\u00e9ret\u0171, karakteresebb megjelen\u00e9s\u0171, mint a hagyom\u00e1nyos fekv\u0151 form\u00e1tum\u00fa verzi\u00f3. H\u00e1rom m\u00e9retben rendelhet\u0151:\n- S: 20x12 cm\n- M: 30x18 cm\n- L: 35x22 cm\n\nA magasabb kialak\u00edt\u00e1s lehet\u0151v\u00e9 teszi, hogy a motor mot\u00edvum igaz\u00e1n l\u00e1tv\u00e1nyos legyen, ne csup\u00e1n apr\u00f3 d\u00edsz\u00edt\u0151elem a sz\u00e1m mellett, hanem a t\u00e1bla meghat\u00e1roz\u00f3 vizu\u00e1lis eleme.\n\nA vastags\u00e1g 1,6 mm-t\u0151l 5 mm-ig v\u00e1laszthat\u00f3 - a vastagabb v\u00e1ltozat massz\u00edvabb hat\u00e1st kelt, ami k\u00fcl\u00f6n\u00f6sen illik a motoros st\u00edlushoz. Ha tekint\u00e9lyes, robusztus megjelen\u00e9sre v\u00e1gysz, az 5 mm-es vastags\u00e1g \u00e9s az L m\u00e9ret a legjobb v\u00e1laszt\u00e1s.\n\nSZ\u00cdNEK\n\nA sz\u00ednv\u00e1laszt\u00e9kban a RAL ipari sz\u00ednrendszer teljes palett\u00e1ja \u00e1ll rendelkez\u00e9sre. Egy motoros h\u00e1zsz\u00e1mt\u00e1bl\u00e1n\u00e1l a s\u00f6t\u00e9tebb t\u00f3nusok - fekete, antracit sz\u00fcrke, s\u00f6t\u00e9tk\u00e9k - k\u00fcl\u00f6n\u00f6sen j\u00f3l mutatnak, de term\u00e9szetesen b\u00e1rmilyen sz\u00ednkombin\u00e1ci\u00f3 k\u00e9rhet\u0151. Ha a kedvenc motorod sz\u00edn\u00e9hez szeretn\u00e9d igaz\u00edtani, egyedi RAL sz\u00edn is el\u00e9rhet\u0151. A Prusa XL 5T nyomtat\u00f3 ak\u00e1r 5 k\u00fcl\u00f6nb\u00f6z\u0151 sz\u00ednt k\u00e9pes egyetlen munkafolyamatban megjelen\u00edteni, \u00edgy a t\u00e1bla r\u00e9szletgazdag, t\u00f6bbsz\u00edn\u0171 is lehet.\n\nANYAG\n\nAnyaga ASA (Acrylonitrile Styrene Acrylate), amely ipari min\u0151s\u00e9g\u0171 k\u00fclt\u00e9ri alapanyag. Az ASA teljes t\u00f6meg\u00e9ben sz\u00ednes, RAL sz\u00ednrendszerben, teh\u00e1t a sz\u00edn nem fest\u00e9k - nem fakul, nem h\u00e1mlik, nem kopik.\n\nUV-\u00e1ll\u00f3, es\u0151\u00e1ll\u00f3, fagy\u00e1ll\u00f3: -30 fokt\u00f3l +80 fokig b\u00edrja a sz\u00e9ls\u0151s\u00e9ges id\u0151j\u00e1r\u00e1si viszonyokat, \u00e9s k\u00fclt\u00e9ren ak\u00e1r 10 \u00e9vig megtartja eredeti \u00e1llapot\u00e1t. A fel\u00fclete szat\u00e9n text\u00far\u00e1j\u00fa, amelyet Prusa XL 5T nyomtat\u00f3val k\u00e9sz\u00edt\u00fcnk, fest\u00e9s n\u00e9lk\u00fcl, ak\u00e1r 5 sz\u00ednben egyetlen munkafolyamatban.\n\nR\u00d6GZ\u00cdT\u00c9S\n\nA t\u00e1bla s\u00edk fel\u00fclet\u0171, nem dombor\u00fa. R\u00f6gz\u00edt\u00e9shez k\u00fclt\u00e9ri \u00e9p\u00edt\u00e9si ragaszt\u00f3t javaslunk (p\u00e9ld\u00e1ul Pattex One For All t\u00edpust): kend fel a h\u00e1toldalra, nyomd a fel\u00fcletre, \u00e9s k\u00e9sz. Ez tiszta, f\u00far\u00e1smentes megold\u00e1s, ami tart\u00f3san r\u00f6gz\u00edt.\n\nHa m\u00e9gis furatokkal szeretn\u00e9d r\u00f6gz\u00edteni, jelezd rendel\u00e9skor. A ragaszt\u00f3s megold\u00e1s gar\u00e1zskapukon, vakolaton, t\u00e9gl\u00e1n \u00e9s betonon egyar\u00e1nt megb\u00edzhat\u00f3an tart.\n\nRENDEL\u00c9S\n\nRendel\u00e9skor add meg a h\u00e1zsz\u00e1mot \u00e9s a k\u00edv\u00e1nt sz\u00edn-kombin\u00e1ci\u00f3t. Sz\u00e1mjegy, bet\u0171-sz\u00e1m kombin\u00e1ci\u00f3 \u00e9s utcan\u00e9v egyar\u00e1nt k\u00e9rhet\u0151. Ha a gar\u00e1zs mell\u00e9 ker\u00fcl, \u00e9rdemes a nagyobb m\u00e9retet v\u00e1lasztani, mert a motoros mot\u00edvum ott igaz\u00e1n elem\u00e9ben van.\n\nMIRE J\u00d3?\n\nEz a motoros h\u00e1zsz\u00e1mt\u00e1bla n\u00e9pszer\u0171 aj\u00e1nd\u00e9kv\u00e1laszt\u00e1s motorosoknak, h\u00e1zavat\u00f3ra, sz\u00fclet\u00e9snapra, n\u00e9vnapra vagy kar\u00e1csonyra. Mivel egyedi h\u00e1zsz\u00e1mmal k\u00e9sz\u00fcl, szem\u00e9lyes \u00e9s praktikus egyszerre. Gar\u00e1zsajt\u00f3 mell\u00e9, kerti kapura vagy a h\u00e1z homlokzat\u00e1ra egyar\u00e1nt alkalmas. Motoros bar\u00e1ti t\u00e1rsas\u00e1gban, motoros klubtagoknak vagy a motoroz\u00e1st most kezd\u0151 fiataloknak is remek meglepet\u00e9s - egy olyan aj\u00e1nd\u00e9k, amit minden nap l\u00e1tnak, amikor haza\u00e9rnek.\n\nHa ink\u00e1bb fekv\u0151 form\u00e1tum\u00fa motoros h\u00e1zsz\u00e1mt\u00e1bl\u00e1t keresel, azt is megtal\u00e1lod a boltunkban - ugyanilyen anyagmin\u0151s\u00e9gben, csak a t\u00e1bla alakja \u00e9s a mot\u00edvum elrendez\u00e9se t\u00e9r el. A fekv\u0151 v\u00e1ltozat klasszikusabb ar\u00e1ny\u00fa, m\u00edg ez a nagy mot\u00edvum\u00fa verzi\u00f3 a l\u00e1tv\u00e1nyosabb. Aki nem kiz\u00e1r\u00f3lag motoros, hanem \u00e1ltal\u00e1ban a sportot kedveli, \u00e9rdemes r\u00e1n\u00e9zni a biciklis \u00e9s focis v\u00e1ltozatokra is, amelyek ugyanebben a min\u0151s\u00e9gben k\u00e9sz\u00fclnek.\n\nHa komplett bej\u00e1rati megjelen\u00e9st szeretn\u00e9l, kombin\u00e1lhatod az \u00f6n\u00e1ll\u00f3 sz\u00e1mjegyeinkkel, amelyeket a postal\u00e1d\u00e1ra vagy a gar\u00e1zs kapuj\u00e1ra r\u00f6gz\u00edthetsz. A kuty\u00e1s h\u00e1zsz\u00e1mt\u00e1bl\u00e1k (mopsz, tacsk\u00f3, n\u00e9met juh\u00e1sz, golden retriever) szint\u00e9n keresett darabok, ha a csal\u00e1dnak van kedvenc n\u00e9gyl\u00e1b\u00faja is. N\u00e9zd meg a boltunk teljes k\u00edn\u00e1lat\u00e1t - vintage, modern, eleg\u00e1ns, pillang\u00f3s \u00e9s h\u00e1zik\u00f3 form\u00e1j\u00fa v\u00e1ltozatokb\u00f3l is v\u00e1logathatsz.\n\nMinden term\u00e9k\u00fcnket egyedileg, rendel\u00e9sre k\u00e9sz\u00edtj\u00fck. K\u00e9rd\u00e9sed van a m\u00e9retekr\u0151l vagy az elrendez\u00e9sr\u0151l? \u00cdrj b\u00e1tran, gyorsan v\u00e1laszolunk. N\u00e9zd meg a t\u00f6bbi term\u00e9k\u00fcnket is, h\u00e1tha tal\u00e1lsz m\u00e9g valamit, ami tetszik.","score":0,"formatted_price":"5 490 Ft","image_url":"https:\/\/www.meska.hu\/img\/product\/small\/d\/a\/darimi_product_702579_251024202419_436810.png","formatted_url":"https:\/\/www.meska.hu\/p5652656-egyedi-motoros-hazszamtabla-motor","favourite":false,"in_stock":false,"avatar":"702579_avatar_1739694015.jpeg","delete_from":0,"is_enhanced_background":false,"is_enhanced":false,"product_selection_started":false,"is_active":true,"image_webp_url":"https:\/\/www.meska.hu\/img\/product\/small\/d\/a\/darimi_product_702579_251024202419_436810.webp"},{"id":"5967547","shop_id":"47945","user_id":"702579","shop_name":"Darimi","shop_zip":"2030","product_code":"5652644","product_name_old":null,"product_name":"Egyedi golden retriever h\u00e1zsz\u00e1mt\u00e1bla - kuty\u00e1s h\u00e1zsz\u00e1m k\u00fclt\u00e9ri UV-\u00e1ll\u00f3 t\u00e1bla, n\u00e9vt\u00e1bla","category_string":"Otthon & \u00c9letm\u00f3d, H\u00e1z & Kert, H\u00e1zsz\u00e1m","technic_string":"Mindenm\u00e1s","category_1":"813","category_2":"897","category_3":"431","category_4":"0","merged_category_1":null,"merged_category_2":null,"merged_category_3":null,"technic_1":"493","technic_2":"0","technic_3":"0","color_1":"519","color_2":"520","color_3":"527","product_description_old":null,"product_description":"Golden retriever mot\u00edvumos egyedi h\u00e1zsz\u00e1mt\u00e1bla, amelyen a vil\u00e1g egyik legkedveltebb kutyafajt\u00e1j\u00e1nak sziluettje d\u00edsz\u00edti a h\u00e1zsz\u00e1modat. Ha golden retriever gazdi vagy, ez a t\u00e1bla a bej\u00e1ratodon hirdeti a kutyaszeretetedet. A golden jellegzetes, bar\u00e1ts\u00e1gos testtart\u00e1sa sziluettk\u00e9nt is azonnal felismerhet\u0151, \u00e9s mosolyt csal az \u00e9rkez\u0151k arc\u00e1ra.\n\nM\u00c9RETEK\n\nV\u00e1laszthat\u00f3 m\u00e9retek:\n- S: 20 x 8 cm - postal\u00e1d\u00e1k mell\u00e9 \u00e9s kisebb kapukra aj\u00e1nlott (alap\u00e1r: 5 490 Ft)\n- M: 30 x 12 cm - \u00e1tlagos ker\u00edt\u00e9sre, kapura\n- L: 35 x 14 cm - j\u00f3l l\u00e1that\u00f3, utc\u00e1r\u00f3l is olvashat\u00f3\n- XL: 40 x 16 cm - nagy ker\u00edt\u00e9sfel\u00fcleten \u00e9rv\u00e9nyes\u00fcl igaz\u00e1n\n\nA vastags\u00e1g 1,6 mm-t\u0151l 8 mm-ig \u00e1ll\u00edthat\u00f3, \u00edgy a diszkr\u00e9t eleg\u00e1nst\u00f3l a mark\u00e1ns megjelen\u00e9sig megtal\u00e1lhatod a sz\u00e1modra ide\u00e1list.\n\nSZINEK\n\n9 el\u0151re kiv\u00e1lasztott RAL sz\u00edn k\u00f6z\u00fcl v\u00e1laszthatsz, \u00e9s egyedi sz\u00edn is k\u00e9rhet\u0151. A sz\u00ednek RAL ipari sz\u00ednsk\u00e1l\u00e1b\u00f3l val\u00f3k, Prusa XL 5T nyomtat\u00f3val ak\u00e1r 5 sz\u00ednben k\u00e9sz\u00fcl fest\u00e9s n\u00e9lk\u00fcl. A sz\u00edn az anyag szerves r\u00e9sze, nem kopik le, nem h\u00e1mlaszthat\u00f3. A RAL ipari sz\u00ednrendszer garant\u00e1lja az egyenletes, professzion\u00e1lis megjelen\u00e9st, amely \u00e9veken \u00e1t v\u00e1ltozatlan marad, ak\u00e1r k\u00f6zvetlen naps\u00fct\u00e9sben is. A sz\u00e9lesebb sz\u00ednpaletta lehet\u0151s\u00e9get ad arra, hogy a homlokzatod vagy a ker\u00edt\u00e9sed sz\u00edn\u00e9hez t\u00f6k\u00e9letesen illeszked\u0151 \u00e1rnyalatot v\u00e1lassz.\n\nANYAG\n\nA t\u00e1bla ASA ipari m\u0171anyagb\u00f3l k\u00e9sz\u00fcl, amelyet k\u00fclt\u00e9ri tart\u00f3s felhaszn\u00e1l\u00e1sra fejlesztettek ki:\n- UV-\u00e1ll\u00f3: a naps\u00fct\u00e9s nem fak\u00edtja a sz\u00edneket\n- Es\u0151\u00e1ll\u00f3 \u00e9s fagy\u00e1ll\u00f3: -30 fokt\u00f3l +80 fokig megb\u00edzhat\u00f3an haszn\u00e1lhat\u00f3\n- Eg\u00e9sz \u00e9vben kint maradhat a ker\u00edt\u00e9sen, falon vagy kapun\n- K\u00fclt\u00e9ri \u00e9lettartama t\u00f6bb mint 10 \u00e9v\n\nSzat\u00e9n fel\u00fclet\u0171, s\u00edk kivitel\u0171 t\u00e1bla, nem dombor\u00fa. Az ASA anyag k\u00f6nnyen karbantarthat\u00f3, el\u00e9g alkalmank\u00e9nt egy nedves ruh\u00e1val \u00e1tt\u00f6r\u00f6lni.\n\nROGZITES\n\nK\u00fclt\u00e9ri \u00e9p\u00edt\u00e9si ragaszt\u00f3val a legegyszer\u0171bb felhelyezni falra, ker\u00edt\u00e9sre vagy kapura. A ragaszt\u00f3 tart\u00f3san r\u00f6gz\u00edt, f\u00far\u00e1s nem sz\u00fcks\u00e9ges. Ha furatokat is szeretn\u00e9l a t\u00e1bl\u00e1n, azt rendel\u00e9skor jelezd. A ragaszt\u00f3s megold\u00e1s el\u0151nye, hogy a fal fel\u00fclete s\u00e9rtetlen marad, \u00e9s a t\u00e1bla sz\u00fcks\u00e9g eset\u00e9n \u00e1thelyezhet\u0151.\n\nHOGYAN RENDELHETSZ?\n\nRendel\u00e9skor add meg a k\u00edv\u00e1nt h\u00e1zsz\u00e1mot vagy utcanevet, v\u00e1laszd ki a m\u00e9retet, vastags\u00e1got \u00e9s sz\u00ednt. Egyedi elrendez\u00e9si k\u00e9r\u00e9seket sz\u00edvesen fogadunk, legyen sz\u00f3 a sz\u00f6veg poz\u00edci\u00f3j\u00e1r\u00f3l vagy a mot\u00edvum m\u00e9ret\u00e9r\u0151l.\n\nA GOLDEN RETRIEVERROL\n\nA golden retriever a vil\u00e1g egyik legbar\u00e1ts\u00e1gosabb \u00e9s legn\u00e9pszer\u0171bb kutyafajt\u00e1ja. Jellegzetes sziluettje m\u00e1r messzir\u0151l felismerhet\u0151, \u00edgy a h\u00e1zsz\u00e1mt\u00e1bl\u00e1n k\u00fcl\u00f6n\u00f6sen dekorat\u00edv hat\u00e1st kelt. Golden gazdiknak \u00e9s a fajta rajong\u00f3inak ez a t\u00e1bla igazi kedvenc lesz a bej\u00e1raton. Csal\u00e1di h\u00e1zakhoz, vid\u00e9ki otthonokhoz \u00e9s kertes ingatlanokhoz egyar\u00e1nt remek\u00fcl illik.\n\nMIRE JO?\n\nRemek aj\u00e1nd\u00e9k h\u00e1zavat\u00f3ra, sz\u00fclet\u00e9snapra, kar\u00e1csonyra vagy n\u00e9vnapra is: egy szem\u00e9lyre szabott, a megaj\u00e1nd\u00e9kozott kedvenc kutyafajt\u00e1j\u00e1t \u00e1br\u00e1zol\u00f3 h\u00e1zsz\u00e1mt\u00e1bla maradand\u00f3 \u00e9s praktikus meglepet\u00e9s. Kuty\u00e1s bar\u00e1tok biztosan \u00f6r\u00fclni fognak neki. Golden rajong\u00f3nak nincs enn\u00e9l szem\u00e9lyesebb aj\u00e1nd\u00e9k, \u00e9s garant\u00e1ltan nem kap ilyet m\u00e1st\u00f3l. Tavaszi kertsz\u00e9p\u00edt\u00e9shez, fel\u00faj\u00edt\u00e1shoz, \u00faj otthon berendez\u00e9s\u00e9hez egyar\u00e1nt alkalmas.\n\nTOVABBI VALTOZATOK\n\nA boltunkban m\u00e1s kuty\u00e1s h\u00e1zsz\u00e1mt\u00e1bl\u00e1k is el\u00e9rhet\u0151k: mopsz, n\u00e9met juh\u00e1sz, tacsk\u00f3, corgi \u00e9s brit r\u00f6vidsz\u0151r\u0171 cic\u00e1s v\u00e1ltozat. Ha figyelmeztet\u0151 t\u00e1bl\u00e1t is keresel, a \"Vigy\u00e1zz, a kutya harap!\" t\u00e1bl\u00e1inkat is n\u00e9zd meg, amelyek t\u00f6bb vari\u00e1nsban kaphat\u00f3k. A golden retrieveres h\u00e1zsz\u00e1mt\u00e1bla \u00e9s a figyelmeztet\u0151 t\u00e1bla egy\u00fctt praktikus \u00e9s mutat\u00f3s p\u00e1ros a ker\u00edt\u00e9sen. A postal\u00e1d\u00e1ra \u00f6n\u00e1ll\u00f3 sz\u00e1mjegyeket is rendelhetsz, amelyek t\u00f6k\u00e9letesen kieg\u00e9sz\u00edtik a h\u00e1zsz\u00e1mt\u00e1bl\u00e1t.\n\nNem csak kuty\u00e1s mot\u00edvumokat k\u00edn\u00e1lunk: a k\u00edn\u00e1latban mad\u00e1rp\u00e1ros, madaras, pillang\u00f3s, pingvines, vintage, modern, eleg\u00e1ns \u00e9s sportmot\u00edvumos h\u00e1zsz\u00e1mt\u00e1bl\u00e1k is megtal\u00e1lhat\u00f3k. V\u00edzi t\u00e9m\u00e1ban balatoni \u00e9s haj\u00f3s v\u00e1ltozataink vannak, tr\u00f3pusi hangulathoz pedig ban\u00e1nf\u00e1s \u00e9s p\u00e1lmaf\u00e1s t\u00e1bl\u00e1t is k\u00e9sz\u00edt\u00fcnk. Ha teljesen egyedi mot\u00edvumot szeretn\u00e9l, egyedi tervez\u00e9s\u0171 h\u00e1zsz\u00e1mt\u00e1bl\u00e1t is rendelhetelsz.\n\nMinden term\u00e9k\u00fcnket egyedileg, rendel\u00e9sre k\u00e9sz\u00edtj\u00fck. K\u00e9rd\u00e9sed van? \u00cdrj b\u00e1tran, gyorsan v\u00e1laszolunk. N\u00e9zd meg a t\u00f6bbi term\u00e9k\u00fcnket is, h\u00e1tha tal\u00e1lsz m\u00e9g valamit, ami tetszik.","price":"5490.00","unit":"db","recommended":"0","status":"1","sponsored":"0","exp_notify":"0","own_material":"0","own_material_description_old":null,"own_material_description":"","jury":"0","jury_number":"","product_nature":"","meskaracsony":"0","create_date":"2026-02-21 20:40:21","shelve_id":"79630","image":"darimi_product_702579_251024194920_204578.png","image_width":"480","image_height":"472","image_alt":"Egyedi golden retriever h\u00e1zsz\u00e1mt\u00e1bla - kuty\u00e1s h\u00e1zsz\u00e1m k\u00fclt\u00e9ri UV-\u00e1ll\u00f3 t\u00e1bla, n\u00e9vt\u00e1bla, Golden retriever mot\u00edvumos egyedi h\u00e1zsz\u00e1mt\u00e1bla, amelyen a vil\u00e1g egyik legkedveltebb kutyafajt\u00e1j\u00e1nak ..., Meska","image_title":"Egyedi golden retriever h\u00e1zsz\u00e1mt\u00e1bla - kuty\u00e1s h\u00e1zsz\u00e1m k\u00fclt\u00e9ri UV-\u00e1ll\u00f3 t\u00e1bla, n\u00e9vt\u00e1bla, Meska","view_count":"2653","favourite_count":"0","trending_score":"0","last2MonthFavouriteCount":"0","promotion":"0","giftcard_accept":"0","creditcard_accept":true,"enhanced_background":"0","domain":"meska","specific_customer_id":null,"specific_customer_name":null,"to_order_product":"1","to_order_product_time":"1","product_different":null,"product_different_description":"","vintage":"0","vintage_category_id":"0","recycled":"0","gemstone_id":"0","customizable":"1","type_category":"physical","zerowaste":"0","postage_price":"1349.00","shop_order":"0","has_category":"1","landing_pages":null,"microdata":{"number":89,"category":""},"title":"Egyedi golden retriever h\u00e1zsz\u00e1mt\u00e1bla - kuty\u00e1s h\u00e1zsz\u00e1m k\u00fclt\u00e9ri UV-\u00e1ll\u00f3 t\u00e1bla, n\u00e9vt\u00e1bla","description":"Golden retriever mot\u00edvumos egyedi h\u00e1zsz\u00e1mt\u00e1bla, amelyen a vil\u00e1g egyik legkedveltebb kutyafajt\u00e1j\u00e1nak sziluettje d\u00edsz\u00edti a h\u00e1zsz\u00e1modat. Ha golden retriever gazdi vagy, ez a t\u00e1bla a bej\u00e1ratodon hirdeti a kutyaszeretetedet. A golden jellegzetes, bar\u00e1ts\u00e1gos testtart\u00e1sa sziluettk\u00e9nt is azonnal felismerhet\u0151, \u00e9s mosolyt csal az \u00e9rkez\u0151k arc\u00e1ra.\n\nM\u00c9RETEK\n\nV\u00e1laszthat\u00f3 m\u00e9retek:\n- S: 20 x 8 cm - postal\u00e1d\u00e1k mell\u00e9 \u00e9s kisebb kapukra aj\u00e1nlott (alap\u00e1r: 5 490 Ft)\n- M: 30 x 12 cm - \u00e1tlagos ker\u00edt\u00e9sre, kapura\n- L: 35 x 14 cm - j\u00f3l l\u00e1that\u00f3, utc\u00e1r\u00f3l is olvashat\u00f3\n- XL: 40 x 16 cm - nagy ker\u00edt\u00e9sfel\u00fcleten \u00e9rv\u00e9nyes\u00fcl igaz\u00e1n\n\nA vastags\u00e1g 1,6 mm-t\u0151l 8 mm-ig \u00e1ll\u00edthat\u00f3, \u00edgy a diszkr\u00e9t eleg\u00e1nst\u00f3l a mark\u00e1ns megjelen\u00e9sig megtal\u00e1lhatod a sz\u00e1modra ide\u00e1list.\n\nSZINEK\n\n9 el\u0151re kiv\u00e1lasztott RAL sz\u00edn k\u00f6z\u00fcl v\u00e1laszthatsz, \u00e9s egyedi sz\u00edn is k\u00e9rhet\u0151. A sz\u00ednek RAL ipari sz\u00ednsk\u00e1l\u00e1b\u00f3l val\u00f3k, Prusa XL 5T nyomtat\u00f3val ak\u00e1r 5 sz\u00ednben k\u00e9sz\u00fcl fest\u00e9s n\u00e9lk\u00fcl. A sz\u00edn az anyag szerves r\u00e9sze, nem kopik le, nem h\u00e1mlaszthat\u00f3. A RAL ipari sz\u00ednrendszer garant\u00e1lja az egyenletes, professzion\u00e1lis megjelen\u00e9st, amely \u00e9veken \u00e1t v\u00e1ltozatlan marad, ak\u00e1r k\u00f6zvetlen naps\u00fct\u00e9sben is. A sz\u00e9lesebb sz\u00ednpaletta lehet\u0151s\u00e9get ad arra, hogy a homlokzatod vagy a ker\u00edt\u00e9sed sz\u00edn\u00e9hez t\u00f6k\u00e9letesen illeszked\u0151 \u00e1rnyalatot v\u00e1lassz.\n\nANYAG\n\nA t\u00e1bla ASA ipari m\u0171anyagb\u00f3l k\u00e9sz\u00fcl, amelyet k\u00fclt\u00e9ri tart\u00f3s felhaszn\u00e1l\u00e1sra fejlesztettek ki:\n- UV-\u00e1ll\u00f3: a naps\u00fct\u00e9s nem fak\u00edtja a sz\u00edneket\n- Es\u0151\u00e1ll\u00f3 \u00e9s fagy\u00e1ll\u00f3: -30 fokt\u00f3l +80 fokig megb\u00edzhat\u00f3an haszn\u00e1lhat\u00f3\n- Eg\u00e9sz \u00e9vben kint maradhat a ker\u00edt\u00e9sen, falon vagy kapun\n- K\u00fclt\u00e9ri \u00e9lettartama t\u00f6bb mint 10 \u00e9v\n\nSzat\u00e9n fel\u00fclet\u0171, s\u00edk kivitel\u0171 t\u00e1bla, nem dombor\u00fa. Az ASA anyag k\u00f6nnyen karbantarthat\u00f3, el\u00e9g alkalmank\u00e9nt egy nedves ruh\u00e1val \u00e1tt\u00f6r\u00f6lni.\n\nROGZITES\n\nK\u00fclt\u00e9ri \u00e9p\u00edt\u00e9si ragaszt\u00f3val a legegyszer\u0171bb felhelyezni falra, ker\u00edt\u00e9sre vagy kapura. A ragaszt\u00f3 tart\u00f3san r\u00f6gz\u00edt, f\u00far\u00e1s nem sz\u00fcks\u00e9ges. Ha furatokat is szeretn\u00e9l a t\u00e1bl\u00e1n, azt rendel\u00e9skor jelezd. A ragaszt\u00f3s megold\u00e1s el\u0151nye, hogy a fal fel\u00fclete s\u00e9rtetlen marad, \u00e9s a t\u00e1bla sz\u00fcks\u00e9g eset\u00e9n \u00e1thelyezhet\u0151.\n\nHOGYAN RENDELHETSZ?\n\nRendel\u00e9skor add meg a k\u00edv\u00e1nt h\u00e1zsz\u00e1mot vagy utcanevet, v\u00e1laszd ki a m\u00e9retet, vastags\u00e1got \u00e9s sz\u00ednt. Egyedi elrendez\u00e9si k\u00e9r\u00e9seket sz\u00edvesen fogadunk, legyen sz\u00f3 a sz\u00f6veg poz\u00edci\u00f3j\u00e1r\u00f3l vagy a mot\u00edvum m\u00e9ret\u00e9r\u0151l.\n\nA GOLDEN RETRIEVERROL\n\nA golden retriever a vil\u00e1g egyik legbar\u00e1ts\u00e1gosabb \u00e9s legn\u00e9pszer\u0171bb kutyafajt\u00e1ja. Jellegzetes sziluettje m\u00e1r messzir\u0151l felismerhet\u0151, \u00edgy a h\u00e1zsz\u00e1mt\u00e1bl\u00e1n k\u00fcl\u00f6n\u00f6sen dekorat\u00edv hat\u00e1st kelt. Golden gazdiknak \u00e9s a fajta rajong\u00f3inak ez a t\u00e1bla igazi kedvenc lesz a bej\u00e1raton. Csal\u00e1di h\u00e1zakhoz, vid\u00e9ki otthonokhoz \u00e9s kertes ingatlanokhoz egyar\u00e1nt remek\u00fcl illik.\n\nMIRE JO?\n\nRemek aj\u00e1nd\u00e9k h\u00e1zavat\u00f3ra, sz\u00fclet\u00e9snapra, kar\u00e1csonyra vagy n\u00e9vnapra is: egy szem\u00e9lyre szabott, a megaj\u00e1nd\u00e9kozott kedvenc kutyafajt\u00e1j\u00e1t \u00e1br\u00e1zol\u00f3 h\u00e1zsz\u00e1mt\u00e1bla maradand\u00f3 \u00e9s praktikus meglepet\u00e9s. Kuty\u00e1s bar\u00e1tok biztosan \u00f6r\u00fclni fognak neki. Golden rajong\u00f3nak nincs enn\u00e9l szem\u00e9lyesebb aj\u00e1nd\u00e9k, \u00e9s garant\u00e1ltan nem kap ilyet m\u00e1st\u00f3l. Tavaszi kertsz\u00e9p\u00edt\u00e9shez, fel\u00faj\u00edt\u00e1shoz, \u00faj otthon berendez\u00e9s\u00e9hez egyar\u00e1nt alkalmas.\n\nTOVABBI VALTOZATOK\n\nA boltunkban m\u00e1s kuty\u00e1s h\u00e1zsz\u00e1mt\u00e1bl\u00e1k is el\u00e9rhet\u0151k: mopsz, n\u00e9met juh\u00e1sz, tacsk\u00f3, corgi \u00e9s brit r\u00f6vidsz\u0151r\u0171 cic\u00e1s v\u00e1ltozat. Ha figyelmeztet\u0151 t\u00e1bl\u00e1t is keresel, a \"Vigy\u00e1zz, a kutya harap!\" t\u00e1bl\u00e1inkat is n\u00e9zd meg, amelyek t\u00f6bb vari\u00e1nsban kaphat\u00f3k. A golden retrieveres h\u00e1zsz\u00e1mt\u00e1bla \u00e9s a figyelmeztet\u0151 t\u00e1bla egy\u00fctt praktikus \u00e9s mutat\u00f3s p\u00e1ros a ker\u00edt\u00e9sen. A postal\u00e1d\u00e1ra \u00f6n\u00e1ll\u00f3 sz\u00e1mjegyeket is rendelhetsz, amelyek t\u00f6k\u00e9letesen kieg\u00e9sz\u00edtik a h\u00e1zsz\u00e1mt\u00e1bl\u00e1t.\n\nNem csak kuty\u00e1s mot\u00edvumokat k\u00edn\u00e1lunk: a k\u00edn\u00e1latban mad\u00e1rp\u00e1ros, madaras, pillang\u00f3s, pingvines, vintage, modern, eleg\u00e1ns \u00e9s sportmot\u00edvumos h\u00e1zsz\u00e1mt\u00e1bl\u00e1k is megtal\u00e1lhat\u00f3k. V\u00edzi t\u00e9m\u00e1ban balatoni \u00e9s haj\u00f3s v\u00e1ltozataink vannak, tr\u00f3pusi hangulathoz pedig ban\u00e1nf\u00e1s \u00e9s p\u00e1lmaf\u00e1s t\u00e1bl\u00e1t is k\u00e9sz\u00edt\u00fcnk. Ha teljesen egyedi mot\u00edvumot szeretn\u00e9l, egyedi tervez\u00e9s\u0171 h\u00e1zsz\u00e1mt\u00e1bl\u00e1t is rendelhetelsz.\n\nMinden term\u00e9k\u00fcnket egyedileg, rendel\u00e9sre k\u00e9sz\u00edtj\u00fck. K\u00e9rd\u00e9sed van? \u00cdrj b\u00e1tran, gyorsan v\u00e1laszolunk. N\u00e9zd meg a t\u00f6bbi term\u00e9k\u00fcnket is, h\u00e1tha tal\u00e1lsz m\u00e9g valamit, ami tetszik.","score":0,"formatted_price":"5 490 Ft","image_url":"https:\/\/www.meska.hu\/img\/product\/small\/d\/a\/darimi_product_702579_251024194920_204578.png","formatted_url":"https:\/\/www.meska.hu\/p5652644-egyedi-hazszamtabla-golden-retriever","favourite":false,"in_stock":false,"avatar":"702579_avatar_1739694015.jpeg","delete_from":0,"is_enhanced_background":false,"is_enhanced":false,"product_selection_started":false,"is_active":true,"image_webp_url":"https:\/\/www.meska.hu\/img\/product\/small\/d\/a\/darimi_product_702579_251024194920_204578.webp"},{"id":"5967515","shop_id":"47945","user_id":"702579","shop_name":"Darimi","shop_zip":"2030","product_code":"5652623","product_name_old":null,"product_name":"Egyedi h\u00edd h\u00e1zsz\u00e1mt\u00e1bla d\u00edszes kerettel - k\u00fclt\u00e9ri ASA h\u00e1zsz\u00e1m","category_string":"Otthon & \u00c9letm\u00f3d, H\u00e1z & Kert, H\u00e1zsz\u00e1m","technic_string":"Mindenm\u00e1s","category_1":"813","category_2":"897","category_3":"431","category_4":"0","merged_category_1":null,"merged_category_2":null,"merged_category_3":null,"technic_1":"493","technic_2":"0","technic_3":"0","color_1":"519","color_2":"520","color_3":"527","product_description_old":null,"product_description":"Egyedi h\u00edd form\u00e1j\u00fa h\u00e1zsz\u00e1mt\u00e1bla d\u00edszes keretez\u00e9ssel, amely az alap h\u00edd v\u00e1ltozatn\u00e1l gazdagabb, dekorat\u00edvabb megjelen\u00e9st ad a bej\u00e1ratodnak. Ugyanaz a bev\u00e1lt ar\u00e1ny, ugyanaz a k\u00fclt\u00e9ri tart\u00f3ss\u00e1g, de egy fokkal d\u00edszesebb, mutat\u00f3sabb kivitelben. Ha a klasszikus forma tetszik, de valami extra karaktert szeretn\u00e9l, ez a vari\u00e1ns pont erre k\u00e9sz\u00fclt. T\u00f6bbf\u00e9le mint\u00e1zat k\u00f6z\u00fcl v\u00e1laszthatsz, \u00edgy a bej\u00e1ratod st\u00edlus\u00e1hoz igaz\u00edthatod a megjelen\u00e9st.\n\nM\u00c9RETEK\n\nA t\u00e1bla m\u00e9retei az S-t\u0151l XL-ig terjed\u0151 m\u00e9retsk\u00e1l\u00e1t k\u00f6vetik:\n- S: 20 x 8 cm (alap\u00e1r: 5 490 Ft)\n- M: 30 x 12 cm\n- L: 35 x 14 cm\n- XL: 40 x 16 cm\n- Extra: 42-45 cm sz\u00e9less\u00e9gig\n\nAz ar\u00e1nyok a hagyom\u00e1nyos t\u00e9gla form\u00e1t k\u00f6vetik (kb. 2.5:1), ami vizu\u00e1lisan rendk\u00edv\u00fcl kiegyens\u00falyozott. Az S m\u00e9ret kisebb ker\u00edt\u00e9sekhez, postal\u00e1d\u00e1k mell\u00e9 ide\u00e1lis, az M \u00e9s L a legn\u00e9pszer\u0171bb m\u00e9retek. Az XL v\u00e1ltozat a nagyobb homlokzatokhoz \u00e9s a t\u00e1volabbr\u00f3l is l\u00e1that\u00f3s\u00e1got ig\u00e9nyl\u0151 feliratoz\u00e1shoz aj\u00e1nlott.\n\nSZ\u00cdNEK\n\nNyolc RAL ipari sz\u00edn k\u00f6z\u00fcl v\u00e1laszthatsz, \u00e9s egyedi sz\u00edn is rendelhet\u0151. A dekorat\u00edv keret t\u00f6bb sz\u00edn kombin\u00e1l\u00e1s\u00e1val is k\u00e9sz\u00fclhet: a Prusa XL 5T nyomtat\u00f3val ak\u00e1r 5 sz\u00edn haszn\u00e1lhat\u00f3 fest\u00e9s n\u00e9lk\u00fcl egyetlen t\u00e1bl\u00e1n. \u00cdgy a keret, az alap, a bet\u0171k \u00e9s a d\u00edsz\u00edt\u0151 elemek mind m\u00e1s-m\u00e1s sz\u00ednben pomp\u00e1zhatnak, ami igaz\u00e1n egyedi v\u00e9geredm\u00e9nyt ad.\n\nVASTAGS\u00c1G\n\nVastags\u00e1gban 1,6 mm-t\u0151l 5 mm-ig van v\u00e1laszt\u00e9k. Az 1,6 mm eleg\u00e1ns \u00e9s k\u00f6nny\u0171, a 2-2,5 mm a leggyakrabban v\u00e1lasztott egyens\u00faly, m\u00edg a d\u00edszesebb keretez\u00e9shez a 3 mm-es vastags\u00e1g adja a legjobb megjelen\u00e9st: el\u00e9g karakteres ahhoz, hogy a d\u00edsz\u00edt\u0151 elemek is \u00e9rv\u00e9nyes\u00fcljenek. Az 5 mm-es v\u00e1ltozat a legrobusztusabb, komoly hat\u00e1st kelt\u0151 opci\u00f3.\n\nANYAG \u00c9S TART\u00d3SS\u00c1G\n\nAz ASA anyag k\u00fclt\u00e9ri haszn\u00e1latra fejlesztett ipari m\u0171anyag, amely a legkem\u00e9nyebb id\u0151j\u00e1r\u00e1si viszonyokat is elviseli. UV-\u00e1ll\u00f3: nem fakul a napon, nem s\u00e1rgul \u00e9vek alatt sem. Es\u0151\u00e1ll\u00f3 \u00e9s fagy\u00e1ll\u00f3: -30 fokt\u00f3l +80 fokig tartja form\u00e1j\u00e1t \u00e9s sz\u00edn\u00e9t. A sz\u00edn nem festett r\u00e9teg, hanem az anyag teljes t\u00f6meg\u00e9ben jelen van, \u00edgy kop\u00e1s eset\u00e9n sem v\u00e1ltozik. Legal\u00e1bb 10 \u00e9vig megb\u00edzhat\u00f3an szolg\u00e1l k\u00fclt\u00e9ren. A fel\u00fclete kellemes szat\u00e9n text\u00far\u00e1j\u00fa, let\u00f6r\u00f6lhet\u0151 egy nedves ronggyal, \u00e9s nem t\u00fckr\u00f6zi vissza a napf\u00e9nyt.\n\nR\u00d6GZ\u00cdT\u00c9S\n\nA t\u00e1bla s\u00edk fel\u00fclet\u0171, nem dombor\u00fa. R\u00f6gz\u00edt\u00e9shez k\u00fclt\u00e9ri \u00e9p\u00edt\u00e9si ragaszt\u00f3t javaslunk (p\u00e9ld\u00e1ul Pattex One For All): h\u00e1tlapra felkenve, falhoz szor\u00edtva gyorsan \u00e9s nyom n\u00e9lk\u00fcl felhelyezhet\u0151. T\u00e9glafalakon k\u00fcl\u00f6n\u00f6sen j\u00f3l tart, mert az \u00e9rdes fel\u00fclet er\u0151s tapad\u00e1st biztos\u00edt. Vakolt, fa \u00e9s f\u00e9m fel\u00fcleteken is megb\u00edzhat\u00f3an r\u00f6gz\u00edthet\u0151. Ha furatokkal szeretn\u00e9d r\u00f6gz\u00edteni csavaros megold\u00e1ssal, azt is k\u00e9rheted - jelezd rendel\u00e9skor, \u00e9s elk\u00e9sz\u00edtj\u00fck a furatokat.\n\nRENDEL\u00c9S\n\nRendel\u00e9skor add meg a feliratot (h\u00e1zsz\u00e1m, utcan\u00e9v, csal\u00e1dn\u00e9v vagy egy\u00e9b sz\u00f6veg), a k\u00edv\u00e1nt m\u00e9retet, vastags\u00e1got, t\u00f6bbf\u00e9le mint\u00e1zat k\u00f6z\u00fcli v\u00e1laszt\u00e1sodat \u00e9s a sz\u00ednkombin\u00e1ci\u00f3t. A d\u00edszes keret st\u00edlus\u00e1t \u00e9s a sz\u00f6vegelrendez\u00e9st mi a t\u00e1bla ar\u00e1nyaihoz igaz\u00edtjuk.\n\nMIRE J\u00d3?\n\nA d\u00edszes h\u00edd h\u00e1zsz\u00e1mt\u00e1bla remek v\u00e1laszt\u00e1s azoknak, akik a hagyom\u00e1nyos form\u00e1t szeretik, de egy kis pluszt is szeretn\u00e9nek. Fel\u00faj\u00edtott paraszth\u00e1zakn\u00e1l, vid\u00e9ki otthonok bej\u00e1rat\u00e1n\u00e1l, de v\u00e1rosi kertes h\u00e1zakn\u00e1l is otthonosan mutat. A klasszikus t\u00e9gla forma \u00e9s a d\u00edszes keret kombin\u00e1ci\u00f3ja egyszerre ad visszafogott eleganci\u00e1t \u00e9s egyedi karaktert.\n\nAJ\u00c1ND\u00c9KNAK IS T\u00d6K\u00c9LETES\n\nH\u00e1zavat\u00f3ra, n\u00e9vnapra, sz\u00fclet\u00e9snapra, any\u00e1k napj\u00e1ra, kar\u00e1csonyra vagy k\u00f6lt\u00f6z\u00e9si aj\u00e1nd\u00e9kk\u00e9nt is n\u00e9pszer\u0171, mert egyedi, praktikus \u00e9s hossz\u00fa \u00e9lettartam\u00fa. Fel\u00faj\u00edt\u00e1skor, az otthon arculat\u00e1nak friss\u00edt\u00e9sekor is kiv\u00e1l\u00f3 v\u00e1laszt\u00e1s, \u00e9s az \u00faj homlokzatsz\u00ednhez igaz\u00edtott t\u00e1bla azonnal megkoron\u00e1zza a munk\u00e1t.\n\nKAPCSOL\u00d3D\u00d3 TERM\u00c9KEK\n\nHa m\u00e9g d\u00edszesebbet keresel, n\u00e9zd meg az eleg\u00e1ns vintage st\u00edlus\u00fa h\u00e1zsz\u00e1mt\u00e1bl\u00e1nkat, amely m\u00e9g gazdagabb keretez\u00e9ssel \u00e9s r\u00e9szletekkel k\u00e9sz\u00fcl. Az alap h\u00edd h\u00e1zsz\u00e1mt\u00e1bla a d\u00edsz\u00edt\u00e9s n\u00e9lk\u00fcli, letisztult v\u00e1ltozat, ha a minimalista vonalat kedveled. A nagy t\u00e9glalap form\u00e1j\u00fa t\u00e1bla pedig a nagyobb fel\u00fcletet kedvel\u0151knek sz\u00f3l.\n\nA boltunkban el\u00e9rhet\u0151 pillang\u00f3s, madaras, mad\u00e1rp\u00e1ros, kuty\u00e1s (mopsz, tacsk\u00f3, golden retriever, n\u00e9met juh\u00e1sz, corgi), cic\u00e1s, haj\u00f3s, balatoni, p\u00e1lmaf\u00e1s \u00e9s ban\u00e1nf\u00e1s h\u00e1zsz\u00e1mt\u00e1bl\u00e1k term\u00e9szet- \u00e9s hobbimot\u00edvummal eg\u00e9sz\u00edtik ki a k\u00edn\u00e1latot. Az \u00f6n\u00e1ll\u00f3 sz\u00e1mjegyek a postal\u00e1d\u00e1ra vagy gar\u00e1zskapura, a teljesen egyedi tervez\u00e9s\u0171 t\u00e1bla pedig azoknak sz\u00f3l, akik saj\u00e1t mot\u00edvumot szeretn\u00e9nek. Esk\u00fcv\u0151re n\u00e9vt\u00e1bl\u00e1t, tortad\u00edszt \u00e9s falid\u00edszt, kar\u00e1csonyra kar\u00e1csonyfad\u00edszt \u00e9s ajt\u00f3d\u00edszt is tal\u00e1lsz a k\u00edn\u00e1latunkban.\n\nMinden term\u00e9k\u00fcnket egyedileg, rendel\u00e9sre k\u00e9sz\u00edtj\u00fck. K\u00e9rd\u00e9sed van? \u00cdrj b\u00e1tran, gyorsan v\u00e1laszolunk.","price":"5490.00","unit":"db","recommended":"0","status":"1","sponsored":"0","exp_notify":"0","own_material":"0","own_material_description_old":null,"own_material_description":"","jury":"0","jury_number":"","product_nature":"","meskaracsony":"0","create_date":"2026-02-21 19:40:25","shelve_id":"79630","image":"darimi_product_702579_251024190822_391615.png","image_width":"480","image_height":"480","image_alt":"Egyedi h\u00edd h\u00e1zsz\u00e1mt\u00e1bla d\u00edszes kerettel - k\u00fclt\u00e9ri ASA h\u00e1zsz\u00e1m, Egyedi h\u00edd form\u00e1j\u00fa h\u00e1zsz\u00e1mt\u00e1bla d\u00edszes keretez\u00e9ssel, amely az alap h\u00edd v\u00e1ltozatn\u00e1l gazdagabb, dekora..., Meska","image_title":"Egyedi h\u00edd h\u00e1zsz\u00e1mt\u00e1bla d\u00edszes kerettel - k\u00fclt\u00e9ri ASA h\u00e1zsz\u00e1m, Meska","view_count":"2585","favourite_count":"0","trending_score":"0","last2MonthFavouriteCount":"0","promotion":"0","giftcard_accept":"0","creditcard_accept":true,"enhanced_background":"0","domain":"meska","specific_customer_id":null,"specific_customer_name":null,"to_order_product":"1","to_order_product_time":"1","product_different":null,"product_different_description":"","vintage":"0","vintage_category_id":"0","recycled":"0","gemstone_id":"0","customizable":"1","type_category":"physical","zerowaste":"0","postage_price":"1349.00","shop_order":"0","has_category":"1","landing_pages":null,"microdata":{"number":90,"category":""},"title":"Egyedi h\u00edd h\u00e1zsz\u00e1mt\u00e1bla d\u00edszes kerettel - k\u00fclt\u00e9ri ASA h\u00e1zsz\u00e1m","description":"Egyedi h\u00edd form\u00e1j\u00fa h\u00e1zsz\u00e1mt\u00e1bla d\u00edszes keretez\u00e9ssel, amely az alap h\u00edd v\u00e1ltozatn\u00e1l gazdagabb, dekorat\u00edvabb megjelen\u00e9st ad a bej\u00e1ratodnak. Ugyanaz a bev\u00e1lt ar\u00e1ny, ugyanaz a k\u00fclt\u00e9ri tart\u00f3ss\u00e1g, de egy fokkal d\u00edszesebb, mutat\u00f3sabb kivitelben. Ha a klasszikus forma tetszik, de valami extra karaktert szeretn\u00e9l, ez a vari\u00e1ns pont erre k\u00e9sz\u00fclt. T\u00f6bbf\u00e9le mint\u00e1zat k\u00f6z\u00fcl v\u00e1laszthatsz, \u00edgy a bej\u00e1ratod st\u00edlus\u00e1hoz igaz\u00edthatod a megjelen\u00e9st.\n\nM\u00c9RETEK\n\nA t\u00e1bla m\u00e9retei az S-t\u0151l XL-ig terjed\u0151 m\u00e9retsk\u00e1l\u00e1t k\u00f6vetik:\n- S: 20 x 8 cm (alap\u00e1r: 5 490 Ft)\n- M: 30 x 12 cm\n- L: 35 x 14 cm\n- XL: 40 x 16 cm\n- Extra: 42-45 cm sz\u00e9less\u00e9gig\n\nAz ar\u00e1nyok a hagyom\u00e1nyos t\u00e9gla form\u00e1t k\u00f6vetik (kb. 2.5:1), ami vizu\u00e1lisan rendk\u00edv\u00fcl kiegyens\u00falyozott. Az S m\u00e9ret kisebb ker\u00edt\u00e9sekhez, postal\u00e1d\u00e1k mell\u00e9 ide\u00e1lis, az M \u00e9s L a legn\u00e9pszer\u0171bb m\u00e9retek. Az XL v\u00e1ltozat a nagyobb homlokzatokhoz \u00e9s a t\u00e1volabbr\u00f3l is l\u00e1that\u00f3s\u00e1got ig\u00e9nyl\u0151 feliratoz\u00e1shoz aj\u00e1nlott.\n\nSZ\u00cdNEK\n\nNyolc RAL ipari sz\u00edn k\u00f6z\u00fcl v\u00e1laszthatsz, \u00e9s egyedi sz\u00edn is rendelhet\u0151. A dekorat\u00edv keret t\u00f6bb sz\u00edn kombin\u00e1l\u00e1s\u00e1val is k\u00e9sz\u00fclhet: a Prusa XL 5T nyomtat\u00f3val ak\u00e1r 5 sz\u00edn haszn\u00e1lhat\u00f3 fest\u00e9s n\u00e9lk\u00fcl egyetlen t\u00e1bl\u00e1n. \u00cdgy a keret, az alap, a bet\u0171k \u00e9s a d\u00edsz\u00edt\u0151 elemek mind m\u00e1s-m\u00e1s sz\u00ednben pomp\u00e1zhatnak, ami igaz\u00e1n egyedi v\u00e9geredm\u00e9nyt ad.\n\nVASTAGS\u00c1G\n\nVastags\u00e1gban 1,6 mm-t\u0151l 5 mm-ig van v\u00e1laszt\u00e9k. Az 1,6 mm eleg\u00e1ns \u00e9s k\u00f6nny\u0171, a 2-2,5 mm a leggyakrabban v\u00e1lasztott egyens\u00faly, m\u00edg a d\u00edszesebb keretez\u00e9shez a 3 mm-es vastags\u00e1g adja a legjobb megjelen\u00e9st: el\u00e9g karakteres ahhoz, hogy a d\u00edsz\u00edt\u0151 elemek is \u00e9rv\u00e9nyes\u00fcljenek. Az 5 mm-es v\u00e1ltozat a legrobusztusabb, komoly hat\u00e1st kelt\u0151 opci\u00f3.\n\nANYAG \u00c9S TART\u00d3SS\u00c1G\n\nAz ASA anyag k\u00fclt\u00e9ri haszn\u00e1latra fejlesztett ipari m\u0171anyag, amely a legkem\u00e9nyebb id\u0151j\u00e1r\u00e1si viszonyokat is elviseli. UV-\u00e1ll\u00f3: nem fakul a napon, nem s\u00e1rgul \u00e9vek alatt sem. Es\u0151\u00e1ll\u00f3 \u00e9s fagy\u00e1ll\u00f3: -30 fokt\u00f3l +80 fokig tartja form\u00e1j\u00e1t \u00e9s sz\u00edn\u00e9t. A sz\u00edn nem festett r\u00e9teg, hanem az anyag teljes t\u00f6meg\u00e9ben jelen van, \u00edgy kop\u00e1s eset\u00e9n sem v\u00e1ltozik. Legal\u00e1bb 10 \u00e9vig megb\u00edzhat\u00f3an szolg\u00e1l k\u00fclt\u00e9ren. A fel\u00fclete kellemes szat\u00e9n text\u00far\u00e1j\u00fa, let\u00f6r\u00f6lhet\u0151 egy nedves ronggyal, \u00e9s nem t\u00fckr\u00f6zi vissza a napf\u00e9nyt.\n\nR\u00d6GZ\u00cdT\u00c9S\n\nA t\u00e1bla s\u00edk fel\u00fclet\u0171, nem dombor\u00fa. R\u00f6gz\u00edt\u00e9shez k\u00fclt\u00e9ri \u00e9p\u00edt\u00e9si ragaszt\u00f3t javaslunk (p\u00e9ld\u00e1ul Pattex One For All): h\u00e1tlapra felkenve, falhoz szor\u00edtva gyorsan \u00e9s nyom n\u00e9lk\u00fcl felhelyezhet\u0151. T\u00e9glafalakon k\u00fcl\u00f6n\u00f6sen j\u00f3l tart, mert az \u00e9rdes fel\u00fclet er\u0151s tapad\u00e1st biztos\u00edt. Vakolt, fa \u00e9s f\u00e9m fel\u00fcleteken is megb\u00edzhat\u00f3an r\u00f6gz\u00edthet\u0151. Ha furatokkal szeretn\u00e9d r\u00f6gz\u00edteni csavaros megold\u00e1ssal, azt is k\u00e9rheted - jelezd rendel\u00e9skor, \u00e9s elk\u00e9sz\u00edtj\u00fck a furatokat.\n\nRENDEL\u00c9S\n\nRendel\u00e9skor add meg a feliratot (h\u00e1zsz\u00e1m, utcan\u00e9v, csal\u00e1dn\u00e9v vagy egy\u00e9b sz\u00f6veg), a k\u00edv\u00e1nt m\u00e9retet, vastags\u00e1got, t\u00f6bbf\u00e9le mint\u00e1zat k\u00f6z\u00fcli v\u00e1laszt\u00e1sodat \u00e9s a sz\u00ednkombin\u00e1ci\u00f3t. A d\u00edszes keret st\u00edlus\u00e1t \u00e9s a sz\u00f6vegelrendez\u00e9st mi a t\u00e1bla ar\u00e1nyaihoz igaz\u00edtjuk.\n\nMIRE J\u00d3?\n\nA d\u00edszes h\u00edd h\u00e1zsz\u00e1mt\u00e1bla remek v\u00e1laszt\u00e1s azoknak, akik a hagyom\u00e1nyos form\u00e1t szeretik, de egy kis pluszt is szeretn\u00e9nek. Fel\u00faj\u00edtott paraszth\u00e1zakn\u00e1l, vid\u00e9ki otthonok bej\u00e1rat\u00e1n\u00e1l, de v\u00e1rosi kertes h\u00e1zakn\u00e1l is otthonosan mutat. A klasszikus t\u00e9gla forma \u00e9s a d\u00edszes keret kombin\u00e1ci\u00f3ja egyszerre ad visszafogott eleganci\u00e1t \u00e9s egyedi karaktert.\n\nAJ\u00c1ND\u00c9KNAK IS T\u00d6K\u00c9LETES\n\nH\u00e1zavat\u00f3ra, n\u00e9vnapra, sz\u00fclet\u00e9snapra, any\u00e1k napj\u00e1ra, kar\u00e1csonyra vagy k\u00f6lt\u00f6z\u00e9si aj\u00e1nd\u00e9kk\u00e9nt is n\u00e9pszer\u0171, mert egyedi, praktikus \u00e9s hossz\u00fa \u00e9lettartam\u00fa. Fel\u00faj\u00edt\u00e1skor, az otthon arculat\u00e1nak friss\u00edt\u00e9sekor is kiv\u00e1l\u00f3 v\u00e1laszt\u00e1s, \u00e9s az \u00faj homlokzatsz\u00ednhez igaz\u00edtott t\u00e1bla azonnal megkoron\u00e1zza a munk\u00e1t.\n\nKAPCSOL\u00d3D\u00d3 TERM\u00c9KEK\n\nHa m\u00e9g d\u00edszesebbet keresel, n\u00e9zd meg az eleg\u00e1ns vintage st\u00edlus\u00fa h\u00e1zsz\u00e1mt\u00e1bl\u00e1nkat, amely m\u00e9g gazdagabb keretez\u00e9ssel \u00e9s r\u00e9szletekkel k\u00e9sz\u00fcl. Az alap h\u00edd h\u00e1zsz\u00e1mt\u00e1bla a d\u00edsz\u00edt\u00e9s n\u00e9lk\u00fcli, letisztult v\u00e1ltozat, ha a minimalista vonalat kedveled. A nagy t\u00e9glalap form\u00e1j\u00fa t\u00e1bla pedig a nagyobb fel\u00fcletet kedvel\u0151knek sz\u00f3l.\n\nA boltunkban el\u00e9rhet\u0151 pillang\u00f3s, madaras, mad\u00e1rp\u00e1ros, kuty\u00e1s (mopsz, tacsk\u00f3, golden retriever, n\u00e9met juh\u00e1sz, corgi), cic\u00e1s, haj\u00f3s, balatoni, p\u00e1lmaf\u00e1s \u00e9s ban\u00e1nf\u00e1s h\u00e1zsz\u00e1mt\u00e1bl\u00e1k term\u00e9szet- \u00e9s hobbimot\u00edvummal eg\u00e9sz\u00edtik ki a k\u00edn\u00e1latot. Az \u00f6n\u00e1ll\u00f3 sz\u00e1mjegyek a postal\u00e1d\u00e1ra vagy gar\u00e1zskapura, a teljesen egyedi tervez\u00e9s\u0171 t\u00e1bla pedig azoknak sz\u00f3l, akik saj\u00e1t mot\u00edvumot szeretn\u00e9nek. Esk\u00fcv\u0151re n\u00e9vt\u00e1bl\u00e1t, tortad\u00edszt \u00e9s falid\u00edszt, kar\u00e1csonyra kar\u00e1csonyfad\u00edszt \u00e9s ajt\u00f3d\u00edszt is tal\u00e1lsz a k\u00edn\u00e1latunkban.\n\nMinden term\u00e9k\u00fcnket egyedileg, rendel\u00e9sre k\u00e9sz\u00edtj\u00fck. K\u00e9rd\u00e9sed van? \u00cdrj b\u00e1tran, gyorsan v\u00e1laszolunk.","score":0,"formatted_price":"5 490 Ft","image_url":"https:\/\/www.meska.hu\/img\/product\/small\/d\/a\/darimi_product_702579_251024190822_391615.png","formatted_url":"https:\/\/www.meska.hu\/p5652623-egyedi-hazszamtabla-lanchid","favourite":false,"in_stock":false,"avatar":"702579_avatar_1739694015.jpeg","delete_from":0,"is_enhanced_background":false,"is_enhanced":false,"product_selection_started":false,"is_active":true,"image_webp_url":"https:\/\/www.meska.hu\/img\/product\/small\/d\/a\/darimi_product_702579_251024190822_391615.webp"},{"id":"5967454","shop_id":"47945","user_id":"702579","shop_name":"Darimi","shop_zip":"2030","product_code":"5652573","product_name_old":null,"product_name":"Focis h\u00e1zsz\u00e1mt\u00e1bla - egyedi labdar\u00fag\u00f3 mint\u00e1s k\u00fclt\u00e9ri h\u00e1zsz\u00e1m, focirajong\u00f3knak","category_string":"Otthon & \u00c9letm\u00f3d, H\u00e1z & Kert, H\u00e1zsz\u00e1m","technic_string":"Mindenm\u00e1s","category_1":"813","category_2":"897","category_3":"431","category_4":"0","merged_category_1":null,"merged_category_2":null,"merged_category_3":null,"technic_1":"493","technic_2":"0","technic_3":"0","color_1":"519","color_2":"520","color_3":"527","product_description_old":null,"product_description":"Focis h\u00e1zsz\u00e1mt\u00e1bla labdar\u00fag\u00f3 mot\u00edvummal, amely sportot kedvel\u0151 csal\u00e1dok otthon\u00e1t teszi egyediv\u00e9. Ha a foci nem csup\u00e1n hobbi, hanem \u00e9let\u00e9rz\u00e9s n\u00e1latok, ez a h\u00e1zsz\u00e1m ezt m\u00e1r a bej\u00e1ratn\u00e1l megmutatja. A focilabda mot\u00edvum a t\u00e1bla d\u00edsz\u00edt\u0151 eleme, amely sportosan \u00e9s dinamikusan jelenik meg a h\u00e1zsz\u00e1m mellett.\n\nM\u00c9RETEK\n\nA t\u00e1bla h\u00e1rom m\u00e9retben rendelhet\u0151:\n- S: 20 x 8 cm - kisebb kapuhoz\n- M: 30 x 12 cm - a legt\u00f6bb ker\u00edt\u00e9sre, kapura\n- L: 35 x 14 cm - messzebbr\u0151l is j\u00f3l olvashat\u00f3, a focis mot\u00edvum is jobban \u00e9rv\u00e9nyes\u00fcl\n\nA vastags\u00e1got 1,6 mm-t\u0151l 5 mm-ig v\u00e1laszthatod, az ig\u00e9nyeidnek megfelel\u0151en. Rendel\u00e9skor lehet\u0151s\u00e9ged van egy feh\u00e9r labda kieg\u00e9sz\u00edt\u0151 hozz\u00e1ad\u00e1s\u00e1ra is (+3 000 Ft fel\u00e1r), ami m\u00e9g hangs\u00falyosabb\u00e1 \u00e9s r\u00e9szletgazdagabb\u00e1 teszi a focis megjelen\u00e9st. Ez a kieg\u00e9sz\u00edt\u0151 k\u00fcl\u00f6n\u00f6sen n\u00e9pszer\u0171 azok k\u00f6r\u00e9ben, akik szeretn\u00e9k, hogy a futball-labda igaz\u00e1n kiemelt d\u00edsz\u00edt\u0151eleme legyen a t\u00e1bl\u00e1nak.\n\nSZINEK\n\nA RAL ipari sz\u00ednrendszer teljes palett\u00e1ja el\u00e9rhet\u0151, \u00edgy pontosan a homlokzatodhoz vagy a kapudhoz ill\u0151 \u00e1rnyalatot tal\u00e1lhatsz. A klasszikus fekete-feh\u00e9r kombin\u00e1ci\u00f3 sportosan eleg\u00e1ns, de a kedvenc csapatod sz\u00edneiben is k\u00e9rheted. Ha p\u00e9ld\u00e1ul z\u00f6ld-feh\u00e9r, piros-feh\u00e9r vagy k\u00e9k-feh\u00e9r kombin\u00e1ci\u00f3t szeretn\u00e9l, az is megoldhat\u00f3. Egyedi RAL sz\u00edn is k\u00e9rhet\u0151, ha a k\u00edn\u00e1latban nem tal\u00e1lod a t\u00f6k\u00e9letest.\n\nANYAG\n\nAnyaga ASA (Acrylonitrile Styrene Acrylate), amely kifejezetten k\u00fclt\u00e9ri felhaszn\u00e1l\u00e1sra lett kifejlesztve. Nem egy hagyom\u00e1nyos festett vagy nyomtatott t\u00e1bla: az ASA anyag teljes t\u00f6meg\u00e9ben sz\u00ednes, ipari RAL sz\u00ednrendszerben.\n- UV-\u00e1ll\u00f3: nem fakul a napon, nem h\u00e1mlik, nem kopik\n- Es\u0151\u00e1ll\u00f3 \u00e9s fagy\u00e1ll\u00f3: -30 fokt\u00f3l +80 fokig b\u00edrja a sz\u00e9ls\u0151s\u00e9ges h\u0151m\u00e9rs\u00e9kletet\n- K\u00fclt\u00e9ren ak\u00e1r 10 \u00e9vig kifog\u00e1stalanul meg\u0151rzi eredeti megjelen\u00e9s\u00e9t\n\nA fel\u00fclete kellemes szat\u00e9n text\u00far\u00e1j\u00fa, amelyet Prusa XL 5T nyomtat\u00f3val k\u00e9sz\u00edt\u00fcnk, fest\u00e9s n\u00e9lk\u00fcl, ak\u00e1r 5 sz\u00ednben egyetlen munkafolyamatban.\n\nROGZITES\n\nA t\u00e1bla s\u00edk fel\u00fclet\u0171, nem dombor\u00fa. R\u00f6gz\u00edteni k\u00fclt\u00e9ri \u00e9p\u00edt\u00e9si ragaszt\u00f3val (p\u00e9ld\u00e1ul Pattex One For All t\u00edpussal) a legegyszer\u0171bb: kend fel a h\u00e1tlapra \u00e9s nyomd a falhoz. Ez a m\u00f3dszer tiszta, lyukmentes fel\u00fcletet ad, \u00e9s rendk\u00edv\u00fcl tart\u00f3s k\u00f6t\u00e9st biztos\u00edt. Ha m\u00e9gis csavaros r\u00f6gz\u00edt\u00e9st szeretn\u00e9l, k\u00e9rheted furatokkal is - ezt rendel\u00e9skor jelezd. A ragaszt\u00f3s megold\u00e1st k\u00fcl\u00f6n\u00f6sen aj\u00e1nljuk vakolatra, t\u00e9gl\u00e1ra \u00e9s betonra, mert nem kell f\u00farni, nem kell tipli, \u00e9s a fal s\u00e9rtetlen marad.\n\nHOGYAN RENDELHETSZ?\n\nRendel\u00e9skor add meg a k\u00edv\u00e1nt h\u00e1zsz\u00e1mot \u00e9s a v\u00e1lasztott sz\u00ednkombin\u00e1ci\u00f3t. Sz\u00e1mjegy, bet\u0171-sz\u00e1m kombin\u00e1ci\u00f3 \u00e9s utcan\u00e9v egyar\u00e1nt k\u00e9rhet\u0151. Ha nincs a k\u00edn\u00e1latban pontosan az a sz\u00edn, amit szeretn\u00e9l, egyedi RAL sz\u00edn is v\u00e1laszthat\u00f3.\n\nMIRE JO?\n\nEz a focis h\u00e1zsz\u00e1mt\u00e1bla remek aj\u00e1nd\u00e9k h\u00e1zavat\u00f3ra, sz\u00fclet\u00e9snapra vagy kar\u00e1csonyra olyan csal\u00e1doknak, ahol a foci \u00f6sszek\u00f6ti a gener\u00e1ci\u00f3kat. Gyerekszoba mell\u00e9, kerti kapura vagy a gar\u00e1zs bej\u00e1rat\u00e1hoz egyar\u00e1nt mutat\u00f3s. Mivel minden darabot egyedileg k\u00e9sz\u00edt\u00fcnk, a megaj\u00e1nd\u00e9kozott saj\u00e1t h\u00e1zsz\u00e1m\u00e1val \u00e9s kedvenc sz\u00edneivel kapja meg - garant\u00e1ltan nem lesz bel\u0151le kett\u0151. Focista gyerekeknek k\u00fcl\u00f6n\u00f6sen nagy \u00f6r\u00f6m, ha az otthonukat is a kedvenc sportjuk d\u00edsz\u00edti.\n\nTOVABBI VALTOZATOK\n\nHa a csal\u00e1dban a foci mellett m\u00e1s sportot is kedvelnek, \u00e9rdemes k\u00f6r\u00fcln\u00e9zned a boltunkban: el\u00e9rhet\u0151 biciklis h\u00e1zsz\u00e1mt\u00e1bla ker\u00e9kp\u00e1ros mot\u00edvummal \u00e9s motoros h\u00e1zsz\u00e1mt\u00e1bla is k\u00e9t v\u00e1ltozatban - fekv\u0151 \u00e9s nagy mot\u00edvum\u00fa kivitelben. Mindegyik ugyanebben a min\u0151s\u00e9gben \u00e9s anyagb\u00f3l k\u00e9sz\u00fcl. Aki nem ragaszkodik sportmot\u00edvumhoz, annak ott vannak a letisztult vintage st\u00edlus\u00fa, modern vagy eleg\u00e1ns v\u00e1ltozatok is. A kuty\u00e1s h\u00e1zsz\u00e1mt\u00e1bl\u00e1k szint\u00e9n n\u00e9pszer\u0171ek - mopsz, tacsk\u00f3, n\u00e9met juh\u00e1sz \u00e9s golden retriever mot\u00edvummal is k\u00e9sz\u00fclnek.\n\nHa komplett bej\u00e1rati megjelen\u00e9st szeretn\u00e9l, p\u00e1ros\u00edtsd \u00f6n\u00e1ll\u00f3 sz\u00e1mjegyeinkkel, amelyeket a postal\u00e1d\u00e1ra vagy a gar\u00e1zs kapuj\u00e1ra r\u00f6gz\u00edthetsz. \u00cdgy az eg\u00e9sz bej\u00e1rat egys\u00e9ges st\u00edlust kap. A h\u00e1zik\u00f3 form\u00e1j\u00fa \u00e9s pillang\u00f3s v\u00e1ltozataink szint\u00e9n el\u00e9rhet\u0151k, ha a csal\u00e1d m\u00e1s tagjai m\u00e1s st\u00edlust kedvelnek. Kar\u00e1csonyi szezonban kar\u00e1csonyfad\u00edszeket \u00e9s ajt\u00f3d\u00edszeket is tal\u00e1lsz a k\u00edn\u00e1latunkban.\n\nMinden term\u00e9k\u00fcnket egyedileg, rendel\u00e9sre k\u00e9sz\u00edtj\u00fck. K\u00e9rd\u00e9sed van a m\u00e9retekr\u0151l, sz\u00ednekr\u0151l vagy a focis kieg\u00e9sz\u00edt\u0151r\u0151l? \u00cdrj b\u00e1tran, gyorsan v\u00e1laszolunk. N\u00e9zd meg a t\u00f6bbi term\u00e9k\u00fcnket is, h\u00e1tha tal\u00e1lsz m\u00e9g valamit, ami tetszik.","price":"5490.00","unit":"db","recommended":"0","status":"1","sponsored":"0","exp_notify":"0","own_material":"0","own_material_description_old":null,"own_material_description":"","jury":"0","jury_number":"","product_nature":"","meskaracsony":"0","create_date":"2026-02-21 18:40:34","shelve_id":"79630","image":"darimi_product_702579_251024185727_421621.png","image_width":"480","image_height":"483","image_alt":"Focis h\u00e1zsz\u00e1mt\u00e1bla - egyedi labdar\u00fag\u00f3 mint\u00e1s k\u00fclt\u00e9ri h\u00e1zsz\u00e1m, focirajong\u00f3knak, Focis h\u00e1zsz\u00e1mt\u00e1bla labdar\u00fag\u00f3 mot\u00edvummal, amely sportot kedvel\u0151 csal\u00e1dok otthon\u00e1t teszi egyediv\u00e9. Ha ..., Meska","image_title":"Focis h\u00e1zsz\u00e1mt\u00e1bla - egyedi labdar\u00fag\u00f3 mint\u00e1s k\u00fclt\u00e9ri h\u00e1zsz\u00e1m, focirajong\u00f3knak, Meska","view_count":"2559","favourite_count":"0","trending_score":"0","last2MonthFavouriteCount":"0","promotion":"0","giftcard_accept":"0","creditcard_accept":true,"enhanced_background":"0","domain":"meska","specific_customer_id":null,"specific_customer_name":null,"to_order_product":"1","to_order_product_time":"1","product_different":null,"product_different_description":"","vintage":"0","vintage_category_id":"0","recycled":"0","gemstone_id":"0","customizable":"1","type_category":"physical","zerowaste":"0","postage_price":"1349.00","shop_order":"0","has_category":"1","landing_pages":null,"microdata":{"number":91,"category":""},"title":"Focis h\u00e1zsz\u00e1mt\u00e1bla - egyedi labdar\u00fag\u00f3 mint\u00e1s k\u00fclt\u00e9ri h\u00e1zsz\u00e1m, focirajong\u00f3knak","description":"Focis h\u00e1zsz\u00e1mt\u00e1bla labdar\u00fag\u00f3 mot\u00edvummal, amely sportot kedvel\u0151 csal\u00e1dok otthon\u00e1t teszi egyediv\u00e9. Ha a foci nem csup\u00e1n hobbi, hanem \u00e9let\u00e9rz\u00e9s n\u00e1latok, ez a h\u00e1zsz\u00e1m ezt m\u00e1r a bej\u00e1ratn\u00e1l megmutatja. A focilabda mot\u00edvum a t\u00e1bla d\u00edsz\u00edt\u0151 eleme, amely sportosan \u00e9s dinamikusan jelenik meg a h\u00e1zsz\u00e1m mellett.\n\nM\u00c9RETEK\n\nA t\u00e1bla h\u00e1rom m\u00e9retben rendelhet\u0151:\n- S: 20 x 8 cm - kisebb kapuhoz\n- M: 30 x 12 cm - a legt\u00f6bb ker\u00edt\u00e9sre, kapura\n- L: 35 x 14 cm - messzebbr\u0151l is j\u00f3l olvashat\u00f3, a focis mot\u00edvum is jobban \u00e9rv\u00e9nyes\u00fcl\n\nA vastags\u00e1got 1,6 mm-t\u0151l 5 mm-ig v\u00e1laszthatod, az ig\u00e9nyeidnek megfelel\u0151en. Rendel\u00e9skor lehet\u0151s\u00e9ged van egy feh\u00e9r labda kieg\u00e9sz\u00edt\u0151 hozz\u00e1ad\u00e1s\u00e1ra is (+3 000 Ft fel\u00e1r), ami m\u00e9g hangs\u00falyosabb\u00e1 \u00e9s r\u00e9szletgazdagabb\u00e1 teszi a focis megjelen\u00e9st. Ez a kieg\u00e9sz\u00edt\u0151 k\u00fcl\u00f6n\u00f6sen n\u00e9pszer\u0171 azok k\u00f6r\u00e9ben, akik szeretn\u00e9k, hogy a futball-labda igaz\u00e1n kiemelt d\u00edsz\u00edt\u0151eleme legyen a t\u00e1bl\u00e1nak.\n\nSZINEK\n\nA RAL ipari sz\u00ednrendszer teljes palett\u00e1ja el\u00e9rhet\u0151, \u00edgy pontosan a homlokzatodhoz vagy a kapudhoz ill\u0151 \u00e1rnyalatot tal\u00e1lhatsz. A klasszikus fekete-feh\u00e9r kombin\u00e1ci\u00f3 sportosan eleg\u00e1ns, de a kedvenc csapatod sz\u00edneiben is k\u00e9rheted. Ha p\u00e9ld\u00e1ul z\u00f6ld-feh\u00e9r, piros-feh\u00e9r vagy k\u00e9k-feh\u00e9r kombin\u00e1ci\u00f3t szeretn\u00e9l, az is megoldhat\u00f3. Egyedi RAL sz\u00edn is k\u00e9rhet\u0151, ha a k\u00edn\u00e1latban nem tal\u00e1lod a t\u00f6k\u00e9letest.\n\nANYAG\n\nAnyaga ASA (Acrylonitrile Styrene Acrylate), amely kifejezetten k\u00fclt\u00e9ri felhaszn\u00e1l\u00e1sra lett kifejlesztve. Nem egy hagyom\u00e1nyos festett vagy nyomtatott t\u00e1bla: az ASA anyag teljes t\u00f6meg\u00e9ben sz\u00ednes, ipari RAL sz\u00ednrendszerben.\n- UV-\u00e1ll\u00f3: nem fakul a napon, nem h\u00e1mlik, nem kopik\n- Es\u0151\u00e1ll\u00f3 \u00e9s fagy\u00e1ll\u00f3: -30 fokt\u00f3l +80 fokig b\u00edrja a sz\u00e9ls\u0151s\u00e9ges h\u0151m\u00e9rs\u00e9kletet\n- K\u00fclt\u00e9ren ak\u00e1r 10 \u00e9vig kifog\u00e1stalanul meg\u0151rzi eredeti megjelen\u00e9s\u00e9t\n\nA fel\u00fclete kellemes szat\u00e9n text\u00far\u00e1j\u00fa, amelyet Prusa XL 5T nyomtat\u00f3val k\u00e9sz\u00edt\u00fcnk, fest\u00e9s n\u00e9lk\u00fcl, ak\u00e1r 5 sz\u00ednben egyetlen munkafolyamatban.\n\nROGZITES\n\nA t\u00e1bla s\u00edk fel\u00fclet\u0171, nem dombor\u00fa. R\u00f6gz\u00edteni k\u00fclt\u00e9ri \u00e9p\u00edt\u00e9si ragaszt\u00f3val (p\u00e9ld\u00e1ul Pattex One For All t\u00edpussal) a legegyszer\u0171bb: kend fel a h\u00e1tlapra \u00e9s nyomd a falhoz. Ez a m\u00f3dszer tiszta, lyukmentes fel\u00fcletet ad, \u00e9s rendk\u00edv\u00fcl tart\u00f3s k\u00f6t\u00e9st biztos\u00edt. Ha m\u00e9gis csavaros r\u00f6gz\u00edt\u00e9st szeretn\u00e9l, k\u00e9rheted furatokkal is - ezt rendel\u00e9skor jelezd. A ragaszt\u00f3s megold\u00e1st k\u00fcl\u00f6n\u00f6sen aj\u00e1nljuk vakolatra, t\u00e9gl\u00e1ra \u00e9s betonra, mert nem kell f\u00farni, nem kell tipli, \u00e9s a fal s\u00e9rtetlen marad.\n\nHOGYAN RENDELHETSZ?\n\nRendel\u00e9skor add meg a k\u00edv\u00e1nt h\u00e1zsz\u00e1mot \u00e9s a v\u00e1lasztott sz\u00ednkombin\u00e1ci\u00f3t. Sz\u00e1mjegy, bet\u0171-sz\u00e1m kombin\u00e1ci\u00f3 \u00e9s utcan\u00e9v egyar\u00e1nt k\u00e9rhet\u0151. Ha nincs a k\u00edn\u00e1latban pontosan az a sz\u00edn, amit szeretn\u00e9l, egyedi RAL sz\u00edn is v\u00e1laszthat\u00f3.\n\nMIRE JO?\n\nEz a focis h\u00e1zsz\u00e1mt\u00e1bla remek aj\u00e1nd\u00e9k h\u00e1zavat\u00f3ra, sz\u00fclet\u00e9snapra vagy kar\u00e1csonyra olyan csal\u00e1doknak, ahol a foci \u00f6sszek\u00f6ti a gener\u00e1ci\u00f3kat. Gyerekszoba mell\u00e9, kerti kapura vagy a gar\u00e1zs bej\u00e1rat\u00e1hoz egyar\u00e1nt mutat\u00f3s. Mivel minden darabot egyedileg k\u00e9sz\u00edt\u00fcnk, a megaj\u00e1nd\u00e9kozott saj\u00e1t h\u00e1zsz\u00e1m\u00e1val \u00e9s kedvenc sz\u00edneivel kapja meg - garant\u00e1ltan nem lesz bel\u0151le kett\u0151. Focista gyerekeknek k\u00fcl\u00f6n\u00f6sen nagy \u00f6r\u00f6m, ha az otthonukat is a kedvenc sportjuk d\u00edsz\u00edti.\n\nTOVABBI VALTOZATOK\n\nHa a csal\u00e1dban a foci mellett m\u00e1s sportot is kedvelnek, \u00e9rdemes k\u00f6r\u00fcln\u00e9zned a boltunkban: el\u00e9rhet\u0151 biciklis h\u00e1zsz\u00e1mt\u00e1bla ker\u00e9kp\u00e1ros mot\u00edvummal \u00e9s motoros h\u00e1zsz\u00e1mt\u00e1bla is k\u00e9t v\u00e1ltozatban - fekv\u0151 \u00e9s nagy mot\u00edvum\u00fa kivitelben. Mindegyik ugyanebben a min\u0151s\u00e9gben \u00e9s anyagb\u00f3l k\u00e9sz\u00fcl. Aki nem ragaszkodik sportmot\u00edvumhoz, annak ott vannak a letisztult vintage st\u00edlus\u00fa, modern vagy eleg\u00e1ns v\u00e1ltozatok is. A kuty\u00e1s h\u00e1zsz\u00e1mt\u00e1bl\u00e1k szint\u00e9n n\u00e9pszer\u0171ek - mopsz, tacsk\u00f3, n\u00e9met juh\u00e1sz \u00e9s golden retriever mot\u00edvummal is k\u00e9sz\u00fclnek.\n\nHa komplett bej\u00e1rati megjelen\u00e9st szeretn\u00e9l, p\u00e1ros\u00edtsd \u00f6n\u00e1ll\u00f3 sz\u00e1mjegyeinkkel, amelyeket a postal\u00e1d\u00e1ra vagy a gar\u00e1zs kapuj\u00e1ra r\u00f6gz\u00edthetsz. \u00cdgy az eg\u00e9sz bej\u00e1rat egys\u00e9ges st\u00edlust kap. A h\u00e1zik\u00f3 form\u00e1j\u00fa \u00e9s pillang\u00f3s v\u00e1ltozataink szint\u00e9n el\u00e9rhet\u0151k, ha a csal\u00e1d m\u00e1s tagjai m\u00e1s st\u00edlust kedvelnek. Kar\u00e1csonyi szezonban kar\u00e1csonyfad\u00edszeket \u00e9s ajt\u00f3d\u00edszeket is tal\u00e1lsz a k\u00edn\u00e1latunkban.\n\nMinden term\u00e9k\u00fcnket egyedileg, rendel\u00e9sre k\u00e9sz\u00edtj\u00fck. K\u00e9rd\u00e9sed van a m\u00e9retekr\u0151l, sz\u00ednekr\u0151l vagy a focis kieg\u00e9sz\u00edt\u0151r\u0151l? \u00cdrj b\u00e1tran, gyorsan v\u00e1laszolunk. N\u00e9zd meg a t\u00f6bbi term\u00e9k\u00fcnket is, h\u00e1tha tal\u00e1lsz m\u00e9g valamit, ami tetszik.","score":0,"formatted_price":"5 490 Ft","image_url":"https:\/\/www.meska.hu\/img\/product\/small\/d\/a\/darimi_product_702579_251024185727_421621.png","formatted_url":"https:\/\/www.meska.hu\/p5652573-egyedi-focis-hazszamtabla-foci-focilabda","favourite":false,"in_stock":false,"avatar":"702579_avatar_1739694015.jpeg","delete_from":0,"is_enhanced_background":false,"is_enhanced":false,"product_selection_started":false,"is_active":true,"image_webp_url":"https:\/\/www.meska.hu\/img\/product\/small\/d\/a\/darimi_product_702579_251024185727_421621.webp"},{"id":"5967409","shop_id":"47945","user_id":"702579","shop_name":"Darimi","shop_zip":"2030","product_code":"5652538","product_name_old":null,"product_name":"Egyedi motoros h\u00e1zsz\u00e1mt\u00e1bla motor","category_string":"Otthon & \u00c9letm\u00f3d, H\u00e1z & Kert, H\u00e1zsz\u00e1m","technic_string":"Mindenm\u00e1s","category_1":"813","category_2":"897","category_3":"431","category_4":"0","merged_category_1":null,"merged_category_2":null,"merged_category_3":null,"technic_1":"493","technic_2":"0","technic_3":"0","color_1":"519","color_2":"520","color_3":"527","product_description_old":null,"product_description":"Egyedi tervez\u00e9s napon bel\u00fcl\n- Minden h\u00e1zsz\u00e1mt\u00e1bl\u00e1t egyedileg tervez\u00fcnk \u00e9s egyedileg k\u00e9sz\u00fcl. A rendel\u00e9s ut\u00e1n n\u00e9h\u00e1ny \u00f3r\u00e1n bel\u00fcl k\u00fcld\u00f6m az els\u0151 tervet.\n\nNem grav\u00edrozva, nem festve, k\u00e9t sz\u00ednnel nyomtatva!\n\n- Hogyan t\u00f6rt\u00e9nik?\nV\u00e1laszd ki a k\u00edv\u00e1nt alapsz\u00ednt \u00e9s m\u00e9retet, \u00e9s vastags\u00e1got.\nRendel\u00e9skor a megjegyz\u00e9sbe \u00edrd a k\u00f6zter\u00fclet nev\u00e9t, a h\u00e1zsz\u00e1mot, a k\u00f6zter\u00fclet sz\u00edn\u00e9t, valamint hogy a sz\u00e1m \u00e9s a sz\u00f6veg jobbra vagy k\u00f6z\u00e9pen legyen elrendezve.\nEl\u0151n\u00e9zeti tervet k\u00fcld\u00f6k, ha kell m\u00f3dos\u00edtunk.\nUt\u00e1na indul a 3D nyomtat\u00e1s.\nElk\u00e9sz\u00fclt darabr\u00f3l m\u00e9rc\u00e9s fot\u00f3t k\u00fcld\u00f6k.\nAj\u00e1nd\u00e9k narancsh\u00e1moz\u00f3 gy\u0171r\u0171vel post\u00e1zom gondosan csomagolva.\n\nEgyedi m\u00e9ret is megoldhat\u00f3.\n\nA h\u00e1zsz\u00e1mt\u00e1bl\u00e1k ASA (akrilonitril-sztirol-akril\u00e1t) m\u0171anyagb\u00f3l k\u00e9sz\u00fclnek, mely:\nUV-\u00e1ll\u00f3: nem s\u00e1rgul, nem fakul\nV\u00edz\u00e1ll\u00f3: ellen\u00e1ll es\u0151nek, h\u00f3nak\nId\u0151j\u00e1r\u00e1s\u00e1ll\u00f3: -30\u00b0C-t\u00f3l +80\u00b0C-ig nem vetemedik\nJobb, mint PLA, PETG vagy ABS k\u00fclt\u00e9ri felhaszn\u00e1l\u00e1sra\n\nIgyeksz\u00fcnk mindig RAL sz\u00ednk\u00f3ddal rendelkez\u0151 ASA-val dolgozni, mi nem vagyunk sz\u00ednszak\u00e9rt\u0151k :)\n\nR\u00f6gz\u00edt\u00e9s egyszer\u0171en:\n- Ragaszthat\u00f3 sima falfel\u00fcletre (k\u00e9toldalas vagy foly\u00e9kony k\u00fclt\u00e9ri ragaszt\u00f3val)\n- F\u00farhat\u00f3, vagy lyukakkal is k\u00e9rhet\u0151 csavaros r\u00f6gz\u00edt\u00e9shez.\n\nGy\u00e1rt\u00e1s \u00e9s sz\u00e1ll\u00edt\u00e1s p\u00e1r munkanapon bel\u00fcl\nA nyomtat\u00e1s Prusa XL 5T g\u00e9ppel, sima satin lapra t\u00f6rt\u00e9nik a pr\u00e9mium megjelen\u00e9s \u00e9rdek\u00e9ben.","price":"5490.00","unit":"db","recommended":"0","status":"1","sponsored":"0","exp_notify":"0","own_material":"0","own_material_description_old":null,"own_material_description":"","jury":"0","jury_number":"","product_nature":"","meskaracsony":"0","create_date":"2026-02-21 17:39:20","shelve_id":"79630","image":"darimi_product_702579_251024174844_97646.png","image_width":"480","image_height":"468","image_alt":"Egyedi motoros h\u00e1zsz\u00e1mt\u00e1bla motor, Egyedi tervez\u00e9s napon bel\u00fcl\\n- Minden h\u00e1zsz\u00e1mt\u00e1bl\u00e1t egyedileg tervez\u00fcnk \u00e9s egyedileg k\u00e9sz\u00fcl. A rendel..., Meska","image_title":"Egyedi motoros h\u00e1zsz\u00e1mt\u00e1bla motor, Meska","view_count":"2601","favourite_count":"0","trending_score":"0","last2MonthFavouriteCount":"0","promotion":"0","giftcard_accept":"0","creditcard_accept":true,"enhanced_background":"0","domain":"meska","specific_customer_id":null,"specific_customer_name":null,"to_order_product":"1","to_order_product_time":"1","product_different":null,"product_different_description":"","vintage":"0","vintage_category_id":"0","recycled":"0","gemstone_id":"0","customizable":"1","type_category":"physical","zerowaste":"0","postage_price":"1349.00","shop_order":"0","has_category":"1","landing_pages":null,"microdata":{"number":92,"category":""},"title":"Egyedi motoros h\u00e1zsz\u00e1mt\u00e1bla motor","description":"Egyedi tervez\u00e9s napon bel\u00fcl\n- Minden h\u00e1zsz\u00e1mt\u00e1bl\u00e1t egyedileg tervez\u00fcnk \u00e9s egyedileg k\u00e9sz\u00fcl. A rendel\u00e9s ut\u00e1n n\u00e9h\u00e1ny \u00f3r\u00e1n bel\u00fcl k\u00fcld\u00f6m az els\u0151 tervet.\n\nNem grav\u00edrozva, nem festve, k\u00e9t sz\u00ednnel nyomtatva!\n\n- Hogyan t\u00f6rt\u00e9nik?\nV\u00e1laszd ki a k\u00edv\u00e1nt alapsz\u00ednt \u00e9s m\u00e9retet, \u00e9s vastags\u00e1got.\nRendel\u00e9skor a megjegyz\u00e9sbe \u00edrd a k\u00f6zter\u00fclet nev\u00e9t, a h\u00e1zsz\u00e1mot, a k\u00f6zter\u00fclet sz\u00edn\u00e9t, valamint hogy a sz\u00e1m \u00e9s a sz\u00f6veg jobbra vagy k\u00f6z\u00e9pen legyen elrendezve.\nEl\u0151n\u00e9zeti tervet k\u00fcld\u00f6k, ha kell m\u00f3dos\u00edtunk.\nUt\u00e1na indul a 3D nyomtat\u00e1s.\nElk\u00e9sz\u00fclt darabr\u00f3l m\u00e9rc\u00e9s fot\u00f3t k\u00fcld\u00f6k.\nAj\u00e1nd\u00e9k narancsh\u00e1moz\u00f3 gy\u0171r\u0171vel post\u00e1zom gondosan csomagolva.\n\nEgyedi m\u00e9ret is megoldhat\u00f3.\n\nA h\u00e1zsz\u00e1mt\u00e1bl\u00e1k ASA (akrilonitril-sztirol-akril\u00e1t) m\u0171anyagb\u00f3l k\u00e9sz\u00fclnek, mely:\nUV-\u00e1ll\u00f3: nem s\u00e1rgul, nem fakul\nV\u00edz\u00e1ll\u00f3: ellen\u00e1ll es\u0151nek, h\u00f3nak\nId\u0151j\u00e1r\u00e1s\u00e1ll\u00f3: -30\u00b0C-t\u00f3l +80\u00b0C-ig nem vetemedik\nJobb, mint PLA, PETG vagy ABS k\u00fclt\u00e9ri felhaszn\u00e1l\u00e1sra\n\nIgyeksz\u00fcnk mindig RAL sz\u00ednk\u00f3ddal rendelkez\u0151 ASA-val dolgozni, mi nem vagyunk sz\u00ednszak\u00e9rt\u0151k :)\n\nR\u00f6gz\u00edt\u00e9s egyszer\u0171en:\n- Ragaszthat\u00f3 sima falfel\u00fcletre (k\u00e9toldalas vagy foly\u00e9kony k\u00fclt\u00e9ri ragaszt\u00f3val)\n- F\u00farhat\u00f3, vagy lyukakkal is k\u00e9rhet\u0151 csavaros r\u00f6gz\u00edt\u00e9shez.\n\nGy\u00e1rt\u00e1s \u00e9s sz\u00e1ll\u00edt\u00e1s p\u00e1r munkanapon bel\u00fcl\nA nyomtat\u00e1s Prusa XL 5T g\u00e9ppel, sima satin lapra t\u00f6rt\u00e9nik a pr\u00e9mium megjelen\u00e9s \u00e9rdek\u00e9ben.","score":0,"formatted_price":"5 490 Ft","image_url":"https:\/\/www.meska.hu\/img\/product\/small\/d\/a\/darimi_product_702579_251024174844_97646.png","formatted_url":"https:\/\/www.meska.hu\/p5652538-egyedi-motoros-hazszamtabla-motor","favourite":false,"in_stock":false,"avatar":"702579_avatar_1739694015.jpeg","delete_from":0,"is_enhanced_background":false,"is_enhanced":false,"product_selection_started":false,"is_active":true,"image_webp_url":"https:\/\/www.meska.hu\/img\/product\/small\/d\/a\/darimi_product_702579_251024174844_97646.webp"},{"id":"4888688","shop_id":"38388","user_id":"520472","shop_name":"Atida","shop_zip":"3922","product_code":"5009557","product_name_old":null,"product_name":"Oroszl\u00e1nos h\u00e1zsz\u00e1mt\u00e1bla","category_string":"Otthon & \u00c9letm\u00f3d, H\u00e1z & Kert, H\u00e1zsz\u00e1m","technic_string":"Mindenm\u00e1s","category_1":"813","category_2":"897","category_3":"431","category_4":"0","merged_category_1":null,"merged_category_2":null,"merged_category_3":null,"technic_1":"493","technic_2":"0","technic_3":"0","color_1":"517","color_2":"0","color_3":"0","product_description_old":null,"product_description":"3D nyomtat\u00f3val k\u00e9sz\u00fclt, lakozott h\u00e1zsz\u00e1mt\u00e1bla.\nAnyaga: BIO PLA\nSz\u00edne: bronz, a BIO PLA sz\u00edne.\nA sz\u00e1m \u00e9s az utcan\u00e9v sz\u00edne:  feh\u00e9r\/ beige\/ fluoreszk\u00e1l\u00f3 sz\u00ednek k\u00f6z\u00fcl v\u00e1laszthat\u00f3.\nA v\u00e1lasztott feliratokat \u00e9s azok sz\u00edn\u00e9t, megrendel\u00e9skor a k\u00f6zlem\u00e9ny rovatba vagy \u00fczenetben k\u00e9rem.\nA k\u00e9peken a fluoreszk\u00e1l\u00f3 anyagb\u00f3l k\u00e9sz\u00fclt h\u00e1zsz\u00e1m \u00e9s utcan\u00e9v l\u00e1that\u00f3.\n (Csak teljes s\u00f6t\u00e9tben fluoreszk\u00e1l)\nM\u00e9rete:  281,4 x 230 x 21,8 mm\nA h\u00e1zsz\u00e1mt\u00e1bla h\u00e1tulj\u00e1n akaszt\u00f3 m\u00e9lyed\u00e9sek tal\u00e1lhat\u00f3k a falra r\u00f6gz\u00edt\u00e9shez, amelyek a falba r\u00f6gz\u00edtett csavarokra illeszkednek r\u00e1.\nA csavarok nem tartoz\u00e9kok!\nA term\u00e9k elk\u00e9sz\u00edt\u00e9si ideje 4-5 munkanap.\n","price":"10800.00","unit":"db","recommended":"0","status":"1","sponsored":"0","exp_notify":"0","own_material":"0","own_material_description_old":null,"own_material_description":"","jury":"0","jury_number":"","product_nature":"","meskaracsony":"0","create_date":"2026-02-18 10:50:56","shelve_id":"0","image":"atida_product_520472_230703160928_96366.jpeg","image_width":"480","image_height":"480","image_alt":"Oroszl\u00e1nos h\u00e1zsz\u00e1mt\u00e1bla, 3D nyomtat\u00f3val k\u00e9sz\u00fclt, lakozott h\u00e1zsz\u00e1mt\u00e1bla.\\nAnyaga: BIO PLA\\nSz\u00edne: bronz, a BIO PLA sz\u00edne.\\nA sz\u00e1m..., Meska","image_title":"Oroszl\u00e1nos h\u00e1zsz\u00e1mt\u00e1bla, Meska","view_count":"1099","favourite_count":"0","trending_score":"0","last2MonthFavouriteCount":"0","promotion":"0","giftcard_accept":"0","creditcard_accept":true,"enhanced_background":"0","domain":"meska","specific_customer_id":null,"specific_customer_name":null,"to_order_product":"1","to_order_product_time":"5","product_different":null,"product_different_description":"","vintage":"0","vintage_category_id":"0","recycled":"0","gemstone_id":"0","customizable":"1","type_category":"physical","zerowaste":"0","postage_price":"2390.00","shop_order":"0","has_category":"1","landing_pages":null,"microdata":{"number":93,"category":""},"title":"Oroszl\u00e1nos h\u00e1zsz\u00e1mt\u00e1bla","description":"3D nyomtat\u00f3val k\u00e9sz\u00fclt, lakozott h\u00e1zsz\u00e1mt\u00e1bla.\nAnyaga: BIO PLA\nSz\u00edne: bronz, a BIO PLA sz\u00edne.\nA sz\u00e1m \u00e9s az utcan\u00e9v sz\u00edne:  feh\u00e9r\/ beige\/ fluoreszk\u00e1l\u00f3 sz\u00ednek k\u00f6z\u00fcl v\u00e1laszthat\u00f3.\nA v\u00e1lasztott feliratokat \u00e9s azok sz\u00edn\u00e9t, megrendel\u00e9skor a k\u00f6zlem\u00e9ny rovatba vagy \u00fczenetben k\u00e9rem.\nA k\u00e9peken a fluoreszk\u00e1l\u00f3 anyagb\u00f3l k\u00e9sz\u00fclt h\u00e1zsz\u00e1m \u00e9s utcan\u00e9v l\u00e1that\u00f3.\n (Csak teljes s\u00f6t\u00e9tben fluoreszk\u00e1l)\nM\u00e9rete:  281,4 x 230 x 21,8 mm\nA h\u00e1zsz\u00e1mt\u00e1bla h\u00e1tulj\u00e1n akaszt\u00f3 m\u00e9lyed\u00e9sek tal\u00e1lhat\u00f3k a falra r\u00f6gz\u00edt\u00e9shez, amelyek a falba r\u00f6gz\u00edtett csavarokra illeszkednek r\u00e1.\nA csavarok nem tartoz\u00e9kok!\nA term\u00e9k elk\u00e9sz\u00edt\u00e9si ideje 4-5 munkanap.\n","score":0,"formatted_price":"10 800 Ft","image_url":"https:\/\/www.meska.hu\/img\/product\/small\/a\/t\/atida_product_520472_230703160928_96366.jpeg","formatted_url":"https:\/\/www.meska.hu\/p5009557-oroszlanos-hazszamtabla","favourite":false,"in_stock":false,"avatar":"520472_avatar_1662143040.jpeg","delete_from":0,"is_enhanced_background":false,"is_enhanced":false,"product_selection_started":false,"is_active":true,"image_webp_url":"https:\/\/www.meska.hu\/img\/product\/small\/a\/t\/atida_product_520472_230703160928_96366.webp"},{"id":"5988855","shop_id":"47945","user_id":"702579","shop_name":"Darimi","shop_zip":"2030","product_code":"5664536","product_name_old":null,"product_name":"Teljesen egyedi h\u00e1zsz\u00e1mt\u00e1bla - b\u00e1rmilyen forma \u00e9s mot\u00edvum, k\u00fclt\u00e9ri UV-\u00e1ll\u00f3 ASA, szem\u00e9lyre szabott","category_string":"Otthon & \u00c9letm\u00f3d, H\u00e1z & Kert, H\u00e1zsz\u00e1m","technic_string":"Mindenm\u00e1s","category_1":"813","category_2":"897","category_3":"431","category_4":"0","merged_category_1":null,"merged_category_2":null,"merged_category_3":null,"technic_1":"493","technic_2":"0","technic_3":"0","color_1":"519","color_2":"520","color_3":"527","product_description_old":null,"product_description":"Teljesen egyedi h\u00e1zsz\u00e1mt\u00e1bla, ahol te hat\u00e1rozod meg a form\u00e1t, a mot\u00edvumot \u00e9s a designt. Ez a boltunk legrugalmasabb term\u00e9ke: b\u00e1rmilyen elk\u00e9pzel\u00e9st megval\u00f3s\u00edtunk, legyen az saj\u00e1t rajz, log\u00f3, csal\u00e1di c\u00edmer, kedvenc \u00e1llat, hobbi szimb\u00f3lum vagy b\u00e1rmilyen egy\u00e9b mot\u00edvum, amit a bej\u00e1ratodon szeretn\u00e9l l\u00e1tni. Ha a k\u00e9sz mot\u00edvumos h\u00e1zsz\u00e1mt\u00e1bl\u00e1k k\u00f6z\u00f6tt nem tal\u00e1ltad meg, amit keresel, itt nincs korl\u00e1t.\n\nANYAG \u00c9S TART\u00d3SS\u00c1G\n\nA t\u00e1bla ASA ipari m\u0171anyagb\u00f3l k\u00e9sz\u00fcl, amely k\u00fclt\u00e9ri tart\u00f3s haszn\u00e1latra fejlesztett anyag. Id\u0151j\u00e1r\u00e1s\u00e1ll\u00f3: -30 fokt\u00f3l +80 fokig megb\u00edzhat\u00f3an haszn\u00e1lhat\u00f3. UV-\u00e1ll\u00f3, es\u0151\u00e1ll\u00f3 \u00e9s fagy\u00e1ll\u00f3, eg\u00e9sz \u00e9vben kint maradhat a falon, ker\u00edt\u00e9sen vagy kapun. Nem fakul, nem s\u00e1rgul, nem reped. A k\u00fclt\u00e9ri \u00e9lettartam meghaladja a 10 \u00e9vet. A szat\u00e9n fel\u00fclet\u0171, s\u00edk kivitel\u0171 t\u00e1bla nem dombor\u00fa. A sz\u00edn RAL ipari sz\u00ednrendszer\u0171: az anyag teljes vastags\u00e1g\u00e1ban sz\u00ednes, nem festett r\u00e9teg, \u00edgy nem kopik le \u00e9s nem pattogzik. Prusa XL 5T nyomtat\u00f3val ak\u00e1r 5 k\u00fcl\u00f6nb\u00f6z\u0151 sz\u00ednben k\u00e9sz\u00fclhet fest\u00e9s n\u00e9lk\u00fcl.\n\nM\u00c9RETEK\n\nV\u00e1laszthat\u00f3 m\u00e9retek:\n- 10 cm\n- 15 cm\n- 20 cm\n- 25 cm\n- 30 cm\n- 35 cm\n\nA 10-15 cm-es m\u00e9ret kompakt \u00e9s visszafogott, a 20-25 cm-es a legt\u00f6bb bej\u00e1rathoz ide\u00e1lis, a 30-35 cm-es v\u00e1ltozat pedig igaz\u00e1n felt\u0171n\u0151, dekorat\u00edv megjelen\u00e9st ad.\n\nVASTAGS\u00c1G\n\nA vastags\u00e1g 1,6 mm-t\u0151l 5 mm-ig \u00e1ll\u00edthat\u00f3 \u00f6t fokozatban: 1,6 mm, 2 mm, 2,5 mm, 3 mm \u00e9s 5 mm. A nagyobb m\u00e9ret \u00e9s vastags\u00e1g kombin\u00e1ci\u00f3ja pr\u00e9mium, robusztus darabot eredm\u00e9nyez.\n\nR\u00d6GZ\u00cdT\u00c9S\n\nK\u00fclt\u00e9ri \u00e9p\u00edt\u00e9si ragaszt\u00f3val a legegyszer\u0171bb felhelyezni a falra, kapura vagy ker\u00edt\u00e9sre. Ha furatokat szeretn\u00e9l, rendel\u00e9sn\u00e9l jelezd, \u00e9s elk\u00e9sz\u00edtj\u00fck.\n\nRENDEL\u00c9S\n\nRendel\u00e9skor \u00edrd le r\u00e9szletesen, milyen designt szeretn\u00e9l: k\u00fcldj k\u00e9pet, rajzot, le\u00edr\u00e1st vagy ak\u00e1r egy internetes linket, ami alapj\u00e1n dolgozhatunk. Add meg a h\u00e1zsz\u00e1mot vagy utcanevet, v\u00e1laszd ki a m\u00e9retet, vastags\u00e1got \u00e9s a k\u00edv\u00e1nt sz\u00edneket. Min\u00e9l pontosabb a le\u00edr\u00e1s, ann\u00e1l gyorsabban \u00e9s pontosabban tudjuk elk\u00e9sz\u00edteni.\n\n\u00d6TLETEK\n\nHogy mire gondolhatsz:\n- Kedvenc kutyafajt\u00e1d sziluettje, macsk\u00e1s mot\u00edvum, l\u00f3fejes design\n- Saj\u00e1t csal\u00e1di c\u00edmer vagy monogram\n- Foglalkoz\u00e1shoz k\u00f6t\u0151d\u0151 szimb\u00f3lum (orvosi, t\u0171zolt\u00f3, tan\u00e1ri)\n- Kedvenc sport (labdar\u00fag\u00f3, ker\u00e9kp\u00e1ros, horg\u00e1sz)\n- Term\u00e9szeti mot\u00edvum (fa, vir\u00e1g, hegy, tenger)\n- \u00c9p\u00edt\u00e9szeti elem (bolt\u00edv, oszlop), \u00e9vszak tematika\n- B\u00e1rmilyen m\u00e1s egyedi elk\u00e9pzel\u00e9s\n\nAJ\u00c1ND\u00c9KNAK IS T\u00d6K\u00c9LETES\n\nEz a term\u00e9k kiv\u00e1l\u00f3an alkalmas aj\u00e1nd\u00e9knak is. H\u00e1zavat\u00f3ra, k\u00f6lt\u00f6z\u00e9sre, sz\u00fclet\u00e9snapra, n\u00e9vnapra, nyugd\u00edjba vonul\u00e1sra olyan szem\u00e9lyre szabott meglepet\u00e9s, amely val\u00f3ban egyedi, mert a megaj\u00e1nd\u00e9kozott \u00e9rdekl\u0151d\u00e9s\u00e9hez \u00e9s otthon\u00e1hoz igazodik. Esk\u00fcv\u0151re a p\u00e1r k\u00f6z\u00f6s hobbij\u00e1val vagy monogramj\u00e1val d\u00edsz\u00edtett h\u00e1zsz\u00e1mt\u00e1bla maradand\u00f3 eml\u00e9k.\n\nMIRE J\u00d3?\n\nA teljesen egyedi h\u00e1zsz\u00e1mt\u00e1bla az igazi bark\u00e1cslelk\u0171, kreat\u00edv v\u00e1s\u00e1rl\u00f3knak sz\u00f3l, akik nem el\u00e9gszenek meg a k\u00e9sz sablonokkal. De azoknak is, akik v\u00e1llalkoz\u00e1suk log\u00f3j\u00e1t, csal\u00e1di c\u00edmer\u00fcket vagy egy kedves eml\u00e9khez k\u00f6t\u0151d\u0151 szimb\u00f3lumot szeretn\u00e9nek a bej\u00e1ratukra vinni. Sz\u00e1ll\u00e1shelyek, vend\u00e9gh\u00e1zak, Airbnb lak\u00e1sok, irod\u00e1k, m\u0171helyek n\u00e9vt\u00e1bl\u00e1jak\u00e9nt is kiv\u00e1l\u00f3.\n\nA nagyobb m\u00e9ret \u00e9s vastags\u00e1g kombin\u00e1ci\u00f3j\u00e1val ak\u00e1r 46 990 Ft \u00e9rt\u00e9k\u0171 pr\u00e9mium darab is k\u00e9sz\u00fclhet, amely a bej\u00e1rat meghat\u00e1roz\u00f3 dekor\u00e1ci\u00f3s eleme lesz. A kisebb m\u00e9retek visszafogottabbak \u00e9s bar\u00e1ts\u00e1gosabb \u00e1ron \u00e9rhet\u0151k el.\n\nKAPCSOL\u00d3D\u00d3 TERM\u00c9KEK\n\nHa k\u00e9sz mot\u00edvumot keresel, n\u00e9zd meg a boltunkban el\u00e9rhet\u0151 kuty\u00e1s (mopsz, n\u00e9met juh\u00e1sz, tacsk\u00f3, golden retriever, corgi), cic\u00e1s, mad\u00e1rp\u00e1ros, pillang\u00f3s, haj\u00f3s, focis, biciklis, motoros, balatoni, ban\u00e1nf\u00e1s, p\u00e1lmaf\u00e1s \u00e9s h\u00e1zik\u00f3 form\u00e1j\u00fa h\u00e1zsz\u00e1mt\u00e1bl\u00e1kat. Az eleg\u00e1ns vintage \u00e9s a Nagy-Magyarorsz\u00e1g mot\u00edvumos v\u00e1ltozatok is n\u00e9pszer\u0171ek. Ha csak \u00f6n\u00e1ll\u00f3 sz\u00e1mjegyekre van sz\u00fcks\u00e9ged t\u00e1bla n\u00e9lk\u00fcl, az \u00f6n\u00e1ll\u00f3 h\u00e1zsz\u00e1m term\u00e9keinket aj\u00e1nljuk.\n\nKar\u00e1csonyi szezonban kar\u00e1csonyfad\u00edszt \u00e9s egyedi ajt\u00f3d\u00edszt is tal\u00e1lsz a k\u00edn\u00e1latunkban. Esk\u00fcv\u0151re n\u00e9vt\u00e1bl\u00e1t, tortad\u00edszt \u00e9s falid\u00edszt k\u00e9sz\u00edt\u00fcnk. Belt\u00e9rre kapcsol\u00f3d\u00edszek, pillang\u00f3 fali dekor\u00e1ci\u00f3, babaszoba d\u00edszek \u00e9s Scrabble bet\u0171s aj\u00e1nd\u00e9kok is el\u00e9rhet\u0151k.\n\nMinden term\u00e9k\u00fcnket egyedileg, rendel\u00e9sre k\u00e9sz\u00edtj\u00fck. K\u00e9rd\u00e9sed van? \u00cdrj b\u00e1tran, gyorsan v\u00e1laszolunk. N\u00e9zd meg a t\u00f6bbi term\u00e9k\u00fcnket is, h\u00e1tha tal\u00e1lsz m\u00e9g valamit, ami tetszik.","price":"5490.00","unit":"db","recommended":"0","status":"1","sponsored":"0","exp_notify":"0","own_material":"0","own_material_description_old":null,"own_material_description":"","jury":"0","jury_number":"","product_nature":"","meskaracsony":"0","create_date":"2026-02-17 19:00:37","shelve_id":"79630","image":"darimi_product_702579_251114115739_277843.png","image_width":"480","image_height":"480","image_alt":"Teljesen egyedi h\u00e1zsz\u00e1mt\u00e1bla - b\u00e1rmilyen forma \u00e9s mot\u00edvum, k\u00fclt\u00e9ri UV-\u00e1ll\u00f3 ASA, szem\u00e9lyre szabott, Teljesen egyedi h\u00e1zsz\u00e1mt\u00e1bla, ahol te hat\u00e1rozod meg a form\u00e1t, a mot\u00edvumot \u00e9s a designt. Ez a boltunk..., Meska","image_title":"Teljesen egyedi h\u00e1zsz\u00e1mt\u00e1bla - b\u00e1rmilyen forma \u00e9s mot\u00edvum, k\u00fclt\u00e9ri UV-\u00e1ll\u00f3 ASA, szem\u00e9lyre szabott, Meska","view_count":"2701","favourite_count":"1","trending_score":"0","last2MonthFavouriteCount":"0","promotion":"0","giftcard_accept":"0","creditcard_accept":true,"enhanced_background":"0","domain":"meska","specific_customer_id":null,"specific_customer_name":null,"to_order_product":"1","to_order_product_time":"1","product_different":null,"product_different_description":"","vintage":"0","vintage_category_id":"0","recycled":"0","gemstone_id":"0","customizable":"1","type_category":"physical","zerowaste":"0","postage_price":"1349.00","shop_order":"0","has_category":"1","landing_pages":null,"microdata":{"number":94,"category":""},"title":"Teljesen egyedi h\u00e1zsz\u00e1mt\u00e1bla - b\u00e1rmilyen forma \u00e9s mot\u00edvum, k\u00fclt\u00e9ri UV-\u00e1ll\u00f3 ASA, szem\u00e9lyre szabott","description":"Teljesen egyedi h\u00e1zsz\u00e1mt\u00e1bla, ahol te hat\u00e1rozod meg a form\u00e1t, a mot\u00edvumot \u00e9s a designt. Ez a boltunk legrugalmasabb term\u00e9ke: b\u00e1rmilyen elk\u00e9pzel\u00e9st megval\u00f3s\u00edtunk, legyen az saj\u00e1t rajz, log\u00f3, csal\u00e1di c\u00edmer, kedvenc \u00e1llat, hobbi szimb\u00f3lum vagy b\u00e1rmilyen egy\u00e9b mot\u00edvum, amit a bej\u00e1ratodon szeretn\u00e9l l\u00e1tni. Ha a k\u00e9sz mot\u00edvumos h\u00e1zsz\u00e1mt\u00e1bl\u00e1k k\u00f6z\u00f6tt nem tal\u00e1ltad meg, amit keresel, itt nincs korl\u00e1t.\n\nANYAG \u00c9S TART\u00d3SS\u00c1G\n\nA t\u00e1bla ASA ipari m\u0171anyagb\u00f3l k\u00e9sz\u00fcl, amely k\u00fclt\u00e9ri tart\u00f3s haszn\u00e1latra fejlesztett anyag. Id\u0151j\u00e1r\u00e1s\u00e1ll\u00f3: -30 fokt\u00f3l +80 fokig megb\u00edzhat\u00f3an haszn\u00e1lhat\u00f3. UV-\u00e1ll\u00f3, es\u0151\u00e1ll\u00f3 \u00e9s fagy\u00e1ll\u00f3, eg\u00e9sz \u00e9vben kint maradhat a falon, ker\u00edt\u00e9sen vagy kapun. Nem fakul, nem s\u00e1rgul, nem reped. A k\u00fclt\u00e9ri \u00e9lettartam meghaladja a 10 \u00e9vet. A szat\u00e9n fel\u00fclet\u0171, s\u00edk kivitel\u0171 t\u00e1bla nem dombor\u00fa. A sz\u00edn RAL ipari sz\u00ednrendszer\u0171: az anyag teljes vastags\u00e1g\u00e1ban sz\u00ednes, nem festett r\u00e9teg, \u00edgy nem kopik le \u00e9s nem pattogzik. Prusa XL 5T nyomtat\u00f3val ak\u00e1r 5 k\u00fcl\u00f6nb\u00f6z\u0151 sz\u00ednben k\u00e9sz\u00fclhet fest\u00e9s n\u00e9lk\u00fcl.\n\nM\u00c9RETEK\n\nV\u00e1laszthat\u00f3 m\u00e9retek:\n- 10 cm\n- 15 cm\n- 20 cm\n- 25 cm\n- 30 cm\n- 35 cm\n\nA 10-15 cm-es m\u00e9ret kompakt \u00e9s visszafogott, a 20-25 cm-es a legt\u00f6bb bej\u00e1rathoz ide\u00e1lis, a 30-35 cm-es v\u00e1ltozat pedig igaz\u00e1n felt\u0171n\u0151, dekorat\u00edv megjelen\u00e9st ad.\n\nVASTAGS\u00c1G\n\nA vastags\u00e1g 1,6 mm-t\u0151l 5 mm-ig \u00e1ll\u00edthat\u00f3 \u00f6t fokozatban: 1,6 mm, 2 mm, 2,5 mm, 3 mm \u00e9s 5 mm. A nagyobb m\u00e9ret \u00e9s vastags\u00e1g kombin\u00e1ci\u00f3ja pr\u00e9mium, robusztus darabot eredm\u00e9nyez.\n\nR\u00d6GZ\u00cdT\u00c9S\n\nK\u00fclt\u00e9ri \u00e9p\u00edt\u00e9si ragaszt\u00f3val a legegyszer\u0171bb felhelyezni a falra, kapura vagy ker\u00edt\u00e9sre. Ha furatokat szeretn\u00e9l, rendel\u00e9sn\u00e9l jelezd, \u00e9s elk\u00e9sz\u00edtj\u00fck.\n\nRENDEL\u00c9S\n\nRendel\u00e9skor \u00edrd le r\u00e9szletesen, milyen designt szeretn\u00e9l: k\u00fcldj k\u00e9pet, rajzot, le\u00edr\u00e1st vagy ak\u00e1r egy internetes linket, ami alapj\u00e1n dolgozhatunk. Add meg a h\u00e1zsz\u00e1mot vagy utcanevet, v\u00e1laszd ki a m\u00e9retet, vastags\u00e1got \u00e9s a k\u00edv\u00e1nt sz\u00edneket. Min\u00e9l pontosabb a le\u00edr\u00e1s, ann\u00e1l gyorsabban \u00e9s pontosabban tudjuk elk\u00e9sz\u00edteni.\n\n\u00d6TLETEK\n\nHogy mire gondolhatsz:\n- Kedvenc kutyafajt\u00e1d sziluettje, macsk\u00e1s mot\u00edvum, l\u00f3fejes design\n- Saj\u00e1t csal\u00e1di c\u00edmer vagy monogram\n- Foglalkoz\u00e1shoz k\u00f6t\u0151d\u0151 szimb\u00f3lum (orvosi, t\u0171zolt\u00f3, tan\u00e1ri)\n- Kedvenc sport (labdar\u00fag\u00f3, ker\u00e9kp\u00e1ros, horg\u00e1sz)\n- Term\u00e9szeti mot\u00edvum (fa, vir\u00e1g, hegy, tenger)\n- \u00c9p\u00edt\u00e9szeti elem (bolt\u00edv, oszlop), \u00e9vszak tematika\n- B\u00e1rmilyen m\u00e1s egyedi elk\u00e9pzel\u00e9s\n\nAJ\u00c1ND\u00c9KNAK IS T\u00d6K\u00c9LETES\n\nEz a term\u00e9k kiv\u00e1l\u00f3an alkalmas aj\u00e1nd\u00e9knak is. H\u00e1zavat\u00f3ra, k\u00f6lt\u00f6z\u00e9sre, sz\u00fclet\u00e9snapra, n\u00e9vnapra, nyugd\u00edjba vonul\u00e1sra olyan szem\u00e9lyre szabott meglepet\u00e9s, amely val\u00f3ban egyedi, mert a megaj\u00e1nd\u00e9kozott \u00e9rdekl\u0151d\u00e9s\u00e9hez \u00e9s otthon\u00e1hoz igazodik. Esk\u00fcv\u0151re a p\u00e1r k\u00f6z\u00f6s hobbij\u00e1val vagy monogramj\u00e1val d\u00edsz\u00edtett h\u00e1zsz\u00e1mt\u00e1bla maradand\u00f3 eml\u00e9k.\n\nMIRE J\u00d3?\n\nA teljesen egyedi h\u00e1zsz\u00e1mt\u00e1bla az igazi bark\u00e1cslelk\u0171, kreat\u00edv v\u00e1s\u00e1rl\u00f3knak sz\u00f3l, akik nem el\u00e9gszenek meg a k\u00e9sz sablonokkal. De azoknak is, akik v\u00e1llalkoz\u00e1suk log\u00f3j\u00e1t, csal\u00e1di c\u00edmer\u00fcket vagy egy kedves eml\u00e9khez k\u00f6t\u0151d\u0151 szimb\u00f3lumot szeretn\u00e9nek a bej\u00e1ratukra vinni. Sz\u00e1ll\u00e1shelyek, vend\u00e9gh\u00e1zak, Airbnb lak\u00e1sok, irod\u00e1k, m\u0171helyek n\u00e9vt\u00e1bl\u00e1jak\u00e9nt is kiv\u00e1l\u00f3.\n\nA nagyobb m\u00e9ret \u00e9s vastags\u00e1g kombin\u00e1ci\u00f3j\u00e1val ak\u00e1r 46 990 Ft \u00e9rt\u00e9k\u0171 pr\u00e9mium darab is k\u00e9sz\u00fclhet, amely a bej\u00e1rat meghat\u00e1roz\u00f3 dekor\u00e1ci\u00f3s eleme lesz. A kisebb m\u00e9retek visszafogottabbak \u00e9s bar\u00e1ts\u00e1gosabb \u00e1ron \u00e9rhet\u0151k el.\n\nKAPCSOL\u00d3D\u00d3 TERM\u00c9KEK\n\nHa k\u00e9sz mot\u00edvumot keresel, n\u00e9zd meg a boltunkban el\u00e9rhet\u0151 kuty\u00e1s (mopsz, n\u00e9met juh\u00e1sz, tacsk\u00f3, golden retriever, corgi), cic\u00e1s, mad\u00e1rp\u00e1ros, pillang\u00f3s, haj\u00f3s, focis, biciklis, motoros, balatoni, ban\u00e1nf\u00e1s, p\u00e1lmaf\u00e1s \u00e9s h\u00e1zik\u00f3 form\u00e1j\u00fa h\u00e1zsz\u00e1mt\u00e1bl\u00e1kat. Az eleg\u00e1ns vintage \u00e9s a Nagy-Magyarorsz\u00e1g mot\u00edvumos v\u00e1ltozatok is n\u00e9pszer\u0171ek. Ha csak \u00f6n\u00e1ll\u00f3 sz\u00e1mjegyekre van sz\u00fcks\u00e9ged t\u00e1bla n\u00e9lk\u00fcl, az \u00f6n\u00e1ll\u00f3 h\u00e1zsz\u00e1m term\u00e9keinket aj\u00e1nljuk.\n\nKar\u00e1csonyi szezonban kar\u00e1csonyfad\u00edszt \u00e9s egyedi ajt\u00f3d\u00edszt is tal\u00e1lsz a k\u00edn\u00e1latunkban. Esk\u00fcv\u0151re n\u00e9vt\u00e1bl\u00e1t, tortad\u00edszt \u00e9s falid\u00edszt k\u00e9sz\u00edt\u00fcnk. Belt\u00e9rre kapcsol\u00f3d\u00edszek, pillang\u00f3 fali dekor\u00e1ci\u00f3, babaszoba d\u00edszek \u00e9s Scrabble bet\u0171s aj\u00e1nd\u00e9kok is el\u00e9rhet\u0151k.\n\nMinden term\u00e9k\u00fcnket egyedileg, rendel\u00e9sre k\u00e9sz\u00edtj\u00fck. K\u00e9rd\u00e9sed van? \u00cdrj b\u00e1tran, gyorsan v\u00e1laszolunk. N\u00e9zd meg a t\u00f6bbi term\u00e9k\u00fcnket is, h\u00e1tha tal\u00e1lsz m\u00e9g valamit, ami tetszik.","score":0,"formatted_price":"5 490 Ft","image_url":"https:\/\/www.meska.hu\/img\/product\/small\/d\/a\/darimi_product_702579_251114115739_277843.png","formatted_url":"https:\/\/www.meska.hu\/p5664536-egyedi-hazszamtabla-3d-nyomtatott-idojarasallo-asa","favourite":false,"in_stock":false,"avatar":"702579_avatar_1739694015.jpeg","delete_from":0,"is_enhanced_background":false,"is_enhanced":false,"product_selection_started":false,"is_active":true,"image_webp_url":"https:\/\/www.meska.hu\/img\/product\/small\/d\/a\/darimi_product_702579_251114115739_277843.webp"},{"id":"6069365","shop_id":"48604","user_id":"711650","shop_name":"Ajandekcsoda","shop_zip":"3377","product_code":"5700203","product_name_old":null,"product_name":"\ud83c\udfe0 Egyedi h\u00e1zsz\u00e1mt\u00e1bla-3D Nyomtat\u00e1ssla  \ud83c\udfe0 ","category_string":"Otthon & \u00c9letm\u00f3d, H\u00e1z & Kert, H\u00e1zsz\u00e1m","technic_string":"Mindenm\u00e1s","category_1":"813","category_2":"897","category_3":"431","category_4":"0","merged_category_1":null,"merged_category_2":null,"merged_category_3":null,"technic_1":"493","technic_2":"0","technic_3":"0","color_1":"519","color_2":"520","color_3":"527","product_description_old":null,"product_description":"\ud83c\udfe0 Egyedi h\u00e1zsz\u00e1mt\u00e1bla \u2013 modern, 3D nyomtatott kivitelben \ud83c\udfe0\n\nTedd egyediv\u00e9 otthonod megjelen\u00e9s\u00e9t egy letisztult, modern st\u00edlus\u00fa h\u00e1zsz\u00e1mt\u00e1bl\u00e1val! A t\u00e1bla rendel\u00e9sre k\u00e9sz\u00fcl, \u00edgy teljesen szem\u00e9lyre szabhat\u00f3 a saj\u00e1t ig\u00e9nyeid szerint.\n\n\u2714 M\u00e9ret v\u00e1laszthat\u00f3\n\u2714 T\u00f6bb sz\u00ednben rendelhet\u0151\n\u2714 Egyedi utcan\u00e9v \u00e9s h\u00e1zsz\u00e1m\n\u2714 Id\u0151t\u00e1ll\u00f3, ig\u00e9nyes megjelen\u00e9s\n\nS\u00dcRG\u0150S CSOMAG \nHa gyorsan van sz\u00fcks\u00e9ged a term\u00e9kre, v\u00e1laszd a \u201eS\u00fcrg\u0151s csomag\u201d szolg\u00e1ltat\u00e1st is a rendel\u00e9sed mell\u00e9!\nEbben az esetben a megrendel\u00e9sed el\u0151nyt \u00e9lvez, \u00e9s\n\ud83d\udc49 24 \u00f3r\u00e1n bel\u00fcl elk\u00e9sz\u00edtj\u00fck \u00e9s felad\u00e1sra ker\u00fcl a csomagod.\nAz al\u00e1bbi linkre kattintva kos\u00e1rba rakhat\u00f3.\nhttps:\/\/www.meska.hu\/p5770953-surgos-csomag-24-oran-beluli-keszites-es-feladas\n\nRagaszt\u00e1s: Sima falfel\u00fcletre k\u00f6nnyed\u00e9n felhelyezhet\u0151. A biztos tart\u00e1s \u00e9rdek\u00e9ben javasoljuk k\u00fclt\u00e9ri foly\u00e9kony ragaszt\u00f3 vagy szilikon haszn\u00e1lat\u00e1t.\n\nCsavaroz\u00e1s: A t\u00e1bla ig\u00e9ny szerint f\u00farhat\u00f3, de k\u00e9rheti eleve el\u0151re kif\u00fart lyukakkal is, \u00edgy azonnal r\u00f6gz\u00edthet\u0151 csavarok seg\u00edts\u00e9g\u00e9vel.\n\n\ud83d\udee0\ufe0f Hogyan rendeld meg?\nV\u00e1laszd ki a k\u00edv\u00e1nt sz\u00ednt \u00e9s m\u00e9retet, majd rendel\u00e9skor a megjegyz\u00e9sben \u00edrd meg az utca nev\u00e9t \u00e9s a h\u00e1zsz\u00e1mot. Ha k\u00fcl\u00f6n elk\u00e9pzel\u00e9sed van, \u00fczenetben is egyeztethet\u00fcnk!\n\nA term\u00e9k 3D nyomtat\u00e1ssal k\u00e9sz\u00fcl, gondos tervez\u00e9ssel \u00e9s prec\u00edz kivitelez\u00e9ssel, hogy hossz\u00fa t\u00e1von is sz\u00e9p \u00e9s j\u00f3l l\u00e1that\u00f3 legyen a h\u00e1zsz\u00e1mod.\n\n\ud83c\udf81 Saj\u00e1t otthonra vagy aj\u00e1nd\u00e9knak is t\u00f6k\u00e9letes v\u00e1laszt\u00e1s!\n\nKulcsszavak: egyedi h\u00e1zsz\u00e1m, modern h\u00e1zsz\u00e1mt\u00e1bla, 3D nyomtatott h\u00e1zsz\u00e1m, utcan\u00e9v t\u00e1bla, szem\u00e9lyre szabott dekor\u00e1ci\u00f3, k\u00fclt\u00e9ri h\u00e1zsz\u00e1m","price":"4900.00","unit":"db","recommended":"0","status":"1","sponsored":"0","exp_notify":"0","own_material":"0","own_material_description_old":null,"own_material_description":"","jury":"0","jury_number":"","product_nature":"","meskaracsony":"0","create_date":"2026-02-16 19:24:53","shelve_id":"0","image":"ajandekcsoda_product_711650_260219122852_454862.jpeg","image_width":"480","image_height":"512","image_alt":"\ud83c\udfe0 Egyedi h\u00e1zsz\u00e1mt\u00e1bla-3D Nyomtat\u00e1ssla  \ud83c\udfe0 , \ud83c\udfe0 Egyedi h\u00e1zsz\u00e1mt\u00e1bla \u2013 modern, 3D nyomtatott kivitelben \ud83c\udfe0\\n\\nTedd egyediv\u00e9 otthonod megjelen\u00e9s\u00e9t egy ..., Meska","image_title":"\ud83c\udfe0 Egyedi h\u00e1zsz\u00e1mt\u00e1bla-3D Nyomtat\u00e1ssla  \ud83c\udfe0 , Meska","view_count":"169","favourite_count":"0","trending_score":"0","last2MonthFavouriteCount":"0","promotion":"0","giftcard_accept":"0","creditcard_accept":true,"enhanced_background":"0","domain":"meska","specific_customer_id":null,"specific_customer_name":null,"to_order_product":"1","to_order_product_time":"1","product_different":null,"product_different_description":"","vintage":"0","vintage_category_id":"0","recycled":"0","gemstone_id":"0","customizable":"0","type_category":"physical","zerowaste":"0","postage_price":"2390.00","shop_order":"0","has_category":"1","landing_pages":null,"microdata":{"number":95,"category":""},"title":"\ud83c\udfe0 Egyedi h\u00e1zsz\u00e1mt\u00e1bla-3D Nyomtat\u00e1ssla  \ud83c\udfe0 ","description":"\ud83c\udfe0 Egyedi h\u00e1zsz\u00e1mt\u00e1bla \u2013 modern, 3D nyomtatott kivitelben \ud83c\udfe0\n\nTedd egyediv\u00e9 otthonod megjelen\u00e9s\u00e9t egy letisztult, modern st\u00edlus\u00fa h\u00e1zsz\u00e1mt\u00e1bl\u00e1val! A t\u00e1bla rendel\u00e9sre k\u00e9sz\u00fcl, \u00edgy teljesen szem\u00e9lyre szabhat\u00f3 a saj\u00e1t ig\u00e9nyeid szerint.\n\n\u2714 M\u00e9ret v\u00e1laszthat\u00f3\n\u2714 T\u00f6bb sz\u00ednben rendelhet\u0151\n\u2714 Egyedi utcan\u00e9v \u00e9s h\u00e1zsz\u00e1m\n\u2714 Id\u0151t\u00e1ll\u00f3, ig\u00e9nyes megjelen\u00e9s\n\nS\u00dcRG\u0150S CSOMAG \nHa gyorsan van sz\u00fcks\u00e9ged a term\u00e9kre, v\u00e1laszd a \u201eS\u00fcrg\u0151s csomag\u201d szolg\u00e1ltat\u00e1st is a rendel\u00e9sed mell\u00e9!\nEbben az esetben a megrendel\u00e9sed el\u0151nyt \u00e9lvez, \u00e9s\n\ud83d\udc49 24 \u00f3r\u00e1n bel\u00fcl elk\u00e9sz\u00edtj\u00fck \u00e9s felad\u00e1sra ker\u00fcl a csomagod.\nAz al\u00e1bbi linkre kattintva kos\u00e1rba rakhat\u00f3.\nhttps:\/\/www.meska.hu\/p5770953-surgos-csomag-24-oran-beluli-keszites-es-feladas\n\nRagaszt\u00e1s: Sima falfel\u00fcletre k\u00f6nnyed\u00e9n felhelyezhet\u0151. A biztos tart\u00e1s \u00e9rdek\u00e9ben javasoljuk k\u00fclt\u00e9ri foly\u00e9kony ragaszt\u00f3 vagy szilikon haszn\u00e1lat\u00e1t.\n\nCsavaroz\u00e1s: A t\u00e1bla ig\u00e9ny szerint f\u00farhat\u00f3, de k\u00e9rheti eleve el\u0151re kif\u00fart lyukakkal is, \u00edgy azonnal r\u00f6gz\u00edthet\u0151 csavarok seg\u00edts\u00e9g\u00e9vel.\n\n\ud83d\udee0\ufe0f Hogyan rendeld meg?\nV\u00e1laszd ki a k\u00edv\u00e1nt sz\u00ednt \u00e9s m\u00e9retet, majd rendel\u00e9skor a megjegyz\u00e9sben \u00edrd meg az utca nev\u00e9t \u00e9s a h\u00e1zsz\u00e1mot. Ha k\u00fcl\u00f6n elk\u00e9pzel\u00e9sed van, \u00fczenetben is egyeztethet\u00fcnk!\n\nA term\u00e9k 3D nyomtat\u00e1ssal k\u00e9sz\u00fcl, gondos tervez\u00e9ssel \u00e9s prec\u00edz kivitelez\u00e9ssel, hogy hossz\u00fa t\u00e1von is sz\u00e9p \u00e9s j\u00f3l l\u00e1that\u00f3 legyen a h\u00e1zsz\u00e1mod.\n\n\ud83c\udf81 Saj\u00e1t otthonra vagy aj\u00e1nd\u00e9knak is t\u00f6k\u00e9letes v\u00e1laszt\u00e1s!\n\nKulcsszavak: egyedi h\u00e1zsz\u00e1m, modern h\u00e1zsz\u00e1mt\u00e1bla, 3D nyomtatott h\u00e1zsz\u00e1m, utcan\u00e9v t\u00e1bla, szem\u00e9lyre szabott dekor\u00e1ci\u00f3, k\u00fclt\u00e9ri h\u00e1zsz\u00e1m","score":0,"formatted_price":"4 900 Ft","image_url":"https:\/\/www.meska.hu\/img\/product\/small\/a\/j\/ajandekcsoda_product_711650_260219122852_454862.jpeg","formatted_url":"https:\/\/www.meska.hu\/p5700203-egyedi-hazszamtabla-3d-nyomtatott","favourite":false,"in_stock":false,"avatar":"711650_avatar_1770217912.png","delete_from":0,"is_enhanced_background":false,"is_enhanced":false,"product_selection_started":false,"is_active":true,"image_webp_url":"https:\/\/www.meska.hu\/img\/product\/small\/a\/j\/ajandekcsoda_product_711650_260219122852_454862.webp"},{"id":"3449675","shop_id":"12524","user_id":"54127","shop_name":"Kiokumitsu","shop_zip":"1155","product_code":"2236929","product_name_old":null,"product_name":"H\u00e1zsz\u00e1mt\u00e1bla - k\u00f6rbe\u00edves","category_string":"Otthon & \u00c9letm\u00f3d, H\u00e1z & Kert, H\u00e1zsz\u00e1m","technic_string":"Mindenm\u00e1s, Fot\u00f3, grafika, rajz, illusztr\u00e1ci\u00f3","category_1":"813","category_2":"897","category_3":"431","category_4":"0","merged_category_1":"0","merged_category_2":"0","merged_category_3":"0","technic_1":"493","technic_2":"483","technic_3":"0","color_1":"519","color_2":"521","color_3":"532","product_description_old":null,"product_description":"D\u00edszes h\u00e1zsz\u00e1mt\u00e1bla. Egyedi tervez\u00e9s\u0171 grafika, valamint egyedi kivitelez\u00e9s, bele\u00e9rtve a k\u00f6rkiv\u00e1g\u00e1st is.\nM\u00e9rete: 30 x 23, de rendelhet\u0151 nagyobb v\u00e1ltozat is.\nA megjegyz\u00e9s rovatban tudja majd megadni a t\u00e1bl\u00e1ra fel\u00edrand\u00f3 sz\u00f6veget.\n\nA t\u00e1bla anyaga: Ongrofoam, egy speci\u00e1lis UV \u00e1ll\u00f3 m\u0171anyag, Id\u0151j\u00e1r\u00e1s\u00e1ll\u00f3.\n\nK\u00e9rem olvassal el az \u00e1ltal\u00e1nos szerz\u0151d\u00e9si felt\u00e9teleket (\u00c1SZF), melyet a term\u00e9k megv\u00e1s\u00e1rl\u00e1val \u00f6n elfogadott.","price":"4990.00","unit":"db","recommended":"0","status":"1","sponsored":"0","exp_notify":"0","own_material":"0","own_material_description_old":null,"own_material_description":"","jury":"0","jury_number":"","product_nature":"","meskaracsony":"0","create_date":"2026-02-14 20:50:35","shelve_id":"44100","image":"kiokumitsu_product_54127_150825203216_408535.jpeg","image_width":"480","image_height":"480","image_alt":"H\u00e1zsz\u00e1mt\u00e1bla - k\u00f6rbe\u00edves, D\u00edszes h\u00e1zsz\u00e1mt\u00e1bla. Egyedi tervez\u00e9s\u0171 grafika, valamint egyedi kivitelez\u00e9s, bele\u00e9rtve a k\u00f6rkiv\u00e1g\u00e1st ..., Meska","image_title":"H\u00e1zsz\u00e1mt\u00e1bla - k\u00f6rbe\u00edves, Meska","view_count":"1838","favourite_count":"0","trending_score":"0","last2MonthFavouriteCount":"0","promotion":"0","giftcard_accept":"1","creditcard_accept":true,"enhanced_background":"0","domain":"meska","specific_customer_id":null,"specific_customer_name":null,"to_order_product":"1","to_order_product_time":"12","product_different":"different","product_different_description":"A k\u00e9perny\u0151n l\u00e1that\u00f3 sz\u00ednek felbont\u00e1sa \u00e9s a nyomdai sz\u00ednek felbont\u00e1sa kis m\u00e9rt\u00e9kben elt\u00e9rhet!","vintage":"0","vintage_category_id":"0","recycled":"0","gemstone_id":"0","customizable":"0","type_category":"physical","zerowaste":"0","postage_price":"2390.00","shop_order":"0","has_category":"1","landing_pages":null,"microdata":{"number":96,"category":""},"title":"H\u00e1zsz\u00e1mt\u00e1bla - k\u00f6rbe\u00edves","description":"D\u00edszes h\u00e1zsz\u00e1mt\u00e1bla. Egyedi tervez\u00e9s\u0171 grafika, valamint egyedi kivitelez\u00e9s, bele\u00e9rtve a k\u00f6rkiv\u00e1g\u00e1st is.\nM\u00e9rete: 30 x 23, de rendelhet\u0151 nagyobb v\u00e1ltozat is.\nA megjegyz\u00e9s rovatban tudja majd megadni a t\u00e1bl\u00e1ra fel\u00edrand\u00f3 sz\u00f6veget.\n\nA t\u00e1bla anyaga: Ongrofoam, egy speci\u00e1lis UV \u00e1ll\u00f3 m\u0171anyag, Id\u0151j\u00e1r\u00e1s\u00e1ll\u00f3.\n\nK\u00e9rem olvassal el az \u00e1ltal\u00e1nos szerz\u0151d\u00e9si felt\u00e9teleket (\u00c1SZF), melyet a term\u00e9k megv\u00e1s\u00e1rl\u00e1val \u00f6n elfogadott.","score":0,"formatted_price":"4 990 Ft","image_url":"https:\/\/www.meska.hu\/img\/product\/small\/k\/i\/kiokumitsu_product_54127_150825203216_408535.jpeg","formatted_url":"https:\/\/www.meska.hu\/p2236929-hazszamtabla-korbeives","favourite":false,"in_stock":false,"avatar":"Kiokumitsu_avatar_54127_1676920383.jpg","delete_from":0,"is_enhanced_background":false,"is_enhanced":false,"product_selection_started":false,"is_active":true,"image_webp_url":"https:\/\/www.meska.hu\/img\/product\/small\/k\/i\/kiokumitsu_product_54127_150825203216_408535.webp"}],"canonicals":{"canonical":"https:\/\/www.meska.hu\/s\/hazszam:mindenmas\/c-431:t-493","next":"https:\/\/www.meska.hu\/s\/hazszam:mindenmas\/c-431:t-493:p-2"},"seo":{"title":"H\u00e1zsz\u00e1m t\u00e1bla | K\u00e9zm\u0171ves h\u00e1zsz\u00e1mok \u00e9s t\u00e1bl\u00e1k - Meska","seoTitle":"H\u00e1zsz\u00e1m, h\u00e1zsz\u00e1mt\u00e1bla, utcan\u00e9vt\u00e1bla","seoDescription":"<p>A <strong>h\u00e1zsz\u00e1m t\u00e1bla<\/strong> term\u00e9kek k\u00fcl\u00f6nleges helyet foglalnak el minden otthon k\u00fcls\u0151 megjelen\u00e9s\u00e9ben, hiszen nemcsak praktikus funkci\u00f3val b\u00edrnak, hanem kifejezik a lak\u00f3k szem\u00e9lyis\u00e9g\u00e9t \u00e9s \u00edzl\u00e9s\u00e9t is. A Meska oldal\u00e1n tal\u00e1lhat\u00f3 <strong>h\u00e1zsz\u00e1m t\u00e1bla<\/strong> darabok mind k\u00e9zm\u0171ves alkot\u00f3k gondos munk\u00e1j\u00e1nak eredm\u00e9nyei, amelyek \u00f6tv\u00f6zik a hagyom\u00e1nyos mesters\u00e9geket a modern diz\u00e1jnnal. Ezek a term\u00e9kek nemcsak az otthon c\u00edm\u00e9nek jel\u00f6l\u00e9s\u00e9re szolg\u00e1lnak, hanem dekorat\u00edv elemk\u00e9nt is funkcion\u00e1lnak, hangs\u00falyozva a bej\u00e1rati r\u00e9sz egyedis\u00e9g\u00e9t. A hazai k\u00e9zm\u0171vesek \u00e1ltal k\u00e9sz\u00edtett t\u00e1bl\u00e1k garant\u00e1lj\u00e1k, hogy minden darab k\u00fcl\u00f6nleges figyelemmel \u00e9s min\u0151s\u00e9gi anyagokb\u00f3l k\u00e9sz\u00fcl, \u00edgy hossz\u00fa \u00e9veken \u00e1t d\u00edsz\u00edtik majd otthonod homlokzat\u00e1t.<\/p>\n\n<p>A megfelel\u0151 <strong>h\u00e1zsz\u00e1m<\/strong> kiv\u00e1laszt\u00e1sa fontos d\u00f6nt\u00e9s, amely befoly\u00e1solja az otthon els\u0151 benyom\u00e1s\u00e1t \u00e9s megk\u00f6nny\u00edti a l\u00e1togat\u00f3k \u00e9s post\u00e1sok t\u00e1j\u00e9koz\u00f3d\u00e1s\u00e1t. A Meska k\u00e9zm\u0171vesei \u00e1ltal k\u00e9sz\u00edtett darabok praktikus megold\u00e1st k\u00edn\u00e1lnak, amely egyes\u00edti a j\u00f3 l\u00e1that\u00f3s\u00e1got az eszt\u00e9tikus megjelen\u00e9ssel. Ezek a term\u00e9kek \u00fagy lettek megtervezve, hogy megfeleljenek a k\u00fcl\u00f6nb\u00f6z\u0151 st\u00edlus\u00fa h\u00e1zak \u00e9s ker\u00edt\u00e9sek ig\u00e9nyeinek, mik\u00f6zben id\u0151t\u00e1ll\u00f3 min\u0151s\u00e9get k\u00e9pviselnek. A k\u00e9zm\u0171ves k\u00e9sz\u00edt\u00e9s\u0171 <strong>h\u00e1zsz\u00e1m<\/strong> t\u00e1bl\u00e1k tart\u00f3ss\u00e1gukr\u00f3l \u00e9s egyedi megjelen\u00e9s\u00fckr\u0151l ismertek, \u00edgy val\u00f3ban szem\u00e9lyre szabott megold\u00e1st jelentenek minden otthon sz\u00e1m\u00e1ra. Az <strong>utcan\u00e9vt\u00e1bla<\/strong> darabok szint\u00e9n megtal\u00e1lhat\u00f3k a Meska v\u00e1laszt\u00e9k\u00e1ban, amelyek t\u00f6k\u00e9letes kieg\u00e9sz\u00edt\u0151i lehetnek a h\u00e1zsz\u00e1moknak.<\/p>\n\n<h2 class=\"text-meska\/base-orange\"><strong>H\u00e1zsz\u00e1m t\u00e1bla<\/strong> \u2013 els\u0151 benyom\u00e1s \u00e9s praktikus jelz\u00e9s<\/h2>\n\n<p>A <strong>h\u00e1zsz\u00e1m t\u00e1bla<\/strong> alapvet\u0151 szerepe, hogy egy\u00e9rtelm\u0171en \u00e9s j\u00f3l l\u00e1that\u00f3an jel\u00f6lje az ingatlan c\u00edm\u00e9t, megk\u00f6nny\u00edtve ezzel a t\u00e1j\u00e9koz\u00f3d\u00e1st minden l\u00e1togat\u00f3 \u00e9s szolg\u00e1ltat\u00f3 sz\u00e1m\u00e1ra. A Meska platformj\u00e1n el\u00e9rhet\u0151 k\u00e9zm\u0171ves darabok k\u00fcl\u00f6n\u00f6sen nagy hangs\u00falyt fektetnek arra, hogy a sz\u00e1mok egy\u00e9rtelm\u0171en olvashat\u00f3k legyenek minden f\u00e9nyviszony mellett, mik\u00f6zben eszt\u00e9tikus megjelen\u00e9s\u00fckkel gazdag\u00edtj\u00e1k a homlokzatot. Az alkot\u00f3k figyelembe veszik a praktikus szempontokat, \u00edgy megfelel\u0151 m\u00e9ret\u0171 bet\u0171ket \u00e9s kontrasztos sz\u00edneket v\u00e1lasztanak term\u00e9keikhez. Minden <strong>h\u00e1zsz\u00e1m t\u00e1bla<\/strong> gondosan kidolgozott r\u00e9szletekkel rendelkezik, amelyek garant\u00e1lj\u00e1k a hossz\u00fa \u00e9lettartamot \u00e9s az id\u0151j\u00e1r\u00e1s\u00e1ll\u00f3s\u00e1got.<\/p>\n\n<p>A k\u00e9zm\u0171ves t\u00e1bl\u00e1k egyik legnagyobb el\u0151nye, hogy szem\u00e9lyre szabhat\u00f3k \u00e9s egyedi ig\u00e9nyekhez igaz\u00edthat\u00f3k, legyen sz\u00f3 speci\u00e1lis bet\u0171t\u00edpusr\u00f3l, sz\u00ednkombin\u00e1ci\u00f3r\u00f3l vagy m\u00e9retr\u0151l. A Meska alkot\u00f3i figyelembe veszik a megrendel\u0151k visszajelz\u00e9seit \u00e9s az \u00e9p\u00fclet st\u00edlus\u00e1t, \u00edgy minden darab harmonikusan illeszkedik k\u00f6rnyezet\u00e9be. Az anyagv\u00e1laszt\u00e1s is kiemelt szempont, hiszen a min\u0151s\u00e9gi alapanyagok biztos\u00edtj\u00e1k a tart\u00f3ss\u00e1got \u00e9s az id\u0151j\u00e1r\u00e1s elleni v\u00e9delmet. A magyar k\u00e9zm\u0171vesek \u00e1ltal k\u00e9sz\u00edtett t\u00e1bl\u00e1k nemcsak funkcionalit\u00e1sukkal, hanem m\u0171v\u00e9szi kidolgoz\u00e1sukkal is kit\u0171nnek a piacon, \u00edgy val\u00f3ban egyedi darabok d\u00edsz\u00edthetik otthonod bej\u00e1rat\u00e1t.<\/p>\n\n<h2 class=\"text-meska\/base-orange\"><strong>H\u00e1zsz\u00e1m<\/strong> \u2013 egyedi megold\u00e1sok minden st\u00edlushoz<\/h2>\n\n<p>A <strong>h\u00e1zsz\u00e1m<\/strong> kiv\u00e1laszt\u00e1sa sor\u00e1n fontos szempont, hogy a sz\u00e1mok harmoniz\u00e1ljanak az \u00e9p\u00fclet karakter\u00e9vel \u00e9s a k\u00f6rnyez\u0151 kert\u00e9szeti elemekkel. A Meska k\u00e9zm\u0171vesei sz\u00e9les v\u00e1laszt\u00e9kot k\u00edn\u00e1lnak k\u00fcl\u00f6nb\u00f6z\u0151 st\u00edlus\u00fa \u00e9s anyag\u00fa megold\u00e1sokb\u00f3l, \u00edgy minden otthon megtal\u00e1lja a hozz\u00e1 ill\u0151 darabot. Az <strong>egyedi h\u00e1zsz\u00e1m<\/strong> lehet\u0151v\u00e9 teszi, hogy a lak\u00f3k szem\u00e9lyis\u00e9g\u00fcket \u00e9s kreativit\u00e1sukat is kifejezz\u00e9k, mik\u00f6zben praktikus funkci\u00f3j\u00e1t is ell\u00e1tja. A k\u00e9zm\u0171ves k\u00e9sz\u00edt\u00e9s\u0171 sz\u00e1mok k\u00fcl\u00f6nleges figyelmet ford\u00edtanak a r\u00e9szletekre, \u00edgy minden bet\u0171 \u00e9s sz\u00e1m prec\u00edzen kidolgozott \u00e9s gondosan elk\u00e9sz\u00edtett.<\/p>\n\n<p>A k\u00fcl\u00f6nb\u00f6z\u0151 anyagokb\u00f3l k\u00e9sz\u00fclt <strong>h\u00e1zsz\u00e1m<\/strong> darabok elt\u00e9r\u0151 eszt\u00e9tikai hat\u00e1st keltenek, \u00edgy a v\u00e1laszt\u00e9k lehet\u0151v\u00e9 teszi, hogy mindenki megtal\u00e1lja az otthon\u00e1hoz ill\u0151 megold\u00e1st. A Meska alkot\u00f3i kreat\u00edv technik\u00e1kat alkalmaznak, mint p\u00e9ld\u00e1ul k\u00e9zzel festett sz\u00e1mok, faragott elemek vagy k\u00fcl\u00f6nleges fel\u00fcletkezel\u00e9sek, amelyek egyediv\u00e9 teszik az egyes darabokat. Ezek a term\u00e9kek nemcsak \u00faj \u00e9p\u00edt\u00e9s\u0171 h\u00e1zakhoz illeszkednek, hanem fel\u00faj\u00edtott, hagyom\u00e1nyos vagy modern st\u00edlus\u00fa \u00e9p\u00fcletek sz\u00e1m\u00e1ra is t\u00f6k\u00e9letes v\u00e1laszt\u00e1st jelentenek. A <strong>design h\u00e1zsz\u00e1m<\/strong> kateg\u00f3ri\u00e1ba tartoz\u00f3 darabok k\u00fcl\u00f6n\u00f6sen n\u00e9pszer\u0171ek azok k\u00f6r\u00e9ben, akik a kort\u00e1rs eszt\u00e9tik\u00e1t prefer\u00e1lj\u00e1k \u00e9s szeretn\u00e9k otthonukat modern elemekkel d\u00edsz\u00edteni.<\/p>\n\n<h2 class=\"text-meska\/base-orange\"><strong>Egyszer\u0171 h\u00e1zsz\u00e1m t\u00e1bla<\/strong> \u2013 letisztult elegancia<\/h2>\n\n<p>Az <strong>egyszer\u0171 h\u00e1zsz\u00e1m t\u00e1bla<\/strong> term\u00e9kek azoknak sz\u00f3lnak, akik a minimalista eszt\u00e9tik\u00e1t \u00e9s a letisztult vonalvezet\u00e9st r\u00e9szes\u00edtik el\u0151nyben otthonuk k\u00fcls\u0151 megjelen\u00e9s\u00e9ben. Ezek a t\u00e1bl\u00e1k nem vonj\u00e1k el a figyelmet t\u00falzott d\u00edsz\u00edt\u00e9ssel, hanem egy\u00e9rtelm\u0171 \u00e9s j\u00f3l olvashat\u00f3 m\u00f3don mutatj\u00e1k a h\u00e1zsz\u00e1mot. A Meska k\u00e9zm\u0171vesei k\u00fcl\u00f6n\u00f6s gondot ford\u00edtanak arra, hogy az egyszer\u0171s\u00e9g ne jelentsen unalmat, \u00edgy ezek a darabok is rendelkeznek egyedi karakterrel \u00e9s min\u0151s\u00e9gi kivitelez\u00e9ssel. A letisztult form\u00e1k gyakran klasszikus sz\u00ednkombin\u00e1ci\u00f3kkal p\u00e1rosulnak, mint p\u00e9ld\u00e1ul fekete-feh\u00e9r vagy s\u00f6t\u00e9tk\u00e9k-feh\u00e9r, amelyek id\u0151t\u00e1ll\u00f3 eleganci\u00e1t k\u00e9pviselnek.<\/p>\n\n<p>Az egyszer\u0171 t\u00e1bl\u00e1k el\u0151nye, hogy szinte minden \u00e9p\u00edt\u00e9szeti st\u00edlushoz illeszkednek, legyen sz\u00f3 hagyom\u00e1nyos csal\u00e1di h\u00e1zr\u00f3l vagy modern minim\u00e1l \u00e9p\u00fcletr\u0151l. A Meska alkot\u00f3i figyelembe veszik a funkcionalit\u00e1st \u00e9s az olvashat\u00f3s\u00e1got, \u00edgy a sz\u00e1mok mindig megfelel\u0151 m\u00e9ret\u0171ek \u00e9s j\u00f3l kivehet\u0151k. Ezek a term\u00e9kek ide\u00e1lisak azoknak, akik nem szeretn\u00e9k t\u00fald\u00edsz\u00edteni h\u00e1zuk homlokzat\u00e1t, de fontosnak tartj\u00e1k a min\u0151s\u00e9get \u00e9s az egyedi k\u00e9zm\u0171ves munk\u00e1t. Az egyszer\u0171 t\u00e1bl\u00e1kon is megjelenik a k\u00e9sz\u00edt\u0151 szem\u00e9lyes k\u00e9zjegye, legyen az a prec\u00edz varr\u00e1s, a gondos fel\u00fcletkezel\u00e9s vagy az anyagv\u00e1laszt\u00e1s k\u00fcl\u00f6nlegess\u00e9ge.<\/p>\n\n<h2 class=\"text-meska\/base-orange\"><strong>L\u00e9zerv\u00e1gott h\u00e1zsz\u00e1m<\/strong> \u2013 prec\u00edz modern technol\u00f3gia<\/h2>\n\n<p>A <strong>l\u00e9zerv\u00e1gott h\u00e1zsz\u00e1m<\/strong> term\u00e9kek a modern technol\u00f3gia \u00e9s a k\u00e9zm\u0171ves hozz\u00e1\u00e1ll\u00e1s egyed\u00fcl\u00e1ll\u00f3 \u00f6tv\u00f6zet\u00e9t k\u00e9pviselik, ahol a prec\u00edz g\u00e9p\u00e9szeti megmunk\u00e1l\u00e1s tal\u00e1lkozik az alkot\u00f3i kreativit\u00e1ssal. Ezek a darabok k\u00fcl\u00f6n\u00f6sen n\u00e9pszer\u0171ek a kort\u00e1rs \u00e9p\u00edt\u00e9szet kedvel\u0151i k\u00f6r\u00e9ben, akik \u00e9rt\u00e9kelik a tiszta vonalakat \u00e9s a pontos kidolgoz\u00e1st. A Meska k\u00e9zm\u0171vesei \u00e1ltal k\u00e9sz\u00edtett <strong>l\u00e9zerv\u00e1gott h\u00e1zsz\u00e1m<\/strong> darabok gyakran f\u00e9mb\u0151l vagy akrilb\u00f3l k\u00e9sz\u00fclnek, amely anyagok kiv\u00e1l\u00f3an alkalmasak a prec\u00edz v\u00e1g\u00e1sra \u00e9s tart\u00f3s felhaszn\u00e1l\u00e1sra. Az elj\u00e1r\u00e1s lehet\u0151v\u00e9 teszi, hogy bonyolult mint\u00e1k \u00e9s egyedi bet\u0171t\u00edpusok is megval\u00f3suljanak millim\u00e9teres pontoss\u00e1ggal.<\/p>\n\n<p>A l\u00e9zerv\u00e1gott sz\u00e1mok el\u0151nye, hogy szinte v\u00e9gtelen lehet\u0151s\u00e9get k\u00edn\u00e1lnak a szem\u00e9lyre szab\u00e1sra, legyen sz\u00f3 k\u00fcl\u00f6nleges form\u00e1kr\u00f3l, \u00e1tl\u00e1tsz\u00f3 elemekr\u0151l vagy h\u00e1tt\u00e9rvil\u00e1g\u00edt\u00e1sr\u00f3l. A Meska alkot\u00f3i haszn\u00e1lj\u00e1k ezt a technol\u00f3gi\u00e1t modern \u00e9s egyedi alkot\u00e1sok l\u00e9trehoz\u00e1s\u00e1ra, amelyek kiemelkednek a hagyom\u00e1nyos t\u00e1bl\u00e1k k\u00f6z\u00fcl. Ezek a term\u00e9kek ide\u00e1lisak olyan otthonok sz\u00e1m\u00e1ra, ahol a modern diz\u00e1jn \u00e9s az innovat\u00edv megold\u00e1sok fontosak, mik\u00f6zben a k\u00e9zm\u0171ves \u00e9rt\u00e9kek is megmaradnak. A <strong>modern h\u00e1zsz\u00e1mt\u00e1bla<\/strong> kateg\u00f3ri\u00e1ba tartoz\u00f3 l\u00e9zerv\u00e1gott darabok t\u00f6k\u00e9letesen illeszkednek az \u00fcveg, ac\u00e9l \u00e9s beton kombin\u00e1ci\u00f3j\u00e1val \u00e9p\u00fclt \u00e9p\u00fcletekhez, kiemelve azok kort\u00e1rs karakter\u00e9t.<\/p>\n\n<h2 class=\"text-meska\/base-orange\"><strong>Ker\u00e1mia h\u00e1zsz\u00e1mt\u00e1bla<\/strong> \u2013 hagyom\u00e1nyos mesters\u00e9g \u00e9s tart\u00f3ss\u00e1g<\/h2>\n\n<p>A <strong>ker\u00e1mia h\u00e1zsz\u00e1mt\u00e1bla<\/strong> term\u00e9kek a hagyom\u00e1nyos fazekass\u00e1g \u00e9s a kort\u00e1rs diz\u00e1jn harm\u00f3ni\u00e1j\u00e1t k\u00e9pviselik, \u00f6tv\u00f6zve az \u00e9vsz\u00e1zados mesters\u00e9g technik\u00e1it a modern eszt\u00e9tikai ig\u00e9nyekkel. Ezek a t\u00e1bl\u00e1k k\u00fcl\u00f6n\u00f6sen tart\u00f3sak \u00e9s id\u0151j\u00e1r\u00e1s\u00e1ll\u00f3ak, hiszen a ker\u00e1mia m\u00e1zas fel\u00fclete ellen\u00e1ll a napsug\u00e1rz\u00e1snak, a fagynak \u00e9s a csapad\u00e9knak egyar\u00e1nt. A Meska k\u00e9zm\u0171vesei \u00e1ltal k\u00e9sz\u00edtett <strong>ker\u00e1mia h\u00e1zsz\u00e1mt\u00e1bla<\/strong> darabok gyakran k\u00e9zzel festettek vagy egyedi mint\u00e1kkal d\u00edsz\u00edtettek, amelyek t\u00fckr\u00f6zik a n\u00e9pi hagyom\u00e1nyokat vagy kort\u00e1rs m\u0171v\u00e9szi ir\u00e1nyzatokat. A ker\u00e1mia term\u00e9szetes sz\u00e9ps\u00e9ge \u00e9s kellemes tapint\u00e1sa k\u00fcl\u00f6nleges karaktert ad minden egyes darabnak.<\/p>\n\n<p>A ker\u00e1miat\u00e1bl\u00e1k el\u0151nye, hogy nemcsak funkcion\u00e1lisak, hanem val\u00f3di m\u0171v\u00e9szi alkot\u00e1sok is, amelyek gener\u00e1ci\u00f3kon \u00e1t meg\u0151rzik sz\u00e9ps\u00e9g\u00fcket \u00e9s tart\u00f3ss\u00e1gukat. A Meska alkot\u00f3i k\u00fcl\u00f6n\u00f6s gondot ford\u00edtanak a kivitelez\u00e9sre, \u00edgy minden sz\u00e1m \u00e9s d\u00edsz\u00edt\u0151elem prec\u00edzen kidolgozott \u00e9s gondosan ki\u00e9getett. Ezek a term\u00e9kek ide\u00e1lisak hagyom\u00e1nyos \u00e9s mediterr\u00e1n st\u00edlus\u00fa otthonok sz\u00e1m\u00e1ra, de modern k\u00f6rnyezetben is izgalmas kontrasztot teremthetnek. Fedezd fel a Meska oldal\u00e1n a k\u00e9zm\u0171ves h\u00e1zsz\u00e1mok \u00e9s t\u00e1bl\u00e1k gazdag v\u00e1laszt\u00e9k\u00e1t, \u00e9s tal\u00e1ld meg a t\u00f6k\u00e9letes darabot, amely \u00f6tv\u00f6zi a praktikuss\u00e1got, az egyedi st\u00edlust \u00e9s a tart\u00f3ss\u00e1got. V\u00e1lassz olyan term\u00e9ket, amely kifejezi otthonod karakter\u00e9t \u00e9s t\u00e1mogatja a magyar k\u00e9zm\u0171vesek munk\u00e1j\u00e1t. A <strong>h\u00e1zsz\u00e1mt\u00e1bla k\u00e9sz\u00edt\u00e9s<\/strong> \u00e9s az <strong>egyedi h\u00e1zsz\u00e1mt\u00e1bla<\/strong> megrendel\u00e9s egyszer\u0171 folyamat a Mesk\u00e1n, ahol k\u00f6zvetlen\u00fcl kommunik\u00e1lhatsz az alkot\u00f3kkal. V\u00e1s\u00e1rolj most \u00e9s tedd otthonod bej\u00e1rat\u00e1t egyediv\u00e9 k\u00e9zm\u0171ves min\u0151s\u00e9g\u0171 megold\u00e1sokkal!<\/p>\n","metaDescription":"H\u00e1zsz\u00e1m \u00e9s h\u00e1zsz\u00e1m t\u00e1bla k\u00e9zm\u0171ves min\u0151s\u00e9gben. Fedezd fel a Meska egyedi v\u00e1laszt\u00e9k\u00e1t \u00e9s tal\u00e1ld meg a t\u00f6k\u00e9letes darabot otthonod bej\u00e1rat\u00e1hoz!","metaNoIndex":true,"metaNoFollow":0,"seoFound":true,"ogImage":"https:\/\/www.meska.hu\/img\/category_seo\/431-hazszam-hazszamtabla-utcanevtabla--meska-kezmuves-piacter_kC73q.jpg","canonicals":"https:\/\/www.meska.hu\/s\/hazszam:mindenmas\/c-431:t-493"},"breadcrumb":[{"position":1,"name":"Meska.hu","url":"https:\/\/www.meska.hu","last":false},{"position":2,"name":"Otthon & \u00c9letm\u00f3d","url":"https:\/\/www.meska.hu\/s\/otthon-eletmod:mindenmas\/c-813:t-493","last":false},{"position":3,"name":"H\u00e1z & Kert","url":"https:\/\/www.meska.hu\/s\/haz-kert:mindenmas\/c-897:t-493","last":false},{"position":4,"name":"H\u00e1zsz\u00e1m","url":"https:\/\/www.meska.hu\/s\/hazszam:mindenmas\/c-431:t-493","last":true}],"h1":"H\u00e1zsz\u00e1m","url":{"url":"https:\/\/www.meska.hu\/s\/hazszam:mindenmas\/c-431:t-493","title":"Mind","_debug_":false},"_count_":100}