{"_terms_":{"phrase":"t\u00f6m\u00f6rfa","facets":"n","p":"1","pp":"100","sort_by":"favourite_count","sort_direction":"desc","product_type":"kezmuves|alapanyag|vintage","session_id":"vudu9ucf7578fhl0q0b4kkoe45"},"total":166,"products":[{"id":"6168596","shop_id":"32949","user_id":"424085","shop_name":"Varazsbox","shop_zip":"1171","product_code":"5765022","product_name_old":null,"product_name":"T\u00f6m\u00f6r term\u00e9szet avagy Naturella - igen gazdagon d\u00edsz\u00edtett, t\u00f6bb\u00e9vszakos szalma term\u00e9skopogtat\u00f3 ","category_string":"Otthon & \u00c9letm\u00f3d, Dekor\u00e1ci\u00f3, Ajt\u00f3- \u00e9s ablak dekor\u00e1ci\u00f3, Ajt\u00f3d\u00edsz & Kopogtat\u00f3","technic_string":"Vir\u00e1gk\u00f6t\u00e9s","category_1":"813","category_2":"314","category_3":"1468","category_4":"790","merged_category_1":null,"merged_category_2":null,"merged_category_3":null,"technic_1":"507","technic_2":"0","technic_3":"0","color_1":"515","color_2":"516","color_3":"529","product_description_old":null,"product_description":"20 cm \u00e1tm\u00e9r\u0151j\u0171 szalmaalapra k\u00e9sz\u00fclt, term\u00e9sekkel \u00e9s egy\u00e9b n\u00f6v\u00e9nyi r\u00e9szekkel igen gazdagon d\u00edsz\u00edtett term\u00e9skopogtat\u00f3. K\u00fcl\u00f6nb\u00f6z\u0151 sz\u00edndominanci\u00e1ban k\u00e9rhet\u0151. R\u00f6gz\u00edt\u00e9s megoldott be\u00e9p\u00edtett dr\u00f3t akaszt\u00f3val, de sz\u00ednben hozz\u00e1ill\u0151 szalagot is k\u00fcld\u00f6k hozz\u00e1.\n","price":"7990.00","unit":"db","recommended":"0","status":"1","sponsored":"0","exp_notify":"0","own_material":"0","own_material_description_old":null,"own_material_description":"","jury":"0","jury_number":"","product_nature":"","meskaracsony":"0","create_date":"2026-03-27 05:59:26","shelve_id":"65260","image":"varazsbox_product_424085_260327054554_94678.jpeg","image_width":"480","image_height":"542","image_alt":"T\u00f6m\u00f6r term\u00e9szet avagy Naturella - igen gazdagon d\u00edsz\u00edtett, t\u00f6bb\u00e9vszakos szalma term\u00e9skopogtat\u00f3 , 20 cm \u00e1tm\u00e9r\u0151j\u0171 szalmaalapra k\u00e9sz\u00fclt, term\u00e9sekkel \u00e9s egy\u00e9b n\u00f6v\u00e9nyi r\u00e9szekkel igen gazdagon d\u00edsz\u00edtett ..., Meska","image_title":"T\u00f6m\u00f6r term\u00e9szet avagy Naturella - igen gazdagon d\u00edsz\u00edtett, t\u00f6bb\u00e9vszakos szalma term\u00e9skopogtat\u00f3 , Meska","view_count":"85","favourite_count":"0","trending_score":"0","last2MonthFavouriteCount":"0","promotion":"0","giftcard_accept":"0","creditcard_accept":true,"enhanced_background":"0","domain":"meska","specific_customer_id":null,"specific_customer_name":null,"to_order_product":"1","to_order_product_time":"5","product_different":null,"product_different_description":"","vintage":"0","vintage_category_id":"0","recycled":"0","gemstone_id":"0","customizable":"0","type_category":"physical","zerowaste":"0","postage_price":"1290.00","shop_order":"38","has_category":"1","landing_pages":null,"microdata":{"number":1,"category":""},"title":"T\u00f6m\u00f6r term\u00e9szet avagy Naturella - igen gazdagon d\u00edsz\u00edtett, t\u00f6bb\u00e9vszakos szalma term\u00e9skopogtat\u00f3 ","description":"20 cm \u00e1tm\u00e9r\u0151j\u0171 szalmaalapra k\u00e9sz\u00fclt, term\u00e9sekkel \u00e9s egy\u00e9b n\u00f6v\u00e9nyi r\u00e9szekkel igen gazdagon d\u00edsz\u00edtett term\u00e9skopogtat\u00f3. K\u00fcl\u00f6nb\u00f6z\u0151 sz\u00edndominanci\u00e1ban k\u00e9rhet\u0151. R\u00f6gz\u00edt\u00e9s megoldott be\u00e9p\u00edtett dr\u00f3t akaszt\u00f3val, de sz\u00ednben hozz\u00e1ill\u0151 szalagot is k\u00fcld\u00f6k hozz\u00e1.\n","score":0,"formatted_price":"7 990 Ft","image_url":"https:\/\/www.meska.hu\/img\/product\/small\/v\/a\/varazsbox_product_424085_260327054554_94678.jpeg","formatted_url":"https:\/\/www.meska.hu\/p5765022-tomor-termeszet-tobbevszakos-szalma-termeskopogtato","favourite":false,"in_stock":false,"avatar":"Varazsbox_avatar_424085_1615828754.jpg","delete_from":0,"is_enhanced_background":false,"is_enhanced":true,"enhanced_ribbon":"<img src=\"\/images\/brightness_brighter_20x20.png\" style=\"position: absolute; right: 13px; top: 7px;\">","enhanced_key":0,"is_key_2":false,"is_key_3":false,"is_key_4":false,"product_selection_started":false,"is_active":true,"image_webp_url":"https:\/\/www.meska.hu\/img\/product\/small\/v\/a\/varazsbox_product_424085_260327054554_94678.webp"},{"id":"6118546","shop_id":"51890","user_id":"772184","shop_name":"Tomifadolgai","shop_zip":"3812","product_code":"5734623","product_name_old":null,"product_name":"B\u00fckkfa polc ","category_string":"Otthon & \u00c9letm\u00f3d, B\u00fator, Polc","technic_string":"Famegmunk\u00e1l\u00e1s","category_1":"813","category_2":"313","category_3":"560","category_4":"0","merged_category_1":null,"merged_category_2":null,"merged_category_3":null,"technic_1":"478","technic_2":"0","technic_3":"0","color_1":"515","color_2":"0","color_3":"0","product_description_old":null,"product_description":"Modern m\u00e9gis id\u0151t\u00e1ll\u00f3 desing ez a falra szerelhet\u0151 g\u0151z\u00f6lt b\u00fckkf\u00e1b\u00f3l k\u00e9sz\u00fclt polc\n\n-Pr\u00e9mium min\u0151s\u00e9g\u0171 g\u0151z\u00f6lt t\u00f6m\u00f6r b\u00fckkfa \n-letisztult skandin\u00e1v japandi st\u00edlus \n-t\u00f6k\u00e9letes nappaliba h\u00e1l\u00f3szob\u00e1ba el\u0151szob\u00e1ba \n-falra szerelhet\u0151 kivitelben.\n-b\u00fatorolajjal kezelt \n\nHaszn\u00e1lhatod :\n-k\u00f6nyvekhez \n-n\u00f6v\u00e9nyekhez\n-dekor\u00e1ci\u00f3hoz \n-kis lerak\u00f3 polck\u00e9nt .\n\nEgyedi megjelen\u00e9s ami feldobja az enteri\u0151rt .\nNem t\u00f6megterm\u00e9k  \nHanem karakteres darab .\n\nM\u00e9retei :\n-polc m\u00e9rete 35cm sz\u00e9les 20 cm m\u00e9ly vastags\u00e1g 2 cm \n-fali r\u00e9sz 48 cm magas 23 cm sz\u00e9less\u00e9g \n","price":"13200.00","unit":"db","recommended":"0","status":"1","sponsored":"0","exp_notify":"0","own_material":"0","own_material_description_old":null,"own_material_description":"","jury":"0","jury_number":"","product_nature":"","meskaracsony":"0","create_date":"2026-02-15 18:20:10","shelve_id":"0","image":"tomifadolgai_product_772184_260215174301_335722.png","image_width":"480","image_height":"720","image_alt":"B\u00fckkfa polc , Modern m\u00e9gis id\u0151t\u00e1ll\u00f3 desing ez a falra szerelhet\u0151 g\u0151z\u00f6lt b\u00fckkf\u00e1b\u00f3l k\u00e9sz\u00fclt polc\\n\\n-Pr\u00e9mium min\u0151s\u00e9g\u0171 ..., Meska","image_title":"B\u00fckkfa polc , Meska","view_count":"236","favourite_count":"10","trending_score":"0","last2MonthFavouriteCount":"10","promotion":"0","giftcard_accept":"0","creditcard_accept":false,"enhanced_background":"0","domain":"meska","specific_customer_id":null,"specific_customer_name":null,"to_order_product":"0","to_order_product_time":"0","product_different":null,"product_different_description":"","vintage":"0","vintage_category_id":"0","recycled":"0","gemstone_id":"0","customizable":"0","type_category":"physical","zerowaste":"0","postage_price":"2390.00","shop_order":"0","has_category":"1","landing_pages":null,"microdata":{"number":1,"category":""},"title":"B\u00fckkfa polc ","description":"Modern m\u00e9gis id\u0151t\u00e1ll\u00f3 desing ez a falra szerelhet\u0151 g\u0151z\u00f6lt b\u00fckkf\u00e1b\u00f3l k\u00e9sz\u00fclt polc\n\n-Pr\u00e9mium min\u0151s\u00e9g\u0171 g\u0151z\u00f6lt t\u00f6m\u00f6r b\u00fckkfa \n-letisztult skandin\u00e1v japandi st\u00edlus \n-t\u00f6k\u00e9letes nappaliba h\u00e1l\u00f3szob\u00e1ba el\u0151szob\u00e1ba \n-falra szerelhet\u0151 kivitelben.\n-b\u00fatorolajjal kezelt \n\nHaszn\u00e1lhatod :\n-k\u00f6nyvekhez \n-n\u00f6v\u00e9nyekhez\n-dekor\u00e1ci\u00f3hoz \n-kis lerak\u00f3 polck\u00e9nt .\n\nEgyedi megjelen\u00e9s ami feldobja az enteri\u0151rt .\nNem t\u00f6megterm\u00e9k  \nHanem karakteres darab .\n\nM\u00e9retei :\n-polc m\u00e9rete 35cm sz\u00e9les 20 cm m\u00e9ly vastags\u00e1g 2 cm \n-fali r\u00e9sz 48 cm magas 23 cm sz\u00e9less\u00e9g \n","score":0,"formatted_price":"13 200 Ft","image_url":"https:\/\/www.meska.hu\/img\/product\/small\/t\/o\/tomifadolgai_product_772184_260215174301_335722.png","formatted_url":"https:\/\/www.meska.hu\/p5734623-bukkfa-polc","favourite":false,"in_stock":true,"avatar":"772184_avatar_1771173622.jpeg","delete_from":0,"is_enhanced_background":false,"is_enhanced":false,"product_selection_started":false,"is_active":true,"image_webp_url":"https:\/\/www.meska.hu\/img\/product\/small\/t\/o\/tomifadolgai_product_772184_260215174301_335722.webp"},{"id":"6118579","shop_id":"51890","user_id":"772184","shop_name":"Tomifadolgai","shop_zip":"3812","product_code":"5734641","product_name_old":null,"product_name":"\u00c9jjeli szekr\u00e9ny, lerak\u00f3 asztal","category_string":"Otthon & \u00c9letm\u00f3d, B\u00fator, M\u00e1s b\u00fator","technic_string":"","category_1":"813","category_2":"313","category_3":"935","category_4":"0","merged_category_1":null,"merged_category_2":null,"merged_category_3":null,"technic_1":"0","technic_2":"0","technic_3":"0","color_1":"514","color_2":"0","color_3":"0","product_description_old":null,"product_description":"Egyedi, k\u00e9zm\u0171ves t\u00f6lgyfa desing b\u00fatort k\u00e9sz\u00edtettem \nT\u00f6m\u00f6r t\u00f6lgyf\u00e1b\u00f3l k\u00e9sz\u00fclt, k\u00e9zzel k\u00e9szitett egyedi b\u00fator.\nLetisztult japandi- skandin\u00e1v formavil\u00e1ggal\nA term\u00e9szetes anyaghaszn\u00e1lat \u00e9s az ar\u00e1nyos r\u00e9szletek, id\u0151t\u00e1ll\u00f3 nyugodt hangulatot \u00e1rasztanak \n-t\u00f6m\u00f6r kem\u00e9ny t\u00f6lgyf\u00e1b\u00f3l k\u00e9sz\u00fclt \n-matt lakkoz\u00e1s selymes tapint\u00e1s\u00fa fel\u0171let\n-finoman kidolgozott lamell\u00e1s oldalfalak\n-als\u00f3 nyitott polccal \n-stabil massz\u00edv szerkezet, nem lapraszerelt.\n\nHaszn\u00e1lhat\u00f3:\n-pr\u00e9mium \u00e9jjeliszekr\u00e9ny \n-desing kisasztal \n-letisztult term\u00e9szetk\u00f6zeli enteri\u0151r r\u00e9szek\u00e9nt.\n\nEz nem sorozatgy\u00e1rtott darab, hanem karakteres egyedi  k\u00e9zm\u0171ves asztalos term\u00e9k .\n\nM\u00e9retek :\n-magass\u00e1ga 35 cm +12 cm l\u00e1b \nSz\u00e9less\u00e9ge 47 cm m\u00e9lys\u00e9g 27 cm \nMiskolc k\u00f6rny\u00e9k\u00e9n \u00e1tvehet\u0151 szem\u00e9lyesen.","price":"46000.00","unit":"db","recommended":"0","status":"1","sponsored":"0","exp_notify":"0","own_material":"0","own_material_description_old":null,"own_material_description":"","jury":"0","jury_number":"","product_nature":"","meskaracsony":"0","create_date":"2026-02-15 18:52:02","shelve_id":"0","image":"tomifadolgai_product_772184_260215184208_862426.png","image_width":"480","image_height":"720","image_alt":"\u00c9jjeli szekr\u00e9ny, lerak\u00f3 asztal, Egyedi, k\u00e9zm\u0171ves t\u00f6lgyfa desing b\u00fatort k\u00e9sz\u00edtettem \\nT\u00f6m\u00f6r t\u00f6lgyf\u00e1b\u00f3l k\u00e9sz\u00fclt, k\u00e9zzel k\u00e9szitett egyed..., Meska","image_title":"\u00c9jjeli szekr\u00e9ny, lerak\u00f3 asztal, Meska","view_count":"268","favourite_count":"7","trending_score":"0","last2MonthFavouriteCount":"7","promotion":"0","giftcard_accept":"0","creditcard_accept":false,"enhanced_background":"0","domain":"meska","specific_customer_id":null,"specific_customer_name":null,"to_order_product":"0","to_order_product_time":"0","product_different":null,"product_different_description":"","vintage":"0","vintage_category_id":"0","recycled":"0","gemstone_id":"0","customizable":"0","type_category":"physical","zerowaste":"0","postage_price":"2390.00","shop_order":"0","has_category":"1","landing_pages":null,"microdata":{"number":2,"category":""},"title":"\u00c9jjeli szekr\u00e9ny, lerak\u00f3 asztal","description":"Egyedi, k\u00e9zm\u0171ves t\u00f6lgyfa desing b\u00fatort k\u00e9sz\u00edtettem \nT\u00f6m\u00f6r t\u00f6lgyf\u00e1b\u00f3l k\u00e9sz\u00fclt, k\u00e9zzel k\u00e9szitett egyedi b\u00fator.\nLetisztult japandi- skandin\u00e1v formavil\u00e1ggal\nA term\u00e9szetes anyaghaszn\u00e1lat \u00e9s az ar\u00e1nyos r\u00e9szletek, id\u0151t\u00e1ll\u00f3 nyugodt hangulatot \u00e1rasztanak \n-t\u00f6m\u00f6r kem\u00e9ny t\u00f6lgyf\u00e1b\u00f3l k\u00e9sz\u00fclt \n-matt lakkoz\u00e1s selymes tapint\u00e1s\u00fa fel\u0171let\n-finoman kidolgozott lamell\u00e1s oldalfalak\n-als\u00f3 nyitott polccal \n-stabil massz\u00edv szerkezet, nem lapraszerelt.\n\nHaszn\u00e1lhat\u00f3:\n-pr\u00e9mium \u00e9jjeliszekr\u00e9ny \n-desing kisasztal \n-letisztult term\u00e9szetk\u00f6zeli enteri\u0151r r\u00e9szek\u00e9nt.\n\nEz nem sorozatgy\u00e1rtott darab, hanem karakteres egyedi  k\u00e9zm\u0171ves asztalos term\u00e9k .\n\nM\u00e9retek :\n-magass\u00e1ga 35 cm +12 cm l\u00e1b \nSz\u00e9less\u00e9ge 47 cm m\u00e9lys\u00e9g 27 cm \nMiskolc k\u00f6rny\u00e9k\u00e9n \u00e1tvehet\u0151 szem\u00e9lyesen.","score":0,"formatted_price":"46 000 Ft","image_url":"https:\/\/www.meska.hu\/img\/product\/small\/t\/o\/tomifadolgai_product_772184_260215184208_862426.png","formatted_url":"https:\/\/www.meska.hu\/p5734641-ejjeli-szekreny-lerako-asztal","favourite":false,"in_stock":true,"avatar":"772184_avatar_1771173622.jpeg","delete_from":0,"is_enhanced_background":false,"is_enhanced":false,"product_selection_started":false,"is_active":true,"image_webp_url":"https:\/\/www.meska.hu\/img\/product\/small\/t\/o\/tomifadolgai_product_772184_260215184208_862426.webp"},{"id":"5795979","shop_id":"32502","user_id":"419016","shop_name":"Kreativotletvilag","shop_zip":"9343","product_code":"5553772","product_name_old":null,"product_name":"Kerti b\u00fator","category_string":"Otthon & \u00c9letm\u00f3d, H\u00e1z & Kert, Kerti b\u00fator","technic_string":"Famegmunk\u00e1l\u00e1s","category_1":"813","category_2":"897","category_3":"967","category_4":"0","merged_category_1":null,"merged_category_2":null,"merged_category_3":null,"technic_1":"478","technic_2":"0","technic_3":"0","color_1":"512","color_2":"520","color_3":"0","product_description_old":null,"product_description":"Karf\u00e1s.: kivitelben a kerti b\u00fator sz\u00e1r\u00edtott borovi feny\u0151b\u0151l k\u00e9sz\u00fclt!!IA k\u00e9pen Remmers rusztikus t\u00f6lgy laz\u00farral kezelve k\u00e9tszer.\nAsztallap egym\u00e1shoz ragasztott r\u00e9tegekb\u0151l \u00e1ll 4,5cm vastag.\nSz\u00e9kek \u00fcl\u0151ke r\u00e9sze 45x50cm.\nH\u00e1tt\u00e1mla 60cm. L\u00e1bak 6,5x4,5cm.\n\n-6 szem\u00e9lyes 267 ezer Ft. (Asztal 150cmx80cmx73cm)\nK\u00e9rhet\u0151 nagyobb asztallal. Sz\u00e1ll\u00edt\u00e1s megoldhat\u00f3.\n","price":"267000.00","unit":"garn","recommended":"0","status":"1","sponsored":"0","exp_notify":"0","own_material":"0","own_material_description_old":null,"own_material_description":"","jury":"0","jury_number":"","product_nature":"","meskaracsony":"0","create_date":"2026-01-18 20:08:12","shelve_id":"0","image":"kreativotletvilag_product_419016_250518200837_485464.jpeg","image_width":"480","image_height":"360","image_alt":"Kerti b\u00fator, Karf\u00e1s.: kivitelben a kerti b\u00fator sz\u00e1r\u00edtott borovi feny\u0151b\u0151l k\u00e9sz\u00fclt!!IA k\u00e9pen Remmers rusztikus t\u00f6lg..., Meska","image_title":"Kerti b\u00fator, Meska","view_count":"2224","favourite_count":"5","trending_score":"0","last2MonthFavouriteCount":"9","promotion":"0","giftcard_accept":"0","creditcard_accept":false,"enhanced_background":"0","domain":"meska","specific_customer_id":null,"specific_customer_name":null,"to_order_product":"1","to_order_product_time":"7","product_different":null,"product_different_description":"","vintage":"0","vintage_category_id":"0","recycled":"0","gemstone_id":"0","customizable":"0","type_category":"physical","zerowaste":"0","postage_price":"0.00","shop_order":"0","has_category":"1","landing_pages":null,"microdata":{"number":3,"category":""},"title":"Kerti b\u00fator","description":"Karf\u00e1s.: kivitelben a kerti b\u00fator sz\u00e1r\u00edtott borovi feny\u0151b\u0151l k\u00e9sz\u00fclt!!IA k\u00e9pen Remmers rusztikus t\u00f6lgy laz\u00farral kezelve k\u00e9tszer.\nAsztallap egym\u00e1shoz ragasztott r\u00e9tegekb\u0151l \u00e1ll 4,5cm vastag.\nSz\u00e9kek \u00fcl\u0151ke r\u00e9sze 45x50cm.\nH\u00e1tt\u00e1mla 60cm. L\u00e1bak 6,5x4,5cm.\n\n-6 szem\u00e9lyes 267 ezer Ft. (Asztal 150cmx80cmx73cm)\nK\u00e9rhet\u0151 nagyobb asztallal. Sz\u00e1ll\u00edt\u00e1s megoldhat\u00f3.\n","score":0,"formatted_price":"267 000 Ft","image_url":"https:\/\/www.meska.hu\/img\/product\/small\/k\/r\/kreativotletvilag_product_419016_250518200837_485464.jpeg","formatted_url":"https:\/\/www.meska.hu\/p5553772-kerti-butor","favourite":false,"in_stock":false,"avatar":"419016_avatar_1747593180.png","delete_from":0,"is_enhanced_background":false,"is_enhanced":false,"product_selection_started":false,"is_active":true,"image_webp_url":"https:\/\/www.meska.hu\/img\/product\/small\/k\/r\/kreativotletvilag_product_419016_250518200837_485464.webp"},{"id":"6129044","shop_id":"51890","user_id":"772184","shop_name":"Tomifadolgai","shop_zip":"3812","product_code":"5741169","product_name_old":null,"product_name":"L\u00f3ca pad ","category_string":"Otthon & \u00c9letm\u00f3d, B\u00fator, \u00dcl\u0151garnit\u00fara","technic_string":"Famegmunk\u00e1l\u00e1s","category_1":"813","category_2":"313","category_3":"1405","category_4":"0","merged_category_1":null,"merged_category_2":null,"merged_category_3":null,"technic_1":"478","technic_2":"0","technic_3":"0","color_1":"515","color_2":"0","color_3":"0","product_description_old":null,"product_description":"T\u00f6m\u00f6r b\u00fckkfa pad \u2013 nat\u00far, pr\u00e9mium kivitel\n\nLetisztult formavil\u00e1g\u00fa, t\u00f6m\u00f6r b\u00fckkf\u00e1b\u00f3l k\u00e9sz\u00fclt pad, amely a skandin\u00e1v minimalizmus nyugalm\u00e1t \u00e9s a term\u00e9szetes fa melegs\u00e9g\u00e9t hozza el az otthonodba.\n\nMassz\u00edv, stabil szerkezet, finoman lekerek\u00edtett \u00e9lekkel \u00e9s gy\u00f6ny\u00f6r\u0171, term\u00e9szetes erezettel. A fel\u00fclet term\u00e9szetes olajjal kezelt, amely kiemeli a b\u00fckkfa rajzolat\u00e1t, mik\u00f6zben meg\u0151rzi a fa tapinthat\u00f3, nat\u00far karakter\u00e9t.\n\n\ud83d\udcd0 M\u00e9retek\n\nHossz: 110 cm\n\nSz\u00e9less\u00e9g: 30 cm\n\nMagass\u00e1g: 44 cmAnyag \u00e9s fel\u00fclet\n\n100% t\u00f6m\u00f6r b\u00fckkfa\n\nPr\u00e9mium min\u0151s\u00e9g\n\nTerm\u00e9szetes olajos fel\u00fcletkezel\u00e9s\n\nAz olaj nem k\u00e9pez vastag lakkr\u00e9teget, \u00edgy a fa l\u00e9legezni tud, fel\u00fclete selymes tapint\u00e1s\u00fa marad.\n\n\ud83c\udfe1 Felhaszn\u00e1l\u00e1si lehet\u0151s\u00e9gek\n\nel\u0151szob\u00e1ban \u00fcl\u0151padk\u00e9nt\n\n\u00e1gy v\u00e9g\u00e9ben dekorat\u00edv b\u00fatordarabk\u00e9nt\n\neb\u00e9dl\u0151asztal mell\u00e9\n\ngyerekszob\u00e1ban\n\nnappaliban kieg\u00e9sz\u00edt\u0151 \u00fcl\u0151helyk\u00e9nt\n\nLetisztult megjelen\u00e9se miatt modern \u00e9s klasszikus enteri\u0151rben is harmonikusan mutat.\n\u00c1r \n\n44900\n\nEgyedi rendel\u00e9s\nA pad egyedi m\u00e9retben is rendelhet\u0151, \u00edgy az adott t\u00e9rhez igaz\u00edthat\u00f3.\n\n\ud83d\udcb0 \u00c1r\nEgyedi m\u00e9retben , a m\u00e9retek f\u00fcggv\u00e9ny\u00e9ben v\u00e1ltozik lehet kissebb vagy nagyobb m\u00e9retben k\u00e9rni.\nMinden esetben a m\u00e9retek ismeret\u00e9ben tudok \u00e1rat adni .\n\nHa a szem\u00e9lyes \u00e1tv\u00e9tel nem megoldhat\u00f3 k\u00e9rjen aj\u00e1nlatot a sz\u00e1ll\u00edt\u00e1sra .","price":"44900.00","unit":"db","recommended":"0","status":"1","sponsored":"0","exp_notify":"0","own_material":"0","own_material_description_old":null,"own_material_description":"","jury":"0","jury_number":"","product_nature":"","meskaracsony":"0","create_date":"2026-02-24 20:04:20","shelve_id":"0","image":"tomifadolgai_product_772184_260224193837_259396.png","image_width":"480","image_height":"480","image_alt":"L\u00f3ca pad , T\u00f6m\u00f6r b\u00fckkfa pad \u2013 nat\u00far, pr\u00e9mium kivitel\\n\\nLetisztult formavil\u00e1g\u00fa, t\u00f6m\u00f6r b\u00fckkf\u00e1b\u00f3l k\u00e9sz\u00fclt pad, amel..., Meska","image_title":"L\u00f3ca pad , Meska","view_count":"197","favourite_count":"2","trending_score":"0","last2MonthFavouriteCount":"2","promotion":"0","giftcard_accept":"0","creditcard_accept":false,"enhanced_background":"0","domain":"meska","specific_customer_id":null,"specific_customer_name":null,"to_order_product":"1","to_order_product_time":"20","product_different":null,"product_different_description":"","vintage":"0","vintage_category_id":"0","recycled":"0","gemstone_id":"0","customizable":"0","type_category":"physical","zerowaste":"0","postage_price":"0.00","shop_order":"0","has_category":"1","landing_pages":null,"microdata":{"number":4,"category":""},"title":"L\u00f3ca pad ","description":"T\u00f6m\u00f6r b\u00fckkfa pad \u2013 nat\u00far, pr\u00e9mium kivitel\n\nLetisztult formavil\u00e1g\u00fa, t\u00f6m\u00f6r b\u00fckkf\u00e1b\u00f3l k\u00e9sz\u00fclt pad, amely a skandin\u00e1v minimalizmus nyugalm\u00e1t \u00e9s a term\u00e9szetes fa melegs\u00e9g\u00e9t hozza el az otthonodba.\n\nMassz\u00edv, stabil szerkezet, finoman lekerek\u00edtett \u00e9lekkel \u00e9s gy\u00f6ny\u00f6r\u0171, term\u00e9szetes erezettel. A fel\u00fclet term\u00e9szetes olajjal kezelt, amely kiemeli a b\u00fckkfa rajzolat\u00e1t, mik\u00f6zben meg\u0151rzi a fa tapinthat\u00f3, nat\u00far karakter\u00e9t.\n\n\ud83d\udcd0 M\u00e9retek\n\nHossz: 110 cm\n\nSz\u00e9less\u00e9g: 30 cm\n\nMagass\u00e1g: 44 cmAnyag \u00e9s fel\u00fclet\n\n100% t\u00f6m\u00f6r b\u00fckkfa\n\nPr\u00e9mium min\u0151s\u00e9g\n\nTerm\u00e9szetes olajos fel\u00fcletkezel\u00e9s\n\nAz olaj nem k\u00e9pez vastag lakkr\u00e9teget, \u00edgy a fa l\u00e9legezni tud, fel\u00fclete selymes tapint\u00e1s\u00fa marad.\n\n\ud83c\udfe1 Felhaszn\u00e1l\u00e1si lehet\u0151s\u00e9gek\n\nel\u0151szob\u00e1ban \u00fcl\u0151padk\u00e9nt\n\n\u00e1gy v\u00e9g\u00e9ben dekorat\u00edv b\u00fatordarabk\u00e9nt\n\neb\u00e9dl\u0151asztal mell\u00e9\n\ngyerekszob\u00e1ban\n\nnappaliban kieg\u00e9sz\u00edt\u0151 \u00fcl\u0151helyk\u00e9nt\n\nLetisztult megjelen\u00e9se miatt modern \u00e9s klasszikus enteri\u0151rben is harmonikusan mutat.\n\u00c1r \n\n44900\n\nEgyedi rendel\u00e9s\nA pad egyedi m\u00e9retben is rendelhet\u0151, \u00edgy az adott t\u00e9rhez igaz\u00edthat\u00f3.\n\n\ud83d\udcb0 \u00c1r\nEgyedi m\u00e9retben , a m\u00e9retek f\u00fcggv\u00e9ny\u00e9ben v\u00e1ltozik lehet kissebb vagy nagyobb m\u00e9retben k\u00e9rni.\nMinden esetben a m\u00e9retek ismeret\u00e9ben tudok \u00e1rat adni .\n\nHa a szem\u00e9lyes \u00e1tv\u00e9tel nem megoldhat\u00f3 k\u00e9rjen aj\u00e1nlatot a sz\u00e1ll\u00edt\u00e1sra .","score":0,"formatted_price":"44 900 Ft","image_url":"https:\/\/www.meska.hu\/img\/product\/small\/t\/o\/tomifadolgai_product_772184_260224193837_259396.png","formatted_url":"https:\/\/www.meska.hu\/p5741169-loca-pad","favourite":false,"in_stock":false,"avatar":"772184_avatar_1771173622.jpeg","delete_from":0,"is_enhanced_background":false,"is_enhanced":false,"product_selection_started":false,"is_active":true,"image_webp_url":"https:\/\/www.meska.hu\/img\/product\/small\/t\/o\/tomifadolgai_product_772184_260224193837_259396.webp"},{"id":"5984131","shop_id":"35757","user_id":"467468","shop_name":"SWood","shop_zip":"8990","product_code":"5662315","product_name_old":null,"product_name":"Lebeg\u0151 t\u00f6lgyfa polc dekor\u00e1ci\u00f3hoz \u00e9s k\u00f6nyvekhez \u2013 t\u00f6m\u00f6rfa polc - fali polc","category_string":"Otthon & \u00c9letm\u00f3d, B\u00fator, Polc","technic_string":"Famegmunk\u00e1l\u00e1s","category_1":"813","category_2":"313","category_3":"560","category_4":"0","merged_category_1":null,"merged_category_2":null,"merged_category_3":null,"technic_1":"478","technic_2":"0","technic_3":"0","color_1":"514","color_2":"0","color_3":"0","product_description_old":null,"product_description":"T\u00f6m\u00f6r t\u00f6lgyf\u00e1b\u00f3l k\u00e9sz\u00fclt, amelynek term\u00e9szetes erezete \u00e9s meleg sz\u00edne j\u00f3l illik modern \u00e9s klasszikus enteri\u0151r\u00f6kbe is. A fel\u00fclet b\u00fatorolajjal kezelt, \u00edgy tart\u00f3s, k\u00f6nnyen tiszt\u00e1n tarthat\u00f3 \u00e9s meg\u0151rzi a fa term\u00e9szetes karakter\u00e9t.\n\nA falra r\u00f6gz\u00edt\u00e9snek k\u00f6sz\u00f6nhet\u0151en a polc letisztult, l\u00e9gies hat\u00e1st kelt. K\u00f6nyvek, dekor\u00e1ci\u00f3k, gyerty\u00e1k de massz\u00edv kialak\u00edt\u00e1s\u00e1nak k\u00f6sz\u00f6nhet\u0151en nehezebb t\u00e1rgyak sz\u00e1m\u00e1ra is stabil \u00e9s megb\u00edzhat\u00f3 tart\u00f3fel\u00fcletet ad.\n\nHosszm\u00e9ret: 60, 80 vagy 100 cm. (ig\u00e9ny eset\u00e9n egyedi m\u00e9retben is megrendelhet\u0151)\nM\u00e9lys\u00e9g: 25 cm.\nVastags\u00e1g: 5,5 cm.\n\nIg\u00e9ny eset\u00e9n m\u00e1s fafajb\u00f3l is megrendelhet\u0151.\nA felt\u00fcntetett \u00e1r egy polcra vonatkozik.","price":"21300.00","unit":"db","recommended":"0","status":"1","sponsored":"0","exp_notify":"0","own_material":"0","own_material_description_old":null,"own_material_description":"","jury":"0","jury_number":"","product_nature":"","meskaracsony":"0","create_date":"2026-03-10 20:35:26","shelve_id":"0","image":"swood_product_467468_251110195836_18277.jpeg","image_width":"480","image_height":"640","image_alt":"Lebeg\u0151 t\u00f6lgyfa polc dekor\u00e1ci\u00f3hoz \u00e9s k\u00f6nyvekhez \u2013 t\u00f6m\u00f6rfa polc - fali polc, T\u00f6m\u00f6r t\u00f6lgyf\u00e1b\u00f3l k\u00e9sz\u00fclt, amelynek term\u00e9szetes erezete \u00e9s meleg sz\u00edne j\u00f3l illik modern \u00e9s klasszikus..., Meska","image_title":"Lebeg\u0151 t\u00f6lgyfa polc dekor\u00e1ci\u00f3hoz \u00e9s k\u00f6nyvekhez \u2013 t\u00f6m\u00f6rfa polc - fali polc, Meska","view_count":"654","favourite_count":"2","trending_score":"0","last2MonthFavouriteCount":"2","promotion":"0","giftcard_accept":"0","creditcard_accept":true,"enhanced_background":"0","domain":"meska","specific_customer_id":null,"specific_customer_name":null,"to_order_product":"1","to_order_product_time":"7","product_different":null,"product_different_description":"","vintage":"0","vintage_category_id":"0","recycled":"0","gemstone_id":"0","customizable":"0","type_category":"physical","zerowaste":"0","postage_price":"3400.00","shop_order":"0","has_category":"1","landing_pages":null,"microdata":{"number":5,"category":""},"title":"Lebeg\u0151 t\u00f6lgyfa polc dekor\u00e1ci\u00f3hoz \u00e9s k\u00f6nyvekhez \u2013 t\u00f6m\u00f6rfa polc - fali polc","description":"T\u00f6m\u00f6r t\u00f6lgyf\u00e1b\u00f3l k\u00e9sz\u00fclt, amelynek term\u00e9szetes erezete \u00e9s meleg sz\u00edne j\u00f3l illik modern \u00e9s klasszikus enteri\u0151r\u00f6kbe is. A fel\u00fclet b\u00fatorolajjal kezelt, \u00edgy tart\u00f3s, k\u00f6nnyen tiszt\u00e1n tarthat\u00f3 \u00e9s meg\u0151rzi a fa term\u00e9szetes karakter\u00e9t.\n\nA falra r\u00f6gz\u00edt\u00e9snek k\u00f6sz\u00f6nhet\u0151en a polc letisztult, l\u00e9gies hat\u00e1st kelt. K\u00f6nyvek, dekor\u00e1ci\u00f3k, gyerty\u00e1k de massz\u00edv kialak\u00edt\u00e1s\u00e1nak k\u00f6sz\u00f6nhet\u0151en nehezebb t\u00e1rgyak sz\u00e1m\u00e1ra is stabil \u00e9s megb\u00edzhat\u00f3 tart\u00f3fel\u00fcletet ad.\n\nHosszm\u00e9ret: 60, 80 vagy 100 cm. (ig\u00e9ny eset\u00e9n egyedi m\u00e9retben is megrendelhet\u0151)\nM\u00e9lys\u00e9g: 25 cm.\nVastags\u00e1g: 5,5 cm.\n\nIg\u00e9ny eset\u00e9n m\u00e1s fafajb\u00f3l is megrendelhet\u0151.\nA felt\u00fcntetett \u00e1r egy polcra vonatkozik.","score":0,"formatted_price":"21 300 Ft","image_url":"https:\/\/www.meska.hu\/img\/product\/small\/s\/w\/swood_product_467468_251110195836_18277.jpeg","formatted_url":"https:\/\/www.meska.hu\/p5662315-lebego-tolgyfa-polc-dekoraciohoz-es-konyvekhez-tomorfa-polc-fali-polc","favourite":false,"in_stock":false,"avatar":"467468_avatar_1729256919.png","delete_from":0,"is_enhanced_background":false,"is_enhanced":false,"product_selection_started":false,"is_active":true,"image_webp_url":"https:\/\/www.meska.hu\/img\/product\/small\/s\/w\/swood_product_467468_251110195836_18277.webp"},{"id":"3418822","shop_id":"30882","user_id":"392521","shop_name":"vertigodesign","shop_zip":"2092","product_code":"4031697","product_name_old":null,"product_name":"Sz\u00e9lezetlen t\u00f6m\u00f6rfa t\u00fck\u00f6rkeret (t\u00fck\u00f6rrel egy\u00fctt) \"AMORINI\"","category_string":"Otthon & \u00c9letm\u00f3d, Dekor\u00e1ci\u00f3, T\u00fck\u00f6r","technic_string":"Famegmunk\u00e1l\u00e1s","category_1":"813","category_2":"314","category_3":"950","category_4":"0","merged_category_1":"0","merged_category_2":"0","merged_category_3":"785","technic_1":"478","technic_2":"0","technic_3":"0","color_1":"514","color_2":"0","color_3":"0","product_description_old":null,"product_description":"Egyedi t\u00fck\u00f6rkeret, mely sz\u00e9lezetlen form\u00e1ival foly\u00f3partk\u00e9nt keretezi a t\u00fckr\u00f6t. \nMinden kerethez k\u00fcl\u00f6n v\u00e1lasztjuk ki azt a  t\u00f6m\u00f6rfa pall\u00f3t, ami k\u00fcl\u00f6nleges rajzolat\u00fa sz\u00e9leivel a lehet\u0151 legszebb, m\u0171alkot\u00e1sba ill\u0151 kompoz\u00edci\u00f3t alkotja a t\u00fck\u00f6rlap fel\u00fclet\u00e9n. \n\nA faanyagban tal\u00e1lhat\u00f3 term\u00e9szetes g\u00f6cs\u00f6ket, lukakat - a tart\u00f3ss\u00e1g szem el\u0151tt tart\u00e1s\u00e1val - igyeksz\u00fcnk megtartani, mivel ezek \u00f6sszess\u00e9ge adja a fa sz\u00e9ps\u00e9g\u00e9t, term\u00e9szetess\u00e9g\u00e9t, egyedi karakterisztik\u00e1j\u00e1t. \n\nA t\u00fck\u00f6rkeret t\u00f6k\u00e9letesen kisz\u00e1r\u00edtott faanyagb\u00f3l k\u00e9sz\u00fcl, mely belt\u00e9ri haszn\u00e1latra alkalmass\u00e1 teszi, de f\u00fcrd\u0151szobai haszn\u00e1latra, vagy k\u00f6zvetlen\u00fcl f\u0171t\u0151test, kandall\u00f3 k\u00f6zel\u00e9be (a jelent\u0151s p\u00e1ra- \u00e9s h\u0151ingadoz\u00e1s roncsol\u00f3 hat\u00e1sa miatt) nem aj\u00e1nljuk. \n\nPuha ronggyal vagy kef\u00e9vel tiszt\u00edthat\u00f3, k\u00fcl\u00f6n\u00f6s \u00f3vatoss\u00e1ggal a fa reped\u00e9seinek, lukainak, \u00e9s a t\u00fck\u00f6rnek s\u00e9r\u00fcl\u00e9kenys\u00e9g\u00e9re. Az ablaktiszt\u00edt\u00f3 folyad\u00e9k a fakeretet lehet\u0151leg ne \u00e9rje, mert megmarhatja, k\u00e1ros\u00edthatja azt.\n\nM\u00e9rete: 180 cm x 90 cm (vagy egyedi m\u00e9retek)\n\n\u2022\tAnyaga: ak\u00e1c\n\u2022\tT\u00fck\u00f6r vastags\u00e1ga: 4 mm\n\u2022\tIg\u00e9ny szerint felhelyezhet\u0151 v\u00edzszintes vagy f\u00fcgg\u0151leges ir\u00e1nyban is. \n\u2022\tS\u00falya miatt a t\u00fckr\u00f6t ragasztva aj\u00e1nljuk felhelyezni.\n\u2022\tK\u00e9zzel k\u00e9sz\u00edtett term\u00e9k\n\u2022\tMin\u0151s\u00e9gi, t\u00f6m\u00f6rfa term\u00e9k\n\u2022\tMinden darab egyedi, a k\u00f6z\u00f6lt k\u00e9pekt\u0151l a v\u00e9gleges b\u00fatordarab kis m\u00e9rt\u00e9kben (rajzolat, \u00edvek, \u00e1rnyalatok, csom\u00f3k) elt\u00e9rhet.\n","price":"135000.00","unit":"db","recommended":"0","status":"1","sponsored":"0","exp_notify":"0","own_material":"0","own_material_description_old":null,"own_material_description":"","jury":"0","jury_number":"","product_nature":"","meskaracsony":"0","create_date":"2026-01-15 18:21:37","shelve_id":"0","image":"vertigodesign_product_392521_210210102849_025990.jpeg","image_width":"480","image_height":"598","image_alt":"Sz\u00e9lezetlen t\u00f6m\u00f6rfa t\u00fck\u00f6rkeret (t\u00fck\u00f6rrel egy\u00fctt) \\\"AMORINI\\\", Egyedi t\u00fck\u00f6rkeret, mely sz\u00e9lezetlen form\u00e1ival foly\u00f3partk\u00e9nt keretezi a t\u00fckr\u00f6t. \\nMinden kerethez k\u00fcl\u00f6..., Meska","image_title":"Sz\u00e9lezetlen t\u00f6m\u00f6rfa t\u00fck\u00f6rkeret (t\u00fck\u00f6rrel egy\u00fctt) \\\"AMORINI\\\", Meska","view_count":"3532","favourite_count":"2","trending_score":"0","last2MonthFavouriteCount":"2","promotion":"0","giftcard_accept":"1","creditcard_accept":true,"enhanced_background":"0","domain":"meska","specific_customer_id":null,"specific_customer_name":null,"to_order_product":"1","to_order_product_time":"14","product_different":"different","product_different_description":"Minden darab egyedi, a k\u00f6z\u00f6lt k\u00e9pekt\u0151l a v\u00e9gleges b\u00fatordarab kis m\u00e9rt\u00e9kben (rajzolat, \u00edvek, \u00e1rnyalatok, csom\u00f3k) elt\u00e9rhet.","vintage":"0","vintage_category_id":"0","recycled":"0","gemstone_id":"0","customizable":"1","type_category":"physical","zerowaste":"0","postage_price":"5000.00","shop_order":"0","has_category":"1","landing_pages":"Sz\u00fclinapi aj\u00e1nd\u00e9kok, Sz\u00fclinapi aj\u00e1nd\u00e9kok","microdata":{"number":6,"category":""},"title":"Sz\u00e9lezetlen t\u00f6m\u00f6rfa t\u00fck\u00f6rkeret (t\u00fck\u00f6rrel egy\u00fctt) \"AMORINI\"","description":"Egyedi t\u00fck\u00f6rkeret, mely sz\u00e9lezetlen form\u00e1ival foly\u00f3partk\u00e9nt keretezi a t\u00fckr\u00f6t. \nMinden kerethez k\u00fcl\u00f6n v\u00e1lasztjuk ki azt a  t\u00f6m\u00f6rfa pall\u00f3t, ami k\u00fcl\u00f6nleges rajzolat\u00fa sz\u00e9leivel a lehet\u0151 legszebb, m\u0171alkot\u00e1sba ill\u0151 kompoz\u00edci\u00f3t alkotja a t\u00fck\u00f6rlap fel\u00fclet\u00e9n. \n\nA faanyagban tal\u00e1lhat\u00f3 term\u00e9szetes g\u00f6cs\u00f6ket, lukakat - a tart\u00f3ss\u00e1g szem el\u0151tt tart\u00e1s\u00e1val - igyeksz\u00fcnk megtartani, mivel ezek \u00f6sszess\u00e9ge adja a fa sz\u00e9ps\u00e9g\u00e9t, term\u00e9szetess\u00e9g\u00e9t, egyedi karakterisztik\u00e1j\u00e1t. \n\nA t\u00fck\u00f6rkeret t\u00f6k\u00e9letesen kisz\u00e1r\u00edtott faanyagb\u00f3l k\u00e9sz\u00fcl, mely belt\u00e9ri haszn\u00e1latra alkalmass\u00e1 teszi, de f\u00fcrd\u0151szobai haszn\u00e1latra, vagy k\u00f6zvetlen\u00fcl f\u0171t\u0151test, kandall\u00f3 k\u00f6zel\u00e9be (a jelent\u0151s p\u00e1ra- \u00e9s h\u0151ingadoz\u00e1s roncsol\u00f3 hat\u00e1sa miatt) nem aj\u00e1nljuk. \n\nPuha ronggyal vagy kef\u00e9vel tiszt\u00edthat\u00f3, k\u00fcl\u00f6n\u00f6s \u00f3vatoss\u00e1ggal a fa reped\u00e9seinek, lukainak, \u00e9s a t\u00fck\u00f6rnek s\u00e9r\u00fcl\u00e9kenys\u00e9g\u00e9re. Az ablaktiszt\u00edt\u00f3 folyad\u00e9k a fakeretet lehet\u0151leg ne \u00e9rje, mert megmarhatja, k\u00e1ros\u00edthatja azt.\n\nM\u00e9rete: 180 cm x 90 cm (vagy egyedi m\u00e9retek)\n\n\u2022\tAnyaga: ak\u00e1c\n\u2022\tT\u00fck\u00f6r vastags\u00e1ga: 4 mm\n\u2022\tIg\u00e9ny szerint felhelyezhet\u0151 v\u00edzszintes vagy f\u00fcgg\u0151leges ir\u00e1nyban is. \n\u2022\tS\u00falya miatt a t\u00fckr\u00f6t ragasztva aj\u00e1nljuk felhelyezni.\n\u2022\tK\u00e9zzel k\u00e9sz\u00edtett term\u00e9k\n\u2022\tMin\u0151s\u00e9gi, t\u00f6m\u00f6rfa term\u00e9k\n\u2022\tMinden darab egyedi, a k\u00f6z\u00f6lt k\u00e9pekt\u0151l a v\u00e9gleges b\u00fatordarab kis m\u00e9rt\u00e9kben (rajzolat, \u00edvek, \u00e1rnyalatok, csom\u00f3k) elt\u00e9rhet.\n","score":0,"formatted_price":"135 000 Ft","image_url":"https:\/\/www.meska.hu\/img\/product\/small\/v\/e\/vertigodesign_product_392521_210210102849_025990.jpeg","formatted_url":"https:\/\/www.meska.hu\/p4031697-szelezetlen-tomorfa-tukorkeret-tukorrel-egyutt-amorini","favourite":false,"in_stock":false,"avatar":"vertigodesign_avatar_392521_1601541269.jpg","delete_from":0,"is_enhanced_background":false,"is_enhanced":false,"product_selection_started":false,"is_active":true,"image_webp_url":"https:\/\/www.meska.hu\/img\/product\/small\/v\/e\/vertigodesign_product_392521_210210102849_025990.webp"},{"id":"6158938","shop_id":"52237","user_id":"776198","shop_name":"ButorRestart","shop_zip":"2310","product_code":"5760659","product_name_old":null,"product_name":"Mid-century \u00edr\u00f3asztal","category_string":"Otthon & \u00c9letm\u00f3d, B\u00fator, Asztal","technic_string":"Festett t\u00e1rgyak","category_1":"813","category_2":"313","category_3":"558","category_4":"0","merged_category_1":null,"merged_category_2":null,"merged_category_3":null,"technic_1":"481","technic_2":"0","technic_3":"0","color_1":"514","color_2":"520","color_3":"527","product_description_old":null,"product_description":"Ig\u00e9nyesen fel\u00faj\u00edtott mid-century \u00edr\u00f3asztal. T\u00f6m\u00f6rfa szerkezete miatt massz\u00edv \u00e9s stabil.\nM\u00e9rete (H\u00d7Sz\u00d7M) : 120cm \u00d7 62cm \u00d7 72cm","price":"40000.00","unit":"db","recommended":"0","status":"1","sponsored":"0","exp_notify":"0","own_material":"0","own_material_description_old":null,"own_material_description":"","jury":"0","jury_number":"","product_nature":"","meskaracsony":"0","create_date":"2026-03-17 11:53:52","shelve_id":"0","image":"butorrestart_product_776198_260317114707_018835.png","image_width":"480","image_height":"320","image_alt":"Mid-century \u00edr\u00f3asztal, Ig\u00e9nyesen fel\u00faj\u00edtott mid-century \u00edr\u00f3asztal. T\u00f6m\u00f6rfa szerkezete miatt massz\u00edv \u00e9s stabil.\\nM\u00e9rete (H\u00d7Sz..., Meska","image_title":"Mid-century \u00edr\u00f3asztal, Meska","view_count":"90","favourite_count":"2","trending_score":"0","last2MonthFavouriteCount":"2","promotion":"0","giftcard_accept":"0","creditcard_accept":false,"enhanced_background":"0","domain":"meska","specific_customer_id":null,"specific_customer_name":null,"to_order_product":"0","to_order_product_time":"0","product_different":null,"product_different_description":"","vintage":"0","vintage_category_id":"0","recycled":"0","gemstone_id":"0","customizable":"0","type_category":"physical","zerowaste":"0","postage_price":"0.00","shop_order":"0","has_category":"1","landing_pages":null,"microdata":{"number":7,"category":""},"title":"Mid-century \u00edr\u00f3asztal","description":"Ig\u00e9nyesen fel\u00faj\u00edtott mid-century \u00edr\u00f3asztal. T\u00f6m\u00f6rfa szerkezete miatt massz\u00edv \u00e9s stabil.\nM\u00e9rete (H\u00d7Sz\u00d7M) : 120cm \u00d7 62cm \u00d7 72cm","score":0,"formatted_price":"40 000 Ft","image_url":"https:\/\/www.meska.hu\/img\/product\/small\/b\/u\/butorrestart_product_776198_260317114707_018835.png","formatted_url":"https:\/\/www.meska.hu\/p5760659-mid-century-iroasztal","favourite":false,"in_stock":true,"avatar":"776198_avatar_1773743325.jpeg","delete_from":0,"is_enhanced_background":false,"is_enhanced":false,"product_selection_started":false,"is_active":true,"image_webp_url":"https:\/\/www.meska.hu\/img\/product\/small\/b\/u\/butorrestart_product_776198_260317114707_018835.webp"},{"id":"3396178","shop_id":"28060","user_id":"346744","shop_name":"gyermekpad","shop_zip":"8925","product_code":"4436447","product_name_old":null,"product_name":"Montessori-t\u00fck\u00f6r \u2013 \u00c9gerf\u00e1b\u00f3l","category_string":"Baba - mama, Waldorf j\u00e1t\u00e9kok, Baba j\u00e1t\u00e9kok","technic_string":"Famegmunk\u00e1l\u00e1s","category_1":"1379","category_2":"343","category_3":"1735","category_4":"0","merged_category_1":"0","merged_category_2":"784","merged_category_3":"0","technic_1":"478","technic_2":"0","technic_3":"0","color_1":"515","color_2":"0","color_3":"0","product_description_old":null,"product_description":"A Montessori-t\u00fck\u00f6r siker\u00e9nek \u00e9s a sz\u00e1mos pozit\u00edv visszajelz\u00e9snek k\u00f6sz\u00f6nhet\u0151en tov\u00e1bbfejlesztett\u00fck term\u00e9k\u00fcnket. A t\u00fck\u00f6r ezent\u00fal kiz\u00e1r\u00f3lag karc\u00e1ll\u00f3 \u00e9s t\u00f6rhetetlen akril anyagb\u00f3l k\u00e9sz\u00fcl, \u00edgy nagyobb biztons\u00e1got ny\u00fajt gyermeke sz\u00e1m\u00e1ra.\n\nA n\u00e9gy k\u00fcl\u00f6nb\u00f6z\u0151 magass\u00e1gba \u00e1ll\u00edthat\u00f3 foganty\u00faval ez a Montessori-t\u00fck\u00f6r t\u00f6k\u00e9letes kieg\u00e9sz\u00edt\u0151je lehet kisgyermeke szob\u00e1j\u00e1nak.\n\nEz a praktikus b\u00fatordarab hozz\u00e1j\u00e1rul a koordin\u00e1ci\u00f3s k\u00e9pess\u00e9g \u00e9s az egyens\u00faly\u00e9rz\u00e9k fejleszt\u00e9s\u00e9hez, valamint az izomzat er\u0151s\u00edt\u00e9s\u00e9hez. Megk\u00f6nny\u00edti a fel\u00e1ll\u00e1st \u00e9s az els\u0151 l\u00e9p\u00e9sek megt\u00e9tel\u00e9t. Hat h\u00f3napos kort\u00f3l aj\u00e1nljuk.\n\nA t\u00fck\u00f6rkeretet t\u00f6m\u00f6r \u00e9gerf\u00e1b\u00f3l k\u00e9sz\u00edtett\u00fck \u00e9s term\u00e9szetes anyagokkal kezelt\u00fcnk le, ez\u00e9rt b\u00e1rmely st\u00edlus\u00fa berendez\u00e9shez kit\u0171n\u0151en passzol.\n\nEl\u0151\u00e1ll\u00edt\u00e1s: A finom k\u00e9zi csiszol\u00e1ssal megmunk\u00e1lt fel\u00fcletek \u00e9s \u00edvek, valamint a lekerek\u00edtett form\u00e1k garanci\u00e1t jelentenek a biztons\u00e1gos haszn\u00e1latra. A fel\u00fcletet Auro biol\u00f3giai faimpregn\u00e1l\u00f3 \u00e9s fa\u00e1pol\u00f3 term\u00e9szetes kem\u00e9ny olajjal kezelt\u00fck le, amely a f\u00e1nak er\u0151s antibakteri\u00e1lis hat\u00e1st k\u00f6lcs\u00f6n\u00f6z.\n\nAnyaga: term\u00e9szetes t\u00f6m\u00f6r fa, \u00e9gerfa, nem gyant\u00e1z\n\nSz\u00e9less\u00e9ge: 63,5 cm\nMagass\u00e1ga: 80,5 cm\nVastags\u00e1ga: 2,5 cm\n\nS\u00falya: 7 kg csomagol\u00e1s n\u00e9lk\u00fcl, 10 kg csomagol\u00e1ssal\n\nA csomag tartalma: sablon, 3 mm vastags\u00e1g\u00fa t\u00f6rhetetlen akril t\u00fck\u00f6r, foganty\u00fa, 4 db 6 mm \u00e1tm\u00e9r\u0151j\u0171 csavar, m\u0171anyagtiplivel \u00e9s f\u00far\u00f3heggyel a falhoz val\u00f3 r\u00f6gz\u00edt\u00e9shez, 2 db csavar a foganty\u00fa r\u00f6gz\u00edt\u00e9s\u00e9hez, valamint imbuszkulcs.\n\nA t\u00fck\u00f6rkeret tiszt\u00edt\u00e1sa puha, enyh\u00e9n megnedves\u00edtett t\u00f6rl\u0151kend\u0151vel aj\u00e1nlott, tiszt\u00edt\u00f3szer hozz\u00e1ad\u00e1sa n\u00e9lk\u00fcl.\n\nA r\u00f6gz\u00edt\u00e9shez egy k\u00e9zi f\u00far\u00f3g\u00e9p sz\u00fcks\u00e9ges, 8 mm-es f\u00far\u00f3val.\n\nA term\u00e9ket egy \u2013 a fot\u00f3kon is l\u00e1that\u00f3 \u2013 egyedi v\u00e9djeggyel l\u00e1ttuk el (UP sz\u00edv alakban), amely garanci\u00e1t jelent a saj\u00e1t fejleszt\u00e9s\u0171 term\u00e9k magas min\u0151s\u00e9g\u0171 megmunk\u00e1l\u00e1s\u00e1ra, amelyet a Montessori-filoz\u00f3fia ihletett.\n\nA csomagban tal\u00e1lhat\u00f3 sablon seg\u00edts\u00e9g\u00e9vel alacsony szeg\u00e9lyl\u00e9c eset\u00e9n a fels\u0151 jel\u00f6l\u0151pontot, magas szeg\u00e9lyl\u00e9c eset\u00e9n pedig az als\u00f3 jel\u00f6l\u0151pontok haszn\u00e1lat\u00e1t javasoljuk.","price":"43580.00","unit":"db","recommended":"0","status":"1","sponsored":"0","exp_notify":"0","own_material":"0","own_material_description_old":null,"own_material_description":"","jury":"0","jury_number":"","product_nature":"","meskaracsony":"0","create_date":"2026-03-18 14:54:58","shelve_id":"0","image":"gyermekpad_product_346744_200622235144_200299.jpeg","image_width":"480","image_height":"399","image_alt":"Montessori-t\u00fck\u00f6r \u2013 \u00c9gerf\u00e1b\u00f3l, A Montessori-t\u00fck\u00f6r siker\u00e9nek \u00e9s a sz\u00e1mos pozit\u00edv visszajelz\u00e9snek k\u00f6sz\u00f6nhet\u0151en tov\u00e1bbfejlesztett\u00fck te..., Meska","image_title":"Montessori-t\u00fck\u00f6r \u2013 \u00c9gerf\u00e1b\u00f3l, Meska","view_count":"10315","favourite_count":"2","trending_score":"0","last2MonthFavouriteCount":"2","promotion":"0","giftcard_accept":"0","creditcard_accept":true,"enhanced_background":"0","domain":"meska","specific_customer_id":null,"specific_customer_name":null,"to_order_product":"0","to_order_product_time":"0","product_different":null,"product_different_description":"","vintage":"0","vintage_category_id":"0","recycled":"0","gemstone_id":"0","customizable":"0","type_category":"physical","zerowaste":"0","postage_price":"0.00","shop_order":"2","has_category":"1","landing_pages":"Kar\u00e1csonyi aj\u00e1nd\u00e9kok, Kar\u00e1csonyi aj\u00e1nd\u00e9kok, Kar\u00e1csonyi aj\u00e1nd\u00e9kok, Kar\u00e1csonyi aj\u00e1nd\u00e9kok","microdata":{"number":8,"category":""},"title":"Montessori-t\u00fck\u00f6r \u2013 \u00c9gerf\u00e1b\u00f3l","description":"A Montessori-t\u00fck\u00f6r siker\u00e9nek \u00e9s a sz\u00e1mos pozit\u00edv visszajelz\u00e9snek k\u00f6sz\u00f6nhet\u0151en tov\u00e1bbfejlesztett\u00fck term\u00e9k\u00fcnket. A t\u00fck\u00f6r ezent\u00fal kiz\u00e1r\u00f3lag karc\u00e1ll\u00f3 \u00e9s t\u00f6rhetetlen akril anyagb\u00f3l k\u00e9sz\u00fcl, \u00edgy nagyobb biztons\u00e1got ny\u00fajt gyermeke sz\u00e1m\u00e1ra.\n\nA n\u00e9gy k\u00fcl\u00f6nb\u00f6z\u0151 magass\u00e1gba \u00e1ll\u00edthat\u00f3 foganty\u00faval ez a Montessori-t\u00fck\u00f6r t\u00f6k\u00e9letes kieg\u00e9sz\u00edt\u0151je lehet kisgyermeke szob\u00e1j\u00e1nak.\n\nEz a praktikus b\u00fatordarab hozz\u00e1j\u00e1rul a koordin\u00e1ci\u00f3s k\u00e9pess\u00e9g \u00e9s az egyens\u00faly\u00e9rz\u00e9k fejleszt\u00e9s\u00e9hez, valamint az izomzat er\u0151s\u00edt\u00e9s\u00e9hez. Megk\u00f6nny\u00edti a fel\u00e1ll\u00e1st \u00e9s az els\u0151 l\u00e9p\u00e9sek megt\u00e9tel\u00e9t. Hat h\u00f3napos kort\u00f3l aj\u00e1nljuk.\n\nA t\u00fck\u00f6rkeretet t\u00f6m\u00f6r \u00e9gerf\u00e1b\u00f3l k\u00e9sz\u00edtett\u00fck \u00e9s term\u00e9szetes anyagokkal kezelt\u00fcnk le, ez\u00e9rt b\u00e1rmely st\u00edlus\u00fa berendez\u00e9shez kit\u0171n\u0151en passzol.\n\nEl\u0151\u00e1ll\u00edt\u00e1s: A finom k\u00e9zi csiszol\u00e1ssal megmunk\u00e1lt fel\u00fcletek \u00e9s \u00edvek, valamint a lekerek\u00edtett form\u00e1k garanci\u00e1t jelentenek a biztons\u00e1gos haszn\u00e1latra. A fel\u00fcletet Auro biol\u00f3giai faimpregn\u00e1l\u00f3 \u00e9s fa\u00e1pol\u00f3 term\u00e9szetes kem\u00e9ny olajjal kezelt\u00fck le, amely a f\u00e1nak er\u0151s antibakteri\u00e1lis hat\u00e1st k\u00f6lcs\u00f6n\u00f6z.\n\nAnyaga: term\u00e9szetes t\u00f6m\u00f6r fa, \u00e9gerfa, nem gyant\u00e1z\n\nSz\u00e9less\u00e9ge: 63,5 cm\nMagass\u00e1ga: 80,5 cm\nVastags\u00e1ga: 2,5 cm\n\nS\u00falya: 7 kg csomagol\u00e1s n\u00e9lk\u00fcl, 10 kg csomagol\u00e1ssal\n\nA csomag tartalma: sablon, 3 mm vastags\u00e1g\u00fa t\u00f6rhetetlen akril t\u00fck\u00f6r, foganty\u00fa, 4 db 6 mm \u00e1tm\u00e9r\u0151j\u0171 csavar, m\u0171anyagtiplivel \u00e9s f\u00far\u00f3heggyel a falhoz val\u00f3 r\u00f6gz\u00edt\u00e9shez, 2 db csavar a foganty\u00fa r\u00f6gz\u00edt\u00e9s\u00e9hez, valamint imbuszkulcs.\n\nA t\u00fck\u00f6rkeret tiszt\u00edt\u00e1sa puha, enyh\u00e9n megnedves\u00edtett t\u00f6rl\u0151kend\u0151vel aj\u00e1nlott, tiszt\u00edt\u00f3szer hozz\u00e1ad\u00e1sa n\u00e9lk\u00fcl.\n\nA r\u00f6gz\u00edt\u00e9shez egy k\u00e9zi f\u00far\u00f3g\u00e9p sz\u00fcks\u00e9ges, 8 mm-es f\u00far\u00f3val.\n\nA term\u00e9ket egy \u2013 a fot\u00f3kon is l\u00e1that\u00f3 \u2013 egyedi v\u00e9djeggyel l\u00e1ttuk el (UP sz\u00edv alakban), amely garanci\u00e1t jelent a saj\u00e1t fejleszt\u00e9s\u0171 term\u00e9k magas min\u0151s\u00e9g\u0171 megmunk\u00e1l\u00e1s\u00e1ra, amelyet a Montessori-filoz\u00f3fia ihletett.\n\nA csomagban tal\u00e1lhat\u00f3 sablon seg\u00edts\u00e9g\u00e9vel alacsony szeg\u00e9lyl\u00e9c eset\u00e9n a fels\u0151 jel\u00f6l\u0151pontot, magas szeg\u00e9lyl\u00e9c eset\u00e9n pedig az als\u00f3 jel\u00f6l\u0151pontok haszn\u00e1lat\u00e1t javasoljuk.","score":0,"formatted_price":"43 580 Ft","image_url":"https:\/\/www.meska.hu\/img\/product\/small\/g\/y\/gyermekpad_product_346744_200622235144_200299.jpeg","formatted_url":"https:\/\/www.meska.hu\/p4436447-montessori-tukor-egerfabol","favourite":false,"in_stock":true,"avatar":"346744_avatar_1725629065.png","delete_from":0,"is_enhanced_background":false,"is_enhanced":false,"product_selection_started":false,"is_active":true,"image_webp_url":"https:\/\/www.meska.hu\/img\/product\/small\/g\/y\/gyermekpad_product_346744_200622235144_200299.webp"},{"id":"6114362","shop_id":"47575","user_id":"697570","shop_name":"RMWoodArt","shop_zip":"7623","product_code":"5732541","product_name_old":null,"product_name":"Ak\u00e1c kissz\u00e9k ","category_string":"Baba - mama, Babaszobab\u00fator, Gyerek sz\u00e9k, s\u00e1mli","technic_string":"Famegmunk\u00e1l\u00e1s","category_1":"1735","category_2":"1756","category_3":"1443","category_4":"0","merged_category_1":null,"merged_category_2":null,"merged_category_3":null,"technic_1":"478","technic_2":"0","technic_3":"0","color_1":"514","color_2":"0","color_3":"0","product_description_old":null,"product_description":"T\u00f6m\u00f6r ak\u00e1cf\u00e1b\u00f3l k\u00e9sz\u00fclt kissz\u00e9k. \nM\u00e9rete: 28*28*32 cm \nFelhaszn\u00e1l\u00e1si ter\u00fclet: hangulatos konyh\u00e1ba, fedett teraszra , t\u00e9likertbe, gyerekszob\u00e1ba-kisgyereknek, vagy ak\u00e1r le\u00fclni a gyerek mell\u00e9 , vagy esetleg h\u00e1l\u00f3szob\u00e1ba-pakolni, el\u0151szob\u00e1ba -cip\u0151felh\u00faz\u00e1shoz- aj\u00e1nlom.\nEredeti funkci\u00f3nak megfelel\u0151en haszn\u00e1lhatjuk kissz\u00e9kk\u00e9nt, de ak\u00e1r polcnak, t\u00e1rol\u00f3nak, \u00e9jjeliszekr\u00e9nyk\u00e9nek, vir\u00e1gtart\u00f3nak is megfelelhet.\nT\u00f6m\u00f6r f\u00e1b\u00f3l k\u00e9sz\u00fclt, a fel\u00fclete kem\u00e9ny-viasz olajjal lett lekezelve. Tiszt\u00edt\u00e1sa b\u00fator\u00e1pol\u00f3 t\u00f6rl\u0151kend\u0151vel javasolt.                             ","price":"22000.00","unit":"db","recommended":"0","status":"1","sponsored":"0","exp_notify":"0","own_material":"0","own_material_description_old":null,"own_material_description":"","jury":"0","jury_number":"","product_nature":"","meskaracsony":"0","create_date":"2026-02-10 19:44:33","shelve_id":"82101","image":"rmwoodart_product_697570_260210194107_689258.jpeg","image_width":"480","image_height":"652","image_alt":"Ak\u00e1c kissz\u00e9k , T\u00f6m\u00f6r ak\u00e1cf\u00e1b\u00f3l k\u00e9sz\u00fclt kissz\u00e9k. \\nM\u00e9rete: 28*28*32 cm \\nFelhaszn\u00e1l\u00e1si ter\u00fclet: hangulatos konyh\u00e1ba, f..., Meska","image_title":"Ak\u00e1c kissz\u00e9k , Meska","view_count":"101","favourite_count":"1","trending_score":"0","last2MonthFavouriteCount":"0","promotion":"0","giftcard_accept":"0","creditcard_accept":true,"enhanced_background":"0","domain":"meska","specific_customer_id":null,"specific_customer_name":null,"to_order_product":"0","to_order_product_time":"0","product_different":null,"product_different_description":"","vintage":"0","vintage_category_id":"0","recycled":"0","gemstone_id":"0","customizable":"0","type_category":"physical","zerowaste":"0","postage_price":"1290.00","shop_order":"0","has_category":"1","landing_pages":null,"microdata":{"number":9,"category":""},"title":"Ak\u00e1c kissz\u00e9k ","description":"T\u00f6m\u00f6r ak\u00e1cf\u00e1b\u00f3l k\u00e9sz\u00fclt kissz\u00e9k. \nM\u00e9rete: 28*28*32 cm \nFelhaszn\u00e1l\u00e1si ter\u00fclet: hangulatos konyh\u00e1ba, fedett teraszra , t\u00e9likertbe, gyerekszob\u00e1ba-kisgyereknek, vagy ak\u00e1r le\u00fclni a gyerek mell\u00e9 , vagy esetleg h\u00e1l\u00f3szob\u00e1ba-pakolni, el\u0151szob\u00e1ba -cip\u0151felh\u00faz\u00e1shoz- aj\u00e1nlom.\nEredeti funkci\u00f3nak megfelel\u0151en haszn\u00e1lhatjuk kissz\u00e9kk\u00e9nt, de ak\u00e1r polcnak, t\u00e1rol\u00f3nak, \u00e9jjeliszekr\u00e9nyk\u00e9nek, vir\u00e1gtart\u00f3nak is megfelelhet.\nT\u00f6m\u00f6r f\u00e1b\u00f3l k\u00e9sz\u00fclt, a fel\u00fclete kem\u00e9ny-viasz olajjal lett lekezelve. Tiszt\u00edt\u00e1sa b\u00fator\u00e1pol\u00f3 t\u00f6rl\u0151kend\u0151vel javasolt.                             ","score":0,"formatted_price":"22 000 Ft","image_url":"https:\/\/www.meska.hu\/img\/product\/small\/r\/m\/rmwoodart_product_697570_260210194107_689258.jpeg","formatted_url":"https:\/\/www.meska.hu\/p5732541-akac-kisszek","favourite":false,"in_stock":true,"avatar":"697570_avatar_1735598226.jpeg","delete_from":0,"is_enhanced_background":false,"is_enhanced":false,"product_selection_started":false,"is_active":true,"image_webp_url":"https:\/\/www.meska.hu\/img\/product\/small\/r\/m\/rmwoodart_product_697570_260210194107_689258.webp"},{"id":"6124713","shop_id":"47575","user_id":"697570","shop_name":"RMWoodArt","shop_zip":"7623","product_code":"5738233","product_name_old":null,"product_name":"Gombos Ak\u00e1c kissz\u00e9k (1db)","category_string":"Baba - mama, Babaszobab\u00fator, Gyerek sz\u00e9k, s\u00e1mli","technic_string":"Famegmunk\u00e1l\u00e1s","category_1":"1735","category_2":"1756","category_3":"1443","category_4":"0","merged_category_1":null,"merged_category_2":null,"merged_category_3":null,"technic_1":"478","technic_2":"0","technic_3":"0","color_1":"514","color_2":"0","color_3":"0","product_description_old":null,"product_description":"A gomb t\u00f6m\u00f6r ak\u00e1cfa \u00e9s a v\u00e1z  k\u0151ris f\u00e1b\u00f3l k\u00e9sz\u00fclt. \nM\u00e9rete: a gomb \u00e1tm\u00e9r\u0151je :28cm \u00e9s a kissz\u00e9k 30 cm magas.\nFelhaszn\u00e1l\u00e1si ter\u00fclet: hangulatos konyh\u00e1ba, fedett teraszra , t\u00e9likertbe, gyerekszob\u00e1ba-kisgyereknek, vagy ak\u00e1r le\u00fclni a gyerek mell\u00e9 mes\u00e9t olvasni, j\u00e1tszani, vagy esetleg h\u00e1l\u00f3szob\u00e1ba-pakolni, el\u0151szob\u00e1ba -cip\u0151felh\u00faz\u00e1shoz- aj\u00e1nlom.\nT\u00f6m\u00f6r f\u00e1b\u00f3l k\u00e9sz\u00fclt, a fel\u00fclete kem\u00e9ny-viasz olajjal lett lekezelve. Tiszt\u00edt\u00e1sa b\u00fator\u00e1pol\u00f3 t\u00f6rl\u0151kend\u0151vel javasolt.                             ","price":"25000.00","unit":"db","recommended":"0","status":"1","sponsored":"0","exp_notify":"0","own_material":"0","own_material_description_old":null,"own_material_description":"","jury":"0","jury_number":"","product_nature":"","meskaracsony":"0","create_date":"2026-02-21 20:04:03","shelve_id":"82101","image":"rmwoodart_product_697570_260221200157_32111.jpeg","image_width":"480","image_height":"456","image_alt":"Gombos Ak\u00e1c kissz\u00e9k (1db), A gomb t\u00f6m\u00f6r ak\u00e1cfa \u00e9s a v\u00e1z  k\u0151ris f\u00e1b\u00f3l k\u00e9sz\u00fclt. \\nM\u00e9rete: a gomb \u00e1tm\u00e9r\u0151je :28cm \u00e9s a kissz\u00e9k 30 cm..., Meska","image_title":"Gombos Ak\u00e1c kissz\u00e9k (1db), Meska","view_count":"61","favourite_count":"1","trending_score":"0","last2MonthFavouriteCount":"0","promotion":"0","giftcard_accept":"0","creditcard_accept":true,"enhanced_background":"0","domain":"meska","specific_customer_id":null,"specific_customer_name":null,"to_order_product":"0","to_order_product_time":"0","product_different":null,"product_different_description":"","vintage":"0","vintage_category_id":"0","recycled":"0","gemstone_id":"0","customizable":"0","type_category":"physical","zerowaste":"0","postage_price":"1290.00","shop_order":"0","has_category":"1","landing_pages":null,"microdata":{"number":10,"category":""},"title":"Gombos Ak\u00e1c kissz\u00e9k (1db)","description":"A gomb t\u00f6m\u00f6r ak\u00e1cfa \u00e9s a v\u00e1z  k\u0151ris f\u00e1b\u00f3l k\u00e9sz\u00fclt. \nM\u00e9rete: a gomb \u00e1tm\u00e9r\u0151je :28cm \u00e9s a kissz\u00e9k 30 cm magas.\nFelhaszn\u00e1l\u00e1si ter\u00fclet: hangulatos konyh\u00e1ba, fedett teraszra , t\u00e9likertbe, gyerekszob\u00e1ba-kisgyereknek, vagy ak\u00e1r le\u00fclni a gyerek mell\u00e9 mes\u00e9t olvasni, j\u00e1tszani, vagy esetleg h\u00e1l\u00f3szob\u00e1ba-pakolni, el\u0151szob\u00e1ba -cip\u0151felh\u00faz\u00e1shoz- aj\u00e1nlom.\nT\u00f6m\u00f6r f\u00e1b\u00f3l k\u00e9sz\u00fclt, a fel\u00fclete kem\u00e9ny-viasz olajjal lett lekezelve. Tiszt\u00edt\u00e1sa b\u00fator\u00e1pol\u00f3 t\u00f6rl\u0151kend\u0151vel javasolt.                             ","score":0,"formatted_price":"25 000 Ft","image_url":"https:\/\/www.meska.hu\/img\/product\/small\/r\/m\/rmwoodart_product_697570_260221200157_32111.jpeg","formatted_url":"https:\/\/www.meska.hu\/p5738233-gombos-akac-kisszek-1db","favourite":false,"in_stock":true,"avatar":"697570_avatar_1735598226.jpeg","delete_from":0,"is_enhanced_background":false,"is_enhanced":false,"product_selection_started":false,"is_active":true,"image_webp_url":"https:\/\/www.meska.hu\/img\/product\/small\/r\/m\/rmwoodart_product_697570_260221200157_32111.webp"},{"id":"3421802","shop_id":"30882","user_id":"392521","shop_name":"vertigodesign","shop_zip":"2092","product_code":"4034616","product_name_old":null,"product_name":"Sz\u00e9lezetlen di\u00f3fa kisszekr\u00e9ny \"VISTA\"","category_string":"Otthon & \u00c9letm\u00f3d, B\u00fator, Polc","technic_string":"Famegmunk\u00e1l\u00e1s","category_1":"813","category_2":"313","category_3":"560","category_4":"0","merged_category_1":"0","merged_category_2":"0","merged_category_3":"785","technic_1":"478","technic_2":"0","technic_3":"0","color_1":"514","color_2":"0","color_3":"0","product_description_old":null,"product_description":"T\u00e9v\u00e9szekr\u00e9ny, k\u00f6nyvespolc, kom\u00f3d \u2013 sok funkci\u00f3ra alkalmas, tart\u00f3s, sz\u00e9pen kimunk\u00e1lt kisszekr\u00e9ny, mely igazi val\u00f3j\u00e1ban mutatja meg a sz\u00e9lezetlen t\u00f6m\u00f6r di\u00f3fa minden sz\u00e9ps\u00e9g\u00e9t. \n\nB\u00e1r fel\u00fclete gondosan megmunk\u00e1lt, csiszolt \u00e9s fel\u00fcletkezelt, a fa term\u00e9szetes jegyeit, az erezetet, sz\u00ednt, g\u00f6cs\u00f6ket \u00e9s form\u00e1kat meghagytuk olyannak, amilyennek a fa teremt\u0151d\u00f6tt. Ett\u0151l kel igazi \u00e9letre a b\u00fator.  \n\nA kisszekr\u00e9ny fels\u0151 lapj\u00e1t sz\u00e9lezetlen\u00fcl hagyjuk, \u00edgy l\u00e1tszanak legjobban egyedi form\u00e1i. A k\u00e9t als\u00f3 polc lapjait azonban sz\u00e9lezz\u00fck, \u00edgy nem vonja el semmi a figyelmet a gy\u00f6ny\u00f6r\u0171 fels\u0151 pall\u00f3r\u00f3l.  \n\nA kisszekr\u00e9ny polcainak 25 cm-es sz\u00e9less\u00e9ge elegend\u0151 k\u00f6nyvek vagy d\u00edszt\u00e1rgyak t\u00e1rol\u00e1s\u00e1ra, de ha enn\u00e9l nagyobb pakol\u00f3fel\u00fcletre lenne sz\u00fcks\u00e9ged, k\u00e9r\u00e9sre nagyobb fel\u00fclettel is k\u00e9sz\u00edthetj\u00fck a polcokat. \n\nA fafel\u00fcletet bio kem\u00e9nyfaolajjal kezelj\u00fck, a tart\u00f3ss\u00e1g \u00e9s a fa sz\u00e9ps\u00e9g\u00e9nek hang\u00falyoz\u00e1sa \u00e9rdek\u00e9ben. Ez biztos\u00edtja, hogy a fel\u00fclet portasz\u00edt\u00f3 \u00e9s k\u00f6nnyen tiszt\u00edthat\u00f3 legyen, valamint v\u00edztasz\u00edt\u00f3 k\u00e9pess\u00e9ge miatt cserepes n\u00f6v\u00e9nyek t\u00e1rol\u00e1s\u00e1ra is alkalmas.\n\nM\u00e9rete:  100x80x25 cm  \n\n\u2022\tAnyaga: di\u00f3\n\u2022\tK\u00e9zzel k\u00e9sz\u00edtett term\u00e9k\n\u2022\tMin\u0151s\u00e9gi, t\u00f6m\u00f6rfa term\u00e9k\n\u2022\tMinden darab egyedi, a k\u00f6z\u00f6lt k\u00e9pekt\u0151l a v\u00e9gleges b\u00fator kis m\u00e9rt\u00e9kben (rajzolat, \u00edvek, \u00e1rnyalatok, csom\u00f3k) elt\u00e9rhet.\n","price":"140000.00","unit":"db","recommended":"0","status":"1","sponsored":"0","exp_notify":"0","own_material":"0","own_material_description_old":null,"own_material_description":"","jury":"0","jury_number":"","product_nature":"","meskaracsony":"0","create_date":"2026-01-18 06:35:53","shelve_id":"0","image":"vertigodesign_product_392521_210212223400_101499.jpeg","image_width":"480","image_height":"462","image_alt":"Sz\u00e9lezetlen di\u00f3fa kisszekr\u00e9ny \\\"VISTA\\\", T\u00e9v\u00e9szekr\u00e9ny, k\u00f6nyvespolc, kom\u00f3d \u2013 sok funkci\u00f3ra alkalmas, tart\u00f3s, sz\u00e9pen kimunk\u00e1lt kisszekr\u00e9ny, mel..., Meska","image_title":"Sz\u00e9lezetlen di\u00f3fa kisszekr\u00e9ny \\\"VISTA\\\", Meska","view_count":"4198","favourite_count":"1","trending_score":"0","last2MonthFavouriteCount":"0","promotion":"0","giftcard_accept":"1","creditcard_accept":true,"enhanced_background":"0","domain":"meska","specific_customer_id":null,"specific_customer_name":null,"to_order_product":"1","to_order_product_time":"14","product_different":"different","product_different_description":"Minden darab egyedi, a k\u00f6z\u00f6lt k\u00e9pekt\u0151l a v\u00e9gleges d\u00edszt\u00e1rgy kis m\u00e9rt\u00e9kben (rajzolat, \u00edvek, \u00e1rnyalatok, csom\u00f3k) elt\u00e9rhet.","vintage":"0","vintage_category_id":"0","recycled":"0","gemstone_id":"0","customizable":"1","type_category":"physical","zerowaste":"0","postage_price":"5000.00","shop_order":"0","has_category":"1","landing_pages":null,"microdata":{"number":11,"category":""},"title":"Sz\u00e9lezetlen di\u00f3fa kisszekr\u00e9ny \"VISTA\"","description":"T\u00e9v\u00e9szekr\u00e9ny, k\u00f6nyvespolc, kom\u00f3d \u2013 sok funkci\u00f3ra alkalmas, tart\u00f3s, sz\u00e9pen kimunk\u00e1lt kisszekr\u00e9ny, mely igazi val\u00f3j\u00e1ban mutatja meg a sz\u00e9lezetlen t\u00f6m\u00f6r di\u00f3fa minden sz\u00e9ps\u00e9g\u00e9t. \n\nB\u00e1r fel\u00fclete gondosan megmunk\u00e1lt, csiszolt \u00e9s fel\u00fcletkezelt, a fa term\u00e9szetes jegyeit, az erezetet, sz\u00ednt, g\u00f6cs\u00f6ket \u00e9s form\u00e1kat meghagytuk olyannak, amilyennek a fa teremt\u0151d\u00f6tt. Ett\u0151l kel igazi \u00e9letre a b\u00fator.  \n\nA kisszekr\u00e9ny fels\u0151 lapj\u00e1t sz\u00e9lezetlen\u00fcl hagyjuk, \u00edgy l\u00e1tszanak legjobban egyedi form\u00e1i. A k\u00e9t als\u00f3 polc lapjait azonban sz\u00e9lezz\u00fck, \u00edgy nem vonja el semmi a figyelmet a gy\u00f6ny\u00f6r\u0171 fels\u0151 pall\u00f3r\u00f3l.  \n\nA kisszekr\u00e9ny polcainak 25 cm-es sz\u00e9less\u00e9ge elegend\u0151 k\u00f6nyvek vagy d\u00edszt\u00e1rgyak t\u00e1rol\u00e1s\u00e1ra, de ha enn\u00e9l nagyobb pakol\u00f3fel\u00fcletre lenne sz\u00fcks\u00e9ged, k\u00e9r\u00e9sre nagyobb fel\u00fclettel is k\u00e9sz\u00edthetj\u00fck a polcokat. \n\nA fafel\u00fcletet bio kem\u00e9nyfaolajjal kezelj\u00fck, a tart\u00f3ss\u00e1g \u00e9s a fa sz\u00e9ps\u00e9g\u00e9nek hang\u00falyoz\u00e1sa \u00e9rdek\u00e9ben. Ez biztos\u00edtja, hogy a fel\u00fclet portasz\u00edt\u00f3 \u00e9s k\u00f6nnyen tiszt\u00edthat\u00f3 legyen, valamint v\u00edztasz\u00edt\u00f3 k\u00e9pess\u00e9ge miatt cserepes n\u00f6v\u00e9nyek t\u00e1rol\u00e1s\u00e1ra is alkalmas.\n\nM\u00e9rete:  100x80x25 cm  \n\n\u2022\tAnyaga: di\u00f3\n\u2022\tK\u00e9zzel k\u00e9sz\u00edtett term\u00e9k\n\u2022\tMin\u0151s\u00e9gi, t\u00f6m\u00f6rfa term\u00e9k\n\u2022\tMinden darab egyedi, a k\u00f6z\u00f6lt k\u00e9pekt\u0151l a v\u00e9gleges b\u00fator kis m\u00e9rt\u00e9kben (rajzolat, \u00edvek, \u00e1rnyalatok, csom\u00f3k) elt\u00e9rhet.\n","score":0,"formatted_price":"140 000 Ft","image_url":"https:\/\/www.meska.hu\/img\/product\/small\/v\/e\/vertigodesign_product_392521_210212223400_101499.jpeg","formatted_url":"https:\/\/www.meska.hu\/p4034616-szelezetlen-diofa-kisszekreny-vista","favourite":false,"in_stock":false,"avatar":"vertigodesign_avatar_392521_1601541269.jpg","delete_from":0,"is_enhanced_background":false,"is_enhanced":false,"product_selection_started":false,"is_active":true,"image_webp_url":"https:\/\/www.meska.hu\/img\/product\/small\/v\/e\/vertigodesign_product_392521_210212223400_101499.webp"},{"id":"3191048","shop_id":"17901","user_id":"152433","shop_name":"MeDaLia","shop_zip":"7754","product_code":"4725711","product_name_old":null,"product_name":" Bababejelent\u0151 kar\u00e1csonyfad\u00edsz, t\u00f6m\u00f6r cseresznyef\u00e1b\u00f3l ","category_string":"Baba - mama, Bababejelent\u0151k, Babaeml\u00e9kek","technic_string":"Famegmunk\u00e1l\u00e1s, Grav\u00edroz\u00e1s, pirogr\u00e1fia","category_1":"1730","category_2":"1751","category_3":"1735","category_4":"0","merged_category_1":null,"merged_category_2":null,"merged_category_3":null,"technic_1":"478","technic_2":"796","technic_3":"0","color_1":"514","color_2":"0","color_3":"0","product_description_old":null,"product_description":"Magass\u00e1ga: 8cm\nAnyaga: t\u00f6m\u00f6r fa 5mm\nSzalag: szat\u00e9n\n\nHa k\u00fcl\u00f6nleges m\u00f3dj\u00e1t szeretn\u00e9d megadni a bababejelent\u00e9snek, akkor eml\u00e9kezetes aj\u00e1nd\u00e9k ez a kerek kar\u00e1csonyi d\u00edsz, mely kar\u00e1csonyf\u00e1ra illetve aj\u00e1nd\u00e9kk\u00eds\u00e9r\u0151nek is haszn\u00e1lhat\u00f3.\n\nM\u00e1s sz\u00f6veggel is k\u00e9rhet\u0151.\n\nHa k\u00e9r\u00e9sed, k\u00e9rd\u00e9sed van keress nyugodtan!\n","price":"1790.00","unit":"db","recommended":"0","status":"1","sponsored":"0","exp_notify":"0","own_material":"0","own_material_description_old":null,"own_material_description":"","jury":"0","jury_number":"","product_nature":"","meskaracsony":"0","create_date":"2026-01-14 13:53:05","shelve_id":"50563","image":"medalia_product_152433_220802155504_965421.jpeg","image_width":"480","image_height":"480","image_alt":" Bababejelent\u0151 kar\u00e1csonyfad\u00edsz, t\u00f6m\u00f6r cseresznyef\u00e1b\u00f3l , Magass\u00e1ga: 8cm\\nAnyaga: t\u00f6m\u00f6r fa 5mm\\nSzalag: szat\u00e9n\\n\\nHa k\u00fcl\u00f6nleges m\u00f3dj\u00e1t szeretn\u00e9d megadni a bababej..., Meska","image_title":" Bababejelent\u0151 kar\u00e1csonyfad\u00edsz, t\u00f6m\u00f6r cseresznyef\u00e1b\u00f3l , Meska","view_count":"2070","favourite_count":"1","trending_score":"0","last2MonthFavouriteCount":"0","promotion":"0","giftcard_accept":"1","creditcard_accept":true,"enhanced_background":"0","domain":"meska","specific_customer_id":null,"specific_customer_name":null,"to_order_product":"1","to_order_product_time":"10","product_different":"quite_different","product_different_description":"Feliratoz\u00e1s","vintage":"0","vintage_category_id":"0","recycled":"0","gemstone_id":"0","customizable":"0","type_category":"physical","zerowaste":"0","postage_price":"1990.00","shop_order":"0","has_category":"1","landing_pages":null,"microdata":{"number":12,"category":""},"title":" Bababejelent\u0151 kar\u00e1csonyfad\u00edsz, t\u00f6m\u00f6r cseresznyef\u00e1b\u00f3l ","description":"Magass\u00e1ga: 8cm\nAnyaga: t\u00f6m\u00f6r fa 5mm\nSzalag: szat\u00e9n\n\nHa k\u00fcl\u00f6nleges m\u00f3dj\u00e1t szeretn\u00e9d megadni a bababejelent\u00e9snek, akkor eml\u00e9kezetes aj\u00e1nd\u00e9k ez a kerek kar\u00e1csonyi d\u00edsz, mely kar\u00e1csonyf\u00e1ra illetve aj\u00e1nd\u00e9kk\u00eds\u00e9r\u0151nek is haszn\u00e1lhat\u00f3.\n\nM\u00e1s sz\u00f6veggel is k\u00e9rhet\u0151.\n\nHa k\u00e9r\u00e9sed, k\u00e9rd\u00e9sed van keress nyugodtan!\n","score":0,"formatted_price":"1 790 Ft","image_url":"https:\/\/www.meska.hu\/img\/product\/small\/m\/e\/medalia_product_152433_220802155504_965421.jpeg","formatted_url":"https:\/\/www.meska.hu\/p4725711-tomor-fabol-keszult-bababejelento-karacsonyfadisz","favourite":false,"in_stock":false,"avatar":"MeDaLia_avatar_152433.jpg","delete_from":0,"is_enhanced_background":false,"is_enhanced":false,"product_selection_started":false,"is_active":true,"image_webp_url":"https:\/\/www.meska.hu\/img\/product\/small\/m\/e\/medalia_product_152433_220802155504_965421.webp"},{"id":"5939940","shop_id":"40069","user_id":"556137","shop_name":"MatataBaba","shop_zip":"6773","product_code":"5632684","product_name_old":null,"product_name":"Gyerekasztal sz\u00e9kekkel","category_string":"Baba - mama, Gyerek asztal sz\u00e9kkel, Babaszobab\u00fator","technic_string":"Fest\u00e9szet","category_1":"1442","category_2":"1756","category_3":"1735","category_4":"0","merged_category_1":null,"merged_category_2":null,"merged_category_3":null,"technic_1":"480","technic_2":"0","technic_3":"0","color_1":"532","color_2":"0","color_3":"0","product_description_old":null,"product_description":"Teljes eg\u00e9sz\u00e9ben t\u00f6m\u00f6r f\u00e1b\u00f3l k\u00e9sz\u00fclt, massz\u00edv, strapab\u00edr\u00f3 darab!\nA szettet 3 r\u00e9tegben, a mint\u00e1s fel\u00fclet pedig 5 r\u00e9tegben lakkoztam, hogy hossz\u00fa-hossz\u00fa ideig sz\u00e9pek \u00e9s ellen\u00e1ll\u00f3k maradjanak.\n\nEz a szett Mili\u00e1nnak k\u00e9sz\u00fclt, akinek kor\u00e1bban egy matat\u00f3falat is alkottam \u2013 \u00edgy most az ott megjelen\u0151 cuki \u00e1llatok visszak\u00f6sz\u00f6nnek az asztalon is. \n\n M\u00e9retek:\n\u2022 Asztallap: 62 \u00d7 45 cm | Magass\u00e1g: 48 cm\n\u2022 Sz\u00e9kek: h\u00e1tt\u00e1mla 50 cm | \u00fcl\u0151fel\u00fclet 30 \u00d7 30 cm | \u00fcl\u0151magass\u00e1g: 26 cm\n\nHa szeretn\u00e9l hasonl\u00f3t \u00edrj b\u00e1tran :)","price":"76900.00","unit":"garn","recommended":"0","status":"1","sponsored":"0","exp_notify":"0","own_material":"0","own_material_description_old":null,"own_material_description":"","jury":"0","jury_number":"","product_nature":"","meskaracsony":"0","create_date":"2026-03-05 13:02:13","shelve_id":"80510","image":"matatababa_product_556137_251004062554_704879.jpeg","image_width":"480","image_height":"640","image_alt":"Gyerekasztal sz\u00e9kekkel, Teljes eg\u00e9sz\u00e9ben t\u00f6m\u00f6r f\u00e1b\u00f3l k\u00e9sz\u00fclt, massz\u00edv, strapab\u00edr\u00f3 darab!\\nA szettet 3 r\u00e9tegben, a mint\u00e1s fel\u00fc..., Meska","image_title":"Gyerekasztal sz\u00e9kekkel, Meska","view_count":"376","favourite_count":"1","trending_score":"0","last2MonthFavouriteCount":"1","promotion":"0","giftcard_accept":"0","creditcard_accept":false,"enhanced_background":"0","domain":"meska","specific_customer_id":null,"specific_customer_name":null,"to_order_product":"1","to_order_product_time":"30","product_different":null,"product_different_description":"","vintage":"0","vintage_category_id":"0","recycled":"0","gemstone_id":"0","customizable":"1","type_category":"physical","zerowaste":"0","postage_price":"2890.00","shop_order":"0","has_category":"1","landing_pages":null,"microdata":{"number":13,"category":""},"title":"Gyerekasztal sz\u00e9kekkel","description":"Teljes eg\u00e9sz\u00e9ben t\u00f6m\u00f6r f\u00e1b\u00f3l k\u00e9sz\u00fclt, massz\u00edv, strapab\u00edr\u00f3 darab!\nA szettet 3 r\u00e9tegben, a mint\u00e1s fel\u00fclet pedig 5 r\u00e9tegben lakkoztam, hogy hossz\u00fa-hossz\u00fa ideig sz\u00e9pek \u00e9s ellen\u00e1ll\u00f3k maradjanak.\n\nEz a szett Mili\u00e1nnak k\u00e9sz\u00fclt, akinek kor\u00e1bban egy matat\u00f3falat is alkottam \u2013 \u00edgy most az ott megjelen\u0151 cuki \u00e1llatok visszak\u00f6sz\u00f6nnek az asztalon is. \n\n M\u00e9retek:\n\u2022 Asztallap: 62 \u00d7 45 cm | Magass\u00e1g: 48 cm\n\u2022 Sz\u00e9kek: h\u00e1tt\u00e1mla 50 cm | \u00fcl\u0151fel\u00fclet 30 \u00d7 30 cm | \u00fcl\u0151magass\u00e1g: 26 cm\n\nHa szeretn\u00e9l hasonl\u00f3t \u00edrj b\u00e1tran :)","score":0,"formatted_price":"76 900 Ft","image_url":"https:\/\/www.meska.hu\/img\/product\/small\/m\/a\/matatababa_product_556137_251004062554_704879.jpeg","formatted_url":"https:\/\/www.meska.hu\/p5632684-gyerekasztal-szekekkel","favourite":false,"in_stock":false,"avatar":"556137_avatar_1741701055.jpeg","delete_from":0,"is_enhanced_background":false,"is_enhanced":false,"product_selection_started":false,"is_active":true,"image_webp_url":"https:\/\/www.meska.hu\/img\/product\/small\/m\/a\/matatababa_product_556137_251004062554_704879.webp"},{"id":"5939942","shop_id":"40069","user_id":"556137","shop_name":"MatataBaba","shop_zip":"6773","product_code":"5632686","product_name_old":null,"product_name":"Gyerekasztal sz\u00e9kekkel","category_string":"Baba - mama, Gyerek asztal sz\u00e9kkel, Babaszobab\u00fator","technic_string":"Fest\u00e9szet","category_1":"1442","category_2":"1756","category_3":"1735","category_4":"0","merged_category_1":null,"merged_category_2":null,"merged_category_3":null,"technic_1":"480","technic_2":"0","technic_3":"0","color_1":"532","color_2":"0","color_3":"0","product_description_old":null,"product_description":"Teljes eg\u00e9sz\u00e9ben t\u00f6m\u00f6r f\u00e1b\u00f3l k\u00e9sz\u00fclt, massz\u00edv, strapab\u00edr\u00f3 darab!\nA szettet 3 r\u00e9tegben, a mint\u00e1s fel\u00fclet pedig 5 r\u00e9tegben lakkoztam, hogy hossz\u00fa-hossz\u00fa ideig sz\u00e9pek \u00e9s ellen\u00e1ll\u00f3k maradjanak.\n\nEz a szett Mili\u00e1nnak k\u00e9sz\u00fclt, akinek kor\u00e1bban egy matat\u00f3falat is alkottam \u2013 \u00edgy most az ott megjelen\u0151 cuki \u00e1llatok visszak\u00f6sz\u00f6nnek az asztalon is. \n\n M\u00e9retek:\n\u2022 Asztallap: 62 \u00d7 45 cm | Magass\u00e1g: 48 cm\n\u2022 Sz\u00e9kek: h\u00e1tt\u00e1mla 50 cm | \u00fcl\u0151fel\u00fclet 30 \u00d7 30 cm | \u00fcl\u0151magass\u00e1g: 26 cm\n\nHa szeretn\u00e9l hasonl\u00f3t \u00edrj b\u00e1tran :)","price":"76900.00","unit":"garn","recommended":"0","status":"1","sponsored":"0","exp_notify":"0","own_material":"0","own_material_description_old":null,"own_material_description":"","jury":"0","jury_number":"","product_nature":"","meskaracsony":"0","create_date":"2026-03-05 13:02:11","shelve_id":"80510","image":"matatababa_product_556137_251004062740_651524.jpeg","image_width":"480","image_height":"267","image_alt":"Gyerekasztal sz\u00e9kekkel, Teljes eg\u00e9sz\u00e9ben t\u00f6m\u00f6r f\u00e1b\u00f3l k\u00e9sz\u00fclt, massz\u00edv, strapab\u00edr\u00f3 darab!\\nA szettet 3 r\u00e9tegben, a mint\u00e1s fel\u00fc..., Meska","image_title":"Gyerekasztal sz\u00e9kekkel, Meska","view_count":"145","favourite_count":"1","trending_score":"0","last2MonthFavouriteCount":"1","promotion":"0","giftcard_accept":"0","creditcard_accept":false,"enhanced_background":"0","domain":"meska","specific_customer_id":null,"specific_customer_name":null,"to_order_product":"1","to_order_product_time":"30","product_different":null,"product_different_description":"","vintage":"0","vintage_category_id":"0","recycled":"0","gemstone_id":"0","customizable":"1","type_category":"physical","zerowaste":"0","postage_price":"2890.00","shop_order":"0","has_category":"1","landing_pages":null,"microdata":{"number":14,"category":""},"title":"Gyerekasztal sz\u00e9kekkel","description":"Teljes eg\u00e9sz\u00e9ben t\u00f6m\u00f6r f\u00e1b\u00f3l k\u00e9sz\u00fclt, massz\u00edv, strapab\u00edr\u00f3 darab!\nA szettet 3 r\u00e9tegben, a mint\u00e1s fel\u00fclet pedig 5 r\u00e9tegben lakkoztam, hogy hossz\u00fa-hossz\u00fa ideig sz\u00e9pek \u00e9s ellen\u00e1ll\u00f3k maradjanak.\n\nEz a szett Mili\u00e1nnak k\u00e9sz\u00fclt, akinek kor\u00e1bban egy matat\u00f3falat is alkottam \u2013 \u00edgy most az ott megjelen\u0151 cuki \u00e1llatok visszak\u00f6sz\u00f6nnek az asztalon is. \n\n M\u00e9retek:\n\u2022 Asztallap: 62 \u00d7 45 cm | Magass\u00e1g: 48 cm\n\u2022 Sz\u00e9kek: h\u00e1tt\u00e1mla 50 cm | \u00fcl\u0151fel\u00fclet 30 \u00d7 30 cm | \u00fcl\u0151magass\u00e1g: 26 cm\n\nHa szeretn\u00e9l hasonl\u00f3t \u00edrj b\u00e1tran :)","score":0,"formatted_price":"76 900 Ft","image_url":"https:\/\/www.meska.hu\/img\/product\/small\/m\/a\/matatababa_product_556137_251004062740_651524.jpeg","formatted_url":"https:\/\/www.meska.hu\/p5632686-gyerekasztal-szekekkel","favourite":false,"in_stock":false,"avatar":"556137_avatar_1741701055.jpeg","delete_from":0,"is_enhanced_background":false,"is_enhanced":false,"product_selection_started":false,"is_active":true,"image_webp_url":"https:\/\/www.meska.hu\/img\/product\/small\/m\/a\/matatababa_product_556137_251004062740_651524.webp"},{"id":"5844007","shop_id":"40069","user_id":"556137","shop_name":"MatataBaba","shop_zip":"6773","product_code":"5577636","product_name_old":null,"product_name":"Gyerekasztal sz\u00e9kekkel","category_string":"Otthon & \u00c9letm\u00f3d, Babaszoba, gyerekszoba, Gyerek asztal sz\u00e9kkel","technic_string":"Fest\u00e9szet","category_1":"813","category_2":"1441","category_3":"1442","category_4":"0","merged_category_1":null,"merged_category_2":null,"merged_category_3":null,"technic_1":"480","technic_2":"0","technic_3":"0","color_1":"532","color_2":"0","color_3":"0","product_description_old":null,"product_description":"Teljes eg\u00e9sz\u00e9ben t\u00f6m\u00f6r f\u00e1b\u00f3l k\u00e9sz\u00fclt, massz\u00edv, strapab\u00edr\u00f3 darab!\nA szettet 3 r\u00e9tegben, a mint\u00e1s fel\u00fclet pedig 5 r\u00e9tegben lakkoztam, hogy hossz\u00fa-hossz\u00fa ideig sz\u00e9pek \u00e9s ellen\u00e1ll\u00f3k maradjanak.\n\nEz a szett Mili\u00e1nnak k\u00e9sz\u00fclt, akinek kor\u00e1bban egy matat\u00f3falat is alkottam \u2013 \u00edgy most az ott megjelen\u0151 cuki \u00e1llatok visszak\u00f6sz\u00f6nnek az asztalon is. \n\n M\u00e9retek:\n\u2022 Asztallap: 62 \u00d7 45 cm | Magass\u00e1g: 48 cm\n\u2022 Sz\u00e9kek: h\u00e1tt\u00e1mla 50 cm | \u00fcl\u0151fel\u00fclet 30 \u00d7 30 cm | \u00fcl\u0151magass\u00e1g: 26 cm\n\nHa szeretn\u00e9l hasonl\u00f3t \u00edrj b\u00e1tran :)","price":"76900.00","unit":"garn","recommended":"0","status":"1","sponsored":"0","exp_notify":"0","own_material":"0","own_material_description_old":null,"own_material_description":"","jury":"0","jury_number":"","product_nature":"","meskaracsony":"0","create_date":"2026-03-08 06:56:10","shelve_id":"80510","image":"matatababa_product_556137_250702102528_228684.jpeg","image_width":"480","image_height":"320","image_alt":"Gyerekasztal sz\u00e9kekkel, Teljes eg\u00e9sz\u00e9ben t\u00f6m\u00f6r f\u00e1b\u00f3l k\u00e9sz\u00fclt, massz\u00edv, strapab\u00edr\u00f3 darab!\\nA szettet 3 r\u00e9tegben, a mint\u00e1s fel\u00fc..., Meska","image_title":"Gyerekasztal sz\u00e9kekkel, Meska","view_count":"314","favourite_count":"1","trending_score":"0","last2MonthFavouriteCount":"1","promotion":"0","giftcard_accept":"0","creditcard_accept":false,"enhanced_background":"0","domain":"meska","specific_customer_id":null,"specific_customer_name":null,"to_order_product":"1","to_order_product_time":"60","product_different":null,"product_different_description":"","vintage":"0","vintage_category_id":"0","recycled":"0","gemstone_id":"0","customizable":"1","type_category":"physical","zerowaste":"0","postage_price":"2890.00","shop_order":"0","has_category":"1","landing_pages":null,"microdata":{"number":15,"category":""},"title":"Gyerekasztal sz\u00e9kekkel","description":"Teljes eg\u00e9sz\u00e9ben t\u00f6m\u00f6r f\u00e1b\u00f3l k\u00e9sz\u00fclt, massz\u00edv, strapab\u00edr\u00f3 darab!\nA szettet 3 r\u00e9tegben, a mint\u00e1s fel\u00fclet pedig 5 r\u00e9tegben lakkoztam, hogy hossz\u00fa-hossz\u00fa ideig sz\u00e9pek \u00e9s ellen\u00e1ll\u00f3k maradjanak.\n\nEz a szett Mili\u00e1nnak k\u00e9sz\u00fclt, akinek kor\u00e1bban egy matat\u00f3falat is alkottam \u2013 \u00edgy most az ott megjelen\u0151 cuki \u00e1llatok visszak\u00f6sz\u00f6nnek az asztalon is. \n\n M\u00e9retek:\n\u2022 Asztallap: 62 \u00d7 45 cm | Magass\u00e1g: 48 cm\n\u2022 Sz\u00e9kek: h\u00e1tt\u00e1mla 50 cm | \u00fcl\u0151fel\u00fclet 30 \u00d7 30 cm | \u00fcl\u0151magass\u00e1g: 26 cm\n\nHa szeretn\u00e9l hasonl\u00f3t \u00edrj b\u00e1tran :)","score":0,"formatted_price":"76 900 Ft","image_url":"https:\/\/www.meska.hu\/img\/product\/small\/m\/a\/matatababa_product_556137_250702102528_228684.jpeg","formatted_url":"https:\/\/www.meska.hu\/p5577636-gyerekasztal-szekekkel","favourite":false,"in_stock":false,"avatar":"556137_avatar_1741701055.jpeg","delete_from":0,"is_enhanced_background":false,"is_enhanced":false,"product_selection_started":false,"is_active":true,"image_webp_url":"https:\/\/www.meska.hu\/img\/product\/small\/m\/a\/matatababa_product_556137_250702102528_228684.webp"},{"id":"4464359","shop_id":"30882","user_id":"392521","shop_name":"vertigodesign","shop_zip":"2092","product_code":"4034632","product_name_old":null,"product_name":"Sz\u00e9lezetlen lebeg\u0151polc \"SOLO\"","category_string":"Otthon & \u00c9letm\u00f3d, B\u00fator, Polc","technic_string":"Famegmunk\u00e1l\u00e1s","category_1":"813","category_2":"313","category_3":"560","category_4":"0","merged_category_1":"0","merged_category_2":"0","merged_category_3":"785","technic_1":"478","technic_2":"0","technic_3":"0","color_1":"514","color_2":"0","color_3":"0","product_description_old":null,"product_description":"A kevesebb mindig t\u00f6bb: enn\u00e9l a t\u00f6m\u00f6rfa lebeg\u0151polcn\u00e1l pedig egyszer\u0171bbet, megmunk\u00e1l\u00e1s\u00e1ban kifinomultabbat \u00e9s sim\u00e1bbat, sz\u00e9lezetlen \u00e9lein\u00e9l term\u00e9szetesebbet k\u00edv\u00e1nni sem lehet. \n\nMinden polc megism\u00e9telhetetlen: egyedi erezettel, egyedi sz\u00e9lezetlen \u00edvekkel, egyedi \u00e1rnyalatokkal.\n25 cm-es sz\u00e9less\u00e9ge elegend\u0151 k\u00f6nyvek vagy d\u00edszt\u00e1rgyak t\u00e1rol\u00e1s\u00e1ra, de ha enn\u00e9l nagyobb pakol\u00f3fel\u00fcletre lenne sz\u00fcks\u00e9ged, k\u00e9r\u00e9sre nagyobb fel\u00fclettel is k\u00e9sz\u00edthetj\u00fck a polcokat. \n\nR\u00f6videbb \u00e9s hosszabb polcokat is \u00e9rdemes egym\u00e1s mellett kombin\u00e1lni, a k\u00fcl\u00f6nleges hat\u00e1s \u00e9rdek\u00e9ben. \nA polcokat al\u00e1t\u00e1maszt\u00f3 konzol n\u00e9lk\u00fcl, falba f\u00fart stiftekkel szerelj\u00fck, \u00edgy a vizu\u00e1lis hat\u00e1st semmi sem rontja el, a polcok t\u00e9nyleg \u201elebegnek\u201d. Ennek ellen\u00e9re a polcok stabilak, biztons\u00e1gos tart\u00e1st adnak. \n\nA fafel\u00fcletet bio kem\u00e9nyfaolajjal kezelj\u00fck, a tart\u00f3ss\u00e1g \u00e9s a fa sz\u00e9ps\u00e9g\u00e9nek hangs\u00falyoz\u00e1sa \u00e9rdek\u00e9ben. Ez biztos\u00edtja, hogy a fel\u00fclet portasz\u00edt\u00f3 \u00e9s k\u00f6nnyen tiszt\u00edthat\u00f3 legyen, valamint v\u00edztasz\u00edt\u00f3 k\u00e9pess\u00e9ge miatt cserepes n\u00f6v\u00e9nyek t\u00e1rol\u00e1s\u00e1ra is alkalmas.\n\nM\u00e9rete: \n- 80x25 cm    \u00c1ra:  60.000 Ft \n- 120x25 cm   \u00c1ra:  80.000 Ft\n\n\u2022\tAnyaga: k\u0151ris\n\u2022\tK\u00e9zzel k\u00e9sz\u00edtett term\u00e9k\n\u2022\tMin\u0151s\u00e9gi, t\u00f6m\u00f6rfa term\u00e9k\n\u2022\tMinden darab egyedi, a k\u00f6z\u00f6lt k\u00e9pekt\u0151l a v\u00e9gleges b\u00fatordarab kis m\u00e9rt\u00e9kben (rajzolat, \u00edvek, \u00e1rnyalatok, csom\u00f3k) elt\u00e9rhet.\n","price":"60000.00","unit":"db","recommended":"0","status":"1","sponsored":"0","exp_notify":"0","own_material":"0","own_material_description_old":null,"own_material_description":"","jury":"0","jury_number":"","product_nature":"","meskaracsony":"0","create_date":"2026-02-01 10:07:14","shelve_id":"0","image":"vertigodesign_product_392521_221011213551_387561.jpeg","image_width":"480","image_height":"289","image_alt":"Sz\u00e9lezetlen lebeg\u0151polc \\\"SOLO\\\", A kevesebb mindig t\u00f6bb: enn\u00e9l a t\u00f6m\u00f6rfa lebeg\u0151polcn\u00e1l pedig egyszer\u0171bbet, megmunk\u00e1l\u00e1s\u00e1ban kifinomult..., Meska","image_title":"Sz\u00e9lezetlen lebeg\u0151polc \\\"SOLO\\\", Meska","view_count":"9423","favourite_count":"1","trending_score":"0","last2MonthFavouriteCount":"1","promotion":"0","giftcard_accept":"1","creditcard_accept":true,"enhanced_background":"0","domain":"meska","specific_customer_id":null,"specific_customer_name":null,"to_order_product":"1","to_order_product_time":"20","product_different":"different","product_different_description":"Minden darab egyedi, a k\u00f6z\u00f6lt k\u00e9pekt\u0151l a v\u00e9gleges b\u00fatordarab kis m\u00e9rt\u00e9kben (rajzolat, \u00edvek, \u00e1rnyalatok, csom\u00f3k) elt\u00e9rhet.","vintage":"0","vintage_category_id":"0","recycled":"0","gemstone_id":"0","customizable":"1","type_category":"physical","zerowaste":"0","postage_price":"3260.00","shop_order":"0","has_category":"1","landing_pages":null,"microdata":{"number":16,"category":""},"title":"Sz\u00e9lezetlen lebeg\u0151polc \"SOLO\"","description":"A kevesebb mindig t\u00f6bb: enn\u00e9l a t\u00f6m\u00f6rfa lebeg\u0151polcn\u00e1l pedig egyszer\u0171bbet, megmunk\u00e1l\u00e1s\u00e1ban kifinomultabbat \u00e9s sim\u00e1bbat, sz\u00e9lezetlen \u00e9lein\u00e9l term\u00e9szetesebbet k\u00edv\u00e1nni sem lehet. \n\nMinden polc megism\u00e9telhetetlen: egyedi erezettel, egyedi sz\u00e9lezetlen \u00edvekkel, egyedi \u00e1rnyalatokkal.\n25 cm-es sz\u00e9less\u00e9ge elegend\u0151 k\u00f6nyvek vagy d\u00edszt\u00e1rgyak t\u00e1rol\u00e1s\u00e1ra, de ha enn\u00e9l nagyobb pakol\u00f3fel\u00fcletre lenne sz\u00fcks\u00e9ged, k\u00e9r\u00e9sre nagyobb fel\u00fclettel is k\u00e9sz\u00edthetj\u00fck a polcokat. \n\nR\u00f6videbb \u00e9s hosszabb polcokat is \u00e9rdemes egym\u00e1s mellett kombin\u00e1lni, a k\u00fcl\u00f6nleges hat\u00e1s \u00e9rdek\u00e9ben. \nA polcokat al\u00e1t\u00e1maszt\u00f3 konzol n\u00e9lk\u00fcl, falba f\u00fart stiftekkel szerelj\u00fck, \u00edgy a vizu\u00e1lis hat\u00e1st semmi sem rontja el, a polcok t\u00e9nyleg \u201elebegnek\u201d. Ennek ellen\u00e9re a polcok stabilak, biztons\u00e1gos tart\u00e1st adnak. \n\nA fafel\u00fcletet bio kem\u00e9nyfaolajjal kezelj\u00fck, a tart\u00f3ss\u00e1g \u00e9s a fa sz\u00e9ps\u00e9g\u00e9nek hangs\u00falyoz\u00e1sa \u00e9rdek\u00e9ben. Ez biztos\u00edtja, hogy a fel\u00fclet portasz\u00edt\u00f3 \u00e9s k\u00f6nnyen tiszt\u00edthat\u00f3 legyen, valamint v\u00edztasz\u00edt\u00f3 k\u00e9pess\u00e9ge miatt cserepes n\u00f6v\u00e9nyek t\u00e1rol\u00e1s\u00e1ra is alkalmas.\n\nM\u00e9rete: \n- 80x25 cm    \u00c1ra:  60.000 Ft \n- 120x25 cm   \u00c1ra:  80.000 Ft\n\n\u2022\tAnyaga: k\u0151ris\n\u2022\tK\u00e9zzel k\u00e9sz\u00edtett term\u00e9k\n\u2022\tMin\u0151s\u00e9gi, t\u00f6m\u00f6rfa term\u00e9k\n\u2022\tMinden darab egyedi, a k\u00f6z\u00f6lt k\u00e9pekt\u0151l a v\u00e9gleges b\u00fatordarab kis m\u00e9rt\u00e9kben (rajzolat, \u00edvek, \u00e1rnyalatok, csom\u00f3k) elt\u00e9rhet.\n","score":0,"formatted_price":"60 000 Ft","image_url":"https:\/\/www.meska.hu\/img\/product\/small\/v\/e\/vertigodesign_product_392521_221011213551_387561.jpeg","formatted_url":"https:\/\/www.meska.hu\/p4034632-szelezetlen-lebegopolc-solo","favourite":false,"in_stock":false,"avatar":"vertigodesign_avatar_392521_1601541269.jpg","delete_from":0,"is_enhanced_background":false,"is_enhanced":false,"product_selection_started":false,"is_active":true,"image_webp_url":"https:\/\/www.meska.hu\/img\/product\/small\/v\/e\/vertigodesign_product_392521_221011213551_387561.webp"},{"id":"5972432","shop_id":"29541","user_id":"367562","shop_name":"Faesfemmuhely","shop_zip":"2458","product_code":"5655580","product_name_old":null,"product_name":"Rusztikus, ipari st\u00edlus\u00fa t\u00f6m\u00f6rfa polcos b\u00fator","category_string":"Otthon & \u00c9letm\u00f3d, B\u00fator, Polc","technic_string":"Famegmunk\u00e1l\u00e1s, F\u00e9mmegmunk\u00e1l\u00e1s","category_1":"813","category_2":"313","category_3":"560","category_4":"0","merged_category_1":null,"merged_category_2":null,"merged_category_3":null,"technic_1":"478","technic_2":"479","technic_3":"0","color_1":"514","color_2":"0","color_3":"0","product_description_old":null,"product_description":"Massz\u00edv, k\u00e9zzel k\u00e9sz\u00fclt rusztikus b\u00fator lucfeny\u0151b\u0151l, karakteres fekete f\u00e9m d\u00edsz\u00edt\u00e9sekkel.\nId\u0151t\u00e1ll\u00f3 darab, amely egyszerre praktikus \u00e9s l\u00e1tv\u00e1nyos eleme lehet az otthonodnak.\nA vastag, antik di\u00f3 sz\u00edn\u0171 faanyag \u00e9s a fekete ac\u00e9l elemek harmonikus kontrasztot alkotnak, igazi industrial hangulatot teremtve.\nFelhaszn\u00e1l\u00e1s:\nk\u00f6nyvespolck\u00e9nt\nkom\u00f3dk\u00e9nt\nTV-tart\u00f3 szekr\u00e9nyk\u00e9nt\nvend\u00e9gh\u00e1zba, nappaliba vagy \u00e9tkez\u0151be\nM\u00e9ret:\n160 \u00d7 30 \u00d7 75 cm\nAnyag:\nt\u00f6m\u00f6r lucfeny\u0151\nac\u00e9l d\u00edsz\u00edt\u00e9sek\nSz\u00edn:\nAntik di\u00f3 (\u00f6sszesen 22 f\u00e9le sz\u00ednben rendelhet\u0151)\nA b\u00fator stabil, massz\u00edv szerkezet\u0171, hossz\u00fa t\u00e1vra tervezve.\nMinden darab rendel\u00e9sre k\u00e9sz\u00fcl, ig\u00e9ny eset\u00e9n egyedi m\u00e9retben is.\nA m\u00e9rete miatt szem\u00e9lyes \u00e1tv\u00e9tellel vagy \u00fczemanyagk\u00f6lts\u00e9gen t\u00f6rt\u00e9n\u0151 h\u00e1zhoz sz\u00e1ll\u00edt\u00e1ssal tudom biztos\u00edtani az orsz\u00e1g eg\u00e9sz ter\u00fclet\u00e9n.\nFa \u00e9s F\u00e9m M\u0171hely","price":"169000.00","unit":"db","recommended":"0","status":"1","sponsored":"0","exp_notify":"0","own_material":"0","own_material_description_old":null,"own_material_description":"","jury":"0","jury_number":"","product_nature":"","meskaracsony":"0","create_date":"2026-02-27 22:13:51","shelve_id":"68548","image":"faesfemmuhely_product_367562_251030205749_324785.jpeg","image_width":"480","image_height":"521","image_alt":"Rusztikus, ipari st\u00edlus\u00fa t\u00f6m\u00f6rfa polcos b\u00fator, Massz\u00edv, k\u00e9zzel k\u00e9sz\u00fclt rusztikus b\u00fator lucfeny\u0151b\u0151l, karakteres fekete f\u00e9m d\u00edsz\u00edt\u00e9sekkel.\\nId\u0151t\u00e1ll\u00f3 d..., Meska","image_title":"Rusztikus, ipari st\u00edlus\u00fa t\u00f6m\u00f6rfa polcos b\u00fator, Meska","view_count":"616","favourite_count":"1","trending_score":"0","last2MonthFavouriteCount":"1","promotion":"0","giftcard_accept":"0","creditcard_accept":false,"enhanced_background":"0","domain":"meska","specific_customer_id":null,"specific_customer_name":null,"to_order_product":"1","to_order_product_time":"15","product_different":null,"product_different_description":"","vintage":"0","vintage_category_id":"0","recycled":"0","gemstone_id":"0","customizable":"0","type_category":"physical","zerowaste":"0","postage_price":"0.00","shop_order":"0","has_category":"1","landing_pages":null,"microdata":{"number":17,"category":""},"title":"Rusztikus, ipari st\u00edlus\u00fa t\u00f6m\u00f6rfa polcos b\u00fator","description":"Massz\u00edv, k\u00e9zzel k\u00e9sz\u00fclt rusztikus b\u00fator lucfeny\u0151b\u0151l, karakteres fekete f\u00e9m d\u00edsz\u00edt\u00e9sekkel.\nId\u0151t\u00e1ll\u00f3 darab, amely egyszerre praktikus \u00e9s l\u00e1tv\u00e1nyos eleme lehet az otthonodnak.\nA vastag, antik di\u00f3 sz\u00edn\u0171 faanyag \u00e9s a fekete ac\u00e9l elemek harmonikus kontrasztot alkotnak, igazi industrial hangulatot teremtve.\nFelhaszn\u00e1l\u00e1s:\nk\u00f6nyvespolck\u00e9nt\nkom\u00f3dk\u00e9nt\nTV-tart\u00f3 szekr\u00e9nyk\u00e9nt\nvend\u00e9gh\u00e1zba, nappaliba vagy \u00e9tkez\u0151be\nM\u00e9ret:\n160 \u00d7 30 \u00d7 75 cm\nAnyag:\nt\u00f6m\u00f6r lucfeny\u0151\nac\u00e9l d\u00edsz\u00edt\u00e9sek\nSz\u00edn:\nAntik di\u00f3 (\u00f6sszesen 22 f\u00e9le sz\u00ednben rendelhet\u0151)\nA b\u00fator stabil, massz\u00edv szerkezet\u0171, hossz\u00fa t\u00e1vra tervezve.\nMinden darab rendel\u00e9sre k\u00e9sz\u00fcl, ig\u00e9ny eset\u00e9n egyedi m\u00e9retben is.\nA m\u00e9rete miatt szem\u00e9lyes \u00e1tv\u00e9tellel vagy \u00fczemanyagk\u00f6lts\u00e9gen t\u00f6rt\u00e9n\u0151 h\u00e1zhoz sz\u00e1ll\u00edt\u00e1ssal tudom biztos\u00edtani az orsz\u00e1g eg\u00e9sz ter\u00fclet\u00e9n.\nFa \u00e9s F\u00e9m M\u0171hely","score":0,"formatted_price":"169 000 Ft","image_url":"https:\/\/www.meska.hu\/img\/product\/small\/f\/a\/faesfemmuhely_product_367562_251030205749_324785.jpeg","formatted_url":"https:\/\/www.meska.hu\/p5655580-rusztikus-polc","favourite":false,"in_stock":false,"avatar":"367562_avatar_1757715425.jpeg","delete_from":0,"is_enhanced_background":false,"is_enhanced":false,"product_selection_started":false,"is_active":true,"image_webp_url":"https:\/\/www.meska.hu\/img\/product\/small\/f\/a\/faesfemmuhely_product_367562_251030205749_324785.webp"},{"id":"5647987","shop_id":"9458","user_id":"50727","shop_name":"FromWood","shop_zip":"1155","product_code":"5466735","product_name_old":null,"product_name":"Vajaz\u00f3 k\u00e9sek \u2013 5 db-os k\u00e9sk\u00e9szlet 1.","category_string":"Otthon & \u00c9letm\u00f3d, Konyhafelszerel\u00e9s, t\u00e1lal\u00e1s, S\u00fct\u00e9s, f\u0151z\u00e9s, K\u00e9s & K\u00e9start\u00f3","technic_string":"Famegmunk\u00e1l\u00e1s","category_1":"813","category_2":"393","category_3":"1481","category_4":"764","merged_category_1":null,"merged_category_2":null,"merged_category_3":null,"technic_1":"478","technic_2":"0","technic_3":"0","color_1":"514","color_2":"0","color_3":"0","product_description_old":null,"product_description":"Szereted a term\u00e9szetes dolgokat? Sz\u00edvesen veszed k\u00f6r\u00fcl magad fa kieg\u00e9sz\u00edt\u0151kkel? A fa megnyugtat, egyedi mint\u00e1zata, sz\u00edne, tapint\u00e1sa mag\u00e1val ragad?\n\nA vajaz\u00f3k\u00e9s szett 2 f\u00e9le form\u00e1j\u00fa, de 4 k\u00fcl\u00f6nb\u00f6z\u0151 faanyagb\u00f3l (cseresznye, k\u0151ris, di\u00f3, t\u00f6lgy) k\u00e9sz\u00fclt, term\u00e9szetes kem\u00e9nyolajjal fel\u00fcletkezelt ken\u0151k\u00e9st tartalmaz.\nA fenti \u00e1r az 5 db k\u00e9sre vonatkozik. Ha szeretn\u00e9, a fot\u00f3kon l\u00e1that\u00f3 d\u00edszdobozok valamelyik\u00e9ben k\u00fcldj\u00fck \u0151ket. A d\u00edszdoboz \u00e1ra 2350 Ft. \n\nA k\u00e9sek m\u00e9retei (balr\u00f3l jobbra):\n\n\u201cSimplicity: 14 cm hossz\u00fa\n\u201cSimplicity: 14 cm hossz\u00fa\n\u201cTrendy\u201d: 17 cm hossz\u00fa\n\u201cSimplicity: 14 cm hossz\u00fa\n\u201cTrendy\u201d: 17 cm hossz\u00fa\n\nEzen darabokhoz is az Auro egyik term\u00e9szetes fel\u00fcletkezel\u0151 kem\u00e9nyolaj\u00e1t v\u00e1lasztottuk. A term\u00e9kek funkci\u00f3j\u00e1hoz legink\u00e1bb val\u00f3t. Az auro olajok bel\u00e9legezhet\u0151ek, k\u00f6rnyezetbar\u00e1tak, tart\u00f3s\u00edt\u00f3szer mentesek, semmilyen vesz\u00e9lyes anyagot nem tartalmaznak, megfelelnek a legszigor\u00fabb k\u00f6rnyezetv\u00e9delmi \u00e9s eg\u00e9szs\u00e9g\u00fcgyi el\u0151\u00edr\u00e1soknak.\n\nA f\u00e1hoz j\u00f3 hozz\u00e1\u00e9rni, bar\u00e1ts\u00e1gos sz\u00edn\u0171, selymes f\u00e9ny\u0171. Nemcsak az alapanyag, hanem a tart\u00f3ss\u00e1g\u00e1t garant\u00e1l\u00f3 fel\u00fcletkezel\u0151 anyag is teljesen term\u00e9szetes. Sz\u00fcks\u00e9ges is, hogy \u00edgy legyen, hisz a term\u00e9szetes anyagok lak\u00f3k\u00f6rnyezet\u00fcnk alak\u00edt\u00e1s\u00e1nak leg\u00e9rt\u00e9kesebb anyagai.\n\nA k\u00e9peken l\u00e1that\u00f3 k\u00e9szlet k\u00e9szleten l\u00e9v\u0151, azonnal vihet\u0151.\n\nEsetleges k\u00e9rd\u00e9s\u00e9t, k\u00e9r\u00e9s\u00e9t \u00fczenetben v\u00e1rjuk, melyre 24 \u00f3r\u00e1n bel\u00fcl v\u00e1laszolunk.\n\nTiszt\u00edt\u00e1sa, \u00e1llagmeg\u00f3v\u00e1s:\nA vajaz\u00f3k\u00e9s tiszt\u00edt\u00e1sa amennyiben csak vajjal \u00e9rintkezett (nem lekv\u00e1rral, m\u00e9zzel vagy nutell\u00e1val, stb.) egy pap\u00edrt\u00f6rl\u0151vel j\u00f3l \u00e1tt\u00f6r\u00f6lve is el\u00e9gs\u00e9ges. N\u00e9h\u00e1ny alkalom ut\u00e1n, id\u0151nk\u00e9nt mos\u00f3szeres szivaccsal aj\u00e1nlott, de semmik\u00e9ppen sem javasoljuk mosogat\u00f3-, sz\u00e1r\u00edt\u00f3g\u00e9pben val\u00f3 tiszt\u00edt\u00e1s\u00e1t, vagy hosszabb ideig forr\u00f3 v\u00edzben val\u00f3 \u00e1ztat\u00e1s\u00e1t. Mosogat\u00e1s \u00e9s \u00f6bl\u00edt\u00e9s ut\u00e1n is javasoljuk, hogy t\u00f6r\u00f6lje sz\u00e1razra, tov\u00e1bb lesz sz\u00e9p \u00e9s maradand\u00f3 ez a term\u00e9szetes anyagokb\u00f3l k\u00e9sz\u00fclt k\u00e9s.\nSzint\u00e9n \u00e9lettartama meg\u00f3v\u00e1sa \u00e9rdek\u00e9ben, ha megfogva m\u00e9gis sz\u00e1raznak \u00e9rzi, \u00e9rdemes id\u0151r\u0151l id\u0151re \u00fajra olajozni valamilyen \u00e9lelmiszeripari, pl. len- vagy parafinolajjal. A vajaz\u00f3k\u00e9s k\u00e9zi munk\u00e1val, t\u00f6bb munkaf\u00e1zis (v\u00e1g\u00e1s, csiszol\u00e1s, olajoz\u00e1s) r\u00e9v\u00e9n sz\u00fcletik meg.","price":"31050.00","unit":"garn","recommended":"0","status":"1","sponsored":"0","exp_notify":"0","own_material":"0","own_material_description_old":null,"own_material_description":"","jury":"0","jury_number":"","product_nature":"","meskaracsony":"0","create_date":"2026-04-07 17:23:09","shelve_id":"22359","image":"fromwood_product_50727_250108145638_686450.jpeg","image_width":"480","image_height":"322","image_alt":"Vajaz\u00f3 k\u00e9sek \u2013 5 db-os k\u00e9sk\u00e9szlet 1., Szereted a term\u00e9szetes dolgokat? Sz\u00edvesen veszed k\u00f6r\u00fcl magad fa kieg\u00e9sz\u00edt\u0151kkel? A fa megnyugtat, egy..., Meska","image_title":"Vajaz\u00f3 k\u00e9sek \u2013 5 db-os k\u00e9sk\u00e9szlet 1., Meska","view_count":"675","favourite_count":"1","trending_score":"0","last2MonthFavouriteCount":"1","promotion":0,"giftcard_accept":"1","creditcard_accept":false,"enhanced_background":"0","domain":"meska","specific_customer_id":null,"specific_customer_name":null,"to_order_product":"0","to_order_product_time":"0","product_different":null,"product_different_description":"","vintage":"0","vintage_category_id":"0","recycled":"0","gemstone_id":"0","customizable":"0","type_category":"physical","zerowaste":"0","postage_price":"1290.00","shop_order":"0","has_category":"1","landing_pages":null,"microdata":{"number":18,"category":""},"title":"Vajaz\u00f3 k\u00e9sek \u2013 5 db-os k\u00e9sk\u00e9szlet 1.","description":"Szereted a term\u00e9szetes dolgokat? Sz\u00edvesen veszed k\u00f6r\u00fcl magad fa kieg\u00e9sz\u00edt\u0151kkel? A fa megnyugtat, egyedi mint\u00e1zata, sz\u00edne, tapint\u00e1sa mag\u00e1val ragad?\n\nA vajaz\u00f3k\u00e9s szett 2 f\u00e9le form\u00e1j\u00fa, de 4 k\u00fcl\u00f6nb\u00f6z\u0151 faanyagb\u00f3l (cseresznye, k\u0151ris, di\u00f3, t\u00f6lgy) k\u00e9sz\u00fclt, term\u00e9szetes kem\u00e9nyolajjal fel\u00fcletkezelt ken\u0151k\u00e9st tartalmaz.\nA fenti \u00e1r az 5 db k\u00e9sre vonatkozik. Ha szeretn\u00e9, a fot\u00f3kon l\u00e1that\u00f3 d\u00edszdobozok valamelyik\u00e9ben k\u00fcldj\u00fck \u0151ket. A d\u00edszdoboz \u00e1ra 2350 Ft. \n\nA k\u00e9sek m\u00e9retei (balr\u00f3l jobbra):\n\n\u201cSimplicity: 14 cm hossz\u00fa\n\u201cSimplicity: 14 cm hossz\u00fa\n\u201cTrendy\u201d: 17 cm hossz\u00fa\n\u201cSimplicity: 14 cm hossz\u00fa\n\u201cTrendy\u201d: 17 cm hossz\u00fa\n\nEzen darabokhoz is az Auro egyik term\u00e9szetes fel\u00fcletkezel\u0151 kem\u00e9nyolaj\u00e1t v\u00e1lasztottuk. A term\u00e9kek funkci\u00f3j\u00e1hoz legink\u00e1bb val\u00f3t. Az auro olajok bel\u00e9legezhet\u0151ek, k\u00f6rnyezetbar\u00e1tak, tart\u00f3s\u00edt\u00f3szer mentesek, semmilyen vesz\u00e9lyes anyagot nem tartalmaznak, megfelelnek a legszigor\u00fabb k\u00f6rnyezetv\u00e9delmi \u00e9s eg\u00e9szs\u00e9g\u00fcgyi el\u0151\u00edr\u00e1soknak.\n\nA f\u00e1hoz j\u00f3 hozz\u00e1\u00e9rni, bar\u00e1ts\u00e1gos sz\u00edn\u0171, selymes f\u00e9ny\u0171. Nemcsak az alapanyag, hanem a tart\u00f3ss\u00e1g\u00e1t garant\u00e1l\u00f3 fel\u00fcletkezel\u0151 anyag is teljesen term\u00e9szetes. Sz\u00fcks\u00e9ges is, hogy \u00edgy legyen, hisz a term\u00e9szetes anyagok lak\u00f3k\u00f6rnyezet\u00fcnk alak\u00edt\u00e1s\u00e1nak leg\u00e9rt\u00e9kesebb anyagai.\n\nA k\u00e9peken l\u00e1that\u00f3 k\u00e9szlet k\u00e9szleten l\u00e9v\u0151, azonnal vihet\u0151.\n\nEsetleges k\u00e9rd\u00e9s\u00e9t, k\u00e9r\u00e9s\u00e9t \u00fczenetben v\u00e1rjuk, melyre 24 \u00f3r\u00e1n bel\u00fcl v\u00e1laszolunk.\n\nTiszt\u00edt\u00e1sa, \u00e1llagmeg\u00f3v\u00e1s:\nA vajaz\u00f3k\u00e9s tiszt\u00edt\u00e1sa amennyiben csak vajjal \u00e9rintkezett (nem lekv\u00e1rral, m\u00e9zzel vagy nutell\u00e1val, stb.) egy pap\u00edrt\u00f6rl\u0151vel j\u00f3l \u00e1tt\u00f6r\u00f6lve is el\u00e9gs\u00e9ges. N\u00e9h\u00e1ny alkalom ut\u00e1n, id\u0151nk\u00e9nt mos\u00f3szeres szivaccsal aj\u00e1nlott, de semmik\u00e9ppen sem javasoljuk mosogat\u00f3-, sz\u00e1r\u00edt\u00f3g\u00e9pben val\u00f3 tiszt\u00edt\u00e1s\u00e1t, vagy hosszabb ideig forr\u00f3 v\u00edzben val\u00f3 \u00e1ztat\u00e1s\u00e1t. Mosogat\u00e1s \u00e9s \u00f6bl\u00edt\u00e9s ut\u00e1n is javasoljuk, hogy t\u00f6r\u00f6lje sz\u00e1razra, tov\u00e1bb lesz sz\u00e9p \u00e9s maradand\u00f3 ez a term\u00e9szetes anyagokb\u00f3l k\u00e9sz\u00fclt k\u00e9s.\nSzint\u00e9n \u00e9lettartama meg\u00f3v\u00e1sa \u00e9rdek\u00e9ben, ha megfogva m\u00e9gis sz\u00e1raznak \u00e9rzi, \u00e9rdemes id\u0151r\u0151l id\u0151re \u00fajra olajozni valamilyen \u00e9lelmiszeripari, pl. len- vagy parafinolajjal. A vajaz\u00f3k\u00e9s k\u00e9zi munk\u00e1val, t\u00f6bb munkaf\u00e1zis (v\u00e1g\u00e1s, csiszol\u00e1s, olajoz\u00e1s) r\u00e9v\u00e9n sz\u00fcletik meg.","score":0,"formatted_price":"31 050 Ft","image_url":"https:\/\/www.meska.hu\/img\/product\/small\/f\/r\/fromwood_product_50727_250108145638_686450.jpeg","formatted_url":"https:\/\/www.meska.hu\/p5466735-vajazo-kesek-5-db-os-keskeszlet-1","favourite":false,"in_stock":true,"avatar":"FromWood_avatar_50727_1586276996.jpg","delete_from":0,"is_enhanced_background":false,"is_enhanced":false,"product_selection_started":false,"is_active":true,"image_webp_url":"https:\/\/www.meska.hu\/img\/product\/small\/f\/r\/fromwood_product_50727_250108145638_686450.webp"},{"id":"6115674","shop_id":"47575","user_id":"697570","shop_name":"RMWoodArt","shop_zip":"7623","product_code":"5733103","product_name_old":null,"product_name":"Rusztikus Ak\u00e1c kissz\u00e9k ","category_string":"Baba - mama, Babaszobab\u00fator, Gyerek sz\u00e9k, s\u00e1mli","technic_string":"Famegmunk\u00e1l\u00e1s","category_1":"1735","category_2":"1756","category_3":"1443","category_4":"0","merged_category_1":null,"merged_category_2":null,"merged_category_3":null,"technic_1":"478","technic_2":"0","technic_3":"0","color_1":"514","color_2":"0","color_3":"0","product_description_old":null,"product_description":"T\u00f6m\u00f6r ak\u00e1cf\u00e1b\u00f3l k\u00e9sz\u00fclt kissz\u00e9k. \nM\u00e9rete: 28*28*32 cm \nFelhaszn\u00e1l\u00e1si ter\u00fclet: hangulatos konyh\u00e1ba, fedett teraszra , t\u00e9likertbe, gyerekszob\u00e1ba-kisgyereknek, vagy ak\u00e1r le\u00fclni a gyerek mell\u00e9 , vagy esetleg h\u00e1l\u00f3szob\u00e1ba-pakolni, el\u0151szob\u00e1ba -cip\u0151felh\u00faz\u00e1shoz- aj\u00e1nlom.\nEredeti funkci\u00f3nak megfelel\u0151en haszn\u00e1lhatjuk kissz\u00e9kk\u00e9nt, de ak\u00e1r polcnak, t\u00e1rol\u00f3nak, \u00e9jjeliszekr\u00e9nyk\u00e9nek, vir\u00e1gtart\u00f3nak is megfelelhet.\nT\u00f6m\u00f6r f\u00e1b\u00f3l k\u00e9sz\u00fclt, a fel\u00fclete kem\u00e9ny-viasz olajjal lett lekezelve. Tiszt\u00edt\u00e1sa b\u00fator\u00e1pol\u00f3 t\u00f6rl\u0151kend\u0151vel javasolt.                             ","price":"19000.00","unit":"db","recommended":"0","status":"1","sponsored":"0","exp_notify":"0","own_material":"0","own_material_description_old":null,"own_material_description":"","jury":"0","jury_number":"","product_nature":"","meskaracsony":"0","create_date":"2026-02-12 08:25:35","shelve_id":"82101","image":"rmwoodart_product_697570_260212082444_747944.jpeg","image_width":"480","image_height":"480","image_alt":"Rusztikus Ak\u00e1c kissz\u00e9k , T\u00f6m\u00f6r ak\u00e1cf\u00e1b\u00f3l k\u00e9sz\u00fclt kissz\u00e9k. \\nM\u00e9rete: 28*28*32 cm \\nFelhaszn\u00e1l\u00e1si ter\u00fclet: hangulatos konyh\u00e1ba, f..., Meska","image_title":"Rusztikus Ak\u00e1c kissz\u00e9k , Meska","view_count":"86","favourite_count":"1","trending_score":"0","last2MonthFavouriteCount":"1","promotion":"0","giftcard_accept":"0","creditcard_accept":true,"enhanced_background":"0","domain":"meska","specific_customer_id":null,"specific_customer_name":null,"to_order_product":"0","to_order_product_time":"0","product_different":null,"product_different_description":"","vintage":"0","vintage_category_id":"0","recycled":"0","gemstone_id":"0","customizable":"0","type_category":"physical","zerowaste":"0","postage_price":"1290.00","shop_order":"0","has_category":"1","landing_pages":null,"microdata":{"number":19,"category":""},"title":"Rusztikus Ak\u00e1c kissz\u00e9k ","description":"T\u00f6m\u00f6r ak\u00e1cf\u00e1b\u00f3l k\u00e9sz\u00fclt kissz\u00e9k. \nM\u00e9rete: 28*28*32 cm \nFelhaszn\u00e1l\u00e1si ter\u00fclet: hangulatos konyh\u00e1ba, fedett teraszra , t\u00e9likertbe, gyerekszob\u00e1ba-kisgyereknek, vagy ak\u00e1r le\u00fclni a gyerek mell\u00e9 , vagy esetleg h\u00e1l\u00f3szob\u00e1ba-pakolni, el\u0151szob\u00e1ba -cip\u0151felh\u00faz\u00e1shoz- aj\u00e1nlom.\nEredeti funkci\u00f3nak megfelel\u0151en haszn\u00e1lhatjuk kissz\u00e9kk\u00e9nt, de ak\u00e1r polcnak, t\u00e1rol\u00f3nak, \u00e9jjeliszekr\u00e9nyk\u00e9nek, vir\u00e1gtart\u00f3nak is megfelelhet.\nT\u00f6m\u00f6r f\u00e1b\u00f3l k\u00e9sz\u00fclt, a fel\u00fclete kem\u00e9ny-viasz olajjal lett lekezelve. Tiszt\u00edt\u00e1sa b\u00fator\u00e1pol\u00f3 t\u00f6rl\u0151kend\u0151vel javasolt.                             ","score":0,"formatted_price":"19 000 Ft","image_url":"https:\/\/www.meska.hu\/img\/product\/small\/r\/m\/rmwoodart_product_697570_260212082444_747944.jpeg","formatted_url":"https:\/\/www.meska.hu\/p5733103-rusztikus-akac-kisszek","favourite":false,"in_stock":true,"avatar":"697570_avatar_1735598226.jpeg","delete_from":0,"is_enhanced_background":false,"is_enhanced":false,"product_selection_started":false,"is_active":true,"image_webp_url":"https:\/\/www.meska.hu\/img\/product\/small\/r\/m\/rmwoodart_product_697570_260212082444_747944.webp"},{"id":"3418821","shop_id":"30882","user_id":"392521","shop_name":"vertigodesign","shop_zip":"2092","product_code":"4031680","product_name_old":null,"product_name":"T\u00f6m\u00f6rfa faszelet doh\u00e1nyz\u00f3asztal \"ANTIQ LOG\"","category_string":"Otthon & \u00c9letm\u00f3d, B\u00fator, Asztal","technic_string":"Famegmunk\u00e1l\u00e1s","category_1":"813","category_2":"313","category_3":"558","category_4":"0","merged_category_1":"0","merged_category_2":"0","merged_category_3":"785","technic_1":"478","technic_2":"0","technic_3":"0","color_1":"514","color_2":"518","color_3":"0","product_description_old":null,"product_description":"A plat\u00e1nfa r\u00f6nkj\u00e9b\u0151l szeletelt fa korong, mely doh\u00e1nyz\u00f3asztalunk lapj\u00e1t adja, t\u00f6k\u00e9letlen\u00fcl t\u00f6k\u00e9letes: szab\u00e1lyosan szab\u00e1lytalan form\u00e1j\u00fa. Robosztus \u00e9s tart\u00f3s faanyag, stabil l\u00e1baival garant\u00e1ltan borul\u00e1smentes. Ha term\u00e9szetes hat\u00e1s\u00fa, igaz\u00e1n kem\u00e9ny \u00e9s id\u0151tlen b\u00fatordarabot szeretn\u00e9l \u2013 ANTIQ LOG doh\u00e1nyz\u00f3asztalunkban nem fogsz csal\u00f3dni!\n\nK\u00fcl\u00f6nleges, massz\u00edv doh\u00e1nyz\u00f3asztalunk sz\u00e1r\u00edtott plat\u00e1nfa-metszetb\u0151l \u00e9s er\u0151s f\u00e9ml\u00e1bakb\u00f3l \u00e1ll. A csom\u00f3kat ki\u00f6nthetj\u00fck f\u00e9mmel, a reped\u00e9seket m\u0171gyant\u00e1val, de term\u00e9szetesen ilyen extra design n\u00e9lk\u00fcl is k\u00e9rhet\u0151.\n\nM\u00e9rete: 100-110 cm \u00e1tm\u00e9r\u0151\n\n\u2022\tAnyaga: plat\u00e1n\n\u2022\tVastags\u00e1ga: 10 \u2013 15 cm\n\u2022\tL\u00e1bazata: 15 cm magas f\u00e9ml\u00e1b\n\u2022\tK\u00e9zzel k\u00e9sz\u00edtett term\u00e9k\n\u2022\tMin\u0151s\u00e9gi t\u00f6m\u00f6rfa term\u00e9k\n\u2022\tA fel\u00fclet v\u00edz \u00e9s h\u0151\u00e1ll\u00f3 bio kem\u00e9nyfaolaj-bevonatot kap, mely portasz\u00edt\u00f3 \u00e9s remek\u00fcl tiszt\u00edthat\u00f3.\n\u2022\tMinden darab egyedi, a k\u00f6z\u00f6lt k\u00e9pekt\u0151l a v\u00e9gleges b\u00fatordarab kis m\u00e9rt\u00e9kben (rajzolat, \u00edvek, \u00e1rnyalatok, csom\u00f3k) elt\u00e9rhet.\n","price":"160000.00","unit":"db","recommended":"0","status":"1","sponsored":"0","exp_notify":"0","own_material":"0","own_material_description_old":null,"own_material_description":"","jury":"0","jury_number":"","product_nature":"","meskaracsony":"0","create_date":"2026-01-15 18:21:48","shelve_id":"0","image":"vertigodesign_product_392521_210210101109_896515.jpeg","image_width":"480","image_height":"639","image_alt":"T\u00f6m\u00f6rfa faszelet doh\u00e1nyz\u00f3asztal \\\"ANTIQ LOG\\\", A plat\u00e1nfa r\u00f6nkj\u00e9b\u0151l szeletelt fa korong, mely doh\u00e1nyz\u00f3asztalunk lapj\u00e1t adja, t\u00f6k\u00e9letlen\u00fcl t\u00f6k\u00e9letes..., Meska","image_title":"T\u00f6m\u00f6rfa faszelet doh\u00e1nyz\u00f3asztal \\\"ANTIQ LOG\\\", Meska","view_count":"4833","favourite_count":"1","trending_score":"0","last2MonthFavouriteCount":"1","promotion":"0","giftcard_accept":"1","creditcard_accept":true,"enhanced_background":"0","domain":"meska","specific_customer_id":null,"specific_customer_name":null,"to_order_product":"1","to_order_product_time":"14","product_different":"different","product_different_description":"Minden darab egyedi, a k\u00f6z\u00f6lt k\u00e9pekt\u0151l a v\u00e9gleges d\u00edszt\u00e1rgy kis m\u00e9rt\u00e9kben (rajzolat, \u00edvek, \u00e1rnyalatok, csom\u00f3k) elt\u00e9rhet.","vintage":"0","vintage_category_id":"0","recycled":"0","gemstone_id":"0","customizable":"1","type_category":"physical","zerowaste":"0","postage_price":"5000.00","shop_order":"0","has_category":"1","landing_pages":null,"microdata":{"number":20,"category":""},"title":"T\u00f6m\u00f6rfa faszelet doh\u00e1nyz\u00f3asztal \"ANTIQ LOG\"","description":"A plat\u00e1nfa r\u00f6nkj\u00e9b\u0151l szeletelt fa korong, mely doh\u00e1nyz\u00f3asztalunk lapj\u00e1t adja, t\u00f6k\u00e9letlen\u00fcl t\u00f6k\u00e9letes: szab\u00e1lyosan szab\u00e1lytalan form\u00e1j\u00fa. Robosztus \u00e9s tart\u00f3s faanyag, stabil l\u00e1baival garant\u00e1ltan borul\u00e1smentes. Ha term\u00e9szetes hat\u00e1s\u00fa, igaz\u00e1n kem\u00e9ny \u00e9s id\u0151tlen b\u00fatordarabot szeretn\u00e9l \u2013 ANTIQ LOG doh\u00e1nyz\u00f3asztalunkban nem fogsz csal\u00f3dni!\n\nK\u00fcl\u00f6nleges, massz\u00edv doh\u00e1nyz\u00f3asztalunk sz\u00e1r\u00edtott plat\u00e1nfa-metszetb\u0151l \u00e9s er\u0151s f\u00e9ml\u00e1bakb\u00f3l \u00e1ll. A csom\u00f3kat ki\u00f6nthetj\u00fck f\u00e9mmel, a reped\u00e9seket m\u0171gyant\u00e1val, de term\u00e9szetesen ilyen extra design n\u00e9lk\u00fcl is k\u00e9rhet\u0151.\n\nM\u00e9rete: 100-110 cm \u00e1tm\u00e9r\u0151\n\n\u2022\tAnyaga: plat\u00e1n\n\u2022\tVastags\u00e1ga: 10 \u2013 15 cm\n\u2022\tL\u00e1bazata: 15 cm magas f\u00e9ml\u00e1b\n\u2022\tK\u00e9zzel k\u00e9sz\u00edtett term\u00e9k\n\u2022\tMin\u0151s\u00e9gi t\u00f6m\u00f6rfa term\u00e9k\n\u2022\tA fel\u00fclet v\u00edz \u00e9s h\u0151\u00e1ll\u00f3 bio kem\u00e9nyfaolaj-bevonatot kap, mely portasz\u00edt\u00f3 \u00e9s remek\u00fcl tiszt\u00edthat\u00f3.\n\u2022\tMinden darab egyedi, a k\u00f6z\u00f6lt k\u00e9pekt\u0151l a v\u00e9gleges b\u00fatordarab kis m\u00e9rt\u00e9kben (rajzolat, \u00edvek, \u00e1rnyalatok, csom\u00f3k) elt\u00e9rhet.\n","score":0,"formatted_price":"160 000 Ft","image_url":"https:\/\/www.meska.hu\/img\/product\/small\/v\/e\/vertigodesign_product_392521_210210101109_896515.jpeg","formatted_url":"https:\/\/www.meska.hu\/p4031680-tomorfa-faszelet-dohanyzoasztal-antiq-log","favourite":false,"in_stock":false,"avatar":"vertigodesign_avatar_392521_1601541269.jpg","delete_from":0,"is_enhanced_background":false,"is_enhanced":false,"product_selection_started":false,"is_active":true,"image_webp_url":"https:\/\/www.meska.hu\/img\/product\/small\/v\/e\/vertigodesign_product_392521_210210101109_896515.webp"},{"id":"3191338","shop_id":"17901","user_id":"152433","shop_name":"MeDaLia","shop_zip":"7754","product_code":"4725709","product_name_old":null,"product_name":"Els\u0151 k\u00f6z\u00f6s otthon kar\u00e1csonyfad\u00edsz egyedi grav\u00edroz\u00e1ssal, t\u00f6m\u00f6r cseresznyef\u00e1b\u00f3l ","category_string":"Kar\u00e1csony, Kar\u00e1csonyi lak\u00e1sdekor\u00e1ci\u00f3, Kar\u00e1csonyfad\u00edszek","technic_string":"Famegmunk\u00e1l\u00e1s, Grav\u00edroz\u00e1s, pirogr\u00e1fia","category_1":"319","category_2":"324","category_3":"323","category_4":"0","merged_category_1":null,"merged_category_2":null,"merged_category_3":null,"technic_1":"478","technic_2":"796","technic_3":"0","color_1":"514","color_2":"0","color_3":"0","product_description_old":null,"product_description":"Magass\u00e1ga: 8cm\nAnyaga: t\u00f6m\u00f6r fa 5mm\nSzalag: szat\u00e9n\n\nK\u00fcl\u00f6nleges kar\u00e1csonyfad\u00edsz, melyet egyedi grav\u00edroz\u00e1ssal d\u00edsz\u00edt\u00fcnk. Nagyszer\u0171 aj\u00e1nd\u00e9k az els\u0151 k\u00f6z\u00f6s otthonban t\u00f6lt\u00f6tt kar\u00e1csony eml\u00e9k\u00e9re.\n\nM\u00e1s sz\u00f6veggel is k\u00e9rhet\u0151.\n\nHa k\u00e9r\u00e9sed, k\u00e9rd\u00e9sed van keress nyugodtan!\n","price":"1790.00","unit":"db","recommended":"0","status":"1","sponsored":"0","exp_notify":"0","own_material":"0","own_material_description_old":null,"own_material_description":"","jury":"0","jury_number":"","product_nature":"","meskaracsony":"0","create_date":"2026-04-10 10:04:55","shelve_id":"50563","image":"medalia_product_152433_191030183759_564180.jpeg","image_width":"480","image_height":"480","image_alt":"Els\u0151 k\u00f6z\u00f6s otthon kar\u00e1csonyfad\u00edsz egyedi grav\u00edroz\u00e1ssal, t\u00f6m\u00f6r cseresznyef\u00e1b\u00f3l , Magass\u00e1ga: 8cm\\nAnyaga: t\u00f6m\u00f6r fa 5mm\\nSzalag: szat\u00e9n\\n\\nK\u00fcl\u00f6nleges kar\u00e1csonyfad\u00edsz, melyet egyedi grav\u00edr..., Meska","image_title":"Els\u0151 k\u00f6z\u00f6s otthon kar\u00e1csonyfad\u00edsz egyedi grav\u00edroz\u00e1ssal, t\u00f6m\u00f6r cseresznyef\u00e1b\u00f3l , Meska","view_count":"1651","favourite_count":"1","trending_score":"0","last2MonthFavouriteCount":"1","promotion":"0","giftcard_accept":"1","creditcard_accept":true,"enhanced_background":"0","domain":"meska","specific_customer_id":null,"specific_customer_name":null,"to_order_product":"1","to_order_product_time":"10","product_different":"quite_different","product_different_description":"Feliratoz\u00e1s","vintage":"0","vintage_category_id":"0","recycled":"0","gemstone_id":"0","customizable":"0","type_category":"physical","zerowaste":"0","postage_price":"1990.00","shop_order":"0","has_category":"1","landing_pages":null,"microdata":{"number":21,"category":""},"title":"Els\u0151 k\u00f6z\u00f6s otthon kar\u00e1csonyfad\u00edsz egyedi grav\u00edroz\u00e1ssal, t\u00f6m\u00f6r cseresznyef\u00e1b\u00f3l ","description":"Magass\u00e1ga: 8cm\nAnyaga: t\u00f6m\u00f6r fa 5mm\nSzalag: szat\u00e9n\n\nK\u00fcl\u00f6nleges kar\u00e1csonyfad\u00edsz, melyet egyedi grav\u00edroz\u00e1ssal d\u00edsz\u00edt\u00fcnk. Nagyszer\u0171 aj\u00e1nd\u00e9k az els\u0151 k\u00f6z\u00f6s otthonban t\u00f6lt\u00f6tt kar\u00e1csony eml\u00e9k\u00e9re.\n\nM\u00e1s sz\u00f6veggel is k\u00e9rhet\u0151.\n\nHa k\u00e9r\u00e9sed, k\u00e9rd\u00e9sed van keress nyugodtan!\n","score":0,"formatted_price":"1 790 Ft","image_url":"https:\/\/www.meska.hu\/img\/product\/small\/m\/e\/medalia_product_152433_191030183759_564180.jpeg","formatted_url":"https:\/\/www.meska.hu\/p4725709-tomor-fabol-keszult-elso-kozos-otthon-karacsonyfadisz-egyedi-gravirozassal","favourite":false,"in_stock":false,"avatar":"MeDaLia_avatar_152433.jpg","delete_from":0,"is_enhanced_background":false,"is_enhanced":false,"product_selection_started":false,"is_active":true,"image_webp_url":"https:\/\/www.meska.hu\/img\/product\/small\/m\/e\/medalia_product_152433_191030183759_564180.webp"},{"id":"4466771","shop_id":"34099","user_id":"443363","shop_name":"Existsdesign","shop_zip":"4002","product_code":"4605462","product_name_old":null,"product_name":"Rusztikus t\u00f6m\u00f6r feny\u0151 fa doh\u00e1nyz\u00f3asztal, design doh\u00e1nyz\u00f3 asztal gerend\u00e1b\u00f3l, z\u00f6ld sz\u00ednben","category_string":"Otthon & \u00c9letm\u00f3d, B\u00fator, Asztal","technic_string":"Famegmunk\u00e1l\u00e1s, F\u00e9mmegmunk\u00e1l\u00e1s","category_1":"813","category_2":"313","category_3":"558","category_4":"0","merged_category_1":"0","merged_category_2":"0","merged_category_3":"785","technic_1":"478","technic_2":"479","technic_3":"0","color_1":"520","color_2":"529","color_3":"0","product_description_old":null,"product_description":"Ez az asztalka teljes m\u00e9rt\u00e9kben \u00fajrahasznos\u00edtott anyagokb\u00f3l k\u00e9sz\u00fclt, a gerenda r\u00e9sze \u00e9s a l\u00e1bai is haszn\u00e1lt vas elemekb\u0151l lettek \u00f6sszerakva. \n\nM\u00e9retei: 91 cm hossz\u00fas\u00e1g, 45 cm sz\u00e9less\u00e9g, 36 cm magass\u00e1g.\nA magass\u00e1ga \u00fagy lett kialak\u00edtva, hogy ide\u00e1lisan haszn\u00e1lhat\u00f3 legyen egy kanap\u00e9 mellett. A sokf\u00e9le fel\u00fclet kezel\u00e9si elj\u00e1r\u00e1s miatt nagyon tart\u00f3s. \n\nRusztikus b\u00fatorok eset\u00e9ben sokszor gondot okoz a tisztihat\u00f3s\u00e1g. Itt az utols\u00f3 r\u00e9teg egy matt lakk lett, \u00edgy meg\u0151rizte a fa a term\u00e9szetes erezet\u00e9t, viszont k\u00f6nnyen tiszt\u00edthat\u00f3 is.\n\nIg\u00e9ny szerint el tudom k\u00e9sz\u00edteni m\u00e1s m\u00e9retekben \u00e9s sz\u00ednekben is. ","price":"79000.00","unit":"db","recommended":"0","status":"1","sponsored":"0","exp_notify":"0","own_material":"0","own_material_description_old":null,"own_material_description":"","jury":"0","jury_number":"","product_nature":"","meskaracsony":"0","create_date":"2026-04-05 21:39:40","shelve_id":"0","image":"rrdesign_product_443363_220426154839_853168.jpeg","image_width":"480","image_height":"360","image_alt":"Rusztikus t\u00f6m\u00f6r feny\u0151 fa doh\u00e1nyz\u00f3asztal, design doh\u00e1nyz\u00f3 asztal gerend\u00e1b\u00f3l, z\u00f6ld sz\u00ednben, Ez az asztalka teljes m\u00e9rt\u00e9kben \u00fajrahasznos\u00edtott anyagokb\u00f3l k\u00e9sz\u00fclt, a gerenda r\u00e9sze \u00e9s a l\u00e1bai is h..., Meska","image_title":"Rusztikus t\u00f6m\u00f6r feny\u0151 fa doh\u00e1nyz\u00f3asztal, design doh\u00e1nyz\u00f3 asztal gerend\u00e1b\u00f3l, z\u00f6ld sz\u00ednben, Meska","view_count":"1837","favourite_count":"1","trending_score":"0","last2MonthFavouriteCount":"1","promotion":"0","giftcard_accept":"0","creditcard_accept":true,"enhanced_background":"0","domain":"meska","specific_customer_id":null,"specific_customer_name":null,"to_order_product":"1","to_order_product_time":"30","product_different":"quite_different","product_different_description":"Enyh\u00e9n elt\u00e9rhet az \u00e1rnyalat, a fa erezete.","vintage":"0","vintage_category_id":"0","recycled":"0","gemstone_id":"0","customizable":"0","type_category":"physical","zerowaste":"0","postage_price":"4790.00","shop_order":"0","has_category":"1","landing_pages":null,"microdata":{"number":22,"category":""},"title":"Rusztikus t\u00f6m\u00f6r feny\u0151 fa doh\u00e1nyz\u00f3asztal, design doh\u00e1nyz\u00f3 asztal gerend\u00e1b\u00f3l, z\u00f6ld sz\u00ednben","description":"Ez az asztalka teljes m\u00e9rt\u00e9kben \u00fajrahasznos\u00edtott anyagokb\u00f3l k\u00e9sz\u00fclt, a gerenda r\u00e9sze \u00e9s a l\u00e1bai is haszn\u00e1lt vas elemekb\u0151l lettek \u00f6sszerakva. \n\nM\u00e9retei: 91 cm hossz\u00fas\u00e1g, 45 cm sz\u00e9less\u00e9g, 36 cm magass\u00e1g.\nA magass\u00e1ga \u00fagy lett kialak\u00edtva, hogy ide\u00e1lisan haszn\u00e1lhat\u00f3 legyen egy kanap\u00e9 mellett. A sokf\u00e9le fel\u00fclet kezel\u00e9si elj\u00e1r\u00e1s miatt nagyon tart\u00f3s. \n\nRusztikus b\u00fatorok eset\u00e9ben sokszor gondot okoz a tisztihat\u00f3s\u00e1g. Itt az utols\u00f3 r\u00e9teg egy matt lakk lett, \u00edgy meg\u0151rizte a fa a term\u00e9szetes erezet\u00e9t, viszont k\u00f6nnyen tiszt\u00edthat\u00f3 is.\n\nIg\u00e9ny szerint el tudom k\u00e9sz\u00edteni m\u00e1s m\u00e9retekben \u00e9s sz\u00ednekben is. ","score":0,"formatted_price":"79 000 Ft","image_url":"https:\/\/www.meska.hu\/img\/product\/small\/r\/r\/rrdesign_product_443363_220426154839_853168.jpeg","formatted_url":"https:\/\/www.meska.hu\/p4605462-zold-rusztikus-dohanyzoasztal-dohanyzo-asztal-ujrafelhasznalt-gerenda-vintage","favourite":false,"in_stock":false,"avatar":"RRdesign_avatar_443363_1673113735.jpg","delete_from":0,"is_enhanced_background":false,"is_enhanced":false,"product_selection_started":false,"is_active":true,"image_webp_url":"https:\/\/www.meska.hu\/img\/product\/small\/r\/r\/rrdesign_product_443363_220426154839_853168.webp"},{"id":"6068810","shop_id":"48568","user_id":"711047","shop_name":"EutierriaCreative","shop_zip":"2483","product_code":"5699910","product_name_old":null,"product_name":"Neobarokk k\u00e9k-feh\u00e9r festett t\u00f6m\u00f6r fa kom\u00f3d","category_string":"Otthon & \u00c9letm\u00f3d, B\u00fator, Kom\u00f3d","technic_string":"Festett t\u00e1rgyak","category_1":"813","category_2":"313","category_3":"563","category_4":"0","merged_category_1":null,"merged_category_2":null,"merged_category_3":null,"technic_1":"481","technic_2":"0","technic_3":"0","color_1":"521","color_2":"0","color_3":"0","product_description_old":null,"product_description":"Annie Sloan Louis blue \u00e9s Old white kr\u00e9tafest\u00e9kkel festett, viaszolt, neobarokk kom\u00f3d.\nM\u00e9retei : 110 (sz\u00e9less\u00e9g) X 70 (magass\u00e1g) X 48 (m\u00e9lys\u00e9g) cm   \nSz\u00e1ll\u00edt\u00e1st orsz\u00e1gon bel\u00fcl tudjuk v\u00e1llalni, el\u0151re fizet\u00e9s eset\u00e9n.","price":"150000.00","unit":"db","recommended":"0","status":"1","sponsored":"0","exp_notify":"0","own_material":"0","own_material_description_old":null,"own_material_description":"","jury":"0","jury_number":"","product_nature":"","meskaracsony":"0","create_date":"2026-01-12 16:56:03","shelve_id":"0","image":"eutierriacreative_product_711047_260112164947_971870.jpeg","image_width":"480","image_height":"453","image_alt":"Neobarokk k\u00e9k-feh\u00e9r festett t\u00f6m\u00f6r fa kom\u00f3d, Annie Sloan Louis blue \u00e9s Old white kr\u00e9tafest\u00e9kkel festett, viaszolt, neobarokk kom\u00f3d.\\nM\u00e9retei : 110..., Meska","image_title":"Neobarokk k\u00e9k-feh\u00e9r festett t\u00f6m\u00f6r fa kom\u00f3d, Meska","view_count":"403","favourite_count":"1","trending_score":"0","last2MonthFavouriteCount":"7","promotion":"0","giftcard_accept":"0","creditcard_accept":true,"enhanced_background":"0","domain":"meska","specific_customer_id":null,"specific_customer_name":null,"to_order_product":"0","to_order_product_time":"0","product_different":null,"product_different_description":"","vintage":"0","vintage_category_id":"0","recycled":"0","gemstone_id":"0","customizable":"0","type_category":"physical","zerowaste":"0","postage_price":"0.00","shop_order":"0","has_category":"1","landing_pages":null,"microdata":{"number":23,"category":""},"title":"Neobarokk k\u00e9k-feh\u00e9r festett t\u00f6m\u00f6r fa kom\u00f3d","description":"Annie Sloan Louis blue \u00e9s Old white kr\u00e9tafest\u00e9kkel festett, viaszolt, neobarokk kom\u00f3d.\nM\u00e9retei : 110 (sz\u00e9less\u00e9g) X 70 (magass\u00e1g) X 48 (m\u00e9lys\u00e9g) cm   \nSz\u00e1ll\u00edt\u00e1st orsz\u00e1gon bel\u00fcl tudjuk v\u00e1llalni, el\u0151re fizet\u00e9s eset\u00e9n.","score":0,"formatted_price":"150 000 Ft","image_url":"https:\/\/www.meska.hu\/img\/product\/small\/e\/u\/eutierriacreative_product_711047_260112164947_971870.jpeg","formatted_url":"https:\/\/www.meska.hu\/p5699910-neobarokk-komod","favourite":false,"in_stock":true,"avatar":"711047_avatar_1758266833.jpeg","delete_from":0,"is_enhanced_background":false,"is_enhanced":false,"product_selection_started":false,"is_active":true,"image_webp_url":"https:\/\/www.meska.hu\/img\/product\/small\/e\/u\/eutierriacreative_product_711047_260112164947_971870.webp"},{"id":"6161473","shop_id":"29541","user_id":"367562","shop_name":"Faesfemmuhely","shop_zip":"2458","product_code":"5761974","product_name_old":null,"product_name":"Rusztikus kom\u00f3d -Signature modell","category_string":"Otthon & \u00c9letm\u00f3d, B\u00fator, Kom\u00f3d","technic_string":"Famegmunk\u00e1l\u00e1s, F\u00e9mmegmunk\u00e1l\u00e1s","category_1":"813","category_2":"313","category_3":"563","category_4":"0","merged_category_1":null,"merged_category_2":null,"merged_category_3":null,"technic_1":"478","technic_2":"479","technic_3":"0","color_1":"514","color_2":"0","color_3":"0","product_description_old":null,"product_description":"Rusztikus, t\u00f6m\u00f6rfa kom\u00f3d.\nMassz\u00edv, k\u00e9zzel k\u00e9sz\u00edtett kom\u00f3d antik di\u00f3 sz\u00ednben,\nkarakteres fekete vasalatokkal.\n120x40x90\nPraktikus bels\u0151 elrendez\u00e9se \u2014 k\u00e9t ajt\u00f3s szekr\u00e9nyr\u00e9sz \u00e9s h\u00e1rom fi\u00f3k \u2014 b\u0151s\u00e9ges t\u00e1rol\u00f3helyet biztos\u00edt, mik\u00f6zben a b\u00fator mark\u00e1ns, rusztikus megjelen\u00e9se a helyis\u00e9g k\u00f6zponti elem\u00e9v\u00e9 v\u00e1lik.\n\u2714 T\u00f6m\u00f6r fa szerkezet\n\u2714 Strapab\u00edr\u00f3, ipari jelleg\u0171 vasalatok\n\u2714 Antik di\u00f3 fel\u00fcletkezel\u00e9s\n\u2714 Egyedi, k\u00e9zm\u0171ves kivitel\n\u2714 Tart\u00f3s, id\u0151t\u00e1ll\u00f3 darab\nOtthonokba, vend\u00e9gh\u00e1zakba vagy vid\u00e9ki hangulat\u00fa enteri\u0151rbe is t\u00f6k\u00e9letes v\u00e1laszt\u00e1s.\nM\u00e9ret\u00e9n\u00e9l fogva csak szem\u00e9lyes \u00e1tv\u00e9tellel vagy \u00fczemanyag k\u00f6lts\u00e9gen h\u00e1zhoz sz\u00e1ll\u00edtom az orsz\u00e1g eg\u00e9sz ter\u00fclet\u00e9n.","price":"209000.00","unit":"db","recommended":"0","status":"1","sponsored":"0","exp_notify":"0","own_material":"0","own_material_description_old":null,"own_material_description":"","jury":"0","jury_number":"","product_nature":"","meskaracsony":"0","create_date":"2026-03-19 19:25:06","shelve_id":"68548","image":"faesfemmuhely_product_367562_260319190933_139780.png","image_width":"480","image_height":"320","image_alt":"Rusztikus kom\u00f3d -Signature modell, Rusztikus, t\u00f6m\u00f6rfa kom\u00f3d.\\nMassz\u00edv, k\u00e9zzel k\u00e9sz\u00edtett kom\u00f3d antik di\u00f3 sz\u00ednben,\\nkarakteres fekete vasal..., Meska","image_title":"Rusztikus kom\u00f3d -Signature modell, Meska","view_count":"124","favourite_count":"1","trending_score":"0","last2MonthFavouriteCount":"1","promotion":"0","giftcard_accept":"0","creditcard_accept":false,"enhanced_background":"0","domain":"meska","specific_customer_id":null,"specific_customer_name":null,"to_order_product":"0","to_order_product_time":"0","product_different":null,"product_different_description":"","vintage":"0","vintage_category_id":"0","recycled":"0","gemstone_id":"0","customizable":"0","type_category":"physical","zerowaste":"0","postage_price":"0.00","shop_order":"0","has_category":"1","landing_pages":null,"microdata":{"number":24,"category":""},"title":"Rusztikus kom\u00f3d -Signature modell","description":"Rusztikus, t\u00f6m\u00f6rfa kom\u00f3d.\nMassz\u00edv, k\u00e9zzel k\u00e9sz\u00edtett kom\u00f3d antik di\u00f3 sz\u00ednben,\nkarakteres fekete vasalatokkal.\n120x40x90\nPraktikus bels\u0151 elrendez\u00e9se \u2014 k\u00e9t ajt\u00f3s szekr\u00e9nyr\u00e9sz \u00e9s h\u00e1rom fi\u00f3k \u2014 b\u0151s\u00e9ges t\u00e1rol\u00f3helyet biztos\u00edt, mik\u00f6zben a b\u00fator mark\u00e1ns, rusztikus megjelen\u00e9se a helyis\u00e9g k\u00f6zponti elem\u00e9v\u00e9 v\u00e1lik.\n\u2714 T\u00f6m\u00f6r fa szerkezet\n\u2714 Strapab\u00edr\u00f3, ipari jelleg\u0171 vasalatok\n\u2714 Antik di\u00f3 fel\u00fcletkezel\u00e9s\n\u2714 Egyedi, k\u00e9zm\u0171ves kivitel\n\u2714 Tart\u00f3s, id\u0151t\u00e1ll\u00f3 darab\nOtthonokba, vend\u00e9gh\u00e1zakba vagy vid\u00e9ki hangulat\u00fa enteri\u0151rbe is t\u00f6k\u00e9letes v\u00e1laszt\u00e1s.\nM\u00e9ret\u00e9n\u00e9l fogva csak szem\u00e9lyes \u00e1tv\u00e9tellel vagy \u00fczemanyag k\u00f6lts\u00e9gen h\u00e1zhoz sz\u00e1ll\u00edtom az orsz\u00e1g eg\u00e9sz ter\u00fclet\u00e9n.","score":0,"formatted_price":"209 000 Ft","image_url":"https:\/\/www.meska.hu\/img\/product\/small\/f\/a\/faesfemmuhely_product_367562_260319190933_139780.png","formatted_url":"https:\/\/www.meska.hu\/p5761974-rusztikus-komod-signature-modell","favourite":false,"in_stock":true,"avatar":"367562_avatar_1757715425.jpeg","delete_from":0,"is_enhanced_background":false,"is_enhanced":false,"product_selection_started":false,"is_active":true,"image_webp_url":"https:\/\/www.meska.hu\/img\/product\/small\/f\/a\/faesfemmuhely_product_367562_260319190933_139780.webp"},{"id":"3146147","shop_id":"9458","user_id":"50727","shop_name":"FromWood","shop_zip":"1155","product_code":"4703020","product_name_old":null,"product_name":"Rusztikus t\u00f6m\u00f6r fa polc","category_string":"Otthon & \u00c9letm\u00f3d, B\u00fator, Polc","technic_string":"Famegmunk\u00e1l\u00e1s","category_1":"813","category_2":"313","category_3":"560","category_4":"0","merged_category_1":null,"merged_category_2":null,"merged_category_3":null,"technic_1":"478","technic_2":"0","technic_3":"0","color_1":"514","color_2":"0","color_3":"0","product_description_old":null,"product_description":"El\u0151szob\u00e1ba tervezt\u00fck ezt a sapk\u00e1k, s\u00e1lak, keszty\u0171k t\u00e1rol\u00e1s\u00e1ra sz\u00e1nt massz\u00edv d\u00edszes polcot, de szerint\u00fcnk j\u00f3l mutatna b\u00e1rmely konyh\u00e1ban, nagyobb \u00e9tkez\u0151ben, vagy ak\u00e1r egy nosztalgikus hangulatot id\u00e9z\u0151 nyaral\u00f3ban is! Tehet r\u00e1 f\u0171szer-, fakan\u00e1l-, ev\u0151eszk\u00f6ztart\u00f3t, receptk\u00f6nyveket, vagy b\u00e1rmi m\u00e1s fontos dolgot!\n\nAnyaga: b\u00fckk, paliszander sz\u00ednnel p\u00e1colva\nM\u00e9retei: 86,5 cm hossz\u00fa, 20,5 cm m\u00e9ly, 16 cm magas\n\nA p\u00e1c sz\u00edne lehet m\u00e1s, v\u00e1rjuk erre vonatkoz\u00f3 k\u00e9r\u00e9s\u00e9t, level\u00e9t.\n\nA k\u00e9pen l\u00e1that\u00f3 term\u00e9ket rendel\u00e9sre k\u00e9sz\u00edtj\u00fck. Elk\u00e9sz\u00edt\u00e9s\u00e9t a megrendel\u00e9st k\u00f6vet\u0151en 5-10 napon bel\u00fcl v\u00e1llaljuk. A v\u00e1llal\u00e1si hat\u00e1rid\u0151 aktu\u00e1lis megrendel\u00e9seink f\u00fcggv\u00e9ny\u00e9ben v\u00e1ltozhat. \n\nPolcunk feh\u00e9r v\u00e1ltozatban is el\u00e9rhet\u0151, az al\u00e1bbi linken tal\u00e1lja:\n\nhttps:\/\/www.meska.hu\/t1572057-rusztikus-tomor-fa-polc-feher\n\nHa szeretn\u00e9, term\u00e9szetesen a polc nat\u00far is rendelhet\u0151. V\u00e1rjuk erre vonatkoz\u00f3 \u00fczenet\u00e9t!\n\nHa tetszenek term\u00e9keink, jel\u00f6lj\u00f6n kedvenc k\u00e9sz\u00edt\u0151j\u00e9nek, \u00edgy a f\u0151oldalon (lent) folyamatosan \u00e9rtes\u00fclhet leg\u00fajabb term\u00e9keinkr\u0151l. Ne maradjon le semmir\u0151l!","price":"49440.00","unit":"db","recommended":"0","status":"1","sponsored":"0","exp_notify":"0","own_material":"0","own_material_description_old":null,"own_material_description":"","jury":"0","jury_number":"","product_nature":"","meskaracsony":"0","create_date":"2026-02-09 18:59:43","shelve_id":"19417","image":"fromwood_product_50727_170110123323_877386.jpeg","image_width":"480","image_height":"360","image_alt":"Rusztikus t\u00f6m\u00f6r fa polc, El\u0151szob\u00e1ba tervezt\u00fck ezt a sapk\u00e1k, s\u00e1lak, keszty\u0171k t\u00e1rol\u00e1s\u00e1ra sz\u00e1nt massz\u00edv d\u00edszes polcot, de szerin..., Meska","image_title":"Rusztikus t\u00f6m\u00f6r fa polc, Meska","view_count":"2107","favourite_count":"1","trending_score":"0","last2MonthFavouriteCount":"1","promotion":"0","giftcard_accept":"1","creditcard_accept":false,"enhanced_background":"0","domain":"meska","specific_customer_id":null,"specific_customer_name":null,"to_order_product":"1","to_order_product_time":"25","product_different":"quite_different","product_different_description":"a fa erezete \u00e9s a p\u00e1c sz\u00edne t\u00e9rhet el, ha m\u00e1s sz\u00edn\u0171t k\u00e9rsz","vintage":"0","vintage_category_id":"0","recycled":"0","gemstone_id":"0","customizable":"1","type_category":"physical","zerowaste":"0","postage_price":"3200.00","shop_order":"0","has_category":"1","landing_pages":null,"microdata":{"number":25,"category":""},"title":"Rusztikus t\u00f6m\u00f6r fa polc","description":"El\u0151szob\u00e1ba tervezt\u00fck ezt a sapk\u00e1k, s\u00e1lak, keszty\u0171k t\u00e1rol\u00e1s\u00e1ra sz\u00e1nt massz\u00edv d\u00edszes polcot, de szerint\u00fcnk j\u00f3l mutatna b\u00e1rmely konyh\u00e1ban, nagyobb \u00e9tkez\u0151ben, vagy ak\u00e1r egy nosztalgikus hangulatot id\u00e9z\u0151 nyaral\u00f3ban is! Tehet r\u00e1 f\u0171szer-, fakan\u00e1l-, ev\u0151eszk\u00f6ztart\u00f3t, receptk\u00f6nyveket, vagy b\u00e1rmi m\u00e1s fontos dolgot!\n\nAnyaga: b\u00fckk, paliszander sz\u00ednnel p\u00e1colva\nM\u00e9retei: 86,5 cm hossz\u00fa, 20,5 cm m\u00e9ly, 16 cm magas\n\nA p\u00e1c sz\u00edne lehet m\u00e1s, v\u00e1rjuk erre vonatkoz\u00f3 k\u00e9r\u00e9s\u00e9t, level\u00e9t.\n\nA k\u00e9pen l\u00e1that\u00f3 term\u00e9ket rendel\u00e9sre k\u00e9sz\u00edtj\u00fck. Elk\u00e9sz\u00edt\u00e9s\u00e9t a megrendel\u00e9st k\u00f6vet\u0151en 5-10 napon bel\u00fcl v\u00e1llaljuk. A v\u00e1llal\u00e1si hat\u00e1rid\u0151 aktu\u00e1lis megrendel\u00e9seink f\u00fcggv\u00e9ny\u00e9ben v\u00e1ltozhat. \n\nPolcunk feh\u00e9r v\u00e1ltozatban is el\u00e9rhet\u0151, az al\u00e1bbi linken tal\u00e1lja:\n\nhttps:\/\/www.meska.hu\/t1572057-rusztikus-tomor-fa-polc-feher\n\nHa szeretn\u00e9, term\u00e9szetesen a polc nat\u00far is rendelhet\u0151. V\u00e1rjuk erre vonatkoz\u00f3 \u00fczenet\u00e9t!\n\nHa tetszenek term\u00e9keink, jel\u00f6lj\u00f6n kedvenc k\u00e9sz\u00edt\u0151j\u00e9nek, \u00edgy a f\u0151oldalon (lent) folyamatosan \u00e9rtes\u00fclhet leg\u00fajabb term\u00e9keinkr\u0151l. Ne maradjon le semmir\u0151l!","score":0,"formatted_price":"49 440 Ft","image_url":"https:\/\/www.meska.hu\/img\/product\/small\/f\/r\/fromwood_product_50727_170110123323_877386.jpeg","formatted_url":"https:\/\/www.meska.hu\/p4703020-rusztikus-tomor-fa-polc","favourite":false,"in_stock":false,"avatar":"FromWood_avatar_50727_1586276996.jpg","delete_from":0,"is_enhanced_background":false,"is_enhanced":false,"product_selection_started":false,"is_active":true,"image_webp_url":"https:\/\/www.meska.hu\/img\/product\/small\/f\/r\/fromwood_product_50727_170110123323_877386.webp"},{"id":"6157467","shop_id":"7609","user_id":"32886","shop_name":"LaczoGaleria","shop_zip":"6113","product_code":"5759974","product_name_old":null,"product_name":"M\u00faltid\u00e9z\u0151 - T\u00f6m\u00f6r, antik t\u00f6lgyf\u00e1b\u00f3l k\u00e9sz\u00fclt egyedi k\u00e9ptart\u00f3, dekor\u00e1ci\u00f3","category_string":"Otthon & \u00c9letm\u00f3d, Dekor\u00e1ci\u00f3, Fali \u00e9s f\u00fcgg\u0151 dekor\u00e1ci\u00f3, Falra akaszthat\u00f3 dekor","technic_string":"Fest\u00e9szet, Famegmunk\u00e1l\u00e1s","category_1":"813","category_2":"314","category_3":"1470","category_4":"942","merged_category_1":null,"merged_category_2":null,"merged_category_3":null,"technic_1":"480","technic_2":"478","technic_3":"0","color_1":"514","color_2":"519","color_3":"528","product_description_old":null,"product_description":"T\u00f6m\u00f6r, antik t\u00f6lgyf\u00e1b\u00f3l k\u00e9sz\u00fclt egyedi k\u00e9ptart\u00f3, dekor\u00e1ci\u00f3\nAz elej\u00e9n a k\u00e9p cser\u00e9lhet\u00f3.\n\nkb. 26 x 39 cm. H\u00e1tulj\u00e1n akaszt\u00f3 is van. \n\nA sz\u00ednek elt\u00e9rhetnek a monitor be\u00e1ll\u00edt\u00e1snak megfelel\u0151en!\nPost\u00e1n marad\u00f3ra k\u00fcldj\u00fck. ","price":"42500.00","unit":"db","recommended":"0","status":"1","sponsored":"0","exp_notify":"0","own_material":"0","own_material_description_old":null,"own_material_description":"","jury":"0","jury_number":"","product_nature":"","meskaracsony":"0","create_date":"2026-04-25 19:46:54","shelve_id":"80082","image":"laczogaleria_product_32886_260315202332_538875.jpeg","image_width":"480","image_height":"480","image_alt":"M\u00faltid\u00e9z\u0151 - T\u00f6m\u00f6r, antik t\u00f6lgyf\u00e1b\u00f3l k\u00e9sz\u00fclt egyedi k\u00e9ptart\u00f3, dekor\u00e1ci\u00f3, T\u00f6m\u00f6r, antik t\u00f6lgyf\u00e1b\u00f3l k\u00e9sz\u00fclt egyedi k\u00e9ptart\u00f3, dekor\u00e1ci\u00f3\\nAz elej\u00e9n a k\u00e9p cser\u00e9lhet\u00f3.\\n\\nkb. 26 x 39 ..., Meska","image_title":"M\u00faltid\u00e9z\u0151 - T\u00f6m\u00f6r, antik t\u00f6lgyf\u00e1b\u00f3l k\u00e9sz\u00fclt egyedi k\u00e9ptart\u00f3, dekor\u00e1ci\u00f3, Meska","view_count":"221","favourite_count":"1","trending_score":"0","last2MonthFavouriteCount":"1","promotion":"0","giftcard_accept":"0","creditcard_accept":true,"enhanced_background":"0","domain":"meska","specific_customer_id":null,"specific_customer_name":null,"to_order_product":"0","to_order_product_time":"0","product_different":null,"product_different_description":"","vintage":"0","vintage_category_id":"0","recycled":"1","gemstone_id":"0","customizable":"0","type_category":"physical","zerowaste":"1","postage_price":"2000.00","shop_order":"3","has_category":"1","landing_pages":null,"microdata":{"number":26,"category":""},"title":"M\u00faltid\u00e9z\u0151 - T\u00f6m\u00f6r, antik t\u00f6lgyf\u00e1b\u00f3l k\u00e9sz\u00fclt egyedi k\u00e9ptart\u00f3, dekor\u00e1ci\u00f3","description":"T\u00f6m\u00f6r, antik t\u00f6lgyf\u00e1b\u00f3l k\u00e9sz\u00fclt egyedi k\u00e9ptart\u00f3, dekor\u00e1ci\u00f3\nAz elej\u00e9n a k\u00e9p cser\u00e9lhet\u00f3.\n\nkb. 26 x 39 cm. H\u00e1tulj\u00e1n akaszt\u00f3 is van. \n\nA sz\u00ednek elt\u00e9rhetnek a monitor be\u00e1ll\u00edt\u00e1snak megfelel\u0151en!\nPost\u00e1n marad\u00f3ra k\u00fcldj\u00fck. ","score":0,"formatted_price":"42 500 Ft","image_url":"https:\/\/www.meska.hu\/img\/product\/small\/l\/a\/laczogaleria_product_32886_260315202332_538875.jpeg","formatted_url":"https:\/\/www.meska.hu\/p5759974-multidezo-tomor-antik-tolgyfabol-keszult-egyedi-keptarto-dekoracio","favourite":false,"in_stock":true,"avatar":"32886_avatar_1713938920.jpeg","delete_from":0,"is_enhanced_background":false,"is_enhanced":false,"product_selection_started":false,"is_active":true,"image_webp_url":"https:\/\/www.meska.hu\/img\/product\/small\/l\/a\/laczogaleria_product_32886_260315202332_538875.webp"},{"id":"2746104","shop_id":"9458","user_id":"50727","shop_name":"FromWood","shop_zip":"1155","product_code":"4734092","product_name_old":null,"product_name":"T\u00f6m\u00f6r zebrano fa csokornyakkend\u0151","category_string":"Ruha & Divat, F\u00e9rfi ruha, Nyakkend\u0151","technic_string":"Famegmunk\u00e1l\u00e1s, Varr\u00e1s","category_1":"806","category_2":"433","category_3":"1195","category_4":"0","merged_category_1":null,"merged_category_2":null,"merged_category_3":null,"technic_1":"478","technic_2":"506","technic_3":"0","color_1":"514","color_2":"530","color_3":"521","product_description_old":null,"product_description":"Igaz\u00e1n saj\u00e1tos kieg\u00e9sz\u00edt\u0151 a divat \u00e9s az ig\u00e9nyes megjelen\u00e9s kedvel\u0151inek. T\u00f6m\u00f6r zebrano f\u00e1b\u00f3l k\u00e9sz\u00fclt pr\u00e9mium min\u0151s\u00e9g\u0171 csokornyakkend\u0151.\n\nEgy eleg\u00e1ns darab esk\u00fcv\u0151re, keresztel\u0151re vagy valamilyen k\u00fcl\u00f6nleges csal\u00e1di esem\u00e9ny, bar\u00e1ti \u00f6sszej\u00f6vetel alkalm\u00e1val.\n\nM\u00e9rete: 12 cm hossz\u00fa, legsz\u00e9lesebb pontj\u00e1n 5,5 cm, 8 mm vastag\nAnyaga: T\u00f6m\u00f6r zebrano fa\nFel\u00fcletkezel\u00e9s: narancs illat\u00fa, 100%-ban term\u00e9szetes kem\u00e9ny olajjal megoldott\n\nA faanyag v\u00e9s\u00e9s\u00e9vel, csiszol\u00e1s\u00e1val \u00e9rj\u00fck el, mintha egy anyagb\u00f3l varrt csokornyakkend\u0151 anyaga meggy\u0171r\u0151d\u00f6tt volna. A csokornyakkend\u0151 nincs sem laz\u00farral, sem lakkal, kiz\u00e1r\u00f3lag Auro olajjal kezelve. K\u00f6zep\u00e9re farmer hat\u00e1s\u00fa (k\u00e9k) anyag ker\u00fcl. A csokornyakkend\u0151 a fot\u00f3kon l\u00e1that\u00f3 fekete szalagon l\u00e9v\u0151 m\u0171anyag kapoccsal r\u00f6gz\u00edthet\u0151, m\u00e9rete \u00e1ll\u00edthat\u00f3.\n\nA csokornyakkend\u0151 k\u00e9zi munk\u00e1val, t\u00f6bb munkaf\u00e1zis (gyalul\u00e1s, form\u00e1ra v\u00e1g\u00e1s, v\u00e9s\u00e9s, csiszol\u00e1s, olajoz\u00e1s, stb. ) r\u00e9v\u00e9n sz\u00fcletik meg.\n\nElk\u00e9sz\u00edt\u00e9s\u00e9t a megrendel\u00e9st k\u00f6vet\u0151 1-3 napon bel\u00fcl v\u00e1llaljuk. A v\u00e1llal\u00e1si hat\u00e1rid\u0151 aktu\u00e1lis megrendel\u00e9seink f\u00fcggv\u00e9ny\u00e9ben v\u00e1ltozhat.\n\nTegye szem\u00e9lyess\u00e9 aj\u00e1nd\u00e9k\u00e1t. A csokornyakkend\u0151 h\u00e1tulj\u00e1ra k\u00e9r\u00e9se szerint, l\u00e9zertechnik\u00e1val nevet vagy r\u00f6vid \u00fczenetet tesz\u00fcnk. Ezt  1500 Ft-\u00e9rt v\u00e1llaljuk.\n\nForduljon hozz\u00e1nk bizalommal ! K\u00e9rd\u00e9s\u00e9t, k\u00e9r\u00e9s\u00e9t \u00fczenetben v\u00e1rjuk, melyre 24 \u00f3r\u00e1n bel\u00fcl v\u00e1laszolunk.","price":"21950.00","unit":"db","recommended":"0","status":"1","sponsored":"0","exp_notify":"0","own_material":"0","own_material_description_old":null,"own_material_description":"","jury":"0","jury_number":"","product_nature":"","meskaracsony":"0","create_date":"2026-02-21 18:54:50","shelve_id":"55529","image":"fromwood_product_50727_190802140604_753117.jpeg","image_width":"480","image_height":"360","image_alt":"T\u00f6m\u00f6r zebrano fa csokornyakkend\u0151, Igaz\u00e1n saj\u00e1tos kieg\u00e9sz\u00edt\u0151 a divat \u00e9s az ig\u00e9nyes megjelen\u00e9s kedvel\u0151inek. T\u00f6m\u00f6r zebrano f\u00e1b\u00f3l k\u00e9sz\u00fclt ..., Meska","image_title":"T\u00f6m\u00f6r zebrano fa csokornyakkend\u0151, Meska","view_count":"814","favourite_count":"0","trending_score":"0","last2MonthFavouriteCount":"0","promotion":"0","giftcard_accept":"1","creditcard_accept":false,"enhanced_background":"0","domain":"meska","specific_customer_id":null,"specific_customer_name":null,"to_order_product":"1","to_order_product_time":"2","product_different":"quite_different","product_different_description":"A fa erezete elt\u00e9rhet","vintage":"0","vintage_category_id":"0","recycled":"0","gemstone_id":"0","customizable":"1","type_category":"physical","zerowaste":"0","postage_price":"1290.00","shop_order":"0","has_category":"1","landing_pages":null,"microdata":{"number":27,"category":""},"title":"T\u00f6m\u00f6r zebrano fa csokornyakkend\u0151","description":"Igaz\u00e1n saj\u00e1tos kieg\u00e9sz\u00edt\u0151 a divat \u00e9s az ig\u00e9nyes megjelen\u00e9s kedvel\u0151inek. T\u00f6m\u00f6r zebrano f\u00e1b\u00f3l k\u00e9sz\u00fclt pr\u00e9mium min\u0151s\u00e9g\u0171 csokornyakkend\u0151.\n\nEgy eleg\u00e1ns darab esk\u00fcv\u0151re, keresztel\u0151re vagy valamilyen k\u00fcl\u00f6nleges csal\u00e1di esem\u00e9ny, bar\u00e1ti \u00f6sszej\u00f6vetel alkalm\u00e1val.\n\nM\u00e9rete: 12 cm hossz\u00fa, legsz\u00e9lesebb pontj\u00e1n 5,5 cm, 8 mm vastag\nAnyaga: T\u00f6m\u00f6r zebrano fa\nFel\u00fcletkezel\u00e9s: narancs illat\u00fa, 100%-ban term\u00e9szetes kem\u00e9ny olajjal megoldott\n\nA faanyag v\u00e9s\u00e9s\u00e9vel, csiszol\u00e1s\u00e1val \u00e9rj\u00fck el, mintha egy anyagb\u00f3l varrt csokornyakkend\u0151 anyaga meggy\u0171r\u0151d\u00f6tt volna. A csokornyakkend\u0151 nincs sem laz\u00farral, sem lakkal, kiz\u00e1r\u00f3lag Auro olajjal kezelve. K\u00f6zep\u00e9re farmer hat\u00e1s\u00fa (k\u00e9k) anyag ker\u00fcl. A csokornyakkend\u0151 a fot\u00f3kon l\u00e1that\u00f3 fekete szalagon l\u00e9v\u0151 m\u0171anyag kapoccsal r\u00f6gz\u00edthet\u0151, m\u00e9rete \u00e1ll\u00edthat\u00f3.\n\nA csokornyakkend\u0151 k\u00e9zi munk\u00e1val, t\u00f6bb munkaf\u00e1zis (gyalul\u00e1s, form\u00e1ra v\u00e1g\u00e1s, v\u00e9s\u00e9s, csiszol\u00e1s, olajoz\u00e1s, stb. ) r\u00e9v\u00e9n sz\u00fcletik meg.\n\nElk\u00e9sz\u00edt\u00e9s\u00e9t a megrendel\u00e9st k\u00f6vet\u0151 1-3 napon bel\u00fcl v\u00e1llaljuk. A v\u00e1llal\u00e1si hat\u00e1rid\u0151 aktu\u00e1lis megrendel\u00e9seink f\u00fcggv\u00e9ny\u00e9ben v\u00e1ltozhat.\n\nTegye szem\u00e9lyess\u00e9 aj\u00e1nd\u00e9k\u00e1t. A csokornyakkend\u0151 h\u00e1tulj\u00e1ra k\u00e9r\u00e9se szerint, l\u00e9zertechnik\u00e1val nevet vagy r\u00f6vid \u00fczenetet tesz\u00fcnk. Ezt  1500 Ft-\u00e9rt v\u00e1llaljuk.\n\nForduljon hozz\u00e1nk bizalommal ! K\u00e9rd\u00e9s\u00e9t, k\u00e9r\u00e9s\u00e9t \u00fczenetben v\u00e1rjuk, melyre 24 \u00f3r\u00e1n bel\u00fcl v\u00e1laszolunk.","score":0,"formatted_price":"21 950 Ft","image_url":"https:\/\/www.meska.hu\/img\/product\/small\/f\/r\/fromwood_product_50727_190802140604_753117.jpeg","formatted_url":"https:\/\/www.meska.hu\/p4734092-tomor-zebrano-fa-csokornyakkendo","favourite":false,"in_stock":false,"avatar":"FromWood_avatar_50727_1586276996.jpg","delete_from":0,"is_enhanced_background":false,"is_enhanced":false,"product_selection_started":false,"is_active":true,"image_webp_url":"https:\/\/www.meska.hu\/img\/product\/small\/f\/r\/fromwood_product_50727_190802140604_753117.webp"},{"id":"6100302","shop_id":"26686","user_id":"324478","shop_name":"Teniko87","shop_zip":"3129","product_code":"5723470","product_name_old":null,"product_name":"Esk\u00fcv\u0151i grav\u00edrozott fot\u00f3 fa kerettel","category_string":"Esk\u00fcv\u0151, Esk\u00fcv\u0151i szett","technic_string":"Grav\u00edroz\u00e1s, pirogr\u00e1fia","category_1":"317","category_2":"908","category_3":"0","category_4":"0","merged_category_1":null,"merged_category_2":null,"merged_category_3":null,"technic_1":"796","technic_2":"0","technic_3":"0","color_1":"514","color_2":"520","color_3":"0","product_description_old":null,"product_description":"Egyedi f\u00e9nyk\u00e9p alapj\u00e1n k\u00e9sz\u00edtett grav\u00edrozott esk\u00fcv\u0151i fot\u00f3, k\u00e9zzel k\u00e9sz\u00edtett fa keretben. A megrendel\u00e9skor \u00fczenetben elk\u00fcld\u00f6tt fot\u00f3t k\u00e9sz\u00edtj\u00fck el eszt\u00e9tikusan megszerkesztve grav\u00edrozva. Ehhez j\u00f3 min\u0151s\u00e9g\u0171, nagy felbont\u00e1s\u00fa k\u00e9pet k\u00e9r\u00fcnk, amin j\u00f3l l\u00e1that\u00f3k a r\u00e9szletek. Egyedi ig\u00e9nyeket is ki tudunk el\u00e9g\u00edteni el\u0151re egyeztetve a megrendel\u0151vel. M\u00e9ret 20x20cm. A m\u00e9ret \u00e9s az \u00e1rnyalatok a fot\u00f3 egyedis\u00e9g\u00e9t\u0151l f\u00fcgg\u0151en v\u00e1ltozhatnak. ","price":"10500.00","unit":"db","recommended":"0","status":"1","sponsored":"0","exp_notify":"0","own_material":"0","own_material_description_old":null,"own_material_description":"","jury":"0","jury_number":"","product_nature":"","meskaracsony":"0","create_date":"2026-02-01 21:33:48","shelve_id":"0","image":"teniko87_product_324478_260201212215_83159.jpeg","image_width":"480","image_height":"462","image_alt":"Esk\u00fcv\u0151i grav\u00edrozott fot\u00f3 fa kerettel, Egyedi f\u00e9nyk\u00e9p alapj\u00e1n k\u00e9sz\u00edtett grav\u00edrozott esk\u00fcv\u0151i fot\u00f3, k\u00e9zzel k\u00e9sz\u00edtett fa keretben. A megrendel..., Meska","image_title":"Esk\u00fcv\u0151i grav\u00edrozott fot\u00f3 fa kerettel, Meska","view_count":"162","favourite_count":"0","trending_score":"0","last2MonthFavouriteCount":"0","promotion":"0","giftcard_accept":"1","creditcard_accept":true,"enhanced_background":"0","domain":"meska","specific_customer_id":null,"specific_customer_name":null,"to_order_product":"1","to_order_product_time":"7","product_different":null,"product_different_description":"","vintage":"0","vintage_category_id":"0","recycled":"0","gemstone_id":"0","customizable":"0","type_category":"physical","zerowaste":"0","postage_price":"3000.00","shop_order":"0","has_category":"1","landing_pages":null,"microdata":{"number":28,"category":""},"title":"Esk\u00fcv\u0151i grav\u00edrozott fot\u00f3 fa kerettel","description":"Egyedi f\u00e9nyk\u00e9p alapj\u00e1n k\u00e9sz\u00edtett grav\u00edrozott esk\u00fcv\u0151i fot\u00f3, k\u00e9zzel k\u00e9sz\u00edtett fa keretben. A megrendel\u00e9skor \u00fczenetben elk\u00fcld\u00f6tt fot\u00f3t k\u00e9sz\u00edtj\u00fck el eszt\u00e9tikusan megszerkesztve grav\u00edrozva. Ehhez j\u00f3 min\u0151s\u00e9g\u0171, nagy felbont\u00e1s\u00fa k\u00e9pet k\u00e9r\u00fcnk, amin j\u00f3l l\u00e1that\u00f3k a r\u00e9szletek. Egyedi ig\u00e9nyeket is ki tudunk el\u00e9g\u00edteni el\u0151re egyeztetve a megrendel\u0151vel. M\u00e9ret 20x20cm. A m\u00e9ret \u00e9s az \u00e1rnyalatok a fot\u00f3 egyedis\u00e9g\u00e9t\u0151l f\u00fcgg\u0151en v\u00e1ltozhatnak. ","score":0,"formatted_price":"10 500 Ft","image_url":"https:\/\/www.meska.hu\/img\/product\/small\/t\/e\/teniko87_product_324478_260201212215_83159.jpeg","formatted_url":"https:\/\/www.meska.hu\/p5723470-eskuvoi-gravirozott-foto-fa-kerettel","favourite":false,"in_stock":false,"avatar":"Teniko87_avatar_324478_1548591740.jpg","delete_from":0,"is_enhanced_background":false,"is_enhanced":false,"product_selection_started":false,"is_active":true,"image_webp_url":"https:\/\/www.meska.hu\/img\/product\/small\/t\/e\/teniko87_product_324478_260201212215_83159.webp"},{"id":"3418893","shop_id":"30882","user_id":"392521","shop_name":"vertigodesign","shop_zip":"2092","product_code":"4031781","product_name_old":null,"product_name":"Rusztikus t\u00f6lgy doh\u00e1nyz\u00f3asztal \"NAOMI\"","category_string":"Otthon & \u00c9letm\u00f3d, B\u00fator, Asztal","technic_string":"Famegmunk\u00e1l\u00e1s","category_1":"813","category_2":"313","category_3":"558","category_4":"0","merged_category_1":"0","merged_category_2":"0","merged_category_3":"785","technic_1":"478","technic_2":"0","technic_3":"0","color_1":"514","color_2":"518","color_3":"0","product_description_old":null,"product_description":" A vid\u00e9ki francia \u201efarm house\u201d st\u00edlust id\u00e9zi ez a gy\u00f6ny\u00f6r\u0171, nat\u00far t\u00f6lgy doh\u00e1nyz\u00f3asztal. Egy kis turpiss\u00e1ggal\u2026 \n\n\u2026 ugyanis a rusztikusra hagyott t\u00f6lgypall\u00f3k term\u00e9szetes melegs\u00e9g\u00e9t, a l\u00e1bazat hideg f\u00e9mess\u00e9g\u00e9vel ellens\u00falyozzuk. A rozsdamentes f\u00e9ml\u00e1bakat megmunk\u00e1l\u00e1s ut\u00e1n sz\u00e1lcsiszoltuk, meghagytuk eredeti sz\u00edn\u00fckben, de fed\u0151lakkoztuk, ezzel k\u00fcl\u00f6nleges sz\u00ednkombin\u00e1ci\u00f3t \u00e9r\u00fcnk el. \nFeh\u00e9r \u00e1rnyalat\u00fa b\u00fatorok, puha sz\u0151nyegek \u00e9s z\u00f6ldn\u00f6v\u00e9nyek mell\u00e9 t\u00f6k\u00e9letes v\u00e1laszt\u00e1s a term\u00e9szetes, vil\u00e1gos enteri\u0151r\u00f6k kedvel\u0151inek.\n\nM\u00e9rete: 130x75 cm  (vagy ett\u0151l elt\u00e9r\u0151 m\u00e9retben is rendelhet\u0151)\n\n\u2022\tAnyaga: t\u00f6lgy\n\u2022\tA l\u00e1bazat 45 cm magas, rozsdamentes f\u00e9ml\u00e1b\n\u2022\tK\u00e9zzel k\u00e9sz\u00edtett term\u00e9k\n\u2022\tMin\u0151s\u00e9gi t\u00f6m\u00f6rfa term\u00e9k\n\u2022\tMinden darab egyedi, a k\u00f6z\u00f6lt k\u00e9pekt\u0151l a v\u00e9gleges b\u00fatordarab kis m\u00e9rt\u00e9kben (rajzolat, \u00edvek, \u00e1rnyalatok, csom\u00f3k) elt\u00e9rhet.\n","price":"165000.00","unit":"db","recommended":"0","status":"1","sponsored":"0","exp_notify":"0","own_material":"0","own_material_description_old":null,"own_material_description":"","jury":"0","jury_number":"","product_nature":"","meskaracsony":"0","create_date":"2026-01-15 19:21:59","shelve_id":"0","image":"vertigodesign_product_392521_210210113101_931557.jpeg","image_width":"480","image_height":"475","image_alt":"Rusztikus t\u00f6lgy doh\u00e1nyz\u00f3asztal \\\"NAOMI\\\",  A vid\u00e9ki francia \u201efarm house\u201d st\u00edlust id\u00e9zi ez a gy\u00f6ny\u00f6r\u0171, nat\u00far t\u00f6lgy doh\u00e1nyz\u00f3asztal. Egy kis turp..., Meska","image_title":"Rusztikus t\u00f6lgy doh\u00e1nyz\u00f3asztal \\\"NAOMI\\\", Meska","view_count":"3959","favourite_count":"0","trending_score":"0","last2MonthFavouriteCount":"0","promotion":"0","giftcard_accept":"1","creditcard_accept":true,"enhanced_background":"0","domain":"meska","specific_customer_id":null,"specific_customer_name":null,"to_order_product":"1","to_order_product_time":"14","product_different":"different","product_different_description":"\u2022\tAnyaga: b\u00e1rdolt, \u00fajrafelhaszn\u00e1lt borovi feny\u0151gerenda\n\u2022\tL\u00e1bazata: 40 cm magas, fel\u00fcletkezelt f\u00e9ml\u00e1b\n\u2022\tV\u00e1laszthat\u00f3 12 cm-es vagy 15 cm \u00e1tm\u00e9r\u0151j\u0171 gerend\u00e1kb\u00f3l\n\u2022\tA faanyagot helyi, magyar \u00e9p\u00fclet bont\u00e1s\u00e1b\u00f3l v\u00e1s\u00e1roljuk\n\u2022\tBio kem\u00e9nyfaolajjal kezelve a tart\u00f3ss\u00e1g \u00e9s a sz\u00e9p fel\u00fclet \u00e9rdek\u00e9ben\n\u2022\tK\u00e9zzel k\u00e9sz\u00edtett term\u00e9k\nMinden darab egyedi, a k\u00f6z\u00f6lt k\u00e9pekt\u0151l a v\u00e9gleges b\u00fatordarab kis m\u00e9rt\u00e9kben (rajzolat, \u00edvek, \u00e1rnyalatok, csom\u00f3k) elt\u00e9rhet.\n","vintage":"0","vintage_category_id":"0","recycled":"0","gemstone_id":"0","customizable":"1","type_category":"physical","zerowaste":"0","postage_price":"5000.00","shop_order":"0","has_category":"1","landing_pages":null,"microdata":{"number":29,"category":""},"title":"Rusztikus t\u00f6lgy doh\u00e1nyz\u00f3asztal \"NAOMI\"","description":" A vid\u00e9ki francia \u201efarm house\u201d st\u00edlust id\u00e9zi ez a gy\u00f6ny\u00f6r\u0171, nat\u00far t\u00f6lgy doh\u00e1nyz\u00f3asztal. Egy kis turpiss\u00e1ggal\u2026 \n\n\u2026 ugyanis a rusztikusra hagyott t\u00f6lgypall\u00f3k term\u00e9szetes melegs\u00e9g\u00e9t, a l\u00e1bazat hideg f\u00e9mess\u00e9g\u00e9vel ellens\u00falyozzuk. A rozsdamentes f\u00e9ml\u00e1bakat megmunk\u00e1l\u00e1s ut\u00e1n sz\u00e1lcsiszoltuk, meghagytuk eredeti sz\u00edn\u00fckben, de fed\u0151lakkoztuk, ezzel k\u00fcl\u00f6nleges sz\u00ednkombin\u00e1ci\u00f3t \u00e9r\u00fcnk el. \nFeh\u00e9r \u00e1rnyalat\u00fa b\u00fatorok, puha sz\u0151nyegek \u00e9s z\u00f6ldn\u00f6v\u00e9nyek mell\u00e9 t\u00f6k\u00e9letes v\u00e1laszt\u00e1s a term\u00e9szetes, vil\u00e1gos enteri\u0151r\u00f6k kedvel\u0151inek.\n\nM\u00e9rete: 130x75 cm  (vagy ett\u0151l elt\u00e9r\u0151 m\u00e9retben is rendelhet\u0151)\n\n\u2022\tAnyaga: t\u00f6lgy\n\u2022\tA l\u00e1bazat 45 cm magas, rozsdamentes f\u00e9ml\u00e1b\n\u2022\tK\u00e9zzel k\u00e9sz\u00edtett term\u00e9k\n\u2022\tMin\u0151s\u00e9gi t\u00f6m\u00f6rfa term\u00e9k\n\u2022\tMinden darab egyedi, a k\u00f6z\u00f6lt k\u00e9pekt\u0151l a v\u00e9gleges b\u00fatordarab kis m\u00e9rt\u00e9kben (rajzolat, \u00edvek, \u00e1rnyalatok, csom\u00f3k) elt\u00e9rhet.\n","score":0,"formatted_price":"165 000 Ft","image_url":"https:\/\/www.meska.hu\/img\/product\/small\/v\/e\/vertigodesign_product_392521_210210113101_931557.jpeg","formatted_url":"https:\/\/www.meska.hu\/p4031781-rusztikus-tolgy-dohanyzoasztal-naomi","favourite":false,"in_stock":false,"avatar":"vertigodesign_avatar_392521_1601541269.jpg","delete_from":0,"is_enhanced_background":false,"is_enhanced":false,"product_selection_started":false,"is_active":true,"image_webp_url":"https:\/\/www.meska.hu\/img\/product\/small\/v\/e\/vertigodesign_product_392521_210210113101_931557.webp"},{"id":"3421792","shop_id":"30882","user_id":"392521","shop_name":"vertigodesign","shop_zip":"2092","product_code":"4034626","product_name_old":null,"product_name":"Sz\u00e9lezetlen cseresznye doh\u00e1nyz\u00f3asztal \"MUEBLE\"","category_string":"Otthon & \u00c9letm\u00f3d, B\u00fator, Asztal","technic_string":"Famegmunk\u00e1l\u00e1s","category_1":"813","category_2":"313","category_3":"558","category_4":"0","merged_category_1":"0","merged_category_2":"0","merged_category_3":"785","technic_1":"478","technic_2":"0","technic_3":"0","color_1":"514","color_2":"0","color_3":"0","product_description_old":null,"product_description":"T\u00f6m\u00f6r cseresznyefa doh\u00e1nyz\u00f3asztal, klasszikus kivitelben.  Robosztus \u00e9s vag\u00e1ny.\n\nAz asztal lapj\u00e1hoz v\u00e1laszthatunk teli faszeletet, vagy g\u00f6cs\u00f6set, lyukasat. A csom\u00f3kat kit\u00f6lthetj\u00fck m\u0171gyant\u00e1val vagy ak\u00e1r f\u00e9mmel is - ahogy neked a legjobban tetszik. \n\nA fa fel\u00fclet\u00e9t bio kem\u00e9nyfaolajjal kezelj\u00fck, \u00edgy sem a borospoh\u00e1r nem hagy foltot az asztal lapj\u00e1n, sem a f\u0171t\u00f6tt szoba nem k\u00e1ros\u00edtja a fel\u00fcletet. \nEr\u0151s, massz\u00edv kivitel\u0171 asztal, min\u0151s\u00e9gi, v\u00e1logatott faanyagb\u00f3l.\n\nM\u00e9rete: 95 x 55 cm \n\n\u2022\tAnyaga: cseresznye\n\u2022\tA l\u00e1bazat fel\u00fcletkezelt, rozsdamentes f\u00e9ml\u00e1b\n\u2022\tK\u00e9zzel k\u00e9sz\u00edtett term\u00e9k\n\u2022\tMin\u0151s\u00e9gi, t\u00f6m\u00f6rfa term\u00e9k\n\u2022\tMinden darab egyedi, a k\u00f6z\u00f6lt k\u00e9pekt\u0151l a v\u00e9gleges b\u00fatordarab kis m\u00e9rt\u00e9kben (rajzolat, \u00edvek, \u00e1rnyalatok, csom\u00f3k) elt\u00e9rhet.\n ","price":"119000.00","unit":"db","recommended":"0","status":"1","sponsored":"0","exp_notify":"0","own_material":"0","own_material_description_old":null,"own_material_description":"","jury":"0","jury_number":"","product_nature":"","meskaracsony":"0","create_date":"2026-01-18 06:35:54","shelve_id":"0","image":"vertigodesign_product_392521_210212224354_214650.jpeg","image_width":"480","image_height":"480","image_alt":"Sz\u00e9lezetlen cseresznye doh\u00e1nyz\u00f3asztal \\\"MUEBLE\\\", T\u00f6m\u00f6r cseresznyefa doh\u00e1nyz\u00f3asztal, klasszikus kivitelben.  Robosztus \u00e9s vag\u00e1ny.\\n\\nAz asztal lapj\u00e1hoz ..., Meska","image_title":"Sz\u00e9lezetlen cseresznye doh\u00e1nyz\u00f3asztal \\\"MUEBLE\\\", Meska","view_count":"5191","favourite_count":"0","trending_score":"0","last2MonthFavouriteCount":"0","promotion":"0","giftcard_accept":"1","creditcard_accept":true,"enhanced_background":"0","domain":"meska","specific_customer_id":null,"specific_customer_name":null,"to_order_product":"1","to_order_product_time":"14","product_different":"different","product_different_description":"Minden darab egyedi, a k\u00f6z\u00f6lt k\u00e9pekt\u0151l a v\u00e9gleges b\u00fatordarab kis m\u00e9rt\u00e9kben (rajzolat, \u00edvek, \u00e1rnyalatok, csom\u00f3k) elt\u00e9rhet.","vintage":"0","vintage_category_id":"0","recycled":"0","gemstone_id":"0","customizable":"1","type_category":"physical","zerowaste":"0","postage_price":"5000.00","shop_order":"0","has_category":"1","landing_pages":"Kar\u00e1csonyi aj\u00e1nd\u00e9kok","microdata":{"number":30,"category":""},"title":"Sz\u00e9lezetlen cseresznye doh\u00e1nyz\u00f3asztal \"MUEBLE\"","description":"T\u00f6m\u00f6r cseresznyefa doh\u00e1nyz\u00f3asztal, klasszikus kivitelben.  Robosztus \u00e9s vag\u00e1ny.\n\nAz asztal lapj\u00e1hoz v\u00e1laszthatunk teli faszeletet, vagy g\u00f6cs\u00f6set, lyukasat. A csom\u00f3kat kit\u00f6lthetj\u00fck m\u0171gyant\u00e1val vagy ak\u00e1r f\u00e9mmel is - ahogy neked a legjobban tetszik. \n\nA fa fel\u00fclet\u00e9t bio kem\u00e9nyfaolajjal kezelj\u00fck, \u00edgy sem a borospoh\u00e1r nem hagy foltot az asztal lapj\u00e1n, sem a f\u0171t\u00f6tt szoba nem k\u00e1ros\u00edtja a fel\u00fcletet. \nEr\u0151s, massz\u00edv kivitel\u0171 asztal, min\u0151s\u00e9gi, v\u00e1logatott faanyagb\u00f3l.\n\nM\u00e9rete: 95 x 55 cm \n\n\u2022\tAnyaga: cseresznye\n\u2022\tA l\u00e1bazat fel\u00fcletkezelt, rozsdamentes f\u00e9ml\u00e1b\n\u2022\tK\u00e9zzel k\u00e9sz\u00edtett term\u00e9k\n\u2022\tMin\u0151s\u00e9gi, t\u00f6m\u00f6rfa term\u00e9k\n\u2022\tMinden darab egyedi, a k\u00f6z\u00f6lt k\u00e9pekt\u0151l a v\u00e9gleges b\u00fatordarab kis m\u00e9rt\u00e9kben (rajzolat, \u00edvek, \u00e1rnyalatok, csom\u00f3k) elt\u00e9rhet.\n ","score":0,"formatted_price":"119 000 Ft","image_url":"https:\/\/www.meska.hu\/img\/product\/small\/v\/e\/vertigodesign_product_392521_210212224354_214650.jpeg","formatted_url":"https:\/\/www.meska.hu\/p4034626-szelezetlen-cseresznye-dohanyzoasztal-mueble","favourite":false,"in_stock":false,"avatar":"vertigodesign_avatar_392521_1601541269.jpg","delete_from":0,"is_enhanced_background":false,"is_enhanced":false,"product_selection_started":false,"is_active":true,"image_webp_url":"https:\/\/www.meska.hu\/img\/product\/small\/v\/e\/vertigodesign_product_392521_210212224354_214650.webp"},{"id":"3421793","shop_id":"30882","user_id":"392521","shop_name":"vertigodesign","shop_zip":"2092","product_code":"4034644","product_name_old":null,"product_name":"N\u00e9gysz\u00f6gletes t\u00f6m\u00f6rfa v\u00e1g\u00f3deszka \"SEBAS\"","category_string":"Otthon & \u00c9letm\u00f3d, Konyhafelszerel\u00e9s, t\u00e1lal\u00e1s, V\u00e1g\u00f3deszka, S\u00fct\u00e9s, f\u0151z\u00e9s","technic_string":"Famegmunk\u00e1l\u00e1s","category_1":"813","category_2":"393","category_3":"567","category_4":"1481","merged_category_1":"0","merged_category_2":"0","merged_category_3":"785","technic_1":"478","technic_2":"0","technic_3":"0","color_1":"514","color_2":"0","color_3":"0","product_description_old":null,"product_description":"Egyedi v\u00e1g\u00f3deszka, aj\u00e1nd\u00e9kba! Konyhai d\u00edszt\u00e1rgy, praktikus v\u00e1g\u00f3deszka, \u00edzl\u00e9ses k\u00edn\u00e1l\u00f3t\u00e1l, \u00e9s szem\u00e9lyre sz\u00f3l\u00f3 aj\u00e1nd\u00e9k: 4 in 1!\n\nTart\u00f3s, stabil, praktikus \u00e9s m\u00e9g sz\u00e9p is.\n\nHa a finom tapint\u00e1s\u00fa, b\u00e1rsonyos f\u00e1t kedveled, ha a selymesebb sz\u00edn\u00e1rnyalatokat \u00e9s puh\u00e1bb megjelen\u00e9st \u2013 ez a v\u00e1g\u00f3deszk\u00e1nk biztosan kedvedre lesz majd. \nAnnyira sz\u00e9p, hogy m\u00e9g elpakolni is v\u00e9tek: legjobb mindig szem el\u0151tt (\u00e9s k\u00e9z \u00fcgy\u00e9ben) tartani a konyhai munkapulton.   \n\nA fafel\u00fcletet bio kem\u00e9nyfaolajjal kezelj\u00fck, a tart\u00f3ss\u00e1g \u00e9s a fa sz\u00e9ps\u00e9g\u00e9nek hangs\u00falyoz\u00e1sa \u00e9rdek\u00e9ben. Ez biztos\u00edtja, hogy a fel\u00fclet portasz\u00edt\u00f3 \u00e9s k\u00f6nnyen tiszt\u00edthat\u00f3 legyen, valamint v\u00edztasz\u00edt\u00f3 k\u00e9pess\u00e9ge miatt cserepes n\u00f6v\u00e9nyek t\u00e1rol\u00e1s\u00e1ra is alkalmas.\n\n\u2022\tAnyaga: ak\u00e1c, t\u00f6lgy, b\u00fckk, gyerty\u00e1n, k\u0151ris, cseresznye\n\u2022\tM\u00e9rete: 55x25 cm\n\u2022\tVastags\u00e1ga: 5-8 cm\n\u2022\tK\u00e9zzel k\u00e9sz\u00edtett term\u00e9k\n\u2022\tMin\u0151s\u00e9gi, t\u00f6m\u00f6rfa term\u00e9k\n\u2022\tMinden darab egyedi, a k\u00f6z\u00f6lt k\u00e9pekt\u0151l a v\u00e9gleges d\u00edszt\u00e1rgy kis m\u00e9rt\u00e9kben (rajzolat, \u00edvek, \u00e1rnyalatok, csom\u00f3k) elt\u00e9rhet.\n","price":"19000.00","unit":"db","recommended":"0","status":"1","sponsored":"0","exp_notify":"0","own_material":"0","own_material_description_old":null,"own_material_description":"","jury":"0","jury_number":"","product_nature":"","meskaracsony":"0","create_date":"2026-01-18 06:35:51","shelve_id":"0","image":"vertigodesign_product_392521_210212230328_223212.jpeg","image_width":"480","image_height":"316","image_alt":"N\u00e9gysz\u00f6gletes t\u00f6m\u00f6rfa v\u00e1g\u00f3deszka \\\"SEBAS\\\", Egyedi v\u00e1g\u00f3deszka, aj\u00e1nd\u00e9kba! Konyhai d\u00edszt\u00e1rgy, praktikus v\u00e1g\u00f3deszka, \u00edzl\u00e9ses k\u00edn\u00e1l\u00f3t\u00e1l, \u00e9s szem\u00e9ly..., Meska","image_title":"N\u00e9gysz\u00f6gletes t\u00f6m\u00f6rfa v\u00e1g\u00f3deszka \\\"SEBAS\\\", Meska","view_count":"2774","favourite_count":"0","trending_score":"0","last2MonthFavouriteCount":"0","promotion":"0","giftcard_accept":"1","creditcard_accept":true,"enhanced_background":"0","domain":"meska","specific_customer_id":null,"specific_customer_name":null,"to_order_product":"1","to_order_product_time":"14","product_different":"different","product_different_description":"Minden darab egyedi, a k\u00f6z\u00f6lt k\u00e9pekt\u0151l a v\u00e9gleges d\u00edszt\u00e1rgy kis m\u00e9rt\u00e9kben (rajzolat, \u00edvek, \u00e1rnyalatok, csom\u00f3k) elt\u00e9rhet.","vintage":"0","vintage_category_id":"0","recycled":"0","gemstone_id":"0","customizable":"1","type_category":"physical","zerowaste":"0","postage_price":"3260.00","shop_order":"0","has_category":"1","landing_pages":null,"microdata":{"number":31,"category":""},"title":"N\u00e9gysz\u00f6gletes t\u00f6m\u00f6rfa v\u00e1g\u00f3deszka \"SEBAS\"","description":"Egyedi v\u00e1g\u00f3deszka, aj\u00e1nd\u00e9kba! Konyhai d\u00edszt\u00e1rgy, praktikus v\u00e1g\u00f3deszka, \u00edzl\u00e9ses k\u00edn\u00e1l\u00f3t\u00e1l, \u00e9s szem\u00e9lyre sz\u00f3l\u00f3 aj\u00e1nd\u00e9k: 4 in 1!\n\nTart\u00f3s, stabil, praktikus \u00e9s m\u00e9g sz\u00e9p is.\n\nHa a finom tapint\u00e1s\u00fa, b\u00e1rsonyos f\u00e1t kedveled, ha a selymesebb sz\u00edn\u00e1rnyalatokat \u00e9s puh\u00e1bb megjelen\u00e9st \u2013 ez a v\u00e1g\u00f3deszk\u00e1nk biztosan kedvedre lesz majd. \nAnnyira sz\u00e9p, hogy m\u00e9g elpakolni is v\u00e9tek: legjobb mindig szem el\u0151tt (\u00e9s k\u00e9z \u00fcgy\u00e9ben) tartani a konyhai munkapulton.   \n\nA fafel\u00fcletet bio kem\u00e9nyfaolajjal kezelj\u00fck, a tart\u00f3ss\u00e1g \u00e9s a fa sz\u00e9ps\u00e9g\u00e9nek hangs\u00falyoz\u00e1sa \u00e9rdek\u00e9ben. Ez biztos\u00edtja, hogy a fel\u00fclet portasz\u00edt\u00f3 \u00e9s k\u00f6nnyen tiszt\u00edthat\u00f3 legyen, valamint v\u00edztasz\u00edt\u00f3 k\u00e9pess\u00e9ge miatt cserepes n\u00f6v\u00e9nyek t\u00e1rol\u00e1s\u00e1ra is alkalmas.\n\n\u2022\tAnyaga: ak\u00e1c, t\u00f6lgy, b\u00fckk, gyerty\u00e1n, k\u0151ris, cseresznye\n\u2022\tM\u00e9rete: 55x25 cm\n\u2022\tVastags\u00e1ga: 5-8 cm\n\u2022\tK\u00e9zzel k\u00e9sz\u00edtett term\u00e9k\n\u2022\tMin\u0151s\u00e9gi, t\u00f6m\u00f6rfa term\u00e9k\n\u2022\tMinden darab egyedi, a k\u00f6z\u00f6lt k\u00e9pekt\u0151l a v\u00e9gleges d\u00edszt\u00e1rgy kis m\u00e9rt\u00e9kben (rajzolat, \u00edvek, \u00e1rnyalatok, csom\u00f3k) elt\u00e9rhet.\n","score":0,"formatted_price":"19 000 Ft","image_url":"https:\/\/www.meska.hu\/img\/product\/small\/v\/e\/vertigodesign_product_392521_210212230328_223212.jpeg","formatted_url":"https:\/\/www.meska.hu\/p4034644-negyszogletes-tomorfa-vagodeszka-sebas","favourite":false,"in_stock":false,"avatar":"vertigodesign_avatar_392521_1601541269.jpg","delete_from":0,"is_enhanced_background":false,"is_enhanced":false,"product_selection_started":false,"is_active":true,"image_webp_url":"https:\/\/www.meska.hu\/img\/product\/small\/v\/e\/vertigodesign_product_392521_210212230328_223212.webp"},{"id":"3421801","shop_id":"30882","user_id":"392521","shop_name":"vertigodesign","shop_zip":"2092","product_code":"4034649","product_name_old":null,"product_name":"K\u00edgy\u00f3z\u00f3 sz\u00e9lezetlen k\u00f6nyvespolc \"SPIRE\"","category_string":"Otthon & \u00c9letm\u00f3d, B\u00fator, Polc","technic_string":"Famegmunk\u00e1l\u00e1s, F\u00e9mmegmunk\u00e1l\u00e1s","category_1":"813","category_2":"313","category_3":"560","category_4":"0","merged_category_1":"0","merged_category_2":"0","merged_category_3":"785","technic_1":"478","technic_2":"479","technic_3":"0","color_1":"514","color_2":"520","color_3":"0","product_description_old":null,"product_description":"K\u00fcl\u00f6nleges k\u00f6nyvespolc sz\u00e9lezetlen faelemekb\u0151l \u2013 a fa \u00e9s a f\u00e9m k\u00fcl\u00f6nleges kombin\u00e1ci\u00f3ja, massz\u00edv \u00e9s m\u00e9gis l\u00e9gies hat\u00e1s a nappaliban vagy a h\u00e1l\u00f3szob\u00e1ban. \n\nFelt\u0171n\u0151 design \u00e9s min\u0151s\u00e9gi faanyag \u2013 ezeket \u00f6tv\u00f6zt\u00fck a \"Spire\" k\u00f6nyvespolcban. A feket\u00e9re festett f\u00e9m tart\u00f3szerkezet a k\u00f6rnyezetbe olvad, csak a k\u00edgy\u00f3z\u00f3 fatest \u00f6tlik a szembe, ahogy a k\u00f6nyveket, d\u00edszt\u00e1rgyakat tarja \u2013 k\u00fcl\u00f6nleges l\u00e1tv\u00e1ny!\n\n30 cm-es sz\u00e9less\u00e9ge a szok\u00e1sos pakol\u00f3fel\u00fcletn\u00e9l nagyobb, \u00edgy k\u00f6nyveken k\u00edv\u00fcl sz\u00e9lesebb t\u00e1rgyak, hangfal, zenelej\u00e1tsz\u00f3-rendszer, vagy j\u00e1t\u00e9kkonzol, esetleg d\u00edszt\u00e1rgyak, p\u00e9ld\u00e1ul nagyobb v\u00e1z\u00e1k t\u00e1rol\u00e1s\u00e1ra is alkalmas. Stabil tart\u00f3szerkezete mindenk\u00e9ppen lehet\u0151s\u00e9get biztost erre. \n\nA fafel\u00fcletet bio kem\u00e9nyfaolajjal kezelj\u00fck, a tart\u00f3ss\u00e1g \u00e9s a fa sz\u00e9ps\u00e9g\u00e9nek hangs\u00falyoz\u00e1sa \u00e9rdek\u00e9ben. Ez biztos\u00edtja, hogy a fel\u00fclet portasz\u00edt\u00f3 \u00e9s k\u00f6nnyen tiszt\u00edthat\u00f3 legyen, valamint v\u00edztasz\u00edt\u00f3 k\u00e9pess\u00e9ge miatt cserepes n\u00f6v\u00e9nyek t\u00e1rol\u00e1s\u00e1ra is alkalmas.\n\nM\u00e9rete: \n- 150 x 50 x 30 cm    \u00c1ra:   230.000 Ft \n- 180 x 50 x 30 cm    \u00c1ra:   260.000 Ft \n\n\n\n\u2022\tAnyaga: t\u00f6lgy\n\u2022\tK\u00e9zzel k\u00e9sz\u00edtett term\u00e9k\n\u2022\tMin\u0151s\u00e9gi, t\u00f6m\u00f6rfa term\u00e9k\n\u2022\tMinden darab egyedi, a k\u00f6z\u00f6lt k\u00e9pekt\u0151l a v\u00e9gleges b\u00fatordarab kis m\u00e9rt\u00e9kben (rajzolat, \u00edvek, \u00e1rnyalatok, csom\u00f3k) elt\u00e9rhet.\n","price":"230000.00","unit":"db","recommended":"0","status":"1","sponsored":"0","exp_notify":"0","own_material":"0","own_material_description_old":null,"own_material_description":"","jury":"0","jury_number":"","product_nature":"","meskaracsony":"0","create_date":"2026-01-22 15:03:30","shelve_id":"0","image":"vertigodesign_product_392521_210212231304_130231.jpeg","image_width":"480","image_height":"480","image_alt":"K\u00edgy\u00f3z\u00f3 sz\u00e9lezetlen k\u00f6nyvespolc \\\"SPIRE\\\", K\u00fcl\u00f6nleges k\u00f6nyvespolc sz\u00e9lezetlen faelemekb\u0151l \u2013 a fa \u00e9s a f\u00e9m k\u00fcl\u00f6nleges kombin\u00e1ci\u00f3ja, massz\u00edv \u00e9s m..., Meska","image_title":"K\u00edgy\u00f3z\u00f3 sz\u00e9lezetlen k\u00f6nyvespolc \\\"SPIRE\\\", Meska","view_count":"4290","favourite_count":"0","trending_score":"0","last2MonthFavouriteCount":"0","promotion":"0","giftcard_accept":"1","creditcard_accept":true,"enhanced_background":"0","domain":"meska","specific_customer_id":null,"specific_customer_name":null,"to_order_product":"1","to_order_product_time":"14","product_different":"different","product_different_description":"Minden darab egyedi, a k\u00f6z\u00f6lt k\u00e9pekt\u0151l a v\u00e9gleges b\u00fatordarab kis m\u00e9rt\u00e9kben (rajzolat, \u00edvek, \u00e1rnyalatok, csom\u00f3k) elt\u00e9rhet.","vintage":"0","vintage_category_id":"0","recycled":"0","gemstone_id":"0","customizable":"1","type_category":"physical","zerowaste":"0","postage_price":"5000.00","shop_order":"0","has_category":"1","landing_pages":"Aj\u00e1nd\u00e9kok f\u00e9rfiaknak","microdata":{"number":32,"category":""},"title":"K\u00edgy\u00f3z\u00f3 sz\u00e9lezetlen k\u00f6nyvespolc \"SPIRE\"","description":"K\u00fcl\u00f6nleges k\u00f6nyvespolc sz\u00e9lezetlen faelemekb\u0151l \u2013 a fa \u00e9s a f\u00e9m k\u00fcl\u00f6nleges kombin\u00e1ci\u00f3ja, massz\u00edv \u00e9s m\u00e9gis l\u00e9gies hat\u00e1s a nappaliban vagy a h\u00e1l\u00f3szob\u00e1ban. \n\nFelt\u0171n\u0151 design \u00e9s min\u0151s\u00e9gi faanyag \u2013 ezeket \u00f6tv\u00f6zt\u00fck a \"Spire\" k\u00f6nyvespolcban. A feket\u00e9re festett f\u00e9m tart\u00f3szerkezet a k\u00f6rnyezetbe olvad, csak a k\u00edgy\u00f3z\u00f3 fatest \u00f6tlik a szembe, ahogy a k\u00f6nyveket, d\u00edszt\u00e1rgyakat tarja \u2013 k\u00fcl\u00f6nleges l\u00e1tv\u00e1ny!\n\n30 cm-es sz\u00e9less\u00e9ge a szok\u00e1sos pakol\u00f3fel\u00fcletn\u00e9l nagyobb, \u00edgy k\u00f6nyveken k\u00edv\u00fcl sz\u00e9lesebb t\u00e1rgyak, hangfal, zenelej\u00e1tsz\u00f3-rendszer, vagy j\u00e1t\u00e9kkonzol, esetleg d\u00edszt\u00e1rgyak, p\u00e9ld\u00e1ul nagyobb v\u00e1z\u00e1k t\u00e1rol\u00e1s\u00e1ra is alkalmas. Stabil tart\u00f3szerkezete mindenk\u00e9ppen lehet\u0151s\u00e9get biztost erre. \n\nA fafel\u00fcletet bio kem\u00e9nyfaolajjal kezelj\u00fck, a tart\u00f3ss\u00e1g \u00e9s a fa sz\u00e9ps\u00e9g\u00e9nek hangs\u00falyoz\u00e1sa \u00e9rdek\u00e9ben. Ez biztos\u00edtja, hogy a fel\u00fclet portasz\u00edt\u00f3 \u00e9s k\u00f6nnyen tiszt\u00edthat\u00f3 legyen, valamint v\u00edztasz\u00edt\u00f3 k\u00e9pess\u00e9ge miatt cserepes n\u00f6v\u00e9nyek t\u00e1rol\u00e1s\u00e1ra is alkalmas.\n\nM\u00e9rete: \n- 150 x 50 x 30 cm    \u00c1ra:   230.000 Ft \n- 180 x 50 x 30 cm    \u00c1ra:   260.000 Ft \n\n\n\n\u2022\tAnyaga: t\u00f6lgy\n\u2022\tK\u00e9zzel k\u00e9sz\u00edtett term\u00e9k\n\u2022\tMin\u0151s\u00e9gi, t\u00f6m\u00f6rfa term\u00e9k\n\u2022\tMinden darab egyedi, a k\u00f6z\u00f6lt k\u00e9pekt\u0151l a v\u00e9gleges b\u00fatordarab kis m\u00e9rt\u00e9kben (rajzolat, \u00edvek, \u00e1rnyalatok, csom\u00f3k) elt\u00e9rhet.\n","score":0,"formatted_price":"230 000 Ft","image_url":"https:\/\/www.meska.hu\/img\/product\/small\/v\/e\/vertigodesign_product_392521_210212231304_130231.jpeg","formatted_url":"https:\/\/www.meska.hu\/p4034649-kigyozo-szelezetlen-konyvespolc-spire","favourite":false,"in_stock":false,"avatar":"vertigodesign_avatar_392521_1601541269.jpg","delete_from":0,"is_enhanced_background":false,"is_enhanced":false,"product_selection_started":false,"is_active":true,"image_webp_url":"https:\/\/www.meska.hu\/img\/product\/small\/v\/e\/vertigodesign_product_392521_210212231304_130231.webp"},{"id":"6086889","shop_id":"32502","user_id":"419016","shop_name":"Kreativotletvilag","shop_zip":"9343","product_code":"5715507","product_name_old":null,"product_name":"Doh\u00e1nyz\u00f3asztal k\u0151ris f\u00e1b\u00f3l","category_string":"Otthon & \u00c9letm\u00f3d, B\u00fator, Asztal","technic_string":"Famegmunk\u00e1l\u00e1s","category_1":"813","category_2":"313","category_3":"558","category_4":"0","merged_category_1":null,"merged_category_2":null,"merged_category_3":null,"technic_1":"478","technic_2":"0","technic_3":"0","color_1":"515","color_2":"0","color_3":"0","product_description_old":null,"product_description":"Rendelhet\u0151 a k\u00e9peken l\u00e1that\u00f3 egyedi k\u0151ris f\u00e1b\u00f3l k\u00e9sz\u00fclt t\u00f6m\u00f6rfa doh\u00e1nyz\u00f3asztal.\nAz asztallap ragasztott elemekb\u0151l \u00e1ll \u00f6ssze.  A fa l\u00e1bak fekete sz\u00edn\u0171 fel\u00fcletkezel\u00e9st kaptak. \nMassz\u00edv id\u0151t\u00e1ll\u00f3 kivitel.  Egyedi m\u00e9retben \u00e9s sz\u00ednben is eltudom k\u00e9sz\u00edteni. \nM\u00e9retei.:  Hossz 110 cm, sz\u00e9less\u00e9g 65 cm, magass\u00e1g 60 cm, anyagvastags\u00e1g 4,5 cm. \n","price":"75000.00","unit":"db","recommended":"0","status":"1","sponsored":"0","exp_notify":"0","own_material":"0","own_material_description_old":null,"own_material_description":"","jury":"0","jury_number":"","product_nature":"","meskaracsony":"0","create_date":"2026-01-18 21:10:15","shelve_id":"0","image":"kreativotletvilag_product_419016_260118204817_097537.jpeg","image_width":"480","image_height":"360","image_alt":"Doh\u00e1nyz\u00f3asztal k\u0151ris f\u00e1b\u00f3l, Rendelhet\u0151 a k\u00e9peken l\u00e1that\u00f3 egyedi k\u0151ris f\u00e1b\u00f3l k\u00e9sz\u00fclt t\u00f6m\u00f6rfa doh\u00e1nyz\u00f3asztal.\\nAz asztallap ragaszt..., Meska","image_title":"Doh\u00e1nyz\u00f3asztal k\u0151ris f\u00e1b\u00f3l, Meska","view_count":"105","favourite_count":"0","trending_score":"0","last2MonthFavouriteCount":"0","promotion":"0","giftcard_accept":"0","creditcard_accept":false,"enhanced_background":"0","domain":"meska","specific_customer_id":null,"specific_customer_name":null,"to_order_product":"1","to_order_product_time":"7","product_different":null,"product_different_description":"","vintage":"0","vintage_category_id":"0","recycled":"0","gemstone_id":"0","customizable":"0","type_category":"physical","zerowaste":"0","postage_price":"0.00","shop_order":"0","has_category":"1","landing_pages":null,"microdata":{"number":33,"category":""},"title":"Doh\u00e1nyz\u00f3asztal k\u0151ris f\u00e1b\u00f3l","description":"Rendelhet\u0151 a k\u00e9peken l\u00e1that\u00f3 egyedi k\u0151ris f\u00e1b\u00f3l k\u00e9sz\u00fclt t\u00f6m\u00f6rfa doh\u00e1nyz\u00f3asztal.\nAz asztallap ragasztott elemekb\u0151l \u00e1ll \u00f6ssze.  A fa l\u00e1bak fekete sz\u00edn\u0171 fel\u00fcletkezel\u00e9st kaptak. \nMassz\u00edv id\u0151t\u00e1ll\u00f3 kivitel.  Egyedi m\u00e9retben \u00e9s sz\u00ednben is eltudom k\u00e9sz\u00edteni. \nM\u00e9retei.:  Hossz 110 cm, sz\u00e9less\u00e9g 65 cm, magass\u00e1g 60 cm, anyagvastags\u00e1g 4,5 cm. \n","score":0,"formatted_price":"75 000 Ft","image_url":"https:\/\/www.meska.hu\/img\/product\/small\/k\/r\/kreativotletvilag_product_419016_260118204817_097537.jpeg","formatted_url":"https:\/\/www.meska.hu\/p5715507-dohanyzoasztal-koris-fabol","favourite":false,"in_stock":false,"avatar":"419016_avatar_1747593180.png","delete_from":0,"is_enhanced_background":false,"is_enhanced":false,"product_selection_started":false,"is_active":true,"image_webp_url":"https:\/\/www.meska.hu\/img\/product\/small\/k\/r\/kreativotletvilag_product_419016_260118204817_097537.webp"},{"id":"5961096","shop_id":"50502","user_id":"736407","shop_name":"AACustom","shop_zip":"2113","product_code":"5648100","product_name_old":null,"product_name":"\u00c9kszerdoboz Egz\u00f3ta bet\u00e9ttel","category_string":"\u00c9kszer, \u00c9kszertart\u00f3, \u00c9kszerdoboz","technic_string":"Famegmunk\u00e1l\u00e1s","category_1":"327","category_2":"565","category_3":"1207","category_4":"0","merged_category_1":null,"merged_category_2":null,"merged_category_3":null,"technic_1":"478","technic_2":"0","technic_3":"0","color_1":"514","color_2":"0","color_3":"0","product_description_old":null,"product_description":"Egzotikus fa bet\u00e9tes \u00e9kszeres doboz, a k\u00e9pen v\u00f6r\u00f6s zebrafa \u00e9s b\u00fckkfa kombin\u00e1ci\u00f3ja l\u00e1that\u00f3. A bels\u0151 pl\u00fcssel b\u00e9lelt, az als\u00f3 \u00e9s fels\u0151 b\u00e9l\u00e9s fl\u00edz anyaggal t\u00f6m\u00f6tt.  A doboz kem\u00e9nyolajjal kezelt, ami visszaadja a fa term\u00e9szetes tapint\u00e1s\u00e1t, ugyanakkor l\u00e1gy\u00edtja sz\u00edneit, kiemeli a fa sz\u00e9ps\u00e9g\u00e9t. Mivel a fa term\u00e9szetes anyag, k\u00e9t teljesen egyforma t\u00e1rgy nem k\u00e9sz\u00fcl, a k\u00e9p csup\u00e1n illusztr\u00e1ci\u00f3.\nA sz\u00ednek men\u00fcben a b\u00e9l\u00e9s sz\u00edn\u00e9t tudod kiv\u00e1lasztani.\nA fabet\u00e9tek fajt\u00e1ja v\u00e1laszthat\u00f3.\n4 munkanap alatt k\u00e9sz\u00fcl, mivel az olajnak ennyi id\u0151 kell, hogy k\u00e9szre k\u00f6ss\u00f6n.\nIg\u00e9ny eset\u00e9n egyedi m\u00e9retekkel is rendelhet\u0151 a b\u00e9l\u00e9s sz\u00edne v\u00e1laszthat\u00f3.\n\nA doboz m\u00e9retei:\nSz\u00e9less\u00e9g: 15 cm\nHossz\u00fas\u00e1g: 8,5 cm\nMagass\u00e1g: 10 cm\nFalvastags\u00e1g 1,2 cm\n\nIg\u00e9ny eset\u00e9n egyedi m\u00e9retekkel is rendelhet\u0151 a b\u00e9l\u00e9s sz\u00edne v\u00e1laszthat\u00f3.","price":"15000.00","unit":"db","recommended":"0","status":"1","sponsored":"0","exp_notify":"0","own_material":"0","own_material_description_old":null,"own_material_description":"","jury":"0","jury_number":"","product_nature":"","meskaracsony":"0","create_date":"2026-02-15 17:55:24","shelve_id":"0","image":"aacustom_product_736407_251018170748_166511.jpeg","image_width":"480","image_height":"360","image_alt":"\u00c9kszerdoboz Egz\u00f3ta bet\u00e9ttel, Egzotikus fa bet\u00e9tes \u00e9kszeres doboz, a k\u00e9pen v\u00f6r\u00f6s zebrafa \u00e9s b\u00fckkfa kombin\u00e1ci\u00f3ja l\u00e1that\u00f3. A bels\u0151 p..., Meska","image_title":"\u00c9kszerdoboz Egz\u00f3ta bet\u00e9ttel, Meska","view_count":"101","favourite_count":"0","trending_score":"0","last2MonthFavouriteCount":"0","promotion":"0","giftcard_accept":"0","creditcard_accept":true,"enhanced_background":"0","domain":"meska","specific_customer_id":null,"specific_customer_name":null,"to_order_product":"1","to_order_product_time":"4","product_different":null,"product_different_description":"","vintage":"0","vintage_category_id":"0","recycled":"0","gemstone_id":"0","customizable":"1","type_category":"physical","zerowaste":"0","postage_price":"2390.00","shop_order":"0","has_category":"1","landing_pages":null,"microdata":{"number":34,"category":""},"title":"\u00c9kszerdoboz Egz\u00f3ta bet\u00e9ttel","description":"Egzotikus fa bet\u00e9tes \u00e9kszeres doboz, a k\u00e9pen v\u00f6r\u00f6s zebrafa \u00e9s b\u00fckkfa kombin\u00e1ci\u00f3ja l\u00e1that\u00f3. A bels\u0151 pl\u00fcssel b\u00e9lelt, az als\u00f3 \u00e9s fels\u0151 b\u00e9l\u00e9s fl\u00edz anyaggal t\u00f6m\u00f6tt.  A doboz kem\u00e9nyolajjal kezelt, ami visszaadja a fa term\u00e9szetes tapint\u00e1s\u00e1t, ugyanakkor l\u00e1gy\u00edtja sz\u00edneit, kiemeli a fa sz\u00e9ps\u00e9g\u00e9t. Mivel a fa term\u00e9szetes anyag, k\u00e9t teljesen egyforma t\u00e1rgy nem k\u00e9sz\u00fcl, a k\u00e9p csup\u00e1n illusztr\u00e1ci\u00f3.\nA sz\u00ednek men\u00fcben a b\u00e9l\u00e9s sz\u00edn\u00e9t tudod kiv\u00e1lasztani.\nA fabet\u00e9tek fajt\u00e1ja v\u00e1laszthat\u00f3.\n4 munkanap alatt k\u00e9sz\u00fcl, mivel az olajnak ennyi id\u0151 kell, hogy k\u00e9szre k\u00f6ss\u00f6n.\nIg\u00e9ny eset\u00e9n egyedi m\u00e9retekkel is rendelhet\u0151 a b\u00e9l\u00e9s sz\u00edne v\u00e1laszthat\u00f3.\n\nA doboz m\u00e9retei:\nSz\u00e9less\u00e9g: 15 cm\nHossz\u00fas\u00e1g: 8,5 cm\nMagass\u00e1g: 10 cm\nFalvastags\u00e1g 1,2 cm\n\nIg\u00e9ny eset\u00e9n egyedi m\u00e9retekkel is rendelhet\u0151 a b\u00e9l\u00e9s sz\u00edne v\u00e1laszthat\u00f3.","score":0,"formatted_price":"15 000 Ft","image_url":"https:\/\/www.meska.hu\/img\/product\/small\/a\/a\/aacustom_product_736407_251018170748_166511.jpeg","formatted_url":"https:\/\/www.meska.hu\/p5648100-ekszerdoboz-egzota-betettel","favourite":false,"in_stock":false,"avatar":"736407_avatar_1760800001.png","delete_from":0,"is_enhanced_background":false,"is_enhanced":false,"product_selection_started":false,"is_active":true,"image_webp_url":"https:\/\/www.meska.hu\/img\/product\/small\/a\/a\/aacustom_product_736407_251018170748_166511.webp"},{"id":"5961106","shop_id":"50502","user_id":"736407","shop_name":"AACustom","shop_zip":"2113","product_code":"5648107","product_name_old":null,"product_name":"\u00c9kszerdoboz Egz\u00f3ta \u00e9lberak\u00e1ssal","category_string":"\u00c9kszer, \u00c9kszertart\u00f3, \u00c9kszerdoboz","technic_string":"Famegmunk\u00e1l\u00e1s","category_1":"327","category_2":"565","category_3":"1207","category_4":"0","merged_category_1":null,"merged_category_2":null,"merged_category_3":null,"technic_1":"478","technic_2":"0","technic_3":"0","color_1":"514","color_2":"0","color_3":"0","product_description_old":null,"product_description":"Egzotikus fa bet\u00e9tes \u00e9kszeres doboz, a k\u00e9pen b\u00fckkfa \u00e9s kis mahag\u00f3ni \u00e9lberak\u00e1sok kombin\u00e1ci\u00f3ja l\u00e1that\u00f3.  A bels\u0151 pl\u00fcssel b\u00e9lelt, az als\u00f3 \u00e9s fels\u0151 b\u00e9l\u00e9s fl\u00edz anyaggal t\u00f6m\u00f6tt.  A doboz kem\u00e9nyolajjal kezelt, ami visszaadja a fa term\u00e9szetes tapint\u00e1s\u00e1t, ugyanakkor l\u00e1gy\u00edtja sz\u00edneit, kiemeli a fa sz\u00e9ps\u00e9g\u00e9t. Mivel a fa term\u00e9szetes anyag, k\u00e9t teljesen egyforma t\u00e1rgy nem k\u00e9sz\u00fcl, a k\u00e9p csup\u00e1n illusztr\u00e1ci\u00f3.\nA sz\u00ednek men\u00fcben a b\u00e9l\u00e9s sz\u00edn\u00e9t tudod kiv\u00e1lasztani.\nA fabet\u00e9tek fajt\u00e1ja v\u00e1laszthat\u00f3.\n4 munkanap alatt k\u00e9sz\u00fcl, mivel az olajnak ennyi id\u0151 kell, hogy k\u00e9szre k\u00f6ss\u00f6n.\nIg\u00e9ny eset\u00e9n egyedi m\u00e9retekkel is rendelhet\u0151 a b\u00e9l\u00e9s sz\u00edne v\u00e1laszthat\u00f3.\n\nA doboz m\u00e9retei:\nSz\u00e9less\u00e9g: 21 cm\nHossz\u00fas\u00e1g: 18,5 cm\nMagass\u00e1g: 10 cm\nFalvastags\u00e1g 2 cm","price":"15000.00","unit":"db","recommended":"0","status":"1","sponsored":"0","exp_notify":"0","own_material":"0","own_material_description_old":null,"own_material_description":"","jury":"0","jury_number":"","product_nature":"","meskaracsony":"0","create_date":"2026-02-15 18:55:38","shelve_id":"0","image":"aacustom_product_736407_251018175443_011194.jpeg","image_width":"480","image_height":"360","image_alt":"\u00c9kszerdoboz Egz\u00f3ta \u00e9lberak\u00e1ssal, Egzotikus fa bet\u00e9tes \u00e9kszeres doboz, a k\u00e9pen b\u00fckkfa \u00e9s kis mahag\u00f3ni \u00e9lberak\u00e1sok kombin\u00e1ci\u00f3ja l\u00e1that\u00f3..., Meska","image_title":"\u00c9kszerdoboz Egz\u00f3ta \u00e9lberak\u00e1ssal, Meska","view_count":"100","favourite_count":"0","trending_score":"0","last2MonthFavouriteCount":"0","promotion":"0","giftcard_accept":"0","creditcard_accept":true,"enhanced_background":"0","domain":"meska","specific_customer_id":null,"specific_customer_name":null,"to_order_product":"1","to_order_product_time":"4","product_different":null,"product_different_description":"","vintage":"0","vintage_category_id":"0","recycled":"0","gemstone_id":"0","customizable":"1","type_category":"physical","zerowaste":"0","postage_price":"2390.00","shop_order":"0","has_category":"1","landing_pages":null,"microdata":{"number":35,"category":""},"title":"\u00c9kszerdoboz Egz\u00f3ta \u00e9lberak\u00e1ssal","description":"Egzotikus fa bet\u00e9tes \u00e9kszeres doboz, a k\u00e9pen b\u00fckkfa \u00e9s kis mahag\u00f3ni \u00e9lberak\u00e1sok kombin\u00e1ci\u00f3ja l\u00e1that\u00f3.  A bels\u0151 pl\u00fcssel b\u00e9lelt, az als\u00f3 \u00e9s fels\u0151 b\u00e9l\u00e9s fl\u00edz anyaggal t\u00f6m\u00f6tt.  A doboz kem\u00e9nyolajjal kezelt, ami visszaadja a fa term\u00e9szetes tapint\u00e1s\u00e1t, ugyanakkor l\u00e1gy\u00edtja sz\u00edneit, kiemeli a fa sz\u00e9ps\u00e9g\u00e9t. Mivel a fa term\u00e9szetes anyag, k\u00e9t teljesen egyforma t\u00e1rgy nem k\u00e9sz\u00fcl, a k\u00e9p csup\u00e1n illusztr\u00e1ci\u00f3.\nA sz\u00ednek men\u00fcben a b\u00e9l\u00e9s sz\u00edn\u00e9t tudod kiv\u00e1lasztani.\nA fabet\u00e9tek fajt\u00e1ja v\u00e1laszthat\u00f3.\n4 munkanap alatt k\u00e9sz\u00fcl, mivel az olajnak ennyi id\u0151 kell, hogy k\u00e9szre k\u00f6ss\u00f6n.\nIg\u00e9ny eset\u00e9n egyedi m\u00e9retekkel is rendelhet\u0151 a b\u00e9l\u00e9s sz\u00edne v\u00e1laszthat\u00f3.\n\nA doboz m\u00e9retei:\nSz\u00e9less\u00e9g: 21 cm\nHossz\u00fas\u00e1g: 18,5 cm\nMagass\u00e1g: 10 cm\nFalvastags\u00e1g 2 cm","score":0,"formatted_price":"15 000 Ft","image_url":"https:\/\/www.meska.hu\/img\/product\/small\/a\/a\/aacustom_product_736407_251018175443_011194.jpeg","formatted_url":"https:\/\/www.meska.hu\/p5648107-ekszerdoboz-egzota-elberakassal","favourite":false,"in_stock":false,"avatar":"736407_avatar_1760800001.png","delete_from":0,"is_enhanced_background":false,"is_enhanced":false,"product_selection_started":false,"is_active":true,"image_webp_url":"https:\/\/www.meska.hu\/img\/product\/small\/a\/a\/aacustom_product_736407_251018175443_011194.webp"},{"id":"5961135","shop_id":"50502","user_id":"736407","shop_name":"AACustom","shop_zip":"2113","product_code":"5648129","product_name_old":null,"product_name":"Nagym\u00e9ret\u0171 \u00e9kszeres\/f\u00e9nyk\u00e9pes doboz","category_string":"\u00c9kszer, \u00c9kszertart\u00f3, \u00c9kszerdoboz","technic_string":"Famegmunk\u00e1l\u00e1s","category_1":"327","category_2":"565","category_3":"1207","category_4":"0","merged_category_1":null,"merged_category_2":null,"merged_category_3":null,"technic_1":"478","technic_2":"0","technic_3":"0","color_1":"514","color_2":"0","color_3":"0","product_description_old":null,"product_description":"Nagym\u00e9ret\u0171 t\u00f6lgyfa doboz \u00e9kszereknek, f\u00e9nyk\u00e9peknek, kisebb t\u00e1rgyaknak. A k\u00e9pen a bels\u0151 bet\u00e9t Doussie f\u00e1b\u00f3l k\u00e9sz\u00fclt, a fedelet ez tartja a hely\u00e9n.  A doboz kem\u00e9nyolajjal kezelt, ami visszaadja a fa term\u00e9szetes tapint\u00e1s\u00e1t, ugyanakkor l\u00e1gy\u00edtja sz\u00edneit, kiemeli a fa sz\u00e9ps\u00e9g\u00e9t. Mivel a fa term\u00e9szetes anyag, k\u00e9t teljesen egyforma t\u00e1rgy nem k\u00e9sz\u00fcl, a k\u00e9p csup\u00e1n illusztr\u00e1ci\u00f3.\n4 munkanap alatt k\u00e9sz\u00fcl, mivel az olajnak ennyi id\u0151 kell, hogy k\u00e9szre k\u00f6ss\u00f6n.\nIg\u00e9ny eset\u00e9n egyedi m\u00e9retekkel is rendelhet\u0151.\n\nA doboz m\u00e9retei:\nSz\u00e9less\u00e9g: 29 cm\nHossz\u00fas\u00e1g: 19 cm\nMagass\u00e1g: 11,5 cm (foganty\u00fa + 5cm)\nFalvastags\u00e1g 2 cm (bet\u00e9ttel egy\u00fctt)\n\n","price":"18000.00","unit":"db","recommended":"0","status":"1","sponsored":"0","exp_notify":"0","own_material":"0","own_material_description_old":null,"own_material_description":"","jury":"0","jury_number":"","product_nature":"","meskaracsony":"0","create_date":"2026-02-15 18:55:39","shelve_id":"0","image":"aacustom_product_736407_251018175748_238753.jpeg","image_width":"480","image_height":"360","image_alt":"Nagym\u00e9ret\u0171 \u00e9kszeres\/f\u00e9nyk\u00e9pes doboz, Nagym\u00e9ret\u0171 t\u00f6lgyfa doboz \u00e9kszereknek, f\u00e9nyk\u00e9peknek, kisebb t\u00e1rgyaknak. A k\u00e9pen a bels\u0151 bet\u00e9t Doussie..., Meska","image_title":"Nagym\u00e9ret\u0171 \u00e9kszeres\/f\u00e9nyk\u00e9pes doboz, Meska","view_count":"87","favourite_count":"0","trending_score":"0","last2MonthFavouriteCount":"0","promotion":"0","giftcard_accept":"0","creditcard_accept":true,"enhanced_background":"0","domain":"meska","specific_customer_id":null,"specific_customer_name":null,"to_order_product":"1","to_order_product_time":"4","product_different":null,"product_different_description":"","vintage":"0","vintage_category_id":"0","recycled":"0","gemstone_id":"0","customizable":"1","type_category":"physical","zerowaste":"0","postage_price":"2390.00","shop_order":"0","has_category":"1","landing_pages":null,"microdata":{"number":36,"category":""},"title":"Nagym\u00e9ret\u0171 \u00e9kszeres\/f\u00e9nyk\u00e9pes doboz","description":"Nagym\u00e9ret\u0171 t\u00f6lgyfa doboz \u00e9kszereknek, f\u00e9nyk\u00e9peknek, kisebb t\u00e1rgyaknak. A k\u00e9pen a bels\u0151 bet\u00e9t Doussie f\u00e1b\u00f3l k\u00e9sz\u00fclt, a fedelet ez tartja a hely\u00e9n.  A doboz kem\u00e9nyolajjal kezelt, ami visszaadja a fa term\u00e9szetes tapint\u00e1s\u00e1t, ugyanakkor l\u00e1gy\u00edtja sz\u00edneit, kiemeli a fa sz\u00e9ps\u00e9g\u00e9t. Mivel a fa term\u00e9szetes anyag, k\u00e9t teljesen egyforma t\u00e1rgy nem k\u00e9sz\u00fcl, a k\u00e9p csup\u00e1n illusztr\u00e1ci\u00f3.\n4 munkanap alatt k\u00e9sz\u00fcl, mivel az olajnak ennyi id\u0151 kell, hogy k\u00e9szre k\u00f6ss\u00f6n.\nIg\u00e9ny eset\u00e9n egyedi m\u00e9retekkel is rendelhet\u0151.\n\nA doboz m\u00e9retei:\nSz\u00e9less\u00e9g: 29 cm\nHossz\u00fas\u00e1g: 19 cm\nMagass\u00e1g: 11,5 cm (foganty\u00fa + 5cm)\nFalvastags\u00e1g 2 cm (bet\u00e9ttel egy\u00fctt)\n\n","score":0,"formatted_price":"18 000 Ft","image_url":"https:\/\/www.meska.hu\/img\/product\/small\/a\/a\/aacustom_product_736407_251018175748_238753.jpeg","formatted_url":"https:\/\/www.meska.hu\/p5648129-nagymeretu-ekszeres-fenykepes-doboz","favourite":false,"in_stock":false,"avatar":"736407_avatar_1760800001.png","delete_from":0,"is_enhanced_background":false,"is_enhanced":false,"product_selection_started":false,"is_active":true,"image_webp_url":"https:\/\/www.meska.hu\/img\/product\/small\/a\/a\/aacustom_product_736407_251018175748_238753.webp"},{"id":"5929835","shop_id":"27321","user_id":"334349","shop_name":"SKANDIna","shop_zip":"2053","product_code":"5624843","product_name_old":null,"product_name":"Angyalkutyus eml\u00e9kt\u00e1rgy t\u00f6mbfa talpon","category_string":"Esk\u00fcv\u0151, Eml\u00e9k & Aj\u00e1nd\u00e9k, Album & Fot\u00f3album","technic_string":"Gipsz\u00f6nt\u00e9s","category_1":"317","category_2":"905","category_3":"1071","category_4":"0","merged_category_1":null,"merged_category_2":null,"merged_category_3":null,"technic_1":"13","technic_2":"0","technic_3":"0","color_1":"514","color_2":"519","color_3":"520","product_description_old":null,"product_description":"Ez a k\u00fcl\u00f6nleges eml\u00e9kt\u00e1rgy m\u00e9lt\u00f3 m\u00f3don \u0151rzi h\u0171s\u00e9ges t\u00e1rsaink eml\u00e9k\u00e9t. A szobor egy b\u00e9k\u00e9sen pihen\u0151 kutyust \u00e1br\u00e1zol angyalsz\u00e1rnyakkal, amely a szeretet \u00e9s a gondoskod\u00e1s szimb\u00f3luma.\n\nAnyaga: k\u00f6rnyezetbar\u00e1t \u00f6nt\u0151porb\u00f3l k\u00e9zzel ki\u00f6ntve, majd term\u00e9szetes hat\u00e1s\u00fa, massz\u00edv t\u00f6mbfa talpra r\u00f6gz\u00edtve.\nFelirat: a fa talpon fekete kalligrafikus \u00edr\u00e1ssal ker\u00fcl felt\u00fcntet\u00e9sre a kedvenc neve \u00e9s az \u00e9letszakaszt jel\u00f6l\u0151 d\u00e1tum.\nM\u00e9rete: a kutya szobor kb. 12 \u00d7 5,9 cm.\nFatalp: 13cmx4cm\n\nEz az eml\u00e9k nemcsak t\u00e1rgy, hanem sz\u00edvb\u0151l j\u00f6v\u0151 \u00fczenet: \u201e\u00f6r\u00f6kk\u00e9 vel\u00fcnk maradsz\u201d. Kiv\u00e1l\u00f3 aj\u00e1nd\u00e9k saj\u00e1t eml\u00e9k\u00fcl vagy szeretteink sz\u00e1m\u00e1ra, akik elvesz\u00edtett\u00e9k n\u00e9gyl\u00e1b\u00fa bar\u00e1tjukat.","price":"8500.00","unit":"db","recommended":"0","status":"1","sponsored":"0","exp_notify":"0","own_material":"0","own_material_description_old":null,"own_material_description":"","jury":"0","jury_number":"","product_nature":"","meskaracsony":"0","create_date":"2026-01-26 20:34:26","shelve_id":"0","image":"skandina_product_334349_250928200415_2951.png","image_width":"480","image_height":"480","image_alt":"Angyalkutyus eml\u00e9kt\u00e1rgy t\u00f6mbfa talpon, Ez a k\u00fcl\u00f6nleges eml\u00e9kt\u00e1rgy m\u00e9lt\u00f3 m\u00f3don \u0151rzi h\u0171s\u00e9ges t\u00e1rsaink eml\u00e9k\u00e9t. A szobor egy b\u00e9k\u00e9sen pihen\u0151 ku..., Meska","image_title":"Angyalkutyus eml\u00e9kt\u00e1rgy t\u00f6mbfa talpon, Meska","view_count":"114","favourite_count":"0","trending_score":"0","last2MonthFavouriteCount":"0","promotion":"0","giftcard_accept":"1","creditcard_accept":true,"enhanced_background":"0","domain":"meska","specific_customer_id":null,"specific_customer_name":null,"to_order_product":"1","to_order_product_time":"10","product_different":null,"product_different_description":"","vintage":"0","vintage_category_id":"0","recycled":"0","gemstone_id":"0","customizable":"0","type_category":"physical","zerowaste":"0","postage_price":"1349.00","shop_order":"3","has_category":"1","landing_pages":null,"microdata":{"number":37,"category":""},"title":"Angyalkutyus eml\u00e9kt\u00e1rgy t\u00f6mbfa talpon","description":"Ez a k\u00fcl\u00f6nleges eml\u00e9kt\u00e1rgy m\u00e9lt\u00f3 m\u00f3don \u0151rzi h\u0171s\u00e9ges t\u00e1rsaink eml\u00e9k\u00e9t. A szobor egy b\u00e9k\u00e9sen pihen\u0151 kutyust \u00e1br\u00e1zol angyalsz\u00e1rnyakkal, amely a szeretet \u00e9s a gondoskod\u00e1s szimb\u00f3luma.\n\nAnyaga: k\u00f6rnyezetbar\u00e1t \u00f6nt\u0151porb\u00f3l k\u00e9zzel ki\u00f6ntve, majd term\u00e9szetes hat\u00e1s\u00fa, massz\u00edv t\u00f6mbfa talpra r\u00f6gz\u00edtve.\nFelirat: a fa talpon fekete kalligrafikus \u00edr\u00e1ssal ker\u00fcl felt\u00fcntet\u00e9sre a kedvenc neve \u00e9s az \u00e9letszakaszt jel\u00f6l\u0151 d\u00e1tum.\nM\u00e9rete: a kutya szobor kb. 12 \u00d7 5,9 cm.\nFatalp: 13cmx4cm\n\nEz az eml\u00e9k nemcsak t\u00e1rgy, hanem sz\u00edvb\u0151l j\u00f6v\u0151 \u00fczenet: \u201e\u00f6r\u00f6kk\u00e9 vel\u00fcnk maradsz\u201d. Kiv\u00e1l\u00f3 aj\u00e1nd\u00e9k saj\u00e1t eml\u00e9k\u00fcl vagy szeretteink sz\u00e1m\u00e1ra, akik elvesz\u00edtett\u00e9k n\u00e9gyl\u00e1b\u00fa bar\u00e1tjukat.","score":0,"formatted_price":"8 500 Ft","image_url":"https:\/\/www.meska.hu\/img\/product\/small\/s\/k\/skandina_product_334349_250928200415_2951.png","formatted_url":"https:\/\/www.meska.hu\/p5624843-angyalkutyus-emlektargy-tombfa-talpon","favourite":false,"in_stock":false,"avatar":"334349_avatar_1774184140.png","delete_from":0,"is_enhanced_background":false,"is_enhanced":false,"product_selection_started":false,"is_active":true,"image_webp_url":"https:\/\/www.meska.hu\/img\/product\/small\/s\/k\/skandina_product_334349_250928200415_2951.webp"},{"id":"6070802","shop_id":"51467","user_id":"766713","shop_name":"Szabinafadekor","shop_zip":"9970","product_code":"5700940","product_name_old":null,"product_name":"R\u00f3ka","category_string":"Otthon & \u00c9letm\u00f3d, Dekor\u00e1ci\u00f3, Dekorat\u00edv figur\u00e1k \u00e9s szobrok","technic_string":"Famegmunk\u00e1l\u00e1s, Fest\u00e9szet","category_1":"813","category_2":"314","category_3":"370","category_4":"0","merged_category_1":null,"merged_category_2":null,"merged_category_3":null,"technic_1":"478","technic_2":"480","technic_3":"0","color_1":"514","color_2":"515","color_3":"568","product_description_old":null,"product_description":"F\u00e1b\u00f3l k\u00e9sz\u00edtett, k\u00e9zzel festett r\u00f3ka . Nincs bel\u0151le kett\u0151 egyforma ! Narancss\u00e1rga illetve nat\u00far sz\u00ednben ! F\u00e9mb\u0151l hajtott farokkal, fagy\u00f6ngy\u00f6kkel d\u00edszitve!\nM\u00e9rete k\u00f6r\u00fclbel\u00fcl : Magass\u00e1ga 22 cm, sz\u00e9less\u00e9ge 9,5 cm, vastags\u00e1ga 2 cm. ","price":"9000.00","unit":"db","recommended":"0","status":"1","sponsored":"0","exp_notify":"0","own_material":"0","own_material_description_old":null,"own_material_description":"","jury":"0","jury_number":"","product_nature":"","meskaracsony":"0","create_date":"2026-01-14 20:19:11","shelve_id":"0","image":"szabinafadekor_product_766713_260114201029_010362.jpeg","image_width":"480","image_height":"360","image_alt":"R\u00f3ka, F\u00e1b\u00f3l k\u00e9sz\u00edtett, k\u00e9zzel festett r\u00f3ka . Nincs bel\u0151le kett\u0151 egyforma ! Narancss\u00e1rga illetve nat\u00far sz\u00edn..., Meska","image_title":"R\u00f3ka, Meska","view_count":"109","favourite_count":"0","trending_score":"0","last2MonthFavouriteCount":"0","promotion":"0","giftcard_accept":"0","creditcard_accept":true,"enhanced_background":"0","domain":"meska","specific_customer_id":null,"specific_customer_name":null,"to_order_product":"0","to_order_product_time":"0","product_different":null,"product_different_description":"","vintage":"0","vintage_category_id":"0","recycled":"0","gemstone_id":"0","customizable":"0","type_category":"physical","zerowaste":"0","postage_price":"1290.00","shop_order":"0","has_category":"1","landing_pages":null,"microdata":{"number":38,"category":""},"title":"R\u00f3ka","description":"F\u00e1b\u00f3l k\u00e9sz\u00edtett, k\u00e9zzel festett r\u00f3ka . Nincs bel\u0151le kett\u0151 egyforma ! Narancss\u00e1rga illetve nat\u00far sz\u00ednben ! F\u00e9mb\u0151l hajtott farokkal, fagy\u00f6ngy\u00f6kkel d\u00edszitve!\nM\u00e9rete k\u00f6r\u00fclbel\u00fcl : Magass\u00e1ga 22 cm, sz\u00e9less\u00e9ge 9,5 cm, vastags\u00e1ga 2 cm. ","score":0,"formatted_price":"9 000 Ft","image_url":"https:\/\/www.meska.hu\/img\/product\/small\/s\/z\/szabinafadekor_product_766713_260114201029_010362.jpeg","formatted_url":"https:\/\/www.meska.hu\/p5700940-roka","favourite":false,"in_stock":true,"avatar":"766713_avatar_1768765911.jpeg","delete_from":0,"is_enhanced_background":false,"is_enhanced":false,"product_selection_started":false,"is_active":true,"image_webp_url":"https:\/\/www.meska.hu\/img\/product\/small\/s\/z\/szabinafadekor_product_766713_260114201029_010362.webp"},{"id":"3418826","shop_id":"30882","user_id":"392521","shop_name":"vertigodesign","shop_zip":"2092","product_code":"4031712","product_name_old":null,"product_name":"K\u00e9mcs\u00f6ves kasp\u00f3 \"NOOB\"","category_string":"Otthon & \u00c9letm\u00f3d, Vir\u00e1gdekor\u00e1ci\u00f3, Kasp\u00f3, Vir\u00e1gtart\u00f3","technic_string":"Famegmunk\u00e1l\u00e1s","category_1":"813","category_2":"1473","category_3":"960","category_4":"954","merged_category_1":"0","merged_category_2":"0","merged_category_3":"785","technic_1":"478","technic_2":"0","technic_3":"0","color_1":"514","color_2":"0","color_3":"0","product_description_old":null,"product_description":"Egyszer\u0171, letisztult forma, kreat\u00edv design. Z\u00f6ld n\u00f6v\u00e9nyek - vir\u00e1gcser\u00e9p helyett - izgalmas k\u00e9mcs\u00f6vekben \u00e9s nyers t\u00f6m\u00f6rfa tart\u00f3ban. Modern aj\u00e1nd\u00e9k, ak\u00e1r n\u00e9vre sz\u00f3l\u00f3an log\u00f3zva is rendelhet\u0151. \n\nM\u00e9rete: 30 x 25 cm (5 db k\u00e9mcs\u0151vel)  - ett\u0151l elt\u00e9r\u0151 m\u00e9retben is rendelhet\u0151.\n\nEz az \u00fajszer\u0171 vir\u00e1gtart\u00f3 nemcsak v\u00e1zak\u00e9nt funkcion\u00e1l. \nGy\u00f6kereztet\u0151 v\u00e1zak\u00e9nt, vagy az \u00e9tkez\u0151asztal d\u00edszek\u00e9nt is t\u00f6k\u00e9letes szolg\u00e1latot tesz. A design letisztult, m\u00e9gis szokatlan, de a fa term\u00e9szetess\u00e9ge, \u00e9s a z\u00f6ld n\u00f6v\u00e9nyek l\u00e1tv\u00e1nya a kert \u00e9s az erd\u0151 bens\u0151s\u00e9ges hangulat\u00e1t hozza csal\u00e1dod k\u00f6r\u00e9be. \n \nA fafel\u00fcletet bio kem\u00e9nyfaolajjal kezelj\u00fck, a tart\u00f3ss\u00e1g \u00e9s a fa sz\u00e9ps\u00e9g\u00e9nek hangs\u00falyoz\u00e1sa \u00e9rdek\u00e9ben. Ez biztos\u00edtja, hogy a fel\u00fclet v\u00edztasz\u00edt\u00f3 is legyen, \u00edgy nem tesz k\u00e1rt benne a v\u00edzcsere eset\u00e9n kics\u00f6p\u00f6g\u0151 nedvess\u00e9g.\n\n\u2022\tAnyaga: borovi feny\u0151\n\u2022\tA k\u00e9mcs\u0151 tartoz\u00e9k. \n\u2022\tK\u00e9zzel k\u00e9sz\u00edtett term\u00e9k\n\u2022\tMin\u0151s\u00e9gi, t\u00f6m\u00f6rfa term\u00e9k\n\u2022\tMinden darab egyedi, a k\u00f6z\u00f6lt k\u00e9pekt\u0151l a v\u00e9gleges d\u00edszt\u00e1rgy kis m\u00e9rt\u00e9kben (rajzolat, \u00edvek, \u00e1rnyalatok, csom\u00f3k) elt\u00e9rhet.\n\nA term\u00e9knek a z\u00f6ldn\u00f6v\u00e9ny nem r\u00e9sze.\n","price":"19000.00","unit":"db","recommended":"0","status":"1","sponsored":"0","exp_notify":"0","own_material":"0","own_material_description_old":null,"own_material_description":"","jury":"0","jury_number":"","product_nature":"","meskaracsony":"0","create_date":"2026-01-11 15:51:29","shelve_id":"0","image":"vertigodesign_product_392521_230227092020_981363.jpeg","image_width":"480","image_height":"640","image_alt":"K\u00e9mcs\u00f6ves kasp\u00f3 \\\"NOOB\\\", Egyszer\u0171, letisztult forma, kreat\u00edv design. Z\u00f6ld n\u00f6v\u00e9nyek - vir\u00e1gcser\u00e9p helyett - izgalmas k\u00e9mcs\u00f6vek..., Meska","image_title":"K\u00e9mcs\u00f6ves kasp\u00f3 \\\"NOOB\\\", Meska","view_count":"2265","favourite_count":"0","trending_score":"0","last2MonthFavouriteCount":"0","promotion":"0","giftcard_accept":"1","creditcard_accept":true,"enhanced_background":"0","domain":"meska","specific_customer_id":null,"specific_customer_name":null,"to_order_product":"1","to_order_product_time":"14","product_different":"different","product_different_description":"Minden darab egyedi, a k\u00f6z\u00f6lt k\u00e9pekt\u0151l a v\u00e9gleges d\u00edszt\u00e1rgy kis m\u00e9rt\u00e9kben (rajzolat, \u00edvek, \u00e1rnyalatok, csom\u00f3k) elt\u00e9rhet.","vintage":"0","vintage_category_id":"0","recycled":"0","gemstone_id":"0","customizable":"1","type_category":"physical","zerowaste":"0","postage_price":"3260.00","shop_order":"0","has_category":"1","landing_pages":"Aj\u00e1nd\u00e9kok f\u00e9rfiaknak, Sz\u00fclinapi aj\u00e1nd\u00e9kok","microdata":{"number":39,"category":""},"title":"K\u00e9mcs\u00f6ves kasp\u00f3 \"NOOB\"","description":"Egyszer\u0171, letisztult forma, kreat\u00edv design. Z\u00f6ld n\u00f6v\u00e9nyek - vir\u00e1gcser\u00e9p helyett - izgalmas k\u00e9mcs\u00f6vekben \u00e9s nyers t\u00f6m\u00f6rfa tart\u00f3ban. Modern aj\u00e1nd\u00e9k, ak\u00e1r n\u00e9vre sz\u00f3l\u00f3an log\u00f3zva is rendelhet\u0151. \n\nM\u00e9rete: 30 x 25 cm (5 db k\u00e9mcs\u0151vel)  - ett\u0151l elt\u00e9r\u0151 m\u00e9retben is rendelhet\u0151.\n\nEz az \u00fajszer\u0171 vir\u00e1gtart\u00f3 nemcsak v\u00e1zak\u00e9nt funkcion\u00e1l. \nGy\u00f6kereztet\u0151 v\u00e1zak\u00e9nt, vagy az \u00e9tkez\u0151asztal d\u00edszek\u00e9nt is t\u00f6k\u00e9letes szolg\u00e1latot tesz. A design letisztult, m\u00e9gis szokatlan, de a fa term\u00e9szetess\u00e9ge, \u00e9s a z\u00f6ld n\u00f6v\u00e9nyek l\u00e1tv\u00e1nya a kert \u00e9s az erd\u0151 bens\u0151s\u00e9ges hangulat\u00e1t hozza csal\u00e1dod k\u00f6r\u00e9be. \n \nA fafel\u00fcletet bio kem\u00e9nyfaolajjal kezelj\u00fck, a tart\u00f3ss\u00e1g \u00e9s a fa sz\u00e9ps\u00e9g\u00e9nek hangs\u00falyoz\u00e1sa \u00e9rdek\u00e9ben. Ez biztos\u00edtja, hogy a fel\u00fclet v\u00edztasz\u00edt\u00f3 is legyen, \u00edgy nem tesz k\u00e1rt benne a v\u00edzcsere eset\u00e9n kics\u00f6p\u00f6g\u0151 nedvess\u00e9g.\n\n\u2022\tAnyaga: borovi feny\u0151\n\u2022\tA k\u00e9mcs\u0151 tartoz\u00e9k. \n\u2022\tK\u00e9zzel k\u00e9sz\u00edtett term\u00e9k\n\u2022\tMin\u0151s\u00e9gi, t\u00f6m\u00f6rfa term\u00e9k\n\u2022\tMinden darab egyedi, a k\u00f6z\u00f6lt k\u00e9pekt\u0151l a v\u00e9gleges d\u00edszt\u00e1rgy kis m\u00e9rt\u00e9kben (rajzolat, \u00edvek, \u00e1rnyalatok, csom\u00f3k) elt\u00e9rhet.\n\nA term\u00e9knek a z\u00f6ldn\u00f6v\u00e9ny nem r\u00e9sze.\n","score":0,"formatted_price":"19 000 Ft","image_url":"https:\/\/www.meska.hu\/img\/product\/small\/v\/e\/vertigodesign_product_392521_230227092020_981363.jpeg","formatted_url":"https:\/\/www.meska.hu\/p4031712-kemcsoves-kaspo-noob","favourite":false,"in_stock":false,"avatar":"vertigodesign_avatar_392521_1601541269.jpg","delete_from":0,"is_enhanced_background":false,"is_enhanced":false,"product_selection_started":false,"is_active":true,"image_webp_url":"https:\/\/www.meska.hu\/img\/product\/small\/v\/e\/vertigodesign_product_392521_230227092020_981363.webp"},{"id":"4478298","shop_id":"38412","user_id":"520869","shop_name":"MAkidsdesign","shop_zip":"2011","product_code":"4762554","product_name_old":null,"product_name":"\u00c1llatfigur\u00e1s gyereksz\u00e9k","category_string":"Baba - mama, Babaszobab\u00fator, Gyerek sz\u00e9k, s\u00e1mli","technic_string":"Famegmunk\u00e1l\u00e1s, Festett t\u00e1rgyak","category_1":"1735","category_2":"1756","category_3":"1443","category_4":"0","merged_category_1":null,"merged_category_2":null,"merged_category_3":null,"technic_1":"478","technic_2":"481","technic_3":"0","color_1":"519","color_2":"527","color_3":"534","product_description_old":null,"product_description":"Var\u00e1zsolj mosolyt gyermeked arc\u00e1ra egy ilyen kedvenc kis \u00e1llatk\u00e1j\u00e1t mint\u00e1z\u00f3 sz\u00e9kkel.\nAz \u00e1r egy darabra vonatkozik.\nSz\u00edvesen teljes\u00edtek egyedi k\u00e9r\u00e9seket (minta, m\u00e9ret) is, ebben az esetben viszont az elk\u00e9sz\u00edt\u00e9si id\u0151 v\u00e1ltozhat.\nM\u00e9retek:\nmagass\u00e1g: 29cm\nsz\u00e9less\u00e9g: 28 cm - kiv\u00e9ve b\u00e1r\u00e1nyos: 32 cm\nhossz\u00fas\u00e1g: r\u00f3k\u00e1s 34 cm, mos\u00f3maci, b\u00e1r\u00e1ny: 32 cm\n\nAz elk\u00e9sz\u00edt\u00e9si id\u0151 a megrendel\u00e9sek sz\u00e1m\u00e1nak f\u00fcggv\u00e9ny\u00e9ben v\u00e1ltozhat.","price":"28000.00","unit":"db","recommended":"0","status":"1","sponsored":"0","exp_notify":"0","own_material":"0","own_material_description_old":null,"own_material_description":"","jury":"0","jury_number":"","product_nature":"","meskaracsony":"0","create_date":"2026-02-26 16:06:18","shelve_id":"0","image":"makidsdesign_product_520869_231025000818_042122.jpeg","image_width":"480","image_height":"480","image_alt":"\u00c1llatfigur\u00e1s gyereksz\u00e9k, Var\u00e1zsolj mosolyt gyermeked arc\u00e1ra egy ilyen kedvenc kis \u00e1llatk\u00e1j\u00e1t mint\u00e1z\u00f3 sz\u00e9kkel.\\nAz \u00e1r egy darab..., Meska","image_title":"\u00c1llatfigur\u00e1s gyereksz\u00e9k, Meska","view_count":"1976","favourite_count":"0","trending_score":"0","last2MonthFavouriteCount":"0","promotion":"0","giftcard_accept":"0","creditcard_accept":false,"enhanced_background":"0","domain":"meska","specific_customer_id":null,"specific_customer_name":null,"to_order_product":"1","to_order_product_time":"15","product_different":null,"product_different_description":"","vintage":"0","vintage_category_id":"0","recycled":"0","gemstone_id":"0","customizable":"1","type_category":"physical","zerowaste":"0","postage_price":"1290.00","shop_order":"0","has_category":"1","landing_pages":null,"microdata":{"number":40,"category":""},"title":"\u00c1llatfigur\u00e1s gyereksz\u00e9k","description":"Var\u00e1zsolj mosolyt gyermeked arc\u00e1ra egy ilyen kedvenc kis \u00e1llatk\u00e1j\u00e1t mint\u00e1z\u00f3 sz\u00e9kkel.\nAz \u00e1r egy darabra vonatkozik.\nSz\u00edvesen teljes\u00edtek egyedi k\u00e9r\u00e9seket (minta, m\u00e9ret) is, ebben az esetben viszont az elk\u00e9sz\u00edt\u00e9si id\u0151 v\u00e1ltozhat.\nM\u00e9retek:\nmagass\u00e1g: 29cm\nsz\u00e9less\u00e9g: 28 cm - kiv\u00e9ve b\u00e1r\u00e1nyos: 32 cm\nhossz\u00fas\u00e1g: r\u00f3k\u00e1s 34 cm, mos\u00f3maci, b\u00e1r\u00e1ny: 32 cm\n\nAz elk\u00e9sz\u00edt\u00e9si id\u0151 a megrendel\u00e9sek sz\u00e1m\u00e1nak f\u00fcggv\u00e9ny\u00e9ben v\u00e1ltozhat.","score":0,"formatted_price":"28 000 Ft","image_url":"https:\/\/www.meska.hu\/img\/product\/small\/m\/a\/makidsdesign_product_520869_231025000818_042122.jpeg","formatted_url":"https:\/\/www.meska.hu\/p4762554-allatfiguras-gyerekszek","favourite":false,"in_stock":false,"avatar":"MAkidsdesign_avatar_520869_1670285863.jpg","delete_from":0,"is_enhanced_background":false,"is_enhanced":false,"product_selection_started":false,"is_active":true,"image_webp_url":"https:\/\/www.meska.hu\/img\/product\/small\/m\/a\/makidsdesign_product_520869_231025000818_042122.webp"},{"id":"5673921","shop_id":"47575","user_id":"697570","shop_name":"RMWoodArt","shop_zip":"7623","product_code":"5486386","product_name_old":null,"product_name":"K\u0151ris ed\u00e9nyal\u00e1t\u00e9t szett t\u00e1rol\u00f3ban 4 db","category_string":"Otthon & \u00c9letm\u00f3d, Konyhafelszerel\u00e9s, t\u00e1lal\u00e1s, S\u00fct\u00e9s, f\u0151z\u00e9s, Ed\u00e9nyal\u00e1t\u00e9t","technic_string":"Famegmunk\u00e1l\u00e1s","category_1":"813","category_2":"393","category_3":"1481","category_4":"395","merged_category_1":null,"merged_category_2":null,"merged_category_3":null,"technic_1":"478","technic_2":"0","technic_3":"0","color_1":"514","color_2":"0","color_3":"0","product_description_old":null,"product_description":"N\u00e9gy darabos k\u0151ris t\u00f6m\u00f6rfa al\u00e1t\u00e9t egy hozz\u00e1ill\u0151 dekorat\u00edv t\u00e1rol\u00f3ban \nAnyaga: k\u0151ris, nat\u00far\nM\u00e9rete: t\u00e1rol\u00f3: 12,5*14,5*6cm \n               Al\u00e1t\u00e9t: 14*11*2cm \nFelhaszn\u00e1l\u00e1si ter\u00fclet: poh\u00e1r- vagy ed\u00e9nyal\u00e1t\u00e9tnek\nKinek aj\u00e1nlott: minden konyh\u00e1ban hasznos \u00e9s n\u00e9lk\u00fcl\u00f6zhetetlen eszk\u00f6z, a term\u00e9szetes anyagok kedvel\u0151inek. Praktikus \u00e9s sz\u00e9p darab. Ak\u00e1r aj\u00e1nd\u00e9knak is kiv\u00e1l\u00f3\n","price":"5000.00","unit":"db","recommended":"0","status":"1","sponsored":"0","exp_notify":"0","own_material":"0","own_material_description_old":null,"own_material_description":"","jury":"0","jury_number":"","product_nature":"","meskaracsony":"0","create_date":"2026-01-28 20:26:22","shelve_id":"79234","image":"rmwoodart2_product_697570_250125145253_141514.jpeg","image_width":"480","image_height":"326","image_alt":"K\u0151ris ed\u00e9nyal\u00e1t\u00e9t szett t\u00e1rol\u00f3ban 4 db, N\u00e9gy darabos k\u0151ris t\u00f6m\u00f6rfa al\u00e1t\u00e9t egy hozz\u00e1ill\u0151 dekorat\u00edv t\u00e1rol\u00f3ban \\nAnyaga: k\u0151ris, nat\u00far\\nM\u00e9rete: t\u00e1..., Meska","image_title":"K\u0151ris ed\u00e9nyal\u00e1t\u00e9t szett t\u00e1rol\u00f3ban 4 db, Meska","view_count":"272","favourite_count":"0","trending_score":"0","last2MonthFavouriteCount":"0","promotion":"0","giftcard_accept":"0","creditcard_accept":true,"enhanced_background":"0","domain":"meska","specific_customer_id":null,"specific_customer_name":null,"to_order_product":"0","to_order_product_time":"0","product_different":null,"product_different_description":"","vintage":"0","vintage_category_id":"0","recycled":"1","gemstone_id":"0","customizable":"0","type_category":"physical","zerowaste":"1","postage_price":"1290.00","shop_order":"0","has_category":"1","landing_pages":null,"microdata":{"number":41,"category":""},"title":"K\u0151ris ed\u00e9nyal\u00e1t\u00e9t szett t\u00e1rol\u00f3ban 4 db","description":"N\u00e9gy darabos k\u0151ris t\u00f6m\u00f6rfa al\u00e1t\u00e9t egy hozz\u00e1ill\u0151 dekorat\u00edv t\u00e1rol\u00f3ban \nAnyaga: k\u0151ris, nat\u00far\nM\u00e9rete: t\u00e1rol\u00f3: 12,5*14,5*6cm \n               Al\u00e1t\u00e9t: 14*11*2cm \nFelhaszn\u00e1l\u00e1si ter\u00fclet: poh\u00e1r- vagy ed\u00e9nyal\u00e1t\u00e9tnek\nKinek aj\u00e1nlott: minden konyh\u00e1ban hasznos \u00e9s n\u00e9lk\u00fcl\u00f6zhetetlen eszk\u00f6z, a term\u00e9szetes anyagok kedvel\u0151inek. Praktikus \u00e9s sz\u00e9p darab. Ak\u00e1r aj\u00e1nd\u00e9knak is kiv\u00e1l\u00f3\n","score":0,"formatted_price":"5 000 Ft","image_url":"https:\/\/www.meska.hu\/img\/product\/small\/r\/m\/rmwoodart2_product_697570_250125145253_141514.jpeg","formatted_url":"https:\/\/www.meska.hu\/p5486386-koris-edenyalatet-szett-taroloban-4-db","favourite":false,"in_stock":true,"avatar":"697570_avatar_1735598226.jpeg","delete_from":0,"is_enhanced_background":false,"is_enhanced":false,"product_selection_started":false,"is_active":true,"image_webp_url":"https:\/\/www.meska.hu\/img\/product\/small\/r\/m\/rmwoodart2_product_697570_250125145253_141514.webp"},{"id":"6096233","shop_id":"8234","user_id":"38499","shop_name":"szeljo","shop_zip":"9112","product_code":"5721141","product_name_old":null,"product_name":"Kulcstart\u00f3k 52.","category_string":"T\u00e1ska & Tok, Kulcstart\u00f3 & T\u00e1skad\u00edsz, Kulcstart\u00f3","technic_string":"Famegmunk\u00e1l\u00e1s","category_1":"464","category_2":"390","category_3":"1037","category_4":"0","merged_category_1":null,"merged_category_2":null,"merged_category_3":null,"technic_1":"478","technic_2":"0","technic_3":"0","color_1":"514","color_2":"516","color_3":"519","product_description_old":null,"product_description":"K\u00c9SZLETKIS\u00d6PR\u00c9S!!!\n\nK\u00fcl\u00f6nb\u00f6z\u0151 fajt\u00e1j\u00fa f\u00e1b\u00f3l k\u00e9sz\u00fclt kulcstart\u00f3k, v\u00e9kony f\u00e9m f\u00f3lia disz\u00edt\u00e9ssel vagy \u00fcveglencse beragaszt\u00e1ssal. A t\u00f6m\u00f6rfa tart\u00f3kn\u00e1l semmif\u00e9le szinez\u00e9ket nem haszn\u00e1ltam, a maguk term\u00e9szetes sz\u00edneiben pomp\u00e1znak.  \n\nM\u00e9ret\u00fck: kb. 4 - 7 cm.\n\nAz \u00e1r 3 db-ra vonatkozik.","price":"1200.00","unit":"db","recommended":"0","status":"1","sponsored":"0","exp_notify":"0","own_material":"0","own_material_description_old":null,"own_material_description":"","jury":"0","jury_number":"","product_nature":"","meskaracsony":"0","create_date":"2026-01-28 14:12:22","shelve_id":"43325","image":"szeljo_product_38499_241023155814_906471.jpeg","image_width":"480","image_height":"640","image_alt":"Kulcstart\u00f3k 52., K\u00c9SZLETKIS\u00d6PR\u00c9S!!!\\n\\nK\u00fcl\u00f6nb\u00f6z\u0151 fajt\u00e1j\u00fa f\u00e1b\u00f3l k\u00e9sz\u00fclt kulcstart\u00f3k, v\u00e9kony f\u00e9m f\u00f3lia disz\u00edt\u00e9ssel vagy \u00fc..., Meska","image_title":"Kulcstart\u00f3k 52., Meska","view_count":"42","favourite_count":"0","trending_score":"0","last2MonthFavouriteCount":"0","promotion":"0","giftcard_accept":"0","creditcard_accept":false,"enhanced_background":"0","domain":"meska","specific_customer_id":null,"specific_customer_name":null,"to_order_product":"0","to_order_product_time":"0","product_different":null,"product_different_description":"","vintage":"0","vintage_category_id":"0","recycled":"0","gemstone_id":"0","customizable":"0","type_category":"physical","zerowaste":"0","postage_price":"1290.00","shop_order":"0","has_category":"1","landing_pages":null,"microdata":{"number":42,"category":""},"title":"Kulcstart\u00f3k 52.","description":"K\u00c9SZLETKIS\u00d6PR\u00c9S!!!\n\nK\u00fcl\u00f6nb\u00f6z\u0151 fajt\u00e1j\u00fa f\u00e1b\u00f3l k\u00e9sz\u00fclt kulcstart\u00f3k, v\u00e9kony f\u00e9m f\u00f3lia disz\u00edt\u00e9ssel vagy \u00fcveglencse beragaszt\u00e1ssal. A t\u00f6m\u00f6rfa tart\u00f3kn\u00e1l semmif\u00e9le szinez\u00e9ket nem haszn\u00e1ltam, a maguk term\u00e9szetes sz\u00edneiben pomp\u00e1znak.  \n\nM\u00e9ret\u00fck: kb. 4 - 7 cm.\n\nAz \u00e1r 3 db-ra vonatkozik.","score":0,"formatted_price":"1 200 Ft","image_url":"https:\/\/www.meska.hu\/img\/product\/small\/s\/z\/szeljo_product_38499_241023155814_906471.jpeg","formatted_url":"https:\/\/www.meska.hu\/p5721141-kulcstartok-52","favourite":false,"in_stock":true,"avatar":"szeljo_avatar_38499.jpg","delete_from":0,"is_enhanced_background":false,"is_enhanced":false,"product_selection_started":false,"is_active":true,"image_webp_url":"https:\/\/www.meska.hu\/img\/product\/small\/s\/z\/szeljo_product_38499_241023155814_906471.webp"},{"id":"6096230","shop_id":"8234","user_id":"38499","shop_name":"szeljo","shop_zip":"9112","product_code":"5721138","product_name_old":null,"product_name":"Kulcstart\u00f3k 45.","category_string":"T\u00e1ska & Tok, Kulcstart\u00f3 & T\u00e1skad\u00edsz, Kulcstart\u00f3","technic_string":"Famegmunk\u00e1l\u00e1s","category_1":"464","category_2":"390","category_3":"1037","category_4":"0","merged_category_1":null,"merged_category_2":null,"merged_category_3":null,"technic_1":"478","technic_2":"0","technic_3":"0","color_1":"514","color_2":"516","color_3":"519","product_description_old":null,"product_description":"K\u00c9SZLETKIS\u00d6PR\u00c9S!!!\n\nK\u00fcl\u00f6nb\u00f6z\u0151 fajt\u00e1j\u00fa f\u00e1b\u00f3l k\u00e9sz\u00fclt kulcstart\u00f3k, v\u00e9kony f\u00e9m f\u00f3lia disz\u00edt\u00e9ssel vagy \u00fcveglencse beragaszt\u00e1ssal. A t\u00f6m\u00f6rfa tart\u00f3kn\u00e1l semmif\u00e9le szinez\u00e9ket nem haszn\u00e1ltam, a maguk term\u00e9szetes sz\u00edneiben pomp\u00e1znak.  \n\nM\u00e9ret\u00fck: kb. 4 - 7 cm.\n\nAz \u00e1r 3 db-ra vonatkozik.","price":"1200.00","unit":"db","recommended":"0","status":"1","sponsored":"0","exp_notify":"0","own_material":"0","own_material_description_old":null,"own_material_description":"","jury":"0","jury_number":"","product_nature":"","meskaracsony":"0","create_date":"2026-01-28 14:10:33","shelve_id":"43325","image":"szeljo_product_38499_241023165906_348963.jpeg","image_width":"480","image_height":"640","image_alt":"Kulcstart\u00f3k 45., K\u00c9SZLETKIS\u00d6PR\u00c9S!!!\\n\\nK\u00fcl\u00f6nb\u00f6z\u0151 fajt\u00e1j\u00fa f\u00e1b\u00f3l k\u00e9sz\u00fclt kulcstart\u00f3k, v\u00e9kony f\u00e9m f\u00f3lia disz\u00edt\u00e9ssel vagy \u00fc..., Meska","image_title":"Kulcstart\u00f3k 45., Meska","view_count":"48","favourite_count":"0","trending_score":"0","last2MonthFavouriteCount":"0","promotion":"0","giftcard_accept":"0","creditcard_accept":false,"enhanced_background":"0","domain":"meska","specific_customer_id":null,"specific_customer_name":null,"to_order_product":"0","to_order_product_time":"0","product_different":null,"product_different_description":"","vintage":"0","vintage_category_id":"0","recycled":"0","gemstone_id":"0","customizable":"0","type_category":"physical","zerowaste":"0","postage_price":"1290.00","shop_order":"0","has_category":"1","landing_pages":null,"microdata":{"number":43,"category":""},"title":"Kulcstart\u00f3k 45.","description":"K\u00c9SZLETKIS\u00d6PR\u00c9S!!!\n\nK\u00fcl\u00f6nb\u00f6z\u0151 fajt\u00e1j\u00fa f\u00e1b\u00f3l k\u00e9sz\u00fclt kulcstart\u00f3k, v\u00e9kony f\u00e9m f\u00f3lia disz\u00edt\u00e9ssel vagy \u00fcveglencse beragaszt\u00e1ssal. A t\u00f6m\u00f6rfa tart\u00f3kn\u00e1l semmif\u00e9le szinez\u00e9ket nem haszn\u00e1ltam, a maguk term\u00e9szetes sz\u00edneiben pomp\u00e1znak.  \n\nM\u00e9ret\u00fck: kb. 4 - 7 cm.\n\nAz \u00e1r 3 db-ra vonatkozik.","score":0,"formatted_price":"1 200 Ft","image_url":"https:\/\/www.meska.hu\/img\/product\/small\/s\/z\/szeljo_product_38499_241023165906_348963.jpeg","formatted_url":"https:\/\/www.meska.hu\/p5721138-kulcstartok-45","favourite":false,"in_stock":true,"avatar":"szeljo_avatar_38499.jpg","delete_from":0,"is_enhanced_background":false,"is_enhanced":false,"product_selection_started":false,"is_active":true,"image_webp_url":"https:\/\/www.meska.hu\/img\/product\/small\/s\/z\/szeljo_product_38499_241023165906_348963.webp"},{"id":"6096228","shop_id":"8234","user_id":"38499","shop_name":"szeljo","shop_zip":"9112","product_code":"5721136","product_name_old":null,"product_name":"Kulcstart\u00f3k 43.","category_string":"T\u00e1ska & Tok, Kulcstart\u00f3 & T\u00e1skad\u00edsz, Kulcstart\u00f3","technic_string":"Famegmunk\u00e1l\u00e1s","category_1":"464","category_2":"390","category_3":"1037","category_4":"0","merged_category_1":null,"merged_category_2":null,"merged_category_3":null,"technic_1":"478","technic_2":"0","technic_3":"0","color_1":"514","color_2":"516","color_3":"519","product_description_old":null,"product_description":"K\u00c9SZLETKIS\u00d6PR\u00c9S!!!\n\nK\u00fcl\u00f6nb\u00f6z\u0151 fajt\u00e1j\u00fa f\u00e1b\u00f3l k\u00e9sz\u00fclt kulcstart\u00f3k, v\u00e9kony f\u00e9m f\u00f3lia disz\u00edt\u00e9ssel vagy \u00fcveglencse beragaszt\u00e1ssal. A t\u00f6m\u00f6rfa tart\u00f3kn\u00e1l semmif\u00e9le szinez\u00e9ket nem haszn\u00e1ltam, a maguk term\u00e9szetes sz\u00edneiben pomp\u00e1znak.  \n\nM\u00e9ret\u00fck: kb. 4 - 7 cm.\n\nAz \u00e1r 3 db-ra vonatkozik.","price":"1200.00","unit":"db","recommended":"0","status":"1","sponsored":"0","exp_notify":"0","own_material":"0","own_material_description_old":null,"own_material_description":"","jury":"0","jury_number":"","product_nature":"","meskaracsony":"0","create_date":"2026-01-28 14:09:00","shelve_id":"43325","image":"szeljo_product_38499_241023170329_86678.jpeg","image_width":"480","image_height":"640","image_alt":"Kulcstart\u00f3k 43., K\u00c9SZLETKIS\u00d6PR\u00c9S!!!\\n\\nK\u00fcl\u00f6nb\u00f6z\u0151 fajt\u00e1j\u00fa f\u00e1b\u00f3l k\u00e9sz\u00fclt kulcstart\u00f3k, v\u00e9kony f\u00e9m f\u00f3lia disz\u00edt\u00e9ssel vagy \u00fc..., Meska","image_title":"Kulcstart\u00f3k 43., Meska","view_count":"50","favourite_count":"0","trending_score":"0","last2MonthFavouriteCount":"0","promotion":"0","giftcard_accept":"0","creditcard_accept":false,"enhanced_background":"0","domain":"meska","specific_customer_id":null,"specific_customer_name":null,"to_order_product":"0","to_order_product_time":"0","product_different":null,"product_different_description":"","vintage":"0","vintage_category_id":"0","recycled":"0","gemstone_id":"0","customizable":"0","type_category":"physical","zerowaste":"0","postage_price":"1290.00","shop_order":"0","has_category":"1","landing_pages":null,"microdata":{"number":44,"category":""},"title":"Kulcstart\u00f3k 43.","description":"K\u00c9SZLETKIS\u00d6PR\u00c9S!!!\n\nK\u00fcl\u00f6nb\u00f6z\u0151 fajt\u00e1j\u00fa f\u00e1b\u00f3l k\u00e9sz\u00fclt kulcstart\u00f3k, v\u00e9kony f\u00e9m f\u00f3lia disz\u00edt\u00e9ssel vagy \u00fcveglencse beragaszt\u00e1ssal. A t\u00f6m\u00f6rfa tart\u00f3kn\u00e1l semmif\u00e9le szinez\u00e9ket nem haszn\u00e1ltam, a maguk term\u00e9szetes sz\u00edneiben pomp\u00e1znak.  \n\nM\u00e9ret\u00fck: kb. 4 - 7 cm.\n\nAz \u00e1r 3 db-ra vonatkozik.","score":0,"formatted_price":"1 200 Ft","image_url":"https:\/\/www.meska.hu\/img\/product\/small\/s\/z\/szeljo_product_38499_241023170329_86678.jpeg","formatted_url":"https:\/\/www.meska.hu\/p5721136-kulcstartok-43","favourite":false,"in_stock":true,"avatar":"szeljo_avatar_38499.jpg","delete_from":0,"is_enhanced_background":false,"is_enhanced":false,"product_selection_started":false,"is_active":true,"image_webp_url":"https:\/\/www.meska.hu\/img\/product\/small\/s\/z\/szeljo_product_38499_241023170329_86678.webp"},{"id":"6096223","shop_id":"8234","user_id":"38499","shop_name":"szeljo","shop_zip":"9112","product_code":"5721132","product_name_old":null,"product_name":"Kulcstart\u00f3k 41.","category_string":"T\u00e1ska & Tok, Kulcstart\u00f3 & T\u00e1skad\u00edsz, Kulcstart\u00f3","technic_string":"Famegmunk\u00e1l\u00e1s","category_1":"464","category_2":"390","category_3":"1037","category_4":"0","merged_category_1":null,"merged_category_2":null,"merged_category_3":null,"technic_1":"478","technic_2":"0","technic_3":"0","color_1":"514","color_2":"516","color_3":"519","product_description_old":null,"product_description":"K\u00c9SZLETKIS\u00d6PR\u00c9S!!!\n\nK\u00fcl\u00f6nb\u00f6z\u0151 fajt\u00e1j\u00fa f\u00e1b\u00f3l k\u00e9sz\u00fclt kulcstart\u00f3k, v\u00e9kony f\u00e9m f\u00f3lia disz\u00edt\u00e9ssel vagy \u00fcveglencse beragaszt\u00e1ssal. A t\u00f6m\u00f6rfa tart\u00f3kn\u00e1l semmif\u00e9le szinez\u00e9ket nem haszn\u00e1ltam, a maguk term\u00e9szetes sz\u00edneiben pomp\u00e1znak.  \n\nM\u00e9ret\u00fck: kb. 4 - 7 cm.\n\nAz \u00e1r 3 db-ra vonatkozik.","price":"1200.00","unit":"db","recommended":"0","status":"1","sponsored":"0","exp_notify":"0","own_material":"0","own_material_description_old":null,"own_material_description":"","jury":"0","jury_number":"","product_nature":"","meskaracsony":"0","create_date":"2026-01-28 14:04:57","shelve_id":"43325","image":"szeljo_product_38499_241023170710_302465.jpeg","image_width":"480","image_height":"640","image_alt":"Kulcstart\u00f3k 41., K\u00c9SZLETKIS\u00d6PR\u00c9S!!!\\n\\nK\u00fcl\u00f6nb\u00f6z\u0151 fajt\u00e1j\u00fa f\u00e1b\u00f3l k\u00e9sz\u00fclt kulcstart\u00f3k, v\u00e9kony f\u00e9m f\u00f3lia disz\u00edt\u00e9ssel vagy \u00fc..., Meska","image_title":"Kulcstart\u00f3k 41., Meska","view_count":"40","favourite_count":"0","trending_score":"0","last2MonthFavouriteCount":"0","promotion":"0","giftcard_accept":"0","creditcard_accept":false,"enhanced_background":"0","domain":"meska","specific_customer_id":null,"specific_customer_name":null,"to_order_product":"0","to_order_product_time":"0","product_different":null,"product_different_description":"","vintage":"0","vintage_category_id":"0","recycled":"0","gemstone_id":"0","customizable":"0","type_category":"physical","zerowaste":"0","postage_price":"1290.00","shop_order":"0","has_category":"1","landing_pages":null,"microdata":{"number":45,"category":""},"title":"Kulcstart\u00f3k 41.","description":"K\u00c9SZLETKIS\u00d6PR\u00c9S!!!\n\nK\u00fcl\u00f6nb\u00f6z\u0151 fajt\u00e1j\u00fa f\u00e1b\u00f3l k\u00e9sz\u00fclt kulcstart\u00f3k, v\u00e9kony f\u00e9m f\u00f3lia disz\u00edt\u00e9ssel vagy \u00fcveglencse beragaszt\u00e1ssal. A t\u00f6m\u00f6rfa tart\u00f3kn\u00e1l semmif\u00e9le szinez\u00e9ket nem haszn\u00e1ltam, a maguk term\u00e9szetes sz\u00edneiben pomp\u00e1znak.  \n\nM\u00e9ret\u00fck: kb. 4 - 7 cm.\n\nAz \u00e1r 3 db-ra vonatkozik.","score":0,"formatted_price":"1 200 Ft","image_url":"https:\/\/www.meska.hu\/img\/product\/small\/s\/z\/szeljo_product_38499_241023170710_302465.jpeg","formatted_url":"https:\/\/www.meska.hu\/p5721132-kulcstartok-41","favourite":false,"in_stock":true,"avatar":"szeljo_avatar_38499.jpg","delete_from":0,"is_enhanced_background":false,"is_enhanced":false,"product_selection_started":false,"is_active":true,"image_webp_url":"https:\/\/www.meska.hu\/img\/product\/small\/s\/z\/szeljo_product_38499_241023170710_302465.webp"},{"id":"6096225","shop_id":"8234","user_id":"38499","shop_name":"szeljo","shop_zip":"9112","product_code":"5721134","product_name_old":null,"product_name":"Kulcstart\u00f3k 42.","category_string":"T\u00e1ska & Tok, Kulcstart\u00f3 & T\u00e1skad\u00edsz, Kulcstart\u00f3","technic_string":"Famegmunk\u00e1l\u00e1s","category_1":"464","category_2":"390","category_3":"1037","category_4":"0","merged_category_1":null,"merged_category_2":null,"merged_category_3":null,"technic_1":"478","technic_2":"0","technic_3":"0","color_1":"514","color_2":"516","color_3":"519","product_description_old":null,"product_description":"K\u00c9SZLETKIS\u00d6PR\u00c9S!!!\n\nK\u00fcl\u00f6nb\u00f6z\u0151 fajt\u00e1j\u00fa f\u00e1b\u00f3l k\u00e9sz\u00fclt kulcstart\u00f3k, v\u00e9kony f\u00e9m f\u00f3lia disz\u00edt\u00e9ssel vagy \u00fcveglencse beragaszt\u00e1ssal. A t\u00f6m\u00f6rfa tart\u00f3kn\u00e1l semmif\u00e9le szinez\u00e9ket nem haszn\u00e1ltam, a maguk term\u00e9szetes sz\u00edneiben pomp\u00e1znak.  \n\nM\u00e9ret\u00fck: kb. 4 - 7 cm.\n\nAz \u00e1r 3 db-ra vonatkozik.","price":"1200.00","unit":"db","recommended":"0","status":"1","sponsored":"0","exp_notify":"0","own_material":"0","own_material_description_old":null,"own_material_description":"","jury":"0","jury_number":"","product_nature":"","meskaracsony":"0","create_date":"2026-01-28 14:06:35","shelve_id":"43325","image":"szeljo_product_38499_241023170529_73814.jpeg","image_width":"480","image_height":"640","image_alt":"Kulcstart\u00f3k 42., K\u00c9SZLETKIS\u00d6PR\u00c9S!!!\\n\\nK\u00fcl\u00f6nb\u00f6z\u0151 fajt\u00e1j\u00fa f\u00e1b\u00f3l k\u00e9sz\u00fclt kulcstart\u00f3k, v\u00e9kony f\u00e9m f\u00f3lia disz\u00edt\u00e9ssel vagy \u00fc..., Meska","image_title":"Kulcstart\u00f3k 42., Meska","view_count":"48","favourite_count":"0","trending_score":"0","last2MonthFavouriteCount":"0","promotion":"0","giftcard_accept":"0","creditcard_accept":false,"enhanced_background":"0","domain":"meska","specific_customer_id":null,"specific_customer_name":null,"to_order_product":"0","to_order_product_time":"0","product_different":null,"product_different_description":"","vintage":"0","vintage_category_id":"0","recycled":"0","gemstone_id":"0","customizable":"0","type_category":"physical","zerowaste":"0","postage_price":"1290.00","shop_order":"0","has_category":"1","landing_pages":null,"microdata":{"number":46,"category":""},"title":"Kulcstart\u00f3k 42.","description":"K\u00c9SZLETKIS\u00d6PR\u00c9S!!!\n\nK\u00fcl\u00f6nb\u00f6z\u0151 fajt\u00e1j\u00fa f\u00e1b\u00f3l k\u00e9sz\u00fclt kulcstart\u00f3k, v\u00e9kony f\u00e9m f\u00f3lia disz\u00edt\u00e9ssel vagy \u00fcveglencse beragaszt\u00e1ssal. A t\u00f6m\u00f6rfa tart\u00f3kn\u00e1l semmif\u00e9le szinez\u00e9ket nem haszn\u00e1ltam, a maguk term\u00e9szetes sz\u00edneiben pomp\u00e1znak.  \n\nM\u00e9ret\u00fck: kb. 4 - 7 cm.\n\nAz \u00e1r 3 db-ra vonatkozik.","score":0,"formatted_price":"1 200 Ft","image_url":"https:\/\/www.meska.hu\/img\/product\/small\/s\/z\/szeljo_product_38499_241023170529_73814.jpeg","formatted_url":"https:\/\/www.meska.hu\/p5721134-kulcstartok-42","favourite":false,"in_stock":true,"avatar":"szeljo_avatar_38499.jpg","delete_from":0,"is_enhanced_background":false,"is_enhanced":false,"product_selection_started":false,"is_active":true,"image_webp_url":"https:\/\/www.meska.hu\/img\/product\/small\/s\/z\/szeljo_product_38499_241023170529_73814.webp"},{"id":"5221112","shop_id":"28102","user_id":"344988","shop_name":"Wicky852","shop_zip":"5136","product_code":"5216614","product_name_old":null,"product_name":"Mar\u00f3sablon t\u00f6m\u00f6r fa t\u00e1lak, k\u00edn\u00e1l\u00f3k k\u00e9sz\u00edt\u00e9s\u00e9hez - n\u00e9gyzet alak\u00fa","category_string":"Kell\u00e9kek & szersz\u00e1mok, Szersz\u00e1mok, eszk\u00f6z\u00f6k, Sablonok","technic_string":"Mindenm\u00e1s","category_1":"1544","category_2":"78","category_3":"631","category_4":"0","merged_category_1":"0","merged_category_2":"0","merged_category_3":"0","technic_1":"493","technic_2":"0","technic_3":"0","color_1":"513","color_2":"0","color_3":"0","product_description_old":null,"product_description":"Saj\u00e1t tervez\u00e9s\u0171 mar\u00f3sablonok t\u00f6m\u00f6r fa t\u00e1lak, k\u00edn\u00e1l\u00f3k k\u00e9sz\u00edt\u00e9s\u00e9hez.\nAnyaga: l\u00e9zerv\u00e1gott 4 mm vastag v\u00edztiszta plexi lemez (extrud\u00e1lt).\n\nA mint\u00e1r\u00f3l a rendel\u00e9s lead\u00e1sa ut\u00e1n vagy bels\u0151 \u00fczenetben is tudunk pontosan egyeztetni.\nIg\u00e9ny szerint egyedi mint\u00e1t is tudok k\u00e9sz\u00edteni.\nT\u00f6bb term\u00e9k rendel\u00e9se eset\u00e9n t\u00f6bb term\u00e9ket helyezz a kos\u00e1rba, mint\u00e1t tudunk majd egyeztetni.\n\nAlap m\u00e9ret 20*20 cm, de egyedi m\u00e9retre is tudom k\u00e9sz\u00edteni.\n","price":"7200.00","unit":"db","recommended":"0","status":"1","sponsored":"0","exp_notify":"0","own_material":"0","own_material_description_old":null,"own_material_description":"","jury":"0","jury_number":"","product_nature":"","meskaracsony":"0","create_date":"2026-02-04 20:37:51","shelve_id":"60388","image":"wicky852_product_344988_240211121911_635455.jpeg","image_width":"480","image_height":"386","image_alt":"Mar\u00f3sablon t\u00f6m\u00f6r fa t\u00e1lak, k\u00edn\u00e1l\u00f3k k\u00e9sz\u00edt\u00e9s\u00e9hez - n\u00e9gyzet alak\u00fa, Saj\u00e1t tervez\u00e9s\u0171 mar\u00f3sablonok t\u00f6m\u00f6r fa t\u00e1lak, k\u00edn\u00e1l\u00f3k k\u00e9sz\u00edt\u00e9s\u00e9hez.\\nAnyaga: l\u00e9zerv\u00e1gott 4 mm vastag v..., Meska","image_title":"Mar\u00f3sablon t\u00f6m\u00f6r fa t\u00e1lak, k\u00edn\u00e1l\u00f3k k\u00e9sz\u00edt\u00e9s\u00e9hez - n\u00e9gyzet alak\u00fa, Meska","view_count":"1023","favourite_count":"0","trending_score":"0","last2MonthFavouriteCount":"0","promotion":"0","giftcard_accept":"1","creditcard_accept":false,"enhanced_background":"0","domain":"meska","specific_customer_id":null,"specific_customer_name":null,"to_order_product":"1","to_order_product_time":"5","product_different":null,"product_different_description":"","vintage":"0","vintage_category_id":"0","recycled":"0","gemstone_id":"0","customizable":"0","type_category":"physical","zerowaste":"0","postage_price":"2390.00","shop_order":"0","has_category":"1","landing_pages":null,"microdata":{"number":47,"category":""},"title":"Mar\u00f3sablon t\u00f6m\u00f6r fa t\u00e1lak, k\u00edn\u00e1l\u00f3k k\u00e9sz\u00edt\u00e9s\u00e9hez - n\u00e9gyzet alak\u00fa","description":"Saj\u00e1t tervez\u00e9s\u0171 mar\u00f3sablonok t\u00f6m\u00f6r fa t\u00e1lak, k\u00edn\u00e1l\u00f3k k\u00e9sz\u00edt\u00e9s\u00e9hez.\nAnyaga: l\u00e9zerv\u00e1gott 4 mm vastag v\u00edztiszta plexi lemez (extrud\u00e1lt).\n\nA mint\u00e1r\u00f3l a rendel\u00e9s lead\u00e1sa ut\u00e1n vagy bels\u0151 \u00fczenetben is tudunk pontosan egyeztetni.\nIg\u00e9ny szerint egyedi mint\u00e1t is tudok k\u00e9sz\u00edteni.\nT\u00f6bb term\u00e9k rendel\u00e9se eset\u00e9n t\u00f6bb term\u00e9ket helyezz a kos\u00e1rba, mint\u00e1t tudunk majd egyeztetni.\n\nAlap m\u00e9ret 20*20 cm, de egyedi m\u00e9retre is tudom k\u00e9sz\u00edteni.\n","score":0,"formatted_price":"7 200 Ft","image_url":"https:\/\/www.meska.hu\/img\/product\/small\/w\/i\/wicky852_product_344988_240211121911_635455.jpeg","formatted_url":"https:\/\/www.meska.hu\/p5216614-marosablon-tomor-fa-talak-kinalok-keszitesehez-negyzet-alaku","favourite":false,"in_stock":false,"avatar":"Wicky852_avatar_344988_1661759938.jpg","delete_from":0,"is_enhanced_background":false,"is_enhanced":false,"product_selection_started":false,"is_active":true,"image_webp_url":"https:\/\/www.meska.hu\/img\/product\/small\/w\/i\/wicky852_product_344988_240211121911_635455.webp"},{"id":"5908820","shop_id":"48739","user_id":"713987","shop_name":"GyulusWoodCreations","shop_zip":"2711","product_code":"5614138","product_name_old":null,"product_name":"Egyedi v\u00e9gsz\u00e1las v\u00e1g\u00f3deszka szem\u00e9lyre szabhat\u00f3 inlay d\u00edsz\u00edt\u00e9ssel (30\u00d720\u00d73cm)","category_string":"Otthon & \u00c9letm\u00f3d, Konyhafelszerel\u00e9s, t\u00e1lal\u00e1s, S\u00fct\u00e9s, f\u0151z\u00e9s, V\u00e1g\u00f3deszka","technic_string":"Famegmunk\u00e1l\u00e1s","category_1":"813","category_2":"393","category_3":"1481","category_4":"567","merged_category_1":null,"merged_category_2":null,"merged_category_3":null,"technic_1":"478","technic_2":"0","technic_3":"0","color_1":"514","color_2":"532","color_3":"0","product_description_old":null,"product_description":"\nEz a k\u00fcl\u00f6nleges v\u00e1g\u00f3deszka nemcsak a konyh\u00e1d praktikus eszk\u00f6ze, hanem egyben dekorat\u00edv kieg\u00e9sz\u00edt\u0151je is.\nA k\u00e9pen l\u00e1that\u00f3 deszka massz\u00edv, v\u00e9gsz\u00e1lasan ragasztott k\u0151risf\u00e1b\u00f3l k\u00e9sz\u00fclt, amely rendk\u00edv\u00fcl tart\u00f3s, ellen\u00e1ll\u00f3, \u00e9s hossz\u00fa \u00e9vekig h\u0171 t\u00e1rsad lesz a f\u0151z\u00e9sben. Az egyedi cseresznye inlay bet\u00e9t finom vir\u00e1gmint\u00e1t form\u00e1z, amely eleg\u00e1ns, k\u00e9zzel k\u00e9sz\u00edtett hangulatot ad a darabnak.\n\nMi\u00e9rt k\u00fcl\u00f6nleges?\n\nV\u00e9gsz\u00e1las szerkezet: k\u00edm\u00e9li a k\u00e9seket, \u00e9s tart\u00f3sabb, mint a hagyom\u00e1nyos v\u00e1g\u00f3fel\u00fcletek.\n\nEgyedi mint\u00e1zat: minden darab m\u00e1s, a fa erezete \u00e9s az inlay bet\u00e9t miatt.\n\nMassz\u00edv kivitel: 3 cm vastags\u00e1g, stabil \u00e9s nehezen deform\u00e1l\u00f3dik.\n\n\u00c9lelmiszerbiztos fel\u00fcletkezel\u00e9s: term\u00e9szetes olajjal kezelve, biztons\u00e1gos mindennapi haszn\u00e1latra.\n\nSzem\u00e9lyre szabhat\u00f3: k\u00e9rhetsz r\u00e1 b\u00e1rmilyen form\u00e1t, feliratot, id\u00e9zetet vagy ak\u00e1r c\u00e9ges log\u00f3t is.\n\n\nA fafajok, \u00e9s vele egy\u00fctt a sz\u00ednek is vari\u00e1lhat\u00f3ak. El\u00e9rhet\u0151 sz\u00ednkombin\u00e1ci\u00f3k:\nDi\u00f3-juhar, k\u0151ris-di\u00f3, k\u0151ris-g\u0151z\u00f6lt cseresznye, t\u00f6lgy-juhar. \u00dczenetben, emailben egyeztess\u00fcnk.\n\nM\u00e9retek:\n\nHossz: 30 cm\n\nSz\u00e9less\u00e9g: 20 cm\n\nVastags\u00e1g: 3 cm\n\nAz \"inlay\" bet\u00e9t minden esetben 5 mm vastag, gyakorlatilag nem tud lekopni r\u00f3la.\n\n\n\u00c1pol\u00e1si tippek:\n\nLangyos v\u00edzzel, enyhe szappannal tiszt\u00edtsd, ne \u00e1ztasd \u00e9s ne tedd mosogat\u00f3g\u00e9pbe.\n\nId\u0151nk\u00e9nt kend \u00e1t \u00e1sv\u00e1nyi olajjal, \u00edgy hossz\u00fa ideig sz\u00e9p \u00e9s tart\u00f3s marad.\n\n\nHaszn\u00e1lat:\n\nT\u00f6k\u00e9letes mindennapi szeletel\u00e9shez, t\u00e1lal\u00e1shoz, vagy ak\u00e1r st\u00edlusos aj\u00e1nd\u00e9knak is \u2013 szem\u00e9lyes \u00fczenettel m\u00e9g k\u00fcl\u00f6nlegesebb.\n\nFigyelem: b\u00e1rdolni nem szabad rajta, mert k\u00f6nnyen elrepedhet!\n","price":"28500.00","unit":"db","recommended":"0","status":"1","sponsored":"0","exp_notify":"0","own_material":"0","own_material_description_old":null,"own_material_description":"","jury":"0","jury_number":"","product_nature":"","meskaracsony":"0","create_date":"2026-01-29 22:53:59","shelve_id":"81001","image":"gyuluswoodcreations_product_713987_250901204434_668169.jpeg","image_width":"480","image_height":"480","image_alt":"Egyedi v\u00e9gsz\u00e1las v\u00e1g\u00f3deszka szem\u00e9lyre szabhat\u00f3 inlay d\u00edsz\u00edt\u00e9ssel (30\u00d720\u00d73cm), \\nEz a k\u00fcl\u00f6nleges v\u00e1g\u00f3deszka nemcsak a konyh\u00e1d praktikus eszk\u00f6ze, hanem egyben dekorat\u00edv kieg\u00e9sz\u00edt\u0151je..., Meska","image_title":"Egyedi v\u00e9gsz\u00e1las v\u00e1g\u00f3deszka szem\u00e9lyre szabhat\u00f3 inlay d\u00edsz\u00edt\u00e9ssel (30\u00d720\u00d73cm), Meska","view_count":"102","favourite_count":"0","trending_score":"0","last2MonthFavouriteCount":"0","promotion":"0","giftcard_accept":"0","creditcard_accept":true,"enhanced_background":"0","domain":"meska","specific_customer_id":null,"specific_customer_name":null,"to_order_product":"1","to_order_product_time":"8","product_different":null,"product_different_description":"","vintage":"0","vintage_category_id":"0","recycled":"0","gemstone_id":"0","customizable":"1","type_category":"physical","zerowaste":"0","postage_price":"1349.00","shop_order":"0","has_category":"1","landing_pages":null,"microdata":{"number":48,"category":""},"title":"Egyedi v\u00e9gsz\u00e1las v\u00e1g\u00f3deszka szem\u00e9lyre szabhat\u00f3 inlay d\u00edsz\u00edt\u00e9ssel (30\u00d720\u00d73cm)","description":"\nEz a k\u00fcl\u00f6nleges v\u00e1g\u00f3deszka nemcsak a konyh\u00e1d praktikus eszk\u00f6ze, hanem egyben dekorat\u00edv kieg\u00e9sz\u00edt\u0151je is.\nA k\u00e9pen l\u00e1that\u00f3 deszka massz\u00edv, v\u00e9gsz\u00e1lasan ragasztott k\u0151risf\u00e1b\u00f3l k\u00e9sz\u00fclt, amely rendk\u00edv\u00fcl tart\u00f3s, ellen\u00e1ll\u00f3, \u00e9s hossz\u00fa \u00e9vekig h\u0171 t\u00e1rsad lesz a f\u0151z\u00e9sben. Az egyedi cseresznye inlay bet\u00e9t finom vir\u00e1gmint\u00e1t form\u00e1z, amely eleg\u00e1ns, k\u00e9zzel k\u00e9sz\u00edtett hangulatot ad a darabnak.\n\nMi\u00e9rt k\u00fcl\u00f6nleges?\n\nV\u00e9gsz\u00e1las szerkezet: k\u00edm\u00e9li a k\u00e9seket, \u00e9s tart\u00f3sabb, mint a hagyom\u00e1nyos v\u00e1g\u00f3fel\u00fcletek.\n\nEgyedi mint\u00e1zat: minden darab m\u00e1s, a fa erezete \u00e9s az inlay bet\u00e9t miatt.\n\nMassz\u00edv kivitel: 3 cm vastags\u00e1g, stabil \u00e9s nehezen deform\u00e1l\u00f3dik.\n\n\u00c9lelmiszerbiztos fel\u00fcletkezel\u00e9s: term\u00e9szetes olajjal kezelve, biztons\u00e1gos mindennapi haszn\u00e1latra.\n\nSzem\u00e9lyre szabhat\u00f3: k\u00e9rhetsz r\u00e1 b\u00e1rmilyen form\u00e1t, feliratot, id\u00e9zetet vagy ak\u00e1r c\u00e9ges log\u00f3t is.\n\n\nA fafajok, \u00e9s vele egy\u00fctt a sz\u00ednek is vari\u00e1lhat\u00f3ak. El\u00e9rhet\u0151 sz\u00ednkombin\u00e1ci\u00f3k:\nDi\u00f3-juhar, k\u0151ris-di\u00f3, k\u0151ris-g\u0151z\u00f6lt cseresznye, t\u00f6lgy-juhar. \u00dczenetben, emailben egyeztess\u00fcnk.\n\nM\u00e9retek:\n\nHossz: 30 cm\n\nSz\u00e9less\u00e9g: 20 cm\n\nVastags\u00e1g: 3 cm\n\nAz \"inlay\" bet\u00e9t minden esetben 5 mm vastag, gyakorlatilag nem tud lekopni r\u00f3la.\n\n\n\u00c1pol\u00e1si tippek:\n\nLangyos v\u00edzzel, enyhe szappannal tiszt\u00edtsd, ne \u00e1ztasd \u00e9s ne tedd mosogat\u00f3g\u00e9pbe.\n\nId\u0151nk\u00e9nt kend \u00e1t \u00e1sv\u00e1nyi olajjal, \u00edgy hossz\u00fa ideig sz\u00e9p \u00e9s tart\u00f3s marad.\n\n\nHaszn\u00e1lat:\n\nT\u00f6k\u00e9letes mindennapi szeletel\u00e9shez, t\u00e1lal\u00e1shoz, vagy ak\u00e1r st\u00edlusos aj\u00e1nd\u00e9knak is \u2013 szem\u00e9lyes \u00fczenettel m\u00e9g k\u00fcl\u00f6nlegesebb.\n\nFigyelem: b\u00e1rdolni nem szabad rajta, mert k\u00f6nnyen elrepedhet!\n","score":0,"formatted_price":"28 500 Ft","image_url":"https:\/\/www.meska.hu\/img\/product\/small\/g\/y\/gyuluswoodcreations_product_713987_250901204434_668169.jpeg","formatted_url":"https:\/\/www.meska.hu\/p5614138-egyedi-vegszalas-vagodeszka-szemelyre-szabhato-inlay-diszitessel-30203cm","favourite":false,"in_stock":false,"avatar":"713987_avatar_1746726980.png","delete_from":0,"is_enhanced_background":false,"is_enhanced":false,"product_selection_started":false,"is_active":true,"image_webp_url":"https:\/\/www.meska.hu\/img\/product\/small\/g\/y\/gyuluswoodcreations_product_713987_250901204434_668169.webp"},{"id":"5937494","shop_id":"47240","user_id":"253393","shop_name":"BLZSgrafika","shop_zip":"6723","product_code":"5630679","product_name_old":null,"product_name":"T\u00f6m\u00f6r fa - B\u00f6gre ","category_string":"Otthon & \u00c9letm\u00f3d, Konyhafelszerel\u00e9s, t\u00e1lal\u00e1s, T\u00e1lal\u00e1s, B\u00f6gre & Cs\u00e9sze","technic_string":"Fot\u00f3, grafika, rajz, illusztr\u00e1ci\u00f3","category_1":"813","category_2":"393","category_3":"1419","category_4":"394","merged_category_1":null,"merged_category_2":null,"merged_category_3":null,"technic_1":"483","technic_2":"0","technic_3":"0","color_1":"519","color_2":"0","color_3":"0","product_description_old":null,"product_description":"Ez a b\u00f6gre a term\u00e9szet szerelmeseinek sz\u00f3l ","price":"3500.00","unit":"db","recommended":"0","status":"1","sponsored":"0","exp_notify":"0","own_material":"0","own_material_description_old":null,"own_material_description":"","jury":"0","jury_number":"","product_nature":"","meskaracsony":"0","create_date":"2026-01-31 01:59:25","shelve_id":"0","image":"blzsgrafika_product_253393_251003005901_584839.jpeg","image_width":"480","image_height":"640","image_alt":"T\u00f6m\u00f6r fa - B\u00f6gre , Ez a b\u00f6gre a term\u00e9szet szerelmeseinek sz\u00f3l , Meska","image_title":"T\u00f6m\u00f6r fa - B\u00f6gre , Meska","view_count":"109","favourite_count":"0","trending_score":"0","last2MonthFavouriteCount":"0","promotion":"0","giftcard_accept":"0","creditcard_accept":true,"enhanced_background":"0","domain":"meska","specific_customer_id":null,"specific_customer_name":null,"to_order_product":"1","to_order_product_time":"3","product_different":null,"product_different_description":"","vintage":"0","vintage_category_id":"0","recycled":"0","gemstone_id":"0","customizable":"1","type_category":"physical","zerowaste":"0","postage_price":"1349.00","shop_order":"0","has_category":"1","landing_pages":null,"microdata":{"number":49,"category":""},"title":"T\u00f6m\u00f6r fa - B\u00f6gre ","description":"Ez a b\u00f6gre a term\u00e9szet szerelmeseinek sz\u00f3l ","score":0,"formatted_price":"3 500 Ft","image_url":"https:\/\/www.meska.hu\/img\/product\/small\/b\/l\/blzsgrafika_product_253393_251003005901_584839.jpeg","formatted_url":"https:\/\/www.meska.hu\/p5630679-tomor-fa-bogre","favourite":false,"in_stock":false,"avatar":"253393_avatar_1732649770.jpeg","delete_from":0,"is_enhanced_background":false,"is_enhanced":false,"product_selection_started":false,"is_active":true,"image_webp_url":"https:\/\/www.meska.hu\/img\/product\/small\/b\/l\/blzsgrafika_product_253393_251003005901_584839.webp"},{"id":"5221105","shop_id":"28102","user_id":"344988","shop_name":"Wicky852","shop_zip":"5136","product_code":"5216611","product_name_old":null,"product_name":"Mar\u00f3sablon t\u00f6m\u00f6r fa t\u00e1lak, k\u00edn\u00e1l\u00f3k k\u00e9sz\u00edt\u00e9s\u00e9hez - k\u00f6r alak\u00fa","category_string":"Kell\u00e9kek & szersz\u00e1mok, Szersz\u00e1mok, eszk\u00f6z\u00f6k, Sablonok","technic_string":"Mindenm\u00e1s","category_1":"1544","category_2":"78","category_3":"631","category_4":"0","merged_category_1":"0","merged_category_2":"0","merged_category_3":"0","technic_1":"493","technic_2":"0","technic_3":"0","color_1":"513","color_2":"0","color_3":"0","product_description_old":null,"product_description":"Saj\u00e1t tervez\u00e9s\u0171 mar\u00f3sablonok t\u00f6m\u00f6r fa t\u00e1lak, k\u00edn\u00e1l\u00f3k k\u00e9sz\u00edt\u00e9s\u00e9hez.\nAnyaga: l\u00e9zerv\u00e1gott 4 mm vastag v\u00edztiszta plexi lemez (extrud\u00e1lt).\n\nA mint\u00e1r\u00f3l a rendel\u00e9s lead\u00e1sa ut\u00e1n vagy bels\u0151 \u00fczenetben is tudunk pontosan egyeztetni.\nIg\u00e9ny szerint egyedi mint\u00e1t is tudok k\u00e9sz\u00edteni.\nT\u00f6bb term\u00e9k rendel\u00e9se eset\u00e9n t\u00f6bb term\u00e9ket helyezz a kos\u00e1rba, mint\u00e1t tudunk majd egyeztetni.\n\nAlap m\u00e9ret 20*20 cm, de egyedi m\u00e9retre is tudom k\u00e9sz\u00edteni.\n","price":"7200.00","unit":"db","recommended":"0","status":"1","sponsored":"0","exp_notify":"0","own_material":"0","own_material_description_old":null,"own_material_description":"","jury":"0","jury_number":"","product_nature":"","meskaracsony":"0","create_date":"2026-01-31 15:04:08","shelve_id":"60388","image":"wicky852_product_344988_240211120632_913733.jpeg","image_width":"480","image_height":"480","image_alt":"Mar\u00f3sablon t\u00f6m\u00f6r fa t\u00e1lak, k\u00edn\u00e1l\u00f3k k\u00e9sz\u00edt\u00e9s\u00e9hez - k\u00f6r alak\u00fa, Saj\u00e1t tervez\u00e9s\u0171 mar\u00f3sablonok t\u00f6m\u00f6r fa t\u00e1lak, k\u00edn\u00e1l\u00f3k k\u00e9sz\u00edt\u00e9s\u00e9hez.\\nAnyaga: l\u00e9zerv\u00e1gott 4 mm vastag v..., Meska","image_title":"Mar\u00f3sablon t\u00f6m\u00f6r fa t\u00e1lak, k\u00edn\u00e1l\u00f3k k\u00e9sz\u00edt\u00e9s\u00e9hez - k\u00f6r alak\u00fa, Meska","view_count":"758","favourite_count":"0","trending_score":"0","last2MonthFavouriteCount":"0","promotion":"0","giftcard_accept":"1","creditcard_accept":false,"enhanced_background":"0","domain":"meska","specific_customer_id":null,"specific_customer_name":null,"to_order_product":"1","to_order_product_time":"5","product_different":null,"product_different_description":"","vintage":"0","vintage_category_id":"0","recycled":"0","gemstone_id":"0","customizable":"0","type_category":"physical","zerowaste":"0","postage_price":"2390.00","shop_order":"0","has_category":"1","landing_pages":null,"microdata":{"number":50,"category":""},"title":"Mar\u00f3sablon t\u00f6m\u00f6r fa t\u00e1lak, k\u00edn\u00e1l\u00f3k k\u00e9sz\u00edt\u00e9s\u00e9hez - k\u00f6r alak\u00fa","description":"Saj\u00e1t tervez\u00e9s\u0171 mar\u00f3sablonok t\u00f6m\u00f6r fa t\u00e1lak, k\u00edn\u00e1l\u00f3k k\u00e9sz\u00edt\u00e9s\u00e9hez.\nAnyaga: l\u00e9zerv\u00e1gott 4 mm vastag v\u00edztiszta plexi lemez (extrud\u00e1lt).\n\nA mint\u00e1r\u00f3l a rendel\u00e9s lead\u00e1sa ut\u00e1n vagy bels\u0151 \u00fczenetben is tudunk pontosan egyeztetni.\nIg\u00e9ny szerint egyedi mint\u00e1t is tudok k\u00e9sz\u00edteni.\nT\u00f6bb term\u00e9k rendel\u00e9se eset\u00e9n t\u00f6bb term\u00e9ket helyezz a kos\u00e1rba, mint\u00e1t tudunk majd egyeztetni.\n\nAlap m\u00e9ret 20*20 cm, de egyedi m\u00e9retre is tudom k\u00e9sz\u00edteni.\n","score":0,"formatted_price":"7 200 Ft","image_url":"https:\/\/www.meska.hu\/img\/product\/small\/w\/i\/wicky852_product_344988_240211120632_913733.jpeg","formatted_url":"https:\/\/www.meska.hu\/p5216611-marosablon-tomor-fa-talak-kinalok-keszitesehez-kor-alaku","favourite":false,"in_stock":false,"avatar":"Wicky852_avatar_344988_1661759938.jpg","delete_from":0,"is_enhanced_background":false,"is_enhanced":false,"product_selection_started":false,"is_active":true,"image_webp_url":"https:\/\/www.meska.hu\/img\/product\/small\/w\/i\/wicky852_product_344988_240211120632_913733.webp"},{"id":"5673930","shop_id":"47575","user_id":"697570","shop_name":"RMWoodArt","shop_zip":"7623","product_code":"5486392","product_name_old":null,"product_name":"\u00c9ger ed\u00e9nyal\u00e1t\u00e9t szett t\u00e1rol\u00f3ban 6 db","category_string":"Otthon & \u00c9letm\u00f3d, Konyhafelszerel\u00e9s, t\u00e1lal\u00e1s, S\u00fct\u00e9s, f\u0151z\u00e9s, Ed\u00e9nyal\u00e1t\u00e9t","technic_string":"Famegmunk\u00e1l\u00e1s","category_1":"813","category_2":"393","category_3":"1481","category_4":"395","merged_category_1":null,"merged_category_2":null,"merged_category_3":null,"technic_1":"478","technic_2":"0","technic_3":"0","color_1":"514","color_2":"0","color_3":"0","product_description_old":null,"product_description":"Hat darabos \u00e9ger- t\u00f6m\u00f6rfa al\u00e1t\u00e9t egy hozz\u00e1ill\u0151 dekorat\u00edv t\u00e1rol\u00f3ban \nAnyaga: \u00e9gerfa, nat\u00far\nM\u00e9rete: t\u00e1rol\u00f3: 16*15*8cm \nAl\u00e1t\u00e9t: 12*12*2 cm \nFelhaszn\u00e1l\u00e1si ter\u00fclet: poh\u00e1r- vagy ed\u00e9nyal\u00e1t\u00e9tnek\nKinek aj\u00e1nlott: minden konyh\u00e1ban hasznos \u00e9s n\u00e9lk\u00fcl\u00f6zhetetlen eszk\u00f6z, a term\u00e9szetes anyagok kedvel\u0151inek. Praktikus \u00e9s sz\u00e9p darab. Ak\u00e1r aj\u00e1nd\u00e9knak is kiv\u00e1l\u00f3\n","price":"5000.00","unit":"db","recommended":"0","status":"1","sponsored":"0","exp_notify":"0","own_material":"0","own_material_description_old":null,"own_material_description":"","jury":"0","jury_number":"","product_nature":"","meskaracsony":"0","create_date":"2026-01-31 16:15:54","shelve_id":"79234","image":"rmwoodart2_product_697570_250125150729_374831.jpeg","image_width":"480","image_height":"731","image_alt":"\u00c9ger ed\u00e9nyal\u00e1t\u00e9t szett t\u00e1rol\u00f3ban 6 db, Hat darabos \u00e9ger- t\u00f6m\u00f6rfa al\u00e1t\u00e9t egy hozz\u00e1ill\u0151 dekorat\u00edv t\u00e1rol\u00f3ban \\nAnyaga: \u00e9gerfa, nat\u00far\\nM\u00e9rete: t\u00e1..., Meska","image_title":"\u00c9ger ed\u00e9nyal\u00e1t\u00e9t szett t\u00e1rol\u00f3ban 6 db, Meska","view_count":"305","favourite_count":"0","trending_score":"0","last2MonthFavouriteCount":"0","promotion":"0","giftcard_accept":"0","creditcard_accept":true,"enhanced_background":"0","domain":"meska","specific_customer_id":null,"specific_customer_name":null,"to_order_product":"0","to_order_product_time":"0","product_different":null,"product_different_description":"","vintage":"0","vintage_category_id":"0","recycled":"1","gemstone_id":"0","customizable":"0","type_category":"physical","zerowaste":"1","postage_price":"1290.00","shop_order":"0","has_category":"1","landing_pages":null,"microdata":{"number":51,"category":""},"title":"\u00c9ger ed\u00e9nyal\u00e1t\u00e9t szett t\u00e1rol\u00f3ban 6 db","description":"Hat darabos \u00e9ger- t\u00f6m\u00f6rfa al\u00e1t\u00e9t egy hozz\u00e1ill\u0151 dekorat\u00edv t\u00e1rol\u00f3ban \nAnyaga: \u00e9gerfa, nat\u00far\nM\u00e9rete: t\u00e1rol\u00f3: 16*15*8cm \nAl\u00e1t\u00e9t: 12*12*2 cm \nFelhaszn\u00e1l\u00e1si ter\u00fclet: poh\u00e1r- vagy ed\u00e9nyal\u00e1t\u00e9tnek\nKinek aj\u00e1nlott: minden konyh\u00e1ban hasznos \u00e9s n\u00e9lk\u00fcl\u00f6zhetetlen eszk\u00f6z, a term\u00e9szetes anyagok kedvel\u0151inek. Praktikus \u00e9s sz\u00e9p darab. Ak\u00e1r aj\u00e1nd\u00e9knak is kiv\u00e1l\u00f3\n","score":0,"formatted_price":"5 000 Ft","image_url":"https:\/\/www.meska.hu\/img\/product\/small\/r\/m\/rmwoodart2_product_697570_250125150729_374831.jpeg","formatted_url":"https:\/\/www.meska.hu\/p5486392-eger-edenyalatet-szett-taroloban-6-db","favourite":false,"in_stock":true,"avatar":"697570_avatar_1735598226.jpeg","delete_from":0,"is_enhanced_background":false,"is_enhanced":false,"product_selection_started":false,"is_active":true,"image_webp_url":"https:\/\/www.meska.hu\/img\/product\/small\/r\/m\/rmwoodart2_product_697570_250125150729_374831.webp"},{"id":"5956920","shop_id":"28102","user_id":"344988","shop_name":"Wicky852","shop_zip":"5136","product_code":"5645641","product_name_old":null,"product_name":"Adventi bor kalend\u00e1rium - bortart\u00f3 polc","category_string":"Kar\u00e1csony, Adventi d\u00edszek, Adventi napt\u00e1r","technic_string":"Famegmunk\u00e1l\u00e1s","category_1":"319","category_2":"1285","category_3":"320","category_4":"0","merged_category_1":null,"merged_category_2":null,"merged_category_3":null,"technic_1":"478","technic_2":"0","technic_3":"0","color_1":"514","color_2":"0","color_3":"0","product_description_old":null,"product_description":"T\u00f6m\u00f6r f\u00e1b\u00f3l k\u00e9sz\u00fclt, 24 f\u00e9r\u0151helyes adventi bor kalend\u00e1rium.\nStandard boros\u00fcvegre tervezve.\nAntik t\u00f6lgy p\u00e1col\u00e1s, 2 oldalt foganty\u00fa, dug\u00f3gy\u0171jt\u0151 polc alul.\n\nM\u00e9retek:\nmagass\u00e1g: 95 cm\nsz\u00e9less\u00e9g: 49 cm\nm\u00e9lys\u00e9g: 18 cm\n\nTerm\u00e9szetesen m\u00e1s sz\u00ednben vagy sz\u00e1mok n\u00e9lk\u00fcl is k\u00e9rhet\u0151, \u00edgy minden alkalomra ide\u00e1lis.","price":"139900.00","unit":"db","recommended":"0","status":"1","sponsored":"0","exp_notify":"0","own_material":"0","own_material_description_old":null,"own_material_description":"","jury":"0","jury_number":"","product_nature":"","meskaracsony":"0","create_date":"2026-02-11 10:31:00","shelve_id":"60388","image":"wicky852_product_344988_251014093318_574931.jpeg","image_width":"480","image_height":"853","image_alt":"Adventi bor kalend\u00e1rium - bortart\u00f3 polc, T\u00f6m\u00f6r f\u00e1b\u00f3l k\u00e9sz\u00fclt, 24 f\u00e9r\u0151helyes adventi bor kalend\u00e1rium.\\nStandard boros\u00fcvegre tervezve.\\nAntik t\u00f6l..., Meska","image_title":"Adventi bor kalend\u00e1rium - bortart\u00f3 polc, Meska","view_count":"578","favourite_count":"0","trending_score":"0","last2MonthFavouriteCount":"0","promotion":"0","giftcard_accept":"1","creditcard_accept":false,"enhanced_background":"0","domain":"meska","specific_customer_id":null,"specific_customer_name":null,"to_order_product":"1","to_order_product_time":"21","product_different":null,"product_different_description":"","vintage":"0","vintage_category_id":"0","recycled":"0","gemstone_id":"0","customizable":"0","type_category":"physical","zerowaste":"0","postage_price":"5980.00","shop_order":"0","has_category":"1","landing_pages":null,"microdata":{"number":52,"category":""},"title":"Adventi bor kalend\u00e1rium - bortart\u00f3 polc","description":"T\u00f6m\u00f6r f\u00e1b\u00f3l k\u00e9sz\u00fclt, 24 f\u00e9r\u0151helyes adventi bor kalend\u00e1rium.\nStandard boros\u00fcvegre tervezve.\nAntik t\u00f6lgy p\u00e1col\u00e1s, 2 oldalt foganty\u00fa, dug\u00f3gy\u0171jt\u0151 polc alul.\n\nM\u00e9retek:\nmagass\u00e1g: 95 cm\nsz\u00e9less\u00e9g: 49 cm\nm\u00e9lys\u00e9g: 18 cm\n\nTerm\u00e9szetesen m\u00e1s sz\u00ednben vagy sz\u00e1mok n\u00e9lk\u00fcl is k\u00e9rhet\u0151, \u00edgy minden alkalomra ide\u00e1lis.","score":0,"formatted_price":"139 900 Ft","image_url":"https:\/\/www.meska.hu\/img\/product\/small\/w\/i\/wicky852_product_344988_251014093318_574931.jpeg","formatted_url":"https:\/\/www.meska.hu\/p5645641-adventi-bor-kalendarium-bortarto-polc","favourite":false,"in_stock":false,"avatar":"Wicky852_avatar_344988_1661759938.jpg","delete_from":0,"is_enhanced_background":false,"is_enhanced":false,"product_selection_started":false,"is_active":true,"image_webp_url":"https:\/\/www.meska.hu\/img\/product\/small\/w\/i\/wicky852_product_344988_251014093318_574931.webp"},{"id":"6070794","shop_id":"51467","user_id":"766713","shop_name":"Szabinafadekor","shop_zip":"9970","product_code":"5700936","product_name_old":null,"product_name":"Dala l\u00f3","category_string":"Otthon & \u00c9letm\u00f3d, Dekor\u00e1ci\u00f3, Dekorat\u00edv figur\u00e1k \u00e9s szobrok","technic_string":"Famegmunk\u00e1l\u00e1s","category_1":"813","category_2":"314","category_3":"370","category_4":"0","merged_category_1":null,"merged_category_2":null,"merged_category_3":null,"technic_1":"478","technic_2":"0","technic_3":"0","color_1":"514","color_2":"515","color_3":"523","product_description_old":null,"product_description":"K\u00e9zzel k\u00e9sz\u00edtett, pirogr\u00e1ffal d\u00edsz\u00edtett egyedi dekor\u00e1ci\u00f3! T\u00f6m\u00f6rf\u00e1b\u00f3l \/di\u00f3, t\u00f6lgy,cseresznye stb.\/\nNincs bel\u0151le kett\u0151 egyforma ! M\u00e9rete : 14 cm magas , 9 cm sz\u00e9les \u00e9s 2 cm vastag ","price":"9000.00","unit":"db","recommended":"0","status":"1","sponsored":"0","exp_notify":"0","own_material":"0","own_material_description_old":null,"own_material_description":"","jury":"0","jury_number":"","product_nature":"","meskaracsony":"0","create_date":"2026-01-14 20:05:33","shelve_id":"0","image":"szabinafadekor_product_766713_260114195351_552513.jpeg","image_width":"480","image_height":"640","image_alt":"Dala l\u00f3, K\u00e9zzel k\u00e9sz\u00edtett, pirogr\u00e1ffal d\u00edsz\u00edtett egyedi dekor\u00e1ci\u00f3! T\u00f6m\u00f6rf\u00e1b\u00f3l \/di\u00f3, t\u00f6lgy,cseresznye stb.\/\\nNi..., Meska","image_title":"Dala l\u00f3, Meska","view_count":"46","favourite_count":"0","trending_score":"0","last2MonthFavouriteCount":"0","promotion":"0","giftcard_accept":"0","creditcard_accept":true,"enhanced_background":"0","domain":"meska","specific_customer_id":null,"specific_customer_name":null,"to_order_product":"0","to_order_product_time":"0","product_different":null,"product_different_description":"","vintage":"0","vintage_category_id":"0","recycled":"0","gemstone_id":"0","customizable":"0","type_category":"physical","zerowaste":"0","postage_price":"1290.00","shop_order":"0","has_category":"1","landing_pages":null,"microdata":{"number":53,"category":""},"title":"Dala l\u00f3","description":"K\u00e9zzel k\u00e9sz\u00edtett, pirogr\u00e1ffal d\u00edsz\u00edtett egyedi dekor\u00e1ci\u00f3! T\u00f6m\u00f6rf\u00e1b\u00f3l \/di\u00f3, t\u00f6lgy,cseresznye stb.\/\nNincs bel\u0151le kett\u0151 egyforma ! M\u00e9rete : 14 cm magas , 9 cm sz\u00e9les \u00e9s 2 cm vastag ","score":0,"formatted_price":"9 000 Ft","image_url":"https:\/\/www.meska.hu\/img\/product\/small\/s\/z\/szabinafadekor_product_766713_260114195351_552513.jpeg","formatted_url":"https:\/\/www.meska.hu\/p5700936-dala-lo","favourite":false,"in_stock":true,"avatar":"766713_avatar_1768765911.jpeg","delete_from":0,"is_enhanced_background":false,"is_enhanced":false,"product_selection_started":false,"is_active":true,"image_webp_url":"https:\/\/www.meska.hu\/img\/product\/small\/s\/z\/szabinafadekor_product_766713_260114195351_552513.webp"},{"id":"5735008","shop_id":"28431","user_id":"350695","shop_name":"faajandekok","shop_zip":"5900","product_code":"5525521","product_name_old":null,"product_name":"vir\u00e1gmint\u00e1s h\u00e1zsz\u00e1mt\u00e1bla f\u00e1b\u00f3l faragva","category_string":"Otthon & \u00c9letm\u00f3d, H\u00e1z & Kert, H\u00e1zsz\u00e1m","technic_string":"Famegmunk\u00e1l\u00e1s, Festett t\u00e1rgyak","category_1":"813","category_2":"897","category_3":"431","category_4":"0","merged_category_1":null,"merged_category_2":null,"merged_category_3":null,"technic_1":"478","technic_2":"481","technic_3":"0","color_1":"514","color_2":"0","color_3":"0","product_description_old":null,"product_description":"B\u00e1rmilyen sz\u00e1mmal \u00e9s utcan\u00e9vvel rendelhet\u0151!\n\nvir\u00e1gmint\u00e1s h\u00e1zsz\u00e1mt\u00e1bla f\u00e1b\u00f3l faragva\n\nSzeretn\u00e9d, hogy k\u00f6nnyen megtal\u00e1ljanak?\nAkkor d\u00edsz\u00edtsd a h\u00e1zad ezzel a k\u00fcl\u00f6nleges h\u00e1zsz\u00e1mt\u00e1bl\u00e1val! \n\nNagyon tart\u00f3s, mert ak\u00e1cf\u00e1b\u00f3l faragott.\nApr\u00f3l\u00e9kosan megmunk\u00e1lt, m\u00edvesen d\u00edsz\u00edtett vir\u00e1gmint\u00e1s h\u00e1zsz\u00e1mt\u00e1bla.\nEleg\u00e1ns megjelen\u00e9s\u00e9vel m\u00e9lt\u00f3 d\u00edsze lesz otthonodnak.\n\nMinden apr\u00f3 r\u00e9szletet egyeztet\u00fcnk. L\u00e1tv\u00e1nytervet k\u00e9sz\u00edt\u00fcnk \u00e9s k\u00fcld\u00fcnk.\nCsak ennek j\u00f3v\u00e1hagy\u00e1sa ut\u00e1n kezdj\u00fck a gy\u00e1rt\u00e1st.\n\nM\u00e9rete kb. 24 cm x 18 cm \u00e9s 2 cm vastag, amely kis m\u00e9rt\u00e9kben v\u00e1ltozhat a rendelkez\u00e9sre \u00e1ll\u00f3 alapanyag szerint.\n\nA h\u00e1zsz\u00e1mt\u00e1bl\u00e1t ak\u00e1cf\u00e1b\u00f3l k\u00e9sz\u00edtj\u00fck mar\u00e1ssal, farag\u00e1ssal, g\u00e9pi- \u00e9s k\u00e9zi megmunk\u00e1l\u00e1ssal.\nA fa erezete egyediv\u00e9, k\u00fcl\u00f6nlegess\u00e9 var\u00e1zsolja a h\u00e1zsz\u00e1mot, nem l\u00e9tezik bel\u0151le k\u00e9t egyforma.\n\nEgyedi \u00e9s megism\u00e9telhetetlen.\n\nA minta kialak\u00edt\u00e1sa ut\u00e1n tov\u00e1bb finom\u00edtunk a fa fel\u00fcleti szerkezet\u00e9n.\nEzt k\u00f6vet\u0151en k\u00e9zzel festj\u00fck, antikoljuk, ez is garant\u00e1lja az egyedis\u00e9g\u00e9t.\nAlapesetben furatokkal ell\u00e1tva k\u00e9sz\u00edtj\u00fck csavarozhat\u00f3 kivitelben,\nde k\u00e9rhet\u0151 furatok n\u00e9lk\u00fcl is.\n\nEz a h\u00e1zsz\u00e1mt\u00e1bla garant\u00e1ltan kiemelkedik a sablonos h\u00e1zsz\u00e1mok sor\u00e1b\u00f3l.\n\nA h\u00e1zsz\u00e1m egyedi megrendel\u00e9sre k\u00e9sz\u00fcl, kb. 4 munkanap hat\u00e1rid\u0151vel. \n\nA h\u00e1zsz\u00e1mt\u00e1bla javasolt felszerel\u00e9si helye a h\u00e1z fal\u00e1ra, ereszalja al\u00e1.\n\nH\u00e1zsz\u00e1mt\u00e1bl\u00e1inkat k\u00fclt\u00e9ri v\u00edz\u00e1ll\u00f3 \u00e9s UV \u00e1ll\u00f3 lakkal kezelj\u00fck. \nA t\u00e1bla hosszan tart\u00f3 sz\u00e9ps\u00e9g\u00e9nek meg\u0151rz\u00e9se \u00e9rdek\u00e9ben c\u00e9lszer\u0171 \u00e9vente egyszer \u00fajra lakkozni lehet\u0151s\u00e9g szerint \u0151sszel, k\u00fclt\u00e9ri v\u00edz\u00e1ll\u00f3 \u00e9s UV \u00e1ll\u00f3 lakkal.","price":"12900.00","unit":"db","recommended":"0","status":"1","sponsored":"0","exp_notify":"0","own_material":"0","own_material_description_old":null,"own_material_description":"","jury":"0","jury_number":"","product_nature":"","meskaracsony":"0","create_date":"2026-03-11 13:39:45","shelve_id":"79829","image":"faajandekok_product_350695_250316114906_03199.jpeg","image_width":"480","image_height":"480","image_alt":"vir\u00e1gmint\u00e1s h\u00e1zsz\u00e1mt\u00e1bla f\u00e1b\u00f3l faragva, B\u00e1rmilyen sz\u00e1mmal \u00e9s utcan\u00e9vvel rendelhet\u0151!\\n\\nvir\u00e1gmint\u00e1s h\u00e1zsz\u00e1mt\u00e1bla f\u00e1b\u00f3l faragva\\n\\nSzeretn\u00e9d, hogy..., Meska","image_title":"vir\u00e1gmint\u00e1s h\u00e1zsz\u00e1mt\u00e1bla f\u00e1b\u00f3l faragva, Meska","view_count":"355","favourite_count":"0","trending_score":"0","last2MonthFavouriteCount":"0","promotion":"0","giftcard_accept":"1","creditcard_accept":true,"enhanced_background":"0","domain":"meska","specific_customer_id":null,"specific_customer_name":null,"to_order_product":"1","to_order_product_time":"4","product_different":"quite_different","product_different_description":"Az \u00e1ltalunk k\u00e9sz\u00edtett term\u00e9kek egyediek.\n\u00c9ppen ez\u00e9rt az elk\u00e9sz\u00edtett darab elt\u00e9rhet \u00e1rnyalat\u00e1ban, a fa term\u00e9szetes mint\u00e1zat\u00e1ban a k\u00e9pen l\u00e9v\u0151t\u0151l.\nEtt\u0151l lesz \u00e9rt\u00e9kes \u00e9s megism\u00e9telhetetlen, k\u00fcl\u00f6nleges !","vintage":"0","vintage_category_id":"0","recycled":"0","gemstone_id":"0","customizable":"1","type_category":"physical","zerowaste":"0","postage_price":"1590.00","shop_order":"0","has_category":"1","landing_pages":null,"microdata":{"number":54,"category":""},"title":"vir\u00e1gmint\u00e1s h\u00e1zsz\u00e1mt\u00e1bla f\u00e1b\u00f3l faragva","description":"B\u00e1rmilyen sz\u00e1mmal \u00e9s utcan\u00e9vvel rendelhet\u0151!\n\nvir\u00e1gmint\u00e1s h\u00e1zsz\u00e1mt\u00e1bla f\u00e1b\u00f3l faragva\n\nSzeretn\u00e9d, hogy k\u00f6nnyen megtal\u00e1ljanak?\nAkkor d\u00edsz\u00edtsd a h\u00e1zad ezzel a k\u00fcl\u00f6nleges h\u00e1zsz\u00e1mt\u00e1bl\u00e1val! \n\nNagyon tart\u00f3s, mert ak\u00e1cf\u00e1b\u00f3l faragott.\nApr\u00f3l\u00e9kosan megmunk\u00e1lt, m\u00edvesen d\u00edsz\u00edtett vir\u00e1gmint\u00e1s h\u00e1zsz\u00e1mt\u00e1bla.\nEleg\u00e1ns megjelen\u00e9s\u00e9vel m\u00e9lt\u00f3 d\u00edsze lesz otthonodnak.\n\nMinden apr\u00f3 r\u00e9szletet egyeztet\u00fcnk. L\u00e1tv\u00e1nytervet k\u00e9sz\u00edt\u00fcnk \u00e9s k\u00fcld\u00fcnk.\nCsak ennek j\u00f3v\u00e1hagy\u00e1sa ut\u00e1n kezdj\u00fck a gy\u00e1rt\u00e1st.\n\nM\u00e9rete kb. 24 cm x 18 cm \u00e9s 2 cm vastag, amely kis m\u00e9rt\u00e9kben v\u00e1ltozhat a rendelkez\u00e9sre \u00e1ll\u00f3 alapanyag szerint.\n\nA h\u00e1zsz\u00e1mt\u00e1bl\u00e1t ak\u00e1cf\u00e1b\u00f3l k\u00e9sz\u00edtj\u00fck mar\u00e1ssal, farag\u00e1ssal, g\u00e9pi- \u00e9s k\u00e9zi megmunk\u00e1l\u00e1ssal.\nA fa erezete egyediv\u00e9, k\u00fcl\u00f6nlegess\u00e9 var\u00e1zsolja a h\u00e1zsz\u00e1mot, nem l\u00e9tezik bel\u0151le k\u00e9t egyforma.\n\nEgyedi \u00e9s megism\u00e9telhetetlen.\n\nA minta kialak\u00edt\u00e1sa ut\u00e1n tov\u00e1bb finom\u00edtunk a fa fel\u00fcleti szerkezet\u00e9n.\nEzt k\u00f6vet\u0151en k\u00e9zzel festj\u00fck, antikoljuk, ez is garant\u00e1lja az egyedis\u00e9g\u00e9t.\nAlapesetben furatokkal ell\u00e1tva k\u00e9sz\u00edtj\u00fck csavarozhat\u00f3 kivitelben,\nde k\u00e9rhet\u0151 furatok n\u00e9lk\u00fcl is.\n\nEz a h\u00e1zsz\u00e1mt\u00e1bla garant\u00e1ltan kiemelkedik a sablonos h\u00e1zsz\u00e1mok sor\u00e1b\u00f3l.\n\nA h\u00e1zsz\u00e1m egyedi megrendel\u00e9sre k\u00e9sz\u00fcl, kb. 4 munkanap hat\u00e1rid\u0151vel. \n\nA h\u00e1zsz\u00e1mt\u00e1bla javasolt felszerel\u00e9si helye a h\u00e1z fal\u00e1ra, ereszalja al\u00e1.\n\nH\u00e1zsz\u00e1mt\u00e1bl\u00e1inkat k\u00fclt\u00e9ri v\u00edz\u00e1ll\u00f3 \u00e9s UV \u00e1ll\u00f3 lakkal kezelj\u00fck. \nA t\u00e1bla hosszan tart\u00f3 sz\u00e9ps\u00e9g\u00e9nek meg\u0151rz\u00e9se \u00e9rdek\u00e9ben c\u00e9lszer\u0171 \u00e9vente egyszer \u00fajra lakkozni lehet\u0151s\u00e9g szerint \u0151sszel, k\u00fclt\u00e9ri v\u00edz\u00e1ll\u00f3 \u00e9s UV \u00e1ll\u00f3 lakkal.","score":0,"formatted_price":"12 900 Ft","image_url":"https:\/\/www.meska.hu\/img\/product\/small\/f\/a\/faajandekok_product_350695_250316114906_03199.jpeg","formatted_url":"https:\/\/www.meska.hu\/p5525521-viragmintas-hazszamtabla-fabol-faragva","favourite":false,"in_stock":false,"avatar":"faajandekok_avatar_350695_1573510309.jpg","delete_from":0,"is_enhanced_background":false,"is_enhanced":false,"product_selection_started":false,"is_active":true,"image_webp_url":"https:\/\/www.meska.hu\/img\/product\/small\/f\/a\/faajandekok_product_350695_250316114906_03199.webp"},{"id":"5735134","shop_id":"28431","user_id":"350695","shop_name":"faajandekok","shop_zip":"5900","product_code":"5525593","product_name_old":null,"product_name":"h\u00e1zsz\u00e1m vir\u00e1gmint\u00e1s keretben f\u00e1b\u00f3l faragva","category_string":"Otthon & \u00c9letm\u00f3d, H\u00e1z & Kert, H\u00e1zsz\u00e1m","technic_string":"Famegmunk\u00e1l\u00e1s, Festett t\u00e1rgyak","category_1":"813","category_2":"897","category_3":"431","category_4":"0","merged_category_1":null,"merged_category_2":null,"merged_category_3":null,"technic_1":"478","technic_2":"481","technic_3":"0","color_1":"514","color_2":"0","color_3":"0","product_description_old":null,"product_description":"B\u00e1rmilyen sz\u00e1mmal \u00e9s utcan\u00e9vvel rendelhet\u0151!\n\nh\u00e1zsz\u00e1m vir\u00e1gmint\u00e1s keretben f\u00e1b\u00f3l faragva\n\nSzeretn\u00e9d, hogy k\u00f6nnyen megtal\u00e1ljanak?\nAkkor d\u00edsz\u00edtsd a h\u00e1zad ezzel a k\u00fcl\u00f6nleges h\u00e1zsz\u00e1mt\u00e1bl\u00e1val! \n\nNagyon tart\u00f3s, mert ak\u00e1cf\u00e1b\u00f3l faragott.\nApr\u00f3l\u00e9kosan megmunk\u00e1lt, m\u00edvesen d\u00edsz\u00edtett h\u00e1zsz\u00e1m vir\u00e1gmint\u00e1s keretben.\nEleg\u00e1ns megjelen\u00e9s\u00e9vel m\u00e9lt\u00f3 d\u00edsze lesz otthonodnak.\n\nMinden apr\u00f3 r\u00e9szletet egyeztet\u00fcnk. L\u00e1tv\u00e1nytervet k\u00e9sz\u00edt\u00fcnk \u00e9s k\u00fcld\u00fcnk.\nCsak ennek j\u00f3v\u00e1hagy\u00e1sa ut\u00e1n kezdj\u00fck a gy\u00e1rt\u00e1st.\n\nM\u00e9rete kb. 20 cm x 20 cm \u00e9s 2,5 cm vastag, amely kis m\u00e9rt\u00e9kben v\u00e1ltozhat a rendelkez\u00e9sre \u00e1ll\u00f3 alapanyag szerint.\n\nA h\u00e1zsz\u00e1mt\u00e1bl\u00e1t ak\u00e1cf\u00e1b\u00f3l k\u00e9sz\u00edtj\u00fck mar\u00e1ssal, farag\u00e1ssal, g\u00e9pi- \u00e9s k\u00e9zi megmunk\u00e1l\u00e1ssal.\nA fa erezete egyediv\u00e9, k\u00fcl\u00f6nlegess\u00e9 var\u00e1zsolja a h\u00e1zsz\u00e1mot, nem l\u00e9tezik bel\u0151le k\u00e9t egyforma.\n\nEgyedi \u00e9s megism\u00e9telhetetlen.\n\nA minta kialak\u00edt\u00e1sa ut\u00e1n tov\u00e1bb finom\u00edtunk a fa fel\u00fcleti szerkezet\u00e9n.\nEzt k\u00f6vet\u0151en k\u00e9zzel festj\u00fck, antikoljuk, ez is garant\u00e1lja az egyedis\u00e9g\u00e9t.\nAlapesetben furatokkal ell\u00e1tva k\u00e9sz\u00edtj\u00fck csavarozhat\u00f3 kivitelben,\nde k\u00e9rhet\u0151 furatok n\u00e9lk\u00fcl is.\n\nEz a h\u00e1zsz\u00e1mt\u00e1bla garant\u00e1ltan kiemelkedik a sablonos h\u00e1zsz\u00e1mok sor\u00e1b\u00f3l.\n\nA h\u00e1zsz\u00e1m egyedi megrendel\u00e9sre k\u00e9sz\u00fcl, kb. 4 munkanap hat\u00e1rid\u0151vel. \n\nA h\u00e1zsz\u00e1mt\u00e1bla javasolt felszerel\u00e9si helye a h\u00e1z fal\u00e1ra, ereszalja al\u00e1.\n\nH\u00e1zsz\u00e1mt\u00e1bl\u00e1inkat k\u00fclt\u00e9ri v\u00edz\u00e1ll\u00f3 \u00e9s UV \u00e1ll\u00f3 lakkal kezelj\u00fck. \nA t\u00e1bla hosszan tart\u00f3 sz\u00e9ps\u00e9g\u00e9nek meg\u0151rz\u00e9se \u00e9rdek\u00e9ben c\u00e9lszer\u0171 \u00e9vente egyszer \u00fajra lakkozni lehet\u0151s\u00e9g szerint \u0151sszel, k\u00fclt\u00e9ri v\u00edz\u00e1ll\u00f3 \u00e9s UV \u00e1ll\u00f3 lakkal.","price":"12900.00","unit":"db","recommended":"0","status":"1","sponsored":"0","exp_notify":"0","own_material":"0","own_material_description_old":null,"own_material_description":"","jury":"0","jury_number":"","product_nature":"","meskaracsony":"0","create_date":"2026-03-11 15:40:16","shelve_id":"79829","image":"faajandekok_product_350695_250316141043_445493.jpeg","image_width":"480","image_height":"480","image_alt":"h\u00e1zsz\u00e1m vir\u00e1gmint\u00e1s keretben f\u00e1b\u00f3l faragva, B\u00e1rmilyen sz\u00e1mmal \u00e9s utcan\u00e9vvel rendelhet\u0151!\\n\\nh\u00e1zsz\u00e1m vir\u00e1gmint\u00e1s keretben f\u00e1b\u00f3l faragva\\n\\nSzeretn\u00e9d, ..., Meska","image_title":"h\u00e1zsz\u00e1m vir\u00e1gmint\u00e1s keretben f\u00e1b\u00f3l faragva, Meska","view_count":"305","favourite_count":"0","trending_score":"0","last2MonthFavouriteCount":"0","promotion":"0","giftcard_accept":"1","creditcard_accept":true,"enhanced_background":"0","domain":"meska","specific_customer_id":null,"specific_customer_name":null,"to_order_product":"1","to_order_product_time":"4","product_different":"quite_different","product_different_description":"Az \u00e1ltalunk k\u00e9sz\u00edtett term\u00e9kek egyediek.\n\u00c9ppen ez\u00e9rt az elk\u00e9sz\u00edtett darab elt\u00e9rhet \u00e1rnyalat\u00e1ban, a fa term\u00e9szetes mint\u00e1zat\u00e1ban a k\u00e9pen l\u00e9v\u0151t\u0151l.\nEtt\u0151l lesz \u00e9rt\u00e9kes \u00e9s megism\u00e9telhetetlen, k\u00fcl\u00f6nleges !","vintage":"0","vintage_category_id":"0","recycled":"0","gemstone_id":"0","customizable":"1","type_category":"physical","zerowaste":"0","postage_price":"1590.00","shop_order":"0","has_category":"1","landing_pages":null,"microdata":{"number":55,"category":""},"title":"h\u00e1zsz\u00e1m vir\u00e1gmint\u00e1s keretben f\u00e1b\u00f3l faragva","description":"B\u00e1rmilyen sz\u00e1mmal \u00e9s utcan\u00e9vvel rendelhet\u0151!\n\nh\u00e1zsz\u00e1m vir\u00e1gmint\u00e1s keretben f\u00e1b\u00f3l faragva\n\nSzeretn\u00e9d, hogy k\u00f6nnyen megtal\u00e1ljanak?\nAkkor d\u00edsz\u00edtsd a h\u00e1zad ezzel a k\u00fcl\u00f6nleges h\u00e1zsz\u00e1mt\u00e1bl\u00e1val! \n\nNagyon tart\u00f3s, mert ak\u00e1cf\u00e1b\u00f3l faragott.\nApr\u00f3l\u00e9kosan megmunk\u00e1lt, m\u00edvesen d\u00edsz\u00edtett h\u00e1zsz\u00e1m vir\u00e1gmint\u00e1s keretben.\nEleg\u00e1ns megjelen\u00e9s\u00e9vel m\u00e9lt\u00f3 d\u00edsze lesz otthonodnak.\n\nMinden apr\u00f3 r\u00e9szletet egyeztet\u00fcnk. L\u00e1tv\u00e1nytervet k\u00e9sz\u00edt\u00fcnk \u00e9s k\u00fcld\u00fcnk.\nCsak ennek j\u00f3v\u00e1hagy\u00e1sa ut\u00e1n kezdj\u00fck a gy\u00e1rt\u00e1st.\n\nM\u00e9rete kb. 20 cm x 20 cm \u00e9s 2,5 cm vastag, amely kis m\u00e9rt\u00e9kben v\u00e1ltozhat a rendelkez\u00e9sre \u00e1ll\u00f3 alapanyag szerint.\n\nA h\u00e1zsz\u00e1mt\u00e1bl\u00e1t ak\u00e1cf\u00e1b\u00f3l k\u00e9sz\u00edtj\u00fck mar\u00e1ssal, farag\u00e1ssal, g\u00e9pi- \u00e9s k\u00e9zi megmunk\u00e1l\u00e1ssal.\nA fa erezete egyediv\u00e9, k\u00fcl\u00f6nlegess\u00e9 var\u00e1zsolja a h\u00e1zsz\u00e1mot, nem l\u00e9tezik bel\u0151le k\u00e9t egyforma.\n\nEgyedi \u00e9s megism\u00e9telhetetlen.\n\nA minta kialak\u00edt\u00e1sa ut\u00e1n tov\u00e1bb finom\u00edtunk a fa fel\u00fcleti szerkezet\u00e9n.\nEzt k\u00f6vet\u0151en k\u00e9zzel festj\u00fck, antikoljuk, ez is garant\u00e1lja az egyedis\u00e9g\u00e9t.\nAlapesetben furatokkal ell\u00e1tva k\u00e9sz\u00edtj\u00fck csavarozhat\u00f3 kivitelben,\nde k\u00e9rhet\u0151 furatok n\u00e9lk\u00fcl is.\n\nEz a h\u00e1zsz\u00e1mt\u00e1bla garant\u00e1ltan kiemelkedik a sablonos h\u00e1zsz\u00e1mok sor\u00e1b\u00f3l.\n\nA h\u00e1zsz\u00e1m egyedi megrendel\u00e9sre k\u00e9sz\u00fcl, kb. 4 munkanap hat\u00e1rid\u0151vel. \n\nA h\u00e1zsz\u00e1mt\u00e1bla javasolt felszerel\u00e9si helye a h\u00e1z fal\u00e1ra, ereszalja al\u00e1.\n\nH\u00e1zsz\u00e1mt\u00e1bl\u00e1inkat k\u00fclt\u00e9ri v\u00edz\u00e1ll\u00f3 \u00e9s UV \u00e1ll\u00f3 lakkal kezelj\u00fck. \nA t\u00e1bla hosszan tart\u00f3 sz\u00e9ps\u00e9g\u00e9nek meg\u0151rz\u00e9se \u00e9rdek\u00e9ben c\u00e9lszer\u0171 \u00e9vente egyszer \u00fajra lakkozni lehet\u0151s\u00e9g szerint \u0151sszel, k\u00fclt\u00e9ri v\u00edz\u00e1ll\u00f3 \u00e9s UV \u00e1ll\u00f3 lakkal.","score":0,"formatted_price":"12 900 Ft","image_url":"https:\/\/www.meska.hu\/img\/product\/small\/f\/a\/faajandekok_product_350695_250316141043_445493.jpeg","formatted_url":"https:\/\/www.meska.hu\/p5525593-hazszam-viragmintas-keretben-fabol-faragva","favourite":false,"in_stock":false,"avatar":"faajandekok_avatar_350695_1573510309.jpg","delete_from":0,"is_enhanced_background":false,"is_enhanced":false,"product_selection_started":false,"is_active":true,"image_webp_url":"https:\/\/www.meska.hu\/img\/product\/small\/f\/a\/faajandekok_product_350695_250316141043_445493.webp"},{"id":"3444321","shop_id":"17901","user_id":"152433","shop_name":"MeDaLia","shop_zip":"7754","product_code":"2129693","product_name_old":null,"product_name":"AKCI\u00d3-Szerelmesp\u00e1r t\u00f6m\u00f6rfa p\u00e1ros kulcstart\u00f3 + egyedi grav\u00edroz\u00e1s","category_string":"T\u00e1ska & Tok, Kulcstart\u00f3 & T\u00e1skad\u00edsz, Kulcstart\u00f3","technic_string":"Grav\u00edroz\u00e1s, pirogr\u00e1fia","category_1":"464","category_2":"390","category_3":"1037","category_4":"0","merged_category_1":"783","merged_category_2":"0","merged_category_3":"0","technic_1":"796","technic_2":"0","technic_3":"0","color_1":"514","color_2":"0","color_3":"0","product_description_old":null,"product_description":"Grav\u00edrozott fa p\u00e1ros kulcstart\u00f3k szerelmesp\u00e1roknak, h\u00e1zasp\u00e1roknak, de ak\u00e1r bar\u00e1tn\u0151knek, csal\u00e1dtagoknak is kit\u0171n\u0151 aj\u00e1nd\u00e9k.\nA sz\u00f6veg \u00e9s a grafika v\u00e1ltoztathat\u00f3.\n\nAz \u00e1r egy p\u00e1r (2db) kulcstart\u00f3ra \u00e9s egyik oldal\u00e1nak grav\u00edroz\u00e1s\u00e1ra vonatkozik!\n\nVastags\u00e1g:  5 mm\n\nM\u00e9ret:     kb. 4-5cm + a kulcstart\u00f3 alap vagy karika\n\nAnyaga: t\u00f6m\u00f6r cseresznyefa, f\u00e9m kulcstart\u00f3 alap vagy kulcskarika\n\nL\u00e9zerv\u00e1gott \u00e9s grav\u00edrozott fa p\u00e1ros kulcstart\u00f3k tetsz\u0151leges grav\u00edroz\u00e1ssal.\n\nA k\u00e9pen l\u00e1that\u00f3 puzzle fa p\u00e1ros kulcstart\u00f3kra k\u00e9t keresztnevet grav\u00edrozunk.\n\nHa k\u00e9rd\u00e9se van, sz\u00edvesen v\u00e1laszolok!","price":"2490.00","unit":"p\u00e1r","recommended":"0","status":"1","sponsored":"0","exp_notify":"0","own_material":"0","own_material_description_old":null,"own_material_description":"","jury":"0","jury_number":"","product_nature":"","meskaracsony":"0","create_date":"2026-01-17 17:41:34","shelve_id":"58561","image":"medalia_product_152433_220207105027_10581.jpeg","image_width":"480","image_height":"480","image_alt":"AKCI\u00d3-Szerelmesp\u00e1r t\u00f6m\u00f6rfa p\u00e1ros kulcstart\u00f3 + egyedi grav\u00edroz\u00e1s, Grav\u00edrozott fa p\u00e1ros kulcstart\u00f3k szerelmesp\u00e1roknak, h\u00e1zasp\u00e1roknak, de ak\u00e1r bar\u00e1tn\u0151knek, csal\u00e1dtagokn..., Meska","image_title":"AKCI\u00d3-Szerelmesp\u00e1r t\u00f6m\u00f6rfa p\u00e1ros kulcstart\u00f3 + egyedi grav\u00edroz\u00e1s, Meska","view_count":"3105","favourite_count":"0","trending_score":"0","last2MonthFavouriteCount":"0","promotion":"0","giftcard_accept":"1","creditcard_accept":true,"enhanced_background":"0","domain":"meska","specific_customer_id":null,"specific_customer_name":null,"to_order_product":"1","to_order_product_time":"10","product_different":"quite_different","product_different_description":"Elt\u00e9r\u00e9s a grav\u00edrozand\u00f3 sz\u00f6vegben lehet.","vintage":"0","vintage_category_id":"0","recycled":"0","gemstone_id":"0","customizable":"0","type_category":"physical","zerowaste":"0","postage_price":"1990.00","shop_order":"0","has_category":"1","landing_pages":"Kar\u00e1csonyi aj\u00e1nd\u00e9kok, Valentin-napi aj\u00e1nd\u00e9kok, Valentin-napi aj\u00e1nd\u00e9kok","microdata":{"number":56,"category":""},"title":"AKCI\u00d3-Szerelmesp\u00e1r t\u00f6m\u00f6rfa p\u00e1ros kulcstart\u00f3 + egyedi grav\u00edroz\u00e1s","description":"Grav\u00edrozott fa p\u00e1ros kulcstart\u00f3k szerelmesp\u00e1roknak, h\u00e1zasp\u00e1roknak, de ak\u00e1r bar\u00e1tn\u0151knek, csal\u00e1dtagoknak is kit\u0171n\u0151 aj\u00e1nd\u00e9k.\nA sz\u00f6veg \u00e9s a grafika v\u00e1ltoztathat\u00f3.\n\nAz \u00e1r egy p\u00e1r (2db) kulcstart\u00f3ra \u00e9s egyik oldal\u00e1nak grav\u00edroz\u00e1s\u00e1ra vonatkozik!\n\nVastags\u00e1g:  5 mm\n\nM\u00e9ret:     kb. 4-5cm + a kulcstart\u00f3 alap vagy karika\n\nAnyaga: t\u00f6m\u00f6r cseresznyefa, f\u00e9m kulcstart\u00f3 alap vagy kulcskarika\n\nL\u00e9zerv\u00e1gott \u00e9s grav\u00edrozott fa p\u00e1ros kulcstart\u00f3k tetsz\u0151leges grav\u00edroz\u00e1ssal.\n\nA k\u00e9pen l\u00e1that\u00f3 puzzle fa p\u00e1ros kulcstart\u00f3kra k\u00e9t keresztnevet grav\u00edrozunk.\n\nHa k\u00e9rd\u00e9se van, sz\u00edvesen v\u00e1laszolok!","score":0,"formatted_price":"2 490 Ft","image_url":"https:\/\/www.meska.hu\/img\/product\/small\/m\/e\/medalia_product_152433_220207105027_10581.jpeg","formatted_url":"https:\/\/www.meska.hu\/p2129693-szerelmespar-tomorfa-paros-kulcstarto-egyedi-gravirozas","favourite":false,"in_stock":false,"avatar":"MeDaLia_avatar_152433.jpg","delete_from":0,"is_enhanced_background":false,"is_enhanced":false,"product_selection_started":false,"is_active":true,"image_webp_url":"https:\/\/www.meska.hu\/img\/product\/small\/m\/e\/medalia_product_152433_220207105027_10581.webp"},{"id":"4524094","shop_id":"17901","user_id":"152433","shop_name":"MeDaLia","shop_zip":"7754","product_code":"4796337","product_name_old":null,"product_name":"Szerelmesp\u00e1r t\u00f6m\u00f6rfa p\u00e1ros kulcstart\u00f3 + egyedi grav\u00edroz\u00e1s","category_string":"T\u00e1ska & Tok, Kulcstart\u00f3 & T\u00e1skad\u00edsz, Kulcstart\u00f3","technic_string":"Grav\u00edroz\u00e1s, pirogr\u00e1fia","category_1":"464","category_2":"390","category_3":"1037","category_4":"0","merged_category_1":"783","merged_category_2":"0","merged_category_3":"0","technic_1":"796","technic_2":"0","technic_3":"0","color_1":"514","color_2":"0","color_3":"0","product_description_old":null,"product_description":"Grav\u00edrozott fa p\u00e1ros kulcstart\u00f3k szerelmesp\u00e1roknak, h\u00e1zasp\u00e1roknak!\n\nAz \u00e1r egy p\u00e1r (2db) kulcstart\u00f3ra vonatkozik!\n\nVastags\u00e1g:  5 mm\n\nM\u00e9ret:     kb. 5 x 4,5 cm m\u00e9ret\u0171 sz\u00edvet ad ki a k\u00e9t f\u00e9l\n\nA term\u00e9k nem r\u00e9tegelt falemezb\u0151l, hanem t\u00f6m\u00f6r f\u00e1b\u00f3l k\u00e9sz\u00fcl!\n\nHa k\u00e9rd\u00e9se van, sz\u00edvesen v\u00e1laszolok!","price":"2490.00","unit":"p\u00e1r","recommended":"0","status":"1","sponsored":"0","exp_notify":"0","own_material":"0","own_material_description_old":null,"own_material_description":"","jury":"0","jury_number":"","product_nature":"","meskaracsony":"0","create_date":"2026-01-25 18:27:02","shelve_id":"58561","image":"medalia_product_152433_221007172617_756266.jpeg","image_width":"480","image_height":"480","image_alt":"Szerelmesp\u00e1r t\u00f6m\u00f6rfa p\u00e1ros kulcstart\u00f3 + egyedi grav\u00edroz\u00e1s, Grav\u00edrozott fa p\u00e1ros kulcstart\u00f3k szerelmesp\u00e1roknak, h\u00e1zasp\u00e1roknak!\\n\\nAz \u00e1r egy p\u00e1r (2db) kulcstart\u00f3ra..., Meska","image_title":"Szerelmesp\u00e1r t\u00f6m\u00f6rfa p\u00e1ros kulcstart\u00f3 + egyedi grav\u00edroz\u00e1s, Meska","view_count":"1641","favourite_count":"0","trending_score":"0","last2MonthFavouriteCount":"0","promotion":"0","giftcard_accept":"1","creditcard_accept":true,"enhanced_background":"0","domain":"meska","specific_customer_id":null,"specific_customer_name":null,"to_order_product":"1","to_order_product_time":"10","product_different":"quite_different","product_different_description":"Elt\u00e9r\u00e9s a grav\u00edrozand\u00f3 sz\u00f6vegben lehet.","vintage":"0","vintage_category_id":"0","recycled":"0","gemstone_id":"0","customizable":"0","type_category":"physical","zerowaste":"0","postage_price":"1990.00","shop_order":"0","has_category":"1","landing_pages":null,"microdata":{"number":57,"category":""},"title":"Szerelmesp\u00e1r t\u00f6m\u00f6rfa p\u00e1ros kulcstart\u00f3 + egyedi grav\u00edroz\u00e1s","description":"Grav\u00edrozott fa p\u00e1ros kulcstart\u00f3k szerelmesp\u00e1roknak, h\u00e1zasp\u00e1roknak!\n\nAz \u00e1r egy p\u00e1r (2db) kulcstart\u00f3ra vonatkozik!\n\nVastags\u00e1g:  5 mm\n\nM\u00e9ret:     kb. 5 x 4,5 cm m\u00e9ret\u0171 sz\u00edvet ad ki a k\u00e9t f\u00e9l\n\nA term\u00e9k nem r\u00e9tegelt falemezb\u0151l, hanem t\u00f6m\u00f6r f\u00e1b\u00f3l k\u00e9sz\u00fcl!\n\nHa k\u00e9rd\u00e9se van, sz\u00edvesen v\u00e1laszolok!","score":0,"formatted_price":"2 490 Ft","image_url":"https:\/\/www.meska.hu\/img\/product\/small\/m\/e\/medalia_product_152433_221007172617_756266.jpeg","formatted_url":"https:\/\/www.meska.hu\/p4796337-szerelmespar-tomorfa-paros-kulcstarto-egyedi-gravirozas","favourite":false,"in_stock":false,"avatar":"MeDaLia_avatar_152433.jpg","delete_from":0,"is_enhanced_background":false,"is_enhanced":false,"product_selection_started":false,"is_active":true,"image_webp_url":"https:\/\/www.meska.hu\/img\/product\/small\/m\/e\/medalia_product_152433_221007172617_756266.webp"},{"id":"4827573","shop_id":"17901","user_id":"152433","shop_name":"MeDaLia","shop_zip":"7754","product_code":"4973056","product_name_old":null,"product_name":"\u00c9des otthon p\u00e1ros t\u00f6m\u00f6rfa kulcstart\u00f3","category_string":"T\u00e1ska & Tok, Kulcstart\u00f3 & T\u00e1skad\u00edsz, Kulcstart\u00f3","technic_string":"Grav\u00edroz\u00e1s, pirogr\u00e1fia","category_1":"464","category_2":"390","category_3":"1037","category_4":"0","merged_category_1":"783","merged_category_2":"0","merged_category_3":"0","technic_1":"796","technic_2":"0","technic_3":"0","color_1":"514","color_2":"0","color_3":"0","product_description_old":null,"product_description":"Grav\u00edrozott fa p\u00e1ros kulcstart\u00f3k szerelmesp\u00e1roknak, h\u00e1zasp\u00e1roknak!\n\nAz \u00e1r egy p\u00e1r kulcstart\u00f3ra vonatkozik!\n\nVastags\u00e1g: 5 mm\n\nM\u00e9ret: kb. 4-5cm a h\u00e1z, kb. 3cm a sz\u00edv + a kulcstart\u00f3 alap vagy karika\n\nAnyaga: t\u00f6m\u00f6r cseresznyefa, f\u00e9m kulcstart\u00f3 alap vagy kulcskarika\n\nA k\u00e9pen l\u00e1that\u00f3 p\u00e1ros fa kulcstart\u00f3k sz\u00edv fel\u00e9re k\u00e9t nevet grav\u00edrozunk.\n\nHa k\u00e9rd\u00e9sed, egy\u00e9b elk\u00e9pzel\u00e9sed van, sz\u00edvesen v\u00e1laszolok!","price":"3990.00","unit":"p\u00e1r","recommended":"0","status":"1","sponsored":"0","exp_notify":"0","own_material":"0","own_material_description_old":null,"own_material_description":"","jury":"0","jury_number":"","product_nature":"","meskaracsony":"0","create_date":"2026-01-12 10:46:37","shelve_id":"58561","image":"medalia_product_152433_230513143747_739569.jpeg","image_width":"480","image_height":"480","image_alt":"\u00c9des otthon p\u00e1ros t\u00f6m\u00f6rfa kulcstart\u00f3, Grav\u00edrozott fa p\u00e1ros kulcstart\u00f3k szerelmesp\u00e1roknak, h\u00e1zasp\u00e1roknak!\\n\\nAz \u00e1r egy p\u00e1r kulcstart\u00f3ra vonat..., Meska","image_title":"\u00c9des otthon p\u00e1ros t\u00f6m\u00f6rfa kulcstart\u00f3, Meska","view_count":"983","favourite_count":"0","trending_score":"0","last2MonthFavouriteCount":"0","promotion":"0","giftcard_accept":"1","creditcard_accept":true,"enhanced_background":"0","domain":"meska","specific_customer_id":null,"specific_customer_name":null,"to_order_product":"1","to_order_product_time":"10","product_different":"quite_different","product_different_description":"Elt\u00e9r\u00e9s a grav\u00edrozand\u00f3 sz\u00f6vegben lehet.","vintage":"0","vintage_category_id":"0","recycled":"0","gemstone_id":"0","customizable":"0","type_category":"physical","zerowaste":"0","postage_price":"1990.00","shop_order":"0","has_category":"1","landing_pages":null,"microdata":{"number":58,"category":""},"title":"\u00c9des otthon p\u00e1ros t\u00f6m\u00f6rfa kulcstart\u00f3","description":"Grav\u00edrozott fa p\u00e1ros kulcstart\u00f3k szerelmesp\u00e1roknak, h\u00e1zasp\u00e1roknak!\n\nAz \u00e1r egy p\u00e1r kulcstart\u00f3ra vonatkozik!\n\nVastags\u00e1g: 5 mm\n\nM\u00e9ret: kb. 4-5cm a h\u00e1z, kb. 3cm a sz\u00edv + a kulcstart\u00f3 alap vagy karika\n\nAnyaga: t\u00f6m\u00f6r cseresznyefa, f\u00e9m kulcstart\u00f3 alap vagy kulcskarika\n\nA k\u00e9pen l\u00e1that\u00f3 p\u00e1ros fa kulcstart\u00f3k sz\u00edv fel\u00e9re k\u00e9t nevet grav\u00edrozunk.\n\nHa k\u00e9rd\u00e9sed, egy\u00e9b elk\u00e9pzel\u00e9sed van, sz\u00edvesen v\u00e1laszolok!","score":0,"formatted_price":"3 990 Ft","image_url":"https:\/\/www.meska.hu\/img\/product\/small\/m\/e\/medalia_product_152433_230513143747_739569.jpeg","formatted_url":"https:\/\/www.meska.hu\/p4973056-edes-otthon-paros-tomorfa-kulcstarto","favourite":false,"in_stock":false,"avatar":"MeDaLia_avatar_152433.jpg","delete_from":0,"is_enhanced_background":false,"is_enhanced":false,"product_selection_started":false,"is_active":true,"image_webp_url":"https:\/\/www.meska.hu\/img\/product\/small\/m\/e\/medalia_product_152433_230513143747_739569.webp"},{"id":"4466187","shop_id":"17901","user_id":"152433","shop_name":"MeDaLia","shop_zip":"7754","product_code":"3176517","product_name_old":null,"product_name":"Csal\u00e1di, bar\u00e1ti t\u00f6m\u00f6rfa puzzle \u00f6sszeilleszthet\u0151 kulcstart\u00f3k + egyedi grav\u00edroz\u00e1s","category_string":"T\u00e1ska & Tok, Kulcstart\u00f3 & T\u00e1skad\u00edsz, Kulcstart\u00f3","technic_string":"Grav\u00edroz\u00e1s, pirogr\u00e1fia","category_1":"464","category_2":"390","category_3":"1037","category_4":"0","merged_category_1":"783","merged_category_2":"0","merged_category_3":"0","technic_1":"796","technic_2":"0","technic_3":"0","color_1":"514","color_2":"0","color_3":"0","product_description_old":null,"product_description":"Egyedi grav\u00edroz\u00e1ssal k\u00e9sz\u00fclt 4db-b\u00f3l \u00e1ll\u00f3, \u00f6sszeilleszthet\u0151 puzzle form\u00e1j\u00fa kulcstart\u00f3 k\u00e9szlet csal\u00e1doknak, bar\u00e1toknak vagy ak\u00e1r munkat\u00e1rsaknak.\nTerm\u00e9szetesen a nevek \u00e9s a kis szimb\u00f3lum v\u00e1ltoztathat\u00f3ak.\n\nAz \u00e1r 4db kulcstart\u00f3ra vonatkozik!\n\nVastags\u00e1g:  5 mm\n\nM\u00e9ret:     kb. 4-5cm + a kulcstart\u00f3 alap vagy karika\n\nAnyaga: t\u00f6m\u00f6r cseresznyefa, f\u00e9m kulcstart\u00f3 alap vagy kulcskarika\n\nL\u00e9zerv\u00e1gott \u00e9s grav\u00edrozott fa puzzle form\u00e1j\u00fa \u00f6sszeilleszthet\u0151 kulcstart\u00f3 k\u00e9szlet.\n\nHa k\u00e9rd\u00e9se van, sz\u00edvesen v\u00e1laszolok!","price":"5990.00","unit":"csomag","recommended":"0","status":"1","sponsored":"0","exp_notify":"0","own_material":"0","own_material_description_old":null,"own_material_description":"","jury":"0","jury_number":"","product_nature":"","meskaracsony":"0","create_date":"2026-01-26 23:34:27","shelve_id":"58561","image":"medalia_product_152433_181011143649_61936.jpeg","image_width":"480","image_height":"494","image_alt":"Csal\u00e1di, bar\u00e1ti t\u00f6m\u00f6rfa puzzle \u00f6sszeilleszthet\u0151 kulcstart\u00f3k + egyedi grav\u00edroz\u00e1s, Egyedi grav\u00edroz\u00e1ssal k\u00e9sz\u00fclt 4db-b\u00f3l \u00e1ll\u00f3, \u00f6sszeilleszthet\u0151 puzzle form\u00e1j\u00fa kulcstart\u00f3 k\u00e9szlet csal\u00e1d..., Meska","image_title":"Csal\u00e1di, bar\u00e1ti t\u00f6m\u00f6rfa puzzle \u00f6sszeilleszthet\u0151 kulcstart\u00f3k + egyedi grav\u00edroz\u00e1s, Meska","view_count":"1957","favourite_count":"0","trending_score":"0","last2MonthFavouriteCount":"0","promotion":"0","giftcard_accept":"1","creditcard_accept":true,"enhanced_background":"0","domain":"meska","specific_customer_id":null,"specific_customer_name":null,"to_order_product":"1","to_order_product_time":"10","product_different":"quite_different","product_different_description":"Elt\u00e9r\u00e9s a grav\u00edrozand\u00f3 sz\u00f6vegben, fa mint\u00e1zat\u00e1ban, sz\u00edn\u00e9ben lehet.","vintage":"0","vintage_category_id":"0","recycled":"0","gemstone_id":"0","customizable":"0","type_category":"physical","zerowaste":"0","postage_price":"1990.00","shop_order":"0","has_category":"1","landing_pages":null,"microdata":{"number":59,"category":""},"title":"Csal\u00e1di, bar\u00e1ti t\u00f6m\u00f6rfa puzzle \u00f6sszeilleszthet\u0151 kulcstart\u00f3k + egyedi grav\u00edroz\u00e1s","description":"Egyedi grav\u00edroz\u00e1ssal k\u00e9sz\u00fclt 4db-b\u00f3l \u00e1ll\u00f3, \u00f6sszeilleszthet\u0151 puzzle form\u00e1j\u00fa kulcstart\u00f3 k\u00e9szlet csal\u00e1doknak, bar\u00e1toknak vagy ak\u00e1r munkat\u00e1rsaknak.\nTerm\u00e9szetesen a nevek \u00e9s a kis szimb\u00f3lum v\u00e1ltoztathat\u00f3ak.\n\nAz \u00e1r 4db kulcstart\u00f3ra vonatkozik!\n\nVastags\u00e1g:  5 mm\n\nM\u00e9ret:     kb. 4-5cm + a kulcstart\u00f3 alap vagy karika\n\nAnyaga: t\u00f6m\u00f6r cseresznyefa, f\u00e9m kulcstart\u00f3 alap vagy kulcskarika\n\nL\u00e9zerv\u00e1gott \u00e9s grav\u00edrozott fa puzzle form\u00e1j\u00fa \u00f6sszeilleszthet\u0151 kulcstart\u00f3 k\u00e9szlet.\n\nHa k\u00e9rd\u00e9se van, sz\u00edvesen v\u00e1laszolok!","score":0,"formatted_price":"5 990 Ft","image_url":"https:\/\/www.meska.hu\/img\/product\/small\/m\/e\/medalia_product_152433_181011143649_61936.jpeg","formatted_url":"https:\/\/www.meska.hu\/p3176517-csaladi-barati-tomorfa-puzzle-osszeillesztheto-kulcstartok-egyedi-gravirozas","favourite":false,"in_stock":false,"avatar":"MeDaLia_avatar_152433.jpg","delete_from":0,"is_enhanced_background":false,"is_enhanced":false,"product_selection_started":false,"is_active":true,"image_webp_url":"https:\/\/www.meska.hu\/img\/product\/small\/m\/e\/medalia_product_152433_181011143649_61936.webp"},{"id":"3422492","shop_id":"17901","user_id":"152433","shop_name":"MeDaLia","shop_zip":"7754","product_code":"3243857","product_name_old":null,"product_name":"Szerelmesp\u00e1r t\u00f6m\u00f6rfa p\u00e1ros kulcstart\u00f3 + egyedi grav\u00edroz\u00e1s Valentin nap","category_string":"T\u00e1ska & Tok, Kulcstart\u00f3 & T\u00e1skad\u00edsz, Kulcstart\u00f3","technic_string":"Grav\u00edroz\u00e1s, pirogr\u00e1fia","category_1":"464","category_2":"390","category_3":"1037","category_4":"0","merged_category_1":"783","merged_category_2":"0","merged_category_3":"0","technic_1":"796","technic_2":"0","technic_3":"0","color_1":"514","color_2":"0","color_3":"0","product_description_old":null,"product_description":"Grav\u00edrozott fa p\u00e1ros kulcstart\u00f3k szerelmesp\u00e1roknak, h\u00e1zasp\u00e1roknak!\n\nAz \u00e1r egy p\u00e1r (2db) kulcstart\u00f3ra vonatkozik!\n\nVastags\u00e1g:  5 mm\n\nM\u00e9ret:     kb. 4-5cm + a kulcstart\u00f3 alap vagy karika\n\nAnyaga: t\u00f6m\u00f6r cseresznyefa, f\u00e9m kulcstart\u00f3 alap vagy kulcskarika\n\nL\u00e9zerv\u00e1gott \u00e9s grav\u00edrozott fa p\u00e1ros kulcstart\u00f3k tetsz\u0151leges grav\u00edroz\u00e1ssal.\n\nA k\u00e9pen l\u00e1that\u00f3 puzzle fa p\u00e1ros kulcstart\u00f3kra egy tetsz\u0151leges d\u00e1tum megjel\u00f6l\u00e9s\u00e9t grav\u00edrozzuk.\n\nHa k\u00e9rd\u00e9se van, sz\u00edvesen v\u00e1laszolok!","price":"3490.00","unit":"p\u00e1r","recommended":"0","status":"1","sponsored":"0","exp_notify":"0","own_material":"0","own_material_description_old":null,"own_material_description":"","jury":"0","jury_number":"","product_nature":"","meskaracsony":"0","create_date":"2026-02-02 21:05:33","shelve_id":"58561","image":"medalia_product_152433_181031111539_051873.jpeg","image_width":"480","image_height":"451","image_alt":"Szerelmesp\u00e1r t\u00f6m\u00f6rfa p\u00e1ros kulcstart\u00f3 + egyedi grav\u00edroz\u00e1s Valentin nap, Grav\u00edrozott fa p\u00e1ros kulcstart\u00f3k szerelmesp\u00e1roknak, h\u00e1zasp\u00e1roknak!\\n\\nAz \u00e1r egy p\u00e1r (2db) kulcstart\u00f3ra..., Meska","image_title":"Szerelmesp\u00e1r t\u00f6m\u00f6rfa p\u00e1ros kulcstart\u00f3 + egyedi grav\u00edroz\u00e1s Valentin nap, Meska","view_count":"5420","favourite_count":"0","trending_score":"0","last2MonthFavouriteCount":"0","promotion":"0","giftcard_accept":"1","creditcard_accept":true,"enhanced_background":"0","domain":"meska","specific_customer_id":null,"specific_customer_name":null,"to_order_product":"1","to_order_product_time":"10","product_different":"quite_different","product_different_description":"Elt\u00e9r\u00e9s a grav\u00edrozand\u00f3 sz\u00f6vegben lehet.","vintage":"0","vintage_category_id":"0","recycled":"0","gemstone_id":"0","customizable":"0","type_category":"physical","zerowaste":"0","postage_price":"1990.00","shop_order":"0","has_category":"1","landing_pages":"Aj\u00e1nd\u00e9kok f\u00e9rfiaknak, Valentin-napi aj\u00e1nd\u00e9kok, Valentin-napi aj\u00e1nd\u00e9kok, Valentin-napi aj\u00e1nd\u00e9kok, Valentin-napi aj\u00e1nd\u00e9kok, Valentin-napi aj\u00e1nd\u00e9kok, Valentin-napi aj\u00e1nd\u00e9kok, Valentin-napi aj\u00e1nd\u00e9kok, Valentin-napi aj\u00e1nd\u00e9kok, Valentin-napi aj\u00e1nd\u00e9kok","microdata":{"number":60,"category":""},"title":"Szerelmesp\u00e1r t\u00f6m\u00f6rfa p\u00e1ros kulcstart\u00f3 + egyedi grav\u00edroz\u00e1s Valentin nap","description":"Grav\u00edrozott fa p\u00e1ros kulcstart\u00f3k szerelmesp\u00e1roknak, h\u00e1zasp\u00e1roknak!\n\nAz \u00e1r egy p\u00e1r (2db) kulcstart\u00f3ra vonatkozik!\n\nVastags\u00e1g:  5 mm\n\nM\u00e9ret:     kb. 4-5cm + a kulcstart\u00f3 alap vagy karika\n\nAnyaga: t\u00f6m\u00f6r cseresznyefa, f\u00e9m kulcstart\u00f3 alap vagy kulcskarika\n\nL\u00e9zerv\u00e1gott \u00e9s grav\u00edrozott fa p\u00e1ros kulcstart\u00f3k tetsz\u0151leges grav\u00edroz\u00e1ssal.\n\nA k\u00e9pen l\u00e1that\u00f3 puzzle fa p\u00e1ros kulcstart\u00f3kra egy tetsz\u0151leges d\u00e1tum megjel\u00f6l\u00e9s\u00e9t grav\u00edrozzuk.\n\nHa k\u00e9rd\u00e9se van, sz\u00edvesen v\u00e1laszolok!","score":0,"formatted_price":"3 490 Ft","image_url":"https:\/\/www.meska.hu\/img\/product\/small\/m\/e\/medalia_product_152433_181031111539_051873.jpeg","formatted_url":"https:\/\/www.meska.hu\/p3243857-szerelmespar-tomorfa-paros-kulcstarto-egyedi-gravirozas-valentin-nap","favourite":false,"in_stock":false,"avatar":"MeDaLia_avatar_152433.jpg","delete_from":0,"is_enhanced_background":false,"is_enhanced":false,"product_selection_started":false,"is_active":true,"image_webp_url":"https:\/\/www.meska.hu\/img\/product\/small\/m\/e\/medalia_product_152433_181031111539_051873.webp"},{"id":"3417220","shop_id":"17901","user_id":"152433","shop_name":"MeDaLia","shop_zip":"7754","product_code":"3032324","product_name_old":null,"product_name":"Szerelmesp\u00e1r t\u00f6m\u00f6rfa p\u00e1ros kulcstart\u00f3 grav\u00edroz\u00e1ssal","category_string":"T\u00e1ska & Tok, Kulcstart\u00f3 & T\u00e1skad\u00edsz, Kulcstart\u00f3","technic_string":"Grav\u00edroz\u00e1s, pirogr\u00e1fia","category_1":"464","category_2":"390","category_3":"1037","category_4":"0","merged_category_1":"783","merged_category_2":"0","merged_category_3":"0","technic_1":"796","technic_2":"0","technic_3":"0","color_1":"514","color_2":"0","color_3":"0","product_description_old":null,"product_description":"Grav\u00edrozott fa p\u00e1ros kulcstart\u00f3k szerelmesp\u00e1roknak, h\u00e1zasp\u00e1roknak!\nA sz\u00f6veg v\u00e1ltoztathat\u00f3.\n\nAz \u00e1r egy p\u00e1r (2db) szerelmesp\u00e1r kulcstart\u00f3ra vonatkozik!\n\nVastags\u00e1g:  5 mm\n\nM\u00e9ret:     kb. 4-5cm + a kulcstart\u00f3 alap\n\nAnyaga: t\u00f6m\u00f6r cseresznyefa, f\u00e9m kulcstart\u00f3 alap vagy kulcskarika\n\nL\u00e9zerv\u00e1gott \u00e9s grav\u00edrozott fa p\u00e1ros kulcstart\u00f3k grav\u00edroz\u00e1ssal.\n\nHa k\u00e9rd\u00e9se van, sz\u00edvesen v\u00e1laszolok!","price":"2490.00","unit":"p\u00e1r","recommended":"0","status":"1","sponsored":"0","exp_notify":"0","own_material":"0","own_material_description_old":null,"own_material_description":"","jury":"0","jury_number":"","product_nature":"","meskaracsony":"0","create_date":"2026-02-16 16:37:23","shelve_id":"58561","image":"medalia_product_152433_181014164431_47538.jpeg","image_width":"480","image_height":"480","image_alt":"Szerelmesp\u00e1r t\u00f6m\u00f6rfa p\u00e1ros kulcstart\u00f3 grav\u00edroz\u00e1ssal, Grav\u00edrozott fa p\u00e1ros kulcstart\u00f3k szerelmesp\u00e1roknak, h\u00e1zasp\u00e1roknak!\\nA sz\u00f6veg v\u00e1ltoztathat\u00f3.\\n\\nAz \u00e1r eg..., Meska","image_title":"Szerelmesp\u00e1r t\u00f6m\u00f6rfa p\u00e1ros kulcstart\u00f3 grav\u00edroz\u00e1ssal, Meska","view_count":"8570","favourite_count":"0","trending_score":"0","last2MonthFavouriteCount":"0","promotion":"0","giftcard_accept":"1","creditcard_accept":true,"enhanced_background":"0","domain":"meska","specific_customer_id":null,"specific_customer_name":null,"to_order_product":"1","to_order_product_time":"10","product_different":"quite_different","product_different_description":"Fa mint\u00e1zata, sz\u00edne","vintage":"0","vintage_category_id":"0","recycled":"0","gemstone_id":"0","customizable":"0","type_category":"physical","zerowaste":"0","postage_price":"1990.00","shop_order":"0","has_category":"1","landing_pages":"Aj\u00e1nd\u00e9kok f\u00e9rfiaknak, Valentin-napi aj\u00e1nd\u00e9kok, Valentin-napi aj\u00e1nd\u00e9kok, Valentin-napi aj\u00e1nd\u00e9kok, Valentin-napi aj\u00e1nd\u00e9kok, Valentin-napi aj\u00e1nd\u00e9kok, Valentin-napi aj\u00e1nd\u00e9kok","microdata":{"number":61,"category":""},"title":"Szerelmesp\u00e1r t\u00f6m\u00f6rfa p\u00e1ros kulcstart\u00f3 grav\u00edroz\u00e1ssal","description":"Grav\u00edrozott fa p\u00e1ros kulcstart\u00f3k szerelmesp\u00e1roknak, h\u00e1zasp\u00e1roknak!\nA sz\u00f6veg v\u00e1ltoztathat\u00f3.\n\nAz \u00e1r egy p\u00e1r (2db) szerelmesp\u00e1r kulcstart\u00f3ra vonatkozik!\n\nVastags\u00e1g:  5 mm\n\nM\u00e9ret:     kb. 4-5cm + a kulcstart\u00f3 alap\n\nAnyaga: t\u00f6m\u00f6r cseresznyefa, f\u00e9m kulcstart\u00f3 alap vagy kulcskarika\n\nL\u00e9zerv\u00e1gott \u00e9s grav\u00edrozott fa p\u00e1ros kulcstart\u00f3k grav\u00edroz\u00e1ssal.\n\nHa k\u00e9rd\u00e9se van, sz\u00edvesen v\u00e1laszolok!","score":0,"formatted_price":"2 490 Ft","image_url":"https:\/\/www.meska.hu\/img\/product\/small\/m\/e\/medalia_product_152433_181014164431_47538.jpeg","formatted_url":"https:\/\/www.meska.hu\/p3032324-szerelmespar-tomorfa-paros-kulcstarto-gravirozassal","favourite":false,"in_stock":false,"avatar":"MeDaLia_avatar_152433.jpg","delete_from":0,"is_enhanced_background":false,"is_enhanced":false,"product_selection_started":false,"is_active":true,"image_webp_url":"https:\/\/www.meska.hu\/img\/product\/small\/m\/e\/medalia_product_152433_181014164431_47538.webp"},{"id":"3138029","shop_id":"17901","user_id":"152433","shop_name":"MeDaLia","shop_zip":"7754","product_code":"4725714","product_name_old":null,"product_name":"T\u00f6m\u00f6r f\u00e1b\u00f3l k\u00e9sz\u00fclt kar\u00e1csonyfad\u00edsz h\u00e1zasp\u00e1roknak","category_string":"Kar\u00e1csony, Kar\u00e1csonyi lak\u00e1sdekor\u00e1ci\u00f3, Kar\u00e1csonyfad\u00edszek","technic_string":"Famegmunk\u00e1l\u00e1s, Grav\u00edroz\u00e1s, pirogr\u00e1fia","category_1":"319","category_2":"324","category_3":"323","category_4":"0","merged_category_1":null,"merged_category_2":null,"merged_category_3":null,"technic_1":"478","technic_2":"796","technic_3":"0","color_1":"514","color_2":"0","color_3":"0","product_description_old":null,"product_description":"Magass\u00e1ga: 8cm\nAnyaga: t\u00f6m\u00f6r fa 5mm\nSzalag: szat\u00e9n\n\nF\u00e1b\u00f3l k\u00e9sz\u00fclt kar\u00e1csonyfad\u00edsz egyedi grav\u00edroz\u00e1ssal az els\u0151, h\u00e1zasp\u00e1rk\u00e9nt t\u00f6lt\u00f6tt kar\u00e1csony eml\u00e9k\u00e9re.\n\nM\u00e1s sz\u00f6veggel is k\u00e9rhet\u0151.\n\nHa k\u00e9r\u00e9sed, k\u00e9rd\u00e9sed van keress nyugodtan!\n","price":"1790.00","unit":"db","recommended":"0","status":"1","sponsored":"0","exp_notify":"0","own_material":"0","own_material_description_old":null,"own_material_description":"","jury":"0","jury_number":"","product_nature":"","meskaracsony":"0","create_date":"2026-01-24 16:20:33","shelve_id":"50563","image":"medalia_product_152433_211023190331_858362.jpeg","image_width":"480","image_height":"480","image_alt":"T\u00f6m\u00f6r f\u00e1b\u00f3l k\u00e9sz\u00fclt kar\u00e1csonyfad\u00edsz h\u00e1zasp\u00e1roknak, Magass\u00e1ga: 8cm\\nAnyaga: t\u00f6m\u00f6r fa 5mm\\nSzalag: szat\u00e9n\\n\\nF\u00e1b\u00f3l k\u00e9sz\u00fclt kar\u00e1csonyfad\u00edsz egyedi grav\u00edroz\u00e1ss..., Meska","image_title":"T\u00f6m\u00f6r f\u00e1b\u00f3l k\u00e9sz\u00fclt kar\u00e1csonyfad\u00edsz h\u00e1zasp\u00e1roknak, Meska","view_count":"557","favourite_count":"0","trending_score":"0","last2MonthFavouriteCount":"0","promotion":"0","giftcard_accept":"1","creditcard_accept":true,"enhanced_background":"0","domain":"meska","specific_customer_id":null,"specific_customer_name":null,"to_order_product":"1","to_order_product_time":"10","product_different":"quite_different","product_different_description":"Feliratoz\u00e1s","vintage":"0","vintage_category_id":"0","recycled":"0","gemstone_id":"0","customizable":"0","type_category":"physical","zerowaste":"0","postage_price":"1990.00","shop_order":"0","has_category":"1","landing_pages":null,"microdata":{"number":62,"category":""},"title":"T\u00f6m\u00f6r f\u00e1b\u00f3l k\u00e9sz\u00fclt kar\u00e1csonyfad\u00edsz h\u00e1zasp\u00e1roknak","description":"Magass\u00e1ga: 8cm\nAnyaga: t\u00f6m\u00f6r fa 5mm\nSzalag: szat\u00e9n\n\nF\u00e1b\u00f3l k\u00e9sz\u00fclt kar\u00e1csonyfad\u00edsz egyedi grav\u00edroz\u00e1ssal az els\u0151, h\u00e1zasp\u00e1rk\u00e9nt t\u00f6lt\u00f6tt kar\u00e1csony eml\u00e9k\u00e9re.\n\nM\u00e1s sz\u00f6veggel is k\u00e9rhet\u0151.\n\nHa k\u00e9r\u00e9sed, k\u00e9rd\u00e9sed van keress nyugodtan!\n","score":0,"formatted_price":"1 790 Ft","image_url":"https:\/\/www.meska.hu\/img\/product\/small\/m\/e\/medalia_product_152433_211023190331_858362.jpeg","formatted_url":"https:\/\/www.meska.hu\/p4725714-tomor-fabol-keszult-karacsonyfadisz-hazasparoknak","favourite":false,"in_stock":false,"avatar":"MeDaLia_avatar_152433.jpg","delete_from":0,"is_enhanced_background":false,"is_enhanced":false,"product_selection_started":false,"is_active":true,"image_webp_url":"https:\/\/www.meska.hu\/img\/product\/small\/m\/e\/medalia_product_152433_211023190331_858362.webp"},{"id":"2401624","shop_id":"17901","user_id":"152433","shop_name":"MeDaLia","shop_zip":"7754","product_code":"4725715","product_name_old":null,"product_name":"T\u00f6m\u00f6r f\u00e1b\u00f3l k\u00e9sz\u00fclt kar\u00e1csonyfad\u00edsz tetsz\u0151leges bet\u0171 kiv\u00e1g\u00e1s\u00e1val, grav\u00edroz\u00e1ssal","category_string":"Kar\u00e1csony, Kar\u00e1csonyi lak\u00e1sdekor\u00e1ci\u00f3, Kar\u00e1csonyfad\u00edszek","technic_string":"Famegmunk\u00e1l\u00e1s, Grav\u00edroz\u00e1s, pirogr\u00e1fia","category_1":"319","category_2":"324","category_3":"323","category_4":"0","merged_category_1":null,"merged_category_2":null,"merged_category_3":null,"technic_1":"478","technic_2":"796","technic_3":"0","color_1":"514","color_2":"0","color_3":"0","product_description_old":null,"product_description":"Magass\u00e1ga: 8cm\nAnyaga: t\u00f6m\u00f6r fa 5mm\nSzalag: szat\u00e9n\n\nKezd\u0151bet\u0171s kar\u00e1csonyfad\u00edsz, kar\u00e1csonyi d\u00edsz keresztn\u00e9v grav\u00edroz\u00e1s\u00e1val\n\nKerek kar\u00e1csonyi d\u00edsz, mely kar\u00e1csonyf\u00e1ra illetve aj\u00e1nd\u00e9kk\u00eds\u00e9r\u0151nek is haszn\u00e1lhat\u00f3.\nEgy darab tetsz\u0151leges kezd\u0151bet\u0171t kiv\u00e1gunk a k\u00f6zep\u00e9b\u0151l \u00e9s a keresztn\u00e9vvel grav\u00edrozzuk, ett\u0151l lesz egyedi \u00e9s szem\u00e9lyre sz\u00f3l\u00f3.\n\nNat\u00far f\u00e1b\u00f3l k\u00e9sz\u00fcl.\n\nHa k\u00e9r\u00e9sed, k\u00e9rd\u00e9sed van keress nyugodtan!\n","price":"1790.00","unit":"db","recommended":"0","status":"1","sponsored":"0","exp_notify":"0","own_material":"0","own_material_description_old":null,"own_material_description":"","jury":"0","jury_number":"","product_nature":"","meskaracsony":"0","create_date":"2026-01-24 16:20:52","shelve_id":"50563","image":"medalia_product_152433_191025192353_110845.jpeg","image_width":"480","image_height":"480","image_alt":"T\u00f6m\u00f6r f\u00e1b\u00f3l k\u00e9sz\u00fclt kar\u00e1csonyfad\u00edsz tetsz\u0151leges bet\u0171 kiv\u00e1g\u00e1s\u00e1val, grav\u00edroz\u00e1ssal, Magass\u00e1ga: 8cm\\nAnyaga: t\u00f6m\u00f6r fa 5mm\\nSzalag: szat\u00e9n\\n\\nKezd\u0151bet\u0171s kar\u00e1csonyfad\u00edsz, kar\u00e1csonyi d\u00edsz kere..., Meska","image_title":"T\u00f6m\u00f6r f\u00e1b\u00f3l k\u00e9sz\u00fclt kar\u00e1csonyfad\u00edsz tetsz\u0151leges bet\u0171 kiv\u00e1g\u00e1s\u00e1val, grav\u00edroz\u00e1ssal, Meska","view_count":"1000","favourite_count":"0","trending_score":"0","last2MonthFavouriteCount":"0","promotion":"0","giftcard_accept":"1","creditcard_accept":true,"enhanced_background":"0","domain":"meska","specific_customer_id":null,"specific_customer_name":null,"to_order_product":"1","to_order_product_time":"10","product_different":"quite_different","product_different_description":"A kiv\u00e1gott bet\u0171","vintage":"0","vintage_category_id":"0","recycled":"0","gemstone_id":"0","customizable":"0","type_category":"physical","zerowaste":"0","postage_price":"1990.00","shop_order":"0","has_category":"1","landing_pages":null,"microdata":{"number":63,"category":""},"title":"T\u00f6m\u00f6r f\u00e1b\u00f3l k\u00e9sz\u00fclt kar\u00e1csonyfad\u00edsz tetsz\u0151leges bet\u0171 kiv\u00e1g\u00e1s\u00e1val, grav\u00edroz\u00e1ssal","description":"Magass\u00e1ga: 8cm\nAnyaga: t\u00f6m\u00f6r fa 5mm\nSzalag: szat\u00e9n\n\nKezd\u0151bet\u0171s kar\u00e1csonyfad\u00edsz, kar\u00e1csonyi d\u00edsz keresztn\u00e9v grav\u00edroz\u00e1s\u00e1val\n\nKerek kar\u00e1csonyi d\u00edsz, mely kar\u00e1csonyf\u00e1ra illetve aj\u00e1nd\u00e9kk\u00eds\u00e9r\u0151nek is haszn\u00e1lhat\u00f3.\nEgy darab tetsz\u0151leges kezd\u0151bet\u0171t kiv\u00e1gunk a k\u00f6zep\u00e9b\u0151l \u00e9s a keresztn\u00e9vvel grav\u00edrozzuk, ett\u0151l lesz egyedi \u00e9s szem\u00e9lyre sz\u00f3l\u00f3.\n\nNat\u00far f\u00e1b\u00f3l k\u00e9sz\u00fcl.\n\nHa k\u00e9r\u00e9sed, k\u00e9rd\u00e9sed van keress nyugodtan!\n","score":0,"formatted_price":"1 790 Ft","image_url":"https:\/\/www.meska.hu\/img\/product\/small\/m\/e\/medalia_product_152433_191025192353_110845.jpeg","formatted_url":"https:\/\/www.meska.hu\/p4725715-tomor-fabol-keszult-karacsonyfadisz-tetszoleges-betu-kivagasaval-gravirozassal","favourite":false,"in_stock":false,"avatar":"MeDaLia_avatar_152433.jpg","delete_from":0,"is_enhanced_background":false,"is_enhanced":false,"product_selection_started":false,"is_active":true,"image_webp_url":"https:\/\/www.meska.hu\/img\/product\/small\/m\/e\/medalia_product_152433_191025192353_110845.webp"},{"id":"6150905","shop_id":"30910","user_id":"392906","shop_name":"HtArt","shop_zip":"2060","product_code":"5756954","product_name_old":null,"product_name":"T\u00f6m\u00f6r nyuszi gyertya vir\u00e1gokkal ","category_string":"Otthon & \u00c9letm\u00f3d, Gyertya, illat, aroma, Gyertya","technic_string":"Gyertya-, m\u00e9csesk\u00e9sz\u00edt\u00e9s","category_1":"813","category_2":"415","category_3":"1388","category_4":"0","merged_category_1":null,"merged_category_2":null,"merged_category_3":null,"technic_1":"484","technic_2":"0","technic_3":"0","color_1":"568","color_2":"0","color_3":"0","product_description_old":null,"product_description":"M\u00e9hviasz gyertya \n\n61 gr","price":"850.00","unit":"db","recommended":"0","status":"1","sponsored":"0","exp_notify":"0","own_material":"0","own_material_description_old":null,"own_material_description":"","jury":"0","jury_number":"","product_nature":"","meskaracsony":"0","create_date":"2026-03-08 23:13:10","shelve_id":"0","image":"htart_product_392906_260308231053_788962.jpeg","image_width":"480","image_height":"480","image_alt":"T\u00f6m\u00f6r nyuszi gyertya vir\u00e1gokkal , M\u00e9hviasz gyertya \\n\\n61 gr, Meska","image_title":"T\u00f6m\u00f6r nyuszi gyertya vir\u00e1gokkal , Meska","view_count":"45","favourite_count":"0","trending_score":"0","last2MonthFavouriteCount":"0","promotion":"0","giftcard_accept":"1","creditcard_accept":true,"enhanced_background":"0","domain":"meska","specific_customer_id":null,"specific_customer_name":null,"to_order_product":"0","to_order_product_time":"0","product_different":null,"product_different_description":"","vintage":"0","vintage_category_id":"0","recycled":"0","gemstone_id":"0","customizable":"0","type_category":"physical","zerowaste":"0","postage_price":"1290.00","shop_order":"0","has_category":"1","landing_pages":null,"microdata":{"number":64,"category":""},"title":"T\u00f6m\u00f6r nyuszi gyertya vir\u00e1gokkal ","description":"M\u00e9hviasz gyertya \n\n61 gr","score":0,"formatted_price":"850 Ft","image_url":"https:\/\/www.meska.hu\/img\/product\/small\/h\/t\/htart_product_392906_260308231053_788962.jpeg","formatted_url":"https:\/\/www.meska.hu\/p5756954-tomor-nyuszi-gyertya-viragokkal","favourite":false,"in_stock":true,"avatar":"392906_avatar_1770133449.jpeg","delete_from":0,"is_enhanced_background":false,"is_enhanced":false,"product_selection_started":false,"is_active":true,"image_webp_url":"https:\/\/www.meska.hu\/img\/product\/small\/h\/t\/htart_product_392906_260308231053_788962.webp"},{"id":"3447339","shop_id":"17901","user_id":"152433","shop_name":"MeDaLia","shop_zip":"7754","product_code":"4302722","product_name_old":null,"product_name":"Az els\u0151 otthonunk p\u00e1ros t\u00f6m\u00f6rfa kulcstart\u00f3","category_string":"T\u00e1ska & Tok, Kulcstart\u00f3 & T\u00e1skad\u00edsz, Kulcstart\u00f3","technic_string":"Grav\u00edroz\u00e1s, pirogr\u00e1fia","category_1":"464","category_2":"390","category_3":"1037","category_4":"0","merged_category_1":"783","merged_category_2":"0","merged_category_3":"0","technic_1":"796","technic_2":"0","technic_3":"0","color_1":"514","color_2":"0","color_3":"0","product_description_old":null,"product_description":"Grav\u00edrozott fa p\u00e1ros kulcstart\u00f3k szerelmesp\u00e1roknak, h\u00e1zasp\u00e1roknak!\n\nAz \u00e1r egy p\u00e1r kulcstart\u00f3ra vonatkozik!\n\nVastags\u00e1g: 5 mm\n\nM\u00e9ret: kb. 4-5cm a h\u00e1z, kb. 3cm a sz\u00edv + a kulcstart\u00f3 alap vagy karika\n\nAnyaga: t\u00f6m\u00f6r cseresznyefa, f\u00e9m kulcstart\u00f3 alap vagy kulcskarika\n\nA k\u00e9pen l\u00e1that\u00f3 p\u00e1ros fa kulcstart\u00f3k sz\u00edv fel\u00e9re k\u00e9t nevet grav\u00edrozunk.\n\nHa k\u00e9rd\u00e9sed, egy\u00e9b elk\u00e9pzel\u00e9sed van, sz\u00edvesen v\u00e1laszolok!","price":"3990.00","unit":"p\u00e1r","recommended":"0","status":"1","sponsored":"0","exp_notify":"0","own_material":"0","own_material_description_old":null,"own_material_description":"","jury":"0","jury_number":"","product_nature":"","meskaracsony":"0","create_date":"2026-03-25 22:23:47","shelve_id":"58561","image":"medalia_product_152433_210928154225_039455.jpeg","image_width":"480","image_height":"480","image_alt":"Az els\u0151 otthonunk p\u00e1ros t\u00f6m\u00f6rfa kulcstart\u00f3, Grav\u00edrozott fa p\u00e1ros kulcstart\u00f3k szerelmesp\u00e1roknak, h\u00e1zasp\u00e1roknak!\\n\\nAz \u00e1r egy p\u00e1r kulcstart\u00f3ra vonat..., Meska","image_title":"Az els\u0151 otthonunk p\u00e1ros t\u00f6m\u00f6rfa kulcstart\u00f3, Meska","view_count":"2285","favourite_count":"0","trending_score":"0","last2MonthFavouriteCount":"0","promotion":"0","giftcard_accept":"1","creditcard_accept":true,"enhanced_background":"0","domain":"meska","specific_customer_id":null,"specific_customer_name":null,"to_order_product":"1","to_order_product_time":"10","product_different":"quite_different","product_different_description":"Elt\u00e9r\u00e9s a grav\u00edrozand\u00f3 sz\u00f6vegben lehet.","vintage":"0","vintage_category_id":"0","recycled":"0","gemstone_id":"0","customizable":"0","type_category":"physical","zerowaste":"0","postage_price":"1990.00","shop_order":"0","has_category":"1","landing_pages":null,"microdata":{"number":65,"category":""},"title":"Az els\u0151 otthonunk p\u00e1ros t\u00f6m\u00f6rfa kulcstart\u00f3","description":"Grav\u00edrozott fa p\u00e1ros kulcstart\u00f3k szerelmesp\u00e1roknak, h\u00e1zasp\u00e1roknak!\n\nAz \u00e1r egy p\u00e1r kulcstart\u00f3ra vonatkozik!\n\nVastags\u00e1g: 5 mm\n\nM\u00e9ret: kb. 4-5cm a h\u00e1z, kb. 3cm a sz\u00edv + a kulcstart\u00f3 alap vagy karika\n\nAnyaga: t\u00f6m\u00f6r cseresznyefa, f\u00e9m kulcstart\u00f3 alap vagy kulcskarika\n\nA k\u00e9pen l\u00e1that\u00f3 p\u00e1ros fa kulcstart\u00f3k sz\u00edv fel\u00e9re k\u00e9t nevet grav\u00edrozunk.\n\nHa k\u00e9rd\u00e9sed, egy\u00e9b elk\u00e9pzel\u00e9sed van, sz\u00edvesen v\u00e1laszolok!","score":0,"formatted_price":"3 990 Ft","image_url":"https:\/\/www.meska.hu\/img\/product\/small\/m\/e\/medalia_product_152433_210928154225_039455.jpeg","formatted_url":"https:\/\/www.meska.hu\/p4302722-az-elso-otthonunk-paros-tomorfa-kulcstarto","favourite":false,"in_stock":false,"avatar":"MeDaLia_avatar_152433.jpg","delete_from":0,"is_enhanced_background":false,"is_enhanced":false,"product_selection_started":false,"is_active":true,"image_webp_url":"https:\/\/www.meska.hu\/img\/product\/small\/m\/e\/medalia_product_152433_210928154225_039455.webp"},{"id":"3472962","shop_id":"10038","user_id":"56408","shop_name":"szemezgetek","shop_zip":"2120","product_code":"4553326","product_name_old":null,"product_name":"T\u00f6m\u00f6r di\u00f3fa \u00e9kszertart\u00f3 \u00e1llv\u00e1ny","category_string":"\u00c9kszer, \u00c9kszertart\u00f3, \u00c9kszertart\u00f3 \u00e1llv\u00e1ny","technic_string":"Famegmunk\u00e1l\u00e1s","category_1":"327","category_2":"565","category_3":"1209","category_4":"0","merged_category_1":"0","merged_category_2":"0","merged_category_3":"0","technic_1":"478","technic_2":"0","technic_3":"0","color_1":"514","color_2":"0","color_3":"0","product_description_old":null,"product_description":"Gy\u00f6ny\u00f6r\u0171 t\u00f3nus\u00fa, t\u00f6m\u00f6r, nat\u00far di\u00f3f\u00e1b\u00f3l k\u00e9sz\u00fclt \u00e9kszertart\u00f3 \u00e1llv\u00e1ny, a fel\u00fclet\u00e9t m\u00e9hviasszal kezeltem. Otthonodban az \u00f6sszes \u00e9kszeredet ki\u00e1ll\u00edthatod rajta, de \u00fczletben is j\u00f3l haszn\u00e1lhat\u00f3. Nyakl\u00e1ncok, kark\u00f6t\u0151k, 15 p\u00e1r f\u00fclbeval\u00f3, med\u00e1lok, gy\u0171r\u0171k bemutat\u00e1s\u00e1ra alkalmas.\nTalp\u00e1n filc korongok, \u00edgy k\u00e9nyes fel\u00fcletre is \u00e1ll\u00edthat\u00f3.\nM\u00e9retei : 38 x 40 x 22 cm.\nAz \u00e1llv\u00e1nyb\u00f3l t\u00f6bb darab van, \u00edgy a t\u00f3nusuk, mint\u00e1zatuk elt\u00e9r\u0151.\nAz \u00e1llv\u00e1ny megrendelhet\u0151 \u00fajrahasznos\u00edtott f\u00e1b\u00f3l, \u00e9s t\u00f6m\u00f6r cseresznye f\u00e1b\u00f3l is.\nN\u00e9zd meg a t\u00f6bbi term\u00e9kemet.\nA k\u00e9peken szerepl\u0151 \u00e9kszerek csak illusztr\u00e1ci\u00f3k, nem r\u00e9szei a term\u00e9knek.\n\n\n\n","price":"16900.00","unit":"db","recommended":"0","status":"1","sponsored":"0","exp_notify":"0","own_material":"0","own_material_description_old":null,"own_material_description":"","jury":"0","jury_number":"","product_nature":"","meskaracsony":"0","create_date":"2026-03-27 16:37:58","shelve_id":"62942","image":"szemezgetek_product_56408_201021201555_738137.jpeg","image_width":"480","image_height":"624","image_alt":"T\u00f6m\u00f6r di\u00f3fa \u00e9kszertart\u00f3 \u00e1llv\u00e1ny, Gy\u00f6ny\u00f6r\u0171 t\u00f3nus\u00fa, t\u00f6m\u00f6r, nat\u00far di\u00f3f\u00e1b\u00f3l k\u00e9sz\u00fclt \u00e9kszertart\u00f3 \u00e1llv\u00e1ny, a fel\u00fclet\u00e9t m\u00e9hviasszal kezeltem..., Meska","image_title":"T\u00f6m\u00f6r di\u00f3fa \u00e9kszertart\u00f3 \u00e1llv\u00e1ny, Meska","view_count":"4035","favourite_count":"0","trending_score":"0","last2MonthFavouriteCount":"0","promotion":"0","giftcard_accept":"1","creditcard_accept":false,"enhanced_background":"0","domain":"meska","specific_customer_id":null,"specific_customer_name":null,"to_order_product":"0","to_order_product_time":"0","product_different":null,"product_different_description":"","vintage":"0","vintage_category_id":"0","recycled":"0","gemstone_id":"0","customizable":"0","type_category":"physical","zerowaste":"0","postage_price":"1349.00","shop_order":"0","has_category":"1","landing_pages":null,"microdata":{"number":66,"category":""},"title":"T\u00f6m\u00f6r di\u00f3fa \u00e9kszertart\u00f3 \u00e1llv\u00e1ny","description":"Gy\u00f6ny\u00f6r\u0171 t\u00f3nus\u00fa, t\u00f6m\u00f6r, nat\u00far di\u00f3f\u00e1b\u00f3l k\u00e9sz\u00fclt \u00e9kszertart\u00f3 \u00e1llv\u00e1ny, a fel\u00fclet\u00e9t m\u00e9hviasszal kezeltem. Otthonodban az \u00f6sszes \u00e9kszeredet ki\u00e1ll\u00edthatod rajta, de \u00fczletben is j\u00f3l haszn\u00e1lhat\u00f3. Nyakl\u00e1ncok, kark\u00f6t\u0151k, 15 p\u00e1r f\u00fclbeval\u00f3, med\u00e1lok, gy\u0171r\u0171k bemutat\u00e1s\u00e1ra alkalmas.\nTalp\u00e1n filc korongok, \u00edgy k\u00e9nyes fel\u00fcletre is \u00e1ll\u00edthat\u00f3.\nM\u00e9retei : 38 x 40 x 22 cm.\nAz \u00e1llv\u00e1nyb\u00f3l t\u00f6bb darab van, \u00edgy a t\u00f3nusuk, mint\u00e1zatuk elt\u00e9r\u0151.\nAz \u00e1llv\u00e1ny megrendelhet\u0151 \u00fajrahasznos\u00edtott f\u00e1b\u00f3l, \u00e9s t\u00f6m\u00f6r cseresznye f\u00e1b\u00f3l is.\nN\u00e9zd meg a t\u00f6bbi term\u00e9kemet.\nA k\u00e9peken szerepl\u0151 \u00e9kszerek csak illusztr\u00e1ci\u00f3k, nem r\u00e9szei a term\u00e9knek.\n\n\n\n","score":0,"formatted_price":"16 900 Ft","image_url":"https:\/\/www.meska.hu\/img\/product\/small\/s\/z\/szemezgetek_product_56408_201021201555_738137.jpeg","formatted_url":"https:\/\/www.meska.hu\/p4553326-tomor-diofa-ekszertarto-allvany","favourite":false,"in_stock":true,"avatar":"szemezgetek_avatar_56408_1597604939.JPG","delete_from":0,"is_enhanced_background":false,"is_enhanced":false,"product_selection_started":false,"is_active":true,"image_webp_url":"https:\/\/www.meska.hu\/img\/product\/small\/s\/z\/szemezgetek_product_56408_201021201555_738137.webp"},{"id":"5040500","shop_id":"38412","user_id":"520869","shop_name":"MAkidsdesign","shop_zip":"2011","product_code":"5109476","product_name_old":null,"product_name":"B\u00e1r\u00e1nyos gyereksz\u00e9k","category_string":"Baba - mama, Babaszobab\u00fator, Gyerek sz\u00e9k, s\u00e1mli","technic_string":"Famegmunk\u00e1l\u00e1s, Festett t\u00e1rgyak","category_1":"1735","category_2":"1756","category_3":"1443","category_4":"0","merged_category_1":null,"merged_category_2":null,"merged_category_3":null,"technic_1":"478","technic_2":"481","technic_3":"0","color_1":"519","color_2":"527","color_3":"0","product_description_old":null,"product_description":"A gyerekeknek 1 \u00e9s 10 \u00e9ves kor k\u00f6z\u00f6tt minden j\u00e1t\u00e9k, mindent mes\u00e9n \u00e9s j\u00e1t\u00e9kon kereszt\u00fcl \u00e9lnek meg. \u00c1llatfigur\u00e1s kissz\u00e9keink a gyerekekre inspir\u00e1l\u00f3an hatnak.\nStabil, er\u0151s szerkezet\u0171 kissz\u00e9kek, melyek egy feln\u0151tt f\u00e9rfi s\u00faly\u00e1t is elb\u00edrj\u00e1k. T\u00f6m\u00f6rf\u00e1b\u00f3l k\u00e9sz\u00fclt, mint \u00f6sszes term\u00e9k\u00fcnk, gyerekbar\u00e1t fest\u00e9kkel, lakkozva a tart\u00f3ss\u00e1g \u00e9rdek\u00e9ben. Egyedi ig\u00e9nyeket is sz\u00edvesen teljes\u00edt\u00fcnk.\n\nM\u00e9retek:\nmagass\u00e1g: 29cm\n\u00e1tm\u00e9r\u0151: 28 cm\n\nAz elk\u00e9sz\u00edt\u00e9si id\u0151 a megrendel\u00e9sek sz\u00e1m\u00e1nak f\u00fcggv\u00e9ny\u00e9ben v\u00e1ltozhat.","price":"28000.00","unit":"db","recommended":"0","status":"1","sponsored":"0","exp_notify":"0","own_material":"0","own_material_description_old":null,"own_material_description":"","jury":"0","jury_number":"","product_nature":"","meskaracsony":"0","create_date":"2026-02-20 00:27:37","shelve_id":"0","image":"makidsdesign_product_520869_231023225611_897671.jpeg","image_width":"480","image_height":"641","image_alt":"B\u00e1r\u00e1nyos gyereksz\u00e9k, A gyerekeknek 1 \u00e9s 10 \u00e9ves kor k\u00f6z\u00f6tt minden j\u00e1t\u00e9k, mindent mes\u00e9n \u00e9s j\u00e1t\u00e9kon kereszt\u00fcl \u00e9lnek meg. \u00c1l..., Meska","image_title":"B\u00e1r\u00e1nyos gyereksz\u00e9k, Meska","view_count":"872","favourite_count":"0","trending_score":"0","last2MonthFavouriteCount":"0","promotion":"0","giftcard_accept":"0","creditcard_accept":false,"enhanced_background":"0","domain":"meska","specific_customer_id":null,"specific_customer_name":null,"to_order_product":"1","to_order_product_time":"15","product_different":null,"product_different_description":"","vintage":"0","vintage_category_id":"0","recycled":"0","gemstone_id":"0","customizable":"0","type_category":"physical","zerowaste":"0","postage_price":"2390.00","shop_order":"0","has_category":"1","landing_pages":null,"microdata":{"number":67,"category":""},"title":"B\u00e1r\u00e1nyos gyereksz\u00e9k","description":"A gyerekeknek 1 \u00e9s 10 \u00e9ves kor k\u00f6z\u00f6tt minden j\u00e1t\u00e9k, mindent mes\u00e9n \u00e9s j\u00e1t\u00e9kon kereszt\u00fcl \u00e9lnek meg. \u00c1llatfigur\u00e1s kissz\u00e9keink a gyerekekre inspir\u00e1l\u00f3an hatnak.\nStabil, er\u0151s szerkezet\u0171 kissz\u00e9kek, melyek egy feln\u0151tt f\u00e9rfi s\u00faly\u00e1t is elb\u00edrj\u00e1k. T\u00f6m\u00f6rf\u00e1b\u00f3l k\u00e9sz\u00fclt, mint \u00f6sszes term\u00e9k\u00fcnk, gyerekbar\u00e1t fest\u00e9kkel, lakkozva a tart\u00f3ss\u00e1g \u00e9rdek\u00e9ben. Egyedi ig\u00e9nyeket is sz\u00edvesen teljes\u00edt\u00fcnk.\n\nM\u00e9retek:\nmagass\u00e1g: 29cm\n\u00e1tm\u00e9r\u0151: 28 cm\n\nAz elk\u00e9sz\u00edt\u00e9si id\u0151 a megrendel\u00e9sek sz\u00e1m\u00e1nak f\u00fcggv\u00e9ny\u00e9ben v\u00e1ltozhat.","score":0,"formatted_price":"28 000 Ft","image_url":"https:\/\/www.meska.hu\/img\/product\/small\/m\/a\/makidsdesign_product_520869_231023225611_897671.jpeg","formatted_url":"https:\/\/www.meska.hu\/p5109476-baranyos-gyerekszek","favourite":false,"in_stock":false,"avatar":"MAkidsdesign_avatar_520869_1670285863.jpg","delete_from":0,"is_enhanced_background":false,"is_enhanced":false,"product_selection_started":false,"is_active":true,"image_webp_url":"https:\/\/www.meska.hu\/img\/product\/small\/m\/a\/makidsdesign_product_520869_231023225611_897671.webp"},{"id":"6140004","shop_id":"30461","user_id":"384014","shop_name":"Hanichtech","shop_zip":"8417","product_code":"5747549","product_name_old":null,"product_name":"Faragott inform\u00e1ci\u00f3s t\u00e1bla \u2013 t\u00f6m\u00f6r ak\u00e1cb\u00f3l k\u00e9sz\u00fclt egyedi t\u00e1bla","category_string":"Otthon & \u00c9letm\u00f3d, H\u00e1z & Kert, N\u00e9vt\u00e1bla","technic_string":"Famegmunk\u00e1l\u00e1s, Grav\u00edroz\u00e1s, pirogr\u00e1fia","category_1":"813","category_2":"897","category_3":"965","category_4":"0","merged_category_1":null,"merged_category_2":null,"merged_category_3":null,"technic_1":"478","technic_2":"796","technic_3":"0","color_1":"513","color_2":"0","color_3":"0","product_description_old":null,"product_description":"Ez a k\u00e9zzel faragott inform\u00e1ci\u00f3s t\u00e1bla a term\u00e9szetes fa sz\u00e9ps\u00e9g\u00e9t kiemelve k\u00e9sz\u00fcl. A massz\u00edv, vastag t\u00f6m\u00f6r ak\u00e1c pall\u00f3 karakteres megjelen\u00e9st ad.\n\nA felirat l\u00e9zergrav\u00edroz\u00e1ssal k\u00e9sz\u00fcl, \u00edgy a bet\u0171k r\u00e9szletgazdagok, j\u00f3l olvashat\u00f3k \u00e9s eleg\u00e1ns megjelen\u00e9st biztos\u00edtanak. A term\u00e9szetes faerezet minden darabot egyediv\u00e9 tesz, ez\u00e9rt nincs k\u00e9t teljesen azonos t\u00e1bla.\n\nEz a rusztikus fa inform\u00e1ci\u00f3st\u00e1bla ide\u00e1lis v\u00e1laszt\u00e1s lehet:\n\u2022 vend\u00e9gh\u00e1zakhoz\n\u2022 birtokokhoz \u00e9s tany\u00e1khoz\n\u2022 \u00e9ttermekhez \u00e9s panzi\u00f3khoz\n\u2022 falusi turizmushoz\n\u2022 rendezv\u00e9nyhelysz\u00ednekhez\n\u2022 parkokhoz vagy term\u00e9szetk\u00f6zeli helysz\u00ednekhez\n\nA t\u00e1bla id\u0151j\u00e1r\u00e1s\u00e1ll\u00f3 fel\u00fcletkezel\u00e9ssel k\u00e9sz\u00fcl, k\u00fclt\u00e9ri haszn\u00e1latra alkalmas.\n\nA mell\u00e9kelt k\u00e9p AI illusztr\u00e1ci\u00f3, minden darab egyedi rendel\u00e9sre k\u00e9sz\u00fcl, \u00edgy a term\u00e9szetes fa mint\u00e1zata \u00e9s a megjelen\u00e9s minden esetben k\u00fcl\u00f6nleges \u00e9s megism\u00e9telhetetlen.\n\nIg\u00e9ny eset\u00e9n egyedi m\u00e9retben \u00e9s egyedi felirattal is elk\u00e9sz\u00edthet\u0151. A megrendel\u00e9s sor\u00e1n egyeztetj\u00fck a bet\u0171t\u00edpust \u00e9s elrendez\u00e9st, hogy a v\u00e9geredm\u00e9ny t\u00f6k\u00e9letesen illeszkedjen a helysz\u00ednhez \u00e9s az elk\u00e9pzel\u00e9seidhez.\n\nM\u00e9retek\n\nT\u00e1bla:\n140\u2013150 \u00d7 25\u201335 \u00d7 5 cm\n(hossz \u00d7 sz\u00e9less\u00e9g \u00d7 vastags\u00e1g)\n\nTart\u00f3l\u00e1bak:\n250 cm hossz\u00faak\nebb\u0151l kb. 70\u201390 cm ker\u00fcl a f\u00f6ld al\u00e1, \u00edgy stabil r\u00f6gz\u00edt\u00e9st biztos\u00edtanak.\n\nSz\u00e1ll\u00edt\u00e1s \u00e9s \u00f6ssze\u00e1ll\u00edt\u00e1s:\nA term\u00e9k 3 elemb\u0151l \u00e1ll (t\u00e1bla + 2 l\u00e1b). A l\u00e1bakat a f\u00f6ldbe kell le\u00e1sni, majd a t\u00e1bl\u00e1t csavarokkal r\u00f6gz\u00edteni a tart\u00f3khoz. Az elemek k\u00fcl\u00f6n \u00e9rkeznek a megrendel\u0151h\u00f6z k\u00f6nnyebb mozgat\u00e1s, sz\u00e1ll\u00edt\u00e1s \u00e9s fel\u00e1ll\u00edt\u00e1s \u00e9rdek\u00e9ben. \nElk\u00e9sz\u00edt\u00e9si id\u0151: Kifizet\u00e9st\u0151l \u00e9s leegyeztetett felirat terv ut\u00e1n 3 h\u00e9t.\nH\u00e1zhozsz\u00e1ll\u00edt\u00e1s aj\u00e1nlat \u00fczenetben k\u00e9rhet\u0151!","price":"170000.00","unit":"db","recommended":"0","status":"1","sponsored":"0","exp_notify":"0","own_material":"0","own_material_description_old":null,"own_material_description":"","jury":"0","jury_number":"","product_nature":"","meskaracsony":"0","create_date":"2026-03-29 21:55:14","shelve_id":"0","image":"hanichtech_product_384014_260305191937_58771.png","image_width":"480","image_height":"320","image_alt":"Faragott inform\u00e1ci\u00f3s t\u00e1bla \u2013 t\u00f6m\u00f6r ak\u00e1cb\u00f3l k\u00e9sz\u00fclt egyedi t\u00e1bla, Ez a k\u00e9zzel faragott inform\u00e1ci\u00f3s t\u00e1bla a term\u00e9szetes fa sz\u00e9ps\u00e9g\u00e9t kiemelve k\u00e9sz\u00fcl. A massz\u00edv, vastag..., Meska","image_title":"Faragott inform\u00e1ci\u00f3s t\u00e1bla \u2013 t\u00f6m\u00f6r ak\u00e1cb\u00f3l k\u00e9sz\u00fclt egyedi t\u00e1bla, Meska","view_count":"46","favourite_count":"0","trending_score":"0","last2MonthFavouriteCount":"0","promotion":"0","giftcard_accept":"1","creditcard_accept":true,"enhanced_background":"0","domain":"meska","specific_customer_id":null,"specific_customer_name":null,"to_order_product":"1","to_order_product_time":"17","product_different":null,"product_different_description":"","vintage":"0","vintage_category_id":"0","recycled":"0","gemstone_id":"0","customizable":"1","type_category":"physical","zerowaste":"0","postage_price":"0.00","shop_order":"0","has_category":"1","landing_pages":null,"microdata":{"number":68,"category":""},"title":"Faragott inform\u00e1ci\u00f3s t\u00e1bla \u2013 t\u00f6m\u00f6r ak\u00e1cb\u00f3l k\u00e9sz\u00fclt egyedi t\u00e1bla","description":"Ez a k\u00e9zzel faragott inform\u00e1ci\u00f3s t\u00e1bla a term\u00e9szetes fa sz\u00e9ps\u00e9g\u00e9t kiemelve k\u00e9sz\u00fcl. A massz\u00edv, vastag t\u00f6m\u00f6r ak\u00e1c pall\u00f3 karakteres megjelen\u00e9st ad.\n\nA felirat l\u00e9zergrav\u00edroz\u00e1ssal k\u00e9sz\u00fcl, \u00edgy a bet\u0171k r\u00e9szletgazdagok, j\u00f3l olvashat\u00f3k \u00e9s eleg\u00e1ns megjelen\u00e9st biztos\u00edtanak. A term\u00e9szetes faerezet minden darabot egyediv\u00e9 tesz, ez\u00e9rt nincs k\u00e9t teljesen azonos t\u00e1bla.\n\nEz a rusztikus fa inform\u00e1ci\u00f3st\u00e1bla ide\u00e1lis v\u00e1laszt\u00e1s lehet:\n\u2022 vend\u00e9gh\u00e1zakhoz\n\u2022 birtokokhoz \u00e9s tany\u00e1khoz\n\u2022 \u00e9ttermekhez \u00e9s panzi\u00f3khoz\n\u2022 falusi turizmushoz\n\u2022 rendezv\u00e9nyhelysz\u00ednekhez\n\u2022 parkokhoz vagy term\u00e9szetk\u00f6zeli helysz\u00ednekhez\n\nA t\u00e1bla id\u0151j\u00e1r\u00e1s\u00e1ll\u00f3 fel\u00fcletkezel\u00e9ssel k\u00e9sz\u00fcl, k\u00fclt\u00e9ri haszn\u00e1latra alkalmas.\n\nA mell\u00e9kelt k\u00e9p AI illusztr\u00e1ci\u00f3, minden darab egyedi rendel\u00e9sre k\u00e9sz\u00fcl, \u00edgy a term\u00e9szetes fa mint\u00e1zata \u00e9s a megjelen\u00e9s minden esetben k\u00fcl\u00f6nleges \u00e9s megism\u00e9telhetetlen.\n\nIg\u00e9ny eset\u00e9n egyedi m\u00e9retben \u00e9s egyedi felirattal is elk\u00e9sz\u00edthet\u0151. A megrendel\u00e9s sor\u00e1n egyeztetj\u00fck a bet\u0171t\u00edpust \u00e9s elrendez\u00e9st, hogy a v\u00e9geredm\u00e9ny t\u00f6k\u00e9letesen illeszkedjen a helysz\u00ednhez \u00e9s az elk\u00e9pzel\u00e9seidhez.\n\nM\u00e9retek\n\nT\u00e1bla:\n140\u2013150 \u00d7 25\u201335 \u00d7 5 cm\n(hossz \u00d7 sz\u00e9less\u00e9g \u00d7 vastags\u00e1g)\n\nTart\u00f3l\u00e1bak:\n250 cm hossz\u00faak\nebb\u0151l kb. 70\u201390 cm ker\u00fcl a f\u00f6ld al\u00e1, \u00edgy stabil r\u00f6gz\u00edt\u00e9st biztos\u00edtanak.\n\nSz\u00e1ll\u00edt\u00e1s \u00e9s \u00f6ssze\u00e1ll\u00edt\u00e1s:\nA term\u00e9k 3 elemb\u0151l \u00e1ll (t\u00e1bla + 2 l\u00e1b). A l\u00e1bakat a f\u00f6ldbe kell le\u00e1sni, majd a t\u00e1bl\u00e1t csavarokkal r\u00f6gz\u00edteni a tart\u00f3khoz. Az elemek k\u00fcl\u00f6n \u00e9rkeznek a megrendel\u0151h\u00f6z k\u00f6nnyebb mozgat\u00e1s, sz\u00e1ll\u00edt\u00e1s \u00e9s fel\u00e1ll\u00edt\u00e1s \u00e9rdek\u00e9ben. \nElk\u00e9sz\u00edt\u00e9si id\u0151: Kifizet\u00e9st\u0151l \u00e9s leegyeztetett felirat terv ut\u00e1n 3 h\u00e9t.\nH\u00e1zhozsz\u00e1ll\u00edt\u00e1s aj\u00e1nlat \u00fczenetben k\u00e9rhet\u0151!","score":0,"formatted_price":"170 000 Ft","image_url":"https:\/\/www.meska.hu\/img\/product\/small\/h\/a\/hanichtech_product_384014_260305191937_58771.png","formatted_url":"https:\/\/www.meska.hu\/p5747549-faragott-informacios-tabla-tomor-akacbol-keszult-egyedi-tabla","favourite":false,"in_stock":false,"avatar":"384014_avatar_1695144053.jpeg","delete_from":0,"is_enhanced_background":false,"is_enhanced":false,"product_selection_started":false,"is_active":true,"image_webp_url":"https:\/\/www.meska.hu\/img\/product\/small\/h\/a\/hanichtech_product_384014_260305191937_58771.webp"},{"id":"4971243","shop_id":"42095","user_id":"597320","shop_name":"kisViragDekor","shop_zip":"9353","product_code":"5057021","product_name_old":null,"product_name":"Zsir\u00e1f puzzle","category_string":"Otthon & \u00c9letm\u00f3d, Dekorat\u00edv figur\u00e1k \u00e9s szobrok, Dekor\u00e1ci\u00f3","technic_string":"","category_1":"370","category_2":"314","category_3":"813","category_4":"0","merged_category_1":null,"merged_category_2":null,"merged_category_3":null,"technic_1":"0","technic_2":"0","technic_3":"0","color_1":"514","color_2":"526","color_3":"0","product_description_old":null,"product_description":"T\u00f6m\u00f6rfa puzzle baba bar\u00e1t fest\u00e9kkel festve\n\nM\u00e9retei: 17 cm x 6,5 cm x 2 cm","price":"3900.00","unit":"db","recommended":"0","status":"1","sponsored":"0","exp_notify":"0","own_material":"0","own_material_description_old":null,"own_material_description":"","jury":"0","jury_number":"","product_nature":"","meskaracsony":"0","create_date":"2026-03-30 23:00:41","shelve_id":"0","image":"kisviragdekor_product_597320_230914120746_43519.jpeg","image_width":"480","image_height":"640","image_alt":"Zsir\u00e1f puzzle, T\u00f6m\u00f6rfa puzzle baba bar\u00e1t fest\u00e9kkel festve\\n\\nM\u00e9retei: 17 cm x 6,5 cm x 2 cm, Meska","image_title":"Zsir\u00e1f puzzle, Meska","view_count":"857","favourite_count":"0","trending_score":"0","last2MonthFavouriteCount":"0","promotion":"0","giftcard_accept":"0","creditcard_accept":true,"enhanced_background":"0","domain":"meska","specific_customer_id":null,"specific_customer_name":null,"to_order_product":"1","to_order_product_time":"7","product_different":null,"product_different_description":"","vintage":"0","vintage_category_id":"0","recycled":"0","gemstone_id":"0","customizable":"0","type_category":"physical","zerowaste":"0","postage_price":"1290.00","shop_order":"0","has_category":"1","landing_pages":null,"microdata":{"number":69,"category":""},"title":"Zsir\u00e1f puzzle","description":"T\u00f6m\u00f6rfa puzzle baba bar\u00e1t fest\u00e9kkel festve\n\nM\u00e9retei: 17 cm x 6,5 cm x 2 cm","score":0,"formatted_price":"3 900 Ft","image_url":"https:\/\/www.meska.hu\/img\/product\/small\/k\/i\/kisviragdekor_product_597320_230914120746_43519.jpeg","formatted_url":"https:\/\/www.meska.hu\/p5057021-zsiraf-puzzle","favourite":false,"in_stock":false,"avatar":"597320_avatar_1692387635.jpeg","delete_from":0,"is_enhanced_background":false,"is_enhanced":false,"product_selection_started":false,"is_active":true,"image_webp_url":"https:\/\/www.meska.hu\/img\/product\/small\/k\/i\/kisviragdekor_product_597320_230914120746_43519.webp"},{"id":"5735065","shop_id":"28431","user_id":"350695","shop_name":"faajandekok","shop_zip":"5900","product_code":"5525551","product_name_old":null,"product_name":"h\u00e1zsz\u00e1mt\u00e1bla f\u00e1b\u00f3l faragva borosty\u00e1n mint\u00e1val","category_string":"Otthon & \u00c9letm\u00f3d, H\u00e1z & Kert, H\u00e1zsz\u00e1m","technic_string":"Famegmunk\u00e1l\u00e1s, Festett t\u00e1rgyak","category_1":"813","category_2":"897","category_3":"431","category_4":"0","merged_category_1":null,"merged_category_2":null,"merged_category_3":null,"technic_1":"478","technic_2":"481","technic_3":"0","color_1":"514","color_2":"0","color_3":"0","product_description_old":null,"product_description":"B\u00e1rmilyen sz\u00e1mmal \u00e9s utcan\u00e9vvel rendelhet\u0151!\n\nh\u00e1zsz\u00e1mt\u00e1bla f\u00e1b\u00f3l faragva borosty\u00e1n mint\u00e1val\n\nSzeretn\u00e9d, hogy k\u00f6nnyen megtal\u00e1ljanak?\nAkkor d\u00edsz\u00edtsd a h\u00e1zad ezzel a k\u00fcl\u00f6nleges h\u00e1zsz\u00e1mt\u00e1bl\u00e1val! \n\nNagyon tart\u00f3s, mert ak\u00e1cf\u00e1b\u00f3l faragott.\nApr\u00f3l\u00e9kosan megmunk\u00e1lt, m\u00edvesen d\u00edsz\u00edtett h\u00e1zsz\u00e1mt\u00e1bla borosty\u00e1n mint\u00e1val.\nEleg\u00e1ns megjelen\u00e9s\u00e9vel m\u00e9lt\u00f3 d\u00edsze lesz otthonodnak.\n\nMinden apr\u00f3 r\u00e9szletet egyeztet\u00fcnk. L\u00e1tv\u00e1nytervet k\u00e9sz\u00edt\u00fcnk \u00e9s k\u00fcld\u00fcnk.\nCsak ennek j\u00f3v\u00e1hagy\u00e1sa ut\u00e1n kezdj\u00fck a gy\u00e1rt\u00e1st.\n\nM\u00e9rete kb. 20 cm x 20 cm \u00e9s 2,4 cm vastag, amely kis m\u00e9rt\u00e9kben v\u00e1ltozhat a rendelkez\u00e9sre \u00e1ll\u00f3 alapanyag szerint.\n\nA h\u00e1zsz\u00e1mt\u00e1bl\u00e1t ak\u00e1cf\u00e1b\u00f3l k\u00e9sz\u00edtj\u00fck mar\u00e1ssal, farag\u00e1ssal, g\u00e9pi- \u00e9s k\u00e9zi megmunk\u00e1l\u00e1ssal.\nA fa erezete egyediv\u00e9, k\u00fcl\u00f6nlegess\u00e9 var\u00e1zsolja a h\u00e1zsz\u00e1mot, nem l\u00e9tezik bel\u0151le k\u00e9t egyforma.\n\nEgyedi \u00e9s megism\u00e9telhetetlen.\n\nA minta kialak\u00edt\u00e1sa ut\u00e1n tov\u00e1bb finom\u00edtunk a fa fel\u00fcleti szerkezet\u00e9n.\nEzt k\u00f6vet\u0151en k\u00e9zzel festj\u00fck, antikoljuk, ez is garant\u00e1lja az egyedis\u00e9g\u00e9t.\nAlapesetben furatokkal ell\u00e1tva k\u00e9sz\u00edtj\u00fck csavarozhat\u00f3 kivitelben,\nde k\u00e9rhet\u0151 furatok n\u00e9lk\u00fcl is.\n\nEz a h\u00e1zsz\u00e1mt\u00e1bla garant\u00e1ltan kiemelkedik a sablonos h\u00e1zsz\u00e1mok sor\u00e1b\u00f3l.\n\nA h\u00e1zsz\u00e1m egyedi megrendel\u00e9sre k\u00e9sz\u00fcl, kb. 4 munkanap hat\u00e1rid\u0151vel. \n\nA h\u00e1zsz\u00e1mt\u00e1bla javasolt felszerel\u00e9si helye a h\u00e1z fal\u00e1ra, ereszalja al\u00e1.\n\nH\u00e1zsz\u00e1mt\u00e1bl\u00e1inkat k\u00fclt\u00e9ri v\u00edz\u00e1ll\u00f3 \u00e9s UV \u00e1ll\u00f3 lakkal kezelj\u00fck. \nA t\u00e1bla hosszan tart\u00f3 sz\u00e9ps\u00e9g\u00e9nek meg\u0151rz\u00e9se \u00e9rdek\u00e9ben c\u00e9lszer\u0171 \u00e9vente egyszer \u00fajra lakkozni lehet\u0151s\u00e9g szerint \u0151sszel, k\u00fclt\u00e9ri v\u00edz\u00e1ll\u00f3 \u00e9s UV \u00e1ll\u00f3 lakkal.","price":"12900.00","unit":"db","recommended":"0","status":"1","sponsored":"0","exp_notify":"0","own_material":"0","own_material_description_old":null,"own_material_description":"","jury":"0","jury_number":"","product_nature":"","meskaracsony":"0","create_date":"2026-03-31 15:11:47","shelve_id":"79829","image":"faajandekok_product_350695_250316131609_986753.jpeg","image_width":"480","image_height":"480","image_alt":"h\u00e1zsz\u00e1mt\u00e1bla f\u00e1b\u00f3l faragva borosty\u00e1n mint\u00e1val, B\u00e1rmilyen sz\u00e1mmal \u00e9s utcan\u00e9vvel rendelhet\u0151!\\n\\nh\u00e1zsz\u00e1mt\u00e1bla f\u00e1b\u00f3l faragva borosty\u00e1n mint\u00e1val\\n\\nSzeretn\u00e9..., Meska","image_title":"h\u00e1zsz\u00e1mt\u00e1bla f\u00e1b\u00f3l faragva borosty\u00e1n mint\u00e1val, Meska","view_count":"537","favourite_count":"0","trending_score":"0","last2MonthFavouriteCount":"0","promotion":"0","giftcard_accept":"1","creditcard_accept":true,"enhanced_background":"0","domain":"meska","specific_customer_id":null,"specific_customer_name":null,"to_order_product":"1","to_order_product_time":"4","product_different":"quite_different","product_different_description":"Az \u00e1ltalunk k\u00e9sz\u00edtett term\u00e9kek egyediek.\n\u00c9ppen ez\u00e9rt az elk\u00e9sz\u00edtett darab elt\u00e9rhet \u00e1rnyalat\u00e1ban, a fa term\u00e9szetes mint\u00e1zat\u00e1ban a k\u00e9pen l\u00e9v\u0151t\u0151l.\nEtt\u0151l lesz \u00e9rt\u00e9kes \u00e9s megism\u00e9telhetetlen, k\u00fcl\u00f6nleges !","vintage":"0","vintage_category_id":"0","recycled":"0","gemstone_id":"0","customizable":"1","type_category":"physical","zerowaste":"0","postage_price":"1590.00","shop_order":"0","has_category":"1","landing_pages":null,"microdata":{"number":70,"category":""},"title":"h\u00e1zsz\u00e1mt\u00e1bla f\u00e1b\u00f3l faragva borosty\u00e1n mint\u00e1val","description":"B\u00e1rmilyen sz\u00e1mmal \u00e9s utcan\u00e9vvel rendelhet\u0151!\n\nh\u00e1zsz\u00e1mt\u00e1bla f\u00e1b\u00f3l faragva borosty\u00e1n mint\u00e1val\n\nSzeretn\u00e9d, hogy k\u00f6nnyen megtal\u00e1ljanak?\nAkkor d\u00edsz\u00edtsd a h\u00e1zad ezzel a k\u00fcl\u00f6nleges h\u00e1zsz\u00e1mt\u00e1bl\u00e1val! \n\nNagyon tart\u00f3s, mert ak\u00e1cf\u00e1b\u00f3l faragott.\nApr\u00f3l\u00e9kosan megmunk\u00e1lt, m\u00edvesen d\u00edsz\u00edtett h\u00e1zsz\u00e1mt\u00e1bla borosty\u00e1n mint\u00e1val.\nEleg\u00e1ns megjelen\u00e9s\u00e9vel m\u00e9lt\u00f3 d\u00edsze lesz otthonodnak.\n\nMinden apr\u00f3 r\u00e9szletet egyeztet\u00fcnk. L\u00e1tv\u00e1nytervet k\u00e9sz\u00edt\u00fcnk \u00e9s k\u00fcld\u00fcnk.\nCsak ennek j\u00f3v\u00e1hagy\u00e1sa ut\u00e1n kezdj\u00fck a gy\u00e1rt\u00e1st.\n\nM\u00e9rete kb. 20 cm x 20 cm \u00e9s 2,4 cm vastag, amely kis m\u00e9rt\u00e9kben v\u00e1ltozhat a rendelkez\u00e9sre \u00e1ll\u00f3 alapanyag szerint.\n\nA h\u00e1zsz\u00e1mt\u00e1bl\u00e1t ak\u00e1cf\u00e1b\u00f3l k\u00e9sz\u00edtj\u00fck mar\u00e1ssal, farag\u00e1ssal, g\u00e9pi- \u00e9s k\u00e9zi megmunk\u00e1l\u00e1ssal.\nA fa erezete egyediv\u00e9, k\u00fcl\u00f6nlegess\u00e9 var\u00e1zsolja a h\u00e1zsz\u00e1mot, nem l\u00e9tezik bel\u0151le k\u00e9t egyforma.\n\nEgyedi \u00e9s megism\u00e9telhetetlen.\n\nA minta kialak\u00edt\u00e1sa ut\u00e1n tov\u00e1bb finom\u00edtunk a fa fel\u00fcleti szerkezet\u00e9n.\nEzt k\u00f6vet\u0151en k\u00e9zzel festj\u00fck, antikoljuk, ez is garant\u00e1lja az egyedis\u00e9g\u00e9t.\nAlapesetben furatokkal ell\u00e1tva k\u00e9sz\u00edtj\u00fck csavarozhat\u00f3 kivitelben,\nde k\u00e9rhet\u0151 furatok n\u00e9lk\u00fcl is.\n\nEz a h\u00e1zsz\u00e1mt\u00e1bla garant\u00e1ltan kiemelkedik a sablonos h\u00e1zsz\u00e1mok sor\u00e1b\u00f3l.\n\nA h\u00e1zsz\u00e1m egyedi megrendel\u00e9sre k\u00e9sz\u00fcl, kb. 4 munkanap hat\u00e1rid\u0151vel. \n\nA h\u00e1zsz\u00e1mt\u00e1bla javasolt felszerel\u00e9si helye a h\u00e1z fal\u00e1ra, ereszalja al\u00e1.\n\nH\u00e1zsz\u00e1mt\u00e1bl\u00e1inkat k\u00fclt\u00e9ri v\u00edz\u00e1ll\u00f3 \u00e9s UV \u00e1ll\u00f3 lakkal kezelj\u00fck. \nA t\u00e1bla hosszan tart\u00f3 sz\u00e9ps\u00e9g\u00e9nek meg\u0151rz\u00e9se \u00e9rdek\u00e9ben c\u00e9lszer\u0171 \u00e9vente egyszer \u00fajra lakkozni lehet\u0151s\u00e9g szerint \u0151sszel, k\u00fclt\u00e9ri v\u00edz\u00e1ll\u00f3 \u00e9s UV \u00e1ll\u00f3 lakkal.","score":0,"formatted_price":"12 900 Ft","image_url":"https:\/\/www.meska.hu\/img\/product\/small\/f\/a\/faajandekok_product_350695_250316131609_986753.jpeg","formatted_url":"https:\/\/www.meska.hu\/p5525551-hazszamtabla-fabol-faragva-borostyan-mintaval","favourite":false,"in_stock":false,"avatar":"faajandekok_avatar_350695_1573510309.jpg","delete_from":0,"is_enhanced_background":false,"is_enhanced":false,"product_selection_started":false,"is_active":true,"image_webp_url":"https:\/\/www.meska.hu\/img\/product\/small\/f\/a\/faajandekok_product_350695_250316131609_986753.webp"},{"id":"5408302","shop_id":"34099","user_id":"443363","shop_name":"Existsdesign","shop_zip":"4002","product_code":"5324797","product_name_old":null,"product_name":"Rusztikus k\u00fclt\u00e9ri \u00e9tkez\u0151 asztal, t\u00f6m\u00f6rfa kerti \u00e9tkez\u0151 garnit\u00fara, di\u00f3 sz\u00ednben","category_string":"Otthon & \u00c9letm\u00f3d, B\u00fator, Asztal","technic_string":"Famegmunk\u00e1l\u00e1s","category_1":"813","category_2":"313","category_3":"558","category_4":"0","merged_category_1":null,"merged_category_2":null,"merged_category_3":null,"technic_1":"478","technic_2":"0","technic_3":"0","color_1":"514","color_2":"520","color_3":"0","product_description_old":null,"product_description":"Rusztikus gerend\u00e1kb\u00f3l \u00e9s pall\u00f3kb\u00f3l k\u00e9sz\u00fclt asztal padokkal, hossz\u00fas\u00e1ga 240 cm, sz\u00e9less\u00e9ge 90 cm, magass\u00e1ga 80 cm.\nMassz\u00edv \u00fcl\u0151fel\u00fclet, l\u00e1bak, ami a s\u00faly\u00e1n is \u00e9rezhet\u0151,  mivel t\u00f6bb mint 160 kg.\n\nRusztikus b\u00fatorok eset\u00e9ben sokszor gondot okoz a tiszt\u00edthat\u00f3s\u00e1g. Itt az utols\u00f3 r\u00e9teg egy matt lakk lett, \u00edgy meg\u0151rizte a fa a term\u00e9szetes erezet\u00e9t, viszont k\u00f6nnyen tiszt\u00edthat\u00f3 is.\n\nIg\u00e9ny szerint el tudom k\u00e9sz\u00edteni m\u00e1s m\u00e9retben, form\u00e1ban \u00e9s sz\u00ednben is. A k\u00e9pen l\u00e1that\u00f3 di\u00f3 sz\u00ednben k\u00e9sz\u00fclt, kicsit poros volt a k\u00e9p k\u00e9sz\u00edt\u00e9sekor, m\u00e9g aznap be kellet csomagolni \u00e9s feladni.\nK\u00fcl\u00f6n k\u00e9t pad \u00e9s az asztal j\u00f3val dr\u00e1g\u00e1bban j\u00f6nne ki, de igy egyben rendelve kedvezm\u00e9nyes \u00e1rat tudok adni. \n\n\u00dagy lett l\u00e9trehozva, hogy j\u00f3l csomagolhat\u00f3 legyen, igy fut\u00e1rszolg\u00e1lattal sz\u00e1ll\u00edthat\u00f3 b\u00e1rhova. A fut\u00e1rok seg\u00edtenek a lepakol\u00e1sban, behord\u00e1sban is, \u00f6sszeszerel\u00e9se pedig egyszer\u0171 csavarokkal t\u00f6rt\u00e9nik.\n\n","price":"258000.00","unit":"db","recommended":"0","status":"1","sponsored":"0","exp_notify":"0","own_material":"0","own_material_description_old":null,"own_material_description":"","jury":"0","jury_number":"","product_nature":"","meskaracsony":"0","create_date":"2026-03-09 00:18:10","shelve_id":"0","image":"existsdesign_product_443363_240716224043_474343.png","image_width":"480","image_height":"482","image_alt":"Rusztikus k\u00fclt\u00e9ri \u00e9tkez\u0151 asztal, t\u00f6m\u00f6rfa kerti \u00e9tkez\u0151 garnit\u00fara, di\u00f3 sz\u00ednben, Rusztikus gerend\u00e1kb\u00f3l \u00e9s pall\u00f3kb\u00f3l k\u00e9sz\u00fclt asztal padokkal, hossz\u00fas\u00e1ga 240 cm, sz\u00e9less\u00e9ge 90 cm, mag..., Meska","image_title":"Rusztikus k\u00fclt\u00e9ri \u00e9tkez\u0151 asztal, t\u00f6m\u00f6rfa kerti \u00e9tkez\u0151 garnit\u00fara, di\u00f3 sz\u00ednben, Meska","view_count":"1968","favourite_count":"0","trending_score":"0","last2MonthFavouriteCount":"0","promotion":"0","giftcard_accept":"0","creditcard_accept":true,"enhanced_background":"0","domain":"meska","specific_customer_id":null,"specific_customer_name":null,"to_order_product":"1","to_order_product_time":"30","product_different":"quite_different","product_different_description":"Enyh\u00e9n elt\u00e9rhet az \u00e1rnyalat, a fa erezete.","vintage":"0","vintage_category_id":"0","recycled":"0","gemstone_id":"0","customizable":"0","type_category":"physical","zerowaste":"0","postage_price":"34000.00","shop_order":"0","has_category":"1","landing_pages":null,"microdata":{"number":71,"category":""},"title":"Rusztikus k\u00fclt\u00e9ri \u00e9tkez\u0151 asztal, t\u00f6m\u00f6rfa kerti \u00e9tkez\u0151 garnit\u00fara, di\u00f3 sz\u00ednben","description":"Rusztikus gerend\u00e1kb\u00f3l \u00e9s pall\u00f3kb\u00f3l k\u00e9sz\u00fclt asztal padokkal, hossz\u00fas\u00e1ga 240 cm, sz\u00e9less\u00e9ge 90 cm, magass\u00e1ga 80 cm.\nMassz\u00edv \u00fcl\u0151fel\u00fclet, l\u00e1bak, ami a s\u00faly\u00e1n is \u00e9rezhet\u0151,  mivel t\u00f6bb mint 160 kg.\n\nRusztikus b\u00fatorok eset\u00e9ben sokszor gondot okoz a tiszt\u00edthat\u00f3s\u00e1g. Itt az utols\u00f3 r\u00e9teg egy matt lakk lett, \u00edgy meg\u0151rizte a fa a term\u00e9szetes erezet\u00e9t, viszont k\u00f6nnyen tiszt\u00edthat\u00f3 is.\n\nIg\u00e9ny szerint el tudom k\u00e9sz\u00edteni m\u00e1s m\u00e9retben, form\u00e1ban \u00e9s sz\u00ednben is. A k\u00e9pen l\u00e1that\u00f3 di\u00f3 sz\u00ednben k\u00e9sz\u00fclt, kicsit poros volt a k\u00e9p k\u00e9sz\u00edt\u00e9sekor, m\u00e9g aznap be kellet csomagolni \u00e9s feladni.\nK\u00fcl\u00f6n k\u00e9t pad \u00e9s az asztal j\u00f3val dr\u00e1g\u00e1bban j\u00f6nne ki, de igy egyben rendelve kedvezm\u00e9nyes \u00e1rat tudok adni. \n\n\u00dagy lett l\u00e9trehozva, hogy j\u00f3l csomagolhat\u00f3 legyen, igy fut\u00e1rszolg\u00e1lattal sz\u00e1ll\u00edthat\u00f3 b\u00e1rhova. A fut\u00e1rok seg\u00edtenek a lepakol\u00e1sban, behord\u00e1sban is, \u00f6sszeszerel\u00e9se pedig egyszer\u0171 csavarokkal t\u00f6rt\u00e9nik.\n\n","score":0,"formatted_price":"258 000 Ft","image_url":"https:\/\/www.meska.hu\/img\/product\/small\/e\/x\/existsdesign_product_443363_240716224043_474343.png","formatted_url":"https:\/\/www.meska.hu\/p5324797-nagy-rusztikus-terasz-ebedlo-asztal-gerenda-padokkal-kulteri-etkezo-garnitura","favourite":false,"in_stock":false,"avatar":"RRdesign_avatar_443363_1673113735.jpg","delete_from":0,"is_enhanced_background":false,"is_enhanced":false,"product_selection_started":false,"is_active":true,"image_webp_url":"https:\/\/www.meska.hu\/img\/product\/small\/e\/x\/existsdesign_product_443363_240716224043_474343.webp"},{"id":"5738338","shop_id":"34099","user_id":"443363","shop_name":"Existsdesign","shop_zip":"4002","product_code":"5527311","product_name_old":null,"product_name":"Rusztikus t\u00f6m\u00f6r feny\u0151 fa doh\u00e1nyz\u00f3asztal, design doh\u00e1nyz\u00f3 asztal, s\u00f6t\u00e9tbarna sz\u00ednben","category_string":"Otthon & \u00c9letm\u00f3d, B\u00fator, Asztal","technic_string":"Famegmunk\u00e1l\u00e1s","category_1":"813","category_2":"313","category_3":"558","category_4":"0","merged_category_1":null,"merged_category_2":null,"merged_category_3":null,"technic_1":"478","technic_2":"0","technic_3":"0","color_1":"514","color_2":"0","color_3":"0","product_description_old":null,"product_description":"Rusztikus pall\u00f3kb\u00f3l k\u00e9sz\u00fclt asztal, hossz\u00fas\u00e1ga 130, sz\u00e9less\u00e9ge 80 cm,  magass\u00e1ga 65 cm.\nMassz\u00edv, t\u00f6m\u00f6r anyagokb\u00f3l.\n\nRusztikus b\u00fatorok eset\u00e9ben sokszor gondot okoz a tiszt\u00edthat\u00f3s\u00e1g. Itt az utols\u00f3 r\u00e9teg egy matt lakk lett, \u00edgy meg\u0151rizte a fa a term\u00e9szetes erezet\u00e9t, viszont k\u00f6nnyen tiszt\u00edthat\u00f3 is.\n\nIg\u00e9ny szerint el tudom k\u00e9sz\u00edteni m\u00e1s m\u00e9retben, form\u00e1ban \u00e9s sz\u00ednben is. A k\u00e9pen l\u00e1that\u00f3 di\u00f3 sz\u00ednben k\u00e9sz\u00fclt.\n\nFut\u00e1rszolg\u00e1lattal sz\u00e1ll\u00edthat\u00f3 b\u00e1rhova. A fut\u00e1rok seg\u00edtenek a lepakol\u00e1sban, behord\u00e1sban. Egyben van sz\u00e1ll\u00edtva, csak a l\u00e1bait kell felfogni p\u00e1r csavarral.\n\n","price":"79000.00","unit":"db","recommended":"0","status":"1","sponsored":"0","exp_notify":"0","own_material":"0","own_material_description_old":null,"own_material_description":"","jury":"0","jury_number":"","product_nature":"","meskaracsony":"0","create_date":"2026-03-14 18:01:18","shelve_id":"0","image":"existsdesign_product_443363_240718195928_28976.jpeg","image_width":"480","image_height":"360","image_alt":"Rusztikus t\u00f6m\u00f6r feny\u0151 fa doh\u00e1nyz\u00f3asztal, design doh\u00e1nyz\u00f3 asztal, s\u00f6t\u00e9tbarna sz\u00ednben, Rusztikus pall\u00f3kb\u00f3l k\u00e9sz\u00fclt asztal, hossz\u00fas\u00e1ga 130, sz\u00e9less\u00e9ge 80 cm,  magass\u00e1ga 65 cm.\\nMassz\u00edv, t\u00f6m..., Meska","image_title":"Rusztikus t\u00f6m\u00f6r feny\u0151 fa doh\u00e1nyz\u00f3asztal, design doh\u00e1nyz\u00f3 asztal, s\u00f6t\u00e9tbarna sz\u00ednben, Meska","view_count":"551","favourite_count":"0","trending_score":"0","last2MonthFavouriteCount":"0","promotion":"0","giftcard_accept":"0","creditcard_accept":true,"enhanced_background":"0","domain":"meska","specific_customer_id":null,"specific_customer_name":null,"to_order_product":"1","to_order_product_time":"30","product_different":"quite_different","product_different_description":"Enyh\u00e9n elt\u00e9rhet az \u00e1rnyalat, a fa erezete.","vintage":"0","vintage_category_id":"0","recycled":"0","gemstone_id":"0","customizable":"0","type_category":"physical","zerowaste":"0","postage_price":"4790.00","shop_order":"0","has_category":"1","landing_pages":null,"microdata":{"number":72,"category":""},"title":"Rusztikus t\u00f6m\u00f6r feny\u0151 fa doh\u00e1nyz\u00f3asztal, design doh\u00e1nyz\u00f3 asztal, s\u00f6t\u00e9tbarna sz\u00ednben","description":"Rusztikus pall\u00f3kb\u00f3l k\u00e9sz\u00fclt asztal, hossz\u00fas\u00e1ga 130, sz\u00e9less\u00e9ge 80 cm,  magass\u00e1ga 65 cm.\nMassz\u00edv, t\u00f6m\u00f6r anyagokb\u00f3l.\n\nRusztikus b\u00fatorok eset\u00e9ben sokszor gondot okoz a tiszt\u00edthat\u00f3s\u00e1g. Itt az utols\u00f3 r\u00e9teg egy matt lakk lett, \u00edgy meg\u0151rizte a fa a term\u00e9szetes erezet\u00e9t, viszont k\u00f6nnyen tiszt\u00edthat\u00f3 is.\n\nIg\u00e9ny szerint el tudom k\u00e9sz\u00edteni m\u00e1s m\u00e9retben, form\u00e1ban \u00e9s sz\u00ednben is. A k\u00e9pen l\u00e1that\u00f3 di\u00f3 sz\u00ednben k\u00e9sz\u00fclt.\n\nFut\u00e1rszolg\u00e1lattal sz\u00e1ll\u00edthat\u00f3 b\u00e1rhova. A fut\u00e1rok seg\u00edtenek a lepakol\u00e1sban, behord\u00e1sban. Egyben van sz\u00e1ll\u00edtva, csak a l\u00e1bait kell felfogni p\u00e1r csavarral.\n\n","score":0,"formatted_price":"79 000 Ft","image_url":"https:\/\/www.meska.hu\/img\/product\/small\/e\/x\/existsdesign_product_443363_240718195928_28976.jpeg","formatted_url":"https:\/\/www.meska.hu\/p5527311-rusztikus-tomor-fenyo-fa-dohanyzoasztal-design-dohanyzo-asztal-sotetbarna-szinben","favourite":false,"in_stock":false,"avatar":"RRdesign_avatar_443363_1673113735.jpg","delete_from":0,"is_enhanced_background":false,"is_enhanced":false,"product_selection_started":false,"is_active":true,"image_webp_url":"https:\/\/www.meska.hu\/img\/product\/small\/e\/x\/existsdesign_product_443363_240718195928_28976.webp"},{"id":"5738352","shop_id":"34099","user_id":"443363","shop_name":"Existsdesign","shop_zip":"4002","product_code":"5527317","product_name_old":null,"product_name":"Rusztikus t\u00f6m\u00f6r feny\u0151 fa szekr\u00e9ny, design kom\u00f3d barna sz\u00ednben","category_string":"Otthon & \u00c9letm\u00f3d, B\u00fator, Szekr\u00e9ny","technic_string":"Famegmunk\u00e1l\u00e1s","category_1":"813","category_2":"313","category_3":"562","category_4":"0","merged_category_1":null,"merged_category_2":null,"merged_category_3":null,"technic_1":"478","technic_2":"0","technic_3":"0","color_1":"514","color_2":"0","color_3":"0","product_description_old":null,"product_description":"Rusztikus pall\u00f3kb\u00f3l k\u00e9sz\u00fclt szekr\u00e9ny, sz\u00e9less\u00e9ge 80 cm, magass\u00e1ga 100 cm, m\u00e9lys\u00e9ge 40 cm.\nMassz\u00edv, t\u00f6m\u00f6r anyagokb\u00f3l, ami a s\u00faly\u00e1n, hangj\u00e1n is \u00e9rezhet\u0151, mivel t\u00f6bb mint 50 kg.\nIde\u00e1lis lehet ruh\u00e1k t\u00e1rol\u00e1s\u00e1ra, dekor\u00e1ci\u00f3nak, szobai szekr\u00e9nynek.\n\nRusztikus b\u00fatorok eset\u00e9ben sokszor gondot okoz a tiszt\u00edthat\u00f3s\u00e1g. Itt az utols\u00f3 r\u00e9teg egy matt lakk lett, \u00edgy meg\u0151rizte a fa a term\u00e9szetes erezet\u00e9t, viszont k\u00f6nnyen tiszt\u00edthat\u00f3 is.\n\nIg\u00e9ny szerint el tudom k\u00e9sz\u00edteni m\u00e1s m\u00e9retben, form\u00e1ban \u00e9s sz\u00ednben is. A k\u00e9pen l\u00e1that\u00f3 di\u00f3 sz\u00ednben k\u00e9sz\u00fclt.\n\nFut\u00e1rszolg\u00e1lattal sz\u00e1ll\u00edthat\u00f3 b\u00e1rhova. A fut\u00e1rok seg\u00edtenek a lepakol\u00e1sban, behord\u00e1sban. Egyben van sz\u00e1ll\u00edtva, szerelni csak a foganty\u00fakat kell p\u00e1r kis csavarral. El\u0151leg fizet\u00e9s is megbesz\u00e9lhet\u0151.\n\n","price":"142000.00","unit":"db","recommended":"0","status":"1","sponsored":"0","exp_notify":"0","own_material":"0","own_material_description_old":null,"own_material_description":"","jury":"0","jury_number":"","product_nature":"","meskaracsony":"0","create_date":"2026-03-14 18:01:08","shelve_id":"0","image":"existsdesign_product_443363_240717194226_446854.png","image_width":"480","image_height":"563","image_alt":"Rusztikus t\u00f6m\u00f6r feny\u0151 fa szekr\u00e9ny, design kom\u00f3d barna sz\u00ednben, Rusztikus pall\u00f3kb\u00f3l k\u00e9sz\u00fclt szekr\u00e9ny, sz\u00e9less\u00e9ge 80 cm, magass\u00e1ga 100 cm, m\u00e9lys\u00e9ge 40 cm.\\nMassz\u00edv, t..., Meska","image_title":"Rusztikus t\u00f6m\u00f6r feny\u0151 fa szekr\u00e9ny, design kom\u00f3d barna sz\u00ednben, Meska","view_count":"564","favourite_count":"0","trending_score":"0","last2MonthFavouriteCount":"0","promotion":"0","giftcard_accept":"0","creditcard_accept":true,"enhanced_background":"0","domain":"meska","specific_customer_id":null,"specific_customer_name":null,"to_order_product":"1","to_order_product_time":"30","product_different":"quite_different","product_different_description":"Enyh\u00e9n elt\u00e9rhet az \u00e1rnyalat, a fa erezete.","vintage":"0","vintage_category_id":"0","recycled":"0","gemstone_id":"0","customizable":"0","type_category":"physical","zerowaste":"0","postage_price":"12400.00","shop_order":"0","has_category":"1","landing_pages":null,"microdata":{"number":73,"category":""},"title":"Rusztikus t\u00f6m\u00f6r feny\u0151 fa szekr\u00e9ny, design kom\u00f3d barna sz\u00ednben","description":"Rusztikus pall\u00f3kb\u00f3l k\u00e9sz\u00fclt szekr\u00e9ny, sz\u00e9less\u00e9ge 80 cm, magass\u00e1ga 100 cm, m\u00e9lys\u00e9ge 40 cm.\nMassz\u00edv, t\u00f6m\u00f6r anyagokb\u00f3l, ami a s\u00faly\u00e1n, hangj\u00e1n is \u00e9rezhet\u0151, mivel t\u00f6bb mint 50 kg.\nIde\u00e1lis lehet ruh\u00e1k t\u00e1rol\u00e1s\u00e1ra, dekor\u00e1ci\u00f3nak, szobai szekr\u00e9nynek.\n\nRusztikus b\u00fatorok eset\u00e9ben sokszor gondot okoz a tiszt\u00edthat\u00f3s\u00e1g. Itt az utols\u00f3 r\u00e9teg egy matt lakk lett, \u00edgy meg\u0151rizte a fa a term\u00e9szetes erezet\u00e9t, viszont k\u00f6nnyen tiszt\u00edthat\u00f3 is.\n\nIg\u00e9ny szerint el tudom k\u00e9sz\u00edteni m\u00e1s m\u00e9retben, form\u00e1ban \u00e9s sz\u00ednben is. A k\u00e9pen l\u00e1that\u00f3 di\u00f3 sz\u00ednben k\u00e9sz\u00fclt.\n\nFut\u00e1rszolg\u00e1lattal sz\u00e1ll\u00edthat\u00f3 b\u00e1rhova. A fut\u00e1rok seg\u00edtenek a lepakol\u00e1sban, behord\u00e1sban. Egyben van sz\u00e1ll\u00edtva, szerelni csak a foganty\u00fakat kell p\u00e1r kis csavarral. El\u0151leg fizet\u00e9s is megbesz\u00e9lhet\u0151.\n\n","score":0,"formatted_price":"142 000 Ft","image_url":"https:\/\/www.meska.hu\/img\/product\/small\/e\/x\/existsdesign_product_443363_240717194226_446854.png","formatted_url":"https:\/\/www.meska.hu\/p5527317-rusztikus-tomor-fenyo-fa-szekreny-design-komod-barna-szinben","favourite":false,"in_stock":false,"avatar":"RRdesign_avatar_443363_1673113735.jpg","delete_from":0,"is_enhanced_background":false,"is_enhanced":false,"product_selection_started":false,"is_active":true,"image_webp_url":"https:\/\/www.meska.hu\/img\/product\/small\/e\/x\/existsdesign_product_443363_240717194226_446854.webp"},{"id":"4593246","shop_id":"34099","user_id":"443363","shop_name":"Existsdesign","shop_zip":"4002","product_code":"4839617","product_name_old":null,"product_name":"Rusztikus k\u00fclt\u00e9ri \u00e9tkez\u0151 asztal, t\u00f6m\u00f6rfa kerti eb\u00e9dl\u0151asztal feny\u0151b\u0151l, barna sz\u00ednben","category_string":"Otthon & \u00c9letm\u00f3d, B\u00fator, Asztal","technic_string":"Famegmunk\u00e1l\u00e1s","category_1":"813","category_2":"313","category_3":"558","category_4":"0","merged_category_1":"0","merged_category_2":"0","merged_category_3":"785","technic_1":"478","technic_2":"0","technic_3":"0","color_1":"514","color_2":"520","color_3":"0","product_description_old":null,"product_description":"Rusztikus gerend\u00e1kb\u00f3l \u00e9s pall\u00f3kb\u00f3l k\u00e9sz\u00fclt asztal, hossz\u00fas\u00e1ga 180 cm, sz\u00e9less\u00e9ge 90 cm, magass\u00e1ga 80 cm.\n\nRusztikus b\u00fatorok eset\u00e9ben sokszor gondot okoz a tisztihat\u00f3s\u00e1g. Itt az utols\u00f3 r\u00e9teg egy matt lakk lett, \u00edgy meg\u0151rizte a fa a term\u00e9szetes erezet\u00e9t, viszont k\u00f6nnyen tiszt\u00edthat\u00f3 is.\n\nIg\u00e9ny szerint el tudom k\u00e9sz\u00edteni m\u00e1s m\u00e9retekben \u00e9s sz\u00ednekben is. A k\u00e9pen l\u00e1that\u00f3 di\u00f3 sz\u00ednben k\u00e9sz\u00fclt.\n\n","price":"148000.00","unit":"db","recommended":"0","status":"1","sponsored":"0","exp_notify":"0","own_material":"0","own_material_description_old":null,"own_material_description":"","jury":"0","jury_number":"","product_nature":"","meskaracsony":"0","create_date":"2026-03-06 23:05:34","shelve_id":"0","image":"rrdesign_product_443363_221122182826_989184.jpeg","image_width":"480","image_height":"640","image_alt":"Rusztikus k\u00fclt\u00e9ri \u00e9tkez\u0151 asztal, t\u00f6m\u00f6rfa kerti eb\u00e9dl\u0151asztal feny\u0151b\u0151l, barna sz\u00ednben, Rusztikus gerend\u00e1kb\u00f3l \u00e9s pall\u00f3kb\u00f3l k\u00e9sz\u00fclt asztal, hossz\u00fas\u00e1ga 180 cm, sz\u00e9less\u00e9ge 90 cm, magass\u00e1ga 80..., Meska","image_title":"Rusztikus k\u00fclt\u00e9ri \u00e9tkez\u0151 asztal, t\u00f6m\u00f6rfa kerti eb\u00e9dl\u0151asztal feny\u0151b\u0151l, barna sz\u00ednben, Meska","view_count":"5741","favourite_count":"0","trending_score":"0","last2MonthFavouriteCount":"0","promotion":"0","giftcard_accept":"0","creditcard_accept":true,"enhanced_background":"0","domain":"meska","specific_customer_id":null,"specific_customer_name":null,"to_order_product":"1","to_order_product_time":"30","product_different":"quite_different","product_different_description":"Enyh\u00e9n elt\u00e9rhet az \u00e1rnyalat, a fa erezete.","vintage":"0","vintage_category_id":"0","recycled":"0","gemstone_id":"0","customizable":"0","type_category":"physical","zerowaste":"0","postage_price":"15800.00","shop_order":"0","has_category":"1","landing_pages":null,"microdata":{"number":74,"category":""},"title":"Rusztikus k\u00fclt\u00e9ri \u00e9tkez\u0151 asztal, t\u00f6m\u00f6rfa kerti eb\u00e9dl\u0151asztal feny\u0151b\u0151l, barna sz\u00ednben","description":"Rusztikus gerend\u00e1kb\u00f3l \u00e9s pall\u00f3kb\u00f3l k\u00e9sz\u00fclt asztal, hossz\u00fas\u00e1ga 180 cm, sz\u00e9less\u00e9ge 90 cm, magass\u00e1ga 80 cm.\n\nRusztikus b\u00fatorok eset\u00e9ben sokszor gondot okoz a tisztihat\u00f3s\u00e1g. Itt az utols\u00f3 r\u00e9teg egy matt lakk lett, \u00edgy meg\u0151rizte a fa a term\u00e9szetes erezet\u00e9t, viszont k\u00f6nnyen tiszt\u00edthat\u00f3 is.\n\nIg\u00e9ny szerint el tudom k\u00e9sz\u00edteni m\u00e1s m\u00e9retekben \u00e9s sz\u00ednekben is. A k\u00e9pen l\u00e1that\u00f3 di\u00f3 sz\u00ednben k\u00e9sz\u00fclt.\n\n","score":0,"formatted_price":"148 000 Ft","image_url":"https:\/\/www.meska.hu\/img\/product\/small\/r\/r\/rrdesign_product_443363_221122182826_989184.jpeg","formatted_url":"https:\/\/www.meska.hu\/p4839617-nagy-rusztikus-terasz-ebedlo-asztal-kulteri-etkezo-asztal-ujrafelhasznalt-gerenda-vintage","favourite":false,"in_stock":false,"avatar":"RRdesign_avatar_443363_1673113735.jpg","delete_from":0,"is_enhanced_background":false,"is_enhanced":false,"product_selection_started":false,"is_active":true,"image_webp_url":"https:\/\/www.meska.hu\/img\/product\/small\/r\/r\/rrdesign_product_443363_221122182826_989184.webp"},{"id":"5837476","shop_id":"34099","user_id":"443363","shop_name":"Existsdesign","shop_zip":"4002","product_code":"5574448","product_name_old":null,"product_name":"Rusztikus k\u00fclt\u00e9ri \u00e9tkez\u0151 asztal, t\u00f6m\u00f6rfa kerti eb\u00e9dl\u0151asztal feny\u0151b\u0151l, barna sz\u00ednben, 3m","category_string":"Otthon & \u00c9letm\u00f3d, B\u00fator, Asztal","technic_string":"Famegmunk\u00e1l\u00e1s","category_1":"813","category_2":"313","category_3":"558","category_4":"0","merged_category_1":null,"merged_category_2":null,"merged_category_3":null,"technic_1":"478","technic_2":"0","technic_3":"0","color_1":"514","color_2":"0","color_3":"0","product_description_old":null,"product_description":"Rusztikus gerend\u00e1kb\u00f3l \u00e9s pall\u00f3kb\u00f3l k\u00e9sz\u00fclt asztal, hossz\u00fas\u00e1ga 300 cm, sz\u00e9less\u00e9ge 90 cm, magass\u00e1ga 80 cm.\n\nRusztikus b\u00fatorok eset\u00e9ben sokszor gondot okoz a tisztihat\u00f3s\u00e1g. Itt az utols\u00f3 r\u00e9teg egy matt lakk lett, \u00edgy meg\u0151rizte a fa a term\u00e9szetes erezet\u00e9t, viszont k\u00f6nnyen tiszt\u00edthat\u00f3 is.\n\nIg\u00e9ny szerint el tudom k\u00e9sz\u00edteni m\u00e1s m\u00e9retekben \u00e9s sz\u00ednekben is. A k\u00e9pen l\u00e1that\u00f3 \u00e9rett t\u00f6lgy sz\u00edn\u0171. Ez a term\u00e9k egy\u00e9bk\u00e9nt 2,5 m\u00e9teres v\u00e1ltozatban is fel van t\u00f6ltve, m\u00e1s f\u00e9nyek mellett k\u00e9sz\u00fclt fot\u00f3kkal.\nEl\u0151leg fizet\u00e9s is megbesz\u00e9lhet\u0151.\n\nFut\u00e1rszolg\u00e1lattal is kik\u00fcldhet\u0151, ak\u00e1r a rendeltet\u00e9si helyig is bevihetik.\n\n","price":"210000.00","unit":"db","recommended":"0","status":"1","sponsored":"0","exp_notify":"0","own_material":"0","own_material_description_old":null,"own_material_description":"","jury":"0","jury_number":"","product_nature":"","meskaracsony":"0","create_date":"2026-02-17 18:13:28","shelve_id":"0","image":"existsdesign_product_443363_250622172742_478526.jpeg","image_width":"480","image_height":"359","image_alt":"Rusztikus k\u00fclt\u00e9ri \u00e9tkez\u0151 asztal, t\u00f6m\u00f6rfa kerti eb\u00e9dl\u0151asztal feny\u0151b\u0151l, barna sz\u00ednben, 3m, Rusztikus gerend\u00e1kb\u00f3l \u00e9s pall\u00f3kb\u00f3l k\u00e9sz\u00fclt asztal, hossz\u00fas\u00e1ga 300 cm, sz\u00e9less\u00e9ge 90 cm, magass\u00e1ga 80..., Meska","image_title":"Rusztikus k\u00fclt\u00e9ri \u00e9tkez\u0151 asztal, t\u00f6m\u00f6rfa kerti eb\u00e9dl\u0151asztal feny\u0151b\u0151l, barna sz\u00ednben, 3m, Meska","view_count":"281","favourite_count":"0","trending_score":"0","last2MonthFavouriteCount":"0","promotion":"0","giftcard_accept":"0","creditcard_accept":true,"enhanced_background":"0","domain":"meska","specific_customer_id":null,"specific_customer_name":null,"to_order_product":"1","to_order_product_time":"30","product_different":"quite_different","product_different_description":"Enyh\u00e9n elt\u00e9rhet az \u00e1rnyalat, a fa erezete.","vintage":"0","vintage_category_id":"0","recycled":"0","gemstone_id":"0","customizable":"0","type_category":"physical","zerowaste":"0","postage_price":"17000.00","shop_order":"0","has_category":"1","landing_pages":null,"microdata":{"number":75,"category":""},"title":"Rusztikus k\u00fclt\u00e9ri \u00e9tkez\u0151 asztal, t\u00f6m\u00f6rfa kerti eb\u00e9dl\u0151asztal feny\u0151b\u0151l, barna sz\u00ednben, 3m","description":"Rusztikus gerend\u00e1kb\u00f3l \u00e9s pall\u00f3kb\u00f3l k\u00e9sz\u00fclt asztal, hossz\u00fas\u00e1ga 300 cm, sz\u00e9less\u00e9ge 90 cm, magass\u00e1ga 80 cm.\n\nRusztikus b\u00fatorok eset\u00e9ben sokszor gondot okoz a tisztihat\u00f3s\u00e1g. Itt az utols\u00f3 r\u00e9teg egy matt lakk lett, \u00edgy meg\u0151rizte a fa a term\u00e9szetes erezet\u00e9t, viszont k\u00f6nnyen tiszt\u00edthat\u00f3 is.\n\nIg\u00e9ny szerint el tudom k\u00e9sz\u00edteni m\u00e1s m\u00e9retekben \u00e9s sz\u00ednekben is. A k\u00e9pen l\u00e1that\u00f3 \u00e9rett t\u00f6lgy sz\u00edn\u0171. Ez a term\u00e9k egy\u00e9bk\u00e9nt 2,5 m\u00e9teres v\u00e1ltozatban is fel van t\u00f6ltve, m\u00e1s f\u00e9nyek mellett k\u00e9sz\u00fclt fot\u00f3kkal.\nEl\u0151leg fizet\u00e9s is megbesz\u00e9lhet\u0151.\n\nFut\u00e1rszolg\u00e1lattal is kik\u00fcldhet\u0151, ak\u00e1r a rendeltet\u00e9si helyig is bevihetik.\n\n","score":0,"formatted_price":"210 000 Ft","image_url":"https:\/\/www.meska.hu\/img\/product\/small\/e\/x\/existsdesign_product_443363_250622172742_478526.jpeg","formatted_url":"https:\/\/www.meska.hu\/p5574448-rusztikus-kulteri-etkezo-asztal-tomorfa-kerti-ebedloasztal-fenyobol-barna-szinben-3m","favourite":false,"in_stock":false,"avatar":"RRdesign_avatar_443363_1673113735.jpg","delete_from":0,"is_enhanced_background":false,"is_enhanced":false,"product_selection_started":false,"is_active":true,"image_webp_url":"https:\/\/www.meska.hu\/img\/product\/small\/e\/x\/existsdesign_product_443363_250622172742_478526.webp"},{"id":"5931686","shop_id":"34099","user_id":"443363","shop_name":"Existsdesign","shop_zip":"4002","product_code":"5625777","product_name_old":null,"product_name":"Rusztikus, k\u00fclt\u00e9ri, kerek \u00e9tkez\u0151 asztal, t\u00f6m\u00f6rfa kerti eb\u00e9dl\u0151asztal feny\u0151b\u0151l, barna sz\u00ednben, 160 cm \u00e1tm\u00e9r\u0151vel","category_string":"Otthon & \u00c9letm\u00f3d, B\u00fator, Asztal","technic_string":"Famegmunk\u00e1l\u00e1s","category_1":"813","category_2":"313","category_3":"558","category_4":"0","merged_category_1":null,"merged_category_2":null,"merged_category_3":null,"technic_1":"478","technic_2":"0","technic_3":"0","color_1":"514","color_2":"0","color_3":"0","product_description_old":null,"product_description":"Egy \u00e1ggyal sokszor akadnak gondok, pl. reped\u00e9sek jelennek meg, kilazulnak a csavarok, meghajlanak a matractart\u00f3 deszk\u00e1k stb. Ez az\u00e9rt is van, mivel k\u00e9t feln\u0151tt s\u00falya k\u00f6nnyen lehet 180-200 kg is, \u00e9s ezt a s\u00falyt \u00e9veken kereszt\u00fcl csak egy nagyon er\u0151s v\u00e1z tudja megtartani.\nEz a forma eredetileg egy kiad\u00f3 lak\u00e1sba lett tervezve, ahol random emberek haszn\u00e1lj\u00e1k, \u00e9s a tulajok m\u00e1r belefutottak hasonl\u00f3 gondokba, nem szerett\u00e9k volna, ha ilyen t\u00f6bbet el\u0151fordul.\n\nVastag pall\u00f3kb\u00f3l \u00e9s gerend\u00e1kb\u00f3l k\u00e9sz\u00fclt, massz\u00edv, nagy csavarokkal is meg van er\u0151s\u00edtve, ami a s\u00faly\u00e1n is \u00e9rezhet\u0151, mivel t\u00f6bb mint 70 kg. Ak\u00e1r egy \u00e9letre sz\u00f3l\u00f3 darab is lehet, ami b\u00edrja a gy\u0171r\u0151d\u00e9seket.\n\nM\u00e9retei: 220 cm hossz\u00fas\u00e1g, 160 cm sz\u00e9less\u00e9g, 70 cm magass\u00e1g. 140x200-as matrac befogad\u00e1s\u00e1ra alkalmas.\nAz \u00e1gyr\u00e1cs a sz\u00e1ll\u00edthat\u00f3s\u00e1g miatt egy szalaggal van \u00f6sszefogva, viszont csavarokkal is r\u00f6gz\u00edthet\u0151 a kerethez, igy m\u00e9g er\u0151sebben tart az eg\u00e9sz v\u00e1z. Ez nem lett lekezelve sem, hogy l\u00e9g\u00e1tereszt\u0151 legyen \u00e9s j\u00f3l szell\u0151z\u0151n a matrac alatt.\n\nRusztikus b\u00fatorok eset\u00e9ben sokszor gondot okoz a tiszt\u00edthat\u00f3s\u00e1g. Itt az utols\u00f3 r\u00e9teg egy matt lakk lett, \u00edgy meg\u0151rizte a fa a term\u00e9szetes erezet\u00e9t, viszont k\u00f6nnyen tiszt\u00edthat\u00f3 is.\n\n\nIg\u00e9ny szerint el tudom k\u00e9sz\u00edteni m\u00e1s m\u00e9retben, form\u00e1ban \u00e9s sz\u00ednben is. A k\u00e9pen l\u00e1that\u00f3 di\u00f3 sz\u00ednben k\u00e9sz\u00fclt. Matractart\u00f3 n\u00e9lk\u00fcl is k\u00e9rhet\u0151.\n\n\u00dagy lett l\u00e9trehozva, hogy j\u00f3l csomagolhat\u00f3 legyen, igy fut\u00e1rszolg\u00e1lattal sz\u00e1ll\u00edthat\u00f3 b\u00e1rhova. A fut\u00e1rok seg\u00edtenek a lepakol\u00e1sban, behord\u00e1sban is, \u00f6sszeszerel\u00e9se pedig egyszer\u0171 csavarokkal t\u00f6rt\u00e9nik.\nEl\u0151leg fizet\u00e9s is megbesz\u00e9lhet\u0151.","price":"153000.00","unit":"db","recommended":"0","status":"1","sponsored":"0","exp_notify":"0","own_material":"0","own_material_description_old":null,"own_material_description":"","jury":"0","jury_number":"","product_nature":"","meskaracsony":"0","create_date":"2026-01-28 19:46:24","shelve_id":"0","image":"existsdesign_product_443363_250930192745_450593.jpeg","image_width":"480","image_height":"637","image_alt":"Rusztikus, k\u00fclt\u00e9ri, kerek \u00e9tkez\u0151 asztal, t\u00f6m\u00f6rfa kerti eb\u00e9dl\u0151asztal feny\u0151b\u0151l, barna sz\u00ednben, 160 cm \u00e1tm\u00e9r\u0151vel, Egy \u00e1ggyal sokszor akadnak gondok, pl. reped\u00e9sek jelennek meg, kilazulnak a csavarok, meghajlanak a ..., Meska","image_title":"Rusztikus, k\u00fclt\u00e9ri, kerek \u00e9tkez\u0151 asztal, t\u00f6m\u00f6rfa kerti eb\u00e9dl\u0151asztal feny\u0151b\u0151l, barna sz\u00ednben, 160 cm \u00e1tm\u00e9r\u0151vel, Meska","view_count":"195","favourite_count":"0","trending_score":"0","last2MonthFavouriteCount":"0","promotion":"0","giftcard_accept":"0","creditcard_accept":true,"enhanced_background":"0","domain":"meska","specific_customer_id":null,"specific_customer_name":null,"to_order_product":"1","to_order_product_time":"30","product_different":"quite_different","product_different_description":"Enyh\u00e9n elt\u00e9rhet az \u00e1rnyalat, a fa erezete.","vintage":"0","vintage_category_id":"0","recycled":"0","gemstone_id":"0","customizable":"0","type_category":"physical","zerowaste":"0","postage_price":"17000.00","shop_order":"0","has_category":"1","landing_pages":null,"microdata":{"number":76,"category":""},"title":"Rusztikus, k\u00fclt\u00e9ri, kerek \u00e9tkez\u0151 asztal, t\u00f6m\u00f6rfa kerti eb\u00e9dl\u0151asztal feny\u0151b\u0151l, barna sz\u00ednben, 160 cm \u00e1tm\u00e9r\u0151vel","description":"Egy \u00e1ggyal sokszor akadnak gondok, pl. reped\u00e9sek jelennek meg, kilazulnak a csavarok, meghajlanak a matractart\u00f3 deszk\u00e1k stb. Ez az\u00e9rt is van, mivel k\u00e9t feln\u0151tt s\u00falya k\u00f6nnyen lehet 180-200 kg is, \u00e9s ezt a s\u00falyt \u00e9veken kereszt\u00fcl csak egy nagyon er\u0151s v\u00e1z tudja megtartani.\nEz a forma eredetileg egy kiad\u00f3 lak\u00e1sba lett tervezve, ahol random emberek haszn\u00e1lj\u00e1k, \u00e9s a tulajok m\u00e1r belefutottak hasonl\u00f3 gondokba, nem szerett\u00e9k volna, ha ilyen t\u00f6bbet el\u0151fordul.\n\nVastag pall\u00f3kb\u00f3l \u00e9s gerend\u00e1kb\u00f3l k\u00e9sz\u00fclt, massz\u00edv, nagy csavarokkal is meg van er\u0151s\u00edtve, ami a s\u00faly\u00e1n is \u00e9rezhet\u0151, mivel t\u00f6bb mint 70 kg. Ak\u00e1r egy \u00e9letre sz\u00f3l\u00f3 darab is lehet, ami b\u00edrja a gy\u0171r\u0151d\u00e9seket.\n\nM\u00e9retei: 220 cm hossz\u00fas\u00e1g, 160 cm sz\u00e9less\u00e9g, 70 cm magass\u00e1g. 140x200-as matrac befogad\u00e1s\u00e1ra alkalmas.\nAz \u00e1gyr\u00e1cs a sz\u00e1ll\u00edthat\u00f3s\u00e1g miatt egy szalaggal van \u00f6sszefogva, viszont csavarokkal is r\u00f6gz\u00edthet\u0151 a kerethez, igy m\u00e9g er\u0151sebben tart az eg\u00e9sz v\u00e1z. Ez nem lett lekezelve sem, hogy l\u00e9g\u00e1tereszt\u0151 legyen \u00e9s j\u00f3l szell\u0151z\u0151n a matrac alatt.\n\nRusztikus b\u00fatorok eset\u00e9ben sokszor gondot okoz a tiszt\u00edthat\u00f3s\u00e1g. Itt az utols\u00f3 r\u00e9teg egy matt lakk lett, \u00edgy meg\u0151rizte a fa a term\u00e9szetes erezet\u00e9t, viszont k\u00f6nnyen tiszt\u00edthat\u00f3 is.\n\n\nIg\u00e9ny szerint el tudom k\u00e9sz\u00edteni m\u00e1s m\u00e9retben, form\u00e1ban \u00e9s sz\u00ednben is. A k\u00e9pen l\u00e1that\u00f3 di\u00f3 sz\u00ednben k\u00e9sz\u00fclt. Matractart\u00f3 n\u00e9lk\u00fcl is k\u00e9rhet\u0151.\n\n\u00dagy lett l\u00e9trehozva, hogy j\u00f3l csomagolhat\u00f3 legyen, igy fut\u00e1rszolg\u00e1lattal sz\u00e1ll\u00edthat\u00f3 b\u00e1rhova. A fut\u00e1rok seg\u00edtenek a lepakol\u00e1sban, behord\u00e1sban is, \u00f6sszeszerel\u00e9se pedig egyszer\u0171 csavarokkal t\u00f6rt\u00e9nik.\nEl\u0151leg fizet\u00e9s is megbesz\u00e9lhet\u0151.","score":0,"formatted_price":"153 000 Ft","image_url":"https:\/\/www.meska.hu\/img\/product\/small\/e\/x\/existsdesign_product_443363_250930192745_450593.jpeg","formatted_url":"https:\/\/www.meska.hu\/p5625777-rusztikus-kulteri-kerek-etkezo-asztal-tomorfa-kerti-ebedloasztal-fenyobol-barna-szinben-160-cm-atmerovel","favourite":false,"in_stock":false,"avatar":"RRdesign_avatar_443363_1673113735.jpg","delete_from":0,"is_enhanced_background":false,"is_enhanced":false,"product_selection_started":false,"is_active":true,"image_webp_url":"https:\/\/www.meska.hu\/img\/product\/small\/e\/x\/existsdesign_product_443363_250930192745_450593.webp"},{"id":"5932743","shop_id":"34099","user_id":"443363","shop_name":"Existsdesign","shop_zip":"4002","product_code":"5626646","product_name_old":null,"product_name":"Rusztikus sz\u00e9k \u00e9tkez\u0151asztalhoz, t\u00f6m\u00f6rfa feny\u0151 design sz\u00e9k","category_string":"Otthon & \u00c9letm\u00f3d, B\u00fator, Sz\u00e9k & Fotel","technic_string":"Famegmunk\u00e1l\u00e1s","category_1":"813","category_2":"313","category_3":"559","category_4":"0","merged_category_1":null,"merged_category_2":null,"merged_category_3":null,"technic_1":"478","technic_2":"0","technic_3":"0","color_1":"514","color_2":"0","color_3":"0","product_description_old":null,"product_description":"Er\u0151s pall\u00f3kb\u00f3l k\u00e9sz\u00fclt rusztikus sz\u00e9k, magass\u00e1ga 45 cm, \u00fcl\u0151fel\u00fclete 40x40 cm. \nIde\u00e1lis lehet egy hasonl\u00f3 asztalhoz. \nAz \u00e1r egy term\u00e9kre vonatkozik, ha t\u00f6bb sz\u00e9kre lenne sz\u00fcks\u00e9g, vagy egy \u00e1ltalan k\u00e9sz\u00edtett asztallal egy\u00fctt rendeln\u00e9k, akkor tudok adni kedvezm\u00e9nyt. \n\nRusztikus b\u00fatorok eset\u00e9ben sokszor gondot okoz a tiszt\u00edthat\u00f3s\u00e1g. Itt az utols\u00f3 r\u00e9teg egy matt lakk lett, \u00edgy meg\u0151rizte a fa a term\u00e9szetes erezet\u00e9t, viszont k\u00f6nnyen tiszt\u00edthat\u00f3 is.\nP\u00e1rn\u00e1val is haszn\u00e1lhat\u00f3, \u00edgy m\u00e9g k\u00e9nyelmesebb.\n\nIg\u00e9ny szerint el tudom k\u00e9sz\u00edteni m\u00e1s m\u00e9retekben \u00e9s sz\u00ednekben is. A k\u00e9pen l\u00e1that\u00f3 di\u00f3 sz\u00edn\u0171.\n\n","price":"25000.00","unit":"db","recommended":"0","status":"1","sponsored":"0","exp_notify":"0","own_material":"0","own_material_description_old":null,"own_material_description":"","jury":"0","jury_number":"","product_nature":"","meskaracsony":"0","create_date":"2026-01-29 11:51:34","shelve_id":"0","image":"existsdesign_product_443363_251001111120_514252.jpeg","image_width":"480","image_height":"637","image_alt":"Rusztikus sz\u00e9k \u00e9tkez\u0151asztalhoz, t\u00f6m\u00f6rfa feny\u0151 design sz\u00e9k, Er\u0151s pall\u00f3kb\u00f3l k\u00e9sz\u00fclt rusztikus sz\u00e9k, magass\u00e1ga 45 cm, \u00fcl\u0151fel\u00fclete 40x40 cm. \\nIde\u00e1lis lehet egy has..., Meska","image_title":"Rusztikus sz\u00e9k \u00e9tkez\u0151asztalhoz, t\u00f6m\u00f6rfa feny\u0151 design sz\u00e9k, Meska","view_count":"217","favourite_count":"0","trending_score":"0","last2MonthFavouriteCount":"0","promotion":"0","giftcard_accept":"0","creditcard_accept":true,"enhanced_background":"0","domain":"meska","specific_customer_id":null,"specific_customer_name":null,"to_order_product":"1","to_order_product_time":"30","product_different":"quite_different","product_different_description":"Enyh\u00e9n elt\u00e9rhet az \u00e1rnyalat, a fa erezete.","vintage":"0","vintage_category_id":"0","recycled":"0","gemstone_id":"0","customizable":"0","type_category":"physical","zerowaste":"0","postage_price":"3200.00","shop_order":"0","has_category":"1","landing_pages":null,"microdata":{"number":77,"category":""},"title":"Rusztikus sz\u00e9k \u00e9tkez\u0151asztalhoz, t\u00f6m\u00f6rfa feny\u0151 design sz\u00e9k","description":"Er\u0151s pall\u00f3kb\u00f3l k\u00e9sz\u00fclt rusztikus sz\u00e9k, magass\u00e1ga 45 cm, \u00fcl\u0151fel\u00fclete 40x40 cm. \nIde\u00e1lis lehet egy hasonl\u00f3 asztalhoz. \nAz \u00e1r egy term\u00e9kre vonatkozik, ha t\u00f6bb sz\u00e9kre lenne sz\u00fcks\u00e9g, vagy egy \u00e1ltalan k\u00e9sz\u00edtett asztallal egy\u00fctt rendeln\u00e9k, akkor tudok adni kedvezm\u00e9nyt. \n\nRusztikus b\u00fatorok eset\u00e9ben sokszor gondot okoz a tiszt\u00edthat\u00f3s\u00e1g. Itt az utols\u00f3 r\u00e9teg egy matt lakk lett, \u00edgy meg\u0151rizte a fa a term\u00e9szetes erezet\u00e9t, viszont k\u00f6nnyen tiszt\u00edthat\u00f3 is.\nP\u00e1rn\u00e1val is haszn\u00e1lhat\u00f3, \u00edgy m\u00e9g k\u00e9nyelmesebb.\n\nIg\u00e9ny szerint el tudom k\u00e9sz\u00edteni m\u00e1s m\u00e9retekben \u00e9s sz\u00ednekben is. A k\u00e9pen l\u00e1that\u00f3 di\u00f3 sz\u00edn\u0171.\n\n","score":0,"formatted_price":"25 000 Ft","image_url":"https:\/\/www.meska.hu\/img\/product\/small\/e\/x\/existsdesign_product_443363_251001111120_514252.jpeg","formatted_url":"https:\/\/www.meska.hu\/p5626646-rusztikus-szek-etkezoasztalhoz-tomorfa-fenyo-design-szek","favourite":false,"in_stock":false,"avatar":"RRdesign_avatar_443363_1673113735.jpg","delete_from":0,"is_enhanced_background":false,"is_enhanced":false,"product_selection_started":false,"is_active":true,"image_webp_url":"https:\/\/www.meska.hu\/img\/product\/small\/e\/x\/existsdesign_product_443363_251001111120_514252.webp"},{"id":"5933111","shop_id":"34099","user_id":"443363","shop_name":"Existsdesign","shop_zip":"4002","product_code":"5626962","product_name_old":null,"product_name":"Rusztikus k\u00fclt\u00e9ri \u00e9tkez\u0151 asztal, t\u00f6m\u00f6rfa kerti \u00e9tkez\u0151 garnit\u00fara, di\u00f3 sz\u00ednben, 3m","category_string":"Otthon & \u00c9letm\u00f3d, B\u00fator, Asztal","technic_string":"Famegmunk\u00e1l\u00e1s","category_1":"813","category_2":"313","category_3":"558","category_4":"0","merged_category_1":null,"merged_category_2":null,"merged_category_3":null,"technic_1":"478","technic_2":"0","technic_3":"0","color_1":"514","color_2":"520","color_3":"0","product_description_old":null,"product_description":"Rusztikus gerend\u00e1kb\u00f3l \u00e9s pall\u00f3kb\u00f3l k\u00e9sz\u00fclt asztal padokkal, hossz\u00fas\u00e1ga 300 cm, sz\u00e9less\u00e9ge 90 cm, magass\u00e1ga 80 cm.\nMassz\u00edv \u00fcl\u0151fel\u00fclet, l\u00e1bak, ami a s\u00faly\u00e1n is \u00e9rezhet\u0151,  mivel t\u00f6bb mint 160 kg.\n\nRusztikus b\u00fatorok eset\u00e9ben sokszor gondot okoz a tiszt\u00edthat\u00f3s\u00e1g. Itt az utols\u00f3 r\u00e9teg egy matt lakk lett, \u00edgy meg\u0151rizte a fa a term\u00e9szetes erezet\u00e9t, viszont k\u00f6nnyen tiszt\u00edthat\u00f3 is.\n\nIg\u00e9ny szerint el tudom k\u00e9sz\u00edteni m\u00e1s m\u00e9retben, form\u00e1ban \u00e9s sz\u00ednben is. A k\u00e9pen l\u00e1that\u00f3 t\u00f6lgy sz\u00ednben k\u00e9sz\u00fclt, kicsit poros volt a k\u00e9p k\u00e9sz\u00edt\u00e9sekor, m\u00e9g aznap be kellet csomagolni \u00e9s feladni.\nK\u00fcl\u00f6n k\u00e9t pad \u00e9s az asztal j\u00f3val dr\u00e1g\u00e1bban j\u00f6nne ki, de igy egyben rendelve kedvezm\u00e9nyes \u00e1rat tudok adni.\n\n\u00dagy lett l\u00e9trehozva, hogy j\u00f3l csomagolhat\u00f3 legyen, igy fut\u00e1rszolg\u00e1lattal sz\u00e1ll\u00edthat\u00f3 b\u00e1rhova. A fut\u00e1rok seg\u00edtenek a lepakol\u00e1sban, behord\u00e1sban is, \u00f6sszeszerel\u00e9se pedig egyszer\u0171 csavarokkal t\u00f6rt\u00e9nik.\n\n\n","price":"320000.00","unit":"db","recommended":"0","status":"1","sponsored":"0","exp_notify":"0","own_material":"0","own_material_description_old":null,"own_material_description":"","jury":"0","jury_number":"","product_nature":"","meskaracsony":"0","create_date":"2026-01-29 13:53:34","shelve_id":"0","image":"existsdesign_product_443363_251001130452_243623.jpeg","image_width":"480","image_height":"637","image_alt":"Rusztikus k\u00fclt\u00e9ri \u00e9tkez\u0151 asztal, t\u00f6m\u00f6rfa kerti \u00e9tkez\u0151 garnit\u00fara, di\u00f3 sz\u00ednben, 3m, Rusztikus gerend\u00e1kb\u00f3l \u00e9s pall\u00f3kb\u00f3l k\u00e9sz\u00fclt asztal padokkal, hossz\u00fas\u00e1ga 300 cm, sz\u00e9less\u00e9ge 90 cm, mag..., Meska","image_title":"Rusztikus k\u00fclt\u00e9ri \u00e9tkez\u0151 asztal, t\u00f6m\u00f6rfa kerti \u00e9tkez\u0151 garnit\u00fara, di\u00f3 sz\u00ednben, 3m, Meska","view_count":"150","favourite_count":"0","trending_score":"0","last2MonthFavouriteCount":"0","promotion":"0","giftcard_accept":"0","creditcard_accept":true,"enhanced_background":"0","domain":"meska","specific_customer_id":null,"specific_customer_name":null,"to_order_product":"1","to_order_product_time":"30","product_different":"quite_different","product_different_description":"Enyh\u00e9n elt\u00e9rhet az \u00e1rnyalat, a fa erezete.","vintage":"0","vintage_category_id":"0","recycled":"0","gemstone_id":"0","customizable":"0","type_category":"physical","zerowaste":"0","postage_price":"34000.00","shop_order":"0","has_category":"1","landing_pages":null,"microdata":{"number":78,"category":""},"title":"Rusztikus k\u00fclt\u00e9ri \u00e9tkez\u0151 asztal, t\u00f6m\u00f6rfa kerti \u00e9tkez\u0151 garnit\u00fara, di\u00f3 sz\u00ednben, 3m","description":"Rusztikus gerend\u00e1kb\u00f3l \u00e9s pall\u00f3kb\u00f3l k\u00e9sz\u00fclt asztal padokkal, hossz\u00fas\u00e1ga 300 cm, sz\u00e9less\u00e9ge 90 cm, magass\u00e1ga 80 cm.\nMassz\u00edv \u00fcl\u0151fel\u00fclet, l\u00e1bak, ami a s\u00faly\u00e1n is \u00e9rezhet\u0151,  mivel t\u00f6bb mint 160 kg.\n\nRusztikus b\u00fatorok eset\u00e9ben sokszor gondot okoz a tiszt\u00edthat\u00f3s\u00e1g. Itt az utols\u00f3 r\u00e9teg egy matt lakk lett, \u00edgy meg\u0151rizte a fa a term\u00e9szetes erezet\u00e9t, viszont k\u00f6nnyen tiszt\u00edthat\u00f3 is.\n\nIg\u00e9ny szerint el tudom k\u00e9sz\u00edteni m\u00e1s m\u00e9retben, form\u00e1ban \u00e9s sz\u00ednben is. A k\u00e9pen l\u00e1that\u00f3 t\u00f6lgy sz\u00ednben k\u00e9sz\u00fclt, kicsit poros volt a k\u00e9p k\u00e9sz\u00edt\u00e9sekor, m\u00e9g aznap be kellet csomagolni \u00e9s feladni.\nK\u00fcl\u00f6n k\u00e9t pad \u00e9s az asztal j\u00f3val dr\u00e1g\u00e1bban j\u00f6nne ki, de igy egyben rendelve kedvezm\u00e9nyes \u00e1rat tudok adni.\n\n\u00dagy lett l\u00e9trehozva, hogy j\u00f3l csomagolhat\u00f3 legyen, igy fut\u00e1rszolg\u00e1lattal sz\u00e1ll\u00edthat\u00f3 b\u00e1rhova. A fut\u00e1rok seg\u00edtenek a lepakol\u00e1sban, behord\u00e1sban is, \u00f6sszeszerel\u00e9se pedig egyszer\u0171 csavarokkal t\u00f6rt\u00e9nik.\n\n\n","score":0,"formatted_price":"320 000 Ft","image_url":"https:\/\/www.meska.hu\/img\/product\/small\/e\/x\/existsdesign_product_443363_251001130452_243623.jpeg","formatted_url":"https:\/\/www.meska.hu\/p5626962-rusztikus-kulteri-etkezo-asztal-tomorfa-kerti-etkezo-garnitura-dio-szinben-3m","favourite":false,"in_stock":false,"avatar":"RRdesign_avatar_443363_1673113735.jpg","delete_from":0,"is_enhanced_background":false,"is_enhanced":false,"product_selection_started":false,"is_active":true,"image_webp_url":"https:\/\/www.meska.hu\/img\/product\/small\/e\/x\/existsdesign_product_443363_251001130452_243623.webp"},{"id":"4826029","shop_id":"34099","user_id":"443363","shop_name":"Existsdesign","shop_zip":"4002","product_code":"4971847","product_name_old":null,"product_name":"Rusztikus k\u00fclt\u00e9ri \u00e9tkez\u0151 asztal, t\u00f6m\u00f6rfa kerti eb\u00e9dl\u0151asztal feny\u0151b\u0151l, nat\u00far sz\u00ednben","category_string":"Otthon & \u00c9letm\u00f3d, B\u00fator, Asztal","technic_string":"Famegmunk\u00e1l\u00e1s","category_1":"813","category_2":"313","category_3":"558","category_4":"0","merged_category_1":"0","merged_category_2":"0","merged_category_3":"785","technic_1":"478","technic_2":"0","technic_3":"0","color_1":"514","color_2":"0","color_3":"0","product_description_old":null,"product_description":"Rusztikus gerend\u00e1kb\u00f3l \u00e9s pall\u00f3kb\u00f3l k\u00e9sz\u00fclt asztal, hossz\u00fas\u00e1ga 180 cm, sz\u00e9less\u00e9ge 90 cm, magass\u00e1ga 80 cm.\n\nIg\u00e9ny szerint el tudom k\u00e9sz\u00edteni m\u00e1s m\u00e9retekben \u00e9s sz\u00ednekben is. A k\u00e9pen l\u00e1that\u00f3 nat\u00far sz\u00ednben maradt, mivel a megrendel\u0151 igy szerette volna.\n\nFut\u00e1rszolg\u00e1lattal is kik\u00fcldhet\u0151, erre egyedileg kell k\u00e9rni aktu\u00e1lis \u00e1rat a sz\u00e1ll\u00edt\u00f3 partnert\u0151l. El\u0151leg fizet\u00e9s is megbesz\u00e9lhet\u0151.\n\nIg\u00e9ny szerint el tudom k\u00e9sz\u00edteni m\u00e1s m\u00e9retekben \u00e9s sz\u00ednekben is.","price":"165000.00","unit":"db","recommended":"0","status":"1","sponsored":"0","exp_notify":"0","own_material":"0","own_material_description_old":null,"own_material_description":"","jury":"0","jury_number":"","product_nature":"","meskaracsony":"0","create_date":"2026-01-14 15:11:51","shelve_id":"0","image":"existsdesign_product_443363_230512204806_057110.jpeg","image_width":"480","image_height":"640","image_alt":"Rusztikus k\u00fclt\u00e9ri \u00e9tkez\u0151 asztal, t\u00f6m\u00f6rfa kerti eb\u00e9dl\u0151asztal feny\u0151b\u0151l, nat\u00far sz\u00ednben, Rusztikus gerend\u00e1kb\u00f3l \u00e9s pall\u00f3kb\u00f3l k\u00e9sz\u00fclt asztal, hossz\u00fas\u00e1ga 180 cm, sz\u00e9less\u00e9ge 90 cm, magass\u00e1ga 80..., Meska","image_title":"Rusztikus k\u00fclt\u00e9ri \u00e9tkez\u0151 asztal, t\u00f6m\u00f6rfa kerti eb\u00e9dl\u0151asztal feny\u0151b\u0151l, nat\u00far sz\u00ednben, Meska","view_count":"2318","favourite_count":"0","trending_score":"0","last2MonthFavouriteCount":"0","promotion":"0","giftcard_accept":"0","creditcard_accept":true,"enhanced_background":"0","domain":"meska","specific_customer_id":null,"specific_customer_name":null,"to_order_product":"1","to_order_product_time":"30","product_different":"quite_different","product_different_description":"Enyh\u00e9n elt\u00e9rhet az \u00e1rnyalat, a fa erezete.","vintage":"0","vintage_category_id":"0","recycled":"0","gemstone_id":"0","customizable":"0","type_category":"physical","zerowaste":"0","postage_price":"12800.00","shop_order":"0","has_category":"1","landing_pages":null,"microdata":{"number":79,"category":""},"title":"Rusztikus k\u00fclt\u00e9ri \u00e9tkez\u0151 asztal, t\u00f6m\u00f6rfa kerti eb\u00e9dl\u0151asztal feny\u0151b\u0151l, nat\u00far sz\u00ednben","description":"Rusztikus gerend\u00e1kb\u00f3l \u00e9s pall\u00f3kb\u00f3l k\u00e9sz\u00fclt asztal, hossz\u00fas\u00e1ga 180 cm, sz\u00e9less\u00e9ge 90 cm, magass\u00e1ga 80 cm.\n\nIg\u00e9ny szerint el tudom k\u00e9sz\u00edteni m\u00e1s m\u00e9retekben \u00e9s sz\u00ednekben is. A k\u00e9pen l\u00e1that\u00f3 nat\u00far sz\u00ednben maradt, mivel a megrendel\u0151 igy szerette volna.\n\nFut\u00e1rszolg\u00e1lattal is kik\u00fcldhet\u0151, erre egyedileg kell k\u00e9rni aktu\u00e1lis \u00e1rat a sz\u00e1ll\u00edt\u00f3 partnert\u0151l. El\u0151leg fizet\u00e9s is megbesz\u00e9lhet\u0151.\n\nIg\u00e9ny szerint el tudom k\u00e9sz\u00edteni m\u00e1s m\u00e9retekben \u00e9s sz\u00ednekben is.","score":0,"formatted_price":"165 000 Ft","image_url":"https:\/\/www.meska.hu\/img\/product\/small\/e\/x\/existsdesign_product_443363_230512204806_057110.jpeg","formatted_url":"https:\/\/www.meska.hu\/p4971847-rusztikus-ebedlo-asztal-teraszra-kulteri-etkezo-asztal","favourite":false,"in_stock":false,"avatar":"RRdesign_avatar_443363_1673113735.jpg","delete_from":0,"is_enhanced_background":false,"is_enhanced":false,"product_selection_started":false,"is_active":true,"image_webp_url":"https:\/\/www.meska.hu\/img\/product\/small\/e\/x\/existsdesign_product_443363_230512204806_057110.webp"},{"id":"4735298","shop_id":"14780","user_id":"68966","shop_name":"famuves","shop_zip":"4030","product_code":"4918677","product_name_old":null,"product_name":"50 Ft-os gy\u0171jt\u0151i \u00e9rme tart\u00f3","category_string":"Otthon & \u00c9letm\u00f3d, Dekor\u00e1ci\u00f3","technic_string":"Famegmunk\u00e1l\u00e1s","category_1":"813","category_2":"314","category_3":"0","category_4":"0","merged_category_1":"0","merged_category_2":"0","merged_category_3":"0","technic_1":"478","technic_2":"0","technic_3":"0","color_1":"515","color_2":"0","color_3":"0","product_description_old":null,"product_description":"\u00c9rem tart\u00f3, amely mind a 15 f\u00e9le forgalomban l\u00e9v\u0151 gy\u0171jthet\u0151 50 forintos \u00e9rm\u00e9nek helyet ad. \nEszterg\u00e1lt, t\u00f6m\u00f6r \u00e9ger fa, l\u00e9zer grav\u00edrozott mint\u00e1val. K\u00e9rheted egyedi n\u00e9vvel, vagy mint\u00e1val is. Ha m\u00e1s m\u00e9ret\u0171 \u00e9rm\u00e9nek keresel gy\u0171jt\u0151 dobozt, abban is tudok seg\u00edteni.","price":"16000.00","unit":"db","recommended":"0","status":"1","sponsored":"0","exp_notify":"0","own_material":"0","own_material_description_old":null,"own_material_description":"","jury":"0","jury_number":"","product_nature":"","meskaracsony":"0","create_date":"2026-02-25 20:03:28","shelve_id":"0","image":"famuves_product_68966_230306095938_307442.jpeg","image_width":"480","image_height":"319","image_alt":"50 Ft-os gy\u0171jt\u0151i \u00e9rme tart\u00f3, \u00c9rem tart\u00f3, amely mind a 15 f\u00e9le forgalomban l\u00e9v\u0151 gy\u0171jthet\u0151 50 forintos \u00e9rm\u00e9nek helyet ad. \\nEszterg\u00e1..., Meska","image_title":"50 Ft-os gy\u0171jt\u0151i \u00e9rme tart\u00f3, Meska","view_count":"1392","favourite_count":"0","trending_score":"0","last2MonthFavouriteCount":"0","promotion":0,"giftcard_accept":"1","creditcard_accept":false,"enhanced_background":"0","domain":"meska","specific_customer_id":null,"specific_customer_name":null,"to_order_product":"1","to_order_product_time":"3","product_different":null,"product_different_description":"","vintage":"0","vintage_category_id":"0","recycled":"0","gemstone_id":"0","customizable":"0","type_category":"physical","zerowaste":"0","postage_price":"1290.00","shop_order":"0","has_category":"1","landing_pages":null,"microdata":{"number":80,"category":""},"title":"50 Ft-os gy\u0171jt\u0151i \u00e9rme tart\u00f3","description":"\u00c9rem tart\u00f3, amely mind a 15 f\u00e9le forgalomban l\u00e9v\u0151 gy\u0171jthet\u0151 50 forintos \u00e9rm\u00e9nek helyet ad. \nEszterg\u00e1lt, t\u00f6m\u00f6r \u00e9ger fa, l\u00e9zer grav\u00edrozott mint\u00e1val. K\u00e9rheted egyedi n\u00e9vvel, vagy mint\u00e1val is. Ha m\u00e1s m\u00e9ret\u0171 \u00e9rm\u00e9nek keresel gy\u0171jt\u0151 dobozt, abban is tudok seg\u00edteni.","score":0,"formatted_price":"16 000 Ft","image_url":"https:\/\/www.meska.hu\/img\/product\/small\/f\/a\/famuves_product_68966_230306095938_307442.jpeg","formatted_url":"https:\/\/www.meska.hu\/p4918677-50-ft-os-gyujtoi-erme-tarto","favourite":false,"in_stock":false,"avatar":"68966_avatar_1659608948.png","delete_from":0,"is_enhanced_background":false,"is_enhanced":false,"product_selection_started":false,"is_active":true,"image_webp_url":"https:\/\/www.meska.hu\/img\/product\/small\/f\/a\/famuves_product_68966_230306095938_307442.webp"},{"id":"5556526","shop_id":"28748","user_id":"356343","shop_name":"ClaireLoveArt","shop_zip":"7622","product_code":"5426297","product_name_old":null,"product_name":"Zs\u0171rizett vintage fa gyertyatart\u00f3, piros mind century gyertyatart\u00f3, Bencsik gyertyatart\u00f3,","category_string":"Kar\u00e1csony, Adventi d\u00edszek, Adventi gyertyad\u00edszek \u00e9s koszor\u00fad\u00edszek","technic_string":"Festett t\u00e1rgyak, Famegmunk\u00e1l\u00e1s","category_1":"319","category_2":"1285","category_3":"1288","category_4":"0","merged_category_1":null,"merged_category_2":null,"merged_category_3":null,"technic_1":"481","technic_2":"478","technic_3":"0","color_1":"523","color_2":"0","color_3":"0","product_description_old":null,"product_description":"Az Iparm\u0171v\u00e9szeti V\u00e1llalat \u00e1ltal zs\u0171rizett ritka sz\u00e9p fa gyertyatart\u00f3 a mid century korszak jegyeit viseli mag\u00e1n. A cimke, a sorsz\u00e1ma \u00e9s a m\u0171v\u00e9sz (Bencsik) al\u00e1\u00edr\u00e1sa megtal\u00e1lhat\u00f3 a talp\u00e1n.\nA t\u00f6m\u00f6r fa form\u00e1j\u00fa \u00e9s piros szin\u0171 gyertyatart\u00f3 k\u00fcl\u00f6nleges d\u00edsze lehet b\u00e1rmely modern otthonnak. \nKiv\u00e1l\u00f3 kar\u00e1csonyi aj\u00e1nd\u00e9k lehet b\u00e1rki sz\u00e1m\u00e1ra, a mid century t\u00e1rgyak gy\u0171jt\u0151inek k\u00fcl\u00f6n\u00f6n\u00f6s aj\u00e1nd\u00e9k lehet. \n\nM\u00e9rete: 19 magas, 9,5 cm \u00e1tm\u00e9r\u0151j\u0171. \n\nA gyertyatart\u00f3 nagyon \u00e1llapotban van, a fest\u00e9k \u00e9s a fa nem s\u00e9r\u00fclt. ","price":"15900.00","unit":"db","recommended":"0","status":"1","sponsored":"0","exp_notify":"0","own_material":"0","own_material_description_old":null,"own_material_description":"","jury":"0","jury_number":"","product_nature":"","meskaracsony":"0","create_date":"2026-02-23 17:51:24","shelve_id":"74645","image":"claireloveart_product_356343_241031160336_989151.jpeg","image_width":"480","image_height":"480","image_alt":"Zs\u0171rizett vintage fa gyertyatart\u00f3, piros mind century gyertyatart\u00f3, Bencsik gyertyatart\u00f3,, Az Iparm\u0171v\u00e9szeti V\u00e1llalat \u00e1ltal zs\u0171rizett ritka sz\u00e9p fa gyertyatart\u00f3 a mid century korszak jegyeit v..., Meska","image_title":"Zs\u0171rizett vintage fa gyertyatart\u00f3, piros mind century gyertyatart\u00f3, Bencsik gyertyatart\u00f3,, Meska","view_count":"451","favourite_count":"0","trending_score":"0","last2MonthFavouriteCount":"0","promotion":0,"giftcard_accept":"0","creditcard_accept":false,"enhanced_background":"0","domain":"meska","specific_customer_id":null,"specific_customer_name":null,"to_order_product":"0","to_order_product_time":"0","product_different":null,"product_different_description":"","vintage":"0","vintage_category_id":"0","recycled":"0","gemstone_id":"0","customizable":"0","type_category":"physical","zerowaste":"0","postage_price":"1290.00","shop_order":"0","has_category":"1","landing_pages":null,"microdata":{"number":81,"category":""},"title":"Zs\u0171rizett vintage fa gyertyatart\u00f3, piros mind century gyertyatart\u00f3, Bencsik gyertyatart\u00f3,","description":"Az Iparm\u0171v\u00e9szeti V\u00e1llalat \u00e1ltal zs\u0171rizett ritka sz\u00e9p fa gyertyatart\u00f3 a mid century korszak jegyeit viseli mag\u00e1n. A cimke, a sorsz\u00e1ma \u00e9s a m\u0171v\u00e9sz (Bencsik) al\u00e1\u00edr\u00e1sa megtal\u00e1lhat\u00f3 a talp\u00e1n.\nA t\u00f6m\u00f6r fa form\u00e1j\u00fa \u00e9s piros szin\u0171 gyertyatart\u00f3 k\u00fcl\u00f6nleges d\u00edsze lehet b\u00e1rmely modern otthonnak. \nKiv\u00e1l\u00f3 kar\u00e1csonyi aj\u00e1nd\u00e9k lehet b\u00e1rki sz\u00e1m\u00e1ra, a mid century t\u00e1rgyak gy\u0171jt\u0151inek k\u00fcl\u00f6n\u00f6n\u00f6s aj\u00e1nd\u00e9k lehet. \n\nM\u00e9rete: 19 magas, 9,5 cm \u00e1tm\u00e9r\u0151j\u0171. \n\nA gyertyatart\u00f3 nagyon \u00e1llapotban van, a fest\u00e9k \u00e9s a fa nem s\u00e9r\u00fclt. ","score":0,"formatted_price":"15 900 Ft","image_url":"https:\/\/www.meska.hu\/img\/product\/small\/c\/l\/claireloveart_product_356343_241031160336_989151.jpeg","formatted_url":"https:\/\/www.meska.hu\/p5426297-zsurizett-vintage-fa-gyertyatarto-piros-mind-century-gyertyatarto-bencsik-gyertyatarto","favourite":false,"in_stock":true,"avatar":"ClaireLoveArt_avatar_356343_1583172433.jpg","delete_from":0,"is_enhanced_background":false,"is_enhanced":false,"product_selection_started":false,"is_active":true,"image_webp_url":"https:\/\/www.meska.hu\/img\/product\/small\/c\/l\/claireloveart_product_356343_241031160336_989151.webp"},{"id":"5935670","shop_id":"40146","user_id":"557457","shop_name":"Softgreen","shop_zip":"5430","product_code":"5629129","product_name_old":null,"product_name":"Retro ez\u00fcst keresztmed\u00e1l, rekeszberak\u00e1sos t\u00f6m\u00f6r 925-\u00f6s sterling ez\u00fcst","category_string":"\u00c9kszer, Nyakl\u00e1nc, Med\u00e1l","technic_string":"\u00c9kszerk\u00e9sz\u00edt\u00e9s","category_1":"327","category_2":"337","category_3":"335","category_4":"0","merged_category_1":null,"merged_category_2":null,"merged_category_3":null,"technic_1":"477","technic_2":"0","technic_3":"0","color_1":"518","color_2":"0","color_3":"0","product_description_old":null,"product_description":"Retro meglepet\u00e9s magadnak, vagy aj\u00e1nd\u00e9kba! Maxim\u00e1lis tisztas\u00e1g\u00fa ez\u00fcstb\u0151l k\u00e9sz\u00fclt csod\u00e1latos z\u00f6ldes gy\u00f6ngyh\u00e1z jelleg\u0171 berak\u00e1ssal \u00e9kes\u00edtett k\u00fcl\u00f6nlegess\u00e9g.\nArt deco modern forma, ide\u00e1lis h\u00f6lgyek sz\u00e1m\u00e1ra. K\u00fclf\u00f6ldr\u0151l behozott 925 ezrel\u00e9k finoms\u00e1g\u00fa f\u00e9mjelz\u00e9ssel.\nKedves aj\u00e1nd\u00e9k lehet b\u00e1rmely \u00fcnnepi alkalomra. Haszn\u00e1lt retro ez\u00fcst \u00e9kszer Jellemz\u0151k, m\u00e9retek: fejm\u00e9ret: 35x25x9mm, s\u00falya: 11,3g.","price":"11900.00","unit":"db","recommended":"0","status":"1","sponsored":"0","exp_notify":"0","own_material":"0","own_material_description_old":null,"own_material_description":"","jury":"0","jury_number":"","product_nature":"","meskaracsony":"0","create_date":"2026-03-05 12:51:39","shelve_id":"0","image":"softgreen_product_557457_251002125102_599111.jpeg","image_width":"480","image_height":"316","image_alt":"Retro ez\u00fcst keresztmed\u00e1l, rekeszberak\u00e1sos t\u00f6m\u00f6r 925-\u00f6s sterling ez\u00fcst, Retro meglepet\u00e9s magadnak, vagy aj\u00e1nd\u00e9kba! Maxim\u00e1lis tisztas\u00e1g\u00fa ez\u00fcstb\u0151l k\u00e9sz\u00fclt csod\u00e1latos z\u00f6ldes g..., Meska","image_title":"Retro ez\u00fcst keresztmed\u00e1l, rekeszberak\u00e1sos t\u00f6m\u00f6r 925-\u00f6s sterling ez\u00fcst, Meska","view_count":"97","favourite_count":"0","trending_score":"0","last2MonthFavouriteCount":"0","promotion":"0","giftcard_accept":"0","creditcard_accept":false,"enhanced_background":"0","domain":"meska","specific_customer_id":null,"specific_customer_name":null,"to_order_product":"0","to_order_product_time":"0","product_different":null,"product_different_description":"","vintage":"1","vintage_category_id":"887","recycled":"0","gemstone_id":"0","customizable":"0","type_category":"physical","zerowaste":"0","postage_price":"1290.00","shop_order":"0","has_category":"1","landing_pages":null,"microdata":{"number":82,"category":""},"title":"Retro ez\u00fcst keresztmed\u00e1l, rekeszberak\u00e1sos t\u00f6m\u00f6r 925-\u00f6s sterling ez\u00fcst","description":"Retro meglepet\u00e9s magadnak, vagy aj\u00e1nd\u00e9kba! Maxim\u00e1lis tisztas\u00e1g\u00fa ez\u00fcstb\u0151l k\u00e9sz\u00fclt csod\u00e1latos z\u00f6ldes gy\u00f6ngyh\u00e1z jelleg\u0171 berak\u00e1ssal \u00e9kes\u00edtett k\u00fcl\u00f6nlegess\u00e9g.\nArt deco modern forma, ide\u00e1lis h\u00f6lgyek sz\u00e1m\u00e1ra. K\u00fclf\u00f6ldr\u0151l behozott 925 ezrel\u00e9k finoms\u00e1g\u00fa f\u00e9mjelz\u00e9ssel.\nKedves aj\u00e1nd\u00e9k lehet b\u00e1rmely \u00fcnnepi alkalomra. Haszn\u00e1lt retro ez\u00fcst \u00e9kszer Jellemz\u0151k, m\u00e9retek: fejm\u00e9ret: 35x25x9mm, s\u00falya: 11,3g.","score":0,"formatted_price":"11 900 Ft","image_url":"https:\/\/www.meska.hu\/img\/product\/small\/s\/o\/softgreen_product_557457_251002125102_599111.jpeg","formatted_url":"https:\/\/www.meska.hu\/p5629129-retro-ezust-keresztmedal-rekeszberakasos-tomor-925-os-sterling-ezust","favourite":false,"in_stock":true,"avatar":"557457_avatar_1676033430.jpeg","delete_from":0,"is_enhanced_background":false,"is_enhanced":false,"product_selection_started":false,"is_active":true,"image_webp_url":"https:\/\/www.meska.hu\/img\/product\/small\/s\/o\/softgreen_product_557457_251002125102_599111.webp"},{"id":"5042501","shop_id":"42095","user_id":"597320","shop_name":"kisViragDekor","shop_zip":"9353","product_code":"5110734","product_name_old":null,"product_name":"T\u00f6kl\u00e1mp\u00e1s ","category_string":"Otthon & \u00c9letm\u00f3d, Dekor\u00e1ci\u00f3, Halloween, Halloweeni t\u00f6k","technic_string":"Famegmunk\u00e1l\u00e1s","category_1":"813","category_2":"314","category_3":"1312","category_4":"1314","merged_category_1":null,"merged_category_2":null,"merged_category_3":null,"technic_1":"478","technic_2":"0","technic_3":"0","color_1":"514","color_2":"0","color_3":"0","product_description_old":null,"product_description":"T\u00f6m\u00f6rfa t\u00f6kl\u00e1mp\u00e1sok\n\nM\u00e9retei: 16 x 27 cm\n\nA k\u00e9pen, az als\u00f3 sorban szerepl\u0151k k\u00e9szleten, a t\u00f6bbi rendel\u00e9sre k\u00e9sz\u00fcl! ","price":"5500.00","unit":"db","recommended":"0","status":"1","sponsored":"0","exp_notify":"0","own_material":"0","own_material_description_old":null,"own_material_description":"","jury":"0","jury_number":"","product_nature":"","meskaracsony":"0","create_date":"2026-02-11 16:33:44","shelve_id":"0","image":"kisviragdekor_product_597320_231025130115_547920.jpeg","image_width":"480","image_height":"640","image_alt":"T\u00f6kl\u00e1mp\u00e1s , T\u00f6m\u00f6rfa t\u00f6kl\u00e1mp\u00e1sok\\n\\nM\u00e9retei: 16 x 27 cm\\n\\nA k\u00e9pen, az als\u00f3 sorban szerepl\u0151k k\u00e9szleten, a t\u00f6bbi rende..., Meska","image_title":"T\u00f6kl\u00e1mp\u00e1s , Meska","view_count":"1065","favourite_count":"0","trending_score":"0","last2MonthFavouriteCount":"0","promotion":"0","giftcard_accept":"0","creditcard_accept":true,"enhanced_background":"0","domain":"meska","specific_customer_id":null,"specific_customer_name":null,"to_order_product":"0","to_order_product_time":"0","product_different":null,"product_different_description":"","vintage":"0","vintage_category_id":"0","recycled":"0","gemstone_id":"0","customizable":"0","type_category":"physical","zerowaste":"0","postage_price":"1290.00","shop_order":"0","has_category":"1","landing_pages":null,"microdata":{"number":83,"category":""},"title":"T\u00f6kl\u00e1mp\u00e1s ","description":"T\u00f6m\u00f6rfa t\u00f6kl\u00e1mp\u00e1sok\n\nM\u00e9retei: 16 x 27 cm\n\nA k\u00e9pen, az als\u00f3 sorban szerepl\u0151k k\u00e9szleten, a t\u00f6bbi rendel\u00e9sre k\u00e9sz\u00fcl! ","score":0,"formatted_price":"5 500 Ft","image_url":"https:\/\/www.meska.hu\/img\/product\/small\/k\/i\/kisviragdekor_product_597320_231025130115_547920.jpeg","formatted_url":"https:\/\/www.meska.hu\/p5110734-toklampas","favourite":false,"in_stock":true,"avatar":"597320_avatar_1692387635.jpeg","delete_from":0,"is_enhanced_background":false,"is_enhanced":false,"product_selection_started":false,"is_active":true,"image_webp_url":"https:\/\/www.meska.hu\/img\/product\/small\/k\/i\/kisviragdekor_product_597320_231025130115_547920.webp"},{"id":"4950139","shop_id":"42095","user_id":"597320","shop_name":"kisViragDekor","shop_zip":"9353","product_code":"5045451","product_name_old":null,"product_name":"Sz\u00edv fa szobor, puzzle","category_string":"Otthon & \u00c9letm\u00f3d, Dekorat\u00edv figur\u00e1k \u00e9s szobrok, Dekor\u00e1ci\u00f3","technic_string":"Famegmunk\u00e1l\u00e1s","category_1":"370","category_2":"314","category_3":"813","category_4":"0","merged_category_1":null,"merged_category_2":null,"merged_category_3":null,"technic_1":"478","technic_2":"0","technic_3":"0","color_1":"514","color_2":"519","color_3":"0","product_description_old":null,"product_description":"Sz\u00edv alak\u00fa t\u00f6m\u00f6rfa puzzle, mely \u00f6sszeillesztve gy\u00f6ny\u00f6r\u0171 dekor\u00e1ci\u00f3k\u00e9knt is szolg\u00e1l\n\nEgyik fele olajozott, m\u00e1sik fele nat\u00far\n\nM\u00e9retei: 14,5 x 12 x 2 cm","price":"2900.00","unit":"db","recommended":"0","status":"1","sponsored":"0","exp_notify":"0","own_material":"0","own_material_description_old":null,"own_material_description":"","jury":"0","jury_number":"","product_nature":"","meskaracsony":"0","create_date":"2026-01-30 06:55:10","shelve_id":"0","image":"kisviragdekor_product_597320_230825102439_56434.jpeg","image_width":"480","image_height":"360","image_alt":"Sz\u00edv fa szobor, puzzle, Sz\u00edv alak\u00fa t\u00f6m\u00f6rfa puzzle, mely \u00f6sszeillesztve gy\u00f6ny\u00f6r\u0171 dekor\u00e1ci\u00f3k\u00e9knt is szolg\u00e1l\\n\\nEgyik fele olajoz..., Meska","image_title":"Sz\u00edv fa szobor, puzzle, Meska","view_count":"976","favourite_count":"0","trending_score":"0","last2MonthFavouriteCount":"0","promotion":"0","giftcard_accept":"0","creditcard_accept":true,"enhanced_background":"0","domain":"meska","specific_customer_id":null,"specific_customer_name":null,"to_order_product":"1","to_order_product_time":"7","product_different":null,"product_different_description":"","vintage":"0","vintage_category_id":"0","recycled":"0","gemstone_id":"0","customizable":"0","type_category":"physical","zerowaste":"0","postage_price":"1290.00","shop_order":"0","has_category":"1","landing_pages":null,"microdata":{"number":84,"category":""},"title":"Sz\u00edv fa szobor, puzzle","description":"Sz\u00edv alak\u00fa t\u00f6m\u00f6rfa puzzle, mely \u00f6sszeillesztve gy\u00f6ny\u00f6r\u0171 dekor\u00e1ci\u00f3k\u00e9knt is szolg\u00e1l\n\nEgyik fele olajozott, m\u00e1sik fele nat\u00far\n\nM\u00e9retei: 14,5 x 12 x 2 cm","score":0,"formatted_price":"2 900 Ft","image_url":"https:\/\/www.meska.hu\/img\/product\/small\/k\/i\/kisviragdekor_product_597320_230825102439_56434.jpeg","formatted_url":"https:\/\/www.meska.hu\/p5045451-sziv-fa-szobor-puzzle","favourite":false,"in_stock":false,"avatar":"597320_avatar_1692387635.jpeg","delete_from":0,"is_enhanced_background":false,"is_enhanced":false,"product_selection_started":false,"is_active":true,"image_webp_url":"https:\/\/www.meska.hu\/img\/product\/small\/k\/i\/kisviragdekor_product_597320_230825102439_56434.webp"},{"id":"5734921","shop_id":"28431","user_id":"350695","shop_name":"faajandekok","shop_zip":"5900","product_code":"5525467","product_name_old":null,"product_name":"fak\u00f6nyv 50. h\u00e1zass\u00e1gi \u00e9vfordul\u00f3ra aj\u00e1nd\u00e9k","category_string":"Otthon & \u00c9letm\u00f3d, Dekor\u00e1ci\u00f3, Asztal \u00e9s polc dekor\u00e1ci\u00f3, Grav\u00edrozott t\u00e1bl\u00e1k","technic_string":"Famegmunk\u00e1l\u00e1s, Festett t\u00e1rgyak","category_1":"813","category_2":"314","category_3":"1467","category_4":"1824","merged_category_1":null,"merged_category_2":null,"merged_category_3":null,"technic_1":"478","technic_2":"481","technic_3":"0","color_1":"514","color_2":"0","color_3":"0","product_description_old":null,"product_description":"M\u00e1s \u00e9vfordul\u00f3s sz\u00e1mmal, sz\u00f6veggel, id\u00e9zettel, ak\u00e1r al\u00e1\u00edr\u00e1s v\u00e9settel is elk\u00e9sz\u00edtj\u00fck!\n\nFak\u00f6nyv 50. h\u00e1zass\u00e1gi \u00e9vfordul\u00f3ra, aj\u00e1nd\u00e9k amely garant\u00e1ltan \u00f6r\u00f6k eml\u00e9k marad.\n\nA csal\u00e1d sz\u00e1m\u00e1ra minden h\u00e1zass\u00e1gi \u00e9vfordul\u00f3 kiemelked\u0151 \u00fcnnep.\nMaradand\u00f3v\u00e1 teheti ezt a sz\u00e9p \u00fcnnepet ez az 50. h\u00e1zass\u00e1gi \u00e9vfordul\u00f3ra k\u00e9sz\u00fclt aj\u00e1nd\u00e9k fak\u00f6nyv.\nApr\u00f3l\u00e9kosan megmunk\u00e1lt, m\u00edvesen d\u00edsz\u00edtett fak\u00f6nyv 50. h\u00e1zass\u00e1gi \u00e9vfordul\u00f3s aj\u00e1nd\u00e9k.\nEleg\u00e1ns megjelen\u00e9s\u00e9vel m\u00e9lt\u00f3 a h\u00e1zass\u00e1gi \u00e9vfordul\u00f3 esem\u00e9ny\u00e9hez.\n\nMinden apr\u00f3 r\u00e9szletet egyeztet\u00fcnk. L\u00e1tv\u00e1nytervet k\u00e9sz\u00edt\u00fcnk \u00e9s k\u00fcld\u00fcnk.\nCsak ennek j\u00f3v\u00e1hagy\u00e1sa ut\u00e1n kezdj\u00fck a gy\u00e1rt\u00e1st.\n\nM\u00e9rete kb. 28cm \u00d7 20cm \u00d7 3cm, amely kis m\u00e9rt\u00e9kben v\u00e1ltozhat a rendelkez\u00e9sre \u00e1ll\u00f3 alapanyag szerint.\n\nA fak\u00f6nyvet b\u00fckkf\u00e1b\u00f3l k\u00e9sz\u00edtj\u00fck mar\u00e1ssal, farag\u00e1ssal, g\u00e9pi- \u00e9s k\u00e9zi megmunk\u00e1l\u00e1ssal.\nFa erezete egyediv\u00e9, k\u00fcl\u00f6nlegess\u00e9 var\u00e1zsolja a fak\u00f6nyvet, nem l\u00e9tezik bel\u0151le k\u00e9t egyforma.\n\nEgyedi \u00e9s megism\u00e9telhetetlen.\n\nA minta kialak\u00edt\u00e1sa ut\u00e1n tov\u00e1bb finom\u00edtunk a fa fel\u00fcleti szerkezet\u00e9n.\nEzt k\u00f6vet\u0151en k\u00e9zzel festj\u00fck, antikoljuk, ez is garant\u00e1lja az egyedis\u00e9g\u00e9t.\nAlapesetben polcra, asztalra helyezhet\u0151, de k\u00e9rhet\u0151 falra akaszthat\u00f3 kivitelben is.\n\nEz a fak\u00f6nyv garant\u00e1ltan kiemelkedik a sablonos aj\u00e1nd\u00e9kok sor\u00e1b\u00f3l.\n\nA fak\u00f6nyv egyedi megrendel\u00e9sre k\u00e9sz\u00fcl, kb. 4 munkanap hat\u00e1rid\u0151vel. ","price":"33900.00","unit":"db","recommended":"0","status":"1","sponsored":"0","exp_notify":"0","own_material":"0","own_material_description_old":null,"own_material_description":"","jury":"0","jury_number":"","product_nature":"","meskaracsony":"0","create_date":"2026-03-16 13:28:51","shelve_id":"79832","image":"faajandekok_product_350695_250316095824_30324.jpeg","image_width":"480","image_height":"480","image_alt":"fak\u00f6nyv 50. h\u00e1zass\u00e1gi \u00e9vfordul\u00f3ra aj\u00e1nd\u00e9k, M\u00e1s \u00e9vfordul\u00f3s sz\u00e1mmal, sz\u00f6veggel, id\u00e9zettel, ak\u00e1r al\u00e1\u00edr\u00e1s v\u00e9settel is elk\u00e9sz\u00edtj\u00fck!\\n\\nFak\u00f6nyv 50. h\u00e1z..., Meska","image_title":"fak\u00f6nyv 50. h\u00e1zass\u00e1gi \u00e9vfordul\u00f3ra aj\u00e1nd\u00e9k, Meska","view_count":"2426","favourite_count":"0","trending_score":"0","last2MonthFavouriteCount":"0","promotion":"0","giftcard_accept":"1","creditcard_accept":true,"enhanced_background":"0","domain":"meska","specific_customer_id":null,"specific_customer_name":null,"to_order_product":"1","to_order_product_time":"4","product_different":"quite_different","product_different_description":"Az \u00e1ltalunk k\u00e9sz\u00edtett term\u00e9kek egyediek.\n\u00c9ppen ez\u00e9rt az elk\u00e9sz\u00edtett darab elt\u00e9rhet \u00e1rnyalat\u00e1ban, a fa term\u00e9szetes mint\u00e1zat\u00e1ban a k\u00e9pen l\u00e9v\u0151t\u0151l.\nEtt\u0151l lesz \u00e9rt\u00e9kes \u00e9s megism\u00e9telhetetlen, k\u00fcl\u00f6nleges !","vintage":"0","vintage_category_id":"0","recycled":"0","gemstone_id":"0","customizable":"1","type_category":"physical","zerowaste":"0","postage_price":"1590.00","shop_order":"0","has_category":"1","landing_pages":null,"microdata":{"number":85,"category":""},"title":"fak\u00f6nyv 50. h\u00e1zass\u00e1gi \u00e9vfordul\u00f3ra aj\u00e1nd\u00e9k","description":"M\u00e1s \u00e9vfordul\u00f3s sz\u00e1mmal, sz\u00f6veggel, id\u00e9zettel, ak\u00e1r al\u00e1\u00edr\u00e1s v\u00e9settel is elk\u00e9sz\u00edtj\u00fck!\n\nFak\u00f6nyv 50. h\u00e1zass\u00e1gi \u00e9vfordul\u00f3ra, aj\u00e1nd\u00e9k amely garant\u00e1ltan \u00f6r\u00f6k eml\u00e9k marad.\n\nA csal\u00e1d sz\u00e1m\u00e1ra minden h\u00e1zass\u00e1gi \u00e9vfordul\u00f3 kiemelked\u0151 \u00fcnnep.\nMaradand\u00f3v\u00e1 teheti ezt a sz\u00e9p \u00fcnnepet ez az 50. h\u00e1zass\u00e1gi \u00e9vfordul\u00f3ra k\u00e9sz\u00fclt aj\u00e1nd\u00e9k fak\u00f6nyv.\nApr\u00f3l\u00e9kosan megmunk\u00e1lt, m\u00edvesen d\u00edsz\u00edtett fak\u00f6nyv 50. h\u00e1zass\u00e1gi \u00e9vfordul\u00f3s aj\u00e1nd\u00e9k.\nEleg\u00e1ns megjelen\u00e9s\u00e9vel m\u00e9lt\u00f3 a h\u00e1zass\u00e1gi \u00e9vfordul\u00f3 esem\u00e9ny\u00e9hez.\n\nMinden apr\u00f3 r\u00e9szletet egyeztet\u00fcnk. L\u00e1tv\u00e1nytervet k\u00e9sz\u00edt\u00fcnk \u00e9s k\u00fcld\u00fcnk.\nCsak ennek j\u00f3v\u00e1hagy\u00e1sa ut\u00e1n kezdj\u00fck a gy\u00e1rt\u00e1st.\n\nM\u00e9rete kb. 28cm \u00d7 20cm \u00d7 3cm, amely kis m\u00e9rt\u00e9kben v\u00e1ltozhat a rendelkez\u00e9sre \u00e1ll\u00f3 alapanyag szerint.\n\nA fak\u00f6nyvet b\u00fckkf\u00e1b\u00f3l k\u00e9sz\u00edtj\u00fck mar\u00e1ssal, farag\u00e1ssal, g\u00e9pi- \u00e9s k\u00e9zi megmunk\u00e1l\u00e1ssal.\nFa erezete egyediv\u00e9, k\u00fcl\u00f6nlegess\u00e9 var\u00e1zsolja a fak\u00f6nyvet, nem l\u00e9tezik bel\u0151le k\u00e9t egyforma.\n\nEgyedi \u00e9s megism\u00e9telhetetlen.\n\nA minta kialak\u00edt\u00e1sa ut\u00e1n tov\u00e1bb finom\u00edtunk a fa fel\u00fcleti szerkezet\u00e9n.\nEzt k\u00f6vet\u0151en k\u00e9zzel festj\u00fck, antikoljuk, ez is garant\u00e1lja az egyedis\u00e9g\u00e9t.\nAlapesetben polcra, asztalra helyezhet\u0151, de k\u00e9rhet\u0151 falra akaszthat\u00f3 kivitelben is.\n\nEz a fak\u00f6nyv garant\u00e1ltan kiemelkedik a sablonos aj\u00e1nd\u00e9kok sor\u00e1b\u00f3l.\n\nA fak\u00f6nyv egyedi megrendel\u00e9sre k\u00e9sz\u00fcl, kb. 4 munkanap hat\u00e1rid\u0151vel. ","score":0,"formatted_price":"33 900 Ft","image_url":"https:\/\/www.meska.hu\/img\/product\/small\/f\/a\/faajandekok_product_350695_250316095824_30324.jpeg","formatted_url":"https:\/\/www.meska.hu\/p5525467-fakonyv-50-hazassagi-evfordulora-ajandek","favourite":false,"in_stock":false,"avatar":"faajandekok_avatar_350695_1573510309.jpg","delete_from":0,"is_enhanced_background":false,"is_enhanced":false,"product_selection_started":false,"is_active":true,"image_webp_url":"https:\/\/www.meska.hu\/img\/product\/small\/f\/a\/faajandekok_product_350695_250316095824_30324.webp"},{"id":"5485186","shop_id":"35757","user_id":"467468","shop_name":"SWood","shop_zip":"8990","product_code":"5373318","product_name_old":null,"product_name":"\u00c9kszer, \u00f3ra, kark\u00f6t\u0151 t\u00e1rol\u00f3 \u00e1llv\u00e1ny","category_string":"\u00c9kszer, \u00c9kszertart\u00f3, \u00c9kszertart\u00f3 \u00e1llv\u00e1ny","technic_string":"Famegmunk\u00e1l\u00e1s","category_1":"327","category_2":"565","category_3":"1209","category_4":"0","merged_category_1":null,"merged_category_2":null,"merged_category_3":null,"technic_1":"478","technic_2":"0","technic_3":"0","color_1":"515","color_2":"0","color_3":"0","product_description_old":null,"product_description":"Praktikus \u00e1llv\u00e1ny \u00e9kszerek, \u00f3r\u00e1k, kark\u00f6t\u0151k t\u00e1rol\u00e1s\u00e1ra.\nTeljes eg\u00e9sz\u00e9ben t\u00f6m\u00f6rf\u00e1b\u00f3l k\u00e9sz\u00fclt, b\u00fatorviasszal fel\u00fcletkezelt.\nHossza: 30 cm\nMagass\u00e1ga: 24 cm\n\nAz aktu\u00e1lis k\u00e9szletinform\u00e1ci\u00f3kr\u00f3l k\u00e9rlek \u00e9rdekl\u0151dj \u00fczenetben.\nA k\u00e9peken l\u00e1that\u00f3 \u00e9kszerek illusztr\u00e1ci\u00f3.\n","price":"9480.00","unit":"db","recommended":"0","status":"1","sponsored":"0","exp_notify":"0","own_material":"0","own_material_description_old":null,"own_material_description":"","jury":"0","jury_number":"","product_nature":"","meskaracsony":"0","create_date":"2026-03-16 14:19:04","shelve_id":"0","image":"swood_product_467468_240915161101_922535.jpeg","image_width":"480","image_height":"360","image_alt":"\u00c9kszer, \u00f3ra, kark\u00f6t\u0151 t\u00e1rol\u00f3 \u00e1llv\u00e1ny, Praktikus \u00e1llv\u00e1ny \u00e9kszerek, \u00f3r\u00e1k, kark\u00f6t\u0151k t\u00e1rol\u00e1s\u00e1ra.\\nTeljes eg\u00e9sz\u00e9ben t\u00f6m\u00f6rf\u00e1b\u00f3l k\u00e9sz\u00fclt, b\u00fatorvia..., Meska","image_title":"\u00c9kszer, \u00f3ra, kark\u00f6t\u0151 t\u00e1rol\u00f3 \u00e1llv\u00e1ny, Meska","view_count":"952","favourite_count":"0","trending_score":"0","last2MonthFavouriteCount":"0","promotion":"0","giftcard_accept":"0","creditcard_accept":true,"enhanced_background":"0","domain":"meska","specific_customer_id":null,"specific_customer_name":null,"to_order_product":"0","to_order_product_time":"0","product_different":null,"product_different_description":"","vintage":"0","vintage_category_id":"0","recycled":"0","gemstone_id":"0","customizable":"0","type_category":"physical","zerowaste":"1","postage_price":"1290.00","shop_order":"0","has_category":"1","landing_pages":null,"microdata":{"number":86,"category":""},"title":"\u00c9kszer, \u00f3ra, kark\u00f6t\u0151 t\u00e1rol\u00f3 \u00e1llv\u00e1ny","description":"Praktikus \u00e1llv\u00e1ny \u00e9kszerek, \u00f3r\u00e1k, kark\u00f6t\u0151k t\u00e1rol\u00e1s\u00e1ra.\nTeljes eg\u00e9sz\u00e9ben t\u00f6m\u00f6rf\u00e1b\u00f3l k\u00e9sz\u00fclt, b\u00fatorviasszal fel\u00fcletkezelt.\nHossza: 30 cm\nMagass\u00e1ga: 24 cm\n\nAz aktu\u00e1lis k\u00e9szletinform\u00e1ci\u00f3kr\u00f3l k\u00e9rlek \u00e9rdekl\u0151dj \u00fczenetben.\nA k\u00e9peken l\u00e1that\u00f3 \u00e9kszerek illusztr\u00e1ci\u00f3.\n","score":0,"formatted_price":"9 480 Ft","image_url":"https:\/\/www.meska.hu\/img\/product\/small\/s\/w\/swood_product_467468_240915161101_922535.jpeg","formatted_url":"https:\/\/www.meska.hu\/p5373318-ekszer-ora-karkoto-tarolo-allvany","favourite":false,"in_stock":true,"avatar":"467468_avatar_1729256919.png","delete_from":0,"is_enhanced_background":false,"is_enhanced":false,"product_selection_started":false,"is_active":true,"image_webp_url":"https:\/\/www.meska.hu\/img\/product\/small\/s\/w\/swood_product_467468_240915161101_922535.webp"},{"id":"5485209","shop_id":"35757","user_id":"467468","shop_name":"SWood","shop_zip":"8990","product_code":"5373332","product_name_old":null,"product_name":"Kulcs t\u00e1rol\u00f3 \u00e1llv\u00e1ny, rendszerez\u0151","category_string":"Otthon & \u00c9letm\u00f3d, T\u00e1rol\u00e1s & Rendszerez\u00e9s, \u00cdr\u00f3asztali t\u00e1rol\u00f3","technic_string":"Famegmunk\u00e1l\u00e1s","category_1":"813","category_2":"426","category_3":"994","category_4":"0","merged_category_1":null,"merged_category_2":null,"merged_category_3":null,"technic_1":"478","technic_2":"0","technic_3":"0","color_1":"515","color_2":"0","color_3":"0","product_description_old":null,"product_description":"Praktikus akaszt\u00f3s \u00e1llv\u00e1ny kulcsok, \u00f3r\u00e1k, \u00e9s egy\u00e9b holmik t\u00e1rol\u00e1s\u00e1ra.\nTeljes eg\u00e9sz\u00e9ben t\u00f6m\u00f6rf\u00e1b\u00f3l k\u00e9sz\u00fclt, b\u00fatorviasszal fel\u00fcletkezelt.\nHossza: 30 cm\nMagass\u00e1ga: 24 cm\n\nAz aktu\u00e1lis k\u00e9szletinform\u00e1ci\u00f3kr\u00f3l k\u00e9rlek \u00e9rdekl\u0151dj \u00fczenetben.\n\n","price":"11480.00","unit":"db","recommended":"0","status":"1","sponsored":"0","exp_notify":"0","own_material":"0","own_material_description_old":null,"own_material_description":"","jury":"0","jury_number":"","product_nature":"","meskaracsony":"0","create_date":"2026-01-08 18:31:52","shelve_id":"0","image":"swood_product_467468_240915165624_573848.jpeg","image_width":"480","image_height":"360","image_alt":"Kulcs t\u00e1rol\u00f3 \u00e1llv\u00e1ny, rendszerez\u0151, Praktikus akaszt\u00f3s \u00e1llv\u00e1ny kulcsok, \u00f3r\u00e1k, \u00e9s egy\u00e9b holmik t\u00e1rol\u00e1s\u00e1ra.\\nTeljes eg\u00e9sz\u00e9ben t\u00f6m\u00f6rf\u00e1b\u00f3l k\u00e9..., Meska","image_title":"Kulcs t\u00e1rol\u00f3 \u00e1llv\u00e1ny, rendszerez\u0151, Meska","view_count":"633","favourite_count":"0","trending_score":"0","last2MonthFavouriteCount":"0","promotion":"0","giftcard_accept":"0","creditcard_accept":true,"enhanced_background":"0","domain":"meska","specific_customer_id":null,"specific_customer_name":null,"to_order_product":"0","to_order_product_time":"0","product_different":null,"product_different_description":"","vintage":"0","vintage_category_id":"0","recycled":"0","gemstone_id":"0","customizable":"0","type_category":"physical","zerowaste":"1","postage_price":"1290.00","shop_order":"0","has_category":"1","landing_pages":null,"microdata":{"number":87,"category":""},"title":"Kulcs t\u00e1rol\u00f3 \u00e1llv\u00e1ny, rendszerez\u0151","description":"Praktikus akaszt\u00f3s \u00e1llv\u00e1ny kulcsok, \u00f3r\u00e1k, \u00e9s egy\u00e9b holmik t\u00e1rol\u00e1s\u00e1ra.\nTeljes eg\u00e9sz\u00e9ben t\u00f6m\u00f6rf\u00e1b\u00f3l k\u00e9sz\u00fclt, b\u00fatorviasszal fel\u00fcletkezelt.\nHossza: 30 cm\nMagass\u00e1ga: 24 cm\n\nAz aktu\u00e1lis k\u00e9szletinform\u00e1ci\u00f3kr\u00f3l k\u00e9rlek \u00e9rdekl\u0151dj \u00fczenetben.\n\n","score":0,"formatted_price":"11 480 Ft","image_url":"https:\/\/www.meska.hu\/img\/product\/small\/s\/w\/swood_product_467468_240915165624_573848.jpeg","formatted_url":"https:\/\/www.meska.hu\/p5373332-ekszer-ora-karkoto-tarolo-allvany","favourite":false,"in_stock":true,"avatar":"467468_avatar_1729256919.png","delete_from":0,"is_enhanced_background":false,"is_enhanced":false,"product_selection_started":false,"is_active":true,"image_webp_url":"https:\/\/www.meska.hu\/img\/product\/small\/s\/w\/swood_product_467468_240915165624_573848.webp"},{"id":"5183318","shop_id":"35757","user_id":"467468","shop_name":"SWood","shop_zip":"8990","product_code":"5187936","product_name_old":null,"product_name":"Lebeg\u0151 hat\u00e1s\u00fa t\u00f6lgyfa \u00e1gy","category_string":"Otthon & \u00c9letm\u00f3d, B\u00fator, \u00c1gy, \u00c1gykeretek","technic_string":"Famegmunk\u00e1l\u00e1s","category_1":"813","category_2":"313","category_3":"561","category_4":"1534","merged_category_1":"0","merged_category_2":"0","merged_category_3":"785","technic_1":"478","technic_2":"0","technic_3":"0","color_1":"514","color_2":"0","color_3":"0","product_description_old":null,"product_description":"Lebeg\u0151 hat\u00e1s\u00fa, massz\u00edv szerkezet\u0171 \u00e1gy. Anyaga t\u00f6m\u00f6r t\u00f6lgyfa, mely magas min\u0151s\u00e9g\u0171 b\u00fatorolajjal kezelt, mely m\u00e9gink\u00e1bb id\u0151t\u00e1ll\u00f3bb\u00e1 \u00e9s dekorat\u00edvabb\u00e1 teszi az am\u00fagy is nemes \u00e9s \u00e9rt\u00e9kes t\u00f6lgy faanyagot, \u00edgy \u00e1gya hossz\u00fa \u00e9vtizedekig a h\u00e1l\u00f3szoba \u00e9ke lehet.\nM\u00e9rete: 200x160cm \nM\u00e1s m\u00e9ret ig\u00e9nye eset\u00e9n \u00e9rdekl\u0151dj\u00f6n \u00fczenetben.\nAz \u00e1r tartalmazza az \u00e1gyhoz val\u00f3 \u00e1gyr\u00e1cs deszk\u00e1kat.\nAz \u00e1r nem tartalmazza az \u00e1gybet\u00e9t matracot.\nMivel nagy s\u00faly\u00fa term\u00e9k, az \u00e1tv\u00e9tel \u00e9s sz\u00e1ll\u00edt\u00e1ssal kapcsolatos inform\u00e1ci\u00f3k\u00e9rt \u00e9rdekl\u0151djenek \u00fczenetben.\nEgy\u00e9b elk\u00e9pzel\u00e9seikkel is forduljanak hozz\u00e1nk bizalommal, f\u00e1b\u00f3l b\u00e1rmely \u00f6tlet\u00e9t megval\u00f3s\u00edtjuk.","price":"340000.00","unit":"db","recommended":"0","status":"1","sponsored":"0","exp_notify":"0","own_material":"0","own_material_description_old":null,"own_material_description":"","jury":"0","jury_number":"","product_nature":"","meskaracsony":"0","create_date":"2026-01-10 15:43:28","shelve_id":"0","image":"swood_product_467468_240121124551_395634.jpeg","image_width":"480","image_height":"330","image_alt":"Lebeg\u0151 hat\u00e1s\u00fa t\u00f6lgyfa \u00e1gy, Lebeg\u0151 hat\u00e1s\u00fa, massz\u00edv szerkezet\u0171 \u00e1gy. Anyaga t\u00f6m\u00f6r t\u00f6lgyfa, mely magas min\u0151s\u00e9g\u0171 b\u00fatorolajjal kezelt..., Meska","image_title":"Lebeg\u0151 hat\u00e1s\u00fa t\u00f6lgyfa \u00e1gy, Meska","view_count":"1432","favourite_count":"0","trending_score":"0","last2MonthFavouriteCount":"0","promotion":"0","giftcard_accept":"0","creditcard_accept":true,"enhanced_background":"0","domain":"meska","specific_customer_id":null,"specific_customer_name":null,"to_order_product":"0","to_order_product_time":"0","product_different":null,"product_different_description":"","vintage":"0","vintage_category_id":"0","recycled":"0","gemstone_id":"0","customizable":"0","type_category":"physical","zerowaste":"0","postage_price":"0.00","shop_order":"0","has_category":"1","landing_pages":null,"microdata":{"number":88,"category":""},"title":"Lebeg\u0151 hat\u00e1s\u00fa t\u00f6lgyfa \u00e1gy","description":"Lebeg\u0151 hat\u00e1s\u00fa, massz\u00edv szerkezet\u0171 \u00e1gy. Anyaga t\u00f6m\u00f6r t\u00f6lgyfa, mely magas min\u0151s\u00e9g\u0171 b\u00fatorolajjal kezelt, mely m\u00e9gink\u00e1bb id\u0151t\u00e1ll\u00f3bb\u00e1 \u00e9s dekorat\u00edvabb\u00e1 teszi az am\u00fagy is nemes \u00e9s \u00e9rt\u00e9kes t\u00f6lgy faanyagot, \u00edgy \u00e1gya hossz\u00fa \u00e9vtizedekig a h\u00e1l\u00f3szoba \u00e9ke lehet.\nM\u00e9rete: 200x160cm \nM\u00e1s m\u00e9ret ig\u00e9nye eset\u00e9n \u00e9rdekl\u0151dj\u00f6n \u00fczenetben.\nAz \u00e1r tartalmazza az \u00e1gyhoz val\u00f3 \u00e1gyr\u00e1cs deszk\u00e1kat.\nAz \u00e1r nem tartalmazza az \u00e1gybet\u00e9t matracot.\nMivel nagy s\u00faly\u00fa term\u00e9k, az \u00e1tv\u00e9tel \u00e9s sz\u00e1ll\u00edt\u00e1ssal kapcsolatos inform\u00e1ci\u00f3k\u00e9rt \u00e9rdekl\u0151djenek \u00fczenetben.\nEgy\u00e9b elk\u00e9pzel\u00e9seikkel is forduljanak hozz\u00e1nk bizalommal, f\u00e1b\u00f3l b\u00e1rmely \u00f6tlet\u00e9t megval\u00f3s\u00edtjuk.","score":0,"formatted_price":"340 000 Ft","image_url":"https:\/\/www.meska.hu\/img\/product\/small\/s\/w\/swood_product_467468_240121124551_395634.jpeg","formatted_url":"https:\/\/www.meska.hu\/p5187936-lebego-hatasu-tolgyfa-agy","favourite":false,"in_stock":true,"avatar":"467468_avatar_1729256919.png","delete_from":0,"is_enhanced_background":false,"is_enhanced":false,"product_selection_started":false,"is_active":true,"image_webp_url":"https:\/\/www.meska.hu\/img\/product\/small\/s\/w\/swood_product_467468_240121124551_395634.webp"},{"id":"5222209","shop_id":"40146","user_id":"557457","shop_name":"Softgreen","shop_zip":"5430","product_code":"5217193","product_name_old":null,"product_name":"Antik bronz csill\u00e1r. Nyolckar\u00fa gyertya \u00e9g\u0151s t\u00f6m\u00f6r s\u00falyos darab","category_string":"Otthon & \u00c9letm\u00f3d, L\u00e1mpa, Mennyezeti l\u00e1mpa","technic_string":"F\u00e9mmegmunk\u00e1l\u00e1s","category_1":"813","category_2":"421","category_3":"687","category_4":"0","merged_category_1":null,"merged_category_2":null,"merged_category_3":null,"technic_1":"479","technic_2":"0","technic_3":"0","color_1":"517","color_2":"0","color_3":"0","product_description_old":null,"product_description":"Retro, antik formavil\u00e1g\u00fa mennyezeti csill\u00e1r.\nRobusztus, s\u00falyos darab, gy\u00f6ny\u00f6r\u0171en, eklektikus st\u00edlusban mint\u00e1zott nyolc karral, gyertya form\u00e1j\u00fa \u00e9g\u0151foglalattal, eredeti bronz l\u00e1nccal, \u00e9s f\u00fcggeszt\u00e9kkel.\nHib\u00e1tlan, csillog\u00f3, karc mentes, ak\u00e1r azonnal haszn\u00e1latba vehet\u0151 \u00e1llapotban.\nB\u00e1rmely rusztikus, vagy modern st\u00edlus\u00fa berendez\u00e9shez sz\u00e9pen illeszkedik.\nMagas \u00e9rt\u00e9ket k\u00e9pvisel\u0151 d\u00edszm\u0171t\u00e1rgy, amely kiv\u00e1l\u00f3an emelheti gy\u0171jtem\u00e9nyed sz\u00ednvonal\u00e1t.\nA k\u00e9peken l\u00e1that\u00f3 \u00e1llapot, a kor\u00e1t meghazudtol\u00f3 megbecs\u00fcl\u00e9sr\u0151l tan\u00faskodik.\nAj\u00e1nlom lak\u00e1sba, irod\u00e1ba, \u00fczlethelyis\u00e9gbe, gy\u0171jtem\u00e9nybe, vagy a lak\u00e1sod \u00e9kszerek\u00e9nt.\nAj\u00e1nd\u00e9koz\u00e1si c\u00e9lb\u00f3l kiv\u00e1l\u00f3 v\u00e1laszt\u00e1s.\nVitange bronz csill\u00e1r.\n\nM\u00e9retek, jellemz\u0151k: kb. 76cm. \u00e1tm\u00e9r\u0151, 86cm. magas, 10kg s\u00faly\u00fa.\n\nA szem\u00e9lyes \u00e1tv\u00e9telt javaslom a csomagol\u00e1s neh\u00e9zkess\u00e9ge, \u00e9s a t\u00e1rgy s\u00e9r\u00fcl\u00e9kenys\u00e9ge miatt.","price":"89000.00","unit":"db","recommended":"0","status":"1","sponsored":"0","exp_notify":"0","own_material":"0","own_material_description_old":null,"own_material_description":"","jury":"0","jury_number":"","product_nature":"","meskaracsony":"0","create_date":"2026-03-07 09:09:52","shelve_id":"0","image":"softgreen_product_557457_240212112451_835289.jpeg","image_width":"480","image_height":"538","image_alt":"Antik bronz csill\u00e1r. Nyolckar\u00fa gyertya \u00e9g\u0151s t\u00f6m\u00f6r s\u00falyos darab, Retro, antik formavil\u00e1g\u00fa mennyezeti csill\u00e1r.\\nRobusztus, s\u00falyos darab, gy\u00f6ny\u00f6r\u0171en, eklektikus st\u00edlusb..., Meska","image_title":"Antik bronz csill\u00e1r. Nyolckar\u00fa gyertya \u00e9g\u0151s t\u00f6m\u00f6r s\u00falyos darab, Meska","view_count":"840","favourite_count":"0","trending_score":"0","last2MonthFavouriteCount":"0","promotion":"0","giftcard_accept":"0","creditcard_accept":false,"enhanced_background":"0","domain":"meska","specific_customer_id":null,"specific_customer_name":null,"to_order_product":"0","to_order_product_time":"0","product_different":null,"product_different_description":"","vintage":"1","vintage_category_id":"894","recycled":"0","gemstone_id":"0","customizable":"0","type_category":"physical","zerowaste":"0","postage_price":"1349.00","shop_order":"0","has_category":"1","landing_pages":null,"microdata":{"number":89,"category":""},"title":"Antik bronz csill\u00e1r. Nyolckar\u00fa gyertya \u00e9g\u0151s t\u00f6m\u00f6r s\u00falyos darab","description":"Retro, antik formavil\u00e1g\u00fa mennyezeti csill\u00e1r.\nRobusztus, s\u00falyos darab, gy\u00f6ny\u00f6r\u0171en, eklektikus st\u00edlusban mint\u00e1zott nyolc karral, gyertya form\u00e1j\u00fa \u00e9g\u0151foglalattal, eredeti bronz l\u00e1nccal, \u00e9s f\u00fcggeszt\u00e9kkel.\nHib\u00e1tlan, csillog\u00f3, karc mentes, ak\u00e1r azonnal haszn\u00e1latba vehet\u0151 \u00e1llapotban.\nB\u00e1rmely rusztikus, vagy modern st\u00edlus\u00fa berendez\u00e9shez sz\u00e9pen illeszkedik.\nMagas \u00e9rt\u00e9ket k\u00e9pvisel\u0151 d\u00edszm\u0171t\u00e1rgy, amely kiv\u00e1l\u00f3an emelheti gy\u0171jtem\u00e9nyed sz\u00ednvonal\u00e1t.\nA k\u00e9peken l\u00e1that\u00f3 \u00e1llapot, a kor\u00e1t meghazudtol\u00f3 megbecs\u00fcl\u00e9sr\u0151l tan\u00faskodik.\nAj\u00e1nlom lak\u00e1sba, irod\u00e1ba, \u00fczlethelyis\u00e9gbe, gy\u0171jtem\u00e9nybe, vagy a lak\u00e1sod \u00e9kszerek\u00e9nt.\nAj\u00e1nd\u00e9koz\u00e1si c\u00e9lb\u00f3l kiv\u00e1l\u00f3 v\u00e1laszt\u00e1s.\nVitange bronz csill\u00e1r.\n\nM\u00e9retek, jellemz\u0151k: kb. 76cm. \u00e1tm\u00e9r\u0151, 86cm. magas, 10kg s\u00faly\u00fa.\n\nA szem\u00e9lyes \u00e1tv\u00e9telt javaslom a csomagol\u00e1s neh\u00e9zkess\u00e9ge, \u00e9s a t\u00e1rgy s\u00e9r\u00fcl\u00e9kenys\u00e9ge miatt.","score":0,"formatted_price":"89 000 Ft","image_url":"https:\/\/www.meska.hu\/img\/product\/small\/s\/o\/softgreen_product_557457_240212112451_835289.jpeg","formatted_url":"https:\/\/www.meska.hu\/p5217193-antik-bronz-csillar-nyolckaru-gyertya-egos-tomor-sulyos-darab","favourite":false,"in_stock":true,"avatar":"557457_avatar_1676033430.jpeg","delete_from":0,"is_enhanced_background":false,"is_enhanced":false,"product_selection_started":false,"is_active":true,"image_webp_url":"https:\/\/www.meska.hu\/img\/product\/small\/s\/o\/softgreen_product_557457_240212112451_835289.webp"},{"id":"5742910","shop_id":"45908","user_id":"667012","shop_name":"Holzwerk","shop_zip":"2167","product_code":"5529782","product_name_old":null,"product_name":"Fali\u00f3ra egyedi minimalista st\u00edlus, modern amerikai di\u00f3 \u00e9s t\u00f6m\u00f6r t\u00f6lgyfa, fald\u00edsz.","category_string":"Otthon & \u00c9letm\u00f3d, Dekor\u00e1ci\u00f3, Fali \u00e9s f\u00fcgg\u0151 dekor\u00e1ci\u00f3, Fali\u00f3ra & \u00f3ra","technic_string":"Famegmunk\u00e1l\u00e1s","category_1":"813","category_2":"314","category_3":"1470","category_4":"414","merged_category_1":null,"merged_category_2":null,"merged_category_3":null,"technic_1":"478","technic_2":"0","technic_3":"0","color_1":"514","color_2":"520","color_3":"0","product_description_old":null,"product_description":"M\u00e9retek: 58x18x2 cm\nEgyedi tervez\u00e9s\u0171, sorsz\u00e1mozott darab, amelyb\u0151l eddig csak n\u00e9h\u00e1ny k\u00e9sz\u00fclt vil\u00e1gszerte!\n\nEz a k\u00fcl\u00f6nleges fali \u00f3ra nem csup\u00e1n egy \u00f3ra, hanem otthona eleg\u00e1ns d\u00edsze is.\n\nEmelje \u00faj szintre otthona dekor\u00e1ci\u00f3j\u00e1t eleg\u00e1ns fali\u00f3r\u00e1nkkal, amely pr\u00e9mium min\u0151s\u00e9g\u0171 eur\u00f3pai t\u00f6lgyb\u0151l \u00e9s amerikai di\u00f3 t\u00f6m\u00f6rf\u00e1b\u00f3l k\u00e9sz\u00fclt. Ez a minimalista remekm\u0171 b\u00e1rmilyen st\u00edlusba k\u00f6nnyed\u00e9n beleillik, \u00e9s kifinomults\u00e1got, valamint \u00edzl\u00e9sess\u00e9get sug\u00e1roz.\n\nEz a term\u00e9k k\u00e9zzel k\u00e9sz\u00fclt egy magyarorsz\u00e1gi kis m\u0171helyben, ahol a mester minden darabot saj\u00e1t kez\u0171leg k\u00e9sz\u00edt szeretettel \u00e9s gondos odafigyel\u00e9ssel.\n\u00cdgy v\u00e1lik az id\u0151, a term\u00e9szet \u00e9s a diz\u00e1jn egyedi harm\u00f3ni\u00e1v\u00e1, amely szavak n\u00e9lk\u00fcl mes\u00e9l el minden \u00e9lm\u00e9nyt, amit ez a fa \u00e1t\u00e9lt.\n\nLetisztult \u00e9s minimalista diz\u00e1jn: fali\u00f3r\u00e1nk eleg\u00e1ns \u00e9s rendezett megjelen\u00e9s\u00e9vel t\u00f6k\u00e9letesen illeszkedik a modern, kort\u00e1rs \u00e9s skandin\u00e1v st\u00edlus\u00fa enteri\u0151r\u00f6kbe.\n\nKiv\u00e1l\u00f3 min\u0151s\u00e9g\u0171 anyagok: eur\u00f3pai t\u00f6lgyb\u0151l \u00e9s amerikai di\u00f3 t\u00f6m\u00f6rf\u00e1b\u00f3l k\u00e9sz\u00fclt \u00f3r\u00e1nk hossz\u00fa \u00e9veken \u00e1t tart\u00f3s haszn\u00e1latot biztos\u00edt. Az eur\u00f3pai t\u00f6lgy aranyl\u00f3an sz\u00e9p erezete \u00e9s az amerikai di\u00f3 fa k\u00fcl\u00f6nleges p\u00e1ros\u00edt\u00e1st alkotnak, mintha e k\u00e9t kontinens a term\u00e9szet soksz\u00edn\u0171s\u00e9g\u00e9t \u00e9s kult\u00far\u00e1juk var\u00e1zs\u00e1t egyes\u00edten\u00e9 az \u00f3r\u00e1ban.\nA fekete design sz\u00e1mok \u00e9s mutat\u00f3k kieg\u00e9sz\u00edtik ezt, eleganci\u00e1t \u00e9s luxus \u00e9rzetet k\u00f6lcs\u00f6n\u00f6zve, tov\u00e1bb fokozva az \u00f3ra egyedis\u00e9g\u00e9t \u00e9s id\u0151t\u00e1ll\u00f3 st\u00edlus\u00e1t.\n\nCsendes m\u0171k\u00f6d\u00e9s: \u00e9lvezze a b\u00e9k\u00e9s \u00e9s zavartalan k\u00f6rnyezetet a csendes m\u0171k\u00f6d\u00e9s\u0171 kialak\u00edt\u00e1snak k\u00f6sz\u00f6nhet\u0151en. Az \u00f3ra kiv\u00e1l\u00f3 min\u0151s\u00e9g\u0171 kvarc szerkezete biztos\u00edtja az egyenletes \u00e9s pontos id\u0151m\u00e9r\u00e9st, zavar\u00f3 ketyeg\u00e9s \u00e9s z\u00fcmm\u00f6g\u00e9s n\u00e9lk\u00fcl.\n\nEgyszer\u0171 falra szerel\u00e9s: az \u00f3ra er\u0151s szerel\u0151elemekkel van felszerelve, \u00edgy b\u00e1rmilyen falra egyszer\u0171en \u00e9s biztons\u00e1gosan felszerelhet\u0151.\n\nEmelje otthona dekor\u00e1ci\u00f3j\u00e1t: fali\u00f3r\u00e1nk eleganci\u00e1t \u00e9s kifinomults\u00e1got ad minden t\u00e9rnek, ezzel n\u00f6velve otthona \u00e1ltal\u00e1nos hangulat\u00e1t.\n\nFektessen min\u0151s\u00e9gbe: \u00f3r\u00e1nkat pr\u00e9mium anyagokb\u00f3l \u00e9s gondos kivitelez\u00e9ssel k\u00e9sz\u00edtj\u00fck, \u00edgy egy tart\u00f3s befektet\u00e9s, amely \u00e9veken \u00e1t d\u00edsz\u00edti majd otthon\u00e1t.\n\n\u00c9lvezze a nyugodt k\u00f6rnyezetet: tapasztalja meg a csendes \u00f3ra nyugalm\u00e1t, amely lehet\u0151v\u00e9 teszi, hogy zavar\u00f3 ketyeg\u00e9s vagy z\u00fcmm\u00f6g\u00e9s n\u00e9lk\u00fcl a pillanatra \u00f6sszpontos\u00edtson.\n\nFejezze ki egyedi st\u00edlus\u00e1t: sokoldal\u00fa diz\u00e1jnunk sz\u00e9lesk\u00f6r\u0171 dekor\u00e1ci\u00f3s st\u00edlusokhoz illeszkedik, \u00edgy b\u00e1rmely szoba t\u00f6k\u00e9letes kieg\u00e9sz\u00edt\u0151je.\n\nLegyen k\u00fcl\u00f6nleges  letisztult, modern minimalista fali\u00f3r\u00e1nkkal, \u00e9s alak\u00edtsa otthon\u00e1t kifinomults\u00e1g \u00e9s st\u00edlus fellegv\u00e1r\u00e1v\u00e1.\n\nV\u00e1s\u00e1rolja meg ezt a k\u00fcl\u00f6nleges fali\u00f3r\u00e1t, \u00e9s vigyen egyedi sz\u00e9ps\u00e9get otthon\u00e1ba!\n","price":"37500.00","unit":"db","recommended":"0","status":"1","sponsored":"0","exp_notify":"0","own_material":"0","own_material_description_old":null,"own_material_description":"","jury":"0","jury_number":"","product_nature":"","meskaracsony":"0","create_date":"2026-03-19 15:41:22","shelve_id":"0","image":"holzwerk_product_667012_250324134335_893591.jpeg","image_width":"480","image_height":"360","image_alt":"Fali\u00f3ra egyedi minimalista st\u00edlus, modern amerikai di\u00f3 \u00e9s t\u00f6m\u00f6r t\u00f6lgyfa, fald\u00edsz., M\u00e9retek: 58x18x2 cm\\nEgyedi tervez\u00e9s\u0171, sorsz\u00e1mozott darab, amelyb\u0151l eddig csak n\u00e9h\u00e1ny k\u00e9sz\u00fclt vil\u00e1gsz..., Meska","image_title":"Fali\u00f3ra egyedi minimalista st\u00edlus, modern amerikai di\u00f3 \u00e9s t\u00f6m\u00f6r t\u00f6lgyfa, fald\u00edsz., Meska","view_count":"220","favourite_count":"0","trending_score":"0","last2MonthFavouriteCount":"0","promotion":"0","giftcard_accept":"0","creditcard_accept":true,"enhanced_background":"0","domain":"meska","specific_customer_id":null,"specific_customer_name":null,"to_order_product":"0","to_order_product_time":"0","product_different":null,"product_different_description":"","vintage":"0","vintage_category_id":"0","recycled":"0","gemstone_id":"0","customizable":"0","type_category":"physical","zerowaste":"0","postage_price":"1290.00","shop_order":"0","has_category":"1","landing_pages":null,"microdata":{"number":90,"category":""},"title":"Fali\u00f3ra egyedi minimalista st\u00edlus, modern amerikai di\u00f3 \u00e9s t\u00f6m\u00f6r t\u00f6lgyfa, fald\u00edsz.","description":"M\u00e9retek: 58x18x2 cm\nEgyedi tervez\u00e9s\u0171, sorsz\u00e1mozott darab, amelyb\u0151l eddig csak n\u00e9h\u00e1ny k\u00e9sz\u00fclt vil\u00e1gszerte!\n\nEz a k\u00fcl\u00f6nleges fali \u00f3ra nem csup\u00e1n egy \u00f3ra, hanem otthona eleg\u00e1ns d\u00edsze is.\n\nEmelje \u00faj szintre otthona dekor\u00e1ci\u00f3j\u00e1t eleg\u00e1ns fali\u00f3r\u00e1nkkal, amely pr\u00e9mium min\u0151s\u00e9g\u0171 eur\u00f3pai t\u00f6lgyb\u0151l \u00e9s amerikai di\u00f3 t\u00f6m\u00f6rf\u00e1b\u00f3l k\u00e9sz\u00fclt. Ez a minimalista remekm\u0171 b\u00e1rmilyen st\u00edlusba k\u00f6nnyed\u00e9n beleillik, \u00e9s kifinomults\u00e1got, valamint \u00edzl\u00e9sess\u00e9get sug\u00e1roz.\n\nEz a term\u00e9k k\u00e9zzel k\u00e9sz\u00fclt egy magyarorsz\u00e1gi kis m\u0171helyben, ahol a mester minden darabot saj\u00e1t kez\u0171leg k\u00e9sz\u00edt szeretettel \u00e9s gondos odafigyel\u00e9ssel.\n\u00cdgy v\u00e1lik az id\u0151, a term\u00e9szet \u00e9s a diz\u00e1jn egyedi harm\u00f3ni\u00e1v\u00e1, amely szavak n\u00e9lk\u00fcl mes\u00e9l el minden \u00e9lm\u00e9nyt, amit ez a fa \u00e1t\u00e9lt.\n\nLetisztult \u00e9s minimalista diz\u00e1jn: fali\u00f3r\u00e1nk eleg\u00e1ns \u00e9s rendezett megjelen\u00e9s\u00e9vel t\u00f6k\u00e9letesen illeszkedik a modern, kort\u00e1rs \u00e9s skandin\u00e1v st\u00edlus\u00fa enteri\u0151r\u00f6kbe.\n\nKiv\u00e1l\u00f3 min\u0151s\u00e9g\u0171 anyagok: eur\u00f3pai t\u00f6lgyb\u0151l \u00e9s amerikai di\u00f3 t\u00f6m\u00f6rf\u00e1b\u00f3l k\u00e9sz\u00fclt \u00f3r\u00e1nk hossz\u00fa \u00e9veken \u00e1t tart\u00f3s haszn\u00e1latot biztos\u00edt. Az eur\u00f3pai t\u00f6lgy aranyl\u00f3an sz\u00e9p erezete \u00e9s az amerikai di\u00f3 fa k\u00fcl\u00f6nleges p\u00e1ros\u00edt\u00e1st alkotnak, mintha e k\u00e9t kontinens a term\u00e9szet soksz\u00edn\u0171s\u00e9g\u00e9t \u00e9s kult\u00far\u00e1juk var\u00e1zs\u00e1t egyes\u00edten\u00e9 az \u00f3r\u00e1ban.\nA fekete design sz\u00e1mok \u00e9s mutat\u00f3k kieg\u00e9sz\u00edtik ezt, eleganci\u00e1t \u00e9s luxus \u00e9rzetet k\u00f6lcs\u00f6n\u00f6zve, tov\u00e1bb fokozva az \u00f3ra egyedis\u00e9g\u00e9t \u00e9s id\u0151t\u00e1ll\u00f3 st\u00edlus\u00e1t.\n\nCsendes m\u0171k\u00f6d\u00e9s: \u00e9lvezze a b\u00e9k\u00e9s \u00e9s zavartalan k\u00f6rnyezetet a csendes m\u0171k\u00f6d\u00e9s\u0171 kialak\u00edt\u00e1snak k\u00f6sz\u00f6nhet\u0151en. Az \u00f3ra kiv\u00e1l\u00f3 min\u0151s\u00e9g\u0171 kvarc szerkezete biztos\u00edtja az egyenletes \u00e9s pontos id\u0151m\u00e9r\u00e9st, zavar\u00f3 ketyeg\u00e9s \u00e9s z\u00fcmm\u00f6g\u00e9s n\u00e9lk\u00fcl.\n\nEgyszer\u0171 falra szerel\u00e9s: az \u00f3ra er\u0151s szerel\u0151elemekkel van felszerelve, \u00edgy b\u00e1rmilyen falra egyszer\u0171en \u00e9s biztons\u00e1gosan felszerelhet\u0151.\n\nEmelje otthona dekor\u00e1ci\u00f3j\u00e1t: fali\u00f3r\u00e1nk eleganci\u00e1t \u00e9s kifinomults\u00e1got ad minden t\u00e9rnek, ezzel n\u00f6velve otthona \u00e1ltal\u00e1nos hangulat\u00e1t.\n\nFektessen min\u0151s\u00e9gbe: \u00f3r\u00e1nkat pr\u00e9mium anyagokb\u00f3l \u00e9s gondos kivitelez\u00e9ssel k\u00e9sz\u00edtj\u00fck, \u00edgy egy tart\u00f3s befektet\u00e9s, amely \u00e9veken \u00e1t d\u00edsz\u00edti majd otthon\u00e1t.\n\n\u00c9lvezze a nyugodt k\u00f6rnyezetet: tapasztalja meg a csendes \u00f3ra nyugalm\u00e1t, amely lehet\u0151v\u00e9 teszi, hogy zavar\u00f3 ketyeg\u00e9s vagy z\u00fcmm\u00f6g\u00e9s n\u00e9lk\u00fcl a pillanatra \u00f6sszpontos\u00edtson.\n\nFejezze ki egyedi st\u00edlus\u00e1t: sokoldal\u00fa diz\u00e1jnunk sz\u00e9lesk\u00f6r\u0171 dekor\u00e1ci\u00f3s st\u00edlusokhoz illeszkedik, \u00edgy b\u00e1rmely szoba t\u00f6k\u00e9letes kieg\u00e9sz\u00edt\u0151je.\n\nLegyen k\u00fcl\u00f6nleges  letisztult, modern minimalista fali\u00f3r\u00e1nkkal, \u00e9s alak\u00edtsa otthon\u00e1t kifinomults\u00e1g \u00e9s st\u00edlus fellegv\u00e1r\u00e1v\u00e1.\n\nV\u00e1s\u00e1rolja meg ezt a k\u00fcl\u00f6nleges fali\u00f3r\u00e1t, \u00e9s vigyen egyedi sz\u00e9ps\u00e9get otthon\u00e1ba!\n","score":0,"formatted_price":"37 500 Ft","image_url":"https:\/\/www.meska.hu\/img\/product\/small\/h\/o\/holzwerk_product_667012_250324134335_893591.jpeg","formatted_url":"https:\/\/www.meska.hu\/p5529782-faliora-egyedi-minimalista-stilus-modern-amerikai-dio-es-tomor-tolgyfa-faldisz","favourite":false,"in_stock":true,"avatar":"667012_avatar_1722365238.jpeg","delete_from":0,"is_enhanced_background":false,"is_enhanced":false,"product_selection_started":false,"is_active":true,"image_webp_url":"https:\/\/www.meska.hu\/img\/product\/small\/h\/o\/holzwerk_product_667012_250324134335_893591.webp"},{"id":"5742949","shop_id":"45908","user_id":"667012","shop_name":"Holzwerk","shop_zip":"2167","product_code":"5529809","product_name_old":null,"product_name":"Modern fali\u00f3ra szib\u00e9riai \u00fajrahasznos\u00edtott feny\u0151b\u0151l","category_string":"Otthon & \u00c9letm\u00f3d, Dekor\u00e1ci\u00f3, Fali \u00e9s f\u00fcgg\u0151 dekor\u00e1ci\u00f3, Fali\u00f3ra & \u00f3ra","technic_string":"","category_1":"813","category_2":"314","category_3":"1470","category_4":"414","merged_category_1":null,"merged_category_2":null,"merged_category_3":null,"technic_1":"0","technic_2":"0","technic_3":"0","color_1":"514","color_2":"0","color_3":"0","product_description_old":null,"product_description":"**M\u00e9retek: 60x10x2 cm**  \n\nEz a letisztult formavil\u00e1g\u00fa fali \u00f3ra \u00fajrahasznos\u00edtott szib\u00e9riai v\u00f6r\u00f6sfeny\u0151b\u0151l k\u00e9sz\u00fclt, amely kor\u00e1bban egy h\u00e1z fa terasz\u00e1nak r\u00e9sze volt 20 \u00e9ven \u00e1t.  \n\nA szib\u00e9riai v\u00f6r\u00f6sfeny\u0151 a hideg \u00e9ghajlat miatt lassan n\u0151, \u00edgy rendk\u00edv\u00fcl s\u0171r\u0171 sz\u00e1l\u00adszerkezettel \u00e9s gazdag gyantatartalommal rendelkezik, amely kiv\u00e1l\u00f3 ellen\u00e1ll\u00f3 k\u00e9pess\u00e9get biztos\u00edt sz\u00e1m\u00e1ra. Most, hogy \u00fajra \u00e9letre kelt az \u00fajrahasznos\u00edt\u00e1s r\u00e9v\u00e9n, m\u00e9lt\u00f3 d\u00edsze lehet otthon\u00e1nak.  \n\nV\u00e1s\u00e1rolja meg ezt a k\u00fcl\u00f6nleges fali dekor\u00e1ci\u00f3t, \u00e9s gazdagodjon egy ritka, \u00f6reg szib\u00e9riai f\u00e1val, amely mindig pontosan mutatja az id\u0151 m\u00fal\u00e1s\u00e1t!  \n\n**Csendes kvarc \u00f3raszerkezet**  \nNyugodt \u00e9s egyenletes j\u00e1r\u00e1s, kiv\u00e1l\u00f3 min\u0151s\u00e9g\u0171 kvarc szerkezet. Nincs t\u00f6bb hangos, zavar\u00f3 ketyeg\u00e9s \u2013 csak \u00e9lvezze a b\u00e9k\u00e9s id\u0151 m\u00fal\u00e1s\u00e1t.  \n\n**Egyedi kieg\u00e9sz\u00edt\u0151 az otthon\u00e1ban**  \nEz a term\u00e9k k\u00e9zzel k\u00e9sz\u00fcl egy kis magyar m\u0171helyben, ahol a mester szeretettel \u00e9s gondos odafigyel\u00e9ssel alkotja meg minden egyes darabot. A fa erezete \u00e9s sz\u00edne \u2013 szerkezet\u00e9b\u0151l \u00e9s term\u00e9szet\u00e9b\u0151l ad\u00f3d\u00f3an \u2013 kiss\u00e9 elt\u00e9rhet a k\u00e9pen l\u00e1tottakt\u00f3l, \u00e1m \u00e9ppen ez teszi minden egyes \u00f3r\u00e1t k\u00fcl\u00f6nlegess\u00e9 \u00e9s egyediv\u00e9.","price":"27500.00","unit":"db","recommended":"0","status":"1","sponsored":"0","exp_notify":"0","own_material":"0","own_material_description_old":null,"own_material_description":"","jury":"0","jury_number":"","product_nature":"","meskaracsony":"0","create_date":"2026-03-19 15:41:23","shelve_id":"0","image":"holzwerk_product_667012_250324143941_65690.jpeg","image_width":"480","image_height":"480","image_alt":"Modern fali\u00f3ra szib\u00e9riai \u00fajrahasznos\u00edtott feny\u0151b\u0151l, **M\u00e9retek: 60x10x2 cm**  \\n\\nEz a letisztult formavil\u00e1g\u00fa fali \u00f3ra \u00fajrahasznos\u00edtott szib\u00e9riai v\u00f6r\u00f6sfeny..., Meska","image_title":"Modern fali\u00f3ra szib\u00e9riai \u00fajrahasznos\u00edtott feny\u0151b\u0151l, Meska","view_count":"318","favourite_count":"0","trending_score":"0","last2MonthFavouriteCount":"0","promotion":"0","giftcard_accept":"0","creditcard_accept":true,"enhanced_background":"0","domain":"meska","specific_customer_id":null,"specific_customer_name":null,"to_order_product":"0","to_order_product_time":"0","product_different":null,"product_different_description":"","vintage":"0","vintage_category_id":"0","recycled":"1","gemstone_id":"0","customizable":"0","type_category":"physical","zerowaste":"0","postage_price":"1290.00","shop_order":"0","has_category":"1","landing_pages":null,"microdata":{"number":91,"category":""},"title":"Modern fali\u00f3ra szib\u00e9riai \u00fajrahasznos\u00edtott feny\u0151b\u0151l","description":"**M\u00e9retek: 60x10x2 cm**  \n\nEz a letisztult formavil\u00e1g\u00fa fali \u00f3ra \u00fajrahasznos\u00edtott szib\u00e9riai v\u00f6r\u00f6sfeny\u0151b\u0151l k\u00e9sz\u00fclt, amely kor\u00e1bban egy h\u00e1z fa terasz\u00e1nak r\u00e9sze volt 20 \u00e9ven \u00e1t.  \n\nA szib\u00e9riai v\u00f6r\u00f6sfeny\u0151 a hideg \u00e9ghajlat miatt lassan n\u0151, \u00edgy rendk\u00edv\u00fcl s\u0171r\u0171 sz\u00e1l\u00adszerkezettel \u00e9s gazdag gyantatartalommal rendelkezik, amely kiv\u00e1l\u00f3 ellen\u00e1ll\u00f3 k\u00e9pess\u00e9get biztos\u00edt sz\u00e1m\u00e1ra. Most, hogy \u00fajra \u00e9letre kelt az \u00fajrahasznos\u00edt\u00e1s r\u00e9v\u00e9n, m\u00e9lt\u00f3 d\u00edsze lehet otthon\u00e1nak.  \n\nV\u00e1s\u00e1rolja meg ezt a k\u00fcl\u00f6nleges fali dekor\u00e1ci\u00f3t, \u00e9s gazdagodjon egy ritka, \u00f6reg szib\u00e9riai f\u00e1val, amely mindig pontosan mutatja az id\u0151 m\u00fal\u00e1s\u00e1t!  \n\n**Csendes kvarc \u00f3raszerkezet**  \nNyugodt \u00e9s egyenletes j\u00e1r\u00e1s, kiv\u00e1l\u00f3 min\u0151s\u00e9g\u0171 kvarc szerkezet. Nincs t\u00f6bb hangos, zavar\u00f3 ketyeg\u00e9s \u2013 csak \u00e9lvezze a b\u00e9k\u00e9s id\u0151 m\u00fal\u00e1s\u00e1t.  \n\n**Egyedi kieg\u00e9sz\u00edt\u0151 az otthon\u00e1ban**  \nEz a term\u00e9k k\u00e9zzel k\u00e9sz\u00fcl egy kis magyar m\u0171helyben, ahol a mester szeretettel \u00e9s gondos odafigyel\u00e9ssel alkotja meg minden egyes darabot. A fa erezete \u00e9s sz\u00edne \u2013 szerkezet\u00e9b\u0151l \u00e9s term\u00e9szet\u00e9b\u0151l ad\u00f3d\u00f3an \u2013 kiss\u00e9 elt\u00e9rhet a k\u00e9pen l\u00e1tottakt\u00f3l, \u00e1m \u00e9ppen ez teszi minden egyes \u00f3r\u00e1t k\u00fcl\u00f6nlegess\u00e9 \u00e9s egyediv\u00e9.","score":0,"formatted_price":"27 500 Ft","image_url":"https:\/\/www.meska.hu\/img\/product\/small\/h\/o\/holzwerk_product_667012_250324143941_65690.jpeg","formatted_url":"https:\/\/www.meska.hu\/p5529809-modern-faliora-sziberiai-ujrahasznositott-fenyobol","favourite":false,"in_stock":true,"avatar":"667012_avatar_1722365238.jpeg","delete_from":0,"is_enhanced_background":false,"is_enhanced":false,"product_selection_started":false,"is_active":true,"image_webp_url":"https:\/\/www.meska.hu\/img\/product\/small\/h\/o\/holzwerk_product_667012_250324143941_65690.webp"},{"id":"5742927","shop_id":"45908","user_id":"667012","shop_name":"Holzwerk","shop_zip":"2167","product_code":"5529795","product_name_old":null,"product_name":"Fali\u00f3ra egyedi minimalista st\u00edlus, modern zebrano fa, fald\u00edsz.","category_string":"Otthon & \u00c9letm\u00f3d, Dekor\u00e1ci\u00f3, Fali \u00e9s f\u00fcgg\u0151 dekor\u00e1ci\u00f3, Fali\u00f3ra & \u00f3ra","technic_string":"Famegmunk\u00e1l\u00e1s","category_1":"813","category_2":"314","category_3":"1470","category_4":"414","merged_category_1":null,"merged_category_2":null,"merged_category_3":null,"technic_1":"478","technic_2":"0","technic_3":"0","color_1":"512","color_2":"514","color_3":"0","product_description_old":null,"product_description":"Modern fali\u00f3ra, kiv\u00e1l\u00f3 min\u0151s\u00e9g\u0171 t\u00f6m\u00f6r afrikai zebraf\u00e1b\u00f3l, amely st\u00edlusos dekor\u00e1ci\u00f3s eleme lehet otthonodnak, irod\u00e1dnak, vagy ak\u00e1r egy \u00e9tteremnek, k\u00e1v\u00e9z\u00f3nak. Ez a faldekor\u00e1ci\u00f3 egyszer\u0171, m\u00e9gis k\u00fcl\u00f6nleges; csendesen vonzza a tekintetet \u00e9s elgondolkodtat. A t\u00f6m\u00f6r fa meleg hat\u00e1st kelt, \u00e9s j\u00f3l illeszkedik b\u00e1rmilyen m\u00e1s diz\u00e1jnelemhez.\n\nA term\u00e9ket egy magyarorsz\u00e1gi kis m\u0171helyben, k\u00e9zzel k\u00e9sz\u00edtik, ahol a mester minden egyes darabot szeretettel \u00e9s gondos figyelemmel alkot meg.\n\nV\u00e1s\u00e1rold meg ezt a k\u00fcl\u00f6nleges faldekor\u00e1ci\u00f3t, \u00e9s tedd egyediv\u00e9 otthonodat!\n\nCsendes kvarc szerkezete nyugodtan \u00e9s sim\u00e1n m\u0171k\u00f6dik. Kiv\u00e1l\u00f3 min\u0151s\u00e9g\u0171 kvarc \u00f3ram\u0171, amely v\u00e9get vet a zavar\u00f3, hangos ketyeg\u00e9snek, \u00edgy b\u00e9k\u00e9ben \u00e9lvezheted az id\u0151 m\u00fal\u00e1s\u00e1t. Az \u00f3r\u00e1d egyedi.\n\nFontos megjegyezni, hogy a fa erezete \u00e9s sz\u00edne \u2013 term\u00e9szetes szerkezete miatt \u2013 elt\u00e9rhet a k\u00e9pen l\u00e1tottakt\u00f3l, \u00e1m \u00e9ppen ez teszi minden darabot egyediv\u00e9, saj\u00e1tos m\u00f3don megism\u00e9telhetetlenn\u00e9.\n\nM\u00e9ret:\n60x10x2cm","price":"29900.00","unit":"db","recommended":"0","status":"1","sponsored":"0","exp_notify":"0","own_material":"0","own_material_description_old":null,"own_material_description":"","jury":"0","jury_number":"","product_nature":"","meskaracsony":"0","create_date":"2026-03-19 15:41:30","shelve_id":"0","image":"holzwerk_product_667012_250324141913_26668.png","image_width":"480","image_height":"480","image_alt":"Fali\u00f3ra egyedi minimalista st\u00edlus, modern zebrano fa, fald\u00edsz., Modern fali\u00f3ra, kiv\u00e1l\u00f3 min\u0151s\u00e9g\u0171 t\u00f6m\u00f6r afrikai zebraf\u00e1b\u00f3l, amely st\u00edlusos dekor\u00e1ci\u00f3s eleme lehet otth..., Meska","image_title":"Fali\u00f3ra egyedi minimalista st\u00edlus, modern zebrano fa, fald\u00edsz., Meska","view_count":"212","favourite_count":"0","trending_score":"0","last2MonthFavouriteCount":"0","promotion":"0","giftcard_accept":"0","creditcard_accept":true,"enhanced_background":"0","domain":"meska","specific_customer_id":null,"specific_customer_name":null,"to_order_product":"0","to_order_product_time":"0","product_different":null,"product_different_description":"","vintage":"0","vintage_category_id":"0","recycled":"0","gemstone_id":"0","customizable":"0","type_category":"physical","zerowaste":"0","postage_price":"1290.00","shop_order":"0","has_category":"1","landing_pages":null,"microdata":{"number":92,"category":""},"title":"Fali\u00f3ra egyedi minimalista st\u00edlus, modern zebrano fa, fald\u00edsz.","description":"Modern fali\u00f3ra, kiv\u00e1l\u00f3 min\u0151s\u00e9g\u0171 t\u00f6m\u00f6r afrikai zebraf\u00e1b\u00f3l, amely st\u00edlusos dekor\u00e1ci\u00f3s eleme lehet otthonodnak, irod\u00e1dnak, vagy ak\u00e1r egy \u00e9tteremnek, k\u00e1v\u00e9z\u00f3nak. Ez a faldekor\u00e1ci\u00f3 egyszer\u0171, m\u00e9gis k\u00fcl\u00f6nleges; csendesen vonzza a tekintetet \u00e9s elgondolkodtat. A t\u00f6m\u00f6r fa meleg hat\u00e1st kelt, \u00e9s j\u00f3l illeszkedik b\u00e1rmilyen m\u00e1s diz\u00e1jnelemhez.\n\nA term\u00e9ket egy magyarorsz\u00e1gi kis m\u0171helyben, k\u00e9zzel k\u00e9sz\u00edtik, ahol a mester minden egyes darabot szeretettel \u00e9s gondos figyelemmel alkot meg.\n\nV\u00e1s\u00e1rold meg ezt a k\u00fcl\u00f6nleges faldekor\u00e1ci\u00f3t, \u00e9s tedd egyediv\u00e9 otthonodat!\n\nCsendes kvarc szerkezete nyugodtan \u00e9s sim\u00e1n m\u0171k\u00f6dik. Kiv\u00e1l\u00f3 min\u0151s\u00e9g\u0171 kvarc \u00f3ram\u0171, amely v\u00e9get vet a zavar\u00f3, hangos ketyeg\u00e9snek, \u00edgy b\u00e9k\u00e9ben \u00e9lvezheted az id\u0151 m\u00fal\u00e1s\u00e1t. Az \u00f3r\u00e1d egyedi.\n\nFontos megjegyezni, hogy a fa erezete \u00e9s sz\u00edne \u2013 term\u00e9szetes szerkezete miatt \u2013 elt\u00e9rhet a k\u00e9pen l\u00e1tottakt\u00f3l, \u00e1m \u00e9ppen ez teszi minden darabot egyediv\u00e9, saj\u00e1tos m\u00f3don megism\u00e9telhetetlenn\u00e9.\n\nM\u00e9ret:\n60x10x2cm","score":0,"formatted_price":"29 900 Ft","image_url":"https:\/\/www.meska.hu\/img\/product\/small\/h\/o\/holzwerk_product_667012_250324141913_26668.png","formatted_url":"https:\/\/www.meska.hu\/p5529795-faliora-egyedi-minimalista-stilus-modern-zebrano-fa-faldisz","favourite":false,"in_stock":true,"avatar":"667012_avatar_1722365238.jpeg","delete_from":0,"is_enhanced_background":false,"is_enhanced":false,"product_selection_started":false,"is_active":true,"image_webp_url":"https:\/\/www.meska.hu\/img\/product\/small\/h\/o\/holzwerk_product_667012_250324141913_26668.webp"},{"id":"5048390","shop_id":"28060","user_id":"346744","shop_name":"gyermekpad","shop_zip":"8925","product_code":"5114790","product_name_old":null,"product_name":"Gyermek zs\u00farkocsi j\u00e1t\u00e9koknak, k\u00f6nyveknek","category_string":"Baba - mama, J\u00e1t\u00e9kt\u00e1rol\u00f3, Babaszobab\u00fator","technic_string":"Famegmunk\u00e1l\u00e1s","category_1":"312","category_2":"1756","category_3":"1735","category_4":"0","merged_category_1":"0","merged_category_2":"0","merged_category_3":"0","technic_1":"478","technic_2":"0","technic_3":"0","color_1":"515","color_2":"0","color_3":"0","product_description_old":null,"product_description":"\n\nTerm\u00e9k\u00fcnk el\u0151nyei:\n\nK\u00f6nyvespolck\u00e9nt is haszn\u00e1lhat\u00f3, illetve j\u00e1t\u00e9kok, t\u00e1rol\u00e1s\u00e1ra, ki\u00e1ll\u00edt\u00e1s\u00e1ra \u00e9s csoportos\u00edt\u00e1s\u00e1ra is alkalmas\nLent sz\u00e9lesebb \u00e9s felfel\u00e9 sz\u0171k\u00fcl\u0151 kialak\u00edt\u00e1s\u00e1nak k\u00f6sz\u00f6nhet\u0151en stabil, nem billeg\nK\u00f6nnyen h\u00fazhat\u00f3 \u00e9s tolhat\u00f3\n2-2 t\u00e1rol\u00f3 a jobb \u00e9s bal oldal\u00e1n egy mozdulattal felhelyezhet\u0151, illetve leemelhet\u0151\n2 db k\u00f6nnyen kiemelhet\u0151 v\u00e1laszfallal\nK\u00f6nnyen \u00e9s gyorsan tiszt\u00edthat\u00f3\nKett\u0151 \u00e9ves kort\u00f3l aj\u00e1nljuk.\n\nA zs\u00farkocsit t\u00f6m\u00f6r \u00e9gerf\u00e1b\u00f3l k\u00e9sz\u00edtett\u00fck \u00e9s term\u00e9szetes anyagokkal kezelt\u00fcnk le, ez\u00e9rt b\u00e1rmely st\u00edlus\u00fa berendez\u00e9shez kit\u0171n\u0151en passzol.\n\nEl\u0151\u00e1ll\u00edt\u00e1s: A finom k\u00e9zi csiszol\u00e1ssal megmunk\u00e1lt fel\u00fcletek \u00e9s \u00edvek, valamint a lekerek\u00edtett form\u00e1k garanci\u00e1t jelentenek a biztons\u00e1gos haszn\u00e1latra. A fel\u00fcletet Auro biol\u00f3giai faimpregn\u00e1l\u00f3 \u00e9s fa\u00e1pol\u00f3 term\u00e9szetes kem\u00e9ny olajjal kezelt\u00fck le, amely a f\u00e1nak er\u0151s antibakteri\u00e1lis hat\u00e1st k\u00f6lcs\u00f6n\u00f6z.\n\nAnyaga: term\u00e9szetes t\u00f6m\u00f6r fa, \u00e9gerfa, FSC min\u0151s\u00edt\u00e9ssel rendelkezik, nem gyant\u00e1z\n\nSz\u00e9less\u00e9ge: 83 cm (tart\u00f3kkal egy\u00fctt)\nMagass\u00e1ga: 69 cm (g\u00f6rg\u0151kkel egy\u00fctt)\nM\u00e9lys\u00e9ge: 41 cm\n\nS\u00falya: 12,5 kg csomagol\u00e1s n\u00e9lk\u00fcl, 15,5 kg csomagol\u00e1ssal\n\nA csomag tartalma: polcrendszer, 4 db g\u00f6rg\u0151 16 db csavarral, 4 db felakaszthat\u00f3 t\u00e1rol\u00f3 8 db csavarral, 2 db f\u00fcgg\u0151leges v\u00e1laszfal\n\nTiszt\u00edt\u00e1sa puha, enyh\u00e9n megnedves\u00edtett t\u00f6rl\u0151kend\u0151vel aj\u00e1nlott,  alkoholos tiszt\u00edt\u00f3szer mell\u0151z\u00e9s\u00e9vel.\n\nA term\u00e9ket egy \u2013 a fot\u00f3kon is l\u00e1that\u00f3 \u2013 egyedi v\u00e9djeggyel l\u00e1ttuk el (UP sz\u00edv alakban), amely garanci\u00e1t jelent a saj\u00e1t fejleszt\u00e9s\u0171 term\u00e9k magas min\u0151s\u00e9g\u0171 megmunk\u00e1l\u00e1s\u00e1ra.","price":"59580.00","unit":"db","recommended":"0","status":"1","sponsored":"0","exp_notify":"0","own_material":"0","own_material_description_old":null,"own_material_description":"","jury":"0","jury_number":"","product_nature":"","meskaracsony":"0","create_date":"2026-03-19 22:20:22","shelve_id":"0","image":"gyermekpad_product_346744_231030202505_179277.jpeg","image_width":"480","image_height":"319","image_alt":"Gyermek zs\u00farkocsi j\u00e1t\u00e9koknak, k\u00f6nyveknek, \\n\\nTerm\u00e9k\u00fcnk el\u0151nyei:\\n\\nK\u00f6nyvespolck\u00e9nt is haszn\u00e1lhat\u00f3, illetve j\u00e1t\u00e9kok, t\u00e1rol\u00e1s\u00e1ra, ki\u00e1ll\u00edt\u00e1s\u00e1ra \u00e9s c..., Meska","image_title":"Gyermek zs\u00farkocsi j\u00e1t\u00e9koknak, k\u00f6nyveknek, Meska","view_count":"1282","favourite_count":"0","trending_score":"0","last2MonthFavouriteCount":"0","promotion":"0","giftcard_accept":"0","creditcard_accept":true,"enhanced_background":"0","domain":"meska","specific_customer_id":null,"specific_customer_name":null,"to_order_product":"1","to_order_product_time":"20","product_different":null,"product_different_description":"","vintage":"0","vintage_category_id":"0","recycled":"0","gemstone_id":"0","customizable":"0","type_category":"physical","zerowaste":"0","postage_price":"0.00","shop_order":"4","has_category":"1","landing_pages":"Kar\u00e1csonyi aj\u00e1nd\u00e9kok, Kar\u00e1csonyi aj\u00e1nd\u00e9kok, Sz\u00fclinapi aj\u00e1nd\u00e9kok","microdata":{"number":93,"category":""},"title":"Gyermek zs\u00farkocsi j\u00e1t\u00e9koknak, k\u00f6nyveknek","description":"\n\nTerm\u00e9k\u00fcnk el\u0151nyei:\n\nK\u00f6nyvespolck\u00e9nt is haszn\u00e1lhat\u00f3, illetve j\u00e1t\u00e9kok, t\u00e1rol\u00e1s\u00e1ra, ki\u00e1ll\u00edt\u00e1s\u00e1ra \u00e9s csoportos\u00edt\u00e1s\u00e1ra is alkalmas\nLent sz\u00e9lesebb \u00e9s felfel\u00e9 sz\u0171k\u00fcl\u0151 kialak\u00edt\u00e1s\u00e1nak k\u00f6sz\u00f6nhet\u0151en stabil, nem billeg\nK\u00f6nnyen h\u00fazhat\u00f3 \u00e9s tolhat\u00f3\n2-2 t\u00e1rol\u00f3 a jobb \u00e9s bal oldal\u00e1n egy mozdulattal felhelyezhet\u0151, illetve leemelhet\u0151\n2 db k\u00f6nnyen kiemelhet\u0151 v\u00e1laszfallal\nK\u00f6nnyen \u00e9s gyorsan tiszt\u00edthat\u00f3\nKett\u0151 \u00e9ves kort\u00f3l aj\u00e1nljuk.\n\nA zs\u00farkocsit t\u00f6m\u00f6r \u00e9gerf\u00e1b\u00f3l k\u00e9sz\u00edtett\u00fck \u00e9s term\u00e9szetes anyagokkal kezelt\u00fcnk le, ez\u00e9rt b\u00e1rmely st\u00edlus\u00fa berendez\u00e9shez kit\u0171n\u0151en passzol.\n\nEl\u0151\u00e1ll\u00edt\u00e1s: A finom k\u00e9zi csiszol\u00e1ssal megmunk\u00e1lt fel\u00fcletek \u00e9s \u00edvek, valamint a lekerek\u00edtett form\u00e1k garanci\u00e1t jelentenek a biztons\u00e1gos haszn\u00e1latra. A fel\u00fcletet Auro biol\u00f3giai faimpregn\u00e1l\u00f3 \u00e9s fa\u00e1pol\u00f3 term\u00e9szetes kem\u00e9ny olajjal kezelt\u00fck le, amely a f\u00e1nak er\u0151s antibakteri\u00e1lis hat\u00e1st k\u00f6lcs\u00f6n\u00f6z.\n\nAnyaga: term\u00e9szetes t\u00f6m\u00f6r fa, \u00e9gerfa, FSC min\u0151s\u00edt\u00e9ssel rendelkezik, nem gyant\u00e1z\n\nSz\u00e9less\u00e9ge: 83 cm (tart\u00f3kkal egy\u00fctt)\nMagass\u00e1ga: 69 cm (g\u00f6rg\u0151kkel egy\u00fctt)\nM\u00e9lys\u00e9ge: 41 cm\n\nS\u00falya: 12,5 kg csomagol\u00e1s n\u00e9lk\u00fcl, 15,5 kg csomagol\u00e1ssal\n\nA csomag tartalma: polcrendszer, 4 db g\u00f6rg\u0151 16 db csavarral, 4 db felakaszthat\u00f3 t\u00e1rol\u00f3 8 db csavarral, 2 db f\u00fcgg\u0151leges v\u00e1laszfal\n\nTiszt\u00edt\u00e1sa puha, enyh\u00e9n megnedves\u00edtett t\u00f6rl\u0151kend\u0151vel aj\u00e1nlott,  alkoholos tiszt\u00edt\u00f3szer mell\u0151z\u00e9s\u00e9vel.\n\nA term\u00e9ket egy \u2013 a fot\u00f3kon is l\u00e1that\u00f3 \u2013 egyedi v\u00e9djeggyel l\u00e1ttuk el (UP sz\u00edv alakban), amely garanci\u00e1t jelent a saj\u00e1t fejleszt\u00e9s\u0171 term\u00e9k magas min\u0151s\u00e9g\u0171 megmunk\u00e1l\u00e1s\u00e1ra.","score":0,"formatted_price":"59 580 Ft","image_url":"https:\/\/www.meska.hu\/img\/product\/small\/g\/y\/gyermekpad_product_346744_231030202505_179277.jpeg","formatted_url":"https:\/\/www.meska.hu\/p5114790-gyermek-zsurkocsi-jatekoknak-konyveknek","favourite":false,"in_stock":false,"avatar":"346744_avatar_1725629065.png","delete_from":0,"is_enhanced_background":false,"is_enhanced":false,"product_selection_started":false,"is_active":true,"image_webp_url":"https:\/\/www.meska.hu\/img\/product\/small\/g\/y\/gyermekpad_product_346744_231030202505_179277.webp"},{"id":"4478316","shop_id":"38412","user_id":"520869","shop_name":"MAkidsdesign","shop_zip":"2011","product_code":"4762562","product_name_old":null,"product_name":"Testv\u00e9rfell\u00e9p\u0151","category_string":"Baba - mama, Konyhai fell\u00e9p\u0151","technic_string":"Famegmunk\u00e1l\u00e1s, Festett t\u00e1rgyak","category_1":"1735","category_2":"1586","category_3":"0","category_4":"0","merged_category_1":null,"merged_category_2":null,"merged_category_3":null,"technic_1":"478","technic_2":"481","technic_3":"0","color_1":"519","color_2":"0","color_3":"0","product_description_old":null,"product_description":"Testv\u00e9rek\/ikrek r\u00e9sz\u00e9re k\u00e9sz\u00fclt konyhai fell\u00e9p\u0151. Rendk\u00edv\u00fcl stabil, t\u00f6m\u00f6rf\u00e1b\u00f3l k\u00e9sz\u00fclt darab. Rendelhet\u0151 fest\u00e9s n\u00e9lk\u00fcl (lakkozottan) illetve m\u00e1sik sz\u00ednben is. \nEgyszem\u00e9lyes verzi\u00f3ban is rendelhet\u0151 (ez esetben az \u00e1r kicsit kevesebb), valamint k\u00e9rhet\u0151 \u00e1ll\u00edthat\u00f3 kivitelben is (gyerekkel egy\u00fctt n\u0151).\nM\u00e9retek: \n90 cm magas\n60 cm sz\u00e9les\n55 cm m\u00e9ly\n\nAz elk\u00e9sz\u00edt\u00e9si id\u0151 a megrendel\u00e9sek sz\u00e1m\u00e1nak f\u00fcggv\u00e9ny\u00e9ben v\u00e1ltozhat.","price":"70900.00","unit":"db","recommended":"0","status":"1","sponsored":"0","exp_notify":"0","own_material":"0","own_material_description_old":null,"own_material_description":"","jury":"0","jury_number":"","product_nature":"","meskaracsony":"0","create_date":"2026-03-19 22:11:22","shelve_id":"0","image":"makidsdesign_product_520869_260105143907_523775.jpeg","image_width":"480","image_height":"641","image_alt":"Testv\u00e9rfell\u00e9p\u0151, Testv\u00e9rek\/ikrek r\u00e9sz\u00e9re k\u00e9sz\u00fclt konyhai fell\u00e9p\u0151. Rendk\u00edv\u00fcl stabil, t\u00f6m\u00f6rf\u00e1b\u00f3l k\u00e9sz\u00fclt darab. Rendelh..., Meska","image_title":"Testv\u00e9rfell\u00e9p\u0151, Meska","view_count":"3341","favourite_count":"0","trending_score":"0","last2MonthFavouriteCount":"0","promotion":"0","giftcard_accept":"0","creditcard_accept":false,"enhanced_background":"0","domain":"meska","specific_customer_id":null,"specific_customer_name":null,"to_order_product":"1","to_order_product_time":"15","product_different":null,"product_different_description":"","vintage":"0","vintage_category_id":"0","recycled":"0","gemstone_id":"0","customizable":"1","type_category":"physical","zerowaste":"0","postage_price":"3260.00","shop_order":"0","has_category":"1","landing_pages":"Kar\u00e1csonyi aj\u00e1nd\u00e9kok, Kar\u00e1csonyi aj\u00e1nd\u00e9kok, Kar\u00e1csonyi aj\u00e1nd\u00e9kok","microdata":{"number":94,"category":""},"title":"Testv\u00e9rfell\u00e9p\u0151","description":"Testv\u00e9rek\/ikrek r\u00e9sz\u00e9re k\u00e9sz\u00fclt konyhai fell\u00e9p\u0151. Rendk\u00edv\u00fcl stabil, t\u00f6m\u00f6rf\u00e1b\u00f3l k\u00e9sz\u00fclt darab. Rendelhet\u0151 fest\u00e9s n\u00e9lk\u00fcl (lakkozottan) illetve m\u00e1sik sz\u00ednben is. \nEgyszem\u00e9lyes verzi\u00f3ban is rendelhet\u0151 (ez esetben az \u00e1r kicsit kevesebb), valamint k\u00e9rhet\u0151 \u00e1ll\u00edthat\u00f3 kivitelben is (gyerekkel egy\u00fctt n\u0151).\nM\u00e9retek: \n90 cm magas\n60 cm sz\u00e9les\n55 cm m\u00e9ly\n\nAz elk\u00e9sz\u00edt\u00e9si id\u0151 a megrendel\u00e9sek sz\u00e1m\u00e1nak f\u00fcggv\u00e9ny\u00e9ben v\u00e1ltozhat.","score":0,"formatted_price":"70 900 Ft","image_url":"https:\/\/www.meska.hu\/img\/product\/small\/m\/a\/makidsdesign_product_520869_260105143907_523775.jpeg","formatted_url":"https:\/\/www.meska.hu\/p4762562-testverfellepo","favourite":false,"in_stock":false,"avatar":"MAkidsdesign_avatar_520869_1670285863.jpg","delete_from":0,"is_enhanced_background":false,"is_enhanced":false,"product_selection_started":false,"is_active":true,"image_webp_url":"https:\/\/www.meska.hu\/img\/product\/small\/m\/a\/makidsdesign_product_520869_260105143907_523775.webp"},{"id":"5744208","shop_id":"45908","user_id":"667012","shop_name":"Holzwerk","shop_zip":"2167","product_code":"5530460","product_name_old":null,"product_name":"Fali\u00f3ra nat\u00far t\u00f6lgyfa, egyedi minimalista st\u00edlus.","category_string":"Otthon & \u00c9letm\u00f3d, Dekor\u00e1ci\u00f3, Fali \u00e9s f\u00fcgg\u0151 dekor\u00e1ci\u00f3, Fali\u00f3ra & \u00f3ra","technic_string":"F\u00e9mmegmunk\u00e1l\u00e1s","category_1":"813","category_2":"314","category_3":"1470","category_4":"414","merged_category_1":null,"merged_category_2":null,"merged_category_3":null,"technic_1":"479","technic_2":"0","technic_3":"0","color_1":"514","color_2":"0","color_3":"0","product_description_old":null,"product_description":"Modern fali\u00f3ra, kiv\u00e1l\u00f3 min\u0151s\u00e9g\u0171 t\u00f6m\u00f6r t\u00f6lgyf\u00e1b\u00f3l, amely st\u00edlusos dekor\u00e1ci\u00f3s eleme lehet otthonodnak, irod\u00e1dnak, vagy ak\u00e1r egy \u00e9tteremnek, k\u00e1v\u00e9z\u00f3nak. Ez a faldekor\u00e1ci\u00f3 egyszer\u0171, m\u00e9gis k\u00fcl\u00f6nleges; csendesen vonzza a tekintetet \u00e9s elgondolkodtat. A t\u00f6m\u00f6r fa meleg hat\u00e1st kelt, \u00e9s j\u00f3l illeszkedik b\u00e1rmilyen m\u00e1s diz\u00e1jnelemhez.\n\nA term\u00e9ket egy magyarorsz\u00e1gi kis m\u0171helyben, k\u00e9zzel k\u00e9sz\u00edtik, ahol a mester minden egyes darabot szeretettel \u00e9s gondos figyelemmel alkot meg.\n\nV\u00e1s\u00e1rold meg ezt a k\u00fcl\u00f6nleges faldekor\u00e1ci\u00f3t, \u00e9s tedd egyediv\u00e9 otthonodat!\n\nCsendes kvarc szerkezete nyugodtan \u00e9s sim\u00e1n m\u0171k\u00f6dik. Kiv\u00e1l\u00f3 min\u0151s\u00e9g\u0171 kvarc \u00f3ram\u0171, amely v\u00e9get vet a zavar\u00f3, hangos ketyeg\u00e9snek, \u00edgy b\u00e9k\u00e9ben \u00e9lvezheted az id\u0151 m\u00fal\u00e1s\u00e1t. Az \u00f3r\u00e1d egyedi.\n\nFontos megjegyezni, hogy a fa erezete \u00e9s sz\u00edne \u2013 term\u00e9szetes szerkezete miatt \u2013 elt\u00e9rhet a k\u00e9pen l\u00e1tottakt\u00f3l, \u00e1m \u00e9ppen ez teszi minden darabot egyediv\u00e9, saj\u00e1tos m\u00f3don megism\u00e9telhetetlenn\u00e9.\n\nM\u00e9ret:\n90x12x2cm\n","price":"39500.00","unit":"db","recommended":"0","status":"1","sponsored":"0","exp_notify":"0","own_material":"0","own_material_description_old":null,"own_material_description":"","jury":"0","jury_number":"","product_nature":"","meskaracsony":"0","create_date":"2026-03-20 18:48:21","shelve_id":"0","image":"holzwerk_product_667012_250325173035_636149.jpeg","image_width":"480","image_height":"720","image_alt":"Fali\u00f3ra nat\u00far t\u00f6lgyfa, egyedi minimalista st\u00edlus., Modern fali\u00f3ra, kiv\u00e1l\u00f3 min\u0151s\u00e9g\u0171 t\u00f6m\u00f6r t\u00f6lgyf\u00e1b\u00f3l, amely st\u00edlusos dekor\u00e1ci\u00f3s eleme lehet otthonodnak,..., Meska","image_title":"Fali\u00f3ra nat\u00far t\u00f6lgyfa, egyedi minimalista st\u00edlus., Meska","view_count":"207","favourite_count":"0","trending_score":"0","last2MonthFavouriteCount":"0","promotion":"0","giftcard_accept":"0","creditcard_accept":true,"enhanced_background":"0","domain":"meska","specific_customer_id":null,"specific_customer_name":null,"to_order_product":"0","to_order_product_time":"0","product_different":null,"product_different_description":"","vintage":"0","vintage_category_id":"0","recycled":"0","gemstone_id":"0","customizable":"0","type_category":"physical","zerowaste":"0","postage_price":"2390.00","shop_order":"0","has_category":"1","landing_pages":null,"microdata":{"number":95,"category":""},"title":"Fali\u00f3ra nat\u00far t\u00f6lgyfa, egyedi minimalista st\u00edlus.","description":"Modern fali\u00f3ra, kiv\u00e1l\u00f3 min\u0151s\u00e9g\u0171 t\u00f6m\u00f6r t\u00f6lgyf\u00e1b\u00f3l, amely st\u00edlusos dekor\u00e1ci\u00f3s eleme lehet otthonodnak, irod\u00e1dnak, vagy ak\u00e1r egy \u00e9tteremnek, k\u00e1v\u00e9z\u00f3nak. Ez a faldekor\u00e1ci\u00f3 egyszer\u0171, m\u00e9gis k\u00fcl\u00f6nleges; csendesen vonzza a tekintetet \u00e9s elgondolkodtat. A t\u00f6m\u00f6r fa meleg hat\u00e1st kelt, \u00e9s j\u00f3l illeszkedik b\u00e1rmilyen m\u00e1s diz\u00e1jnelemhez.\n\nA term\u00e9ket egy magyarorsz\u00e1gi kis m\u0171helyben, k\u00e9zzel k\u00e9sz\u00edtik, ahol a mester minden egyes darabot szeretettel \u00e9s gondos figyelemmel alkot meg.\n\nV\u00e1s\u00e1rold meg ezt a k\u00fcl\u00f6nleges faldekor\u00e1ci\u00f3t, \u00e9s tedd egyediv\u00e9 otthonodat!\n\nCsendes kvarc szerkezete nyugodtan \u00e9s sim\u00e1n m\u0171k\u00f6dik. Kiv\u00e1l\u00f3 min\u0151s\u00e9g\u0171 kvarc \u00f3ram\u0171, amely v\u00e9get vet a zavar\u00f3, hangos ketyeg\u00e9snek, \u00edgy b\u00e9k\u00e9ben \u00e9lvezheted az id\u0151 m\u00fal\u00e1s\u00e1t. Az \u00f3r\u00e1d egyedi.\n\nFontos megjegyezni, hogy a fa erezete \u00e9s sz\u00edne \u2013 term\u00e9szetes szerkezete miatt \u2013 elt\u00e9rhet a k\u00e9pen l\u00e1tottakt\u00f3l, \u00e1m \u00e9ppen ez teszi minden darabot egyediv\u00e9, saj\u00e1tos m\u00f3don megism\u00e9telhetetlenn\u00e9.\n\nM\u00e9ret:\n90x12x2cm\n","score":0,"formatted_price":"39 500 Ft","image_url":"https:\/\/www.meska.hu\/img\/product\/small\/h\/o\/holzwerk_product_667012_250325173035_636149.jpeg","formatted_url":"https:\/\/www.meska.hu\/p5530460-faliora-natur-tolgyfa-egyedi-minimalista-stilus","favourite":false,"in_stock":true,"avatar":"667012_avatar_1722365238.jpeg","delete_from":0,"is_enhanced_background":false,"is_enhanced":false,"product_selection_started":false,"is_active":true,"image_webp_url":"https:\/\/www.meska.hu\/img\/product\/small\/h\/o\/holzwerk_product_667012_250325173035_636149.webp"},{"id":"5744972","shop_id":"35757","user_id":"467468","shop_name":"SWood","shop_zip":"8990","product_code":"5530926","product_name_old":null,"product_name":"Falipolc, d\u00edsztart\u00f3polc faragott rozett\u00e1val","category_string":"Otthon & \u00c9letm\u00f3d, B\u00fator, Polc","technic_string":"Famegmunk\u00e1l\u00e1s","category_1":"813","category_2":"313","category_3":"560","category_4":"0","merged_category_1":null,"merged_category_2":null,"merged_category_3":null,"technic_1":"478","technic_2":"0","technic_3":"0","color_1":"516","color_2":"0","color_3":"0","product_description_old":null,"product_description":"Minden h\u00e1ztart\u00e1sban van egy eml\u00e9kt\u00e1rgy, egy ereklye mely a csal\u00e1d sz\u00e1m\u00e1ra k\u00fcl\u00f6nleges jelent\u00e9ssel b\u00edr, \u00edgy k\u00fcl\u00f6nleges helyet is kell elfoglalnia a h\u00e1zban.\nEz a d\u00edsztart\u00f3 polc ide\u00e1lis dekor\u00e1ci\u00f3s t\u00e1rgyak, k\u00f6nyvek vagy eml\u00e9kt\u00e1rgyak eszt\u00e9tikus elhelyez\u00e9s\u00e9re. Praktikus \u00e9s dekorat\u00edv kieg\u00e9sz\u00edt\u0151je lehet nappalinak, h\u00e1l\u00f3szob\u00e1nak vagy el\u0151szob\u00e1nak.\nA polc a fels\u0151 k\u00f6z\u00e9ppontj\u00e1ban egy d\u00edszes faragott rozett\u00e1val vonja mag\u00e1ra a figyelmet.","price":"32500.00","unit":"db","recommended":"0","status":"1","sponsored":"0","exp_notify":"0","own_material":"0","own_material_description_old":null,"own_material_description":"","jury":"0","jury_number":"","product_nature":"","meskaracsony":"0","create_date":"2026-03-21 11:53:15","shelve_id":"0","image":"swood_product_467468_250326103630_888959.jpeg","image_width":"480","image_height":"640","image_alt":"Falipolc, d\u00edsztart\u00f3polc faragott rozett\u00e1val, Minden h\u00e1ztart\u00e1sban van egy eml\u00e9kt\u00e1rgy, egy ereklye mely a csal\u00e1d sz\u00e1m\u00e1ra k\u00fcl\u00f6nleges jelent\u00e9ssel b\u00edr..., Meska","image_title":"Falipolc, d\u00edsztart\u00f3polc faragott rozett\u00e1val, Meska","view_count":"396","favourite_count":"0","trending_score":"0","last2MonthFavouriteCount":"0","promotion":"0","giftcard_accept":"0","creditcard_accept":true,"enhanced_background":"0","domain":"meska","specific_customer_id":null,"specific_customer_name":null,"to_order_product":"1","to_order_product_time":"10","product_different":null,"product_different_description":"","vintage":"0","vintage_category_id":"0","recycled":"0","gemstone_id":"0","customizable":"0","type_category":"physical","zerowaste":"0","postage_price":"1290.00","shop_order":"0","has_category":"1","landing_pages":null,"microdata":{"number":96,"category":""},"title":"Falipolc, d\u00edsztart\u00f3polc faragott rozett\u00e1val","description":"Minden h\u00e1ztart\u00e1sban van egy eml\u00e9kt\u00e1rgy, egy ereklye mely a csal\u00e1d sz\u00e1m\u00e1ra k\u00fcl\u00f6nleges jelent\u00e9ssel b\u00edr, \u00edgy k\u00fcl\u00f6nleges helyet is kell elfoglalnia a h\u00e1zban.\nEz a d\u00edsztart\u00f3 polc ide\u00e1lis dekor\u00e1ci\u00f3s t\u00e1rgyak, k\u00f6nyvek vagy eml\u00e9kt\u00e1rgyak eszt\u00e9tikus elhelyez\u00e9s\u00e9re. Praktikus \u00e9s dekorat\u00edv kieg\u00e9sz\u00edt\u0151je lehet nappalinak, h\u00e1l\u00f3szob\u00e1nak vagy el\u0151szob\u00e1nak.\nA polc a fels\u0151 k\u00f6z\u00e9ppontj\u00e1ban egy d\u00edszes faragott rozett\u00e1val vonja mag\u00e1ra a figyelmet.","score":0,"formatted_price":"32 500 Ft","image_url":"https:\/\/www.meska.hu\/img\/product\/small\/s\/w\/swood_product_467468_250326103630_888959.jpeg","formatted_url":"https:\/\/www.meska.hu\/p5530926-falipolc-disztartopolc-faragott-rozettaval","favourite":false,"in_stock":false,"avatar":"467468_avatar_1729256919.png","delete_from":0,"is_enhanced_background":false,"is_enhanced":false,"product_selection_started":false,"is_active":true,"image_webp_url":"https:\/\/www.meska.hu\/img\/product\/small\/s\/w\/swood_product_467468_250326103630_888959.webp"},{"id":"4466524","shop_id":"28060","user_id":"346744","shop_name":"gyermekpad","shop_zip":"8925","product_code":"4436448","product_name_old":null,"product_name":"Montessori mosd\u00f3 \u00e9s t\u00fck\u00f6r - \u00c9ger f\u00e1b\u00f3l","category_string":"Baba - mama, Baba j\u00e1t\u00e9kok, Waldorf j\u00e1t\u00e9kok","technic_string":"Famegmunk\u00e1l\u00e1s","category_1":"1735","category_2":"343","category_3":"1379","category_4":"0","merged_category_1":"0","merged_category_2":"0","merged_category_3":"0","technic_1":"478","technic_2":"0","technic_3":"0","color_1":"515","color_2":"0","color_3":"0","product_description_old":null,"product_description":"A megrendel\u00e9st\u0151l sz\u00e1m\u00edtva 1-2 h\u00e9ten bel\u00fcl tudjuk k\u00fcldeni a mosd\u00f3s t\u00fckr\u00f6t.\n\nA Montessori-t\u00fck\u00f6r nem v\u00e1rt sikere arra \u00f6szt\u00f6nz\u00f6tt benn\u00fcnket, hogy term\u00e9kpalett\u00e1nkat egy olyan mosd\u00f3t\u00e1llal b\u0151v\u00edts\u00fck, amely praktikusan \u00f6ssze\u00e9p\u00edthet\u0151 a t\u00fck\u00f6rrel a kisgyerek j\u00e1r\u00f3k\u00e9pes kor\u00e1t\u00f3l (1-1,5 \u00e9ves kort\u00f3l). A t\u00fck\u00f6r m\u00e1r a kisgyermek hat h\u00f3napos kor\u00e1t\u00f3l haszn\u00e1latba vehet\u0151.\n\nEz a csomag k\u00e9t egym\u00e1ssal kompatibilis \u00e9s \u00f6sszeszerelhet\u0151 b\u00fatort tartalmaz. A t\u00fck\u00f6r \u00f6nmag\u00e1ban, mosd\u00f3 n\u00e9lk\u00fcl m\u00e1r a kisgyermek hat h\u00f3napos kor\u00e1t\u00f3l haszn\u00e1lhat\u00f3.\n\nKett\u0151 az egyben:\n1. Montessori-t\u00fck\u00f6r foganty\u00faval\n\u2013 6 \u00e9ves kort\u00f3l\n\u2013 a foganty\u00fa 4 k\u00fcl\u00f6nb\u00f6z\u0151 magass\u00e1gba \u00e1ll\u00edthat\u00f3\n\u2013 fejleszti a koordin\u00e1ci\u00f3s k\u00e9szs\u00e9get \u00e9s az egyens\u00faly\u00e9rz\u00e9ket, megk\u00f6nny\u00edti a fel\u00e1ll\u00e1st \u00e9s az els\u0151 l\u00e9p\u00e9sek megt\u00e9tel\u00e9t\n\u2013 m\u00e9retei: sz\u00e9less\u00e9g: 63,5 cm, magass\u00e1g: 80,5 cm, vastags\u00e1g: 2,5 cm\n\n2. Montessori-mosd\u00f3\n\u2013 a gyermek 1 \u00e9ves kor\u00e1t\u00f3l aj\u00e1nljuk\n\u2013 kompatibilis a t\u00fck\u00f6rrel\n\u2013 a foganty\u00fa egyszer\u0171en kicser\u00e9lhet\u0151 a mosd\u00f3ra\n\u2013 egy kis t\u00f6r\u00f6lk\u00f6z\u0151t \u00e9s egy fogmos\u00f3 poharat aj\u00e1nd\u00e9kba adunk. A fogmps\u00f3poh\u00e1r mint\u00e1ja v\u00e1ltozhat.\n\u2013 m\u00e9retek: sz\u00e9less\u00e9g: 63,5 cm, m\u00e9lys\u00e9g: 26,5 cm, a polc magass\u00e1ga: 18 cm\n\nS\u00falya: 15 kg (t\u00fck\u00f6r + mosd\u00f3, csomagol\u00e1ssal)\n\nAnyaga: term\u00e9szetes t\u00f6m\u00f6r fa, \u00e9gerfa, nem gyant\u00e1z\n\nEl\u0151\u00e1ll\u00edt\u00e1s: A finom k\u00e9zi csiszol\u00e1ssal megmunk\u00e1lt fel\u00fcletek \u00e9s \u00edvek, valamint a lekerek\u00edtett form\u00e1k garanci\u00e1t jelentenek a biztons\u00e1gos haszn\u00e1latra. A fel\u00fcletet Auro biol\u00f3giai faimpregn\u00e1l\u00f3 \u00e9s fa\u00e1pol\u00f3 term\u00e9szetes kem\u00e9ny olajjal kezelt\u00fck le, amely a f\u00e1nak er\u0151s antibakteri\u00e1lis hat\u00e1st k\u00f6lcs\u00f6n\u00f6z.\n\nAmennyiben a fa vizes lesz, a vizet sz\u00e1raz t\u00f6rl\u0151kend\u0151vel aj\u00e1nlott let\u00f6r\u00f6lni, tiszt\u00edt\u00f3szer hozz\u00e1ad\u00e1sa n\u00e9lk\u00fcl.\n\nA term\u00e9ket egy \u2013 a fot\u00f3kon is l\u00e1that\u00f3 \u2013 egyedi v\u00e9djeggyel l\u00e1ttuk el (UP sz\u00edv alakban), amely garanci\u00e1t jelent a saj\u00e1t fejleszt\u00e9s\u0171 term\u00e9k magas min\u0151s\u00e9g\u0171 megmunk\u00e1l\u00e1s\u00e1ra, amelyet a Montessori-filoz\u00f3fia ihletett.","price":"59580.00","unit":"db","recommended":"0","status":"1","sponsored":"0","exp_notify":"0","own_material":"0","own_material_description_old":null,"own_material_description":"","jury":"0","jury_number":"","product_nature":"","meskaracsony":"0","create_date":"2026-01-29 12:51:02","shelve_id":"0","image":"gyermekpad_product_346744_201004205606_177519.jpeg","image_width":"480","image_height":"342","image_alt":"Montessori mosd\u00f3 \u00e9s t\u00fck\u00f6r - \u00c9ger f\u00e1b\u00f3l, A megrendel\u00e9st\u0151l sz\u00e1m\u00edtva 1-2 h\u00e9ten bel\u00fcl tudjuk k\u00fcldeni a mosd\u00f3s t\u00fckr\u00f6t.\\n\\nA Montessori-t\u00fck\u00f6r nem v\u00e1..., Meska","image_title":"Montessori mosd\u00f3 \u00e9s t\u00fck\u00f6r - \u00c9ger f\u00e1b\u00f3l, Meska","view_count":"5912","favourite_count":"0","trending_score":"0","last2MonthFavouriteCount":"0","promotion":"0","giftcard_accept":"0","creditcard_accept":true,"enhanced_background":"0","domain":"meska","specific_customer_id":null,"specific_customer_name":null,"to_order_product":"0","to_order_product_time":"0","product_different":null,"product_different_description":"","vintage":"0","vintage_category_id":"0","recycled":"0","gemstone_id":"0","customizable":"0","type_category":"physical","zerowaste":"0","postage_price":"0.00","shop_order":"5","has_category":"1","landing_pages":"Kar\u00e1csonyi aj\u00e1nd\u00e9kok","microdata":{"number":97,"category":""},"title":"Montessori mosd\u00f3 \u00e9s t\u00fck\u00f6r - \u00c9ger f\u00e1b\u00f3l","description":"A megrendel\u00e9st\u0151l sz\u00e1m\u00edtva 1-2 h\u00e9ten bel\u00fcl tudjuk k\u00fcldeni a mosd\u00f3s t\u00fckr\u00f6t.\n\nA Montessori-t\u00fck\u00f6r nem v\u00e1rt sikere arra \u00f6szt\u00f6nz\u00f6tt benn\u00fcnket, hogy term\u00e9kpalett\u00e1nkat egy olyan mosd\u00f3t\u00e1llal b\u0151v\u00edts\u00fck, amely praktikusan \u00f6ssze\u00e9p\u00edthet\u0151 a t\u00fck\u00f6rrel a kisgyerek j\u00e1r\u00f3k\u00e9pes kor\u00e1t\u00f3l (1-1,5 \u00e9ves kort\u00f3l). A t\u00fck\u00f6r m\u00e1r a kisgyermek hat h\u00f3napos kor\u00e1t\u00f3l haszn\u00e1latba vehet\u0151.\n\nEz a csomag k\u00e9t egym\u00e1ssal kompatibilis \u00e9s \u00f6sszeszerelhet\u0151 b\u00fatort tartalmaz. A t\u00fck\u00f6r \u00f6nmag\u00e1ban, mosd\u00f3 n\u00e9lk\u00fcl m\u00e1r a kisgyermek hat h\u00f3napos kor\u00e1t\u00f3l haszn\u00e1lhat\u00f3.\n\nKett\u0151 az egyben:\n1. Montessori-t\u00fck\u00f6r foganty\u00faval\n\u2013 6 \u00e9ves kort\u00f3l\n\u2013 a foganty\u00fa 4 k\u00fcl\u00f6nb\u00f6z\u0151 magass\u00e1gba \u00e1ll\u00edthat\u00f3\n\u2013 fejleszti a koordin\u00e1ci\u00f3s k\u00e9szs\u00e9get \u00e9s az egyens\u00faly\u00e9rz\u00e9ket, megk\u00f6nny\u00edti a fel\u00e1ll\u00e1st \u00e9s az els\u0151 l\u00e9p\u00e9sek megt\u00e9tel\u00e9t\n\u2013 m\u00e9retei: sz\u00e9less\u00e9g: 63,5 cm, magass\u00e1g: 80,5 cm, vastags\u00e1g: 2,5 cm\n\n2. Montessori-mosd\u00f3\n\u2013 a gyermek 1 \u00e9ves kor\u00e1t\u00f3l aj\u00e1nljuk\n\u2013 kompatibilis a t\u00fck\u00f6rrel\n\u2013 a foganty\u00fa egyszer\u0171en kicser\u00e9lhet\u0151 a mosd\u00f3ra\n\u2013 egy kis t\u00f6r\u00f6lk\u00f6z\u0151t \u00e9s egy fogmos\u00f3 poharat aj\u00e1nd\u00e9kba adunk. A fogmps\u00f3poh\u00e1r mint\u00e1ja v\u00e1ltozhat.\n\u2013 m\u00e9retek: sz\u00e9less\u00e9g: 63,5 cm, m\u00e9lys\u00e9g: 26,5 cm, a polc magass\u00e1ga: 18 cm\n\nS\u00falya: 15 kg (t\u00fck\u00f6r + mosd\u00f3, csomagol\u00e1ssal)\n\nAnyaga: term\u00e9szetes t\u00f6m\u00f6r fa, \u00e9gerfa, nem gyant\u00e1z\n\nEl\u0151\u00e1ll\u00edt\u00e1s: A finom k\u00e9zi csiszol\u00e1ssal megmunk\u00e1lt fel\u00fcletek \u00e9s \u00edvek, valamint a lekerek\u00edtett form\u00e1k garanci\u00e1t jelentenek a biztons\u00e1gos haszn\u00e1latra. A fel\u00fcletet Auro biol\u00f3giai faimpregn\u00e1l\u00f3 \u00e9s fa\u00e1pol\u00f3 term\u00e9szetes kem\u00e9ny olajjal kezelt\u00fck le, amely a f\u00e1nak er\u0151s antibakteri\u00e1lis hat\u00e1st k\u00f6lcs\u00f6n\u00f6z.\n\nAmennyiben a fa vizes lesz, a vizet sz\u00e1raz t\u00f6rl\u0151kend\u0151vel aj\u00e1nlott let\u00f6r\u00f6lni, tiszt\u00edt\u00f3szer hozz\u00e1ad\u00e1sa n\u00e9lk\u00fcl.\n\nA term\u00e9ket egy \u2013 a fot\u00f3kon is l\u00e1that\u00f3 \u2013 egyedi v\u00e9djeggyel l\u00e1ttuk el (UP sz\u00edv alakban), amely garanci\u00e1t jelent a saj\u00e1t fejleszt\u00e9s\u0171 term\u00e9k magas min\u0151s\u00e9g\u0171 megmunk\u00e1l\u00e1s\u00e1ra, amelyet a Montessori-filoz\u00f3fia ihletett.","score":0,"formatted_price":"59 580 Ft","image_url":"https:\/\/www.meska.hu\/img\/product\/small\/g\/y\/gyermekpad_product_346744_201004205606_177519.jpeg","formatted_url":"https:\/\/www.meska.hu\/p4436448-montessori-mosdo-es-tukor-eger-fabol","favourite":false,"in_stock":true,"avatar":"346744_avatar_1725629065.png","delete_from":0,"is_enhanced_background":false,"is_enhanced":false,"product_selection_started":false,"is_active":true,"image_webp_url":"https:\/\/www.meska.hu\/img\/product\/small\/g\/y\/gyermekpad_product_346744_201004205606_177519.webp"},{"id":"3495867","shop_id":"28431","user_id":"350695","shop_name":"faajandekok","shop_zip":"5900","product_code":"4302214","product_name_old":null,"product_name":"egyedi p\u00e1link\u00e1s k\u00e9szlet vad\u00e1sznak k\u00f6r alak\u00fa t\u00f6m\u00f6r f\u00e1b\u00f3l a maga term\u00e9szetes sz\u00e9ps\u00e9g\u00e9ben","category_string":"Otthon & \u00c9letm\u00f3d, Konyhafelszerel\u00e9s, t\u00e1lal\u00e1s, T\u00e1lal\u00e1s, T\u00e1ny\u00e9r- \u00e9s poh\u00e1ral\u00e1t\u00e9t","technic_string":"Famegmunk\u00e1l\u00e1s, Festett t\u00e1rgyak","category_1":"813","category_2":"393","category_3":"1419","category_4":"980","merged_category_1":"0","merged_category_2":"0","merged_category_3":"785","technic_1":"478","technic_2":"481","technic_3":"0","color_1":"514","color_2":"0","color_3":"0","product_description_old":null,"product_description":"Apr\u00f3l\u00e9kosan megmunk\u00e1lt, m\u00edvesen d\u00edsz\u00edtett\np\u00e1link\u00e1s k\u00e9szlet vad\u00e1sznak  6 darab p\u00e1link\u00e1s poh\u00e1rral.\n\nA f\u00e1ra egyedi feliratot is k\u00e9rhetsz.\nGrav\u00edrozzuk a poharakat is, ha szeretn\u00e9d.\n(p\u00e9ld\u00e1ul a megaj\u00e1nd\u00e9kozott neve, az aj\u00e1nd\u00e9koz\u00f3 neve, d\u00e1tum, alkalomhoz ill\u0151 id\u00e9zet, r\u00f6vid gondolat)\n\nMinden apr\u00f3 r\u00e9szletet egyeztet\u00fcnk. L\u00e1tv\u00e1nytervet k\u00e9sz\u00edt\u00fcnk \u00e9s k\u00fcld\u00fcnk.\nCsak ennek j\u00f3v\u00e1hagy\u00e1sa ut\u00e1n kezdj\u00fck a gy\u00e1rt\u00e1st.\n\n\u00c1tm\u00e9r\u0151je kb. 22 cm \u00e9s 2 cm vastag. M\u00e9rete kis m\u00e9rt\u00e9kben v\u00e1ltozhat a rendelkez\u00e9sre \u00e1ll\u00f3 alapanyag szerint.\n\nA p\u00e1link\u00e1s k\u00e9szletet b\u00fckkf\u00e1b\u00f3l k\u00e9sz\u00edtj\u00fck mar\u00e1ssal, farag\u00e1ssal, g\u00e9pi- \u00e9s k\u00e9zi megmunk\u00e1l\u00e1ssal.\nA minta kialak\u00edt\u00e1sa ut\u00e1n, tov\u00e1bb finom\u00edtunk a fa fel\u00fcleti szerkezet\u00e9n.\nEzt k\u00f6vet\u0151en k\u00e9zzel p\u00e1coljuk, antikoljuk.","price":"22900.00","unit":"db","recommended":"0","status":"1","sponsored":"0","exp_notify":"0","own_material":"0","own_material_description_old":null,"own_material_description":"","jury":"0","jury_number":"","product_nature":"","meskaracsony":"0","create_date":"2026-03-23 10:03:55","shelve_id":"79831","image":"faajandekok_product_350695_191112001021_458285.jpeg","image_width":"480","image_height":"480","image_alt":"egyedi p\u00e1link\u00e1s k\u00e9szlet vad\u00e1sznak k\u00f6r alak\u00fa t\u00f6m\u00f6r f\u00e1b\u00f3l a maga term\u00e9szetes sz\u00e9ps\u00e9g\u00e9ben, Apr\u00f3l\u00e9kosan megmunk\u00e1lt, m\u00edvesen d\u00edsz\u00edtett\\np\u00e1link\u00e1s k\u00e9szlet vad\u00e1sznak  6 darab p\u00e1link\u00e1s poh\u00e1rral.\\n\\nA ..., Meska","image_title":"egyedi p\u00e1link\u00e1s k\u00e9szlet vad\u00e1sznak k\u00f6r alak\u00fa t\u00f6m\u00f6r f\u00e1b\u00f3l a maga term\u00e9szetes sz\u00e9ps\u00e9g\u00e9ben, Meska","view_count":"1691","favourite_count":"0","trending_score":"0","last2MonthFavouriteCount":"0","promotion":"0","giftcard_accept":"1","creditcard_accept":true,"enhanced_background":"0","domain":"meska","specific_customer_id":null,"specific_customer_name":null,"to_order_product":"0","to_order_product_time":"0","product_different":null,"product_different_description":"","vintage":"0","vintage_category_id":"0","recycled":"0","gemstone_id":"0","customizable":"0","type_category":"physical","zerowaste":"0","postage_price":"1590.00","shop_order":"0","has_category":"1","landing_pages":null,"microdata":{"number":98,"category":""},"title":"egyedi p\u00e1link\u00e1s k\u00e9szlet vad\u00e1sznak k\u00f6r alak\u00fa t\u00f6m\u00f6r f\u00e1b\u00f3l a maga term\u00e9szetes sz\u00e9ps\u00e9g\u00e9ben","description":"Apr\u00f3l\u00e9kosan megmunk\u00e1lt, m\u00edvesen d\u00edsz\u00edtett\np\u00e1link\u00e1s k\u00e9szlet vad\u00e1sznak  6 darab p\u00e1link\u00e1s poh\u00e1rral.\n\nA f\u00e1ra egyedi feliratot is k\u00e9rhetsz.\nGrav\u00edrozzuk a poharakat is, ha szeretn\u00e9d.\n(p\u00e9ld\u00e1ul a megaj\u00e1nd\u00e9kozott neve, az aj\u00e1nd\u00e9koz\u00f3 neve, d\u00e1tum, alkalomhoz ill\u0151 id\u00e9zet, r\u00f6vid gondolat)\n\nMinden apr\u00f3 r\u00e9szletet egyeztet\u00fcnk. L\u00e1tv\u00e1nytervet k\u00e9sz\u00edt\u00fcnk \u00e9s k\u00fcld\u00fcnk.\nCsak ennek j\u00f3v\u00e1hagy\u00e1sa ut\u00e1n kezdj\u00fck a gy\u00e1rt\u00e1st.\n\n\u00c1tm\u00e9r\u0151je kb. 22 cm \u00e9s 2 cm vastag. M\u00e9rete kis m\u00e9rt\u00e9kben v\u00e1ltozhat a rendelkez\u00e9sre \u00e1ll\u00f3 alapanyag szerint.\n\nA p\u00e1link\u00e1s k\u00e9szletet b\u00fckkf\u00e1b\u00f3l k\u00e9sz\u00edtj\u00fck mar\u00e1ssal, farag\u00e1ssal, g\u00e9pi- \u00e9s k\u00e9zi megmunk\u00e1l\u00e1ssal.\nA minta kialak\u00edt\u00e1sa ut\u00e1n, tov\u00e1bb finom\u00edtunk a fa fel\u00fcleti szerkezet\u00e9n.\nEzt k\u00f6vet\u0151en k\u00e9zzel p\u00e1coljuk, antikoljuk.","score":0,"formatted_price":"22 900 Ft","image_url":"https:\/\/www.meska.hu\/img\/product\/small\/f\/a\/faajandekok_product_350695_191112001021_458285.jpeg","formatted_url":"https:\/\/www.meska.hu\/p4302214-egyedi-palinkas-keszlet-vadasznak-kor-alaku-tomor-fabol-a-maga-termeszetes-szepsegeben","favourite":false,"in_stock":true,"avatar":"faajandekok_avatar_350695_1573510309.jpg","delete_from":0,"is_enhanced_background":false,"is_enhanced":false,"product_selection_started":false,"is_active":true,"image_webp_url":"https:\/\/www.meska.hu\/img\/product\/small\/f\/a\/faajandekok_product_350695_191112001021_458285.webp"},{"id":"6150814","shop_id":"30910","user_id":"392906","shop_name":"HtArt","shop_zip":"2060","product_code":"5756866","product_name_old":null,"product_name":"T\u00f6m\u00f6r gyertya nyuszis ","category_string":"Otthon & \u00c9letm\u00f3d, Gyertya, illat, aroma, Gyertya","technic_string":"Gyertya-, m\u00e9csesk\u00e9sz\u00edt\u00e9s","category_1":"813","category_2":"415","category_3":"1388","category_4":"0","merged_category_1":null,"merged_category_2":null,"merged_category_3":null,"technic_1":"484","technic_2":"0","technic_3":"0","color_1":"568","color_2":"0","color_3":"0","product_description_old":null,"product_description":"M\u00e9hviasz gyertya\n\n114gr","price":"1300.00","unit":"db","recommended":"0","status":"1","sponsored":"0","exp_notify":"0","own_material":"0","own_material_description_old":null,"own_material_description":"","jury":"0","jury_number":"","product_nature":"","meskaracsony":"0","create_date":"2026-03-08 23:04:32","shelve_id":"0","image":"htart_product_392906_260308230230_741560.jpeg","image_width":"480","image_height":"480","image_alt":"T\u00f6m\u00f6r gyertya nyuszis , M\u00e9hviasz gyertya\\n\\n114gr, Meska","image_title":"T\u00f6m\u00f6r gyertya nyuszis , Meska","view_count":"45","favourite_count":"0","trending_score":"0","last2MonthFavouriteCount":"0","promotion":0,"giftcard_accept":"1","creditcard_accept":true,"enhanced_background":"0","domain":"meska","specific_customer_id":null,"specific_customer_name":null,"to_order_product":"0","to_order_product_time":"0","product_different":null,"product_different_description":"","vintage":"0","vintage_category_id":"0","recycled":"0","gemstone_id":"0","customizable":"0","type_category":"physical","zerowaste":"0","postage_price":"1290.00","shop_order":"0","has_category":"1","landing_pages":null,"microdata":{"number":99,"category":""},"title":"T\u00f6m\u00f6r gyertya nyuszis ","description":"M\u00e9hviasz gyertya\n\n114gr","score":0,"formatted_price":"1 300 Ft","image_url":"https:\/\/www.meska.hu\/img\/product\/small\/h\/t\/htart_product_392906_260308230230_741560.jpeg","formatted_url":"https:\/\/www.meska.hu\/p5756866-tomor-gyertya-nyuszis","favourite":false,"in_stock":true,"avatar":"392906_avatar_1770133449.jpeg","delete_from":0,"is_enhanced_background":false,"is_enhanced":false,"product_selection_started":false,"is_active":true,"image_webp_url":"https:\/\/www.meska.hu\/img\/product\/small\/h\/t\/htart_product_392906_260308230230_741560.webp"}],"canonicals":{"canonical":"https:\/\/www.meska.hu\/s\/Mind\/q-t\u00f6m\u00f6rfa","next":"https:\/\/www.meska.hu\/s\/Mind\/p-2:q-t\u00f6m\u00f6rfa"},"seo":{"title":"K\u00e9zm\u0171ves term\u00e9kek - Meska.hu","seoTitle":"","seoDescription":"","metaDescription":"Magyar k\u00e9zm\u0171ves design term\u00e9kek hazai alkot\u00f3kt\u00f3l nagy v\u00e1laszt\u00e9kban, egyedi megrendel\u00e9sre is. \u2714\ufe0f N\u00e9zd meg az \u00f6sszes term\u00e9k\u00fcnk, \u00e9s rendelj k\u00edn\u00e1latunkb\u00f3l!","metaNoIndex":false,"metaNoFollow":false,"seoFound":false,"canonicals":"https:\/\/www.meska.hu\/s\/Mind\/legnepszerubb:q-t\u00f6m\u00f6rfa"},"breadcrumb":[{"position":1,"name":"Meska.hu","url":"https:\/\/www.meska.hu","last":true}],"h1":null,"url":{"url":"https:\/\/www.meska.hu\/s\/Mind\/legnepszerubb:q-t\u00f6m\u00f6rfa","title":"Mind","_debug_":false},"_count_":100}