{"_terms_":{"phrase":"*","category_id":"320","category_ids":"320","technic_id":"796","technics":"796","facets":"n","p":"1","pp":"100","sort_by":"create_date","sort_direction":"desc","product_type":"kezmuves|alapanyag|vintage","session_id":"0v9or51uhseb6ume6t9nj0cr8t"},"total":45,"products":[{"id":"5574039","shop_id":"45076","user_id":"647765","shop_name":"Handmadedream","shop_zip":"6758","product_code":"5436245","product_name_old":null,"product_name":"Grincs adventi napt\u00e1r ","category_string":"Kar\u00e1csony, Adventi d\u00edszek, Adventi napt\u00e1r","technic_string":"Grav\u00edroz\u00e1s, pirogr\u00e1fia","category_1":"319","category_2":"1285","category_3":"320","category_4":"0","merged_category_1":null,"merged_category_2":null,"merged_category_3":null,"technic_1":"796","technic_2":"0","technic_3":"0","color_1":"523","color_2":"529","color_3":"0","product_description_old":null,"product_description":"Grincs adventi napt\u00e1r\nA v\u00e1gott lyukakba tetsz\u00e9s szerint tehet\u0151 nyal\u00f3ka p\u00e1lca, kis zs\u00e1kocsk\u00e1k... \nM\u00e9rete: 19 x 15 cm\nAnyaga: akrillal festett r\u00e9tegelt lemez","price":"3800.00","unit":"db","recommended":"0","status":"1","sponsored":"0","exp_notify":"0","own_material":"0","own_material_description_old":null,"own_material_description":"","jury":"0","jury_number":"","product_nature":"","meskaracsony":"0","create_date":"2026-04-21 13:48:46","shelve_id":"0","image":"handmadedream_product_647765_241113203442_429168.png","image_width":"480","image_height":"480","image_alt":"Grincs adventi napt\u00e1r , Grincs adventi napt\u00e1r\\nA v\u00e1gott lyukakba tetsz\u00e9s szerint tehet\u0151 nyal\u00f3ka p\u00e1lca, kis zs\u00e1kocsk\u00e1k... \\nM\u00e9r..., Meska","image_title":"Grincs adventi napt\u00e1r , Meska","view_count":"554","favourite_count":"0","trending_score":"0","last2MonthFavouriteCount":"0","promotion":"0","giftcard_accept":"0","creditcard_accept":true,"enhanced_background":"0","domain":"meska","specific_customer_id":null,"specific_customer_name":null,"to_order_product":"0","to_order_product_time":"0","product_different":null,"product_different_description":"","vintage":"0","vintage_category_id":"0","recycled":"0","gemstone_id":"0","customizable":"0","type_category":"physical","zerowaste":"0","postage_price":"1290.00","shop_order":"0","has_category":"1","landing_pages":null,"microdata":{"number":1,"category":""},"title":"Grincs adventi napt\u00e1r ","description":"Grincs adventi napt\u00e1r\nA v\u00e1gott lyukakba tetsz\u00e9s szerint tehet\u0151 nyal\u00f3ka p\u00e1lca, kis zs\u00e1kocsk\u00e1k... \nM\u00e9rete: 19 x 15 cm\nAnyaga: akrillal festett r\u00e9tegelt lemez","score":0,"formatted_price":"3 800 Ft","image_url":"https:\/\/www.meska.hu\/img\/product\/small\/h\/a\/handmadedream_product_647765_241113203442_429168.png","formatted_url":"https:\/\/www.meska.hu\/p5436245-grincs-adventi-naptar","favourite":false,"in_stock":true,"avatar":"647765_avatar_1714061968.png","delete_from":0,"is_enhanced_background":false,"is_enhanced":false,"product_selection_started":false,"is_active":true,"image_webp_url":"https:\/\/www.meska.hu\/img\/product\/small\/h\/a\/handmadedream_product_647765_241113203442_429168.webp"},{"id":"5076854","shop_id":"34460","user_id":"450661","shop_name":"Nikolett718669","shop_zip":"4937","product_code":"5134390","product_name_old":null,"product_name":"S\u00f6rtart\u00f3","category_string":"Kar\u00e1csony, Adventi d\u00edszek, Adventi napt\u00e1r","technic_string":"Famegmunk\u00e1l\u00e1s, Grav\u00edroz\u00e1s, pirogr\u00e1fia","category_1":"319","category_2":"1285","category_3":"320","category_4":"0","merged_category_1":null,"merged_category_2":null,"merged_category_3":null,"technic_1":"478","technic_2":"796","technic_3":"0","color_1":"532","color_2":"534","color_3":"0","product_description_old":null,"product_description":"Adventi s\u00f6r kalend\u00e1rium, feny\u0151 form\u00e1ban.\nDe haszn\u00e1lhat\u00f3 0,5 l. \u00fcd\u00edt\u0151vel is.\nIgaz, hogy csak 6 db-os.\nAnyaga 6 mm-es csiszolt kezeletlen r\u00e9tegelt lemez.\nA csillagra k\u00e9rhet\u0151 ak\u00e1r n\u00e9v vagy kisebb felirat.\n","price":"6000.00","unit":"db","recommended":"0","status":"1","sponsored":"0","exp_notify":"0","own_material":"0","own_material_description_old":null,"own_material_description":"","jury":"0","jury_number":"","product_nature":"","meskaracsony":"0","create_date":"2026-04-05 06:32:53","shelve_id":"0","image":"nikolett718669_product_450661_231113000717_25994.jpeg","image_width":"480","image_height":"637","image_alt":"S\u00f6rtart\u00f3, Adventi s\u00f6r kalend\u00e1rium, feny\u0151 form\u00e1ban.\\nDe haszn\u00e1lhat\u00f3 0,5 l. \u00fcd\u00edt\u0151vel is.\\nIgaz, hogy csak 6 db-os...., Meska","image_title":"S\u00f6rtart\u00f3, Meska","view_count":"1406","favourite_count":"0","trending_score":"0","last2MonthFavouriteCount":"0","promotion":"0","giftcard_accept":"0","creditcard_accept":false,"enhanced_background":"0","domain":"meska","specific_customer_id":null,"specific_customer_name":null,"to_order_product":"1","to_order_product_time":"14","product_different":null,"product_different_description":"","vintage":"0","vintage_category_id":"0","recycled":"0","gemstone_id":"0","customizable":"0","type_category":"physical","zerowaste":"0","postage_price":"2850.00","shop_order":"0","has_category":"1","landing_pages":null,"microdata":{"number":2,"category":""},"title":"S\u00f6rtart\u00f3","description":"Adventi s\u00f6r kalend\u00e1rium, feny\u0151 form\u00e1ban.\nDe haszn\u00e1lhat\u00f3 0,5 l. \u00fcd\u00edt\u0151vel is.\nIgaz, hogy csak 6 db-os.\nAnyaga 6 mm-es csiszolt kezeletlen r\u00e9tegelt lemez.\nA csillagra k\u00e9rhet\u0151 ak\u00e1r n\u00e9v vagy kisebb felirat.\n","score":0,"formatted_price":"6 000 Ft","image_url":"https:\/\/www.meska.hu\/img\/product\/small\/n\/i\/nikolett718669_product_450661_231113000717_25994.jpeg","formatted_url":"https:\/\/www.meska.hu\/p5134390-sortarto","favourite":false,"in_stock":false,"avatar":"450661_avatar_1712857165.jpeg","delete_from":0,"is_enhanced_background":false,"is_enhanced":false,"product_selection_started":false,"is_active":true,"image_webp_url":"https:\/\/www.meska.hu\/img\/product\/small\/n\/i\/nikolett718669_product_450661_231113000717_25994.webp"},{"id":"5088326","shop_id":"34426","user_id":"450015","shop_name":"morethangift","shop_zip":"7400","product_code":"5140288","product_name_old":null,"product_name":"Adventi-kar\u00e1csonyi visszasz\u00e1ml\u00e1l\u00f3","category_string":"Kar\u00e1csony, Adventi d\u00edszek, Adventi napt\u00e1r","technic_string":"Famegmunk\u00e1l\u00e1s, Grav\u00edroz\u00e1s, pirogr\u00e1fia","category_1":"319","category_2":"1285","category_3":"320","category_4":"0","merged_category_1":"0","merged_category_2":"0","merged_category_3":"0","technic_1":"478","technic_2":"796","technic_3":"0","color_1":"515","color_2":"0","color_3":"0","product_description_old":null,"product_description":"Csal\u00e1di - adventi - kar\u00e1csonyi visszasz\u00e1ml\u00e1l\u00f3...\nSzeretitek a kar\u00e1csonyt, \u00e9s alig v\u00e1rj\u00e1tok, hogy v\u00e9gre szenteste legyen? \nAkkor Nektek val\u00f3 ez az aranyos, kar\u00e1csonyra hangol\u00f3d\u00f3 visszasz\u00e1ml\u00e1l\u00f3!\nA csillag fel\u00fclete sz\u00e1raz ruh\u00e1val\/szivaccsal let\u00f6r\u00f6lhet\u0151, a kr\u00e9ta pedig j\u00e1r a term\u00e9khez, \u00edgy k\u00f6nnyen m\u00f3dos\u00edthatj\u00e1tok a sz\u00e1mokat!\nM\u00e9rete 19 cm x 15 cm x 4,5 cm\nAnyagvastags\u00e1g: 3 mm","price":"2800.00","unit":"db","recommended":"0","status":"1","sponsored":"0","exp_notify":"0","own_material":"0","own_material_description_old":null,"own_material_description":"","jury":"0","jury_number":"","product_nature":"","meskaracsony":"0","create_date":"2026-03-29 12:50:16","shelve_id":"68875","image":"morethangift_product_450015_231119170228_065855.jpeg","image_width":"480","image_height":"640","image_alt":"Adventi-kar\u00e1csonyi visszasz\u00e1ml\u00e1l\u00f3, Csal\u00e1di - adventi - kar\u00e1csonyi visszasz\u00e1ml\u00e1l\u00f3...\\nSzeretitek a kar\u00e1csonyt, \u00e9s alig v\u00e1rj\u00e1tok, hogy v\u00e9g..., Meska","image_title":"Adventi-kar\u00e1csonyi visszasz\u00e1ml\u00e1l\u00f3, Meska","view_count":"904","favourite_count":"0","trending_score":"0","last2MonthFavouriteCount":"0","promotion":"0","giftcard_accept":"0","creditcard_accept":true,"enhanced_background":"0","domain":"meska","specific_customer_id":null,"specific_customer_name":null,"to_order_product":"1","to_order_product_time":"5","product_different":null,"product_different_description":"","vintage":"0","vintage_category_id":"0","recycled":"0","gemstone_id":"0","customizable":"0","type_category":"physical","zerowaste":"0","postage_price":"1290.00","shop_order":"0","has_category":"1","landing_pages":null,"microdata":{"number":3,"category":""},"title":"Adventi-kar\u00e1csonyi visszasz\u00e1ml\u00e1l\u00f3","description":"Csal\u00e1di - adventi - kar\u00e1csonyi visszasz\u00e1ml\u00e1l\u00f3...\nSzeretitek a kar\u00e1csonyt, \u00e9s alig v\u00e1rj\u00e1tok, hogy v\u00e9gre szenteste legyen? \nAkkor Nektek val\u00f3 ez az aranyos, kar\u00e1csonyra hangol\u00f3d\u00f3 visszasz\u00e1ml\u00e1l\u00f3!\nA csillag fel\u00fclete sz\u00e1raz ruh\u00e1val\/szivaccsal let\u00f6r\u00f6lhet\u0151, a kr\u00e9ta pedig j\u00e1r a term\u00e9khez, \u00edgy k\u00f6nnyen m\u00f3dos\u00edthatj\u00e1tok a sz\u00e1mokat!\nM\u00e9rete 19 cm x 15 cm x 4,5 cm\nAnyagvastags\u00e1g: 3 mm","score":0,"formatted_price":"2 800 Ft","image_url":"https:\/\/www.meska.hu\/img\/product\/small\/m\/o\/morethangift_product_450015_231119170228_065855.jpeg","formatted_url":"https:\/\/www.meska.hu\/p5140288-adventi-karacsonyi-visszaszamlalo","favourite":false,"in_stock":false,"avatar":"morethangift_avatar_450015_1631728544.png","delete_from":0,"is_enhanced_background":false,"is_enhanced":false,"product_selection_started":false,"is_active":true,"image_webp_url":"https:\/\/www.meska.hu\/img\/product\/small\/m\/o\/morethangift_product_450015_231119170228_065855.webp"},{"id":"5041425","shop_id":"28294","user_id":"349186","shop_name":"Hobergravir","shop_zip":"9081","product_code":"5110068","product_name_old":null,"product_name":"Adventi napt\u00e1r","category_string":"Kar\u00e1csony, Adventi d\u00edszek, Adventi napt\u00e1r","technic_string":"Grav\u00edroz\u00e1s, pirogr\u00e1fia","category_1":"319","category_2":"1285","category_3":"320","category_4":"0","merged_category_1":null,"merged_category_2":null,"merged_category_3":null,"technic_1":"796","technic_2":"0","technic_3":"0","color_1":"514","color_2":"0","color_3":"0","product_description_old":null,"product_description":"Ezzel a grav\u00edrozott adventi napt\u00e1rral hangulatosabb\u00e1 var\u00e1zsolhatjuk az adventi k\u00e9sz\u00fcl\u0151d\u00e9st otthonunkban. 3mm-es ny\u00edr r\u00e9tegelt lemezb\u0151l k\u00e9sz\u00fclt, m\u00e9rete 15x10cm, 28 cm magas. A napt\u00e1r h\u00e1tt\u00e1ml\u00e1j\u00e1ba egyedi sz\u00f6veg k\u00e9rhet\u0151. A d\u00e1tumot a kock\u00e1k forgat\u00e1s\u00e1val v\u00e1ltoztathatjuk.","price":"6000.00","unit":"db","recommended":"0","status":"1","sponsored":"0","exp_notify":"0","own_material":"0","own_material_description_old":null,"own_material_description":"","jury":"0","jury_number":"","product_nature":"","meskaracsony":"0","create_date":"2026-03-28 12:40:55","shelve_id":"0","image":"hobergravir_product_349186_231024181421_347236.jpeg","image_width":"480","image_height":"831","image_alt":"Adventi napt\u00e1r, Ezzel a grav\u00edrozott adventi napt\u00e1rral hangulatosabb\u00e1 var\u00e1zsolhatjuk az adventi k\u00e9sz\u00fcl\u0151d\u00e9st otthonunk..., Meska","image_title":"Adventi napt\u00e1r, Meska","view_count":"868","favourite_count":"0","trending_score":"0","last2MonthFavouriteCount":"0","promotion":"0","giftcard_accept":"0","creditcard_accept":true,"enhanced_background":"0","domain":"meska","specific_customer_id":null,"specific_customer_name":null,"to_order_product":"1","to_order_product_time":"5","product_different":null,"product_different_description":"","vintage":"0","vintage_category_id":"0","recycled":"0","gemstone_id":"0","customizable":"1","type_category":"physical","zerowaste":"0","postage_price":"2390.00","shop_order":"0","has_category":"1","landing_pages":null,"microdata":{"number":4,"category":""},"title":"Adventi napt\u00e1r","description":"Ezzel a grav\u00edrozott adventi napt\u00e1rral hangulatosabb\u00e1 var\u00e1zsolhatjuk az adventi k\u00e9sz\u00fcl\u0151d\u00e9st otthonunkban. 3mm-es ny\u00edr r\u00e9tegelt lemezb\u0151l k\u00e9sz\u00fclt, m\u00e9rete 15x10cm, 28 cm magas. A napt\u00e1r h\u00e1tt\u00e1ml\u00e1j\u00e1ba egyedi sz\u00f6veg k\u00e9rhet\u0151. A d\u00e1tumot a kock\u00e1k forgat\u00e1s\u00e1val v\u00e1ltoztathatjuk.","score":0,"formatted_price":"6 000 Ft","image_url":"https:\/\/www.meska.hu\/img\/product\/small\/h\/o\/hobergravir_product_349186_231024181421_347236.jpeg","formatted_url":"https:\/\/www.meska.hu\/p5110068-adventi-naptar","favourite":false,"in_stock":false,"avatar":"349186_avatar_1683495663.jpeg","delete_from":0,"is_enhanced_background":false,"is_enhanced":false,"product_selection_started":false,"is_active":true,"image_webp_url":"https:\/\/www.meska.hu\/img\/product\/small\/h\/o\/hobergravir_product_349186_231024181421_347236.webp"},{"id":"5603331","shop_id":"26480","user_id":"320413","shop_name":"Pannonbengal","shop_zip":"2234","product_code":"5450742","product_name_old":null,"product_name":"Adventi napt\u00e1r.","category_string":"Kar\u00e1csony, Adventi d\u00edszek, Adventi napt\u00e1r","technic_string":"Famegmunk\u00e1l\u00e1s, Grav\u00edroz\u00e1s, pirogr\u00e1fia","category_1":"319","category_2":"1285","category_3":"320","category_4":"0","merged_category_1":null,"merged_category_2":null,"merged_category_3":null,"technic_1":"478","technic_2":"796","technic_3":"0","color_1":"514","color_2":"515","color_3":"523","product_description_old":null,"product_description":"M\u00e9rete, 55 X 45 X 5 cm. 3 mm r\u00e9tegelt lemezb\u0151l, l\u00e9zerv\u00e1g\u00e1ssal k\u00e9sz\u00fclt term\u00e9k.\n","price":"25000.00","unit":"db","recommended":"0","status":"1","sponsored":"0","exp_notify":"0","own_material":"0","own_material_description_old":null,"own_material_description":"","jury":"0","jury_number":"","product_nature":"","meskaracsony":"0","create_date":"2026-03-26 14:31:25","shelve_id":"0","image":"pannonbengal_product_320413_241201124012_711957.jpeg","image_width":"480","image_height":"360","image_alt":"Adventi napt\u00e1r., M\u00e9rete, 55 X 45 X 5 cm. 3 mm r\u00e9tegelt lemezb\u0151l, l\u00e9zerv\u00e1g\u00e1ssal k\u00e9sz\u00fclt term\u00e9k.\\n, Meska","image_title":"Adventi napt\u00e1r., Meska","view_count":"367","favourite_count":"0","trending_score":"0","last2MonthFavouriteCount":"0","promotion":"0","giftcard_accept":"0","creditcard_accept":true,"enhanced_background":"0","domain":"meska","specific_customer_id":null,"specific_customer_name":null,"to_order_product":"0","to_order_product_time":"0","product_different":null,"product_different_description":"","vintage":"0","vintage_category_id":"0","recycled":"0","gemstone_id":"0","customizable":"0","type_category":"physical","zerowaste":"0","postage_price":"1290.00","shop_order":"0","has_category":"1","landing_pages":null,"microdata":{"number":5,"category":""},"title":"Adventi napt\u00e1r.","description":"M\u00e9rete, 55 X 45 X 5 cm. 3 mm r\u00e9tegelt lemezb\u0151l, l\u00e9zerv\u00e1g\u00e1ssal k\u00e9sz\u00fclt term\u00e9k.\n","score":0,"formatted_price":"25 000 Ft","image_url":"https:\/\/www.meska.hu\/img\/product\/small\/p\/a\/pannonbengal_product_320413_241201124012_711957.jpeg","formatted_url":"https:\/\/www.meska.hu\/p5450742-adventi-naptar","favourite":false,"in_stock":true,"avatar":"Pannonbengal_avatar_320413_1578855869.jpg","delete_from":0,"is_enhanced_background":false,"is_enhanced":false,"product_selection_started":false,"is_active":true,"image_webp_url":"https:\/\/www.meska.hu\/img\/product\/small\/p\/a\/pannonbengal_product_320413_241201124012_711957.webp"},{"id":"4517001","shop_id":"36337","user_id":"319557","shop_name":"KittiKucko","shop_zip":"4515","product_code":"4790275","product_name_old":null,"product_name":"Adventi kalend\u00e1rium -torony forma","category_string":"Kar\u00e1csony, Adventi d\u00edszek, Adventi napt\u00e1r","technic_string":"Grav\u00edroz\u00e1s, pirogr\u00e1fia","category_1":"319","category_2":"1285","category_3":"320","category_4":"0","merged_category_1":null,"merged_category_2":null,"merged_category_3":null,"technic_1":"796","technic_2":"0","technic_3":"0","color_1":"515","color_2":"0","color_3":"0","product_description_old":null,"product_description":"K\u00fcl\u00f6nleges adventi kalend\u00e1rium, melybe apr\u00f3 kincseket lehet rejteni.\nM\u00e9rete: 21*13,5*13,5cm\nFakkok m\u00e9rete: 5,5*4,5*2cm\nAnyaga: r\u00e9tegelt ny\u00edr\nA tetej\u00e9n l\u00e9v\u0151 aj\u00e1nd\u00e9kdoboz m\u00e9rete: 9,5*9,5cm\n\nA term\u00e9k k\u00e9sz\u00edt\u00e9s\u00e9t egyeztet\u00e9s \u00e9s fizet\u00e9s ut\u00e1n kezdj\u00fck meg.\nA FoxPost felad\u00e1s: CSAK H\u00e9tf\u0151i \u00e9s cs\u00fct\u00f6rt\u00f6ki napon! (Rendel\u00e9sn\u00e9l \u00e9s hat\u00e1rid\u0151n\u00e9l k\u00e9rem figyelj\u00e9k.)\nAz 5 munkanapos rendel\u00e9steljes\u00edt\u00e9st csak GLS sz\u00e1ll\u00edt\u00e1s eset\u00e9n tudjuk biztos\u00edtani.","price":"14990.00","unit":"db","recommended":"0","status":"1","sponsored":"0","exp_notify":"0","own_material":"0","own_material_description_old":null,"own_material_description":"","jury":"0","jury_number":"","product_nature":"","meskaracsony":"0","create_date":"2026-03-25 10:20:31","shelve_id":"0","image":"kittikucko_product_319557_221005123225_362710.jpeg","image_width":"480","image_height":"640","image_alt":"Adventi kalend\u00e1rium -torony forma, K\u00fcl\u00f6nleges adventi kalend\u00e1rium, melybe apr\u00f3 kincseket lehet rejteni.\\nM\u00e9rete: 21*13,5*13,5cm\\nFakkok m..., Meska","image_title":"Adventi kalend\u00e1rium -torony forma, Meska","view_count":"1976","favourite_count":"0","trending_score":"0","last2MonthFavouriteCount":"0","promotion":"0","giftcard_accept":"0","creditcard_accept":false,"enhanced_background":"0","domain":"meska","specific_customer_id":null,"specific_customer_name":null,"to_order_product":"1","to_order_product_time":"5","product_different":null,"product_different_description":"","vintage":"0","vintage_category_id":"0","recycled":"0","gemstone_id":"0","customizable":"0","type_category":"physical","zerowaste":"0","postage_price":"2000.00","shop_order":"0","has_category":"1","landing_pages":null,"microdata":{"number":6,"category":""},"title":"Adventi kalend\u00e1rium -torony forma","description":"K\u00fcl\u00f6nleges adventi kalend\u00e1rium, melybe apr\u00f3 kincseket lehet rejteni.\nM\u00e9rete: 21*13,5*13,5cm\nFakkok m\u00e9rete: 5,5*4,5*2cm\nAnyaga: r\u00e9tegelt ny\u00edr\nA tetej\u00e9n l\u00e9v\u0151 aj\u00e1nd\u00e9kdoboz m\u00e9rete: 9,5*9,5cm\n\nA term\u00e9k k\u00e9sz\u00edt\u00e9s\u00e9t egyeztet\u00e9s \u00e9s fizet\u00e9s ut\u00e1n kezdj\u00fck meg.\nA FoxPost felad\u00e1s: CSAK H\u00e9tf\u0151i \u00e9s cs\u00fct\u00f6rt\u00f6ki napon! (Rendel\u00e9sn\u00e9l \u00e9s hat\u00e1rid\u0151n\u00e9l k\u00e9rem figyelj\u00e9k.)\nAz 5 munkanapos rendel\u00e9steljes\u00edt\u00e9st csak GLS sz\u00e1ll\u00edt\u00e1s eset\u00e9n tudjuk biztos\u00edtani.","score":0,"formatted_price":"14 990 Ft","image_url":"https:\/\/www.meska.hu\/img\/product\/small\/k\/i\/kittikucko_product_319557_221005123225_362710.jpeg","formatted_url":"https:\/\/www.meska.hu\/p4790275-adventi-kalendarium-torony-forma","favourite":false,"in_stock":false,"avatar":"319557_avatar_1642493809.png","delete_from":0,"is_enhanced_background":false,"is_enhanced":false,"product_selection_started":false,"is_active":true,"image_webp_url":"https:\/\/www.meska.hu\/img\/product\/small\/k\/i\/kittikucko_product_319557_221005123225_362710.webp"},{"id":"5529071","shop_id":"46250","user_id":"664699","shop_name":"mdartsandcrafts","shop_zip":"535600","product_code":"5402027","product_name_old":null,"product_name":"Adventi korongok, Adventi napt\u00e1r m\u00e1sk\u00e9pp ","category_string":"Kar\u00e1csony, Adventi d\u00edszek, Adventi napt\u00e1r","technic_string":"Grav\u00edroz\u00e1s, pirogr\u00e1fia","category_1":"319","category_2":"1285","category_3":"320","category_4":"0","merged_category_1":null,"merged_category_2":null,"merged_category_3":null,"technic_1":"796","technic_2":"0","technic_3":"0","color_1":"514","color_2":"0","color_3":"0","product_description_old":null,"product_description":"K\u00fcl\u00f6nleges adventi napt\u00e1r, minden napra egy feladattal. A gyerekek nagyon szeretik ezt a t\u00edpus\u00fa napt\u00e1rt \u2764\ufe0f\n\nA korongok 4 mm-es f\u00e1b\u00f3l k\u00e9sz\u00fclnek, \u00e1tm\u00e9r\u0151j\u0171 6 cm. \n\u00d6sszesen 24 db korong k\u00e9sz\u00fcl, minden napra egy feladat, az adventi id\u0151szakban.\nK\u00e9rhet\u0151 hozz\u00e1juk sz\u00e1mozott b\u00e1rsony zs\u00e1kocska is, ezt a leg\u00f6rd\u00fcl\u0151 men\u00fckn\u00e9l tudod kiv\u00e1lasztani. \n\nRendel\u00e9s lead\u00e1sa ut\u00e1n, elk\u00fcld\u00f6m \u00fczenetben a list\u00e1t a v\u00e1laszthat\u00f3 feladatokr\u00f3l. ","price":"4800.00","unit":"db","recommended":"0","status":"1","sponsored":"0","exp_notify":"0","own_material":"0","own_material_description_old":null,"own_material_description":"","jury":"0","jury_number":"","product_nature":"","meskaracsony":"0","create_date":"2026-03-25 08:20:13","shelve_id":"77899","image":"mdartsandcrafts_product_664699_251124060827_334128.jpeg","image_width":"480","image_height":"640","image_alt":"Adventi korongok, Adventi napt\u00e1r m\u00e1sk\u00e9pp , K\u00fcl\u00f6nleges adventi napt\u00e1r, minden napra egy feladattal. A gyerekek nagyon szeretik ezt a t\u00edpus\u00fa napt..., Meska","image_title":"Adventi korongok, Adventi napt\u00e1r m\u00e1sk\u00e9pp , Meska","view_count":"756","favourite_count":"0","trending_score":"0","last2MonthFavouriteCount":"0","promotion":"0","giftcard_accept":"0","creditcard_accept":true,"enhanced_background":"0","domain":"meska","specific_customer_id":null,"specific_customer_name":null,"to_order_product":"1","to_order_product_time":"7","product_different":null,"product_different_description":"","vintage":"0","vintage_category_id":"0","recycled":"0","gemstone_id":"0","customizable":"0","type_category":"physical","zerowaste":"0","postage_price":"1500.00","shop_order":"0","has_category":"1","landing_pages":null,"microdata":{"number":7,"category":""},"title":"Adventi korongok, Adventi napt\u00e1r m\u00e1sk\u00e9pp ","description":"K\u00fcl\u00f6nleges adventi napt\u00e1r, minden napra egy feladattal. A gyerekek nagyon szeretik ezt a t\u00edpus\u00fa napt\u00e1rt \u2764\ufe0f\n\nA korongok 4 mm-es f\u00e1b\u00f3l k\u00e9sz\u00fclnek, \u00e1tm\u00e9r\u0151j\u0171 6 cm. \n\u00d6sszesen 24 db korong k\u00e9sz\u00fcl, minden napra egy feladat, az adventi id\u0151szakban.\nK\u00e9rhet\u0151 hozz\u00e1juk sz\u00e1mozott b\u00e1rsony zs\u00e1kocska is, ezt a leg\u00f6rd\u00fcl\u0151 men\u00fckn\u00e9l tudod kiv\u00e1lasztani. \n\nRendel\u00e9s lead\u00e1sa ut\u00e1n, elk\u00fcld\u00f6m \u00fczenetben a list\u00e1t a v\u00e1laszthat\u00f3 feladatokr\u00f3l. ","score":0,"formatted_price":"4 800 Ft","image_url":"https:\/\/www.meska.hu\/img\/product\/small\/m\/d\/mdartsandcrafts_product_664699_251124060827_334128.jpeg","formatted_url":"https:\/\/www.meska.hu\/p5402027-adventi-korongok-adventi-naptar-maskepp","favourite":false,"in_stock":false,"avatar":"664699_avatar_1728105978.jpeg","delete_from":0,"is_enhanced_background":false,"is_enhanced":false,"product_selection_started":false,"is_active":true,"image_webp_url":"https:\/\/www.meska.hu\/img\/product\/small\/m\/d\/mdartsandcrafts_product_664699_251124060827_334128.webp"},{"id":"6007108","shop_id":"48773","user_id":"714823","shop_name":"mkkreativlezer","shop_zip":"2500","product_code":"5678701","product_name_old":null,"product_name":"B\u0151v\u00edtett Betlehemi Adventi Napt\u00e1r 24 figur\u00e1val","category_string":"Kar\u00e1csony, Adventi d\u00edszek, Adventi napt\u00e1r","technic_string":"Famegmunk\u00e1l\u00e1s, Grav\u00edroz\u00e1s, pirogr\u00e1fia","category_1":"319","category_2":"1285","category_3":"320","category_4":"0","merged_category_1":null,"merged_category_2":null,"merged_category_3":null,"technic_1":"478","technic_2":"796","technic_3":"0","color_1":"514","color_2":"0","color_3":"0","product_description_old":null,"product_description":"Ez a k\u00fcl\u00f6nleges, f\u00e1b\u00f3l k\u00e9sz\u00fclt betlehemi adventi kalend\u00e1rium igazi \u00fcnnepi \u00e9lm\u00e9nyt ad: minden nap egy \u00faj szerepl\u0151 ker\u00fcl a hely\u00e9re, \u00edgy kar\u00e1csonyra teljes pomp\u00e1j\u00e1ban \u00f6ssze\u00e1ll a betlehemi jelenet.\n\nA k\u00e9szlet \u00f6sszesen 24 figur\u00e1t tartalmaz: 22 figura a talapzat m\u00e9lyed\u00e9seibe helyezhet\u0151, 2 angyal pedig a bolt\u00edven tal\u00e1lhat\u00f3 \u2013 \u0151k is levehet\u0151k.\n\nMit tartalmaz a k\u00e9szlet?\n\n24 r\u00e9szletgazdag fafigura:\n\u2013 Szent Csal\u00e1d\n\u2013 Kis J\u00e9zus a j\u00e1szolban\n\u2013 H\u00e1rom kir\u00e1lyok\n\u2013 P\u00e1sztorok\n\u2013 \u00c1llatok: tev\u00e9k, \u00f6k\u00f6r, szam\u00e1r, b\u00e1r\u00e1nyok\n\u2013 Angyalok (2 db a bolt\u00edven, levehet\u0151)\n\u2013 Ist\u00e1ll\u00f3 \u00e9s csillag\n\nMinden figura saj\u00e1t helyet kap, \u00edgy a gyerekek nagy \u00f6r\u00f6mmel \u00e9p\u00edtik napr\u00f3l napra a teljes jelenetet.\n\nAnyag \u00e9s kidolgoz\u00e1s\n\n???? 4 mm vastag, kiv\u00e1l\u00f3 min\u0151s\u00e9g\u0171 ny\u00edr r\u00e9tegelt lemez\n????\ufe0f Prec\u00edz l\u00e9zergrav\u00edroz\u00e1s r\u00e9szlete\n???? Term\u00e9szetes, nat\u00far fa fel\u00fclet, ami sz\u00e9pen illik b\u00e1r\n\nM\u00e9ret:\n\n36 cm sz\u00e9les\n\nMi\u00e9rt k\u00fcl\u00f6nleges?\n\nSaj\u00e1t tervez\u00e9s\u0171 MK Kreat\u00edv L\u00e9zer alkot\u00e1s\nT\u00f6k\u00e9letes csal\u00e1di adventi ritu\u00e1l\u00e9hoz\nTart\u00f3s, \u00e9vr\u0151l \u00e9vre \u00fajrahaszn\u00e1lhat\u00f3\nEgyedi n\u00e9v felirattal szem\u00e9lyre szabhat\u00f3. \n\nKinek aj\u00e1nlom?\n\n\u2013 Csal\u00e1doknak, akik szeretn\u00e9k az adventi id\u0151szakot \u00e9lm\u00e9nny\u00e9 var\u00e1zsolni\n\u2013 Gyerekeknek, akik szeretik a napi meglepet\u00e9st \u00e9s a figur\u00e1kat\n\u2013 Mindenkinek, aki szereti a term\u00e9szetes fa dekor\u00e1ci\u00f3kat\n\nHa k\u00e9rd\u00e9sed van, sz\u00edvesen v\u00e1laszolok! :)\n","price":"11500.00","unit":"db","recommended":"0","status":"1","sponsored":"0","exp_notify":"0","own_material":"0","own_material_description_old":null,"own_material_description":"","jury":"0","jury_number":"","product_nature":"","meskaracsony":"0","create_date":"2026-03-24 21:18:33","shelve_id":"0","image":"mkkreativlezer_product_714823_251119180058_61829.jpeg","image_width":"480","image_height":"280","image_alt":"B\u0151v\u00edtett Betlehemi Adventi Napt\u00e1r 24 figur\u00e1val, Ez a k\u00fcl\u00f6nleges, f\u00e1b\u00f3l k\u00e9sz\u00fclt betlehemi adventi kalend\u00e1rium igazi \u00fcnnepi \u00e9lm\u00e9nyt ad: minden nap egy..., Meska","image_title":"B\u0151v\u00edtett Betlehemi Adventi Napt\u00e1r 24 figur\u00e1val, Meska","view_count":"221","favourite_count":"0","trending_score":"0","last2MonthFavouriteCount":"0","promotion":"0","giftcard_accept":"0","creditcard_accept":true,"enhanced_background":"0","domain":"meska","specific_customer_id":null,"specific_customer_name":null,"to_order_product":"1","to_order_product_time":"3","product_different":null,"product_different_description":"","vintage":"0","vintage_category_id":"0","recycled":"0","gemstone_id":"0","customizable":"1","type_category":"physical","zerowaste":"0","postage_price":"1349.00","shop_order":"0","has_category":"1","landing_pages":null,"microdata":{"number":8,"category":""},"title":"B\u0151v\u00edtett Betlehemi Adventi Napt\u00e1r 24 figur\u00e1val","description":"Ez a k\u00fcl\u00f6nleges, f\u00e1b\u00f3l k\u00e9sz\u00fclt betlehemi adventi kalend\u00e1rium igazi \u00fcnnepi \u00e9lm\u00e9nyt ad: minden nap egy \u00faj szerepl\u0151 ker\u00fcl a hely\u00e9re, \u00edgy kar\u00e1csonyra teljes pomp\u00e1j\u00e1ban \u00f6ssze\u00e1ll a betlehemi jelenet.\n\nA k\u00e9szlet \u00f6sszesen 24 figur\u00e1t tartalmaz: 22 figura a talapzat m\u00e9lyed\u00e9seibe helyezhet\u0151, 2 angyal pedig a bolt\u00edven tal\u00e1lhat\u00f3 \u2013 \u0151k is levehet\u0151k.\n\nMit tartalmaz a k\u00e9szlet?\n\n24 r\u00e9szletgazdag fafigura:\n\u2013 Szent Csal\u00e1d\n\u2013 Kis J\u00e9zus a j\u00e1szolban\n\u2013 H\u00e1rom kir\u00e1lyok\n\u2013 P\u00e1sztorok\n\u2013 \u00c1llatok: tev\u00e9k, \u00f6k\u00f6r, szam\u00e1r, b\u00e1r\u00e1nyok\n\u2013 Angyalok (2 db a bolt\u00edven, levehet\u0151)\n\u2013 Ist\u00e1ll\u00f3 \u00e9s csillag\n\nMinden figura saj\u00e1t helyet kap, \u00edgy a gyerekek nagy \u00f6r\u00f6mmel \u00e9p\u00edtik napr\u00f3l napra a teljes jelenetet.\n\nAnyag \u00e9s kidolgoz\u00e1s\n\n???? 4 mm vastag, kiv\u00e1l\u00f3 min\u0151s\u00e9g\u0171 ny\u00edr r\u00e9tegelt lemez\n????\ufe0f Prec\u00edz l\u00e9zergrav\u00edroz\u00e1s r\u00e9szlete\n???? Term\u00e9szetes, nat\u00far fa fel\u00fclet, ami sz\u00e9pen illik b\u00e1r\n\nM\u00e9ret:\n\n36 cm sz\u00e9les\n\nMi\u00e9rt k\u00fcl\u00f6nleges?\n\nSaj\u00e1t tervez\u00e9s\u0171 MK Kreat\u00edv L\u00e9zer alkot\u00e1s\nT\u00f6k\u00e9letes csal\u00e1di adventi ritu\u00e1l\u00e9hoz\nTart\u00f3s, \u00e9vr\u0151l \u00e9vre \u00fajrahaszn\u00e1lhat\u00f3\nEgyedi n\u00e9v felirattal szem\u00e9lyre szabhat\u00f3. \n\nKinek aj\u00e1nlom?\n\n\u2013 Csal\u00e1doknak, akik szeretn\u00e9k az adventi id\u0151szakot \u00e9lm\u00e9nny\u00e9 var\u00e1zsolni\n\u2013 Gyerekeknek, akik szeretik a napi meglepet\u00e9st \u00e9s a figur\u00e1kat\n\u2013 Mindenkinek, aki szereti a term\u00e9szetes fa dekor\u00e1ci\u00f3kat\n\nHa k\u00e9rd\u00e9sed van, sz\u00edvesen v\u00e1laszolok! :)\n","score":0,"formatted_price":"11 500 Ft","image_url":"https:\/\/www.meska.hu\/img\/product\/small\/m\/k\/mkkreativlezer_product_714823_251119180058_61829.jpeg","formatted_url":"https:\/\/www.meska.hu\/p5678701-bovitett-betlehemi-adventi-naptar-24-figuraval","favourite":false,"in_stock":false,"avatar":"714823_avatar_1744620885.png","delete_from":0,"is_enhanced_background":false,"is_enhanced":false,"product_selection_started":false,"is_active":true,"image_webp_url":"https:\/\/www.meska.hu\/img\/product\/small\/m\/k\/mkkreativlezer_product_714823_251119180058_61829.webp"},{"id":"5982602","shop_id":"50155","user_id":"734533","shop_name":"Vonaldekor","shop_zip":"4220","product_code":"5661485","product_name_old":null,"product_name":"Adventi \u00f3ra","category_string":"Kar\u00e1csony, Adventi d\u00edszek, Adventi napt\u00e1r","technic_string":"Grav\u00edroz\u00e1s, pirogr\u00e1fia","category_1":"319","category_2":"1285","category_3":"320","category_4":"0","merged_category_1":null,"merged_category_2":null,"merged_category_3":null,"technic_1":"796","technic_2":"0","technic_3":"0","color_1":"515","color_2":"0","color_3":"0","product_description_old":null,"product_description":"Sz\u00e1mold vissza Kar\u00e1csonyig a napokat ezzel az adventi \u00f3r\u00e1val! H\u0171t\u0151m\u00e1gnes vagy akaszt\u00f3s kivitelben is k\u00e9rhet\u0151. A sz\u00e1mlapra egyedi \u00fczenet is grav\u00edrozhat\u00f3. \nA mutat\u00f3t k\u00e9zzel kell \u00e1ll\u00edtani! \nA term\u00e9k \u00e1tm\u00e9r\u0151je 13,5cm. ","price":"4000.00","unit":"db","recommended":"0","status":"1","sponsored":"0","exp_notify":"0","own_material":"0","own_material_description_old":null,"own_material_description":"","jury":"0","jury_number":"","product_nature":"","meskaracsony":"0","create_date":"2026-03-24 12:02:22","shelve_id":"0","image":"vonaldekor_product_734533_251109181729_441823.jpeg","image_width":"480","image_height":"640","image_alt":"Adventi \u00f3ra, Sz\u00e1mold vissza Kar\u00e1csonyig a napokat ezzel az adventi \u00f3r\u00e1val! H\u0171t\u0151m\u00e1gnes vagy akaszt\u00f3s kivitelben is..., Meska","image_title":"Adventi \u00f3ra, Meska","view_count":"172","favourite_count":"0","trending_score":"0","last2MonthFavouriteCount":"0","promotion":"0","giftcard_accept":"0","creditcard_accept":false,"enhanced_background":"0","domain":"meska","specific_customer_id":null,"specific_customer_name":null,"to_order_product":"1","to_order_product_time":"2","product_different":null,"product_different_description":"","vintage":"0","vintage_category_id":"0","recycled":"0","gemstone_id":"0","customizable":"1","type_category":"physical","zerowaste":"0","postage_price":"2390.00","shop_order":"0","has_category":"1","landing_pages":null,"microdata":{"number":9,"category":""},"title":"Adventi \u00f3ra","description":"Sz\u00e1mold vissza Kar\u00e1csonyig a napokat ezzel az adventi \u00f3r\u00e1val! H\u0171t\u0151m\u00e1gnes vagy akaszt\u00f3s kivitelben is k\u00e9rhet\u0151. A sz\u00e1mlapra egyedi \u00fczenet is grav\u00edrozhat\u00f3. \nA mutat\u00f3t k\u00e9zzel kell \u00e1ll\u00edtani! \nA term\u00e9k \u00e1tm\u00e9r\u0151je 13,5cm. ","score":0,"formatted_price":"4 000 Ft","image_url":"https:\/\/www.meska.hu\/img\/product\/small\/v\/o\/vonaldekor_product_734533_251109181729_441823.jpeg","formatted_url":"https:\/\/www.meska.hu\/p5661485-adventi-ora","favourite":false,"in_stock":false,"avatar":"734533_avatar_1758043237.jpeg","delete_from":0,"is_enhanced_background":false,"is_enhanced":false,"product_selection_started":false,"is_active":true,"image_webp_url":"https:\/\/www.meska.hu\/img\/product\/small\/v\/o\/vonaldekor_product_734533_251109181729_441823.webp"},{"id":"5042526","shop_id":"33879","user_id":"439136","shop_name":"ajandekdesign","shop_zip":"4220","product_code":"5110754","product_name_old":null,"product_name":"Adventi napt\u00e1rba aj\u00e1nd\u00e9k \u00f6tletek","category_string":"Kar\u00e1csony, Adventi d\u00edszek, Adventi napt\u00e1r","technic_string":"Grav\u00edroz\u00e1s, pirogr\u00e1fia","category_1":"319","category_2":"1285","category_3":"320","category_4":"0","merged_category_1":null,"merged_category_2":null,"merged_category_3":null,"technic_1":"796","technic_2":"0","technic_3":"0","color_1":"514","color_2":"0","color_3":"0","product_description_old":null,"product_description":"24 man\u00f3s k\u00e1rtya f\u00e1b\u00f3l, amelyeken kar\u00e1csonyi k\u00e9sz\u00fcl\u0151d\u00e9ssel,\nhangol\u00f3d\u00e1ssal kapcsolatos \u00f6tletek vannak,\n\u00edgy minden napra jut egy izgalmas program\n(pl: m\u00e9zeskal\u00e1cs s\u00fct\u00e9s, s\u00f3-liszt gyurm\u00e1z\u00e1s, pillecukorb\u00f3l h\u00f3ember k\u00e9sz\u00edt\u00e9s.. stb) \nA programokat \u00fagy v\u00e1logattam \u00f6ssze, hogy k\u00f6nnyen\nkivitelezhet\u0151k legyenek. ( nekem is van 2 gyerk\u0151c\u00f6m, \u00edgy tapasztalt vagyok :D ) \nA man\u00f3k m\u00e9rete kb 8 cm \n\nAmennyiben meg szeretn\u00e9d v\u00e1s\u00e1rolni, \u00fagy rakd kos\u00e1rba a term\u00e9ket.  Ezt k\u00f6vet\u0151en fogjuk l\u00e1tni egym\u00e1s el\u00e9rhet\u0151s\u00e9geit, ha sz\u00fcks\u00e9ges emailben is egyeztethet\u00fcnk. Minden term\u00e9ket el\u0151re fizet\u00e9st k\u00f6vet\u0151en k\u00e9sz\u00edtek el.\nT\u00f6bbf\u00e9le fizet\u00e9si lehet\u0151s\u00e9g k\u00f6z\u00fcl v\u00e1laszthatsz: - a fel\u00fcleten kereszt\u00fcl fizethetsz bankk\u00e1rty\u00e1val vagy el\u0151re utal\u00e1ssal is. Az utal\u00e1si adatokat megtal\u00e1lod a visszaigazol\u00f3 emailben.\nAz \u00f6sszeg be\u00e9rkez\u00e9s\u00e9t k\u00f6vet\u0151en kezdj\u00fck el k\u00e9sz\u00edteni a term\u00e9keket. \n\nK\u00e9rd\u00e9sekkel, k\u00e9r\u00e9sekkel nyugodtan kereshettek \u00fczenetben.\n","price":"6990.00","unit":"db","recommended":"0","status":"1","sponsored":"0","exp_notify":"0","own_material":"0","own_material_description_old":null,"own_material_description":"","jury":"0","jury_number":"","product_nature":"","meskaracsony":"0","create_date":"2026-03-23 10:03:51","shelve_id":"0","image":"tundekorhb_product_439136_231025132918_262136.jpeg","image_width":"480","image_height":"640","image_alt":"Adventi napt\u00e1rba aj\u00e1nd\u00e9k \u00f6tletek, 24 man\u00f3s k\u00e1rtya f\u00e1b\u00f3l, amelyeken kar\u00e1csonyi k\u00e9sz\u00fcl\u0151d\u00e9ssel,\\nhangol\u00f3d\u00e1ssal kapcsolatos \u00f6tletek vannak,..., Meska","image_title":"Adventi napt\u00e1rba aj\u00e1nd\u00e9k \u00f6tletek, Meska","view_count":"2451","favourite_count":"0","trending_score":"0","last2MonthFavouriteCount":"0","promotion":"0","giftcard_accept":"0","creditcard_accept":true,"enhanced_background":"0","domain":"meska","specific_customer_id":null,"specific_customer_name":null,"to_order_product":"1","to_order_product_time":"7","product_different":null,"product_different_description":"","vintage":"0","vintage_category_id":"0","recycled":"0","gemstone_id":"0","customizable":"0","type_category":"physical","zerowaste":"0","postage_price":"1290.00","shop_order":"0","has_category":"1","landing_pages":null,"microdata":{"number":10,"category":""},"title":"Adventi napt\u00e1rba aj\u00e1nd\u00e9k \u00f6tletek","description":"24 man\u00f3s k\u00e1rtya f\u00e1b\u00f3l, amelyeken kar\u00e1csonyi k\u00e9sz\u00fcl\u0151d\u00e9ssel,\nhangol\u00f3d\u00e1ssal kapcsolatos \u00f6tletek vannak,\n\u00edgy minden napra jut egy izgalmas program\n(pl: m\u00e9zeskal\u00e1cs s\u00fct\u00e9s, s\u00f3-liszt gyurm\u00e1z\u00e1s, pillecukorb\u00f3l h\u00f3ember k\u00e9sz\u00edt\u00e9s.. stb) \nA programokat \u00fagy v\u00e1logattam \u00f6ssze, hogy k\u00f6nnyen\nkivitelezhet\u0151k legyenek. ( nekem is van 2 gyerk\u0151c\u00f6m, \u00edgy tapasztalt vagyok :D ) \nA man\u00f3k m\u00e9rete kb 8 cm \n\nAmennyiben meg szeretn\u00e9d v\u00e1s\u00e1rolni, \u00fagy rakd kos\u00e1rba a term\u00e9ket.  Ezt k\u00f6vet\u0151en fogjuk l\u00e1tni egym\u00e1s el\u00e9rhet\u0151s\u00e9geit, ha sz\u00fcks\u00e9ges emailben is egyeztethet\u00fcnk. Minden term\u00e9ket el\u0151re fizet\u00e9st k\u00f6vet\u0151en k\u00e9sz\u00edtek el.\nT\u00f6bbf\u00e9le fizet\u00e9si lehet\u0151s\u00e9g k\u00f6z\u00fcl v\u00e1laszthatsz: - a fel\u00fcleten kereszt\u00fcl fizethetsz bankk\u00e1rty\u00e1val vagy el\u0151re utal\u00e1ssal is. Az utal\u00e1si adatokat megtal\u00e1lod a visszaigazol\u00f3 emailben.\nAz \u00f6sszeg be\u00e9rkez\u00e9s\u00e9t k\u00f6vet\u0151en kezdj\u00fck el k\u00e9sz\u00edteni a term\u00e9keket. \n\nK\u00e9rd\u00e9sekkel, k\u00e9r\u00e9sekkel nyugodtan kereshettek \u00fczenetben.\n","score":0,"formatted_price":"6 990 Ft","image_url":"https:\/\/www.meska.hu\/img\/product\/small\/t\/u\/tundekorhb_product_439136_231025132918_262136.jpeg","formatted_url":"https:\/\/www.meska.hu\/p5110754-adventi-naptarba-ajandek-otletek","favourite":false,"in_stock":false,"avatar":"439136_avatar_1708769647.jpeg","delete_from":0,"is_enhanced_background":false,"is_enhanced":false,"product_selection_started":false,"is_active":true,"image_webp_url":"https:\/\/www.meska.hu\/img\/product\/small\/t\/u\/tundekorhb_product_439136_231025132918_262136.webp"},{"id":"5503100","shop_id":"37514","user_id":"311065","shop_name":"CsatinaTablacska","shop_zip":"2113","product_code":"5384890","product_name_old":null,"product_name":"Spir\u00e1l feny\u0151 adventi l\u00e9peget\u0151","category_string":"Kar\u00e1csony, Adventi d\u00edszek, Adventi napt\u00e1r","technic_string":"Famegmunk\u00e1l\u00e1s, Grav\u00edroz\u00e1s, pirogr\u00e1fia","category_1":"319","category_2":"1285","category_3":"320","category_4":"0","merged_category_1":null,"merged_category_2":null,"merged_category_3":null,"technic_1":"478","technic_2":"796","technic_3":"0","color_1":"514","color_2":"515","color_3":"0","product_description_old":null,"product_description":"Spir\u00e1l feny\u0151 adventi l\u00e9peget\u0151, visszasz\u00e1ml\u00e1l\u00f3 \n\nKett\u0151 f\u00e9le l\u00e9peget\u0151 seg\u00edt a kar\u00e1csonyra hangol\u00f3dni. \nAngyal vagy feny\u0151 l\u00e9pehet\u0151t lehet v\u00e1lasztani.\n\nM\u00e9ret\u00e9nek k\u00f6sz\u00f6nhet\u0151en nem csak otthon, hanem a munka helyen is adventi hangulatot teremt decemberben\n\nM\u00e9rete 21*16 cm \n\nMin\u0151s\u00e9gi 3 mm p\u00e1colt r\u00e9tegelt ny\u00edrb\u0151l k\u00e9sz\u00fclt fa term\u00e9k\n\nA term\u00e9ket el\u0151re utal\u00e1s ut\u00e1n k\u00e9sz\u00edtj\u00fck \u00e9s post\u00e1zzuk. (Utal\u00e1si adatokat a visszaigazol\u00f3 e-mailben k\u00fcldj\u00fck el)\n","price":"4400.00","unit":"db","recommended":"0","status":"1","sponsored":"0","exp_notify":"0","own_material":"0","own_material_description_old":null,"own_material_description":"","jury":"0","jury_number":"","product_nature":"","meskaracsony":"0","create_date":"2026-03-22 10:59:16","shelve_id":"0","image":"csatinatablacska_product_311065_241003163716_039875.jpeg","image_width":"480","image_height":"519","image_alt":"Spir\u00e1l feny\u0151 adventi l\u00e9peget\u0151, Spir\u00e1l feny\u0151 adventi l\u00e9peget\u0151, visszasz\u00e1ml\u00e1l\u00f3 \\n\\nKett\u0151 f\u00e9le l\u00e9peget\u0151 seg\u00edt a kar\u00e1csonyra hangol\u00f3dni. ..., Meska","image_title":"Spir\u00e1l feny\u0151 adventi l\u00e9peget\u0151, Meska","view_count":"542","favourite_count":"1","trending_score":"0","last2MonthFavouriteCount":"1","promotion":"0","giftcard_accept":"0","creditcard_accept":true,"enhanced_background":"0","domain":"meska","specific_customer_id":null,"specific_customer_name":null,"to_order_product":"1","to_order_product_time":"7","product_different":null,"product_different_description":"","vintage":"0","vintage_category_id":"0","recycled":"0","gemstone_id":"0","customizable":"0","type_category":"physical","zerowaste":"0","postage_price":"1500.00","shop_order":"0","has_category":"1","landing_pages":null,"microdata":{"number":11,"category":""},"title":"Spir\u00e1l feny\u0151 adventi l\u00e9peget\u0151","description":"Spir\u00e1l feny\u0151 adventi l\u00e9peget\u0151, visszasz\u00e1ml\u00e1l\u00f3 \n\nKett\u0151 f\u00e9le l\u00e9peget\u0151 seg\u00edt a kar\u00e1csonyra hangol\u00f3dni. \nAngyal vagy feny\u0151 l\u00e9pehet\u0151t lehet v\u00e1lasztani.\n\nM\u00e9ret\u00e9nek k\u00f6sz\u00f6nhet\u0151en nem csak otthon, hanem a munka helyen is adventi hangulatot teremt decemberben\n\nM\u00e9rete 21*16 cm \n\nMin\u0151s\u00e9gi 3 mm p\u00e1colt r\u00e9tegelt ny\u00edrb\u0151l k\u00e9sz\u00fclt fa term\u00e9k\n\nA term\u00e9ket el\u0151re utal\u00e1s ut\u00e1n k\u00e9sz\u00edtj\u00fck \u00e9s post\u00e1zzuk. (Utal\u00e1si adatokat a visszaigazol\u00f3 e-mailben k\u00fcldj\u00fck el)\n","score":0,"formatted_price":"4 400 Ft","image_url":"https:\/\/www.meska.hu\/img\/product\/small\/c\/s\/csatinatablacska_product_311065_241003163716_039875.jpeg","formatted_url":"https:\/\/www.meska.hu\/p5384890-spiral-fenyo-adventi-lepegeto","favourite":false,"in_stock":false,"avatar":"311065_avatar_1652216236.jpeg","delete_from":0,"is_enhanced_background":false,"is_enhanced":false,"product_selection_started":false,"is_active":true,"image_webp_url":"https:\/\/www.meska.hu\/img\/product\/small\/c\/s\/csatinatablacska_product_311065_241003163716_039875.webp"},{"id":"6009623","shop_id":"20864","user_id":"212808","shop_name":"nagyfanyuvo","shop_zip":"6760","product_code":"5679694","product_name_old":null,"product_name":"Horoszk\u00f3pos adventi napt\u00e1r","category_string":"Kar\u00e1csony, Adventi d\u00edszek, Adventi napt\u00e1r","technic_string":"Grav\u00edroz\u00e1s, pirogr\u00e1fia","category_1":"319","category_2":"1285","category_3":"320","category_4":"0","merged_category_1":null,"merged_category_2":null,"merged_category_3":null,"technic_1":"796","technic_2":"0","technic_3":"0","color_1":"514","color_2":"526","color_3":"0","product_description_old":null,"product_description":"Horoszk\u00f3pos adventi napt\u00e1r egy dekorat\u00edv 37 cm* 28 cm pirogr\u00e1f technik\u00e1val dekor\u00e1lt n\u00e9vre sz\u00f3l\u00f3, akaszt\u00f3val ell\u00e1tott fa napt\u00e1r amelyre egy\u00e9nileg lehet felhelyezni a csokikat.","price":"6200.00","unit":"db","recommended":"0","status":"1","sponsored":"0","exp_notify":"0","own_material":"0","own_material_description_old":null,"own_material_description":"","jury":"0","jury_number":"","product_nature":"","meskaracsony":"0","create_date":"2026-03-21 14:53:48","shelve_id":"0","image":"nagyfanyuvo_product_212808_251121140342_785358.jpeg","image_width":"480","image_height":"215","image_alt":"Horoszk\u00f3pos adventi napt\u00e1r, Horoszk\u00f3pos adventi napt\u00e1r egy dekorat\u00edv 37 cm* 28 cm pirogr\u00e1f technik\u00e1val dekor\u00e1lt n\u00e9vre sz\u00f3l\u00f3, aka..., Meska","image_title":"Horoszk\u00f3pos adventi napt\u00e1r, Meska","view_count":"136","favourite_count":"0","trending_score":"0","last2MonthFavouriteCount":"0","promotion":"0","giftcard_accept":"1","creditcard_accept":true,"enhanced_background":"0","domain":"meska","specific_customer_id":null,"specific_customer_name":null,"to_order_product":"1","to_order_product_time":"3","product_different":null,"product_different_description":"","vintage":"0","vintage_category_id":"0","recycled":"0","gemstone_id":"0","customizable":"1","type_category":"physical","zerowaste":"0","postage_price":"2390.00","shop_order":"0","has_category":"1","landing_pages":null,"microdata":{"number":12,"category":""},"title":"Horoszk\u00f3pos adventi napt\u00e1r","description":"Horoszk\u00f3pos adventi napt\u00e1r egy dekorat\u00edv 37 cm* 28 cm pirogr\u00e1f technik\u00e1val dekor\u00e1lt n\u00e9vre sz\u00f3l\u00f3, akaszt\u00f3val ell\u00e1tott fa napt\u00e1r amelyre egy\u00e9nileg lehet felhelyezni a csokikat.","score":0,"formatted_price":"6 200 Ft","image_url":"https:\/\/www.meska.hu\/img\/product\/small\/n\/a\/nagyfanyuvo_product_212808_251121140342_785358.jpeg","formatted_url":"https:\/\/www.meska.hu\/p5679694-horoszkopos-adventi-naptar","favourite":false,"in_stock":false,"avatar":"nagyfanyuvo_avatar_212808_1515771991.jpg","delete_from":0,"is_enhanced_background":false,"is_enhanced":false,"product_selection_started":false,"is_active":true,"image_webp_url":"https:\/\/www.meska.hu\/img\/product\/small\/n\/a\/nagyfanyuvo_product_212808_251121140342_785358.webp"},{"id":"4517014","shop_id":"36337","user_id":"319557","shop_name":"KittiKucko","shop_zip":"4515","product_code":"4790280","product_name_old":null,"product_name":"Adventi kalend\u00e1rium -K\u00f6nyv forma","category_string":"Kar\u00e1csony, Adventi d\u00edszek, Adventi napt\u00e1r","technic_string":"Grav\u00edroz\u00e1s, pirogr\u00e1fia","category_1":"319","category_2":"1285","category_3":"320","category_4":"0","merged_category_1":null,"merged_category_2":null,"merged_category_3":null,"technic_1":"796","technic_2":"0","technic_3":"0","color_1":"515","color_2":"0","color_3":"0","product_description_old":null,"product_description":"K\u00fcl\u00f6nleges adventi kalend\u00e1rium, melybe apr\u00f3 kincseket lehet rejteni.\nM\u00e9rete: 21*27*10cm (csukott k\u00f6nyv form\u00e1ban)\nTeljesen kinyitva: 50cm hossz\u00fa\nFakkok m\u00e9rete: 5*5*3cm\n\nA bor\u00edt\u00f3 teljesen egyedire  szabhat\u00f3!\n\nA term\u00e9k k\u00e9sz\u00edt\u00e9s\u00e9t egyeztet\u00e9s \u00e9s fizet\u00e9s ut\u00e1n kezdj\u00fck meg.\nA FoxPost felad\u00e1s: CSAK H\u00e9tf\u0151i \u00e9s cs\u00fct\u00f6rt\u00f6ki napon! (Rendel\u00e9sn\u00e9l \u00e9s hat\u00e1rid\u0151n\u00e9l k\u00e9rem figyelj\u00e9k.)\nAz 5 munkanapos rendel\u00e9steljes\u00edt\u00e9st csak GLS sz\u00e1ll\u00edt\u00e1s eset\u00e9n tudjuk biztos\u00edtani.","price":"17990.00","unit":"db","recommended":"0","status":"1","sponsored":"0","exp_notify":"0","own_material":"0","own_material_description_old":null,"own_material_description":"","jury":"0","jury_number":"","product_nature":"","meskaracsony":"0","create_date":"2026-03-20 07:43:46","shelve_id":"0","image":"kittikucko_product_319557_221005123604_66133.jpeg","image_width":"480","image_height":"640","image_alt":"Adventi kalend\u00e1rium -K\u00f6nyv forma, K\u00fcl\u00f6nleges adventi kalend\u00e1rium, melybe apr\u00f3 kincseket lehet rejteni.\\nM\u00e9rete: 21*27*10cm (csukott k\u00f6n..., Meska","image_title":"Adventi kalend\u00e1rium -K\u00f6nyv forma, Meska","view_count":"2833","favourite_count":"0","trending_score":"0","last2MonthFavouriteCount":"0","promotion":"0","giftcard_accept":"0","creditcard_accept":false,"enhanced_background":"0","domain":"meska","specific_customer_id":null,"specific_customer_name":null,"to_order_product":"1","to_order_product_time":"6","product_different":null,"product_different_description":"","vintage":"0","vintage_category_id":"0","recycled":"0","gemstone_id":"0","customizable":"1","type_category":"physical","zerowaste":"0","postage_price":"2000.00","shop_order":"0","has_category":"1","landing_pages":null,"microdata":{"number":13,"category":""},"title":"Adventi kalend\u00e1rium -K\u00f6nyv forma","description":"K\u00fcl\u00f6nleges adventi kalend\u00e1rium, melybe apr\u00f3 kincseket lehet rejteni.\nM\u00e9rete: 21*27*10cm (csukott k\u00f6nyv form\u00e1ban)\nTeljesen kinyitva: 50cm hossz\u00fa\nFakkok m\u00e9rete: 5*5*3cm\n\nA bor\u00edt\u00f3 teljesen egyedire  szabhat\u00f3!\n\nA term\u00e9k k\u00e9sz\u00edt\u00e9s\u00e9t egyeztet\u00e9s \u00e9s fizet\u00e9s ut\u00e1n kezdj\u00fck meg.\nA FoxPost felad\u00e1s: CSAK H\u00e9tf\u0151i \u00e9s cs\u00fct\u00f6rt\u00f6ki napon! (Rendel\u00e9sn\u00e9l \u00e9s hat\u00e1rid\u0151n\u00e9l k\u00e9rem figyelj\u00e9k.)\nAz 5 munkanapos rendel\u00e9steljes\u00edt\u00e9st csak GLS sz\u00e1ll\u00edt\u00e1s eset\u00e9n tudjuk biztos\u00edtani.","score":0,"formatted_price":"17 990 Ft","image_url":"https:\/\/www.meska.hu\/img\/product\/small\/k\/i\/kittikucko_product_319557_221005123604_66133.jpeg","formatted_url":"https:\/\/www.meska.hu\/p4790280-adventi-kalendarium-konyv-forma","favourite":false,"in_stock":false,"avatar":"319557_avatar_1642493809.png","delete_from":0,"is_enhanced_background":false,"is_enhanced":false,"product_selection_started":false,"is_active":true,"image_webp_url":"https:\/\/www.meska.hu\/img\/product\/small\/k\/i\/kittikucko_product_319557_221005123604_66133.webp"},{"id":"5039629","shop_id":"27692","user_id":"340938","shop_name":"mozsolygo97","shop_zip":"4025","product_code":"5108847","product_name_old":null,"product_name":"Kar\u00e1csonyi visszasz\u00e1ml\u00e1l\u00f3 f\u00e1b\u00f3l","category_string":"Kar\u00e1csony, Adventi d\u00edszek, Adventi napt\u00e1r","technic_string":"Grav\u00edroz\u00e1s, pirogr\u00e1fia, Famegmunk\u00e1l\u00e1s","category_1":"319","category_2":"1285","category_3":"320","category_4":"0","merged_category_1":"0","merged_category_2":"0","merged_category_3":"0","technic_1":"796","technic_2":"478","technic_3":"0","color_1":"514","color_2":"523","color_3":"0","product_description_old":null,"product_description":"Az adventi napt\u00e1r t\u00f6k\u00e9letes d\u00edsze lehet a feld\u00edsz\u00edtett othonnak. A term\u00e9k 3 mm vastag r\u00e9tegelt ny\u00edr lemezb\u0151l k\u00e9sz\u00fcl.\n\n\u00d6sszerakott \u00e1llapotban k\u00f6zel 70 cm sz\u00e9les \u00e9s 20 cm magas.\n\nA kis aut\u00f3 mozgathat\u00f3 az \u00e9ppen aktu\u00e1lis d\u00e1tumnak megfelel\u0151en. \n\nA term\u00e9k a k\u00f6nyebb sz\u00e1ll\u00edt\u00e1s \u00e9s a k\u00e9s\u0151bbi k\u00f6nyebb t\u00e1rol\u00e1s miatt sz\u00e9tszerelt \u00e1llapotban \u00e9rkezik, de \u00f6sszeszerel\u00e9si vide\u00f3 mell\u00e9kelve van hozz\u00e1. Nagyon egyszer\u0171en \u00f6sszeszerelhet\u0151.","price":"11990.00","unit":"db","recommended":"0","status":"1","sponsored":"0","exp_notify":"0","own_material":"0","own_material_description_old":null,"own_material_description":"","jury":"0","jury_number":"","product_nature":"","meskaracsony":"0","create_date":"2026-03-18 23:37:48","shelve_id":"0","image":"mozsolygo97_product_340938_231026092923_541128.jpeg","image_width":"480","image_height":"319","image_alt":"Kar\u00e1csonyi visszasz\u00e1ml\u00e1l\u00f3 f\u00e1b\u00f3l, Az adventi napt\u00e1r t\u00f6k\u00e9letes d\u00edsze lehet a feld\u00edsz\u00edtett othonnak. A term\u00e9k 3 mm vastag r\u00e9tegelt ny\u00edr ..., Meska","image_title":"Kar\u00e1csonyi visszasz\u00e1ml\u00e1l\u00f3 f\u00e1b\u00f3l, Meska","view_count":"1498","favourite_count":"0","trending_score":"0","last2MonthFavouriteCount":"0","promotion":"0","giftcard_accept":"1","creditcard_accept":false,"enhanced_background":"0","domain":"meska","specific_customer_id":null,"specific_customer_name":null,"to_order_product":"1","to_order_product_time":"5","product_different":null,"product_different_description":"","vintage":"0","vintage_category_id":"0","recycled":"0","gemstone_id":"0","customizable":"0","type_category":"physical","zerowaste":"0","postage_price":"2390.00","shop_order":"0","has_category":"1","landing_pages":null,"microdata":{"number":14,"category":""},"title":"Kar\u00e1csonyi visszasz\u00e1ml\u00e1l\u00f3 f\u00e1b\u00f3l","description":"Az adventi napt\u00e1r t\u00f6k\u00e9letes d\u00edsze lehet a feld\u00edsz\u00edtett othonnak. A term\u00e9k 3 mm vastag r\u00e9tegelt ny\u00edr lemezb\u0151l k\u00e9sz\u00fcl.\n\n\u00d6sszerakott \u00e1llapotban k\u00f6zel 70 cm sz\u00e9les \u00e9s 20 cm magas.\n\nA kis aut\u00f3 mozgathat\u00f3 az \u00e9ppen aktu\u00e1lis d\u00e1tumnak megfelel\u0151en. \n\nA term\u00e9k a k\u00f6nyebb sz\u00e1ll\u00edt\u00e1s \u00e9s a k\u00e9s\u0151bbi k\u00f6nyebb t\u00e1rol\u00e1s miatt sz\u00e9tszerelt \u00e1llapotban \u00e9rkezik, de \u00f6sszeszerel\u00e9si vide\u00f3 mell\u00e9kelve van hozz\u00e1. Nagyon egyszer\u0171en \u00f6sszeszerelhet\u0151.","score":0,"formatted_price":"11 990 Ft","image_url":"https:\/\/www.meska.hu\/img\/product\/small\/m\/o\/mozsolygo97_product_340938_231026092923_541128.jpeg","formatted_url":"https:\/\/www.meska.hu\/p5108847-karacsonyi-visszaszamlalo-fabol","favourite":false,"in_stock":false,"avatar":"mozsolygo97_avatar_340938_1677079324.jpg","delete_from":0,"is_enhanced_background":false,"is_enhanced":false,"product_selection_started":false,"is_active":true,"image_webp_url":"https:\/\/www.meska.hu\/img\/product\/small\/m\/o\/mozsolygo97_product_340938_231026092923_541128.webp"},{"id":"5921799","shop_id":"48773","user_id":"714823","shop_name":"mkkreativlezer","shop_zip":"2500","product_code":"5620234","product_name_old":null,"product_name":"Betlehemi Adventi Napt\u00e1r","category_string":"Kar\u00e1csony, Adventi d\u00edszek, Adventi napt\u00e1r","technic_string":"Famegmunk\u00e1l\u00e1s, Grav\u00edroz\u00e1s, pirogr\u00e1fia","category_1":"319","category_2":"1285","category_3":"320","category_4":"0","merged_category_1":null,"merged_category_2":null,"merged_category_3":null,"technic_1":"478","technic_2":"796","technic_3":"0","color_1":"514","color_2":"0","color_3":"0","product_description_old":null,"product_description":"Tedd var\u00e1zslatoss\u00e1 az adventi v\u00e1rakoz\u00e1st ezzel az egyedi, l\u00e9zerv\u00e1gott fa adventi napt\u00e1rral! \n\nA napt\u00e1r egy b\u00e1jos betlehemi jelenetet \u00e1br\u00e1zol, melynek f\u00e9nypontja a napr\u00f3l napra el\u0151r\u00e9bb v\u00e1ndorl\u00f3 csillag.\n\nA napt\u00e1r nemcsak a napok visszasz\u00e1ml\u00e1l\u00e1s\u00e1ra alkalmas, hanem kivehet\u0151 kis figur\u00e1ival igazi j\u00e1t\u00e9k\u00e9lm\u00e9nyt is ny\u00fajt a gyerekeknek.\n\n36 cm sz\u00e9les\n16 cm magas\n\nHa k\u00e9rd\u00e9sed van, sz\u00edvesen v\u00e1laszolok! :)\n","price":"6000.00","unit":"db","recommended":"0","status":"1","sponsored":"0","exp_notify":"0","own_material":"0","own_material_description_old":null,"own_material_description":"","jury":"0","jury_number":"","product_nature":"","meskaracsony":"0","create_date":"2026-03-18 22:37:44","shelve_id":"0","image":"mkkreativlezer_product_714823_250917122058_56971.jpeg","image_width":"480","image_height":"354","image_alt":"Betlehemi Adventi Napt\u00e1r, Tedd var\u00e1zslatoss\u00e1 az adventi v\u00e1rakoz\u00e1st ezzel az egyedi, l\u00e9zerv\u00e1gott fa adventi napt\u00e1rral! \\n\\nA napt..., Meska","image_title":"Betlehemi Adventi Napt\u00e1r, Meska","view_count":"645","favourite_count":"0","trending_score":"0","last2MonthFavouriteCount":"0","promotion":"0","giftcard_accept":"0","creditcard_accept":true,"enhanced_background":"0","domain":"meska","specific_customer_id":null,"specific_customer_name":null,"to_order_product":"1","to_order_product_time":"3","product_different":null,"product_different_description":"","vintage":"0","vintage_category_id":"0","recycled":"0","gemstone_id":"0","customizable":"1","type_category":"physical","zerowaste":"0","postage_price":"1349.00","shop_order":"0","has_category":"1","landing_pages":null,"microdata":{"number":15,"category":""},"title":"Betlehemi Adventi Napt\u00e1r","description":"Tedd var\u00e1zslatoss\u00e1 az adventi v\u00e1rakoz\u00e1st ezzel az egyedi, l\u00e9zerv\u00e1gott fa adventi napt\u00e1rral! \n\nA napt\u00e1r egy b\u00e1jos betlehemi jelenetet \u00e1br\u00e1zol, melynek f\u00e9nypontja a napr\u00f3l napra el\u0151r\u00e9bb v\u00e1ndorl\u00f3 csillag.\n\nA napt\u00e1r nemcsak a napok visszasz\u00e1ml\u00e1l\u00e1s\u00e1ra alkalmas, hanem kivehet\u0151 kis figur\u00e1ival igazi j\u00e1t\u00e9k\u00e9lm\u00e9nyt is ny\u00fajt a gyerekeknek.\n\n36 cm sz\u00e9les\n16 cm magas\n\nHa k\u00e9rd\u00e9sed van, sz\u00edvesen v\u00e1laszolok! :)\n","score":0,"formatted_price":"6 000 Ft","image_url":"https:\/\/www.meska.hu\/img\/product\/small\/m\/k\/mkkreativlezer_product_714823_250917122058_56971.jpeg","formatted_url":"https:\/\/www.meska.hu\/p5620234-betlehemi-adventi-naptar","favourite":false,"in_stock":false,"avatar":"714823_avatar_1744620885.png","delete_from":0,"is_enhanced_background":false,"is_enhanced":false,"product_selection_started":false,"is_active":true,"image_webp_url":"https:\/\/www.meska.hu\/img\/product\/small\/m\/k\/mkkreativlezer_product_714823_250917122058_56971.webp"},{"id":"5573403","shop_id":"40083","user_id":"556391","shop_name":"BrizLezer","shop_zip":"2193","product_code":"5435927","product_name_old":null,"product_name":"Adventi napt\u00e1r f\u00e9rfiaknak","category_string":"Kar\u00e1csony, Adventi d\u00edszek, Adventi napt\u00e1r","technic_string":"Famegmunk\u00e1l\u00e1s, Grav\u00edroz\u00e1s, pirogr\u00e1fia","category_1":"319","category_2":"1285","category_3":"320","category_4":"0","merged_category_1":null,"merged_category_2":null,"merged_category_3":null,"technic_1":"478","technic_2":"796","technic_3":"0","color_1":"514","color_2":"519","color_3":"0","product_description_old":null,"product_description":"Grav\u00edrozott adventi s\u00f6rnapt\u00e1r f\u00e9rfiaknak! Ak\u00e1r a megaj\u00e1nd\u00e9kozott nev\u00e9vel is!\nDecember 1-t\u0151l Kar\u00e1csonyig minden napra j\u00e1r egy s\u00f6r!\n\n24 rekeszbe helyezhetitek szeretteitek kedvenc s\u00f6r\u00e9t. \nRekeszek m\u00e9rete: 7cm * 7cm *  13cm ( 0,33 L-es kiszerel\u00e9s\u0171 s\u00f6rh\u00f6z tervezett)\n\nA napt\u00e1r m\u00e9rete: 47,5cm * 32cm * 13,5cm\n\nA napt\u00e1r szerkezete nat\u00far mdf, el\u00f6l feh\u00e9r lamin\u00e1lt mdf-re grav\u00edrozunk, a napt\u00e1rat k\u00edv\u00fclr\u0151l wenge lamin\u00e1lt farostlemezzel bor\u00edtunk. \n\nHa azt szeretn\u00e9d, hogy n\u00e9vre sz\u00f3l\u00f3 legyen, k\u00e9rj\u00fck megrendel\u00e9sn\u00e9l a megjegyz\u00e9s rovatban ezt felt\u00fcntetni! \n\nB\u00e1rmilyen k\u00e9rd\u00e9sre sz\u00edvesen v\u00e1laszolunk. Egyedi \u00f6tleteitekkel, elk\u00e9pzel\u00e9seitekkel, n\u00e9vre sz\u00f3l\u00f3 aj\u00e1nd\u00e9kok elk\u00e9sz\u00edt\u00e9s\u00e9vel kapcsolatban keress\u00e9tek a Briz L\u00e9zert!\n","price":"18000.00","unit":"db","recommended":"0","status":"1","sponsored":"0","exp_notify":"0","own_material":"0","own_material_description_old":null,"own_material_description":"","jury":"0","jury_number":"","product_nature":"","meskaracsony":"0","create_date":"2026-03-17 13:29:10","shelve_id":"0","image":"brizlezer_product_556391_241113130928_18534.jpeg","image_width":"480","image_height":"270","image_alt":"Adventi napt\u00e1r f\u00e9rfiaknak, Grav\u00edrozott adventi s\u00f6rnapt\u00e1r f\u00e9rfiaknak! Ak\u00e1r a megaj\u00e1nd\u00e9kozott nev\u00e9vel is!\\nDecember 1-t\u0151l Kar\u00e1cson..., Meska","image_title":"Adventi napt\u00e1r f\u00e9rfiaknak, Meska","view_count":"1743","favourite_count":"0","trending_score":"0","last2MonthFavouriteCount":"0","promotion":"0","giftcard_accept":"0","creditcard_accept":true,"enhanced_background":"0","domain":"meska","specific_customer_id":null,"specific_customer_name":null,"to_order_product":"1","to_order_product_time":"5","product_different":null,"product_different_description":"","vintage":"0","vintage_category_id":"0","recycled":"0","gemstone_id":"0","customizable":"1","type_category":"physical","zerowaste":"0","postage_price":"2390.00","shop_order":"0","has_category":"1","landing_pages":null,"microdata":{"number":16,"category":""},"title":"Adventi napt\u00e1r f\u00e9rfiaknak","description":"Grav\u00edrozott adventi s\u00f6rnapt\u00e1r f\u00e9rfiaknak! Ak\u00e1r a megaj\u00e1nd\u00e9kozott nev\u00e9vel is!\nDecember 1-t\u0151l Kar\u00e1csonyig minden napra j\u00e1r egy s\u00f6r!\n\n24 rekeszbe helyezhetitek szeretteitek kedvenc s\u00f6r\u00e9t. \nRekeszek m\u00e9rete: 7cm * 7cm *  13cm ( 0,33 L-es kiszerel\u00e9s\u0171 s\u00f6rh\u00f6z tervezett)\n\nA napt\u00e1r m\u00e9rete: 47,5cm * 32cm * 13,5cm\n\nA napt\u00e1r szerkezete nat\u00far mdf, el\u00f6l feh\u00e9r lamin\u00e1lt mdf-re grav\u00edrozunk, a napt\u00e1rat k\u00edv\u00fclr\u0151l wenge lamin\u00e1lt farostlemezzel bor\u00edtunk. \n\nHa azt szeretn\u00e9d, hogy n\u00e9vre sz\u00f3l\u00f3 legyen, k\u00e9rj\u00fck megrendel\u00e9sn\u00e9l a megjegyz\u00e9s rovatban ezt felt\u00fcntetni! \n\nB\u00e1rmilyen k\u00e9rd\u00e9sre sz\u00edvesen v\u00e1laszolunk. Egyedi \u00f6tleteitekkel, elk\u00e9pzel\u00e9seitekkel, n\u00e9vre sz\u00f3l\u00f3 aj\u00e1nd\u00e9kok elk\u00e9sz\u00edt\u00e9s\u00e9vel kapcsolatban keress\u00e9tek a Briz L\u00e9zert!\n","score":0,"formatted_price":"18 000 Ft","image_url":"https:\/\/www.meska.hu\/img\/product\/small\/b\/r\/brizlezer_product_556391_241113130928_18534.jpeg","formatted_url":"https:\/\/www.meska.hu\/p5435927-adventi-naptar-ferfiaknak","favourite":false,"in_stock":false,"avatar":"556391_avatar_1675685725.png","delete_from":0,"is_enhanced_background":false,"is_enhanced":false,"product_selection_started":false,"is_active":true,"image_webp_url":"https:\/\/www.meska.hu\/img\/product\/small\/b\/r\/brizlezer_product_556391_241113130928_18534.webp"},{"id":"4543463","shop_id":"38791","user_id":"522085","shop_name":"KivansaGravir","shop_zip":"1131","product_code":"4810798","product_name_old":null,"product_name":"Adventi l\u00e9peget\u0151","category_string":"Kar\u00e1csony, Adventi d\u00edszek, Adventi napt\u00e1r","technic_string":"Grav\u00edroz\u00e1s, pirogr\u00e1fia","category_1":"319","category_2":"1285","category_3":"320","category_4":"0","merged_category_1":"0","merged_category_2":"0","merged_category_3":"0","technic_1":"796","technic_2":"0","technic_3":"0","color_1":"515","color_2":"0","color_3":"0","product_description_old":null,"product_description":"25cm*3cm-es ny\u00edrf\u00e1b\u00f3l k\u00e9sz\u00fclt l\u00e9zerv\u00e1gott \u00e9s grav\u00edrozott term\u00e9k,mely 4 db 4-mm es r\u00e9tegb\u0151l van \u00f6sszeragasztva. A b\u00e1bu kivehet\u0151,rakosgathat\u00f3.","price":"4000.00","unit":"db","recommended":"0","status":"1","sponsored":"0","exp_notify":"0","own_material":"0","own_material_description_old":null,"own_material_description":"","jury":"0","jury_number":"","product_nature":"","meskaracsony":"0","create_date":"2026-03-16 00:09:24","shelve_id":"0","image":"kivansagravir_product_522085_250111200536_14281.jpeg","image_width":"480","image_height":"382","image_alt":"Adventi l\u00e9peget\u0151, 25cm*3cm-es ny\u00edrf\u00e1b\u00f3l k\u00e9sz\u00fclt l\u00e9zerv\u00e1gott \u00e9s grav\u00edrozott term\u00e9k,mely 4 db 4-mm es r\u00e9tegb\u0151l van \u00f6ssze..., Meska","image_title":"Adventi l\u00e9peget\u0151, Meska","view_count":"3823","favourite_count":"0","trending_score":"0","last2MonthFavouriteCount":"0","promotion":0,"giftcard_accept":"0","creditcard_accept":true,"enhanced_background":"0","domain":"meska","specific_customer_id":null,"specific_customer_name":null,"to_order_product":"1","to_order_product_time":"2","product_different":null,"product_different_description":"","vintage":"0","vintage_category_id":"0","recycled":"0","gemstone_id":"0","customizable":"1","type_category":"physical","zerowaste":"0","postage_price":"1290.00","shop_order":"0","has_category":"1","landing_pages":null,"microdata":{"number":17,"category":""},"title":"Adventi l\u00e9peget\u0151","description":"25cm*3cm-es ny\u00edrf\u00e1b\u00f3l k\u00e9sz\u00fclt l\u00e9zerv\u00e1gott \u00e9s grav\u00edrozott term\u00e9k,mely 4 db 4-mm es r\u00e9tegb\u0151l van \u00f6sszeragasztva. A b\u00e1bu kivehet\u0151,rakosgathat\u00f3.","score":0,"formatted_price":"4 000 Ft","image_url":"https:\/\/www.meska.hu\/img\/product\/small\/k\/i\/kivansagravir_product_522085_250111200536_14281.jpeg","formatted_url":"https:\/\/www.meska.hu\/p4810798-adventi-lepegeto","favourite":false,"in_stock":false,"avatar":"522085_avatar_1665861743.png","delete_from":0,"is_enhanced_background":false,"is_enhanced":false,"product_selection_started":false,"is_active":true,"image_webp_url":"https:\/\/www.meska.hu\/img\/product\/small\/k\/i\/kivansagravir_product_522085_250111200536_14281.webp"},{"id":"5027348","shop_id":"33879","user_id":"439136","shop_name":"ajandekdesign","shop_zip":"4220","product_code":"5101123","product_name_old":null,"product_name":"Adventi napt\u00e1r","category_string":"Kar\u00e1csony, Adventi d\u00edszek, Adventi napt\u00e1r","technic_string":"Grav\u00edroz\u00e1s, pirogr\u00e1fia","category_1":"319","category_2":"1285","category_3":"320","category_4":"0","merged_category_1":null,"merged_category_2":null,"merged_category_3":null,"technic_1":"796","technic_2":"0","technic_3":"0","color_1":"514","color_2":"0","color_3":"0","product_description_old":null,"product_description":"K\u00fcl\u00f6nleges Adventi napt\u00e1r, amivel izgalmass\u00e1 teheted a december napjait eg\u00e9szen Szent est\u00e9ig. \nA napt\u00e1r k\u00fcl\u00f6nlegess\u00e9ge, hogy 24 kieg\u00e9sz\u00edt\u0151 man\u00f3s k\u00e1rty\u00e1t is k\u00e9rhetsz,\namelyeken kar\u00e1csonyi k\u00e9sz\u00fcl\u0151d\u00e9ssel, hangol\u00f3d\u00e1ssal kapcsolatos \u00f6tletek vannak,\n\u00edgy minden napra jut egy izgalmas program\n(pl: m\u00e9zeskal\u00e1cs s\u00fct\u00e9s, s\u00f3-liszt gyurm\u00e1z\u00e1s, pillecukorb\u00f3l h\u00f3ember k\u00e9sz\u00edt\u00e9s.. stb) \nA programokat \u00fagy v\u00e1logattam \u00f6ssze, hogy k\u00f6nnyen\nkivitelezhet\u0151k legyenek. ( nekem is van 2 gyerk\u0151c\u00f6m, \u00edgy tapasztalt vagyok :D ) :)\nA jutta tasakok m\u00e9rete: 10x12 cm \nA man\u00f3k kb 8 cm magasak\n\nAz alap szett tartalma:\n- 1 db adventi napt\u00e1r jutta zsin\u00f3r akaszt\u00f3val ( 50x21cm )\n- 24db jutta zsin\u00f3r ( a felk\u00f6t\u00e9shez )\n- 24db csillag sz\u00e1mozva\n\nEZEN K\u00cdV\u00dcL K\u00c9RHETED HOZZ\u00c1:\n- 24 db jutta zs\u00e1k\n- 24db man\u00f3 kar\u00e1csonyi program \u00f6tletekkel\n\n\nAmennyiben meg szeretn\u00e9d v\u00e1s\u00e1rolni, \u00fagy rakd kos\u00e1rba a term\u00e9ket. A \u201emegjegyz\u00e9s ajandekdesign r\u00e9sz\u00e9re\u201d mez\u0151ben megadhatod az elk\u00e9sz\u00edt\u00e9shez sz\u00fcks\u00e9ges inform\u00e1ci\u00f3kat. Ezt k\u00f6vet\u0151en fogjuk l\u00e1tni egym\u00e1s el\u00e9rhet\u0151s\u00e9geit, ha sz\u00fcks\u00e9ges emailben is egyeztethet\u00fcnk. Minden term\u00e9ket el\u0151re fizet\u00e9st k\u00f6vet\u0151en k\u00e9sz\u00edtek el.\nT\u00f6bbf\u00e9le fizet\u00e9si lehet\u0151s\u00e9g k\u00f6z\u00fcl v\u00e1laszthatsz: - a fel\u00fcleten kereszt\u00fcl fizethetsz bankk\u00e1rty\u00e1val vagy el\u0151re utal\u00e1ssal is. Az utal\u00e1si adatokat megtal\u00e1lod a visszaigazol\u00f3 emailben.\nAz \u00f6sszeg be\u00e9rkez\u00e9s\u00e9t k\u00f6vet\u0151en kezdj\u00fck el k\u00e9sz\u00edteni a term\u00e9keket. \n\nK\u00e9rd\u00e9sekkel, k\u00e9r\u00e9sekkel nyugodtan kereshettek \u00fczenetben.\n","price":"7400.00","unit":"db","recommended":"0","status":"1","sponsored":"0","exp_notify":"0","own_material":"0","own_material_description_old":null,"own_material_description":"","jury":"0","jury_number":"","product_nature":"","meskaracsony":"0","create_date":"2026-03-14 23:02:40","shelve_id":"0","image":"tundekorhb_product_439136_231012125124_054877.jpeg","image_width":"480","image_height":"640","image_alt":"Adventi napt\u00e1r, K\u00fcl\u00f6nleges Adventi napt\u00e1r, amivel izgalmass\u00e1 teheted a december napjait eg\u00e9szen Szent est\u00e9ig. \\nA nap..., Meska","image_title":"Adventi napt\u00e1r, Meska","view_count":"4291","favourite_count":"0","trending_score":"0","last2MonthFavouriteCount":"0","promotion":"0","giftcard_accept":"0","creditcard_accept":true,"enhanced_background":"0","domain":"meska","specific_customer_id":null,"specific_customer_name":null,"to_order_product":"1","to_order_product_time":"7","product_different":null,"product_different_description":"","vintage":"0","vintage_category_id":"0","recycled":"0","gemstone_id":"0","customizable":"0","type_category":"physical","zerowaste":"0","postage_price":"1290.00","shop_order":"0","has_category":"1","landing_pages":null,"microdata":{"number":18,"category":""},"title":"Adventi napt\u00e1r","description":"K\u00fcl\u00f6nleges Adventi napt\u00e1r, amivel izgalmass\u00e1 teheted a december napjait eg\u00e9szen Szent est\u00e9ig. \nA napt\u00e1r k\u00fcl\u00f6nlegess\u00e9ge, hogy 24 kieg\u00e9sz\u00edt\u0151 man\u00f3s k\u00e1rty\u00e1t is k\u00e9rhetsz,\namelyeken kar\u00e1csonyi k\u00e9sz\u00fcl\u0151d\u00e9ssel, hangol\u00f3d\u00e1ssal kapcsolatos \u00f6tletek vannak,\n\u00edgy minden napra jut egy izgalmas program\n(pl: m\u00e9zeskal\u00e1cs s\u00fct\u00e9s, s\u00f3-liszt gyurm\u00e1z\u00e1s, pillecukorb\u00f3l h\u00f3ember k\u00e9sz\u00edt\u00e9s.. stb) \nA programokat \u00fagy v\u00e1logattam \u00f6ssze, hogy k\u00f6nnyen\nkivitelezhet\u0151k legyenek. ( nekem is van 2 gyerk\u0151c\u00f6m, \u00edgy tapasztalt vagyok :D ) :)\nA jutta tasakok m\u00e9rete: 10x12 cm \nA man\u00f3k kb 8 cm magasak\n\nAz alap szett tartalma:\n- 1 db adventi napt\u00e1r jutta zsin\u00f3r akaszt\u00f3val ( 50x21cm )\n- 24db jutta zsin\u00f3r ( a felk\u00f6t\u00e9shez )\n- 24db csillag sz\u00e1mozva\n\nEZEN K\u00cdV\u00dcL K\u00c9RHETED HOZZ\u00c1:\n- 24 db jutta zs\u00e1k\n- 24db man\u00f3 kar\u00e1csonyi program \u00f6tletekkel\n\n\nAmennyiben meg szeretn\u00e9d v\u00e1s\u00e1rolni, \u00fagy rakd kos\u00e1rba a term\u00e9ket. A \u201emegjegyz\u00e9s ajandekdesign r\u00e9sz\u00e9re\u201d mez\u0151ben megadhatod az elk\u00e9sz\u00edt\u00e9shez sz\u00fcks\u00e9ges inform\u00e1ci\u00f3kat. Ezt k\u00f6vet\u0151en fogjuk l\u00e1tni egym\u00e1s el\u00e9rhet\u0151s\u00e9geit, ha sz\u00fcks\u00e9ges emailben is egyeztethet\u00fcnk. Minden term\u00e9ket el\u0151re fizet\u00e9st k\u00f6vet\u0151en k\u00e9sz\u00edtek el.\nT\u00f6bbf\u00e9le fizet\u00e9si lehet\u0151s\u00e9g k\u00f6z\u00fcl v\u00e1laszthatsz: - a fel\u00fcleten kereszt\u00fcl fizethetsz bankk\u00e1rty\u00e1val vagy el\u0151re utal\u00e1ssal is. Az utal\u00e1si adatokat megtal\u00e1lod a visszaigazol\u00f3 emailben.\nAz \u00f6sszeg be\u00e9rkez\u00e9s\u00e9t k\u00f6vet\u0151en kezdj\u00fck el k\u00e9sz\u00edteni a term\u00e9keket. \n\nK\u00e9rd\u00e9sekkel, k\u00e9r\u00e9sekkel nyugodtan kereshettek \u00fczenetben.\n","score":0,"formatted_price":"7 400 Ft","image_url":"https:\/\/www.meska.hu\/img\/product\/small\/t\/u\/tundekorhb_product_439136_231012125124_054877.jpeg","formatted_url":"https:\/\/www.meska.hu\/p5101123-adventi-naptar","favourite":false,"in_stock":false,"avatar":"439136_avatar_1708769647.jpeg","delete_from":0,"is_enhanced_background":false,"is_enhanced":false,"product_selection_started":false,"is_active":true,"image_webp_url":"https:\/\/www.meska.hu\/img\/product\/small\/t\/u\/tundekorhb_product_439136_231012125124_054877.webp"},{"id":"5528212","shop_id":"39490","user_id":"543096","shop_name":"Gravirmarket","shop_zip":"4482","product_code":"5401444","product_name_old":null,"product_name":"Adventi kalend\u00e1rium feln\u0151tteknek","category_string":"Kar\u00e1csony, Adventi d\u00edszek, Adventi napt\u00e1r","technic_string":"Grav\u00edroz\u00e1s, pirogr\u00e1fia","category_1":"319","category_2":"1285","category_3":"320","category_4":"0","merged_category_1":null,"merged_category_2":null,"merged_category_3":null,"technic_1":"796","technic_2":"0","technic_3":"0","color_1":"514","color_2":"0","color_3":"0","product_description_old":null,"product_description":"Kar\u00e1csonyfa alak\u00fa bortart\u00f3 \u00e1llv\u00e1ny kalend\u00e1rium \u2013 Egyedi aj\u00e1nd\u00e9k p\u00e1roknak!\nLepd meg szeretteidet egy k\u00fcl\u00f6nleges, kar\u00e1csonyi kalend\u00e1riumk\u00e9nt is funkcion\u00e1l\u00f3 bortart\u00f3 \u00e1llv\u00e1nnyal, ami st\u00edlusosan adja meg az \u00fcnnepi hangulatot!\nKar\u00e1csonyfa form\u00e1j\u00fa bortart\u00f3 \u2013 minden nap egy \u00faj meglepet\u00e9s bort rejt\nAdventi kalend\u00e1riumk\u00e9nt is haszn\u00e1lhat\u00f3 \u2013 24 palacknyi \u00fcnnepi \u00e9lm\u00e9ny\nT\u00f6k\u00e9letes aj\u00e1nd\u00e9k p\u00e1roknak \u2013 st\u00edlusos \u00e9s romantikus dekor\u00e1ci\u00f3 az \u00fcnnepekre\nF\u00e1b\u00f3l k\u00e9sz\u00fclt, pr\u00e9mium min\u0151s\u00e9g \u2013 tart\u00f3s \u00e9s eleg\u00e1ns megold\u00e1s.\nAz \u00e1r nem tartalmazza a kalend\u00e1riumba val\u00f3 aj\u00e1nd\u00e9kokat!\nM\u00e9rete: 54x70cm","price":"19990.00","unit":"db","recommended":"0","status":"1","sponsored":"0","exp_notify":"0","own_material":"0","own_material_description_old":null,"own_material_description":"","jury":"0","jury_number":"","product_nature":"","meskaracsony":"0","create_date":"2026-03-14 21:02:52","shelve_id":"0","image":"gravirmarket_product_543096_241021205625_506272.jpeg","image_width":"480","image_height":"550","image_alt":"Adventi kalend\u00e1rium feln\u0151tteknek, Kar\u00e1csonyfa alak\u00fa bortart\u00f3 \u00e1llv\u00e1ny kalend\u00e1rium \u2013 Egyedi aj\u00e1nd\u00e9k p\u00e1roknak!\\nLepd meg szeretteidet egy ..., Meska","image_title":"Adventi kalend\u00e1rium feln\u0151tteknek, Meska","view_count":"1509","favourite_count":"0","trending_score":"0","last2MonthFavouriteCount":"0","promotion":"0","giftcard_accept":"0","creditcard_accept":true,"enhanced_background":"0","domain":"meska","specific_customer_id":null,"specific_customer_name":null,"to_order_product":"1","to_order_product_time":"5","product_different":null,"product_different_description":"","vintage":"0","vintage_category_id":"0","recycled":"0","gemstone_id":"0","customizable":"0","type_category":"physical","zerowaste":"0","postage_price":"2390.00","shop_order":"0","has_category":"1","landing_pages":null,"microdata":{"number":19,"category":""},"title":"Adventi kalend\u00e1rium feln\u0151tteknek","description":"Kar\u00e1csonyfa alak\u00fa bortart\u00f3 \u00e1llv\u00e1ny kalend\u00e1rium \u2013 Egyedi aj\u00e1nd\u00e9k p\u00e1roknak!\nLepd meg szeretteidet egy k\u00fcl\u00f6nleges, kar\u00e1csonyi kalend\u00e1riumk\u00e9nt is funkcion\u00e1l\u00f3 bortart\u00f3 \u00e1llv\u00e1nnyal, ami st\u00edlusosan adja meg az \u00fcnnepi hangulatot!\nKar\u00e1csonyfa form\u00e1j\u00fa bortart\u00f3 \u2013 minden nap egy \u00faj meglepet\u00e9s bort rejt\nAdventi kalend\u00e1riumk\u00e9nt is haszn\u00e1lhat\u00f3 \u2013 24 palacknyi \u00fcnnepi \u00e9lm\u00e9ny\nT\u00f6k\u00e9letes aj\u00e1nd\u00e9k p\u00e1roknak \u2013 st\u00edlusos \u00e9s romantikus dekor\u00e1ci\u00f3 az \u00fcnnepekre\nF\u00e1b\u00f3l k\u00e9sz\u00fclt, pr\u00e9mium min\u0151s\u00e9g \u2013 tart\u00f3s \u00e9s eleg\u00e1ns megold\u00e1s.\nAz \u00e1r nem tartalmazza a kalend\u00e1riumba val\u00f3 aj\u00e1nd\u00e9kokat!\nM\u00e9rete: 54x70cm","score":0,"formatted_price":"19 990 Ft","image_url":"https:\/\/www.meska.hu\/img\/product\/small\/g\/r\/gravirmarket_product_543096_241021205625_506272.jpeg","formatted_url":"https:\/\/www.meska.hu\/p5401444-adventi-kalendarium-felnotteknek","favourite":false,"in_stock":false,"avatar":"543096_avatar_1706043856.jpeg","delete_from":0,"is_enhanced_background":false,"is_enhanced":false,"product_selection_started":false,"is_active":true,"image_webp_url":"https:\/\/www.meska.hu\/img\/product\/small\/g\/r\/gravirmarket_product_543096_241021205625_506272.webp"},{"id":"5977870","shop_id":"44450","user_id":"637912","shop_name":"Benodecor","shop_zip":"3397","product_code":"5658858","product_name_old":null,"product_name":"S\u00f6r\u00f6s adventi napt\u00e1r \u2013 24 napos s\u00f6r\u00f6sdoboz tart\u00f3","category_string":"Kar\u00e1csony, Adventi d\u00edszek, Adventi napt\u00e1r","technic_string":"Grav\u00edroz\u00e1s, pirogr\u00e1fia","category_1":"319","category_2":"1285","category_3":"320","category_4":"0","merged_category_1":null,"merged_category_2":null,"merged_category_3":null,"technic_1":"796","technic_2":"0","technic_3":"0","color_1":"514","color_2":"515","color_3":"0","product_description_old":null,"product_description":"Egy igaz\u00e1n k\u00fcl\u00f6nleges aj\u00e1nd\u00e9k a s\u00f6rkedvel\u0151knek! Ez a k\u00e9zzel k\u00e9sz\u00edtett, fa s\u00f6r\u00f6s adventi napt\u00e1r 24 db 0,5 l-es dobozos s\u00f6r t\u00e1rol\u00e1s\u00e1ra alkalmas, \u00edgy minden napra jut egy meglepet\u00e9s az \u00fcnnepi id\u0151szakban.\n\nStabil, strapab\u00edr\u00f3 szerkezete l\u00e9zerv\u00e1gott r\u00e9tegelt lemezb\u0151l k\u00e9sz\u00fclt, melyet prec\u00edzen illesztett\u00fcnk \u00f6ssze. A k\u00f6zep\u00e9n humoros grav\u00edroz\u00e1s tal\u00e1lhat\u00f3: \u201eHopsz! M\u00e1r megint elt\u0171nt egy nap\u2026 \u00e9s egy s\u00f6r!\u201d, ami garant\u00e1ltan mosolyt csal b\u00e1rki arc\u00e1ra.\n\nIde\u00e1lis aj\u00e1nd\u00e9k f\u00e9rfiaknak, bar\u00e1toknak, p\u00e1roknak vagy ak\u00e1r koll\u00e9g\u00e1knak is \u2013 kar\u00e1csonyra, n\u00e9vnapra vagy sz\u00fclet\u00e9snapra.\n\nM\u00e9rete: 50\u00d750 cm\nAnyaga: fa (r\u00e9tegelt lemez)\nJellemz\u0151k: stabil, \u00fajrahaszn\u00e1lhat\u00f3, k\u00f6rnyezetbar\u00e1t\nAj\u00e1nlott s\u00f6rm\u00e9ret: 0,5 l-es doboz","price":"19490.00","unit":"db","recommended":"0","status":"1","sponsored":"0","exp_notify":"0","own_material":"0","own_material_description_old":null,"own_material_description":"","jury":"0","jury_number":"","product_nature":"","meskaracsony":"0","create_date":"2026-03-10 18:40:12","shelve_id":"80580","image":"benodecor_product_637912_251105175819_729791.jpeg","image_width":"480","image_height":"640","image_alt":"S\u00f6r\u00f6s adventi napt\u00e1r \u2013 24 napos s\u00f6r\u00f6sdoboz tart\u00f3, Egy igaz\u00e1n k\u00fcl\u00f6nleges aj\u00e1nd\u00e9k a s\u00f6rkedvel\u0151knek! Ez a k\u00e9zzel k\u00e9sz\u00edtett, fa s\u00f6r\u00f6s adventi napt\u00e1r 24 db..., Meska","image_title":"S\u00f6r\u00f6s adventi napt\u00e1r \u2013 24 napos s\u00f6r\u00f6sdoboz tart\u00f3, Meska","view_count":"348","favourite_count":"0","trending_score":"0","last2MonthFavouriteCount":"0","promotion":"0","giftcard_accept":"0","creditcard_accept":true,"enhanced_background":"0","domain":"meska","specific_customer_id":null,"specific_customer_name":null,"to_order_product":"1","to_order_product_time":"3","product_different":null,"product_different_description":"","vintage":"0","vintage_category_id":"0","recycled":"0","gemstone_id":"0","customizable":"0","type_category":"physical","zerowaste":"0","postage_price":"1290.00","shop_order":"0","has_category":"1","landing_pages":null,"microdata":{"number":20,"category":""},"title":"S\u00f6r\u00f6s adventi napt\u00e1r \u2013 24 napos s\u00f6r\u00f6sdoboz tart\u00f3","description":"Egy igaz\u00e1n k\u00fcl\u00f6nleges aj\u00e1nd\u00e9k a s\u00f6rkedvel\u0151knek! Ez a k\u00e9zzel k\u00e9sz\u00edtett, fa s\u00f6r\u00f6s adventi napt\u00e1r 24 db 0,5 l-es dobozos s\u00f6r t\u00e1rol\u00e1s\u00e1ra alkalmas, \u00edgy minden napra jut egy meglepet\u00e9s az \u00fcnnepi id\u0151szakban.\n\nStabil, strapab\u00edr\u00f3 szerkezete l\u00e9zerv\u00e1gott r\u00e9tegelt lemezb\u0151l k\u00e9sz\u00fclt, melyet prec\u00edzen illesztett\u00fcnk \u00f6ssze. A k\u00f6zep\u00e9n humoros grav\u00edroz\u00e1s tal\u00e1lhat\u00f3: \u201eHopsz! M\u00e1r megint elt\u0171nt egy nap\u2026 \u00e9s egy s\u00f6r!\u201d, ami garant\u00e1ltan mosolyt csal b\u00e1rki arc\u00e1ra.\n\nIde\u00e1lis aj\u00e1nd\u00e9k f\u00e9rfiaknak, bar\u00e1toknak, p\u00e1roknak vagy ak\u00e1r koll\u00e9g\u00e1knak is \u2013 kar\u00e1csonyra, n\u00e9vnapra vagy sz\u00fclet\u00e9snapra.\n\nM\u00e9rete: 50\u00d750 cm\nAnyaga: fa (r\u00e9tegelt lemez)\nJellemz\u0151k: stabil, \u00fajrahaszn\u00e1lhat\u00f3, k\u00f6rnyezetbar\u00e1t\nAj\u00e1nlott s\u00f6rm\u00e9ret: 0,5 l-es doboz","score":0,"formatted_price":"19 490 Ft","image_url":"https:\/\/www.meska.hu\/img\/product\/small\/b\/e\/benodecor_product_637912_251105175819_729791.jpeg","formatted_url":"https:\/\/www.meska.hu\/p5658858-soros-adventi-naptar-24-napos-sorosdoboz-tarto","favourite":false,"in_stock":false,"avatar":"637912_avatar_1708855537.jpeg","delete_from":0,"is_enhanced_background":false,"is_enhanced":false,"product_selection_started":false,"is_active":true,"image_webp_url":"https:\/\/www.meska.hu\/img\/product\/small\/b\/e\/benodecor_product_637912_251105175819_729791.webp"},{"id":"4520076","shop_id":"32586","user_id":"420241","shop_name":"Somona","shop_zip":"4220","product_code":"4792869","product_name_old":null,"product_name":"R\u00e9nszarvas adventi kalend\u00e1rium","category_string":"Kar\u00e1csony, Adventi d\u00edszek, Adventi napt\u00e1r","technic_string":"Grav\u00edroz\u00e1s, pirogr\u00e1fia","category_1":"319","category_2":"1285","category_3":"320","category_4":"0","merged_category_1":"0","merged_category_2":"0","merged_category_3":"0","technic_1":"796","technic_2":"0","technic_3":"0","color_1":"514","color_2":"515","color_3":"0","product_description_old":null,"product_description":"Amikor a kis kar\u00e1csonyi csoki tart\u00f3s d\u00edszeken dolgoztam, eld\u00f6nt\u00f6ttem, hogy k\u00e9sz\u00fcl egy 24 darabos v\u00e1ltozata is. L\u00e1ttam m\u00e1r ilyet m\u00e1s form\u00e1kkal de n\u00e1lam a r\u00e9nszarvas volt a nyer\u0151, \u00e9s el is k\u00e9sz\u00fcltem vele.  M\u00e1r csak a megjelen\u00e9ssel voltam bajba, natur vagy barna? V\u00e9g\u00fcl mindkett\u0151 elk\u00e9sz\u00fclt. Rendel\u00e9sn\u00e9l v\u00e1laszd ki melyik sz\u00ednt szeretn\u00e9d. \n \n\nA lyukakba egy kis k\u00e9z\u00fcgyess\u00e9gel t\u00f6k\u00e9letesen belepasszolnak a mogyor\u00f3s arany csomagol\u00e1s\u00fa csokol\u00e1d\u00e9 goly\u00f3k (nem rekl\u00e1m) * A csokol\u00e1d\u00e9 nem tartoz\u00e9k* \n\nM\u00e9retei:  33 x 40 cm \n\n","price":"9900.00","unit":"db","recommended":"0","status":"1","sponsored":"0","exp_notify":"0","own_material":"0","own_material_description_old":null,"own_material_description":"","jury":"0","jury_number":"","product_nature":"","meskaracsony":"0","create_date":"2026-03-09 01:18:17","shelve_id":"0","image":"somona_product_420241_221006140528_582257.jpeg","image_width":"480","image_height":"650","image_alt":"R\u00e9nszarvas adventi kalend\u00e1rium, Amikor a kis kar\u00e1csonyi csoki tart\u00f3s d\u00edszeken dolgoztam, eld\u00f6nt\u00f6ttem, hogy k\u00e9sz\u00fcl egy 24 darabos v\u00e1l..., Meska","image_title":"R\u00e9nszarvas adventi kalend\u00e1rium, Meska","view_count":"2760","favourite_count":"0","trending_score":"0","last2MonthFavouriteCount":"0","promotion":0,"giftcard_accept":"0","creditcard_accept":true,"enhanced_background":"0","domain":"meska","specific_customer_id":null,"specific_customer_name":null,"to_order_product":"1","to_order_product_time":"7","product_different":null,"product_different_description":"","vintage":"0","vintage_category_id":"0","recycled":"0","gemstone_id":"0","customizable":"0","type_category":"physical","zerowaste":"0","postage_price":"1290.00","shop_order":"0","has_category":"1","landing_pages":null,"microdata":{"number":21,"category":""},"title":"R\u00e9nszarvas adventi kalend\u00e1rium","description":"Amikor a kis kar\u00e1csonyi csoki tart\u00f3s d\u00edszeken dolgoztam, eld\u00f6nt\u00f6ttem, hogy k\u00e9sz\u00fcl egy 24 darabos v\u00e1ltozata is. L\u00e1ttam m\u00e1r ilyet m\u00e1s form\u00e1kkal de n\u00e1lam a r\u00e9nszarvas volt a nyer\u0151, \u00e9s el is k\u00e9sz\u00fcltem vele.  M\u00e1r csak a megjelen\u00e9ssel voltam bajba, natur vagy barna? V\u00e9g\u00fcl mindkett\u0151 elk\u00e9sz\u00fclt. Rendel\u00e9sn\u00e9l v\u00e1laszd ki melyik sz\u00ednt szeretn\u00e9d. \n \n\nA lyukakba egy kis k\u00e9z\u00fcgyess\u00e9gel t\u00f6k\u00e9letesen belepasszolnak a mogyor\u00f3s arany csomagol\u00e1s\u00fa csokol\u00e1d\u00e9 goly\u00f3k (nem rekl\u00e1m) * A csokol\u00e1d\u00e9 nem tartoz\u00e9k* \n\nM\u00e9retei:  33 x 40 cm \n\n","score":0,"formatted_price":"9 900 Ft","image_url":"https:\/\/www.meska.hu\/img\/product\/small\/s\/o\/somona_product_420241_221006140528_582257.jpeg","formatted_url":"https:\/\/www.meska.hu\/p4792869-renszarvas-adventi-kalendarium","favourite":false,"in_stock":false,"avatar":"Somona_avatar_420241_1645276370.jpg","delete_from":0,"is_enhanced_background":false,"is_enhanced":false,"product_selection_started":false,"is_active":true,"image_webp_url":"https:\/\/www.meska.hu\/img\/product\/small\/s\/o\/somona_product_420241_221006140528_582257.webp"},{"id":"5076492","shop_id":"36185","user_id":"478318","shop_name":"TaMiGravir","shop_zip":"7370","product_code":"5134236","product_name_old":null,"product_name":"18+ p\u00e1ros adventi napt\u00e1r f\u00e1b\u00f3l, szem\u00e9lyre szabva ","category_string":"Kar\u00e1csony, Adventi d\u00edszek, Adventi napt\u00e1r","technic_string":"Grav\u00edroz\u00e1s, pirogr\u00e1fia","category_1":"319","category_2":"1285","category_3":"320","category_4":"0","merged_category_1":null,"merged_category_2":null,"merged_category_3":null,"technic_1":"796","technic_2":"0","technic_3":"0","color_1":"514","color_2":"519","color_3":"0","product_description_old":null,"product_description":"Szem\u00e9lyre szabjuk a p\u00e1ros adventi napt\u00e1rad, ami lehet p\u00e1rodnak k\u00e9nyeztet\u00e9s, vagy kett\u0151t\u00f6knek is, ig\u00e9ny szerint. \nT\u00f6bb m\u00e9retben, t\u00f6bbf\u00e9le dobozzal k\u00e9sz\u00fcl, v\u00e1lassz rendel\u00e9skor :) 24db bil\u00e9t\u00e1t tartalmaz \nHidd el, a siker garant\u00e1lt, feldobja a kapcsolatot :) \nS\u00e1sdon \u00e1tvehet\u0151 vagy post\u00e1zzuk ","price":"6990.00","unit":"db","recommended":"0","status":"1","sponsored":"0","exp_notify":"0","own_material":"0","own_material_description_old":null,"own_material_description":"","jury":"0","jury_number":"","product_nature":"","meskaracsony":"0","create_date":"2026-03-09 00:18:12","shelve_id":"0","image":"tamigravir_product_478318_231112195434_358690.jpeg","image_width":"480","image_height":"640","image_alt":"18+ p\u00e1ros adventi napt\u00e1r f\u00e1b\u00f3l, szem\u00e9lyre szabva , Szem\u00e9lyre szabjuk a p\u00e1ros adventi napt\u00e1rad, ami lehet p\u00e1rodnak k\u00e9nyeztet\u00e9s, vagy kett\u0151t\u00f6knek is, ig\u00e9..., Meska","image_title":"18+ p\u00e1ros adventi napt\u00e1r f\u00e1b\u00f3l, szem\u00e9lyre szabva , Meska","view_count":"1781","favourite_count":"0","trending_score":"0","last2MonthFavouriteCount":"0","promotion":"0","giftcard_accept":"0","creditcard_accept":true,"enhanced_background":"0","domain":"meska","specific_customer_id":null,"specific_customer_name":null,"to_order_product":"1","to_order_product_time":"3","product_different":null,"product_different_description":"","vintage":"0","vintage_category_id":"0","recycled":"0","gemstone_id":"0","customizable":"1","type_category":"physical","zerowaste":"0","postage_price":"3260.00","shop_order":"0","has_category":"1","landing_pages":null,"microdata":{"number":22,"category":""},"title":"18+ p\u00e1ros adventi napt\u00e1r f\u00e1b\u00f3l, szem\u00e9lyre szabva ","description":"Szem\u00e9lyre szabjuk a p\u00e1ros adventi napt\u00e1rad, ami lehet p\u00e1rodnak k\u00e9nyeztet\u00e9s, vagy kett\u0151t\u00f6knek is, ig\u00e9ny szerint. \nT\u00f6bb m\u00e9retben, t\u00f6bbf\u00e9le dobozzal k\u00e9sz\u00fcl, v\u00e1lassz rendel\u00e9skor :) 24db bil\u00e9t\u00e1t tartalmaz \nHidd el, a siker garant\u00e1lt, feldobja a kapcsolatot :) \nS\u00e1sdon \u00e1tvehet\u0151 vagy post\u00e1zzuk ","score":0,"formatted_price":"6 990 Ft","image_url":"https:\/\/www.meska.hu\/img\/product\/small\/t\/a\/tamigravir_product_478318_231112195434_358690.jpeg","formatted_url":"https:\/\/www.meska.hu\/p5134236-18-paros-adventi-naptar-fabol-szemelyre-szabva","favourite":false,"in_stock":false,"avatar":"478318_avatar_1641398494.jpeg","delete_from":0,"is_enhanced_background":false,"is_enhanced":false,"product_selection_started":false,"is_active":true,"image_webp_url":"https:\/\/www.meska.hu\/img\/product\/small\/t\/a\/tamigravir_product_478318_231112195434_358690.webp"},{"id":"5494987","shop_id":"45241","user_id":"651925","shop_name":"SzilupiLaser","shop_zip":"2230","product_code":"5380047","product_name_old":null,"product_name":"Adventi napt\u00e1r (Fa)","category_string":"Kar\u00e1csony, Adventi d\u00edszek, Adventi napt\u00e1r","technic_string":"Grav\u00edroz\u00e1s, pirogr\u00e1fia, Famegmunk\u00e1l\u00e1s","category_1":"319","category_2":"1285","category_3":"320","category_4":"0","merged_category_1":null,"merged_category_2":null,"merged_category_3":null,"technic_1":"796","technic_2":"478","technic_3":"0","color_1":"514","color_2":"0","color_3":"0","product_description_old":null,"product_description":"V\u00e1rd a kar\u00e1csonyt ezzel az egyedi adventi napt\u00e1rral, amely 24 kis fi\u00f3kot rejt, amelyeket te t\u00f6lthetsz meg meglepet\u00e9sekkel.\n A napt\u00e1r ny\u00edrf\u00e1b\u00f3l k\u00e9sz\u00fclt.\nA napt\u00e1r sz\u00edne nat\u00far fa, de te magad is festheted vagy dekor\u00e1lhatod kedved szerint. \nEz a term\u00e9k nemcsak egy sz\u00f3rakoztat\u00f3 visszasz\u00e1ml\u00e1l\u00e1si m\u00f3dszer, hanem egy st\u00edlusos lak\u00e1sdekor\u00e1ci\u00f3 is.\nRendeld meg most ezt az adventi napt\u00e1rt, \u00e9s tedd m\u00e9g var\u00e1zslatosabb\u00e1 a kar\u00e1csonyi hangulatot!\n\nM\u00e9rete: 32*37*6 cm\nFi\u00f3kok m\u00e9rete: ~5*5*5 cm","price":"12000.00","unit":"db","recommended":"0","status":"1","sponsored":"0","exp_notify":"0","own_material":"0","own_material_description_old":null,"own_material_description":"","jury":"0","jury_number":"","product_nature":"","meskaracsony":"0","create_date":"2026-03-05 09:50:23","shelve_id":"0","image":"szilupilaser_product_651925_240925135726_666632.png","image_width":"480","image_height":"480","image_alt":"Adventi napt\u00e1r (Fa), V\u00e1rd a kar\u00e1csonyt ezzel az egyedi adventi napt\u00e1rral, amely 24 kis fi\u00f3kot rejt, amelyeket te t\u00f6lthets..., Meska","image_title":"Adventi napt\u00e1r (Fa), Meska","view_count":"706","favourite_count":"0","trending_score":"0","last2MonthFavouriteCount":"0","promotion":"0","giftcard_accept":"0","creditcard_accept":true,"enhanced_background":"0","domain":"meska","specific_customer_id":null,"specific_customer_name":null,"to_order_product":"1","to_order_product_time":"3","product_different":null,"product_different_description":"","vintage":"0","vintage_category_id":"0","recycled":"0","gemstone_id":"0","customizable":"1","type_category":"physical","zerowaste":"0","postage_price":"1349.00","shop_order":"0","has_category":"1","landing_pages":null,"microdata":{"number":23,"category":""},"title":"Adventi napt\u00e1r (Fa)","description":"V\u00e1rd a kar\u00e1csonyt ezzel az egyedi adventi napt\u00e1rral, amely 24 kis fi\u00f3kot rejt, amelyeket te t\u00f6lthetsz meg meglepet\u00e9sekkel.\n A napt\u00e1r ny\u00edrf\u00e1b\u00f3l k\u00e9sz\u00fclt.\nA napt\u00e1r sz\u00edne nat\u00far fa, de te magad is festheted vagy dekor\u00e1lhatod kedved szerint. \nEz a term\u00e9k nemcsak egy sz\u00f3rakoztat\u00f3 visszasz\u00e1ml\u00e1l\u00e1si m\u00f3dszer, hanem egy st\u00edlusos lak\u00e1sdekor\u00e1ci\u00f3 is.\nRendeld meg most ezt az adventi napt\u00e1rt, \u00e9s tedd m\u00e9g var\u00e1zslatosabb\u00e1 a kar\u00e1csonyi hangulatot!\n\nM\u00e9rete: 32*37*6 cm\nFi\u00f3kok m\u00e9rete: ~5*5*5 cm","score":0,"formatted_price":"12 000 Ft","image_url":"https:\/\/www.meska.hu\/img\/product\/small\/s\/z\/szilupilaser_product_651925_240925135726_666632.png","formatted_url":"https:\/\/www.meska.hu\/p5380047-adventi-naptar-fa","favourite":false,"in_stock":false,"avatar":"651925_avatar_1715852399.jpeg","delete_from":0,"is_enhanced_background":false,"is_enhanced":false,"product_selection_started":false,"is_active":true,"image_webp_url":"https:\/\/www.meska.hu\/img\/product\/small\/s\/z\/szilupilaser_product_651925_240925135726_666632.webp"},{"id":"4535090","shop_id":"38468","user_id":"491086","shop_name":"fairyhappy","shop_zip":"4951","product_code":"4804855","product_name_old":null,"product_name":"Adventi kalend\u00e1rium Betlehemi jelenettel","category_string":"Kar\u00e1csony, Adventi d\u00edszek, Adventi napt\u00e1r","technic_string":"Famegmunk\u00e1l\u00e1s, Grav\u00edroz\u00e1s, pirogr\u00e1fia","category_1":"319","category_2":"1285","category_3":"320","category_4":"0","merged_category_1":"0","merged_category_2":"0","merged_category_3":"0","technic_1":"478","technic_2":"796","technic_3":"0","color_1":"515","color_2":"0","color_3":"0","product_description_old":null,"product_description":"K\u00e9sz\u00fclt 4 mm vastag r\u00e9tegelt lap.\nM\u00e9retek 43\u044527\u04457cm\nFi\u00f3k 4,3x4,1cm \n25 vagy 31 napos\nFalra is akaszthat\u00f3","price":"17500.00","unit":"db","recommended":"0","status":"1","sponsored":"0","exp_notify":"0","own_material":"0","own_material_description_old":null,"own_material_description":"","jury":"0","jury_number":"","product_nature":"","meskaracsony":"0","create_date":"2026-03-04 15:45:38","shelve_id":"72436","image":"fairyhappy_product_491086_230327235238_280883.jpeg","image_width":"480","image_height":"499","image_alt":"Adventi kalend\u00e1rium Betlehemi jelenettel, K\u00e9sz\u00fclt 4 mm vastag r\u00e9tegelt lap.\\nM\u00e9retek 43\u044527\u04457cm\\nFi\u00f3k 4,3x4,1cm \\n25 vagy 31 napos\\nFalra is akaszt..., Meska","image_title":"Adventi kalend\u00e1rium Betlehemi jelenettel, Meska","view_count":"2043","favourite_count":"0","trending_score":"0","last2MonthFavouriteCount":"0","promotion":"0","giftcard_accept":"0","creditcard_accept":true,"enhanced_background":"0","domain":"meska","specific_customer_id":null,"specific_customer_name":null,"to_order_product":"1","to_order_product_time":"17","product_different":null,"product_different_description":"","vintage":"0","vintage_category_id":"0","recycled":"0","gemstone_id":"0","customizable":"0","type_category":"physical","zerowaste":"0","postage_price":"2390.00","shop_order":"0","has_category":"1","landing_pages":null,"microdata":{"number":24,"category":""},"title":"Adventi kalend\u00e1rium Betlehemi jelenettel","description":"K\u00e9sz\u00fclt 4 mm vastag r\u00e9tegelt lap.\nM\u00e9retek 43\u044527\u04457cm\nFi\u00f3k 4,3x4,1cm \n25 vagy 31 napos\nFalra is akaszthat\u00f3","score":0,"formatted_price":"17 500 Ft","image_url":"https:\/\/www.meska.hu\/img\/product\/small\/f\/a\/fairyhappy_product_491086_230327235238_280883.jpeg","formatted_url":"https:\/\/www.meska.hu\/p4804855-adventi-kalendarium-betlehemi-jelenettel","favourite":false,"in_stock":false,"avatar":"491086_avatar_1665517378.jpeg","delete_from":0,"is_enhanced_background":false,"is_enhanced":false,"product_selection_started":false,"is_active":true,"image_webp_url":"https:\/\/www.meska.hu\/img\/product\/small\/f\/a\/fairyhappy_product_491086_230327235238_280883.webp"},{"id":"5078372","shop_id":"36185","user_id":"478318","shop_name":"TaMiGravir","shop_zip":"7370","product_code":"5135138","product_name_old":null,"product_name":"Vintage kar\u00e1csonyi visszasz\u00e1ml\u00e1l\u00f3 f\u00e1b\u00f3l ","category_string":"Kar\u00e1csony, Adventi d\u00edszek, Adventi napt\u00e1r","technic_string":"Grav\u00edroz\u00e1s, pirogr\u00e1fia","category_1":"319","category_2":"1285","category_3":"320","category_4":"0","merged_category_1":null,"merged_category_2":null,"merged_category_3":null,"technic_1":"796","technic_2":"0","technic_3":"0","color_1":"519","color_2":"523","color_3":"0","product_description_old":null,"product_description":"Vintage st\u00edlusban k\u00e9sz\u00fclt a gy\u00f6ny\u00f6r\u0171 kar\u00e1csonyi visszasz\u00e1ml\u00e1l\u00f3, ak\u00e1r eg\u00e9sz \u00e9vben haszn\u00e1lhat\u00f3 (365napra) \n30x30 m\u00e9retben \nKar\u00e1csony m\u00e1ni\u00e1sok el\u0151nyben. \nF\u00e1b\u00f3l k\u00e9sz\u00fclt akril fest\u00e9kkel festve. \nS\u00e1sdon \u00e1tvehet\u0151 vagy post\u00e1zzuk.","price":"16990.00","unit":"db","recommended":"0","status":"1","sponsored":"0","exp_notify":"0","own_material":"0","own_material_description_old":null,"own_material_description":"","jury":"0","jury_number":"","product_nature":"","meskaracsony":"0","create_date":"2026-03-02 23:34:22","shelve_id":"0","image":"tamigravir_product_478318_231113211432_870822.jpeg","image_width":"480","image_height":"762","image_alt":"Vintage kar\u00e1csonyi visszasz\u00e1ml\u00e1l\u00f3 f\u00e1b\u00f3l , Vintage st\u00edlusban k\u00e9sz\u00fclt a gy\u00f6ny\u00f6r\u0171 kar\u00e1csonyi visszasz\u00e1ml\u00e1l\u00f3, ak\u00e1r eg\u00e9sz \u00e9vben haszn\u00e1lhat\u00f3 (365nap..., Meska","image_title":"Vintage kar\u00e1csonyi visszasz\u00e1ml\u00e1l\u00f3 f\u00e1b\u00f3l , Meska","view_count":"762","favourite_count":"0","trending_score":"0","last2MonthFavouriteCount":"0","promotion":"0","giftcard_accept":"0","creditcard_accept":true,"enhanced_background":"0","domain":"meska","specific_customer_id":null,"specific_customer_name":null,"to_order_product":"1","to_order_product_time":"4","product_different":null,"product_different_description":"","vintage":"0","vintage_category_id":"0","recycled":"0","gemstone_id":"0","customizable":"0","type_category":"physical","zerowaste":"0","postage_price":"3260.00","shop_order":"0","has_category":"1","landing_pages":null,"microdata":{"number":25,"category":""},"title":"Vintage kar\u00e1csonyi visszasz\u00e1ml\u00e1l\u00f3 f\u00e1b\u00f3l ","description":"Vintage st\u00edlusban k\u00e9sz\u00fclt a gy\u00f6ny\u00f6r\u0171 kar\u00e1csonyi visszasz\u00e1ml\u00e1l\u00f3, ak\u00e1r eg\u00e9sz \u00e9vben haszn\u00e1lhat\u00f3 (365napra) \n30x30 m\u00e9retben \nKar\u00e1csony m\u00e1ni\u00e1sok el\u0151nyben. \nF\u00e1b\u00f3l k\u00e9sz\u00fclt akril fest\u00e9kkel festve. \nS\u00e1sdon \u00e1tvehet\u0151 vagy post\u00e1zzuk.","score":0,"formatted_price":"16 990 Ft","image_url":"https:\/\/www.meska.hu\/img\/product\/small\/t\/a\/tamigravir_product_478318_231113211432_870822.jpeg","formatted_url":"https:\/\/www.meska.hu\/p5135138-vintage-karacsonyi-visszaszamlalo-fabol","favourite":false,"in_stock":false,"avatar":"478318_avatar_1641398494.jpeg","delete_from":0,"is_enhanced_background":false,"is_enhanced":false,"product_selection_started":false,"is_active":true,"image_webp_url":"https:\/\/www.meska.hu\/img\/product\/small\/t\/a\/tamigravir_product_478318_231113211432_870822.webp"},{"id":"4980160","shop_id":"30461","user_id":"384014","shop_name":"Hanichtech","shop_zip":"8417","product_code":"5062320","product_name_old":null,"product_name":"Fa adventi kalend\u00e1rium \u2013 grav\u00edrozott, h\u00e1zik\u00f3 form\u00e1j\u00fa","category_string":"Kar\u00e1csony, Adventi d\u00edszek, Adventi napt\u00e1r","technic_string":"Famegmunk\u00e1l\u00e1s, Grav\u00edroz\u00e1s, pirogr\u00e1fia","category_1":"319","category_2":"1285","category_3":"320","category_4":"0","merged_category_1":"0","merged_category_2":"0","merged_category_3":"0","technic_1":"478","technic_2":"796","technic_3":"0","color_1":"513","color_2":"0","color_3":"0","product_description_old":null,"product_description":"H\u00e1zik\u00f3 form\u00e1j\u00fa, grav\u00edrozott fa adventi kalend\u00e1rium \u2013 \u00fcnnepi v\u00e1rakoz\u00e1s term\u00e9szetes st\u00edlusban\n\nEz az egyedi, f\u00e1b\u00f3l k\u00e9sz\u00fclt adventi kalend\u00e1rium a kar\u00e1csonyi k\u00e9sz\u00fcl\u0151d\u00e9s meghitt hangulat\u00e1t hozza el az otthonodba. A december 1-j\u00e9t\u0151l Szentest\u00e9ig tart\u00f3 v\u00e1rakoz\u00e1st 24 apr\u00f3 fi\u00f3k teszi k\u00fcl\u00f6nlegess\u00e9, melyek mindegyike egy-egy napi meglepet\u00e9st rejthet.\n\nA h\u00e1zik\u00f3 form\u00e1j\u00fa kialak\u00edt\u00e1s, a l\u00e9zergrav\u00edrozott tet\u0151d\u00edsz \u00e9s a term\u00e9szetes faanyag harmonikus egy\u00fcttese meleg, \u00fcnnepi atmoszf\u00e9r\u00e1t teremt. Letisztult, id\u0151t\u00e1ll\u00f3 megjelen\u00e9se miatt nemcsak dekor\u00e1ci\u00f3, hanem val\u00f3di csal\u00e1di hagyom\u00e1ny alapja is lehet.\n\nA fi\u00f3kok ide\u00e1lis m\u00e9ret\u0171ek apr\u00f3 aj\u00e1nd\u00e9kok, \u00e9dess\u00e9gek vagy kedves \u00fczenetek elrejt\u00e9s\u00e9re. Az adventi kalend\u00e1rium egyedi n\u00e9vvel vagy felirattal is k\u00e9rhet\u0151, \u00edgy igaz\u00e1n szem\u00e9lyess\u00e9 v\u00e1lik, legyen sz\u00f3 gyerekekr\u0151l vagy az eg\u00e9sz csal\u00e1dr\u00f3l.\n\n\ud83c\udf84 T\u00f6k\u00e9letes v\u00e1laszt\u00e1s:\n\nadventi id\u0151szakra\n\ncsal\u00e1doknak \u00e9s gyerekeknek\n\nszem\u00e9lyes kar\u00e1csonyi aj\u00e1nd\u00e9knak\n\n\u00fajrahaszn\u00e1lhat\u00f3, fenntarthat\u00f3 dekor\u00e1ci\u00f3nak\n\nJellemz\u0151k:\n\nAnyag (v\u00e1laszthat\u00f3):\n\nvadcseresznye\n\nk\u0151ris\n\nt\u00f6lgy\n\nTeljes m\u00e9ret:\n\n26 \u00d7 10 \u00d7 30 cm\n(hossz\u00fas\u00e1g \u00d7 sz\u00e9less\u00e9g \u00d7 magass\u00e1g)\n\nFi\u00f3kok bels\u0151 m\u00e9rete:\n\n2,6 \u00d7 3,7 \u00d7 8 cm\n\n\u270d\ufe0f Egyedi n\u00e9v vagy felirat grav\u00edroz\u00e1sa a rendel\u00e9s sor\u00e1n, a \u201eTov\u00e1bbi megjegyz\u00e9sek\u201d mez\u0151ben adhat\u00f3 meg.\n\n\ud83c\udf3f K\u00e9zzel k\u00e9sz\u00edtett, magyar k\u00e9zm\u0171ves fa term\u00e9k, amely \u00e9vr\u0151l \u00e9vre \u00fajrat\u00f6lthet\u0151 \u2013 id\u0151t\u00e1ll\u00f3, fenntarthat\u00f3 \u00e9s szem\u00e9lyes r\u00e9sze lehet az \u00fcnnepi k\u00e9sz\u00fcl\u0151d\u00e9snek.","price":"14990.00","unit":"db","recommended":"0","status":"1","sponsored":"0","exp_notify":"0","own_material":"0","own_material_description_old":null,"own_material_description":"","jury":"0","jury_number":"","product_nature":"","meskaracsony":"0","create_date":"2026-03-02 23:34:18","shelve_id":"0","image":"hanichtech_product_384014_230922192346_696141.jpeg","image_width":"480","image_height":"480","image_alt":"Fa adventi kalend\u00e1rium \u2013 grav\u00edrozott, h\u00e1zik\u00f3 form\u00e1j\u00fa, H\u00e1zik\u00f3 form\u00e1j\u00fa, grav\u00edrozott fa adventi kalend\u00e1rium \u2013 \u00fcnnepi v\u00e1rakoz\u00e1s term\u00e9szetes st\u00edlusban\\n\\nEz az e..., Meska","image_title":"Fa adventi kalend\u00e1rium \u2013 grav\u00edrozott, h\u00e1zik\u00f3 form\u00e1j\u00fa, Meska","view_count":"1485","favourite_count":"0","trending_score":"0","last2MonthFavouriteCount":"0","promotion":"0","giftcard_accept":"1","creditcard_accept":true,"enhanced_background":"0","domain":"meska","specific_customer_id":null,"specific_customer_name":null,"to_order_product":"1","to_order_product_time":"3","product_different":null,"product_different_description":"","vintage":"0","vintage_category_id":"0","recycled":"0","gemstone_id":"0","customizable":"1","type_category":"physical","zerowaste":"0","postage_price":"1290.00","shop_order":"0","has_category":"1","landing_pages":null,"microdata":{"number":26,"category":""},"title":"Fa adventi kalend\u00e1rium \u2013 grav\u00edrozott, h\u00e1zik\u00f3 form\u00e1j\u00fa","description":"H\u00e1zik\u00f3 form\u00e1j\u00fa, grav\u00edrozott fa adventi kalend\u00e1rium \u2013 \u00fcnnepi v\u00e1rakoz\u00e1s term\u00e9szetes st\u00edlusban\n\nEz az egyedi, f\u00e1b\u00f3l k\u00e9sz\u00fclt adventi kalend\u00e1rium a kar\u00e1csonyi k\u00e9sz\u00fcl\u0151d\u00e9s meghitt hangulat\u00e1t hozza el az otthonodba. A december 1-j\u00e9t\u0151l Szentest\u00e9ig tart\u00f3 v\u00e1rakoz\u00e1st 24 apr\u00f3 fi\u00f3k teszi k\u00fcl\u00f6nlegess\u00e9, melyek mindegyike egy-egy napi meglepet\u00e9st rejthet.\n\nA h\u00e1zik\u00f3 form\u00e1j\u00fa kialak\u00edt\u00e1s, a l\u00e9zergrav\u00edrozott tet\u0151d\u00edsz \u00e9s a term\u00e9szetes faanyag harmonikus egy\u00fcttese meleg, \u00fcnnepi atmoszf\u00e9r\u00e1t teremt. Letisztult, id\u0151t\u00e1ll\u00f3 megjelen\u00e9se miatt nemcsak dekor\u00e1ci\u00f3, hanem val\u00f3di csal\u00e1di hagyom\u00e1ny alapja is lehet.\n\nA fi\u00f3kok ide\u00e1lis m\u00e9ret\u0171ek apr\u00f3 aj\u00e1nd\u00e9kok, \u00e9dess\u00e9gek vagy kedves \u00fczenetek elrejt\u00e9s\u00e9re. Az adventi kalend\u00e1rium egyedi n\u00e9vvel vagy felirattal is k\u00e9rhet\u0151, \u00edgy igaz\u00e1n szem\u00e9lyess\u00e9 v\u00e1lik, legyen sz\u00f3 gyerekekr\u0151l vagy az eg\u00e9sz csal\u00e1dr\u00f3l.\n\n\ud83c\udf84 T\u00f6k\u00e9letes v\u00e1laszt\u00e1s:\n\nadventi id\u0151szakra\n\ncsal\u00e1doknak \u00e9s gyerekeknek\n\nszem\u00e9lyes kar\u00e1csonyi aj\u00e1nd\u00e9knak\n\n\u00fajrahaszn\u00e1lhat\u00f3, fenntarthat\u00f3 dekor\u00e1ci\u00f3nak\n\nJellemz\u0151k:\n\nAnyag (v\u00e1laszthat\u00f3):\n\nvadcseresznye\n\nk\u0151ris\n\nt\u00f6lgy\n\nTeljes m\u00e9ret:\n\n26 \u00d7 10 \u00d7 30 cm\n(hossz\u00fas\u00e1g \u00d7 sz\u00e9less\u00e9g \u00d7 magass\u00e1g)\n\nFi\u00f3kok bels\u0151 m\u00e9rete:\n\n2,6 \u00d7 3,7 \u00d7 8 cm\n\n\u270d\ufe0f Egyedi n\u00e9v vagy felirat grav\u00edroz\u00e1sa a rendel\u00e9s sor\u00e1n, a \u201eTov\u00e1bbi megjegyz\u00e9sek\u201d mez\u0151ben adhat\u00f3 meg.\n\n\ud83c\udf3f K\u00e9zzel k\u00e9sz\u00edtett, magyar k\u00e9zm\u0171ves fa term\u00e9k, amely \u00e9vr\u0151l \u00e9vre \u00fajrat\u00f6lthet\u0151 \u2013 id\u0151t\u00e1ll\u00f3, fenntarthat\u00f3 \u00e9s szem\u00e9lyes r\u00e9sze lehet az \u00fcnnepi k\u00e9sz\u00fcl\u0151d\u00e9snek.","score":0,"formatted_price":"14 990 Ft","image_url":"https:\/\/www.meska.hu\/img\/product\/small\/h\/a\/hanichtech_product_384014_230922192346_696141.jpeg","formatted_url":"https:\/\/www.meska.hu\/p5062320-adventi-kalendarium","favourite":false,"in_stock":false,"avatar":"384014_avatar_1695144053.jpeg","delete_from":0,"is_enhanced_background":false,"is_enhanced":false,"product_selection_started":false,"is_active":true,"image_webp_url":"https:\/\/www.meska.hu\/img\/product\/small\/h\/a\/hanichtech_product_384014_230922192346_696141.webp"},{"id":"5565240","shop_id":"27692","user_id":"340938","shop_name":"mozsolygo97","shop_zip":"4025","product_code":"5431541","product_name_old":null,"product_name":"Adventi kalend\u00e1rium","category_string":"Kar\u00e1csony, Adventi d\u00edszek, Adventi napt\u00e1r","technic_string":"Famegmunk\u00e1l\u00e1s, Grav\u00edroz\u00e1s, pirogr\u00e1fia","category_1":"319","category_2":"1285","category_3":"320","category_4":"0","merged_category_1":null,"merged_category_2":null,"merged_category_3":null,"technic_1":"478","technic_2":"796","technic_3":"0","color_1":"514","color_2":"0","color_3":"0","product_description_old":null,"product_description":"F\u00e1b\u00f3l k\u00e9sz\u00fclt adventi kalend\u00e1rium, mely sok \u00e9ven kereszt\u00fcl teheti sz\u00ednesebb\u00e9 a kar\u00e1csonyi h\u00f3nap mindennapjait.\n\nA benne l\u00e9v\u0151 LED vil\u00e1g\u00edt\u00e1ssal igazi kar\u00e1csonyi hangulatot \u00e1raszt. \nK\u00e9rhet\u0151 fest\u00e9ssel \u00e9s n\u00e9vvel ell\u00e1tva is.\n \n\nAnyaga: 3mm vastag r\u00e9tegelt ny\u00edr lemez\nM\u00e9ret: 38 cm x 38 cm x 8,6 cm\nKis m\u00e9ret\u0171 fi\u00f3kok: 24db 4,7 cm x 4,4 cm x 7,7 cm\nNagy m\u00e9ret\u0171 fi\u00f3k: 1db 4,7 cm x 26,2 cm x 7,7 cm ","price":"27000.00","unit":"db","recommended":"0","status":"1","sponsored":"0","exp_notify":"0","own_material":"0","own_material_description_old":null,"own_material_description":"","jury":"0","jury_number":"","product_nature":"","meskaracsony":"0","create_date":"2026-03-02 21:32:50","shelve_id":"0","image":"mozsolygo97_product_340938_241107193118_893841.jpeg","image_width":"480","image_height":"480","image_alt":"Adventi kalend\u00e1rium, F\u00e1b\u00f3l k\u00e9sz\u00fclt adventi kalend\u00e1rium, mely sok \u00e9ven kereszt\u00fcl teheti sz\u00ednesebb\u00e9 a kar\u00e1csonyi h\u00f3nap mind..., Meska","image_title":"Adventi kalend\u00e1rium, Meska","view_count":"505","favourite_count":"0","trending_score":"0","last2MonthFavouriteCount":"0","promotion":"0","giftcard_accept":"1","creditcard_accept":false,"enhanced_background":"0","domain":"meska","specific_customer_id":null,"specific_customer_name":null,"to_order_product":"1","to_order_product_time":"6","product_different":null,"product_different_description":"","vintage":"0","vintage_category_id":"0","recycled":"0","gemstone_id":"0","customizable":"1","type_category":"physical","zerowaste":"0","postage_price":"2390.00","shop_order":"0","has_category":"1","landing_pages":null,"microdata":{"number":27,"category":""},"title":"Adventi kalend\u00e1rium","description":"F\u00e1b\u00f3l k\u00e9sz\u00fclt adventi kalend\u00e1rium, mely sok \u00e9ven kereszt\u00fcl teheti sz\u00ednesebb\u00e9 a kar\u00e1csonyi h\u00f3nap mindennapjait.\n\nA benne l\u00e9v\u0151 LED vil\u00e1g\u00edt\u00e1ssal igazi kar\u00e1csonyi hangulatot \u00e1raszt. \nK\u00e9rhet\u0151 fest\u00e9ssel \u00e9s n\u00e9vvel ell\u00e1tva is.\n \n\nAnyaga: 3mm vastag r\u00e9tegelt ny\u00edr lemez\nM\u00e9ret: 38 cm x 38 cm x 8,6 cm\nKis m\u00e9ret\u0171 fi\u00f3kok: 24db 4,7 cm x 4,4 cm x 7,7 cm\nNagy m\u00e9ret\u0171 fi\u00f3k: 1db 4,7 cm x 26,2 cm x 7,7 cm ","score":0,"formatted_price":"27 000 Ft","image_url":"https:\/\/www.meska.hu\/img\/product\/small\/m\/o\/mozsolygo97_product_340938_241107193118_893841.jpeg","formatted_url":"https:\/\/www.meska.hu\/p5431541-adventi-kalendarium","favourite":false,"in_stock":false,"avatar":"mozsolygo97_avatar_340938_1677079324.jpg","delete_from":0,"is_enhanced_background":false,"is_enhanced":false,"product_selection_started":false,"is_active":true,"image_webp_url":"https:\/\/www.meska.hu\/img\/product\/small\/m\/o\/mozsolygo97_product_340938_241107193118_893841.webp"},{"id":"5564075","shop_id":"40083","user_id":"556391","shop_name":"BrizLezer","shop_zip":"2193","product_code":"5430890","product_name_old":null,"product_name":"Adventi napt\u00e1r \/ visszasz\u00e1ml\u00e1l\u00e1s kar\u00e1csonyig","category_string":"Kar\u00e1csony, Adventi d\u00edszek, Adventi napt\u00e1r","technic_string":"Grav\u00edroz\u00e1s, pirogr\u00e1fia, Famegmunk\u00e1l\u00e1s","category_1":"319","category_2":"1285","category_3":"320","category_4":"0","merged_category_1":null,"merged_category_2":null,"merged_category_3":null,"technic_1":"796","technic_2":"478","technic_3":"0","color_1":"519","color_2":"523","color_3":"529","product_description_old":null,"product_description":"A Te gyermeked is m\u00e1r alig v\u00e1rja a Kar\u00e1csonyt? Ezen az adventi napt\u00e1ron figyelemmel k\u00eds\u00e9rheti, hogyan k\u00f6zelednek az \u00fcnnepek \u00e9s addig is d\u00edsz\u00edtheti izgatottan a feny\u0151f\u00e1t.\n\nA t\u00e1bla form\u00e1j\u00fa napt\u00e1ron 24db kar\u00e1csonyi g\u00f6mb alak\u00fa lyuk tal\u00e1lhat\u00f3 , ahov\u00e1 minden nap egy kis grav\u00edrozott d\u00edszt lehet elhelyezni. A napt\u00e1rat a leend\u0151 kis tulajdonos\u00e1nak nev\u00e9vel grav\u00edrozzuk. \n\nA napt\u00e1r m\u00e9rete:  23cm * 33cm\nKar\u00e1csonyi g\u00f6mb\u00f6k m\u00e9rete: 2cm * 1,6cm\n\nA t\u00e1bla alapja feh\u00e9r MDF farostlemez, erre t\u00f6rt\u00e9nik a nevek grav\u00edroz\u00e1sa. A keret \u00e9s a feny\u0151fa akrillal festett.\n\nMegrendel\u00e9sn\u00e9l megjegyz\u00e9sben \u00edrd meg nek\u00fcnk a gyermekek neveit!\n\nB\u00e1rmilyen k\u00e9rd\u00e9sre sz\u00edvesen v\u00e1laszolunk. Egyedi \u00f6tleteitekkel, elk\u00e9pzel\u00e9seitekkel, n\u00e9vre sz\u00f3l\u00f3 aj\u00e1nd\u00e9kok elk\u00e9sz\u00edt\u00e9s\u00e9vel kapcsolatban keress\u00e9tek a Briz L\u00e9zert!\n\n\n\n\n\n","price":"7800.00","unit":"db","recommended":"0","status":"1","sponsored":"0","exp_notify":"0","own_material":"0","own_material_description_old":null,"own_material_description":"","jury":"0","jury_number":"","product_nature":"","meskaracsony":"0","create_date":"2026-03-01 23:27:19","shelve_id":"0","image":"brizlezer_product_556391_241107172815_953774.jpeg","image_width":"480","image_height":"316","image_alt":"Adventi napt\u00e1r \/ visszasz\u00e1ml\u00e1l\u00e1s kar\u00e1csonyig, A Te gyermeked is m\u00e1r alig v\u00e1rja a Kar\u00e1csonyt? Ezen az adventi napt\u00e1ron figyelemmel k\u00eds\u00e9rheti, hogya..., Meska","image_title":"Adventi napt\u00e1r \/ visszasz\u00e1ml\u00e1l\u00e1s kar\u00e1csonyig, Meska","view_count":"459","favourite_count":"0","trending_score":"0","last2MonthFavouriteCount":"0","promotion":"0","giftcard_accept":"0","creditcard_accept":true,"enhanced_background":"0","domain":"meska","specific_customer_id":null,"specific_customer_name":null,"to_order_product":"1","to_order_product_time":"3","product_different":null,"product_different_description":"","vintage":"0","vintage_category_id":"0","recycled":"0","gemstone_id":"0","customizable":"1","type_category":"physical","zerowaste":"0","postage_price":"2390.00","shop_order":"0","has_category":"1","landing_pages":null,"microdata":{"number":28,"category":""},"title":"Adventi napt\u00e1r \/ visszasz\u00e1ml\u00e1l\u00e1s kar\u00e1csonyig","description":"A Te gyermeked is m\u00e1r alig v\u00e1rja a Kar\u00e1csonyt? Ezen az adventi napt\u00e1ron figyelemmel k\u00eds\u00e9rheti, hogyan k\u00f6zelednek az \u00fcnnepek \u00e9s addig is d\u00edsz\u00edtheti izgatottan a feny\u0151f\u00e1t.\n\nA t\u00e1bla form\u00e1j\u00fa napt\u00e1ron 24db kar\u00e1csonyi g\u00f6mb alak\u00fa lyuk tal\u00e1lhat\u00f3 , ahov\u00e1 minden nap egy kis grav\u00edrozott d\u00edszt lehet elhelyezni. A napt\u00e1rat a leend\u0151 kis tulajdonos\u00e1nak nev\u00e9vel grav\u00edrozzuk. \n\nA napt\u00e1r m\u00e9rete:  23cm * 33cm\nKar\u00e1csonyi g\u00f6mb\u00f6k m\u00e9rete: 2cm * 1,6cm\n\nA t\u00e1bla alapja feh\u00e9r MDF farostlemez, erre t\u00f6rt\u00e9nik a nevek grav\u00edroz\u00e1sa. A keret \u00e9s a feny\u0151fa akrillal festett.\n\nMegrendel\u00e9sn\u00e9l megjegyz\u00e9sben \u00edrd meg nek\u00fcnk a gyermekek neveit!\n\nB\u00e1rmilyen k\u00e9rd\u00e9sre sz\u00edvesen v\u00e1laszolunk. Egyedi \u00f6tleteitekkel, elk\u00e9pzel\u00e9seitekkel, n\u00e9vre sz\u00f3l\u00f3 aj\u00e1nd\u00e9kok elk\u00e9sz\u00edt\u00e9s\u00e9vel kapcsolatban keress\u00e9tek a Briz L\u00e9zert!\n\n\n\n\n\n","score":0,"formatted_price":"7 800 Ft","image_url":"https:\/\/www.meska.hu\/img\/product\/small\/b\/r\/brizlezer_product_556391_241107172815_953774.jpeg","formatted_url":"https:\/\/www.meska.hu\/p5430890-adventi-naptar-visszaszamlalas-karacsonyig","favourite":false,"in_stock":false,"avatar":"556391_avatar_1675685725.png","delete_from":0,"is_enhanced_background":false,"is_enhanced":false,"product_selection_started":false,"is_active":true,"image_webp_url":"https:\/\/www.meska.hu\/img\/product\/small\/b\/r\/brizlezer_product_556391_241107172815_953774.webp"},{"id":"5973341","shop_id":"38791","user_id":"522085","shop_name":"KivansaGravir","shop_zip":"1131","product_code":"5656123","product_name_old":null,"product_name":"Fa Adventi Kalend\u00e1rium - Betlehemi \"L\u00e9peget\u0151\" Angyalk\u00e1val","category_string":"Kar\u00e1csony, Adventi d\u00edszek, Adventi napt\u00e1r","technic_string":"Grav\u00edroz\u00e1s, pirogr\u00e1fia","category_1":"319","category_2":"1285","category_3":"320","category_4":"0","merged_category_1":null,"merged_category_2":null,"merged_category_3":null,"technic_1":"796","technic_2":"0","technic_3":"0","color_1":"515","color_2":"0","color_3":"0","product_description_old":null,"product_description":"Tedd var\u00e1zslatoss\u00e1 a kar\u00e1csonyi k\u00e9sz\u00fcl\u0151d\u00e9st ezzel az egyedi, f\u00e1b\u00f3l k\u00e9sz\u00fclt adventi napt\u00e1rral!\n\nHozd el az \u00fcnnepi v\u00e1rakoz\u00e1s meghitt hangulat\u00e1t otthonodba ezzel a gy\u00f6ny\u00f6r\u0171, ny\u00edrf\u00e1b\u00f3l k\u00e9sz\u00fclt adventi kalend\u00e1riummal! Ez a k\u00fcl\u00f6nleges \"l\u00e9peget\u0151\" napt\u00e1r nem csup\u00e1n egy dekor\u00e1ci\u00f3, hanem egy interakt\u00edv \u00e9lm\u00e9ny az eg\u00e9sz csal\u00e1d sz\u00e1m\u00e1ra.\n\nA term\u00e9k egy r\u00e9szletgazdag, h\u00e1romdimenzi\u00f3s Betlehemi jelenetet \u00e1br\u00e1zol, \"Boldog Kar\u00e1csonyt!\" felirattal grav\u00edrozva. A tetej\u00e9n l\u00e9v\u0151 sz\u00e1msoron egy kedves angyalka figura \"l\u00e9peget\" napr\u00f3l napra, mutatva, h\u00e1ny nap van m\u00e9g h\u00e1tra Szentest\u00e9ig. Az angyalka kivehet\u0151 \u00e9s k\u00f6nnyed\u00e9n \u00e1thelyezhet\u0151 a megfelel\u0151 naphoz.\n\nA dekor\u00e1ci\u00f3 pr\u00e9mium min\u0151s\u00e9g\u0171, 3 mm vastag ny\u00edrf\u00e1b\u00f3l k\u00e9sz\u00fclt, l\u00e9zeres v\u00e1g\u00e1ssal \u00e9s prec\u00edzi\u00f3s grav\u00edroz\u00e1ssal. A h\u00e1rom r\u00e9teg gondos, k\u00e9zi \u00f6sszeragaszt\u00e1ssal \u00e1ll \u00f6ssze egy stabil, t\u00e9rhat\u00e1s\u00fa d\u00edszt\u00e1rggy\u00e1, amely \u00e9vr\u0151l \u00e9vre az \u00fcnnepi dekor\u00e1ci\u00f3 k\u00f6zponti eleme lehet.\n\nTerm\u00e9kadatok:\n\nM\u00e9ret: 32,5 cm (sz\u00e9less\u00e9g) x 18 cm (magass\u00e1g angyalk\u00e1val)\n\n R\u00e9tegelt ny\u00edrfa (3 r\u00e9tegben, r\u00e9tegenk\u00e9nt 3 mm vastag)\n\nKivitel: L\u00e9zerv\u00e1gott \u00e9s grav\u00edrozott\n\n\u00d6ssze\u00e1ll\u00edt\u00e1s: K\u00e9zzel ragasztott\n\nFunkci\u00f3: Adventi napt\u00e1r mozgathat\u00f3, kivehet\u0151 angyalka jel\u00f6l\u0151vel\n\nT\u00f6k\u00e9letes v\u00e1laszt\u00e1s, ha egy id\u0151t\u00e1ll\u00f3, term\u00e9szetes anyagokb\u00f3l k\u00e9sz\u00fclt, k\u00fcl\u00f6nleges adventi dekor\u00e1ci\u00f3t keresel magadnak, vagy egyedi aj\u00e1nd\u00e9kot szeretn\u00e9l adni szeretteidnek.","price":"5000.00","unit":"db","recommended":"0","status":"1","sponsored":"0","exp_notify":"0","own_material":"0","own_material_description_old":null,"own_material_description":"","jury":"0","jury_number":"","product_nature":"","meskaracsony":"0","create_date":"2026-03-01 10:24:20","shelve_id":"0","image":"kivansagravir_product_522085_251101100841_5325.png","image_width":"480","image_height":"442","image_alt":"Fa Adventi Kalend\u00e1rium - Betlehemi \\\"L\u00e9peget\u0151\\\" Angyalk\u00e1val, Tedd var\u00e1zslatoss\u00e1 a kar\u00e1csonyi k\u00e9sz\u00fcl\u0151d\u00e9st ezzel az egyedi, f\u00e1b\u00f3l k\u00e9sz\u00fclt adventi napt\u00e1rral!\\n\\nHozd ..., Meska","image_title":"Fa Adventi Kalend\u00e1rium - Betlehemi \\\"L\u00e9peget\u0151\\\" Angyalk\u00e1val, Meska","view_count":"223","favourite_count":"0","trending_score":"0","last2MonthFavouriteCount":"0","promotion":"0","giftcard_accept":"0","creditcard_accept":true,"enhanced_background":"0","domain":"meska","specific_customer_id":null,"specific_customer_name":null,"to_order_product":"1","to_order_product_time":"2","product_different":null,"product_different_description":"","vintage":"0","vintage_category_id":"0","recycled":"0","gemstone_id":"0","customizable":"0","type_category":"physical","zerowaste":"0","postage_price":"1290.00","shop_order":"0","has_category":"1","landing_pages":null,"microdata":{"number":29,"category":""},"title":"Fa Adventi Kalend\u00e1rium - Betlehemi \"L\u00e9peget\u0151\" Angyalk\u00e1val","description":"Tedd var\u00e1zslatoss\u00e1 a kar\u00e1csonyi k\u00e9sz\u00fcl\u0151d\u00e9st ezzel az egyedi, f\u00e1b\u00f3l k\u00e9sz\u00fclt adventi napt\u00e1rral!\n\nHozd el az \u00fcnnepi v\u00e1rakoz\u00e1s meghitt hangulat\u00e1t otthonodba ezzel a gy\u00f6ny\u00f6r\u0171, ny\u00edrf\u00e1b\u00f3l k\u00e9sz\u00fclt adventi kalend\u00e1riummal! Ez a k\u00fcl\u00f6nleges \"l\u00e9peget\u0151\" napt\u00e1r nem csup\u00e1n egy dekor\u00e1ci\u00f3, hanem egy interakt\u00edv \u00e9lm\u00e9ny az eg\u00e9sz csal\u00e1d sz\u00e1m\u00e1ra.\n\nA term\u00e9k egy r\u00e9szletgazdag, h\u00e1romdimenzi\u00f3s Betlehemi jelenetet \u00e1br\u00e1zol, \"Boldog Kar\u00e1csonyt!\" felirattal grav\u00edrozva. A tetej\u00e9n l\u00e9v\u0151 sz\u00e1msoron egy kedves angyalka figura \"l\u00e9peget\" napr\u00f3l napra, mutatva, h\u00e1ny nap van m\u00e9g h\u00e1tra Szentest\u00e9ig. Az angyalka kivehet\u0151 \u00e9s k\u00f6nnyed\u00e9n \u00e1thelyezhet\u0151 a megfelel\u0151 naphoz.\n\nA dekor\u00e1ci\u00f3 pr\u00e9mium min\u0151s\u00e9g\u0171, 3 mm vastag ny\u00edrf\u00e1b\u00f3l k\u00e9sz\u00fclt, l\u00e9zeres v\u00e1g\u00e1ssal \u00e9s prec\u00edzi\u00f3s grav\u00edroz\u00e1ssal. A h\u00e1rom r\u00e9teg gondos, k\u00e9zi \u00f6sszeragaszt\u00e1ssal \u00e1ll \u00f6ssze egy stabil, t\u00e9rhat\u00e1s\u00fa d\u00edszt\u00e1rggy\u00e1, amely \u00e9vr\u0151l \u00e9vre az \u00fcnnepi dekor\u00e1ci\u00f3 k\u00f6zponti eleme lehet.\n\nTerm\u00e9kadatok:\n\nM\u00e9ret: 32,5 cm (sz\u00e9less\u00e9g) x 18 cm (magass\u00e1g angyalk\u00e1val)\n\n R\u00e9tegelt ny\u00edrfa (3 r\u00e9tegben, r\u00e9tegenk\u00e9nt 3 mm vastag)\n\nKivitel: L\u00e9zerv\u00e1gott \u00e9s grav\u00edrozott\n\n\u00d6ssze\u00e1ll\u00edt\u00e1s: K\u00e9zzel ragasztott\n\nFunkci\u00f3: Adventi napt\u00e1r mozgathat\u00f3, kivehet\u0151 angyalka jel\u00f6l\u0151vel\n\nT\u00f6k\u00e9letes v\u00e1laszt\u00e1s, ha egy id\u0151t\u00e1ll\u00f3, term\u00e9szetes anyagokb\u00f3l k\u00e9sz\u00fclt, k\u00fcl\u00f6nleges adventi dekor\u00e1ci\u00f3t keresel magadnak, vagy egyedi aj\u00e1nd\u00e9kot szeretn\u00e9l adni szeretteidnek.","score":0,"formatted_price":"5 000 Ft","image_url":"https:\/\/www.meska.hu\/img\/product\/small\/k\/i\/kivansagravir_product_522085_251101100841_5325.png","formatted_url":"https:\/\/www.meska.hu\/p5656123-fa-adventi-kalendarium-betlehemi-lepegeto-angyalkaval","favourite":false,"in_stock":false,"avatar":"522085_avatar_1665861743.png","delete_from":0,"is_enhanced_background":false,"is_enhanced":false,"product_selection_started":false,"is_active":true,"image_webp_url":"https:\/\/www.meska.hu\/img\/product\/small\/k\/i\/kivansagravir_product_522085_251101100841_5325.webp"},{"id":"5039977","shop_id":"38087","user_id":"511990","shop_name":"EBI4U","shop_zip":"6500","product_code":"5109089","product_name_old":null,"product_name":"Adventi kalend\u00e1rium t\u00e1bla + bil\u00e9ta","category_string":"Kar\u00e1csony, Adventi d\u00edszek, Adventi napt\u00e1r","technic_string":"Grav\u00edroz\u00e1s, pirogr\u00e1fia","category_1":"319","category_2":"1285","category_3":"320","category_4":"0","merged_category_1":"0","merged_category_2":"0","merged_category_3":"0","technic_1":"796","technic_2":"0","technic_3":"0","color_1":"519","color_2":"0","color_3":"0","product_description_old":null,"product_description":"F\u00e1b\u00f3l k\u00e9sz\u00fclt kar\u00e1csonyi adventi napt\u00e1r\n\nA szett tartalma:\nJuta zsin\u00f3r\nT\u00e1bla\nSz\u00e1mos bil\u00e9t\u00e1k\n\nKieg\u00e9sz\u00edt\u0151 zs\u00e1kok (fel\u00e1ras)\n24 db zs\u00e1kocska\n\nM\u00e9retek:\nH\u00e1zik\u00f3s \u00e9s \u00e1llatos:\n18 cm magas\n35 cm sz\u00e9les\n\nH\u00f3pelyhes:\n14 cm magas\n33 cm sz\u00e9les\n\n","price":"3395.00","unit":"db","recommended":"0","status":"1","sponsored":"0","exp_notify":"0","own_material":"0","own_material_description_old":null,"own_material_description":"","jury":"0","jury_number":"","product_nature":"","meskaracsony":"0","create_date":"2026-02-25 16:03:04","shelve_id":"70461","image":"ebi4u_product_511990_231023165402_873540.jpeg","image_width":"480","image_height":"420","image_alt":"Adventi kalend\u00e1rium t\u00e1bla + bil\u00e9ta, F\u00e1b\u00f3l k\u00e9sz\u00fclt kar\u00e1csonyi adventi napt\u00e1r\\n\\nA szett tartalma:\\nJuta zsin\u00f3r\\nT\u00e1bla\\nSz\u00e1mos bil\u00e9t\u00e1k\\n\\nKieg\u00e9sz..., Meska","image_title":"Adventi kalend\u00e1rium t\u00e1bla + bil\u00e9ta, Meska","view_count":"1264","favourite_count":"0","trending_score":"0","last2MonthFavouriteCount":"0","promotion":"0","giftcard_accept":"0","creditcard_accept":true,"enhanced_background":"0","domain":"meska","specific_customer_id":null,"specific_customer_name":null,"to_order_product":"1","to_order_product_time":"7","product_different":null,"product_different_description":"","vintage":"0","vintage_category_id":"0","recycled":"0","gemstone_id":"0","customizable":"1","type_category":"physical","zerowaste":"1","postage_price":"1290.00","shop_order":"0","has_category":"1","landing_pages":null,"microdata":{"number":30,"category":""},"title":"Adventi kalend\u00e1rium t\u00e1bla + bil\u00e9ta","description":"F\u00e1b\u00f3l k\u00e9sz\u00fclt kar\u00e1csonyi adventi napt\u00e1r\n\nA szett tartalma:\nJuta zsin\u00f3r\nT\u00e1bla\nSz\u00e1mos bil\u00e9t\u00e1k\n\nKieg\u00e9sz\u00edt\u0151 zs\u00e1kok (fel\u00e1ras)\n24 db zs\u00e1kocska\n\nM\u00e9retek:\nH\u00e1zik\u00f3s \u00e9s \u00e1llatos:\n18 cm magas\n35 cm sz\u00e9les\n\nH\u00f3pelyhes:\n14 cm magas\n33 cm sz\u00e9les\n\n","score":0,"formatted_price":"3 395 Ft","image_url":"https:\/\/www.meska.hu\/img\/product\/small\/e\/b\/ebi4u_product_511990_231023165402_873540.jpeg","formatted_url":"https:\/\/www.meska.hu\/p5109089-adventi-kalendarium-tabla-bileta","favourite":false,"in_stock":false,"avatar":"511990_avatar_1659029745.png","delete_from":0,"is_enhanced_background":false,"is_enhanced":false,"product_selection_started":false,"is_active":true,"image_webp_url":"https:\/\/www.meska.hu\/img\/product\/small\/e\/b\/ebi4u_product_511990_231023165402_873540.webp"},{"id":"5544987","shop_id":"42282","user_id":"600862","shop_name":"LezerPillanatok","shop_zip":"7013","product_code":"5416336","product_name_old":null,"product_name":"Kar\u00e1csonyi visszasz\u00e1ml\u00e1l\u00f3","category_string":"Kar\u00e1csony, Adventi d\u00edszek, Adventi napt\u00e1r","technic_string":"Grav\u00edroz\u00e1s, pirogr\u00e1fia","category_1":"319","category_2":"1285","category_3":"320","category_4":"0","merged_category_1":null,"merged_category_2":null,"merged_category_3":null,"technic_1":"796","technic_2":"0","technic_3":"0","color_1":"514","color_2":"0","color_3":"0","product_description_old":null,"product_description":"Kar\u00e1csonyi visszasz\u00e1ml\u00e1l\u00f3 gyerekeknek, kr\u00e9t\u00e1val irhat\u00f3\n\nM\u00e9rete: 26x12cm","price":"3200.00","unit":"db","recommended":"0","status":"1","sponsored":"0","exp_notify":"0","own_material":"0","own_material_description_old":null,"own_material_description":"","jury":"0","jury_number":"","product_nature":"","meskaracsony":"0","create_date":"2026-02-19 15:24:55","shelve_id":"0","image":"lezerpillanatok_product_600862_241027135641_693561.jpeg","image_width":"480","image_height":"360","image_alt":"Kar\u00e1csonyi visszasz\u00e1ml\u00e1l\u00f3, Kar\u00e1csonyi visszasz\u00e1ml\u00e1l\u00f3 gyerekeknek, kr\u00e9t\u00e1val irhat\u00f3\\n\\nM\u00e9rete: 26x12cm, Meska","image_title":"Kar\u00e1csonyi visszasz\u00e1ml\u00e1l\u00f3, Meska","view_count":"422","favourite_count":"0","trending_score":"0","last2MonthFavouriteCount":"0","promotion":"0","giftcard_accept":"0","creditcard_accept":true,"enhanced_background":"0","domain":"meska","specific_customer_id":null,"specific_customer_name":null,"to_order_product":"0","to_order_product_time":"0","product_different":null,"product_different_description":"","vintage":"0","vintage_category_id":"0","recycled":"0","gemstone_id":"0","customizable":"0","type_category":"physical","zerowaste":"0","postage_price":"2390.00","shop_order":"0","has_category":"1","landing_pages":null,"microdata":{"number":31,"category":""},"title":"Kar\u00e1csonyi visszasz\u00e1ml\u00e1l\u00f3","description":"Kar\u00e1csonyi visszasz\u00e1ml\u00e1l\u00f3 gyerekeknek, kr\u00e9t\u00e1val irhat\u00f3\n\nM\u00e9rete: 26x12cm","score":0,"formatted_price":"3 200 Ft","image_url":"https:\/\/www.meska.hu\/img\/product\/small\/l\/e\/lezerpillanatok_product_600862_241027135641_693561.jpeg","formatted_url":"https:\/\/www.meska.hu\/p5416336-karacsonyi-visszaszamlalo","favourite":false,"in_stock":true,"avatar":"600862_avatar_1693817159.png","delete_from":0,"is_enhanced_background":false,"is_enhanced":false,"product_selection_started":false,"is_active":true,"image_webp_url":"https:\/\/www.meska.hu\/img\/product\/small\/l\/e\/lezerpillanatok_product_600862_241027135641_693561.webp"},{"id":"5959901","shop_id":"48773","user_id":"714823","shop_name":"mkkreativlezer","shop_zip":"2500","product_code":"5647269","product_name_old":null,"product_name":"Teker\u0151s Adventi Napt\u00e1r","category_string":"Kar\u00e1csony, Adventi d\u00edszek, Adventi napt\u00e1r","technic_string":"Famegmunk\u00e1l\u00e1s, Grav\u00edroz\u00e1s, pirogr\u00e1fia","category_1":"319","category_2":"1285","category_3":"320","category_4":"0","merged_category_1":null,"merged_category_2":null,"merged_category_3":null,"technic_1":"478","technic_2":"796","technic_3":"0","color_1":"514","color_2":"0","color_3":"0","product_description_old":null,"product_description":"Tedd m\u00e9g var\u00e1zslatosabb\u00e1 az \u00fcnnepi v\u00e1rakoz\u00e1st ezzel a k\u00e9zzel festett, f\u00e1b\u00f3l k\u00e9sz\u00fclt kar\u00e1csonyi visszasz\u00e1ml\u00e1l\u00f3val!\nA gyerekek minden nap izgatottan forgathatj\u00e1k a sz\u00e1mokat, ahogy k\u00f6zeledik a kar\u00e1csony, mik\u00f6zben a r\u00e9nszarvas \u00e9s a Mikul\u00e1s mosolya \u00fcnnepi hangulatot var\u00e1zsol a lak\u00e1sba.\n\nTerm\u00e9k jellemz\u0151i:\n\t\u2022\tAnyaga: term\u00e9szetes fa, k\u00e9zzel festett\n\t\u2022\tM\u00e9rete: kb. 20 \u00d7 18 cm\n\t\u2022\tTart\u00f3s, \u00fajrahaszn\u00e1lhat\u00f3 \u2013 \u00e9vr\u0151l \u00e9vre el\u0151vehet\u0151\n\nT\u00f6k\u00e9letes v\u00e1laszt\u00e1s:\n\t\u2022\tcsal\u00e1doknak, ahol a gyerekek im\u00e1dj\u00e1k a kar\u00e1csonyv\u00e1r\u00e1st\n\t\u2022\taj\u00e1nd\u00e9knak oviba, iskol\u00e1ba, pedag\u00f3gusoknak\n\t\u2022\totthoni kar\u00e1csonyi dekor\u00e1ci\u00f3nak\n\nEgyedi, szeretettel k\u00e9sz\u00fclt darab, amely minden \u00e9vben el\u0151hozza az \u00fcnnep igazi var\u00e1zs\u00e1t.\n\nHa k\u00e9rd\u00e9sed van, sz\u00edvesen v\u00e1laszolok! :)\n","price":"6900.00","unit":"db","recommended":"0","status":"1","sponsored":"0","exp_notify":"0","own_material":"0","own_material_description_old":null,"own_material_description":"","jury":"0","jury_number":"","product_nature":"","meskaracsony":"0","create_date":"2026-02-14 13:50:10","shelve_id":"0","image":"mkkreativlezer_product_714823_251017124314_874867.jpeg","image_width":"480","image_height":"409","image_alt":"Teker\u0151s Adventi Napt\u00e1r, Tedd m\u00e9g var\u00e1zslatosabb\u00e1 az \u00fcnnepi v\u00e1rakoz\u00e1st ezzel a k\u00e9zzel festett, f\u00e1b\u00f3l k\u00e9sz\u00fclt kar\u00e1csonyi vissz..., Meska","image_title":"Teker\u0151s Adventi Napt\u00e1r, Meska","view_count":"180","favourite_count":"0","trending_score":"0","last2MonthFavouriteCount":"0","promotion":"0","giftcard_accept":"0","creditcard_accept":true,"enhanced_background":"0","domain":"meska","specific_customer_id":null,"specific_customer_name":null,"to_order_product":"1","to_order_product_time":"3","product_different":null,"product_different_description":"","vintage":"0","vintage_category_id":"0","recycled":"0","gemstone_id":"0","customizable":"0","type_category":"physical","zerowaste":"0","postage_price":"1349.00","shop_order":"0","has_category":"1","landing_pages":null,"microdata":{"number":32,"category":""},"title":"Teker\u0151s Adventi Napt\u00e1r","description":"Tedd m\u00e9g var\u00e1zslatosabb\u00e1 az \u00fcnnepi v\u00e1rakoz\u00e1st ezzel a k\u00e9zzel festett, f\u00e1b\u00f3l k\u00e9sz\u00fclt kar\u00e1csonyi visszasz\u00e1ml\u00e1l\u00f3val!\nA gyerekek minden nap izgatottan forgathatj\u00e1k a sz\u00e1mokat, ahogy k\u00f6zeledik a kar\u00e1csony, mik\u00f6zben a r\u00e9nszarvas \u00e9s a Mikul\u00e1s mosolya \u00fcnnepi hangulatot var\u00e1zsol a lak\u00e1sba.\n\nTerm\u00e9k jellemz\u0151i:\n\t\u2022\tAnyaga: term\u00e9szetes fa, k\u00e9zzel festett\n\t\u2022\tM\u00e9rete: kb. 20 \u00d7 18 cm\n\t\u2022\tTart\u00f3s, \u00fajrahaszn\u00e1lhat\u00f3 \u2013 \u00e9vr\u0151l \u00e9vre el\u0151vehet\u0151\n\nT\u00f6k\u00e9letes v\u00e1laszt\u00e1s:\n\t\u2022\tcsal\u00e1doknak, ahol a gyerekek im\u00e1dj\u00e1k a kar\u00e1csonyv\u00e1r\u00e1st\n\t\u2022\taj\u00e1nd\u00e9knak oviba, iskol\u00e1ba, pedag\u00f3gusoknak\n\t\u2022\totthoni kar\u00e1csonyi dekor\u00e1ci\u00f3nak\n\nEgyedi, szeretettel k\u00e9sz\u00fclt darab, amely minden \u00e9vben el\u0151hozza az \u00fcnnep igazi var\u00e1zs\u00e1t.\n\nHa k\u00e9rd\u00e9sed van, sz\u00edvesen v\u00e1laszolok! :)\n","score":0,"formatted_price":"6 900 Ft","image_url":"https:\/\/www.meska.hu\/img\/product\/small\/m\/k\/mkkreativlezer_product_714823_251017124314_874867.jpeg","formatted_url":"https:\/\/www.meska.hu\/p5647269-tekeros-adventi-naptar","favourite":false,"in_stock":false,"avatar":"714823_avatar_1744620885.png","delete_from":0,"is_enhanced_background":false,"is_enhanced":false,"product_selection_started":false,"is_active":true,"image_webp_url":"https:\/\/www.meska.hu\/img\/product\/small\/m\/k\/mkkreativlezer_product_714823_251017124314_874867.webp"},{"id":"5091576","shop_id":"39490","user_id":"543096","shop_name":"Gravirmarket","shop_zip":"4482","product_code":"5141881","product_name_old":null,"product_name":"Adventi kalend\u00e1rium","category_string":"Kar\u00e1csony, Adventi d\u00edszek, Adventi napt\u00e1r","technic_string":"Grav\u00edroz\u00e1s, pirogr\u00e1fia, Famegmunk\u00e1l\u00e1s","category_1":"319","category_2":"1285","category_3":"320","category_4":"0","merged_category_1":null,"merged_category_2":null,"merged_category_3":null,"technic_1":"796","technic_2":"478","technic_3":"0","color_1":"518","color_2":"519","color_3":"0","product_description_old":null,"product_description":"Adventi kalend\u00e1rium kicsiknek \u00e9s nagyoknak.\nF\u00e1b\u00f3l k\u00e9sz\u00fclt, l\u00e9zerv\u00e1gott technik\u00e1val. A fi\u00f3kok kih\u00faz\u00e1s\u00e1t a sz\u00e1mok teszik lehet\u0151v\u00e9.\nA h\u00e1zik\u00f3k vil\u00e1g\u00edt\u00e1s\u00e1r\u00f3l led f\u00e9ny gondoskosik.\nM\u00e9rete: 51cmx45cm","price":"19990.00","unit":"db","recommended":"0","status":"1","sponsored":"0","exp_notify":"0","own_material":"0","own_material_description_old":null,"own_material_description":"","jury":"0","jury_number":"","product_nature":"","meskaracsony":"0","create_date":"2026-02-05 19:44:58","shelve_id":"0","image":"gravirmarket_product_543096_231121105951_452786.jpeg","image_width":"480","image_height":"640","image_alt":"Adventi kalend\u00e1rium, Adventi kalend\u00e1rium kicsiknek \u00e9s nagyoknak.\\nF\u00e1b\u00f3l k\u00e9sz\u00fclt, l\u00e9zerv\u00e1gott technik\u00e1val. A fi\u00f3kok kih\u00faz\u00e1s..., Meska","image_title":"Adventi kalend\u00e1rium, Meska","view_count":"1565","favourite_count":"0","trending_score":"0","last2MonthFavouriteCount":"0","promotion":"0","giftcard_accept":"0","creditcard_accept":true,"enhanced_background":"0","domain":"meska","specific_customer_id":null,"specific_customer_name":null,"to_order_product":"1","to_order_product_time":"4","product_different":null,"product_different_description":"","vintage":"0","vintage_category_id":"0","recycled":"0","gemstone_id":"0","customizable":"0","type_category":"physical","zerowaste":"0","postage_price":"1290.00","shop_order":"0","has_category":"1","landing_pages":null,"microdata":{"number":33,"category":""},"title":"Adventi kalend\u00e1rium","description":"Adventi kalend\u00e1rium kicsiknek \u00e9s nagyoknak.\nF\u00e1b\u00f3l k\u00e9sz\u00fclt, l\u00e9zerv\u00e1gott technik\u00e1val. A fi\u00f3kok kih\u00faz\u00e1s\u00e1t a sz\u00e1mok teszik lehet\u0151v\u00e9.\nA h\u00e1zik\u00f3k vil\u00e1g\u00edt\u00e1s\u00e1r\u00f3l led f\u00e9ny gondoskosik.\nM\u00e9rete: 51cmx45cm","score":0,"formatted_price":"19 990 Ft","image_url":"https:\/\/www.meska.hu\/img\/product\/small\/g\/r\/gravirmarket_product_543096_231121105951_452786.jpeg","formatted_url":"https:\/\/www.meska.hu\/p5141881-adventi-kalendarium","favourite":false,"in_stock":false,"avatar":"543096_avatar_1706043856.jpeg","delete_from":0,"is_enhanced_background":false,"is_enhanced":false,"product_selection_started":false,"is_active":true,"image_webp_url":"https:\/\/www.meska.hu\/img\/product\/small\/g\/r\/gravirmarket_product_543096_231121105951_452786.webp"},{"id":"5492089","shop_id":"36185","user_id":"478318","shop_name":"TaMiGravir","shop_zip":"7370","product_code":"5378220","product_name_old":null,"product_name":"Adventi napt\u00e1r f\u00e1b\u00f3l, kocka ","category_string":"Kar\u00e1csony, Adventi d\u00edszek, Adventi napt\u00e1r","technic_string":"Grav\u00edroz\u00e1s, pirogr\u00e1fia","category_1":"319","category_2":"1285","category_3":"320","category_4":"0","merged_category_1":null,"merged_category_2":null,"merged_category_3":null,"technic_1":"796","technic_2":"0","technic_3":"0","color_1":"514","color_2":"0","color_3":"0","product_description_old":null,"product_description":"\u00c9vr\u0151l \u00e9vre haszn\u00e1lhat\u00f3 fa adventi napt\u00e1r 24db fi\u00f3kkal, kocka forma, \u00edgy kis helyen elf\u00e9r \u00e9vk\u00f6zben.  K\u00e9rhet\u0151 p\u00e1colva, t\u00f6bb sz\u00ednben, illetve n\u00e9vvel.\n15x15x15cm a m\u00e9rete, a fi\u00f3kok m\u00e9rete 3,9x3,9x3,9cm. \nS\u00e1sdon \u00e1tvehet\u0151 vagy post\u00e1zzuk.","price":"15990.00","unit":"db","recommended":"0","status":"1","sponsored":"0","exp_notify":"0","own_material":"0","own_material_description_old":null,"own_material_description":"","jury":"0","jury_number":"","product_nature":"","meskaracsony":"0","create_date":"2026-01-29 08:53:55","shelve_id":"0","image":"tamigravir_product_478318_240921193844_056751.jpeg","image_width":"480","image_height":"624","image_alt":"Adventi napt\u00e1r f\u00e1b\u00f3l, kocka , \u00c9vr\u0151l \u00e9vre haszn\u00e1lhat\u00f3 fa adventi napt\u00e1r 24db fi\u00f3kkal, kocka forma, \u00edgy kis helyen elf\u00e9r \u00e9vk\u00f6zben.  ..., Meska","image_title":"Adventi napt\u00e1r f\u00e1b\u00f3l, kocka , Meska","view_count":"679","favourite_count":"0","trending_score":"0","last2MonthFavouriteCount":"0","promotion":"0","giftcard_accept":"0","creditcard_accept":true,"enhanced_background":"0","domain":"meska","specific_customer_id":null,"specific_customer_name":null,"to_order_product":"1","to_order_product_time":"3","product_different":null,"product_different_description":"","vintage":"0","vintage_category_id":"0","recycled":"0","gemstone_id":"0","customizable":"1","type_category":"physical","zerowaste":"0","postage_price":"3260.00","shop_order":"0","has_category":"1","landing_pages":null,"microdata":{"number":34,"category":""},"title":"Adventi napt\u00e1r f\u00e1b\u00f3l, kocka ","description":"\u00c9vr\u0151l \u00e9vre haszn\u00e1lhat\u00f3 fa adventi napt\u00e1r 24db fi\u00f3kkal, kocka forma, \u00edgy kis helyen elf\u00e9r \u00e9vk\u00f6zben.  K\u00e9rhet\u0151 p\u00e1colva, t\u00f6bb sz\u00ednben, illetve n\u00e9vvel.\n15x15x15cm a m\u00e9rete, a fi\u00f3kok m\u00e9rete 3,9x3,9x3,9cm. \nS\u00e1sdon \u00e1tvehet\u0151 vagy post\u00e1zzuk.","score":0,"formatted_price":"15 990 Ft","image_url":"https:\/\/www.meska.hu\/img\/product\/small\/t\/a\/tamigravir_product_478318_240921193844_056751.jpeg","formatted_url":"https:\/\/www.meska.hu\/p5378220-adventi-naptar-fabol-kocka","favourite":false,"in_stock":false,"avatar":"478318_avatar_1641398494.jpeg","delete_from":0,"is_enhanced_background":false,"is_enhanced":false,"product_selection_started":false,"is_active":true,"image_webp_url":"https:\/\/www.meska.hu\/img\/product\/small\/t\/a\/tamigravir_product_478318_240921193844_056751.webp"},{"id":"5024719","shop_id":"36185","user_id":"478318","shop_name":"TaMiGravir","shop_zip":"7370","product_code":"5098959","product_name_old":null,"product_name":"Kar\u00e1csonyi visszasz\u00e1ml\u00e1l\u00f3 f\u00e1b\u00f3l ","category_string":"Kar\u00e1csony, Adventi d\u00edszek, Adventi napt\u00e1r","technic_string":"Grav\u00edroz\u00e1s, pirogr\u00e1fia","category_1":"319","category_2":"1285","category_3":"320","category_4":"0","merged_category_1":null,"merged_category_2":null,"merged_category_3":null,"technic_1":"796","technic_2":"0","technic_3":"0","color_1":"519","color_2":"534","color_3":"0","product_description_old":null,"product_description":"Ny\u00edrf\u00e1b\u00f3l k\u00e9sz\u00fclnek a kar\u00e1csonyi visszasz\u00e1ml\u00e1l\u00f3k, \u00edrhat\u00f3, t\u00f6r\u00f6lhet\u0151 fel\u00fclettel, ahov\u00e1 minden nap tudod \u00edrni, h\u00e1ny nap van az \u00fcnnepig. B\u00e1rmilyen grafik\u00e1val, ak\u00e1r n\u00e9vvel is elk\u00e9sz\u00edtj\u00fck. \nS\u00e1sdon \u00e1tvehet\u0151 vagy post\u00e1zzuk. \n","price":"3990.00","unit":"db","recommended":"0","status":"1","sponsored":"0","exp_notify":"0","own_material":"0","own_material_description_old":null,"own_material_description":"","jury":"0","jury_number":"","product_nature":"","meskaracsony":"0","create_date":"2026-01-29 08:50:57","shelve_id":"0","image":"tamigravir_product_478318_231011095329_65362.jpeg","image_width":"480","image_height":"1066","image_alt":"Kar\u00e1csonyi visszasz\u00e1ml\u00e1l\u00f3 f\u00e1b\u00f3l , Ny\u00edrf\u00e1b\u00f3l k\u00e9sz\u00fclnek a kar\u00e1csonyi visszasz\u00e1ml\u00e1l\u00f3k, \u00edrhat\u00f3, t\u00f6r\u00f6lhet\u0151 fel\u00fclettel, ahov\u00e1 minden nap tud..., Meska","image_title":"Kar\u00e1csonyi visszasz\u00e1ml\u00e1l\u00f3 f\u00e1b\u00f3l , Meska","view_count":"727","favourite_count":"0","trending_score":"0","last2MonthFavouriteCount":"0","promotion":"0","giftcard_accept":"0","creditcard_accept":true,"enhanced_background":"0","domain":"meska","specific_customer_id":null,"specific_customer_name":null,"to_order_product":"1","to_order_product_time":"3","product_different":null,"product_different_description":"","vintage":"0","vintage_category_id":"0","recycled":"0","gemstone_id":"0","customizable":"1","type_category":"physical","zerowaste":"0","postage_price":"3260.00","shop_order":"0","has_category":"1","landing_pages":null,"microdata":{"number":35,"category":""},"title":"Kar\u00e1csonyi visszasz\u00e1ml\u00e1l\u00f3 f\u00e1b\u00f3l ","description":"Ny\u00edrf\u00e1b\u00f3l k\u00e9sz\u00fclnek a kar\u00e1csonyi visszasz\u00e1ml\u00e1l\u00f3k, \u00edrhat\u00f3, t\u00f6r\u00f6lhet\u0151 fel\u00fclettel, ahov\u00e1 minden nap tudod \u00edrni, h\u00e1ny nap van az \u00fcnnepig. B\u00e1rmilyen grafik\u00e1val, ak\u00e1r n\u00e9vvel is elk\u00e9sz\u00edtj\u00fck. \nS\u00e1sdon \u00e1tvehet\u0151 vagy post\u00e1zzuk. \n","score":0,"formatted_price":"3 990 Ft","image_url":"https:\/\/www.meska.hu\/img\/product\/small\/t\/a\/tamigravir_product_478318_231011095329_65362.jpeg","formatted_url":"https:\/\/www.meska.hu\/p5098959-karacsonyi-visszaszamlalo-fabol","favourite":false,"in_stock":false,"avatar":"478318_avatar_1641398494.jpeg","delete_from":0,"is_enhanced_background":false,"is_enhanced":false,"product_selection_started":false,"is_active":true,"image_webp_url":"https:\/\/www.meska.hu\/img\/product\/small\/t\/a\/tamigravir_product_478318_231011095329_65362.webp"},{"id":"3128781","shop_id":"35097","user_id":"458260","shop_name":"Gyongylezer","shop_zip":"3200","product_code":"4342994","product_name_old":null,"product_name":"Mikul\u00e1svonat Adventi napt\u00e1r","category_string":"Kar\u00e1csony, Adventi d\u00edszek, Adventi napt\u00e1r","technic_string":"Grav\u00edroz\u00e1s, pirogr\u00e1fia, Famegmunk\u00e1l\u00e1s","category_1":"319","category_2":"1285","category_3":"320","category_4":"0","merged_category_1":"0","merged_category_2":"0","merged_category_3":"0","technic_1":"796","technic_2":"478","technic_3":"0","color_1":"515","color_2":"0","color_3":"0","product_description_old":null,"product_description":"R\u00e9tegelt lemezb\u0151l k\u00e9sz\u00fclt Adventi napt\u00e1r, Mikul\u00e1svonat, nat\u00far csiszolt fel\u00fclettel. \n\nM\u00e9retei: 36 cm x 14 cm x 30 cm \nA fi\u00f3kok bels\u0151 m\u00e9rete:  6 cm hossz\u00fa 4 cm sz\u00e9les, \u00e9s 3,5 cm m\u00e9ly. \n","price":"24500.00","unit":"db","recommended":"0","status":"1","sponsored":"0","exp_notify":"0","own_material":"0","own_material_description_old":null,"own_material_description":"","jury":"0","jury_number":"","product_nature":"","meskaracsony":"0","create_date":"2026-01-29 02:48:32","shelve_id":"0","image":"gyongylezer_product_458260_211027091038_7626100.png","image_width":"480","image_height":"319","image_alt":"Mikul\u00e1svonat Adventi napt\u00e1r, R\u00e9tegelt lemezb\u0151l k\u00e9sz\u00fclt Adventi napt\u00e1r, Mikul\u00e1svonat, nat\u00far csiszolt fel\u00fclettel. \\n\\nM\u00e9retei: 36 cm ..., Meska","image_title":"Mikul\u00e1svonat Adventi napt\u00e1r, Meska","view_count":"1325","favourite_count":"0","trending_score":"0","last2MonthFavouriteCount":"0","promotion":"0","giftcard_accept":"0","creditcard_accept":true,"enhanced_background":"0","domain":"meska","specific_customer_id":null,"specific_customer_name":null,"to_order_product":"1","to_order_product_time":"10","product_different":"not_different","product_different_description":"","vintage":"0","vintage_category_id":"0","recycled":"0","gemstone_id":"0","customizable":"0","type_category":"physical","zerowaste":"0","postage_price":"2390.00","shop_order":"0","has_category":"1","landing_pages":null,"microdata":{"number":36,"category":""},"title":"Mikul\u00e1svonat Adventi napt\u00e1r","description":"R\u00e9tegelt lemezb\u0151l k\u00e9sz\u00fclt Adventi napt\u00e1r, Mikul\u00e1svonat, nat\u00far csiszolt fel\u00fclettel. \n\nM\u00e9retei: 36 cm x 14 cm x 30 cm \nA fi\u00f3kok bels\u0151 m\u00e9rete:  6 cm hossz\u00fa 4 cm sz\u00e9les, \u00e9s 3,5 cm m\u00e9ly. \n","score":0,"formatted_price":"24 500 Ft","image_url":"https:\/\/www.meska.hu\/img\/product\/small\/g\/y\/gyongylezer_product_458260_211027091038_7626100.png","formatted_url":"https:\/\/www.meska.hu\/p4342994-mikulasvonat-adventi-naptar","favourite":false,"in_stock":false,"avatar":"458260_avatar_1635317894.jpeg","delete_from":0,"is_enhanced_background":false,"is_enhanced":false,"product_selection_started":false,"is_active":true,"image_webp_url":"https:\/\/www.meska.hu\/img\/product\/small\/g\/y\/gyongylezer_product_458260_211027091038_7626100.webp"},{"id":"5009160","shop_id":"38018","user_id":"499539","shop_name":"Nonoodesign","shop_zip":"2085","product_code":"5088525","product_name_old":null,"product_name":"Adventi kalend\u00e1rium","category_string":"Kar\u00e1csony, Adventi d\u00edszek, Adventi napt\u00e1r","technic_string":"Grav\u00edroz\u00e1s, pirogr\u00e1fia","category_1":"319","category_2":"1285","category_3":"320","category_4":"0","merged_category_1":null,"merged_category_2":null,"merged_category_3":null,"technic_1":"796","technic_2":"0","technic_3":"0","color_1":"514","color_2":"0","color_3":"0","product_description_old":null,"product_description":"A kalend\u00e1rium m\u00e9rete 47x14cm \nA kis mikul\u00e1s cs\u00fasztathat\u00f3 rajta\nCsiszolva \u00e9s lakkozva\n","price":"5000.00","unit":"db","recommended":"0","status":"1","sponsored":"0","exp_notify":"0","own_material":"0","own_material_description_old":null,"own_material_description":"","jury":"0","jury_number":"","product_nature":"","meskaracsony":"0","create_date":"2026-01-26 12:31:51","shelve_id":"0","image":"nonoodesign_product_499539_230930154538_668511.jpeg","image_width":"480","image_height":"360","image_alt":"Adventi kalend\u00e1rium, A kalend\u00e1rium m\u00e9rete 47x14cm \\nA kis mikul\u00e1s cs\u00fasztathat\u00f3 rajta\\nCsiszolva \u00e9s lakkozva\\n, Meska","image_title":"Adventi kalend\u00e1rium, Meska","view_count":"1072","favourite_count":"0","trending_score":"0","last2MonthFavouriteCount":"0","promotion":"0","giftcard_accept":"0","creditcard_accept":true,"enhanced_background":"0","domain":"meska","specific_customer_id":null,"specific_customer_name":null,"to_order_product":"1","to_order_product_time":"7","product_different":null,"product_different_description":"","vintage":"0","vintage_category_id":"0","recycled":"0","gemstone_id":"0","customizable":"0","type_category":"physical","zerowaste":"0","postage_price":"3260.00","shop_order":"0","has_category":"1","landing_pages":null,"microdata":{"number":37,"category":""},"title":"Adventi kalend\u00e1rium","description":"A kalend\u00e1rium m\u00e9rete 47x14cm \nA kis mikul\u00e1s cs\u00fasztathat\u00f3 rajta\nCsiszolva \u00e9s lakkozva\n","score":0,"formatted_price":"5 000 Ft","image_url":"https:\/\/www.meska.hu\/img\/product\/small\/n\/o\/nonoodesign_product_499539_230930154538_668511.jpeg","formatted_url":"https:\/\/www.meska.hu\/p5088525-adventi-kalendarium","favourite":false,"in_stock":false,"avatar":"499539_avatar_1657884477.jpeg","delete_from":0,"is_enhanced_background":false,"is_enhanced":false,"product_selection_started":false,"is_active":true,"image_webp_url":"https:\/\/www.meska.hu\/img\/product\/small\/n\/o\/nonoodesign_product_499539_230930154538_668511.webp"},{"id":"5496788","shop_id":"42212","user_id":"597634","shop_name":"IbyLdesign","shop_zip":"4432","product_code":"5381242","product_name_old":null,"product_name":"Kar\u00e1csonyi visszasz\u00e1ml\u00e1l\u00f3","category_string":"Kar\u00e1csony, Adventi d\u00edszek, Adventi napt\u00e1r","technic_string":"Grav\u00edroz\u00e1s, pirogr\u00e1fia","category_1":"319","category_2":"1285","category_3":"320","category_4":"0","merged_category_1":null,"merged_category_2":null,"merged_category_3":null,"technic_1":"796","technic_2":"0","technic_3":"0","color_1":"514","color_2":"0","color_3":"0","product_description_old":null,"product_description":"24 napos kar\u00e1csonyi visszasz\u00e1ml\u00e1l\u00f3. Nat\u00far, festetlen \u00edgy ak\u00e1r a kedved szerint le is festheted.\n\nM\u00e9rete: 39cmx10cm\n\n\nFONTOS!!!A term\u00e9ket el\u0151re utal\u00e1s ut\u00e1n k\u00e9sz\u00edtj\u00fck \u00e9s post\u00e1zzuk. (Utal\u00e1si adatokat a visszaigazol\u00f3 e-mailben k\u00fcldj\u00fck el) .  Rendel\u00e9s ut\u00e1n a r\u00e9szleteket a Meska \u00dczeneteken kereszt\u00fcl egyeztetj\u00fck le, \u00edgy k\u00e9rlek sz\u00e1m\u00edts r\u00e1, hogy \u00edrni fogok,n\u00e9zd az \u00fczeneteidet. Elk\u00e9sz\u00edt\u00e9si hat\u00e1rid\u0151 KB: 10 MUNKANAP!! ( a h\u00e9tv\u00e9g\u00e9k, \u00fcnnepnapok nem sz\u00e1molnak bele) ezt vedd figyelembe rendel\u00e9s lead\u00e1s\u00e1n\u00e1l. \nMinden esetben k\u00fcld\u00f6k k\u00e9pet a k\u00e9sz term\u00e9kr\u0151l post\u00e1z\u00e1s el\u0151tt","price":"3990.00","unit":"db","recommended":"0","status":"1","sponsored":"0","exp_notify":"0","own_material":"0","own_material_description_old":null,"own_material_description":"","jury":"0","jury_number":"","product_nature":"","meskaracsony":"0","create_date":"2026-01-20 13:49:54","shelve_id":"0","image":"ibyldesign_product_597634_240927110358_607768.jpeg","image_width":"480","image_height":"232","image_alt":"Kar\u00e1csonyi visszasz\u00e1ml\u00e1l\u00f3, 24 napos kar\u00e1csonyi visszasz\u00e1ml\u00e1l\u00f3. Nat\u00far, festetlen \u00edgy ak\u00e1r a kedved szerint le is festheted.\\n\\nM\u00e9r..., Meska","image_title":"Kar\u00e1csonyi visszasz\u00e1ml\u00e1l\u00f3, Meska","view_count":"809","favourite_count":"0","trending_score":"0","last2MonthFavouriteCount":"0","promotion":"0","giftcard_accept":"0","creditcard_accept":false,"enhanced_background":"0","domain":"meska","specific_customer_id":null,"specific_customer_name":null,"to_order_product":"1","to_order_product_time":"10","product_different":null,"product_different_description":"","vintage":"0","vintage_category_id":"0","recycled":"0","gemstone_id":"0","customizable":"0","type_category":"physical","zerowaste":"0","postage_price":"1290.00","shop_order":"0","has_category":"1","landing_pages":null,"microdata":{"number":38,"category":""},"title":"Kar\u00e1csonyi visszasz\u00e1ml\u00e1l\u00f3","description":"24 napos kar\u00e1csonyi visszasz\u00e1ml\u00e1l\u00f3. Nat\u00far, festetlen \u00edgy ak\u00e1r a kedved szerint le is festheted.\n\nM\u00e9rete: 39cmx10cm\n\n\nFONTOS!!!A term\u00e9ket el\u0151re utal\u00e1s ut\u00e1n k\u00e9sz\u00edtj\u00fck \u00e9s post\u00e1zzuk. (Utal\u00e1si adatokat a visszaigazol\u00f3 e-mailben k\u00fcldj\u00fck el) .  Rendel\u00e9s ut\u00e1n a r\u00e9szleteket a Meska \u00dczeneteken kereszt\u00fcl egyeztetj\u00fck le, \u00edgy k\u00e9rlek sz\u00e1m\u00edts r\u00e1, hogy \u00edrni fogok,n\u00e9zd az \u00fczeneteidet. Elk\u00e9sz\u00edt\u00e9si hat\u00e1rid\u0151 KB: 10 MUNKANAP!! ( a h\u00e9tv\u00e9g\u00e9k, \u00fcnnepnapok nem sz\u00e1molnak bele) ezt vedd figyelembe rendel\u00e9s lead\u00e1s\u00e1n\u00e1l. \nMinden esetben k\u00fcld\u00f6k k\u00e9pet a k\u00e9sz term\u00e9kr\u0151l post\u00e1z\u00e1s el\u0151tt","score":0,"formatted_price":"3 990 Ft","image_url":"https:\/\/www.meska.hu\/img\/product\/small\/i\/b\/ibyldesign_product_597634_240927110358_607768.jpeg","formatted_url":"https:\/\/www.meska.hu\/p5381242-karacsonyi-visszaszamlalo","favourite":false,"in_stock":false,"avatar":"597634_avatar_1693308683.jpeg","delete_from":0,"is_enhanced_background":false,"is_enhanced":false,"product_selection_started":false,"is_active":true,"image_webp_url":"https:\/\/www.meska.hu\/img\/product\/small\/i\/b\/ibyldesign_product_597634_240927110358_607768.webp"},{"id":"4516987","shop_id":"36337","user_id":"319557","shop_name":"KittiKucko","shop_zip":"4515","product_code":"4790264","product_name_old":null,"product_name":"Adventi kalend\u00e1rium -Vonat vagonokkal forma","category_string":"Kar\u00e1csony, Adventi d\u00edszek, Adventi napt\u00e1r","technic_string":"Grav\u00edroz\u00e1s, pirogr\u00e1fia","category_1":"319","category_2":"1285","category_3":"320","category_4":"0","merged_category_1":null,"merged_category_2":null,"merged_category_3":null,"technic_1":"796","technic_2":"0","technic_3":"0","color_1":"515","color_2":"0","color_3":"0","product_description_old":null,"product_description":"K\u00fcl\u00f6nleges adventi kalend\u00e1rium, melybe apr\u00f3 kincseket lehet rejteni.\nM\u00e9rete: 75*25*18cm\nFakkok m\u00e9rete: 5*5*4cm\nAnyaga: ny\u00edr r\u00e9tegelt lemez\n\nA vagonok leakaszthat\u00f3ak. K\u00e9rhet\u0151 sz\u00e1moz\u00e1s n\u00e9lk\u00fcl vagy n\u00e9vre grav\u00edrozva is, hogy m\u00e9g szem\u00e9lyesebb legyen :)\n\nA term\u00e9k k\u00e9sz\u00edt\u00e9s\u00e9t egyeztet\u00e9s \u00e9s fizet\u00e9s ut\u00e1n kezdj\u00fck meg.\nA FoxPost felad\u00e1s: CSAK H\u00e9tf\u0151i \u00e9s cs\u00fct\u00f6rt\u00f6ki napon! (Rendel\u00e9sn\u00e9l \u00e9s hat\u00e1rid\u0151n\u00e9l k\u00e9rem figyelj\u00e9k.)\nAz 5 munkanapos rendel\u00e9steljes\u00edt\u00e9st csak GLS sz\u00e1ll\u00edt\u00e1s eset\u00e9n tudjuk biztos\u00edtani.","price":"24990.00","unit":"db","recommended":"0","status":"1","sponsored":"0","exp_notify":"0","own_material":"0","own_material_description_old":null,"own_material_description":"","jury":"0","jury_number":"","product_nature":"","meskaracsony":"0","create_date":"2026-01-17 16:31:50","shelve_id":"0","image":"kittikucko_product_319557_221005121443_16874.jpeg","image_width":"480","image_height":"239","image_alt":"Adventi kalend\u00e1rium -Vonat vagonokkal forma, K\u00fcl\u00f6nleges adventi kalend\u00e1rium, melybe apr\u00f3 kincseket lehet rejteni.\\nM\u00e9rete: 75*25*18cm\\nFakkok m\u00e9ret..., Meska","image_title":"Adventi kalend\u00e1rium -Vonat vagonokkal forma, Meska","view_count":"1856","favourite_count":"0","trending_score":"0","last2MonthFavouriteCount":"0","promotion":"0","giftcard_accept":"0","creditcard_accept":false,"enhanced_background":"0","domain":"meska","specific_customer_id":null,"specific_customer_name":null,"to_order_product":"1","to_order_product_time":"5","product_different":null,"product_different_description":"","vintage":"0","vintage_category_id":"0","recycled":"0","gemstone_id":"0","customizable":"1","type_category":"physical","zerowaste":"0","postage_price":"2000.00","shop_order":"0","has_category":"1","landing_pages":null,"microdata":{"number":39,"category":""},"title":"Adventi kalend\u00e1rium -Vonat vagonokkal forma","description":"K\u00fcl\u00f6nleges adventi kalend\u00e1rium, melybe apr\u00f3 kincseket lehet rejteni.\nM\u00e9rete: 75*25*18cm\nFakkok m\u00e9rete: 5*5*4cm\nAnyaga: ny\u00edr r\u00e9tegelt lemez\n\nA vagonok leakaszthat\u00f3ak. K\u00e9rhet\u0151 sz\u00e1moz\u00e1s n\u00e9lk\u00fcl vagy n\u00e9vre grav\u00edrozva is, hogy m\u00e9g szem\u00e9lyesebb legyen :)\n\nA term\u00e9k k\u00e9sz\u00edt\u00e9s\u00e9t egyeztet\u00e9s \u00e9s fizet\u00e9s ut\u00e1n kezdj\u00fck meg.\nA FoxPost felad\u00e1s: CSAK H\u00e9tf\u0151i \u00e9s cs\u00fct\u00f6rt\u00f6ki napon! (Rendel\u00e9sn\u00e9l \u00e9s hat\u00e1rid\u0151n\u00e9l k\u00e9rem figyelj\u00e9k.)\nAz 5 munkanapos rendel\u00e9steljes\u00edt\u00e9st csak GLS sz\u00e1ll\u00edt\u00e1s eset\u00e9n tudjuk biztos\u00edtani.","score":0,"formatted_price":"24 990 Ft","image_url":"https:\/\/www.meska.hu\/img\/product\/small\/k\/i\/kittikucko_product_319557_221005121443_16874.jpeg","formatted_url":"https:\/\/www.meska.hu\/p4790264-adventi-kalendarium-vonat-vagonokkal-forma","favourite":false,"in_stock":false,"avatar":"319557_avatar_1642493809.png","delete_from":0,"is_enhanced_background":false,"is_enhanced":false,"product_selection_started":false,"is_active":true,"image_webp_url":"https:\/\/www.meska.hu\/img\/product\/small\/k\/i\/kittikucko_product_319557_221005121443_16874.webp"},{"id":"4516997","shop_id":"36337","user_id":"319557","shop_name":"KittiKucko","shop_zip":"4515","product_code":"4790271","product_name_old":null,"product_name":"Adventi kalend\u00e1rium -Feny\u0151 forma","category_string":"Kar\u00e1csony, Adventi d\u00edszek, Adventi napt\u00e1r","technic_string":"Grav\u00edroz\u00e1s, pirogr\u00e1fia","category_1":"319","category_2":"1285","category_3":"320","category_4":"0","merged_category_1":null,"merged_category_2":null,"merged_category_3":null,"technic_1":"796","technic_2":"0","technic_3":"0","color_1":"515","color_2":"0","color_3":"0","product_description_old":null,"product_description":"K\u00fcl\u00f6nleges adventi kalend\u00e1rium, melybe apr\u00f3 kincseket lehet rejteni.\nM\u00e9rete: 53*45*10cm\nFakkok m\u00e9rete: 8*6*4cm\n\nA LED vil\u00e1g\u00edt\u00e1s nem tartoz\u00e9k.\nA term\u00e9k k\u00e9sz\u00edt\u00e9s\u00e9t egyeztet\u00e9s \u00e9s fizet\u00e9s ut\u00e1n kezdj\u00fck meg.\nA FoxPost felad\u00e1s: CSAK H\u00e9tf\u0151i \u00e9s cs\u00fct\u00f6rt\u00f6ki napon! (Rendel\u00e9sn\u00e9l \u00e9s hat\u00e1rid\u0151n\u00e9l k\u00e9rem figyelj\u00e9k.)\nAz 5 munkanapos rendel\u00e9steljes\u00edt\u00e9st csak GLS sz\u00e1ll\u00edt\u00e1s eset\u00e9n tudjuk biztos\u00edtani.","price":"29990.00","unit":"db","recommended":"0","status":"1","sponsored":"0","exp_notify":"0","own_material":"0","own_material_description_old":null,"own_material_description":"","jury":"0","jury_number":"","product_nature":"","meskaracsony":"0","create_date":"2026-01-17 16:31:45","shelve_id":"0","image":"kittikucko_product_319557_221005122835_951433.jpeg","image_width":"480","image_height":"640","image_alt":"Adventi kalend\u00e1rium -Feny\u0151 forma, K\u00fcl\u00f6nleges adventi kalend\u00e1rium, melybe apr\u00f3 kincseket lehet rejteni.\\nM\u00e9rete: 53*45*10cm\\nFakkok m\u00e9ret..., Meska","image_title":"Adventi kalend\u00e1rium -Feny\u0151 forma, Meska","view_count":"1460","favourite_count":"0","trending_score":"0","last2MonthFavouriteCount":"0","promotion":"0","giftcard_accept":"0","creditcard_accept":false,"enhanced_background":"0","domain":"meska","specific_customer_id":null,"specific_customer_name":null,"to_order_product":"1","to_order_product_time":"5","product_different":null,"product_different_description":"","vintage":"0","vintage_category_id":"0","recycled":"0","gemstone_id":"0","customizable":"0","type_category":"physical","zerowaste":"0","postage_price":"2000.00","shop_order":"0","has_category":"1","landing_pages":null,"microdata":{"number":40,"category":""},"title":"Adventi kalend\u00e1rium -Feny\u0151 forma","description":"K\u00fcl\u00f6nleges adventi kalend\u00e1rium, melybe apr\u00f3 kincseket lehet rejteni.\nM\u00e9rete: 53*45*10cm\nFakkok m\u00e9rete: 8*6*4cm\n\nA LED vil\u00e1g\u00edt\u00e1s nem tartoz\u00e9k.\nA term\u00e9k k\u00e9sz\u00edt\u00e9s\u00e9t egyeztet\u00e9s \u00e9s fizet\u00e9s ut\u00e1n kezdj\u00fck meg.\nA FoxPost felad\u00e1s: CSAK H\u00e9tf\u0151i \u00e9s cs\u00fct\u00f6rt\u00f6ki napon! (Rendel\u00e9sn\u00e9l \u00e9s hat\u00e1rid\u0151n\u00e9l k\u00e9rem figyelj\u00e9k.)\nAz 5 munkanapos rendel\u00e9steljes\u00edt\u00e9st csak GLS sz\u00e1ll\u00edt\u00e1s eset\u00e9n tudjuk biztos\u00edtani.","score":0,"formatted_price":"29 990 Ft","image_url":"https:\/\/www.meska.hu\/img\/product\/small\/k\/i\/kittikucko_product_319557_221005122835_951433.jpeg","formatted_url":"https:\/\/www.meska.hu\/p4790271-adventi-kalendarium-fenyo-forma","favourite":false,"in_stock":false,"avatar":"319557_avatar_1642493809.png","delete_from":0,"is_enhanced_background":false,"is_enhanced":false,"product_selection_started":false,"is_active":true,"image_webp_url":"https:\/\/www.meska.hu\/img\/product\/small\/k\/i\/kittikucko_product_319557_221005122835_951433.webp"},{"id":"5494993","shop_id":"45241","user_id":"651925","shop_name":"SzilupiLaser","shop_zip":"2230","product_code":"5380051","product_name_old":null,"product_name":"Adventi fa napt\u00e1r (ny\u00e9gyzet alak\u00fa nat\u00far)","category_string":"Kar\u00e1csony, Adventi d\u00edszek, Adventi napt\u00e1r","technic_string":"Grav\u00edroz\u00e1s, pirogr\u00e1fia, Famegmunk\u00e1l\u00e1s","category_1":"319","category_2":"1285","category_3":"320","category_4":"0","merged_category_1":null,"merged_category_2":null,"merged_category_3":null,"technic_1":"796","technic_2":"478","technic_3":"0","color_1":"514","color_2":"0","color_3":"0","product_description_old":null,"product_description":"-A k\u00e9pen l\u00e1that\u00f3 m\u00f3don, \u00fcresen k\u00fcldj\u00fck, hogy te magad d\u00edsz\u00edtsd ahogy szeretn\u00e9d! \n-M\u00e9rete: 37*37*6 cm\n-Fi\u00f3kok m\u00e9rete: ~5*5*5 cm\n\nV\u00e1rd a kar\u00e1csonyt ezzel az egyedi adventi napt\u00e1rral, amely 24 kis fi\u00f3kot rejt, amelyeket te t\u00f6lthetsz meg meglepet\u00e9sekkel. \nA napt\u00e1r ny\u00edrf\u00e1b\u00f3l k\u00e9sz\u00fclt, \u00e9s grav\u00edrozott mint\u00e1kkal d\u00edsz\u00edtett.\nA napt\u00e1r sz\u00edne nat\u00far fa, de te magad is festheted vagy dekor\u00e1lhatod kedved szerint. \nEz a term\u00e9k nemcsak egy sz\u00f3rakoztat\u00f3 visszasz\u00e1ml\u00e1l\u00e1si m\u00f3dszer, hanem egy st\u00edlusos lak\u00e1sdekor\u00e1ci\u00f3 is. \nRendeld meg most ezt az adventi napt\u00e1rt, \u00e9s tedd m\u00e9g var\u00e1zslatosabb\u00e1 a kar\u00e1csonyi hangulatot!\n","price":"13000.00","unit":"db","recommended":"0","status":"1","sponsored":"0","exp_notify":"0","own_material":"0","own_material_description_old":null,"own_material_description":"","jury":"0","jury_number":"","product_nature":"","meskaracsony":"0","create_date":"2026-01-13 14:03:15","shelve_id":"0","image":"szilupilaser_product_651925_240925140845_903627.jpeg","image_width":"480","image_height":"662","image_alt":"Adventi fa napt\u00e1r (ny\u00e9gyzet alak\u00fa nat\u00far), -A k\u00e9pen l\u00e1that\u00f3 m\u00f3don, \u00fcresen k\u00fcldj\u00fck, hogy te magad d\u00edsz\u00edtsd ahogy szeretn\u00e9d! \\n-M\u00e9rete: 37*37*6 cm..., Meska","image_title":"Adventi fa napt\u00e1r (ny\u00e9gyzet alak\u00fa nat\u00far), Meska","view_count":"832","favourite_count":"0","trending_score":"0","last2MonthFavouriteCount":"0","promotion":"0","giftcard_accept":"0","creditcard_accept":true,"enhanced_background":"0","domain":"meska","specific_customer_id":null,"specific_customer_name":null,"to_order_product":"1","to_order_product_time":"3","product_different":null,"product_different_description":"","vintage":"0","vintage_category_id":"0","recycled":"0","gemstone_id":"0","customizable":"1","type_category":"physical","zerowaste":"0","postage_price":"1349.00","shop_order":"0","has_category":"1","landing_pages":null,"microdata":{"number":41,"category":""},"title":"Adventi fa napt\u00e1r (ny\u00e9gyzet alak\u00fa nat\u00far)","description":"-A k\u00e9pen l\u00e1that\u00f3 m\u00f3don, \u00fcresen k\u00fcldj\u00fck, hogy te magad d\u00edsz\u00edtsd ahogy szeretn\u00e9d! \n-M\u00e9rete: 37*37*6 cm\n-Fi\u00f3kok m\u00e9rete: ~5*5*5 cm\n\nV\u00e1rd a kar\u00e1csonyt ezzel az egyedi adventi napt\u00e1rral, amely 24 kis fi\u00f3kot rejt, amelyeket te t\u00f6lthetsz meg meglepet\u00e9sekkel. \nA napt\u00e1r ny\u00edrf\u00e1b\u00f3l k\u00e9sz\u00fclt, \u00e9s grav\u00edrozott mint\u00e1kkal d\u00edsz\u00edtett.\nA napt\u00e1r sz\u00edne nat\u00far fa, de te magad is festheted vagy dekor\u00e1lhatod kedved szerint. \nEz a term\u00e9k nemcsak egy sz\u00f3rakoztat\u00f3 visszasz\u00e1ml\u00e1l\u00e1si m\u00f3dszer, hanem egy st\u00edlusos lak\u00e1sdekor\u00e1ci\u00f3 is. \nRendeld meg most ezt az adventi napt\u00e1rt, \u00e9s tedd m\u00e9g var\u00e1zslatosabb\u00e1 a kar\u00e1csonyi hangulatot!\n","score":0,"formatted_price":"13 000 Ft","image_url":"https:\/\/www.meska.hu\/img\/product\/small\/s\/z\/szilupilaser_product_651925_240925140845_903627.jpeg","formatted_url":"https:\/\/www.meska.hu\/p5380051-adventi-fa-naptar-nyegyzet-alaku-natur","favourite":false,"in_stock":false,"avatar":"651925_avatar_1715852399.jpeg","delete_from":0,"is_enhanced_background":false,"is_enhanced":false,"product_selection_started":false,"is_active":true,"image_webp_url":"https:\/\/www.meska.hu\/img\/product\/small\/s\/z\/szilupilaser_product_651925_240925140845_903627.webp"},{"id":"4535824","shop_id":"38468","user_id":"491086","shop_name":"fairyhappy","shop_zip":"4951","product_code":"4805234","product_name_old":null,"product_name":"Adventi kalend\u00e1rium ","category_string":"Kar\u00e1csony, Adventi d\u00edszek, Adventi napt\u00e1r","technic_string":"Famegmunk\u00e1l\u00e1s, Grav\u00edroz\u00e1s, pirogr\u00e1fia","category_1":"319","category_2":"1285","category_3":"320","category_4":"0","merged_category_1":"0","merged_category_2":"0","merged_category_3":"0","technic_1":"478","technic_2":"796","technic_3":"0","color_1":"515","color_2":"0","color_3":"0","product_description_old":null,"product_description":"K\u00e9sz\u00fclt 4 mm vastag r\u00e9tegelt lap.\nM\u00e9retek 47\u044527\u04457cm\nFi\u00f3k 4,3x4,1cm \n25 vagy 31 napra\nFalra is akaszthat\u00f3\n","price":"17500.00","unit":"db","recommended":"0","status":"1","sponsored":"0","exp_notify":"0","own_material":"0","own_material_description_old":null,"own_material_description":"","jury":"0","jury_number":"","product_nature":"","meskaracsony":"0","create_date":"2026-01-12 12:56:45","shelve_id":"72436","image":"fairyhappy_product_491086_230327231526_111631.jpeg","image_width":"480","image_height":"480","image_alt":"Adventi kalend\u00e1rium , K\u00e9sz\u00fclt 4 mm vastag r\u00e9tegelt lap.\\nM\u00e9retek 47\u044527\u04457cm\\nFi\u00f3k 4,3x4,1cm \\n25 vagy 31 napra\\nFalra is akaszt..., Meska","image_title":"Adventi kalend\u00e1rium , Meska","view_count":"2195","favourite_count":"0","trending_score":"0","last2MonthFavouriteCount":"0","promotion":"0","giftcard_accept":"0","creditcard_accept":true,"enhanced_background":"0","domain":"meska","specific_customer_id":null,"specific_customer_name":null,"to_order_product":"1","to_order_product_time":"17","product_different":null,"product_different_description":"","vintage":"0","vintage_category_id":"0","recycled":"0","gemstone_id":"0","customizable":"0","type_category":"physical","zerowaste":"0","postage_price":"2390.00","shop_order":"0","has_category":"1","landing_pages":null,"microdata":{"number":42,"category":""},"title":"Adventi kalend\u00e1rium ","description":"K\u00e9sz\u00fclt 4 mm vastag r\u00e9tegelt lap.\nM\u00e9retek 47\u044527\u04457cm\nFi\u00f3k 4,3x4,1cm \n25 vagy 31 napra\nFalra is akaszthat\u00f3\n","score":0,"formatted_price":"17 500 Ft","image_url":"https:\/\/www.meska.hu\/img\/product\/small\/f\/a\/fairyhappy_product_491086_230327231526_111631.jpeg","formatted_url":"https:\/\/www.meska.hu\/p4805234-adventi-kalendarium","favourite":false,"in_stock":false,"avatar":"491086_avatar_1665517378.jpeg","delete_from":0,"is_enhanced_background":false,"is_enhanced":false,"product_selection_started":false,"is_active":true,"image_webp_url":"https:\/\/www.meska.hu\/img\/product\/small\/f\/a\/fairyhappy_product_491086_230327231526_111631.webp"},{"id":"4554904","shop_id":"38468","user_id":"491086","shop_name":"fairyhappy","shop_zip":"4951","product_code":"4818285","product_name_old":null,"product_name":"Adventi kalend\u00e1rium h\u00f3emberrel","category_string":"Kar\u00e1csony, Adventi d\u00edszek, Adventi napt\u00e1r","technic_string":"Famegmunk\u00e1l\u00e1s, Grav\u00edroz\u00e1s, pirogr\u00e1fia","category_1":"319","category_2":"1285","category_3":"320","category_4":"0","merged_category_1":"0","merged_category_2":"0","merged_category_3":"0","technic_1":"478","technic_2":"796","technic_3":"0","color_1":"515","color_2":"0","color_3":"0","product_description_old":null,"product_description":"K\u00e9sz\u00fclt 4 mm vastag r\u00e9tegelt lap.\nM\u00e9retek 43\u044527\u04457cm\nFi\u00f3k 4,3x4,1cm \n25 vagy 31 napos\nFalra is akaszthat\u00f3","price":"17500.00","unit":"db","recommended":"0","status":"1","sponsored":"0","exp_notify":"0","own_material":"0","own_material_description_old":null,"own_material_description":"","jury":"0","jury_number":"","product_nature":"","meskaracsony":"0","create_date":"2026-01-12 12:56:18","shelve_id":"72436","image":"fairyhappy_product_491086_230327234750_483977.jpeg","image_width":"480","image_height":"428","image_alt":"Adventi kalend\u00e1rium h\u00f3emberrel, K\u00e9sz\u00fclt 4 mm vastag r\u00e9tegelt lap.\\nM\u00e9retek 43\u044527\u04457cm\\nFi\u00f3k 4,3x4,1cm \\n25 vagy 31 napos\\nFalra is akaszt..., Meska","image_title":"Adventi kalend\u00e1rium h\u00f3emberrel, Meska","view_count":"1994","favourite_count":"0","trending_score":"0","last2MonthFavouriteCount":"0","promotion":"0","giftcard_accept":"0","creditcard_accept":true,"enhanced_background":"0","domain":"meska","specific_customer_id":null,"specific_customer_name":null,"to_order_product":"1","to_order_product_time":"17","product_different":null,"product_different_description":"","vintage":"0","vintage_category_id":"0","recycled":"0","gemstone_id":"0","customizable":"0","type_category":"physical","zerowaste":"0","postage_price":"2390.00","shop_order":"0","has_category":"1","landing_pages":null,"microdata":{"number":43,"category":""},"title":"Adventi kalend\u00e1rium h\u00f3emberrel","description":"K\u00e9sz\u00fclt 4 mm vastag r\u00e9tegelt lap.\nM\u00e9retek 43\u044527\u04457cm\nFi\u00f3k 4,3x4,1cm \n25 vagy 31 napos\nFalra is akaszthat\u00f3","score":0,"formatted_price":"17 500 Ft","image_url":"https:\/\/www.meska.hu\/img\/product\/small\/f\/a\/fairyhappy_product_491086_230327234750_483977.jpeg","formatted_url":"https:\/\/www.meska.hu\/p4818285-adventi-kalendarium-hoemberrel","favourite":false,"in_stock":false,"avatar":"491086_avatar_1665517378.jpeg","delete_from":0,"is_enhanced_background":false,"is_enhanced":false,"product_selection_started":false,"is_active":true,"image_webp_url":"https:\/\/www.meska.hu\/img\/product\/small\/f\/a\/fairyhappy_product_491086_230327234750_483977.webp"},{"id":"5560549","shop_id":"27692","user_id":"340938","shop_name":"mozsolygo97","shop_zip":"4025","product_code":"5428893","product_name_old":null,"product_name":"Szem\u00e9lyre szabhat\u00f3 adventi kalend\u00e1rium","category_string":"Kar\u00e1csony, Adventi d\u00edszek, Adventi napt\u00e1r","technic_string":"Famegmunk\u00e1l\u00e1s, Grav\u00edroz\u00e1s, pirogr\u00e1fia","category_1":"319","category_2":"1285","category_3":"320","category_4":"0","merged_category_1":null,"merged_category_2":null,"merged_category_3":null,"technic_1":"478","technic_2":"796","technic_3":"0","color_1":"514","color_2":"0","color_3":"0","product_description_old":null,"product_description":"Sz\u00e1molj vissza kar\u00e1csonyig ezzel a fa adventi kalend\u00e1riummal. \n\nAz adventi kalend\u00e1rium 24 db kis sz\u00e1mozott zs\u00e1kot tartalmaz, amiket megt\u00f6lthetsz kis apr\u00f3s\u00e1gokkal.\nHa nem szeretn\u00e9l csak \u00e9dess\u00e9get tenni a zs\u00e1kokba, v\u00e1lassz ak\u00e1r sz\u00ednezhet\u0151 kar\u00e1csonyfad\u00edszeink k\u00f6z\u00fcl, \namellyel m\u00e9g sz\u00ednesebb\u00e9 tehetitek az adventi k\u00e9sz\u00fcl\u0151d\u00e9st.\n\nA sz\u00ednezhet\u0151 kar\u00e1csonyfad\u00edszeket itt tal\u00e1lod: \nhttps:\/\/www.meska.hu\/p4817343-szinezheto-karacsonyfadisz-6-db\n\nA zs\u00e1kok m\u00e9retei: 9 cm x 15 cm \n\nA t\u00e1bla teljesen szem\u00e9lyre szabhat\u00f3. V\u00e1laszthat\u00f3 n\u00e9vre sz\u00f3l\u00f3an, egyedi felirattal \u00e9s k\u00fcl\u00f6nb\u00f6z\u0151 mint\u00e1kkal. ( Az egyedi mint\u00e1kn\u00e1l csak 12 vari\u00e1ci\u00f3t tudok megadni, k\u00e9rlek ha a 13-16ig tetszik, akkor \u00edrd meg nekem megjegyz\u00e9sben. )\n\nA t\u00e1bla m\u00e9retei: 10 cm x 26 cm\nA t\u00e1bla anyaga: 3 mm vastag r\u00e9tegelt ny\u00edr lemez\n","price":"6500.00","unit":"db","recommended":"0","status":"1","sponsored":"0","exp_notify":"0","own_material":"0","own_material_description_old":null,"own_material_description":"","jury":"0","jury_number":"","product_nature":"","meskaracsony":"0","create_date":"2026-01-08 19:32:09","shelve_id":"0","image":"mozsolygo97_product_340938_241104143125_880913.jpeg","image_width":"480","image_height":"480","image_alt":"Szem\u00e9lyre szabhat\u00f3 adventi kalend\u00e1rium, Sz\u00e1molj vissza kar\u00e1csonyig ezzel a fa adventi kalend\u00e1riummal. \\n\\nAz adventi kalend\u00e1rium 24 db kis sz\u00e1..., Meska","image_title":"Szem\u00e9lyre szabhat\u00f3 adventi kalend\u00e1rium, Meska","view_count":"557","favourite_count":"0","trending_score":"0","last2MonthFavouriteCount":"0","promotion":"0","giftcard_accept":"1","creditcard_accept":false,"enhanced_background":"0","domain":"meska","specific_customer_id":null,"specific_customer_name":null,"to_order_product":"1","to_order_product_time":"6","product_different":null,"product_different_description":"","vintage":"0","vintage_category_id":"0","recycled":"0","gemstone_id":"0","customizable":"1","type_category":"physical","zerowaste":"0","postage_price":"2390.00","shop_order":"0","has_category":"1","landing_pages":null,"microdata":{"number":44,"category":""},"title":"Szem\u00e9lyre szabhat\u00f3 adventi kalend\u00e1rium","description":"Sz\u00e1molj vissza kar\u00e1csonyig ezzel a fa adventi kalend\u00e1riummal. \n\nAz adventi kalend\u00e1rium 24 db kis sz\u00e1mozott zs\u00e1kot tartalmaz, amiket megt\u00f6lthetsz kis apr\u00f3s\u00e1gokkal.\nHa nem szeretn\u00e9l csak \u00e9dess\u00e9get tenni a zs\u00e1kokba, v\u00e1lassz ak\u00e1r sz\u00ednezhet\u0151 kar\u00e1csonyfad\u00edszeink k\u00f6z\u00fcl, \namellyel m\u00e9g sz\u00ednesebb\u00e9 tehetitek az adventi k\u00e9sz\u00fcl\u0151d\u00e9st.\n\nA sz\u00ednezhet\u0151 kar\u00e1csonyfad\u00edszeket itt tal\u00e1lod: \nhttps:\/\/www.meska.hu\/p4817343-szinezheto-karacsonyfadisz-6-db\n\nA zs\u00e1kok m\u00e9retei: 9 cm x 15 cm \n\nA t\u00e1bla teljesen szem\u00e9lyre szabhat\u00f3. V\u00e1laszthat\u00f3 n\u00e9vre sz\u00f3l\u00f3an, egyedi felirattal \u00e9s k\u00fcl\u00f6nb\u00f6z\u0151 mint\u00e1kkal. ( Az egyedi mint\u00e1kn\u00e1l csak 12 vari\u00e1ci\u00f3t tudok megadni, k\u00e9rlek ha a 13-16ig tetszik, akkor \u00edrd meg nekem megjegyz\u00e9sben. )\n\nA t\u00e1bla m\u00e9retei: 10 cm x 26 cm\nA t\u00e1bla anyaga: 3 mm vastag r\u00e9tegelt ny\u00edr lemez\n","score":0,"formatted_price":"6 500 Ft","image_url":"https:\/\/www.meska.hu\/img\/product\/small\/m\/o\/mozsolygo97_product_340938_241104143125_880913.jpeg","formatted_url":"https:\/\/www.meska.hu\/p5428893-szemelyre-szabhato-adventi-kalendarium","favourite":false,"in_stock":false,"avatar":"mozsolygo97_avatar_340938_1677079324.jpg","delete_from":0,"is_enhanced_background":false,"is_enhanced":false,"product_selection_started":false,"is_active":true,"image_webp_url":"https:\/\/www.meska.hu\/img\/product\/small\/m\/o\/mozsolygo97_product_340938_241104143125_880913.webp"},{"id":"4506510","shop_id":"28102","user_id":"344988","shop_name":"Wicky852","shop_zip":"5136","product_code":"4783565","product_name_old":null,"product_name":"Adventi kalend\u00e1rium \u00e9s k\u00e9peslap - k\u00f6nyv form\u00e1tum","category_string":"Kar\u00e1csony, Adventi d\u00edszek, Adventi napt\u00e1r","technic_string":"Grav\u00edroz\u00e1s, pirogr\u00e1fia","category_1":"319","category_2":"1285","category_3":"320","category_4":"0","merged_category_1":"0","merged_category_2":"0","merged_category_3":"0","technic_1":"796","technic_2":"0","technic_3":"0","color_1":"514","color_2":"515","color_3":"0","product_description_old":null,"product_description":"Adventi kalend\u00e1rium \u00e9s k\u00e9peslap egyben, k\u00f6nyv form\u00e1tum.\n\nAz el\u0151lapra tetsz\u00e9s szerinti sz\u00f6veget \u00edrhatsz, de grav\u00edrozva is r\u00e1ker\u00fclhet. :)\nA 24 kis fi\u00f3kban b\u00e1rmilyen kis aj\u00e1nd\u00e9k vagy nyal\u00e1nks\u00e1g elrejthet\u0151.\n\nM\u00e9retek kinyitva: 40x24x5,5 cm.\n\u00d6sszecsukva: 24x21x11 cm.\nA kis fi\u00f3kok bels\u0151 m\u00e9retei: 3x3,8x3,5 cm.\nS\u00falya 1,4 Kg.\n\n4mm vastag r\u00e9tegelt lemezb\u0151l k\u00e9sz\u00fcl l\u00e9zerv\u00e1g\u00e1ssal.\nA f\u00e1t felcsiszolom \u00e9s nat\u00far faolajjal kezelem, a  mint\u00e1kat festem.","price":"26990.00","unit":"db","recommended":"0","status":"1","sponsored":"0","exp_notify":"0","own_material":"0","own_material_description_old":null,"own_material_description":"","jury":"0","jury_number":"","product_nature":"","meskaracsony":"0","create_date":"2026-01-06 18:21:49","shelve_id":"60388","image":"wicky852_product_344988_220924134949_106869.jpeg","image_width":"480","image_height":"278","image_alt":"Adventi kalend\u00e1rium \u00e9s k\u00e9peslap - k\u00f6nyv form\u00e1tum, Adventi kalend\u00e1rium \u00e9s k\u00e9peslap egyben, k\u00f6nyv form\u00e1tum.\\n\\nAz el\u0151lapra tetsz\u00e9s szerinti sz\u00f6veget \u00edrhat..., Meska","image_title":"Adventi kalend\u00e1rium \u00e9s k\u00e9peslap - k\u00f6nyv form\u00e1tum, Meska","view_count":"1686","favourite_count":"0","trending_score":"0","last2MonthFavouriteCount":"0","promotion":"0","giftcard_accept":"1","creditcard_accept":false,"enhanced_background":"0","domain":"meska","specific_customer_id":null,"specific_customer_name":null,"to_order_product":"1","to_order_product_time":"10","product_different":null,"product_different_description":"","vintage":"0","vintage_category_id":"0","recycled":"0","gemstone_id":"0","customizable":"0","type_category":"physical","zerowaste":"0","postage_price":"2390.00","shop_order":"0","has_category":"1","landing_pages":null,"microdata":{"number":45,"category":""},"title":"Adventi kalend\u00e1rium \u00e9s k\u00e9peslap - k\u00f6nyv form\u00e1tum","description":"Adventi kalend\u00e1rium \u00e9s k\u00e9peslap egyben, k\u00f6nyv form\u00e1tum.\n\nAz el\u0151lapra tetsz\u00e9s szerinti sz\u00f6veget \u00edrhatsz, de grav\u00edrozva is r\u00e1ker\u00fclhet. :)\nA 24 kis fi\u00f3kban b\u00e1rmilyen kis aj\u00e1nd\u00e9k vagy nyal\u00e1nks\u00e1g elrejthet\u0151.\n\nM\u00e9retek kinyitva: 40x24x5,5 cm.\n\u00d6sszecsukva: 24x21x11 cm.\nA kis fi\u00f3kok bels\u0151 m\u00e9retei: 3x3,8x3,5 cm.\nS\u00falya 1,4 Kg.\n\n4mm vastag r\u00e9tegelt lemezb\u0151l k\u00e9sz\u00fcl l\u00e9zerv\u00e1g\u00e1ssal.\nA f\u00e1t felcsiszolom \u00e9s nat\u00far faolajjal kezelem, a  mint\u00e1kat festem.","score":0,"formatted_price":"26 990 Ft","image_url":"https:\/\/www.meska.hu\/img\/product\/small\/w\/i\/wicky852_product_344988_220924134949_106869.jpeg","formatted_url":"https:\/\/www.meska.hu\/p4783565-adventi-kalendarium-es-kepeslap-konyv-formatum","favourite":false,"in_stock":false,"avatar":"Wicky852_avatar_344988_1661759938.jpg","delete_from":0,"is_enhanced_background":false,"is_enhanced":false,"product_selection_started":false,"is_active":true,"image_webp_url":"https:\/\/www.meska.hu\/img\/product\/small\/w\/i\/wicky852_product_344988_220924134949_106869.webp"}],"canonicals":{"canonical":"https:\/\/www.meska.hu\/s\/adventi-naptar:gravirozas-pirografia\/c-320:t-796"},"seo":{"title":"Adventi napt\u00e1r, visszasz\u00e1ml\u00e1l\u00f3 f\u00e9rfiaknak \u00e9s n\u0151knek - Meska","seoTitle":"Adventi napt\u00e1r","seoDescription":"A k\u00e9zm\u0171ves <strong>adventi napt\u00e1r<\/strong> var\u00e1zsa \u00e9vr\u0151l \u00e9vre meg\u00fajul\u00f3 \u00f6r\u00f6m\u00f6t hoz a kar\u00e1csonyi v\u00e1rakoz\u00e1s id\u0151szak\u00e1ba. A Meska oldal\u00e1n tal\u00e1lhat\u00f3 adventi napt\u00e1r kateg\u00f3ria minden darabja egyedi k\u00e9zm\u0171ves munk\u00e1t t\u00fckr\u00f6z, amely szem\u00e9lyess\u00e9 \u00e9s feledhetetlenn\u00e9 teszi a kar\u00e1csonyi el\u0151k\u00e9sz\u00fcleteket. Ezek a k\u00fcl\u00f6nleges <strong>adventi napt\u00e1r<\/strong> alkot\u00e1sok nemcsak a gyermekek szem\u00e9t csillogtatj\u00e1k fel, hanem a feln\u0151ttek sz\u00edv\u00e9t is megmeleng\u00edtik, hiszen minden egyes darab m\u00f6g\u00f6tt szeretet \u00e9s gondoss\u00e1g rejt\u0151zik.\n\nAz <strong>adventi napt\u00e1r<\/strong> hagyom\u00e1nya m\u00e9lyen gy\u00f6kerezik a kereszt\u00e9ny kult\u00far\u00e1ban, \u00e9s ma is az egyik legszebb kar\u00e1csonyi szok\u00e1s. A Meska k\u00e9zm\u0171vesei olyan <strong>adventi napt\u00e1r<\/strong> darabokat k\u00e9sz\u00edtenek, amelyek \u00f6tv\u00f6zik a hagyom\u00e1nyos mot\u00edvumokat a modern \u00edzl\u00e9ssel. Minden egyes <strong>adventi napt\u00e1r<\/strong> egyedi karakterrel rendelkezik, amely t\u00fckr\u00f6zi k\u00e9sz\u00edt\u0151je kreativit\u00e1s\u00e1t \u00e9s a kar\u00e1csonyi \u00fcnnep szellem\u00e9t. Ezek a k\u00fcl\u00f6nleges darabok gener\u00e1ci\u00f3kon \u00e1t szolg\u00e1lhatj\u00e1k a csal\u00e1dokat, \u00e9vr\u0151l \u00e9vre \u00faj eml\u00e9keket teremtve.\n\n<H2 class=\"text-meska\/base-orange\"><strong>Adventi napt\u00e1r<\/strong> - szem\u00e9lyes kar\u00e1csonyi var\u00e1zs<\/H2>\n\nAz <strong>adventi napt\u00e1r<\/strong> kateg\u00f3ria gazdag v\u00e1laszt\u00e9kot k\u00edn\u00e1l minden csal\u00e1d \u00e9s \u00edzl\u00e9s sz\u00e1m\u00e1ra. A hagyom\u00e1nyos fa kivitelez\u00e9s\u0171 darabokt\u00f3l a textilb\u0151l k\u00e9sz\u00fclt, puha megold\u00e1sokig sz\u00e9les a paletta a Meska k\u00edn\u00e1lat\u00e1ban. Ezek az <strong>adventi napt\u00e1r<\/strong> alkot\u00e1sok ide\u00e1lisak arra, hogy m\u00e9g k\u00fcl\u00f6nlegesebb\u00e9 tegy\u00e9k a kar\u00e1csonyi v\u00e1rakoz\u00e1s id\u0151szak\u00e1t. A k\u00e9zm\u0171ves <strong>adventi napt\u00e1r<\/strong> darabok k\u00fcl\u00f6nlegess\u00e9ge abban rejlik, hogy minden zsebecske, minden r\u00e9szlet gondosan kidolgozott, \u00e9s gyakran szem\u00e9lyre szabhat\u00f3 is. Az <strong>adventi napt\u00e1rak<\/strong> \u00e9s <strong>k\u00fcl\u00f6nleges adventi napt\u00e1r<\/strong> t\u00edpus\u00fa darabok egyedi mot\u00edvumokkal, sz\u00ednekkel \u00e9s form\u00e1kkal k\u00e9sz\u00fclnek.\n\n<H2 class=\"text-meska\/base-orange\"><strong>Adventi napt\u00e1r f\u00e9rfiaknak<\/strong> - f\u00e9rfias kar\u00e1csonyi hangulat<\/H2>\n\nAz <strong>adventi napt\u00e1r f\u00e9rfiaknak<\/strong> kateg\u00f3ria olyan darabokat tartalmaz, amelyek kifejezetten a f\u00e9rfiak \u00edzl\u00e9s\u00e9re szabottak. Ezek az <strong>adventi napt\u00e1r f\u00e9rfiaknak<\/strong> k\u00e9sz\u00fclt alkot\u00e1sok gyakran visszafogott sz\u00ednvil\u00e1ggal, geometrikus mint\u00e1kkal vagy term\u00e9szetes mot\u00edvumokkal k\u00e9sz\u00fclnek. A <strong>adventi napt\u00e1r f\u00e9rfiaknak<\/strong> t\u00f6rt\u00e9n\u0151 v\u00e1logat\u00e1sn\u00e1l fontos szempont a praktikuss\u00e1g \u00e9s az elegancia egyens\u00falya. A Meska k\u00e9zm\u0171vesei olyan <strong>adventi napt\u00e1r f\u00e9rfiaknak<\/strong> sz\u00e1nt darabokat alkotnak, amelyek t\u00f6k\u00e9letesen illeszkednek a f\u00e9rfias k\u00f6rnyezetbe, mik\u00f6zben meg\u0151rzik a kar\u00e1csonyi var\u00e1zs intim\u00e1j\u00e1t.\n\n<H2 class=\"text-meska\/base-orange\"><strong>Adventi napt\u00e1r n\u0151knek<\/strong> - n\u0151i elegancia december var\u00e1zslata<\/H2>\n\nAz <strong>adventi napt\u00e1r n\u0151knek<\/strong> t\u00edpus\u00fa darabok k\u00fcl\u00f6nleges figyelmess\u00e9get \u00e9s \u00edzl\u00e9st t\u00fckr\u00f6znek. Ezek az <strong>adventi napt\u00e1r n\u0151knek<\/strong> k\u00e9sz\u00fclt alkot\u00e1sok gyakran finomabb r\u00e9szletekkel, romantikusabb mot\u00edvumokkal \u00e9s eleg\u00e1ns sz\u00ednvil\u00e1ggal k\u00e9sz\u00fclnek. Az <strong>adventi napt\u00e1r n\u0151knek<\/strong> t\u00f6rt\u00e9n\u0151 kiv\u00e1laszt\u00e1sn\u00e1l a sz\u00e9ps\u00e9g \u00e9s a funkcionalit\u00e1s harm\u00f3ni\u00e1ja ker\u00fcl el\u0151t\u00e9rbe. A k\u00e9zm\u0171ves <strong>adventi napt\u00e1r n\u0151knek<\/strong> sz\u00e1nt darabok nemcsak a kar\u00e1csonyi v\u00e1rakoz\u00e1st teszik k\u00fcl\u00f6nlegess\u00e9, hanem d\u00edszt\u00e1rgyk\u00e9nt is szolg\u00e1lhatnak az \u00fcnnepek ut\u00e1n. Az <strong>adventi napt\u00e1r l\u00e1nyoknak<\/strong> k\u00e9sz\u00fclt v\u00e1ltozatok gyakran j\u00e1t\u00e9kos elemekkel eg\u00e9sz\u00fclnek ki.\n\n<H2 class=\"text-meska\/base-orange\"><strong>Adventi napt\u00e1r l\u00e1nyoknak<\/strong> - kisl\u00e1nyos kar\u00e1csonyi \u00e1lmok<\/H2>\n\nAz <strong>adventi napt\u00e1r l\u00e1nyoknak<\/strong> kateg\u00f3ria olyan var\u00e1zslatos darabokat tartalmaz, amelyek t\u00f6k\u00e9letesen illeszkednek a kisl\u00e1nyok \u00e1lomvil\u00e1g\u00e1ba. Ezek az <strong>adventi napt\u00e1r l\u00e1nyoknak<\/strong> k\u00e9sz\u00fclt alkot\u00e1sok gyakran pasztell sz\u00ednekkel, aranyos mot\u00edvumokkal \u00e9s j\u00e1t\u00e9kos elemekkel k\u00e9sz\u00fclnek. Az <strong>adventi napt\u00e1r l\u00e1nyoknak<\/strong> t\u00f6rt\u00e9n\u0151 tervez\u00e9sekor k\u00fcl\u00f6n\u00f6s figyelmet ford\u00edtanak a r\u00e9szletekre \u00e9s a min\u0151s\u00e9gre, hogy minden egyes nap meglepet\u00e9st hozzon. A <strong>adventi napt\u00e1r l\u00e1nyoknak<\/strong> sz\u00e1nt darabok nemcsak sz\u00f3rakoztatnak, hanem fejlesztik a v\u00e1rakoz\u00e1s \u00f6r\u00f6m\u00e9t \u00e9s a t\u00fcrelem er\u00e9ny\u00e9t is.\n\n<H2 class=\"text-meska\/base-orange\"><strong>Adventi napt\u00e1r \u00f6tlet<\/strong> - kreat\u00edv inspir\u00e1ci\u00f3k<\/H2>\n\nAz <strong>adventi napt\u00e1r \u00f6tlet<\/strong> kateg\u00f3ria olyan inspir\u00e1ci\u00f3s forr\u00e1st ny\u00fajt, amely seg\u00edt megtal\u00e1lni a t\u00f6k\u00e9letes kar\u00e1csonyi megold\u00e1st. A k\u00fcl\u00f6nf\u00e9le <strong>adventi napt\u00e1r \u00f6tlet<\/strong> vari\u00e1ci\u00f3k k\u00f6z\u00fcl mindenki kiv\u00e1laszthatja a csal\u00e1dj\u00e1hoz, otthon\u00e1hoz \u00e9s \u00edzl\u00e9s\u00e9hez legink\u00e1bb ill\u0151 darabot. Az <strong>adventi napt\u00e1r \u00f6tlet<\/strong> gy\u0171jtem\u00e9nyben megtal\u00e1lhat\u00f3k a hagyom\u00e1nyos \u00e9s modern megk\u00f6zel\u00edt\u00e9sek egyar\u00e1nt. A <strong>adventi napt\u00e1r \u00f6tletek<\/strong> seg\u00edts\u00e9g\u00e9vel ak\u00e1r szem\u00e9lyre szabott megold\u00e1s is k\u00e9sz\u00edthet\u0151, amely t\u00fckr\u00f6zi a csal\u00e1d egyedi karakter\u00e9t \u00e9s hagyom\u00e1nyait.\n\nA Meska adventi napt\u00e1r kateg\u00f3ri\u00e1j\u00e1ban minden darab egyedi t\u00f6rt\u00e9netet mes\u00e9l, amely a k\u00e9sz\u00edt\u0151 k\u00e9zm\u0171ves szeretet\u00e9t \u00e9s a kar\u00e1csonyi \u00fcnnep szellem\u00e9t t\u00fckr\u00f6zi. V\u00e1lassz a hagyom\u00e1nyos \u00e9s modern <strong>adventi napt\u00e1r<\/strong> alkot\u00e1sok gazdag k\u00edn\u00e1lat\u00e1b\u00f3l, \u00e9s fedezd fel, milyen m\u00e9ly \u00f6r\u00f6m\u00f6t hozhatnak ezek a k\u00fcl\u00f6nleges darabok a kar\u00e1csonyi v\u00e1rakoz\u00e1s id\u0151szak\u00e1ba. Az <strong>adventi napt\u00e1r<\/strong> nemcsak a december napjait teszi k\u00fcl\u00f6nlegess\u00e9, hanem maradand\u00f3 eml\u00e9keket teremt, \u00e9s er\u0151s\u00edti a csal\u00e1di k\u00f6tel\u00e9keket. B\u00f6ng\u00e9szd a kateg\u00f3ria v\u00e1laszt\u00e9k\u00e1t, \u00e9s tal\u00e1ld meg azt az <strong>adventi napt\u00e1r<\/strong> darabot, amely t\u00f6k\u00e9letesen illeszkedik csal\u00e1dod kar\u00e1csonyi hagyom\u00e1nyaihoz. V\u00e1s\u00e1rolj most, \u00e9s tedd m\u00e9g var\u00e1zslatosabb\u00e1 a kar\u00e1csonyi v\u00e1rakoz\u00e1st!\n","metaDescription":"Fedezd fel a Meska adventi napt\u00e1r k\u00edn\u00e1lat\u00e1t! K\u00e9zzel k\u00e9sz\u00edtett adventi kalend\u00e1riumok f\u00e9rfiaknak, n\u0151knek \u00e9s gyerekeknek, izgalmas meglepet\u00e9sekkel. Gyors sz\u00e1ll\u00edt\u00e1s","metaNoIndex":true,"metaNoFollow":0,"seoFound":true,"ogImage":"https:\/\/www.meska.hu\/img\/category_seo\/320-adventi-naptar-visszaszamlalo--meska-kezmuves-piacter_AFCmg.jpg","canonicals":"https:\/\/www.meska.hu\/s\/adventi-naptar:gravirozas-pirografia\/c-320:t-796"},"breadcrumb":[{"position":1,"name":"Meska.hu","url":"https:\/\/www.meska.hu","last":false},{"position":2,"name":"Kar\u00e1csony","url":"https:\/\/www.meska.hu\/s\/karacsony:gravirozas-pirografia\/c-319:t-796","last":false},{"position":3,"name":"Adventi d\u00edszek","url":"https:\/\/www.meska.hu\/s\/adventi-diszek:gravirozas-pirografia\/c-1285:t-796","last":false},{"position":4,"name":"Adventi napt\u00e1r","url":"https:\/\/www.meska.hu\/s\/adventi-naptar:gravirozas-pirografia\/c-320:t-796","last":true}],"h1":"Adventi napt\u00e1r","url":{"url":"https:\/\/www.meska.hu\/s\/adventi-naptar:gravirozas-pirografia\/c-320:t-796","title":"Mind","_debug_":false},"_count_":45}