{"_terms_":{"phrase":"*","category_id":"615","category_ids":"615","facets":"n","p":"1","pp":"100","sort_by":"create_date","sort_direction":"desc","product_type":"kezmuves|alapanyag|vintage","session_id":"ps5mfh28f73dpclslkskijdm5v"},"total":0,"products":[],"canonicals":{"canonical":"https:\/\/www.meska.hu\/s\/fedolakk\/c-615"},"seo":{"title":"Fed\u0151lakk, dekorlakk - Meska k\u00e9zm\u0171ves piact\u00e9r","seoTitle":"Fed\u0151lakk, dekorlakk","seoDescription":"A kreat\u00edv hobbik \u00e9s DIY projektek t\u00f6k\u00e9letes befejez\u00e9s\u00e9hez a <strong>fed\u0151lakk<\/strong> n\u00e9lk\u00fcl\u00f6zhetetlen eszk\u00f6z. Nemcsak a k\u00e9sz alkot\u00e1s tart\u00f3ss\u00e1g\u00e1t n\u00f6veli, hanem eszt\u00e9tikailag is kiemeli annak sz\u00e9ps\u00e9g\u00e9t. A Mesk\u00e1n el\u00e9rhet\u0151 <strong>dekorlakk<\/strong> \u00e9s <strong>dekor lakk spray<\/strong> term\u00e9kek k\u00f6z\u00f6tt megtal\u00e1lhatod azt, ami legink\u00e1bb illik a projektedhez, legyen az fa, f\u00e9m, \u00fcveg vagy b\u00e1rmilyen m\u00e1s anyag.\n\n<H2 class=\"text-meska\/base-orange\"><strong>Fed\u0151 lakk<\/strong> \u2013 Az alkot\u00e1sok utols\u00f3 sim\u00edt\u00e1sa<\/H2>\nA <strong>fed\u0151lakk<\/strong> alkalmaz\u00e1s\u00e1val az alkot\u00e1said nemcsak tart\u00f3sabb\u00e1, hanem eszt\u00e9tikailag kifinomultabb\u00e1 is v\u00e1lnak. Ez a k\u00fcl\u00f6nleges term\u00e9k v\u00e9di a fel\u00fcletet a nedvess\u00e9gt\u0151l, port\u00f3l \u00e9s karcol\u00e1sokt\u00f3l, mik\u00f6zben kiemeli a sz\u00edneket \u00e9s text\u00far\u00e1kat. A Mesk\u00e1n tal\u00e1lhat\u00f3 fed\u0151lakkok k\u00f6z\u00f6tt v\u00edzb\u00e1zis\u00fa \u00e9s old\u00f3szeres v\u00e1ltozatok is el\u00e9rhet\u0151k, \u00edgy b\u00e1rmilyen anyagra k\u00f6nnyed\u00e9n haszn\u00e1lhat\u00f3k. Ide\u00e1lis v\u00e1laszt\u00e1s festett t\u00e1rgyak, b\u00fatorok \u00e9s k\u00e9zm\u0171ves dekor\u00e1ci\u00f3k befejez\u00e9s\u00e9hez.\n\n<H2 class=\"text-meska\/base-orange\"><strong>Dekorlakk<\/strong> a kreat\u00edv hobbikhoz<\/H2>\nA <strong>dekorlakk<\/strong> a k\u00e9zm\u0171vesked\u0151k egyik kedvenc eszk\u00f6ze, hiszen seg\u00edts\u00e9g\u00e9vel a k\u00e9sz alkot\u00e1sok nemcsak ellen\u00e1ll\u00f3bb\u00e1 v\u00e1lnak, hanem k\u00fcl\u00f6nleges f\u00e9nyhat\u00e1st is kapnak. Legyen sz\u00f3 matt, selyemf\u00e9ny\u0171 vagy magas f\u00e9ny\u0171 v\u00e9geredm\u00e9nyr\u0151l, a dekorlakk minden ig\u00e9nyt kiel\u00e9g\u00edt. A <strong>dekor lakk spray<\/strong> k\u00fcl\u00f6n\u00f6sen praktikus, ha nagyobb fel\u00fcleteket szeretn\u00e9l gyorsan \u00e9s egyenletesen lefedni. Ez a megold\u00e1s ide\u00e1lis, ha id\u0151takar\u00e9kos \u00e9s prec\u00edz munk\u00e1t szeretn\u00e9l v\u00e9gezni.\n\n<H2 class=\"text-meska\/base-orange\"><strong>Dekor lakk spray<\/strong> \u2013 Gyors \u00e9s egyszer\u0171 alkalmaz\u00e1s<\/H2>\nA <strong>dekor lakk spray<\/strong> alkalmaz\u00e1sa rendk\u00edv\u00fcl egyszer\u0171, \u00edgy kezd\u0151k \u00e9s tapasztalt k\u00e9zm\u0171vesek sz\u00e1m\u00e1ra egyar\u00e1nt ide\u00e1lis. Ez a term\u00e9k t\u00f6k\u00e9letes megold\u00e1st ny\u00fajt, ha egyenletes fed\u00e9st szeretn\u00e9l el\u00e9rni, \u00e9s nem szeretn\u00e9l ecsettel dolgozni. A spray gyors sz\u00e1rad\u00e1si ideje \u00e9s k\u00f6nny\u0171 haszn\u00e1lata miatt az alkot\u00e1said gyorsan elk\u00e9sz\u00fclnek, ugyanakkor tart\u00f3s \u00e9s profi hat\u00e1st keltenek.\n\n<H2 class=\"text-meska\/base-orange\"><strong>Fed\u0151lakkok minden alapanyaghoz<\/strong><\/H2>\nA Mesk\u00e1n el\u00e9rhet\u0151 fed\u0151lakkok sz\u00e9les v\u00e1laszt\u00e9ka garant\u00e1lja, hogy b\u00e1rmilyen alapanyaghoz megtal\u00e1lod a megfelel\u0151 term\u00e9ket. A fafel\u00fcletekhez k\u00fcl\u00f6n\u00f6sen aj\u00e1nlott matt vagy f\u00e9nyes lakkr\u00e9teg, amely kiemeli a fa term\u00e9szetes sz\u00e9ps\u00e9g\u00e9t, m\u00edg a f\u00e9m vagy \u00fcveg alapanyagokhoz speci\u00e1lis lakkokat tal\u00e1lsz, amelyek megakad\u00e1lyozz\u00e1k a rozsd\u00e1sod\u00e1st vagy repedez\u00e9st. Ezek a lakkok nemcsak v\u00e9dik az alkot\u00e1saidat, hanem lehet\u0151v\u00e9 teszik, hogy az eszt\u00e9tikai megjelen\u00e9s\u00fcket is a lehet\u0151 legjobban kihaszn\u00e1ld.\n\nA <strong>fed\u0151lakk<\/strong> \u00e9s <strong>dekorlakk<\/strong> haszn\u00e1lat\u00e1val garant\u00e1ltan professzion\u00e1lis megjelen\u00e9st biztos\u00edthatsz alkot\u00e1saidnak, mik\u00f6zben v\u00e9delmet ny\u00fajtasz sz\u00e1mukra. Fedezd fel a Mesk\u00e1n el\u00e9rhet\u0151 k\u00edn\u00e1latot, \u00e9s v\u00e1laszd ki a projektedhez legink\u00e1bb ill\u0151 term\u00e9ket!","metaDescription":"V\u00e1s\u00e1rolj min\u0151s\u00e9gi fed\u0151lakkot \u00e9s dekor lakk spray-t a Mesk\u00e1n! Tart\u00f3s v\u00e9delem \u00e9s eszt\u00e9tikus megjelen\u00e9s DIY projektjeidhez, sz\u00e9les v\u00e1laszt\u00e9kban el\u00e9rhet\u0151.","descriptionSchema":null,"metaNoIndex":0,"metaNoFollow":0,"seoFound":true,"canonicals":"https:\/\/www.meska.hu\/s\/fedolakk\/c-615"},"breadcrumb":[{"position":1,"name":"Meska.hu","url":"https:\/\/www.meska.hu","last":false},{"position":2,"name":"Kell\u00e9kek & szersz\u00e1mok","url":"https:\/\/www.meska.hu\/s\/kellekek-szerszamok\/c-1544","last":false},{"position":3,"name":"Lakk","url":"https:\/\/www.meska.hu\/s\/lakk\/c-613","last":false},{"position":4,"name":"Fed\u0151lakk","url":"https:\/\/www.meska.hu\/s\/fedolakk\/c-615","last":true}],"h1":"Fed\u0151lakk","url":{"url":"https:\/\/www.meska.hu\/s\/fedolakk\/c-615","title":"Mind","_debug_":false},"_count_":0}