{"_terms_":{"phrase":"*","category_id":"358","category_ids":"358","facets":"n","p":"1","pp":"100","sort_by":"create_date","sort_direction":"desc","product_type":"kezmuves|alapanyag|vintage","session_id":"mjbr08p9i19a4i4no1blaeh4lo"},"total":4878,"products":[{"id":"6325186","shop_id":"49708","user_id":"735076","shop_name":"Chromorart","shop_zip":"1119","product_code":"5848586","product_name_old":null,"product_name":"Balaton \u2013 K\u00e9zzel festett ov\u00e1lis v\u00e1szonm\u00e1gnes","category_string":"M\u0171v\u00e9szet, Festm\u00e9ny, Akril","technic_string":"Fest\u00e9szet","category_1":"357","category_2":"358","category_3":"359","category_4":"0","merged_category_1":null,"merged_category_2":null,"merged_category_3":null,"technic_1":"480","technic_2":"0","technic_3":"0","color_1":"519","color_2":"521","color_3":"523","product_description_old":null,"product_description":"Saj\u00e1t \u00f6tlet alapj\u00e1n k\u00e9sz\u00edtett, k\u00e9zzel festett ov\u00e1lis miniat\u0171r akrilfestm\u00e9ny m\u00e1gneses h\u00e1toldal\u00fa v\u00e1sznon.\n\n7,5 x 5 cm-es akrillal festve. ","price":"3220.00","unit":"db","recommended":"0","status":"1","sponsored":"0","exp_notify":"0","own_material":"0","own_material_description_old":null,"own_material_description":"","jury":"0","jury_number":"","product_nature":"","meskaracsony":"0","create_date":"2026-08-13 09:46:35","shelve_id":"84184","image":"chromorart_product_735076_260813093721_033491.jpeg","image_width":"480","image_height":"324","image_alt":"Balaton \u2013 K\u00e9zzel festett ov\u00e1lis v\u00e1szonm\u00e1gnes, Saj\u00e1t \u00f6tlet alapj\u00e1n k\u00e9sz\u00edtett, k\u00e9zzel festett ov\u00e1lis miniat\u0171r akrilfestm\u00e9ny m\u00e1gneses h\u00e1toldal\u00fa v\u00e1szn..., Meska","image_title":"Balaton \u2013 K\u00e9zzel festett ov\u00e1lis v\u00e1szonm\u00e1gnes, Meska","view_count":"79","favourite_count":"0","trending_score":"0","last2MonthFavouriteCount":"0","promotion":"0","giftcard_accept":"0","creditcard_accept":true,"enhanced_background":"0","domain":"meska","specific_customer_id":null,"specific_customer_name":null,"to_order_product":"0","to_order_product_time":"0","product_different":null,"product_different_description":"","vintage":"0","vintage_category_id":"0","recycled":"0","gemstone_id":"0","customizable":"0","type_category":"physical","zerowaste":"0","postage_price":"2599.00","shop_order":"0","has_category":"1","landing_pages":null,"microdata":{"number":1,"category":""},"title":"Balaton \u2013 K\u00e9zzel festett ov\u00e1lis v\u00e1szonm\u00e1gnes","description":"Saj\u00e1t \u00f6tlet alapj\u00e1n k\u00e9sz\u00edtett, k\u00e9zzel festett ov\u00e1lis miniat\u0171r akrilfestm\u00e9ny m\u00e1gneses h\u00e1toldal\u00fa v\u00e1sznon.\n\n7,5 x 5 cm-es akrillal festve. ","score":0,"formatted_price":"3 220 Ft","image_url":"https:\/\/www.meska.hu\/img\/product\/small\/c\/h\/chromorart_product_735076_260813093721_033491.jpeg","formatted_url":"https:\/\/www.meska.hu\/p5848586-balaton-kezzel-festett-ovalis-vaszonmagnes","favourite":false,"in_stock":true,"avatar":"735076_avatar_1771954232.jpeg","delete_from":0,"is_enhanced_background":false,"is_enhanced":true,"enhanced_ribbon":"<img src=\"\/images\/brightness_brighter_20x20.png\" style=\"position: absolute; right: 13px; top: 7px;\">","enhanced_key":0,"is_key_2":false,"is_key_3":false,"is_key_4":false,"product_selection_started":false,"is_active":true,"image_webp_url":"https:\/\/www.meska.hu\/img\/product\/small\/c\/h\/chromorart_product_735076_260813093721_033491.webp"},{"id":"6348137","shop_id":"49708","user_id":"735076","shop_name":"Chromorart","shop_zip":"1119","product_code":"5861823","product_name_old":null,"product_name":"Tejsz\u00ednes k\u00e1v\u00e9kr\u00e9m \u2013 K\u00e9zzel festett egyedi kulcstart\u00f3, t\u00e1skad\u00edsz","category_string":"M\u0171v\u00e9szet, Festm\u00e9ny, Akril","technic_string":"Fest\u00e9szet","category_1":"357","category_2":"358","category_3":"359","category_4":"0","merged_category_1":null,"merged_category_2":null,"merged_category_3":null,"technic_1":"480","technic_2":"0","technic_3":"0","color_1":"514","color_2":"519","color_3":"533","product_description_old":null,"product_description":"Saj\u00e1t \u00f6tlet alapj\u00e1n k\u00e9sz\u00edtett, absztrakt st\u00edlus\u00fa, k\u00e9zzel festett miniat\u0171r akrilfestm\u00e9ny fa alapon. Kedvenc r\u00e9szem a k\u00e1v\u00e9ban az a pillanat, amikor a l\u00e1gy kr\u00e9m \u00e9s a selymes tejhab elkeveredik a forr\u00f3 feket\u00e9vel. Ezt a hangulatot \u00e9s mint\u00e1t festettem meg ezen a kulcstart\u00f3n.\n\n3,5 cm-es akrillal k\u00e9sz\u00fclt festm\u00e9ny, fa alapra. Hozz\u00e1 tartozik egy kulcskarika is, ami 1 cm-es.","price":"2850.00","unit":"db","recommended":"0","status":"1","sponsored":"0","exp_notify":"0","own_material":"0","own_material_description_old":null,"own_material_description":"","jury":"0","jury_number":"","product_nature":"","meskaracsony":"0","create_date":"2026-08-30 20:13:10","shelve_id":"0","image":"chromorart_product_735076_260830200522_814380.jpeg","image_width":"480","image_height":"370","image_alt":"Tejsz\u00ednes k\u00e1v\u00e9kr\u00e9m \u2013 K\u00e9zzel festett egyedi kulcstart\u00f3, t\u00e1skad\u00edsz, Saj\u00e1t \u00f6tlet alapj\u00e1n k\u00e9sz\u00edtett, absztrakt st\u00edlus\u00fa, k\u00e9zzel festett miniat\u0171r akrilfestm\u00e9ny fa alapon. K..., Meska","image_title":"Tejsz\u00ednes k\u00e1v\u00e9kr\u00e9m \u2013 K\u00e9zzel festett egyedi kulcstart\u00f3, t\u00e1skad\u00edsz, Meska","view_count":"30","favourite_count":"0","trending_score":"0","last2MonthFavouriteCount":"0","promotion":"0","giftcard_accept":"0","creditcard_accept":true,"enhanced_background":"0","domain":"meska","specific_customer_id":null,"specific_customer_name":null,"to_order_product":"0","to_order_product_time":"0","product_different":null,"product_different_description":"","vintage":"0","vintage_category_id":"0","recycled":"0","gemstone_id":"0","customizable":"0","type_category":"physical","zerowaste":"0","postage_price":"2599.00","shop_order":"0","has_category":"1","landing_pages":null,"microdata":{"number":2,"category":""},"title":"Tejsz\u00ednes k\u00e1v\u00e9kr\u00e9m \u2013 K\u00e9zzel festett egyedi kulcstart\u00f3, t\u00e1skad\u00edsz","description":"Saj\u00e1t \u00f6tlet alapj\u00e1n k\u00e9sz\u00edtett, absztrakt st\u00edlus\u00fa, k\u00e9zzel festett miniat\u0171r akrilfestm\u00e9ny fa alapon. Kedvenc r\u00e9szem a k\u00e1v\u00e9ban az a pillanat, amikor a l\u00e1gy kr\u00e9m \u00e9s a selymes tejhab elkeveredik a forr\u00f3 feket\u00e9vel. Ezt a hangulatot \u00e9s mint\u00e1t festettem meg ezen a kulcstart\u00f3n.\n\n3,5 cm-es akrillal k\u00e9sz\u00fclt festm\u00e9ny, fa alapra. Hozz\u00e1 tartozik egy kulcskarika is, ami 1 cm-es.","score":0,"formatted_price":"2 850 Ft","image_url":"https:\/\/www.meska.hu\/img\/product\/small\/c\/h\/chromorart_product_735076_260830200522_814380.jpeg","formatted_url":"https:\/\/www.meska.hu\/p5861823-tejszines-kavekrem-kezzel-festett-egyedi-kulcstarto-taskadisz","favourite":false,"in_stock":true,"avatar":"735076_avatar_1771954232.jpeg","delete_from":0,"is_enhanced_background":false,"is_enhanced":true,"enhanced_ribbon":"<img src=\"\/images\/brightness_brighter_20x20.png\" style=\"position: absolute; right: 13px; top: 7px;\">","enhanced_key":1,"is_key_2":false,"is_key_3":false,"is_key_4":false,"product_selection_started":false,"is_active":true,"image_webp_url":"https:\/\/www.meska.hu\/img\/product\/small\/c\/h\/chromorart_product_735076_260830200522_814380.webp"},{"id":"6348060","shop_id":"49708","user_id":"735076","shop_name":"Chromorart","shop_zip":"1119","product_code":"5861760","product_name_old":null,"product_name":"Kozmikus karc \u2013 K\u00e9zzel festett egyedi kulcstart\u00f3, t\u00e1skad\u00edsz","category_string":"M\u0171v\u00e9szet, Festm\u00e9ny, Akril","technic_string":"Fest\u00e9szet","category_1":"357","category_2":"358","category_3":"359","category_4":"0","merged_category_1":null,"merged_category_2":null,"merged_category_3":null,"technic_1":"480","technic_2":"0","technic_3":"0","color_1":"521","color_2":"523","color_3":"526","product_description_old":null,"product_description":"Saj\u00e1t \u00f6tlet alapj\u00e1n k\u00e9sz\u00edtett, absztrakt st\u00edlus\u00fa, k\u00e9zzel festett miniat\u0171r akrilfestm\u00e9ny fa alapon, sz\u00e1momra olyan, mintha megkarcoltam volna, mik\u00f6zben r\u00e1\u00e9p\u00edtettem a karcol\u00e1sokat val\u00f3s\u00e1gban. \n\n5 cm-es akrillal k\u00e9sz\u00fclt festm\u00e9ny, fa alapra. Hozz\u00e1 tartozik egy kulcskarika is, ami 1 cm-es.","price":"2850.00","unit":"db","recommended":"0","status":"1","sponsored":"0","exp_notify":"0","own_material":"0","own_material_description_old":null,"own_material_description":"","jury":"0","jury_number":"","product_nature":"","meskaracsony":"0","create_date":"2026-08-30 20:04:02","shelve_id":"0","image":"chromorart_product_735076_260830195404_628379.jpeg","image_width":"480","image_height":"491","image_alt":"Kozmikus karc \u2013 K\u00e9zzel festett egyedi kulcstart\u00f3, t\u00e1skad\u00edsz, Saj\u00e1t \u00f6tlet alapj\u00e1n k\u00e9sz\u00edtett, absztrakt st\u00edlus\u00fa, k\u00e9zzel festett miniat\u0171r akrilfestm\u00e9ny fa alapon, s..., Meska","image_title":"Kozmikus karc \u2013 K\u00e9zzel festett egyedi kulcstart\u00f3, t\u00e1skad\u00edsz, Meska","view_count":"29","favourite_count":"0","trending_score":"0","last2MonthFavouriteCount":"0","promotion":"0","giftcard_accept":"0","creditcard_accept":true,"enhanced_background":"0","domain":"meska","specific_customer_id":null,"specific_customer_name":null,"to_order_product":"0","to_order_product_time":"0","product_different":null,"product_different_description":"","vintage":"0","vintage_category_id":"0","recycled":"0","gemstone_id":"0","customizable":"0","type_category":"physical","zerowaste":"0","postage_price":"2599.00","shop_order":"0","has_category":"1","landing_pages":null,"microdata":{"number":3,"category":""},"title":"Kozmikus karc \u2013 K\u00e9zzel festett egyedi kulcstart\u00f3, t\u00e1skad\u00edsz","description":"Saj\u00e1t \u00f6tlet alapj\u00e1n k\u00e9sz\u00edtett, absztrakt st\u00edlus\u00fa, k\u00e9zzel festett miniat\u0171r akrilfestm\u00e9ny fa alapon, sz\u00e1momra olyan, mintha megkarcoltam volna, mik\u00f6zben r\u00e1\u00e9p\u00edtettem a karcol\u00e1sokat val\u00f3s\u00e1gban. \n\n5 cm-es akrillal k\u00e9sz\u00fclt festm\u00e9ny, fa alapra. Hozz\u00e1 tartozik egy kulcskarika is, ami 1 cm-es.","score":0,"formatted_price":"2 850 Ft","image_url":"https:\/\/www.meska.hu\/img\/product\/small\/c\/h\/chromorart_product_735076_260830195404_628379.jpeg","formatted_url":"https:\/\/www.meska.hu\/p5861760-kozmikus-karc-kezzel-festett-egyedi-kulcstarto-taskadisz","favourite":false,"in_stock":true,"avatar":"735076_avatar_1771954232.jpeg","delete_from":0,"is_enhanced_background":false,"is_enhanced":true,"enhanced_ribbon":"<img src=\"\/images\/brightness_brighter_20x20.png\" style=\"position: absolute; right: 13px; top: 7px;\">","enhanced_key":2,"is_key_2":true,"is_key_3":false,"is_key_4":false,"product_selection_started":false,"is_active":true,"image_webp_url":"https:\/\/www.meska.hu\/img\/product\/small\/c\/h\/chromorart_product_735076_260830195404_628379.webp"},{"id":"6336678","shop_id":"53700","user_id":"814034","shop_name":"Zenart","shop_zip":"2440","product_code":"5852690","product_name_old":null,"product_name":"Absztrakt Asztali Csend\u00e9let","category_string":"M\u0171v\u00e9szet, Festm\u00e9ny, Akril","technic_string":"Fest\u00e9szet","category_1":"357","category_2":"358","category_3":"359","category_4":"0","merged_category_1":null,"merged_category_2":null,"merged_category_3":null,"technic_1":"480","technic_2":"0","technic_3":"0","color_1":"514","color_2":"521","color_3":"526","product_description_old":null,"product_description":"Akril, v\u00e1szon. M\u00e9retek: 70x100 cm, vastags\u00e1g 1.5 cm.\nA h\u00e1rom darab s\u00e1rga vir\u00e1g szirom pluszba h\u00edmz\u0151fon\u00e1llal van dekor\u00e1lva.\nM\u00e9rete miatt szem\u00e9lyes \u00e1tv\u00e9tel lehets\u00e9ges; 2440 Sz\u00e1zhalombatta vonz\u00e1sk\u00f6rzet\u00e9ben megoldhat\u00f3\n\nK\u00e9rd\u00e9s eset\u00e9n keressen bizalommal!","price":"40000.00","unit":"db","recommended":"0","status":"1","sponsored":"0","exp_notify":"0","own_material":"0","own_material_description_old":null,"own_material_description":"","jury":"0","jury_number":"","product_nature":"","meskaracsony":"0","create_date":"2026-08-26 10:12:09","shelve_id":"0","image":"zenart_product_814034_260826100713_630184.jpeg","image_width":"480","image_height":"640","image_alt":"Absztrakt Asztali Csend\u00e9let, Akril, v\u00e1szon. M\u00e9retek: 70x100 cm, vastags\u00e1g 1.5 cm.\\nA h\u00e1rom darab s\u00e1rga vir\u00e1g szirom pluszba h\u00edmz\u0151f..., Meska","image_title":"Absztrakt Asztali Csend\u00e9let, Meska","view_count":"42","favourite_count":"0","trending_score":"0","last2MonthFavouriteCount":"0","promotion":"0","giftcard_accept":"0","creditcard_accept":true,"enhanced_background":"0","domain":"meska","specific_customer_id":null,"specific_customer_name":null,"to_order_product":"0","to_order_product_time":"0","product_different":null,"product_different_description":"","vintage":"0","vintage_category_id":"0","recycled":"0","gemstone_id":"0","customizable":"0","type_category":"physical","zerowaste":"0","postage_price":"0.00","shop_order":"0","has_category":"1","landing_pages":null,"microdata":{"number":4,"category":""},"title":"Absztrakt Asztali Csend\u00e9let","description":"Akril, v\u00e1szon. M\u00e9retek: 70x100 cm, vastags\u00e1g 1.5 cm.\nA h\u00e1rom darab s\u00e1rga vir\u00e1g szirom pluszba h\u00edmz\u0151fon\u00e1llal van dekor\u00e1lva.\nM\u00e9rete miatt szem\u00e9lyes \u00e1tv\u00e9tel lehets\u00e9ges; 2440 Sz\u00e1zhalombatta vonz\u00e1sk\u00f6rzet\u00e9ben megoldhat\u00f3\n\nK\u00e9rd\u00e9s eset\u00e9n keressen bizalommal!","score":0,"formatted_price":"40 000 Ft","image_url":"https:\/\/www.meska.hu\/img\/product\/small\/z\/e\/zenart_product_814034_260826100713_630184.jpeg","formatted_url":"https:\/\/www.meska.hu\/p5852690-absztrakt-asztali-csendelet","favourite":false,"in_stock":true,"avatar":"814034_avatar_1787214235.jpeg","delete_from":0,"is_enhanced_background":false,"is_enhanced":true,"enhanced_ribbon":"<img src=\"\/images\/brightness_brighter_20x20.png\" style=\"position: absolute; right: 13px; top: 7px;\">","enhanced_key":3,"is_key_2":false,"is_key_3":true,"is_key_4":false,"product_selection_started":false,"is_active":true,"image_webp_url":"https:\/\/www.meska.hu\/img\/product\/small\/z\/e\/zenart_product_814034_260826100713_630184.webp"},{"id":"5790202","shop_id":"38284","user_id":"518552","shop_name":"EstherArt","shop_zip":"6723","product_code":"5551412","product_name_old":null,"product_name":"Akvarell festm\u00e9ny - 3D (2025.)","category_string":"M\u0171v\u00e9szet, Festm\u00e9ny, Akvarell","technic_string":"Fest\u00e9szet","category_1":"357","category_2":"358","category_3":"360","category_4":"0","merged_category_1":null,"merged_category_2":null,"merged_category_3":null,"technic_1":"480","technic_2":"0","technic_3":"0","color_1":"512","color_2":"520","color_3":"521","product_description_old":null,"product_description":"Akvarell fest\u00e9kkel k\u00e9sz\u00fclt egyedi illusztr\u00e1ci\u00f3, k\u00e9zzel festett nem print.\nKedves aj\u00e1nd\u00e9k \u00f6tlet b\u00e1rkinek aki szeret egyedi, k\u00e9zzel k\u00e9sz\u00fclt aj\u00e1nd\u00e9kot adni, de ak\u00e1r az \u00f6n otthona d\u00edsze is lehet. \n\nM\u00e9ret: 42*30 cm. \nKiv\u00e1l\u00f3 min\u0151s\u00e9g\u0171 Burano fekete kartonra (500 gr.) met\u00e1l f\u00e9ny\u0171, csillog\u00f3 akvarell fest\u00e9kkel, ecsettel k\u00e9sz\u00fclt \u00e9s met\u00e1l akril tracing tollal k\u00e9sz\u00fclt 3D hat\u00e1s\u00fa k\u00e9p.\n\nAz \u00e1r a k\u00e9pre vonatkozik (keret, paszpartu nincs hozz\u00e1).\n\nGondosan csomagolva k\u00fcld\u00f6m, nem s\u00e9r\u00fcl. \nSzem\u00e9lyes \u00e1tv\u00e9tel Szegeden lehets\u00e9ges. \u00dczenetben egyeztetj\u00fck a r\u00e9szleteket, keressen b\u00e1tran! \nMinden jog fenntartva!","price":"15000.00","unit":"db","recommended":"0","status":"1","sponsored":"0","exp_notify":"0","own_material":"0","own_material_description_old":null,"own_material_description":"","jury":"0","jury_number":"","product_nature":"","meskaracsony":"0","create_date":"2026-09-05 15:35:35","shelve_id":"80142","image":"estherart_product_518552_250513084732_904679.jpeg","image_width":"480","image_height":"480","image_alt":"Akvarell festm\u00e9ny - 3D (2025.), Akvarell fest\u00e9kkel k\u00e9sz\u00fclt egyedi illusztr\u00e1ci\u00f3, k\u00e9zzel festett nem print.\\nKedves aj\u00e1nd\u00e9k \u00f6tlet b\u00e1rki..., Meska","image_title":"Akvarell festm\u00e9ny - 3D (2025.), Meska","view_count":"351","favourite_count":"0","trending_score":"0","last2MonthFavouriteCount":"0","promotion":"0","giftcard_accept":"0","creditcard_accept":true,"enhanced_background":"0","domain":"meska","specific_customer_id":null,"specific_customer_name":null,"to_order_product":"0","to_order_product_time":"0","product_different":null,"product_different_description":"","vintage":"0","vintage_category_id":"0","recycled":"0","gemstone_id":"0","customizable":"0","type_category":"physical","zerowaste":"0","postage_price":"1290.00","shop_order":"0","has_category":"1","landing_pages":null,"microdata":{"number":1,"category":""},"title":"Akvarell festm\u00e9ny - 3D (2025.)","description":"Akvarell fest\u00e9kkel k\u00e9sz\u00fclt egyedi illusztr\u00e1ci\u00f3, k\u00e9zzel festett nem print.\nKedves aj\u00e1nd\u00e9k \u00f6tlet b\u00e1rkinek aki szeret egyedi, k\u00e9zzel k\u00e9sz\u00fclt aj\u00e1nd\u00e9kot adni, de ak\u00e1r az \u00f6n otthona d\u00edsze is lehet. \n\nM\u00e9ret: 42*30 cm. \nKiv\u00e1l\u00f3 min\u0151s\u00e9g\u0171 Burano fekete kartonra (500 gr.) met\u00e1l f\u00e9ny\u0171, csillog\u00f3 akvarell fest\u00e9kkel, ecsettel k\u00e9sz\u00fclt \u00e9s met\u00e1l akril tracing tollal k\u00e9sz\u00fclt 3D hat\u00e1s\u00fa k\u00e9p.\n\nAz \u00e1r a k\u00e9pre vonatkozik (keret, paszpartu nincs hozz\u00e1).\n\nGondosan csomagolva k\u00fcld\u00f6m, nem s\u00e9r\u00fcl. \nSzem\u00e9lyes \u00e1tv\u00e9tel Szegeden lehets\u00e9ges. \u00dczenetben egyeztetj\u00fck a r\u00e9szleteket, keressen b\u00e1tran! \nMinden jog fenntartva!","score":0,"formatted_price":"15 000 Ft","image_url":"https:\/\/www.meska.hu\/img\/product\/small\/e\/s\/estherart_product_518552_250513084732_904679.jpeg","formatted_url":"https:\/\/www.meska.hu\/p5551412-akvarell-festmeny-3d-2025","favourite":false,"in_stock":true,"avatar":"518552_avatar_1723634647.jpeg","delete_from":0,"is_enhanced_background":false,"is_enhanced":false,"product_selection_started":false,"is_active":true,"image_webp_url":"https:\/\/www.meska.hu\/img\/product\/small\/e\/s\/estherart_product_518552_250513084732_904679.webp"},{"id":"4498819","shop_id":"38284","user_id":"518552","shop_name":"EstherArt","shop_zip":"6723","product_code":"4777915","product_name_old":null,"product_name":"Akvarell - Notre Dame (2021.)","category_string":"M\u0171v\u00e9szet, Festm\u00e9ny, Akvarell","technic_string":"Fest\u00e9szet","category_1":"357","category_2":"358","category_3":"360","category_4":"0","merged_category_1":null,"merged_category_2":null,"merged_category_3":null,"technic_1":"480","technic_2":"0","technic_3":"0","color_1":"521","color_2":"529","color_3":"0","product_description_old":null,"product_description":"Akvarell, rajztoll technik\u00e1val k\u00e9sz\u00fclt egyedi illusztr\u00e1ci\u00f3, k\u00e9zzel festett nem print.\nKedves aj\u00e1nd\u00e9k \u00f6tlet b\u00e1rkinek aki szeret egyedi, k\u00e9zzel k\u00e9sz\u00fclt aj\u00e1nd\u00e9kot adni, de ak\u00e1r az \u00f6n otthona d\u00edsze is lehet. \nM\u00e9ret: A3 \nKiv\u00e1l\u00f3 min\u0151s\u00e9g\u0171 300 grammos akvarell kartonra k\u00e9sz\u00fclt. \nAz \u00e1r a k\u00e9pre vonatkozik (keret, paszpartu nincs hozz\u00e1).\nA post\u00e1z\u00e1st az \u00e1r tartalmazza. Gondosan csomagolva k\u00fcld\u00f6m, nem s\u00e9r\u00fcl. \nSzem\u00e9lyes \u00e1tv\u00e9tel Szegeden lehets\u00e9ges. \n\u00dczenetben egyeztetj\u00fck a r\u00e9szleteket, keressen b\u00e1tran! \nMinden jog fenntartva!","price":"12000.00","unit":"db","recommended":"0","status":"1","sponsored":"0","exp_notify":"0","own_material":"0","own_material_description_old":null,"own_material_description":"","jury":"0","jury_number":"","product_nature":"","meskaracsony":"0","create_date":"2026-09-05 15:35:32","shelve_id":"80135","image":"estherart_product_518552_220918185210_30670.jpeg","image_width":"480","image_height":"654","image_alt":"Akvarell - Notre Dame (2021.), Akvarell, rajztoll technik\u00e1val k\u00e9sz\u00fclt egyedi illusztr\u00e1ci\u00f3, k\u00e9zzel festett nem print.\\nKedves aj\u00e1nd\u00e9k..., Meska","image_title":"Akvarell - Notre Dame (2021.), Meska","view_count":"1241","favourite_count":"0","trending_score":"0","last2MonthFavouriteCount":"0","promotion":"0","giftcard_accept":"0","creditcard_accept":true,"enhanced_background":"0","domain":"meska","specific_customer_id":null,"specific_customer_name":null,"to_order_product":"0","to_order_product_time":"0","product_different":null,"product_different_description":"","vintage":"0","vintage_category_id":"0","recycled":"0","gemstone_id":"0","customizable":"0","type_category":"physical","zerowaste":"0","postage_price":"1290.00","shop_order":"0","has_category":"1","landing_pages":null,"microdata":{"number":2,"category":""},"title":"Akvarell - Notre Dame (2021.)","description":"Akvarell, rajztoll technik\u00e1val k\u00e9sz\u00fclt egyedi illusztr\u00e1ci\u00f3, k\u00e9zzel festett nem print.\nKedves aj\u00e1nd\u00e9k \u00f6tlet b\u00e1rkinek aki szeret egyedi, k\u00e9zzel k\u00e9sz\u00fclt aj\u00e1nd\u00e9kot adni, de ak\u00e1r az \u00f6n otthona d\u00edsze is lehet. \nM\u00e9ret: A3 \nKiv\u00e1l\u00f3 min\u0151s\u00e9g\u0171 300 grammos akvarell kartonra k\u00e9sz\u00fclt. \nAz \u00e1r a k\u00e9pre vonatkozik (keret, paszpartu nincs hozz\u00e1).\nA post\u00e1z\u00e1st az \u00e1r tartalmazza. Gondosan csomagolva k\u00fcld\u00f6m, nem s\u00e9r\u00fcl. \nSzem\u00e9lyes \u00e1tv\u00e9tel Szegeden lehets\u00e9ges. \n\u00dczenetben egyeztetj\u00fck a r\u00e9szleteket, keressen b\u00e1tran! \nMinden jog fenntartva!","score":0,"formatted_price":"12 000 Ft","image_url":"https:\/\/www.meska.hu\/img\/product\/small\/e\/s\/estherart_product_518552_220918185210_30670.jpeg","formatted_url":"https:\/\/www.meska.hu\/p4777915-akvarell-notre-dame-2021","favourite":false,"in_stock":true,"avatar":"518552_avatar_1723634647.jpeg","delete_from":0,"is_enhanced_background":false,"is_enhanced":false,"product_selection_started":false,"is_active":true,"image_webp_url":"https:\/\/www.meska.hu\/img\/product\/small\/e\/s\/estherart_product_518552_220918185210_30670.webp"},{"id":"5790203","shop_id":"38284","user_id":"518552","shop_name":"EstherArt","shop_zip":"6723","product_code":"5551413","product_name_old":null,"product_name":"Akvarell festm\u00e9ny - 3D (2025.)","category_string":"M\u0171v\u00e9szet, Festm\u00e9ny, Akvarell","technic_string":"Fest\u00e9szet","category_1":"357","category_2":"358","category_3":"360","category_4":"0","merged_category_1":null,"merged_category_2":null,"merged_category_3":null,"technic_1":"480","technic_2":"0","technic_3":"0","color_1":"512","color_2":"520","color_3":"521","product_description_old":null,"product_description":"Akvarell fest\u00e9kkel k\u00e9sz\u00fclt egyedi illusztr\u00e1ci\u00f3, k\u00e9zzel festett nem print.\nKedves aj\u00e1nd\u00e9k \u00f6tlet b\u00e1rkinek aki szeret egyedi, k\u00e9zzel k\u00e9sz\u00fclt aj\u00e1nd\u00e9kot adni, de ak\u00e1r az \u00f6n otthona d\u00edsze is lehet. \n\nM\u00e9ret: 42*30 cm. \nKiv\u00e1l\u00f3 min\u0151s\u00e9g\u0171 Burano fekete kartonra (500 gr.) met\u00e1l f\u00e9ny\u0171, csillog\u00f3 akvarell fest\u00e9kkel, ecsettel k\u00e9sz\u00fclt \u00e9s met\u00e1l akril tracing tollal k\u00e9sz\u00fclt 3D hat\u00e1s\u00fa k\u00e9p.\n\nAz \u00e1r a k\u00e9pre vonatkozik (keret, paszpartu nincs hozz\u00e1).\n\nGondosan csomagolva k\u00fcld\u00f6m, nem s\u00e9r\u00fcl. \nSzem\u00e9lyes \u00e1tv\u00e9tel Szegeden lehets\u00e9ges. \u00dczenetben egyeztetj\u00fck a r\u00e9szleteket, keressen b\u00e1tran! \nMinden jog fenntartva!","price":"15000.00","unit":"db","recommended":"0","status":"1","sponsored":"0","exp_notify":"0","own_material":"0","own_material_description_old":null,"own_material_description":"","jury":"0","jury_number":"","product_nature":"","meskaracsony":"0","create_date":"2026-09-05 15:35:30","shelve_id":"80142","image":"estherart_product_518552_250513085012_963561.jpeg","image_width":"480","image_height":"480","image_alt":"Akvarell festm\u00e9ny - 3D (2025.), Akvarell fest\u00e9kkel k\u00e9sz\u00fclt egyedi illusztr\u00e1ci\u00f3, k\u00e9zzel festett nem print.\\nKedves aj\u00e1nd\u00e9k \u00f6tlet b\u00e1rki..., Meska","image_title":"Akvarell festm\u00e9ny - 3D (2025.), Meska","view_count":"358","favourite_count":"0","trending_score":"0","last2MonthFavouriteCount":"0","promotion":"0","giftcard_accept":"0","creditcard_accept":true,"enhanced_background":"0","domain":"meska","specific_customer_id":null,"specific_customer_name":null,"to_order_product":"0","to_order_product_time":"0","product_different":null,"product_different_description":"","vintage":"0","vintage_category_id":"0","recycled":"0","gemstone_id":"0","customizable":"0","type_category":"physical","zerowaste":"0","postage_price":"1290.00","shop_order":"0","has_category":"1","landing_pages":null,"microdata":{"number":3,"category":""},"title":"Akvarell festm\u00e9ny - 3D (2025.)","description":"Akvarell fest\u00e9kkel k\u00e9sz\u00fclt egyedi illusztr\u00e1ci\u00f3, k\u00e9zzel festett nem print.\nKedves aj\u00e1nd\u00e9k \u00f6tlet b\u00e1rkinek aki szeret egyedi, k\u00e9zzel k\u00e9sz\u00fclt aj\u00e1nd\u00e9kot adni, de ak\u00e1r az \u00f6n otthona d\u00edsze is lehet. \n\nM\u00e9ret: 42*30 cm. \nKiv\u00e1l\u00f3 min\u0151s\u00e9g\u0171 Burano fekete kartonra (500 gr.) met\u00e1l f\u00e9ny\u0171, csillog\u00f3 akvarell fest\u00e9kkel, ecsettel k\u00e9sz\u00fclt \u00e9s met\u00e1l akril tracing tollal k\u00e9sz\u00fclt 3D hat\u00e1s\u00fa k\u00e9p.\n\nAz \u00e1r a k\u00e9pre vonatkozik (keret, paszpartu nincs hozz\u00e1).\n\nGondosan csomagolva k\u00fcld\u00f6m, nem s\u00e9r\u00fcl. \nSzem\u00e9lyes \u00e1tv\u00e9tel Szegeden lehets\u00e9ges. \u00dczenetben egyeztetj\u00fck a r\u00e9szleteket, keressen b\u00e1tran! \nMinden jog fenntartva!","score":0,"formatted_price":"15 000 Ft","image_url":"https:\/\/www.meska.hu\/img\/product\/small\/e\/s\/estherart_product_518552_250513085012_963561.jpeg","formatted_url":"https:\/\/www.meska.hu\/p5551413-akvarell-festmeny-3d-2025","favourite":false,"in_stock":true,"avatar":"518552_avatar_1723634647.jpeg","delete_from":0,"is_enhanced_background":false,"is_enhanced":false,"product_selection_started":false,"is_active":true,"image_webp_url":"https:\/\/www.meska.hu\/img\/product\/small\/e\/s\/estherart_product_518552_250513085012_963561.webp"},{"id":"6354819","shop_id":"19303","user_id":"182513","shop_name":"festmenyfestmeny","shop_zip":"2760","product_code":"5865323","product_name_old":null,"product_name":"Tihany partjain\u00e1l c. Balaton olajfestm\u00e9ny","category_string":"M\u0171v\u00e9szet, Festm\u00e9ny, Olajfestm\u00e9ny","technic_string":"Fest\u00e9szet","category_1":"357","category_2":"358","category_3":"361","category_4":"0","merged_category_1":null,"merged_category_2":null,"merged_category_3":null,"technic_1":"480","technic_2":"0","technic_3":"0","color_1":"519","color_2":"521","color_3":"529","product_description_old":null,"product_description":"Kedves \u00c9rdekl\u0151d\u0151 !\n\n- Festm\u00e9ny m\u00e9rete 50x23cm + 3cm t\u00f6m\u00f6r fa kerettel\n\n- Olaj-farost technika\n\nPapp T\u00fcnde kort\u00e1rs ( 1978-)","price":"24000.00","unit":"db","recommended":"0","status":"1","sponsored":"0","exp_notify":"0","own_material":"0","own_material_description_old":null,"own_material_description":"","jury":"0","jury_number":"","product_nature":"","meskaracsony":"0","create_date":"2026-09-05 13:02:47","shelve_id":"0","image":"festmenyfestmeny_product_182513_260905125901_105597.png","image_width":"480","image_height":"246","image_alt":"Tihany partjain\u00e1l c. Balaton olajfestm\u00e9ny, Kedves \u00c9rdekl\u0151d\u0151 !\\n\\n- Festm\u00e9ny m\u00e9rete 50x23cm + 3cm t\u00f6m\u00f6r fa kerettel\\n\\n- Olaj-farost technika\\n\\nPapp ..., Meska","image_title":"Tihany partjain\u00e1l c. Balaton olajfestm\u00e9ny, Meska","view_count":"10","favourite_count":"1","trending_score":"0","last2MonthFavouriteCount":"1","promotion":"0","giftcard_accept":"1","creditcard_accept":false,"enhanced_background":"0","domain":"meska","specific_customer_id":null,"specific_customer_name":null,"to_order_product":"0","to_order_product_time":"0","product_different":null,"product_different_description":"","vintage":"0","vintage_category_id":"0","recycled":"0","gemstone_id":"0","customizable":"0","type_category":"physical","zerowaste":"0","postage_price":"1290.00","shop_order":"0","has_category":"1","landing_pages":null,"microdata":{"number":4,"category":""},"title":"Tihany partjain\u00e1l c. Balaton olajfestm\u00e9ny","description":"Kedves \u00c9rdekl\u0151d\u0151 !\n\n- Festm\u00e9ny m\u00e9rete 50x23cm + 3cm t\u00f6m\u00f6r fa kerettel\n\n- Olaj-farost technika\n\nPapp T\u00fcnde kort\u00e1rs ( 1978-)","score":0,"formatted_price":"24 000 Ft","image_url":"https:\/\/www.meska.hu\/img\/product\/small\/f\/e\/festmenyfestmeny_product_182513_260905125901_105597.png","formatted_url":"https:\/\/www.meska.hu\/p5865323-tihany-partjainal-c-balaton-olajfestmeny","favourite":false,"in_stock":true,"avatar":"182513_avatar_1763133706.png","delete_from":0,"is_enhanced_background":false,"is_enhanced":false,"product_selection_started":false,"is_active":true,"image_webp_url":"https:\/\/www.meska.hu\/img\/product\/small\/f\/e\/festmenyfestmeny_product_182513_260905125901_105597.webp"},{"id":"6354813","shop_id":"19303","user_id":"182513","shop_name":"festmenyfestmeny","shop_zip":"2760","product_code":"5865320","product_name_old":null,"product_name":"City duo I-II. c. - modern absztrakt v\u00e1rosk\u00e9pek, p\u00e1rban [Papp T\u00fcnde]","category_string":"M\u0171v\u00e9szet, Festm\u00e9ny, Olajfestm\u00e9ny","technic_string":"Fest\u00e9szet","category_1":"357","category_2":"358","category_3":"361","category_4":"0","merged_category_1":null,"merged_category_2":null,"merged_category_3":null,"technic_1":"480","technic_2":"0","technic_3":"0","color_1":"521","color_2":"523","color_3":"526","product_description_old":null,"product_description":"Kedves \u00c9rdekl\u0151d\u0151 !\n\n- Festm\u00e9nyek m\u00e9rete 60x40cm \n\n- Olaj-fesz\u00edtett v\u00e1szon (4cm vakr\u00e1ma)\n\nA City Duo c\u00edm\u0171 festm\u00e9nyp\u00e1ros k\u00e9t k\u00fcl\u00f6n\u00e1ll\u00f3, m\u00e9gis szorosan \u00f6sszetartoz\u00f3 v\u00e1rosi hangulatot jelen\u00edt meg. Az er\u0151teljes kontrasztok, a f\u00e9nyek, a geometrikus \u00e9p\u00fcletform\u00e1k \u00e9s a t\u00fckr\u00f6z\u0151d\u0151 fel\u00fcletek dinamikus, modern v\u00e1rosk\u00e9pp\u00e9 \u00e1llnak \u00f6ssze.\n\nA festm\u00e9nyek 4 cm m\u00e9ly vakr\u00e1m\u00e1ra fesz\u00edtett v\u00e1szonra k\u00e9sz\u00fcltek, \u00edgy keret n\u00e9lk\u00fcl is l\u00e1tv\u00e1nyosan mutatnak a falon.\n\nPapp T\u00fcnde kort\u00e1rs ( 1978-)","price":"70000.00","unit":"db","recommended":"0","status":"1","sponsored":"0","exp_notify":"0","own_material":"0","own_material_description_old":null,"own_material_description":"","jury":"0","jury_number":"","product_nature":"","meskaracsony":"0","create_date":"2026-09-05 12:53:50","shelve_id":"0","image":"festmenyfestmeny_product_182513_260905124838_947185.jpeg","image_width":"480","image_height":"737","image_alt":"City duo I-II. c. - modern absztrakt v\u00e1rosk\u00e9pek, p\u00e1rban [Papp T\u00fcnde], Kedves \u00c9rdekl\u0151d\u0151 !\\n\\n- Festm\u00e9nyek m\u00e9rete 60x40cm \\n\\n- Olaj-fesz\u00edtett v\u00e1szon (4cm vakr\u00e1ma)\\n\\nA City Duo ..., Meska","image_title":"City duo I-II. c. - modern absztrakt v\u00e1rosk\u00e9pek, p\u00e1rban [Papp T\u00fcnde], Meska","view_count":"6","favourite_count":"0","trending_score":"0","last2MonthFavouriteCount":"0","promotion":"0","giftcard_accept":"1","creditcard_accept":false,"enhanced_background":"0","domain":"meska","specific_customer_id":null,"specific_customer_name":null,"to_order_product":"0","to_order_product_time":"0","product_different":null,"product_different_description":"","vintage":"0","vintage_category_id":"0","recycled":"0","gemstone_id":"0","customizable":"0","type_category":"physical","zerowaste":"0","postage_price":"2599.00","shop_order":"0","has_category":"1","landing_pages":null,"microdata":{"number":5,"category":""},"title":"City duo I-II. c. - modern absztrakt v\u00e1rosk\u00e9pek, p\u00e1rban [Papp T\u00fcnde]","description":"Kedves \u00c9rdekl\u0151d\u0151 !\n\n- Festm\u00e9nyek m\u00e9rete 60x40cm \n\n- Olaj-fesz\u00edtett v\u00e1szon (4cm vakr\u00e1ma)\n\nA City Duo c\u00edm\u0171 festm\u00e9nyp\u00e1ros k\u00e9t k\u00fcl\u00f6n\u00e1ll\u00f3, m\u00e9gis szorosan \u00f6sszetartoz\u00f3 v\u00e1rosi hangulatot jelen\u00edt meg. Az er\u0151teljes kontrasztok, a f\u00e9nyek, a geometrikus \u00e9p\u00fcletform\u00e1k \u00e9s a t\u00fckr\u00f6z\u0151d\u0151 fel\u00fcletek dinamikus, modern v\u00e1rosk\u00e9pp\u00e9 \u00e1llnak \u00f6ssze.\n\nA festm\u00e9nyek 4 cm m\u00e9ly vakr\u00e1m\u00e1ra fesz\u00edtett v\u00e1szonra k\u00e9sz\u00fcltek, \u00edgy keret n\u00e9lk\u00fcl is l\u00e1tv\u00e1nyosan mutatnak a falon.\n\nPapp T\u00fcnde kort\u00e1rs ( 1978-)","score":0,"formatted_price":"70 000 Ft","image_url":"https:\/\/www.meska.hu\/img\/product\/small\/f\/e\/festmenyfestmeny_product_182513_260905124838_947185.jpeg","formatted_url":"https:\/\/www.meska.hu\/p5865320-city-duo-i-ii-c-modern-absztrakt-varoskepek-parban-papp-tunde","favourite":false,"in_stock":true,"avatar":"182513_avatar_1763133706.png","delete_from":0,"is_enhanced_background":false,"is_enhanced":false,"product_selection_started":false,"is_active":true,"image_webp_url":"https:\/\/www.meska.hu\/img\/product\/small\/f\/e\/festmenyfestmeny_product_182513_260905124838_947185.webp"},{"id":"4505956","shop_id":"38284","user_id":"518552","shop_name":"EstherArt","shop_zip":"6723","product_code":"4783215","product_name_old":null,"product_name":"Akvarell - Absztrakt III. (2021.)","category_string":"M\u0171v\u00e9szet, Festm\u00e9ny, Akvarell","technic_string":"Fest\u00e9szet","category_1":"357","category_2":"358","category_3":"360","category_4":"0","merged_category_1":null,"merged_category_2":null,"merged_category_3":null,"technic_1":"480","technic_2":"0","technic_3":"0","color_1":"521","color_2":"522","color_3":"526","product_description_old":null,"product_description":"Akvarell technik\u00e1val k\u00e9sz\u00fclt egyedi illusztr\u00e1ci\u00f3, k\u00e9zzel festett nem print.\nKedves aj\u00e1nd\u00e9k \u00f6tlet b\u00e1rkinek aki szeret egyedi, k\u00e9zzel k\u00e9sz\u00fclt aj\u00e1nd\u00e9kot adni, de ak\u00e1r az \u00f6n otthona d\u00edsze is lehet.\n \nM\u00e9ret: A4\nKiv\u00e1l\u00f3 min\u0151s\u00e9g\u0171 300 grammos akvarell kartonra k\u00e9sz\u00fclt. \nAz \u00e1r a k\u00e9pre vonatkozik (keret, paszpartu nincs hozz\u00e1).\n\nA post\u00e1z\u00e1st az \u00e1r nem tartalmazza. Gondosan csomagolva k\u00fcld\u00f6m, nem s\u00e9r\u00fcl. \nSzem\u00e9lyes \u00e1tv\u00e9tel Szegeden lehets\u00e9ges. \n\u00dczenetben egyeztetj\u00fck a r\u00e9szleteket, keressen b\u00e1tran! \nMinden jog fenntartva!","price":"9000.00","unit":"db","recommended":"0","status":"1","sponsored":"0","exp_notify":"0","own_material":"0","own_material_description_old":null,"own_material_description":"","jury":"0","jury_number":"","product_nature":"","meskaracsony":"0","create_date":"2026-09-05 11:31:43","shelve_id":"80135","image":"estherart_product_518552_220923151849_461360.jpeg","image_width":"480","image_height":"617","image_alt":"Akvarell - Absztrakt III. (2021.), Akvarell technik\u00e1val k\u00e9sz\u00fclt egyedi illusztr\u00e1ci\u00f3, k\u00e9zzel festett nem print.\\nKedves aj\u00e1nd\u00e9k \u00f6tlet b\u00e1r..., Meska","image_title":"Akvarell - Absztrakt III. (2021.), Meska","view_count":"1014","favourite_count":"0","trending_score":"0","last2MonthFavouriteCount":"0","promotion":"0","giftcard_accept":"0","creditcard_accept":true,"enhanced_background":"0","domain":"meska","specific_customer_id":null,"specific_customer_name":null,"to_order_product":"0","to_order_product_time":"0","product_different":null,"product_different_description":"","vintage":"0","vintage_category_id":"0","recycled":"0","gemstone_id":"0","customizable":"0","type_category":"physical","zerowaste":"0","postage_price":"1290.00","shop_order":"0","has_category":"1","landing_pages":null,"microdata":{"number":6,"category":""},"title":"Akvarell - Absztrakt III. (2021.)","description":"Akvarell technik\u00e1val k\u00e9sz\u00fclt egyedi illusztr\u00e1ci\u00f3, k\u00e9zzel festett nem print.\nKedves aj\u00e1nd\u00e9k \u00f6tlet b\u00e1rkinek aki szeret egyedi, k\u00e9zzel k\u00e9sz\u00fclt aj\u00e1nd\u00e9kot adni, de ak\u00e1r az \u00f6n otthona d\u00edsze is lehet.\n \nM\u00e9ret: A4\nKiv\u00e1l\u00f3 min\u0151s\u00e9g\u0171 300 grammos akvarell kartonra k\u00e9sz\u00fclt. \nAz \u00e1r a k\u00e9pre vonatkozik (keret, paszpartu nincs hozz\u00e1).\n\nA post\u00e1z\u00e1st az \u00e1r nem tartalmazza. Gondosan csomagolva k\u00fcld\u00f6m, nem s\u00e9r\u00fcl. \nSzem\u00e9lyes \u00e1tv\u00e9tel Szegeden lehets\u00e9ges. \n\u00dczenetben egyeztetj\u00fck a r\u00e9szleteket, keressen b\u00e1tran! \nMinden jog fenntartva!","score":0,"formatted_price":"9 000 Ft","image_url":"https:\/\/www.meska.hu\/img\/product\/small\/e\/s\/estherart_product_518552_220923151849_461360.jpeg","formatted_url":"https:\/\/www.meska.hu\/p4783215-akvarell-absztrakt-iii-2021","favourite":false,"in_stock":true,"avatar":"518552_avatar_1723634647.jpeg","delete_from":0,"is_enhanced_background":false,"is_enhanced":false,"product_selection_started":false,"is_active":true,"image_webp_url":"https:\/\/www.meska.hu\/img\/product\/small\/e\/s\/estherart_product_518552_220923151849_461360.webp"},{"id":"5915916","shop_id":"21890","user_id":"233361","shop_name":"MolnARTIlcsi","shop_zip":"2071","product_code":"5617282","product_name_old":null,"product_name":"H\u00e1rom - sz\u00e1las  2. ","category_string":"M\u0171v\u00e9szet, Festm\u00e9ny, Akril","technic_string":"Fest\u00e9szet","category_1":"357","category_2":"358","category_3":"359","category_4":"0","merged_category_1":null,"merged_category_2":null,"merged_category_3":null,"technic_1":"480","technic_2":"0","technic_3":"0","color_1":"519","color_2":"521","color_3":"529","product_description_old":null,"product_description":"25x56 cm-es ( 1,8 cm vastag ) , Gesso fel\u00fcletkezelt falapon akril fest\u00e9s, fest\u0151k\u00e9ssel lakk fed\u0151r\u00e9teggel.\n\nEgyedi hangulat\u00fa \u00e9s tervez\u00e9s\u0171 design fest\u00e9s, sz\u00e9p sz\u00ednes d\u00edsze lehet a faladnak :) \n\nAz eredeti k\u00e9pet adom, nem nyomatot.\nA k\u00e9p keretet nem kapott, akaszt\u00f3t viszont igen, \u00edgy egyb\u0151l a falra ker\u00fclhet :) \n\nMIEL\u0150TT KOS\u00c1RBA TESZED, \u00cdRJ \u00dcZIT ! LEHET, HOGY M\u00c1R A VAL\u00d3 VIL\u00c1GBAN ELKELT, \u00c9S AZ \u00c1TFED\u00c9S CSAK P\u00c1R \u00d3RA... BESZ\u00c9LJ\u00dcNK, MIEL\u0150TT MEGV\u00c1S\u00c1ROLOD ! ","price":"40000.00","unit":"db","recommended":"0","status":"1","sponsored":"0","exp_notify":"0","own_material":"0","own_material_description_old":null,"own_material_description":"","jury":"0","jury_number":"","product_nature":"","meskaracsony":"0","create_date":"2026-09-05 11:28:13","shelve_id":"0","image":"molnartilcsi_product_233361_250909234528_897789.png","image_width":"480","image_height":"432","image_alt":"H\u00e1rom - sz\u00e1las  2. , 25x56 cm-es ( 1,8 cm vastag ) , Gesso fel\u00fcletkezelt falapon akril fest\u00e9s, fest\u0151k\u00e9ssel lakk fed\u0151r\u00e9teg..., Meska","image_title":"H\u00e1rom - sz\u00e1las  2. , Meska","view_count":"176","favourite_count":"0","trending_score":"0","last2MonthFavouriteCount":"0","promotion":"0","giftcard_accept":"0","creditcard_accept":false,"enhanced_background":"0","domain":"meska","specific_customer_id":null,"specific_customer_name":null,"to_order_product":"0","to_order_product_time":"0","product_different":null,"product_different_description":"","vintage":"0","vintage_category_id":"0","recycled":"0","gemstone_id":"0","customizable":"0","type_category":"physical","zerowaste":"0","postage_price":"5000.00","shop_order":"1","has_category":"1","landing_pages":null,"microdata":{"number":7,"category":""},"title":"H\u00e1rom - sz\u00e1las  2. ","description":"25x56 cm-es ( 1,8 cm vastag ) , Gesso fel\u00fcletkezelt falapon akril fest\u00e9s, fest\u0151k\u00e9ssel lakk fed\u0151r\u00e9teggel.\n\nEgyedi hangulat\u00fa \u00e9s tervez\u00e9s\u0171 design fest\u00e9s, sz\u00e9p sz\u00ednes d\u00edsze lehet a faladnak :) \n\nAz eredeti k\u00e9pet adom, nem nyomatot.\nA k\u00e9p keretet nem kapott, akaszt\u00f3t viszont igen, \u00edgy egyb\u0151l a falra ker\u00fclhet :) \n\nMIEL\u0150TT KOS\u00c1RBA TESZED, \u00cdRJ \u00dcZIT ! LEHET, HOGY M\u00c1R A VAL\u00d3 VIL\u00c1GBAN ELKELT, \u00c9S AZ \u00c1TFED\u00c9S CSAK P\u00c1R \u00d3RA... BESZ\u00c9LJ\u00dcNK, MIEL\u0150TT MEGV\u00c1S\u00c1ROLOD ! ","score":0,"formatted_price":"40 000 Ft","image_url":"https:\/\/www.meska.hu\/img\/product\/small\/m\/o\/molnartilcsi_product_233361_250909234528_897789.png","formatted_url":"https:\/\/www.meska.hu\/p5617282-harom-szalas-2","favourite":false,"in_stock":true,"avatar":"MolnARTIlcsi_avatar_233361_1657524590.jpg","delete_from":0,"is_enhanced_background":false,"is_enhanced":false,"product_selection_started":false,"is_active":true,"image_webp_url":"https:\/\/www.meska.hu\/img\/product\/small\/m\/o\/molnartilcsi_product_233361_250909234528_897789.webp"},{"id":"5472949","shop_id":"28748","user_id":"356343","shop_name":"ClaireLoveArt","shop_zip":"7622","product_code":"5365136","product_name_old":null,"product_name":"Absztrakt festm\u00e9ny, struktur\u00e1lt 3D hat\u00e1s\u00fa akril festm\u00e9ny, Claire szegvary: Mystic City, ","category_string":"M\u0171v\u00e9szet, Festm\u00e9ny, Akril","technic_string":"Fest\u00e9szet, Festett t\u00e1rgyak","category_1":"357","category_2":"358","category_3":"359","category_4":"0","merged_category_1":null,"merged_category_2":null,"merged_category_3":null,"technic_1":"480","technic_2":"481","technic_3":"0","color_1":"521","color_2":"791","color_3":"527","product_description_old":null,"product_description":"K\u00fcl\u00f6nleges festm\u00e9ny, mely strukt\u00fara paszta alapoz\u00e1ssal k\u00e9sz\u00fclt, \u00edgy \u00e9rdekes, 3D hat\u00e1s\u00fa. \nEnnek az akril festm\u00e9nynek a t\u00e9m\u00e1ja misztikus \u00e1lomvil\u00e1got, egy k\u00fcl\u00f6nleges v\u00e1ros k\u00e9p\u00e9t mutatja be.\n\nEz az egyedi \u00e9s k\u00fcl\u00f6nleges festm\u00e9ny kiv\u00e1l\u00f3 d\u00edsze lehet b\u00e1rmely otthon nappali szob\u00e1j\u00e1nak, de iroda vagy ak\u00e1r sz\u00e1lloda falain is csod\u00e1latosan mutat.\nA festm\u00e9ny oldalai is le vannak festve, \u00edgy nem sz\u00fcks\u00e9ges keretezni, azonnal a falra lehet helyezni. \n\nA m\u00e9ret: 40x40 cm. \n\nK\u00e9sz\u00edtette: Claire Szegv\u00e1ry.\nP\u00e9csett szem\u00e9lyesen is \u00e1tvehet\u0151.\n\n","price":"150000.00","unit":"db","recommended":"0","status":"1","sponsored":"0","exp_notify":"0","own_material":"0","own_material_description_old":null,"own_material_description":"","jury":"0","jury_number":"","product_nature":"","meskaracsony":"0","create_date":"2026-09-05 10:27:45","shelve_id":"61411","image":"claireloveart_product_356343_240905130820_694770.jpeg","image_width":"480","image_height":"400","image_alt":"Absztrakt festm\u00e9ny, struktur\u00e1lt 3D hat\u00e1s\u00fa akril festm\u00e9ny, Claire szegvary: Mystic City, , K\u00fcl\u00f6nleges festm\u00e9ny, mely strukt\u00fara paszta alapoz\u00e1ssal k\u00e9sz\u00fclt, \u00edgy \u00e9rdekes, 3D hat\u00e1s\u00fa. \\nEnnek az ak..., Meska","image_title":"Absztrakt festm\u00e9ny, struktur\u00e1lt 3D hat\u00e1s\u00fa akril festm\u00e9ny, Claire szegvary: Mystic City, , Meska","view_count":"647","favourite_count":"0","trending_score":"0","last2MonthFavouriteCount":"0","promotion":"0","giftcard_accept":"0","creditcard_accept":false,"enhanced_background":"0","domain":"meska","specific_customer_id":null,"specific_customer_name":null,"to_order_product":"0","to_order_product_time":"0","product_different":null,"product_different_description":"","vintage":"0","vintage_category_id":"0","recycled":"0","gemstone_id":"0","customizable":"0","type_category":"physical","zerowaste":"0","postage_price":"2599.00","shop_order":"0","has_category":"1","landing_pages":null,"microdata":{"number":8,"category":""},"title":"Absztrakt festm\u00e9ny, struktur\u00e1lt 3D hat\u00e1s\u00fa akril festm\u00e9ny, Claire szegvary: Mystic City, ","description":"K\u00fcl\u00f6nleges festm\u00e9ny, mely strukt\u00fara paszta alapoz\u00e1ssal k\u00e9sz\u00fclt, \u00edgy \u00e9rdekes, 3D hat\u00e1s\u00fa. \nEnnek az akril festm\u00e9nynek a t\u00e9m\u00e1ja misztikus \u00e1lomvil\u00e1got, egy k\u00fcl\u00f6nleges v\u00e1ros k\u00e9p\u00e9t mutatja be.\n\nEz az egyedi \u00e9s k\u00fcl\u00f6nleges festm\u00e9ny kiv\u00e1l\u00f3 d\u00edsze lehet b\u00e1rmely otthon nappali szob\u00e1j\u00e1nak, de iroda vagy ak\u00e1r sz\u00e1lloda falain is csod\u00e1latosan mutat.\nA festm\u00e9ny oldalai is le vannak festve, \u00edgy nem sz\u00fcks\u00e9ges keretezni, azonnal a falra lehet helyezni. \n\nA m\u00e9ret: 40x40 cm. \n\nK\u00e9sz\u00edtette: Claire Szegv\u00e1ry.\nP\u00e9csett szem\u00e9lyesen is \u00e1tvehet\u0151.\n\n","score":0,"formatted_price":"150 000 Ft","image_url":"https:\/\/www.meska.hu\/img\/product\/small\/c\/l\/claireloveart_product_356343_240905130820_694770.jpeg","formatted_url":"https:\/\/www.meska.hu\/p5365136-abstrakt-festmeny-strukturalt-3d-hatasu-akril-festmeny","favourite":false,"in_stock":true,"avatar":"ClaireLoveArt_avatar_356343_1583172433.jpg","delete_from":0,"is_enhanced_background":false,"is_enhanced":false,"product_selection_started":false,"is_active":true,"image_webp_url":"https:\/\/www.meska.hu\/img\/product\/small\/c\/l\/claireloveart_product_356343_240905130820_694770.webp"},{"id":"6353644","shop_id":"48423","user_id":"709255","shop_name":"HTerezArt","shop_zip":"6425","product_code":"5864783","product_name_old":null,"product_name":"Pillang\u00f3vir\u00e1g , Olajfestm\u00e9ny","category_string":"M\u0171v\u00e9szet, Festm\u00e9ny, Olajfestm\u00e9ny","technic_string":"Fest\u00e9szet, Festett t\u00e1rgyak","category_1":"357","category_2":"358","category_3":"361","category_4":"0","merged_category_1":null,"merged_category_2":null,"merged_category_3":null,"technic_1":"480","technic_2":"481","technic_3":"0","color_1":"522","color_2":"525","color_3":"529","product_description_old":null,"product_description":"Eredeti, k\u00e9zzel festett, szign\u00f3zott, saj\u00e1t alkot\u00e1s \"Pillang\u00f3vir\u00e1g \"c\u00edm\u0171 olajfestm\u00e9ny.\nAnyaga: olajfest\u00e9k, fesz\u00edtett v\u00e1szon, lakk,akaszt\u00f3\nM\u00e9rete: 60x30cm\nA festm\u00e9ny oldalai is festve vannak, \u00edgy nem ig\u00e9nyel keretez\u00e9st. A k\u00e9p fel\u00fclete lakkoz\u00e1ssal v\u00e9dve.\nAkaszt\u00f3val van ell\u00e1tva,azonnal falra tehet\u0151.\n\n\n\nPost\u00e1z\u00e1s biztons\u00e1gos csomagol\u00e1sban t\u00f6rt\u00e9nik, szem\u00e9lyes \u00e1tv\u00e9telre Szegeden van lehet\u0151s\u00e9g.","price":"48000.00","unit":"db","recommended":"0","status":"1","sponsored":"0","exp_notify":"0","own_material":"0","own_material_description_old":null,"own_material_description":"","jury":"0","jury_number":"","product_nature":"","meskaracsony":"0","create_date":"2026-09-05 10:06:17","shelve_id":"0","image":"hterezart_product_709255_260904041133_44832.jpeg","image_width":"480","image_height":"360","image_alt":"Pillang\u00f3vir\u00e1g , Olajfestm\u00e9ny, Eredeti, k\u00e9zzel festett, szign\u00f3zott, saj\u00e1t alkot\u00e1s \\\"Pillang\u00f3vir\u00e1g \\\"c\u00edm\u0171 olajfestm\u00e9ny.\\nAnyaga: olajfe..., Meska","image_title":"Pillang\u00f3vir\u00e1g , Olajfestm\u00e9ny, Meska","view_count":"31","favourite_count":"0","trending_score":"0","last2MonthFavouriteCount":"0","promotion":"0","giftcard_accept":"0","creditcard_accept":false,"enhanced_background":"0","domain":"meska","specific_customer_id":null,"specific_customer_name":null,"to_order_product":"0","to_order_product_time":"0","product_different":null,"product_different_description":"","vintage":"0","vintage_category_id":"0","recycled":"0","gemstone_id":"0","customizable":"0","type_category":"physical","zerowaste":"0","postage_price":"2390.00","shop_order":"0","has_category":"1","landing_pages":null,"microdata":{"number":9,"category":""},"title":"Pillang\u00f3vir\u00e1g , Olajfestm\u00e9ny","description":"Eredeti, k\u00e9zzel festett, szign\u00f3zott, saj\u00e1t alkot\u00e1s \"Pillang\u00f3vir\u00e1g \"c\u00edm\u0171 olajfestm\u00e9ny.\nAnyaga: olajfest\u00e9k, fesz\u00edtett v\u00e1szon, lakk,akaszt\u00f3\nM\u00e9rete: 60x30cm\nA festm\u00e9ny oldalai is festve vannak, \u00edgy nem ig\u00e9nyel keretez\u00e9st. A k\u00e9p fel\u00fclete lakkoz\u00e1ssal v\u00e9dve.\nAkaszt\u00f3val van ell\u00e1tva,azonnal falra tehet\u0151.\n\n\n\nPost\u00e1z\u00e1s biztons\u00e1gos csomagol\u00e1sban t\u00f6rt\u00e9nik, szem\u00e9lyes \u00e1tv\u00e9telre Szegeden van lehet\u0151s\u00e9g.","score":0,"formatted_price":"48 000 Ft","image_url":"https:\/\/www.meska.hu\/img\/product\/small\/h\/t\/hterezart_product_709255_260904041133_44832.jpeg","formatted_url":"https:\/\/www.meska.hu\/p5864783-pillangovirag-olajfestmeny","favourite":false,"in_stock":true,"avatar":"709255_avatar_1750072635.jpeg","delete_from":0,"is_enhanced_background":false,"is_enhanced":false,"product_selection_started":false,"is_active":true,"image_webp_url":"https:\/\/www.meska.hu\/img\/product\/small\/h\/t\/hterezart_product_709255_260904041133_44832.webp"},{"id":"6064259","shop_id":"38284","user_id":"518552","shop_name":"EstherArt","shop_zip":"6723","product_code":"5697636","product_name_old":null,"product_name":"Akvarell - N\u00e9pi ornamentika - Hungarian folk art 1. (2026.)","category_string":"M\u0171v\u00e9szet, Festm\u00e9ny, Akvarell","technic_string":"Fest\u00e9szet, H\u00edmz\u00e9s","category_1":"357","category_2":"358","category_3":"360","category_4":"0","merged_category_1":null,"merged_category_2":null,"merged_category_3":null,"technic_1":"480","technic_2":"487","technic_3":"0","color_1":"512","color_2":"521","color_3":"1475","product_description_old":null,"product_description":"K\u00e9zzel h\u00edmzett akvarell technik\u00e1val k\u00e9sz\u00fclt egyedi illusztr\u00e1ci\u00f3, k\u00e9zzel festett nem print.\nKedves aj\u00e1nd\u00e9k \u00f6tlet b\u00e1rkinek aki szeret egyedi, k\u00e9zzel k\u00e9sz\u00fclt aj\u00e1nd\u00e9kot adni, de ak\u00e1r az \u00f6n otthona d\u00edsze is lehet. \n\nM\u00e9ret: 50*32,5 cm\nKiv\u00e1l\u00f3 min\u0151s\u00e9g\u0171 HNM Cornwall 450 grammos akvarell kartonra k\u00e9sz\u00fclt. \nAz \u00e1r a k\u00e9pre vonatkozik (keret, paszpartu nincs hozz\u00e1).\n\nEbben az \u00faj sorozatban kort\u00e1rs reflexi\u00f3k lesznek a magyar n\u00e9pi ornamentika formavil\u00e1g\u00e1ra. Tudatosan nem nevezem el t\u00e1jegys\u00e9g szerint, mert nem hagyom\u00e1ny\u0151rz\u0151 munk\u00e1k, ink\u00e1bb kort\u00e1rs reflexi\u00f3k, m\u00e1s megvil\u00e1g\u00edt\u00e1sban \u00e1br\u00e1zolt mint\u00e1k a n\u00e9pi formavil\u00e1gb\u00f3l.\nA magyar n\u00e9pm\u0171v\u00e9szet szerves r\u00e9szei a h\u00edmz\u00e9sek amelyek k\u00f6z\u00f6ss\u00e9gi jelent\u0151s\u00e9ggel b\u00edrnak: \u0151rzik a mot\u00edvumok szimbolikus jelent\u00e9s\u00e9t (term\u00e9kenys\u00e9g, v\u00e9delem, j\u00f3l\u00e9t), az adott t\u00e1jegys\u00e9g jellegzetes technik\u00e1it  \u00e9s gener\u00e1ci\u00f3kon \u00e1t \u00f6r\u00f6k\u00edtik a mint\u00e1kat, er\u0151s\u00edtve a k\u00f6z\u00f6ss\u00e9gi identit\u00e1st, gyakran \u00fcnnepekhez k\u00f6t\u0151dve. Ebb\u0151l mer\u00edtek inspir\u00e1ci\u00f3t \u00e9s kombin\u00e1lom az akvarellt a h\u00edmz\u00e9ssel. \n\nGondosan csomagolva k\u00fcld\u00f6m, nem s\u00e9r\u00fcl. \nSzem\u00e9lyes \u00e1tv\u00e9tel Szegeden lehets\u00e9ges. \n\u00dczenetben egyeztetj\u00fck a r\u00e9szleteket, keressen b\u00e1tran! \nMinden jog fenntartva!\n","price":"17000.00","unit":"db","recommended":"0","status":"1","sponsored":"0","exp_notify":"0","own_material":"0","own_material_description_old":null,"own_material_description":"","jury":"0","jury_number":"","product_nature":"","meskaracsony":"0","create_date":"2026-09-05 09:27:49","shelve_id":"81951","image":"estherart_product_518552_260107072143_494254.jpeg","image_width":"480","image_height":"480","image_alt":"Akvarell - N\u00e9pi ornamentika - Hungarian folk art 1. (2026.), K\u00e9zzel h\u00edmzett akvarell technik\u00e1val k\u00e9sz\u00fclt egyedi illusztr\u00e1ci\u00f3, k\u00e9zzel festett nem print.\\nKedves aj..., Meska","image_title":"Akvarell - N\u00e9pi ornamentika - Hungarian folk art 1. (2026.), Meska","view_count":"131","favourite_count":"0","trending_score":"0","last2MonthFavouriteCount":"0","promotion":"0","giftcard_accept":"0","creditcard_accept":true,"enhanced_background":"0","domain":"meska","specific_customer_id":null,"specific_customer_name":null,"to_order_product":"0","to_order_product_time":"0","product_different":null,"product_different_description":"","vintage":"0","vintage_category_id":"0","recycled":"0","gemstone_id":"0","customizable":"0","type_category":"physical","zerowaste":"0","postage_price":"1290.00","shop_order":"0","has_category":"1","landing_pages":null,"microdata":{"number":10,"category":""},"title":"Akvarell - N\u00e9pi ornamentika - Hungarian folk art 1. (2026.)","description":"K\u00e9zzel h\u00edmzett akvarell technik\u00e1val k\u00e9sz\u00fclt egyedi illusztr\u00e1ci\u00f3, k\u00e9zzel festett nem print.\nKedves aj\u00e1nd\u00e9k \u00f6tlet b\u00e1rkinek aki szeret egyedi, k\u00e9zzel k\u00e9sz\u00fclt aj\u00e1nd\u00e9kot adni, de ak\u00e1r az \u00f6n otthona d\u00edsze is lehet. \n\nM\u00e9ret: 50*32,5 cm\nKiv\u00e1l\u00f3 min\u0151s\u00e9g\u0171 HNM Cornwall 450 grammos akvarell kartonra k\u00e9sz\u00fclt. \nAz \u00e1r a k\u00e9pre vonatkozik (keret, paszpartu nincs hozz\u00e1).\n\nEbben az \u00faj sorozatban kort\u00e1rs reflexi\u00f3k lesznek a magyar n\u00e9pi ornamentika formavil\u00e1g\u00e1ra. Tudatosan nem nevezem el t\u00e1jegys\u00e9g szerint, mert nem hagyom\u00e1ny\u0151rz\u0151 munk\u00e1k, ink\u00e1bb kort\u00e1rs reflexi\u00f3k, m\u00e1s megvil\u00e1g\u00edt\u00e1sban \u00e1br\u00e1zolt mint\u00e1k a n\u00e9pi formavil\u00e1gb\u00f3l.\nA magyar n\u00e9pm\u0171v\u00e9szet szerves r\u00e9szei a h\u00edmz\u00e9sek amelyek k\u00f6z\u00f6ss\u00e9gi jelent\u0151s\u00e9ggel b\u00edrnak: \u0151rzik a mot\u00edvumok szimbolikus jelent\u00e9s\u00e9t (term\u00e9kenys\u00e9g, v\u00e9delem, j\u00f3l\u00e9t), az adott t\u00e1jegys\u00e9g jellegzetes technik\u00e1it  \u00e9s gener\u00e1ci\u00f3kon \u00e1t \u00f6r\u00f6k\u00edtik a mint\u00e1kat, er\u0151s\u00edtve a k\u00f6z\u00f6ss\u00e9gi identit\u00e1st, gyakran \u00fcnnepekhez k\u00f6t\u0151dve. Ebb\u0151l mer\u00edtek inspir\u00e1ci\u00f3t \u00e9s kombin\u00e1lom az akvarellt a h\u00edmz\u00e9ssel. \n\nGondosan csomagolva k\u00fcld\u00f6m, nem s\u00e9r\u00fcl. \nSzem\u00e9lyes \u00e1tv\u00e9tel Szegeden lehets\u00e9ges. \n\u00dczenetben egyeztetj\u00fck a r\u00e9szleteket, keressen b\u00e1tran! \nMinden jog fenntartva!\n","score":0,"formatted_price":"17 000 Ft","image_url":"https:\/\/www.meska.hu\/img\/product\/small\/e\/s\/estherart_product_518552_260107072143_494254.jpeg","formatted_url":"https:\/\/www.meska.hu\/p5697636-akvarell-nepi-ornamentika-kortars-reflexio-hungarian-folk-art-1-2026","favourite":false,"in_stock":true,"avatar":"518552_avatar_1723634647.jpeg","delete_from":0,"is_enhanced_background":false,"is_enhanced":false,"product_selection_started":false,"is_active":true,"image_webp_url":"https:\/\/www.meska.hu\/img\/product\/small\/e\/s\/estherart_product_518552_260107072143_494254.webp"},{"id":"6205547","shop_id":"38284","user_id":"518552","shop_name":"EstherArt","shop_zip":"6723","product_code":"5781174","product_name_old":null,"product_name":"Akvarell - Karnev\u00e1l 3. (2026.)","category_string":"M\u0171v\u00e9szet, Festm\u00e9ny, Akvarell","technic_string":"Fest\u00e9szet","category_1":"357","category_2":"358","category_3":"360","category_4":"0","merged_category_1":null,"merged_category_2":null,"merged_category_3":null,"technic_1":"480","technic_2":"0","technic_3":"0","color_1":"512","color_2":"521","color_3":"522","product_description_old":null,"product_description":"Akvarell technik\u00e1val, k\u00e9sz\u00fclt egyedi illusztr\u00e1ci\u00f3, k\u00e9zzel festett nem print.\nKedves aj\u00e1nd\u00e9k \u00f6tlet b\u00e1rkinek aki szeret egyedi, k\u00e9zzel k\u00e9sz\u00fclt aj\u00e1nd\u00e9kot adni, de ak\u00e1r az \u00f6n otthona d\u00edsze is lehet.\n\nM\u00e9ret: 42*32 cm\nKiv\u00e1l\u00f3 min\u0151s\u00e9g\u0171 HNM Cornwall 450 grammos akvarell kartonra k\u00e9sz\u00fclt.\nAz \u00e1r a k\u00e9pre vonatkozik (keret, paszpartu nincs hozz\u00e1).\n\nGondosan csomagolva k\u00fcld\u00f6m, nem s\u00e9r\u00fcl.\nSzem\u00e9lyes \u00e1tv\u00e9tel Szegeden lehets\u00e9ges.\n\u00dczenetben egyeztetj\u00fck a r\u00e9szleteket, keressen b\u00e1tran!\nMinden jog fenntartva!","price":"19000.00","unit":"db","recommended":"0","status":"1","sponsored":"0","exp_notify":"0","own_material":"0","own_material_description_old":null,"own_material_description":"","jury":"0","jury_number":"","product_nature":"","meskaracsony":"0","create_date":"2026-09-05 09:27:47","shelve_id":"80135","image":"estherart_product_518552_260507172414_49885.jpeg","image_width":"480","image_height":"617","image_alt":"Akvarell - Karnev\u00e1l 3. (2026.), Akvarell technik\u00e1val, k\u00e9sz\u00fclt egyedi illusztr\u00e1ci\u00f3, k\u00e9zzel festett nem print.\\nKedves aj\u00e1nd\u00e9k \u00f6tlet b\u00e1..., Meska","image_title":"Akvarell - Karnev\u00e1l 3. (2026.), Meska","view_count":"89","favourite_count":"1","trending_score":"0","last2MonthFavouriteCount":"1","promotion":"0","giftcard_accept":"0","creditcard_accept":true,"enhanced_background":"0","domain":"meska","specific_customer_id":null,"specific_customer_name":null,"to_order_product":"0","to_order_product_time":"0","product_different":null,"product_different_description":"","vintage":"0","vintage_category_id":"0","recycled":"0","gemstone_id":"0","customizable":"0","type_category":"physical","zerowaste":"0","postage_price":"1290.00","shop_order":"0","has_category":"1","landing_pages":null,"microdata":{"number":11,"category":""},"title":"Akvarell - Karnev\u00e1l 3. (2026.)","description":"Akvarell technik\u00e1val, k\u00e9sz\u00fclt egyedi illusztr\u00e1ci\u00f3, k\u00e9zzel festett nem print.\nKedves aj\u00e1nd\u00e9k \u00f6tlet b\u00e1rkinek aki szeret egyedi, k\u00e9zzel k\u00e9sz\u00fclt aj\u00e1nd\u00e9kot adni, de ak\u00e1r az \u00f6n otthona d\u00edsze is lehet.\n\nM\u00e9ret: 42*32 cm\nKiv\u00e1l\u00f3 min\u0151s\u00e9g\u0171 HNM Cornwall 450 grammos akvarell kartonra k\u00e9sz\u00fclt.\nAz \u00e1r a k\u00e9pre vonatkozik (keret, paszpartu nincs hozz\u00e1).\n\nGondosan csomagolva k\u00fcld\u00f6m, nem s\u00e9r\u00fcl.\nSzem\u00e9lyes \u00e1tv\u00e9tel Szegeden lehets\u00e9ges.\n\u00dczenetben egyeztetj\u00fck a r\u00e9szleteket, keressen b\u00e1tran!\nMinden jog fenntartva!","score":0,"formatted_price":"19 000 Ft","image_url":"https:\/\/www.meska.hu\/img\/product\/small\/e\/s\/estherart_product_518552_260507172414_49885.jpeg","formatted_url":"https:\/\/www.meska.hu\/p5781174-akvarell-karneval-3-2026","favourite":false,"in_stock":true,"avatar":"518552_avatar_1723634647.jpeg","delete_from":0,"is_enhanced_background":false,"is_enhanced":false,"product_selection_started":false,"is_active":true,"image_webp_url":"https:\/\/www.meska.hu\/img\/product\/small\/e\/s\/estherart_product_518552_260507172414_49885.webp"},{"id":"5787510","shop_id":"38284","user_id":"518552","shop_name":"EstherArt","shop_zip":"6723","product_code":"5550272","product_name_old":null,"product_name":"Akril festm\u00e9ny - (2025.)","category_string":"M\u0171v\u00e9szet, Festm\u00e9ny, Akril","technic_string":"Fest\u00e9szet","category_1":"357","category_2":"358","category_3":"359","category_4":"0","merged_category_1":null,"merged_category_2":null,"merged_category_3":null,"technic_1":"480","technic_2":"0","technic_3":"0","color_1":"512","color_2":"518","color_3":"791","product_description_old":null,"product_description":"Farostlemezre k\u00e9zzel festve,  akril fest\u00e9kkel k\u00e9sz\u00fclt egyedi illusztr\u00e1ci\u00f3, nem print.\nA festm\u00e9ny m\u00e9rete keret n\u00e9lk\u00fcl 60*50 cm.\n\nKedves aj\u00e1nd\u00e9k b\u00e1rkinek, de ak\u00e1r otthona d\u00edsze is lehet. \nA post\u00e1z\u00e1s d\u00edj\u00e1t pluszban kell fizetnie a vev\u0151nek. Biztons\u00e1gosan csomagolom ez\u00e9rt nem s\u00e9r\u00fcl a k\u00e9p. Szem\u00e9lyes \u00e1tv\u00e9tel Szegeden lehets\u00e9ges. \n\u00dczenetben egyeztetj\u00fck a r\u00e9szleteket, az \u00d6nnek megfelel\u0151 post\u00e1z\u00e1si m\u00f3dot, keressen b\u00e1tran! \nMinden jog fenntartva! ","price":"25000.00","unit":"db","recommended":"0","status":"1","sponsored":"0","exp_notify":"0","own_material":"0","own_material_description_old":null,"own_material_description":"","jury":"0","jury_number":"","product_nature":"","meskaracsony":"0","create_date":"2026-09-05 09:27:44","shelve_id":"80134","image":"estherart_product_518552_250510142550_780467.jpeg","image_width":"480","image_height":"554","image_alt":"Akril festm\u00e9ny - (2025.), Farostlemezre k\u00e9zzel festve,  akril fest\u00e9kkel k\u00e9sz\u00fclt egyedi illusztr\u00e1ci\u00f3, nem print.\\nA festm\u00e9ny m\u00e9r..., Meska","image_title":"Akril festm\u00e9ny - (2025.), Meska","view_count":"393","favourite_count":"0","trending_score":"0","last2MonthFavouriteCount":"0","promotion":"0","giftcard_accept":"0","creditcard_accept":true,"enhanced_background":"0","domain":"meska","specific_customer_id":null,"specific_customer_name":null,"to_order_product":"0","to_order_product_time":"0","product_different":null,"product_different_description":"","vintage":"0","vintage_category_id":"0","recycled":"0","gemstone_id":"0","customizable":"0","type_category":"physical","zerowaste":"0","postage_price":"1290.00","shop_order":"0","has_category":"1","landing_pages":null,"microdata":{"number":12,"category":""},"title":"Akril festm\u00e9ny - (2025.)","description":"Farostlemezre k\u00e9zzel festve,  akril fest\u00e9kkel k\u00e9sz\u00fclt egyedi illusztr\u00e1ci\u00f3, nem print.\nA festm\u00e9ny m\u00e9rete keret n\u00e9lk\u00fcl 60*50 cm.\n\nKedves aj\u00e1nd\u00e9k b\u00e1rkinek, de ak\u00e1r otthona d\u00edsze is lehet. \nA post\u00e1z\u00e1s d\u00edj\u00e1t pluszban kell fizetnie a vev\u0151nek. Biztons\u00e1gosan csomagolom ez\u00e9rt nem s\u00e9r\u00fcl a k\u00e9p. Szem\u00e9lyes \u00e1tv\u00e9tel Szegeden lehets\u00e9ges. \n\u00dczenetben egyeztetj\u00fck a r\u00e9szleteket, az \u00d6nnek megfelel\u0151 post\u00e1z\u00e1si m\u00f3dot, keressen b\u00e1tran! \nMinden jog fenntartva! ","score":0,"formatted_price":"25 000 Ft","image_url":"https:\/\/www.meska.hu\/img\/product\/small\/e\/s\/estherart_product_518552_250510142550_780467.jpeg","formatted_url":"https:\/\/www.meska.hu\/p5550272-akril-festmeny-2025","favourite":false,"in_stock":true,"avatar":"518552_avatar_1723634647.jpeg","delete_from":0,"is_enhanced_background":false,"is_enhanced":false,"product_selection_started":false,"is_active":true,"image_webp_url":"https:\/\/www.meska.hu\/img\/product\/small\/e\/s\/estherart_product_518552_250510142550_780467.webp"},{"id":"5912073","shop_id":"48423","user_id":"709255","shop_name":"HTerezArt","shop_zip":"6425","product_code":"5615530","product_name_old":null,"product_name":"A csend hangja, olajfestm\u00e9ny keretben.","category_string":"M\u0171v\u00e9szet, Festm\u00e9ny, Olajfestm\u00e9ny","technic_string":"Fest\u00e9szet","category_1":"357","category_2":"358","category_3":"361","category_4":"0","merged_category_1":null,"merged_category_2":null,"merged_category_3":null,"technic_1":"480","technic_2":"0","technic_3":"0","color_1":"519","color_2":"521","color_3":"529","product_description_old":null,"product_description":"\nEredeti, k\u00e9zzel festett, szign\u00f3zott , saj\u00e1t alkot\u00e1s , A csend hangja c\u00edm\u0171 olajfestm\u00e9ny, keretben.\nAnyaga: farost lap, olajfest\u00e9k, fa keret, lakk, akaszt\u00f3\nM\u00e9rete: 40x50cm, kerettel: 44x54cm\n\n\n\nPost\u00e1z\u00e1s biztons\u00e1gos csomagol\u00e1sban t\u00f6rt\u00e9nik ,szem\u00e9lyes \u00e1tv\u00e9tel Szegeden lehets\u00e9ges.\n\n","price":"65000.00","unit":"db","recommended":"0","status":"1","sponsored":"0","exp_notify":"0","own_material":"0","own_material_description_old":null,"own_material_description":"","jury":"0","jury_number":"","product_nature":"","meskaracsony":"0","create_date":"2026-09-05 03:17:07","shelve_id":"0","image":"hterezart_product_709255_260115192307_46482.jpeg","image_width":"480","image_height":"360","image_alt":"A csend hangja, olajfestm\u00e9ny keretben., \\nEredeti, k\u00e9zzel festett, szign\u00f3zott , saj\u00e1t alkot\u00e1s , A csend hangja c\u00edm\u0171 olajfestm\u00e9ny, keretben.\\nA..., Meska","image_title":"A csend hangja, olajfestm\u00e9ny keretben., Meska","view_count":"590","favourite_count":"0","trending_score":"0","last2MonthFavouriteCount":"0","promotion":"0","giftcard_accept":"0","creditcard_accept":false,"enhanced_background":"0","domain":"meska","specific_customer_id":null,"specific_customer_name":null,"to_order_product":"0","to_order_product_time":"0","product_different":null,"product_different_description":"","vintage":"0","vintage_category_id":"0","recycled":"0","gemstone_id":"0","customizable":"0","type_category":"physical","zerowaste":"0","postage_price":"2390.00","shop_order":"0","has_category":"1","landing_pages":null,"microdata":{"number":13,"category":""},"title":"A csend hangja, olajfestm\u00e9ny keretben.","description":"\nEredeti, k\u00e9zzel festett, szign\u00f3zott , saj\u00e1t alkot\u00e1s , A csend hangja c\u00edm\u0171 olajfestm\u00e9ny, keretben.\nAnyaga: farost lap, olajfest\u00e9k, fa keret, lakk, akaszt\u00f3\nM\u00e9rete: 40x50cm, kerettel: 44x54cm\n\n\n\nPost\u00e1z\u00e1s biztons\u00e1gos csomagol\u00e1sban t\u00f6rt\u00e9nik ,szem\u00e9lyes \u00e1tv\u00e9tel Szegeden lehets\u00e9ges.\n\n","score":0,"formatted_price":"65 000 Ft","image_url":"https:\/\/www.meska.hu\/img\/product\/small\/h\/t\/hterezart_product_709255_260115192307_46482.jpeg","formatted_url":"https:\/\/www.meska.hu\/p5615530-a-csend-hangja-olajfestmeny","favourite":false,"in_stock":true,"avatar":"709255_avatar_1750072635.jpeg","delete_from":0,"is_enhanced_background":false,"is_enhanced":false,"product_selection_started":false,"is_active":true,"image_webp_url":"https:\/\/www.meska.hu\/img\/product\/small\/h\/t\/hterezart_product_709255_260115192307_46482.webp"},{"id":"4978165","shop_id":"33598","user_id":"433523","shop_name":"Dallosgravdekor","shop_zip":"9022","product_code":"5061130","product_name_old":null,"product_name":"Elza s\u00e1mli k\u00e9zzel festve ","category_string":"M\u0171v\u00e9szet, Festm\u00e9ny, Festm\u00e9ny vegyes technika","technic_string":"Fest\u00e9szet, Festett t\u00e1rgyak","category_1":"357","category_2":"358","category_3":"363","category_4":"0","merged_category_1":null,"merged_category_2":null,"merged_category_3":null,"technic_1":"480","technic_2":"481","technic_3":"0","color_1":"521","color_2":"523","color_3":"525","product_description_old":null,"product_description":"Dekor\u00e1ci\u00f3s term\u00e9k\u00fcnk k\u00e9zi fest\u00e9ssel k\u00e9sz\u00fcl ak\u00e1r egy k\u00e9p alapj\u00e1n. T\u00f6k\u00e9letes gyerekszoba dekor\u00e1ci\u00f3nak. Az alapanyag  egy \u00faj fa s\u00e1mli, ami akril fest\u00e9s ut\u00e1n lakk kezel\u00e9st is kap a kop\u00e1s \u00e1ll\u00f3s\u00e1g kedv\u00e9\u00e9rt.\nA term\u00e9kre a gyermeke kedvenc mese figur\u00e1j\u00e1t \/ szuper h\u0151s\u00e9t k\u00e9p minta alapj\u00e1n k\u00e9sz\u00edtj\u00fck. A fot\u00f3kon l\u00e1that\u00f3 min\u0151s\u00e9gben, ez\u00e9rt teljesen realisztikus fot\u00f3 fest\u00e9st, nem! De mesebeli karaktereket le tudjuk festeni. K\u00e9rem k\u00fcldje el fot\u00f3j\u00e1t. A term\u00e9ket csak postai csomagk\u00e9nt, vagy foxposton tudjuk k\u00fcldeni, a term\u00e9k elk\u00e9sz\u00edt\u00e9se, egyedi \u00e9s id\u0151ig\u00e9nyes, ez\u00e9rt ragaszkodunk az el\u0151re utal\u00e1sos rendel\u00e9shez. Nem fog csal\u00f3dni. :)\n\n40x35cm","price":"15990.00","unit":"db","recommended":"0","status":"1","sponsored":"0","exp_notify":"0","own_material":"0","own_material_description_old":null,"own_material_description":"","jury":"0","jury_number":"","product_nature":"","meskaracsony":"0","create_date":"2026-09-05 00:17:36","shelve_id":"0","image":"dallosgravdekor_product_433523_230920182323_27233.jpeg","image_width":"480","image_height":"360","image_alt":"Elza s\u00e1mli k\u00e9zzel festve , Dekor\u00e1ci\u00f3s term\u00e9k\u00fcnk k\u00e9zi fest\u00e9ssel k\u00e9sz\u00fcl ak\u00e1r egy k\u00e9p alapj\u00e1n. T\u00f6k\u00e9letes gyerekszoba dekor\u00e1ci\u00f3nak...., Meska","image_title":"Elza s\u00e1mli k\u00e9zzel festve , Meska","view_count":"767","favourite_count":"0","trending_score":"0","last2MonthFavouriteCount":"0","promotion":"0","giftcard_accept":"0","creditcard_accept":true,"enhanced_background":"0","domain":"meska","specific_customer_id":null,"specific_customer_name":null,"to_order_product":"1","to_order_product_time":"7","product_different":null,"product_different_description":"","vintage":"0","vintage_category_id":"0","recycled":"0","gemstone_id":"0","customizable":"1","type_category":"physical","zerowaste":"0","postage_price":"2700.00","shop_order":"52","has_category":"1","landing_pages":null,"microdata":{"number":14,"category":""},"title":"Elza s\u00e1mli k\u00e9zzel festve ","description":"Dekor\u00e1ci\u00f3s term\u00e9k\u00fcnk k\u00e9zi fest\u00e9ssel k\u00e9sz\u00fcl ak\u00e1r egy k\u00e9p alapj\u00e1n. T\u00f6k\u00e9letes gyerekszoba dekor\u00e1ci\u00f3nak. Az alapanyag  egy \u00faj fa s\u00e1mli, ami akril fest\u00e9s ut\u00e1n lakk kezel\u00e9st is kap a kop\u00e1s \u00e1ll\u00f3s\u00e1g kedv\u00e9\u00e9rt.\nA term\u00e9kre a gyermeke kedvenc mese figur\u00e1j\u00e1t \/ szuper h\u0151s\u00e9t k\u00e9p minta alapj\u00e1n k\u00e9sz\u00edtj\u00fck. A fot\u00f3kon l\u00e1that\u00f3 min\u0151s\u00e9gben, ez\u00e9rt teljesen realisztikus fot\u00f3 fest\u00e9st, nem! De mesebeli karaktereket le tudjuk festeni. K\u00e9rem k\u00fcldje el fot\u00f3j\u00e1t. A term\u00e9ket csak postai csomagk\u00e9nt, vagy foxposton tudjuk k\u00fcldeni, a term\u00e9k elk\u00e9sz\u00edt\u00e9se, egyedi \u00e9s id\u0151ig\u00e9nyes, ez\u00e9rt ragaszkodunk az el\u0151re utal\u00e1sos rendel\u00e9shez. Nem fog csal\u00f3dni. :)\n\n40x35cm","score":0,"formatted_price":"15 990 Ft","image_url":"https:\/\/www.meska.hu\/img\/product\/small\/d\/a\/dallosgravdekor_product_433523_230920182323_27233.jpeg","formatted_url":"https:\/\/www.meska.hu\/p5061130-elza-samli-kezzel-festve","favourite":false,"in_stock":false,"avatar":"Dallosgravdekor_avatar_433523_1623879354.png","delete_from":0,"is_enhanced_background":false,"is_enhanced":false,"product_selection_started":false,"is_active":true,"image_webp_url":"https:\/\/www.meska.hu\/img\/product\/small\/d\/a\/dallosgravdekor_product_433523_230920182323_27233.webp"},{"id":"4546249","shop_id":"33745","user_id":"390207","shop_name":"peszlenmonika","shop_zip":"9300","product_code":"4812550","product_name_old":null,"product_name":"Z\u00f6ld mandala","category_string":"M\u0171v\u00e9szet, Festm\u00e9ny, \u00dcvegfestm\u00e9ny","technic_string":"\u00dcvegm\u0171v\u00e9szet","category_1":"357","category_2":"358","category_3":"1325","category_4":"0","merged_category_1":"0","merged_category_2":"0","merged_category_3":"785","technic_1":"505","technic_2":"0","technic_3":"0","color_1":"512","color_2":"519","color_3":"529","product_description_old":null,"product_description":"Wenzl Bori rajz\u00e1nak \u00e1tdolgoz\u00e1s\u00e1val k\u00e9sz\u00fclt ez a mandal\u00e1m. Az \u00fcvegfest\u00e9k csillog\u00e1sa \u00fcnnep\u00e9lyess\u00e9 var\u00e1zsolja a k\u00e9pet.\nZ\u00f6ld sz\u00edn jelent\u00e9se: egyens\u00faly, \u00e9let, term\u00e9szet, gy\u00f3gyul\u00e1s, tisztess\u00e9g, becsv\u00e1gy, nyugalom. \nGy\u00f3gy\u00edt\u00f3, m\u00e9regtelen\u00edt\u0151 \u00e9s regener\u00e1l\u00f3, hat\u00e1s\u00fa \u2013 nyitott\u00e1 \u00e9s elfogad\u00f3v\u00e1 tesz\nVil\u00e1gosz\u00f6ld jelent\u00e9se: letisztul\u00e1s, \u00fajj\u00e1sz\u00fclet\u00e9s.Kiv\u00e1l\u00f3an hat az  \u00e9rzelmi fesz\u00fclts\u00e9gek ellen.\nK\u00e9p m\u00e9rete: 25x30 cm.\nAz \u00e1r , kerettel egy\u00fctt \u00e9rtend\u0151.                        ","price":"18000.00","unit":"db","recommended":"0","status":"1","sponsored":"0","exp_notify":"0","own_material":"0","own_material_description_old":null,"own_material_description":"","jury":"0","jury_number":"","product_nature":"","meskaracsony":"0","create_date":"2026-09-04 23:17:32","shelve_id":"68390","image":"peszlenmonika_product_390207_221019133441_4972.jpeg","image_width":"480","image_height":"640","image_alt":"Z\u00f6ld mandala, Wenzl Bori rajz\u00e1nak \u00e1tdolgoz\u00e1s\u00e1val k\u00e9sz\u00fclt ez a mandal\u00e1m. Az \u00fcvegfest\u00e9k csillog\u00e1sa \u00fcnnep\u00e9lyess\u00e9 var\u00e1..., Meska","image_title":"Z\u00f6ld mandala, Meska","view_count":"990","favourite_count":"0","trending_score":"0","last2MonthFavouriteCount":"0","promotion":"0","giftcard_accept":"0","creditcard_accept":true,"enhanced_background":"0","domain":"meska","specific_customer_id":null,"specific_customer_name":null,"to_order_product":"1","to_order_product_time":"6","product_different":null,"product_different_description":"","vintage":"0","vintage_category_id":"0","recycled":"0","gemstone_id":"0","customizable":"0","type_category":"physical","zerowaste":"0","postage_price":"1290.00","shop_order":"0","has_category":"1","landing_pages":null,"microdata":{"number":15,"category":""},"title":"Z\u00f6ld mandala","description":"Wenzl Bori rajz\u00e1nak \u00e1tdolgoz\u00e1s\u00e1val k\u00e9sz\u00fclt ez a mandal\u00e1m. Az \u00fcvegfest\u00e9k csillog\u00e1sa \u00fcnnep\u00e9lyess\u00e9 var\u00e1zsolja a k\u00e9pet.\nZ\u00f6ld sz\u00edn jelent\u00e9se: egyens\u00faly, \u00e9let, term\u00e9szet, gy\u00f3gyul\u00e1s, tisztess\u00e9g, becsv\u00e1gy, nyugalom. \nGy\u00f3gy\u00edt\u00f3, m\u00e9regtelen\u00edt\u0151 \u00e9s regener\u00e1l\u00f3, hat\u00e1s\u00fa \u2013 nyitott\u00e1 \u00e9s elfogad\u00f3v\u00e1 tesz\nVil\u00e1gosz\u00f6ld jelent\u00e9se: letisztul\u00e1s, \u00fajj\u00e1sz\u00fclet\u00e9s.Kiv\u00e1l\u00f3an hat az  \u00e9rzelmi fesz\u00fclts\u00e9gek ellen.\nK\u00e9p m\u00e9rete: 25x30 cm.\nAz \u00e1r , kerettel egy\u00fctt \u00e9rtend\u0151.                        ","score":0,"formatted_price":"18 000 Ft","image_url":"https:\/\/www.meska.hu\/img\/product\/small\/p\/e\/peszlenmonika_product_390207_221019133441_4972.jpeg","formatted_url":"https:\/\/www.meska.hu\/p4812550-zold-mandala","favourite":false,"in_stock":false,"avatar":"peszlenmonika_avatar_390207_1623150181.jpg","delete_from":0,"is_enhanced_background":false,"is_enhanced":false,"product_selection_started":false,"is_active":true,"image_webp_url":"https:\/\/www.meska.hu\/img\/product\/small\/p\/e\/peszlenmonika_product_390207_221019133441_4972.webp"},{"id":"5789751","shop_id":"10151","user_id":"57043","shop_name":"letta","shop_zip":"2510","product_code":"5551259","product_name_old":null,"product_name":"M\u00e1lyv\u00e1k","category_string":"M\u0171v\u00e9szet, Festm\u00e9ny, Akvarell","technic_string":"Fest\u00e9szet","category_1":"357","category_2":"358","category_3":"360","category_4":"0","merged_category_1":null,"merged_category_2":null,"merged_category_3":null,"technic_1":"480","technic_2":"0","technic_3":"0","color_1":"520","color_2":"523","color_3":"529","product_description_old":null,"product_description":"A\/4-es m\u00e9ret\u0171, keret n\u00e9lk\u00fcli akvarell. Szem\u00e9lyes \u00e1tv\u00e9tel Budapesten lehets\u00e9ges.","price":"11000.00","unit":"db","recommended":"0","status":"1","sponsored":"0","exp_notify":"0","own_material":"0","own_material_description_old":null,"own_material_description":"","jury":"0","jury_number":"","product_nature":"","meskaracsony":"0","create_date":"2026-09-04 20:28:19","shelve_id":"44058","image":"letta_product_57043_250512175925_941422.png","image_width":"480","image_height":"373","image_alt":"M\u00e1lyv\u00e1k, A\/4-es m\u00e9ret\u0171, keret n\u00e9lk\u00fcli akvarell. Szem\u00e9lyes \u00e1tv\u00e9tel Budapesten lehets\u00e9ges., Meska","image_title":"M\u00e1lyv\u00e1k, Meska","view_count":"325","favourite_count":"0","trending_score":"0","last2MonthFavouriteCount":"0","promotion":"0","giftcard_accept":"1","creditcard_accept":false,"enhanced_background":"0","domain":"meska","specific_customer_id":null,"specific_customer_name":null,"to_order_product":"0","to_order_product_time":"0","product_different":null,"product_different_description":"","vintage":"0","vintage_category_id":"0","recycled":"0","gemstone_id":"0","customizable":"0","type_category":"physical","zerowaste":"0","postage_price":"1290.00","shop_order":"0","has_category":"1","landing_pages":null,"microdata":{"number":16,"category":""},"title":"M\u00e1lyv\u00e1k","description":"A\/4-es m\u00e9ret\u0171, keret n\u00e9lk\u00fcli akvarell. Szem\u00e9lyes \u00e1tv\u00e9tel Budapesten lehets\u00e9ges.","score":0,"formatted_price":"11 000 Ft","image_url":"https:\/\/www.meska.hu\/img\/product\/small\/l\/e\/letta_product_57043_250512175925_941422.png","formatted_url":"https:\/\/www.meska.hu\/p5551259-malyvak","favourite":false,"in_stock":true,"avatar":"letta_avatar_57043_1547842133.jpg","delete_from":0,"is_enhanced_background":false,"is_enhanced":false,"product_selection_started":false,"is_active":true,"image_webp_url":"https:\/\/www.meska.hu\/img\/product\/small\/l\/e\/letta_product_57043_250512175925_941422.webp"},{"id":"5789791","shop_id":"10151","user_id":"57043","shop_name":"letta","shop_zip":"2510","product_code":"5551273","product_name_old":null,"product_name":"Szeretett nefelejcs","category_string":"M\u0171v\u00e9szet, Festm\u00e9ny, Akvarell","technic_string":"Fest\u00e9szet","category_1":"357","category_2":"358","category_3":"360","category_4":"0","merged_category_1":null,"merged_category_2":null,"merged_category_3":null,"technic_1":"480","technic_2":"0","technic_3":"0","color_1":"521","color_2":"534","color_3":"0","product_description_old":null,"product_description":"Keret n\u00e9lk\u00fcli akvarell. A festett r\u00e9sz m\u00e9rete 21X22 cm. Szem\u00e9lyes \u00e1tv\u00e9tel Budapesten lehets\u00e9ges.","price":"12000.00","unit":"db","recommended":"0","status":"1","sponsored":"0","exp_notify":"0","own_material":"0","own_material_description_old":null,"own_material_description":"","jury":"0","jury_number":"","product_nature":"","meskaracsony":"0","create_date":"2026-09-04 20:25:22","shelve_id":"44058","image":"letta_product_57043_250512183514_13096.jpeg","image_width":"480","image_height":"455","image_alt":"Szeretett nefelejcs, Keret n\u00e9lk\u00fcli akvarell. A festett r\u00e9sz m\u00e9rete 21X22 cm. Szem\u00e9lyes \u00e1tv\u00e9tel Budapesten lehets\u00e9ges...., Meska","image_title":"Szeretett nefelejcs, Meska","view_count":"377","favourite_count":"0","trending_score":"0","last2MonthFavouriteCount":"0","promotion":"0","giftcard_accept":"1","creditcard_accept":false,"enhanced_background":"0","domain":"meska","specific_customer_id":null,"specific_customer_name":null,"to_order_product":"0","to_order_product_time":"0","product_different":null,"product_different_description":"","vintage":"0","vintage_category_id":"0","recycled":"0","gemstone_id":"0","customizable":"0","type_category":"physical","zerowaste":"0","postage_price":"1290.00","shop_order":"0","has_category":"1","landing_pages":null,"microdata":{"number":17,"category":""},"title":"Szeretett nefelejcs","description":"Keret n\u00e9lk\u00fcli akvarell. A festett r\u00e9sz m\u00e9rete 21X22 cm. Szem\u00e9lyes \u00e1tv\u00e9tel Budapesten lehets\u00e9ges.","score":0,"formatted_price":"12 000 Ft","image_url":"https:\/\/www.meska.hu\/img\/product\/small\/l\/e\/letta_product_57043_250512183514_13096.jpeg","formatted_url":"https:\/\/www.meska.hu\/p5551273-szeretett-nefelejcs","favourite":false,"in_stock":true,"avatar":"letta_avatar_57043_1547842133.jpg","delete_from":0,"is_enhanced_background":false,"is_enhanced":false,"product_selection_started":false,"is_active":true,"image_webp_url":"https:\/\/www.meska.hu\/img\/product\/small\/l\/e\/letta_product_57043_250512183514_13096.webp"},{"id":"6354179","shop_id":"50361","user_id":"214171","shop_name":"ButtercupCutie","shop_zip":"9485","product_code":"5865003","product_name_old":null,"product_name":"Absztrakt tavasz","category_string":"M\u0171v\u00e9szet, Festm\u00e9ny, Akril","technic_string":"Fest\u00e9szet","category_1":"357","category_2":"358","category_3":"359","category_4":"0","merged_category_1":null,"merged_category_2":null,"merged_category_3":null,"technic_1":"480","technic_2":"0","technic_3":"0","color_1":"522","color_2":"525","color_3":"529","product_description_old":null,"product_description":"50cm x 50cm m\u00e9ret\u0171, fa kereten nyugv\u00f3 fesz\u00edtett v\u00e1szonra festett akril k\u00e9pemnek szeretn\u00e9k \u00faj Tulajdonost tal\u00e1lni. \n\nA v\u00e1szonra a fest\u00e9k fest\u0151k\u00e9ssel lett felhordva. F\u0151 sz\u00ednei a feh\u00e9r, a r\u00f3zsasz\u00edn \u00e9s a z\u00f6ld. A k\u00e9pen l\u00e1that\u00f3 sz\u00fcrk\u00e9s-lil\u00e1s \u00e1rnyalatok a sz\u00ednek tal\u00e1lkoz\u00e1s\u00e1b\u00f3l j\u00f6ttek l\u00e9tre, nem \u201ctervezett\u201d \u00e1rnyalatok. \ud83d\ude42\n\nA festm\u00e9nyt egy lez\u00e1r\u00f3, annak \u00e1llag\u00e1t meg\u00f3v\u00f3 fest\u00e9kr\u00e9teg fedi, mely f\u00e9nyes hat\u00e1st k\u00f6lcs\u00f6n\u00f6z a k\u00e9pnek. \n\nMindennem\u0171 \u00e9rdekl\u0151d\u00e9s\u00e9rt h\u00e1l\u00e1s vagyok, tov\u00e1bbi k\u00e9peket sz\u00edvesen k\u00fcld\u00f6k. \ud83d\udc95\ud83c\udfa8","price":"25000.00","unit":"db","recommended":"0","status":"1","sponsored":"0","exp_notify":"0","own_material":"0","own_material_description_old":null,"own_material_description":"","jury":"0","jury_number":"","product_nature":"","meskaracsony":"0","create_date":"2026-09-04 16:22:44","shelve_id":"0","image":"buttercupcutie_product_214171_260904161506_160734.jpeg","image_width":"480","image_height":"578","image_alt":"Absztrakt tavasz, 50cm x 50cm m\u00e9ret\u0171, fa kereten nyugv\u00f3 fesz\u00edtett v\u00e1szonra festett akril k\u00e9pemnek szeretn\u00e9k \u00faj Tulajdo..., Meska","image_title":"Absztrakt tavasz, Meska","view_count":"10","favourite_count":"0","trending_score":"0","last2MonthFavouriteCount":"0","promotion":"0","giftcard_accept":"0","creditcard_accept":true,"enhanced_background":"0","domain":"meska","specific_customer_id":null,"specific_customer_name":null,"to_order_product":"0","to_order_product_time":"0","product_different":null,"product_different_description":"","vintage":"0","vintage_category_id":"0","recycled":"0","gemstone_id":"0","customizable":"0","type_category":"physical","zerowaste":"0","postage_price":"2599.00","shop_order":"0","has_category":"1","landing_pages":null,"microdata":{"number":18,"category":""},"title":"Absztrakt tavasz","description":"50cm x 50cm m\u00e9ret\u0171, fa kereten nyugv\u00f3 fesz\u00edtett v\u00e1szonra festett akril k\u00e9pemnek szeretn\u00e9k \u00faj Tulajdonost tal\u00e1lni. \n\nA v\u00e1szonra a fest\u00e9k fest\u0151k\u00e9ssel lett felhordva. F\u0151 sz\u00ednei a feh\u00e9r, a r\u00f3zsasz\u00edn \u00e9s a z\u00f6ld. A k\u00e9pen l\u00e1that\u00f3 sz\u00fcrk\u00e9s-lil\u00e1s \u00e1rnyalatok a sz\u00ednek tal\u00e1lkoz\u00e1s\u00e1b\u00f3l j\u00f6ttek l\u00e9tre, nem \u201ctervezett\u201d \u00e1rnyalatok. \ud83d\ude42\n\nA festm\u00e9nyt egy lez\u00e1r\u00f3, annak \u00e1llag\u00e1t meg\u00f3v\u00f3 fest\u00e9kr\u00e9teg fedi, mely f\u00e9nyes hat\u00e1st k\u00f6lcs\u00f6n\u00f6z a k\u00e9pnek. \n\nMindennem\u0171 \u00e9rdekl\u0151d\u00e9s\u00e9rt h\u00e1l\u00e1s vagyok, tov\u00e1bbi k\u00e9peket sz\u00edvesen k\u00fcld\u00f6k. \ud83d\udc95\ud83c\udfa8","score":0,"formatted_price":"25 000 Ft","image_url":"https:\/\/www.meska.hu\/img\/product\/small\/b\/u\/buttercupcutie_product_214171_260904161506_160734.jpeg","formatted_url":"https:\/\/www.meska.hu\/p5865003-absztrakt-tavasz","favourite":false,"in_stock":true,"avatar":"214171_avatar_1777046556.jpeg","delete_from":0,"is_enhanced_background":false,"is_enhanced":false,"product_selection_started":false,"is_active":true,"image_webp_url":"https:\/\/www.meska.hu\/img\/product\/small\/b\/u\/buttercupcutie_product_214171_260904161506_160734.webp"},{"id":"5788354","shop_id":"38284","user_id":"518552","shop_name":"EstherArt","shop_zip":"6723","product_code":"5550669","product_name_old":null,"product_name":"Akvarell festm\u00e9ny - 3D (2025.)","category_string":"M\u0171v\u00e9szet, Festm\u00e9ny, Akvarell","technic_string":"Fest\u00e9szet","category_1":"357","category_2":"358","category_3":"360","category_4":"0","merged_category_1":null,"merged_category_2":null,"merged_category_3":null,"technic_1":"480","technic_2":"0","technic_3":"0","color_1":"518","color_2":"520","color_3":"521","product_description_old":null,"product_description":"Akvarell fest\u00e9kkel k\u00e9sz\u00fclt egyedi illusztr\u00e1ci\u00f3, k\u00e9zzel festett nem print.\nKedves aj\u00e1nd\u00e9k \u00f6tlet b\u00e1rkinek aki szeret egyedi, k\u00e9zzel k\u00e9sz\u00fclt aj\u00e1nd\u00e9kot adni, de ak\u00e1r az \u00f6n otthona d\u00edsze is lehet. \n\nM\u00e9ret: 42*30 cm. \nKiv\u00e1l\u00f3 min\u0151s\u00e9g\u0171 Burano fekete kartonra (500 gr.) met\u00e1l f\u00e9ny\u0171, csillog\u00f3 akvarell fest\u00e9kkel, ecsettel k\u00e9sz\u00fclt \u00e9s met\u00e1l akril tracing tollal k\u00e9sz\u00fclt 3D hat\u00e1s\u00fa k\u00e9p.\n\nAz \u00e1r a k\u00e9pre vonatkozik (keret, paszpartu nincs hozz\u00e1).\n\nGondosan csomagolva k\u00fcld\u00f6m, nem s\u00e9r\u00fcl. \nSzem\u00e9lyes \u00e1tv\u00e9tel Szegeden lehets\u00e9ges. \u00dczenetben egyeztetj\u00fck a r\u00e9szleteket, keressen b\u00e1tran! \nMinden jog fenntartva!","price":"15000.00","unit":"db","recommended":"0","status":"1","sponsored":"0","exp_notify":"0","own_material":"0","own_material_description_old":null,"own_material_description":"","jury":"0","jury_number":"","product_nature":"","meskaracsony":"0","create_date":"2026-09-04 16:21:26","shelve_id":"80142","image":"estherart_product_518552_250511153325_403374.jpeg","image_width":"480","image_height":"480","image_alt":"Akvarell festm\u00e9ny - 3D (2025.), Akvarell fest\u00e9kkel k\u00e9sz\u00fclt egyedi illusztr\u00e1ci\u00f3, k\u00e9zzel festett nem print.\\nKedves aj\u00e1nd\u00e9k \u00f6tlet b\u00e1rki..., Meska","image_title":"Akvarell festm\u00e9ny - 3D (2025.), Meska","view_count":"257","favourite_count":"0","trending_score":"0","last2MonthFavouriteCount":"0","promotion":"0","giftcard_accept":"0","creditcard_accept":true,"enhanced_background":"0","domain":"meska","specific_customer_id":null,"specific_customer_name":null,"to_order_product":"0","to_order_product_time":"0","product_different":null,"product_different_description":"","vintage":"0","vintage_category_id":"0","recycled":"0","gemstone_id":"0","customizable":"0","type_category":"physical","zerowaste":"0","postage_price":"1290.00","shop_order":"0","has_category":"1","landing_pages":null,"microdata":{"number":19,"category":""},"title":"Akvarell festm\u00e9ny - 3D (2025.)","description":"Akvarell fest\u00e9kkel k\u00e9sz\u00fclt egyedi illusztr\u00e1ci\u00f3, k\u00e9zzel festett nem print.\nKedves aj\u00e1nd\u00e9k \u00f6tlet b\u00e1rkinek aki szeret egyedi, k\u00e9zzel k\u00e9sz\u00fclt aj\u00e1nd\u00e9kot adni, de ak\u00e1r az \u00f6n otthona d\u00edsze is lehet. \n\nM\u00e9ret: 42*30 cm. \nKiv\u00e1l\u00f3 min\u0151s\u00e9g\u0171 Burano fekete kartonra (500 gr.) met\u00e1l f\u00e9ny\u0171, csillog\u00f3 akvarell fest\u00e9kkel, ecsettel k\u00e9sz\u00fclt \u00e9s met\u00e1l akril tracing tollal k\u00e9sz\u00fclt 3D hat\u00e1s\u00fa k\u00e9p.\n\nAz \u00e1r a k\u00e9pre vonatkozik (keret, paszpartu nincs hozz\u00e1).\n\nGondosan csomagolva k\u00fcld\u00f6m, nem s\u00e9r\u00fcl. \nSzem\u00e9lyes \u00e1tv\u00e9tel Szegeden lehets\u00e9ges. \u00dczenetben egyeztetj\u00fck a r\u00e9szleteket, keressen b\u00e1tran! \nMinden jog fenntartva!","score":0,"formatted_price":"15 000 Ft","image_url":"https:\/\/www.meska.hu\/img\/product\/small\/e\/s\/estherart_product_518552_250511153325_403374.jpeg","formatted_url":"https:\/\/www.meska.hu\/p5550669-akvarell-festmeny-3d-2025","favourite":false,"in_stock":true,"avatar":"518552_avatar_1723634647.jpeg","delete_from":0,"is_enhanced_background":false,"is_enhanced":false,"product_selection_started":false,"is_active":true,"image_webp_url":"https:\/\/www.meska.hu\/img\/product\/small\/e\/s\/estherart_product_518552_250511153325_403374.webp"},{"id":"5788355","shop_id":"38284","user_id":"518552","shop_name":"EstherArt","shop_zip":"6723","product_code":"5550670","product_name_old":null,"product_name":"Akvarell festm\u00e9ny - 3D (2025.)","category_string":"M\u0171v\u00e9szet, Festm\u00e9ny, Akvarell","technic_string":"Fest\u00e9szet","category_1":"357","category_2":"358","category_3":"360","category_4":"0","merged_category_1":null,"merged_category_2":null,"merged_category_3":null,"technic_1":"480","technic_2":"0","technic_3":"0","color_1":"512","color_2":"520","color_3":"521","product_description_old":null,"product_description":"Akvarell fest\u00e9kkel k\u00e9sz\u00fclt egyedi illusztr\u00e1ci\u00f3, k\u00e9zzel festett nem print.\nKedves aj\u00e1nd\u00e9k \u00f6tlet b\u00e1rkinek aki szeret egyedi, k\u00e9zzel k\u00e9sz\u00fclt aj\u00e1nd\u00e9kot adni, de ak\u00e1r az \u00f6n otthona d\u00edsze is lehet. \n\nM\u00e9ret: 42*30 cm. \nKiv\u00e1l\u00f3 min\u0151s\u00e9g\u0171 Burano fekete kartonra (500 gr.) met\u00e1l f\u00e9ny\u0171, csillog\u00f3 akvarell fest\u00e9kkel, ecsettel k\u00e9sz\u00fclt \u00e9s met\u00e1l akril tracing tollal k\u00e9sz\u00fclt 3D hat\u00e1s\u00fa k\u00e9p.\n\nAz \u00e1r a k\u00e9pre vonatkozik (keret, paszpartu nincs hozz\u00e1).\n\nGondosan csomagolva k\u00fcld\u00f6m, nem s\u00e9r\u00fcl. \nSzem\u00e9lyes \u00e1tv\u00e9tel Szegeden lehets\u00e9ges. \u00dczenetben egyeztetj\u00fck a r\u00e9szleteket, keressen b\u00e1tran! \nMinden jog fenntartva!","price":"15000.00","unit":"db","recommended":"0","status":"1","sponsored":"0","exp_notify":"0","own_material":"0","own_material_description_old":null,"own_material_description":"","jury":"0","jury_number":"","product_nature":"","meskaracsony":"0","create_date":"2026-09-04 16:21:22","shelve_id":"80142","image":"estherart_product_518552_250511153514_171464.jpeg","image_width":"480","image_height":"480","image_alt":"Akvarell festm\u00e9ny - 3D (2025.), Akvarell fest\u00e9kkel k\u00e9sz\u00fclt egyedi illusztr\u00e1ci\u00f3, k\u00e9zzel festett nem print.\\nKedves aj\u00e1nd\u00e9k \u00f6tlet b\u00e1rki..., Meska","image_title":"Akvarell festm\u00e9ny - 3D (2025.), Meska","view_count":"251","favourite_count":"0","trending_score":"0","last2MonthFavouriteCount":"0","promotion":"0","giftcard_accept":"0","creditcard_accept":true,"enhanced_background":"0","domain":"meska","specific_customer_id":null,"specific_customer_name":null,"to_order_product":"0","to_order_product_time":"0","product_different":null,"product_different_description":"","vintage":"0","vintage_category_id":"0","recycled":"0","gemstone_id":"0","customizable":"0","type_category":"physical","zerowaste":"0","postage_price":"1290.00","shop_order":"0","has_category":"1","landing_pages":null,"microdata":{"number":20,"category":""},"title":"Akvarell festm\u00e9ny - 3D (2025.)","description":"Akvarell fest\u00e9kkel k\u00e9sz\u00fclt egyedi illusztr\u00e1ci\u00f3, k\u00e9zzel festett nem print.\nKedves aj\u00e1nd\u00e9k \u00f6tlet b\u00e1rkinek aki szeret egyedi, k\u00e9zzel k\u00e9sz\u00fclt aj\u00e1nd\u00e9kot adni, de ak\u00e1r az \u00f6n otthona d\u00edsze is lehet. \n\nM\u00e9ret: 42*30 cm. \nKiv\u00e1l\u00f3 min\u0151s\u00e9g\u0171 Burano fekete kartonra (500 gr.) met\u00e1l f\u00e9ny\u0171, csillog\u00f3 akvarell fest\u00e9kkel, ecsettel k\u00e9sz\u00fclt \u00e9s met\u00e1l akril tracing tollal k\u00e9sz\u00fclt 3D hat\u00e1s\u00fa k\u00e9p.\n\nAz \u00e1r a k\u00e9pre vonatkozik (keret, paszpartu nincs hozz\u00e1).\n\nGondosan csomagolva k\u00fcld\u00f6m, nem s\u00e9r\u00fcl. \nSzem\u00e9lyes \u00e1tv\u00e9tel Szegeden lehets\u00e9ges. \u00dczenetben egyeztetj\u00fck a r\u00e9szleteket, keressen b\u00e1tran! \nMinden jog fenntartva!","score":0,"formatted_price":"15 000 Ft","image_url":"https:\/\/www.meska.hu\/img\/product\/small\/e\/s\/estherart_product_518552_250511153514_171464.jpeg","formatted_url":"https:\/\/www.meska.hu\/p5550670-akvarell-festmeny-3d-2025","favourite":false,"in_stock":true,"avatar":"518552_avatar_1723634647.jpeg","delete_from":0,"is_enhanced_background":false,"is_enhanced":false,"product_selection_started":false,"is_active":true,"image_webp_url":"https:\/\/www.meska.hu\/img\/product\/small\/e\/s\/estherart_product_518552_250511153514_171464.webp"},{"id":"4503998","shop_id":"38284","user_id":"518552","shop_name":"EstherArt","shop_zip":"6723","product_code":"4781574","product_name_old":null,"product_name":"Akvarell - Es\u0151ben (2021.)","category_string":"M\u0171v\u00e9szet, Festm\u00e9ny, Akvarell","technic_string":"Fest\u00e9szet","category_1":"357","category_2":"358","category_3":"360","category_4":"0","merged_category_1":null,"merged_category_2":null,"merged_category_3":null,"technic_1":"480","technic_2":"0","technic_3":"0","color_1":"521","color_2":"522","color_3":"525","product_description_old":null,"product_description":"Akvarell technik\u00e1val k\u00e9sz\u00fclt egyedi illusztr\u00e1ci\u00f3, k\u00e9zzel festett nem print.\nKedves aj\u00e1nd\u00e9k \u00f6tlet b\u00e1rkinek aki szeret egyedi, k\u00e9zzel k\u00e9sz\u00fclt aj\u00e1nd\u00e9kot adni, de ak\u00e1r az \u00f6n otthona d\u00edsze is lehet.\n\nKi\u00e1ll\u00edtva: 2024. Szeged, Bibliot\u00e9ka \nKi\u00e1ll\u00edtva: 2024. Ferencsz\u00e1ll\u00e1s, Faluh\u00e1z\n\nM\u00e9ret: A4\nKiv\u00e1l\u00f3 min\u0151s\u00e9g\u0171 300 grammos akvarell kartonra k\u00e9sz\u00fclt. \nAz \u00e1r a k\u00e9pre vonatkozik (keret, paszpartu nincs hozz\u00e1).\n\nA post\u00e1z\u00e1st az \u00e1r nem tartalmazza. Gondosan csomagolva k\u00fcld\u00f6m, nem s\u00e9r\u00fcl. \nSzem\u00e9lyes \u00e1tv\u00e9tel Szegeden lehets\u00e9ges. \n\u00dczenetben egyeztetj\u00fck a r\u00e9szleteket, keressen b\u00e1tran! \nMinden jog fenntartva!","price":"9000.00","unit":"db","recommended":"0","status":"1","sponsored":"0","exp_notify":"0","own_material":"0","own_material_description_old":null,"own_material_description":"","jury":"0","jury_number":"","product_nature":"","meskaracsony":"0","create_date":"2026-09-04 16:21:14","shelve_id":"80135","image":"estherart_product_518552_220922155857_12274.jpeg","image_width":"480","image_height":"617","image_alt":"Akvarell - Es\u0151ben (2021.), Akvarell technik\u00e1val k\u00e9sz\u00fclt egyedi illusztr\u00e1ci\u00f3, k\u00e9zzel festett nem print.\\nKedves aj\u00e1nd\u00e9k \u00f6tlet b\u00e1r..., Meska","image_title":"Akvarell - Es\u0151ben (2021.), Meska","view_count":"1327","favourite_count":"0","trending_score":"0","last2MonthFavouriteCount":"0","promotion":"0","giftcard_accept":"0","creditcard_accept":true,"enhanced_background":"0","domain":"meska","specific_customer_id":null,"specific_customer_name":null,"to_order_product":"0","to_order_product_time":"0","product_different":null,"product_different_description":"","vintage":"0","vintage_category_id":"0","recycled":"0","gemstone_id":"0","customizable":"0","type_category":"physical","zerowaste":"0","postage_price":"1290.00","shop_order":"0","has_category":"1","landing_pages":null,"microdata":{"number":21,"category":""},"title":"Akvarell - Es\u0151ben (2021.)","description":"Akvarell technik\u00e1val k\u00e9sz\u00fclt egyedi illusztr\u00e1ci\u00f3, k\u00e9zzel festett nem print.\nKedves aj\u00e1nd\u00e9k \u00f6tlet b\u00e1rkinek aki szeret egyedi, k\u00e9zzel k\u00e9sz\u00fclt aj\u00e1nd\u00e9kot adni, de ak\u00e1r az \u00f6n otthona d\u00edsze is lehet.\n\nKi\u00e1ll\u00edtva: 2024. Szeged, Bibliot\u00e9ka \nKi\u00e1ll\u00edtva: 2024. Ferencsz\u00e1ll\u00e1s, Faluh\u00e1z\n\nM\u00e9ret: A4\nKiv\u00e1l\u00f3 min\u0151s\u00e9g\u0171 300 grammos akvarell kartonra k\u00e9sz\u00fclt. \nAz \u00e1r a k\u00e9pre vonatkozik (keret, paszpartu nincs hozz\u00e1).\n\nA post\u00e1z\u00e1st az \u00e1r nem tartalmazza. Gondosan csomagolva k\u00fcld\u00f6m, nem s\u00e9r\u00fcl. \nSzem\u00e9lyes \u00e1tv\u00e9tel Szegeden lehets\u00e9ges. \n\u00dczenetben egyeztetj\u00fck a r\u00e9szleteket, keressen b\u00e1tran! \nMinden jog fenntartva!","score":0,"formatted_price":"9 000 Ft","image_url":"https:\/\/www.meska.hu\/img\/product\/small\/e\/s\/estherart_product_518552_220922155857_12274.jpeg","formatted_url":"https:\/\/www.meska.hu\/p4781574-akvarell-esoben-2021","favourite":false,"in_stock":true,"avatar":"518552_avatar_1723634647.jpeg","delete_from":0,"is_enhanced_background":false,"is_enhanced":false,"product_selection_started":false,"is_active":true,"image_webp_url":"https:\/\/www.meska.hu\/img\/product\/small\/e\/s\/estherart_product_518552_220922155857_12274.webp"},{"id":"4503850","shop_id":"38284","user_id":"518552","shop_name":"EstherArt","shop_zip":"6723","product_code":"4781480","product_name_old":null,"product_name":"Akvarell - L\u00e1togat\u00e1s az \u00d6reg H\u00f6lgyn\u00e9l (2021.)","category_string":"M\u0171v\u00e9szet, Festm\u00e9ny, Akvarell","technic_string":"Fest\u00e9szet","category_1":"357","category_2":"358","category_3":"360","category_4":"0","merged_category_1":null,"merged_category_2":null,"merged_category_3":null,"technic_1":"480","technic_2":"0","technic_3":"0","color_1":"522","color_2":"525","color_3":"527","product_description_old":null,"product_description":"Akvarell technik\u00e1val k\u00e9sz\u00fclt egyedi illusztr\u00e1ci\u00f3, k\u00e9zzel festett nem print.\nKedves aj\u00e1nd\u00e9k \u00f6tlet b\u00e1rkinek aki szeret egyedi, k\u00e9zzel k\u00e9sz\u00fclt aj\u00e1nd\u00e9kot adni, de ak\u00e1r az \u00f6n otthona d\u00edsze is lehet.\n\nKi\u00e1ll\u00edtva: 2024. Szeged, Bibliot\u00e9ka \nKi\u00e1ll\u00edtva: 2024. Ferencsz\u00e1ll\u00e1s, Faluh\u00e1z\n\nM\u00e9ret: A4\nKiv\u00e1l\u00f3 min\u0151s\u00e9g\u0171 300 grammos akvarell kartonra k\u00e9sz\u00fclt. \nAz \u00e1r a k\u00e9pre vonatkozik (keret, paszpartu nincs hozz\u00e1).\n\nA post\u00e1z\u00e1st az \u00e1r nem tartalmazza. Gondosan csomagolva k\u00fcld\u00f6m, nem s\u00e9r\u00fcl. \nSzem\u00e9lyes \u00e1tv\u00e9tel Szegeden lehets\u00e9ges. \n\u00dczenetben egyeztetj\u00fck a r\u00e9szleteket, keressen b\u00e1tran! \nMinden jog fenntartva!\n\n \n\n\"A szegediek \u00e1ltal \u00d6reg H\u00f6lgynek bec\u00e9zett Szent Istv\u00e1n t\u00e9ri v\u00edztorony Zielinski Szil\u00e1rd alkot\u00e1sa. Az alkot\u00f3ban az els\u0151 m\u0171szaki doktort, a vasbeton\u00e9p\u00edt\u00e9s meghonos\u00edt\u00f3j\u00e1t, a M\u00e9rn\u00f6ki Kamara els\u0151 eln\u00f6k\u00e9t tisztelhetj\u00fck. A t\u00f6bb mint 100 \u00e9ves v\u00edztorony \u2013 b\u00e1r az id\u0151 vasfoga megt\u00e9p\u00e1zta ruh\u00e1zat\u00e1t \u00e9s \u00e9kszereit \u2013 leny\u0171g\u00f6z\u0151 sz\u00e9ps\u00e9g\u0171, csak csod\u00e1lattal \u00e9s szakmai al\u00e1zattal lehet r\u00e1 tekinteni, k\u00fcl\u00f6n\u00f6sen a mostani \u2013 2006 \u0151sz\u00e9n befejez\u0151d\u00f6tt \u2013 fel\u00faj\u00edt\u00e1sa ut\u00e1n.\n","price":"9000.00","unit":"db","recommended":"0","status":"1","sponsored":"0","exp_notify":"0","own_material":"0","own_material_description_old":null,"own_material_description":"","jury":"0","jury_number":"","product_nature":"","meskaracsony":"0","create_date":"2026-09-04 16:21:12","shelve_id":"80135","image":"estherart_product_518552_220922133316_801464.jpeg","image_width":"480","image_height":"617","image_alt":"Akvarell - L\u00e1togat\u00e1s az \u00d6reg H\u00f6lgyn\u00e9l (2021.), Akvarell technik\u00e1val k\u00e9sz\u00fclt egyedi illusztr\u00e1ci\u00f3, k\u00e9zzel festett nem print.\\nKedves aj\u00e1nd\u00e9k \u00f6tlet b\u00e1r..., Meska","image_title":"Akvarell - L\u00e1togat\u00e1s az \u00d6reg H\u00f6lgyn\u00e9l (2021.), Meska","view_count":"859","favourite_count":"0","trending_score":"0","last2MonthFavouriteCount":"0","promotion":"0","giftcard_accept":"0","creditcard_accept":true,"enhanced_background":"0","domain":"meska","specific_customer_id":null,"specific_customer_name":null,"to_order_product":"0","to_order_product_time":"0","product_different":null,"product_different_description":"","vintage":"0","vintage_category_id":"0","recycled":"0","gemstone_id":"0","customizable":"0","type_category":"physical","zerowaste":"0","postage_price":"1290.00","shop_order":"0","has_category":"1","landing_pages":null,"microdata":{"number":22,"category":""},"title":"Akvarell - L\u00e1togat\u00e1s az \u00d6reg H\u00f6lgyn\u00e9l (2021.)","description":"Akvarell technik\u00e1val k\u00e9sz\u00fclt egyedi illusztr\u00e1ci\u00f3, k\u00e9zzel festett nem print.\nKedves aj\u00e1nd\u00e9k \u00f6tlet b\u00e1rkinek aki szeret egyedi, k\u00e9zzel k\u00e9sz\u00fclt aj\u00e1nd\u00e9kot adni, de ak\u00e1r az \u00f6n otthona d\u00edsze is lehet.\n\nKi\u00e1ll\u00edtva: 2024. Szeged, Bibliot\u00e9ka \nKi\u00e1ll\u00edtva: 2024. Ferencsz\u00e1ll\u00e1s, Faluh\u00e1z\n\nM\u00e9ret: A4\nKiv\u00e1l\u00f3 min\u0151s\u00e9g\u0171 300 grammos akvarell kartonra k\u00e9sz\u00fclt. \nAz \u00e1r a k\u00e9pre vonatkozik (keret, paszpartu nincs hozz\u00e1).\n\nA post\u00e1z\u00e1st az \u00e1r nem tartalmazza. Gondosan csomagolva k\u00fcld\u00f6m, nem s\u00e9r\u00fcl. \nSzem\u00e9lyes \u00e1tv\u00e9tel Szegeden lehets\u00e9ges. \n\u00dczenetben egyeztetj\u00fck a r\u00e9szleteket, keressen b\u00e1tran! \nMinden jog fenntartva!\n\n \n\n\"A szegediek \u00e1ltal \u00d6reg H\u00f6lgynek bec\u00e9zett Szent Istv\u00e1n t\u00e9ri v\u00edztorony Zielinski Szil\u00e1rd alkot\u00e1sa. Az alkot\u00f3ban az els\u0151 m\u0171szaki doktort, a vasbeton\u00e9p\u00edt\u00e9s meghonos\u00edt\u00f3j\u00e1t, a M\u00e9rn\u00f6ki Kamara els\u0151 eln\u00f6k\u00e9t tisztelhetj\u00fck. A t\u00f6bb mint 100 \u00e9ves v\u00edztorony \u2013 b\u00e1r az id\u0151 vasfoga megt\u00e9p\u00e1zta ruh\u00e1zat\u00e1t \u00e9s \u00e9kszereit \u2013 leny\u0171g\u00f6z\u0151 sz\u00e9ps\u00e9g\u0171, csak csod\u00e1lattal \u00e9s szakmai al\u00e1zattal lehet r\u00e1 tekinteni, k\u00fcl\u00f6n\u00f6sen a mostani \u2013 2006 \u0151sz\u00e9n befejez\u0151d\u00f6tt \u2013 fel\u00faj\u00edt\u00e1sa ut\u00e1n.\n","score":0,"formatted_price":"9 000 Ft","image_url":"https:\/\/www.meska.hu\/img\/product\/small\/e\/s\/estherart_product_518552_220922133316_801464.jpeg","formatted_url":"https:\/\/www.meska.hu\/p4781480-akvarell-latogatas-az-oreg-holgynel-2021","favourite":false,"in_stock":true,"avatar":"518552_avatar_1723634647.jpeg","delete_from":0,"is_enhanced_background":false,"is_enhanced":false,"product_selection_started":false,"is_active":true,"image_webp_url":"https:\/\/www.meska.hu\/img\/product\/small\/e\/s\/estherart_product_518552_220922133316_801464.webp"},{"id":"4503334","shop_id":"38284","user_id":"518552","shop_name":"EstherArt","shop_zip":"6723","product_code":"4781208","product_name_old":null,"product_name":"Akvarell - Pipacsok (2021.)","category_string":"M\u0171v\u00e9szet, Festm\u00e9ny, Akvarell","technic_string":"Fest\u00e9szet","category_1":"357","category_2":"358","category_3":"360","category_4":"0","merged_category_1":null,"merged_category_2":null,"merged_category_3":null,"technic_1":"480","technic_2":"0","technic_3":"0","color_1":"521","color_2":"522","color_3":"523","product_description_old":null,"product_description":"Akvarell technik\u00e1val k\u00e9sz\u00fclt egyedi illusztr\u00e1ci\u00f3, k\u00e9zzel festett nem print.\nKedves aj\u00e1nd\u00e9k \u00f6tlet b\u00e1rkinek aki szeret egyedi, k\u00e9zzel k\u00e9sz\u00fclt aj\u00e1nd\u00e9kot adni, de ak\u00e1r az \u00f6n otthona d\u00edsze is lehet.\n \nKi\u00e1ll\u00edtva: 2024. Ferencsz\u00e1ll\u00e1s, Faluh\u00e1z\n\nM\u00e9ret: A4\nKiv\u00e1l\u00f3 min\u0151s\u00e9g\u0171 300 grammos akvarell kartonra k\u00e9sz\u00fclt. \nAz \u00e1r a k\u00e9pre vonatkozik (keret, paszpartu nincs hozz\u00e1).\n\nKi\u00e1ll\u00edtva: 2024. Szeged, Bibliot\u00e9ka \n\nA post\u00e1z\u00e1st az \u00e1r nem tartalmazza. Gondosan csomagolva k\u00fcld\u00f6m, nem s\u00e9r\u00fcl. \nSzem\u00e9lyes \u00e1tv\u00e9tel Szegeden lehets\u00e9ges. \n\u00dczenetben egyeztetj\u00fck a r\u00e9szleteket, keressen b\u00e1tran! \nMinden jog fenntartva!","price":"9000.00","unit":"db","recommended":"0","status":"1","sponsored":"0","exp_notify":"0","own_material":"0","own_material_description_old":null,"own_material_description":"","jury":"0","jury_number":"","product_nature":"","meskaracsony":"0","create_date":"2026-09-04 16:21:09","shelve_id":"80135","image":"estherart_product_518552_220921201107_252351.jpeg","image_width":"480","image_height":"617","image_alt":"Akvarell - Pipacsok (2021.), Akvarell technik\u00e1val k\u00e9sz\u00fclt egyedi illusztr\u00e1ci\u00f3, k\u00e9zzel festett nem print.\\nKedves aj\u00e1nd\u00e9k \u00f6tlet b\u00e1r..., Meska","image_title":"Akvarell - Pipacsok (2021.), Meska","view_count":"1056","favourite_count":"0","trending_score":"0","last2MonthFavouriteCount":"0","promotion":"0","giftcard_accept":"0","creditcard_accept":true,"enhanced_background":"0","domain":"meska","specific_customer_id":null,"specific_customer_name":null,"to_order_product":"0","to_order_product_time":"0","product_different":null,"product_different_description":"","vintage":"0","vintage_category_id":"0","recycled":"0","gemstone_id":"0","customizable":"0","type_category":"physical","zerowaste":"0","postage_price":"1290.00","shop_order":"0","has_category":"1","landing_pages":null,"microdata":{"number":23,"category":""},"title":"Akvarell - Pipacsok (2021.)","description":"Akvarell technik\u00e1val k\u00e9sz\u00fclt egyedi illusztr\u00e1ci\u00f3, k\u00e9zzel festett nem print.\nKedves aj\u00e1nd\u00e9k \u00f6tlet b\u00e1rkinek aki szeret egyedi, k\u00e9zzel k\u00e9sz\u00fclt aj\u00e1nd\u00e9kot adni, de ak\u00e1r az \u00f6n otthona d\u00edsze is lehet.\n \nKi\u00e1ll\u00edtva: 2024. Ferencsz\u00e1ll\u00e1s, Faluh\u00e1z\n\nM\u00e9ret: A4\nKiv\u00e1l\u00f3 min\u0151s\u00e9g\u0171 300 grammos akvarell kartonra k\u00e9sz\u00fclt. \nAz \u00e1r a k\u00e9pre vonatkozik (keret, paszpartu nincs hozz\u00e1).\n\nKi\u00e1ll\u00edtva: 2024. Szeged, Bibliot\u00e9ka \n\nA post\u00e1z\u00e1st az \u00e1r nem tartalmazza. Gondosan csomagolva k\u00fcld\u00f6m, nem s\u00e9r\u00fcl. \nSzem\u00e9lyes \u00e1tv\u00e9tel Szegeden lehets\u00e9ges. \n\u00dczenetben egyeztetj\u00fck a r\u00e9szleteket, keressen b\u00e1tran! \nMinden jog fenntartva!","score":0,"formatted_price":"9 000 Ft","image_url":"https:\/\/www.meska.hu\/img\/product\/small\/e\/s\/estherart_product_518552_220921201107_252351.jpeg","formatted_url":"https:\/\/www.meska.hu\/p4781208-akvarell-pipacsok-2021","favourite":false,"in_stock":true,"avatar":"518552_avatar_1723634647.jpeg","delete_from":0,"is_enhanced_background":false,"is_enhanced":false,"product_selection_started":false,"is_active":true,"image_webp_url":"https:\/\/www.meska.hu\/img\/product\/small\/e\/s\/estherart_product_518552_220921201107_252351.webp"},{"id":"4504170","shop_id":"38284","user_id":"518552","shop_name":"EstherArt","shop_zip":"6723","product_code":"4781681","product_name_old":null,"product_name":"Akvarell - A ny\u00e1r \u00f6l\u00e9ben (2021.)","category_string":"M\u0171v\u00e9szet, Festm\u00e9ny, Akvarell","technic_string":"Fest\u00e9szet","category_1":"357","category_2":"358","category_3":"360","category_4":"0","merged_category_1":null,"merged_category_2":null,"merged_category_3":null,"technic_1":"480","technic_2":"0","technic_3":"0","color_1":"521","color_2":"522","color_3":"526","product_description_old":null,"product_description":"Akvarell technik\u00e1val k\u00e9sz\u00fclt egyedi illusztr\u00e1ci\u00f3, k\u00e9zzel festett nem print.\nKedves aj\u00e1nd\u00e9k \u00f6tlet b\u00e1rkinek aki szeret egyedi, k\u00e9zzel k\u00e9sz\u00fclt aj\u00e1nd\u00e9kot adni, de ak\u00e1r az \u00f6n otthona d\u00edsze is lehet.\n\nKi\u00e1ll\u00edtva: 2024. Szeged, Bibliot\u00e9ka \nKi\u00e1ll\u00edtva: 2024. Ferencsz\u00e1ll\u00e1s, Faluh\u00e1z\n \nM\u00e9ret: A4\nKiv\u00e1l\u00f3 min\u0151s\u00e9g\u0171 300 grammos akvarell kartonra k\u00e9sz\u00fclt. \nAz \u00e1r a k\u00e9pre vonatkozik (keret, paszpartu nincs hozz\u00e1).\n\nA post\u00e1z\u00e1st az \u00e1r tartalmazza. Gondosan csomagolva k\u00fcld\u00f6m, nem s\u00e9r\u00fcl. \nSzem\u00e9lyes \u00e1tv\u00e9tel Szegeden lehets\u00e9ges. \n\u00dczenetben egyeztetj\u00fck a r\u00e9szleteket, keressen b\u00e1tran! \nMinden jog fenntartva!","price":"9000.00","unit":"db","recommended":"0","status":"1","sponsored":"0","exp_notify":"0","own_material":"0","own_material_description_old":null,"own_material_description":"","jury":"0","jury_number":"","product_nature":"","meskaracsony":"0","create_date":"2026-09-04 16:21:06","shelve_id":"80135","image":"estherart_product_518552_220922191844_615857.jpeg","image_width":"480","image_height":"617","image_alt":"Akvarell - A ny\u00e1r \u00f6l\u00e9ben (2021.), Akvarell technik\u00e1val k\u00e9sz\u00fclt egyedi illusztr\u00e1ci\u00f3, k\u00e9zzel festett nem print.\\nKedves aj\u00e1nd\u00e9k \u00f6tlet b\u00e1r..., Meska","image_title":"Akvarell - A ny\u00e1r \u00f6l\u00e9ben (2021.), Meska","view_count":"1097","favourite_count":"0","trending_score":"0","last2MonthFavouriteCount":"0","promotion":"0","giftcard_accept":"0","creditcard_accept":true,"enhanced_background":"0","domain":"meska","specific_customer_id":null,"specific_customer_name":null,"to_order_product":"0","to_order_product_time":"0","product_different":null,"product_different_description":"","vintage":"0","vintage_category_id":"0","recycled":"0","gemstone_id":"0","customizable":"0","type_category":"physical","zerowaste":"0","postage_price":"1290.00","shop_order":"0","has_category":"1","landing_pages":null,"microdata":{"number":24,"category":""},"title":"Akvarell - A ny\u00e1r \u00f6l\u00e9ben (2021.)","description":"Akvarell technik\u00e1val k\u00e9sz\u00fclt egyedi illusztr\u00e1ci\u00f3, k\u00e9zzel festett nem print.\nKedves aj\u00e1nd\u00e9k \u00f6tlet b\u00e1rkinek aki szeret egyedi, k\u00e9zzel k\u00e9sz\u00fclt aj\u00e1nd\u00e9kot adni, de ak\u00e1r az \u00f6n otthona d\u00edsze is lehet.\n\nKi\u00e1ll\u00edtva: 2024. Szeged, Bibliot\u00e9ka \nKi\u00e1ll\u00edtva: 2024. Ferencsz\u00e1ll\u00e1s, Faluh\u00e1z\n \nM\u00e9ret: A4\nKiv\u00e1l\u00f3 min\u0151s\u00e9g\u0171 300 grammos akvarell kartonra k\u00e9sz\u00fclt. \nAz \u00e1r a k\u00e9pre vonatkozik (keret, paszpartu nincs hozz\u00e1).\n\nA post\u00e1z\u00e1st az \u00e1r tartalmazza. Gondosan csomagolva k\u00fcld\u00f6m, nem s\u00e9r\u00fcl. \nSzem\u00e9lyes \u00e1tv\u00e9tel Szegeden lehets\u00e9ges. \n\u00dczenetben egyeztetj\u00fck a r\u00e9szleteket, keressen b\u00e1tran! \nMinden jog fenntartva!","score":0,"formatted_price":"9 000 Ft","image_url":"https:\/\/www.meska.hu\/img\/product\/small\/e\/s\/estherart_product_518552_220922191844_615857.jpeg","formatted_url":"https:\/\/www.meska.hu\/p4781681-akvarell-a-nyar-oleben-2021","favourite":false,"in_stock":true,"avatar":"518552_avatar_1723634647.jpeg","delete_from":0,"is_enhanced_background":false,"is_enhanced":false,"product_selection_started":false,"is_active":true,"image_webp_url":"https:\/\/www.meska.hu\/img\/product\/small\/e\/s\/estherart_product_518552_220922191844_615857.webp"},{"id":"4504055","shop_id":"38284","user_id":"518552","shop_name":"EstherArt","shop_zip":"6723","product_code":"4781607","product_name_old":null,"product_name":"Akvarell - A k\u00eds\u00e9r\u0151 (2021.)","category_string":"M\u0171v\u00e9szet, Festm\u00e9ny, Akvarell","technic_string":"Fest\u00e9szet","category_1":"357","category_2":"358","category_3":"360","category_4":"0","merged_category_1":null,"merged_category_2":null,"merged_category_3":null,"technic_1":"480","technic_2":"0","technic_3":"0","color_1":"521","color_2":"522","color_3":"0","product_description_old":null,"product_description":"Akvarell technik\u00e1val k\u00e9sz\u00fclt egyedi illusztr\u00e1ci\u00f3, k\u00e9zzel festett nem print.\nKedves aj\u00e1nd\u00e9k \u00f6tlet b\u00e1rkinek aki szeret egyedi, k\u00e9zzel k\u00e9sz\u00fclt aj\u00e1nd\u00e9kot adni, de ak\u00e1r az \u00f6n otthona d\u00edsze is lehet.\n \nM\u00e9ret: A4\nKiv\u00e1l\u00f3 min\u0151s\u00e9g\u0171 300 grammos akvarell kartonra k\u00e9sz\u00fclt. \nAz \u00e1r a k\u00e9pre vonatkozik (keret, paszpartu nincs hozz\u00e1).\n\nA post\u00e1z\u00e1st az \u00e1r nem tartalmazza. Gondosan csomagolva k\u00fcld\u00f6m, nem s\u00e9r\u00fcl. \nSzem\u00e9lyes \u00e1tv\u00e9tel Szegeden lehets\u00e9ges. \n\u00dczenetben egyeztetj\u00fck a r\u00e9szleteket, keressen b\u00e1tran! \nMinden jog fenntartva!","price":"6000.00","unit":"db","recommended":"0","status":"1","sponsored":"0","exp_notify":"0","own_material":"0","own_material_description_old":null,"own_material_description":"","jury":"0","jury_number":"","product_nature":"","meskaracsony":"0","create_date":"2026-09-04 16:21:00","shelve_id":"80135","image":"estherart_product_518552_220922170331_300183.jpeg","image_width":"480","image_height":"617","image_alt":"Akvarell - A k\u00eds\u00e9r\u0151 (2021.), Akvarell technik\u00e1val k\u00e9sz\u00fclt egyedi illusztr\u00e1ci\u00f3, k\u00e9zzel festett nem print.\\nKedves aj\u00e1nd\u00e9k \u00f6tlet b\u00e1r..., Meska","image_title":"Akvarell - A k\u00eds\u00e9r\u0151 (2021.), Meska","view_count":"1070","favourite_count":"1","trending_score":"0","last2MonthFavouriteCount":"1","promotion":"0","giftcard_accept":"0","creditcard_accept":true,"enhanced_background":"0","domain":"meska","specific_customer_id":null,"specific_customer_name":null,"to_order_product":"0","to_order_product_time":"0","product_different":null,"product_different_description":"","vintage":"0","vintage_category_id":"0","recycled":"0","gemstone_id":"0","customizable":"0","type_category":"physical","zerowaste":"0","postage_price":"1290.00","shop_order":"0","has_category":"1","landing_pages":null,"microdata":{"number":25,"category":""},"title":"Akvarell - A k\u00eds\u00e9r\u0151 (2021.)","description":"Akvarell technik\u00e1val k\u00e9sz\u00fclt egyedi illusztr\u00e1ci\u00f3, k\u00e9zzel festett nem print.\nKedves aj\u00e1nd\u00e9k \u00f6tlet b\u00e1rkinek aki szeret egyedi, k\u00e9zzel k\u00e9sz\u00fclt aj\u00e1nd\u00e9kot adni, de ak\u00e1r az \u00f6n otthona d\u00edsze is lehet.\n \nM\u00e9ret: A4\nKiv\u00e1l\u00f3 min\u0151s\u00e9g\u0171 300 grammos akvarell kartonra k\u00e9sz\u00fclt. \nAz \u00e1r a k\u00e9pre vonatkozik (keret, paszpartu nincs hozz\u00e1).\n\nA post\u00e1z\u00e1st az \u00e1r nem tartalmazza. Gondosan csomagolva k\u00fcld\u00f6m, nem s\u00e9r\u00fcl. \nSzem\u00e9lyes \u00e1tv\u00e9tel Szegeden lehets\u00e9ges. \n\u00dczenetben egyeztetj\u00fck a r\u00e9szleteket, keressen b\u00e1tran! \nMinden jog fenntartva!","score":0,"formatted_price":"6 000 Ft","image_url":"https:\/\/www.meska.hu\/img\/product\/small\/e\/s\/estherart_product_518552_220922170331_300183.jpeg","formatted_url":"https:\/\/www.meska.hu\/p4781607-akvarell-a-kisero-2021","favourite":false,"in_stock":true,"avatar":"518552_avatar_1723634647.jpeg","delete_from":0,"is_enhanced_background":false,"is_enhanced":false,"product_selection_started":false,"is_active":true,"image_webp_url":"https:\/\/www.meska.hu\/img\/product\/small\/e\/s\/estherart_product_518552_220922170331_300183.webp"},{"id":"5305060","shop_id":"38284","user_id":"518552","shop_name":"EstherArt","shop_zip":"6723","product_code":"5271180","product_name_old":null,"product_name":"Akvarell - St\u00e9gen (2021.)","category_string":"M\u0171v\u00e9szet, Festm\u00e9ny, Akvarell","technic_string":"Fest\u00e9szet","category_1":"357","category_2":"358","category_3":"360","category_4":"0","merged_category_1":null,"merged_category_2":null,"merged_category_3":null,"technic_1":"480","technic_2":"0","technic_3":"0","color_1":"521","color_2":"522","color_3":"568","product_description_old":null,"product_description":"Akvarell technik\u00e1val k\u00e9sz\u00fclt egyedi illusztr\u00e1ci\u00f3, k\u00e9zzel festett nem print.\nKedves aj\u00e1nd\u00e9k \u00f6tlet b\u00e1rkinek aki szeret egyedi, k\u00e9zzel k\u00e9sz\u00fclt aj\u00e1nd\u00e9kot adni, de ak\u00e1r az \u00f6n otthona d\u00edsze is lehet.\n \nM\u00e9ret: A4\nKiv\u00e1l\u00f3 min\u0151s\u00e9g\u0171 300 grammos Fabriano akvarell kartonra k\u00e9sz\u00fclt. \nAz \u00e1r a k\u00e9pre vonatkozik (keret, paszpartu nincs hozz\u00e1).\n\nA post\u00e1z\u00e1st az \u00e1r nem tartalmazza. Gondosan csomagolva k\u00fcld\u00f6m, nem s\u00e9r\u00fcl. \nSzem\u00e9lyes \u00e1tv\u00e9tel Szegeden lehets\u00e9ges. \n\u00dczenetben egyeztetj\u00fck a r\u00e9szleteket, keressen b\u00e1tran! \nMinden jog fenntartva!","price":"9000.00","unit":"db","recommended":"0","status":"1","sponsored":"0","exp_notify":"0","own_material":"0","own_material_description_old":null,"own_material_description":"","jury":"0","jury_number":"","product_nature":"","meskaracsony":"0","create_date":"2026-09-04 16:20:54","shelve_id":"80135","image":"estherart_product_518552_240420204929_850464.jpeg","image_width":"480","image_height":"544","image_alt":"Akvarell - St\u00e9gen (2021.), Akvarell technik\u00e1val k\u00e9sz\u00fclt egyedi illusztr\u00e1ci\u00f3, k\u00e9zzel festett nem print.\\nKedves aj\u00e1nd\u00e9k \u00f6tlet b\u00e1r..., Meska","image_title":"Akvarell - St\u00e9gen (2021.), Meska","view_count":"526","favourite_count":"0","trending_score":"0","last2MonthFavouriteCount":"0","promotion":"0","giftcard_accept":"0","creditcard_accept":true,"enhanced_background":"0","domain":"meska","specific_customer_id":null,"specific_customer_name":null,"to_order_product":"0","to_order_product_time":"0","product_different":null,"product_different_description":"","vintage":"0","vintage_category_id":"0","recycled":"0","gemstone_id":"0","customizable":"0","type_category":"physical","zerowaste":"0","postage_price":"1290.00","shop_order":"0","has_category":"1","landing_pages":null,"microdata":{"number":26,"category":""},"title":"Akvarell - St\u00e9gen (2021.)","description":"Akvarell technik\u00e1val k\u00e9sz\u00fclt egyedi illusztr\u00e1ci\u00f3, k\u00e9zzel festett nem print.\nKedves aj\u00e1nd\u00e9k \u00f6tlet b\u00e1rkinek aki szeret egyedi, k\u00e9zzel k\u00e9sz\u00fclt aj\u00e1nd\u00e9kot adni, de ak\u00e1r az \u00f6n otthona d\u00edsze is lehet.\n \nM\u00e9ret: A4\nKiv\u00e1l\u00f3 min\u0151s\u00e9g\u0171 300 grammos Fabriano akvarell kartonra k\u00e9sz\u00fclt. \nAz \u00e1r a k\u00e9pre vonatkozik (keret, paszpartu nincs hozz\u00e1).\n\nA post\u00e1z\u00e1st az \u00e1r nem tartalmazza. Gondosan csomagolva k\u00fcld\u00f6m, nem s\u00e9r\u00fcl. \nSzem\u00e9lyes \u00e1tv\u00e9tel Szegeden lehets\u00e9ges. \n\u00dczenetben egyeztetj\u00fck a r\u00e9szleteket, keressen b\u00e1tran! \nMinden jog fenntartva!","score":0,"formatted_price":"9 000 Ft","image_url":"https:\/\/www.meska.hu\/img\/product\/small\/e\/s\/estherart_product_518552_240420204929_850464.jpeg","formatted_url":"https:\/\/www.meska.hu\/p5271180-akvarell-stegen-2021","favourite":false,"in_stock":true,"avatar":"518552_avatar_1723634647.jpeg","delete_from":0,"is_enhanced_background":false,"is_enhanced":false,"product_selection_started":false,"is_active":true,"image_webp_url":"https:\/\/www.meska.hu\/img\/product\/small\/e\/s\/estherart_product_518552_240420204929_850464.webp"},{"id":"6354172","shop_id":"36638","user_id":"484304","shop_name":"HildArt","shop_zip":"3526","product_code":"5864996","product_name_old":null,"product_name":"T\u00fcrkizbe z\u00e1rt szabads\u00e1g ","category_string":"M\u0171v\u00e9szet, Festm\u00e9ny, Akril","technic_string":"Fest\u00e9szet","category_1":"357","category_2":"358","category_3":"359","category_4":"0","merged_category_1":null,"merged_category_2":null,"merged_category_3":null,"technic_1":"480","technic_2":"0","technic_3":"0","color_1":"512","color_2":"528","color_3":"0","product_description_old":null,"product_description":"Egyedi, k\u00e9zzel festett akrilfestm\u00e9ny, amelyen k\u00e9t apr\u00f3 mad\u00e1r \u00e9s stiliz\u00e1lt, k\u00e9kes-k\u00e9k vir\u00e1gok\/levelek fon\u00f3dnak \u00f6ssze a t\u00fcrkiz h\u00e1tt\u00e9r el\u0151tt.\n\n30x40cm-es keretezett v\u00e1szonra k\u00e9sz\u00fclt. ","price":"9000.00","unit":"db","recommended":"0","status":"1","sponsored":"0","exp_notify":"0","own_material":"0","own_material_description_old":null,"own_material_description":"","jury":"0","jury_number":"","product_nature":"","meskaracsony":"0","create_date":"2026-09-04 16:16:47","shelve_id":"0","image":"hildart_product_484304_260904161216_069370.png","image_width":"480","image_height":"720","image_alt":"T\u00fcrkizbe z\u00e1rt szabads\u00e1g , Egyedi, k\u00e9zzel festett akrilfestm\u00e9ny, amelyen k\u00e9t apr\u00f3 mad\u00e1r \u00e9s stiliz\u00e1lt, k\u00e9kes-k\u00e9k vir\u00e1gok\/levelek..., Meska","image_title":"T\u00fcrkizbe z\u00e1rt szabads\u00e1g , Meska","view_count":"12","favourite_count":"0","trending_score":"0","last2MonthFavouriteCount":"0","promotion":"0","giftcard_accept":"0","creditcard_accept":false,"enhanced_background":"0","domain":"meska","specific_customer_id":null,"specific_customer_name":null,"to_order_product":"0","to_order_product_time":"0","product_different":null,"product_different_description":"","vintage":"0","vintage_category_id":"0","recycled":"0","gemstone_id":"0","customizable":"0","type_category":"physical","zerowaste":"0","postage_price":"2599.00","shop_order":"0","has_category":"1","landing_pages":null,"microdata":{"number":27,"category":""},"title":"T\u00fcrkizbe z\u00e1rt szabads\u00e1g ","description":"Egyedi, k\u00e9zzel festett akrilfestm\u00e9ny, amelyen k\u00e9t apr\u00f3 mad\u00e1r \u00e9s stiliz\u00e1lt, k\u00e9kes-k\u00e9k vir\u00e1gok\/levelek fon\u00f3dnak \u00f6ssze a t\u00fcrkiz h\u00e1tt\u00e9r el\u0151tt.\n\n30x40cm-es keretezett v\u00e1szonra k\u00e9sz\u00fclt. ","score":0,"formatted_price":"9 000 Ft","image_url":"https:\/\/www.meska.hu\/img\/product\/small\/h\/i\/hildart_product_484304_260904161216_069370.png","formatted_url":"https:\/\/www.meska.hu\/p5864996-turkizbe-zart-szabadsag","favourite":false,"in_stock":true,"avatar":"484304_avatar_1788530727.png","delete_from":0,"is_enhanced_background":false,"is_enhanced":false,"product_selection_started":false,"is_active":true,"image_webp_url":"https:\/\/www.meska.hu\/img\/product\/small\/h\/i\/hildart_product_484304_260904161216_069370.webp"},{"id":"6064571","shop_id":"29709","user_id":"371419","shop_name":"Hexartdesign","shop_zip":"1183","product_code":"5697800","product_name_old":null,"product_name":"N\u00e9met boxer portr\u00e9 - eredeti akvarell festm\u00e9ny (nagy m\u00e9ret \/ 30x40 cm)","category_string":"M\u0171v\u00e9szet, Festm\u00e9ny, Akvarell","technic_string":"Fot\u00f3, grafika, rajz, illusztr\u00e1ci\u00f3, Fest\u00e9szet","category_1":"357","category_2":"358","category_3":"360","category_4":"0","merged_category_1":null,"merged_category_2":null,"merged_category_3":null,"technic_1":"483","technic_2":"480","technic_3":"0","color_1":"514","color_2":"526","color_3":"529","product_description_old":null,"product_description":"Hexart Design - Eredeti festm\u00e9ny\n\nN\u00e9met boxer portr\u00e9 - eredeti akvarell festm\u00e9ny\n\nK\u00e9szterm\u00e9k, ez\u00e9rt ha tetszik, akkor a megrendel\u00e9s ut\u00e1n n\u00e9h\u00e1ny napon bel\u00fcl k\u00e9zhez is kapod. A nagyobb csomag m\u00e9ret miatt, csak h\u00e1zhozsz\u00e1ll\u00edt\u00e1st tudsz v\u00e1lasztani (lehet munkahelyi c\u00edm is, csak jelezd majd).\n\n\u201e \u201e \u201e Ebben az eredeti akvarell festm\u00e9nyben a n\u00e9met boxerek im\u00e1dnival\u00f3, szeleburdi jellem\u00e9t \u00e9s azt a hatalmas \u00e9letszeretetet szerettem volna meg\u00f6r\u00f6k\u00edteni, ami minden mozdulatukb\u00f3l \u00e1rad. K\u00e9zzel festett, egyedi alkot\u00e1s, ahol a v\u00edzfest\u00e9k k\u00f6nnyeds\u00e9ge \u00e9s a laz\u00e1n kezelt, fr\u00f6ccsen\u0151 r\u00e9szletek adj\u00e1k meg a k\u00e9p dinamik\u00e1j\u00e1t. A kutya feh\u00e9r sz\u0151rzet\u00e9nek tisztas\u00e1g\u00e1t vibr\u00e1l\u00f3 z\u00f6ld h\u00e1tt\u00e9rrel \u00e9s a sz\u00e1j\u00e1ban l\u00e9v\u0151 narancss\u00e1rga j\u00e1t\u00e9k vid\u00e1m foltj\u00e1val emeltem ki. A legfontosabb r\u00e9szlet azonban az a k\u00e9t ig\u00e9z\u0151en j\u00e9gk\u00e9k szem, ami h\u0171s\u00e9get \u00e9s pajkoss\u00e1got sug\u00e1roz egyszerre. Ez a festm\u00e9ny garant\u00e1ltan \u00e9lettel t\u00f6lti meg a faladat, \u00e9s minden alkalommal mosolyt csal az arcodra, amikor r\u00e1n\u00e9zel. T\u00f6k\u00e9letes v\u00e1laszt\u00e1s boxer-rajong\u00f3knak vagy b\u00e1rkinek, aki \u00e9rt\u00e9keli a vid\u00e1m, karakteres \u00e1llatportr\u00e9kat. \u201d \u201d \u201d\n\nHa eredeti festm\u00e9nyt v\u00e1s\u00e1rolsz, igaz\u00e1n k\u00fcl\u00f6nleges t\u00e1rgy tulajdonosa lehetsz. Valamint remek aj\u00e1nd\u00e9k is lehet sz\u00fclet\u00e9snapra, kar\u00e1csonyra, \u00e9vfordul\u00f3ra stb.\n\nMegv\u00e1s\u00e1rolhatod keret n\u00e9lk\u00fcl vagy a k\u00e9pen l\u00e1that\u00f3 30x40-es feh\u00e9r kerettel (fel\u00e1ras opci\u00f3ban) egy\u00fctt is.\n\nHa megn\u00e9zn\u00e9d, hogy jelenleg milyen k\u00e9sz \u00e9s eredeti festm\u00e9nyek el\u00e9rhet\u0151ek, akkor az al\u00e1bbi linkre kattintva megteheted:\nhttps:\/\/www.meska.hu\/shop\/Hexartdesign?s=68537\n\nHa a k\u00e9szterm\u00e9k kateg\u00f3ri\u00e1ban nem tal\u00e1lt\u00e1l sz\u00e1modra megfelel\u0151t, de szeretn\u00e9l saj\u00e1t fot\u00f3db\u00f3l festm\u00e9nyt, akkor v\u00e1laszd a Rendel\u00e9sre k\u00e9sz\u00fcl\u0151 \u00e1llatportr\u00e9k kateg\u00f3ri\u00e1t. Legyen sz\u00f3 kuty\u00e1r\u00f3l, cic\u00e1r\u00f3l, nyuszir\u00f3l vagy ak\u00e1r egzotikus \u00e1llatr\u00f3l fordulj hozz\u00e1m bizalommal. Kattints az al\u00e1bbi linkre:\nhttps:\/\/www.meska.hu\/shop\/Hexartdesign?s=72378\n\nTerm\u00e9kle\u00edr\u00e1s:\n\u2022 a festm\u00e9ny m\u00e9rete kb.: 300x400 mm\n\u2022 a legmagasabb f\u00e9ny\u00e1ll\u00f3s\u00e1ggal rendelkez\u0151 akvarell \u00e9s gouache fest\u00e9kekkel k\u00e9sz\u00fclt\n\u2022 100%-os pamut akvarell m\u0171v\u00e9sz pap\u00edrra k\u00e9sz\u00fclt\n\u2022 k\u00e9rheted keret n\u00e9lk\u00fcl (ha te szeretn\u00e9d keretezni) vagy feh\u00e9r kerettel (fel\u00e1ras opci\u00f3)\n\n30x40-es feh\u00e9r keret (fel\u00e1ras opci\u00f3):\n\u2022 k\u00fcls\u0151 m\u00e9rete: 33x43 cm\n\u2022 el\u0151lapja polisztir\u00e9n m\u0171anyag\n\u2022 falra akasztva haszn\u00e1lhat\u00f3\n\nSzerz\u0151i jog:\nAz eredeti festm\u00e9ny tulajdonjoga a v\u00e1s\u00e1rl\u00f3\u00e9 lesz, azonban a v\u00e1s\u00e1rl\u00f3 a festm\u00e9nyt semmilyen form\u00e1ban nem m\u00e1solhatja, gy\u00e1rthatja \u00e9s sokszoros\u00edthatja. \n\nA k\u00e9p illusztr\u00e1ci\u00f3:\nA k\u00e9pen l\u00e1that\u00f3 kieg\u00e9sz\u00edt\u0151 dekor\u00e1ci\u00f3s k\u00f6rnyezet csak illusztr\u00e1ci\u00f3, ami nem k\u00e9pezi a term\u00e9k r\u00e9sz\u00e9t. A feh\u00e9r keret fel\u00e1ras opci\u00f3.","price":"44900.00","unit":"db","recommended":"0","status":"1","sponsored":"0","exp_notify":"0","own_material":"0","own_material_description_old":null,"own_material_description":"","jury":"0","jury_number":"","product_nature":"","meskaracsony":"0","create_date":"2026-09-04 16:14:02","shelve_id":"68537","image":"hexartdesign_product_371419_260107141616_48898.jpeg","image_width":"480","image_height":"480","image_alt":"N\u00e9met boxer portr\u00e9 - eredeti akvarell festm\u00e9ny (nagy m\u00e9ret \/ 30x40 cm), Hexart Design - Eredeti festm\u00e9ny\\n\\nN\u00e9met boxer portr\u00e9 - eredeti akvarell festm\u00e9ny\\n\\nK\u00e9szterm\u00e9k, ez\u00e9rt ..., Meska","image_title":"N\u00e9met boxer portr\u00e9 - eredeti akvarell festm\u00e9ny (nagy m\u00e9ret \/ 30x40 cm), Meska","view_count":"135","favourite_count":"0","trending_score":"0","last2MonthFavouriteCount":"0","promotion":"0","giftcard_accept":"1","creditcard_accept":true,"enhanced_background":"0","domain":"meska","specific_customer_id":null,"specific_customer_name":null,"to_order_product":"0","to_order_product_time":"0","product_different":null,"product_different_description":"","vintage":"0","vintage_category_id":"0","recycled":"0","gemstone_id":"0","customizable":"0","type_category":"physical","zerowaste":"0","postage_price":"2490.00","shop_order":"0","has_category":"1","landing_pages":null,"microdata":{"number":28,"category":""},"title":"N\u00e9met boxer portr\u00e9 - eredeti akvarell festm\u00e9ny (nagy m\u00e9ret \/ 30x40 cm)","description":"Hexart Design - Eredeti festm\u00e9ny\n\nN\u00e9met boxer portr\u00e9 - eredeti akvarell festm\u00e9ny\n\nK\u00e9szterm\u00e9k, ez\u00e9rt ha tetszik, akkor a megrendel\u00e9s ut\u00e1n n\u00e9h\u00e1ny napon bel\u00fcl k\u00e9zhez is kapod. A nagyobb csomag m\u00e9ret miatt, csak h\u00e1zhozsz\u00e1ll\u00edt\u00e1st tudsz v\u00e1lasztani (lehet munkahelyi c\u00edm is, csak jelezd majd).\n\n\u201e \u201e \u201e Ebben az eredeti akvarell festm\u00e9nyben a n\u00e9met boxerek im\u00e1dnival\u00f3, szeleburdi jellem\u00e9t \u00e9s azt a hatalmas \u00e9letszeretetet szerettem volna meg\u00f6r\u00f6k\u00edteni, ami minden mozdulatukb\u00f3l \u00e1rad. K\u00e9zzel festett, egyedi alkot\u00e1s, ahol a v\u00edzfest\u00e9k k\u00f6nnyeds\u00e9ge \u00e9s a laz\u00e1n kezelt, fr\u00f6ccsen\u0151 r\u00e9szletek adj\u00e1k meg a k\u00e9p dinamik\u00e1j\u00e1t. A kutya feh\u00e9r sz\u0151rzet\u00e9nek tisztas\u00e1g\u00e1t vibr\u00e1l\u00f3 z\u00f6ld h\u00e1tt\u00e9rrel \u00e9s a sz\u00e1j\u00e1ban l\u00e9v\u0151 narancss\u00e1rga j\u00e1t\u00e9k vid\u00e1m foltj\u00e1val emeltem ki. A legfontosabb r\u00e9szlet azonban az a k\u00e9t ig\u00e9z\u0151en j\u00e9gk\u00e9k szem, ami h\u0171s\u00e9get \u00e9s pajkoss\u00e1got sug\u00e1roz egyszerre. Ez a festm\u00e9ny garant\u00e1ltan \u00e9lettel t\u00f6lti meg a faladat, \u00e9s minden alkalommal mosolyt csal az arcodra, amikor r\u00e1n\u00e9zel. T\u00f6k\u00e9letes v\u00e1laszt\u00e1s boxer-rajong\u00f3knak vagy b\u00e1rkinek, aki \u00e9rt\u00e9keli a vid\u00e1m, karakteres \u00e1llatportr\u00e9kat. \u201d \u201d \u201d\n\nHa eredeti festm\u00e9nyt v\u00e1s\u00e1rolsz, igaz\u00e1n k\u00fcl\u00f6nleges t\u00e1rgy tulajdonosa lehetsz. Valamint remek aj\u00e1nd\u00e9k is lehet sz\u00fclet\u00e9snapra, kar\u00e1csonyra, \u00e9vfordul\u00f3ra stb.\n\nMegv\u00e1s\u00e1rolhatod keret n\u00e9lk\u00fcl vagy a k\u00e9pen l\u00e1that\u00f3 30x40-es feh\u00e9r kerettel (fel\u00e1ras opci\u00f3ban) egy\u00fctt is.\n\nHa megn\u00e9zn\u00e9d, hogy jelenleg milyen k\u00e9sz \u00e9s eredeti festm\u00e9nyek el\u00e9rhet\u0151ek, akkor az al\u00e1bbi linkre kattintva megteheted:\nhttps:\/\/www.meska.hu\/shop\/Hexartdesign?s=68537\n\nHa a k\u00e9szterm\u00e9k kateg\u00f3ri\u00e1ban nem tal\u00e1lt\u00e1l sz\u00e1modra megfelel\u0151t, de szeretn\u00e9l saj\u00e1t fot\u00f3db\u00f3l festm\u00e9nyt, akkor v\u00e1laszd a Rendel\u00e9sre k\u00e9sz\u00fcl\u0151 \u00e1llatportr\u00e9k kateg\u00f3ri\u00e1t. Legyen sz\u00f3 kuty\u00e1r\u00f3l, cic\u00e1r\u00f3l, nyuszir\u00f3l vagy ak\u00e1r egzotikus \u00e1llatr\u00f3l fordulj hozz\u00e1m bizalommal. Kattints az al\u00e1bbi linkre:\nhttps:\/\/www.meska.hu\/shop\/Hexartdesign?s=72378\n\nTerm\u00e9kle\u00edr\u00e1s:\n\u2022 a festm\u00e9ny m\u00e9rete kb.: 300x400 mm\n\u2022 a legmagasabb f\u00e9ny\u00e1ll\u00f3s\u00e1ggal rendelkez\u0151 akvarell \u00e9s gouache fest\u00e9kekkel k\u00e9sz\u00fclt\n\u2022 100%-os pamut akvarell m\u0171v\u00e9sz pap\u00edrra k\u00e9sz\u00fclt\n\u2022 k\u00e9rheted keret n\u00e9lk\u00fcl (ha te szeretn\u00e9d keretezni) vagy feh\u00e9r kerettel (fel\u00e1ras opci\u00f3)\n\n30x40-es feh\u00e9r keret (fel\u00e1ras opci\u00f3):\n\u2022 k\u00fcls\u0151 m\u00e9rete: 33x43 cm\n\u2022 el\u0151lapja polisztir\u00e9n m\u0171anyag\n\u2022 falra akasztva haszn\u00e1lhat\u00f3\n\nSzerz\u0151i jog:\nAz eredeti festm\u00e9ny tulajdonjoga a v\u00e1s\u00e1rl\u00f3\u00e9 lesz, azonban a v\u00e1s\u00e1rl\u00f3 a festm\u00e9nyt semmilyen form\u00e1ban nem m\u00e1solhatja, gy\u00e1rthatja \u00e9s sokszoros\u00edthatja. \n\nA k\u00e9p illusztr\u00e1ci\u00f3:\nA k\u00e9pen l\u00e1that\u00f3 kieg\u00e9sz\u00edt\u0151 dekor\u00e1ci\u00f3s k\u00f6rnyezet csak illusztr\u00e1ci\u00f3, ami nem k\u00e9pezi a term\u00e9k r\u00e9sz\u00e9t. A feh\u00e9r keret fel\u00e1ras opci\u00f3.","score":0,"formatted_price":"44 900 Ft","image_url":"https:\/\/www.meska.hu\/img\/product\/small\/h\/e\/hexartdesign_product_371419_260107141616_48898.jpeg","formatted_url":"https:\/\/www.meska.hu\/p5697800-nemet-boxer-portre-eredeti-akvarell-festmeny-nagy-meret-30x40-cm","favourite":false,"in_stock":true,"avatar":"Hexartdesign_avatar_371419_1589358772.jpg","delete_from":0,"is_enhanced_background":false,"is_enhanced":false,"product_selection_started":false,"is_active":true,"image_webp_url":"https:\/\/www.meska.hu\/img\/product\/small\/h\/e\/hexartdesign_product_371419_260107141616_48898.webp"},{"id":"6354150","shop_id":"30809","user_id":"390886","shop_name":"FodAn","shop_zip":"2051","product_code":"5864985","product_name_old":null,"product_name":"Vizsla a h\u00e1z el\u0151tt ","category_string":"M\u0171v\u00e9szet, Festm\u00e9ny, Akril","technic_string":"Famegmunk\u00e1l\u00e1s, Fest\u00e9szet","category_1":"357","category_2":"358","category_3":"359","category_4":"0","merged_category_1":null,"merged_category_2":null,"merged_category_3":null,"technic_1":"478","technic_2":"480","technic_3":"0","color_1":"514","color_2":"534","color_3":"0","product_description_old":null,"product_description":"F\u00e1ra, akrillal festett, falra akaszthat\u00f3 egyedi dekor\u00e1ci\u00f3. M\u00e9rete 20x13 cm, plusz az akaszt\u00f3s dr\u00f3tos r\u00e9sz. D\u00edsz\u00edt\u00e9snek kis f\u00e9m kieg\u00e9sz\u00edt\u0151ket haszn\u00e1ltam.","price":"8500.00","unit":"db","recommended":"0","status":"1","sponsored":"0","exp_notify":"0","own_material":"0","own_material_description_old":null,"own_material_description":"","jury":"0","jury_number":"","product_nature":"","meskaracsony":"0","create_date":"2026-09-04 15:47:55","shelve_id":"0","image":"fodan_product_390886_260904154436_144456.jpeg","image_width":"480","image_height":"621","image_alt":"Vizsla a h\u00e1z el\u0151tt , F\u00e1ra, akrillal festett, falra akaszthat\u00f3 egyedi dekor\u00e1ci\u00f3. M\u00e9rete 20x13 cm, plusz az akaszt\u00f3s dr\u00f3tos..., Meska","image_title":"Vizsla a h\u00e1z el\u0151tt , Meska","view_count":"15","favourite_count":"0","trending_score":"0","last2MonthFavouriteCount":"0","promotion":"0","giftcard_accept":"1","creditcard_accept":false,"enhanced_background":"0","domain":"meska","specific_customer_id":null,"specific_customer_name":null,"to_order_product":"1","to_order_product_time":"9","product_different":null,"product_different_description":"","vintage":"0","vintage_category_id":"0","recycled":"0","gemstone_id":"0","customizable":"0","type_category":"physical","zerowaste":"0","postage_price":"1290.00","shop_order":"1","has_category":"1","landing_pages":null,"microdata":{"number":29,"category":""},"title":"Vizsla a h\u00e1z el\u0151tt ","description":"F\u00e1ra, akrillal festett, falra akaszthat\u00f3 egyedi dekor\u00e1ci\u00f3. M\u00e9rete 20x13 cm, plusz az akaszt\u00f3s dr\u00f3tos r\u00e9sz. D\u00edsz\u00edt\u00e9snek kis f\u00e9m kieg\u00e9sz\u00edt\u0151ket haszn\u00e1ltam.","score":0,"formatted_price":"8 500 Ft","image_url":"https:\/\/www.meska.hu\/img\/product\/small\/f\/o\/fodan_product_390886_260904154436_144456.jpeg","formatted_url":"https:\/\/www.meska.hu\/p5864985-vizsla-a-haz-elott","favourite":false,"in_stock":false,"avatar":"FodAn_avatar_390886_1603626645.jpg","delete_from":0,"is_enhanced_background":false,"is_enhanced":false,"product_selection_started":false,"is_active":true,"image_webp_url":"https:\/\/www.meska.hu\/img\/product\/small\/f\/o\/fodan_product_390886_260904154436_144456.webp"},{"id":"6270744","shop_id":"48423","user_id":"709255","shop_name":"HTerezArt","shop_zip":"6425","product_code":"5815066","product_name_old":null,"product_name":"Gyurgyalagok , Olajfestm\u00e9ny","category_string":"M\u0171v\u00e9szet, Festm\u00e9ny, Olajfestm\u00e9ny","technic_string":"Fest\u00e9szet, Festett t\u00e1rgyak","category_1":"357","category_2":"358","category_3":"361","category_4":"0","merged_category_1":null,"merged_category_2":null,"merged_category_3":null,"technic_1":"480","technic_2":"481","technic_3":"0","color_1":"521","color_2":"526","color_3":"528","product_description_old":null,"product_description":"Eredeti, k\u00e9zzel festett, szign\u00f3zott, saj\u00e1t alkot\u00e1s \" Gyurgyalagok\" c\u00edm\u0171 olajfestm\u00e9ny.\nAnyaga: olajfest\u00e9k, fesz\u00edtett v\u00e1szon, ,lakk,akaszt\u00f3\nM\u00e9rete: 55x38cm\nA festm\u00e9ny oldalai is festve vannak, \u00edgy nem ig\u00e9nyel keretez\u00e9st. A k\u00e9p fel\u00fclete lakkoz\u00e1ssal v\u00e9dve.\nAkaszt\u00f3val van ell\u00e1tva,azonnal falra tehet\u0151.\nK\u00e9peim sz\u00e1ml\u00e1val ker\u00fclnek \u00e1tad\u00e1sra.\n\n\nPost\u00e1z\u00e1s biztons\u00e1gos csomagol\u00e1sban t\u00f6rt\u00e9nik,szem\u00e9lyes \u00e1tv\u00e9telre Szegeden van lehet\u0151s\u00e9g.\n","price":"50000.00","unit":"db","recommended":"0","status":"1","sponsored":"0","exp_notify":"0","own_material":"0","own_material_description_old":null,"own_material_description":"","jury":"0","jury_number":"","product_nature":"","meskaracsony":"0","create_date":"2026-09-04 15:17:36","shelve_id":"0","image":"hterezart_product_709255_260704154848_804424.jpeg","image_width":"480","image_height":"640","image_alt":"Gyurgyalagok , Olajfestm\u00e9ny, Eredeti, k\u00e9zzel festett, szign\u00f3zott, saj\u00e1t alkot\u00e1s \\\" Gyurgyalagok\\\" c\u00edm\u0171 olajfestm\u00e9ny.\\nAnyaga: olajfe..., Meska","image_title":"Gyurgyalagok , Olajfestm\u00e9ny, Meska","view_count":"136","favourite_count":"2","trending_score":"0","last2MonthFavouriteCount":"2","promotion":"0","giftcard_accept":"0","creditcard_accept":false,"enhanced_background":"0","domain":"meska","specific_customer_id":null,"specific_customer_name":null,"to_order_product":"0","to_order_product_time":"0","product_different":null,"product_different_description":"","vintage":"0","vintage_category_id":"0","recycled":"0","gemstone_id":"0","customizable":"0","type_category":"physical","zerowaste":"0","postage_price":"2390.00","shop_order":"0","has_category":"1","landing_pages":null,"microdata":{"number":30,"category":""},"title":"Gyurgyalagok , Olajfestm\u00e9ny","description":"Eredeti, k\u00e9zzel festett, szign\u00f3zott, saj\u00e1t alkot\u00e1s \" Gyurgyalagok\" c\u00edm\u0171 olajfestm\u00e9ny.\nAnyaga: olajfest\u00e9k, fesz\u00edtett v\u00e1szon, ,lakk,akaszt\u00f3\nM\u00e9rete: 55x38cm\nA festm\u00e9ny oldalai is festve vannak, \u00edgy nem ig\u00e9nyel keretez\u00e9st. A k\u00e9p fel\u00fclete lakkoz\u00e1ssal v\u00e9dve.\nAkaszt\u00f3val van ell\u00e1tva,azonnal falra tehet\u0151.\nK\u00e9peim sz\u00e1ml\u00e1val ker\u00fclnek \u00e1tad\u00e1sra.\n\n\nPost\u00e1z\u00e1s biztons\u00e1gos csomagol\u00e1sban t\u00f6rt\u00e9nik,szem\u00e9lyes \u00e1tv\u00e9telre Szegeden van lehet\u0151s\u00e9g.\n","score":0,"formatted_price":"50 000 Ft","image_url":"https:\/\/www.meska.hu\/img\/product\/small\/h\/t\/hterezart_product_709255_260704154848_804424.jpeg","formatted_url":"https:\/\/www.meska.hu\/p5815066-gyurgyalagok-olajfestmeny","favourite":false,"in_stock":true,"avatar":"709255_avatar_1750072635.jpeg","delete_from":0,"is_enhanced_background":false,"is_enhanced":false,"product_selection_started":false,"is_active":true,"image_webp_url":"https:\/\/www.meska.hu\/img\/product\/small\/h\/t\/hterezart_product_709255_260704154848_804424.webp"},{"id":"6098604","shop_id":"48423","user_id":"709255","shop_name":"HTerezArt","shop_zip":"6425","product_code":"5722457","product_name_old":null,"product_name":"Feh\u00e9r K\u00e1l\u00e1k , Olajfestm\u00e9ny","category_string":"M\u0171v\u00e9szet, Festm\u00e9ny, Olajfestm\u00e9ny","technic_string":"Fest\u00e9szet, Festett t\u00e1rgyak","category_1":"357","category_2":"358","category_3":"361","category_4":"0","merged_category_1":null,"merged_category_2":null,"merged_category_3":null,"technic_1":"480","technic_2":"481","technic_3":"0","color_1":"515","color_2":"519","color_3":"529","product_description_old":null,"product_description":"\nEredeti, k\u00e9zzel festett, szign\u00f3zott, saj\u00e1t alkot\u00e1s Feh\u00e9r k\u00e1l\u00e1k c\u00edm\u0171 olajfestm\u00e9ny.\nAnyaga: olajfest\u00e9k, fesz\u00edtett v\u00e1szon, lakk,akaszt\u00f3\nM\u00e9rete: 60x40cm\nA festm\u00e9ny oldalai is festve vannak, \u00edgy nem ig\u00e9nyel keretez\u00e9st.\nAkaszt\u00f3val van ell\u00e1tva,azonnal falra tehet\u0151.\n\n\nPost\u00e1z\u00e1s biztons\u00e1gos csomagol\u00e1sban t\u00f6rt\u00e9nik, szem\u00e9lyes \u00e1tv\u00e9telre Szegeden van lehet\u0151s\u00e9g.","price":"50000.00","unit":"db","recommended":"0","status":"1","sponsored":"0","exp_notify":"0","own_material":"0","own_material_description_old":null,"own_material_description":"","jury":"0","jury_number":"","product_nature":"","meskaracsony":"0","create_date":"2026-09-04 13:53:28","shelve_id":"0","image":"hterezart_product_709255_260131070540_192628.jpeg","image_width":"480","image_height":"640","image_alt":"Feh\u00e9r K\u00e1l\u00e1k , Olajfestm\u00e9ny, \\nEredeti, k\u00e9zzel festett, szign\u00f3zott, saj\u00e1t alkot\u00e1s Feh\u00e9r k\u00e1l\u00e1k c\u00edm\u0171 olajfestm\u00e9ny.\\nAnyaga: olajfest\u00e9..., Meska","image_title":"Feh\u00e9r K\u00e1l\u00e1k , Olajfestm\u00e9ny, Meska","view_count":"179","favourite_count":"0","trending_score":"0","last2MonthFavouriteCount":"0","promotion":"0","giftcard_accept":"0","creditcard_accept":false,"enhanced_background":"0","domain":"meska","specific_customer_id":null,"specific_customer_name":null,"to_order_product":"0","to_order_product_time":"0","product_different":null,"product_different_description":"","vintage":"0","vintage_category_id":"0","recycled":"0","gemstone_id":"0","customizable":"0","type_category":"physical","zerowaste":"0","postage_price":"2390.00","shop_order":"0","has_category":"1","landing_pages":null,"microdata":{"number":31,"category":""},"title":"Feh\u00e9r K\u00e1l\u00e1k , Olajfestm\u00e9ny","description":"\nEredeti, k\u00e9zzel festett, szign\u00f3zott, saj\u00e1t alkot\u00e1s Feh\u00e9r k\u00e1l\u00e1k c\u00edm\u0171 olajfestm\u00e9ny.\nAnyaga: olajfest\u00e9k, fesz\u00edtett v\u00e1szon, lakk,akaszt\u00f3\nM\u00e9rete: 60x40cm\nA festm\u00e9ny oldalai is festve vannak, \u00edgy nem ig\u00e9nyel keretez\u00e9st.\nAkaszt\u00f3val van ell\u00e1tva,azonnal falra tehet\u0151.\n\n\nPost\u00e1z\u00e1s biztons\u00e1gos csomagol\u00e1sban t\u00f6rt\u00e9nik, szem\u00e9lyes \u00e1tv\u00e9telre Szegeden van lehet\u0151s\u00e9g.","score":0,"formatted_price":"50 000 Ft","image_url":"https:\/\/www.meska.hu\/img\/product\/small\/h\/t\/hterezart_product_709255_260131070540_192628.jpeg","formatted_url":"https:\/\/www.meska.hu\/p5722457-feher-kalak-olajfestmeny","favourite":false,"in_stock":true,"avatar":"709255_avatar_1750072635.jpeg","delete_from":0,"is_enhanced_background":false,"is_enhanced":false,"product_selection_started":false,"is_active":true,"image_webp_url":"https:\/\/www.meska.hu\/img\/product\/small\/h\/t\/hterezart_product_709255_260131070540_192628.webp"},{"id":"6353967","shop_id":"24637","user_id":"282350","shop_name":"artizmoksa","shop_zip":"1142","product_code":"5864910","product_name_old":null,"product_name":"Dunakanyar \/ 20x20cm \/ festm\u00e9ny, v\u00e1szonk\u00e9p \/ Nagymaros Zebeg\u00e9ny Visegr\u00e1d D\u00f6m\u00f6s","category_string":"M\u0171v\u00e9szet, Festm\u00e9ny, Akril","technic_string":"Fest\u00e9szet","category_1":"357","category_2":"358","category_3":"359","category_4":"0","merged_category_1":null,"merged_category_2":null,"merged_category_3":null,"technic_1":"480","technic_2":"0","technic_3":"0","color_1":"518","color_2":"521","color_3":"528","product_description_old":null,"product_description":"Dunakanyar  fel\u00fcln\u00e9zetb\u0151l k\u00e9sz\u00fclt el met\u00e1l-s\u00f6t\u00e9tt\u00fcrkiz akrilfest\u00e9kkel \u00e9s ez\u00fcst\u00f6s k\u00e9kes stencilfest\u00e9kkel, mely aDuna viz\u00e9nek \u00e1raml\u00e1s\u00e1t \u00e1br\u00e1zolja fest\u0151ien.\nA h\u00e1tteret fest\u00e9k p\u00f6tty\u00f6k, gesztusszer\u0171 vonalak tark\u00edtj\u00e1k absztrakt ir\u00e1nyban.\nA festm\u00e9nyen 4db telep\u00fcl\u00e9st jell\u00f6ltem meg ez\u00fcst\u00f6s korongokkal: Visegr\u00e1d, Nagymaros, D\u00f6m\u00f6s, Zebeg\u00e9ny, b\u00e1r nem felt\u0171n\u0151en Lepence s\u00e9 Pilismar\u00f3t k\u00f6zel\u00e9be is elhelyeztem p\u00e1r mini t\u00fckr\u00f6z\u0151d\u0151 pontot.\n\nM\u00e9ret: 20 x 20 cm\nV\u00e1szonra k\u00e9sz\u00fclt, melynek vastags\u00e1ga 2cm.\n\nEgyedi megrendel\u00e9s, vagy egy\u00e9b k\u00e9rd\u00e9s \u00e9s k\u00e9r\u00e9s eset\u00e9n forduljon hozz\u00e1m bizalommal!\nSramk\u00f3 Zita","price":"12800.00","unit":"db","recommended":"0","status":"1","sponsored":"0","exp_notify":"0","own_material":"0","own_material_description_old":null,"own_material_description":"","jury":"0","jury_number":"","product_nature":"","meskaracsony":"0","create_date":"2026-09-04 12:36:07","shelve_id":"60184","image":"artizmoksa_product_282350_260904122946_195795.jpeg","image_width":"480","image_height":"480","image_alt":"Dunakanyar \/ 20x20cm \/ festm\u00e9ny, v\u00e1szonk\u00e9p \/ Nagymaros Zebeg\u00e9ny Visegr\u00e1d D\u00f6m\u00f6s, Dunakanyar  fel\u00fcln\u00e9zetb\u0151l k\u00e9sz\u00fclt el met\u00e1l-s\u00f6t\u00e9tt\u00fcrkiz akrilfest\u00e9kkel \u00e9s ez\u00fcst\u00f6s k\u00e9kes stencilfest\u00e9k..., Meska","image_title":"Dunakanyar \/ 20x20cm \/ festm\u00e9ny, v\u00e1szonk\u00e9p \/ Nagymaros Zebeg\u00e9ny Visegr\u00e1d D\u00f6m\u00f6s, Meska","view_count":"15","favourite_count":"0","trending_score":"0","last2MonthFavouriteCount":"0","promotion":"0","giftcard_accept":"0","creditcard_accept":true,"enhanced_background":"0","domain":"meska","specific_customer_id":null,"specific_customer_name":null,"to_order_product":"0","to_order_product_time":"0","product_different":null,"product_different_description":"","vintage":"0","vintage_category_id":"0","recycled":"0","gemstone_id":"0","customizable":"0","type_category":"physical","zerowaste":"0","postage_price":"2599.00","shop_order":"0","has_category":"1","landing_pages":null,"microdata":{"number":32,"category":""},"title":"Dunakanyar \/ 20x20cm \/ festm\u00e9ny, v\u00e1szonk\u00e9p \/ Nagymaros Zebeg\u00e9ny Visegr\u00e1d D\u00f6m\u00f6s","description":"Dunakanyar  fel\u00fcln\u00e9zetb\u0151l k\u00e9sz\u00fclt el met\u00e1l-s\u00f6t\u00e9tt\u00fcrkiz akrilfest\u00e9kkel \u00e9s ez\u00fcst\u00f6s k\u00e9kes stencilfest\u00e9kkel, mely aDuna viz\u00e9nek \u00e1raml\u00e1s\u00e1t \u00e1br\u00e1zolja fest\u0151ien.\nA h\u00e1tteret fest\u00e9k p\u00f6tty\u00f6k, gesztusszer\u0171 vonalak tark\u00edtj\u00e1k absztrakt ir\u00e1nyban.\nA festm\u00e9nyen 4db telep\u00fcl\u00e9st jell\u00f6ltem meg ez\u00fcst\u00f6s korongokkal: Visegr\u00e1d, Nagymaros, D\u00f6m\u00f6s, Zebeg\u00e9ny, b\u00e1r nem felt\u0171n\u0151en Lepence s\u00e9 Pilismar\u00f3t k\u00f6zel\u00e9be is elhelyeztem p\u00e1r mini t\u00fckr\u00f6z\u0151d\u0151 pontot.\n\nM\u00e9ret: 20 x 20 cm\nV\u00e1szonra k\u00e9sz\u00fclt, melynek vastags\u00e1ga 2cm.\n\nEgyedi megrendel\u00e9s, vagy egy\u00e9b k\u00e9rd\u00e9s \u00e9s k\u00e9r\u00e9s eset\u00e9n forduljon hozz\u00e1m bizalommal!\nSramk\u00f3 Zita","score":0,"formatted_price":"12 800 Ft","image_url":"https:\/\/www.meska.hu\/img\/product\/small\/a\/r\/artizmoksa_product_282350_260904122946_195795.jpeg","formatted_url":"https:\/\/www.meska.hu\/p5864910-dunakanyar-20x20cm-festmeny-vaszonkep-nagymaros-zebegeny-visegrad-domos","favourite":false,"in_stock":true,"avatar":"artizmoksa_avatar_282350_1650899592.jpg","delete_from":0,"is_enhanced_background":false,"is_enhanced":false,"product_selection_started":false,"is_active":true,"image_webp_url":"https:\/\/www.meska.hu\/img\/product\/small\/a\/r\/artizmoksa_product_282350_260904122946_195795.webp"},{"id":"5673450","shop_id":"47833","user_id":"676229","shop_name":"AMuveszHaza","shop_zip":"6000","product_code":"5486055","product_name_old":null,"product_name":"Egy R\u00e9gi L\u00e1tom\u00e1s","category_string":"M\u0171v\u00e9szet, Festm\u00e9ny, Akril","technic_string":"Fest\u00e9szet","category_1":"357","category_2":"358","category_3":"359","category_4":"0","merged_category_1":null,"merged_category_2":null,"merged_category_3":null,"technic_1":"480","technic_2":"0","technic_3":"0","color_1":"519","color_2":"520","color_3":"521","product_description_old":null,"product_description":"Egy festm\u00e9ny, ami kis m\u00e9rete ellen\u00e9re egy eg\u00e9sz vil\u00e1got rejt mag\u00e1ban. Te mit l\u00e1tsz meg benne?\n\nEgyedileg festett akril festm\u00e9ny, fesz\u00edtett v\u00e1szonra.\n\nC\u00edm: Egy R\u00e9gi L\u00e1tom\u00e1s\nM\u00e9ret: 20 x 20 cm\n\nA csomagot h\u00e1rom munkanapon bel\u00fcl adom fel.\n","price":"5500.00","unit":"db","recommended":"0","status":"1","sponsored":"0","exp_notify":"0","own_material":"0","own_material_description_old":null,"own_material_description":"","jury":"0","jury_number":"","product_nature":"","meskaracsony":"0","create_date":"2026-09-04 11:06:30","shelve_id":"79426","image":"amuveszhaza_product_676229_250127212242_69320.jpeg","image_width":"480","image_height":"480","image_alt":"Egy R\u00e9gi L\u00e1tom\u00e1s, Egy festm\u00e9ny, ami kis m\u00e9rete ellen\u00e9re egy eg\u00e9sz vil\u00e1got rejt mag\u00e1ban. Te mit l\u00e1tsz meg benne?\\n\\nEgyed..., Meska","image_title":"Egy R\u00e9gi L\u00e1tom\u00e1s, Meska","view_count":"276","favourite_count":"0","trending_score":"0","last2MonthFavouriteCount":"0","promotion":"0","giftcard_accept":"0","creditcard_accept":true,"enhanced_background":"0","domain":"meska","specific_customer_id":null,"specific_customer_name":null,"to_order_product":"0","to_order_product_time":"0","product_different":null,"product_different_description":"","vintage":"0","vintage_category_id":"0","recycled":"0","gemstone_id":"0","customizable":"0","type_category":"physical","zerowaste":"0","postage_price":"1290.00","shop_order":"0","has_category":"1","landing_pages":null,"microdata":{"number":33,"category":""},"title":"Egy R\u00e9gi L\u00e1tom\u00e1s","description":"Egy festm\u00e9ny, ami kis m\u00e9rete ellen\u00e9re egy eg\u00e9sz vil\u00e1got rejt mag\u00e1ban. Te mit l\u00e1tsz meg benne?\n\nEgyedileg festett akril festm\u00e9ny, fesz\u00edtett v\u00e1szonra.\n\nC\u00edm: Egy R\u00e9gi L\u00e1tom\u00e1s\nM\u00e9ret: 20 x 20 cm\n\nA csomagot h\u00e1rom munkanapon bel\u00fcl adom fel.\n","score":0,"formatted_price":"5 500 Ft","image_url":"https:\/\/www.meska.hu\/img\/product\/small\/a\/m\/amuveszhaza_product_676229_250127212242_69320.jpeg","formatted_url":"https:\/\/www.meska.hu\/p5486055-egy-regi-latomas","favourite":false,"in_stock":true,"avatar":"676229_avatar_1737752919.jpeg","delete_from":0,"is_enhanced_background":false,"is_enhanced":false,"product_selection_started":false,"is_active":true,"image_webp_url":"https:\/\/www.meska.hu\/img\/product\/small\/a\/m\/amuveszhaza_product_676229_250127212242_69320.webp"},{"id":"4506372","shop_id":"21890","user_id":"233361","shop_name":"MolnARTIlcsi","shop_zip":"2071","product_code":"4783476","product_name_old":null,"product_name":"T\u00f6v\u00e9ben ... ","category_string":"M\u0171v\u00e9szet, Festm\u00e9ny, Akril","technic_string":"Fest\u00e9szet","category_1":"357","category_2":"358","category_3":"359","category_4":"0","merged_category_1":null,"merged_category_2":null,"merged_category_3":null,"technic_1":"480","technic_2":"0","technic_3":"0","color_1":"512","color_2":"520","color_3":"528","product_description_old":null,"product_description":"A val\u00f3 \u00e9letben is megtal\u00e1lhat\u00f3ak ezek az alkot\u00e1sok, a most nem \u00edrhatom le hol van :) apr\u00f3cska m\u0171helyemben.\n\nEz az alkot\u00e1som vegyes technika \u00e9s akril fest\u00e9s, m\u00e9dia mix anyaghaszn\u00e1lat\u0171, egyedi text\u00fara, egy 40 x 50 cm-es falapra, ami egy \u00fajrahasznos\u00edtott faanyag. Keretez\u00e9t nem ig\u00e9nyel, de aki szeretn\u00e9, keretet is \u00e1lmodg\u00f3hat k\u00f6r\u00e9.\nHangulatk\u00e9p, t\u00e1jk\u00e9p, egyszer\u0171 sz\u00ednek \u00e9s form\u00e1k...\n\nEgy k\u00e9sz\u00fclt bel\u0151le, t\u00f6bb nem, ilyen nem sikeredik m\u00e1r :)\n\u00c1tv\u00e9tel szem\u00e9lyesen Budapesten \u00e9s P\u00e1tyon, valamint a k\u00f6zeli k\u00f6rny\u00e9ken :) .\n\nA prezent\u00e1ci\u00f3 digit\u00e1lis.\nEgyedi \u00f6tlet \u00e9s kivitelez\u00e9s, Moln\u00e1r Ilcsi munka :)\n\n\u00c9ke lehet a lak\u00e1snak, ha ezt a st\u00edlust szereti \u00e9s b\u00edrja :)\n\n- A befot\u00f3z\u00e1saim sokszor tartalmaznak randon felv\u00e9teleket, nem ut\u00f3munk\u00e1zott, \u00e9s be\u00e1ll\u00edtott fot\u00f3kat. Mi\u00e9rt ? Mert \u00edgy dolgozom :), \u00e9s amikor egy egy fest\u00e9sem elk\u00e9sz\u00fclt, vagy v\u00e1r a sz\u00e1rad\u00e1s\u00e1ra, kell egy \" na k\u00e9szen van :) \" felv\u00e9tel is . -\n\n\n\n\nMIEL\u0150TT KOS\u00c1RBA TESZED, \u00cdRJ \u00dcZIT ! LEHET, HOGY M\u00c1R A VAL\u00d3 VIL\u00c1GBAN ELKELT, \u00c9S AZ \u00c1TFED\u00c9S CSAK P\u00c1R \u00d3RA... BESZ\u00c9LJ\u00dcNK, MIEL\u0150TT MEGV\u00c1S\u00c1ROLOD ! ","price":"50000.00","unit":"db","recommended":"0","status":"1","sponsored":"0","exp_notify":"0","own_material":"0","own_material_description_old":null,"own_material_description":"","jury":"0","jury_number":"","product_nature":"","meskaracsony":"0","create_date":"2026-09-04 08:40:36","shelve_id":"0","image":"molnartilcsi_product_233361_220924094453_765839.jpeg","image_width":"480","image_height":"648","image_alt":"T\u00f6v\u00e9ben ... , A val\u00f3 \u00e9letben is megtal\u00e1lhat\u00f3ak ezek az alkot\u00e1sok, a most nem \u00edrhatom le hol van :) apr\u00f3cska m\u0171hely..., Meska","image_title":"T\u00f6v\u00e9ben ... , Meska","view_count":"1409","favourite_count":"0","trending_score":"0","last2MonthFavouriteCount":"0","promotion":"0","giftcard_accept":"0","creditcard_accept":false,"enhanced_background":"0","domain":"meska","specific_customer_id":null,"specific_customer_name":null,"to_order_product":"0","to_order_product_time":"0","product_different":null,"product_different_description":"","vintage":"0","vintage_category_id":"0","recycled":"0","gemstone_id":"0","customizable":"0","type_category":"physical","zerowaste":"0","postage_price":"3300.00","shop_order":"1","has_category":"1","landing_pages":null,"microdata":{"number":34,"category":""},"title":"T\u00f6v\u00e9ben ... ","description":"A val\u00f3 \u00e9letben is megtal\u00e1lhat\u00f3ak ezek az alkot\u00e1sok, a most nem \u00edrhatom le hol van :) apr\u00f3cska m\u0171helyemben.\n\nEz az alkot\u00e1som vegyes technika \u00e9s akril fest\u00e9s, m\u00e9dia mix anyaghaszn\u00e1lat\u0171, egyedi text\u00fara, egy 40 x 50 cm-es falapra, ami egy \u00fajrahasznos\u00edtott faanyag. Keretez\u00e9t nem ig\u00e9nyel, de aki szeretn\u00e9, keretet is \u00e1lmodg\u00f3hat k\u00f6r\u00e9.\nHangulatk\u00e9p, t\u00e1jk\u00e9p, egyszer\u0171 sz\u00ednek \u00e9s form\u00e1k...\n\nEgy k\u00e9sz\u00fclt bel\u0151le, t\u00f6bb nem, ilyen nem sikeredik m\u00e1r :)\n\u00c1tv\u00e9tel szem\u00e9lyesen Budapesten \u00e9s P\u00e1tyon, valamint a k\u00f6zeli k\u00f6rny\u00e9ken :) .\n\nA prezent\u00e1ci\u00f3 digit\u00e1lis.\nEgyedi \u00f6tlet \u00e9s kivitelez\u00e9s, Moln\u00e1r Ilcsi munka :)\n\n\u00c9ke lehet a lak\u00e1snak, ha ezt a st\u00edlust szereti \u00e9s b\u00edrja :)\n\n- A befot\u00f3z\u00e1saim sokszor tartalmaznak randon felv\u00e9teleket, nem ut\u00f3munk\u00e1zott, \u00e9s be\u00e1ll\u00edtott fot\u00f3kat. Mi\u00e9rt ? Mert \u00edgy dolgozom :), \u00e9s amikor egy egy fest\u00e9sem elk\u00e9sz\u00fclt, vagy v\u00e1r a sz\u00e1rad\u00e1s\u00e1ra, kell egy \" na k\u00e9szen van :) \" felv\u00e9tel is . -\n\n\n\n\nMIEL\u0150TT KOS\u00c1RBA TESZED, \u00cdRJ \u00dcZIT ! LEHET, HOGY M\u00c1R A VAL\u00d3 VIL\u00c1GBAN ELKELT, \u00c9S AZ \u00c1TFED\u00c9S CSAK P\u00c1R \u00d3RA... BESZ\u00c9LJ\u00dcNK, MIEL\u0150TT MEGV\u00c1S\u00c1ROLOD ! ","score":0,"formatted_price":"50 000 Ft","image_url":"https:\/\/www.meska.hu\/img\/product\/small\/m\/o\/molnartilcsi_product_233361_220924094453_765839.jpeg","formatted_url":"https:\/\/www.meska.hu\/p4783476-toveben","favourite":false,"in_stock":true,"avatar":"MolnARTIlcsi_avatar_233361_1657524590.jpg","delete_from":0,"is_enhanced_background":false,"is_enhanced":false,"product_selection_started":false,"is_active":true,"image_webp_url":"https:\/\/www.meska.hu\/img\/product\/small\/m\/o\/molnartilcsi_product_233361_220924094453_765839.webp"},{"id":"4844590","shop_id":"21890","user_id":"233361","shop_name":"MolnARTIlcsi","shop_zip":"2071","product_code":"4983708","product_name_old":null,"product_name":"Pink zene","category_string":"M\u0171v\u00e9szet, Festm\u00e9ny, Festm\u00e9ny vegyes technika","technic_string":"Fest\u00e9szet","category_1":"357","category_2":"358","category_3":"363","category_4":"0","merged_category_1":null,"merged_category_2":null,"merged_category_3":null,"technic_1":"480","technic_2":"0","technic_3":"0","color_1":"514","color_2":"519","color_3":"791","product_description_old":null,"product_description":"\" Pink zene \" \n\nA t\u00e8m\u00e1t m\u00e1r feldolgoztam, most akvarell\/ marker m\u00e9diummal egy A\/4-es sima pap\u00edrra.\n\nMoln\u00e1r Ilcsi munka, ha szeretn\u00e9d, lehet ;) \n\n\n\nEredeti k\u00e9zi fest\u00e9sem, ami keretez\u00e9st ig\u00e9nyel ( itt digit\u00e1lis prezent\u00e1ci\u00f3 a keretez\u00e9s ) , \u00f3vjuk a nedvess\u00e9gt\u0151l.\n\nAnyagok :  pap\u00edr, akvarell, marker\n\nA munk\u00e1imr\u00f3l minden esetben eredetis\u00e9g igazol\u00e1st \u00e1ll\u00edtok ki, melyet pdf.-ben az email c\u00edmedre k\u00fcld\u00f6k meg ! , valamint szign\u00f3zott minden fest\u00e9sem. A h\u00e1toldalon szem\u00e9lyes nyilatkozat tal\u00e1lhat\u00f3 az anyaghaszn\u00e1latr\u00f3l, m\u00e9retr\u0151l, a k\u00e9sz\u00edt\u00e9s d\u00e1tum\u00e1r\u00f3l.\n\n- A befot\u00f3z\u00e1saim sokszor tartalmaznak randon felv\u00e9teleket, nem ut\u00f3munk\u00e1zott, \u00e9s be\u00e1ll\u00edtott fot\u00f3kat. Mi\u00e9rt ? Mert \u00edgy dolgozom :), \u00e9s amikor egy egy fest\u00e9sem elk\u00e9sz\u00fclt, vagy v\u00e1r a sz\u00e1rad\u00e1s\u00e1ra, kell egy \" na k\u00e9szen van :) \" felv\u00e9tel is . -\n\nSzem\u00e9lyes \u00e1tv\u00e9tel lehets\u00e9ges Budapesten.\n\nSzeretn\u00e9k j\u00f3 kommunik\u00e1ci\u00f3t, kedves \u00e9s j\u00f3 fej vagyok :), vallom : mindent meg lehet besz\u00e9lni, sz\u00e9pen.\n\nA fest\u00e9seim az \u00e9n vil\u00e1gom, az Ilcsi - vil\u00e1ga. Ha tetszik \u00f6r\u00fcl\u00f6k, ha nem a Te \u00edzl\u00e9sed, biztosan lelsz m\u00e1shol, m\u00e1sn\u00e1l ennek megfelel\u0151t, \u00e9n ennek is \u00f6r\u00fcl\u00f6k :)\n\n*****Miel\u0151tt kos\u00e1rba teszed b\u00e1rmelyik term\u00e9kemet \u00cdRJ \u00dcZENETET !\nA \" kos\u00e1rba tev\u00e9s \" m\u00e1r ad\u00e1s-v\u00e9telnek sz\u00e1m\u00edt, a Meska automatikusan vonja a jutal\u00e9k\u00e1t, t\u00f6bb munk\u00e1m eset\u00e9n ez m\u00e1r nagyon m\u00ednuszba teszi az egyenlegemet...\nNem szeretn\u00e9k belefutni ism\u00e9t \u00e9s ism\u00e9t abba a helyzetbe, hogy a \" v\u00e1s\u00e1rl\u00f3 \" a kos\u00e1rba t\u00e9tel ut\u00e1n t\u00f6bbsz\u00f6ri megkeres\u00e9semre sem reag\u00e1l vagy ha m\u00e9gis, akkor ez sok sok nap, vagy ak\u00e1r h\u00e1t, vagy \u00e9ppen m\u00e1r nem is tal\u00e1lom meg :( .\n\nKer\u00fclj\u00fck el ezt a kellemetlens\u00e9get, a kos\u00e1rba pakol\u00e1s el\u0151tt besz\u00e9lj\u00fcnk bels\u0151 \u00fczenetben, akkor lehet k\u00e9rdezni sokat, \u00e9n pedig mindig v\u00e1laszolok !\n\nK\u00f6sz\u00f6n\u00f6m, ha meg\u00e9rted, mit is szerettem volna \u00edrni, h\u00e1l\u00e1s vagyok \u00e9rte.\n\n","price":"40000.00","unit":"db","recommended":"0","status":"1","sponsored":"0","exp_notify":"0","own_material":"0","own_material_description_old":null,"own_material_description":"","jury":"0","jury_number":"","product_nature":"","meskaracsony":"0","create_date":"2026-09-04 05:03:50","shelve_id":"0","image":"molnartilcsi_product_233361_230521213524_963456.png","image_width":"480","image_height":"381","image_alt":"Pink zene, \\\" Pink zene \\\" \\n\\nA t\u00e8m\u00e1t m\u00e1r feldolgoztam, most akvarell\/ marker m\u00e9diummal egy A\/4-es sima pap\u00edrra.\\n\\n..., Meska","image_title":"Pink zene, Meska","view_count":"1112","favourite_count":"0","trending_score":"0","last2MonthFavouriteCount":"0","promotion":"0","giftcard_accept":"0","creditcard_accept":false,"enhanced_background":"0","domain":"meska","specific_customer_id":null,"specific_customer_name":null,"to_order_product":"0","to_order_product_time":"0","product_different":null,"product_different_description":"","vintage":"0","vintage_category_id":"0","recycled":"0","gemstone_id":"0","customizable":"0","type_category":"physical","zerowaste":"0","postage_price":"5000.00","shop_order":"1","has_category":"1","landing_pages":null,"microdata":{"number":35,"category":""},"title":"Pink zene","description":"\" Pink zene \" \n\nA t\u00e8m\u00e1t m\u00e1r feldolgoztam, most akvarell\/ marker m\u00e9diummal egy A\/4-es sima pap\u00edrra.\n\nMoln\u00e1r Ilcsi munka, ha szeretn\u00e9d, lehet ;) \n\n\n\nEredeti k\u00e9zi fest\u00e9sem, ami keretez\u00e9st ig\u00e9nyel ( itt digit\u00e1lis prezent\u00e1ci\u00f3 a keretez\u00e9s ) , \u00f3vjuk a nedvess\u00e9gt\u0151l.\n\nAnyagok :  pap\u00edr, akvarell, marker\n\nA munk\u00e1imr\u00f3l minden esetben eredetis\u00e9g igazol\u00e1st \u00e1ll\u00edtok ki, melyet pdf.-ben az email c\u00edmedre k\u00fcld\u00f6k meg ! , valamint szign\u00f3zott minden fest\u00e9sem. A h\u00e1toldalon szem\u00e9lyes nyilatkozat tal\u00e1lhat\u00f3 az anyaghaszn\u00e1latr\u00f3l, m\u00e9retr\u0151l, a k\u00e9sz\u00edt\u00e9s d\u00e1tum\u00e1r\u00f3l.\n\n- A befot\u00f3z\u00e1saim sokszor tartalmaznak randon felv\u00e9teleket, nem ut\u00f3munk\u00e1zott, \u00e9s be\u00e1ll\u00edtott fot\u00f3kat. Mi\u00e9rt ? Mert \u00edgy dolgozom :), \u00e9s amikor egy egy fest\u00e9sem elk\u00e9sz\u00fclt, vagy v\u00e1r a sz\u00e1rad\u00e1s\u00e1ra, kell egy \" na k\u00e9szen van :) \" felv\u00e9tel is . -\n\nSzem\u00e9lyes \u00e1tv\u00e9tel lehets\u00e9ges Budapesten.\n\nSzeretn\u00e9k j\u00f3 kommunik\u00e1ci\u00f3t, kedves \u00e9s j\u00f3 fej vagyok :), vallom : mindent meg lehet besz\u00e9lni, sz\u00e9pen.\n\nA fest\u00e9seim az \u00e9n vil\u00e1gom, az Ilcsi - vil\u00e1ga. Ha tetszik \u00f6r\u00fcl\u00f6k, ha nem a Te \u00edzl\u00e9sed, biztosan lelsz m\u00e1shol, m\u00e1sn\u00e1l ennek megfelel\u0151t, \u00e9n ennek is \u00f6r\u00fcl\u00f6k :)\n\n*****Miel\u0151tt kos\u00e1rba teszed b\u00e1rmelyik term\u00e9kemet \u00cdRJ \u00dcZENETET !\nA \" kos\u00e1rba tev\u00e9s \" m\u00e1r ad\u00e1s-v\u00e9telnek sz\u00e1m\u00edt, a Meska automatikusan vonja a jutal\u00e9k\u00e1t, t\u00f6bb munk\u00e1m eset\u00e9n ez m\u00e1r nagyon m\u00ednuszba teszi az egyenlegemet...\nNem szeretn\u00e9k belefutni ism\u00e9t \u00e9s ism\u00e9t abba a helyzetbe, hogy a \" v\u00e1s\u00e1rl\u00f3 \" a kos\u00e1rba t\u00e9tel ut\u00e1n t\u00f6bbsz\u00f6ri megkeres\u00e9semre sem reag\u00e1l vagy ha m\u00e9gis, akkor ez sok sok nap, vagy ak\u00e1r h\u00e1t, vagy \u00e9ppen m\u00e1r nem is tal\u00e1lom meg :( .\n\nKer\u00fclj\u00fck el ezt a kellemetlens\u00e9get, a kos\u00e1rba pakol\u00e1s el\u0151tt besz\u00e9lj\u00fcnk bels\u0151 \u00fczenetben, akkor lehet k\u00e9rdezni sokat, \u00e9n pedig mindig v\u00e1laszolok !\n\nK\u00f6sz\u00f6n\u00f6m, ha meg\u00e9rted, mit is szerettem volna \u00edrni, h\u00e1l\u00e1s vagyok \u00e9rte.\n\n","score":0,"formatted_price":"40 000 Ft","image_url":"https:\/\/www.meska.hu\/img\/product\/small\/m\/o\/molnartilcsi_product_233361_230521213524_963456.png","formatted_url":"https:\/\/www.meska.hu\/p4983708-pink-zene","favourite":false,"in_stock":true,"avatar":"MolnARTIlcsi_avatar_233361_1657524590.jpg","delete_from":0,"is_enhanced_background":false,"is_enhanced":false,"product_selection_started":false,"is_active":true,"image_webp_url":"https:\/\/www.meska.hu\/img\/product\/small\/m\/o\/molnartilcsi_product_233361_230521213524_963456.webp"},{"id":"4844593","shop_id":"21890","user_id":"233361","shop_name":"MolnARTIlcsi","shop_zip":"2071","product_code":"4983711","product_name_old":null,"product_name":"Hit vagy rem\u00e9ny? ","category_string":"M\u0171v\u00e9szet, Festm\u00e9ny, Festm\u00e9ny vegyes technika","technic_string":"Fest\u00e9szet","category_1":"357","category_2":"358","category_3":"363","category_4":"0","merged_category_1":null,"merged_category_2":null,"merged_category_3":null,"technic_1":"480","technic_2":"0","technic_3":"0","color_1":"512","color_2":"514","color_3":"791","product_description_old":null,"product_description":"A t\u00e8m\u00e1t m\u00e1r feldolgoztam, most akvarell\/ marker m\u00e9diummal egy A\/4-es sima pap\u00edrra.\n\nMoln\u00e1r Ilcsi munka, ha szeretn\u00e9d, lehet ;) \n\nEredeti k\u00e9zi fest\u00e9sem, ami keretez\u00e9st ig\u00e9nyel ( itt digit\u00e1lis prezent\u00e1ci\u00f3 a keretez\u00e9s ) , \u00f3vjuk a nedvess\u00e9gt\u0151l.\n\nAnyagok :  pap\u00edr, akvarell, marker\n\nA munk\u00e1imr\u00f3l minden esetben eredetis\u00e9g igazol\u00e1st \u00e1ll\u00edtok ki, melyet pdf.-ben az email c\u00edmedre k\u00fcld\u00f6k meg ! , valamint szign\u00f3zott minden fest\u00e9sem. A h\u00e1toldalon szem\u00e9lyes nyilatkozat tal\u00e1lhat\u00f3 az anyaghaszn\u00e1latr\u00f3l, m\u00e9retr\u0151l, a k\u00e9sz\u00edt\u00e9s d\u00e1tum\u00e1r\u00f3l.\n\n- A befot\u00f3z\u00e1saim sokszor tartalmaznak randon felv\u00e9teleket, nem ut\u00f3munk\u00e1zott, \u00e9s be\u00e1ll\u00edtott fot\u00f3kat. Mi\u00e9rt ? Mert \u00edgy dolgozom :), \u00e9s amikor egy egy fest\u00e9sem elk\u00e9sz\u00fclt, vagy v\u00e1r a sz\u00e1rad\u00e1s\u00e1ra, kell egy \" na k\u00e9szen van :) \" felv\u00e9tel is . -\n\nSzem\u00e9lyes \u00e1tv\u00e9tel lehets\u00e9ges Budapesten.\n\nSzeretn\u00e9k j\u00f3 kommunik\u00e1ci\u00f3t, kedves \u00e9s j\u00f3 fej vagyok :), vallom : mindent meg lehet besz\u00e9lni, sz\u00e9pen.\n\nA fest\u00e9seim az \u00e9n vil\u00e1gom, az Ilcsi - vil\u00e1ga. Ha tetszik \u00f6r\u00fcl\u00f6k, ha nem a Te \u00edzl\u00e9sed, biztosan lelsz m\u00e1shol, m\u00e1sn\u00e1l ennek megfelel\u0151t, \u00e9n ennek is \u00f6r\u00fcl\u00f6k :)\n\n*****Miel\u0151tt kos\u00e1rba teszed b\u00e1rmelyik term\u00e9kemet \u00cdRJ \u00dcZENETET !\nA \" kos\u00e1rba tev\u00e9s \" m\u00e1r ad\u00e1s-v\u00e9telnek sz\u00e1m\u00edt, a Meska automatikusan vonja a jutal\u00e9k\u00e1t, t\u00f6bb munk\u00e1m eset\u00e9n ez m\u00e1r nagyon m\u00ednuszba teszi az egyenlegemet...\nNem szeretn\u00e9k belefutni ism\u00e9t \u00e9s ism\u00e9t abba a helyzetbe, hogy a \" v\u00e1s\u00e1rl\u00f3 \" a kos\u00e1rba t\u00e9tel ut\u00e1n t\u00f6bbsz\u00f6ri megkeres\u00e9semre sem reag\u00e1l vagy ha m\u00e9gis, akkor ez sok sok nap, vagy ak\u00e1r h\u00e1t, vagy \u00e9ppen m\u00e1r nem is tal\u00e1lom meg :( .\n\nKer\u00fclj\u00fck el ezt a kellemetlens\u00e9get, a kos\u00e1rba pakol\u00e1s el\u0151tt besz\u00e9lj\u00fcnk bels\u0151 \u00fczenetben, akkor lehet k\u00e9rdezni sokat, \u00e9n pedig mindig v\u00e1laszolok !\n\nK\u00f6sz\u00f6n\u00f6m, ha meg\u00e9rted, mit is szerettem volna \u00edrni, h\u00e1l\u00e1s vagyok \u00e9rte.\n\n","price":"41000.00","unit":"db","recommended":"0","status":"1","sponsored":"0","exp_notify":"0","own_material":"0","own_material_description_old":null,"own_material_description":"","jury":"0","jury_number":"","product_nature":"","meskaracsony":"0","create_date":"2026-09-04 05:03:43","shelve_id":"0","image":"molnartilcsi_product_233361_230521213850_49720.jpeg","image_width":"480","image_height":"480","image_alt":"Hit vagy rem\u00e9ny? , A t\u00e8m\u00e1t m\u00e1r feldolgoztam, most akvarell\/ marker m\u00e9diummal egy A\/4-es sima pap\u00edrra.\\n\\nMoln\u00e1r Ilcsi mun..., Meska","image_title":"Hit vagy rem\u00e9ny? , Meska","view_count":"917","favourite_count":"0","trending_score":"0","last2MonthFavouriteCount":"0","promotion":"0","giftcard_accept":"0","creditcard_accept":false,"enhanced_background":"0","domain":"meska","specific_customer_id":null,"specific_customer_name":null,"to_order_product":"0","to_order_product_time":"0","product_different":null,"product_different_description":"","vintage":"0","vintage_category_id":"0","recycled":"0","gemstone_id":"0","customizable":"0","type_category":"physical","zerowaste":"0","postage_price":"5000.00","shop_order":"1","has_category":"1","landing_pages":null,"microdata":{"number":36,"category":""},"title":"Hit vagy rem\u00e9ny? ","description":"A t\u00e8m\u00e1t m\u00e1r feldolgoztam, most akvarell\/ marker m\u00e9diummal egy A\/4-es sima pap\u00edrra.\n\nMoln\u00e1r Ilcsi munka, ha szeretn\u00e9d, lehet ;) \n\nEredeti k\u00e9zi fest\u00e9sem, ami keretez\u00e9st ig\u00e9nyel ( itt digit\u00e1lis prezent\u00e1ci\u00f3 a keretez\u00e9s ) , \u00f3vjuk a nedvess\u00e9gt\u0151l.\n\nAnyagok :  pap\u00edr, akvarell, marker\n\nA munk\u00e1imr\u00f3l minden esetben eredetis\u00e9g igazol\u00e1st \u00e1ll\u00edtok ki, melyet pdf.-ben az email c\u00edmedre k\u00fcld\u00f6k meg ! , valamint szign\u00f3zott minden fest\u00e9sem. A h\u00e1toldalon szem\u00e9lyes nyilatkozat tal\u00e1lhat\u00f3 az anyaghaszn\u00e1latr\u00f3l, m\u00e9retr\u0151l, a k\u00e9sz\u00edt\u00e9s d\u00e1tum\u00e1r\u00f3l.\n\n- A befot\u00f3z\u00e1saim sokszor tartalmaznak randon felv\u00e9teleket, nem ut\u00f3munk\u00e1zott, \u00e9s be\u00e1ll\u00edtott fot\u00f3kat. Mi\u00e9rt ? Mert \u00edgy dolgozom :), \u00e9s amikor egy egy fest\u00e9sem elk\u00e9sz\u00fclt, vagy v\u00e1r a sz\u00e1rad\u00e1s\u00e1ra, kell egy \" na k\u00e9szen van :) \" felv\u00e9tel is . -\n\nSzem\u00e9lyes \u00e1tv\u00e9tel lehets\u00e9ges Budapesten.\n\nSzeretn\u00e9k j\u00f3 kommunik\u00e1ci\u00f3t, kedves \u00e9s j\u00f3 fej vagyok :), vallom : mindent meg lehet besz\u00e9lni, sz\u00e9pen.\n\nA fest\u00e9seim az \u00e9n vil\u00e1gom, az Ilcsi - vil\u00e1ga. Ha tetszik \u00f6r\u00fcl\u00f6k, ha nem a Te \u00edzl\u00e9sed, biztosan lelsz m\u00e1shol, m\u00e1sn\u00e1l ennek megfelel\u0151t, \u00e9n ennek is \u00f6r\u00fcl\u00f6k :)\n\n*****Miel\u0151tt kos\u00e1rba teszed b\u00e1rmelyik term\u00e9kemet \u00cdRJ \u00dcZENETET !\nA \" kos\u00e1rba tev\u00e9s \" m\u00e1r ad\u00e1s-v\u00e9telnek sz\u00e1m\u00edt, a Meska automatikusan vonja a jutal\u00e9k\u00e1t, t\u00f6bb munk\u00e1m eset\u00e9n ez m\u00e1r nagyon m\u00ednuszba teszi az egyenlegemet...\nNem szeretn\u00e9k belefutni ism\u00e9t \u00e9s ism\u00e9t abba a helyzetbe, hogy a \" v\u00e1s\u00e1rl\u00f3 \" a kos\u00e1rba t\u00e9tel ut\u00e1n t\u00f6bbsz\u00f6ri megkeres\u00e9semre sem reag\u00e1l vagy ha m\u00e9gis, akkor ez sok sok nap, vagy ak\u00e1r h\u00e1t, vagy \u00e9ppen m\u00e1r nem is tal\u00e1lom meg :( .\n\nKer\u00fclj\u00fck el ezt a kellemetlens\u00e9get, a kos\u00e1rba pakol\u00e1s el\u0151tt besz\u00e9lj\u00fcnk bels\u0151 \u00fczenetben, akkor lehet k\u00e9rdezni sokat, \u00e9n pedig mindig v\u00e1laszolok !\n\nK\u00f6sz\u00f6n\u00f6m, ha meg\u00e9rted, mit is szerettem volna \u00edrni, h\u00e1l\u00e1s vagyok \u00e9rte.\n\n","score":0,"formatted_price":"41 000 Ft","image_url":"https:\/\/www.meska.hu\/img\/product\/small\/m\/o\/molnartilcsi_product_233361_230521213850_49720.jpeg","formatted_url":"https:\/\/www.meska.hu\/p4983711-hit-vagy-remeny","favourite":false,"in_stock":true,"avatar":"MolnARTIlcsi_avatar_233361_1657524590.jpg","delete_from":0,"is_enhanced_background":false,"is_enhanced":false,"product_selection_started":false,"is_active":true,"image_webp_url":"https:\/\/www.meska.hu\/img\/product\/small\/m\/o\/molnartilcsi_product_233361_230521213850_49720.webp"},{"id":"3408875","shop_id":"36388","user_id":"481050","shop_name":"IrinaK","shop_zip":"1102","product_code":"4477583","product_name_old":null,"product_name":"Szimba Boldog, b\u00fcszke csal\u00e1d ","category_string":"M\u0171v\u00e9szet, Festm\u00e9ny, Olajfestm\u00e9ny","technic_string":"Fest\u00e9szet","category_1":"357","category_2":"358","category_3":"361","category_4":"0","merged_category_1":"0","merged_category_2":"0","merged_category_3":"785","technic_1":"480","technic_2":"0","technic_3":"0","color_1":"514","color_2":"568","color_3":"0","product_description_old":null,"product_description":"Oroszl\u00e1n Kir\u00e1ly rajzfilmb\u0151l, b\u00fcszke Szimba, boldog csal\u00e1d,\nk\u00e9p sug\u00e1rzik nyugalom, biztons\u00e1got ad, aj\u00e1nlom gyerek szob\u00e1ba, \ns\u00e1rga - narancss\u00e1rga -p\u00edros-barna sz\u00ednekbe passzol minden fa mint\u00e1zat\u00fa b\u00fatorhoz\nolaj, 50\/50 cm v\u00e1szon, ","price":"39900.00","unit":"db","recommended":"0","status":"1","sponsored":"0","exp_notify":"0","own_material":"0","own_material_description_old":null,"own_material_description":"","jury":"0","jury_number":"","product_nature":"","meskaracsony":"0","create_date":"2026-09-03 20:04:39","shelve_id":"0","image":"irinak_product_481050_220127125706_498119.jpeg","image_width":"480","image_height":"473","image_alt":"Szimba Boldog, b\u00fcszke csal\u00e1d , Oroszl\u00e1n Kir\u00e1ly rajzfilmb\u0151l, b\u00fcszke Szimba, boldog csal\u00e1d,\\nk\u00e9p sug\u00e1rzik nyugalom, biztons\u00e1got ad, aj..., Meska","image_title":"Szimba Boldog, b\u00fcszke csal\u00e1d , Meska","view_count":"1757","favourite_count":"0","trending_score":"0","last2MonthFavouriteCount":"0","promotion":"0","giftcard_accept":"0","creditcard_accept":true,"enhanced_background":"0","domain":"meska","specific_customer_id":null,"specific_customer_name":null,"to_order_product":"0","to_order_product_time":"0","product_different":null,"product_different_description":"","vintage":"0","vintage_category_id":"0","recycled":"0","gemstone_id":"0","customizable":"1","type_category":"physical","zerowaste":"0","postage_price":"2390.00","shop_order":"0","has_category":"1","landing_pages":null,"microdata":{"number":37,"category":""},"title":"Szimba Boldog, b\u00fcszke csal\u00e1d ","description":"Oroszl\u00e1n Kir\u00e1ly rajzfilmb\u0151l, b\u00fcszke Szimba, boldog csal\u00e1d,\nk\u00e9p sug\u00e1rzik nyugalom, biztons\u00e1got ad, aj\u00e1nlom gyerek szob\u00e1ba, \ns\u00e1rga - narancss\u00e1rga -p\u00edros-barna sz\u00ednekbe passzol minden fa mint\u00e1zat\u00fa b\u00fatorhoz\nolaj, 50\/50 cm v\u00e1szon, ","score":0,"formatted_price":"39 900 Ft","image_url":"https:\/\/www.meska.hu\/img\/product\/small\/i\/r\/irinak_product_481050_220127125706_498119.jpeg","formatted_url":"https:\/\/www.meska.hu\/p4477583-szimba-boldog-buszke-csalad","favourite":false,"in_stock":true,"avatar":"481050_avatar_1642929100.jpeg","delete_from":0,"is_enhanced_background":false,"is_enhanced":false,"product_selection_started":false,"is_active":true,"image_webp_url":"https:\/\/www.meska.hu\/img\/product\/small\/i\/r\/irinak_product_481050_220127125706_498119.webp"},{"id":"6309758","shop_id":"49708","user_id":"735076","shop_name":"Chromorart","shop_zip":"1119","product_code":"5842831","product_name_old":null,"product_name":"Erzs\u00e9bet h\u00edd mini festm\u00e9ny \u00e1llv\u00e1nnyal","category_string":"M\u0171v\u00e9szet, Festm\u00e9ny, Akril","technic_string":"Fest\u00e9szet","category_1":"357","category_2":"358","category_3":"359","category_4":"0","merged_category_1":null,"merged_category_2":null,"merged_category_3":null,"technic_1":"480","technic_2":"0","technic_3":"0","color_1":"519","color_2":"521","color_3":"529","product_description_old":null,"product_description":"Saj\u00e1t fot\u00f3 alapj\u00e1n k\u00e9sz\u00edtett, k\u00e9zzel festett miniat\u0171r festm\u00e9ny az Erzs\u00e9bet h\u00eddr\u00f3l \u00e9s a Gell\u00e9rt-hegyr\u0151l.M\u00e9rete miatt ide\u00e1lis \u00edr\u00f3asztalra, polcra vagy kisebb helyek dekor\u00e1l\u00e1s\u00e1ra. A csomag a k\u00e9pen l\u00e1that\u00f3 kis fa \u00e1llv\u00e1nyt is tartalmazza.\n\n7x7cm-es akrillal k\u00e9sz\u00fclt festm\u00e9ny.","price":"4900.00","unit":"db","recommended":"0","status":"1","sponsored":"0","exp_notify":"0","own_material":"0","own_material_description_old":null,"own_material_description":"","jury":"0","jury_number":"","product_nature":"","meskaracsony":"0","create_date":"2026-09-03 17:39:25","shelve_id":"84185","image":"chromorart_product_735076_260727173142_950239.jpeg","image_width":"480","image_height":"640","image_alt":"Erzs\u00e9bet h\u00edd mini festm\u00e9ny \u00e1llv\u00e1nnyal, Saj\u00e1t fot\u00f3 alapj\u00e1n k\u00e9sz\u00edtett, k\u00e9zzel festett miniat\u0171r festm\u00e9ny az Erzs\u00e9bet h\u00eddr\u00f3l \u00e9s a Gell\u00e9rt-hegyr..., Meska","image_title":"Erzs\u00e9bet h\u00edd mini festm\u00e9ny \u00e1llv\u00e1nnyal, Meska","view_count":"137","favourite_count":"1","trending_score":"0","last2MonthFavouriteCount":"1","promotion":"0","giftcard_accept":"0","creditcard_accept":true,"enhanced_background":"0","domain":"meska","specific_customer_id":null,"specific_customer_name":null,"to_order_product":"0","to_order_product_time":"0","product_different":null,"product_different_description":"","vintage":"0","vintage_category_id":"0","recycled":"0","gemstone_id":"0","customizable":"0","type_category":"physical","zerowaste":"0","postage_price":"2599.00","shop_order":"0","has_category":"1","landing_pages":null,"microdata":{"number":38,"category":""},"title":"Erzs\u00e9bet h\u00edd mini festm\u00e9ny \u00e1llv\u00e1nnyal","description":"Saj\u00e1t fot\u00f3 alapj\u00e1n k\u00e9sz\u00edtett, k\u00e9zzel festett miniat\u0171r festm\u00e9ny az Erzs\u00e9bet h\u00eddr\u00f3l \u00e9s a Gell\u00e9rt-hegyr\u0151l.M\u00e9rete miatt ide\u00e1lis \u00edr\u00f3asztalra, polcra vagy kisebb helyek dekor\u00e1l\u00e1s\u00e1ra. A csomag a k\u00e9pen l\u00e1that\u00f3 kis fa \u00e1llv\u00e1nyt is tartalmazza.\n\n7x7cm-es akrillal k\u00e9sz\u00fclt festm\u00e9ny.","score":0,"formatted_price":"4 900 Ft","image_url":"https:\/\/www.meska.hu\/img\/product\/small\/c\/h\/chromorart_product_735076_260727173142_950239.jpeg","formatted_url":"https:\/\/www.meska.hu\/p5842831-erzsebet-hid-mini-festmeny-allvannyal","favourite":false,"in_stock":true,"avatar":"735076_avatar_1771954232.jpeg","delete_from":0,"is_enhanced_background":false,"is_enhanced":false,"product_selection_started":false,"is_active":true,"image_webp_url":"https:\/\/www.meska.hu\/img\/product\/small\/c\/h\/chromorart_product_735076_260727173142_950239.webp"},{"id":"6204409","shop_id":"29709","user_id":"371419","shop_name":"Hexartdesign","shop_zip":"1183","product_code":"5780785","product_name_old":null,"product_name":"Eredeti portr\u00e9 festm\u00e9ny k\u00e9sz\u00edt\u00e9se saj\u00e1t kutya\/cica fot\u00f3r\u00f3l \u2013 m\u0171v\u00e9szi aj\u00e1nd\u00e9k t\u00f6bb m\u00e9retben \u00e9s aj\u00e1nd\u00e9k kerettel","category_string":"M\u0171v\u00e9szet, Festm\u00e9ny, Akvarell","technic_string":"Fot\u00f3, grafika, rajz, illusztr\u00e1ci\u00f3, Fest\u00e9szet","category_1":"357","category_2":"358","category_3":"360","category_4":"0","merged_category_1":null,"merged_category_2":null,"merged_category_3":null,"technic_1":"483","technic_2":"480","technic_3":"0","color_1":"520","color_2":"521","color_3":"0","product_description_old":null,"product_description":"\u2022 Akvarell kutya, cica portr\u00e9 festm\u00e9ny saj\u00e1t fot\u00f3 alapj\u00e1n \u2013 k\u00e9zzel festett m\u0171v\u00e9szi aj\u00e1nd\u00e9k 1 vagy 2 kis\u00e1llatr\u00f3l, t\u00f6bb m\u00e9retben, aj\u00e1nd\u00e9k kerettel \u2022\n\nSzeretn\u00e9d a kis csal\u00e1di kedvencet\/kedvenceket festm\u00e9ny form\u00e1ban meg\u00f6r\u00f6k\u00edteni? Egy igaz\u00e1n egyedi aj\u00e1nd\u00e9k\u00f6tletre v\u00e1gysz? Kutya, cica, nyuszi vagy ak\u00e1r szak\u00e1llas ag\u00e1ma... nem gond :) A term\u00e9kn\u00e9vben \u00e9s a k\u00e9pen szerepl\u0151 \u00e1llat fajt\u00e1ja csup\u00e1n csak p\u00e9lda. Ha van egy j\u00f3 fot\u00f3d... legyen az b\u00e1rmilyen \u00e1llat... \u00e9n megfestem Neked :)\n\nAz akvarell k\u00e9peimen kedvenced arc\u00e1t r\u00e9szletesen \u00e9s pontosan \u00e1br\u00e1zolom. A festm\u00e9ny t\u00f6bbi r\u00e9sz\u00e9n a sz\u00ednek \u00e9s form\u00e1k j\u00e1t\u00e9kosan folynak, fr\u00f6ccsennek \u00e9s t\u0171nnek tova megmutatva az akvarell technika csod\u00e1s jellegzetess\u00e9geit. A festm\u00e9nyekhez az el\u00e9rhet\u0151 legjobb min\u0151s\u00e9g\u0171 akvarell fest\u00e9keket, akvarell ceruz\u00e1kat \u00e9s pap\u00edrt haszn\u00e1lom. \u00cdgy garant\u00e1lhat\u00f3 a k\u00e9pek min\u0151s\u00e9ge \u00e9s hosszantart\u00f3 \u00e9lettartama.\n\nAz al\u00e1bbi linkeken n\u00e9zd v\u00e9gig a felt\u00f6lt\u00f6tt festm\u00e9nyeimet \u00e9s ha tetszik a st\u00edlusom, akkor sz\u00edvesen megfestem sz\u00e1modra a k\u00e9pet. T\u00f6bbf\u00e9le technik\u00e1val is dolgozok, amelyek teljesen m\u00e1s \u00e9s m\u00e1s megjelen\u00e9st biztos\u00edtanak a festm\u00e9nynek. A term\u00e9knevekben a technika jelz\u00e9s\u00e9t is megtal\u00e1lod: akvarell, akril, olaj, ceruza stb. Rendel\u00e9sre k\u00e9sz\u00fcl\u0151 \u00e1llatportr\u00e9k: https:\/\/www.meska.hu\/shop\/Hexartdesign?s=72378\n\nEhhez csup\u00e1n egy j\u00f3 fot\u00f3ra lesz sz\u00fcks\u00e9gem T\u0151led, a t\u00f6bbi m\u00e1r az \u00c9n dolgom. V\u00e1zlatol\u00e1s, el\u0151k\u00e9sz\u00edt\u00e9s, majd az eszk\u00f6z\u00f6k \u00f6sszek\u00e9sz\u00edt\u00e9se: a legmagasabb min\u0151s\u00e9g\u0171 fest\u00e9kek, akvarell- \u00e9s sz\u00ednes ceruz\u00e1k, kerek- \u00e9s laposecsetek... rajzol\u00e1s, fest\u00e9s, sz\u00e1r\u00edt\u00e1s, fest\u00e9s... majd v\u00e9g\u00fcl elk\u00e9sz\u00fcl a festm\u00e9ny. Egyedi \u00e9s megism\u00e9telhetetlen. Nem Photoshop filterek. Nem Ai gener\u00e1lt k\u00e9pek. Ha eredeti festm\u00e9nyt v\u00e1s\u00e1rolsz, akkor igaz\u00e1n k\u00fcl\u00f6nleges eml\u00e9k\u0151rz\u0151 dekor\u00e1ci\u00f3 tulajdonosa lehetsz.\n\nFontos: a k\u00fcld\u00f6tt k\u00e9p ne legyen t\u00fal kicsi, hom\u00e1lyos vagy bemozdult, hiszen nekem ebb\u0151l kell majd dolgoznom. Ha megoldhat\u00f3, akkor ink\u00e1bb t\u00f6bb fot\u00f3t k\u00fcldj. \u00cdgy van lehet\u0151s\u00e9gem a legjobban haszn\u00e1lhat\u00f3 referencia k\u00e9pb\u0151l dolgozni.\n\nA rendel\u00e9sre k\u00e9sz\u00fcl\u0151 festm\u00e9nyek elk\u00e9sz\u00edt\u00e9si ideje kb. 7 munkanap.\n\nFontos: ha Nagy m\u00e9retet v\u00e1s\u00e1rolsz, akkor h\u00e1zhozsz\u00e1ll\u00edt\u00e1st k\u00e9rj (lehet munkahelyi c\u00edm is, csak jelezd majd), mert az automat\u00e1ba nem f\u00e9r be a csomag!\n\nA festm\u00e9ny lehet egy vagy k\u00e9t kis\u00e1llatos portr\u00e9, Norm\u00e1l (210x297 mm) vagy Nagy (300x400 mm) m\u00e9ret\u0171. A felt\u00fcntetett alap\u00e1r az egy \u00e1llatos Norm\u00e1l m\u00e9retre vonatkozik. A \u201eM\u00e9ret \u00e9s kis\u00e1llatok sz\u00e1ma\u201d men\u00fcben v\u00e1laszthatod ki, hogy mit szeretn\u00e9l.\n\nA kompoz\u00edci\u00f3t\u00f3l f\u00fcgg\u0151en a k\u00e9p \u00e1ll\u00f3 vagy fekv\u0151 is lehet. Ha valami egyedi k\u00e9r\u00e9sed\/k\u00e9rd\u00e9sed (pl. egyedi m\u00e9ret) lenne, akkor nyugodtan \u00edrj emailt ezzel kapcsolatban.\n\nHa aj\u00e1nd\u00e9kba venn\u00e9l eredeti festm\u00e9nyt, de nagyon s\u00fcrget az id\u0151 (kb. 6-7 munkanap egy egyedi festm\u00e9ny elk\u00e9sz\u00edt\u00e9si ideje), akkor n\u00e9zz k\u00f6r\u00fcl a K\u00e9sz \u00e1llatportr\u00e9k kateg\u00f3ri\u00e1ban is. Itt v\u00e1ltoz\u00f3 \u00e9s meg\u00fajul\u00f3 k\u00edn\u00e1latot tal\u00e1lsz a legn\u00e9pszer\u0171bb \u00e1llatfajt\u00e1kb\u00f3l: https:\/\/www.meska.hu\/shop\/Hexartdesign?s=68537\n\nTerm\u00e9kle\u00edr\u00e1s\n\u2022 a festm\u00e9ny m\u00e9rete: Norm\u00e1l m\u00e9ret A4-es: 210x297 mm; Nagy m\u00e9ret 300x400 mm\n\u2022 a legmagasabb f\u00e9ny\u00e1ll\u00f3s\u00e1ggal rendelkez\u0151 akvarell fest\u00e9kekkel \u00e9s ceruz\u00e1kkal k\u00e9sz\u00fclt\n\u2022 savmentes akvarell pap\u00edr\n\u2022 mindk\u00e9t m\u00e9rethez aj\u00e1nd\u00e9k feh\u00e9r keret\n\nK\u00e9pkeretek (aj\u00e1nd\u00e9k)\n\u2022 A4-es keret (a fot\u00f3n ez l\u00e1that\u00f3) a Norm\u00e1l m\u00e9rethez \u00e9s 30x40 cm-es keret a Nagy m\u00e9rethez\n\u2022 k\u00fcls\u0151 m\u00e9rete: Norm\u00e1l 24x33 cm, Nagy 33,5x43,5 cm\n\u2022 sz\u00edn: feh\u00e9r\n\u2022 el\u0151lap: polisztir\u00e9n m\u0171anyag\n\u2022 h\u00e1ts\u00f3 kit\u00e1maszt\u00f3val (csak az A4-esn\u00e9l) vagy falra akasztva is haszn\u00e1lhat\u00f3\n\nSzerz\u0151i jog\nAz eredeti festm\u00e9ny tulajdonjoga a v\u00e1s\u00e1rl\u00f3\u00e9 lesz, azonban a v\u00e1s\u00e1rl\u00f3 a festm\u00e9nyt semmilyen form\u00e1ban nem m\u00e1solhatja, gy\u00e1rthatja \u00e9s sokszoros\u00edthatja.\n\nA k\u00e9p illusztr\u00e1ci\u00f3\nA k\u00e9pen l\u00e1that\u00f3 kieg\u00e9sz\u00edt\u0151 dekor\u00e1ci\u00f3s k\u00f6rnyezet csak illusztr\u00e1ci\u00f3, ami nem k\u00e9pezi a term\u00e9k r\u00e9sz\u00e9t.","price":"55900.00","unit":"db","recommended":"0","status":"1","sponsored":"0","exp_notify":"0","own_material":"0","own_material_description_old":null,"own_material_description":"","jury":"0","jury_number":"","product_nature":"","meskaracsony":"0","create_date":"2026-09-03 16:02:41","shelve_id":"72378","image":"hexartdesign_product_371419_260506153544_229762.jpeg","image_width":"480","image_height":"480","image_alt":"Eredeti portr\u00e9 festm\u00e9ny k\u00e9sz\u00edt\u00e9se saj\u00e1t kutya\/cica fot\u00f3r\u00f3l \u2013 m\u0171v\u00e9szi aj\u00e1nd\u00e9k t\u00f6bb m\u00e9retben \u00e9s aj\u00e1nd\u00e9k kerettel, \u2022 Akvarell kutya, cica portr\u00e9 festm\u00e9ny saj\u00e1t fot\u00f3 alapj\u00e1n \u2013 k\u00e9zzel festett m\u0171v\u00e9szi aj\u00e1nd\u00e9k 1 vagy 2 ..., Meska","image_title":"Eredeti portr\u00e9 festm\u00e9ny k\u00e9sz\u00edt\u00e9se saj\u00e1t kutya\/cica fot\u00f3r\u00f3l \u2013 m\u0171v\u00e9szi aj\u00e1nd\u00e9k t\u00f6bb m\u00e9retben \u00e9s aj\u00e1nd\u00e9k kerettel, Meska","view_count":"106","favourite_count":"0","trending_score":"0","last2MonthFavouriteCount":"0","promotion":"0","giftcard_accept":"1","creditcard_accept":true,"enhanced_background":"0","domain":"meska","specific_customer_id":null,"specific_customer_name":null,"to_order_product":"1","to_order_product_time":"7","product_different":null,"product_different_description":"","vintage":"0","vintage_category_id":"0","recycled":"0","gemstone_id":"0","customizable":"1","type_category":"physical","zerowaste":"0","postage_price":"1490.00","shop_order":"0","has_category":"1","landing_pages":null,"microdata":{"number":39,"category":""},"title":"Eredeti portr\u00e9 festm\u00e9ny k\u00e9sz\u00edt\u00e9se saj\u00e1t kutya\/cica fot\u00f3r\u00f3l \u2013 m\u0171v\u00e9szi aj\u00e1nd\u00e9k t\u00f6bb m\u00e9retben \u00e9s aj\u00e1nd\u00e9k kerettel","description":"\u2022 Akvarell kutya, cica portr\u00e9 festm\u00e9ny saj\u00e1t fot\u00f3 alapj\u00e1n \u2013 k\u00e9zzel festett m\u0171v\u00e9szi aj\u00e1nd\u00e9k 1 vagy 2 kis\u00e1llatr\u00f3l, t\u00f6bb m\u00e9retben, aj\u00e1nd\u00e9k kerettel \u2022\n\nSzeretn\u00e9d a kis csal\u00e1di kedvencet\/kedvenceket festm\u00e9ny form\u00e1ban meg\u00f6r\u00f6k\u00edteni? Egy igaz\u00e1n egyedi aj\u00e1nd\u00e9k\u00f6tletre v\u00e1gysz? Kutya, cica, nyuszi vagy ak\u00e1r szak\u00e1llas ag\u00e1ma... nem gond :) A term\u00e9kn\u00e9vben \u00e9s a k\u00e9pen szerepl\u0151 \u00e1llat fajt\u00e1ja csup\u00e1n csak p\u00e9lda. Ha van egy j\u00f3 fot\u00f3d... legyen az b\u00e1rmilyen \u00e1llat... \u00e9n megfestem Neked :)\n\nAz akvarell k\u00e9peimen kedvenced arc\u00e1t r\u00e9szletesen \u00e9s pontosan \u00e1br\u00e1zolom. A festm\u00e9ny t\u00f6bbi r\u00e9sz\u00e9n a sz\u00ednek \u00e9s form\u00e1k j\u00e1t\u00e9kosan folynak, fr\u00f6ccsennek \u00e9s t\u0171nnek tova megmutatva az akvarell technika csod\u00e1s jellegzetess\u00e9geit. A festm\u00e9nyekhez az el\u00e9rhet\u0151 legjobb min\u0151s\u00e9g\u0171 akvarell fest\u00e9keket, akvarell ceruz\u00e1kat \u00e9s pap\u00edrt haszn\u00e1lom. \u00cdgy garant\u00e1lhat\u00f3 a k\u00e9pek min\u0151s\u00e9ge \u00e9s hosszantart\u00f3 \u00e9lettartama.\n\nAz al\u00e1bbi linkeken n\u00e9zd v\u00e9gig a felt\u00f6lt\u00f6tt festm\u00e9nyeimet \u00e9s ha tetszik a st\u00edlusom, akkor sz\u00edvesen megfestem sz\u00e1modra a k\u00e9pet. T\u00f6bbf\u00e9le technik\u00e1val is dolgozok, amelyek teljesen m\u00e1s \u00e9s m\u00e1s megjelen\u00e9st biztos\u00edtanak a festm\u00e9nynek. A term\u00e9knevekben a technika jelz\u00e9s\u00e9t is megtal\u00e1lod: akvarell, akril, olaj, ceruza stb. Rendel\u00e9sre k\u00e9sz\u00fcl\u0151 \u00e1llatportr\u00e9k: https:\/\/www.meska.hu\/shop\/Hexartdesign?s=72378\n\nEhhez csup\u00e1n egy j\u00f3 fot\u00f3ra lesz sz\u00fcks\u00e9gem T\u0151led, a t\u00f6bbi m\u00e1r az \u00c9n dolgom. V\u00e1zlatol\u00e1s, el\u0151k\u00e9sz\u00edt\u00e9s, majd az eszk\u00f6z\u00f6k \u00f6sszek\u00e9sz\u00edt\u00e9se: a legmagasabb min\u0151s\u00e9g\u0171 fest\u00e9kek, akvarell- \u00e9s sz\u00ednes ceruz\u00e1k, kerek- \u00e9s laposecsetek... rajzol\u00e1s, fest\u00e9s, sz\u00e1r\u00edt\u00e1s, fest\u00e9s... majd v\u00e9g\u00fcl elk\u00e9sz\u00fcl a festm\u00e9ny. Egyedi \u00e9s megism\u00e9telhetetlen. Nem Photoshop filterek. Nem Ai gener\u00e1lt k\u00e9pek. Ha eredeti festm\u00e9nyt v\u00e1s\u00e1rolsz, akkor igaz\u00e1n k\u00fcl\u00f6nleges eml\u00e9k\u0151rz\u0151 dekor\u00e1ci\u00f3 tulajdonosa lehetsz.\n\nFontos: a k\u00fcld\u00f6tt k\u00e9p ne legyen t\u00fal kicsi, hom\u00e1lyos vagy bemozdult, hiszen nekem ebb\u0151l kell majd dolgoznom. Ha megoldhat\u00f3, akkor ink\u00e1bb t\u00f6bb fot\u00f3t k\u00fcldj. \u00cdgy van lehet\u0151s\u00e9gem a legjobban haszn\u00e1lhat\u00f3 referencia k\u00e9pb\u0151l dolgozni.\n\nA rendel\u00e9sre k\u00e9sz\u00fcl\u0151 festm\u00e9nyek elk\u00e9sz\u00edt\u00e9si ideje kb. 7 munkanap.\n\nFontos: ha Nagy m\u00e9retet v\u00e1s\u00e1rolsz, akkor h\u00e1zhozsz\u00e1ll\u00edt\u00e1st k\u00e9rj (lehet munkahelyi c\u00edm is, csak jelezd majd), mert az automat\u00e1ba nem f\u00e9r be a csomag!\n\nA festm\u00e9ny lehet egy vagy k\u00e9t kis\u00e1llatos portr\u00e9, Norm\u00e1l (210x297 mm) vagy Nagy (300x400 mm) m\u00e9ret\u0171. A felt\u00fcntetett alap\u00e1r az egy \u00e1llatos Norm\u00e1l m\u00e9retre vonatkozik. A \u201eM\u00e9ret \u00e9s kis\u00e1llatok sz\u00e1ma\u201d men\u00fcben v\u00e1laszthatod ki, hogy mit szeretn\u00e9l.\n\nA kompoz\u00edci\u00f3t\u00f3l f\u00fcgg\u0151en a k\u00e9p \u00e1ll\u00f3 vagy fekv\u0151 is lehet. Ha valami egyedi k\u00e9r\u00e9sed\/k\u00e9rd\u00e9sed (pl. egyedi m\u00e9ret) lenne, akkor nyugodtan \u00edrj emailt ezzel kapcsolatban.\n\nHa aj\u00e1nd\u00e9kba venn\u00e9l eredeti festm\u00e9nyt, de nagyon s\u00fcrget az id\u0151 (kb. 6-7 munkanap egy egyedi festm\u00e9ny elk\u00e9sz\u00edt\u00e9si ideje), akkor n\u00e9zz k\u00f6r\u00fcl a K\u00e9sz \u00e1llatportr\u00e9k kateg\u00f3ri\u00e1ban is. Itt v\u00e1ltoz\u00f3 \u00e9s meg\u00fajul\u00f3 k\u00edn\u00e1latot tal\u00e1lsz a legn\u00e9pszer\u0171bb \u00e1llatfajt\u00e1kb\u00f3l: https:\/\/www.meska.hu\/shop\/Hexartdesign?s=68537\n\nTerm\u00e9kle\u00edr\u00e1s\n\u2022 a festm\u00e9ny m\u00e9rete: Norm\u00e1l m\u00e9ret A4-es: 210x297 mm; Nagy m\u00e9ret 300x400 mm\n\u2022 a legmagasabb f\u00e9ny\u00e1ll\u00f3s\u00e1ggal rendelkez\u0151 akvarell fest\u00e9kekkel \u00e9s ceruz\u00e1kkal k\u00e9sz\u00fclt\n\u2022 savmentes akvarell pap\u00edr\n\u2022 mindk\u00e9t m\u00e9rethez aj\u00e1nd\u00e9k feh\u00e9r keret\n\nK\u00e9pkeretek (aj\u00e1nd\u00e9k)\n\u2022 A4-es keret (a fot\u00f3n ez l\u00e1that\u00f3) a Norm\u00e1l m\u00e9rethez \u00e9s 30x40 cm-es keret a Nagy m\u00e9rethez\n\u2022 k\u00fcls\u0151 m\u00e9rete: Norm\u00e1l 24x33 cm, Nagy 33,5x43,5 cm\n\u2022 sz\u00edn: feh\u00e9r\n\u2022 el\u0151lap: polisztir\u00e9n m\u0171anyag\n\u2022 h\u00e1ts\u00f3 kit\u00e1maszt\u00f3val (csak az A4-esn\u00e9l) vagy falra akasztva is haszn\u00e1lhat\u00f3\n\nSzerz\u0151i jog\nAz eredeti festm\u00e9ny tulajdonjoga a v\u00e1s\u00e1rl\u00f3\u00e9 lesz, azonban a v\u00e1s\u00e1rl\u00f3 a festm\u00e9nyt semmilyen form\u00e1ban nem m\u00e1solhatja, gy\u00e1rthatja \u00e9s sokszoros\u00edthatja.\n\nA k\u00e9p illusztr\u00e1ci\u00f3\nA k\u00e9pen l\u00e1that\u00f3 kieg\u00e9sz\u00edt\u0151 dekor\u00e1ci\u00f3s k\u00f6rnyezet csak illusztr\u00e1ci\u00f3, ami nem k\u00e9pezi a term\u00e9k r\u00e9sz\u00e9t.","score":0,"formatted_price":"55 900 Ft","image_url":"https:\/\/www.meska.hu\/img\/product\/small\/h\/e\/hexartdesign_product_371419_260506153544_229762.jpeg","formatted_url":"https:\/\/www.meska.hu\/p5780785-eredeti-portre-festmeny-keszitese-sajat-kutya-cica-fotorol-muveszi-ajandek-tobb-meretben-es-ajandek-kerettel","favourite":false,"in_stock":false,"avatar":"Hexartdesign_avatar_371419_1589358772.jpg","delete_from":0,"is_enhanced_background":false,"is_enhanced":false,"product_selection_started":false,"is_active":true,"image_webp_url":"https:\/\/www.meska.hu\/img\/product\/small\/h\/e\/hexartdesign_product_371419_260506153544_229762.webp"},{"id":"6353130","shop_id":"41932","user_id":"593743","shop_name":"Szilvapaintings","shop_zip":"2143","product_code":"5864580","product_name_old":null,"product_name":"'Okt\u00f3ber' absztrakt akrilfestm\u00e9ny, 40x60 cm","category_string":"M\u0171v\u00e9szet, Festm\u00e9ny, Akril","technic_string":"Fest\u00e9szet","category_1":"357","category_2":"358","category_3":"359","category_4":"0","merged_category_1":null,"merged_category_2":null,"merged_category_3":null,"technic_1":"480","technic_2":"0","technic_3":"0","color_1":"514","color_2":"526","color_3":"529","product_description_old":null,"product_description":"Aki j\u00f3l ismer, az tudhatja, hogy \u00e9n m\u00e1r ny\u00e1ron is az \u0151szt v\u00e1rom:) Furcs\u00e1n megnyugtat\u00f3 hat\u00e1ssal van r\u00e1m, a legkedvesebb id\u0151szak nekem, amikor egy kicsit lelassulok \u00e9s \u00f6sszegzem a gondolataimat, ak\u00e1rcsak \u00faj\u00e9vkor. Im\u00e1dok ilyenkor alkotni, ez a k\u00e9p is most k\u00e9sz\u00fclt, aminek egy picit k\u00f6d\u00f6s, eml\u00e9kszer\u0171 \u0151szi hangulata lett, pont, amit szerettem volna.\n\nM\u00e9ret: 40x60 cm- es fesz\u00edtett v\u00e1szon\nTechnika: akril","price":"28000.00","unit":"db","recommended":"0","status":"1","sponsored":"0","exp_notify":"0","own_material":"0","own_material_description_old":null,"own_material_description":"","jury":"0","jury_number":"","product_nature":"","meskaracsony":"0","create_date":"2026-09-03 14:04:28","shelve_id":"0","image":"szilvapaintings_product_593743_260903135325_593635.jpeg","image_width":"480","image_height":"853","image_alt":"\\'Okt\u00f3ber\\' absztrakt akrilfestm\u00e9ny, 40x60 cm, Aki j\u00f3l ismer, az tudhatja, hogy \u00e9n m\u00e1r ny\u00e1ron is az \u0151szt v\u00e1rom:) Furcs\u00e1n megnyugtat\u00f3 hat\u00e1ssal van r..., Meska","image_title":"\\'Okt\u00f3ber\\' absztrakt akrilfestm\u00e9ny, 40x60 cm, Meska","view_count":"22","favourite_count":"1","trending_score":"0","last2MonthFavouriteCount":"1","promotion":"0","giftcard_accept":"0","creditcard_accept":false,"enhanced_background":"0","domain":"meska","specific_customer_id":null,"specific_customer_name":null,"to_order_product":"0","to_order_product_time":"0","product_different":null,"product_different_description":"","vintage":"0","vintage_category_id":"0","recycled":"0","gemstone_id":"0","customizable":"0","type_category":"physical","zerowaste":"0","postage_price":"2390.00","shop_order":"0","has_category":"1","landing_pages":null,"microdata":{"number":40,"category":""},"title":"'Okt\u00f3ber' absztrakt akrilfestm\u00e9ny, 40x60 cm","description":"Aki j\u00f3l ismer, az tudhatja, hogy \u00e9n m\u00e1r ny\u00e1ron is az \u0151szt v\u00e1rom:) Furcs\u00e1n megnyugtat\u00f3 hat\u00e1ssal van r\u00e1m, a legkedvesebb id\u0151szak nekem, amikor egy kicsit lelassulok \u00e9s \u00f6sszegzem a gondolataimat, ak\u00e1rcsak \u00faj\u00e9vkor. Im\u00e1dok ilyenkor alkotni, ez a k\u00e9p is most k\u00e9sz\u00fclt, aminek egy picit k\u00f6d\u00f6s, eml\u00e9kszer\u0171 \u0151szi hangulata lett, pont, amit szerettem volna.\n\nM\u00e9ret: 40x60 cm- es fesz\u00edtett v\u00e1szon\nTechnika: akril","score":0,"formatted_price":"28 000 Ft","image_url":"https:\/\/www.meska.hu\/img\/product\/small\/s\/z\/szilvapaintings_product_593743_260903135325_593635.jpeg","formatted_url":"https:\/\/www.meska.hu\/p5864580-oktober-absztrakt-akrilfestmeny-40x60-cm","favourite":false,"in_stock":true,"avatar":"593743_avatar_1759157839.jpeg","delete_from":0,"is_enhanced_background":false,"is_enhanced":false,"product_selection_started":false,"is_active":true,"image_webp_url":"https:\/\/www.meska.hu\/img\/product\/small\/s\/z\/szilvapaintings_product_593743_260903135325_593635.webp"},{"id":"6353112","shop_id":"38157","user_id":"512329","shop_name":"Moonfly","shop_zip":"6100","product_code":"5864575","product_name_old":null,"product_name":"Csemp\u00e9re k\u00e9sz\u00fclt falik\u00e9p, enkausztika \/ viasszal festett \"fantasy-kakas\", eco \u00e9s \u00fajrahasznos\u00edt\u00e1s","category_string":"M\u0171v\u00e9szet, Festm\u00e9ny, Festm\u00e9ny vegyes technika","technic_string":"Fest\u00e9szet, \u00dajrahasznos\u00edtott alapanyagb\u00f3l k\u00e9sz\u00fclt term\u00e9kek","category_1":"357","category_2":"358","category_3":"363","category_4":"0","merged_category_1":null,"merged_category_2":null,"merged_category_3":null,"technic_1":"480","technic_2":"504","technic_3":"0","color_1":"521","color_2":"523","color_3":"529","product_description_old":null,"product_description":"Elad\u00e1sra k\u00edn\u00e1lom az al\u00e1bbi \u00fajrahasznos\u00edtott csemp\u00e9re viasszal festett fant\u00e1zia-k\u00e9pemet.\n\n\"Nem a kakas szav\u00e1ra kezd virradni. De a kakas ki\u00e1lt, merthogy virrad\", a c\u00edm Mad\u00e1cs Imre - Az ember trag\u00e9di\u00e1ja m\u0171ve ut\u00e1n szabadon.\n\n\"Az \u00e1ltalam k\u00e9sz\u00edtett egyszerre f\u00fcrk\u00e9sz\u0151\/k\u00edv\u00e1ncsi tekintet\u0171, de tekint\u00e9lyt parancsol\u00f3 mad\u00e1rszer\u0171 l\u00e9ny sosem egyforma, ugyanis mindig 'm\u00e1sban van' (volt m\u00e1r minden - m\u00e9g k\u00e9mikus is, de jelenleg meg elektromos...\" - az akarat, tettv\u00e1gy \u00e9s a megt\u00f6rhetetlens\u00e9g szimb\u00f3luma egy fantasztikus, csod\u00e1kkal teli vil\u00e1gban. Csemp\u00e9n meg\u00f6r\u00f6k\u00edtett form\u00e1ban az els\u0151 elad\u00f3 p\u00e9ld\u00e1ny az egy\u00e9ni, \u00e1ltalam kidolgozott karakterr\u0151l. \n\nM\u00e9rete: csempelap 15X15 cm (akaszt\u00f3val ell\u00e1tva), enkausztika (viaszfest\u00e9s)\n\nTet\u0151zi Csilla \"Arm\" szign\u00f3val jelzett, kort\u00e1rs f\u00e9legyh\u00e1zi alkot\u00f3 munk\u00e1ja.\n\nSoksz\u00edn\u0171 munk\u00e1im Moonflyover \u00e9s Holdraforg\u00f3k n\u00e9ven tal\u00e1lhat\u00f3ak meg, illetve Holdraforg\u00f3k & Moonflyover Art n\u00e9ven vannak jelen kort\u00e1rs m\u0171v\u00e9szeti port\u00e1lokon.\n\nEgy\u00e9b inform\u00e1ci\u00f3: H\u0151t\u0151l (62-66\u00b0C) \u00e9s k\u00f6zvetlen napf\u00e9nyt\u0151l v\u00e9dett helyen t\u00e1roland\u00f3.\nA sz\u00ednek minim\u00e1lisan elt\u00e9rhetnek egy\u00e9ni k\u00e9perny\u0151 be\u00e1ll\u00edt\u00e1sokt\u00f3l f\u00fcgg\u0151en.\nMinden darabb\u00f3l csak egy k\u00e9sz\u00fcl, ez\u00e1ltal teljesen egyedi.\n\nPost\u00e1zom is a mindenkori postai \/ Foxpost d\u00edjszab\u00e1snak megfelel\u0151en a teljes \u00f6sszeg el\u0151reutal\u00e1sa ut\u00e1n, illetve automat\u00e1ba is (alaposan csomagolva). Post\u00e1zni t\u00f6r\u00e9keny \u00e9rt\u00e9kbiztos\u00edt\u00e1ssal tudom kiz\u00e1r\u00f3lag. Szem\u00e9lyes \u00e1tv\u00e9telre is van lehet\u0151s\u00e9g.\n\n\nA k\u00e9pek t\u00e9m\u00e1ja: A k\u00e9pc\u00edmek k\u00fcl\u00f6nb\u00f6z\u0151 magyar (de t\u00f6bb nyelven is \u00e9rtelmezhet\u0151) sz\u00f3l\u00e1sokra \u00e9s k\u00f6zmond\u00e1sokra, gegekre \u00e9p\u00fclnek - melyeket kieg\u00e9sz\u00edtek a saj\u00e1t k\u00e9pi vil\u00e1gommal.  \nA j\u00f3 geg, sz\u00f3j\u00e1t\u00e9kok, n\u00e9pszer\u0171 \u00e9s magyar vonatkoz\u00e1s\u00fa sz\u00f3l\u00e1sok, irodalom \u00e9s nyelvi humor rengeteg lehet\u0151s\u00e9get \u00e9s kimer\u00edthetetlen t\u00e1rh\u00e1z\u00e1t adja a j\u00e1t\u00e9koss\u00e1gnak, egy \u00e9let\u00e9rz\u00e9s vagy szitu\u00e1ci\u00f3 bemutat\u00e1s\u00e1nak boh\u00e9m form\u00e1ban. Ennek nyom\u00e1ban szeml\u00e9letform\u00e1l\u00f3, felnagy\u00edtott \u00e9s kiemelt tudatoss\u00e1gra \u00f6szt\u00f6nz\u0151 \u00fczenetet k\u00f6zvet\u00edt, szavakkal nem kifejezhet\u0151 kritikai k\u00f6zeg ker\u00fcl a befogad\u00f3 el\u00e9.\n\nA k\u00e9pek \"recycled\" c\u00e9lja: Nagy hangs\u00falyt fektetek a fenntarthat\u00f3s\u00e1gra, k\u00f6r\u00fcl\u00f6tt\u00fcnk l\u00e9v\u0151 kall\u00f3d\u00f3 alapanyagok marad\u00e9ktalan felhaszn\u00e1l\u00e1s\u00e1ra, mely lehet\u0151s\u00e9get adott egy elfeledett, \u0151si technol\u00f3gia feleleven\u00edt\u00e9s\u00e9re is. \u00cdgy ker\u00fclt az \u00e9letembe a pigment\u00e1lt gyertyaviasz sorsa feletti aggodalom felold\u00e1s\u00e1t szorgalmaz\u00f3 m\u0171v\u00e9szeti kivet\u00fcl\u00e9s: a viasszal fest\u00e9s (encaustic) \u00e9s a felhaszn\u00e1latlan f\u00fcrd\u0151szobacsempe \"keresztez\u00e9se\". Ez\u00e1ltal z\u00e1r\u00f3lakkot k\u00f6vet\u0151en egy m\u00e1zas ker\u00e1mi\u00e1t id\u00e9z\u0151, falra tehet\u0151 dekorat\u00edv k\u00e9p k\u00e9sz\u00fcl. Minden alkot\u00e1s eco m\u0171anyag sarkokkal van kiemelve, melyek saj\u00e1t tervez\u00e9s\u0171 festett, \u00fa.n. lebeg\u0151 szeg\u00e9lyez\u00e9s.\n\nA technika jellemz\u0151je, hogy az rendk\u00edv\u00fcli pontoss\u00e1got \u00e9s gyorsas\u00e1got k\u00f6vetel meg az alkot\u00f3t\u00f3l, melyet a gy\u00fal\u00e9konys\u00e1g \u00e9s a h\u0171t\u00e9s egyens\u00faly\u00e1ra t\u00f6rekv\u00e9s is megk\u00f6vet a sz\u00e1rad\u00e1sig - k\u00fcl\u00f6n\u00f6sen ha \u00e9ghet\u0151 anyagra (pl. fa) k\u00e9sz\u00fclt a k\u00e9p. \n\nAlkot\u00e1saimr\u00f3l r\u00f6viden: A k\u00e9peket saj\u00e1tos vil\u00e1gl\u00e1t\u00e1s, formai nyelv jellemzik. F\u0151bb mot\u00edvumai az ind\u00e1k, az \u00f6rv\u00e9nyek, a frakt\u00e1lok, a s\u00edkb\u00f3l kil\u00e9ptetett, kidomborod\u00f3 form\u00e1k, az emberform\u00e1t \u00f6lt\u0151 \u00e1llatvil\u00e1g. Legjobban pedig a szemek, arcok, az \u0171r vil\u00e1ga \u00e9s var\u00e1zslattal \u00e1tsz\u0151tt k\u00f6rnyezet hangulati elegye nyer teret.","price":"27000.00","unit":"db","recommended":"0","status":"1","sponsored":"0","exp_notify":"0","own_material":"0","own_material_description_old":null,"own_material_description":"","jury":"0","jury_number":"","product_nature":"","meskaracsony":"0","create_date":"2026-09-03 13:43:10","shelve_id":"0","image":"moonfly_product_512329_260903095948_350817.jpeg","image_width":"480","image_height":"640","image_alt":"Csemp\u00e9re k\u00e9sz\u00fclt falik\u00e9p, enkausztika \/ viasszal festett \\\"fantasy-kakas\\\", eco \u00e9s \u00fajrahasznos\u00edt\u00e1s, Elad\u00e1sra k\u00edn\u00e1lom az al\u00e1bbi \u00fajrahasznos\u00edtott csemp\u00e9re viasszal festett fant\u00e1zia-k\u00e9pemet.\\n\\n\\\"Nem a kaka..., Meska","image_title":"Csemp\u00e9re k\u00e9sz\u00fclt falik\u00e9p, enkausztika \/ viasszal festett \\\"fantasy-kakas\\\", eco \u00e9s \u00fajrahasznos\u00edt\u00e1s, Meska","view_count":"50","favourite_count":"0","trending_score":"0","last2MonthFavouriteCount":"0","promotion":"0","giftcard_accept":"0","creditcard_accept":false,"enhanced_background":"0","domain":"meska","specific_customer_id":null,"specific_customer_name":null,"to_order_product":"0","to_order_product_time":"0","product_different":null,"product_different_description":"","vintage":"0","vintage_category_id":"0","recycled":"0","gemstone_id":"0","customizable":"0","type_category":"physical","zerowaste":"0","postage_price":"2390.00","shop_order":"0","has_category":"1","landing_pages":null,"microdata":{"number":41,"category":""},"title":"Csemp\u00e9re k\u00e9sz\u00fclt falik\u00e9p, enkausztika \/ viasszal festett \"fantasy-kakas\", eco \u00e9s \u00fajrahasznos\u00edt\u00e1s","description":"Elad\u00e1sra k\u00edn\u00e1lom az al\u00e1bbi \u00fajrahasznos\u00edtott csemp\u00e9re viasszal festett fant\u00e1zia-k\u00e9pemet.\n\n\"Nem a kakas szav\u00e1ra kezd virradni. De a kakas ki\u00e1lt, merthogy virrad\", a c\u00edm Mad\u00e1cs Imre - Az ember trag\u00e9di\u00e1ja m\u0171ve ut\u00e1n szabadon.\n\n\"Az \u00e1ltalam k\u00e9sz\u00edtett egyszerre f\u00fcrk\u00e9sz\u0151\/k\u00edv\u00e1ncsi tekintet\u0171, de tekint\u00e9lyt parancsol\u00f3 mad\u00e1rszer\u0171 l\u00e9ny sosem egyforma, ugyanis mindig 'm\u00e1sban van' (volt m\u00e1r minden - m\u00e9g k\u00e9mikus is, de jelenleg meg elektromos...\" - az akarat, tettv\u00e1gy \u00e9s a megt\u00f6rhetetlens\u00e9g szimb\u00f3luma egy fantasztikus, csod\u00e1kkal teli vil\u00e1gban. Csemp\u00e9n meg\u00f6r\u00f6k\u00edtett form\u00e1ban az els\u0151 elad\u00f3 p\u00e9ld\u00e1ny az egy\u00e9ni, \u00e1ltalam kidolgozott karakterr\u0151l. \n\nM\u00e9rete: csempelap 15X15 cm (akaszt\u00f3val ell\u00e1tva), enkausztika (viaszfest\u00e9s)\n\nTet\u0151zi Csilla \"Arm\" szign\u00f3val jelzett, kort\u00e1rs f\u00e9legyh\u00e1zi alkot\u00f3 munk\u00e1ja.\n\nSoksz\u00edn\u0171 munk\u00e1im Moonflyover \u00e9s Holdraforg\u00f3k n\u00e9ven tal\u00e1lhat\u00f3ak meg, illetve Holdraforg\u00f3k & Moonflyover Art n\u00e9ven vannak jelen kort\u00e1rs m\u0171v\u00e9szeti port\u00e1lokon.\n\nEgy\u00e9b inform\u00e1ci\u00f3: H\u0151t\u0151l (62-66\u00b0C) \u00e9s k\u00f6zvetlen napf\u00e9nyt\u0151l v\u00e9dett helyen t\u00e1roland\u00f3.\nA sz\u00ednek minim\u00e1lisan elt\u00e9rhetnek egy\u00e9ni k\u00e9perny\u0151 be\u00e1ll\u00edt\u00e1sokt\u00f3l f\u00fcgg\u0151en.\nMinden darabb\u00f3l csak egy k\u00e9sz\u00fcl, ez\u00e1ltal teljesen egyedi.\n\nPost\u00e1zom is a mindenkori postai \/ Foxpost d\u00edjszab\u00e1snak megfelel\u0151en a teljes \u00f6sszeg el\u0151reutal\u00e1sa ut\u00e1n, illetve automat\u00e1ba is (alaposan csomagolva). Post\u00e1zni t\u00f6r\u00e9keny \u00e9rt\u00e9kbiztos\u00edt\u00e1ssal tudom kiz\u00e1r\u00f3lag. Szem\u00e9lyes \u00e1tv\u00e9telre is van lehet\u0151s\u00e9g.\n\n\nA k\u00e9pek t\u00e9m\u00e1ja: A k\u00e9pc\u00edmek k\u00fcl\u00f6nb\u00f6z\u0151 magyar (de t\u00f6bb nyelven is \u00e9rtelmezhet\u0151) sz\u00f3l\u00e1sokra \u00e9s k\u00f6zmond\u00e1sokra, gegekre \u00e9p\u00fclnek - melyeket kieg\u00e9sz\u00edtek a saj\u00e1t k\u00e9pi vil\u00e1gommal.  \nA j\u00f3 geg, sz\u00f3j\u00e1t\u00e9kok, n\u00e9pszer\u0171 \u00e9s magyar vonatkoz\u00e1s\u00fa sz\u00f3l\u00e1sok, irodalom \u00e9s nyelvi humor rengeteg lehet\u0151s\u00e9get \u00e9s kimer\u00edthetetlen t\u00e1rh\u00e1z\u00e1t adja a j\u00e1t\u00e9koss\u00e1gnak, egy \u00e9let\u00e9rz\u00e9s vagy szitu\u00e1ci\u00f3 bemutat\u00e1s\u00e1nak boh\u00e9m form\u00e1ban. Ennek nyom\u00e1ban szeml\u00e9letform\u00e1l\u00f3, felnagy\u00edtott \u00e9s kiemelt tudatoss\u00e1gra \u00f6szt\u00f6nz\u0151 \u00fczenetet k\u00f6zvet\u00edt, szavakkal nem kifejezhet\u0151 kritikai k\u00f6zeg ker\u00fcl a befogad\u00f3 el\u00e9.\n\nA k\u00e9pek \"recycled\" c\u00e9lja: Nagy hangs\u00falyt fektetek a fenntarthat\u00f3s\u00e1gra, k\u00f6r\u00fcl\u00f6tt\u00fcnk l\u00e9v\u0151 kall\u00f3d\u00f3 alapanyagok marad\u00e9ktalan felhaszn\u00e1l\u00e1s\u00e1ra, mely lehet\u0151s\u00e9get adott egy elfeledett, \u0151si technol\u00f3gia feleleven\u00edt\u00e9s\u00e9re is. \u00cdgy ker\u00fclt az \u00e9letembe a pigment\u00e1lt gyertyaviasz sorsa feletti aggodalom felold\u00e1s\u00e1t szorgalmaz\u00f3 m\u0171v\u00e9szeti kivet\u00fcl\u00e9s: a viasszal fest\u00e9s (encaustic) \u00e9s a felhaszn\u00e1latlan f\u00fcrd\u0151szobacsempe \"keresztez\u00e9se\". Ez\u00e1ltal z\u00e1r\u00f3lakkot k\u00f6vet\u0151en egy m\u00e1zas ker\u00e1mi\u00e1t id\u00e9z\u0151, falra tehet\u0151 dekorat\u00edv k\u00e9p k\u00e9sz\u00fcl. Minden alkot\u00e1s eco m\u0171anyag sarkokkal van kiemelve, melyek saj\u00e1t tervez\u00e9s\u0171 festett, \u00fa.n. lebeg\u0151 szeg\u00e9lyez\u00e9s.\n\nA technika jellemz\u0151je, hogy az rendk\u00edv\u00fcli pontoss\u00e1got \u00e9s gyorsas\u00e1got k\u00f6vetel meg az alkot\u00f3t\u00f3l, melyet a gy\u00fal\u00e9konys\u00e1g \u00e9s a h\u0171t\u00e9s egyens\u00faly\u00e1ra t\u00f6rekv\u00e9s is megk\u00f6vet a sz\u00e1rad\u00e1sig - k\u00fcl\u00f6n\u00f6sen ha \u00e9ghet\u0151 anyagra (pl. fa) k\u00e9sz\u00fclt a k\u00e9p. \n\nAlkot\u00e1saimr\u00f3l r\u00f6viden: A k\u00e9peket saj\u00e1tos vil\u00e1gl\u00e1t\u00e1s, formai nyelv jellemzik. F\u0151bb mot\u00edvumai az ind\u00e1k, az \u00f6rv\u00e9nyek, a frakt\u00e1lok, a s\u00edkb\u00f3l kil\u00e9ptetett, kidomborod\u00f3 form\u00e1k, az emberform\u00e1t \u00f6lt\u0151 \u00e1llatvil\u00e1g. Legjobban pedig a szemek, arcok, az \u0171r vil\u00e1ga \u00e9s var\u00e1zslattal \u00e1tsz\u0151tt k\u00f6rnyezet hangulati elegye nyer teret.","score":0,"formatted_price":"27 000 Ft","image_url":"https:\/\/www.meska.hu\/img\/product\/small\/m\/o\/moonfly_product_512329_260903095948_350817.jpeg","formatted_url":"https:\/\/www.meska.hu\/p5864575-csempere-keszult-falikep-enkausztika-viasszal-festett-fantasy-kakas-eco-es-ujrahasznositas","favourite":false,"in_stock":true,"avatar":"512329_avatar_1746895092.png","delete_from":0,"is_enhanced_background":false,"is_enhanced":false,"product_selection_started":false,"is_active":true,"image_webp_url":"https:\/\/www.meska.hu\/img\/product\/small\/m\/o\/moonfly_product_512329_260903095948_350817.webp"},{"id":"4503131","shop_id":"38284","user_id":"518552","shop_name":"EstherArt","shop_zip":"6723","product_code":"4781067","product_name_old":null,"product_name":"Akvarell - Halhatatlan szeretet (2021.)","category_string":"M\u0171v\u00e9szet, Festm\u00e9ny, Akvarell","technic_string":"Fest\u00e9szet","category_1":"357","category_2":"358","category_3":"360","category_4":"0","merged_category_1":null,"merged_category_2":null,"merged_category_3":null,"technic_1":"480","technic_2":"0","technic_3":"0","color_1":"512","color_2":"521","color_3":"522","product_description_old":null,"product_description":"Akvarell technik\u00e1val k\u00e9sz\u00fclt egyedi illusztr\u00e1ci\u00f3, k\u00e9zzel festett nem print.\nKedves aj\u00e1nd\u00e9k \u00f6tlet b\u00e1rkinek aki szeret egyedi, k\u00e9zzel k\u00e9sz\u00fclt aj\u00e1nd\u00e9kot adni, de ak\u00e1r az \u00f6n otthona d\u00edsze is lehet.\n\nKi\u00e1ll\u00edtva: 2024. Ferencsz\u00e1ll\u00e1s, Faluh\u00e1z\n \nM\u00e9ret: 22*16,5 cm\nKiv\u00e1l\u00f3 min\u0151s\u00e9g\u0171 Hahnem\u00fchle Cornwell 450 grammos akvarell kartonra k\u00e9sz\u00fclt. \nAz \u00e1r a k\u00e9pre vonatkozik (keret, paszpartu nincs hozz\u00e1).\n\nKi\u00e1ll\u00edtva: 2024. Szeged, Bibliot\u00e9ka \n\nA post\u00e1z\u00e1st az \u00e1r tartalmazza. Gondosan csomagolva k\u00fcld\u00f6m, nem s\u00e9r\u00fcl. \nSzem\u00e9lyes \u00e1tv\u00e9tel Szegeden lehets\u00e9ges. \n\u00dczenetben egyeztetj\u00fck a r\u00e9szleteket, keressen b\u00e1tran! \nMinden jog fenntartva!\n","price":"6000.00","unit":"db","recommended":"0","status":"1","sponsored":"0","exp_notify":"0","own_material":"0","own_material_description_old":null,"own_material_description":"","jury":"0","jury_number":"","product_nature":"","meskaracsony":"0","create_date":"2026-09-03 13:11:56","shelve_id":"80135","image":"estherart_product_518552_220921163653_572595.jpeg","image_width":"480","image_height":"617","image_alt":"Akvarell - Halhatatlan szeretet (2021.), Akvarell technik\u00e1val k\u00e9sz\u00fclt egyedi illusztr\u00e1ci\u00f3, k\u00e9zzel festett nem print.\\nKedves aj\u00e1nd\u00e9k \u00f6tlet b\u00e1r..., Meska","image_title":"Akvarell - Halhatatlan szeretet (2021.), Meska","view_count":"904","favourite_count":"0","trending_score":"0","last2MonthFavouriteCount":"0","promotion":"0","giftcard_accept":"0","creditcard_accept":true,"enhanced_background":"0","domain":"meska","specific_customer_id":null,"specific_customer_name":null,"to_order_product":"0","to_order_product_time":"0","product_different":null,"product_different_description":"","vintage":"0","vintage_category_id":"0","recycled":"0","gemstone_id":"0","customizable":"0","type_category":"physical","zerowaste":"0","postage_price":"1290.00","shop_order":"0","has_category":"1","landing_pages":null,"microdata":{"number":42,"category":""},"title":"Akvarell - Halhatatlan szeretet (2021.)","description":"Akvarell technik\u00e1val k\u00e9sz\u00fclt egyedi illusztr\u00e1ci\u00f3, k\u00e9zzel festett nem print.\nKedves aj\u00e1nd\u00e9k \u00f6tlet b\u00e1rkinek aki szeret egyedi, k\u00e9zzel k\u00e9sz\u00fclt aj\u00e1nd\u00e9kot adni, de ak\u00e1r az \u00f6n otthona d\u00edsze is lehet.\n\nKi\u00e1ll\u00edtva: 2024. Ferencsz\u00e1ll\u00e1s, Faluh\u00e1z\n \nM\u00e9ret: 22*16,5 cm\nKiv\u00e1l\u00f3 min\u0151s\u00e9g\u0171 Hahnem\u00fchle Cornwell 450 grammos akvarell kartonra k\u00e9sz\u00fclt. \nAz \u00e1r a k\u00e9pre vonatkozik (keret, paszpartu nincs hozz\u00e1).\n\nKi\u00e1ll\u00edtva: 2024. Szeged, Bibliot\u00e9ka \n\nA post\u00e1z\u00e1st az \u00e1r tartalmazza. Gondosan csomagolva k\u00fcld\u00f6m, nem s\u00e9r\u00fcl. \nSzem\u00e9lyes \u00e1tv\u00e9tel Szegeden lehets\u00e9ges. \n\u00dczenetben egyeztetj\u00fck a r\u00e9szleteket, keressen b\u00e1tran! \nMinden jog fenntartva!\n","score":0,"formatted_price":"6 000 Ft","image_url":"https:\/\/www.meska.hu\/img\/product\/small\/e\/s\/estherart_product_518552_220921163653_572595.jpeg","formatted_url":"https:\/\/www.meska.hu\/p4781067-akvarell-halhatatlan-szeretet-2021","favourite":false,"in_stock":true,"avatar":"518552_avatar_1723634647.jpeg","delete_from":0,"is_enhanced_background":false,"is_enhanced":false,"product_selection_started":false,"is_active":true,"image_webp_url":"https:\/\/www.meska.hu\/img\/product\/small\/e\/s\/estherart_product_518552_220921163653_572595.webp"},{"id":"6203571","shop_id":"38284","user_id":"518552","shop_name":"EstherArt","shop_zip":"6723","product_code":"5780477","product_name_old":null,"product_name":"Akvarell - Karnev\u00e1l 2. (2026.)","category_string":"M\u0171v\u00e9szet, Festm\u00e9ny, Akvarell","technic_string":"Fest\u00e9szet","category_1":"357","category_2":"358","category_3":"360","category_4":"0","merged_category_1":null,"merged_category_2":null,"merged_category_3":null,"technic_1":"480","technic_2":"0","technic_3":"0","color_1":"512","color_2":"568","color_3":"529","product_description_old":null,"product_description":"Akvarell technik\u00e1val, k\u00e9sz\u00fclt egyedi illusztr\u00e1ci\u00f3, k\u00e9zzel festett nem print.\nKedves aj\u00e1nd\u00e9k \u00f6tlet b\u00e1rkinek aki szeret egyedi, k\u00e9zzel k\u00e9sz\u00fclt aj\u00e1nd\u00e9kot adni, de ak\u00e1r az \u00f6n otthona d\u00edsze is lehet.\n\nM\u00e9ret: 42*32 cm\nKiv\u00e1l\u00f3 min\u0151s\u00e9g\u0171 HNM Cornwall 450 grammos akvarell kartonra k\u00e9sz\u00fclt.\nAz \u00e1r a k\u00e9pre vonatkozik (keret, paszpartu nincs hozz\u00e1).\n\nGondosan csomagolva k\u00fcld\u00f6m, nem s\u00e9r\u00fcl.\nSzem\u00e9lyes \u00e1tv\u00e9tel Szegeden lehets\u00e9ges.\n\u00dczenetben egyeztetj\u00fck a r\u00e9szleteket, keressen b\u00e1tran!\nMinden jog fenntartva!","price":"19000.00","unit":"db","recommended":"0","status":"1","sponsored":"0","exp_notify":"0","own_material":"0","own_material_description_old":null,"own_material_description":"","jury":"0","jury_number":"","product_nature":"","meskaracsony":"0","create_date":"2026-09-03 13:11:54","shelve_id":"80135","image":"estherart_product_518552_260505184607_716711.jpeg","image_width":"480","image_height":"615","image_alt":"Akvarell - Karnev\u00e1l 2. (2026.), Akvarell technik\u00e1val, k\u00e9sz\u00fclt egyedi illusztr\u00e1ci\u00f3, k\u00e9zzel festett nem print.\\nKedves aj\u00e1nd\u00e9k \u00f6tlet b\u00e1..., Meska","image_title":"Akvarell - Karnev\u00e1l 2. (2026.), Meska","view_count":"88","favourite_count":"1","trending_score":"0","last2MonthFavouriteCount":"1","promotion":"0","giftcard_accept":"0","creditcard_accept":true,"enhanced_background":"0","domain":"meska","specific_customer_id":null,"specific_customer_name":null,"to_order_product":"0","to_order_product_time":"0","product_different":null,"product_different_description":"","vintage":"0","vintage_category_id":"0","recycled":"0","gemstone_id":"0","customizable":"0","type_category":"physical","zerowaste":"0","postage_price":"1290.00","shop_order":"0","has_category":"1","landing_pages":null,"microdata":{"number":43,"category":""},"title":"Akvarell - Karnev\u00e1l 2. (2026.)","description":"Akvarell technik\u00e1val, k\u00e9sz\u00fclt egyedi illusztr\u00e1ci\u00f3, k\u00e9zzel festett nem print.\nKedves aj\u00e1nd\u00e9k \u00f6tlet b\u00e1rkinek aki szeret egyedi, k\u00e9zzel k\u00e9sz\u00fclt aj\u00e1nd\u00e9kot adni, de ak\u00e1r az \u00f6n otthona d\u00edsze is lehet.\n\nM\u00e9ret: 42*32 cm\nKiv\u00e1l\u00f3 min\u0151s\u00e9g\u0171 HNM Cornwall 450 grammos akvarell kartonra k\u00e9sz\u00fclt.\nAz \u00e1r a k\u00e9pre vonatkozik (keret, paszpartu nincs hozz\u00e1).\n\nGondosan csomagolva k\u00fcld\u00f6m, nem s\u00e9r\u00fcl.\nSzem\u00e9lyes \u00e1tv\u00e9tel Szegeden lehets\u00e9ges.\n\u00dczenetben egyeztetj\u00fck a r\u00e9szleteket, keressen b\u00e1tran!\nMinden jog fenntartva!","score":0,"formatted_price":"19 000 Ft","image_url":"https:\/\/www.meska.hu\/img\/product\/small\/e\/s\/estherart_product_518552_260505184607_716711.jpeg","formatted_url":"https:\/\/www.meska.hu\/p5780477-akvarell-karneval-2-2026","favourite":false,"in_stock":true,"avatar":"518552_avatar_1723634647.jpeg","delete_from":0,"is_enhanced_background":false,"is_enhanced":false,"product_selection_started":false,"is_active":true,"image_webp_url":"https:\/\/www.meska.hu\/img\/product\/small\/e\/s\/estherart_product_518552_260505184607_716711.webp"},{"id":"2664958","shop_id":"4130","user_id":"15001","shop_name":"vajdaaliz","shop_zip":"2030","product_code":"4635604","product_name_old":null,"product_name":"Korallz\u00e1tony - festm\u00e9ny","category_string":"M\u0171v\u00e9szet, Festm\u00e9ny, Akril","technic_string":"Fest\u00e9szet","category_1":"357","category_2":"358","category_3":"359","category_4":"0","merged_category_1":null,"merged_category_2":null,"merged_category_3":null,"technic_1":"480","technic_2":"0","technic_3":"0","color_1":"521","color_2":"568","color_3":"526","product_description_old":null,"product_description":"\nAkril festm\u00e9ny fesz\u00edtett v\u00e1sznon, m\u00e9rete: 60 x 50 cm.\nSzign\u00f3zva \u00e9s eredetigazol\u00e1ssal. \n2020.\nKeretez\u00e9st nem felt\u00e9tlen ig\u00e9nyel, oldala is festve van.\n\n\n\n\n\n\n\n","price":"81000.00","unit":"db","recommended":"0","status":"1","sponsored":"0","exp_notify":"0","own_material":"0","own_material_description_old":null,"own_material_description":"","jury":"0","jury_number":"","product_nature":"","meskaracsony":"0","create_date":"2026-09-03 13:09:52","shelve_id":"49686","image":"vajdaaliz_product_15001_200922180437_73589.jpeg","image_width":"480","image_height":"577","image_alt":"Korallz\u00e1tony - festm\u00e9ny, \\nAkril festm\u00e9ny fesz\u00edtett v\u00e1sznon, m\u00e9rete: 60 x 50 cm.\\nSzign\u00f3zva \u00e9s eredetigazol\u00e1ssal. \\n2020.\\nKerete..., Meska","image_title":"Korallz\u00e1tony - festm\u00e9ny, Meska","view_count":"2192","favourite_count":"0","trending_score":"0","last2MonthFavouriteCount":"0","promotion":"0","giftcard_accept":"1","creditcard_accept":true,"enhanced_background":"0","domain":"meska","specific_customer_id":null,"specific_customer_name":null,"to_order_product":"0","to_order_product_time":"0","product_different":null,"product_different_description":"","vintage":"0","vintage_category_id":"0","recycled":"0","gemstone_id":"0","customizable":"0","type_category":"physical","zerowaste":"0","postage_price":"2390.00","shop_order":"1","has_category":"1","landing_pages":null,"microdata":{"number":44,"category":""},"title":"Korallz\u00e1tony - festm\u00e9ny","description":"\nAkril festm\u00e9ny fesz\u00edtett v\u00e1sznon, m\u00e9rete: 60 x 50 cm.\nSzign\u00f3zva \u00e9s eredetigazol\u00e1ssal. \n2020.\nKeretez\u00e9st nem felt\u00e9tlen ig\u00e9nyel, oldala is festve van.\n\n\n\n\n\n\n\n","score":0,"formatted_price":"81 000 Ft","image_url":"https:\/\/www.meska.hu\/img\/product\/small\/v\/a\/vajdaaliz_product_15001_200922180437_73589.jpeg","formatted_url":"https:\/\/www.meska.hu\/p4635604-korallzatony-festmeny","favourite":false,"in_stock":true,"avatar":"vajdaaliz_avatar_15001_1569008131.jpg","delete_from":0,"is_enhanced_background":false,"is_enhanced":false,"product_selection_started":false,"is_active":true,"image_webp_url":"https:\/\/www.meska.hu\/img\/product\/small\/v\/a\/vajdaaliz_product_15001_200922180437_73589.webp"},{"id":"5178862","shop_id":"4130","user_id":"15001","shop_name":"vajdaaliz","shop_zip":"2030","product_code":"5185076","product_name_old":null,"product_name":"\u00c9let a t\u00f3ban - festm\u00e9ny","category_string":"M\u0171v\u00e9szet, Festm\u00e9ny, Akril","technic_string":"Fest\u00e9szet","category_1":"357","category_2":"358","category_3":"359","category_4":"0","merged_category_1":null,"merged_category_2":null,"merged_category_3":null,"technic_1":"480","technic_2":"0","technic_3":"0","color_1":"521","color_2":"568","color_3":"529","product_description_old":null,"product_description":"Akril festm\u00e9ny fesz\u00edtett v\u00e1sznon, m\u00e9rete: 60 x 40 cm.\nSzign\u00f3zva \u00e9s eredetigazol\u00e1ssal. \n2024\/3.\nKeretez\u00e9st nem felt\u00e9tlen ig\u00e9nyel, oldala is festve van.\n\n\n\n\n\n\n\n","price":"86400.00","unit":"db","recommended":"0","status":"1","sponsored":"0","exp_notify":"0","own_material":"0","own_material_description_old":null,"own_material_description":"","jury":"0","jury_number":"","product_nature":"","meskaracsony":"0","create_date":"2026-09-03 13:09:47","shelve_id":"49686","image":"vajdaaliz_product_15001_240116192230_915638.jpeg","image_width":"480","image_height":"731","image_alt":"\u00c9let a t\u00f3ban - festm\u00e9ny, Akril festm\u00e9ny fesz\u00edtett v\u00e1sznon, m\u00e9rete: 60 x 40 cm.\\nSzign\u00f3zva \u00e9s eredetigazol\u00e1ssal. \\n2024\/3.\\nKeret..., Meska","image_title":"\u00c9let a t\u00f3ban - festm\u00e9ny, Meska","view_count":"820","favourite_count":"0","trending_score":"0","last2MonthFavouriteCount":"0","promotion":"0","giftcard_accept":"1","creditcard_accept":true,"enhanced_background":"0","domain":"meska","specific_customer_id":null,"specific_customer_name":null,"to_order_product":"0","to_order_product_time":"0","product_different":null,"product_different_description":"","vintage":"0","vintage_category_id":"0","recycled":"0","gemstone_id":"0","customizable":"0","type_category":"physical","zerowaste":"0","postage_price":"2390.00","shop_order":"1","has_category":"1","landing_pages":null,"microdata":{"number":45,"category":""},"title":"\u00c9let a t\u00f3ban - festm\u00e9ny","description":"Akril festm\u00e9ny fesz\u00edtett v\u00e1sznon, m\u00e9rete: 60 x 40 cm.\nSzign\u00f3zva \u00e9s eredetigazol\u00e1ssal. \n2024\/3.\nKeretez\u00e9st nem felt\u00e9tlen ig\u00e9nyel, oldala is festve van.\n\n\n\n\n\n\n\n","score":0,"formatted_price":"86 400 Ft","image_url":"https:\/\/www.meska.hu\/img\/product\/small\/v\/a\/vajdaaliz_product_15001_240116192230_915638.jpeg","formatted_url":"https:\/\/www.meska.hu\/p5185076-elet-a-toban-festmeny","favourite":false,"in_stock":true,"avatar":"vajdaaliz_avatar_15001_1569008131.jpg","delete_from":0,"is_enhanced_background":false,"is_enhanced":false,"product_selection_started":false,"is_active":true,"image_webp_url":"https:\/\/www.meska.hu\/img\/product\/small\/v\/a\/vajdaaliz_product_15001_240116192230_915638.webp"},{"id":"6333303","shop_id":"48423","user_id":"709255","shop_name":"HTerezArt","shop_zip":"6425","product_code":"5851701","product_name_old":null,"product_name":"G\u00f3ly\u00e1k , Olajfestm\u00e9ny","category_string":"M\u0171v\u00e9szet, Festm\u00e9ny, Olajfestm\u00e9ny","technic_string":"Fest\u00e9szet, Festett t\u00e1rgyak","category_1":"357","category_2":"358","category_3":"361","category_4":"0","merged_category_1":null,"merged_category_2":null,"merged_category_3":null,"technic_1":"480","technic_2":"481","technic_3":"0","color_1":"519","color_2":"520","color_3":"529","product_description_old":null,"product_description":"Eredeti, k\u00e9zzel festett, szign\u00f3zott, saj\u00e1t alkot\u00e1s \" G\u00f3ly\u00e1k\" c\u00edm\u0171 olajfestm\u00e9ny.\nAnyaga: olajfest\u00e9k, fesz\u00edtett v\u00e1szon, ,lakk,akaszt\u00f3\nM\u00e9rete: 50x40cm\nA festm\u00e9ny oldalai is festve vannak, \u00edgy nem ig\u00e9nyel keretez\u00e9st. A k\u00e9p fel\u00fclete lakkoz\u00e1ssal v\u00e9dve.\nAkaszt\u00f3val van ell\u00e1tva,azonnal falra tehet\u0151.\nK\u00e9peim sz\u00e1ml\u00e1val ker\u00fclnek \u00e1tad\u00e1sra.\n\n\n\nPost\u00e1z\u00e1s biztons\u00e1gos csomagol\u00e1sban , szem\u00e9lyes \u00e1tv\u00e9telre Szegeden van lehet\u0151s\u00e9g.","price":"50000.00","unit":"db","recommended":"0","status":"1","sponsored":"0","exp_notify":"0","own_material":"0","own_material_description_old":null,"own_material_description":"","jury":"0","jury_number":"","product_nature":"","meskaracsony":"0","create_date":"2026-09-03 12:41:40","shelve_id":"0","image":"hterezart_product_709255_260822200212_490990.jpeg","image_width":"480","image_height":"640","image_alt":"G\u00f3ly\u00e1k , Olajfestm\u00e9ny, Eredeti, k\u00e9zzel festett, szign\u00f3zott, saj\u00e1t alkot\u00e1s \\\" G\u00f3ly\u00e1k\\\" c\u00edm\u0171 olajfestm\u00e9ny.\\nAnyaga: olajfest\u00e9k, ..., Meska","image_title":"G\u00f3ly\u00e1k , Olajfestm\u00e9ny, Meska","view_count":"55","favourite_count":"1","trending_score":"0","last2MonthFavouriteCount":"1","promotion":"0","giftcard_accept":"0","creditcard_accept":false,"enhanced_background":"0","domain":"meska","specific_customer_id":null,"specific_customer_name":null,"to_order_product":"0","to_order_product_time":"0","product_different":null,"product_different_description":"","vintage":"0","vintage_category_id":"0","recycled":"0","gemstone_id":"0","customizable":"0","type_category":"physical","zerowaste":"0","postage_price":"2390.00","shop_order":"0","has_category":"1","landing_pages":null,"microdata":{"number":46,"category":""},"title":"G\u00f3ly\u00e1k , Olajfestm\u00e9ny","description":"Eredeti, k\u00e9zzel festett, szign\u00f3zott, saj\u00e1t alkot\u00e1s \" G\u00f3ly\u00e1k\" c\u00edm\u0171 olajfestm\u00e9ny.\nAnyaga: olajfest\u00e9k, fesz\u00edtett v\u00e1szon, ,lakk,akaszt\u00f3\nM\u00e9rete: 50x40cm\nA festm\u00e9ny oldalai is festve vannak, \u00edgy nem ig\u00e9nyel keretez\u00e9st. A k\u00e9p fel\u00fclete lakkoz\u00e1ssal v\u00e9dve.\nAkaszt\u00f3val van ell\u00e1tva,azonnal falra tehet\u0151.\nK\u00e9peim sz\u00e1ml\u00e1val ker\u00fclnek \u00e1tad\u00e1sra.\n\n\n\nPost\u00e1z\u00e1s biztons\u00e1gos csomagol\u00e1sban , szem\u00e9lyes \u00e1tv\u00e9telre Szegeden van lehet\u0151s\u00e9g.","score":0,"formatted_price":"50 000 Ft","image_url":"https:\/\/www.meska.hu\/img\/product\/small\/h\/t\/hterezart_product_709255_260822200212_490990.jpeg","formatted_url":"https:\/\/www.meska.hu\/p5851701-golyak-olajfestmeny","favourite":false,"in_stock":true,"avatar":"709255_avatar_1750072635.jpeg","delete_from":0,"is_enhanced_background":false,"is_enhanced":false,"product_selection_started":false,"is_active":true,"image_webp_url":"https:\/\/www.meska.hu\/img\/product\/small\/h\/t\/hterezart_product_709255_260822200212_490990.webp"},{"id":"6333687","shop_id":"48423","user_id":"709255","shop_name":"HTerezArt","shop_zip":"6425","product_code":"5851821","product_name_old":null,"product_name":"Lila fant\u00e1zia , Festm\u00e9ny","category_string":"M\u0171v\u00e9szet, Festm\u00e9ny, Akril","technic_string":"Fest\u00e9szet, Festett t\u00e1rgyak","category_1":"357","category_2":"358","category_3":"359","category_4":"0","merged_category_1":null,"merged_category_2":null,"merged_category_3":null,"technic_1":"480","technic_2":"481","technic_3":"0","color_1":"519","color_2":"522","color_3":"0","product_description_old":null,"product_description":"Eredeti, k\u00e9zzel festett, szign\u00f3zott, saj\u00e1t alkot\u00e1s \"Lila fant\u00e1zia \"c\u00edm\u0171 festm\u00e9ny.\nAnyaga: akrilfest\u00e9k, fesz\u00edtett v\u00e1szon, strukt\u00farpaszta, lakk,akaszt\u00f3\nM\u00e9rete: 60x30cm\nA festm\u00e9ny oldalai is festve vannak, \u00edgy nem ig\u00e9nyel keretez\u00e9st. A k\u00e9p fel\u00fclete lakkoz\u00e1ssal v\u00e9dve. \n( A strukt\u00farpaszta seg\u00edts\u00e9g\u00e9vel a v\u00e1szon fel\u00fclet\u00e9n a  minta dombor\u00fa.)\nAkaszt\u00f3val van ell\u00e1tva,azonnal falra tehet\u0151.\n\n\n\nPost\u00e1z\u00e1s biztons\u00e1gos csomagol\u00e1sban t\u00f6rt\u00e9nik, szem\u00e9lyes \u00e1tv\u00e9telre Szegeden van lehet\u0151s\u00e9g.","price":"45000.00","unit":"db","recommended":"0","status":"1","sponsored":"0","exp_notify":"0","own_material":"0","own_material_description_old":null,"own_material_description":"","jury":"0","jury_number":"","product_nature":"","meskaracsony":"0","create_date":"2026-09-03 09:44:59","shelve_id":"0","image":"hterezart_product_709255_260823123134_089392.jpeg","image_width":"480","image_height":"640","image_alt":"Lila fant\u00e1zia , Festm\u00e9ny, Eredeti, k\u00e9zzel festett, szign\u00f3zott, saj\u00e1t alkot\u00e1s \\\"Lila fant\u00e1zia \\\"c\u00edm\u0171 festm\u00e9ny.\\nAnyaga: akrilfest\u00e9..., Meska","image_title":"Lila fant\u00e1zia , Festm\u00e9ny, Meska","view_count":"42","favourite_count":"0","trending_score":"0","last2MonthFavouriteCount":"0","promotion":"0","giftcard_accept":"0","creditcard_accept":false,"enhanced_background":"0","domain":"meska","specific_customer_id":null,"specific_customer_name":null,"to_order_product":"0","to_order_product_time":"0","product_different":null,"product_different_description":"","vintage":"0","vintage_category_id":"0","recycled":"0","gemstone_id":"0","customizable":"0","type_category":"physical","zerowaste":"0","postage_price":"2390.00","shop_order":"0","has_category":"1","landing_pages":null,"microdata":{"number":47,"category":""},"title":"Lila fant\u00e1zia , Festm\u00e9ny","description":"Eredeti, k\u00e9zzel festett, szign\u00f3zott, saj\u00e1t alkot\u00e1s \"Lila fant\u00e1zia \"c\u00edm\u0171 festm\u00e9ny.\nAnyaga: akrilfest\u00e9k, fesz\u00edtett v\u00e1szon, strukt\u00farpaszta, lakk,akaszt\u00f3\nM\u00e9rete: 60x30cm\nA festm\u00e9ny oldalai is festve vannak, \u00edgy nem ig\u00e9nyel keretez\u00e9st. A k\u00e9p fel\u00fclete lakkoz\u00e1ssal v\u00e9dve. \n( A strukt\u00farpaszta seg\u00edts\u00e9g\u00e9vel a v\u00e1szon fel\u00fclet\u00e9n a  minta dombor\u00fa.)\nAkaszt\u00f3val van ell\u00e1tva,azonnal falra tehet\u0151.\n\n\n\nPost\u00e1z\u00e1s biztons\u00e1gos csomagol\u00e1sban t\u00f6rt\u00e9nik, szem\u00e9lyes \u00e1tv\u00e9telre Szegeden van lehet\u0151s\u00e9g.","score":0,"formatted_price":"45 000 Ft","image_url":"https:\/\/www.meska.hu\/img\/product\/small\/h\/t\/hterezart_product_709255_260823123134_089392.jpeg","formatted_url":"https:\/\/www.meska.hu\/p5851821-lila-fantazia-festmeny","favourite":false,"in_stock":true,"avatar":"709255_avatar_1750072635.jpeg","delete_from":0,"is_enhanced_background":false,"is_enhanced":false,"product_selection_started":false,"is_active":true,"image_webp_url":"https:\/\/www.meska.hu\/img\/product\/small\/h\/t\/hterezart_product_709255_260823123134_089392.webp"},{"id":"6326641","shop_id":"48423","user_id":"709255","shop_name":"HTerezArt","shop_zip":"6425","product_code":"5849120","product_name_old":null,"product_name":"Mes\u00e9l az erd\u0151, Hatty\u00fak ; Olajfestm\u00e9ny","category_string":"M\u0171v\u00e9szet, Festm\u00e9ny, Olajfestm\u00e9ny","technic_string":"Fest\u00e9szet, Festett t\u00e1rgyak","category_1":"357","category_2":"358","category_3":"361","category_4":"0","merged_category_1":null,"merged_category_2":null,"merged_category_3":null,"technic_1":"480","technic_2":"481","technic_3":"0","color_1":"519","color_2":"521","color_3":"529","product_description_old":null,"product_description":"Eredeti, k\u00e9zzel festett, szign\u00f3zott, saj\u00e1t alkot\u00e1s \"Mes\u00e9l az erd\u0151, Hatty\u00fak \"c\u00edm\u0171 olajfestm\u00e9ny.\nAnyaga: olajfest\u00e9k, fesz\u00edtett v\u00e1szon, lakk,akaszt\u00f3\nM\u00e9rete: 60x30cm\nA festm\u00e9ny oldalai is festve vannak, \u00edgy nem ig\u00e9nyel keretez\u00e9st. A k\u00e9p fel\u00fclete lakkoz\u00e1ssal v\u00e9dve.\nAkaszt\u00f3val van ell\u00e1tva,azonnal falra tehet\u0151.\n\n\n\nPost\u00e1z\u00e1s biztons\u00e1gos csomagol\u00e1sban t\u00f6rt\u00e9nik, szem\u00e9lyes \u00e1tv\u00e9telre Szegeden van lehet\u0151s\u00e9g.","price":"48000.00","unit":"db","recommended":"0","status":"1","sponsored":"0","exp_notify":"0","own_material":"0","own_material_description_old":null,"own_material_description":"","jury":"0","jury_number":"","product_nature":"","meskaracsony":"0","create_date":"2026-09-03 09:35:15","shelve_id":"0","image":"hterezart_product_709255_260814173242_971116.jpeg","image_width":"480","image_height":"640","image_alt":"Mes\u00e9l az erd\u0151, Hatty\u00fak ; Olajfestm\u00e9ny, Eredeti, k\u00e9zzel festett, szign\u00f3zott, saj\u00e1t alkot\u00e1s \\\"Mes\u00e9l az erd\u0151, Hatty\u00fak \\\"c\u00edm\u0171 olajfestm\u00e9ny.\\nAnyag..., Meska","image_title":"Mes\u00e9l az erd\u0151, Hatty\u00fak ; Olajfestm\u00e9ny, Meska","view_count":"67","favourite_count":"1","trending_score":"0","last2MonthFavouriteCount":"1","promotion":"0","giftcard_accept":"0","creditcard_accept":false,"enhanced_background":"0","domain":"meska","specific_customer_id":null,"specific_customer_name":null,"to_order_product":"0","to_order_product_time":"0","product_different":null,"product_different_description":"","vintage":"0","vintage_category_id":"0","recycled":"0","gemstone_id":"0","customizable":"0","type_category":"physical","zerowaste":"0","postage_price":"2390.00","shop_order":"0","has_category":"1","landing_pages":null,"microdata":{"number":48,"category":""},"title":"Mes\u00e9l az erd\u0151, Hatty\u00fak ; Olajfestm\u00e9ny","description":"Eredeti, k\u00e9zzel festett, szign\u00f3zott, saj\u00e1t alkot\u00e1s \"Mes\u00e9l az erd\u0151, Hatty\u00fak \"c\u00edm\u0171 olajfestm\u00e9ny.\nAnyaga: olajfest\u00e9k, fesz\u00edtett v\u00e1szon, lakk,akaszt\u00f3\nM\u00e9rete: 60x30cm\nA festm\u00e9ny oldalai is festve vannak, \u00edgy nem ig\u00e9nyel keretez\u00e9st. A k\u00e9p fel\u00fclete lakkoz\u00e1ssal v\u00e9dve.\nAkaszt\u00f3val van ell\u00e1tva,azonnal falra tehet\u0151.\n\n\n\nPost\u00e1z\u00e1s biztons\u00e1gos csomagol\u00e1sban t\u00f6rt\u00e9nik, szem\u00e9lyes \u00e1tv\u00e9telre Szegeden van lehet\u0151s\u00e9g.","score":0,"formatted_price":"48 000 Ft","image_url":"https:\/\/www.meska.hu\/img\/product\/small\/h\/t\/hterezart_product_709255_260814173242_971116.jpeg","formatted_url":"https:\/\/www.meska.hu\/p5849120-mesel-az-erdo-hattyuk-olajfestmeny","favourite":false,"in_stock":true,"avatar":"709255_avatar_1750072635.jpeg","delete_from":0,"is_enhanced_background":false,"is_enhanced":false,"product_selection_started":false,"is_active":true,"image_webp_url":"https:\/\/www.meska.hu\/img\/product\/small\/h\/t\/hterezart_product_709255_260814173242_971116.webp"},{"id":"6203620","shop_id":"37080","user_id":"491542","shop_name":"Antiquelive","shop_zip":"9021","product_code":"5780504","product_name_old":null,"product_name":"K\u00fcl\u00f6nlegesen sz\u00e9p alpesi t\u00e1j, olajfestm\u00e9ny","category_string":"M\u0171v\u00e9szet, Festm\u00e9ny, Olajfestm\u00e9ny","technic_string":"Fest\u00e9szet","category_1":"357","category_2":"358","category_3":"361","category_4":"0","merged_category_1":null,"merged_category_2":null,"merged_category_3":null,"technic_1":"480","technic_2":"0","technic_3":"0","color_1":"514","color_2":"521","color_3":"529","product_description_old":null,"product_description":"Rendk\u00edv\u00fcl sz\u00e9p k\u00fcl\u00f6nleges hangulat\u00fa nagym\u00e9ret\u0171 alpesi t\u00e1jr\u00f3l k\u00e9sz\u00fclt olajfestm\u00e9ny. Az el\u0151t\u00e9rben naps\u00fct\u00f6tte kanyarg\u00f3s hegyi \u00fat vir\u00e1gz\u00f3 mezei n\u00f6v\u00e9nyekkel ami jobbr\u00f3l egy beker\u00edtett kis h\u00e1zik\u00f3 mellett vezet el.  Az \u00fat ment\u00e9n balr\u00f3l fest\u0151i alak\u00fa kisz\u00e1radt fa t\u00f6rzse l\u00e1that\u00f3, m\u00f6g\u00f6tte s\u00f6t\u00e9tz\u00f6ld sud\u00e1r feny\u0151kkel. Ezt egy csodasz\u00e9p k\u00e9kes p\u00e1r\u00e1ba burkolt v\u00f6lgy k\u00f6veti amely m\u00f6g\u00f6tt a t\u00e1volban fantasztikus havas hegycs\u00facsok l\u00e1that\u00f3k. A k\u00e9p csod\u00e1s, \u00e9les, realista st\u00edlusa eg\u00e9szen k\u00fcl\u00f6nleges hangulat\u00fa. Az embernek kedve lenne v\u00e9gigmenni a kis hegyi \u00faton a rejt\u00e9lyes v\u00f6lgy fel\u00e9 tov\u00e1bbi csod\u00e1kat felfedezni. Impoz\u00e1ns nagy m\u00e9ret\u0171 darab 90 x 70 cm. Al\u00e1\u00edrva lent jobbra  lent : F H Lager 1987","price":"85000.00","unit":"db","recommended":"0","status":"1","sponsored":"0","exp_notify":"0","own_material":"0","own_material_description_old":null,"own_material_description":"","jury":"0","jury_number":"","product_nature":"","meskaracsony":"0","create_date":"2026-09-03 06:49:44","shelve_id":"68859","image":"antiquelive_product_491542_260505192623_691714.png","image_width":"480","image_height":"480","image_alt":"K\u00fcl\u00f6nlegesen sz\u00e9p alpesi t\u00e1j, olajfestm\u00e9ny, Rendk\u00edv\u00fcl sz\u00e9p k\u00fcl\u00f6nleges hangulat\u00fa nagym\u00e9ret\u0171 alpesi t\u00e1jr\u00f3l k\u00e9sz\u00fclt olajfestm\u00e9ny. Az el\u0151t\u00e9rben naps..., Meska","image_title":"K\u00fcl\u00f6nlegesen sz\u00e9p alpesi t\u00e1j, olajfestm\u00e9ny, Meska","view_count":"73","favourite_count":"0","trending_score":"0","last2MonthFavouriteCount":"0","promotion":"0","giftcard_accept":"0","creditcard_accept":false,"enhanced_background":"0","domain":"meska","specific_customer_id":null,"specific_customer_name":null,"to_order_product":"0","to_order_product_time":"0","product_different":null,"product_different_description":"","vintage":"0","vintage_category_id":"0","recycled":"0","gemstone_id":"0","customizable":"0","type_category":"physical","zerowaste":"0","postage_price":"1290.00","shop_order":"0","has_category":"1","landing_pages":null,"microdata":{"number":49,"category":""},"title":"K\u00fcl\u00f6nlegesen sz\u00e9p alpesi t\u00e1j, olajfestm\u00e9ny","description":"Rendk\u00edv\u00fcl sz\u00e9p k\u00fcl\u00f6nleges hangulat\u00fa nagym\u00e9ret\u0171 alpesi t\u00e1jr\u00f3l k\u00e9sz\u00fclt olajfestm\u00e9ny. Az el\u0151t\u00e9rben naps\u00fct\u00f6tte kanyarg\u00f3s hegyi \u00fat vir\u00e1gz\u00f3 mezei n\u00f6v\u00e9nyekkel ami jobbr\u00f3l egy beker\u00edtett kis h\u00e1zik\u00f3 mellett vezet el.  Az \u00fat ment\u00e9n balr\u00f3l fest\u0151i alak\u00fa kisz\u00e1radt fa t\u00f6rzse l\u00e1that\u00f3, m\u00f6g\u00f6tte s\u00f6t\u00e9tz\u00f6ld sud\u00e1r feny\u0151kkel. Ezt egy csodasz\u00e9p k\u00e9kes p\u00e1r\u00e1ba burkolt v\u00f6lgy k\u00f6veti amely m\u00f6g\u00f6tt a t\u00e1volban fantasztikus havas hegycs\u00facsok l\u00e1that\u00f3k. A k\u00e9p csod\u00e1s, \u00e9les, realista st\u00edlusa eg\u00e9szen k\u00fcl\u00f6nleges hangulat\u00fa. Az embernek kedve lenne v\u00e9gigmenni a kis hegyi \u00faton a rejt\u00e9lyes v\u00f6lgy fel\u00e9 tov\u00e1bbi csod\u00e1kat felfedezni. Impoz\u00e1ns nagy m\u00e9ret\u0171 darab 90 x 70 cm. Al\u00e1\u00edrva lent jobbra  lent : F H Lager 1987","score":0,"formatted_price":"85 000 Ft","image_url":"https:\/\/www.meska.hu\/img\/product\/small\/a\/n\/antiquelive_product_491542_260505192623_691714.png","formatted_url":"https:\/\/www.meska.hu\/p5780504-kulonlegesen-szep-alpesi-taj-olajfestmeny","favourite":false,"in_stock":true,"avatar":"491542_avatar_1648132055.png","delete_from":0,"is_enhanced_background":false,"is_enhanced":false,"product_selection_started":false,"is_active":true,"image_webp_url":"https:\/\/www.meska.hu\/img\/product\/small\/a\/n\/antiquelive_product_491542_260505192623_691714.webp"},{"id":"6203602","shop_id":"37080","user_id":"491542","shop_name":"Antiquelive","shop_zip":"9021","product_code":"5780495","product_name_old":null,"product_name":"P\u00e1rizsi utcak\u00e9p, olajfestm\u00e9ny v\u00e1szonon","category_string":"M\u0171v\u00e9szet, Festm\u00e9ny, Olajfestm\u00e9ny","technic_string":"Fest\u00e9szet","category_1":"357","category_2":"358","category_3":"361","category_4":"0","merged_category_1":null,"merged_category_2":null,"merged_category_3":null,"technic_1":"480","technic_2":"0","technic_3":"0","color_1":"514","color_2":"521","color_3":"529","product_description_old":null,"product_description":"Carolin C. Burnett (1890-1970) Francia sz\u00e1rmaz\u00e1s\u00fa kanadai fest\u0151m\u0171v\u00e9szn\u0151 fest\u0151k\u00e9s \"st\u00edlusban\" k\u00e9sz\u00fclt gy\u00f6ny\u00f6r\u0171 festm\u00e9nye. K\u00fcl\u00f6nlegesen sz\u00e9p sz\u00ednvil\u00e1g\u00fa remek festm\u00e9ny egy p\u00e1rizsi utc\u00e1r\u00f3l. A k\u00e9p fest\u00e9si st\u00edlusa k\u00fcl\u00f6nleges hangulatot ad ennek a sz\u00e9p nagym\u00e9ret\u0171 gy\u00f6ny\u00f6r\u0171en megfestett jellegzetes p\u00e1rizsi utcak\u00e9pnek. A k\u00e9p m\u00e9rete: 60 x 55 cm, olajfestm\u00e9ny v\u00e1szon alapon jelezve bal sarokban lent: Burnett","price":"85000.00","unit":"db","recommended":"0","status":"1","sponsored":"0","exp_notify":"0","own_material":"0","own_material_description_old":null,"own_material_description":"","jury":"0","jury_number":"","product_nature":"","meskaracsony":"0","create_date":"2026-09-03 06:49:41","shelve_id":"68859","image":"antiquelive_product_491542_260505191833_939165.png","image_width":"480","image_height":"480","image_alt":"P\u00e1rizsi utcak\u00e9p, olajfestm\u00e9ny v\u00e1szonon, Carolin C. Burnett (1890-1970) Francia sz\u00e1rmaz\u00e1s\u00fa kanadai fest\u0151m\u0171v\u00e9szn\u0151 fest\u0151k\u00e9s \\\"st\u00edlusban\\\" k\u00e9sz\u00fclt..., Meska","image_title":"P\u00e1rizsi utcak\u00e9p, olajfestm\u00e9ny v\u00e1szonon, Meska","view_count":"120","favourite_count":"0","trending_score":"0","last2MonthFavouriteCount":"2","promotion":"0","giftcard_accept":"0","creditcard_accept":false,"enhanced_background":"0","domain":"meska","specific_customer_id":null,"specific_customer_name":null,"to_order_product":"0","to_order_product_time":"0","product_different":null,"product_different_description":"","vintage":"0","vintage_category_id":"0","recycled":"0","gemstone_id":"0","customizable":"0","type_category":"physical","zerowaste":"0","postage_price":"1290.00","shop_order":"0","has_category":"1","landing_pages":null,"microdata":{"number":50,"category":""},"title":"P\u00e1rizsi utcak\u00e9p, olajfestm\u00e9ny v\u00e1szonon","description":"Carolin C. Burnett (1890-1970) Francia sz\u00e1rmaz\u00e1s\u00fa kanadai fest\u0151m\u0171v\u00e9szn\u0151 fest\u0151k\u00e9s \"st\u00edlusban\" k\u00e9sz\u00fclt gy\u00f6ny\u00f6r\u0171 festm\u00e9nye. K\u00fcl\u00f6nlegesen sz\u00e9p sz\u00ednvil\u00e1g\u00fa remek festm\u00e9ny egy p\u00e1rizsi utc\u00e1r\u00f3l. A k\u00e9p fest\u00e9si st\u00edlusa k\u00fcl\u00f6nleges hangulatot ad ennek a sz\u00e9p nagym\u00e9ret\u0171 gy\u00f6ny\u00f6r\u0171en megfestett jellegzetes p\u00e1rizsi utcak\u00e9pnek. A k\u00e9p m\u00e9rete: 60 x 55 cm, olajfestm\u00e9ny v\u00e1szon alapon jelezve bal sarokban lent: Burnett","score":0,"formatted_price":"85 000 Ft","image_url":"https:\/\/www.meska.hu\/img\/product\/small\/a\/n\/antiquelive_product_491542_260505191833_939165.png","formatted_url":"https:\/\/www.meska.hu\/p5780495-barkak-a-kikotoben-olajfestmeny-vaszonon","favourite":false,"in_stock":true,"avatar":"491542_avatar_1648132055.png","delete_from":0,"is_enhanced_background":false,"is_enhanced":false,"product_selection_started":false,"is_active":true,"image_webp_url":"https:\/\/www.meska.hu\/img\/product\/small\/a\/n\/antiquelive_product_491542_260505191833_939165.webp"},{"id":"6336800","shop_id":"48423","user_id":"709255","shop_name":"HTerezArt","shop_zip":"6425","product_code":"5852750","product_name_old":null,"product_name":"Gy\u00fclekez\u0151 g\u00f3ly\u00e1k , Olajfestm\u00e9ny","category_string":"M\u0171v\u00e9szet, Festm\u00e9ny, Olajfestm\u00e9ny","technic_string":"Fest\u00e9szet, Festett t\u00e1rgyak","category_1":"357","category_2":"358","category_3":"361","category_4":"0","merged_category_1":null,"merged_category_2":null,"merged_category_3":null,"technic_1":"480","technic_2":"481","technic_3":"0","color_1":"519","color_2":"520","color_3":"529","product_description_old":null,"product_description":"Eredeti, k\u00e9zzel festett, szign\u00f3zott, saj\u00e1t alkot\u00e1s \" Gy\u00fclekez\u0151 g\u00f3ly\u00e1k\" c\u00edm\u0171 olajfestm\u00e9ny.\nAnyaga: olajfest\u00e9k, fesz\u00edtett v\u00e1szon, ,lakk,akaszt\u00f3\nM\u00e9rete: 40x50cm\nA festm\u00e9ny oldalai is festve vannak, \u00edgy nem ig\u00e9nyel keretez\u00e9st. A k\u00e9p fel\u00fclete lakkoz\u00e1ssal v\u00e9dve.\nAkaszt\u00f3val van ell\u00e1tva,azonnal falra tehet\u0151.\nK\u00e9peim sz\u00e1ml\u00e1val ker\u00fclnek \u00e1tad\u00e1sra.\n\n\n\nPost\u00e1z\u00e1s biztons\u00e1gos csomagol\u00e1sban , szem\u00e9lyes \u00e1tv\u00e9telre Szegeden van lehet\u0151s\u00e9g.\n","price":"50000.00","unit":"db","recommended":"0","status":"1","sponsored":"0","exp_notify":"0","own_material":"0","own_material_description_old":null,"own_material_description":"","jury":"0","jury_number":"","product_nature":"","meskaracsony":"0","create_date":"2026-09-03 03:58:17","shelve_id":"0","image":"hterezart_product_709255_260826112816_6855.jpeg","image_width":"480","image_height":"360","image_alt":"Gy\u00fclekez\u0151 g\u00f3ly\u00e1k , Olajfestm\u00e9ny, Eredeti, k\u00e9zzel festett, szign\u00f3zott, saj\u00e1t alkot\u00e1s \\\" Gy\u00fclekez\u0151 g\u00f3ly\u00e1k\\\" c\u00edm\u0171 olajfestm\u00e9ny.\\nAnyaga: ol..., Meska","image_title":"Gy\u00fclekez\u0151 g\u00f3ly\u00e1k , Olajfestm\u00e9ny, Meska","view_count":"57","favourite_count":"1","trending_score":"0","last2MonthFavouriteCount":"1","promotion":"0","giftcard_accept":"0","creditcard_accept":false,"enhanced_background":"0","domain":"meska","specific_customer_id":null,"specific_customer_name":null,"to_order_product":"0","to_order_product_time":"0","product_different":null,"product_different_description":"","vintage":"0","vintage_category_id":"0","recycled":"0","gemstone_id":"0","customizable":"0","type_category":"physical","zerowaste":"0","postage_price":"2390.00","shop_order":"0","has_category":"1","landing_pages":null,"microdata":{"number":51,"category":""},"title":"Gy\u00fclekez\u0151 g\u00f3ly\u00e1k , Olajfestm\u00e9ny","description":"Eredeti, k\u00e9zzel festett, szign\u00f3zott, saj\u00e1t alkot\u00e1s \" Gy\u00fclekez\u0151 g\u00f3ly\u00e1k\" c\u00edm\u0171 olajfestm\u00e9ny.\nAnyaga: olajfest\u00e9k, fesz\u00edtett v\u00e1szon, ,lakk,akaszt\u00f3\nM\u00e9rete: 40x50cm\nA festm\u00e9ny oldalai is festve vannak, \u00edgy nem ig\u00e9nyel keretez\u00e9st. A k\u00e9p fel\u00fclete lakkoz\u00e1ssal v\u00e9dve.\nAkaszt\u00f3val van ell\u00e1tva,azonnal falra tehet\u0151.\nK\u00e9peim sz\u00e1ml\u00e1val ker\u00fclnek \u00e1tad\u00e1sra.\n\n\n\nPost\u00e1z\u00e1s biztons\u00e1gos csomagol\u00e1sban , szem\u00e9lyes \u00e1tv\u00e9telre Szegeden van lehet\u0151s\u00e9g.\n","score":0,"formatted_price":"50 000 Ft","image_url":"https:\/\/www.meska.hu\/img\/product\/small\/h\/t\/hterezart_product_709255_260826112816_6855.jpeg","formatted_url":"https:\/\/www.meska.hu\/p5852750-gyulekezo-golyak-olajfestmeny","favourite":false,"in_stock":true,"avatar":"709255_avatar_1750072635.jpeg","delete_from":0,"is_enhanced_background":false,"is_enhanced":false,"product_selection_started":false,"is_active":true,"image_webp_url":"https:\/\/www.meska.hu\/img\/product\/small\/h\/t\/hterezart_product_709255_260826112816_6855.webp"},{"id":"3407085","shop_id":"21890","user_id":"233361","shop_name":"MolnARTIlcsi","shop_zip":"2071","product_code":"4642368","product_name_old":null,"product_name":"Naps\u00e1rg\u00e1k","category_string":"M\u0171v\u00e9szet, Festm\u00e9ny, Olajfestm\u00e9ny","technic_string":"Fest\u00e9szet","category_1":"357","category_2":"358","category_3":"361","category_4":"0","merged_category_1":null,"merged_category_2":null,"merged_category_3":null,"technic_1":"480","technic_2":"0","technic_3":"0","color_1":"568","color_2":"526","color_3":"528","product_description_old":null,"product_description":"30x28x28 cm- es fesz\u00edtett v\u00e1szonra k\u00e9sz\u00edtett olaj fest\u00e9sem, fest\u0151k\u00e9ssel.\n\nNapf\u00e9nyes, k\u00f6nnyed hangulat :) \n\nSzem\u00e8lyes \u00e1tv\u00e9tel P\u00e1tyon \u00e9s Budapesten.\n\nMiel\u0151tt kos\u00e1rba teszed, k\u00e9rlek \u00edrj \u00fczenetet.","price":"40000.00","unit":"db","recommended":"0","status":"1","sponsored":"0","exp_notify":"0","own_material":"0","own_material_description_old":null,"own_material_description":"","jury":"0","jury_number":"","product_nature":"","meskaracsony":"0","create_date":"2026-09-03 03:27:02","shelve_id":"0","image":"molnartilcsi_product_233361_220525225602_991831.jpeg","image_width":"480","image_height":"770","image_alt":"Naps\u00e1rg\u00e1k, 30x28x28 cm- es fesz\u00edtett v\u00e1szonra k\u00e9sz\u00edtett olaj fest\u00e9sem, fest\u0151k\u00e9ssel.\\n\\nNapf\u00e9nyes, k\u00f6nnyed hangula..., Meska","image_title":"Naps\u00e1rg\u00e1k, Meska","view_count":"1387","favourite_count":"0","trending_score":"0","last2MonthFavouriteCount":"0","promotion":"0","giftcard_accept":"0","creditcard_accept":false,"enhanced_background":"0","domain":"meska","specific_customer_id":null,"specific_customer_name":null,"to_order_product":"0","to_order_product_time":"0","product_different":null,"product_different_description":"","vintage":"0","vintage_category_id":"0","recycled":"0","gemstone_id":"0","customizable":"0","type_category":"physical","zerowaste":"0","postage_price":"5000.00","shop_order":"1","has_category":"1","landing_pages":null,"microdata":{"number":52,"category":""},"title":"Naps\u00e1rg\u00e1k","description":"30x28x28 cm- es fesz\u00edtett v\u00e1szonra k\u00e9sz\u00edtett olaj fest\u00e9sem, fest\u0151k\u00e9ssel.\n\nNapf\u00e9nyes, k\u00f6nnyed hangulat :) \n\nSzem\u00e8lyes \u00e1tv\u00e9tel P\u00e1tyon \u00e9s Budapesten.\n\nMiel\u0151tt kos\u00e1rba teszed, k\u00e9rlek \u00edrj \u00fczenetet.","score":0,"formatted_price":"40 000 Ft","image_url":"https:\/\/www.meska.hu\/img\/product\/small\/m\/o\/molnartilcsi_product_233361_220525225602_991831.jpeg","formatted_url":"https:\/\/www.meska.hu\/p4642368-napsargak","favourite":false,"in_stock":true,"avatar":"MolnARTIlcsi_avatar_233361_1657524590.jpg","delete_from":0,"is_enhanced_background":false,"is_enhanced":false,"product_selection_started":false,"is_active":true,"image_webp_url":"https:\/\/www.meska.hu\/img\/product\/small\/m\/o\/molnartilcsi_product_233361_220525225602_991831.webp"},{"id":"5649685","shop_id":"21890","user_id":"233361","shop_name":"MolnARTIlcsi","shop_zip":"2071","product_code":"5467718","product_name_old":null,"product_name":"Kereszts\u00e9g sorozat  - \u00c9g  ","category_string":"M\u0171v\u00e9szet, Festm\u00e9ny, Akril","technic_string":"Fest\u00e9szet, \u00dajrahasznos\u00edtott alapanyagb\u00f3l k\u00e9sz\u00fclt term\u00e9kek","category_1":"357","category_2":"358","category_3":"359","category_4":"0","merged_category_1":null,"merged_category_2":null,"merged_category_3":null,"technic_1":"480","technic_2":"504","technic_3":"0","color_1":"512","color_2":"520","color_3":"521","product_description_old":null,"product_description":"B.Moln\u00e1r Ilcsi elk\u00e9pzel\u00e9s \u00e9s alkot\u00e1s, r\u00e9ges- r\u00e9gi anyagokb\u00f3l, egyedi tervez\u00e9s \u00e9s egyedi darab.\n\nA csipke \u00e9s hull\u00e1mkarton, akril m\u00e9diumok \u00e9s text\u00farpaszt\u00e1k \u00f6sszess\u00e9ge a finoms\u00e1g \u00e9s a kem\u00e9nys\u00e9g harm\u00f3ni\u00e1ra k\u00e9pes, ha tudunk vele b\u00e1nni.\n\n30 x 40 cm - es m\u00e9ret\u0171 alkot\u00e1s, itt a keret r\u00e9sze a megv\u00e1s\u00e1rolt alkot\u00e1snak ! A falik\u00e9p sz\u00e9p hangulatot visz az otthonodba, \u00e9ke lehet minden szeglet\u00e9nek, ha szereted ezt a hangulatot \u00e9s sz\u00ednvil\u00e1got.\n\nA  szem\u00e9lyes \u00e1tv\u00e9telnek \u00f6r\u00fcln\u00e9k:), ami P\u00e1tyon \u00e9s Budapesten is lehets\u00e9ges.\n\nMIEL\u0150TT KOS\u00c1RBA TESZED, \u00cdRJ \u00dcZIT ! LEHET, HOGY M\u00c1R A VAL\u00d3 VIL\u00c1GBAN ELKELT, \u00c9S AZ \u00c1TFED\u00c9S CSAK P\u00c1R \u00d3RA... BESZ\u00c9LJ\u00dcNK, MIEL\u0150TT MEGV\u00c1S\u00c1ROLOD ! \n\n","price":"25000.00","unit":"db","recommended":"0","status":"1","sponsored":"0","exp_notify":"0","own_material":"0","own_material_description_old":null,"own_material_description":"","jury":"0","jury_number":"","product_nature":"","meskaracsony":"0","create_date":"2026-09-03 03:26:59","shelve_id":"80853","image":"molnartilcsi_product_233361_250110113341_111566.jpeg","image_width":"480","image_height":"606","image_alt":"Kereszts\u00e9g sorozat  - \u00c9g  , B.Moln\u00e1r Ilcsi elk\u00e9pzel\u00e9s \u00e9s alkot\u00e1s, r\u00e9ges- r\u00e9gi anyagokb\u00f3l, egyedi tervez\u00e9s \u00e9s egyedi darab.\\n\\nA cs..., Meska","image_title":"Kereszts\u00e9g sorozat  - \u00c9g  , Meska","view_count":"349","favourite_count":"0","trending_score":"0","last2MonthFavouriteCount":"0","promotion":"0","giftcard_accept":"0","creditcard_accept":false,"enhanced_background":"0","domain":"meska","specific_customer_id":null,"specific_customer_name":null,"to_order_product":"0","to_order_product_time":"0","product_different":null,"product_different_description":"","vintage":"0","vintage_category_id":"0","recycled":"0","gemstone_id":"0","customizable":"0","type_category":"physical","zerowaste":"0","postage_price":"5000.00","shop_order":"1","has_category":"1","landing_pages":null,"microdata":{"number":53,"category":""},"title":"Kereszts\u00e9g sorozat  - \u00c9g  ","description":"B.Moln\u00e1r Ilcsi elk\u00e9pzel\u00e9s \u00e9s alkot\u00e1s, r\u00e9ges- r\u00e9gi anyagokb\u00f3l, egyedi tervez\u00e9s \u00e9s egyedi darab.\n\nA csipke \u00e9s hull\u00e1mkarton, akril m\u00e9diumok \u00e9s text\u00farpaszt\u00e1k \u00f6sszess\u00e9ge a finoms\u00e1g \u00e9s a kem\u00e9nys\u00e9g harm\u00f3ni\u00e1ra k\u00e9pes, ha tudunk vele b\u00e1nni.\n\n30 x 40 cm - es m\u00e9ret\u0171 alkot\u00e1s, itt a keret r\u00e9sze a megv\u00e1s\u00e1rolt alkot\u00e1snak ! A falik\u00e9p sz\u00e9p hangulatot visz az otthonodba, \u00e9ke lehet minden szeglet\u00e9nek, ha szereted ezt a hangulatot \u00e9s sz\u00ednvil\u00e1got.\n\nA  szem\u00e9lyes \u00e1tv\u00e9telnek \u00f6r\u00fcln\u00e9k:), ami P\u00e1tyon \u00e9s Budapesten is lehets\u00e9ges.\n\nMIEL\u0150TT KOS\u00c1RBA TESZED, \u00cdRJ \u00dcZIT ! LEHET, HOGY M\u00c1R A VAL\u00d3 VIL\u00c1GBAN ELKELT, \u00c9S AZ \u00c1TFED\u00c9S CSAK P\u00c1R \u00d3RA... BESZ\u00c9LJ\u00dcNK, MIEL\u0150TT MEGV\u00c1S\u00c1ROLOD ! \n\n","score":0,"formatted_price":"25 000 Ft","image_url":"https:\/\/www.meska.hu\/img\/product\/small\/m\/o\/molnartilcsi_product_233361_250110113341_111566.jpeg","formatted_url":"https:\/\/www.meska.hu\/p5467718-keresztseg-sorozat-eg","favourite":false,"in_stock":true,"avatar":"MolnARTIlcsi_avatar_233361_1657524590.jpg","delete_from":0,"is_enhanced_background":false,"is_enhanced":false,"product_selection_started":false,"is_active":true,"image_webp_url":"https:\/\/www.meska.hu\/img\/product\/small\/m\/o\/molnartilcsi_product_233361_250110113341_111566.webp"},{"id":"4687411","shop_id":"21890","user_id":"233361","shop_name":"MolnARTIlcsi","shop_zip":"2071","product_code":"4891076","product_name_old":null,"product_name":"K\u00e9k v\u00e1z\u00e1s ","category_string":"M\u0171v\u00e9szet, Festm\u00e9ny, Akvarell","technic_string":"Fest\u00e9szet","category_1":"357","category_2":"358","category_3":"360","category_4":"0","merged_category_1":null,"merged_category_2":null,"merged_category_3":null,"technic_1":"480","technic_2":"0","technic_3":"0","color_1":"519","color_2":"521","color_3":"568","product_description_old":null,"product_description":"\" V\u00e1z\u00e1s \"\n\n18 x 24 cm-es Fabriano akvarell lapon akril\/ akvarell fest\u00e9s.\nNyugalmas hangulat, komplementer sz\u00ednek a szemednek \u00e9s a lelkednek.\nEz a munk\u00e1m is eredeti k\u00e9zi fest\u00e9s, nem nyomat, \u00e9s nem relika, egy k\u00e9sz\u00fclt bel\u0151le, holnap m\u00e1r m\u00e1st fest a kezem.\n\nA k\u00e9p keretez\u00e9st ig\u00e9nyel, b\u00e1r itt digit\u00e1lis keretet kapott, \u00e9s egy digit\u00e1lis l\u00e1tv\u00e1nyk\u00e9pet a szoba fal\u00e1n megmutat\u00e1s miatt.\n\n\u00c9ke lehet a lak\u00e1snak, ha ezt a st\u00edlust szereti \u00e9s b\u00edrja :)\n\n- A befot\u00f3z\u00e1saim sokszor tartalmaznak randon felv\u00e9teleket, nem ut\u00f3munk\u00e1zott, \u00e9s be\u00e1ll\u00edtott fot\u00f3kat. Mi\u00e9rt ? Mert \u00edgy dolgozom :), \u00e9s amikor egy egy fest\u00e9sem elk\u00e9sz\u00fclt, vagy v\u00e1r a sz\u00e1rad\u00e1s\u00e1ra, kell egy \" na k\u00e9szen van :) \" felv\u00e9tel is . -\nEgyedi darab, igazi home decor alkot\u00e1som, egy k\u00e9sz\u00fclt bel\u0151le, t\u00f6bb nem, ilyen nem sikeredik m\u00e1r :)\n\nSzem\u00e8lyes \u00e1tv\u00e9tel P\u00e1tyon \u00e9s Budapesten !:) \n\nEredeti k\u00e9zi alkot\u00e1som, err\u0151l eredetise\u0123igazol\u00e1st  adok az \u00faj tulajdonos\u00e1nak !\n\nMIEL\u0150TT KOS\u00c1RBA TESZED, \u00cdRJ \u00dcZENETET!\n\nEl\u0151fodulhat, hogy a virtu\u00e1lis boltban m\u00e9g szerepel, de m\u00e1r elkelt a val\u00f3s\u00e1gban:), 1- 2 \u00f3ra \u00e1tfut\u00e1si id\u0151 is el\u00e8g az \u00e1tfed\u00e9shez !","price":"40000.00","unit":"db","recommended":"0","status":"1","sponsored":"0","exp_notify":"0","own_material":"0","own_material_description_old":null,"own_material_description":"","jury":"0","jury_number":"","product_nature":"","meskaracsony":"0","create_date":"2026-09-03 03:26:55","shelve_id":"0","image":"molnartilcsi_product_233361_230120135510_00656.jpeg","image_width":"480","image_height":"617","image_alt":"K\u00e9k v\u00e1z\u00e1s , \\\" V\u00e1z\u00e1s \\\"\\n\\n18 x 24 cm-es Fabriano akvarell lapon akril\/ akvarell fest\u00e9s.\\nNyugalmas hangulat, komplem..., Meska","image_title":"K\u00e9k v\u00e1z\u00e1s , Meska","view_count":"997","favourite_count":"0","trending_score":"0","last2MonthFavouriteCount":"0","promotion":"0","giftcard_accept":"0","creditcard_accept":false,"enhanced_background":"0","domain":"meska","specific_customer_id":null,"specific_customer_name":null,"to_order_product":"0","to_order_product_time":"0","product_different":null,"product_different_description":"","vintage":"0","vintage_category_id":"0","recycled":"0","gemstone_id":"0","customizable":"0","type_category":"physical","zerowaste":"0","postage_price":"5000.00","shop_order":"1","has_category":"1","landing_pages":null,"microdata":{"number":54,"category":""},"title":"K\u00e9k v\u00e1z\u00e1s ","description":"\" V\u00e1z\u00e1s \"\n\n18 x 24 cm-es Fabriano akvarell lapon akril\/ akvarell fest\u00e9s.\nNyugalmas hangulat, komplementer sz\u00ednek a szemednek \u00e9s a lelkednek.\nEz a munk\u00e1m is eredeti k\u00e9zi fest\u00e9s, nem nyomat, \u00e9s nem relika, egy k\u00e9sz\u00fclt bel\u0151le, holnap m\u00e1r m\u00e1st fest a kezem.\n\nA k\u00e9p keretez\u00e9st ig\u00e9nyel, b\u00e1r itt digit\u00e1lis keretet kapott, \u00e9s egy digit\u00e1lis l\u00e1tv\u00e1nyk\u00e9pet a szoba fal\u00e1n megmutat\u00e1s miatt.\n\n\u00c9ke lehet a lak\u00e1snak, ha ezt a st\u00edlust szereti \u00e9s b\u00edrja :)\n\n- A befot\u00f3z\u00e1saim sokszor tartalmaznak randon felv\u00e9teleket, nem ut\u00f3munk\u00e1zott, \u00e9s be\u00e1ll\u00edtott fot\u00f3kat. Mi\u00e9rt ? Mert \u00edgy dolgozom :), \u00e9s amikor egy egy fest\u00e9sem elk\u00e9sz\u00fclt, vagy v\u00e1r a sz\u00e1rad\u00e1s\u00e1ra, kell egy \" na k\u00e9szen van :) \" felv\u00e9tel is . -\nEgyedi darab, igazi home decor alkot\u00e1som, egy k\u00e9sz\u00fclt bel\u0151le, t\u00f6bb nem, ilyen nem sikeredik m\u00e1r :)\n\nSzem\u00e8lyes \u00e1tv\u00e9tel P\u00e1tyon \u00e9s Budapesten !:) \n\nEredeti k\u00e9zi alkot\u00e1som, err\u0151l eredetise\u0123igazol\u00e1st  adok az \u00faj tulajdonos\u00e1nak !\n\nMIEL\u0150TT KOS\u00c1RBA TESZED, \u00cdRJ \u00dcZENETET!\n\nEl\u0151fodulhat, hogy a virtu\u00e1lis boltban m\u00e9g szerepel, de m\u00e1r elkelt a val\u00f3s\u00e1gban:), 1- 2 \u00f3ra \u00e1tfut\u00e1si id\u0151 is el\u00e8g az \u00e1tfed\u00e9shez !","score":0,"formatted_price":"40 000 Ft","image_url":"https:\/\/www.meska.hu\/img\/product\/small\/m\/o\/molnartilcsi_product_233361_230120135510_00656.jpeg","formatted_url":"https:\/\/www.meska.hu\/p4891076-kek-vazas","favourite":false,"in_stock":true,"avatar":"MolnARTIlcsi_avatar_233361_1657524590.jpg","delete_from":0,"is_enhanced_background":false,"is_enhanced":false,"product_selection_started":false,"is_active":true,"image_webp_url":"https:\/\/www.meska.hu\/img\/product\/small\/m\/o\/molnartilcsi_product_233361_230120135510_00656.webp"},{"id":"6352682","shop_id":"50753","user_id":"337858","shop_name":"odttart","shop_zip":"9167","product_code":"5864448","product_name_old":null,"product_name":"Alm\u00e1k","category_string":"M\u0171v\u00e9szet, Festm\u00e9ny, Olajfestm\u00e9ny","technic_string":"Fest\u00e9szet","category_1":"357","category_2":"358","category_3":"361","category_4":"0","merged_category_1":null,"merged_category_2":null,"merged_category_3":null,"technic_1":"480","technic_2":"0","technic_3":"0","color_1":"568","color_2":"529","color_3":"0","product_description_old":null,"product_description":"\u00c9l\u0151 modell alapj\u00e1n k\u00e9sz\u00fclt festm\u00e9ny farostlemezen. 20x20cm m\u00e9ret\u0171, nincs keretezve. Szem\u00e9lyes \u00e1tv\u00e9tel lehets\u00e9ges, illetve post\u00e1zom is. K\u00e9rd\u00e9s eset\u00e9n keressen \u00fczenetben. Rendel\u00e9seket is v\u00e1llalok.","price":"10000.00","unit":"db","recommended":"0","status":"1","sponsored":"0","exp_notify":"0","own_material":"0","own_material_description_old":null,"own_material_description":"","jury":"0","jury_number":"","product_nature":"","meskaracsony":"0","create_date":"2026-09-02 22:05:51","shelve_id":"0","image":"odttart_product_337858_260902220149_651381.jpeg","image_width":"480","image_height":"479","image_alt":"Alm\u00e1k, \u00c9l\u0151 modell alapj\u00e1n k\u00e9sz\u00fclt festm\u00e9ny farostlemezen. 20x20cm m\u00e9ret\u0171, nincs keretezve. Szem\u00e9lyes \u00e1tv\u00e9te..., Meska","image_title":"Alm\u00e1k, Meska","view_count":"20","favourite_count":"0","trending_score":"0","last2MonthFavouriteCount":"0","promotion":"0","giftcard_accept":"0","creditcard_accept":true,"enhanced_background":"0","domain":"meska","specific_customer_id":null,"specific_customer_name":null,"to_order_product":"0","to_order_product_time":"0","product_different":null,"product_different_description":"","vintage":"0","vintage_category_id":"0","recycled":"0","gemstone_id":"0","customizable":"0","type_category":"physical","zerowaste":"0","postage_price":"2599.00","shop_order":"0","has_category":"1","landing_pages":null,"microdata":{"number":55,"category":""},"title":"Alm\u00e1k","description":"\u00c9l\u0151 modell alapj\u00e1n k\u00e9sz\u00fclt festm\u00e9ny farostlemezen. 20x20cm m\u00e9ret\u0171, nincs keretezve. Szem\u00e9lyes \u00e1tv\u00e9tel lehets\u00e9ges, illetve post\u00e1zom is. K\u00e9rd\u00e9s eset\u00e9n keressen \u00fczenetben. Rendel\u00e9seket is v\u00e1llalok.","score":0,"formatted_price":"10 000 Ft","image_url":"https:\/\/www.meska.hu\/img\/product\/small\/o\/d\/odttart_product_337858_260902220149_651381.jpeg","formatted_url":"https:\/\/www.meska.hu\/p5864448-almak","favourite":false,"in_stock":true,"avatar":"337858_avatar_1770882625.jpeg","delete_from":0,"is_enhanced_background":false,"is_enhanced":false,"product_selection_started":false,"is_active":true,"image_webp_url":"https:\/\/www.meska.hu\/img\/product\/small\/o\/d\/odttart_product_337858_260902220149_651381.webp"},{"id":"5938845","shop_id":"48423","user_id":"709255","shop_name":"HTerezArt","shop_zip":"6425","product_code":"5631770","product_name_old":null,"product_name":"Orgon\u00e1k tavasszal , Olajfestm\u00e9ny keretben","category_string":"M\u0171v\u00e9szet, Festm\u00e9ny, Olajfestm\u00e9ny","technic_string":"Fest\u00e9szet, Festett t\u00e1rgyak","category_1":"357","category_2":"358","category_3":"361","category_4":"0","merged_category_1":null,"merged_category_2":null,"merged_category_3":null,"technic_1":"480","technic_2":"481","technic_3":"0","color_1":"522","color_2":"526","color_3":"529","product_description_old":null,"product_description":"Eredeti, k\u00e9zzel festett, szign\u00f3zott, saj\u00e1t alkot\u00e1s, \"Orgon\u00e1k tavasszal\" c\u00edm\u0171 olajfestm\u00e9ny, keretben.\nAnyaga: olajfest\u00e9k, farost lap, lakk, fa keret,akaszt\u00f3\nM\u00e9rete: 40x50cm, kerettel: 44x54cm\nA festm\u00e9ny fel\u00fclete lakkoz\u00e1ssal v\u00e9dve.\n\nPost\u00e1z\u00e1s biztons\u00e1gos csomagol\u00e1sban t\u00f6rt\u00e9nik, szem\u00e9lyes \u00e1tv\u00e9tel Szegeden lehets\u00e9ges.","price":"65000.00","unit":"db","recommended":"0","status":"1","sponsored":"0","exp_notify":"0","own_material":"0","own_material_description_old":null,"own_material_description":"","jury":"0","jury_number":"","product_nature":"","meskaracsony":"0","create_date":"2026-09-02 19:43:09","shelve_id":"0","image":"hterezart_product_709255_260115190048_789734.jpeg","image_width":"480","image_height":"360","image_alt":"Orgon\u00e1k tavasszal , Olajfestm\u00e9ny keretben, Eredeti, k\u00e9zzel festett, szign\u00f3zott, saj\u00e1t alkot\u00e1s, \\\"Orgon\u00e1k tavasszal\\\" c\u00edm\u0171 olajfestm\u00e9ny, keretben...., Meska","image_title":"Orgon\u00e1k tavasszal , Olajfestm\u00e9ny keretben, Meska","view_count":"325","favourite_count":"0","trending_score":"0","last2MonthFavouriteCount":"0","promotion":"0","giftcard_accept":"0","creditcard_accept":false,"enhanced_background":"0","domain":"meska","specific_customer_id":null,"specific_customer_name":null,"to_order_product":"0","to_order_product_time":"0","product_different":null,"product_different_description":"","vintage":"0","vintage_category_id":"0","recycled":"0","gemstone_id":"0","customizable":"0","type_category":"physical","zerowaste":"0","postage_price":"2390.00","shop_order":"0","has_category":"1","landing_pages":null,"microdata":{"number":56,"category":""},"title":"Orgon\u00e1k tavasszal , Olajfestm\u00e9ny keretben","description":"Eredeti, k\u00e9zzel festett, szign\u00f3zott, saj\u00e1t alkot\u00e1s, \"Orgon\u00e1k tavasszal\" c\u00edm\u0171 olajfestm\u00e9ny, keretben.\nAnyaga: olajfest\u00e9k, farost lap, lakk, fa keret,akaszt\u00f3\nM\u00e9rete: 40x50cm, kerettel: 44x54cm\nA festm\u00e9ny fel\u00fclete lakkoz\u00e1ssal v\u00e9dve.\n\nPost\u00e1z\u00e1s biztons\u00e1gos csomagol\u00e1sban t\u00f6rt\u00e9nik, szem\u00e9lyes \u00e1tv\u00e9tel Szegeden lehets\u00e9ges.","score":0,"formatted_price":"65 000 Ft","image_url":"https:\/\/www.meska.hu\/img\/product\/small\/h\/t\/hterezart_product_709255_260115190048_789734.jpeg","formatted_url":"https:\/\/www.meska.hu\/p5631770-orgonak-tavasszal-olajfestmeny-keretben","favourite":false,"in_stock":true,"avatar":"709255_avatar_1750072635.jpeg","delete_from":0,"is_enhanced_background":false,"is_enhanced":false,"product_selection_started":false,"is_active":true,"image_webp_url":"https:\/\/www.meska.hu\/img\/product\/small\/h\/t\/hterezart_product_709255_260115190048_789734.webp"},{"id":"6063196","shop_id":"29709","user_id":"371419","shop_name":"Hexartdesign","shop_zip":"1183","product_code":"5697124","product_name_old":null,"product_name":"L\u00f3 portr\u00e9 - eredeti gouache festm\u00e9ny","category_string":"M\u0171v\u00e9szet, Festm\u00e9ny, Akvarell","technic_string":"Fot\u00f3, grafika, rajz, illusztr\u00e1ci\u00f3, Fest\u00e9szet","category_1":"357","category_2":"358","category_3":"360","category_4":"0","merged_category_1":null,"merged_category_2":null,"merged_category_3":null,"technic_1":"483","technic_2":"480","technic_3":"0","color_1":"520","color_2":"526","color_3":"527","product_description_old":null,"product_description":"Hexart Design - Eredeti festm\u00e9ny\n\nL\u00f3 portr\u00e9 - eredeti gouache festm\u00e9ny\n\nK\u00e9szterm\u00e9k, ez\u00e9rt ha tetszik, akkor a megrendel\u00e9s ut\u00e1n n\u00e9h\u00e1ny napon bel\u00fcl k\u00e9zhez is kapod.\n\n\u201e \u201e \u201e Ebben az eredeti gouache festm\u00e9nyben a lovak szel\u00edd erej\u00e9t \u00e9s tiszta tekintet\u00e9t szerettem volna meg\u00f6r\u00f6k\u00edteni. Ez egy k\u00e9zzel festett, egyedi alkot\u00e1s, ahol a gouache k\u00fcl\u00f6nleges, b\u00e1rsonyos matts\u00e1g\u00e1t kihaszn\u00e1lva hoztam l\u00e9tre a s\u00f6r\u00e9ny \u00e9s a sz\u0151rzet l\u00e1gy r\u00e9szleteit. A h\u00e1tt\u00e9r visszafogott, sz\u00fcrk\u00e9s t\u00f3nusait finom r\u00f3zsasz\u00edn \u00e9s okkers\u00e1rga f\u00e9nyfoltokkal bolond\u00edtottam meg, ami misztikus, hajnali p\u00e1r\u00e1t id\u00e9z\u0151 hangulatot ad a k\u00e9pnek. A front\u00e1lis n\u00e9z\u0151pont k\u00f6zvetlen kapcsolatot teremt a l\u00f3 \u00e9s a n\u00e9z\u0151 k\u00f6z\u00f6tt, sug\u00e1rozva azt a nyugalmat, amit csak ezek mellett a csod\u00e1s l\u00e9nyek mellett \u00e9rezhet\u00fcnk. K\u00fcl\u00f6nleges, kifinomult d\u00edsze lehet b\u00e1rmely otthonnak, \u00e9s t\u00f6k\u00e9letes aj\u00e1nd\u00e9k azoknak, akik \u00e9rt\u00e9kelik a lovak nemes sz\u00e9ps\u00e9g\u00e9t \u00e9s a hagyom\u00e1nyos fest\u00e9szeti technik\u00e1kat. \u201d \u201d \u201d\n\n\u201e \u201e \u201e Ebben az eredeti gouache festm\u00e9nyben a lovak szel\u00edd erej\u00e9t \u00e9s tiszta tekintet\u00e9t szerettem volna meg\u00f6r\u00f6k\u00edteni. Ez egy k\u00e9zzel festett, egyedi alkot\u00e1s, ahol a gouache k\u00fcl\u00f6nleges, b\u00e1rsonyos matts\u00e1g\u00e1t kihaszn\u00e1lva hoztam l\u00e9tre a s\u00f6r\u00e9ny \u00e9s a sz\u0151rzet l\u00e1gy r\u00e9szleteit. A h\u00e1tt\u00e9r visszafogott, sz\u00fcrk\u00e9s t\u00f3nusait finom r\u00f3zsasz\u00edn \u00e9s okkers\u00e1rga f\u00e9nyfoltokkal bolond\u00edtottam meg, ami misztikus, hajnali p\u00e1r\u00e1t id\u00e9z\u0151 hangulatot ad a k\u00e9pnek. A front\u00e1lis n\u00e9z\u0151pont k\u00f6zvetlen kapcsolatot teremt a l\u00f3 \u00e9s a n\u00e9z\u0151 k\u00f6z\u00f6tt, sug\u00e1rozva azt a nyugalmat, amit csak ezek mellett a csod\u00e1s l\u00e9nyek mellett \u00e9rezhet\u00fcnk. K\u00fcl\u00f6nleges, kifinomult d\u00edsze lehet b\u00e1rmely otthonnak, \u00e9s t\u00f6k\u00e9letes aj\u00e1nd\u00e9k azoknak, akik \u00e9rt\u00e9kelik a lovak nemes sz\u00e9ps\u00e9g\u00e9t \u00e9s a hagyom\u00e1nyos fest\u00e9szeti technik\u00e1kat. \u201d \u201d \u201d\n\nHa eredeti festm\u00e9nyt v\u00e1s\u00e1rolsz, igaz\u00e1n k\u00fcl\u00f6nleges t\u00e1rgy tulajdonosa lehetsz. Valamint remek aj\u00e1nd\u00e9k is lehet sz\u00fclet\u00e9snapra, kar\u00e1csonyra, \u00e9vfordul\u00f3ra stb.\n\nMegv\u00e1s\u00e1rolhatod keret n\u00e9lk\u00fcl vagy a k\u00e9pen l\u00e1that\u00f3 A4-es feh\u00e9r kerettel (fel\u00e1ras opci\u00f3ban) egy\u00fctt is.\n\nHa megn\u00e9zn\u00e9d, hogy jelenleg milyen k\u00e9sz \u00e9s eredeti festm\u00e9nyek el\u00e9rhet\u0151ek, akkor az al\u00e1bbi linkre kattintva megteheted:\nhttps:\/\/www.meska.hu\/shop\/Hexartdesign?s=68537\n\nHa esetleg nyomatban \/ reprodukci\u00f3ban gondolkodsz, n\u00e9zd meg hogy itt el\u00e9rhet\u0151-e: https:\/\/www.meska.hu\/shop\/Hexartdesign?s=64121\n\nHa a k\u00e9szterm\u00e9k kateg\u00f3ri\u00e1ban nem tal\u00e1lt\u00e1l sz\u00e1modra megfelel\u0151t, de szeretn\u00e9l saj\u00e1t fot\u00f3db\u00f3l festm\u00e9nyt, akkor v\u00e1laszd a Rendel\u00e9sre k\u00e9sz\u00fcl\u0151 \u00e1llatportr\u00e9k kateg\u00f3ri\u00e1t. Legyen sz\u00f3 kuty\u00e1r\u00f3l, cic\u00e1r\u00f3l, nyuszir\u00f3l vagy ak\u00e1r egzotikus \u00e1llatr\u00f3l fordulj hozz\u00e1m bizalommal. A rendel\u00e9sre k\u00e9sz\u00fcl\u0151 festm\u00e9nyek akvarell vagy akril technik\u00e1val k\u00e9sz\u00fclnek. Kattints az al\u00e1bbi linkre:\nhttps:\/\/www.meska.hu\/shop\/Hexartdesign?s=72378\n\nTerm\u00e9kle\u00edr\u00e1s:\n\u2022 a festm\u00e9ny m\u00e9rete kb. A4-es: 210x297 mm\n\u2022 a legmagasabb f\u00e9ny\u00e1ll\u00f3s\u00e1ggal rendelkez\u0151 gouache fest\u00e9kekkel k\u00e9sz\u00fclt\n\u2022 savmentes akvarell pap\u00edrra\n\u2022 k\u00e9rheted keret n\u00e9lk\u00fcl (ha te szeretn\u00e9d keretezni) vagy feh\u00e9r kerettel (fel\u00e1ras opci\u00f3)\n\nA4-es feh\u00e9r keret (fel\u00e1ras opci\u00f3):\n\u2022 A4-es keret (a fot\u00f3n ez l\u00e1that\u00f3)\n\u2022 k\u00fcls\u0151 m\u00e9rete: 24x33 cm\n\u2022 el\u0151lapja polisztir\u00e9n m\u0171anyag \n\u2022 h\u00e1ts\u00f3 kit\u00e1maszt\u00f3val vagy falra akasztva is haszn\u00e1lhat\u00f3\n\nSzerz\u0151i jog:\nAz eredeti festm\u00e9ny tulajdonjoga a v\u00e1s\u00e1rl\u00f3\u00e9 lesz, azonban a v\u00e1s\u00e1rl\u00f3 a festm\u00e9nyt semmilyen form\u00e1ban nem m\u00e1solhatja, gy\u00e1rthatja \u00e9s sokszoros\u00edthatja. \n\nA k\u00e9p illusztr\u00e1ci\u00f3:\nA k\u00e9pen l\u00e1that\u00f3 kieg\u00e9sz\u00edt\u0151 dekor\u00e1ci\u00f3s k\u00f6rnyezet csak illusztr\u00e1ci\u00f3, ami nem k\u00e9pezi a term\u00e9k r\u00e9sz\u00e9t. A feh\u00e9r A4-es keret fel\u00e1ras opci\u00f3.","price":"24900.00","unit":"db","recommended":"0","status":"1","sponsored":"0","exp_notify":"0","own_material":"0","own_material_description_old":null,"own_material_description":"","jury":"0","jury_number":"","product_nature":"","meskaracsony":"0","create_date":"2026-09-02 18:50:50","shelve_id":"68537","image":"hexartdesign_product_371419_260107140010_412912.jpeg","image_width":"480","image_height":"480","image_alt":"L\u00f3 portr\u00e9 - eredeti gouache festm\u00e9ny, Hexart Design - Eredeti festm\u00e9ny\\n\\nL\u00f3 portr\u00e9 - eredeti gouache festm\u00e9ny\\n\\nK\u00e9szterm\u00e9k, ez\u00e9rt ha tetszik..., Meska","image_title":"L\u00f3 portr\u00e9 - eredeti gouache festm\u00e9ny, Meska","view_count":"176","favourite_count":"0","trending_score":"0","last2MonthFavouriteCount":"0","promotion":"0","giftcard_accept":"1","creditcard_accept":true,"enhanced_background":"0","domain":"meska","specific_customer_id":null,"specific_customer_name":null,"to_order_product":"0","to_order_product_time":"0","product_different":null,"product_different_description":"","vintage":"0","vintage_category_id":"0","recycled":"0","gemstone_id":"0","customizable":"0","type_category":"physical","zerowaste":"0","postage_price":"1490.00","shop_order":"0","has_category":"1","landing_pages":null,"microdata":{"number":57,"category":""},"title":"L\u00f3 portr\u00e9 - eredeti gouache festm\u00e9ny","description":"Hexart Design - Eredeti festm\u00e9ny\n\nL\u00f3 portr\u00e9 - eredeti gouache festm\u00e9ny\n\nK\u00e9szterm\u00e9k, ez\u00e9rt ha tetszik, akkor a megrendel\u00e9s ut\u00e1n n\u00e9h\u00e1ny napon bel\u00fcl k\u00e9zhez is kapod.\n\n\u201e \u201e \u201e Ebben az eredeti gouache festm\u00e9nyben a lovak szel\u00edd erej\u00e9t \u00e9s tiszta tekintet\u00e9t szerettem volna meg\u00f6r\u00f6k\u00edteni. Ez egy k\u00e9zzel festett, egyedi alkot\u00e1s, ahol a gouache k\u00fcl\u00f6nleges, b\u00e1rsonyos matts\u00e1g\u00e1t kihaszn\u00e1lva hoztam l\u00e9tre a s\u00f6r\u00e9ny \u00e9s a sz\u0151rzet l\u00e1gy r\u00e9szleteit. A h\u00e1tt\u00e9r visszafogott, sz\u00fcrk\u00e9s t\u00f3nusait finom r\u00f3zsasz\u00edn \u00e9s okkers\u00e1rga f\u00e9nyfoltokkal bolond\u00edtottam meg, ami misztikus, hajnali p\u00e1r\u00e1t id\u00e9z\u0151 hangulatot ad a k\u00e9pnek. A front\u00e1lis n\u00e9z\u0151pont k\u00f6zvetlen kapcsolatot teremt a l\u00f3 \u00e9s a n\u00e9z\u0151 k\u00f6z\u00f6tt, sug\u00e1rozva azt a nyugalmat, amit csak ezek mellett a csod\u00e1s l\u00e9nyek mellett \u00e9rezhet\u00fcnk. K\u00fcl\u00f6nleges, kifinomult d\u00edsze lehet b\u00e1rmely otthonnak, \u00e9s t\u00f6k\u00e9letes aj\u00e1nd\u00e9k azoknak, akik \u00e9rt\u00e9kelik a lovak nemes sz\u00e9ps\u00e9g\u00e9t \u00e9s a hagyom\u00e1nyos fest\u00e9szeti technik\u00e1kat. \u201d \u201d \u201d\n\n\u201e \u201e \u201e Ebben az eredeti gouache festm\u00e9nyben a lovak szel\u00edd erej\u00e9t \u00e9s tiszta tekintet\u00e9t szerettem volna meg\u00f6r\u00f6k\u00edteni. Ez egy k\u00e9zzel festett, egyedi alkot\u00e1s, ahol a gouache k\u00fcl\u00f6nleges, b\u00e1rsonyos matts\u00e1g\u00e1t kihaszn\u00e1lva hoztam l\u00e9tre a s\u00f6r\u00e9ny \u00e9s a sz\u0151rzet l\u00e1gy r\u00e9szleteit. A h\u00e1tt\u00e9r visszafogott, sz\u00fcrk\u00e9s t\u00f3nusait finom r\u00f3zsasz\u00edn \u00e9s okkers\u00e1rga f\u00e9nyfoltokkal bolond\u00edtottam meg, ami misztikus, hajnali p\u00e1r\u00e1t id\u00e9z\u0151 hangulatot ad a k\u00e9pnek. A front\u00e1lis n\u00e9z\u0151pont k\u00f6zvetlen kapcsolatot teremt a l\u00f3 \u00e9s a n\u00e9z\u0151 k\u00f6z\u00f6tt, sug\u00e1rozva azt a nyugalmat, amit csak ezek mellett a csod\u00e1s l\u00e9nyek mellett \u00e9rezhet\u00fcnk. K\u00fcl\u00f6nleges, kifinomult d\u00edsze lehet b\u00e1rmely otthonnak, \u00e9s t\u00f6k\u00e9letes aj\u00e1nd\u00e9k azoknak, akik \u00e9rt\u00e9kelik a lovak nemes sz\u00e9ps\u00e9g\u00e9t \u00e9s a hagyom\u00e1nyos fest\u00e9szeti technik\u00e1kat. \u201d \u201d \u201d\n\nHa eredeti festm\u00e9nyt v\u00e1s\u00e1rolsz, igaz\u00e1n k\u00fcl\u00f6nleges t\u00e1rgy tulajdonosa lehetsz. Valamint remek aj\u00e1nd\u00e9k is lehet sz\u00fclet\u00e9snapra, kar\u00e1csonyra, \u00e9vfordul\u00f3ra stb.\n\nMegv\u00e1s\u00e1rolhatod keret n\u00e9lk\u00fcl vagy a k\u00e9pen l\u00e1that\u00f3 A4-es feh\u00e9r kerettel (fel\u00e1ras opci\u00f3ban) egy\u00fctt is.\n\nHa megn\u00e9zn\u00e9d, hogy jelenleg milyen k\u00e9sz \u00e9s eredeti festm\u00e9nyek el\u00e9rhet\u0151ek, akkor az al\u00e1bbi linkre kattintva megteheted:\nhttps:\/\/www.meska.hu\/shop\/Hexartdesign?s=68537\n\nHa esetleg nyomatban \/ reprodukci\u00f3ban gondolkodsz, n\u00e9zd meg hogy itt el\u00e9rhet\u0151-e: https:\/\/www.meska.hu\/shop\/Hexartdesign?s=64121\n\nHa a k\u00e9szterm\u00e9k kateg\u00f3ri\u00e1ban nem tal\u00e1lt\u00e1l sz\u00e1modra megfelel\u0151t, de szeretn\u00e9l saj\u00e1t fot\u00f3db\u00f3l festm\u00e9nyt, akkor v\u00e1laszd a Rendel\u00e9sre k\u00e9sz\u00fcl\u0151 \u00e1llatportr\u00e9k kateg\u00f3ri\u00e1t. Legyen sz\u00f3 kuty\u00e1r\u00f3l, cic\u00e1r\u00f3l, nyuszir\u00f3l vagy ak\u00e1r egzotikus \u00e1llatr\u00f3l fordulj hozz\u00e1m bizalommal. A rendel\u00e9sre k\u00e9sz\u00fcl\u0151 festm\u00e9nyek akvarell vagy akril technik\u00e1val k\u00e9sz\u00fclnek. Kattints az al\u00e1bbi linkre:\nhttps:\/\/www.meska.hu\/shop\/Hexartdesign?s=72378\n\nTerm\u00e9kle\u00edr\u00e1s:\n\u2022 a festm\u00e9ny m\u00e9rete kb. A4-es: 210x297 mm\n\u2022 a legmagasabb f\u00e9ny\u00e1ll\u00f3s\u00e1ggal rendelkez\u0151 gouache fest\u00e9kekkel k\u00e9sz\u00fclt\n\u2022 savmentes akvarell pap\u00edrra\n\u2022 k\u00e9rheted keret n\u00e9lk\u00fcl (ha te szeretn\u00e9d keretezni) vagy feh\u00e9r kerettel (fel\u00e1ras opci\u00f3)\n\nA4-es feh\u00e9r keret (fel\u00e1ras opci\u00f3):\n\u2022 A4-es keret (a fot\u00f3n ez l\u00e1that\u00f3)\n\u2022 k\u00fcls\u0151 m\u00e9rete: 24x33 cm\n\u2022 el\u0151lapja polisztir\u00e9n m\u0171anyag \n\u2022 h\u00e1ts\u00f3 kit\u00e1maszt\u00f3val vagy falra akasztva is haszn\u00e1lhat\u00f3\n\nSzerz\u0151i jog:\nAz eredeti festm\u00e9ny tulajdonjoga a v\u00e1s\u00e1rl\u00f3\u00e9 lesz, azonban a v\u00e1s\u00e1rl\u00f3 a festm\u00e9nyt semmilyen form\u00e1ban nem m\u00e1solhatja, gy\u00e1rthatja \u00e9s sokszoros\u00edthatja. \n\nA k\u00e9p illusztr\u00e1ci\u00f3:\nA k\u00e9pen l\u00e1that\u00f3 kieg\u00e9sz\u00edt\u0151 dekor\u00e1ci\u00f3s k\u00f6rnyezet csak illusztr\u00e1ci\u00f3, ami nem k\u00e9pezi a term\u00e9k r\u00e9sz\u00e9t. A feh\u00e9r A4-es keret fel\u00e1ras opci\u00f3.","score":0,"formatted_price":"24 900 Ft","image_url":"https:\/\/www.meska.hu\/img\/product\/small\/h\/e\/hexartdesign_product_371419_260107140010_412912.jpeg","formatted_url":"https:\/\/www.meska.hu\/p5697124-lo-portre-eredeti-gouache-festmeny","favourite":false,"in_stock":true,"avatar":"Hexartdesign_avatar_371419_1589358772.jpg","delete_from":0,"is_enhanced_background":false,"is_enhanced":false,"product_selection_started":false,"is_active":true,"image_webp_url":"https:\/\/www.meska.hu\/img\/product\/small\/h\/e\/hexartdesign_product_371419_260107140010_412912.webp"},{"id":"6327302","shop_id":"48423","user_id":"709255","shop_name":"HTerezArt","shop_zip":"6425","product_code":"5849361","product_name_old":null,"product_name":"Vir\u00e1gok a kertemb\u0151l , Olajfestm\u00e9ny keretben","category_string":"M\u0171v\u00e9szet, Festm\u00e9ny, Olajfestm\u00e9ny","technic_string":"Fest\u00e9szet, Festett t\u00e1rgyak","category_1":"357","category_2":"358","category_3":"361","category_4":"0","merged_category_1":null,"merged_category_2":null,"merged_category_3":null,"technic_1":"480","technic_2":"481","technic_3":"0","color_1":"519","color_2":"526","color_3":"529","product_description_old":null,"product_description":"Eredeti, k\u00e9zzel festett, szign\u00f3zott, saj\u00e1t alkot\u00e1s, \"Vir\u00e1gok a kertemb\u0151l\" c\u00edm\u0171 olajfestm\u00e9ny, keretben.\nAnyaga: olajfest\u00e9k, farost lap, lakk, fa keret,akaszt\u00f3\nM\u00e9rete: 40x50cm, kerettel: 44x54cm\nA festm\u00e9ny fel\u00fclete lakkoz\u00e1ssal v\u00e9dve.\n(A sz\u00ednek elt\u00e9rhetnek a monitor be\u00e1ll\u00edt\u00e1s\u00e1nak f\u00fcggv\u00e9ny\u00e9ben.)\n\n\nPost\u00e1z\u00e1s biztons\u00e1gos csomagol\u00e1sban t\u00f6rt\u00e9nik, szem\u00e9lyes \u00e1tv\u00e9tel Szegeden lehets\u00e9ges.\n","price":"65000.00","unit":"db","recommended":"0","status":"1","sponsored":"0","exp_notify":"0","own_material":"0","own_material_description_old":null,"own_material_description":"","jury":"0","jury_number":"","product_nature":"","meskaracsony":"0","create_date":"2026-09-02 18:02:50","shelve_id":"0","image":"hterezart_product_709255_260816074432_104932.jpeg","image_width":"480","image_height":"360","image_alt":"Vir\u00e1gok a kertemb\u0151l , Olajfestm\u00e9ny keretben, Eredeti, k\u00e9zzel festett, szign\u00f3zott, saj\u00e1t alkot\u00e1s, \\\"Vir\u00e1gok a kertemb\u0151l\\\" c\u00edm\u0171 olajfestm\u00e9ny, keretbe..., Meska","image_title":"Vir\u00e1gok a kertemb\u0151l , Olajfestm\u00e9ny keretben, Meska","view_count":"55","favourite_count":"0","trending_score":"0","last2MonthFavouriteCount":"0","promotion":"0","giftcard_accept":"0","creditcard_accept":false,"enhanced_background":"0","domain":"meska","specific_customer_id":null,"specific_customer_name":null,"to_order_product":"0","to_order_product_time":"0","product_different":null,"product_different_description":"","vintage":"0","vintage_category_id":"0","recycled":"0","gemstone_id":"0","customizable":"0","type_category":"physical","zerowaste":"0","postage_price":"2390.00","shop_order":"0","has_category":"1","landing_pages":null,"microdata":{"number":58,"category":""},"title":"Vir\u00e1gok a kertemb\u0151l , Olajfestm\u00e9ny keretben","description":"Eredeti, k\u00e9zzel festett, szign\u00f3zott, saj\u00e1t alkot\u00e1s, \"Vir\u00e1gok a kertemb\u0151l\" c\u00edm\u0171 olajfestm\u00e9ny, keretben.\nAnyaga: olajfest\u00e9k, farost lap, lakk, fa keret,akaszt\u00f3\nM\u00e9rete: 40x50cm, kerettel: 44x54cm\nA festm\u00e9ny fel\u00fclete lakkoz\u00e1ssal v\u00e9dve.\n(A sz\u00ednek elt\u00e9rhetnek a monitor be\u00e1ll\u00edt\u00e1s\u00e1nak f\u00fcggv\u00e9ny\u00e9ben.)\n\n\nPost\u00e1z\u00e1s biztons\u00e1gos csomagol\u00e1sban t\u00f6rt\u00e9nik, szem\u00e9lyes \u00e1tv\u00e9tel Szegeden lehets\u00e9ges.\n","score":0,"formatted_price":"65 000 Ft","image_url":"https:\/\/www.meska.hu\/img\/product\/small\/h\/t\/hterezart_product_709255_260816074432_104932.jpeg","formatted_url":"https:\/\/www.meska.hu\/p5849361-viragok-a-kertembol-olajfestmeny-keretben","favourite":false,"in_stock":true,"avatar":"709255_avatar_1750072635.jpeg","delete_from":0,"is_enhanced_background":false,"is_enhanced":false,"product_selection_started":false,"is_active":true,"image_webp_url":"https:\/\/www.meska.hu\/img\/product\/small\/h\/t\/hterezart_product_709255_260816074432_104932.webp"},{"id":"6352346","shop_id":"52189","user_id":"632242","shop_name":"FestettIgek","shop_zip":"2659","product_code":"5864320","product_name_old":null,"product_name":"\u00c9n vagyok az \u00e9let kenyere","category_string":"M\u0171v\u00e9szet, Festm\u00e9ny, Akril","technic_string":"","category_1":"357","category_2":"358","category_3":"359","category_4":"0","merged_category_1":null,"merged_category_2":null,"merged_category_3":null,"technic_1":"0","technic_2":"0","technic_3":"0","color_1":"514","color_2":"0","color_3":"0","product_description_old":null,"product_description":"\u00c9n vagyok az \u00e9let kenyere.\nJn 6,48\n\nA festm\u00e9ny akril fest\u00e9kkel k\u00e9sz\u00fclt 40x50 cm-es fest\u0151v\u00e1szonra.","price":"21000.00","unit":"db","recommended":"0","status":"1","sponsored":"0","exp_notify":"0","own_material":"0","own_material_description_old":null,"own_material_description":"","jury":"0","jury_number":"","product_nature":"","meskaracsony":"0","create_date":"2026-09-02 16:41:25","shelve_id":"0","image":"festettigek_product_632242_260902163941_548986.jpeg","image_width":"480","image_height":"640","image_alt":"\u00c9n vagyok az \u00e9let kenyere, \u00c9n vagyok az \u00e9let kenyere.\\nJn 6,48\\n\\nA festm\u00e9ny akril fest\u00e9kkel k\u00e9sz\u00fclt 40x50 cm-es fest\u0151v\u00e1szonra...., Meska","image_title":"\u00c9n vagyok az \u00e9let kenyere, Meska","view_count":"50","favourite_count":"0","trending_score":"0","last2MonthFavouriteCount":"0","promotion":"0","giftcard_accept":"0","creditcard_accept":true,"enhanced_background":"0","domain":"meska","specific_customer_id":null,"specific_customer_name":null,"to_order_product":"0","to_order_product_time":"0","product_different":null,"product_different_description":"","vintage":"0","vintage_category_id":"0","recycled":"0","gemstone_id":"0","customizable":"0","type_category":"physical","zerowaste":"0","postage_price":"1290.00","shop_order":"0","has_category":"1","landing_pages":null,"microdata":{"number":59,"category":""},"title":"\u00c9n vagyok az \u00e9let kenyere","description":"\u00c9n vagyok az \u00e9let kenyere.\nJn 6,48\n\nA festm\u00e9ny akril fest\u00e9kkel k\u00e9sz\u00fclt 40x50 cm-es fest\u0151v\u00e1szonra.","score":0,"formatted_price":"21 000 Ft","image_url":"https:\/\/www.meska.hu\/img\/product\/small\/f\/e\/festettigek_product_632242_260902163941_548986.jpeg","formatted_url":"https:\/\/www.meska.hu\/p5864320-en-vagyok-az-elet-kenyere","favourite":false,"in_stock":true,"avatar":"632242_avatar_1775491949.jpeg","delete_from":0,"is_enhanced_background":false,"is_enhanced":false,"product_selection_started":false,"is_active":true,"image_webp_url":"https:\/\/www.meska.hu\/img\/product\/small\/f\/e\/festettigek_product_632242_260902163941_548986.webp"},{"id":"6352338","shop_id":"52189","user_id":"632242","shop_name":"FestettIgek","shop_zip":"2659","product_code":"5864319","product_name_old":null,"product_name":"Fels\u00e9ges az \u00dar","category_string":"M\u0171v\u00e9szet, Festm\u00e9ny, Akril","technic_string":"","category_1":"357","category_2":"358","category_3":"359","category_4":"0","merged_category_1":null,"merged_category_2":null,"merged_category_3":null,"technic_1":"0","technic_2":"0","technic_3":"0","color_1":"521","color_2":"0","color_3":"0","product_description_old":null,"product_description":"Fels\u00e9ges az \u00daR minden n\u00e9p f\u00f6l\u00f6tt, dics\u0151s\u00e9ge t\u00falhat az egeken.\n\nA festm\u00e9ny akril fest\u00e9kkel k\u00e9sz\u00fclt 30x40 cm-es fest\u0151v\u00e1szonra.","price":"15000.00","unit":"db","recommended":"0","status":"1","sponsored":"0","exp_notify":"0","own_material":"0","own_material_description_old":null,"own_material_description":"","jury":"0","jury_number":"","product_nature":"","meskaracsony":"0","create_date":"2026-09-02 16:39:16","shelve_id":"0","image":"festettigek_product_632242_260902163742_117421.jpeg","image_width":"480","image_height":"640","image_alt":"Fels\u00e9ges az \u00dar, Fels\u00e9ges az \u00daR minden n\u00e9p f\u00f6l\u00f6tt, dics\u0151s\u00e9ge t\u00falhat az egeken.\\n\\nA festm\u00e9ny akril fest\u00e9kkel k\u00e9sz\u00fclt 30..., Meska","image_title":"Fels\u00e9ges az \u00dar, Meska","view_count":"54","favourite_count":"0","trending_score":"0","last2MonthFavouriteCount":"0","promotion":"0","giftcard_accept":"0","creditcard_accept":true,"enhanced_background":"0","domain":"meska","specific_customer_id":null,"specific_customer_name":null,"to_order_product":"0","to_order_product_time":"0","product_different":null,"product_different_description":"","vintage":"0","vintage_category_id":"0","recycled":"0","gemstone_id":"0","customizable":"0","type_category":"physical","zerowaste":"0","postage_price":"1290.00","shop_order":"0","has_category":"1","landing_pages":null,"microdata":{"number":60,"category":""},"title":"Fels\u00e9ges az \u00dar","description":"Fels\u00e9ges az \u00daR minden n\u00e9p f\u00f6l\u00f6tt, dics\u0151s\u00e9ge t\u00falhat az egeken.\n\nA festm\u00e9ny akril fest\u00e9kkel k\u00e9sz\u00fclt 30x40 cm-es fest\u0151v\u00e1szonra.","score":0,"formatted_price":"15 000 Ft","image_url":"https:\/\/www.meska.hu\/img\/product\/small\/f\/e\/festettigek_product_632242_260902163742_117421.jpeg","formatted_url":"https:\/\/www.meska.hu\/p5864319-felseges-az-ur","favourite":false,"in_stock":true,"avatar":"632242_avatar_1775491949.jpeg","delete_from":0,"is_enhanced_background":false,"is_enhanced":false,"product_selection_started":false,"is_active":true,"image_webp_url":"https:\/\/www.meska.hu\/img\/product\/small\/f\/e\/festettigek_product_632242_260902163742_117421.webp"},{"id":"6352336","shop_id":"52189","user_id":"632242","shop_name":"FestettIgek","shop_zip":"2659","product_code":"5864317","product_name_old":null,"product_name":"Ki az, aki f\u00e9li az URat?","category_string":"M\u0171v\u00e9szet, Festm\u00e9ny, Akril","technic_string":"","category_1":"357","category_2":"358","category_3":"359","category_4":"0","merged_category_1":null,"merged_category_2":null,"merged_category_3":null,"technic_1":"0","technic_2":"0","technic_3":"0","color_1":"529","color_2":"0","color_3":"0","product_description_old":null,"product_description":"Ki az, aki f\u00e9li az URat? Megmutatja annak az utat, amelyet v\u00e1lasszon.\nZsolt 25,12\n\nA festm\u00e9ny akril fest\u00e9kkel k\u00e9sz\u00fclt 40x50 cm-es fest\u0151v\u00e1szonra.","price":"21000.00","unit":"db","recommended":"0","status":"1","sponsored":"0","exp_notify":"0","own_material":"0","own_material_description_old":null,"own_material_description":"","jury":"0","jury_number":"","product_nature":"","meskaracsony":"0","create_date":"2026-09-02 16:37:13","shelve_id":"0","image":"festettigek_product_632242_260902163533_946540.jpeg","image_width":"480","image_height":"640","image_alt":"Ki az, aki f\u00e9li az URat?, Ki az, aki f\u00e9li az URat? Megmutatja annak az utat, amelyet v\u00e1lasszon.\\nZsolt 25,12\\n\\nA festm\u00e9ny akril ..., Meska","image_title":"Ki az, aki f\u00e9li az URat?, Meska","view_count":"49","favourite_count":"0","trending_score":"0","last2MonthFavouriteCount":"0","promotion":"0","giftcard_accept":"0","creditcard_accept":true,"enhanced_background":"0","domain":"meska","specific_customer_id":null,"specific_customer_name":null,"to_order_product":"0","to_order_product_time":"0","product_different":null,"product_different_description":"","vintage":"0","vintage_category_id":"0","recycled":"0","gemstone_id":"0","customizable":"0","type_category":"physical","zerowaste":"0","postage_price":"1290.00","shop_order":"0","has_category":"1","landing_pages":null,"microdata":{"number":61,"category":""},"title":"Ki az, aki f\u00e9li az URat?","description":"Ki az, aki f\u00e9li az URat? Megmutatja annak az utat, amelyet v\u00e1lasszon.\nZsolt 25,12\n\nA festm\u00e9ny akril fest\u00e9kkel k\u00e9sz\u00fclt 40x50 cm-es fest\u0151v\u00e1szonra.","score":0,"formatted_price":"21 000 Ft","image_url":"https:\/\/www.meska.hu\/img\/product\/small\/f\/e\/festettigek_product_632242_260902163533_946540.jpeg","formatted_url":"https:\/\/www.meska.hu\/p5864317-ki-az-aki-feli-az-urat","favourite":false,"in_stock":true,"avatar":"632242_avatar_1775491949.jpeg","delete_from":0,"is_enhanced_background":false,"is_enhanced":false,"product_selection_started":false,"is_active":true,"image_webp_url":"https:\/\/www.meska.hu\/img\/product\/small\/f\/e\/festettigek_product_632242_260902163533_946540.webp"},{"id":"6352334","shop_id":"52189","user_id":"632242","shop_name":"FestettIgek","shop_zip":"2659","product_code":"5864316","product_name_old":null,"product_name":"Az igazs\u00e1g napja","category_string":"M\u0171v\u00e9szet, Festm\u00e9ny, Akril","technic_string":"","category_1":"357","category_2":"358","category_3":"359","category_4":"0","merged_category_1":null,"merged_category_2":null,"merged_category_3":null,"technic_1":"0","technic_2":"0","technic_3":"0","color_1":"526","color_2":"0","color_3":"0","product_description_old":null,"product_description":"\u00c9s nektek, akik f\u00e9litek nevemet, f\u00f6lt\u00e1mad az igazs\u00e1g napja.\nMal 4,2\n\nA festm\u00e9ny akril fest\u00e9kkel k\u00e9sz\u00fclt, 20x30 cm-es fest\u0151v\u00e1szonra.","price":"11000.00","unit":"db","recommended":"0","status":"1","sponsored":"0","exp_notify":"0","own_material":"0","own_material_description_old":null,"own_material_description":"","jury":"0","jury_number":"","product_nature":"","meskaracsony":"0","create_date":"2026-09-02 16:35:11","shelve_id":"0","image":"festettigek_product_632242_260902163317_377821.jpeg","image_width":"480","image_height":"640","image_alt":"Az igazs\u00e1g napja, \u00c9s nektek, akik f\u00e9litek nevemet, f\u00f6lt\u00e1mad az igazs\u00e1g napja.\\nMal 4,2\\n\\nA festm\u00e9ny akril fest\u00e9kkel k\u00e9sz..., Meska","image_title":"Az igazs\u00e1g napja, Meska","view_count":"55","favourite_count":"0","trending_score":"0","last2MonthFavouriteCount":"0","promotion":"0","giftcard_accept":"0","creditcard_accept":true,"enhanced_background":"0","domain":"meska","specific_customer_id":null,"specific_customer_name":null,"to_order_product":"0","to_order_product_time":"0","product_different":null,"product_different_description":"","vintage":"0","vintage_category_id":"0","recycled":"0","gemstone_id":"0","customizable":"0","type_category":"physical","zerowaste":"0","postage_price":"1290.00","shop_order":"0","has_category":"1","landing_pages":null,"microdata":{"number":62,"category":""},"title":"Az igazs\u00e1g napja","description":"\u00c9s nektek, akik f\u00e9litek nevemet, f\u00f6lt\u00e1mad az igazs\u00e1g napja.\nMal 4,2\n\nA festm\u00e9ny akril fest\u00e9kkel k\u00e9sz\u00fclt, 20x30 cm-es fest\u0151v\u00e1szonra.","score":0,"formatted_price":"11 000 Ft","image_url":"https:\/\/www.meska.hu\/img\/product\/small\/f\/e\/festettigek_product_632242_260902163317_377821.jpeg","formatted_url":"https:\/\/www.meska.hu\/p5864316-az-igazsag-napja","favourite":false,"in_stock":true,"avatar":"632242_avatar_1775491949.jpeg","delete_from":0,"is_enhanced_background":false,"is_enhanced":false,"product_selection_started":false,"is_active":true,"image_webp_url":"https:\/\/www.meska.hu\/img\/product\/small\/f\/e\/festettigek_product_632242_260902163317_377821.webp"},{"id":"6352329","shop_id":"52189","user_id":"632242","shop_name":"FestettIgek","shop_zip":"2659","product_code":"5864313","product_name_old":null,"product_name":"Dics\u0151s\u00e9g a magass\u00e1gban Istennek","category_string":"M\u0171v\u00e9szet, Festm\u00e9ny, Akril","technic_string":"","category_1":"357","category_2":"358","category_3":"359","category_4":"0","merged_category_1":null,"merged_category_2":null,"merged_category_3":null,"technic_1":"0","technic_2":"0","technic_3":"0","color_1":"521","color_2":"0","color_3":"0","product_description_old":null,"product_description":"Dics\u0151s\u00e9g a magass\u00e1gban Istennek, \u00e9s a f\u00f6ld\u00f6n b\u00e9kess\u00e9g, \u00e9s az emberekhez j\u00f3akarat!\nLk 2,14\n\nA festm\u00e9ny akril fest\u00e9kkel k\u00e9sz\u00fclt 40x50 cm-es fest\u0151v\u00e1szonra.","price":"21000.00","unit":"db","recommended":"0","status":"1","sponsored":"0","exp_notify":"0","own_material":"0","own_material_description_old":null,"own_material_description":"","jury":"0","jury_number":"","product_nature":"","meskaracsony":"0","create_date":"2026-09-02 16:33:00","shelve_id":"0","image":"festettigek_product_632242_260902163058_660474.jpeg","image_width":"480","image_height":"640","image_alt":"Dics\u0151s\u00e9g a magass\u00e1gban Istennek, Dics\u0151s\u00e9g a magass\u00e1gban Istennek, \u00e9s a f\u00f6ld\u00f6n b\u00e9kess\u00e9g, \u00e9s az emberekhez j\u00f3akarat!\\nLk 2,14\\n\\nA festm\u00e9n..., Meska","image_title":"Dics\u0151s\u00e9g a magass\u00e1gban Istennek, Meska","view_count":"49","favourite_count":"0","trending_score":"0","last2MonthFavouriteCount":"0","promotion":"0","giftcard_accept":"0","creditcard_accept":true,"enhanced_background":"0","domain":"meska","specific_customer_id":null,"specific_customer_name":null,"to_order_product":"0","to_order_product_time":"0","product_different":null,"product_different_description":"","vintage":"0","vintage_category_id":"0","recycled":"0","gemstone_id":"0","customizable":"0","type_category":"physical","zerowaste":"0","postage_price":"1290.00","shop_order":"0","has_category":"1","landing_pages":null,"microdata":{"number":63,"category":""},"title":"Dics\u0151s\u00e9g a magass\u00e1gban Istennek","description":"Dics\u0151s\u00e9g a magass\u00e1gban Istennek, \u00e9s a f\u00f6ld\u00f6n b\u00e9kess\u00e9g, \u00e9s az emberekhez j\u00f3akarat!\nLk 2,14\n\nA festm\u00e9ny akril fest\u00e9kkel k\u00e9sz\u00fclt 40x50 cm-es fest\u0151v\u00e1szonra.","score":0,"formatted_price":"21 000 Ft","image_url":"https:\/\/www.meska.hu\/img\/product\/small\/f\/e\/festettigek_product_632242_260902163058_660474.jpeg","formatted_url":"https:\/\/www.meska.hu\/p5864313-dicsoseg-a-magassagban-istennek","favourite":false,"in_stock":true,"avatar":"632242_avatar_1775491949.jpeg","delete_from":0,"is_enhanced_background":false,"is_enhanced":false,"product_selection_started":false,"is_active":true,"image_webp_url":"https:\/\/www.meska.hu\/img\/product\/small\/f\/e\/festettigek_product_632242_260902163058_660474.webp"},{"id":"6352327","shop_id":"52189","user_id":"632242","shop_name":"FestettIgek","shop_zip":"2659","product_code":"5864312","product_name_old":null,"product_name":"F\u00f6lt\u00e1mad az igazs\u00e1g napja (k\u00f6nyvjelz\u0151)","category_string":"M\u0171v\u00e9szet, Festm\u00e9ny, Akril","technic_string":"","category_1":"357","category_2":"358","category_3":"359","category_4":"0","merged_category_1":null,"merged_category_2":null,"merged_category_3":null,"technic_1":"0","technic_2":"0","technic_3":"0","color_1":"520","color_2":"0","color_3":"0","product_description_old":null,"product_description":"\u00c9s nektek, akik f\u00e9litek nevemet, f\u00f6lt\u00e1mad az igazs\u00e1g napja. \n\nA festm\u00e9ny akril fest\u00e9kkel k\u00e9sz\u00fclt k\u00f6nyvjelz\u0151 m\u00e9ret\u0171, 5,4 x 14,8 cm-es akvarellpap\u00edrra.","price":"2000.00","unit":"db","recommended":"0","status":"1","sponsored":"0","exp_notify":"0","own_material":"0","own_material_description_old":null,"own_material_description":"","jury":"0","jury_number":"","product_nature":"","meskaracsony":"0","create_date":"2026-09-02 16:28:22","shelve_id":"0","image":"festettigek_product_632242_260902162506_322725.jpeg","image_width":"480","image_height":"640","image_alt":"F\u00f6lt\u00e1mad az igazs\u00e1g napja (k\u00f6nyvjelz\u0151), \u00c9s nektek, akik f\u00e9litek nevemet, f\u00f6lt\u00e1mad az igazs\u00e1g napja. \\n\\nA festm\u00e9ny akril fest\u00e9kkel k\u00e9sz\u00fclt k\u00f6n..., Meska","image_title":"F\u00f6lt\u00e1mad az igazs\u00e1g napja (k\u00f6nyvjelz\u0151), Meska","view_count":"42","favourite_count":"0","trending_score":"0","last2MonthFavouriteCount":"0","promotion":"0","giftcard_accept":"0","creditcard_accept":true,"enhanced_background":"0","domain":"meska","specific_customer_id":null,"specific_customer_name":null,"to_order_product":"0","to_order_product_time":"0","product_different":null,"product_different_description":"","vintage":"0","vintage_category_id":"0","recycled":"0","gemstone_id":"0","customizable":"0","type_category":"physical","zerowaste":"0","postage_price":"1290.00","shop_order":"0","has_category":"1","landing_pages":null,"microdata":{"number":64,"category":""},"title":"F\u00f6lt\u00e1mad az igazs\u00e1g napja (k\u00f6nyvjelz\u0151)","description":"\u00c9s nektek, akik f\u00e9litek nevemet, f\u00f6lt\u00e1mad az igazs\u00e1g napja. \n\nA festm\u00e9ny akril fest\u00e9kkel k\u00e9sz\u00fclt k\u00f6nyvjelz\u0151 m\u00e9ret\u0171, 5,4 x 14,8 cm-es akvarellpap\u00edrra.","score":0,"formatted_price":"2 000 Ft","image_url":"https:\/\/www.meska.hu\/img\/product\/small\/f\/e\/festettigek_product_632242_260902162506_322725.jpeg","formatted_url":"https:\/\/www.meska.hu\/p5864312-foltamad-az-igazsag-napja-konyvjelzo","favourite":false,"in_stock":true,"avatar":"632242_avatar_1775491949.jpeg","delete_from":0,"is_enhanced_background":false,"is_enhanced":false,"product_selection_started":false,"is_active":true,"image_webp_url":"https:\/\/www.meska.hu\/img\/product\/small\/f\/e\/festettigek_product_632242_260902162506_322725.webp"},{"id":"6352323","shop_id":"52189","user_id":"632242","shop_name":"FestettIgek","shop_zip":"2659","product_code":"5864310","product_name_old":null,"product_name":"A diadal elnyelte a hal\u00e1lt (k\u00e9peslap)","category_string":"M\u0171v\u00e9szet, Festm\u00e9ny, Akril","technic_string":"","category_1":"357","category_2":"358","category_3":"359","category_4":"0","merged_category_1":null,"merged_category_2":null,"merged_category_3":null,"technic_1":"0","technic_2":"0","technic_3":"0","color_1":"529","color_2":"0","color_3":"0","product_description_old":null,"product_description":"Amikor pedig ez a romland\u00f3 test romolhatatlans\u00e1gba \u00f6lt\u00f6zik, \u00e9s a haland\u00f3 halhatatlans\u00e1gba \u00f6lt\u00f6zik, akkor beteljes\u00fcl az az ige, amely meg van \u00edrva: A diadal elnyelte a hal\u00e1lt.\n1Kor 15,54\n\nA festm\u00e9ny akril fest\u00e9kkel k\u00e9sz\u00fclt k\u00e9peslap m\u00e9ret\u0171, 10,5 x 14,8 cm-es (A6-os) akvarellpap\u00edrra.","price":"3000.00","unit":"db","recommended":"0","status":"1","sponsored":"0","exp_notify":"0","own_material":"0","own_material_description_old":null,"own_material_description":"","jury":"0","jury_number":"","product_nature":"","meskaracsony":"0","create_date":"2026-09-02 16:24:48","shelve_id":"0","image":"festettigek_product_632242_260902162301_887826.jpeg","image_width":"480","image_height":"640","image_alt":"A diadal elnyelte a hal\u00e1lt (k\u00e9peslap), Amikor pedig ez a romland\u00f3 test romolhatatlans\u00e1gba \u00f6lt\u00f6zik, \u00e9s a haland\u00f3 halhatatlans\u00e1gba \u00f6lt\u00f6zik, a..., Meska","image_title":"A diadal elnyelte a hal\u00e1lt (k\u00e9peslap), Meska","view_count":"50","favourite_count":"0","trending_score":"0","last2MonthFavouriteCount":"0","promotion":"0","giftcard_accept":"0","creditcard_accept":true,"enhanced_background":"0","domain":"meska","specific_customer_id":null,"specific_customer_name":null,"to_order_product":"0","to_order_product_time":"0","product_different":null,"product_different_description":"","vintage":"0","vintage_category_id":"0","recycled":"0","gemstone_id":"0","customizable":"0","type_category":"physical","zerowaste":"0","postage_price":"1290.00","shop_order":"0","has_category":"1","landing_pages":null,"microdata":{"number":65,"category":""},"title":"A diadal elnyelte a hal\u00e1lt (k\u00e9peslap)","description":"Amikor pedig ez a romland\u00f3 test romolhatatlans\u00e1gba \u00f6lt\u00f6zik, \u00e9s a haland\u00f3 halhatatlans\u00e1gba \u00f6lt\u00f6zik, akkor beteljes\u00fcl az az ige, amely meg van \u00edrva: A diadal elnyelte a hal\u00e1lt.\n1Kor 15,54\n\nA festm\u00e9ny akril fest\u00e9kkel k\u00e9sz\u00fclt k\u00e9peslap m\u00e9ret\u0171, 10,5 x 14,8 cm-es (A6-os) akvarellpap\u00edrra.","score":0,"formatted_price":"3 000 Ft","image_url":"https:\/\/www.meska.hu\/img\/product\/small\/f\/e\/festettigek_product_632242_260902162301_887826.jpeg","formatted_url":"https:\/\/www.meska.hu\/p5864310-a-diadal-elnyelte-a-halalt-kepeslap","favourite":false,"in_stock":true,"avatar":"632242_avatar_1775491949.jpeg","delete_from":0,"is_enhanced_background":false,"is_enhanced":false,"product_selection_started":false,"is_active":true,"image_webp_url":"https:\/\/www.meska.hu\/img\/product\/small\/f\/e\/festettigek_product_632242_260902162301_887826.webp"},{"id":"6352320","shop_id":"52189","user_id":"632242","shop_name":"FestettIgek","shop_zip":"2659","product_code":"5864308","product_name_old":null,"product_name":"Az egek besz\u00e9lik Isten dics\u0151s\u00e9g\u00e9t (k\u00e9peslap)","category_string":"M\u0171v\u00e9szet, Festm\u00e9ny, Akril","technic_string":"","category_1":"357","category_2":"358","category_3":"359","category_4":"0","merged_category_1":null,"merged_category_2":null,"merged_category_3":null,"technic_1":"0","technic_2":"0","technic_3":"0","color_1":"521","color_2":"0","color_3":"0","product_description_old":null,"product_description":"Az egek besz\u00e9lik Isten dics\u0151s\u00e9g\u00e9t, \u00e9s keze munk\u00e1j\u00e1t hirdeti az \u00e9gboltozat.\nZsolt 19,2\n\nA festm\u00e9ny akril fest\u00e9kkel k\u00e9sz\u00fclt k\u00e9peslap m\u00e9ret\u0171, 10,5 x 14,8 cm-es (A6-os) akvarellpap\u00edrra.","price":"3000.00","unit":"db","recommended":"0","status":"1","sponsored":"0","exp_notify":"0","own_material":"0","own_material_description_old":null,"own_material_description":"","jury":"0","jury_number":"","product_nature":"","meskaracsony":"0","create_date":"2026-09-02 16:22:48","shelve_id":"0","image":"festettigek_product_632242_260902162116_948398.jpeg","image_width":"480","image_height":"640","image_alt":"Az egek besz\u00e9lik Isten dics\u0151s\u00e9g\u00e9t (k\u00e9peslap), Az egek besz\u00e9lik Isten dics\u0151s\u00e9g\u00e9t, \u00e9s keze munk\u00e1j\u00e1t hirdeti az \u00e9gboltozat.\\nZsolt 19,2\\n\\nA festm\u00e9ny ak..., Meska","image_title":"Az egek besz\u00e9lik Isten dics\u0151s\u00e9g\u00e9t (k\u00e9peslap), Meska","view_count":"52","favourite_count":"0","trending_score":"0","last2MonthFavouriteCount":"0","promotion":"0","giftcard_accept":"0","creditcard_accept":true,"enhanced_background":"0","domain":"meska","specific_customer_id":null,"specific_customer_name":null,"to_order_product":"0","to_order_product_time":"0","product_different":null,"product_different_description":"","vintage":"0","vintage_category_id":"0","recycled":"0","gemstone_id":"0","customizable":"0","type_category":"physical","zerowaste":"0","postage_price":"1290.00","shop_order":"0","has_category":"1","landing_pages":null,"microdata":{"number":66,"category":""},"title":"Az egek besz\u00e9lik Isten dics\u0151s\u00e9g\u00e9t (k\u00e9peslap)","description":"Az egek besz\u00e9lik Isten dics\u0151s\u00e9g\u00e9t, \u00e9s keze munk\u00e1j\u00e1t hirdeti az \u00e9gboltozat.\nZsolt 19,2\n\nA festm\u00e9ny akril fest\u00e9kkel k\u00e9sz\u00fclt k\u00e9peslap m\u00e9ret\u0171, 10,5 x 14,8 cm-es (A6-os) akvarellpap\u00edrra.","score":0,"formatted_price":"3 000 Ft","image_url":"https:\/\/www.meska.hu\/img\/product\/small\/f\/e\/festettigek_product_632242_260902162116_948398.jpeg","formatted_url":"https:\/\/www.meska.hu\/p5864308-az-egek-beszelik-isten-dicsoseget-kepeslap","favourite":false,"in_stock":true,"avatar":"632242_avatar_1775491949.jpeg","delete_from":0,"is_enhanced_background":false,"is_enhanced":false,"product_selection_started":false,"is_active":true,"image_webp_url":"https:\/\/www.meska.hu\/img\/product\/small\/f\/e\/festettigek_product_632242_260902162116_948398.webp"},{"id":"6352315","shop_id":"52189","user_id":"632242","shop_name":"FestettIgek","shop_zip":"2659","product_code":"5864304","product_name_old":null,"product_name":"Fels\u00e9ges az \u00dar (K\u00e9peslap)","category_string":"M\u0171v\u00e9szet, Festm\u00e9ny, Akril","technic_string":"","category_1":"357","category_2":"358","category_3":"359","category_4":"0","merged_category_1":null,"merged_category_2":null,"merged_category_3":null,"technic_1":"0","technic_2":"0","technic_3":"0","color_1":"521","color_2":"0","color_3":"0","product_description_old":null,"product_description":"Fels\u00e9ges az \u00daR minden n\u00e9p f\u00f6l\u00f6tt, dics\u0151s\u00e9ge t\u00falhat az egeken.\nZsolt 113,4\n\nA festm\u00e9ny akril fest\u00e9kkel k\u00e9sz\u00fclt k\u00e9peslap m\u00e9ret\u0171, 10,5 x 14,8 cm-es (A6-os) akvarellpap\u00edrra.\n","price":"3000.00","unit":"db","recommended":"0","status":"1","sponsored":"0","exp_notify":"0","own_material":"0","own_material_description_old":null,"own_material_description":"","jury":"0","jury_number":"","product_nature":"","meskaracsony":"0","create_date":"2026-09-02 16:20:55","shelve_id":"0","image":"festettigek_product_632242_260902161625_313837.jpeg","image_width":"480","image_height":"640","image_alt":"Fels\u00e9ges az \u00dar (K\u00e9peslap), Fels\u00e9ges az \u00daR minden n\u00e9p f\u00f6l\u00f6tt, dics\u0151s\u00e9ge t\u00falhat az egeken.\\nZsolt 113,4\\n\\nA festm\u00e9ny akril fest\u00e9kke..., Meska","image_title":"Fels\u00e9ges az \u00dar (K\u00e9peslap), Meska","view_count":"52","favourite_count":"0","trending_score":"0","last2MonthFavouriteCount":"0","promotion":"0","giftcard_accept":"0","creditcard_accept":true,"enhanced_background":"0","domain":"meska","specific_customer_id":null,"specific_customer_name":null,"to_order_product":"0","to_order_product_time":"0","product_different":null,"product_different_description":"","vintage":"0","vintage_category_id":"0","recycled":"0","gemstone_id":"0","customizable":"0","type_category":"physical","zerowaste":"0","postage_price":"1290.00","shop_order":"0","has_category":"1","landing_pages":null,"microdata":{"number":67,"category":""},"title":"Fels\u00e9ges az \u00dar (K\u00e9peslap)","description":"Fels\u00e9ges az \u00daR minden n\u00e9p f\u00f6l\u00f6tt, dics\u0151s\u00e9ge t\u00falhat az egeken.\nZsolt 113,4\n\nA festm\u00e9ny akril fest\u00e9kkel k\u00e9sz\u00fclt k\u00e9peslap m\u00e9ret\u0171, 10,5 x 14,8 cm-es (A6-os) akvarellpap\u00edrra.\n","score":0,"formatted_price":"3 000 Ft","image_url":"https:\/\/www.meska.hu\/img\/product\/small\/f\/e\/festettigek_product_632242_260902161625_313837.jpeg","formatted_url":"https:\/\/www.meska.hu\/p5864304-felseges-az-ur-kepeslap","favourite":false,"in_stock":true,"avatar":"632242_avatar_1775491949.jpeg","delete_from":0,"is_enhanced_background":false,"is_enhanced":false,"product_selection_started":false,"is_active":true,"image_webp_url":"https:\/\/www.meska.hu\/img\/product\/small\/f\/e\/festettigek_product_632242_260902161625_313837.webp"},{"id":"6352308","shop_id":"52189","user_id":"632242","shop_name":"FestettIgek","shop_zip":"2659","product_code":"5864301","product_name_old":null,"product_name":"Oltalmam \u00e9s \u00f6r\u00f6ks\u00e9gem","category_string":"M\u0171v\u00e9szet, Festm\u00e9ny, Akril","technic_string":"","category_1":"357","category_2":"358","category_3":"359","category_4":"0","merged_category_1":null,"merged_category_2":null,"merged_category_3":null,"technic_1":"0","technic_2":"0","technic_3":"0","color_1":"529","color_2":"0","color_3":"0","product_description_old":null,"product_description":"Te vagy oltalmam \u00e9s \u00f6r\u00f6ks\u00e9gem az \u00e9l\u0151k f\u00f6ldj\u00e9n.\nZsolt 142,6\n\nA festm\u00e9ny akril fest\u00e9kkel k\u00e9sz\u00fclt 30x40 cm-es fest\u0151v\u00e1szonra.\n","price":"18000.00","unit":"db","recommended":"0","status":"1","sponsored":"0","exp_notify":"0","own_material":"0","own_material_description_old":null,"own_material_description":"","jury":"0","jury_number":"","product_nature":"","meskaracsony":"0","create_date":"2026-09-02 16:15:34","shelve_id":"0","image":"festettigek_product_632242_260902161346_333979.jpeg","image_width":"480","image_height":"360","image_alt":"Oltalmam \u00e9s \u00f6r\u00f6ks\u00e9gem, Te vagy oltalmam \u00e9s \u00f6r\u00f6ks\u00e9gem az \u00e9l\u0151k f\u00f6ldj\u00e9n.\\nZsolt 142,6\\n\\nA festm\u00e9ny akril fest\u00e9kkel k\u00e9sz\u00fclt 30x40..., Meska","image_title":"Oltalmam \u00e9s \u00f6r\u00f6ks\u00e9gem, Meska","view_count":"48","favourite_count":"0","trending_score":"0","last2MonthFavouriteCount":"0","promotion":"0","giftcard_accept":"0","creditcard_accept":true,"enhanced_background":"0","domain":"meska","specific_customer_id":null,"specific_customer_name":null,"to_order_product":"0","to_order_product_time":"0","product_different":null,"product_different_description":"","vintage":"0","vintage_category_id":"0","recycled":"0","gemstone_id":"0","customizable":"0","type_category":"physical","zerowaste":"0","postage_price":"1290.00","shop_order":"0","has_category":"1","landing_pages":null,"microdata":{"number":68,"category":""},"title":"Oltalmam \u00e9s \u00f6r\u00f6ks\u00e9gem","description":"Te vagy oltalmam \u00e9s \u00f6r\u00f6ks\u00e9gem az \u00e9l\u0151k f\u00f6ldj\u00e9n.\nZsolt 142,6\n\nA festm\u00e9ny akril fest\u00e9kkel k\u00e9sz\u00fclt 30x40 cm-es fest\u0151v\u00e1szonra.\n","score":0,"formatted_price":"18 000 Ft","image_url":"https:\/\/www.meska.hu\/img\/product\/small\/f\/e\/festettigek_product_632242_260902161346_333979.jpeg","formatted_url":"https:\/\/www.meska.hu\/p5864301-oltalmam-es-oroksegem","favourite":false,"in_stock":true,"avatar":"632242_avatar_1775491949.jpeg","delete_from":0,"is_enhanced_background":false,"is_enhanced":false,"product_selection_started":false,"is_active":true,"image_webp_url":"https:\/\/www.meska.hu\/img\/product\/small\/f\/e\/festettigek_product_632242_260902161346_333979.webp"},{"id":"6352301","shop_id":"52189","user_id":"632242","shop_name":"FestettIgek","shop_zip":"2659","product_code":"5864299","product_name_old":null,"product_name":"Nekem az \u00e9let Krisztus","category_string":"M\u0171v\u00e9szet, Festm\u00e9ny, Akril","technic_string":"","category_1":"357","category_2":"358","category_3":"359","category_4":"0","merged_category_1":null,"merged_category_2":null,"merged_category_3":null,"technic_1":"0","technic_2":"0","technic_3":"0","color_1":"529","color_2":"0","color_3":"0","product_description_old":null,"product_description":"Mert nekem az \u00e9let Krisztus, \u00e9s a meghal\u00e1s nyeres\u00e9g.\nFil 1,21\n\nA festm\u00e9ny akril fest\u00e9kkel k\u00e9sz\u00fclt 30x40 cm-es fest\u0151v\u00e1szonra.\n","price":"14000.00","unit":"db","recommended":"0","status":"1","sponsored":"0","exp_notify":"0","own_material":"0","own_material_description_old":null,"own_material_description":"","jury":"0","jury_number":"","product_nature":"","meskaracsony":"0","create_date":"2026-09-02 16:12:11","shelve_id":"0","image":"festettigek_product_632242_260902160954_819163.jpeg","image_width":"480","image_height":"640","image_alt":"Nekem az \u00e9let Krisztus, Mert nekem az \u00e9let Krisztus, \u00e9s a meghal\u00e1s nyeres\u00e9g.\\nFil 1,21\\n\\nA festm\u00e9ny akril fest\u00e9kkel k\u00e9sz\u00fclt 30..., Meska","image_title":"Nekem az \u00e9let Krisztus, Meska","view_count":"40","favourite_count":"0","trending_score":"0","last2MonthFavouriteCount":"0","promotion":"0","giftcard_accept":"0","creditcard_accept":true,"enhanced_background":"0","domain":"meska","specific_customer_id":null,"specific_customer_name":null,"to_order_product":"0","to_order_product_time":"0","product_different":null,"product_different_description":"","vintage":"0","vintage_category_id":"0","recycled":"0","gemstone_id":"0","customizable":"0","type_category":"physical","zerowaste":"0","postage_price":"1290.00","shop_order":"0","has_category":"1","landing_pages":null,"microdata":{"number":69,"category":""},"title":"Nekem az \u00e9let Krisztus","description":"Mert nekem az \u00e9let Krisztus, \u00e9s a meghal\u00e1s nyeres\u00e9g.\nFil 1,21\n\nA festm\u00e9ny akril fest\u00e9kkel k\u00e9sz\u00fclt 30x40 cm-es fest\u0151v\u00e1szonra.\n","score":0,"formatted_price":"14 000 Ft","image_url":"https:\/\/www.meska.hu\/img\/product\/small\/f\/e\/festettigek_product_632242_260902160954_819163.jpeg","formatted_url":"https:\/\/www.meska.hu\/p5864299-nekem-az-elet-krisztus","favourite":false,"in_stock":true,"avatar":"632242_avatar_1775491949.jpeg","delete_from":0,"is_enhanced_background":false,"is_enhanced":false,"product_selection_started":false,"is_active":true,"image_webp_url":"https:\/\/www.meska.hu\/img\/product\/small\/f\/e\/festettigek_product_632242_260902160954_819163.webp"},{"id":"6352298","shop_id":"52189","user_id":"632242","shop_name":"FestettIgek","shop_zip":"2659","product_code":"5864298","product_name_old":null,"product_name":"Megjelentette igazs\u00e1g\u00e1t","category_string":"M\u0171v\u00e9szet, Festm\u00e9ny, Akril","technic_string":"","category_1":"357","category_2":"358","category_3":"359","category_4":"0","merged_category_1":null,"merged_category_2":null,"merged_category_3":null,"technic_1":"0","technic_2":"0","technic_3":"0","color_1":"529","color_2":"0","color_3":"0","product_description_old":null,"product_description":"Tudtul adta szabad\u00edt\u00e1s\u00e1t az \u00daR, a n\u00e9pek el\u0151tt megjelentette igazs\u00e1g\u00e1t.\nZsolt 98,2\n\nA festm\u00e9ny akril fest\u00e9kkel k\u00e9sz\u00fclt 50x70 cm-es fest\u0151v\u00e1szonra.","price":"32000.00","unit":"db","recommended":"0","status":"1","sponsored":"0","exp_notify":"0","own_material":"0","own_material_description_old":null,"own_material_description":"","jury":"0","jury_number":"","product_nature":"","meskaracsony":"0","create_date":"2026-09-02 16:07:44","shelve_id":"0","image":"festettigek_product_632242_260902160821_01693.jpeg","image_width":"480","image_height":"640","image_alt":"Megjelentette igazs\u00e1g\u00e1t, Tudtul adta szabad\u00edt\u00e1s\u00e1t az \u00daR, a n\u00e9pek el\u0151tt megjelentette igazs\u00e1g\u00e1t.\\nZsolt 98,2\\n\\nA festm\u00e9ny akril ..., Meska","image_title":"Megjelentette igazs\u00e1g\u00e1t, Meska","view_count":"50","favourite_count":"0","trending_score":"0","last2MonthFavouriteCount":"0","promotion":"0","giftcard_accept":"0","creditcard_accept":true,"enhanced_background":"0","domain":"meska","specific_customer_id":null,"specific_customer_name":null,"to_order_product":"0","to_order_product_time":"0","product_different":null,"product_different_description":"","vintage":"0","vintage_category_id":"0","recycled":"0","gemstone_id":"0","customizable":"0","type_category":"physical","zerowaste":"0","postage_price":"1290.00","shop_order":"0","has_category":"1","landing_pages":null,"microdata":{"number":70,"category":""},"title":"Megjelentette igazs\u00e1g\u00e1t","description":"Tudtul adta szabad\u00edt\u00e1s\u00e1t az \u00daR, a n\u00e9pek el\u0151tt megjelentette igazs\u00e1g\u00e1t.\nZsolt 98,2\n\nA festm\u00e9ny akril fest\u00e9kkel k\u00e9sz\u00fclt 50x70 cm-es fest\u0151v\u00e1szonra.","score":0,"formatted_price":"32 000 Ft","image_url":"https:\/\/www.meska.hu\/img\/product\/small\/f\/e\/festettigek_product_632242_260902160821_01693.jpeg","formatted_url":"https:\/\/www.meska.hu\/p5864298-ur-az-o-neve","favourite":false,"in_stock":true,"avatar":"632242_avatar_1775491949.jpeg","delete_from":0,"is_enhanced_background":false,"is_enhanced":false,"product_selection_started":false,"is_active":true,"image_webp_url":"https:\/\/www.meska.hu\/img\/product\/small\/f\/e\/festettigek_product_632242_260902160821_01693.webp"},{"id":"6022608","shop_id":"39512","user_id":"544223","shop_name":"Angyaligaleria","shop_zip":"5650","product_code":"5684507","product_name_old":null,"product_name":"\u00datban az \u00e9g fel\u00e9.......","category_string":"M\u0171v\u00e9szet, Festm\u00e9ny, Akril","technic_string":"Fest\u00e9szet","category_1":"357","category_2":"358","category_3":"359","category_4":"0","merged_category_1":null,"merged_category_2":null,"merged_category_3":null,"technic_1":"480","technic_2":"0","technic_3":"0","color_1":"521","color_2":"526","color_3":"529","product_description_old":null,"product_description":"\u00datban az \u00e9g fel\u00e9........! 30x48 cm. akril, farostlemezre festett alkot\u00e1s.","price":"45000.00","unit":"db","recommended":"0","status":"1","sponsored":"0","exp_notify":"0","own_material":"0","own_material_description_old":null,"own_material_description":"","jury":"0","jury_number":"","product_nature":"","meskaracsony":"0","create_date":"2026-09-02 15:42:28","shelve_id":"0","image":"angyaligaleria_product_544223_251130141822_492841.jpeg","image_width":"480","image_height":"300","image_alt":"\u00datban az \u00e9g fel\u00e9......., \u00datban az \u00e9g fel\u00e9........! 30x48 cm. akril, farostlemezre festett alkot\u00e1s., Meska","image_title":"\u00datban az \u00e9g fel\u00e9......., Meska","view_count":"80","favourite_count":"0","trending_score":"0","last2MonthFavouriteCount":"0","promotion":"0","giftcard_accept":"0","creditcard_accept":true,"enhanced_background":"0","domain":"meska","specific_customer_id":null,"specific_customer_name":null,"to_order_product":"0","to_order_product_time":"0","product_different":null,"product_different_description":"","vintage":"0","vintage_category_id":"0","recycled":"0","gemstone_id":"0","customizable":"0","type_category":"physical","zerowaste":"0","postage_price":"2390.00","shop_order":"0","has_category":"1","landing_pages":null,"microdata":{"number":71,"category":""},"title":"\u00datban az \u00e9g fel\u00e9.......","description":"\u00datban az \u00e9g fel\u00e9........! 30x48 cm. akril, farostlemezre festett alkot\u00e1s.","score":0,"formatted_price":"45 000 Ft","image_url":"https:\/\/www.meska.hu\/img\/product\/small\/a\/n\/angyaligaleria_product_544223_251130141822_492841.jpeg","formatted_url":"https:\/\/www.meska.hu\/p5684507-utban-az-eg-fele","favourite":false,"in_stock":true,"avatar":"Angyaligaleria_avatar_544223_1670924697.jpg","delete_from":0,"is_enhanced_background":false,"is_enhanced":false,"product_selection_started":false,"is_active":true,"image_webp_url":"https:\/\/www.meska.hu\/img\/product\/small\/a\/n\/angyaligaleria_product_544223_251130141822_492841.webp"},{"id":"6022643","shop_id":"39512","user_id":"544223","shop_name":"Angyaligaleria","shop_zip":"5650","product_code":"5684517","product_name_old":null,"product_name":"Balatoni naplemente.... ","category_string":"M\u0171v\u00e9szet, Festm\u00e9ny, Akril","technic_string":"Fest\u00e9szet","category_1":"357","category_2":"358","category_3":"359","category_4":"0","merged_category_1":null,"merged_category_2":null,"merged_category_3":null,"technic_1":"480","technic_2":"0","technic_3":"0","color_1":"521","color_2":"568","color_3":"526","product_description_old":null,"product_description":"Balatoni naplemente....! 30x20 cm. akril, farostlemezre festett alkot\u00e1s.","price":"35000.00","unit":"db","recommended":"0","status":"1","sponsored":"0","exp_notify":"0","own_material":"0","own_material_description_old":null,"own_material_description":"","jury":"0","jury_number":"","product_nature":"","meskaracsony":"0","create_date":"2026-09-02 15:42:22","shelve_id":"0","image":"angyaligaleria_product_544223_251130145649_253692.jpeg","image_width":"480","image_height":"340","image_alt":"Balatoni naplemente.... , Balatoni naplemente....! 30x20 cm. akril, farostlemezre festett alkot\u00e1s., Meska","image_title":"Balatoni naplemente.... , Meska","view_count":"145","favourite_count":"1","trending_score":"0","last2MonthFavouriteCount":"1","promotion":"0","giftcard_accept":"0","creditcard_accept":true,"enhanced_background":"0","domain":"meska","specific_customer_id":null,"specific_customer_name":null,"to_order_product":"0","to_order_product_time":"0","product_different":null,"product_different_description":"","vintage":"0","vintage_category_id":"0","recycled":"0","gemstone_id":"0","customizable":"0","type_category":"physical","zerowaste":"0","postage_price":"2390.00","shop_order":"0","has_category":"1","landing_pages":null,"microdata":{"number":72,"category":""},"title":"Balatoni naplemente.... ","description":"Balatoni naplemente....! 30x20 cm. akril, farostlemezre festett alkot\u00e1s.","score":0,"formatted_price":"35 000 Ft","image_url":"https:\/\/www.meska.hu\/img\/product\/small\/a\/n\/angyaligaleria_product_544223_251130145649_253692.jpeg","formatted_url":"https:\/\/www.meska.hu\/p5684517-balatoni-naplemente","favourite":false,"in_stock":true,"avatar":"Angyaligaleria_avatar_544223_1670924697.jpg","delete_from":0,"is_enhanced_background":false,"is_enhanced":false,"product_selection_started":false,"is_active":true,"image_webp_url":"https:\/\/www.meska.hu\/img\/product\/small\/a\/n\/angyaligaleria_product_544223_251130145649_253692.webp"},{"id":"5371095","shop_id":"44990","user_id":"645996","shop_name":"Viragartdesigne","shop_zip":"6723","product_code":"5306679","product_name_old":null,"product_name":"\"Fantasy\"","category_string":"M\u0171v\u00e9szet, Festm\u00e9ny, Akril","technic_string":"Fest\u00e9szet","category_1":"357","category_2":"358","category_3":"359","category_4":"0","merged_category_1":null,"merged_category_2":null,"merged_category_3":null,"technic_1":"480","technic_2":"0","technic_3":"0","color_1":"521","color_2":"791","color_3":"527","product_description_old":null,"product_description":"Akril festm\u00e9ny\n40x50cm fesz\u00edtett v\u00e1sznon,\nakril lakkal lakkozva.","price":"25000.00","unit":"db","recommended":"0","status":"1","sponsored":"0","exp_notify":"0","own_material":"0","own_material_description_old":null,"own_material_description":"","jury":"0","jury_number":"","product_nature":"","meskaracsony":"0","create_date":"2026-09-02 14:48:07","shelve_id":"0","image":"viragartdesigne_product_645996_240608102556_846710.jpeg","image_width":"480","image_height":"355","image_alt":"\\\"Fantasy\\\", Akril festm\u00e9ny\\n40x50cm fesz\u00edtett v\u00e1sznon,\\nakril lakkal lakkozva., Meska","image_title":"\\\"Fantasy\\\", Meska","view_count":"1642","favourite_count":"0","trending_score":"0","last2MonthFavouriteCount":"0","promotion":"0","giftcard_accept":"0","creditcard_accept":true,"enhanced_background":"0","domain":"meska","specific_customer_id":null,"specific_customer_name":null,"to_order_product":"0","to_order_product_time":"0","product_different":null,"product_different_description":"","vintage":"0","vintage_category_id":"0","recycled":"0","gemstone_id":"0","customizable":"0","type_category":"physical","zerowaste":"0","postage_price":"2390.00","shop_order":"0","has_category":"1","landing_pages":null,"microdata":{"number":73,"category":""},"title":"\"Fantasy\"","description":"Akril festm\u00e9ny\n40x50cm fesz\u00edtett v\u00e1sznon,\nakril lakkal lakkozva.","score":0,"formatted_price":"25 000 Ft","image_url":"https:\/\/www.meska.hu\/img\/product\/small\/v\/i\/viragartdesigne_product_645996_240608102556_846710.jpeg","formatted_url":"https:\/\/www.meska.hu\/p5306679-fantasy","favourite":false,"in_stock":true,"avatar":"645996_avatar_1742636833.jpeg","delete_from":0,"is_enhanced_background":false,"is_enhanced":false,"product_selection_started":false,"is_active":true,"image_webp_url":"https:\/\/www.meska.hu\/img\/product\/small\/v\/i\/viragartdesigne_product_645996_240608102556_846710.webp"},{"id":"4502260","shop_id":"38284","user_id":"518552","shop_name":"EstherArt","shop_zip":"6723","product_code":"4780600","product_name_old":null,"product_name":"Akvarell - (2021.)","category_string":"M\u0171v\u00e9szet, Festm\u00e9ny, Akvarell","technic_string":"Fest\u00e9szet","category_1":"357","category_2":"358","category_3":"360","category_4":"0","merged_category_1":null,"merged_category_2":null,"merged_category_3":null,"technic_1":"480","technic_2":"0","technic_3":"0","color_1":"521","color_2":"522","color_3":"791","product_description_old":null,"product_description":"Akvarell technik\u00e1val k\u00e9sz\u00fclt egyedi illusztr\u00e1ci\u00f3, k\u00e9zzel festett nem print.\nKedves aj\u00e1nd\u00e9k \u00f6tlet b\u00e1rkinek aki szeret egyedi, k\u00e9zzel k\u00e9sz\u00fclt aj\u00e1nd\u00e9kot adni, de ak\u00e1r az \u00f6n otthona d\u00edsze is lehet.\n \nM\u00e9ret: A4 \nKiv\u00e1l\u00f3 min\u0151s\u00e9g\u0171 300 grammos akvarell kartonra k\u00e9sz\u00fclt. \nAz \u00e1r a k\u00e9pre vonatkozik (keret, paszpartu nincs hozz\u00e1).\n\nA post\u00e1z\u00e1st az \u00e1r nem tartalmazza. Gondosan csomagolva k\u00fcld\u00f6m, nem s\u00e9r\u00fcl. \nSzem\u00e9lyes \u00e1tv\u00e9tel Szegeden lehets\u00e9ges. \n\u00dczenetben egyeztetj\u00fck a r\u00e9szleteket, keressen b\u00e1tran! \nMinden jog fenntartva!","price":"9000.00","unit":"db","recommended":"0","status":"1","sponsored":"0","exp_notify":"0","own_material":"0","own_material_description_old":null,"own_material_description":"","jury":"0","jury_number":"","product_nature":"","meskaracsony":"0","create_date":"2026-09-02 13:01:48","shelve_id":"80135","image":"estherart_product_518552_220920164939_76560.jpeg","image_width":"480","image_height":"617","image_alt":"Akvarell - (2021.), Akvarell technik\u00e1val k\u00e9sz\u00fclt egyedi illusztr\u00e1ci\u00f3, k\u00e9zzel festett nem print.\\nKedves aj\u00e1nd\u00e9k \u00f6tlet b\u00e1r..., Meska","image_title":"Akvarell - (2021.), Meska","view_count":"1343","favourite_count":"0","trending_score":"0","last2MonthFavouriteCount":"0","promotion":"0","giftcard_accept":"0","creditcard_accept":true,"enhanced_background":"0","domain":"meska","specific_customer_id":null,"specific_customer_name":null,"to_order_product":"0","to_order_product_time":"0","product_different":null,"product_different_description":"","vintage":"0","vintage_category_id":"0","recycled":"0","gemstone_id":"0","customizable":"0","type_category":"physical","zerowaste":"0","postage_price":"1290.00","shop_order":"0","has_category":"1","landing_pages":null,"microdata":{"number":74,"category":""},"title":"Akvarell - (2021.)","description":"Akvarell technik\u00e1val k\u00e9sz\u00fclt egyedi illusztr\u00e1ci\u00f3, k\u00e9zzel festett nem print.\nKedves aj\u00e1nd\u00e9k \u00f6tlet b\u00e1rkinek aki szeret egyedi, k\u00e9zzel k\u00e9sz\u00fclt aj\u00e1nd\u00e9kot adni, de ak\u00e1r az \u00f6n otthona d\u00edsze is lehet.\n \nM\u00e9ret: A4 \nKiv\u00e1l\u00f3 min\u0151s\u00e9g\u0171 300 grammos akvarell kartonra k\u00e9sz\u00fclt. \nAz \u00e1r a k\u00e9pre vonatkozik (keret, paszpartu nincs hozz\u00e1).\n\nA post\u00e1z\u00e1st az \u00e1r nem tartalmazza. Gondosan csomagolva k\u00fcld\u00f6m, nem s\u00e9r\u00fcl. \nSzem\u00e9lyes \u00e1tv\u00e9tel Szegeden lehets\u00e9ges. \n\u00dczenetben egyeztetj\u00fck a r\u00e9szleteket, keressen b\u00e1tran! \nMinden jog fenntartva!","score":0,"formatted_price":"9 000 Ft","image_url":"https:\/\/www.meska.hu\/img\/product\/small\/e\/s\/estherart_product_518552_220920164939_76560.jpeg","formatted_url":"https:\/\/www.meska.hu\/p4780600-akvarell-2021","favourite":false,"in_stock":true,"avatar":"518552_avatar_1723634647.jpeg","delete_from":0,"is_enhanced_background":false,"is_enhanced":false,"product_selection_started":false,"is_active":true,"image_webp_url":"https:\/\/www.meska.hu\/img\/product\/small\/e\/s\/estherart_product_518552_220920164939_76560.webp"},{"id":"4502266","shop_id":"38284","user_id":"518552","shop_name":"EstherArt","shop_zip":"6723","product_code":"4780601","product_name_old":null,"product_name":"Akvarell - (2021.)","category_string":"M\u0171v\u00e9szet, Festm\u00e9ny, Akvarell","technic_string":"Fest\u00e9szet","category_1":"357","category_2":"358","category_3":"360","category_4":"0","merged_category_1":null,"merged_category_2":null,"merged_category_3":null,"technic_1":"480","technic_2":"0","technic_3":"0","color_1":"522","color_2":"526","color_3":"529","product_description_old":null,"product_description":"Akvarell technik\u00e1val k\u00e9sz\u00fclt egyedi illusztr\u00e1ci\u00f3, k\u00e9zzel festett nem print.\nKedves aj\u00e1nd\u00e9k \u00f6tlet b\u00e1rkinek aki szeret egyedi, k\u00e9zzel k\u00e9sz\u00fclt aj\u00e1nd\u00e9kot adni, de ak\u00e1r az \u00f6n otthona d\u00edsze is lehet.\nKi\u00e1ll\u00edtva: 2023. Szeged, Bibliot\u00e9ka \n\n \nM\u00e9ret: A4 \nKiv\u00e1l\u00f3 min\u0151s\u00e9g\u0171 300 grammos akvarell kartonra k\u00e9sz\u00fclt. \nAz \u00e1r a k\u00e9pre vonatkozik (keret, paszpartu nincs hozz\u00e1).\n\nA post\u00e1z\u00e1st az \u00e1r nem tartalmazza. Gondosan csomagolva k\u00fcld\u00f6m, nem s\u00e9r\u00fcl. \nSzem\u00e9lyes \u00e1tv\u00e9tel Szegeden lehets\u00e9ges. \n\u00dczenetben egyeztetj\u00fck a r\u00e9szleteket, keressen b\u00e1tran! \nMinden jog fenntartva!","price":"9000.00","unit":"db","recommended":"0","status":"1","sponsored":"0","exp_notify":"0","own_material":"0","own_material_description_old":null,"own_material_description":"","jury":"0","jury_number":"","product_nature":"","meskaracsony":"0","create_date":"2026-09-02 13:01:46","shelve_id":"80135","image":"estherart_product_518552_220920170836_042543.jpeg","image_width":"480","image_height":"617","image_alt":"Akvarell - (2021.), Akvarell technik\u00e1val k\u00e9sz\u00fclt egyedi illusztr\u00e1ci\u00f3, k\u00e9zzel festett nem print.\\nKedves aj\u00e1nd\u00e9k \u00f6tlet b\u00e1r..., Meska","image_title":"Akvarell - (2021.), Meska","view_count":"918","favourite_count":"0","trending_score":"0","last2MonthFavouriteCount":"0","promotion":"0","giftcard_accept":"0","creditcard_accept":true,"enhanced_background":"0","domain":"meska","specific_customer_id":null,"specific_customer_name":null,"to_order_product":"0","to_order_product_time":"0","product_different":null,"product_different_description":"","vintage":"0","vintage_category_id":"0","recycled":"0","gemstone_id":"0","customizable":"0","type_category":"physical","zerowaste":"0","postage_price":"1290.00","shop_order":"0","has_category":"1","landing_pages":null,"microdata":{"number":75,"category":""},"title":"Akvarell - (2021.)","description":"Akvarell technik\u00e1val k\u00e9sz\u00fclt egyedi illusztr\u00e1ci\u00f3, k\u00e9zzel festett nem print.\nKedves aj\u00e1nd\u00e9k \u00f6tlet b\u00e1rkinek aki szeret egyedi, k\u00e9zzel k\u00e9sz\u00fclt aj\u00e1nd\u00e9kot adni, de ak\u00e1r az \u00f6n otthona d\u00edsze is lehet.\nKi\u00e1ll\u00edtva: 2023. Szeged, Bibliot\u00e9ka \n\n \nM\u00e9ret: A4 \nKiv\u00e1l\u00f3 min\u0151s\u00e9g\u0171 300 grammos akvarell kartonra k\u00e9sz\u00fclt. \nAz \u00e1r a k\u00e9pre vonatkozik (keret, paszpartu nincs hozz\u00e1).\n\nA post\u00e1z\u00e1st az \u00e1r nem tartalmazza. Gondosan csomagolva k\u00fcld\u00f6m, nem s\u00e9r\u00fcl. \nSzem\u00e9lyes \u00e1tv\u00e9tel Szegeden lehets\u00e9ges. \n\u00dczenetben egyeztetj\u00fck a r\u00e9szleteket, keressen b\u00e1tran! \nMinden jog fenntartva!","score":0,"formatted_price":"9 000 Ft","image_url":"https:\/\/www.meska.hu\/img\/product\/small\/e\/s\/estherart_product_518552_220920170836_042543.jpeg","formatted_url":"https:\/\/www.meska.hu\/p4780601-akvarell-2021","favourite":false,"in_stock":true,"avatar":"518552_avatar_1723634647.jpeg","delete_from":0,"is_enhanced_background":false,"is_enhanced":false,"product_selection_started":false,"is_active":true,"image_webp_url":"https:\/\/www.meska.hu\/img\/product\/small\/e\/s\/estherart_product_518552_220920170836_042543.webp"},{"id":"4502322","shop_id":"38284","user_id":"518552","shop_name":"EstherArt","shop_zip":"6723","product_code":"4780629","product_name_old":null,"product_name":"Akvarell - (2021.)","category_string":"M\u0171v\u00e9szet, Festm\u00e9ny, Akvarell","technic_string":"Fest\u00e9szet","category_1":"357","category_2":"358","category_3":"360","category_4":"0","merged_category_1":null,"merged_category_2":null,"merged_category_3":null,"technic_1":"480","technic_2":"0","technic_3":"0","color_1":"521","color_2":"523","color_3":"526","product_description_old":null,"product_description":"Akvarell technik\u00e1val k\u00e9sz\u00fclt egyedi illusztr\u00e1ci\u00f3, k\u00e9zzel festett nem print.\nKedves aj\u00e1nd\u00e9k \u00f6tlet b\u00e1rkinek aki szeret egyedi, k\u00e9zzel k\u00e9sz\u00fclt aj\u00e1nd\u00e9kot adni, de ak\u00e1r az \u00f6n otthona d\u00edsze is lehet.\n \nM\u00e9ret: A4 \nKiv\u00e1l\u00f3 min\u0151s\u00e9g\u0171 300 grammos akvarell kartonra k\u00e9sz\u00fclt. \nAz \u00e1r a k\u00e9pre vonatkozik (keret, paszpartu nincs hozz\u00e1).\n\nA post\u00e1z\u00e1st az \u00e1r nem tartalmazza. Gondosan csomagolva k\u00fcld\u00f6m, nem s\u00e9r\u00fcl. \nSzem\u00e9lyes \u00e1tv\u00e9tel Szegeden lehets\u00e9ges. \n\u00dczenetben egyeztetj\u00fck a r\u00e9szleteket, keressen b\u00e1tran! \nMinden jog fenntartva!","price":"9000.00","unit":"db","recommended":"0","status":"1","sponsored":"0","exp_notify":"0","own_material":"0","own_material_description_old":null,"own_material_description":"","jury":"0","jury_number":"","product_nature":"","meskaracsony":"0","create_date":"2026-09-02 13:01:43","shelve_id":"80135","image":"estherart_product_518552_220920175320_261286.jpeg","image_width":"480","image_height":"617","image_alt":"Akvarell - (2021.), Akvarell technik\u00e1val k\u00e9sz\u00fclt egyedi illusztr\u00e1ci\u00f3, k\u00e9zzel festett nem print.\\nKedves aj\u00e1nd\u00e9k \u00f6tlet b\u00e1r..., Meska","image_title":"Akvarell - (2021.), Meska","view_count":"1013","favourite_count":"0","trending_score":"0","last2MonthFavouriteCount":"0","promotion":"0","giftcard_accept":"0","creditcard_accept":true,"enhanced_background":"0","domain":"meska","specific_customer_id":null,"specific_customer_name":null,"to_order_product":"0","to_order_product_time":"0","product_different":null,"product_different_description":"","vintage":"0","vintage_category_id":"0","recycled":"0","gemstone_id":"0","customizable":"0","type_category":"physical","zerowaste":"0","postage_price":"1290.00","shop_order":"0","has_category":"1","landing_pages":null,"microdata":{"number":76,"category":""},"title":"Akvarell - (2021.)","description":"Akvarell technik\u00e1val k\u00e9sz\u00fclt egyedi illusztr\u00e1ci\u00f3, k\u00e9zzel festett nem print.\nKedves aj\u00e1nd\u00e9k \u00f6tlet b\u00e1rkinek aki szeret egyedi, k\u00e9zzel k\u00e9sz\u00fclt aj\u00e1nd\u00e9kot adni, de ak\u00e1r az \u00f6n otthona d\u00edsze is lehet.\n \nM\u00e9ret: A4 \nKiv\u00e1l\u00f3 min\u0151s\u00e9g\u0171 300 grammos akvarell kartonra k\u00e9sz\u00fclt. \nAz \u00e1r a k\u00e9pre vonatkozik (keret, paszpartu nincs hozz\u00e1).\n\nA post\u00e1z\u00e1st az \u00e1r nem tartalmazza. Gondosan csomagolva k\u00fcld\u00f6m, nem s\u00e9r\u00fcl. \nSzem\u00e9lyes \u00e1tv\u00e9tel Szegeden lehets\u00e9ges. \n\u00dczenetben egyeztetj\u00fck a r\u00e9szleteket, keressen b\u00e1tran! \nMinden jog fenntartva!","score":0,"formatted_price":"9 000 Ft","image_url":"https:\/\/www.meska.hu\/img\/product\/small\/e\/s\/estherart_product_518552_220920175320_261286.jpeg","formatted_url":"https:\/\/www.meska.hu\/p4780629-akvarell-2021","favourite":false,"in_stock":true,"avatar":"518552_avatar_1723634647.jpeg","delete_from":0,"is_enhanced_background":false,"is_enhanced":false,"product_selection_started":false,"is_active":true,"image_webp_url":"https:\/\/www.meska.hu\/img\/product\/small\/e\/s\/estherart_product_518552_220920175320_261286.webp"},{"id":"4502452","shop_id":"38284","user_id":"518552","shop_name":"EstherArt","shop_zip":"6723","product_code":"4780704","product_name_old":null,"product_name":"Akvarell - (2021.)","category_string":"M\u0171v\u00e9szet, Festm\u00e9ny, Akvarell","technic_string":"Fest\u00e9szet","category_1":"357","category_2":"358","category_3":"360","category_4":"0","merged_category_1":null,"merged_category_2":null,"merged_category_3":null,"technic_1":"480","technic_2":"0","technic_3":"0","color_1":"791","color_2":"526","color_3":"529","product_description_old":null,"product_description":"Akvarell technik\u00e1val k\u00e9sz\u00fclt egyedi illusztr\u00e1ci\u00f3, k\u00e9zzel festett nem print.\nKedves aj\u00e1nd\u00e9k \u00f6tlet b\u00e1rkinek aki szeret egyedi, k\u00e9zzel k\u00e9sz\u00fclt aj\u00e1nd\u00e9kot adni, de ak\u00e1r az \u00f6n otthona d\u00edsze is lehet.\n\nKi\u00e1ll\u00edtva: 2025. Szeged, Bibliot\u00e9ka\n \nM\u00e9ret: 25*21 cm\nKiv\u00e1l\u00f3 min\u0151s\u00e9g\u0171 300 grammos akvarell kartonra k\u00e9sz\u00fclt. \nAz \u00e1r a k\u00e9pre vonatkozik (keret, paszpartu nincs hozz\u00e1).\n\nA post\u00e1z\u00e1st az \u00e1r tartalmazza. Gondosan csomagolva k\u00fcld\u00f6m, nem s\u00e9r\u00fcl. \nSzem\u00e9lyes \u00e1tv\u00e9tel Szegeden lehets\u00e9ges. \n\u00dczenetben egyeztetj\u00fck a r\u00e9szleteket, keressen b\u00e1tran! \nMinden jog fenntartva!","price":"6000.00","unit":"db","recommended":"0","status":"1","sponsored":"0","exp_notify":"0","own_material":"0","own_material_description_old":null,"own_material_description":"","jury":"0","jury_number":"","product_nature":"","meskaracsony":"0","create_date":"2026-09-02 13:01:41","shelve_id":"80135","image":"estherart_product_518552_220920203542_696963.jpeg","image_width":"480","image_height":"617","image_alt":"Akvarell - (2021.), Akvarell technik\u00e1val k\u00e9sz\u00fclt egyedi illusztr\u00e1ci\u00f3, k\u00e9zzel festett nem print.\\nKedves aj\u00e1nd\u00e9k \u00f6tlet b\u00e1r..., Meska","image_title":"Akvarell - (2021.), Meska","view_count":"1000","favourite_count":"0","trending_score":"0","last2MonthFavouriteCount":"0","promotion":"0","giftcard_accept":"0","creditcard_accept":true,"enhanced_background":"0","domain":"meska","specific_customer_id":null,"specific_customer_name":null,"to_order_product":"0","to_order_product_time":"0","product_different":null,"product_different_description":"","vintage":"0","vintage_category_id":"0","recycled":"0","gemstone_id":"0","customizable":"0","type_category":"physical","zerowaste":"0","postage_price":"1290.00","shop_order":"0","has_category":"1","landing_pages":null,"microdata":{"number":77,"category":""},"title":"Akvarell - (2021.)","description":"Akvarell technik\u00e1val k\u00e9sz\u00fclt egyedi illusztr\u00e1ci\u00f3, k\u00e9zzel festett nem print.\nKedves aj\u00e1nd\u00e9k \u00f6tlet b\u00e1rkinek aki szeret egyedi, k\u00e9zzel k\u00e9sz\u00fclt aj\u00e1nd\u00e9kot adni, de ak\u00e1r az \u00f6n otthona d\u00edsze is lehet.\n\nKi\u00e1ll\u00edtva: 2025. Szeged, Bibliot\u00e9ka\n \nM\u00e9ret: 25*21 cm\nKiv\u00e1l\u00f3 min\u0151s\u00e9g\u0171 300 grammos akvarell kartonra k\u00e9sz\u00fclt. \nAz \u00e1r a k\u00e9pre vonatkozik (keret, paszpartu nincs hozz\u00e1).\n\nA post\u00e1z\u00e1st az \u00e1r tartalmazza. Gondosan csomagolva k\u00fcld\u00f6m, nem s\u00e9r\u00fcl. \nSzem\u00e9lyes \u00e1tv\u00e9tel Szegeden lehets\u00e9ges. \n\u00dczenetben egyeztetj\u00fck a r\u00e9szleteket, keressen b\u00e1tran! \nMinden jog fenntartva!","score":0,"formatted_price":"6 000 Ft","image_url":"https:\/\/www.meska.hu\/img\/product\/small\/e\/s\/estherart_product_518552_220920203542_696963.jpeg","formatted_url":"https:\/\/www.meska.hu\/p4780704-akvarell-2021","favourite":false,"in_stock":true,"avatar":"518552_avatar_1723634647.jpeg","delete_from":0,"is_enhanced_background":false,"is_enhanced":false,"product_selection_started":false,"is_active":true,"image_webp_url":"https:\/\/www.meska.hu\/img\/product\/small\/e\/s\/estherart_product_518552_220920203542_696963.webp"},{"id":"4502393","shop_id":"38284","user_id":"518552","shop_name":"EstherArt","shop_zip":"6723","product_code":"4780672","product_name_old":null,"product_name":"Akvarell - (2021.)","category_string":"M\u0171v\u00e9szet, Festm\u00e9ny, Akvarell","technic_string":"Fest\u00e9szet","category_1":"357","category_2":"358","category_3":"360","category_4":"0","merged_category_1":null,"merged_category_2":null,"merged_category_3":null,"technic_1":"480","technic_2":"0","technic_3":"0","color_1":"520","color_2":"521","color_3":"522","product_description_old":null,"product_description":"Akvarell technik\u00e1val k\u00e9sz\u00fclt egyedi illusztr\u00e1ci\u00f3, k\u00e9zzel festett nem print.\nKedves aj\u00e1nd\u00e9k \u00f6tlet b\u00e1rkinek aki szeret egyedi, k\u00e9zzel k\u00e9sz\u00fclt aj\u00e1nd\u00e9kot adni, de ak\u00e1r az \u00f6n otthona d\u00edsze is lehet.\nKi\u00e1ll\u00edtva: 2023. Szeged, Bibliot\u00e9ka \n\n \nM\u00e9ret: A4 \nKiv\u00e1l\u00f3 min\u0151s\u00e9g\u0171 300 grammos akvarell kartonra k\u00e9sz\u00fclt. \nAz \u00e1r a k\u00e9pre vonatkozik (keret, paszpartu nincs hozz\u00e1).\n\nA post\u00e1z\u00e1st az \u00e1r nem tartalmazza. Gondosan csomagolva k\u00fcld\u00f6m, nem s\u00e9r\u00fcl. \nSzem\u00e9lyes \u00e1tv\u00e9tel Szegeden lehets\u00e9ges. \n\u00dczenetben egyeztetj\u00fck a r\u00e9szleteket, keressen b\u00e1tran! \nMinden jog fenntartva!","price":"9000.00","unit":"db","recommended":"0","status":"1","sponsored":"0","exp_notify":"0","own_material":"0","own_material_description_old":null,"own_material_description":"","jury":"0","jury_number":"","product_nature":"","meskaracsony":"0","create_date":"2026-09-02 13:01:39","shelve_id":"80135","image":"estherart_product_518552_220920192206_915135.jpeg","image_width":"480","image_height":"480","image_alt":"Akvarell - (2021.), Akvarell technik\u00e1val k\u00e9sz\u00fclt egyedi illusztr\u00e1ci\u00f3, k\u00e9zzel festett nem print.\\nKedves aj\u00e1nd\u00e9k \u00f6tlet b\u00e1r..., Meska","image_title":"Akvarell - (2021.), Meska","view_count":"1085","favourite_count":"0","trending_score":"0","last2MonthFavouriteCount":"0","promotion":"0","giftcard_accept":"0","creditcard_accept":true,"enhanced_background":"0","domain":"meska","specific_customer_id":null,"specific_customer_name":null,"to_order_product":"0","to_order_product_time":"0","product_different":null,"product_different_description":"","vintage":"0","vintage_category_id":"0","recycled":"0","gemstone_id":"0","customizable":"0","type_category":"physical","zerowaste":"0","postage_price":"1290.00","shop_order":"0","has_category":"1","landing_pages":null,"microdata":{"number":78,"category":""},"title":"Akvarell - (2021.)","description":"Akvarell technik\u00e1val k\u00e9sz\u00fclt egyedi illusztr\u00e1ci\u00f3, k\u00e9zzel festett nem print.\nKedves aj\u00e1nd\u00e9k \u00f6tlet b\u00e1rkinek aki szeret egyedi, k\u00e9zzel k\u00e9sz\u00fclt aj\u00e1nd\u00e9kot adni, de ak\u00e1r az \u00f6n otthona d\u00edsze is lehet.\nKi\u00e1ll\u00edtva: 2023. Szeged, Bibliot\u00e9ka \n\n \nM\u00e9ret: A4 \nKiv\u00e1l\u00f3 min\u0151s\u00e9g\u0171 300 grammos akvarell kartonra k\u00e9sz\u00fclt. \nAz \u00e1r a k\u00e9pre vonatkozik (keret, paszpartu nincs hozz\u00e1).\n\nA post\u00e1z\u00e1st az \u00e1r nem tartalmazza. Gondosan csomagolva k\u00fcld\u00f6m, nem s\u00e9r\u00fcl. \nSzem\u00e9lyes \u00e1tv\u00e9tel Szegeden lehets\u00e9ges. \n\u00dczenetben egyeztetj\u00fck a r\u00e9szleteket, keressen b\u00e1tran! \nMinden jog fenntartva!","score":0,"formatted_price":"9 000 Ft","image_url":"https:\/\/www.meska.hu\/img\/product\/small\/e\/s\/estherart_product_518552_220920192206_915135.jpeg","formatted_url":"https:\/\/www.meska.hu\/p4780672-akvarell-2021","favourite":false,"in_stock":true,"avatar":"518552_avatar_1723634647.jpeg","delete_from":0,"is_enhanced_background":false,"is_enhanced":false,"product_selection_started":false,"is_active":true,"image_webp_url":"https:\/\/www.meska.hu\/img\/product\/small\/e\/s\/estherart_product_518552_220920192206_915135.webp"},{"id":"6203177","shop_id":"49708","user_id":"735076","shop_name":"Chromorart","shop_zip":"1119","product_code":"5780345","product_name_old":null,"product_name":"V\u00e1ltoz\u00e1s","category_string":"M\u0171v\u00e9szet, Festm\u00e9ny, Akril","technic_string":"Fest\u00e9szet","category_1":"357","category_2":"358","category_3":"359","category_4":"0","merged_category_1":null,"merged_category_2":null,"merged_category_3":null,"technic_1":"480","technic_2":"0","technic_3":"0","color_1":"530","color_2":"521","color_3":"526","product_description_old":null,"product_description":"\u00c1lland\u00f3 mozg\u00e1s a v\u00e1sznon.\nSemmi sem marad ugyanaz. A s\u0171r\u0171 text\u00far\u00e1k \u00e9s az egym\u00e1sba hatol\u00f3 sz\u00ednek a pillanat t\u00f6r\u00e9kenys\u00e9g\u00e9t \u00e9s az \u00e1talakul\u00e1s erej\u00e9t ragadj\u00e1k meg. Egy festm\u00e9ny, amely eml\u00e9keztet: minden v\u00e9g valami \u00faj kezdete.\nA V\u00e1ltoz\u00e1s nem csup\u00e1n egy festm\u00e9ny, hanem egy vizu\u00e1lis napl\u00f3 az \u00e9let meg\u00e1ll\u00edthatatlan sodr\u00e1s\u00e1r\u00f3l. A s\u0171r\u0171n bar\u00e1zd\u00e1lt, karcos text\u00far\u00e1k a meg\u00e9lt tapasztalatok m\u00e9ly nyomait hordozz\u00e1k, mik\u00f6zben a felsz\u00ednen a pirosas narancs meleg t\u00f3nusai, a s\u00e1rga f\u00e9nyei \u00e9s a m\u00e9ly k\u00e9kek fon\u00f3dnak \u00f6ssze. Ez az alkot\u00e1s a rendezett k\u00e1osz \u00e9s az \u00faj egyens\u00faly keres\u00e9s\u00e9nek hat\u00e1rvonal\u00e1n egyens\u00falyoz. \n40x50 cm, akrilfestm\u00e9ny, v\u00e1szon (tekercsben). A fot\u00f3n l\u00e1that\u00f3 keret csak dekor\u00e1ci\u00f3, inspir\u00e1ci\u00f3 az elhelyez\u00e9shez.\n","price":"19350.00","unit":"db","recommended":"0","status":"1","sponsored":"0","exp_notify":"0","own_material":"0","own_material_description_old":null,"own_material_description":"","jury":"0","jury_number":"","product_nature":"","meskaracsony":"0","create_date":"2026-09-02 12:46:32","shelve_id":"84181","image":"chromorart_product_735076_260505123457_093889.jpeg","image_width":"480","image_height":"385","image_alt":"V\u00e1ltoz\u00e1s, \u00c1lland\u00f3 mozg\u00e1s a v\u00e1sznon.\\nSemmi sem marad ugyanaz. A s\u0171r\u0171 text\u00far\u00e1k \u00e9s az egym\u00e1sba hatol\u00f3 sz\u00ednek a pi..., Meska","image_title":"V\u00e1ltoz\u00e1s, Meska","view_count":"129","favourite_count":"0","trending_score":"0","last2MonthFavouriteCount":"0","promotion":"0","giftcard_accept":"0","creditcard_accept":true,"enhanced_background":"0","domain":"meska","specific_customer_id":null,"specific_customer_name":null,"to_order_product":"0","to_order_product_time":"0","product_different":null,"product_different_description":"","vintage":"0","vintage_category_id":"0","recycled":"0","gemstone_id":"0","customizable":"0","type_category":"physical","zerowaste":"0","postage_price":"2599.00","shop_order":"0","has_category":"1","landing_pages":null,"microdata":{"number":79,"category":""},"title":"V\u00e1ltoz\u00e1s","description":"\u00c1lland\u00f3 mozg\u00e1s a v\u00e1sznon.\nSemmi sem marad ugyanaz. A s\u0171r\u0171 text\u00far\u00e1k \u00e9s az egym\u00e1sba hatol\u00f3 sz\u00ednek a pillanat t\u00f6r\u00e9kenys\u00e9g\u00e9t \u00e9s az \u00e1talakul\u00e1s erej\u00e9t ragadj\u00e1k meg. Egy festm\u00e9ny, amely eml\u00e9keztet: minden v\u00e9g valami \u00faj kezdete.\nA V\u00e1ltoz\u00e1s nem csup\u00e1n egy festm\u00e9ny, hanem egy vizu\u00e1lis napl\u00f3 az \u00e9let meg\u00e1ll\u00edthatatlan sodr\u00e1s\u00e1r\u00f3l. A s\u0171r\u0171n bar\u00e1zd\u00e1lt, karcos text\u00far\u00e1k a meg\u00e9lt tapasztalatok m\u00e9ly nyomait hordozz\u00e1k, mik\u00f6zben a felsz\u00ednen a pirosas narancs meleg t\u00f3nusai, a s\u00e1rga f\u00e9nyei \u00e9s a m\u00e9ly k\u00e9kek fon\u00f3dnak \u00f6ssze. Ez az alkot\u00e1s a rendezett k\u00e1osz \u00e9s az \u00faj egyens\u00faly keres\u00e9s\u00e9nek hat\u00e1rvonal\u00e1n egyens\u00falyoz. \n40x50 cm, akrilfestm\u00e9ny, v\u00e1szon (tekercsben). A fot\u00f3n l\u00e1that\u00f3 keret csak dekor\u00e1ci\u00f3, inspir\u00e1ci\u00f3 az elhelyez\u00e9shez.\n","score":0,"formatted_price":"19 350 Ft","image_url":"https:\/\/www.meska.hu\/img\/product\/small\/c\/h\/chromorart_product_735076_260505123457_093889.jpeg","formatted_url":"https:\/\/www.meska.hu\/p5780345-valtozas","favourite":false,"in_stock":true,"avatar":"735076_avatar_1771954232.jpeg","delete_from":0,"is_enhanced_background":false,"is_enhanced":false,"product_selection_started":false,"is_active":true,"image_webp_url":"https:\/\/www.meska.hu\/img\/product\/small\/c\/h\/chromorart_product_735076_260505123457_093889.webp"},{"id":"6352018","shop_id":"21890","user_id":"233361","shop_name":"MolnARTIlcsi","shop_zip":"2071","product_code":"5864187","product_name_old":null,"product_name":"Sz\u00ednes Afrika sorozat - Sarjad ","category_string":"M\u0171v\u00e9szet, Festm\u00e9ny, Akvarell","technic_string":"Fest\u00e9szet","category_1":"357","category_2":"358","category_3":"360","category_4":"0","merged_category_1":null,"merged_category_2":null,"merged_category_3":null,"technic_1":"480","technic_2":"0","technic_3":"0","color_1":"519","color_2":"520","color_3":"523","product_description_old":null,"product_description":"20x30 cm- es , 190g\/m2 -es akvarell lapon akvarell\/ marker \/sz\u00ednesceruza \/ olajpasztel ceruza  m\u00e9diumokkal k\u00e9zzel rajzolva ill. festve  .\nPortr\u00e9, hangulatk\u00e9p,  k\u00fcl\u00f6nleges darab. \n\n ( A random fot\u00f3n l\u00e1thatod a rajzlapt\u00e1bl\u00e1mon a sz\u00e1rad\u00f3 fest\u00e9st, k\u00f6telez\u0151 ilyen fot\u00f3kat k\u00e9sz\u00edteni, az AI k\u00e9pek terjed\u00e9se miatt. B\u00e1r m\u00e1r l\u00e1ttam AI kre\u00e1lm\u00e1myt, ahol a random fot\u00f3 is AI !:(  ) \n\nSzem\u00e9lyes \u00e1tv\u00e9tel P\u00e1tyon \u00e9s Budapest XII. ker\u00fcletben, illetve a k\u00f6rny\u00e9ken, egy\u00e9bk\u00e9nt post\u00e1zom.\nA k\u00e9p keretez\u00e9st ig\u00e9nyel, amit az \u00faj tuljdonos\u00e1nak \u00edzl\u00e9s\u00e9re b\u00edzok :) \n\n\n\n\n\nMIEL\u0150TT KOS\u00c1RBA TESZED, \u00cdRJ \u00dcZIT ! LEHET, HOGY M\u00c1R A VAL\u00d3 VIL\u00c1GBAN A PICI GAL\u00c9RI\u00c1MBAN  ELKELT, \u00c9S AZ \u00c1TFED\u00c9S CSAK P\u00c1R \u00d3RA... BESZ\u00c9LJ\u00dcNK, MIEL\u0150TT MEGV\u00c1S\u00c1ROLOD ! \n","price":"40000.00","unit":"db","recommended":"0","status":"1","sponsored":"0","exp_notify":"0","own_material":"0","own_material_description_old":null,"own_material_description":"","jury":"0","jury_number":"","product_nature":"","meskaracsony":"0","create_date":"2026-09-02 11:31:17","shelve_id":"0","image":"molnartilcsi_product_233361_260902112849_684598.jpeg","image_width":"480","image_height":"446","image_alt":"Sz\u00ednes Afrika sorozat - Sarjad , 20x30 cm- es , 190g\/m2 -es akvarell lapon akvarell\/ marker \/sz\u00ednesceruza \/ olajpasztel ceruza  m\u00e9diu..., Meska","image_title":"Sz\u00ednes Afrika sorozat - Sarjad , Meska","view_count":"17","favourite_count":"0","trending_score":"0","last2MonthFavouriteCount":"0","promotion":"0","giftcard_accept":"0","creditcard_accept":false,"enhanced_background":"0","domain":"meska","specific_customer_id":null,"specific_customer_name":null,"to_order_product":"0","to_order_product_time":"0","product_different":null,"product_different_description":"","vintage":"0","vintage_category_id":"0","recycled":"0","gemstone_id":"0","customizable":"0","type_category":"physical","zerowaste":"0","postage_price":"2000.00","shop_order":"1","has_category":"1","landing_pages":null,"microdata":{"number":80,"category":""},"title":"Sz\u00ednes Afrika sorozat - Sarjad ","description":"20x30 cm- es , 190g\/m2 -es akvarell lapon akvarell\/ marker \/sz\u00ednesceruza \/ olajpasztel ceruza  m\u00e9diumokkal k\u00e9zzel rajzolva ill. festve  .\nPortr\u00e9, hangulatk\u00e9p,  k\u00fcl\u00f6nleges darab. \n\n ( A random fot\u00f3n l\u00e1thatod a rajzlapt\u00e1bl\u00e1mon a sz\u00e1rad\u00f3 fest\u00e9st, k\u00f6telez\u0151 ilyen fot\u00f3kat k\u00e9sz\u00edteni, az AI k\u00e9pek terjed\u00e9se miatt. B\u00e1r m\u00e1r l\u00e1ttam AI kre\u00e1lm\u00e1myt, ahol a random fot\u00f3 is AI !:(  ) \n\nSzem\u00e9lyes \u00e1tv\u00e9tel P\u00e1tyon \u00e9s Budapest XII. ker\u00fcletben, illetve a k\u00f6rny\u00e9ken, egy\u00e9bk\u00e9nt post\u00e1zom.\nA k\u00e9p keretez\u00e9st ig\u00e9nyel, amit az \u00faj tuljdonos\u00e1nak \u00edzl\u00e9s\u00e9re b\u00edzok :) \n\n\n\n\n\nMIEL\u0150TT KOS\u00c1RBA TESZED, \u00cdRJ \u00dcZIT ! LEHET, HOGY M\u00c1R A VAL\u00d3 VIL\u00c1GBAN A PICI GAL\u00c9RI\u00c1MBAN  ELKELT, \u00c9S AZ \u00c1TFED\u00c9S CSAK P\u00c1R \u00d3RA... BESZ\u00c9LJ\u00dcNK, MIEL\u0150TT MEGV\u00c1S\u00c1ROLOD ! \n","score":0,"formatted_price":"40 000 Ft","image_url":"https:\/\/www.meska.hu\/img\/product\/small\/m\/o\/molnartilcsi_product_233361_260902112849_684598.jpeg","formatted_url":"https:\/\/www.meska.hu\/p5864187-szines-afrika-sorozat-sarjad","favourite":false,"in_stock":true,"avatar":"MolnARTIlcsi_avatar_233361_1657524590.jpg","delete_from":0,"is_enhanced_background":false,"is_enhanced":false,"product_selection_started":false,"is_active":true,"image_webp_url":"https:\/\/www.meska.hu\/img\/product\/small\/m\/o\/molnartilcsi_product_233361_260902112849_684598.webp"},{"id":"6351994","shop_id":"49899","user_id":"219493","shop_name":"HavArt","shop_zip":"2049","product_code":"5864181","product_name_old":null,"product_name":"'L\u00e9lekfrekvencia' - Akril festm\u00e9ny fesz\u00edtett v\u00e1sznon","category_string":"M\u0171v\u00e9szet, Festm\u00e9ny, Akril","technic_string":"","category_1":"357","category_2":"358","category_3":"359","category_4":"0","merged_category_1":null,"merged_category_2":null,"merged_category_3":null,"technic_1":"0","technic_2":"0","technic_3":"0","color_1":"512","color_2":"519","color_3":"520","product_description_old":null,"product_description":"A l\u00e9leknek nincs l\u00e1that\u00f3 hangja.\n\u00c9n sz\u00ednekben pr\u00f3b\u00e1lom megmutatni.\nA L\u00e9lekfrekvencia minden darabja ugyanazt a rezg\u00e9st hordozza, m\u00e9gis mindegyik m\u00e1s. Ahogyan nincs k\u00e9t egyforma ember, nincs k\u00e9t egyforma l\u00e9lek sem.\nMinden sz\u00edn egy \u00e9rz\u00e9s.\nMinden vonal egy t\u00f6rt\u00e9net.\nMinden festm\u00e9ny egy m\u00e1sik l\u00e9lek frekvenci\u00e1ja.\n\nMegrendel\u00e9sre k\u00e9sz\u00fclnek a festm\u00e9nyek. \n100cm \u00d7 50 cm\n100cm \u00d7 40 cm\n120cm \u00d7 40 cm \nM\u00e9retben k\u00e9rhet\u0151. \nJelenleg kb 1 h\u00f3napos elk\u00e9sz\u00edt\u00e9si id\u0151vel kell sz\u00e1molni a megrendel\u00e9sek sz\u00e1ma miatt. Ezt k\u00e9rlek kalkul\u00e1ld bele. \n\n\n","price":"68000.00","unit":"db","recommended":"0","status":"1","sponsored":"0","exp_notify":"0","own_material":"0","own_material_description_old":null,"own_material_description":"","jury":"0","jury_number":"","product_nature":"","meskaracsony":"0","create_date":"2026-09-02 11:10:30","shelve_id":"0","image":"havart_product_219493_260902104649_146312.png","image_width":"480","image_height":"300","image_alt":"\\'L\u00e9lekfrekvencia\\' - Akril festm\u00e9ny fesz\u00edtett v\u00e1sznon, A l\u00e9leknek nincs l\u00e1that\u00f3 hangja.\\n\u00c9n sz\u00ednekben pr\u00f3b\u00e1lom megmutatni.\\nA L\u00e9lekfrekvencia minden darabja ..., Meska","image_title":"\\'L\u00e9lekfrekvencia\\' - Akril festm\u00e9ny fesz\u00edtett v\u00e1sznon, Meska","view_count":"8","favourite_count":"0","trending_score":"0","last2MonthFavouriteCount":"0","promotion":"0","giftcard_accept":"0","creditcard_accept":false,"enhanced_background":"0","domain":"meska","specific_customer_id":null,"specific_customer_name":null,"to_order_product":"1","to_order_product_time":"30","product_different":null,"product_different_description":"","vintage":"0","vintage_category_id":"0","recycled":"0","gemstone_id":"0","customizable":"1","type_category":"physical","zerowaste":"0","postage_price":"2599.00","shop_order":"0","has_category":"1","landing_pages":null,"microdata":{"number":81,"category":""},"title":"'L\u00e9lekfrekvencia' - Akril festm\u00e9ny fesz\u00edtett v\u00e1sznon","description":"A l\u00e9leknek nincs l\u00e1that\u00f3 hangja.\n\u00c9n sz\u00ednekben pr\u00f3b\u00e1lom megmutatni.\nA L\u00e9lekfrekvencia minden darabja ugyanazt a rezg\u00e9st hordozza, m\u00e9gis mindegyik m\u00e1s. Ahogyan nincs k\u00e9t egyforma ember, nincs k\u00e9t egyforma l\u00e9lek sem.\nMinden sz\u00edn egy \u00e9rz\u00e9s.\nMinden vonal egy t\u00f6rt\u00e9net.\nMinden festm\u00e9ny egy m\u00e1sik l\u00e9lek frekvenci\u00e1ja.\n\nMegrendel\u00e9sre k\u00e9sz\u00fclnek a festm\u00e9nyek. \n100cm \u00d7 50 cm\n100cm \u00d7 40 cm\n120cm \u00d7 40 cm \nM\u00e9retben k\u00e9rhet\u0151. \nJelenleg kb 1 h\u00f3napos elk\u00e9sz\u00edt\u00e9si id\u0151vel kell sz\u00e1molni a megrendel\u00e9sek sz\u00e1ma miatt. Ezt k\u00e9rlek kalkul\u00e1ld bele. \n\n\n","score":0,"formatted_price":"68 000 Ft","image_url":"https:\/\/www.meska.hu\/img\/product\/small\/h\/a\/havart_product_219493_260902104649_146312.png","formatted_url":"https:\/\/www.meska.hu\/p5864181-lelekfrekvencia-akril-festmeny-feszitett-vasznon","favourite":false,"in_stock":false,"avatar":"219493_avatar_1755973253.jpeg","delete_from":0,"is_enhanced_background":false,"is_enhanced":false,"product_selection_started":false,"is_active":true,"image_webp_url":"https:\/\/www.meska.hu\/img\/product\/small\/h\/a\/havart_product_219493_260902104649_146312.webp"},{"id":"5226318","shop_id":"24637","user_id":"282350","shop_name":"artizmoksa","shop_zip":"1142","product_code":"5219810","product_name_old":null,"product_name":"\u00c9bred\u00e9s - S\u00e1rga Tulip\u00e1n - 50x60cm - absztrakt festm\u00e9ny - z\u00f6ld, s\u00e1rga, fekete sz\u00ednben","category_string":"M\u0171v\u00e9szet, Festm\u00e9ny, Festm\u00e9ny vegyes technika","technic_string":"Fest\u00e9szet","category_1":"357","category_2":"358","category_3":"363","category_4":"0","merged_category_1":null,"merged_category_2":null,"merged_category_3":null,"technic_1":"480","technic_2":"0","technic_3":"0","color_1":"520","color_2":"526","color_3":"529","product_description_old":null,"product_description":"Szem\u00e9lyesen \u00e1tvehet\u0151 ak\u00e1r 1 munkanap alatt Budapesten.\nSz\u00e1ll\u00edt\u00e1s GLS fut\u00e1rral lehets\u00e9ges. Megv\u00e1s\u00e1rl\u00e1st\u00f3l sz\u00e1m\u00edtott 3-4. nap v\u00e1rhat\u00f3 a fut\u00e1r \u00e9rkez\u00e9se.\n\nK\u00e9p m\u00e9rete: 50x60cm\nA festm\u00e9ny a k\u00e9p k\u00f6zep\u00e9n\u00e9l tal\u00e1lhat\u00f3 r\u00f3zsasz\u00edn vir\u00e1got \u00e1br\u00e1zol\u00f3 yemen-i lentikul\u00e1ris b\u00e9lyegb\u0151l \u00e9s a f\u00e1b\u00f3l k\u00e9sz\u00fclt s\u00e1rga tulip\u00e1nb\u00f3l inspir\u00e1l\u00f3dott. Z\u00f6ld, s\u00e1rga \u00e9s s\u00f6t\u00e9t f\u00f6ld sz\u00ednekb\u0151l tev\u0151dik \u00f6ssze az alkot\u00e1s. A k\u00e9pre m\u00e9g s\u00e1rga szalagok lettek felhelyezve, mely egys\u00e9get alkot a k\u00f6r\u00fcl\u00f6tte l\u00e9v\u0151 sz\u00ednekkel \u00e9s elemekkel. Eredetileg \u00c9bred\u00e9s c\u00edmet visel az alkot\u00e1s, melyben el\u0151t\u0171nik a bizalomd\u00fas s\u00e1rg\u00e1s naf\u00e9nyes \u00e1rnyalat, mely gy\u0151z a s\u00f6t\u00e9ts\u00e9g felett. A vir\u00e1gok ezt az optimizmust er\u0151s\u00edtik.\n\nK\u00e9rd\u00e9s eset\u00e9n keressen bizalommal! Amint tudok v\u00e1laszolok sz\u00edvesen!\n\n\u00dcdv\u00f6zlettel,\nZita,\ngrafikus \u00e9s k\u00e9pz\u0151m\u0171v\u00e9sz\nBalatonok \/ Absztrakt festm\u00e9nyek \/ Boldog Szervek alkot\u00f3ja","price":"129900.00","unit":"db","recommended":"0","status":"1","sponsored":"0","exp_notify":"0","own_material":"0","own_material_description_old":null,"own_material_description":"","jury":"0","jury_number":"","product_nature":"","meskaracsony":"0","create_date":"2026-09-02 10:39:36","shelve_id":"60184","image":"artizmoksa_product_282350_240215152641_842327.jpeg","image_width":"480","image_height":"480","image_alt":"\u00c9bred\u00e9s - S\u00e1rga Tulip\u00e1n - 50x60cm - absztrakt festm\u00e9ny - z\u00f6ld, s\u00e1rga, fekete sz\u00ednben, Szem\u00e9lyesen \u00e1tvehet\u0151 ak\u00e1r 1 munkanap alatt Budapesten.\\nSz\u00e1ll\u00edt\u00e1s GLS fut\u00e1rral lehets\u00e9ges. Megv\u00e1s\u00e1rl\u00e1..., Meska","image_title":"\u00c9bred\u00e9s - S\u00e1rga Tulip\u00e1n - 50x60cm - absztrakt festm\u00e9ny - z\u00f6ld, s\u00e1rga, fekete sz\u00ednben, Meska","view_count":"723","favourite_count":"0","trending_score":"0","last2MonthFavouriteCount":"0","promotion":"0","giftcard_accept":"0","creditcard_accept":true,"enhanced_background":"0","domain":"meska","specific_customer_id":null,"specific_customer_name":null,"to_order_product":"0","to_order_product_time":"0","product_different":null,"product_different_description":"","vintage":"0","vintage_category_id":"0","recycled":"0","gemstone_id":"0","customizable":"0","type_category":"physical","zerowaste":"0","postage_price":"2599.00","shop_order":"0","has_category":"1","landing_pages":null,"microdata":{"number":82,"category":""},"title":"\u00c9bred\u00e9s - S\u00e1rga Tulip\u00e1n - 50x60cm - absztrakt festm\u00e9ny - z\u00f6ld, s\u00e1rga, fekete sz\u00ednben","description":"Szem\u00e9lyesen \u00e1tvehet\u0151 ak\u00e1r 1 munkanap alatt Budapesten.\nSz\u00e1ll\u00edt\u00e1s GLS fut\u00e1rral lehets\u00e9ges. Megv\u00e1s\u00e1rl\u00e1st\u00f3l sz\u00e1m\u00edtott 3-4. nap v\u00e1rhat\u00f3 a fut\u00e1r \u00e9rkez\u00e9se.\n\nK\u00e9p m\u00e9rete: 50x60cm\nA festm\u00e9ny a k\u00e9p k\u00f6zep\u00e9n\u00e9l tal\u00e1lhat\u00f3 r\u00f3zsasz\u00edn vir\u00e1got \u00e1br\u00e1zol\u00f3 yemen-i lentikul\u00e1ris b\u00e9lyegb\u0151l \u00e9s a f\u00e1b\u00f3l k\u00e9sz\u00fclt s\u00e1rga tulip\u00e1nb\u00f3l inspir\u00e1l\u00f3dott. Z\u00f6ld, s\u00e1rga \u00e9s s\u00f6t\u00e9t f\u00f6ld sz\u00ednekb\u0151l tev\u0151dik \u00f6ssze az alkot\u00e1s. A k\u00e9pre m\u00e9g s\u00e1rga szalagok lettek felhelyezve, mely egys\u00e9get alkot a k\u00f6r\u00fcl\u00f6tte l\u00e9v\u0151 sz\u00ednekkel \u00e9s elemekkel. Eredetileg \u00c9bred\u00e9s c\u00edmet visel az alkot\u00e1s, melyben el\u0151t\u0171nik a bizalomd\u00fas s\u00e1rg\u00e1s naf\u00e9nyes \u00e1rnyalat, mely gy\u0151z a s\u00f6t\u00e9ts\u00e9g felett. A vir\u00e1gok ezt az optimizmust er\u0151s\u00edtik.\n\nK\u00e9rd\u00e9s eset\u00e9n keressen bizalommal! Amint tudok v\u00e1laszolok sz\u00edvesen!\n\n\u00dcdv\u00f6zlettel,\nZita,\ngrafikus \u00e9s k\u00e9pz\u0151m\u0171v\u00e9sz\nBalatonok \/ Absztrakt festm\u00e9nyek \/ Boldog Szervek alkot\u00f3ja","score":0,"formatted_price":"129 900 Ft","image_url":"https:\/\/www.meska.hu\/img\/product\/small\/a\/r\/artizmoksa_product_282350_240215152641_842327.jpeg","formatted_url":"https:\/\/www.meska.hu\/p5219810-sarga-tulipan-50x60cm-absztrakt-festmeny-zold-sarga-fekete-szinben","favourite":false,"in_stock":true,"avatar":"artizmoksa_avatar_282350_1650899592.jpg","delete_from":0,"is_enhanced_background":false,"is_enhanced":false,"product_selection_started":false,"is_active":true,"image_webp_url":"https:\/\/www.meska.hu\/img\/product\/small\/a\/r\/artizmoksa_product_282350_240215152641_842327.webp"},{"id":"5179485","shop_id":"24637","user_id":"282350","shop_name":"artizmoksa","shop_zip":"1142","product_code":"5185462","product_name_old":null,"product_name":"Az\u00fark\u00e9k Balaton \/ (1m\u00e9ter) 100 x 50 cm \/ v\u00e1szonk\u00e9p, festm\u00e9ny","category_string":"M\u0171v\u00e9szet, Festm\u00e9ny, Festm\u00e9ny vegyes technika","technic_string":"Fest\u00e9szet","category_1":"357","category_2":"358","category_3":"363","category_4":"0","merged_category_1":null,"merged_category_2":null,"merged_category_3":null,"technic_1":"480","technic_2":"0","technic_3":"0","color_1":"518","color_2":"521","color_3":"0","product_description_old":null,"product_description":"Balaton sziluettj\u00e9r\u0151l k\u00e9sz\u00fclt az\u00fark\u00e9k \u00e9s ez\u00fcst\u00f6s k\u00e9p.\nA v\u00e1szonk\u00e9p met\u00e1l hat\u00e1s\u00fa akril fest\u00e9kekkel k\u00e9sz\u00fclt, \u00edgy k\u00fcl\u00f6nb\u00f6z\u0151 f\u00e9nyviszonyok hat\u00e1s\u00e1ra k\u00fcl\u00f6nb\u00f6z\u0151k\u00e9ppen \"csillog\". Kont\u00farfest\u00e9kkel keretezett a balaton ez\u00fcst\u00f6s sziluettje.\nA k\u00e9p \u00e1ttetsz\u0151 lakkal van lefedve, az oldal\u00e1n is.\n\nM\u00e9ret: (1 m\u00e9ter) 100 cm x 50 cm\n\nAnyag:\n- v\u00e1szon\n- h\u00e1tt\u00e9r: met\u00e1los-k\u00e9k fest\u00e9kpaszta\n- Balaton: ez\u00fcst\u00f6s stencilfest\u00e9k\n- k\u00f6rvonal: k\u00e9k kont\u00farfest\u00e9k\n\nPost\u00e1z\u00e1s 1-2 munkanap alatt. \nSzem\u00e9lyes \u00e1tv\u00e9tel kedvenc helye: Zugl\u00f3 vas\u00fat\u00e1llom\u00e1shoz k\u00f6zeli iroda ajtaja, vagy F\u0171v\u00e9sz kert mellett.\n\nVan lehet\u0151s\u00e9g kedvenc nyaral\u00f3hely(eket) megjel\u00f6l\u00e9s\u00e9t k\u00e9rni a k\u00e9pre. Ez esetben keressen bizalommal itt \u00fczenetben, illetve v\u00e1s\u00e1rl\u00e1skor \u00edrja meg megjegyz\u00e9sbe a k\u00edv\u00e1nt helyis\u00e9g neve(ke)t! ( Egy plusz ez\u00fcst\u00f6s p\u00f6ttyel, vagy elemmel, bizsuval fogom r\u00e1helyezni)\n\nAl\u00e1\u00edr\u00e1s a k\u00e9p m\u00f6g\u00f6tt tal\u00e1lhat\u00f3.\n","price":"79999.00","unit":"db","recommended":"0","status":"1","sponsored":"0","exp_notify":"0","own_material":"0","own_material_description_old":null,"own_material_description":"","jury":"0","jury_number":"","product_nature":"","meskaracsony":"0","create_date":"2026-09-02 10:39:33","shelve_id":"65689","image":"artizmoksa_product_282350_240117132344_21260.jpeg","image_width":"480","image_height":"480","image_alt":"Az\u00fark\u00e9k Balaton \/ (1m\u00e9ter) 100 x 50 cm \/ v\u00e1szonk\u00e9p, festm\u00e9ny, Balaton sziluettj\u00e9r\u0151l k\u00e9sz\u00fclt az\u00fark\u00e9k \u00e9s ez\u00fcst\u00f6s k\u00e9p.\\nA v\u00e1szonk\u00e9p met\u00e1l hat\u00e1s\u00fa akril fest\u00e9kekkel k\u00e9s..., Meska","image_title":"Az\u00fark\u00e9k Balaton \/ (1m\u00e9ter) 100 x 50 cm \/ v\u00e1szonk\u00e9p, festm\u00e9ny, Meska","view_count":"1004","favourite_count":"0","trending_score":"0","last2MonthFavouriteCount":"0","promotion":"0","giftcard_accept":"0","creditcard_accept":true,"enhanced_background":"0","domain":"meska","specific_customer_id":null,"specific_customer_name":null,"to_order_product":"0","to_order_product_time":"0","product_different":null,"product_different_description":"","vintage":"0","vintage_category_id":"0","recycled":"0","gemstone_id":"0","customizable":"1","type_category":"physical","zerowaste":"0","postage_price":"2599.00","shop_order":"0","has_category":"1","landing_pages":null,"microdata":{"number":83,"category":""},"title":"Az\u00fark\u00e9k Balaton \/ (1m\u00e9ter) 100 x 50 cm \/ v\u00e1szonk\u00e9p, festm\u00e9ny","description":"Balaton sziluettj\u00e9r\u0151l k\u00e9sz\u00fclt az\u00fark\u00e9k \u00e9s ez\u00fcst\u00f6s k\u00e9p.\nA v\u00e1szonk\u00e9p met\u00e1l hat\u00e1s\u00fa akril fest\u00e9kekkel k\u00e9sz\u00fclt, \u00edgy k\u00fcl\u00f6nb\u00f6z\u0151 f\u00e9nyviszonyok hat\u00e1s\u00e1ra k\u00fcl\u00f6nb\u00f6z\u0151k\u00e9ppen \"csillog\". Kont\u00farfest\u00e9kkel keretezett a balaton ez\u00fcst\u00f6s sziluettje.\nA k\u00e9p \u00e1ttetsz\u0151 lakkal van lefedve, az oldal\u00e1n is.\n\nM\u00e9ret: (1 m\u00e9ter) 100 cm x 50 cm\n\nAnyag:\n- v\u00e1szon\n- h\u00e1tt\u00e9r: met\u00e1los-k\u00e9k fest\u00e9kpaszta\n- Balaton: ez\u00fcst\u00f6s stencilfest\u00e9k\n- k\u00f6rvonal: k\u00e9k kont\u00farfest\u00e9k\n\nPost\u00e1z\u00e1s 1-2 munkanap alatt. \nSzem\u00e9lyes \u00e1tv\u00e9tel kedvenc helye: Zugl\u00f3 vas\u00fat\u00e1llom\u00e1shoz k\u00f6zeli iroda ajtaja, vagy F\u0171v\u00e9sz kert mellett.\n\nVan lehet\u0151s\u00e9g kedvenc nyaral\u00f3hely(eket) megjel\u00f6l\u00e9s\u00e9t k\u00e9rni a k\u00e9pre. Ez esetben keressen bizalommal itt \u00fczenetben, illetve v\u00e1s\u00e1rl\u00e1skor \u00edrja meg megjegyz\u00e9sbe a k\u00edv\u00e1nt helyis\u00e9g neve(ke)t! ( Egy plusz ez\u00fcst\u00f6s p\u00f6ttyel, vagy elemmel, bizsuval fogom r\u00e1helyezni)\n\nAl\u00e1\u00edr\u00e1s a k\u00e9p m\u00f6g\u00f6tt tal\u00e1lhat\u00f3.\n","score":0,"formatted_price":"79 999 Ft","image_url":"https:\/\/www.meska.hu\/img\/product\/small\/a\/r\/artizmoksa_product_282350_240117132344_21260.jpeg","formatted_url":"https:\/\/www.meska.hu\/p5185462-azurkek-balaton-1meter-100-x-50-cm-dekoracio-festmeny","favourite":false,"in_stock":true,"avatar":"artizmoksa_avatar_282350_1650899592.jpg","delete_from":0,"is_enhanced_background":false,"is_enhanced":false,"product_selection_started":false,"is_active":true,"image_webp_url":"https:\/\/www.meska.hu\/img\/product\/small\/a\/r\/artizmoksa_product_282350_240117132344_21260.webp"},{"id":"1922669","shop_id":"24637","user_id":"282350","shop_name":"artizmoksa","shop_zip":"1142","product_code":"3099259","product_name_old":null,"product_name":"Keretezett absztrakt festm\u00e9ny, nyugodt hangulat\u00fa - S\u00e1rga Vir\u00e1ggal","category_string":"M\u0171v\u00e9szet, Festm\u00e9ny, Festm\u00e9ny vegyes technika","technic_string":"Fest\u00e9szet","category_1":"357","category_2":"358","category_3":"363","category_4":"0","merged_category_1":null,"merged_category_2":null,"merged_category_3":null,"technic_1":"480","technic_2":"0","technic_3":"0","color_1":"519","color_2":"521","color_3":"528","product_description_old":null,"product_description":"Egyedi, saj\u00e1t k\u00e9sz\u00edt\u00e9s\u0171 festm\u00e9nyem keresi \u00faj lakhely\u00e9t \u00e9s lelkes gazd\u00e1j\u00e1t!\n\nA k\u00e9p sz\u00fcrkelemezre k\u00e9sz\u00fclt, feh\u00e9r akrilfest\u00e9k alapon, arany sz\u00f3r\u00f3fest\u00e9k \u00e9s egy\u00e9b akril- \u00e9s kont\u00farfest\u00e9k sz\u00ednekkel gazdagodott. A k\u00e9p k\u00f6zep\u00e9nek sugar\u00e1ba ker\u00fclt egy aranys\u00e1rga vir\u00e1g bizsu, melynek sz\u00e1momra eszmei \u00e9rt\u00e9ke van, \u00edgy ez adta az eg\u00e9sz k\u00e9pnek az alapj\u00e1t.\nEz a k\u00e9p nyugodt hangulatnak megfelel\u0151, falra akaszthat\u00f3, keretezett (feh\u00e9rre festett fa), egyedi m\u0171alkot\u00e1s, mely megism\u00e9telhetetlen.\n\nM\u00e9ret: 30 cm hossz\u00fa , 43 cm magas, m\u00e9lys\u00e9ge a kerettel egy\u00fctt 1-2 cm k\u00f6z\u00f6tt.\n\nK\u00e9rd\u00e9s, vagy k\u00e9r\u00e9s eset\u00e9n keressen bizalommal itt \u00fczenetben, amint tudok v\u00e1laszolok!","price":"32990.00","unit":"db","recommended":"0","status":"1","sponsored":"0","exp_notify":"0","own_material":"0","own_material_description_old":null,"own_material_description":"","jury":"0","jury_number":"","product_nature":"","meskaracsony":"0","create_date":"2026-09-02 10:39:20","shelve_id":"60184","image":"artizmoksa_product_282350_231213112706_365232.jpeg","image_width":"480","image_height":"480","image_alt":"Keretezett absztrakt festm\u00e9ny, nyugodt hangulat\u00fa - S\u00e1rga Vir\u00e1ggal, Egyedi, saj\u00e1t k\u00e9sz\u00edt\u00e9s\u0171 festm\u00e9nyem keresi \u00faj lakhely\u00e9t \u00e9s lelkes gazd\u00e1j\u00e1t!\\n\\nA k\u00e9p sz\u00fcrkelemezre k\u00e9sz..., Meska","image_title":"Keretezett absztrakt festm\u00e9ny, nyugodt hangulat\u00fa - S\u00e1rga Vir\u00e1ggal, Meska","view_count":"1278","favourite_count":"1","trending_score":"0","last2MonthFavouriteCount":"1","promotion":"0","giftcard_accept":"0","creditcard_accept":true,"enhanced_background":"0","domain":"meska","specific_customer_id":null,"specific_customer_name":null,"to_order_product":"0","to_order_product_time":"0","product_different":null,"product_different_description":"","vintage":"0","vintage_category_id":"0","recycled":"0","gemstone_id":"0","customizable":"0","type_category":"physical","zerowaste":"0","postage_price":"2599.00","shop_order":"0","has_category":"1","landing_pages":null,"microdata":{"number":84,"category":""},"title":"Keretezett absztrakt festm\u00e9ny, nyugodt hangulat\u00fa - S\u00e1rga Vir\u00e1ggal","description":"Egyedi, saj\u00e1t k\u00e9sz\u00edt\u00e9s\u0171 festm\u00e9nyem keresi \u00faj lakhely\u00e9t \u00e9s lelkes gazd\u00e1j\u00e1t!\n\nA k\u00e9p sz\u00fcrkelemezre k\u00e9sz\u00fclt, feh\u00e9r akrilfest\u00e9k alapon, arany sz\u00f3r\u00f3fest\u00e9k \u00e9s egy\u00e9b akril- \u00e9s kont\u00farfest\u00e9k sz\u00ednekkel gazdagodott. A k\u00e9p k\u00f6zep\u00e9nek sugar\u00e1ba ker\u00fclt egy aranys\u00e1rga vir\u00e1g bizsu, melynek sz\u00e1momra eszmei \u00e9rt\u00e9ke van, \u00edgy ez adta az eg\u00e9sz k\u00e9pnek az alapj\u00e1t.\nEz a k\u00e9p nyugodt hangulatnak megfelel\u0151, falra akaszthat\u00f3, keretezett (feh\u00e9rre festett fa), egyedi m\u0171alkot\u00e1s, mely megism\u00e9telhetetlen.\n\nM\u00e9ret: 30 cm hossz\u00fa , 43 cm magas, m\u00e9lys\u00e9ge a kerettel egy\u00fctt 1-2 cm k\u00f6z\u00f6tt.\n\nK\u00e9rd\u00e9s, vagy k\u00e9r\u00e9s eset\u00e9n keressen bizalommal itt \u00fczenetben, amint tudok v\u00e1laszolok!","score":0,"formatted_price":"32 990 Ft","image_url":"https:\/\/www.meska.hu\/img\/product\/small\/a\/r\/artizmoksa_product_282350_231213112706_365232.jpeg","formatted_url":"https:\/\/www.meska.hu\/p3099259-absztrakt-festmeny-dekoracio-sarga-virag","favourite":false,"in_stock":true,"avatar":"artizmoksa_avatar_282350_1650899592.jpg","delete_from":0,"is_enhanced_background":false,"is_enhanced":false,"product_selection_started":false,"is_active":true,"image_webp_url":"https:\/\/www.meska.hu\/img\/product\/small\/a\/r\/artizmoksa_product_282350_231213112706_365232.webp"},{"id":"2886903","shop_id":"24637","user_id":"282350","shop_name":"artizmoksa","shop_zip":"1142","product_code":"4065369","product_name_old":null,"product_name":"KERT - Absztrakt festm\u00e9ny keretezve, z\u00f6ld sz\u00ednekben (fel\u00fcln\u00e9zeti absztrakt alkot\u00e1s)","category_string":"M\u0171v\u00e9szet, Festm\u00e9ny, Festm\u00e9ny vegyes technika","technic_string":"Fest\u00e9szet","category_1":"357","category_2":"358","category_3":"363","category_4":"0","merged_category_1":null,"merged_category_2":null,"merged_category_3":null,"technic_1":"480","technic_2":"0","technic_3":"0","color_1":"529","color_2":"0","color_3":"0","product_description_old":null,"product_description":"Budapesten \u00e1tv\u00e9tel ingyenesen lehets\u00e9ges! \n.\nK\u00e9p m\u00e9rete 28 x 34 cm, k\u00f6nnyen felakaszthat\u00f3 falra.\nEgyedi, megism\u00e9telhetetlen m\u0171alkot\u00e1s egyedi elemekkel, absztrakt st\u00edlusban.\nA k\u00e9p sz\u00fcrkelemezre k\u00e9sz\u00fclt, melynek egyedi m\u00e9ret\u00e9t bekereteztettem.\n.\nEz a k\u00e9p a z\u00f6ld sz\u00edn\u0171 tal\u00e1lt t\u00e1rgyak kincses doboz\u00e1b\u00f3l sz\u00fcletett meg. Egy harmonikus k\u00e9p megalkot\u00e1sa volt a c\u00e9l a z\u00f6ld k\u00fcl\u00f6nb\u00f6z\u0151 \u00e1rnyalataival, k\u00fcl\u00f6nb\u00f6z\u0151 anyagok \u00e9s fest\u00e9kek alkalmaz\u00e1s\u00e1val. P\u00e9ld\u00e1ul akrilfest\u00e9k mellett, tus fest\u00e9ket alkalmaztam, valamint t\u00f6bbf\u00e9le bizsuval, gy\u00f6nggyel, flitterrel, \u00fcvegcseppel, (foly\u00f3t \u00e1br\u00e1zol\u00f3) nyakl\u00e1nccal gyarap\u00edtottam a k\u00e9p fel\u00fclet\u00e9t, ezzel v\u00e1ltozatos r\u00e9szleteket teremtve. \n\nEzennel a k\u00e9p a KERT c\u00edmet kapta, mely utal a z\u00f6ld term\u00e9szetre eml\u00e9keztet\u0151 \u00e9rzete \u00e9s egyfajta t\u00e1jk\u00e9p fel\u00fcln\u00e9zeti \u00e1br\u00e1j\u00e1nak jelenl\u00e9te. Kert jelenti azt a ter\u00fcletet, ami hozz\u00e1nk tartozik, amit mi gondozhatunk, amiben elvethetj\u00fck az \u00faj magjainkat, terveinket. Ez a k\u00e9p eml\u00e9keztethet arra minket, hogy mindig van mit alak\u00edtani a kert\u00fcnk\u00f6n, hogy ezzel az \u00e9let\u00fcnk is \u00f6r\u00f6mtelibben teljen.\n","price":"28990.00","unit":"db","recommended":"0","status":"1","sponsored":"0","exp_notify":"0","own_material":"0","own_material_description_old":null,"own_material_description":"","jury":"0","jury_number":"","product_nature":"","meskaracsony":"0","create_date":"2026-09-02 10:39:17","shelve_id":"60184","image":"artizmoksa_product_282350_210309121507_779593.jpeg","image_width":"480","image_height":"568","image_alt":"KERT - Absztrakt festm\u00e9ny keretezve, z\u00f6ld sz\u00ednekben (fel\u00fcln\u00e9zeti absztrakt alkot\u00e1s), Budapesten \u00e1tv\u00e9tel ingyenesen lehets\u00e9ges! \\n.\\nK\u00e9p m\u00e9rete 28 x 34 cm, k\u00f6nnyen felakaszthat\u00f3 falra.\\nEgy..., Meska","image_title":"KERT - Absztrakt festm\u00e9ny keretezve, z\u00f6ld sz\u00ednekben (fel\u00fcln\u00e9zeti absztrakt alkot\u00e1s), Meska","view_count":"2090","favourite_count":"0","trending_score":"0","last2MonthFavouriteCount":"0","promotion":"0","giftcard_accept":"0","creditcard_accept":true,"enhanced_background":"0","domain":"meska","specific_customer_id":null,"specific_customer_name":null,"to_order_product":"0","to_order_product_time":"0","product_different":null,"product_different_description":"","vintage":"0","vintage_category_id":"0","recycled":"0","gemstone_id":"0","customizable":"0","type_category":"physical","zerowaste":"0","postage_price":"2599.00","shop_order":"0","has_category":"1","landing_pages":null,"microdata":{"number":85,"category":""},"title":"KERT - Absztrakt festm\u00e9ny keretezve, z\u00f6ld sz\u00ednekben (fel\u00fcln\u00e9zeti absztrakt alkot\u00e1s)","description":"Budapesten \u00e1tv\u00e9tel ingyenesen lehets\u00e9ges! \n.\nK\u00e9p m\u00e9rete 28 x 34 cm, k\u00f6nnyen felakaszthat\u00f3 falra.\nEgyedi, megism\u00e9telhetetlen m\u0171alkot\u00e1s egyedi elemekkel, absztrakt st\u00edlusban.\nA k\u00e9p sz\u00fcrkelemezre k\u00e9sz\u00fclt, melynek egyedi m\u00e9ret\u00e9t bekereteztettem.\n.\nEz a k\u00e9p a z\u00f6ld sz\u00edn\u0171 tal\u00e1lt t\u00e1rgyak kincses doboz\u00e1b\u00f3l sz\u00fcletett meg. Egy harmonikus k\u00e9p megalkot\u00e1sa volt a c\u00e9l a z\u00f6ld k\u00fcl\u00f6nb\u00f6z\u0151 \u00e1rnyalataival, k\u00fcl\u00f6nb\u00f6z\u0151 anyagok \u00e9s fest\u00e9kek alkalmaz\u00e1s\u00e1val. P\u00e9ld\u00e1ul akrilfest\u00e9k mellett, tus fest\u00e9ket alkalmaztam, valamint t\u00f6bbf\u00e9le bizsuval, gy\u00f6nggyel, flitterrel, \u00fcvegcseppel, (foly\u00f3t \u00e1br\u00e1zol\u00f3) nyakl\u00e1nccal gyarap\u00edtottam a k\u00e9p fel\u00fclet\u00e9t, ezzel v\u00e1ltozatos r\u00e9szleteket teremtve. \n\nEzennel a k\u00e9p a KERT c\u00edmet kapta, mely utal a z\u00f6ld term\u00e9szetre eml\u00e9keztet\u0151 \u00e9rzete \u00e9s egyfajta t\u00e1jk\u00e9p fel\u00fcln\u00e9zeti \u00e1br\u00e1j\u00e1nak jelenl\u00e9te. Kert jelenti azt a ter\u00fcletet, ami hozz\u00e1nk tartozik, amit mi gondozhatunk, amiben elvethetj\u00fck az \u00faj magjainkat, terveinket. Ez a k\u00e9p eml\u00e9keztethet arra minket, hogy mindig van mit alak\u00edtani a kert\u00fcnk\u00f6n, hogy ezzel az \u00e9let\u00fcnk is \u00f6r\u00f6mtelibben teljen.\n","score":0,"formatted_price":"28 990 Ft","image_url":"https:\/\/www.meska.hu\/img\/product\/small\/a\/r\/artizmoksa_product_282350_210309121507_779593.jpeg","formatted_url":"https:\/\/www.meska.hu\/p4065369-kert-absztrakt-festmeny-keretezve-zold-szinekben-felulnezeti-absztrakt-alkotas","favourite":false,"in_stock":true,"avatar":"artizmoksa_avatar_282350_1650899592.jpg","delete_from":0,"is_enhanced_background":false,"is_enhanced":false,"product_selection_started":false,"is_active":true,"image_webp_url":"https:\/\/www.meska.hu\/img\/product\/small\/a\/r\/artizmoksa_product_282350_210309121507_779593.webp"},{"id":"3243275","shop_id":"24637","user_id":"282350","shop_name":"artizmoksa","shop_zip":"1142","product_code":"4624243","product_name_old":null,"product_name":"Balaton - 50x20cm festm\u00e9ny - k\u00e9kes z\u00f6ldes lil\u00e1s csillog\u00f3 egyedi dekor\u00e1ci\u00f3 nyaral\u00f3ba falra irod\u00e1ba ","category_string":"M\u0171v\u00e9szet, Festm\u00e9ny, Festm\u00e9ny vegyes technika","technic_string":"Fest\u00e9szet","category_1":"357","category_2":"358","category_3":"363","category_4":"0","merged_category_1":null,"merged_category_2":null,"merged_category_3":null,"technic_1":"480","technic_2":"0","technic_3":"0","color_1":"521","color_2":"528","color_3":"529","product_description_old":null,"product_description":"Eme balatoni festm\u00e9nyemet a hull\u00e1mok \u00e9s a k\u00e9kes, z\u00f6ldes, lil\u00e1s sz\u00ednek inspir\u00e1lt\u00e1k.\nT\u00f6bb r\u00e9teg fest\u00e9ket tartalmaz, ezzel organikusabb felsz\u00ednt eredm\u00e9nyezve.\nA met\u00e1los hat\u00e1ssal b\u00edr\u00f3 fest\u00e9kek k\u00fcl\u00f6nb\u00f6z\u0151 n\u00e9z\u0151pontokb\u00f3l, k\u00fcl\u00f6nb\u00f6z\u0151 csillog\u00e1st, f\u00e9nyl\u00e9st eredm\u00e9nyeznek. Valamint a belesz\u00f3rt gy\u00f6ngy\u00f6k es csillog\u00f3 pap\u00edr mini szeletek is k\u00fcl\u00f6n verik vissza a f\u00e9nyeket.\n\n50 x 20 cm, v\u00e1szonk\u00e9p, vastags\u00e1g 2 cm.\n\nNyaral\u00f3hely megjel\u00f6l\u00e9se k\u00e9rhet\u0151 a k\u00e9pre! K\u00e9rem \u00fczenetben \u00edrja meg, hova tegyem a pontot, vagy ak\u00e1r pontokat!\n\nEgy\u00e9b k\u00e9rd\u00e9s, vagy k\u00e9r\u00e9s eset\u00e9n keressen bizalommal!","price":"29990.00","unit":"db","recommended":"0","status":"1","sponsored":"0","exp_notify":"0","own_material":"0","own_material_description_old":null,"own_material_description":"","jury":"0","jury_number":"","product_nature":"","meskaracsony":"0","create_date":"2026-09-02 10:39:15","shelve_id":"65689","image":"artizmoksa_product_282350_250814150713_459713.jpeg","image_width":"480","image_height":"480","image_alt":"Balaton - 50x20cm festm\u00e9ny - k\u00e9kes z\u00f6ldes lil\u00e1s csillog\u00f3 egyedi dekor\u00e1ci\u00f3 nyaral\u00f3ba falra irod\u00e1ba , Eme balatoni festm\u00e9nyemet a hull\u00e1mok \u00e9s a k\u00e9kes, z\u00f6ldes, lil\u00e1s sz\u00ednek inspir\u00e1lt\u00e1k.\\nT\u00f6bb r\u00e9teg fest\u00e9k..., Meska","image_title":"Balaton - 50x20cm festm\u00e9ny - k\u00e9kes z\u00f6ldes lil\u00e1s csillog\u00f3 egyedi dekor\u00e1ci\u00f3 nyaral\u00f3ba falra irod\u00e1ba , Meska","view_count":"2011","favourite_count":"1","trending_score":"0","last2MonthFavouriteCount":"1","promotion":"0","giftcard_accept":"0","creditcard_accept":true,"enhanced_background":"0","domain":"meska","specific_customer_id":null,"specific_customer_name":null,"to_order_product":"0","to_order_product_time":"0","product_different":null,"product_different_description":"","vintage":"0","vintage_category_id":"0","recycled":"0","gemstone_id":"0","customizable":"1","type_category":"physical","zerowaste":"0","postage_price":"2599.00","shop_order":"0","has_category":"1","landing_pages":null,"microdata":{"number":86,"category":""},"title":"Balaton - 50x20cm festm\u00e9ny - k\u00e9kes z\u00f6ldes lil\u00e1s csillog\u00f3 egyedi dekor\u00e1ci\u00f3 nyaral\u00f3ba falra irod\u00e1ba ","description":"Eme balatoni festm\u00e9nyemet a hull\u00e1mok \u00e9s a k\u00e9kes, z\u00f6ldes, lil\u00e1s sz\u00ednek inspir\u00e1lt\u00e1k.\nT\u00f6bb r\u00e9teg fest\u00e9ket tartalmaz, ezzel organikusabb felsz\u00ednt eredm\u00e9nyezve.\nA met\u00e1los hat\u00e1ssal b\u00edr\u00f3 fest\u00e9kek k\u00fcl\u00f6nb\u00f6z\u0151 n\u00e9z\u0151pontokb\u00f3l, k\u00fcl\u00f6nb\u00f6z\u0151 csillog\u00e1st, f\u00e9nyl\u00e9st eredm\u00e9nyeznek. Valamint a belesz\u00f3rt gy\u00f6ngy\u00f6k es csillog\u00f3 pap\u00edr mini szeletek is k\u00fcl\u00f6n verik vissza a f\u00e9nyeket.\n\n50 x 20 cm, v\u00e1szonk\u00e9p, vastags\u00e1g 2 cm.\n\nNyaral\u00f3hely megjel\u00f6l\u00e9se k\u00e9rhet\u0151 a k\u00e9pre! K\u00e9rem \u00fczenetben \u00edrja meg, hova tegyem a pontot, vagy ak\u00e1r pontokat!\n\nEgy\u00e9b k\u00e9rd\u00e9s, vagy k\u00e9r\u00e9s eset\u00e9n keressen bizalommal!","score":0,"formatted_price":"29 990 Ft","image_url":"https:\/\/www.meska.hu\/img\/product\/small\/a\/r\/artizmoksa_product_282350_250814150713_459713.jpeg","formatted_url":"https:\/\/www.meska.hu\/p4624243-balatoni-hullamok-50-x-20-cm-festmeny","favourite":false,"in_stock":true,"avatar":"artizmoksa_avatar_282350_1650899592.jpg","delete_from":0,"is_enhanced_background":false,"is_enhanced":false,"product_selection_started":false,"is_active":true,"image_webp_url":"https:\/\/www.meska.hu\/img\/product\/small\/a\/r\/artizmoksa_product_282350_250814150713_459713.webp"},{"id":"5161870","shop_id":"24637","user_id":"282350","shop_name":"artizmoksa","shop_zip":"1142","product_code":"5173779","product_name_old":null,"product_name":"Balaton \/ 80 x 20 cm \/ dekor\u00e1ci\u00f3, festm\u00e9ny","category_string":"M\u0171v\u00e9szet, Festm\u00e9ny, Festm\u00e9ny vegyes technika","technic_string":"Fest\u00e9szet","category_1":"357","category_2":"358","category_3":"363","category_4":"0","merged_category_1":null,"merged_category_2":null,"merged_category_3":null,"technic_1":"480","technic_2":"0","technic_3":"0","color_1":"519","color_2":"521","color_3":"0","product_description_old":null,"product_description":"Balaton sziluettj\u00e9r\u0151l k\u00e9sz\u00fclt mozaikszer\u0171, feh\u00e9rarany csillog\u00e1s\u00fa, egyedi k\u00e9p.\nM\u00e9ret 80x20cm\nAnyag: v\u00e1szon, akrilfest\u00e9k, stencilfest\u00e9k, csill\u00e1porok\nA k\u00e9p k\u00fcl\u00f6nb\u00f6z\u0151 f\u00e9nyviszonyok hat\u00e1s\u00e1ra k\u00fcl\u00f6nb\u00f6z\u0151k\u00e9ppen f\u00e9nylik.\n\nSzem\u00e9lyes \u00e1tv\u00e9tel kedvenc helye: Keleti pu., vagy Gizella \u00fat 28\/A zugl\u00f3ban.\n\nAl\u00e1\u00edr\u00e1s a k\u00e9p m\u00f6g\u00f6tt tal\u00e1lhat\u00f3.\n","price":"74990.00","unit":"db","recommended":"0","status":"1","sponsored":"0","exp_notify":"0","own_material":"0","own_material_description_old":null,"own_material_description":"","jury":"0","jury_number":"","product_nature":"","meskaracsony":"0","create_date":"2026-09-02 10:39:12","shelve_id":"65689","image":"artizmoksa_product_282350_240102115858_034583.jpeg","image_width":"480","image_height":"480","image_alt":"Balaton \/ 80 x 20 cm \/ dekor\u00e1ci\u00f3, festm\u00e9ny, Balaton sziluettj\u00e9r\u0151l k\u00e9sz\u00fclt mozaikszer\u0171, feh\u00e9rarany csillog\u00e1s\u00fa, egyedi k\u00e9p.\\nM\u00e9ret 80x20cm\\nAnyag: v..., Meska","image_title":"Balaton \/ 80 x 20 cm \/ dekor\u00e1ci\u00f3, festm\u00e9ny, Meska","view_count":"1018","favourite_count":"0","trending_score":"0","last2MonthFavouriteCount":"0","promotion":"0","giftcard_accept":"0","creditcard_accept":true,"enhanced_background":"0","domain":"meska","specific_customer_id":null,"specific_customer_name":null,"to_order_product":"0","to_order_product_time":"0","product_different":null,"product_different_description":"","vintage":"0","vintage_category_id":"0","recycled":"0","gemstone_id":"0","customizable":"0","type_category":"physical","zerowaste":"0","postage_price":"2599.00","shop_order":"0","has_category":"1","landing_pages":null,"microdata":{"number":87,"category":""},"title":"Balaton \/ 80 x 20 cm \/ dekor\u00e1ci\u00f3, festm\u00e9ny","description":"Balaton sziluettj\u00e9r\u0151l k\u00e9sz\u00fclt mozaikszer\u0171, feh\u00e9rarany csillog\u00e1s\u00fa, egyedi k\u00e9p.\nM\u00e9ret 80x20cm\nAnyag: v\u00e1szon, akrilfest\u00e9k, stencilfest\u00e9k, csill\u00e1porok\nA k\u00e9p k\u00fcl\u00f6nb\u00f6z\u0151 f\u00e9nyviszonyok hat\u00e1s\u00e1ra k\u00fcl\u00f6nb\u00f6z\u0151k\u00e9ppen f\u00e9nylik.\n\nSzem\u00e9lyes \u00e1tv\u00e9tel kedvenc helye: Keleti pu., vagy Gizella \u00fat 28\/A zugl\u00f3ban.\n\nAl\u00e1\u00edr\u00e1s a k\u00e9p m\u00f6g\u00f6tt tal\u00e1lhat\u00f3.\n","score":0,"formatted_price":"74 990 Ft","image_url":"https:\/\/www.meska.hu\/img\/product\/small\/a\/r\/artizmoksa_product_282350_240102115858_034583.jpeg","formatted_url":"https:\/\/www.meska.hu\/p5173779-balaton-80-x-20-cm-dekoracio-festmeny","favourite":false,"in_stock":true,"avatar":"artizmoksa_avatar_282350_1650899592.jpg","delete_from":0,"is_enhanced_background":false,"is_enhanced":false,"product_selection_started":false,"is_active":true,"image_webp_url":"https:\/\/www.meska.hu\/img\/product\/small\/a\/r\/artizmoksa_product_282350_240102115858_034583.webp"},{"id":"4973732","shop_id":"21890","user_id":"233361","shop_name":"MolnARTIlcsi","shop_zip":"2071","product_code":"5058485","product_name_old":null,"product_name":"H\u00f6lgy","category_string":"M\u0171v\u00e9szet, Festm\u00e9ny, Akvarell","technic_string":"Fest\u00e9szet","category_1":"357","category_2":"358","category_3":"360","category_4":"0","merged_category_1":null,"merged_category_2":null,"merged_category_3":null,"technic_1":"480","technic_2":"0","technic_3":"0","color_1":"515","color_2":"519","color_3":"521","product_description_old":null,"product_description":"20 x 30  cm- es  akvarell  lapon akvarell fest\u00e9sem, sz\u00ednekkel, hangulatokkal :) \n\nM\u00e1r \u00fcveglap m\u00f6g\u00e9 tettem a val\u00f3s\u00e1gban, ami k\u00edv\u00e1natos egy\u00e9bk\u00e9nt ! Itt a csatolt k\u00e9pen digit\u00e1lis prezent\u00e1ci\u00f3t l\u00e1tsz ! \n\nSzem\u00e8lyes \u00e1tv\u00e9tel P\u00e1tyon \u00e9s Budapesten !:) \n\nEredeti k\u00e9zi alkot\u00e1som, err\u0151l eredetise\u0123igazol\u00e1st  adok az \u00faj tulajdonos\u00e1nak !\n\nMIEL\u0150TT KOS\u00c1RBA TESZED, \u00cdRJ \u00dcZENETET!\n\nEl\u0151fodulhat, hogy a virtu\u00e1lis boltban m\u00e9g szerepel, de m\u00e1r elkelt a val\u00f3s\u00e1gban:), 1- 2 \u00f3ra \u00e1tfut\u00e1si id\u0151 is el\u00e8g az \u00e1tfed\u00e9shez !","price":"36000.00","unit":"db","recommended":"0","status":"1","sponsored":"0","exp_notify":"0","own_material":"0","own_material_description_old":null,"own_material_description":"","jury":"0","jury_number":"","product_nature":"","meskaracsony":"0","create_date":"2026-09-02 08:43:06","shelve_id":"0","image":"molnartilcsi_product_233361_230917092742_634589.png","image_width":"480","image_height":"518","image_alt":"H\u00f6lgy, 20 x 30  cm- es  akvarell  lapon akvarell fest\u00e9sem, sz\u00ednekkel, hangulatokkal :) \\n\\nM\u00e1r \u00fcveglap m\u00f6g\u00e9 t..., Meska","image_title":"H\u00f6lgy, Meska","view_count":"954","favourite_count":"0","trending_score":"0","last2MonthFavouriteCount":"0","promotion":"0","giftcard_accept":"0","creditcard_accept":false,"enhanced_background":"0","domain":"meska","specific_customer_id":null,"specific_customer_name":null,"to_order_product":"0","to_order_product_time":"0","product_different":null,"product_different_description":"","vintage":"0","vintage_category_id":"0","recycled":"0","gemstone_id":"0","customizable":"0","type_category":"physical","zerowaste":"0","postage_price":"5000.00","shop_order":"1","has_category":"1","landing_pages":null,"microdata":{"number":88,"category":""},"title":"H\u00f6lgy","description":"20 x 30  cm- es  akvarell  lapon akvarell fest\u00e9sem, sz\u00ednekkel, hangulatokkal :) \n\nM\u00e1r \u00fcveglap m\u00f6g\u00e9 tettem a val\u00f3s\u00e1gban, ami k\u00edv\u00e1natos egy\u00e9bk\u00e9nt ! Itt a csatolt k\u00e9pen digit\u00e1lis prezent\u00e1ci\u00f3t l\u00e1tsz ! \n\nSzem\u00e8lyes \u00e1tv\u00e9tel P\u00e1tyon \u00e9s Budapesten !:) \n\nEredeti k\u00e9zi alkot\u00e1som, err\u0151l eredetise\u0123igazol\u00e1st  adok az \u00faj tulajdonos\u00e1nak !\n\nMIEL\u0150TT KOS\u00c1RBA TESZED, \u00cdRJ \u00dcZENETET!\n\nEl\u0151fodulhat, hogy a virtu\u00e1lis boltban m\u00e9g szerepel, de m\u00e1r elkelt a val\u00f3s\u00e1gban:), 1- 2 \u00f3ra \u00e1tfut\u00e1si id\u0151 is el\u00e8g az \u00e1tfed\u00e9shez !","score":0,"formatted_price":"36 000 Ft","image_url":"https:\/\/www.meska.hu\/img\/product\/small\/m\/o\/molnartilcsi_product_233361_230917092742_634589.png","formatted_url":"https:\/\/www.meska.hu\/p5058485-holgy","favourite":false,"in_stock":true,"avatar":"MolnARTIlcsi_avatar_233361_1657524590.jpg","delete_from":0,"is_enhanced_background":false,"is_enhanced":false,"product_selection_started":false,"is_active":true,"image_webp_url":"https:\/\/www.meska.hu\/img\/product\/small\/m\/o\/molnartilcsi_product_233361_230917092742_634589.webp"},{"id":"5331210","shop_id":"12870","user_id":"86999","shop_name":"irisz3","shop_zip":"8800","product_code":"5286580","product_name_old":null,"product_name":"BAR\u00c1TN\u0150K- festm\u00e9ny ABSZTRAKT","category_string":"M\u0171v\u00e9szet, Festm\u00e9ny, Olajfestm\u00e9ny","technic_string":"Fest\u00e9szet","category_1":"357","category_2":"358","category_3":"361","category_4":"0","merged_category_1":null,"merged_category_2":null,"merged_category_3":null,"technic_1":"480","technic_2":"0","technic_3":"0","color_1":"521","color_2":"522","color_3":"523","product_description_old":null,"product_description":"Technika: akril-fa lap\nM\u00e9ret:31x42cm\nKERET N\u00c9LK\u00dcL ELAD\u00d3!\n","price":"42500.00","unit":"db","recommended":"0","status":"1","sponsored":"0","exp_notify":"0","own_material":"0","own_material_description_old":null,"own_material_description":"","jury":"0","jury_number":"","product_nature":"","meskaracsony":"0","create_date":"2026-09-02 07:40:31","shelve_id":"42064","image":"irisz3_product_86999_240508093121_051321.jpeg","image_width":"480","image_height":"651","image_alt":"BAR\u00c1TN\u0150K- festm\u00e9ny ABSZTRAKT, Technika: akril-fa lap\\nM\u00e9ret:31x42cm\\nKERET N\u00c9LK\u00dcL ELAD\u00d3!\\n, Meska","image_title":"BAR\u00c1TN\u0150K- festm\u00e9ny ABSZTRAKT, Meska","view_count":"698","favourite_count":"0","trending_score":"0","last2MonthFavouriteCount":"0","promotion":"0","giftcard_accept":"0","creditcard_accept":false,"enhanced_background":"0","domain":"meska","specific_customer_id":null,"specific_customer_name":null,"to_order_product":"0","to_order_product_time":"0","product_different":null,"product_different_description":"","vintage":"0","vintage_category_id":"0","recycled":"0","gemstone_id":"0","customizable":"0","type_category":"physical","zerowaste":"0","postage_price":"2470.00","shop_order":"0","has_category":"1","landing_pages":null,"microdata":{"number":89,"category":""},"title":"BAR\u00c1TN\u0150K- festm\u00e9ny ABSZTRAKT","description":"Technika: akril-fa lap\nM\u00e9ret:31x42cm\nKERET N\u00c9LK\u00dcL ELAD\u00d3!\n","score":0,"formatted_price":"42 500 Ft","image_url":"https:\/\/www.meska.hu\/img\/product\/small\/i\/r\/irisz3_product_86999_240508093121_051321.jpeg","formatted_url":"https:\/\/www.meska.hu\/p5286580-baratnok-festmeny-absztrakt","favourite":false,"in_stock":true,"avatar":"irisz3_avatar_86999_1587709497.jpg","delete_from":0,"is_enhanced_background":false,"is_enhanced":false,"product_selection_started":false,"is_active":true,"image_webp_url":"https:\/\/www.meska.hu\/img\/product\/small\/i\/r\/irisz3_product_86999_240508093121_051321.webp"},{"id":"1323533","shop_id":"12870","user_id":"86999","shop_name":"irisz3","shop_zip":"8800","product_code":"4483938","product_name_old":null,"product_name":"\u0150szi s\u00e9ta-olajfestm\u00e9ny","category_string":"M\u0171v\u00e9szet, Festm\u00e9ny, Olajfestm\u00e9ny","technic_string":"Fest\u00e9szet","category_1":"357","category_2":"358","category_3":"361","category_4":"0","merged_category_1":null,"merged_category_2":null,"merged_category_3":null,"technic_1":"480","technic_2":"0","technic_3":"0","color_1":"516","color_2":"524","color_3":"529","product_description_old":null,"product_description":"Fa lapra festett-sejtelmes,titokzatos. l\u00e9gies n\u0151alak...\nEgyedi technika \u00e9s sz\u00ednvil\u00e1g.\na festm\u00e9ny m\u00e9rete:30x30cm.\nKeret n\u00e9lk\u00fcl k\u00edn\u00e1lom elad\u00e1sra.","price":"31000.00","unit":"db","recommended":"0","status":"1","sponsored":"0","exp_notify":"0","own_material":"0","own_material_description_old":null,"own_material_description":"","jury":"0","jury_number":"","product_nature":"","meskaracsony":"0","create_date":"2026-09-02 07:40:28","shelve_id":"42064","image":"irisz3_product_86999_131220070446_1.jpg","image_width":"480","image_height":"488","image_alt":"\u0150szi s\u00e9ta-olajfestm\u00e9ny, Fa lapra festett-sejtelmes,titokzatos. l\u00e9gies n\u0151alak...\\nEgyedi technika \u00e9s sz\u00ednvil\u00e1g.\\na festm\u00e9ny m\u00e9r..., Meska","image_title":"\u0150szi s\u00e9ta-olajfestm\u00e9ny, Meska","view_count":"766","favourite_count":"0","trending_score":"0","last2MonthFavouriteCount":"0","promotion":"0","giftcard_accept":"0","creditcard_accept":false,"enhanced_background":"0","domain":"meska","specific_customer_id":null,"specific_customer_name":null,"to_order_product":"0","to_order_product_time":"0","product_different":null,"product_different_description":"","vintage":"0","vintage_category_id":"0","recycled":"0","gemstone_id":"0","customizable":"0","type_category":"physical","zerowaste":"0","postage_price":"2470.00","shop_order":"0","has_category":"1","landing_pages":null,"microdata":{"number":90,"category":""},"title":"\u0150szi s\u00e9ta-olajfestm\u00e9ny","description":"Fa lapra festett-sejtelmes,titokzatos. l\u00e9gies n\u0151alak...\nEgyedi technika \u00e9s sz\u00ednvil\u00e1g.\na festm\u00e9ny m\u00e9rete:30x30cm.\nKeret n\u00e9lk\u00fcl k\u00edn\u00e1lom elad\u00e1sra.","score":0,"formatted_price":"31 000 Ft","image_url":"https:\/\/www.meska.hu\/img\/product\/small\/i\/r\/irisz3_product_86999_131220070446_1.jpg","formatted_url":"https:\/\/www.meska.hu\/p4483938-oszi-seta-olajfestmeny","favourite":false,"in_stock":true,"avatar":"irisz3_avatar_86999_1587709497.jpg","delete_from":0,"is_enhanced_background":false,"is_enhanced":false,"product_selection_started":false,"is_active":true,"image_webp_url":"https:\/\/www.meska.hu\/img\/product\/small\/i\/r\/irisz3_product_86999_131220070446_1.webp"},{"id":"6351809","shop_id":"50187","user_id":"742952","shop_name":"PArtpaintings","shop_zip":"3000","product_code":"5864133","product_name_old":null,"product_name":"Tapinthat\u00f3 sz\u00ednek: Wave Series \u2013 15. - Eredeti, textur\u00e1lt absztrakt olajfestm\u00e9ny","category_string":"M\u0171v\u00e9szet, Festm\u00e9ny, Olajfestm\u00e9ny","technic_string":"Fest\u00e9szet","category_1":"357","category_2":"358","category_3":"361","category_4":"0","merged_category_1":null,"merged_category_2":null,"merged_category_3":null,"technic_1":"480","technic_2":"0","technic_3":"0","color_1":"521","color_2":"523","color_3":"526","product_description_old":null,"product_description":"Olajfestm\u00e9ny fapanelen \nM\u00e9rete: 35\u00d735 cm, vastags\u00e1ga: 0,8 cm \nKeretezve nincs! \nBiztons\u00e1gosan csomagolva post\u00e1zom. \n\nFestm\u00e9nyeimet abb\u00f3l a gondolatb\u00f3l k\u00e9sz\u00edtem, hogy a sz\u00ednek \u00e9s a text\u00far\u00e1k nemcsak l\u00e1that\u00f3k, hanem \u00e1t\u00e9lhet\u0151k is. \nA Tactile Colours \u2013 Tapinthat\u00f3 sz\u00ednek sz\u00e1momra azt jelenti, hogy egy alkot\u00e1s ne puszt\u00e1n d\u00edsz\u00edtsen, hanem legyen benne valami, amihez \u00fajra \u00e9s \u00fajra j\u00f3 kapcsol\u00f3dni, \u00e9s ami hosszabb id\u0151 ut\u00e1n is k\u00e9pes friss \u00e9lm\u00e9nyt adni.\n\nEz egy eredeti, k\u00e9zzel k\u00e9sz\u00fclt olajfestm\u00e9ny. Egyetlen p\u00e9ld\u00e1ny l\u00e9tezik bel\u0151le.\n\nJ\u00f3 v\u00e1laszt\u00e1s lehet, ha:\n\u2022 a nappalid rendezett, de hi\u00e1nyzik bel\u0151le egy \u00e9l\u0151bb, der\u0171sebb hangulat\n\u2022 egy \u00e9tkez\u0151be vagy k\u00f6z\u00f6ss\u00e9gi t\u00e9rbe keresel olyan alkot\u00e1st, amely melegebb\u00e9 \u00e9s h\u00edvogat\u00f3bb\u00e1 teszi a k\u00f6rnyezetet\n\u2022 a dolgoz\u00f3szob\u00e1dban vagy irod\u00e1dban szeretn\u00e9l oldani a t\u00falzott merevs\u00e9gen, \u00e9s j\u00f3l j\u00f6nne egy kis friss\u00edt\u0151 lend\u00fclet\n\u2022 egy el\u0151szob\u00e1t vagy fogad\u00f3teret tenn\u00e9l bar\u00e1ts\u00e1gosabb\u00e1, hogy m\u00e1r bel\u00e9p\u00e9skor nyitottabb, k\u00f6nnyedebb legyen az \u00f6sszhat\u00e1s\n\u2022 van egy helyis\u00e9g az otthonodban, amely kiss\u00e9 h\u0171v\u00f6snek, szem\u00e9lytelennek vagy befejezetlennek hat, \u00e9s szeretn\u00e9l bele t\u00f6bb \u00e9letet vinni\n\u2022 olyan eredeti m\u0171alkot\u00e1st keresel, amely nem nehez\u00edti el a teret, hanem melegs\u00e9get, mozg\u00e1st \u00e9s k\u00f6nnyedebb jelenl\u00e9tet ad neki\n\nEz a festm\u00e9ny k\u00fcl\u00f6n\u00f6sen j\u00f3l m\u0171k\u00f6dhet olyan terekben, ahol a c\u00e9l a bar\u00e1ts\u00e1gosabb, energikusabb, m\u00e9gis harmonikusabb atmoszf\u00e9ra megteremt\u00e9se. \nJ\u00f3 v\u00e1laszt\u00e1s lehet akkor, ha azt \u00e9rzed, hogy a helyis\u00e9gb\u0151l hi\u00e1nyzik egy kis melegs\u00e9g, nyitotts\u00e1g vagy \u00e9ppen az a vizu\u00e1lis plusz, amit\u0151l igaz\u00e1n \u00e9lettel teliv\u00e9 v\u00e1lik.","price":"51000.00","unit":"db","recommended":"0","status":"1","sponsored":"0","exp_notify":"0","own_material":"0","own_material_description_old":null,"own_material_description":"","jury":"0","jury_number":"","product_nature":"","meskaracsony":"0","create_date":"2026-09-02 06:44:10","shelve_id":"0","image":"partpaintings_product_742952_260902063718_371354.jpeg","image_width":"480","image_height":"852","image_alt":"Tapinthat\u00f3 sz\u00ednek: Wave Series \u2013 15. - Eredeti, textur\u00e1lt absztrakt olajfestm\u00e9ny, Olajfestm\u00e9ny fapanelen \\nM\u00e9rete: 35\u00d735 cm, vastags\u00e1ga: 0,8 cm \\nKeretezve nincs! \\nBiztons\u00e1gosan csomag..., Meska","image_title":"Tapinthat\u00f3 sz\u00ednek: Wave Series \u2013 15. - Eredeti, textur\u00e1lt absztrakt olajfestm\u00e9ny, Meska","view_count":"15","favourite_count":"0","trending_score":"0","last2MonthFavouriteCount":"0","promotion":"0","giftcard_accept":"0","creditcard_accept":true,"enhanced_background":"0","domain":"meska","specific_customer_id":null,"specific_customer_name":null,"to_order_product":"0","to_order_product_time":"0","product_different":null,"product_different_description":"","vintage":"0","vintage_category_id":"0","recycled":"0","gemstone_id":"0","customizable":"0","type_category":"physical","zerowaste":"0","postage_price":"2599.00","shop_order":"0","has_category":"1","landing_pages":null,"microdata":{"number":91,"category":""},"title":"Tapinthat\u00f3 sz\u00ednek: Wave Series \u2013 15. - Eredeti, textur\u00e1lt absztrakt olajfestm\u00e9ny","description":"Olajfestm\u00e9ny fapanelen \nM\u00e9rete: 35\u00d735 cm, vastags\u00e1ga: 0,8 cm \nKeretezve nincs! \nBiztons\u00e1gosan csomagolva post\u00e1zom. \n\nFestm\u00e9nyeimet abb\u00f3l a gondolatb\u00f3l k\u00e9sz\u00edtem, hogy a sz\u00ednek \u00e9s a text\u00far\u00e1k nemcsak l\u00e1that\u00f3k, hanem \u00e1t\u00e9lhet\u0151k is. \nA Tactile Colours \u2013 Tapinthat\u00f3 sz\u00ednek sz\u00e1momra azt jelenti, hogy egy alkot\u00e1s ne puszt\u00e1n d\u00edsz\u00edtsen, hanem legyen benne valami, amihez \u00fajra \u00e9s \u00fajra j\u00f3 kapcsol\u00f3dni, \u00e9s ami hosszabb id\u0151 ut\u00e1n is k\u00e9pes friss \u00e9lm\u00e9nyt adni.\n\nEz egy eredeti, k\u00e9zzel k\u00e9sz\u00fclt olajfestm\u00e9ny. Egyetlen p\u00e9ld\u00e1ny l\u00e9tezik bel\u0151le.\n\nJ\u00f3 v\u00e1laszt\u00e1s lehet, ha:\n\u2022 a nappalid rendezett, de hi\u00e1nyzik bel\u0151le egy \u00e9l\u0151bb, der\u0171sebb hangulat\n\u2022 egy \u00e9tkez\u0151be vagy k\u00f6z\u00f6ss\u00e9gi t\u00e9rbe keresel olyan alkot\u00e1st, amely melegebb\u00e9 \u00e9s h\u00edvogat\u00f3bb\u00e1 teszi a k\u00f6rnyezetet\n\u2022 a dolgoz\u00f3szob\u00e1dban vagy irod\u00e1dban szeretn\u00e9l oldani a t\u00falzott merevs\u00e9gen, \u00e9s j\u00f3l j\u00f6nne egy kis friss\u00edt\u0151 lend\u00fclet\n\u2022 egy el\u0151szob\u00e1t vagy fogad\u00f3teret tenn\u00e9l bar\u00e1ts\u00e1gosabb\u00e1, hogy m\u00e1r bel\u00e9p\u00e9skor nyitottabb, k\u00f6nnyedebb legyen az \u00f6sszhat\u00e1s\n\u2022 van egy helyis\u00e9g az otthonodban, amely kiss\u00e9 h\u0171v\u00f6snek, szem\u00e9lytelennek vagy befejezetlennek hat, \u00e9s szeretn\u00e9l bele t\u00f6bb \u00e9letet vinni\n\u2022 olyan eredeti m\u0171alkot\u00e1st keresel, amely nem nehez\u00edti el a teret, hanem melegs\u00e9get, mozg\u00e1st \u00e9s k\u00f6nnyedebb jelenl\u00e9tet ad neki\n\nEz a festm\u00e9ny k\u00fcl\u00f6n\u00f6sen j\u00f3l m\u0171k\u00f6dhet olyan terekben, ahol a c\u00e9l a bar\u00e1ts\u00e1gosabb, energikusabb, m\u00e9gis harmonikusabb atmoszf\u00e9ra megteremt\u00e9se. \nJ\u00f3 v\u00e1laszt\u00e1s lehet akkor, ha azt \u00e9rzed, hogy a helyis\u00e9gb\u0151l hi\u00e1nyzik egy kis melegs\u00e9g, nyitotts\u00e1g vagy \u00e9ppen az a vizu\u00e1lis plusz, amit\u0151l igaz\u00e1n \u00e9lettel teliv\u00e9 v\u00e1lik.","score":0,"formatted_price":"51 000 Ft","image_url":"https:\/\/www.meska.hu\/img\/product\/small\/p\/a\/partpaintings_product_742952_260902063718_371354.jpeg","formatted_url":"https:\/\/www.meska.hu\/p5864133-tapinthato-szinek-wave-series-15-eredeti-texturalt-absztrakt-olajfestmeny","favourite":false,"in_stock":true,"avatar":"742952_avatar_1788323448.png","delete_from":0,"is_enhanced_background":false,"is_enhanced":false,"product_selection_started":false,"is_active":true,"image_webp_url":"https:\/\/www.meska.hu\/img\/product\/small\/p\/a\/partpaintings_product_742952_260902063718_371354.webp"},{"id":"4687475","shop_id":"23695","user_id":"266663","shop_name":"spezso","shop_zip":"2143","product_code":"4891117","product_name_old":null,"product_name":"Igaz bar\u00e1ts\u00e1g - T\u00f6bb v\u00e1ltozat- K\u00e9zzel \u00fcvegre festett falik\u00e9p, \u00fcvegfestm\u00e9ny.","category_string":"M\u0171v\u00e9szet, Festm\u00e9ny, \u00dcvegfestm\u00e9ny","technic_string":"Fest\u00e9szet, \u00dcvegm\u0171v\u00e9szet","category_1":"357","category_2":"358","category_3":"1325","category_4":"0","merged_category_1":"0","merged_category_2":"0","merged_category_3":"785","technic_1":"480","technic_2":"505","technic_3":"0","color_1":"521","color_2":"568","color_3":"528","product_description_old":null,"product_description":"Kedves l\u00e1togat\u00f3, \u00f6r\u00fcl\u00f6k, hogy ben\u00e9zett hozz\u00e1m.\n\nEz a kedves kis k\u00e9p r\u00e9szemr\u0151l egy kis nosztalgi\u00e1z\u00e1s. Egy kis visszatekint\u00e9s, a ifj\u00fa korba, az igaz bar\u00e1ts\u00e1gok sz\u00fclet\u00e9se, az \u00e1lmodoz\u00e1sok id\u0151szak\u00e1ba. - A k\u00e9p k\u00e9sz\u00fclt\u00e9nek az aprop\u00f3ja egy tal\u00e1lkoz\u00f3 a r\u00e9gi bar\u00e1tn\u0151kkel, oszt\u00e1lyt\u00e1rsakkal. \/Ak\u00e1r mi is lehett\u00fcnk volna, hab\u00e1r  \u00e9n m\u00e1r nagymama kor\u00fa vagyok\/. - Ennek ellen\u00e9re szeretettel aj\u00e1nlom ezt a k\u00e9pet mai fiataloknak, ak\u00e1r tiniknek, - s\u0151t r\u00e9gi tiniknek is - bar\u00e1ts\u00e1gok eml\u00e9k\u00e9re. Szem\u00e9lyre \u00e9s alkalomra szabhat\u00f3. Pl. nevek, esetleg p\u00e1r sor, ami r\u00e1f\u00e9r a k\u00e9pre, r\u00e1 tudom \u00edrni. Egyik k\u00e9pen 3, -a m\u00e1sikon 2 bar\u00e1tn\u0151 szerepel, akik lehetn\u00e9nek ak\u00e1r iker tes\u00f3k is.\nEzek a k\u00e9pek \u00fcvegre festett k\u00e9pek, - \u00fcvegfestm\u00e9ny, - a sz\u00e9pen csillog\u00f3, f\u00e9nyes fel\u00fcletek \u00e9s \u00e9l\u00e9nk sz\u00ednek a jellemz\u0151ek. \u00cdgy el\u00e9g k\u00fcl\u00f6nleges, modern, dekorat\u00edv aj\u00e1nd\u00e9k lehet. \nMinden k\u00e9pem egyedi, k\u00e9zzel festett, szign\u00f3zott, - m\u00e9rete bekeretezve 26x34 cm. A k\u00e9p \u00e1ra bekeretezve \u00e9rtend\u0151. A k\u00e9pek k\u00e9szen vannak, ak\u00e1r azonnal is elvihet\u0151k. Szem\u00e9lyes \u00e1tv\u00e9tel is lehets\u00e9ges Kistarcs\u00e1n, vagy Budapest \u00d6rs vez\u00e9r tere.\nHa post\u00e1zni kell, akkor t\u00f6r\u00e9sbiztos csomagol\u00e1sban k\u00fcld\u00f6m a Magyar Post\u00e1val.\nK\u00f6sz\u00f6n\u00f6m, hogy ben\u00e9zett a virtu\u00e1lis boltomba, ha teheti tekintse meg a t\u00f6bbi term\u00e9kemet is. Rem\u00e9lem, hogy megleli \u00e1lmai aj\u00e1nd\u00e9k\u00e1t. \u00dcdv Spezso","price":"15888.00","unit":"db","recommended":"0","status":"1","sponsored":"0","exp_notify":"0","own_material":"0","own_material_description_old":null,"own_material_description":"","jury":"0","jury_number":"","product_nature":"","meskaracsony":"0","create_date":"2026-09-01 20:37:56","shelve_id":"65247","image":"spezso_product_266663_230120141326_864367.jpeg","image_width":"480","image_height":"369","image_alt":"Igaz bar\u00e1ts\u00e1g - T\u00f6bb v\u00e1ltozat- K\u00e9zzel \u00fcvegre festett falik\u00e9p, \u00fcvegfestm\u00e9ny., Kedves l\u00e1togat\u00f3, \u00f6r\u00fcl\u00f6k, hogy ben\u00e9zett hozz\u00e1m.\\n\\nEz a kedves kis k\u00e9p r\u00e9szemr\u0151l egy kis nosztalgi\u00e1z\u00e1s...., Meska","image_title":"Igaz bar\u00e1ts\u00e1g - T\u00f6bb v\u00e1ltozat- K\u00e9zzel \u00fcvegre festett falik\u00e9p, \u00fcvegfestm\u00e9ny., Meska","view_count":"2250","favourite_count":"0","trending_score":"0","last2MonthFavouriteCount":"0","promotion":0,"giftcard_accept":"1","creditcard_accept":false,"enhanced_background":"0","domain":"meska","specific_customer_id":null,"specific_customer_name":null,"to_order_product":"0","to_order_product_time":"0","product_different":null,"product_different_description":"","vintage":"0","vintage_category_id":"0","recycled":"0","gemstone_id":"0","customizable":"1","type_category":"physical","zerowaste":"0","postage_price":"0.00","shop_order":"0","has_category":"1","landing_pages":null,"microdata":{"number":92,"category":""},"title":"Igaz bar\u00e1ts\u00e1g - T\u00f6bb v\u00e1ltozat- K\u00e9zzel \u00fcvegre festett falik\u00e9p, \u00fcvegfestm\u00e9ny.","description":"Kedves l\u00e1togat\u00f3, \u00f6r\u00fcl\u00f6k, hogy ben\u00e9zett hozz\u00e1m.\n\nEz a kedves kis k\u00e9p r\u00e9szemr\u0151l egy kis nosztalgi\u00e1z\u00e1s. Egy kis visszatekint\u00e9s, a ifj\u00fa korba, az igaz bar\u00e1ts\u00e1gok sz\u00fclet\u00e9se, az \u00e1lmodoz\u00e1sok id\u0151szak\u00e1ba. - A k\u00e9p k\u00e9sz\u00fclt\u00e9nek az aprop\u00f3ja egy tal\u00e1lkoz\u00f3 a r\u00e9gi bar\u00e1tn\u0151kkel, oszt\u00e1lyt\u00e1rsakkal. \/Ak\u00e1r mi is lehett\u00fcnk volna, hab\u00e1r  \u00e9n m\u00e1r nagymama kor\u00fa vagyok\/. - Ennek ellen\u00e9re szeretettel aj\u00e1nlom ezt a k\u00e9pet mai fiataloknak, ak\u00e1r tiniknek, - s\u0151t r\u00e9gi tiniknek is - bar\u00e1ts\u00e1gok eml\u00e9k\u00e9re. Szem\u00e9lyre \u00e9s alkalomra szabhat\u00f3. Pl. nevek, esetleg p\u00e1r sor, ami r\u00e1f\u00e9r a k\u00e9pre, r\u00e1 tudom \u00edrni. Egyik k\u00e9pen 3, -a m\u00e1sikon 2 bar\u00e1tn\u0151 szerepel, akik lehetn\u00e9nek ak\u00e1r iker tes\u00f3k is.\nEzek a k\u00e9pek \u00fcvegre festett k\u00e9pek, - \u00fcvegfestm\u00e9ny, - a sz\u00e9pen csillog\u00f3, f\u00e9nyes fel\u00fcletek \u00e9s \u00e9l\u00e9nk sz\u00ednek a jellemz\u0151ek. \u00cdgy el\u00e9g k\u00fcl\u00f6nleges, modern, dekorat\u00edv aj\u00e1nd\u00e9k lehet. \nMinden k\u00e9pem egyedi, k\u00e9zzel festett, szign\u00f3zott, - m\u00e9rete bekeretezve 26x34 cm. A k\u00e9p \u00e1ra bekeretezve \u00e9rtend\u0151. A k\u00e9pek k\u00e9szen vannak, ak\u00e1r azonnal is elvihet\u0151k. Szem\u00e9lyes \u00e1tv\u00e9tel is lehets\u00e9ges Kistarcs\u00e1n, vagy Budapest \u00d6rs vez\u00e9r tere.\nHa post\u00e1zni kell, akkor t\u00f6r\u00e9sbiztos csomagol\u00e1sban k\u00fcld\u00f6m a Magyar Post\u00e1val.\nK\u00f6sz\u00f6n\u00f6m, hogy ben\u00e9zett a virtu\u00e1lis boltomba, ha teheti tekintse meg a t\u00f6bbi term\u00e9kemet is. Rem\u00e9lem, hogy megleli \u00e1lmai aj\u00e1nd\u00e9k\u00e1t. \u00dcdv Spezso","score":0,"formatted_price":"15 888 Ft","image_url":"https:\/\/www.meska.hu\/img\/product\/small\/s\/p\/spezso_product_266663_230120141326_864367.jpeg","formatted_url":"https:\/\/www.meska.hu\/p4891117-iker-lelkek-baratnok-baratsag-orok-kezzel-uvegre-festett-falikep-uvegfestmeny","favourite":false,"in_stock":true,"avatar":"spezso_avatar_266663_1587803542.jpg","delete_from":0,"is_enhanced_background":false,"is_enhanced":false,"product_selection_started":false,"is_active":true,"image_webp_url":"https:\/\/www.meska.hu\/img\/product\/small\/s\/p\/spezso_product_266663_230120141326_864367.webp"},{"id":"5786526","shop_id":"37080","user_id":"491542","shop_name":"Antiquelive","shop_zip":"9021","product_code":"5549808","product_name_old":null,"product_name":"Medv\u00e9k, fantasztikus nagym\u00e9ret\u0171 \"vad\u00e1szos\" festm\u00e9ny","category_string":"M\u0171v\u00e9szet, Festm\u00e9ny, Olajfestm\u00e9ny","technic_string":"Fest\u00e9szet","category_1":"357","category_2":"358","category_3":"361","category_4":"0","merged_category_1":null,"merged_category_2":null,"merged_category_3":null,"technic_1":"480","technic_2":"0","technic_3":"0","color_1":"512","color_2":"514","color_3":"529","product_description_old":null,"product_description":"Olajfestm\u00e9ny (Siskin orosz fest\u0151m\u0171v\u00e9sz ut\u00e1n, reprodukci\u00f3) Ivan Ivanovics Siskin (Jelabuga, Oroszorsz\u00e1g (ma Tat\u00e1rf\u00f6ld), 1832. janu\u00e1r 25. \u2013 Szentp\u00e9terv\u00e1r, 1898. m\u00e1rcius 20.) orosz t\u00e1jk\u00e9pfest\u0151, a 19. sz\u00e1zadi realista orosz fest\u00e9szet kiemelked\u0151 mestere. K\u00e9pein kiv\u00e1l\u00f3an, l\u00edraian adta vissza az \u00e9vszakok v\u00e1ltakoz\u00e1s\u00e1t, a term\u00e9szet \u00e9s az \u00e1llatok \u00e9let\u00e9t, nagyon \u00fcgyelt a t\u00e1j hangulat\u00e1t kiemel\u0151 r\u00e9szletekre. Ez az impoz\u00e1ns nagym\u00e9ret\u0171 k\u00e9pe a magyar fest\u0151m\u0171v\u00e9sz Czinege Zsolt m\u00e1solata. A k\u00e9p falemezre k\u00e9sz\u00fclt hatalmas, gy\u00f6ny\u00f6r\u0171, hib\u00e1tlan aranyozott vastag keretben ker\u00fcl elad\u00e1sra. Vad\u00e1szh\u00e1zba vagy vad\u00e1sz szob\u00e1j\u00e1ba kiv\u00e1l\u00f3 v\u00e1laszt\u00e1s lenne. De term\u00e9szetesen b\u00e1rmilyen term\u00e9szetet vagy \u00e1llatokat kedvel\u0151nek sz\u00edvesen aj\u00e1nlom. A m\u00e9rete a t\u00edz centim\u00e9ter vastag kerettel egy\u00fctt: 90 x 120 cm. Al\u00e1\u00edrva lent k\u00f6z\u00e9pen : Czinege","price":"245000.00","unit":"db","recommended":"0","status":"1","sponsored":"0","exp_notify":"0","own_material":"0","own_material_description_old":null,"own_material_description":"","jury":"0","jury_number":"","product_nature":"","meskaracsony":"0","create_date":"2026-09-01 19:40:33","shelve_id":"68859","image":"antiquelive_product_491542_250509105549_15397.png","image_width":"480","image_height":"480","image_alt":"Medv\u00e9k, fantasztikus nagym\u00e9ret\u0171 \\\"vad\u00e1szos\\\" festm\u00e9ny, Olajfestm\u00e9ny (Siskin orosz fest\u0151m\u0171v\u00e9sz ut\u00e1n, reprodukci\u00f3) Ivan Ivanovics Siskin (Jelabuga, Oroszorsz..., Meska","image_title":"Medv\u00e9k, fantasztikus nagym\u00e9ret\u0171 \\\"vad\u00e1szos\\\" festm\u00e9ny, Meska","view_count":"558","favourite_count":"0","trending_score":"0","last2MonthFavouriteCount":"0","promotion":0,"giftcard_accept":"0","creditcard_accept":false,"enhanced_background":"0","domain":"meska","specific_customer_id":null,"specific_customer_name":null,"to_order_product":"0","to_order_product_time":"0","product_different":null,"product_different_description":"","vintage":"0","vintage_category_id":"0","recycled":"0","gemstone_id":"0","customizable":"0","type_category":"physical","zerowaste":"0","postage_price":"1290.00","shop_order":"0","has_category":"1","landing_pages":null,"microdata":{"number":93,"category":""},"title":"Medv\u00e9k, fantasztikus nagym\u00e9ret\u0171 \"vad\u00e1szos\" festm\u00e9ny","description":"Olajfestm\u00e9ny (Siskin orosz fest\u0151m\u0171v\u00e9sz ut\u00e1n, reprodukci\u00f3) Ivan Ivanovics Siskin (Jelabuga, Oroszorsz\u00e1g (ma Tat\u00e1rf\u00f6ld), 1832. janu\u00e1r 25. \u2013 Szentp\u00e9terv\u00e1r, 1898. m\u00e1rcius 20.) orosz t\u00e1jk\u00e9pfest\u0151, a 19. sz\u00e1zadi realista orosz fest\u00e9szet kiemelked\u0151 mestere. K\u00e9pein kiv\u00e1l\u00f3an, l\u00edraian adta vissza az \u00e9vszakok v\u00e1ltakoz\u00e1s\u00e1t, a term\u00e9szet \u00e9s az \u00e1llatok \u00e9let\u00e9t, nagyon \u00fcgyelt a t\u00e1j hangulat\u00e1t kiemel\u0151 r\u00e9szletekre. Ez az impoz\u00e1ns nagym\u00e9ret\u0171 k\u00e9pe a magyar fest\u0151m\u0171v\u00e9sz Czinege Zsolt m\u00e1solata. A k\u00e9p falemezre k\u00e9sz\u00fclt hatalmas, gy\u00f6ny\u00f6r\u0171, hib\u00e1tlan aranyozott vastag keretben ker\u00fcl elad\u00e1sra. Vad\u00e1szh\u00e1zba vagy vad\u00e1sz szob\u00e1j\u00e1ba kiv\u00e1l\u00f3 v\u00e1laszt\u00e1s lenne. De term\u00e9szetesen b\u00e1rmilyen term\u00e9szetet vagy \u00e1llatokat kedvel\u0151nek sz\u00edvesen aj\u00e1nlom. A m\u00e9rete a t\u00edz centim\u00e9ter vastag kerettel egy\u00fctt: 90 x 120 cm. Al\u00e1\u00edrva lent k\u00f6z\u00e9pen : Czinege","score":0,"formatted_price":"245 000 Ft","image_url":"https:\/\/www.meska.hu\/img\/product\/small\/a\/n\/antiquelive_product_491542_250509105549_15397.png","formatted_url":"https:\/\/www.meska.hu\/p5549808-medvek-fantasztikus-nagymeretu-vadaszos-festmeny","favourite":false,"in_stock":true,"avatar":"491542_avatar_1648132055.png","delete_from":0,"is_enhanced_background":false,"is_enhanced":false,"product_selection_started":false,"is_active":true,"image_webp_url":"https:\/\/www.meska.hu\/img\/product\/small\/a\/n\/antiquelive_product_491542_250509105549_15397.webp"},{"id":"6062235","shop_id":"38284","user_id":"518552","shop_name":"EstherArt","shop_zip":"6723","product_code":"5696616","product_name_old":null,"product_name":"Akvarell - (2026.)","category_string":"M\u0171v\u00e9szet, Festm\u00e9ny, Akvarell","technic_string":"Fest\u00e9szet, H\u00edmz\u00e9s","category_1":"357","category_2":"358","category_3":"360","category_4":"0","merged_category_1":null,"merged_category_2":null,"merged_category_3":null,"technic_1":"480","technic_2":"487","technic_3":"0","color_1":"512","color_2":"568","color_3":"529","product_description_old":null,"product_description":"K\u00e9zzel h\u00edmzett akvarell, gy\u00f6ngyh\u00e1z f\u00e9ny\u0171 akvarell r\u00e9szletekkel, mixed media technik\u00e1val k\u00e9sz\u00fclt egyedi illusztr\u00e1ci\u00f3, k\u00e9zzel festett nem print.\nKedves aj\u00e1nd\u00e9k \u00f6tlet b\u00e1rkinek aki szeret egyedi, k\u00e9zzel k\u00e9sz\u00fclt aj\u00e1nd\u00e9kot adni, de ak\u00e1r az \u00f6n otthona d\u00edsze is lehet. \n\nM\u00e9ret: 50*32,5 cm\nKiv\u00e1l\u00f3 min\u0151s\u00e9g\u0171 HNM Cornwall 450 grammos akvarell kartonra k\u00e9sz\u00fclt. \nAz \u00e1r a k\u00e9pre vonatkozik (keret, paszpartu nincs hozz\u00e1).\n\nGondosan csomagolva k\u00fcld\u00f6m, nem s\u00e9r\u00fcl. \nSzem\u00e9lyes \u00e1tv\u00e9tel Szegeden lehets\u00e9ges. \n\u00dczenetben egyeztetj\u00fck a r\u00e9szleteket, keressen b\u00e1tran! \nMinden jog fenntartva!\n","price":"15000.00","unit":"db","recommended":"0","status":"1","sponsored":"0","exp_notify":"0","own_material":"0","own_material_description_old":null,"own_material_description":"","jury":"0","jury_number":"","product_nature":"","meskaracsony":"0","create_date":"2026-09-01 18:57:27","shelve_id":"81951","image":"estherart_product_518552_260104111338_703345.jpeg","image_width":"480","image_height":"480","image_alt":"Akvarell - (2026.), K\u00e9zzel h\u00edmzett akvarell, gy\u00f6ngyh\u00e1z f\u00e9ny\u0171 akvarell r\u00e9szletekkel, mixed media technik\u00e1val k\u00e9sz\u00fclt egye..., Meska","image_title":"Akvarell - (2026.), Meska","view_count":"118","favourite_count":"0","trending_score":"0","last2MonthFavouriteCount":"0","promotion":0,"giftcard_accept":"0","creditcard_accept":true,"enhanced_background":"0","domain":"meska","specific_customer_id":null,"specific_customer_name":null,"to_order_product":"0","to_order_product_time":"0","product_different":null,"product_different_description":"","vintage":"0","vintage_category_id":"0","recycled":"0","gemstone_id":"0","customizable":"0","type_category":"physical","zerowaste":"0","postage_price":"1290.00","shop_order":"0","has_category":"1","landing_pages":null,"microdata":{"number":94,"category":""},"title":"Akvarell - (2026.)","description":"K\u00e9zzel h\u00edmzett akvarell, gy\u00f6ngyh\u00e1z f\u00e9ny\u0171 akvarell r\u00e9szletekkel, mixed media technik\u00e1val k\u00e9sz\u00fclt egyedi illusztr\u00e1ci\u00f3, k\u00e9zzel festett nem print.\nKedves aj\u00e1nd\u00e9k \u00f6tlet b\u00e1rkinek aki szeret egyedi, k\u00e9zzel k\u00e9sz\u00fclt aj\u00e1nd\u00e9kot adni, de ak\u00e1r az \u00f6n otthona d\u00edsze is lehet. \n\nM\u00e9ret: 50*32,5 cm\nKiv\u00e1l\u00f3 min\u0151s\u00e9g\u0171 HNM Cornwall 450 grammos akvarell kartonra k\u00e9sz\u00fclt. \nAz \u00e1r a k\u00e9pre vonatkozik (keret, paszpartu nincs hozz\u00e1).\n\nGondosan csomagolva k\u00fcld\u00f6m, nem s\u00e9r\u00fcl. \nSzem\u00e9lyes \u00e1tv\u00e9tel Szegeden lehets\u00e9ges. \n\u00dczenetben egyeztetj\u00fck a r\u00e9szleteket, keressen b\u00e1tran! \nMinden jog fenntartva!\n","score":0,"formatted_price":"15 000 Ft","image_url":"https:\/\/www.meska.hu\/img\/product\/small\/e\/s\/estherart_product_518552_260104111338_703345.jpeg","formatted_url":"https:\/\/www.meska.hu\/p5696616-akvarell-lelekter-2026","favourite":false,"in_stock":true,"avatar":"518552_avatar_1723634647.jpeg","delete_from":0,"is_enhanced_background":false,"is_enhanced":false,"product_selection_started":false,"is_active":true,"image_webp_url":"https:\/\/www.meska.hu\/img\/product\/small\/e\/s\/estherart_product_518552_260104111338_703345.webp"},{"id":"6062239","shop_id":"38284","user_id":"518552","shop_name":"EstherArt","shop_zip":"6723","product_code":"5696620","product_name_old":null,"product_name":"Akvarell - H\u00f3es\u00e9sben (2026.)","category_string":"M\u0171v\u00e9szet, Festm\u00e9ny, Akvarell","technic_string":"Fest\u00e9szet","category_1":"357","category_2":"358","category_3":"360","category_4":"0","merged_category_1":null,"merged_category_2":null,"merged_category_3":null,"technic_1":"480","technic_2":"0","technic_3":"0","color_1":"519","color_2":"521","color_3":"523","product_description_old":null,"product_description":"Akvarell, mixed media technik\u00e1val k\u00e9sz\u00fclt egyedi illusztr\u00e1ci\u00f3, k\u00e9zzel festett nem print.\nKedves aj\u00e1nd\u00e9k \u00f6tlet b\u00e1rkinek aki szeret egyedi, k\u00e9zzel k\u00e9sz\u00fclt aj\u00e1nd\u00e9kot adni, de ak\u00e1r az \u00f6n otthona d\u00edsze is lehet. \n\nM\u00e9ret: 65*50 cm\nKiv\u00e1l\u00f3 min\u0151s\u00e9g\u0171 HNM Cornwall 450 grammos akvarell kartonra k\u00e9sz\u00fclt. \nAz \u00e1r a k\u00e9pre vonatkozik (keret, paszpartu nincs hozz\u00e1).\n\nGondosan csomagolva k\u00fcld\u00f6m, nem s\u00e9r\u00fcl. \nSzem\u00e9lyes \u00e1tv\u00e9tel Szegeden lehets\u00e9ges. \n\u00dczenetben egyeztetj\u00fck a r\u00e9szleteket, keressen b\u00e1tran! \nMinden jog fenntartva!\n","price":"29000.00","unit":"db","recommended":"0","status":"1","sponsored":"0","exp_notify":"0","own_material":"0","own_material_description_old":null,"own_material_description":"","jury":"0","jury_number":"","product_nature":"","meskaracsony":"0","create_date":"2026-09-01 18:57:25","shelve_id":"80135","image":"estherart_product_518552_260104111934_423935.jpeg","image_width":"480","image_height":"480","image_alt":"Akvarell - H\u00f3es\u00e9sben (2026.), Akvarell, mixed media technik\u00e1val k\u00e9sz\u00fclt egyedi illusztr\u00e1ci\u00f3, k\u00e9zzel festett nem print.\\nKedves aj\u00e1n..., Meska","image_title":"Akvarell - H\u00f3es\u00e9sben (2026.), Meska","view_count":"114","favourite_count":"0","trending_score":"0","last2MonthFavouriteCount":"0","promotion":0,"giftcard_accept":"0","creditcard_accept":true,"enhanced_background":"0","domain":"meska","specific_customer_id":null,"specific_customer_name":null,"to_order_product":"0","to_order_product_time":"0","product_different":null,"product_different_description":"","vintage":"0","vintage_category_id":"0","recycled":"0","gemstone_id":"0","customizable":"0","type_category":"physical","zerowaste":"0","postage_price":"0.00","shop_order":"0","has_category":"1","landing_pages":null,"microdata":{"number":95,"category":""},"title":"Akvarell - H\u00f3es\u00e9sben (2026.)","description":"Akvarell, mixed media technik\u00e1val k\u00e9sz\u00fclt egyedi illusztr\u00e1ci\u00f3, k\u00e9zzel festett nem print.\nKedves aj\u00e1nd\u00e9k \u00f6tlet b\u00e1rkinek aki szeret egyedi, k\u00e9zzel k\u00e9sz\u00fclt aj\u00e1nd\u00e9kot adni, de ak\u00e1r az \u00f6n otthona d\u00edsze is lehet. \n\nM\u00e9ret: 65*50 cm\nKiv\u00e1l\u00f3 min\u0151s\u00e9g\u0171 HNM Cornwall 450 grammos akvarell kartonra k\u00e9sz\u00fclt. \nAz \u00e1r a k\u00e9pre vonatkozik (keret, paszpartu nincs hozz\u00e1).\n\nGondosan csomagolva k\u00fcld\u00f6m, nem s\u00e9r\u00fcl. \nSzem\u00e9lyes \u00e1tv\u00e9tel Szegeden lehets\u00e9ges. \n\u00dczenetben egyeztetj\u00fck a r\u00e9szleteket, keressen b\u00e1tran! \nMinden jog fenntartva!\n","score":0,"formatted_price":"29 000 Ft","image_url":"https:\/\/www.meska.hu\/img\/product\/small\/e\/s\/estherart_product_518552_260104111934_423935.jpeg","formatted_url":"https:\/\/www.meska.hu\/p5696620-akvarell-hoesesben-2026","favourite":false,"in_stock":true,"avatar":"518552_avatar_1723634647.jpeg","delete_from":0,"is_enhanced_background":false,"is_enhanced":false,"product_selection_started":false,"is_active":true,"image_webp_url":"https:\/\/www.meska.hu\/img\/product\/small\/e\/s\/estherart_product_518552_260104111934_423935.webp"},{"id":"6351465","shop_id":"38633","user_id":"473799","shop_name":"DVeraDesign","shop_zip":"2000","product_code":"5864004","product_name_old":null,"product_name":"Botanikus akvarell k\u00e9pek sz\u00ednes n\u00f6v\u00e9nyekr\u0151l","category_string":"M\u0171v\u00e9szet, Festm\u00e9ny, Akvarell","technic_string":"Fest\u00e9szet","category_1":"357","category_2":"358","category_3":"360","category_4":"0","merged_category_1":null,"merged_category_2":null,"merged_category_3":null,"technic_1":"480","technic_2":"0","technic_3":"0","color_1":"523","color_2":"526","color_3":"529","product_description_old":null,"product_description":"Egyedileg, megrendel\u00e9sre gy\u00e1rtott botanikus jelleg\u0171 illusztr\u00e1ci\u00f3k\nAkvarell technika akvarellpap\u00edron A5 m\u00e9retben\nChili paprik\u00e1k, s\u00e1rga k\u00e1pia \u00e9s hegyeser\u0151s paprik\u00e1k, \u00e9s k\u00fcl\u00f6nf\u00e9le r\u00e9p\u00e1k csokorban\nA munkaid\u0151 a mennyis\u00e9g \u00e9s alapanyag ell\u00e1totts\u00e1g f\u00fcggv\u00e9nye","price":"2000.00","unit":"db","recommended":"0","status":"1","sponsored":"0","exp_notify":"0","own_material":"0","own_material_description_old":null,"own_material_description":"","jury":"0","jury_number":"","product_nature":"","meskaracsony":"0","create_date":"2026-09-01 18:36:52","shelve_id":"0","image":"dveradesign_product_473799_260901182623_92091.jpeg","image_width":"480","image_height":"640","image_alt":"Botanikus akvarell k\u00e9pek sz\u00ednes n\u00f6v\u00e9nyekr\u0151l, Egyedileg, megrendel\u00e9sre gy\u00e1rtott botanikus jelleg\u0171 illusztr\u00e1ci\u00f3k\\nAkvarell technika akvarellpap\u00edron ..., Meska","image_title":"Botanikus akvarell k\u00e9pek sz\u00ednes n\u00f6v\u00e9nyekr\u0151l, Meska","view_count":"24","favourite_count":"0","trending_score":"0","last2MonthFavouriteCount":"0","promotion":"0","giftcard_accept":"0","creditcard_accept":false,"enhanced_background":"0","domain":"meska","specific_customer_id":null,"specific_customer_name":null,"to_order_product":"1","to_order_product_time":"4","product_different":null,"product_different_description":"","vintage":"0","vintage_category_id":"0","recycled":"0","gemstone_id":"0","customizable":"1","type_category":"physical","zerowaste":"0","postage_price":"1290.00","shop_order":"0","has_category":"1","landing_pages":null,"microdata":{"number":96,"category":""},"title":"Botanikus akvarell k\u00e9pek sz\u00ednes n\u00f6v\u00e9nyekr\u0151l","description":"Egyedileg, megrendel\u00e9sre gy\u00e1rtott botanikus jelleg\u0171 illusztr\u00e1ci\u00f3k\nAkvarell technika akvarellpap\u00edron A5 m\u00e9retben\nChili paprik\u00e1k, s\u00e1rga k\u00e1pia \u00e9s hegyeser\u0151s paprik\u00e1k, \u00e9s k\u00fcl\u00f6nf\u00e9le r\u00e9p\u00e1k csokorban\nA munkaid\u0151 a mennyis\u00e9g \u00e9s alapanyag ell\u00e1totts\u00e1g f\u00fcggv\u00e9nye","score":0,"formatted_price":"2 000 Ft","image_url":"https:\/\/www.meska.hu\/img\/product\/small\/d\/v\/dveradesign_product_473799_260901182623_92091.jpeg","formatted_url":"https:\/\/www.meska.hu\/p5864004-botanikus-akvarell-kepek-szines-novenyekrol","favourite":false,"in_stock":false,"avatar":"DVeraDesign_avatar_473799_1665825233.jpg","delete_from":0,"is_enhanced_background":false,"is_enhanced":false,"product_selection_started":false,"is_active":true,"image_webp_url":"https:\/\/www.meska.hu\/img\/product\/small\/d\/v\/dveradesign_product_473799_260901182623_92091.webp"}],"canonicals":{"canonical":"https:\/\/www.meska.hu\/s\/festmeny\/c-358","next":"https:\/\/www.meska.hu\/s\/festmeny\/c-358:p-2"},"seo":{"title":"Festm\u00e9nyek - Meska k\u00e9zm\u0171ves piact\u00e9r","seoTitle":"Festm\u00e9nyek","seoDescription":"Csodasz\u00e9p elad\u00f3 festm\u00e9nyek egyenesen a magyar fest\u0151m\u0171v\u00e9szekt\u0151l. Absztrakt, egyszer\u0171, modern, t\u00e1jk\u00e9p, kort\u00e1rs fetsm\u00e9nyek el\u00e9rhet\u0151k piacter\u00fcnk\u00f6n. Milyen festm\u00e9nyt keresel? A t\u00e1jk\u00e9pek mellett a modern festm\u00e9nyek vagy vir\u00e1gfestm\u00e9nyek k\u00fcl\u00f6nb\u00f6z\u0151 technik\u00e1val k\u00e9sz\u00fclt egyedi darabjai is megtal\u00e1lhat\u00f3k n\u00e1lunk. A k\u00e9zzel festett olajfestm\u00e9nyek elhozz\u00e1k a m\u0171v\u00e9szet \u00f6r\u00f6m\u00e9t otthonodba. V\u00e1logass a k\u00e9peink k\u00f6z\u00f6tt, melyek nappaidba, h\u00e1l\u00f3szob\u00e1dba, vagy a gyerekszob\u00e1ba is t\u00f6k\u00e9letes harm\u00f3ni\u00e1t teremtenek.","metaDescription":"Csodasz\u00e9p elad\u00f3 festm\u00e9nyek magyar fest\u0151kt\u0151l! \u2b50  Absztrakt festm\u00e9ny, t\u00e1jk\u00e9p festm\u00e9ny egyedi megrendel\u00e9sre is, gyors sz\u00e1ll\u00edt\u00e1ssal! \u2714\ufe0f N\u00e9zz k\u00f6r\u00fcl!","descriptionSchema":null,"metaNoIndex":0,"metaNoFollow":0,"seoFound":true,"ogImage":"https:\/\/www.meska.hu\/img\/category_seo\/358-festmenyek--meska-kezmuves-piacter_zkuUU.jpg","canonicals":"https:\/\/www.meska.hu\/s\/festmeny\/c-358"},"breadcrumb":[{"position":1,"name":"Meska.hu","url":"https:\/\/www.meska.hu","last":false},{"position":2,"name":"M\u0171v\u00e9szet","url":"https:\/\/www.meska.hu\/s\/muveszet\/c-357","last":false},{"position":3,"name":"Festm\u00e9ny","url":"https:\/\/www.meska.hu\/s\/festmeny\/c-358","last":true}],"h1":"Festm\u00e9ny","url":{"url":"https:\/\/www.meska.hu\/s\/festmeny\/c-358","title":"Mind","_debug_":false},"_count_":100}