{"_terms_":{"phrase":"*","category_id":"790","category_ids":"790","gift_lifestyle":"13","facets":"n","p":"1","pp":"100","sort_by":"create_date","sort_direction":"desc","product_type":"kezmuves|alapanyag|vintage","session_id":"iq45mkj50ipnanf3tk7oo86s4a"},"total":0,"products":[],"canonicals":{"canonical":"https:\/\/www.meska.hu\/s\/ajtodisz-kopogtato:aki-kedveli-a-muveszeteket\/c-790:gl-13"},"seo":{"title":"Ajt\u00f3d\u00edszek \u00e9s kopogtat\u00f3k - Meska k\u00e9zm\u0171ves piact\u00e9r","seoTitle":"Ajt\u00f3d\u00edszek \u00e9s kopogtat\u00f3k","seoDescription":"K\u00e9zm\u0171ves <b>ajt\u00f3d\u00edszek<\/b> \u00e9s <b>ajt\u00f3kopogtat\u00f3<\/b>, \u00fcnnepi \u00e9s \u00e9vszakk\u00f6sz\u00f6nt\u0151 kopogtat\u00f3k ajt\u00f3ra nagy v\u00e1laszt\u00e9kban tal\u00e1lhat\u00f3k ebben a kateg\u00f3ri\u00e1ban. Egyedi megrendel\u00e9sre is elk\u00e9sz\u00edtik elad\u00f3ink a v\u00e1gyott <b>ajt\u00f3kopogtat\u00f3<\/b>t, k\u00e9r\u00e9seiddel fordulj a k\u00e9sz\u00edt\u0151h\u00f6z, aki k\u00e9szs\u00e9ggel megval\u00f3s\u00edtja az elk\u00e9pzel\u00e9seid az egyeztet\u00e9s alapj\u00e1n. \n\nAz <strong>ajt\u00f3d\u00edszek<\/strong> \u00e9s <strong>kopogtat\u00f3k<\/strong> kiv\u00e1l\u00f3 m\u00f3djai annak, hogy \u00fcdv\u00f6z\u00f6lj\u00fck vend\u00e9geinket, \u00e9s m\u00e1r az ajt\u00f3n\u00e1l bemutassuk otthonunk st\u00edlus\u00e1t. Az <strong>ajt\u00f3d\u00edsz<\/strong> v\u00e1logat\u00e1sunkban szeretn\u00e9nk Neked megmutatni a <strong>kopogtat\u00f3k <\/strong>sokf\u00e9les\u00e9g\u00e9t, a Meska Alkot\u00f3inak k\u00e9z\u00fcgyess\u00e9g\u00e9t \u00e9s azt, hogy hogyan lehet ennyi f\u00e9le anyagb\u00f3l, term\u00e9sb\u0151l csod\u00e1latos \u00e9s \u00edzl\u00e9ses kopogtat\u00f3kat k\u00e9sz\u00edteni. Az <strong>ajt\u00f3d\u00edszek <\/strong>alapja szalma, festett fa, selyemmel, csipk\u00e9vel k\u00f6rbefont, vagy hungarocell alap\u00fa koszor\u00fa, melyet ak\u00e1r kis \u00e1llatfigur\u00e1val, vagy felirattal is k\u00e9sz\u00edthetnek a k\u00e9zm\u0171vesek. \n\n<H2 class=\"text-meska\/base-orange\"><strong>Ajt\u00f3d\u00edszek minden \u00e9vszakra!<\/strong><\/H2>\nA <a href=\"https:\/\/www.meska.hu\/lp\/tavaszi-ajtodiszek-kopogtatok\">tavaszi ajt\u00f3d\u00edsz<\/a> beh\u00edvja az \u201c\u00e9letet\u201d az otthonodba, friss, lend\u00fcletes energi\u00e1kkal t\u00f6lti meg lak\u00e1sod! A<a href=\"https:\/\/www.meska.hu\/lp\/horgolt-tavaszi-ajtodiszek\"> horgolt tavaszi ajt\u00f3d\u00edszek<\/a> frissess\u00e9get \u00e9s \u00fajj\u00e1sz\u00fclet\u00e9st hoznak, m\u00edg az <a href=\"https:\/\/www.meska.hu\/lp\/oszi-ajtodiszek-kopogtatok\">\u0151szi ajt\u00f3d\u00edszek<\/a> melegs\u00e9get \u00e9s a term\u00e9szet v\u00e1ltoz\u00e1s\u00e1t t\u00fckr\u00f6zik. Az  \u0151sz sz\u00edneiben pomp\u00e1z\u00f3 <strong>ajt\u00f3kopogtat\u00f3k <\/strong>meleg-f\u00f6ld sz\u00edneivel sz\u00e1zas term\u00e9seivel, l\u00e9zerv\u00e1gott f\u00e1b\u00f3l k\u00e9sz\u00fclt \u00e1llatk\u00e1val \u00e9s \u0151szi term\u00e9sekkel d\u00edsz\u00edtve kedvesen h\u00edvogatja a l\u00e1togat\u00f3t! \n\nA <a href=\"https:\/\/www.meska.hu\/lp\/teli-ajtodiszek-kopogtatok\">t\u00e9li ajt\u00f3d\u00edszek<\/a> k\u00fcl\u00f6nleges \u00fcnnepi hangulatot var\u00e1zsolnak, a <a href=\"https:\/\/www.meska.hu\/lp\/vintage-retro-ajtodisz\">vintage ajt\u00f3d\u00edsz<\/a> pedig nosztalgikus \u00e9rz\u00e9st kelt, id\u0151tlen eleganci\u00e1val. A <a href=\"https:\/\/www.meska.hu\/lp\/levendulas-ajtodisz-kopogtato\">levendul\u00e1s ajt\u00f3d\u00edsz<\/a> nyugtat\u00f3 hat\u00e1s\u00fa, ezt ak\u00e1r aromater\u00e1pi\u00e1s hat\u00e1sai miatt is aj\u00e1nljuk az eszt\u00e9tikai er\u00e9nyei mellett. Ezek a k\u00e9zm\u0171ves term\u00e9kek nem csak dekorat\u00edv elemek, hanem lehet\u0151s\u00e9get adnak arra is, hogy kifejezz\u00fck szem\u00e9lyis\u00e9g\u00fcnket \u00e9s az adott \u00e9vszakhoz vagy \u00fcnnephez kapcsol\u00f3d\u00f3 \u00e9rz\u00e9seinket\n\nB\u00e1rmelyik \u00e9vszakban t\u00f6k\u00e9letes lehet egy sz\u00ednes vir\u00e1ggal k\u00e9sz\u00fclt \u201e\u00c9des otthon\u201d feliratos  <strong> ajt\u00f3kopogtat\u00f3<\/strong>, amit saj\u00e1t elk\u00e9pzel\u00e9sed szerint is elk\u00e9sz\u00edtenek a Meska Alkot\u00f3i! A <strong>kopogtat\u00f3 ajt\u00f3ra <\/strong>f\u00fcggesztve seg\u00edt egy\u00fctt rezd\u00fclni  a term\u00e9szet ciklusaival. \n","metaDescription":"K\u00e9zm\u0171ves ajt\u00f3d\u00edszek \u00e9s ajt\u00f3kopogtat\u00f3 nagy v\u00e1laszt\u00e9kban, egyedi megrendel\u00e9sre is. \u00dcnnepi \u00e9s \u00e9vszakoknak megfelel\u0151 kopogtat\u00f3k ajt\u00f3ra. \u2705 Magyar design term\u00e9kek. ","metaNoIndex":true,"metaNoFollow":0,"seoFound":true,"ogImage":"https:\/\/www.meska.hu\/img\/category_seo\/790-ajtodiszek-es-kopogtatok--meska-kezmuves-piacter_v3yne.jpg","canonicals":"https:\/\/www.meska.hu\/s\/ajtodisz-kopogtato:aki-kedveli-a-muveszeteket\/c-790:gl-13"},"breadcrumb":[{"position":1,"name":"Meska.hu","url":"https:\/\/www.meska.hu","last":false},{"position":2,"name":"Otthon & \u00c9letm\u00f3d","url":"https:\/\/www.meska.hu\/s\/otthon-eletmod:aki-kedveli-a-muveszeteket\/c-813:gl-13","last":false},{"position":3,"name":"Dekor\u00e1ci\u00f3","url":"https:\/\/www.meska.hu\/s\/dekoracio:aki-kedveli-a-muveszeteket\/c-314:gl-13","last":false},{"position":4,"name":"Ajt\u00f3- \u00e9s ablak dekor\u00e1ci\u00f3","url":"https:\/\/www.meska.hu\/s\/ajto-es-ablak-dekoracio:aki-kedveli-a-muveszeteket\/c-1468:gl-13","last":false},{"position":5,"name":"Ajt\u00f3d\u00edsz & Kopogtat\u00f3","url":"https:\/\/www.meska.hu\/s\/ajtodisz-kopogtato:aki-kedveli-a-muveszeteket\/c-790:gl-13","last":true}],"h1":"Ajt\u00f3d\u00edsz & Kopogtat\u00f3","url":{"url":"https:\/\/www.meska.hu\/s\/ajtodisz-kopogtato:aki-kedveli-a-muveszeteket\/c-790:gl-13","title":"Mind","_debug_":false},"_count_":0}