{"_terms_":{"phrase":"*","category_id":"1157","category_ids":"1157","facets":"n","p":"3","pp":"100","sort_by":"create_date","sort_direction":"desc","product_type":"kezmuves|alapanyag|vintage","session_id":"dalnmdfdumifubhv3en4j6uh3o"},"total":46,"products":[],"canonicals":{"canonical":"https:\/\/www.meska.hu\/s\/portre\/c-1157:p-3","prev":"https:\/\/www.meska.hu\/s\/portre\/c-1157:p-2"},"seo":{"title":"Portr\u00e9 - Meska.hu","seoTitle":"Portr\u00e9","seoDescription":"K\u00e9zzel k\u00e9sz\u00fclt, gy\u00f6ny\u00f6r\u0171 portr\u00e9kat tal\u00e1lsz alkot\u00f3m\u0171v\u00e9szeink gondosan elk\u00e9sz\u00edtett munk\u00e1inak gy\u0171jtem\u00e9ny\u00e9ben. Az embereket \u00e1br\u00e1zol\u00f3 gyerek, n\u0151i, f\u00e9rfi portr\u00e9fot\u00f3ink mellett a m\u0171v\u00e9szi \u00e9s kreat\u00edv portr\u00e9fot\u00f3k is megtal\u00e1lhat\u00f3k piacter\u00fcnk\u00f6n, de m\u00e9g ak\u00e1r kis\u00e1llatportr\u00e9ra is leadhatod rendel\u00e9sed. Term\u00e9szetesen egyedi megrendel\u00e9sre is van lehet\u0151s\u00e9g alkot\u00f3inkn\u00e1l, akik portr\u00e9dat az ig\u00e9nyeidnek megfelel\u0151en k\u00e9sz\u00edtik el. Tekintsd meg portr\u00e9k\u00e9peinket virtu\u00e1lis aukci\u00f3sh\u00e1zunkban.","metaDescription":"Csodasz\u00e9p elad\u00f3 portr\u00e9k egyenesen a magyar alkot\u00f3k m\u0171hely\u00e9b\u0151l. Portr\u00e9 fot\u00f3k, f\u00e9rfi, n\u0151i \u00e9s gyerek portr\u00e9k, m\u0171v\u00e9szi portr\u00e9 fot\u00f3k, kreat\u00edv portr\u00e9k.","descriptionSchema":null,"metaNoIndex":0,"metaNoFollow":0,"seoFound":true,"ogImage":"https:\/\/www.meska.hu\/img\/category_seo\/1157-_TOz0h.jpg","canonicals":"https:\/\/www.meska.hu\/s\/portre\/c-1157:p-3"},"breadcrumb":[{"position":1,"name":"Meska.hu","url":"https:\/\/www.meska.hu","last":false},{"position":2,"name":"M\u0171v\u00e9szet","url":"https:\/\/www.meska.hu\/s\/muveszet\/c-357","last":false},{"position":3,"name":"Portr\u00e9 & Karikat\u00fara","url":"https:\/\/www.meska.hu\/s\/portre-karikatura\/c-368","last":false},{"position":4,"name":"Portr\u00e9","url":"https:\/\/www.meska.hu\/s\/portre\/c-1157","last":true}],"h1":"Portr\u00e9","url":{"url":"https:\/\/www.meska.hu\/s\/portre\/c-1157:p-3","title":"Mind","_debug_":false},"_count_":0}