{"_terms_":{"phrase":"*","technic_id":"482","technics":"482","facets":"n","p":"1","pp":"100","sort_by":"create_date","sort_direction":"desc","product_type":"kezmuves|alapanyag|vintage","session_id":"n4g8ihb5pl5m1bm1uei8f3eq03"},"total":321,"products":[{"id":"6330684","shop_id":"50843","user_id":"750512","shop_name":"Evigurumi","shop_zip":"8124","product_code":"5850525","product_name_old":null,"product_name":"Apoll\u00f3 kulcstart\u00f3","category_string":"T\u00e1ska & Tok, Kulcstart\u00f3 & T\u00e1skad\u00edsz, Kulcstart\u00f3","technic_string":"Fon\u00e1s (csuh\u00e9, gy\u00e9k\u00e9ny, stb.)","category_1":"464","category_2":"390","category_3":"1037","category_4":"0","merged_category_1":null,"merged_category_2":null,"merged_category_3":null,"technic_1":"482","technic_2":"0","technic_3":"0","color_1":"519","color_2":"526","color_3":"0","product_description_old":null,"product_description":"K\u00c9ZZEL K\u00c9SZ\u00dcLT\n\u2728 MAKRAME KULCSTART\u00d3 \u2728\n\n\ud83d\udc9b S\u00e1rga\u2013nat\u00far sz\u00ednkombin\u00e1ci\u00f3\n\ud83e\uddf6 100% k\u00e9zzel k\u00e9sz\u00edtve\n\ud83c\udf81 T\u00f6k\u00e9letes aj\u00e1nd\u00e9k\u00f6tlet\n\ud83d\udd11 Kulcscsom\u00f3ra vagy t\u00e1sk\u00e1ra\n\n\n\ud83c\udf38 El\u00e9rhet\u0151 r\u00f3zsasz\u00edn, s\u00e1rga \u00e9s nat\u00far sz\u00ednben","price":"1990.00","unit":"db","recommended":"0","status":"1","sponsored":"0","exp_notify":"0","own_material":"0","own_material_description_old":null,"own_material_description":"","jury":"0","jury_number":"","product_nature":"","meskaracsony":"0","create_date":"2026-08-19 12:41:11","shelve_id":"0","image":"evigurumi_product_750512_260819123902_60911.jpeg","image_width":"480","image_height":"360","image_alt":"Apoll\u00f3 kulcstart\u00f3, K\u00c9ZZEL K\u00c9SZ\u00dcLT\\n\u2728 MAKRAME KULCSTART\u00d3 \u2728\\n\\n\ud83d\udc9b S\u00e1rga\u2013nat\u00far sz\u00ednkombin\u00e1ci\u00f3\\n\ud83e\uddf6 100% k\u00e9zzel k\u00e9sz\u00edtve\\n\ud83c\udf81 T\u00f6k\u00e9let..., Meska","image_title":"Apoll\u00f3 kulcstart\u00f3, Meska","view_count":"25","favourite_count":"0","trending_score":"0","last2MonthFavouriteCount":"0","promotion":"0","giftcard_accept":"0","creditcard_accept":true,"enhanced_background":"0","domain":"meska","specific_customer_id":null,"specific_customer_name":null,"to_order_product":"0","to_order_product_time":"0","product_different":null,"product_different_description":"","vintage":"0","vintage_category_id":"0","recycled":"0","gemstone_id":"0","customizable":"0","type_category":"physical","zerowaste":"0","postage_price":"1290.00","shop_order":"0","has_category":"1","landing_pages":null,"microdata":{"number":1,"category":""},"title":"Apoll\u00f3 kulcstart\u00f3","description":"K\u00c9ZZEL K\u00c9SZ\u00dcLT\n\u2728 MAKRAME KULCSTART\u00d3 \u2728\n\n\ud83d\udc9b S\u00e1rga\u2013nat\u00far sz\u00ednkombin\u00e1ci\u00f3\n\ud83e\uddf6 100% k\u00e9zzel k\u00e9sz\u00edtve\n\ud83c\udf81 T\u00f6k\u00e9letes aj\u00e1nd\u00e9k\u00f6tlet\n\ud83d\udd11 Kulcscsom\u00f3ra vagy t\u00e1sk\u00e1ra\n\n\n\ud83c\udf38 El\u00e9rhet\u0151 r\u00f3zsasz\u00edn, s\u00e1rga \u00e9s nat\u00far sz\u00ednben","score":0,"formatted_price":"1 990 Ft","image_url":"https:\/\/www.meska.hu\/img\/product\/small\/e\/v\/evigurumi_product_750512_260819123902_60911.jpeg","formatted_url":"https:\/\/www.meska.hu\/p5850525-apollo-kulcstarto","favourite":false,"in_stock":true,"avatar":"750512_avatar_1763067119.png","delete_from":0,"is_enhanced_background":false,"is_enhanced":true,"enhanced_ribbon":"<img src=\"\/images\/brightness_brighter_20x20.png\" style=\"position: absolute; right: 13px; top: 7px;\">","enhanced_key":0,"is_key_2":false,"is_key_3":false,"is_key_4":false,"product_selection_started":false,"is_active":true,"image_webp_url":"https:\/\/www.meska.hu\/img\/product\/small\/e\/v\/evigurumi_product_750512_260819123902_60911.webp"},{"id":"6348618","shop_id":"25209","user_id":"228370","shop_name":"SzatiDizajn","shop_zip":"3412","product_code":"5862262","product_name_old":null,"product_name":"Sz\u00edv alak\u00fa poh\u00e1ral\u00e1t\u00e9t \u00e9s kulcstart\u00f3 aj\u00e1nd\u00e9kcsomag, szett - feh\u00e9r, makram\u00e9","category_string":"Otthon & \u00c9letm\u00f3d, Konyhafelszerel\u00e9s, t\u00e1lal\u00e1s, T\u00e1lal\u00e1s, T\u00e1ny\u00e9r- \u00e9s poh\u00e1ral\u00e1t\u00e9t","technic_string":"Csom\u00f3z\u00e1s, Fon\u00e1s (csuh\u00e9, gy\u00e9k\u00e9ny, stb.)","category_1":"813","category_2":"393","category_3":"1419","category_4":"980","merged_category_1":null,"merged_category_2":null,"merged_category_3":null,"technic_1":"475","technic_2":"482","technic_3":"0","color_1":"519","color_2":"0","color_3":"0","product_description_old":null,"product_description":"A szeretetedet k\u00e9zzel foghat\u00f3 form\u00e1ban adhatod \u00e1t bar\u00e1tn\u0151dnek, csal\u00e1dtagjaidnak vagy gyermeked pedag\u00f3gus\u00e1nak.\n\nEz a b\u00e1jos kis szett egy cseppnyi term\u00e9szetet \u00e9s sok-sok szeretetet csemp\u00e9sz az otthonodba. \nA karacsonyi szett tartalma:\n* egy feh\u00e9r makram\u00e9 sz\u00edv poh\u00e1ral\u00e1t\u00e9t\n* egy gondosan csom\u00f3zott  kulcstart\u00f3\n\n*k\u00e9zzel k\u00e9sz\u00fclt, egyedi darab\n*term\u00e9szetes alapanyagok, meleg sz\u00ednek, gondos k\u00e9zi megmunk\u00e1l\u00e1s\n\nA term\u00e9kek sz\u00ednei az elt\u00e9r\u0151 monitoron m\u00e1sk\u00e9pp jelenhetnek meg. Illetve, a term\u00e9k m\u00e9rete minim\u00e1lisan elt\u00e9rhet, mivel egyedi alkot\u00e1sokr\u00f3l van sz\u00f3.\n\nN\u00e9zd meg t\u00f6bbi term\u00e9kemet is, kar\u00e1csonyfad\u00edszeket, p\u00e9nzatad\u00f3kat \u00e9s egy\u00e9b  dekorelemeket tal\u00e1lsz:\nhttps:\/\/www.meska.hu\/shop\/SzatiDizajn","price":"3300.00","unit":"db","recommended":"0","status":"1","sponsored":"0","exp_notify":"0","own_material":"0","own_material_description_old":null,"own_material_description":"","jury":"0","jury_number":"","product_nature":"","meskaracsony":"0","create_date":"2026-08-30 21:30:15","shelve_id":"81804","image":"szatidizajn_product_228370_251019202836_992198.jpeg","image_width":"480","image_height":"640","image_alt":"Sz\u00edv alak\u00fa poh\u00e1ral\u00e1t\u00e9t \u00e9s kulcstart\u00f3 aj\u00e1nd\u00e9kcsomag, szett - feh\u00e9r, makram\u00e9, A szeretetedet k\u00e9zzel foghat\u00f3 form\u00e1ban adhatod \u00e1t bar\u00e1tn\u0151dnek, csal\u00e1dtagjaidnak vagy gyermeked pedag..., Meska","image_title":"Sz\u00edv alak\u00fa poh\u00e1ral\u00e1t\u00e9t \u00e9s kulcstart\u00f3 aj\u00e1nd\u00e9kcsomag, szett - feh\u00e9r, makram\u00e9, Meska","view_count":"2","favourite_count":"0","trending_score":"0","last2MonthFavouriteCount":"0","promotion":"0","giftcard_accept":"0","creditcard_accept":false,"enhanced_background":"0","domain":"meska","specific_customer_id":null,"specific_customer_name":null,"to_order_product":"0","to_order_product_time":"0","product_different":null,"product_different_description":"","vintage":"0","vintage_category_id":"0","recycled":"0","gemstone_id":"0","customizable":"0","type_category":"physical","zerowaste":"0","postage_price":"1290.00","shop_order":"1","has_category":"1","landing_pages":null,"microdata":{"number":1,"category":""},"title":"Sz\u00edv alak\u00fa poh\u00e1ral\u00e1t\u00e9t \u00e9s kulcstart\u00f3 aj\u00e1nd\u00e9kcsomag, szett - feh\u00e9r, makram\u00e9","description":"A szeretetedet k\u00e9zzel foghat\u00f3 form\u00e1ban adhatod \u00e1t bar\u00e1tn\u0151dnek, csal\u00e1dtagjaidnak vagy gyermeked pedag\u00f3gus\u00e1nak.\n\nEz a b\u00e1jos kis szett egy cseppnyi term\u00e9szetet \u00e9s sok-sok szeretetet csemp\u00e9sz az otthonodba. \nA karacsonyi szett tartalma:\n* egy feh\u00e9r makram\u00e9 sz\u00edv poh\u00e1ral\u00e1t\u00e9t\n* egy gondosan csom\u00f3zott  kulcstart\u00f3\n\n*k\u00e9zzel k\u00e9sz\u00fclt, egyedi darab\n*term\u00e9szetes alapanyagok, meleg sz\u00ednek, gondos k\u00e9zi megmunk\u00e1l\u00e1s\n\nA term\u00e9kek sz\u00ednei az elt\u00e9r\u0151 monitoron m\u00e1sk\u00e9pp jelenhetnek meg. Illetve, a term\u00e9k m\u00e9rete minim\u00e1lisan elt\u00e9rhet, mivel egyedi alkot\u00e1sokr\u00f3l van sz\u00f3.\n\nN\u00e9zd meg t\u00f6bbi term\u00e9kemet is, kar\u00e1csonyfad\u00edszeket, p\u00e9nzatad\u00f3kat \u00e9s egy\u00e9b  dekorelemeket tal\u00e1lsz:\nhttps:\/\/www.meska.hu\/shop\/SzatiDizajn","score":0,"formatted_price":"3 300 Ft","image_url":"https:\/\/www.meska.hu\/img\/product\/small\/s\/z\/szatidizajn_product_228370_251019202836_992198.jpeg","formatted_url":"https:\/\/www.meska.hu\/p5862262-sziv-alaku-poharalatet-es-kulcstarto-ajandekcsomag-szett-feher-makrame","favourite":false,"in_stock":true,"avatar":"SzatiDizajn_avatar_228370_1524133237.jpg","delete_from":0,"is_enhanced_background":false,"is_enhanced":false,"product_selection_started":false,"is_active":true,"image_webp_url":"https:\/\/www.meska.hu\/img\/product\/small\/s\/z\/szatidizajn_product_228370_251019202836_992198.webp"},{"id":"5962103","shop_id":"43442","user_id":"600183","shop_name":"Makid","shop_zip":"2117","product_code":"5648707","product_name_old":null,"product_name":"Z\u00f6ld \u00e1gacska mikromakram\u00e9 kark\u00f6t\u0151","category_string":"\u00c9kszer, Kark\u00f6t\u0151, Kark\u00f6t\u0151 med\u00e1llal","technic_string":"Csom\u00f3z\u00e1s, Fon\u00e1s (csuh\u00e9, gy\u00e9k\u00e9ny, stb.)","category_1":"327","category_2":"333","category_3":"1240","category_4":"0","merged_category_1":null,"merged_category_2":null,"merged_category_3":null,"technic_1":"475","technic_2":"482","technic_3":"0","color_1":"529","color_2":"0","color_3":"0","product_description_old":null,"product_description":"Ezt a k\u00fcl\u00f6nleges makram\u00e9 kark\u00f6t\u0151t egym\u00e1s ut\u00e1n csom\u00f3zott, lev\u00e9lform\u00e1j\u00fa elemek alkotj\u00e1k, melyek egy \u00f6sszef\u00fcgg\u0151 lev\u00e9l\u00e1gat form\u00e1lnak. Az egyes lev\u00e9lmot\u00edvumok gomblyukakk\u00e9nt is funkcion\u00e1lnak, amiken a r\u00e9z form\u00e1j\u00fa lev\u00e9l form\u00e1j\u00fa gombocska \u00e1tf\u0171zhet\u0151, ennek seg\u00edts\u00e9g\u00e9vel m\u00e9retezhet\u0151 a kark\u00f6t\u0151. \n\nMinimalista, m\u00e9gis l\u00e1tv\u00e1nyos kieg\u00e9sz\u00edt\u0151, amely j\u00f3l illik a term\u00e9szetk\u00f6zeli, boh\u00e9m vagy \u00e9pp romantikus st\u00edlushoz.","price":"7900.00","unit":"db","recommended":"0","status":"1","sponsored":"0","exp_notify":"0","own_material":"0","own_material_description_old":null,"own_material_description":"","jury":"0","jury_number":"","product_nature":"","meskaracsony":"0","create_date":"2026-08-30 20:42:02","shelve_id":"77250","image":"makid_product_600183_260830204646_070345.jpeg","image_width":"480","image_height":"471","image_alt":"Z\u00f6ld \u00e1gacska mikromakram\u00e9 kark\u00f6t\u0151, Ezt a k\u00fcl\u00f6nleges makram\u00e9 kark\u00f6t\u0151t egym\u00e1s ut\u00e1n csom\u00f3zott, lev\u00e9lform\u00e1j\u00fa elemek alkotj\u00e1k, melyek egy \u00f6s..., Meska","image_title":"Z\u00f6ld \u00e1gacska mikromakram\u00e9 kark\u00f6t\u0151, Meska","view_count":"186","favourite_count":"0","trending_score":"0","last2MonthFavouriteCount":"0","promotion":"209","giftcard_accept":"0","creditcard_accept":true,"enhanced_background":"0","domain":"meska","specific_customer_id":null,"specific_customer_name":null,"to_order_product":"0","to_order_product_time":"0","product_different":null,"product_different_description":"","vintage":"0","vintage_category_id":"0","recycled":"0","gemstone_id":"0","customizable":"0","type_category":"physical","zerowaste":"0","postage_price":"1290.00","shop_order":"0","has_category":"1","landing_pages":null,"microdata":{"number":2,"category":""},"title":"Z\u00f6ld \u00e1gacska mikromakram\u00e9 kark\u00f6t\u0151","description":"Ezt a k\u00fcl\u00f6nleges makram\u00e9 kark\u00f6t\u0151t egym\u00e1s ut\u00e1n csom\u00f3zott, lev\u00e9lform\u00e1j\u00fa elemek alkotj\u00e1k, melyek egy \u00f6sszef\u00fcgg\u0151 lev\u00e9l\u00e1gat form\u00e1lnak. Az egyes lev\u00e9lmot\u00edvumok gomblyukakk\u00e9nt is funkcion\u00e1lnak, amiken a r\u00e9z form\u00e1j\u00fa lev\u00e9l form\u00e1j\u00fa gombocska \u00e1tf\u0171zhet\u0151, ennek seg\u00edts\u00e9g\u00e9vel m\u00e9retezhet\u0151 a kark\u00f6t\u0151. \n\nMinimalista, m\u00e9gis l\u00e1tv\u00e1nyos kieg\u00e9sz\u00edt\u0151, amely j\u00f3l illik a term\u00e9szetk\u00f6zeli, boh\u00e9m vagy \u00e9pp romantikus st\u00edlushoz.","score":0,"formatted_price":"7 900 Ft","image_url":"https:\/\/www.meska.hu\/img\/product\/small\/m\/a\/makid_product_600183_260830204646_070345.jpeg","formatted_url":"https:\/\/www.meska.hu\/p5648707-zold-agacska-mikromakrame-karkoto","favourite":false,"in_stock":true,"avatar":"600183_avatar_1723910887.jpeg","delete_from":0,"is_enhanced_background":false,"is_enhanced":false,"product_selection_started":false,"original_price":"7 900 Ft","promotion_percentage":"-10%","promoted_price":"7 110 Ft","promoted_price_sup":"10","ribbon":"https:\/\/www.meska.hu\/img\/promotionbanners\/GQTXZHEC0\/product_ribbon_10_1785231767.svg","is_active":true,"image_webp_url":"https:\/\/www.meska.hu\/img\/product\/small\/m\/a\/makid_product_600183_260830204646_070345.webp"},{"id":"6260195","shop_id":"8655","user_id":"42057","shop_name":"KisdioStudio","shop_zip":"1012","product_code":"5810319","product_name_old":null,"product_name":"szept. 19. Buda\u00f6rs - ANGOL KERTI KOS\u00c1R - kos\u00e1rfon\u00f3 workshop","category_string":"DIY (Csin\u00e1ld magad), Workshop & Tanfolyam","technic_string":"Fon\u00e1s (csuh\u00e9, gy\u00e9k\u00e9ny, stb.)","category_1":"402","category_2":"926","category_3":"0","category_4":"0","merged_category_1":null,"merged_category_2":null,"merged_category_3":null,"technic_1":"482","technic_2":"0","technic_3":"0","color_1":"514","color_2":"0","color_3":"0","product_description_old":null,"product_description":"Tarts vel\u00fcnk egy t\u00f6ltekez\u0151s \u00f6r\u00f6mfon\u00e1sra Kamaraerd\u0151n!\n\nId\u0151pont: szept. 19. (10:00-17:00)\n\nMir\u0151l sz\u00f3l ez a workshop?\n\nGyere, \u00e9s lazulj le n\u00e1lunk egy k\u00f6z\u00f6s alkot\u00f3s, cseveg\u0151s nappal!\nAutentikus fon\u00f3 hangulat \u00e9s sz\u00e9ps\u00e9ges, fonott t\u00e1rgyak garant\u00e1lva!\n\nA foglalkoz\u00e1s sor\u00e1n elk\u00e9sz\u00edt\u00fcnk egy t\u00e9glalap alap\u00fa, praktikus kerti (vagy benti t\u00e1rol\u00f3) kosarat hagyom\u00e1nyos csavart f\u00fcllel. A kezd\u0151k r\u00e9tegelt lemez alapra dolgoznak, a halad\u00f3k a kos\u00e1r fenek\u00e9t is fonhatj\u00e1k.\n\nA foglalkoz\u00e1son val\u00f3 r\u00e9szv\u00e9telhez semmif\u00e9le el\u0151k\u00e9pzetts\u00e9g nem sz\u00fcks\u00e9ges, a kos\u00e1r elk\u00e9sz\u00edt\u00e9s\u00e9nek minden l\u00e9p\u00e9s\u00e9n v\u00e9gigvezet\u00fcnk majd!\nCsak a lelkesed\u00e9sed hozd h\u00e1t!\n\nA kos\u00e1rhoz h\u00e9jas f\u0171zfavessz\u0151ket fogunk haszn\u00e1lni.\nA fon\u00e1shoz valamennyi sz\u00fcks\u00e9ges alapanyagot \u00e9s eszk\u00f6zt mi biztos\u00edtjuk sz\u00e1modra.\n\nA foglalkoz\u00e1s alatt te\u00e1val, k\u00e1v\u00e9val \u00e9s egy kis h\u00e1zi s\u00fctivel kedvesked\u00fcnk neked.\n\nMennyibe ker\u00fcl mindez?\n\nA workshop d\u00edja:  27.000 Ft.\n(VIP tagoknak, akik m\u00e1r legal\u00e1bb 2 kor\u00e1bbi workshopunkon r\u00e9szt vettek, a d\u00edj 25.500 Ft)\n\nA foglalkoz\u00e1s l\u00e9tsz\u00e1ma korl\u00e1tozott, a helyek felt\u00f6lt\u00e9se a jelentkez\u00e9sek be\u00e9rkez\u00e9s\u00e9nek sorrendj\u00e9ben t\u00f6rt\u00e9nik.\nA regisztr\u00e1ci\u00f3 azonban csak a tanfolyami d\u00edj befizet\u00e9s\u00e9vel v\u00e1lik v\u00e9glegess\u00e9.\n\nA foglalkoz\u00e1sra p\u00e9nz-visszafizet\u00e9si garanci\u00e1t v\u00e1llalunk!\n\nMit jelent ez?\n\nAzt, hogy a kurzus d\u00edj\u00e1t visszat\u00e9r\u00edtj\u00fck, amennyiben a k\u00e9t nap v\u00e9g\u00e9n nem k\u00e9sz\u00fclne el a kosarad!\n\nHelyileg hol lesz?\n\nA foglalkoz\u00e1s Kamaraerd\u0151n lesz egy k\u00f6z\u00f6ss\u00e9gi t\u00e9rben, sikeres regisztr\u00e1ci\u00f3t k\u00f6vet\u0151en k\u00fcldj\u00fck a r\u00e9szleteket.\n\nIzgatottan v\u00e1rjuk a tal\u00e1lkoz\u00e1st veletek!\nBorka \u00e9s \u00c1kos\n\nA foglalkoz\u00e1s 14 \u00e9v felett aj\u00e1nlott, k\u00e9z \u00edz\u00fcleti probl\u00e9m\u00e1k eset\u00e9n ellenjavallt!","price":"27000.00","unit":"db","recommended":"0","status":"1","sponsored":"0","exp_notify":"0","own_material":"0","own_material_description_old":null,"own_material_description":"","jury":"0","jury_number":"","product_nature":"","meskaracsony":"0","create_date":"2026-08-30 18:47:37","shelve_id":"67848","image":"kisdiostudio_product_42057_260619121744_733524.jpeg","image_width":"480","image_height":"338","image_alt":"szept. 19. Buda\u00f6rs - ANGOL KERTI KOS\u00c1R - kos\u00e1rfon\u00f3 workshop, Tarts vel\u00fcnk egy t\u00f6ltekez\u0151s \u00f6r\u00f6mfon\u00e1sra Kamaraerd\u0151n!\\n\\nId\u0151pont: szept. 19. (10:00-17:00)\\n\\nMir\u0151l sz\u00f3l ..., Meska","image_title":"szept. 19. Buda\u00f6rs - ANGOL KERTI KOS\u00c1R - kos\u00e1rfon\u00f3 workshop, Meska","view_count":"393","favourite_count":"0","trending_score":"0","last2MonthFavouriteCount":"0","promotion":"0","giftcard_accept":"1","creditcard_accept":false,"enhanced_background":"0","domain":"meska","specific_customer_id":null,"specific_customer_name":null,"to_order_product":"0","to_order_product_time":"0","product_different":null,"product_different_description":"","vintage":"0","vintage_category_id":"0","recycled":"0","gemstone_id":"0","customizable":"0","type_category":"physical","zerowaste":"1","postage_price":"0.00","shop_order":"0","has_category":"1","landing_pages":null,"microdata":{"number":3,"category":""},"title":"szept. 19. Buda\u00f6rs - ANGOL KERTI KOS\u00c1R - kos\u00e1rfon\u00f3 workshop","description":"Tarts vel\u00fcnk egy t\u00f6ltekez\u0151s \u00f6r\u00f6mfon\u00e1sra Kamaraerd\u0151n!\n\nId\u0151pont: szept. 19. (10:00-17:00)\n\nMir\u0151l sz\u00f3l ez a workshop?\n\nGyere, \u00e9s lazulj le n\u00e1lunk egy k\u00f6z\u00f6s alkot\u00f3s, cseveg\u0151s nappal!\nAutentikus fon\u00f3 hangulat \u00e9s sz\u00e9ps\u00e9ges, fonott t\u00e1rgyak garant\u00e1lva!\n\nA foglalkoz\u00e1s sor\u00e1n elk\u00e9sz\u00edt\u00fcnk egy t\u00e9glalap alap\u00fa, praktikus kerti (vagy benti t\u00e1rol\u00f3) kosarat hagyom\u00e1nyos csavart f\u00fcllel. A kezd\u0151k r\u00e9tegelt lemez alapra dolgoznak, a halad\u00f3k a kos\u00e1r fenek\u00e9t is fonhatj\u00e1k.\n\nA foglalkoz\u00e1son val\u00f3 r\u00e9szv\u00e9telhez semmif\u00e9le el\u0151k\u00e9pzetts\u00e9g nem sz\u00fcks\u00e9ges, a kos\u00e1r elk\u00e9sz\u00edt\u00e9s\u00e9nek minden l\u00e9p\u00e9s\u00e9n v\u00e9gigvezet\u00fcnk majd!\nCsak a lelkesed\u00e9sed hozd h\u00e1t!\n\nA kos\u00e1rhoz h\u00e9jas f\u0171zfavessz\u0151ket fogunk haszn\u00e1lni.\nA fon\u00e1shoz valamennyi sz\u00fcks\u00e9ges alapanyagot \u00e9s eszk\u00f6zt mi biztos\u00edtjuk sz\u00e1modra.\n\nA foglalkoz\u00e1s alatt te\u00e1val, k\u00e1v\u00e9val \u00e9s egy kis h\u00e1zi s\u00fctivel kedvesked\u00fcnk neked.\n\nMennyibe ker\u00fcl mindez?\n\nA workshop d\u00edja:  27.000 Ft.\n(VIP tagoknak, akik m\u00e1r legal\u00e1bb 2 kor\u00e1bbi workshopunkon r\u00e9szt vettek, a d\u00edj 25.500 Ft)\n\nA foglalkoz\u00e1s l\u00e9tsz\u00e1ma korl\u00e1tozott, a helyek felt\u00f6lt\u00e9se a jelentkez\u00e9sek be\u00e9rkez\u00e9s\u00e9nek sorrendj\u00e9ben t\u00f6rt\u00e9nik.\nA regisztr\u00e1ci\u00f3 azonban csak a tanfolyami d\u00edj befizet\u00e9s\u00e9vel v\u00e1lik v\u00e9glegess\u00e9.\n\nA foglalkoz\u00e1sra p\u00e9nz-visszafizet\u00e9si garanci\u00e1t v\u00e1llalunk!\n\nMit jelent ez?\n\nAzt, hogy a kurzus d\u00edj\u00e1t visszat\u00e9r\u00edtj\u00fck, amennyiben a k\u00e9t nap v\u00e9g\u00e9n nem k\u00e9sz\u00fclne el a kosarad!\n\nHelyileg hol lesz?\n\nA foglalkoz\u00e1s Kamaraerd\u0151n lesz egy k\u00f6z\u00f6ss\u00e9gi t\u00e9rben, sikeres regisztr\u00e1ci\u00f3t k\u00f6vet\u0151en k\u00fcldj\u00fck a r\u00e9szleteket.\n\nIzgatottan v\u00e1rjuk a tal\u00e1lkoz\u00e1st veletek!\nBorka \u00e9s \u00c1kos\n\nA foglalkoz\u00e1s 14 \u00e9v felett aj\u00e1nlott, k\u00e9z \u00edz\u00fcleti probl\u00e9m\u00e1k eset\u00e9n ellenjavallt!","score":0,"formatted_price":"27 000 Ft","image_url":"https:\/\/www.meska.hu\/img\/product\/small\/k\/i\/kisdiostudio_product_42057_260619121744_733524.jpeg","formatted_url":"https:\/\/www.meska.hu\/p5810319-szept-19-budaors-angol-kerti-kosar-kosarfono-workshop","favourite":false,"in_stock":true,"avatar":"KisdioStudio_avatar_42057_1649420514.jpg","delete_from":0,"is_enhanced_background":false,"is_enhanced":false,"product_selection_started":false,"is_active":true,"image_webp_url":"https:\/\/www.meska.hu\/img\/product\/small\/k\/i\/kisdiostudio_product_42057_260619121744_733524.webp"},{"id":"3343123","shop_id":"37156","user_id":"151993","shop_name":"Verizsu","shop_zip":"7400","product_code":"4721767","product_name_old":null,"product_name":"Fonott irattart\u00f3","category_string":"Otthon & \u00c9letm\u00f3d, T\u00e1rol\u00e1s & Rendszerez\u00e9s, \u00cdr\u00f3asztali t\u00e1rol\u00f3","technic_string":"Fon\u00e1s (csuh\u00e9, gy\u00e9k\u00e9ny, stb.), Pap\u00edrm\u0171v\u00e9szet","category_1":"813","category_2":"426","category_3":"994","category_4":"0","merged_category_1":null,"merged_category_2":null,"merged_category_3":null,"technic_1":"482","technic_2":"497","technic_3":"0","color_1":"514","color_2":"526","color_3":"0","product_description_old":null,"product_description":"Pap\u00edrfon\u00e1ssal k\u00e9sz\u00fclt. Els\u0151 l\u00e9p\u00e9sk\u00e9nt feltekertem a pap\u00edrvessz\u0151ket, majd megfestettem \u0151ket v\u00edzb\u00e1zis\u00fa fest\u00e9kkel, illetve v\u00edzben old\u00f3d\u00f3 fap\u00e1ccal. Alapja dupla kartonlap sz\u00ednes f\u00f3li\u00e1val bevonva. Form\u00e1ra fon\u00e1s ut\u00e1n faragaszt\u00f3s oldattal kikem\u00e9ny\u00edtettem. Sz\u00e1rad\u00e1s ut\u00e1n vizes b\u00e1zis\u00fa lakkal kentem \u00e1t. \u00cdgy formatart\u00e1st, hossz\u00fa \u00e9lettartamot biztos\u00edtottam neki.  M\u00e9rs\u00e9kelten v\u00edz\u00e1ll\u00f3, ami azt jelenti, hogy nedves kend\u0151vel \u00e1tt\u00f6r\u00f6lhet\u0151, takar\u00edthat\u00f3, de foly\u00f3v\u00edz alatt nem tiszt\u00edthat\u00f3. A4-es m\u00e9ret\u0171 t\u00f6mb\u00f6k k\u00e9nyelmesen elf\u00e9rnek benne. Meleg sz\u00ednei bar\u00e1ts\u00e1gosan illeszkednek b\u00e1rmely k\u00f6rnyezetbe. \nM\u00e9rete: 30 x 25 x 10 cm.","price":"3600.00","unit":"db","recommended":"0","status":"1","sponsored":"0","exp_notify":"0","own_material":"0","own_material_description_old":null,"own_material_description":"","jury":"0","jury_number":"","product_nature":"","meskaracsony":"0","create_date":"2026-08-30 14:31:22","shelve_id":"68894","image":"verizsu_product_151993_220331232225_072591.jpeg","image_width":"480","image_height":"480","image_alt":"Fonott irattart\u00f3, Pap\u00edrfon\u00e1ssal k\u00e9sz\u00fclt. Els\u0151 l\u00e9p\u00e9sk\u00e9nt feltekertem a pap\u00edrvessz\u0151ket, majd megfestettem \u0151ket v\u00edzb\u00e1zis\u00fa..., Meska","image_title":"Fonott irattart\u00f3, Meska","view_count":"677","favourite_count":"0","trending_score":"0","last2MonthFavouriteCount":"0","promotion":"0","giftcard_accept":"0","creditcard_accept":true,"enhanced_background":"0","domain":"meska","specific_customer_id":null,"specific_customer_name":null,"to_order_product":"0","to_order_product_time":"0","product_different":null,"product_different_description":"","vintage":"0","vintage_category_id":"0","recycled":"0","gemstone_id":"0","customizable":"0","type_category":"physical","zerowaste":"0","postage_price":"2390.00","shop_order":"0","has_category":"1","landing_pages":null,"microdata":{"number":4,"category":""},"title":"Fonott irattart\u00f3","description":"Pap\u00edrfon\u00e1ssal k\u00e9sz\u00fclt. Els\u0151 l\u00e9p\u00e9sk\u00e9nt feltekertem a pap\u00edrvessz\u0151ket, majd megfestettem \u0151ket v\u00edzb\u00e1zis\u00fa fest\u00e9kkel, illetve v\u00edzben old\u00f3d\u00f3 fap\u00e1ccal. Alapja dupla kartonlap sz\u00ednes f\u00f3li\u00e1val bevonva. Form\u00e1ra fon\u00e1s ut\u00e1n faragaszt\u00f3s oldattal kikem\u00e9ny\u00edtettem. Sz\u00e1rad\u00e1s ut\u00e1n vizes b\u00e1zis\u00fa lakkal kentem \u00e1t. \u00cdgy formatart\u00e1st, hossz\u00fa \u00e9lettartamot biztos\u00edtottam neki.  M\u00e9rs\u00e9kelten v\u00edz\u00e1ll\u00f3, ami azt jelenti, hogy nedves kend\u0151vel \u00e1tt\u00f6r\u00f6lhet\u0151, takar\u00edthat\u00f3, de foly\u00f3v\u00edz alatt nem tiszt\u00edthat\u00f3. A4-es m\u00e9ret\u0171 t\u00f6mb\u00f6k k\u00e9nyelmesen elf\u00e9rnek benne. Meleg sz\u00ednei bar\u00e1ts\u00e1gosan illeszkednek b\u00e1rmely k\u00f6rnyezetbe. \nM\u00e9rete: 30 x 25 x 10 cm.","score":0,"formatted_price":"3 600 Ft","image_url":"https:\/\/www.meska.hu\/img\/product\/small\/v\/e\/verizsu_product_151993_220331232225_072591.jpeg","formatted_url":"https:\/\/www.meska.hu\/p4721767-fonott-irattarto","favourite":false,"in_stock":true,"avatar":"151993_avatar_1727908260.jpeg","delete_from":0,"is_enhanced_background":false,"is_enhanced":false,"product_selection_started":false,"is_active":true,"image_webp_url":"https:\/\/www.meska.hu\/img\/product\/small\/v\/e\/verizsu_product_151993_220331232225_072591.webp"},{"id":"6345607","shop_id":"50372","user_id":"744639","shop_name":"AriKezmuvestara","shop_zip":"6000","product_code":"5859632","product_name_old":null,"product_name":"Egyedi med\u00e1los l\u00f3sz\u0151r kark\u00f6t\u0151 d\u00edsz\u00edt\u00e9ssel","category_string":"\u00c9kszer, Kark\u00f6t\u0151, Fonott kark\u00f6t\u0151","technic_string":"Fon\u00e1s (csuh\u00e9, gy\u00e9k\u00e9ny, stb.)","category_1":"327","category_2":"333","category_3":"1232","category_4":"0","merged_category_1":null,"merged_category_2":null,"merged_category_3":null,"technic_1":"482","technic_2":"0","technic_3":"0","color_1":"512","color_2":"517","color_3":"518","product_description_old":null,"product_description":"H\u00e1rmas fon\u00e1ssal k\u00e9sz\u00fclt l\u00f3sz\u0151r kark\u00f6t\u0151, a saj\u00e1t lovad l\u00f3farok sz\u0151r\u00e9b\u0151l, d\u00edsz\u00edt\u0151sz\u00e1llal, \u00e9s med\u00e1llal.\n\nA kark\u00f6t\u0151 elk\u00e9sz\u00edt\u00e9s\u00e9hez sz\u00fcks\u00e9gem lesz legal\u00e1bb 40 cm hossz\u00fa, kb. 1,5-2 cm \u00e1tm\u00e9r\u0151j\u0171 k\u00f6teg faroksz\u0151rre. (Fontos hogy sok egyforma hossz\u00fa sz\u00e1l legyen benne) Gumizd \u00f6ssze, hogy ne hulljon sz\u00e9t a tincs, mosd meg \u00e9s sz\u00e1r\u00edtsd meg elk\u00fcld\u00e9s el\u0151tt.\n\nA kark\u00f6t\u0151t ezzel a fon\u00e1si technik\u00e1val fogom elk\u00e9sz\u00edteni, \u00e9s azzal a med\u00e1llal \u00e9s v\u00e9gz\u00e1r\u00f3val, amelyikkel meg\u00edrod hogy szeretn\u00e9d.\n\nSz\u00fcks\u00e9ges a csukl\u00f3 m\u00e9ret\u00e9t is meg adni, hogy pontosan illeszkedjen a kark\u00f6t\u0151.\n\nA l\u00f3sz\u0151rt megrendel\u00e9st k\u00f6vet\u0151en post\u00e1n\/foxposttal tudod majd hozz\u00e1m eljuttatni.\n\nA sz\u0151rt k\u00e9zhez kapva elk\u00e9sz\u00edtem a kark\u00f6t\u0151t, majd biztons\u00e1gosan csomagolva post\u00e1zom neked.\n\nTov\u00e1bbi med\u00e1lok\u00e9rt , \u00e9s a d\u00edsz\u00edt\u0151sz\u00e1l sz\u00edn\u00e9vel kapcsolatban \u00fczenetetben tudunk m\u00e9g egyeztetni.","price":"5800.00","unit":"db","recommended":"0","status":"1","sponsored":"0","exp_notify":"0","own_material":"0","own_material_description_old":null,"own_material_description":"","jury":"0","jury_number":"","product_nature":"","meskaracsony":"0","create_date":"2026-08-30 10:05:27","shelve_id":"0","image":"arikezmuvestara_product_744639_260830100213_791889.jpeg","image_width":"480","image_height":"506","image_alt":"Egyedi med\u00e1los l\u00f3sz\u0151r kark\u00f6t\u0151 d\u00edsz\u00edt\u00e9ssel, H\u00e1rmas fon\u00e1ssal k\u00e9sz\u00fclt l\u00f3sz\u0151r kark\u00f6t\u0151, a saj\u00e1t lovad l\u00f3farok sz\u0151r\u00e9b\u0151l, d\u00edsz\u00edt\u0151sz\u00e1llal, \u00e9s med\u00e1llal...., Meska","image_title":"Egyedi med\u00e1los l\u00f3sz\u0151r kark\u00f6t\u0151 d\u00edsz\u00edt\u00e9ssel, Meska","view_count":"9","favourite_count":"0","trending_score":"0","last2MonthFavouriteCount":"0","promotion":"0","giftcard_accept":"0","creditcard_accept":false,"enhanced_background":"0","domain":"meska","specific_customer_id":null,"specific_customer_name":null,"to_order_product":"1","to_order_product_time":"7","product_different":null,"product_different_description":"","vintage":"0","vintage_category_id":"0","recycled":"0","gemstone_id":"0","customizable":"1","type_category":"physical","zerowaste":"0","postage_price":"1290.00","shop_order":"0","has_category":"1","landing_pages":null,"microdata":{"number":5,"category":""},"title":"Egyedi med\u00e1los l\u00f3sz\u0151r kark\u00f6t\u0151 d\u00edsz\u00edt\u00e9ssel","description":"H\u00e1rmas fon\u00e1ssal k\u00e9sz\u00fclt l\u00f3sz\u0151r kark\u00f6t\u0151, a saj\u00e1t lovad l\u00f3farok sz\u0151r\u00e9b\u0151l, d\u00edsz\u00edt\u0151sz\u00e1llal, \u00e9s med\u00e1llal.\n\nA kark\u00f6t\u0151 elk\u00e9sz\u00edt\u00e9s\u00e9hez sz\u00fcks\u00e9gem lesz legal\u00e1bb 40 cm hossz\u00fa, kb. 1,5-2 cm \u00e1tm\u00e9r\u0151j\u0171 k\u00f6teg faroksz\u0151rre. (Fontos hogy sok egyforma hossz\u00fa sz\u00e1l legyen benne) Gumizd \u00f6ssze, hogy ne hulljon sz\u00e9t a tincs, mosd meg \u00e9s sz\u00e1r\u00edtsd meg elk\u00fcld\u00e9s el\u0151tt.\n\nA kark\u00f6t\u0151t ezzel a fon\u00e1si technik\u00e1val fogom elk\u00e9sz\u00edteni, \u00e9s azzal a med\u00e1llal \u00e9s v\u00e9gz\u00e1r\u00f3val, amelyikkel meg\u00edrod hogy szeretn\u00e9d.\n\nSz\u00fcks\u00e9ges a csukl\u00f3 m\u00e9ret\u00e9t is meg adni, hogy pontosan illeszkedjen a kark\u00f6t\u0151.\n\nA l\u00f3sz\u0151rt megrendel\u00e9st k\u00f6vet\u0151en post\u00e1n\/foxposttal tudod majd hozz\u00e1m eljuttatni.\n\nA sz\u0151rt k\u00e9zhez kapva elk\u00e9sz\u00edtem a kark\u00f6t\u0151t, majd biztons\u00e1gosan csomagolva post\u00e1zom neked.\n\nTov\u00e1bbi med\u00e1lok\u00e9rt , \u00e9s a d\u00edsz\u00edt\u0151sz\u00e1l sz\u00edn\u00e9vel kapcsolatban \u00fczenetetben tudunk m\u00e9g egyeztetni.","score":0,"formatted_price":"5 800 Ft","image_url":"https:\/\/www.meska.hu\/img\/product\/small\/a\/r\/arikezmuvestara_product_744639_260830100213_791889.jpeg","formatted_url":"https:\/\/www.meska.hu\/p5859632-egyedi-medalos-loszor-karkoto-diszitessel","favourite":false,"in_stock":false,"avatar":"744639_avatar_1759864314.jpeg","delete_from":0,"is_enhanced_background":false,"is_enhanced":false,"product_selection_started":false,"is_active":true,"image_webp_url":"https:\/\/www.meska.hu\/img\/product\/small\/a\/r\/arikezmuvestara_product_744639_260830100213_791889.webp"},{"id":"6345595","shop_id":"50372","user_id":"744639","shop_name":"AriKezmuvestara","shop_zip":"6000","product_code":"5859621","product_name_old":null,"product_name":"Egyedi l\u00f3sz\u0151r kark\u00f6t\u0151 ","category_string":"\u00c9kszer, Kark\u00f6t\u0151, Fonott kark\u00f6t\u0151","technic_string":"Fon\u00e1s (csuh\u00e9, gy\u00e9k\u00e9ny, stb.)","category_1":"327","category_2":"333","category_3":"1232","category_4":"0","merged_category_1":null,"merged_category_2":null,"merged_category_3":null,"technic_1":"482","technic_2":"0","technic_3":"0","color_1":"517","color_2":"518","color_3":"0","product_description_old":null,"product_description":"H\u00e1rmas fon\u00e1ssal k\u00e9sz\u00fclt l\u00f3sz\u0151r kark\u00f6t\u0151, a saj\u00e1t lovad l\u00f3farok sz\u0151r\u00e9b\u0151l.\n\nA kark\u00f6t\u0151 elk\u00e9sz\u00edt\u00e9s\u00e9hez sz\u00fcks\u00e9gem lesz legal\u00e1bb 40 cm hossz\u00fa, kb. 1,5-2 cm \u00e1tm\u00e9r\u0151j\u0171 k\u00f6teg faroksz\u0151rre. (Fontos hogy sok egyforma hossz\u00fa sz\u00e1l legyen benne) Gumizd \u00f6ssze, hogy ne hulljon sz\u00e9t a tincs, mosd meg \u00e9s sz\u00e1r\u00edtsd meg elk\u00fcld\u00e9s el\u0151tt.\n\nA kark\u00f6t\u0151t ezzel a fon\u00e1si technik\u00e1val fogom elk\u00e9sz\u00edteni.\n\nSz\u00fcks\u00e9ges a csukl\u00f3 m\u00e9ret\u00e9t is meg adni, hogy pontosan illeszkedjen a kark\u00f6t\u0151.\n\nA l\u00f3sz\u0151rt megrendel\u00e9st k\u00f6vet\u0151en post\u00e1n tudod majd hozz\u00e1m eljuttatni.\n\nA sz\u0151rt k\u00e9zhez kapva elk\u00e9sz\u00edtem a kark\u00f6t\u0151t, majd biztons\u00e1gosan csomagolva post\u00e1zom neked.\n","price":"5500.00","unit":"db","recommended":"0","status":"1","sponsored":"0","exp_notify":"0","own_material":"0","own_material_description_old":null,"own_material_description":"","jury":"0","jury_number":"","product_nature":"","meskaracsony":"0","create_date":"2026-08-30 09:59:15","shelve_id":"0","image":"arikezmuvestara_product_744639_260830095653_768387.jpeg","image_width":"480","image_height":"437","image_alt":"Egyedi l\u00f3sz\u0151r kark\u00f6t\u0151 , H\u00e1rmas fon\u00e1ssal k\u00e9sz\u00fclt l\u00f3sz\u0151r kark\u00f6t\u0151, a saj\u00e1t lovad l\u00f3farok sz\u0151r\u00e9b\u0151l.\\n\\nA kark\u00f6t\u0151 elk\u00e9sz\u00edt\u00e9s\u00e9hez sz..., Meska","image_title":"Egyedi l\u00f3sz\u0151r kark\u00f6t\u0151 , Meska","view_count":"9","favourite_count":"0","trending_score":"0","last2MonthFavouriteCount":"0","promotion":"0","giftcard_accept":"0","creditcard_accept":false,"enhanced_background":"0","domain":"meska","specific_customer_id":null,"specific_customer_name":null,"to_order_product":"1","to_order_product_time":"7","product_different":null,"product_different_description":"","vintage":"0","vintage_category_id":"0","recycled":"0","gemstone_id":"0","customizable":"1","type_category":"physical","zerowaste":"0","postage_price":"1290.00","shop_order":"0","has_category":"1","landing_pages":null,"microdata":{"number":6,"category":""},"title":"Egyedi l\u00f3sz\u0151r kark\u00f6t\u0151 ","description":"H\u00e1rmas fon\u00e1ssal k\u00e9sz\u00fclt l\u00f3sz\u0151r kark\u00f6t\u0151, a saj\u00e1t lovad l\u00f3farok sz\u0151r\u00e9b\u0151l.\n\nA kark\u00f6t\u0151 elk\u00e9sz\u00edt\u00e9s\u00e9hez sz\u00fcks\u00e9gem lesz legal\u00e1bb 40 cm hossz\u00fa, kb. 1,5-2 cm \u00e1tm\u00e9r\u0151j\u0171 k\u00f6teg faroksz\u0151rre. (Fontos hogy sok egyforma hossz\u00fa sz\u00e1l legyen benne) Gumizd \u00f6ssze, hogy ne hulljon sz\u00e9t a tincs, mosd meg \u00e9s sz\u00e1r\u00edtsd meg elk\u00fcld\u00e9s el\u0151tt.\n\nA kark\u00f6t\u0151t ezzel a fon\u00e1si technik\u00e1val fogom elk\u00e9sz\u00edteni.\n\nSz\u00fcks\u00e9ges a csukl\u00f3 m\u00e9ret\u00e9t is meg adni, hogy pontosan illeszkedjen a kark\u00f6t\u0151.\n\nA l\u00f3sz\u0151rt megrendel\u00e9st k\u00f6vet\u0151en post\u00e1n tudod majd hozz\u00e1m eljuttatni.\n\nA sz\u0151rt k\u00e9zhez kapva elk\u00e9sz\u00edtem a kark\u00f6t\u0151t, majd biztons\u00e1gosan csomagolva post\u00e1zom neked.\n","score":0,"formatted_price":"5 500 Ft","image_url":"https:\/\/www.meska.hu\/img\/product\/small\/a\/r\/arikezmuvestara_product_744639_260830095653_768387.jpeg","formatted_url":"https:\/\/www.meska.hu\/p5859621-egyedi-loszor-karkoto","favourite":false,"in_stock":false,"avatar":"744639_avatar_1759864314.jpeg","delete_from":0,"is_enhanced_background":false,"is_enhanced":false,"product_selection_started":false,"is_active":true,"image_webp_url":"https:\/\/www.meska.hu\/img\/product\/small\/a\/r\/arikezmuvestara_product_744639_260830095653_768387.webp"},{"id":"6244623","shop_id":"8655","user_id":"42057","shop_name":"KisdioStudio","shop_zip":"1012","product_code":"5804946","product_name_old":null,"product_name":"kos\u00e1rfon\u00f3 workshop - KEREK SKANDIN\u00c1V KOS\u00c1R - szept. 5.  Buda\u00f6rs - kos\u00e1rfon\u00e1s","category_string":"DIY (Csin\u00e1ld magad), Workshop & Tanfolyam","technic_string":"Fon\u00e1s (csuh\u00e9, gy\u00e9k\u00e9ny, stb.)","category_1":"402","category_2":"926","category_3":"0","category_4":"0","merged_category_1":null,"merged_category_2":null,"merged_category_3":null,"technic_1":"482","technic_2":"0","technic_3":"0","color_1":"514","color_2":"516","color_3":"0","product_description_old":null,"product_description":"A workshop id\u0151pontja: 2026.09.05.\n(10:00-17:00)\n\nHelysz\u00edn: Kamaraerd\u0151n, egy k\u00f6z\u00f6ss\u00e9gi t\u00e9rben.\n\nKiscsoportos kos\u00e1rfon\u00f3 m\u0171hely feln\u0151tteknek.\n\nMir\u0151l sz\u00f3l ez a foglalkoz\u00e1s?\n\nA workshop sor\u00e1n egy k\u00f6zepes m\u00e9ret\u0171, aszimmetrikus kosarat fonunk rusztikus g\u00f6rbefa f\u00fcllel, kerek r\u00e9tegelt lemez alapra.\n(azok a halad\u00f3 fon\u00f3k, akik r\u00e9szt vettek m\u00e1r legal\u00e1bb k\u00e9t kor\u00e1bbi workshopunkon, az eredeti tematik\u00e1t\u00f3l kiss\u00e9 elt\u00e9rve a feneket is fonhatj\u00e1k, illetve \u00fajfajta berak\u00e1si technik\u00e1kkal is k\u00eds\u00e9rletezhetnek).\n\nA skandin\u00e1v kos\u00e1r t\u00falmutat a hazai tradicion\u00e1lis formavil\u00e1gon, \u00edgy biztosan szuper\u00fcl mutat majd a legmodernebb lak\u00e1sokban is!\n\nA r\u00e9szv\u00e9telhez semmif\u00e9le el\u0151k\u00e9pzetts\u00e9g nem sz\u00fcks\u00e9ges, a 7 \u00f3ra alatt minden l\u00e9p\u00e9sen v\u00e9gigvezet\u00fcnk majd a kos\u00e1r elkezd\u00e9s\u00e9t\u0151l a befejez\u00e9sig.\nCsak a lelkesed\u00e9sed hozd h\u00e1t!\n\nA kos\u00e1rhoz termesztett amerikai f\u0171zfavessz\u0151ket fogunk haszn\u00e1lni,\na munk\u00e1hoz valamennyi sz\u00fcks\u00e9ges alapanyagot \u00e9s eszk\u00f6zt mi biztos\u00edtjuk sz\u00e1modra.\nA workshop sor\u00e1n tippeket kaphatsz majd a saj\u00e1t anyaggy\u0171jt\u00e9shez is.\n\nA foglalkoz\u00e1s alatt te\u00e1val, k\u00e1v\u00e9val \u00e9s kis h\u00e1zi s\u00fctem\u00e9nnyel kedvesked\u00fcnk neked :)\n\nMennyibe ker\u00fcl mindez?\n\nAz egynapos workshop d\u00edja 27.000 Ft\n(halad\u00f3knak, akik m\u00e1r legal\u00e1bb k\u00e9tszer voltak n\u00e1lunk, a VIP kedvezm\u00e9nyes \u00e1r 25.500 Ft)\n\nA foglalkoz\u00e1sra p\u00e9nz-visszafizet\u00e9si garanci\u00e1t v\u00e1llalunk!\n\nMit jelent ez?\n\nAzt, hogy a workshop d\u00edj\u00e1t visszat\u00e9r\u00edtj\u00fck, amennyiben a nap v\u00e9g\u00e9n nem egy k\u00e9sz kos\u00e1rral t\u00e1vozn\u00e1l!\n\nHelyileg hol lesz?\n\nA foglalkoz\u00e1s Kamaraerd\u0151n, egy k\u00f6z\u00f6ss\u00e9gi t\u00e9rben lesz, sikeres regisztr\u00e1ci\u00f3t k\u00f6vet\u0151en k\u00fcldj\u00fck a tov\u00e1bbi r\u00e9szleteket.\n\nA helyek felt\u00f6lt\u00e9se a jelentkez\u00e9sek be\u00e9rkez\u00e9s\u00e9nek sorrendj\u00e9ben t\u00f6rt\u00e9nik, a regisztr\u00e1ci\u00f3 azonban csak a tanfolyam d\u00edj\u00e1nak befizet\u00e9s\u00e9t k\u00f6vet\u0151en v\u00e1lik v\u00e9glegess\u00e9.\n\nIzgatottan v\u00e1rjuk a tal\u00e1lkoz\u00e1st veletek!\n\nBorka \u00e9s \u00c1kos\na Kisdi\u00f3 Studi\u00f3 csapata\n\nA r\u00e9szv\u00e9tel 14 \u00e9ves kor alatt, illetve k\u00e9z-\u00edz\u00fcleti probl\u00e9m\u00e1k eset\u00e9n nem aj\u00e1nlott!","price":"27000.00","unit":"db","recommended":"0","status":"1","sponsored":"0","exp_notify":"0","own_material":"0","own_material_description_old":null,"own_material_description":"","jury":"0","jury_number":"","product_nature":"","meskaracsony":"0","create_date":"2026-08-29 22:10:24","shelve_id":"67848","image":"kisdiostudio_product_42057_260603152717_90227.jpeg","image_width":"480","image_height":"303","image_alt":"kos\u00e1rfon\u00f3 workshop - KEREK SKANDIN\u00c1V KOS\u00c1R - szept. 5.  Buda\u00f6rs - kos\u00e1rfon\u00e1s, A workshop id\u0151pontja: 2026.09.05.\\n(10:00-17:00)\\n\\nHelysz\u00edn: Kamaraerd\u0151n, egy k\u00f6z\u00f6ss\u00e9gi t\u00e9rben.\\n\\nKiscs..., Meska","image_title":"kos\u00e1rfon\u00f3 workshop - KEREK SKANDIN\u00c1V KOS\u00c1R - szept. 5.  Buda\u00f6rs - kos\u00e1rfon\u00e1s, Meska","view_count":"642","favourite_count":"0","trending_score":"0","last2MonthFavouriteCount":"0","promotion":"0","giftcard_accept":"1","creditcard_accept":false,"enhanced_background":"0","domain":"meska","specific_customer_id":null,"specific_customer_name":null,"to_order_product":"0","to_order_product_time":"0","product_different":null,"product_different_description":"","vintage":"0","vintage_category_id":"0","recycled":"0","gemstone_id":"0","customizable":"0","type_category":"physical","zerowaste":"1","postage_price":"0.00","shop_order":"0","has_category":"1","landing_pages":null,"microdata":{"number":7,"category":""},"title":"kos\u00e1rfon\u00f3 workshop - KEREK SKANDIN\u00c1V KOS\u00c1R - szept. 5.  Buda\u00f6rs - kos\u00e1rfon\u00e1s","description":"A workshop id\u0151pontja: 2026.09.05.\n(10:00-17:00)\n\nHelysz\u00edn: Kamaraerd\u0151n, egy k\u00f6z\u00f6ss\u00e9gi t\u00e9rben.\n\nKiscsoportos kos\u00e1rfon\u00f3 m\u0171hely feln\u0151tteknek.\n\nMir\u0151l sz\u00f3l ez a foglalkoz\u00e1s?\n\nA workshop sor\u00e1n egy k\u00f6zepes m\u00e9ret\u0171, aszimmetrikus kosarat fonunk rusztikus g\u00f6rbefa f\u00fcllel, kerek r\u00e9tegelt lemez alapra.\n(azok a halad\u00f3 fon\u00f3k, akik r\u00e9szt vettek m\u00e1r legal\u00e1bb k\u00e9t kor\u00e1bbi workshopunkon, az eredeti tematik\u00e1t\u00f3l kiss\u00e9 elt\u00e9rve a feneket is fonhatj\u00e1k, illetve \u00fajfajta berak\u00e1si technik\u00e1kkal is k\u00eds\u00e9rletezhetnek).\n\nA skandin\u00e1v kos\u00e1r t\u00falmutat a hazai tradicion\u00e1lis formavil\u00e1gon, \u00edgy biztosan szuper\u00fcl mutat majd a legmodernebb lak\u00e1sokban is!\n\nA r\u00e9szv\u00e9telhez semmif\u00e9le el\u0151k\u00e9pzetts\u00e9g nem sz\u00fcks\u00e9ges, a 7 \u00f3ra alatt minden l\u00e9p\u00e9sen v\u00e9gigvezet\u00fcnk majd a kos\u00e1r elkezd\u00e9s\u00e9t\u0151l a befejez\u00e9sig.\nCsak a lelkesed\u00e9sed hozd h\u00e1t!\n\nA kos\u00e1rhoz termesztett amerikai f\u0171zfavessz\u0151ket fogunk haszn\u00e1lni,\na munk\u00e1hoz valamennyi sz\u00fcks\u00e9ges alapanyagot \u00e9s eszk\u00f6zt mi biztos\u00edtjuk sz\u00e1modra.\nA workshop sor\u00e1n tippeket kaphatsz majd a saj\u00e1t anyaggy\u0171jt\u00e9shez is.\n\nA foglalkoz\u00e1s alatt te\u00e1val, k\u00e1v\u00e9val \u00e9s kis h\u00e1zi s\u00fctem\u00e9nnyel kedvesked\u00fcnk neked :)\n\nMennyibe ker\u00fcl mindez?\n\nAz egynapos workshop d\u00edja 27.000 Ft\n(halad\u00f3knak, akik m\u00e1r legal\u00e1bb k\u00e9tszer voltak n\u00e1lunk, a VIP kedvezm\u00e9nyes \u00e1r 25.500 Ft)\n\nA foglalkoz\u00e1sra p\u00e9nz-visszafizet\u00e9si garanci\u00e1t v\u00e1llalunk!\n\nMit jelent ez?\n\nAzt, hogy a workshop d\u00edj\u00e1t visszat\u00e9r\u00edtj\u00fck, amennyiben a nap v\u00e9g\u00e9n nem egy k\u00e9sz kos\u00e1rral t\u00e1vozn\u00e1l!\n\nHelyileg hol lesz?\n\nA foglalkoz\u00e1s Kamaraerd\u0151n, egy k\u00f6z\u00f6ss\u00e9gi t\u00e9rben lesz, sikeres regisztr\u00e1ci\u00f3t k\u00f6vet\u0151en k\u00fcldj\u00fck a tov\u00e1bbi r\u00e9szleteket.\n\nA helyek felt\u00f6lt\u00e9se a jelentkez\u00e9sek be\u00e9rkez\u00e9s\u00e9nek sorrendj\u00e9ben t\u00f6rt\u00e9nik, a regisztr\u00e1ci\u00f3 azonban csak a tanfolyam d\u00edj\u00e1nak befizet\u00e9s\u00e9t k\u00f6vet\u0151en v\u00e1lik v\u00e9glegess\u00e9.\n\nIzgatottan v\u00e1rjuk a tal\u00e1lkoz\u00e1st veletek!\n\nBorka \u00e9s \u00c1kos\na Kisdi\u00f3 Studi\u00f3 csapata\n\nA r\u00e9szv\u00e9tel 14 \u00e9ves kor alatt, illetve k\u00e9z-\u00edz\u00fcleti probl\u00e9m\u00e1k eset\u00e9n nem aj\u00e1nlott!","score":0,"formatted_price":"27 000 Ft","image_url":"https:\/\/www.meska.hu\/img\/product\/small\/k\/i\/kisdiostudio_product_42057_260603152717_90227.jpeg","formatted_url":"https:\/\/www.meska.hu\/p5804946-kosarfono-workshop-kerek-skandinav-kosar-szept-5-budaors-kosarfonas","favourite":false,"in_stock":true,"avatar":"KisdioStudio_avatar_42057_1649420514.jpg","delete_from":0,"is_enhanced_background":false,"is_enhanced":false,"product_selection_started":false,"is_active":true,"image_webp_url":"https:\/\/www.meska.hu\/img\/product\/small\/k\/i\/kisdiostudio_product_42057_260603152717_90227.webp"},{"id":"6329264","shop_id":"8655","user_id":"42057","shop_name":"KisdioStudio","shop_zip":"1012","product_code":"5850085","product_name_old":null,"product_name":"okt. 11. - Budapest - UZSONN\u00c1S T\u00c1SKA jap\u00e1n fon\u00e1ssal - kos\u00e1rfon\u00f3 workshop","category_string":"DIY (Csin\u00e1ld magad), Workshop & Tanfolyam","technic_string":"Fon\u00e1s (csuh\u00e9, gy\u00e9k\u00e9ny, stb.)","category_1":"402","category_2":"926","category_3":"0","category_4":"0","merged_category_1":null,"merged_category_2":null,"merged_category_3":null,"technic_1":"482","technic_2":"0","technic_3":"0","color_1":"514","color_2":"516","color_3":"0","product_description_old":null,"product_description":"A workshop id\u0151pontja: 2026.10.11.\n(10:00-17:00)\n\nHelysz\u00edn: Bp. XII. ker\u00fcletben, egy sz\u00e9ps\u00e9ges vill\u00e1ban (jelentkez\u00e9st k\u00f6vet\u0151en k\u00fcldj\u00fck a pontos c\u00edmet)\n\nKiscsoportos, kos\u00e1rfon\u00f3 m\u0171hely eb\u00e9ddel.\n\nMir\u0151l sz\u00f3l ez a foglalkoz\u00e1s?\n\nAz exkluz\u00edv workshop sor\u00e1n mindenki elk\u00e9sz\u00edt egy k\u00f6zepes m\u00e9ret\u0171, ov\u00e1lis kosarat \u00fagynevezett \"jap\u00e1n berak\u00e1s\" falfon\u00e1si technik\u00e1val, majd az \u00e1ltalunk biztos\u00edtott b\u0151rf\u00fclek seg\u00edts\u00e9g\u00e9vel sz\u00e9ps\u00e9ges \"uzsonn\u00e1s t\u00e1sk\u00e1v\u00e1\" var\u00e1zsoljuk azt. A kezd\u0151k r\u00e9tegelt lemez alapra fonnak, a halad\u00f3k a kos\u00e1r fenek\u00e9t is maguk fonhatj\u00e1k.\n\nA r\u00e9szv\u00e9telhez semmif\u00e9le el\u0151k\u00e9pzetts\u00e9g nem sz\u00fcks\u00e9ges, a 7 \u00f3ra alatt minden l\u00e9p\u00e9sen v\u00e9gigvezet\u00fcnk majd a kos\u00e1r elkezd\u00e9s\u00e9t\u0151l a befejez\u00e9sig.\nCsak a lelkesed\u00e9sed hozd h\u00e1t!\n\nA t\u00e1sk\u00e1hoz termesztett amerikai f\u0171zfavessz\u0151ket fogunk haszn\u00e1lni, \na munk\u00e1hoz valamennyi sz\u00fcks\u00e9ges alapanyagot \u00e9s eszk\u00f6zt mi biztos\u00edtjuk sz\u00e1modra.\nA workshop sor\u00e1n tippeket kaphatsz majd a saj\u00e1t anyaggy\u0171jt\u00e9shez is.\n\nA foglalkoz\u00e1s alatt te\u00e1val, k\u00e1v\u00e9val \u00e9s h\u00e1zi s\u00fctem\u00e9nnyel kedvesked\u00fcnk neked, eb\u00e9did\u0151ben pedig egy finom, h\u00fasmentes eb\u00e9det is elfogyasztunk k\u00f6z\u00f6sen.\n\nMennyibe ker\u00fcl mindez?\n\nAz egynapos workshop d\u00edja 37.500 Ft \n(VIP tagoknak, akik m\u00e1r legal\u00e1bb k\u00e9t kor\u00e1bbi alkalommal fontak vel\u00fcnk, 35.000 Ft)\n\nA foglalkoz\u00e1sra p\u00e9nz-visszafizet\u00e9si garanci\u00e1t v\u00e1llalunk!\n\nMit jelent ez?\n\nAzt, hogy a workshop d\u00edj\u00e1t visszat\u00e9r\u00edtj\u00fck, amennyiben a nap v\u00e9g\u00e9n nem egy k\u00e9sz kos\u00e1rral t\u00e1vozn\u00e1l!\n\nHelyileg hol lesz?\n\nA foglalkoz\u00e1s Bp. Sv\u00e1bhegyen, egy sz\u00e9ps\u00e9ges vill\u00e1ban lesz, sikeres regisztr\u00e1ci\u00f3t k\u00f6vet\u0151en k\u00fcldj\u00fck a pontos r\u00e9szleteket.\n\nA helyek felt\u00f6lt\u00e9se a jelentkez\u00e9sek be\u00e9rkez\u00e9s\u00e9nek sorrendj\u00e9ben t\u00f6rt\u00e9nik, a regisztr\u00e1ci\u00f3 azonban csak a tanfolyam d\u00edj\u00e1nak befizet\u00e9s\u00e9t k\u00f6vet\u0151en v\u00e1lik v\u00e9glegess\u00e9.\n\nIzgatottan v\u00e1rjuk a tal\u00e1lkoz\u00e1st veletek!\n\nBorka \u00e9s \u00c1kos\n\nA workshop 14 \u00e9v alatt \u00e9s k\u00e9z \u00edz\u00fcleti probl\u00e9m\u00e1k eset\u00e9n nem aj\u00e1nlott!","price":"37500.00","unit":"db","recommended":"0","status":"1","sponsored":"0","exp_notify":"0","own_material":"0","own_material_description_old":null,"own_material_description":"","jury":"0","jury_number":"","product_nature":"","meskaracsony":"0","create_date":"2026-08-29 21:48:51","shelve_id":"67848","image":"kisdiostudio_product_42057_260817193437_521392.jpeg","image_width":"480","image_height":"378","image_alt":"okt. 11. - Budapest - UZSONN\u00c1S T\u00c1SKA jap\u00e1n fon\u00e1ssal - kos\u00e1rfon\u00f3 workshop, A workshop id\u0151pontja: 2026.10.11.\\n(10:00-17:00)\\n\\nHelysz\u00edn: Bp. XII. ker\u00fcletben, egy sz\u00e9ps\u00e9ges vill\u00e1b..., Meska","image_title":"okt. 11. - Budapest - UZSONN\u00c1S T\u00c1SKA jap\u00e1n fon\u00e1ssal - kos\u00e1rfon\u00f3 workshop, Meska","view_count":"63","favourite_count":"1","trending_score":"0","last2MonthFavouriteCount":"1","promotion":"0","giftcard_accept":"1","creditcard_accept":false,"enhanced_background":"0","domain":"meska","specific_customer_id":null,"specific_customer_name":null,"to_order_product":"0","to_order_product_time":"0","product_different":null,"product_different_description":"","vintage":"0","vintage_category_id":"0","recycled":"0","gemstone_id":"0","customizable":"0","type_category":"physical","zerowaste":"0","postage_price":"0.00","shop_order":"0","has_category":"1","landing_pages":null,"microdata":{"number":8,"category":""},"title":"okt. 11. - Budapest - UZSONN\u00c1S T\u00c1SKA jap\u00e1n fon\u00e1ssal - kos\u00e1rfon\u00f3 workshop","description":"A workshop id\u0151pontja: 2026.10.11.\n(10:00-17:00)\n\nHelysz\u00edn: Bp. XII. ker\u00fcletben, egy sz\u00e9ps\u00e9ges vill\u00e1ban (jelentkez\u00e9st k\u00f6vet\u0151en k\u00fcldj\u00fck a pontos c\u00edmet)\n\nKiscsoportos, kos\u00e1rfon\u00f3 m\u0171hely eb\u00e9ddel.\n\nMir\u0151l sz\u00f3l ez a foglalkoz\u00e1s?\n\nAz exkluz\u00edv workshop sor\u00e1n mindenki elk\u00e9sz\u00edt egy k\u00f6zepes m\u00e9ret\u0171, ov\u00e1lis kosarat \u00fagynevezett \"jap\u00e1n berak\u00e1s\" falfon\u00e1si technik\u00e1val, majd az \u00e1ltalunk biztos\u00edtott b\u0151rf\u00fclek seg\u00edts\u00e9g\u00e9vel sz\u00e9ps\u00e9ges \"uzsonn\u00e1s t\u00e1sk\u00e1v\u00e1\" var\u00e1zsoljuk azt. A kezd\u0151k r\u00e9tegelt lemez alapra fonnak, a halad\u00f3k a kos\u00e1r fenek\u00e9t is maguk fonhatj\u00e1k.\n\nA r\u00e9szv\u00e9telhez semmif\u00e9le el\u0151k\u00e9pzetts\u00e9g nem sz\u00fcks\u00e9ges, a 7 \u00f3ra alatt minden l\u00e9p\u00e9sen v\u00e9gigvezet\u00fcnk majd a kos\u00e1r elkezd\u00e9s\u00e9t\u0151l a befejez\u00e9sig.\nCsak a lelkesed\u00e9sed hozd h\u00e1t!\n\nA t\u00e1sk\u00e1hoz termesztett amerikai f\u0171zfavessz\u0151ket fogunk haszn\u00e1lni, \na munk\u00e1hoz valamennyi sz\u00fcks\u00e9ges alapanyagot \u00e9s eszk\u00f6zt mi biztos\u00edtjuk sz\u00e1modra.\nA workshop sor\u00e1n tippeket kaphatsz majd a saj\u00e1t anyaggy\u0171jt\u00e9shez is.\n\nA foglalkoz\u00e1s alatt te\u00e1val, k\u00e1v\u00e9val \u00e9s h\u00e1zi s\u00fctem\u00e9nnyel kedvesked\u00fcnk neked, eb\u00e9did\u0151ben pedig egy finom, h\u00fasmentes eb\u00e9det is elfogyasztunk k\u00f6z\u00f6sen.\n\nMennyibe ker\u00fcl mindez?\n\nAz egynapos workshop d\u00edja 37.500 Ft \n(VIP tagoknak, akik m\u00e1r legal\u00e1bb k\u00e9t kor\u00e1bbi alkalommal fontak vel\u00fcnk, 35.000 Ft)\n\nA foglalkoz\u00e1sra p\u00e9nz-visszafizet\u00e9si garanci\u00e1t v\u00e1llalunk!\n\nMit jelent ez?\n\nAzt, hogy a workshop d\u00edj\u00e1t visszat\u00e9r\u00edtj\u00fck, amennyiben a nap v\u00e9g\u00e9n nem egy k\u00e9sz kos\u00e1rral t\u00e1vozn\u00e1l!\n\nHelyileg hol lesz?\n\nA foglalkoz\u00e1s Bp. Sv\u00e1bhegyen, egy sz\u00e9ps\u00e9ges vill\u00e1ban lesz, sikeres regisztr\u00e1ci\u00f3t k\u00f6vet\u0151en k\u00fcldj\u00fck a pontos r\u00e9szleteket.\n\nA helyek felt\u00f6lt\u00e9se a jelentkez\u00e9sek be\u00e9rkez\u00e9s\u00e9nek sorrendj\u00e9ben t\u00f6rt\u00e9nik, a regisztr\u00e1ci\u00f3 azonban csak a tanfolyam d\u00edj\u00e1nak befizet\u00e9s\u00e9t k\u00f6vet\u0151en v\u00e1lik v\u00e9glegess\u00e9.\n\nIzgatottan v\u00e1rjuk a tal\u00e1lkoz\u00e1st veletek!\n\nBorka \u00e9s \u00c1kos\n\nA workshop 14 \u00e9v alatt \u00e9s k\u00e9z \u00edz\u00fcleti probl\u00e9m\u00e1k eset\u00e9n nem aj\u00e1nlott!","score":0,"formatted_price":"37 500 Ft","image_url":"https:\/\/www.meska.hu\/img\/product\/small\/k\/i\/kisdiostudio_product_42057_260817193437_521392.jpeg","formatted_url":"https:\/\/www.meska.hu\/p5850085-okt-11-budapest-uzsonnas-taska-japan-fonassal-kosarfono-workshop","favourite":false,"in_stock":true,"avatar":"KisdioStudio_avatar_42057_1649420514.jpg","delete_from":0,"is_enhanced_background":false,"is_enhanced":false,"product_selection_started":false,"is_active":true,"image_webp_url":"https:\/\/www.meska.hu\/img\/product\/small\/k\/i\/kisdiostudio_product_42057_260817193437_521392.webp"},{"id":"3402711","shop_id":"99","user_id":"204","shop_name":"kezmuvesporta","shop_zip":"3176","product_code":"3854016","product_name_old":null,"product_name":"Csuh\u00e9r\u00f3zs\u00e1k csomagban tov\u00e1bbi felhaszn\u00e1l\u00e1sra, csuh\u00e9, csuh\u00e9vir\u00e1g, term\u00e9szetes alapanyag","category_string":"Kell\u00e9kek & szersz\u00e1mok, Dekor\u00e1ci\u00f3s kell\u00e9kek","technic_string":"Fon\u00e1s (csuh\u00e9, gy\u00e9k\u00e9ny, stb.), Kos\u00e1rfon\u00e1s, Vir\u00e1gk\u00f6t\u00e9s","category_1":"656","category_2":"1544","category_3":"0","category_4":"0","merged_category_1":"0","merged_category_2":"0","merged_category_3":"0","technic_1":"482","technic_2":"2","technic_3":"507","color_1":"515","color_2":"525","color_3":"534","product_description_old":null,"product_description":"Csuh\u00e9r\u00f3zs\u00e1kat, vir\u00e1gokat k\u00e9sz\u00edtettem, \u00e9s raktam nektek egy csomagba. \n\nHa szeretsz bark\u00e1csolni, d\u00edsz\u00edteni, \u00e9s valami term\u00e9szetessel dobn\u00e1d fel a munk\u00e1d, akkor aj\u00e1nlom kis vir\u00e1gjaimat. A vir\u00e1gok kb 3-5 cm-es m\u00e9ret\u0171ek, kicsi sz\u00e1rral. \u00cdgy ak\u00e1r k\u00f6t\u00f6zni is tudod, de ragaszthatod is.\nA csomagban tal\u00e1lhat\u00f3 7 db nat\u00far sz\u00edn\u0171 vir\u00e1g, \u00e9s 3 db (\u00f6sszesen 10 db) festett is. Ezek n\u00f6v\u00e9nyi fest\u00e9kkel lettek sz\u00ednezve, \u00edgy vil\u00e1gosabb r\u00f3zsasz\u00edn\u0171 vagy lil\u00e1s \u00e1rnyalat\u00faak.\n\nA k\u00e9pek k\u00f6z\u00f6tt l\u00e1thatsz n\u00e9h\u00e1ny \u00e1ltalam k\u00e9sz\u00edtett dekor\u00e1ci\u00f3t melyben ilyen r\u00f3zs\u00e1kat haszn\u00e1ltam.\n\nA csomag tartalma m\u00e9g 5 db nat\u00far csuh\u00e9lev\u00e9l.\n\nKreat\u00edv alkot\u00e1st k\u00edv\u00e1nok mindenkinek. ","price":"2500.00","unit":"db","recommended":"0","status":"1","sponsored":"0","exp_notify":"0","own_material":"0","own_material_description_old":null,"own_material_description":"","jury":"0","jury_number":"","product_nature":"","meskaracsony":"0","create_date":"2026-08-29 19:59:29","shelve_id":"63142","image":"kezmuvesporta_product_204_200929095041_786916.jpeg","image_width":"480","image_height":"426","image_alt":"Csuh\u00e9r\u00f3zs\u00e1k csomagban tov\u00e1bbi felhaszn\u00e1l\u00e1sra, csuh\u00e9, csuh\u00e9vir\u00e1g, term\u00e9szetes alapanyag, Csuh\u00e9r\u00f3zs\u00e1kat, vir\u00e1gokat k\u00e9sz\u00edtettem, \u00e9s raktam nektek egy csomagba. \\n\\nHa szeretsz bark\u00e1csolni, d\u00edsz..., Meska","image_title":"Csuh\u00e9r\u00f3zs\u00e1k csomagban tov\u00e1bbi felhaszn\u00e1l\u00e1sra, csuh\u00e9, csuh\u00e9vir\u00e1g, term\u00e9szetes alapanyag, Meska","view_count":"1595","favourite_count":"0","trending_score":"0","last2MonthFavouriteCount":"0","promotion":"0","giftcard_accept":"0","creditcard_accept":true,"enhanced_background":"0","domain":"meska","specific_customer_id":null,"specific_customer_name":null,"to_order_product":"0","to_order_product_time":"0","product_different":null,"product_different_description":"","vintage":"0","vintage_category_id":"0","recycled":"0","gemstone_id":"0","customizable":"0","type_category":"physical","zerowaste":"0","postage_price":"1855.00","shop_order":"0","has_category":"1","landing_pages":null,"microdata":{"number":9,"category":""},"title":"Csuh\u00e9r\u00f3zs\u00e1k csomagban tov\u00e1bbi felhaszn\u00e1l\u00e1sra, csuh\u00e9, csuh\u00e9vir\u00e1g, term\u00e9szetes alapanyag","description":"Csuh\u00e9r\u00f3zs\u00e1kat, vir\u00e1gokat k\u00e9sz\u00edtettem, \u00e9s raktam nektek egy csomagba. \n\nHa szeretsz bark\u00e1csolni, d\u00edsz\u00edteni, \u00e9s valami term\u00e9szetessel dobn\u00e1d fel a munk\u00e1d, akkor aj\u00e1nlom kis vir\u00e1gjaimat. A vir\u00e1gok kb 3-5 cm-es m\u00e9ret\u0171ek, kicsi sz\u00e1rral. \u00cdgy ak\u00e1r k\u00f6t\u00f6zni is tudod, de ragaszthatod is.\nA csomagban tal\u00e1lhat\u00f3 7 db nat\u00far sz\u00edn\u0171 vir\u00e1g, \u00e9s 3 db (\u00f6sszesen 10 db) festett is. Ezek n\u00f6v\u00e9nyi fest\u00e9kkel lettek sz\u00ednezve, \u00edgy vil\u00e1gosabb r\u00f3zsasz\u00edn\u0171 vagy lil\u00e1s \u00e1rnyalat\u00faak.\n\nA k\u00e9pek k\u00f6z\u00f6tt l\u00e1thatsz n\u00e9h\u00e1ny \u00e1ltalam k\u00e9sz\u00edtett dekor\u00e1ci\u00f3t melyben ilyen r\u00f3zs\u00e1kat haszn\u00e1ltam.\n\nA csomag tartalma m\u00e9g 5 db nat\u00far csuh\u00e9lev\u00e9l.\n\nKreat\u00edv alkot\u00e1st k\u00edv\u00e1nok mindenkinek. ","score":0,"formatted_price":"2 500 Ft","image_url":"https:\/\/www.meska.hu\/img\/product\/small\/k\/e\/kezmuvesporta_product_204_200929095041_786916.jpeg","formatted_url":"https:\/\/www.meska.hu\/p3854016-csuherozsak-csomagban-tovabbi-felhasznalasra-csuhe-csuhevirag-termeszetes-alapanyag","favourite":false,"in_stock":true,"avatar":"kezmuvesporta_avatar_204_1601323895.jpg","delete_from":0,"is_enhanced_background":false,"is_enhanced":false,"product_selection_started":false,"is_active":true,"image_webp_url":"https:\/\/www.meska.hu\/img\/product\/small\/k\/e\/kezmuvesporta_product_204_200929095041_786916.webp"},{"id":"6002008","shop_id":"50648","user_id":"610073","shop_name":"Adrikreativvilaga","shop_zip":"5945","product_code":"5675356","product_name_old":null,"product_name":"Tacsk\u00f3 med\u00e1los makram\u00e9 kark\u00f6t\u0151","category_string":"\u00c9kszer, Kark\u00f6t\u0151, Fonott kark\u00f6t\u0151","technic_string":"Csom\u00f3z\u00e1s, Fon\u00e1s (csuh\u00e9, gy\u00e9k\u00e9ny, stb.)","category_1":"327","category_2":"333","category_3":"1232","category_4":"0","merged_category_1":null,"merged_category_2":null,"merged_category_3":null,"technic_1":"475","technic_2":"482","technic_3":"0","color_1":"521","color_2":"0","color_3":"0","product_description_old":null,"product_description":"K\u00e9zzel k\u00e9sz\u00fclt, egyedi makram\u00e9 kark\u00f6t\u0151, f\u00e9m tacsk\u00f3 med\u00e1llal \u2013 t\u00f6k\u00e9letes v\u00e1laszt\u00e1s kutyabar\u00e1toknak, akik szeretik az egyszer\u0171, m\u00e9gis st\u00edlusos kieg\u00e9sz\u00edt\u0151ket.\nA kark\u00f6t\u0151 strapab\u00edr\u00f3, pr\u00e9mium min\u0151s\u00e9g\u0171 k\u00e9k makram\u00e9 zsin\u00f3rb\u00f3l k\u00e9sz\u00fclt, modern makram\u00e9 technik\u00e1val csom\u00f3zva. K\u00f6z\u00e9pen egy eleg\u00e1ns, f\u00e9mb\u0151l k\u00e9sz\u00fclt tacsk\u00f3 sziluett med\u00e1l d\u00edsz\u00edti, mellyel st\u00edlusosan kimutathatod a tacsk\u00f3k ir\u00e1nti szereteted. \nAz \u00e1ll\u00edthat\u00f3 m\u00e9retnek k\u00f6sz\u00f6nhet\u0151en k\u00e9nyelmesen hordhat\u00f3 v\u00e9konyabb vagy vastagabb csukl\u00f3n is \u2013 n\u0151i \u00e9s f\u00e9rfi viseletre egyar\u00e1nt aj\u00e1nlott.\nAj\u00e1nd\u00e9knak is t\u00f6k\u00e9letes sz\u00fclet\u00e9snapra, n\u00e9vnapra, vagy \u201ecsak \u00fagy\u201d, egy kuty\u00e1s bar\u00e1tnak, csal\u00e1dtagnak, de magadat is meglepheted vele!\n Minden kark\u00f6t\u0151 gondosan, k\u00e9zi munk\u00e1val k\u00e9sz\u00fcl \u2013 \u00edgy garant\u00e1ltan egyedi \u00e9s min\u0151s\u00e9gi darabot kapsz.\nAnyaga: k\u00e9k makram\u00e9 zsin\u00f3r, f\u00e9m tacsk\u00f3 med\u00e1l.\nM\u00e9ret: \u00e1ll\u00edthat\u00f3\nModern, letisztult st\u00edlus","price":"2400.00","unit":"db","recommended":"0","status":"1","sponsored":"0","exp_notify":"0","own_material":"0","own_material_description_old":null,"own_material_description":"","jury":"0","jury_number":"","product_nature":"","meskaracsony":"0","create_date":"2026-08-28 18:38:04","shelve_id":"0","image":"adrikreativvilaga_product_610073_251117165341_035943.jpeg","image_width":"480","image_height":"254","image_alt":"Tacsk\u00f3 med\u00e1los makram\u00e9 kark\u00f6t\u0151, K\u00e9zzel k\u00e9sz\u00fclt, egyedi makram\u00e9 kark\u00f6t\u0151, f\u00e9m tacsk\u00f3 med\u00e1llal \u2013 t\u00f6k\u00e9letes v\u00e1laszt\u00e1s kutyabar\u00e1toknak, a..., Meska","image_title":"Tacsk\u00f3 med\u00e1los makram\u00e9 kark\u00f6t\u0151, Meska","view_count":"145","favourite_count":"1","trending_score":"0","last2MonthFavouriteCount":"1","promotion":"0","giftcard_accept":"0","creditcard_accept":false,"enhanced_background":"0","domain":"meska","specific_customer_id":null,"specific_customer_name":null,"to_order_product":"0","to_order_product_time":"0","product_different":null,"product_different_description":"","vintage":"0","vintage_category_id":"0","recycled":"0","gemstone_id":"0","customizable":"0","type_category":"physical","zerowaste":"0","postage_price":"1290.00","shop_order":"0","has_category":"1","landing_pages":null,"microdata":{"number":10,"category":""},"title":"Tacsk\u00f3 med\u00e1los makram\u00e9 kark\u00f6t\u0151","description":"K\u00e9zzel k\u00e9sz\u00fclt, egyedi makram\u00e9 kark\u00f6t\u0151, f\u00e9m tacsk\u00f3 med\u00e1llal \u2013 t\u00f6k\u00e9letes v\u00e1laszt\u00e1s kutyabar\u00e1toknak, akik szeretik az egyszer\u0171, m\u00e9gis st\u00edlusos kieg\u00e9sz\u00edt\u0151ket.\nA kark\u00f6t\u0151 strapab\u00edr\u00f3, pr\u00e9mium min\u0151s\u00e9g\u0171 k\u00e9k makram\u00e9 zsin\u00f3rb\u00f3l k\u00e9sz\u00fclt, modern makram\u00e9 technik\u00e1val csom\u00f3zva. K\u00f6z\u00e9pen egy eleg\u00e1ns, f\u00e9mb\u0151l k\u00e9sz\u00fclt tacsk\u00f3 sziluett med\u00e1l d\u00edsz\u00edti, mellyel st\u00edlusosan kimutathatod a tacsk\u00f3k ir\u00e1nti szereteted. \nAz \u00e1ll\u00edthat\u00f3 m\u00e9retnek k\u00f6sz\u00f6nhet\u0151en k\u00e9nyelmesen hordhat\u00f3 v\u00e9konyabb vagy vastagabb csukl\u00f3n is \u2013 n\u0151i \u00e9s f\u00e9rfi viseletre egyar\u00e1nt aj\u00e1nlott.\nAj\u00e1nd\u00e9knak is t\u00f6k\u00e9letes sz\u00fclet\u00e9snapra, n\u00e9vnapra, vagy \u201ecsak \u00fagy\u201d, egy kuty\u00e1s bar\u00e1tnak, csal\u00e1dtagnak, de magadat is meglepheted vele!\n Minden kark\u00f6t\u0151 gondosan, k\u00e9zi munk\u00e1val k\u00e9sz\u00fcl \u2013 \u00edgy garant\u00e1ltan egyedi \u00e9s min\u0151s\u00e9gi darabot kapsz.\nAnyaga: k\u00e9k makram\u00e9 zsin\u00f3r, f\u00e9m tacsk\u00f3 med\u00e1l.\nM\u00e9ret: \u00e1ll\u00edthat\u00f3\nModern, letisztult st\u00edlus","score":0,"formatted_price":"2 400 Ft","image_url":"https:\/\/www.meska.hu\/img\/product\/small\/a\/d\/adrikreativvilaga_product_610073_251117165341_035943.jpeg","formatted_url":"https:\/\/www.meska.hu\/p5675356-tacsko-medalos-makrame-karkoto","favourite":false,"in_stock":true,"avatar":"610073_avatar_1763409227.png","delete_from":0,"is_enhanced_background":false,"is_enhanced":false,"product_selection_started":false,"is_active":true,"image_webp_url":"https:\/\/www.meska.hu\/img\/product\/small\/a\/d\/adrikreativvilaga_product_610073_251117165341_035943.webp"},{"id":"6342018","shop_id":"47521","user_id":"696981","shop_name":"KisKincsek","shop_zip":"1108","product_code":"5856684","product_name_old":null,"product_name":"Kreat\u00edv egyedi st\u00edlus\u00fa kar\u00e1csonyfa fonalb\u00f3l","category_string":"Kar\u00e1csony, Kar\u00e1csonyi lak\u00e1sdekor\u00e1ci\u00f3, Kar\u00e1csonyi lak\u00e1sd\u00edszek","technic_string":"Fon\u00e1s (csuh\u00e9, gy\u00e9k\u00e9ny, stb.), Mindenm\u00e1s","category_1":"319","category_2":"324","category_3":"1306","category_4":"0","merged_category_1":null,"merged_category_2":null,"merged_category_3":null,"technic_1":"482","technic_2":"493","technic_3":"0","color_1":"532","color_2":"529","color_3":"0","product_description_old":null,"product_description":"Egyedi st\u00edlus\u00fa kar\u00e1csonyfa fonalb\u00f3l.\nFa alapra k\u00e9sz\u00edtett, fa v\u00e1zas fonallal dekor\u00e1lt egyedi st\u00edlus\u00fa kar\u00e1csonyfa. Polcra, asztal k\u00f6zep\u00e9re is tehet\u0151. \nMagass\u00e1ga 32 cm\nAlap \u00e1tm\u00e9r\u0151je 13 cm\nAj\u00e1nd\u00e9knak is remek v\u00e1laszt\u00e1s lehet bel\u0151le. \n\n\n\nBanki el\u0151re utal\u00e1ssal \n","price":"2000.00","unit":"db","recommended":"0","status":"1","sponsored":"0","exp_notify":"0","own_material":"0","own_material_description_old":null,"own_material_description":"","jury":"0","jury_number":"","product_nature":"","meskaracsony":"0","create_date":"2026-08-28 16:47:31","shelve_id":"0","image":"kiskincsek_product_696981_260828164003_741281.jpeg","image_width":"480","image_height":"480","image_alt":"Kreat\u00edv egyedi st\u00edlus\u00fa kar\u00e1csonyfa fonalb\u00f3l, Egyedi st\u00edlus\u00fa kar\u00e1csonyfa fonalb\u00f3l.\\nFa alapra k\u00e9sz\u00edtett, fa v\u00e1zas fonallal dekor\u00e1lt egyedi st\u00edlus\u00fa ..., Meska","image_title":"Kreat\u00edv egyedi st\u00edlus\u00fa kar\u00e1csonyfa fonalb\u00f3l, Meska","view_count":"21","favourite_count":"3","trending_score":"0","last2MonthFavouriteCount":"3","promotion":"0","giftcard_accept":"0","creditcard_accept":true,"enhanced_background":"0","domain":"meska","specific_customer_id":null,"specific_customer_name":null,"to_order_product":"0","to_order_product_time":"0","product_different":null,"product_different_description":"","vintage":"0","vintage_category_id":"0","recycled":"0","gemstone_id":"0","customizable":"0","type_category":"physical","zerowaste":"0","postage_price":"1290.00","shop_order":"0","has_category":"1","landing_pages":null,"microdata":{"number":11,"category":""},"title":"Kreat\u00edv egyedi st\u00edlus\u00fa kar\u00e1csonyfa fonalb\u00f3l","description":"Egyedi st\u00edlus\u00fa kar\u00e1csonyfa fonalb\u00f3l.\nFa alapra k\u00e9sz\u00edtett, fa v\u00e1zas fonallal dekor\u00e1lt egyedi st\u00edlus\u00fa kar\u00e1csonyfa. Polcra, asztal k\u00f6zep\u00e9re is tehet\u0151. \nMagass\u00e1ga 32 cm\nAlap \u00e1tm\u00e9r\u0151je 13 cm\nAj\u00e1nd\u00e9knak is remek v\u00e1laszt\u00e1s lehet bel\u0151le. \n\n\n\nBanki el\u0151re utal\u00e1ssal \n","score":0,"formatted_price":"2 000 Ft","image_url":"https:\/\/www.meska.hu\/img\/product\/small\/k\/i\/kiskincsek_product_696981_260828164003_741281.jpeg","formatted_url":"https:\/\/www.meska.hu\/p5856684-kreativ-egyedi-stilusu-karacsonyfa-fonalbol","favourite":false,"in_stock":true,"avatar":"696981_avatar_1784990967.jpeg","delete_from":0,"is_enhanced_background":false,"is_enhanced":false,"product_selection_started":false,"is_active":true,"image_webp_url":"https:\/\/www.meska.hu\/img\/product\/small\/k\/i\/kiskincsek_product_696981_260828164003_741281.webp"},{"id":"6342004","shop_id":"47521","user_id":"696981","shop_name":"KisKincsek","shop_zip":"1108","product_code":"5856672","product_name_old":null,"product_name":"Kos\u00e1r, k\u00edn\u00e1l\u00f3kos\u00e1r, kenyeres kos\u00e1r csipk\u00e9vel, v\u00e1szonnal  d\u00edsz\u00edtve","category_string":"Otthon & \u00c9letm\u00f3d, T\u00e1rol\u00e1s & Rendszerez\u00e9s, T\u00e1rol\u00f3kos\u00e1r","technic_string":"Fon\u00e1s (csuh\u00e9, gy\u00e9k\u00e9ny, stb.), Mindenm\u00e1s","category_1":"813","category_2":"426","category_3":"428","category_4":"0","merged_category_1":null,"merged_category_2":null,"merged_category_3":null,"technic_1":"482","technic_2":"493","technic_3":"0","color_1":"515","color_2":"521","color_3":"532","product_description_old":null,"product_description":"K\u00edv\u00fclr\u0151l fonallal bevont, bel\u00fclr\u0151l pamutv\u00e1szonnal b\u00e9lelt, csipk\u00e9vel d\u00edsz\u00edtett ov\u00e1lis alak\u00fa kos\u00e1rka, t\u00e1l, k\u00edn\u00e1l\u00f3kos\u00e1r,  kenyeres kos\u00e1r.\nHossza: 24 cm\nSz\u00e9less\u00e9ge 14 cm\nM\u00e9lys\u00e9ge 7 cm\nAj\u00e1nlom  vend\u00e9gv\u00e1r\u00f3 apr\u00f3s\u00e1gok,  s\u00fcti  keny\u00e9r, cukorka, kulcs, kreat\u00edv alapanyagok, otthoni kiskincsek t\u00e1rol\u00e1s\u00e1hoz, vagy egy sz\u00e9p aj\u00e1nd\u00e9k is v\u00e1lhat bel\u0151le. \n\n\n\nBanki el\u0151re utal\u00e1ssal \n","price":"2000.00","unit":"db","recommended":"0","status":"1","sponsored":"0","exp_notify":"0","own_material":"0","own_material_description_old":null,"own_material_description":"","jury":"0","jury_number":"","product_nature":"","meskaracsony":"0","create_date":"2026-08-28 16:39:01","shelve_id":"0","image":"kiskincsek_product_696981_260828163613_595575.jpeg","image_width":"480","image_height":"480","image_alt":"Kos\u00e1r, k\u00edn\u00e1l\u00f3kos\u00e1r, kenyeres kos\u00e1r csipk\u00e9vel, v\u00e1szonnal  d\u00edsz\u00edtve, K\u00edv\u00fclr\u0151l fonallal bevont, bel\u00fclr\u0151l pamutv\u00e1szonnal b\u00e9lelt, csipk\u00e9vel d\u00edsz\u00edtett ov\u00e1lis alak\u00fa kos\u00e1rka, ..., Meska","image_title":"Kos\u00e1r, k\u00edn\u00e1l\u00f3kos\u00e1r, kenyeres kos\u00e1r csipk\u00e9vel, v\u00e1szonnal  d\u00edsz\u00edtve, Meska","view_count":"18","favourite_count":"3","trending_score":"0","last2MonthFavouriteCount":"3","promotion":"0","giftcard_accept":"0","creditcard_accept":true,"enhanced_background":"0","domain":"meska","specific_customer_id":null,"specific_customer_name":null,"to_order_product":"0","to_order_product_time":"0","product_different":null,"product_different_description":"","vintage":"0","vintage_category_id":"0","recycled":"0","gemstone_id":"0","customizable":"0","type_category":"physical","zerowaste":"0","postage_price":"1290.00","shop_order":"0","has_category":"1","landing_pages":null,"microdata":{"number":12,"category":""},"title":"Kos\u00e1r, k\u00edn\u00e1l\u00f3kos\u00e1r, kenyeres kos\u00e1r csipk\u00e9vel, v\u00e1szonnal  d\u00edsz\u00edtve","description":"K\u00edv\u00fclr\u0151l fonallal bevont, bel\u00fclr\u0151l pamutv\u00e1szonnal b\u00e9lelt, csipk\u00e9vel d\u00edsz\u00edtett ov\u00e1lis alak\u00fa kos\u00e1rka, t\u00e1l, k\u00edn\u00e1l\u00f3kos\u00e1r,  kenyeres kos\u00e1r.\nHossza: 24 cm\nSz\u00e9less\u00e9ge 14 cm\nM\u00e9lys\u00e9ge 7 cm\nAj\u00e1nlom  vend\u00e9gv\u00e1r\u00f3 apr\u00f3s\u00e1gok,  s\u00fcti  keny\u00e9r, cukorka, kulcs, kreat\u00edv alapanyagok, otthoni kiskincsek t\u00e1rol\u00e1s\u00e1hoz, vagy egy sz\u00e9p aj\u00e1nd\u00e9k is v\u00e1lhat bel\u0151le. \n\n\n\nBanki el\u0151re utal\u00e1ssal \n","score":0,"formatted_price":"2 000 Ft","image_url":"https:\/\/www.meska.hu\/img\/product\/small\/k\/i\/kiskincsek_product_696981_260828163613_595575.jpeg","formatted_url":"https:\/\/www.meska.hu\/p5856672-kosar-kinalokosar-kenyeres-kosar-csipkevel-vaszonnal-diszitve","favourite":false,"in_stock":true,"avatar":"696981_avatar_1784990967.jpeg","delete_from":0,"is_enhanced_background":false,"is_enhanced":false,"product_selection_started":false,"is_active":true,"image_webp_url":"https:\/\/www.meska.hu\/img\/product\/small\/k\/i\/kiskincsek_product_696981_260828163613_595575.webp"},{"id":"6341997","shop_id":"47521","user_id":"696981","shop_name":"KisKincsek","shop_zip":"1108","product_code":"5856666","product_name_old":null,"product_name":"Kenyeres kos\u00e1r, k\u00edn\u00e1l\u00f3kos\u00e1r csipk\u00e9vel, v\u00e1szonnal  d\u00edsz\u00edtve","category_string":"Otthon & \u00c9letm\u00f3d, T\u00e1rol\u00e1s & Rendszerez\u00e9s, T\u00e1rol\u00f3kos\u00e1r","technic_string":"Fon\u00e1s (csuh\u00e9, gy\u00e9k\u00e9ny, stb.), Mindenm\u00e1s","category_1":"813","category_2":"426","category_3":"428","category_4":"0","merged_category_1":null,"merged_category_2":null,"merged_category_3":null,"technic_1":"482","technic_2":"493","technic_3":"0","color_1":"515","color_2":"521","color_3":"532","product_description_old":null,"product_description":"K\u00edv\u00fclr\u0151l fonallal bevont, bel\u00fclr\u0151l pamutv\u00e1szonnal b\u00e9lelt, csipk\u00e9vel d\u00edsz\u00edtett ov\u00e1lis alak\u00fa kos\u00e1rka, t\u00e1l.\nHossza: 24 cm\nSz\u00e9less\u00e9ge 14 cm\nM\u00e9lys\u00e9ge 7 cm\nAj\u00e1nlom  vend\u00e9gv\u00e1r\u00f3 apr\u00f3s\u00e1gok, kreat\u00edv alapanyagok, otthoni kiskincsek t\u00e1rol\u00e1s\u00e1hoz, vagy egy sz\u00e9p aj\u00e1nd\u00e9k is v\u00e1lhat bel\u0151le. \n\n\n\nBanki el\u0151re utal\u00e1ssal \n","price":"2000.00","unit":"db","recommended":"0","status":"1","sponsored":"0","exp_notify":"0","own_material":"0","own_material_description_old":null,"own_material_description":"","jury":"0","jury_number":"","product_nature":"","meskaracsony":"0","create_date":"2026-08-28 16:35:34","shelve_id":"0","image":"kiskincsek_product_696981_260828162812_560634.jpeg","image_width":"480","image_height":"480","image_alt":"Kenyeres kos\u00e1r, k\u00edn\u00e1l\u00f3kos\u00e1r csipk\u00e9vel, v\u00e1szonnal  d\u00edsz\u00edtve, K\u00edv\u00fclr\u0151l fonallal bevont, bel\u00fclr\u0151l pamutv\u00e1szonnal b\u00e9lelt, csipk\u00e9vel d\u00edsz\u00edtett ov\u00e1lis alak\u00fa kos\u00e1rka, ..., Meska","image_title":"Kenyeres kos\u00e1r, k\u00edn\u00e1l\u00f3kos\u00e1r csipk\u00e9vel, v\u00e1szonnal  d\u00edsz\u00edtve, Meska","view_count":"17","favourite_count":"3","trending_score":"0","last2MonthFavouriteCount":"3","promotion":"0","giftcard_accept":"0","creditcard_accept":true,"enhanced_background":"0","domain":"meska","specific_customer_id":null,"specific_customer_name":null,"to_order_product":"0","to_order_product_time":"0","product_different":null,"product_different_description":"","vintage":"0","vintage_category_id":"0","recycled":"0","gemstone_id":"0","customizable":"0","type_category":"physical","zerowaste":"0","postage_price":"1290.00","shop_order":"0","has_category":"1","landing_pages":null,"microdata":{"number":13,"category":""},"title":"Kenyeres kos\u00e1r, k\u00edn\u00e1l\u00f3kos\u00e1r csipk\u00e9vel, v\u00e1szonnal  d\u00edsz\u00edtve","description":"K\u00edv\u00fclr\u0151l fonallal bevont, bel\u00fclr\u0151l pamutv\u00e1szonnal b\u00e9lelt, csipk\u00e9vel d\u00edsz\u00edtett ov\u00e1lis alak\u00fa kos\u00e1rka, t\u00e1l.\nHossza: 24 cm\nSz\u00e9less\u00e9ge 14 cm\nM\u00e9lys\u00e9ge 7 cm\nAj\u00e1nlom  vend\u00e9gv\u00e1r\u00f3 apr\u00f3s\u00e1gok, kreat\u00edv alapanyagok, otthoni kiskincsek t\u00e1rol\u00e1s\u00e1hoz, vagy egy sz\u00e9p aj\u00e1nd\u00e9k is v\u00e1lhat bel\u0151le. \n\n\n\nBanki el\u0151re utal\u00e1ssal \n","score":0,"formatted_price":"2 000 Ft","image_url":"https:\/\/www.meska.hu\/img\/product\/small\/k\/i\/kiskincsek_product_696981_260828162812_560634.jpeg","formatted_url":"https:\/\/www.meska.hu\/p5856666-kosar-kinalokosar-csipkevel-vaszonnal-diszitve","favourite":false,"in_stock":true,"avatar":"696981_avatar_1784990967.jpeg","delete_from":0,"is_enhanced_background":false,"is_enhanced":false,"product_selection_started":false,"is_active":true,"image_webp_url":"https:\/\/www.meska.hu\/img\/product\/small\/k\/i\/kiskincsek_product_696981_260828162812_560634.webp"},{"id":"4496211","shop_id":"3276","user_id":"1474","shop_name":"Gobi","shop_zip":"2100","product_code":"4775530","product_name_old":null,"product_name":"Nemez falik\u00e9p V\u00edzben. M\u00e9rete: 70 x 180 cm RENDELHET\u0150","category_string":"M\u0171v\u00e9szet, Textilk\u00e9p, Nemezelt","technic_string":"Nemezel\u00e9s, Fon\u00e1s (csuh\u00e9, gy\u00e9k\u00e9ny, stb.)","category_1":"357","category_2":"375","category_3":"1161","category_4":"0","merged_category_1":"0","merged_category_2":"0","merged_category_3":"785","technic_1":"494","technic_2":"482","technic_3":"0","color_1":"530","color_2":"521","color_3":"522","product_description_old":null,"product_description":"V\u00edzben, 100% gyapj\u00fab\u00f3l nemezelt falik\u00e9p.\n\nEz a k\u00e9p m\u00e1r gazd\u00e1ra tal\u00e1lt, de sz\u00edvesen elk\u00e9sz\u00edtem ugyanezt, vagy m\u00e1s vari\u00e1ci\u00f3it a Hal mot\u00edvum jegy\u00e9ben. \nEnnek a k\u00e9pnek a m\u00e9rete: 70 cm x 180 cm. Ezt a Halat gyapj\u00fafonalakkal \"rajzoltam\" azut\u00e1n k\u00fcl\u00f6nb\u00f6z\u0151 gyapj\u00fakkal v\u00edzes technik\u00e1val nemezeltem egy anyagg\u00e1. A felhaszn\u00e1lt gyapj\u00fat \u00e9s fonalakat magam sz\u00edneztem. Apr\u00f3l\u00e9kos k\u00e9zifon\u00e1s keretezi, mely d\u00edszes bojtban z\u00e1r\u00f3dik. Fon\u00e1kj\u00e1n kis p\u00e1ntok egy fa l\u00e9cet tartanak, mely merev\u00edti, \u00e9s a f\u00fcggeszt\u00e9st is seg\u00edti. Nagy terekben rendk\u00edv\u00fcl dekorat\u00edv hat\u00e1st kelt.\n\nMegrendel\u00e9s eset\u00e9n: A m\u00e9ret \u00e9s a sz\u00ednek a megrendel\u0151vel egyeztetve v\u00e1ltozhatnak. Ha nagy a m\u00e9retbeli k\u00fcl\u00f6nbs\u00e9g akor az \u00e1r is v\u00e1ltozik (cs\u00f6kken\/emelkedik), egyeztet\u00e9s szerint. A r\u00e9szletfot\u00f3k hely\u00e9n tal\u00e1lhat\u00f3 t\u00f6bbi halas k\u00e9p \u00edzel\u00edt\u0151 a tov\u00e1bbi vari\u00e1ci\u00f3kra. Teh\u00e1t itt egy darab k\u00e9p \u00e9rhet\u0151 el a megadott \u00e1ron, a fot\u00f3k csak illuszt\u00e1lj\u00e1k a tov\u00e1bbi lehet\u0151s\u00e9geket!\n\nA megrendel\u00e9s menete: \nMegbesz\u00e9lj\u00fck a r\u00e9szleteket, ekkor lehet\u0151s\u00e9g van k\u00fcl\u00f6nleges k\u00e9r\u00e9sekre: pl. esetleges bet\u0171k, m\u00e1s sz\u00edn\u00e1ll\u00e1s, hal \u00fasz\u00e1s ir\u00e1nya...\nEl\u0151leg fizet\u00e9se: Felt\u00f6lt\u00f6k egy t\u00e9telt a Mesk\u00e1ra a teljes \u00e1r 25%-r\u00f3l. Amikor az \u00f6sszeg meg\u00e9rkezett onnant\u00f3l sz\u00e1m\u00edtva max. k\u00e9t h\u00f3napon bel\u00fcl elk\u00e9sz\u00fcl a k\u00e9p. Ez gyakran hamarabb van, de ez az az id\u0151 amit biztosan tudok tartani. A k\u00e9sz\u00edt\u00e9s k\u00f6zben szoktam k\u00fcldeni fot\u00f3kat a festett anyagokr\u00f3l, a k\u00e9sz\u00edt\u00e9s m\u00f3dj\u00e1r\u00f3l...\nAmikor elk\u00e9sz\u00fcltem \u00e9rtes\u00edt\u00e9st k\u00fcld\u00f6k, felt\u00f6lt\u00f6m a k\u00e9sz fot\u00f3kat a marad\u00e9k v\u00e9tel\u00e1rral, \u00e9s a postak\u00f6lts\u00e9ggel.\nHa b\u00e1rmilyen k\u00e9rd\u00e9se van k\u00e9rem \u00edrjon!\n\nA szem\u00e9lyes \u00e1tv\u00e9tel Budapesten, G\u00f6d\u00f6ll\u0151n lehets\u00e9ges.","price":"520000.00","unit":"db","recommended":"0","status":"1","sponsored":"0","exp_notify":"0","own_material":"0","own_material_description_old":null,"own_material_description":"","jury":"0","jury_number":"","product_nature":"","meskaracsony":"0","create_date":"2026-08-28 13:47:35","shelve_id":"7209","image":"gobi_product_1474_200424144033_202988.jpeg","image_width":"480","image_height":"215","image_alt":"Nemez falik\u00e9p V\u00edzben. M\u00e9rete: 70 x 180 cm RENDELHET\u0150, V\u00edzben, 100% gyapj\u00fab\u00f3l nemezelt falik\u00e9p.\\n\\nEz a k\u00e9p m\u00e1r gazd\u00e1ra tal\u00e1lt, de sz\u00edvesen elk\u00e9sz\u00edtem ugyane..., Meska","image_title":"Nemez falik\u00e9p V\u00edzben. M\u00e9rete: 70 x 180 cm RENDELHET\u0150, Meska","view_count":"1893","favourite_count":"0","trending_score":"0","last2MonthFavouriteCount":"0","promotion":"0","giftcard_accept":"1","creditcard_accept":true,"enhanced_background":"0","domain":"meska","specific_customer_id":null,"specific_customer_name":null,"to_order_product":"1","to_order_product_time":"60","product_different":"different","product_different_description":"A m\u00e9ret \u00e9s a sz\u00ednek a megrendel\u0151vel egyeztetve v\u00e1ltozhatnak. Ha nagy a m\u00e9retbeli k\u00fcl\u00f6nbs\u00e9g akor az \u00e1r is v\u00e1ltozik egyeztet\u00e9s szerint.","vintage":"0","vintage_category_id":"0","recycled":"0","gemstone_id":"0","customizable":"0","type_category":"physical","zerowaste":"0","postage_price":"2390.00","shop_order":"14","has_category":"1","landing_pages":null,"microdata":{"number":14,"category":""},"title":"Nemez falik\u00e9p V\u00edzben. M\u00e9rete: 70 x 180 cm RENDELHET\u0150","description":"V\u00edzben, 100% gyapj\u00fab\u00f3l nemezelt falik\u00e9p.\n\nEz a k\u00e9p m\u00e1r gazd\u00e1ra tal\u00e1lt, de sz\u00edvesen elk\u00e9sz\u00edtem ugyanezt, vagy m\u00e1s vari\u00e1ci\u00f3it a Hal mot\u00edvum jegy\u00e9ben. \nEnnek a k\u00e9pnek a m\u00e9rete: 70 cm x 180 cm. Ezt a Halat gyapj\u00fafonalakkal \"rajzoltam\" azut\u00e1n k\u00fcl\u00f6nb\u00f6z\u0151 gyapj\u00fakkal v\u00edzes technik\u00e1val nemezeltem egy anyagg\u00e1. A felhaszn\u00e1lt gyapj\u00fat \u00e9s fonalakat magam sz\u00edneztem. Apr\u00f3l\u00e9kos k\u00e9zifon\u00e1s keretezi, mely d\u00edszes bojtban z\u00e1r\u00f3dik. Fon\u00e1kj\u00e1n kis p\u00e1ntok egy fa l\u00e9cet tartanak, mely merev\u00edti, \u00e9s a f\u00fcggeszt\u00e9st is seg\u00edti. Nagy terekben rendk\u00edv\u00fcl dekorat\u00edv hat\u00e1st kelt.\n\nMegrendel\u00e9s eset\u00e9n: A m\u00e9ret \u00e9s a sz\u00ednek a megrendel\u0151vel egyeztetve v\u00e1ltozhatnak. Ha nagy a m\u00e9retbeli k\u00fcl\u00f6nbs\u00e9g akor az \u00e1r is v\u00e1ltozik (cs\u00f6kken\/emelkedik), egyeztet\u00e9s szerint. A r\u00e9szletfot\u00f3k hely\u00e9n tal\u00e1lhat\u00f3 t\u00f6bbi halas k\u00e9p \u00edzel\u00edt\u0151 a tov\u00e1bbi vari\u00e1ci\u00f3kra. Teh\u00e1t itt egy darab k\u00e9p \u00e9rhet\u0151 el a megadott \u00e1ron, a fot\u00f3k csak illuszt\u00e1lj\u00e1k a tov\u00e1bbi lehet\u0151s\u00e9geket!\n\nA megrendel\u00e9s menete: \nMegbesz\u00e9lj\u00fck a r\u00e9szleteket, ekkor lehet\u0151s\u00e9g van k\u00fcl\u00f6nleges k\u00e9r\u00e9sekre: pl. esetleges bet\u0171k, m\u00e1s sz\u00edn\u00e1ll\u00e1s, hal \u00fasz\u00e1s ir\u00e1nya...\nEl\u0151leg fizet\u00e9se: Felt\u00f6lt\u00f6k egy t\u00e9telt a Mesk\u00e1ra a teljes \u00e1r 25%-r\u00f3l. Amikor az \u00f6sszeg meg\u00e9rkezett onnant\u00f3l sz\u00e1m\u00edtva max. k\u00e9t h\u00f3napon bel\u00fcl elk\u00e9sz\u00fcl a k\u00e9p. Ez gyakran hamarabb van, de ez az az id\u0151 amit biztosan tudok tartani. A k\u00e9sz\u00edt\u00e9s k\u00f6zben szoktam k\u00fcldeni fot\u00f3kat a festett anyagokr\u00f3l, a k\u00e9sz\u00edt\u00e9s m\u00f3dj\u00e1r\u00f3l...\nAmikor elk\u00e9sz\u00fcltem \u00e9rtes\u00edt\u00e9st k\u00fcld\u00f6k, felt\u00f6lt\u00f6m a k\u00e9sz fot\u00f3kat a marad\u00e9k v\u00e9tel\u00e1rral, \u00e9s a postak\u00f6lts\u00e9ggel.\nHa b\u00e1rmilyen k\u00e9rd\u00e9se van k\u00e9rem \u00edrjon!\n\nA szem\u00e9lyes \u00e1tv\u00e9tel Budapesten, G\u00f6d\u00f6ll\u0151n lehets\u00e9ges.","score":0,"formatted_price":"520 000 Ft","image_url":"https:\/\/www.meska.hu\/img\/product\/small\/g\/o\/gobi_product_1474_200424144033_202988.jpeg","formatted_url":"https:\/\/www.meska.hu\/p4775530-nemez-falikep-vizben-merete-70-x-180-cm-rendelheto","favourite":false,"in_stock":false,"avatar":"1474_avatar_1757590907.jpeg","delete_from":0,"is_enhanced_background":false,"is_enhanced":false,"product_selection_started":false,"is_active":true,"image_webp_url":"https:\/\/www.meska.hu\/img\/product\/small\/g\/o\/gobi_product_1474_200424144033_202988.webp"},{"id":"5904742","shop_id":"38745","user_id":"499886","shop_name":"Sasafonomuhelye","shop_zip":"2377","product_code":"5612341","product_name_old":null,"product_name":"\u00cdr\u00f3szer tart\u00f3","category_string":"Otthon & \u00c9letm\u00f3d, T\u00e1rol\u00e1s & Rendszerez\u00e9s, \u00cdr\u00f3asztali t\u00e1rol\u00f3","technic_string":"Fon\u00e1s (csuh\u00e9, gy\u00e9k\u00e9ny, stb.), Kos\u00e1rfon\u00e1s","category_1":"813","category_2":"426","category_3":"994","category_4":"0","merged_category_1":null,"merged_category_2":null,"merged_category_3":null,"technic_1":"482","technic_2":"2","technic_3":"0","color_1":"514","color_2":"0","color_3":"0","product_description_old":null,"product_description":"Pap\u00edrfon\u00e1ssal k\u00e9sz\u00edtett \u00edr\u00f3szertart\u00f3   Egyedi, k\u00e9zm\u0171ves term\u00e9k. Sz\u00e9p d\u00edsze az \u00edr\u00f3asztalnak, az \u00edr\u00f3szerek t\u00e1rol\u00e1s\u00e1ra alkalmas. Praktikus aj\u00e1nd\u00e9k ak\u00e1r iskolakezdeshez is. M\u00e9retek:  13 cm magas,  10 cm \u00e1tm\u00e9r\u0151vel a fels\u0151 r\u00e9sz\u00e9n. Nedves szivaccsal j\u00f3l tiszt\u00edthat\u00f3, \u00e1ztat\u00e1st\u00f3l \u00f3vjuk. \u00c1ztat\u00e1s eset\u00e9n hagyjuk megsz\u00e1radni, ezt k\u00f6vet\u0151en visszanyeri eredeti \u00e1llapot\u00e1t.","price":"2800.00","unit":"db","recommended":"0","status":"1","sponsored":"0","exp_notify":"0","own_material":"0","own_material_description_old":null,"own_material_description":"","jury":"0","jury_number":"","product_nature":"","meskaracsony":"0","create_date":"2026-08-27 21:16:02","shelve_id":"73337","image":"sasafonomuhelye_product_499886_250827193839_505156.jpeg","image_width":"480","image_height":"418","image_alt":"\u00cdr\u00f3szer tart\u00f3, Pap\u00edrfon\u00e1ssal k\u00e9sz\u00edtett \u00edr\u00f3szertart\u00f3   Egyedi, k\u00e9zm\u0171ves term\u00e9k. Sz\u00e9p d\u00edsze az \u00edr\u00f3asztalnak, az \u00edr\u00f3sz..., Meska","image_title":"\u00cdr\u00f3szer tart\u00f3, Meska","view_count":"196","favourite_count":"0","trending_score":"0","last2MonthFavouriteCount":"0","promotion":"209","giftcard_accept":"0","creditcard_accept":true,"enhanced_background":"0","domain":"meska","specific_customer_id":null,"specific_customer_name":null,"to_order_product":"0","to_order_product_time":"0","product_different":null,"product_different_description":"","vintage":"0","vintage_category_id":"0","recycled":"0","gemstone_id":"0","customizable":"0","type_category":"physical","zerowaste":"0","postage_price":"1290.00","shop_order":"0","has_category":"1","landing_pages":null,"microdata":{"number":15,"category":""},"title":"\u00cdr\u00f3szer tart\u00f3","description":"Pap\u00edrfon\u00e1ssal k\u00e9sz\u00edtett \u00edr\u00f3szertart\u00f3   Egyedi, k\u00e9zm\u0171ves term\u00e9k. Sz\u00e9p d\u00edsze az \u00edr\u00f3asztalnak, az \u00edr\u00f3szerek t\u00e1rol\u00e1s\u00e1ra alkalmas. Praktikus aj\u00e1nd\u00e9k ak\u00e1r iskolakezdeshez is. M\u00e9retek:  13 cm magas,  10 cm \u00e1tm\u00e9r\u0151vel a fels\u0151 r\u00e9sz\u00e9n. Nedves szivaccsal j\u00f3l tiszt\u00edthat\u00f3, \u00e1ztat\u00e1st\u00f3l \u00f3vjuk. \u00c1ztat\u00e1s eset\u00e9n hagyjuk megsz\u00e1radni, ezt k\u00f6vet\u0151en visszanyeri eredeti \u00e1llapot\u00e1t.","score":0,"formatted_price":"2 800 Ft","image_url":"https:\/\/www.meska.hu\/img\/product\/small\/s\/a\/sasafonomuhelye_product_499886_250827193839_505156.jpeg","formatted_url":"https:\/\/www.meska.hu\/p5612341-iroszer-tarto","favourite":false,"in_stock":true,"avatar":"499886_avatar_1693338005.jpeg","delete_from":0,"is_enhanced_background":false,"is_enhanced":false,"product_selection_started":false,"original_price":"2 800 Ft","promotion_percentage":"-10%","promoted_price":"2 520 Ft","promoted_price_sup":"10","ribbon":"https:\/\/www.meska.hu\/img\/promotionbanners\/GQTXZHEC0\/product_ribbon_10_1785231767.svg","is_active":true,"image_webp_url":"https:\/\/www.meska.hu\/img\/product\/small\/s\/a\/sasafonomuhelye_product_499886_250827193839_505156.webp"},{"id":"4942791","shop_id":"38745","user_id":"499886","shop_name":"Sasafonomuhelye","shop_zip":"2377","product_code":"5041285","product_name_old":null,"product_name":"Fonott kosarak feh\u00e9r sz\u00ednben pap\u00edrfon\u00e1ssal k\u00e9t darabos k\u00e9szlet","category_string":"Otthon & \u00c9letm\u00f3d, T\u00e1rol\u00e1s & Rendszerez\u00e9s, T\u00e1rol\u00f3kos\u00e1r","technic_string":"Fon\u00e1s (csuh\u00e9, gy\u00e9k\u00e9ny, stb.)","category_1":"813","category_2":"426","category_3":"428","category_4":"0","merged_category_1":null,"merged_category_2":null,"merged_category_3":null,"technic_1":"482","technic_2":"0","technic_3":"0","color_1":"519","color_2":"0","color_3":"0","product_description_old":null,"product_description":"Pap\u00edrfon\u00e1ssal k\u00e9sz\u00fclt, egyedi, k\u00e9zm\u0171ves, k\u00e9t darabb\u00f3l \u00e1ll\u00f3 term\u00e9k. A sz\u00edn\u00fck feh\u00e9r. Alkalmasak aj\u00e1nd\u00e9knak, ak\u00e1r gy\u00fcm\u00f6lcs, \u00e9dess\u00e9g t\u00e1rol\u00e1s\u00e1ra, de \u00f6n\u00e1ll\u00f3an is sz\u00e9p dekor\u00e1ci\u00f3ja lehet a lak\u00e1snak. A m\u00e9rete a nagy kos\u00e1rnak: 31 cm \u00e1tm\u00e9r\u0151j\u0171 fel\u00fcl, 10 cm magas, a kisebb: 15 cm \u00e1tm\u00e9r\u0151j\u0171 fel\u00fcl, 7 cm magass\u00e1g\u00fa.","price":"8000.00","unit":"db","recommended":"0","status":"1","sponsored":"0","exp_notify":"0","own_material":"0","own_material_description_old":null,"own_material_description":"","jury":"0","jury_number":"","product_nature":"","meskaracsony":"0","create_date":"2026-08-27 21:15:52","shelve_id":"73337","image":"sasafonomuhelye_product_499886_230818152922_51249.jpeg","image_width":"480","image_height":"675","image_alt":"Fonott kosarak feh\u00e9r sz\u00ednben pap\u00edrfon\u00e1ssal k\u00e9t darabos k\u00e9szlet, Pap\u00edrfon\u00e1ssal k\u00e9sz\u00fclt, egyedi, k\u00e9zm\u0171ves, k\u00e9t darabb\u00f3l \u00e1ll\u00f3 term\u00e9k. A sz\u00edn\u00fck feh\u00e9r. Alkalmasak aj\u00e1nd\u00e9..., Meska","image_title":"Fonott kosarak feh\u00e9r sz\u00ednben pap\u00edrfon\u00e1ssal k\u00e9t darabos k\u00e9szlet, Meska","view_count":"579","favourite_count":"0","trending_score":"0","last2MonthFavouriteCount":"0","promotion":"209","giftcard_accept":"0","creditcard_accept":true,"enhanced_background":"0","domain":"meska","specific_customer_id":null,"specific_customer_name":null,"to_order_product":"1","to_order_product_time":"14","product_different":null,"product_different_description":"","vintage":"0","vintage_category_id":"0","recycled":"0","gemstone_id":"0","customizable":"0","type_category":"physical","zerowaste":"0","postage_price":"1290.00","shop_order":"0","has_category":"1","landing_pages":null,"microdata":{"number":16,"category":""},"title":"Fonott kosarak feh\u00e9r sz\u00ednben pap\u00edrfon\u00e1ssal k\u00e9t darabos k\u00e9szlet","description":"Pap\u00edrfon\u00e1ssal k\u00e9sz\u00fclt, egyedi, k\u00e9zm\u0171ves, k\u00e9t darabb\u00f3l \u00e1ll\u00f3 term\u00e9k. A sz\u00edn\u00fck feh\u00e9r. Alkalmasak aj\u00e1nd\u00e9knak, ak\u00e1r gy\u00fcm\u00f6lcs, \u00e9dess\u00e9g t\u00e1rol\u00e1s\u00e1ra, de \u00f6n\u00e1ll\u00f3an is sz\u00e9p dekor\u00e1ci\u00f3ja lehet a lak\u00e1snak. A m\u00e9rete a nagy kos\u00e1rnak: 31 cm \u00e1tm\u00e9r\u0151j\u0171 fel\u00fcl, 10 cm magas, a kisebb: 15 cm \u00e1tm\u00e9r\u0151j\u0171 fel\u00fcl, 7 cm magass\u00e1g\u00fa.","score":0,"formatted_price":"8 000 Ft","image_url":"https:\/\/www.meska.hu\/img\/product\/small\/s\/a\/sasafonomuhelye_product_499886_230818152922_51249.jpeg","formatted_url":"https:\/\/www.meska.hu\/p5041285-fonott-kosarak-feher-szinben-papirfonassal-ket-darabos-keszlet","favourite":false,"in_stock":false,"avatar":"499886_avatar_1693338005.jpeg","delete_from":0,"is_enhanced_background":false,"is_enhanced":false,"product_selection_started":false,"original_price":"8 000 Ft","promotion_percentage":"-10%","promoted_price":"7 200 Ft","promoted_price_sup":"10","ribbon":"https:\/\/www.meska.hu\/img\/promotionbanners\/GQTXZHEC0\/product_ribbon_10_1785231767.svg","is_active":true,"image_webp_url":"https:\/\/www.meska.hu\/img\/product\/small\/s\/a\/sasafonomuhelye_product_499886_230818152922_51249.webp"},{"id":"6109331","shop_id":"38745","user_id":"499886","shop_name":"Sasafonomuhelye","shop_zip":"2377","product_code":"5729017","product_name_old":null,"product_name":"Mappa pap\u00edrfon\u00e1ssal vil\u00e1gos sz\u00ednben","category_string":"Otthon & \u00c9letm\u00f3d, T\u00e1rol\u00e1s & Rendszerez\u00e9s, T\u00e1rol\u00f3kos\u00e1r","technic_string":"Fon\u00e1s (csuh\u00e9, gy\u00e9k\u00e9ny, stb.)","category_1":"813","category_2":"426","category_3":"428","category_4":"0","merged_category_1":null,"merged_category_2":null,"merged_category_3":null,"technic_1":"482","technic_2":"0","technic_3":"0","color_1":"515","color_2":"0","color_3":"0","product_description_old":null,"product_description":"Pap\u00edrfon\u00e1ssal k\u00e9sz\u00edtett irattart\u00f3 mappa vil\u00e1gos sz\u00ednben. 30 cm magas, 10 cm sz\u00e9les m\u00e9retben k\u00e9sz\u00edtettem, az alj\u00e1t vastag karton alkotja. Eszt\u00e9tikus kieg\u00e9sz\u00edt\u0151je a lak\u00e1s b\u00e1rmely pontj\u00e1nak, t\u00e1rol\u00e1sra nagyszer\u0171. A fon\u00e1s tart\u00f3ss\u00e1g\u00e1t a term\u00e9k t\u00f6bbsz\u00f6ri ragaszt\u00f3val, laz\u00farral \u00e9s lakkal t\u00f6rt\u00e9n\u0151 kezel\u00e9se biztos\u00edtja. Nedves szivaccsal sz\u00e9pen tiszt\u00edthat\u00f3, a t\u00falzott \u00e1ztat\u00e1st\u00f3l \u00f3vjuk. Azonban v\u00e9letlen \u00e1ztat\u00e1s k\u00f6vet\u0151en, form\u00e1j\u00e1t megtartva kem\u00e9nyre sz\u00e1rad.","price":"24000.00","unit":"db","recommended":"0","status":"1","sponsored":"0","exp_notify":"0","own_material":"0","own_material_description_old":null,"own_material_description":"","jury":"0","jury_number":"","product_nature":"","meskaracsony":"0","create_date":"2026-08-27 21:15:34","shelve_id":"73337","image":"sasafonomuhelye_product_499886_260208104838_787787.jpeg","image_width":"480","image_height":"480","image_alt":"Mappa pap\u00edrfon\u00e1ssal vil\u00e1gos sz\u00ednben, Pap\u00edrfon\u00e1ssal k\u00e9sz\u00edtett irattart\u00f3 mappa vil\u00e1gos sz\u00ednben. 30 cm magas, 10 cm sz\u00e9les m\u00e9retben k\u00e9sz\u00edtet..., Meska","image_title":"Mappa pap\u00edrfon\u00e1ssal vil\u00e1gos sz\u00ednben, Meska","view_count":"33","favourite_count":"0","trending_score":"0","last2MonthFavouriteCount":"0","promotion":"0","giftcard_accept":"0","creditcard_accept":true,"enhanced_background":"0","domain":"meska","specific_customer_id":null,"specific_customer_name":null,"to_order_product":"1","to_order_product_time":"30","product_different":null,"product_different_description":"","vintage":"0","vintage_category_id":"0","recycled":"0","gemstone_id":"0","customizable":"0","type_category":"physical","zerowaste":"0","postage_price":"1290.00","shop_order":"0","has_category":"1","landing_pages":null,"microdata":{"number":17,"category":""},"title":"Mappa pap\u00edrfon\u00e1ssal vil\u00e1gos sz\u00ednben","description":"Pap\u00edrfon\u00e1ssal k\u00e9sz\u00edtett irattart\u00f3 mappa vil\u00e1gos sz\u00ednben. 30 cm magas, 10 cm sz\u00e9les m\u00e9retben k\u00e9sz\u00edtettem, az alj\u00e1t vastag karton alkotja. Eszt\u00e9tikus kieg\u00e9sz\u00edt\u0151je a lak\u00e1s b\u00e1rmely pontj\u00e1nak, t\u00e1rol\u00e1sra nagyszer\u0171. A fon\u00e1s tart\u00f3ss\u00e1g\u00e1t a term\u00e9k t\u00f6bbsz\u00f6ri ragaszt\u00f3val, laz\u00farral \u00e9s lakkal t\u00f6rt\u00e9n\u0151 kezel\u00e9se biztos\u00edtja. Nedves szivaccsal sz\u00e9pen tiszt\u00edthat\u00f3, a t\u00falzott \u00e1ztat\u00e1st\u00f3l \u00f3vjuk. Azonban v\u00e9letlen \u00e1ztat\u00e1s k\u00f6vet\u0151en, form\u00e1j\u00e1t megtartva kem\u00e9nyre sz\u00e1rad.","score":0,"formatted_price":"24 000 Ft","image_url":"https:\/\/www.meska.hu\/img\/product\/small\/s\/a\/sasafonomuhelye_product_499886_260208104838_787787.jpeg","formatted_url":"https:\/\/www.meska.hu\/p5729017-mappa-papirfonassal-vilagos-szinben","favourite":false,"in_stock":false,"avatar":"499886_avatar_1693338005.jpeg","delete_from":0,"is_enhanced_background":false,"is_enhanced":false,"product_selection_started":false,"is_active":true,"image_webp_url":"https:\/\/www.meska.hu\/img\/product\/small\/s\/a\/sasafonomuhelye_product_499886_260208104838_787787.webp"},{"id":"4534180","shop_id":"38745","user_id":"499886","shop_name":"Sasafonomuhelye","shop_zip":"2377","product_code":"4804421","product_name_old":null,"product_name":"N\u00e9gyzet alak\u00fa fonott kos\u00e1r ","category_string":"Otthon & \u00c9letm\u00f3d, T\u00e1rol\u00e1s & Rendszerez\u00e9s, T\u00e1rol\u00f3kos\u00e1r","technic_string":"Fon\u00e1s (csuh\u00e9, gy\u00e9k\u00e9ny, stb.), \u00dajrahasznos\u00edtott alapanyagb\u00f3l k\u00e9sz\u00fclt term\u00e9kek","category_1":"813","category_2":"426","category_3":"428","category_4":"0","merged_category_1":null,"merged_category_2":null,"merged_category_3":null,"technic_1":"482","technic_2":"504","technic_3":"0","color_1":"514","color_2":"515","color_3":"519","product_description_old":null,"product_description":"30x20 cm 19 cm magas t\u00e1rol\u00f3 kos\u00e1r, egyedi k\u00e9zm\u0171ves term\u00e9k, amely papirfon\u00e1ssal k\u00e9sz\u00fclt. ","price":"9000.00","unit":"db","recommended":"0","status":"1","sponsored":"0","exp_notify":"0","own_material":"0","own_material_description_old":null,"own_material_description":"","jury":"0","jury_number":"","product_nature":"","meskaracsony":"0","create_date":"2026-08-27 21:13:21","shelve_id":"0","image":"sasafonomuhelye_product_499886_221011180551_263817.jpeg","image_width":"480","image_height":"1066","image_alt":"N\u00e9gyzet alak\u00fa fonott kos\u00e1r , 30x20 cm 19 cm magas t\u00e1rol\u00f3 kos\u00e1r, egyedi k\u00e9zm\u0171ves term\u00e9k, amely papirfon\u00e1ssal k\u00e9sz\u00fclt. , Meska","image_title":"N\u00e9gyzet alak\u00fa fonott kos\u00e1r , Meska","view_count":"1941","favourite_count":"0","trending_score":"0","last2MonthFavouriteCount":"0","promotion":"209","giftcard_accept":"0","creditcard_accept":true,"enhanced_background":"0","domain":"meska","specific_customer_id":null,"specific_customer_name":null,"to_order_product":"1","to_order_product_time":"14","product_different":null,"product_different_description":"","vintage":"0","vintage_category_id":"0","recycled":"0","gemstone_id":"0","customizable":"0","type_category":"physical","zerowaste":"0","postage_price":"1290.00","shop_order":"0","has_category":"1","landing_pages":null,"microdata":{"number":18,"category":""},"title":"N\u00e9gyzet alak\u00fa fonott kos\u00e1r ","description":"30x20 cm 19 cm magas t\u00e1rol\u00f3 kos\u00e1r, egyedi k\u00e9zm\u0171ves term\u00e9k, amely papirfon\u00e1ssal k\u00e9sz\u00fclt. ","score":0,"formatted_price":"9 000 Ft","image_url":"https:\/\/www.meska.hu\/img\/product\/small\/s\/a\/sasafonomuhelye_product_499886_221011180551_263817.jpeg","formatted_url":"https:\/\/www.meska.hu\/p4804421-negyzet-alaku-fonott-kosar","favourite":false,"in_stock":false,"avatar":"499886_avatar_1693338005.jpeg","delete_from":0,"is_enhanced_background":false,"is_enhanced":false,"product_selection_started":false,"original_price":"9 000 Ft","promotion_percentage":"-10%","promoted_price":"8 100 Ft","promoted_price_sup":"10","ribbon":"https:\/\/www.meska.hu\/img\/promotionbanners\/GQTXZHEC0\/product_ribbon_10_1785231767.svg","is_active":true,"image_webp_url":"https:\/\/www.meska.hu\/img\/product\/small\/s\/a\/sasafonomuhelye_product_499886_221011180551_263817.webp"},{"id":"5896464","shop_id":"38745","user_id":"499886","shop_name":"Sasafonomuhelye","shop_zip":"2377","product_code":"5609106","product_name_old":null,"product_name":"Sz\u00f6gletes kos\u00e1r f\u00fclekkel","category_string":"Otthon & \u00c9letm\u00f3d, T\u00e1rol\u00e1s & Rendszerez\u00e9s, T\u00e1rol\u00f3kos\u00e1r","technic_string":"Fon\u00e1s (csuh\u00e9, gy\u00e9k\u00e9ny, stb.)","category_1":"813","category_2":"426","category_3":"428","category_4":"0","merged_category_1":null,"merged_category_2":null,"merged_category_3":null,"technic_1":"482","technic_2":"0","technic_3":"0","color_1":"514","color_2":"0","color_3":"0","product_description_old":null,"product_description":"A kos\u00e1r pap\u00edrfon\u00e1ssal k\u00e9sz\u00fclt, egyedi, k\u00e9zm\u0171ves term\u00e9k, oldal\u00e1n k\u00e9t f\u00fcllel. A kos\u00e1r v\u00e1za er\u0151s, az alja kartonb\u00f3l k\u00e9sz\u00fclt. M\u00e9retek: 37\u00d714 cm, 10 cm (f\u00fcllel 13 cm) magas. Alkalmas f\u00fcrd\u0151szob\u00e1ba, konyh\u00e1ba, b\u00e1rmilyen dolog t\u00e1rol\u00e1s\u00e1ra.","price":"4500.00","unit":"db","recommended":"0","status":"1","sponsored":"0","exp_notify":"0","own_material":"0","own_material_description_old":null,"own_material_description":"","jury":"0","jury_number":"","product_nature":"","meskaracsony":"0","create_date":"2026-08-27 21:12:37","shelve_id":"73337","image":"sasafonomuhelye_product_499886_250818144741_64551.jpeg","image_width":"480","image_height":"408","image_alt":"Sz\u00f6gletes kos\u00e1r f\u00fclekkel, A kos\u00e1r pap\u00edrfon\u00e1ssal k\u00e9sz\u00fclt, egyedi, k\u00e9zm\u0171ves term\u00e9k, oldal\u00e1n k\u00e9t f\u00fcllel. A kos\u00e1r v\u00e1za er\u0151s, az al..., Meska","image_title":"Sz\u00f6gletes kos\u00e1r f\u00fclekkel, Meska","view_count":"220","favourite_count":"0","trending_score":"0","last2MonthFavouriteCount":"0","promotion":"209","giftcard_accept":"0","creditcard_accept":true,"enhanced_background":"0","domain":"meska","specific_customer_id":null,"specific_customer_name":null,"to_order_product":"0","to_order_product_time":"0","product_different":null,"product_different_description":"","vintage":"0","vintage_category_id":"0","recycled":"0","gemstone_id":"0","customizable":"0","type_category":"physical","zerowaste":"0","postage_price":"1290.00","shop_order":"0","has_category":"1","landing_pages":null,"microdata":{"number":19,"category":""},"title":"Sz\u00f6gletes kos\u00e1r f\u00fclekkel","description":"A kos\u00e1r pap\u00edrfon\u00e1ssal k\u00e9sz\u00fclt, egyedi, k\u00e9zm\u0171ves term\u00e9k, oldal\u00e1n k\u00e9t f\u00fcllel. A kos\u00e1r v\u00e1za er\u0151s, az alja kartonb\u00f3l k\u00e9sz\u00fclt. M\u00e9retek: 37\u00d714 cm, 10 cm (f\u00fcllel 13 cm) magas. Alkalmas f\u00fcrd\u0151szob\u00e1ba, konyh\u00e1ba, b\u00e1rmilyen dolog t\u00e1rol\u00e1s\u00e1ra.","score":0,"formatted_price":"4 500 Ft","image_url":"https:\/\/www.meska.hu\/img\/product\/small\/s\/a\/sasafonomuhelye_product_499886_250818144741_64551.jpeg","formatted_url":"https:\/\/www.meska.hu\/p5609106-szogletes-kosar-fulekkel","favourite":false,"in_stock":true,"avatar":"499886_avatar_1693338005.jpeg","delete_from":0,"is_enhanced_background":false,"is_enhanced":false,"product_selection_started":false,"original_price":"4 500 Ft","promotion_percentage":"-10%","promoted_price":"4 050 Ft","promoted_price_sup":"10","ribbon":"https:\/\/www.meska.hu\/img\/promotionbanners\/GQTXZHEC0\/product_ribbon_10_1785231767.svg","is_active":true,"image_webp_url":"https:\/\/www.meska.hu\/img\/product\/small\/s\/a\/sasafonomuhelye_product_499886_250818144741_64551.webp"},{"id":"3507591","shop_id":"13119","user_id":"89110","shop_name":"TimcsYMobiltok","shop_zip":"2527","product_code":"4685830","product_name_old":null,"product_name":"Tigrisszem \u00e9s l\u00e1vak\u0151 \u00e1ll\u00edthat\u00f3 f\u00e9rfi kark\u00f6t\u0151","category_string":"\u00c9kszer, Kark\u00f6t\u0151, Gy\u00f6ngy\u00f6s kark\u00f6t\u0151","technic_string":"Gy\u00f6ngyf\u0171z\u00e9s, gy\u00f6ngyh\u00edmz\u00e9s, Fon\u00e1s (csuh\u00e9, gy\u00e9k\u00e9ny, stb.)","category_1":"327","category_2":"333","category_3":"1233","category_4":"0","merged_category_1":null,"merged_category_2":null,"merged_category_3":null,"technic_1":"485","technic_2":"482","technic_3":"0","color_1":"514","color_2":"518","color_3":"520","product_description_old":null,"product_description":"Tigrisszem \u00e9s l\u00e1vak\u0151 \u00e1sv\u00e1ny gy\u00f6ngy\u00f6kb\u0151l k\u00e9sz\u00fclt \u00e1ll\u00edthat\u00f3 f\u00e9rfi kark\u00f6t\u0151.\n\nGy\u00f6ngy\u00f6k m\u00e9rete: 8 mm\n\nAz \u00e1ll\u00edthat\u00f3s\u00e1g\u00e1nak k\u00f6sz\u00f6nhet\u0151en ide\u00e1lis v\u00e1laszt\u00e1s lehet ak\u00e1r aj\u00e1nd\u00e9k gyan\u00e1nt is.\n\nA megfelel\u0151 m\u00e9ret elk\u00e9sz\u00edt\u00e9s\u00e9hez, k\u00e9rlek szorosan m\u00e9rt le a csukl\u00f3dat \u00e9s a kapott \u00e9rt\u00e9ket add meg nekem, k\u00f6sz\u00f6n\u00f6m sz\u00e9pen! :)                        ","price":"6590.00","unit":"db","recommended":"0","status":"1","sponsored":"0","exp_notify":"0","own_material":"0","own_material_description_old":null,"own_material_description":"","jury":"0","jury_number":"","product_nature":"","meskaracsony":"0","create_date":"2026-08-27 18:24:58","shelve_id":"0","image":"timcsymobiltok_product_89110_211024175912_50141.jpeg","image_width":"480","image_height":"480","image_alt":"Tigrisszem \u00e9s l\u00e1vak\u0151 \u00e1ll\u00edthat\u00f3 f\u00e9rfi kark\u00f6t\u0151, Tigrisszem \u00e9s l\u00e1vak\u0151 \u00e1sv\u00e1ny gy\u00f6ngy\u00f6kb\u0151l k\u00e9sz\u00fclt \u00e1ll\u00edthat\u00f3 f\u00e9rfi kark\u00f6t\u0151.\\n\\nGy\u00f6ngy\u00f6k m\u00e9rete: 8 mm\\n\\nAz ..., Meska","image_title":"Tigrisszem \u00e9s l\u00e1vak\u0151 \u00e1ll\u00edthat\u00f3 f\u00e9rfi kark\u00f6t\u0151, Meska","view_count":"1068","favourite_count":"0","trending_score":"0","last2MonthFavouriteCount":"0","promotion":"0","giftcard_accept":"0","creditcard_accept":true,"enhanced_background":"0","domain":"meska","specific_customer_id":null,"specific_customer_name":null,"to_order_product":"0","to_order_product_time":"0","product_different":null,"product_different_description":"","vintage":"0","vintage_category_id":"0","recycled":"0","gemstone_id":"0","customizable":"0","type_category":"physical","zerowaste":"0","postage_price":"2390.00","shop_order":"0","has_category":"1","landing_pages":null,"microdata":{"number":20,"category":""},"title":"Tigrisszem \u00e9s l\u00e1vak\u0151 \u00e1ll\u00edthat\u00f3 f\u00e9rfi kark\u00f6t\u0151","description":"Tigrisszem \u00e9s l\u00e1vak\u0151 \u00e1sv\u00e1ny gy\u00f6ngy\u00f6kb\u0151l k\u00e9sz\u00fclt \u00e1ll\u00edthat\u00f3 f\u00e9rfi kark\u00f6t\u0151.\n\nGy\u00f6ngy\u00f6k m\u00e9rete: 8 mm\n\nAz \u00e1ll\u00edthat\u00f3s\u00e1g\u00e1nak k\u00f6sz\u00f6nhet\u0151en ide\u00e1lis v\u00e1laszt\u00e1s lehet ak\u00e1r aj\u00e1nd\u00e9k gyan\u00e1nt is.\n\nA megfelel\u0151 m\u00e9ret elk\u00e9sz\u00edt\u00e9s\u00e9hez, k\u00e9rlek szorosan m\u00e9rt le a csukl\u00f3dat \u00e9s a kapott \u00e9rt\u00e9ket add meg nekem, k\u00f6sz\u00f6n\u00f6m sz\u00e9pen! :)                        ","score":0,"formatted_price":"6 590 Ft","image_url":"https:\/\/www.meska.hu\/img\/product\/small\/t\/i\/timcsymobiltok_product_89110_211024175912_50141.jpeg","formatted_url":"https:\/\/www.meska.hu\/p4685830-tigrisszem-es-lavako-allithato-ferfi-karkoto","favourite":false,"in_stock":true,"avatar":"TimcsYMobiltok_avatar_89110_1548952350.jpg","delete_from":0,"is_enhanced_background":false,"is_enhanced":false,"product_selection_started":false,"is_active":true,"image_webp_url":"https:\/\/www.meska.hu\/img\/product\/small\/t\/i\/timcsymobiltok_product_89110_211024175912_50141.webp"},{"id":"5591553","shop_id":"13119","user_id":"89110","shop_name":"TimcsYMobiltok","shop_zip":"2527","product_code":"5445316","product_name_old":null,"product_name":"D\u00edszdobozos f\u00e9rfi kark\u00f6t\u0151 szett - barna b\u0151r \u00e9s matt macskaszem gy\u00f6ngykark\u00f6t\u0151","category_string":"\u00c9kszer, Kark\u00f6t\u0151, Fonott kark\u00f6t\u0151","technic_string":"Gy\u00f6ngyf\u0171z\u00e9s, gy\u00f6ngyh\u00edmz\u00e9s, Fon\u00e1s (csuh\u00e9, gy\u00e9k\u00e9ny, stb.)","category_1":"327","category_2":"333","category_3":"1232","category_4":"0","merged_category_1":null,"merged_category_2":null,"merged_category_3":null,"technic_1":"485","technic_2":"482","technic_3":"0","color_1":"514","color_2":"516","color_3":"0","product_description_old":null,"product_description":"F\u00e9rfi kark\u00f6t\u0151 szett eleg\u00e1ns d\u00edszdobozban \u2013 term\u00e9szetes st\u00edlus \u00e9s kifinomults\u00e1g\n\nAj\u00e1nd\u00e9kozz olyan kieg\u00e9sz\u00edt\u0151t, amely a term\u00e9szetes elegancia \u00e9s a letisztult f\u00e9rfiass\u00e1g t\u00f6k\u00e9letes kombin\u00e1ci\u00f3j\u00e1t k\u00edn\u00e1lja! Ez a f\u00e9rfi kark\u00f6t\u0151 szett ide\u00e1lis v\u00e1laszt\u00e1s mindazok sz\u00e1m\u00e1ra, akik szeretik az egyedi, m\u00e9gis visszafogott st\u00edlust.\n\n* Matt macskaszem gy\u00f6ngy kark\u00f6t\u0151: term\u00e9szetes 6 mm-es gy\u00f6ngy\u00f6kb\u0151l k\u00e9sz\u00fclt, amelyek k\u00fcl\u00f6nleges mint\u00e1zatukkal egyedis\u00e9get sug\u00e1roznak. A gy\u00f6ngy\u00f6k barna pamutsz\u00e1lra vannak f\u0171zve, ami egyszerre teszi st\u00edlusoss\u00e1 \u00e9s k\u00e9nyelmess\u00e9 ezt az \u00e1ll\u00edthat\u00f3 f\u00e9rfi gy\u00f6ngy kark\u00f6t\u0151t.\n* K\u00e9zzel fonott barna vel\u00farb\u0151r kark\u00f6t\u0151: 6 mm vastag, puha, m\u00e9gis tart\u00f3s vel\u00farb\u0151rb\u0151l k\u00e9sz\u00fclt. Letisztult diz\u00e1jnj\u00e1nak \u00e9s \u00e1ll\u00edthat\u00f3 m\u00e9ret\u00e9nek k\u00f6sz\u00f6nhet\u0151en minden csukl\u00f3n j\u00f3l mutat.\n\nA szett egy st\u00edlusos d\u00edszdobozban \u00e9rkezik, ami t\u00f6k\u00e9letes v\u00e1laszt\u00e1ss\u00e1 teszi sz\u00fclet\u00e9snapokra, \u00e9vfordul\u00f3kra vagy b\u00e1rmilyen k\u00fcl\u00f6nleges alkalomra.\n\nLepd meg szeretteidet ezzel a term\u00e9szet ihlette, kifinomult kieg\u00e9sz\u00edt\u0151vel, amely minden f\u00e9rfi megjelen\u00e9s\u00e9t feldobja!\n\nA megfelel\u0151 m\u00e9ret elk\u00e9sz\u00edt\u00e9s\u00e9hez, k\u00e9rlek, szorosan m\u00e9rt le a csukl\u00f3dat \u00e9s a pontos \u00e9rt\u00e9ket \u00edrt meg nekem, k\u00f6sz\u00f6n\u00f6m! :)                         ","price":"10890.00","unit":"db","recommended":"0","status":"1","sponsored":"0","exp_notify":"0","own_material":"0","own_material_description_old":null,"own_material_description":"","jury":"0","jury_number":"","product_nature":"","meskaracsony":"0","create_date":"2026-08-27 18:23:20","shelve_id":"0","image":"timcsymobiltok_product_89110_241124153639_35048.jpeg","image_width":"480","image_height":"480","image_alt":"D\u00edszdobozos f\u00e9rfi kark\u00f6t\u0151 szett - barna b\u0151r \u00e9s matt macskaszem gy\u00f6ngykark\u00f6t\u0151, F\u00e9rfi kark\u00f6t\u0151 szett eleg\u00e1ns d\u00edszdobozban \u2013 term\u00e9szetes st\u00edlus \u00e9s kifinomults\u00e1g\\n\\nAj\u00e1nd\u00e9kozz olyan kie..., Meska","image_title":"D\u00edszdobozos f\u00e9rfi kark\u00f6t\u0151 szett - barna b\u0151r \u00e9s matt macskaszem gy\u00f6ngykark\u00f6t\u0151, Meska","view_count":"594","favourite_count":"0","trending_score":"0","last2MonthFavouriteCount":"0","promotion":"0","giftcard_accept":"0","creditcard_accept":true,"enhanced_background":"0","domain":"meska","specific_customer_id":null,"specific_customer_name":null,"to_order_product":"0","to_order_product_time":"0","product_different":null,"product_different_description":"","vintage":"0","vintage_category_id":"0","recycled":"0","gemstone_id":"0","customizable":"0","type_category":"physical","zerowaste":"0","postage_price":"2390.00","shop_order":"0","has_category":"1","landing_pages":null,"microdata":{"number":21,"category":""},"title":"D\u00edszdobozos f\u00e9rfi kark\u00f6t\u0151 szett - barna b\u0151r \u00e9s matt macskaszem gy\u00f6ngykark\u00f6t\u0151","description":"F\u00e9rfi kark\u00f6t\u0151 szett eleg\u00e1ns d\u00edszdobozban \u2013 term\u00e9szetes st\u00edlus \u00e9s kifinomults\u00e1g\n\nAj\u00e1nd\u00e9kozz olyan kieg\u00e9sz\u00edt\u0151t, amely a term\u00e9szetes elegancia \u00e9s a letisztult f\u00e9rfiass\u00e1g t\u00f6k\u00e9letes kombin\u00e1ci\u00f3j\u00e1t k\u00edn\u00e1lja! Ez a f\u00e9rfi kark\u00f6t\u0151 szett ide\u00e1lis v\u00e1laszt\u00e1s mindazok sz\u00e1m\u00e1ra, akik szeretik az egyedi, m\u00e9gis visszafogott st\u00edlust.\n\n* Matt macskaszem gy\u00f6ngy kark\u00f6t\u0151: term\u00e9szetes 6 mm-es gy\u00f6ngy\u00f6kb\u0151l k\u00e9sz\u00fclt, amelyek k\u00fcl\u00f6nleges mint\u00e1zatukkal egyedis\u00e9get sug\u00e1roznak. A gy\u00f6ngy\u00f6k barna pamutsz\u00e1lra vannak f\u0171zve, ami egyszerre teszi st\u00edlusoss\u00e1 \u00e9s k\u00e9nyelmess\u00e9 ezt az \u00e1ll\u00edthat\u00f3 f\u00e9rfi gy\u00f6ngy kark\u00f6t\u0151t.\n* K\u00e9zzel fonott barna vel\u00farb\u0151r kark\u00f6t\u0151: 6 mm vastag, puha, m\u00e9gis tart\u00f3s vel\u00farb\u0151rb\u0151l k\u00e9sz\u00fclt. Letisztult diz\u00e1jnj\u00e1nak \u00e9s \u00e1ll\u00edthat\u00f3 m\u00e9ret\u00e9nek k\u00f6sz\u00f6nhet\u0151en minden csukl\u00f3n j\u00f3l mutat.\n\nA szett egy st\u00edlusos d\u00edszdobozban \u00e9rkezik, ami t\u00f6k\u00e9letes v\u00e1laszt\u00e1ss\u00e1 teszi sz\u00fclet\u00e9snapokra, \u00e9vfordul\u00f3kra vagy b\u00e1rmilyen k\u00fcl\u00f6nleges alkalomra.\n\nLepd meg szeretteidet ezzel a term\u00e9szet ihlette, kifinomult kieg\u00e9sz\u00edt\u0151vel, amely minden f\u00e9rfi megjelen\u00e9s\u00e9t feldobja!\n\nA megfelel\u0151 m\u00e9ret elk\u00e9sz\u00edt\u00e9s\u00e9hez, k\u00e9rlek, szorosan m\u00e9rt le a csukl\u00f3dat \u00e9s a pontos \u00e9rt\u00e9ket \u00edrt meg nekem, k\u00f6sz\u00f6n\u00f6m! :)                         ","score":0,"formatted_price":"10 890 Ft","image_url":"https:\/\/www.meska.hu\/img\/product\/small\/t\/i\/timcsymobiltok_product_89110_241124153639_35048.jpeg","formatted_url":"https:\/\/www.meska.hu\/p5445316-diszdobozos-ferfi-karkoto-szett-barna-bor-es-matt-macskaszem-gyongykarkoto","favourite":false,"in_stock":true,"avatar":"TimcsYMobiltok_avatar_89110_1548952350.jpg","delete_from":0,"is_enhanced_background":false,"is_enhanced":false,"product_selection_started":false,"is_active":true,"image_webp_url":"https:\/\/www.meska.hu\/img\/product\/small\/t\/i\/timcsymobiltok_product_89110_241124153639_35048.webp"},{"id":"4041078","shop_id":"19710","user_id":"191983","shop_name":"pagi28","shop_zip":"5300","product_code":"2332353","product_name_old":null,"product_name":"Kukorica csuh\u00e9 angyalka, szalv\u00e9ta gy\u0171r\u0171nek","category_string":"Kar\u00e1csony, Kar\u00e1csonyi lak\u00e1sdekor\u00e1ci\u00f3, Kar\u00e1csonyfad\u00edszek","technic_string":"Fon\u00e1s (csuh\u00e9, gy\u00e9k\u00e9ny, stb.)","category_1":"319","category_2":"324","category_3":"323","category_4":"0","merged_category_1":null,"merged_category_2":null,"merged_category_3":null,"technic_1":"482","technic_2":"0","technic_3":"0","color_1":"515","color_2":"0","color_3":"0","product_description_old":null,"product_description":"kukorica csuh\u00e9b\u00f3l k\u00e9sz\u00fclt angyalka.\n\nhaszn\u00e1lhatod kar\u00e1csonyfad\u00edsznek, vagy szalv\u00e9tagy\u0171r\u0171nek is.\n\nm\u00e9rete: 9-10 cm magas ","price":"850.00","unit":"db","recommended":"0","status":"1","sponsored":"0","exp_notify":"0","own_material":"0","own_material_description_old":null,"own_material_description":"","jury":"0","jury_number":"","product_nature":"","meskaracsony":"0","create_date":"2026-08-27 14:08:52","shelve_id":"67471","image":"pagi28_product_191983_151121150037_128279.jpeg","image_width":"480","image_height":"695","image_alt":"Kukorica csuh\u00e9 angyalka, szalv\u00e9ta gy\u0171r\u0171nek, kukorica csuh\u00e9b\u00f3l k\u00e9sz\u00fclt angyalka.\\n\\nhaszn\u00e1lhatod kar\u00e1csonyfad\u00edsznek, vagy szalv\u00e9tagy\u0171r\u0171nek is.\\n\\nm\u00e9r..., Meska","image_title":"Kukorica csuh\u00e9 angyalka, szalv\u00e9ta gy\u0171r\u0171nek, Meska","view_count":"3061","favourite_count":"0","trending_score":"0","last2MonthFavouriteCount":"0","promotion":"0","giftcard_accept":"0","creditcard_accept":true,"enhanced_background":"0","domain":"meska","specific_customer_id":null,"specific_customer_name":null,"to_order_product":"0","to_order_product_time":"0","product_different":null,"product_different_description":"","vintage":"0","vintage_category_id":"0","recycled":"0","gemstone_id":"0","customizable":"0","type_category":"physical","zerowaste":"0","postage_price":"1290.00","shop_order":"1","has_category":"1","landing_pages":null,"microdata":{"number":22,"category":""},"title":"Kukorica csuh\u00e9 angyalka, szalv\u00e9ta gy\u0171r\u0171nek","description":"kukorica csuh\u00e9b\u00f3l k\u00e9sz\u00fclt angyalka.\n\nhaszn\u00e1lhatod kar\u00e1csonyfad\u00edsznek, vagy szalv\u00e9tagy\u0171r\u0171nek is.\n\nm\u00e9rete: 9-10 cm magas ","score":0,"formatted_price":"850 Ft","image_url":"https:\/\/www.meska.hu\/img\/product\/small\/p\/a\/pagi28_product_191983_151121150037_128279.jpeg","formatted_url":"https:\/\/www.meska.hu\/p2332353-kukorica-csuhe-angyalka","favourite":false,"in_stock":true,"avatar":null,"delete_from":0,"is_enhanced_background":false,"is_enhanced":false,"product_selection_started":false,"is_active":true,"image_webp_url":"https:\/\/www.meska.hu\/img\/product\/small\/p\/a\/pagi28_product_191983_151121150037_128279.webp"},{"id":"6338509","shop_id":"53584","user_id":"810739","shop_name":"NomadFonat","shop_zip":"1084","product_code":"5853845","product_name_old":null,"product_name":"Magyar nemzeti trikolor kark\u00f6t\u0151","category_string":"\u00c9kszer, Kark\u00f6t\u0151, Fonott kark\u00f6t\u0151","technic_string":"Csom\u00f3z\u00e1s, Fon\u00e1s (csuh\u00e9, gy\u00e9k\u00e9ny, stb.)","category_1":"327","category_2":"333","category_3":"1232","category_4":"0","merged_category_1":null,"merged_category_2":null,"merged_category_3":null,"technic_1":"475","technic_2":"482","technic_3":"0","color_1":"519","color_2":"523","color_3":"529","product_description_old":null,"product_description":"Magyar nemzeti trikolor kark\u00f6t\u0151\n\n\u2764\ufe0f \u00c1ll\u00edthat\u00f3 m\u00e9rettel\n\ud83e\udd0d Tart\u00f3s kivitel\n\ud83d\udc9aMagyar k\u00e9zm\u0171ves term\u00e9k","price":"2399.00","unit":"db","recommended":"0","status":"1","sponsored":"0","exp_notify":"0","own_material":"0","own_material_description_old":null,"own_material_description":"","jury":"0","jury_number":"","product_nature":"","meskaracsony":"0","create_date":"2026-08-27 12:29:49","shelve_id":"0","image":"nomadfonat_product_810739_260827122342_320535.jpeg","image_width":"480","image_height":"360","image_alt":"Magyar nemzeti trikolor kark\u00f6t\u0151, Magyar nemzeti trikolor kark\u00f6t\u0151\\n\\n\u2764\ufe0f \u00c1ll\u00edthat\u00f3 m\u00e9rettel\\n\ud83e\udd0d Tart\u00f3s kivitel\\n\ud83d\udc9aMagyar k\u00e9zm\u0171ves term\u00e9k..., Meska","image_title":"Magyar nemzeti trikolor kark\u00f6t\u0151, Meska","view_count":"90","favourite_count":"0","trending_score":"0","last2MonthFavouriteCount":"0","promotion":"0","giftcard_accept":"0","creditcard_accept":true,"enhanced_background":"0","domain":"meska","specific_customer_id":null,"specific_customer_name":null,"to_order_product":"0","to_order_product_time":"0","product_different":null,"product_different_description":"","vintage":"0","vintage_category_id":"0","recycled":"0","gemstone_id":"0","customizable":"0","type_category":"physical","zerowaste":"0","postage_price":"2390.00","shop_order":"0","has_category":"1","landing_pages":null,"microdata":{"number":23,"category":""},"title":"Magyar nemzeti trikolor kark\u00f6t\u0151","description":"Magyar nemzeti trikolor kark\u00f6t\u0151\n\n\u2764\ufe0f \u00c1ll\u00edthat\u00f3 m\u00e9rettel\n\ud83e\udd0d Tart\u00f3s kivitel\n\ud83d\udc9aMagyar k\u00e9zm\u0171ves term\u00e9k","score":0,"formatted_price":"2 399 Ft","image_url":"https:\/\/www.meska.hu\/img\/product\/small\/n\/o\/nomadfonat_product_810739_260827122342_320535.jpeg","formatted_url":"https:\/\/www.meska.hu\/p5853845-magyar-nemzeti-trikolor-karkoto","favourite":false,"in_stock":true,"avatar":"810739_avatar_1785999126.jpeg","delete_from":0,"is_enhanced_background":false,"is_enhanced":false,"product_selection_started":false,"is_active":true,"image_webp_url":"https:\/\/www.meska.hu\/img\/product\/small\/n\/o\/nomadfonat_product_810739_260827122342_320535.webp"},{"id":"4896460","shop_id":"99","user_id":"204","shop_name":"kezmuvesporta","shop_zip":"3176","product_code":"5013090","product_name_old":null,"product_name":"Fonott k\u00f6r f\u00fclbeval\u00f3 gy\u00e9k\u00e9nyb\u0151l","category_string":"\u00c9kszer, F\u00fclbeval\u00f3, L\u00f3g\u00f3 f\u00fclbeval\u00f3","technic_string":"Fon\u00e1s (csuh\u00e9, gy\u00e9k\u00e9ny, stb.), \u00c9kszerk\u00e9sz\u00edt\u00e9s","category_1":"327","category_2":"331","category_3":"1219","category_4":"0","merged_category_1":"0","merged_category_2":"0","merged_category_3":"0","technic_1":"482","technic_2":"477","technic_3":"0","color_1":"515","color_2":"521","color_3":"0","product_description_old":null,"product_description":"FOLK&VINTAGE - TERM\u00c9SZETB\u0150L FONVA\n\nDivat a term\u00e9szetb\u0151l!  Egyedi gy\u00e9k\u00e9nyb\u0151l fonott z\u00f6ld f\u00fclbeval\u00f3. A korong m\u00e9rete 3,5-4 cm. Egy kisebb t\u00fcrkiz \u00e1sv\u00e1ny d\u00edsz\u00edt\u00e9st kapott m\u00e9g. \n\nEgy igaz\u00e1n k\u00fcl\u00f6nleges, egyedi darabja lesz az \u00f6lt\u00f6z\u00e9kednek ez a term\u00e9szetes f\u00fclbeval\u00f3.\n\n\nA k\u00f6r \u00e1tm\u00e9r\u0151je 3,5-4 cm.\n\n\n\nMivel egyedi k\u00e9zm\u0171ves term\u00e9kekr\u0151l van sz\u00f3, \u00edgy a term\u00e9kek vastags\u00e1ga \u00e9s sz\u00edne k\u00f6z\u00f6tt lehet minim\u00e1lis elt\u00e9r\u00e9s. \n\n\n\nFENNTARTHAT\u00d3S\u00c1G, K\u00d6RNYEZETTUDATOSS\u00c1G, MEG\u00daJ\u00daL\u00c1S\n\nFontos misszi\u00f3nak tartom, hogy megismertessem a magyar emberekkel a haz\u00e1nkban fellelhet\u0151 term\u00e9szetes anyagokat, \u00e9s az azokban rejl\u0151 csod\u00e1t. Hiszem, hogy ezen anyagokb\u00f3l k\u00e9sz\u00edtett term\u00e9kek id\u0151t\u00e1ll\u00f3k \u00e9s j\u00f3l beilleszthet\u0151k mai lak\u00e1strendekbe \u00e9s divatterm\u00e9kek k\u00f6z\u00e9 is. \n\nAz alapanyagokat (gy\u00e9k\u00e9ny, k\u00e1ka) minden \u00e9vben \u00e9n gy\u0171jt\u00f6m, \u00edgy pontosan tudom annak sz\u00e1rmaz\u00e1si hely\u00e9t. Gondosan odafigyelek az anyagok sz\u00e1r\u00edt\u00e1s\u00e1ra, t\u00e1rol\u00e1s\u00e1ra. Miel\u0151tt term\u00e9k lesz az alapanyagb\u00f3l, \u00fajra v\u00e1logat\u00e1sra ker\u00fcl, \u00edgy tudom garant\u00e1lni a j\u00f3 min\u0151s\u00e9get. \n\nTerm\u00e9keimmel szeretn\u00e9k alternat\u00edv\u00e1t ny\u00fajtani azoknak, akik sz\u00e1m\u00e1ra fontos, a k\u00f6rnyezettudatoss\u00e1g \u00e9s fenntarthat\u00f3s\u00e1g. A folk&VINTAGE term\u00e9kek hazai anyagokb\u00f3l hagyom\u00e1nyos technik\u00e1val k\u00e9sz\u00edtett min\u0151s\u00e9gi term\u00e9kek, melyek a term\u00e9szet harm\u00f3ni\u00e1j\u00e1t ny\u00fajtj\u00e1k. \n","price":"3500.00","unit":"db","recommended":"0","status":"1","sponsored":"0","exp_notify":"0","own_material":"0","own_material_description_old":null,"own_material_description":"","jury":"1","jury_number":"AJ\u00c1ND\u00c9KT\u00c1RGY-1877\/2019","product_nature":"","meskaracsony":"0","create_date":"2026-08-26 00:20:27","shelve_id":"63131","image":"kezmuvesporta_product_204_230711125712_506324.jpeg","image_width":"480","image_height":"480","image_alt":"Fonott k\u00f6r f\u00fclbeval\u00f3 gy\u00e9k\u00e9nyb\u0151l, FOLK&VINTAGE - TERM\u00c9SZETB\u0150L FONVA\\n\\nDivat a term\u00e9szetb\u0151l!  Egyedi gy\u00e9k\u00e9nyb\u0151l fonott z\u00f6ld f\u00fclbeval\u00f3. A..., Meska","image_title":"Fonott k\u00f6r f\u00fclbeval\u00f3 gy\u00e9k\u00e9nyb\u0151l, Meska","view_count":"1305","favourite_count":"0","trending_score":"0","last2MonthFavouriteCount":"0","promotion":"0","giftcard_accept":"0","creditcard_accept":true,"enhanced_background":"0","domain":"meska","specific_customer_id":null,"specific_customer_name":null,"to_order_product":"0","to_order_product_time":"0","product_different":null,"product_different_description":"","vintage":"0","vintage_category_id":"0","recycled":"0","gemstone_id":"0","customizable":"0","type_category":"physical","zerowaste":"0","postage_price":"2390.00","shop_order":"0","has_category":"1","landing_pages":null,"microdata":{"number":24,"category":""},"title":"Fonott k\u00f6r f\u00fclbeval\u00f3 gy\u00e9k\u00e9nyb\u0151l","description":"FOLK&VINTAGE - TERM\u00c9SZETB\u0150L FONVA\n\nDivat a term\u00e9szetb\u0151l!  Egyedi gy\u00e9k\u00e9nyb\u0151l fonott z\u00f6ld f\u00fclbeval\u00f3. A korong m\u00e9rete 3,5-4 cm. Egy kisebb t\u00fcrkiz \u00e1sv\u00e1ny d\u00edsz\u00edt\u00e9st kapott m\u00e9g. \n\nEgy igaz\u00e1n k\u00fcl\u00f6nleges, egyedi darabja lesz az \u00f6lt\u00f6z\u00e9kednek ez a term\u00e9szetes f\u00fclbeval\u00f3.\n\n\nA k\u00f6r \u00e1tm\u00e9r\u0151je 3,5-4 cm.\n\n\n\nMivel egyedi k\u00e9zm\u0171ves term\u00e9kekr\u0151l van sz\u00f3, \u00edgy a term\u00e9kek vastags\u00e1ga \u00e9s sz\u00edne k\u00f6z\u00f6tt lehet minim\u00e1lis elt\u00e9r\u00e9s. \n\n\n\nFENNTARTHAT\u00d3S\u00c1G, K\u00d6RNYEZETTUDATOSS\u00c1G, MEG\u00daJ\u00daL\u00c1S\n\nFontos misszi\u00f3nak tartom, hogy megismertessem a magyar emberekkel a haz\u00e1nkban fellelhet\u0151 term\u00e9szetes anyagokat, \u00e9s az azokban rejl\u0151 csod\u00e1t. Hiszem, hogy ezen anyagokb\u00f3l k\u00e9sz\u00edtett term\u00e9kek id\u0151t\u00e1ll\u00f3k \u00e9s j\u00f3l beilleszthet\u0151k mai lak\u00e1strendekbe \u00e9s divatterm\u00e9kek k\u00f6z\u00e9 is. \n\nAz alapanyagokat (gy\u00e9k\u00e9ny, k\u00e1ka) minden \u00e9vben \u00e9n gy\u0171jt\u00f6m, \u00edgy pontosan tudom annak sz\u00e1rmaz\u00e1si hely\u00e9t. Gondosan odafigyelek az anyagok sz\u00e1r\u00edt\u00e1s\u00e1ra, t\u00e1rol\u00e1s\u00e1ra. Miel\u0151tt term\u00e9k lesz az alapanyagb\u00f3l, \u00fajra v\u00e1logat\u00e1sra ker\u00fcl, \u00edgy tudom garant\u00e1lni a j\u00f3 min\u0151s\u00e9get. \n\nTerm\u00e9keimmel szeretn\u00e9k alternat\u00edv\u00e1t ny\u00fajtani azoknak, akik sz\u00e1m\u00e1ra fontos, a k\u00f6rnyezettudatoss\u00e1g \u00e9s fenntarthat\u00f3s\u00e1g. A folk&VINTAGE term\u00e9kek hazai anyagokb\u00f3l hagyom\u00e1nyos technik\u00e1val k\u00e9sz\u00edtett min\u0151s\u00e9gi term\u00e9kek, melyek a term\u00e9szet harm\u00f3ni\u00e1j\u00e1t ny\u00fajtj\u00e1k. \n","score":0,"formatted_price":"3 500 Ft","image_url":"https:\/\/www.meska.hu\/img\/product\/small\/k\/e\/kezmuvesporta_product_204_230711125712_506324.jpeg","formatted_url":"https:\/\/www.meska.hu\/p5013090-fonott-kor-fulbevalo-gyekenybol","favourite":false,"in_stock":true,"avatar":"kezmuvesporta_avatar_204_1601323895.jpg","delete_from":0,"is_enhanced_background":false,"is_enhanced":false,"product_selection_started":false,"is_active":true,"image_webp_url":"https:\/\/www.meska.hu\/img\/product\/small\/k\/e\/kezmuvesporta_product_204_230711125712_506324.webp"},{"id":"5309744","shop_id":"40458","user_id":"562106","shop_name":"ZsannaDekor","shop_zip":"1142","product_code":"5275349","product_name_old":null,"product_name":"Ty\u00fak form\u00e1j\u00fa fonott kos\u00e1r","category_string":"Otthon & \u00c9letm\u00f3d, T\u00e1rol\u00e1s & Rendszerez\u00e9s, T\u00e1rol\u00f3kos\u00e1r","technic_string":"Fon\u00e1s (csuh\u00e9, gy\u00e9k\u00e9ny, stb.)","category_1":"813","category_2":"426","category_3":"428","category_4":"0","merged_category_1":null,"merged_category_2":null,"merged_category_3":null,"technic_1":"482","technic_2":"0","technic_3":"0","color_1":"514","color_2":"0","color_3":"0","product_description_old":null,"product_description":"Pap\u00edrfon\u00e1s technik\u00e1val, \u00fajrahasznos\u00edtott \u00fajs\u00e1gpap\u00edrb\u00f3l k\u00e9sz\u00fclt kos\u00e1r.\n\nMassz\u00edv,kem\u00e9ny kos\u00e1rka.\n\nAls\u00f3 \u00e1tm\u00e9r\u0151je 11cm\nFels\u0151 \u00e1tm\u00e9r\u0151je 17cm\nMagass\u00e1g a ty\u00fak fel\u00e9n\u00e9l 17cm\n\n\u00d6nmag\u00e1ban is haszn\u00e1lhat\u00f3,de ak\u00e1r \u00e9dess\u00e9get, kozmetikumot,f\u00fcrd\u0151bomb\u00e1t,viragot vagy b\u00e1rmit belet\u00e9ve egy k\u00fcl\u00f6nleges aj\u00e1nd\u00e9k,d\u00edsz.\n\nLepd meg szeretted ezzel az egyedi kos\u00e1rk\u00e1val. Legyen sz\u00f3 ,n\u00e9vnapr\u00f3l, Valentin napr\u00f3l, n\u00e1szaj\u00e1nd\u00e9kr\u00f3l,\u00e9vfordul\u00f3r\u00f3l vagy csak \u00fagy!\n\nK\u00e9rd\u00e9seddel,k\u00e9r\u00e9seddel keress bizalommal!\n\nZsannaDekor","price":"2000.00","unit":"db","recommended":"0","status":"1","sponsored":"0","exp_notify":"0","own_material":"0","own_material_description_old":null,"own_material_description":"","jury":"0","jury_number":"","product_nature":"","meskaracsony":"0","create_date":"2026-08-25 14:11:07","shelve_id":"0","image":"zsannadekor_product_562106_240421193332_258950.jpeg","image_width":"480","image_height":"360","image_alt":"Ty\u00fak form\u00e1j\u00fa fonott kos\u00e1r, Pap\u00edrfon\u00e1s technik\u00e1val, \u00fajrahasznos\u00edtott \u00fajs\u00e1gpap\u00edrb\u00f3l k\u00e9sz\u00fclt kos\u00e1r.\\n\\nMassz\u00edv,kem\u00e9ny kos\u00e1rka.\\n\\nAls\u00f3..., Meska","image_title":"Ty\u00fak form\u00e1j\u00fa fonott kos\u00e1r, Meska","view_count":"1005","favourite_count":"1","trending_score":"0","last2MonthFavouriteCount":"1","promotion":"0","giftcard_accept":"0","creditcard_accept":false,"enhanced_background":"0","domain":"meska","specific_customer_id":null,"specific_customer_name":null,"to_order_product":"1","to_order_product_time":"14","product_different":null,"product_different_description":"","vintage":"0","vintage_category_id":"0","recycled":"1","gemstone_id":"0","customizable":"0","type_category":"physical","zerowaste":"1","postage_price":"1290.00","shop_order":"0","has_category":"1","landing_pages":null,"microdata":{"number":25,"category":""},"title":"Ty\u00fak form\u00e1j\u00fa fonott kos\u00e1r","description":"Pap\u00edrfon\u00e1s technik\u00e1val, \u00fajrahasznos\u00edtott \u00fajs\u00e1gpap\u00edrb\u00f3l k\u00e9sz\u00fclt kos\u00e1r.\n\nMassz\u00edv,kem\u00e9ny kos\u00e1rka.\n\nAls\u00f3 \u00e1tm\u00e9r\u0151je 11cm\nFels\u0151 \u00e1tm\u00e9r\u0151je 17cm\nMagass\u00e1g a ty\u00fak fel\u00e9n\u00e9l 17cm\n\n\u00d6nmag\u00e1ban is haszn\u00e1lhat\u00f3,de ak\u00e1r \u00e9dess\u00e9get, kozmetikumot,f\u00fcrd\u0151bomb\u00e1t,viragot vagy b\u00e1rmit belet\u00e9ve egy k\u00fcl\u00f6nleges aj\u00e1nd\u00e9k,d\u00edsz.\n\nLepd meg szeretted ezzel az egyedi kos\u00e1rk\u00e1val. Legyen sz\u00f3 ,n\u00e9vnapr\u00f3l, Valentin napr\u00f3l, n\u00e1szaj\u00e1nd\u00e9kr\u00f3l,\u00e9vfordul\u00f3r\u00f3l vagy csak \u00fagy!\n\nK\u00e9rd\u00e9seddel,k\u00e9r\u00e9seddel keress bizalommal!\n\nZsannaDekor","score":0,"formatted_price":"2 000 Ft","image_url":"https:\/\/www.meska.hu\/img\/product\/small\/z\/s\/zsannadekor_product_562106_240421193332_258950.jpeg","formatted_url":"https:\/\/www.meska.hu\/p5275349-tyuk-formaju-fonott-kosar","favourite":false,"in_stock":false,"avatar":"ZsannaDekor_avatar_562106_1678138852.jpg","delete_from":0,"is_enhanced_background":false,"is_enhanced":false,"product_selection_started":false,"is_active":true,"image_webp_url":"https:\/\/www.meska.hu\/img\/product\/small\/z\/s\/zsannadekor_product_562106_240421193332_258950.webp"},{"id":"5748880","shop_id":"40458","user_id":"562106","shop_name":"ZsannaDekor","shop_zip":"1142","product_code":"5533120","product_name_old":null,"product_name":"H\u00fasv\u00e9ti toj\u00e1sgy\u0171jt\u0151 fonott kos\u00e1r","category_string":"\u00dcnnepi d\u00edszek, dekor\u00e1ci\u00f3k, H\u00fasv\u00e9ti d\u00edszek \u00e9s dekor\u00e1ci\u00f3k, H\u00fasv\u00e9ti kos\u00e1r","technic_string":"Fon\u00e1s (csuh\u00e9, gy\u00e9k\u00e9ny, stb.)","category_1":"1803","category_2":"1806","category_3":"1818","category_4":"0","merged_category_1":null,"merged_category_2":null,"merged_category_3":null,"technic_1":"482","technic_2":"0","technic_3":"0","color_1":"514","color_2":"521","color_3":"0","product_description_old":null,"product_description":"Pap\u00edrfon\u00e1s technik\u00e1val,  \u00fajrahasznos\u00edtott \u00fajs\u00e1gpap\u00edrb\u00f3l k\u00e9sz\u00edtett massz\u00edv, fonott kos\u00e1rka. \n\nFels\u0151 \u00e1tm\u00e9r\u0151je 17cm\nMagass\u00e1ga a kos\u00e1r perem\u00e9ig 8cm\n\n\nK\u00e9rd\u00e9seddel,k\u00e9r\u00e9seddel keress bizalommal!\n\nZsannaDekor","price":"2000.00","unit":"db","recommended":"0","status":"1","sponsored":"0","exp_notify":"0","own_material":"0","own_material_description_old":null,"own_material_description":"","jury":"0","jury_number":"","product_nature":"","meskaracsony":"0","create_date":"2026-08-23 17:53:49","shelve_id":"0","image":"zsannadekor_product_562106_250418065638_6451.jpeg","image_width":"480","image_height":"640","image_alt":"H\u00fasv\u00e9ti toj\u00e1sgy\u0171jt\u0151 fonott kos\u00e1r, Pap\u00edrfon\u00e1s technik\u00e1val,  \u00fajrahasznos\u00edtott \u00fajs\u00e1gpap\u00edrb\u00f3l k\u00e9sz\u00edtett massz\u00edv, fonott kos\u00e1rka. \\n\\nFels\u0151 \u00e1..., Meska","image_title":"H\u00fasv\u00e9ti toj\u00e1sgy\u0171jt\u0151 fonott kos\u00e1r, Meska","view_count":"469","favourite_count":"0","trending_score":"0","last2MonthFavouriteCount":"0","promotion":"209","giftcard_accept":"0","creditcard_accept":false,"enhanced_background":"0","domain":"meska","specific_customer_id":null,"specific_customer_name":null,"to_order_product":"1","to_order_product_time":"14","product_different":null,"product_different_description":"","vintage":"0","vintage_category_id":"0","recycled":"1","gemstone_id":"0","customizable":"0","type_category":"physical","zerowaste":"1","postage_price":"1290.00","shop_order":"0","has_category":"1","landing_pages":null,"microdata":{"number":26,"category":""},"title":"H\u00fasv\u00e9ti toj\u00e1sgy\u0171jt\u0151 fonott kos\u00e1r","description":"Pap\u00edrfon\u00e1s technik\u00e1val,  \u00fajrahasznos\u00edtott \u00fajs\u00e1gpap\u00edrb\u00f3l k\u00e9sz\u00edtett massz\u00edv, fonott kos\u00e1rka. \n\nFels\u0151 \u00e1tm\u00e9r\u0151je 17cm\nMagass\u00e1ga a kos\u00e1r perem\u00e9ig 8cm\n\n\nK\u00e9rd\u00e9seddel,k\u00e9r\u00e9seddel keress bizalommal!\n\nZsannaDekor","score":0,"formatted_price":"2 000 Ft","image_url":"https:\/\/www.meska.hu\/img\/product\/small\/z\/s\/zsannadekor_product_562106_250418065638_6451.jpeg","formatted_url":"https:\/\/www.meska.hu\/p5533120-husveti-tojasgyujto-fonott-kosar","favourite":false,"in_stock":false,"avatar":"ZsannaDekor_avatar_562106_1678138852.jpg","delete_from":0,"is_enhanced_background":false,"is_enhanced":false,"product_selection_started":false,"original_price":"2 000 Ft","promotion_percentage":"-10%","promoted_price":"1 800 Ft","promoted_price_sup":"10","ribbon":"https:\/\/www.meska.hu\/img\/promotionbanners\/GQTXZHEC0\/product_ribbon_10_1785231767.svg","is_active":true,"image_webp_url":"https:\/\/www.meska.hu\/img\/product\/small\/z\/s\/zsannadekor_product_562106_250418065638_6451.webp"},{"id":"5202152","shop_id":"40458","user_id":"562106","shop_name":"ZsannaDekor","shop_zip":"1142","product_code":"5203267","product_name_old":null,"product_name":"Sz\u00edv form\u00e1j\u00fa fonott kos\u00e1r","category_string":"Otthon & \u00c9letm\u00f3d, T\u00e1rol\u00e1s & Rendszerez\u00e9s, T\u00e1rol\u00f3kos\u00e1r","technic_string":"Fon\u00e1s (csuh\u00e9, gy\u00e9k\u00e9ny, stb.)","category_1":"813","category_2":"426","category_3":"428","category_4":"0","merged_category_1":"0","merged_category_2":"0","merged_category_3":"0","technic_1":"482","technic_2":"0","technic_3":"0","color_1":"523","color_2":"525","color_3":"0","product_description_old":null,"product_description":"Pap\u00edrfon\u00e1s technik\u00e1val,  \u00fajrahasznos\u00edtott \u00fajs\u00e1gpap\u00edrb\u00f3l k\u00e9sz\u00fclt.\n\nMassz\u00edv,kem\u00e9ny kos\u00e1rka.\n\nSz\u00e9less\u00e9g 20cm\nHossz 16cm\nMagass\u00e1g 9cm\n\n\u00d6nmag\u00e1ban is haszn\u00e1lhat\u00f3,de ak\u00e1r \u00e9dess\u00e9get, kozmetikumot,f\u00fcrd\u0151bomb\u00e1t,szappanr\u00f3zs\u00e1t vagy b\u00e1rmit belet\u00e9ve egy k\u00fcl\u00f6nleges aj\u00e1nd\u00e9k,amivel a szeretet egy\u00e9rtelm\u0171en ki lehet fejezni.\n\nLepd meg szeretted ezzel az egyedi kos\u00e1rk\u00e1val. Legyen sz\u00f3 ,n\u00e9vnapr\u00f3l, Valentin napr\u00f3l, n\u00e1szaj\u00e1nd\u00e9kr\u00f3l,\u00e9vfordul\u00f3r\u00f3l vagy csak \u00fagy!\n\nK\u00e9rd\u00e9seddel,k\u00e9r\u00e9seddel keress bizalommal!\n\nZsannaDekor","price":"2000.00","unit":"db","recommended":"0","status":"1","sponsored":"0","exp_notify":"0","own_material":"0","own_material_description_old":null,"own_material_description":"","jury":"0","jury_number":"","product_nature":"","meskaracsony":"0","create_date":"2026-08-23 17:53:43","shelve_id":"0","image":"zsannadekor_product_562106_240131152223_461177.jpeg","image_width":"480","image_height":"640","image_alt":"Sz\u00edv form\u00e1j\u00fa fonott kos\u00e1r, Pap\u00edrfon\u00e1s technik\u00e1val,  \u00fajrahasznos\u00edtott \u00fajs\u00e1gpap\u00edrb\u00f3l k\u00e9sz\u00fclt.\\n\\nMassz\u00edv,kem\u00e9ny kos\u00e1rka.\\n\\nSz\u00e9less\u00e9g..., Meska","image_title":"Sz\u00edv form\u00e1j\u00fa fonott kos\u00e1r, Meska","view_count":"867","favourite_count":"0","trending_score":"0","last2MonthFavouriteCount":"0","promotion":"0","giftcard_accept":"0","creditcard_accept":false,"enhanced_background":"0","domain":"meska","specific_customer_id":null,"specific_customer_name":null,"to_order_product":"1","to_order_product_time":"10","product_different":null,"product_different_description":"","vintage":"0","vintage_category_id":"0","recycled":"1","gemstone_id":"0","customizable":"0","type_category":"physical","zerowaste":"1","postage_price":"1290.00","shop_order":"0","has_category":"1","landing_pages":null,"microdata":{"number":27,"category":""},"title":"Sz\u00edv form\u00e1j\u00fa fonott kos\u00e1r","description":"Pap\u00edrfon\u00e1s technik\u00e1val,  \u00fajrahasznos\u00edtott \u00fajs\u00e1gpap\u00edrb\u00f3l k\u00e9sz\u00fclt.\n\nMassz\u00edv,kem\u00e9ny kos\u00e1rka.\n\nSz\u00e9less\u00e9g 20cm\nHossz 16cm\nMagass\u00e1g 9cm\n\n\u00d6nmag\u00e1ban is haszn\u00e1lhat\u00f3,de ak\u00e1r \u00e9dess\u00e9get, kozmetikumot,f\u00fcrd\u0151bomb\u00e1t,szappanr\u00f3zs\u00e1t vagy b\u00e1rmit belet\u00e9ve egy k\u00fcl\u00f6nleges aj\u00e1nd\u00e9k,amivel a szeretet egy\u00e9rtelm\u0171en ki lehet fejezni.\n\nLepd meg szeretted ezzel az egyedi kos\u00e1rk\u00e1val. Legyen sz\u00f3 ,n\u00e9vnapr\u00f3l, Valentin napr\u00f3l, n\u00e1szaj\u00e1nd\u00e9kr\u00f3l,\u00e9vfordul\u00f3r\u00f3l vagy csak \u00fagy!\n\nK\u00e9rd\u00e9seddel,k\u00e9r\u00e9seddel keress bizalommal!\n\nZsannaDekor","score":0,"formatted_price":"2 000 Ft","image_url":"https:\/\/www.meska.hu\/img\/product\/small\/z\/s\/zsannadekor_product_562106_240131152223_461177.jpeg","formatted_url":"https:\/\/www.meska.hu\/p5203267-sziv-kosar","favourite":false,"in_stock":false,"avatar":"ZsannaDekor_avatar_562106_1678138852.jpg","delete_from":0,"is_enhanced_background":false,"is_enhanced":false,"product_selection_started":false,"is_active":true,"image_webp_url":"https:\/\/www.meska.hu\/img\/product\/small\/z\/s\/zsannadekor_product_562106_240131152223_461177.webp"},{"id":"4650883","shop_id":"26841","user_id":"327178","shop_name":"gardonyilevendula","shop_zip":"2483","product_code":"4862726","product_name_old":null,"product_name":"Pr\u00e9mium levendul\u00e1s \u00e1pol\u00f3 aj\u00e1nd\u00e9kcsomag fonott dobozban","category_string":"Sz\u00e9ps\u00e9g\u00e1pol\u00e1s, Kozmetikai aj\u00e1nd\u00e9kcsomag","technic_string":"Fon\u00e1s (csuh\u00e9, gy\u00e9k\u00e9ny, stb.), Szappank\u00e9sz\u00edt\u00e9s","category_1":"454","category_2":"915","category_3":"0","category_4":"0","merged_category_1":null,"merged_category_2":null,"merged_category_3":null,"technic_1":"482","technic_2":"500","technic_3":"0","color_1":"515","color_2":"522","color_3":"0","product_description_old":null,"product_description":"V\u00e1logat\u00e1s levendul\u00e1s \u00e9s m\u00e1s term\u00e9keinkb\u0151l, csupa praktikus \u00e9s illatos apr\u00f3s\u00e1g egy csomagba gy\u0171jtve, pap\u00edrfon\u00e1ssal k\u00e9sz\u00fclt, hengeres t\u00e1rol\u00f3ban.\n\u00cdgy nem csak figyelmes \u00e1pol\u00f3 aj\u00e1nd\u00e9kokat kap az aj\u00e1nd\u00e9kozott, de egy nagyon j\u00f3l haszn\u00e1lhat\u00f3, egyedi k\u00e9zm\u0171ves t\u00e1rol\u00f3 dobozt is.\n\nK\u00f6rnyezetbar\u00e1t szeml\u00e9lettel v\u00e1logatjuk ki saj\u00e1t term\u00e9keinket \u00e9s alapanyagukat, \u00edgy ez sem lehet m\u00e1sk\u00e9pp. \nA pap\u00edrfonott doboz k\u00e9s\u0151bb is d\u00edszes tart\u00f3ja lehet apr\u00f3 kincseknek, vagy ak\u00e1r beletehet egy nagy csokor levendul\u00e1t is.\n\nA pap\u00edrfonott term\u00e9kek v\u00edzzel lemoshat\u00f3k, ut\u00e1na hagyni kell megsz\u00e1radni.\nAz \u00e1pol\u00f3 csomagot 2 f\u00e9le form\u00e1ban tal\u00e1lod meg n\u00e1lam, kisebb vagy nagy kiszerel\u00e9sben.\n\nNagy csomag:\nb\u00e9zs, pap\u00edrfonott henger alak\u00fa dobozban, fonott levendulacsokorral d\u00edsz\u00edtve, szalaggal \u00e1tk\u00f6tve, tartalma:\n-1 db levendulav\u00edz 100 ml,arc\u00e1pol\u00e1shoz, vagy illatos\u00edt\u00e1shoz , le\u00edr\u00e1ssal\n-1 db arctiszt\u00edt\u00f3 korong (textil)\n-1 db levendula zs\u00e1kocska (szekr\u00e9ny illatos\u00edt\u00e1s\u00e1ra)\n-1 db k\u00e9nyeztet\u0151 szappan ( 100 g levendula)\n- 1 db 5 ml goly\u00f3s levendulaolaj (sresszold\u00e1sra, cs\u00edp\u00e9sre)\n\nKiv\u00e1laszthatod, milyen illat\u00fa szappant k\u00e9rsz hozz\u00e1. A zs\u00e1kocska \u00e9s arctiszt\u00edt\u00f3 korong sz\u00edne v\u00e1ltoz\u00f3, de a csomagba ill\u0151 sz\u00ednvari\u00e1ci\u00f3kat haszn\u00e1lunk.\n\nA pap\u00edrfonott term\u00e9kek v\u00edzzel lemoshat\u00f3k, ut\u00e1na hagyni kell megsz\u00e1radni.\nTERM\u00c9KEINK ENGED\u00c9LYEZETT, BEVIZSG\u00c1LT TERM\u00c9KEK.\n\nMIN\u0150S\u00c9GBIZTOS\u00cdT\u00c1SI RENDSZER: MSZ EN ISO 22716\/2008\n\nCPNP 4018165, 4018166, 4018159, 4174679, 4083845, 4018162","price":"11000.00","unit":"db","recommended":"0","status":"1","sponsored":"0","exp_notify":"0","own_material":"0","own_material_description_old":null,"own_material_description":"","jury":"0","jury_number":"","product_nature":"","meskaracsony":"0","create_date":"2026-08-19 22:26:23","shelve_id":"67490","image":"gardonyilevendula_product_327178_240620103046_581614.jpeg","image_width":"480","image_height":"319","image_alt":"Pr\u00e9mium levendul\u00e1s \u00e1pol\u00f3 aj\u00e1nd\u00e9kcsomag fonott dobozban, V\u00e1logat\u00e1s levendul\u00e1s \u00e9s m\u00e1s term\u00e9keinkb\u0151l, csupa praktikus \u00e9s illatos apr\u00f3s\u00e1g egy csomagba gy\u0171jtve, ..., Meska","image_title":"Pr\u00e9mium levendul\u00e1s \u00e1pol\u00f3 aj\u00e1nd\u00e9kcsomag fonott dobozban, Meska","view_count":"2426","favourite_count":"0","trending_score":"0","last2MonthFavouriteCount":"0","promotion":"0","giftcard_accept":"0","creditcard_accept":true,"enhanced_background":"0","domain":"meska","specific_customer_id":null,"specific_customer_name":null,"to_order_product":"1","to_order_product_time":"3","product_different":null,"product_different_description":"","vintage":"0","vintage_category_id":"0","recycled":"1","gemstone_id":"0","customizable":"0","type_category":"physical","zerowaste":"1","postage_price":"2390.00","shop_order":"0","has_category":"1","landing_pages":"Kar\u00e1csonyi aj\u00e1nd\u00e9kok, Kar\u00e1csonyi aj\u00e1nd\u00e9kok, Nyugd\u00edjas aj\u00e1nd\u00e9kok, N\u00e1szaj\u00e1nd\u00e9kok, Spiritu\u00e1lis aj\u00e1nd\u00e9kok, Sz\u00fclinapi aj\u00e1nd\u00e9kok","microdata":{"number":28,"category":""},"title":"Pr\u00e9mium levendul\u00e1s \u00e1pol\u00f3 aj\u00e1nd\u00e9kcsomag fonott dobozban","description":"V\u00e1logat\u00e1s levendul\u00e1s \u00e9s m\u00e1s term\u00e9keinkb\u0151l, csupa praktikus \u00e9s illatos apr\u00f3s\u00e1g egy csomagba gy\u0171jtve, pap\u00edrfon\u00e1ssal k\u00e9sz\u00fclt, hengeres t\u00e1rol\u00f3ban.\n\u00cdgy nem csak figyelmes \u00e1pol\u00f3 aj\u00e1nd\u00e9kokat kap az aj\u00e1nd\u00e9kozott, de egy nagyon j\u00f3l haszn\u00e1lhat\u00f3, egyedi k\u00e9zm\u0171ves t\u00e1rol\u00f3 dobozt is.\n\nK\u00f6rnyezetbar\u00e1t szeml\u00e9lettel v\u00e1logatjuk ki saj\u00e1t term\u00e9keinket \u00e9s alapanyagukat, \u00edgy ez sem lehet m\u00e1sk\u00e9pp. \nA pap\u00edrfonott doboz k\u00e9s\u0151bb is d\u00edszes tart\u00f3ja lehet apr\u00f3 kincseknek, vagy ak\u00e1r beletehet egy nagy csokor levendul\u00e1t is.\n\nA pap\u00edrfonott term\u00e9kek v\u00edzzel lemoshat\u00f3k, ut\u00e1na hagyni kell megsz\u00e1radni.\nAz \u00e1pol\u00f3 csomagot 2 f\u00e9le form\u00e1ban tal\u00e1lod meg n\u00e1lam, kisebb vagy nagy kiszerel\u00e9sben.\n\nNagy csomag:\nb\u00e9zs, pap\u00edrfonott henger alak\u00fa dobozban, fonott levendulacsokorral d\u00edsz\u00edtve, szalaggal \u00e1tk\u00f6tve, tartalma:\n-1 db levendulav\u00edz 100 ml,arc\u00e1pol\u00e1shoz, vagy illatos\u00edt\u00e1shoz , le\u00edr\u00e1ssal\n-1 db arctiszt\u00edt\u00f3 korong (textil)\n-1 db levendula zs\u00e1kocska (szekr\u00e9ny illatos\u00edt\u00e1s\u00e1ra)\n-1 db k\u00e9nyeztet\u0151 szappan ( 100 g levendula)\n- 1 db 5 ml goly\u00f3s levendulaolaj (sresszold\u00e1sra, cs\u00edp\u00e9sre)\n\nKiv\u00e1laszthatod, milyen illat\u00fa szappant k\u00e9rsz hozz\u00e1. A zs\u00e1kocska \u00e9s arctiszt\u00edt\u00f3 korong sz\u00edne v\u00e1ltoz\u00f3, de a csomagba ill\u0151 sz\u00ednvari\u00e1ci\u00f3kat haszn\u00e1lunk.\n\nA pap\u00edrfonott term\u00e9kek v\u00edzzel lemoshat\u00f3k, ut\u00e1na hagyni kell megsz\u00e1radni.\nTERM\u00c9KEINK ENGED\u00c9LYEZETT, BEVIZSG\u00c1LT TERM\u00c9KEK.\n\nMIN\u0150S\u00c9GBIZTOS\u00cdT\u00c1SI RENDSZER: MSZ EN ISO 22716\/2008\n\nCPNP 4018165, 4018166, 4018159, 4174679, 4083845, 4018162","score":0,"formatted_price":"11 000 Ft","image_url":"https:\/\/www.meska.hu\/img\/product\/small\/g\/a\/gardonyilevendula_product_327178_240620103046_581614.jpeg","formatted_url":"https:\/\/www.meska.hu\/p4862726-apolo-ajandekcsomag-fonott-dobozban-unnepi-alkalmakra","favourite":false,"in_stock":false,"avatar":"327178_avatar_1782303777.jpeg","delete_from":0,"is_enhanced_background":false,"is_enhanced":false,"product_selection_started":false,"is_active":true,"image_webp_url":"https:\/\/www.meska.hu\/img\/product\/small\/g\/a\/gardonyilevendula_product_327178_240620103046_581614.webp"},{"id":"6330937","shop_id":"50843","user_id":"750512","shop_name":"Evigurumi","shop_zip":"8124","product_code":"5850646","product_name_old":null,"product_name":"Nefira kulcstart\u00f3","category_string":"T\u00e1ska & Tok, Kulcstart\u00f3 & T\u00e1skad\u00edsz, Kulcstart\u00f3","technic_string":"Fon\u00e1s (csuh\u00e9, gy\u00e9k\u00e9ny, stb.)","category_1":"464","category_2":"390","category_3":"1037","category_4":"0","merged_category_1":null,"merged_category_2":null,"merged_category_3":null,"technic_1":"482","technic_2":"0","technic_3":"0","color_1":"519","color_2":"526","color_3":"0","product_description_old":null,"product_description":"\u2600\ufe0f NEFIRA \u2013 k\u00e9zzel k\u00e9sz\u00fclt makram\u00e9 kulcstart\u00f3 \u2600\ufe0f\n\nIsmerd meg Nefir\u00e1t, a meleg, napf\u00e9nyes \u00e1rnyalatok \u00e9s a term\u00e9szetes sz\u00e9ps\u00e9g ihlette k\u00fcl\u00f6nleges kulcstart\u00f3t. \ud83d\udc9b\ud83e\udd0d\n\nEz a s\u00e1rga\u2013nat\u00far sz\u00ednkombin\u00e1ci\u00f3j\u00fa, k\u00e9zzel fonott makram\u00e9 kulcstart\u00f3 egyedi mint\u00e1j\u00e1val \u00e9s hossz\u00fa, puha bojtj\u00e1val egyszerre vid\u00e1m \u00e9s letisztult kieg\u00e9sz\u00edt\u0151.\n\n\u2728 Nefira t\u00f6k\u00e9letes v\u00e1laszt\u00e1s, ha:\n\u2022 szereted a meleg, napf\u00e9nyes sz\u00edneket\n\u2022 kedveled az egyszer\u0171, term\u00e9szetes megjelen\u00e9st\n\u2022 valami k\u00fcl\u00f6nlegeset keresel a kulcscsom\u00f3dra\n\u2022 a t\u00e1sk\u00e1dat is feldobn\u00e1d egy k\u00e9zzel k\u00e9sz\u00fclt kieg\u00e9sz\u00edt\u0151vel\n\u2022 egy apr\u00f3, kedves aj\u00e1nd\u00e9kot keresel \ud83c\udf81\n\n\ud83d\udc9b Sz\u00edn: s\u00e1rga\u2013nat\u00far\n\ud83e\uddf6 K\u00e9zzel k\u00e9sz\u00edtett\n\ud83d\udd11 Kulcscsom\u00f3ra vagy t\u00e1sk\u00e1ra is haszn\u00e1lhat\u00f3\n\u2728 Egyedi fon\u00e1s \u00e9s dekorat\u00edv bojt\n\n\ud83c\udf05 Mi\u00e9rt Nefira?\nA Nefira nevet a k\u00fcl\u00f6nleges, egyiptomi hangulat\u00fa nevek vil\u00e1ga ihlette. Nem egy konkr\u00e9t isten vagy istenn\u0151 neve, hanem egy egyedi term\u00e9kn\u00e9v, amelynek l\u00e1gy, egzotikus hangz\u00e1sa j\u00f3l illik ehhez a meleg s\u00e1rga\u2013nat\u00far sz\u00ednvil\u00e1ghoz. A n\u00e9v sz\u00e1momra a napf\u00e9nyt, melegs\u00e9get \u00e9s term\u00e9szetes sz\u00e9ps\u00e9get id\u00e9zi. \u2600\ufe0f\n\n\ud83d\udcb0 \u00c1r: 1 200 Ft\n\n\n\ud83d\udce9 Rendel\u00e9s vagy \u00e9rdekl\u0151d\u00e9s eset\u00e9n \u00edrj \u00fczenetet.\n\nMinden darab k\u00e9zzel k\u00e9sz\u00fcl, ez\u00e9rt apr\u00f3 elt\u00e9r\u00e9sek el\u0151fordulhatnak \u2013 ett\u0151l lesz minden kulcstart\u00f3 igaz\u00e1n egyedi. \ud83d\udc9b","price":"1200.00","unit":"db","recommended":"0","status":"1","sponsored":"0","exp_notify":"0","own_material":"0","own_material_description_old":null,"own_material_description":"","jury":"0","jury_number":"","product_nature":"","meskaracsony":"0","create_date":"2026-08-19 17:22:00","shelve_id":"0","image":"evigurumi_product_750512_260819172043_665949.jpeg","image_width":"480","image_height":"360","image_alt":"Nefira kulcstart\u00f3, \u2600\ufe0f NEFIRA \u2013 k\u00e9zzel k\u00e9sz\u00fclt makram\u00e9 kulcstart\u00f3 \u2600\ufe0f\\n\\nIsmerd meg Nefir\u00e1t, a meleg, napf\u00e9nyes \u00e1rnyalatok ..., Meska","image_title":"Nefira kulcstart\u00f3, Meska","view_count":"28","favourite_count":"0","trending_score":"0","last2MonthFavouriteCount":"0","promotion":"0","giftcard_accept":"0","creditcard_accept":true,"enhanced_background":"0","domain":"meska","specific_customer_id":null,"specific_customer_name":null,"to_order_product":"0","to_order_product_time":"0","product_different":null,"product_different_description":"","vintage":"0","vintage_category_id":"0","recycled":"0","gemstone_id":"0","customizable":"0","type_category":"physical","zerowaste":"0","postage_price":"1290.00","shop_order":"0","has_category":"1","landing_pages":null,"microdata":{"number":29,"category":""},"title":"Nefira kulcstart\u00f3","description":"\u2600\ufe0f NEFIRA \u2013 k\u00e9zzel k\u00e9sz\u00fclt makram\u00e9 kulcstart\u00f3 \u2600\ufe0f\n\nIsmerd meg Nefir\u00e1t, a meleg, napf\u00e9nyes \u00e1rnyalatok \u00e9s a term\u00e9szetes sz\u00e9ps\u00e9g ihlette k\u00fcl\u00f6nleges kulcstart\u00f3t. \ud83d\udc9b\ud83e\udd0d\n\nEz a s\u00e1rga\u2013nat\u00far sz\u00ednkombin\u00e1ci\u00f3j\u00fa, k\u00e9zzel fonott makram\u00e9 kulcstart\u00f3 egyedi mint\u00e1j\u00e1val \u00e9s hossz\u00fa, puha bojtj\u00e1val egyszerre vid\u00e1m \u00e9s letisztult kieg\u00e9sz\u00edt\u0151.\n\n\u2728 Nefira t\u00f6k\u00e9letes v\u00e1laszt\u00e1s, ha:\n\u2022 szereted a meleg, napf\u00e9nyes sz\u00edneket\n\u2022 kedveled az egyszer\u0171, term\u00e9szetes megjelen\u00e9st\n\u2022 valami k\u00fcl\u00f6nlegeset keresel a kulcscsom\u00f3dra\n\u2022 a t\u00e1sk\u00e1dat is feldobn\u00e1d egy k\u00e9zzel k\u00e9sz\u00fclt kieg\u00e9sz\u00edt\u0151vel\n\u2022 egy apr\u00f3, kedves aj\u00e1nd\u00e9kot keresel \ud83c\udf81\n\n\ud83d\udc9b Sz\u00edn: s\u00e1rga\u2013nat\u00far\n\ud83e\uddf6 K\u00e9zzel k\u00e9sz\u00edtett\n\ud83d\udd11 Kulcscsom\u00f3ra vagy t\u00e1sk\u00e1ra is haszn\u00e1lhat\u00f3\n\u2728 Egyedi fon\u00e1s \u00e9s dekorat\u00edv bojt\n\n\ud83c\udf05 Mi\u00e9rt Nefira?\nA Nefira nevet a k\u00fcl\u00f6nleges, egyiptomi hangulat\u00fa nevek vil\u00e1ga ihlette. Nem egy konkr\u00e9t isten vagy istenn\u0151 neve, hanem egy egyedi term\u00e9kn\u00e9v, amelynek l\u00e1gy, egzotikus hangz\u00e1sa j\u00f3l illik ehhez a meleg s\u00e1rga\u2013nat\u00far sz\u00ednvil\u00e1ghoz. A n\u00e9v sz\u00e1momra a napf\u00e9nyt, melegs\u00e9get \u00e9s term\u00e9szetes sz\u00e9ps\u00e9get id\u00e9zi. \u2600\ufe0f\n\n\ud83d\udcb0 \u00c1r: 1 200 Ft\n\n\n\ud83d\udce9 Rendel\u00e9s vagy \u00e9rdekl\u0151d\u00e9s eset\u00e9n \u00edrj \u00fczenetet.\n\nMinden darab k\u00e9zzel k\u00e9sz\u00fcl, ez\u00e9rt apr\u00f3 elt\u00e9r\u00e9sek el\u0151fordulhatnak \u2013 ett\u0151l lesz minden kulcstart\u00f3 igaz\u00e1n egyedi. \ud83d\udc9b","score":0,"formatted_price":"1 200 Ft","image_url":"https:\/\/www.meska.hu\/img\/product\/small\/e\/v\/evigurumi_product_750512_260819172043_665949.jpeg","formatted_url":"https:\/\/www.meska.hu\/p5850646-nefira-kulcstarto","favourite":false,"in_stock":true,"avatar":"750512_avatar_1763067119.png","delete_from":0,"is_enhanced_background":false,"is_enhanced":false,"product_selection_started":false,"is_active":true,"image_webp_url":"https:\/\/www.meska.hu\/img\/product\/small\/e\/v\/evigurumi_product_750512_260819172043_665949.webp"},{"id":"6330684","shop_id":"50843","user_id":"750512","shop_name":"Evigurumi","shop_zip":"8124","product_code":"5850525","product_name_old":null,"product_name":"Apoll\u00f3 kulcstart\u00f3","category_string":"T\u00e1ska & Tok, Kulcstart\u00f3 & T\u00e1skad\u00edsz, Kulcstart\u00f3","technic_string":"Fon\u00e1s (csuh\u00e9, gy\u00e9k\u00e9ny, stb.)","category_1":"464","category_2":"390","category_3":"1037","category_4":"0","merged_category_1":null,"merged_category_2":null,"merged_category_3":null,"technic_1":"482","technic_2":"0","technic_3":"0","color_1":"519","color_2":"526","color_3":"0","product_description_old":null,"product_description":"K\u00c9ZZEL K\u00c9SZ\u00dcLT\n\u2728 MAKRAME KULCSTART\u00d3 \u2728\n\n\ud83d\udc9b S\u00e1rga\u2013nat\u00far sz\u00ednkombin\u00e1ci\u00f3\n\ud83e\uddf6 100% k\u00e9zzel k\u00e9sz\u00edtve\n\ud83c\udf81 T\u00f6k\u00e9letes aj\u00e1nd\u00e9k\u00f6tlet\n\ud83d\udd11 Kulcscsom\u00f3ra vagy t\u00e1sk\u00e1ra\n\n\n\ud83c\udf38 El\u00e9rhet\u0151 r\u00f3zsasz\u00edn, s\u00e1rga \u00e9s nat\u00far sz\u00ednben","price":"1990.00","unit":"db","recommended":"0","status":"1","sponsored":"0","exp_notify":"0","own_material":"0","own_material_description_old":null,"own_material_description":"","jury":"0","jury_number":"","product_nature":"","meskaracsony":"0","create_date":"2026-08-19 12:41:11","shelve_id":"0","image":"evigurumi_product_750512_260819123902_60911.jpeg","image_width":"480","image_height":"360","image_alt":"Apoll\u00f3 kulcstart\u00f3, K\u00c9ZZEL K\u00c9SZ\u00dcLT\\n\u2728 MAKRAME KULCSTART\u00d3 \u2728\\n\\n\ud83d\udc9b S\u00e1rga\u2013nat\u00far sz\u00ednkombin\u00e1ci\u00f3\\n\ud83e\uddf6 100% k\u00e9zzel k\u00e9sz\u00edtve\\n\ud83c\udf81 T\u00f6k\u00e9let..., Meska","image_title":"Apoll\u00f3 kulcstart\u00f3, Meska","view_count":"25","favourite_count":"0","trending_score":"0","last2MonthFavouriteCount":"0","promotion":"0","giftcard_accept":"0","creditcard_accept":true,"enhanced_background":"0","domain":"meska","specific_customer_id":null,"specific_customer_name":null,"to_order_product":"0","to_order_product_time":"0","product_different":null,"product_different_description":"","vintage":"0","vintage_category_id":"0","recycled":"0","gemstone_id":"0","customizable":"0","type_category":"physical","zerowaste":"0","postage_price":"1290.00","shop_order":"0","has_category":"1","landing_pages":null,"microdata":{"number":30,"category":""},"title":"Apoll\u00f3 kulcstart\u00f3","description":"K\u00c9ZZEL K\u00c9SZ\u00dcLT\n\u2728 MAKRAME KULCSTART\u00d3 \u2728\n\n\ud83d\udc9b S\u00e1rga\u2013nat\u00far sz\u00ednkombin\u00e1ci\u00f3\n\ud83e\uddf6 100% k\u00e9zzel k\u00e9sz\u00edtve\n\ud83c\udf81 T\u00f6k\u00e9letes aj\u00e1nd\u00e9k\u00f6tlet\n\ud83d\udd11 Kulcscsom\u00f3ra vagy t\u00e1sk\u00e1ra\n\n\n\ud83c\udf38 El\u00e9rhet\u0151 r\u00f3zsasz\u00edn, s\u00e1rga \u00e9s nat\u00far sz\u00ednben","score":0,"formatted_price":"1 990 Ft","image_url":"https:\/\/www.meska.hu\/img\/product\/small\/e\/v\/evigurumi_product_750512_260819123902_60911.jpeg","formatted_url":"https:\/\/www.meska.hu\/p5850525-apollo-kulcstarto","favourite":false,"in_stock":true,"avatar":"750512_avatar_1763067119.png","delete_from":0,"is_enhanced_background":false,"is_enhanced":false,"product_selection_started":false,"is_active":true,"image_webp_url":"https:\/\/www.meska.hu\/img\/product\/small\/e\/v\/evigurumi_product_750512_260819123902_60911.webp"},{"id":"6329751","shop_id":"50843","user_id":"750512","shop_name":"Evigurumi","shop_zip":"8124","product_code":"5850221","product_name_old":null,"product_name":"R\u00f3zsasz\u00edn\u2013nat\u00far k\u00e9zzel fonott makram\u00e9 kulcstart\u00f3 bojttal","category_string":"T\u00e1ska & Tok, Kulcstart\u00f3 & T\u00e1skad\u00edsz, Kulcstart\u00f3","technic_string":"Fon\u00e1s (csuh\u00e9, gy\u00e9k\u00e9ny, stb.)","category_1":"464","category_2":"390","category_3":"1037","category_4":"0","merged_category_1":null,"merged_category_2":null,"merged_category_3":null,"technic_1":"482","technic_2":"0","technic_3":"0","color_1":"519","color_2":"791","color_3":"0","product_description_old":null,"product_description":"\ud83d\udc97 K\u00e9zzel k\u00e9sz\u00fclt makram\u00e9 kulcstart\u00f3\n\nEgyedi, k\u00e9zzel fonott kulcstart\u00f3 r\u00f3zsasz\u00edn \u00e9s nat\u00far sz\u00ednkombin\u00e1ci\u00f3ban, hossz\u00fa, dekorat\u00edv bojttal.\n\n\u2728 Mi\u00e9rt k\u00fcl\u00f6nleges?\n\n\u2022 100%-ban k\u00e9zzel k\u00e9sz\u00fclt\n\u2022 egyedi sz\u00ednkombin\u00e1ci\u00f3\n\u2022 k\u00f6nny\u0171 \u00e9s praktikus\n\u2022 dekorat\u00edv kieg\u00e9sz\u00edt\u0151\n\u2022 kulcscsom\u00f3ra vagy t\u00e1sk\u00e1ra is haszn\u00e1lhat\u00f3\n\u2022 aj\u00e1nd\u00e9knak is t\u00f6k\u00e9letes \ud83c\udf81\n\nMinden darabot szeretettel \u00e9s gondoss\u00e1ggal k\u00e9sz\u00edtek. A k\u00e9zzel k\u00e9sz\u00edt\u00e9s miatt kisebb elt\u00e9r\u00e9sek el\u0151fordulhatnak, \u00edgy minden darab egyedi.\n\n\n\ud83d\udce6 Gondosan csomagolva k\u00fcld\u00f6m.\n\n\ud83d\udc97 Ha megtetszett, szeretettel v\u00e1rom a rendel\u00e9sed!","price":"2290.00","unit":"db","recommended":"0","status":"1","sponsored":"0","exp_notify":"0","own_material":"0","own_material_description_old":null,"own_material_description":"","jury":"0","jury_number":"","product_nature":"","meskaracsony":"0","create_date":"2026-08-18 12:40:05","shelve_id":"0","image":"evigurumi_product_750512_260818123805_82742.jpeg","image_width":"480","image_height":"360","image_alt":"R\u00f3zsasz\u00edn\u2013nat\u00far k\u00e9zzel fonott makram\u00e9 kulcstart\u00f3 bojttal, \ud83d\udc97 K\u00e9zzel k\u00e9sz\u00fclt makram\u00e9 kulcstart\u00f3\\n\\nEgyedi, k\u00e9zzel fonott kulcstart\u00f3 r\u00f3zsasz\u00edn \u00e9s nat\u00far sz\u00ednkombin\u00e1..., Meska","image_title":"R\u00f3zsasz\u00edn\u2013nat\u00far k\u00e9zzel fonott makram\u00e9 kulcstart\u00f3 bojttal, Meska","view_count":"24","favourite_count":"0","trending_score":"0","last2MonthFavouriteCount":"0","promotion":"0","giftcard_accept":"0","creditcard_accept":true,"enhanced_background":"0","domain":"meska","specific_customer_id":null,"specific_customer_name":null,"to_order_product":"0","to_order_product_time":"0","product_different":null,"product_different_description":"","vintage":"0","vintage_category_id":"0","recycled":"0","gemstone_id":"0","customizable":"0","type_category":"physical","zerowaste":"0","postage_price":"1290.00","shop_order":"0","has_category":"1","landing_pages":null,"microdata":{"number":31,"category":""},"title":"R\u00f3zsasz\u00edn\u2013nat\u00far k\u00e9zzel fonott makram\u00e9 kulcstart\u00f3 bojttal","description":"\ud83d\udc97 K\u00e9zzel k\u00e9sz\u00fclt makram\u00e9 kulcstart\u00f3\n\nEgyedi, k\u00e9zzel fonott kulcstart\u00f3 r\u00f3zsasz\u00edn \u00e9s nat\u00far sz\u00ednkombin\u00e1ci\u00f3ban, hossz\u00fa, dekorat\u00edv bojttal.\n\n\u2728 Mi\u00e9rt k\u00fcl\u00f6nleges?\n\n\u2022 100%-ban k\u00e9zzel k\u00e9sz\u00fclt\n\u2022 egyedi sz\u00ednkombin\u00e1ci\u00f3\n\u2022 k\u00f6nny\u0171 \u00e9s praktikus\n\u2022 dekorat\u00edv kieg\u00e9sz\u00edt\u0151\n\u2022 kulcscsom\u00f3ra vagy t\u00e1sk\u00e1ra is haszn\u00e1lhat\u00f3\n\u2022 aj\u00e1nd\u00e9knak is t\u00f6k\u00e9letes \ud83c\udf81\n\nMinden darabot szeretettel \u00e9s gondoss\u00e1ggal k\u00e9sz\u00edtek. A k\u00e9zzel k\u00e9sz\u00edt\u00e9s miatt kisebb elt\u00e9r\u00e9sek el\u0151fordulhatnak, \u00edgy minden darab egyedi.\n\n\n\ud83d\udce6 Gondosan csomagolva k\u00fcld\u00f6m.\n\n\ud83d\udc97 Ha megtetszett, szeretettel v\u00e1rom a rendel\u00e9sed!","score":0,"formatted_price":"2 290 Ft","image_url":"https:\/\/www.meska.hu\/img\/product\/small\/e\/v\/evigurumi_product_750512_260818123805_82742.jpeg","formatted_url":"https:\/\/www.meska.hu\/p5850221-rozsaszinnatur-kezzel-fonott-makrame-kulcstarto-bojttal","favourite":false,"in_stock":true,"avatar":"750512_avatar_1763067119.png","delete_from":0,"is_enhanced_background":false,"is_enhanced":false,"product_selection_started":false,"is_active":true,"image_webp_url":"https:\/\/www.meska.hu\/img\/product\/small\/e\/v\/evigurumi_product_750512_260818123805_82742.webp"},{"id":"6329707","shop_id":"50843","user_id":"750512","shop_name":"Evigurumi","shop_zip":"8124","product_code":"5850210","product_name_old":null,"product_name":"Boh\u00e9m kulcstart\u00f3 ","category_string":"T\u00e1ska & Tok, Kulcstart\u00f3 & T\u00e1skad\u00edsz, Kulcstart\u00f3","technic_string":"Fon\u00e1s (csuh\u00e9, gy\u00e9k\u00e9ny, stb.)","category_1":"464","category_2":"390","category_3":"1037","category_4":"0","merged_category_1":null,"merged_category_2":null,"merged_category_3":null,"technic_1":"482","technic_2":"0","technic_3":"0","color_1":"519","color_2":"0","color_3":"0","product_description_old":null,"product_description":"Hozd el a mindennapjaidba a boh\u00e9m, term\u00e9szetes hangulatot ezzel a teljesen k\u00e9zzel, odafigyel\u00e9ssel k\u00e9sz\u00edtett makram\u00e9 kulcstart\u00f3val!\n\nNemcsak a kulcsaidat teheted vele k\u00f6nnyebben felismerhet\u0151v\u00e9, de t\u00f6k\u00e9letesen mutat t\u00e1skad\u00edszk\u00e9nt is a mindennapi szettek mellett. Kiv\u00e1l\u00f3 v\u00e1laszt\u00e1s saj\u00e1t magad meglep\u00e9s\u00e9re, de apr\u00f3, kedves aj\u00e1nd\u00e9k lehet sz\u00fclet\u00e9snapra, n\u00e9vnapra vagy ak\u00e1r ballag\u00e1sra.\n\n St\u00edlus: Boh\u00e9m, term\u00e9szetes, minimalista\n\n \u00c1llapot: \u00daj, saj\u00e1t k\u00e9sz\u00edt\u00e9s\u0171 k\u00e9zm\u0171ves term\u00e9k\n\nMinden darab egyedi gondoskod\u00e1ssal k\u00e9sz\u00fcl, \u00edgy kisebb elt\u00e9r\u00e9sek el\u0151fordulhatnak, ami a k\u00e9zm\u0171ves term\u00e9kek var\u00e1zs\u00e1t adja.\n\nK\u00f6sz\u00f6n\u00f6m, hogy a k\u00e9zm\u0171ves term\u00e9keket v\u00e1lasztod \u00e9s t\u00e1mogatod a munk\u00e1mat! Ha b\u00e1rmilyen k\u00e9rd\u00e9sed van sz\u00ednnel vagy m\u00e9rettel kapcsolatban, keress b\u00e1tran \u00fczenetben!","price":"2200.00","unit":"db","recommended":"0","status":"1","sponsored":"0","exp_notify":"0","own_material":"0","own_material_description_old":null,"own_material_description":"","jury":"0","jury_number":"","product_nature":"","meskaracsony":"0","create_date":"2026-08-18 11:40:14","shelve_id":"0","image":"evigurumi_product_750512_260818113808_368391.jpeg","image_width":"480","image_height":"360","image_alt":"Boh\u00e9m kulcstart\u00f3 , Hozd el a mindennapjaidba a boh\u00e9m, term\u00e9szetes hangulatot ezzel a teljesen k\u00e9zzel, odafigyel\u00e9ssel k\u00e9..., Meska","image_title":"Boh\u00e9m kulcstart\u00f3 , Meska","view_count":"30","favourite_count":"0","trending_score":"0","last2MonthFavouriteCount":"0","promotion":"0","giftcard_accept":"0","creditcard_accept":true,"enhanced_background":"0","domain":"meska","specific_customer_id":null,"specific_customer_name":null,"to_order_product":"0","to_order_product_time":"0","product_different":null,"product_different_description":"","vintage":"0","vintage_category_id":"0","recycled":"0","gemstone_id":"0","customizable":"0","type_category":"physical","zerowaste":"0","postage_price":"1290.00","shop_order":"0","has_category":"1","landing_pages":null,"microdata":{"number":32,"category":""},"title":"Boh\u00e9m kulcstart\u00f3 ","description":"Hozd el a mindennapjaidba a boh\u00e9m, term\u00e9szetes hangulatot ezzel a teljesen k\u00e9zzel, odafigyel\u00e9ssel k\u00e9sz\u00edtett makram\u00e9 kulcstart\u00f3val!\n\nNemcsak a kulcsaidat teheted vele k\u00f6nnyebben felismerhet\u0151v\u00e9, de t\u00f6k\u00e9letesen mutat t\u00e1skad\u00edszk\u00e9nt is a mindennapi szettek mellett. Kiv\u00e1l\u00f3 v\u00e1laszt\u00e1s saj\u00e1t magad meglep\u00e9s\u00e9re, de apr\u00f3, kedves aj\u00e1nd\u00e9k lehet sz\u00fclet\u00e9snapra, n\u00e9vnapra vagy ak\u00e1r ballag\u00e1sra.\n\n St\u00edlus: Boh\u00e9m, term\u00e9szetes, minimalista\n\n \u00c1llapot: \u00daj, saj\u00e1t k\u00e9sz\u00edt\u00e9s\u0171 k\u00e9zm\u0171ves term\u00e9k\n\nMinden darab egyedi gondoskod\u00e1ssal k\u00e9sz\u00fcl, \u00edgy kisebb elt\u00e9r\u00e9sek el\u0151fordulhatnak, ami a k\u00e9zm\u0171ves term\u00e9kek var\u00e1zs\u00e1t adja.\n\nK\u00f6sz\u00f6n\u00f6m, hogy a k\u00e9zm\u0171ves term\u00e9keket v\u00e1lasztod \u00e9s t\u00e1mogatod a munk\u00e1mat! Ha b\u00e1rmilyen k\u00e9rd\u00e9sed van sz\u00ednnel vagy m\u00e9rettel kapcsolatban, keress b\u00e1tran \u00fczenetben!","score":0,"formatted_price":"2 200 Ft","image_url":"https:\/\/www.meska.hu\/img\/product\/small\/e\/v\/evigurumi_product_750512_260818113808_368391.jpeg","formatted_url":"https:\/\/www.meska.hu\/p5850210-bohem-kulcstarto","favourite":false,"in_stock":true,"avatar":"750512_avatar_1763067119.png","delete_from":0,"is_enhanced_background":false,"is_enhanced":false,"product_selection_started":false,"is_active":true,"image_webp_url":"https:\/\/www.meska.hu\/img\/product\/small\/e\/v\/evigurumi_product_750512_260818113808_368391.webp"},{"id":"6329630","shop_id":"50843","user_id":"750512","shop_name":"Evigurumi","shop_zip":"8124","product_code":"5850176","product_name_old":null,"product_name":"Fonott kulcstart\u00f3 nat\u00far sz\u00edn\u0171 ","category_string":"T\u00e1ska & Tok, Kulcstart\u00f3 & T\u00e1skad\u00edsz, Kulcstart\u00f3","technic_string":"Fon\u00e1s (csuh\u00e9, gy\u00e9k\u00e9ny, stb.)","category_1":"464","category_2":"390","category_3":"1037","category_4":"0","merged_category_1":null,"merged_category_2":null,"merged_category_3":null,"technic_1":"482","technic_2":"0","technic_3":"0","color_1":"519","color_2":"0","color_3":"0","product_description_old":null,"product_description":"\ud83e\udd0d K\u00e9zzel k\u00e9sz\u00fclt fonott kulcstart\u00f3 \u2013 nat\u00far\n\nEgyedi, k\u00e9zzel k\u00e9sz\u00edtett fonott kulcstart\u00f3 nat\u00far sz\u00ednben, amely egyszer\u0171, letisztult megjelen\u00e9s\u00e9vel b\u00e1rmilyen kulcscsom\u00f3 sz\u00e9p kieg\u00e9sz\u00edt\u0151je lehet. \ud83e\udd0d\n\nA kulcstart\u00f3 gondosan, k\u00e9zzel k\u00e9sz\u00fcl, \u00edgy minden darab egy kicsit egyedi. A v\u00e9g\u00e9n tal\u00e1lhat\u00f3 rojt j\u00e1t\u00e9kosabb\u00e1 teszi, mik\u00f6zben a f\u00e9m karika seg\u00edts\u00e9g\u00e9vel k\u00f6nnyed\u00e9n r\u00f6gz\u00edthet\u0151 a kulcsaidhoz vagy ak\u00e1r a t\u00e1sk\u00e1dhoz is.\n\n\ud83c\udf80 Term\u00e9k jellemz\u0151i:\n\n* k\u00e9zzel k\u00e9sz\u00edtett\n* nat\u00far, t\u00f6rtfeh\u00e9r \u00e1rnyalat\n* f\u00e9m kulcskarika\n* dekorat\u00edv rojt\n* kulcstart\u00f3k\u00e9nt vagy t\u00e1skakieg\u00e9sz\u00edt\u0151k\u00e9nt is haszn\u00e1lhat\u00f3\n* aj\u00e1nd\u00e9knak is kedves v\u00e1laszt\u00e1s","price":"1500.00","unit":"db","recommended":"0","status":"1","sponsored":"0","exp_notify":"0","own_material":"0","own_material_description_old":null,"own_material_description":"","jury":"0","jury_number":"","product_nature":"","meskaracsony":"0","create_date":"2026-08-18 10:28:05","shelve_id":"0","image":"evigurumi_product_750512_260818102617_010744.jpeg","image_width":"480","image_height":"360","image_alt":"Fonott kulcstart\u00f3 nat\u00far sz\u00edn\u0171 , \ud83e\udd0d K\u00e9zzel k\u00e9sz\u00fclt fonott kulcstart\u00f3 \u2013 nat\u00far\\n\\nEgyedi, k\u00e9zzel k\u00e9sz\u00edtett fonott kulcstart\u00f3 nat\u00far sz\u00ednben..., Meska","image_title":"Fonott kulcstart\u00f3 nat\u00far sz\u00edn\u0171 , Meska","view_count":"21","favourite_count":"0","trending_score":"0","last2MonthFavouriteCount":"0","promotion":"0","giftcard_accept":"0","creditcard_accept":true,"enhanced_background":"0","domain":"meska","specific_customer_id":null,"specific_customer_name":null,"to_order_product":"0","to_order_product_time":"0","product_different":null,"product_different_description":"","vintage":"0","vintage_category_id":"0","recycled":"0","gemstone_id":"0","customizable":"0","type_category":"physical","zerowaste":"0","postage_price":"1290.00","shop_order":"0","has_category":"1","landing_pages":null,"microdata":{"number":33,"category":""},"title":"Fonott kulcstart\u00f3 nat\u00far sz\u00edn\u0171 ","description":"\ud83e\udd0d K\u00e9zzel k\u00e9sz\u00fclt fonott kulcstart\u00f3 \u2013 nat\u00far\n\nEgyedi, k\u00e9zzel k\u00e9sz\u00edtett fonott kulcstart\u00f3 nat\u00far sz\u00ednben, amely egyszer\u0171, letisztult megjelen\u00e9s\u00e9vel b\u00e1rmilyen kulcscsom\u00f3 sz\u00e9p kieg\u00e9sz\u00edt\u0151je lehet. \ud83e\udd0d\n\nA kulcstart\u00f3 gondosan, k\u00e9zzel k\u00e9sz\u00fcl, \u00edgy minden darab egy kicsit egyedi. A v\u00e9g\u00e9n tal\u00e1lhat\u00f3 rojt j\u00e1t\u00e9kosabb\u00e1 teszi, mik\u00f6zben a f\u00e9m karika seg\u00edts\u00e9g\u00e9vel k\u00f6nnyed\u00e9n r\u00f6gz\u00edthet\u0151 a kulcsaidhoz vagy ak\u00e1r a t\u00e1sk\u00e1dhoz is.\n\n\ud83c\udf80 Term\u00e9k jellemz\u0151i:\n\n* k\u00e9zzel k\u00e9sz\u00edtett\n* nat\u00far, t\u00f6rtfeh\u00e9r \u00e1rnyalat\n* f\u00e9m kulcskarika\n* dekorat\u00edv rojt\n* kulcstart\u00f3k\u00e9nt vagy t\u00e1skakieg\u00e9sz\u00edt\u0151k\u00e9nt is haszn\u00e1lhat\u00f3\n* aj\u00e1nd\u00e9knak is kedves v\u00e1laszt\u00e1s","score":0,"formatted_price":"1 500 Ft","image_url":"https:\/\/www.meska.hu\/img\/product\/small\/e\/v\/evigurumi_product_750512_260818102617_010744.jpeg","formatted_url":"https:\/\/www.meska.hu\/p5850176-fonott-kulcstarto-natur-szinu","favourite":false,"in_stock":true,"avatar":"750512_avatar_1763067119.png","delete_from":0,"is_enhanced_background":false,"is_enhanced":false,"product_selection_started":false,"is_active":true,"image_webp_url":"https:\/\/www.meska.hu\/img\/product\/small\/e\/v\/evigurumi_product_750512_260818102617_010744.webp"},{"id":"6329262","shop_id":"8655","user_id":"42057","shop_name":"KisdioStudio","shop_zip":"1012","product_code":"5850083","product_name_old":null,"product_name":"okt. 17. Buda\u00f6rs - OV\u00c1LIS BEV\u00c1S\u00c1RL\u00d3 vagy GOMB\u00c1SZ KOS\u00c1R - kos\u00e1rfon\u00f3 workshop","category_string":"DIY (Csin\u00e1ld magad), Workshop & Tanfolyam","technic_string":"Fon\u00e1s (csuh\u00e9, gy\u00e9k\u00e9ny, stb.)","category_1":"402","category_2":"926","category_3":"0","category_4":"0","merged_category_1":null,"merged_category_2":null,"merged_category_3":null,"technic_1":"482","technic_2":"0","technic_3":"0","color_1":"514","color_2":"0","color_3":"0","product_description_old":null,"product_description":"A workshop id\u0151pontja: 2026.10.17.\n(10:00-17:00)\n\nHelysz\u00edn: Kamaraerd\u0151n egy k\u00f6z\u00f6ss\u00e9gi t\u00e9rben\n\nMir\u0151l sz\u00f3l ez a workshop?\n\nGyere, \u00e9s lazulj le n\u00e1lunk egy k\u00f6z\u00f6s alkot\u00f3s, cseveg\u0151s nappal! Autentikus fon\u00f3 hangulat \u00e9s sz\u00e9ps\u00e9ges, fonott t\u00e1rgyak garant\u00e1lva!\n\nAz eg\u00e9sz napos foglalkoz\u00e1s sor\u00e1n mindenki megfon p\u00e1colt fa alapra egy k\u00f6zepes m\u00e9ret\u0171, ov\u00e1lis gomb\u00e1sz (vagy piacra j\u00e1r\u00f3s) kosarat tradicion\u00e1lis csavart f\u00fcllel. \nA halad\u00f3k fonott aljat is k\u00e9sz\u00edthetnek \u00e9s \u00fajfajta berak\u00e1si m\u00f3dokkal is k\u00eds\u00e9rletezhetnek.\n\nA foglalkoz\u00e1son val\u00f3 r\u00e9szv\u00e9telhez semmif\u00e9le el\u0151k\u00e9pzetts\u00e9g nem sz\u00fcks\u00e9ges, a kos\u00e1r elk\u00e9sz\u00edt\u00e9s\u00e9nek minden l\u00e9p\u00e9s\u00e9n v\u00e9gigvezet\u00fcnk majd! \nCsak a lelkesed\u00e9sed hozd h\u00e1t!\n\nA kos\u00e1rhoz h\u00e9jas f\u0171zfavessz\u0151ket fogunk haszn\u00e1lni.\n\nA fon\u00e1shoz valamennyi sz\u00fcks\u00e9ges alapanyagot \u00e9s eszk\u00f6zt mi biztos\u00edtjuk sz\u00e1modra.\n\nA foglalkoz\u00e1s alatt te\u00e1val, k\u00e1v\u00e9val \u00e9s egy kis h\u00e1zi s\u00fctivel kedvesked\u00fcnk neked.\n\nMennyibe ker\u00fcl mindez?\n\nAz eg\u00e9sz napos workshop d\u00edja 27.000 Ft.\n(VIP tagoknak, akik m\u00e1r legal\u00e1bb 2 kor\u00e1bbi workshopunkon r\u00e9szt vettek, a d\u00edj 25.500 Ft)\n\nA foglakoz\u00e1s l\u00e9tsz\u00e1ma korl\u00e1tozott, a helyek felt\u00f6lt\u00e9se a jelentkez\u00e9sek be\u00e9rkez\u00e9s\u00e9nek sorrendj\u00e9ben t\u00f6rt\u00e9nik. \nA regisztr\u00e1ci\u00f3 azonban csak a tanfolyami d\u00edj befizet\u00e9s\u00e9vel v\u00e1lik v\u00e9glegess\u00e9.\n\nA foglalkoz\u00e1sra p\u00e9nz-visszafizet\u00e9si garanci\u00e1t v\u00e1llalunk!\n\nMit jelent ez? \n\nAzt, hogy a kurzus d\u00edj\u00e1t visszat\u00e9r\u00edtj\u00fck, amennyiben a nap v\u00e9g\u00e9n nem k\u00e9sz\u00fclne el a fonott t\u00e1rgyad!\n\nIzgatottan v\u00e1rjuk a tal\u00e1lkoz\u00e1st veletek!\n\na Kisdi\u00f3 Studi\u00f3 csapata\n\nBorka \u00e9s \u00c1kos\n\nA r\u00e9szv\u00e9tel 14 \u00e9ves kor alatt \u00e9s k\u00e9z \u00edz\u00fcleti probl\u00e9m\u00e1k eset\u00e9n nem aj\u00e1nlott.","price":"27000.00","unit":"db","recommended":"0","status":"1","sponsored":"0","exp_notify":"0","own_material":"0","own_material_description_old":null,"own_material_description":"","jury":"0","jury_number":"","product_nature":"","meskaracsony":"0","create_date":"2026-08-17 19:28:36","shelve_id":"67848","image":"kisdiostudio_product_42057_260603151959_3306100.jpeg","image_width":"480","image_height":"361","image_alt":"okt. 17. Buda\u00f6rs - OV\u00c1LIS BEV\u00c1S\u00c1RL\u00d3 vagy GOMB\u00c1SZ KOS\u00c1R - kos\u00e1rfon\u00f3 workshop, A workshop id\u0151pontja: 2026.10.17.\\n(10:00-17:00)\\n\\nHelysz\u00edn: Kamaraerd\u0151n egy k\u00f6z\u00f6ss\u00e9gi t\u00e9rben\\n\\nMir\u0151l s..., Meska","image_title":"okt. 17. Buda\u00f6rs - OV\u00c1LIS BEV\u00c1S\u00c1RL\u00d3 vagy GOMB\u00c1SZ KOS\u00c1R - kos\u00e1rfon\u00f3 workshop, Meska","view_count":"59","favourite_count":"0","trending_score":"0","last2MonthFavouriteCount":"0","promotion":"0","giftcard_accept":"1","creditcard_accept":false,"enhanced_background":"0","domain":"meska","specific_customer_id":null,"specific_customer_name":null,"to_order_product":"0","to_order_product_time":"0","product_different":null,"product_different_description":"","vintage":"0","vintage_category_id":"0","recycled":"0","gemstone_id":"0","customizable":"0","type_category":"physical","zerowaste":"0","postage_price":"0.00","shop_order":"0","has_category":"1","landing_pages":null,"microdata":{"number":34,"category":""},"title":"okt. 17. Buda\u00f6rs - OV\u00c1LIS BEV\u00c1S\u00c1RL\u00d3 vagy GOMB\u00c1SZ KOS\u00c1R - kos\u00e1rfon\u00f3 workshop","description":"A workshop id\u0151pontja: 2026.10.17.\n(10:00-17:00)\n\nHelysz\u00edn: Kamaraerd\u0151n egy k\u00f6z\u00f6ss\u00e9gi t\u00e9rben\n\nMir\u0151l sz\u00f3l ez a workshop?\n\nGyere, \u00e9s lazulj le n\u00e1lunk egy k\u00f6z\u00f6s alkot\u00f3s, cseveg\u0151s nappal! Autentikus fon\u00f3 hangulat \u00e9s sz\u00e9ps\u00e9ges, fonott t\u00e1rgyak garant\u00e1lva!\n\nAz eg\u00e9sz napos foglalkoz\u00e1s sor\u00e1n mindenki megfon p\u00e1colt fa alapra egy k\u00f6zepes m\u00e9ret\u0171, ov\u00e1lis gomb\u00e1sz (vagy piacra j\u00e1r\u00f3s) kosarat tradicion\u00e1lis csavart f\u00fcllel. \nA halad\u00f3k fonott aljat is k\u00e9sz\u00edthetnek \u00e9s \u00fajfajta berak\u00e1si m\u00f3dokkal is k\u00eds\u00e9rletezhetnek.\n\nA foglalkoz\u00e1son val\u00f3 r\u00e9szv\u00e9telhez semmif\u00e9le el\u0151k\u00e9pzetts\u00e9g nem sz\u00fcks\u00e9ges, a kos\u00e1r elk\u00e9sz\u00edt\u00e9s\u00e9nek minden l\u00e9p\u00e9s\u00e9n v\u00e9gigvezet\u00fcnk majd! \nCsak a lelkesed\u00e9sed hozd h\u00e1t!\n\nA kos\u00e1rhoz h\u00e9jas f\u0171zfavessz\u0151ket fogunk haszn\u00e1lni.\n\nA fon\u00e1shoz valamennyi sz\u00fcks\u00e9ges alapanyagot \u00e9s eszk\u00f6zt mi biztos\u00edtjuk sz\u00e1modra.\n\nA foglalkoz\u00e1s alatt te\u00e1val, k\u00e1v\u00e9val \u00e9s egy kis h\u00e1zi s\u00fctivel kedvesked\u00fcnk neked.\n\nMennyibe ker\u00fcl mindez?\n\nAz eg\u00e9sz napos workshop d\u00edja 27.000 Ft.\n(VIP tagoknak, akik m\u00e1r legal\u00e1bb 2 kor\u00e1bbi workshopunkon r\u00e9szt vettek, a d\u00edj 25.500 Ft)\n\nA foglakoz\u00e1s l\u00e9tsz\u00e1ma korl\u00e1tozott, a helyek felt\u00f6lt\u00e9se a jelentkez\u00e9sek be\u00e9rkez\u00e9s\u00e9nek sorrendj\u00e9ben t\u00f6rt\u00e9nik. \nA regisztr\u00e1ci\u00f3 azonban csak a tanfolyami d\u00edj befizet\u00e9s\u00e9vel v\u00e1lik v\u00e9glegess\u00e9.\n\nA foglalkoz\u00e1sra p\u00e9nz-visszafizet\u00e9si garanci\u00e1t v\u00e1llalunk!\n\nMit jelent ez? \n\nAzt, hogy a kurzus d\u00edj\u00e1t visszat\u00e9r\u00edtj\u00fck, amennyiben a nap v\u00e9g\u00e9n nem k\u00e9sz\u00fclne el a fonott t\u00e1rgyad!\n\nIzgatottan v\u00e1rjuk a tal\u00e1lkoz\u00e1st veletek!\n\na Kisdi\u00f3 Studi\u00f3 csapata\n\nBorka \u00e9s \u00c1kos\n\nA r\u00e9szv\u00e9tel 14 \u00e9ves kor alatt \u00e9s k\u00e9z \u00edz\u00fcleti probl\u00e9m\u00e1k eset\u00e9n nem aj\u00e1nlott.","score":0,"formatted_price":"27 000 Ft","image_url":"https:\/\/www.meska.hu\/img\/product\/small\/k\/i\/kisdiostudio_product_42057_260603151959_3306100.jpeg","formatted_url":"https:\/\/www.meska.hu\/p5850083-okt-17-budaors-ovalis-bevasarlo-vagy-gombasz-kosar-kosarfono-workshop","favourite":false,"in_stock":true,"avatar":"KisdioStudio_avatar_42057_1649420514.jpg","delete_from":0,"is_enhanced_background":false,"is_enhanced":false,"product_selection_started":false,"is_active":true,"image_webp_url":"https:\/\/www.meska.hu\/img\/product\/small\/k\/i\/kisdiostudio_product_42057_260603151959_3306100.webp"},{"id":"6268871","shop_id":"21908","user_id":"233768","shop_name":"tamasszabina0708","shop_zip":"8991","product_code":"5814264","product_name_old":null,"product_name":"K\u00e9zzel k\u00e9sz\u00edtett csuh\u00e9bab\u00e1k levendula dekor\u00e1ci\u00f3val","category_string":"Otthon & \u00c9letm\u00f3d, Dekor\u00e1ci\u00f3, D\u00edszt\u00e1rgy","technic_string":"Fon\u00e1s (csuh\u00e9, gy\u00e9k\u00e9ny, stb.)","category_1":"813","category_2":"314","category_3":"316","category_4":"0","merged_category_1":null,"merged_category_2":null,"merged_category_3":null,"technic_1":"482","technic_2":"0","technic_3":"0","color_1":"514","color_2":"515","color_3":"522","product_description_old":null,"product_description":"Keresed a t\u00f6k\u00e9letes ny\u00e1ri, vid\u00e9ki hangulat\u00fa dekor\u00e1ci\u00f3t az otthonodba, vagy egy igaz\u00e1n egyedi aj\u00e1nd\u00e9kot? \ud83e\udd70\n\u200bElad\u00f3 ez a k\u00e9zm\u0171ves csuh\u00e9baba dekor\u00e1ci\u00f3. Nagyon r\u00e9szletgazdag, ig\u00e9nyes munka: lila \u00e9s s\u00e1rga vir\u00e1gokkal d\u00edsz\u00edtve, az egyik kisl\u00e1ny pedig egy t\u00fcnd\u00e9ri szalmakalapk\u00e1t hord. B\u00e1rmelyik polc, kom\u00f3d vagy ny\u00e1ri asztal k\u00fcl\u00f6nleges d\u00edsze lehet.","price":"1400.00","unit":"db","recommended":"0","status":"1","sponsored":"0","exp_notify":"0","own_material":"0","own_material_description_old":null,"own_material_description":"","jury":"0","jury_number":"","product_nature":"","meskaracsony":"0","create_date":"2026-08-17 16:47:10","shelve_id":"0","image":"tamasszabina0708_product_233768_260702090037_409775.jpeg","image_width":"480","image_height":"640","image_alt":"K\u00e9zzel k\u00e9sz\u00edtett csuh\u00e9bab\u00e1k levendula dekor\u00e1ci\u00f3val, Keresed a t\u00f6k\u00e9letes ny\u00e1ri, vid\u00e9ki hangulat\u00fa dekor\u00e1ci\u00f3t az otthonodba, vagy egy igaz\u00e1n egyedi aj\u00e1nd\u00e9k..., Meska","image_title":"K\u00e9zzel k\u00e9sz\u00edtett csuh\u00e9bab\u00e1k levendula dekor\u00e1ci\u00f3val, Meska","view_count":"168","favourite_count":"1","trending_score":"0","last2MonthFavouriteCount":"14","promotion":"210","giftcard_accept":"1","creditcard_accept":true,"enhanced_background":"0","domain":"meska","specific_customer_id":null,"specific_customer_name":null,"to_order_product":"0","to_order_product_time":"0","product_different":null,"product_different_description":"","vintage":"0","vintage_category_id":"0","recycled":"1","gemstone_id":"0","customizable":"0","type_category":"physical","zerowaste":"1","postage_price":"2599.00","shop_order":"0","has_category":"1","landing_pages":null,"microdata":{"number":35,"category":""},"title":"K\u00e9zzel k\u00e9sz\u00edtett csuh\u00e9bab\u00e1k levendula dekor\u00e1ci\u00f3val","description":"Keresed a t\u00f6k\u00e9letes ny\u00e1ri, vid\u00e9ki hangulat\u00fa dekor\u00e1ci\u00f3t az otthonodba, vagy egy igaz\u00e1n egyedi aj\u00e1nd\u00e9kot? \ud83e\udd70\n\u200bElad\u00f3 ez a k\u00e9zm\u0171ves csuh\u00e9baba dekor\u00e1ci\u00f3. Nagyon r\u00e9szletgazdag, ig\u00e9nyes munka: lila \u00e9s s\u00e1rga vir\u00e1gokkal d\u00edsz\u00edtve, az egyik kisl\u00e1ny pedig egy t\u00fcnd\u00e9ri szalmakalapk\u00e1t hord. B\u00e1rmelyik polc, kom\u00f3d vagy ny\u00e1ri asztal k\u00fcl\u00f6nleges d\u00edsze lehet.","score":0,"formatted_price":"1 400 Ft","image_url":"https:\/\/www.meska.hu\/img\/product\/small\/t\/a\/tamasszabina0708_product_233768_260702090037_409775.jpeg","formatted_url":"https:\/\/www.meska.hu\/p5814264-kezzel-keszitett-csuhebabak-levendula-dekoracioval","favourite":false,"in_stock":true,"avatar":"tamasszabina0708_avatar_233768_1583254057.jpg","delete_from":0,"is_enhanced_background":false,"is_enhanced":false,"product_selection_started":false,"original_price":"1 400 Ft","promotion_percentage":"-20%","promoted_price":"1 120 Ft","promoted_price_sup":"20","ribbon":"https:\/\/www.meska.hu\/img\/promotionbanners\/GQTXZHEC0\/product_ribbon_20_1785231767.svg","is_active":true,"image_webp_url":"https:\/\/www.meska.hu\/img\/product\/small\/t\/a\/tamasszabina0708_product_233768_260702090037_409775.webp"},{"id":"5936189","shop_id":"8655","user_id":"42057","shop_name":"KisdioStudio","shop_zip":"1012","product_code":"5629566","product_name_old":null,"product_name":"AJ\u00c1ND\u00c9KK\u00c1RTYA egy tetsz\u0151leges kezd\u0151 workshopra - kos\u00e1rfon\u00f3 workshop","category_string":"DIY (Csin\u00e1ld magad), Workshop & Tanfolyam","technic_string":"Fon\u00e1s (csuh\u00e9, gy\u00e9k\u00e9ny, stb.)","category_1":"402","category_2":"926","category_3":"0","category_4":"0","merged_category_1":null,"merged_category_2":null,"merged_category_3":null,"technic_1":"482","technic_2":"0","technic_3":"0","color_1":"514","color_2":"0","color_3":"0","product_description_old":null,"product_description":"Sz\u00e1mtalan olyan alkalom van egy \u00e9vben, mikor az ember tan\u00e1cstalan; mit is adjon aj\u00e1nd\u00e9kba szeretteinek, bar\u00e1tainak. A kar\u00e1csony, a sz\u00fclet\u00e9snap t\u00f6bbsz\u00f6r\u00f6sen is ilyen alkalom. Ha m\u00e1r ell\u0151tted a parf\u00fcm\u00f6s \u00e9s massz\u00e1zs kuponos \u00f6tleteket, mi lenne, ha id\u00e9n kicsit elszakadn\u00e1l a megszokott\u00f3l \u00e9s olyan \u00e9lm\u00e9nyt aj\u00e1nd\u00e9kozn\u00e1l, ami t\u00e9nyleg k\u00fcl\u00f6nleges \u00e9s eml\u00e9kezetes?\n\nMi\u00e9rt frapp\u00e1ns aj\u00e1nd\u00e9k a kos\u00e1rfon\u00f3 workshop?\n\nMert olyan \u00e9lm\u00e9nyt adsz, amit maradand\u00f3, hiszen az elk\u00e9sz\u00fclt, sz\u00e9ps\u00e9ges kosara mindig eml\u00e9keztetni fogja az alkot\u00e1ssal t\u00f6lt\u00f6tt napra.\nA szeretted \u201e\u00e9nid\u0151t\u201d kap aj\u00e1nd\u00e9kba, amikor h\u00e1tra hagyhatja minden \u00fcgyes-bajos dolg\u00e1t, \u00e9s szabadon belefeledkezhet az alkot\u00e1sba.\nLehet\u0151s\u00e9get adsz a sz\u00e1m\u00e1ra, hogy valami \u00fajba k\u00f3stoljon bele, ezzel kicsit kimozduljon a komfortz\u00f3n\u00e1j\u00e1b\u00f3l.\nHa te is sz\u00edvesen kipr\u00f3b\u00e1ln\u00e1d a kos\u00e1rfon\u00e1st, \u00f6sszek\u00f6theted a kellemest a hasznossal \u00e9s v\u00e1s\u00e1rolhatsz magatoknak k\u00e9t kupont, \u00edgy el\u0151re bebiztos\u00edtva egy szuper, k\u00f6z\u00f6s napot!\n\nKos\u00e1rfon\u00f3 workshopjainkra 100% p\u00e9nz-visszafizet\u00e9si garanci\u00e1t v\u00e1llalunk! Mit takar ez?\n\nA workshop teljes \u00f6sszeg\u00e9t visszakapja az, aki egy foglalkoz\u00e1sunk v\u00e9g\u00e9n nem a meghirdetett tematik\u00e1ban szerepl\u0151, saj\u00e1t k\u00e9zzel k\u00e9sz\u00fclt, fonott t\u00e1rggyal t\u00e1vozik.\n\nMi a k\u00f6vetkez\u0151 l\u00e9p\u00e9s? Mire figyeljek?\n\nBankk\u00e1rty\u00e1s fizet\u00e9st vagy utal\u00e1st k\u00f6vet\u0151en h\u00e1rom munkanapon bel\u00fcl megkapod a nyomtathat\u00f3, digit\u00e1lis aj\u00e1nd\u00e9kk\u00e1rty\u00e1t, melyen az \u00e1ltalad megadott \u00e9rv\u00e9nyess\u00e9get felt\u00fcntetj\u00fck.\nA megaj\u00e1nd\u00e9kozott a megv\u00e1s\u00e1rolt aj\u00e1nd\u00e9kk\u00e1rtya az \u00e1ltalad megjel\u00f6lt id\u0151pontt\u00f3l, azaz a tervezett \u00e1tad\u00e1st\u00f3l sz\u00e1m\u00edtott 6 h\u00f3napig haszn\u00e1lhatja fel a Kisdi\u00f3 St\u00fadi\u00f3 b\u00e1rmely meghirdetett foglalkoz\u00e1s\u00e1n (kiv\u00e9ve a halad\u00f3knak szervezett\/fel\u00e1ras foglalkoz\u00e1sokat).\nA tervezett \u00e1tad\u00e1s legfeljebb 30 nap lehet.\n\nNyomtat\u00e1st k\u00f6vet\u0151en a k\u00e1rty\u00e1t azzal tudod szem\u00e9lyesebb\u00e9 tenni, hogy k\u00e9zzel \u00edrod r\u00e1 az aj\u00e1nd\u00e9kozottnak sz\u00f3l\u00f3 sz\u00f6veget. Teh\u00e1t a megaj\u00e1nd\u00e9kozott nev\u00e9t nem kell most megadnod.\nAz aj\u00e1nd\u00e9kk\u00e1rtya a rajta felt\u00fcntetett \u00fczenett\u0151l f\u00fcggetlen\u00fcl b\u00e1rki sz\u00e1m\u00e1ra \u00e1truh\u00e1zhat\u00f3, de rem\u00e9lj\u00fck erre nem fog sor ker\u00fclni.\n\nPontosabban mit is adok?\n\nA k\u00f6vetkez\u0151 h\u00f3napokban v\u00e1rhat\u00f3 tematik\u00e1kr\u00f3l \u00e9s azok gyakoris\u00e1g\u00e1r\u00f3l az elm\u00falt 2-3 h\u00f3nap meghirdetett workshopjai adhatnak k\u00f6r\u00fclbel\u00fcli k\u00e9pet, melyek mindegyike sikeresen z\u00e1rult. St\u00fadi\u00f3nk jellemz\u0151en 1.5-2 h\u00f3napn\u00e1l hamarabb nem \u00edr ki konkr\u00e9t esem\u00e9nyeket, mivel fontosnak tartja a folyamatosan v\u00e1ltoz\u00f3 ig\u00e9nyeket rugalmasan kiszolg\u00e1lni, a friss tapasztalatokat be\u00e9p\u00edteni \u00e9s \u00fajabb tematik\u00e1kat megval\u00f3s\u00edtani.\n\nA bev\u00e1lt\u00e1s m\u00f3dja, felt\u00e9telei:\n\nA megaj\u00e1nd\u00e9kozott a megv\u00e1s\u00e1rolt aj\u00e1nd\u00e9kk\u00e1rty\u00e1t a k\u00e1rty\u00e1n megjel\u00f6lt id\u0151pontt\u00f3l 6 h\u00f3napig haszn\u00e1lhatja fel a Kisdi\u00f3 St\u00fadi\u00f3 b\u00e1rmely meghirdetett foglalkoz\u00e1s\u00e1n.\nAz \u00e9rv\u00e9nyes\u00edt\u00e9shez nem kell a Mesk\u00e1n bejelentkezni, elegend\u0151 egy \u00fczenetben jelezni a r\u00e9szv\u00e9teli sz\u00e1nd\u00e9kot. \n\nAz aj\u00e1nd\u00e9kk\u00e1rty\u00e1val tanfolyamainkra t\u00f6rt\u00e9n\u0151 jelentkez\u00e9s egyben a tanfolyam d\u00edj\u00e1nak azonnali megfizet\u00e9s\u00e9vel egyen\u00e9rt\u00e9k\u0171.","price":"27000.00","unit":"db","recommended":"0","status":"1","sponsored":"0","exp_notify":"0","own_material":"0","own_material_description_old":null,"own_material_description":"","jury":"0","jury_number":"","product_nature":"","meskaracsony":"0","create_date":"2026-08-17 11:17:14","shelve_id":"67848","image":"kisdiostudio_product_42057_251010151805_5535.jpeg","image_width":"480","image_height":"351","image_alt":"AJ\u00c1ND\u00c9KK\u00c1RTYA egy tetsz\u0151leges kezd\u0151 workshopra - kos\u00e1rfon\u00f3 workshop, Sz\u00e1mtalan olyan alkalom van egy \u00e9vben, mikor az ember tan\u00e1cstalan; mit is adjon aj\u00e1nd\u00e9kba szerettein..., Meska","image_title":"AJ\u00c1ND\u00c9KK\u00c1RTYA egy tetsz\u0151leges kezd\u0151 workshopra - kos\u00e1rfon\u00f3 workshop, Meska","view_count":"1038","favourite_count":"0","trending_score":"0","last2MonthFavouriteCount":"0","promotion":"0","giftcard_accept":"1","creditcard_accept":false,"enhanced_background":"0","domain":"meska","specific_customer_id":null,"specific_customer_name":null,"to_order_product":"0","to_order_product_time":"0","product_different":null,"product_different_description":"","vintage":"0","vintage_category_id":"0","recycled":"0","gemstone_id":"0","customizable":"0","type_category":"physical","zerowaste":"1","postage_price":"0.00","shop_order":"0","has_category":"1","landing_pages":null,"microdata":{"number":36,"category":""},"title":"AJ\u00c1ND\u00c9KK\u00c1RTYA egy tetsz\u0151leges kezd\u0151 workshopra - kos\u00e1rfon\u00f3 workshop","description":"Sz\u00e1mtalan olyan alkalom van egy \u00e9vben, mikor az ember tan\u00e1cstalan; mit is adjon aj\u00e1nd\u00e9kba szeretteinek, bar\u00e1tainak. A kar\u00e1csony, a sz\u00fclet\u00e9snap t\u00f6bbsz\u00f6r\u00f6sen is ilyen alkalom. Ha m\u00e1r ell\u0151tted a parf\u00fcm\u00f6s \u00e9s massz\u00e1zs kuponos \u00f6tleteket, mi lenne, ha id\u00e9n kicsit elszakadn\u00e1l a megszokott\u00f3l \u00e9s olyan \u00e9lm\u00e9nyt aj\u00e1nd\u00e9kozn\u00e1l, ami t\u00e9nyleg k\u00fcl\u00f6nleges \u00e9s eml\u00e9kezetes?\n\nMi\u00e9rt frapp\u00e1ns aj\u00e1nd\u00e9k a kos\u00e1rfon\u00f3 workshop?\n\nMert olyan \u00e9lm\u00e9nyt adsz, amit maradand\u00f3, hiszen az elk\u00e9sz\u00fclt, sz\u00e9ps\u00e9ges kosara mindig eml\u00e9keztetni fogja az alkot\u00e1ssal t\u00f6lt\u00f6tt napra.\nA szeretted \u201e\u00e9nid\u0151t\u201d kap aj\u00e1nd\u00e9kba, amikor h\u00e1tra hagyhatja minden \u00fcgyes-bajos dolg\u00e1t, \u00e9s szabadon belefeledkezhet az alkot\u00e1sba.\nLehet\u0151s\u00e9get adsz a sz\u00e1m\u00e1ra, hogy valami \u00fajba k\u00f3stoljon bele, ezzel kicsit kimozduljon a komfortz\u00f3n\u00e1j\u00e1b\u00f3l.\nHa te is sz\u00edvesen kipr\u00f3b\u00e1ln\u00e1d a kos\u00e1rfon\u00e1st, \u00f6sszek\u00f6theted a kellemest a hasznossal \u00e9s v\u00e1s\u00e1rolhatsz magatoknak k\u00e9t kupont, \u00edgy el\u0151re bebiztos\u00edtva egy szuper, k\u00f6z\u00f6s napot!\n\nKos\u00e1rfon\u00f3 workshopjainkra 100% p\u00e9nz-visszafizet\u00e9si garanci\u00e1t v\u00e1llalunk! Mit takar ez?\n\nA workshop teljes \u00f6sszeg\u00e9t visszakapja az, aki egy foglalkoz\u00e1sunk v\u00e9g\u00e9n nem a meghirdetett tematik\u00e1ban szerepl\u0151, saj\u00e1t k\u00e9zzel k\u00e9sz\u00fclt, fonott t\u00e1rggyal t\u00e1vozik.\n\nMi a k\u00f6vetkez\u0151 l\u00e9p\u00e9s? Mire figyeljek?\n\nBankk\u00e1rty\u00e1s fizet\u00e9st vagy utal\u00e1st k\u00f6vet\u0151en h\u00e1rom munkanapon bel\u00fcl megkapod a nyomtathat\u00f3, digit\u00e1lis aj\u00e1nd\u00e9kk\u00e1rty\u00e1t, melyen az \u00e1ltalad megadott \u00e9rv\u00e9nyess\u00e9get felt\u00fcntetj\u00fck.\nA megaj\u00e1nd\u00e9kozott a megv\u00e1s\u00e1rolt aj\u00e1nd\u00e9kk\u00e1rtya az \u00e1ltalad megjel\u00f6lt id\u0151pontt\u00f3l, azaz a tervezett \u00e1tad\u00e1st\u00f3l sz\u00e1m\u00edtott 6 h\u00f3napig haszn\u00e1lhatja fel a Kisdi\u00f3 St\u00fadi\u00f3 b\u00e1rmely meghirdetett foglalkoz\u00e1s\u00e1n (kiv\u00e9ve a halad\u00f3knak szervezett\/fel\u00e1ras foglalkoz\u00e1sokat).\nA tervezett \u00e1tad\u00e1s legfeljebb 30 nap lehet.\n\nNyomtat\u00e1st k\u00f6vet\u0151en a k\u00e1rty\u00e1t azzal tudod szem\u00e9lyesebb\u00e9 tenni, hogy k\u00e9zzel \u00edrod r\u00e1 az aj\u00e1nd\u00e9kozottnak sz\u00f3l\u00f3 sz\u00f6veget. Teh\u00e1t a megaj\u00e1nd\u00e9kozott nev\u00e9t nem kell most megadnod.\nAz aj\u00e1nd\u00e9kk\u00e1rtya a rajta felt\u00fcntetett \u00fczenett\u0151l f\u00fcggetlen\u00fcl b\u00e1rki sz\u00e1m\u00e1ra \u00e1truh\u00e1zhat\u00f3, de rem\u00e9lj\u00fck erre nem fog sor ker\u00fclni.\n\nPontosabban mit is adok?\n\nA k\u00f6vetkez\u0151 h\u00f3napokban v\u00e1rhat\u00f3 tematik\u00e1kr\u00f3l \u00e9s azok gyakoris\u00e1g\u00e1r\u00f3l az elm\u00falt 2-3 h\u00f3nap meghirdetett workshopjai adhatnak k\u00f6r\u00fclbel\u00fcli k\u00e9pet, melyek mindegyike sikeresen z\u00e1rult. St\u00fadi\u00f3nk jellemz\u0151en 1.5-2 h\u00f3napn\u00e1l hamarabb nem \u00edr ki konkr\u00e9t esem\u00e9nyeket, mivel fontosnak tartja a folyamatosan v\u00e1ltoz\u00f3 ig\u00e9nyeket rugalmasan kiszolg\u00e1lni, a friss tapasztalatokat be\u00e9p\u00edteni \u00e9s \u00fajabb tematik\u00e1kat megval\u00f3s\u00edtani.\n\nA bev\u00e1lt\u00e1s m\u00f3dja, felt\u00e9telei:\n\nA megaj\u00e1nd\u00e9kozott a megv\u00e1s\u00e1rolt aj\u00e1nd\u00e9kk\u00e1rty\u00e1t a k\u00e1rty\u00e1n megjel\u00f6lt id\u0151pontt\u00f3l 6 h\u00f3napig haszn\u00e1lhatja fel a Kisdi\u00f3 St\u00fadi\u00f3 b\u00e1rmely meghirdetett foglalkoz\u00e1s\u00e1n.\nAz \u00e9rv\u00e9nyes\u00edt\u00e9shez nem kell a Mesk\u00e1n bejelentkezni, elegend\u0151 egy \u00fczenetben jelezni a r\u00e9szv\u00e9teli sz\u00e1nd\u00e9kot. \n\nAz aj\u00e1nd\u00e9kk\u00e1rty\u00e1val tanfolyamainkra t\u00f6rt\u00e9n\u0151 jelentkez\u00e9s egyben a tanfolyam d\u00edj\u00e1nak azonnali megfizet\u00e9s\u00e9vel egyen\u00e9rt\u00e9k\u0171.","score":0,"formatted_price":"27 000 Ft","image_url":"https:\/\/www.meska.hu\/img\/product\/small\/k\/i\/kisdiostudio_product_42057_251010151805_5535.jpeg","formatted_url":"https:\/\/www.meska.hu\/p5629566-ajandekkartya-a-kisdio-studio-egy-tetszoleges-workshopjara","favourite":false,"in_stock":true,"avatar":"KisdioStudio_avatar_42057_1649420514.jpg","delete_from":0,"is_enhanced_background":false,"is_enhanced":false,"product_selection_started":false,"is_active":true,"image_webp_url":"https:\/\/www.meska.hu\/img\/product\/small\/k\/i\/kisdiostudio_product_42057_251010151805_5535.webp"},{"id":"6265639","shop_id":"51798","user_id":"770850","shop_name":"Irinaasztronauta","shop_zip":"2337","product_code":"5812692","product_name_old":null,"product_name":"\"Galaxis \u00fatikalauz\" epoxigyanta kulcstart\u00f3 vagy med\u00e1l monogrammal","category_string":"T\u00e1ska & Tok, Kulcstart\u00f3 & T\u00e1skad\u00edsz, Kulcstart\u00f3","technic_string":"\u00c9kszerk\u00e9sz\u00edt\u00e9s, Fon\u00e1s (csuh\u00e9, gy\u00e9k\u00e9ny, stb.)","category_1":"464","category_2":"390","category_3":"1037","category_4":"0","merged_category_1":null,"merged_category_2":null,"merged_category_3":null,"technic_1":"477","technic_2":"482","technic_3":"0","color_1":"513","color_2":"521","color_3":"525","product_description_old":null,"product_description":"Ez az egyedi, k\u00e9zzel k\u00e9sz\u00fclt kulcstart\u00f3 az Irina Asztronauta univerzum r\u00e9sze. Rendel\u00e9sre k\u00e9sz\u00fcl - v\u00e1laszthat\u00f3 sz\u00ednekkel, monogrammal, k\u00e9r\u00e9sre babahajjal vagy m\u00e1s eml\u00e9kkel. kulcstart\u00f3 fel\u00fclet\u00e9n k\u00fcl\u00f6nb\u00f6z\u0151 \u00e1rnyalatok tal\u00e1lkoznak ez\u00fcst pigmentekkel. \nIrina Asztronauta az\u00e9rt sz\u00fcletett meg, mert l\u00e9legeztet\u0151g\u00e9ppel \u00e9lek \u2013 sz\u00e1momra az asztronauta az a l\u00e9ny, aki \u00edgy is szabadon bej\u00e1rhatja a vil\u00e1g\u0171r minden szeglet\u00e9t, hat\u00e1rok n\u00e9lk\u00fcl. Ez a szett ennek a bels\u0151 utaz\u00e1snak a hordhat\u00f3 form\u00e1ja.\nMinden darab egyedi, a mint\u00e1zat nem reproduk\u00e1lhat\u00f3 \u2013 ak\u00e1rcsak egy val\u00f3di csillagk\u00f6zi jelens\u00e9g.\n\n\ud83d\udd39 Forma: t\u00e9glalap vagy n\u00e9gyzet alak\u00fa med\u00e1l (hossza kb. 4-5 cm)\n\ud83d\udd39 Technika: k\u00e9zzel k\u00e9sz\u00fclt epoxigyanta\n\ud83d\udd39 Ez\u00fcst vagy arany l\u00e1nccal \u00e9s karabierrel\n\ud83d\udd39 Egyedi, megism\u00e9telhetetlen darab\n\ud83d\udd39 Az Irina Asztronauta vizu\u00e1lis vil\u00e1g r\u00e9sze\n\nK\u00fcl\u00f6nleges v\u00e1laszt\u00e1s azoknak, akik szeretik a t\u00f6rt\u00e9nettel b\u00edr\u00f3, m\u0171v\u00e9szi \u00e9kszereket, \u00e9s sz\u00edvesen viselnek egy darabot a saj\u00e1t univerzumukb\u00f3l.","price":"2900.00","unit":"db","recommended":"0","status":"1","sponsored":"0","exp_notify":"0","own_material":"0","own_material_description_old":null,"own_material_description":"","jury":"0","jury_number":"","product_nature":"","meskaracsony":"0","create_date":"2026-08-16 15:36:10","shelve_id":"84054","image":"irinaasztronauta_product_770850_260627184454_32866.jpeg","image_width":"480","image_height":"640","image_alt":"\\\"Galaxis \u00fatikalauz\\\" epoxigyanta kulcstart\u00f3 vagy med\u00e1l monogrammal, Ez az egyedi, k\u00e9zzel k\u00e9sz\u00fclt kulcstart\u00f3 az Irina Asztronauta univerzum r\u00e9sze. Rendel\u00e9sre k\u00e9sz\u00fcl - v\u00e1..., Meska","image_title":"\\\"Galaxis \u00fatikalauz\\\" epoxigyanta kulcstart\u00f3 vagy med\u00e1l monogrammal, Meska","view_count":"155","favourite_count":"0","trending_score":"0","last2MonthFavouriteCount":"0","promotion":"0","giftcard_accept":"0","creditcard_accept":true,"enhanced_background":"0","domain":"meska","specific_customer_id":null,"specific_customer_name":null,"to_order_product":"1","to_order_product_time":"14","product_different":null,"product_different_description":"","vintage":"0","vintage_category_id":"0","recycled":"0","gemstone_id":"0","customizable":"1","type_category":"physical","zerowaste":"0","postage_price":"1290.00","shop_order":"0","has_category":"1","landing_pages":null,"microdata":{"number":37,"category":""},"title":"\"Galaxis \u00fatikalauz\" epoxigyanta kulcstart\u00f3 vagy med\u00e1l monogrammal","description":"Ez az egyedi, k\u00e9zzel k\u00e9sz\u00fclt kulcstart\u00f3 az Irina Asztronauta univerzum r\u00e9sze. Rendel\u00e9sre k\u00e9sz\u00fcl - v\u00e1laszthat\u00f3 sz\u00ednekkel, monogrammal, k\u00e9r\u00e9sre babahajjal vagy m\u00e1s eml\u00e9kkel. kulcstart\u00f3 fel\u00fclet\u00e9n k\u00fcl\u00f6nb\u00f6z\u0151 \u00e1rnyalatok tal\u00e1lkoznak ez\u00fcst pigmentekkel. \nIrina Asztronauta az\u00e9rt sz\u00fcletett meg, mert l\u00e9legeztet\u0151g\u00e9ppel \u00e9lek \u2013 sz\u00e1momra az asztronauta az a l\u00e9ny, aki \u00edgy is szabadon bej\u00e1rhatja a vil\u00e1g\u0171r minden szeglet\u00e9t, hat\u00e1rok n\u00e9lk\u00fcl. Ez a szett ennek a bels\u0151 utaz\u00e1snak a hordhat\u00f3 form\u00e1ja.\nMinden darab egyedi, a mint\u00e1zat nem reproduk\u00e1lhat\u00f3 \u2013 ak\u00e1rcsak egy val\u00f3di csillagk\u00f6zi jelens\u00e9g.\n\n\ud83d\udd39 Forma: t\u00e9glalap vagy n\u00e9gyzet alak\u00fa med\u00e1l (hossza kb. 4-5 cm)\n\ud83d\udd39 Technika: k\u00e9zzel k\u00e9sz\u00fclt epoxigyanta\n\ud83d\udd39 Ez\u00fcst vagy arany l\u00e1nccal \u00e9s karabierrel\n\ud83d\udd39 Egyedi, megism\u00e9telhetetlen darab\n\ud83d\udd39 Az Irina Asztronauta vizu\u00e1lis vil\u00e1g r\u00e9sze\n\nK\u00fcl\u00f6nleges v\u00e1laszt\u00e1s azoknak, akik szeretik a t\u00f6rt\u00e9nettel b\u00edr\u00f3, m\u0171v\u00e9szi \u00e9kszereket, \u00e9s sz\u00edvesen viselnek egy darabot a saj\u00e1t univerzumukb\u00f3l.","score":0,"formatted_price":"2 900 Ft","image_url":"https:\/\/www.meska.hu\/img\/product\/small\/i\/r\/irinaasztronauta_product_770850_260627184454_32866.jpeg","formatted_url":"https:\/\/www.meska.hu\/p5812692-galaxis-utikalauz-epoxigyanta-kulcstarto-monogrammal","favourite":false,"in_stock":false,"avatar":"770850_avatar_1770558993.jpeg","delete_from":0,"is_enhanced_background":false,"is_enhanced":false,"product_selection_started":false,"is_active":true,"image_webp_url":"https:\/\/www.meska.hu\/img\/product\/small\/i\/r\/irinaasztronauta_product_770850_260627184454_32866.webp"},{"id":"6186503","shop_id":"21908","user_id":"233768","shop_name":"tamasszabina0708","shop_zip":"8991","product_code":"5773827","product_name_old":null,"product_name":"Levendul\u00e1s Fonott Textilkoszor\u00fa \u2013 \"\u00c9des Otthon\" Felirattal","category_string":"Otthon & \u00c9letm\u00f3d, Dekor\u00e1ci\u00f3, Ajt\u00f3- \u00e9s ablak dekor\u00e1ci\u00f3, Ajt\u00f3d\u00edsz & Kopogtat\u00f3","technic_string":"Varr\u00e1s, Fon\u00e1s (csuh\u00e9, gy\u00e9k\u00e9ny, stb.)","category_1":"813","category_2":"314","category_3":"1468","category_4":"790","merged_category_1":null,"merged_category_2":null,"merged_category_3":null,"technic_1":"506","technic_2":"482","technic_3":"0","color_1":"519","color_2":"520","color_3":"522","product_description_old":null,"product_description":"Var\u00e1zsolj vid\u00e9ki hangulatot az ajt\u00f3dra vagy a lak\u00e1sodba ezzel az egyedi, k\u00e9zzel k\u00e9sz\u00fclt fonott textilkoszor\u00faval! A lila, fekete \u00e9s feh\u00e9r mint\u00e1s anyag eleganci\u00e1t, a levendula\u00e1gak \u00e9s a nat\u00far zs\u00e1kv\u00e1szon masni pedig term\u00e9szetes, rusztikus b\u00e1jt k\u00f6lcs\u00f6n\u00f6z a dekor\u00e1ci\u00f3nak.\n\u200bA koszor\u00fa k\u00f6zponti eleme egy f\u00e1b\u00f3l k\u00e9sz\u00fclt \"\u00c9des Otthon\" felirat, amely minden haza\u00e9rkez\u00e9skor melegs\u00e9ggel t\u00f6lti el a sz\u00edveket.\n\u200b\nMi\u00e9rt v\u00e1laszd ezt a dekor\u00e1ci\u00f3t?\n\n\u200bEgyedi k\u00e9zm\u0171ves munka: Nem t\u00f6megterm\u00e9k, minden darab odafigyel\u00e9ssel k\u00e9sz\u00fcl.\n\n\u200bId\u0151tlen st\u00edlus: A levendul\u00e1s-rusztikus vonal sosem megy ki a divatb\u00f3l.\n\u200b\nSokoldal\u00fa: T\u00f6k\u00e9letes kopogtat\u00f3k\u00e9nt a bej\u00e1rati ajt\u00f3ra, de a nappali fal\u00e1n vagy egy polcon is csod\u00e1san mutat.\n\u200b\nAj\u00e1nd\u00e9knak is kiv\u00e1l\u00f3: Ide\u00e1lis v\u00e1laszt\u00e1s lak\u00e1savat\u00f3ra, any\u00e1k napj\u00e1ra vagy sz\u00fclet\u00e9snapra.\n\u200bTerm\u00e9kadatok:\n\u200b\nAlap: Puha, fonott textil (pamutv\u00e1szon jelleg\u0171 anyag).\n\u200b\nD\u00edsz\u00edt\u00e9s: M\u0171levendula \u00e1gak (tart\u00f3s, nem hullik), nagym\u00e9ret\u0171 zs\u00e1kv\u00e1szon masni.\n\u200b\nFelirat: Nat\u00far fa t\u00e1bla, l\u00e9zer v\u00e1gott 3D hat\u00e1s\u00fa sz\u00f6veggel.\n\n\u200bM\u00e9rete: 25 cm \n\u200b\nTiszt\u00edt\u00e1s: Sz\u00e1raz port\u00f6rl\u0151vel javasolt","price":"3500.00","unit":"db","recommended":"0","status":"1","sponsored":"0","exp_notify":"0","own_material":"0","own_material_description_old":null,"own_material_description":"","jury":"0","jury_number":"","product_nature":"","meskaracsony":"0","create_date":"2026-08-15 11:32:21","shelve_id":"0","image":"tamasszabina0708_product_233768_260417064911_502377.jpeg","image_width":"480","image_height":"360","image_alt":"Levendul\u00e1s Fonott Textilkoszor\u00fa \u2013 \\\"\u00c9des Otthon\\\" Felirattal, Var\u00e1zsolj vid\u00e9ki hangulatot az ajt\u00f3dra vagy a lak\u00e1sodba ezzel az egyedi, k\u00e9zzel k\u00e9sz\u00fclt fonott texti..., Meska","image_title":"Levendul\u00e1s Fonott Textilkoszor\u00fa \u2013 \\\"\u00c9des Otthon\\\" Felirattal, Meska","view_count":"241","favourite_count":"0","trending_score":"0","last2MonthFavouriteCount":"0","promotion":"209","giftcard_accept":"1","creditcard_accept":true,"enhanced_background":"0","domain":"meska","specific_customer_id":null,"specific_customer_name":null,"to_order_product":"0","to_order_product_time":"0","product_different":null,"product_different_description":"","vintage":"0","vintage_category_id":"0","recycled":"0","gemstone_id":"0","customizable":"0","type_category":"physical","zerowaste":"0","postage_price":"2390.00","shop_order":"0","has_category":"1","landing_pages":null,"microdata":{"number":38,"category":""},"title":"Levendul\u00e1s Fonott Textilkoszor\u00fa \u2013 \"\u00c9des Otthon\" Felirattal","description":"Var\u00e1zsolj vid\u00e9ki hangulatot az ajt\u00f3dra vagy a lak\u00e1sodba ezzel az egyedi, k\u00e9zzel k\u00e9sz\u00fclt fonott textilkoszor\u00faval! A lila, fekete \u00e9s feh\u00e9r mint\u00e1s anyag eleganci\u00e1t, a levendula\u00e1gak \u00e9s a nat\u00far zs\u00e1kv\u00e1szon masni pedig term\u00e9szetes, rusztikus b\u00e1jt k\u00f6lcs\u00f6n\u00f6z a dekor\u00e1ci\u00f3nak.\n\u200bA koszor\u00fa k\u00f6zponti eleme egy f\u00e1b\u00f3l k\u00e9sz\u00fclt \"\u00c9des Otthon\" felirat, amely minden haza\u00e9rkez\u00e9skor melegs\u00e9ggel t\u00f6lti el a sz\u00edveket.\n\u200b\nMi\u00e9rt v\u00e1laszd ezt a dekor\u00e1ci\u00f3t?\n\n\u200bEgyedi k\u00e9zm\u0171ves munka: Nem t\u00f6megterm\u00e9k, minden darab odafigyel\u00e9ssel k\u00e9sz\u00fcl.\n\n\u200bId\u0151tlen st\u00edlus: A levendul\u00e1s-rusztikus vonal sosem megy ki a divatb\u00f3l.\n\u200b\nSokoldal\u00fa: T\u00f6k\u00e9letes kopogtat\u00f3k\u00e9nt a bej\u00e1rati ajt\u00f3ra, de a nappali fal\u00e1n vagy egy polcon is csod\u00e1san mutat.\n\u200b\nAj\u00e1nd\u00e9knak is kiv\u00e1l\u00f3: Ide\u00e1lis v\u00e1laszt\u00e1s lak\u00e1savat\u00f3ra, any\u00e1k napj\u00e1ra vagy sz\u00fclet\u00e9snapra.\n\u200bTerm\u00e9kadatok:\n\u200b\nAlap: Puha, fonott textil (pamutv\u00e1szon jelleg\u0171 anyag).\n\u200b\nD\u00edsz\u00edt\u00e9s: M\u0171levendula \u00e1gak (tart\u00f3s, nem hullik), nagym\u00e9ret\u0171 zs\u00e1kv\u00e1szon masni.\n\u200b\nFelirat: Nat\u00far fa t\u00e1bla, l\u00e9zer v\u00e1gott 3D hat\u00e1s\u00fa sz\u00f6veggel.\n\n\u200bM\u00e9rete: 25 cm \n\u200b\nTiszt\u00edt\u00e1s: Sz\u00e1raz port\u00f6rl\u0151vel javasolt","score":0,"formatted_price":"3 500 Ft","image_url":"https:\/\/www.meska.hu\/img\/product\/small\/t\/a\/tamasszabina0708_product_233768_260417064911_502377.jpeg","formatted_url":"https:\/\/www.meska.hu\/p5773827-levendulas-fonott-textilkoszoru-edes-otthon-felirattal","favourite":false,"in_stock":true,"avatar":"tamasszabina0708_avatar_233768_1583254057.jpg","delete_from":0,"is_enhanced_background":false,"is_enhanced":false,"product_selection_started":false,"original_price":"3 500 Ft","promotion_percentage":"-10%","promoted_price":"3 150 Ft","promoted_price_sup":"10","ribbon":"https:\/\/www.meska.hu\/img\/promotionbanners\/GQTXZHEC0\/product_ribbon_10_1785231767.svg","is_active":true,"image_webp_url":"https:\/\/www.meska.hu\/img\/product\/small\/t\/a\/tamasszabina0708_product_233768_260417064911_502377.webp"},{"id":"4811639","shop_id":"40458","user_id":"562106","shop_name":"ZsannaDekor","shop_zip":"1142","product_code":"4964403","product_name_old":null,"product_name":"Any\u00e1k napi d\u00edsz","category_string":"Otthon & \u00c9letm\u00f3d, Dekor\u00e1ci\u00f3, Fali \u00e9s f\u00fcgg\u0151 dekor\u00e1ci\u00f3, Falra akaszthat\u00f3 dekor","technic_string":"Decoupage, transzfer \u00e9s szalv\u00e9tatechnika, Fon\u00e1s (csuh\u00e9, gy\u00e9k\u00e9ny, stb.)","category_1":"813","category_2":"314","category_3":"1470","category_4":"942","merged_category_1":"0","merged_category_2":"0","merged_category_3":"785","technic_1":"476","technic_2":"482","technic_3":"0","color_1":"519","color_2":"525","color_3":"0","product_description_old":null,"product_description":"Kedveskedj anyuk\u00e1dnak ezzel a vir\u00e1gos sz\u00edv d\u00edsszel \u00e9s mindig esz\u00e9be fogsz jutni ha csak r\u00e1n\u00e9z.\n\nFa alapra pap\u00edrfon\u00e1s technik\u00e1val k\u00e9sz\u00fclt a szeg\u00e9ly. K\u00f6z\u00e9pen viragokat transzfer\u00e1ltam.\n\nA sz\u00edv d\u00edsz 21x21 cm a sz\u00e9lesebb oldalakon m\u00e9rve.\n\nBP. 14.ker\u00fcletben szem\u00e9lyesen is \u00e1t tudom adni. ","price":"3000.00","unit":"db","recommended":"0","status":"1","sponsored":"0","exp_notify":"0","own_material":"0","own_material_description_old":null,"own_material_description":"","jury":"0","jury_number":"","product_nature":"","meskaracsony":"0","create_date":"2026-08-14 18:42:25","shelve_id":"0","image":"zsannadekor_product_562106_230502135006_425877.jpeg","image_width":"480","image_height":"640","image_alt":"Any\u00e1k napi d\u00edsz, Kedveskedj anyuk\u00e1dnak ezzel a vir\u00e1gos sz\u00edv d\u00edsszel \u00e9s mindig esz\u00e9be fogsz jutni ha csak r\u00e1n\u00e9z.\\n\\nFa a..., Meska","image_title":"Any\u00e1k napi d\u00edsz, Meska","view_count":"1076","favourite_count":"0","trending_score":"0","last2MonthFavouriteCount":"0","promotion":"0","giftcard_accept":"0","creditcard_accept":false,"enhanced_background":"0","domain":"meska","specific_customer_id":null,"specific_customer_name":null,"to_order_product":"1","to_order_product_time":"10","product_different":null,"product_different_description":"","vintage":"0","vintage_category_id":"0","recycled":"1","gemstone_id":"0","customizable":"0","type_category":"physical","zerowaste":"1","postage_price":"1290.00","shop_order":"0","has_category":"1","landing_pages":null,"microdata":{"number":39,"category":""},"title":"Any\u00e1k napi d\u00edsz","description":"Kedveskedj anyuk\u00e1dnak ezzel a vir\u00e1gos sz\u00edv d\u00edsszel \u00e9s mindig esz\u00e9be fogsz jutni ha csak r\u00e1n\u00e9z.\n\nFa alapra pap\u00edrfon\u00e1s technik\u00e1val k\u00e9sz\u00fclt a szeg\u00e9ly. K\u00f6z\u00e9pen viragokat transzfer\u00e1ltam.\n\nA sz\u00edv d\u00edsz 21x21 cm a sz\u00e9lesebb oldalakon m\u00e9rve.\n\nBP. 14.ker\u00fcletben szem\u00e9lyesen is \u00e1t tudom adni. ","score":0,"formatted_price":"3 000 Ft","image_url":"https:\/\/www.meska.hu\/img\/product\/small\/z\/s\/zsannadekor_product_562106_230502135006_425877.jpeg","formatted_url":"https:\/\/www.meska.hu\/p4964403-anyak-napi-disz","favourite":false,"in_stock":false,"avatar":"ZsannaDekor_avatar_562106_1678138852.jpg","delete_from":0,"is_enhanced_background":false,"is_enhanced":false,"product_selection_started":false,"is_active":true,"image_webp_url":"https:\/\/www.meska.hu\/img\/product\/small\/z\/s\/zsannadekor_product_562106_230502135006_425877.webp"},{"id":"5996386","shop_id":"50372","user_id":"744639","shop_name":"AriKezmuvestara","shop_zip":"6000","product_code":"5670537","product_name_old":null,"product_name":"Egyedi med\u00e1los l\u00f3sz\u0151r kark\u00f6t\u0151 ","category_string":"\u00c9kszer, Kark\u00f6t\u0151, Fonott kark\u00f6t\u0151","technic_string":"Fon\u00e1s (csuh\u00e9, gy\u00e9k\u00e9ny, stb.)","category_1":"327","category_2":"333","category_3":"1232","category_4":"0","merged_category_1":null,"merged_category_2":null,"merged_category_3":null,"technic_1":"482","technic_2":"0","technic_3":"0","color_1":"512","color_2":"517","color_3":"518","product_description_old":null,"product_description":"H\u00e1rmas fon\u00e1ssal k\u00e9sz\u00fclt l\u00f3sz\u0151r kark\u00f6t\u0151, a saj\u00e1t lovad l\u00f3farok sz\u0151r\u00e9b\u0151l.\n\nA kark\u00f6t\u0151 elk\u00e9sz\u00edt\u00e9s\u00e9hez sz\u00fcks\u00e9gem lesz legal\u00e1bb 40 cm hossz\u00fa, kb. 1,5-2 cm \u00e1tm\u00e9r\u0151j\u0171 k\u00f6teg faroksz\u0151rre. (Fontos hogy sok egyforma hossz\u00fa sz\u00e1l legyen benne) Gumizd \u00f6ssze, hogy ne hulljon sz\u00e9t a tincs, mosd meg \u00e9s sz\u00e1r\u00edtsd meg elk\u00fcld\u00e9s el\u0151tt.\n\nA kark\u00f6t\u0151t ezzel a fon\u00e1si technik\u00e1val fogom elk\u00e9sz\u00edteni, \u00e9s azzal a med\u00e1llal \u00e9s v\u00e9gz\u00e1r\u00f3val, amelyikkel meg\u00edrod hogy szeretn\u00e9d.\n\nSz\u00fcks\u00e9ges a csukl\u00f3 m\u00e9ret\u00e9t is meg adni, hogy pontosan illeszkedjen a kark\u00f6t\u0151.\n\nA l\u00f3sz\u0151rt megrendel\u00e9st k\u00f6vet\u0151en post\u00e1n\/foxposttal tudod majd hozz\u00e1m eljuttatni.\n\nA sz\u0151rt k\u00e9zhez kapva elk\u00e9sz\u00edtem a kark\u00f6t\u0151t, majd biztons\u00e1gosan csomagolva post\u00e1zom neked.\n","price":"5500.00","unit":"db","recommended":"0","status":"1","sponsored":"0","exp_notify":"0","own_material":"0","own_material_description_old":null,"own_material_description":"","jury":"0","jury_number":"","product_nature":"","meskaracsony":"0","create_date":"2026-08-14 14:39:15","shelve_id":"0","image":"arikezmuvestara_product_744639_251116161814_032791.jpeg","image_width":"480","image_height":"640","image_alt":"Egyedi med\u00e1los l\u00f3sz\u0151r kark\u00f6t\u0151 , H\u00e1rmas fon\u00e1ssal k\u00e9sz\u00fclt l\u00f3sz\u0151r kark\u00f6t\u0151, a saj\u00e1t lovad l\u00f3farok sz\u0151r\u00e9b\u0151l.\\n\\nA kark\u00f6t\u0151 elk\u00e9sz\u00edt\u00e9s\u00e9hez sz..., Meska","image_title":"Egyedi med\u00e1los l\u00f3sz\u0151r kark\u00f6t\u0151 , Meska","view_count":"271","favourite_count":"0","trending_score":"0","last2MonthFavouriteCount":"0","promotion":"0","giftcard_accept":"0","creditcard_accept":false,"enhanced_background":"0","domain":"meska","specific_customer_id":null,"specific_customer_name":null,"to_order_product":"1","to_order_product_time":"7","product_different":null,"product_different_description":"","vintage":"0","vintage_category_id":"0","recycled":"0","gemstone_id":"0","customizable":"1","type_category":"physical","zerowaste":"0","postage_price":"1290.00","shop_order":"0","has_category":"1","landing_pages":null,"microdata":{"number":40,"category":""},"title":"Egyedi med\u00e1los l\u00f3sz\u0151r kark\u00f6t\u0151 ","description":"H\u00e1rmas fon\u00e1ssal k\u00e9sz\u00fclt l\u00f3sz\u0151r kark\u00f6t\u0151, a saj\u00e1t lovad l\u00f3farok sz\u0151r\u00e9b\u0151l.\n\nA kark\u00f6t\u0151 elk\u00e9sz\u00edt\u00e9s\u00e9hez sz\u00fcks\u00e9gem lesz legal\u00e1bb 40 cm hossz\u00fa, kb. 1,5-2 cm \u00e1tm\u00e9r\u0151j\u0171 k\u00f6teg faroksz\u0151rre. (Fontos hogy sok egyforma hossz\u00fa sz\u00e1l legyen benne) Gumizd \u00f6ssze, hogy ne hulljon sz\u00e9t a tincs, mosd meg \u00e9s sz\u00e1r\u00edtsd meg elk\u00fcld\u00e9s el\u0151tt.\n\nA kark\u00f6t\u0151t ezzel a fon\u00e1si technik\u00e1val fogom elk\u00e9sz\u00edteni, \u00e9s azzal a med\u00e1llal \u00e9s v\u00e9gz\u00e1r\u00f3val, amelyikkel meg\u00edrod hogy szeretn\u00e9d.\n\nSz\u00fcks\u00e9ges a csukl\u00f3 m\u00e9ret\u00e9t is meg adni, hogy pontosan illeszkedjen a kark\u00f6t\u0151.\n\nA l\u00f3sz\u0151rt megrendel\u00e9st k\u00f6vet\u0151en post\u00e1n\/foxposttal tudod majd hozz\u00e1m eljuttatni.\n\nA sz\u0151rt k\u00e9zhez kapva elk\u00e9sz\u00edtem a kark\u00f6t\u0151t, majd biztons\u00e1gosan csomagolva post\u00e1zom neked.\n","score":0,"formatted_price":"5 500 Ft","image_url":"https:\/\/www.meska.hu\/img\/product\/small\/a\/r\/arikezmuvestara_product_744639_251116161814_032791.jpeg","formatted_url":"https:\/\/www.meska.hu\/p5670537-egyedi-medalos-loszor-karkoto","favourite":false,"in_stock":false,"avatar":"744639_avatar_1759864314.jpeg","delete_from":0,"is_enhanced_background":false,"is_enhanced":false,"product_selection_started":false,"is_active":true,"image_webp_url":"https:\/\/www.meska.hu\/img\/product\/small\/a\/r\/arikezmuvestara_product_744639_251116161814_032791.webp"},{"id":"6004021","shop_id":"50648","user_id":"610073","shop_name":"Adrikreativvilaga","shop_zip":"5945","product_code":"5677064","product_name_old":null,"product_name":"St\u00edlusos paracord csatos kark\u00f6t\u0151","category_string":"\u00c9kszer, Kark\u00f6t\u0151, Fonott kark\u00f6t\u0151","technic_string":"Fon\u00e1s (csuh\u00e9, gy\u00e9k\u00e9ny, stb.)","category_1":"327","category_2":"333","category_3":"1232","category_4":"0","merged_category_1":null,"merged_category_2":null,"merged_category_3":null,"technic_1":"482","technic_2":"0","technic_3":"0","color_1":"520","color_2":"529","color_3":"0","product_description_old":null,"product_description":"K\u00e9zzel k\u00e9sz\u00fclt, er\u0151s \u00e9s divatos paracord kark\u00f6t\u0151, amely minden st\u00edlushoz illik. Massz\u00edv csattal r\u00f6gz\u00edthet\u0151, k\u00e9nyelmes viselet eg\u00e9sz napra. \n\nM\u00e9retek:\n13-20-as csukl\u00f3m\u00e9retig\nEgyedi m\u00e9retre rendel\u00e9s lehets\u00e9ges\n\n\nMi\u00e9rt v\u00e1laszd?\n\n-Egyedi, k\u00e9zm\u0171ves darab\n\n-Strapab\u00edr\u00f3 \u00e9s praktikus\n\n-Divatos, minden alkalomhoz\n\n\nAdj egy kis st\u00edlust a h\u00e9tk\u00f6znapokhoz ezzel a k\u00fcl\u00f6nleges paracord kark\u00f6t\u0151vel!","price":"2400.00","unit":"db","recommended":"0","status":"1","sponsored":"0","exp_notify":"0","own_material":"0","own_material_description_old":null,"own_material_description":"","jury":"0","jury_number":"","product_nature":"","meskaracsony":"0","create_date":"2026-08-11 18:42:07","shelve_id":"0","image":"adrikreativvilaga_product_610073_251117220449_213327.jpeg","image_width":"480","image_height":"315","image_alt":"St\u00edlusos paracord csatos kark\u00f6t\u0151, K\u00e9zzel k\u00e9sz\u00fclt, er\u0151s \u00e9s divatos paracord kark\u00f6t\u0151, amely minden st\u00edlushoz illik. Massz\u00edv csattal r\u00f6gz..., Meska","image_title":"St\u00edlusos paracord csatos kark\u00f6t\u0151, Meska","view_count":"161","favourite_count":"0","trending_score":"0","last2MonthFavouriteCount":"0","promotion":"0","giftcard_accept":"0","creditcard_accept":false,"enhanced_background":"0","domain":"meska","specific_customer_id":null,"specific_customer_name":null,"to_order_product":"0","to_order_product_time":"0","product_different":null,"product_different_description":"","vintage":"0","vintage_category_id":"0","recycled":"0","gemstone_id":"0","customizable":"0","type_category":"physical","zerowaste":"0","postage_price":"1290.00","shop_order":"0","has_category":"1","landing_pages":null,"microdata":{"number":41,"category":""},"title":"St\u00edlusos paracord csatos kark\u00f6t\u0151","description":"K\u00e9zzel k\u00e9sz\u00fclt, er\u0151s \u00e9s divatos paracord kark\u00f6t\u0151, amely minden st\u00edlushoz illik. Massz\u00edv csattal r\u00f6gz\u00edthet\u0151, k\u00e9nyelmes viselet eg\u00e9sz napra. \n\nM\u00e9retek:\n13-20-as csukl\u00f3m\u00e9retig\nEgyedi m\u00e9retre rendel\u00e9s lehets\u00e9ges\n\n\nMi\u00e9rt v\u00e1laszd?\n\n-Egyedi, k\u00e9zm\u0171ves darab\n\n-Strapab\u00edr\u00f3 \u00e9s praktikus\n\n-Divatos, minden alkalomhoz\n\n\nAdj egy kis st\u00edlust a h\u00e9tk\u00f6znapokhoz ezzel a k\u00fcl\u00f6nleges paracord kark\u00f6t\u0151vel!","score":0,"formatted_price":"2 400 Ft","image_url":"https:\/\/www.meska.hu\/img\/product\/small\/a\/d\/adrikreativvilaga_product_610073_251117220449_213327.jpeg","formatted_url":"https:\/\/www.meska.hu\/p5677064-stilusos-paracord-csatos-karkoto","favourite":false,"in_stock":true,"avatar":"610073_avatar_1763409227.png","delete_from":0,"is_enhanced_background":false,"is_enhanced":false,"product_selection_started":false,"is_active":true,"image_webp_url":"https:\/\/www.meska.hu\/img\/product\/small\/a\/d\/adrikreativvilaga_product_610073_251117220449_213327.webp"},{"id":"6322883","shop_id":"50843","user_id":"750512","shop_name":"Evigurumi","shop_zip":"8124","product_code":"5847887","product_name_old":null,"product_name":"Kulcstart\u00f3 ","category_string":"T\u00e1ska & Tok, Kulcstart\u00f3 & T\u00e1skad\u00edsz, Kulcstart\u00f3","technic_string":"Csom\u00f3z\u00e1s, Fon\u00e1s (csuh\u00e9, gy\u00e9k\u00e9ny, stb.)","category_1":"464","category_2":"390","category_3":"1037","category_4":"0","merged_category_1":null,"merged_category_2":null,"merged_category_3":null,"technic_1":"475","technic_2":"482","technic_3":"0","color_1":"521","color_2":"0","color_3":"0","product_description_old":null,"product_description":"\ud83d\udc99 K\u00e9zzel k\u00e9sz\u00fclt, egyedi fonott kulcstart\u00f3 \ud83d\udc99\n\nEgy kis apr\u00f3s\u00e1g, ami feldobhatja a kulcscsom\u00f3dat!\nEz a k\u00e9k kulcstart\u00f3 teljes eg\u00e9sz\u00e9ben k\u00e9zzel k\u00e9sz\u00fclt, gondosan megfonva \u00e9s egy hossz\u00fa, dekorat\u00edv bojtban v\u00e9gz\u0151dik.\n\n\u2728 A term\u00e9k jellemz\u0151i:\n\u2022 k\u00e9zzel k\u00e9sz\u00fclt\n\u2022 \u00e9l\u00e9nk k\u00e9k sz\u00edn\n\u2022 fonott kialak\u00edt\u00e1s\n\u2022 hossz\u00fa, puha bojt\n\u2022 er\u0151s f\u00e9m karabinerrel \u00e9s kulcskarik\u00e1val\n\u2022 h\u00e9tk\u00f6znapi haszn\u00e1latra vagy aj\u00e1nd\u00e9knak is t\u00f6k\u00e9letes\n\n\ud83c\udf81 Aj\u00e1nd\u00e9k\u00f6tlet sz\u00fclet\u00e9snapra, n\u00e9vnapra, kar\u00e1csonyra vagy csak \u00fagy, ha szeretn\u00e9l valakit meglepni egy apr\u00f3, k\u00e9zzel k\u00e9sz\u00edtett aj\u00e1nd\u00e9kkal.\n\nMinden darab k\u00e9zzel k\u00e9sz\u00fcl, ez\u00e9rt apr\u00f3 elt\u00e9r\u00e9sek el\u0151fordulhatnak \u2013 ett\u0151l lesz igaz\u00e1n egyedi. \ud83d\udc99\n\n\ud83d\udce6 Gondosan csomagolva k\u00fcld\u00f6m.\n\nHa m\u00e1s sz\u00ednben szeretn\u00e9d, \u00edrj \u00fczenetet, \u00e9s megbesz\u00e9lj\u00fck! \ud83d\ude0a\nJelenlegi sz\u00edneim: \n\u2022 s\u00e1rga \n\u2022 r\u00f3zsasz\u00edn \nT\u00f6bb sz\u00edn b\u0151v\u00edt\u00e9s alatt \u00e1ll! ","price":"1990.00","unit":"db","recommended":"0","status":"1","sponsored":"0","exp_notify":"0","own_material":"0","own_material_description_old":null,"own_material_description":"","jury":"0","jury_number":"","product_nature":"","meskaracsony":"0","create_date":"2026-08-11 05:28:39","shelve_id":"0","image":"evigurumi_product_750512_260811052409_116232.jpeg","image_width":"480","image_height":"640","image_alt":"Kulcstart\u00f3 , \ud83d\udc99 K\u00e9zzel k\u00e9sz\u00fclt, egyedi fonott kulcstart\u00f3 \ud83d\udc99\\n\\nEgy kis apr\u00f3s\u00e1g, ami feldobhatja a kulcscsom\u00f3dat!\\nEz a..., Meska","image_title":"Kulcstart\u00f3 , Meska","view_count":"55","favourite_count":"0","trending_score":"0","last2MonthFavouriteCount":"0","promotion":"209","giftcard_accept":"0","creditcard_accept":true,"enhanced_background":"0","domain":"meska","specific_customer_id":null,"specific_customer_name":null,"to_order_product":"0","to_order_product_time":"0","product_different":null,"product_different_description":"","vintage":"0","vintage_category_id":"0","recycled":"0","gemstone_id":"0","customizable":"0","type_category":"physical","zerowaste":"0","postage_price":"1290.00","shop_order":"0","has_category":"1","landing_pages":null,"microdata":{"number":42,"category":""},"title":"Kulcstart\u00f3 ","description":"\ud83d\udc99 K\u00e9zzel k\u00e9sz\u00fclt, egyedi fonott kulcstart\u00f3 \ud83d\udc99\n\nEgy kis apr\u00f3s\u00e1g, ami feldobhatja a kulcscsom\u00f3dat!\nEz a k\u00e9k kulcstart\u00f3 teljes eg\u00e9sz\u00e9ben k\u00e9zzel k\u00e9sz\u00fclt, gondosan megfonva \u00e9s egy hossz\u00fa, dekorat\u00edv bojtban v\u00e9gz\u0151dik.\n\n\u2728 A term\u00e9k jellemz\u0151i:\n\u2022 k\u00e9zzel k\u00e9sz\u00fclt\n\u2022 \u00e9l\u00e9nk k\u00e9k sz\u00edn\n\u2022 fonott kialak\u00edt\u00e1s\n\u2022 hossz\u00fa, puha bojt\n\u2022 er\u0151s f\u00e9m karabinerrel \u00e9s kulcskarik\u00e1val\n\u2022 h\u00e9tk\u00f6znapi haszn\u00e1latra vagy aj\u00e1nd\u00e9knak is t\u00f6k\u00e9letes\n\n\ud83c\udf81 Aj\u00e1nd\u00e9k\u00f6tlet sz\u00fclet\u00e9snapra, n\u00e9vnapra, kar\u00e1csonyra vagy csak \u00fagy, ha szeretn\u00e9l valakit meglepni egy apr\u00f3, k\u00e9zzel k\u00e9sz\u00edtett aj\u00e1nd\u00e9kkal.\n\nMinden darab k\u00e9zzel k\u00e9sz\u00fcl, ez\u00e9rt apr\u00f3 elt\u00e9r\u00e9sek el\u0151fordulhatnak \u2013 ett\u0151l lesz igaz\u00e1n egyedi. \ud83d\udc99\n\n\ud83d\udce6 Gondosan csomagolva k\u00fcld\u00f6m.\n\nHa m\u00e1s sz\u00ednben szeretn\u00e9d, \u00edrj \u00fczenetet, \u00e9s megbesz\u00e9lj\u00fck! \ud83d\ude0a\nJelenlegi sz\u00edneim: \n\u2022 s\u00e1rga \n\u2022 r\u00f3zsasz\u00edn \nT\u00f6bb sz\u00edn b\u0151v\u00edt\u00e9s alatt \u00e1ll! ","score":0,"formatted_price":"1 990 Ft","image_url":"https:\/\/www.meska.hu\/img\/product\/small\/e\/v\/evigurumi_product_750512_260811052409_116232.jpeg","formatted_url":"https:\/\/www.meska.hu\/p5847887-kulcstarto","favourite":false,"in_stock":true,"avatar":"750512_avatar_1763067119.png","delete_from":0,"is_enhanced_background":false,"is_enhanced":false,"product_selection_started":false,"original_price":"1 990 Ft","promotion_percentage":"-10%","promoted_price":"1 791 Ft","promoted_price_sup":"10","ribbon":"https:\/\/www.meska.hu\/img\/promotionbanners\/GQTXZHEC0\/product_ribbon_10_1785231767.svg","is_active":true,"image_webp_url":"https:\/\/www.meska.hu\/img\/product\/small\/e\/v\/evigurumi_product_750512_260811052409_116232.webp"},{"id":"6322853","shop_id":"42029","user_id":"592208","shop_name":"OltariMeghivok","shop_zip":"2658","product_code":"5847865","product_name_old":null,"product_name":"B\u00edbor \u0150sz \u2013 Eleg\u00e1ns Esk\u00fcv\u0151i Megh\u00edv\u00f3","category_string":"Esk\u00fcv\u0151, Megh\u00edv\u00f3 & K\u00e1rtya, Megh\u00edv\u00f3","technic_string":"Fon\u00e1s (csuh\u00e9, gy\u00e9k\u00e9ny, stb.)","category_1":"317","category_2":"727","category_3":"1086","category_4":"0","merged_category_1":null,"merged_category_2":null,"merged_category_3":null,"technic_1":"482","technic_2":"0","technic_3":"0","color_1":"512","color_2":"516","color_3":"568","product_description_old":null,"product_description":"A \u201eB\u00edbor \u0150sz\u201d esk\u00fcv\u0151i megh\u00edv\u00f3 az \u0151szi term\u00e9szet karakteres sz\u00e9ps\u00e9g\u00e9t \u00e9s az eleg\u00e1ns, letisztult st\u00edlust \u00f6tv\u00f6zi. A m\u00e9ly bord\u00f3, rozsdav\u00f6r\u00f6s \u00e9s narancs juharlevelek finom arany r\u00e9szletekkel \u00e9s visszafogott sz\u00fcrk\u00e9sk\u00e9k akvarell foltokkal eg\u00e9sz\u00fclnek ki.\n\nA l\u00e1tv\u00e1nyos levelek keretezik a megh\u00edv\u00f3t, mik\u00f6zben a vil\u00e1gos k\u00f6z\u00e9ps\u0151 r\u00e9sz l\u00e9gies marad, \u00edgy a nevek \u00e9s az esk\u00fcv\u0151 d\u00e1tuma ker\u00fclnek a figyelem k\u00f6z\u00e9ppontj\u00e1ba.\n\nA megh\u00edv\u00f3 k\u00e9toldalas: az el\u0151lapon a p\u00e1r neve \u00e9s az esk\u00fcv\u0151 d\u00e1tuma szerepel, a h\u00e1toldalon pedig a program, a helysz\u00ednek, a visszajelz\u00e9shez sz\u00fcks\u00e9ges inform\u00e1ci\u00f3k \u00e9s egy r\u00f6vid id\u00e9zet is elhelyezhet\u0151.\n\nTerm\u00e9kjellemz\u0151k:\n\nfizikai, nyomtatott esk\u00fcv\u0151i megh\u00edv\u00f3\nk\u00e9toldalas kivitel\n250 g-os m\u0171v\u00e9szi karton\nszem\u00e9lyre szabhat\u00f3 nevekkel \u00e9s esk\u00fcv\u0151i adatokkal\nakvarell hat\u00e1s\u00fa \u0151szi juharlevelek\nbord\u00f3, rozsdav\u00f6r\u00f6s, narancs \u00e9s arany \u00e1rnyalatok\neleg\u00e1ns, modern \u00e9s term\u00e9szetk\u00f6zeli st\u00edlus\nminimum rendel\u00e9si mennyis\u00e9g: 10 db\n\nA \u201eB\u00edbor \u0150sz\u201d k\u00fcl\u00f6n\u00f6sen sz\u00e9p v\u00e1laszt\u00e1s szeptemberi, okt\u00f3beri \u00e9s novemberi esk\u00fcv\u0151kh\u00f6z, illetve minden olyan p\u00e1rnak, aki klasszikus vir\u00e1gok helyett egy karakteres, m\u00e9gis romantikus \u0151szi megh\u00edv\u00f3t keres.\nAz esk\u00fcv\u0151d egy olyan alkalom, amely \u00f6r\u00f6kre megmarad a sz\u00edvedben \u00e9s az eml\u00e9keidben. Az \"Olt\u00e1ri Megh\u00edv\u00f3k\" csapata \u00e9rti ezt \u00e9s elk\u00f6telezett abban, hogy elk\u00e9sz\u00edtse a legeml\u00e9kezetesebb megh\u00edv\u00f3kat a Te nagy napodhoz. Exkluz\u00edv Min\u0151s\u00e9g, Szem\u00e9lyes Hangulat Tudjuk, mennyire fontos a r\u00e9szletek t\u00f6k\u00e9letes \u00f6sszhangja. A megh\u00edv\u00f3 k\u00e9t oldalas, \u00e1ll\u00f3 form\u00e1tum\u00fa , melyet min\u0151s\u00e9gi 250g-os m\u0171v\u00e9szi kartonra nyomtatunk. A megh\u00edv\u00f3 \u00e1ra tartalmazza a nyomtat\u00e1st a k\u00edv\u00e1nt sz\u00f6veggel, a v\u00e1laszthat\u00f3 bet\u0171t\u00edpussal \u00e9s sz\u00f6vegsz\u00ednnel, valamint a tervez\u00e9si d\u00edjat. \u00c9s ami m\u00e9g enn\u00e9l is jobb: Megrendel\u0151inknek ingyenesen elk\u00fcldj\u00fck az elfogadott terv alapj\u00e1n kinyomtatott 1 darab mintap\u00e9ld\u00e1nyt (ig\u00e9ny eset\u00e9n \u00e9s minimum 10 megh\u00edv\u00f3 rendel\u00e9se eset\u00e9n) els\u0151bbs\u00e9gi lev\u00e9lben. \u00cdgy minden r\u00e9szletre odafigyelhettek \u00e9s garant\u00e1ltan el\u00e9gedettek lesztek a v\u00e1laszt\u00e1sotokkal. Kreativit\u00e1s Hat\u00e1rok N\u00e9lk\u00fcl A megh\u00edv\u00f3t a k\u00edv\u00e1nt sz\u00f6veggel, bet\u0171t\u00edpussal \u00e9s sz\u00f6vegsz\u00ednnel egy\u00fctt nyomtatjuk. B\u00e1tran fordulj hozz\u00e1nk k\u00e9rd\u00e9seiddel vagy egyedi k\u00e9r\u00e9seiddel. M\u00e9retv\u00e1laszt\u00e9k, Rugalmass\u00e1g V\u00e1laszthat\u00f3 m\u00e9retekkel is v\u00e1runk benneteket! Legyen az a kedves, kompakt 10x15 cm-es vagy a d\u00edszesebb 13x18cm-es illetve a 15x21 cm-es, megh\u00edv\u00f3ink m\u00e9retei igazodnak az elk\u00e9pzel\u00e9seitekhez. Egyar\u00e1nt gondolunk a kisebb \u00e9s nagyobb esk\u00fcv\u0151kre, \u00edgy Nincs minim\u00e1lis rendel\u00e9si mennyis\u00e9g! T\u00f6bb, Mint Megh\u00edv\u00f3 Kedved szerint b\u0151v\u00edtheted a megh\u00edv\u00f3t- 4 oldalas hajtogatott form\u00e1tumban is megrendelheted (fel\u00e1r ellen\u00e9ben), vagy v\u00e1laszthatod a szettben k\u00e9sz\u00fcl\u0151 v\u00e1ltozatot, amely tartalmazhatja az \u00fcltet\u0151k\u00e1rty\u00e1kat, asztalsz\u00e1mokat \u00e9s m\u00e9g az esk\u00fcv\u0151i men\u00fct is. Rendel\u00e9s \u00e9s K\u00e9sz\u00edt\u00e9s Folyamata Az rendel\u00e9s egyszer\u0171 \u00e9s g\u00f6rd\u00fcl\u00e9keny. 1. Tedd a megh\u00edv\u00f3kat a kosaradba \u00e9s rendeld meg. (figyelj a v\u00e1lasztott m\u00e9retre) 2. Ezut\u00e1n k\u00fcldd el nek\u00fcnk az adatokat az \u00e1ltalad k\u00edv\u00e1nt sz\u00f6veggel \u00e9s inform\u00e1ci\u00f3val e-mail c\u00edm\u00fcnkre vagy telefonon is felveheted vel\u00fcnk a kapcsolatot-k\u00e9r\u00e9s,k\u00e9rd\u00e9s eset\u00e9n. 3. 48 \u00f3r\u00e1n bel\u00fcl elk\u00fcldj\u00fck a k\u00e9sz l\u00e1tv\u00e1nytervet, ami alapj\u00e1n d\u00f6nthetsz a mintap\u00e9ld\u00e1ny k\u00e9r\u00e9s\u00e9r\u0151l. 4. Miut\u00e1n a l\u00e1tv\u00e1nytervet elfogadtad, nekil\u00e1tunk a megh\u00edv\u00f3k elk\u00e9sz\u00edt\u00e9s\u00e9nek. 5. A k\u00e9sz megh\u00edv\u00f3kat \u00e1tadjuk a sz\u00e1ll\u00edt\u00e1sra, hogy id\u0151ben meg\u00e9rkezzenek a nagy napra. Az esk\u00fcv\u0151i megh\u00edv\u00f3kban egy olyan t\u00f6rt\u00e9net kezd\u0151dik, amely \u00f6r\u00f6kk\u00e9 tart. A monitoron megjelen\u00edtett term\u00e9k k\u00e9pek \u00e9s a nyomtatott megh\u00edv\u00f3k k\u00f6z\u00f6tt sz\u00ednelt\u00e9r\u00e9sek el\u0151fordulhatnak a k\u00e9t technol\u00f3gia sz\u00ednkezel\u00e9si k\u00fcl\u00f6nbs\u00e9gei miatt. \n","price":"630.00","unit":"db","recommended":"0","status":"1","sponsored":"0","exp_notify":"0","own_material":"0","own_material_description_old":null,"own_material_description":"","jury":"0","jury_number":"","product_nature":"","meskaracsony":"0","create_date":"2026-08-11 00:41:03","shelve_id":"0","image":"oltarimeghivok_product_592208_260811003533_431822.png","image_width":"480","image_height":"672","image_alt":"B\u00edbor \u0150sz \u2013 Eleg\u00e1ns Esk\u00fcv\u0151i Megh\u00edv\u00f3, A \u201eB\u00edbor \u0150sz\u201d esk\u00fcv\u0151i megh\u00edv\u00f3 az \u0151szi term\u00e9szet karakteres sz\u00e9ps\u00e9g\u00e9t \u00e9s az eleg\u00e1ns, letisztult st\u00edlu..., Meska","image_title":"B\u00edbor \u0150sz \u2013 Eleg\u00e1ns Esk\u00fcv\u0151i Megh\u00edv\u00f3, Meska","view_count":"25","favourite_count":"0","trending_score":"0","last2MonthFavouriteCount":"0","promotion":"0","giftcard_accept":"0","creditcard_accept":true,"enhanced_background":"0","domain":"meska","specific_customer_id":null,"specific_customer_name":null,"to_order_product":"1","to_order_product_time":"7","product_different":null,"product_different_description":"","vintage":"0","vintage_category_id":"0","recycled":"0","gemstone_id":"0","customizable":"1","type_category":"physical","zerowaste":"0","postage_price":"2390.00","shop_order":"0","has_category":"1","landing_pages":null,"microdata":{"number":43,"category":""},"title":"B\u00edbor \u0150sz \u2013 Eleg\u00e1ns Esk\u00fcv\u0151i Megh\u00edv\u00f3","description":"A \u201eB\u00edbor \u0150sz\u201d esk\u00fcv\u0151i megh\u00edv\u00f3 az \u0151szi term\u00e9szet karakteres sz\u00e9ps\u00e9g\u00e9t \u00e9s az eleg\u00e1ns, letisztult st\u00edlust \u00f6tv\u00f6zi. A m\u00e9ly bord\u00f3, rozsdav\u00f6r\u00f6s \u00e9s narancs juharlevelek finom arany r\u00e9szletekkel \u00e9s visszafogott sz\u00fcrk\u00e9sk\u00e9k akvarell foltokkal eg\u00e9sz\u00fclnek ki.\n\nA l\u00e1tv\u00e1nyos levelek keretezik a megh\u00edv\u00f3t, mik\u00f6zben a vil\u00e1gos k\u00f6z\u00e9ps\u0151 r\u00e9sz l\u00e9gies marad, \u00edgy a nevek \u00e9s az esk\u00fcv\u0151 d\u00e1tuma ker\u00fclnek a figyelem k\u00f6z\u00e9ppontj\u00e1ba.\n\nA megh\u00edv\u00f3 k\u00e9toldalas: az el\u0151lapon a p\u00e1r neve \u00e9s az esk\u00fcv\u0151 d\u00e1tuma szerepel, a h\u00e1toldalon pedig a program, a helysz\u00ednek, a visszajelz\u00e9shez sz\u00fcks\u00e9ges inform\u00e1ci\u00f3k \u00e9s egy r\u00f6vid id\u00e9zet is elhelyezhet\u0151.\n\nTerm\u00e9kjellemz\u0151k:\n\nfizikai, nyomtatott esk\u00fcv\u0151i megh\u00edv\u00f3\nk\u00e9toldalas kivitel\n250 g-os m\u0171v\u00e9szi karton\nszem\u00e9lyre szabhat\u00f3 nevekkel \u00e9s esk\u00fcv\u0151i adatokkal\nakvarell hat\u00e1s\u00fa \u0151szi juharlevelek\nbord\u00f3, rozsdav\u00f6r\u00f6s, narancs \u00e9s arany \u00e1rnyalatok\neleg\u00e1ns, modern \u00e9s term\u00e9szetk\u00f6zeli st\u00edlus\nminimum rendel\u00e9si mennyis\u00e9g: 10 db\n\nA \u201eB\u00edbor \u0150sz\u201d k\u00fcl\u00f6n\u00f6sen sz\u00e9p v\u00e1laszt\u00e1s szeptemberi, okt\u00f3beri \u00e9s novemberi esk\u00fcv\u0151kh\u00f6z, illetve minden olyan p\u00e1rnak, aki klasszikus vir\u00e1gok helyett egy karakteres, m\u00e9gis romantikus \u0151szi megh\u00edv\u00f3t keres.\nAz esk\u00fcv\u0151d egy olyan alkalom, amely \u00f6r\u00f6kre megmarad a sz\u00edvedben \u00e9s az eml\u00e9keidben. Az \"Olt\u00e1ri Megh\u00edv\u00f3k\" csapata \u00e9rti ezt \u00e9s elk\u00f6telezett abban, hogy elk\u00e9sz\u00edtse a legeml\u00e9kezetesebb megh\u00edv\u00f3kat a Te nagy napodhoz. Exkluz\u00edv Min\u0151s\u00e9g, Szem\u00e9lyes Hangulat Tudjuk, mennyire fontos a r\u00e9szletek t\u00f6k\u00e9letes \u00f6sszhangja. A megh\u00edv\u00f3 k\u00e9t oldalas, \u00e1ll\u00f3 form\u00e1tum\u00fa , melyet min\u0151s\u00e9gi 250g-os m\u0171v\u00e9szi kartonra nyomtatunk. A megh\u00edv\u00f3 \u00e1ra tartalmazza a nyomtat\u00e1st a k\u00edv\u00e1nt sz\u00f6veggel, a v\u00e1laszthat\u00f3 bet\u0171t\u00edpussal \u00e9s sz\u00f6vegsz\u00ednnel, valamint a tervez\u00e9si d\u00edjat. \u00c9s ami m\u00e9g enn\u00e9l is jobb: Megrendel\u0151inknek ingyenesen elk\u00fcldj\u00fck az elfogadott terv alapj\u00e1n kinyomtatott 1 darab mintap\u00e9ld\u00e1nyt (ig\u00e9ny eset\u00e9n \u00e9s minimum 10 megh\u00edv\u00f3 rendel\u00e9se eset\u00e9n) els\u0151bbs\u00e9gi lev\u00e9lben. \u00cdgy minden r\u00e9szletre odafigyelhettek \u00e9s garant\u00e1ltan el\u00e9gedettek lesztek a v\u00e1laszt\u00e1sotokkal. Kreativit\u00e1s Hat\u00e1rok N\u00e9lk\u00fcl A megh\u00edv\u00f3t a k\u00edv\u00e1nt sz\u00f6veggel, bet\u0171t\u00edpussal \u00e9s sz\u00f6vegsz\u00ednnel egy\u00fctt nyomtatjuk. B\u00e1tran fordulj hozz\u00e1nk k\u00e9rd\u00e9seiddel vagy egyedi k\u00e9r\u00e9seiddel. M\u00e9retv\u00e1laszt\u00e9k, Rugalmass\u00e1g V\u00e1laszthat\u00f3 m\u00e9retekkel is v\u00e1runk benneteket! Legyen az a kedves, kompakt 10x15 cm-es vagy a d\u00edszesebb 13x18cm-es illetve a 15x21 cm-es, megh\u00edv\u00f3ink m\u00e9retei igazodnak az elk\u00e9pzel\u00e9seitekhez. Egyar\u00e1nt gondolunk a kisebb \u00e9s nagyobb esk\u00fcv\u0151kre, \u00edgy Nincs minim\u00e1lis rendel\u00e9si mennyis\u00e9g! T\u00f6bb, Mint Megh\u00edv\u00f3 Kedved szerint b\u0151v\u00edtheted a megh\u00edv\u00f3t- 4 oldalas hajtogatott form\u00e1tumban is megrendelheted (fel\u00e1r ellen\u00e9ben), vagy v\u00e1laszthatod a szettben k\u00e9sz\u00fcl\u0151 v\u00e1ltozatot, amely tartalmazhatja az \u00fcltet\u0151k\u00e1rty\u00e1kat, asztalsz\u00e1mokat \u00e9s m\u00e9g az esk\u00fcv\u0151i men\u00fct is. Rendel\u00e9s \u00e9s K\u00e9sz\u00edt\u00e9s Folyamata Az rendel\u00e9s egyszer\u0171 \u00e9s g\u00f6rd\u00fcl\u00e9keny. 1. Tedd a megh\u00edv\u00f3kat a kosaradba \u00e9s rendeld meg. (figyelj a v\u00e1lasztott m\u00e9retre) 2. Ezut\u00e1n k\u00fcldd el nek\u00fcnk az adatokat az \u00e1ltalad k\u00edv\u00e1nt sz\u00f6veggel \u00e9s inform\u00e1ci\u00f3val e-mail c\u00edm\u00fcnkre vagy telefonon is felveheted vel\u00fcnk a kapcsolatot-k\u00e9r\u00e9s,k\u00e9rd\u00e9s eset\u00e9n. 3. 48 \u00f3r\u00e1n bel\u00fcl elk\u00fcldj\u00fck a k\u00e9sz l\u00e1tv\u00e1nytervet, ami alapj\u00e1n d\u00f6nthetsz a mintap\u00e9ld\u00e1ny k\u00e9r\u00e9s\u00e9r\u0151l. 4. Miut\u00e1n a l\u00e1tv\u00e1nytervet elfogadtad, nekil\u00e1tunk a megh\u00edv\u00f3k elk\u00e9sz\u00edt\u00e9s\u00e9nek. 5. A k\u00e9sz megh\u00edv\u00f3kat \u00e1tadjuk a sz\u00e1ll\u00edt\u00e1sra, hogy id\u0151ben meg\u00e9rkezzenek a nagy napra. Az esk\u00fcv\u0151i megh\u00edv\u00f3kban egy olyan t\u00f6rt\u00e9net kezd\u0151dik, amely \u00f6r\u00f6kk\u00e9 tart. A monitoron megjelen\u00edtett term\u00e9k k\u00e9pek \u00e9s a nyomtatott megh\u00edv\u00f3k k\u00f6z\u00f6tt sz\u00ednelt\u00e9r\u00e9sek el\u0151fordulhatnak a k\u00e9t technol\u00f3gia sz\u00ednkezel\u00e9si k\u00fcl\u00f6nbs\u00e9gei miatt. \n","score":0,"formatted_price":"630 Ft","image_url":"https:\/\/www.meska.hu\/img\/product\/small\/o\/l\/oltarimeghivok_product_592208_260811003533_431822.png","formatted_url":"https:\/\/www.meska.hu\/p5847865-bibor-osz-elegans-eskuvoi-meghivo","favourite":false,"in_stock":false,"avatar":"592208_avatar_1691334506.png","delete_from":0,"is_enhanced_background":false,"is_enhanced":false,"product_selection_started":false,"is_active":true,"image_webp_url":"https:\/\/www.meska.hu\/img\/product\/small\/o\/l\/oltarimeghivok_product_592208_260811003533_431822.webp"},{"id":"5894139","shop_id":"24301","user_id":"276546","shop_name":"RePorta","shop_zip":"8474","product_code":"5608051","product_name_old":null,"product_name":"Levendulabab\u00e1s akaszthat\u00f3 d\u00edsz","category_string":"Otthon & \u00c9letm\u00f3d, Dekor\u00e1ci\u00f3, Ajt\u00f3- \u00e9s ablak dekor\u00e1ci\u00f3, Ajt\u00f3d\u00edsz & Kopogtat\u00f3","technic_string":"Fon\u00e1s (csuh\u00e9, gy\u00e9k\u00e9ny, stb.)","category_1":"813","category_2":"314","category_3":"1468","category_4":"790","merged_category_1":null,"merged_category_2":null,"merged_category_3":null,"technic_1":"482","technic_2":"0","technic_3":"0","color_1":"515","color_2":"522","color_3":"529","product_description_old":null,"product_description":"Csal\u00e1di gazdas\u00e1gunkban termesztett \u00e9s gy\u0171jt\u00f6tt csuh\u00e9b\u00f3l, s\u00e1sb\u00f3l \u00e9s levendul\u00e1b\u00f3l k\u00e9sz\u00edtett akaszthat\u00f3 d\u00edsz. A kukorica level\u00e9b\u0151l, csuh\u00e9j\u00e1b\u00f3l form\u00e1lt hagyom\u00e1nyos csutkababa egyszer\u0171, term\u00e9szetes sz\u00e9ps\u00e9ge \u00e9s a s\u00e1sb\u00f3l fon\u00e1ssal elk\u00e9sz\u00edtett koszor\u00fa nyugalmas ritmusa meghitt, b\u00e9k\u00e9s, otthonos hangulatot \u00e1raszt, ajt\u00f3ra akasztva pedig ezt \u00fczeni a bel\u00e9p\u0151nek: \"Szeretettel fogadlak!\"\nEls\u0151sorban belt\u00e9ri haszn\u00e1latra aj\u00e1nlom.\nM\u00e9rete: 22x28 cm + az akaszt\u00f3","price":"7800.00","unit":"db","recommended":"0","status":"1","sponsored":"0","exp_notify":"0","own_material":"0","own_material_description_old":null,"own_material_description":"","jury":"0","jury_number":"","product_nature":"","meskaracsony":"0","create_date":"2026-08-10 11:50:15","shelve_id":"0","image":"reporta_product_276546_250815094326_456268.jpeg","image_width":"480","image_height":"699","image_alt":"Levendulabab\u00e1s akaszthat\u00f3 d\u00edsz, Csal\u00e1di gazdas\u00e1gunkban termesztett \u00e9s gy\u0171jt\u00f6tt csuh\u00e9b\u00f3l, s\u00e1sb\u00f3l \u00e9s levendul\u00e1b\u00f3l k\u00e9sz\u00edtett akaszthat\u00f3..., Meska","image_title":"Levendulabab\u00e1s akaszthat\u00f3 d\u00edsz, Meska","view_count":"240","favourite_count":"0","trending_score":"0","last2MonthFavouriteCount":"0","promotion":"0","giftcard_accept":"0","creditcard_accept":false,"enhanced_background":"0","domain":"meska","specific_customer_id":null,"specific_customer_name":null,"to_order_product":"1","to_order_product_time":"20","product_different":null,"product_different_description":"","vintage":"0","vintage_category_id":"0","recycled":"1","gemstone_id":"0","customizable":"0","type_category":"physical","zerowaste":"1","postage_price":"2390.00","shop_order":"0","has_category":"1","landing_pages":null,"microdata":{"number":44,"category":""},"title":"Levendulabab\u00e1s akaszthat\u00f3 d\u00edsz","description":"Csal\u00e1di gazdas\u00e1gunkban termesztett \u00e9s gy\u0171jt\u00f6tt csuh\u00e9b\u00f3l, s\u00e1sb\u00f3l \u00e9s levendul\u00e1b\u00f3l k\u00e9sz\u00edtett akaszthat\u00f3 d\u00edsz. A kukorica level\u00e9b\u0151l, csuh\u00e9j\u00e1b\u00f3l form\u00e1lt hagyom\u00e1nyos csutkababa egyszer\u0171, term\u00e9szetes sz\u00e9ps\u00e9ge \u00e9s a s\u00e1sb\u00f3l fon\u00e1ssal elk\u00e9sz\u00edtett koszor\u00fa nyugalmas ritmusa meghitt, b\u00e9k\u00e9s, otthonos hangulatot \u00e1raszt, ajt\u00f3ra akasztva pedig ezt \u00fczeni a bel\u00e9p\u0151nek: \"Szeretettel fogadlak!\"\nEls\u0151sorban belt\u00e9ri haszn\u00e1latra aj\u00e1nlom.\nM\u00e9rete: 22x28 cm + az akaszt\u00f3","score":0,"formatted_price":"7 800 Ft","image_url":"https:\/\/www.meska.hu\/img\/product\/small\/r\/e\/reporta_product_276546_250815094326_456268.jpeg","formatted_url":"https:\/\/www.meska.hu\/p5608051-levendulababas-akaszthato-disz","favourite":false,"in_stock":false,"avatar":"RePorta_avatar_276546_1511173483.jpg","delete_from":0,"is_enhanced_background":false,"is_enhanced":false,"product_selection_started":false,"is_active":true,"image_webp_url":"https:\/\/www.meska.hu\/img\/product\/small\/r\/e\/reporta_product_276546_250815094326_456268.webp"},{"id":"5105917","shop_id":"26841","user_id":"327178","shop_name":"gardonyilevendula","shop_zip":"2483","product_code":"5148257","product_name_old":null,"product_name":"Mini aj\u00e1nd\u00e9kcsomag, fonott dobozk\u00e1ban, feny\u0151var\u00e1zs","category_string":"Otthon & \u00c9letm\u00f3d, Dekor\u00e1ci\u00f3, Asztal \u00e9s polc dekor\u00e1ci\u00f3, D\u00edszdoboz","technic_string":"Fon\u00e1s (csuh\u00e9, gy\u00e9k\u00e9ny, stb.), Szappank\u00e9sz\u00edt\u00e9s","category_1":"813","category_2":"314","category_3":"1467","category_4":"940","merged_category_1":"0","merged_category_2":"0","merged_category_3":"785","technic_1":"482","technic_2":"500","technic_3":"0","color_1":"515","color_2":"529","color_3":"0","product_description_old":null,"product_description":"V\u00e1logat\u00e1s gy\u00f3gyn\u00f6v\u00e9nyes term\u00e9keinkb\u0151l, k\u00e9t praktikus \u00e9s illatos apr\u00f3s\u00e1g egy j\u00f3l haszn\u00e1lhat\u00f3 csinos k\u00f6rnyezetbar\u00e1t dobozk\u00e1ba gy\u0171jtve.\n\nAz \u00e1pol\u00f3 csomagot \u00fajrahasznos\u00edtott pap\u00edrb\u00f3l font, fedeles dobozk\u00e1ba tett\u00fck, melynek teteje szalaggal \u00e1t van f\u0171zve. Ezt a dobozk\u00e1t sokmindenre haszn\u00e1lni tudja m\u00e9g az aj\u00e1nd\u00e9kozott, \u00e9kszereknek, \u00e9dess\u00e9gnek, b\u00e1rmilyen kis kincseknek praktikus, dekorat\u00edv \u00e9s term\u00e9szetes t\u00e1rol\u00f3.\nA csomagb\u00f3l van k\u00e9szleten is, de megrendelhet\u0151k\u00e9nt teszem fel, mivel nagyobb darabsz\u00e1mban is rendelhet\u0151.\n\nTartalma:\n\n1 db ker\u00e1mia illatos\u00edt\u00f3 szett, 2 ml levendula olajjal (ezt sz\u00ednben harmoniz\u00e1lva tessz\u00fck bele a csomagba) A feny\u0151sn\u00e9l sem kar\u00e1csonyi form\u00e1j\u00fa illatos\u00edt\u00f3t csomagolunk!\n\n1 db k\u00e9nyeztet\u0151 szappan (feny\u0151t\u0171olaj \u00e9s \u00e9desnarancs kever\u00e9ke, 60 g, z\u00f6ld sz\u00ednben)\n\n1 db k\u00f6r alak\u00fa fedeles fonott dobozka b\u00e9zs sz\u00ednben (bels\u0151 \u00e1tm\u00e9r\u0151 10 cm, magass\u00e1ga 10 cm)\nA citromf\u00fcves dobozk\u00e1t b\u00e9zs sz\u00edn\u0171 szalaggal k\u00f6tj\u00fck \u00e1t.\n\nTERM\u00c9KEINK ENGED\u00c9LYEZETT, BEVIZSG\u00c1LT TERM\u00c9KEK.\n\nMIN\u0150S\u00c9GBIZTOS\u00cdT\u00c1SI RENDSZER: MSZ EN ISO 22716\/2008\n\nCPNP 4018159\n\nLIMIT\u00c1LT KIAD\u00c1S, EL\u0150RENDELHET\u0150!\nAj\u00e1nd\u00e9kdobozk\u00e1nak tervezt\u00fck ezt a kerek dobozk\u00e1t, bels\u0151 peremes, passzol\u00f3 tet\u0151vel. A tet\u0151 egy szalag bef\u0171z\u00e9s\u00e9vel r\u00f6gz\u00edthet\u0151. A csomagot hozz\u00e1 ill\u0151 log\u00f3s szalagunkkal k\u00e9sz\u00edtj\u00fck.\n\nEgyszer\u0171 letisztult design, \u00edgy a modern otthonokba is passzol\u00f3 dekor\u00e1ci\u00f3, dobozka.\nM\u00e9rete bels\u0151 \u00e1tm\u00e9r\u0151 10 cm, magass\u00e1ga 10 cm.","price":"5500.00","unit":"db","recommended":"0","status":"1","sponsored":"0","exp_notify":"0","own_material":"0","own_material_description_old":null,"own_material_description":"","jury":"0","jury_number":"","product_nature":"","meskaracsony":"0","create_date":"2026-08-09 22:41:57","shelve_id":"67490","image":"gardonyilevendula_product_327178_231128194542_583539.jpeg","image_width":"480","image_height":"320","image_alt":"Mini aj\u00e1nd\u00e9kcsomag, fonott dobozk\u00e1ban, feny\u0151var\u00e1zs, V\u00e1logat\u00e1s gy\u00f3gyn\u00f6v\u00e9nyes term\u00e9keinkb\u0151l, k\u00e9t praktikus \u00e9s illatos apr\u00f3s\u00e1g egy j\u00f3l haszn\u00e1lhat\u00f3 csinos k..., Meska","image_title":"Mini aj\u00e1nd\u00e9kcsomag, fonott dobozk\u00e1ban, feny\u0151var\u00e1zs, Meska","view_count":"1520","favourite_count":"0","trending_score":"0","last2MonthFavouriteCount":"0","promotion":"0","giftcard_accept":"0","creditcard_accept":true,"enhanced_background":"0","domain":"meska","specific_customer_id":null,"specific_customer_name":null,"to_order_product":"1","to_order_product_time":"2","product_different":null,"product_different_description":"","vintage":"0","vintage_category_id":"0","recycled":"1","gemstone_id":"0","customizable":"0","type_category":"physical","zerowaste":"1","postage_price":"1290.00","shop_order":"0","has_category":"1","landing_pages":"Kar\u00e1csonyi aj\u00e1nd\u00e9kok, Kar\u00e1csonyi aj\u00e1nd\u00e9kok","microdata":{"number":45,"category":""},"title":"Mini aj\u00e1nd\u00e9kcsomag, fonott dobozk\u00e1ban, feny\u0151var\u00e1zs","description":"V\u00e1logat\u00e1s gy\u00f3gyn\u00f6v\u00e9nyes term\u00e9keinkb\u0151l, k\u00e9t praktikus \u00e9s illatos apr\u00f3s\u00e1g egy j\u00f3l haszn\u00e1lhat\u00f3 csinos k\u00f6rnyezetbar\u00e1t dobozk\u00e1ba gy\u0171jtve.\n\nAz \u00e1pol\u00f3 csomagot \u00fajrahasznos\u00edtott pap\u00edrb\u00f3l font, fedeles dobozk\u00e1ba tett\u00fck, melynek teteje szalaggal \u00e1t van f\u0171zve. Ezt a dobozk\u00e1t sokmindenre haszn\u00e1lni tudja m\u00e9g az aj\u00e1nd\u00e9kozott, \u00e9kszereknek, \u00e9dess\u00e9gnek, b\u00e1rmilyen kis kincseknek praktikus, dekorat\u00edv \u00e9s term\u00e9szetes t\u00e1rol\u00f3.\nA csomagb\u00f3l van k\u00e9szleten is, de megrendelhet\u0151k\u00e9nt teszem fel, mivel nagyobb darabsz\u00e1mban is rendelhet\u0151.\n\nTartalma:\n\n1 db ker\u00e1mia illatos\u00edt\u00f3 szett, 2 ml levendula olajjal (ezt sz\u00ednben harmoniz\u00e1lva tessz\u00fck bele a csomagba) A feny\u0151sn\u00e9l sem kar\u00e1csonyi form\u00e1j\u00fa illatos\u00edt\u00f3t csomagolunk!\n\n1 db k\u00e9nyeztet\u0151 szappan (feny\u0151t\u0171olaj \u00e9s \u00e9desnarancs kever\u00e9ke, 60 g, z\u00f6ld sz\u00ednben)\n\n1 db k\u00f6r alak\u00fa fedeles fonott dobozka b\u00e9zs sz\u00ednben (bels\u0151 \u00e1tm\u00e9r\u0151 10 cm, magass\u00e1ga 10 cm)\nA citromf\u00fcves dobozk\u00e1t b\u00e9zs sz\u00edn\u0171 szalaggal k\u00f6tj\u00fck \u00e1t.\n\nTERM\u00c9KEINK ENGED\u00c9LYEZETT, BEVIZSG\u00c1LT TERM\u00c9KEK.\n\nMIN\u0150S\u00c9GBIZTOS\u00cdT\u00c1SI RENDSZER: MSZ EN ISO 22716\/2008\n\nCPNP 4018159\n\nLIMIT\u00c1LT KIAD\u00c1S, EL\u0150RENDELHET\u0150!\nAj\u00e1nd\u00e9kdobozk\u00e1nak tervezt\u00fck ezt a kerek dobozk\u00e1t, bels\u0151 peremes, passzol\u00f3 tet\u0151vel. A tet\u0151 egy szalag bef\u0171z\u00e9s\u00e9vel r\u00f6gz\u00edthet\u0151. A csomagot hozz\u00e1 ill\u0151 log\u00f3s szalagunkkal k\u00e9sz\u00edtj\u00fck.\n\nEgyszer\u0171 letisztult design, \u00edgy a modern otthonokba is passzol\u00f3 dekor\u00e1ci\u00f3, dobozka.\nM\u00e9rete bels\u0151 \u00e1tm\u00e9r\u0151 10 cm, magass\u00e1ga 10 cm.","score":0,"formatted_price":"5 500 Ft","image_url":"https:\/\/www.meska.hu\/img\/product\/small\/g\/a\/gardonyilevendula_product_327178_231128194542_583539.jpeg","formatted_url":"https:\/\/www.meska.hu\/p5148257-mini-ajandekcsomag-fonott-dobozkaban-fenyovarazs-cegeknek-kollegalnak-baratoknak","favourite":false,"in_stock":false,"avatar":"327178_avatar_1782303777.jpeg","delete_from":0,"is_enhanced_background":false,"is_enhanced":false,"product_selection_started":false,"is_active":true,"image_webp_url":"https:\/\/www.meska.hu\/img\/product\/small\/g\/a\/gardonyilevendula_product_327178_231128194542_583539.webp"},{"id":"5003629","shop_id":"26841","user_id":"327178","shop_name":"gardonyilevendula","shop_zip":"2483","product_code":"5083560","product_name_old":null,"product_name":"Mini aj\u00e1nd\u00e9kcsomag, fonott dobozk\u00e1ban, citromf\u00fcves, c\u00e9geknek, koll\u00e9g\u00e1lnak, bar\u00e1toknak","category_string":"Sz\u00e9ps\u00e9g\u00e1pol\u00e1s, Kozmetikai aj\u00e1nd\u00e9kcsomag","technic_string":"Fon\u00e1s (csuh\u00e9, gy\u00e9k\u00e9ny, stb.), Szappank\u00e9sz\u00edt\u00e9s","category_1":"454","category_2":"915","category_3":"0","category_4":"0","merged_category_1":"0","merged_category_2":"0","merged_category_3":"785","technic_1":"482","technic_2":"500","technic_3":"0","color_1":"515","color_2":"528","color_3":"529","product_description_old":null,"product_description":"V\u00e1logat\u00e1s gy\u00f3gyn\u00f6v\u00e9nyes term\u00e9keinkb\u0151l, k\u00e9t praktikus \u00e9s illatos apr\u00f3s\u00e1g egy j\u00f3l haszn\u00e1lhat\u00f3 csinos k\u00f6rnyezetbar\u00e1t dobozk\u00e1ba gy\u0171jtve.\n\nAz \u00e1pol\u00f3 csomagot \u00fajrahasznos\u00edtott pap\u00edrb\u00f3l font, fedeles dobozk\u00e1ba tett\u00fck, melynek teteje szalaggal \u00e1t van f\u0171zve. Ezt a dobozk\u00e1t sokmindenre haszn\u00e1lni tudja m\u00e9g az aj\u00e1nd\u00e9kozott, \u00e9kszereknek, \u00e9dess\u00e9gnek, b\u00e1rmilyen kis kincseknek praktikus, dekorat\u00edv \u00e9s term\u00e9szetes t\u00e1rol\u00f3.\nA csomagb\u00f3l van k\u00e9szleten is, de megrendelhet\u0151k\u00e9nt teszem fel, mivel nagyobb darabsz\u00e1mban is rendelhet\u0151.\n\nTartalma:\n\n1 db ker\u00e1mia illatos\u00edt\u00f3 szett, 2 ml levendula olajjal (ezt sz\u00ednben harmoniz\u00e1lva tessz\u00fck bele a csomagba)\n\n1 db k\u00e9nyeztet\u0151 szappan (citromf\u0171-rozmaring, 60 g, t\u00fcrkiz sz\u00ednben)\n\n1 db k\u00f6r alak\u00fa fedeles fonott dobozka b\u00e9zs sz\u00ednben (bels\u0151 \u00e1tm\u00e9r\u0151 10 cm, magass\u00e1ga 10 cm)\nA citromf\u00fcves dobozk\u00e1t b\u00e9zs sz\u00edn\u0171 szalaggal k\u00f6tj\u00fck \u00e1t.\n\nTERM\u00c9KEINK ENGED\u00c9LYEZETT, BEVIZSG\u00c1LT TERM\u00c9KEK.\n\nMIN\u0150S\u00c9GBIZTOS\u00cdT\u00c1SI RENDSZER: MSZ EN ISO 22716\/2008\n\nCPNP 4018159\n\nLIMIT\u00c1LT KIAD\u00c1S, EL\u0150RENDELHET\u0150!\nAj\u00e1nd\u00e9kdobozk\u00e1nak tervezt\u00fck ezt a kerek dobozk\u00e1t, bels\u0151 peremes, passzol\u00f3 tet\u0151vel. A tet\u0151 egy szalag bef\u0171z\u00e9s\u00e9vel r\u00f6gz\u00edthet\u0151. A csomagot hozz\u00e1 ill\u0151 log\u00f3s szalagunkkal k\u00e9sz\u00edtj\u00fck.\n\nEgyszer\u0171 letisztult design, \u00edgy a modern otthonokba is passzol\u00f3 dekor\u00e1ci\u00f3, dobozka.\nM\u00e9rete bels\u0151 \u00e1tm\u00e9r\u0151 10 cm, magass\u00e1ga 10 cm.","price":"5500.00","unit":"db","recommended":"0","status":"1","sponsored":"0","exp_notify":"0","own_material":"0","own_material_description_old":null,"own_material_description":"","jury":"0","jury_number":"","product_nature":"","meskaracsony":"0","create_date":"2026-08-09 22:41:50","shelve_id":"67490","image":"gardonyilevendula_product_327178_231126104636_259628.jpeg","image_width":"480","image_height":"319","image_alt":"Mini aj\u00e1nd\u00e9kcsomag, fonott dobozk\u00e1ban, citromf\u00fcves, c\u00e9geknek, koll\u00e9g\u00e1lnak, bar\u00e1toknak, V\u00e1logat\u00e1s gy\u00f3gyn\u00f6v\u00e9nyes term\u00e9keinkb\u0151l, k\u00e9t praktikus \u00e9s illatos apr\u00f3s\u00e1g egy j\u00f3l haszn\u00e1lhat\u00f3 csinos k..., Meska","image_title":"Mini aj\u00e1nd\u00e9kcsomag, fonott dobozk\u00e1ban, citromf\u00fcves, c\u00e9geknek, koll\u00e9g\u00e1lnak, bar\u00e1toknak, Meska","view_count":"2098","favourite_count":"0","trending_score":"0","last2MonthFavouriteCount":"0","promotion":"0","giftcard_accept":"0","creditcard_accept":true,"enhanced_background":"0","domain":"meska","specific_customer_id":null,"specific_customer_name":null,"to_order_product":"1","to_order_product_time":"2","product_different":null,"product_different_description":"","vintage":"0","vintage_category_id":"0","recycled":"1","gemstone_id":"0","customizable":"0","type_category":"physical","zerowaste":"1","postage_price":"1290.00","shop_order":"0","has_category":"1","landing_pages":"Ballag\u00e1si aj\u00e1nd\u00e9kok \u00e9s kieg\u00e9sz\u00edt\u0151k, Kar\u00e1csonyi aj\u00e1nd\u00e9kok, Sz\u00fclinapi aj\u00e1nd\u00e9kok","microdata":{"number":46,"category":""},"title":"Mini aj\u00e1nd\u00e9kcsomag, fonott dobozk\u00e1ban, citromf\u00fcves, c\u00e9geknek, koll\u00e9g\u00e1lnak, bar\u00e1toknak","description":"V\u00e1logat\u00e1s gy\u00f3gyn\u00f6v\u00e9nyes term\u00e9keinkb\u0151l, k\u00e9t praktikus \u00e9s illatos apr\u00f3s\u00e1g egy j\u00f3l haszn\u00e1lhat\u00f3 csinos k\u00f6rnyezetbar\u00e1t dobozk\u00e1ba gy\u0171jtve.\n\nAz \u00e1pol\u00f3 csomagot \u00fajrahasznos\u00edtott pap\u00edrb\u00f3l font, fedeles dobozk\u00e1ba tett\u00fck, melynek teteje szalaggal \u00e1t van f\u0171zve. Ezt a dobozk\u00e1t sokmindenre haszn\u00e1lni tudja m\u00e9g az aj\u00e1nd\u00e9kozott, \u00e9kszereknek, \u00e9dess\u00e9gnek, b\u00e1rmilyen kis kincseknek praktikus, dekorat\u00edv \u00e9s term\u00e9szetes t\u00e1rol\u00f3.\nA csomagb\u00f3l van k\u00e9szleten is, de megrendelhet\u0151k\u00e9nt teszem fel, mivel nagyobb darabsz\u00e1mban is rendelhet\u0151.\n\nTartalma:\n\n1 db ker\u00e1mia illatos\u00edt\u00f3 szett, 2 ml levendula olajjal (ezt sz\u00ednben harmoniz\u00e1lva tessz\u00fck bele a csomagba)\n\n1 db k\u00e9nyeztet\u0151 szappan (citromf\u0171-rozmaring, 60 g, t\u00fcrkiz sz\u00ednben)\n\n1 db k\u00f6r alak\u00fa fedeles fonott dobozka b\u00e9zs sz\u00ednben (bels\u0151 \u00e1tm\u00e9r\u0151 10 cm, magass\u00e1ga 10 cm)\nA citromf\u00fcves dobozk\u00e1t b\u00e9zs sz\u00edn\u0171 szalaggal k\u00f6tj\u00fck \u00e1t.\n\nTERM\u00c9KEINK ENGED\u00c9LYEZETT, BEVIZSG\u00c1LT TERM\u00c9KEK.\n\nMIN\u0150S\u00c9GBIZTOS\u00cdT\u00c1SI RENDSZER: MSZ EN ISO 22716\/2008\n\nCPNP 4018159\n\nLIMIT\u00c1LT KIAD\u00c1S, EL\u0150RENDELHET\u0150!\nAj\u00e1nd\u00e9kdobozk\u00e1nak tervezt\u00fck ezt a kerek dobozk\u00e1t, bels\u0151 peremes, passzol\u00f3 tet\u0151vel. A tet\u0151 egy szalag bef\u0171z\u00e9s\u00e9vel r\u00f6gz\u00edthet\u0151. A csomagot hozz\u00e1 ill\u0151 log\u00f3s szalagunkkal k\u00e9sz\u00edtj\u00fck.\n\nEgyszer\u0171 letisztult design, \u00edgy a modern otthonokba is passzol\u00f3 dekor\u00e1ci\u00f3, dobozka.\nM\u00e9rete bels\u0151 \u00e1tm\u00e9r\u0151 10 cm, magass\u00e1ga 10 cm.","score":0,"formatted_price":"5 500 Ft","image_url":"https:\/\/www.meska.hu\/img\/product\/small\/g\/a\/gardonyilevendula_product_327178_231126104636_259628.jpeg","formatted_url":"https:\/\/www.meska.hu\/p5083560-mini-ajandekcsomag-fonott-dobozkaban-citromfuves-cegeknek-kollegalnak-baratoknak","favourite":false,"in_stock":false,"avatar":"327178_avatar_1782303777.jpeg","delete_from":0,"is_enhanced_background":false,"is_enhanced":false,"product_selection_started":false,"is_active":true,"image_webp_url":"https:\/\/www.meska.hu\/img\/product\/small\/g\/a\/gardonyilevendula_product_327178_231126104636_259628.webp"},{"id":"4824105","shop_id":"40458","user_id":"562106","shop_name":"ZsannaDekor","shop_zip":"1142","product_code":"4970205","product_name_old":null,"product_name":"Isten hozott kopogtat\u00f3","category_string":"Otthon & \u00c9letm\u00f3d, Dekor\u00e1ci\u00f3, Ajt\u00f3- \u00e9s ablak dekor\u00e1ci\u00f3, Ajt\u00f3d\u00edsz & Kopogtat\u00f3","technic_string":"Fon\u00e1s (csuh\u00e9, gy\u00e9k\u00e9ny, stb.), \u00dajrahasznos\u00edtott alapanyagb\u00f3l k\u00e9sz\u00fclt term\u00e9kek","category_1":"813","category_2":"314","category_3":"1468","category_4":"790","merged_category_1":"0","merged_category_2":"0","merged_category_3":"785","technic_1":"482","technic_2":"504","technic_3":"0","color_1":"514","color_2":"522","color_3":"0","product_description_old":null,"product_description":"Melt\u00f3 d\u00edsze lesz otthonodnak \u00e9s a hozz\u00e1d \u00e9rkez\u0151ket melegseggel t\u00f6lti el ez a fa keretre pap\u00edrfon\u00e1s technik\u00e1val k\u00e9sz\u00edtett nagyobb m\u00e9ret\u0171 kopogtat\u00f3.\n\n\u00c1tm\u00e9r\u0151je 24 cm.\n\nBp. 14.ker\u00fcletben szem\u00e9lyesen is \u00e1t tudom adni.","price":"3500.00","unit":"db","recommended":"0","status":"1","sponsored":"0","exp_notify":"0","own_material":"0","own_material_description_old":null,"own_material_description":"","jury":"0","jury_number":"","product_nature":"","meskaracsony":"0","create_date":"2026-08-09 21:41:48","shelve_id":"0","image":"zsannadekor_product_562106_250501180302_599853.jpeg","image_width":"480","image_height":"360","image_alt":"Isten hozott kopogtat\u00f3, Melt\u00f3 d\u00edsze lesz otthonodnak \u00e9s a hozz\u00e1d \u00e9rkez\u0151ket melegseggel t\u00f6lti el ez a fa keretre pap\u00edrfon\u00e1s t..., Meska","image_title":"Isten hozott kopogtat\u00f3, Meska","view_count":"923","favourite_count":"0","trending_score":"0","last2MonthFavouriteCount":"0","promotion":"0","giftcard_accept":"0","creditcard_accept":false,"enhanced_background":"0","domain":"meska","specific_customer_id":null,"specific_customer_name":null,"to_order_product":"0","to_order_product_time":"0","product_different":null,"product_different_description":"","vintage":"0","vintage_category_id":"0","recycled":"1","gemstone_id":"0","customizable":"0","type_category":"physical","zerowaste":"1","postage_price":"1290.00","shop_order":"0","has_category":"1","landing_pages":null,"microdata":{"number":47,"category":""},"title":"Isten hozott kopogtat\u00f3","description":"Melt\u00f3 d\u00edsze lesz otthonodnak \u00e9s a hozz\u00e1d \u00e9rkez\u0151ket melegseggel t\u00f6lti el ez a fa keretre pap\u00edrfon\u00e1s technik\u00e1val k\u00e9sz\u00edtett nagyobb m\u00e9ret\u0171 kopogtat\u00f3.\n\n\u00c1tm\u00e9r\u0151je 24 cm.\n\nBp. 14.ker\u00fcletben szem\u00e9lyesen is \u00e1t tudom adni.","score":0,"formatted_price":"3 500 Ft","image_url":"https:\/\/www.meska.hu\/img\/product\/small\/z\/s\/zsannadekor_product_562106_250501180302_599853.jpeg","formatted_url":"https:\/\/www.meska.hu\/p4970205-edes-otthon-kopogtato","favourite":false,"in_stock":true,"avatar":"ZsannaDekor_avatar_562106_1678138852.jpg","delete_from":0,"is_enhanced_background":false,"is_enhanced":false,"product_selection_started":false,"is_active":true,"image_webp_url":"https:\/\/www.meska.hu\/img\/product\/small\/z\/s\/zsannadekor_product_562106_250501180302_599853.webp"},{"id":"4790060","shop_id":"40458","user_id":"562106","shop_name":"ZsannaDekor","shop_zip":"1142","product_code":"4954016","product_name_old":null,"product_name":"\u00c9des Otthon kopogtat\u00f3","category_string":"Otthon & \u00c9letm\u00f3d, Dekor\u00e1ci\u00f3, Ajt\u00f3- \u00e9s ablak dekor\u00e1ci\u00f3, Ajt\u00f3d\u00edsz & Kopogtat\u00f3","technic_string":"Fon\u00e1s (csuh\u00e9, gy\u00e9k\u00e9ny, stb.), \u00dajrahasznos\u00edtott alapanyagb\u00f3l k\u00e9sz\u00fclt term\u00e9kek","category_1":"813","category_2":"314","category_3":"1468","category_4":"790","merged_category_1":"0","merged_category_2":"0","merged_category_3":"785","technic_1":"482","technic_2":"504","technic_3":"0","color_1":"519","color_2":"568","color_3":"527","product_description_old":null,"product_description":"\nMelt\u00f3 d\u00edsze lesz otthonodnak \u00e9s a hozz\u00e1d erkez\u0151ket melegseggel t\u00f6lti el ez a fa keretre pap\u00edrfon\u00e1s technik\u00e1val k\u00e9sz\u00edtett nagyobb m\u00e9ret\u0171 kopogtat\u00f3.\n\n\u00c1tm\u00e9r\u0151je 24 cm.\n\nBp. 14.ker\u00fcletben szem\u00e9lyesen is \u00e1t tudom adni.","price":"3500.00","unit":"db","recommended":"0","status":"1","sponsored":"0","exp_notify":"0","own_material":"0","own_material_description_old":null,"own_material_description":"","jury":"0","jury_number":"","product_nature":"","meskaracsony":"0","create_date":"2026-08-09 21:41:42","shelve_id":"0","image":"zsannadekor_product_562106_230413104954_04577.jpeg","image_width":"480","image_height":"640","image_alt":"\u00c9des Otthon kopogtat\u00f3, \\nMelt\u00f3 d\u00edsze lesz otthonodnak \u00e9s a hozz\u00e1d erkez\u0151ket melegseggel t\u00f6lti el ez a fa keretre pap\u00edrfon\u00e1s ..., Meska","image_title":"\u00c9des Otthon kopogtat\u00f3, Meska","view_count":"948","favourite_count":"0","trending_score":"0","last2MonthFavouriteCount":"0","promotion":"0","giftcard_accept":"0","creditcard_accept":false,"enhanced_background":"0","domain":"meska","specific_customer_id":null,"specific_customer_name":null,"to_order_product":"1","to_order_product_time":"10","product_different":null,"product_different_description":"","vintage":"0","vintage_category_id":"0","recycled":"1","gemstone_id":"0","customizable":"0","type_category":"physical","zerowaste":"1","postage_price":"1290.00","shop_order":"0","has_category":"1","landing_pages":null,"microdata":{"number":48,"category":""},"title":"\u00c9des Otthon kopogtat\u00f3","description":"\nMelt\u00f3 d\u00edsze lesz otthonodnak \u00e9s a hozz\u00e1d erkez\u0151ket melegseggel t\u00f6lti el ez a fa keretre pap\u00edrfon\u00e1s technik\u00e1val k\u00e9sz\u00edtett nagyobb m\u00e9ret\u0171 kopogtat\u00f3.\n\n\u00c1tm\u00e9r\u0151je 24 cm.\n\nBp. 14.ker\u00fcletben szem\u00e9lyesen is \u00e1t tudom adni.","score":0,"formatted_price":"3 500 Ft","image_url":"https:\/\/www.meska.hu\/img\/product\/small\/z\/s\/zsannadekor_product_562106_230413104954_04577.jpeg","formatted_url":"https:\/\/www.meska.hu\/p4954016-edes-otthon-kopogtato","favourite":false,"in_stock":false,"avatar":"ZsannaDekor_avatar_562106_1678138852.jpg","delete_from":0,"is_enhanced_background":false,"is_enhanced":false,"product_selection_started":false,"is_active":true,"image_webp_url":"https:\/\/www.meska.hu\/img\/product\/small\/z\/s\/zsannadekor_product_562106_230413104954_04577.webp"},{"id":"4942789","shop_id":"38745","user_id":"499886","shop_name":"Sasafonomuhelye","shop_zip":"2377","product_code":"5041284","product_name_old":null,"product_name":"Fonott kosarak pap\u00edrfon\u00e1ssal h\u00e1rom darabos szett","category_string":"Otthon & \u00c9letm\u00f3d, T\u00e1rol\u00e1s & Rendszerez\u00e9s, T\u00e1rol\u00f3kos\u00e1r","technic_string":"Fon\u00e1s (csuh\u00e9, gy\u00e9k\u00e9ny, stb.)","category_1":"813","category_2":"426","category_3":"428","category_4":"0","merged_category_1":null,"merged_category_2":null,"merged_category_3":null,"technic_1":"482","technic_2":"0","technic_3":"0","color_1":"514","color_2":"534","color_3":"0","product_description_old":null,"product_description":"Pap\u00edrfon\u00e1ssal k\u00e9sz\u00fclt t\u00e1rol\u00f3 kosarak. Egyedi, k\u00e9zm\u0171ves term\u00e9k. H\u00e1rom darabot tartalmaz a szett, amely egy\u00e9ni ig\u00e9ny szerint haszn\u00e1lhat\u00f3, ak\u00e1r keny\u00e9r, gy\u00fcm\u00f6lcs, ev\u0151eszk\u00f6z\u00f6k t\u00e1rol\u00e1s\u00e1hoz. Nagyszer\u0171 aj\u00e1nd\u00e9k lehet. A sz\u00edn term\u00e9szetes hat\u00e1s\u00fa, v\u00f6r\u00f6ses barna. Az eszk\u00f6ztart\u00f3 16 cm magas, 11,5 cm \u00e1tm\u00e9r\u0151vel, a r\u00e1csos kos\u00e1r 12,5 cm magas, 17 cm \u00e1tm\u00e9r\u0151, a keny\u00e9rkos\u00e1r ferde oldallal: 22 cm \u00e1tm\u00e9r\u0151, 7 cm magas. Nedves szivaccsal megfelel\u0151en tiszt\u00edthat\u00f3.","price":"10000.00","unit":"db","recommended":"0","status":"1","sponsored":"0","exp_notify":"0","own_material":"0","own_material_description_old":null,"own_material_description":"","jury":"0","jury_number":"","product_nature":"","meskaracsony":"0","create_date":"2026-08-09 18:24:11","shelve_id":"73337","image":"sasafonomuhelye_product_499886_230818152119_135930.jpeg","image_width":"480","image_height":"640","image_alt":"Fonott kosarak pap\u00edrfon\u00e1ssal h\u00e1rom darabos szett, Pap\u00edrfon\u00e1ssal k\u00e9sz\u00fclt t\u00e1rol\u00f3 kosarak. Egyedi, k\u00e9zm\u0171ves term\u00e9k. H\u00e1rom darabot tartalmaz a szett, amel..., Meska","image_title":"Fonott kosarak pap\u00edrfon\u00e1ssal h\u00e1rom darabos szett, Meska","view_count":"1227","favourite_count":"0","trending_score":"0","last2MonthFavouriteCount":"0","promotion":"209","giftcard_accept":"0","creditcard_accept":true,"enhanced_background":"0","domain":"meska","specific_customer_id":null,"specific_customer_name":null,"to_order_product":"0","to_order_product_time":"0","product_different":null,"product_different_description":"","vintage":"0","vintage_category_id":"0","recycled":"0","gemstone_id":"0","customizable":"0","type_category":"physical","zerowaste":"0","postage_price":"1290.00","shop_order":"0","has_category":"1","landing_pages":null,"microdata":{"number":49,"category":""},"title":"Fonott kosarak pap\u00edrfon\u00e1ssal h\u00e1rom darabos szett","description":"Pap\u00edrfon\u00e1ssal k\u00e9sz\u00fclt t\u00e1rol\u00f3 kosarak. Egyedi, k\u00e9zm\u0171ves term\u00e9k. H\u00e1rom darabot tartalmaz a szett, amely egy\u00e9ni ig\u00e9ny szerint haszn\u00e1lhat\u00f3, ak\u00e1r keny\u00e9r, gy\u00fcm\u00f6lcs, ev\u0151eszk\u00f6z\u00f6k t\u00e1rol\u00e1s\u00e1hoz. Nagyszer\u0171 aj\u00e1nd\u00e9k lehet. A sz\u00edn term\u00e9szetes hat\u00e1s\u00fa, v\u00f6r\u00f6ses barna. Az eszk\u00f6ztart\u00f3 16 cm magas, 11,5 cm \u00e1tm\u00e9r\u0151vel, a r\u00e1csos kos\u00e1r 12,5 cm magas, 17 cm \u00e1tm\u00e9r\u0151, a keny\u00e9rkos\u00e1r ferde oldallal: 22 cm \u00e1tm\u00e9r\u0151, 7 cm magas. Nedves szivaccsal megfelel\u0151en tiszt\u00edthat\u00f3.","score":0,"formatted_price":"10 000 Ft","image_url":"https:\/\/www.meska.hu\/img\/product\/small\/s\/a\/sasafonomuhelye_product_499886_230818152119_135930.jpeg","formatted_url":"https:\/\/www.meska.hu\/p5041284-fonott-kosarak-papirfonassal-harom-darabos-szett","favourite":false,"in_stock":true,"avatar":"499886_avatar_1693338005.jpeg","delete_from":0,"is_enhanced_background":false,"is_enhanced":false,"product_selection_started":false,"original_price":"10 000 Ft","promotion_percentage":"-10%","promoted_price":"9 000 Ft","promoted_price_sup":"10","ribbon":"https:\/\/www.meska.hu\/img\/promotionbanners\/GQTXZHEC0\/product_ribbon_10_1785231767.svg","is_active":true,"image_webp_url":"https:\/\/www.meska.hu\/img\/product\/small\/s\/a\/sasafonomuhelye_product_499886_230818152119_135930.webp"},{"id":"4534176","shop_id":"38745","user_id":"499886","shop_name":"Sasafonomuhelye","shop_zip":"2377","product_code":"4804419","product_name_old":null,"product_name":"Fonott k\u00e9zm\u0171ves kos\u00e1r pap\u00edrfon\u00e1ssal ","category_string":"Otthon & \u00c9letm\u00f3d, T\u00e1rol\u00e1s & Rendszerez\u00e9s, T\u00e1rol\u00f3kos\u00e1r","technic_string":"Fon\u00e1s (csuh\u00e9, gy\u00e9k\u00e9ny, stb.)","category_1":"813","category_2":"426","category_3":"428","category_4":"0","merged_category_1":null,"merged_category_2":null,"merged_category_3":null,"technic_1":"482","technic_2":"0","technic_3":"0","color_1":"519","color_2":"520","color_3":"527","product_description_old":null,"product_description":"30 cm \u00e1tm\u00e9r\u0151j\u0171 g\u00f6mb\u00f6ly\u0171 kos\u00e1r feh\u00e9r \u00e9s sz\u00fcrke sz\u00ednek kombin\u00e1ci\u00f3j\u00e1val, amely a lak\u00e1s dekorat\u00edv kieg\u00e9sz\u00edt\u0151je lehet. Haszn\u00e1lhat\u00f3 gy\u00fcm\u00f6lcs, p\u00e9k\u00e1ru, vagy egy\u00e9b m\u00e1s dolog t\u00e1rol\u00e1s\u00e1ra ig\u00e9ny szerint. Egyedi, k\u00e9zm\u0171ves term\u00e9k. Pap\u00edrfon\u00e1ssal k\u00e9sz\u00fclt, er\u0151s oldallal \u00e9s als\u00f3 r\u00e9sszel. Nedves szivaccsal tiszt\u00edthat\u00f3, de az \u00e1ztat\u00e1st\u00f3l \u00f3vjuk. ","price":"8000.00","unit":"db","recommended":"0","status":"1","sponsored":"0","exp_notify":"0","own_material":"0","own_material_description_old":null,"own_material_description":"","jury":"0","jury_number":"","product_nature":"","meskaracsony":"0","create_date":"2026-08-09 18:24:04","shelve_id":"73337","image":"sasafonomuhelye_product_499886_221011180142_632178.jpeg","image_width":"480","image_height":"1066","image_alt":"Fonott k\u00e9zm\u0171ves kos\u00e1r pap\u00edrfon\u00e1ssal , 30 cm \u00e1tm\u00e9r\u0151j\u0171 g\u00f6mb\u00f6ly\u0171 kos\u00e1r feh\u00e9r \u00e9s sz\u00fcrke sz\u00ednek kombin\u00e1ci\u00f3j\u00e1val, amely a lak\u00e1s dekorat\u00edv kieg\u00e9s..., Meska","image_title":"Fonott k\u00e9zm\u0171ves kos\u00e1r pap\u00edrfon\u00e1ssal , Meska","view_count":"1451","favourite_count":"0","trending_score":"0","last2MonthFavouriteCount":"0","promotion":"209","giftcard_accept":"0","creditcard_accept":true,"enhanced_background":"0","domain":"meska","specific_customer_id":null,"specific_customer_name":null,"to_order_product":"0","to_order_product_time":"0","product_different":null,"product_different_description":"","vintage":"0","vintage_category_id":"0","recycled":"0","gemstone_id":"0","customizable":"0","type_category":"physical","zerowaste":"0","postage_price":"1290.00","shop_order":"0","has_category":"1","landing_pages":null,"microdata":{"number":50,"category":""},"title":"Fonott k\u00e9zm\u0171ves kos\u00e1r pap\u00edrfon\u00e1ssal ","description":"30 cm \u00e1tm\u00e9r\u0151j\u0171 g\u00f6mb\u00f6ly\u0171 kos\u00e1r feh\u00e9r \u00e9s sz\u00fcrke sz\u00ednek kombin\u00e1ci\u00f3j\u00e1val, amely a lak\u00e1s dekorat\u00edv kieg\u00e9sz\u00edt\u0151je lehet. Haszn\u00e1lhat\u00f3 gy\u00fcm\u00f6lcs, p\u00e9k\u00e1ru, vagy egy\u00e9b m\u00e1s dolog t\u00e1rol\u00e1s\u00e1ra ig\u00e9ny szerint. Egyedi, k\u00e9zm\u0171ves term\u00e9k. Pap\u00edrfon\u00e1ssal k\u00e9sz\u00fclt, er\u0151s oldallal \u00e9s als\u00f3 r\u00e9sszel. Nedves szivaccsal tiszt\u00edthat\u00f3, de az \u00e1ztat\u00e1st\u00f3l \u00f3vjuk. ","score":0,"formatted_price":"8 000 Ft","image_url":"https:\/\/www.meska.hu\/img\/product\/small\/s\/a\/sasafonomuhelye_product_499886_221011180142_632178.jpeg","formatted_url":"https:\/\/www.meska.hu\/p4804419-fonott-kezmuves-kosar-papirfonassal","favourite":false,"in_stock":true,"avatar":"499886_avatar_1693338005.jpeg","delete_from":0,"is_enhanced_background":false,"is_enhanced":false,"product_selection_started":false,"original_price":"8 000 Ft","promotion_percentage":"-10%","promoted_price":"7 200 Ft","promoted_price_sup":"10","ribbon":"https:\/\/www.meska.hu\/img\/promotionbanners\/GQTXZHEC0\/product_ribbon_10_1785231767.svg","is_active":true,"image_webp_url":"https:\/\/www.meska.hu\/img\/product\/small\/s\/a\/sasafonomuhelye_product_499886_221011180142_632178.webp"},{"id":"6321027","shop_id":"34187","user_id":"404039","shop_name":"Magdas","shop_zip":"5000","product_code":"5847339","product_name_old":null,"product_name":"Z\u00f6ld sz\u00edn\u0171 f\u0171zvessz\u0151 t\u00e1rol\u00f3kos\u00e1r","category_string":"Otthon & \u00c9letm\u00f3d, T\u00e1rol\u00e1s & Rendszerez\u00e9s, T\u00e1rol\u00f3kos\u00e1r","technic_string":"Fon\u00e1s (csuh\u00e9, gy\u00e9k\u00e9ny, stb.)","category_1":"813","category_2":"426","category_3":"428","category_4":"0","merged_category_1":null,"merged_category_2":null,"merged_category_3":null,"technic_1":"482","technic_2":"0","technic_3":"0","color_1":"529","color_2":"0","color_3":"0","product_description_old":null,"product_description":"Magass\u00e1ga: 14 cm\n\u00c1tm\u00e9r\u0151je: 34 cm\nEr\u0151s, dekorat\u00edv, alkalmas gy\u00fcm\u00f6lcs, z\u00f6lds\u00e9g, j\u00e1t\u00e9k t\u00e1rol\u00e1s\u00e1ra, vir\u00e1gkos\u00e1rnak, stb.","price":"4500.00","unit":"db","recommended":"0","status":"1","sponsored":"0","exp_notify":"0","own_material":"0","own_material_description_old":null,"own_material_description":"","jury":"0","jury_number":"","product_nature":"","meskaracsony":"0","create_date":"2026-08-09 13:12:48","shelve_id":"0","image":"magdas_product_404039_250716182803_89928.jpeg","image_width":"480","image_height":"268","image_alt":"Z\u00f6ld sz\u00edn\u0171 f\u0171zvessz\u0151 t\u00e1rol\u00f3kos\u00e1r, Magass\u00e1ga: 14 cm\\n\u00c1tm\u00e9r\u0151je: 34 cm\\nEr\u0151s, dekorat\u00edv, alkalmas gy\u00fcm\u00f6lcs, z\u00f6lds\u00e9g, j\u00e1t\u00e9k t\u00e1rol\u00e1s\u00e1ra, vir\u00e1..., Meska","image_title":"Z\u00f6ld sz\u00edn\u0171 f\u0171zvessz\u0151 t\u00e1rol\u00f3kos\u00e1r, Meska","view_count":"48","favourite_count":"0","trending_score":"0","last2MonthFavouriteCount":"0","promotion":"0","giftcard_accept":"0","creditcard_accept":false,"enhanced_background":"0","domain":"meska","specific_customer_id":null,"specific_customer_name":null,"to_order_product":"0","to_order_product_time":"0","product_different":null,"product_different_description":"","vintage":"0","vintage_category_id":"0","recycled":"0","gemstone_id":"0","customizable":"0","type_category":"physical","zerowaste":"0","postage_price":"2499.00","shop_order":"0","has_category":"1","landing_pages":null,"microdata":{"number":51,"category":""},"title":"Z\u00f6ld sz\u00edn\u0171 f\u0171zvessz\u0151 t\u00e1rol\u00f3kos\u00e1r","description":"Magass\u00e1ga: 14 cm\n\u00c1tm\u00e9r\u0151je: 34 cm\nEr\u0151s, dekorat\u00edv, alkalmas gy\u00fcm\u00f6lcs, z\u00f6lds\u00e9g, j\u00e1t\u00e9k t\u00e1rol\u00e1s\u00e1ra, vir\u00e1gkos\u00e1rnak, stb.","score":0,"formatted_price":"4 500 Ft","image_url":"https:\/\/www.meska.hu\/img\/product\/small\/m\/a\/magdas_product_404039_250716182803_89928.jpeg","formatted_url":"https:\/\/www.meska.hu\/p5847339-zold-szinu-fuzvesszo-tarolokosar","favourite":false,"in_stock":true,"avatar":"Magda58_avatar_404039_1628716526.jpg","delete_from":0,"is_enhanced_background":false,"is_enhanced":false,"product_selection_started":false,"is_active":true,"image_webp_url":"https:\/\/www.meska.hu\/img\/product\/small\/m\/a\/magdas_product_404039_250716182803_89928.webp"},{"id":"6321021","shop_id":"34187","user_id":"404039","shop_name":"Magdas","shop_zip":"5000","product_code":"5847337","product_name_old":null,"product_name":"F\u0171zvessz\u0151 kerek  t\u00e1rol\u00f3kos\u00e1r ","category_string":"Otthon & \u00c9letm\u00f3d, T\u00e1rol\u00e1s & Rendszerez\u00e9s, T\u00e1rol\u00f3kos\u00e1r","technic_string":"Fon\u00e1s (csuh\u00e9, gy\u00e9k\u00e9ny, stb.)","category_1":"813","category_2":"426","category_3":"428","category_4":"0","merged_category_1":null,"merged_category_2":null,"merged_category_3":null,"technic_1":"482","technic_2":"0","technic_3":"0","color_1":"514","color_2":"0","color_3":"0","product_description_old":null,"product_description":"F\u0171zvessz\u0151b\u0151l fonott,  t\u00e1rol\u00f3kos\u00e1r.\nMagass\u00e1ga: 15 cm\n\u00c1tm\u00e9r\u0151je: 31 cm","price":"3000.00","unit":"db","recommended":"0","status":"1","sponsored":"0","exp_notify":"0","own_material":"0","own_material_description_old":null,"own_material_description":"","jury":"0","jury_number":"","product_nature":"","meskaracsony":"0","create_date":"2026-08-09 13:11:19","shelve_id":"0","image":"magdas_product_404039_240620144554_416677.jpeg","image_width":"480","image_height":"286","image_alt":"F\u0171zvessz\u0151 kerek  t\u00e1rol\u00f3kos\u00e1r , F\u0171zvessz\u0151b\u0151l fonott,  t\u00e1rol\u00f3kos\u00e1r.\\nMagass\u00e1ga: 15 cm\\n\u00c1tm\u00e9r\u0151je: 31 cm, Meska","image_title":"F\u0171zvessz\u0151 kerek  t\u00e1rol\u00f3kos\u00e1r , Meska","view_count":"37","favourite_count":"0","trending_score":"0","last2MonthFavouriteCount":"0","promotion":"0","giftcard_accept":"0","creditcard_accept":false,"enhanced_background":"0","domain":"meska","specific_customer_id":null,"specific_customer_name":null,"to_order_product":"0","to_order_product_time":"0","product_different":null,"product_different_description":"","vintage":"0","vintage_category_id":"0","recycled":"0","gemstone_id":"0","customizable":"0","type_category":"physical","zerowaste":"0","postage_price":"1799.00","shop_order":"0","has_category":"1","landing_pages":null,"microdata":{"number":52,"category":""},"title":"F\u0171zvessz\u0151 kerek  t\u00e1rol\u00f3kos\u00e1r ","description":"F\u0171zvessz\u0151b\u0151l fonott,  t\u00e1rol\u00f3kos\u00e1r.\nMagass\u00e1ga: 15 cm\n\u00c1tm\u00e9r\u0151je: 31 cm","score":0,"formatted_price":"3 000 Ft","image_url":"https:\/\/www.meska.hu\/img\/product\/small\/m\/a\/magdas_product_404039_240620144554_416677.jpeg","formatted_url":"https:\/\/www.meska.hu\/p5847337-fuzvesszo-kerek-tarolokosar","favourite":false,"in_stock":true,"avatar":"Magda58_avatar_404039_1628716526.jpg","delete_from":0,"is_enhanced_background":false,"is_enhanced":false,"product_selection_started":false,"is_active":true,"image_webp_url":"https:\/\/www.meska.hu\/img\/product\/small\/m\/a\/magdas_product_404039_240620144554_416677.webp"},{"id":"6321017","shop_id":"34187","user_id":"404039","shop_name":"Magdas","shop_zip":"5000","product_code":"5847334","product_name_old":null,"product_name":"Kerek  t\u00e1rol\u00f3kos\u00e1r fa foganty\u00faval","category_string":"Otthon & \u00c9letm\u00f3d, T\u00e1rol\u00e1s & Rendszerez\u00e9s, T\u00e1rol\u00f3kos\u00e1r","technic_string":"Fon\u00e1s (csuh\u00e9, gy\u00e9k\u00e9ny, stb.)","category_1":"813","category_2":"426","category_3":"428","category_4":"0","merged_category_1":null,"merged_category_2":null,"merged_category_3":null,"technic_1":"482","technic_2":"0","technic_3":"0","color_1":"514","color_2":"0","color_3":"0","product_description_old":null,"product_description":"F\u0171zvessz\u0151b\u0151l fonott  t\u00e1rol\u00f3kos\u00e1r fa f\u00fcllel.\nMagass\u00e1ga: 11 cm\n\u00c1tm\u00e9r\u0151je: 24 cm","price":"3600.00","unit":"db","recommended":"0","status":"1","sponsored":"0","exp_notify":"0","own_material":"0","own_material_description_old":null,"own_material_description":"","jury":"0","jury_number":"","product_nature":"","meskaracsony":"0","create_date":"2026-08-09 13:08:04","shelve_id":"0","image":"magdas_product_404039_240620145523_0979.jpeg","image_width":"480","image_height":"269","image_alt":"Kerek  t\u00e1rol\u00f3kos\u00e1r fa foganty\u00faval, F\u0171zvessz\u0151b\u0151l fonott  t\u00e1rol\u00f3kos\u00e1r fa f\u00fcllel.\\nMagass\u00e1ga: 11 cm\\n\u00c1tm\u00e9r\u0151je: 24 cm, Meska","image_title":"Kerek  t\u00e1rol\u00f3kos\u00e1r fa foganty\u00faval, Meska","view_count":"35","favourite_count":"0","trending_score":"0","last2MonthFavouriteCount":"0","promotion":"0","giftcard_accept":"0","creditcard_accept":false,"enhanced_background":"0","domain":"meska","specific_customer_id":null,"specific_customer_name":null,"to_order_product":"0","to_order_product_time":"0","product_different":null,"product_different_description":"","vintage":"0","vintage_category_id":"0","recycled":"0","gemstone_id":"0","customizable":"0","type_category":"physical","zerowaste":"0","postage_price":"1799.00","shop_order":"0","has_category":"1","landing_pages":null,"microdata":{"number":53,"category":""},"title":"Kerek  t\u00e1rol\u00f3kos\u00e1r fa foganty\u00faval","description":"F\u0171zvessz\u0151b\u0151l fonott  t\u00e1rol\u00f3kos\u00e1r fa f\u00fcllel.\nMagass\u00e1ga: 11 cm\n\u00c1tm\u00e9r\u0151je: 24 cm","score":0,"formatted_price":"3 600 Ft","image_url":"https:\/\/www.meska.hu\/img\/product\/small\/m\/a\/magdas_product_404039_240620145523_0979.jpeg","formatted_url":"https:\/\/www.meska.hu\/p5847334-kerek-tarolokosar-fa-fogantyuval","favourite":false,"in_stock":true,"avatar":"Magda58_avatar_404039_1628716526.jpg","delete_from":0,"is_enhanced_background":false,"is_enhanced":false,"product_selection_started":false,"is_active":true,"image_webp_url":"https:\/\/www.meska.hu\/img\/product\/small\/m\/a\/magdas_product_404039_240620145523_0979.webp"},{"id":"6321015","shop_id":"34187","user_id":"404039","shop_name":"Magdas","shop_zip":"5000","product_code":"5847332","product_name_old":null,"product_name":"Kerek, gy\u00f6ngy\u00f6s t\u00e1rol\u00f3kos\u00e1r ","category_string":"Otthon & \u00c9letm\u00f3d, T\u00e1rol\u00e1s & Rendszerez\u00e9s, T\u00e1rol\u00f3kos\u00e1r","technic_string":"Fon\u00e1s (csuh\u00e9, gy\u00e9k\u00e9ny, stb.)","category_1":"813","category_2":"426","category_3":"428","category_4":"0","merged_category_1":null,"merged_category_2":null,"merged_category_3":null,"technic_1":"482","technic_2":"0","technic_3":"0","color_1":"514","color_2":"0","color_3":"0","product_description_old":null,"product_description":"F\u0171zvessz\u0151b\u0151l fonott, gy\u00f6ngy\u00f6kkel d\u00edsz\u00edtett t\u00e1rol\u00f3kos\u00e1r.\nMagass\u00e1ga: 12 cm\n\u00c1tm\u00e9r\u0151je: 27 cm","price":"3600.00","unit":"db","recommended":"0","status":"1","sponsored":"0","exp_notify":"0","own_material":"0","own_material_description_old":null,"own_material_description":"","jury":"0","jury_number":"","product_nature":"","meskaracsony":"0","create_date":"2026-08-09 13:06:11","shelve_id":"0","image":"magdas_product_404039_240620145044_427952.jpeg","image_width":"480","image_height":"269","image_alt":"Kerek, gy\u00f6ngy\u00f6s t\u00e1rol\u00f3kos\u00e1r , F\u0171zvessz\u0151b\u0151l fonott, gy\u00f6ngy\u00f6kkel d\u00edsz\u00edtett t\u00e1rol\u00f3kos\u00e1r.\\nMagass\u00e1ga: 12 cm\\n\u00c1tm\u00e9r\u0151je: 27 cm..., Meska","image_title":"Kerek, gy\u00f6ngy\u00f6s t\u00e1rol\u00f3kos\u00e1r , Meska","view_count":"28","favourite_count":"0","trending_score":"0","last2MonthFavouriteCount":"0","promotion":"0","giftcard_accept":"0","creditcard_accept":false,"enhanced_background":"0","domain":"meska","specific_customer_id":null,"specific_customer_name":null,"to_order_product":"0","to_order_product_time":"0","product_different":null,"product_different_description":"","vintage":"0","vintage_category_id":"0","recycled":"0","gemstone_id":"0","customizable":"0","type_category":"physical","zerowaste":"0","postage_price":"1799.00","shop_order":"0","has_category":"1","landing_pages":null,"microdata":{"number":54,"category":""},"title":"Kerek, gy\u00f6ngy\u00f6s t\u00e1rol\u00f3kos\u00e1r ","description":"F\u0171zvessz\u0151b\u0151l fonott, gy\u00f6ngy\u00f6kkel d\u00edsz\u00edtett t\u00e1rol\u00f3kos\u00e1r.\nMagass\u00e1ga: 12 cm\n\u00c1tm\u00e9r\u0151je: 27 cm","score":0,"formatted_price":"3 600 Ft","image_url":"https:\/\/www.meska.hu\/img\/product\/small\/m\/a\/magdas_product_404039_240620145044_427952.jpeg","formatted_url":"https:\/\/www.meska.hu\/p5847332-kerek-gyongyos-tarolokosar","favourite":false,"in_stock":true,"avatar":"Magda58_avatar_404039_1628716526.jpg","delete_from":0,"is_enhanced_background":false,"is_enhanced":false,"product_selection_started":false,"is_active":true,"image_webp_url":"https:\/\/www.meska.hu\/img\/product\/small\/m\/a\/magdas_product_404039_240620145044_427952.webp"},{"id":"6320824","shop_id":"50843","user_id":"750512","shop_name":"Evigurumi","shop_zip":"8124","product_code":"5847252","product_name_old":null,"product_name":"Kulcstart\u00f3","category_string":"T\u00e1ska & Tok, Kulcstart\u00f3 & T\u00e1skad\u00edsz, Kulcstart\u00f3","technic_string":"Fon\u00e1s (csuh\u00e9, gy\u00e9k\u00e9ny, stb.)","category_1":"464","category_2":"390","category_3":"1037","category_4":"0","merged_category_1":null,"merged_category_2":null,"merged_category_3":null,"technic_1":"482","technic_2":"0","technic_3":"0","color_1":"521","color_2":"0","color_3":"0","product_description_old":null,"product_description":"K\u00e9zzel k\u00e9sz\u00edtett kulcstarto 2 db fagy\u00f6nggyel d\u00edsz\u00edtve. ","price":"2000.00","unit":"db","recommended":"0","status":"1","sponsored":"0","exp_notify":"0","own_material":"0","own_material_description_old":null,"own_material_description":"","jury":"0","jury_number":"","product_nature":"","meskaracsony":"0","create_date":"2026-08-09 08:49:28","shelve_id":"0","image":"evigurumi_product_750512_260809084428_961765.jpeg","image_width":"480","image_height":"640","image_alt":"Kulcstart\u00f3, K\u00e9zzel k\u00e9sz\u00edtett kulcstarto 2 db fagy\u00f6nggyel d\u00edsz\u00edtve. , Meska","image_title":"Kulcstart\u00f3, Meska","view_count":"34","favourite_count":"0","trending_score":"0","last2MonthFavouriteCount":"0","promotion":"209","giftcard_accept":"0","creditcard_accept":true,"enhanced_background":"0","domain":"meska","specific_customer_id":null,"specific_customer_name":null,"to_order_product":"0","to_order_product_time":"0","product_different":null,"product_different_description":"","vintage":"0","vintage_category_id":"0","recycled":"0","gemstone_id":"0","customizable":"0","type_category":"physical","zerowaste":"0","postage_price":"1290.00","shop_order":"0","has_category":"1","landing_pages":null,"microdata":{"number":55,"category":""},"title":"Kulcstart\u00f3","description":"K\u00e9zzel k\u00e9sz\u00edtett kulcstarto 2 db fagy\u00f6nggyel d\u00edsz\u00edtve. ","score":0,"formatted_price":"2 000 Ft","image_url":"https:\/\/www.meska.hu\/img\/product\/small\/e\/v\/evigurumi_product_750512_260809084428_961765.jpeg","formatted_url":"https:\/\/www.meska.hu\/p5847252-kulcstarto","favourite":false,"in_stock":true,"avatar":"750512_avatar_1763067119.png","delete_from":0,"is_enhanced_background":false,"is_enhanced":false,"product_selection_started":false,"original_price":"2 000 Ft","promotion_percentage":"-10%","promoted_price":"1 800 Ft","promoted_price_sup":"10","ribbon":"https:\/\/www.meska.hu\/img\/promotionbanners\/GQTXZHEC0\/product_ribbon_10_1785231767.svg","is_active":true,"image_webp_url":"https:\/\/www.meska.hu\/img\/product\/small\/e\/v\/evigurumi_product_750512_260809084428_961765.webp"},{"id":"5506751","shop_id":"26841","user_id":"327178","shop_name":"gardonyilevendula","shop_zip":"2483","product_code":"5387101","product_name_old":null,"product_name":"Levendulaolaj fonott tokban","category_string":"Sz\u00e9ps\u00e9g\u00e1pol\u00e1s, Test\u00e1pol\u00e1s, Speci\u00e1lis b\u0151r\u00e1pol\u00e1s","technic_string":"Fon\u00e1s (csuh\u00e9, gy\u00e9k\u00e9ny, stb.), Kozmetikum k\u00e9sz\u00edt\u00e9s","category_1":"454","category_2":"460","category_3":"1155","category_4":"0","merged_category_1":null,"merged_category_2":null,"merged_category_3":null,"technic_1":"482","technic_2":"758","technic_3":"0","color_1":"515","color_2":"521","color_3":"522","product_description_old":null,"product_description":"Saj\u00e1t termeszt\u00e9s\u0171 francia levendul\u00e1nk 100%-os ill\u00f3olaja, bio lep\u00e1rl\u00f3ban p\u00e1rolva.\nAj\u00e1nlom mindenkinek, aki keresi a term\u00e9szetes \u00e9s egyben k\u00f6rnyezetbar\u00e1t  megold\u00e1st probl\u00e9m\u00e1ira, stresszold\u00e1sra, fejf\u00e1j\u00e1sra, b\u0151r irrit\u00e1ci\u00f3ra, felsz\u00edni sebekre.\n\nAz \u00fcvegcse elf\u00e9r kis t\u00e1sk\u00e1ban, \u00edgy magaddal viheted, biztons\u00e1gos, a tokban nem t\u00f6rik el, nem folyik ki. K\u00e9nyelmesen adagolhat\u00f3, goly\u00f3s, kenhet\u0151.\n\nPraktikus fonott tokba csomagoltuk, hogy ne vesszen el a t\u00e1sk\u00e1dban sem, fel is akaszthatod r\u00e1, vagy a kulcstart\u00f3dra.\n\n\u00dajrahasznos\u00edtott pap\u00edrb\u00f3l font, lakkozott, v\u00edzleperget\u0151 tok, t\u00f6bbf\u00e9le sz\u00ednben.\n\n5 ml-es goly\u00f3s kiszerel\u00e9sben.\n\n\n\nA Levendulaolaj - Haszn\u00e1lati \u00fatmutat\u00f3:\n\n\u00dcdv\u00f6z\u00f6lj\u00fck a Levendulaolaj csal\u00e1dban! A Levendulaolaj egy term\u00e9szetes, esszenci\u00e1lis olaj, amely sz\u00e1mos el\u0151nnyel j\u00e1r az eg\u00e9szs\u00e9g \u00e9s a wellness ter\u00e9n. Itt tal\u00e1lhat\u00f3 n\u00e9h\u00e1ny haszn\u00e1lati utas\u00edt\u00e1s \u00e9s javaslat arra, hogy hogyan \u00e9lvezheti a levendulaolaj j\u00f3t\u00e9kony hat\u00e1sait:\n\n-Relax\u00e1ci\u00f3 \u00e9s stresszcs\u00f6kkent\u00e9s: G\u00f6rgettesse a levendulaolaj goly\u00f3s \u00fcveg\u00e9t a csukl\u00f3ja, hal\u00e1nt\u00e9kja vagy a nyaki ter\u00fclete f\u00f6l\u00f6tt, hogy ellazuljon \u00e9s cs\u00f6kkentse a stresszt. \u00c9lvezze a nyugtat\u00f3 \u00e9s harmoniz\u00e1l\u00f3 illatot.\n\n-Alv\u00e1smin\u0151s\u00e9g jav\u00edt\u00e1sa: Vigye fel a levendulaolaj goly\u00f3s \u00fcveg\u00e9t a csukl\u00f3j\u00e1ra vagy a nyaki ter\u00fclet\u00e9re lefekv\u00e9s el\u0151tt, hogy seg\u00edtsen jobban elaludni \u00e9s nyugodtabban aludni \u00e9jszaka.\n\n-B\u0151r\u00e1pol\u00e1s: Keverjen \u00f6ssze n\u00e9h\u00e1ny csepp levendulaolajat hordoz\u00f3olajjal, p\u00e9ld\u00e1ul mandulaolajjal, majd vigye fel a b\u0151r\u00e9re a goly\u00f3s \u00fcveggel. Massz\u00edrozza be, hogy hidrat\u00e1lja \u00e9s megnyugtassa a b\u0151rt, valamint cs\u00f6kkentse az irrit\u00e1ci\u00f3t \u00e9s a b\u0151rp\u00edrt.\n\n-Hangulatjav\u00edt\u00e1s: Haszn\u00e1lja a levendulaolaj goly\u00f3s \u00fcveg\u00e9t, hogy finoman massz\u00edrozza a hal\u00e1nt\u00e9k\u00e1t vagy a csukl\u00f3j\u00e1t, \u00e9s l\u00e9legezze be az enyhe illatot. Ez felfriss\u00edti \u00e9s jav\u00edtja a hangulatot.\n\nFontos megjegyz\u00e9s: Mindig v\u00e9gezzen b\u0151rpr\u00f3b\u00e1t, miel\u0151tt sz\u00e9les k\u00f6rben alkalmazn\u00e1 a levendulaolajat, \u00e9s k\u00f6vesse az adott term\u00e9k specifikus haszn\u00e1lati utas\u00edt\u00e1sait. Ne alkalmazza a levendulaolajat k\u00f6zvetlen\u00fcl a ny\u00edlt sebekre vagy ny\u00e1lkah\u00e1rty\u00e1ra.\n\nK\u00e9rj\u00fck, tartsa szem el\u0151tt, hogy ezek csak n\u00e9h\u00e1ny p\u00e9lda a levendulaolaj haszn\u00e1lat\u00e1ra. A levendulaolaj sokoldal\u00fa, \u00e9s t\u00f6bb ter\u00fcleten is haszn\u00e1lhat\u00f3. K\u00eds\u00e9rletezzen \u00e9s tal\u00e1lja meg az \u00d6n sz\u00e1m\u00e1ra legmegfelel\u0151bb m\u00f3dot, hogy \u00e9lvezhesse a levendulaolaj leny\u0171g\u00f6z\u0151 el\u0151nyeit.\n\nHaszn\u00e1lja a Levendulaolajat, hogy \u00e9lvezze a term\u00e9szetes nyugalmat \u00e9s harm\u00f3ni\u00e1t, amit ez a csod\u00e1latos olaj ny\u00fajt.\n","price":"3300.00","unit":"db","recommended":"0","status":"1","sponsored":"0","exp_notify":"0","own_material":"0","own_material_description_old":null,"own_material_description":"","jury":"0","jury_number":"","product_nature":"","meskaracsony":"0","create_date":"2026-08-09 01:35:25","shelve_id":"60023","image":"gardonyilevendula_product_327178_241006175741_607822.jpeg","image_width":"480","image_height":"449","image_alt":"Levendulaolaj fonott tokban, Saj\u00e1t termeszt\u00e9s\u0171 francia levendul\u00e1nk 100%-os ill\u00f3olaja, bio lep\u00e1rl\u00f3ban p\u00e1rolva.\\nAj\u00e1nlom mindenkinek..., Meska","image_title":"Levendulaolaj fonott tokban, Meska","view_count":"512","favourite_count":"0","trending_score":"0","last2MonthFavouriteCount":"0","promotion":"0","giftcard_accept":"0","creditcard_accept":true,"enhanced_background":"0","domain":"meska","specific_customer_id":null,"specific_customer_name":null,"to_order_product":"0","to_order_product_time":"0","product_different":null,"product_different_description":"","vintage":"0","vintage_category_id":"0","recycled":"1","gemstone_id":"0","customizable":"0","type_category":"physical","zerowaste":"1","postage_price":"1290.00","shop_order":"0","has_category":"1","landing_pages":null,"microdata":{"number":56,"category":""},"title":"Levendulaolaj fonott tokban","description":"Saj\u00e1t termeszt\u00e9s\u0171 francia levendul\u00e1nk 100%-os ill\u00f3olaja, bio lep\u00e1rl\u00f3ban p\u00e1rolva.\nAj\u00e1nlom mindenkinek, aki keresi a term\u00e9szetes \u00e9s egyben k\u00f6rnyezetbar\u00e1t  megold\u00e1st probl\u00e9m\u00e1ira, stresszold\u00e1sra, fejf\u00e1j\u00e1sra, b\u0151r irrit\u00e1ci\u00f3ra, felsz\u00edni sebekre.\n\nAz \u00fcvegcse elf\u00e9r kis t\u00e1sk\u00e1ban, \u00edgy magaddal viheted, biztons\u00e1gos, a tokban nem t\u00f6rik el, nem folyik ki. K\u00e9nyelmesen adagolhat\u00f3, goly\u00f3s, kenhet\u0151.\n\nPraktikus fonott tokba csomagoltuk, hogy ne vesszen el a t\u00e1sk\u00e1dban sem, fel is akaszthatod r\u00e1, vagy a kulcstart\u00f3dra.\n\n\u00dajrahasznos\u00edtott pap\u00edrb\u00f3l font, lakkozott, v\u00edzleperget\u0151 tok, t\u00f6bbf\u00e9le sz\u00ednben.\n\n5 ml-es goly\u00f3s kiszerel\u00e9sben.\n\n\n\nA Levendulaolaj - Haszn\u00e1lati \u00fatmutat\u00f3:\n\n\u00dcdv\u00f6z\u00f6lj\u00fck a Levendulaolaj csal\u00e1dban! A Levendulaolaj egy term\u00e9szetes, esszenci\u00e1lis olaj, amely sz\u00e1mos el\u0151nnyel j\u00e1r az eg\u00e9szs\u00e9g \u00e9s a wellness ter\u00e9n. Itt tal\u00e1lhat\u00f3 n\u00e9h\u00e1ny haszn\u00e1lati utas\u00edt\u00e1s \u00e9s javaslat arra, hogy hogyan \u00e9lvezheti a levendulaolaj j\u00f3t\u00e9kony hat\u00e1sait:\n\n-Relax\u00e1ci\u00f3 \u00e9s stresszcs\u00f6kkent\u00e9s: G\u00f6rgettesse a levendulaolaj goly\u00f3s \u00fcveg\u00e9t a csukl\u00f3ja, hal\u00e1nt\u00e9kja vagy a nyaki ter\u00fclete f\u00f6l\u00f6tt, hogy ellazuljon \u00e9s cs\u00f6kkentse a stresszt. \u00c9lvezze a nyugtat\u00f3 \u00e9s harmoniz\u00e1l\u00f3 illatot.\n\n-Alv\u00e1smin\u0151s\u00e9g jav\u00edt\u00e1sa: Vigye fel a levendulaolaj goly\u00f3s \u00fcveg\u00e9t a csukl\u00f3j\u00e1ra vagy a nyaki ter\u00fclet\u00e9re lefekv\u00e9s el\u0151tt, hogy seg\u00edtsen jobban elaludni \u00e9s nyugodtabban aludni \u00e9jszaka.\n\n-B\u0151r\u00e1pol\u00e1s: Keverjen \u00f6ssze n\u00e9h\u00e1ny csepp levendulaolajat hordoz\u00f3olajjal, p\u00e9ld\u00e1ul mandulaolajjal, majd vigye fel a b\u0151r\u00e9re a goly\u00f3s \u00fcveggel. Massz\u00edrozza be, hogy hidrat\u00e1lja \u00e9s megnyugtassa a b\u0151rt, valamint cs\u00f6kkentse az irrit\u00e1ci\u00f3t \u00e9s a b\u0151rp\u00edrt.\n\n-Hangulatjav\u00edt\u00e1s: Haszn\u00e1lja a levendulaolaj goly\u00f3s \u00fcveg\u00e9t, hogy finoman massz\u00edrozza a hal\u00e1nt\u00e9k\u00e1t vagy a csukl\u00f3j\u00e1t, \u00e9s l\u00e9legezze be az enyhe illatot. Ez felfriss\u00edti \u00e9s jav\u00edtja a hangulatot.\n\nFontos megjegyz\u00e9s: Mindig v\u00e9gezzen b\u0151rpr\u00f3b\u00e1t, miel\u0151tt sz\u00e9les k\u00f6rben alkalmazn\u00e1 a levendulaolajat, \u00e9s k\u00f6vesse az adott term\u00e9k specifikus haszn\u00e1lati utas\u00edt\u00e1sait. Ne alkalmazza a levendulaolajat k\u00f6zvetlen\u00fcl a ny\u00edlt sebekre vagy ny\u00e1lkah\u00e1rty\u00e1ra.\n\nK\u00e9rj\u00fck, tartsa szem el\u0151tt, hogy ezek csak n\u00e9h\u00e1ny p\u00e9lda a levendulaolaj haszn\u00e1lat\u00e1ra. A levendulaolaj sokoldal\u00fa, \u00e9s t\u00f6bb ter\u00fcleten is haszn\u00e1lhat\u00f3. K\u00eds\u00e9rletezzen \u00e9s tal\u00e1lja meg az \u00d6n sz\u00e1m\u00e1ra legmegfelel\u0151bb m\u00f3dot, hogy \u00e9lvezhesse a levendulaolaj leny\u0171g\u00f6z\u0151 el\u0151nyeit.\n\nHaszn\u00e1lja a Levendulaolajat, hogy \u00e9lvezze a term\u00e9szetes nyugalmat \u00e9s harm\u00f3ni\u00e1t, amit ez a csod\u00e1latos olaj ny\u00fajt.\n","score":0,"formatted_price":"3 300 Ft","image_url":"https:\/\/www.meska.hu\/img\/product\/small\/g\/a\/gardonyilevendula_product_327178_241006175741_607822.jpeg","formatted_url":"https:\/\/www.meska.hu\/p5387101-levendulaolaj-fonott-tokban","favourite":false,"in_stock":true,"avatar":"327178_avatar_1782303777.jpeg","delete_from":0,"is_enhanced_background":false,"is_enhanced":false,"product_selection_started":false,"is_active":true,"image_webp_url":"https:\/\/www.meska.hu\/img\/product\/small\/g\/a\/gardonyilevendula_product_327178_241006175741_607822.webp"},{"id":"4804035","shop_id":"26841","user_id":"327178","shop_name":"gardonyilevendula","shop_zip":"2483","product_code":"4960916","product_name_old":null,"product_name":"Vir\u00e1gszed\u0151 kos\u00e1r- s\u00e1rga","category_string":"Otthon & \u00c9letm\u00f3d, Vir\u00e1gdekor\u00e1ci\u00f3, Vir\u00e1gtart\u00f3","technic_string":"Fon\u00e1s (csuh\u00e9, gy\u00e9k\u00e9ny, stb.)","category_1":"813","category_2":"1473","category_3":"954","category_4":"0","merged_category_1":"0","merged_category_2":"0","merged_category_3":"785","technic_1":"482","technic_2":"0","technic_3":"0","color_1":"526","color_2":"0","color_3":"0","product_description_old":null,"product_description":"Dekorat\u00edv \u00e9s praktikus\n\nFektetett vir\u00e1gszed\u0151 kos\u00e1r levendul\u00e1hoz vagy tulip\u00e1nhoz. Finom vintage jelleg\u0171 dekor\u00e1ci\u00f3 egy asztalon, kertben, teraszon, sz\u00e1r\u00edtott vir\u00e1ggal, levendul\u00e1val. Fot\u00f3z\u00e1si kell\u00e9knek szint\u00e9n j\u00f3 v\u00e1laszt\u00e1s.\n\nAj\u00e1nd\u00e9k \u00f6tlet\n\nV\u00e1laszd ezt a kosarat, \u00e9s szedj \u00f6ssze ebbe n\u00e9h\u00e1ny term\u00e9ket m\u00e9g, tegy\u00e9l mell\u00e9 egy sz\u00e1l vir\u00e1got, \u00e9s garant\u00e1lt lesz a siker. Teljesen egyedi, st\u00edlusos aj\u00e1nd\u00e9kkosarat var\u00e1zsolhatsz.\n\nMib\u0151l k\u00e9sz\u00fcl?\n\nK\u00f6rnyezetbar\u00e1t szeml\u00e9lettel v\u00e1logatjuk ki saj\u00e1t term\u00e9keinket \u00e9s alapanyagukat, \u00edgy ez sem lehet m\u00e1sk\u00e9pp. A kos\u00e1r festett, \u00fajrahasznos\u00edtott \u00fajs\u00e1gpap\u00edr anyagb\u00f3l k\u00e9sz\u00fclt, kos\u00e1rfon\u00e1ssal. Egyedi k\u00e9zm\u0171ves term\u00e9k.\n\nA G\u00e1rdonyi Levendula sz\u00fcretre k\u00e9sz\u00fclt eredetileg, k\u00f6rny\u00e9kbeli k\u00e9zm\u0171ves \u00f6sszefog\u00e1ssal. Nagy siker\u00e9re val\u00f3 tekintettel folyamatosan kaphat\u00f3.\n\nAz id\u0151j\u00e1r\u00e1sn\u00e1l m\u00e9rs\u00e9kelten ellen\u00e1ll, es\u0151n nem aj\u00e1nlott kint hagyni, mert eldeform\u00e1l\u00f3dhat.\nA feh\u00e9r \u00e9s vil\u00e1gos sz\u00ednen az \u00fajs\u00e1g mint\u00e1ja kicsit \u00e1t\u00fcthet, ezzel is a vintage jelleget er\u0151s\u00edti.\n1 db, m\u00e9rete 29*20*20 cm","price":"4800.00","unit":"db","recommended":"0","status":"1","sponsored":"0","exp_notify":"0","own_material":"0","own_material_description_old":null,"own_material_description":"","jury":"0","jury_number":"","product_nature":"","meskaracsony":"0","create_date":"2026-08-07 19:28:08","shelve_id":"58420","image":"gardonyilevendula_product_327178_230425141238_069542.jpeg","image_width":"480","image_height":"514","image_alt":"Vir\u00e1gszed\u0151 kos\u00e1r- s\u00e1rga, Dekorat\u00edv \u00e9s praktikus\\n\\nFektetett vir\u00e1gszed\u0151 kos\u00e1r levendul\u00e1hoz vagy tulip\u00e1nhoz. Finom vintage jelle..., Meska","image_title":"Vir\u00e1gszed\u0151 kos\u00e1r- s\u00e1rga, Meska","view_count":"1297","favourite_count":"0","trending_score":"0","last2MonthFavouriteCount":"0","promotion":"0","giftcard_accept":"0","creditcard_accept":true,"enhanced_background":"0","domain":"meska","specific_customer_id":null,"specific_customer_name":null,"to_order_product":"1","to_order_product_time":"2","product_different":null,"product_different_description":"","vintage":"0","vintage_category_id":"0","recycled":"1","gemstone_id":"0","customizable":"0","type_category":"physical","zerowaste":"1","postage_price":"1290.00","shop_order":"0","has_category":"1","landing_pages":null,"microdata":{"number":57,"category":""},"title":"Vir\u00e1gszed\u0151 kos\u00e1r- s\u00e1rga","description":"Dekorat\u00edv \u00e9s praktikus\n\nFektetett vir\u00e1gszed\u0151 kos\u00e1r levendul\u00e1hoz vagy tulip\u00e1nhoz. Finom vintage jelleg\u0171 dekor\u00e1ci\u00f3 egy asztalon, kertben, teraszon, sz\u00e1r\u00edtott vir\u00e1ggal, levendul\u00e1val. Fot\u00f3z\u00e1si kell\u00e9knek szint\u00e9n j\u00f3 v\u00e1laszt\u00e1s.\n\nAj\u00e1nd\u00e9k \u00f6tlet\n\nV\u00e1laszd ezt a kosarat, \u00e9s szedj \u00f6ssze ebbe n\u00e9h\u00e1ny term\u00e9ket m\u00e9g, tegy\u00e9l mell\u00e9 egy sz\u00e1l vir\u00e1got, \u00e9s garant\u00e1lt lesz a siker. Teljesen egyedi, st\u00edlusos aj\u00e1nd\u00e9kkosarat var\u00e1zsolhatsz.\n\nMib\u0151l k\u00e9sz\u00fcl?\n\nK\u00f6rnyezetbar\u00e1t szeml\u00e9lettel v\u00e1logatjuk ki saj\u00e1t term\u00e9keinket \u00e9s alapanyagukat, \u00edgy ez sem lehet m\u00e1sk\u00e9pp. A kos\u00e1r festett, \u00fajrahasznos\u00edtott \u00fajs\u00e1gpap\u00edr anyagb\u00f3l k\u00e9sz\u00fclt, kos\u00e1rfon\u00e1ssal. Egyedi k\u00e9zm\u0171ves term\u00e9k.\n\nA G\u00e1rdonyi Levendula sz\u00fcretre k\u00e9sz\u00fclt eredetileg, k\u00f6rny\u00e9kbeli k\u00e9zm\u0171ves \u00f6sszefog\u00e1ssal. Nagy siker\u00e9re val\u00f3 tekintettel folyamatosan kaphat\u00f3.\n\nAz id\u0151j\u00e1r\u00e1sn\u00e1l m\u00e9rs\u00e9kelten ellen\u00e1ll, es\u0151n nem aj\u00e1nlott kint hagyni, mert eldeform\u00e1l\u00f3dhat.\nA feh\u00e9r \u00e9s vil\u00e1gos sz\u00ednen az \u00fajs\u00e1g mint\u00e1ja kicsit \u00e1t\u00fcthet, ezzel is a vintage jelleget er\u0151s\u00edti.\n1 db, m\u00e9rete 29*20*20 cm","score":0,"formatted_price":"4 800 Ft","image_url":"https:\/\/www.meska.hu\/img\/product\/small\/g\/a\/gardonyilevendula_product_327178_230425141238_069542.jpeg","formatted_url":"https:\/\/www.meska.hu\/p4960916-viragszedo-kosar-sarga","favourite":false,"in_stock":false,"avatar":"327178_avatar_1782303777.jpeg","delete_from":0,"is_enhanced_background":false,"is_enhanced":false,"product_selection_started":false,"is_active":true,"image_webp_url":"https:\/\/www.meska.hu\/img\/product\/small\/g\/a\/gardonyilevendula_product_327178_230425141238_069542.webp"},{"id":"6318568","shop_id":"53584","user_id":"810739","shop_name":"NomadFonat","shop_zip":"1084","product_code":"5846395","product_name_old":null,"product_name":"V\u00e9delmez\u0151 Buddha kark\u00f6t\u0151","category_string":"\u00c9kszer, Kark\u00f6t\u0151, Fonott kark\u00f6t\u0151","technic_string":"Csom\u00f3z\u00e1s, Fon\u00e1s (csuh\u00e9, gy\u00e9k\u00e9ny, stb.)","category_1":"327","category_2":"333","category_3":"1232","category_4":"0","merged_category_1":null,"merged_category_2":null,"merged_category_3":null,"technic_1":"475","technic_2":"482","technic_3":"0","color_1":"523","color_2":"0","color_3":"0","product_description_old":null,"product_description":"V\u00e9delmez\u0151 piros fonal kark\u00f6t\u0151k \n\nV\u00e9delem - B\u0151s\u00e9g\n\n\u00c1ll\u00edthat\u00f3 m\u00e9retben, tart\u00f3s kivitelben.\n\nAmennyiben nem piros sz\u00ednben szeretn\u00e9l, term\u00e9szetesen v\u00e1laszthat\u00f3 m\u00e1s sz\u00edn is.","price":"1790.00","unit":"db","recommended":"0","status":"1","sponsored":"0","exp_notify":"0","own_material":"0","own_material_description_old":null,"own_material_description":"","jury":"0","jury_number":"","product_nature":"","meskaracsony":"0","create_date":"2026-08-06 16:20:55","shelve_id":"0","image":"nomadfonat_product_810739_260806161257_660270.jpeg","image_width":"480","image_height":"720","image_alt":"V\u00e9delmez\u0151 Buddha kark\u00f6t\u0151, V\u00e9delmez\u0151 piros fonal kark\u00f6t\u0151k \\n\\nV\u00e9delem - B\u0151s\u00e9g\\n\\n\u00c1ll\u00edthat\u00f3 m\u00e9retben, tart\u00f3s kivitelben.\\n\\nAmennyiben..., Meska","image_title":"V\u00e9delmez\u0151 Buddha kark\u00f6t\u0151, Meska","view_count":"85","favourite_count":"0","trending_score":"0","last2MonthFavouriteCount":"0","promotion":"0","giftcard_accept":"0","creditcard_accept":true,"enhanced_background":"0","domain":"meska","specific_customer_id":null,"specific_customer_name":null,"to_order_product":"0","to_order_product_time":"0","product_different":null,"product_different_description":"","vintage":"0","vintage_category_id":"0","recycled":"0","gemstone_id":"0","customizable":"0","type_category":"physical","zerowaste":"0","postage_price":"2390.00","shop_order":"0","has_category":"1","landing_pages":null,"microdata":{"number":58,"category":""},"title":"V\u00e9delmez\u0151 Buddha kark\u00f6t\u0151","description":"V\u00e9delmez\u0151 piros fonal kark\u00f6t\u0151k \n\nV\u00e9delem - B\u0151s\u00e9g\n\n\u00c1ll\u00edthat\u00f3 m\u00e9retben, tart\u00f3s kivitelben.\n\nAmennyiben nem piros sz\u00ednben szeretn\u00e9l, term\u00e9szetesen v\u00e1laszthat\u00f3 m\u00e1s sz\u00edn is.","score":0,"formatted_price":"1 790 Ft","image_url":"https:\/\/www.meska.hu\/img\/product\/small\/n\/o\/nomadfonat_product_810739_260806161257_660270.jpeg","formatted_url":"https:\/\/www.meska.hu\/p5846395-vedelmezo-buddha-karkoto","favourite":false,"in_stock":true,"avatar":"810739_avatar_1785999126.jpeg","delete_from":0,"is_enhanced_background":false,"is_enhanced":false,"product_selection_started":false,"is_active":true,"image_webp_url":"https:\/\/www.meska.hu\/img\/product\/small\/n\/o\/nomadfonat_product_810739_260806161257_660270.webp"},{"id":"6318558","shop_id":"53584","user_id":"810739","shop_name":"NomadFonat","shop_zip":"1084","product_code":"5846393","product_name_old":null,"product_name":"Paradise kark\u00f6t\u0151","category_string":"\u00c9kszer, Kark\u00f6t\u0151, Fonott kark\u00f6t\u0151","technic_string":"Csom\u00f3z\u00e1s, Fon\u00e1s (csuh\u00e9, gy\u00e9k\u00e9ny, stb.)","category_1":"327","category_2":"333","category_3":"1232","category_4":"0","merged_category_1":null,"merged_category_2":null,"merged_category_3":null,"technic_1":"475","technic_2":"482","technic_3":"0","color_1":"791","color_2":"528","color_3":"0","product_description_old":null,"product_description":"\ud83c\udf0aParadise kark\u00f6t\u0151 kollekci\u00f3 elemei elvar\u00e1zsolnak minket \u00e9s megaj\u00e1nd\u00e9koznak a Karibi \u00e9let\u00e9rz\u00e9ssel.\n\n\ud83c\udf0a\u00c1ll\u00edts \u00f6ssze olyan kombin\u00e1ci\u00f3t ami m\u00e9g nem szerepel a reperto\u00e1rban \u00e9s nevezd el te \ud83c\udfc4\u200d\u2640\ufe0f\nOnnant\u00f3l az a sz\u00edn\u00f6ssze\u00e1ll\u00edt\u00e1s azt a nevet fogja viselni \ud83c\udf1f\n\n\ud83c\udf0aKifejezetten n\u0151k sz\u00e1m\u00e1ra k\u00e9sz\u00fcl, v\u00e9konyabb jellege miatt, de uniszex darabk\u00e9nt is meg\u00e1llja a hely\u00e9t.\nM\u00e9retre k\u00e9sz\u00fcl 2mm-es paracord fonalb\u00f3l.\nEgy vagy maximum k\u00e9t sz\u00ednt tudsz v\u00e1lasztani a saj\u00e1t karibi \u00e1lmodhoz \ud83c\udf20\n\nAz elk\u00e9sz\u00edt\u00e9si id\u0151t\u0151l ne ijedj meg, az esetek nagy r\u00e9sz\u00e9ben m\u00e1r aznap eltudom k\u00e9sz\u00edteni \u00e9s m\u00e1snap post\u00e1ra adni, de ha kiv\u00e9telesen szerencs\u00e9s vagy \u00e9s j\u00f3l id\u0151z\u00edtesz, akkor elcs\u00edpsz post\u00e1ra menet el\u0151tt \u00e9s m\u00e9g aznap \u00fatnak is indul a csomag \ud83d\ude09\n\n\ud83e\uddf5Aktu\u00e1lis sz\u00ednv\u00e1laszt\u00e9kr\u00f3l k\u00e9rlek \u00e9rdekl\u0151dj \u00fczenetben \ud83d\ude42\n\n\ud83e\uddf5Minden kark\u00f6t\u0151n\u00e9l lehet\u0151s\u00e9g van egyedi v\u00e1ltoztat\u00e1sokra. Sz\u00ednes csat, f\u00e9m csat, m\u00e1s form\u00e1j\u00fa csat stb. Ilyen esetekben megn\u00f6vekedhet az elk\u00e9sz\u00edt\u00e9si id\u0151, de \u00f6r\u00f6mmel \u00e1llok rendelkez\u00e9sedre b\u00e1rmilyen k\u00e9r\u00e9ssel kapcsolatosan \ud83d\ude42\n","price":"2290.00","unit":"db","recommended":"0","status":"1","sponsored":"0","exp_notify":"0","own_material":"0","own_material_description_old":null,"own_material_description":"","jury":"0","jury_number":"","product_nature":"","meskaracsony":"0","create_date":"2026-08-06 16:12:40","shelve_id":"0","image":"nomadfonat_product_810739_260806160512_240340.jpeg","image_width":"480","image_height":"640","image_alt":"Paradise kark\u00f6t\u0151, \ud83c\udf0aParadise kark\u00f6t\u0151 kollekci\u00f3 elemei elvar\u00e1zsolnak minket \u00e9s megaj\u00e1nd\u00e9koznak a Karibi \u00e9let\u00e9rz\u00e9ssel.\\n\\n\ud83c\udf0a..., Meska","image_title":"Paradise kark\u00f6t\u0151, Meska","view_count":"66","favourite_count":"0","trending_score":"0","last2MonthFavouriteCount":"0","promotion":"0","giftcard_accept":"0","creditcard_accept":true,"enhanced_background":"0","domain":"meska","specific_customer_id":null,"specific_customer_name":null,"to_order_product":"1","to_order_product_time":"4","product_different":null,"product_different_description":"","vintage":"0","vintage_category_id":"0","recycled":"0","gemstone_id":"0","customizable":"0","type_category":"physical","zerowaste":"0","postage_price":"2390.00","shop_order":"0","has_category":"1","landing_pages":null,"microdata":{"number":59,"category":""},"title":"Paradise kark\u00f6t\u0151","description":"\ud83c\udf0aParadise kark\u00f6t\u0151 kollekci\u00f3 elemei elvar\u00e1zsolnak minket \u00e9s megaj\u00e1nd\u00e9koznak a Karibi \u00e9let\u00e9rz\u00e9ssel.\n\n\ud83c\udf0a\u00c1ll\u00edts \u00f6ssze olyan kombin\u00e1ci\u00f3t ami m\u00e9g nem szerepel a reperto\u00e1rban \u00e9s nevezd el te \ud83c\udfc4\u200d\u2640\ufe0f\nOnnant\u00f3l az a sz\u00edn\u00f6ssze\u00e1ll\u00edt\u00e1s azt a nevet fogja viselni \ud83c\udf1f\n\n\ud83c\udf0aKifejezetten n\u0151k sz\u00e1m\u00e1ra k\u00e9sz\u00fcl, v\u00e9konyabb jellege miatt, de uniszex darabk\u00e9nt is meg\u00e1llja a hely\u00e9t.\nM\u00e9retre k\u00e9sz\u00fcl 2mm-es paracord fonalb\u00f3l.\nEgy vagy maximum k\u00e9t sz\u00ednt tudsz v\u00e1lasztani a saj\u00e1t karibi \u00e1lmodhoz \ud83c\udf20\n\nAz elk\u00e9sz\u00edt\u00e9si id\u0151t\u0151l ne ijedj meg, az esetek nagy r\u00e9sz\u00e9ben m\u00e1r aznap eltudom k\u00e9sz\u00edteni \u00e9s m\u00e1snap post\u00e1ra adni, de ha kiv\u00e9telesen szerencs\u00e9s vagy \u00e9s j\u00f3l id\u0151z\u00edtesz, akkor elcs\u00edpsz post\u00e1ra menet el\u0151tt \u00e9s m\u00e9g aznap \u00fatnak is indul a csomag \ud83d\ude09\n\n\ud83e\uddf5Aktu\u00e1lis sz\u00ednv\u00e1laszt\u00e9kr\u00f3l k\u00e9rlek \u00e9rdekl\u0151dj \u00fczenetben \ud83d\ude42\n\n\ud83e\uddf5Minden kark\u00f6t\u0151n\u00e9l lehet\u0151s\u00e9g van egyedi v\u00e1ltoztat\u00e1sokra. Sz\u00ednes csat, f\u00e9m csat, m\u00e1s form\u00e1j\u00fa csat stb. Ilyen esetekben megn\u00f6vekedhet az elk\u00e9sz\u00edt\u00e9si id\u0151, de \u00f6r\u00f6mmel \u00e1llok rendelkez\u00e9sedre b\u00e1rmilyen k\u00e9r\u00e9ssel kapcsolatosan \ud83d\ude42\n","score":0,"formatted_price":"2 290 Ft","image_url":"https:\/\/www.meska.hu\/img\/product\/small\/n\/o\/nomadfonat_product_810739_260806160512_240340.jpeg","formatted_url":"https:\/\/www.meska.hu\/p5846393-paradise-karkoto","favourite":false,"in_stock":false,"avatar":"810739_avatar_1785999126.jpeg","delete_from":0,"is_enhanced_background":false,"is_enhanced":false,"product_selection_started":false,"is_active":true,"image_webp_url":"https:\/\/www.meska.hu\/img\/product\/small\/n\/o\/nomadfonat_product_810739_260806160512_240340.webp"},{"id":"4768971","shop_id":"13119","user_id":"89110","shop_name":"TimcsYMobiltok","shop_zip":"2527","product_code":"4942345","product_name_old":null,"product_name":"F\u00e9rfi fekete b\u0151r kark\u00f6t\u0151 - t\u00f6bb sz\u00e1l\u00e1s \u00e1ll\u00edthat\u00f3 f\u00e9rfi kark\u00f6t\u0151","category_string":"\u00c9kszer, Kark\u00f6t\u0151, Fonott kark\u00f6t\u0151","technic_string":"Fon\u00e1s (csuh\u00e9, gy\u00e9k\u00e9ny, stb.)","category_1":"327","category_2":"333","category_3":"1232","category_4":"0","merged_category_1":null,"merged_category_2":null,"merged_category_3":null,"technic_1":"482","technic_2":"0","technic_3":"0","color_1":"520","color_2":"0","color_3":"0","product_description_old":null,"product_description":"F\u00e9rfias, eleg\u00e1ns, 4 darab b\u0151rsz\u00e1lb\u00f3l \u00e9s egy fonott pamutsz\u00e1lb\u00f3l k\u00e9sz\u00fclt f\u00e9rfi kark\u00f6t\u0151.\nCs\u00fasz\u00f3csom\u00f3s kivitelez\u00e9se miatt, a m\u00e9rete tetsz\u00e9s szerint \u00e1ll\u00edthat\u00f3, \u00edgy t\u00f6k\u00e9letes v\u00e1laszt\u00e1s aj\u00e1nd\u00e9k gyan\u00e1nt is.\n\nA megfelel\u0151 m\u00e9ret elk\u00e9sz\u00edt\u00e9s\u00e9hez, k\u00e9rlek, szorosan m\u00e9rt le a csukl\u00f3dat \u00e9s a pontos \u00e9rt\u00e9ket \u00edrt meg nekem, k\u00f6sz\u00f6n\u00f6m! :)                         ","price":"6690.00","unit":"db","recommended":"0","status":"1","sponsored":"0","exp_notify":"0","own_material":"0","own_material_description_old":null,"own_material_description":"","jury":"0","jury_number":"","product_nature":"","meskaracsony":"0","create_date":"2026-08-06 11:52:33","shelve_id":"0","image":"timcsymobiltok_product_89110_230326200014_645260.jpeg","image_width":"480","image_height":"480","image_alt":"F\u00e9rfi fekete b\u0151r kark\u00f6t\u0151 - t\u00f6bb sz\u00e1l\u00e1s \u00e1ll\u00edthat\u00f3 f\u00e9rfi kark\u00f6t\u0151, F\u00e9rfias, eleg\u00e1ns, 4 darab b\u0151rsz\u00e1lb\u00f3l \u00e9s egy fonott pamutsz\u00e1lb\u00f3l k\u00e9sz\u00fclt f\u00e9rfi kark\u00f6t\u0151.\\nCs\u00fasz\u00f3csom\u00f3s ..., Meska","image_title":"F\u00e9rfi fekete b\u0151r kark\u00f6t\u0151 - t\u00f6bb sz\u00e1l\u00e1s \u00e1ll\u00edthat\u00f3 f\u00e9rfi kark\u00f6t\u0151, Meska","view_count":"1553","favourite_count":"0","trending_score":"0","last2MonthFavouriteCount":"0","promotion":"0","giftcard_accept":"0","creditcard_accept":true,"enhanced_background":"0","domain":"meska","specific_customer_id":null,"specific_customer_name":null,"to_order_product":"0","to_order_product_time":"0","product_different":null,"product_different_description":"","vintage":"0","vintage_category_id":"0","recycled":"0","gemstone_id":"0","customizable":"0","type_category":"physical","zerowaste":"0","postage_price":"1290.00","shop_order":"0","has_category":"1","landing_pages":null,"microdata":{"number":60,"category":""},"title":"F\u00e9rfi fekete b\u0151r kark\u00f6t\u0151 - t\u00f6bb sz\u00e1l\u00e1s \u00e1ll\u00edthat\u00f3 f\u00e9rfi kark\u00f6t\u0151","description":"F\u00e9rfias, eleg\u00e1ns, 4 darab b\u0151rsz\u00e1lb\u00f3l \u00e9s egy fonott pamutsz\u00e1lb\u00f3l k\u00e9sz\u00fclt f\u00e9rfi kark\u00f6t\u0151.\nCs\u00fasz\u00f3csom\u00f3s kivitelez\u00e9se miatt, a m\u00e9rete tetsz\u00e9s szerint \u00e1ll\u00edthat\u00f3, \u00edgy t\u00f6k\u00e9letes v\u00e1laszt\u00e1s aj\u00e1nd\u00e9k gyan\u00e1nt is.\n\nA megfelel\u0151 m\u00e9ret elk\u00e9sz\u00edt\u00e9s\u00e9hez, k\u00e9rlek, szorosan m\u00e9rt le a csukl\u00f3dat \u00e9s a pontos \u00e9rt\u00e9ket \u00edrt meg nekem, k\u00f6sz\u00f6n\u00f6m! :)                         ","score":0,"formatted_price":"6 690 Ft","image_url":"https:\/\/www.meska.hu\/img\/product\/small\/t\/i\/timcsymobiltok_product_89110_230326200014_645260.jpeg","formatted_url":"https:\/\/www.meska.hu\/p4942345-ferfi-fekete-bor-karkoto-tobb-szalas-allithato-ferfi-karkoto","favourite":false,"in_stock":true,"avatar":"TimcsYMobiltok_avatar_89110_1548952350.jpg","delete_from":0,"is_enhanced_background":false,"is_enhanced":false,"product_selection_started":false,"is_active":true,"image_webp_url":"https:\/\/www.meska.hu\/img\/product\/small\/t\/i\/timcsymobiltok_product_89110_230326200014_645260.webp"},{"id":"6318025","shop_id":"53584","user_id":"810739","shop_name":"NomadFonat","shop_zip":"1084","product_code":"5846225","product_name_old":null,"product_name":"Nordik \u00e9s Braz\u00edlia kark\u00f6t\u0151k","category_string":"\u00c9kszer, Kark\u00f6t\u0151, Fonott kark\u00f6t\u0151","technic_string":"Csom\u00f3z\u00e1s, Fon\u00e1s (csuh\u00e9, gy\u00e9k\u00e9ny, stb.)","category_1":"327","category_2":"333","category_3":"1232","category_4":"0","merged_category_1":null,"merged_category_2":null,"merged_category_3":null,"technic_1":"475","technic_2":"482","technic_3":"0","color_1":"521","color_2":"523","color_3":"526","product_description_old":null,"product_description":"Nordik kark\u00f6t\u0151nk\nKik\u00f6t\u0151k vil\u00e1g\u00e1ba kalauzol minket.\n\nH\u0171s tengeri szelek, vitorl\u00e1sok vil\u00e1ga\nM\u00edg Braz\u00edlia a forr\u00f3 ny\u00e1ri est\u00e9k, felejthetetlen karnev\u00e1lok hangulat\u00e1t id\u00e9zi.\n\nF\u00e9m csattal, m\u00e9retre k\u00e9sz\u00fclnek\n\nM\u00e9ret megad\u00e1st\u00f3l ne f\u00e9lj, seg\u00edtek hogyan tudsz pontosan m\u00e9retet venni :)\n\n","price":"2490.00","unit":"db","recommended":"0","status":"1","sponsored":"0","exp_notify":"0","own_material":"0","own_material_description_old":null,"own_material_description":"","jury":"0","jury_number":"","product_nature":"","meskaracsony":"0","create_date":"2026-08-06 09:03:39","shelve_id":"0","image":"nomadfonat_product_810739_260806085612_140866.jpeg","image_width":"480","image_height":"640","image_alt":"Nordik \u00e9s Braz\u00edlia kark\u00f6t\u0151k, Nordik kark\u00f6t\u0151nk\\nKik\u00f6t\u0151k vil\u00e1g\u00e1ba kalauzol minket.\\n\\nH\u0171s tengeri szelek, vitorl\u00e1sok vil\u00e1ga\\nM\u00edg Braz\u00edl..., Meska","image_title":"Nordik \u00e9s Braz\u00edlia kark\u00f6t\u0151k, Meska","view_count":"63","favourite_count":"0","trending_score":"0","last2MonthFavouriteCount":"0","promotion":"0","giftcard_accept":"0","creditcard_accept":true,"enhanced_background":"0","domain":"meska","specific_customer_id":null,"specific_customer_name":null,"to_order_product":"1","to_order_product_time":"2","product_different":null,"product_different_description":"","vintage":"0","vintage_category_id":"0","recycled":"0","gemstone_id":"0","customizable":"0","type_category":"physical","zerowaste":"0","postage_price":"2390.00","shop_order":"0","has_category":"1","landing_pages":null,"microdata":{"number":61,"category":""},"title":"Nordik \u00e9s Braz\u00edlia kark\u00f6t\u0151k","description":"Nordik kark\u00f6t\u0151nk\nKik\u00f6t\u0151k vil\u00e1g\u00e1ba kalauzol minket.\n\nH\u0171s tengeri szelek, vitorl\u00e1sok vil\u00e1ga\nM\u00edg Braz\u00edlia a forr\u00f3 ny\u00e1ri est\u00e9k, felejthetetlen karnev\u00e1lok hangulat\u00e1t id\u00e9zi.\n\nF\u00e9m csattal, m\u00e9retre k\u00e9sz\u00fclnek\n\nM\u00e9ret megad\u00e1st\u00f3l ne f\u00e9lj, seg\u00edtek hogyan tudsz pontosan m\u00e9retet venni :)\n\n","score":0,"formatted_price":"2 490 Ft","image_url":"https:\/\/www.meska.hu\/img\/product\/small\/n\/o\/nomadfonat_product_810739_260806085612_140866.jpeg","formatted_url":"https:\/\/www.meska.hu\/p5846225-nordik-es-brazilia-karkotok","favourite":false,"in_stock":false,"avatar":"810739_avatar_1785999126.jpeg","delete_from":0,"is_enhanced_background":false,"is_enhanced":false,"product_selection_started":false,"is_active":true,"image_webp_url":"https:\/\/www.meska.hu\/img\/product\/small\/n\/o\/nomadfonat_product_810739_260806085612_140866.webp"},{"id":"4804012","shop_id":"26841","user_id":"327178","shop_name":"gardonyilevendula","shop_zip":"2483","product_code":"4960910","product_name_old":null,"product_name":"Vir\u00e1gszed\u0151 kos\u00e1r- t\u00f6rtfeh\u00e9r","category_string":"Otthon & \u00c9letm\u00f3d, Vir\u00e1gdekor\u00e1ci\u00f3, Vir\u00e1gtart\u00f3","technic_string":"Fon\u00e1s (csuh\u00e9, gy\u00e9k\u00e9ny, stb.)","category_1":"813","category_2":"1473","category_3":"954","category_4":"0","merged_category_1":"0","merged_category_2":"0","merged_category_3":"785","technic_1":"482","technic_2":"0","technic_3":"0","color_1":"515","color_2":"519","color_3":"0","product_description_old":null,"product_description":"Dekorat\u00edv \u00e9s praktikus\n\nFektetett vir\u00e1gszed\u0151 kos\u00e1r levendul\u00e1hoz vagy tulip\u00e1nhoz. Finom vintage jelleg\u0171 dekor\u00e1ci\u00f3 egy asztalon, kertben, teraszon, sz\u00e1r\u00edtott vir\u00e1ggal, levendul\u00e1val. Fot\u00f3z\u00e1si kell\u00e9knek szint\u00e9n j\u00f3 v\u00e1laszt\u00e1s.\n\nA feh\u00e9r sz\u00edn\u0171 kos\u00e1r enyh\u00e9n megs\u00e1rgul, antik sz\u00edne lesz, ezt az \u00fajs\u00e1gpap\u00edr okozza, amit nem lehet t\u00f6k\u00e9letesen feh\u00e9rre befesteni, de ez\u00e1ltal csak vintige jellege er\u0151s\u00f6dik id\u0151vel. A vir\u00e1gcsokrokhoz pedig j\u00f3l mutat a t\u00f6rtfeh\u00e9r, s\u0151t az \u00e1t\u00fct\u0151 \u00edr\u00e1s is az \u00fajs\u00e1gokr\u00f3l.\n\nAj\u00e1nd\u00e9k \u00f6tlet\n\nV\u00e1laszd ezt a kosarat, \u00e9s szedj \u00f6ssze ebbe n\u00e9h\u00e1ny term\u00e9ket m\u00e9g, tegy\u00e9l mell\u00e9 egy sz\u00e1l vir\u00e1got, \u00e9s garant\u00e1lt lesz a siker. Teljesen egyedi, st\u00edlusos aj\u00e1nd\u00e9kkosarat var\u00e1zsolhatsz.\n\nMib\u0151l k\u00e9sz\u00fcl?\n\nK\u00f6rnyezetbar\u00e1t szeml\u00e9lettel v\u00e1logatjuk ki saj\u00e1t term\u00e9keinket \u00e9s alapanyagukat, \u00edgy ez sem lehet m\u00e1sk\u00e9pp. A kos\u00e1r festett, \u00fajrahasznos\u00edtott \u00fajs\u00e1gpap\u00edr anyagb\u00f3l k\u00e9sz\u00fclt, kos\u00e1rfon\u00e1ssal. Egyedi k\u00e9zm\u0171ves term\u00e9k.\n\nA G\u00e1rdonyi Levendula sz\u00fcretre k\u00e9sz\u00fclt eredetileg, k\u00f6rny\u00e9kbeli k\u00e9zm\u0171ves \u00f6sszefog\u00e1ssal. Nagy siker\u00e9re val\u00f3 tekintettel folyamatosan kaphat\u00f3.\n\nAz id\u0151j\u00e1r\u00e1sn\u00e1l m\u00e9rs\u00e9kelten ellen\u00e1ll, es\u0151n nem aj\u00e1nlott kint hagyni, mert eldeform\u00e1l\u00f3dhat.\nA feh\u00e9r sz\u00ednen az \u00fajs\u00e1g mint\u00e1ja kicsit \u00e1t\u00fcthet, ezzel is a vintage jelleget er\u0151s\u00edti.\n1 db, m\u00e9rete 29*20*20 cm","price":"4800.00","unit":"db","recommended":"0","status":"1","sponsored":"0","exp_notify":"0","own_material":"0","own_material_description_old":null,"own_material_description":"","jury":"0","jury_number":"","product_nature":"","meskaracsony":"0","create_date":"2026-08-05 09:04:50","shelve_id":"58420","image":"gardonyilevendula_product_327178_230425140112_420450.jpeg","image_width":"480","image_height":"360","image_alt":"Vir\u00e1gszed\u0151 kos\u00e1r- t\u00f6rtfeh\u00e9r, Dekorat\u00edv \u00e9s praktikus\\n\\nFektetett vir\u00e1gszed\u0151 kos\u00e1r levendul\u00e1hoz vagy tulip\u00e1nhoz. Finom vintage jelle..., Meska","image_title":"Vir\u00e1gszed\u0151 kos\u00e1r- t\u00f6rtfeh\u00e9r, Meska","view_count":"1937","favourite_count":"0","trending_score":"0","last2MonthFavouriteCount":"0","promotion":"0","giftcard_accept":"0","creditcard_accept":true,"enhanced_background":"0","domain":"meska","specific_customer_id":null,"specific_customer_name":null,"to_order_product":"1","to_order_product_time":"2","product_different":null,"product_different_description":"","vintage":"0","vintage_category_id":"0","recycled":"1","gemstone_id":"0","customizable":"0","type_category":"physical","zerowaste":"1","postage_price":"1290.00","shop_order":"0","has_category":"1","landing_pages":null,"microdata":{"number":62,"category":""},"title":"Vir\u00e1gszed\u0151 kos\u00e1r- t\u00f6rtfeh\u00e9r","description":"Dekorat\u00edv \u00e9s praktikus\n\nFektetett vir\u00e1gszed\u0151 kos\u00e1r levendul\u00e1hoz vagy tulip\u00e1nhoz. Finom vintage jelleg\u0171 dekor\u00e1ci\u00f3 egy asztalon, kertben, teraszon, sz\u00e1r\u00edtott vir\u00e1ggal, levendul\u00e1val. Fot\u00f3z\u00e1si kell\u00e9knek szint\u00e9n j\u00f3 v\u00e1laszt\u00e1s.\n\nA feh\u00e9r sz\u00edn\u0171 kos\u00e1r enyh\u00e9n megs\u00e1rgul, antik sz\u00edne lesz, ezt az \u00fajs\u00e1gpap\u00edr okozza, amit nem lehet t\u00f6k\u00e9letesen feh\u00e9rre befesteni, de ez\u00e1ltal csak vintige jellege er\u0151s\u00f6dik id\u0151vel. A vir\u00e1gcsokrokhoz pedig j\u00f3l mutat a t\u00f6rtfeh\u00e9r, s\u0151t az \u00e1t\u00fct\u0151 \u00edr\u00e1s is az \u00fajs\u00e1gokr\u00f3l.\n\nAj\u00e1nd\u00e9k \u00f6tlet\n\nV\u00e1laszd ezt a kosarat, \u00e9s szedj \u00f6ssze ebbe n\u00e9h\u00e1ny term\u00e9ket m\u00e9g, tegy\u00e9l mell\u00e9 egy sz\u00e1l vir\u00e1got, \u00e9s garant\u00e1lt lesz a siker. Teljesen egyedi, st\u00edlusos aj\u00e1nd\u00e9kkosarat var\u00e1zsolhatsz.\n\nMib\u0151l k\u00e9sz\u00fcl?\n\nK\u00f6rnyezetbar\u00e1t szeml\u00e9lettel v\u00e1logatjuk ki saj\u00e1t term\u00e9keinket \u00e9s alapanyagukat, \u00edgy ez sem lehet m\u00e1sk\u00e9pp. A kos\u00e1r festett, \u00fajrahasznos\u00edtott \u00fajs\u00e1gpap\u00edr anyagb\u00f3l k\u00e9sz\u00fclt, kos\u00e1rfon\u00e1ssal. Egyedi k\u00e9zm\u0171ves term\u00e9k.\n\nA G\u00e1rdonyi Levendula sz\u00fcretre k\u00e9sz\u00fclt eredetileg, k\u00f6rny\u00e9kbeli k\u00e9zm\u0171ves \u00f6sszefog\u00e1ssal. Nagy siker\u00e9re val\u00f3 tekintettel folyamatosan kaphat\u00f3.\n\nAz id\u0151j\u00e1r\u00e1sn\u00e1l m\u00e9rs\u00e9kelten ellen\u00e1ll, es\u0151n nem aj\u00e1nlott kint hagyni, mert eldeform\u00e1l\u00f3dhat.\nA feh\u00e9r sz\u00ednen az \u00fajs\u00e1g mint\u00e1ja kicsit \u00e1t\u00fcthet, ezzel is a vintage jelleget er\u0151s\u00edti.\n1 db, m\u00e9rete 29*20*20 cm","score":0,"formatted_price":"4 800 Ft","image_url":"https:\/\/www.meska.hu\/img\/product\/small\/g\/a\/gardonyilevendula_product_327178_230425140112_420450.jpeg","formatted_url":"https:\/\/www.meska.hu\/p4960910-viragszedo-kosar-feher","favourite":false,"in_stock":false,"avatar":"327178_avatar_1782303777.jpeg","delete_from":0,"is_enhanced_background":false,"is_enhanced":false,"product_selection_started":false,"is_active":true,"image_webp_url":"https:\/\/www.meska.hu\/img\/product\/small\/g\/a\/gardonyilevendula_product_327178_230425140112_420450.webp"},{"id":"6315865","shop_id":"8655","user_id":"42057","shop_name":"KisdioStudio","shop_zip":"1012","product_code":"5845529","product_name_old":null,"product_name":"3 darab fonott fecske nat\u00far f\u0171zvessz\u0151b\u0151l","category_string":"Otthon & \u00c9letm\u00f3d, Dekor\u00e1ci\u00f3, Ajt\u00f3- \u00e9s ablak dekor\u00e1ci\u00f3, Ablakd\u00edsz","technic_string":"Fon\u00e1s (csuh\u00e9, gy\u00e9k\u00e9ny, stb.)","category_1":"813","category_2":"314","category_3":"1468","category_4":"937","merged_category_1":null,"merged_category_2":null,"merged_category_3":null,"technic_1":"482","technic_2":"0","technic_3":"0","color_1":"514","color_2":"0","color_3":"0","product_description_old":null,"product_description":"Kedves szobai vagy kerti d\u00edszek nat\u00far (h\u00e1ntolatlan) f\u0171zvessz\u0151b\u0151l fonva. (3 db\/csomag)\n\nA fecsk\u00e9k \u00fcvegfel\u00fcletek el\u00e9 l\u00f3gatva elriasztj\u00e1k a madarakat, \u00edgy azok nem rep\u00fclnek az \u00fcvegnek, de esk\u00fcv\u0151i dekor\u00e1ci\u00f3nak, babaszoba d\u00edsznek is meg\u00e1llja a hely\u00e9t :)\n\nA fecsk\u00e9k magass\u00e1ga kb. 25 cm.\n\nRendel\u00e9sre k\u00e9sz\u00fclnek!","price":"5900.00","unit":"db","recommended":"0","status":"1","sponsored":"0","exp_notify":"0","own_material":"0","own_material_description_old":null,"own_material_description":"","jury":"0","jury_number":"","product_nature":"","meskaracsony":"0","create_date":"2026-08-04 00:43:53","shelve_id":"31702","image":"kisdiostudio_product_42057_240808160606_664429.jpeg","image_width":"480","image_height":"394","image_alt":"3 darab fonott fecske nat\u00far f\u0171zvessz\u0151b\u0151l, Kedves szobai vagy kerti d\u00edszek nat\u00far (h\u00e1ntolatlan) f\u0171zvessz\u0151b\u0151l fonva. (3 db\/csomag)\\n\\nA fecsk\u00e9k \u00fcve..., Meska","image_title":"3 darab fonott fecske nat\u00far f\u0171zvessz\u0151b\u0151l, Meska","view_count":"53","favourite_count":"1","trending_score":"0","last2MonthFavouriteCount":"1","promotion":"0","giftcard_accept":"1","creditcard_accept":false,"enhanced_background":"0","domain":"meska","specific_customer_id":null,"specific_customer_name":null,"to_order_product":"1","to_order_product_time":"2","product_different":null,"product_different_description":"k\u00e9zimunk\u00e1b\u00f3l ad\u00f3d\u00f3 kisebb elt\u00e9r\u00e9sek, fa sz\u00edne, form\u00e1ja","vintage":"0","vintage_category_id":"0","recycled":"0","gemstone_id":"0","customizable":"0","type_category":"physical","zerowaste":"1","postage_price":"2599.00","shop_order":"0","has_category":"1","landing_pages":null,"microdata":{"number":63,"category":""},"title":"3 darab fonott fecske nat\u00far f\u0171zvessz\u0151b\u0151l","description":"Kedves szobai vagy kerti d\u00edszek nat\u00far (h\u00e1ntolatlan) f\u0171zvessz\u0151b\u0151l fonva. (3 db\/csomag)\n\nA fecsk\u00e9k \u00fcvegfel\u00fcletek el\u00e9 l\u00f3gatva elriasztj\u00e1k a madarakat, \u00edgy azok nem rep\u00fclnek az \u00fcvegnek, de esk\u00fcv\u0151i dekor\u00e1ci\u00f3nak, babaszoba d\u00edsznek is meg\u00e1llja a hely\u00e9t :)\n\nA fecsk\u00e9k magass\u00e1ga kb. 25 cm.\n\nRendel\u00e9sre k\u00e9sz\u00fclnek!","score":0,"formatted_price":"5 900 Ft","image_url":"https:\/\/www.meska.hu\/img\/product\/small\/k\/i\/kisdiostudio_product_42057_240808160606_664429.jpeg","formatted_url":"https:\/\/www.meska.hu\/p5845529-3-darab-fonott-fecske-natur-fuzvesszobol","favourite":false,"in_stock":false,"avatar":"KisdioStudio_avatar_42057_1649420514.jpg","delete_from":0,"is_enhanced_background":false,"is_enhanced":false,"product_selection_started":false,"is_active":true,"image_webp_url":"https:\/\/www.meska.hu\/img\/product\/small\/k\/i\/kisdiostudio_product_42057_240808160606_664429.webp"},{"id":"6315605","shop_id":"51798","user_id":"770850","shop_name":"Irinaasztronauta","shop_zip":"2337","product_code":"5845455","product_name_old":null,"product_name":"\"Sarki f\u00e9ny\" epoxigyanta med\u00e1l","category_string":"\u00c9kszer, Nyakl\u00e1nc, Med\u00e1los nyakl\u00e1nc","technic_string":"\u00c9kszerk\u00e9sz\u00edt\u00e9s, Fon\u00e1s (csuh\u00e9, gy\u00e9k\u00e9ny, stb.)","category_1":"327","category_2":"337","category_3":"1260","category_4":"0","merged_category_1":null,"merged_category_2":null,"merged_category_3":null,"technic_1":"477","technic_2":"482","technic_3":"0","color_1":"513","color_2":"528","color_3":"529","product_description_old":null,"product_description":"Ez az egyedi, k\u00e9zzel k\u00e9sz\u00fclt med\u00e1l az Irina Asztronauta univerzum r\u00e9sze. A med\u00e1l fel\u00fclet\u00e9n k\u00e9k \u00e9s z\u00f6ld \u00e1rnyalatok tal\u00e1lkoznak ez\u00fcst \u00e9s iriz\u00e1l\u00f3 pigmentekkel, mintha a sarki f\u00e9ny sz\u00ednj\u00e1t\u00e9k\u00e1t szeml\u00e9ln\u00e9nk.\nIrina Asztronauta az\u00e9rt sz\u00fcletett meg, mert l\u00e9legeztet\u0151g\u00e9ppel \u00e9lek \u2013 sz\u00e1momra az asztronauta az a l\u00e9ny, aki \u00edgy is szabadon bej\u00e1rhatja a vil\u00e1g\u0171r minden szeglet\u00e9t, hat\u00e1rok n\u00e9lk\u00fcl. Ez a med\u00e1l ennek a bels\u0151 utaz\u00e1snak a hordhat\u00f3 form\u00e1ja.\nMinden darab egyedi, a mint\u00e1zat nem reproduk\u00e1lhat\u00f3 \u2013 ak\u00e1rcsak egy val\u00f3di csillagk\u00f6zi jelens\u00e9g.\n\n\ud83d\udd39 Forma: csillag form\u00e1j\u00fa med\u00e1l (hosszuk kb 5,5 cm)\n\ud83d\udd39 Technika: k\u00e9zzel k\u00e9sz\u00fclt epoxigyanta\n\ud83d\udd39 K\u00e9k m\u0171b\u0151r nyakp\u00e1nttal (hossza: 44+5 cm), ez\u00fcst kapoccsal (Ha m\u00e1s sz\u00edn\u0171 p\u00e1ntot vagy arany csatot szeretn\u00e9l, jelezd \u00fczenetben!)\n\ud83d\udd39 Egyedi, megism\u00e9telhetetlen darab\n\ud83d\udd39 Az Irina Asztronauta vizu\u00e1lis vil\u00e1g r\u00e9sze\n\ud83d\udd39Egyedi sz\u00ednvari\u00e1ci\u00f3ban, monogrammal \u00e9s hozz\u00e1ill\u0151 f\u00fclbeval\u00f3val is rendelhet\u0151\n\nK\u00fcl\u00f6nleges v\u00e1laszt\u00e1s azoknak, akik szeretik a t\u00f6rt\u00e9nettel b\u00edr\u00f3, m\u0171v\u00e9szi \u00e9kszereket, \u00e9s sz\u00edvesen viselnek egy darabot a saj\u00e1t univerzumukb\u00f3l.\n\nSz\u00e1ll\u00edt\u00e1s d\u00edsztasakban, egyedi k\u00e9peslappal!","price":"2490.00","unit":"db","recommended":"0","status":"1","sponsored":"0","exp_notify":"0","own_material":"0","own_material_description_old":null,"own_material_description":"","jury":"0","jury_number":"","product_nature":"","meskaracsony":"0","create_date":"2026-08-03 19:05:19","shelve_id":"82854","image":"irinaasztronauta_product_770850_260803190147_787136.jpeg","image_width":"480","image_height":"640","image_alt":"\\\"Sarki f\u00e9ny\\\" epoxigyanta med\u00e1l, Ez az egyedi, k\u00e9zzel k\u00e9sz\u00fclt med\u00e1l az Irina Asztronauta univerzum r\u00e9sze. A med\u00e1l fel\u00fclet\u00e9n k\u00e9k \u00e9s z\u00f6..., Meska","image_title":"\\\"Sarki f\u00e9ny\\\" epoxigyanta med\u00e1l, Meska","view_count":"69","favourite_count":"0","trending_score":"0","last2MonthFavouriteCount":"0","promotion":"0","giftcard_accept":"0","creditcard_accept":true,"enhanced_background":"0","domain":"meska","specific_customer_id":null,"specific_customer_name":null,"to_order_product":"1","to_order_product_time":"10","product_different":null,"product_different_description":"","vintage":"0","vintage_category_id":"0","recycled":"0","gemstone_id":"0","customizable":"0","type_category":"physical","zerowaste":"0","postage_price":"1290.00","shop_order":"0","has_category":"1","landing_pages":null,"microdata":{"number":64,"category":""},"title":"\"Sarki f\u00e9ny\" epoxigyanta med\u00e1l","description":"Ez az egyedi, k\u00e9zzel k\u00e9sz\u00fclt med\u00e1l az Irina Asztronauta univerzum r\u00e9sze. A med\u00e1l fel\u00fclet\u00e9n k\u00e9k \u00e9s z\u00f6ld \u00e1rnyalatok tal\u00e1lkoznak ez\u00fcst \u00e9s iriz\u00e1l\u00f3 pigmentekkel, mintha a sarki f\u00e9ny sz\u00ednj\u00e1t\u00e9k\u00e1t szeml\u00e9ln\u00e9nk.\nIrina Asztronauta az\u00e9rt sz\u00fcletett meg, mert l\u00e9legeztet\u0151g\u00e9ppel \u00e9lek \u2013 sz\u00e1momra az asztronauta az a l\u00e9ny, aki \u00edgy is szabadon bej\u00e1rhatja a vil\u00e1g\u0171r minden szeglet\u00e9t, hat\u00e1rok n\u00e9lk\u00fcl. Ez a med\u00e1l ennek a bels\u0151 utaz\u00e1snak a hordhat\u00f3 form\u00e1ja.\nMinden darab egyedi, a mint\u00e1zat nem reproduk\u00e1lhat\u00f3 \u2013 ak\u00e1rcsak egy val\u00f3di csillagk\u00f6zi jelens\u00e9g.\n\n\ud83d\udd39 Forma: csillag form\u00e1j\u00fa med\u00e1l (hosszuk kb 5,5 cm)\n\ud83d\udd39 Technika: k\u00e9zzel k\u00e9sz\u00fclt epoxigyanta\n\ud83d\udd39 K\u00e9k m\u0171b\u0151r nyakp\u00e1nttal (hossza: 44+5 cm), ez\u00fcst kapoccsal (Ha m\u00e1s sz\u00edn\u0171 p\u00e1ntot vagy arany csatot szeretn\u00e9l, jelezd \u00fczenetben!)\n\ud83d\udd39 Egyedi, megism\u00e9telhetetlen darab\n\ud83d\udd39 Az Irina Asztronauta vizu\u00e1lis vil\u00e1g r\u00e9sze\n\ud83d\udd39Egyedi sz\u00ednvari\u00e1ci\u00f3ban, monogrammal \u00e9s hozz\u00e1ill\u0151 f\u00fclbeval\u00f3val is rendelhet\u0151\n\nK\u00fcl\u00f6nleges v\u00e1laszt\u00e1s azoknak, akik szeretik a t\u00f6rt\u00e9nettel b\u00edr\u00f3, m\u0171v\u00e9szi \u00e9kszereket, \u00e9s sz\u00edvesen viselnek egy darabot a saj\u00e1t univerzumukb\u00f3l.\n\nSz\u00e1ll\u00edt\u00e1s d\u00edsztasakban, egyedi k\u00e9peslappal!","score":0,"formatted_price":"2 490 Ft","image_url":"https:\/\/www.meska.hu\/img\/product\/small\/i\/r\/irinaasztronauta_product_770850_260803190147_787136.jpeg","formatted_url":"https:\/\/www.meska.hu\/p5845455-sarki-feny-epoxigyanta-medal","favourite":false,"in_stock":false,"avatar":"770850_avatar_1770558993.jpeg","delete_from":0,"is_enhanced_background":false,"is_enhanced":false,"product_selection_started":false,"is_active":true,"image_webp_url":"https:\/\/www.meska.hu\/img\/product\/small\/i\/r\/irinaasztronauta_product_770850_260803190147_787136.webp"},{"id":"4534169","shop_id":"38745","user_id":"499886","shop_name":"Sasafonomuhelye","shop_zip":"2377","product_code":"4804415","product_name_old":null,"product_name":"Fonott k\u00e9zm\u0171ves kos\u00e1r pap\u00edrfon\u00e1ssal","category_string":"Otthon & \u00c9letm\u00f3d, T\u00e1rol\u00e1s & Rendszerez\u00e9s, T\u00e1rol\u00f3kos\u00e1r","technic_string":"Fon\u00e1s (csuh\u00e9, gy\u00e9k\u00e9ny, stb.)","category_1":"813","category_2":"426","category_3":"428","category_4":"0","merged_category_1":null,"merged_category_2":null,"merged_category_3":null,"technic_1":"482","technic_2":"0","technic_3":"0","color_1":"514","color_2":"0","color_3":"0","product_description_old":null,"product_description":"15x20 cm, 15 cm magas, n\u00e9gyzet alak\u00fa t\u00e1rol\u00f3 kos\u00e1rka, kiss\u00e9 \u00edvelt oldalakkal, term\u00e9szetes f\u00f6ld sz\u00ednben. A m\u00e9rete a sz\u00e9lesebb r\u00e9szeken m\u00e9rve 17 \u00e9s 22 cm. Pap\u00edrfon\u00e1ssal k\u00e9sz\u00fclt, er\u0151s, kem\u00e9ny, stabil oldalakkal \u00e9s als\u00f3 r\u00e9sszel rendelkezik. Nedves szivaccsal j\u00f3l tiszt\u00edthat\u00f3, de az \u00e1ztat\u00e1st\u00f3l \u00f3vjuk. Egyedi k\u00e9zm\u0171ves term\u00e9k. Aj\u00e1nd\u00e9knak, a lak\u00e1sba dekor\u00e1ci\u00f3k\u00e9nt, t\u00e1rol\u00e1shoz egyar\u00e1nt alkalmas. ","price":"5000.00","unit":"db","recommended":"0","status":"1","sponsored":"0","exp_notify":"0","own_material":"0","own_material_description_old":null,"own_material_description":"","jury":"0","jury_number":"","product_nature":"","meskaracsony":"0","create_date":"2026-08-02 23:45:09","shelve_id":"73337","image":"sasafonomuhelye_product_499886_221011175638_69819.jpeg","image_width":"480","image_height":"216","image_alt":"Fonott k\u00e9zm\u0171ves kos\u00e1r pap\u00edrfon\u00e1ssal, 15x20 cm, 15 cm magas, n\u00e9gyzet alak\u00fa t\u00e1rol\u00f3 kos\u00e1rka, kiss\u00e9 \u00edvelt oldalakkal, term\u00e9szetes f\u00f6ld sz\u00ednbe..., Meska","image_title":"Fonott k\u00e9zm\u0171ves kos\u00e1r pap\u00edrfon\u00e1ssal, Meska","view_count":"1933","favourite_count":"0","trending_score":"0","last2MonthFavouriteCount":"0","promotion":"0","giftcard_accept":"0","creditcard_accept":true,"enhanced_background":"0","domain":"meska","specific_customer_id":null,"specific_customer_name":null,"to_order_product":"1","to_order_product_time":"21","product_different":null,"product_different_description":"","vintage":"0","vintage_category_id":"0","recycled":"1","gemstone_id":"0","customizable":"0","type_category":"physical","zerowaste":"0","postage_price":"1290.00","shop_order":"0","has_category":"1","landing_pages":null,"microdata":{"number":65,"category":""},"title":"Fonott k\u00e9zm\u0171ves kos\u00e1r pap\u00edrfon\u00e1ssal","description":"15x20 cm, 15 cm magas, n\u00e9gyzet alak\u00fa t\u00e1rol\u00f3 kos\u00e1rka, kiss\u00e9 \u00edvelt oldalakkal, term\u00e9szetes f\u00f6ld sz\u00ednben. A m\u00e9rete a sz\u00e9lesebb r\u00e9szeken m\u00e9rve 17 \u00e9s 22 cm. Pap\u00edrfon\u00e1ssal k\u00e9sz\u00fclt, er\u0151s, kem\u00e9ny, stabil oldalakkal \u00e9s als\u00f3 r\u00e9sszel rendelkezik. Nedves szivaccsal j\u00f3l tiszt\u00edthat\u00f3, de az \u00e1ztat\u00e1st\u00f3l \u00f3vjuk. Egyedi k\u00e9zm\u0171ves term\u00e9k. Aj\u00e1nd\u00e9knak, a lak\u00e1sba dekor\u00e1ci\u00f3k\u00e9nt, t\u00e1rol\u00e1shoz egyar\u00e1nt alkalmas. ","score":0,"formatted_price":"5 000 Ft","image_url":"https:\/\/www.meska.hu\/img\/product\/small\/s\/a\/sasafonomuhelye_product_499886_221011175638_69819.jpeg","formatted_url":"https:\/\/www.meska.hu\/p4804415-fonott-kezmuves-kosar-papirfonassal","favourite":false,"in_stock":false,"avatar":"499886_avatar_1693338005.jpeg","delete_from":0,"is_enhanced_background":false,"is_enhanced":false,"product_selection_started":false,"is_active":true,"image_webp_url":"https:\/\/www.meska.hu\/img\/product\/small\/s\/a\/sasafonomuhelye_product_499886_221011175638_69819.webp"},{"id":"6314581","shop_id":"40458","user_id":"562106","shop_name":"ZsannaDekor","shop_zip":"1142","product_code":"5845057","product_name_old":null,"product_name":"Levendul\u00e1s Fonott kos\u00e1r","category_string":"Otthon & \u00c9letm\u00f3d, T\u00e1rol\u00e1s & Rendszerez\u00e9s, T\u00e1rol\u00f3kos\u00e1r","technic_string":"Fon\u00e1s (csuh\u00e9, gy\u00e9k\u00e9ny, stb.)","category_1":"813","category_2":"426","category_3":"428","category_4":"0","merged_category_1":null,"merged_category_2":null,"merged_category_3":null,"technic_1":"482","technic_2":"0","technic_3":"0","color_1":"519","color_2":"522","color_3":"0","product_description_old":null,"product_description":"Pap\u00edrfon\u00e1s technik\u00e1val k\u00e9sz\u00fclt, \u00fajrahasznos\u00edtott \u00fajs\u00e1gpap\u00edrb\u00f3l.\nMassz\u00edv,kem\u00e9ny kos\u00e1rka kincsek,pipere,gy\u00fcm\u00f6lcs vagy b\u00e1rmi t\u00e1rol\u00e1s\u00e1ra.\n\nM\u00e9rete: Magass\u00e1g 13cm\n                Als\u00f3 \u00e1tm\u00e9r\u0151je 16cm \n                Fels\u0151 \u00e1tm\u00e9r\u0151je 28cm \n\nK\u00e9rd\u00e9s,k\u00e9r\u00e9s eset\u00e9n keress bizalommal!\n\nM\u00e1s m\u00e9retben,sz\u00ednben is k\u00e9rhet\u0151 egyeztet\u00e9s utan.\n\nZsannaDekor \n\nSzem\u00e9lyesen a 14.ker\u00fcletben vehet\u0151 \u00e1t.","price":"3500.00","unit":"db","recommended":"0","status":"1","sponsored":"0","exp_notify":"0","own_material":"0","own_material_description_old":null,"own_material_description":"","jury":"0","jury_number":"","product_nature":"","meskaracsony":"0","create_date":"2026-08-02 15:20:28","shelve_id":"0","image":"zsannadekor_product_562106_260802151804_31890.jpeg","image_width":"480","image_height":"360","image_alt":"Levendul\u00e1s Fonott kos\u00e1r, Pap\u00edrfon\u00e1s technik\u00e1val k\u00e9sz\u00fclt, \u00fajrahasznos\u00edtott \u00fajs\u00e1gpap\u00edrb\u00f3l.\\nMassz\u00edv,kem\u00e9ny kos\u00e1rka kincsek,piper..., Meska","image_title":"Levendul\u00e1s Fonott kos\u00e1r, Meska","view_count":"55","favourite_count":"0","trending_score":"0","last2MonthFavouriteCount":"0","promotion":"0","giftcard_accept":"0","creditcard_accept":false,"enhanced_background":"0","domain":"meska","specific_customer_id":null,"specific_customer_name":null,"to_order_product":"0","to_order_product_time":"0","product_different":null,"product_different_description":"","vintage":"0","vintage_category_id":"0","recycled":"1","gemstone_id":"0","customizable":"0","type_category":"physical","zerowaste":"1","postage_price":"1290.00","shop_order":"0","has_category":"1","landing_pages":null,"microdata":{"number":66,"category":""},"title":"Levendul\u00e1s Fonott kos\u00e1r","description":"Pap\u00edrfon\u00e1s technik\u00e1val k\u00e9sz\u00fclt, \u00fajrahasznos\u00edtott \u00fajs\u00e1gpap\u00edrb\u00f3l.\nMassz\u00edv,kem\u00e9ny kos\u00e1rka kincsek,pipere,gy\u00fcm\u00f6lcs vagy b\u00e1rmi t\u00e1rol\u00e1s\u00e1ra.\n\nM\u00e9rete: Magass\u00e1g 13cm\n                Als\u00f3 \u00e1tm\u00e9r\u0151je 16cm \n                Fels\u0151 \u00e1tm\u00e9r\u0151je 28cm \n\nK\u00e9rd\u00e9s,k\u00e9r\u00e9s eset\u00e9n keress bizalommal!\n\nM\u00e1s m\u00e9retben,sz\u00ednben is k\u00e9rhet\u0151 egyeztet\u00e9s utan.\n\nZsannaDekor \n\nSzem\u00e9lyesen a 14.ker\u00fcletben vehet\u0151 \u00e1t.","score":0,"formatted_price":"3 500 Ft","image_url":"https:\/\/www.meska.hu\/img\/product\/small\/z\/s\/zsannadekor_product_562106_260802151804_31890.jpeg","formatted_url":"https:\/\/www.meska.hu\/p5845057-levendulas-fonott-kosar","favourite":false,"in_stock":true,"avatar":"ZsannaDekor_avatar_562106_1678138852.jpg","delete_from":0,"is_enhanced_background":false,"is_enhanced":false,"product_selection_started":false,"is_active":true,"image_webp_url":"https:\/\/www.meska.hu\/img\/product\/small\/z\/s\/zsannadekor_product_562106_260802151804_31890.webp"},{"id":"3391443","shop_id":"26841","user_id":"327178","shop_name":"gardonyilevendula","shop_zip":"2483","product_code":"4624988","product_name_old":null,"product_name":"Levendulav\u00edz fonott d\u00edsztokban","category_string":"Sz\u00e9ps\u00e9g\u00e1pol\u00e1s, Kozmetikai aj\u00e1nd\u00e9kcsomag","technic_string":"Fon\u00e1s (csuh\u00e9, gy\u00e9k\u00e9ny, stb.), \u00dajrahasznos\u00edtott alapanyagb\u00f3l k\u00e9sz\u00fclt term\u00e9kek","category_1":"454","category_2":"915","category_3":"0","category_4":"0","merged_category_1":"0","merged_category_2":"0","merged_category_3":"0","technic_1":"482","technic_2":"504","technic_3":"0","color_1":"515","color_2":"522","color_3":"527","product_description_old":null,"product_description":"Dekorat\u00edv \u00e9s praktikus\n\nA levendulav\u00edz az egyik legpraktikusabb aj\u00e1nd\u00e9k, amit csak adhatsz, ha term\u00e9szetes \u00e9s k\u00f6rnyezetbar\u00e1t megold\u00e1st keresel.\n \u00d6nmag\u00e1ban is sz\u00e9p \u00e9s k\u00fcl\u00f6nleges, r\u00e1ad\u00e1sul finom illata van, \u00e9s sokmindenre j\u00f3. Stresszold\u00f3, illatos\u00edt\u00f3, kezeli a b\u0151rirrit\u00e1ci\u00f3t, ki\u00fct\u00e9seket, ekc\u00e9m\u00e1t, sz\u00fanyogcs\u00edp\u00e9st, illetve a sz\u00fanyogok \u00e9s kullancsok el is ker\u00fclik illat\u00e1t. \nTextilre f\u00fajva nem hagy nyomot, haszn\u00e1lhatod illatos\u00edt\u00e1sra, bef\u00fajhatod vele p\u00e1rn\u00e1dat is.\n\n\nV\u00e1laszd aj\u00e1nd\u00e9kba, ezzel a fonott d\u00edsztokkal, amit\u0151l m\u00e9g exclusivabb lesz, \u00e9s kiemeli a levendula vintage st\u00edlus\u00e1t is. A tok sz\u00edn\u00e9t ki is v\u00e1laszthatod.\nFeh\u00e9r sz\u00ednben m\u00e1r nem k\u00e9sz\u00edtj\u00fck, mert hamar bes\u00e1rgul. Lila vagy antikolt sz\u00fcrke sz\u00ednb\u0151l v\u00e1laszthatsz.\n\nEzt a d\u00edsztokot k\u00e9s\u0151bb m\u00e1sra is haszn\u00e1lhatja, tarthat benne szem\u00fcveget, vagy zsebkend\u0151t. Vagy nagyon helyes kis v\u00e1z\u00e1v\u00e1 is alak\u00edthat\u00f3, ha talpnak a tetej\u00e9t alulra r\u00e1h\u00fazzuk. Egy csokor sz\u00e1\u00edrtott levendul\u00e1val hangulatos d\u00edsze a lak\u00e1snak.\n\nMib\u0151l k\u00e9sz\u00fcl?\nTERM\u00c9KEINK ENGED\u00c9LYEZETT, BEVIZSG\u00c1LT TERM\u00c9KEK.\n\nMIN\u0150S\u00c9GBIZTOS\u00cdT\u00c1SI RENDSZER: MSZ EN ISO 22716\/2008\nA term\u00e9k MSDS lappal rendelkezik.\n\nK\u00f6rnyezetbar\u00e1t szeml\u00e9lettel v\u00e1logatjuk ki saj\u00e1t term\u00e9keinket \u00e9s alapanyagukat, \u00edgy ez sem lehet m\u00e1sk\u00e9pp. A kos\u00e1r festett, \u00fajrahasznos\u00edtott anyagb\u00f3l k\u00e9sz\u00fclt, kos\u00e1rfon\u00e1ssal. Egyedi k\u00e9zm\u0171ves term\u00e9k.\n\nAz id\u0151j\u00e1r\u00e1sn\u00e1l m\u00e9rs\u00e9kelten ellen\u00e1ll, es\u0151n nem aj\u00e1nlott kint hagyni, mert eldeform\u00e1l\u00f3dhat. V\u00edzzel lemoshat\u00f3, hagyni kell megsz\u00e1radni.\n\n1 db 100 ml levendulav\u00edz haszn\u00e1lati utas\u00edt\u00e1ssal, \u00e9s 1 db d\u00edsztok","price":"3990.00","unit":"db","recommended":"0","status":"1","sponsored":"0","exp_notify":"0","own_material":"0","own_material_description_old":null,"own_material_description":"","jury":"0","jury_number":"","product_nature":"","meskaracsony":"0","create_date":"2026-08-01 17:34:57","shelve_id":"67490","image":"gardonyilevendula_product_327178_221110114719_936835.jpeg","image_width":"480","image_height":"631","image_alt":"Levendulav\u00edz fonott d\u00edsztokban, Dekorat\u00edv \u00e9s praktikus\\n\\nA levendulav\u00edz az egyik legpraktikusabb aj\u00e1nd\u00e9k, amit csak adhatsz, ha term\u00e9..., Meska","image_title":"Levendulav\u00edz fonott d\u00edsztokban, Meska","view_count":"2942","favourite_count":"0","trending_score":"0","last2MonthFavouriteCount":"0","promotion":"209","giftcard_accept":"0","creditcard_accept":true,"enhanced_background":"0","domain":"meska","specific_customer_id":null,"specific_customer_name":null,"to_order_product":"1","to_order_product_time":"2","product_different":null,"product_different_description":"","vintage":"0","vintage_category_id":"0","recycled":"1","gemstone_id":"0","customizable":"0","type_category":"physical","zerowaste":"1","postage_price":"1290.00","shop_order":"0","has_category":"1","landing_pages":"Ballag\u00e1si aj\u00e1nd\u00e9kok \u00e9s kieg\u00e9sz\u00edt\u0151k","microdata":{"number":67,"category":""},"title":"Levendulav\u00edz fonott d\u00edsztokban","description":"Dekorat\u00edv \u00e9s praktikus\n\nA levendulav\u00edz az egyik legpraktikusabb aj\u00e1nd\u00e9k, amit csak adhatsz, ha term\u00e9szetes \u00e9s k\u00f6rnyezetbar\u00e1t megold\u00e1st keresel.\n \u00d6nmag\u00e1ban is sz\u00e9p \u00e9s k\u00fcl\u00f6nleges, r\u00e1ad\u00e1sul finom illata van, \u00e9s sokmindenre j\u00f3. Stresszold\u00f3, illatos\u00edt\u00f3, kezeli a b\u0151rirrit\u00e1ci\u00f3t, ki\u00fct\u00e9seket, ekc\u00e9m\u00e1t, sz\u00fanyogcs\u00edp\u00e9st, illetve a sz\u00fanyogok \u00e9s kullancsok el is ker\u00fclik illat\u00e1t. \nTextilre f\u00fajva nem hagy nyomot, haszn\u00e1lhatod illatos\u00edt\u00e1sra, bef\u00fajhatod vele p\u00e1rn\u00e1dat is.\n\n\nV\u00e1laszd aj\u00e1nd\u00e9kba, ezzel a fonott d\u00edsztokkal, amit\u0151l m\u00e9g exclusivabb lesz, \u00e9s kiemeli a levendula vintage st\u00edlus\u00e1t is. A tok sz\u00edn\u00e9t ki is v\u00e1laszthatod.\nFeh\u00e9r sz\u00ednben m\u00e1r nem k\u00e9sz\u00edtj\u00fck, mert hamar bes\u00e1rgul. Lila vagy antikolt sz\u00fcrke sz\u00ednb\u0151l v\u00e1laszthatsz.\n\nEzt a d\u00edsztokot k\u00e9s\u0151bb m\u00e1sra is haszn\u00e1lhatja, tarthat benne szem\u00fcveget, vagy zsebkend\u0151t. Vagy nagyon helyes kis v\u00e1z\u00e1v\u00e1 is alak\u00edthat\u00f3, ha talpnak a tetej\u00e9t alulra r\u00e1h\u00fazzuk. Egy csokor sz\u00e1\u00edrtott levendul\u00e1val hangulatos d\u00edsze a lak\u00e1snak.\n\nMib\u0151l k\u00e9sz\u00fcl?\nTERM\u00c9KEINK ENGED\u00c9LYEZETT, BEVIZSG\u00c1LT TERM\u00c9KEK.\n\nMIN\u0150S\u00c9GBIZTOS\u00cdT\u00c1SI RENDSZER: MSZ EN ISO 22716\/2008\nA term\u00e9k MSDS lappal rendelkezik.\n\nK\u00f6rnyezetbar\u00e1t szeml\u00e9lettel v\u00e1logatjuk ki saj\u00e1t term\u00e9keinket \u00e9s alapanyagukat, \u00edgy ez sem lehet m\u00e1sk\u00e9pp. A kos\u00e1r festett, \u00fajrahasznos\u00edtott anyagb\u00f3l k\u00e9sz\u00fclt, kos\u00e1rfon\u00e1ssal. Egyedi k\u00e9zm\u0171ves term\u00e9k.\n\nAz id\u0151j\u00e1r\u00e1sn\u00e1l m\u00e9rs\u00e9kelten ellen\u00e1ll, es\u0151n nem aj\u00e1nlott kint hagyni, mert eldeform\u00e1l\u00f3dhat. V\u00edzzel lemoshat\u00f3, hagyni kell megsz\u00e1radni.\n\n1 db 100 ml levendulav\u00edz haszn\u00e1lati utas\u00edt\u00e1ssal, \u00e9s 1 db d\u00edsztok","score":0,"formatted_price":"3 990 Ft","image_url":"https:\/\/www.meska.hu\/img\/product\/small\/g\/a\/gardonyilevendula_product_327178_221110114719_936835.jpeg","formatted_url":"https:\/\/www.meska.hu\/p4624988-levendulaviz-fonott-disztokban-anyak-napjara-ballagasra-unnepi-alkalmakra","favourite":false,"in_stock":false,"avatar":"327178_avatar_1782303777.jpeg","delete_from":0,"is_enhanced_background":false,"is_enhanced":false,"product_selection_started":false,"original_price":"3 990 Ft","promotion_percentage":"-10%","promoted_price":"3 591 Ft","promoted_price_sup":"10","ribbon":"https:\/\/www.meska.hu\/img\/promotionbanners\/GQTXZHEC0\/product_ribbon_10_1785231767.svg","is_active":true,"image_webp_url":"https:\/\/www.meska.hu\/img\/product\/small\/g\/a\/gardonyilevendula_product_327178_221110114719_936835.webp"},{"id":"5748895","shop_id":"40458","user_id":"562106","shop_name":"ZsannaDekor","shop_zip":"1142","product_code":"5533134","product_name_old":null,"product_name":"H\u00fasv\u00e9ti toj\u00e1sgy\u0171jt\u0151 fonott kos\u00e1r","category_string":"\u00dcnnepi d\u00edszek, dekor\u00e1ci\u00f3k, H\u00fasv\u00e9ti d\u00edszek \u00e9s dekor\u00e1ci\u00f3k, H\u00fasv\u00e9ti kos\u00e1r","technic_string":"Fon\u00e1s (csuh\u00e9, gy\u00e9k\u00e9ny, stb.)","category_1":"1803","category_2":"1806","category_3":"1818","category_4":"0","merged_category_1":null,"merged_category_2":null,"merged_category_3":null,"technic_1":"482","technic_2":"0","technic_3":"0","color_1":"514","color_2":"526","color_3":"0","product_description_old":null,"product_description":"Pap\u00edrfon\u00e1s technik\u00e1val,  \u00fajrahasznos\u00edtott \u00fajs\u00e1gpap\u00edrb\u00f3l k\u00e9sz\u00edtett massz\u00edv, fonott kos\u00e1rka. \n\nFels\u0151 \u00e1tm\u00e9r\u0151je 17cm\nMagass\u00e1ga a kos\u00e1r perem\u00e9ig 8cm\n\n\nK\u00e9rd\u00e9seddel,k\u00e9r\u00e9seddel keress bizalommal!\n\nZsannaDekor","price":"2000.00","unit":"db","recommended":"0","status":"1","sponsored":"0","exp_notify":"0","own_material":"0","own_material_description_old":null,"own_material_description":"","jury":"0","jury_number":"","product_nature":"","meskaracsony":"0","create_date":"2026-08-01 12:34:33","shelve_id":"0","image":"zsannadekor_product_562106_250418065442_410340.jpeg","image_width":"480","image_height":"360","image_alt":"H\u00fasv\u00e9ti toj\u00e1sgy\u0171jt\u0151 fonott kos\u00e1r, Pap\u00edrfon\u00e1s technik\u00e1val,  \u00fajrahasznos\u00edtott \u00fajs\u00e1gpap\u00edrb\u00f3l k\u00e9sz\u00edtett massz\u00edv, fonott kos\u00e1rka. \\n\\nFels\u0151 \u00e1..., Meska","image_title":"H\u00fasv\u00e9ti toj\u00e1sgy\u0171jt\u0151 fonott kos\u00e1r, Meska","view_count":"399","favourite_count":"0","trending_score":"0","last2MonthFavouriteCount":"0","promotion":"209","giftcard_accept":"0","creditcard_accept":false,"enhanced_background":"0","domain":"meska","specific_customer_id":null,"specific_customer_name":null,"to_order_product":"0","to_order_product_time":"0","product_different":null,"product_different_description":"","vintage":"0","vintage_category_id":"0","recycled":"1","gemstone_id":"0","customizable":"0","type_category":"physical","zerowaste":"1","postage_price":"1290.00","shop_order":"0","has_category":"1","landing_pages":null,"microdata":{"number":68,"category":""},"title":"H\u00fasv\u00e9ti toj\u00e1sgy\u0171jt\u0151 fonott kos\u00e1r","description":"Pap\u00edrfon\u00e1s technik\u00e1val,  \u00fajrahasznos\u00edtott \u00fajs\u00e1gpap\u00edrb\u00f3l k\u00e9sz\u00edtett massz\u00edv, fonott kos\u00e1rka. \n\nFels\u0151 \u00e1tm\u00e9r\u0151je 17cm\nMagass\u00e1ga a kos\u00e1r perem\u00e9ig 8cm\n\n\nK\u00e9rd\u00e9seddel,k\u00e9r\u00e9seddel keress bizalommal!\n\nZsannaDekor","score":0,"formatted_price":"2 000 Ft","image_url":"https:\/\/www.meska.hu\/img\/product\/small\/z\/s\/zsannadekor_product_562106_250418065442_410340.jpeg","formatted_url":"https:\/\/www.meska.hu\/p5533134-husveti-tojasgyujto-fonott-kosar","favourite":false,"in_stock":true,"avatar":"ZsannaDekor_avatar_562106_1678138852.jpg","delete_from":0,"is_enhanced_background":false,"is_enhanced":false,"product_selection_started":false,"original_price":"2 000 Ft","promotion_percentage":"-10%","promoted_price":"1 800 Ft","promoted_price_sup":"10","ribbon":"https:\/\/www.meska.hu\/img\/promotionbanners\/GQTXZHEC0\/product_ribbon_10_1785231767.svg","is_active":true,"image_webp_url":"https:\/\/www.meska.hu\/img\/product\/small\/z\/s\/zsannadekor_product_562106_250418065442_410340.webp"},{"id":"4749729","shop_id":"40458","user_id":"562106","shop_name":"ZsannaDekor","shop_zip":"1142","product_code":"4927917","product_name_old":null,"product_name":"H\u00fasv\u00e9ti kopogtat\u00f3 fonott kerettel","category_string":"\u00dcnnepi d\u00edszek, dekor\u00e1ci\u00f3k, H\u00fasv\u00e9ti d\u00edszek \u00e9s dekor\u00e1ci\u00f3k, H\u00fasv\u00e9ti ajt\u00f3d\u00edsz, kopogtat\u00f3","technic_string":"Fon\u00e1s (csuh\u00e9, gy\u00e9k\u00e9ny, stb.), Decoupage, transzfer \u00e9s szalv\u00e9tatechnika","category_1":"1803","category_2":"1804","category_3":"1818","category_4":"0","merged_category_1":null,"merged_category_2":null,"merged_category_3":null,"technic_1":"482","technic_2":"476","technic_3":"0","color_1":"526","color_2":"0","color_3":"0","product_description_old":null,"product_description":"A bels\u0151 fa keretre pap\u00edrfon\u00e1s technik\u00e1val k\u00e9sz\u00fclt a sz\u00ednes fon\u00e1s.\nKedves,vid\u00e1m sz\u00edn\u0171.\n\n\u00c1tm\u00e9r\u0151je 17cm.","price":"2500.00","unit":"db","recommended":"0","status":"1","sponsored":"0","exp_notify":"0","own_material":"0","own_material_description_old":null,"own_material_description":"","jury":"0","jury_number":"","product_nature":"","meskaracsony":"0","create_date":"2026-07-31 23:30:57","shelve_id":"0","image":"zsannadekor_product_562106_230316063000_787246.jpeg","image_width":"480","image_height":"640","image_alt":"H\u00fasv\u00e9ti kopogtat\u00f3 fonott kerettel, A bels\u0151 fa keretre pap\u00edrfon\u00e1s technik\u00e1val k\u00e9sz\u00fclt a sz\u00ednes fon\u00e1s.\\nKedves,vid\u00e1m sz\u00edn\u0171.\\n\\n\u00c1tm\u00e9r\u0151je 17cm..., Meska","image_title":"H\u00fasv\u00e9ti kopogtat\u00f3 fonott kerettel, Meska","view_count":"1110","favourite_count":"0","trending_score":"0","last2MonthFavouriteCount":"0","promotion":"209","giftcard_accept":"0","creditcard_accept":false,"enhanced_background":"0","domain":"meska","specific_customer_id":null,"specific_customer_name":null,"to_order_product":"1","to_order_product_time":"14","product_different":null,"product_different_description":"","vintage":"0","vintage_category_id":"0","recycled":"1","gemstone_id":"0","customizable":"0","type_category":"physical","zerowaste":"1","postage_price":"1290.00","shop_order":"0","has_category":"1","landing_pages":null,"microdata":{"number":69,"category":""},"title":"H\u00fasv\u00e9ti kopogtat\u00f3 fonott kerettel","description":"A bels\u0151 fa keretre pap\u00edrfon\u00e1s technik\u00e1val k\u00e9sz\u00fclt a sz\u00ednes fon\u00e1s.\nKedves,vid\u00e1m sz\u00edn\u0171.\n\n\u00c1tm\u00e9r\u0151je 17cm.","score":0,"formatted_price":"2 500 Ft","image_url":"https:\/\/www.meska.hu\/img\/product\/small\/z\/s\/zsannadekor_product_562106_230316063000_787246.jpeg","formatted_url":"https:\/\/www.meska.hu\/p4927917-husveti-kopogtato-fonott-kerettel","favourite":false,"in_stock":false,"avatar":"ZsannaDekor_avatar_562106_1678138852.jpg","delete_from":0,"is_enhanced_background":false,"is_enhanced":false,"product_selection_started":false,"original_price":"2 500 Ft","promotion_percentage":"-10%","promoted_price":"2 250 Ft","promoted_price_sup":"10","ribbon":"https:\/\/www.meska.hu\/img\/promotionbanners\/GQTXZHEC0\/product_ribbon_10_1785231767.svg","is_active":true,"image_webp_url":"https:\/\/www.meska.hu\/img\/product\/small\/z\/s\/zsannadekor_product_562106_230316063000_787246.webp"},{"id":"2743555","shop_id":"19710","user_id":"191983","shop_name":"pagi28","shop_zip":"5300","product_code":"4700664","product_name_old":null,"product_name":"Kukorica csuh\u00e9 angyalka kar\u00e1csonyfa d\u00edsz","category_string":"Kar\u00e1csony, Kar\u00e1csonyi lak\u00e1sdekor\u00e1ci\u00f3, Kar\u00e1csonyfad\u00edszek","technic_string":"Fon\u00e1s (csuh\u00e9, gy\u00e9k\u00e9ny, stb.)","category_1":"319","category_2":"324","category_3":"323","category_4":"0","merged_category_1":null,"merged_category_2":null,"merged_category_3":null,"technic_1":"482","technic_2":"0","technic_3":"0","color_1":"515","color_2":"0","color_3":"0","product_description_old":null,"product_description":"kukorica csuh\u00e9b\u00f3l k\u00e9sz\u00fclt angyalka.\n\nhaszn\u00e1lhatod kar\u00e1csonyfad\u00edsznek, vagy szalv\u00e9tagy\u0171r\u0171nek is.\n\nm\u00e9rete: 9-10 cm magas \nHa t\u00f6bb darabot szeretn\u00e9l \u00edrj \u00fczenetet.","price":"850.00","unit":"db","recommended":"0","status":"1","sponsored":"0","exp_notify":"0","own_material":"0","own_material_description_old":null,"own_material_description":"","jury":"0","jury_number":"","product_nature":"","meskaracsony":"0","create_date":"2026-07-31 23:30:56","shelve_id":"67471","image":"pagi28_product_191983_211115075333_502325.jpeg","image_width":"480","image_height":"695","image_alt":"Kukorica csuh\u00e9 angyalka kar\u00e1csonyfa d\u00edsz, kukorica csuh\u00e9b\u00f3l k\u00e9sz\u00fclt angyalka.\\n\\nhaszn\u00e1lhatod kar\u00e1csonyfad\u00edsznek, vagy szalv\u00e9tagy\u0171r\u0171nek is.\\n\\nm\u00e9r..., Meska","image_title":"Kukorica csuh\u00e9 angyalka kar\u00e1csonyfa d\u00edsz, Meska","view_count":"3466","favourite_count":"0","trending_score":"0","last2MonthFavouriteCount":"0","promotion":"209","giftcard_accept":"0","creditcard_accept":true,"enhanced_background":"0","domain":"meska","specific_customer_id":null,"specific_customer_name":null,"to_order_product":"0","to_order_product_time":"0","product_different":null,"product_different_description":"","vintage":"0","vintage_category_id":"0","recycled":"0","gemstone_id":"0","customizable":"0","type_category":"physical","zerowaste":"0","postage_price":"1290.00","shop_order":"617","has_category":"1","landing_pages":null,"microdata":{"number":70,"category":""},"title":"Kukorica csuh\u00e9 angyalka kar\u00e1csonyfa d\u00edsz","description":"kukorica csuh\u00e9b\u00f3l k\u00e9sz\u00fclt angyalka.\n\nhaszn\u00e1lhatod kar\u00e1csonyfad\u00edsznek, vagy szalv\u00e9tagy\u0171r\u0171nek is.\n\nm\u00e9rete: 9-10 cm magas \nHa t\u00f6bb darabot szeretn\u00e9l \u00edrj \u00fczenetet.","score":0,"formatted_price":"850 Ft","image_url":"https:\/\/www.meska.hu\/img\/product\/small\/p\/a\/pagi28_product_191983_211115075333_502325.jpeg","formatted_url":"https:\/\/www.meska.hu\/p4700664-kukorica-csuhe-angyalka-karacsonyfa-disz","favourite":false,"in_stock":true,"avatar":null,"delete_from":0,"is_enhanced_background":false,"is_enhanced":false,"product_selection_started":false,"original_price":"850 Ft","promotion_percentage":"-10%","promoted_price":"765 Ft","promoted_price_sup":"10","ribbon":"https:\/\/www.meska.hu\/img\/promotionbanners\/GQTXZHEC0\/product_ribbon_10_1785231767.svg","is_active":true,"image_webp_url":"https:\/\/www.meska.hu\/img\/product\/small\/p\/a\/pagi28_product_191983_211115075333_502325.webp"},{"id":"5202147","shop_id":"40458","user_id":"562106","shop_name":"ZsannaDekor","shop_zip":"1142","product_code":"5203263","product_name_old":null,"product_name":"Sz\u00edv form\u00e1j\u00fa fonott kos\u00e1r","category_string":"Otthon & \u00c9letm\u00f3d, T\u00e1rol\u00e1s & Rendszerez\u00e9s, T\u00e1rol\u00f3kos\u00e1r","technic_string":"Fon\u00e1s (csuh\u00e9, gy\u00e9k\u00e9ny, stb.)","category_1":"813","category_2":"426","category_3":"428","category_4":"0","merged_category_1":null,"merged_category_2":null,"merged_category_3":null,"technic_1":"482","technic_2":"0","technic_3":"0","color_1":"528","color_2":"0","color_3":"0","product_description_old":null,"product_description":"Pap\u00edrfon\u00e1s technik\u00e1val, \u00fajrahasznos\u00edtott \u00fajs\u00e1gpap\u00edrb\u00f3l k\u00e9sz\u00fclt kos\u00e1r.\n\nMassz\u00edv,kem\u00e9ny kos\u00e1rka.\n\nSz\u00e9less\u00e9g 20cm\nHossz 16cm\nMagass\u00e1g 9cm\n\n\u00d6nmag\u00e1ban is haszn\u00e1lhat\u00f3,de ak\u00e1r \u00e9dess\u00e9get, kozmetikumot,f\u00fcrd\u0151bomb\u00e1t,szappanr\u00f3zs\u00e1t vagy b\u00e1rmit belet\u00e9ve egy k\u00fcl\u00f6nleges aj\u00e1nd\u00e9k,amivel a szeretet egy\u00e9rtelm\u0171en ki lehet fejezni.\n\nLepd meg szeretted ezzel az egyedi kos\u00e1rk\u00e1val. Legyen sz\u00f3 ,n\u00e9vnapr\u00f3l, Valentin napr\u00f3l, n\u00e1szaj\u00e1nd\u00e9kr\u00f3l,\u00e9vfordul\u00f3r\u00f3l vagy csak \u00fagy!\n\nK\u00e9rd\u00e9seddel,k\u00e9r\u00e9seddel keress bizalommal!\n\nZsannaDekor","price":"2000.00","unit":"db","recommended":"0","status":"1","sponsored":"0","exp_notify":"0","own_material":"0","own_material_description_old":null,"own_material_description":"","jury":"0","jury_number":"","product_nature":"","meskaracsony":"0","create_date":"2026-07-31 23:30:53","shelve_id":"0","image":"zsannadekor_product_562106_240131151742_392794.jpeg","image_width":"480","image_height":"640","image_alt":"Sz\u00edv form\u00e1j\u00fa fonott kos\u00e1r, Pap\u00edrfon\u00e1s technik\u00e1val, \u00fajrahasznos\u00edtott \u00fajs\u00e1gpap\u00edrb\u00f3l k\u00e9sz\u00fclt kos\u00e1r.\\n\\nMassz\u00edv,kem\u00e9ny kos\u00e1rka.\\n\\nSz\u00e9l..., Meska","image_title":"Sz\u00edv form\u00e1j\u00fa fonott kos\u00e1r, Meska","view_count":"729","favourite_count":"0","trending_score":"0","last2MonthFavouriteCount":"0","promotion":"0","giftcard_accept":"0","creditcard_accept":false,"enhanced_background":"0","domain":"meska","specific_customer_id":null,"specific_customer_name":null,"to_order_product":"1","to_order_product_time":"14","product_different":null,"product_different_description":"","vintage":"0","vintage_category_id":"0","recycled":"1","gemstone_id":"0","customizable":"0","type_category":"physical","zerowaste":"1","postage_price":"1290.00","shop_order":"0","has_category":"1","landing_pages":null,"microdata":{"number":71,"category":""},"title":"Sz\u00edv form\u00e1j\u00fa fonott kos\u00e1r","description":"Pap\u00edrfon\u00e1s technik\u00e1val, \u00fajrahasznos\u00edtott \u00fajs\u00e1gpap\u00edrb\u00f3l k\u00e9sz\u00fclt kos\u00e1r.\n\nMassz\u00edv,kem\u00e9ny kos\u00e1rka.\n\nSz\u00e9less\u00e9g 20cm\nHossz 16cm\nMagass\u00e1g 9cm\n\n\u00d6nmag\u00e1ban is haszn\u00e1lhat\u00f3,de ak\u00e1r \u00e9dess\u00e9get, kozmetikumot,f\u00fcrd\u0151bomb\u00e1t,szappanr\u00f3zs\u00e1t vagy b\u00e1rmit belet\u00e9ve egy k\u00fcl\u00f6nleges aj\u00e1nd\u00e9k,amivel a szeretet egy\u00e9rtelm\u0171en ki lehet fejezni.\n\nLepd meg szeretted ezzel az egyedi kos\u00e1rk\u00e1val. Legyen sz\u00f3 ,n\u00e9vnapr\u00f3l, Valentin napr\u00f3l, n\u00e1szaj\u00e1nd\u00e9kr\u00f3l,\u00e9vfordul\u00f3r\u00f3l vagy csak \u00fagy!\n\nK\u00e9rd\u00e9seddel,k\u00e9r\u00e9seddel keress bizalommal!\n\nZsannaDekor","score":0,"formatted_price":"2 000 Ft","image_url":"https:\/\/www.meska.hu\/img\/product\/small\/z\/s\/zsannadekor_product_562106_240131151742_392794.jpeg","formatted_url":"https:\/\/www.meska.hu\/p5203263-sziv-kosar","favourite":false,"in_stock":false,"avatar":"ZsannaDekor_avatar_562106_1678138852.jpg","delete_from":0,"is_enhanced_background":false,"is_enhanced":false,"product_selection_started":false,"is_active":true,"image_webp_url":"https:\/\/www.meska.hu\/img\/product\/small\/z\/s\/zsannadekor_product_562106_240131151742_392794.webp"},{"id":"5239056","shop_id":"40458","user_id":"562106","shop_name":"ZsannaDekor","shop_zip":"1142","product_code":"5228786","product_name_old":null,"product_name":"Nemzeti sz\u00edn\u0171 ajt\u00f3d\u00edsz,koszor\u00fa alap","category_string":"Kell\u00e9kek & szersz\u00e1mok, Dekor\u00e1ci\u00f3s kell\u00e9kek, Koszor\u00fa, koszor\u00faalap","technic_string":"Fon\u00e1s (csuh\u00e9, gy\u00e9k\u00e9ny, stb.), Pap\u00edrm\u0171v\u00e9szet","category_1":"1544","category_2":"656","category_3":"1547","category_4":"0","merged_category_1":null,"merged_category_2":null,"merged_category_3":null,"technic_1":"482","technic_2":"497","technic_3":"0","color_1":"519","color_2":"523","color_3":"529","product_description_old":null,"product_description":"Pap\u00edrfon\u00e1s technik\u00e1val, \u00fajrahasznos\u00edtott pap\u00edrb\u00f3l k\u00e9sz\u00fclt koszor\u00fa.\n\nK\u00fcls\u0151 \u00e1tm\u00e9r\u0151je 23cm, bels\u0151 12cm.\n\nSzem\u00e9lyesen a 14.ker\u00fcletben vehet\u0151 \u00e1t. \n","price":"1000.00","unit":"db","recommended":"0","status":"1","sponsored":"0","exp_notify":"0","own_material":"0","own_material_description_old":null,"own_material_description":"","jury":"0","jury_number":"","product_nature":"","meskaracsony":"0","create_date":"2026-07-31 23:30:52","shelve_id":"0","image":"zsannadekor_product_562106_240225164023_391453.jpeg","image_width":"480","image_height":"640","image_alt":"Nemzeti sz\u00edn\u0171 ajt\u00f3d\u00edsz,koszor\u00fa alap, Pap\u00edrfon\u00e1s technik\u00e1val, \u00fajrahasznos\u00edtott pap\u00edrb\u00f3l k\u00e9sz\u00fclt koszor\u00fa.\\n\\nK\u00fcls\u0151 \u00e1tm\u00e9r\u0151je 23cm, bels\u0151 12cm...., Meska","image_title":"Nemzeti sz\u00edn\u0171 ajt\u00f3d\u00edsz,koszor\u00fa alap, Meska","view_count":"818","favourite_count":"0","trending_score":"0","last2MonthFavouriteCount":"0","promotion":"0","giftcard_accept":"0","creditcard_accept":false,"enhanced_background":"0","domain":"meska","specific_customer_id":null,"specific_customer_name":null,"to_order_product":"1","to_order_product_time":"14","product_different":null,"product_different_description":"","vintage":"0","vintage_category_id":"0","recycled":"1","gemstone_id":"0","customizable":"0","type_category":"physical","zerowaste":"1","postage_price":"1290.00","shop_order":"0","has_category":"1","landing_pages":null,"microdata":{"number":72,"category":""},"title":"Nemzeti sz\u00edn\u0171 ajt\u00f3d\u00edsz,koszor\u00fa alap","description":"Pap\u00edrfon\u00e1s technik\u00e1val, \u00fajrahasznos\u00edtott pap\u00edrb\u00f3l k\u00e9sz\u00fclt koszor\u00fa.\n\nK\u00fcls\u0151 \u00e1tm\u00e9r\u0151je 23cm, bels\u0151 12cm.\n\nSzem\u00e9lyesen a 14.ker\u00fcletben vehet\u0151 \u00e1t. \n","score":0,"formatted_price":"1 000 Ft","image_url":"https:\/\/www.meska.hu\/img\/product\/small\/z\/s\/zsannadekor_product_562106_240225164023_391453.jpeg","formatted_url":"https:\/\/www.meska.hu\/p5228786-nemzeti-szinu-ajtodiszkoszoru-alap","favourite":false,"in_stock":false,"avatar":"ZsannaDekor_avatar_562106_1678138852.jpg","delete_from":0,"is_enhanced_background":false,"is_enhanced":false,"product_selection_started":false,"is_active":true,"image_webp_url":"https:\/\/www.meska.hu\/img\/product\/small\/z\/s\/zsannadekor_product_562106_240225164023_391453.webp"},{"id":"5885750","shop_id":"8655","user_id":"42057","shop_name":"KisdioStudio","shop_zip":"1012","product_code":"5604834","product_name_old":null,"product_name":"PRIVATE BASKETMAKING WORKSHOP in your home - kos\u00e1rfon\u00f3 workshop angolul","category_string":"DIY (Csin\u00e1ld magad), Workshop & Tanfolyam","technic_string":"Fon\u00e1s (csuh\u00e9, gy\u00e9k\u00e9ny, stb.)","category_1":"402","category_2":"926","category_3":"0","category_4":"0","merged_category_1":null,"merged_category_2":null,"merged_category_3":null,"technic_1":"482","technic_2":"0","technic_3":"0","color_1":"514","color_2":"0","color_3":"0","product_description_old":null,"product_description":"One-to-one basket weaving workshop in English!\n\nHave you always been interested in basket making, but haven't dared to try it yet? \nChoose a basket you like (from our existing styles) book an appointment with us, and master the basics of this beautiful craft in a full-day (7-hours) personalized class!\n\nAppointments can be any weekday (except weekends) we are flexible to fit your schedule.\n\nNo prior training is required, during the 7 hours we will guide you through every step of the process, from start to finish.\nAll you need is your enthusiasm!\n\nWe will be using natural willow rods for the basket, and we will provide you with all the necessary  tools and materials for the work.\nDuring the workshop,  you will also receive tips for collecting your own materials.\n\nWhat does the fee include?\n\n* more complex themes compared to group workshops (e.g. first-time woven basket base)\n* travel costs in the area of Budapest and Pest county\n* all necessary materials and supplies\n* use of tools and apron\n* personalized, flexible training, with overtime if necessary ;)\n* brief introduction to the materials and its collection options\n\nWe offer a money-back guarantee for the session!\n\nWhat does this mean?\n\nThat the workshop fee will be refunded if you do not have a finished basket at the end of the day.\n\nWhere will it be held?\n\nThe session will be held in your home.\n\nWe look forward to meeting you in person!\n\nBorka & \u00c1kos","price":"55000.00","unit":"db","recommended":"0","status":"1","sponsored":"0","exp_notify":"0","own_material":"0","own_material_description_old":null,"own_material_description":"","jury":"0","jury_number":"","product_nature":"","meskaracsony":"0","create_date":"2026-07-31 15:27:12","shelve_id":"67848","image":"kisdiostudio_product_42057_251010150904_882560.jpeg","image_width":"480","image_height":"292","image_alt":"PRIVATE BASKETMAKING WORKSHOP in your home - kos\u00e1rfon\u00f3 workshop angolul, One-to-one basket weaving workshop in English!\\n\\nHave you always been interested in basket making, bu..., Meska","image_title":"PRIVATE BASKETMAKING WORKSHOP in your home - kos\u00e1rfon\u00f3 workshop angolul, Meska","view_count":"730","favourite_count":"0","trending_score":"0","last2MonthFavouriteCount":"0","promotion":"0","giftcard_accept":"1","creditcard_accept":false,"enhanced_background":"0","domain":"meska","specific_customer_id":null,"specific_customer_name":null,"to_order_product":"0","to_order_product_time":"0","product_different":null,"product_different_description":"","vintage":"0","vintage_category_id":"0","recycled":"0","gemstone_id":"0","customizable":"0","type_category":"physical","zerowaste":"1","postage_price":"0.00","shop_order":"0","has_category":"1","landing_pages":null,"microdata":{"number":73,"category":""},"title":"PRIVATE BASKETMAKING WORKSHOP in your home - kos\u00e1rfon\u00f3 workshop angolul","description":"One-to-one basket weaving workshop in English!\n\nHave you always been interested in basket making, but haven't dared to try it yet? \nChoose a basket you like (from our existing styles) book an appointment with us, and master the basics of this beautiful craft in a full-day (7-hours) personalized class!\n\nAppointments can be any weekday (except weekends) we are flexible to fit your schedule.\n\nNo prior training is required, during the 7 hours we will guide you through every step of the process, from start to finish.\nAll you need is your enthusiasm!\n\nWe will be using natural willow rods for the basket, and we will provide you with all the necessary  tools and materials for the work.\nDuring the workshop,  you will also receive tips for collecting your own materials.\n\nWhat does the fee include?\n\n* more complex themes compared to group workshops (e.g. first-time woven basket base)\n* travel costs in the area of Budapest and Pest county\n* all necessary materials and supplies\n* use of tools and apron\n* personalized, flexible training, with overtime if necessary ;)\n* brief introduction to the materials and its collection options\n\nWe offer a money-back guarantee for the session!\n\nWhat does this mean?\n\nThat the workshop fee will be refunded if you do not have a finished basket at the end of the day.\n\nWhere will it be held?\n\nThe session will be held in your home.\n\nWe look forward to meeting you in person!\n\nBorka & \u00c1kos","score":0,"formatted_price":"55 000 Ft","image_url":"https:\/\/www.meska.hu\/img\/product\/small\/k\/i\/kisdiostudio_product_42057_251010150904_882560.jpeg","formatted_url":"https:\/\/www.meska.hu\/p5604834-basket-making-workshop-private-basketmaking-session-in-your-home","favourite":false,"in_stock":true,"avatar":"KisdioStudio_avatar_42057_1649420514.jpg","delete_from":0,"is_enhanced_background":false,"is_enhanced":false,"product_selection_started":false,"is_active":true,"image_webp_url":"https:\/\/www.meska.hu\/img\/product\/small\/k\/i\/kisdiostudio_product_42057_251010150904_882560.webp"},{"id":"4804031","shop_id":"26841","user_id":"327178","shop_name":"gardonyilevendula","shop_zip":"2483","product_code":"4960914","product_name_old":null,"product_name":"Vir\u00e1gszed\u0151 kos\u00e1r- barna","category_string":"\u00dcnnepi d\u00edszek, dekor\u00e1ci\u00f3k, H\u00fasv\u00e9ti d\u00edszek \u00e9s dekor\u00e1ci\u00f3k, H\u00fasv\u00e9ti kos\u00e1r","technic_string":"Fon\u00e1s (csuh\u00e9, gy\u00e9k\u00e9ny, stb.)","category_1":"1818","category_2":"1803","category_3":"1806","category_4":"0","merged_category_1":"0","merged_category_2":"0","merged_category_3":"785","technic_1":"482","technic_2":"0","technic_3":"0","color_1":"514","color_2":"0","color_3":"0","product_description_old":null,"product_description":"Dekorat\u00edv \u00e9s praktikus\n\nFektetett vir\u00e1gszed\u0151 kos\u00e1r levendul\u00e1hoz vagy tulip\u00e1nhoz. Finom vintage jelleg\u0171 dekor\u00e1ci\u00f3 egy asztalon, kertben, teraszon, sz\u00e1r\u00edtott vir\u00e1ggal, levendul\u00e1val. Fot\u00f3z\u00e1si kell\u00e9knek szint\u00e9n j\u00f3 v\u00e1laszt\u00e1s.\n\nAj\u00e1nd\u00e9k \u00f6tlet\n\nV\u00e1laszd ezt a kosarat, \u00e9s szedj \u00f6ssze ebbe n\u00e9h\u00e1ny term\u00e9ket m\u00e9g, tegy\u00e9l mell\u00e9 egy sz\u00e1l vir\u00e1got, \u00e9s garant\u00e1lt lesz a siker. Teljesen egyedi, st\u00edlusos aj\u00e1nd\u00e9kkosarat var\u00e1zsolhatsz.\n\nMib\u0151l k\u00e9sz\u00fcl?\n\nK\u00f6rnyezetbar\u00e1t szeml\u00e9lettel v\u00e1logatjuk ki saj\u00e1t term\u00e9keinket \u00e9s alapanyagukat, \u00edgy ez sem lehet m\u00e1sk\u00e9pp. A kos\u00e1r festett, \u00fajrahasznos\u00edtott \u00fajs\u00e1gpap\u00edr anyagb\u00f3l k\u00e9sz\u00fclt, kos\u00e1rfon\u00e1ssal. Egyedi k\u00e9zm\u0171ves term\u00e9k.\n\nA G\u00e1rdonyi Levendula sz\u00fcretre k\u00e9sz\u00fclt eredetileg, k\u00f6rny\u00e9kbeli k\u00e9zm\u0171ves \u00f6sszefog\u00e1ssal. Nagy siker\u00e9re val\u00f3 tekintettel folyamatosan kaphat\u00f3.\n\nAz id\u0151j\u00e1r\u00e1sn\u00e1l m\u00e9rs\u00e9kelten ellen\u00e1ll, es\u0151n nem aj\u00e1nlott kint hagyni, mert eldeform\u00e1l\u00f3dhat.\nA feh\u00e9r \u00e9s vil\u00e1gos sz\u00ednen az \u00fajs\u00e1g mint\u00e1ja kicsit \u00e1t\u00fcthet, ezzel is a vintage jelleget er\u0151s\u00edti.\n1 db, m\u00e9rete 29*20*20 cm","price":"4800.00","unit":"db","recommended":"0","status":"1","sponsored":"0","exp_notify":"0","own_material":"0","own_material_description_old":null,"own_material_description":"","jury":"0","jury_number":"","product_nature":"","meskaracsony":"0","create_date":"2026-07-29 21:52:20","shelve_id":"58420","image":"gardonyilevendula_product_327178_230425140905_204549.jpeg","image_width":"480","image_height":"640","image_alt":"Vir\u00e1gszed\u0151 kos\u00e1r- barna, Dekorat\u00edv \u00e9s praktikus\\n\\nFektetett vir\u00e1gszed\u0151 kos\u00e1r levendul\u00e1hoz vagy tulip\u00e1nhoz. Finom vintage jelle..., Meska","image_title":"Vir\u00e1gszed\u0151 kos\u00e1r- barna, Meska","view_count":"2639","favourite_count":"0","trending_score":"0","last2MonthFavouriteCount":"0","promotion":"0","giftcard_accept":"0","creditcard_accept":true,"enhanced_background":"0","domain":"meska","specific_customer_id":null,"specific_customer_name":null,"to_order_product":"1","to_order_product_time":"2","product_different":null,"product_different_description":"","vintage":"0","vintage_category_id":"0","recycled":"1","gemstone_id":"0","customizable":"0","type_category":"physical","zerowaste":"1","postage_price":"1290.00","shop_order":"0","has_category":"1","landing_pages":"H\u00fasv\u00e9ti dekor\u00e1ci\u00f3k \u00e9s aj\u00e1nd\u00e9kok, Mindenszenteki, halottak napi kell\u00e9kek","microdata":{"number":74,"category":""},"title":"Vir\u00e1gszed\u0151 kos\u00e1r- barna","description":"Dekorat\u00edv \u00e9s praktikus\n\nFektetett vir\u00e1gszed\u0151 kos\u00e1r levendul\u00e1hoz vagy tulip\u00e1nhoz. Finom vintage jelleg\u0171 dekor\u00e1ci\u00f3 egy asztalon, kertben, teraszon, sz\u00e1r\u00edtott vir\u00e1ggal, levendul\u00e1val. Fot\u00f3z\u00e1si kell\u00e9knek szint\u00e9n j\u00f3 v\u00e1laszt\u00e1s.\n\nAj\u00e1nd\u00e9k \u00f6tlet\n\nV\u00e1laszd ezt a kosarat, \u00e9s szedj \u00f6ssze ebbe n\u00e9h\u00e1ny term\u00e9ket m\u00e9g, tegy\u00e9l mell\u00e9 egy sz\u00e1l vir\u00e1got, \u00e9s garant\u00e1lt lesz a siker. Teljesen egyedi, st\u00edlusos aj\u00e1nd\u00e9kkosarat var\u00e1zsolhatsz.\n\nMib\u0151l k\u00e9sz\u00fcl?\n\nK\u00f6rnyezetbar\u00e1t szeml\u00e9lettel v\u00e1logatjuk ki saj\u00e1t term\u00e9keinket \u00e9s alapanyagukat, \u00edgy ez sem lehet m\u00e1sk\u00e9pp. A kos\u00e1r festett, \u00fajrahasznos\u00edtott \u00fajs\u00e1gpap\u00edr anyagb\u00f3l k\u00e9sz\u00fclt, kos\u00e1rfon\u00e1ssal. Egyedi k\u00e9zm\u0171ves term\u00e9k.\n\nA G\u00e1rdonyi Levendula sz\u00fcretre k\u00e9sz\u00fclt eredetileg, k\u00f6rny\u00e9kbeli k\u00e9zm\u0171ves \u00f6sszefog\u00e1ssal. Nagy siker\u00e9re val\u00f3 tekintettel folyamatosan kaphat\u00f3.\n\nAz id\u0151j\u00e1r\u00e1sn\u00e1l m\u00e9rs\u00e9kelten ellen\u00e1ll, es\u0151n nem aj\u00e1nlott kint hagyni, mert eldeform\u00e1l\u00f3dhat.\nA feh\u00e9r \u00e9s vil\u00e1gos sz\u00ednen az \u00fajs\u00e1g mint\u00e1ja kicsit \u00e1t\u00fcthet, ezzel is a vintage jelleget er\u0151s\u00edti.\n1 db, m\u00e9rete 29*20*20 cm","score":0,"formatted_price":"4 800 Ft","image_url":"https:\/\/www.meska.hu\/img\/product\/small\/g\/a\/gardonyilevendula_product_327178_230425140905_204549.jpeg","formatted_url":"https:\/\/www.meska.hu\/p4960914-viragszedo-kosar-barna","favourite":false,"in_stock":false,"avatar":"327178_avatar_1782303777.jpeg","delete_from":0,"is_enhanced_background":false,"is_enhanced":false,"product_selection_started":false,"is_active":true,"image_webp_url":"https:\/\/www.meska.hu\/img\/product\/small\/g\/a\/gardonyilevendula_product_327178_230425140905_204549.webp"},{"id":"5399491","shop_id":"33598","user_id":"433523","shop_name":"Dallosgravdekor","shop_zip":"9022","product_code":"5320090","product_name_old":null,"product_name":"Egyedi makram\u00e9 baba","category_string":"Baba - mama, Baba \u00e1gynem\u0171","technic_string":"Fon\u00e1s (csuh\u00e9, gy\u00e9k\u00e9ny, stb.)","category_1":"1450","category_2":"1735","category_3":"0","category_4":"0","merged_category_1":null,"merged_category_2":null,"merged_category_3":null,"technic_1":"482","technic_2":"0","technic_3":"0","color_1":"1474","color_2":"515","color_3":"516","product_description_old":null,"product_description":"Makram\u00e9 baba egyedi ig\u00e9nyek, minta fot\u00f3 minta fot\u00f3 alapj\u00e1n.\nLehet f\u00e9rj ,feles\u00e9g, gyerek,csal\u00e1d.\nA r\u00e9szleteket \u00fczenetben tudjuk megbesz\u00e9lni.\nA bab\u00e1k magass\u00e1ga 10-20cm\n\nAz \u00e1r 1db-ta vonatkozik, t\u00f6bb darab rendel\u00e9se eset\u00e9n kedvezm\u00e9ny van, ezt a rendel\u00e9sn\u00e9l lehet v\u00e1lasztani.\n\n","price":"2900.00","unit":"db","recommended":"0","status":"1","sponsored":"0","exp_notify":"0","own_material":"0","own_material_description_old":null,"own_material_description":"","jury":"0","jury_number":"","product_nature":"","meskaracsony":"0","create_date":"2026-07-29 16:09:19","shelve_id":"76845","image":"dallosgravdekor_product_433523_240708105034_874629.jpeg","image_width":"480","image_height":"637","image_alt":"Egyedi makram\u00e9 baba, Makram\u00e9 baba egyedi ig\u00e9nyek, minta fot\u00f3 minta fot\u00f3 alapj\u00e1n.\\nLehet f\u00e9rj ,feles\u00e9g, gyerek,csal\u00e1d.\\nA r\u00e9..., Meska","image_title":"Egyedi makram\u00e9 baba, Meska","view_count":"795","favourite_count":"0","trending_score":"0","last2MonthFavouriteCount":"0","promotion":"0","giftcard_accept":"0","creditcard_accept":true,"enhanced_background":"0","domain":"meska","specific_customer_id":null,"specific_customer_name":null,"to_order_product":"1","to_order_product_time":"4","product_different":null,"product_different_description":"","vintage":"0","vintage_category_id":"0","recycled":"0","gemstone_id":"0","customizable":"0","type_category":"physical","zerowaste":"0","postage_price":"1290.00","shop_order":"19","has_category":"1","landing_pages":null,"microdata":{"number":75,"category":""},"title":"Egyedi makram\u00e9 baba","description":"Makram\u00e9 baba egyedi ig\u00e9nyek, minta fot\u00f3 minta fot\u00f3 alapj\u00e1n.\nLehet f\u00e9rj ,feles\u00e9g, gyerek,csal\u00e1d.\nA r\u00e9szleteket \u00fczenetben tudjuk megbesz\u00e9lni.\nA bab\u00e1k magass\u00e1ga 10-20cm\n\nAz \u00e1r 1db-ta vonatkozik, t\u00f6bb darab rendel\u00e9se eset\u00e9n kedvezm\u00e9ny van, ezt a rendel\u00e9sn\u00e9l lehet v\u00e1lasztani.\n\n","score":0,"formatted_price":"2 900 Ft","image_url":"https:\/\/www.meska.hu\/img\/product\/small\/d\/a\/dallosgravdekor_product_433523_240708105034_874629.jpeg","formatted_url":"https:\/\/www.meska.hu\/p5320090-egyedi-makrame-baba","favourite":false,"in_stock":false,"avatar":"Dallosgravdekor_avatar_433523_1623879354.png","delete_from":0,"is_enhanced_background":false,"is_enhanced":false,"product_selection_started":false,"is_active":true,"image_webp_url":"https:\/\/www.meska.hu\/img\/product\/small\/d\/a\/dallosgravdekor_product_433523_240708105034_874629.webp"},{"id":"5134848","shop_id":"37080","user_id":"491542","shop_name":"Antiquelive","shop_zip":"9021","product_code":"5162647","product_name_old":null,"product_name":"Vintage k\u00ednai bambuszl\u00e1mp\u00e1k p\u00e1rban","category_string":"Otthon & \u00c9letm\u00f3d, L\u00e1mpa, Hangulatl\u00e1mpa","technic_string":"Famegmunk\u00e1l\u00e1s, Fon\u00e1s (csuh\u00e9, gy\u00e9k\u00e9ny, stb.)","category_1":"813","category_2":"421","category_3":"423","category_4":"0","merged_category_1":null,"merged_category_2":null,"merged_category_3":null,"technic_1":"478","technic_2":"482","technic_3":"0","color_1":"514","color_2":"515","color_3":"0","product_description_old":null,"product_description":"Sz\u00e9ps\u00e9ges antik bambuszb\u00f3l fonott k\u00ednai l\u00e1mp\u00e1k, kom\u00f3dl\u00e1mp\u00e1k. Hajsz\u00e1lv\u00e9kony \u00e9s vastagabb bambusz sz\u00e1lakb\u00f3l, k\u00e9zm\u0171ves munk\u00e1val k\u00e9sz\u00fcltek itt-ott l\u00e1tv\u00e1nyos fon\u00e1ssal \u00e9s f\u0171z\u00e9s technik\u00e1val. A bambusz anyaga \u00e9s a  keleties formavil\u00e1g teszi igaz\u00e1n hangulatoss\u00e1 ezt a gy\u00f6ny\u00f6r\u0171 p\u00e1ros l\u00e1mp\u00e1t. S\u00f6t\u00e9tben felkapcsolva igazi keleti hangulatot var\u00e1zsolnak a szob\u00e1ba. \u00c9jjeli szekr\u00e9ny l\u00e1mp\u00e1nak, vagy csak sim\u00e1n hangulatl\u00e1mp\u00e1knak egyedi \u00e9s igaz\u00e1n k\u00fcl\u00f6nleges darabok. M\u00e9rete: 40 cm magasak, \u00e9s a b\u00fara legnagyobb \u00e1tm\u00e9r\u0151je 19 cm.","price":"28000.00","unit":"db","recommended":"0","status":"1","sponsored":"0","exp_notify":"0","own_material":"0","own_material_description_old":null,"own_material_description":"","jury":"0","jury_number":"","product_nature":"","meskaracsony":"0","create_date":"2026-07-29 10:04:22","shelve_id":"0","image":"antiquelive_product_491542_231209160337_239373.png","image_width":"480","image_height":"480","image_alt":"Vintage k\u00ednai bambuszl\u00e1mp\u00e1k p\u00e1rban, Sz\u00e9ps\u00e9ges antik bambuszb\u00f3l fonott k\u00ednai l\u00e1mp\u00e1k, kom\u00f3dl\u00e1mp\u00e1k. Hajsz\u00e1lv\u00e9kony \u00e9s vastagabb bambusz sz\u00e1l..., Meska","image_title":"Vintage k\u00ednai bambuszl\u00e1mp\u00e1k p\u00e1rban, Meska","view_count":"926","favourite_count":"0","trending_score":"0","last2MonthFavouriteCount":"0","promotion":"209","giftcard_accept":"0","creditcard_accept":false,"enhanced_background":"0","domain":"meska","specific_customer_id":null,"specific_customer_name":null,"to_order_product":"0","to_order_product_time":"0","product_different":null,"product_different_description":"","vintage":"0","vintage_category_id":"0","recycled":"0","gemstone_id":"0","customizable":"0","type_category":"physical","zerowaste":"0","postage_price":"1290.00","shop_order":"0","has_category":"1","landing_pages":null,"microdata":{"number":76,"category":""},"title":"Vintage k\u00ednai bambuszl\u00e1mp\u00e1k p\u00e1rban","description":"Sz\u00e9ps\u00e9ges antik bambuszb\u00f3l fonott k\u00ednai l\u00e1mp\u00e1k, kom\u00f3dl\u00e1mp\u00e1k. Hajsz\u00e1lv\u00e9kony \u00e9s vastagabb bambusz sz\u00e1lakb\u00f3l, k\u00e9zm\u0171ves munk\u00e1val k\u00e9sz\u00fcltek itt-ott l\u00e1tv\u00e1nyos fon\u00e1ssal \u00e9s f\u0171z\u00e9s technik\u00e1val. A bambusz anyaga \u00e9s a  keleties formavil\u00e1g teszi igaz\u00e1n hangulatoss\u00e1 ezt a gy\u00f6ny\u00f6r\u0171 p\u00e1ros l\u00e1mp\u00e1t. S\u00f6t\u00e9tben felkapcsolva igazi keleti hangulatot var\u00e1zsolnak a szob\u00e1ba. \u00c9jjeli szekr\u00e9ny l\u00e1mp\u00e1nak, vagy csak sim\u00e1n hangulatl\u00e1mp\u00e1knak egyedi \u00e9s igaz\u00e1n k\u00fcl\u00f6nleges darabok. M\u00e9rete: 40 cm magasak, \u00e9s a b\u00fara legnagyobb \u00e1tm\u00e9r\u0151je 19 cm.","score":0,"formatted_price":"28 000 Ft","image_url":"https:\/\/www.meska.hu\/img\/product\/small\/a\/n\/antiquelive_product_491542_231209160337_239373.png","formatted_url":"https:\/\/www.meska.hu\/p5162647-vintage-kinai-bambuszlampak-parban","favourite":false,"in_stock":true,"avatar":"491542_avatar_1648132055.png","delete_from":0,"is_enhanced_background":false,"is_enhanced":false,"product_selection_started":false,"original_price":"28 000 Ft","promotion_percentage":"-10%","promoted_price":"25 200 Ft","promoted_price_sup":"10","ribbon":"https:\/\/www.meska.hu\/img\/promotionbanners\/GQTXZHEC0\/product_ribbon_10_1785231767.svg","is_active":true,"image_webp_url":"https:\/\/www.meska.hu\/img\/product\/small\/a\/n\/antiquelive_product_491542_231209160337_239373.webp"},{"id":"5428735","shop_id":"38745","user_id":"499886","shop_name":"Sasafonomuhelye","shop_zip":"2377","product_code":"5339500","product_name_old":null,"product_name":"Peddign\u00e1db\u00f3l fonott kis kosarak akaszt\u00f3val","category_string":"Otthon & \u00c9letm\u00f3d, T\u00e1rol\u00e1s & Rendszerez\u00e9s, T\u00e1rol\u00f3kos\u00e1r","technic_string":"Fon\u00e1s (csuh\u00e9, gy\u00e9k\u00e9ny, stb.)","category_1":"813","category_2":"426","category_3":"428","category_4":"0","merged_category_1":null,"merged_category_2":null,"merged_category_3":null,"technic_1":"482","technic_2":"0","technic_3":"0","color_1":"515","color_2":"0","color_3":"0","product_description_old":null,"product_description":"Peddign\u00e1db\u00f3l fonott, falra akaszthat\u00f3 t\u00e1rol\u00f3 kosarak, term\u00e9szetes sz\u00ednben. Magass\u00e1ga: 18 cm, m\u00e9lys\u00e9ge: 12 cm, sz\u00e9less\u00e9ge: 16 cm. Alkalmas z\u00f6lds\u00e9g, gy\u00fcm\u00f6lcs, vagy egy\u00e9b dolog t\u00e1rol\u00e1s\u00e1ra, nagyon sz\u00e9p d\u00edsze a lak\u00f3t\u00e9rnek.","price":"25000.00","unit":"db","recommended":"0","status":"1","sponsored":"0","exp_notify":"0","own_material":"0","own_material_description_old":null,"own_material_description":"","jury":"0","jury_number":"","product_nature":"","meskaracsony":"0","create_date":"2026-07-27 14:50:30","shelve_id":"73558","image":"sasafonomuhelye_product_499886_240730174449_41441.jpeg","image_width":"480","image_height":"853","image_alt":"Peddign\u00e1db\u00f3l fonott kis kosarak akaszt\u00f3val, Peddign\u00e1db\u00f3l fonott, falra akaszthat\u00f3 t\u00e1rol\u00f3 kosarak, term\u00e9szetes sz\u00ednben. Magass\u00e1ga: 18 cm, m\u00e9lys\u00e9g..., Meska","image_title":"Peddign\u00e1db\u00f3l fonott kis kosarak akaszt\u00f3val, Meska","view_count":"559","favourite_count":"0","trending_score":"0","last2MonthFavouriteCount":"0","promotion":"0","giftcard_accept":"0","creditcard_accept":true,"enhanced_background":"0","domain":"meska","specific_customer_id":null,"specific_customer_name":null,"to_order_product":"1","to_order_product_time":"60","product_different":null,"product_different_description":"","vintage":"0","vintage_category_id":"0","recycled":"0","gemstone_id":"0","customizable":"1","type_category":"physical","zerowaste":"0","postage_price":"1290.00","shop_order":"0","has_category":"1","landing_pages":null,"microdata":{"number":77,"category":""},"title":"Peddign\u00e1db\u00f3l fonott kis kosarak akaszt\u00f3val","description":"Peddign\u00e1db\u00f3l fonott, falra akaszthat\u00f3 t\u00e1rol\u00f3 kosarak, term\u00e9szetes sz\u00ednben. Magass\u00e1ga: 18 cm, m\u00e9lys\u00e9ge: 12 cm, sz\u00e9less\u00e9ge: 16 cm. Alkalmas z\u00f6lds\u00e9g, gy\u00fcm\u00f6lcs, vagy egy\u00e9b dolog t\u00e1rol\u00e1s\u00e1ra, nagyon sz\u00e9p d\u00edsze a lak\u00f3t\u00e9rnek.","score":0,"formatted_price":"25 000 Ft","image_url":"https:\/\/www.meska.hu\/img\/product\/small\/s\/a\/sasafonomuhelye_product_499886_240730174449_41441.jpeg","formatted_url":"https:\/\/www.meska.hu\/p5339500-peddignadbol-fonott-kis-kosarak-akasztoval","favourite":false,"in_stock":false,"avatar":"499886_avatar_1693338005.jpeg","delete_from":0,"is_enhanced_background":false,"is_enhanced":false,"product_selection_started":false,"is_active":true,"image_webp_url":"https:\/\/www.meska.hu\/img\/product\/small\/s\/a\/sasafonomuhelye_product_499886_240730174449_41441.webp"},{"id":"5996337","shop_id":"50372","user_id":"744639","shop_name":"AriKezmuvestara","shop_zip":"6000","product_code":"5670495","product_name_old":null,"product_name":"Egyedi l\u00f3sz\u0151r kark\u00f6t\u0151 ","category_string":"\u00c9kszer, Kark\u00f6t\u0151, Fonott kark\u00f6t\u0151","technic_string":"Fon\u00e1s (csuh\u00e9, gy\u00e9k\u00e9ny, stb.)","category_1":"327","category_2":"333","category_3":"1232","category_4":"0","merged_category_1":null,"merged_category_2":null,"merged_category_3":null,"technic_1":"482","technic_2":"0","technic_3":"0","color_1":"512","color_2":"517","color_3":"518","product_description_old":null,"product_description":"Henger fon\u00e1ssal k\u00e9sz\u00fclt l\u00f3sz\u0151r kark\u00f6t\u0151, a saj\u00e1t lovad l\u00f3farok sz\u0151r\u00e9b\u0151l.\n\nA kark\u00f6t\u0151 elk\u00e9sz\u00edt\u00e9s\u00e9hez sz\u00fcks\u00e9gem lesz legal\u00e1bb 40 cm hossz\u00fa, kb. 1,5-2 cm \u00e1tm\u00e9r\u0151j\u0171 k\u00f6teg faroksz\u0151rre. (Fontos hogy sok egyforma hossz\u00fa sz\u00e1l legyen benne) Gumizd \u00f6ssze, hogy ne hulljon sz\u00e9t a tincs, mosd meg \u00e9s sz\u00e1r\u00edtsd meg elk\u00fcld\u00e9s el\u0151tt.\n\nA kark\u00f6t\u0151t ezzel a fon\u00e1si technik\u00e1val fogom elk\u00e9sz\u00edteni.\nA med\u00e1l sz\u00edne a k\u00e9pen l\u00e1that\u00f3 sz\u00ednekben el\u00e9rhet\u0151.\n\nSz\u00fcks\u00e9ges a csukl\u00f3 m\u00e9ret\u00e9t is meg adni, hogy pontosan illeszkedjen a kark\u00f6t\u0151.\n\nA l\u00f3sz\u0151rt megrendel\u00e9st k\u00f6vet\u0151en post\u00e1n tudod majd hozz\u00e1m eljuttatni.\n\nA sz\u0151rt k\u00e9zhez kapva elk\u00e9sz\u00edtem a kark\u00f6t\u0151t, majd biztons\u00e1gosan csomagolva post\u00e1zom neked.\n","price":"6000.00","unit":"db","recommended":"0","status":"1","sponsored":"0","exp_notify":"0","own_material":"0","own_material_description_old":null,"own_material_description":"","jury":"0","jury_number":"","product_nature":"","meskaracsony":"0","create_date":"2026-07-27 08:47:05","shelve_id":"0","image":"arikezmuvestara_product_744639_251116160940_0515.jpeg","image_width":"480","image_height":"640","image_alt":"Egyedi l\u00f3sz\u0151r kark\u00f6t\u0151 , Henger fon\u00e1ssal k\u00e9sz\u00fclt l\u00f3sz\u0151r kark\u00f6t\u0151, a saj\u00e1t lovad l\u00f3farok sz\u0151r\u00e9b\u0151l.\\n\\nA kark\u00f6t\u0151 elk\u00e9sz\u00edt\u00e9s\u00e9hez sz..., Meska","image_title":"Egyedi l\u00f3sz\u0151r kark\u00f6t\u0151 , Meska","view_count":"343","favourite_count":"0","trending_score":"0","last2MonthFavouriteCount":"0","promotion":"0","giftcard_accept":"0","creditcard_accept":false,"enhanced_background":"0","domain":"meska","specific_customer_id":null,"specific_customer_name":null,"to_order_product":"1","to_order_product_time":"7","product_different":null,"product_different_description":"","vintage":"0","vintage_category_id":"0","recycled":"0","gemstone_id":"0","customizable":"1","type_category":"physical","zerowaste":"0","postage_price":"1290.00","shop_order":"0","has_category":"1","landing_pages":null,"microdata":{"number":78,"category":""},"title":"Egyedi l\u00f3sz\u0151r kark\u00f6t\u0151 ","description":"Henger fon\u00e1ssal k\u00e9sz\u00fclt l\u00f3sz\u0151r kark\u00f6t\u0151, a saj\u00e1t lovad l\u00f3farok sz\u0151r\u00e9b\u0151l.\n\nA kark\u00f6t\u0151 elk\u00e9sz\u00edt\u00e9s\u00e9hez sz\u00fcks\u00e9gem lesz legal\u00e1bb 40 cm hossz\u00fa, kb. 1,5-2 cm \u00e1tm\u00e9r\u0151j\u0171 k\u00f6teg faroksz\u0151rre. (Fontos hogy sok egyforma hossz\u00fa sz\u00e1l legyen benne) Gumizd \u00f6ssze, hogy ne hulljon sz\u00e9t a tincs, mosd meg \u00e9s sz\u00e1r\u00edtsd meg elk\u00fcld\u00e9s el\u0151tt.\n\nA kark\u00f6t\u0151t ezzel a fon\u00e1si technik\u00e1val fogom elk\u00e9sz\u00edteni.\nA med\u00e1l sz\u00edne a k\u00e9pen l\u00e1that\u00f3 sz\u00ednekben el\u00e9rhet\u0151.\n\nSz\u00fcks\u00e9ges a csukl\u00f3 m\u00e9ret\u00e9t is meg adni, hogy pontosan illeszkedjen a kark\u00f6t\u0151.\n\nA l\u00f3sz\u0151rt megrendel\u00e9st k\u00f6vet\u0151en post\u00e1n tudod majd hozz\u00e1m eljuttatni.\n\nA sz\u0151rt k\u00e9zhez kapva elk\u00e9sz\u00edtem a kark\u00f6t\u0151t, majd biztons\u00e1gosan csomagolva post\u00e1zom neked.\n","score":0,"formatted_price":"6 000 Ft","image_url":"https:\/\/www.meska.hu\/img\/product\/small\/a\/r\/arikezmuvestara_product_744639_251116160940_0515.jpeg","formatted_url":"https:\/\/www.meska.hu\/p5670495-egyedi-loszor-karkoto","favourite":false,"in_stock":false,"avatar":"744639_avatar_1759864314.jpeg","delete_from":0,"is_enhanced_background":false,"is_enhanced":false,"product_selection_started":false,"is_active":true,"image_webp_url":"https:\/\/www.meska.hu\/img\/product\/small\/a\/r\/arikezmuvestara_product_744639_251116160940_0515.webp"},{"id":"4790422","shop_id":"40458","user_id":"562106","shop_name":"ZsannaDekor","shop_zip":"1142","product_code":"4954166","product_name_old":null,"product_name":"Any\u00e1k napi d\u00edsz","category_string":"Otthon & \u00c9letm\u00f3d, Dekor\u00e1ci\u00f3, Fali \u00e9s f\u00fcgg\u0151 dekor\u00e1ci\u00f3, Falra akaszthat\u00f3 dekor","technic_string":"Decoupage, transzfer \u00e9s szalv\u00e9tatechnika, Fon\u00e1s (csuh\u00e9, gy\u00e9k\u00e9ny, stb.)","category_1":"813","category_2":"314","category_3":"1470","category_4":"942","merged_category_1":"0","merged_category_2":"0","merged_category_3":"785","technic_1":"476","technic_2":"482","technic_3":"0","color_1":"515","color_2":"522","color_3":"0","product_description_old":null,"product_description":"Kedveskedj anyuk\u00e1dnak ezzel a vir\u00e1gos sz\u00edv d\u00edsszel \u00e9s mindig esz\u00e9be fogsz jutni ha csak r\u00e1n\u00e9z.\n\nFa alapra pap\u00edrfon\u00e1s technik\u00e1val k\u00e9sz\u00fclt a szeg\u00e9ly. K\u00f6z\u00e9pen viragokat transzfer\u00e1ltam.\n\nA sz\u00edv d\u00edsz 21x21 cm a sz\u00e9lesebb oldalakon m\u00e9rve.\n\nBP. 14.ker\u00fcletben szem\u00e9lyesen is \u00e1t tudom adni. ","price":"3000.00","unit":"db","recommended":"0","status":"1","sponsored":"0","exp_notify":"0","own_material":"0","own_material_description_old":null,"own_material_description":"","jury":"0","jury_number":"","product_nature":"","meskaracsony":"0","create_date":"2026-07-26 20:43:49","shelve_id":"0","image":"zsannadekor_product_562106_230413154335_470671.jpeg","image_width":"480","image_height":"640","image_alt":"Any\u00e1k napi d\u00edsz, Kedveskedj anyuk\u00e1dnak ezzel a vir\u00e1gos sz\u00edv d\u00edsszel \u00e9s mindig esz\u00e9be fogsz jutni ha csak r\u00e1n\u00e9z.\\n\\nFa a..., Meska","image_title":"Any\u00e1k napi d\u00edsz, Meska","view_count":"917","favourite_count":"0","trending_score":"0","last2MonthFavouriteCount":"0","promotion":"0","giftcard_accept":"0","creditcard_accept":false,"enhanced_background":"0","domain":"meska","specific_customer_id":null,"specific_customer_name":null,"to_order_product":"1","to_order_product_time":"10","product_different":null,"product_different_description":"","vintage":"0","vintage_category_id":"0","recycled":"1","gemstone_id":"0","customizable":"0","type_category":"physical","zerowaste":"1","postage_price":"1290.00","shop_order":"0","has_category":"1","landing_pages":null,"microdata":{"number":79,"category":""},"title":"Any\u00e1k napi d\u00edsz","description":"Kedveskedj anyuk\u00e1dnak ezzel a vir\u00e1gos sz\u00edv d\u00edsszel \u00e9s mindig esz\u00e9be fogsz jutni ha csak r\u00e1n\u00e9z.\n\nFa alapra pap\u00edrfon\u00e1s technik\u00e1val k\u00e9sz\u00fclt a szeg\u00e9ly. K\u00f6z\u00e9pen viragokat transzfer\u00e1ltam.\n\nA sz\u00edv d\u00edsz 21x21 cm a sz\u00e9lesebb oldalakon m\u00e9rve.\n\nBP. 14.ker\u00fcletben szem\u00e9lyesen is \u00e1t tudom adni. ","score":0,"formatted_price":"3 000 Ft","image_url":"https:\/\/www.meska.hu\/img\/product\/small\/z\/s\/zsannadekor_product_562106_230413154335_470671.jpeg","formatted_url":"https:\/\/www.meska.hu\/p4954166-anyak-napi-disz","favourite":false,"in_stock":false,"avatar":"ZsannaDekor_avatar_562106_1678138852.jpg","delete_from":0,"is_enhanced_background":false,"is_enhanced":false,"product_selection_started":false,"is_active":true,"image_webp_url":"https:\/\/www.meska.hu\/img\/product\/small\/z\/s\/zsannadekor_product_562106_230413154335_470671.webp"},{"id":"5196818","shop_id":"44050","user_id":"632992","shop_name":"MadiKosar","shop_zip":"4220","product_code":"5199723","product_name_old":null,"product_name":"H\u00fasv\u00e9ti kiskos\u00e1r gyerekeknek t\u00f6bb m\u00e9retben","category_string":"\u00dcnnepi d\u00edszek, dekor\u00e1ci\u00f3k, H\u00fasv\u00e9ti d\u00edszek \u00e9s dekor\u00e1ci\u00f3k, H\u00fasv\u00e9ti kos\u00e1r","technic_string":"Fon\u00e1s (csuh\u00e9, gy\u00e9k\u00e9ny, stb.)","category_1":"1803","category_2":"1806","category_3":"1818","category_4":"0","merged_category_1":null,"merged_category_2":null,"merged_category_3":null,"technic_1":"482","technic_2":"0","technic_3":"0","color_1":"514","color_2":"0","color_3":"0","product_description_old":null,"product_description":"H\u00fasv\u00e9ti Fonott Kiskos\u00e1r Gyerekeknek\n\nV\u00e1laszthat\u00f3 m\u00e9retek:\n9 x 7 (15) cm\n12 x 8 (16) cm\n15 x 9 (18) cm\n20 x 12 (24) cm\n\u00e1tm\u00e9r\u0151 x magass\u00e1g (f\u00fcllel)\n\n\u00dcnnepelj\u00e9tek a tavaszi \u00fcnnepeket ezen aranyos \u00e9s praktikus h\u00fasv\u00e9ti fonott kiskos\u00e1rral, mely kifejezetten gyerekek sz\u00e1m\u00e1ra k\u00e9sz\u00fclt. A sz\u00ednezetlen, term\u00e9szetes kivitel\u00e9nek k\u00f6sz\u00f6nhet\u0151en ez a kos\u00e1r t\u00f6k\u00e9letes v\u00e1laszt\u00e1s minden kis h\u00fasv\u00e9ti toj\u00e1s keres\u0151nek.\n\nKiv\u00e1l\u00f3 Min\u0151s\u00e9g\u0171 Fonott Anyag:\nA kiskos\u00e1r teljes eg\u00e9sz\u00e9ben fonott vessz\u0151b\u0151l k\u00e9sz\u00fclt, amely nemcsak tart\u00f3s, de eszt\u00e9tikailag is vonz\u00f3. A fonott r\u00e9szek k\u00fcl\u00f6nleges mint\u00e1zatot \u00e9s text\u00far\u00e1t k\u00f6lcs\u00f6n\u00f6znek a kos\u00e1rnak, amely m\u00e9g izgalmasabb\u00e1 teszi a h\u00fasv\u00e9ti toj\u00e1s keres\u00e9st.\n\nGyerekek Sz\u00e1m\u00e1ra Tervezve:\nA kiskos\u00e1r m\u00e9retei kifejezetten a kis k\u00e9zbe ill\u0151k, \u00edgy a gyerekek k\u00f6nnyed\u00e9n hordozhatj\u00e1k, mik\u00f6zben \u00f6r\u00f6mmel gy\u0171jtik a h\u00fasv\u00e9ti toj\u00e1sokat \u00e9s aj\u00e1nd\u00e9kokat. A k\u00e9nyelmes foganty\u00fak biztos\u00edtj\u00e1k, hogy a kicsik sz\u00e1m\u00e1ra k\u00f6nny\u0171 legyen kezelni.\n\nSz\u00ednezetlen Fel\u00fclet:\nA kos\u00e1r sz\u00ednezetlen fel\u00fclete lehet\u0151s\u00e9get ad a gyerekeknek, hogy saj\u00e1t kreativit\u00e1sukat beleadva d\u00edsz\u00edts\u00e9k azt. Filctollak, fest\u00e9kek vagy matric\u00e1k seg\u00edts\u00e9g\u00e9vel a kicsik szem\u00e9lyre szabhatj\u00e1k a kosarukat, \u00edgy egyedi \u00e9s sz\u00edvhez sz\u00f3l\u00f3 eml\u00e9keket k\u00e9sz\u00edthetnek.\n\nT\u00f6bb M\u00e9retben Kaphat\u00f3:\nA h\u00fasv\u00e9ti kaland minden gyermek sz\u00e1m\u00e1ra egyedi, \u00edgy a kiskos\u00e1r is az ig\u00e9nyekhez igazodva t\u00f6bb m\u00e9retben el\u00e9rhet\u0151. V\u00e1laszthatod a kisebb verzi\u00f3t a kisebbeknek vagy a nagyobbat, hogy m\u00e9g t\u00f6bb \u00f6r\u00f6m\u00f6t f\u00e9rjen el benne.\n\nPraktikus \u00e9s St\u00edlusos Kieg\u00e9sz\u00edt\u0151:\nEz a h\u00fasv\u00e9ti fonott kiskos\u00e1r nemcsak egy praktikus eszk\u00f6z a toj\u00e1sok gy\u0171jt\u00e9s\u00e9hez, hanem egyben st\u00edlusos kieg\u00e9sz\u00edt\u0151 is. A fonott design \u00e9s a gyerekek \u00e1ltal sz\u00ednezhet\u0151 fel\u00fclet egyar\u00e1nt gondoskodik arr\u00f3l, hogy a kiskos\u00e1r egyedi \u00e9s eml\u00e9kezetes r\u00e9sze legyen a h\u00fasv\u00e9ti \u00fcnnepl\u00e9snek.\n\nTeremts\u00e9tek meg a gyerekek sz\u00e1m\u00e1ra felejthetetlen \u00e9s sz\u00f3rakoztat\u00f3 h\u00fasv\u00e9ti \u00e9lm\u00e9nyeket ezen sz\u00ednezhet\u0151 fonott kiskos\u00e1rral, mely kiv\u00e1l\u00f3 v\u00e1laszt\u00e1s minden kis keres\u0151 sz\u00e1m\u00e1ra!","price":"2300.00","unit":"db","recommended":"0","status":"1","sponsored":"0","exp_notify":"0","own_material":"0","own_material_description_old":null,"own_material_description":"","jury":"0","jury_number":"","product_nature":"","meskaracsony":"0","create_date":"2026-07-25 22:39:05","shelve_id":"0","image":"madikosar_product_632992_240126092037_523541.jpeg","image_width":"480","image_height":"480","image_alt":"H\u00fasv\u00e9ti kiskos\u00e1r gyerekeknek t\u00f6bb m\u00e9retben, H\u00fasv\u00e9ti Fonott Kiskos\u00e1r Gyerekeknek\\n\\nV\u00e1laszthat\u00f3 m\u00e9retek:\\n9 x 7 (15) cm\\n12 x 8 (16) cm\\n15 x 9 (18) c..., Meska","image_title":"H\u00fasv\u00e9ti kiskos\u00e1r gyerekeknek t\u00f6bb m\u00e9retben, Meska","view_count":"4911","favourite_count":"0","trending_score":"0","last2MonthFavouriteCount":"0","promotion":"0","giftcard_accept":"0","creditcard_accept":true,"enhanced_background":"0","domain":"meska","specific_customer_id":null,"specific_customer_name":null,"to_order_product":"0","to_order_product_time":"0","product_different":null,"product_different_description":"","vintage":"0","vintage_category_id":"0","recycled":"0","gemstone_id":"0","customizable":"0","type_category":"physical","zerowaste":"0","postage_price":"1890.00","shop_order":"0","has_category":"1","landing_pages":null,"microdata":{"number":80,"category":""},"title":"H\u00fasv\u00e9ti kiskos\u00e1r gyerekeknek t\u00f6bb m\u00e9retben","description":"H\u00fasv\u00e9ti Fonott Kiskos\u00e1r Gyerekeknek\n\nV\u00e1laszthat\u00f3 m\u00e9retek:\n9 x 7 (15) cm\n12 x 8 (16) cm\n15 x 9 (18) cm\n20 x 12 (24) cm\n\u00e1tm\u00e9r\u0151 x magass\u00e1g (f\u00fcllel)\n\n\u00dcnnepelj\u00e9tek a tavaszi \u00fcnnepeket ezen aranyos \u00e9s praktikus h\u00fasv\u00e9ti fonott kiskos\u00e1rral, mely kifejezetten gyerekek sz\u00e1m\u00e1ra k\u00e9sz\u00fclt. A sz\u00ednezetlen, term\u00e9szetes kivitel\u00e9nek k\u00f6sz\u00f6nhet\u0151en ez a kos\u00e1r t\u00f6k\u00e9letes v\u00e1laszt\u00e1s minden kis h\u00fasv\u00e9ti toj\u00e1s keres\u0151nek.\n\nKiv\u00e1l\u00f3 Min\u0151s\u00e9g\u0171 Fonott Anyag:\nA kiskos\u00e1r teljes eg\u00e9sz\u00e9ben fonott vessz\u0151b\u0151l k\u00e9sz\u00fclt, amely nemcsak tart\u00f3s, de eszt\u00e9tikailag is vonz\u00f3. A fonott r\u00e9szek k\u00fcl\u00f6nleges mint\u00e1zatot \u00e9s text\u00far\u00e1t k\u00f6lcs\u00f6n\u00f6znek a kos\u00e1rnak, amely m\u00e9g izgalmasabb\u00e1 teszi a h\u00fasv\u00e9ti toj\u00e1s keres\u00e9st.\n\nGyerekek Sz\u00e1m\u00e1ra Tervezve:\nA kiskos\u00e1r m\u00e9retei kifejezetten a kis k\u00e9zbe ill\u0151k, \u00edgy a gyerekek k\u00f6nnyed\u00e9n hordozhatj\u00e1k, mik\u00f6zben \u00f6r\u00f6mmel gy\u0171jtik a h\u00fasv\u00e9ti toj\u00e1sokat \u00e9s aj\u00e1nd\u00e9kokat. A k\u00e9nyelmes foganty\u00fak biztos\u00edtj\u00e1k, hogy a kicsik sz\u00e1m\u00e1ra k\u00f6nny\u0171 legyen kezelni.\n\nSz\u00ednezetlen Fel\u00fclet:\nA kos\u00e1r sz\u00ednezetlen fel\u00fclete lehet\u0151s\u00e9get ad a gyerekeknek, hogy saj\u00e1t kreativit\u00e1sukat beleadva d\u00edsz\u00edts\u00e9k azt. Filctollak, fest\u00e9kek vagy matric\u00e1k seg\u00edts\u00e9g\u00e9vel a kicsik szem\u00e9lyre szabhatj\u00e1k a kosarukat, \u00edgy egyedi \u00e9s sz\u00edvhez sz\u00f3l\u00f3 eml\u00e9keket k\u00e9sz\u00edthetnek.\n\nT\u00f6bb M\u00e9retben Kaphat\u00f3:\nA h\u00fasv\u00e9ti kaland minden gyermek sz\u00e1m\u00e1ra egyedi, \u00edgy a kiskos\u00e1r is az ig\u00e9nyekhez igazodva t\u00f6bb m\u00e9retben el\u00e9rhet\u0151. V\u00e1laszthatod a kisebb verzi\u00f3t a kisebbeknek vagy a nagyobbat, hogy m\u00e9g t\u00f6bb \u00f6r\u00f6m\u00f6t f\u00e9rjen el benne.\n\nPraktikus \u00e9s St\u00edlusos Kieg\u00e9sz\u00edt\u0151:\nEz a h\u00fasv\u00e9ti fonott kiskos\u00e1r nemcsak egy praktikus eszk\u00f6z a toj\u00e1sok gy\u0171jt\u00e9s\u00e9hez, hanem egyben st\u00edlusos kieg\u00e9sz\u00edt\u0151 is. A fonott design \u00e9s a gyerekek \u00e1ltal sz\u00ednezhet\u0151 fel\u00fclet egyar\u00e1nt gondoskodik arr\u00f3l, hogy a kiskos\u00e1r egyedi \u00e9s eml\u00e9kezetes r\u00e9sze legyen a h\u00fasv\u00e9ti \u00fcnnepl\u00e9snek.\n\nTeremts\u00e9tek meg a gyerekek sz\u00e1m\u00e1ra felejthetetlen \u00e9s sz\u00f3rakoztat\u00f3 h\u00fasv\u00e9ti \u00e9lm\u00e9nyeket ezen sz\u00ednezhet\u0151 fonott kiskos\u00e1rral, mely kiv\u00e1l\u00f3 v\u00e1laszt\u00e1s minden kis keres\u0151 sz\u00e1m\u00e1ra!","score":0,"formatted_price":"2 300 Ft","image_url":"https:\/\/www.meska.hu\/img\/product\/small\/m\/a\/madikosar_product_632992_240126092037_523541.jpeg","formatted_url":"https:\/\/www.meska.hu\/p5199723-husveti-kiskosar-gyerekeknek-tobb-meretben","favourite":false,"in_stock":true,"avatar":"632992_avatar_1706179559.png","delete_from":0,"is_enhanced_background":false,"is_enhanced":false,"product_selection_started":false,"is_active":true,"image_webp_url":"https:\/\/www.meska.hu\/img\/product\/small\/m\/a\/madikosar_product_632992_240126092037_523541.webp"},{"id":"6308327","shop_id":"39492","user_id":"543138","shop_name":"kreativPercek3","shop_zip":"6782","product_code":"5842193","product_name_old":null,"product_name":"K\u00f6t\u00f6tt dr\u00f3t n\u00e9vt\u00e1bla, Babaszoba n\u00e9vdekor\u00e1ci\u00f3, n\u00e9vt\u00e1bla","category_string":"Baba - mama, Babaszoba dekor\u00e1ci\u00f3, Baba n\u00e9vt\u00e1bla","technic_string":"Fon\u00e1s (csuh\u00e9, gy\u00e9k\u00e9ny, stb.)","category_1":"1735","category_2":"1466","category_3":"1760","category_4":"0","merged_category_1":null,"merged_category_2":null,"merged_category_3":null,"technic_1":"482","technic_2":"0","technic_3":"0","color_1":"514","color_2":"519","color_3":"527","product_description_old":null,"product_description":"Egyedi n\u00e9vre sz\u00f3l\u00f3 gyerekszoba n\u00e9vdekor\u00e1ci\u00f3, maci a holdon\n\nSz\u00e9less\u00e9g: 22cm\nMagass\u00e1g: 30cm\n+ az akaszt\u00f3\n\nA n\u00e9v sz\u00edne v\u00e1laszthat\u00f3: k\u00e1v\u00e9barna, barna, sz\u00fcrke, r\u00f3zsasz\u00edn, k\u00e9k","price":"6490.00","unit":"db","recommended":"0","status":"1","sponsored":"0","exp_notify":"0","own_material":"0","own_material_description_old":null,"own_material_description":"","jury":"0","jury_number":"","product_nature":"","meskaracsony":"0","create_date":"2026-07-25 17:34:14","shelve_id":"0","image":"kreativpercek3_product_543138_260725172624_979977.jpeg","image_width":"480","image_height":"852","image_alt":"K\u00f6t\u00f6tt dr\u00f3t n\u00e9vt\u00e1bla, Babaszoba n\u00e9vdekor\u00e1ci\u00f3, n\u00e9vt\u00e1bla, Egyedi n\u00e9vre sz\u00f3l\u00f3 gyerekszoba n\u00e9vdekor\u00e1ci\u00f3, maci a holdon\\n\\nSz\u00e9less\u00e9g: 22cm\\nMagass\u00e1g: 30cm\\n+ az akas..., Meska","image_title":"K\u00f6t\u00f6tt dr\u00f3t n\u00e9vt\u00e1bla, Babaszoba n\u00e9vdekor\u00e1ci\u00f3, n\u00e9vt\u00e1bla, Meska","view_count":"145","favourite_count":"0","trending_score":"0","last2MonthFavouriteCount":"0","promotion":"0","giftcard_accept":"0","creditcard_accept":false,"enhanced_background":"0","domain":"meska","specific_customer_id":null,"specific_customer_name":null,"to_order_product":"1","to_order_product_time":"4","product_different":null,"product_different_description":"","vintage":"0","vintage_category_id":"0","recycled":"0","gemstone_id":"0","customizable":"0","type_category":"physical","zerowaste":"0","postage_price":"1990.00","shop_order":"0","has_category":"1","landing_pages":null,"microdata":{"number":81,"category":""},"title":"K\u00f6t\u00f6tt dr\u00f3t n\u00e9vt\u00e1bla, Babaszoba n\u00e9vdekor\u00e1ci\u00f3, n\u00e9vt\u00e1bla","description":"Egyedi n\u00e9vre sz\u00f3l\u00f3 gyerekszoba n\u00e9vdekor\u00e1ci\u00f3, maci a holdon\n\nSz\u00e9less\u00e9g: 22cm\nMagass\u00e1g: 30cm\n+ az akaszt\u00f3\n\nA n\u00e9v sz\u00edne v\u00e1laszthat\u00f3: k\u00e1v\u00e9barna, barna, sz\u00fcrke, r\u00f3zsasz\u00edn, k\u00e9k","score":0,"formatted_price":"6 490 Ft","image_url":"https:\/\/www.meska.hu\/img\/product\/small\/k\/r\/kreativpercek3_product_543138_260725172624_979977.jpeg","formatted_url":"https:\/\/www.meska.hu\/p5842193-kotott-drot-nevtabla-babaszoba-nevdekoracio","favourite":false,"in_stock":false,"avatar":"543138_avatar_1670514232.png","delete_from":0,"is_enhanced_background":false,"is_enhanced":false,"product_selection_started":false,"is_active":true,"image_webp_url":"https:\/\/www.meska.hu\/img\/product\/small\/k\/r\/kreativpercek3_product_543138_260725172624_979977.webp"},{"id":"5750397","shop_id":"37757","user_id":"477010","shop_name":"DubaEmese","shop_zip":"5234","product_code":"5533898","product_name_old":null,"product_name":"Kis f\u00fcles kos\u00e1r toj\u00e1sgy\u0171jt\u00e9shez - K\u00e9zzel k\u00e9sz\u00edtett, egyedi diz\u00e1jn!","category_string":"T\u00e1ska & Tok, Kos\u00e1r","technic_string":"Fon\u00e1s (csuh\u00e9, gy\u00e9k\u00e9ny, stb.), Pap\u00edrm\u0171v\u00e9szet","category_1":"464","category_2":"466","category_3":"0","category_4":"0","merged_category_1":null,"merged_category_2":null,"merged_category_3":null,"technic_1":"482","technic_2":"497","technic_3":"0","color_1":"514","color_2":"529","color_3":"0","product_description_old":null,"product_description":"Ez a kis, de praktikus f\u00fcles kos\u00e1r t\u00f6k\u00e9letes v\u00e1laszt\u00e1s a toj\u00e1sgy\u0171jt\u00e9shez, kicsiknek piacra j\u00e1rni vagy ak\u00e1r dekor\u00e1ci\u00f3k\u00e9nt is. K\u00e9zzel k\u00e9sz\u00fclt, ig\u00e9nyes munk\u00e1val, hogy minden r\u00e9szlete t\u00f6k\u00e9letes legyen. Az al\u00e1bbiakban tal\u00e1lhatod a kos\u00e1r specifik\u00e1ci\u00f3it:\n\n\u00c1tm\u00e9r\u0151: 19 cm\nMagass\u00e1g: 7 cm\nF\u00fcl magass\u00e1ga: 25 cm\nAnyag: pap\u00edr\nEz a kis kos\u00e1r nemcsak praktikus, de a term\u00e9szetes, rusztikus megjelen\u00e9se otthonodba is var\u00e1zslatot csemp\u00e9sz. Kiv\u00e1l\u00f3 v\u00e1laszt\u00e1s toj\u00e1sgy\u0171jt\u00e9shez, de ak\u00e1r aj\u00e1nd\u00e9knak is remek!\n\nT\u00f6k\u00e9letes v\u00e1laszt\u00e1s:\n\nToj\u00e1sgy\u0171jt\u00e9shez\nPiacra s\u00e9t\u00e1hoz\nDekor\u00e1ci\u00f3s c\u00e9lokra\nAj\u00e1nd\u00e9knak\nHa egyedi, k\u00e9zzel k\u00e9sz\u00edtett darabot keresel, ez a kos\u00e1r ide\u00e1lis v\u00e1laszt\u00e1s! Azonnal el\u00e9rhet\u0151, rendelhet\u0151.","price":"4000.00","unit":"db","recommended":"0","status":"1","sponsored":"0","exp_notify":"0","own_material":"0","own_material_description_old":null,"own_material_description":"","jury":"0","jury_number":"","product_nature":"","meskaracsony":"0","create_date":"2026-07-25 00:30:56","shelve_id":"0","image":"dubaemese_product_477010_250331223953_771996.jpeg","image_width":"480","image_height":"640","image_alt":"Kis f\u00fcles kos\u00e1r toj\u00e1sgy\u0171jt\u00e9shez - K\u00e9zzel k\u00e9sz\u00edtett, egyedi diz\u00e1jn!, Ez a kis, de praktikus f\u00fcles kos\u00e1r t\u00f6k\u00e9letes v\u00e1laszt\u00e1s a toj\u00e1sgy\u0171jt\u00e9shez, kicsiknek piacra j\u00e1rni vag..., Meska","image_title":"Kis f\u00fcles kos\u00e1r toj\u00e1sgy\u0171jt\u00e9shez - K\u00e9zzel k\u00e9sz\u00edtett, egyedi diz\u00e1jn!, Meska","view_count":"643","favourite_count":"0","trending_score":"0","last2MonthFavouriteCount":"0","promotion":"0","giftcard_accept":"0","creditcard_accept":true,"enhanced_background":"0","domain":"meska","specific_customer_id":null,"specific_customer_name":null,"to_order_product":"0","to_order_product_time":"0","product_different":null,"product_different_description":"","vintage":"0","vintage_category_id":"0","recycled":"1","gemstone_id":"0","customizable":"0","type_category":"physical","zerowaste":"0","postage_price":"2390.00","shop_order":"5","has_category":"1","landing_pages":null,"microdata":{"number":82,"category":""},"title":"Kis f\u00fcles kos\u00e1r toj\u00e1sgy\u0171jt\u00e9shez - K\u00e9zzel k\u00e9sz\u00edtett, egyedi diz\u00e1jn!","description":"Ez a kis, de praktikus f\u00fcles kos\u00e1r t\u00f6k\u00e9letes v\u00e1laszt\u00e1s a toj\u00e1sgy\u0171jt\u00e9shez, kicsiknek piacra j\u00e1rni vagy ak\u00e1r dekor\u00e1ci\u00f3k\u00e9nt is. K\u00e9zzel k\u00e9sz\u00fclt, ig\u00e9nyes munk\u00e1val, hogy minden r\u00e9szlete t\u00f6k\u00e9letes legyen. Az al\u00e1bbiakban tal\u00e1lhatod a kos\u00e1r specifik\u00e1ci\u00f3it:\n\n\u00c1tm\u00e9r\u0151: 19 cm\nMagass\u00e1g: 7 cm\nF\u00fcl magass\u00e1ga: 25 cm\nAnyag: pap\u00edr\nEz a kis kos\u00e1r nemcsak praktikus, de a term\u00e9szetes, rusztikus megjelen\u00e9se otthonodba is var\u00e1zslatot csemp\u00e9sz. Kiv\u00e1l\u00f3 v\u00e1laszt\u00e1s toj\u00e1sgy\u0171jt\u00e9shez, de ak\u00e1r aj\u00e1nd\u00e9knak is remek!\n\nT\u00f6k\u00e9letes v\u00e1laszt\u00e1s:\n\nToj\u00e1sgy\u0171jt\u00e9shez\nPiacra s\u00e9t\u00e1hoz\nDekor\u00e1ci\u00f3s c\u00e9lokra\nAj\u00e1nd\u00e9knak\nHa egyedi, k\u00e9zzel k\u00e9sz\u00edtett darabot keresel, ez a kos\u00e1r ide\u00e1lis v\u00e1laszt\u00e1s! Azonnal el\u00e9rhet\u0151, rendelhet\u0151.","score":0,"formatted_price":"4 000 Ft","image_url":"https:\/\/www.meska.hu\/img\/product\/small\/d\/u\/dubaemese_product_477010_250331223953_771996.jpeg","formatted_url":"https:\/\/www.meska.hu\/p5533898-kis-fules-kosar-tojasgyujteshez-kezzel-keszitett-egyedi-dizajn","favourite":false,"in_stock":true,"avatar":"DubaEmese_avatar_477010_1655928193.jpeg","delete_from":0,"is_enhanced_background":false,"is_enhanced":false,"product_selection_started":false,"is_active":true,"image_webp_url":"https:\/\/www.meska.hu\/img\/product\/small\/d\/u\/dubaemese_product_477010_250331223953_771996.webp"},{"id":"6307548","shop_id":"53388","user_id":"805121","shop_name":"Lelekvaszon","shop_zip":"2315","product_code":"5841694","product_name_old":null,"product_name":"Erdei J\u00e1tsz\u00f3sz\u0151nyeg","category_string":"Baba - mama, Baba j\u00e1t\u00e9kok, J\u00e1tsz\u00f3sz\u0151nyeg","technic_string":"Varr\u00e1s, Fon\u00e1s (csuh\u00e9, gy\u00e9k\u00e9ny, stb.)","category_1":"1735","category_2":"343","category_3":"1103","category_4":"0","merged_category_1":null,"merged_category_2":null,"merged_category_3":null,"technic_1":"506","technic_2":"482","technic_3":"0","color_1":"521","color_2":"532","color_3":"0","product_description_old":null,"product_description":"\ud83c\udf32\u2728 A r\u00f3ka, a bagoly \u00e9s a s\u00fcni kalandjai csak most kezd\u0151dnek! \ud83c\udf32\u2728\nM\u00e9lyen az erd\u0151 sz\u00edv\u00e9ben, a csillog\u00f3 viz\u0171 patak partj\u00e1n  a h\u00e1rom bar\u00e0t izgalmas felfedez\u00e9sre indul. A patak mellett csudaklassz kalandok v\u00e1rnak r\u00e1juk, de a legfontosabb m\u00e9g hi\u00e1nyzik: TE is kellesz hozz\u00e1!\nEngedd, hogy a gyermeked v\u00e1ljon az erdei mese igazgat\u00f3j\u00e1v\u00e1 a L\u00e9lekv\u00e1szon leg\u00fajabb, sz\u00edvvel-l\u00e9lekkel k\u00e9sz\u00fclt K\u00e9zm\u0171ves Erdei Kaland J\u00e1tsz\u00f3szettj\u00e9vel! \ud83e\udd8a\ud83e\udd89\ud83e\udd94\n\ud83c\udf92 Mes\u00e9s kalandok a patak partj\u00e1n \u00e9s a f\u00e1k alatt\n * \ud83c\udf0a Rejtekhelyek a patak hull\u00e1main\u00e1l: A sz\u0151nyeg interakt\u00edv kis zsebeibe \u00e9s hull\u00e1maiba a gyerekek maguk rejthetik el a csillog\u00f3 \u00fcvegkavicsokat, a gombcsig\u00e1kat, a b\u00e9k\u00e1t \u00e9s a vid\u00e1man \u00faszk\u00e1l\u00f3 halacsk\u00e1kat.\n\u00c9p\u00edtsetek hidat!\n * \ud83c\udf32 \u00c9p\u00edtsetek saj\u00e1t erd\u0151t! A puha filcf\u00e1k teljesen mobilak, oda k\u00f6lt\u00f6ztethetitek \u0151ket, ahov\u00e1 csak szeretn\u00e9tek \u2013 s\u0151t, a lombjaik k\u00f6z\u00e9 m\u00e9g egy pici f\u00fcgg\u0151\u00e1gy is felakaszthat\u00f3, ha valamelyik kis\u00e1llat megpihenne.\n * \ud83e\udd50 Erdei piknik a j\u00f3 bar\u00e1tokkal: A nagy felfedez\u00e9sek k\u00f6zben ter\u00edts\u00e9tek ki a kock\u00e1s takar\u00f3t, \u00e9s falatozzatok a kos\u00e1rk\u00e1ba gy\u0171jt\u00f6tt finom gy\u00fcm\u00f6lcs\u00f6kb\u0151l!\n * \u26fa Kuck\u00f3z\u00e1s a fonott s\u00e1torban: Ha elf\u00e1radnak a kis v\u00e1ndorok, a mes\u00e9s fonott s\u00e1tor pihe-puha p\u00e1rn\u00e1kkal \u00e9s takar\u00f3val v\u00e1rja \u0151ket.\n\ud83c\udf19 T\u00e1bort\u0171z, mes\u00e9k \u00e9s esti var\u00e1zslat\u2026\nAhogy a nap lebukik a f\u00e1k m\u00f6g\u00f6tt, az erdei tiszt\u00e1son kigy\u00fal az igazi var\u00e1zslat!\nA gyerk\u0151c\u00f6k meggy\u00fajthatj\u00e1k a vil\u00e1g\u00edt\u00f3 LED-es t\u00e1bort\u00fczet, k\u00f6r\u00e9 rakhatj\u00e1k a k\u00fcl\u00f6n\u00e1ll\u00f3 fahas\u00e1bokat, \u00e9s pillecukrot s\u00fcthetnek a p\u00e1lc\u00e1kon.\nA ropog\u00f3 t\u0171z meleg\u00e9n\u00e9l a cuki ujjb\u00e1bok beleb\u00fajhatnak a saj\u00e1t kis alv\u00f3zs\u00e1kjaikba, \u00e9s a mini filc mesek\u00f6nyvb\u0151l olvasva, finoms\u00e1gokat falatozva t\u00e9rhetnek \u00e1lomra. \ud83d\udcd6\u2728\n\ud83e\udd0d Mi\u00e9rt igazi kincs?\n * Csupa interakt\u00edv j\u00e1t\u00e9k: Fejleszti a finommotorik\u00e1t, a sz\u00f3kincset \u00e9s a k\u00e9pzel\u0151er\u0151t \n * Egyedi \u00e9s fenntarthat\u00f3: Minden apr\u00f3 r\u00e9szlet, varr\u00e1s \u00e9s gomb szeretettel, k\u00e9zzel k\u00e9sz\u00fclt min\u0151s\u00e9gi alapanyagokb\u00f3l.\n * \u00d6r\u00f6k eml\u00e9k: Egy csod\u00e1s k\u00e9zm\u0171ves szett, ami gener\u00e1ci\u00f3kon \u00e1t k\u00eds\u00e9ri v\u00e9gig a legszebb gyermekkori mes\u00e9ket.\n\ud83d\uded2 K\u00e9szen \u00e1lltok a nagy erdei kalandra?\n","price":"35000.00","unit":"db","recommended":"0","status":"1","sponsored":"0","exp_notify":"0","own_material":"0","own_material_description_old":null,"own_material_description":"","jury":"0","jury_number":"","product_nature":"","meskaracsony":"0","create_date":"2026-07-24 19:21:07","shelve_id":"0","image":"lelekvaszon_product_805121_260724191659_447972.jpeg","image_width":"480","image_height":"360","image_alt":"Erdei J\u00e1tsz\u00f3sz\u0151nyeg, \ud83c\udf32\u2728 A r\u00f3ka, a bagoly \u00e9s a s\u00fcni kalandjai csak most kezd\u0151dnek! \ud83c\udf32\u2728\\nM\u00e9lyen az erd\u0151 sz\u00edv\u00e9ben, a csillog\u00f3 ..., Meska","image_title":"Erdei J\u00e1tsz\u00f3sz\u0151nyeg, Meska","view_count":"70","favourite_count":"0","trending_score":"0","last2MonthFavouriteCount":"0","promotion":"0","giftcard_accept":"0","creditcard_accept":false,"enhanced_background":"0","domain":"meska","specific_customer_id":null,"specific_customer_name":null,"to_order_product":"0","to_order_product_time":"0","product_different":null,"product_different_description":"","vintage":"0","vintage_category_id":"0","recycled":"1","gemstone_id":"0","customizable":"0","type_category":"physical","zerowaste":"0","postage_price":"2599.00","shop_order":"0","has_category":"1","landing_pages":null,"microdata":{"number":83,"category":""},"title":"Erdei J\u00e1tsz\u00f3sz\u0151nyeg","description":"\ud83c\udf32\u2728 A r\u00f3ka, a bagoly \u00e9s a s\u00fcni kalandjai csak most kezd\u0151dnek! \ud83c\udf32\u2728\nM\u00e9lyen az erd\u0151 sz\u00edv\u00e9ben, a csillog\u00f3 viz\u0171 patak partj\u00e1n  a h\u00e1rom bar\u00e0t izgalmas felfedez\u00e9sre indul. A patak mellett csudaklassz kalandok v\u00e1rnak r\u00e1juk, de a legfontosabb m\u00e9g hi\u00e1nyzik: TE is kellesz hozz\u00e1!\nEngedd, hogy a gyermeked v\u00e1ljon az erdei mese igazgat\u00f3j\u00e1v\u00e1 a L\u00e9lekv\u00e1szon leg\u00fajabb, sz\u00edvvel-l\u00e9lekkel k\u00e9sz\u00fclt K\u00e9zm\u0171ves Erdei Kaland J\u00e1tsz\u00f3szettj\u00e9vel! \ud83e\udd8a\ud83e\udd89\ud83e\udd94\n\ud83c\udf92 Mes\u00e9s kalandok a patak partj\u00e1n \u00e9s a f\u00e1k alatt\n * \ud83c\udf0a Rejtekhelyek a patak hull\u00e1main\u00e1l: A sz\u0151nyeg interakt\u00edv kis zsebeibe \u00e9s hull\u00e1maiba a gyerekek maguk rejthetik el a csillog\u00f3 \u00fcvegkavicsokat, a gombcsig\u00e1kat, a b\u00e9k\u00e1t \u00e9s a vid\u00e1man \u00faszk\u00e1l\u00f3 halacsk\u00e1kat.\n\u00c9p\u00edtsetek hidat!\n * \ud83c\udf32 \u00c9p\u00edtsetek saj\u00e1t erd\u0151t! A puha filcf\u00e1k teljesen mobilak, oda k\u00f6lt\u00f6ztethetitek \u0151ket, ahov\u00e1 csak szeretn\u00e9tek \u2013 s\u0151t, a lombjaik k\u00f6z\u00e9 m\u00e9g egy pici f\u00fcgg\u0151\u00e1gy is felakaszthat\u00f3, ha valamelyik kis\u00e1llat megpihenne.\n * \ud83e\udd50 Erdei piknik a j\u00f3 bar\u00e1tokkal: A nagy felfedez\u00e9sek k\u00f6zben ter\u00edts\u00e9tek ki a kock\u00e1s takar\u00f3t, \u00e9s falatozzatok a kos\u00e1rk\u00e1ba gy\u0171jt\u00f6tt finom gy\u00fcm\u00f6lcs\u00f6kb\u0151l!\n * \u26fa Kuck\u00f3z\u00e1s a fonott s\u00e1torban: Ha elf\u00e1radnak a kis v\u00e1ndorok, a mes\u00e9s fonott s\u00e1tor pihe-puha p\u00e1rn\u00e1kkal \u00e9s takar\u00f3val v\u00e1rja \u0151ket.\n\ud83c\udf19 T\u00e1bort\u0171z, mes\u00e9k \u00e9s esti var\u00e1zslat\u2026\nAhogy a nap lebukik a f\u00e1k m\u00f6g\u00f6tt, az erdei tiszt\u00e1son kigy\u00fal az igazi var\u00e1zslat!\nA gyerk\u0151c\u00f6k meggy\u00fajthatj\u00e1k a vil\u00e1g\u00edt\u00f3 LED-es t\u00e1bort\u00fczet, k\u00f6r\u00e9 rakhatj\u00e1k a k\u00fcl\u00f6n\u00e1ll\u00f3 fahas\u00e1bokat, \u00e9s pillecukrot s\u00fcthetnek a p\u00e1lc\u00e1kon.\nA ropog\u00f3 t\u0171z meleg\u00e9n\u00e9l a cuki ujjb\u00e1bok beleb\u00fajhatnak a saj\u00e1t kis alv\u00f3zs\u00e1kjaikba, \u00e9s a mini filc mesek\u00f6nyvb\u0151l olvasva, finoms\u00e1gokat falatozva t\u00e9rhetnek \u00e1lomra. \ud83d\udcd6\u2728\n\ud83e\udd0d Mi\u00e9rt igazi kincs?\n * Csupa interakt\u00edv j\u00e1t\u00e9k: Fejleszti a finommotorik\u00e1t, a sz\u00f3kincset \u00e9s a k\u00e9pzel\u0151er\u0151t \n * Egyedi \u00e9s fenntarthat\u00f3: Minden apr\u00f3 r\u00e9szlet, varr\u00e1s \u00e9s gomb szeretettel, k\u00e9zzel k\u00e9sz\u00fclt min\u0151s\u00e9gi alapanyagokb\u00f3l.\n * \u00d6r\u00f6k eml\u00e9k: Egy csod\u00e1s k\u00e9zm\u0171ves szett, ami gener\u00e1ci\u00f3kon \u00e1t k\u00eds\u00e9ri v\u00e9gig a legszebb gyermekkori mes\u00e9ket.\n\ud83d\uded2 K\u00e9szen \u00e1lltok a nagy erdei kalandra?\n","score":0,"formatted_price":"35 000 Ft","image_url":"https:\/\/www.meska.hu\/img\/product\/small\/l\/e\/lelekvaszon_product_805121_260724191659_447972.jpeg","formatted_url":"https:\/\/www.meska.hu\/p5841694-erdei-jatszoszonyeg","favourite":false,"in_stock":true,"avatar":"805121_avatar_1784399351.jpeg","delete_from":0,"is_enhanced_background":false,"is_enhanced":false,"product_selection_started":false,"is_active":true,"image_webp_url":"https:\/\/www.meska.hu\/img\/product\/small\/l\/e\/lelekvaszon_product_805121_260724191659_447972.webp"},{"id":"6164109","shop_id":"39492","user_id":"543138","shop_name":"kreativPercek3","shop_zip":"6782","product_code":"5763140","product_name_old":null,"product_name":"N\u00e9vre sz\u00f3l\u00f3 makram\u00e9 sziv\u00e1rv\u00e1ny","category_string":"Otthon & \u00c9letm\u00f3d, Dekor\u00e1ci\u00f3, Fali \u00e9s f\u00fcgg\u0151 dekor\u00e1ci\u00f3, Falra akaszthat\u00f3 dekor","technic_string":"Fon\u00e1s (csuh\u00e9, gy\u00e9k\u00e9ny, stb.)","category_1":"813","category_2":"314","category_3":"1470","category_4":"942","merged_category_1":null,"merged_category_2":null,"merged_category_3":null,"technic_1":"482","technic_2":"0","technic_3":"0","color_1":"514","color_2":"519","color_3":"527","product_description_old":null,"product_description":"Egyedi n\u00e9vre sz\u00f3l\u00f3 makram\u00e9 sziv\u00e1rv\u00e1ny\nA sziv\u00e1rv\u00e1ny m\u00e9rete:\nSz\u00e9less\u00e9g: 12cm\nMagass\u00e1g: 16cm\nMagass\u00e1g akaszt\u00f3val: 28cm\nN\u00e9v sz\u00e9less\u00e9ge: 17-18cm\n\nA n\u00e9v sz\u00edne v\u00e1laszthat\u00f3: b\u00e9zs, barna, sz\u00fcrke, feh\u00e9r","price":"4500.00","unit":"db","recommended":"0","status":"1","sponsored":"0","exp_notify":"0","own_material":"0","own_material_description_old":null,"own_material_description":"","jury":"0","jury_number":"","product_nature":"","meskaracsony":"0","create_date":"2026-07-24 14:09:52","shelve_id":"0","image":"kreativpercek3_product_543138_260322144643_536143.jpeg","image_width":"480","image_height":"620","image_alt":"N\u00e9vre sz\u00f3l\u00f3 makram\u00e9 sziv\u00e1rv\u00e1ny, Egyedi n\u00e9vre sz\u00f3l\u00f3 makram\u00e9 sziv\u00e1rv\u00e1ny\\nA sziv\u00e1rv\u00e1ny m\u00e9rete:\\nSz\u00e9less\u00e9g: 12cm\\nMagass\u00e1g: 16cm\\nMagass\u00e1g a..., Meska","image_title":"N\u00e9vre sz\u00f3l\u00f3 makram\u00e9 sziv\u00e1rv\u00e1ny, Meska","view_count":"418","favourite_count":"0","trending_score":"0","last2MonthFavouriteCount":"0","promotion":"0","giftcard_accept":"0","creditcard_accept":false,"enhanced_background":"0","domain":"meska","specific_customer_id":null,"specific_customer_name":null,"to_order_product":"1","to_order_product_time":"3","product_different":null,"product_different_description":"","vintage":"0","vintage_category_id":"0","recycled":"0","gemstone_id":"0","customizable":"0","type_category":"physical","zerowaste":"0","postage_price":"2390.00","shop_order":"0","has_category":"1","landing_pages":null,"microdata":{"number":84,"category":""},"title":"N\u00e9vre sz\u00f3l\u00f3 makram\u00e9 sziv\u00e1rv\u00e1ny","description":"Egyedi n\u00e9vre sz\u00f3l\u00f3 makram\u00e9 sziv\u00e1rv\u00e1ny\nA sziv\u00e1rv\u00e1ny m\u00e9rete:\nSz\u00e9less\u00e9g: 12cm\nMagass\u00e1g: 16cm\nMagass\u00e1g akaszt\u00f3val: 28cm\nN\u00e9v sz\u00e9less\u00e9ge: 17-18cm\n\nA n\u00e9v sz\u00edne v\u00e1laszthat\u00f3: b\u00e9zs, barna, sz\u00fcrke, feh\u00e9r","score":0,"formatted_price":"4 500 Ft","image_url":"https:\/\/www.meska.hu\/img\/product\/small\/k\/r\/kreativpercek3_product_543138_260322144643_536143.jpeg","formatted_url":"https:\/\/www.meska.hu\/p5763140-nevre-szolo-makrame-szivarvany","favourite":false,"in_stock":false,"avatar":"543138_avatar_1670514232.png","delete_from":0,"is_enhanced_background":false,"is_enhanced":false,"product_selection_started":false,"is_active":true,"image_webp_url":"https:\/\/www.meska.hu\/img\/product\/small\/k\/r\/kreativpercek3_product_543138_260322144643_536143.webp"},{"id":"5872722","shop_id":"38745","user_id":"499886","shop_name":"Sasafonomuhelye","shop_zip":"2377","product_code":"5594880","product_name_old":null,"product_name":"Fonott irattart\u00f3 mappa pap\u00edrfon\u00e1ssal","category_string":"Otthon & \u00c9letm\u00f3d, T\u00e1rol\u00e1s & Rendszerez\u00e9s, T\u00e1rol\u00f3kos\u00e1r","technic_string":"Fon\u00e1s (csuh\u00e9, gy\u00e9k\u00e9ny, stb.)","category_1":"813","category_2":"426","category_3":"428","category_4":"0","merged_category_1":null,"merged_category_2":null,"merged_category_3":null,"technic_1":"482","technic_2":"0","technic_3":"0","color_1":"514","color_2":"0","color_3":"0","product_description_old":null,"product_description":"Pap\u00edrfon\u00e1ssal k\u00e9sz\u00fclt irattart\u00f3, egyedi k\u00e9zm\u0171ves term\u00e9k. Massz\u00edv, alkalmas egy\u00e9b iratok, foly\u00f3iratok, mapp\u00e1k t\u00e1rol\u00e1s\u00e1ra. Iskolakezd\u00e9s sor\u00e1n a tanul\u00f3sarok dekorat\u00edv d\u00edsze lehet \u00e9s egyben nagyon hasznos aj\u00e1nd\u00e9knak. Magass\u00e1g: 30,5-31 cm, sz\u00e9less\u00e9g: 10 cm, m\u00e9lys\u00e9g: 25 cm. Nedves szivaccsal tiszt\u00edthat\u00f3, portalan\u00edthat\u00f3.","price":"6000.00","unit":"db","recommended":"0","status":"1","sponsored":"0","exp_notify":"0","own_material":"0","own_material_description_old":null,"own_material_description":"","jury":"0","jury_number":"","product_nature":"","meskaracsony":"0","create_date":"2026-07-24 09:25:56","shelve_id":"73337","image":"sasafonomuhelye_product_499886_250729075719_642315.jpeg","image_width":"480","image_height":"853","image_alt":"Fonott irattart\u00f3 mappa pap\u00edrfon\u00e1ssal, Pap\u00edrfon\u00e1ssal k\u00e9sz\u00fclt irattart\u00f3, egyedi k\u00e9zm\u0171ves term\u00e9k. Massz\u00edv, alkalmas egy\u00e9b iratok, foly\u00f3iratok..., Meska","image_title":"Fonott irattart\u00f3 mappa pap\u00edrfon\u00e1ssal, Meska","view_count":"426","favourite_count":"0","trending_score":"0","last2MonthFavouriteCount":"0","promotion":"0","giftcard_accept":"0","creditcard_accept":true,"enhanced_background":"0","domain":"meska","specific_customer_id":null,"specific_customer_name":null,"to_order_product":"0","to_order_product_time":"0","product_different":null,"product_different_description":"","vintage":"0","vintage_category_id":"0","recycled":"1","gemstone_id":"0","customizable":"0","type_category":"physical","zerowaste":"0","postage_price":"1290.00","shop_order":"0","has_category":"1","landing_pages":null,"microdata":{"number":85,"category":""},"title":"Fonott irattart\u00f3 mappa pap\u00edrfon\u00e1ssal","description":"Pap\u00edrfon\u00e1ssal k\u00e9sz\u00fclt irattart\u00f3, egyedi k\u00e9zm\u0171ves term\u00e9k. Massz\u00edv, alkalmas egy\u00e9b iratok, foly\u00f3iratok, mapp\u00e1k t\u00e1rol\u00e1s\u00e1ra. Iskolakezd\u00e9s sor\u00e1n a tanul\u00f3sarok dekorat\u00edv d\u00edsze lehet \u00e9s egyben nagyon hasznos aj\u00e1nd\u00e9knak. Magass\u00e1g: 30,5-31 cm, sz\u00e9less\u00e9g: 10 cm, m\u00e9lys\u00e9g: 25 cm. Nedves szivaccsal tiszt\u00edthat\u00f3, portalan\u00edthat\u00f3.","score":0,"formatted_price":"6 000 Ft","image_url":"https:\/\/www.meska.hu\/img\/product\/small\/s\/a\/sasafonomuhelye_product_499886_250729075719_642315.jpeg","formatted_url":"https:\/\/www.meska.hu\/p5594880-fonott-irattarto-papirfonassal","favourite":false,"in_stock":true,"avatar":"499886_avatar_1693338005.jpeg","delete_from":0,"is_enhanced_background":false,"is_enhanced":false,"product_selection_started":false,"is_active":true,"image_webp_url":"https:\/\/www.meska.hu\/img\/product\/small\/s\/a\/sasafonomuhelye_product_499886_250729075719_642315.webp"},{"id":"3503472","shop_id":"33869","user_id":"437392","shop_name":"mesefolt","shop_zip":"9012","product_code":"4746812","product_name_old":null,"product_name":"Elaf\u00e1ntos ovis p\u00e1rna, elef\u00e1nt j\u00e1t\u00e9kfigur\u00e1val","category_string":"J\u00e1t\u00e9k & Sport, Ovis felszerel\u00e9s, Ovis p\u00e1rna, kisp\u00e1rna","technic_string":"Varr\u00e1s, Fon\u00e1s (csuh\u00e9, gy\u00e9k\u00e9ny, stb.)","category_1":"305","category_2":"909","category_3":"1494","category_4":"0","merged_category_1":"0","merged_category_2":"784","merged_category_3":"0","technic_1":"506","technic_2":"482","technic_3":"0","color_1":"532","color_2":"526","color_3":"534","product_description_old":null,"product_description":"A kisp\u00e1rna sz\u00ednes kis elef\u00e1ntokat \u00e1br\u00e1zol\u00f3 anyagb\u00f3l k\u00e9sz\u00fclt, amely t\u0171z\u00e9ssel d\u00edsz\u00edtett.\nAz elef\u00e1nt k\u00e9zzel varrt, filc applik\u00e1ci\u00f3val k\u00e9sz\u00fclt. Farkinc\u00e1ja k\u00f6t\u0151fonal.\nM\u00e9ret: p\u00e1rna: 30 cm x 40 cm; elef\u00e1nt: 19 cm sz\u00e9les, 16 cm magas.\nAnyaga: 100% pamutv\u00e1szon, vatelin, filc, k\u00f6t\u0151fonal.\nMos\u00e1s: 30\u00b0C -on, k\u00edm\u00e9l\u0151 programmal, sz\u00ednfog\u00f3 kend\u0151 haszn\u00e1lata aj\u00e1nlott. A p\u00e1rna anyag\u00f6sszet\u00e9tel, - mos\u00e1si, - vasal\u00e1si c\u00edmk\u00e9vel ell\u00e1tott.\n\nAj\u00e1nlom b\u00f6lcs\u00f6d\u00e9s, \u00e9s \u00f3vod\u00e1s kor\u00fa gyermekek r\u00e9sz\u00e9re.\n","price":"5900.00","unit":"db","recommended":"0","status":"1","sponsored":"0","exp_notify":"0","own_material":"0","own_material_description_old":null,"own_material_description":"","jury":"0","jury_number":"","product_nature":"","meskaracsony":"0","create_date":"2026-07-24 05:24:00","shelve_id":"66303","image":"mesefolt_product_437392_220813225021_60292.jpeg","image_width":"480","image_height":"360","image_alt":"Elaf\u00e1ntos ovis p\u00e1rna, elef\u00e1nt j\u00e1t\u00e9kfigur\u00e1val, A kisp\u00e1rna sz\u00ednes kis elef\u00e1ntokat \u00e1br\u00e1zol\u00f3 anyagb\u00f3l k\u00e9sz\u00fclt, amely t\u0171z\u00e9ssel d\u00edsz\u00edtett.\\nAz elef\u00e1nt k\u00e9..., Meska","image_title":"Elaf\u00e1ntos ovis p\u00e1rna, elef\u00e1nt j\u00e1t\u00e9kfigur\u00e1val, Meska","view_count":"1510","favourite_count":"0","trending_score":"0","last2MonthFavouriteCount":"0","promotion":"0","giftcard_accept":"0","creditcard_accept":true,"enhanced_background":"0","domain":"meska","specific_customer_id":null,"specific_customer_name":null,"to_order_product":"0","to_order_product_time":"0","product_different":null,"product_different_description":"","vintage":"0","vintage_category_id":"0","recycled":"0","gemstone_id":"0","customizable":"0","type_category":"physical","zerowaste":"0","postage_price":"1290.00","shop_order":"0","has_category":"1","landing_pages":null,"microdata":{"number":86,"category":""},"title":"Elaf\u00e1ntos ovis p\u00e1rna, elef\u00e1nt j\u00e1t\u00e9kfigur\u00e1val","description":"A kisp\u00e1rna sz\u00ednes kis elef\u00e1ntokat \u00e1br\u00e1zol\u00f3 anyagb\u00f3l k\u00e9sz\u00fclt, amely t\u0171z\u00e9ssel d\u00edsz\u00edtett.\nAz elef\u00e1nt k\u00e9zzel varrt, filc applik\u00e1ci\u00f3val k\u00e9sz\u00fclt. Farkinc\u00e1ja k\u00f6t\u0151fonal.\nM\u00e9ret: p\u00e1rna: 30 cm x 40 cm; elef\u00e1nt: 19 cm sz\u00e9les, 16 cm magas.\nAnyaga: 100% pamutv\u00e1szon, vatelin, filc, k\u00f6t\u0151fonal.\nMos\u00e1s: 30\u00b0C -on, k\u00edm\u00e9l\u0151 programmal, sz\u00ednfog\u00f3 kend\u0151 haszn\u00e1lata aj\u00e1nlott. A p\u00e1rna anyag\u00f6sszet\u00e9tel, - mos\u00e1si, - vasal\u00e1si c\u00edmk\u00e9vel ell\u00e1tott.\n\nAj\u00e1nlom b\u00f6lcs\u00f6d\u00e9s, \u00e9s \u00f3vod\u00e1s kor\u00fa gyermekek r\u00e9sz\u00e9re.\n","score":0,"formatted_price":"5 900 Ft","image_url":"https:\/\/www.meska.hu\/img\/product\/small\/m\/e\/mesefolt_product_437392_220813225021_60292.jpeg","formatted_url":"https:\/\/www.meska.hu\/p4746812-elafantos-ovis-parna-elefant-jatekfiguraval","favourite":false,"in_stock":true,"avatar":"mesefolt_avatar_437392_1625069053.png","delete_from":0,"is_enhanced_background":false,"is_enhanced":false,"product_selection_started":false,"is_active":true,"image_webp_url":"https:\/\/www.meska.hu\/img\/product\/small\/m\/e\/mesefolt_product_437392_220813225021_60292.webp"},{"id":"4804032","shop_id":"26841","user_id":"327178","shop_name":"gardonyilevendula","shop_zip":"2483","product_code":"4960915","product_name_old":null,"product_name":"Vir\u00e1gszed\u0151 kos\u00e1r- z\u00f6ld","category_string":"\u00dcnnepi d\u00edszek, dekor\u00e1ci\u00f3k, H\u00fasv\u00e9ti d\u00edszek \u00e9s dekor\u00e1ci\u00f3k, H\u00fasv\u00e9ti kos\u00e1r","technic_string":"Fon\u00e1s (csuh\u00e9, gy\u00e9k\u00e9ny, stb.)","category_1":"1818","category_2":"1803","category_3":"1806","category_4":"0","merged_category_1":"0","merged_category_2":"0","merged_category_3":"785","technic_1":"482","technic_2":"0","technic_3":"0","color_1":"529","color_2":"0","color_3":"0","product_description_old":null,"product_description":"Dekorat\u00edv \u00e9s praktikus\n\nFektetett vir\u00e1gszed\u0151 kos\u00e1r levendul\u00e1hoz vagy tulip\u00e1nhoz. Finom vintage jelleg\u0171 dekor\u00e1ci\u00f3 egy asztalon, kertben, teraszon, sz\u00e1r\u00edtott vir\u00e1ggal, levendul\u00e1val. Fot\u00f3z\u00e1si kell\u00e9knek szint\u00e9n j\u00f3 v\u00e1laszt\u00e1s.\n\nAj\u00e1nd\u00e9k \u00f6tlet\n\nV\u00e1laszd ezt a kosarat, \u00e9s szedj \u00f6ssze ebbe n\u00e9h\u00e1ny term\u00e9ket m\u00e9g, tegy\u00e9l mell\u00e9 egy sz\u00e1l vir\u00e1got, \u00e9s garant\u00e1lt lesz a siker. Teljesen egyedi, st\u00edlusos aj\u00e1nd\u00e9kkosarat var\u00e1zsolhatsz.\n\nMib\u0151l k\u00e9sz\u00fcl?\n\nK\u00f6rnyezetbar\u00e1t szeml\u00e9lettel v\u00e1logatjuk ki saj\u00e1t term\u00e9keinket \u00e9s alapanyagukat, \u00edgy ez sem lehet m\u00e1sk\u00e9pp. A kos\u00e1r festett, \u00fajrahasznos\u00edtott \u00fajs\u00e1gpap\u00edr anyagb\u00f3l k\u00e9sz\u00fclt, kos\u00e1rfon\u00e1ssal. Egyedi k\u00e9zm\u0171ves term\u00e9k.\n\nA G\u00e1rdonyi Levendula sz\u00fcretre k\u00e9sz\u00fclt eredetileg, k\u00f6rny\u00e9kbeli k\u00e9zm\u0171ves \u00f6sszefog\u00e1ssal. Nagy siker\u00e9re val\u00f3 tekintettel folyamatosan kaphat\u00f3.\n\nAz id\u0151j\u00e1r\u00e1sn\u00e1l m\u00e9rs\u00e9kelten ellen\u00e1ll, es\u0151n nem aj\u00e1nlott kint hagyni, mert eldeform\u00e1l\u00f3dhat.\nA feh\u00e9r \u00e9s vil\u00e1gos sz\u00ednen az \u00fajs\u00e1g mint\u00e1ja kicsit \u00e1t\u00fcthet, ezzel is a vintage jelleget er\u0151s\u00edti.\n1 db, m\u00e9rete 29*20*20 cm","price":"4800.00","unit":"db","recommended":"0","status":"1","sponsored":"0","exp_notify":"0","own_material":"0","own_material_description_old":null,"own_material_description":"","jury":"0","jury_number":"","product_nature":"","meskaracsony":"0","create_date":"2026-07-23 09:14:37","shelve_id":"58420","image":"gardonyilevendula_product_327178_230425140959_468499.jpeg","image_width":"480","image_height":"360","image_alt":"Vir\u00e1gszed\u0151 kos\u00e1r- z\u00f6ld, Dekorat\u00edv \u00e9s praktikus\\n\\nFektetett vir\u00e1gszed\u0151 kos\u00e1r levendul\u00e1hoz vagy tulip\u00e1nhoz. Finom vintage jelle..., Meska","image_title":"Vir\u00e1gszed\u0151 kos\u00e1r- z\u00f6ld, Meska","view_count":"1456","favourite_count":"0","trending_score":"0","last2MonthFavouriteCount":"0","promotion":"0","giftcard_accept":"0","creditcard_accept":true,"enhanced_background":"0","domain":"meska","specific_customer_id":null,"specific_customer_name":null,"to_order_product":"1","to_order_product_time":"3","product_different":null,"product_different_description":"","vintage":"0","vintage_category_id":"0","recycled":"1","gemstone_id":"0","customizable":"0","type_category":"physical","zerowaste":"1","postage_price":"1290.00","shop_order":"0","has_category":"1","landing_pages":null,"microdata":{"number":87,"category":""},"title":"Vir\u00e1gszed\u0151 kos\u00e1r- z\u00f6ld","description":"Dekorat\u00edv \u00e9s praktikus\n\nFektetett vir\u00e1gszed\u0151 kos\u00e1r levendul\u00e1hoz vagy tulip\u00e1nhoz. Finom vintage jelleg\u0171 dekor\u00e1ci\u00f3 egy asztalon, kertben, teraszon, sz\u00e1r\u00edtott vir\u00e1ggal, levendul\u00e1val. Fot\u00f3z\u00e1si kell\u00e9knek szint\u00e9n j\u00f3 v\u00e1laszt\u00e1s.\n\nAj\u00e1nd\u00e9k \u00f6tlet\n\nV\u00e1laszd ezt a kosarat, \u00e9s szedj \u00f6ssze ebbe n\u00e9h\u00e1ny term\u00e9ket m\u00e9g, tegy\u00e9l mell\u00e9 egy sz\u00e1l vir\u00e1got, \u00e9s garant\u00e1lt lesz a siker. Teljesen egyedi, st\u00edlusos aj\u00e1nd\u00e9kkosarat var\u00e1zsolhatsz.\n\nMib\u0151l k\u00e9sz\u00fcl?\n\nK\u00f6rnyezetbar\u00e1t szeml\u00e9lettel v\u00e1logatjuk ki saj\u00e1t term\u00e9keinket \u00e9s alapanyagukat, \u00edgy ez sem lehet m\u00e1sk\u00e9pp. A kos\u00e1r festett, \u00fajrahasznos\u00edtott \u00fajs\u00e1gpap\u00edr anyagb\u00f3l k\u00e9sz\u00fclt, kos\u00e1rfon\u00e1ssal. Egyedi k\u00e9zm\u0171ves term\u00e9k.\n\nA G\u00e1rdonyi Levendula sz\u00fcretre k\u00e9sz\u00fclt eredetileg, k\u00f6rny\u00e9kbeli k\u00e9zm\u0171ves \u00f6sszefog\u00e1ssal. Nagy siker\u00e9re val\u00f3 tekintettel folyamatosan kaphat\u00f3.\n\nAz id\u0151j\u00e1r\u00e1sn\u00e1l m\u00e9rs\u00e9kelten ellen\u00e1ll, es\u0151n nem aj\u00e1nlott kint hagyni, mert eldeform\u00e1l\u00f3dhat.\nA feh\u00e9r \u00e9s vil\u00e1gos sz\u00ednen az \u00fajs\u00e1g mint\u00e1ja kicsit \u00e1t\u00fcthet, ezzel is a vintage jelleget er\u0151s\u00edti.\n1 db, m\u00e9rete 29*20*20 cm","score":0,"formatted_price":"4 800 Ft","image_url":"https:\/\/www.meska.hu\/img\/product\/small\/g\/a\/gardonyilevendula_product_327178_230425140959_468499.jpeg","formatted_url":"https:\/\/www.meska.hu\/p4960915-viragszedo-kosar-zold","favourite":false,"in_stock":false,"avatar":"327178_avatar_1782303777.jpeg","delete_from":0,"is_enhanced_background":false,"is_enhanced":false,"product_selection_started":false,"is_active":true,"image_webp_url":"https:\/\/www.meska.hu\/img\/product\/small\/g\/a\/gardonyilevendula_product_327178_230425140959_468499.webp"},{"id":"3495556","shop_id":"34099","user_id":"443363","shop_name":"Existsdesign","shop_zip":"4002","product_code":"4589452","product_name_old":null,"product_name":"Rusztikus, vintage k\u00f6t\u00e9l csill\u00e1r, f\u00e9m csill\u00e1r","category_string":"Otthon & \u00c9letm\u00f3d, L\u00e1mpa, Mennyezeti l\u00e1mpa","technic_string":"F\u00e9mmegmunk\u00e1l\u00e1s, Fon\u00e1s (csuh\u00e9, gy\u00e9k\u00e9ny, stb.)","category_1":"813","category_2":"421","category_3":"687","category_4":"0","merged_category_1":"0","merged_category_2":"0","merged_category_3":"0","technic_1":"479","technic_2":"482","technic_3":"0","color_1":"515","color_2":"520","color_3":"0","product_description_old":null,"product_description":"Rusztikus, k\u00f6t\u00e9lb\u0151l \u00e9s hegesztett vasb\u00f3l k\u00e9sz\u00fclt csill\u00e1r.\n\nA k\u00e9pen l\u00e1that\u00f3 csill\u00e1r \u00e1tm\u00e9r\u0151je egyik \u00e9g\u0151t\u0151l a m\u00e1sikig 82 cm, teljes magass\u00e1ga 112 cm. Nagyobb vagy kisebb m\u00e9retben is el tudom k\u00e9sz\u00edteni. \n\nJ\u00e1r hozz\u00e1 6 db 420 lumen er\u0151ss\u00e9g\u0171, 2500 kelvines meleg f\u00e9ny\u0171, Edison st\u00edlus\u00fa izz\u00f3. Nagy teret is k\u00e9pes bevil\u00e1g\u00edtani, mivel \u00edgy \u00f6sszesen 2520 lumennek felel meg. A k\u00e9p nem adja vissza, de s\u00e1rg\u00e1s, r\u00e9gies, megnyugtat\u00f3 hat\u00e1s\u00fa a f\u00e9nye. Ig\u00e9ny szerint felszerelhetem szab\u00e1lyozhat\u00f3 er\u0151ss\u00e9g\u0171 izz\u00f3kkal \u00e9s f\u00e9nyer\u0151szab\u00e1lyz\u00f3val is. \nAz izz\u00f3k E14 foglalattal rendelkeznek, de \u00e1talak\u00edt\u00f3val, teh\u00e1t ha ezeket kicsavarjuk, akkor E27 foglalat is belemegy.\n\nA k\u00f6t\u00e9l sz\u00edne enyh\u00e9n elt\u00e9rhet a k\u00e9pen l\u00e1that\u00f3t\u00f3l, mivel itt egy nagyon r\u00e9gi lett felhaszn\u00e1lva, amelyik m\u00e1r megfakult.\nAz er\u0151s anyagoknak, \u00f6sszeszerel\u00e9snek k\u00f6sz\u00f6nhet\u0151en k\u00f6nnyen tiszt\u00edthat\u00f3. \n\nIde\u00e1lis d\u00edsze lehet nagyobb tereknek, ak\u00e1r kombin\u00e1lva \u00faj \u00e9s r\u00e9gi st\u00edlus\u00fa berendez\u00e9ssel. Olyan helys\u00e9gekben is alkalmazhat\u00f3, ahol rusztikus st\u00edlust szeretn\u00e9nek, viszont a plafon nem b\u00edrn\u00e1 el egy hasonl\u00f3 kov\u00e1csoltvas csill\u00e1r s\u00faly\u00e1t.\n\n","price":"168000.00","unit":"db","recommended":"0","status":"1","sponsored":"0","exp_notify":"0","own_material":"0","own_material_description_old":null,"own_material_description":"","jury":"0","jury_number":"","product_nature":"","meskaracsony":"0","create_date":"2026-07-22 15:04:17","shelve_id":"0","image":"rrdesign_product_443363_211208222051_134825.jpeg","image_width":"480","image_height":"640","image_alt":"Rusztikus, vintage k\u00f6t\u00e9l csill\u00e1r, f\u00e9m csill\u00e1r, Rusztikus, k\u00f6t\u00e9lb\u0151l \u00e9s hegesztett vasb\u00f3l k\u00e9sz\u00fclt csill\u00e1r.\\n\\nA k\u00e9pen l\u00e1that\u00f3 csill\u00e1r \u00e1tm\u00e9r\u0151je egyik \u00e9g..., Meska","image_title":"Rusztikus, vintage k\u00f6t\u00e9l csill\u00e1r, f\u00e9m csill\u00e1r, Meska","view_count":"4293","favourite_count":"0","trending_score":"0","last2MonthFavouriteCount":"0","promotion":"0","giftcard_accept":"0","creditcard_accept":true,"enhanced_background":"0","domain":"meska","specific_customer_id":null,"specific_customer_name":null,"to_order_product":"1","to_order_product_time":"30","product_different":null,"product_different_description":"","vintage":"0","vintage_category_id":"0","recycled":"0","gemstone_id":"0","customizable":"0","type_category":"physical","zerowaste":"0","postage_price":"8640.00","shop_order":"0","has_category":"1","landing_pages":null,"microdata":{"number":88,"category":""},"title":"Rusztikus, vintage k\u00f6t\u00e9l csill\u00e1r, f\u00e9m csill\u00e1r","description":"Rusztikus, k\u00f6t\u00e9lb\u0151l \u00e9s hegesztett vasb\u00f3l k\u00e9sz\u00fclt csill\u00e1r.\n\nA k\u00e9pen l\u00e1that\u00f3 csill\u00e1r \u00e1tm\u00e9r\u0151je egyik \u00e9g\u0151t\u0151l a m\u00e1sikig 82 cm, teljes magass\u00e1ga 112 cm. Nagyobb vagy kisebb m\u00e9retben is el tudom k\u00e9sz\u00edteni. \n\nJ\u00e1r hozz\u00e1 6 db 420 lumen er\u0151ss\u00e9g\u0171, 2500 kelvines meleg f\u00e9ny\u0171, Edison st\u00edlus\u00fa izz\u00f3. Nagy teret is k\u00e9pes bevil\u00e1g\u00edtani, mivel \u00edgy \u00f6sszesen 2520 lumennek felel meg. A k\u00e9p nem adja vissza, de s\u00e1rg\u00e1s, r\u00e9gies, megnyugtat\u00f3 hat\u00e1s\u00fa a f\u00e9nye. Ig\u00e9ny szerint felszerelhetem szab\u00e1lyozhat\u00f3 er\u0151ss\u00e9g\u0171 izz\u00f3kkal \u00e9s f\u00e9nyer\u0151szab\u00e1lyz\u00f3val is. \nAz izz\u00f3k E14 foglalattal rendelkeznek, de \u00e1talak\u00edt\u00f3val, teh\u00e1t ha ezeket kicsavarjuk, akkor E27 foglalat is belemegy.\n\nA k\u00f6t\u00e9l sz\u00edne enyh\u00e9n elt\u00e9rhet a k\u00e9pen l\u00e1that\u00f3t\u00f3l, mivel itt egy nagyon r\u00e9gi lett felhaszn\u00e1lva, amelyik m\u00e1r megfakult.\nAz er\u0151s anyagoknak, \u00f6sszeszerel\u00e9snek k\u00f6sz\u00f6nhet\u0151en k\u00f6nnyen tiszt\u00edthat\u00f3. \n\nIde\u00e1lis d\u00edsze lehet nagyobb tereknek, ak\u00e1r kombin\u00e1lva \u00faj \u00e9s r\u00e9gi st\u00edlus\u00fa berendez\u00e9ssel. Olyan helys\u00e9gekben is alkalmazhat\u00f3, ahol rusztikus st\u00edlust szeretn\u00e9nek, viszont a plafon nem b\u00edrn\u00e1 el egy hasonl\u00f3 kov\u00e1csoltvas csill\u00e1r s\u00faly\u00e1t.\n\n","score":0,"formatted_price":"168 000 Ft","image_url":"https:\/\/www.meska.hu\/img\/product\/small\/r\/r\/rrdesign_product_443363_211208222051_134825.jpeg","formatted_url":"https:\/\/www.meska.hu\/p4589452-rusztikus-vintage-kotel-csillar-fem-csillar","favourite":false,"in_stock":false,"avatar":"RRdesign_avatar_443363_1673113735.jpg","delete_from":0,"is_enhanced_background":false,"is_enhanced":false,"product_selection_started":false,"is_active":true,"image_webp_url":"https:\/\/www.meska.hu\/img\/product\/small\/r\/r\/rrdesign_product_443363_211208222051_134825.webp"},{"id":"5996292","shop_id":"50372","user_id":"744639","shop_name":"AriKezmuvestara","shop_zip":"6000","product_code":"5670453","product_name_old":null,"product_name":"Egyedi l\u00f3sz\u0151r kark\u00f6t\u0151 d\u00edsz\u00edt\u00e9ssel ","category_string":"\u00c9kszer, Kark\u00f6t\u0151, Fonott kark\u00f6t\u0151","technic_string":"Fon\u00e1s (csuh\u00e9, gy\u00e9k\u00e9ny, stb.)","category_1":"327","category_2":"333","category_3":"1232","category_4":"0","merged_category_1":null,"merged_category_2":null,"merged_category_3":null,"technic_1":"482","technic_2":"0","technic_3":"0","color_1":"517","color_2":"518","color_3":"0","product_description_old":null,"product_description":"H\u00e1rmas fon\u00e1ssal k\u00e9sz\u00fclt l\u00f3sz\u0151r kark\u00f6t\u0151, a saj\u00e1t lovad l\u00f3farok sz\u0151r\u00e9b\u0151l.\n\nA kark\u00f6t\u0151 elk\u00e9sz\u00edt\u00e9s\u00e9hez sz\u00fcks\u00e9gem lesz legal\u00e1bb 40 cm hossz\u00fa, kb. 1,5-2 cm \u00e1tm\u00e9r\u0151j\u0171 k\u00f6teg faroksz\u0151rre. (Fontos hogy sok egyforma hossz\u00fa sz\u00e1l legyen benne) Gumizd \u00f6ssze, hogy ne hulljon sz\u00e9t a tincs, mosd meg \u00e9s sz\u00e1r\u00edtsd meg elk\u00fcld\u00e9s el\u0151tt.\n\nA kark\u00f6t\u0151t ezzel a fon\u00e1si technik\u00e1val fogom elk\u00e9sz\u00edteni.\n\nA d\u00edsz\u00edt\u0151sz\u00e1l sz\u00ednek\u00e9rt k\u00e9rlek \u00edrj \u00fczenetet.\n\nSz\u00fcks\u00e9ges a csukl\u00f3 m\u00e9ret\u00e9t is meg adni, hogy pontosan illeszkedjen a kark\u00f6t\u0151.\n\nA l\u00f3sz\u0151rt megrendel\u00e9st k\u00f6vet\u0151en post\u00e1n tudod majd hozz\u00e1m eljuttatni.\n\nA sz\u0151rt k\u00e9zhez kapva elk\u00e9sz\u00edtem a kark\u00f6t\u0151t, majd biztons\u00e1gosan csomagolva post\u00e1zom neked.\n","price":"5500.00","unit":"db","recommended":"0","status":"1","sponsored":"0","exp_notify":"0","own_material":"0","own_material_description_old":null,"own_material_description":"","jury":"0","jury_number":"","product_nature":"","meskaracsony":"0","create_date":"2026-07-22 13:59:59","shelve_id":"0","image":"arikezmuvestara_product_744639_251116160120_466736.jpeg","image_width":"480","image_height":"360","image_alt":"Egyedi l\u00f3sz\u0151r kark\u00f6t\u0151 d\u00edsz\u00edt\u00e9ssel , H\u00e1rmas fon\u00e1ssal k\u00e9sz\u00fclt l\u00f3sz\u0151r kark\u00f6t\u0151, a saj\u00e1t lovad l\u00f3farok sz\u0151r\u00e9b\u0151l.\\n\\nA kark\u00f6t\u0151 elk\u00e9sz\u00edt\u00e9s\u00e9hez sz..., Meska","image_title":"Egyedi l\u00f3sz\u0151r kark\u00f6t\u0151 d\u00edsz\u00edt\u00e9ssel , Meska","view_count":"657","favourite_count":"0","trending_score":"0","last2MonthFavouriteCount":"0","promotion":"0","giftcard_accept":"0","creditcard_accept":false,"enhanced_background":"0","domain":"meska","specific_customer_id":null,"specific_customer_name":null,"to_order_product":"1","to_order_product_time":"7","product_different":null,"product_different_description":"","vintage":"0","vintage_category_id":"0","recycled":"0","gemstone_id":"0","customizable":"1","type_category":"physical","zerowaste":"0","postage_price":"1290.00","shop_order":"0","has_category":"1","landing_pages":null,"microdata":{"number":89,"category":""},"title":"Egyedi l\u00f3sz\u0151r kark\u00f6t\u0151 d\u00edsz\u00edt\u00e9ssel ","description":"H\u00e1rmas fon\u00e1ssal k\u00e9sz\u00fclt l\u00f3sz\u0151r kark\u00f6t\u0151, a saj\u00e1t lovad l\u00f3farok sz\u0151r\u00e9b\u0151l.\n\nA kark\u00f6t\u0151 elk\u00e9sz\u00edt\u00e9s\u00e9hez sz\u00fcks\u00e9gem lesz legal\u00e1bb 40 cm hossz\u00fa, kb. 1,5-2 cm \u00e1tm\u00e9r\u0151j\u0171 k\u00f6teg faroksz\u0151rre. (Fontos hogy sok egyforma hossz\u00fa sz\u00e1l legyen benne) Gumizd \u00f6ssze, hogy ne hulljon sz\u00e9t a tincs, mosd meg \u00e9s sz\u00e1r\u00edtsd meg elk\u00fcld\u00e9s el\u0151tt.\n\nA kark\u00f6t\u0151t ezzel a fon\u00e1si technik\u00e1val fogom elk\u00e9sz\u00edteni.\n\nA d\u00edsz\u00edt\u0151sz\u00e1l sz\u00ednek\u00e9rt k\u00e9rlek \u00edrj \u00fczenetet.\n\nSz\u00fcks\u00e9ges a csukl\u00f3 m\u00e9ret\u00e9t is meg adni, hogy pontosan illeszkedjen a kark\u00f6t\u0151.\n\nA l\u00f3sz\u0151rt megrendel\u00e9st k\u00f6vet\u0151en post\u00e1n tudod majd hozz\u00e1m eljuttatni.\n\nA sz\u0151rt k\u00e9zhez kapva elk\u00e9sz\u00edtem a kark\u00f6t\u0151t, majd biztons\u00e1gosan csomagolva post\u00e1zom neked.\n","score":0,"formatted_price":"5 500 Ft","image_url":"https:\/\/www.meska.hu\/img\/product\/small\/a\/r\/arikezmuvestara_product_744639_251116160120_466736.jpeg","formatted_url":"https:\/\/www.meska.hu\/p5670453-egyedi-loszor-karkoto","favourite":false,"in_stock":false,"avatar":"744639_avatar_1759864314.jpeg","delete_from":0,"is_enhanced_background":false,"is_enhanced":false,"product_selection_started":false,"is_active":true,"image_webp_url":"https:\/\/www.meska.hu\/img\/product\/small\/a\/r\/arikezmuvestara_product_744639_251116160120_466736.webp"},{"id":"6305777","shop_id":"51798","user_id":"770850","shop_name":"Irinaasztronauta","shop_zip":"2337","product_code":"5840945","product_name_old":null,"product_name":"\"Pirkadat\" epoxigyanta med\u00e1l","category_string":"\u00c9kszer, Nyakl\u00e1nc, Med\u00e1los nyakl\u00e1nc","technic_string":"\u00c9kszerk\u00e9sz\u00edt\u00e9s, Fon\u00e1s (csuh\u00e9, gy\u00e9k\u00e9ny, stb.)","category_1":"327","category_2":"337","category_3":"1260","category_4":"0","merged_category_1":null,"merged_category_2":null,"merged_category_3":null,"technic_1":"477","technic_2":"482","technic_3":"0","color_1":"513","color_2":"518","color_3":"525","product_description_old":null,"product_description":"Ez az egyedi, k\u00e9zzel k\u00e9sz\u00fclt med\u00e1l az Irina Asztronauta univerzum r\u00e9sze. A med\u00e1l \u00e9s f\u00fclbeval\u00f3k fel\u00fclet\u00e9n r\u00f3zsasz\u00ednes \u00e1rnyalatok tal\u00e1lkoznak ez\u00fcst \u00e9s iriz\u00e1l\u00f3 pigmentekkel, mintha a hajnalod\u00f3 eget szeml\u00e9ln\u00e9nk. \nIrina Asztronauta az\u00e9rt sz\u00fcletett meg, mert l\u00e9legeztet\u0151g\u00e9ppel \u00e9lek \u2013 sz\u00e1momra az asztronauta az a l\u00e9ny, aki \u00edgy is szabadon bej\u00e1rhatja a vil\u00e1g\u0171r minden szeglet\u00e9t, hat\u00e1rok n\u00e9lk\u00fcl. Ez a med\u00e1l ennek a bels\u0151 utaz\u00e1snak a hordhat\u00f3 form\u00e1ja.\nMinden darab egyedi, a mint\u00e1zat nem reproduk\u00e1lhat\u00f3 \u2013 ak\u00e1rcsak egy val\u00f3di csillagk\u00f6zi jelens\u00e9g.\n\n\ud83d\udd39 Forma: csillag form\u00e1j\u00fa med\u00e1l (hosszuk kb 5,5 cm)\n\ud83d\udd39 Technika: k\u00e9zzel k\u00e9sz\u00fclt epoxigyanta\n\ud83d\udd39 M\u0171b\u0151r nyakp\u00e1nttal, ez\u00fcst kapoccsal (Ha m\u00e1s sz\u00edn\u0171 p\u00e1ntot vagy arany csatot szeretn\u00e9l, jelezd \u00fczenetben!)\n\ud83d\udd39 Egyedi, megism\u00e9telhetetlen darab\n\ud83d\udd39 Az Irina Asztronauta vizu\u00e1lis vil\u00e1g r\u00e9sze\n\ud83d\udd39Egyedi sz\u00ednvari\u00e1ci\u00f3ban, monogrammal \u00e9s hozz\u00e1ill\u0151 f\u00fclbeval\u00f3val is rendelhet\u0151\n\nK\u00fcl\u00f6nleges v\u00e1laszt\u00e1s azoknak, akik szeretik a t\u00f6rt\u00e9nettel b\u00edr\u00f3, m\u0171v\u00e9szi \u00e9kszereket, \u00e9s sz\u00edvesen viselnek egy darabot a saj\u00e1t univerzumukb\u00f3l.\n\nSz\u00e1ll\u00edt\u00e1s d\u00edsztasakban, egyedi k\u00e9peslappal!","price":"2490.00","unit":"db","recommended":"0","status":"1","sponsored":"0","exp_notify":"0","own_material":"0","own_material_description_old":null,"own_material_description":"","jury":"0","jury_number":"","product_nature":"","meskaracsony":"0","create_date":"2026-07-22 13:10:09","shelve_id":"82854","image":"irinaasztronauta_product_770850_260722130834_632637.jpeg","image_width":"480","image_height":"640","image_alt":"\\\"Pirkadat\\\" epoxigyanta med\u00e1l, Ez az egyedi, k\u00e9zzel k\u00e9sz\u00fclt med\u00e1l az Irina Asztronauta univerzum r\u00e9sze. A med\u00e1l \u00e9s f\u00fclbeval\u00f3k fel\u00fcl..., Meska","image_title":"\\\"Pirkadat\\\" epoxigyanta med\u00e1l, Meska","view_count":"70","favourite_count":"0","trending_score":"0","last2MonthFavouriteCount":"0","promotion":"0","giftcard_accept":"0","creditcard_accept":true,"enhanced_background":"0","domain":"meska","specific_customer_id":null,"specific_customer_name":null,"to_order_product":"0","to_order_product_time":"0","product_different":null,"product_different_description":"","vintage":"0","vintage_category_id":"0","recycled":"0","gemstone_id":"0","customizable":"0","type_category":"physical","zerowaste":"0","postage_price":"1290.00","shop_order":"0","has_category":"1","landing_pages":null,"microdata":{"number":90,"category":""},"title":"\"Pirkadat\" epoxigyanta med\u00e1l","description":"Ez az egyedi, k\u00e9zzel k\u00e9sz\u00fclt med\u00e1l az Irina Asztronauta univerzum r\u00e9sze. A med\u00e1l \u00e9s f\u00fclbeval\u00f3k fel\u00fclet\u00e9n r\u00f3zsasz\u00ednes \u00e1rnyalatok tal\u00e1lkoznak ez\u00fcst \u00e9s iriz\u00e1l\u00f3 pigmentekkel, mintha a hajnalod\u00f3 eget szeml\u00e9ln\u00e9nk. \nIrina Asztronauta az\u00e9rt sz\u00fcletett meg, mert l\u00e9legeztet\u0151g\u00e9ppel \u00e9lek \u2013 sz\u00e1momra az asztronauta az a l\u00e9ny, aki \u00edgy is szabadon bej\u00e1rhatja a vil\u00e1g\u0171r minden szeglet\u00e9t, hat\u00e1rok n\u00e9lk\u00fcl. Ez a med\u00e1l ennek a bels\u0151 utaz\u00e1snak a hordhat\u00f3 form\u00e1ja.\nMinden darab egyedi, a mint\u00e1zat nem reproduk\u00e1lhat\u00f3 \u2013 ak\u00e1rcsak egy val\u00f3di csillagk\u00f6zi jelens\u00e9g.\n\n\ud83d\udd39 Forma: csillag form\u00e1j\u00fa med\u00e1l (hosszuk kb 5,5 cm)\n\ud83d\udd39 Technika: k\u00e9zzel k\u00e9sz\u00fclt epoxigyanta\n\ud83d\udd39 M\u0171b\u0151r nyakp\u00e1nttal, ez\u00fcst kapoccsal (Ha m\u00e1s sz\u00edn\u0171 p\u00e1ntot vagy arany csatot szeretn\u00e9l, jelezd \u00fczenetben!)\n\ud83d\udd39 Egyedi, megism\u00e9telhetetlen darab\n\ud83d\udd39 Az Irina Asztronauta vizu\u00e1lis vil\u00e1g r\u00e9sze\n\ud83d\udd39Egyedi sz\u00ednvari\u00e1ci\u00f3ban, monogrammal \u00e9s hozz\u00e1ill\u0151 f\u00fclbeval\u00f3val is rendelhet\u0151\n\nK\u00fcl\u00f6nleges v\u00e1laszt\u00e1s azoknak, akik szeretik a t\u00f6rt\u00e9nettel b\u00edr\u00f3, m\u0171v\u00e9szi \u00e9kszereket, \u00e9s sz\u00edvesen viselnek egy darabot a saj\u00e1t univerzumukb\u00f3l.\n\nSz\u00e1ll\u00edt\u00e1s d\u00edsztasakban, egyedi k\u00e9peslappal!","score":0,"formatted_price":"2 490 Ft","image_url":"https:\/\/www.meska.hu\/img\/product\/small\/i\/r\/irinaasztronauta_product_770850_260722130834_632637.jpeg","formatted_url":"https:\/\/www.meska.hu\/p5840945-pirkadat-epoxigyanta-medal","favourite":false,"in_stock":true,"avatar":"770850_avatar_1770558993.jpeg","delete_from":0,"is_enhanced_background":false,"is_enhanced":false,"product_selection_started":false,"is_active":true,"image_webp_url":"https:\/\/www.meska.hu\/img\/product\/small\/i\/r\/irinaasztronauta_product_770850_260722130834_632637.webp"},{"id":"6305772","shop_id":"51798","user_id":"770850","shop_name":"Irinaasztronauta","shop_zip":"2337","product_code":"5840942","product_name_old":null,"product_name":"\"K\u00e9k Hold\" epoxigyanta med\u00e1l","category_string":"\u00c9kszer, Nyakl\u00e1nc, Med\u00e1los nyakl\u00e1nc","technic_string":"\u00c9kszerk\u00e9sz\u00edt\u00e9s, Fon\u00e1s (csuh\u00e9, gy\u00e9k\u00e9ny, stb.)","category_1":"327","category_2":"337","category_3":"1260","category_4":"0","merged_category_1":null,"merged_category_2":null,"merged_category_3":null,"technic_1":"477","technic_2":"482","technic_3":"0","color_1":"513","color_2":"518","color_3":"521","product_description_old":null,"product_description":"Ez az egyedi, k\u00e9zzel k\u00e9sz\u00fclt med\u00e1l az Irina Asztronauta univerzum r\u00e9sze. A med\u00e1l \u00e9s f\u00fclbeval\u00f3k fel\u00fclet\u00e9n k\u00e9kes \u00e1rnyalatok tal\u00e1lkoznak ez\u00fcst \u00e9s iriz\u00e1l\u00f3 pigmentekkel, ez\u00fcst csillagokkal \u00e9s f\u00e9lholddal, mintha az alkonyi \u00e9gen felt\u0171n\u0151 Holdat szeml\u00e9ln\u00e9nk. \nIrina Asztronauta az\u00e9rt sz\u00fcletett meg, mert l\u00e9legeztet\u0151g\u00e9ppel \u00e9lek \u2013 sz\u00e1momra az asztronauta az a l\u00e9ny, aki \u00edgy is szabadon bej\u00e1rhatja a vil\u00e1g\u0171r minden szeglet\u00e9t, hat\u00e1rok n\u00e9lk\u00fcl. Ez a szett ennek a bels\u0151 utaz\u00e1snak a hordhat\u00f3 form\u00e1ja.\nMinden darab egyedi, a mint\u00e1zat nem reproduk\u00e1lhat\u00f3 \u2013 ak\u00e1rcsak egy val\u00f3di csillagk\u00f6zi jelens\u00e9g.\n\n\ud83d\udd39 Forma: csillag form\u00e1j\u00fa med\u00e1l (hosszuk kb 5,5 cm)\n\ud83d\udd39 Technika: k\u00e9zzel k\u00e9sz\u00fclt epoxigyanta\n\ud83d\udd39 M\u0171b\u0151r nyakp\u00e1nttal, ez\u00fcst kapoccsal (Ha m\u00e1s sz\u00edn\u0171 p\u00e1ntot vagy arany csatot szeretn\u00e9l, jelezd \u00fczenetben!)\n\ud83d\udd39 Egyedi, megism\u00e9telhetetlen darab\n\ud83d\udd39 Az Irina Asztronauta vizu\u00e1lis vil\u00e1g r\u00e9sze\n\ud83d\udd39Egyedi sz\u00ednvari\u00e1ci\u00f3ban, monogrammal \u00e9s hozz\u00e1ill\u0151 f\u00fclbeval\u00f3val is rendelhet\u0151\n\nK\u00fcl\u00f6nleges v\u00e1laszt\u00e1s azoknak, akik szeretik a t\u00f6rt\u00e9nettel b\u00edr\u00f3, m\u0171v\u00e9szi \u00e9kszereket, \u00e9s sz\u00edvesen viselnek egy darabot a saj\u00e1t univerzumukb\u00f3l.\n\nSz\u00e1ll\u00edt\u00e1s d\u00edsztasakban, egyedi k\u00e9peslappal!","price":"2490.00","unit":"db","recommended":"0","status":"1","sponsored":"0","exp_notify":"0","own_material":"0","own_material_description_old":null,"own_material_description":"","jury":"0","jury_number":"","product_nature":"","meskaracsony":"0","create_date":"2026-07-22 13:07:19","shelve_id":"82854","image":"irinaasztronauta_product_770850_260722130514_727113.jpeg","image_width":"480","image_height":"640","image_alt":"\\\"K\u00e9k Hold\\\" epoxigyanta med\u00e1l, Ez az egyedi, k\u00e9zzel k\u00e9sz\u00fclt med\u00e1l az Irina Asztronauta univerzum r\u00e9sze. A med\u00e1l \u00e9s f\u00fclbeval\u00f3k fel\u00fcl..., Meska","image_title":"\\\"K\u00e9k Hold\\\" epoxigyanta med\u00e1l, Meska","view_count":"147","favourite_count":"0","trending_score":"0","last2MonthFavouriteCount":"0","promotion":"0","giftcard_accept":"0","creditcard_accept":true,"enhanced_background":"0","domain":"meska","specific_customer_id":null,"specific_customer_name":null,"to_order_product":"0","to_order_product_time":"0","product_different":null,"product_different_description":"","vintage":"0","vintage_category_id":"0","recycled":"0","gemstone_id":"0","customizable":"0","type_category":"physical","zerowaste":"0","postage_price":"1290.00","shop_order":"0","has_category":"1","landing_pages":null,"microdata":{"number":91,"category":""},"title":"\"K\u00e9k Hold\" epoxigyanta med\u00e1l","description":"Ez az egyedi, k\u00e9zzel k\u00e9sz\u00fclt med\u00e1l az Irina Asztronauta univerzum r\u00e9sze. A med\u00e1l \u00e9s f\u00fclbeval\u00f3k fel\u00fclet\u00e9n k\u00e9kes \u00e1rnyalatok tal\u00e1lkoznak ez\u00fcst \u00e9s iriz\u00e1l\u00f3 pigmentekkel, ez\u00fcst csillagokkal \u00e9s f\u00e9lholddal, mintha az alkonyi \u00e9gen felt\u0171n\u0151 Holdat szeml\u00e9ln\u00e9nk. \nIrina Asztronauta az\u00e9rt sz\u00fcletett meg, mert l\u00e9legeztet\u0151g\u00e9ppel \u00e9lek \u2013 sz\u00e1momra az asztronauta az a l\u00e9ny, aki \u00edgy is szabadon bej\u00e1rhatja a vil\u00e1g\u0171r minden szeglet\u00e9t, hat\u00e1rok n\u00e9lk\u00fcl. Ez a szett ennek a bels\u0151 utaz\u00e1snak a hordhat\u00f3 form\u00e1ja.\nMinden darab egyedi, a mint\u00e1zat nem reproduk\u00e1lhat\u00f3 \u2013 ak\u00e1rcsak egy val\u00f3di csillagk\u00f6zi jelens\u00e9g.\n\n\ud83d\udd39 Forma: csillag form\u00e1j\u00fa med\u00e1l (hosszuk kb 5,5 cm)\n\ud83d\udd39 Technika: k\u00e9zzel k\u00e9sz\u00fclt epoxigyanta\n\ud83d\udd39 M\u0171b\u0151r nyakp\u00e1nttal, ez\u00fcst kapoccsal (Ha m\u00e1s sz\u00edn\u0171 p\u00e1ntot vagy arany csatot szeretn\u00e9l, jelezd \u00fczenetben!)\n\ud83d\udd39 Egyedi, megism\u00e9telhetetlen darab\n\ud83d\udd39 Az Irina Asztronauta vizu\u00e1lis vil\u00e1g r\u00e9sze\n\ud83d\udd39Egyedi sz\u00ednvari\u00e1ci\u00f3ban, monogrammal \u00e9s hozz\u00e1ill\u0151 f\u00fclbeval\u00f3val is rendelhet\u0151\n\nK\u00fcl\u00f6nleges v\u00e1laszt\u00e1s azoknak, akik szeretik a t\u00f6rt\u00e9nettel b\u00edr\u00f3, m\u0171v\u00e9szi \u00e9kszereket, \u00e9s sz\u00edvesen viselnek egy darabot a saj\u00e1t univerzumukb\u00f3l.\n\nSz\u00e1ll\u00edt\u00e1s d\u00edsztasakban, egyedi k\u00e9peslappal!","score":0,"formatted_price":"2 490 Ft","image_url":"https:\/\/www.meska.hu\/img\/product\/small\/i\/r\/irinaasztronauta_product_770850_260722130514_727113.jpeg","formatted_url":"https:\/\/www.meska.hu\/p5840942-kek-hold-epoxigyanta-medal","favourite":false,"in_stock":true,"avatar":"770850_avatar_1770558993.jpeg","delete_from":0,"is_enhanced_background":false,"is_enhanced":false,"product_selection_started":false,"is_active":true,"image_webp_url":"https:\/\/www.meska.hu\/img\/product\/small\/i\/r\/irinaasztronauta_product_770850_260722130514_727113.webp"},{"id":"6054351","shop_id":"24301","user_id":"276546","shop_name":"RePorta","shop_zip":"8474","product_code":"5693219","product_name_old":null,"product_name":"Csuh\u00e9 angyalk\u00e1k","category_string":"Kar\u00e1csony, Kar\u00e1csonyi lak\u00e1sdekor\u00e1ci\u00f3, Kar\u00e1csonyfad\u00edszek","technic_string":"Fon\u00e1s (csuh\u00e9, gy\u00e9k\u00e9ny, stb.)","category_1":"319","category_2":"324","category_3":"323","category_4":"0","merged_category_1":null,"merged_category_2":null,"merged_category_3":null,"technic_1":"482","technic_2":"0","technic_3":"0","color_1":"515","color_2":"0","color_3":"0","product_description_old":null,"product_description":"Saj\u00e1t gazdas\u00e1gunkban vegyszermentes termesztett kukoric\u00e1ink level\u00e9b\u0151l form\u00e1lt kar\u00e1csonyi d\u00edsz. \n","price":"4200.00","unit":"db","recommended":"0","status":"1","sponsored":"0","exp_notify":"0","own_material":"0","own_material_description_old":null,"own_material_description":"","jury":"0","jury_number":"","product_nature":"","meskaracsony":"0","create_date":"2026-07-22 13:02:53","shelve_id":"0","image":"reporta_product_276546_211120095600_50280.jpeg","image_width":"480","image_height":"642","image_alt":"Csuh\u00e9 angyalk\u00e1k, Saj\u00e1t gazdas\u00e1gunkban vegyszermentes termesztett kukoric\u00e1ink level\u00e9b\u0151l form\u00e1lt kar\u00e1csonyi d\u00edsz. \\n..., Meska","image_title":"Csuh\u00e9 angyalk\u00e1k, Meska","view_count":"213","favourite_count":"0","trending_score":"0","last2MonthFavouriteCount":"0","promotion":"0","giftcard_accept":"0","creditcard_accept":false,"enhanced_background":"0","domain":"meska","specific_customer_id":null,"specific_customer_name":null,"to_order_product":"1","to_order_product_time":"10","product_different":null,"product_different_description":"","vintage":"0","vintage_category_id":"0","recycled":"0","gemstone_id":"0","customizable":"0","type_category":"physical","zerowaste":"0","postage_price":"2390.00","shop_order":"0","has_category":"1","landing_pages":null,"microdata":{"number":92,"category":""},"title":"Csuh\u00e9 angyalk\u00e1k","description":"Saj\u00e1t gazdas\u00e1gunkban vegyszermentes termesztett kukoric\u00e1ink level\u00e9b\u0151l form\u00e1lt kar\u00e1csonyi d\u00edsz. \n","score":0,"formatted_price":"4 200 Ft","image_url":"https:\/\/www.meska.hu\/img\/product\/small\/r\/e\/reporta_product_276546_211120095600_50280.jpeg","formatted_url":"https:\/\/www.meska.hu\/p5693219-csuhe-angyal","favourite":false,"in_stock":false,"avatar":"RePorta_avatar_276546_1511173483.jpg","delete_from":0,"is_enhanced_background":false,"is_enhanced":false,"product_selection_started":false,"is_active":true,"image_webp_url":"https:\/\/www.meska.hu\/img\/product\/small\/r\/e\/reporta_product_276546_211120095600_50280.webp"},{"id":"4804014","shop_id":"26841","user_id":"327178","shop_name":"gardonyilevendula","shop_zip":"2483","product_code":"4960911","product_name_old":null,"product_name":"Vir\u00e1gszed\u0151 kos\u00e1r- r\u00f3zsasz\u00edn","category_string":"\u00dcnnepi d\u00edszek, dekor\u00e1ci\u00f3k, H\u00fasv\u00e9ti d\u00edszek \u00e9s dekor\u00e1ci\u00f3k, H\u00fasv\u00e9ti kos\u00e1r","technic_string":"Fon\u00e1s (csuh\u00e9, gy\u00e9k\u00e9ny, stb.)","category_1":"1818","category_2":"1803","category_3":"1806","category_4":"0","merged_category_1":"0","merged_category_2":"0","merged_category_3":"785","technic_1":"482","technic_2":"0","technic_3":"0","color_1":"525","color_2":"0","color_3":"0","product_description_old":null,"product_description":"Dekorat\u00edv \u00e9s praktikus\n\nFektetett vir\u00e1gszed\u0151 kos\u00e1r levendul\u00e1hoz vagy tulip\u00e1nhoz. Finom vintage jelleg\u0171 dekor\u00e1ci\u00f3 egy asztalon, kertben, teraszon, sz\u00e1r\u00edtott vir\u00e1ggal, levendul\u00e1val. Fot\u00f3z\u00e1si kell\u00e9knek szint\u00e9n j\u00f3 v\u00e1laszt\u00e1s.\n\nAj\u00e1nd\u00e9k \u00f6tlet\n\nV\u00e1laszd ezt a kosarat, \u00e9s szedj \u00f6ssze ebbe n\u00e9h\u00e1ny term\u00e9ket m\u00e9g, tegy\u00e9l mell\u00e9 egy sz\u00e1l vir\u00e1got, \u00e9s garant\u00e1lt lesz a siker. Teljesen egyedi, st\u00edlusos aj\u00e1nd\u00e9kkosarat var\u00e1zsolhatsz.\n\nMib\u0151l k\u00e9sz\u00fcl?\n\nK\u00f6rnyezetbar\u00e1t szeml\u00e9lettel v\u00e1logatjuk ki saj\u00e1t term\u00e9keinket \u00e9s alapanyagukat, \u00edgy ez sem lehet m\u00e1sk\u00e9pp. A kos\u00e1r festett, \u00fajrahasznos\u00edtott \u00fajs\u00e1gpap\u00edr anyagb\u00f3l k\u00e9sz\u00fclt, kos\u00e1rfon\u00e1ssal. Egyedi k\u00e9zm\u0171ves term\u00e9k.\n\nA G\u00e1rdonyi Levendula sz\u00fcretre k\u00e9sz\u00fclt eredetileg, k\u00f6rny\u00e9kbeli k\u00e9zm\u0171ves \u00f6sszefog\u00e1ssal. Nagy siker\u00e9re val\u00f3 tekintettel folyamatosan kaphat\u00f3.\n\nAz id\u0151j\u00e1r\u00e1sn\u00e1l m\u00e9rs\u00e9kelten ellen\u00e1ll, es\u0151n nem aj\u00e1nlott kint hagyni, mert eldeform\u00e1l\u00f3dhat.\nA feh\u00e9r \u00e9s vil\u00e1gos sz\u00ednen az \u00fajs\u00e1g mint\u00e1ja kicsit \u00e1t\u00fcthet, ezzel is a vintage jelleget er\u0151s\u00edti.\n1 db, m\u00e9rete 29*20*20 cm","price":"4800.00","unit":"db","recommended":"0","status":"1","sponsored":"0","exp_notify":"0","own_material":"0","own_material_description_old":null,"own_material_description":"","jury":"0","jury_number":"","product_nature":"","meskaracsony":"0","create_date":"2026-07-22 02:49:22","shelve_id":"58420","image":"gardonyilevendula_product_327178_230425140234_47991.jpeg","image_width":"480","image_height":"360","image_alt":"Vir\u00e1gszed\u0151 kos\u00e1r- r\u00f3zsasz\u00edn, Dekorat\u00edv \u00e9s praktikus\\n\\nFektetett vir\u00e1gszed\u0151 kos\u00e1r levendul\u00e1hoz vagy tulip\u00e1nhoz. Finom vintage jelle..., Meska","image_title":"Vir\u00e1gszed\u0151 kos\u00e1r- r\u00f3zsasz\u00edn, Meska","view_count":"1782","favourite_count":"0","trending_score":"0","last2MonthFavouriteCount":"0","promotion":"0","giftcard_accept":"0","creditcard_accept":true,"enhanced_background":"0","domain":"meska","specific_customer_id":null,"specific_customer_name":null,"to_order_product":"1","to_order_product_time":"2","product_different":null,"product_different_description":"","vintage":"0","vintage_category_id":"0","recycled":"1","gemstone_id":"0","customizable":"0","type_category":"physical","zerowaste":"1","postage_price":"1290.00","shop_order":"0","has_category":"1","landing_pages":"Ballag\u00e1si aj\u00e1nd\u00e9kok \u00e9s kieg\u00e9sz\u00edt\u0151k","microdata":{"number":93,"category":""},"title":"Vir\u00e1gszed\u0151 kos\u00e1r- r\u00f3zsasz\u00edn","description":"Dekorat\u00edv \u00e9s praktikus\n\nFektetett vir\u00e1gszed\u0151 kos\u00e1r levendul\u00e1hoz vagy tulip\u00e1nhoz. Finom vintage jelleg\u0171 dekor\u00e1ci\u00f3 egy asztalon, kertben, teraszon, sz\u00e1r\u00edtott vir\u00e1ggal, levendul\u00e1val. Fot\u00f3z\u00e1si kell\u00e9knek szint\u00e9n j\u00f3 v\u00e1laszt\u00e1s.\n\nAj\u00e1nd\u00e9k \u00f6tlet\n\nV\u00e1laszd ezt a kosarat, \u00e9s szedj \u00f6ssze ebbe n\u00e9h\u00e1ny term\u00e9ket m\u00e9g, tegy\u00e9l mell\u00e9 egy sz\u00e1l vir\u00e1got, \u00e9s garant\u00e1lt lesz a siker. Teljesen egyedi, st\u00edlusos aj\u00e1nd\u00e9kkosarat var\u00e1zsolhatsz.\n\nMib\u0151l k\u00e9sz\u00fcl?\n\nK\u00f6rnyezetbar\u00e1t szeml\u00e9lettel v\u00e1logatjuk ki saj\u00e1t term\u00e9keinket \u00e9s alapanyagukat, \u00edgy ez sem lehet m\u00e1sk\u00e9pp. A kos\u00e1r festett, \u00fajrahasznos\u00edtott \u00fajs\u00e1gpap\u00edr anyagb\u00f3l k\u00e9sz\u00fclt, kos\u00e1rfon\u00e1ssal. Egyedi k\u00e9zm\u0171ves term\u00e9k.\n\nA G\u00e1rdonyi Levendula sz\u00fcretre k\u00e9sz\u00fclt eredetileg, k\u00f6rny\u00e9kbeli k\u00e9zm\u0171ves \u00f6sszefog\u00e1ssal. Nagy siker\u00e9re val\u00f3 tekintettel folyamatosan kaphat\u00f3.\n\nAz id\u0151j\u00e1r\u00e1sn\u00e1l m\u00e9rs\u00e9kelten ellen\u00e1ll, es\u0151n nem aj\u00e1nlott kint hagyni, mert eldeform\u00e1l\u00f3dhat.\nA feh\u00e9r \u00e9s vil\u00e1gos sz\u00ednen az \u00fajs\u00e1g mint\u00e1ja kicsit \u00e1t\u00fcthet, ezzel is a vintage jelleget er\u0151s\u00edti.\n1 db, m\u00e9rete 29*20*20 cm","score":0,"formatted_price":"4 800 Ft","image_url":"https:\/\/www.meska.hu\/img\/product\/small\/g\/a\/gardonyilevendula_product_327178_230425140234_47991.jpeg","formatted_url":"https:\/\/www.meska.hu\/p4960911-viragszedo-kosar-rozsaszin","favourite":false,"in_stock":false,"avatar":"327178_avatar_1782303777.jpeg","delete_from":0,"is_enhanced_background":false,"is_enhanced":false,"product_selection_started":false,"is_active":true,"image_webp_url":"https:\/\/www.meska.hu\/img\/product\/small\/g\/a\/gardonyilevendula_product_327178_230425140234_47991.webp"},{"id":"5914284","shop_id":"24301","user_id":"276546","shop_name":"RePorta","shop_zip":"8474","product_code":"5616552","product_name_old":null,"product_name":"\"H\u00e1rman\"  meghitt betlehemi pillanat ","category_string":"Kar\u00e1csony, Adventi d\u00edszek, Adventi asztald\u00edsz","technic_string":"Fon\u00e1s (csuh\u00e9, gy\u00e9k\u00e9ny, stb.)","category_1":"319","category_2":"1285","category_3":"1287","category_4":"0","merged_category_1":null,"merged_category_2":null,"merged_category_3":null,"technic_1":"482","technic_2":"0","technic_3":"0","color_1":"514","color_2":"515","color_3":"516","product_description_old":null,"product_description":"Meghitt betlehemi pillanat saj\u00e1t termeszt\u00e9s\u0171 kukoricacsuh\u00e9, vessz\u0151 \u00e9s fa felhaszn\u00e1l\u00e1s\u00e1val.\nM\u00e9rete: 25x13cm\nA k\u00e9pt\u0151l apr\u00f3, elt\u00e9r\u0151 r\u00e9szletek lehets\u00e9gesek a k\u00e9zzel k\u00e9sz\u00fcl\u0151 alkot\u00e1sokn\u00e1l.","price":"5400.00","unit":"db","recommended":"0","status":"1","sponsored":"0","exp_notify":"0","own_material":"0","own_material_description_old":null,"own_material_description":"","jury":"0","jury_number":"","product_nature":"","meskaracsony":"0","create_date":"2026-07-21 13:32:06","shelve_id":"0","image":"reporta_product_276546_250908105647_158376.jpeg","image_width":"480","image_height":"720","image_alt":"\\\"H\u00e1rman\\\"  meghitt betlehemi pillanat , Meghitt betlehemi pillanat saj\u00e1t termeszt\u00e9s\u0171 kukoricacsuh\u00e9, vessz\u0151 \u00e9s fa felhaszn\u00e1l\u00e1s\u00e1val.\\nM\u00e9rete: 2..., Meska","image_title":"\\\"H\u00e1rman\\\"  meghitt betlehemi pillanat , Meska","view_count":"240","favourite_count":"0","trending_score":"0","last2MonthFavouriteCount":"0","promotion":"0","giftcard_accept":"0","creditcard_accept":false,"enhanced_background":"0","domain":"meska","specific_customer_id":null,"specific_customer_name":null,"to_order_product":"1","to_order_product_time":"20","product_different":null,"product_different_description":"","vintage":"0","vintage_category_id":"0","recycled":"1","gemstone_id":"0","customizable":"0","type_category":"physical","zerowaste":"0","postage_price":"2390.00","shop_order":"0","has_category":"1","landing_pages":null,"microdata":{"number":94,"category":""},"title":"\"H\u00e1rman\"  meghitt betlehemi pillanat ","description":"Meghitt betlehemi pillanat saj\u00e1t termeszt\u00e9s\u0171 kukoricacsuh\u00e9, vessz\u0151 \u00e9s fa felhaszn\u00e1l\u00e1s\u00e1val.\nM\u00e9rete: 25x13cm\nA k\u00e9pt\u0151l apr\u00f3, elt\u00e9r\u0151 r\u00e9szletek lehets\u00e9gesek a k\u00e9zzel k\u00e9sz\u00fcl\u0151 alkot\u00e1sokn\u00e1l.","score":0,"formatted_price":"5 400 Ft","image_url":"https:\/\/www.meska.hu\/img\/product\/small\/r\/e\/reporta_product_276546_250908105647_158376.jpeg","formatted_url":"https:\/\/www.meska.hu\/p5616552-harman-meghitt-betlehemi-pillanat","favourite":false,"in_stock":false,"avatar":"RePorta_avatar_276546_1511173483.jpg","delete_from":0,"is_enhanced_background":false,"is_enhanced":false,"product_selection_started":false,"is_active":true,"image_webp_url":"https:\/\/www.meska.hu\/img\/product\/small\/r\/e\/reporta_product_276546_250908105647_158376.webp"},{"id":"6304998","shop_id":"51798","user_id":"770850","shop_name":"Irinaasztronauta","shop_zip":"2337","product_code":"5840639","product_name_old":null,"product_name":"\"Tej\u00fat\" epoxigyanta \u00e9kszerszett","category_string":"\u00c9kszer, \u00c9kszerszett","technic_string":"\u00c9kszerk\u00e9sz\u00edt\u00e9s, Fon\u00e1s (csuh\u00e9, gy\u00e9k\u00e9ny, stb.)","category_1":"327","category_2":"330","category_3":"0","category_4":"0","merged_category_1":null,"merged_category_2":null,"merged_category_3":null,"technic_1":"477","technic_2":"482","technic_3":"0","color_1":"518","color_2":"519","color_3":"521","product_description_old":null,"product_description":"Ez az egyedi, k\u00e9zzel k\u00e9sz\u00fclt \u00e9kszerszett az Irina Asztronauta univerzum r\u00e9sze. A med\u00e1l \u00e9s f\u00fclbeval\u00f3k fel\u00fclet\u00e9n op\u00e1los feh\u00e9r \u00e9s k\u00e9k \u00e1rnyalatok tal\u00e1lkoznak ez\u00fcst\u00f6s pigmentekkel, mintha a Tejutat szeml\u00e9ln\u00e9nk. Az ez\u00fcst csillagok \u00e9s a f\u00e9mes f\u00e9nyek a kozmikus t\u00e9r v\u00e9gtelens\u00e9g\u00e9t, csillagk\u00f6d\u00f6ket id\u00e9znek. \nIrina Asztronauta az\u00e9rt sz\u00fcletett meg, mert l\u00e9legeztet\u0151g\u00e9ppel \u00e9lek \u2013 sz\u00e1momra az asztronauta az a l\u00e9ny, aki \u00edgy is szabadon bej\u00e1rhatja a vil\u00e1g\u0171r minden szeglet\u00e9t, hat\u00e1rok n\u00e9lk\u00fcl. Ez a szett ennek a bels\u0151 utaz\u00e1snak a hordhat\u00f3 form\u00e1ja.\nMinden darab egyedi, a mint\u00e1zat nem reproduk\u00e1lhat\u00f3 \u2013 ak\u00e1rcsak egy val\u00f3di csillagk\u00f6zi jelens\u00e9g.\n\n\ud83d\udd39 Forma: aszimmetrikus med\u00e1l (hossza kb. 4 cm) \u00e9s f\u00fclbeval\u00f3 (hossza kb. 3 cm)\n\ud83d\udd39 Technika: k\u00e9zzel k\u00e9sz\u00fclt epoxigyanta\n\ud83d\udd39 M\u0171b\u0151r nyakp\u00e1nttal, ez\u00fcst kapoccsal (Ha m\u00e1s sz\u00edn\u0171 p\u00e1ntot vagy arany csatot szeretn\u00e9l, jelezd \u00fczenetben!)\n\ud83d\udd39 Egyedi, megism\u00e9telhetetlen darab\n\ud83d\udd39 Az Irina Asztronauta vizu\u00e1lis vil\u00e1g r\u00e9sze\n\ud83d\udd39Egyedi sz\u00ednvari\u00e1ci\u00f3ban, monogrammal is rendelhet\u0151\n\nK\u00fcl\u00f6nleges v\u00e1laszt\u00e1s azoknak, akik szeretik a t\u00f6rt\u00e9nettel b\u00edr\u00f3, m\u0171v\u00e9szi \u00e9kszereket, \u00e9s sz\u00edvesen viselnek egy darabot a saj\u00e1t univerzumukb\u00f3l.\n\nSz\u00e1ll\u00edt\u00e1s d\u00edsztasakban, egyedi k\u00e9peslappal!","price":"3900.00","unit":"db","recommended":"0","status":"1","sponsored":"0","exp_notify":"0","own_material":"0","own_material_description_old":null,"own_material_description":"","jury":"0","jury_number":"","product_nature":"","meskaracsony":"0","create_date":"2026-07-21 12:39:38","shelve_id":"82854","image":"irinaasztronauta_product_770850_260721123928_455881.jpeg","image_width":"480","image_height":"640","image_alt":"\\\"Tej\u00fat\\\" epoxigyanta \u00e9kszerszett, Ez az egyedi, k\u00e9zzel k\u00e9sz\u00fclt \u00e9kszerszett az Irina Asztronauta univerzum r\u00e9sze. A med\u00e1l \u00e9s f\u00fclbeval\u00f3k..., Meska","image_title":"\\\"Tej\u00fat\\\" epoxigyanta \u00e9kszerszett, Meska","view_count":"61","favourite_count":"0","trending_score":"0","last2MonthFavouriteCount":"0","promotion":"0","giftcard_accept":"0","creditcard_accept":true,"enhanced_background":"0","domain":"meska","specific_customer_id":null,"specific_customer_name":null,"to_order_product":"0","to_order_product_time":"0","product_different":null,"product_different_description":"","vintage":"0","vintage_category_id":"0","recycled":"0","gemstone_id":"0","customizable":"0","type_category":"physical","zerowaste":"0","postage_price":"1290.00","shop_order":"0","has_category":"1","landing_pages":null,"microdata":{"number":95,"category":""},"title":"\"Tej\u00fat\" epoxigyanta \u00e9kszerszett","description":"Ez az egyedi, k\u00e9zzel k\u00e9sz\u00fclt \u00e9kszerszett az Irina Asztronauta univerzum r\u00e9sze. A med\u00e1l \u00e9s f\u00fclbeval\u00f3k fel\u00fclet\u00e9n op\u00e1los feh\u00e9r \u00e9s k\u00e9k \u00e1rnyalatok tal\u00e1lkoznak ez\u00fcst\u00f6s pigmentekkel, mintha a Tejutat szeml\u00e9ln\u00e9nk. Az ez\u00fcst csillagok \u00e9s a f\u00e9mes f\u00e9nyek a kozmikus t\u00e9r v\u00e9gtelens\u00e9g\u00e9t, csillagk\u00f6d\u00f6ket id\u00e9znek. \nIrina Asztronauta az\u00e9rt sz\u00fcletett meg, mert l\u00e9legeztet\u0151g\u00e9ppel \u00e9lek \u2013 sz\u00e1momra az asztronauta az a l\u00e9ny, aki \u00edgy is szabadon bej\u00e1rhatja a vil\u00e1g\u0171r minden szeglet\u00e9t, hat\u00e1rok n\u00e9lk\u00fcl. Ez a szett ennek a bels\u0151 utaz\u00e1snak a hordhat\u00f3 form\u00e1ja.\nMinden darab egyedi, a mint\u00e1zat nem reproduk\u00e1lhat\u00f3 \u2013 ak\u00e1rcsak egy val\u00f3di csillagk\u00f6zi jelens\u00e9g.\n\n\ud83d\udd39 Forma: aszimmetrikus med\u00e1l (hossza kb. 4 cm) \u00e9s f\u00fclbeval\u00f3 (hossza kb. 3 cm)\n\ud83d\udd39 Technika: k\u00e9zzel k\u00e9sz\u00fclt epoxigyanta\n\ud83d\udd39 M\u0171b\u0151r nyakp\u00e1nttal, ez\u00fcst kapoccsal (Ha m\u00e1s sz\u00edn\u0171 p\u00e1ntot vagy arany csatot szeretn\u00e9l, jelezd \u00fczenetben!)\n\ud83d\udd39 Egyedi, megism\u00e9telhetetlen darab\n\ud83d\udd39 Az Irina Asztronauta vizu\u00e1lis vil\u00e1g r\u00e9sze\n\ud83d\udd39Egyedi sz\u00ednvari\u00e1ci\u00f3ban, monogrammal is rendelhet\u0151\n\nK\u00fcl\u00f6nleges v\u00e1laszt\u00e1s azoknak, akik szeretik a t\u00f6rt\u00e9nettel b\u00edr\u00f3, m\u0171v\u00e9szi \u00e9kszereket, \u00e9s sz\u00edvesen viselnek egy darabot a saj\u00e1t univerzumukb\u00f3l.\n\nSz\u00e1ll\u00edt\u00e1s d\u00edsztasakban, egyedi k\u00e9peslappal!","score":0,"formatted_price":"3 900 Ft","image_url":"https:\/\/www.meska.hu\/img\/product\/small\/i\/r\/irinaasztronauta_product_770850_260721123928_455881.jpeg","formatted_url":"https:\/\/www.meska.hu\/p5840639-tejut-epoxigyanta-ekszerszett","favourite":false,"in_stock":true,"avatar":"770850_avatar_1770558993.jpeg","delete_from":0,"is_enhanced_background":false,"is_enhanced":false,"product_selection_started":false,"is_active":true,"image_webp_url":"https:\/\/www.meska.hu\/img\/product\/small\/i\/r\/irinaasztronauta_product_770850_260721123928_455881.webp"},{"id":"4804022","shop_id":"26841","user_id":"327178","shop_name":"gardonyilevendula","shop_zip":"2483","product_code":"4960912","product_name_old":null,"product_name":"Vir\u00e1gszed\u0151 kos\u00e1r- antikolt sz\u00fcrke","category_string":"\u00dcnnepi d\u00edszek, dekor\u00e1ci\u00f3k, H\u00fasv\u00e9ti d\u00edszek \u00e9s dekor\u00e1ci\u00f3k, H\u00fasv\u00e9ti kos\u00e1r","technic_string":"Fon\u00e1s (csuh\u00e9, gy\u00e9k\u00e9ny, stb.)","category_1":"1818","category_2":"1803","category_3":"1806","category_4":"0","merged_category_1":"0","merged_category_2":"0","merged_category_3":"785","technic_1":"482","technic_2":"0","technic_3":"0","color_1":"527","color_2":"0","color_3":"0","product_description_old":null,"product_description":"Dekorat\u00edv \u00e9s praktikus\n\nFektetett vir\u00e1gszed\u0151 kos\u00e1r levendul\u00e1hoz vagy tulip\u00e1nhoz. Finom vintage jelleg\u0171 dekor\u00e1ci\u00f3 egy asztalon, kertben, teraszon, sz\u00e1r\u00edtott vir\u00e1ggal, levendul\u00e1val. Fot\u00f3z\u00e1si kell\u00e9knek szint\u00e9n j\u00f3 v\u00e1laszt\u00e1s.\n\nAj\u00e1nd\u00e9k \u00f6tlet\n\nV\u00e1laszd ezt a kosarat, \u00e9s szedj \u00f6ssze ebbe n\u00e9h\u00e1ny term\u00e9ket m\u00e9g, tegy\u00e9l mell\u00e9 egy sz\u00e1l vir\u00e1got, \u00e9s garant\u00e1lt lesz a siker. Teljesen egyedi, st\u00edlusos aj\u00e1nd\u00e9kkosarat var\u00e1zsolhatsz.\n\nMib\u0151l k\u00e9sz\u00fcl?\n\nK\u00f6rnyezetbar\u00e1t szeml\u00e9lettel v\u00e1logatjuk ki saj\u00e1t term\u00e9keinket \u00e9s alapanyagukat, \u00edgy ez sem lehet m\u00e1sk\u00e9pp. A kos\u00e1r festett, \u00fajrahasznos\u00edtott \u00fajs\u00e1gpap\u00edr anyagb\u00f3l k\u00e9sz\u00fclt, kos\u00e1rfon\u00e1ssal. Egyedi k\u00e9zm\u0171ves term\u00e9k.\n\nA G\u00e1rdonyi Levendula sz\u00fcretre k\u00e9sz\u00fclt eredetileg, k\u00f6rny\u00e9kbeli k\u00e9zm\u0171ves \u00f6sszefog\u00e1ssal. Nagy siker\u00e9re val\u00f3 tekintettel folyamatosan kaphat\u00f3.\n\nAz id\u0151j\u00e1r\u00e1sn\u00e1l m\u00e9rs\u00e9kelten ellen\u00e1ll, es\u0151n nem aj\u00e1nlott kint hagyni, mert eldeform\u00e1l\u00f3dhat.\nA feh\u00e9r \u00e9s vil\u00e1gos sz\u00ednen az \u00fajs\u00e1g mint\u00e1ja kicsit \u00e1t\u00fcthet, ezzel is a vintage jelleget er\u0151s\u00edti.\n1 db, m\u00e9rete 29*20*20 cm","price":"4800.00","unit":"db","recommended":"0","status":"1","sponsored":"0","exp_notify":"0","own_material":"0","own_material_description_old":null,"own_material_description":"","jury":"0","jury_number":"","product_nature":"","meskaracsony":"0","create_date":"2026-07-21 11:31:31","shelve_id":"58420","image":"gardonyilevendula_product_327178_230425140330_279827.jpeg","image_width":"480","image_height":"360","image_alt":"Vir\u00e1gszed\u0151 kos\u00e1r- antikolt sz\u00fcrke, Dekorat\u00edv \u00e9s praktikus\\n\\nFektetett vir\u00e1gszed\u0151 kos\u00e1r levendul\u00e1hoz vagy tulip\u00e1nhoz. Finom vintage jelle..., Meska","image_title":"Vir\u00e1gszed\u0151 kos\u00e1r- antikolt sz\u00fcrke, Meska","view_count":"1155","favourite_count":"0","trending_score":"0","last2MonthFavouriteCount":"0","promotion":"0","giftcard_accept":"0","creditcard_accept":true,"enhanced_background":"0","domain":"meska","specific_customer_id":null,"specific_customer_name":null,"to_order_product":"1","to_order_product_time":"2","product_different":null,"product_different_description":"","vintage":"0","vintage_category_id":"0","recycled":"1","gemstone_id":"0","customizable":"0","type_category":"physical","zerowaste":"1","postage_price":"1290.00","shop_order":"0","has_category":"1","landing_pages":null,"microdata":{"number":96,"category":""},"title":"Vir\u00e1gszed\u0151 kos\u00e1r- antikolt sz\u00fcrke","description":"Dekorat\u00edv \u00e9s praktikus\n\nFektetett vir\u00e1gszed\u0151 kos\u00e1r levendul\u00e1hoz vagy tulip\u00e1nhoz. Finom vintage jelleg\u0171 dekor\u00e1ci\u00f3 egy asztalon, kertben, teraszon, sz\u00e1r\u00edtott vir\u00e1ggal, levendul\u00e1val. Fot\u00f3z\u00e1si kell\u00e9knek szint\u00e9n j\u00f3 v\u00e1laszt\u00e1s.\n\nAj\u00e1nd\u00e9k \u00f6tlet\n\nV\u00e1laszd ezt a kosarat, \u00e9s szedj \u00f6ssze ebbe n\u00e9h\u00e1ny term\u00e9ket m\u00e9g, tegy\u00e9l mell\u00e9 egy sz\u00e1l vir\u00e1got, \u00e9s garant\u00e1lt lesz a siker. Teljesen egyedi, st\u00edlusos aj\u00e1nd\u00e9kkosarat var\u00e1zsolhatsz.\n\nMib\u0151l k\u00e9sz\u00fcl?\n\nK\u00f6rnyezetbar\u00e1t szeml\u00e9lettel v\u00e1logatjuk ki saj\u00e1t term\u00e9keinket \u00e9s alapanyagukat, \u00edgy ez sem lehet m\u00e1sk\u00e9pp. A kos\u00e1r festett, \u00fajrahasznos\u00edtott \u00fajs\u00e1gpap\u00edr anyagb\u00f3l k\u00e9sz\u00fclt, kos\u00e1rfon\u00e1ssal. Egyedi k\u00e9zm\u0171ves term\u00e9k.\n\nA G\u00e1rdonyi Levendula sz\u00fcretre k\u00e9sz\u00fclt eredetileg, k\u00f6rny\u00e9kbeli k\u00e9zm\u0171ves \u00f6sszefog\u00e1ssal. Nagy siker\u00e9re val\u00f3 tekintettel folyamatosan kaphat\u00f3.\n\nAz id\u0151j\u00e1r\u00e1sn\u00e1l m\u00e9rs\u00e9kelten ellen\u00e1ll, es\u0151n nem aj\u00e1nlott kint hagyni, mert eldeform\u00e1l\u00f3dhat.\nA feh\u00e9r \u00e9s vil\u00e1gos sz\u00ednen az \u00fajs\u00e1g mint\u00e1ja kicsit \u00e1t\u00fcthet, ezzel is a vintage jelleget er\u0151s\u00edti.\n1 db, m\u00e9rete 29*20*20 cm","score":0,"formatted_price":"4 800 Ft","image_url":"https:\/\/www.meska.hu\/img\/product\/small\/g\/a\/gardonyilevendula_product_327178_230425140330_279827.jpeg","formatted_url":"https:\/\/www.meska.hu\/p4960912-viragszedo-kosar-antikolt-szurke","favourite":false,"in_stock":false,"avatar":"327178_avatar_1782303777.jpeg","delete_from":0,"is_enhanced_background":false,"is_enhanced":false,"product_selection_started":false,"is_active":true,"image_webp_url":"https:\/\/www.meska.hu\/img\/product\/small\/g\/a\/gardonyilevendula_product_327178_230425140330_279827.webp"},{"id":"6051063","shop_id":"13119","user_id":"89110","shop_name":"TimcsYMobiltok","shop_zip":"2527","product_code":"5692333","product_name_old":null,"product_name":"Egyedi f\u00e9rfi s\u00e1rk\u00e1nyv\u00e9rk\u0151 kark\u00f6t\u0151 - \u00e1ll\u00edthat\u00f3 f\u00e9rfi kark\u00f6t\u0151","category_string":"\u00c9kszer, Kark\u00f6t\u0151, Gy\u00f6ngy\u00f6s kark\u00f6t\u0151","technic_string":"Gy\u00f6ngyf\u0171z\u00e9s, gy\u00f6ngyh\u00edmz\u00e9s, Fon\u00e1s (csuh\u00e9, gy\u00e9k\u00e9ny, stb.)","category_1":"327","category_2":"333","category_3":"1233","category_4":"0","merged_category_1":null,"merged_category_2":null,"merged_category_3":null,"technic_1":"485","technic_2":"482","technic_3":"0","color_1":"520","color_2":"527","color_3":"529","product_description_old":null,"product_description":"F\u00e9rfi s\u00e1rk\u00e1nyv\u00e1rk\u0151 kark\u00f6t\u0151 hematit lemezekkel - egyedi f\u00e9rfi gy\u00f6ngy kark\u00f6t\u0151. \n\nGy\u00f6ngy m\u00e9rete: 8 mm\n\nEz az egyedi, k\u00e9zzel k\u00e9sz\u00fclt f\u00e9rfi kark\u00f6t\u0151 8 mm-es s\u00e1rk\u00e1nyv\u00e9rk\u0151 \u00e1sv\u00e1nygy\u00f6ngy\u00f6kb\u0151l k\u00e9sz\u00fclt, melyeket eleg\u00e1ns, n\u00e9gyzet alak\u00fa hematit lemezek v\u00e1lasztanak el egym\u00e1st\u00f3l. A gy\u00f6ngy\u00f6k fekete, er\u0151s pamut sz\u00e1lra vannak felf\u0171zve, amely tart\u00f3s \u00e9s k\u00e9nyelmes viseletet biztos\u00edt a mindennapok sor\u00e1n.\n\nA kark\u00f6t\u0151 m\u00e9rete a h\u00e1tul elhelyezett fonott cs\u00faszk\u00e1val k\u00f6nnyed\u00e9n \u00e1ll\u00edthat\u00f3, \u00edgy t\u00f6bb csukl\u00f3m\u00e9rethez is j\u00f3l alkalmazkodik. Ennek k\u00f6sz\u00f6nhet\u0151en kiv\u00e1l\u00f3 aj\u00e1nd\u00e9k\u00f6tlet lehet akkor is, ha nem ismerj\u00fck pontosan a megaj\u00e1nd\u00e9kozott csukl\u00f3m\u00e9ret\u00e9t.\n\nLetisztult st\u00edlus\u00e1nak k\u00f6sz\u00f6nhet\u0151en j\u00f3l illik h\u00e9tk\u00f6znapi, sportos \u00f6lt\u00f6z\u00e9khez, de eleg\u00e1nsabb megjelen\u00e9shez is k\u00f6nnyen p\u00e1ros\u00edthat\u00f3. Aj\u00e1nlom mindazoknak, akik szeretik az egyedi, k\u00e9zzel k\u00e9sz\u00fclt kieg\u00e9sz\u00edt\u0151ket, \u00e9s \u00e9rt\u00e9kelik a \u00e1sv\u00e1nyok sz\u00e9ps\u00e9g\u00e9t.\n\nA megfelel\u0151 m\u00e9ret elk\u00e9sz\u00edt\u00e9s\u00e9hez, k\u00e9rlek, szorosan m\u00e9rt le a csukl\u00f3dat \u00e9s a pontos \u00e9rt\u00e9ket \u00edrt meg nekem, k\u00f6sz\u00f6n\u00f6m! :)                         ","price":"6690.00","unit":"db","recommended":"0","status":"1","sponsored":"0","exp_notify":"0","own_material":"0","own_material_description_old":null,"own_material_description":"","jury":"0","jury_number":"","product_nature":"","meskaracsony":"0","create_date":"2026-07-20 09:05:50","shelve_id":"0","image":"timcsymobiltok_product_89110_251214231128_559624.jpeg","image_width":"480","image_height":"480","image_alt":"Egyedi f\u00e9rfi s\u00e1rk\u00e1nyv\u00e9rk\u0151 kark\u00f6t\u0151 - \u00e1ll\u00edthat\u00f3 f\u00e9rfi kark\u00f6t\u0151, F\u00e9rfi s\u00e1rk\u00e1nyv\u00e1rk\u0151 kark\u00f6t\u0151 hematit lemezekkel - egyedi f\u00e9rfi gy\u00f6ngy kark\u00f6t\u0151. \\n\\nGy\u00f6ngy m\u00e9rete: 8 mm\\n\\n..., Meska","image_title":"Egyedi f\u00e9rfi s\u00e1rk\u00e1nyv\u00e9rk\u0151 kark\u00f6t\u0151 - \u00e1ll\u00edthat\u00f3 f\u00e9rfi kark\u00f6t\u0151, Meska","view_count":"197","favourite_count":"1","trending_score":"0","last2MonthFavouriteCount":"1","promotion":"0","giftcard_accept":"0","creditcard_accept":true,"enhanced_background":"0","domain":"meska","specific_customer_id":null,"specific_customer_name":null,"to_order_product":"0","to_order_product_time":"0","product_different":null,"product_different_description":"","vintage":"0","vintage_category_id":"0","recycled":"0","gemstone_id":"0","customizable":"0","type_category":"physical","zerowaste":"0","postage_price":"2390.00","shop_order":"0","has_category":"1","landing_pages":null,"microdata":{"number":97,"category":""},"title":"Egyedi f\u00e9rfi s\u00e1rk\u00e1nyv\u00e9rk\u0151 kark\u00f6t\u0151 - \u00e1ll\u00edthat\u00f3 f\u00e9rfi kark\u00f6t\u0151","description":"F\u00e9rfi s\u00e1rk\u00e1nyv\u00e1rk\u0151 kark\u00f6t\u0151 hematit lemezekkel - egyedi f\u00e9rfi gy\u00f6ngy kark\u00f6t\u0151. \n\nGy\u00f6ngy m\u00e9rete: 8 mm\n\nEz az egyedi, k\u00e9zzel k\u00e9sz\u00fclt f\u00e9rfi kark\u00f6t\u0151 8 mm-es s\u00e1rk\u00e1nyv\u00e9rk\u0151 \u00e1sv\u00e1nygy\u00f6ngy\u00f6kb\u0151l k\u00e9sz\u00fclt, melyeket eleg\u00e1ns, n\u00e9gyzet alak\u00fa hematit lemezek v\u00e1lasztanak el egym\u00e1st\u00f3l. A gy\u00f6ngy\u00f6k fekete, er\u0151s pamut sz\u00e1lra vannak felf\u0171zve, amely tart\u00f3s \u00e9s k\u00e9nyelmes viseletet biztos\u00edt a mindennapok sor\u00e1n.\n\nA kark\u00f6t\u0151 m\u00e9rete a h\u00e1tul elhelyezett fonott cs\u00faszk\u00e1val k\u00f6nnyed\u00e9n \u00e1ll\u00edthat\u00f3, \u00edgy t\u00f6bb csukl\u00f3m\u00e9rethez is j\u00f3l alkalmazkodik. Ennek k\u00f6sz\u00f6nhet\u0151en kiv\u00e1l\u00f3 aj\u00e1nd\u00e9k\u00f6tlet lehet akkor is, ha nem ismerj\u00fck pontosan a megaj\u00e1nd\u00e9kozott csukl\u00f3m\u00e9ret\u00e9t.\n\nLetisztult st\u00edlus\u00e1nak k\u00f6sz\u00f6nhet\u0151en j\u00f3l illik h\u00e9tk\u00f6znapi, sportos \u00f6lt\u00f6z\u00e9khez, de eleg\u00e1nsabb megjelen\u00e9shez is k\u00f6nnyen p\u00e1ros\u00edthat\u00f3. Aj\u00e1nlom mindazoknak, akik szeretik az egyedi, k\u00e9zzel k\u00e9sz\u00fclt kieg\u00e9sz\u00edt\u0151ket, \u00e9s \u00e9rt\u00e9kelik a \u00e1sv\u00e1nyok sz\u00e9ps\u00e9g\u00e9t.\n\nA megfelel\u0151 m\u00e9ret elk\u00e9sz\u00edt\u00e9s\u00e9hez, k\u00e9rlek, szorosan m\u00e9rt le a csukl\u00f3dat \u00e9s a pontos \u00e9rt\u00e9ket \u00edrt meg nekem, k\u00f6sz\u00f6n\u00f6m! :)                         ","score":0,"formatted_price":"6 690 Ft","image_url":"https:\/\/www.meska.hu\/img\/product\/small\/t\/i\/timcsymobiltok_product_89110_251214231128_559624.jpeg","formatted_url":"https:\/\/www.meska.hu\/p5692333-egyedi-ferfi-sarkanyverko-karkoto-allithato-ferfi-karkoto","favourite":false,"in_stock":true,"avatar":"TimcsYMobiltok_avatar_89110_1548952350.jpg","delete_from":0,"is_enhanced_background":false,"is_enhanced":false,"product_selection_started":false,"is_active":true,"image_webp_url":"https:\/\/www.meska.hu\/img\/product\/small\/t\/i\/timcsymobiltok_product_89110_251214231128_559624.webp"},{"id":"5253649","shop_id":"19710","user_id":"191983","shop_name":"pagi28","shop_zip":"5300","product_code":"5240366","product_name_old":null,"product_name":"Kukorica csuh\u00e9 angyalka kar\u00e1csonyfa d\u00edsz, szalv\u00e9tatart\u00f3","category_string":"Kar\u00e1csony, Kar\u00e1csonyi lak\u00e1sdekor\u00e1ci\u00f3, Kar\u00e1csonyfad\u00edszek","technic_string":"Fon\u00e1s (csuh\u00e9, gy\u00e9k\u00e9ny, stb.)","category_1":"319","category_2":"324","category_3":"323","category_4":"0","merged_category_1":null,"merged_category_2":null,"merged_category_3":null,"technic_1":"482","technic_2":"0","technic_3":"0","color_1":"515","color_2":"0","color_3":"0","product_description_old":null,"product_description":"kukorica csuh\u00e9b\u00f3l k\u00e9sz\u00fclt angyalka.\n\nhaszn\u00e1lhatod kar\u00e1csonyfad\u00edsznek, vagy szalv\u00e9tagy\u0171r\u0171nek is.\n\nm\u00e9rete: 9-10 cm magas ","price":"850.00","unit":"db","recommended":"0","status":"1","sponsored":"0","exp_notify":"0","own_material":"0","own_material_description_old":null,"own_material_description":"","jury":"0","jury_number":"","product_nature":"","meskaracsony":"0","create_date":"2026-07-19 23:20:09","shelve_id":"67471","image":"pagi28_product_191983_151121150037_128279.jpeg","image_width":"480","image_height":"695","image_alt":"Kukorica csuh\u00e9 angyalka kar\u00e1csonyfa d\u00edsz, szalv\u00e9tatart\u00f3, kukorica csuh\u00e9b\u00f3l k\u00e9sz\u00fclt angyalka.\\n\\nhaszn\u00e1lhatod kar\u00e1csonyfad\u00edsznek, vagy szalv\u00e9tagy\u0171r\u0171nek is.\\n\\nm\u00e9r..., Meska","image_title":"Kukorica csuh\u00e9 angyalka kar\u00e1csonyfa d\u00edsz, szalv\u00e9tatart\u00f3, Meska","view_count":"882","favourite_count":"0","trending_score":"0","last2MonthFavouriteCount":"0","promotion":"0","giftcard_accept":"0","creditcard_accept":true,"enhanced_background":"0","domain":"meska","specific_customer_id":null,"specific_customer_name":null,"to_order_product":"0","to_order_product_time":"0","product_different":null,"product_different_description":"","vintage":"0","vintage_category_id":"0","recycled":"0","gemstone_id":"0","customizable":"0","type_category":"physical","zerowaste":"0","postage_price":"1290.00","shop_order":"1","has_category":"1","landing_pages":null,"microdata":{"number":98,"category":""},"title":"Kukorica csuh\u00e9 angyalka kar\u00e1csonyfa d\u00edsz, szalv\u00e9tatart\u00f3","description":"kukorica csuh\u00e9b\u00f3l k\u00e9sz\u00fclt angyalka.\n\nhaszn\u00e1lhatod kar\u00e1csonyfad\u00edsznek, vagy szalv\u00e9tagy\u0171r\u0171nek is.\n\nm\u00e9rete: 9-10 cm magas ","score":0,"formatted_price":"850 Ft","image_url":"https:\/\/www.meska.hu\/img\/product\/small\/p\/a\/pagi28_product_191983_151121150037_128279.jpeg","formatted_url":"https:\/\/www.meska.hu\/p5240366-kukorica-csuhe-angyalka-karacsonyfa-disz","favourite":false,"in_stock":true,"avatar":null,"delete_from":0,"is_enhanced_background":false,"is_enhanced":false,"product_selection_started":false,"is_active":true,"image_webp_url":"https:\/\/www.meska.hu\/img\/product\/small\/p\/a\/pagi28_product_191983_151121150037_128279.webp"},{"id":"2059187","shop_id":"19710","user_id":"191983","shop_name":"pagi28","shop_zip":"5300","product_code":"4700720","product_name_old":null,"product_name":"Gy\u00f6ngy\u00f6s makram\u00e9 kark\u00f6t\u0151","category_string":"\u00c9kszer, Kark\u00f6t\u0151, Fonott kark\u00f6t\u0151","technic_string":"\u00c9kszerk\u00e9sz\u00edt\u00e9s, Fon\u00e1s (csuh\u00e9, gy\u00e9k\u00e9ny, stb.)","category_1":"327","category_2":"333","category_3":"1232","category_4":"0","merged_category_1":null,"merged_category_2":null,"merged_category_3":null,"technic_1":"477","technic_2":"482","technic_3":"0","color_1":"525","color_2":"527","color_3":"0","product_description_old":null,"product_description":"Viaszolt sz\u00e1lb\u00f3l k\u00e9sz\u00fclt makram\u00e9 kark\u00f6t\u0151 gy\u00f6ngy d\u00edsz\u00edt\u00e9ssel.\n\nM\u00e9rete: \u00e1ll\u00edthat\u00f3","price":"1200.00","unit":"db","recommended":"0","status":"1","sponsored":"0","exp_notify":"0","own_material":"0","own_material_description_old":null,"own_material_description":"","jury":"0","jury_number":"","product_nature":"","meskaracsony":"0","create_date":"2026-07-19 23:14:09","shelve_id":"0","image":"pagi28_product_191983_181014234058_937146.jpeg","image_width":"480","image_height":"480","image_alt":"Gy\u00f6ngy\u00f6s makram\u00e9 kark\u00f6t\u0151, Viaszolt sz\u00e1lb\u00f3l k\u00e9sz\u00fclt makram\u00e9 kark\u00f6t\u0151 gy\u00f6ngy d\u00edsz\u00edt\u00e9ssel.\\n\\nM\u00e9rete: \u00e1ll\u00edthat\u00f3, Meska","image_title":"Gy\u00f6ngy\u00f6s makram\u00e9 kark\u00f6t\u0151, Meska","view_count":"1006","favourite_count":"0","trending_score":"0","last2MonthFavouriteCount":"0","promotion":"0","giftcard_accept":"0","creditcard_accept":true,"enhanced_background":"0","domain":"meska","specific_customer_id":null,"specific_customer_name":null,"to_order_product":"0","to_order_product_time":"0","product_different":null,"product_different_description":"","vintage":"0","vintage_category_id":"0","recycled":"0","gemstone_id":"0","customizable":"0","type_category":"physical","zerowaste":"0","postage_price":"1290.00","shop_order":"1","has_category":"1","landing_pages":null,"microdata":{"number":99,"category":""},"title":"Gy\u00f6ngy\u00f6s makram\u00e9 kark\u00f6t\u0151","description":"Viaszolt sz\u00e1lb\u00f3l k\u00e9sz\u00fclt makram\u00e9 kark\u00f6t\u0151 gy\u00f6ngy d\u00edsz\u00edt\u00e9ssel.\n\nM\u00e9rete: \u00e1ll\u00edthat\u00f3","score":0,"formatted_price":"1 200 Ft","image_url":"https:\/\/www.meska.hu\/img\/product\/small\/p\/a\/pagi28_product_191983_181014234058_937146.jpeg","formatted_url":"https:\/\/www.meska.hu\/p4700720-gyongyos-makrame-karkoto","favourite":false,"in_stock":true,"avatar":null,"delete_from":0,"is_enhanced_background":false,"is_enhanced":false,"product_selection_started":false,"is_active":true,"image_webp_url":"https:\/\/www.meska.hu\/img\/product\/small\/p\/a\/pagi28_product_191983_181014234058_937146.webp"}],"canonicals":{"canonical":"https:\/\/www.meska.hu\/s\/fonas-csuhe-gyekeny-stb\/t-482","next":"https:\/\/www.meska.hu\/s\/fonas-csuhe-gyekeny-stb\/t-482:p-2"},"seo":{"title":"K\u00e9zm\u0171ves term\u00e9kek - Meska.hu","seoTitle":"","seoDescription":"","metaDescription":"Magyar k\u00e9zm\u0171ves design term\u00e9kek hazai alkot\u00f3kt\u00f3l nagy v\u00e1laszt\u00e9kban, egyedi megrendel\u00e9sre is. \u2714\ufe0f N\u00e9zd meg az \u00f6sszes term\u00e9k\u00fcnk, \u00e9s rendelj k\u00edn\u00e1latunkb\u00f3l!","descriptionSchema":"","metaNoIndex":false,"metaNoFollow":false,"seoFound":false,"canonicals":"https:\/\/www.meska.hu\/s\/fonas-csuhe-gyekeny-stb\/t-482"},"breadcrumb":[{"position":1,"name":"Meska.hu","url":"https:\/\/www.meska.hu","last":true}],"h1":null,"url":{"url":"https:\/\/www.meska.hu\/s\/fonas-csuhe-gyekeny-stb\/t-482","title":"Mind","_debug_":false},"_count_":100}