{"_terms_":{"phrase":"bar\u00e1ts\u00e1g","gift_lifestyle":"13","facets":"n","p":"1","pp":"100","sort_by":"","sort_direction":"desc","product_type":"kezmuves|alapanyag|vintage","session_id":"137u51dokgfs8e0e73al4al5tj"},"total":1401,"products":[{"id":"2052339","shop_id":"11289","user_id":"69455","shop_name":"Dettymoon","shop_zip":"8052","product_code":"4511430","product_name_old":null,"product_name":"Moh\u00e1s gyanta med\u00e1l nyakl\u00e1nc","category_string":"\u00c9kszer, Nyakl\u00e1nc, Med\u00e1los nyakl\u00e1nc","technic_string":"\u00c9kszerk\u00e9sz\u00edt\u00e9s","category_1":"327","category_2":"337","category_3":"1260","category_4":"0","merged_category_1":null,"merged_category_2":null,"merged_category_3":null,"technic_1":"477","technic_2":"0","technic_3":"0","color_1":"513","color_2":"529","color_3":"0","product_description_old":null,"product_description":" Minimalista \u00e9s letisztult a term\u00e9szet ihlette moh\u00e1s gyanta med\u00e1l, nyakl\u00e1nc. Feh\u00e9rv\u00e1rcsurg\u00f3i t\u00f3 s\u00e9ta alkalm\u00e1val gy\u0171jtve.  Az \u00e9rz\u00e9s, az \u00e9lm\u00e9ny is ott van a med\u00e1lban. :)\n \u00c1tl\u00e1tsz\u00f3, gyant\u00e1b\u00f3l k\u00e9sz\u00fclt k\u00f6nny\u0171 viselet, val\u00f3di, sz\u00e1r\u00edtott moh\u00e1val d\u00edsz\u00edtve. A med\u00e1ltart\u00f3 orvosi f\u00e9m (nem kopik le!); \u00edgy f\u00e9m\u00e9rz\u00e9kenyek is haszn\u00e1lhatj\u00e1k.\n A k\u00f6r nagyon r\u00e9gi \u0151si szimb\u00f3lum. A teremt\u0151 er\u0151 jelk\u00e9pe, amely egyben teljes\n\u00e9s t\u00f6k\u00e9letes, a v\u00e9gtelen egys\u00e9g, a folytonoss\u00e1g szimb\u00f3luma. Az abszol\u00fat jelk\u00e9pe is, mivel mindig saj\u00e1t mag\u00e1ba fordul vissza nincs se kezdete, se v\u00e9ge m\u00e9gis befejezett, teh\u00e1t t\u00f6k\u00e9letes.\nMed\u00e1l m\u00e9rete: 4 ~ 4,5  cm\n Nyakl\u00e1ncalap tetsz\u00e9s szerint v\u00e1laszthat\u00f3 hozz\u00e1 (sz\u00ednek az utols\u00f3 k\u00e9pen, a k\u00e9szlet v\u00e1ltoz\u00f3, v\u00e1s\u00e1rl\u00e1skor \u00e9rdekl\u0151dni!):\n -  merev sodrony nyakl\u00e1nc 45 cm \n - organza 45 cm+ 5 cm l\u00e1nchosszabb\u00edt\u00f3\n Als\u00f3 sor: \n - barna \u00e9s t\u00fcrkiz b\u0151r sz\u00e1l kb 90 cm \u00e9s 80 cm\n - v\u00e9kony kaucsuk:\n     - 45 cm + 5 cm l\u00e1nchosszabb\u00edt\u00f3\n     - 62 cm + 5cm l\u00e1nchosszabb\u00edt\u00f3 \u00e9s\n - sz\u00ednes vegyes b\u0151r sz\u00e1lak kb 74 cm\nMindegyikkel m\u00e1s m\u00e1s st\u00edlust \u00e9s hangulatot k\u00e9pvisel, \u00e9ppen ez\u00e9rt el\u00e9g egy nyakl\u00e1nc alap cser\u00e9je \u00e9s a h\u00e9tk\u00f6znapib\u00f3l m\u00e1r is eleg\u00e1ns, alkalmi viselet hozhat\u00f3 l\u00e9tre.\n  Az \u00e1r a med\u00e1lra \u00e9s 1db hozz\u00e1 val\u00f3 l\u00e1ncra (nyakl\u00e1nc alapra) vonatkozik. \nIg\u00e9nyelhet\u0151 hozz\u00e1 t\u00f6bb nyakl\u00e1nc alap is!\n K\u00e9szterm\u00e9k, azonnal post\u00e1zhat\u00f3! Szem\u00e9lyes \u00e1tv\u00e9telre Sz\u00e9kesfeh\u00e9rv\u00e1ron van lehet\u0151s\u00e9g. ","price":"4600.00","unit":"db","recommended":"0","status":"1","sponsored":"0","exp_notify":"0","own_material":"0","own_material_description_old":null,"own_material_description":"","jury":"0","jury_number":"","product_nature":"","meskaracsony":"0","create_date":"2026-01-06 10:56:53","shelve_id":"56508","image":"dettymoon_product_69455_181010162919_403760.jpeg","image_width":"480","image_height":"508","image_alt":"Moh\u00e1s gyanta med\u00e1l nyakl\u00e1nc,  Minimalista \u00e9s letisztult a term\u00e9szet ihlette moh\u00e1s gyanta med\u00e1l, nyakl\u00e1nc. Feh\u00e9rv\u00e1rcsurg\u00f3i t\u00f3 s\u00e9ta..., Meska","image_title":"Moh\u00e1s gyanta med\u00e1l nyakl\u00e1nc, Meska","view_count":"2213","favourite_count":"0","trending_score":"0","last2MonthFavouriteCount":"0","promotion":"0","giftcard_accept":"0","creditcard_accept":false,"enhanced_background":"0","domain":"meska","specific_customer_id":null,"specific_customer_name":null,"to_order_product":"0","to_order_product_time":"0","product_different":null,"product_different_description":"","vintage":"0","vintage_category_id":"0","recycled":"0","gemstone_id":"0","customizable":"0","type_category":"physical","zerowaste":"0","postage_price":"1290.00","shop_order":"0","has_category":"1","landing_pages":"Kar\u00e1csonyi aj\u00e1nd\u00e9kok","microdata":{"number":1,"category":""},"title":"Moh\u00e1s gyanta med\u00e1l nyakl\u00e1nc","description":" Minimalista \u00e9s letisztult a term\u00e9szet ihlette moh\u00e1s gyanta med\u00e1l, nyakl\u00e1nc. Feh\u00e9rv\u00e1rcsurg\u00f3i t\u00f3 s\u00e9ta alkalm\u00e1val gy\u0171jtve.  Az \u00e9rz\u00e9s, az \u00e9lm\u00e9ny is ott van a med\u00e1lban. :)\n \u00c1tl\u00e1tsz\u00f3, gyant\u00e1b\u00f3l k\u00e9sz\u00fclt k\u00f6nny\u0171 viselet, val\u00f3di, sz\u00e1r\u00edtott moh\u00e1val d\u00edsz\u00edtve. A med\u00e1ltart\u00f3 orvosi f\u00e9m (nem kopik le!); \u00edgy f\u00e9m\u00e9rz\u00e9kenyek is haszn\u00e1lhatj\u00e1k.\n A k\u00f6r nagyon r\u00e9gi \u0151si szimb\u00f3lum. A teremt\u0151 er\u0151 jelk\u00e9pe, amely egyben teljes\n\u00e9s t\u00f6k\u00e9letes, a v\u00e9gtelen egys\u00e9g, a folytonoss\u00e1g szimb\u00f3luma. Az abszol\u00fat jelk\u00e9pe is, mivel mindig saj\u00e1t mag\u00e1ba fordul vissza nincs se kezdete, se v\u00e9ge m\u00e9gis befejezett, teh\u00e1t t\u00f6k\u00e9letes.\nMed\u00e1l m\u00e9rete: 4 ~ 4,5  cm\n Nyakl\u00e1ncalap tetsz\u00e9s szerint v\u00e1laszthat\u00f3 hozz\u00e1 (sz\u00ednek az utols\u00f3 k\u00e9pen, a k\u00e9szlet v\u00e1ltoz\u00f3, v\u00e1s\u00e1rl\u00e1skor \u00e9rdekl\u0151dni!):\n -  merev sodrony nyakl\u00e1nc 45 cm \n - organza 45 cm+ 5 cm l\u00e1nchosszabb\u00edt\u00f3\n Als\u00f3 sor: \n - barna \u00e9s t\u00fcrkiz b\u0151r sz\u00e1l kb 90 cm \u00e9s 80 cm\n - v\u00e9kony kaucsuk:\n     - 45 cm + 5 cm l\u00e1nchosszabb\u00edt\u00f3\n     - 62 cm + 5cm l\u00e1nchosszabb\u00edt\u00f3 \u00e9s\n - sz\u00ednes vegyes b\u0151r sz\u00e1lak kb 74 cm\nMindegyikkel m\u00e1s m\u00e1s st\u00edlust \u00e9s hangulatot k\u00e9pvisel, \u00e9ppen ez\u00e9rt el\u00e9g egy nyakl\u00e1nc alap cser\u00e9je \u00e9s a h\u00e9tk\u00f6znapib\u00f3l m\u00e1r is eleg\u00e1ns, alkalmi viselet hozhat\u00f3 l\u00e9tre.\n  Az \u00e1r a med\u00e1lra \u00e9s 1db hozz\u00e1 val\u00f3 l\u00e1ncra (nyakl\u00e1nc alapra) vonatkozik. \nIg\u00e9nyelhet\u0151 hozz\u00e1 t\u00f6bb nyakl\u00e1nc alap is!\n K\u00e9szterm\u00e9k, azonnal post\u00e1zhat\u00f3! Szem\u00e9lyes \u00e1tv\u00e9telre Sz\u00e9kesfeh\u00e9rv\u00e1ron van lehet\u0151s\u00e9g. ","score":100.0244,"formatted_price":"4 600 Ft","image_url":"https:\/\/www.meska.hu\/img\/product\/small\/d\/e\/dettymoon_product_69455_181010162919_403760.jpeg","formatted_url":"https:\/\/www.meska.hu\/p4511430-mohas-gyanta-medal-nyaklanc","favourite":false,"in_stock":true,"avatar":"Dettymoon_avatar_69455_1548756319.jpg","delete_from":0,"is_enhanced_background":false,"is_enhanced":false,"product_selection_started":false,"is_active":true,"image_webp_url":"https:\/\/www.meska.hu\/img\/product\/small\/d\/e\/dettymoon_product_69455_181010162919_403760.webp"},{"id":"2817176","shop_id":"24098","user_id":"273535","shop_name":"romandoramaria","shop_zip":"2022","product_code":"3993687","product_name_old":null,"product_name":"\" Egy\u00fcttl\u00e9tben\" Akvarell festm\u00e9ny, lovak, l\u00f3, bar\u00e1ts\u00e1g, szerelem","category_string":"M\u0171v\u00e9szet, Festm\u00e9ny, Akvarell","technic_string":"Fest\u00e9szet, Gyertya-, m\u00e9csesk\u00e9sz\u00edt\u00e9s","category_1":"357","category_2":"358","category_3":"360","category_4":"0","merged_category_1":null,"merged_category_2":null,"merged_category_3":null,"technic_1":"480","technic_2":"484","technic_3":"0","color_1":"521","color_2":"523","color_3":"526","product_description_old":null,"product_description":"\"Egy\u00fcttl\u00e9tben\" Az eredeti akvarell festm\u00e9nyemr\u0151l kiv\u00e1l\u00f3 min\u0151s\u00e9g m\u0171v\u00e9szi nyomat. A\/4-es m\u00e9ret\u0171. canson struktur\u00e1lt, savmentes akvarellpap\u00edrra.\nMinden festm\u00e9ny szign\u00f3zva, \u00e9vsz\u00e1mmal ell\u00e1tva, kartonnal meger\u0151s\u00edtve, celof\u00e1ntasakban \u00e9s b\u00e9lelt bor\u00edt\u00e9kban k\u00fcld\u00f6k.\n\nA keretek \u00e9s egy\u00e9b d\u00edszletek, kieg\u00e9sz\u00edt\u0151k csak illusztrat\u00edv jelleget k\u00e9peznek!\nB\u00e1rmilyen szabv\u00e1ny A\/4-es keretben j\u00f3l mutat.\nSZERZ\u0150I JOG:\n- Minden jog fenntartva\nFelh\u00edvom figyelm\u00e9t, hogy a szerz\u0151i jog minden term\u00e9kre megmarad, kiz\u00e1r\u00f3lagosan csakis a m\u0171v\u00e9sz\u00e9, \u00e9s nem ker\u00fcl \u00e1t a v\u00e1s\u00e1rl\u00f3ra.\nA k\u00e9peimet, festm\u00e9nyeimet, illusztr\u00e1ci\u00f3imat szerz\u0151i jog v\u00e9di!\nSemmilyen form\u00e1ban nem sokszoros\u00edthat\u00f3, m\u00e1solhat\u00f3, oszthat\u00f3, gy\u00e1rthat\u00f3. \nA term\u00e9kek csakis szem\u00e9lyes haszn\u00e1latra vehet\u0151k egy\u00e9b felhazsn\u00e1l\u00e1sra csak a m\u0171v\u00e9sz beleegyez\u00e9s\u00e9vel ker\u00fclhet sor.\nKereskedelemben nem \u00e9rt\u00e9kes\u00edthet\u0151 az alkot\u00f3 Enged\u00e9lye n\u00e9lk\u00fcl. \nCOPYRIGHT\n- All rights reserved\n k\u00e9rd\u00e9sem van a term\u00e9kkel kapcsolatban\n\n","price":"5000.00","unit":"db","recommended":"0","status":"1","sponsored":"0","exp_notify":"0","own_material":"0","own_material_description_old":null,"own_material_description":"","jury":"0","jury_number":"","product_nature":"","meskaracsony":"0","create_date":"2026-02-18 13:19:19","shelve_id":"54107","image":"romandoramaria_product_273535_260218131953_42419.jpeg","image_width":"480","image_height":"660","image_alt":"\\\" Egy\u00fcttl\u00e9tben\\\" Akvarell festm\u00e9ny, lovak, l\u00f3, bar\u00e1ts\u00e1g, szerelem, \\\"Egy\u00fcttl\u00e9tben\\\" Az eredeti akvarell festm\u00e9nyemr\u0151l kiv\u00e1l\u00f3 min\u0151s\u00e9g m\u0171v\u00e9szi nyomat. A\/4-es m\u00e9ret\u0171. canso..., Meska","image_title":"\\\" Egy\u00fcttl\u00e9tben\\\" Akvarell festm\u00e9ny, lovak, l\u00f3, bar\u00e1ts\u00e1g, szerelem, Meska","view_count":"1039","favourite_count":"0","trending_score":"0","last2MonthFavouriteCount":"0","promotion":0,"giftcard_accept":"1","creditcard_accept":false,"enhanced_background":"0","domain":"meska","specific_customer_id":null,"specific_customer_name":null,"to_order_product":"0","to_order_product_time":"0","product_different":null,"product_different_description":"","vintage":"0","vintage_category_id":"0","recycled":"0","gemstone_id":"0","customizable":"0","type_category":"physical","zerowaste":"0","postage_price":"2390.00","shop_order":"0","has_category":"1","landing_pages":null,"microdata":{"number":2,"category":""},"title":"\" Egy\u00fcttl\u00e9tben\" Akvarell festm\u00e9ny, lovak, l\u00f3, bar\u00e1ts\u00e1g, szerelem","description":"\"Egy\u00fcttl\u00e9tben\" Az eredeti akvarell festm\u00e9nyemr\u0151l kiv\u00e1l\u00f3 min\u0151s\u00e9g m\u0171v\u00e9szi nyomat. A\/4-es m\u00e9ret\u0171. canson struktur\u00e1lt, savmentes akvarellpap\u00edrra.\nMinden festm\u00e9ny szign\u00f3zva, \u00e9vsz\u00e1mmal ell\u00e1tva, kartonnal meger\u0151s\u00edtve, celof\u00e1ntasakban \u00e9s b\u00e9lelt bor\u00edt\u00e9kban k\u00fcld\u00f6k.\n\nA keretek \u00e9s egy\u00e9b d\u00edszletek, kieg\u00e9sz\u00edt\u0151k csak illusztrat\u00edv jelleget k\u00e9peznek!\nB\u00e1rmilyen szabv\u00e1ny A\/4-es keretben j\u00f3l mutat.\nSZERZ\u0150I JOG:\n- Minden jog fenntartva\nFelh\u00edvom figyelm\u00e9t, hogy a szerz\u0151i jog minden term\u00e9kre megmarad, kiz\u00e1r\u00f3lagosan csakis a m\u0171v\u00e9sz\u00e9, \u00e9s nem ker\u00fcl \u00e1t a v\u00e1s\u00e1rl\u00f3ra.\nA k\u00e9peimet, festm\u00e9nyeimet, illusztr\u00e1ci\u00f3imat szerz\u0151i jog v\u00e9di!\nSemmilyen form\u00e1ban nem sokszoros\u00edthat\u00f3, m\u00e1solhat\u00f3, oszthat\u00f3, gy\u00e1rthat\u00f3. \nA term\u00e9kek csakis szem\u00e9lyes haszn\u00e1latra vehet\u0151k egy\u00e9b felhazsn\u00e1l\u00e1sra csak a m\u0171v\u00e9sz beleegyez\u00e9s\u00e9vel ker\u00fclhet sor.\nKereskedelemben nem \u00e9rt\u00e9kes\u00edthet\u0151 az alkot\u00f3 Enged\u00e9lye n\u00e9lk\u00fcl. \nCOPYRIGHT\n- All rights reserved\n k\u00e9rd\u00e9sem van a term\u00e9kkel kapcsolatban\n\n","score":56.771004,"formatted_price":"5 000 Ft","image_url":"https:\/\/www.meska.hu\/img\/product\/small\/r\/o\/romandoramaria_product_273535_260218131953_42419.jpeg","formatted_url":"https:\/\/www.meska.hu\/p3993687-egyuttletben-eredeti-akvarell-festmeny-lovak-lo-baratsag-szerelem","favourite":false,"in_stock":true,"avatar":"romandoramaria_avatar_273535_1537808140.jpg","delete_from":0,"is_enhanced_background":false,"is_enhanced":false,"product_selection_started":false,"is_active":true,"image_webp_url":"https:\/\/www.meska.hu\/img\/product\/small\/r\/o\/romandoramaria_product_273535_260218131953_42419.webp"},{"id":"2820708","shop_id":"24098","user_id":"273535","shop_name":"romandoramaria","shop_zip":"2022","product_code":"4629308","product_name_old":null,"product_name":"\"Veled\" EREDETI akvarell festm\u00e9ny, lovak, l\u00f3, bar\u00e1ts\u00e1g, szerelem","category_string":"M\u0171v\u00e9szet, Festm\u00e9ny, Akvarell","technic_string":"Fest\u00e9szet, Gyertya-, m\u00e9csesk\u00e9sz\u00edt\u00e9s","category_1":"357","category_2":"358","category_3":"360","category_4":"0","merged_category_1":null,"merged_category_2":null,"merged_category_3":null,"technic_1":"480","technic_2":"484","technic_3":"0","color_1":"521","color_2":"523","color_3":"526","product_description_old":null,"product_description":"\"Veled\" Az eredeti akvarell festm\u00e9nyem A\/4-es m\u00e9ret\u0171.Magas min\u0151s\u00e9g\u0171 230g\/m2 canson struktur\u00e1lt, savmentes akvarellpap\u00edrra.\nMinden festm\u00e9ny szign\u00f3zva, \u00e9vsz\u00e1mmal ell\u00e1tva, kartonnal meger\u0151s\u00edtve, celof\u00e1ntasakban \u00e9s b\u00e9lelt bor\u00edt\u00e9kban k\u00fcld\u00f6k.\n\nA keretek \u00e9s egy\u00e9b d\u00edszletek, kieg\u00e9sz\u00edt\u0151k csak illusztrat\u00edv jelleget k\u00e9peznek!\nB\u00e1rmilyen szabv\u00e1ny A\/4-es keretben j\u00f3l mutat.\nSZERZ\u0150I JOG:\n- Minden jog fenntartva\nFelh\u00edvom figyelm\u00e9t, hogy a szerz\u0151i jog minden term\u00e9kre megmarad, kiz\u00e1r\u00f3lagosan csakis a m\u0171v\u00e9sz\u00e9, \u00e9s nem ker\u00fcl \u00e1t a v\u00e1s\u00e1rl\u00f3ra.\nA k\u00e9peimet, festm\u00e9nyeimet, illusztr\u00e1ci\u00f3imat szerz\u0151i jog v\u00e9di!\nSemmilyen form\u00e1ban nem sokszoros\u00edthat\u00f3, m\u00e1solhat\u00f3, oszthat\u00f3, gy\u00e1rthat\u00f3. \nA term\u00e9kek csakis szem\u00e9lyes haszn\u00e1latra vehet\u0151k egy\u00e9b felhazsn\u00e1l\u00e1sra csak a m\u0171v\u00e9sz beleegyez\u00e9s\u00e9vel ker\u00fclhet sor.\nKereskedelemben nem \u00e9rt\u00e9kes\u00edthet\u0151 az alkot\u00f3 Enged\u00e9lye n\u00e9lk\u00fcl. \nCOPYRIGHT\n- All rights reserved\n k\u00e9rd\u00e9sem van a term\u00e9kkel kapcsolatban\n\n","price":"6100.00","unit":"db","recommended":"0","status":"1","sponsored":"0","exp_notify":"0","own_material":"0","own_material_description_old":null,"own_material_description":"","jury":"0","jury_number":"","product_nature":"","meskaracsony":"0","create_date":"2026-01-18 21:42:22","shelve_id":"54107","image":"romandoramaria_product_273535_210109134742_412120.jpeg","image_width":"480","image_height":"717","image_alt":"\\\"Veled\\\" EREDETI akvarell festm\u00e9ny, lovak, l\u00f3, bar\u00e1ts\u00e1g, szerelem, \\\"Veled\\\" Az eredeti akvarell festm\u00e9nyem A\/4-es m\u00e9ret\u0171.Magas min\u0151s\u00e9g\u0171 230g\/m2 canson struktur\u00e1lt, savm..., Meska","image_title":"\\\"Veled\\\" EREDETI akvarell festm\u00e9ny, lovak, l\u00f3, bar\u00e1ts\u00e1g, szerelem, Meska","view_count":"1134","favourite_count":"0","trending_score":"0","last2MonthFavouriteCount":"0","promotion":0,"giftcard_accept":"1","creditcard_accept":false,"enhanced_background":"0","domain":"meska","specific_customer_id":null,"specific_customer_name":null,"to_order_product":"1","to_order_product_time":"3","product_different":null,"product_different_description":"","vintage":"0","vintage_category_id":"0","recycled":"0","gemstone_id":"0","customizable":"0","type_category":"physical","zerowaste":"0","postage_price":"2390.00","shop_order":"0","has_category":"1","landing_pages":null,"microdata":{"number":3,"category":""},"title":"\"Veled\" EREDETI akvarell festm\u00e9ny, lovak, l\u00f3, bar\u00e1ts\u00e1g, szerelem","description":"\"Veled\" Az eredeti akvarell festm\u00e9nyem A\/4-es m\u00e9ret\u0171.Magas min\u0151s\u00e9g\u0171 230g\/m2 canson struktur\u00e1lt, savmentes akvarellpap\u00edrra.\nMinden festm\u00e9ny szign\u00f3zva, \u00e9vsz\u00e1mmal ell\u00e1tva, kartonnal meger\u0151s\u00edtve, celof\u00e1ntasakban \u00e9s b\u00e9lelt bor\u00edt\u00e9kban k\u00fcld\u00f6k.\n\nA keretek \u00e9s egy\u00e9b d\u00edszletek, kieg\u00e9sz\u00edt\u0151k csak illusztrat\u00edv jelleget k\u00e9peznek!\nB\u00e1rmilyen szabv\u00e1ny A\/4-es keretben j\u00f3l mutat.\nSZERZ\u0150I JOG:\n- Minden jog fenntartva\nFelh\u00edvom figyelm\u00e9t, hogy a szerz\u0151i jog minden term\u00e9kre megmarad, kiz\u00e1r\u00f3lagosan csakis a m\u0171v\u00e9sz\u00e9, \u00e9s nem ker\u00fcl \u00e1t a v\u00e1s\u00e1rl\u00f3ra.\nA k\u00e9peimet, festm\u00e9nyeimet, illusztr\u00e1ci\u00f3imat szerz\u0151i jog v\u00e9di!\nSemmilyen form\u00e1ban nem sokszoros\u00edthat\u00f3, m\u00e1solhat\u00f3, oszthat\u00f3, gy\u00e1rthat\u00f3. \nA term\u00e9kek csakis szem\u00e9lyes haszn\u00e1latra vehet\u0151k egy\u00e9b felhazsn\u00e1l\u00e1sra csak a m\u0171v\u00e9sz beleegyez\u00e9s\u00e9vel ker\u00fclhet sor.\nKereskedelemben nem \u00e9rt\u00e9kes\u00edthet\u0151 az alkot\u00f3 Enged\u00e9lye n\u00e9lk\u00fcl. \nCOPYRIGHT\n- All rights reserved\n k\u00e9rd\u00e9sem van a term\u00e9kkel kapcsolatban\n\n","score":56.771004,"formatted_price":"6 100 Ft","image_url":"https:\/\/www.meska.hu\/img\/product\/small\/r\/o\/romandoramaria_product_273535_210109134742_412120.jpeg","formatted_url":"https:\/\/www.meska.hu\/p4629308-veled-eredeti-akvarell-festmeny-lovak-lo-baratsag-szerelem","favourite":false,"in_stock":false,"avatar":"romandoramaria_avatar_273535_1537808140.jpg","delete_from":0,"is_enhanced_background":false,"is_enhanced":false,"product_selection_started":false,"is_active":true,"image_webp_url":"https:\/\/www.meska.hu\/img\/product\/small\/r\/o\/romandoramaria_product_273535_210109134742_412120.webp"},{"id":"5310741","shop_id":"612","user_id":"1858","shop_name":"Barbo","shop_zip":"1039","product_code":"5276245","product_name_old":null,"product_name":"J\u00e9gvar\u00e1zs t\u00fck\u00f6r","category_string":"Otthon & \u00c9letm\u00f3d, Dekor\u00e1ci\u00f3, T\u00fck\u00f6r","technic_string":"Festett t\u00e1rgyak","category_1":"813","category_2":"314","category_3":"950","category_4":"0","merged_category_1":null,"merged_category_2":null,"merged_category_3":null,"technic_1":"481","technic_2":"0","technic_3":"0","color_1":"519","color_2":"521","color_3":"0","product_description_old":null,"product_description":"Vegyes technik\u00e1val k\u00e9sz\u00edtett, festett \u00e9s lakkozott k\u00e9zi t\u00fck\u00f6r.\nM\u00e9rete: 13,5x8,5 cm.\nPost\u00e1n marad\u00f3 k\u00fcldem\u00e9nyk\u00e9nt vagy Foxpost automat\u00e1ba tudom k\u00fcldeni.\n\nHa fizet\u00e9ssel, \u00e1tv\u00e9tellel kapcsolatos k\u00e9rd\u00e9sed van, a Sz\u00e1ll\u00edt\u00e1si inf\u00f3k f\u00fclre kattintva megtal\u00e1lhatod a v\u00e1laszt. Egy\u00e9b k\u00e9rd\u00e9sekkel keress b\u00e1tran bels\u0151 \u00fczenetben.\n\nK\u00f6sz\u00f6n\u00f6m, hogy megtekintetted a port\u00e9k\u00e1mat.                        ","price":"3990.00","unit":"db","recommended":"0","status":"1","sponsored":"0","exp_notify":"0","own_material":"0","own_material_description_old":null,"own_material_description":"","jury":"0","jury_number":"","product_nature":"","meskaracsony":"0","create_date":"2026-01-17 14:34:58","shelve_id":"1411","image":"barbo_product_1858_240421220005_865635.jpeg","image_width":"480","image_height":"500","image_alt":"J\u00e9gvar\u00e1zs t\u00fck\u00f6r, Vegyes technik\u00e1val k\u00e9sz\u00edtett, festett \u00e9s lakkozott k\u00e9zi t\u00fck\u00f6r.\\nM\u00e9rete: 13,5x8,5 cm.\\nPost\u00e1n marad\u00f3 k\u00fc..., Meska","image_title":"J\u00e9gvar\u00e1zs t\u00fck\u00f6r, Meska","view_count":"632","favourite_count":"0","trending_score":"0","last2MonthFavouriteCount":"0","promotion":"0","giftcard_accept":"1","creditcard_accept":false,"enhanced_background":"0","domain":"meska","specific_customer_id":null,"specific_customer_name":null,"to_order_product":"0","to_order_product_time":"0","product_different":null,"product_different_description":"","vintage":"1","vintage_category_id":"885","recycled":"0","gemstone_id":"0","customizable":"0","type_category":"physical","zerowaste":"0","postage_price":"2390.00","shop_order":"0","has_category":"1","landing_pages":null,"microdata":{"number":4,"category":""},"title":"J\u00e9gvar\u00e1zs t\u00fck\u00f6r","description":"Vegyes technik\u00e1val k\u00e9sz\u00edtett, festett \u00e9s lakkozott k\u00e9zi t\u00fck\u00f6r.\nM\u00e9rete: 13,5x8,5 cm.\nPost\u00e1n marad\u00f3 k\u00fcldem\u00e9nyk\u00e9nt vagy Foxpost automat\u00e1ba tudom k\u00fcldeni.\n\nHa fizet\u00e9ssel, \u00e1tv\u00e9tellel kapcsolatos k\u00e9rd\u00e9sed van, a Sz\u00e1ll\u00edt\u00e1si inf\u00f3k f\u00fclre kattintva megtal\u00e1lhatod a v\u00e1laszt. Egy\u00e9b k\u00e9rd\u00e9sekkel keress b\u00e1tran bels\u0151 \u00fczenetben.\n\nK\u00f6sz\u00f6n\u00f6m, hogy megtekintetted a port\u00e9k\u00e1mat.                        ","score":2.008666,"formatted_price":"3 990 Ft","image_url":"https:\/\/www.meska.hu\/img\/product\/small\/b\/a\/barbo_product_1858_240421220005_865635.jpeg","formatted_url":"https:\/\/www.meska.hu\/p5276245-jegvarazs-tukor","favourite":false,"in_stock":true,"avatar":"Barbo_avatar_1858.jpg","delete_from":0,"is_enhanced_background":false,"is_enhanced":false,"product_selection_started":false,"is_active":true,"image_webp_url":"https:\/\/www.meska.hu\/img\/product\/small\/b\/a\/barbo_product_1858_240421220005_865635.webp"},{"id":"5307654","shop_id":"612","user_id":"1858","shop_name":"Barbo","shop_zip":"1039","product_code":"5273423","product_name_old":null,"product_name":"Tengerparti Kincsek - d\u00edszdoboz","category_string":"\u00c9kszer, \u00c9kszertart\u00f3, \u00c9kszerdoboz","technic_string":"Festett t\u00e1rgyak","category_1":"327","category_2":"565","category_3":"1207","category_4":"0","merged_category_1":null,"merged_category_2":null,"merged_category_3":null,"technic_1":"481","technic_2":"0","technic_3":"0","color_1":"515","color_2":"519","color_3":"521","product_description_old":null,"product_description":"Festett \u00e9s lakkozott h\u00e1ncs doboz, a tetej\u00e9n val\u00f3di kagyl\u00f3kkal \u00e9s csig\u00e1kkal, belsej\u00e9ben decoupage d\u00edsz\u00edt\u00e9ssel.\n\u00c1tm\u00e9r\u0151je 13,5 cm, magass\u00e1ga 8 cm.\n\nHa fizet\u00e9ssel, \u00e1tv\u00e9tellel kapcsolatos k\u00e9rd\u00e9sed van, a Sz\u00e1ll\u00edt\u00e1si inf\u00f3k f\u00fclre kattintva megtal\u00e1lhatod a v\u00e1laszt. Egy\u00e9b k\u00e9rd\u00e9sekkel keress b\u00e1tran bels\u0151 \u00fczenetben.\n\nK\u00f6sz\u00f6n\u00f6m, hogy megtekintetted a port\u00e9k\u00e1mat.                        ","price":"4990.00","unit":"db","recommended":"0","status":"1","sponsored":"0","exp_notify":"0","own_material":"0","own_material_description_old":null,"own_material_description":"","jury":"0","jury_number":"","product_nature":"","meskaracsony":"0","create_date":"2026-01-18 11:14:50","shelve_id":"1411","image":"barbo_product_1858_240421135212_979798.jpeg","image_width":"480","image_height":"480","image_alt":"Tengerparti Kincsek - d\u00edszdoboz, Festett \u00e9s lakkozott h\u00e1ncs doboz, a tetej\u00e9n val\u00f3di kagyl\u00f3kkal \u00e9s csig\u00e1kkal, belsej\u00e9ben decoupage d\u00eds..., Meska","image_title":"Tengerparti Kincsek - d\u00edszdoboz, Meska","view_count":"500","favourite_count":"0","trending_score":"0","last2MonthFavouriteCount":"0","promotion":"0","giftcard_accept":"1","creditcard_accept":false,"enhanced_background":"0","domain":"meska","specific_customer_id":null,"specific_customer_name":null,"to_order_product":"0","to_order_product_time":"0","product_different":null,"product_different_description":"","vintage":"1","vintage_category_id":"885","recycled":"0","gemstone_id":"0","customizable":"0","type_category":"physical","zerowaste":"0","postage_price":"2390.00","shop_order":"0","has_category":"1","landing_pages":null,"microdata":{"number":5,"category":""},"title":"Tengerparti Kincsek - d\u00edszdoboz","description":"Festett \u00e9s lakkozott h\u00e1ncs doboz, a tetej\u00e9n val\u00f3di kagyl\u00f3kkal \u00e9s csig\u00e1kkal, belsej\u00e9ben decoupage d\u00edsz\u00edt\u00e9ssel.\n\u00c1tm\u00e9r\u0151je 13,5 cm, magass\u00e1ga 8 cm.\n\nHa fizet\u00e9ssel, \u00e1tv\u00e9tellel kapcsolatos k\u00e9rd\u00e9sed van, a Sz\u00e1ll\u00edt\u00e1si inf\u00f3k f\u00fclre kattintva megtal\u00e1lhatod a v\u00e1laszt. Egy\u00e9b k\u00e9rd\u00e9sekkel keress b\u00e1tran bels\u0151 \u00fczenetben.\n\nK\u00f6sz\u00f6n\u00f6m, hogy megtekintetted a port\u00e9k\u00e1mat.                        ","score":2.008666,"formatted_price":"4 990 Ft","image_url":"https:\/\/www.meska.hu\/img\/product\/small\/b\/a\/barbo_product_1858_240421135212_979798.jpeg","formatted_url":"https:\/\/www.meska.hu\/p5273423-tengerparti-kincsek-diszdoboz","favourite":false,"in_stock":true,"avatar":"Barbo_avatar_1858.jpg","delete_from":0,"is_enhanced_background":false,"is_enhanced":false,"product_selection_started":false,"is_active":true,"image_webp_url":"https:\/\/www.meska.hu\/img\/product\/small\/b\/a\/barbo_product_1858_240421135212_979798.webp"},{"id":"5310109","shop_id":"612","user_id":"1858","shop_name":"Barbo","shop_zip":"1039","product_code":"5275679","product_name_old":null,"product_name":"Erdei bogy\u00f3s t\u00fck\u00f6r","category_string":"Otthon & \u00c9letm\u00f3d, Dekor\u00e1ci\u00f3, T\u00fck\u00f6r","technic_string":"Festett t\u00e1rgyak","category_1":"813","category_2":"314","category_3":"950","category_4":"0","merged_category_1":null,"merged_category_2":null,"merged_category_3":null,"technic_1":"481","technic_2":"0","technic_3":"0","color_1":"568","color_2":"523","color_3":"529","product_description_old":null,"product_description":"Vegyes technik\u00e1val k\u00e9sz\u00edtett, festett \u00e9s lakkozott k\u00e9zi t\u00fck\u00f6r.\nM\u00e9rete: 13,5x8,5 cm.\nPost\u00e1n marad\u00f3 k\u00fcldem\u00e9nyk\u00e9nt vagy Foxpost automat\u00e1ba tudom k\u00fcldeni.\n\nHa fizet\u00e9ssel, \u00e1tv\u00e9tellel kapcsolatos k\u00e9rd\u00e9sed van, a Sz\u00e1ll\u00edt\u00e1si inf\u00f3k f\u00fclre kattintva megtal\u00e1lhatod a v\u00e1laszt. Egy\u00e9b k\u00e9rd\u00e9sekkel keress b\u00e1tran bels\u0151 \u00fczenetben.\n\nK\u00f6sz\u00f6n\u00f6m, hogy megtekintetted a port\u00e9k\u00e1mat.                        ","price":"3990.00","unit":"db","recommended":"0","status":"1","sponsored":"0","exp_notify":"0","own_material":"0","own_material_description_old":null,"own_material_description":"","jury":"0","jury_number":"","product_nature":"","meskaracsony":"0","create_date":"2026-01-17 13:47:43","shelve_id":"1411","image":"barbo_product_1858_240421202138_96496.jpeg","image_width":"480","image_height":"504","image_alt":"Erdei bogy\u00f3s t\u00fck\u00f6r, Vegyes technik\u00e1val k\u00e9sz\u00edtett, festett \u00e9s lakkozott k\u00e9zi t\u00fck\u00f6r.\\nM\u00e9rete: 13,5x8,5 cm.\\nPost\u00e1n marad\u00f3 k\u00fc..., Meska","image_title":"Erdei bogy\u00f3s t\u00fck\u00f6r, Meska","view_count":"478","favourite_count":"0","trending_score":"0","last2MonthFavouriteCount":"0","promotion":"0","giftcard_accept":"1","creditcard_accept":false,"enhanced_background":"0","domain":"meska","specific_customer_id":null,"specific_customer_name":null,"to_order_product":"0","to_order_product_time":"0","product_different":null,"product_different_description":"","vintage":"1","vintage_category_id":"885","recycled":"0","gemstone_id":"0","customizable":"0","type_category":"physical","zerowaste":"0","postage_price":"2390.00","shop_order":"0","has_category":"1","landing_pages":null,"microdata":{"number":6,"category":""},"title":"Erdei bogy\u00f3s t\u00fck\u00f6r","description":"Vegyes technik\u00e1val k\u00e9sz\u00edtett, festett \u00e9s lakkozott k\u00e9zi t\u00fck\u00f6r.\nM\u00e9rete: 13,5x8,5 cm.\nPost\u00e1n marad\u00f3 k\u00fcldem\u00e9nyk\u00e9nt vagy Foxpost automat\u00e1ba tudom k\u00fcldeni.\n\nHa fizet\u00e9ssel, \u00e1tv\u00e9tellel kapcsolatos k\u00e9rd\u00e9sed van, a Sz\u00e1ll\u00edt\u00e1si inf\u00f3k f\u00fclre kattintva megtal\u00e1lhatod a v\u00e1laszt. Egy\u00e9b k\u00e9rd\u00e9sekkel keress b\u00e1tran bels\u0151 \u00fczenetben.\n\nK\u00f6sz\u00f6n\u00f6m, hogy megtekintetted a port\u00e9k\u00e1mat.                        ","score":2.008666,"formatted_price":"3 990 Ft","image_url":"https:\/\/www.meska.hu\/img\/product\/small\/b\/a\/barbo_product_1858_240421202138_96496.jpeg","formatted_url":"https:\/\/www.meska.hu\/p5275679-erdei-bogyos-tukor","favourite":false,"in_stock":true,"avatar":"Barbo_avatar_1858.jpg","delete_from":0,"is_enhanced_background":false,"is_enhanced":false,"product_selection_started":false,"is_active":true,"image_webp_url":"https:\/\/www.meska.hu\/img\/product\/small\/b\/a\/barbo_product_1858_240421202138_96496.webp"},{"id":"5373642","shop_id":"612","user_id":"1858","shop_name":"Barbo","shop_zip":"1039","product_code":"5308834","product_name_old":null,"product_name":"F\u0151nix - \u00fcvegfestm\u00e9ny","category_string":"M\u0171v\u00e9szet, Festm\u00e9ny, \u00dcvegfestm\u00e9ny","technic_string":"Festett t\u00e1rgyak, \u00dcvegm\u0171v\u00e9szet","category_1":"357","category_2":"358","category_3":"1325","category_4":"0","merged_category_1":null,"merged_category_2":null,"merged_category_3":null,"technic_1":"481","technic_2":"505","technic_3":"0","color_1":"568","color_2":"523","color_3":"526","product_description_old":null,"product_description":"\u00dcveglapra festett k\u00e9p, furn\u00e9r h\u00e1tlappal, klipszes keretben.\n30 cm sz\u00e9les, 40 cm magas.\n\nHa fizet\u00e9ssel, \u00e1tv\u00e9tellel kapcsolatos k\u00e9rd\u00e9sed van, a Sz\u00e1ll\u00edt\u00e1si inf\u00f3k f\u00fclre kattintva megtal\u00e1lhatod a v\u00e1laszt. Egy\u00e9b k\u00e9rd\u00e9sekkel keress b\u00e1tran bels\u0151 \u00fczenetben.\n\nK\u00f6sz\u00f6n\u00f6m, hogy megtekintetted a port\u00e9k\u00e1mat.                         ","price":"24900.00","unit":"db","recommended":"0","status":"1","sponsored":"0","exp_notify":"0","own_material":"0","own_material_description_old":null,"own_material_description":"","jury":"0","jury_number":"","product_nature":"","meskaracsony":"0","create_date":"2026-01-18 08:17:31","shelve_id":"8101","image":"barbo_product_1858_240608215334_702473.jpeg","image_width":"480","image_height":"534","image_alt":"F\u0151nix - \u00fcvegfestm\u00e9ny, \u00dcveglapra festett k\u00e9p, furn\u00e9r h\u00e1tlappal, klipszes keretben.\\n30 cm sz\u00e9les, 40 cm magas.\\n\\nHa fizet\u00e9sse..., Meska","image_title":"F\u0151nix - \u00fcvegfestm\u00e9ny, Meska","view_count":"482","favourite_count":"0","trending_score":"0","last2MonthFavouriteCount":"0","promotion":"0","giftcard_accept":"1","creditcard_accept":false,"enhanced_background":"0","domain":"meska","specific_customer_id":null,"specific_customer_name":null,"to_order_product":"0","to_order_product_time":"0","product_different":null,"product_different_description":"","vintage":"0","vintage_category_id":"0","recycled":"0","gemstone_id":"0","customizable":"0","type_category":"physical","zerowaste":"0","postage_price":"2390.00","shop_order":"0","has_category":"1","landing_pages":null,"microdata":{"number":7,"category":""},"title":"F\u0151nix - \u00fcvegfestm\u00e9ny","description":"\u00dcveglapra festett k\u00e9p, furn\u00e9r h\u00e1tlappal, klipszes keretben.\n30 cm sz\u00e9les, 40 cm magas.\n\nHa fizet\u00e9ssel, \u00e1tv\u00e9tellel kapcsolatos k\u00e9rd\u00e9sed van, a Sz\u00e1ll\u00edt\u00e1si inf\u00f3k f\u00fclre kattintva megtal\u00e1lhatod a v\u00e1laszt. Egy\u00e9b k\u00e9rd\u00e9sekkel keress b\u00e1tran bels\u0151 \u00fczenetben.\n\nK\u00f6sz\u00f6n\u00f6m, hogy megtekintetted a port\u00e9k\u00e1mat.                         ","score":2.008666,"formatted_price":"24 900 Ft","image_url":"https:\/\/www.meska.hu\/img\/product\/small\/b\/a\/barbo_product_1858_240608215334_702473.jpeg","formatted_url":"https:\/\/www.meska.hu\/p5308834-fonix-uvegfestmeny","favourite":false,"in_stock":true,"avatar":"Barbo_avatar_1858.jpg","delete_from":0,"is_enhanced_background":false,"is_enhanced":false,"product_selection_started":false,"is_active":true,"image_webp_url":"https:\/\/www.meska.hu\/img\/product\/small\/b\/a\/barbo_product_1858_240608215334_702473.webp"},{"id":"5373878","shop_id":"612","user_id":"1858","shop_name":"Barbo","shop_zip":"1039","product_code":"5309059","product_name_old":null,"product_name":"T\u0171zok\u00e1d\u00f3 - \u00fcvegfestm\u00e9ny","category_string":"M\u0171v\u00e9szet, Festm\u00e9ny, \u00dcvegfestm\u00e9ny","technic_string":"Festett t\u00e1rgyak, \u00dcvegm\u0171v\u00e9szet","category_1":"357","category_2":"358","category_3":"1325","category_4":"0","merged_category_1":null,"merged_category_2":null,"merged_category_3":null,"technic_1":"481","technic_2":"505","technic_3":"0","color_1":"512","color_2":"529","color_3":"0","product_description_old":null,"product_description":"\u00dcveglapra festett k\u00e9p, fa keretben.\nKeret n\u00e9lk\u00fcl 18 cm sz\u00e9les, 24 cm magas.\n\nHa fizet\u00e9ssel, \u00e1tv\u00e9tellel kapcsolatos k\u00e9rd\u00e9sed van, a Sz\u00e1ll\u00edt\u00e1si inf\u00f3k f\u00fclre kattintva megtal\u00e1lhatod a v\u00e1laszt. Egy\u00e9b k\u00e9rd\u00e9sekkel keress b\u00e1tran bels\u0151 \u00fczenetben.\n\nK\u00f6sz\u00f6n\u00f6m, hogy megtekintetted a port\u00e9k\u00e1mat.                         ","price":"15000.00","unit":"db","recommended":"0","status":"1","sponsored":"0","exp_notify":"0","own_material":"0","own_material_description_old":null,"own_material_description":"","jury":"0","jury_number":"","product_nature":"","meskaracsony":"0","create_date":"2026-01-17 18:43:22","shelve_id":"8101","image":"barbo_product_1858_240608223808_948115.jpeg","image_width":"480","image_height":"578","image_alt":"T\u0171zok\u00e1d\u00f3 - \u00fcvegfestm\u00e9ny, \u00dcveglapra festett k\u00e9p, fa keretben.\\nKeret n\u00e9lk\u00fcl 18 cm sz\u00e9les, 24 cm magas.\\n\\nHa fizet\u00e9ssel, \u00e1tv\u00e9tell..., Meska","image_title":"T\u0171zok\u00e1d\u00f3 - \u00fcvegfestm\u00e9ny, Meska","view_count":"494","favourite_count":"0","trending_score":"0","last2MonthFavouriteCount":"0","promotion":"0","giftcard_accept":"1","creditcard_accept":false,"enhanced_background":"0","domain":"meska","specific_customer_id":null,"specific_customer_name":null,"to_order_product":"0","to_order_product_time":"0","product_different":null,"product_different_description":"","vintage":"0","vintage_category_id":"0","recycled":"0","gemstone_id":"0","customizable":"0","type_category":"physical","zerowaste":"0","postage_price":"2390.00","shop_order":"0","has_category":"1","landing_pages":null,"microdata":{"number":8,"category":""},"title":"T\u0171zok\u00e1d\u00f3 - \u00fcvegfestm\u00e9ny","description":"\u00dcveglapra festett k\u00e9p, fa keretben.\nKeret n\u00e9lk\u00fcl 18 cm sz\u00e9les, 24 cm magas.\n\nHa fizet\u00e9ssel, \u00e1tv\u00e9tellel kapcsolatos k\u00e9rd\u00e9sed van, a Sz\u00e1ll\u00edt\u00e1si inf\u00f3k f\u00fclre kattintva megtal\u00e1lhatod a v\u00e1laszt. Egy\u00e9b k\u00e9rd\u00e9sekkel keress b\u00e1tran bels\u0151 \u00fczenetben.\n\nK\u00f6sz\u00f6n\u00f6m, hogy megtekintetted a port\u00e9k\u00e1mat.                         ","score":2.008666,"formatted_price":"15 000 Ft","image_url":"https:\/\/www.meska.hu\/img\/product\/small\/b\/a\/barbo_product_1858_240608223808_948115.jpeg","formatted_url":"https:\/\/www.meska.hu\/p5309059-tuzokado-uvegfestmeny","favourite":false,"in_stock":true,"avatar":"Barbo_avatar_1858.jpg","delete_from":0,"is_enhanced_background":false,"is_enhanced":false,"product_selection_started":false,"is_active":true,"image_webp_url":"https:\/\/www.meska.hu\/img\/product\/small\/b\/a\/barbo_product_1858_240608223808_948115.webp"},{"id":"5372556","shop_id":"612","user_id":"1858","shop_name":"Barbo","shop_zip":"1039","product_code":"5307854","product_name_old":null,"product_name":"Amf\u00f3ra - \u00fcvegfestm\u00e9ny","category_string":"M\u0171v\u00e9szet, Festm\u00e9ny, \u00dcvegfestm\u00e9ny","technic_string":"Festett t\u00e1rgyak, \u00dcvegm\u0171v\u00e9szet","category_1":"357","category_2":"358","category_3":"1325","category_4":"0","merged_category_1":null,"merged_category_2":null,"merged_category_3":null,"technic_1":"481","technic_2":"505","technic_3":"0","color_1":"512","color_2":"514","color_3":"568","product_description_old":null,"product_description":"\u00dcveglapra festett n\u0151i alak amf\u00f3r\u00e1val, fa keretben.\nKerettel egy\u00fctt 13 cm sz\u00e9les, 33,5 cm magas.\n\nHa fizet\u00e9ssel, \u00e1tv\u00e9tellel kapcsolatos k\u00e9rd\u00e9sed van, a Sz\u00e1ll\u00edt\u00e1si inf\u00f3k f\u00fclre kattintva megtal\u00e1lhatod a v\u00e1laszt. Egy\u00e9b k\u00e9rd\u00e9sekkel keress b\u00e1tran bels\u0151 \u00fczenetben.\n\nK\u00f6sz\u00f6n\u00f6m, hogy megtekintetted a port\u00e9k\u00e1mat.                         ","price":"18900.00","unit":"db","recommended":"0","status":"1","sponsored":"0","exp_notify":"0","own_material":"0","own_material_description_old":null,"own_material_description":"","jury":"0","jury_number":"","product_nature":"","meskaracsony":"0","create_date":"2026-01-18 08:17:27","shelve_id":"8101","image":"barbo_product_1858_240608183112_3972100.jpeg","image_width":"480","image_height":"469","image_alt":"Amf\u00f3ra - \u00fcvegfestm\u00e9ny, \u00dcveglapra festett n\u0151i alak amf\u00f3r\u00e1val, fa keretben.\\nKerettel egy\u00fctt 13 cm sz\u00e9les, 33,5 cm magas.\\n\\nHa ..., Meska","image_title":"Amf\u00f3ra - \u00fcvegfestm\u00e9ny, Meska","view_count":"586","favourite_count":"0","trending_score":"0","last2MonthFavouriteCount":"0","promotion":"0","giftcard_accept":"1","creditcard_accept":false,"enhanced_background":"0","domain":"meska","specific_customer_id":null,"specific_customer_name":null,"to_order_product":"0","to_order_product_time":"0","product_different":null,"product_different_description":"","vintage":"0","vintage_category_id":"0","recycled":"0","gemstone_id":"0","customizable":"0","type_category":"physical","zerowaste":"0","postage_price":"2390.00","shop_order":"0","has_category":"1","landing_pages":null,"microdata":{"number":9,"category":""},"title":"Amf\u00f3ra - \u00fcvegfestm\u00e9ny","description":"\u00dcveglapra festett n\u0151i alak amf\u00f3r\u00e1val, fa keretben.\nKerettel egy\u00fctt 13 cm sz\u00e9les, 33,5 cm magas.\n\nHa fizet\u00e9ssel, \u00e1tv\u00e9tellel kapcsolatos k\u00e9rd\u00e9sed van, a Sz\u00e1ll\u00edt\u00e1si inf\u00f3k f\u00fclre kattintva megtal\u00e1lhatod a v\u00e1laszt. Egy\u00e9b k\u00e9rd\u00e9sekkel keress b\u00e1tran bels\u0151 \u00fczenetben.\n\nK\u00f6sz\u00f6n\u00f6m, hogy megtekintetted a port\u00e9k\u00e1mat.                         ","score":2.008666,"formatted_price":"18 900 Ft","image_url":"https:\/\/www.meska.hu\/img\/product\/small\/b\/a\/barbo_product_1858_240608183112_3972100.jpeg","formatted_url":"https:\/\/www.meska.hu\/p5307854-amfora-uvegfestmeny","favourite":false,"in_stock":true,"avatar":"Barbo_avatar_1858.jpg","delete_from":0,"is_enhanced_background":false,"is_enhanced":false,"product_selection_started":false,"is_active":true,"image_webp_url":"https:\/\/www.meska.hu\/img\/product\/small\/b\/a\/barbo_product_1858_240608183112_3972100.webp"},{"id":"5373209","shop_id":"612","user_id":"1858","shop_name":"Barbo","shop_zip":"1039","product_code":"5308455","product_name_old":null,"product_name":"1927-es Cadillac - \u00fcvegfestm\u00e9ny","category_string":"M\u0171v\u00e9szet, Festm\u00e9ny, \u00dcvegfestm\u00e9ny","technic_string":"Festett t\u00e1rgyak, \u00dcvegm\u0171v\u00e9szet","category_1":"357","category_2":"358","category_3":"1325","category_4":"0","merged_category_1":null,"merged_category_2":null,"merged_category_3":null,"technic_1":"481","technic_2":"505","technic_3":"0","color_1":"519","color_2":"520","color_3":"568","product_description_old":null,"product_description":"\u00dcveglapra festett k\u00e9p, fa keretben.\nKeret n\u00e9lk\u00fcl 31 cm hossz\u00fa, 21 cm magas.\n\nHa fizet\u00e9ssel, \u00e1tv\u00e9tellel kapcsolatos k\u00e9rd\u00e9sed van, a Sz\u00e1ll\u00edt\u00e1si inf\u00f3k f\u00fclre kattintva megtal\u00e1lhatod a v\u00e1laszt. Egy\u00e9b k\u00e9rd\u00e9sekkel keress b\u00e1tran bels\u0151 \u00fczenetben.\n\nK\u00f6sz\u00f6n\u00f6m, hogy megtekintetted a port\u00e9k\u00e1mat.                         ","price":"19900.00","unit":"db","recommended":"0","status":"1","sponsored":"0","exp_notify":"0","own_material":"0","own_material_description_old":null,"own_material_description":"","jury":"0","jury_number":"","product_nature":"","meskaracsony":"0","create_date":"2026-01-18 09:10:59","shelve_id":"8101","image":"barbo_product_1858_240608203203_06469.jpeg","image_width":"480","image_height":"416","image_alt":"1927-es Cadillac - \u00fcvegfestm\u00e9ny, \u00dcveglapra festett k\u00e9p, fa keretben.\\nKeret n\u00e9lk\u00fcl 31 cm hossz\u00fa, 21 cm magas.\\n\\nHa fizet\u00e9ssel, \u00e1tv\u00e9tell..., Meska","image_title":"1927-es Cadillac - \u00fcvegfestm\u00e9ny, Meska","view_count":"415","favourite_count":"0","trending_score":"0","last2MonthFavouriteCount":"0","promotion":"0","giftcard_accept":"1","creditcard_accept":false,"enhanced_background":"0","domain":"meska","specific_customer_id":null,"specific_customer_name":null,"to_order_product":"0","to_order_product_time":"0","product_different":null,"product_different_description":"","vintage":"0","vintage_category_id":"0","recycled":"0","gemstone_id":"0","customizable":"0","type_category":"physical","zerowaste":"0","postage_price":"2390.00","shop_order":"0","has_category":"1","landing_pages":null,"microdata":{"number":10,"category":""},"title":"1927-es Cadillac - \u00fcvegfestm\u00e9ny","description":"\u00dcveglapra festett k\u00e9p, fa keretben.\nKeret n\u00e9lk\u00fcl 31 cm hossz\u00fa, 21 cm magas.\n\nHa fizet\u00e9ssel, \u00e1tv\u00e9tellel kapcsolatos k\u00e9rd\u00e9sed van, a Sz\u00e1ll\u00edt\u00e1si inf\u00f3k f\u00fclre kattintva megtal\u00e1lhatod a v\u00e1laszt. Egy\u00e9b k\u00e9rd\u00e9sekkel keress b\u00e1tran bels\u0151 \u00fczenetben.\n\nK\u00f6sz\u00f6n\u00f6m, hogy megtekintetted a port\u00e9k\u00e1mat.                         ","score":2.008666,"formatted_price":"19 900 Ft","image_url":"https:\/\/www.meska.hu\/img\/product\/small\/b\/a\/barbo_product_1858_240608203203_06469.jpeg","formatted_url":"https:\/\/www.meska.hu\/p5308455-1927-es-cadillac-uvegfestmeny","favourite":false,"in_stock":true,"avatar":"Barbo_avatar_1858.jpg","delete_from":0,"is_enhanced_background":false,"is_enhanced":false,"product_selection_started":false,"is_active":true,"image_webp_url":"https:\/\/www.meska.hu\/img\/product\/small\/b\/a\/barbo_product_1858_240608203203_06469.webp"},{"id":"5373275","shop_id":"612","user_id":"1858","shop_name":"Barbo","shop_zip":"1039","product_code":"5308516","product_name_old":null,"product_name":"Tengeri figur\u00e1s k\u00f6nyvjelz\u0151","category_string":"K\u00f6nyv & Zene, K\u00f6nyvjelz\u0151","technic_string":"Festett t\u00e1rgyak","category_1":"1418","category_2":"356","category_3":"0","category_4":"0","merged_category_1":null,"merged_category_2":null,"merged_category_3":null,"technic_1":"481","technic_2":"0","technic_3":"0","color_1":"519","color_2":"521","color_3":"529","product_description_old":null,"product_description":"Mindk\u00e9t oldal\u00e1n vid\u00e1m figur\u00e1kkal d\u00edsz\u00edtett, festett, lakkozott fa k\u00f6nyvjelz\u0151, gy\u00f6ngy\u00f6kkel \u00e9s f\u00e9m figur\u00e1val. M\u00e9retei: a fa lap 12 cmx3 cm, a l\u00f3g\u00f3 d\u00edsz kb. 9 cm.\n\nHa fizet\u00e9ssel, \u00e1tv\u00e9tellel kapcsolatos k\u00e9rd\u00e9sed van, a Sz\u00e1ll\u00edt\u00e1si inf\u00f3k f\u00fclre kattintva megtal\u00e1lhatod a v\u00e1laszt. Egy\u00e9b k\u00e9rd\u00e9sekkel keress b\u00e1tran bels\u0151 \u00fczenetben.\n\nK\u00f6sz\u00f6n\u00f6m, hogy megtekintetted a port\u00e9k\u00e1mat.                         ","price":"2490.00","unit":"db","recommended":"0","status":"1","sponsored":"0","exp_notify":"0","own_material":"0","own_material_description_old":null,"own_material_description":"","jury":"0","jury_number":"","product_nature":"","meskaracsony":"0","create_date":"2026-01-18 12:53:14","shelve_id":"1411","image":"barbo_product_1858_240608204725_64413.jpeg","image_width":"480","image_height":"504","image_alt":"Tengeri figur\u00e1s k\u00f6nyvjelz\u0151, Mindk\u00e9t oldal\u00e1n vid\u00e1m figur\u00e1kkal d\u00edsz\u00edtett, festett, lakkozott fa k\u00f6nyvjelz\u0151, gy\u00f6ngy\u00f6kkel \u00e9s f\u00e9m fig..., Meska","image_title":"Tengeri figur\u00e1s k\u00f6nyvjelz\u0151, Meska","view_count":"411","favourite_count":"0","trending_score":"0","last2MonthFavouriteCount":"0","promotion":"0","giftcard_accept":"1","creditcard_accept":false,"enhanced_background":"0","domain":"meska","specific_customer_id":null,"specific_customer_name":null,"to_order_product":"0","to_order_product_time":"0","product_different":null,"product_different_description":"","vintage":"0","vintage_category_id":"0","recycled":"0","gemstone_id":"0","customizable":"0","type_category":"physical","zerowaste":"0","postage_price":"2390.00","shop_order":"0","has_category":"1","landing_pages":null,"microdata":{"number":11,"category":""},"title":"Tengeri figur\u00e1s k\u00f6nyvjelz\u0151","description":"Mindk\u00e9t oldal\u00e1n vid\u00e1m figur\u00e1kkal d\u00edsz\u00edtett, festett, lakkozott fa k\u00f6nyvjelz\u0151, gy\u00f6ngy\u00f6kkel \u00e9s f\u00e9m figur\u00e1val. M\u00e9retei: a fa lap 12 cmx3 cm, a l\u00f3g\u00f3 d\u00edsz kb. 9 cm.\n\nHa fizet\u00e9ssel, \u00e1tv\u00e9tellel kapcsolatos k\u00e9rd\u00e9sed van, a Sz\u00e1ll\u00edt\u00e1si inf\u00f3k f\u00fclre kattintva megtal\u00e1lhatod a v\u00e1laszt. Egy\u00e9b k\u00e9rd\u00e9sekkel keress b\u00e1tran bels\u0151 \u00fczenetben.\n\nK\u00f6sz\u00f6n\u00f6m, hogy megtekintetted a port\u00e9k\u00e1mat.                         ","score":2.008666,"formatted_price":"2 490 Ft","image_url":"https:\/\/www.meska.hu\/img\/product\/small\/b\/a\/barbo_product_1858_240608204725_64413.jpeg","formatted_url":"https:\/\/www.meska.hu\/p5308516-tengeri-figuras-konyvjelzo","favourite":false,"in_stock":true,"avatar":"Barbo_avatar_1858.jpg","delete_from":0,"is_enhanced_background":false,"is_enhanced":false,"product_selection_started":false,"is_active":true,"image_webp_url":"https:\/\/www.meska.hu\/img\/product\/small\/b\/a\/barbo_product_1858_240608204725_64413.webp"},{"id":"5373406","shop_id":"612","user_id":"1858","shop_name":"Barbo","shop_zip":"1039","product_code":"5308640","product_name_old":null,"product_name":"Kal\u00f3z k\u00f6nyvjelz\u0151","category_string":"K\u00f6nyv & Zene, K\u00f6nyvjelz\u0151","technic_string":"Festett t\u00e1rgyak","category_1":"1418","category_2":"356","category_3":"0","category_4":"0","merged_category_1":null,"merged_category_2":null,"merged_category_3":null,"technic_1":"481","technic_2":"0","technic_3":"0","color_1":"519","color_2":"520","color_3":"521","product_description_old":null,"product_description":"Mindk\u00e9t oldal\u00e1n tengeri figur\u00e1kkal d\u00edsz\u00edtett, festett, lakkozott fa k\u00f6nyvjelz\u0151, gy\u00f6ngy\u00f6kkel \u00e9s f\u00e9m ill. akril figur\u00e1val. M\u00e9retei: a fa lap 12 cmx3 cm, a l\u00f3g\u00f3 d\u00edsz kb. 9 cm.\n\nHa fizet\u00e9ssel, \u00e1tv\u00e9tellel kapcsolatos k\u00e9rd\u00e9sed van, a Sz\u00e1ll\u00edt\u00e1si inf\u00f3k f\u00fclre kattintva megtal\u00e1lhatod a v\u00e1laszt. Egy\u00e9b k\u00e9rd\u00e9sekkel keress b\u00e1tran bels\u0151 \u00fczenetben.\n\nK\u00f6sz\u00f6n\u00f6m, hogy megtekintetted a port\u00e9k\u00e1mat.                         ","price":"2490.00","unit":"db","recommended":"0","status":"1","sponsored":"0","exp_notify":"0","own_material":"0","own_material_description_old":null,"own_material_description":"","jury":"0","jury_number":"","product_nature":"","meskaracsony":"0","create_date":"2026-01-18 12:49:26","shelve_id":"1411","image":"barbo_product_1858_240608210900_481364.jpeg","image_width":"480","image_height":"516","image_alt":"Kal\u00f3z k\u00f6nyvjelz\u0151, Mindk\u00e9t oldal\u00e1n tengeri figur\u00e1kkal d\u00edsz\u00edtett, festett, lakkozott fa k\u00f6nyvjelz\u0151, gy\u00f6ngy\u00f6kkel \u00e9s f\u00e9m i..., Meska","image_title":"Kal\u00f3z k\u00f6nyvjelz\u0151, Meska","view_count":"614","favourite_count":"0","trending_score":"0","last2MonthFavouriteCount":"0","promotion":"0","giftcard_accept":"1","creditcard_accept":false,"enhanced_background":"0","domain":"meska","specific_customer_id":null,"specific_customer_name":null,"to_order_product":"0","to_order_product_time":"0","product_different":null,"product_different_description":"","vintage":"0","vintage_category_id":"0","recycled":"0","gemstone_id":"0","customizable":"0","type_category":"physical","zerowaste":"0","postage_price":"2390.00","shop_order":"0","has_category":"1","landing_pages":null,"microdata":{"number":12,"category":""},"title":"Kal\u00f3z k\u00f6nyvjelz\u0151","description":"Mindk\u00e9t oldal\u00e1n tengeri figur\u00e1kkal d\u00edsz\u00edtett, festett, lakkozott fa k\u00f6nyvjelz\u0151, gy\u00f6ngy\u00f6kkel \u00e9s f\u00e9m ill. akril figur\u00e1val. M\u00e9retei: a fa lap 12 cmx3 cm, a l\u00f3g\u00f3 d\u00edsz kb. 9 cm.\n\nHa fizet\u00e9ssel, \u00e1tv\u00e9tellel kapcsolatos k\u00e9rd\u00e9sed van, a Sz\u00e1ll\u00edt\u00e1si inf\u00f3k f\u00fclre kattintva megtal\u00e1lhatod a v\u00e1laszt. Egy\u00e9b k\u00e9rd\u00e9sekkel keress b\u00e1tran bels\u0151 \u00fczenetben.\n\nK\u00f6sz\u00f6n\u00f6m, hogy megtekintetted a port\u00e9k\u00e1mat.                         ","score":2.008666,"formatted_price":"2 490 Ft","image_url":"https:\/\/www.meska.hu\/img\/product\/small\/b\/a\/barbo_product_1858_240608210900_481364.jpeg","formatted_url":"https:\/\/www.meska.hu\/p5308640-kaloz-konyvjelzo","favourite":false,"in_stock":true,"avatar":"Barbo_avatar_1858.jpg","delete_from":0,"is_enhanced_background":false,"is_enhanced":false,"product_selection_started":false,"is_active":true,"image_webp_url":"https:\/\/www.meska.hu\/img\/product\/small\/b\/a\/barbo_product_1858_240608210900_481364.webp"},{"id":"5373427","shop_id":"612","user_id":"1858","shop_name":"Barbo","shop_zip":"1039","product_code":"5308661","product_name_old":null,"product_name":"Halas k\u00f6nyvjelz\u0151","category_string":"K\u00f6nyv & Zene, K\u00f6nyvjelz\u0151","technic_string":"Festett t\u00e1rgyak","category_1":"1418","category_2":"356","category_3":"0","category_4":"0","merged_category_1":null,"merged_category_2":null,"merged_category_3":null,"technic_1":"481","technic_2":"0","technic_3":"0","color_1":"518","color_2":"519","color_3":"521","product_description_old":null,"product_description":"Mindk\u00e9t oldal\u00e1n vid\u00e1m figur\u00e1kkal d\u00edsz\u00edtett, festett, lakkozott fa k\u00f6nyvjelz\u0151, gy\u00f6ngy\u00f6kkel \u00e9s f\u00e9m figur\u00e1val. M\u00e9retei: a fa lap 12 cmx3 cm, a l\u00f3g\u00f3 d\u00edsz kb. 9 cm.\n\nHa fizet\u00e9ssel, \u00e1tv\u00e9tellel kapcsolatos k\u00e9rd\u00e9sed van, a Sz\u00e1ll\u00edt\u00e1si inf\u00f3k f\u00fclre kattintva megtal\u00e1lhatod a v\u00e1laszt. Egy\u00e9b k\u00e9rd\u00e9sekkel keress b\u00e1tran bels\u0151 \u00fczenetben.\n\nK\u00f6sz\u00f6n\u00f6m, hogy megtekintetted a port\u00e9k\u00e1mat.                         ","price":"2490.00","unit":"db","recommended":"0","status":"1","sponsored":"0","exp_notify":"0","own_material":"0","own_material_description_old":null,"own_material_description":"","jury":"0","jury_number":"","product_nature":"","meskaracsony":"0","create_date":"2026-01-18 12:49:24","shelve_id":"1411","image":"barbo_product_1858_240608211140_004544.jpeg","image_width":"480","image_height":"521","image_alt":"Halas k\u00f6nyvjelz\u0151, Mindk\u00e9t oldal\u00e1n vid\u00e1m figur\u00e1kkal d\u00edsz\u00edtett, festett, lakkozott fa k\u00f6nyvjelz\u0151, gy\u00f6ngy\u00f6kkel \u00e9s f\u00e9m fig..., Meska","image_title":"Halas k\u00f6nyvjelz\u0151, Meska","view_count":"488","favourite_count":"0","trending_score":"0","last2MonthFavouriteCount":"0","promotion":"0","giftcard_accept":"1","creditcard_accept":false,"enhanced_background":"0","domain":"meska","specific_customer_id":null,"specific_customer_name":null,"to_order_product":"0","to_order_product_time":"0","product_different":null,"product_different_description":"","vintage":"0","vintage_category_id":"0","recycled":"0","gemstone_id":"0","customizable":"0","type_category":"physical","zerowaste":"0","postage_price":"2390.00","shop_order":"0","has_category":"1","landing_pages":null,"microdata":{"number":13,"category":""},"title":"Halas k\u00f6nyvjelz\u0151","description":"Mindk\u00e9t oldal\u00e1n vid\u00e1m figur\u00e1kkal d\u00edsz\u00edtett, festett, lakkozott fa k\u00f6nyvjelz\u0151, gy\u00f6ngy\u00f6kkel \u00e9s f\u00e9m figur\u00e1val. M\u00e9retei: a fa lap 12 cmx3 cm, a l\u00f3g\u00f3 d\u00edsz kb. 9 cm.\n\nHa fizet\u00e9ssel, \u00e1tv\u00e9tellel kapcsolatos k\u00e9rd\u00e9sed van, a Sz\u00e1ll\u00edt\u00e1si inf\u00f3k f\u00fclre kattintva megtal\u00e1lhatod a v\u00e1laszt. Egy\u00e9b k\u00e9rd\u00e9sekkel keress b\u00e1tran bels\u0151 \u00fczenetben.\n\nK\u00f6sz\u00f6n\u00f6m, hogy megtekintetted a port\u00e9k\u00e1mat.                         ","score":2.008666,"formatted_price":"2 490 Ft","image_url":"https:\/\/www.meska.hu\/img\/product\/small\/b\/a\/barbo_product_1858_240608211140_004544.jpeg","formatted_url":"https:\/\/www.meska.hu\/p5308661-halas-konyvjelzo","favourite":false,"in_stock":true,"avatar":"Barbo_avatar_1858.jpg","delete_from":0,"is_enhanced_background":false,"is_enhanced":false,"product_selection_started":false,"is_active":true,"image_webp_url":"https:\/\/www.meska.hu\/img\/product\/small\/b\/a\/barbo_product_1858_240608211140_004544.webp"},{"id":"5373671","shop_id":"612","user_id":"1858","shop_name":"Barbo","shop_zip":"1039","product_code":"5308862","product_name_old":null,"product_name":"Gondola - \u00fcvegfestm\u00e9ny","category_string":"M\u0171v\u00e9szet, Festm\u00e9ny, \u00dcvegfestm\u00e9ny","technic_string":"Festett t\u00e1rgyak, \u00dcvegm\u0171v\u00e9szet","category_1":"357","category_2":"358","category_3":"1325","category_4":"0","merged_category_1":null,"merged_category_2":null,"merged_category_3":null,"technic_1":"481","technic_2":"505","technic_3":"0","color_1":"568","color_2":"523","color_3":"526","product_description_old":null,"product_description":"\u00dcveglapra festett k\u00e9p, fa keretben.\nKeret n\u00e9lk\u00fcl 30 cm sz\u00e9les, 40 cm magas.\n\nHa fizet\u00e9ssel, \u00e1tv\u00e9tellel kapcsolatos k\u00e9rd\u00e9sed van, a Sz\u00e1ll\u00edt\u00e1si inf\u00f3k f\u00fclre kattintva megtal\u00e1lhatod a v\u00e1laszt. Egy\u00e9b k\u00e9rd\u00e9sekkel keress b\u00e1tran bels\u0151 \u00fczenetben.\n\nK\u00f6sz\u00f6n\u00f6m, hogy megtekintetted a port\u00e9k\u00e1mat.                         ","price":"24900.00","unit":"db","recommended":"0","status":"1","sponsored":"0","exp_notify":"0","own_material":"0","own_material_description_old":null,"own_material_description":"","jury":"0","jury_number":"","product_nature":"","meskaracsony":"0","create_date":"2026-01-17 18:39:03","shelve_id":"8101","image":"barbo_product_1858_240608220126_890729.jpeg","image_width":"480","image_height":"602","image_alt":"Gondola - \u00fcvegfestm\u00e9ny, \u00dcveglapra festett k\u00e9p, fa keretben.\\nKeret n\u00e9lk\u00fcl 30 cm sz\u00e9les, 40 cm magas.\\n\\nHa fizet\u00e9ssel, \u00e1tv\u00e9tell..., Meska","image_title":"Gondola - \u00fcvegfestm\u00e9ny, Meska","view_count":"581","favourite_count":"0","trending_score":"0","last2MonthFavouriteCount":"0","promotion":"0","giftcard_accept":"1","creditcard_accept":false,"enhanced_background":"0","domain":"meska","specific_customer_id":null,"specific_customer_name":null,"to_order_product":"0","to_order_product_time":"0","product_different":null,"product_different_description":"","vintage":"0","vintage_category_id":"0","recycled":"0","gemstone_id":"0","customizable":"0","type_category":"physical","zerowaste":"0","postage_price":"2390.00","shop_order":"0","has_category":"1","landing_pages":null,"microdata":{"number":14,"category":""},"title":"Gondola - \u00fcvegfestm\u00e9ny","description":"\u00dcveglapra festett k\u00e9p, fa keretben.\nKeret n\u00e9lk\u00fcl 30 cm sz\u00e9les, 40 cm magas.\n\nHa fizet\u00e9ssel, \u00e1tv\u00e9tellel kapcsolatos k\u00e9rd\u00e9sed van, a Sz\u00e1ll\u00edt\u00e1si inf\u00f3k f\u00fclre kattintva megtal\u00e1lhatod a v\u00e1laszt. Egy\u00e9b k\u00e9rd\u00e9sekkel keress b\u00e1tran bels\u0151 \u00fczenetben.\n\nK\u00f6sz\u00f6n\u00f6m, hogy megtekintetted a port\u00e9k\u00e1mat.                         ","score":2.008666,"formatted_price":"24 900 Ft","image_url":"https:\/\/www.meska.hu\/img\/product\/small\/b\/a\/barbo_product_1858_240608220126_890729.jpeg","formatted_url":"https:\/\/www.meska.hu\/p5308862-gondola-uvegfestmeny","favourite":false,"in_stock":true,"avatar":"Barbo_avatar_1858.jpg","delete_from":0,"is_enhanced_background":false,"is_enhanced":false,"product_selection_started":false,"is_active":true,"image_webp_url":"https:\/\/www.meska.hu\/img\/product\/small\/b\/a\/barbo_product_1858_240608220126_890729.webp"},{"id":"5373962","shop_id":"612","user_id":"1858","shop_name":"Barbo","shop_zip":"1039","product_code":"5309133","product_name_old":null,"product_name":"Kelta Dics\u0151s\u00e9g - \u00fcvegfestm\u00e9ny","category_string":"M\u0171v\u00e9szet, Festm\u00e9ny, \u00dcvegfestm\u00e9ny","technic_string":"Festett t\u00e1rgyak, \u00dcvegm\u0171v\u00e9szet","category_1":"357","category_2":"358","category_3":"1325","category_4":"0","merged_category_1":null,"merged_category_2":null,"merged_category_3":null,"technic_1":"481","technic_2":"505","technic_3":"0","color_1":"512","color_2":"514","color_3":"529","product_description_old":null,"product_description":"\u00dcveglapra festett k\u00e9p, furn\u00e9r h\u00e1tlappal, klipszes keretben.\n30 cm sz\u00e9les, 40 cm magas.\n\nHa fizet\u00e9ssel, \u00e1tv\u00e9tellel kapcsolatos k\u00e9rd\u00e9sed van, a Sz\u00e1ll\u00edt\u00e1si inf\u00f3k f\u00fclre kattintva megtal\u00e1lhatod a v\u00e1laszt. Egy\u00e9b k\u00e9rd\u00e9sekkel keress b\u00e1tran bels\u0151 \u00fczenetben.\n\nK\u00f6sz\u00f6n\u00f6m, hogy megtekintetted a port\u00e9k\u00e1mat.                         ","price":"25900.00","unit":"db","recommended":"0","status":"1","sponsored":"0","exp_notify":"0","own_material":"0","own_material_description_old":null,"own_material_description":"","jury":"0","jury_number":"","product_nature":"","meskaracsony":"0","create_date":"2026-01-17 19:37:33","shelve_id":"8101","image":"barbo_product_1858_240608225807_91412.jpeg","image_width":"480","image_height":"549","image_alt":"Kelta Dics\u0151s\u00e9g - \u00fcvegfestm\u00e9ny, \u00dcveglapra festett k\u00e9p, furn\u00e9r h\u00e1tlappal, klipszes keretben.\\n30 cm sz\u00e9les, 40 cm magas.\\n\\nHa fizet\u00e9sse..., Meska","image_title":"Kelta Dics\u0151s\u00e9g - \u00fcvegfestm\u00e9ny, Meska","view_count":"519","favourite_count":"0","trending_score":"0","last2MonthFavouriteCount":"0","promotion":"0","giftcard_accept":"1","creditcard_accept":false,"enhanced_background":"0","domain":"meska","specific_customer_id":null,"specific_customer_name":null,"to_order_product":"0","to_order_product_time":"0","product_different":null,"product_different_description":"","vintage":"0","vintage_category_id":"0","recycled":"0","gemstone_id":"0","customizable":"0","type_category":"physical","zerowaste":"0","postage_price":"2390.00","shop_order":"0","has_category":"1","landing_pages":null,"microdata":{"number":15,"category":""},"title":"Kelta Dics\u0151s\u00e9g - \u00fcvegfestm\u00e9ny","description":"\u00dcveglapra festett k\u00e9p, furn\u00e9r h\u00e1tlappal, klipszes keretben.\n30 cm sz\u00e9les, 40 cm magas.\n\nHa fizet\u00e9ssel, \u00e1tv\u00e9tellel kapcsolatos k\u00e9rd\u00e9sed van, a Sz\u00e1ll\u00edt\u00e1si inf\u00f3k f\u00fclre kattintva megtal\u00e1lhatod a v\u00e1laszt. Egy\u00e9b k\u00e9rd\u00e9sekkel keress b\u00e1tran bels\u0151 \u00fczenetben.\n\nK\u00f6sz\u00f6n\u00f6m, hogy megtekintetted a port\u00e9k\u00e1mat.                         ","score":2.008666,"formatted_price":"25 900 Ft","image_url":"https:\/\/www.meska.hu\/img\/product\/small\/b\/a\/barbo_product_1858_240608225807_91412.jpeg","formatted_url":"https:\/\/www.meska.hu\/p5309133-kelta-dicsoseg-uvegfestmeny","favourite":false,"in_stock":true,"avatar":"Barbo_avatar_1858.jpg","delete_from":0,"is_enhanced_background":false,"is_enhanced":false,"product_selection_started":false,"is_active":true,"image_webp_url":"https:\/\/www.meska.hu\/img\/product\/small\/b\/a\/barbo_product_1858_240608225807_91412.webp"},{"id":"5194824","shop_id":"612","user_id":"1858","shop_name":"Barbo","shop_zip":"1039","product_code":"5197885","product_name_old":null,"product_name":"Spiritu\u00e1lis Utaz\u00e1s - nyakl\u00e1nc","category_string":"\u00c9kszer, Nyakl\u00e1nc, Med\u00e1los nyakl\u00e1nc","technic_string":"\u00c9kszerk\u00e9sz\u00edt\u00e9s","category_1":"327","category_2":"337","category_3":"1260","category_4":"0","merged_category_1":null,"merged_category_2":null,"merged_category_3":null,"technic_1":"477","technic_2":"0","technic_3":"0","color_1":"514","color_2":"521","color_3":"523","product_description_old":null,"product_description":"Ez a nyakl\u00e1nc tr\u00f3pusi f\u00e1b\u00f3l k\u00e9sz\u00fclt gy\u00f6ngy\u00f6k, ez\u00fcstsz\u00edn\u0171 k\u00f6ztesek, valamint egy kerek, mint\u00e1s fa med\u00e1l felhaszn\u00e1l\u00e1s\u00e1val k\u00e9sz\u00fclt. Hossza 55 cm.\n\nHa fizet\u00e9ssel, \u00e1tv\u00e9tellel kapcsolatos k\u00e9rd\u00e9sed van, a Sz\u00e1ll\u00edt\u00e1si inf\u00f3k f\u00fclre kattintva megtal\u00e1lhatod a v\u00e1laszt. Egy\u00e9b k\u00e9rd\u00e9sekkel keress b\u00e1tran bels\u0151 \u00fczenetben.\n\nK\u00f6sz\u00f6n\u00f6m, hogy megtekintetted a port\u00e9k\u00e1mat.                                                                                                                                                        ","price":"4590.00","unit":"db","recommended":"0","status":"1","sponsored":"0","exp_notify":"0","own_material":"0","own_material_description_old":null,"own_material_description":"","jury":"0","jury_number":"","product_nature":"","meskaracsony":"0","create_date":"2026-01-17 14:25:21","shelve_id":"1413","image":"barbo_product_1858_240125184354_733583.jpeg","image_width":"480","image_height":"487","image_alt":"Spiritu\u00e1lis Utaz\u00e1s - nyakl\u00e1nc, Ez a nyakl\u00e1nc tr\u00f3pusi f\u00e1b\u00f3l k\u00e9sz\u00fclt gy\u00f6ngy\u00f6k, ez\u00fcstsz\u00edn\u0171 k\u00f6ztesek, valamint egy kerek, mint\u00e1s fa med..., Meska","image_title":"Spiritu\u00e1lis Utaz\u00e1s - nyakl\u00e1nc, Meska","view_count":"633","favourite_count":"0","trending_score":"0","last2MonthFavouriteCount":"0","promotion":"0","giftcard_accept":"1","creditcard_accept":false,"enhanced_background":"0","domain":"meska","specific_customer_id":null,"specific_customer_name":null,"to_order_product":"0","to_order_product_time":"0","product_different":null,"product_different_description":"","vintage":"0","vintage_category_id":"0","recycled":"0","gemstone_id":"0","customizable":"0","type_category":"physical","zerowaste":"0","postage_price":"1290.00","shop_order":"0","has_category":"1","landing_pages":null,"microdata":{"number":16,"category":""},"title":"Spiritu\u00e1lis Utaz\u00e1s - nyakl\u00e1nc","description":"Ez a nyakl\u00e1nc tr\u00f3pusi f\u00e1b\u00f3l k\u00e9sz\u00fclt gy\u00f6ngy\u00f6k, ez\u00fcstsz\u00edn\u0171 k\u00f6ztesek, valamint egy kerek, mint\u00e1s fa med\u00e1l felhaszn\u00e1l\u00e1s\u00e1val k\u00e9sz\u00fclt. Hossza 55 cm.\n\nHa fizet\u00e9ssel, \u00e1tv\u00e9tellel kapcsolatos k\u00e9rd\u00e9sed van, a Sz\u00e1ll\u00edt\u00e1si inf\u00f3k f\u00fclre kattintva megtal\u00e1lhatod a v\u00e1laszt. Egy\u00e9b k\u00e9rd\u00e9sekkel keress b\u00e1tran bels\u0151 \u00fczenetben.\n\nK\u00f6sz\u00f6n\u00f6m, hogy megtekintetted a port\u00e9k\u00e1mat.                                                                                                                                                        ","score":2.008666,"formatted_price":"4 590 Ft","image_url":"https:\/\/www.meska.hu\/img\/product\/small\/b\/a\/barbo_product_1858_240125184354_733583.jpeg","formatted_url":"https:\/\/www.meska.hu\/p5197885-spiritualis-utazas-nyaklanc","favourite":false,"in_stock":true,"avatar":"Barbo_avatar_1858.jpg","delete_from":0,"is_enhanced_background":false,"is_enhanced":false,"product_selection_started":false,"is_active":true,"image_webp_url":"https:\/\/www.meska.hu\/img\/product\/small\/b\/a\/barbo_product_1858_240125184354_733583.webp"},{"id":"5785611","shop_id":"21252","user_id":"218952","shop_name":"REMuhely","shop_zip":"1172","product_code":"5549423","product_name_old":null,"product_name":"Feh\u00e9r \u00e9s t\u00fcrkiz vir\u00e1gos mozaikozott t\u00fck\u00f6r","category_string":"Otthon & \u00c9letm\u00f3d, Dekor\u00e1ci\u00f3, T\u00fck\u00f6r","technic_string":"Mozaik, \u00dcvegm\u0171v\u00e9szet","category_1":"813","category_2":"314","category_3":"950","category_4":"0","merged_category_1":null,"merged_category_2":null,"merged_category_3":null,"technic_1":"750","technic_2":"505","technic_3":"0","color_1":"519","color_2":"528","color_3":"0","product_description_old":null,"product_description":"Feh\u00e9r \u00e9s t\u00fcrkiz \u00fcvegmozaik felhaszn\u00e1l\u00e1s\u00e1val k\u00e9sz\u00edtettem ezt a hangulatos t\u00fckr\u00f6t. A mozaik darabk\u00e1it egyes\u00e9vel ragasztottam a v\u00e9gleges hely\u00e9re.  Alapnak egy ki\u00fcr\u00fclt k\u00e1beldob egyik v\u00e9g\u00e9t haszn\u00e1ltam, \u00edgy egy kis \u00fajrahasznos\u00edt\u00e1st is belecsemp\u00e9sztem a munk\u00e1ba. A h\u00e1tulj\u00e1ra akaszt\u00f3 ker\u00fclt.\nSz\u00edvesen elk\u00e9sz\u00edtem  Neked m\u00e1s sz\u00ednkombin\u00e1ci\u00f3ban is, hogy a lehet\u0151 legjobban harmoniz\u00e1ljon otthonod berendez\u00e9s\u00e9vel!\n\nA t\u00fck\u00f6r \u00e1tm\u00e9r\u0151je: kb. 40,5 cm, ebb\u0151l maga a t\u00fckr\u00f6s r\u00e9sz: kb.  30 cm.\n","price":"37000.00","unit":"db","recommended":"0","status":"1","sponsored":"0","exp_notify":"0","own_material":"0","own_material_description_old":null,"own_material_description":"","jury":"0","jury_number":"","product_nature":"","meskaracsony":"0","create_date":"2026-01-03 15:13:51","shelve_id":"58069","image":"remuhely_product_218952_250508120535_906231.jpeg","image_width":"480","image_height":"535","image_alt":"Feh\u00e9r \u00e9s t\u00fcrkiz vir\u00e1gos mozaikozott t\u00fck\u00f6r, Feh\u00e9r \u00e9s t\u00fcrkiz \u00fcvegmozaik felhaszn\u00e1l\u00e1s\u00e1val k\u00e9sz\u00edtettem ezt a hangulatos t\u00fckr\u00f6t. A mozaik darabk\u00e1it ..., Meska","image_title":"Feh\u00e9r \u00e9s t\u00fcrkiz vir\u00e1gos mozaikozott t\u00fck\u00f6r, Meska","view_count":"467","favourite_count":"0","trending_score":"0","last2MonthFavouriteCount":"0","promotion":"0","giftcard_accept":"1","creditcard_accept":false,"enhanced_background":"0","domain":"meska","specific_customer_id":null,"specific_customer_name":null,"to_order_product":"0","to_order_product_time":"0","product_different":null,"product_different_description":"","vintage":"0","vintage_category_id":"0","recycled":"1","gemstone_id":"0","customizable":"0","type_category":"physical","zerowaste":"0","postage_price":"1290.00","shop_order":"0","has_category":"1","landing_pages":null,"microdata":{"number":17,"category":""},"title":"Feh\u00e9r \u00e9s t\u00fcrkiz vir\u00e1gos mozaikozott t\u00fck\u00f6r","description":"Feh\u00e9r \u00e9s t\u00fcrkiz \u00fcvegmozaik felhaszn\u00e1l\u00e1s\u00e1val k\u00e9sz\u00edtettem ezt a hangulatos t\u00fckr\u00f6t. A mozaik darabk\u00e1it egyes\u00e9vel ragasztottam a v\u00e9gleges hely\u00e9re.  Alapnak egy ki\u00fcr\u00fclt k\u00e1beldob egyik v\u00e9g\u00e9t haszn\u00e1ltam, \u00edgy egy kis \u00fajrahasznos\u00edt\u00e1st is belecsemp\u00e9sztem a munk\u00e1ba. A h\u00e1tulj\u00e1ra akaszt\u00f3 ker\u00fclt.\nSz\u00edvesen elk\u00e9sz\u00edtem  Neked m\u00e1s sz\u00ednkombin\u00e1ci\u00f3ban is, hogy a lehet\u0151 legjobban harmoniz\u00e1ljon otthonod berendez\u00e9s\u00e9vel!\n\nA t\u00fck\u00f6r \u00e1tm\u00e9r\u0151je: kb. 40,5 cm, ebb\u0151l maga a t\u00fckr\u00f6s r\u00e9sz: kb.  30 cm.\n","score":2.008666,"formatted_price":"37 000 Ft","image_url":"https:\/\/www.meska.hu\/img\/product\/small\/r\/e\/remuhely_product_218952_250508120535_906231.jpeg","formatted_url":"https:\/\/www.meska.hu\/p5549423-feher-es-turkiz-viragos-mozaikozott-tukor","favourite":false,"in_stock":true,"avatar":"REMuhely_avatar_218952.jpg","delete_from":0,"is_enhanced_background":false,"is_enhanced":false,"product_selection_started":false,"is_active":true,"image_webp_url":"https:\/\/www.meska.hu\/img\/product\/small\/r\/e\/remuhely_product_218952_250508120535_906231.webp"},{"id":"5785626","shop_id":"21252","user_id":"218952","shop_name":"REMuhely","shop_zip":"1172","product_code":"5549427","product_name_old":null,"product_name":"K\u00e9k-z\u00f6ld mozaikozott t\u00fck\u00f6r","category_string":"Otthon & \u00c9letm\u00f3d, Dekor\u00e1ci\u00f3, T\u00fck\u00f6r","technic_string":"Mozaik, \u00dcvegm\u0171v\u00e9szet","category_1":"813","category_2":"314","category_3":"950","category_4":"0","merged_category_1":null,"merged_category_2":null,"merged_category_3":null,"technic_1":"750","technic_2":"505","technic_3":"0","color_1":"521","color_2":"526","color_3":"529","product_description_old":null,"product_description":"K\u00e9k, z\u00f6ld \u00e9s s\u00e1rga Tiffany \u00fcveg \u00e9s \u00fcvegmozaik felhaszn\u00e1l\u00e1s\u00e1val k\u00e9sz\u00edtettem ezt a hangulatos t\u00fckr\u00f6t. A mozaik darabk\u00e1it egyes\u00e9vel ragasztottam a v\u00e9gleges hely\u00e9re.  Alapnak egy ki\u00fcr\u00fclt k\u00e1beldob egyik v\u00e9g\u00e9t haszn\u00e1ltam, \u00edgy egy kis \u00fajrahasznos\u00edt\u00e1st is belecsemp\u00e9sztem a munk\u00e1ba. A h\u00e1tulj\u00e1ra akaszt\u00f3 ker\u00fclt.\nSz\u00edvesen elk\u00e9sz\u00edtem  Neked m\u00e1s sz\u00ednkombin\u00e1ci\u00f3ban is, hogy a lehet\u0151 legjobban harmoniz\u00e1ljon otthonod berendez\u00e9s\u00e9vel, de pont ugyanilyen nem lesz, mert marad\u00e9k \u00fcvegdarabk\u00e1kat haszn\u00e1ltam, amit\u0151l egyedi \u00e9s megism\u00e9telhetetlen!\n\nA t\u00fck\u00f6r \u00e1tm\u00e9r\u0151je: kb. 40,5 cm, ebb\u0151l maga a t\u00fckr\u00f6s r\u00e9sz: kb.  30 cm.\n","price":"37000.00","unit":"db","recommended":"0","status":"1","sponsored":"0","exp_notify":"0","own_material":"0","own_material_description_old":null,"own_material_description":"","jury":"0","jury_number":"","product_nature":"","meskaracsony":"0","create_date":"2026-01-03 15:13:57","shelve_id":"58069","image":"remuhely_product_218952_250509110757_501857.jpeg","image_width":"480","image_height":"525","image_alt":"K\u00e9k-z\u00f6ld mozaikozott t\u00fck\u00f6r, K\u00e9k, z\u00f6ld \u00e9s s\u00e1rga Tiffany \u00fcveg \u00e9s \u00fcvegmozaik felhaszn\u00e1l\u00e1s\u00e1val k\u00e9sz\u00edtettem ezt a hangulatos t\u00fckr\u00f6t. ..., Meska","image_title":"K\u00e9k-z\u00f6ld mozaikozott t\u00fck\u00f6r, Meska","view_count":"285","favourite_count":"0","trending_score":"0","last2MonthFavouriteCount":"0","promotion":"0","giftcard_accept":"1","creditcard_accept":false,"enhanced_background":"0","domain":"meska","specific_customer_id":null,"specific_customer_name":null,"to_order_product":"0","to_order_product_time":"0","product_different":null,"product_different_description":"","vintage":"0","vintage_category_id":"0","recycled":"1","gemstone_id":"0","customizable":"0","type_category":"physical","zerowaste":"0","postage_price":"1290.00","shop_order":"0","has_category":"1","landing_pages":null,"microdata":{"number":18,"category":""},"title":"K\u00e9k-z\u00f6ld mozaikozott t\u00fck\u00f6r","description":"K\u00e9k, z\u00f6ld \u00e9s s\u00e1rga Tiffany \u00fcveg \u00e9s \u00fcvegmozaik felhaszn\u00e1l\u00e1s\u00e1val k\u00e9sz\u00edtettem ezt a hangulatos t\u00fckr\u00f6t. A mozaik darabk\u00e1it egyes\u00e9vel ragasztottam a v\u00e9gleges hely\u00e9re.  Alapnak egy ki\u00fcr\u00fclt k\u00e1beldob egyik v\u00e9g\u00e9t haszn\u00e1ltam, \u00edgy egy kis \u00fajrahasznos\u00edt\u00e1st is belecsemp\u00e9sztem a munk\u00e1ba. A h\u00e1tulj\u00e1ra akaszt\u00f3 ker\u00fclt.\nSz\u00edvesen elk\u00e9sz\u00edtem  Neked m\u00e1s sz\u00ednkombin\u00e1ci\u00f3ban is, hogy a lehet\u0151 legjobban harmoniz\u00e1ljon otthonod berendez\u00e9s\u00e9vel, de pont ugyanilyen nem lesz, mert marad\u00e9k \u00fcvegdarabk\u00e1kat haszn\u00e1ltam, amit\u0151l egyedi \u00e9s megism\u00e9telhetetlen!\n\nA t\u00fck\u00f6r \u00e1tm\u00e9r\u0151je: kb. 40,5 cm, ebb\u0151l maga a t\u00fckr\u00f6s r\u00e9sz: kb.  30 cm.\n","score":2.008666,"formatted_price":"37 000 Ft","image_url":"https:\/\/www.meska.hu\/img\/product\/small\/r\/e\/remuhely_product_218952_250509110757_501857.jpeg","formatted_url":"https:\/\/www.meska.hu\/p5549427-kek-zold-mozaikozott-tukor","favourite":false,"in_stock":true,"avatar":"REMuhely_avatar_218952.jpg","delete_from":0,"is_enhanced_background":false,"is_enhanced":false,"product_selection_started":false,"is_active":true,"image_webp_url":"https:\/\/www.meska.hu\/img\/product\/small\/r\/e\/remuhely_product_218952_250509110757_501857.webp"},{"id":"5550775","shop_id":"612","user_id":"1858","shop_name":"Barbo","shop_zip":"1039","product_code":"5421927","product_name_old":null,"product_name":"Id\u0151utaz\u00f3 - d\u00edsz\u00fcveg","category_string":"Otthon & \u00c9letm\u00f3d, Dekor\u00e1ci\u00f3, Asztal \u00e9s polc dekor\u00e1ci\u00f3, D\u00edsz\u00fcveg","technic_string":"\u00dajrahasznos\u00edtott alapanyagb\u00f3l k\u00e9sz\u00fclt term\u00e9kek, Festett t\u00e1rgyak","category_1":"813","category_2":"314","category_3":"1467","category_4":"941","merged_category_1":null,"merged_category_2":null,"merged_category_3":null,"technic_1":"504","technic_2":"481","technic_3":"0","color_1":"517","color_2":"521","color_3":"522","product_description_old":null,"product_description":"Egy 19 cm magas, 13 cm sz\u00e9les italos palackot d\u00edsz\u00edtettem vegyes technik\u00e1val, majd festettem \u00e9s t\u00f6bb r\u00e9tegben lakkoztam.\n\nHa fizet\u00e9ssel, \u00e1tv\u00e9tellel kapcsolatos k\u00e9rd\u00e9sed van, a Sz\u00e1ll\u00edt\u00e1si inf\u00f3k f\u00fclre kattintva megtal\u00e1lhatod a v\u00e1laszt. Egy\u00e9b k\u00e9rd\u00e9sekkel keress b\u00e1tran bels\u0151 \u00fczenetben.\n\nK\u00f6sz\u00f6n\u00f6m, hogy megtekintetted a port\u00e9k\u00e1mat.                         ","price":"8990.00","unit":"db","recommended":"0","status":"1","sponsored":"0","exp_notify":"0","own_material":"0","own_material_description_old":null,"own_material_description":"","jury":"0","jury_number":"","product_nature":"","meskaracsony":"0","create_date":"2026-01-18 09:14:31","shelve_id":"1411","image":"barbo_product_1858_241027223042_511789.jpeg","image_width":"480","image_height":"491","image_alt":"Id\u0151utaz\u00f3 - d\u00edsz\u00fcveg, Egy 19 cm magas, 13 cm sz\u00e9les italos palackot d\u00edsz\u00edtettem vegyes technik\u00e1val, majd festettem \u00e9s t\u00f6bb..., Meska","image_title":"Id\u0151utaz\u00f3 - d\u00edsz\u00fcveg, Meska","view_count":"418","favourite_count":"0","trending_score":"0","last2MonthFavouriteCount":"0","promotion":"0","giftcard_accept":"1","creditcard_accept":false,"enhanced_background":"0","domain":"meska","specific_customer_id":null,"specific_customer_name":null,"to_order_product":"0","to_order_product_time":"0","product_different":null,"product_different_description":"","vintage":"0","vintage_category_id":"0","recycled":"0","gemstone_id":"0","customizable":"0","type_category":"physical","zerowaste":"0","postage_price":"2390.00","shop_order":"0","has_category":"1","landing_pages":null,"microdata":{"number":19,"category":""},"title":"Id\u0151utaz\u00f3 - d\u00edsz\u00fcveg","description":"Egy 19 cm magas, 13 cm sz\u00e9les italos palackot d\u00edsz\u00edtettem vegyes technik\u00e1val, majd festettem \u00e9s t\u00f6bb r\u00e9tegben lakkoztam.\n\nHa fizet\u00e9ssel, \u00e1tv\u00e9tellel kapcsolatos k\u00e9rd\u00e9sed van, a Sz\u00e1ll\u00edt\u00e1si inf\u00f3k f\u00fclre kattintva megtal\u00e1lhatod a v\u00e1laszt. Egy\u00e9b k\u00e9rd\u00e9sekkel keress b\u00e1tran bels\u0151 \u00fczenetben.\n\nK\u00f6sz\u00f6n\u00f6m, hogy megtekintetted a port\u00e9k\u00e1mat.                         ","score":2.008666,"formatted_price":"8 990 Ft","image_url":"https:\/\/www.meska.hu\/img\/product\/small\/b\/a\/barbo_product_1858_241027223042_511789.jpeg","formatted_url":"https:\/\/www.meska.hu\/p5421927-idoutazo-diszuveg","favourite":false,"in_stock":true,"avatar":"Barbo_avatar_1858.jpg","delete_from":0,"is_enhanced_background":false,"is_enhanced":false,"product_selection_started":false,"is_active":true,"image_webp_url":"https:\/\/www.meska.hu\/img\/product\/small\/b\/a\/barbo_product_1858_241027223042_511789.webp"},{"id":"5926225","shop_id":"21536","user_id":"225268","shop_name":"Coquette","shop_zip":"1139","product_code":"5622701","product_name_old":null,"product_name":"Fairy tale - b\u0151r szem\u00fcveg tok","category_string":"T\u00e1ska & Tok, P\u00e9nzt\u00e1rca & M\u00e1s tok, Szem\u00fcvegtok","technic_string":"B\u0151rm\u0171vess\u00e9g, Varr\u00e1s","category_1":"464","category_2":"379","category_3":"383","category_4":"0","merged_category_1":null,"merged_category_2":null,"merged_category_3":null,"technic_1":"473","technic_2":"506","technic_3":"0","color_1":"518","color_2":"519","color_3":"532","product_description_old":null,"product_description":"Design: \n\nFedezd fel a t\u00f6k\u00e9letes t\u00e1rsat szem\u00fcvegednek! Az exkluz\u00edv b\u0151r szem\u00fcveg tokunk nemcsak st\u00edlusos megjelen\u00e9st k\u00f6lcs\u00f6n\u00f6z, hanem v\u00e9delmet is ny\u00fajt a karcol\u00f3d\u00e1sok ellen. K\u00e9nyelmes, puha tapint\u00e1sa \u00e9s strapab\u00edr\u00f3 bels\u0151 kialak\u00edt\u00e1sa minden kalandban kitart melletted.\n\nTok m\u00e9rete:\n\u00f6sszecsukva: 17,5x7 cm\n\nAnyaga:\nk\u00fcls\u0151: marhab\u0151r\nbels\u0151: b\u00e9l\u00e9s b\u0151r \u00e9s kier\u0151s\u00edt\u0151 m\u0171anyag\n\nA tok patenttal z\u00e1r\u00f3dik.\n\nK\u00e9rd\u00e9s eset\u00e9n keress nyugodtan.\n\nN\u00e9zz be hozz\u00e1m s\u0171r\u0171n, hogy ne maradj le a kollekci\u00f3 leg\u00fajabb darabjair\u00f3l. :)","price":"7500.00","unit":"db","recommended":"0","status":"1","sponsored":"0","exp_notify":"0","own_material":"0","own_material_description_old":null,"own_material_description":"","jury":"0","jury_number":"","product_nature":"","meskaracsony":"0","create_date":"2026-01-21 21:58:48","shelve_id":"75438","image":"coquette_product_225268_250923211033_260778.jpeg","image_width":"480","image_height":"270","image_alt":"Fairy tale - b\u0151r szem\u00fcveg tok, Design: \\n\\nFedezd fel a t\u00f6k\u00e9letes t\u00e1rsat szem\u00fcvegednek! Az exkluz\u00edv b\u0151r szem\u00fcveg tokunk nemcsak st\u00edlu..., Meska","image_title":"Fairy tale - b\u0151r szem\u00fcveg tok, Meska","view_count":"234","favourite_count":"0","trending_score":"0","last2MonthFavouriteCount":"0","promotion":"0","giftcard_accept":"1","creditcard_accept":true,"enhanced_background":"0","domain":"meska","specific_customer_id":null,"specific_customer_name":null,"to_order_product":"0","to_order_product_time":"0","product_different":null,"product_different_description":"","vintage":"0","vintage_category_id":"0","recycled":"0","gemstone_id":"0","customizable":"0","type_category":"physical","zerowaste":"0","postage_price":"1290.00","shop_order":"1","has_category":"1","landing_pages":null,"microdata":{"number":20,"category":""},"title":"Fairy tale - b\u0151r szem\u00fcveg tok","description":"Design: \n\nFedezd fel a t\u00f6k\u00e9letes t\u00e1rsat szem\u00fcvegednek! Az exkluz\u00edv b\u0151r szem\u00fcveg tokunk nemcsak st\u00edlusos megjelen\u00e9st k\u00f6lcs\u00f6n\u00f6z, hanem v\u00e9delmet is ny\u00fajt a karcol\u00f3d\u00e1sok ellen. K\u00e9nyelmes, puha tapint\u00e1sa \u00e9s strapab\u00edr\u00f3 bels\u0151 kialak\u00edt\u00e1sa minden kalandban kitart melletted.\n\nTok m\u00e9rete:\n\u00f6sszecsukva: 17,5x7 cm\n\nAnyaga:\nk\u00fcls\u0151: marhab\u0151r\nbels\u0151: b\u00e9l\u00e9s b\u0151r \u00e9s kier\u0151s\u00edt\u0151 m\u0171anyag\n\nA tok patenttal z\u00e1r\u00f3dik.\n\nK\u00e9rd\u00e9s eset\u00e9n keress nyugodtan.\n\nN\u00e9zz be hozz\u00e1m s\u0171r\u0171n, hogy ne maradj le a kollekci\u00f3 leg\u00fajabb darabjair\u00f3l. :)","score":2.008666,"formatted_price":"7 500 Ft","image_url":"https:\/\/www.meska.hu\/img\/product\/small\/c\/o\/coquette_product_225268_250923211033_260778.jpeg","formatted_url":"https:\/\/www.meska.hu\/p5622701-fairy-tale-bor-szemuveg-tok","favourite":false,"in_stock":true,"avatar":"Coquette_avatar_225268_1486719626.jpg","delete_from":0,"is_enhanced_background":false,"is_enhanced":false,"product_selection_started":false,"is_active":true,"image_webp_url":"https:\/\/www.meska.hu\/img\/product\/small\/c\/o\/coquette_product_225268_250923211033_260778.webp"},{"id":"5926242","shop_id":"21536","user_id":"225268","shop_name":"Coquette","shop_zip":"1139","product_code":"5622712","product_name_old":null,"product_name":"Black flowery - b\u0151r szem\u00fcveg tok","category_string":"T\u00e1ska & Tok, P\u00e9nzt\u00e1rca & M\u00e1s tok, Szem\u00fcvegtok","technic_string":"B\u0151rm\u0171vess\u00e9g, Varr\u00e1s","category_1":"464","category_2":"379","category_3":"383","category_4":"0","merged_category_1":null,"merged_category_2":null,"merged_category_3":null,"technic_1":"473","technic_2":"506","technic_3":"0","color_1":"518","color_2":"520","color_3":"532","product_description_old":null,"product_description":"Design: \n\nFedezd fel a t\u00f6k\u00e9letes t\u00e1rsat szem\u00fcvegednek! Az exkluz\u00edv b\u0151r szem\u00fcveg tokunk nemcsak st\u00edlusos megjelen\u00e9st k\u00f6lcs\u00f6n\u00f6z, hanem v\u00e9delmet is ny\u00fajt a karcol\u00f3d\u00e1sok ellen. K\u00e9nyelmes, puha tapint\u00e1sa \u00e9s strapab\u00edr\u00f3 bels\u0151 kialak\u00edt\u00e1sa minden kalandban kitart melletted.\n\nTok m\u00e9rete:\n\u00f6sszecsukva: 17,5x7 cm\n\nAnyaga:\nk\u00fcls\u0151: marhab\u0151r\nbels\u0151: b\u00e9l\u00e9s b\u0151r \u00e9s kier\u0151s\u00edt\u0151 m\u0171anyag\n\nA tok patenttal z\u00e1r\u00f3dik.\n\nK\u00e9rd\u00e9s eset\u00e9n keress nyugodtan.\n\nN\u00e9zz be hozz\u00e1m s\u0171r\u0171n, hogy ne maradj le a kollekci\u00f3 leg\u00fajabb darabjair\u00f3l. :)","price":"7500.00","unit":"db","recommended":"0","status":"1","sponsored":"0","exp_notify":"0","own_material":"0","own_material_description_old":null,"own_material_description":"","jury":"0","jury_number":"","product_nature":"","meskaracsony":"0","create_date":"2026-01-21 21:58:46","shelve_id":"75438","image":"coquette_product_225268_250923212152_749434.jpeg","image_width":"480","image_height":"270","image_alt":"Black flowery - b\u0151r szem\u00fcveg tok, Design: \\n\\nFedezd fel a t\u00f6k\u00e9letes t\u00e1rsat szem\u00fcvegednek! Az exkluz\u00edv b\u0151r szem\u00fcveg tokunk nemcsak st\u00edlu..., Meska","image_title":"Black flowery - b\u0151r szem\u00fcveg tok, Meska","view_count":"176","favourite_count":"0","trending_score":"0","last2MonthFavouriteCount":"0","promotion":"0","giftcard_accept":"1","creditcard_accept":true,"enhanced_background":"0","domain":"meska","specific_customer_id":null,"specific_customer_name":null,"to_order_product":"0","to_order_product_time":"0","product_different":null,"product_different_description":"","vintage":"0","vintage_category_id":"0","recycled":"0","gemstone_id":"0","customizable":"0","type_category":"physical","zerowaste":"0","postage_price":"1290.00","shop_order":"1","has_category":"1","landing_pages":null,"microdata":{"number":21,"category":""},"title":"Black flowery - b\u0151r szem\u00fcveg tok","description":"Design: \n\nFedezd fel a t\u00f6k\u00e9letes t\u00e1rsat szem\u00fcvegednek! Az exkluz\u00edv b\u0151r szem\u00fcveg tokunk nemcsak st\u00edlusos megjelen\u00e9st k\u00f6lcs\u00f6n\u00f6z, hanem v\u00e9delmet is ny\u00fajt a karcol\u00f3d\u00e1sok ellen. K\u00e9nyelmes, puha tapint\u00e1sa \u00e9s strapab\u00edr\u00f3 bels\u0151 kialak\u00edt\u00e1sa minden kalandban kitart melletted.\n\nTok m\u00e9rete:\n\u00f6sszecsukva: 17,5x7 cm\n\nAnyaga:\nk\u00fcls\u0151: marhab\u0151r\nbels\u0151: b\u00e9l\u00e9s b\u0151r \u00e9s kier\u0151s\u00edt\u0151 m\u0171anyag\n\nA tok patenttal z\u00e1r\u00f3dik.\n\nK\u00e9rd\u00e9s eset\u00e9n keress nyugodtan.\n\nN\u00e9zz be hozz\u00e1m s\u0171r\u0171n, hogy ne maradj le a kollekci\u00f3 leg\u00fajabb darabjair\u00f3l. :)","score":2.008666,"formatted_price":"7 500 Ft","image_url":"https:\/\/www.meska.hu\/img\/product\/small\/c\/o\/coquette_product_225268_250923212152_749434.jpeg","formatted_url":"https:\/\/www.meska.hu\/p5622712-black-flowery-bor-szemuveg-tok","favourite":false,"in_stock":true,"avatar":"Coquette_avatar_225268_1486719626.jpg","delete_from":0,"is_enhanced_background":false,"is_enhanced":false,"product_selection_started":false,"is_active":true,"image_webp_url":"https:\/\/www.meska.hu\/img\/product\/small\/c\/o\/coquette_product_225268_250923212152_749434.webp"},{"id":"1243963","shop_id":"9191","user_id":"47015","shop_name":"Marmancs","shop_zip":"1024","product_code":"2250687","product_name_old":null,"product_name":"\"Copf t\u00e1ska\"  2in1  Nyaral\u00f3s mint\u00e1s \u00e9s z\u00f6ld kordb\u00e1rsony","category_string":"T\u00e1ska & Tok, Bev\u00e1s\u00e1rl\u00e1s & Shopper t\u00e1ska, Shopper, textilt\u00e1ska, szatyor","technic_string":"Varr\u00e1s","category_1":"464","category_2":"468","category_3":"1011","category_4":"0","merged_category_1":null,"merged_category_2":null,"merged_category_3":null,"technic_1":"506","technic_2":"0","technic_3":"0","color_1":"528","color_2":"529","color_3":"532","product_description_old":null,"product_description":"Vid\u00e1m, sz\u00ednes, nyaral\u00f3s mint\u00e1s szat\u00e9n az egyik oldalon, friss f\u0171z\u00f6ld kordb\u00e1rsony a m\u00e1sik oldalon: mindk\u00e9t oldal\u00e1n hordhat\u00f3 t\u00e1ska, csak kiford\u00edtod \u00e9s k\u00e9sz :) Nat\u00farsz\u00edn\u0171 madzaggal z\u00e1r\u00f3dik, a szat\u00e9n oldal\u00e1ra egy zseb is ker\u00fclt. Telet\u00f6mve mutat igaz\u00e1n j\u00f3l, els\u0151sorban strandol\u00e1shoz, utaz\u00e1shoz, fesztiv\u00e1lra, sportcuccoknak, ruh\u00e1knak ide\u00e1lis.\n30*C-on moshat\u00f3.\n\nM\u00e9retei: 35 cm sz\u00e9les, 15 cm m\u00e9ly, magass\u00e1ga pedig 75 cm\n\nNagyon klassz aj\u00e1nd\u00e9knak is.\n\nBudapesten a 17. ker\u00fcletben, vagy az \u00d6rs\u00f6n szem\u00e9lyesen \u00e1tvehet\u0151, vagy pedig aj\u00e1nlottan post\u00e1zom. A postak\u00f6lts\u00e9ge 500 Ft.\n\n\n","price":"9990.00","unit":"db","recommended":"0","status":"1","sponsored":"0","exp_notify":"0","own_material":"0","own_material_description_old":null,"own_material_description":"","jury":"0","jury_number":"","product_nature":"","meskaracsony":"0","create_date":"2026-02-19 18:13:58","shelve_id":"22187","image":"marmancs_product_47015_130712172828_3.png","image_width":"480","image_height":"464","image_alt":"\\\"Copf t\u00e1ska\\\"  2in1  Nyaral\u00f3s mint\u00e1s \u00e9s z\u00f6ld kordb\u00e1rsony, Vid\u00e1m, sz\u00ednes, nyaral\u00f3s mint\u00e1s szat\u00e9n az egyik oldalon, friss f\u0171z\u00f6ld kordb\u00e1rsony a m\u00e1sik oldalon: mi..., Meska","image_title":"\\\"Copf t\u00e1ska\\\"  2in1  Nyaral\u00f3s mint\u00e1s \u00e9s z\u00f6ld kordb\u00e1rsony, Meska","view_count":"129","favourite_count":"0","trending_score":"0","last2MonthFavouriteCount":"0","promotion":"0","giftcard_accept":"1","creditcard_accept":true,"enhanced_background":"0","domain":"meska","specific_customer_id":null,"specific_customer_name":null,"to_order_product":"0","to_order_product_time":"0","product_different":null,"product_different_description":"","vintage":"0","vintage_category_id":"0","recycled":"0","gemstone_id":"0","customizable":"0","type_category":"physical","zerowaste":"0","postage_price":"495.00","shop_order":"0","has_category":"1","landing_pages":null,"microdata":{"number":22,"category":""},"title":"\"Copf t\u00e1ska\"  2in1  Nyaral\u00f3s mint\u00e1s \u00e9s z\u00f6ld kordb\u00e1rsony","description":"Vid\u00e1m, sz\u00ednes, nyaral\u00f3s mint\u00e1s szat\u00e9n az egyik oldalon, friss f\u0171z\u00f6ld kordb\u00e1rsony a m\u00e1sik oldalon: mindk\u00e9t oldal\u00e1n hordhat\u00f3 t\u00e1ska, csak kiford\u00edtod \u00e9s k\u00e9sz :) Nat\u00farsz\u00edn\u0171 madzaggal z\u00e1r\u00f3dik, a szat\u00e9n oldal\u00e1ra egy zseb is ker\u00fclt. Telet\u00f6mve mutat igaz\u00e1n j\u00f3l, els\u0151sorban strandol\u00e1shoz, utaz\u00e1shoz, fesztiv\u00e1lra, sportcuccoknak, ruh\u00e1knak ide\u00e1lis.\n30*C-on moshat\u00f3.\n\nM\u00e9retei: 35 cm sz\u00e9les, 15 cm m\u00e9ly, magass\u00e1ga pedig 75 cm\n\nNagyon klassz aj\u00e1nd\u00e9knak is.\n\nBudapesten a 17. ker\u00fcletben, vagy az \u00d6rs\u00f6n szem\u00e9lyesen \u00e1tvehet\u0151, vagy pedig aj\u00e1nlottan post\u00e1zom. A postak\u00f6lts\u00e9ge 500 Ft.\n\n\n","score":2.008666,"formatted_price":"9 990 Ft","image_url":"https:\/\/www.meska.hu\/img\/product\/small\/m\/a\/marmancs_product_47015_130712172828_3.png","formatted_url":"https:\/\/www.meska.hu\/p2250687-copf-taska-2in1-nyaralos-mintas-es-zold-kordbarsony","favourite":false,"in_stock":true,"avatar":"Marmancs_avatar_47015.JPG","delete_from":0,"is_enhanced_background":false,"is_enhanced":false,"product_selection_started":false,"is_active":true,"image_webp_url":"https:\/\/www.meska.hu\/img\/product\/small\/m\/a\/marmancs_product_47015_130712172828_3.webp"},{"id":"3430169","shop_id":"2271","user_id":"7930","shop_name":"enciboltja","shop_zip":"2072","product_code":"4506521","product_name_old":null,"product_name":"Nagym\u00e9ret\u0171 fot\u00f3album, f\u00e9nyk\u00e9palbum nat\u00far sz\u00ednekben. S\u00f6t\u00e9tbarna v\u00e1szon gerinc, n\u00f6v\u00e9nymot\u00edvummal nyomtatott nat\u00far v\u00e1szon","category_string":"Otthon & \u00c9letm\u00f3d, Pap\u00edr, \u00edr\u00f3szer, Album & Fot\u00f3album","technic_string":"K\u00f6nyvk\u00f6t\u00e9s, Pap\u00edrm\u0171v\u00e9szet","category_1":"813","category_2":"351","category_3":"353","category_4":"0","merged_category_1":null,"merged_category_2":null,"merged_category_3":null,"technic_1":"671","technic_2":"497","technic_3":"0","color_1":"514","color_2":"515","color_3":"532","product_description_old":null,"product_description":"Nagym\u00e9ret\u0171 fot\u00f3album, f\u00e9nyk\u00e9palbum nat\u00far sz\u00ednekben. S\u00f6t\u00e9tbarna v\u00e1szon gerinc n\u00f6v\u00e9nymot\u00edvummal nyomtatott nat\u00far v\u00e1szon. A bor\u00edt\u00f3ra k\u00e9rhet\u0151 felirat, n\u00e9v is.\n\n30 lapos, 300 g-os kr\u00e9mfeh\u00e9r pap\u00edrb\u00f3l, k\u00e9zzel f\u0171zve. \nM\u00e9rete: 35 x 25 cm.\n\nAz albumba fot\u00f3sarkokkal vagy l\u00e1thatatlanul, k\u00e9toldalas ragaszt\u00f3val r\u00f6gz\u00edtheted a k\u00e9peket, fot\u00f3kat.\n\nFot\u00f3albumok - aj\u00e1nd\u00e9k k\u00fcl\u00f6nb\u00f6z\u0151 alkalomra:\nhttps:\/\/www.meska.hu\/shop\/enciboltja?s=33192\nK\u00f6sz\u00f6n\u00f6m a l\u00e1togat\u00e1st, n\u00e9zd meg t\u00f6bbi term\u00e9kemet is: https:\/\/www.meska.hu\/shop\/enciboltja","price":"15400.00","unit":"db","recommended":"0","status":"1","sponsored":"0","exp_notify":"0","own_material":"0","own_material_description_old":null,"own_material_description":"","jury":"0","jury_number":"","product_nature":"","meskaracsony":"0","create_date":"2026-02-20 09:53:28","shelve_id":"33192","image":"enciboltja_product_7930_150707091633_662251.jpeg","image_width":"480","image_height":"480","image_alt":"Nagym\u00e9ret\u0171 fot\u00f3album, f\u00e9nyk\u00e9palbum nat\u00far sz\u00ednekben. S\u00f6t\u00e9tbarna v\u00e1szon gerinc, n\u00f6v\u00e9nymot\u00edvummal nyomtatott nat\u00far v\u00e1szon, Nagym\u00e9ret\u0171 fot\u00f3album, f\u00e9nyk\u00e9palbum nat\u00far sz\u00ednekben. S\u00f6t\u00e9tbarna v\u00e1szon gerinc n\u00f6v\u00e9nymot\u00edvummal nyomta..., Meska","image_title":"Nagym\u00e9ret\u0171 fot\u00f3album, f\u00e9nyk\u00e9palbum nat\u00far sz\u00ednekben. S\u00f6t\u00e9tbarna v\u00e1szon gerinc, n\u00f6v\u00e9nymot\u00edvummal nyomtatott nat\u00far v\u00e1szon, Meska","view_count":"2371","favourite_count":"0","trending_score":"0","last2MonthFavouriteCount":"0","promotion":"0","giftcard_accept":"1","creditcard_accept":true,"enhanced_background":"0","domain":"meska","specific_customer_id":null,"specific_customer_name":null,"to_order_product":"1","to_order_product_time":"14","product_different":"quite_different","product_different_description":"egyedi felirattal is k\u00e9rhet\u0151","vintage":"0","vintage_category_id":"0","recycled":"0","gemstone_id":"0","customizable":"1","type_category":"physical","zerowaste":"0","postage_price":"3555.00","shop_order":"1","has_category":"1","landing_pages":null,"microdata":{"number":23,"category":""},"title":"Nagym\u00e9ret\u0171 fot\u00f3album, f\u00e9nyk\u00e9palbum nat\u00far sz\u00ednekben. S\u00f6t\u00e9tbarna v\u00e1szon gerinc, n\u00f6v\u00e9nymot\u00edvummal nyomtatott nat\u00far v\u00e1szon","description":"Nagym\u00e9ret\u0171 fot\u00f3album, f\u00e9nyk\u00e9palbum nat\u00far sz\u00ednekben. S\u00f6t\u00e9tbarna v\u00e1szon gerinc n\u00f6v\u00e9nymot\u00edvummal nyomtatott nat\u00far v\u00e1szon. A bor\u00edt\u00f3ra k\u00e9rhet\u0151 felirat, n\u00e9v is.\n\n30 lapos, 300 g-os kr\u00e9mfeh\u00e9r pap\u00edrb\u00f3l, k\u00e9zzel f\u0171zve. \nM\u00e9rete: 35 x 25 cm.\n\nAz albumba fot\u00f3sarkokkal vagy l\u00e1thatatlanul, k\u00e9toldalas ragaszt\u00f3val r\u00f6gz\u00edtheted a k\u00e9peket, fot\u00f3kat.\n\nFot\u00f3albumok - aj\u00e1nd\u00e9k k\u00fcl\u00f6nb\u00f6z\u0151 alkalomra:\nhttps:\/\/www.meska.hu\/shop\/enciboltja?s=33192\nK\u00f6sz\u00f6n\u00f6m a l\u00e1togat\u00e1st, n\u00e9zd meg t\u00f6bbi term\u00e9kemet is: https:\/\/www.meska.hu\/shop\/enciboltja","score":2.008666,"formatted_price":"15 400 Ft","image_url":"https:\/\/www.meska.hu\/img\/product\/small\/e\/n\/enciboltja_product_7930_150707091633_662251.jpeg","formatted_url":"https:\/\/www.meska.hu\/p4506521-nagymeretu-fotoalbum-fenykepalbum-natur-szinekben-sotetbarna-vaszon-gerinc-novenymotivummal-nyomtatott-natur-vaszon","favourite":false,"in_stock":false,"avatar":"enciboltja_avatar_7930.jpg","delete_from":0,"is_enhanced_background":false,"is_enhanced":false,"product_selection_started":false,"is_active":true,"image_webp_url":"https:\/\/www.meska.hu\/img\/product\/small\/e\/n\/enciboltja_product_7930_150707091633_662251.webp"},{"id":"5966226","shop_id":"7609","user_id":"32886","shop_name":"LaczoGaleria","shop_zip":"6113","product_code":"5651797","product_name_old":null,"product_name":"Vitorl\u00e1sok - Lacz\u00f3 \u00c1gnes kort\u00e1rs fest\u0151\/grafikus m\u0171v\u00e9sz- Eredeti Akril Festm\u00e9ny Keretben","category_string":"M\u0171v\u00e9szet, Festm\u00e9ny, Akril","technic_string":"Fest\u00e9szet, Fot\u00f3, grafika, rajz, illusztr\u00e1ci\u00f3","category_1":"357","category_2":"358","category_3":"359","category_4":"0","merged_category_1":null,"merged_category_2":null,"merged_category_3":null,"technic_1":"480","technic_2":"483","technic_3":"0","color_1":"521","color_2":"534","color_3":"529","product_description_old":null,"product_description":"\n\nLacz\u00f3 \u00c1gnes kort\u00e1rs fest\u0151\/grafikus m\u0171v\u00e9sz munk\u00e1ja.\n\nEredeti Akril Festm\u00e9ny Faroston r\u00e9gi keretben. ( A keret helyenk\u00e9nt hi\u00e1nyos )\n\nMeret: kb 47 x 37 cm. *kerettel\n\nA szinek elt\u00e9rhetnek a monitor be\u00e1llit\u00e1snak megfelel\u0151en!\n\nA k\u00e9pet gondos csomagol\u00e1sban k\u00fcldj\u00fck, esetleges sz\u00e1ll\u00edt\u00e1s k\u00f6zben t\u00f6rt\u00e9n\u0151 s\u00e9r\u00fcl\u00e9s\u00e9rt felel\u0151ss\u00e9get nem tudunk v\u00e1llalni!","price":"54500.00","unit":"db","recommended":"0","status":"1","sponsored":"0","exp_notify":"0","own_material":"0","own_material_description_old":null,"own_material_description":"","jury":"0","jury_number":"","product_nature":"","meskaracsony":"0","create_date":"2026-02-20 12:14:17","shelve_id":"80083","image":"fanyuvaszto_product_32886_241028130055_93031.jpeg","image_width":"480","image_height":"405","image_alt":"Vitorl\u00e1sok - Lacz\u00f3 \u00c1gnes kort\u00e1rs fest\u0151\/grafikus m\u0171v\u00e9sz- Eredeti Akril Festm\u00e9ny Keretben, \\n\\nLacz\u00f3 \u00c1gnes kort\u00e1rs fest\u0151\/grafikus m\u0171v\u00e9sz munk\u00e1ja.\\n\\nEredeti Akril Festm\u00e9ny Faroston r\u00e9gi keretben...., Meska","image_title":"Vitorl\u00e1sok - Lacz\u00f3 \u00c1gnes kort\u00e1rs fest\u0151\/grafikus m\u0171v\u00e9sz- Eredeti Akril Festm\u00e9ny Keretben, Meska","view_count":"189","favourite_count":"0","trending_score":"0","last2MonthFavouriteCount":"0","promotion":"0","giftcard_accept":"0","creditcard_accept":true,"enhanced_background":"0","domain":"meska","specific_customer_id":null,"specific_customer_name":null,"to_order_product":"0","to_order_product_time":"0","product_different":null,"product_different_description":"","vintage":"1","vintage_category_id":"894","recycled":"1","gemstone_id":"0","customizable":"0","type_category":"physical","zerowaste":"0","postage_price":"2000.00","shop_order":"1","has_category":"1","landing_pages":null,"microdata":{"number":24,"category":""},"title":"Vitorl\u00e1sok - Lacz\u00f3 \u00c1gnes kort\u00e1rs fest\u0151\/grafikus m\u0171v\u00e9sz- Eredeti Akril Festm\u00e9ny Keretben","description":"\n\nLacz\u00f3 \u00c1gnes kort\u00e1rs fest\u0151\/grafikus m\u0171v\u00e9sz munk\u00e1ja.\n\nEredeti Akril Festm\u00e9ny Faroston r\u00e9gi keretben. ( A keret helyenk\u00e9nt hi\u00e1nyos )\n\nMeret: kb 47 x 37 cm. *kerettel\n\nA szinek elt\u00e9rhetnek a monitor be\u00e1llit\u00e1snak megfelel\u0151en!\n\nA k\u00e9pet gondos csomagol\u00e1sban k\u00fcldj\u00fck, esetleges sz\u00e1ll\u00edt\u00e1s k\u00f6zben t\u00f6rt\u00e9n\u0151 s\u00e9r\u00fcl\u00e9s\u00e9rt felel\u0151ss\u00e9get nem tudunk v\u00e1llalni!","score":2.008666,"formatted_price":"54 500 Ft","image_url":"https:\/\/www.meska.hu\/img\/product\/small\/f\/a\/fanyuvaszto_product_32886_241028130055_93031.jpeg","formatted_url":"https:\/\/www.meska.hu\/p5651797-vitorlasok-laczo-agnes-kortars-festo-grafikus-muvesz-eredeti-akril-festmeny-keretben","favourite":false,"in_stock":true,"avatar":"32886_avatar_1713938920.jpeg","delete_from":0,"is_enhanced_background":false,"is_enhanced":false,"product_selection_started":false,"is_active":true,"image_webp_url":"https:\/\/www.meska.hu\/img\/product\/small\/f\/a\/fanyuvaszto_product_32886_241028130055_93031.webp"},{"id":"2531787","shop_id":"690","user_id":"2092","shop_name":"Boriboszi","shop_zip":"2030","product_code":"4690479","product_name_old":null,"product_name":"Arany Buddha - egyedi akril festm\u00e9ny, falik\u00e9p 30x40, keretben","category_string":"M\u0171v\u00e9szet, Festm\u00e9ny, Akril","technic_string":"Festett t\u00e1rgyak, Fest\u00e9szet","category_1":"357","category_2":"358","category_3":"359","category_4":"0","merged_category_1":null,"merged_category_2":null,"merged_category_3":null,"technic_1":"481","technic_2":"480","technic_3":"0","color_1":"512","color_2":"522","color_3":"0","product_description_old":null,"product_description":"Egyedi, harm\u00f3ni\u00e1t \u00e9s nyugalmat sug\u00e1rz\u00f3 Buddha k\u00e9p keresi otthon\u00e1t egy lak\u00e1sban, vagy ak\u00e1r term\u00e9szetgy\u00f3gy\u00e1sz \/ j\u00f3ga st\u00fadi\u00f3ban... :)\n\n30x40cm-es kartonra kas\u00edrozott v\u00e1szonra festettem, saj\u00e1t terv alapj\u00e1n, akrilfest\u00e9kkel.\nLakkozva.\nEgyszer\u0171bb, v\u00e9kony feh\u00e9r (mdf) keretben (el\u0151lap n\u00e9lk\u00fcl, mivel lakkoztam a k\u00e9pet).\n\n(Az \u00e1rat minden egyes k\u00e9p eset\u00e9ben egyedileg hat\u00e1rozom meg, a festett k\u00e9pek technik\u00e1j\u00e1t\u00f3l, kidolgozotts\u00e1g\u00e1t\u00f3l, elrendez\u00e9s\u00e9t\u0151l, m\u00e9ret\u00e9t\u0151l, stb. f\u00fcgg\u0151en.)\n","price":"32900.00","unit":"db","recommended":"0","status":"1","sponsored":"0","exp_notify":"0","own_material":"0","own_material_description_old":null,"own_material_description":"","jury":"0","jury_number":"","product_nature":"","meskaracsony":"0","create_date":"2026-02-21 21:18:57","shelve_id":"61916","image":"boriboszi_product_2092_250620165134_6299100.jpeg","image_width":"480","image_height":"575","image_alt":"Arany Buddha - egyedi akril festm\u00e9ny, falik\u00e9p 30x40, keretben, Egyedi, harm\u00f3ni\u00e1t \u00e9s nyugalmat sug\u00e1rz\u00f3 Buddha k\u00e9p keresi otthon\u00e1t egy lak\u00e1sban, vagy ak\u00e1r term\u00e9szetg..., Meska","image_title":"Arany Buddha - egyedi akril festm\u00e9ny, falik\u00e9p 30x40, keretben, Meska","view_count":"2324","favourite_count":"0","trending_score":"0","last2MonthFavouriteCount":"0","promotion":"0","giftcard_accept":"1","creditcard_accept":false,"enhanced_background":"0","domain":"meska","specific_customer_id":null,"specific_customer_name":null,"to_order_product":"0","to_order_product_time":"0","product_different":null,"product_different_description":"","vintage":"0","vintage_category_id":"0","recycled":"0","gemstone_id":"0","customizable":"0","type_category":"physical","zerowaste":"0","postage_price":"1250.00","shop_order":"0","has_category":"1","landing_pages":null,"microdata":{"number":25,"category":""},"title":"Arany Buddha - egyedi akril festm\u00e9ny, falik\u00e9p 30x40, keretben","description":"Egyedi, harm\u00f3ni\u00e1t \u00e9s nyugalmat sug\u00e1rz\u00f3 Buddha k\u00e9p keresi otthon\u00e1t egy lak\u00e1sban, vagy ak\u00e1r term\u00e9szetgy\u00f3gy\u00e1sz \/ j\u00f3ga st\u00fadi\u00f3ban... :)\n\n30x40cm-es kartonra kas\u00edrozott v\u00e1szonra festettem, saj\u00e1t terv alapj\u00e1n, akrilfest\u00e9kkel.\nLakkozva.\nEgyszer\u0171bb, v\u00e9kony feh\u00e9r (mdf) keretben (el\u0151lap n\u00e9lk\u00fcl, mivel lakkoztam a k\u00e9pet).\n\n(Az \u00e1rat minden egyes k\u00e9p eset\u00e9ben egyedileg hat\u00e1rozom meg, a festett k\u00e9pek technik\u00e1j\u00e1t\u00f3l, kidolgozotts\u00e1g\u00e1t\u00f3l, elrendez\u00e9s\u00e9t\u0151l, m\u00e9ret\u00e9t\u0151l, stb. f\u00fcgg\u0151en.)\n","score":2.008666,"formatted_price":"32 900 Ft","image_url":"https:\/\/www.meska.hu\/img\/product\/small\/b\/o\/boriboszi_product_2092_250620165134_6299100.jpeg","formatted_url":"https:\/\/www.meska.hu\/p4690479-arany-buddha-egyedi-akril-festmeny-falikep-30x40","favourite":false,"in_stock":true,"avatar":"2092_avatar_1761491172.jpeg","delete_from":0,"is_enhanced_background":false,"is_enhanced":false,"product_selection_started":false,"is_active":true,"image_webp_url":"https:\/\/www.meska.hu\/img\/product\/small\/b\/o\/boriboszi_product_2092_250620165134_6299100.webp"},{"id":"6125724","shop_id":"7609","user_id":"32886","shop_name":"LaczoGaleria","shop_zip":"6113","product_code":"5739021","product_name_old":null,"product_name":"Tengerparti nyaral\u00f3 - Aj\u00e1nd\u00e9k \u00f6tlet, Rusztikus Dekor\u00e1ci\u00f3,  Fat\u00e1bla, Tenger, Vir\u00e1gok, Vitorl\u00e1s, H\u00e1z","category_string":"Otthon & \u00c9letm\u00f3d, Dekor\u00e1ci\u00f3, Fali \u00e9s f\u00fcgg\u0151 dekor\u00e1ci\u00f3, Falra akaszthat\u00f3 dekor","technic_string":"Festett t\u00e1rgyak, \u00dajrahasznos\u00edtott alapanyagb\u00f3l k\u00e9sz\u00fclt term\u00e9kek","category_1":"813","category_2":"314","category_3":"1470","category_4":"942","merged_category_1":null,"merged_category_2":null,"merged_category_3":null,"technic_1":"481","technic_2":"504","technic_3":"0","color_1":"519","color_2":"534","color_3":"528","product_description_old":null,"product_description":"Rusztikus f\u00e1ra festett, egyedi Dekor\u00e1ci\u00f3.\n\nLacz\u00f3 \u00c1gnes kort\u00e1rs fest\u0151\/grafikus m\u0171v\u00e9sz munk\u00e1ja.\n\nkb. 15 x 26 cm. H\u00e1tulj\u00e1n akaszt\u00f3.\n\nA sz\u00ednek elt\u00e9rhetnek a monitor be\u00e1ll\u00edt\u00e1snak megfelel\u0151en!\n\n\n\n","price":"42500.00","unit":"db","recommended":"0","status":"1","sponsored":"0","exp_notify":"0","own_material":"0","own_material_description_old":null,"own_material_description":"","jury":"0","jury_number":"","product_nature":"","meskaracsony":"0","create_date":"2026-02-22 15:08:27","shelve_id":"80083","image":"laczogaleria_product_32886_260222145934_606841.jpeg","image_width":"480","image_height":"484","image_alt":"Tengerparti nyaral\u00f3 - Aj\u00e1nd\u00e9k \u00f6tlet, Rusztikus Dekor\u00e1ci\u00f3,  Fat\u00e1bla, Tenger, Vir\u00e1gok, Vitorl\u00e1s, H\u00e1z, Rusztikus f\u00e1ra festett, egyedi Dekor\u00e1ci\u00f3.\\n\\nLacz\u00f3 \u00c1gnes kort\u00e1rs fest\u0151\/grafikus m\u0171v\u00e9sz munk\u00e1ja.\\n\\nkb. 1..., Meska","image_title":"Tengerparti nyaral\u00f3 - Aj\u00e1nd\u00e9k \u00f6tlet, Rusztikus Dekor\u00e1ci\u00f3,  Fat\u00e1bla, Tenger, Vir\u00e1gok, Vitorl\u00e1s, H\u00e1z, Meska","view_count":"309","favourite_count":"0","trending_score":"0","last2MonthFavouriteCount":"0","promotion":"0","giftcard_accept":"0","creditcard_accept":true,"enhanced_background":"0","domain":"meska","specific_customer_id":null,"specific_customer_name":null,"to_order_product":"0","to_order_product_time":"0","product_different":null,"product_different_description":"","vintage":"0","vintage_category_id":"0","recycled":"1","gemstone_id":"0","customizable":"0","type_category":"physical","zerowaste":"1","postage_price":"2000.00","shop_order":"1","has_category":"1","landing_pages":null,"microdata":{"number":26,"category":""},"title":"Tengerparti nyaral\u00f3 - Aj\u00e1nd\u00e9k \u00f6tlet, Rusztikus Dekor\u00e1ci\u00f3,  Fat\u00e1bla, Tenger, Vir\u00e1gok, Vitorl\u00e1s, H\u00e1z","description":"Rusztikus f\u00e1ra festett, egyedi Dekor\u00e1ci\u00f3.\n\nLacz\u00f3 \u00c1gnes kort\u00e1rs fest\u0151\/grafikus m\u0171v\u00e9sz munk\u00e1ja.\n\nkb. 15 x 26 cm. H\u00e1tulj\u00e1n akaszt\u00f3.\n\nA sz\u00ednek elt\u00e9rhetnek a monitor be\u00e1ll\u00edt\u00e1snak megfelel\u0151en!\n\n\n\n","score":2.008666,"formatted_price":"42 500 Ft","image_url":"https:\/\/www.meska.hu\/img\/product\/small\/l\/a\/laczogaleria_product_32886_260222145934_606841.jpeg","formatted_url":"https:\/\/www.meska.hu\/p5739021-tengerparti-nyaralo-ajandek-otlet-rusztikus-dekoracio-fatabla-tenger-viragok-vitorlas-haz","favourite":false,"in_stock":true,"avatar":"32886_avatar_1713938920.jpeg","delete_from":0,"is_enhanced_background":false,"is_enhanced":false,"product_selection_started":false,"is_active":true,"image_webp_url":"https:\/\/www.meska.hu\/img\/product\/small\/l\/a\/laczogaleria_product_32886_260222145934_606841.webp"},{"id":"6125845","shop_id":"515","user_id":"1442","shop_name":"Jcreative","shop_zip":"9495","product_code":"5739116","product_name_old":null,"product_name":"Sz\u00edv form\u00e1j\u00fa epoxy \u00e9kszertart\u00f3 t\u00e1lka","category_string":"Otthon & \u00c9letm\u00f3d, Dekor\u00e1ci\u00f3, Asztal \u00e9s polc dekor\u00e1ci\u00f3, Dekor\u00e1ci\u00f3s t\u00e1l, tart\u00f3","technic_string":"Mindenm\u00e1s","category_1":"813","category_2":"314","category_3":"1467","category_4":"1409","merged_category_1":null,"merged_category_2":null,"merged_category_3":null,"technic_1":"493","technic_2":"0","technic_3":"0","color_1":"512","color_2":"519","color_3":"0","product_description_old":null,"product_description":"Rozsdamentes alap\u00fa t\u00e1lka epoxy gyanta d\u00edsz\u00edt\u00e9ssel k\u00e9sz\u00fclt, arany \u00e9s feh\u00e9r \u00e1rnyalatokkal, apr\u00f3 dekor kaviccsal.\nT\u00f6k\u00e9letes v\u00e1laszt\u00e1s gy\u0171r\u0171k, f\u00fclbeval\u00f3k, apr\u00f3 \u00e9kszerek, de ak\u00e1r kulcsok vagy kedves eml\u00e9kt\u00e1rgyak t\u00e1rol\u00e1s\u00e1ra is.\nAj\u00e1nd\u00e9knak is ide\u00e1lis, praktikus d\u00edsze lehet h\u00e1l\u00f3szob\u00e1nak, f\u00e9s\u00fclk\u00f6d\u0151 asztalnak, f\u00fcrd\u0151szob\u00e1nak.\nM\u00e9rete: 8,5 x 9 cm.\n\n\n","price":"4500.00","unit":"db","recommended":"0","status":"1","sponsored":"0","exp_notify":"0","own_material":"0","own_material_description_old":null,"own_material_description":"","jury":"0","jury_number":"","product_nature":"","meskaracsony":"0","create_date":"2026-02-22 15:42:13","shelve_id":"57811","image":"jcreative_product_1442_260222153325_813960.jpeg","image_width":"480","image_height":"480","image_alt":"Sz\u00edv form\u00e1j\u00fa epoxy \u00e9kszertart\u00f3 t\u00e1lka, Rozsdamentes alap\u00fa t\u00e1lka epoxy gyanta d\u00edsz\u00edt\u00e9ssel k\u00e9sz\u00fclt, arany \u00e9s feh\u00e9r \u00e1rnyalatokkal, apr\u00f3 dekor ..., Meska","image_title":"Sz\u00edv form\u00e1j\u00fa epoxy \u00e9kszertart\u00f3 t\u00e1lka, Meska","view_count":"66","favourite_count":"0","trending_score":"0","last2MonthFavouriteCount":"0","promotion":"0","giftcard_accept":"0","creditcard_accept":true,"enhanced_background":"0","domain":"meska","specific_customer_id":null,"specific_customer_name":null,"to_order_product":"0","to_order_product_time":"0","product_different":null,"product_different_description":"","vintage":"0","vintage_category_id":"0","recycled":"0","gemstone_id":"0","customizable":"0","type_category":"physical","zerowaste":"0","postage_price":"2390.00","shop_order":"0","has_category":"1","landing_pages":null,"microdata":{"number":27,"category":""},"title":"Sz\u00edv form\u00e1j\u00fa epoxy \u00e9kszertart\u00f3 t\u00e1lka","description":"Rozsdamentes alap\u00fa t\u00e1lka epoxy gyanta d\u00edsz\u00edt\u00e9ssel k\u00e9sz\u00fclt, arany \u00e9s feh\u00e9r \u00e1rnyalatokkal, apr\u00f3 dekor kaviccsal.\nT\u00f6k\u00e9letes v\u00e1laszt\u00e1s gy\u0171r\u0171k, f\u00fclbeval\u00f3k, apr\u00f3 \u00e9kszerek, de ak\u00e1r kulcsok vagy kedves eml\u00e9kt\u00e1rgyak t\u00e1rol\u00e1s\u00e1ra is.\nAj\u00e1nd\u00e9knak is ide\u00e1lis, praktikus d\u00edsze lehet h\u00e1l\u00f3szob\u00e1nak, f\u00e9s\u00fclk\u00f6d\u0151 asztalnak, f\u00fcrd\u0151szob\u00e1nak.\nM\u00e9rete: 8,5 x 9 cm.\n\n\n","score":2.008666,"formatted_price":"4 500 Ft","image_url":"https:\/\/www.meska.hu\/img\/product\/small\/j\/c\/jcreative_product_1442_260222153325_813960.jpeg","formatted_url":"https:\/\/www.meska.hu\/p5739116-sziv-formaju-epoxy-ekszertarto-talka","favourite":false,"in_stock":true,"avatar":"Jcreative_avatar_1442_1602493589.jpeg","delete_from":0,"is_enhanced_background":false,"is_enhanced":false,"product_selection_started":false,"is_active":true,"image_webp_url":"https:\/\/www.meska.hu\/img\/product\/small\/j\/c\/jcreative_product_1442_260222153325_813960.webp"},{"id":"2867925","shop_id":"18619","user_id":"169706","shop_name":"Nancy16","shop_zip":"2440","product_code":"4664315","product_name_old":null,"product_name":"festm\u00e9ny sarki f\u00e9ny","category_string":"M\u0171v\u00e9szet, Festm\u00e9ny, Akril","technic_string":"Fest\u00e9szet","category_1":"357","category_2":"358","category_3":"359","category_4":"0","merged_category_1":null,"merged_category_2":null,"merged_category_3":null,"technic_1":"480","technic_2":"0","technic_3":"0","color_1":"521","color_2":"526","color_3":"529","product_description_old":null,"product_description":"CSOD\u00c1S K\u00c9P ,MELY A S\u00d6T\u00c9TBEN \u00d3R\u00c1KON \u00c1T VIL\u00c1G\u00cdT ,EZ\u00c1LTAL \u00c9LVEZHETJ\u00dcK A MES\u00c9S SARKI F\u00c9NY L\u00c1TV\u00c1NY\u00c1T .IGAZ\u00c1N HANGULATOS SZ\u00cdNFOLTJA LEHET AK\u00c1R A H\u00c1L\u00d3SZOB\u00c1NAK IS. \nFESZ\u00cdTETT V\u00c1SZONRA K\u00c9SZ\u00dcLT ,KERET N\u00c9LK\u00dcL IS HASZN\u00c1LHAT\u00d3 .\nM\u00c9RET :30X30 CM \n","price":"14500.00","unit":"db","recommended":"0","status":"1","sponsored":"0","exp_notify":"0","own_material":"0","own_material_description_old":null,"own_material_description":"","jury":"0","jury_number":"","product_nature":"","meskaracsony":"0","create_date":"2026-02-22 19:48:53","shelve_id":"0","image":"nancy16_product_169706_210422095335_733399.jpeg","image_width":"480","image_height":"640","image_alt":"festm\u00e9ny sarki f\u00e9ny, CSOD\u00c1S K\u00c9P ,MELY A S\u00d6T\u00c9TBEN \u00d3R\u00c1KON \u00c1T VIL\u00c1G\u00cdT ,EZ\u00c1LTAL \u00c9LVEZHETJ\u00dcK A MES\u00c9S SARKI F\u00c9NY L\u00c1TV\u00c1NY\u00c1T .IGA..., Meska","image_title":"festm\u00e9ny sarki f\u00e9ny, Meska","view_count":"1522","favourite_count":"0","trending_score":"0","last2MonthFavouriteCount":"0","promotion":"0","giftcard_accept":"1","creditcard_accept":false,"enhanced_background":"0","domain":"meska","specific_customer_id":null,"specific_customer_name":null,"to_order_product":"0","to_order_product_time":"0","product_different":null,"product_different_description":"","vintage":"0","vintage_category_id":"0","recycled":"0","gemstone_id":"0","customizable":"0","type_category":"physical","zerowaste":"0","postage_price":"2390.00","shop_order":"0","has_category":"1","landing_pages":null,"microdata":{"number":28,"category":""},"title":"festm\u00e9ny sarki f\u00e9ny","description":"CSOD\u00c1S K\u00c9P ,MELY A S\u00d6T\u00c9TBEN \u00d3R\u00c1KON \u00c1T VIL\u00c1G\u00cdT ,EZ\u00c1LTAL \u00c9LVEZHETJ\u00dcK A MES\u00c9S SARKI F\u00c9NY L\u00c1TV\u00c1NY\u00c1T .IGAZ\u00c1N HANGULATOS SZ\u00cdNFOLTJA LEHET AK\u00c1R A H\u00c1L\u00d3SZOB\u00c1NAK IS. \nFESZ\u00cdTETT V\u00c1SZONRA K\u00c9SZ\u00dcLT ,KERET N\u00c9LK\u00dcL IS HASZN\u00c1LHAT\u00d3 .\nM\u00c9RET :30X30 CM \n","score":2.008666,"formatted_price":"14 500 Ft","image_url":"https:\/\/www.meska.hu\/img\/product\/small\/n\/a\/nancy16_product_169706_210422095335_733399.jpeg","formatted_url":"https:\/\/www.meska.hu\/p4664315-festmeny-sarki-feny","favourite":false,"in_stock":true,"avatar":"Nancy16_avatar_169706.JPG","delete_from":0,"is_enhanced_background":false,"is_enhanced":false,"product_selection_started":false,"is_active":true,"image_webp_url":"https:\/\/www.meska.hu\/img\/product\/small\/n\/a\/nancy16_product_169706_210422095335_733399.webp"},{"id":"3096521","shop_id":"18619","user_id":"169706","shop_name":"Nancy16","shop_zip":"2440","product_code":"4664341","product_name_old":null,"product_name":"t\u00e1jk\u00e9p","category_string":"M\u0171v\u00e9szet, Festm\u00e9ny, Akril","technic_string":"Fest\u00e9szet","category_1":"357","category_2":"358","category_3":"359","category_4":"0","merged_category_1":null,"merged_category_2":null,"merged_category_3":null,"technic_1":"480","technic_2":"0","technic_3":"0","color_1":"514","color_2":"519","color_3":"529","product_description_old":null,"product_description":"Kellemes hangulat\u00fa t\u00e1jk\u00e9p,mely nyugalmat \u00e1raszt.A k\u00e9p remek aj\u00e1nd\u00e9k lehet b\u00e1rkinek .\nM\u00e9rete 30x40 cm .Keret \u00e1ra 15000 ft ,de keret n\u00e9lk\u00fcl is k\u00e9rhet\u0151. ","price":"18000.00","unit":"db","recommended":"0","status":"1","sponsored":"0","exp_notify":"0","own_material":"0","own_material_description_old":null,"own_material_description":"","jury":"0","jury_number":"","product_nature":"","meskaracsony":"0","create_date":"2026-01-18 16:20:48","shelve_id":"0","image":"nancy16_product_169706_211001111608_622152.jpeg","image_width":"480","image_height":"360","image_alt":"t\u00e1jk\u00e9p, Kellemes hangulat\u00fa t\u00e1jk\u00e9p,mely nyugalmat \u00e1raszt.A k\u00e9p remek aj\u00e1nd\u00e9k lehet b\u00e1rkinek .\\nM\u00e9rete 30x40 cm..., Meska","image_title":"t\u00e1jk\u00e9p, Meska","view_count":"877","favourite_count":"0","trending_score":"0","last2MonthFavouriteCount":"0","promotion":"0","giftcard_accept":"1","creditcard_accept":false,"enhanced_background":"0","domain":"meska","specific_customer_id":null,"specific_customer_name":null,"to_order_product":"0","to_order_product_time":"0","product_different":null,"product_different_description":"","vintage":"0","vintage_category_id":"0","recycled":"0","gemstone_id":"0","customizable":"0","type_category":"physical","zerowaste":"0","postage_price":"2390.00","shop_order":"0","has_category":"1","landing_pages":null,"microdata":{"number":29,"category":""},"title":"t\u00e1jk\u00e9p","description":"Kellemes hangulat\u00fa t\u00e1jk\u00e9p,mely nyugalmat \u00e1raszt.A k\u00e9p remek aj\u00e1nd\u00e9k lehet b\u00e1rkinek .\nM\u00e9rete 30x40 cm .Keret \u00e1ra 15000 ft ,de keret n\u00e9lk\u00fcl is k\u00e9rhet\u0151. ","score":2.008666,"formatted_price":"18 000 Ft","image_url":"https:\/\/www.meska.hu\/img\/product\/small\/n\/a\/nancy16_product_169706_211001111608_622152.jpeg","formatted_url":"https:\/\/www.meska.hu\/p4664341-tajkep","favourite":false,"in_stock":true,"avatar":"Nancy16_avatar_169706.JPG","delete_from":0,"is_enhanced_background":false,"is_enhanced":false,"product_selection_started":false,"is_active":true,"image_webp_url":"https:\/\/www.meska.hu\/img\/product\/small\/n\/a\/nancy16_product_169706_211001111608_622152.webp"},{"id":"5209734","shop_id":"4454","user_id":"16374","shop_name":"SonagiD","shop_zip":"3300","product_code":"5210319","product_name_old":null,"product_name":"\u00dcVEGMED\u00c1L, ","category_string":"\u00c9kszer, Nyakl\u00e1nc, Med\u00e1los nyakl\u00e1nc","technic_string":"\u00c9kszerk\u00e9sz\u00edt\u00e9s, \u00dcvegm\u0171v\u00e9szet","category_1":"327","category_2":"337","category_3":"1260","category_4":"0","merged_category_1":null,"merged_category_2":null,"merged_category_3":null,"technic_1":"477","technic_2":"505","technic_3":"0","color_1":"1474","color_2":"0","color_3":"0","product_description_old":null,"product_description":"\u00dcVEGMED\u00c1L, fusing (olvaszt\u00e1s) technik\u00e1val k\u00e9sz\u00fclt egyedi  \u00fcveg\u00e9kszer, baracksz\u00edn\u0171 \u00fcvegb\u0151l, 70 cm-es, fekete zsin\u00f3ron, \u00e1ll\u00edthat\u00f3 hossz\u00fas\u00e1ggal, kapocs n\u00e9lk\u00fcli, \"beleb\u00faj\u00f3s\" megold\u00e1ssal.\nT\u00f6bb sz\u00ednb\u0151l \u00e9s form\u00e1b\u00f3l v\u00e1laszthat\u00f3.","price":"2800.00","unit":"db","recommended":"0","status":"1","sponsored":"0","exp_notify":"0","own_material":"0","own_material_description_old":null,"own_material_description":"","jury":"0","jury_number":"","product_nature":"","meskaracsony":"0","create_date":"2026-02-10 14:44:03","shelve_id":"11248","image":"sonagid_product_16374_250111191850_097873.jpeg","image_width":"480","image_height":"429","image_alt":"\u00dcVEGMED\u00c1L, , \u00dcVEGMED\u00c1L, fusing (olvaszt\u00e1s) technik\u00e1val k\u00e9sz\u00fclt egyedi  \u00fcveg\u00e9kszer, baracksz\u00edn\u0171 \u00fcvegb\u0151l, 70 cm-es,..., Meska","image_title":"\u00dcVEGMED\u00c1L, , Meska","view_count":"562","favourite_count":"0","trending_score":"0","last2MonthFavouriteCount":"0","promotion":"0","giftcard_accept":"0","creditcard_accept":false,"enhanced_background":"0","domain":"meska","specific_customer_id":null,"specific_customer_name":null,"to_order_product":"0","to_order_product_time":"0","product_different":null,"product_different_description":"","vintage":"0","vintage_category_id":"0","recycled":"0","gemstone_id":"0","customizable":"0","type_category":"physical","zerowaste":"0","postage_price":"1290.00","shop_order":"10","has_category":"1","landing_pages":null,"microdata":{"number":30,"category":""},"title":"\u00dcVEGMED\u00c1L, ","description":"\u00dcVEGMED\u00c1L, fusing (olvaszt\u00e1s) technik\u00e1val k\u00e9sz\u00fclt egyedi  \u00fcveg\u00e9kszer, baracksz\u00edn\u0171 \u00fcvegb\u0151l, 70 cm-es, fekete zsin\u00f3ron, \u00e1ll\u00edthat\u00f3 hossz\u00fas\u00e1ggal, kapocs n\u00e9lk\u00fcli, \"beleb\u00faj\u00f3s\" megold\u00e1ssal.\nT\u00f6bb sz\u00ednb\u0151l \u00e9s form\u00e1b\u00f3l v\u00e1laszthat\u00f3.","score":2.008666,"formatted_price":"2 800 Ft","image_url":"https:\/\/www.meska.hu\/img\/product\/small\/s\/o\/sonagid_product_16374_250111191850_097873.jpeg","formatted_url":"https:\/\/www.meska.hu\/p5210319-uveg-medal","favourite":false,"in_stock":true,"avatar":"SonagiD_avatar_16374_1584714693.jpg","delete_from":0,"is_enhanced_background":false,"is_enhanced":false,"product_selection_started":false,"is_active":true,"image_webp_url":"https:\/\/www.meska.hu\/img\/product\/small\/s\/o\/sonagid_product_16374_250111191850_097873.webp"},{"id":"3435963","shop_id":"8526","user_id":"40440","shop_name":"varabin","shop_zip":"2000","product_code":"4573292","product_name_old":null,"product_name":"Sz\u00ednh\u00e1z med\u00e1l","category_string":"\u00c9kszer, Nyakl\u00e1nc, Med\u00e1l","technic_string":"\u00c9kszerk\u00e9sz\u00edt\u00e9s, \u00d6tv\u00f6s","category_1":"327","category_2":"337","category_3":"335","category_4":"0","merged_category_1":null,"merged_category_2":null,"merged_category_3":null,"technic_1":"477","technic_2":"496","technic_3":"0","color_1":"518","color_2":"520","color_3":"0","product_description_old":null,"product_description":"Sz\u00ednh\u00e1z az eg\u00e9sz vil\u00e1g. \u00c9s sz\u00edn\u00e9sz benne minden f\u00e9rfi \u00e9s n\u0151: Fell\u00e9p s lel\u00e9p: s mindenkit sok szerep v\u00e1r \u00c9let\u00e9ben...\nEz a Shakespeare gyerek tudott valamit :)\n\nA med\u00e1l m\u00e9rete: 22x18 mm\n\nA med\u00e1lhoz kieg\u00e9sz\u00edt\u0151k\u00e9nt v\u00e1laszthat\u00f3 ez\u00fcst v\u00e9gekkel \u00e9s z\u00e1rral k\u00e9sz\u00edtett b\u0151r nyakl\u00e1nc is.\n\nK\u00f6sz\u00f6n\u00f6m, hogy ell\u00e1togatt\u00e1l hozz\u00e1m! ","price":"10700.00","unit":"db","recommended":"0","status":"1","sponsored":"0","exp_notify":"0","own_material":"0","own_material_description_old":null,"own_material_description":"","jury":"0","jury_number":"","product_nature":"","meskaracsony":"0","create_date":"2026-02-06 17:19:50","shelve_id":"16626","image":"varabin_product_40440_170426085410_041320.jpeg","image_width":"480","image_height":"480","image_alt":"Sz\u00ednh\u00e1z med\u00e1l, Sz\u00ednh\u00e1z az eg\u00e9sz vil\u00e1g. \u00c9s sz\u00edn\u00e9sz benne minden f\u00e9rfi \u00e9s n\u0151: Fell\u00e9p s lel\u00e9p: s mindenkit sok szerep ..., Meska","image_title":"Sz\u00ednh\u00e1z med\u00e1l, Meska","view_count":"2704","favourite_count":"0","trending_score":"0","last2MonthFavouriteCount":"0","promotion":"0","giftcard_accept":"1","creditcard_accept":false,"enhanced_background":"0","domain":"meska","specific_customer_id":null,"specific_customer_name":null,"to_order_product":"0","to_order_product_time":"0","product_different":null,"product_different_description":"","vintage":"0","vintage_category_id":"0","recycled":"0","gemstone_id":"0","customizable":"0","type_category":"physical","zerowaste":"0","postage_price":"2390.00","shop_order":"0","has_category":"1","landing_pages":null,"microdata":{"number":31,"category":""},"title":"Sz\u00ednh\u00e1z med\u00e1l","description":"Sz\u00ednh\u00e1z az eg\u00e9sz vil\u00e1g. \u00c9s sz\u00edn\u00e9sz benne minden f\u00e9rfi \u00e9s n\u0151: Fell\u00e9p s lel\u00e9p: s mindenkit sok szerep v\u00e1r \u00c9let\u00e9ben...\nEz a Shakespeare gyerek tudott valamit :)\n\nA med\u00e1l m\u00e9rete: 22x18 mm\n\nA med\u00e1lhoz kieg\u00e9sz\u00edt\u0151k\u00e9nt v\u00e1laszthat\u00f3 ez\u00fcst v\u00e9gekkel \u00e9s z\u00e1rral k\u00e9sz\u00edtett b\u0151r nyakl\u00e1nc is.\n\nK\u00f6sz\u00f6n\u00f6m, hogy ell\u00e1togatt\u00e1l hozz\u00e1m! ","score":2.008666,"formatted_price":"10 700 Ft","image_url":"https:\/\/www.meska.hu\/img\/product\/small\/v\/a\/varabin_product_40440_170426085410_041320.jpeg","formatted_url":"https:\/\/www.meska.hu\/p4573292-szinhaz-medal","favourite":false,"in_stock":true,"avatar":"varabin_avatar_40440.jpg","delete_from":0,"is_enhanced_background":false,"is_enhanced":false,"product_selection_started":false,"is_active":true,"image_webp_url":"https:\/\/www.meska.hu\/img\/product\/small\/v\/a\/varabin_product_40440_170426085410_041320.webp"},{"id":"5808504","shop_id":"4454","user_id":"16374","shop_name":"SonagiD","shop_zip":"3300","product_code":"5562303","product_name_old":null,"product_name":"\u00dcVEG\u00c9KSZER GARNIT\u00daRA, K\u00c9K-Z\u00d6LD","category_string":"\u00c9kszer, \u00c9kszerszett","technic_string":"\u00c9kszerk\u00e9sz\u00edt\u00e9s, \u00dcvegm\u0171v\u00e9szet","category_1":"327","category_2":"330","category_3":"0","category_4":"0","merged_category_1":null,"merged_category_2":null,"merged_category_3":null,"technic_1":"477","technic_2":"505","technic_3":"0","color_1":"520","color_2":"521","color_3":"529","product_description_old":null,"product_description":"K\u00c9K-Z\u00d6LD sz\u00edn\u0171, fusing (olvaszt\u00e1s) technik\u00e1val k\u00e9sz\u00fclt egyedi  \u00fcveg\u00e9kszer garnit\u00fara, MED\u00c1L-KARK\u00d6T\u0150-F\u00dcLBEVAL\u00d3-GY\u0170R\u0170. A med\u00e1l 70 cm hossz\u00fa, fekete sz\u00edn\u0171 selyemzsin\u00f3rral szerelt, kapocs n\u00e9lk\u00fcli, \u00e1ll\u00edthat\u00f3 hossz\u00fas\u00e1g\u00fa megold\u00e1ssal. A kark\u00f6t\u0151 6 sz\u00e1l fekete kerek b\u0151rsz\u00e1lra szerelt, kb. 17 cm hossz\u00fa, l\u00e1nchosszabb\u00edt\u00f3val ell\u00e1tott, a f\u00fclbeval\u00f3 \u00e9s a gy\u0171r\u0171 antiallerg\u00e9n orvosi f\u00e9mre szerelt.\n\u00c9kszertart\u00f3 dobozban post\u00e1zom.","price":"12500.00","unit":"garn","recommended":"0","status":"1","sponsored":"0","exp_notify":"0","own_material":"0","own_material_description_old":null,"own_material_description":"","jury":"0","jury_number":"","product_nature":"","meskaracsony":"0","create_date":"2026-01-22 19:22:45","shelve_id":"11248","image":"sonagid_product_16374_251228225414_501816.jpeg","image_width":"480","image_height":"478","image_alt":"\u00dcVEG\u00c9KSZER GARNIT\u00daRA, K\u00c9K-Z\u00d6LD, K\u00c9K-Z\u00d6LD sz\u00edn\u0171, fusing (olvaszt\u00e1s) technik\u00e1val k\u00e9sz\u00fclt egyedi  \u00fcveg\u00e9kszer garnit\u00fara, MED\u00c1L-KARK\u00d6T\u0150-F..., Meska","image_title":"\u00dcVEG\u00c9KSZER GARNIT\u00daRA, K\u00c9K-Z\u00d6LD, Meska","view_count":"249","favourite_count":"0","trending_score":"0","last2MonthFavouriteCount":"0","promotion":"0","giftcard_accept":"0","creditcard_accept":false,"enhanced_background":"0","domain":"meska","specific_customer_id":null,"specific_customer_name":null,"to_order_product":"0","to_order_product_time":"0","product_different":null,"product_different_description":"","vintage":"0","vintage_category_id":"0","recycled":"0","gemstone_id":"0","customizable":"0","type_category":"physical","zerowaste":"0","postage_price":"1290.00","shop_order":"23","has_category":"1","landing_pages":null,"microdata":{"number":32,"category":""},"title":"\u00dcVEG\u00c9KSZER GARNIT\u00daRA, K\u00c9K-Z\u00d6LD","description":"K\u00c9K-Z\u00d6LD sz\u00edn\u0171, fusing (olvaszt\u00e1s) technik\u00e1val k\u00e9sz\u00fclt egyedi  \u00fcveg\u00e9kszer garnit\u00fara, MED\u00c1L-KARK\u00d6T\u0150-F\u00dcLBEVAL\u00d3-GY\u0170R\u0170. A med\u00e1l 70 cm hossz\u00fa, fekete sz\u00edn\u0171 selyemzsin\u00f3rral szerelt, kapocs n\u00e9lk\u00fcli, \u00e1ll\u00edthat\u00f3 hossz\u00fas\u00e1g\u00fa megold\u00e1ssal. A kark\u00f6t\u0151 6 sz\u00e1l fekete kerek b\u0151rsz\u00e1lra szerelt, kb. 17 cm hossz\u00fa, l\u00e1nchosszabb\u00edt\u00f3val ell\u00e1tott, a f\u00fclbeval\u00f3 \u00e9s a gy\u0171r\u0171 antiallerg\u00e9n orvosi f\u00e9mre szerelt.\n\u00c9kszertart\u00f3 dobozban post\u00e1zom.","score":2.008666,"formatted_price":"12 500 Ft","image_url":"https:\/\/www.meska.hu\/img\/product\/small\/s\/o\/sonagid_product_16374_251228225414_501816.jpeg","formatted_url":"https:\/\/www.meska.hu\/p5562303-uvegekszer-garnitura-piros","favourite":false,"in_stock":true,"avatar":"SonagiD_avatar_16374_1584714693.jpg","delete_from":0,"is_enhanced_background":false,"is_enhanced":false,"product_selection_started":false,"is_active":true,"image_webp_url":"https:\/\/www.meska.hu\/img\/product\/small\/s\/o\/sonagid_product_16374_251228225414_501816.webp"},{"id":"4763806","shop_id":"24098","user_id":"273535","shop_name":"romandoramaria","shop_zip":"2022","product_code":"4937612","product_name_old":null,"product_name":"K\u0151szeg, EREDETI akvarell festm\u00e9ny, ","category_string":"M\u0171v\u00e9szet, Festm\u00e9ny, Akvarell","technic_string":"Fest\u00e9szet","category_1":"357","category_2":"358","category_3":"360","category_4":"0","merged_category_1":null,"merged_category_2":null,"merged_category_3":null,"technic_1":"480","technic_2":"0","technic_3":"0","color_1":"521","color_2":"523","color_3":"526","product_description_old":null,"product_description":"K\u0151szeg. Eredeti akvarell festm\u00e9nyem A\/4-es m\u00e9ret\u0171.Magas min\u0151s\u00e9g\u0171 savmentes akvarellpap\u00edrra.\nMinden festm\u00e9ny szign\u00f3zva, \u00e9vsz\u00e1mmal ell\u00e1tva, kartonnal meger\u0151s\u00edtve, celof\u00e1ntasakban \u00e9s b\u00e9lelt bor\u00edt\u00e9kban k\u00fcld\u00f6k.\n\nA keretek \u00e9s egy\u00e9b d\u00edszletek, kieg\u00e9sz\u00edt\u0151k csak illusztrat\u00edv jelleget k\u00e9peznek!\nB\u00e1rmilyen szabv\u00e1ny A\/4-es keretben j\u00f3l mutat.\nSZERZ\u0150I JOG:\n- Minden jog fenntartva\nFelh\u00edvom figyelm\u00e9t, hogy a szerz\u0151i jog minden term\u00e9kre megmarad, kiz\u00e1r\u00f3lagosan csakis a m\u0171v\u00e9sz\u00e9, \u00e9s nem ker\u00fcl \u00e1t a v\u00e1s\u00e1rl\u00f3ra.\nA k\u00e9peimet, festm\u00e9nyeimet, illusztr\u00e1ci\u00f3imat szerz\u0151i jog v\u00e9di!\nSemmilyen form\u00e1ban nem sokszoros\u00edthat\u00f3, m\u00e1solhat\u00f3, oszthat\u00f3, gy\u00e1rthat\u00f3. \nA term\u00e9kek csakis szem\u00e9lyes haszn\u00e1latra vehet\u0151k egy\u00e9b felhazsn\u00e1l\u00e1sra csak a m\u0171v\u00e9sz beleegyez\u00e9s\u00e9vel ker\u00fclhet sor.\nKereskedelemben nem \u00e9rt\u00e9kes\u00edthet\u0151 az alkot\u00f3 Enged\u00e9lye n\u00e9lk\u00fcl. \nCOPYRIGHT\n- All rights reserved\n k\u00e9rd\u00e9sem van a term\u00e9kkel kapcsolatban\n\n","price":"8200.00","unit":"db","recommended":"0","status":"1","sponsored":"0","exp_notify":"0","own_material":"0","own_material_description_old":null,"own_material_description":"","jury":"0","jury_number":"","product_nature":"","meskaracsony":"0","create_date":"2026-01-18 21:41:57","shelve_id":"75936","image":"romandoramaria_product_273535_241206202010_311185.jpeg","image_width":"480","image_height":"480","image_alt":"K\u0151szeg, EREDETI akvarell festm\u00e9ny, , K\u0151szeg. Eredeti akvarell festm\u00e9nyem A\/4-es m\u00e9ret\u0171.Magas min\u0151s\u00e9g\u0171 savmentes akvarellpap\u00edrra.\\nMinden f..., Meska","image_title":"K\u0151szeg, EREDETI akvarell festm\u00e9ny, , Meska","view_count":"914","favourite_count":"0","trending_score":"0","last2MonthFavouriteCount":"0","promotion":"0","giftcard_accept":"1","creditcard_accept":false,"enhanced_background":"0","domain":"meska","specific_customer_id":null,"specific_customer_name":null,"to_order_product":"0","to_order_product_time":"0","product_different":null,"product_different_description":"","vintage":"0","vintage_category_id":"0","recycled":"0","gemstone_id":"0","customizable":"0","type_category":"physical","zerowaste":"0","postage_price":"1290.00","shop_order":"0","has_category":"1","landing_pages":null,"microdata":{"number":33,"category":""},"title":"K\u0151szeg, EREDETI akvarell festm\u00e9ny, ","description":"K\u0151szeg. Eredeti akvarell festm\u00e9nyem A\/4-es m\u00e9ret\u0171.Magas min\u0151s\u00e9g\u0171 savmentes akvarellpap\u00edrra.\nMinden festm\u00e9ny szign\u00f3zva, \u00e9vsz\u00e1mmal ell\u00e1tva, kartonnal meger\u0151s\u00edtve, celof\u00e1ntasakban \u00e9s b\u00e9lelt bor\u00edt\u00e9kban k\u00fcld\u00f6k.\n\nA keretek \u00e9s egy\u00e9b d\u00edszletek, kieg\u00e9sz\u00edt\u0151k csak illusztrat\u00edv jelleget k\u00e9peznek!\nB\u00e1rmilyen szabv\u00e1ny A\/4-es keretben j\u00f3l mutat.\nSZERZ\u0150I JOG:\n- Minden jog fenntartva\nFelh\u00edvom figyelm\u00e9t, hogy a szerz\u0151i jog minden term\u00e9kre megmarad, kiz\u00e1r\u00f3lagosan csakis a m\u0171v\u00e9sz\u00e9, \u00e9s nem ker\u00fcl \u00e1t a v\u00e1s\u00e1rl\u00f3ra.\nA k\u00e9peimet, festm\u00e9nyeimet, illusztr\u00e1ci\u00f3imat szerz\u0151i jog v\u00e9di!\nSemmilyen form\u00e1ban nem sokszoros\u00edthat\u00f3, m\u00e1solhat\u00f3, oszthat\u00f3, gy\u00e1rthat\u00f3. \nA term\u00e9kek csakis szem\u00e9lyes haszn\u00e1latra vehet\u0151k egy\u00e9b felhazsn\u00e1l\u00e1sra csak a m\u0171v\u00e9sz beleegyez\u00e9s\u00e9vel ker\u00fclhet sor.\nKereskedelemben nem \u00e9rt\u00e9kes\u00edthet\u0151 az alkot\u00f3 Enged\u00e9lye n\u00e9lk\u00fcl. \nCOPYRIGHT\n- All rights reserved\n k\u00e9rd\u00e9sem van a term\u00e9kkel kapcsolatban\n\n","score":2.008666,"formatted_price":"8 200 Ft","image_url":"https:\/\/www.meska.hu\/img\/product\/small\/r\/o\/romandoramaria_product_273535_241206202010_311185.jpeg","formatted_url":"https:\/\/www.meska.hu\/p4937612-veled-balnacskam-eredeti-akvarell-festmeny-lovak-lo-baratsag-szerelem","favourite":false,"in_stock":true,"avatar":"romandoramaria_avatar_273535_1537808140.jpg","delete_from":0,"is_enhanced_background":false,"is_enhanced":false,"product_selection_started":false,"is_active":true,"image_webp_url":"https:\/\/www.meska.hu\/img\/product\/small\/r\/o\/romandoramaria_product_273535_241206202010_311185.webp"},{"id":"4498370","shop_id":"4454","user_id":"16374","shop_name":"SonagiD","shop_zip":"3300","product_code":"4777491","product_name_old":null,"product_name":"\u00dcVEG MED\u00c1L, NARANCSPIROS","category_string":"\u00c9kszer, Nyakl\u00e1nc, Med\u00e1los nyakl\u00e1nc","technic_string":"\u00c9kszerk\u00e9sz\u00edt\u00e9s, \u00dcvegm\u0171v\u00e9szet","category_1":"327","category_2":"337","category_3":"1260","category_4":"0","merged_category_1":null,"merged_category_2":null,"merged_category_3":null,"technic_1":"477","technic_2":"505","technic_3":"0","color_1":"568","color_2":"523","color_3":"0","product_description_old":null,"product_description":"\u00dcVEGMED\u00c1L, narancspiros sz\u00edn\u0171 \u00fcvegb\u0151l, fusing (olvaszt\u00e1s) technik\u00e1val k\u00e9sz\u00fclt egyedi  \u00fcveg\u00e9kszer, 70 cm-es, fekete zsin\u00f3ron, \u00e1ll\u00edthat\u00f3 hossz\u00fas\u00e1ggal, kapocs n\u00e9lk\u00fcli, \"beleb\u00faj\u00f3s\" megold\u00e1ssal.\nA med\u00e1l m\u00e9rete: 3x4 cm","price":"2800.00","unit":"db","recommended":"0","status":"1","sponsored":"0","exp_notify":"0","own_material":"0","own_material_description_old":null,"own_material_description":"","jury":"0","jury_number":"","product_nature":"","meskaracsony":"0","create_date":"2026-02-14 17:20:03","shelve_id":"11248","image":"sonagid_product_16374_220918171130_870745.jpeg","image_width":"480","image_height":"499","image_alt":"\u00dcVEG MED\u00c1L, NARANCSPIROS, \u00dcVEGMED\u00c1L, narancspiros sz\u00edn\u0171 \u00fcvegb\u0151l, fusing (olvaszt\u00e1s) technik\u00e1val k\u00e9sz\u00fclt egyedi  \u00fcveg\u00e9kszer, 70..., Meska","image_title":"\u00dcVEG MED\u00c1L, NARANCSPIROS, Meska","view_count":"701","favourite_count":"0","trending_score":"0","last2MonthFavouriteCount":"0","promotion":"0","giftcard_accept":"0","creditcard_accept":false,"enhanced_background":"0","domain":"meska","specific_customer_id":null,"specific_customer_name":null,"to_order_product":"0","to_order_product_time":"0","product_different":null,"product_different_description":"","vintage":"0","vintage_category_id":"0","recycled":"0","gemstone_id":"0","customizable":"0","type_category":"physical","zerowaste":"0","postage_price":"1290.00","shop_order":"3","has_category":"1","landing_pages":null,"microdata":{"number":34,"category":""},"title":"\u00dcVEG MED\u00c1L, NARANCSPIROS","description":"\u00dcVEGMED\u00c1L, narancspiros sz\u00edn\u0171 \u00fcvegb\u0151l, fusing (olvaszt\u00e1s) technik\u00e1val k\u00e9sz\u00fclt egyedi  \u00fcveg\u00e9kszer, 70 cm-es, fekete zsin\u00f3ron, \u00e1ll\u00edthat\u00f3 hossz\u00fas\u00e1ggal, kapocs n\u00e9lk\u00fcli, \"beleb\u00faj\u00f3s\" megold\u00e1ssal.\nA med\u00e1l m\u00e9rete: 3x4 cm","score":2.008666,"formatted_price":"2 800 Ft","image_url":"https:\/\/www.meska.hu\/img\/product\/small\/s\/o\/sonagid_product_16374_220918171130_870745.jpeg","formatted_url":"https:\/\/www.meska.hu\/p4777491-uveg-medal-narancspiros","favourite":false,"in_stock":true,"avatar":"SonagiD_avatar_16374_1584714693.jpg","delete_from":0,"is_enhanced_background":false,"is_enhanced":false,"product_selection_started":false,"is_active":true,"image_webp_url":"https:\/\/www.meska.hu\/img\/product\/small\/s\/o\/sonagid_product_16374_220918171130_870745.webp"},{"id":"6083189","shop_id":"29668","user_id":"363674","shop_name":"AndiDekor","shop_zip":"8052","product_code":"5712022","product_name_old":null,"product_name":"T\u00e9li erd\u0151 matrica \u00edv No.159","category_string":"Otthon & \u00c9letm\u00f3d, Pap\u00edr, \u00edr\u00f3szer, Matrica, matrica csomag","technic_string":"Fot\u00f3, grafika, rajz, illusztr\u00e1ci\u00f3, Pap\u00edrm\u0171v\u00e9szet","category_1":"813","category_2":"351","category_3":"1324","category_4":"0","merged_category_1":null,"merged_category_2":null,"merged_category_3":null,"technic_1":"483","technic_2":"497","technic_3":"0","color_1":"532","color_2":"0","color_3":"0","product_description_old":null,"product_description":"T\u00e9li erd\u0151 matrica \u00edv No.159\n\nKiv\u00e1l\u00f3an alkalmas dekor\u00e1ci\u00f3s c\u00e9lokra, scrapbook-hoz, bullet journal, junk journal \u00e9s egy\u00e9b napl\u00f3k d\u00edsz\u00edt\u00e9s\u00e9re.\n\nTerm\u00e9kjellemz\u0151k:\n\n- Egyedi diz\u00e1jn\n- Matt fel\u00fclet\u0171 matrica pap\u00edr\n- 1 db 17 cm x 11,5 cm-es matrica \u00edv\n- v\u00e1g\u00f3g\u00e9ppel k\u00f6rbev\u00e1gott\n- belt\u00e9ri felhaszn\u00e1l\u00e1sra alkalmas\n\nA sz\u00e1ll\u00edt\u00e1s post\u00e1val megoldhat\u00f3, lev\u00e9lk\u00fcldem\u00e9nyk\u00e9nt, vagy k\u00e9rhet\u0151 k\u00fcl\u00f6nb\u00f6z\u0151 boxos sz\u00e1ll\u00edt\u00e1si opci\u00f3kkal (pl. Foxpost) - r\u00e9szletes inf\u00f3k a sz\u00e1ll\u00edt\u00e1s f\u00fcl\u00f6n. \n\nMinden matrica v\u00edz\u00e1ll\u00f3 celof\u00e1ntasakban \u00e9rkezik, ezzel meg\u00f3vva a term\u00e9ket a s\u00e9r\u00fcl\u00e9st\u0151l \u00e9s a nedvess\u00e9gt\u0151l.\n\nA term\u00e9kek az \u00f6sszeg be\u00e9rkez\u00e9s\u00e9t k\u00f6vet\u0151en ker\u00fclnek felad\u00e1sra.\n\nMinden v\u00e1s\u00e1rl\u00e1sr\u00f3l elektronikus sz\u00e1mla ker\u00fcl ki\u00e1ll\u00edt\u00e1sra a megadott email c\u00edmre, ezzel is ker\u00fclve a felesleges pap\u00edrhaszn\u00e1latot.                                                                                                                         ","price":"650.00","unit":"db","recommended":"0","status":"1","sponsored":"0","exp_notify":"0","own_material":"0","own_material_description_old":null,"own_material_description":"","jury":"0","jury_number":"","product_nature":"","meskaracsony":"0","create_date":"2026-02-23 19:38:26","shelve_id":"81050","image":"andidekor_product_363674_260118140416_166459.jpeg","image_width":"480","image_height":"480","image_alt":"T\u00e9li erd\u0151 matrica \u00edv No.159, T\u00e9li erd\u0151 matrica \u00edv No.159\\n\\nKiv\u00e1l\u00f3an alkalmas dekor\u00e1ci\u00f3s c\u00e9lokra, scrapbook-hoz, bullet journal, ju..., Meska","image_title":"T\u00e9li erd\u0151 matrica \u00edv No.159, Meska","view_count":"80","favourite_count":"0","trending_score":"0","last2MonthFavouriteCount":"0","promotion":"0","giftcard_accept":"1","creditcard_accept":true,"enhanced_background":"0","domain":"meska","specific_customer_id":null,"specific_customer_name":null,"to_order_product":"0","to_order_product_time":"0","product_different":null,"product_different_description":"","vintage":"0","vintage_category_id":"0","recycled":"0","gemstone_id":"0","customizable":"0","type_category":"physical","zerowaste":"0","postage_price":"1290.00","shop_order":"0","has_category":"1","landing_pages":null,"microdata":{"number":35,"category":""},"title":"T\u00e9li erd\u0151 matrica \u00edv No.159","description":"T\u00e9li erd\u0151 matrica \u00edv No.159\n\nKiv\u00e1l\u00f3an alkalmas dekor\u00e1ci\u00f3s c\u00e9lokra, scrapbook-hoz, bullet journal, junk journal \u00e9s egy\u00e9b napl\u00f3k d\u00edsz\u00edt\u00e9s\u00e9re.\n\nTerm\u00e9kjellemz\u0151k:\n\n- Egyedi diz\u00e1jn\n- Matt fel\u00fclet\u0171 matrica pap\u00edr\n- 1 db 17 cm x 11,5 cm-es matrica \u00edv\n- v\u00e1g\u00f3g\u00e9ppel k\u00f6rbev\u00e1gott\n- belt\u00e9ri felhaszn\u00e1l\u00e1sra alkalmas\n\nA sz\u00e1ll\u00edt\u00e1s post\u00e1val megoldhat\u00f3, lev\u00e9lk\u00fcldem\u00e9nyk\u00e9nt, vagy k\u00e9rhet\u0151 k\u00fcl\u00f6nb\u00f6z\u0151 boxos sz\u00e1ll\u00edt\u00e1si opci\u00f3kkal (pl. Foxpost) - r\u00e9szletes inf\u00f3k a sz\u00e1ll\u00edt\u00e1s f\u00fcl\u00f6n. \n\nMinden matrica v\u00edz\u00e1ll\u00f3 celof\u00e1ntasakban \u00e9rkezik, ezzel meg\u00f3vva a term\u00e9ket a s\u00e9r\u00fcl\u00e9st\u0151l \u00e9s a nedvess\u00e9gt\u0151l.\n\nA term\u00e9kek az \u00f6sszeg be\u00e9rkez\u00e9s\u00e9t k\u00f6vet\u0151en ker\u00fclnek felad\u00e1sra.\n\nMinden v\u00e1s\u00e1rl\u00e1sr\u00f3l elektronikus sz\u00e1mla ker\u00fcl ki\u00e1ll\u00edt\u00e1sra a megadott email c\u00edmre, ezzel is ker\u00fclve a felesleges pap\u00edrhaszn\u00e1latot.                                                                                                                         ","score":2.008666,"formatted_price":"650 Ft","image_url":"https:\/\/www.meska.hu\/img\/product\/small\/a\/n\/andidekor_product_363674_260118140416_166459.jpeg","formatted_url":"https:\/\/www.meska.hu\/p5712022-teli-erdo-matrica-iv-no159","favourite":false,"in_stock":true,"avatar":"363674_avatar_1686388732.jpeg","delete_from":0,"is_enhanced_background":false,"is_enhanced":false,"product_selection_started":false,"is_active":true,"image_webp_url":"https:\/\/www.meska.hu\/img\/product\/small\/a\/n\/andidekor_product_363674_260118140416_166459.webp"},{"id":"6079421","shop_id":"29668","user_id":"363674","shop_name":"AndiDekor","shop_zip":"8052","product_code":"5708505","product_name_old":null,"product_name":"Vir\u00e1gos bor\u00edt\u00e9kok matrica \u00edv No.107","category_string":"Otthon & \u00c9letm\u00f3d, Pap\u00edr, \u00edr\u00f3szer, Matrica, matrica csomag","technic_string":"Fot\u00f3, grafika, rajz, illusztr\u00e1ci\u00f3, Pap\u00edrm\u0171v\u00e9szet","category_1":"813","category_2":"351","category_3":"1324","category_4":"0","merged_category_1":null,"merged_category_2":null,"merged_category_3":null,"technic_1":"483","technic_2":"497","technic_3":"0","color_1":"532","color_2":"0","color_3":"0","product_description_old":null,"product_description":"Vir\u00e1gos bor\u00edt\u00e9kok matrica \u00edv No.107\n\nKiv\u00e1l\u00f3an alkalmas dekor\u00e1ci\u00f3s c\u00e9lokra, scrapbook-hoz, bullet journal, junk journal \u00e9s egy\u00e9b napl\u00f3k d\u00edsz\u00edt\u00e9s\u00e9re.\n\nTerm\u00e9kjellemz\u0151k:\n\n- Egyedi diz\u00e1jn\n- Matt fel\u00fclet\u0171 matrica pap\u00edr\n- 1 db 17 cm x 11,5 cm-es matrica \u00edv\n- v\u00e1g\u00f3g\u00e9ppel k\u00f6rbev\u00e1gott\n- belt\u00e9ri felhaszn\u00e1l\u00e1sra alkalmas\n\nA sz\u00e1ll\u00edt\u00e1s post\u00e1val megoldhat\u00f3, lev\u00e9lk\u00fcldem\u00e9nyk\u00e9nt, vagy k\u00e9rhet\u0151 k\u00fcl\u00f6nb\u00f6z\u0151 boxos sz\u00e1ll\u00edt\u00e1si opci\u00f3kkal (pl. Foxpost) - r\u00e9szletes inf\u00f3k a sz\u00e1ll\u00edt\u00e1s f\u00fcl\u00f6n. \n\nMinden matrica v\u00edz\u00e1ll\u00f3 celof\u00e1ntasakban \u00e9rkezik, ezzel meg\u00f3vva a term\u00e9ket a s\u00e9r\u00fcl\u00e9st\u0151l \u00e9s a nedvess\u00e9gt\u0151l.\n\nA term\u00e9kek az \u00f6sszeg be\u00e9rkez\u00e9s\u00e9t k\u00f6vet\u0151en ker\u00fclnek felad\u00e1sra.\n\nMinden v\u00e1s\u00e1rl\u00e1sr\u00f3l elektronikus sz\u00e1mla ker\u00fcl ki\u00e1ll\u00edt\u00e1sra a megadott email c\u00edmre, ezzel is ker\u00fclve a felesleges pap\u00edrhaszn\u00e1latot.                                                                                                                         ","price":"650.00","unit":"db","recommended":"0","status":"1","sponsored":"0","exp_notify":"0","own_material":"0","own_material_description_old":null,"own_material_description":"","jury":"0","jury_number":"","product_nature":"","meskaracsony":"0","create_date":"2026-02-23 19:38:25","shelve_id":"81050","image":"andidekor_product_363674_260117183623_407129.jpeg","image_width":"480","image_height":"480","image_alt":"Vir\u00e1gos bor\u00edt\u00e9kok matrica \u00edv No.107, Vir\u00e1gos bor\u00edt\u00e9kok matrica \u00edv No.107\\n\\nKiv\u00e1l\u00f3an alkalmas dekor\u00e1ci\u00f3s c\u00e9lokra, scrapbook-hoz, bullet jou..., Meska","image_title":"Vir\u00e1gos bor\u00edt\u00e9kok matrica \u00edv No.107, Meska","view_count":"53","favourite_count":"0","trending_score":"0","last2MonthFavouriteCount":"0","promotion":"0","giftcard_accept":"1","creditcard_accept":true,"enhanced_background":"0","domain":"meska","specific_customer_id":null,"specific_customer_name":null,"to_order_product":"0","to_order_product_time":"0","product_different":null,"product_different_description":"","vintage":"0","vintage_category_id":"0","recycled":"0","gemstone_id":"0","customizable":"0","type_category":"physical","zerowaste":"0","postage_price":"1290.00","shop_order":"0","has_category":"1","landing_pages":null,"microdata":{"number":36,"category":""},"title":"Vir\u00e1gos bor\u00edt\u00e9kok matrica \u00edv No.107","description":"Vir\u00e1gos bor\u00edt\u00e9kok matrica \u00edv No.107\n\nKiv\u00e1l\u00f3an alkalmas dekor\u00e1ci\u00f3s c\u00e9lokra, scrapbook-hoz, bullet journal, junk journal \u00e9s egy\u00e9b napl\u00f3k d\u00edsz\u00edt\u00e9s\u00e9re.\n\nTerm\u00e9kjellemz\u0151k:\n\n- Egyedi diz\u00e1jn\n- Matt fel\u00fclet\u0171 matrica pap\u00edr\n- 1 db 17 cm x 11,5 cm-es matrica \u00edv\n- v\u00e1g\u00f3g\u00e9ppel k\u00f6rbev\u00e1gott\n- belt\u00e9ri felhaszn\u00e1l\u00e1sra alkalmas\n\nA sz\u00e1ll\u00edt\u00e1s post\u00e1val megoldhat\u00f3, lev\u00e9lk\u00fcldem\u00e9nyk\u00e9nt, vagy k\u00e9rhet\u0151 k\u00fcl\u00f6nb\u00f6z\u0151 boxos sz\u00e1ll\u00edt\u00e1si opci\u00f3kkal (pl. Foxpost) - r\u00e9szletes inf\u00f3k a sz\u00e1ll\u00edt\u00e1s f\u00fcl\u00f6n. \n\nMinden matrica v\u00edz\u00e1ll\u00f3 celof\u00e1ntasakban \u00e9rkezik, ezzel meg\u00f3vva a term\u00e9ket a s\u00e9r\u00fcl\u00e9st\u0151l \u00e9s a nedvess\u00e9gt\u0151l.\n\nA term\u00e9kek az \u00f6sszeg be\u00e9rkez\u00e9s\u00e9t k\u00f6vet\u0151en ker\u00fclnek felad\u00e1sra.\n\nMinden v\u00e1s\u00e1rl\u00e1sr\u00f3l elektronikus sz\u00e1mla ker\u00fcl ki\u00e1ll\u00edt\u00e1sra a megadott email c\u00edmre, ezzel is ker\u00fclve a felesleges pap\u00edrhaszn\u00e1latot.                                                                                                                         ","score":2.008666,"formatted_price":"650 Ft","image_url":"https:\/\/www.meska.hu\/img\/product\/small\/a\/n\/andidekor_product_363674_260117183623_407129.jpeg","formatted_url":"https:\/\/www.meska.hu\/p5708505-viragos-boritekok-matrica-iv-no107","favourite":false,"in_stock":true,"avatar":"363674_avatar_1686388732.jpeg","delete_from":0,"is_enhanced_background":false,"is_enhanced":false,"product_selection_started":false,"is_active":true,"image_webp_url":"https:\/\/www.meska.hu\/img\/product\/small\/a\/n\/andidekor_product_363674_260117183623_407129.webp"},{"id":"6083988","shop_id":"29668","user_id":"363674","shop_name":"AndiDekor","shop_zip":"8052","product_code":"5712780","product_name_old":null,"product_name":"Shabby chic h\u00e1zak matrica \u00edv No.174","category_string":"Otthon & \u00c9letm\u00f3d, Pap\u00edr, \u00edr\u00f3szer, Matrica, matrica csomag","technic_string":"Fot\u00f3, grafika, rajz, illusztr\u00e1ci\u00f3, Pap\u00edrm\u0171v\u00e9szet","category_1":"813","category_2":"351","category_3":"1324","category_4":"0","merged_category_1":null,"merged_category_2":null,"merged_category_3":null,"technic_1":"483","technic_2":"497","technic_3":"0","color_1":"532","color_2":"0","color_3":"0","product_description_old":null,"product_description":"Shabby chic h\u00e1zak matrica \u00edv No.174\n\nKiv\u00e1l\u00f3an alkalmas dekor\u00e1ci\u00f3s c\u00e9lokra, scrapbook-hoz, bullet journal, junk journal \u00e9s egy\u00e9b napl\u00f3k d\u00edsz\u00edt\u00e9s\u00e9re.\n\nTerm\u00e9kjellemz\u0151k:\n\n- Egyedi diz\u00e1jn\n- Matt fel\u00fclet\u0171 matrica pap\u00edr\n- 1 db 17 cm x 11,5 cm-es matrica \u00edv\n- v\u00e1g\u00f3g\u00e9ppel k\u00f6rbev\u00e1gott\n- belt\u00e9ri felhaszn\u00e1l\u00e1sra alkalmas\n\nA sz\u00e1ll\u00edt\u00e1s post\u00e1val megoldhat\u00f3, lev\u00e9lk\u00fcldem\u00e9nyk\u00e9nt, vagy k\u00e9rhet\u0151 k\u00fcl\u00f6nb\u00f6z\u0151 boxos sz\u00e1ll\u00edt\u00e1si opci\u00f3kkal (pl. Foxpost) - r\u00e9szletes inf\u00f3k a sz\u00e1ll\u00edt\u00e1s f\u00fcl\u00f6n. \n\nMinden matrica v\u00edz\u00e1ll\u00f3 celof\u00e1ntasakban \u00e9rkezik, ezzel meg\u00f3vva a term\u00e9ket a s\u00e9r\u00fcl\u00e9st\u0151l \u00e9s a nedvess\u00e9gt\u0151l.\n\nA term\u00e9kek az \u00f6sszeg be\u00e9rkez\u00e9s\u00e9t k\u00f6vet\u0151en ker\u00fclnek felad\u00e1sra.\n\nMinden v\u00e1s\u00e1rl\u00e1sr\u00f3l elektronikus sz\u00e1mla ker\u00fcl ki\u00e1ll\u00edt\u00e1sra a megadott email c\u00edmre, ezzel is ker\u00fclve a felesleges pap\u00edrhaszn\u00e1latot.                                                                                                                         ","price":"650.00","unit":"db","recommended":"0","status":"1","sponsored":"0","exp_notify":"0","own_material":"0","own_material_description_old":null,"own_material_description":"","jury":"0","jury_number":"","product_nature":"","meskaracsony":"0","create_date":"2026-02-23 19:38:25","shelve_id":"81050","image":"andidekor_product_363674_260118160301_58938.jpeg","image_width":"480","image_height":"480","image_alt":"Shabby chic h\u00e1zak matrica \u00edv No.174, Shabby chic h\u00e1zak matrica \u00edv No.174\\n\\nKiv\u00e1l\u00f3an alkalmas dekor\u00e1ci\u00f3s c\u00e9lokra, scrapbook-hoz, bullet jou..., Meska","image_title":"Shabby chic h\u00e1zak matrica \u00edv No.174, Meska","view_count":"97","favourite_count":"0","trending_score":"0","last2MonthFavouriteCount":"0","promotion":"0","giftcard_accept":"1","creditcard_accept":true,"enhanced_background":"0","domain":"meska","specific_customer_id":null,"specific_customer_name":null,"to_order_product":"0","to_order_product_time":"0","product_different":null,"product_different_description":"","vintage":"0","vintage_category_id":"0","recycled":"0","gemstone_id":"0","customizable":"0","type_category":"physical","zerowaste":"0","postage_price":"1290.00","shop_order":"0","has_category":"1","landing_pages":null,"microdata":{"number":37,"category":""},"title":"Shabby chic h\u00e1zak matrica \u00edv No.174","description":"Shabby chic h\u00e1zak matrica \u00edv No.174\n\nKiv\u00e1l\u00f3an alkalmas dekor\u00e1ci\u00f3s c\u00e9lokra, scrapbook-hoz, bullet journal, junk journal \u00e9s egy\u00e9b napl\u00f3k d\u00edsz\u00edt\u00e9s\u00e9re.\n\nTerm\u00e9kjellemz\u0151k:\n\n- Egyedi diz\u00e1jn\n- Matt fel\u00fclet\u0171 matrica pap\u00edr\n- 1 db 17 cm x 11,5 cm-es matrica \u00edv\n- v\u00e1g\u00f3g\u00e9ppel k\u00f6rbev\u00e1gott\n- belt\u00e9ri felhaszn\u00e1l\u00e1sra alkalmas\n\nA sz\u00e1ll\u00edt\u00e1s post\u00e1val megoldhat\u00f3, lev\u00e9lk\u00fcldem\u00e9nyk\u00e9nt, vagy k\u00e9rhet\u0151 k\u00fcl\u00f6nb\u00f6z\u0151 boxos sz\u00e1ll\u00edt\u00e1si opci\u00f3kkal (pl. Foxpost) - r\u00e9szletes inf\u00f3k a sz\u00e1ll\u00edt\u00e1s f\u00fcl\u00f6n. \n\nMinden matrica v\u00edz\u00e1ll\u00f3 celof\u00e1ntasakban \u00e9rkezik, ezzel meg\u00f3vva a term\u00e9ket a s\u00e9r\u00fcl\u00e9st\u0151l \u00e9s a nedvess\u00e9gt\u0151l.\n\nA term\u00e9kek az \u00f6sszeg be\u00e9rkez\u00e9s\u00e9t k\u00f6vet\u0151en ker\u00fclnek felad\u00e1sra.\n\nMinden v\u00e1s\u00e1rl\u00e1sr\u00f3l elektronikus sz\u00e1mla ker\u00fcl ki\u00e1ll\u00edt\u00e1sra a megadott email c\u00edmre, ezzel is ker\u00fclve a felesleges pap\u00edrhaszn\u00e1latot.                                                                                                                         ","score":2.008666,"formatted_price":"650 Ft","image_url":"https:\/\/www.meska.hu\/img\/product\/small\/a\/n\/andidekor_product_363674_260118160301_58938.jpeg","formatted_url":"https:\/\/www.meska.hu\/p5712780-shabby-chic-hazak-matrica-iv-no174","favourite":false,"in_stock":true,"avatar":"363674_avatar_1686388732.jpeg","delete_from":0,"is_enhanced_background":false,"is_enhanced":false,"product_selection_started":false,"is_active":true,"image_webp_url":"https:\/\/www.meska.hu\/img\/product\/small\/a\/n\/andidekor_product_363674_260118160301_58938.webp"},{"id":"3107426","shop_id":"22440","user_id":"192827","shop_name":"zsukica","shop_zip":"2114","product_code":"4319564","product_name_old":null,"product_name":"Egyedi fa kulcstart\u00f3 - L\u00f3tusz vir\u00e1g","category_string":"T\u00e1ska & Tok, Kulcstart\u00f3 & T\u00e1skad\u00edsz, Kulcstart\u00f3","technic_string":"Famegmunk\u00e1l\u00e1s, Grav\u00edroz\u00e1s, pirogr\u00e1fia","category_1":"464","category_2":"390","category_3":"1037","category_4":"0","merged_category_1":null,"merged_category_2":null,"merged_category_3":null,"technic_1":"478","technic_2":"796","technic_3":"0","color_1":"514","color_2":"520","color_3":"0","product_description_old":null,"product_description":"A l\u00f3tusz vir\u00e1g az egyik kedvenc mot\u00edvumom, \u00edgy t\u00f6bbf\u00e9le a mindennapokban haszn\u00e1latos t\u00e1rgyra is sz\u00edvesen r\u00e1grav\u00edrozom.  A v\u00e1lasztott alapanyag di\u00f3fa, melyre k\u00e9zzel rajzolom a k\u00e9rt grafik\u00e1t, sz\u00f6veget, \u00e9s ezt k\u00f6vet\u0151en pirogr\u00e1f seg\u00edts\u00e9g\u00e9vel bele\u00e9getem a fa anyag\u00e1ba.  \u00cdgy egy igaz\u00e1n k\u00fcl\u00f6nleges sz\u00e9p \u00e9s tart\u00f3s fel\u00fcletet kapok. Ezt vizes b\u00e1zis\u00fa lakkal m\u00e9g tart\u00f3sabb\u00e1 teszek. Ezt a kulcstart\u00f3t ak\u00e1r magad sz\u00e1m\u00e1ra v\u00e1lasztod, ak\u00e1r aj\u00e1nd\u00e9kba sz\u00e1nod, mindenk\u00e9pp pozit\u00edv energi\u00e1t sug\u00e1roz, hiszen a di\u00f3fa is \u00e9s a kiv\u00e1lasztott szimb\u00f3lum is egyar\u00e1nt kedvez\u0151 energi\u00e1kat mozg\u00f3s\u00edt.","price":"3550.00","unit":"db","recommended":"0","status":"1","sponsored":"0","exp_notify":"0","own_material":"0","own_material_description_old":null,"own_material_description":"","jury":"0","jury_number":"","product_nature":"","meskaracsony":"0","create_date":"2026-02-12 16:39:08","shelve_id":"0","image":"zsukica_product_192827_211010224612_526814.jpeg","image_width":"480","image_height":"480","image_alt":"Egyedi fa kulcstart\u00f3 - L\u00f3tusz vir\u00e1g, A l\u00f3tusz vir\u00e1g az egyik kedvenc mot\u00edvumom, \u00edgy t\u00f6bbf\u00e9le a mindennapokban haszn\u00e1latos t\u00e1rgyra is sz\u00edv..., Meska","image_title":"Egyedi fa kulcstart\u00f3 - L\u00f3tusz vir\u00e1g, Meska","view_count":"1147","favourite_count":"0","trending_score":"0","last2MonthFavouriteCount":"0","promotion":"0","giftcard_accept":"1","creditcard_accept":false,"enhanced_background":"0","domain":"meska","specific_customer_id":null,"specific_customer_name":null,"to_order_product":"1","to_order_product_time":"3","product_different":"quite_different","product_different_description":"A kulcstart\u00f3ra a rajzot \u00e9s a grav\u00edroz\u00e1st is k\u00e9zzel k\u00e9sz\u00edtem, \u00edgy kis m\u00e9rt\u00e9kben elt\u00e9rhet.","vintage":"0","vintage_category_id":"0","recycled":"0","gemstone_id":"0","customizable":"0","type_category":"physical","zerowaste":"0","postage_price":"1290.00","shop_order":"0","has_category":"1","landing_pages":null,"microdata":{"number":38,"category":""},"title":"Egyedi fa kulcstart\u00f3 - L\u00f3tusz vir\u00e1g","description":"A l\u00f3tusz vir\u00e1g az egyik kedvenc mot\u00edvumom, \u00edgy t\u00f6bbf\u00e9le a mindennapokban haszn\u00e1latos t\u00e1rgyra is sz\u00edvesen r\u00e1grav\u00edrozom.  A v\u00e1lasztott alapanyag di\u00f3fa, melyre k\u00e9zzel rajzolom a k\u00e9rt grafik\u00e1t, sz\u00f6veget, \u00e9s ezt k\u00f6vet\u0151en pirogr\u00e1f seg\u00edts\u00e9g\u00e9vel bele\u00e9getem a fa anyag\u00e1ba.  \u00cdgy egy igaz\u00e1n k\u00fcl\u00f6nleges sz\u00e9p \u00e9s tart\u00f3s fel\u00fcletet kapok. Ezt vizes b\u00e1zis\u00fa lakkal m\u00e9g tart\u00f3sabb\u00e1 teszek. Ezt a kulcstart\u00f3t ak\u00e1r magad sz\u00e1m\u00e1ra v\u00e1lasztod, ak\u00e1r aj\u00e1nd\u00e9kba sz\u00e1nod, mindenk\u00e9pp pozit\u00edv energi\u00e1t sug\u00e1roz, hiszen a di\u00f3fa is \u00e9s a kiv\u00e1lasztott szimb\u00f3lum is egyar\u00e1nt kedvez\u0151 energi\u00e1kat mozg\u00f3s\u00edt.","score":2.008666,"formatted_price":"3 550 Ft","image_url":"https:\/\/www.meska.hu\/img\/product\/small\/z\/s\/zsukica_product_192827_211010224612_526814.jpeg","formatted_url":"https:\/\/www.meska.hu\/p4319564-egyedi-fa-kulcstarto-lotusz-virag","favourite":false,"in_stock":false,"avatar":"zsukica_avatar_192827.JPG","delete_from":0,"is_enhanced_background":false,"is_enhanced":false,"product_selection_started":false,"is_active":true,"image_webp_url":"https:\/\/www.meska.hu\/img\/product\/small\/z\/s\/zsukica_product_192827_211010224612_526814.webp"},{"id":"4878895","shop_id":"21252","user_id":"218952","shop_name":"REMuhely","shop_zip":"1172","product_code":"5004099","product_name_old":null,"product_name":"Vid\u00e1m, sz\u00ednes mozaikos t\u00fck\u00f6r","category_string":"Otthon & \u00c9letm\u00f3d, Dekor\u00e1ci\u00f3, T\u00fck\u00f6r","technic_string":"Mozaik, \u00dcvegm\u0171v\u00e9szet","category_1":"813","category_2":"314","category_3":"950","category_4":"0","merged_category_1":null,"merged_category_2":null,"merged_category_3":null,"technic_1":"750","technic_2":"505","technic_3":"0","color_1":"519","color_2":"534","color_3":"0","product_description_old":null,"product_description":"Feh\u00e9r \u00e9s sz\u00ednes \u00fcvegmozaik felhaszn\u00e1l\u00e1s\u00e1val k\u00e9sz\u00edtettem ezt a hangulatos t\u00fckr\u00f6t. A mozaik darabk\u00e1it egyes\u00e9vel ragasztottam a v\u00e9gleges hely\u00e9re.  Alapnak egy ki\u00fcr\u00fclt k\u00e1beldob egyik v\u00e9g\u00e9t haszn\u00e1ltam, \u00edgy egy kis \u00fajrahasznos\u00edt\u00e1st is belecsemp\u00e9sztem a munk\u00e1ba. A h\u00e1tulj\u00e1ra akaszt\u00f3 ker\u00fclt.\nSz\u00edvesen elk\u00e9sz\u00edtem  Neked m\u00e1s sz\u00ednkombin\u00e1ci\u00f3ban is, hogy a lehet\u0151 legjobban harmoniz\u00e1ljon otthonod berendez\u00e9s\u00e9vel!\n\nA t\u00fck\u00f6r \u00e1tm\u00e9r\u0151je: kb. 40,5 cm, ebb\u0151l maga a t\u00fckr\u00f6s r\u00e9sz: kb.  24 cm.\n","price":"34000.00","unit":"db","recommended":"0","status":"1","sponsored":"0","exp_notify":"0","own_material":"0","own_material_description_old":null,"own_material_description":"","jury":"0","jury_number":"","product_nature":"","meskaracsony":"0","create_date":"2026-02-24 16:14:18","shelve_id":"58069","image":"remuhely_product_218952_230622105648_591849.jpeg","image_width":"480","image_height":"573","image_alt":"Vid\u00e1m, sz\u00ednes mozaikos t\u00fck\u00f6r, Feh\u00e9r \u00e9s sz\u00ednes \u00fcvegmozaik felhaszn\u00e1l\u00e1s\u00e1val k\u00e9sz\u00edtettem ezt a hangulatos t\u00fckr\u00f6t. A mozaik darabk\u00e1it ..., Meska","image_title":"Vid\u00e1m, sz\u00ednes mozaikos t\u00fck\u00f6r, Meska","view_count":"916","favourite_count":"0","trending_score":"0","last2MonthFavouriteCount":"0","promotion":"0","giftcard_accept":"1","creditcard_accept":false,"enhanced_background":"0","domain":"meska","specific_customer_id":null,"specific_customer_name":null,"to_order_product":"0","to_order_product_time":"0","product_different":null,"product_different_description":"","vintage":"0","vintage_category_id":"0","recycled":"1","gemstone_id":"0","customizable":"0","type_category":"physical","zerowaste":"0","postage_price":"1290.00","shop_order":"0","has_category":"1","landing_pages":null,"microdata":{"number":39,"category":""},"title":"Vid\u00e1m, sz\u00ednes mozaikos t\u00fck\u00f6r","description":"Feh\u00e9r \u00e9s sz\u00ednes \u00fcvegmozaik felhaszn\u00e1l\u00e1s\u00e1val k\u00e9sz\u00edtettem ezt a hangulatos t\u00fckr\u00f6t. A mozaik darabk\u00e1it egyes\u00e9vel ragasztottam a v\u00e9gleges hely\u00e9re.  Alapnak egy ki\u00fcr\u00fclt k\u00e1beldob egyik v\u00e9g\u00e9t haszn\u00e1ltam, \u00edgy egy kis \u00fajrahasznos\u00edt\u00e1st is belecsemp\u00e9sztem a munk\u00e1ba. A h\u00e1tulj\u00e1ra akaszt\u00f3 ker\u00fclt.\nSz\u00edvesen elk\u00e9sz\u00edtem  Neked m\u00e1s sz\u00ednkombin\u00e1ci\u00f3ban is, hogy a lehet\u0151 legjobban harmoniz\u00e1ljon otthonod berendez\u00e9s\u00e9vel!\n\nA t\u00fck\u00f6r \u00e1tm\u00e9r\u0151je: kb. 40,5 cm, ebb\u0151l maga a t\u00fckr\u00f6s r\u00e9sz: kb.  24 cm.\n","score":2.008666,"formatted_price":"34 000 Ft","image_url":"https:\/\/www.meska.hu\/img\/product\/small\/r\/e\/remuhely_product_218952_230622105648_591849.jpeg","formatted_url":"https:\/\/www.meska.hu\/p5004099-vidam-szines-mozaikos-tukor","favourite":false,"in_stock":true,"avatar":"REMuhely_avatar_218952.jpg","delete_from":0,"is_enhanced_background":false,"is_enhanced":false,"product_selection_started":false,"is_active":true,"image_webp_url":"https:\/\/www.meska.hu\/img\/product\/small\/r\/e\/remuhely_product_218952_230622105648_591849.webp"},{"id":"3127813","shop_id":"21252","user_id":"218952","shop_name":"REMuhely","shop_zip":"1172","product_code":"4516964","product_name_old":null,"product_name":"Sz\u00fcrke-bord\u00f3 mozaikos t\u00fck\u00f6r","category_string":"Otthon & \u00c9letm\u00f3d, Dekor\u00e1ci\u00f3, T\u00fck\u00f6r","technic_string":"Mozaik, \u00dcvegm\u0171v\u00e9szet","category_1":"813","category_2":"314","category_3":"950","category_4":"0","merged_category_1":null,"merged_category_2":null,"merged_category_3":null,"technic_1":"750","technic_2":"505","technic_3":"0","color_1":"516","color_2":"533","color_3":"527","product_description_old":null,"product_description":"Sz\u00fcrke \u00e9s bord\u00f3 \u00fcvegb\u0151l k\u00e9sz\u00edtettem ezt a hangulatos t\u00fckr\u00f6t. A mozaik darabk\u00e1it egyes\u00e9vel v\u00e1gtam, csiszoltam \u00e9s ragasztottam a v\u00e9gleges hely\u00e9re.  Alapnak egy ki\u00fcr\u00fclt k\u00e1beldob egyik v\u00e9g\u00e9t haszn\u00e1ltam, \u00edgy egy kis \u00fajrahasznos\u00edt\u00e1st is belecsemp\u00e9sztem a munk\u00e1ba. A h\u00e1tulj\u00e1ra akaszt\u00f3 ker\u00fclt.\nSz\u00edvesen elk\u00e9sz\u00edtem  Neked m\u00e1s sz\u00ednkombin\u00e1ci\u00f3ban is, hogy a lehet\u0151 legjobban harmoniz\u00e1ljon otthonod berendez\u00e9s\u00e9vel!\n\nA t\u00fck\u00f6r \u00e1tm\u00e9r\u0151je: kb. 38,5 cm, ebb\u0151l maga a t\u00fckr\u00f6s r\u00e9sz: kb.  25 cm.\n","price":"34000.00","unit":"db","recommended":"0","status":"1","sponsored":"0","exp_notify":"0","own_material":"0","own_material_description_old":null,"own_material_description":"","jury":"0","jury_number":"","product_nature":"","meskaracsony":"0","create_date":"2026-02-24 16:14:07","shelve_id":"58069","image":"remuhely_product_218952_211026155509_967269.jpeg","image_width":"480","image_height":"442","image_alt":"Sz\u00fcrke-bord\u00f3 mozaikos t\u00fck\u00f6r, Sz\u00fcrke \u00e9s bord\u00f3 \u00fcvegb\u0151l k\u00e9sz\u00edtettem ezt a hangulatos t\u00fckr\u00f6t. A mozaik darabk\u00e1it egyes\u00e9vel v\u00e1gtam, cs..., Meska","image_title":"Sz\u00fcrke-bord\u00f3 mozaikos t\u00fck\u00f6r, Meska","view_count":"1248","favourite_count":"0","trending_score":"0","last2MonthFavouriteCount":"0","promotion":"0","giftcard_accept":"1","creditcard_accept":false,"enhanced_background":"0","domain":"meska","specific_customer_id":null,"specific_customer_name":null,"to_order_product":"0","to_order_product_time":"0","product_different":null,"product_different_description":"","vintage":"0","vintage_category_id":"0","recycled":"1","gemstone_id":"0","customizable":"0","type_category":"physical","zerowaste":"0","postage_price":"1290.00","shop_order":"0","has_category":"1","landing_pages":null,"microdata":{"number":40,"category":""},"title":"Sz\u00fcrke-bord\u00f3 mozaikos t\u00fck\u00f6r","description":"Sz\u00fcrke \u00e9s bord\u00f3 \u00fcvegb\u0151l k\u00e9sz\u00edtettem ezt a hangulatos t\u00fckr\u00f6t. A mozaik darabk\u00e1it egyes\u00e9vel v\u00e1gtam, csiszoltam \u00e9s ragasztottam a v\u00e9gleges hely\u00e9re.  Alapnak egy ki\u00fcr\u00fclt k\u00e1beldob egyik v\u00e9g\u00e9t haszn\u00e1ltam, \u00edgy egy kis \u00fajrahasznos\u00edt\u00e1st is belecsemp\u00e9sztem a munk\u00e1ba. A h\u00e1tulj\u00e1ra akaszt\u00f3 ker\u00fclt.\nSz\u00edvesen elk\u00e9sz\u00edtem  Neked m\u00e1s sz\u00ednkombin\u00e1ci\u00f3ban is, hogy a lehet\u0151 legjobban harmoniz\u00e1ljon otthonod berendez\u00e9s\u00e9vel!\n\nA t\u00fck\u00f6r \u00e1tm\u00e9r\u0151je: kb. 38,5 cm, ebb\u0151l maga a t\u00fckr\u00f6s r\u00e9sz: kb.  25 cm.\n","score":2.008666,"formatted_price":"34 000 Ft","image_url":"https:\/\/www.meska.hu\/img\/product\/small\/r\/e\/remuhely_product_218952_211026155509_967269.jpeg","formatted_url":"https:\/\/www.meska.hu\/p4516964-szurke-bordo-mozaikos-tukor","favourite":false,"in_stock":true,"avatar":"REMuhely_avatar_218952.jpg","delete_from":0,"is_enhanced_background":false,"is_enhanced":false,"product_selection_started":false,"is_active":true,"image_webp_url":"https:\/\/www.meska.hu\/img\/product\/small\/r\/e\/remuhely_product_218952_211026155509_967269.webp"},{"id":"4888972","shop_id":"21252","user_id":"218952","shop_name":"REMuhely","shop_zip":"1172","product_code":"5009677","product_name_old":null,"product_name":"Lila \u00e9s p\u00fader szin\u0171 mozaikos t\u00fck\u00f6r","category_string":"Otthon & \u00c9letm\u00f3d, Dekor\u00e1ci\u00f3, T\u00fck\u00f6r","technic_string":"Mozaik, \u00dcvegm\u0171v\u00e9szet","category_1":"813","category_2":"314","category_3":"950","category_4":"0","merged_category_1":null,"merged_category_2":null,"merged_category_3":null,"technic_1":"750","technic_2":"505","technic_3":"0","color_1":"519","color_2":"522","color_3":"525","product_description_old":null,"product_description":"Lila, p\u00fader \u00e9s feh\u00e9r \u00fcvegmozaik felhaszn\u00e1l\u00e1s\u00e1val k\u00e9sz\u00edtettem ezt a hangulatos t\u00fckr\u00f6t. A mozaik darabk\u00e1it egyes\u00e9vel ragasztottam a v\u00e9gleges hely\u00e9re.  Alapnak egy ki\u00fcr\u00fclt k\u00e1beldob egyik v\u00e9g\u00e9t haszn\u00e1ltam, \u00edgy egy kis \u00fajrahasznos\u00edt\u00e1st is belecsemp\u00e9sztem a munk\u00e1ba. A h\u00e1tulj\u00e1ra akaszt\u00f3 ker\u00fclt.\nSz\u00edvesen elk\u00e9sz\u00edtem  Neked m\u00e1s sz\u00ednkombin\u00e1ci\u00f3ban is, hogy a lehet\u0151 legjobban harmoniz\u00e1ljon otthonod berendez\u00e9s\u00e9vel!\n\nA t\u00fck\u00f6r \u00e1tm\u00e9r\u0151je: kb. 40,5 cm, ebb\u0151l maga a t\u00fckr\u00f6s r\u00e9sz: kb.  21 cm.\n","price":"34000.00","unit":"db","recommended":"0","status":"1","sponsored":"0","exp_notify":"0","own_material":"0","own_material_description_old":null,"own_material_description":"","jury":"0","jury_number":"","product_nature":"","meskaracsony":"0","create_date":"2026-02-24 16:14:15","shelve_id":"58069","image":"remuhely_product_218952_230703215109_040466.jpeg","image_width":"480","image_height":"639","image_alt":"Lila \u00e9s p\u00fader szin\u0171 mozaikos t\u00fck\u00f6r, Lila, p\u00fader \u00e9s feh\u00e9r \u00fcvegmozaik felhaszn\u00e1l\u00e1s\u00e1val k\u00e9sz\u00edtettem ezt a hangulatos t\u00fckr\u00f6t. A mozaik darab..., Meska","image_title":"Lila \u00e9s p\u00fader szin\u0171 mozaikos t\u00fck\u00f6r, Meska","view_count":"927","favourite_count":"0","trending_score":"0","last2MonthFavouriteCount":"0","promotion":"0","giftcard_accept":"1","creditcard_accept":false,"enhanced_background":"0","domain":"meska","specific_customer_id":null,"specific_customer_name":null,"to_order_product":"0","to_order_product_time":"0","product_different":null,"product_different_description":"","vintage":"0","vintage_category_id":"0","recycled":"1","gemstone_id":"0","customizable":"0","type_category":"physical","zerowaste":"0","postage_price":"1290.00","shop_order":"0","has_category":"1","landing_pages":null,"microdata":{"number":41,"category":""},"title":"Lila \u00e9s p\u00fader szin\u0171 mozaikos t\u00fck\u00f6r","description":"Lila, p\u00fader \u00e9s feh\u00e9r \u00fcvegmozaik felhaszn\u00e1l\u00e1s\u00e1val k\u00e9sz\u00edtettem ezt a hangulatos t\u00fckr\u00f6t. A mozaik darabk\u00e1it egyes\u00e9vel ragasztottam a v\u00e9gleges hely\u00e9re.  Alapnak egy ki\u00fcr\u00fclt k\u00e1beldob egyik v\u00e9g\u00e9t haszn\u00e1ltam, \u00edgy egy kis \u00fajrahasznos\u00edt\u00e1st is belecsemp\u00e9sztem a munk\u00e1ba. A h\u00e1tulj\u00e1ra akaszt\u00f3 ker\u00fclt.\nSz\u00edvesen elk\u00e9sz\u00edtem  Neked m\u00e1s sz\u00ednkombin\u00e1ci\u00f3ban is, hogy a lehet\u0151 legjobban harmoniz\u00e1ljon otthonod berendez\u00e9s\u00e9vel!\n\nA t\u00fck\u00f6r \u00e1tm\u00e9r\u0151je: kb. 40,5 cm, ebb\u0151l maga a t\u00fckr\u00f6s r\u00e9sz: kb.  21 cm.\n","score":2.008666,"formatted_price":"34 000 Ft","image_url":"https:\/\/www.meska.hu\/img\/product\/small\/r\/e\/remuhely_product_218952_230703215109_040466.jpeg","formatted_url":"https:\/\/www.meska.hu\/p5009677-lila-es-puder-szinu-mozaikos-tukor","favourite":false,"in_stock":true,"avatar":"REMuhely_avatar_218952.jpg","delete_from":0,"is_enhanced_background":false,"is_enhanced":false,"product_selection_started":false,"is_active":true,"image_webp_url":"https:\/\/www.meska.hu\/img\/product\/small\/r\/e\/remuhely_product_218952_230703215109_040466.webp"},{"id":"6083790","shop_id":"29668","user_id":"363674","shop_name":"AndiDekor","shop_zip":"8052","product_code":"5712595","product_name_old":null,"product_name":"Vintage tavasz matrica \u00edv No.178","category_string":"Otthon & \u00c9letm\u00f3d, Pap\u00edr, \u00edr\u00f3szer, Matrica, matrica csomag","technic_string":"Fot\u00f3, grafika, rajz, illusztr\u00e1ci\u00f3, Pap\u00edrm\u0171v\u00e9szet","category_1":"813","category_2":"351","category_3":"1324","category_4":"0","merged_category_1":null,"merged_category_2":null,"merged_category_3":null,"technic_1":"483","technic_2":"497","technic_3":"0","color_1":"532","color_2":"0","color_3":"0","product_description_old":null,"product_description":"Vintage tavasz matrica \u00edv No.178\n\nKiv\u00e1l\u00f3an alkalmas dekor\u00e1ci\u00f3s c\u00e9lokra, scrapbook-hoz, bullet journal, junk journal \u00e9s egy\u00e9b napl\u00f3k d\u00edsz\u00edt\u00e9s\u00e9re.\n\nTerm\u00e9kjellemz\u0151k:\n\n- Egyedi diz\u00e1jn\n- Matt fel\u00fclet\u0171 matrica pap\u00edr\n- 1 db 17 cm x 11,5 cm-es matrica \u00edv\n- v\u00e1g\u00f3g\u00e9ppel k\u00f6rbev\u00e1gott\n- belt\u00e9ri felhaszn\u00e1l\u00e1sra alkalmas\n\nA sz\u00e1ll\u00edt\u00e1s post\u00e1val megoldhat\u00f3, lev\u00e9lk\u00fcldem\u00e9nyk\u00e9nt, vagy k\u00e9rhet\u0151 k\u00fcl\u00f6nb\u00f6z\u0151 boxos sz\u00e1ll\u00edt\u00e1si opci\u00f3kkal (pl. Foxpost) - r\u00e9szletes inf\u00f3k a sz\u00e1ll\u00edt\u00e1s f\u00fcl\u00f6n. \n\nMinden matrica v\u00edz\u00e1ll\u00f3 celof\u00e1ntasakban \u00e9rkezik, ezzel meg\u00f3vva a term\u00e9ket a s\u00e9r\u00fcl\u00e9st\u0151l \u00e9s a nedvess\u00e9gt\u0151l.\n\nA term\u00e9kek az \u00f6sszeg be\u00e9rkez\u00e9s\u00e9t k\u00f6vet\u0151en ker\u00fclnek felad\u00e1sra.\n\nMinden v\u00e1s\u00e1rl\u00e1sr\u00f3l elektronikus sz\u00e1mla ker\u00fcl ki\u00e1ll\u00edt\u00e1sra a megadott email c\u00edmre, ezzel is ker\u00fclve a felesleges pap\u00edrhaszn\u00e1latot.                                                                                                                         ","price":"650.00","unit":"db","recommended":"0","status":"1","sponsored":"0","exp_notify":"0","own_material":"0","own_material_description_old":null,"own_material_description":"","jury":"0","jury_number":"","product_nature":"","meskaracsony":"0","create_date":"2026-02-25 15:25:19","shelve_id":"81050","image":"andidekor_product_363674_260118153256_627826.jpeg","image_width":"480","image_height":"480","image_alt":"Vintage tavasz matrica \u00edv No.178, Vintage tavasz matrica \u00edv No.178\\n\\nKiv\u00e1l\u00f3an alkalmas dekor\u00e1ci\u00f3s c\u00e9lokra, scrapbook-hoz, bullet journa..., Meska","image_title":"Vintage tavasz matrica \u00edv No.178, Meska","view_count":"88","favourite_count":"0","trending_score":"0","last2MonthFavouriteCount":"0","promotion":"0","giftcard_accept":"1","creditcard_accept":true,"enhanced_background":"0","domain":"meska","specific_customer_id":null,"specific_customer_name":null,"to_order_product":"0","to_order_product_time":"0","product_different":null,"product_different_description":"","vintage":"0","vintage_category_id":"0","recycled":"0","gemstone_id":"0","customizable":"0","type_category":"physical","zerowaste":"0","postage_price":"1290.00","shop_order":"0","has_category":"1","landing_pages":null,"microdata":{"number":42,"category":""},"title":"Vintage tavasz matrica \u00edv No.178","description":"Vintage tavasz matrica \u00edv No.178\n\nKiv\u00e1l\u00f3an alkalmas dekor\u00e1ci\u00f3s c\u00e9lokra, scrapbook-hoz, bullet journal, junk journal \u00e9s egy\u00e9b napl\u00f3k d\u00edsz\u00edt\u00e9s\u00e9re.\n\nTerm\u00e9kjellemz\u0151k:\n\n- Egyedi diz\u00e1jn\n- Matt fel\u00fclet\u0171 matrica pap\u00edr\n- 1 db 17 cm x 11,5 cm-es matrica \u00edv\n- v\u00e1g\u00f3g\u00e9ppel k\u00f6rbev\u00e1gott\n- belt\u00e9ri felhaszn\u00e1l\u00e1sra alkalmas\n\nA sz\u00e1ll\u00edt\u00e1s post\u00e1val megoldhat\u00f3, lev\u00e9lk\u00fcldem\u00e9nyk\u00e9nt, vagy k\u00e9rhet\u0151 k\u00fcl\u00f6nb\u00f6z\u0151 boxos sz\u00e1ll\u00edt\u00e1si opci\u00f3kkal (pl. Foxpost) - r\u00e9szletes inf\u00f3k a sz\u00e1ll\u00edt\u00e1s f\u00fcl\u00f6n. \n\nMinden matrica v\u00edz\u00e1ll\u00f3 celof\u00e1ntasakban \u00e9rkezik, ezzel meg\u00f3vva a term\u00e9ket a s\u00e9r\u00fcl\u00e9st\u0151l \u00e9s a nedvess\u00e9gt\u0151l.\n\nA term\u00e9kek az \u00f6sszeg be\u00e9rkez\u00e9s\u00e9t k\u00f6vet\u0151en ker\u00fclnek felad\u00e1sra.\n\nMinden v\u00e1s\u00e1rl\u00e1sr\u00f3l elektronikus sz\u00e1mla ker\u00fcl ki\u00e1ll\u00edt\u00e1sra a megadott email c\u00edmre, ezzel is ker\u00fclve a felesleges pap\u00edrhaszn\u00e1latot.                                                                                                                         ","score":2.008666,"formatted_price":"650 Ft","image_url":"https:\/\/www.meska.hu\/img\/product\/small\/a\/n\/andidekor_product_363674_260118153256_627826.jpeg","formatted_url":"https:\/\/www.meska.hu\/p5712595-vintage-tavasz-matrica-iv-no178","favourite":false,"in_stock":true,"avatar":"363674_avatar_1686388732.jpeg","delete_from":0,"is_enhanced_background":false,"is_enhanced":false,"product_selection_started":false,"is_active":true,"image_webp_url":"https:\/\/www.meska.hu\/img\/product\/small\/a\/n\/andidekor_product_363674_260118153256_627826.webp"},{"id":"6083787","shop_id":"29668","user_id":"363674","shop_name":"AndiDekor","shop_zip":"8052","product_code":"5712592","product_name_old":null,"product_name":"K\u00e1v\u00e9s matric\u00e1k No.177","category_string":"Otthon & \u00c9letm\u00f3d, Pap\u00edr, \u00edr\u00f3szer, Matrica, matrica csomag","technic_string":"Fot\u00f3, grafika, rajz, illusztr\u00e1ci\u00f3, Pap\u00edrm\u0171v\u00e9szet","category_1":"813","category_2":"351","category_3":"1324","category_4":"0","merged_category_1":null,"merged_category_2":null,"merged_category_3":null,"technic_1":"483","technic_2":"497","technic_3":"0","color_1":"532","color_2":"0","color_3":"0","product_description_old":null,"product_description":"K\u00e1v\u00e9s matric\u00e1k No.177\n\nKiv\u00e1l\u00f3an alkalmas dekor\u00e1ci\u00f3s c\u00e9lokra, scrapbook-hoz, bullet journal, junk journal \u00e9s egy\u00e9b napl\u00f3k d\u00edsz\u00edt\u00e9s\u00e9re.\n\nTerm\u00e9kjellemz\u0151k:\n\n- Egyedi diz\u00e1jn\n- Matt fel\u00fclet\u0171 matrica pap\u00edr\n- 1 db 17 cm x 11,5 cm-es matrica \u00edv\n- v\u00e1g\u00f3g\u00e9ppel k\u00f6rbev\u00e1gott\n- belt\u00e9ri felhaszn\u00e1l\u00e1sra alkalmas\n\nA sz\u00e1ll\u00edt\u00e1s post\u00e1val megoldhat\u00f3, lev\u00e9lk\u00fcldem\u00e9nyk\u00e9nt, vagy k\u00e9rhet\u0151 k\u00fcl\u00f6nb\u00f6z\u0151 boxos sz\u00e1ll\u00edt\u00e1si opci\u00f3kkal (pl. Foxpost) - r\u00e9szletes inf\u00f3k a sz\u00e1ll\u00edt\u00e1s f\u00fcl\u00f6n. \n\nMinden matrica v\u00edz\u00e1ll\u00f3 celof\u00e1ntasakban \u00e9rkezik, ezzel meg\u00f3vva a term\u00e9ket a s\u00e9r\u00fcl\u00e9st\u0151l \u00e9s a nedvess\u00e9gt\u0151l.\n\nA term\u00e9kek az \u00f6sszeg be\u00e9rkez\u00e9s\u00e9t k\u00f6vet\u0151en ker\u00fclnek felad\u00e1sra.\n\nMinden v\u00e1s\u00e1rl\u00e1sr\u00f3l elektronikus sz\u00e1mla ker\u00fcl ki\u00e1ll\u00edt\u00e1sra a megadott email c\u00edmre, ezzel is ker\u00fclve a felesleges pap\u00edrhaszn\u00e1latot.                                                                                                                         ","price":"650.00","unit":"db","recommended":"0","status":"1","sponsored":"0","exp_notify":"0","own_material":"0","own_material_description_old":null,"own_material_description":"","jury":"0","jury_number":"","product_nature":"","meskaracsony":"0","create_date":"2026-02-25 15:25:17","shelve_id":"81050","image":"andidekor_product_363674_260118153212_233169.jpeg","image_width":"480","image_height":"480","image_alt":"K\u00e1v\u00e9s matric\u00e1k No.177, K\u00e1v\u00e9s matric\u00e1k No.177\\n\\nKiv\u00e1l\u00f3an alkalmas dekor\u00e1ci\u00f3s c\u00e9lokra, scrapbook-hoz, bullet journal, junk jou..., Meska","image_title":"K\u00e1v\u00e9s matric\u00e1k No.177, Meska","view_count":"65","favourite_count":"0","trending_score":"0","last2MonthFavouriteCount":"0","promotion":"0","giftcard_accept":"1","creditcard_accept":true,"enhanced_background":"0","domain":"meska","specific_customer_id":null,"specific_customer_name":null,"to_order_product":"0","to_order_product_time":"0","product_different":null,"product_different_description":"","vintage":"0","vintage_category_id":"0","recycled":"0","gemstone_id":"0","customizable":"0","type_category":"physical","zerowaste":"0","postage_price":"1290.00","shop_order":"0","has_category":"1","landing_pages":null,"microdata":{"number":43,"category":""},"title":"K\u00e1v\u00e9s matric\u00e1k No.177","description":"K\u00e1v\u00e9s matric\u00e1k No.177\n\nKiv\u00e1l\u00f3an alkalmas dekor\u00e1ci\u00f3s c\u00e9lokra, scrapbook-hoz, bullet journal, junk journal \u00e9s egy\u00e9b napl\u00f3k d\u00edsz\u00edt\u00e9s\u00e9re.\n\nTerm\u00e9kjellemz\u0151k:\n\n- Egyedi diz\u00e1jn\n- Matt fel\u00fclet\u0171 matrica pap\u00edr\n- 1 db 17 cm x 11,5 cm-es matrica \u00edv\n- v\u00e1g\u00f3g\u00e9ppel k\u00f6rbev\u00e1gott\n- belt\u00e9ri felhaszn\u00e1l\u00e1sra alkalmas\n\nA sz\u00e1ll\u00edt\u00e1s post\u00e1val megoldhat\u00f3, lev\u00e9lk\u00fcldem\u00e9nyk\u00e9nt, vagy k\u00e9rhet\u0151 k\u00fcl\u00f6nb\u00f6z\u0151 boxos sz\u00e1ll\u00edt\u00e1si opci\u00f3kkal (pl. Foxpost) - r\u00e9szletes inf\u00f3k a sz\u00e1ll\u00edt\u00e1s f\u00fcl\u00f6n. \n\nMinden matrica v\u00edz\u00e1ll\u00f3 celof\u00e1ntasakban \u00e9rkezik, ezzel meg\u00f3vva a term\u00e9ket a s\u00e9r\u00fcl\u00e9st\u0151l \u00e9s a nedvess\u00e9gt\u0151l.\n\nA term\u00e9kek az \u00f6sszeg be\u00e9rkez\u00e9s\u00e9t k\u00f6vet\u0151en ker\u00fclnek felad\u00e1sra.\n\nMinden v\u00e1s\u00e1rl\u00e1sr\u00f3l elektronikus sz\u00e1mla ker\u00fcl ki\u00e1ll\u00edt\u00e1sra a megadott email c\u00edmre, ezzel is ker\u00fclve a felesleges pap\u00edrhaszn\u00e1latot.                                                                                                                         ","score":2.008666,"formatted_price":"650 Ft","image_url":"https:\/\/www.meska.hu\/img\/product\/small\/a\/n\/andidekor_product_363674_260118153212_233169.jpeg","formatted_url":"https:\/\/www.meska.hu\/p5712592-kaves-matricak-no177","favourite":false,"in_stock":true,"avatar":"363674_avatar_1686388732.jpeg","delete_from":0,"is_enhanced_background":false,"is_enhanced":false,"product_selection_started":false,"is_active":true,"image_webp_url":"https:\/\/www.meska.hu\/img\/product\/small\/a\/n\/andidekor_product_363674_260118153212_233169.webp"},{"id":"6084057","shop_id":"29668","user_id":"363674","shop_name":"AndiDekor","shop_zip":"8052","product_code":"5712846","product_name_old":null,"product_name":"\u0150szi divat matrica \u00edv No.155","category_string":"Otthon & \u00c9letm\u00f3d, Pap\u00edr, \u00edr\u00f3szer, Matrica, matrica csomag","technic_string":"Fot\u00f3, grafika, rajz, illusztr\u00e1ci\u00f3, Pap\u00edrm\u0171v\u00e9szet","category_1":"813","category_2":"351","category_3":"1324","category_4":"0","merged_category_1":null,"merged_category_2":null,"merged_category_3":null,"technic_1":"483","technic_2":"497","technic_3":"0","color_1":"532","color_2":"0","color_3":"0","product_description_old":null,"product_description":"\u0150szi divat matrica \u00edv No.155\n\nKiv\u00e1l\u00f3an alkalmas dekor\u00e1ci\u00f3s c\u00e9lokra, scrapbook-hoz, bullet journal, junk journal \u00e9s egy\u00e9b napl\u00f3k d\u00edsz\u00edt\u00e9s\u00e9re.\n\nTerm\u00e9kjellemz\u0151k:\n\n- Egyedi diz\u00e1jn\n- Matt fel\u00fclet\u0171 matrica pap\u00edr\n- 1 db 17 cm x 11,5 cm-es matrica \u00edv\n- v\u00e1g\u00f3g\u00e9ppel k\u00f6rbev\u00e1gott\n- belt\u00e9ri felhaszn\u00e1l\u00e1sra alkalmas\n\nA sz\u00e1ll\u00edt\u00e1s post\u00e1val megoldhat\u00f3, lev\u00e9lk\u00fcldem\u00e9nyk\u00e9nt, vagy k\u00e9rhet\u0151 k\u00fcl\u00f6nb\u00f6z\u0151 boxos sz\u00e1ll\u00edt\u00e1si opci\u00f3kkal (pl. Foxpost) - r\u00e9szletes inf\u00f3k a sz\u00e1ll\u00edt\u00e1s f\u00fcl\u00f6n. \n\nMinden matrica v\u00edz\u00e1ll\u00f3 celof\u00e1ntasakban \u00e9rkezik, ezzel meg\u00f3vva a term\u00e9ket a s\u00e9r\u00fcl\u00e9st\u0151l \u00e9s a nedvess\u00e9gt\u0151l.\n\nA term\u00e9kek az \u00f6sszeg be\u00e9rkez\u00e9s\u00e9t k\u00f6vet\u0151en ker\u00fclnek felad\u00e1sra.\n\nMinden v\u00e1s\u00e1rl\u00e1sr\u00f3l elektronikus sz\u00e1mla ker\u00fcl ki\u00e1ll\u00edt\u00e1sra a megadott email c\u00edmre, ezzel is ker\u00fclve a felesleges pap\u00edrhaszn\u00e1latot.                                                                                                                         ","price":"650.00","unit":"db","recommended":"0","status":"1","sponsored":"0","exp_notify":"0","own_material":"0","own_material_description_old":null,"own_material_description":"","jury":"0","jury_number":"","product_nature":"","meskaracsony":"0","create_date":"2026-02-25 15:39:39","shelve_id":"81050","image":"andidekor_product_363674_260118161051_9784.jpeg","image_width":"480","image_height":"480","image_alt":"\u0150szi divat matrica \u00edv No.155, \u0150szi divat matrica \u00edv No.155\\n\\nKiv\u00e1l\u00f3an alkalmas dekor\u00e1ci\u00f3s c\u00e9lokra, scrapbook-hoz, bullet journal, j..., Meska","image_title":"\u0150szi divat matrica \u00edv No.155, Meska","view_count":"107","favourite_count":"0","trending_score":"0","last2MonthFavouriteCount":"0","promotion":"0","giftcard_accept":"1","creditcard_accept":true,"enhanced_background":"0","domain":"meska","specific_customer_id":null,"specific_customer_name":null,"to_order_product":"0","to_order_product_time":"0","product_different":null,"product_different_description":"","vintage":"0","vintage_category_id":"0","recycled":"0","gemstone_id":"0","customizable":"0","type_category":"physical","zerowaste":"0","postage_price":"1290.00","shop_order":"0","has_category":"1","landing_pages":null,"microdata":{"number":44,"category":""},"title":"\u0150szi divat matrica \u00edv No.155","description":"\u0150szi divat matrica \u00edv No.155\n\nKiv\u00e1l\u00f3an alkalmas dekor\u00e1ci\u00f3s c\u00e9lokra, scrapbook-hoz, bullet journal, junk journal \u00e9s egy\u00e9b napl\u00f3k d\u00edsz\u00edt\u00e9s\u00e9re.\n\nTerm\u00e9kjellemz\u0151k:\n\n- Egyedi diz\u00e1jn\n- Matt fel\u00fclet\u0171 matrica pap\u00edr\n- 1 db 17 cm x 11,5 cm-es matrica \u00edv\n- v\u00e1g\u00f3g\u00e9ppel k\u00f6rbev\u00e1gott\n- belt\u00e9ri felhaszn\u00e1l\u00e1sra alkalmas\n\nA sz\u00e1ll\u00edt\u00e1s post\u00e1val megoldhat\u00f3, lev\u00e9lk\u00fcldem\u00e9nyk\u00e9nt, vagy k\u00e9rhet\u0151 k\u00fcl\u00f6nb\u00f6z\u0151 boxos sz\u00e1ll\u00edt\u00e1si opci\u00f3kkal (pl. Foxpost) - r\u00e9szletes inf\u00f3k a sz\u00e1ll\u00edt\u00e1s f\u00fcl\u00f6n. \n\nMinden matrica v\u00edz\u00e1ll\u00f3 celof\u00e1ntasakban \u00e9rkezik, ezzel meg\u00f3vva a term\u00e9ket a s\u00e9r\u00fcl\u00e9st\u0151l \u00e9s a nedvess\u00e9gt\u0151l.\n\nA term\u00e9kek az \u00f6sszeg be\u00e9rkez\u00e9s\u00e9t k\u00f6vet\u0151en ker\u00fclnek felad\u00e1sra.\n\nMinden v\u00e1s\u00e1rl\u00e1sr\u00f3l elektronikus sz\u00e1mla ker\u00fcl ki\u00e1ll\u00edt\u00e1sra a megadott email c\u00edmre, ezzel is ker\u00fclve a felesleges pap\u00edrhaszn\u00e1latot.                                                                                                                         ","score":2.008666,"formatted_price":"650 Ft","image_url":"https:\/\/www.meska.hu\/img\/product\/small\/a\/n\/andidekor_product_363674_260118161051_9784.jpeg","formatted_url":"https:\/\/www.meska.hu\/p5712846-oszi-divat-matrica-iv-no155","favourite":false,"in_stock":true,"avatar":"363674_avatar_1686388732.jpeg","delete_from":0,"is_enhanced_background":false,"is_enhanced":false,"product_selection_started":false,"is_active":true,"image_webp_url":"https:\/\/www.meska.hu\/img\/product\/small\/a\/n\/andidekor_product_363674_260118161051_9784.webp"},{"id":"6075162","shop_id":"29668","user_id":"363674","shop_name":"AndiDekor","shop_zip":"8052","product_code":"5704542","product_name_old":null,"product_name":"H\u00fasv\u00e9ti matric\u00e1k No.091","category_string":"Otthon & \u00c9letm\u00f3d, Pap\u00edr, \u00edr\u00f3szer, Matrica, matrica csomag","technic_string":"Fot\u00f3, grafika, rajz, illusztr\u00e1ci\u00f3, Pap\u00edrm\u0171v\u00e9szet","category_1":"813","category_2":"351","category_3":"1324","category_4":"0","merged_category_1":null,"merged_category_2":null,"merged_category_3":null,"technic_1":"483","technic_2":"497","technic_3":"0","color_1":"532","color_2":"0","color_3":"0","product_description_old":null,"product_description":"H\u00fasv\u00e9ti matric\u00e1k No.091\n\nKiv\u00e1l\u00f3an alkalmas dekor\u00e1ci\u00f3s c\u00e9lokra, scrapbook-hoz, bullet journal, junk journal \u00e9s egy\u00e9b napl\u00f3k d\u00edsz\u00edt\u00e9s\u00e9re.\n\nTerm\u00e9kjellemz\u0151k:\n\n- Egyedi diz\u00e1jn\n- Matt fel\u00fclet\u0171 matrica pap\u00edr\n- 1 db 17 cm x 11,5 cm-es matrica \u00edv\n- v\u00e1g\u00f3g\u00e9ppel k\u00f6rbev\u00e1gott\n- belt\u00e9ri felhaszn\u00e1l\u00e1sra alkalmas\n\nA sz\u00e1ll\u00edt\u00e1s post\u00e1val megoldhat\u00f3, lev\u00e9lk\u00fcldem\u00e9nyk\u00e9nt, vagy k\u00e9rhet\u0151 k\u00fcl\u00f6nb\u00f6z\u0151 boxos sz\u00e1ll\u00edt\u00e1si opci\u00f3kkal (pl. Foxpost) - r\u00e9szletes inf\u00f3k a sz\u00e1ll\u00edt\u00e1s f\u00fcl\u00f6n. \n\nMinden matrica v\u00edz\u00e1ll\u00f3 celof\u00e1ntasakban \u00e9rkezik, ezzel meg\u00f3vva a term\u00e9ket a s\u00e9r\u00fcl\u00e9st\u0151l \u00e9s a nedvess\u00e9gt\u0151l.\n\nA term\u00e9kek az \u00f6sszeg be\u00e9rkez\u00e9s\u00e9t k\u00f6vet\u0151en ker\u00fclnek felad\u00e1sra.\n\nMinden v\u00e1s\u00e1rl\u00e1sr\u00f3l elektronikus sz\u00e1mla ker\u00fcl ki\u00e1ll\u00edt\u00e1sra a megadott email c\u00edmre, ezzel is ker\u00fclve a felesleges pap\u00edrhaszn\u00e1latot.                                                                                                                         ","price":"650.00","unit":"db","recommended":"0","status":"1","sponsored":"0","exp_notify":"0","own_material":"0","own_material_description_old":null,"own_material_description":"","jury":"0","jury_number":"","product_nature":"","meskaracsony":"0","create_date":"2026-02-25 16:30:03","shelve_id":"81050","image":"andidekor_product_363674_260116194054_226657.jpeg","image_width":"480","image_height":"480","image_alt":"H\u00fasv\u00e9ti matric\u00e1k No.091, H\u00fasv\u00e9ti matric\u00e1k No.091\\n\\nKiv\u00e1l\u00f3an alkalmas dekor\u00e1ci\u00f3s c\u00e9lokra, scrapbook-hoz, bullet journal, junk j..., Meska","image_title":"H\u00fasv\u00e9ti matric\u00e1k No.091, Meska","view_count":"97","favourite_count":"0","trending_score":"0","last2MonthFavouriteCount":"0","promotion":"0","giftcard_accept":"1","creditcard_accept":true,"enhanced_background":"0","domain":"meska","specific_customer_id":null,"specific_customer_name":null,"to_order_product":"0","to_order_product_time":"0","product_different":null,"product_different_description":"","vintage":"0","vintage_category_id":"0","recycled":"0","gemstone_id":"0","customizable":"0","type_category":"physical","zerowaste":"0","postage_price":"1290.00","shop_order":"0","has_category":"1","landing_pages":null,"microdata":{"number":45,"category":""},"title":"H\u00fasv\u00e9ti matric\u00e1k No.091","description":"H\u00fasv\u00e9ti matric\u00e1k No.091\n\nKiv\u00e1l\u00f3an alkalmas dekor\u00e1ci\u00f3s c\u00e9lokra, scrapbook-hoz, bullet journal, junk journal \u00e9s egy\u00e9b napl\u00f3k d\u00edsz\u00edt\u00e9s\u00e9re.\n\nTerm\u00e9kjellemz\u0151k:\n\n- Egyedi diz\u00e1jn\n- Matt fel\u00fclet\u0171 matrica pap\u00edr\n- 1 db 17 cm x 11,5 cm-es matrica \u00edv\n- v\u00e1g\u00f3g\u00e9ppel k\u00f6rbev\u00e1gott\n- belt\u00e9ri felhaszn\u00e1l\u00e1sra alkalmas\n\nA sz\u00e1ll\u00edt\u00e1s post\u00e1val megoldhat\u00f3, lev\u00e9lk\u00fcldem\u00e9nyk\u00e9nt, vagy k\u00e9rhet\u0151 k\u00fcl\u00f6nb\u00f6z\u0151 boxos sz\u00e1ll\u00edt\u00e1si opci\u00f3kkal (pl. Foxpost) - r\u00e9szletes inf\u00f3k a sz\u00e1ll\u00edt\u00e1s f\u00fcl\u00f6n. \n\nMinden matrica v\u00edz\u00e1ll\u00f3 celof\u00e1ntasakban \u00e9rkezik, ezzel meg\u00f3vva a term\u00e9ket a s\u00e9r\u00fcl\u00e9st\u0151l \u00e9s a nedvess\u00e9gt\u0151l.\n\nA term\u00e9kek az \u00f6sszeg be\u00e9rkez\u00e9s\u00e9t k\u00f6vet\u0151en ker\u00fclnek felad\u00e1sra.\n\nMinden v\u00e1s\u00e1rl\u00e1sr\u00f3l elektronikus sz\u00e1mla ker\u00fcl ki\u00e1ll\u00edt\u00e1sra a megadott email c\u00edmre, ezzel is ker\u00fclve a felesleges pap\u00edrhaszn\u00e1latot.                                                                                                                         ","score":2.008666,"formatted_price":"650 Ft","image_url":"https:\/\/www.meska.hu\/img\/product\/small\/a\/n\/andidekor_product_363674_260116194054_226657.jpeg","formatted_url":"https:\/\/www.meska.hu\/p5704542-husveti-matricak-no091","favourite":false,"in_stock":true,"avatar":"363674_avatar_1686388732.jpeg","delete_from":0,"is_enhanced_background":false,"is_enhanced":false,"product_selection_started":false,"is_active":true,"image_webp_url":"https:\/\/www.meska.hu\/img\/product\/small\/a\/n\/andidekor_product_363674_260116194054_226657.webp"},{"id":"6129833","shop_id":"33780","user_id":"437338","shop_name":"ILoveGlass","shop_zip":"2000","product_code":"5741527","product_name_old":null,"product_name":"Mentett porcel\u00e1n darabok - vir\u00e1gos f\u00fclbeval\u00f3 - nemesac\u00e9l, l\u00f3g\u00f3s","category_string":"\u00c9kszer, F\u00fclbeval\u00f3, L\u00f3g\u00f3 f\u00fclbeval\u00f3","technic_string":"Mozaik, \u00c9kszerk\u00e9sz\u00edt\u00e9s","category_1":"327","category_2":"331","category_3":"1219","category_4":"0","merged_category_1":null,"merged_category_2":null,"merged_category_3":null,"technic_1":"750","technic_2":"477","technic_3":"0","color_1":"515","color_2":"525","color_3":"529","product_description_old":null,"product_description":"Tov\u00e1bb \u00e9l egy t\u00f6r\u00f6tt Zsolnay porcel\u00e1ndarab ebben a vir\u00e1gos nemesac\u00e9l (allergiamentes) f\u00fclbeval\u00f3ban. Egyed\u00fcl\u00e1ll\u00f3 porcel\u00e1n \u00e9kszerek k\u00e9sz\u00fclnek az \u00fajrahasznos\u00edt\u00e1s jegy\u00e9ben. K\u00fcl\u00f6nb\u00f6z\u0151 m\u00e9retben \u00e9s form\u00e1kban k\u00e9sz\u00edtem az \u00e9kszereket, med\u00e1lokat, nyakl\u00e1ncokat.\n\nA med\u00e1l m\u00e9rete: 1,9 cm\nA f\u00fclbeval\u00f3 teljes hossza: 4,1 cm.\n\nNemesac\u00e9l med\u00e1lalapba foglaltam a kiv\u00e1gott \u00e9s csiszolt porcel\u00e1ndarabokat, \u00edgy k\u00e9sz\u00fclt ez a k\u00fcl\u00f6nleges f\u00fclbeval\u00f3. \n\nEhhez a f\u00fclbeval\u00f3hoz nyakl\u00e1ncot \u00e9s gy\u0171r\u0171t is tal\u00e1lsz term\u00e9keim k\u00f6z\u00f6tt.\n\nN\u00e9zd meg tov\u00e1bbi term\u00e9keimet is itt: https:\/\/www.meska.hu\/shop\/ILoveGlass\n\nEz az \u00e9kszer egy t\u00f6r\u00f6tt Zsolnay porcel\u00e1n darabk\u00e1ib\u00f3l k\u00e9sz\u00fclt. Az alapanyag \u00fajrahasznos\u00edtott, a term\u00e9ket k\u00e9zzel, saj\u00e1t m\u0171helyemben alak\u00edtottam \u00e1t. Nem hivatalos Zsolnay term\u00e9k, hanem \u00fajrahasznos\u00edtott alapanyagb\u00f3l k\u00e9sz\u00fclt egyedi \u00e9kszer.\n\nD\u00edszdobozban post\u00e1zom. \n\nEgyedi k\u00e9r\u00e9seidet is sz\u00edvesen megval\u00f3s\u00edtom. Ezzel kapcsolatban keress \u00fczenetben.\n\nApr\u00f3l\u00e9kos munk\u00e1val, nagy gonddal \u00e9s szeretettel k\u00e9sz\u00edtett k\u00e9zm\u0171ves darab. \n\nTiszt\u00edt\u00e1sa nedves kend\u0151vel. F\u00fcrd\u00e9s k\u00f6zben ne haszn\u00e1ld. \n\nN\u00e9zd meg a csod\u00e1latos mur\u00e1n\u00f3i \u00e9s tengerent\u00fali \u00fcvegekb\u0151l k\u00e9sz\u00edtett mozaik \u00e9kszereimet is.","price":"15900.00","unit":"p\u00e1r","recommended":"0","status":"1","sponsored":"0","exp_notify":"0","own_material":"0","own_material_description_old":null,"own_material_description":"","jury":"0","jury_number":"","product_nature":"","meskaracsony":"0","create_date":"2026-02-25 17:40:04","shelve_id":"80366","image":"iloveglass_product_437338_260225173055_050188.jpeg","image_width":"480","image_height":"480","image_alt":"Mentett porcel\u00e1n darabok - vir\u00e1gos f\u00fclbeval\u00f3 - nemesac\u00e9l, l\u00f3g\u00f3s, Tov\u00e1bb \u00e9l egy t\u00f6r\u00f6tt Zsolnay porcel\u00e1ndarab ebben a vir\u00e1gos nemesac\u00e9l (allergiamentes) f\u00fclbeval\u00f3ban. ..., Meska","image_title":"Mentett porcel\u00e1n darabok - vir\u00e1gos f\u00fclbeval\u00f3 - nemesac\u00e9l, l\u00f3g\u00f3s, Meska","view_count":"60","favourite_count":"0","trending_score":"0","last2MonthFavouriteCount":"0","promotion":"0","giftcard_accept":"0","creditcard_accept":true,"enhanced_background":"0","domain":"meska","specific_customer_id":null,"specific_customer_name":null,"to_order_product":"0","to_order_product_time":"0","product_different":null,"product_different_description":"","vintage":"0","vintage_category_id":"0","recycled":"1","gemstone_id":"0","customizable":"0","type_category":"physical","zerowaste":"1","postage_price":"1290.00","shop_order":"1","has_category":"1","landing_pages":null,"microdata":{"number":46,"category":""},"title":"Mentett porcel\u00e1n darabok - vir\u00e1gos f\u00fclbeval\u00f3 - nemesac\u00e9l, l\u00f3g\u00f3s","description":"Tov\u00e1bb \u00e9l egy t\u00f6r\u00f6tt Zsolnay porcel\u00e1ndarab ebben a vir\u00e1gos nemesac\u00e9l (allergiamentes) f\u00fclbeval\u00f3ban. Egyed\u00fcl\u00e1ll\u00f3 porcel\u00e1n \u00e9kszerek k\u00e9sz\u00fclnek az \u00fajrahasznos\u00edt\u00e1s jegy\u00e9ben. K\u00fcl\u00f6nb\u00f6z\u0151 m\u00e9retben \u00e9s form\u00e1kban k\u00e9sz\u00edtem az \u00e9kszereket, med\u00e1lokat, nyakl\u00e1ncokat.\n\nA med\u00e1l m\u00e9rete: 1,9 cm\nA f\u00fclbeval\u00f3 teljes hossza: 4,1 cm.\n\nNemesac\u00e9l med\u00e1lalapba foglaltam a kiv\u00e1gott \u00e9s csiszolt porcel\u00e1ndarabokat, \u00edgy k\u00e9sz\u00fclt ez a k\u00fcl\u00f6nleges f\u00fclbeval\u00f3. \n\nEhhez a f\u00fclbeval\u00f3hoz nyakl\u00e1ncot \u00e9s gy\u0171r\u0171t is tal\u00e1lsz term\u00e9keim k\u00f6z\u00f6tt.\n\nN\u00e9zd meg tov\u00e1bbi term\u00e9keimet is itt: https:\/\/www.meska.hu\/shop\/ILoveGlass\n\nEz az \u00e9kszer egy t\u00f6r\u00f6tt Zsolnay porcel\u00e1n darabk\u00e1ib\u00f3l k\u00e9sz\u00fclt. Az alapanyag \u00fajrahasznos\u00edtott, a term\u00e9ket k\u00e9zzel, saj\u00e1t m\u0171helyemben alak\u00edtottam \u00e1t. Nem hivatalos Zsolnay term\u00e9k, hanem \u00fajrahasznos\u00edtott alapanyagb\u00f3l k\u00e9sz\u00fclt egyedi \u00e9kszer.\n\nD\u00edszdobozban post\u00e1zom. \n\nEgyedi k\u00e9r\u00e9seidet is sz\u00edvesen megval\u00f3s\u00edtom. Ezzel kapcsolatban keress \u00fczenetben.\n\nApr\u00f3l\u00e9kos munk\u00e1val, nagy gonddal \u00e9s szeretettel k\u00e9sz\u00edtett k\u00e9zm\u0171ves darab. \n\nTiszt\u00edt\u00e1sa nedves kend\u0151vel. F\u00fcrd\u00e9s k\u00f6zben ne haszn\u00e1ld. \n\nN\u00e9zd meg a csod\u00e1latos mur\u00e1n\u00f3i \u00e9s tengerent\u00fali \u00fcvegekb\u0151l k\u00e9sz\u00edtett mozaik \u00e9kszereimet is.","score":2.008666,"formatted_price":"15 900 Ft","image_url":"https:\/\/www.meska.hu\/img\/product\/small\/i\/l\/iloveglass_product_437338_260225173055_050188.jpeg","formatted_url":"https:\/\/www.meska.hu\/p5741527-mentett-porcelan-darabok-viragos-fulbevalo-nemesacel-logos","favourite":false,"in_stock":true,"avatar":"ILoveGlass_avatar_437338_1623595322.png","delete_from":0,"is_enhanced_background":false,"is_enhanced":false,"product_selection_started":false,"is_active":true,"image_webp_url":"https:\/\/www.meska.hu\/img\/product\/small\/i\/l\/iloveglass_product_437338_260225173055_050188.webp"},{"id":"2931465","shop_id":"27723","user_id":"341579","shop_name":"faragda","shop_zip":"2030","product_code":"4308212","product_name_old":null,"product_name":"Marilyn Monroe ledes falik\u00e9p","category_string":"Otthon & \u00c9letm\u00f3d, Falra akaszthat\u00f3 dekor","technic_string":"Famegmunk\u00e1l\u00e1s, Fest\u00e9szet","category_1":"813","category_2":"942","category_3":"0","category_4":"0","merged_category_1":null,"merged_category_2":null,"merged_category_3":null,"technic_1":"478","technic_2":"480","technic_3":"0","color_1":"518","color_2":"0","color_3":"0","product_description_old":null,"product_description":"Falik\u00e9p filmrajong\u00f3k ... vagy\/\u00e9s  Marilyn csod\u00e1l\u00f3i sz\u00e1m\u00e1ra... Ledes h\u00e1tt\u00e9rf\u00e9nnyel.\nA f\u00e9ny sz\u00edn\u00e9t \u00e9s erej\u00e9t a term\u00e9khez adott t\u00e1vir\u00e1ny\u00edt\u00f3val lehet \u00e1ll\u00edtgatni.  A 12V-os transzform\u00e1tort  szint\u00e9n tartalmazza a csomag.\nM\u00e9rete:  65x55 cm","price":"23990.00","unit":"db","recommended":"0","status":"1","sponsored":"0","exp_notify":"0","own_material":"0","own_material_description_old":null,"own_material_description":"","jury":"0","jury_number":"","product_nature":"","meskaracsony":"0","create_date":"2026-02-25 20:08:55","shelve_id":"0","image":"faragda_product_341579_210413152113_449293.jpeg","image_width":"480","image_height":"640","image_alt":"Marilyn Monroe ledes falik\u00e9p, Falik\u00e9p filmrajong\u00f3k ... vagy\/\u00e9s  Marilyn csod\u00e1l\u00f3i sz\u00e1m\u00e1ra... Ledes h\u00e1tt\u00e9rf\u00e9nnyel.\\nA f\u00e9ny sz\u00edn\u00e9t \u00e9s ..., Meska","image_title":"Marilyn Monroe ledes falik\u00e9p, Meska","view_count":"1852","favourite_count":"0","trending_score":"0","last2MonthFavouriteCount":"0","promotion":"0","giftcard_accept":"0","creditcard_accept":false,"enhanced_background":"0","domain":"meska","specific_customer_id":null,"specific_customer_name":null,"to_order_product":"0","to_order_product_time":"0","product_different":null,"product_different_description":"","vintage":"0","vintage_category_id":"0","recycled":"0","gemstone_id":"0","customizable":"0","type_category":"physical","zerowaste":"0","postage_price":"2400.00","shop_order":"0","has_category":"1","landing_pages":null,"microdata":{"number":47,"category":""},"title":"Marilyn Monroe ledes falik\u00e9p","description":"Falik\u00e9p filmrajong\u00f3k ... vagy\/\u00e9s  Marilyn csod\u00e1l\u00f3i sz\u00e1m\u00e1ra... Ledes h\u00e1tt\u00e9rf\u00e9nnyel.\nA f\u00e9ny sz\u00edn\u00e9t \u00e9s erej\u00e9t a term\u00e9khez adott t\u00e1vir\u00e1ny\u00edt\u00f3val lehet \u00e1ll\u00edtgatni.  A 12V-os transzform\u00e1tort  szint\u00e9n tartalmazza a csomag.\nM\u00e9rete:  65x55 cm","score":2.008666,"formatted_price":"23 990 Ft","image_url":"https:\/\/www.meska.hu\/img\/product\/small\/f\/a\/faragda_product_341579_210413152113_449293.jpeg","formatted_url":"https:\/\/www.meska.hu\/p4308212-marilyn-monroe-ledes-falikep","favourite":false,"in_stock":true,"avatar":"faragda_avatar_341579_1565884201.jpg","delete_from":0,"is_enhanced_background":false,"is_enhanced":false,"product_selection_started":false,"is_active":true,"image_webp_url":"https:\/\/www.meska.hu\/img\/product\/small\/f\/a\/faragda_product_341579_210413152113_449293.webp"},{"id":"3449428","shop_id":"33869","user_id":"437392","shop_name":"mesefolt","shop_zip":"9012","product_code":"4212048","product_name_old":null,"product_name":"K\u00e9k vir\u00e1gos Ceruzatart\u00f3","category_string":"Otthon & \u00c9letm\u00f3d, Pap\u00edr, \u00edr\u00f3szer","technic_string":"H\u00edmz\u00e9s, Varr\u00e1s","category_1":"813","category_2":"351","category_3":"0","category_4":"0","merged_category_1":"0","merged_category_2":"0","merged_category_3":"0","technic_1":"487","technic_2":"506","technic_3":"0","color_1":"519","color_2":"521","color_3":"532","product_description_old":null,"product_description":"Apr\u00f3 k\u00e9k vir\u00e1gos anyagb\u00f3l k\u00e9sz\u00fclt ceruzatart\u00f3.\n\nEz a 18 r\u00e9szes ceruzatart\u00f3 praktikus aj\u00e1nd\u00e9k gyermekek \u00e9s feln\u0151ttek r\u00e9sz\u00e9re egyar\u00e1nt; tov\u00e1bb\u00e1 utaz\u00e1s, szakk\u00f6r, hobbi szint\u0171 rajzol\u00e1s, fest\u00e9s hasznos kell\u00e9ke lehet.\n\u00c9rdekl\u0151d\u00e9si k\u00f6rt\u0151l f\u00fcgg\u0151en ceruz\u00e1kat, tollakat, fest\u00e9si eszk\u00f6z\u00f6ket; a kisebb r\u00e9szekben rad\u00edrt, farag\u00f3t, vonalz\u00f3t stb. egyar\u00e1nt elhelyezhet\u00fcnk benne.\n\nA term\u00e9k el\u0151lapja egy vid\u00e1m, mint\u00e1s anyagb\u00f3l k\u00e9sz\u00fclt. H\u00e1tlapja pedig egy sz\u00fcrke \u00e1rnyalat\u00fa\u00a0 egysz\u00edn\u0171 anyag, amely illik az el\u0151lap anyag\u00e1hoz. A ceruzatart\u00f3 belsej\u00e9t \u00f6t sor h\u00edmz\u00e9s teszi egyediv\u00e9. \u00d6sszez\u00e1r\u00e1sa, felteker\u00e9s ut\u00e1n, a k\u00e9t zsin\u00f3r megk\u00f6t\u00e9s\u00e9vel t\u00f6rt\u00e9nik.\nM\u00e9rete: 28 cm x 28 cm.\nAnyaga: el\u0151lapja mint\u00e1s-, h\u00e1tlapja egysz\u00edn\u0171 100% pamutv\u00e1szon anyagb\u00f3l k\u00e9sz\u00fclt. A k\u00e9t anyag k\u00f6z\u00f6tt v\u00e9kony vatelinnal b\u00e9lelt.\nMos\u00e1s: 30\u00b0C-on moshat\u00f3, k\u00edm\u00e9l\u0151 programmal, sz\u00ednfog\u00f3 kend\u0151 haszn\u00e1lata aj\u00e1nlott.\nVasalhat\u00f3.\nA term\u00e9k anyag\u00f6sszet\u00e9tel-, mos\u00e1si-, vasal\u00e1si c\u00edmk\u00e9vel ell\u00e1tott. Az alapanyag (pamutv\u00e1szon) varr\u00e1s el\u0151tt avatott (kimosott).","price":"3490.00","unit":"db","recommended":"0","status":"1","sponsored":"0","exp_notify":"0","own_material":"0","own_material_description_old":null,"own_material_description":"","jury":"0","jury_number":"","product_nature":"","meskaracsony":"0","create_date":"2026-02-25 22:04:42","shelve_id":"66240","image":"mesefolt_product_437392_210710104418_682410.jpeg","image_width":"480","image_height":"360","image_alt":"K\u00e9k vir\u00e1gos Ceruzatart\u00f3, Apr\u00f3 k\u00e9k vir\u00e1gos anyagb\u00f3l k\u00e9sz\u00fclt ceruzatart\u00f3.\\n\\nEz a 18 r\u00e9szes ceruzatart\u00f3 praktikus aj\u00e1nd\u00e9k gyermek..., Meska","image_title":"K\u00e9k vir\u00e1gos Ceruzatart\u00f3, Meska","view_count":"802","favourite_count":"0","trending_score":"0","last2MonthFavouriteCount":"0","promotion":"0","giftcard_accept":"0","creditcard_accept":true,"enhanced_background":"0","domain":"meska","specific_customer_id":null,"specific_customer_name":null,"to_order_product":"0","to_order_product_time":"0","product_different":null,"product_different_description":"","vintage":"0","vintage_category_id":"0","recycled":"0","gemstone_id":"0","customizable":"0","type_category":"physical","zerowaste":"0","postage_price":"1290.00","shop_order":"0","has_category":"1","landing_pages":null,"microdata":{"number":48,"category":""},"title":"K\u00e9k vir\u00e1gos Ceruzatart\u00f3","description":"Apr\u00f3 k\u00e9k vir\u00e1gos anyagb\u00f3l k\u00e9sz\u00fclt ceruzatart\u00f3.\n\nEz a 18 r\u00e9szes ceruzatart\u00f3 praktikus aj\u00e1nd\u00e9k gyermekek \u00e9s feln\u0151ttek r\u00e9sz\u00e9re egyar\u00e1nt; tov\u00e1bb\u00e1 utaz\u00e1s, szakk\u00f6r, hobbi szint\u0171 rajzol\u00e1s, fest\u00e9s hasznos kell\u00e9ke lehet.\n\u00c9rdekl\u0151d\u00e9si k\u00f6rt\u0151l f\u00fcgg\u0151en ceruz\u00e1kat, tollakat, fest\u00e9si eszk\u00f6z\u00f6ket; a kisebb r\u00e9szekben rad\u00edrt, farag\u00f3t, vonalz\u00f3t stb. egyar\u00e1nt elhelyezhet\u00fcnk benne.\n\nA term\u00e9k el\u0151lapja egy vid\u00e1m, mint\u00e1s anyagb\u00f3l k\u00e9sz\u00fclt. H\u00e1tlapja pedig egy sz\u00fcrke \u00e1rnyalat\u00fa\u00a0 egysz\u00edn\u0171 anyag, amely illik az el\u0151lap anyag\u00e1hoz. A ceruzatart\u00f3 belsej\u00e9t \u00f6t sor h\u00edmz\u00e9s teszi egyediv\u00e9. \u00d6sszez\u00e1r\u00e1sa, felteker\u00e9s ut\u00e1n, a k\u00e9t zsin\u00f3r megk\u00f6t\u00e9s\u00e9vel t\u00f6rt\u00e9nik.\nM\u00e9rete: 28 cm x 28 cm.\nAnyaga: el\u0151lapja mint\u00e1s-, h\u00e1tlapja egysz\u00edn\u0171 100% pamutv\u00e1szon anyagb\u00f3l k\u00e9sz\u00fclt. A k\u00e9t anyag k\u00f6z\u00f6tt v\u00e9kony vatelinnal b\u00e9lelt.\nMos\u00e1s: 30\u00b0C-on moshat\u00f3, k\u00edm\u00e9l\u0151 programmal, sz\u00ednfog\u00f3 kend\u0151 haszn\u00e1lata aj\u00e1nlott.\nVasalhat\u00f3.\nA term\u00e9k anyag\u00f6sszet\u00e9tel-, mos\u00e1si-, vasal\u00e1si c\u00edmk\u00e9vel ell\u00e1tott. Az alapanyag (pamutv\u00e1szon) varr\u00e1s el\u0151tt avatott (kimosott).","score":2.008666,"formatted_price":"3 490 Ft","image_url":"https:\/\/www.meska.hu\/img\/product\/small\/m\/e\/mesefolt_product_437392_210710104418_682410.jpeg","formatted_url":"https:\/\/www.meska.hu\/p4212048-kek-viragos-ceruzatarto","favourite":false,"in_stock":true,"avatar":"mesefolt_avatar_437392_1625069053.png","delete_from":0,"is_enhanced_background":false,"is_enhanced":false,"product_selection_started":false,"is_active":true,"image_webp_url":"https:\/\/www.meska.hu\/img\/product\/small\/m\/e\/mesefolt_product_437392_210710104418_682410.webp"},{"id":"6083194","shop_id":"29668","user_id":"363674","shop_name":"AndiDekor","shop_zip":"8052","product_code":"5712026","product_name_old":null,"product_name":"Boszork\u00e1nyos matric\u00e1k No.144","category_string":"Otthon & \u00c9letm\u00f3d, Pap\u00edr, \u00edr\u00f3szer, Matrica, matrica csomag","technic_string":"Fot\u00f3, grafika, rajz, illusztr\u00e1ci\u00f3, Pap\u00edrm\u0171v\u00e9szet","category_1":"813","category_2":"351","category_3":"1324","category_4":"0","merged_category_1":null,"merged_category_2":null,"merged_category_3":null,"technic_1":"483","technic_2":"497","technic_3":"0","color_1":"532","color_2":"0","color_3":"0","product_description_old":null,"product_description":"Boszork\u00e1nyos matric\u00e1k No.144\n\nKiv\u00e1l\u00f3an alkalmas dekor\u00e1ci\u00f3s c\u00e9lokra, scrapbook-hoz, bullet journal, junk journal \u00e9s egy\u00e9b napl\u00f3k d\u00edsz\u00edt\u00e9s\u00e9re.\n\nTerm\u00e9kjellemz\u0151k:\n\n- Egyedi diz\u00e1jn\n- Matt fel\u00fclet\u0171 matrica pap\u00edr\n- 1 db 11 cm x 8,5 cm-es matrica \u00edv\n- v\u00e1g\u00f3g\u00e9ppel k\u00f6rbev\u00e1gott\n- belt\u00e9ri felhaszn\u00e1l\u00e1sra alkalmas\n\nA sz\u00e1ll\u00edt\u00e1s post\u00e1val megoldhat\u00f3, lev\u00e9lk\u00fcldem\u00e9nyk\u00e9nt, vagy k\u00e9rhet\u0151 k\u00fcl\u00f6nb\u00f6z\u0151 boxos sz\u00e1ll\u00edt\u00e1si opci\u00f3kkal (pl. Foxpost) - r\u00e9szletes inf\u00f3k a sz\u00e1ll\u00edt\u00e1s f\u00fcl\u00f6n. \n\nMinden matrica v\u00edz\u00e1ll\u00f3 celof\u00e1ntasakban \u00e9rkezik, ezzel meg\u00f3vva a term\u00e9ket a s\u00e9r\u00fcl\u00e9st\u0151l \u00e9s a nedvess\u00e9gt\u0151l.\n\nA term\u00e9kek az \u00f6sszeg be\u00e9rkez\u00e9s\u00e9t k\u00f6vet\u0151en ker\u00fclnek felad\u00e1sra.\n\nMinden v\u00e1s\u00e1rl\u00e1sr\u00f3l elektronikus sz\u00e1mla ker\u00fcl ki\u00e1ll\u00edt\u00e1sra a megadott email c\u00edmre, ezzel is ker\u00fclve a felesleges pap\u00edrhaszn\u00e1latot.                                                                                                                         ","price":"550.00","unit":"db","recommended":"0","status":"1","sponsored":"0","exp_notify":"0","own_material":"0","own_material_description_old":null,"own_material_description":"","jury":"0","jury_number":"","product_nature":"","meskaracsony":"0","create_date":"2026-02-23 19:38:26","shelve_id":"81050","image":"andidekor_product_363674_260118140509_841971.jpeg","image_width":"480","image_height":"480","image_alt":"Boszork\u00e1nyos matric\u00e1k No.144, Boszork\u00e1nyos matric\u00e1k No.144\\n\\nKiv\u00e1l\u00f3an alkalmas dekor\u00e1ci\u00f3s c\u00e9lokra, scrapbook-hoz, bullet journal, j..., Meska","image_title":"Boszork\u00e1nyos matric\u00e1k No.144, Meska","view_count":"81","favourite_count":"0","trending_score":"0","last2MonthFavouriteCount":"0","promotion":"0","giftcard_accept":"1","creditcard_accept":true,"enhanced_background":"0","domain":"meska","specific_customer_id":null,"specific_customer_name":null,"to_order_product":"0","to_order_product_time":"0","product_different":null,"product_different_description":"","vintage":"0","vintage_category_id":"0","recycled":"0","gemstone_id":"0","customizable":"0","type_category":"physical","zerowaste":"0","postage_price":"1290.00","shop_order":"0","has_category":"1","landing_pages":null,"microdata":{"number":49,"category":""},"title":"Boszork\u00e1nyos matric\u00e1k No.144","description":"Boszork\u00e1nyos matric\u00e1k No.144\n\nKiv\u00e1l\u00f3an alkalmas dekor\u00e1ci\u00f3s c\u00e9lokra, scrapbook-hoz, bullet journal, junk journal \u00e9s egy\u00e9b napl\u00f3k d\u00edsz\u00edt\u00e9s\u00e9re.\n\nTerm\u00e9kjellemz\u0151k:\n\n- Egyedi diz\u00e1jn\n- Matt fel\u00fclet\u0171 matrica pap\u00edr\n- 1 db 11 cm x 8,5 cm-es matrica \u00edv\n- v\u00e1g\u00f3g\u00e9ppel k\u00f6rbev\u00e1gott\n- belt\u00e9ri felhaszn\u00e1l\u00e1sra alkalmas\n\nA sz\u00e1ll\u00edt\u00e1s post\u00e1val megoldhat\u00f3, lev\u00e9lk\u00fcldem\u00e9nyk\u00e9nt, vagy k\u00e9rhet\u0151 k\u00fcl\u00f6nb\u00f6z\u0151 boxos sz\u00e1ll\u00edt\u00e1si opci\u00f3kkal (pl. Foxpost) - r\u00e9szletes inf\u00f3k a sz\u00e1ll\u00edt\u00e1s f\u00fcl\u00f6n. \n\nMinden matrica v\u00edz\u00e1ll\u00f3 celof\u00e1ntasakban \u00e9rkezik, ezzel meg\u00f3vva a term\u00e9ket a s\u00e9r\u00fcl\u00e9st\u0151l \u00e9s a nedvess\u00e9gt\u0151l.\n\nA term\u00e9kek az \u00f6sszeg be\u00e9rkez\u00e9s\u00e9t k\u00f6vet\u0151en ker\u00fclnek felad\u00e1sra.\n\nMinden v\u00e1s\u00e1rl\u00e1sr\u00f3l elektronikus sz\u00e1mla ker\u00fcl ki\u00e1ll\u00edt\u00e1sra a megadott email c\u00edmre, ezzel is ker\u00fclve a felesleges pap\u00edrhaszn\u00e1latot.                                                                                                                         ","score":2.008666,"formatted_price":"550 Ft","image_url":"https:\/\/www.meska.hu\/img\/product\/small\/a\/n\/andidekor_product_363674_260118140509_841971.jpeg","formatted_url":"https:\/\/www.meska.hu\/p5712026-boszorkanyos-matricak-no144","favourite":false,"in_stock":true,"avatar":"363674_avatar_1686388732.jpeg","delete_from":0,"is_enhanced_background":false,"is_enhanced":false,"product_selection_started":false,"is_active":true,"image_webp_url":"https:\/\/www.meska.hu\/img\/product\/small\/a\/n\/andidekor_product_363674_260118140509_841971.webp"},{"id":"6090640","shop_id":"33780","user_id":"437338","shop_name":"ILoveGlass","shop_zip":"2000","product_code":"5717980","product_name_old":null,"product_name":"Mentett porcel\u00e1n darabok - vir\u00e1gos nemesac\u00e9l karperec - \u00e1ll\u00edthat\u00f3","category_string":"\u00c9kszer, Kark\u00f6t\u0151, Kark\u00f6t\u0151 med\u00e1llal","technic_string":"Mozaik, \u00c9kszerk\u00e9sz\u00edt\u00e9s","category_1":"327","category_2":"333","category_3":"1240","category_4":"0","merged_category_1":null,"merged_category_2":null,"merged_category_3":null,"technic_1":"750","technic_2":"477","technic_3":"0","color_1":"519","color_2":"521","color_3":"568","product_description_old":null,"product_description":"Tov\u00e1bb \u00e9l egy kb. 80-90 \u00e9ves pajzspecs\u00e9tes t\u00f6r\u00f6tt Zsolnay porcel\u00e1n t\u00e1ny\u00e9r ebben az egyed\u00fcl\u00e1ll\u00f3 karperecben. A porcel\u00e1n egy vir\u00e1gos r\u00e9szlet\u00e9t kiv\u00e1gtam \u00e9s csiszoltam bele a karperec foglalat\u00e1ba, \u00edgy k\u00e9sz\u00fclt mozaik technik\u00e1val ez az egyed\u00fcl\u00e1ll\u00f3 \u00e9kszer az \u00fajrahasznos\u00edt\u00e1s jegy\u00e9ben. \n\nKis m\u00e9rt\u00e9kben \u00e1ll\u00edthat\u00f3\nA karperec bels\u0151 ker\u00fclete: kb. 17,5 cm\n\nAz \u00e9kszer minden f\u00e9m eleme NEMESAC\u00c9L (allergiamentes)\n\nA csepp med\u00e1l m\u00e9rete 1,9 x 2,5 cm\n\nEhhez az \u00e9kszerhez nyakl\u00e1ncot is v\u00e1laszthatsz.\n\nN\u00e9zd meg tov\u00e1bbi term\u00e9keimet is itt: https:\/\/www.meska.hu\/shop\/ILoveGlass\n\nEz az \u00e9kszer egy t\u00f6r\u00f6tt Zsolnay porcel\u00e1n darabk\u00e1j\u00e1b\u00f3l k\u00e9sz\u00fclt. Az alapanyag \u00fajrahasznos\u00edtott, a term\u00e9ket k\u00e9zzel, saj\u00e1t m\u0171helyemben alak\u00edtottam \u00e1t. Nem hivatalos Zsolnay term\u00e9k, hanem \u00fajrahasznos\u00edtott alapanyagb\u00f3l k\u00e9sz\u00fclt egyedi \u00e9kszer.\n\nD\u00edszdobozban post\u00e1zom. \n\nEgyedi k\u00e9r\u00e9seidet is sz\u00edvesen megval\u00f3s\u00edtom. Ezzel kapcsolatban keress \u00fczenetben.\n\nApr\u00f3l\u00e9kos munk\u00e1val, nagy gonddal \u00e9s szeretettel k\u00e9sz\u00edtett k\u00e9zm\u0171ves darab. \n\nTiszt\u00edt\u00e1sa nedves kend\u0151vel. F\u00fcrd\u00e9s k\u00f6zben ne haszn\u00e1ld. \n\nN\u00e9zd meg a csod\u00e1latos mur\u00e1n\u00f3i \u00e9s tengerent\u00fali \u00fcvegekb\u0151l k\u00e9sz\u00edtett mozaik \u00e9s mikromozaik term\u00e9keimet is.","price":"10900.00","unit":"db","recommended":"0","status":"1","sponsored":"0","exp_notify":"0","own_material":"0","own_material_description_old":null,"own_material_description":"","jury":"0","jury_number":"","product_nature":"","meskaracsony":"0","create_date":"2026-02-24 07:27:59","shelve_id":"80366","image":"iloveglass_product_437338_260121184507_93052.jpeg","image_width":"480","image_height":"480","image_alt":"Mentett porcel\u00e1n darabok - vir\u00e1gos nemesac\u00e9l karperec - \u00e1ll\u00edthat\u00f3, Tov\u00e1bb \u00e9l egy kb. 80-90 \u00e9ves pajzspecs\u00e9tes t\u00f6r\u00f6tt Zsolnay porcel\u00e1n t\u00e1ny\u00e9r ebben az egyed\u00fcl\u00e1ll\u00f3 karpe..., Meska","image_title":"Mentett porcel\u00e1n darabok - vir\u00e1gos nemesac\u00e9l karperec - \u00e1ll\u00edthat\u00f3, Meska","view_count":"88","favourite_count":"1","trending_score":"0","last2MonthFavouriteCount":"0","promotion":"0","giftcard_accept":"0","creditcard_accept":true,"enhanced_background":"0","domain":"meska","specific_customer_id":null,"specific_customer_name":null,"to_order_product":"0","to_order_product_time":"0","product_different":null,"product_different_description":"","vintage":"0","vintage_category_id":"0","recycled":"1","gemstone_id":"0","customizable":"0","type_category":"physical","zerowaste":"1","postage_price":"1290.00","shop_order":"73","has_category":"1","landing_pages":null,"microdata":{"number":50,"category":""},"title":"Mentett porcel\u00e1n darabok - vir\u00e1gos nemesac\u00e9l karperec - \u00e1ll\u00edthat\u00f3","description":"Tov\u00e1bb \u00e9l egy kb. 80-90 \u00e9ves pajzspecs\u00e9tes t\u00f6r\u00f6tt Zsolnay porcel\u00e1n t\u00e1ny\u00e9r ebben az egyed\u00fcl\u00e1ll\u00f3 karperecben. A porcel\u00e1n egy vir\u00e1gos r\u00e9szlet\u00e9t kiv\u00e1gtam \u00e9s csiszoltam bele a karperec foglalat\u00e1ba, \u00edgy k\u00e9sz\u00fclt mozaik technik\u00e1val ez az egyed\u00fcl\u00e1ll\u00f3 \u00e9kszer az \u00fajrahasznos\u00edt\u00e1s jegy\u00e9ben. \n\nKis m\u00e9rt\u00e9kben \u00e1ll\u00edthat\u00f3\nA karperec bels\u0151 ker\u00fclete: kb. 17,5 cm\n\nAz \u00e9kszer minden f\u00e9m eleme NEMESAC\u00c9L (allergiamentes)\n\nA csepp med\u00e1l m\u00e9rete 1,9 x 2,5 cm\n\nEhhez az \u00e9kszerhez nyakl\u00e1ncot is v\u00e1laszthatsz.\n\nN\u00e9zd meg tov\u00e1bbi term\u00e9keimet is itt: https:\/\/www.meska.hu\/shop\/ILoveGlass\n\nEz az \u00e9kszer egy t\u00f6r\u00f6tt Zsolnay porcel\u00e1n darabk\u00e1j\u00e1b\u00f3l k\u00e9sz\u00fclt. Az alapanyag \u00fajrahasznos\u00edtott, a term\u00e9ket k\u00e9zzel, saj\u00e1t m\u0171helyemben alak\u00edtottam \u00e1t. Nem hivatalos Zsolnay term\u00e9k, hanem \u00fajrahasznos\u00edtott alapanyagb\u00f3l k\u00e9sz\u00fclt egyedi \u00e9kszer.\n\nD\u00edszdobozban post\u00e1zom. \n\nEgyedi k\u00e9r\u00e9seidet is sz\u00edvesen megval\u00f3s\u00edtom. Ezzel kapcsolatban keress \u00fczenetben.\n\nApr\u00f3l\u00e9kos munk\u00e1val, nagy gonddal \u00e9s szeretettel k\u00e9sz\u00edtett k\u00e9zm\u0171ves darab. \n\nTiszt\u00edt\u00e1sa nedves kend\u0151vel. F\u00fcrd\u00e9s k\u00f6zben ne haszn\u00e1ld. \n\nN\u00e9zd meg a csod\u00e1latos mur\u00e1n\u00f3i \u00e9s tengerent\u00fali \u00fcvegekb\u0151l k\u00e9sz\u00edtett mozaik \u00e9s mikromozaik term\u00e9keimet is.","score":2.008666,"formatted_price":"10 900 Ft","image_url":"https:\/\/www.meska.hu\/img\/product\/small\/i\/l\/iloveglass_product_437338_260121184507_93052.jpeg","formatted_url":"https:\/\/www.meska.hu\/p5717980-mentett-porcelan-darabok-viragos-nemesacel-karperec-allithato","favourite":false,"in_stock":true,"avatar":"ILoveGlass_avatar_437338_1623595322.png","delete_from":0,"is_enhanced_background":false,"is_enhanced":false,"product_selection_started":false,"is_active":true,"image_webp_url":"https:\/\/www.meska.hu\/img\/product\/small\/i\/l\/iloveglass_product_437338_260121184507_93052.webp"},{"id":"2771789","shop_id":"18619","user_id":"169706","shop_name":"Nancy16","shop_zip":"2440","product_code":"4664345","product_name_old":null,"product_name":"festm\u00e9ny GUSTAV KLIMT- ARANYK\u00d6NNYEK gy\u00f6ny\u00f6r\u0171 k\u00e9p\u00e9nek reprodukci\u00f3ja","category_string":"M\u0171v\u00e9szet, Festm\u00e9ny, Akril","technic_string":"Fest\u00e9szet","category_1":"357","category_2":"358","category_3":"359","category_4":"0","merged_category_1":null,"merged_category_2":null,"merged_category_3":null,"technic_1":"480","technic_2":"0","technic_3":"0","color_1":"512","color_2":"514","color_3":"515","product_description_old":null,"product_description":"Csod\u00e1s aj\u00e1nd\u00e9k lehet b\u00e1rkinek ,b\u00e1rmilyen alkalomra.  ","price":"20000.00","unit":"db","recommended":"0","status":"1","sponsored":"0","exp_notify":"0","own_material":"0","own_material_description_old":null,"own_material_description":"","jury":"0","jury_number":"","product_nature":"","meskaracsony":"0","create_date":"2026-02-09 10:46:03","shelve_id":"0","image":"nancy16_product_169706_210827141456_20746.jpeg","image_width":"480","image_height":"640","image_alt":"festm\u00e9ny GUSTAV KLIMT- ARANYK\u00d6NNYEK gy\u00f6ny\u00f6r\u0171 k\u00e9p\u00e9nek reprodukci\u00f3ja, Csod\u00e1s aj\u00e1nd\u00e9k lehet b\u00e1rkinek ,b\u00e1rmilyen alkalomra.  , Meska","image_title":"festm\u00e9ny GUSTAV KLIMT- ARANYK\u00d6NNYEK gy\u00f6ny\u00f6r\u0171 k\u00e9p\u00e9nek reprodukci\u00f3ja, Meska","view_count":"3074","favourite_count":"0","trending_score":"0","last2MonthFavouriteCount":"0","promotion":"0","giftcard_accept":"1","creditcard_accept":false,"enhanced_background":"0","domain":"meska","specific_customer_id":null,"specific_customer_name":null,"to_order_product":"1","to_order_product_time":"8","product_different":"quite_different","product_different_description":"sz\u00ednbeli ,\u00e1rnyalati","vintage":"0","vintage_category_id":"0","recycled":"0","gemstone_id":"0","customizable":"0","type_category":"physical","zerowaste":"0","postage_price":"2390.00","shop_order":"0","has_category":"1","landing_pages":null,"microdata":{"number":51,"category":""},"title":"festm\u00e9ny GUSTAV KLIMT- ARANYK\u00d6NNYEK gy\u00f6ny\u00f6r\u0171 k\u00e9p\u00e9nek reprodukci\u00f3ja","description":"Csod\u00e1s aj\u00e1nd\u00e9k lehet b\u00e1rkinek ,b\u00e1rmilyen alkalomra.  ","score":2.008666,"formatted_price":"20 000 Ft","image_url":"https:\/\/www.meska.hu\/img\/product\/small\/n\/a\/nancy16_product_169706_210827141456_20746.jpeg","formatted_url":"https:\/\/www.meska.hu\/p4664345-festmeny-gustav-klimt-aranykonnyek-gyonyoru-kepenek-reprodukcioja","favourite":false,"in_stock":false,"avatar":"Nancy16_avatar_169706.JPG","delete_from":0,"is_enhanced_background":false,"is_enhanced":false,"product_selection_started":false,"is_active":true,"image_webp_url":"https:\/\/www.meska.hu\/img\/product\/small\/n\/a\/nancy16_product_169706_210827141456_20746.webp"},{"id":"3204337","shop_id":"24457","user_id":"279579","shop_name":"bosziujjak","shop_zip":"1158","product_code":"4416093","product_name_old":null,"product_name":"Man\u00f3 (hagym\u00e1cska) sapka ","category_string":"Ruha & Divat, S\u00e1l, Sapka, Kend\u0151, Sapka","technic_string":"Horgol\u00e1s, K\u00f6t\u00e9s","category_1":"806","category_2":"392","category_3":"675","category_4":"0","merged_category_1":null,"merged_category_2":null,"merged_category_3":null,"technic_1":"488","technic_2":"491","technic_3":"0","color_1":"516","color_2":"521","color_3":"529","product_description_old":null,"product_description":"\nNagyon sz\u00e9p, puha, gyapj\u00fa tartalm\u00fa sz\u00edn\u00e1tmenetes fon\u00e1lb\u00f3l k\u00e9sz\u00fclt ez a vid\u00e1m sapka.  Passz\u00e9ja  rugalmas, m\u00e9rete 52-56 cm. (A pr\u00f3bababa fej 57 cm.) \n\nA term\u00e9k Budapesten van, \u00e1tvehet\u0151 szem\u00e9lyesen, vagy Foxpost automat\u00e1b\u00f3l.\n","price":"3900.00","unit":"db","recommended":"0","status":"1","sponsored":"0","exp_notify":"0","own_material":"0","own_material_description_old":null,"own_material_description":"","jury":"0","jury_number":"","product_nature":"","meskaracsony":"0","create_date":"2026-02-23 15:10:43","shelve_id":"63101","image":"bosziujjak_product_279579_211207213839_864219.jpeg","image_width":"480","image_height":"480","image_alt":"Man\u00f3 (hagym\u00e1cska) sapka , \\nNagyon sz\u00e9p, puha, gyapj\u00fa tartalm\u00fa sz\u00edn\u00e1tmenetes fon\u00e1lb\u00f3l k\u00e9sz\u00fclt ez a vid\u00e1m sapka.  Passz\u00e9ja  ruga..., Meska","image_title":"Man\u00f3 (hagym\u00e1cska) sapka , Meska","view_count":"958","favourite_count":"0","trending_score":"0","last2MonthFavouriteCount":"0","promotion":"0","giftcard_accept":"1","creditcard_accept":true,"enhanced_background":"0","domain":"meska","specific_customer_id":null,"specific_customer_name":null,"to_order_product":"0","to_order_product_time":"0","product_different":null,"product_different_description":"","vintage":"0","vintage_category_id":"0","recycled":"0","gemstone_id":"0","customizable":"0","type_category":"physical","zerowaste":"0","postage_price":"1290.00","shop_order":"2","has_category":"1","landing_pages":null,"microdata":{"number":52,"category":""},"title":"Man\u00f3 (hagym\u00e1cska) sapka ","description":"\nNagyon sz\u00e9p, puha, gyapj\u00fa tartalm\u00fa sz\u00edn\u00e1tmenetes fon\u00e1lb\u00f3l k\u00e9sz\u00fclt ez a vid\u00e1m sapka.  Passz\u00e9ja  rugalmas, m\u00e9rete 52-56 cm. (A pr\u00f3bababa fej 57 cm.) \n\nA term\u00e9k Budapesten van, \u00e1tvehet\u0151 szem\u00e9lyesen, vagy Foxpost automat\u00e1b\u00f3l.\n","score":2.008666,"formatted_price":"3 900 Ft","image_url":"https:\/\/www.meska.hu\/img\/product\/small\/b\/o\/bosziujjak_product_279579_211207213839_864219.jpeg","formatted_url":"https:\/\/www.meska.hu\/p4416093-mano-hagymacska-sapka","favourite":false,"in_stock":true,"avatar":"bosziujjak_avatar_279579_1578954580.jpg","delete_from":0,"is_enhanced_background":false,"is_enhanced":false,"product_selection_started":false,"is_active":true,"image_webp_url":"https:\/\/www.meska.hu\/img\/product\/small\/b\/o\/bosziujjak_product_279579_211207213839_864219.webp"},{"id":"5492216","shop_id":"24457","user_id":"279579","shop_name":"bosziujjak","shop_zip":"1158","product_code":"5378320","product_name_old":null,"product_name":"N\u0151i sapka, horgolt: Tengerz\u00f6ld KI\u00c1RUS\u00cdT\u00c1S!","category_string":"Ruha & Divat, S\u00e1l, Sapka, Kend\u0151, Sapka","technic_string":"Horgol\u00e1s","category_1":"806","category_2":"392","category_3":"675","category_4":"0","merged_category_1":null,"merged_category_2":null,"merged_category_3":null,"technic_1":"488","technic_2":"0","technic_3":"0","color_1":"521","color_2":"529","color_3":"0","product_description_old":null,"product_description":"Ig\u00e9nyes, apr\u00f3l\u00e9kos munk\u00e1val horgoltam ezt a saj\u00e1t tervez\u00e9s\u0171 sapk\u00e1t .  Mint\u00e1ja egyedi, \u00e1tt\u00f6rt, igazodva az enyh\u00e9bb id\u0151j\u00e1r\u00e1shoz.   Minden ir\u00e1nyban rugalmas,  formatart\u00f3 fazon. \nM\u00e9rete: fejker\u00fclet 52-54  cm. \nK\u00e9zmeleg v\u00edzben, finoman moshat\u00f3.\nDoh\u00e1nyz\u00e1s \u00e9s \u00e1llatsz\u0151r mentes k\u00f6rnyezetben k\u00e9sz\u00fclt.\nA term\u00e9k Budapesten van, \u00e1tvehet\u0151 szem\u00e9lyesen, vagy Foxpost automat\u00e1b\u00f3l.\nKszszs\n","price":"5200.00","unit":"db","recommended":"0","status":"1","sponsored":"0","exp_notify":"0","own_material":"0","own_material_description_old":null,"own_material_description":"","jury":"0","jury_number":"","product_nature":"","meskaracsony":"0","create_date":"2026-02-23 15:10:37","shelve_id":"63101","image":"bosziujjak_product_279579_240921223746_70813.jpeg","image_width":"480","image_height":"480","image_alt":"N\u0151i sapka, horgolt: Tengerz\u00f6ld KI\u00c1RUS\u00cdT\u00c1S!, Ig\u00e9nyes, apr\u00f3l\u00e9kos munk\u00e1val horgoltam ezt a saj\u00e1t tervez\u00e9s\u0171 sapk\u00e1t .  Mint\u00e1ja egyedi, \u00e1tt\u00f6rt, igazod..., Meska","image_title":"N\u0151i sapka, horgolt: Tengerz\u00f6ld KI\u00c1RUS\u00cdT\u00c1S!, Meska","view_count":"345","favourite_count":"0","trending_score":"0","last2MonthFavouriteCount":"0","promotion":"0","giftcard_accept":"1","creditcard_accept":true,"enhanced_background":"0","domain":"meska","specific_customer_id":null,"specific_customer_name":null,"to_order_product":"0","to_order_product_time":"0","product_different":null,"product_different_description":"","vintage":"0","vintage_category_id":"0","recycled":"0","gemstone_id":"0","customizable":"0","type_category":"physical","zerowaste":"0","postage_price":"1290.00","shop_order":"3","has_category":"1","landing_pages":null,"microdata":{"number":53,"category":""},"title":"N\u0151i sapka, horgolt: Tengerz\u00f6ld KI\u00c1RUS\u00cdT\u00c1S!","description":"Ig\u00e9nyes, apr\u00f3l\u00e9kos munk\u00e1val horgoltam ezt a saj\u00e1t tervez\u00e9s\u0171 sapk\u00e1t .  Mint\u00e1ja egyedi, \u00e1tt\u00f6rt, igazodva az enyh\u00e9bb id\u0151j\u00e1r\u00e1shoz.   Minden ir\u00e1nyban rugalmas,  formatart\u00f3 fazon. \nM\u00e9rete: fejker\u00fclet 52-54  cm. \nK\u00e9zmeleg v\u00edzben, finoman moshat\u00f3.\nDoh\u00e1nyz\u00e1s \u00e9s \u00e1llatsz\u0151r mentes k\u00f6rnyezetben k\u00e9sz\u00fclt.\nA term\u00e9k Budapesten van, \u00e1tvehet\u0151 szem\u00e9lyesen, vagy Foxpost automat\u00e1b\u00f3l.\nKszszs\n","score":2.008666,"formatted_price":"5 200 Ft","image_url":"https:\/\/www.meska.hu\/img\/product\/small\/b\/o\/bosziujjak_product_279579_240921223746_70813.jpeg","formatted_url":"https:\/\/www.meska.hu\/p5378320-noi-sapka-horgolt-tengerzold","favourite":false,"in_stock":true,"avatar":"bosziujjak_avatar_279579_1578954580.jpg","delete_from":0,"is_enhanced_background":false,"is_enhanced":false,"product_selection_started":false,"is_active":true,"image_webp_url":"https:\/\/www.meska.hu\/img\/product\/small\/b\/o\/bosziujjak_product_279579_240921223746_70813.webp"},{"id":"5496757","shop_id":"24457","user_id":"279579","shop_name":"bosziujjak","shop_zip":"1158","product_code":"5381224","product_name_old":null,"product_name":" S\u00f6r sapka, aj\u00e1nd\u00e9k f\u00e9rfiaknak, bar\u00e1toknak, koll\u00e9g\u00e1knak!  ","category_string":"Ruha & Divat, S\u00e1l, Sapka, Kend\u0151, Sapka","technic_string":"Horgol\u00e1s, K\u00f6t\u00e9s","category_1":"806","category_2":"392","category_3":"675","category_4":"0","merged_category_1":null,"merged_category_2":null,"merged_category_3":null,"technic_1":"488","technic_2":"491","technic_3":"0","color_1":"519","color_2":"526","color_3":"0","product_description_old":null,"product_description":"\nMeleg, puha,  f\u00e9rfi,  vicces s\u00f6r sapk\u00e1t k\u00edn\u00e1lok a szezonra.  Passz\u00e9ja  rugalmas, k\u00f6zepesen vastag. J\u00f3pofa \u00e9s praktikus aj\u00e1nd\u00e9k! \nK\u00e9zmeleg v\u00edzben, finoman moshat\u00f3.\nDoh\u00e1nyz\u00e1s \u00e9s \u00e1llatsz\u0151r mentes k\u00f6rnyezetben k\u00e9sz\u00fclt.\nA term\u00e9k Budapesten van, \u00e1tvehet\u0151 Foxpost automat\u00e1b\u00f3l is. \u00c9rdemes rendelni, a k\u00e9szlet fogy\u00f3ban van! Okt\u00f3ber 18-28 csak rendel\u00e9st tudok fogadni, post\u00e1zni nem.\nV\u00e1lassz h\u00f6lgyeknek hasonl\u00f3 aj\u00e1nd\u00e9kot (Kapuccs\u00edn\u00f3 sapka: https:\/\/www.meska.hu\/p4388421-kapuccsino-sapka-ajandek-ferfiaknak-noknek). N\u00e9zz k\u00f6r\u00fcl a poncs\u00f3k k\u00f6z\u00f6tt is. \n\u00d6r\u00fcl\u00f6k, hogy itt j\u00e1rt\u00e1l!!!","price":"6500.00","unit":"db","recommended":"0","status":"1","sponsored":"0","exp_notify":"0","own_material":"0","own_material_description_old":null,"own_material_description":"","jury":"0","jury_number":"","product_nature":"","meskaracsony":"0","create_date":"2026-02-23 15:04:53","shelve_id":"66982","image":"bosziujjak_product_279579_240927095442_72226.jpeg","image_width":"480","image_height":"480","image_alt":" S\u00f6r sapka, aj\u00e1nd\u00e9k f\u00e9rfiaknak, bar\u00e1toknak, koll\u00e9g\u00e1knak!  , \\nMeleg, puha,  f\u00e9rfi,  vicces s\u00f6r sapk\u00e1t k\u00edn\u00e1lok a szezonra.  Passz\u00e9ja  rugalmas, k\u00f6zepesen vastag. ..., Meska","image_title":" S\u00f6r sapka, aj\u00e1nd\u00e9k f\u00e9rfiaknak, bar\u00e1toknak, koll\u00e9g\u00e1knak!  , Meska","view_count":"548","favourite_count":"0","trending_score":"0","last2MonthFavouriteCount":"0","promotion":"0","giftcard_accept":"1","creditcard_accept":true,"enhanced_background":"0","domain":"meska","specific_customer_id":null,"specific_customer_name":null,"to_order_product":"0","to_order_product_time":"0","product_different":null,"product_different_description":"","vintage":"0","vintage_category_id":"0","recycled":"0","gemstone_id":"0","customizable":"1","type_category":"physical","zerowaste":"0","postage_price":"1290.00","shop_order":"8","has_category":"1","landing_pages":null,"microdata":{"number":54,"category":""},"title":" S\u00f6r sapka, aj\u00e1nd\u00e9k f\u00e9rfiaknak, bar\u00e1toknak, koll\u00e9g\u00e1knak!  ","description":"\nMeleg, puha,  f\u00e9rfi,  vicces s\u00f6r sapk\u00e1t k\u00edn\u00e1lok a szezonra.  Passz\u00e9ja  rugalmas, k\u00f6zepesen vastag. J\u00f3pofa \u00e9s praktikus aj\u00e1nd\u00e9k! \nK\u00e9zmeleg v\u00edzben, finoman moshat\u00f3.\nDoh\u00e1nyz\u00e1s \u00e9s \u00e1llatsz\u0151r mentes k\u00f6rnyezetben k\u00e9sz\u00fclt.\nA term\u00e9k Budapesten van, \u00e1tvehet\u0151 Foxpost automat\u00e1b\u00f3l is. \u00c9rdemes rendelni, a k\u00e9szlet fogy\u00f3ban van! Okt\u00f3ber 18-28 csak rendel\u00e9st tudok fogadni, post\u00e1zni nem.\nV\u00e1lassz h\u00f6lgyeknek hasonl\u00f3 aj\u00e1nd\u00e9kot (Kapuccs\u00edn\u00f3 sapka: https:\/\/www.meska.hu\/p4388421-kapuccsino-sapka-ajandek-ferfiaknak-noknek). N\u00e9zz k\u00f6r\u00fcl a poncs\u00f3k k\u00f6z\u00f6tt is. \n\u00d6r\u00fcl\u00f6k, hogy itt j\u00e1rt\u00e1l!!!","score":2.008666,"formatted_price":"6 500 Ft","image_url":"https:\/\/www.meska.hu\/img\/product\/small\/b\/o\/bosziujjak_product_279579_240927095442_72226.jpeg","formatted_url":"https:\/\/www.meska.hu\/p5381224-sor-sapka-ajandek-ferfiaknak-baratoknak-kollegaknak-oktober-fest-osz","favourite":false,"in_stock":true,"avatar":"bosziujjak_avatar_279579_1578954580.jpg","delete_from":0,"is_enhanced_background":false,"is_enhanced":false,"product_selection_started":false,"is_active":true,"image_webp_url":"https:\/\/www.meska.hu\/img\/product\/small\/b\/o\/bosziujjak_product_279579_240927095442_72226.webp"},{"id":"3108961","shop_id":"24457","user_id":"279579","shop_name":"bosziujjak","shop_zip":"1158","product_code":"4321231","product_name_old":null,"product_name":"K\u00e9zmeleg\u00edt\u0151","category_string":"Ruha & Divat, S\u00e1l, Sapka, Kend\u0151, Sapka","technic_string":"Horgol\u00e1s, K\u00f6t\u00e9s","category_1":"806","category_2":"392","category_3":"675","category_4":"0","merged_category_1":null,"merged_category_2":null,"merged_category_3":null,"technic_1":"488","technic_2":"491","technic_3":"0","color_1":"521","color_2":"529","color_3":"0","product_description_old":null,"product_description":"\nEgyedi sz\u00edn\u00f6ssze\u00e1ll\u00edt\u00e1ssal \u00e9s apr\u00f3l\u00e9kos munk\u00e1val k\u00e9sz\u00edtettem ezt a puha, de j\u00f3 tart\u00e1s\u00fa, vid\u00e1m k\u00e9zmeleg\u00edt\u0151t. A csukl\u00f3n\u00e1l kis gombbal z\u00e1r\u00f3dik.\nK\u00e9zmeleg v\u00edzben, finoman moshat\u00f3.\nDoh\u00e1nyz\u00e1s \u00e9s \u00e1llatsz\u0151r mentes k\u00f6rnyezetben k\u00e9sz\u00fclt.\nA term\u00e9k Budapesten van, \u00e1tvehet\u0151 szem\u00e9lyesen t\u00f6bb ponton, vagy Foxpost automat\u00e1b\u00f3l, esetleg postai \u00faton.\nN\u00e9zz k\u00f6r\u00fcl a poncs\u00f3k k\u00f6z\u00f6tt is!\nKSZKD","price":"3400.00","unit":"db","recommended":"0","status":"1","sponsored":"0","exp_notify":"0","own_material":"0","own_material_description_old":null,"own_material_description":"","jury":"0","jury_number":"","product_nature":"","meskaracsony":"0","create_date":"2026-02-23 15:04:40","shelve_id":"63101","image":"bosziujjak_product_279579_241204160950_218395.jpeg","image_width":"480","image_height":"480","image_alt":"K\u00e9zmeleg\u00edt\u0151, \\nEgyedi sz\u00edn\u00f6ssze\u00e1ll\u00edt\u00e1ssal \u00e9s apr\u00f3l\u00e9kos munk\u00e1val k\u00e9sz\u00edtettem ezt a puha, de j\u00f3 tart\u00e1s\u00fa, vid\u00e1m k\u00e9zme..., Meska","image_title":"K\u00e9zmeleg\u00edt\u0151, Meska","view_count":"1276","favourite_count":"0","trending_score":"0","last2MonthFavouriteCount":"0","promotion":"0","giftcard_accept":"1","creditcard_accept":true,"enhanced_background":"0","domain":"meska","specific_customer_id":null,"specific_customer_name":null,"to_order_product":"0","to_order_product_time":"0","product_different":null,"product_different_description":"","vintage":"0","vintage_category_id":"0","recycled":"0","gemstone_id":"0","customizable":"0","type_category":"physical","zerowaste":"0","postage_price":"1290.00","shop_order":"9","has_category":"1","landing_pages":null,"microdata":{"number":55,"category":""},"title":"K\u00e9zmeleg\u00edt\u0151","description":"\nEgyedi sz\u00edn\u00f6ssze\u00e1ll\u00edt\u00e1ssal \u00e9s apr\u00f3l\u00e9kos munk\u00e1val k\u00e9sz\u00edtettem ezt a puha, de j\u00f3 tart\u00e1s\u00fa, vid\u00e1m k\u00e9zmeleg\u00edt\u0151t. A csukl\u00f3n\u00e1l kis gombbal z\u00e1r\u00f3dik.\nK\u00e9zmeleg v\u00edzben, finoman moshat\u00f3.\nDoh\u00e1nyz\u00e1s \u00e9s \u00e1llatsz\u0151r mentes k\u00f6rnyezetben k\u00e9sz\u00fclt.\nA term\u00e9k Budapesten van, \u00e1tvehet\u0151 szem\u00e9lyesen t\u00f6bb ponton, vagy Foxpost automat\u00e1b\u00f3l, esetleg postai \u00faton.\nN\u00e9zz k\u00f6r\u00fcl a poncs\u00f3k k\u00f6z\u00f6tt is!\nKSZKD","score":2.008666,"formatted_price":"3 400 Ft","image_url":"https:\/\/www.meska.hu\/img\/product\/small\/b\/o\/bosziujjak_product_279579_241204160950_218395.jpeg","formatted_url":"https:\/\/www.meska.hu\/p4321231-kek-csiga","favourite":false,"in_stock":true,"avatar":"bosziujjak_avatar_279579_1578954580.jpg","delete_from":0,"is_enhanced_background":false,"is_enhanced":false,"product_selection_started":false,"is_active":true,"image_webp_url":"https:\/\/www.meska.hu\/img\/product\/small\/b\/o\/bosziujjak_product_279579_241204160950_218395.webp"},{"id":"1193394","shop_id":"3185","user_id":"8015","shop_name":"fulopneerzsike","shop_zip":"8181","product_code":"4684995","product_name_old":null,"product_name":"K\u00e1rmen st\u00f3la","category_string":"Ruha & Divat, S\u00e1l, Sapka, Kend\u0151, St\u00f3la","technic_string":"K\u00f6t\u00e9s","category_1":"806","category_2":"392","category_3":"1176","category_4":"0","merged_category_1":null,"merged_category_2":null,"merged_category_3":null,"technic_1":"491","technic_2":"0","technic_3":"0","color_1":"523","color_2":"0","color_3":"0","product_description_old":null,"product_description":"Haapsalu sall - \u00edgy h\u00edvj\u00e1k \u00e9szt nyelven ezt a habk\u00f6nny\u0171 v\u00e1llkend\u0151t. T\u00f6bb mint 100 \u00e9ves hagyom\u00e1nya van Haapsalu v\u00e1ros\u00e1ban a hasonl\u00f3 st\u00f3l\u00e1k k\u00e9zi k\u00f6t\u00e9s\u00e9nek. K\u00fcl\u00f6nlegess\u00e9ge a nagyon v\u00e9kony merino csipkefonal, \u00e9s az ut\u00f3lag k\u00e9sz\u00fcl\u0151, k\u00f6rben r\u00e1varrt csipkeszeg\u00e9ly. \nEz a darabot igazi t\u0171zpiros sz\u00edn\u0171 fonalb\u00f3l k\u00f6t\u00f6ttem, \u00e9s n\u00e9h\u00e1ny napon bel\u00fcl m\u00e1r \u00f6nn\u00e9l lehet.\nRomantikus, sz\u00ednes egy\u00e9nis\u00e9g\u0171 h\u00f6lgyeknek aj\u00e1nlom! :)\n\nM\u00e9rete: 68 cm sz\u00e9les, 180 cm hossz\u00fa, mind\u00f6ssze 10 dkg\n","price":"28000.00","unit":"db","recommended":"0","status":"1","sponsored":"0","exp_notify":"0","own_material":"0","own_material_description_old":null,"own_material_description":"","jury":"0","jury_number":"","product_nature":"","meskaracsony":"0","create_date":"2026-02-03 14:03:09","shelve_id":"0","image":"fulopneerzsike_product_8015_150619204448_24539.jpeg","image_width":"480","image_height":"814","image_alt":"K\u00e1rmen st\u00f3la, Haapsalu sall - \u00edgy h\u00edvj\u00e1k \u00e9szt nyelven ezt a habk\u00f6nny\u0171 v\u00e1llkend\u0151t. T\u00f6bb mint 100 \u00e9ves hagyom\u00e1nya va..., Meska","image_title":"K\u00e1rmen st\u00f3la, Meska","view_count":"1482","favourite_count":"0","trending_score":"0","last2MonthFavouriteCount":"0","promotion":0,"giftcard_accept":"0","creditcard_accept":false,"enhanced_background":"0","domain":"meska","specific_customer_id":null,"specific_customer_name":null,"to_order_product":"0","to_order_product_time":"0","product_different":null,"product_different_description":"","vintage":"1","vintage_category_id":"885","recycled":"0","gemstone_id":"0","customizable":"0","type_category":"physical","zerowaste":"0","postage_price":"2390.00","shop_order":"2","has_category":"1","landing_pages":null,"microdata":{"number":56,"category":""},"title":"K\u00e1rmen st\u00f3la","description":"Haapsalu sall - \u00edgy h\u00edvj\u00e1k \u00e9szt nyelven ezt a habk\u00f6nny\u0171 v\u00e1llkend\u0151t. T\u00f6bb mint 100 \u00e9ves hagyom\u00e1nya van Haapsalu v\u00e1ros\u00e1ban a hasonl\u00f3 st\u00f3l\u00e1k k\u00e9zi k\u00f6t\u00e9s\u00e9nek. K\u00fcl\u00f6nlegess\u00e9ge a nagyon v\u00e9kony merino csipkefonal, \u00e9s az ut\u00f3lag k\u00e9sz\u00fcl\u0151, k\u00f6rben r\u00e1varrt csipkeszeg\u00e9ly. \nEz a darabot igazi t\u0171zpiros sz\u00edn\u0171 fonalb\u00f3l k\u00f6t\u00f6ttem, \u00e9s n\u00e9h\u00e1ny napon bel\u00fcl m\u00e1r \u00f6nn\u00e9l lehet.\nRomantikus, sz\u00ednes egy\u00e9nis\u00e9g\u0171 h\u00f6lgyeknek aj\u00e1nlom! :)\n\nM\u00e9rete: 68 cm sz\u00e9les, 180 cm hossz\u00fa, mind\u00f6ssze 10 dkg\n","score":2.008666,"formatted_price":"28 000 Ft","image_url":"https:\/\/www.meska.hu\/img\/product\/small\/f\/u\/fulopneerzsike_product_8015_150619204448_24539.jpeg","formatted_url":"https:\/\/www.meska.hu\/p4684995-karmen-stola","favourite":false,"in_stock":true,"avatar":"fulopneerzsike_avatar_8015_1631121358.jpg","delete_from":0,"is_enhanced_background":false,"is_enhanced":false,"product_selection_started":false,"is_active":true,"image_webp_url":"https:\/\/www.meska.hu\/img\/product\/small\/f\/u\/fulopneerzsike_product_8015_150619204448_24539.webp"},{"id":"3006812","shop_id":"18619","user_id":"169706","shop_name":"Nancy16","shop_zip":"2440","product_code":"4664335","product_name_old":null,"product_name":"f\u00fcrd\u00f6z\u0151 gyerekek ","category_string":"M\u0171v\u00e9szet, Festm\u00e9ny, Akril","technic_string":"Fest\u00e9szet","category_1":"357","category_2":"358","category_3":"359","category_4":"0","merged_category_1":null,"merged_category_2":null,"merged_category_3":null,"technic_1":"480","technic_2":"0","technic_3":"0","color_1":"519","color_2":"521","color_3":"0","product_description_old":null,"product_description":"kedves aj\u00e1nd\u00e9k lehet e hangulatos tengerparti k\u00e9p ","price":"14500.00","unit":"db","recommended":"0","status":"1","sponsored":"0","exp_notify":"0","own_material":"0","own_material_description_old":null,"own_material_description":"","jury":"0","jury_number":"","product_nature":"","meskaracsony":"0","create_date":"2026-02-16 12:53:19","shelve_id":"0","image":"nancy16_product_169706_210702145219_729152.jpeg","image_width":"480","image_height":"360","image_alt":"f\u00fcrd\u00f6z\u0151 gyerekek , kedves aj\u00e1nd\u00e9k lehet e hangulatos tengerparti k\u00e9p , Meska","image_title":"f\u00fcrd\u00f6z\u0151 gyerekek , Meska","view_count":"1356","favourite_count":"0","trending_score":"0","last2MonthFavouriteCount":"0","promotion":0,"giftcard_accept":"1","creditcard_accept":false,"enhanced_background":"0","domain":"meska","specific_customer_id":null,"specific_customer_name":null,"to_order_product":"0","to_order_product_time":"0","product_different":null,"product_different_description":"","vintage":"0","vintage_category_id":"0","recycled":"0","gemstone_id":"0","customizable":"0","type_category":"physical","zerowaste":"0","postage_price":"2390.00","shop_order":"0","has_category":"1","landing_pages":null,"microdata":{"number":57,"category":""},"title":"f\u00fcrd\u00f6z\u0151 gyerekek ","description":"kedves aj\u00e1nd\u00e9k lehet e hangulatos tengerparti k\u00e9p ","score":2.008666,"formatted_price":"14 500 Ft","image_url":"https:\/\/www.meska.hu\/img\/product\/small\/n\/a\/nancy16_product_169706_210702145219_729152.jpeg","formatted_url":"https:\/\/www.meska.hu\/p4664335-furdozo-gyerekek","favourite":false,"in_stock":true,"avatar":"Nancy16_avatar_169706.JPG","delete_from":0,"is_enhanced_background":false,"is_enhanced":false,"product_selection_started":false,"is_active":true,"image_webp_url":"https:\/\/www.meska.hu\/img\/product\/small\/n\/a\/nancy16_product_169706_210702145219_729152.webp"},{"id":"2405040","shop_id":"4454","user_id":"16374","shop_name":"SonagiD","shop_zip":"3300","product_code":"4648719","product_name_old":null,"product_name":"\u00dcVEG MED\u00c1L, KEREK","category_string":"\u00c9kszer, Nyakl\u00e1nc, Med\u00e1los nyakl\u00e1nc","technic_string":"\u00c9kszerk\u00e9sz\u00edt\u00e9s, \u00dcvegm\u0171v\u00e9szet","category_1":"327","category_2":"337","category_3":"1260","category_4":"0","merged_category_1":null,"merged_category_2":null,"merged_category_3":null,"technic_1":"477","technic_2":"505","technic_3":"0","color_1":"521","color_2":"523","color_3":"529","product_description_old":null,"product_description":"KEREK \u00dcVEGMED\u00c1L, cs\u00edkozott-foltos mint\u00e1zat\u00fa, fusing technik\u00e1val k\u00e9sz\u00fclt egyedi  \u00fcveg\u00e9kszer, 70 cm-es, fekete zsin\u00f3ron, \u00e1ll\u00edthat\u00f3 hossz\u00fas\u00e1ggal, kapocs n\u00e9lk\u00fcli, \"beleb\u00faj\u00f3s\" megold\u00e1ssal.\nT\u00f6bb sz\u00ednb\u0151l v\u00e1laszthat\u00f3.","price":"2800.00","unit":"db","recommended":"0","status":"1","sponsored":"0","exp_notify":"0","own_material":"0","own_material_description_old":null,"own_material_description":"","jury":"0","jury_number":"","product_nature":"","meskaracsony":"0","create_date":"2026-02-14 17:14:58","shelve_id":"11248","image":"sonagid_product_16374_250111183230_493553.jpeg","image_width":"480","image_height":"509","image_alt":"\u00dcVEG MED\u00c1L, KEREK, KEREK \u00dcVEGMED\u00c1L, cs\u00edkozott-foltos mint\u00e1zat\u00fa, fusing technik\u00e1val k\u00e9sz\u00fclt egyedi  \u00fcveg\u00e9kszer, 70 cm-es..., Meska","image_title":"\u00dcVEG MED\u00c1L, KEREK, Meska","view_count":"1360","favourite_count":"0","trending_score":"0","last2MonthFavouriteCount":"0","promotion":0,"giftcard_accept":"0","creditcard_accept":false,"enhanced_background":"0","domain":"meska","specific_customer_id":null,"specific_customer_name":null,"to_order_product":"0","to_order_product_time":"0","product_different":null,"product_different_description":"","vintage":"0","vintage_category_id":"0","recycled":"0","gemstone_id":"0","customizable":"0","type_category":"physical","zerowaste":"0","postage_price":"1290.00","shop_order":"8","has_category":"1","landing_pages":null,"microdata":{"number":58,"category":""},"title":"\u00dcVEG MED\u00c1L, KEREK","description":"KEREK \u00dcVEGMED\u00c1L, cs\u00edkozott-foltos mint\u00e1zat\u00fa, fusing technik\u00e1val k\u00e9sz\u00fclt egyedi  \u00fcveg\u00e9kszer, 70 cm-es, fekete zsin\u00f3ron, \u00e1ll\u00edthat\u00f3 hossz\u00fas\u00e1ggal, kapocs n\u00e9lk\u00fcli, \"beleb\u00faj\u00f3s\" megold\u00e1ssal.\nT\u00f6bb sz\u00ednb\u0151l v\u00e1laszthat\u00f3.","score":2.008666,"formatted_price":"2 800 Ft","image_url":"https:\/\/www.meska.hu\/img\/product\/small\/s\/o\/sonagid_product_16374_250111183230_493553.jpeg","formatted_url":"https:\/\/www.meska.hu\/p4648719-uveg-medal-kerek","favourite":false,"in_stock":true,"avatar":"SonagiD_avatar_16374_1584714693.jpg","delete_from":0,"is_enhanced_background":false,"is_enhanced":false,"product_selection_started":false,"is_active":true,"image_webp_url":"https:\/\/www.meska.hu\/img\/product\/small\/s\/o\/sonagid_product_16374_250111183230_493553.webp"},{"id":"2378624","shop_id":"26614","user_id":"322886","shop_name":"holdfeny3","shop_zip":"9028","product_code":"4683481","product_name_old":null,"product_name":"Blue earth f\u00fclbeval\u00f3","category_string":"\u00c9kszer, F\u00fclbeval\u00f3, L\u00f3g\u00f3 f\u00fclbeval\u00f3","technic_string":"\u00c9kszerk\u00e9sz\u00edt\u00e9s, Gy\u00f6ngyf\u0171z\u00e9s, gy\u00f6ngyh\u00edmz\u00e9s","category_1":"327","category_2":"331","category_3":"1219","category_4":"0","merged_category_1":null,"merged_category_2":null,"merged_category_3":null,"technic_1":"477","technic_2":"485","technic_3":"0","color_1":"517","color_2":"520","color_3":"521","product_description_old":null,"product_description":"Bronzos hat\u00e1s\u00fa, mutat\u00f3s k\u00f6nny\u0171 f\u00fclbeval\u00f3. \n\u00c9rdekes mint\u00e1j\u00fa, arany porszemcs\u00e9s,  k\u00e9k \u00e9s fekete 8 mm-es \u00fcveggy\u00f6ngy \u00e9s egy k\u00e9k sz\u00edn\u0171 6 mm-es reped\u00e9ses ach\u00e1t d\u00edsz\u00edti. \nBronz k\u00f6ztesek \u00e9s vir\u00e1gocska v\u00e1lasztja el.\nBronz sz\u00edn\u0171 f\u00fclbeval\u00f3 alapra ker\u00fclt.\n\nHossza 4,5 cm. ","price":"1650.00","unit":"p\u00e1r","recommended":"0","status":"1","sponsored":"0","exp_notify":"0","own_material":"0","own_material_description_old":null,"own_material_description":"","jury":"0","jury_number":"","product_nature":"","meskaracsony":"0","create_date":"2026-02-11 19:07:44","shelve_id":"58231","image":"holdfeny3_product_322886_200229135840_799276.jpeg","image_width":"480","image_height":"425","image_alt":"Blue earth f\u00fclbeval\u00f3, Bronzos hat\u00e1s\u00fa, mutat\u00f3s k\u00f6nny\u0171 f\u00fclbeval\u00f3. \\n\u00c9rdekes mint\u00e1j\u00fa, arany porszemcs\u00e9s,  k\u00e9k \u00e9s fekete 8 mm-e..., Meska","image_title":"Blue earth f\u00fclbeval\u00f3, Meska","view_count":"1249","favourite_count":"0","trending_score":"0","last2MonthFavouriteCount":"0","promotion":0,"giftcard_accept":"1","creditcard_accept":false,"enhanced_background":"0","domain":"meska","specific_customer_id":null,"specific_customer_name":null,"to_order_product":"0","to_order_product_time":"0","product_different":null,"product_different_description":"","vintage":"0","vintage_category_id":"0","recycled":"0","gemstone_id":"0","customizable":"0","type_category":"physical","zerowaste":"0","postage_price":"2390.00","shop_order":"32","has_category":"1","landing_pages":null,"microdata":{"number":59,"category":""},"title":"Blue earth f\u00fclbeval\u00f3","description":"Bronzos hat\u00e1s\u00fa, mutat\u00f3s k\u00f6nny\u0171 f\u00fclbeval\u00f3. \n\u00c9rdekes mint\u00e1j\u00fa, arany porszemcs\u00e9s,  k\u00e9k \u00e9s fekete 8 mm-es \u00fcveggy\u00f6ngy \u00e9s egy k\u00e9k sz\u00edn\u0171 6 mm-es reped\u00e9ses ach\u00e1t d\u00edsz\u00edti. \nBronz k\u00f6ztesek \u00e9s vir\u00e1gocska v\u00e1lasztja el.\nBronz sz\u00edn\u0171 f\u00fclbeval\u00f3 alapra ker\u00fclt.\n\nHossza 4,5 cm. ","score":2.008666,"formatted_price":"1 650 Ft","image_url":"https:\/\/www.meska.hu\/img\/product\/small\/h\/o\/holdfeny3_product_322886_200229135840_799276.jpeg","formatted_url":"https:\/\/www.meska.hu\/p4683481-blue-earth-fulbevalo","favourite":false,"in_stock":true,"avatar":"322886_avatar_1697972367.jpeg","delete_from":0,"is_enhanced_background":false,"is_enhanced":false,"product_selection_started":false,"is_active":true,"image_webp_url":"https:\/\/www.meska.hu\/img\/product\/small\/h\/o\/holdfeny3_product_322886_200229135840_799276.webp"},{"id":"3006627","shop_id":"24098","user_id":"273535","shop_name":"romandoramaria","shop_zip":"2022","product_code":"4629326","product_name_old":null,"product_name":"V\u00e1c, K\u00e1lv\u00e1riadomb, Dunakanyar, Akvarell festm\u00e9ny ","category_string":"M\u0171v\u00e9szet, Festm\u00e9ny, Akvarell","technic_string":"Fest\u00e9szet, Fot\u00f3, grafika, rajz, illusztr\u00e1ci\u00f3","category_1":"357","category_2":"358","category_3":"360","category_4":"0","merged_category_1":null,"merged_category_2":null,"merged_category_3":null,"technic_1":"480","technic_2":"483","technic_3":"0","color_1":"519","color_2":"520","color_3":"521","product_description_old":null,"product_description":"Eredeti A\/4-es akvarell festm\u00e9nyem, V\u00e1ci K\u00e1lv\u00e1riadombot \u00e1br\u00e1zolja. Kiv\u00e1l\u00f3 min\u0151s\u00e9g\u0171 canson akvarell pap\u00edron.\n\nSZERZ\u0150I JOG:\n- Minden jog fenntartva\nFelh\u00edvom figyelm\u00e9t, hogy a szerz\u0151i jog minden term\u00e9kre megmarad, kiz\u00e1r\u00f3lagosan csakis a m\u0171v\u00e9sz\u00e9, \u00e9s nem ker\u00fcl \u00e1t a v\u00e1s\u00e1rl\u00f3ra.\nA k\u00e9peimet, festm\u00e9nyeimet, illusztr\u00e1ci\u00f3imat szerz\u0151i jog v\u00e9di!\nSemmilyen form\u00e1ban nem sokszoros\u00edthat\u00f3, m\u00e1solhat\u00f3, oszthat\u00f3, gy\u00e1rthat\u00f3.\nA term\u00e9kek csakis szem\u00e9lyes haszn\u00e1latra vehet\u0151k egy\u00e9b felhazsn\u00e1l\u00e1sra csak a m\u0171v\u00e9sz beleegyez\u00e9s\u00e9vel ker\u00fclhet sor.\nKereskedelemben nem \u00e9rt\u00e9kes\u00edthet\u0151 az alkot\u00f3 Enged\u00e9lye n\u00e9lk\u00fcl.\nCOPYRIGHT\n- All rights reserved\nk\u00e9rd\u00e9sem van a term\u00e9kkel kapcsolatban","price":"7900.00","unit":"db","recommended":"0","status":"1","sponsored":"0","exp_notify":"0","own_material":"0","own_material_description_old":null,"own_material_description":"","jury":"0","jury_number":"","product_nature":"","meskaracsony":"0","create_date":"2026-01-18 21:44:46","shelve_id":"54107","image":"romandoramaria_product_273535_210107125033_218717.jpeg","image_width":"480","image_height":"335","image_alt":"V\u00e1c, K\u00e1lv\u00e1riadomb, Dunakanyar, Akvarell festm\u00e9ny , Eredeti A\/4-es akvarell festm\u00e9nyem, V\u00e1ci K\u00e1lv\u00e1riadombot \u00e1br\u00e1zolja. Kiv\u00e1l\u00f3 min\u0151s\u00e9g\u0171 canson akvarell p..., Meska","image_title":"V\u00e1c, K\u00e1lv\u00e1riadomb, Dunakanyar, Akvarell festm\u00e9ny , Meska","view_count":"1259","favourite_count":"0","trending_score":"0","last2MonthFavouriteCount":"0","promotion":0,"giftcard_accept":"1","creditcard_accept":false,"enhanced_background":"0","domain":"meska","specific_customer_id":null,"specific_customer_name":null,"to_order_product":"0","to_order_product_time":"0","product_different":null,"product_different_description":"","vintage":"0","vintage_category_id":"0","recycled":"0","gemstone_id":"0","customizable":"0","type_category":"physical","zerowaste":"0","postage_price":"2390.00","shop_order":"0","has_category":"1","landing_pages":null,"microdata":{"number":60,"category":""},"title":"V\u00e1c, K\u00e1lv\u00e1riadomb, Dunakanyar, Akvarell festm\u00e9ny ","description":"Eredeti A\/4-es akvarell festm\u00e9nyem, V\u00e1ci K\u00e1lv\u00e1riadombot \u00e1br\u00e1zolja. Kiv\u00e1l\u00f3 min\u0151s\u00e9g\u0171 canson akvarell pap\u00edron.\n\nSZERZ\u0150I JOG:\n- Minden jog fenntartva\nFelh\u00edvom figyelm\u00e9t, hogy a szerz\u0151i jog minden term\u00e9kre megmarad, kiz\u00e1r\u00f3lagosan csakis a m\u0171v\u00e9sz\u00e9, \u00e9s nem ker\u00fcl \u00e1t a v\u00e1s\u00e1rl\u00f3ra.\nA k\u00e9peimet, festm\u00e9nyeimet, illusztr\u00e1ci\u00f3imat szerz\u0151i jog v\u00e9di!\nSemmilyen form\u00e1ban nem sokszoros\u00edthat\u00f3, m\u00e1solhat\u00f3, oszthat\u00f3, gy\u00e1rthat\u00f3.\nA term\u00e9kek csakis szem\u00e9lyes haszn\u00e1latra vehet\u0151k egy\u00e9b felhazsn\u00e1l\u00e1sra csak a m\u0171v\u00e9sz beleegyez\u00e9s\u00e9vel ker\u00fclhet sor.\nKereskedelemben nem \u00e9rt\u00e9kes\u00edthet\u0151 az alkot\u00f3 Enged\u00e9lye n\u00e9lk\u00fcl.\nCOPYRIGHT\n- All rights reserved\nk\u00e9rd\u00e9sem van a term\u00e9kkel kapcsolatban","score":2.008666,"formatted_price":"7 900 Ft","image_url":"https:\/\/www.meska.hu\/img\/product\/small\/r\/o\/romandoramaria_product_273535_210107125033_218717.jpeg","formatted_url":"https:\/\/www.meska.hu\/p4629326-vac-kalvariadomb-dunakanyar-akvarell-festmeny","favourite":false,"in_stock":true,"avatar":"romandoramaria_avatar_273535_1537808140.jpg","delete_from":0,"is_enhanced_background":false,"is_enhanced":false,"product_selection_started":false,"is_active":true,"image_webp_url":"https:\/\/www.meska.hu\/img\/product\/small\/r\/o\/romandoramaria_product_273535_210107125033_218717.webp"},{"id":"2898997","shop_id":"26614","user_id":"322886","shop_name":"holdfeny3","shop_zip":"9028","product_code":"4693393","product_name_old":null,"product_name":"Fr\u00e9zia f\u00fclbeval\u00f3, gy\u00f6ngy, gy\u00f6ngy\u00e9kszer, gy\u00f6ngy f\u00fclbeval\u00f3","category_string":"\u00c9kszer, F\u00fclbeval\u00f3, L\u00f3g\u00f3 f\u00fclbeval\u00f3","technic_string":"Gy\u00f6ngyf\u0171z\u00e9s, gy\u00f6ngyh\u00edmz\u00e9s, \u00c9kszerk\u00e9sz\u00edt\u00e9s","category_1":"327","category_2":"331","category_3":"1219","category_4":"0","merged_category_1":null,"merged_category_2":null,"merged_category_3":null,"technic_1":"485","technic_2":"477","technic_3":"0","color_1":"517","color_2":"568","color_3":"526","product_description_old":null,"product_description":"Vir\u00e1g fuvallat!  :)\nKedves aj\u00e1nd\u00e9k lehet N\u0151napra, Any\u00e1k napj\u00e1ra, H\u00fasv\u00e9tra, b\u00e1rmilyen alkalomra aj\u00e1nd\u00e9kba.\n\nFr\u00e9zi\u00e1ra eml\u00e9keztet\u0151 cs\u00f6ppnyi darab. Akril vir\u00e1g gy\u00f6ngy\u00f6t, bicone gy\u00f6ngy\u00f6ket \u00e9s bronzos sz\u00edn\u0171 gy\u00f6ngykupakot, f\u00fclbeval\u00f3 akaszt\u00f3t haszn\u00e1ltam elk\u00e9sz\u00edt\u00e9s\u00e9hez.\n\nHossza 2,5 cm, legnagyobb sz\u00e9less\u00e9ge 1,3 cm.","price":"1850.00","unit":"p\u00e1r","recommended":"0","status":"1","sponsored":"0","exp_notify":"0","own_material":"0","own_material_description_old":null,"own_material_description":"","jury":"0","jury_number":"","product_nature":"","meskaracsony":"0","create_date":"2026-02-22 14:37:36","shelve_id":"58231","image":"holdfeny3_product_322886_210315172128_748660.jpeg","image_width":"480","image_height":"503","image_alt":"Fr\u00e9zia f\u00fclbeval\u00f3, gy\u00f6ngy, gy\u00f6ngy\u00e9kszer, gy\u00f6ngy f\u00fclbeval\u00f3, Vir\u00e1g fuvallat!  :)\\nKedves aj\u00e1nd\u00e9k lehet N\u0151napra, Any\u00e1k napj\u00e1ra, H\u00fasv\u00e9tra, b\u00e1rmilyen alkalomra aj\u00e1nd..., Meska","image_title":"Fr\u00e9zia f\u00fclbeval\u00f3, gy\u00f6ngy, gy\u00f6ngy\u00e9kszer, gy\u00f6ngy f\u00fclbeval\u00f3, Meska","view_count":"834","favourite_count":"0","trending_score":"0","last2MonthFavouriteCount":"0","promotion":0,"giftcard_accept":"1","creditcard_accept":false,"enhanced_background":"0","domain":"meska","specific_customer_id":null,"specific_customer_name":null,"to_order_product":"0","to_order_product_time":"0","product_different":null,"product_different_description":"","vintage":"0","vintage_category_id":"0","recycled":"0","gemstone_id":"0","customizable":"0","type_category":"physical","zerowaste":"0","postage_price":"2390.00","shop_order":"12","has_category":"1","landing_pages":null,"microdata":{"number":61,"category":""},"title":"Fr\u00e9zia f\u00fclbeval\u00f3, gy\u00f6ngy, gy\u00f6ngy\u00e9kszer, gy\u00f6ngy f\u00fclbeval\u00f3","description":"Vir\u00e1g fuvallat!  :)\nKedves aj\u00e1nd\u00e9k lehet N\u0151napra, Any\u00e1k napj\u00e1ra, H\u00fasv\u00e9tra, b\u00e1rmilyen alkalomra aj\u00e1nd\u00e9kba.\n\nFr\u00e9zi\u00e1ra eml\u00e9keztet\u0151 cs\u00f6ppnyi darab. Akril vir\u00e1g gy\u00f6ngy\u00f6t, bicone gy\u00f6ngy\u00f6ket \u00e9s bronzos sz\u00edn\u0171 gy\u00f6ngykupakot, f\u00fclbeval\u00f3 akaszt\u00f3t haszn\u00e1ltam elk\u00e9sz\u00edt\u00e9s\u00e9hez.\n\nHossza 2,5 cm, legnagyobb sz\u00e9less\u00e9ge 1,3 cm.","score":2.008666,"formatted_price":"1 850 Ft","image_url":"https:\/\/www.meska.hu\/img\/product\/small\/h\/o\/holdfeny3_product_322886_210315172128_748660.jpeg","formatted_url":"https:\/\/www.meska.hu\/p4693393-frezia-fulbevalo-gyongy-gyongyekszer-gyongy-fulbevalo","favourite":false,"in_stock":true,"avatar":"322886_avatar_1697972367.jpeg","delete_from":0,"is_enhanced_background":false,"is_enhanced":false,"product_selection_started":false,"is_active":true,"image_webp_url":"https:\/\/www.meska.hu\/img\/product\/small\/h\/o\/holdfeny3_product_322886_210315172128_748660.webp"},{"id":"3395794","shop_id":"24098","user_id":"273535","shop_name":"romandoramaria","shop_zip":"2022","product_code":"4370905","product_name_old":null,"product_name":"\"T\u00e1ltos\" akvarell festm\u00e9ny, lovak, l\u00f3,","category_string":"M\u0171v\u00e9szet, Festm\u00e9ny, Akvarell","technic_string":"Fest\u00e9szet, Gyertya-, m\u00e9csesk\u00e9sz\u00edt\u00e9s","category_1":"357","category_2":"358","category_3":"360","category_4":"0","merged_category_1":null,"merged_category_2":null,"merged_category_3":null,"technic_1":"480","technic_2":"484","technic_3":"0","color_1":"521","color_2":"523","color_3":"526","product_description_old":null,"product_description":"\"T\u00e1ltos\" Az eredeti akvarell festm\u00e9nyemr\u0151l k\u00e9sz\u00fclt  A\/4-es m\u00e9ret\u0171 m\u0171v\u00e9szi nyomat. Magas min\u0151s\u00e9g\u0171 canson struktur\u00e1lt, savmentes akvarellpap\u00edrra.\nMinden festm\u00e9ny szign\u00f3zva, \u00e9vsz\u00e1mmal ell\u00e1tva, kartonnal meger\u0151s\u00edtve, celof\u00e1ntasakban \u00e9s b\u00e9lelt bor\u00edt\u00e9kban k\u00fcld\u00f6k.\n\nA keretek \u00e9s egy\u00e9b d\u00edszletek, kieg\u00e9sz\u00edt\u0151k csak illusztrat\u00edv jelleget k\u00e9peznek!\nB\u00e1rmilyen szabv\u00e1ny A\/4-es keretben j\u00f3l mutat.\nSZERZ\u0150I JOG:\n- Minden jog fenntartva\nFelh\u00edvom figyelm\u00e9t, hogy a szerz\u0151i jog minden term\u00e9kre megmarad, kiz\u00e1r\u00f3lagosan csakis a m\u0171v\u00e9sz\u00e9, \u00e9s nem ker\u00fcl \u00e1t a v\u00e1s\u00e1rl\u00f3ra.\nA k\u00e9peimet, festm\u00e9nyeimet, illusztr\u00e1ci\u00f3imat szerz\u0151i jog v\u00e9di!\nSemmilyen form\u00e1ban nem sokszoros\u00edthat\u00f3, m\u00e1solhat\u00f3, oszthat\u00f3, gy\u00e1rthat\u00f3. \nA term\u00e9kek csakis szem\u00e9lyes haszn\u00e1latra vehet\u0151k egy\u00e9b felhazsn\u00e1l\u00e1sra csak a m\u0171v\u00e9sz beleegyez\u00e9s\u00e9vel ker\u00fclhet sor.\nKereskedelemben nem \u00e9rt\u00e9kes\u00edthet\u0151 az alkot\u00f3 Enged\u00e9lye n\u00e9lk\u00fcl. \nCOPYRIGHT\n- All rights reserved\n k\u00e9rd\u00e9sem van a term\u00e9kkel kapcsolatban\n\n","price":"4000.00","unit":"db","recommended":"0","status":"1","sponsored":"0","exp_notify":"0","own_material":"0","own_material_description_old":null,"own_material_description":"","jury":"0","jury_number":"","product_nature":"","meskaracsony":"0","create_date":"2026-01-18 21:38:11","shelve_id":"54107","image":"romandoramaria_product_273535_210128092319_016287.jpeg","image_width":"480","image_height":"320","image_alt":"\\\"T\u00e1ltos\\\" akvarell festm\u00e9ny, lovak, l\u00f3,, \\\"T\u00e1ltos\\\" Az eredeti akvarell festm\u00e9nyemr\u0151l k\u00e9sz\u00fclt  A\/4-es m\u00e9ret\u0171 m\u0171v\u00e9szi nyomat. Magas min\u0151s\u00e9g\u0171 can..., Meska","image_title":"\\\"T\u00e1ltos\\\" akvarell festm\u00e9ny, lovak, l\u00f3,, Meska","view_count":"1096","favourite_count":"0","trending_score":"0","last2MonthFavouriteCount":"0","promotion":0,"giftcard_accept":"1","creditcard_accept":false,"enhanced_background":"0","domain":"meska","specific_customer_id":null,"specific_customer_name":null,"to_order_product":"0","to_order_product_time":"0","product_different":null,"product_different_description":"","vintage":"0","vintage_category_id":"0","recycled":"0","gemstone_id":"0","customizable":"0","type_category":"physical","zerowaste":"0","postage_price":"2390.00","shop_order":"0","has_category":"1","landing_pages":null,"microdata":{"number":62,"category":""},"title":"\"T\u00e1ltos\" akvarell festm\u00e9ny, lovak, l\u00f3,","description":"\"T\u00e1ltos\" Az eredeti akvarell festm\u00e9nyemr\u0151l k\u00e9sz\u00fclt  A\/4-es m\u00e9ret\u0171 m\u0171v\u00e9szi nyomat. Magas min\u0151s\u00e9g\u0171 canson struktur\u00e1lt, savmentes akvarellpap\u00edrra.\nMinden festm\u00e9ny szign\u00f3zva, \u00e9vsz\u00e1mmal ell\u00e1tva, kartonnal meger\u0151s\u00edtve, celof\u00e1ntasakban \u00e9s b\u00e9lelt bor\u00edt\u00e9kban k\u00fcld\u00f6k.\n\nA keretek \u00e9s egy\u00e9b d\u00edszletek, kieg\u00e9sz\u00edt\u0151k csak illusztrat\u00edv jelleget k\u00e9peznek!\nB\u00e1rmilyen szabv\u00e1ny A\/4-es keretben j\u00f3l mutat.\nSZERZ\u0150I JOG:\n- Minden jog fenntartva\nFelh\u00edvom figyelm\u00e9t, hogy a szerz\u0151i jog minden term\u00e9kre megmarad, kiz\u00e1r\u00f3lagosan csakis a m\u0171v\u00e9sz\u00e9, \u00e9s nem ker\u00fcl \u00e1t a v\u00e1s\u00e1rl\u00f3ra.\nA k\u00e9peimet, festm\u00e9nyeimet, illusztr\u00e1ci\u00f3imat szerz\u0151i jog v\u00e9di!\nSemmilyen form\u00e1ban nem sokszoros\u00edthat\u00f3, m\u00e1solhat\u00f3, oszthat\u00f3, gy\u00e1rthat\u00f3. \nA term\u00e9kek csakis szem\u00e9lyes haszn\u00e1latra vehet\u0151k egy\u00e9b felhazsn\u00e1l\u00e1sra csak a m\u0171v\u00e9sz beleegyez\u00e9s\u00e9vel ker\u00fclhet sor.\nKereskedelemben nem \u00e9rt\u00e9kes\u00edthet\u0151 az alkot\u00f3 Enged\u00e9lye n\u00e9lk\u00fcl. \nCOPYRIGHT\n- All rights reserved\n k\u00e9rd\u00e9sem van a term\u00e9kkel kapcsolatban\n\n","score":2.008666,"formatted_price":"4 000 Ft","image_url":"https:\/\/www.meska.hu\/img\/product\/small\/r\/o\/romandoramaria_product_273535_210128092319_016287.jpeg","formatted_url":"https:\/\/www.meska.hu\/p4370905-taltos-akvarell-festmeny-lovak-lo","favourite":false,"in_stock":true,"avatar":"romandoramaria_avatar_273535_1537808140.jpg","delete_from":0,"is_enhanced_background":false,"is_enhanced":false,"product_selection_started":false,"is_active":true,"image_webp_url":"https:\/\/www.meska.hu\/img\/product\/small\/r\/o\/romandoramaria_product_273535_210128092319_016287.webp"},{"id":"3444163","shop_id":"23695","user_id":"266663","shop_name":"spezso","shop_zip":"2143","product_code":"3780295","product_name_old":null,"product_name":"Pipacs \u00fcvegre festett k\u00e9pek. - Vir\u00e1g, ami soha nem hervad el. - Dekor\u00e1ci\u00f3s \u00fcvegfestm\u00e9ny.T\u00f6bb v\u00e1ltozat.","category_string":"M\u0171v\u00e9szet, Festm\u00e9ny, Festm\u00e9ny vegyes technika","technic_string":"\u00dcvegm\u0171v\u00e9szet, Fest\u00e9szet","category_1":"357","category_2":"358","category_3":"363","category_4":"0","merged_category_1":"0","merged_category_2":"0","merged_category_3":"785","technic_1":"505","technic_2":"480","technic_3":"0","color_1":"517","color_2":"520","color_3":"523","product_description_old":null,"product_description":"Kedves V\u00e1s\u00e1rl\u00f3!   K\u00f6sz\u00f6n\u00f6m, hogy ben\u00e9zett a virtu\u00e1lis boltomba !!!\nEzeket a pipacsos k\u00e9pek - olyan vir\u00e1gok, - ami garant\u00e1ltan soha nem hervadnak el. Ez\u00e9rt is egy\nt\u00f6k\u00e9letes aj\u00e1nd\u00e9k, - ak\u00e1r vir\u00e1g helyett is: - n\u00e9vnapra, sz\u00fclinapra, any\u00e1k napj\u00e1ra, n\u0151napra, Valentin napra stb.\nSpeci\u00e1lis \u00fcvegfest\u00e9si technik\u00e1val festettem, melyeket sz\u00e9pen csillog\u00f3 fel\u00fcletek \u00e9s \u00e9l\u00e9nk sz\u00ednek jellemeznek. Az \u00fcvegfestm\u00e9ny igazi kuri\u00f3zum technika k\u00fcl\u00f6nleges \u00e9s igen dekorat\u00edv.\nA k\u00e9pek teljes m\u00e9rete kerett\u0151l f\u00fcgg\u0151,  Kb. 25-sz\u00f6r 34cm, - az \u00e1r a keret \u00e1r\u00e1t is tartalmazza.\n Minden egyes k\u00e9pemet k\u00e9zzel festem egyedi, \u00e9s szign\u00f3zott. K\u00e9szleten l\u00e9v\u0151 term\u00e9kek.\nAz \u00fcvegfestm\u00e9ny egy kit\u0171n\u0151 aj\u00e1nd\u00e9k, ha valami igaz\u00e1n k\u00fcl\u00f6nlegeset, -egyedit \u00e9s - maradand\u00f3t szeretne aj\u00e1nd\u00e9kozni szeretteinek bar\u00e1tainak, ismer\u0151seinek vagy csak \u00fagy \u00f6nmag\u00e1nak. \nT\u00f6r\u00e9keny term\u00e9k!-  Ha post\u00e1zni kell, akkor t\u00f6r\u00e9sbiztos csomagol\u00e1sban, t\u00f6r\u00e9keny \u00e1ru jelz\u00e9ssel, \u00e9rt\u00e9kbiztos\u00edtva k\u00fcld\u00f6m a Magyar Post\u00e1val.\nSzem\u00e9lyesen is \u00e1tvehet\u0151 Kistarcs\u00e1n, - vagy Budapest \u00d6rs vez\u00e9r tere.\nK\u00f6sz\u00f6n\u00f6m, hogy ben\u00e9zett hozz\u00e1m. Ha ideje engedi n\u00e9zze meg a t\u00f6bbi term\u00e9kemet is !!!\nRem\u00e9lem, hogy k\u00e9peim valamelyike elnyeri a tetsz\u00e9s\u00e9t \u00e9s megleli \u00e1lmai aj\u00e1nd\u00e9k\u00e1t !!!\nJ\u00f3 v\u00e1logat\u00e1st! \n\u00dcdv. Spezso","price":"12880.00","unit":"db","recommended":"0","status":"1","sponsored":"0","exp_notify":"0","own_material":"0","own_material_description_old":null,"own_material_description":"","jury":"0","jury_number":"","product_nature":"","meskaracsony":"0","create_date":"2026-02-09 06:10:57","shelve_id":"65227","image":"spezso_product_266663_220608122019_518263.jpeg","image_width":"480","image_height":"649","image_alt":"Pipacs \u00fcvegre festett k\u00e9pek. - Vir\u00e1g, ami soha nem hervad el. - Dekor\u00e1ci\u00f3s \u00fcvegfestm\u00e9ny.T\u00f6bb v\u00e1ltozat., Kedves V\u00e1s\u00e1rl\u00f3!   K\u00f6sz\u00f6n\u00f6m, hogy ben\u00e9zett a virtu\u00e1lis boltomba !!!\\nEzeket a pipacsos k\u00e9pek - olyan v..., Meska","image_title":"Pipacs \u00fcvegre festett k\u00e9pek. - Vir\u00e1g, ami soha nem hervad el. - Dekor\u00e1ci\u00f3s \u00fcvegfestm\u00e9ny.T\u00f6bb v\u00e1ltozat., Meska","view_count":"3669","favourite_count":"0","trending_score":"0","last2MonthFavouriteCount":"0","promotion":0,"giftcard_accept":"1","creditcard_accept":false,"enhanced_background":"0","domain":"meska","specific_customer_id":null,"specific_customer_name":null,"to_order_product":"0","to_order_product_time":"0","product_different":null,"product_different_description":"","vintage":"0","vintage_category_id":"0","recycled":"0","gemstone_id":"0","customizable":"0","type_category":"physical","zerowaste":"0","postage_price":"0.00","shop_order":"0","has_category":"1","landing_pages":null,"microdata":{"number":63,"category":""},"title":"Pipacs \u00fcvegre festett k\u00e9pek. - Vir\u00e1g, ami soha nem hervad el. - Dekor\u00e1ci\u00f3s \u00fcvegfestm\u00e9ny.T\u00f6bb v\u00e1ltozat.","description":"Kedves V\u00e1s\u00e1rl\u00f3!   K\u00f6sz\u00f6n\u00f6m, hogy ben\u00e9zett a virtu\u00e1lis boltomba !!!\nEzeket a pipacsos k\u00e9pek - olyan vir\u00e1gok, - ami garant\u00e1ltan soha nem hervadnak el. Ez\u00e9rt is egy\nt\u00f6k\u00e9letes aj\u00e1nd\u00e9k, - ak\u00e1r vir\u00e1g helyett is: - n\u00e9vnapra, sz\u00fclinapra, any\u00e1k napj\u00e1ra, n\u0151napra, Valentin napra stb.\nSpeci\u00e1lis \u00fcvegfest\u00e9si technik\u00e1val festettem, melyeket sz\u00e9pen csillog\u00f3 fel\u00fcletek \u00e9s \u00e9l\u00e9nk sz\u00ednek jellemeznek. Az \u00fcvegfestm\u00e9ny igazi kuri\u00f3zum technika k\u00fcl\u00f6nleges \u00e9s igen dekorat\u00edv.\nA k\u00e9pek teljes m\u00e9rete kerett\u0151l f\u00fcgg\u0151,  Kb. 25-sz\u00f6r 34cm, - az \u00e1r a keret \u00e1r\u00e1t is tartalmazza.\n Minden egyes k\u00e9pemet k\u00e9zzel festem egyedi, \u00e9s szign\u00f3zott. K\u00e9szleten l\u00e9v\u0151 term\u00e9kek.\nAz \u00fcvegfestm\u00e9ny egy kit\u0171n\u0151 aj\u00e1nd\u00e9k, ha valami igaz\u00e1n k\u00fcl\u00f6nlegeset, -egyedit \u00e9s - maradand\u00f3t szeretne aj\u00e1nd\u00e9kozni szeretteinek bar\u00e1tainak, ismer\u0151seinek vagy csak \u00fagy \u00f6nmag\u00e1nak. \nT\u00f6r\u00e9keny term\u00e9k!-  Ha post\u00e1zni kell, akkor t\u00f6r\u00e9sbiztos csomagol\u00e1sban, t\u00f6r\u00e9keny \u00e1ru jelz\u00e9ssel, \u00e9rt\u00e9kbiztos\u00edtva k\u00fcld\u00f6m a Magyar Post\u00e1val.\nSzem\u00e9lyesen is \u00e1tvehet\u0151 Kistarcs\u00e1n, - vagy Budapest \u00d6rs vez\u00e9r tere.\nK\u00f6sz\u00f6n\u00f6m, hogy ben\u00e9zett hozz\u00e1m. Ha ideje engedi n\u00e9zze meg a t\u00f6bbi term\u00e9kemet is !!!\nRem\u00e9lem, hogy k\u00e9peim valamelyike elnyeri a tetsz\u00e9s\u00e9t \u00e9s megleli \u00e1lmai aj\u00e1nd\u00e9k\u00e1t !!!\nJ\u00f3 v\u00e1logat\u00e1st! \n\u00dcdv. Spezso","score":2.008666,"formatted_price":"12 880 Ft","image_url":"https:\/\/www.meska.hu\/img\/product\/small\/s\/p\/spezso_product_266663_220608122019_518263.jpeg","formatted_url":"https:\/\/www.meska.hu\/p3780295-pipacs-uvegre-festett-kepek-virag-ami-soha-nem-hervad-el-dekoracios-uvegfestmenytobb-valtozat","favourite":false,"in_stock":true,"avatar":"spezso_avatar_266663_1587803542.jpg","delete_from":0,"is_enhanced_background":false,"is_enhanced":false,"product_selection_started":false,"is_active":true,"image_webp_url":"https:\/\/www.meska.hu\/img\/product\/small\/s\/p\/spezso_product_266663_220608122019_518263.webp"},{"id":"3106725","shop_id":"4454","user_id":"16374","shop_name":"SonagiD","shop_zip":"3300","product_code":"4683640","product_name_old":null,"product_name":"\u00dcVEG MED\u00c1L, PIROS","category_string":"\u00c9kszer, Nyakl\u00e1nc, Med\u00e1los nyakl\u00e1nc","technic_string":"\u00c9kszerk\u00e9sz\u00edt\u00e9s, \u00dcvegm\u0171v\u00e9szet","category_1":"327","category_2":"337","category_3":"1260","category_4":"0","merged_category_1":null,"merged_category_2":null,"merged_category_3":null,"technic_1":"477","technic_2":"505","technic_3":"0","color_1":"520","color_2":"523","color_3":"0","product_description_old":null,"product_description":"\u00dcVEGMED\u00c1L, piros sz\u00edn\u0171 \u00fcvegb\u0151l, fusing (olvaszt\u00e1s) technik\u00e1val k\u00e9sz\u00fclt egyedi  \u00fcveg\u00e9kszer, 70 cm-es, fekete zsin\u00f3ron, \u00e1ll\u00edthat\u00f3 hossz\u00fas\u00e1ggal, kapocs n\u00e9lk\u00fcli, \"beleb\u00faj\u00f3s\" megold\u00e1ssal.\nT\u00f6bb f\u00e9l\u00e9b\u0151l v\u00e1laszthat\u00f3.","price":"2800.00","unit":"db","recommended":"0","status":"1","sponsored":"0","exp_notify":"0","own_material":"0","own_material_description_old":null,"own_material_description":"","jury":"0","jury_number":"","product_nature":"","meskaracsony":"0","create_date":"2026-02-14 17:15:06","shelve_id":"11248","image":"sonagid_product_16374_250111191118_269740.jpeg","image_width":"480","image_height":"417","image_alt":"\u00dcVEG MED\u00c1L, PIROS, \u00dcVEGMED\u00c1L, piros sz\u00edn\u0171 \u00fcvegb\u0151l, fusing (olvaszt\u00e1s) technik\u00e1val k\u00e9sz\u00fclt egyedi  \u00fcveg\u00e9kszer, 70 cm-es,..., Meska","image_title":"\u00dcVEG MED\u00c1L, PIROS, Meska","view_count":"1125","favourite_count":"0","trending_score":"0","last2MonthFavouriteCount":"0","promotion":0,"giftcard_accept":"0","creditcard_accept":false,"enhanced_background":"0","domain":"meska","specific_customer_id":null,"specific_customer_name":null,"to_order_product":"0","to_order_product_time":"0","product_different":null,"product_different_description":"","vintage":"0","vintage_category_id":"0","recycled":"0","gemstone_id":"0","customizable":"0","type_category":"physical","zerowaste":"0","postage_price":"1290.00","shop_order":"7","has_category":"1","landing_pages":null,"microdata":{"number":64,"category":""},"title":"\u00dcVEG MED\u00c1L, PIROS","description":"\u00dcVEGMED\u00c1L, piros sz\u00edn\u0171 \u00fcvegb\u0151l, fusing (olvaszt\u00e1s) technik\u00e1val k\u00e9sz\u00fclt egyedi  \u00fcveg\u00e9kszer, 70 cm-es, fekete zsin\u00f3ron, \u00e1ll\u00edthat\u00f3 hossz\u00fas\u00e1ggal, kapocs n\u00e9lk\u00fcli, \"beleb\u00faj\u00f3s\" megold\u00e1ssal.\nT\u00f6bb f\u00e9l\u00e9b\u0151l v\u00e1laszthat\u00f3.","score":2.008666,"formatted_price":"2 800 Ft","image_url":"https:\/\/www.meska.hu\/img\/product\/small\/s\/o\/sonagid_product_16374_250111191118_269740.jpeg","formatted_url":"https:\/\/www.meska.hu\/p4683640-uveg-medal-piros","favourite":false,"in_stock":true,"avatar":"SonagiD_avatar_16374_1584714693.jpg","delete_from":0,"is_enhanced_background":false,"is_enhanced":false,"product_selection_started":false,"is_active":true,"image_webp_url":"https:\/\/www.meska.hu\/img\/product\/small\/s\/o\/sonagid_product_16374_250111191118_269740.webp"},{"id":"2941241","shop_id":"21973","user_id":"226208","shop_name":"DottaLoops","shop_zip":"7626","product_code":"4468517","product_name_old":null,"product_name":"B\u00e9lyeges maszk - 2 r\u00e9teg\u0171 - sz\u00fcrke unisex arcmaszk - 100% pamut ","category_string":"Ruha & Divat, Maszk, Arcmaszk, F\u00e9rfi & Uniszex","technic_string":"Varr\u00e1s","category_1":"806","category_2":"814","category_3":"1171","category_4":"0","merged_category_1":null,"merged_category_2":null,"merged_category_3":null,"technic_1":"506","technic_2":"0","technic_3":"0","color_1":"519","color_2":"520","color_3":"532","product_description_old":null,"product_description":"Sz\u00fcrke maszk  f\u00e9rfi, n\u0151i, gyerek m\u00e9retben, pr\u00e9mium min\u0151s\u00e9gben.\n\nA legjobban illeszked\u0151 maszk t\u00edpus, amiben el\u00e9g leveg\u0151 marad a sz\u00e1jn\u00e1l.\n\nA hajtogatott Dotta maszk:\n- 2 r\u00e9teg\u0171\n- 100% puha pamutb\u00f3l, b\u00e9l\u00e9se feh\u00e9r\n- minden textil szab\u00e1s el\u0151tt mosva \u00e9s ill\u00f3olajjal fert\u0151tlen\u00edtve\n- haszn\u00e1latra k\u00e9szen, vasalva ker\u00fcl a csomagol\u00e1sba\n- \u00e1ll\u00edthat\u00f3 \u00e9s cser\u00e9lhet\u0151 gumival\n- leforr\u00e1zhat\u00f3, vasalhat\u00f3 (a gumi nem)\n\nExtr\u00e1k k\u00e9rhet\u0151k\n- orrmerev\u00edt\u0151\n- n\u00e9v felirat\n- 3db-os csomag 1300\/db, 5db-os csomag 1200\/db, 10 db-os cs. 1000\/db\n\nTov\u00e1bbi maszkok: \nhttps:\/\/www.meska.hu\/Shop\/kezmuves\/21973\/63399\neddig T\u00fcnd\u00e9rKamra boltunkban \u00e1rus\u00edtottuk a maszkokat:\nhttps:\/\/www.meska.hu\/Feedback\/index\/113338\/1?utm_source=&utm_medium=alkoto-box\n\n\"Rendben meg\u00e9rkezett a sz\u00e1jmaszk. Profi csomagol\u00e1s, els\u0151 oszt\u00e1ly\u00fa min\u0151s\u00e9g! K\u00f6sz\u00f6n\u00f6m! - BeadandBead\"\n\nsz\u00fcrke maszk, f\u00e9rfi gyerek fi\u00fa maszk, t\u00f6bb m\u00e9ret\u0171 b\u00e9lyeg mint\u00e1s maszk, tiszta pamut maszk, azonnal haszn\u00e1lhat\u00f3 2 r\u00e9teg\u0171 maszk, sz\u00fcrke mint\u00e1s maszk, \n\nDotta Accessories. A h\u00e9tk\u00f6znapi felt\u0171n\u00e9s.","price":"1400.00","unit":"db","recommended":"0","status":"1","sponsored":"0","exp_notify":"0","own_material":"0","own_material_description_old":null,"own_material_description":"","jury":"0","jury_number":"","product_nature":"","meskaracsony":"0","create_date":"2026-02-01 18:53:09","shelve_id":"70472","image":"dottaloops_product_226208_210423135444_270762.jpeg","image_width":"480","image_height":"480","image_alt":"B\u00e9lyeges maszk - 2 r\u00e9teg\u0171 - sz\u00fcrke unisex arcmaszk - 100% pamut , Sz\u00fcrke maszk  f\u00e9rfi, n\u0151i, gyerek m\u00e9retben, pr\u00e9mium min\u0151s\u00e9gben.\\n\\nA legjobban illeszked\u0151 maszk t\u00edpus, ..., Meska","image_title":"B\u00e9lyeges maszk - 2 r\u00e9teg\u0171 - sz\u00fcrke unisex arcmaszk - 100% pamut , Meska","view_count":"315","favourite_count":"0","trending_score":"0","last2MonthFavouriteCount":"0","promotion":0,"giftcard_accept":"1","creditcard_accept":true,"enhanced_background":"0","domain":"meska","specific_customer_id":null,"specific_customer_name":null,"to_order_product":"0","to_order_product_time":"0","product_different":null,"product_different_description":"","vintage":"0","vintage_category_id":"0","recycled":"0","gemstone_id":"0","customizable":"1","type_category":"physical","zerowaste":"1","postage_price":"2390.00","shop_order":"87","has_category":"1","landing_pages":null,"microdata":{"number":65,"category":""},"title":"B\u00e9lyeges maszk - 2 r\u00e9teg\u0171 - sz\u00fcrke unisex arcmaszk - 100% pamut ","description":"Sz\u00fcrke maszk  f\u00e9rfi, n\u0151i, gyerek m\u00e9retben, pr\u00e9mium min\u0151s\u00e9gben.\n\nA legjobban illeszked\u0151 maszk t\u00edpus, amiben el\u00e9g leveg\u0151 marad a sz\u00e1jn\u00e1l.\n\nA hajtogatott Dotta maszk:\n- 2 r\u00e9teg\u0171\n- 100% puha pamutb\u00f3l, b\u00e9l\u00e9se feh\u00e9r\n- minden textil szab\u00e1s el\u0151tt mosva \u00e9s ill\u00f3olajjal fert\u0151tlen\u00edtve\n- haszn\u00e1latra k\u00e9szen, vasalva ker\u00fcl a csomagol\u00e1sba\n- \u00e1ll\u00edthat\u00f3 \u00e9s cser\u00e9lhet\u0151 gumival\n- leforr\u00e1zhat\u00f3, vasalhat\u00f3 (a gumi nem)\n\nExtr\u00e1k k\u00e9rhet\u0151k\n- orrmerev\u00edt\u0151\n- n\u00e9v felirat\n- 3db-os csomag 1300\/db, 5db-os csomag 1200\/db, 10 db-os cs. 1000\/db\n\nTov\u00e1bbi maszkok: \nhttps:\/\/www.meska.hu\/Shop\/kezmuves\/21973\/63399\neddig T\u00fcnd\u00e9rKamra boltunkban \u00e1rus\u00edtottuk a maszkokat:\nhttps:\/\/www.meska.hu\/Feedback\/index\/113338\/1?utm_source=&utm_medium=alkoto-box\n\n\"Rendben meg\u00e9rkezett a sz\u00e1jmaszk. Profi csomagol\u00e1s, els\u0151 oszt\u00e1ly\u00fa min\u0151s\u00e9g! K\u00f6sz\u00f6n\u00f6m! - BeadandBead\"\n\nsz\u00fcrke maszk, f\u00e9rfi gyerek fi\u00fa maszk, t\u00f6bb m\u00e9ret\u0171 b\u00e9lyeg mint\u00e1s maszk, tiszta pamut maszk, azonnal haszn\u00e1lhat\u00f3 2 r\u00e9teg\u0171 maszk, sz\u00fcrke mint\u00e1s maszk, \n\nDotta Accessories. A h\u00e9tk\u00f6znapi felt\u0171n\u00e9s.","score":2.008666,"formatted_price":"1 400 Ft","image_url":"https:\/\/www.meska.hu\/img\/product\/small\/d\/o\/dottaloops_product_226208_210423135444_270762.jpeg","formatted_url":"https:\/\/www.meska.hu\/p4468517-belyeges-maszk-2-retegu-szurke-unisex-arcmaszk-100-pamut","favourite":false,"in_stock":true,"avatar":"DottaLoops_avatar_226208_1619194347.png","delete_from":0,"is_enhanced_background":false,"is_enhanced":false,"product_selection_started":false,"is_active":true,"image_webp_url":"https:\/\/www.meska.hu\/img\/product\/small\/d\/o\/dottaloops_product_226208_210423135444_270762.webp"},{"id":"2405131","shop_id":"4454","user_id":"16374","shop_name":"SonagiD","shop_zip":"3300","product_code":"4718355","product_name_old":null,"product_name":"\u00dcVEG KARK\u00d6T\u0150","category_string":"\u00c9kszer, Kark\u00f6t\u0151, Kark\u00f6t\u0151 med\u00e1llal","technic_string":"\u00c9kszerk\u00e9sz\u00edt\u00e9s, \u00dcvegm\u0171v\u00e9szet","category_1":"327","category_2":"333","category_3":"1240","category_4":"0","merged_category_1":null,"merged_category_2":null,"merged_category_3":null,"technic_1":"477","technic_2":"505","technic_3":"0","color_1":"518","color_2":"520","color_3":"521","product_description_old":null,"product_description":"Fusing technik\u00e1val k\u00e9sz\u00fclt egyedi  \u00fcveg\u00e9kszer, KARK\u00d6T\u0150, 6 sz\u00e1l fekete kerek b\u0151r\u00f6n, f\u00e9m kapoccsal, l\u00e1nchosszabb\u00edt\u00f3val.\n\u00c9kszerdobozban post\u00e1zom.","price":"3000.00","unit":"db","recommended":"0","status":"1","sponsored":"0","exp_notify":"0","own_material":"0","own_material_description_old":null,"own_material_description":"","jury":"0","jury_number":"","product_nature":"","meskaracsony":"0","create_date":"2026-02-14 17:19:42","shelve_id":"11248","image":"sonagid_product_16374_250111192134_537587.jpeg","image_width":"480","image_height":"180","image_alt":"\u00dcVEG KARK\u00d6T\u0150, Fusing technik\u00e1val k\u00e9sz\u00fclt egyedi  \u00fcveg\u00e9kszer, KARK\u00d6T\u0150, 6 sz\u00e1l fekete kerek b\u0151r\u00f6n, f\u00e9m kapoccsal, l\u00e1..., Meska","image_title":"\u00dcVEG KARK\u00d6T\u0150, Meska","view_count":"43","favourite_count":"0","trending_score":"0","last2MonthFavouriteCount":"0","promotion":0,"giftcard_accept":"0","creditcard_accept":false,"enhanced_background":"0","domain":"meska","specific_customer_id":null,"specific_customer_name":null,"to_order_product":"0","to_order_product_time":"0","product_different":null,"product_different_description":"","vintage":"0","vintage_category_id":"0","recycled":"0","gemstone_id":"0","customizable":"0","type_category":"physical","zerowaste":"0","postage_price":"1290.00","shop_order":"6","has_category":"1","landing_pages":null,"microdata":{"number":66,"category":""},"title":"\u00dcVEG KARK\u00d6T\u0150","description":"Fusing technik\u00e1val k\u00e9sz\u00fclt egyedi  \u00fcveg\u00e9kszer, KARK\u00d6T\u0150, 6 sz\u00e1l fekete kerek b\u0151r\u00f6n, f\u00e9m kapoccsal, l\u00e1nchosszabb\u00edt\u00f3val.\n\u00c9kszerdobozban post\u00e1zom.","score":2.008666,"formatted_price":"3 000 Ft","image_url":"https:\/\/www.meska.hu\/img\/product\/small\/s\/o\/sonagid_product_16374_250111192134_537587.jpeg","formatted_url":"https:\/\/www.meska.hu\/p4718355-uveg-karkoto","favourite":false,"in_stock":true,"avatar":"SonagiD_avatar_16374_1584714693.jpg","delete_from":0,"is_enhanced_background":false,"is_enhanced":false,"product_selection_started":false,"is_active":true,"image_webp_url":"https:\/\/www.meska.hu\/img\/product\/small\/s\/o\/sonagid_product_16374_250111192134_537587.webp"},{"id":"4500668","shop_id":"4454","user_id":"16374","shop_name":"SonagiD","shop_zip":"3300","product_code":"4779665","product_name_old":null,"product_name":"\u00dcVEG MED\u00c1L, VIL\u00c1GOSK\u00c9K, CS\u00cdKOZOTT","category_string":"\u00c9kszer, Nyakl\u00e1nc, Med\u00e1los nyakl\u00e1nc","technic_string":"\u00c9kszerk\u00e9sz\u00edt\u00e9s, \u00dcvegm\u0171v\u00e9szet","category_1":"327","category_2":"337","category_3":"1260","category_4":"0","merged_category_1":null,"merged_category_2":null,"merged_category_3":null,"technic_1":"477","technic_2":"505","technic_3":"0","color_1":"521","color_2":"0","color_3":"0","product_description_old":null,"product_description":"\u00dcVEGMED\u00c1L, vil\u00e1gosk\u00e9k sz\u00edn\u0171, cs\u00edkozott mint\u00e1zat\u00fa \u00fcvegb\u0151l, fusing (olvaszt\u00e1s) technik\u00e1val k\u00e9sz\u00fclt egyedi  \u00fcveg\u00e9kszer, 70 cm-es, fekete zsin\u00f3ron, \u00e1ll\u00edthat\u00f3 hossz\u00fas\u00e1ggal, kapocs n\u00e9lk\u00fcli, \"beleb\u00faj\u00f3s\" megold\u00e1ssal.\nA med\u00e1l m\u00e9rete: 2x3,2 cm","price":"2500.00","unit":"db","recommended":"0","status":"1","sponsored":"0","exp_notify":"0","own_material":"0","own_material_description_old":null,"own_material_description":"","jury":"0","jury_number":"","product_nature":"","meskaracsony":"0","create_date":"2026-02-14 17:19:58","shelve_id":"11248","image":"sonagid_product_16374_220918231118_612178.jpeg","image_width":"480","image_height":"510","image_alt":"\u00dcVEG MED\u00c1L, VIL\u00c1GOSK\u00c9K, CS\u00cdKOZOTT, \u00dcVEGMED\u00c1L, vil\u00e1gosk\u00e9k sz\u00edn\u0171, cs\u00edkozott mint\u00e1zat\u00fa \u00fcvegb\u0151l, fusing (olvaszt\u00e1s) technik\u00e1val k\u00e9sz\u00fclt egy..., Meska","image_title":"\u00dcVEG MED\u00c1L, VIL\u00c1GOSK\u00c9K, CS\u00cdKOZOTT, Meska","view_count":"745","favourite_count":"0","trending_score":"0","last2MonthFavouriteCount":"0","promotion":0,"giftcard_accept":"0","creditcard_accept":false,"enhanced_background":"0","domain":"meska","specific_customer_id":null,"specific_customer_name":null,"to_order_product":"0","to_order_product_time":"0","product_different":null,"product_different_description":"","vintage":"0","vintage_category_id":"0","recycled":"0","gemstone_id":"0","customizable":"0","type_category":"physical","zerowaste":"0","postage_price":"1290.00","shop_order":"4","has_category":"1","landing_pages":null,"microdata":{"number":67,"category":""},"title":"\u00dcVEG MED\u00c1L, VIL\u00c1GOSK\u00c9K, CS\u00cdKOZOTT","description":"\u00dcVEGMED\u00c1L, vil\u00e1gosk\u00e9k sz\u00edn\u0171, cs\u00edkozott mint\u00e1zat\u00fa \u00fcvegb\u0151l, fusing (olvaszt\u00e1s) technik\u00e1val k\u00e9sz\u00fclt egyedi  \u00fcveg\u00e9kszer, 70 cm-es, fekete zsin\u00f3ron, \u00e1ll\u00edthat\u00f3 hossz\u00fas\u00e1ggal, kapocs n\u00e9lk\u00fcli, \"beleb\u00faj\u00f3s\" megold\u00e1ssal.\nA med\u00e1l m\u00e9rete: 2x3,2 cm","score":2.008666,"formatted_price":"2 500 Ft","image_url":"https:\/\/www.meska.hu\/img\/product\/small\/s\/o\/sonagid_product_16374_220918231118_612178.jpeg","formatted_url":"https:\/\/www.meska.hu\/p4779665-uveg-medal-vilagoskek-csikozott","favourite":false,"in_stock":true,"avatar":"SonagiD_avatar_16374_1584714693.jpg","delete_from":0,"is_enhanced_background":false,"is_enhanced":false,"product_selection_started":false,"is_active":true,"image_webp_url":"https:\/\/www.meska.hu\/img\/product\/small\/s\/o\/sonagid_product_16374_220918231118_612178.webp"},{"id":"3410229","shop_id":"23695","user_id":"266663","shop_name":"spezso","shop_zip":"2143","product_code":"3988884","product_name_old":null,"product_name":"Emelkedj mint a F\u0151nix!  ReStart 2022. - Spiritu\u00e1lis, dekor\u00e1ci\u00f3s falik\u00e9p, \u00fcvegfestm\u00e9ny.","category_string":"M\u0171v\u00e9szet, Festm\u00e9ny, Festm\u00e9ny vegyes technika","technic_string":"Fest\u00e9szet, \u00dcvegm\u0171v\u00e9szet","category_1":"357","category_2":"358","category_3":"363","category_4":"0","merged_category_1":"0","merged_category_2":"0","merged_category_3":"785","technic_1":"480","technic_2":"505","technic_3":"0","color_1":"512","color_2":"521","color_3":"529","product_description_old":null,"product_description":"Kedves l\u00e1togat\u00f3. K\u00f6sz\u00f6ntelek, hogy ben\u00e9zt\u00e9l a boltomba !!!\n\nA \" F\u0151nix \" : - a felt\u00e1mad\u00e1s, - az \u00fajj\u00e1 sz\u00fclet\u00e9s, - az \u00fajra kezd\u00e9s jelk\u00e9pe. \nEz az \u00e9rz\u00e9s lesz tal\u00e1n a 2024-es \u00e9v, -  sok ember sz\u00e1m\u00e1ra. - Az eddigi \u00e9let\u00fcnket \u00e1t\u00e9rt\u00e9kelj\u00fck,\n- \u00fajra gondoljuk a dolgainkat. \nA k\u00e9p m\u00e9rete 26-szor 35 cm bekeretezve. A k\u00e9p \u00e1ra tartalmazza a keret \u00e1r\u00e1t is.\nEzt a k\u00e9pet speci\u00e1lis \u00fcvegfest\u00e9si technik\u00e1val k\u00e9sz\u00edtettem, melyet sz\u00e9pen csillog\u00f3 fel\u00fcletek \u00e9s \u00e9l\u00e9nk sz\u00ednek jellemeznek. Ezt pr\u00f3b\u00e1ltam m\u00e9g fokozni az arany, a bronz, ez\u00fcst\u00f6s k\u00e9k sz\u00ednek haszn\u00e1lat\u00e1val a mad\u00e1r tollak fest\u00e9s\u00e9n\u00e9l.\nA k\u00e9pet t\u00f6bbf\u00e9le h\u00e1tt\u00e9rrel fot\u00f3ztam le. \nAz utols\u00f3 k\u00e9p szint\u00e9n egy F\u0151nix mad\u00e1r. - A cime: \"Emelkedj, mint a F\u0151nix! \" - 26-szor 34 cm m\u00e9ret\u00fc.\nAj\u00e1nlom mindenkinek, - \u00e1llat bar\u00e1toknak, - a madarak kedvel\u0151inek, \u00e9s b\u00e1rkinek, aki hisz m\u00e9g egy szebb j\u00f6v\u0151ben.\nK\u00e9zm\u0171ves term\u00e9k, k\u00e9zzel festett egyedi \u00e9s szign\u00f3zott. \nK\u00e9szleten l\u00e9v\u0151 term\u00e9k, ak\u00e1r azonnal is elvihet\u0151. Szem\u00e9lyesen is \u00e1tvehet\u0151 Kistarcs\u00e1n, vagy Budapesten \u00d6rs vez\u00e9r tere. \nHa post\u00e1zni kell, akkor t\u00f6r\u00e9sbiztos csomagol\u00e1sban, \u00e9rt\u00e9kbiztos\u00edtva k\u00fcld\u00f6m a Magyar Post\u00e1val.\nEbben a v\u00e1logat\u00e1sban van m\u00e9g t\u00f6bb \u00e1llatos k\u00e9pem is, ha ideje engedi tekintse meg azokat is !\nRem\u00e9lem, hogy \u00f6r\u00f6m\u00e9t leli a v\u00e1logat\u00e1sban, \u00e9s megleli \u00e1lmai aj\u00e1nd\u00e9k\u00e1t !\nKellemes n\u00e9zel\u0151d\u00e9st !!!   \u00dcdv. Spezso","price":"15888.00","unit":"db","recommended":"0","status":"1","sponsored":"0","exp_notify":"0","own_material":"0","own_material_description_old":null,"own_material_description":"","jury":"0","jury_number":"","product_nature":"","meskaracsony":"0","create_date":"2026-01-22 14:02:05","shelve_id":"65226","image":"spezso_product_266663_221117155028_653133.jpeg","image_width":"480","image_height":"640","image_alt":"Emelkedj mint a F\u0151nix!  ReStart 2022. - Spiritu\u00e1lis, dekor\u00e1ci\u00f3s falik\u00e9p, \u00fcvegfestm\u00e9ny., Kedves l\u00e1togat\u00f3. K\u00f6sz\u00f6ntelek, hogy ben\u00e9zt\u00e9l a boltomba !!!\\n\\nA \\\" F\u0151nix \\\" : - a felt\u00e1mad\u00e1s, - az \u00fajj\u00e1 ..., Meska","image_title":"Emelkedj mint a F\u0151nix!  ReStart 2022. - Spiritu\u00e1lis, dekor\u00e1ci\u00f3s falik\u00e9p, \u00fcvegfestm\u00e9ny., Meska","view_count":"3976","favourite_count":"0","trending_score":"0","last2MonthFavouriteCount":"0","promotion":"0","giftcard_accept":"1","creditcard_accept":false,"enhanced_background":"0","domain":"meska","specific_customer_id":null,"specific_customer_name":null,"to_order_product":"0","to_order_product_time":"0","product_different":null,"product_different_description":"","vintage":"0","vintage_category_id":"0","recycled":"0","gemstone_id":"0","customizable":"0","type_category":"physical","zerowaste":"0","postage_price":"0.00","shop_order":"0","has_category":"1","landing_pages":null,"microdata":{"number":68,"category":""},"title":"Emelkedj mint a F\u0151nix!  ReStart 2022. - Spiritu\u00e1lis, dekor\u00e1ci\u00f3s falik\u00e9p, \u00fcvegfestm\u00e9ny.","description":"Kedves l\u00e1togat\u00f3. K\u00f6sz\u00f6ntelek, hogy ben\u00e9zt\u00e9l a boltomba !!!\n\nA \" F\u0151nix \" : - a felt\u00e1mad\u00e1s, - az \u00fajj\u00e1 sz\u00fclet\u00e9s, - az \u00fajra kezd\u00e9s jelk\u00e9pe. \nEz az \u00e9rz\u00e9s lesz tal\u00e1n a 2024-es \u00e9v, -  sok ember sz\u00e1m\u00e1ra. - Az eddigi \u00e9let\u00fcnket \u00e1t\u00e9rt\u00e9kelj\u00fck,\n- \u00fajra gondoljuk a dolgainkat. \nA k\u00e9p m\u00e9rete 26-szor 35 cm bekeretezve. A k\u00e9p \u00e1ra tartalmazza a keret \u00e1r\u00e1t is.\nEzt a k\u00e9pet speci\u00e1lis \u00fcvegfest\u00e9si technik\u00e1val k\u00e9sz\u00edtettem, melyet sz\u00e9pen csillog\u00f3 fel\u00fcletek \u00e9s \u00e9l\u00e9nk sz\u00ednek jellemeznek. Ezt pr\u00f3b\u00e1ltam m\u00e9g fokozni az arany, a bronz, ez\u00fcst\u00f6s k\u00e9k sz\u00ednek haszn\u00e1lat\u00e1val a mad\u00e1r tollak fest\u00e9s\u00e9n\u00e9l.\nA k\u00e9pet t\u00f6bbf\u00e9le h\u00e1tt\u00e9rrel fot\u00f3ztam le. \nAz utols\u00f3 k\u00e9p szint\u00e9n egy F\u0151nix mad\u00e1r. - A cime: \"Emelkedj, mint a F\u0151nix! \" - 26-szor 34 cm m\u00e9ret\u00fc.\nAj\u00e1nlom mindenkinek, - \u00e1llat bar\u00e1toknak, - a madarak kedvel\u0151inek, \u00e9s b\u00e1rkinek, aki hisz m\u00e9g egy szebb j\u00f6v\u0151ben.\nK\u00e9zm\u0171ves term\u00e9k, k\u00e9zzel festett egyedi \u00e9s szign\u00f3zott. \nK\u00e9szleten l\u00e9v\u0151 term\u00e9k, ak\u00e1r azonnal is elvihet\u0151. Szem\u00e9lyesen is \u00e1tvehet\u0151 Kistarcs\u00e1n, vagy Budapesten \u00d6rs vez\u00e9r tere. \nHa post\u00e1zni kell, akkor t\u00f6r\u00e9sbiztos csomagol\u00e1sban, \u00e9rt\u00e9kbiztos\u00edtva k\u00fcld\u00f6m a Magyar Post\u00e1val.\nEbben a v\u00e1logat\u00e1sban van m\u00e9g t\u00f6bb \u00e1llatos k\u00e9pem is, ha ideje engedi tekintse meg azokat is !\nRem\u00e9lem, hogy \u00f6r\u00f6m\u00e9t leli a v\u00e1logat\u00e1sban, \u00e9s megleli \u00e1lmai aj\u00e1nd\u00e9k\u00e1t !\nKellemes n\u00e9zel\u0151d\u00e9st !!!   \u00dcdv. Spezso","score":2.008666,"formatted_price":"15 888 Ft","image_url":"https:\/\/www.meska.hu\/img\/product\/small\/s\/p\/spezso_product_266663_221117155028_653133.jpeg","formatted_url":"https:\/\/www.meska.hu\/p3988884-emelkedj-mint-a-fonix-restart-2022-spiritualis-dekoracios-falikep-uvegfestmeny","favourite":false,"in_stock":true,"avatar":"spezso_avatar_266663_1587803542.jpg","delete_from":0,"is_enhanced_background":false,"is_enhanced":false,"product_selection_started":false,"is_active":true,"image_webp_url":"https:\/\/www.meska.hu\/img\/product\/small\/s\/p\/spezso_product_266663_221117155028_653133.webp"},{"id":"5373532","shop_id":"612","user_id":"1858","shop_name":"Barbo","shop_zip":"1039","product_code":"5308751","product_name_old":null,"product_name":"Tengerfen\u00e9k - d\u00edsz\u00fcveg vagy v\u00e1za","category_string":"Otthon & \u00c9letm\u00f3d, Dekor\u00e1ci\u00f3, Asztal \u00e9s polc dekor\u00e1ci\u00f3, D\u00edsz\u00fcveg","technic_string":"\u00dajrahasznos\u00edtott alapanyagb\u00f3l k\u00e9sz\u00fclt term\u00e9kek, Festett t\u00e1rgyak","category_1":"813","category_2":"314","category_3":"1467","category_4":"941","merged_category_1":null,"merged_category_2":null,"merged_category_3":null,"technic_1":"504","technic_2":"481","technic_3":"0","color_1":"521","color_2":"528","color_3":"0","product_description_old":null,"product_description":"Egy 16 cm magas italos palackot d\u00edsz\u00edtettem vegyes technik\u00e1val, majd festettem \u00e9s t\u00f6bb r\u00e9tegben lakkoztam.\n\nHa fizet\u00e9ssel, \u00e1tv\u00e9tellel kapcsolatos k\u00e9rd\u00e9sed van, a Sz\u00e1ll\u00edt\u00e1si inf\u00f3k f\u00fclre kattintva megtal\u00e1lhatod a v\u00e1laszt. Egy\u00e9b k\u00e9rd\u00e9sekkel keress b\u00e1tran bels\u0151 \u00fczenetben.\n\nK\u00f6sz\u00f6n\u00f6m, hogy megtekintetted a port\u00e9k\u00e1mat.                         ","price":"6990.00","unit":"db","recommended":"0","status":"1","sponsored":"0","exp_notify":"0","own_material":"0","own_material_description_old":null,"own_material_description":"","jury":"0","jury_number":"","product_nature":"","meskaracsony":"0","create_date":"2026-01-18 09:11:05","shelve_id":"1411","image":"barbo_product_1858_240608212659_54188.jpeg","image_width":"480","image_height":"483","image_alt":"Tengerfen\u00e9k - d\u00edsz\u00fcveg vagy v\u00e1za, Egy 16 cm magas italos palackot d\u00edsz\u00edtettem vegyes technik\u00e1val, majd festettem \u00e9s t\u00f6bb r\u00e9tegben lakk..., Meska","image_title":"Tengerfen\u00e9k - d\u00edsz\u00fcveg vagy v\u00e1za, Meska","view_count":"514","favourite_count":"0","trending_score":"0","last2MonthFavouriteCount":"0","promotion":"0","giftcard_accept":"1","creditcard_accept":false,"enhanced_background":"0","domain":"meska","specific_customer_id":null,"specific_customer_name":null,"to_order_product":"0","to_order_product_time":"0","product_different":null,"product_different_description":"","vintage":"0","vintage_category_id":"0","recycled":"0","gemstone_id":"0","customizable":"0","type_category":"physical","zerowaste":"0","postage_price":"2390.00","shop_order":"0","has_category":"1","landing_pages":null,"microdata":{"number":69,"category":""},"title":"Tengerfen\u00e9k - d\u00edsz\u00fcveg vagy v\u00e1za","description":"Egy 16 cm magas italos palackot d\u00edsz\u00edtettem vegyes technik\u00e1val, majd festettem \u00e9s t\u00f6bb r\u00e9tegben lakkoztam.\n\nHa fizet\u00e9ssel, \u00e1tv\u00e9tellel kapcsolatos k\u00e9rd\u00e9sed van, a Sz\u00e1ll\u00edt\u00e1si inf\u00f3k f\u00fclre kattintva megtal\u00e1lhatod a v\u00e1laszt. Egy\u00e9b k\u00e9rd\u00e9sekkel keress b\u00e1tran bels\u0151 \u00fczenetben.\n\nK\u00f6sz\u00f6n\u00f6m, hogy megtekintetted a port\u00e9k\u00e1mat.                         ","score":2.008666,"formatted_price":"6 990 Ft","image_url":"https:\/\/www.meska.hu\/img\/product\/small\/b\/a\/barbo_product_1858_240608212659_54188.jpeg","formatted_url":"https:\/\/www.meska.hu\/p5308751-tengerfenek-diszuveg-vagy-vaza","favourite":false,"in_stock":true,"avatar":"Barbo_avatar_1858.jpg","delete_from":0,"is_enhanced_background":false,"is_enhanced":false,"product_selection_started":false,"is_active":true,"image_webp_url":"https:\/\/www.meska.hu\/img\/product\/small\/b\/a\/barbo_product_1858_240608212659_54188.webp"},{"id":"4518943","shop_id":"2554","user_id":"8909","shop_name":"Artemis","shop_zip":"2651","product_code":"4791933","product_name_old":null,"product_name":"Narancss\u00e1rga \u00fcvegmed\u00e1l, L\u00e9lekvir\u00e1g ","category_string":"\u00c9kszer, Nyakl\u00e1nc, Med\u00e1l","technic_string":"\u00c9kszerk\u00e9sz\u00edt\u00e9s, \u00dcvegm\u0171v\u00e9szet","category_1":"327","category_2":"337","category_3":"335","category_4":"0","merged_category_1":null,"merged_category_2":null,"merged_category_3":null,"technic_1":"477","technic_2":"505","technic_3":"0","color_1":"568","color_2":"0","color_3":"0","product_description_old":null,"product_description":"B\u00e1r nem ez l\u00e1tszik, de a l\u00e9nyeg a k\u00f6z\u00e9ppont, minden egy\u00e9b e k\u00f6r\u00e9 \u00e9p\u00fclt. A lelked a k\u00f6z\u00e9ppont, mindent az mozgat (ha hagyod).\nA med\u00e1lon a k\u00f6z\u00e9ppont egy csillog\u00f3 r\u00f3zsabimb\u00f3 form\u00e1j\u00fa halv\u00e1ny narancs sz\u00edn\u0171 \u00fcveggy\u00f6ngy, a k\u00f6r\u00e9je \u00e9p\u00fcl\u0151 keret narancss\u00e1rga sz\u00edn\u0171 \u00fcveg.\nA med\u00e1l m\u00e9retei : 4 x 3 centi.\n 45 centi hossz\u00fa r\u00e9z sz\u00edn\u0171 l\u00e1ncra f\u0171zve k\u00fcld\u00f6m, ami delfin kapoccsal z\u00e1r\u00f3dik. K\u00e9r\u00e9sre a l\u00e1nc hossz\u00e1t sz\u00edvesen m\u00f3dos\u00edtom. ","price":"8000.00","unit":"db","recommended":"0","status":"1","sponsored":"0","exp_notify":"0","own_material":"0","own_material_description_old":null,"own_material_description":"","jury":"0","jury_number":"","product_nature":"","meskaracsony":"0","create_date":"2026-02-10 19:25:18","shelve_id":"12486","image":"artemis_product_8909_220209212413_525688.jpeg","image_width":"480","image_height":"452","image_alt":"Narancss\u00e1rga \u00fcvegmed\u00e1l, L\u00e9lekvir\u00e1g , B\u00e1r nem ez l\u00e1tszik, de a l\u00e9nyeg a k\u00f6z\u00e9ppont, minden egy\u00e9b e k\u00f6r\u00e9 \u00e9p\u00fclt. A lelked a k\u00f6z\u00e9ppont, minden..., Meska","image_title":"Narancss\u00e1rga \u00fcvegmed\u00e1l, L\u00e9lekvir\u00e1g , Meska","view_count":"1026","favourite_count":"0","trending_score":"0","last2MonthFavouriteCount":"0","promotion":"0","giftcard_accept":"1","creditcard_accept":false,"enhanced_background":"0","domain":"meska","specific_customer_id":null,"specific_customer_name":null,"to_order_product":"0","to_order_product_time":"0","product_different":null,"product_different_description":"","vintage":"0","vintage_category_id":"0","recycled":"0","gemstone_id":"0","customizable":"0","type_category":"physical","zerowaste":"0","postage_price":"1000.00","shop_order":"0","has_category":"1","landing_pages":null,"microdata":{"number":70,"category":""},"title":"Narancss\u00e1rga \u00fcvegmed\u00e1l, L\u00e9lekvir\u00e1g ","description":"B\u00e1r nem ez l\u00e1tszik, de a l\u00e9nyeg a k\u00f6z\u00e9ppont, minden egy\u00e9b e k\u00f6r\u00e9 \u00e9p\u00fclt. A lelked a k\u00f6z\u00e9ppont, mindent az mozgat (ha hagyod).\nA med\u00e1lon a k\u00f6z\u00e9ppont egy csillog\u00f3 r\u00f3zsabimb\u00f3 form\u00e1j\u00fa halv\u00e1ny narancs sz\u00edn\u0171 \u00fcveggy\u00f6ngy, a k\u00f6r\u00e9je \u00e9p\u00fcl\u0151 keret narancss\u00e1rga sz\u00edn\u0171 \u00fcveg.\nA med\u00e1l m\u00e9retei : 4 x 3 centi.\n 45 centi hossz\u00fa r\u00e9z sz\u00edn\u0171 l\u00e1ncra f\u0171zve k\u00fcld\u00f6m, ami delfin kapoccsal z\u00e1r\u00f3dik. K\u00e9r\u00e9sre a l\u00e1nc hossz\u00e1t sz\u00edvesen m\u00f3dos\u00edtom. ","score":2.008666,"formatted_price":"8 000 Ft","image_url":"https:\/\/www.meska.hu\/img\/product\/small\/a\/r\/artemis_product_8909_220209212413_525688.jpeg","formatted_url":"https:\/\/www.meska.hu\/p4791933-narancssarga-uvegmedal-lelekvirag","favourite":false,"in_stock":true,"avatar":"Artemis_avatar_8909_1619002516.jpg","delete_from":0,"is_enhanced_background":false,"is_enhanced":false,"product_selection_started":false,"is_active":true,"image_webp_url":"https:\/\/www.meska.hu\/img\/product\/small\/a\/r\/artemis_product_8909_220209212413_525688.webp"},{"id":"5794680","shop_id":"20592","user_id":"185854","shop_name":"hetenyieva","shop_zip":"6723","product_code":"5553099","product_name_old":null,"product_name":"K\u00e9k- feh\u00e9r-piros h\u00e1tizs\u00e1k\/k\u00e9zit\u00e1ska- v\u00edz\u00e1ll\u00f3 - val\u00f3di b\u0151rrel - pakol\u00f3s h\u00e1tizs\u00e1k - aj\u00e1nd\u00e9k -ballag\u00e1s - kismam\u00e1knak is ","category_string":"T\u00e1ska & Tok, H\u00e1tizs\u00e1k, H\u00e1tizs\u00e1k","technic_string":"Varr\u00e1s, B\u0151rm\u0171vess\u00e9g","category_1":"464","category_2":"465","category_3":"1026","category_4":"0","merged_category_1":null,"merged_category_2":null,"merged_category_3":null,"technic_1":"506","technic_2":"473","technic_3":"0","color_1":"519","color_2":"521","color_3":"523","product_description_old":null,"product_description":"S\u00f6t\u00e9tk\u00e9k v\u00edz\u00e1ll\u00f3 er\u0151s sz\u00f6vettel k\u00e9sz\u00fclt  a t\u00e1ska eleje, h\u00e1ta fekete vastag v\u00edz\u00e1ll\u00f3 sz\u00f6vet. Er\u0151s, - min\u0151s\u00e9gi alapanyagokkal k\u00e9sz\u00fclt v\u00e1rosi t\u00e1ska, 10 cm -es talpm\u00e9lys\u00e9ggel extra pakol\u00f3 fel\u00fclettel. Egyetemre, utaz\u00e1shoz, pedag\u00f3gusnak- ballag\u00e1si aj\u00e1nd\u00e9kba a legjobb v\u00e1laszt\u00e1s! Kismam\u00e1knak is praktikus, sok zsebes, egyszer\u0171en \u00e9s k\u00e9nyelmesen pakolhat\u00f3. \n\nH\u00e1t\u00e1n praktikus cipz\u00e1ras zseb tal\u00e1lhat\u00f3, ahol kulcs, telefon, k\u00e9nyelmesen elf\u00e9r. Belsej\u00e9ben 2 osztott zsebbel, ahol a legfontosabb dolgaid tarthatod, + 1 db cipz\u00e1ras zsebbel. K\u00e9zben is hordhat\u00f3 a h\u00e1tizs\u00e1k, a hosszabb f\u00fcleknek k\u00f6sz\u00f6nhet\u0151en. B\u00e9l\u00e9se 100% b\u00e9zs vastag pamutv\u00e1szon. Oldal\u00e1n piros \u00e9s feh\u00e9r marhab\u0151r d\u00edsz\u00edt\u00e9ssel, k\u00e9zif\u00fclek piros marhab\u0151rrel b\u00e9leltek.\n\nK\u00e9nyelmes, b\u00e9lelt hevederp\u00e1ntokat kapott,  minden elf\u00e9r benne, amire a h\u00e9tk\u00f6znapokon sz\u00fcks\u00e9g lehet, \u00e9s m\u00e9g egy kicsivel t\u00f6bb is:) J\u00f3 tart\u00e1s\u00fa h\u00e1tizs\u00e1k, t\u00e1skamerev\u00edt\u0151vel \u00f6sszedolgozott, b\u00e9lelt, merev\u00edtett.\n\nHossza: 40 cm \nSz\u00e9less\u00e9ge: 29 cm\nOldalsz\u00e9less\u00e9g: 10 cm\nTalp: 10 cm \nP\u00e1nt: \u00e1ll\u00edthat\u00f3, b\u00e9lelt k\u00e9nyelmes, puha hevederp\u00e1nt, nem nyomja a v\u00e1llakat.\n\nRendelhet\u0151 a h\u00e1tizs\u00e1khoz nesz\/tolltart\u00f3 - s\u00f6t\u00e9tk\u00e9k- piros-feh\u00e9r: \u00e1ra: 2.800 Ft.\n\nTiszt\u00edt\u00e1sa nedves t\u00f6rl\u0151kend\u0151vel k\u00f6nnyed\u00e9n megoldhat\u00f3. \n\nMagyar k\u00e9zm\u0171ves t\u00e1ska a mindennapokhoz:)\nK\u00f6sz\u00f6n\u00f6m a megtekint\u00e9st! Der\u0171s napot:)","price":"16990.00","unit":"db","recommended":"0","status":"1","sponsored":"0","exp_notify":"0","own_material":"0","own_material_description_old":null,"own_material_description":"","jury":"0","jury_number":"","product_nature":"","meskaracsony":"0","create_date":"2026-01-01 22:28:21","shelve_id":"48405","image":"hetenyieva_product_185854_250517154240_34488.jpeg","image_width":"480","image_height":"823","image_alt":"K\u00e9k- feh\u00e9r-piros h\u00e1tizs\u00e1k\/k\u00e9zit\u00e1ska- v\u00edz\u00e1ll\u00f3 - val\u00f3di b\u0151rrel - pakol\u00f3s h\u00e1tizs\u00e1k - aj\u00e1nd\u00e9k -ballag\u00e1s - kismam\u00e1knak is , S\u00f6t\u00e9tk\u00e9k v\u00edz\u00e1ll\u00f3 er\u0151s sz\u00f6vettel k\u00e9sz\u00fclt  a t\u00e1ska eleje, h\u00e1ta fekete vastag v\u00edz\u00e1ll\u00f3 sz\u00f6vet. Er\u0151s, - m..., Meska","image_title":"K\u00e9k- feh\u00e9r-piros h\u00e1tizs\u00e1k\/k\u00e9zit\u00e1ska- v\u00edz\u00e1ll\u00f3 - val\u00f3di b\u0151rrel - pakol\u00f3s h\u00e1tizs\u00e1k - aj\u00e1nd\u00e9k -ballag\u00e1s - kismam\u00e1knak is , Meska","view_count":"319","favourite_count":"0","trending_score":"0","last2MonthFavouriteCount":"0","promotion":"0","giftcard_accept":"1","creditcard_accept":false,"enhanced_background":"0","domain":"meska","specific_customer_id":null,"specific_customer_name":null,"to_order_product":"0","to_order_product_time":"0","product_different":null,"product_different_description":"","vintage":"0","vintage_category_id":"0","recycled":"0","gemstone_id":"0","customizable":"0","type_category":"physical","zerowaste":"0","postage_price":"1290.00","shop_order":"45","has_category":"1","landing_pages":null,"microdata":{"number":71,"category":""},"title":"K\u00e9k- feh\u00e9r-piros h\u00e1tizs\u00e1k\/k\u00e9zit\u00e1ska- v\u00edz\u00e1ll\u00f3 - val\u00f3di b\u0151rrel - pakol\u00f3s h\u00e1tizs\u00e1k - aj\u00e1nd\u00e9k -ballag\u00e1s - kismam\u00e1knak is ","description":"S\u00f6t\u00e9tk\u00e9k v\u00edz\u00e1ll\u00f3 er\u0151s sz\u00f6vettel k\u00e9sz\u00fclt  a t\u00e1ska eleje, h\u00e1ta fekete vastag v\u00edz\u00e1ll\u00f3 sz\u00f6vet. Er\u0151s, - min\u0151s\u00e9gi alapanyagokkal k\u00e9sz\u00fclt v\u00e1rosi t\u00e1ska, 10 cm -es talpm\u00e9lys\u00e9ggel extra pakol\u00f3 fel\u00fclettel. Egyetemre, utaz\u00e1shoz, pedag\u00f3gusnak- ballag\u00e1si aj\u00e1nd\u00e9kba a legjobb v\u00e1laszt\u00e1s! Kismam\u00e1knak is praktikus, sok zsebes, egyszer\u0171en \u00e9s k\u00e9nyelmesen pakolhat\u00f3. \n\nH\u00e1t\u00e1n praktikus cipz\u00e1ras zseb tal\u00e1lhat\u00f3, ahol kulcs, telefon, k\u00e9nyelmesen elf\u00e9r. Belsej\u00e9ben 2 osztott zsebbel, ahol a legfontosabb dolgaid tarthatod, + 1 db cipz\u00e1ras zsebbel. K\u00e9zben is hordhat\u00f3 a h\u00e1tizs\u00e1k, a hosszabb f\u00fcleknek k\u00f6sz\u00f6nhet\u0151en. B\u00e9l\u00e9se 100% b\u00e9zs vastag pamutv\u00e1szon. Oldal\u00e1n piros \u00e9s feh\u00e9r marhab\u0151r d\u00edsz\u00edt\u00e9ssel, k\u00e9zif\u00fclek piros marhab\u0151rrel b\u00e9leltek.\n\nK\u00e9nyelmes, b\u00e9lelt hevederp\u00e1ntokat kapott,  minden elf\u00e9r benne, amire a h\u00e9tk\u00f6znapokon sz\u00fcks\u00e9g lehet, \u00e9s m\u00e9g egy kicsivel t\u00f6bb is:) J\u00f3 tart\u00e1s\u00fa h\u00e1tizs\u00e1k, t\u00e1skamerev\u00edt\u0151vel \u00f6sszedolgozott, b\u00e9lelt, merev\u00edtett.\n\nHossza: 40 cm \nSz\u00e9less\u00e9ge: 29 cm\nOldalsz\u00e9less\u00e9g: 10 cm\nTalp: 10 cm \nP\u00e1nt: \u00e1ll\u00edthat\u00f3, b\u00e9lelt k\u00e9nyelmes, puha hevederp\u00e1nt, nem nyomja a v\u00e1llakat.\n\nRendelhet\u0151 a h\u00e1tizs\u00e1khoz nesz\/tolltart\u00f3 - s\u00f6t\u00e9tk\u00e9k- piros-feh\u00e9r: \u00e1ra: 2.800 Ft.\n\nTiszt\u00edt\u00e1sa nedves t\u00f6rl\u0151kend\u0151vel k\u00f6nnyed\u00e9n megoldhat\u00f3. \n\nMagyar k\u00e9zm\u0171ves t\u00e1ska a mindennapokhoz:)\nK\u00f6sz\u00f6n\u00f6m a megtekint\u00e9st! Der\u0171s napot:)","score":2.008666,"formatted_price":"16 990 Ft","image_url":"https:\/\/www.meska.hu\/img\/product\/small\/h\/e\/hetenyieva_product_185854_250517154240_34488.jpeg","formatted_url":"https:\/\/www.meska.hu\/p5553099-sotetkek-feher-piros-hatizsak-kezitaska-vizallo-valodi-borrel-pakolos-hatizsak-ajandek-ballagas","favourite":false,"in_stock":true,"avatar":"hetenyieva_avatar_185854_1518111413.jpg","delete_from":0,"is_enhanced_background":false,"is_enhanced":false,"product_selection_started":false,"is_active":true,"image_webp_url":"https:\/\/www.meska.hu\/img\/product\/small\/h\/e\/hetenyieva_product_185854_250517154240_34488.webp"},{"id":"4909710","shop_id":"14951","user_id":"108177","shop_name":"Karitaekszer","shop_zip":"2475","product_code":"5021422","product_name_old":null,"product_name":"Halloween F\u00fclbeval\u00f3, Frida Kahlo hal\u00e1lfejes vir\u00e1gos f\u00fclbeval\u00f3 kb.5 cm-es, Hal\u00e1l Fej l\u00f3g\u00f3s f\u00fclbeval\u00f3, Party F\u00fcli ","category_string":"\u00c9kszer, F\u00fclbeval\u00f3, L\u00f3g\u00f3 f\u00fclbeval\u00f3","technic_string":"Gy\u00f6ngyf\u0171z\u00e9s, gy\u00f6ngyh\u00edmz\u00e9s","category_1":"327","category_2":"331","category_3":"1219","category_4":"0","merged_category_1":null,"merged_category_2":null,"merged_category_3":null,"technic_1":"485","technic_2":"0","technic_3":"0","color_1":"518","color_2":"519","color_3":"534","product_description_old":null,"product_description":"Halloween F\u00fclbeval\u00f3:\nVid\u00e1m vir\u00e1gos koponya- Frida Kahlo stilus\u00fa f\u00fclbeval\u00f3. \nNagyon egyedi!\nHalloween partyn is nagy felt\u0171n\u00e9st kelthetsz vele!\nHossza: kb. 5 cm\n\nAnyaga f\u00e9m, \u00fcveg \u00e9s hovlit hal\u00e1lfej.","price":"4600.00","unit":"p\u00e1r","recommended":"0","status":"1","sponsored":"0","exp_notify":"0","own_material":"0","own_material_description_old":null,"own_material_description":"","jury":"0","jury_number":"","product_nature":"","meskaracsony":"0","create_date":"2026-01-16 07:36:17","shelve_id":"61226","image":"karitaekszer_product_108177_250207180551_498199.jpeg","image_width":"480","image_height":"480","image_alt":"Halloween F\u00fclbeval\u00f3, Frida Kahlo hal\u00e1lfejes vir\u00e1gos f\u00fclbeval\u00f3 kb.5 cm-es, Hal\u00e1l Fej l\u00f3g\u00f3s f\u00fclbeval\u00f3, Party F\u00fcli , Halloween F\u00fclbeval\u00f3:\\nVid\u00e1m vir\u00e1gos koponya- Frida Kahlo stilus\u00fa f\u00fclbeval\u00f3. \\nNagyon egyedi!\\nHalloween..., Meska","image_title":"Halloween F\u00fclbeval\u00f3, Frida Kahlo hal\u00e1lfejes vir\u00e1gos f\u00fclbeval\u00f3 kb.5 cm-es, Hal\u00e1l Fej l\u00f3g\u00f3s f\u00fclbeval\u00f3, Party F\u00fcli , Meska","view_count":"731","favourite_count":"0","trending_score":"0","last2MonthFavouriteCount":"0","promotion":"0","giftcard_accept":"0","creditcard_accept":true,"enhanced_background":"0","domain":"meska","specific_customer_id":null,"specific_customer_name":null,"to_order_product":"0","to_order_product_time":"0","product_different":null,"product_different_description":"","vintage":"0","vintage_category_id":"0","recycled":"0","gemstone_id":"0","customizable":"0","type_category":"physical","zerowaste":"0","postage_price":"1349.00","shop_order":"0","has_category":"1","landing_pages":null,"microdata":{"number":72,"category":""},"title":"Halloween F\u00fclbeval\u00f3, Frida Kahlo hal\u00e1lfejes vir\u00e1gos f\u00fclbeval\u00f3 kb.5 cm-es, Hal\u00e1l Fej l\u00f3g\u00f3s f\u00fclbeval\u00f3, Party F\u00fcli ","description":"Halloween F\u00fclbeval\u00f3:\nVid\u00e1m vir\u00e1gos koponya- Frida Kahlo stilus\u00fa f\u00fclbeval\u00f3. \nNagyon egyedi!\nHalloween partyn is nagy felt\u0171n\u00e9st kelthetsz vele!\nHossza: kb. 5 cm\n\nAnyaga f\u00e9m, \u00fcveg \u00e9s hovlit hal\u00e1lfej.","score":2.008666,"formatted_price":"4 600 Ft","image_url":"https:\/\/www.meska.hu\/img\/product\/small\/k\/a\/karitaekszer_product_108177_250207180551_498199.jpeg","formatted_url":"https:\/\/www.meska.hu\/p5021422-frida-kahlo-halalfejes-viragos-fulbevalo-kb5-cm-es-halloween-fulbevalo-halal-fej-logos-fulbevalo-party-fuli","favourite":false,"in_stock":true,"avatar":"Karitaekszer_avatar_108177_1581429378.JPG","delete_from":0,"is_enhanced_background":false,"is_enhanced":false,"product_selection_started":false,"is_active":true,"image_webp_url":"https:\/\/www.meska.hu\/img\/product\/small\/k\/a\/karitaekszer_product_108177_250207180551_498199.webp"},{"id":"3378809","shop_id":"8526","user_id":"40440","shop_name":"varabin","shop_zip":"2000","product_code":"4463865","product_name_old":null,"product_name":"Pentagramma med\u00e1l ez\u00fcstb\u0151l","category_string":"\u00c9kszer, Nyakl\u00e1nc, Med\u00e1l","technic_string":"\u00c9kszerk\u00e9sz\u00edt\u00e9s, \u00d6tv\u00f6s","category_1":"327","category_2":"337","category_3":"335","category_4":"0","merged_category_1":null,"merged_category_2":null,"merged_category_3":null,"technic_1":"477","technic_2":"496","technic_3":"0","color_1":"518","color_2":"520","color_3":"0","product_description_old":null,"product_description":" A PENTAGRAMMA val\u00f3sz\u00edn\u0171leg az egyik leggyakrabban haszn\u00e1lt szimb\u00f3lum, tal\u00e1n \u00e9ppen harmonikus form\u00e1ja \u00e9s t\u00f6k\u00e9letess\u00e9ge miatt. Minden korban \u00e9s kult\u00far\u00e1ban m\u00e1st jelk\u00e9pez: a t\u00f6k\u00e9letess\u00e9get, az \u00f6t \u0151selemet, a n\u0151i \u00e9s f\u00e9rfi princ\u00edpium egys\u00e9g\u00e9t, az \u00f6t \u00e9rz\u00e9ket, \u00e9s m\u00e9g sorolhatn\u00e1m.\nGondolj b\u00e1rmit, legyen a hited b\u00e1rmif\u00e9le, a pentagramma \u00f6nmag\u00e1ban egy letisztult, b\u00e9k\u00e9t sug\u00e1rz\u00f3 forma, amely j\u00f3l mutat a nyakadon!\n\nM\u00e9rete: 20mm\n\nHa kicsinek \u00e9rzed, 35mm-es m\u00e9retben is megtal\u00e1lhat\u00f3.\n\nA med\u00e1lhoz kieg\u00e9sz\u00edt\u0151k\u00e9nt v\u00e1laszthat\u00f3 ez\u00fcst v\u00e9gekkel \u00e9s z\u00e1rral k\u00e9sz\u00edtett b\u0151r nyakl\u00e1nc is.\n","price":"7500.00","unit":"db","recommended":"0","status":"1","sponsored":"0","exp_notify":"0","own_material":"0","own_material_description_old":null,"own_material_description":"","jury":"0","jury_number":"","product_nature":"","meskaracsony":"0","create_date":"2026-01-23 23:02:47","shelve_id":"16626","image":"varabin_product_40440_120822214627_1.JPG","image_width":"480","image_height":"360","image_alt":"Pentagramma med\u00e1l ez\u00fcstb\u0151l,  A PENTAGRAMMA val\u00f3sz\u00edn\u0171leg az egyik leggyakrabban haszn\u00e1lt szimb\u00f3lum, tal\u00e1n \u00e9ppen harmonikus form\u00e1j..., Meska","image_title":"Pentagramma med\u00e1l ez\u00fcstb\u0151l, Meska","view_count":"1516","favourite_count":"0","trending_score":"0","last2MonthFavouriteCount":"0","promotion":"0","giftcard_accept":"1","creditcard_accept":false,"enhanced_background":"0","domain":"meska","specific_customer_id":null,"specific_customer_name":null,"to_order_product":"0","to_order_product_time":"0","product_different":null,"product_different_description":"","vintage":"0","vintage_category_id":"0","recycled":"0","gemstone_id":"0","customizable":"0","type_category":"physical","zerowaste":"0","postage_price":"2390.00","shop_order":"0","has_category":"1","landing_pages":null,"microdata":{"number":73,"category":""},"title":"Pentagramma med\u00e1l ez\u00fcstb\u0151l","description":" A PENTAGRAMMA val\u00f3sz\u00edn\u0171leg az egyik leggyakrabban haszn\u00e1lt szimb\u00f3lum, tal\u00e1n \u00e9ppen harmonikus form\u00e1ja \u00e9s t\u00f6k\u00e9letess\u00e9ge miatt. Minden korban \u00e9s kult\u00far\u00e1ban m\u00e1st jelk\u00e9pez: a t\u00f6k\u00e9letess\u00e9get, az \u00f6t \u0151selemet, a n\u0151i \u00e9s f\u00e9rfi princ\u00edpium egys\u00e9g\u00e9t, az \u00f6t \u00e9rz\u00e9ket, \u00e9s m\u00e9g sorolhatn\u00e1m.\nGondolj b\u00e1rmit, legyen a hited b\u00e1rmif\u00e9le, a pentagramma \u00f6nmag\u00e1ban egy letisztult, b\u00e9k\u00e9t sug\u00e1rz\u00f3 forma, amely j\u00f3l mutat a nyakadon!\n\nM\u00e9rete: 20mm\n\nHa kicsinek \u00e9rzed, 35mm-es m\u00e9retben is megtal\u00e1lhat\u00f3.\n\nA med\u00e1lhoz kieg\u00e9sz\u00edt\u0151k\u00e9nt v\u00e1laszthat\u00f3 ez\u00fcst v\u00e9gekkel \u00e9s z\u00e1rral k\u00e9sz\u00edtett b\u0151r nyakl\u00e1nc is.\n","score":2.008666,"formatted_price":"7 500 Ft","image_url":"https:\/\/www.meska.hu\/img\/product\/small\/v\/a\/varabin_product_40440_120822214627_1.JPG","formatted_url":"https:\/\/www.meska.hu\/p4463865-pentagramma-medal-ezustbol","favourite":false,"in_stock":true,"avatar":"varabin_avatar_40440.jpg","delete_from":0,"is_enhanced_background":false,"is_enhanced":false,"product_selection_started":false,"is_active":true,"image_webp_url":"https:\/\/www.meska.hu\/img\/product\/small\/v\/a\/varabin_product_40440_120822214627_1.JPG"},{"id":"4874624","shop_id":"21536","user_id":"225268","shop_name":"Coquette","shop_zip":"1139","product_code":"5001957","product_name_old":null,"product_name":"Gardening collection 23 - val\u00f3di b\u0151r t\u00e1rca","category_string":"T\u00e1ska & Tok, P\u00e9nzt\u00e1rca & M\u00e1s tok, P\u00e9nzt\u00e1rca, N\u0151i p\u00e9nzt\u00e1rca","technic_string":"B\u0151rm\u0171vess\u00e9g, Varr\u00e1s","category_1":"464","category_2":"379","category_3":"382","category_4":"1490","merged_category_1":null,"merged_category_2":null,"merged_category_3":null,"technic_1":"473","technic_2":"506","technic_3":"0","color_1":"514","color_2":"518","color_3":"521","product_description_old":null,"product_description":"Design: \n\nKlasszikus fazonban is el\u00e9rhet\u0151 a t\u00e1rc\u00e1m n\u0151ies sz\u00ednekben, lev\u00e9l d\u00edsz\u00edt\u00e9ssel. 2 teljesen egyforma nincsen a kollekci\u00f3ban. \n\nNagy m\u00e9rete miatt hordhatod benne az irataidat, k\u00e1rty\u00e1idat, pap\u00edr \u00e9s apr\u00f3p\u00e9nzed. Ha sz\u00f3rakozni m\u00e9sz, viheted clutch-k\u00e9nt a kezedben. \n\nT\u00e1rca m\u00e9rete:\n\u00f6sszecsukva: 10x20 cm\n\nAnyaga:\nk\u00fcls\u0151: marhab\u0151r\nbels\u0151: b\u00e9l\u00e9s selyem\n\nA t\u00e1rca cipz\u00e1rral z\u00e1r\u00f3dik.\n\nK\u00e9rd\u00e9s eset\u00e9n keress nyugodtan.\n\nN\u00e9zz be hozz\u00e1m s\u0171r\u0171n, hogy ne maradj le a kollekci\u00f3 leg\u00fajabb darabjair\u00f3l. :)","price":"18800.00","unit":"db","recommended":"0","status":"1","sponsored":"0","exp_notify":"0","own_material":"0","own_material_description_old":null,"own_material_description":"","jury":"0","jury_number":"","product_nature":"","meskaracsony":"0","create_date":"2026-02-07 21:33:05","shelve_id":"49741","image":"coquette_product_225268_230617215621_542551.jpeg","image_width":"480","image_height":"340","image_alt":"Gardening collection 23 - val\u00f3di b\u0151r t\u00e1rca, Design: \\n\\nKlasszikus fazonban is el\u00e9rhet\u0151 a t\u00e1rc\u00e1m n\u0151ies sz\u00ednekben, lev\u00e9l d\u00edsz\u00edt\u00e9ssel. 2 teljesen eg..., Meska","image_title":"Gardening collection 23 - val\u00f3di b\u0151r t\u00e1rca, Meska","view_count":"1354","favourite_count":"0","trending_score":"0","last2MonthFavouriteCount":"0","promotion":"0","giftcard_accept":"1","creditcard_accept":true,"enhanced_background":"0","domain":"meska","specific_customer_id":null,"specific_customer_name":null,"to_order_product":"0","to_order_product_time":"0","product_different":null,"product_different_description":"","vintage":"0","vintage_category_id":"0","recycled":"0","gemstone_id":"0","customizable":"0","type_category":"physical","zerowaste":"0","postage_price":"1290.00","shop_order":"50","has_category":"1","landing_pages":null,"microdata":{"number":74,"category":""},"title":"Gardening collection 23 - val\u00f3di b\u0151r t\u00e1rca","description":"Design: \n\nKlasszikus fazonban is el\u00e9rhet\u0151 a t\u00e1rc\u00e1m n\u0151ies sz\u00ednekben, lev\u00e9l d\u00edsz\u00edt\u00e9ssel. 2 teljesen egyforma nincsen a kollekci\u00f3ban. \n\nNagy m\u00e9rete miatt hordhatod benne az irataidat, k\u00e1rty\u00e1idat, pap\u00edr \u00e9s apr\u00f3p\u00e9nzed. Ha sz\u00f3rakozni m\u00e9sz, viheted clutch-k\u00e9nt a kezedben. \n\nT\u00e1rca m\u00e9rete:\n\u00f6sszecsukva: 10x20 cm\n\nAnyaga:\nk\u00fcls\u0151: marhab\u0151r\nbels\u0151: b\u00e9l\u00e9s selyem\n\nA t\u00e1rca cipz\u00e1rral z\u00e1r\u00f3dik.\n\nK\u00e9rd\u00e9s eset\u00e9n keress nyugodtan.\n\nN\u00e9zz be hozz\u00e1m s\u0171r\u0171n, hogy ne maradj le a kollekci\u00f3 leg\u00fajabb darabjair\u00f3l. :)","score":2.008666,"formatted_price":"18 800 Ft","image_url":"https:\/\/www.meska.hu\/img\/product\/small\/c\/o\/coquette_product_225268_230617215621_542551.jpeg","formatted_url":"https:\/\/www.meska.hu\/p5001957-gardening-collection-23-valodi-bor-tarca","favourite":false,"in_stock":true,"avatar":"Coquette_avatar_225268_1486719626.jpg","delete_from":0,"is_enhanced_background":false,"is_enhanced":false,"product_selection_started":false,"is_active":true,"image_webp_url":"https:\/\/www.meska.hu\/img\/product\/small\/c\/o\/coquette_product_225268_230617215621_542551.webp"},{"id":"4884130","shop_id":"20592","user_id":"185854","shop_name":"hetenyieva","shop_zip":"6723","product_code":"5006908","product_name_old":null,"product_name":"Mandal\u00e1s h\u00e1tit\u00e1ska- val\u00f3di b\u0151rrel - v\u00edz\u00e1ll\u00f3 - aj\u00e1nd\u00e9k - ","category_string":"T\u00e1ska & Tok, H\u00e1tizs\u00e1k, H\u00e1tizs\u00e1k","technic_string":"Varr\u00e1s, B\u0151rm\u0171vess\u00e9g","category_1":"464","category_2":"465","category_3":"1026","category_4":"0","merged_category_1":"783","merged_category_2":"0","merged_category_3":"0","technic_1":"506","technic_2":"473","technic_3":"0","color_1":"512","color_2":"520","color_3":"532","product_description_old":null,"product_description":"Fekete marhab\u0151rrel, illetve mandala mint\u00e1s \u00e9s fekete v\u00edzleperget\u0151 gy\u00f6ngyv\u00e1szonnal k\u00e9sz\u00fclt  a t\u00e1ska eleje, h\u00e1ta fekete vastag v\u00edz\u00e1ll\u00f3 sz\u00f6vet. Er\u0151s, j\u00f3l pakolhat\u00f3 h\u00e1tizs\u00e1k.\n\nEr\u0151s, - min\u0151s\u00e9gi alapanyagokkal k\u00e9sz\u00fclt v\u00e1rosi t\u00e1ska, 10 cm -es talpm\u00e9lys\u00e9ggel j\u00f3l pakolhat\u00f3, kisebb laptop is elf\u00e9r benne. Er\u0151s marhab\u0151r k\u00e9zif\u00fcllel, fedele marhab\u0151r d\u00edsz\u00edt\u00e9ssel k\u00e9sz\u00fclt, m\u00e1gnespatenttel z\u00e1r\u00f3dik \u00e9s \u00f6sszeh\u00fazhat\u00f3 zsin\u00f3rral is. Elej\u00e9n praktikus nagy m\u00e9ret\u0171 cipz\u00e1ras zseb tal\u00e1lhat\u00f3, ahol kulcs, telefon, k\u00e9nyelmesen elf\u00e9r, nem kell a t\u00e1sk\u00e1t ki-be csatolni, k\u00f6nnyed\u00e9n el\u00e9rhet\u0151. \n\nK\u00e9nyelmes, b\u00e9lelt hevederp\u00e1ntokat kapott,  minden elf\u00e9r benne, amire a h\u00e9tk\u00f6znapokon sz\u00fcks\u00e9g lehet.  Belsej\u00e9ben pamutb\u00e9l\u00e9s \u00e9s  2 db bels\u0151zseb is tal\u00e1lhat\u00f3 ahol a legfontosabb dolgaid tarthatod. \n\nJ\u00f3 tart\u00e1s\u00fa t\u00e1ska, vatelinnel- t\u00e1skamerev\u00edt\u0151vel \u00f6sszedolgozott, 4  r\u00e9tegben b\u00e9lelt, merev\u00edtett.\n\nHossza: 38 cm \nSz\u00e9less\u00e9ge: 30- 32 cm\nTalp: 10 cm \nP\u00e1nt: \u00e1ll\u00edthat\u00f3, b\u00e9lelt k\u00e9nyelmes, puha hevederp\u00e1nt, nem nyomja a v\u00e1llakat.\n\nNeszi rendelhet\u0151: 2.500 Ft. Rendelhet\u0151 a h\u00e1tizs\u00e1k nagyobb m\u00e9retben is, 35x42 cm, \u00e1ra: 17.500  Ft\n\nK\u00e9zm\u0171ves magyar term\u00e9k. Aj\u00e1nd\u00e9knak is szeretettel aj\u00e1nlom, mert egyedi k\u00e9zm\u0171ves term\u00e9ket \u00f6r\u00f6m adni \u00e9s kapni.\n\nK\u00f6sz\u00f6n\u00f6m a megtekint\u00e9st! Der\u0171s napot:)","price":"15990.00","unit":"db","recommended":"0","status":"1","sponsored":"0","exp_notify":"0","own_material":"0","own_material_description_old":null,"own_material_description":"","jury":"0","jury_number":"","product_nature":"","meskaracsony":"0","create_date":"2026-02-26 08:05:36","shelve_id":"48405","image":"hetenyieva_product_185854_230628173018_089463.jpeg","image_width":"480","image_height":"661","image_alt":"Mandal\u00e1s h\u00e1tit\u00e1ska- val\u00f3di b\u0151rrel - v\u00edz\u00e1ll\u00f3 - aj\u00e1nd\u00e9k - , Fekete marhab\u0151rrel, illetve mandala mint\u00e1s \u00e9s fekete v\u00edzleperget\u0151 gy\u00f6ngyv\u00e1szonnal k\u00e9sz\u00fclt  a t\u00e1ska e..., Meska","image_title":"Mandal\u00e1s h\u00e1tit\u00e1ska- val\u00f3di b\u0151rrel - v\u00edz\u00e1ll\u00f3 - aj\u00e1nd\u00e9k - , Meska","view_count":"1751","favourite_count":"0","trending_score":"0","last2MonthFavouriteCount":"0","promotion":"0","giftcard_accept":"1","creditcard_accept":false,"enhanced_background":"0","domain":"meska","specific_customer_id":null,"specific_customer_name":null,"to_order_product":"1","to_order_product_time":"3","product_different":null,"product_different_description":"","vintage":"0","vintage_category_id":"0","recycled":"0","gemstone_id":"0","customizable":"0","type_category":"physical","zerowaste":"0","postage_price":"1290.00","shop_order":"57","has_category":"1","landing_pages":null,"microdata":{"number":75,"category":""},"title":"Mandal\u00e1s h\u00e1tit\u00e1ska- val\u00f3di b\u0151rrel - v\u00edz\u00e1ll\u00f3 - aj\u00e1nd\u00e9k - ","description":"Fekete marhab\u0151rrel, illetve mandala mint\u00e1s \u00e9s fekete v\u00edzleperget\u0151 gy\u00f6ngyv\u00e1szonnal k\u00e9sz\u00fclt  a t\u00e1ska eleje, h\u00e1ta fekete vastag v\u00edz\u00e1ll\u00f3 sz\u00f6vet. Er\u0151s, j\u00f3l pakolhat\u00f3 h\u00e1tizs\u00e1k.\n\nEr\u0151s, - min\u0151s\u00e9gi alapanyagokkal k\u00e9sz\u00fclt v\u00e1rosi t\u00e1ska, 10 cm -es talpm\u00e9lys\u00e9ggel j\u00f3l pakolhat\u00f3, kisebb laptop is elf\u00e9r benne. Er\u0151s marhab\u0151r k\u00e9zif\u00fcllel, fedele marhab\u0151r d\u00edsz\u00edt\u00e9ssel k\u00e9sz\u00fclt, m\u00e1gnespatenttel z\u00e1r\u00f3dik \u00e9s \u00f6sszeh\u00fazhat\u00f3 zsin\u00f3rral is. Elej\u00e9n praktikus nagy m\u00e9ret\u0171 cipz\u00e1ras zseb tal\u00e1lhat\u00f3, ahol kulcs, telefon, k\u00e9nyelmesen elf\u00e9r, nem kell a t\u00e1sk\u00e1t ki-be csatolni, k\u00f6nnyed\u00e9n el\u00e9rhet\u0151. \n\nK\u00e9nyelmes, b\u00e9lelt hevederp\u00e1ntokat kapott,  minden elf\u00e9r benne, amire a h\u00e9tk\u00f6znapokon sz\u00fcks\u00e9g lehet.  Belsej\u00e9ben pamutb\u00e9l\u00e9s \u00e9s  2 db bels\u0151zseb is tal\u00e1lhat\u00f3 ahol a legfontosabb dolgaid tarthatod. \n\nJ\u00f3 tart\u00e1s\u00fa t\u00e1ska, vatelinnel- t\u00e1skamerev\u00edt\u0151vel \u00f6sszedolgozott, 4  r\u00e9tegben b\u00e9lelt, merev\u00edtett.\n\nHossza: 38 cm \nSz\u00e9less\u00e9ge: 30- 32 cm\nTalp: 10 cm \nP\u00e1nt: \u00e1ll\u00edthat\u00f3, b\u00e9lelt k\u00e9nyelmes, puha hevederp\u00e1nt, nem nyomja a v\u00e1llakat.\n\nNeszi rendelhet\u0151: 2.500 Ft. Rendelhet\u0151 a h\u00e1tizs\u00e1k nagyobb m\u00e9retben is, 35x42 cm, \u00e1ra: 17.500  Ft\n\nK\u00e9zm\u0171ves magyar term\u00e9k. Aj\u00e1nd\u00e9knak is szeretettel aj\u00e1nlom, mert egyedi k\u00e9zm\u0171ves term\u00e9ket \u00f6r\u00f6m adni \u00e9s kapni.\n\nK\u00f6sz\u00f6n\u00f6m a megtekint\u00e9st! Der\u0171s napot:)","score":2.008666,"formatted_price":"15 990 Ft","image_url":"https:\/\/www.meska.hu\/img\/product\/small\/h\/e\/hetenyieva_product_185854_230628173018_089463.jpeg","formatted_url":"https:\/\/www.meska.hu\/p5006908-mandalas-hatitaska-valodi-borrel-vizallo-neszivel-szettben","favourite":false,"in_stock":false,"avatar":"hetenyieva_avatar_185854_1518111413.jpg","delete_from":0,"is_enhanced_background":false,"is_enhanced":false,"product_selection_started":false,"is_active":true,"image_webp_url":"https:\/\/www.meska.hu\/img\/product\/small\/h\/e\/hetenyieva_product_185854_230628173018_089463.webp"},{"id":"5228295","shop_id":"20667","user_id":"210076","shop_name":"angyaliuvegek","shop_zip":"6222","product_code":"5221345","product_name_old":null,"product_name":"Angyal l\u00e1mp\u00e1s \u00fcvegrogyaszt\u00e1ssal","category_string":"Otthon & \u00c9letm\u00f3d, L\u00e1mpa, Asztali l\u00e1mpa","technic_string":"\u00dcvegm\u0171v\u00e9szet","category_1":"813","category_2":"421","category_3":"688","category_4":"0","merged_category_1":null,"merged_category_2":null,"merged_category_3":null,"technic_1":"505","technic_2":"0","technic_3":"0","color_1":"513","color_2":"568","color_3":"529","product_description_old":null,"product_description":"Az angyalokba vetett hit m\u00e9g akkor sem felesleges, ha l\u00e9tez\u00e9s\u00fcket nehezen tudjuk elk\u00e9pzelni. Ahogyan a tenger fenek\u00e9n \u00faszk\u00e1l\u00f3 hal sem \u00e9rz\u00e9keli a madarak \u00e9nek\u00e9t, \u00fagy marad rejtve az angyalok l\u00e9tez\u00e9se a k\u00e9tked\u0151k el\u0151tt. Ett\u0151l m\u00e9g mellett\u00fcnk \u00e1llnak, ez\u00e9rt vigy\u00e1zz, mit k\u00edv\u00e1nsz! \u0150k nem az \u00f3hajaidat teljes\u00edtik, csup\u00e1n k\u00eds\u00e9rnek az \u00e1ltalad v\u00e1lasztott \u00faton.\nAz Angyal l\u00e1mp\u00e1sokat fusing (\u00fcvegolvaszt\u00e1s) technik\u00e1val k\u00e9sz\u00edtem. 800 fokon, kemenc\u00e9ben olvasztom \u00f6ssze az \u00fcvegr\u00e9tegeket. \nM\u00e9rete: 28 cm\nSzem\u00e9lyes \u00e1tv\u00e9tel: Duna\u00fajv\u00e1ros, Sz\u00e9kesfeh\u00e9rv\u00e1r, Kisk\u0151r\u00f6s v\u00e1rosokban lehets\u00e9ges. \n\n\n","price":"22000.00","unit":"db","recommended":"0","status":"1","sponsored":"0","exp_notify":"0","own_material":"0","own_material_description_old":null,"own_material_description":"","jury":"1","jury_number":"TM-B-60\/424\/2019","product_nature":"","meskaracsony":"0","create_date":"2026-02-01 16:12:21","shelve_id":"58715","image":"angyaliuvegek_product_210076_240216160237_849534.jpeg","image_width":"480","image_height":"640","image_alt":"Angyal l\u00e1mp\u00e1s \u00fcvegrogyaszt\u00e1ssal, Az angyalokba vetett hit m\u00e9g akkor sem felesleges, ha l\u00e9tez\u00e9s\u00fcket nehezen tudjuk elk\u00e9pzelni. Ahogyan..., Meska","image_title":"Angyal l\u00e1mp\u00e1s \u00fcvegrogyaszt\u00e1ssal, Meska","view_count":"1060","favourite_count":"1","trending_score":"0","last2MonthFavouriteCount":"1","promotion":"0","giftcard_accept":"1","creditcard_accept":true,"enhanced_background":"0","domain":"meska","specific_customer_id":null,"specific_customer_name":null,"to_order_product":"1","to_order_product_time":"6","product_different":null,"product_different_description":"","vintage":"0","vintage_category_id":"0","recycled":"0","gemstone_id":"0","customizable":"0","type_category":"physical","zerowaste":"0","postage_price":"2390.00","shop_order":"5","has_category":"1","landing_pages":null,"microdata":{"number":76,"category":""},"title":"Angyal l\u00e1mp\u00e1s \u00fcvegrogyaszt\u00e1ssal","description":"Az angyalokba vetett hit m\u00e9g akkor sem felesleges, ha l\u00e9tez\u00e9s\u00fcket nehezen tudjuk elk\u00e9pzelni. Ahogyan a tenger fenek\u00e9n \u00faszk\u00e1l\u00f3 hal sem \u00e9rz\u00e9keli a madarak \u00e9nek\u00e9t, \u00fagy marad rejtve az angyalok l\u00e9tez\u00e9se a k\u00e9tked\u0151k el\u0151tt. Ett\u0151l m\u00e9g mellett\u00fcnk \u00e1llnak, ez\u00e9rt vigy\u00e1zz, mit k\u00edv\u00e1nsz! \u0150k nem az \u00f3hajaidat teljes\u00edtik, csup\u00e1n k\u00eds\u00e9rnek az \u00e1ltalad v\u00e1lasztott \u00faton.\nAz Angyal l\u00e1mp\u00e1sokat fusing (\u00fcvegolvaszt\u00e1s) technik\u00e1val k\u00e9sz\u00edtem. 800 fokon, kemenc\u00e9ben olvasztom \u00f6ssze az \u00fcvegr\u00e9tegeket. \nM\u00e9rete: 28 cm\nSzem\u00e9lyes \u00e1tv\u00e9tel: Duna\u00fajv\u00e1ros, Sz\u00e9kesfeh\u00e9rv\u00e1r, Kisk\u0151r\u00f6s v\u00e1rosokban lehets\u00e9ges. \n\n\n","score":2.008666,"formatted_price":"22 000 Ft","image_url":"https:\/\/www.meska.hu\/img\/product\/small\/a\/n\/angyaliuvegek_product_210076_240216160237_849534.jpeg","formatted_url":"https:\/\/www.meska.hu\/p5221345-angyal-lampas-uvegrogyasztassal","favourite":false,"in_stock":false,"avatar":"angyaliuvegek_avatar_210076_1586888978.jpg","delete_from":0,"is_enhanced_background":false,"is_enhanced":false,"product_selection_started":false,"is_active":true,"image_webp_url":"https:\/\/www.meska.hu\/img\/product\/small\/a\/n\/angyaliuvegek_product_210076_240216160237_849534.webp"},{"id":"6109826","shop_id":"29668","user_id":"363674","shop_name":"AndiDekor","shop_zip":"8052","product_code":"5729413","product_name_old":null,"product_name":"Vir\u00e1gos nyuszis matric\u00e1k No.185","category_string":"Otthon & \u00c9letm\u00f3d, Pap\u00edr, \u00edr\u00f3szer, Matrica, matrica csomag","technic_string":"Fot\u00f3, grafika, rajz, illusztr\u00e1ci\u00f3, Pap\u00edrm\u0171v\u00e9szet","category_1":"813","category_2":"351","category_3":"1324","category_4":"0","merged_category_1":null,"merged_category_2":null,"merged_category_3":null,"technic_1":"483","technic_2":"497","technic_3":"0","color_1":"532","color_2":"0","color_3":"0","product_description_old":null,"product_description":"Vir\u00e1gos nyuszis matric\u00e1k No.185\n\nKiv\u00e1l\u00f3an alkalmas dekor\u00e1ci\u00f3s c\u00e9lokra, scrapbook-hoz, bullet journal, junk journal \u00e9s egy\u00e9b napl\u00f3k d\u00edsz\u00edt\u00e9s\u00e9re.\n\nTerm\u00e9kjellemz\u0151k:\n\n- Egyedi diz\u00e1jn\n- Matt fel\u00fclet\u0171 matrica pap\u00edr\n- 1 db 17 cm x 11,5 cm-es matrica \u00edv\n- v\u00e1g\u00f3g\u00e9ppel k\u00f6rbev\u00e1gott\n- belt\u00e9ri felhaszn\u00e1l\u00e1sra alkalmas\n\nA sz\u00e1ll\u00edt\u00e1s post\u00e1val megoldhat\u00f3, lev\u00e9lk\u00fcldem\u00e9nyk\u00e9nt, vagy k\u00e9rhet\u0151 k\u00fcl\u00f6nb\u00f6z\u0151 boxos sz\u00e1ll\u00edt\u00e1si opci\u00f3kkal (pl. Foxpost) - r\u00e9szletes inf\u00f3k a sz\u00e1ll\u00edt\u00e1s f\u00fcl\u00f6n. \n\nMinden matrica v\u00edz\u00e1ll\u00f3 celof\u00e1ntasakban \u00e9rkezik, ezzel meg\u00f3vva a term\u00e9ket a s\u00e9r\u00fcl\u00e9st\u0151l \u00e9s a nedvess\u00e9gt\u0151l.\n\nA term\u00e9kek az \u00f6sszeg be\u00e9rkez\u00e9s\u00e9t k\u00f6vet\u0151en ker\u00fclnek felad\u00e1sra.\n\nMinden v\u00e1s\u00e1rl\u00e1sr\u00f3l elektronikus sz\u00e1mla ker\u00fcl ki\u00e1ll\u00edt\u00e1sra a megadott email c\u00edmre, ezzel is ker\u00fclve a felesleges pap\u00edrhaszn\u00e1latot.                                                                                                                         ","price":"650.00","unit":"db","recommended":"0","status":"1","sponsored":"0","exp_notify":"0","own_material":"0","own_material_description_old":null,"own_material_description":"","jury":"0","jury_number":"","product_nature":"","meskaracsony":"0","create_date":"2026-02-25 16:09:58","shelve_id":"81050","image":"andidekor_product_363674_260208142540_734554.jpeg","image_width":"480","image_height":"480","image_alt":"Vir\u00e1gos nyuszis matric\u00e1k No.185, Vir\u00e1gos nyuszis matric\u00e1k No.185\\n\\nKiv\u00e1l\u00f3an alkalmas dekor\u00e1ci\u00f3s c\u00e9lokra, scrapbook-hoz, bullet journal..., Meska","image_title":"Vir\u00e1gos nyuszis matric\u00e1k No.185, Meska","view_count":"71","favourite_count":"0","trending_score":"0","last2MonthFavouriteCount":"0","promotion":"0","giftcard_accept":"1","creditcard_accept":true,"enhanced_background":"0","domain":"meska","specific_customer_id":null,"specific_customer_name":null,"to_order_product":"0","to_order_product_time":"0","product_different":null,"product_different_description":"","vintage":"0","vintage_category_id":"0","recycled":"0","gemstone_id":"0","customizable":"0","type_category":"physical","zerowaste":"0","postage_price":"1290.00","shop_order":"0","has_category":"1","landing_pages":null,"microdata":{"number":77,"category":""},"title":"Vir\u00e1gos nyuszis matric\u00e1k No.185","description":"Vir\u00e1gos nyuszis matric\u00e1k No.185\n\nKiv\u00e1l\u00f3an alkalmas dekor\u00e1ci\u00f3s c\u00e9lokra, scrapbook-hoz, bullet journal, junk journal \u00e9s egy\u00e9b napl\u00f3k d\u00edsz\u00edt\u00e9s\u00e9re.\n\nTerm\u00e9kjellemz\u0151k:\n\n- Egyedi diz\u00e1jn\n- Matt fel\u00fclet\u0171 matrica pap\u00edr\n- 1 db 17 cm x 11,5 cm-es matrica \u00edv\n- v\u00e1g\u00f3g\u00e9ppel k\u00f6rbev\u00e1gott\n- belt\u00e9ri felhaszn\u00e1l\u00e1sra alkalmas\n\nA sz\u00e1ll\u00edt\u00e1s post\u00e1val megoldhat\u00f3, lev\u00e9lk\u00fcldem\u00e9nyk\u00e9nt, vagy k\u00e9rhet\u0151 k\u00fcl\u00f6nb\u00f6z\u0151 boxos sz\u00e1ll\u00edt\u00e1si opci\u00f3kkal (pl. Foxpost) - r\u00e9szletes inf\u00f3k a sz\u00e1ll\u00edt\u00e1s f\u00fcl\u00f6n. \n\nMinden matrica v\u00edz\u00e1ll\u00f3 celof\u00e1ntasakban \u00e9rkezik, ezzel meg\u00f3vva a term\u00e9ket a s\u00e9r\u00fcl\u00e9st\u0151l \u00e9s a nedvess\u00e9gt\u0151l.\n\nA term\u00e9kek az \u00f6sszeg be\u00e9rkez\u00e9s\u00e9t k\u00f6vet\u0151en ker\u00fclnek felad\u00e1sra.\n\nMinden v\u00e1s\u00e1rl\u00e1sr\u00f3l elektronikus sz\u00e1mla ker\u00fcl ki\u00e1ll\u00edt\u00e1sra a megadott email c\u00edmre, ezzel is ker\u00fclve a felesleges pap\u00edrhaszn\u00e1latot.                                                                                                                         ","score":2.008666,"formatted_price":"650 Ft","image_url":"https:\/\/www.meska.hu\/img\/product\/small\/a\/n\/andidekor_product_363674_260208142540_734554.jpeg","formatted_url":"https:\/\/www.meska.hu\/p5729413-viragos-nyuszis-matricak-no185","favourite":false,"in_stock":true,"avatar":"363674_avatar_1686388732.jpeg","delete_from":0,"is_enhanced_background":false,"is_enhanced":false,"product_selection_started":false,"is_active":true,"image_webp_url":"https:\/\/www.meska.hu\/img\/product\/small\/a\/n\/andidekor_product_363674_260208142540_734554.webp"},{"id":"6079405","shop_id":"29668","user_id":"363674","shop_name":"AndiDekor","shop_zip":"8052","product_code":"5708489","product_name_old":null,"product_name":"Pitypangos matric\u00e1k No.106","category_string":"Otthon & \u00c9letm\u00f3d, Pap\u00edr, \u00edr\u00f3szer, Matrica, matrica csomag","technic_string":"Fot\u00f3, grafika, rajz, illusztr\u00e1ci\u00f3, Pap\u00edrm\u0171v\u00e9szet","category_1":"813","category_2":"351","category_3":"1324","category_4":"0","merged_category_1":null,"merged_category_2":null,"merged_category_3":null,"technic_1":"483","technic_2":"497","technic_3":"0","color_1":"532","color_2":"0","color_3":"0","product_description_old":null,"product_description":"Pitypangos matric\u00e1k No.106\n\nKiv\u00e1l\u00f3an alkalmas dekor\u00e1ci\u00f3s c\u00e9lokra, scrapbook-hoz, bullet journal, junk journal \u00e9s egy\u00e9b napl\u00f3k d\u00edsz\u00edt\u00e9s\u00e9re.\n\nTerm\u00e9kjellemz\u0151k:\n\n- Egyedi diz\u00e1jn\n- Matt fel\u00fclet\u0171 matrica pap\u00edr\n- 1 db 17 cm x 11,5 cm-es matrica \u00edv\n- v\u00e1g\u00f3g\u00e9ppel k\u00f6rbev\u00e1gott\n- belt\u00e9ri felhaszn\u00e1l\u00e1sra alkalmas\n\nA sz\u00e1ll\u00edt\u00e1s post\u00e1val megoldhat\u00f3, lev\u00e9lk\u00fcldem\u00e9nyk\u00e9nt, vagy k\u00e9rhet\u0151 k\u00fcl\u00f6nb\u00f6z\u0151 boxos sz\u00e1ll\u00edt\u00e1si opci\u00f3kkal (pl. Foxpost) - r\u00e9szletes inf\u00f3k a sz\u00e1ll\u00edt\u00e1s f\u00fcl\u00f6n. \n\nMinden matrica v\u00edz\u00e1ll\u00f3 celof\u00e1ntasakban \u00e9rkezik, ezzel meg\u00f3vva a term\u00e9ket a s\u00e9r\u00fcl\u00e9st\u0151l \u00e9s a nedvess\u00e9gt\u0151l.\n\nA term\u00e9kek az \u00f6sszeg be\u00e9rkez\u00e9s\u00e9t k\u00f6vet\u0151en ker\u00fclnek felad\u00e1sra.\n\nMinden v\u00e1s\u00e1rl\u00e1sr\u00f3l elektronikus sz\u00e1mla ker\u00fcl ki\u00e1ll\u00edt\u00e1sra a megadott email c\u00edmre, ezzel is ker\u00fclve a felesleges pap\u00edrhaszn\u00e1latot.                                                                                                                         ","price":"650.00","unit":"db","recommended":"0","status":"1","sponsored":"0","exp_notify":"0","own_material":"0","own_material_description_old":null,"own_material_description":"","jury":"0","jury_number":"","product_nature":"","meskaracsony":"0","create_date":"2026-02-26 08:57:39","shelve_id":"81050","image":"andidekor_product_363674_260117183349_640791.jpeg","image_width":"480","image_height":"480","image_alt":"Pitypangos matric\u00e1k No.106, Pitypangos matric\u00e1k No.106\\n\\nKiv\u00e1l\u00f3an alkalmas dekor\u00e1ci\u00f3s c\u00e9lokra, scrapbook-hoz, bullet journal, jun..., Meska","image_title":"Pitypangos matric\u00e1k No.106, Meska","view_count":"67","favourite_count":"0","trending_score":"0","last2MonthFavouriteCount":"0","promotion":"0","giftcard_accept":"1","creditcard_accept":true,"enhanced_background":"0","domain":"meska","specific_customer_id":null,"specific_customer_name":null,"to_order_product":"0","to_order_product_time":"0","product_different":null,"product_different_description":"","vintage":"0","vintage_category_id":"0","recycled":"0","gemstone_id":"0","customizable":"0","type_category":"physical","zerowaste":"0","postage_price":"1290.00","shop_order":"0","has_category":"1","landing_pages":null,"microdata":{"number":78,"category":""},"title":"Pitypangos matric\u00e1k No.106","description":"Pitypangos matric\u00e1k No.106\n\nKiv\u00e1l\u00f3an alkalmas dekor\u00e1ci\u00f3s c\u00e9lokra, scrapbook-hoz, bullet journal, junk journal \u00e9s egy\u00e9b napl\u00f3k d\u00edsz\u00edt\u00e9s\u00e9re.\n\nTerm\u00e9kjellemz\u0151k:\n\n- Egyedi diz\u00e1jn\n- Matt fel\u00fclet\u0171 matrica pap\u00edr\n- 1 db 17 cm x 11,5 cm-es matrica \u00edv\n- v\u00e1g\u00f3g\u00e9ppel k\u00f6rbev\u00e1gott\n- belt\u00e9ri felhaszn\u00e1l\u00e1sra alkalmas\n\nA sz\u00e1ll\u00edt\u00e1s post\u00e1val megoldhat\u00f3, lev\u00e9lk\u00fcldem\u00e9nyk\u00e9nt, vagy k\u00e9rhet\u0151 k\u00fcl\u00f6nb\u00f6z\u0151 boxos sz\u00e1ll\u00edt\u00e1si opci\u00f3kkal (pl. Foxpost) - r\u00e9szletes inf\u00f3k a sz\u00e1ll\u00edt\u00e1s f\u00fcl\u00f6n. \n\nMinden matrica v\u00edz\u00e1ll\u00f3 celof\u00e1ntasakban \u00e9rkezik, ezzel meg\u00f3vva a term\u00e9ket a s\u00e9r\u00fcl\u00e9st\u0151l \u00e9s a nedvess\u00e9gt\u0151l.\n\nA term\u00e9kek az \u00f6sszeg be\u00e9rkez\u00e9s\u00e9t k\u00f6vet\u0151en ker\u00fclnek felad\u00e1sra.\n\nMinden v\u00e1s\u00e1rl\u00e1sr\u00f3l elektronikus sz\u00e1mla ker\u00fcl ki\u00e1ll\u00edt\u00e1sra a megadott email c\u00edmre, ezzel is ker\u00fclve a felesleges pap\u00edrhaszn\u00e1latot.                                                                                                                         ","score":2.008666,"formatted_price":"650 Ft","image_url":"https:\/\/www.meska.hu\/img\/product\/small\/a\/n\/andidekor_product_363674_260117183349_640791.jpeg","formatted_url":"https:\/\/www.meska.hu\/p5708489-pitypangos-matricak-no106","favourite":false,"in_stock":true,"avatar":"363674_avatar_1686388732.jpeg","delete_from":0,"is_enhanced_background":false,"is_enhanced":false,"product_selection_started":false,"is_active":true,"image_webp_url":"https:\/\/www.meska.hu\/img\/product\/small\/a\/n\/andidekor_product_363674_260117183349_640791.webp"},{"id":"1537799","shop_id":"1992","user_id":"6848","shop_name":"gyike","shop_zip":"7763","product_code":"2646343","product_name_old":null,"product_name":"Mappa","category_string":"Otthon & \u00c9letm\u00f3d, Pap\u00edr, \u00edr\u00f3szer, Mappa","technic_string":"Mindenm\u00e1s, Varr\u00e1s","category_1":"813","category_2":"351","category_3":"1003","category_4":"0","merged_category_1":"0","merged_category_2":"0","merged_category_3":"0","technic_1":"493","technic_2":"506","technic_3":"0","color_1":"529","color_2":"0","color_3":"0","product_description_old":null,"product_description":"Kecskeb\u0151rrel bor\u00edtott, k\u00e9zzel festett \u00e9s k\u00e9zzel varrott, dombor\u00edtott d\u00edsz\u00edt\u00e9s\u0171 \u00edr\u00f3mappa.\nM\u00e9rete:23X33X3cm\nA sz\u00e9lei behajtottak. \nBel\u00fcl az egyik oldalon f\u00fczet illetve pap\u00edrlapok t\u00e1rol\u00e1s\u00e1ra alkalmas zseb, bal oldalon pedig egym\u00e1s f\u00f6l\u00f6tt a mappa alj\u00e1t\u00f3l a tetej\u00e9ig elhelyezett k\u00e1rtyatart\u00f3 zsebek tal\u00e1lhat\u00f3k.\nB\u00e9l\u00e9se textil.\nA mappa merevs\u00e9g\u00e9t, tart\u00e1s\u00e1t karton biztos\u00edtja. \nA mappa egy b\u0151r nyelvvel, \u00e9s b\u00fajtat\u00f3val z\u00e1r\u00f3dik. ","price":"48000.00","unit":"db","recommended":"0","status":"1","sponsored":"0","exp_notify":"0","own_material":"0","own_material_description_old":null,"own_material_description":"","jury":"1","jury_number":"MB 213 2014","product_nature":"","meskaracsony":"0","create_date":"2025-12-29 23:37:27","shelve_id":"0","image":"gyike_product_6848_161030164133_1.JPG","image_width":"480","image_height":"854","image_alt":"Mappa, Kecskeb\u0151rrel bor\u00edtott, k\u00e9zzel festett \u00e9s k\u00e9zzel varrott, dombor\u00edtott d\u00edsz\u00edt\u00e9s\u0171 \u00edr\u00f3mappa.\\nM\u00e9rete:23X3..., Meska","image_title":"Mappa, Meska","view_count":"993","favourite_count":"0","trending_score":"0","last2MonthFavouriteCount":"0","promotion":"0","giftcard_accept":"0","creditcard_accept":true,"enhanced_background":"0","domain":"meska","specific_customer_id":null,"specific_customer_name":null,"to_order_product":"1","to_order_product_time":"60","product_different":"not_different","product_different_description":"","vintage":"0","vintage_category_id":"0","recycled":"0","gemstone_id":"0","customizable":"0","type_category":"physical","zerowaste":"0","postage_price":"2390.00","shop_order":"0","has_category":"1","landing_pages":null,"microdata":{"number":79,"category":""},"title":"Mappa","description":"Kecskeb\u0151rrel bor\u00edtott, k\u00e9zzel festett \u00e9s k\u00e9zzel varrott, dombor\u00edtott d\u00edsz\u00edt\u00e9s\u0171 \u00edr\u00f3mappa.\nM\u00e9rete:23X33X3cm\nA sz\u00e9lei behajtottak. \nBel\u00fcl az egyik oldalon f\u00fczet illetve pap\u00edrlapok t\u00e1rol\u00e1s\u00e1ra alkalmas zseb, bal oldalon pedig egym\u00e1s f\u00f6l\u00f6tt a mappa alj\u00e1t\u00f3l a tetej\u00e9ig elhelyezett k\u00e1rtyatart\u00f3 zsebek tal\u00e1lhat\u00f3k.\nB\u00e9l\u00e9se textil.\nA mappa merevs\u00e9g\u00e9t, tart\u00e1s\u00e1t karton biztos\u00edtja. \nA mappa egy b\u0151r nyelvvel, \u00e9s b\u00fajtat\u00f3val z\u00e1r\u00f3dik. ","score":2.008666,"formatted_price":"48 000 Ft","image_url":"https:\/\/www.meska.hu\/img\/product\/small\/g\/y\/gyike_product_6848_161030164133_1.JPG","formatted_url":"https:\/\/www.meska.hu\/p2646343-mappa","favourite":false,"in_stock":false,"avatar":"gyike_avatar_6848_1617654552.jpg","delete_from":0,"is_enhanced_background":false,"is_enhanced":false,"product_selection_started":false,"is_active":true,"image_webp_url":"https:\/\/www.meska.hu\/img\/product\/small\/g\/y\/gyike_product_6848_161030164133_1.JPG"},{"id":"1538293","shop_id":"1992","user_id":"6848","shop_name":"gyike","shop_zip":"7763","product_code":"4490036","product_name_old":null,"product_name":"\u00d6v","category_string":"Ruha & Divat, \u00d6v & \u00d6vcsat, \u00d6v","technic_string":"Mindenm\u00e1s, Varr\u00e1s","category_1":"806","category_2":"769","category_3":"391","category_4":"0","merged_category_1":"0","merged_category_2":"0","merged_category_3":"0","technic_1":"493","technic_2":"506","technic_3":"0","color_1":"514","color_2":"529","color_3":"0","product_description_old":null,"product_description":"Ez egy r\u00e9gi, hagyom\u00e1nyos t\u00e1rol\u00f3 \u00f6v mai v\u00e1ltozata.\nValamikor f\u00e9rfiak viselt\u00e9k.\nA k\u00e9pen l\u00e1that\u00f3 \u00f6v cs\u00edp\u0151n viselhet\u0151., m\u00e9rete: 92-98 cm. Term\u00e9szetesen k\u00e9sz\u00fclhet nagyobb \u00e9s kisebb m\u00e9terben is, \u00e9s m\u00e1s sz\u00edn\u00e1ll\u00e1sban is.\nD\u00edsz\u00edtm\u00e9nye szironyoz\u00e1s \u00e9s egy\u00e9b hagyom\u00e1nyos elj\u00e1r\u00e1sok.\nAz \u00f6v k\u00f6z\u00e9ps\u0151 r\u00e9sze egy hossz\u00fa cs\u0151, melyben p\u00e9nzt, pap\u00edrokat , k\u00e1rty\u00e1kat lehet t\u00e1rolni, hordozni.\nAz \u00f6v oldalt csattal z\u00e1r\u00f3dik.\nEgyszer\u0171 ruh\u00e1nak, tunik\u00e1nak mutat\u00f3s kieg\u00e9sz\u00edt\u0151je lehet.\nA k\u00e9pen l\u00e1that\u00f3 \u00f6v n\u0151i viseletre k\u00e9sz\u00fclt, de m\u00e1s mint\u00e1val  \u00e9s m\u00e9retben k\u00e9sz\u00fclhet f\u00e9rfiak sz\u00e1m\u00e1ra is.","price":"54500.00","unit":"db","recommended":"0","status":"1","sponsored":"0","exp_notify":"0","own_material":"0","own_material_description_old":null,"own_material_description":"","jury":"1","jury_number":"HA 304 2016","product_nature":"","meskaracsony":"0","create_date":"2025-12-29 22:37:33","shelve_id":"0","image":"gyike_product_6848_161030191046_1.JPG","image_width":"480","image_height":"320","image_alt":"\u00d6v, Ez egy r\u00e9gi, hagyom\u00e1nyos t\u00e1rol\u00f3 \u00f6v mai v\u00e1ltozata.\\nValamikor f\u00e9rfiak viselt\u00e9k.\\nA k\u00e9pen l\u00e1that\u00f3 \u00f6v cs\u00ed..., Meska","image_title":"\u00d6v, Meska","view_count":"1040","favourite_count":"0","trending_score":"0","last2MonthFavouriteCount":"0","promotion":"0","giftcard_accept":"0","creditcard_accept":true,"enhanced_background":"0","domain":"meska","specific_customer_id":null,"specific_customer_name":null,"to_order_product":"1","to_order_product_time":"60","product_different":"quite_different","product_different_description":"Csup\u00e1n a b\u0151r sz\u00edn\u00e9ben minim\u00e1lis \u00e1rnyalatnyi elt\u00e9r\u00e9ssel k\u00e9sz\u00fcl.","vintage":"0","vintage_category_id":"0","recycled":"0","gemstone_id":"0","customizable":"0","type_category":"physical","zerowaste":"0","postage_price":"2390.00","shop_order":"0","has_category":"1","landing_pages":null,"microdata":{"number":80,"category":""},"title":"\u00d6v","description":"Ez egy r\u00e9gi, hagyom\u00e1nyos t\u00e1rol\u00f3 \u00f6v mai v\u00e1ltozata.\nValamikor f\u00e9rfiak viselt\u00e9k.\nA k\u00e9pen l\u00e1that\u00f3 \u00f6v cs\u00edp\u0151n viselhet\u0151., m\u00e9rete: 92-98 cm. Term\u00e9szetesen k\u00e9sz\u00fclhet nagyobb \u00e9s kisebb m\u00e9terben is, \u00e9s m\u00e1s sz\u00edn\u00e1ll\u00e1sban is.\nD\u00edsz\u00edtm\u00e9nye szironyoz\u00e1s \u00e9s egy\u00e9b hagyom\u00e1nyos elj\u00e1r\u00e1sok.\nAz \u00f6v k\u00f6z\u00e9ps\u0151 r\u00e9sze egy hossz\u00fa cs\u0151, melyben p\u00e9nzt, pap\u00edrokat , k\u00e1rty\u00e1kat lehet t\u00e1rolni, hordozni.\nAz \u00f6v oldalt csattal z\u00e1r\u00f3dik.\nEgyszer\u0171 ruh\u00e1nak, tunik\u00e1nak mutat\u00f3s kieg\u00e9sz\u00edt\u0151je lehet.\nA k\u00e9pen l\u00e1that\u00f3 \u00f6v n\u0151i viseletre k\u00e9sz\u00fclt, de m\u00e1s mint\u00e1val  \u00e9s m\u00e9retben k\u00e9sz\u00fclhet f\u00e9rfiak sz\u00e1m\u00e1ra is.","score":2.008666,"formatted_price":"54 500 Ft","image_url":"https:\/\/www.meska.hu\/img\/product\/small\/g\/y\/gyike_product_6848_161030191046_1.JPG","formatted_url":"https:\/\/www.meska.hu\/p4490036-ov","favourite":false,"in_stock":false,"avatar":"gyike_avatar_6848_1617654552.jpg","delete_from":0,"is_enhanced_background":false,"is_enhanced":false,"product_selection_started":false,"is_active":true,"image_webp_url":"https:\/\/www.meska.hu\/img\/product\/small\/g\/y\/gyike_product_6848_161030191046_1.JPG"},{"id":"1538054","shop_id":"1992","user_id":"6848","shop_name":"gyike","shop_zip":"7763","product_code":"2646663","product_name_old":null,"product_name":"Zacsk\u00f3","category_string":"T\u00e1ska & Tok, Neszesszer","technic_string":"Varr\u00e1s","category_1":"464","category_2":"467","category_3":"0","category_4":"0","merged_category_1":"783","merged_category_2":"0","merged_category_3":"0","technic_1":"506","technic_2":"0","technic_3":"0","color_1":"514","color_2":"529","color_3":"0","product_description_old":null,"product_description":"A b\u0151rzacsk\u00f3 eleje \u00e9s h\u00e1ta nat\u00far marhab\u0151rb\u0151l k\u00e9sz\u00fclt.\nM\u00e9rete:9X13X6 cm.\nAz oldalai pedig z\u00f6ld sz\u00edn\u0171, puha kecske b\u0151rb\u0151l.\nA zacsk\u00f3 elej\u00e9n k\u00e9zi varr\u00e1s\u00fa minta l\u00e1that\u00f3.\nA zacsk\u00f3 sz\u00e9lei barna b\u0151rrel szegettek.\nA zacsk\u00f3 \u00f6sszer\u00e1nt\u00f3 sz\u00edja b\u0151r sodrat, k\u00e9t v\u00e9g\u00e9n b\u0151r pillang\u00f3kkal.\nA b\u0151r \u00f6sszer\u00e1nt\u00f3 sz\u00edjjal \u00f6vre vagy t\u00e1sk\u00e1ra is akaszthat\u00f3.\nB\u0151rrel b\u00e9lelt.\n","price":"28500.00","unit":"db","recommended":"0","status":"1","sponsored":"0","exp_notify":"0","own_material":"0","own_material_description_old":null,"own_material_description":"","jury":"0","jury_number":"","product_nature":"","meskaracsony":"0","create_date":"2025-12-29 23:37:37","shelve_id":"0","image":"gyike_product_6848_161030182141_1.JPG","image_width":"480","image_height":"269","image_alt":"Zacsk\u00f3, A b\u0151rzacsk\u00f3 eleje \u00e9s h\u00e1ta nat\u00far marhab\u0151rb\u0151l k\u00e9sz\u00fclt.\\nM\u00e9rete:9X13X6 cm.\\nAz oldalai pedig z\u00f6ld sz\u00edn\u0171, ..., Meska","image_title":"Zacsk\u00f3, Meska","view_count":"892","favourite_count":"0","trending_score":"0","last2MonthFavouriteCount":"0","promotion":"0","giftcard_accept":"0","creditcard_accept":true,"enhanced_background":"0","domain":"meska","specific_customer_id":null,"specific_customer_name":null,"to_order_product":"1","to_order_product_time":"30","product_different":null,"product_different_description":"","vintage":"0","vintage_category_id":"0","recycled":"0","gemstone_id":"0","customizable":"0","type_category":"physical","zerowaste":"0","postage_price":"1290.00","shop_order":"0","has_category":"1","landing_pages":null,"microdata":{"number":81,"category":""},"title":"Zacsk\u00f3","description":"A b\u0151rzacsk\u00f3 eleje \u00e9s h\u00e1ta nat\u00far marhab\u0151rb\u0151l k\u00e9sz\u00fclt.\nM\u00e9rete:9X13X6 cm.\nAz oldalai pedig z\u00f6ld sz\u00edn\u0171, puha kecske b\u0151rb\u0151l.\nA zacsk\u00f3 elej\u00e9n k\u00e9zi varr\u00e1s\u00fa minta l\u00e1that\u00f3.\nA zacsk\u00f3 sz\u00e9lei barna b\u0151rrel szegettek.\nA zacsk\u00f3 \u00f6sszer\u00e1nt\u00f3 sz\u00edja b\u0151r sodrat, k\u00e9t v\u00e9g\u00e9n b\u0151r pillang\u00f3kkal.\nA b\u0151r \u00f6sszer\u00e1nt\u00f3 sz\u00edjjal \u00f6vre vagy t\u00e1sk\u00e1ra is akaszthat\u00f3.\nB\u0151rrel b\u00e9lelt.\n","score":2.008666,"formatted_price":"28 500 Ft","image_url":"https:\/\/www.meska.hu\/img\/product\/small\/g\/y\/gyike_product_6848_161030182141_1.JPG","formatted_url":"https:\/\/www.meska.hu\/p2646663-zacsko","favourite":false,"in_stock":false,"avatar":"gyike_avatar_6848_1617654552.jpg","delete_from":0,"is_enhanced_background":false,"is_enhanced":false,"product_selection_started":false,"is_active":true,"image_webp_url":"https:\/\/www.meska.hu\/img\/product\/small\/g\/y\/gyike_product_6848_161030182141_1.JPG"},{"id":"3072113","shop_id":"8514","user_id":"40710","shop_name":"ntakeramia","shop_zip":"8200","product_code":"4616034","product_name_old":null,"product_name":"Barna \u00e9s ekr\u00fc egyedi ker\u00e1mia utca n\u00e9vt\u00e1bla","category_string":"Otthon & \u00c9letm\u00f3d, H\u00e1z & Kert, H\u00e1zsz\u00e1m","technic_string":"Ker\u00e1mia","category_1":"813","category_2":"897","category_3":"431","category_4":"0","merged_category_1":null,"merged_category_2":null,"merged_category_3":null,"technic_1":"489","technic_2":"0","technic_3":"0","color_1":"514","color_2":"515","color_3":"0","product_description_old":null,"product_description":"\nEgyedi st\u00edlusos utca \u00e9s h\u00e1zsz\u00e1mt\u00e1bla.\nMindenhol j\u00f3 de legjobb OTTHON!\nEgy hossz\u00fa f\u00e1raszt\u00f3 nap ut\u00e1n mindenki \u00f6r\u00fcl ha v\u00e9gre bel\u00e9phet otthon\u00e1ba,\u00e9s ki ne \u00f6r\u00fclne ha egy ilyen kedves t\u00e1bla fogadn\u00e1!\n\nFeh\u00e9r agyagb\u00f3l k\u00e9sz\u00fclt, m\u00e1zalatti fest\u00e9kkel, sz\u00edntelen, vagy sz\u00ednes m\u00e1zzal, magas t\u0171z\u0151n, k\u00e9tszer \u00e9getve.\nK\u00edv\u00e1ns\u00e1g szerinti felirattal , \u00e9s mot\u00edvummal k\u00e9sz\u00edtek kidomborodott, festett, vagy csak festet, m\u00e1zas, utcan\u00e9v t\u00e1bl\u00e1t.\nSaj\u00e1t egyedi tervez\u00e9s a ker\u00e1mia \u00e9s saj\u00e1t egyedi tervez\u00e9s \u00e9s k\u00e9zi fest\u00e9s a minta.\n\nM\u00e9ret\nKb. 33 X 25 cm\nKb.1,8 kg\n\n\nMegbesz\u00e9l\u00e9st\u0151l sz\u00e1m\u00edtva kb. 3-4 h\u00e9t az elk\u00e9sz\u00fcl\u00e9s ideje.\n\nRendel\u00e9s el\u0151tt k\u00e9rlek bels\u0151 \u00fczenetben keress!!!!!\nEgyedi minta\"egyedi \u00e1r.\n\nMinden 100% ban k\u00e9zzel k\u00e9sz\u00fclt:))\n\nK\u00f6sz\u00f6n\u00f6m hogy ben\u00e9zt\u00e9l!","price":"18500.00","unit":"db","recommended":"0","status":"1","sponsored":"0","exp_notify":"0","own_material":"0","own_material_description_old":null,"own_material_description":"","jury":"0","jury_number":"","product_nature":"","meskaracsony":"0","create_date":"2025-12-30 15:41:38","shelve_id":"19622","image":"ntakeramia_product_40710_201031072146_845381.jpeg","image_width":"480","image_height":"548","image_alt":"Barna \u00e9s ekr\u00fc egyedi ker\u00e1mia utca n\u00e9vt\u00e1bla, \\nEgyedi st\u00edlusos utca \u00e9s h\u00e1zsz\u00e1mt\u00e1bla.\\nMindenhol j\u00f3 de legjobb OTTHON!\\nEgy hossz\u00fa f\u00e1raszt\u00f3 nap ut\u00e1n ..., Meska","image_title":"Barna \u00e9s ekr\u00fc egyedi ker\u00e1mia utca n\u00e9vt\u00e1bla, Meska","view_count":"1663","favourite_count":"0","trending_score":"0","last2MonthFavouriteCount":"0","promotion":"0","giftcard_accept":"0","creditcard_accept":false,"enhanced_background":"0","domain":"meska","specific_customer_id":null,"specific_customer_name":null,"to_order_product":"1","to_order_product_time":"19","product_different":"quite_different","product_different_description":"Egyedi ker\u00e1mia","vintage":"0","vintage_category_id":"0","recycled":"0","gemstone_id":"0","customizable":"0","type_category":"physical","zerowaste":"0","postage_price":"1990.00","shop_order":"185","has_category":"1","landing_pages":null,"microdata":{"number":82,"category":""},"title":"Barna \u00e9s ekr\u00fc egyedi ker\u00e1mia utca n\u00e9vt\u00e1bla","description":"\nEgyedi st\u00edlusos utca \u00e9s h\u00e1zsz\u00e1mt\u00e1bla.\nMindenhol j\u00f3 de legjobb OTTHON!\nEgy hossz\u00fa f\u00e1raszt\u00f3 nap ut\u00e1n mindenki \u00f6r\u00fcl ha v\u00e9gre bel\u00e9phet otthon\u00e1ba,\u00e9s ki ne \u00f6r\u00fclne ha egy ilyen kedves t\u00e1bla fogadn\u00e1!\n\nFeh\u00e9r agyagb\u00f3l k\u00e9sz\u00fclt, m\u00e1zalatti fest\u00e9kkel, sz\u00edntelen, vagy sz\u00ednes m\u00e1zzal, magas t\u0171z\u0151n, k\u00e9tszer \u00e9getve.\nK\u00edv\u00e1ns\u00e1g szerinti felirattal , \u00e9s mot\u00edvummal k\u00e9sz\u00edtek kidomborodott, festett, vagy csak festet, m\u00e1zas, utcan\u00e9v t\u00e1bl\u00e1t.\nSaj\u00e1t egyedi tervez\u00e9s a ker\u00e1mia \u00e9s saj\u00e1t egyedi tervez\u00e9s \u00e9s k\u00e9zi fest\u00e9s a minta.\n\nM\u00e9ret\nKb. 33 X 25 cm\nKb.1,8 kg\n\n\nMegbesz\u00e9l\u00e9st\u0151l sz\u00e1m\u00edtva kb. 3-4 h\u00e9t az elk\u00e9sz\u00fcl\u00e9s ideje.\n\nRendel\u00e9s el\u0151tt k\u00e9rlek bels\u0151 \u00fczenetben keress!!!!!\nEgyedi minta\"egyedi \u00e1r.\n\nMinden 100% ban k\u00e9zzel k\u00e9sz\u00fclt:))\n\nK\u00f6sz\u00f6n\u00f6m hogy ben\u00e9zt\u00e9l!","score":2.008666,"formatted_price":"18 500 Ft","image_url":"https:\/\/www.meska.hu\/img\/product\/small\/n\/t\/ntakeramia_product_40710_201031072146_845381.jpeg","formatted_url":"https:\/\/www.meska.hu\/p4616034-barna-es-ekru-egyedi-keramia-utca-nevtabla","favourite":false,"in_stock":false,"avatar":"ntakeramia_avatar_40710_1569066083.JPG","delete_from":0,"is_enhanced_background":false,"is_enhanced":false,"product_selection_started":false,"is_active":true,"image_webp_url":"https:\/\/www.meska.hu\/img\/product\/small\/n\/t\/ntakeramia_product_40710_201031072146_845381.webp"},{"id":"3082268","shop_id":"8514","user_id":"40710","shop_name":"ntakeramia","shop_zip":"8200","product_code":"4631374","product_name_old":null,"product_name":"Kankalinos ker\u00e1mia h\u00e1zsz\u00e1m t\u00e1bla","category_string":"Otthon & \u00c9letm\u00f3d, H\u00e1z & Kert, H\u00e1zsz\u00e1m","technic_string":"Ker\u00e1mia","category_1":"813","category_2":"897","category_3":"431","category_4":"0","merged_category_1":null,"merged_category_2":null,"merged_category_3":null,"technic_1":"489","technic_2":"0","technic_3":"0","color_1":"515","color_2":"568","color_3":"529","product_description_old":null,"product_description":"Egy j\u00f3l v\u00e1lasztott egyedi utca vagy h\u00e1zsz\u00e1m kiemeli hangs\u00falyozza otthonunk.\nEhhez pr\u00f3b\u00e1lok seg\u00edts\u00e9get ny\u00fajtani.\nEgyedi h\u00e1z \u00e9s utcan\u00e9vt\u00e1bl\u00e1kat k\u00e9sz\u00edt\u00fcnk azoknak akik szeretik az egyedit a st\u00edlusosat.\n\nFeh\u00e9r agyagb\u00f3l k\u00e9sz\u00edtettem ezt az egyedi h\u00e1zsz\u00e1mt\u00e1bl\u00e1t. 2 X \u00e9getem magas h\u0151m\u00e9rs\u00e9kleten \u00edgy lesz id\u0151j\u00e1r\u00e1s \u00e1ll\u00f3.\nSaj\u00e1t egyedi tervez\u00e9s \u00e9s k\u00e9sz\u00edt\u00e9s a ker\u00e1mia \u00e9s saj\u00e1t egyedi tervez\u00e9s \u00e9s k\u00e9zi fest\u00e9s a minta.\nM\u00e9ret:\n20 X 10 cm a h\u00e1zsz\u00e1m  1 t\u00e1bl\u00e1ra 1 sz\u00e1mot \u00edrok\n+ t\u00e1bla rendelhet\u0151 3.500 Ft \/db\nA dekor cs\u00edkok 20 X 5 cm\n\nAz \u00e1r elt\u00e9rhet..f\u00fcgg a fest\u00e9s t\u00e9m\u00e1j\u00e1t\u00f3l...a kidolgoz\u00e1st\u00f3l.\nEz\u00e9rt k\u00e9rlek a kos\u00e1rba helyez\u00e9s el\u0151tt ,bels\u0151 \u00fczenetben keress.\nAz egyedi t\u00e1bl\u00e1r\u00f3l ,mindig rajzos skiccet k\u00e9sz\u00edtek.\n\n\nK\u00f6sz\u00f6n\u00f6m hogy ben\u00e9zt\u00e9l.\n\n\n","price":"9000.00","unit":"garn","recommended":"0","status":"1","sponsored":"0","exp_notify":"0","own_material":"0","own_material_description_old":null,"own_material_description":"","jury":"0","jury_number":"","product_nature":"","meskaracsony":"0","create_date":"2026-01-08 16:48:01","shelve_id":"19622","image":"ntakeramia_product_40710_210917072652_237238.jpeg","image_width":"480","image_height":"480","image_alt":"Kankalinos ker\u00e1mia h\u00e1zsz\u00e1m t\u00e1bla, Egy j\u00f3l v\u00e1lasztott egyedi utca vagy h\u00e1zsz\u00e1m kiemeli hangs\u00falyozza otthonunk.\\nEhhez pr\u00f3b\u00e1lok seg\u00edts\u00e9ge..., Meska","image_title":"Kankalinos ker\u00e1mia h\u00e1zsz\u00e1m t\u00e1bla, Meska","view_count":"1946","favourite_count":"0","trending_score":"0","last2MonthFavouriteCount":"0","promotion":"0","giftcard_accept":"0","creditcard_accept":false,"enhanced_background":"0","domain":"meska","specific_customer_id":null,"specific_customer_name":null,"to_order_product":"1","to_order_product_time":"18","product_different":"quite_different","product_different_description":"Egyedi ker\u00e1mia","vintage":"0","vintage_category_id":"0","recycled":"0","gemstone_id":"0","customizable":"0","type_category":"physical","zerowaste":"0","postage_price":"1990.00","shop_order":"126","has_category":"1","landing_pages":null,"microdata":{"number":83,"category":""},"title":"Kankalinos ker\u00e1mia h\u00e1zsz\u00e1m t\u00e1bla","description":"Egy j\u00f3l v\u00e1lasztott egyedi utca vagy h\u00e1zsz\u00e1m kiemeli hangs\u00falyozza otthonunk.\nEhhez pr\u00f3b\u00e1lok seg\u00edts\u00e9get ny\u00fajtani.\nEgyedi h\u00e1z \u00e9s utcan\u00e9vt\u00e1bl\u00e1kat k\u00e9sz\u00edt\u00fcnk azoknak akik szeretik az egyedit a st\u00edlusosat.\n\nFeh\u00e9r agyagb\u00f3l k\u00e9sz\u00edtettem ezt az egyedi h\u00e1zsz\u00e1mt\u00e1bl\u00e1t. 2 X \u00e9getem magas h\u0151m\u00e9rs\u00e9kleten \u00edgy lesz id\u0151j\u00e1r\u00e1s \u00e1ll\u00f3.\nSaj\u00e1t egyedi tervez\u00e9s \u00e9s k\u00e9sz\u00edt\u00e9s a ker\u00e1mia \u00e9s saj\u00e1t egyedi tervez\u00e9s \u00e9s k\u00e9zi fest\u00e9s a minta.\nM\u00e9ret:\n20 X 10 cm a h\u00e1zsz\u00e1m  1 t\u00e1bl\u00e1ra 1 sz\u00e1mot \u00edrok\n+ t\u00e1bla rendelhet\u0151 3.500 Ft \/db\nA dekor cs\u00edkok 20 X 5 cm\n\nAz \u00e1r elt\u00e9rhet..f\u00fcgg a fest\u00e9s t\u00e9m\u00e1j\u00e1t\u00f3l...a kidolgoz\u00e1st\u00f3l.\nEz\u00e9rt k\u00e9rlek a kos\u00e1rba helyez\u00e9s el\u0151tt ,bels\u0151 \u00fczenetben keress.\nAz egyedi t\u00e1bl\u00e1r\u00f3l ,mindig rajzos skiccet k\u00e9sz\u00edtek.\n\n\nK\u00f6sz\u00f6n\u00f6m hogy ben\u00e9zt\u00e9l.\n\n\n","score":2.008666,"formatted_price":"9 000 Ft","image_url":"https:\/\/www.meska.hu\/img\/product\/small\/n\/t\/ntakeramia_product_40710_210917072652_237238.jpeg","formatted_url":"https:\/\/www.meska.hu\/p4631374-kankalinos-keramia-hazszam-tabla","favourite":false,"in_stock":false,"avatar":"ntakeramia_avatar_40710_1569066083.JPG","delete_from":0,"is_enhanced_background":false,"is_enhanced":false,"product_selection_started":false,"is_active":true,"image_webp_url":"https:\/\/www.meska.hu\/img\/product\/small\/n\/t\/ntakeramia_product_40710_210917072652_237238.webp"},{"id":"3392261","shop_id":"612","user_id":"1858","shop_name":"Barbo","shop_zip":"1039","product_code":"4625733","product_name_old":null,"product_name":"Pegazus - patin\u00e1zott vintage f\u00fclbeval\u00f3","category_string":"\u00c9kszer, F\u00fclbeval\u00f3, L\u00f3g\u00f3 csepp f\u00fclbeval\u00f3","technic_string":"\u00c9kszerk\u00e9sz\u00edt\u00e9s","category_1":"327","category_2":"331","category_3":"1214","category_4":"0","merged_category_1":null,"merged_category_2":null,"merged_category_3":null,"technic_1":"477","technic_2":"0","technic_3":"0","color_1":"517","color_2":"528","color_3":"0","product_description_old":null,"product_description":"T\u00fcrkizk\u00e9k patin\u00e1val vontam be a pegazus form\u00e1j\u00fa bronz f\u00fcgg\u0151ket, \u00e9s bronz sz\u00edn\u0171 ov\u00e1lis keretbe foglaltam \u0151ket. A f\u00fclbeval\u00f3 hossza: 5 cm. \n\nHa fizet\u00e9ssel, \u00e1tv\u00e9tellel kapcsolatos k\u00e9rd\u00e9sed van, a Sz\u00e1ll\u00edt\u00e1si inf\u00f3k f\u00fclre kattintva megtal\u00e1lhatod a v\u00e1laszt. Egy\u00e9b k\u00e9rd\u00e9sekkel keress b\u00e1tran bels\u0151 \u00fczenetben.\n\nK\u00f6sz\u00f6n\u00f6m, hogy megtekintetted a port\u00e9k\u00e1mat.                                                                                                                         ","price":"2590.00","unit":"db","recommended":"0","status":"1","sponsored":"0","exp_notify":"0","own_material":"0","own_material_description_old":null,"own_material_description":"","jury":"0","jury_number":"","product_nature":"","meskaracsony":"0","create_date":"2026-01-17 12:14:30","shelve_id":"2411","image":"barbo_product_1858_200805191427_065575.jpeg","image_width":"480","image_height":"426","image_alt":"Pegazus - patin\u00e1zott vintage f\u00fclbeval\u00f3, T\u00fcrkizk\u00e9k patin\u00e1val vontam be a pegazus form\u00e1j\u00fa bronz f\u00fcgg\u0151ket, \u00e9s bronz sz\u00edn\u0171 ov\u00e1lis keretbe foglal..., Meska","image_title":"Pegazus - patin\u00e1zott vintage f\u00fclbeval\u00f3, Meska","view_count":"1292","favourite_count":"0","trending_score":"0","last2MonthFavouriteCount":"0","promotion":"0","giftcard_accept":"1","creditcard_accept":false,"enhanced_background":"0","domain":"meska","specific_customer_id":null,"specific_customer_name":null,"to_order_product":"0","to_order_product_time":"0","product_different":null,"product_different_description":"","vintage":"1","vintage_category_id":"885","recycled":"0","gemstone_id":"0","customizable":"0","type_category":"physical","zerowaste":"0","postage_price":"2390.00","shop_order":"0","has_category":"1","landing_pages":null,"microdata":{"number":84,"category":""},"title":"Pegazus - patin\u00e1zott vintage f\u00fclbeval\u00f3","description":"T\u00fcrkizk\u00e9k patin\u00e1val vontam be a pegazus form\u00e1j\u00fa bronz f\u00fcgg\u0151ket, \u00e9s bronz sz\u00edn\u0171 ov\u00e1lis keretbe foglaltam \u0151ket. A f\u00fclbeval\u00f3 hossza: 5 cm. \n\nHa fizet\u00e9ssel, \u00e1tv\u00e9tellel kapcsolatos k\u00e9rd\u00e9sed van, a Sz\u00e1ll\u00edt\u00e1si inf\u00f3k f\u00fclre kattintva megtal\u00e1lhatod a v\u00e1laszt. Egy\u00e9b k\u00e9rd\u00e9sekkel keress b\u00e1tran bels\u0151 \u00fczenetben.\n\nK\u00f6sz\u00f6n\u00f6m, hogy megtekintetted a port\u00e9k\u00e1mat.                                                                                                                         ","score":2.008666,"formatted_price":"2 590 Ft","image_url":"https:\/\/www.meska.hu\/img\/product\/small\/b\/a\/barbo_product_1858_200805191427_065575.jpeg","formatted_url":"https:\/\/www.meska.hu\/p4625733-pegazus-patinazott-vintage-fulbevalo","favourite":false,"in_stock":true,"avatar":"Barbo_avatar_1858.jpg","delete_from":0,"is_enhanced_background":false,"is_enhanced":false,"product_selection_started":false,"is_active":true,"image_webp_url":"https:\/\/www.meska.hu\/img\/product\/small\/b\/a\/barbo_product_1858_200805191427_065575.webp"},{"id":"3419210","shop_id":"4521","user_id":"16553","shop_name":"mamma51","shop_zip":"6900","product_code":"4316799","product_name_old":null,"product_name":"Jin jangos farmer falv\u00e9d\u0151","category_string":"Otthon & \u00c9letm\u00f3d, Lak\u00e1stextil, Falv\u00e9d\u0151","technic_string":"Patchwork, foltvarr\u00e1s, \u00dajrahasznos\u00edtott alapanyagb\u00f3l k\u00e9sz\u00fclt term\u00e9kek","category_1":"813","category_2":"420","category_3":"1449","category_4":"0","merged_category_1":"0","merged_category_2":"0","merged_category_3":"0","technic_1":"498","technic_2":"504","technic_3":"0","color_1":"519","color_2":"521","color_3":"0","product_description_old":null,"product_description":"\u00dajrahasznos\u00edtott farmerekb\u0151l k\u00e9sz\u00fcl a fedlap-k\u00f6zben vlies-h\u00e1tlap v\u00e1szon. J\u00f3 tart\u00e1sa van ez\u00e1ltal.\nSzeretettel aj\u00e1nlom a spiritu\u00e1lis \u00e9rdekl\u0151d\u0151knek-kellemes d\u00edsze lehet egy ilyen st\u00edlus\u00fa helyis\u00e9gnek k\u00f6z\u00e9pen a jin janggal.Modern, vag\u00e1ny darab.Minden koroszt\u00e1lynak alkalmas aj\u00e1nd\u00e9k lehet-vagy csak egyszer\u0171en saj\u00e1t magunknak.\nM\u00e9rete :180 cm x 75cm.","price":"28000.00","unit":"db","recommended":"0","status":"1","sponsored":"0","exp_notify":"0","own_material":"0","own_material_description_old":null,"own_material_description":"","jury":"0","jury_number":"","product_nature":"","meskaracsony":"0","create_date":"2026-01-16 01:22:20","shelve_id":"0","image":"mamma51_product_16553_211008192645_26188.jpeg","image_width":"480","image_height":"360","image_alt":"Jin jangos farmer falv\u00e9d\u0151, \u00dajrahasznos\u00edtott farmerekb\u0151l k\u00e9sz\u00fcl a fedlap-k\u00f6zben vlies-h\u00e1tlap v\u00e1szon. J\u00f3 tart\u00e1sa van ez\u00e1ltal.\\nSze..., Meska","image_title":"Jin jangos farmer falv\u00e9d\u0151, Meska","view_count":"1056","favourite_count":"0","trending_score":"0","last2MonthFavouriteCount":"0","promotion":"0","giftcard_accept":"1","creditcard_accept":false,"enhanced_background":"0","domain":"meska","specific_customer_id":null,"specific_customer_name":null,"to_order_product":"1","to_order_product_time":"14","product_different":"not_different","product_different_description":"","vintage":"0","vintage_category_id":"0","recycled":"1","gemstone_id":"0","customizable":"0","type_category":"physical","zerowaste":"1","postage_price":"1600.00","shop_order":"0","has_category":"1","landing_pages":null,"microdata":{"number":85,"category":""},"title":"Jin jangos farmer falv\u00e9d\u0151","description":"\u00dajrahasznos\u00edtott farmerekb\u0151l k\u00e9sz\u00fcl a fedlap-k\u00f6zben vlies-h\u00e1tlap v\u00e1szon. J\u00f3 tart\u00e1sa van ez\u00e1ltal.\nSzeretettel aj\u00e1nlom a spiritu\u00e1lis \u00e9rdekl\u0151d\u0151knek-kellemes d\u00edsze lehet egy ilyen st\u00edlus\u00fa helyis\u00e9gnek k\u00f6z\u00e9pen a jin janggal.Modern, vag\u00e1ny darab.Minden koroszt\u00e1lynak alkalmas aj\u00e1nd\u00e9k lehet-vagy csak egyszer\u0171en saj\u00e1t magunknak.\nM\u00e9rete :180 cm x 75cm.","score":2.008666,"formatted_price":"28 000 Ft","image_url":"https:\/\/www.meska.hu\/img\/product\/small\/m\/a\/mamma51_product_16553_211008192645_26188.jpeg","formatted_url":"https:\/\/www.meska.hu\/p4316799-jin-jangos-farmer-falvedo","favourite":false,"in_stock":false,"avatar":"mamma51_avatar_16553.jpg","delete_from":0,"is_enhanced_background":false,"is_enhanced":false,"product_selection_started":false,"is_active":true,"image_webp_url":"https:\/\/www.meska.hu\/img\/product\/small\/m\/a\/mamma51_product_16553_211008192645_26188.webp"},{"id":"2711219","shop_id":"8514","user_id":"40710","shop_name":"ntakeramia","shop_zip":"8200","product_code":"4703789","product_name_old":null,"product_name":"Borosty\u00e1nos egyedi ker\u00e1mia utca n\u00e9vt\u00e1bla","category_string":"Otthon & \u00c9letm\u00f3d, H\u00e1z & Kert, H\u00e1zsz\u00e1m","technic_string":"Ker\u00e1mia","category_1":"813","category_2":"897","category_3":"431","category_4":"0","merged_category_1":null,"merged_category_2":null,"merged_category_3":null,"technic_1":"489","technic_2":"0","technic_3":"0","color_1":"514","color_2":"515","color_3":"529","product_description_old":null,"product_description":"\nEgyedi st\u00edlusos utca \u00e9s h\u00e1zsz\u00e1mt\u00e1bla.\nMindenhol j\u00f3 de legjobb OTTHON!\nEgy hossz\u00fa f\u00e1raszt\u00f3 nap ut\u00e1n mindenki \u00f6r\u00fcl ha v\u00e9gre bel\u00e9phet otthon\u00e1ba,\u00e9s ki ne \u00f6r\u00fclne ha egy ilyen kedves t\u00e1bla fogadn\u00e1!\n\nFeh\u00e9r agyagb\u00f3l k\u00e9sz\u00fclt, m\u00e1zalatti fest\u00e9kkel, sz\u00edntelen, vagy sz\u00ednes m\u00e1zzal, magas t\u0171z\u0151n, k\u00e9tszer \u00e9getve.\nK\u00edv\u00e1ns\u00e1g szerinti felirattal , \u00e9s mot\u00edvummal k\u00e9sz\u00edtek kidomborodott, festett, vagy csak festet, m\u00e1zas, utcan\u00e9v t\u00e1bl\u00e1t.\nSaj\u00e1t egyedi tervez\u00e9s a ker\u00e1mia \u00e9s saj\u00e1t egyedi tervez\u00e9s \u00e9s k\u00e9zi fest\u00e9s a minta.\n\nM\u00e9ret\nKb. 33 X 25 cm\nKb.1,8 kg\n\n\nMegbesz\u00e9l\u00e9st\u0151l sz\u00e1m\u00edtva kb. 3-4 h\u00e9t az elk\u00e9sz\u00fcl\u00e9s ideje.\n\nRendel\u00e9s el\u0151tt k\u00e9rlek bels\u0151 \u00fczenetben keress!!!!!\nEgyedi minta\"egyedi \u00e1r.\n\nMinden 100% ban k\u00e9zzel k\u00e9sz\u00fclt:))\n\nK\u00f6sz\u00f6n\u00f6m hogy ben\u00e9zt\u00e9l!","price":"17000.00","unit":"db","recommended":"0","status":"1","sponsored":"0","exp_notify":"0","own_material":"0","own_material_description_old":null,"own_material_description":"","jury":"0","jury_number":"","product_nature":"","meskaracsony":"0","create_date":"2026-01-16 06:32:32","shelve_id":"19622","image":"ntakeramia_product_40710_200718073137_571694.jpeg","image_width":"480","image_height":"480","image_alt":"Borosty\u00e1nos egyedi ker\u00e1mia utca n\u00e9vt\u00e1bla, \\nEgyedi st\u00edlusos utca \u00e9s h\u00e1zsz\u00e1mt\u00e1bla.\\nMindenhol j\u00f3 de legjobb OTTHON!\\nEgy hossz\u00fa f\u00e1raszt\u00f3 nap ut\u00e1n ..., Meska","image_title":"Borosty\u00e1nos egyedi ker\u00e1mia utca n\u00e9vt\u00e1bla, Meska","view_count":"2140","favourite_count":"0","trending_score":"0","last2MonthFavouriteCount":"0","promotion":"0","giftcard_accept":"0","creditcard_accept":false,"enhanced_background":"0","domain":"meska","specific_customer_id":null,"specific_customer_name":null,"to_order_product":"1","to_order_product_time":"15","product_different":"quite_different","product_different_description":"Egyedi ker\u00e1mia","vintage":"0","vintage_category_id":"0","recycled":"0","gemstone_id":"0","customizable":"0","type_category":"physical","zerowaste":"0","postage_price":"1990.00","shop_order":"81","has_category":"1","landing_pages":null,"microdata":{"number":86,"category":""},"title":"Borosty\u00e1nos egyedi ker\u00e1mia utca n\u00e9vt\u00e1bla","description":"\nEgyedi st\u00edlusos utca \u00e9s h\u00e1zsz\u00e1mt\u00e1bla.\nMindenhol j\u00f3 de legjobb OTTHON!\nEgy hossz\u00fa f\u00e1raszt\u00f3 nap ut\u00e1n mindenki \u00f6r\u00fcl ha v\u00e9gre bel\u00e9phet otthon\u00e1ba,\u00e9s ki ne \u00f6r\u00fclne ha egy ilyen kedves t\u00e1bla fogadn\u00e1!\n\nFeh\u00e9r agyagb\u00f3l k\u00e9sz\u00fclt, m\u00e1zalatti fest\u00e9kkel, sz\u00edntelen, vagy sz\u00ednes m\u00e1zzal, magas t\u0171z\u0151n, k\u00e9tszer \u00e9getve.\nK\u00edv\u00e1ns\u00e1g szerinti felirattal , \u00e9s mot\u00edvummal k\u00e9sz\u00edtek kidomborodott, festett, vagy csak festet, m\u00e1zas, utcan\u00e9v t\u00e1bl\u00e1t.\nSaj\u00e1t egyedi tervez\u00e9s a ker\u00e1mia \u00e9s saj\u00e1t egyedi tervez\u00e9s \u00e9s k\u00e9zi fest\u00e9s a minta.\n\nM\u00e9ret\nKb. 33 X 25 cm\nKb.1,8 kg\n\n\nMegbesz\u00e9l\u00e9st\u0151l sz\u00e1m\u00edtva kb. 3-4 h\u00e9t az elk\u00e9sz\u00fcl\u00e9s ideje.\n\nRendel\u00e9s el\u0151tt k\u00e9rlek bels\u0151 \u00fczenetben keress!!!!!\nEgyedi minta\"egyedi \u00e1r.\n\nMinden 100% ban k\u00e9zzel k\u00e9sz\u00fclt:))\n\nK\u00f6sz\u00f6n\u00f6m hogy ben\u00e9zt\u00e9l!","score":2.008666,"formatted_price":"17 000 Ft","image_url":"https:\/\/www.meska.hu\/img\/product\/small\/n\/t\/ntakeramia_product_40710_200718073137_571694.jpeg","formatted_url":"https:\/\/www.meska.hu\/p4703789-borostyanos-egyedi-keramia-utca-nevtabla","favourite":false,"in_stock":false,"avatar":"ntakeramia_avatar_40710_1569066083.JPG","delete_from":0,"is_enhanced_background":false,"is_enhanced":false,"product_selection_started":false,"is_active":true,"image_webp_url":"https:\/\/www.meska.hu\/img\/product\/small\/n\/t\/ntakeramia_product_40710_200718073137_571694.webp"},{"id":"2731702","shop_id":"2420","user_id":"8452","shop_name":"psycat","shop_zip":"2092","product_code":"4707226","product_name_old":null,"product_name":" 'Plan\u00e9t\u00e1s' mell\u00e9ny","category_string":"Ruha & Divat, N\u0151i ruha, Mell\u00e9ny","technic_string":"Varr\u00e1s","category_1":"806","category_2":"440","category_3":"1204","category_4":"0","merged_category_1":null,"merged_category_2":null,"merged_category_3":null,"technic_1":"506","technic_2":"0","technic_3":"0","color_1":"522","color_2":"791","color_3":"534","product_description_old":null,"product_description":"Fel\u00fcl r\u00f3zsamint\u00e1s kend\u0151vel, plan\u00e9t\u00e1s felvarr\u00f3val applik\u00e1lt vir\u00e1gos steppelt anyag, alul vil\u00e1gos t\u00f3nus\u00fa leop\u00e1rd mint\u00e1s. Lila pl\u00fcss a kapucni b\u00e9l\u00e9se, lila leo m\u0171sz\u0151rme passz\u00e9val, amely az ujja kiv\u00e1g\u00e1st is szeg\u00e9lyezi. Pink lurex cs\u00edkos fekete gumi az alj\u00e1n l\u00e9v\u0151 passz\u00e9. Lurexszel \u00e1tsz\u0151tt d\u00edszcs\u00edk \u00e9kes\u00edti a k\u00e9t anyag tal\u00e1lkoz\u00e1s\u00e1n\u00e1l.\nSziv\u00e1rv\u00e1nyos zippz\u00e1r\nPiros steppelt a b\u00e9l\u00e9se, m\u00e9rete: S-kism\u00e9ret\u0171 M","price":"42000.00","unit":"db","recommended":"0","status":"1","sponsored":"0","exp_notify":"0","own_material":"0","own_material_description_old":null,"own_material_description":"","jury":"0","jury_number":"","product_nature":"","meskaracsony":"0","create_date":"2026-01-14 16:33:20","shelve_id":"11201","image":"psycat_product_8452_201110123425_121384.jpeg","image_width":"480","image_height":"640","image_alt":" \\'Plan\u00e9t\u00e1s\\' mell\u00e9ny, Fel\u00fcl r\u00f3zsamint\u00e1s kend\u0151vel, plan\u00e9t\u00e1s felvarr\u00f3val applik\u00e1lt vir\u00e1gos steppelt anyag, alul vil\u00e1gos t\u00f3nu..., Meska","image_title":" \\'Plan\u00e9t\u00e1s\\' mell\u00e9ny, Meska","view_count":"1242","favourite_count":"0","trending_score":"0","last2MonthFavouriteCount":"0","promotion":"0","giftcard_accept":"0","creditcard_accept":false,"enhanced_background":"0","domain":"meska","specific_customer_id":null,"specific_customer_name":null,"to_order_product":"0","to_order_product_time":"0","product_different":null,"product_different_description":"","vintage":"0","vintage_category_id":"0","recycled":"0","gemstone_id":"0","customizable":"0","type_category":"physical","zerowaste":"0","postage_price":"2390.00","shop_order":"0","has_category":"1","landing_pages":null,"microdata":{"number":87,"category":""},"title":" 'Plan\u00e9t\u00e1s' mell\u00e9ny","description":"Fel\u00fcl r\u00f3zsamint\u00e1s kend\u0151vel, plan\u00e9t\u00e1s felvarr\u00f3val applik\u00e1lt vir\u00e1gos steppelt anyag, alul vil\u00e1gos t\u00f3nus\u00fa leop\u00e1rd mint\u00e1s. Lila pl\u00fcss a kapucni b\u00e9l\u00e9se, lila leo m\u0171sz\u0151rme passz\u00e9val, amely az ujja kiv\u00e1g\u00e1st is szeg\u00e9lyezi. Pink lurex cs\u00edkos fekete gumi az alj\u00e1n l\u00e9v\u0151 passz\u00e9. Lurexszel \u00e1tsz\u0151tt d\u00edszcs\u00edk \u00e9kes\u00edti a k\u00e9t anyag tal\u00e1lkoz\u00e1s\u00e1n\u00e1l.\nSziv\u00e1rv\u00e1nyos zippz\u00e1r\nPiros steppelt a b\u00e9l\u00e9se, m\u00e9rete: S-kism\u00e9ret\u0171 M","score":2.008666,"formatted_price":"42 000 Ft","image_url":"https:\/\/www.meska.hu\/img\/product\/small\/p\/s\/psycat_product_8452_201110123425_121384.jpeg","formatted_url":"https:\/\/www.meska.hu\/p4707226-planetas-melleny","favourite":false,"in_stock":true,"avatar":"psycat_avatar_8452_1585933306.jpg","delete_from":0,"is_enhanced_background":false,"is_enhanced":false,"product_selection_started":false,"is_active":true,"image_webp_url":"https:\/\/www.meska.hu\/img\/product\/small\/p\/s\/psycat_product_8452_201110123425_121384.webp"},{"id":"2895844","shop_id":"10105","user_id":"30329","shop_name":"bobe40","shop_zip":"5000","product_code":"4694086","product_name_old":null,"product_name":"Klimt - Cs\u00f3k, med\u00e1los nyakl\u00e1nc","category_string":"\u00c9kszer, Nyakl\u00e1nc, Med\u00e1los nyakl\u00e1nc","technic_string":"\u00c9kszerk\u00e9sz\u00edt\u00e9s","category_1":"327","category_2":"337","category_3":"1260","category_4":"0","merged_category_1":null,"merged_category_2":null,"merged_category_3":null,"technic_1":"477","technic_2":"0","technic_3":"0","color_1":"518","color_2":"532","color_3":"0","product_description_old":null,"product_description":"Egyik kedvenc fest\u0151m Klimt (a m\u00e1sik Dali), t\u0151le a Cs\u00f3k c. festm\u00e9ny reprodukci\u00f3j\u00e1nak r\u00e9szlete, 2,5 cm-es \u00fcveglencs\u00e9s verzi\u00f3ja l\u00e1that\u00f3. Az \u00fcveglencs\u00e9t \u00e1ll\u00edthat\u00f3 ez\u00fcst sz\u00edn\u0171 f\u00e9m alapra ragasztottam, \u00e9s 42 cm hossz\u00fa ez\u00fcst sodronyra raktam, de k\u00edv\u00e1ns\u00e1g szerint m\u00f3dos\u00edthat\u00f3 a nyakl\u00e1nc hossza.\nHa kedveled Klimt m\u0171veit, vagy csak sim\u00e1n m\u0171v\u00e9szl\u00e9lek vagy, akkor neked val\u00f3 ez a nyakl\u00e1nc!\n\nGy\u0171r\u0171t is tal\u00e1lsz a boltomban: https:\/\/www.meska.hu\/p4251634-klimt-a-csok-uveglencses-gyuru\n\nA sz\u00ednek kism\u00e9rt\u00e9kben elt\u00e9rhetnek a val\u00f3s\u00e1gt\u00f3l a monitor\/mobiltelefon k\u00e9perny\u0151j\u00e9nek be\u00e1ll\u00edt\u00e1s\u00e1t\u00f3l f\u00fcgg\u0151en!","price":"2790.00","unit":"db","recommended":"0","status":"1","sponsored":"0","exp_notify":"0","own_material":"0","own_material_description_old":null,"own_material_description":"","jury":"0","jury_number":"","product_nature":"","meskaracsony":"0","create_date":"2026-01-18 23:28:14","shelve_id":"23704","image":"bobe40_product_30329_210607134010_363120.jpeg","image_width":"480","image_height":"360","image_alt":"Klimt - Cs\u00f3k, med\u00e1los nyakl\u00e1nc, Egyik kedvenc fest\u0151m Klimt (a m\u00e1sik Dali), t\u0151le a Cs\u00f3k c. festm\u00e9ny reprodukci\u00f3j\u00e1nak r\u00e9szlete, 2,5 cm..., Meska","image_title":"Klimt - Cs\u00f3k, med\u00e1los nyakl\u00e1nc, Meska","view_count":"1135","favourite_count":"1","trending_score":"0","last2MonthFavouriteCount":"0","promotion":"0","giftcard_accept":"0","creditcard_accept":false,"enhanced_background":"0","domain":"meska","specific_customer_id":null,"specific_customer_name":null,"to_order_product":"0","to_order_product_time":"0","product_different":null,"product_different_description":"","vintage":"0","vintage_category_id":"0","recycled":"0","gemstone_id":"0","customizable":"0","type_category":"physical","zerowaste":"0","postage_price":"1290.00","shop_order":"0","has_category":"1","landing_pages":null,"microdata":{"number":88,"category":""},"title":"Klimt - Cs\u00f3k, med\u00e1los nyakl\u00e1nc","description":"Egyik kedvenc fest\u0151m Klimt (a m\u00e1sik Dali), t\u0151le a Cs\u00f3k c. festm\u00e9ny reprodukci\u00f3j\u00e1nak r\u00e9szlete, 2,5 cm-es \u00fcveglencs\u00e9s verzi\u00f3ja l\u00e1that\u00f3. Az \u00fcveglencs\u00e9t \u00e1ll\u00edthat\u00f3 ez\u00fcst sz\u00edn\u0171 f\u00e9m alapra ragasztottam, \u00e9s 42 cm hossz\u00fa ez\u00fcst sodronyra raktam, de k\u00edv\u00e1ns\u00e1g szerint m\u00f3dos\u00edthat\u00f3 a nyakl\u00e1nc hossza.\nHa kedveled Klimt m\u0171veit, vagy csak sim\u00e1n m\u0171v\u00e9szl\u00e9lek vagy, akkor neked val\u00f3 ez a nyakl\u00e1nc!\n\nGy\u0171r\u0171t is tal\u00e1lsz a boltomban: https:\/\/www.meska.hu\/p4251634-klimt-a-csok-uveglencses-gyuru\n\nA sz\u00ednek kism\u00e9rt\u00e9kben elt\u00e9rhetnek a val\u00f3s\u00e1gt\u00f3l a monitor\/mobiltelefon k\u00e9perny\u0151j\u00e9nek be\u00e1ll\u00edt\u00e1s\u00e1t\u00f3l f\u00fcgg\u0151en!","score":2.008666,"formatted_price":"2 790 Ft","image_url":"https:\/\/www.meska.hu\/img\/product\/small\/b\/o\/bobe40_product_30329_210607134010_363120.jpeg","formatted_url":"https:\/\/www.meska.hu\/p4694086-klimt-csok-medalos-nyaklanc","favourite":false,"in_stock":true,"avatar":"bobe40_avatar_30329.jpg","delete_from":0,"is_enhanced_background":false,"is_enhanced":false,"product_selection_started":false,"is_active":true,"image_webp_url":"https:\/\/www.meska.hu\/img\/product\/small\/b\/o\/bobe40_product_30329_210607134010_363120.webp"},{"id":"2579295","shop_id":"8514","user_id":"40710","shop_name":"ntakeramia","shop_zip":"8200","product_code":"4527885","product_name_old":null,"product_name":"K\u00e9k nefelejcs romantikus ker\u00e1mia f\u0171szertart\u00f3 fi\u00f3k","category_string":"Otthon & \u00c9letm\u00f3d, Konyhafelszerel\u00e9s, t\u00e1lal\u00e1s, Konyhai t\u00e1rol\u00e1s, F\u0171szertart\u00f3","technic_string":"Ker\u00e1mia","category_1":"813","category_2":"393","category_3":"1483","category_4":"397","merged_category_1":null,"merged_category_2":null,"merged_category_3":null,"technic_1":"489","technic_2":"0","technic_3":"0","color_1":"515","color_2":"521","color_3":"529","product_description_old":null,"product_description":"Egy kis romantik\u00e1t csemp\u00e9zhet\u00fcnk a konyh\u00e1ba.\n\nFeh\u00e9r agyagb\u00f3l,m\u00e1zalatti fest\u00e9kkel,eg\u00e9szs\u00e9gre k\u00e1ros anyag mentes m\u00e1zzal k\u00e9sz\u00edtettem ezt a f\u0171szertart\u00f3 fi\u00f3k k\u00e9szletet.\nKonyhaszekr\u00e9nybe,ablak k\u00f6r\u00e9 be\u00e9p\u00edthet\u0151,\u00edgy kisebb konyh\u00e1kban ide\u00e1lis hisz nem foglal k\u00fcl\u00f6n helyet a pulton.\nSaj\u00e1t egyedi tervez\u00e9s \u00e9s k\u00e9sz\u00edt\u00e9s a ker\u00e1mia \u00e9s saj\u00e1t egyedi tervez\u00e9s \u00e9s k\u00e9zi fest\u00e9s a minta.\n\n\n-Nagy fi\u00f3k m\u00e9retei:\n14 cm sz\u00e9les\n11 cm magas\n14 cm m\u00e9ly\n4.800 Ft\/db\n\n-Kis fi\u00f3k m\u00e9retei:\n5 cm magas\n7 cm sz\u00e9les\n10 cm m\u00e9ly\n3.800 Ft\/db\n\nAz \u00e1r 1 db nagy \u00e9s 1 db kicsi fi\u00f3kra \u00e9rv\u00e9nyes. Szekr\u00e9ny \u00e9s fi\u00f3k n\u00e9lk\u00fcl.\nA darabsz\u00e1mr\u00f3l egyeztess\u00fcnk.\n\nTetsz\u00e9s szerinti felirattal,darabsz\u00e1mmal k\u00e9rhet\u0151,mint\u00e1immal.\nHa egyedi mint\u00e1t k\u00e9rn\u00e9l vagy m\u00e1s darabsz\u00e1mot k\u00e9rlek bels\u0151 \u00fczenetbe egyeztess\u00fcnk!!\n\nK\u00f6sz\u00f6n\u00f6m hogy ben\u00e9zt\u00e9l!\n\n\n","price":"8600.00","unit":"p\u00e1r","recommended":"0","status":"1","sponsored":"0","exp_notify":"0","own_material":"0","own_material_description_old":null,"own_material_description":"","jury":"0","jury_number":"","product_nature":"","meskaracsony":"0","create_date":"2026-01-18 14:27:51","shelve_id":"34888","image":"ntakeramia_product_40710_190324065750_536633.jpeg","image_width":"480","image_height":"269","image_alt":"K\u00e9k nefelejcs romantikus ker\u00e1mia f\u0171szertart\u00f3 fi\u00f3k, Egy kis romantik\u00e1t csemp\u00e9zhet\u00fcnk a konyh\u00e1ba.\\n\\nFeh\u00e9r agyagb\u00f3l,m\u00e1zalatti fest\u00e9kkel,eg\u00e9szs\u00e9gre k\u00e1ros an..., Meska","image_title":"K\u00e9k nefelejcs romantikus ker\u00e1mia f\u0171szertart\u00f3 fi\u00f3k, Meska","view_count":"1457","favourite_count":"0","trending_score":"0","last2MonthFavouriteCount":"0","promotion":"0","giftcard_accept":"0","creditcard_accept":false,"enhanced_background":"0","domain":"meska","specific_customer_id":null,"specific_customer_name":null,"to_order_product":"1","to_order_product_time":"18","product_different":"quite_different","product_different_description":"EGYEDI KER\u00c1MI\u00c1K","vintage":"0","vintage_category_id":"0","recycled":"0","gemstone_id":"0","customizable":"0","type_category":"physical","zerowaste":"0","postage_price":"1990.00","shop_order":"18","has_category":"1","landing_pages":null,"microdata":{"number":89,"category":""},"title":"K\u00e9k nefelejcs romantikus ker\u00e1mia f\u0171szertart\u00f3 fi\u00f3k","description":"Egy kis romantik\u00e1t csemp\u00e9zhet\u00fcnk a konyh\u00e1ba.\n\nFeh\u00e9r agyagb\u00f3l,m\u00e1zalatti fest\u00e9kkel,eg\u00e9szs\u00e9gre k\u00e1ros anyag mentes m\u00e1zzal k\u00e9sz\u00edtettem ezt a f\u0171szertart\u00f3 fi\u00f3k k\u00e9szletet.\nKonyhaszekr\u00e9nybe,ablak k\u00f6r\u00e9 be\u00e9p\u00edthet\u0151,\u00edgy kisebb konyh\u00e1kban ide\u00e1lis hisz nem foglal k\u00fcl\u00f6n helyet a pulton.\nSaj\u00e1t egyedi tervez\u00e9s \u00e9s k\u00e9sz\u00edt\u00e9s a ker\u00e1mia \u00e9s saj\u00e1t egyedi tervez\u00e9s \u00e9s k\u00e9zi fest\u00e9s a minta.\n\n\n-Nagy fi\u00f3k m\u00e9retei:\n14 cm sz\u00e9les\n11 cm magas\n14 cm m\u00e9ly\n4.800 Ft\/db\n\n-Kis fi\u00f3k m\u00e9retei:\n5 cm magas\n7 cm sz\u00e9les\n10 cm m\u00e9ly\n3.800 Ft\/db\n\nAz \u00e1r 1 db nagy \u00e9s 1 db kicsi fi\u00f3kra \u00e9rv\u00e9nyes. Szekr\u00e9ny \u00e9s fi\u00f3k n\u00e9lk\u00fcl.\nA darabsz\u00e1mr\u00f3l egyeztess\u00fcnk.\n\nTetsz\u00e9s szerinti felirattal,darabsz\u00e1mmal k\u00e9rhet\u0151,mint\u00e1immal.\nHa egyedi mint\u00e1t k\u00e9rn\u00e9l vagy m\u00e1s darabsz\u00e1mot k\u00e9rlek bels\u0151 \u00fczenetbe egyeztess\u00fcnk!!\n\nK\u00f6sz\u00f6n\u00f6m hogy ben\u00e9zt\u00e9l!\n\n\n","score":2.008666,"formatted_price":"8 600 Ft","image_url":"https:\/\/www.meska.hu\/img\/product\/small\/n\/t\/ntakeramia_product_40710_190324065750_536633.jpeg","formatted_url":"https:\/\/www.meska.hu\/p4527885-kek-nefelejcs-romantikus-keramia-fuszertarto-fiok","favourite":false,"in_stock":false,"avatar":"ntakeramia_avatar_40710_1569066083.JPG","delete_from":0,"is_enhanced_background":false,"is_enhanced":false,"product_selection_started":false,"is_active":true,"image_webp_url":"https:\/\/www.meska.hu\/img\/product\/small\/n\/t\/ntakeramia_product_40710_190324065750_536633.webp"},{"id":"2606510","shop_id":"612","user_id":"1858","shop_name":"Barbo","shop_zip":"1039","product_code":"4692721","product_name_old":null,"product_name":"Tanganyika - afrikai nyakl\u00e1nc","category_string":"\u00c9kszer, Nyakl\u00e1nc, Med\u00e1los nyakl\u00e1nc","technic_string":"\u00c9kszerk\u00e9sz\u00edt\u00e9s","category_1":"327","category_2":"337","category_3":"1260","category_4":"0","merged_category_1":null,"merged_category_2":null,"merged_category_3":null,"technic_1":"477","technic_2":"0","technic_3":"0","color_1":"514","color_2":"521","color_3":"523","product_description_old":null,"product_description":"Nagy kerek fa med\u00e1lt kombin\u00e1ltam bronz filigr\u00e1n d\u00edsszel, amely h\u00e1rom soros gy\u00f6ngysoron f\u00fcgg. A nyakl\u00e1nc hossza 58 cm.\n\n","price":"4990.00","unit":"db","recommended":"0","status":"1","sponsored":"0","exp_notify":"0","own_material":"0","own_material_description_old":null,"own_material_description":"","jury":"0","jury_number":"","product_nature":"","meskaracsony":"0","create_date":"2026-01-17 12:25:14","shelve_id":"1413","image":"barbo_product_1858_200726192320_810213.jpeg","image_width":"480","image_height":"613","image_alt":"Tanganyika - afrikai nyakl\u00e1nc, Nagy kerek fa med\u00e1lt kombin\u00e1ltam bronz filigr\u00e1n d\u00edsszel, amely h\u00e1rom soros gy\u00f6ngysoron f\u00fcgg. A nyakl..., Meska","image_title":"Tanganyika - afrikai nyakl\u00e1nc, Meska","view_count":"1896","favourite_count":"0","trending_score":"0","last2MonthFavouriteCount":"0","promotion":"0","giftcard_accept":"1","creditcard_accept":false,"enhanced_background":"0","domain":"meska","specific_customer_id":null,"specific_customer_name":null,"to_order_product":"0","to_order_product_time":"0","product_different":null,"product_different_description":"","vintage":"0","vintage_category_id":"0","recycled":"0","gemstone_id":"0","customizable":"0","type_category":"physical","zerowaste":"0","postage_price":"1290.00","shop_order":"0","has_category":"1","landing_pages":null,"microdata":{"number":90,"category":""},"title":"Tanganyika - afrikai nyakl\u00e1nc","description":"Nagy kerek fa med\u00e1lt kombin\u00e1ltam bronz filigr\u00e1n d\u00edsszel, amely h\u00e1rom soros gy\u00f6ngysoron f\u00fcgg. A nyakl\u00e1nc hossza 58 cm.\n\n","score":2.008666,"formatted_price":"4 990 Ft","image_url":"https:\/\/www.meska.hu\/img\/product\/small\/b\/a\/barbo_product_1858_200726192320_810213.jpeg","formatted_url":"https:\/\/www.meska.hu\/p4692721-tanganyika-afrikai-nyaklanc","favourite":false,"in_stock":true,"avatar":"Barbo_avatar_1858.jpg","delete_from":0,"is_enhanced_background":false,"is_enhanced":false,"product_selection_started":false,"is_active":true,"image_webp_url":"https:\/\/www.meska.hu\/img\/product\/small\/b\/a\/barbo_product_1858_200726192320_810213.webp"},{"id":"2696955","shop_id":"28611","user_id":"352975","shop_name":"KittyDekor","shop_zip":"6900","product_code":"4551543","product_name_old":null,"product_name":"H\u00e1zass\u00e1gi \u00e9vfordul\u00f3ra aj\u00e1nd\u00e9k","category_string":"Otthon & \u00c9letm\u00f3d, Konyhafelszerel\u00e9s, t\u00e1lal\u00e1s, T\u00e1lal\u00e1s, B\u00f6gre & Cs\u00e9sze","technic_string":"Gyurma","category_1":"813","category_2":"393","category_3":"1419","category_4":"394","merged_category_1":null,"merged_category_2":null,"merged_category_3":null,"technic_1":"486","technic_2":"0","technic_3":"0","color_1":"532","color_2":"0","color_3":"0","product_description_old":null,"product_description":"K\u00fcl\u00f6nleges aj\u00e1nd\u00e9k \u00e9vfordul\u00f3ra amelyet ak\u00e1r mindennap haszn\u00e1lhat a szeretett szem\u00e9ly. A minta s\u00fcthet\u0151 gyurm\u00e1b\u00f3l k\u00e9sz\u00fclt. M\u00e1s mint\u00e1val is elk\u00e9sz\u00edthet\u0151 illetve sz\u00ednben is. M\u00e1s alkalmakra is k\u00e9sz\u00edtek szetteket p\u00e9ld\u00e1ul babav\u00e1r\u00f3, eljegyz\u00e9s, esk\u00fcv\u0151re, n\u00e1szaj\u00e1nd\u00e9kba, legjobb bar\u00e1tn\u0151, sz\u00fcl\u0151knek, gyerekeknek stb.;)\nA sz\u00e1ll\u00edt\u00e1s fel\u0151l \u00e9rdekl\u0151dj!","price":"14500.00","unit":"db","recommended":"0","status":"1","sponsored":"0","exp_notify":"0","own_material":"0","own_material_description_old":null,"own_material_description":"","jury":"0","jury_number":"","product_nature":"","meskaracsony":"0","create_date":"2025-12-30 19:17:31","shelve_id":"0","image":"kittydekor_product_352975_201016171159_250935.jpeg","image_width":"480","image_height":"360","image_alt":"H\u00e1zass\u00e1gi \u00e9vfordul\u00f3ra aj\u00e1nd\u00e9k, K\u00fcl\u00f6nleges aj\u00e1nd\u00e9k \u00e9vfordul\u00f3ra amelyet ak\u00e1r mindennap haszn\u00e1lhat a szeretett szem\u00e9ly. A minta s\u00fcthet..., Meska","image_title":"H\u00e1zass\u00e1gi \u00e9vfordul\u00f3ra aj\u00e1nd\u00e9k, Meska","view_count":"2099","favourite_count":"0","trending_score":"0","last2MonthFavouriteCount":"0","promotion":"0","giftcard_accept":"0","creditcard_accept":false,"enhanced_background":"0","domain":"meska","specific_customer_id":null,"specific_customer_name":null,"to_order_product":"1","to_order_product_time":"20","product_different":"quite_different","product_different_description":"Sz\u00ednben, m\u00e9retben, t\u00e1l form\u00e1ja","vintage":"0","vintage_category_id":"0","recycled":"0","gemstone_id":"0","customizable":"0","type_category":"physical","zerowaste":"0","postage_price":"0.00","shop_order":"0","has_category":"1","landing_pages":null,"microdata":{"number":91,"category":""},"title":"H\u00e1zass\u00e1gi \u00e9vfordul\u00f3ra aj\u00e1nd\u00e9k","description":"K\u00fcl\u00f6nleges aj\u00e1nd\u00e9k \u00e9vfordul\u00f3ra amelyet ak\u00e1r mindennap haszn\u00e1lhat a szeretett szem\u00e9ly. A minta s\u00fcthet\u0151 gyurm\u00e1b\u00f3l k\u00e9sz\u00fclt. M\u00e1s mint\u00e1val is elk\u00e9sz\u00edthet\u0151 illetve sz\u00ednben is. M\u00e1s alkalmakra is k\u00e9sz\u00edtek szetteket p\u00e9ld\u00e1ul babav\u00e1r\u00f3, eljegyz\u00e9s, esk\u00fcv\u0151re, n\u00e1szaj\u00e1nd\u00e9kba, legjobb bar\u00e1tn\u0151, sz\u00fcl\u0151knek, gyerekeknek stb.;)\nA sz\u00e1ll\u00edt\u00e1s fel\u0151l \u00e9rdekl\u0151dj!","score":2.008666,"formatted_price":"14 500 Ft","image_url":"https:\/\/www.meska.hu\/img\/product\/small\/k\/i\/kittydekor_product_352975_201016171159_250935.jpeg","formatted_url":"https:\/\/www.meska.hu\/p4551543-hazassagi-evfordulora-ajandek","favourite":false,"in_stock":false,"avatar":"KittyDekor_avatar_352975_1614927425.jpeg","delete_from":0,"is_enhanced_background":false,"is_enhanced":false,"product_selection_started":false,"is_active":true,"image_webp_url":"https:\/\/www.meska.hu\/img\/product\/small\/k\/i\/kittydekor_product_352975_201016171159_250935.webp"},{"id":"2703832","shop_id":"8514","user_id":"40710","shop_name":"ntakeramia","shop_zip":"8200","product_code":"4668632","product_name_old":null,"product_name":"Mondd,szereted az \u00e1llatokat? Egyedi ker\u00e1mia utcan\u00e9vt\u00e1bla","category_string":"Otthon & \u00c9letm\u00f3d, H\u00e1z & Kert, H\u00e1zsz\u00e1m","technic_string":"Ker\u00e1mia","category_1":"813","category_2":"897","category_3":"431","category_4":"0","merged_category_1":null,"merged_category_2":null,"merged_category_3":null,"technic_1":"489","technic_2":"0","technic_3":"0","color_1":"514","color_2":"515","color_3":"529","product_description_old":null,"product_description":"Egyedi st\u00edlusos utca \u00e9s h\u00e1zsz\u00e1mt\u00e1bla.\nMindenhol j\u00f3 de legjobb OTTHON!\nEgy hossz\u00fa f\u00e1raszt\u00f3 nap ut\u00e1n mindenki \u00f6r\u00fcl ha v\u00e9gre bel\u00e9phet otthon\u00e1ba,\u00e9s ki ne \u00f6r\u00fclne ha egy ilyen kedves t\u00e1bla fogadn\u00e1!\n\nFeh\u00e9r agyagb\u00f3l k\u00e9sz\u00fclt, m\u00e1zalatti fest\u00e9kkel, sz\u00edntelen, vagy sz\u00ednes m\u00e1zzal, magas t\u0171z\u0151n, k\u00e9tszer \u00e9getve.\nK\u00edv\u00e1ns\u00e1g szerinti felirattal , \u00e9s mot\u00edvummal k\u00e9sz\u00edtek kidomborodott, festett, vagy csak festet, m\u00e1zas, utcan\u00e9v t\u00e1bl\u00e1t.\nSaj\u00e1t egyedi tervez\u00e9s a ker\u00e1mia \u00e9s saj\u00e1t egyedi tervez\u00e9s \u00e9s k\u00e9zi fest\u00e9s a minta.\n\nM\u00e9ret\nKb. 33 X 25 cm\nKb.1,8 kg\n\nNem v\u00e1llalok minden \u00e1llat fest\u00e9s\u00e9t a t\u00e1bl\u00e1ra.\nEz\u00e9rt mindenk\u00e9ppen bels\u0151 \u00fczenetben a rendel\u00e9s el\u0151tt egyeztess\u00fcnk.\n--------------------------------------------------------------------------------------\nAz \u00e1r a megnevezett term\u00e9kre vonatkozik.\nHa ELT\u00c9R\u0150 darabsz\u00e1mot szeretn\u00e9l vagy EGYEDI mint\u00e1t v\u00e9tel\u00e1r is v\u00e1ltozik.....ez\u00e9rt k\u00e9rlek bels\u0151 \u00fczenetben jelezz m\u00e9g a rendel\u00e9s el\u0151tt.\nMinden ker\u00e1mi\u00e1m egyedi, k\u00e9zzel k\u00e9sz\u00fclt ...k\u00e9zzel festett ,nem t\u00f6megcikk. Sz\u00edne, mint\u00e1ja, form\u00e1ja, elt\u00e9rhet a k\u00e9pen l\u00e1that\u00f3t\u00f3l. A fot\u00f3 csup\u00e1n illusztr\u00e1ci\u00f3, nem azt kapod, minden rendel\u00e9st egy\u00e9nileg k\u00e9sz\u00edtek el. Term\u00e9szetesen t\u00f6rekszem, csal\u00f3d\u00e1s ne okozzon az \u00e1ltalad kapott ker\u00e1mia :)\nK\u00e9rlek csak akkor rendelj ha szereted \u00e9s elfogadod az egyedis\u00e9gem.\nEz\u00e9rt, miel\u0151tt itt v\u00e1s\u00e1roln\u00e1l t\u0151lem, egyeztess\u00fck az ig\u00e9nyeidet, mert a v\u00e1s\u00e1rl\u00e1s visszaford\u00edt\u00e1sa kedvez\u0151tlen \u00e9rt\u00e9kel\u00e9s k\u00eds\u00e9ret\u00e9ben lehets\u00e9ges!\n------------------------------------------------------------------------\n","price":"18900.00","unit":"db","recommended":"0","status":"1","sponsored":"0","exp_notify":"0","own_material":"0","own_material_description_old":null,"own_material_description":"","jury":"0","jury_number":"","product_nature":"","meskaracsony":"0","create_date":"2025-12-29 12:30:46","shelve_id":"19622","image":"ntakeramia_product_40710_200718082438_839188.jpeg","image_width":"480","image_height":"480","image_alt":"Mondd,szereted az \u00e1llatokat? Egyedi ker\u00e1mia utcan\u00e9vt\u00e1bla, Egyedi st\u00edlusos utca \u00e9s h\u00e1zsz\u00e1mt\u00e1bla.\\nMindenhol j\u00f3 de legjobb OTTHON!\\nEgy hossz\u00fa f\u00e1raszt\u00f3 nap ut\u00e1n m..., Meska","image_title":"Mondd,szereted az \u00e1llatokat? Egyedi ker\u00e1mia utcan\u00e9vt\u00e1bla, Meska","view_count":"1545","favourite_count":"0","trending_score":"0","last2MonthFavouriteCount":"0","promotion":"0","giftcard_accept":"0","creditcard_accept":false,"enhanced_background":"0","domain":"meska","specific_customer_id":null,"specific_customer_name":null,"to_order_product":"1","to_order_product_time":"14","product_different":"quite_different","product_different_description":"Egyedi ker\u00e1mia","vintage":"0","vintage_category_id":"0","recycled":"0","gemstone_id":"0","customizable":"0","type_category":"physical","zerowaste":"0","postage_price":"1990.00","shop_order":"191","has_category":"1","landing_pages":null,"microdata":{"number":92,"category":""},"title":"Mondd,szereted az \u00e1llatokat? Egyedi ker\u00e1mia utcan\u00e9vt\u00e1bla","description":"Egyedi st\u00edlusos utca \u00e9s h\u00e1zsz\u00e1mt\u00e1bla.\nMindenhol j\u00f3 de legjobb OTTHON!\nEgy hossz\u00fa f\u00e1raszt\u00f3 nap ut\u00e1n mindenki \u00f6r\u00fcl ha v\u00e9gre bel\u00e9phet otthon\u00e1ba,\u00e9s ki ne \u00f6r\u00fclne ha egy ilyen kedves t\u00e1bla fogadn\u00e1!\n\nFeh\u00e9r agyagb\u00f3l k\u00e9sz\u00fclt, m\u00e1zalatti fest\u00e9kkel, sz\u00edntelen, vagy sz\u00ednes m\u00e1zzal, magas t\u0171z\u0151n, k\u00e9tszer \u00e9getve.\nK\u00edv\u00e1ns\u00e1g szerinti felirattal , \u00e9s mot\u00edvummal k\u00e9sz\u00edtek kidomborodott, festett, vagy csak festet, m\u00e1zas, utcan\u00e9v t\u00e1bl\u00e1t.\nSaj\u00e1t egyedi tervez\u00e9s a ker\u00e1mia \u00e9s saj\u00e1t egyedi tervez\u00e9s \u00e9s k\u00e9zi fest\u00e9s a minta.\n\nM\u00e9ret\nKb. 33 X 25 cm\nKb.1,8 kg\n\nNem v\u00e1llalok minden \u00e1llat fest\u00e9s\u00e9t a t\u00e1bl\u00e1ra.\nEz\u00e9rt mindenk\u00e9ppen bels\u0151 \u00fczenetben a rendel\u00e9s el\u0151tt egyeztess\u00fcnk.\n--------------------------------------------------------------------------------------\nAz \u00e1r a megnevezett term\u00e9kre vonatkozik.\nHa ELT\u00c9R\u0150 darabsz\u00e1mot szeretn\u00e9l vagy EGYEDI mint\u00e1t v\u00e9tel\u00e1r is v\u00e1ltozik.....ez\u00e9rt k\u00e9rlek bels\u0151 \u00fczenetben jelezz m\u00e9g a rendel\u00e9s el\u0151tt.\nMinden ker\u00e1mi\u00e1m egyedi, k\u00e9zzel k\u00e9sz\u00fclt ...k\u00e9zzel festett ,nem t\u00f6megcikk. Sz\u00edne, mint\u00e1ja, form\u00e1ja, elt\u00e9rhet a k\u00e9pen l\u00e1that\u00f3t\u00f3l. A fot\u00f3 csup\u00e1n illusztr\u00e1ci\u00f3, nem azt kapod, minden rendel\u00e9st egy\u00e9nileg k\u00e9sz\u00edtek el. Term\u00e9szetesen t\u00f6rekszem, csal\u00f3d\u00e1s ne okozzon az \u00e1ltalad kapott ker\u00e1mia :)\nK\u00e9rlek csak akkor rendelj ha szereted \u00e9s elfogadod az egyedis\u00e9gem.\nEz\u00e9rt, miel\u0151tt itt v\u00e1s\u00e1roln\u00e1l t\u0151lem, egyeztess\u00fck az ig\u00e9nyeidet, mert a v\u00e1s\u00e1rl\u00e1s visszaford\u00edt\u00e1sa kedvez\u0151tlen \u00e9rt\u00e9kel\u00e9s k\u00eds\u00e9ret\u00e9ben lehets\u00e9ges!\n------------------------------------------------------------------------\n","score":2.008666,"formatted_price":"18 900 Ft","image_url":"https:\/\/www.meska.hu\/img\/product\/small\/n\/t\/ntakeramia_product_40710_200718082438_839188.jpeg","formatted_url":"https:\/\/www.meska.hu\/p4668632-monddszereted-az-allatokat-egyedi-keramia-utcanevtabla","favourite":false,"in_stock":false,"avatar":"ntakeramia_avatar_40710_1569066083.JPG","delete_from":0,"is_enhanced_background":false,"is_enhanced":false,"product_selection_started":false,"is_active":true,"image_webp_url":"https:\/\/www.meska.hu\/img\/product\/small\/n\/t\/ntakeramia_product_40710_200718082438_839188.webp"},{"id":"2784245","shop_id":"11289","user_id":"69455","shop_name":"Dettymoon","shop_zip":"8052","product_code":"4604382","product_name_old":null,"product_name":"T\u00fcrkiz j\u00e9gvar\u00e1zs henger gyanta f\u00fclbeval\u00f3, f\u00fcli","category_string":"\u00c9kszer, F\u00fclbeval\u00f3, L\u00f3g\u00f3 f\u00fclbeval\u00f3","technic_string":"\u00c9kszerk\u00e9sz\u00edt\u00e9s","category_1":"327","category_2":"331","category_3":"1219","category_4":"0","merged_category_1":null,"merged_category_2":null,"merged_category_3":null,"technic_1":"477","technic_2":"0","technic_3":"0","color_1":"513","color_2":"521","color_3":"528","product_description_old":null,"product_description":"\u00c1ttetsz\u0151, misztikusan megcsillan\u00f3 j\u00e9gvir\u00e1gok adj\u00e1k a titokzatoss\u00e1g\u00e1t. Mert minden N\u0151nek kell egy kis k\u00e9k, egy kis csillog\u00e1s \u00e9s egy kis j\u00e1t\u00e9koss\u00e1g. ;) Minden alkalomra viselve! \n Gyant\u00e1b\u00f3l k\u00e9sz\u00fclt, k\u00f6nny\u0171 viselet. Henger forma, amely fentr\u0151l lefel\u00e9 s\u00f6t\u00e9tedik; \u00e1ttetsz\u0151 t\u00fcrkizes sz\u00ednj\u00e1tsz\u00f3s \u00e9s kir\u00e1lyk\u00e9ken f\u00e9nyl\u0151. A kupak \u00e9s a goly\u00f3s f\u00fclbeval\u00f3 alap is orvosi f\u00e9mb\u0151l k\u00e9sz\u00fclt (nem kopik le!); ez\u00e9rt f\u00e9m\u00e9rz\u00e9kenyek is b\u00e1tran haszn\u00e1lhatj\u00e1k.\n M\u00e9rete: 3,5 cm hossz\u00fa + akaszt\u00f3s f\u00fcli alap\n\n K\u00e9szterm\u00e9k, azonnal post\u00e1zhat\u00f3! A post\u00e1z\u00e1st k\u00f6vet\u0151en\/ fut\u00e1rszolg\u00e1lattal; ak\u00e1r 2 munkanapon bel\u00fcl meg\u00e9rkezik. Szem\u00e9lyes \u00e1tv\u00e9telre Sz\u00e9kesfeh\u00e9rv\u00e1ron van lehet\u0151s\u00e9g.","price":"4800.00","unit":"db","recommended":"0","status":"1","sponsored":"0","exp_notify":"0","own_material":"0","own_material_description_old":null,"own_material_description":"","jury":"0","jury_number":"","product_nature":"","meskaracsony":"0","create_date":"2026-01-10 11:59:08","shelve_id":"53032","image":"dettymoon_product_69455_201208102718_065833.jpeg","image_width":"480","image_height":"643","image_alt":"T\u00fcrkiz j\u00e9gvar\u00e1zs henger gyanta f\u00fclbeval\u00f3, f\u00fcli, \u00c1ttetsz\u0151, misztikusan megcsillan\u00f3 j\u00e9gvir\u00e1gok adj\u00e1k a titokzatoss\u00e1g\u00e1t. Mert minden N\u0151nek kell egy kis..., Meska","image_title":"T\u00fcrkiz j\u00e9gvar\u00e1zs henger gyanta f\u00fclbeval\u00f3, f\u00fcli, Meska","view_count":"1486","favourite_count":"0","trending_score":"0","last2MonthFavouriteCount":"0","promotion":"0","giftcard_accept":"0","creditcard_accept":false,"enhanced_background":"0","domain":"meska","specific_customer_id":null,"specific_customer_name":null,"to_order_product":"0","to_order_product_time":"0","product_different":null,"product_different_description":"","vintage":"0","vintage_category_id":"0","recycled":"0","gemstone_id":"0","customizable":"0","type_category":"physical","zerowaste":"0","postage_price":"1290.00","shop_order":"0","has_category":"1","landing_pages":null,"microdata":{"number":93,"category":""},"title":"T\u00fcrkiz j\u00e9gvar\u00e1zs henger gyanta f\u00fclbeval\u00f3, f\u00fcli","description":"\u00c1ttetsz\u0151, misztikusan megcsillan\u00f3 j\u00e9gvir\u00e1gok adj\u00e1k a titokzatoss\u00e1g\u00e1t. Mert minden N\u0151nek kell egy kis k\u00e9k, egy kis csillog\u00e1s \u00e9s egy kis j\u00e1t\u00e9koss\u00e1g. ;) Minden alkalomra viselve! \n Gyant\u00e1b\u00f3l k\u00e9sz\u00fclt, k\u00f6nny\u0171 viselet. Henger forma, amely fentr\u0151l lefel\u00e9 s\u00f6t\u00e9tedik; \u00e1ttetsz\u0151 t\u00fcrkizes sz\u00ednj\u00e1tsz\u00f3s \u00e9s kir\u00e1lyk\u00e9ken f\u00e9nyl\u0151. A kupak \u00e9s a goly\u00f3s f\u00fclbeval\u00f3 alap is orvosi f\u00e9mb\u0151l k\u00e9sz\u00fclt (nem kopik le!); ez\u00e9rt f\u00e9m\u00e9rz\u00e9kenyek is b\u00e1tran haszn\u00e1lhatj\u00e1k.\n M\u00e9rete: 3,5 cm hossz\u00fa + akaszt\u00f3s f\u00fcli alap\n\n K\u00e9szterm\u00e9k, azonnal post\u00e1zhat\u00f3! A post\u00e1z\u00e1st k\u00f6vet\u0151en\/ fut\u00e1rszolg\u00e1lattal; ak\u00e1r 2 munkanapon bel\u00fcl meg\u00e9rkezik. Szem\u00e9lyes \u00e1tv\u00e9telre Sz\u00e9kesfeh\u00e9rv\u00e1ron van lehet\u0151s\u00e9g.","score":2.008666,"formatted_price":"4 800 Ft","image_url":"https:\/\/www.meska.hu\/img\/product\/small\/d\/e\/dettymoon_product_69455_201208102718_065833.jpeg","formatted_url":"https:\/\/www.meska.hu\/p4604382-turkiz-jegvarazs-henger-gyanta-fulbevalo-fuli","favourite":false,"in_stock":true,"avatar":"Dettymoon_avatar_69455_1548756319.jpg","delete_from":0,"is_enhanced_background":false,"is_enhanced":false,"product_selection_started":false,"is_active":true,"image_webp_url":"https:\/\/www.meska.hu\/img\/product\/small\/d\/e\/dettymoon_product_69455_201208102718_065833.webp"},{"id":"3334041","shop_id":"612","user_id":"1858","shop_name":"Barbo","shop_zip":"1039","product_code":"4562633","product_name_old":null,"product_name":"Katic\u00e1s \u00e9kszerdobozka","category_string":"\u00c9kszer, \u00c9kszertart\u00f3, \u00c9kszerdoboz","technic_string":"Festett t\u00e1rgyak","category_1":"327","category_2":"565","category_3":"1207","category_4":"0","merged_category_1":null,"merged_category_2":null,"merged_category_3":null,"technic_1":"481","technic_2":"0","technic_3":"0","color_1":"518","color_2":"521","color_3":"529","product_description_old":null,"product_description":"Hatsz\u00f6glet\u0171, festett \u00e9s lakkozott, csatos fa \u00e9kszerdobozka, a tetej\u00e9n fa figur\u00e1kkal d\u00edsz\u00edtve. Aj\u00e1nd\u00e9k \u00e9kszer k\u00eds\u00e9r\u0151jek\u00e9nt is meg\u00e1llja a hely\u00e9t.\nM\u00e9rete: 9x5X4,5 cm.\n\nHa fizet\u00e9ssel, \u00e1tv\u00e9tellel kapcsolatos k\u00e9rd\u00e9sed van, a Sz\u00e1ll\u00edt\u00e1si inf\u00f3k f\u00fclre kattintva megtal\u00e1lhatod a v\u00e1laszt. Egy\u00e9b k\u00e9rd\u00e9sekkel keress b\u00e1tran bels\u0151 \u00fczenetben.\n\nK\u00f6sz\u00f6n\u00f6m, hogy megtekintetted a port\u00e9k\u00e1mat.                         ","price":"2890.00","unit":"db","recommended":"0","status":"1","sponsored":"0","exp_notify":"0","own_material":"0","own_material_description_old":null,"own_material_description":"","jury":"0","jury_number":"","product_nature":"","meskaracsony":"0","create_date":"2026-01-17 11:22:06","shelve_id":"1411","image":"barbo_product_1858_201205185649_65251.jpeg","image_width":"480","image_height":"500","image_alt":"Katic\u00e1s \u00e9kszerdobozka, Hatsz\u00f6glet\u0171, festett \u00e9s lakkozott, csatos fa \u00e9kszerdobozka, a tetej\u00e9n fa figur\u00e1kkal d\u00edsz\u00edtve. Aj\u00e1nd\u00e9..., Meska","image_title":"Katic\u00e1s \u00e9kszerdobozka, Meska","view_count":"1162","favourite_count":"0","trending_score":"0","last2MonthFavouriteCount":"0","promotion":"0","giftcard_accept":"1","creditcard_accept":false,"enhanced_background":"0","domain":"meska","specific_customer_id":null,"specific_customer_name":null,"to_order_product":"0","to_order_product_time":"0","product_different":null,"product_different_description":"","vintage":"1","vintage_category_id":"885","recycled":"0","gemstone_id":"0","customizable":"0","type_category":"physical","zerowaste":"0","postage_price":"1290.00","shop_order":"0","has_category":"1","landing_pages":null,"microdata":{"number":94,"category":""},"title":"Katic\u00e1s \u00e9kszerdobozka","description":"Hatsz\u00f6glet\u0171, festett \u00e9s lakkozott, csatos fa \u00e9kszerdobozka, a tetej\u00e9n fa figur\u00e1kkal d\u00edsz\u00edtve. Aj\u00e1nd\u00e9k \u00e9kszer k\u00eds\u00e9r\u0151jek\u00e9nt is meg\u00e1llja a hely\u00e9t.\nM\u00e9rete: 9x5X4,5 cm.\n\nHa fizet\u00e9ssel, \u00e1tv\u00e9tellel kapcsolatos k\u00e9rd\u00e9sed van, a Sz\u00e1ll\u00edt\u00e1si inf\u00f3k f\u00fclre kattintva megtal\u00e1lhatod a v\u00e1laszt. Egy\u00e9b k\u00e9rd\u00e9sekkel keress b\u00e1tran bels\u0151 \u00fczenetben.\n\nK\u00f6sz\u00f6n\u00f6m, hogy megtekintetted a port\u00e9k\u00e1mat.                         ","score":2.008666,"formatted_price":"2 890 Ft","image_url":"https:\/\/www.meska.hu\/img\/product\/small\/b\/a\/barbo_product_1858_201205185649_65251.jpeg","formatted_url":"https:\/\/www.meska.hu\/p4562633-katicas-ekszerdobozka","favourite":false,"in_stock":true,"avatar":"Barbo_avatar_1858.jpg","delete_from":0,"is_enhanced_background":false,"is_enhanced":false,"product_selection_started":false,"is_active":true,"image_webp_url":"https:\/\/www.meska.hu\/img\/product\/small\/b\/a\/barbo_product_1858_201205185649_65251.webp"},{"id":"3334006","shop_id":"612","user_id":"1858","shop_name":"Barbo","shop_zip":"1039","product_code":"4562599","product_name_old":null,"product_name":"Baglyos \u00e9kszerdobozka","category_string":"\u00c9kszer, \u00c9kszertart\u00f3, \u00c9kszerdoboz","technic_string":"Festett t\u00e1rgyak","category_1":"327","category_2":"565","category_3":"1207","category_4":"0","merged_category_1":null,"merged_category_2":null,"merged_category_3":null,"technic_1":"481","technic_2":"0","technic_3":"0","color_1":"518","color_2":"521","color_3":"529","product_description_old":null,"product_description":"Hatsz\u00f6glet\u0171, festett \u00e9s lakkozott, csatos fa \u00e9kszerdobozka, a tetej\u00e9n fa figur\u00e1kkal d\u00edsz\u00edtve. Aj\u00e1nd\u00e9k \u00e9kszer k\u00eds\u00e9r\u0151jek\u00e9nt is meg\u00e1llja a hely\u00e9t.\nM\u00e9rete: 9x5X4,5 cm.\n\nHa fizet\u00e9ssel, \u00e1tv\u00e9tellel kapcsolatos k\u00e9rd\u00e9sed van, a Sz\u00e1ll\u00edt\u00e1si inf\u00f3k f\u00fclre kattintva megtal\u00e1lhatod a v\u00e1laszt. Egy\u00e9b k\u00e9rd\u00e9sekkel keress b\u00e1tran bels\u0151 \u00fczenetben.\n\nK\u00f6sz\u00f6n\u00f6m, hogy megtekintetted a port\u00e9k\u00e1mat.                         ","price":"2890.00","unit":"db","recommended":"0","status":"1","sponsored":"0","exp_notify":"0","own_material":"0","own_material_description_old":null,"own_material_description":"","jury":"0","jury_number":"","product_nature":"","meskaracsony":"0","create_date":"2026-01-17 14:25:20","shelve_id":"1411","image":"barbo_product_1858_201207201403_740283.jpeg","image_width":"480","image_height":"453","image_alt":"Baglyos \u00e9kszerdobozka, Hatsz\u00f6glet\u0171, festett \u00e9s lakkozott, csatos fa \u00e9kszerdobozka, a tetej\u00e9n fa figur\u00e1kkal d\u00edsz\u00edtve. Aj\u00e1nd\u00e9..., Meska","image_title":"Baglyos \u00e9kszerdobozka, Meska","view_count":"1650","favourite_count":"0","trending_score":"0","last2MonthFavouriteCount":"0","promotion":"0","giftcard_accept":"1","creditcard_accept":false,"enhanced_background":"0","domain":"meska","specific_customer_id":null,"specific_customer_name":null,"to_order_product":"0","to_order_product_time":"0","product_different":null,"product_different_description":"","vintage":"1","vintage_category_id":"885","recycled":"0","gemstone_id":"0","customizable":"0","type_category":"physical","zerowaste":"0","postage_price":"1290.00","shop_order":"0","has_category":"1","landing_pages":null,"microdata":{"number":95,"category":""},"title":"Baglyos \u00e9kszerdobozka","description":"Hatsz\u00f6glet\u0171, festett \u00e9s lakkozott, csatos fa \u00e9kszerdobozka, a tetej\u00e9n fa figur\u00e1kkal d\u00edsz\u00edtve. Aj\u00e1nd\u00e9k \u00e9kszer k\u00eds\u00e9r\u0151jek\u00e9nt is meg\u00e1llja a hely\u00e9t.\nM\u00e9rete: 9x5X4,5 cm.\n\nHa fizet\u00e9ssel, \u00e1tv\u00e9tellel kapcsolatos k\u00e9rd\u00e9sed van, a Sz\u00e1ll\u00edt\u00e1si inf\u00f3k f\u00fclre kattintva megtal\u00e1lhatod a v\u00e1laszt. Egy\u00e9b k\u00e9rd\u00e9sekkel keress b\u00e1tran bels\u0151 \u00fczenetben.\n\nK\u00f6sz\u00f6n\u00f6m, hogy megtekintetted a port\u00e9k\u00e1mat.                         ","score":2.008666,"formatted_price":"2 890 Ft","image_url":"https:\/\/www.meska.hu\/img\/product\/small\/b\/a\/barbo_product_1858_201207201403_740283.jpeg","formatted_url":"https:\/\/www.meska.hu\/p4562599-baglyos-ekszerdobozka","favourite":false,"in_stock":true,"avatar":"Barbo_avatar_1858.jpg","delete_from":0,"is_enhanced_background":false,"is_enhanced":false,"product_selection_started":false,"is_active":true,"image_webp_url":"https:\/\/www.meska.hu\/img\/product\/small\/b\/a\/barbo_product_1858_201207201403_740283.webp"},{"id":"3383534","shop_id":"10105","user_id":"30329","shop_name":"bobe40","shop_zip":"5000","product_code":"4467511","product_name_old":null,"product_name":"Klimt - Adele Bloch-Bauer portr\u00e9ja \u00fcveglencs\u00e9s gy\u0171r\u0171","category_string":"\u00c9kszer, Gy\u0171r\u0171, \u00dcveglencs\u00e9s gy\u0171r\u0171","technic_string":"\u00c9kszerk\u00e9sz\u00edt\u00e9s","category_1":"327","category_2":"332","category_3":"1228","category_4":"0","merged_category_1":null,"merged_category_2":null,"merged_category_3":null,"technic_1":"477","technic_2":"0","technic_3":"0","color_1":"532","color_2":"0","color_3":"0","product_description_old":null,"product_description":"Egyik kedvenc fest\u0151m Klimt (a m\u00e1sik Dali), t\u0151le Adele Bloch-Bauer portr\u00e9ja c. festm\u00e9ny reprodukci\u00f3ja, 2,5 cm-es \u00fcveglencs\u00e9s verzi\u00f3ja l\u00e1that\u00f3. Az \u00fcveglencs\u00e9t \u00e1ll\u00edthat\u00f3 ez\u00fcst sz\u00edn\u0171 nikkelmentes gy\u0171r\u0171alapra ragasztottam.\nHa kedveled Klimt m\u0171veit, vagy csak sim\u00e1n m\u0171v\u00e9szl\u00e9lek vagy, akkor neked val\u00f3 ez a gy\u0171r\u0171!\n\nA sz\u00ednek kism\u00e9rt\u00e9kben elt\u00e9rhetnek a val\u00f3s\u00e1gt\u00f3l a monitor\/mobiltelefon k\u00e9perny\u0151j\u00e9nek be\u00e1ll\u00edt\u00e1s\u00e1t\u00f3l f\u00fcgg\u0151en!\n\nHa megtetszett, sz\u00edvesen k\u00e9sz\u00edtek mell\u00e9 nyakl\u00e1ncot is, ezt az utols\u00f3 k\u00e9pen l\u00e1thatod. Az \u00e1r csak a gy\u0171r\u0171re vonatkozik! Ha szeretn\u00e9l med\u00e1lt\/nyakl\u00e1ncot (is), k\u00e9rlek v\u00e1s\u00e1rl\u00e1s el\u0151tt \u00edrj \u00fczenetet. K\u00f6sz\u00f6n\u00f6m!\n\nKlimt Cs\u00f3k c. m\u0171v\u00e9b\u0151l is van gy\u0171r\u0171m, itt tal\u00e1lod: https:\/\/www.meska.hu\/p3958117-klimt-a-csok-uveglencses-gyuru","price":"2790.00","unit":"db","recommended":"0","status":"1","sponsored":"0","exp_notify":"0","own_material":"0","own_material_description_old":null,"own_material_description":"","jury":"0","jury_number":"","product_nature":"","meskaracsony":"0","create_date":"2026-01-18 23:27:39","shelve_id":"21896","image":"bobe40_product_30329_210124184007_77219.jpeg","image_width":"480","image_height":"360","image_alt":"Klimt - Adele Bloch-Bauer portr\u00e9ja \u00fcveglencs\u00e9s gy\u0171r\u0171, Egyik kedvenc fest\u0151m Klimt (a m\u00e1sik Dali), t\u0151le Adele Bloch-Bauer portr\u00e9ja c. festm\u00e9ny reprodukci\u00f3ja..., Meska","image_title":"Klimt - Adele Bloch-Bauer portr\u00e9ja \u00fcveglencs\u00e9s gy\u0171r\u0171, Meska","view_count":"1289","favourite_count":"0","trending_score":"0","last2MonthFavouriteCount":"0","promotion":"0","giftcard_accept":"0","creditcard_accept":false,"enhanced_background":"0","domain":"meska","specific_customer_id":null,"specific_customer_name":null,"to_order_product":"0","to_order_product_time":"0","product_different":null,"product_different_description":"","vintage":"0","vintage_category_id":"0","recycled":"0","gemstone_id":"0","customizable":"0","type_category":"physical","zerowaste":"0","postage_price":"1290.00","shop_order":"0","has_category":"1","landing_pages":null,"microdata":{"number":96,"category":""},"title":"Klimt - Adele Bloch-Bauer portr\u00e9ja \u00fcveglencs\u00e9s gy\u0171r\u0171","description":"Egyik kedvenc fest\u0151m Klimt (a m\u00e1sik Dali), t\u0151le Adele Bloch-Bauer portr\u00e9ja c. festm\u00e9ny reprodukci\u00f3ja, 2,5 cm-es \u00fcveglencs\u00e9s verzi\u00f3ja l\u00e1that\u00f3. Az \u00fcveglencs\u00e9t \u00e1ll\u00edthat\u00f3 ez\u00fcst sz\u00edn\u0171 nikkelmentes gy\u0171r\u0171alapra ragasztottam.\nHa kedveled Klimt m\u0171veit, vagy csak sim\u00e1n m\u0171v\u00e9szl\u00e9lek vagy, akkor neked val\u00f3 ez a gy\u0171r\u0171!\n\nA sz\u00ednek kism\u00e9rt\u00e9kben elt\u00e9rhetnek a val\u00f3s\u00e1gt\u00f3l a monitor\/mobiltelefon k\u00e9perny\u0151j\u00e9nek be\u00e1ll\u00edt\u00e1s\u00e1t\u00f3l f\u00fcgg\u0151en!\n\nHa megtetszett, sz\u00edvesen k\u00e9sz\u00edtek mell\u00e9 nyakl\u00e1ncot is, ezt az utols\u00f3 k\u00e9pen l\u00e1thatod. Az \u00e1r csak a gy\u0171r\u0171re vonatkozik! Ha szeretn\u00e9l med\u00e1lt\/nyakl\u00e1ncot (is), k\u00e9rlek v\u00e1s\u00e1rl\u00e1s el\u0151tt \u00edrj \u00fczenetet. K\u00f6sz\u00f6n\u00f6m!\n\nKlimt Cs\u00f3k c. m\u0171v\u00e9b\u0151l is van gy\u0171r\u0171m, itt tal\u00e1lod: https:\/\/www.meska.hu\/p3958117-klimt-a-csok-uveglencses-gyuru","score":2.008666,"formatted_price":"2 790 Ft","image_url":"https:\/\/www.meska.hu\/img\/product\/small\/b\/o\/bobe40_product_30329_210124184007_77219.jpeg","formatted_url":"https:\/\/www.meska.hu\/p4467511-klimt-adele-bloch-bauer-portreja-uveglencses-gyuru","favourite":false,"in_stock":true,"avatar":"bobe40_avatar_30329.jpg","delete_from":0,"is_enhanced_background":false,"is_enhanced":false,"product_selection_started":false,"is_active":true,"image_webp_url":"https:\/\/www.meska.hu\/img\/product\/small\/b\/o\/bobe40_product_30329_210124184007_77219.webp"},{"id":"3456141","shop_id":"10105","user_id":"30329","shop_name":"bobe40","shop_zip":"5000","product_code":"4694331","product_name_old":null,"product_name":"Klimt - Adele Bloch-Bauer portr\u00e9ja \u00fcveglencs\u00e9s nyakl\u00e1nc","category_string":"\u00c9kszer, Nyakl\u00e1nc, Med\u00e1los nyakl\u00e1nc","technic_string":"\u00c9kszerk\u00e9sz\u00edt\u00e9s","category_1":"327","category_2":"337","category_3":"1260","category_4":"0","merged_category_1":null,"merged_category_2":null,"merged_category_3":null,"technic_1":"477","technic_2":"0","technic_3":"0","color_1":"532","color_2":"0","color_3":"0","product_description_old":null,"product_description":"Egyik kedvenc fest\u0151m Klimt (a m\u00e1sik Dali), t\u0151le Adele Bloch-Bauer portr\u00e9ja c. festm\u00e9ny reprodukci\u00f3ja, 2,5 cm-es \u00fcveglencs\u00e9s verzi\u00f3ja l\u00e1that\u00f3.  Az \u00fcveglencs\u00e9t \u00e1ll\u00edthat\u00f3 ez\u00fcst sz\u00edn\u0171 f\u00e9m alapra ragasztottam, \u00e9s 42 cm hossz\u00fa ez\u00fcst sodronyra raktam, de k\u00edv\u00e1ns\u00e1g szerint m\u00f3dos\u00edthat\u00f3 a nyakl\u00e1nc hossza.\nHa kedveled Klimt m\u0171veit, vagy csak sim\u00e1n m\u0171v\u00e9szl\u00e9lek vagy, akkor neked val\u00f3 ez a nyakl\u00e1nc!\n\nGy\u0171r\u0171t is tal\u00e1lsz a boltomban: https:\/\/www.meska.hu\/p4467511-klimt-adele-blochbauer-portreja-uveglencses-gyuru\n\nA sz\u00ednek kism\u00e9rt\u00e9kben elt\u00e9rhetnek a val\u00f3s\u00e1gt\u00f3l a monitor\/mobiltelefon k\u00e9perny\u0151j\u00e9nek be\u00e1ll\u00edt\u00e1s\u00e1t\u00f3l f\u00fcgg\u0151en!","price":"2790.00","unit":"db","recommended":"0","status":"1","sponsored":"0","exp_notify":"0","own_material":"0","own_material_description_old":null,"own_material_description":"","jury":"0","jury_number":"","product_nature":"","meskaracsony":"0","create_date":"2026-01-18 23:27:20","shelve_id":"23704","image":"bobe40_product_30329_210214141030_762716.jpeg","image_width":"480","image_height":"360","image_alt":"Klimt - Adele Bloch-Bauer portr\u00e9ja \u00fcveglencs\u00e9s nyakl\u00e1nc, Egyik kedvenc fest\u0151m Klimt (a m\u00e1sik Dali), t\u0151le Adele Bloch-Bauer portr\u00e9ja c. festm\u00e9ny reprodukci\u00f3ja..., Meska","image_title":"Klimt - Adele Bloch-Bauer portr\u00e9ja \u00fcveglencs\u00e9s nyakl\u00e1nc, Meska","view_count":"1479","favourite_count":"0","trending_score":"0","last2MonthFavouriteCount":"0","promotion":"0","giftcard_accept":"0","creditcard_accept":false,"enhanced_background":"0","domain":"meska","specific_customer_id":null,"specific_customer_name":null,"to_order_product":"0","to_order_product_time":"0","product_different":null,"product_different_description":"","vintage":"0","vintage_category_id":"0","recycled":"0","gemstone_id":"0","customizable":"0","type_category":"physical","zerowaste":"0","postage_price":"1290.00","shop_order":"0","has_category":"1","landing_pages":null,"microdata":{"number":97,"category":""},"title":"Klimt - Adele Bloch-Bauer portr\u00e9ja \u00fcveglencs\u00e9s nyakl\u00e1nc","description":"Egyik kedvenc fest\u0151m Klimt (a m\u00e1sik Dali), t\u0151le Adele Bloch-Bauer portr\u00e9ja c. festm\u00e9ny reprodukci\u00f3ja, 2,5 cm-es \u00fcveglencs\u00e9s verzi\u00f3ja l\u00e1that\u00f3.  Az \u00fcveglencs\u00e9t \u00e1ll\u00edthat\u00f3 ez\u00fcst sz\u00edn\u0171 f\u00e9m alapra ragasztottam, \u00e9s 42 cm hossz\u00fa ez\u00fcst sodronyra raktam, de k\u00edv\u00e1ns\u00e1g szerint m\u00f3dos\u00edthat\u00f3 a nyakl\u00e1nc hossza.\nHa kedveled Klimt m\u0171veit, vagy csak sim\u00e1n m\u0171v\u00e9szl\u00e9lek vagy, akkor neked val\u00f3 ez a nyakl\u00e1nc!\n\nGy\u0171r\u0171t is tal\u00e1lsz a boltomban: https:\/\/www.meska.hu\/p4467511-klimt-adele-blochbauer-portreja-uveglencses-gyuru\n\nA sz\u00ednek kism\u00e9rt\u00e9kben elt\u00e9rhetnek a val\u00f3s\u00e1gt\u00f3l a monitor\/mobiltelefon k\u00e9perny\u0151j\u00e9nek be\u00e1ll\u00edt\u00e1s\u00e1t\u00f3l f\u00fcgg\u0151en!","score":2.008666,"formatted_price":"2 790 Ft","image_url":"https:\/\/www.meska.hu\/img\/product\/small\/b\/o\/bobe40_product_30329_210214141030_762716.jpeg","formatted_url":"https:\/\/www.meska.hu\/p4694331-klimt-adele-bloch-bauer-portreja-uveglencses-nyaklanc","favourite":false,"in_stock":true,"avatar":"bobe40_avatar_30329.jpg","delete_from":0,"is_enhanced_background":false,"is_enhanced":false,"product_selection_started":false,"is_active":true,"image_webp_url":"https:\/\/www.meska.hu\/img\/product\/small\/b\/o\/bobe40_product_30329_210214141030_762716.webp"},{"id":"4974972","shop_id":"28239","user_id":"348738","shop_name":"Dorakoreny","shop_zip":"1043","product_code":"5059314","product_name_old":null,"product_name":"T\u00f6k\u00f6s h\u00e1zik\u00f3 - M\u0171v\u00e9szeti nyomat (az eredeti akvarell festm\u00e9ny alapj\u00e1n)","category_string":"Otthon & \u00c9letm\u00f3d, Dekor\u00e1ci\u00f3, K\u00e9p & Falik\u00e9p, M\u0171v\u00e9szi nyomat","technic_string":"Fest\u00e9szet","category_1":"813","category_2":"314","category_3":"417","category_4":"376","merged_category_1":"0","merged_category_2":"0","merged_category_3":"785","technic_1":"480","technic_2":"0","technic_3":"0","color_1":"521","color_2":"527","color_3":"528","product_description_old":null,"product_description":"M\u0171v\u00e9szeti nyomat 190g-os pap\u00edron az eredeti akvarell festm\u00e9ny alapj\u00e1n (gicl\u00e9e technik\u00e1val k\u00e9sz\u00fcl\u0151 sorsz\u00e1mozott m\u00e1solat).\n\nM\u00e9retek\nA5 - 21x14,8cm\nA4 - 29,7x21cm\nA3 - 42x29,7cm\n\nKeret\nMinden k\u00e9p KERET N\u00c9LK\u00dcL ker\u00fcl post\u00e1z\u00e1sra.\n\nPost\u00e1z\u00e1s\nMinden festm\u00e9nyt \u00e9s nyomatot nagy gonddal t\u00f6bb r\u00e9teg hull\u00e1mkarton \u00e9s bubor\u00e9kf\u00f3li\u00e1s bor\u00edt\u00e9k v\u00e9d a sz\u00e1ll\u00edt\u00e1s sor\u00e1n.\nA k\u00e9peket lehet Foxpost csomagautomat\u00e1ba vagy h\u00e1zhozsz\u00e1ll\u00edt\u00e1ssal k\u00e9rni.\n\nEredetigazol\u00e1s\nMinden nyomat sz\u00e1mozott, amit eredetigazol\u00e1ssal \u00e9s al\u00e1\u00edr\u00e1ssal ell\u00e1tva post\u00e1zok!\n\nHa b\u00e1rmi k\u00e9rd\u00e9sed van, \u00edrj priv\u00e1t \u00fczenetet!\nD\u00f3ra\n","price":"6490.00","unit":"db","recommended":"0","status":"1","sponsored":"0","exp_notify":"0","own_material":"0","own_material_description_old":null,"own_material_description":"","jury":"0","jury_number":"","product_nature":"","meskaracsony":"0","create_date":"2026-01-05 11:15:32","shelve_id":"73607","image":"dorakoreny_product_348738_230918075050_530664.jpeg","image_width":"480","image_height":"640","image_alt":"T\u00f6k\u00f6s h\u00e1zik\u00f3 - M\u0171v\u00e9szeti nyomat (az eredeti akvarell festm\u00e9ny alapj\u00e1n), M\u0171v\u00e9szeti nyomat 190g-os pap\u00edron az eredeti akvarell festm\u00e9ny alapj\u00e1n (gicl\u00e9e technik\u00e1val k\u00e9sz\u00fcl\u0151 so..., Meska","image_title":"T\u00f6k\u00f6s h\u00e1zik\u00f3 - M\u0171v\u00e9szeti nyomat (az eredeti akvarell festm\u00e9ny alapj\u00e1n), Meska","view_count":"981","favourite_count":"0","trending_score":"0","last2MonthFavouriteCount":"0","promotion":"0","giftcard_accept":"1","creditcard_accept":true,"enhanced_background":"0","domain":"meska","specific_customer_id":null,"specific_customer_name":null,"to_order_product":"1","to_order_product_time":"5","product_different":"not_different","product_different_description":"","vintage":"0","vintage_category_id":"0","recycled":"0","gemstone_id":"0","customizable":"0","type_category":"physical","zerowaste":"0","postage_price":"1290.00","shop_order":"7","has_category":"1","landing_pages":null,"microdata":{"number":98,"category":""},"title":"T\u00f6k\u00f6s h\u00e1zik\u00f3 - M\u0171v\u00e9szeti nyomat (az eredeti akvarell festm\u00e9ny alapj\u00e1n)","description":"M\u0171v\u00e9szeti nyomat 190g-os pap\u00edron az eredeti akvarell festm\u00e9ny alapj\u00e1n (gicl\u00e9e technik\u00e1val k\u00e9sz\u00fcl\u0151 sorsz\u00e1mozott m\u00e1solat).\n\nM\u00e9retek\nA5 - 21x14,8cm\nA4 - 29,7x21cm\nA3 - 42x29,7cm\n\nKeret\nMinden k\u00e9p KERET N\u00c9LK\u00dcL ker\u00fcl post\u00e1z\u00e1sra.\n\nPost\u00e1z\u00e1s\nMinden festm\u00e9nyt \u00e9s nyomatot nagy gonddal t\u00f6bb r\u00e9teg hull\u00e1mkarton \u00e9s bubor\u00e9kf\u00f3li\u00e1s bor\u00edt\u00e9k v\u00e9d a sz\u00e1ll\u00edt\u00e1s sor\u00e1n.\nA k\u00e9peket lehet Foxpost csomagautomat\u00e1ba vagy h\u00e1zhozsz\u00e1ll\u00edt\u00e1ssal k\u00e9rni.\n\nEredetigazol\u00e1s\nMinden nyomat sz\u00e1mozott, amit eredetigazol\u00e1ssal \u00e9s al\u00e1\u00edr\u00e1ssal ell\u00e1tva post\u00e1zok!\n\nHa b\u00e1rmi k\u00e9rd\u00e9sed van, \u00edrj priv\u00e1t \u00fczenetet!\nD\u00f3ra\n","score":2.008666,"formatted_price":"6 490 Ft","image_url":"https:\/\/www.meska.hu\/img\/product\/small\/d\/o\/dorakoreny_product_348738_230918075050_530664.jpeg","formatted_url":"https:\/\/www.meska.hu\/p5059314-tokos-haziko-muveszeti-nyomat-az-eredeti-akvarell-festmeny-alapjan","favourite":false,"in_stock":false,"avatar":"Dorakoreny_avatar_348738_1571779800.jpg","delete_from":0,"is_enhanced_background":false,"is_enhanced":false,"product_selection_started":false,"is_active":true,"image_webp_url":"https:\/\/www.meska.hu\/img\/product\/small\/d\/o\/dorakoreny_product_348738_230918075050_530664.webp"},{"id":"4974976","shop_id":"28239","user_id":"348738","shop_name":"Dorakoreny","shop_zip":"1043","product_code":"5059316","product_name_old":null,"product_name":"T\u00e9li kunyh\u00f3 - M\u0171v\u00e9szeti nyomat (az eredeti akvarell festm\u00e9ny alapj\u00e1n)","category_string":"Otthon & \u00c9letm\u00f3d, Dekor\u00e1ci\u00f3, K\u00e9p & Falik\u00e9p, M\u0171v\u00e9szi nyomat","technic_string":"Fest\u00e9szet","category_1":"813","category_2":"314","category_3":"417","category_4":"376","merged_category_1":"0","merged_category_2":"0","merged_category_3":"785","technic_1":"480","technic_2":"0","technic_3":"0","color_1":"521","color_2":"527","color_3":"528","product_description_old":null,"product_description":"M\u0171v\u00e9szeti nyomat 190g-os pap\u00edron az eredeti akvarell festm\u00e9ny alapj\u00e1n (gicl\u00e9e technik\u00e1val k\u00e9sz\u00fcl\u0151 sorsz\u00e1mozott m\u00e1solat).\n\nM\u00e9retek\nA5 - 21x14,8cm\nA4 - 29,7x21cm\nA3 - 42x29,7cm\n\nKeret\nMinden k\u00e9p KERET N\u00c9LK\u00dcL ker\u00fcl post\u00e1z\u00e1sra.\n\nPost\u00e1z\u00e1s\nMinden festm\u00e9nyt \u00e9s nyomatot nagy gonddal t\u00f6bb r\u00e9teg hull\u00e1mkarton \u00e9s bubor\u00e9kf\u00f3li\u00e1s bor\u00edt\u00e9k v\u00e9d a sz\u00e1ll\u00edt\u00e1s sor\u00e1n.\nA k\u00e9peket lehet Foxpost csomagautomat\u00e1ba vagy h\u00e1zhozsz\u00e1ll\u00edt\u00e1ssal k\u00e9rni.\n\nEredetigazol\u00e1s\nMinden nyomat sz\u00e1mozott, amit eredetigazol\u00e1ssal \u00e9s al\u00e1\u00edr\u00e1ssal ell\u00e1tva post\u00e1zok!\n\nHa b\u00e1rmi k\u00e9rd\u00e9sed van, \u00edrj priv\u00e1t \u00fczenetet!\nD\u00f3ra\n","price":"6490.00","unit":"db","recommended":"0","status":"1","sponsored":"0","exp_notify":"0","own_material":"0","own_material_description_old":null,"own_material_description":"","jury":"0","jury_number":"","product_nature":"","meskaracsony":"0","create_date":"2026-01-05 11:15:25","shelve_id":"73607","image":"dorakoreny_product_348738_230918075943_905323.jpeg","image_width":"480","image_height":"640","image_alt":"T\u00e9li kunyh\u00f3 - M\u0171v\u00e9szeti nyomat (az eredeti akvarell festm\u00e9ny alapj\u00e1n), M\u0171v\u00e9szeti nyomat 190g-os pap\u00edron az eredeti akvarell festm\u00e9ny alapj\u00e1n (gicl\u00e9e technik\u00e1val k\u00e9sz\u00fcl\u0151 so..., Meska","image_title":"T\u00e9li kunyh\u00f3 - M\u0171v\u00e9szeti nyomat (az eredeti akvarell festm\u00e9ny alapj\u00e1n), Meska","view_count":"914","favourite_count":"0","trending_score":"0","last2MonthFavouriteCount":"0","promotion":"0","giftcard_accept":"1","creditcard_accept":true,"enhanced_background":"0","domain":"meska","specific_customer_id":null,"specific_customer_name":null,"to_order_product":"1","to_order_product_time":"5","product_different":"not_different","product_different_description":"","vintage":"0","vintage_category_id":"0","recycled":"0","gemstone_id":"0","customizable":"0","type_category":"physical","zerowaste":"0","postage_price":"1290.00","shop_order":"5","has_category":"1","landing_pages":null,"microdata":{"number":99,"category":""},"title":"T\u00e9li kunyh\u00f3 - M\u0171v\u00e9szeti nyomat (az eredeti akvarell festm\u00e9ny alapj\u00e1n)","description":"M\u0171v\u00e9szeti nyomat 190g-os pap\u00edron az eredeti akvarell festm\u00e9ny alapj\u00e1n (gicl\u00e9e technik\u00e1val k\u00e9sz\u00fcl\u0151 sorsz\u00e1mozott m\u00e1solat).\n\nM\u00e9retek\nA5 - 21x14,8cm\nA4 - 29,7x21cm\nA3 - 42x29,7cm\n\nKeret\nMinden k\u00e9p KERET N\u00c9LK\u00dcL ker\u00fcl post\u00e1z\u00e1sra.\n\nPost\u00e1z\u00e1s\nMinden festm\u00e9nyt \u00e9s nyomatot nagy gonddal t\u00f6bb r\u00e9teg hull\u00e1mkarton \u00e9s bubor\u00e9kf\u00f3li\u00e1s bor\u00edt\u00e9k v\u00e9d a sz\u00e1ll\u00edt\u00e1s sor\u00e1n.\nA k\u00e9peket lehet Foxpost csomagautomat\u00e1ba vagy h\u00e1zhozsz\u00e1ll\u00edt\u00e1ssal k\u00e9rni.\n\nEredetigazol\u00e1s\nMinden nyomat sz\u00e1mozott, amit eredetigazol\u00e1ssal \u00e9s al\u00e1\u00edr\u00e1ssal ell\u00e1tva post\u00e1zok!\n\nHa b\u00e1rmi k\u00e9rd\u00e9sed van, \u00edrj priv\u00e1t \u00fczenetet!\nD\u00f3ra\n","score":2.008666,"formatted_price":"6 490 Ft","image_url":"https:\/\/www.meska.hu\/img\/product\/small\/d\/o\/dorakoreny_product_348738_230918075943_905323.jpeg","formatted_url":"https:\/\/www.meska.hu\/p5059316-teli-kunyho-muveszeti-nyomat-az-eredeti-akvarell-festmeny-alapjan","favourite":false,"in_stock":false,"avatar":"Dorakoreny_avatar_348738_1571779800.jpg","delete_from":0,"is_enhanced_background":false,"is_enhanced":false,"product_selection_started":false,"is_active":true,"image_webp_url":"https:\/\/www.meska.hu\/img\/product\/small\/d\/o\/dorakoreny_product_348738_230918075943_905323.webp"},{"id":"4974980","shop_id":"28239","user_id":"348738","shop_name":"Dorakoreny","shop_zip":"1043","product_code":"5059320","product_name_old":null,"product_name":"Z\u00f6ld h\u00e1zik\u00f3 - M\u0171v\u00e9szeti nyomat (az eredeti akvarell festm\u00e9ny alapj\u00e1n)","category_string":"Otthon & \u00c9letm\u00f3d, Dekor\u00e1ci\u00f3, K\u00e9p & Falik\u00e9p, M\u0171v\u00e9szi nyomat","technic_string":"Fest\u00e9szet","category_1":"813","category_2":"314","category_3":"417","category_4":"376","merged_category_1":"0","merged_category_2":"0","merged_category_3":"785","technic_1":"480","technic_2":"0","technic_3":"0","color_1":"521","color_2":"527","color_3":"528","product_description_old":null,"product_description":"Z\u00f6ld h\u00e1zik\u00f3 - m\u0171v\u00e9szeti nyomat 190g-os pap\u00edron az eredeti akvarell festm\u00e9ny alapj\u00e1n (gicl\u00e9e technik\u00e1val k\u00e9sz\u00fcl\u0151 sorsz\u00e1mozott m\u00e1solat).\n\nM\u00e9retek\nA5 - 21x14,8cm\nA4 - 29,7x21cm\nA3 - 42x29,7cm\n\nKeret\nMinden k\u00e9p KERET N\u00c9LK\u00dcL ker\u00fcl post\u00e1z\u00e1sra.\n\nPost\u00e1z\u00e1s\nMinden festm\u00e9nyt \u00e9s nyomatot nagy gonddal t\u00f6bb r\u00e9teg hull\u00e1mkarton \u00e9s bubor\u00e9kf\u00f3li\u00e1s bor\u00edt\u00e9k v\u00e9d a sz\u00e1ll\u00edt\u00e1s sor\u00e1n.\nA k\u00e9peket lehet Foxpost csomagautomat\u00e1ba vagy h\u00e1zhozsz\u00e1ll\u00edt\u00e1ssal k\u00e9rni.\n\nEredetigazol\u00e1s\nMinden nyomat sz\u00e1mozott, amit eredetigazol\u00e1ssal \u00e9s al\u00e1\u00edr\u00e1ssal ell\u00e1tva post\u00e1zok!\n\nHa b\u00e1rmi k\u00e9rd\u00e9sed van, \u00edrj priv\u00e1t \u00fczenetet!\nD\u00f3ra\n","price":"6490.00","unit":"db","recommended":"0","status":"1","sponsored":"0","exp_notify":"0","own_material":"0","own_material_description_old":null,"own_material_description":"","jury":"0","jury_number":"","product_nature":"","meskaracsony":"0","create_date":"2026-01-05 11:15:31","shelve_id":"73607","image":"dorakoreny_product_348738_230918080406_447132.jpeg","image_width":"480","image_height":"600","image_alt":"Z\u00f6ld h\u00e1zik\u00f3 - M\u0171v\u00e9szeti nyomat (az eredeti akvarell festm\u00e9ny alapj\u00e1n), Z\u00f6ld h\u00e1zik\u00f3 - m\u0171v\u00e9szeti nyomat 190g-os pap\u00edron az eredeti akvarell festm\u00e9ny alapj\u00e1n (gicl\u00e9e technik\u00e1..., Meska","image_title":"Z\u00f6ld h\u00e1zik\u00f3 - M\u0171v\u00e9szeti nyomat (az eredeti akvarell festm\u00e9ny alapj\u00e1n), Meska","view_count":"996","favourite_count":"0","trending_score":"0","last2MonthFavouriteCount":"0","promotion":"0","giftcard_accept":"1","creditcard_accept":true,"enhanced_background":"0","domain":"meska","specific_customer_id":null,"specific_customer_name":null,"to_order_product":"1","to_order_product_time":"5","product_different":"not_different","product_different_description":"","vintage":"0","vintage_category_id":"0","recycled":"0","gemstone_id":"0","customizable":"0","type_category":"physical","zerowaste":"0","postage_price":"1290.00","shop_order":"3","has_category":"1","landing_pages":null,"microdata":{"number":100,"category":""},"title":"Z\u00f6ld h\u00e1zik\u00f3 - M\u0171v\u00e9szeti nyomat (az eredeti akvarell festm\u00e9ny alapj\u00e1n)","description":"Z\u00f6ld h\u00e1zik\u00f3 - m\u0171v\u00e9szeti nyomat 190g-os pap\u00edron az eredeti akvarell festm\u00e9ny alapj\u00e1n (gicl\u00e9e technik\u00e1val k\u00e9sz\u00fcl\u0151 sorsz\u00e1mozott m\u00e1solat).\n\nM\u00e9retek\nA5 - 21x14,8cm\nA4 - 29,7x21cm\nA3 - 42x29,7cm\n\nKeret\nMinden k\u00e9p KERET N\u00c9LK\u00dcL ker\u00fcl post\u00e1z\u00e1sra.\n\nPost\u00e1z\u00e1s\nMinden festm\u00e9nyt \u00e9s nyomatot nagy gonddal t\u00f6bb r\u00e9teg hull\u00e1mkarton \u00e9s bubor\u00e9kf\u00f3li\u00e1s bor\u00edt\u00e9k v\u00e9d a sz\u00e1ll\u00edt\u00e1s sor\u00e1n.\nA k\u00e9peket lehet Foxpost csomagautomat\u00e1ba vagy h\u00e1zhozsz\u00e1ll\u00edt\u00e1ssal k\u00e9rni.\n\nEredetigazol\u00e1s\nMinden nyomat sz\u00e1mozott, amit eredetigazol\u00e1ssal \u00e9s al\u00e1\u00edr\u00e1ssal ell\u00e1tva post\u00e1zok!\n\nHa b\u00e1rmi k\u00e9rd\u00e9sed van, \u00edrj priv\u00e1t \u00fczenetet!\nD\u00f3ra\n","score":2.008666,"formatted_price":"6 490 Ft","image_url":"https:\/\/www.meska.hu\/img\/product\/small\/d\/o\/dorakoreny_product_348738_230918080406_447132.jpeg","formatted_url":"https:\/\/www.meska.hu\/p5059320-zold-haziko-muveszeti-nyomat-az-eredeti-akvarell-festmeny-alapjan","favourite":false,"in_stock":false,"avatar":"Dorakoreny_avatar_348738_1571779800.jpg","delete_from":0,"is_enhanced_background":false,"is_enhanced":false,"product_selection_started":false,"is_active":true,"image_webp_url":"https:\/\/www.meska.hu\/img\/product\/small\/d\/o\/dorakoreny_product_348738_230918080406_447132.webp"}],"canonicals":{"canonical":"https:\/\/www.meska.hu\/s\/aki-kedveli-a-muveszeteket\/gl-13:q-bar\u00e1ts\u00e1g","next":"https:\/\/www.meska.hu\/s\/aki-kedveli-a-muveszeteket\/gl-13:p-2:q-bar\u00e1ts\u00e1g"},"seo":{"title":"K\u00e9zm\u0171ves term\u00e9kek - Meska.hu","seoTitle":"","seoDescription":"","metaDescription":"Magyar k\u00e9zm\u0171ves design term\u00e9kek hazai alkot\u00f3kt\u00f3l nagy v\u00e1laszt\u00e9kban, egyedi megrendel\u00e9sre is. \u2714\ufe0f N\u00e9zd meg az \u00f6sszes term\u00e9k\u00fcnk, \u00e9s rendelj k\u00edn\u00e1latunkb\u00f3l!","metaNoIndex":true,"metaNoFollow":false,"seoFound":false,"canonicals":"https:\/\/www.meska.hu\/s\/aki-kedveli-a-muveszeteket\/gl-13:relevancia:q-bar\u00e1ts\u00e1g"},"breadcrumb":[{"position":1,"name":"Meska.hu","url":"https:\/\/www.meska.hu","last":true}],"h1":null,"url":{"url":"https:\/\/www.meska.hu\/s\/aki-kedveli-a-muveszeteket\/gl-13:relevancia:q-bar\u00e1ts\u00e1g","title":"Mind","_debug_":false},"_count_":100}