{"_terms_":{"phrase":"*","category_id":"1533","category_ids":"1533","facets":"n","p":"1","pp":"100","sort_by":"create_date","sort_direction":"desc","product_type":"kezmuves|alapanyag|vintage","session_id":"do8vt198kfm734g99f8qi3q6h1"},"total":5,"products":[{"id":"5436623","shop_id":"38412","user_id":"520869","shop_name":"MAkidsdesign","shop_zip":"2011","product_code":"5345042","product_name_old":null,"product_name":"Montessori gyerek\u00e1gy","category_string":"Otthon & \u00c9letm\u00f3d, B\u00fator, \u00c1gy, Gyerek\u00e1gy","technic_string":"Famegmunk\u00e1l\u00e1s","category_1":"813","category_2":"313","category_3":"561","category_4":"1533","merged_category_1":null,"merged_category_2":null,"merged_category_3":null,"technic_1":"478","technic_2":"0","technic_3":"0","color_1":"519","color_2":"527","color_3":"0","product_description_old":null,"product_description":"L\u00e1b n\u00e9lk\u00fcli Montessori gyerek\u00e1gy min\u0151s\u00e9gi feny\u0151b\u0151l, gyerekbar\u00e1t fel\u00fcletkezel\u00e9ssel. A legkisebbek is k\u00f6nnyed\u00e9n haszn\u00e1lhatj\u00e1k, hisz k\u00f6nnyen be- \u00e9s ki tudnak m\u00e1szni. \nNat\u00far kivitel illetve fest\u00e9s eset\u00e9n is szigor\u00faan gyermekbar\u00e1t fel\u00fcletkezel\u00e9ssel. \nAz \u00e1r 90x180 cm-es m\u00e9retre vonatkozik \u00e9s tartalmazza az \u00e1gyr\u00e1csot is (a matracot term\u00e9szetesen nem).\nEgyedi m\u00e9retben is k\u00e9rhet\u0151. K\u00e9rd\u00e9s eset\u00e9n keressen bizalommal.\n\nAz elk\u00e9sz\u00edt\u00e9si id\u0151 a megrendel\u00e9sek sz\u00e1m\u00e1nak f\u00fcggv\u00e9ny\u00e9ben v\u00e1ltozhat.","price":"130000.00","unit":"db","recommended":"0","status":"1","sponsored":"0","exp_notify":"0","own_material":"0","own_material_description_old":null,"own_material_description":"","jury":"0","jury_number":"","product_nature":"","meskaracsony":"0","create_date":"2026-04-19 17:32:45","shelve_id":"0","image":"makidsdesign_product_520869_240804142925_82343.jpeg","image_width":"480","image_height":"473","image_alt":"Montessori gyerek\u00e1gy, L\u00e1b n\u00e9lk\u00fcli Montessori gyerek\u00e1gy min\u0151s\u00e9gi feny\u0151b\u0151l, gyerekbar\u00e1t fel\u00fcletkezel\u00e9ssel. A legkisebbek is ..., Meska","image_title":"Montessori gyerek\u00e1gy, Meska","view_count":"3710","favourite_count":"0","trending_score":"0","last2MonthFavouriteCount":"0","promotion":"0","giftcard_accept":"0","creditcard_accept":false,"enhanced_background":"0","domain":"meska","specific_customer_id":null,"specific_customer_name":null,"to_order_product":"1","to_order_product_time":"25","product_different":null,"product_different_description":"","vintage":"0","vintage_category_id":"0","recycled":"0","gemstone_id":"0","customizable":"0","type_category":"physical","zerowaste":"0","postage_price":"0.00","shop_order":"0","has_category":"1","landing_pages":"Kar\u00e1csonyi aj\u00e1nd\u00e9kok","microdata":{"number":1,"category":""},"title":"Montessori gyerek\u00e1gy","description":"L\u00e1b n\u00e9lk\u00fcli Montessori gyerek\u00e1gy min\u0151s\u00e9gi feny\u0151b\u0151l, gyerekbar\u00e1t fel\u00fcletkezel\u00e9ssel. A legkisebbek is k\u00f6nnyed\u00e9n haszn\u00e1lhatj\u00e1k, hisz k\u00f6nnyen be- \u00e9s ki tudnak m\u00e1szni. \nNat\u00far kivitel illetve fest\u00e9s eset\u00e9n is szigor\u00faan gyermekbar\u00e1t fel\u00fcletkezel\u00e9ssel. \nAz \u00e1r 90x180 cm-es m\u00e9retre vonatkozik \u00e9s tartalmazza az \u00e1gyr\u00e1csot is (a matracot term\u00e9szetesen nem).\nEgyedi m\u00e9retben is k\u00e9rhet\u0151. K\u00e9rd\u00e9s eset\u00e9n keressen bizalommal.\n\nAz elk\u00e9sz\u00edt\u00e9si id\u0151 a megrendel\u00e9sek sz\u00e1m\u00e1nak f\u00fcggv\u00e9ny\u00e9ben v\u00e1ltozhat.","score":0,"formatted_price":"130 000 Ft","image_url":"https:\/\/www.meska.hu\/img\/product\/small\/m\/a\/makidsdesign_product_520869_240804142925_82343.jpeg","formatted_url":"https:\/\/www.meska.hu\/p5345042-montessori-gyerekagy","favourite":false,"in_stock":false,"avatar":"MAkidsdesign_avatar_520869_1670285863.jpg","delete_from":0,"is_enhanced_background":false,"is_enhanced":false,"product_selection_started":false,"is_active":true,"image_webp_url":"https:\/\/www.meska.hu\/img\/product\/small\/m\/a\/makidsdesign_product_520869_240804142925_82343.webp"},{"id":"6189097","shop_id":"2446","user_id":"8531","shop_name":"tulipanoskata","shop_zip":"8422","product_code":"5775217","product_name_old":null,"product_name":"Hercegn\u0151 \u00e1gy ","category_string":"Otthon & \u00c9letm\u00f3d, B\u00fator, \u00c1gy, Gyerek\u00e1gy","technic_string":"Famegmunk\u00e1l\u00e1s","category_1":"813","category_2":"313","category_3":"561","category_4":"1533","merged_category_1":null,"merged_category_2":null,"merged_category_3":null,"technic_1":"478","technic_2":"0","technic_3":"0","color_1":"512","color_2":"528","color_3":"0","product_description_old":null,"product_description":"K\u00e9zzel festett \u00e1gy , nagy t\u00e1rol\u00f3 fi\u00f3kokkal, matracr\u00e1ccsal \u00e9s lees\u00e9sg\u00e1tl\u00f3val .\nAz \u00e1gyt\u00e1ml\u00e1k r\u00e9giek , fel\u00faj\u00edtott ,k\u00e9zzel festett mint\u00e1val.\nAz \u00e1gy \u00f6sszek\u00f6t\u0151 \u00e9s a fi\u00f3kok \u00faj k\u00e9sz\u00edt\u00e9s\u0171ek.","price":"85000.00","unit":"db","recommended":"0","status":"1","sponsored":"0","exp_notify":"0","own_material":"0","own_material_description_old":null,"own_material_description":"","jury":"0","jury_number":"","product_nature":"","meskaracsony":"0","create_date":"2026-04-19 16:11:49","shelve_id":"17868","image":"tulipanoskata_product_8531_260419160931_462152.jpeg","image_width":"480","image_height":"640","image_alt":"Hercegn\u0151 \u00e1gy , K\u00e9zzel festett \u00e1gy , nagy t\u00e1rol\u00f3 fi\u00f3kokkal, matracr\u00e1ccsal \u00e9s lees\u00e9sg\u00e1tl\u00f3val .\\nAz \u00e1gyt\u00e1ml\u00e1k r\u00e9giek , ..., Meska","image_title":"Hercegn\u0151 \u00e1gy , Meska","view_count":"35","favourite_count":"0","trending_score":"0","last2MonthFavouriteCount":"0","promotion":"0","giftcard_accept":"0","creditcard_accept":false,"enhanced_background":"0","domain":"meska","specific_customer_id":null,"specific_customer_name":null,"to_order_product":"0","to_order_product_time":"0","product_different":null,"product_different_description":"","vintage":"0","vintage_category_id":"0","recycled":"0","gemstone_id":"0","customizable":"0","type_category":"physical","zerowaste":"0","postage_price":"0.00","shop_order":"1","has_category":"1","landing_pages":null,"microdata":{"number":2,"category":""},"title":"Hercegn\u0151 \u00e1gy ","description":"K\u00e9zzel festett \u00e1gy , nagy t\u00e1rol\u00f3 fi\u00f3kokkal, matracr\u00e1ccsal \u00e9s lees\u00e9sg\u00e1tl\u00f3val .\nAz \u00e1gyt\u00e1ml\u00e1k r\u00e9giek , fel\u00faj\u00edtott ,k\u00e9zzel festett mint\u00e1val.\nAz \u00e1gy \u00f6sszek\u00f6t\u0151 \u00e9s a fi\u00f3kok \u00faj k\u00e9sz\u00edt\u00e9s\u0171ek.","score":0,"formatted_price":"85 000 Ft","image_url":"https:\/\/www.meska.hu\/img\/product\/small\/t\/u\/tulipanoskata_product_8531_260419160931_462152.jpeg","formatted_url":"https:\/\/www.meska.hu\/p5775217-hercegno-agy","favourite":false,"in_stock":true,"avatar":"tulipanoskata_avatar_8531_1629975037.jpg","delete_from":0,"is_enhanced_background":false,"is_enhanced":false,"product_selection_started":false,"is_active":true,"image_webp_url":"https:\/\/www.meska.hu\/img\/product\/small\/t\/u\/tulipanoskata_product_8531_260419160931_462152.webp"},{"id":"6171842","shop_id":"35757","user_id":"467468","shop_name":"SWood","shop_zip":"8990","product_code":"5766632","product_name_old":null,"product_name":"Montessori padl\u00f3\u00e1gy francia \u00e1ggy\u00e1 alak\u00edthat\u00f3 kivitelben 140x200","category_string":"Otthon & \u00c9letm\u00f3d, B\u00fator, \u00c1gy, Gyerek\u00e1gy","technic_string":"Famegmunk\u00e1l\u00e1s","category_1":"813","category_2":"313","category_3":"561","category_4":"1533","merged_category_1":null,"merged_category_2":null,"merged_category_3":null,"technic_1":"478","technic_2":"0","technic_3":"0","color_1":"515","color_2":"0","color_3":"0","product_description_old":null,"product_description":"Biztons\u00e1gos, term\u00e9szetes \u00e9s id\u0151t\u00e1ll\u00f3 \u2013 ez a k\u00e9zzel k\u00e9sz\u00edtett Montessori st\u00edlus\u00fa padl\u00f3\u00e1gy nemcsak a kicsik \u00f6n\u00e1ll\u00f3s\u00e1g\u00e1t t\u00e1mogatja, hanem hossz\u00fa t\u00e1von is t\u00f6k\u00e9letes v\u00e1laszt\u00e1s.\n\nAz alacsony kialak\u00edt\u00e1s seg\u00edti a szabad mozg\u00e1st, a k\u00f6rbefut\u00f3 r\u00e1cs pedig meghitt, kuck\u00f3s \u00e9rz\u00e9st ad. \u00c9s ami igaz\u00e1n k\u00fcl\u00f6nlegess\u00e9 teszi: k\u00e9s\u0151bb k\u00f6nnyed\u00e9n \u00e1talak\u00edthat\u00f3 francia\u00e1ggy\u00e1, \u00edgy \u00e9veken \u00e1t haszn\u00e1lhat\u00f3. \n\n- 140x200 cm \u2013 ak\u00e1r sz\u00fcl\u0151vel egy\u00fctt alv\u00e1shoz is\n- Feny\u0151 vagy k\u0151ris \u2013 term\u00e9szetes, tart\u00f3s alapanyag\n- Stabil, massz\u00edv, k\u00e9zm\u0171ves kivitel, feln\u0151ttek sz\u00e1m\u00e1ra is teljess\u00e9ggel haszn\u00e1lhat\u00f3\n\nEgyedi m\u00e9ret ig\u00e9nye eset\u00e9n keress \u00fczenetben bizalommal!\n\n\n","price":"165000.00","unit":"db","recommended":"0","status":"1","sponsored":"0","exp_notify":"0","own_material":"0","own_material_description_old":null,"own_material_description":"","jury":"0","jury_number":"","product_nature":"","meskaracsony":"0","create_date":"2026-03-30 21:07:37","shelve_id":"0","image":"swood_product_467468_260330204426_013272.jpeg","image_width":"480","image_height":"360","image_alt":"Montessori padl\u00f3\u00e1gy francia \u00e1ggy\u00e1 alak\u00edthat\u00f3 kivitelben 140x200, Biztons\u00e1gos, term\u00e9szetes \u00e9s id\u0151t\u00e1ll\u00f3 \u2013 ez a k\u00e9zzel k\u00e9sz\u00edtett Montessori st\u00edlus\u00fa padl\u00f3\u00e1gy nemcsak a k..., Meska","image_title":"Montessori padl\u00f3\u00e1gy francia \u00e1ggy\u00e1 alak\u00edthat\u00f3 kivitelben 140x200, Meska","view_count":"184","favourite_count":"0","trending_score":"0","last2MonthFavouriteCount":"0","promotion":"0","giftcard_accept":"0","creditcard_accept":true,"enhanced_background":"0","domain":"meska","specific_customer_id":null,"specific_customer_name":null,"to_order_product":"1","to_order_product_time":"14","product_different":null,"product_different_description":"","vintage":"0","vintage_category_id":"0","recycled":"0","gemstone_id":"0","customizable":"0","type_category":"physical","zerowaste":"0","postage_price":"0.00","shop_order":"0","has_category":"1","landing_pages":null,"microdata":{"number":3,"category":""},"title":"Montessori padl\u00f3\u00e1gy francia \u00e1ggy\u00e1 alak\u00edthat\u00f3 kivitelben 140x200","description":"Biztons\u00e1gos, term\u00e9szetes \u00e9s id\u0151t\u00e1ll\u00f3 \u2013 ez a k\u00e9zzel k\u00e9sz\u00edtett Montessori st\u00edlus\u00fa padl\u00f3\u00e1gy nemcsak a kicsik \u00f6n\u00e1ll\u00f3s\u00e1g\u00e1t t\u00e1mogatja, hanem hossz\u00fa t\u00e1von is t\u00f6k\u00e9letes v\u00e1laszt\u00e1s.\n\nAz alacsony kialak\u00edt\u00e1s seg\u00edti a szabad mozg\u00e1st, a k\u00f6rbefut\u00f3 r\u00e1cs pedig meghitt, kuck\u00f3s \u00e9rz\u00e9st ad. \u00c9s ami igaz\u00e1n k\u00fcl\u00f6nlegess\u00e9 teszi: k\u00e9s\u0151bb k\u00f6nnyed\u00e9n \u00e1talak\u00edthat\u00f3 francia\u00e1ggy\u00e1, \u00edgy \u00e9veken \u00e1t haszn\u00e1lhat\u00f3. \n\n- 140x200 cm \u2013 ak\u00e1r sz\u00fcl\u0151vel egy\u00fctt alv\u00e1shoz is\n- Feny\u0151 vagy k\u0151ris \u2013 term\u00e9szetes, tart\u00f3s alapanyag\n- Stabil, massz\u00edv, k\u00e9zm\u0171ves kivitel, feln\u0151ttek sz\u00e1m\u00e1ra is teljess\u00e9ggel haszn\u00e1lhat\u00f3\n\nEgyedi m\u00e9ret ig\u00e9nye eset\u00e9n keress \u00fczenetben bizalommal!\n\n\n","score":0,"formatted_price":"165 000 Ft","image_url":"https:\/\/www.meska.hu\/img\/product\/small\/s\/w\/swood_product_467468_260330204426_013272.jpeg","formatted_url":"https:\/\/www.meska.hu\/p5766632-montessori-padloagy-francia-aggya-alakithato-kivitelben-140x200","favourite":false,"in_stock":false,"avatar":"467468_avatar_1729256919.png","delete_from":0,"is_enhanced_background":false,"is_enhanced":false,"product_selection_started":false,"is_active":true,"image_webp_url":"https:\/\/www.meska.hu\/img\/product\/small\/s\/w\/swood_product_467468_260330204426_013272.webp"},{"id":"5326607","shop_id":"15843","user_id":"120421","shop_name":"Selten8","shop_zip":"6600","product_code":"5284564","product_name_old":null,"product_name":"Gyerek \u00e1gykeret 160x70 cm","category_string":"Otthon & \u00c9letm\u00f3d, B\u00fator, \u00c1gy, Gyerek\u00e1gy","technic_string":"Famegmunk\u00e1l\u00e1s","category_1":"813","category_2":"313","category_3":"561","category_4":"1533","merged_category_1":null,"merged_category_2":null,"merged_category_3":null,"technic_1":"478","technic_2":"0","technic_3":"0","color_1":"513","color_2":"0","color_3":"0","product_description_old":null,"product_description":"T\u00f6m\u00f6r t\u00f6lgyf\u00e1b\u00f3l k\u00e9sz\u00fclt \u00e1gy keret.\nR\u00e1cs- feny\u0151fa\nFel\u00fcletkezel\u00e9s: V\u00edz b\u00e1zis\u00fa nat\u00far \"FACTOR Aqua\" lakk\nMatrac keret m\u00e9rete: 160x70 cm \nK\u00fcls\u0151 m\u00e9retek: 165x78x60 cm\n \nIg\u00e9ny szerint lees\u00e9sg\u00e1tl\u00f3: +10 000 ft\nA matrac nem r\u00e9sze az \u00e1gynak\nGyors \u00f6sszeszerel\u00e9s - 4 csavaros rendszer \u00e9s illeszt\u00e9s jel\u00f6l\u00e9s\n\nA term\u00e9k k\u00e9szleten van, de megrendelhet\u0151 m\u00e1s m\u00e9retben is. Gy\u00e1rt\u00e1si hat\u00e1rid\u0151: 2 h\u00e9t\n\nSz\u00e1ll\u00edt\u00e1s is megoldhat\u00f3, egyedi egyeztet\u00e9s alapj\u00e1n. \n\n ","price":"45000.00","unit":"db","recommended":"0","status":"1","sponsored":"0","exp_notify":"0","own_material":"0","own_material_description_old":null,"own_material_description":"","jury":"0","jury_number":"","product_nature":"","meskaracsony":"0","create_date":"2026-03-08 08:16:52","shelve_id":"0","image":"selten8_product_120421_240611223847_749331.jpeg","image_width":"480","image_height":"328","image_alt":"Gyerek \u00e1gykeret 160x70 cm, T\u00f6m\u00f6r t\u00f6lgyf\u00e1b\u00f3l k\u00e9sz\u00fclt \u00e1gy keret.\\nR\u00e1cs- feny\u0151fa\\nFel\u00fcletkezel\u00e9s: V\u00edz b\u00e1zis\u00fa nat\u00far \\\"FACTOR Aqua\\\" lak..., Meska","image_title":"Gyerek \u00e1gykeret 160x70 cm, Meska","view_count":"1153","favourite_count":"0","trending_score":"0","last2MonthFavouriteCount":"0","promotion":"0","giftcard_accept":"0","creditcard_accept":true,"enhanced_background":"0","domain":"meska","specific_customer_id":null,"specific_customer_name":null,"to_order_product":"0","to_order_product_time":"0","product_different":null,"product_different_description":"","vintage":"0","vintage_category_id":"0","recycled":"0","gemstone_id":"0","customizable":"0","type_category":"physical","zerowaste":"0","postage_price":"0.00","shop_order":"0","has_category":"1","landing_pages":null,"microdata":{"number":4,"category":""},"title":"Gyerek \u00e1gykeret 160x70 cm","description":"T\u00f6m\u00f6r t\u00f6lgyf\u00e1b\u00f3l k\u00e9sz\u00fclt \u00e1gy keret.\nR\u00e1cs- feny\u0151fa\nFel\u00fcletkezel\u00e9s: V\u00edz b\u00e1zis\u00fa nat\u00far \"FACTOR Aqua\" lakk\nMatrac keret m\u00e9rete: 160x70 cm \nK\u00fcls\u0151 m\u00e9retek: 165x78x60 cm\n \nIg\u00e9ny szerint lees\u00e9sg\u00e1tl\u00f3: +10 000 ft\nA matrac nem r\u00e9sze az \u00e1gynak\nGyors \u00f6sszeszerel\u00e9s - 4 csavaros rendszer \u00e9s illeszt\u00e9s jel\u00f6l\u00e9s\n\nA term\u00e9k k\u00e9szleten van, de megrendelhet\u0151 m\u00e1s m\u00e9retben is. Gy\u00e1rt\u00e1si hat\u00e1rid\u0151: 2 h\u00e9t\n\nSz\u00e1ll\u00edt\u00e1s is megoldhat\u00f3, egyedi egyeztet\u00e9s alapj\u00e1n. \n\n ","score":0,"formatted_price":"45 000 Ft","image_url":"https:\/\/www.meska.hu\/img\/product\/small\/s\/e\/selten8_product_120421_240611223847_749331.jpeg","formatted_url":"https:\/\/www.meska.hu\/p5284564-gyerek-agykeret-160x70-cm","favourite":false,"in_stock":true,"avatar":"Selten8_avatar_120421.jpg","delete_from":0,"is_enhanced_background":false,"is_enhanced":false,"product_selection_started":false,"is_active":true,"image_webp_url":"https:\/\/www.meska.hu\/img\/product\/small\/s\/e\/selten8_product_120421_240611223847_749331.webp"},{"id":"5436699","shop_id":"38412","user_id":"520869","shop_name":"MAkidsdesign","shop_zip":"2011","product_code":"5345101","product_name_old":null,"product_name":"Alacsony l\u00e1bas gyerek\u00e1gy","category_string":"Otthon & \u00c9letm\u00f3d, B\u00fator, \u00c1gy, Gyerek\u00e1gy","technic_string":"Famegmunk\u00e1l\u00e1s","category_1":"813","category_2":"313","category_3":"561","category_4":"1533","merged_category_1":null,"merged_category_2":null,"merged_category_3":null,"technic_1":"478","technic_2":"0","technic_3":"0","color_1":"519","color_2":"527","color_3":"0","product_description_old":null,"product_description":"Gyerek\u00e1gy alacsony l\u00e1bbal, hogy sok\u00e1ig tudj\u00e1tok haszn\u00e1lni. M\u00e9ret\u00e9n\u00e9l fogva 1,5-2 \u00e9ves kort\u00f3l eg\u00e9szen kamaszkorig (vagy ak\u00e1r feln\u0151tt korig) haszn\u00e1lhat\u00f3. Min\u0151s\u00e9gi feny\u0151b\u0151l k\u00e9sz\u00fcl, kit\u0171n\u0151 teherb\u00edr\u00e1s\u00fa. Ig\u00e9ny eset\u00e9n lees\u00e9sg\u00e1tl\u00f3val is k\u00e9rhet\u0151.\nNat\u00far kivitel illetve fest\u00e9s eset\u00e9n is szigor\u00faan gyermekbar\u00e1t fel\u00fcletkezel\u00e9ssel. \nAz \u00e1r 90x180 cm-es m\u00e9retre vonatkozik \u00e9s tartalmazza az \u00e1gyr\u00e1csot is (a matracot term\u00e9szetesen nem). Lees\u00e9sg\u00e1tl\u00f3 fel\u00e1r ellen\u00e9ben k\u00e9rhet\u0151.\n\nEgyedi m\u00e9retben is rendelhet\u0151, k\u00e9rd\u00e9s eset\u00e9n keressen bizalommal.\nAz elk\u00e9sz\u00edt\u00e9si id\u0151 a megrendel\u00e9sek sz\u00e1m\u00e1nak f\u00fcggv\u00e9ny\u00e9ben v\u00e1ltozhat.","price":"139000.00","unit":"db","recommended":"0","status":"1","sponsored":"0","exp_notify":"0","own_material":"0","own_material_description_old":null,"own_material_description":"","jury":"0","jury_number":"","product_nature":"","meskaracsony":"0","create_date":"2026-03-04 21:46:45","shelve_id":"0","image":"makidsdesign_product_520869_241001015910_428851.jpeg","image_width":"480","image_height":"361","image_alt":"Alacsony l\u00e1bas gyerek\u00e1gy, Gyerek\u00e1gy alacsony l\u00e1bbal, hogy sok\u00e1ig tudj\u00e1tok haszn\u00e1lni. M\u00e9ret\u00e9n\u00e9l fogva 1,5-2 \u00e9ves kort\u00f3l eg\u00e9szen..., Meska","image_title":"Alacsony l\u00e1bas gyerek\u00e1gy, Meska","view_count":"1707","favourite_count":"0","trending_score":"0","last2MonthFavouriteCount":"0","promotion":"0","giftcard_accept":"0","creditcard_accept":false,"enhanced_background":"0","domain":"meska","specific_customer_id":null,"specific_customer_name":null,"to_order_product":"1","to_order_product_time":"20","product_different":null,"product_different_description":"","vintage":"0","vintage_category_id":"0","recycled":"0","gemstone_id":"0","customizable":"0","type_category":"physical","zerowaste":"0","postage_price":"0.00","shop_order":"0","has_category":"1","landing_pages":null,"microdata":{"number":5,"category":""},"title":"Alacsony l\u00e1bas gyerek\u00e1gy","description":"Gyerek\u00e1gy alacsony l\u00e1bbal, hogy sok\u00e1ig tudj\u00e1tok haszn\u00e1lni. M\u00e9ret\u00e9n\u00e9l fogva 1,5-2 \u00e9ves kort\u00f3l eg\u00e9szen kamaszkorig (vagy ak\u00e1r feln\u0151tt korig) haszn\u00e1lhat\u00f3. Min\u0151s\u00e9gi feny\u0151b\u0151l k\u00e9sz\u00fcl, kit\u0171n\u0151 teherb\u00edr\u00e1s\u00fa. Ig\u00e9ny eset\u00e9n lees\u00e9sg\u00e1tl\u00f3val is k\u00e9rhet\u0151.\nNat\u00far kivitel illetve fest\u00e9s eset\u00e9n is szigor\u00faan gyermekbar\u00e1t fel\u00fcletkezel\u00e9ssel. \nAz \u00e1r 90x180 cm-es m\u00e9retre vonatkozik \u00e9s tartalmazza az \u00e1gyr\u00e1csot is (a matracot term\u00e9szetesen nem). Lees\u00e9sg\u00e1tl\u00f3 fel\u00e1r ellen\u00e9ben k\u00e9rhet\u0151.\n\nEgyedi m\u00e9retben is rendelhet\u0151, k\u00e9rd\u00e9s eset\u00e9n keressen bizalommal.\nAz elk\u00e9sz\u00edt\u00e9si id\u0151 a megrendel\u00e9sek sz\u00e1m\u00e1nak f\u00fcggv\u00e9ny\u00e9ben v\u00e1ltozhat.","score":0,"formatted_price":"139 000 Ft","image_url":"https:\/\/www.meska.hu\/img\/product\/small\/m\/a\/makidsdesign_product_520869_241001015910_428851.jpeg","formatted_url":"https:\/\/www.meska.hu\/p5345101-alacsony-labas-gyerekagy","favourite":false,"in_stock":false,"avatar":"MAkidsdesign_avatar_520869_1670285863.jpg","delete_from":0,"is_enhanced_background":false,"is_enhanced":false,"product_selection_started":false,"is_active":true,"image_webp_url":"https:\/\/www.meska.hu\/img\/product\/small\/m\/a\/makidsdesign_product_520869_241001015910_428851.webp"}],"canonicals":{"canonical":"https:\/\/www.meska.hu\/s\/gyerekagy\/c-1533"},"seo":{"title":"Gyerek\u00e1gy - Meska k\u00e9zm\u0171ves piact\u00e9r","seoTitle":"Gyerek\u00e1gy","seoDescription":"A <strong>gyerek\u00e1gyak<\/strong> kiv\u00e1laszt\u00e1sa kulcsfontoss\u00e1g\u00fa l\u00e9p\u00e9s minden sz\u00fcl\u0151 \u00e9let\u00e9ben, hiszen ezek a b\u00fatordarabok biztos\u00edtj\u00e1k gyermekeik pihentet\u0151 alv\u00e1s\u00e1t \u00e9s biztons\u00e1g\u00e1t. A piac sz\u00e9les k\u00edn\u00e1latot ny\u00fajt, hogy mindenki megtal\u00e1lhassa a gyermek\u00e9nek legmegfelel\u0151bb <strong>gyerek\u00e1gyat<\/strong>, figyelembe v\u00e9ve a sz\u00fcks\u00e9gleteket, a rendelkez\u00e9sre \u00e1ll\u00f3 teret \u00e9s a csal\u00e1d p\u00e9nz\u00fcgyi kereteit.\n\nA <strong>lees\u00e9sg\u00e1tl\u00f3s gyerek\u00e1gy<\/strong> vagy <strong>gyerek\u00e1gy lees\u00e9sg\u00e1tl\u00f3val<\/strong> ide\u00e1lis v\u00e1laszt\u00e1s a legkisebbek sz\u00e1m\u00e1ra, akik \u00e9ppen \u00e1tmennek a b\u00f6lcs\u0151b\u0151l az \u00e1gyba. A lees\u00e9sg\u00e1tl\u00f3 biztos\u00edtja, hogy a gyermek biztons\u00e1gban \u00e9rezze mag\u00e1t alv\u00e1s k\u00f6zben, \u00e9s megakad\u00e1lyozza, hogy kiesjen \u00e1lm\u00e1ban. Ez a t\u00edpus k\u00fcl\u00f6n\u00f6sen fontos azok sz\u00e1m\u00e1ra, akik aggodalmaskodnak gyermekeik \u00e9jszakai biztons\u00e1g\u00e1t illet\u0151en.\n\nAz <strong>emeletes gyerek\u00e1gy<\/strong> t\u00f6k\u00e9letes megold\u00e1s, ha t\u00f6bb gyermek osztozik egy szob\u00e1n, vagy ha szeretn\u00e9nk maxim\u00e1lisan kihaszn\u00e1lni a rendelkez\u00e9sre \u00e1ll\u00f3 teret. Az emeletes \u00e1gyak nem csak hogy helytakar\u00e9kosak, de a gyerekek sz\u00e1m\u00e1ra izgalmas alv\u00e1si k\u00f6rnyezetet is teremtenek, ami el\u0151seg\u00edtheti az esti lefekv\u00e9s sim\u00e1bb menet\u00e9t.\n\nA <strong>kih\u00fazhat\u00f3 gyerek\u00e1gy<\/strong> egy m\u00e1sik praktikus v\u00e1laszt\u00e1s, amely alkalmazkodik a csal\u00e1d v\u00e1ltoz\u00f3 ig\u00e9nyeihez. Ez a t\u00edpus nappal helytakar\u00e9kos lehet, m\u00edg \u00e9jszak\u00e1ra vagy vend\u00e9gek \u00e9rkez\u00e9sekor tov\u00e1bbi alv\u00f3helyet biztos\u00edt. A kih\u00fazhat\u00f3 \u00e1gyak k\u00fcl\u00f6n\u00f6sen hasznosak lehetnek, ha a gyermek bar\u00e1tokat h\u00edv \u00e1t \u00e9jszak\u00e1ra.\n\nAzok sz\u00e1m\u00e1ra, akik k\u00f6lts\u00e9ghat\u00e9kony megold\u00e1st keresnek, a <strong>gyerek\u00e1gy olcs\u00f3n m\u00e9retre<\/strong> szabva k\u00edn\u00e1lhat megold\u00e1st. Ez a lehet\u0151s\u00e9g lehet\u0151v\u00e9 teszi, hogy a sz\u00fcl\u0151k gazdas\u00e1gosan jussanak hozz\u00e1 egy olyan \u00e1gyhoz, amely t\u00f6k\u00e9letesen illeszkedik a gyermek\u00fck \u00e9s a h\u00e1l\u00f3szoba sz\u00fcks\u00e9gleteihez.\n\nA <strong>gyerek\u00e1gyak<\/strong> nem csup\u00e1n praktikus b\u00fatordarabok, hanem a gyermek szem\u00e9lyis\u00e9g\u00e9nek kifejez\u0151i is lehetnek. A piac k\u00fcl\u00f6nb\u00f6z\u0151 st\u00edlus\u00fa \u00e9s tematik\u00e1j\u00fa \u00e1gyakat k\u00edn\u00e1l, amelyek k\u00f6z\u00f6tt megtal\u00e1lhat\u00f3k a kedvenc mesefigur\u00e1kkal d\u00edsz\u00edtett modellek, vagy ak\u00e1r a kalandv\u00e1gy\u00f3 gyerekek sz\u00e1m\u00e1ra tervezett j\u00e1rm\u0171 alak\u00fa \u00e1gyak is.\n\nA <strong>gyerek\u00e1gyak<\/strong> mint k\u00e9zm\u0171ves term\u00e9kek, k\u00fcl\u00f6nleges aj\u00e1nd\u00e9kok lehetnek. Egy k\u00e9zzel k\u00e9sz\u00edtett, egyedi gyerek\u00e1gy nem csak hogy egyedi \u00e9s szem\u00e9lyre szabott alv\u00f3helyet biztos\u00edt, de olyan \u00e9rt\u00e9ket is k\u00e9pvisel, amelyet a gyermek \u00e9veken \u00e1t \u00e9rt\u00e9kelni fog. Legyen sz\u00f3 sz\u00fclet\u00e9snapr\u00f3l, \u00fcnnepr\u0151l vagy egy fontos m\u00e9rf\u00f6ldk\u0151 meg\u00fcnnepl\u00e9s\u00e9r\u0151l, egy gondosan kiv\u00e1lasztott <strong>gyerek\u00e1gy<\/strong> \u00f6r\u00f6mteli meglepet\u00e9s \u00e9s hossz\u00fa t\u00e1v\u00fa befektet\u00e9s a gyermek k\u00e9nyelm\u00e9be \u00e9s j\u00f3ll\u00e9t\u00e9be.\n\n\u00d6sszefoglalva, a <strong>gyerek\u00e1gyak<\/strong> v\u00e1laszt\u00e9ka lehet\u0151v\u00e9 teszi a sz\u00fcl\u0151k sz\u00e1m\u00e1ra, hogy megtal\u00e1lj\u00e1k a t\u00f6k\u00e9letes \u00e1gyat, amely t\u00e1mogatja gyermek\u00fck n\u00f6veked\u00e9s\u00e9t, biztons\u00e1g\u00e1t \u00e9s kreativit\u00e1s\u00e1t. A k\u00fcl\u00f6nb\u00f6z\u0151 t\u00edpusok, mint a lees\u00e9sg\u00e1tl\u00f3val ell\u00e1tott, emeletes, kih\u00fazhat\u00f3 vagy m\u00e9retre szabott \u00e1gyak, biztos\u00edtj\u00e1k, hogy minden csal\u00e1d megtal\u00e1lja a gyermek\u00e9nek legmegfelel\u0151bb megold\u00e1st, mik\u00f6zben a k\u00e9zm\u0171ves \u00e1gyak egyedi \u00e9s szem\u00e9lyre szabott lehet\u0151s\u00e9get k\u00edn\u00e1lnak azok sz\u00e1m\u00e1ra, akik k\u00fcl\u00f6nleges aj\u00e1nd\u00e9kot keresnek.","metaDescription":"Egyedi, k\u00e9zm\u0171ves gyerek\u00e1gyak nagy v\u00e1laszt\u00e9kban! \u2b50 Lees\u00e9sg\u00e1tl\u00f3s \u00e9s \u00e1gynem\u0171tart\u00f3s gyerek\u00e1gy egyedi rendel\u00e9sre is, gyors sz\u00e1ll\u00edt\u00e1ssal! \u2714\ufe0f V\u00e1lassz k\u00f6z\u00fcl\u00fck!","metaNoIndex":0,"metaNoFollow":0,"seoFound":true,"ogImage":"https:\/\/www.meska.hu\/img\/category_seo\/1533-gyerekagy--meska-kezmuves-piacter_l6fom.jpg","canonicals":"https:\/\/www.meska.hu\/s\/gyerekagy\/c-1533"},"breadcrumb":[{"position":1,"name":"Meska.hu","url":"https:\/\/www.meska.hu","last":false},{"position":2,"name":"Otthon & \u00c9letm\u00f3d","url":"https:\/\/www.meska.hu\/s\/otthon-eletmod\/c-813","last":false},{"position":3,"name":"B\u00fator","url":"https:\/\/www.meska.hu\/s\/butor\/c-313","last":false},{"position":4,"name":"\u00c1gy","url":"https:\/\/www.meska.hu\/s\/agy\/c-561","last":false},{"position":5,"name":"Gyerek\u00e1gy","url":"https:\/\/www.meska.hu\/s\/gyerekagy\/c-1533","last":true}],"h1":"Gyerek\u00e1gy","url":{"url":"https:\/\/www.meska.hu\/s\/gyerekagy\/c-1533","title":"Mind","_debug_":false},"_count_":5}