{"_terms_":{"phrase":"*","category_id":"1330","category_ids":"1330","facets":"n","p":"2","pp":"100","sort_by":"create_date","sort_direction":"desc","product_type":"kezmuves|alapanyag|vintage","session_id":"qdlqi7iino6k1u08c3meg3bajs"},"total":5,"products":[],"canonicals":{"canonical":"https:\/\/www.meska.hu\/s\/esemenyfoto\/c-1330:p-2","prev":"https:\/\/www.meska.hu\/s\/esemenyfoto\/c-1330"},"seo":{"title":"Esem\u00e9nyfot\u00f3 - Meska k\u00e9zm\u0171ves piact\u00e9r","seoTitle":"Esem\u00e9nyfot\u00f3","seoDescription":"<b>Esem\u00e9nyfot\u00f3 k\u00e9sz\u00edt\u00e9s<\/b> csal\u00e1di \u00e9s c\u00e9ges rendezv\u00e9nyeken. \u2b50 <b>Esem\u00e9nyfot\u00f3k <\/b>egyedi megrendel\u00e9sre is, gyors sz\u00e1ll\u00edt\u00e1ssal. \u2714\ufe0f N\u00e9zz k\u00f6rbe!\n\nK\u00e9zm\u0171veseink sz\u00e1mos <a href=\"https:\/\/www.meska.hu\/s\/fotografia\/c-364\">fot\u00f3t <\/a>k\u00edn\u00e1lnak elad\u00e1sra vagy megrendel\u00e9sre a Mesk\u00e1n. Ez al\u00f3l az esem\u00e9nyfot\u00f3 \u00e9s esem\u00e9nyfot\u00f3z\u00e1s sem kiv\u00e9tel. Egyedi esem\u00e9nyfot\u00f3k rendelhet\u0151k k\u00f6z\u00f6s megegyez\u00e9s alapj\u00e1n alkot\u00f3inkt\u00f3l, akikkel k\u00f6zvetlen\u00fcl egyeztetheted a r\u00e9szleteket. Minden k\u00fcl\u00f6nleges csal\u00e1di pillanatot vagy vicces c\u00e9ges buli \u00e9lm\u00e9nyt meg\u00f6r\u00f6k\u00edthetnek ezek a k\u00e9pek, amik elk\u00e9sz\u00fclve ak\u00e1r egyedi m\u00e9retben is rendelhet\u0151k. Ne habozz, v\u00e1lassz k\u00e9zm\u0171veseink <b>esem\u00e9nyfot\u00f3i <\/b>k\u00f6z\u00fcl. \n\nN\u00e9zz sz\u00e9t tov\u00e1bbi fot\u00f3k k\u00f6z\u00f6tt is. Gy\u00f6ny\u00f6r\u0171 <a href=\"https:\/\/www.meska.hu\/s\/tajkep\/c-1329\">t\u00e1jk\u00e9pek <\/a>\u00e9s ak\u00e1r <a href=\"https:\/\/www.meska.hu\/s\/portre\/c-1327\">digit\u00e1lis portr\u00e9k<\/a> is rendelhet\u0151k, amelyek mind nagyszer\u0171 aj\u00e1nd\u00e9kok lehetnek egy m\u0171kedvel\u0151 bar\u00e1tnak, ismer\u0151snek. Rendeld meg \u0151ket szem\u00e9lyre szabottan a Mesk\u00e1r\u00f3l!","metaDescription":"Esem\u00e9nyfot\u00f3 k\u00e9sz\u00edt\u00e9s csal\u00e1di \u00e9s c\u00e9ges rendezv\u00e9nyeken. \u2b50 Esem\u00e9nyfot\u00f3k egyedi megrendel\u00e9sre is, gyors sz\u00e1ll\u00edt\u00e1ssal. \u2714\ufe0f N\u00e9zz k\u00f6rbe!","descriptionSchema":null,"metaNoIndex":0,"metaNoFollow":0,"seoFound":true,"ogImage":"https:\/\/www.meska.hu\/img\/category_seo\/1330-esemenyfoto--meska-kezmuves-piacter_KQFlv.jpg","canonicals":"https:\/\/www.meska.hu\/s\/esemenyfoto\/c-1330:p-2"},"breadcrumb":[{"position":1,"name":"Meska.hu","url":"https:\/\/www.meska.hu","last":false},{"position":2,"name":"M\u0171v\u00e9szet","url":"https:\/\/www.meska.hu\/s\/muveszet\/c-357","last":false},{"position":3,"name":"Fotogr\u00e1fia","url":"https:\/\/www.meska.hu\/s\/fotografia\/c-364","last":false},{"position":4,"name":"Esem\u00e9nyfot\u00f3","url":"https:\/\/www.meska.hu\/s\/esemenyfoto\/c-1330","last":true}],"h1":"Esem\u00e9nyfot\u00f3","url":{"url":"https:\/\/www.meska.hu\/s\/esemenyfoto\/c-1330:p-2","title":"Mind","_debug_":false},"_count_":0}